{"id":39915,"date":"2022-02-26T12:51:09","date_gmt":"2022-02-26T11:51:09","guid":{"rendered":"https:\/\/www.elturistatranquil.com\/?p=39915"},"modified":"2022-03-04T13:11:32","modified_gmt":"2022-03-04T12:11:32","slug":"tarifa-cadis","status":"publish","type":"post","link":"https:\/\/www.elturistatranquil.com\/ca\/tarifa-cadis\/","title":{"rendered":"Tarifa, recinte hist\u00f2ric (Cadis)"},"content":{"rendered":"\t\t<div data-elementor-type=\"wp-post\" data-elementor-id=\"39915\" class=\"elementor elementor-39915 elementor-39593\" data-elementor-post-type=\"post\">\n\t\t\t\t\t\t<section class=\"elementor-section elementor-top-section elementor-element elementor-element-9e12fc1 elementor-section-boxed elementor-section-height-default elementor-section-height-default\" data-id=\"9e12fc1\" data-element_type=\"section\" data-e-type=\"section\">\n\t\t\t\t\t\t<div class=\"elementor-container elementor-column-gap-default\">\n\t\t\t\t\t<div class=\"elementor-column elementor-col-100 elementor-top-column elementor-element elementor-element-cd2041\" data-id=\"cd2041\" data-element_type=\"column\" data-e-type=\"column\">\n\t\t\t<div class=\"elementor-widget-wrap elementor-element-populated\">\n\t\t\t\t\t\t<section class=\"elementor-section elementor-inner-section elementor-element elementor-element-32601a4f elementor-section-content-middle elementor-section-boxed elementor-section-height-default elementor-section-height-default\" data-id=\"32601a4f\" data-element_type=\"section\" data-e-type=\"section\">\n\t\t\t\t\t\t<div class=\"elementor-container elementor-column-gap-default\">\n\t\t\t\t\t<div class=\"elementor-column elementor-col-100 elementor-inner-column elementor-element elementor-element-73d5f29e\" data-id=\"73d5f29e\" data-element_type=\"column\" data-e-type=\"column\">\n\t\t\t<div class=\"elementor-widget-wrap elementor-element-populated\">\n\t\t\t\t\t\t<div class=\"elementor-element elementor-element-69c7db75 elementor-widget elementor-widget-text-editor\" data-id=\"69c7db75\" data-element_type=\"widget\" data-e-type=\"widget\" data-widget_type=\"text-editor.default\">\n\t\t\t\t<div class=\"elementor-widget-container\">\n\t\t\t\t\t\t\t\t\t<p>Estem al punt m\u00e9s meridional d&#8217;Europa, a la ciutat de <em>Tarifa<\/em> (Cadis). La distingeix el recinte emmurallat, el castell i torre de Guzm\u00e1n el Bueno o el tra\u00e7at urb\u00e0 de carrerons estrets i de cases blanques de terrat.<\/p>\t\t\t\t\t\t\t\t<\/div>\n\t\t\t\t<\/div>\n\t\t\t\t\t<\/div>\n\t\t<\/div>\n\t\t\t\t\t<\/div>\n\t\t<\/section>\n\t\t\t\t<div class=\"elementor-element elementor-element-11770ab6 elementor-widget elementor-widget-heading\" data-id=\"11770ab6\" data-element_type=\"widget\" data-e-type=\"widget\" data-widget_type=\"heading.default\">\n\t\t\t\t<div class=\"elementor-widget-container\">\n\t\t\t\t\t<h1 class=\"elementor-heading-title elementor-size-default\">Tarifa, recinte hist\u00f2ric (Cadis)<\/h1>\t\t\t\t<\/div>\n\t\t\t\t<\/div>\n\t\t\t\t\t<\/div>\n\t\t<\/div>\n\t\t\t\t\t<\/div>\n\t\t<\/section>\n\t\t\t\t<section class=\"elementor-section elementor-top-section elementor-element elementor-element-6fad89c8 elementor-section-boxed elementor-section-height-default elementor-section-height-default\" data-id=\"6fad89c8\" data-element_type=\"section\" data-e-type=\"section\">\n\t\t\t\t\t\t<div class=\"elementor-container elementor-column-gap-default\">\n\t\t\t\t\t<div class=\"elementor-column elementor-col-100 elementor-top-column elementor-element elementor-element-178717ec\" data-id=\"178717ec\" data-element_type=\"column\" data-e-type=\"column\">\n\t\t\t<div class=\"elementor-widget-wrap elementor-element-populated\">\n\t\t\t\t\t\t<div class=\"elementor-element elementor-element-327ecc1c elementor-widget elementor-widget-image\" data-id=\"327ecc1c\" data-element_type=\"widget\" data-e-type=\"widget\" data-widget_type=\"image.default\">\n\t\t\t\t<div class=\"elementor-widget-container\">\n\t\t\t\t\t\t\t\t\t\t\t\t<figure class=\"wp-caption\">\n\t\t\t\t\t\t\t\t\t\t<img fetchpriority=\"high\" decoding=\"async\" width=\"768\" height=\"512\" src=\"https:\/\/www.elturistatranquil.com\/wp-content\/uploads\/F01-Tarifa-Cadiz-Google-earth-2022-02-10.jpg\" class=\"attachment-large size-large wp-image-39612\" alt=\"Tarifa, Cadiz (Google earth 2022-02-10)\" srcset=\"https:\/\/www.elturistatranquil.com\/wp-content\/uploads\/F01-Tarifa-Cadiz-Google-earth-2022-02-10.jpg 768w, https:\/\/www.elturistatranquil.com\/wp-content\/uploads\/F01-Tarifa-Cadiz-Google-earth-2022-02-10-339x226.jpg 339w\" sizes=\"(max-width: 768px) 100vw, 768px\" \/>\t\t\t\t\t\t\t\t\t\t\t<figcaption class=\"widget-image-caption wp-caption-text\">Tarifa (Google earth 2022-02-10)<\/figcaption>\n\t\t\t\t\t\t\t\t\t\t<\/figure>\n\t\t\t\t\t\t\t\t\t<\/div>\n\t\t\t\t<\/div>\n\t\t\t\t<div class=\"elementor-element elementor-element-242f20a5 elementor-widget elementor-widget-spacer\" data-id=\"242f20a5\" data-element_type=\"widget\" data-e-type=\"widget\" data-widget_type=\"spacer.default\">\n\t\t\t\t<div class=\"elementor-widget-container\">\n\t\t\t\t\t\t\t<div class=\"elementor-spacer\">\n\t\t\t<div class=\"elementor-spacer-inner\"><\/div>\n\t\t<\/div>\n\t\t\t\t\t\t<\/div>\n\t\t\t\t<\/div>\n\t\t\t\t<div class=\"elementor-element elementor-element-4f9879e5 elementor-widget elementor-widget-heading\" data-id=\"4f9879e5\" data-element_type=\"widget\" data-e-type=\"widget\" data-widget_type=\"heading.default\">\n\t\t\t\t<div class=\"elementor-widget-container\">\n\t\t\t\t\t<h2 class=\"elementor-heading-title elementor-size-default\">Tarifa, recinte hist\u00f2ric. Camp de Gibraltar. Cadis<\/h2>\t\t\t\t<\/div>\n\t\t\t\t<\/div>\n\t\t\t\t<section class=\"elementor-section elementor-inner-section elementor-element elementor-element-79b09e8 elementor-section-boxed elementor-section-height-default elementor-section-height-default\" data-id=\"79b09e8\" data-element_type=\"section\" data-e-type=\"section\" data-settings=\"{&quot;background_background&quot;:&quot;classic&quot;}\">\n\t\t\t\t\t\t\t<div class=\"elementor-background-overlay\"><\/div>\n\t\t\t\t\t\t\t<div class=\"elementor-container elementor-column-gap-default\">\n\t\t\t\t\t<div class=\"elementor-column elementor-col-100 elementor-inner-column elementor-element elementor-element-41737263\" data-id=\"41737263\" data-element_type=\"column\" data-e-type=\"column\" data-settings=\"{&quot;background_background&quot;:&quot;classic&quot;}\">\n\t\t\t<div class=\"elementor-widget-wrap elementor-element-populated\">\n\t\t\t\t\t\t<div class=\"elementor-element elementor-element-42cd89dd elementor-widget elementor-widget-text-editor\" data-id=\"42cd89dd\" data-element_type=\"widget\" data-e-type=\"widget\" data-widget_type=\"text-editor.default\">\n\t\t\t\t<div class=\"elementor-widget-container\">\n\t\t\t\t\t\t\t\t\t<p>Comarca: Campo de Gibraltar. Prov\u00edncia: C\u00e1diz. Com. Aut\u00f2noma: Andalusia<\/p><p>Coordenades: 36\u00b000\u203255\u2033N 5\u00b036\u203220\u2033O. Altitud: 7 msnm.\u00a0 Poblaci\u00f3: 13.763 habitants en la localitat i 18.466 en el municipi (2021)<\/p><p>Web: <a href=\"https:\/\/www.aytotarifa.com\/\" target=\"_blank\" rel=\"noopener\">ayuntamiento<\/a><\/p><p>Visita: 2021<\/p>\t\t\t\t\t\t\t\t<\/div>\n\t\t\t\t<\/div>\n\t\t\t\t\t<\/div>\n\t\t<\/div>\n\t\t\t\t\t<\/div>\n\t\t<\/section>\n\t\t\t\t<div class=\"elementor-element elementor-element-dbed90b elementor-widget elementor-widget-image\" data-id=\"dbed90b\" data-element_type=\"widget\" data-e-type=\"widget\" data-widget_type=\"image.default\">\n\t\t\t\t<div class=\"elementor-widget-container\">\n\t\t\t\t\t\t\t\t\t\t\t\t<figure class=\"wp-caption\">\n\t\t\t\t\t\t\t\t\t\t<img decoding=\"async\" width=\"768\" height=\"512\" src=\"https:\/\/www.elturistatranquil.com\/wp-content\/uploads\/F02c-Mapa-de-situacio-de-Tarifa-Cadiz-Google-maps-2022-02-10.jpg\" class=\"attachment-medium_large size-medium_large wp-image-39917\" alt=\"Mapa de situacio de Tarifa, Cadiz (Google maps 2022-02-10)\" srcset=\"https:\/\/www.elturistatranquil.com\/wp-content\/uploads\/F02c-Mapa-de-situacio-de-Tarifa-Cadiz-Google-maps-2022-02-10.jpg 768w, https:\/\/www.elturistatranquil.com\/wp-content\/uploads\/F02c-Mapa-de-situacio-de-Tarifa-Cadiz-Google-maps-2022-02-10-339x226.jpg 339w\" sizes=\"(max-width: 768px) 100vw, 768px\" \/>\t\t\t\t\t\t\t\t\t\t\t<figcaption class=\"widget-image-caption wp-caption-text\">Mapa de situaci\u00f3 de Tarifa (Google maps 2022-02-10)<\/figcaption>\n\t\t\t\t\t\t\t\t\t\t<\/figure>\n\t\t\t\t\t\t\t\t\t<\/div>\n\t\t\t\t<\/div>\n\t\t\t\t<section class=\"elementor-section elementor-inner-section elementor-element elementor-element-6c3a253 elementor-section-boxed elementor-section-height-default elementor-section-height-default\" data-id=\"6c3a253\" data-element_type=\"section\" data-e-type=\"section\" data-settings=\"{&quot;background_background&quot;:&quot;classic&quot;}\">\n\t\t\t\t\t\t<div class=\"elementor-container elementor-column-gap-default\">\n\t\t\t\t\t<div class=\"elementor-column elementor-col-100 elementor-inner-column elementor-element elementor-element-738b1a6c\" data-id=\"738b1a6c\" data-element_type=\"column\" data-e-type=\"column\">\n\t\t\t<div class=\"elementor-widget-wrap elementor-element-populated\">\n\t\t\t\t\t\t<div class=\"elementor-element elementor-element-60f14f97 elementor-widget elementor-widget-text-editor\" data-id=\"60f14f97\" data-element_type=\"widget\" data-e-type=\"widget\" data-widget_type=\"text-editor.default\">\n\t\t\t\t<div class=\"elementor-widget-container\">\n\t\t\t\t\t\t\t\t\t<p style=\"text-align: center;\"><strong>\u00cdndex<\/strong><\/p>\t\t\t\t\t\t\t\t<\/div>\n\t\t\t\t<\/div>\n\t\t\t\t<div class=\"elementor-element elementor-element-6f67e57f elementor-widget elementor-widget-text-editor\" data-id=\"6f67e57f\" data-element_type=\"widget\" data-e-type=\"widget\" data-widget_type=\"text-editor.default\">\n\t\t\t\t<div class=\"elementor-widget-container\">\n\t\t\t\t\t\t\t\t\t<p><a href=\"https:\/\/www.elturistatranquil.com\/ca\/tarifa-cadis\/#c7201\" target=\"_blank\" rel=\"noopener\">Tarifa, recinte hist\u00f2ric. Camp de Gibraltar. Cadis<\/a><\/p><p><a href=\"https:\/\/www.elturistatranquil.com\/ca\/tarifa-cadis\/#c7202\" target=\"_blank\" rel=\"noopener\">El territori<\/a><\/p><p><a href=\"https:\/\/www.elturistatranquil.com\/ca\/tarifa-cadis\/#c7203\" target=\"_blank\" rel=\"noopener\">Una mica d&#8217;hist\u00f2ria<\/a><\/p><p><a href=\"https:\/\/www.elturistatranquil.com\/ca\/tarifa-cadis\/#c7204\" target=\"_blank\" rel=\"noopener\">La visita a Tarifa<\/a><\/p><p style=\"padding-left: 40px;\"><a href=\"https:\/\/www.elturistatranquil.com\/ca\/tarifa-cadis\/#c7205\" target=\"_blank\" rel=\"noopener\">Recorregut per les muralles<\/a><\/p><p style=\"padding-left: 80px;\"><a href=\"https:\/\/www.elturistatranquil.com\/ca\/tarifa-cadis\/#c7206\" target=\"_blank\" rel=\"noopener\">Muralla del Arrabal<\/a><\/p><p style=\"padding-left: 80px;\"><a href=\"https:\/\/www.elturistatranquil.com\/ca\/tarifa-cadis\/#c7207\" target=\"_blank\" rel=\"noopener\">Muralles de llevant: muralla de la Calzadilla de T\u00e9llez i muralla de la Aljaranda<\/a><\/p><p style=\"padding-left: 80px;\"><a href=\"https:\/\/www.elturistatranquil.com\/ca\/tarifa-cadis\/#c7208\" target=\"_blank\" rel=\"noopener\">Muralla de la Aljaranda<\/a><\/p><p style=\"padding-left: 80px;\"><a href=\"https:\/\/www.elturistatranquil.com\/ca\/tarifa-cadis\/#c7209\" target=\"_blank\" rel=\"noopener\">Muralla de la Almedina<\/a><\/p><p style=\"padding-left: 80px;\"><a href=\"https:\/\/www.elturistatranquil.com\/ca\/tarifa-cadis\/#c7210\" target=\"_blank\" rel=\"noopener\">Castell de Tarifa o de Guzm\u00e1n \u201cel Bueno\u201d<\/a><\/p><p style=\"padding-left: 80px;\"><a href=\"https:\/\/www.elturistatranquil.com\/ca\/tarifa-cadis\/#c7211\" target=\"_blank\" rel=\"noopener\">Muralla de la Medina<\/a><\/p><p style=\"padding-left: 80px;\"><a href=\"https:\/\/www.elturistatranquil.com\/ca\/tarifa-cadis\/#c7212\" target=\"_blank\" rel=\"noopener\">Muralla de la Alameda<\/a><\/p><p style=\"padding-left: 40px;\"><a href=\"https:\/\/www.elturistatranquil.com\/ca\/tarifa-cadis\/#c7213\" target=\"_blank\" rel=\"noopener\">Recorregut per la Tarifa monumental<\/a><\/p><p style=\"padding-left: 80px;\"><a href=\"https:\/\/www.elturistatranquil.com\/ca\/tarifa-cadis\/#c7214\" target=\"_blank\" rel=\"noopener\">Mirador d\u00b4\u00c0frica<\/a><\/p><p style=\"padding-left: 80px;\"><a href=\"https:\/\/www.elturistatranquil.com\/ca\/tarifa-cadis\/#c7215\" target=\"_blank\" rel=\"noopener\">Pla\u00e7a de Santa Mar\u00eda o de la Ranita<\/a><\/p><p style=\"padding-left: 80px;\"><a href=\"https:\/\/www.elturistatranquil.com\/ca\/tarifa-cadis\/#c7216\" target=\"_blank\" rel=\"noopener\">Porta de la Almedina<\/a><\/p><p style=\"padding-left: 80px;\"><a href=\"https:\/\/www.elturistatranquil.com\/ca\/tarifa-cadis\/#c7217\" target=\"_blank\" rel=\"noopener\">Carrer Guzm\u00e1n el Bueno<\/a><\/p><p style=\"padding-left: 80px;\"><a href=\"https:\/\/www.elturistatranquil.com\/ca\/tarifa-cadis\/#c7218\" target=\"_blank\" rel=\"noopener\">Carrers Sancho IV el Bravo i General Copons<\/a><\/p><p style=\"padding-left: 80px;\"><a href=\"https:\/\/www.elturistatranquil.com\/ca\/tarifa-cadis\/#c7219\" target=\"_blank\" rel=\"noopener\">Carrers San Francisco, Sant\u00edsima Trinidad i pla\u00e7a del \u00c1ngel<\/a><\/p><p style=\"padding-left: 80px;\"><a href=\"https:\/\/www.elturistatranquil.com\/ca\/tarifa-cadis\/#c7220\" target=\"_blank\" rel=\"noopener\">Boquete de la Alameda<\/a><\/p><p style=\"padding-left: 80px;\"><a href=\"https:\/\/www.elturistatranquil.com\/ca\/tarifa-cadis\/#c7221\" target=\"_blank\" rel=\"noopener\">Castell de Santa Catalina i b\u00fanquers<\/a><\/p><p style=\"padding-left: 80px;\"><a href=\"https:\/\/www.elturistatranquil.com\/ca\/tarifa-cadis\/#c7222\" target=\"_blank\" rel=\"noopener\">Illa de Tarifa o de las Palomas<\/a><\/p><p><a href=\"https:\/\/www.elturistatranquil.com\/ca\/tarifa-cadis\/#c7223\" target=\"_blank\" rel=\"noopener\">Bases d&#8217;informaci\u00f3<\/a><\/p>\t\t\t\t\t\t\t\t<\/div>\n\t\t\t\t<\/div>\n\t\t\t\t\t<\/div>\n\t\t<\/div>\n\t\t\t\t\t<\/div>\n\t\t<\/section>\n\t\t\t\t<div class=\"elementor-element elementor-element-62b48d1b elementor-widget elementor-widget-menu-anchor\" data-id=\"62b48d1b\" data-element_type=\"widget\" data-e-type=\"widget\" data-widget_type=\"menu-anchor.default\">\n\t\t\t\t<div class=\"elementor-widget-container\">\n\t\t\t\t\t\t\t<div class=\"elementor-menu-anchor\" id=\"c7201\"><\/div>\n\t\t\t\t\t\t<\/div>\n\t\t\t\t<\/div>\n\t\t\t\t<div class=\"elementor-element elementor-element-6e4bb2b5 elementor-widget elementor-widget-spacer\" data-id=\"6e4bb2b5\" data-element_type=\"widget\" data-e-type=\"widget\" data-widget_type=\"spacer.default\">\n\t\t\t\t<div class=\"elementor-widget-container\">\n\t\t\t\t\t\t\t<div class=\"elementor-spacer\">\n\t\t\t<div class=\"elementor-spacer-inner\"><\/div>\n\t\t<\/div>\n\t\t\t\t\t\t<\/div>\n\t\t\t\t<\/div>\n\t\t\t\t<div class=\"elementor-element elementor-element-59d47c04 elementor-widget elementor-widget-heading\" data-id=\"59d47c04\" data-element_type=\"widget\" data-e-type=\"widget\" data-widget_type=\"heading.default\">\n\t\t\t\t<div class=\"elementor-widget-container\">\n\t\t\t\t\t<h2 class=\"elementor-heading-title elementor-size-default\">Tarifa, recinte hist\u00f2ric. Camp de Gibraltar. Cadis<\/h2>\t\t\t\t<\/div>\n\t\t\t\t<\/div>\n\t\t\t\t<div class=\"elementor-element elementor-element-1b3cc8f elementor-widget elementor-widget-menu-anchor\" data-id=\"1b3cc8f\" data-element_type=\"widget\" data-e-type=\"widget\" data-widget_type=\"menu-anchor.default\">\n\t\t\t\t<div class=\"elementor-widget-container\">\n\t\t\t\t\t\t\t<div class=\"elementor-menu-anchor\" id=\"c7202\"><\/div>\n\t\t\t\t\t\t<\/div>\n\t\t\t\t<\/div>\n\t\t\t\t<div class=\"elementor-element elementor-element-3e81c2c elementor-widget elementor-widget-text-editor\" data-id=\"3e81c2c\" data-element_type=\"widget\" data-e-type=\"widget\" data-widget_type=\"text-editor.default\">\n\t\t\t\t<div class=\"elementor-widget-container\">\n\t\t\t\t\t\t\t\t\t<p>Des de <a href=\"https:\/\/www.elturistatranquil.com\/ca\/conil-home-suite-estudis-i-apartaments-de-disseny-costa-de-la-luz\/\" target=\"_blank\" rel=\"noopener\"><strong>Conil Home Suite<\/strong><\/a> era temptador acostar-se al punt m\u00e9s al sud d\u00b4Europa: Tarifa, a 65 quil\u00f2metres en menys d\u00b4una hora.<\/p>\t\t\t\t\t\t\t\t<\/div>\n\t\t\t\t<\/div>\n\t\t\t\t<div class=\"elementor-element elementor-element-319d6370 elementor-widget elementor-widget-heading\" data-id=\"319d6370\" data-element_type=\"widget\" data-e-type=\"widget\" data-widget_type=\"heading.default\">\n\t\t\t\t<div class=\"elementor-widget-container\">\n\t\t\t\t\t<h2 class=\"elementor-heading-title elementor-size-default\">El territori<\/h2>\t\t\t\t<\/div>\n\t\t\t\t<\/div>\n\t\t\t\t<div class=\"elementor-element elementor-element-f2e6725 elementor-widget elementor-widget-menu-anchor\" data-id=\"f2e6725\" data-element_type=\"widget\" data-e-type=\"widget\" data-widget_type=\"menu-anchor.default\">\n\t\t\t\t<div class=\"elementor-widget-container\">\n\t\t\t\t\t\t\t<div class=\"elementor-menu-anchor\" id=\"c7203\"><\/div>\n\t\t\t\t\t\t<\/div>\n\t\t\t\t<\/div>\n\t\t\t\t<div class=\"elementor-element elementor-element-f958458 elementor-widget elementor-widget-text-editor\" data-id=\"f958458\" data-element_type=\"widget\" data-e-type=\"widget\" data-widget_type=\"text-editor.default\">\n\t\t\t\t<div class=\"elementor-widget-container\">\n\t\t\t\t\t\t\t\t\t<p>Ens trobem en un territori estrat\u00e8gic de rellev\u00e0ncia hist\u00f2rica, sobretot en el per\u00edode de l&#8217;antiguitat en qu\u00e8 la conca mediterr\u00e0nia constitueix el centre del m\u00f3n occidental, ja que aqu\u00ed se situaven els l\u00edmits del m\u00f3n conegut a les Columnes d&#8217;H\u00e8rcules, i a partir d&#8217;aqu\u00ed \u201cnon plus ultra\u201d \u2013no m\u00e9s enll\u00e0\u2013. Aix\u00f2 en el sentit dels paral\u00b7lels.<\/p><p>Per\u00f2 en el sentit sud-nord, els 14 quil\u00f2metres que separen el continent afric\u00e0 de l&#8217;europeu per l&#8217;Estret de Gibraltar, el converteix en un lloc de pas necessari en els corrents humans en tots dos sentits.<\/p><p>A m\u00e9s, per al continent europeu, Tarifa i la seva Illa de Las Palomas, constitueix l&#8217;assentament i el punt territorial m\u00e9s al sud d&#8217;Europa.<\/p>\t\t\t\t\t\t\t\t<\/div>\n\t\t\t\t<\/div>\n\t\t\t\t<div class=\"elementor-element elementor-element-bf3e41c elementor-widget elementor-widget-heading\" data-id=\"bf3e41c\" data-element_type=\"widget\" data-e-type=\"widget\" data-widget_type=\"heading.default\">\n\t\t\t\t<div class=\"elementor-widget-container\">\n\t\t\t\t\t<h2 class=\"elementor-heading-title elementor-size-default\">Una mica d'hist\u00f2ria<\/h2>\t\t\t\t<\/div>\n\t\t\t\t<\/div>\n\t\t\t\t<div class=\"elementor-element elementor-element-646a5580 elementor-widget elementor-widget-text-editor\" data-id=\"646a5580\" data-element_type=\"widget\" data-e-type=\"widget\" data-widget_type=\"text-editor.default\">\n\t\t\t\t<div class=\"elementor-widget-container\">\n\t\t\t\t\t\t\t\t\t<p>El territori \u00e9s ric en assentaments successius des d&#8217;\u00e8poca paleol\u00edtica.<\/p><p>P\u00fanics i romans van fixar a la zona importants assentaments. <em>Baelo Claudia<\/em>, dins de l&#8217;actual municipi de Tarifa, va constituir el principal assentament al lloc, i deixa incert el paper de Tarifa.<\/p><p>Quan Tarifa comen\u00e7a a adquirir un paper hist\u00f2ric \u00e9s a partir dels primers moviments de penetraci\u00f3 musulmana a la Pen\u00ednsula l&#8217;any 710. Aquest any, l&#8217;illa que es troba davant de la costa (l&#8217;actual Illa de las Palomas) va ser el lloc d&#8217;assentament de les tropes de Tarif Abu Zara, comandant de T\u00e0riq ibn Ziyad, per inspeccionar sobre el terreny les defenses visigodes de la zona, que va trobar desprotegida.<\/p><p>L&#8217;illot va rebre el nom d&#8217;Al-Yazirat Tarif o Illa de Tarif, del qual procedeix l&#8217;actual nom de Tarifa.<\/p><p>Com \u00e9s sabut, l&#8217;any seg\u00fcent, el 711, T\u00e0riq va desembarcar al penyal de Gibraltar i va iniciar la conquesta de la Pen\u00ednsula.<\/p><p>Al principi Tarifa va ser un simple assentament de pescadors, per\u00f2 al segle X l&#8217;arribada dels fatimites al nord d&#8217;\u00c0frica, i davant l&#8217;amena\u00e7a que representaven per a la dinastia Omeia que regnava a Al-\u00c0ndalus, es va comen\u00e7ar la fortificaci\u00f3 del lloc, manant construir Abderrahman III una gran fortalesa (<strong>A<\/strong>), que es va acabar el 960. A partir de llavors, la fortalesa es va convertir en un lloc estrat\u00e8gic en els diferents avatars pol\u00edtics dins de domini musulm\u00e0.<\/p><p>El recinte va ser ampliat per almor\u00e0vits i almohades en direcci\u00f3 est, a les terres entre el mar i el rierol. Primer amb la construcci\u00f3 de la Medina (<strong>B<\/strong>) al segle X i la Aljaranda (<strong>C<\/strong>) al segle XI.<\/p><p>L&#8217;expansi\u00f3 del raval cap al nord oblig\u00e0 a l&#8217;ampliaci\u00f3 de les muralles (<strong>D<\/strong>), als segles XII-XIII, fins als l\u00edmits que s&#8217;han conservat fins a l&#8217;actualitat, incorporant al seu interior el pas de la riera Angorrilla.<\/p>\t\t\t\t\t\t\t\t<\/div>\n\t\t\t\t<\/div>\n\t\t\t\t<div class=\"elementor-element elementor-element-3827ccd6 elementor-widget elementor-widget-image\" data-id=\"3827ccd6\" data-element_type=\"widget\" data-e-type=\"widget\" data-widget_type=\"image.default\">\n\t\t\t\t<div class=\"elementor-widget-container\">\n\t\t\t\t\t\t\t\t\t\t\t\t<figure class=\"wp-caption\">\n\t\t\t\t\t\t\t\t\t\t<img decoding=\"async\" width=\"768\" height=\"512\" src=\"https:\/\/www.elturistatranquil.com\/wp-content\/uploads\/F03-Plano-historico-de-Tarifa-Cadiz.jpg\" class=\"attachment-large size-large wp-image-39616\" alt=\"Plano historico de Tarifa, Cadiz\" srcset=\"https:\/\/www.elturistatranquil.com\/wp-content\/uploads\/F03-Plano-historico-de-Tarifa-Cadiz.jpg 768w, https:\/\/www.elturistatranquil.com\/wp-content\/uploads\/F03-Plano-historico-de-Tarifa-Cadiz-339x226.jpg 339w\" sizes=\"(max-width: 768px) 100vw, 768px\" \/>\t\t\t\t\t\t\t\t\t\t\t<figcaption class=\"widget-image-caption wp-caption-text\">(Font: Tarifa en la Edad Media. Ayuntamiento de Tarifa. 2006)<\/figcaption>\n\t\t\t\t\t\t\t\t\t\t<\/figure>\n\t\t\t\t\t\t\t\t\t<\/div>\n\t\t\t\t<\/div>\n\t\t\t\t<div class=\"elementor-element elementor-element-be8a1ee elementor-widget elementor-widget-text-editor\" data-id=\"be8a1ee\" data-element_type=\"widget\" data-e-type=\"widget\" data-widget_type=\"text-editor.default\">\n\t\t\t\t<div class=\"elementor-widget-container\">\n\t\t\t\t\t\t\t\t\t<p>Els tres primers recintes davant del mar ocupaven una superf\u00edcie d&#8217;unes 3 hect\u00e0rees, dins d&#8217;un recinte de m\u00e9s de 900 metres de muralla. Amb l&#8217;expansi\u00f3 cap al nord incorporant el Raval, la superf\u00edcie urbana s&#8217;incrementa en unes 9 hect\u00e0rees, passant a un total d&#8217;unes 12 hect\u00e0rees, dins d&#8217;un recinte emmurallat on ara les muralles exteriors s&#8217;estenien al llarg d&#8217;uns 1.400 metres.<\/p><p>La import\u00e0ncia estrat\u00e8gica i la import\u00e0ncia d&#8217;aquesta localitat va portar San\u00e7ho IV de Castella a posar setge a la ciutat i rendir-la el 1292, posant Alonso P\u00e9rez de Guzm\u00e1n al c\u00e0rrec de la seva defensa. Havien passat 581 anys des de l\u2019entrada musulmana.<\/p><p>A partir d&#8217;aquell moment els assetjadors van ser en successives ocasions els benimerins. Al setge de 1294 es va produir l&#8217;episodi que va fer fam\u00f3s P\u00e9rez de Guzm\u00e1n, en no acceptar l&#8217;intercanvi de la Pla\u00e7a pel seu fill. Fet profusament explotat pels essencialistes franquistes.<\/p><p>El 1340, un nou setge a Tarifa deriv\u00e0 a la Batalla del Salat prop del riu Salat, consolidant-se des d&#8217;aquell moment el domini cristi\u00e0 d&#8217;aquest territori.<\/p><p>Ja al segle XVI, el 1514 Carlos I va concedir el t\u00edtol de Marqu\u00e8s de Tarifa a Fadrique Enr\u00edquez V, la qual cosa va obrir un per\u00edode de conflictes entre aquest i el Concejo de la vila pel domini del territori. Els conflictes no es van resoldre fins a 1596 en qu\u00e8 va tornar a patrimoni reial, en retirar el marquesat.<\/p>\t\t\t\t\t\t\t\t<\/div>\n\t\t\t\t<\/div>\n\t\t\t\t<div class=\"elementor-element elementor-element-9f02fbf elementor-widget elementor-widget-image\" data-id=\"9f02fbf\" data-element_type=\"widget\" data-e-type=\"widget\" data-widget_type=\"image.default\">\n\t\t\t\t<div class=\"elementor-widget-container\">\n\t\t\t\t\t\t\t\t\t\t\t\t<figure class=\"wp-caption\">\n\t\t\t\t\t\t\t\t\t\t<img loading=\"lazy\" decoding=\"async\" width=\"768\" height=\"479\" src=\"https:\/\/www.elturistatranquil.com\/wp-content\/uploads\/F04a-Plano-historico-de-Tarifa-Cadiz.jpg\" class=\"attachment-large size-large wp-image-39618\" alt=\"Plano historico de Tarifa, Cadiz\" srcset=\"https:\/\/www.elturistatranquil.com\/wp-content\/uploads\/F04a-Plano-historico-de-Tarifa-Cadiz.jpg 768w, https:\/\/www.elturistatranquil.com\/wp-content\/uploads\/F04a-Plano-historico-de-Tarifa-Cadiz-339x211.jpg 339w\" sizes=\"(max-width: 768px) 100vw, 768px\" \/>\t\t\t\t\t\t\t\t\t\t\t<figcaption class=\"widget-image-caption wp-caption-text\">Pl\u00e0nol de Tarifa de 1770<\/figcaption>\n\t\t\t\t\t\t\t\t\t\t<\/figure>\n\t\t\t\t\t\t\t\t\t<\/div>\n\t\t\t\t<\/div>\n\t\t\t\t<div class=\"elementor-element elementor-element-448c8e0 elementor-widget elementor-widget-text-editor\" data-id=\"448c8e0\" data-element_type=\"widget\" data-e-type=\"widget\" data-widget_type=\"text-editor.default\">\n\t\t\t\t<div class=\"elementor-widget-container\">\n\t\t\t\t\t\t\t\t\t<p>El segle XVIII constitueix un nou moment estrat\u00e8gic despr\u00e9s de la presa brit\u00e0nica de Gibraltar, cosa que se sumava als problemes que ocasionaven els pirates barbarescos.<\/p><p>Encara que van estar a punt d&#8217;aconseguir-ho, les tropes franceses durant la Guerra del Franc\u00e8s no van aconseguir prendre Tarifa.<\/p><p>El rierol Angorrilla, en travessar Tarifa, ocasionava nombrosos problemes de riuades i aig\u00fces negres com abocador i claveguera descoberta, provocant malalties infeccioses i epid\u00e8mies, a m\u00e9s de mol\u00e8sties i males olors.<\/p><p>Despr\u00e9s de diversos intents, especialment als segles XVIII i XIX, finalment entre 1887 i 1893 es va construir un t\u00fanel de desviament del rierol cap al sud per la part exterior de la muralla de la Aljaranda fins a la platja de la Caleta, cosa que eliminava travessar el nucli urb\u00e0.<\/p>\t\t\t\t\t\t\t\t<\/div>\n\t\t\t\t<\/div>\n\t\t\t\t<div class=\"elementor-element elementor-element-fe35718 elementor-widget elementor-widget-image\" data-id=\"fe35718\" data-element_type=\"widget\" data-e-type=\"widget\" data-widget_type=\"image.default\">\n\t\t\t\t<div class=\"elementor-widget-container\">\n\t\t\t\t\t\t\t\t\t\t\t\t<figure class=\"wp-caption\">\n\t\t\t\t\t\t\t\t\t\t<img loading=\"lazy\" decoding=\"async\" width=\"768\" height=\"512\" src=\"https:\/\/www.elturistatranquil.com\/wp-content\/uploads\/F4b-Plano-historico-de-Tarifa-Cadiz.jpg\" class=\"attachment-large size-large wp-image-39620\" alt=\"Plano historico de Tarifa, Cadiz\" srcset=\"https:\/\/www.elturistatranquil.com\/wp-content\/uploads\/F4b-Plano-historico-de-Tarifa-Cadiz.jpg 768w, https:\/\/www.elturistatranquil.com\/wp-content\/uploads\/F4b-Plano-historico-de-Tarifa-Cadiz-339x226.jpg 339w\" sizes=\"(max-width: 768px) 100vw, 768px\" \/>\t\t\t\t\t\t\t\t\t\t\t<figcaption class=\"widget-image-caption wp-caption-text\"><\/figcaption>\n\t\t\t\t\t\t\t\t\t\t<\/figure>\n\t\t\t\t\t\t\t\t\t<\/div>\n\t\t\t\t<\/div>\n\t\t\t\t<div class=\"elementor-element elementor-element-e675890 elementor-widget elementor-widget-menu-anchor\" data-id=\"e675890\" data-element_type=\"widget\" data-e-type=\"widget\" data-widget_type=\"menu-anchor.default\">\n\t\t\t\t<div class=\"elementor-widget-container\">\n\t\t\t\t\t\t\t<div class=\"elementor-menu-anchor\" id=\"c7204\"><\/div>\n\t\t\t\t\t\t<\/div>\n\t\t\t\t<\/div>\n\t\t\t\t<div class=\"elementor-element elementor-element-c71a2ac elementor-widget elementor-widget-text-editor\" data-id=\"c71a2ac\" data-element_type=\"widget\" data-e-type=\"widget\" data-widget_type=\"text-editor.default\">\n\t\t\t\t<div class=\"elementor-widget-container\">\n\t\t\t\t\t\t\t\t\t<p>El 1925 es va iniciar la construcci\u00f3 del port a l&#8217;abric de la Illa de las Palomas, que no es va donar per acabat fins a 1944.<\/p><p>Les pressions a qu\u00e8 va ser sotm\u00e8s l&#8217;Estret de Gibraltar durant la Segona Guerra Mundial va portar el govern franquista a establir un Pla Defensiu del Camp de Gibraltar, amb la construcci\u00f3 de nombrosos b\u00fanquers de metralladores al llarg de la costa (ja en vam veure un a <a href=\"https:\/\/www.elturistatranquil.com\/conil-de-la-frontera-cadiz\/#c7011\" target=\"_blank\" rel=\"noopener\">Conil de la Frontera<\/a>.<\/p><p>La Empresa Nacional Baz\u00e1n va construir el 1954 la Base Naval de Tarifa, actualment dependent de l&#8217;Autoridad Portuaria de la Bah\u00eda de Algeciras, amb un important tr\u00e0nsit de viatgers amb el nord del Marroc.<\/p><p>L&#8217;expansi\u00f3 del turisme i dels esports aqu\u00e0tics (parad\u00eds del surf i les seves modalitats) s\u00f3n especialment importants en l&#8217;activitat econ\u00f2mica de Tarifa i el seu entorn.<\/p>\t\t\t\t\t\t\t\t<\/div>\n\t\t\t\t<\/div>\n\t\t\t\t<div class=\"elementor-element elementor-element-6f3f1e2 elementor-widget elementor-widget-heading\" data-id=\"6f3f1e2\" data-element_type=\"widget\" data-e-type=\"widget\" data-widget_type=\"heading.default\">\n\t\t\t\t<div class=\"elementor-widget-container\">\n\t\t\t\t\t<h2 class=\"elementor-heading-title elementor-size-default\">La visita a Tarifa<\/h2>\t\t\t\t<\/div>\n\t\t\t\t<\/div>\n\t\t\t\t<div class=\"elementor-element elementor-element-12ac9b0 elementor-widget elementor-widget-menu-anchor\" data-id=\"12ac9b0\" data-element_type=\"widget\" data-e-type=\"widget\" data-widget_type=\"menu-anchor.default\">\n\t\t\t\t<div class=\"elementor-widget-container\">\n\t\t\t\t\t\t\t<div class=\"elementor-menu-anchor\" id=\"c7205\"><\/div>\n\t\t\t\t\t\t<\/div>\n\t\t\t\t<\/div>\n\t\t\t\t<div class=\"elementor-element elementor-element-32b9e47 elementor-widget elementor-widget-text-editor\" data-id=\"32b9e47\" data-element_type=\"widget\" data-e-type=\"widget\" data-widget_type=\"text-editor.default\">\n\t\t\t\t<div class=\"elementor-widget-container\">\n\t\t\t\t\t\t\t\t\t<p>Com \u00e9s el meu costum quan visito una localitat amb recinte emmurallat que conserva una part important de les muralles, m&#8217;agrada iniciar la visita seguint el recorregut exterior murat.<\/p>\t\t\t\t\t\t\t\t<\/div>\n\t\t\t\t<\/div>\n\t\t\t\t<div class=\"elementor-element elementor-element-37fae02e elementor-widget elementor-widget-heading\" data-id=\"37fae02e\" data-element_type=\"widget\" data-e-type=\"widget\" data-widget_type=\"heading.default\">\n\t\t\t\t<div class=\"elementor-widget-container\">\n\t\t\t\t\t<h3 class=\"elementor-heading-title elementor-size-default\">Recorregut per les muralles<\/h3>\t\t\t\t<\/div>\n\t\t\t\t<\/div>\n\t\t\t\t<div class=\"elementor-element elementor-element-393353f elementor-widget elementor-widget-image\" data-id=\"393353f\" data-element_type=\"widget\" data-e-type=\"widget\" data-widget_type=\"image.default\">\n\t\t\t\t<div class=\"elementor-widget-container\">\n\t\t\t\t\t\t\t\t\t\t\t\t<figure class=\"wp-caption\">\n\t\t\t\t\t\t\t\t\t\t<img loading=\"lazy\" decoding=\"async\" width=\"768\" height=\"512\" src=\"https:\/\/www.elturistatranquil.com\/wp-content\/uploads\/F05-Murallas-torres-y-puertas-de-Tarifa-CadizGoogle-earth-2022-02-21.jpg\" class=\"attachment-large size-large wp-image-39622\" alt=\"Murallas, torres y puertas de Tarifa, Cadiz(Google earth 2022-02-21)\" srcset=\"https:\/\/www.elturistatranquil.com\/wp-content\/uploads\/F05-Murallas-torres-y-puertas-de-Tarifa-CadizGoogle-earth-2022-02-21.jpg 768w, https:\/\/www.elturistatranquil.com\/wp-content\/uploads\/F05-Murallas-torres-y-puertas-de-Tarifa-CadizGoogle-earth-2022-02-21-339x226.jpg 339w\" sizes=\"(max-width: 768px) 100vw, 768px\" \/>\t\t\t\t\t\t\t\t\t\t\t<figcaption class=\"widget-image-caption wp-caption-text\">Muralles, torres i portes (Google earth 2022-02-21)<\/figcaption>\n\t\t\t\t\t\t\t\t\t\t<\/figure>\n\t\t\t\t\t\t\t\t\t<\/div>\n\t\t\t\t<\/div>\n\t\t\t\t<div class=\"elementor-element elementor-element-bf7a2c4 elementor-widget elementor-widget-menu-anchor\" data-id=\"bf7a2c4\" data-element_type=\"widget\" data-e-type=\"widget\" data-widget_type=\"menu-anchor.default\">\n\t\t\t\t<div class=\"elementor-widget-container\">\n\t\t\t\t\t\t\t<div class=\"elementor-menu-anchor\" id=\"c7206\"><\/div>\n\t\t\t\t\t\t<\/div>\n\t\t\t\t<\/div>\n\t\t\t\t<div class=\"elementor-element elementor-element-f3f2149 elementor-widget elementor-widget-text-editor\" data-id=\"f3f2149\" data-element_type=\"widget\" data-e-type=\"widget\" data-widget_type=\"text-editor.default\">\n\t\t\t\t<div class=\"elementor-widget-container\">\n\t\t\t\t\t\t\t\t\t<p>Com s&#8217;ha assenyalat, el recinte emmurallat de Tarifa era dins una muralla d&#8217;uns 1.400 metres. D&#8217;aquests, uns 880 metres, gaireb\u00e9 dos ter\u00e7os del total, conserven els llen\u00e7os perfectament visibles \u2013originals o reconstru\u00efts en diversos moments\u2013, sobretot a tot el costat de llevant, el costat sud i part de ponent.<\/p><p>La resta nom\u00e9s mostra algun petit tram de llen\u00e7 i algunes torres integrades a l&#8217;alineaci\u00f3 d&#8217;edificis que s&#8217;hi van adossar.<\/p><p>Comen\u00e7arem el recorregut per la <strong>Porta de Jerez<\/strong>, a la muralla del Raval, despla\u00e7ant-nos en el sentit de les agulles de rellotge cap a l&#8217;est.<\/p>\t\t\t\t\t\t\t\t<\/div>\n\t\t\t\t<\/div>\n\t\t\t\t<div class=\"elementor-element elementor-element-1e5b988f elementor-widget elementor-widget-heading\" data-id=\"1e5b988f\" data-element_type=\"widget\" data-e-type=\"widget\" data-widget_type=\"heading.default\">\n\t\t\t\t<div class=\"elementor-widget-container\">\n\t\t\t\t\t<h4 class=\"elementor-heading-title elementor-size-default\">Muralla del Arrabal<\/h4>\t\t\t\t<\/div>\n\t\t\t\t<\/div>\n\t\t\t\t<div class=\"elementor-element elementor-element-9bb4e7c elementor-widget elementor-widget-text-editor\" data-id=\"9bb4e7c\" data-element_type=\"widget\" data-e-type=\"widget\" data-widget_type=\"text-editor.default\">\n\t\t\t\t<div class=\"elementor-widget-container\">\n\t\t\t\t\t\t\t\t\t<p>La <strong>muralla del Arrabal<\/strong> constitueix el costat nord-occidental de tota la muralla que va envoltar el Raval on s&#8217;havia expansionat el nucli habitat m\u00e9s enll\u00e0 dels recintes de la Medina i de l&#8217;expansi\u00f3 a la Aljaranda, al front mar\u00edtim.<\/p><p>La <strong>porta de Jerez<\/strong> constitu\u00efa la sortida del Raval cap a Jerez per la muralla del Raval. Aquest costat de la muralla situat al costat nord-oest, t\u00e9 una longitud d&#8217;uns 240 metres. La porta s&#8217;obre a uns 80 metres de l&#8217;angle occidental, al punt on s&#8217;acaba l&#8217;<strong>avinguda d&#8217;Andalusia<\/strong> i comen\u00e7a el <strong>carrer General Francisco Vald\u00e9s<\/strong>.<\/p><p>Aquesta part de la muralla, a partir de la qual s&#8217;ha produ\u00eft l&#8217;expansi\u00f3 urbana de la Tarifa actual, sense ser demolida va ser ocupada per edificacions adossades a banda i banda del mur, i nom\u00e9s han quedat visibles un parell de torres intersticiades entre les edificacions, a m\u00e9s de les torres cantoneres i la porta de Jerez.<\/p><p>La <strong>porta de Jerez<\/strong> es conserva amb les dues torres de defensa. Presenta un arc apuntat a la part exterior i un arc de ferradura pel costat interior. \u00c9s del segle XIII, probablement quan la ciutat estava sota control benimer\u00ed, realitzada a base de maons. Era l&#8217;entrada principal a la ciutat intramurs.<\/p>\t\t\t\t\t\t\t\t<\/div>\n\t\t\t\t<\/div>\n\t\t\t\t<div class=\"elementor-element elementor-element-122c760 elementor-widget elementor-widget-image\" data-id=\"122c760\" data-element_type=\"widget\" data-e-type=\"widget\" data-widget_type=\"image.default\">\n\t\t\t\t<div class=\"elementor-widget-container\">\n\t\t\t\t\t\t\t\t\t\t\t\t<figure class=\"wp-caption\">\n\t\t\t\t\t\t\t\t\t\t<img loading=\"lazy\" decoding=\"async\" width=\"768\" height=\"511\" src=\"https:\/\/www.elturistatranquil.com\/wp-content\/uploads\/F06-Puerta-de-Jerez-Tarifa-Cadiz.jpg\" class=\"attachment-large size-large wp-image-39624\" alt=\"Puerta de Jerez, Tarifa, Cadiz\" srcset=\"https:\/\/www.elturistatranquil.com\/wp-content\/uploads\/F06-Puerta-de-Jerez-Tarifa-Cadiz.jpg 768w, https:\/\/www.elturistatranquil.com\/wp-content\/uploads\/F06-Puerta-de-Jerez-Tarifa-Cadiz-339x226.jpg 339w\" sizes=\"(max-width: 768px) 100vw, 768px\" \/>\t\t\t\t\t\t\t\t\t\t\t<figcaption class=\"widget-image-caption wp-caption-text\"><\/figcaption>\n\t\t\t\t\t\t\t\t\t\t<\/figure>\n\t\t\t\t\t\t\t\t\t<\/div>\n\t\t\t\t<\/div>\n\t\t\t\t<div class=\"elementor-element elementor-element-8d76fca elementor-widget elementor-widget-image\" data-id=\"8d76fca\" data-element_type=\"widget\" data-e-type=\"widget\" data-widget_type=\"image.default\">\n\t\t\t\t<div class=\"elementor-widget-container\">\n\t\t\t\t\t\t\t\t\t\t\t\t<figure class=\"wp-caption\">\n\t\t\t\t\t\t\t\t\t\t<img loading=\"lazy\" decoding=\"async\" width=\"768\" height=\"512\" src=\"https:\/\/www.elturistatranquil.com\/wp-content\/uploads\/F07-Puerta-de-Jerez-Tarifa-Cadiz.jpg\" class=\"attachment-large size-large wp-image-39626\" alt=\"Puerta de Jerez, Tarifa, Cadiz\" srcset=\"https:\/\/www.elturistatranquil.com\/wp-content\/uploads\/F07-Puerta-de-Jerez-Tarifa-Cadiz.jpg 768w, https:\/\/www.elturistatranquil.com\/wp-content\/uploads\/F07-Puerta-de-Jerez-Tarifa-Cadiz-339x226.jpg 339w\" sizes=\"(max-width: 768px) 100vw, 768px\" \/>\t\t\t\t\t\t\t\t\t\t\t<figcaption class=\"widget-image-caption wp-caption-text\"><\/figcaption>\n\t\t\t\t\t\t\t\t\t\t<\/figure>\n\t\t\t\t\t\t\t\t\t<\/div>\n\t\t\t\t<\/div>\n\t\t\t\t<div class=\"elementor-element elementor-element-40e633c elementor-widget elementor-widget-text-editor\" data-id=\"40e633c\" data-element_type=\"widget\" data-e-type=\"widget\" data-widget_type=\"text-editor.default\">\n\t\t\t\t<div class=\"elementor-widget-container\">\n\t\t\t\t\t\t\t\t\t<p>Al frontispici de l&#8217;entrada un mosaic commemora la presa de Tarifa per Sancho IV el Bravo el 21 de setembre de 1292.<\/p>\t\t\t\t\t\t\t\t<\/div>\n\t\t\t\t<\/div>\n\t\t\t\t<div class=\"elementor-element elementor-element-85fabc9 elementor-widget elementor-widget-image\" data-id=\"85fabc9\" data-element_type=\"widget\" data-e-type=\"widget\" data-widget_type=\"image.default\">\n\t\t\t\t<div class=\"elementor-widget-container\">\n\t\t\t\t\t\t\t\t\t\t\t\t<figure class=\"wp-caption\">\n\t\t\t\t\t\t\t\t\t\t<img loading=\"lazy\" decoding=\"async\" width=\"768\" height=\"511\" src=\"https:\/\/www.elturistatranquil.com\/wp-content\/uploads\/F08-Puerta-de-Jerez-Tarifa-Cadiz.jpg\" class=\"attachment-large size-large wp-image-39628\" alt=\"Puerta de Jerez, Tarifa, Cadiz\" srcset=\"https:\/\/www.elturistatranquil.com\/wp-content\/uploads\/F08-Puerta-de-Jerez-Tarifa-Cadiz.jpg 768w, https:\/\/www.elturistatranquil.com\/wp-content\/uploads\/F08-Puerta-de-Jerez-Tarifa-Cadiz-339x226.jpg 339w\" sizes=\"(max-width: 768px) 100vw, 768px\" \/>\t\t\t\t\t\t\t\t\t\t\t<figcaption class=\"widget-image-caption wp-caption-text\"><\/figcaption>\n\t\t\t\t\t\t\t\t\t\t<\/figure>\n\t\t\t\t\t\t\t\t\t<\/div>\n\t\t\t\t<\/div>\n\t\t\t\t<div class=\"elementor-element elementor-element-e20b086 elementor-widget elementor-widget-image\" data-id=\"e20b086\" data-element_type=\"widget\" data-e-type=\"widget\" data-widget_type=\"image.default\">\n\t\t\t\t<div class=\"elementor-widget-container\">\n\t\t\t\t\t\t\t\t\t\t\t\t<figure class=\"wp-caption\">\n\t\t\t\t\t\t\t\t\t\t<img loading=\"lazy\" decoding=\"async\" width=\"768\" height=\"512\" src=\"https:\/\/www.elturistatranquil.com\/wp-content\/uploads\/F09-Puerta-de-Jerez-Tarifa-Cadiz.jpg\" class=\"attachment-large size-large wp-image-39630\" alt=\"Puerta de Jerez, Tarifa, Cadiz\" srcset=\"https:\/\/www.elturistatranquil.com\/wp-content\/uploads\/F09-Puerta-de-Jerez-Tarifa-Cadiz.jpg 768w, https:\/\/www.elturistatranquil.com\/wp-content\/uploads\/F09-Puerta-de-Jerez-Tarifa-Cadiz-339x226.jpg 339w\" sizes=\"(max-width: 768px) 100vw, 768px\" \/>\t\t\t\t\t\t\t\t\t\t\t<figcaption class=\"widget-image-caption wp-caption-text\"><\/figcaption>\n\t\t\t\t\t\t\t\t\t\t<\/figure>\n\t\t\t\t\t\t\t\t\t<\/div>\n\t\t\t\t<\/div>\n\t\t\t\t<div class=\"elementor-element elementor-element-22a5f24 elementor-widget elementor-widget-text-editor\" data-id=\"22a5f24\" data-element_type=\"widget\" data-e-type=\"widget\" data-widget_type=\"text-editor.default\">\n\t\t\t\t<div class=\"elementor-widget-container\">\n\t\t\t\t\t\t\t\t\t<p>Entre la Porta de Jerez i la torre cantonera situada a la part m\u00e9s septentrional de la ciutat, es van construir tres torres de defensa de les quals se&#8217;n conserven dues (les numerades com <strong>1<\/strong> i <strong>2<\/strong>), mentre que la <strong>3<\/strong> no s&#8217;aprecia.<\/p><p>Com totes les torres del recinte emmurallat, s\u00f3n de planta quadrangular sense obertures.<\/p><p>Les construccions adjacents a la <strong>torre 1<\/strong> estan avan\u00e7ades sobre el mur, alineant-se amb el sortint de la torre.<\/p>\t\t\t\t\t\t\t\t<\/div>\n\t\t\t\t<\/div>\n\t\t\t\t<div class=\"elementor-element elementor-element-7229699 elementor-widget elementor-widget-image\" data-id=\"7229699\" data-element_type=\"widget\" data-e-type=\"widget\" data-widget_type=\"image.default\">\n\t\t\t\t<div class=\"elementor-widget-container\">\n\t\t\t\t\t\t\t\t\t\t\t\t<figure class=\"wp-caption\">\n\t\t\t\t\t\t\t\t\t\t<img loading=\"lazy\" decoding=\"async\" width=\"768\" height=\"512\" src=\"https:\/\/www.elturistatranquil.com\/wp-content\/uploads\/F10-Murallas-de-Tarifa-Cadiz.jpg\" class=\"attachment-large size-large wp-image-39632\" alt=\"Murallas de Tarifa, Cadiz\" srcset=\"https:\/\/www.elturistatranquil.com\/wp-content\/uploads\/F10-Murallas-de-Tarifa-Cadiz.jpg 768w, https:\/\/www.elturistatranquil.com\/wp-content\/uploads\/F10-Murallas-de-Tarifa-Cadiz-339x226.jpg 339w\" sizes=\"(max-width: 768px) 100vw, 768px\" \/>\t\t\t\t\t\t\t\t\t\t\t<figcaption class=\"widget-image-caption wp-caption-text\"><\/figcaption>\n\t\t\t\t\t\t\t\t\t\t<\/figure>\n\t\t\t\t\t\t\t\t\t<\/div>\n\t\t\t\t<\/div>\n\t\t\t\t<div class=\"elementor-element elementor-element-c104f4a elementor-widget elementor-widget-image\" data-id=\"c104f4a\" data-element_type=\"widget\" data-e-type=\"widget\" data-widget_type=\"image.default\">\n\t\t\t\t<div class=\"elementor-widget-container\">\n\t\t\t\t\t\t\t\t\t\t\t\t<figure class=\"wp-caption\">\n\t\t\t\t\t\t\t\t\t\t<img loading=\"lazy\" decoding=\"async\" width=\"768\" height=\"512\" src=\"https:\/\/www.elturistatranquil.com\/wp-content\/uploads\/F11-Murallas-de-Tarifa-Cadiz.jpg\" class=\"attachment-large size-large wp-image-39634\" alt=\"Murallas de Tarifa, Cadiz\" srcset=\"https:\/\/www.elturistatranquil.com\/wp-content\/uploads\/F11-Murallas-de-Tarifa-Cadiz.jpg 768w, https:\/\/www.elturistatranquil.com\/wp-content\/uploads\/F11-Murallas-de-Tarifa-Cadiz-339x226.jpg 339w\" sizes=\"(max-width: 768px) 100vw, 768px\" \/>\t\t\t\t\t\t\t\t\t\t\t<figcaption class=\"widget-image-caption wp-caption-text\"><\/figcaption>\n\t\t\t\t\t\t\t\t\t\t<\/figure>\n\t\t\t\t\t\t\t\t\t<\/div>\n\t\t\t\t<\/div>\n\t\t\t\t<div class=\"elementor-element elementor-element-cbbc8db elementor-widget elementor-widget-text-editor\" data-id=\"cbbc8db\" data-element_type=\"widget\" data-e-type=\"widget\" data-widget_type=\"text-editor.default\">\n\t\t\t\t<div class=\"elementor-widget-container\">\n\t\t\t\t\t\t\t\t\t<p>Al costat dret de la <strong>torre 2<\/strong> la construcci\u00f3 \u00e9s d&#8217;una sola planta, cosa que permet apreciar un tros del llen\u00e7 de muralla que sobresurt per la part posterior.<\/p>\t\t\t\t\t\t\t\t<\/div>\n\t\t\t\t<\/div>\n\t\t\t\t<div class=\"elementor-element elementor-element-3736bcf elementor-widget elementor-widget-image\" data-id=\"3736bcf\" data-element_type=\"widget\" data-e-type=\"widget\" data-widget_type=\"image.default\">\n\t\t\t\t<div class=\"elementor-widget-container\">\n\t\t\t\t\t\t\t\t\t\t\t\t<figure class=\"wp-caption\">\n\t\t\t\t\t\t\t\t\t\t<img loading=\"lazy\" decoding=\"async\" width=\"768\" height=\"511\" src=\"https:\/\/www.elturistatranquil.com\/wp-content\/uploads\/F12-Murallas-de-Tarifa-Cadiz.jpg\" class=\"attachment-large size-large wp-image-39636\" alt=\"Murallas de Tarifa, Cadiz\" srcset=\"https:\/\/www.elturistatranquil.com\/wp-content\/uploads\/F12-Murallas-de-Tarifa-Cadiz.jpg 768w, https:\/\/www.elturistatranquil.com\/wp-content\/uploads\/F12-Murallas-de-Tarifa-Cadiz-339x226.jpg 339w\" sizes=\"(max-width: 768px) 100vw, 768px\" \/>\t\t\t\t\t\t\t\t\t\t\t<figcaption class=\"widget-image-caption wp-caption-text\"><\/figcaption>\n\t\t\t\t\t\t\t\t\t\t<\/figure>\n\t\t\t\t\t\t\t\t\t<\/div>\n\t\t\t\t<\/div>\n\t\t\t\t<div class=\"elementor-element elementor-element-d9b2a7a elementor-widget elementor-widget-text-editor\" data-id=\"d9b2a7a\" data-element_type=\"widget\" data-e-type=\"widget\" data-widget_type=\"text-editor.default\">\n\t\t\t\t<div class=\"elementor-widget-container\">\n\t\t\t\t\t\t\t\t\t<p>La <strong>torre 3<\/strong> no s&#8217;ha conservat, de manera que arribem fins a la cantonada nord on se situa la <strong>torre 4<\/strong>.<\/p><p>Abans de la torre es conserva un tros de llen\u00e7 de muralla sense edificacions. Aquest punt \u00e9s interessant perqu\u00e8 s&#8217;obre el <strong>boquete de la Cilla<\/strong>. Va ser obert per les tropes franceses el 1824, quan els liberals espanyols es van apoderar de la ciutat de Tarifa.<\/p><p>En aquesta zona es trobava un dels llocs per al cobrament del \u201cconsum\u201d (la renda decimal o delme) conegut com a magatzem de la Cilla Decimal, d&#8217;on deriva el nom que se li ha donat.<\/p>\t\t\t\t\t\t\t\t<\/div>\n\t\t\t\t<\/div>\n\t\t\t\t<div class=\"elementor-element elementor-element-227d833 elementor-widget elementor-widget-image\" data-id=\"227d833\" data-element_type=\"widget\" data-e-type=\"widget\" data-widget_type=\"image.default\">\n\t\t\t\t<div class=\"elementor-widget-container\">\n\t\t\t\t\t\t\t\t\t\t\t\t<figure class=\"wp-caption\">\n\t\t\t\t\t\t\t\t\t\t<img loading=\"lazy\" decoding=\"async\" width=\"768\" height=\"511\" src=\"https:\/\/www.elturistatranquil.com\/wp-content\/uploads\/F13-Murallas-de-Tarifa-Cadiz.jpg\" class=\"attachment-large size-large wp-image-39638\" alt=\"Murallas de Tarifa, Cadiz\" srcset=\"https:\/\/www.elturistatranquil.com\/wp-content\/uploads\/F13-Murallas-de-Tarifa-Cadiz.jpg 768w, https:\/\/www.elturistatranquil.com\/wp-content\/uploads\/F13-Murallas-de-Tarifa-Cadiz-339x226.jpg 339w\" sizes=\"(max-width: 768px) 100vw, 768px\" \/>\t\t\t\t\t\t\t\t\t\t\t<figcaption class=\"widget-image-caption wp-caption-text\"><\/figcaption>\n\t\t\t\t\t\t\t\t\t\t<\/figure>\n\t\t\t\t\t\t\t\t\t<\/div>\n\t\t\t\t<\/div>\n\t\t\t\t<div class=\"elementor-element elementor-element-d23f175 elementor-widget elementor-widget-image\" data-id=\"d23f175\" data-element_type=\"widget\" data-e-type=\"widget\" data-widget_type=\"image.default\">\n\t\t\t\t<div class=\"elementor-widget-container\">\n\t\t\t\t\t\t\t\t\t\t\t\t<figure class=\"wp-caption\">\n\t\t\t\t\t\t\t\t\t\t<img loading=\"lazy\" decoding=\"async\" width=\"768\" height=\"511\" src=\"https:\/\/www.elturistatranquil.com\/wp-content\/uploads\/F14-Boquete-de-la-CillaTarifa-Cadiz.jpg\" class=\"attachment-large size-large wp-image-39640\" alt=\"Boquete de la Cilla,Tarifa, Cadiz\" srcset=\"https:\/\/www.elturistatranquil.com\/wp-content\/uploads\/F14-Boquete-de-la-CillaTarifa-Cadiz.jpg 768w, https:\/\/www.elturistatranquil.com\/wp-content\/uploads\/F14-Boquete-de-la-CillaTarifa-Cadiz-339x226.jpg 339w\" sizes=\"(max-width: 768px) 100vw, 768px\" \/>\t\t\t\t\t\t\t\t\t\t\t<figcaption class=\"widget-image-caption wp-caption-text\"><\/figcaption>\n\t\t\t\t\t\t\t\t\t\t<\/figure>\n\t\t\t\t\t\t\t\t\t<\/div>\n\t\t\t\t<\/div>\n\t\t\t\t<div class=\"elementor-element elementor-element-beef66c elementor-widget elementor-widget-text-editor\" data-id=\"beef66c\" data-element_type=\"widget\" data-e-type=\"widget\" data-widget_type=\"text-editor.default\">\n\t\t\t\t<div class=\"elementor-widget-container\">\n\t\t\t\t\t\t\t\t\t<p>La <strong>torre del Corchuelo<\/strong> (<strong>4<\/strong>) \u00e9s la torre cantonera del recinte emmurallat, eixamplada i refor\u00e7ada en \u00e8poca moderna per suportar al seu terrat l&#8217;artilleria.<\/p><p>Tampoc presenta cap obertura als murs.<\/p>\t\t\t\t\t\t\t\t<\/div>\n\t\t\t\t<\/div>\n\t\t\t\t<div class=\"elementor-element elementor-element-6f4d2fb elementor-widget elementor-widget-menu-anchor\" data-id=\"6f4d2fb\" data-element_type=\"widget\" data-e-type=\"widget\" data-widget_type=\"menu-anchor.default\">\n\t\t\t\t<div class=\"elementor-widget-container\">\n\t\t\t\t\t\t\t<div class=\"elementor-menu-anchor\" id=\"c7207\"><\/div>\n\t\t\t\t\t\t<\/div>\n\t\t\t\t<\/div>\n\t\t\t\t<div class=\"elementor-element elementor-element-8f44088 elementor-widget elementor-widget-image\" data-id=\"8f44088\" data-element_type=\"widget\" data-e-type=\"widget\" data-widget_type=\"image.default\">\n\t\t\t\t<div class=\"elementor-widget-container\">\n\t\t\t\t\t\t\t\t\t\t\t\t<figure class=\"wp-caption\">\n\t\t\t\t\t\t\t\t\t\t<img loading=\"lazy\" decoding=\"async\" width=\"768\" height=\"511\" src=\"https:\/\/www.elturistatranquil.com\/wp-content\/uploads\/F15-Murallas-de-Tarifa-Cadiz.jpg\" class=\"attachment-large size-large wp-image-39642\" alt=\"Murallas de Tarifa, Cadiz\" srcset=\"https:\/\/www.elturistatranquil.com\/wp-content\/uploads\/F15-Murallas-de-Tarifa-Cadiz.jpg 768w, https:\/\/www.elturistatranquil.com\/wp-content\/uploads\/F15-Murallas-de-Tarifa-Cadiz-339x226.jpg 339w\" sizes=\"(max-width: 768px) 100vw, 768px\" \/>\t\t\t\t\t\t\t\t\t\t\t<figcaption class=\"widget-image-caption wp-caption-text\"><\/figcaption>\n\t\t\t\t\t\t\t\t\t\t<\/figure>\n\t\t\t\t\t\t\t\t\t<\/div>\n\t\t\t\t<\/div>\n\t\t\t\t<div class=\"elementor-element elementor-element-edd5214 elementor-widget elementor-widget-heading\" data-id=\"edd5214\" data-element_type=\"widget\" data-e-type=\"widget\" data-widget_type=\"heading.default\">\n\t\t\t\t<div class=\"elementor-widget-container\">\n\t\t\t\t\t<h4 class=\"elementor-heading-title elementor-size-default\">Muralles de llevant: muralla de la Calzadilla de T\u00e9llez i muralla de la Aljaranda<\/h4>\t\t\t\t<\/div>\n\t\t\t\t<\/div>\n\t\t\t\t<div class=\"elementor-element elementor-element-1e82797 elementor-widget elementor-widget-text-editor\" data-id=\"1e82797\" data-element_type=\"widget\" data-e-type=\"widget\" data-widget_type=\"text-editor.default\">\n\t\t\t\t<div class=\"elementor-widget-container\">\n\t\t\t\t\t\t\t\t\t<p>Des d&#8217;aquesta torre parteix la muralla del costat de llevant. Primer al nord la <strong>muralla de la Calzadilla de T\u00e9llez<\/strong> amb un mur que, en dos trams de 180 i 135 metres, arriba fins a enlla\u00e7ar amb la muralla de l&#8217;anterior recinte de la Aljaranda a la <strong>torre 12<\/strong>. Aquests 315 metres de llen\u00e7os de muralla es conserven gaireb\u00e9 en la seva totalitat.<\/p><p>Per l&#8217;exterior, en aquest punt la muralla fa un gir de 90\u00b0, i la <strong>muralla de la Aljaranda<\/strong> es dirigeix cap a l&#8217;est uns 55 metres, per girar novament en un angle recte aproximat des de la <strong>torre de Jes\u00fas<\/strong> (<strong>14<\/strong>) fins a la <strong>torre de los Maderos<\/strong> (<strong>16<\/strong>), al punt m\u00e9s oriental del recinte, uns 100 metres m\u00e9s al sud. \u00c9s aix\u00ed que aquest costat de llevant de la muralla forma com un \u201c4\u201d.<\/p><p>Des de la nostra posici\u00f3 al costat de la torre del Cochuelo podem veure tot el tra\u00e7at fins a la torre de Jes\u00fas (<strong>14<\/strong>), al fons de la fotografia.<\/p><p>El recorregut m\u00e9s o menys sinu\u00f3s apareix com a adaptaci\u00f3 a l&#8217;orografia del terreny, alhora que baixa des dels dos extrems cap al centre, al t\u00e0lveg que forma la <strong>riera Angorrilla<\/strong>, per on s&#8217;obrir\u00e0 la porta del Retiro.<\/p>\t\t\t\t\t\t\t\t<\/div>\n\t\t\t\t<\/div>\n\t\t\t\t<div class=\"elementor-element elementor-element-21a6265 elementor-widget elementor-widget-image\" data-id=\"21a6265\" data-element_type=\"widget\" data-e-type=\"widget\" data-widget_type=\"image.default\">\n\t\t\t\t<div class=\"elementor-widget-container\">\n\t\t\t\t\t\t\t\t\t\t\t\t<figure class=\"wp-caption\">\n\t\t\t\t\t\t\t\t\t\t<img loading=\"lazy\" decoding=\"async\" width=\"768\" height=\"511\" src=\"https:\/\/www.elturistatranquil.com\/wp-content\/uploads\/F16-Murallas-de-Tarifa-Cadiz.jpg\" class=\"attachment-large size-large wp-image-39644\" alt=\"Murallas de Tarifa, Cadiz\" srcset=\"https:\/\/www.elturistatranquil.com\/wp-content\/uploads\/F16-Murallas-de-Tarifa-Cadiz.jpg 768w, https:\/\/www.elturistatranquil.com\/wp-content\/uploads\/F16-Murallas-de-Tarifa-Cadiz-339x226.jpg 339w\" sizes=\"(max-width: 768px) 100vw, 768px\" \/>\t\t\t\t\t\t\t\t\t\t\t<figcaption class=\"widget-image-caption wp-caption-text\"><\/figcaption>\n\t\t\t\t\t\t\t\t\t\t<\/figure>\n\t\t\t\t\t\t\t\t\t<\/div>\n\t\t\t\t<\/div>\n\t\t\t\t<div class=\"elementor-element elementor-element-ed73a3b elementor-widget elementor-widget-text-editor\" data-id=\"ed73a3b\" data-element_type=\"widget\" data-e-type=\"widget\" data-widget_type=\"text-editor.default\">\n\t\t\t\t<div class=\"elementor-widget-container\">\n\t\t\t\t\t\t\t\t\t<p>El tram de la <strong>muralla de la Cal\u00e7adilla de T\u00e9llez<\/strong> correspon al llen\u00e7 de la muralla musulmana del segle XIII que tancava el Raval pel costat de llevant. El llen\u00e7 segueix el <strong>carrer Calzadilla de T\u00e9llez<\/strong>.<\/p><p>Va servir a la defensa de la ciutat fins a finals segle XIX.<\/p><p>El primer tram, fins a la porta del Retiro, estava defensat per les <strong>torres 5<\/strong>, <strong>6<\/strong>, <strong>7<\/strong> i <strong>8<\/strong>, aquesta \u00faltima de defensa de la porta.<\/p><p>Les torres del fons, les <strong>12<\/strong>, <strong>13<\/strong> i <strong>14<\/strong>, corresponen al sortint que forma la muralla de la Aljaranda, on a la <strong>torre 12<\/strong> s&#8217;uneixen les dues muralles.<\/p>\t\t\t\t\t\t\t\t<\/div>\n\t\t\t\t<\/div>\n\t\t\t\t<div class=\"elementor-element elementor-element-6abaf8a elementor-widget elementor-widget-image\" data-id=\"6abaf8a\" data-element_type=\"widget\" data-e-type=\"widget\" data-widget_type=\"image.default\">\n\t\t\t\t<div class=\"elementor-widget-container\">\n\t\t\t\t\t\t\t\t\t\t\t\t<figure class=\"wp-caption\">\n\t\t\t\t\t\t\t\t\t\t<img loading=\"lazy\" decoding=\"async\" width=\"768\" height=\"511\" src=\"https:\/\/www.elturistatranquil.com\/wp-content\/uploads\/F17-Murallas-de-Tarifa-Cadiz.jpg\" class=\"attachment-large size-large wp-image-39646\" alt=\"Murallas de Tarifa, Cadiz\" srcset=\"https:\/\/www.elturistatranquil.com\/wp-content\/uploads\/F17-Murallas-de-Tarifa-Cadiz.jpg 768w, https:\/\/www.elturistatranquil.com\/wp-content\/uploads\/F17-Murallas-de-Tarifa-Cadiz-339x226.jpg 339w\" sizes=\"(max-width: 768px) 100vw, 768px\" \/>\t\t\t\t\t\t\t\t\t\t\t<figcaption class=\"widget-image-caption wp-caption-text\"><\/figcaption>\n\t\t\t\t\t\t\t\t\t\t<\/figure>\n\t\t\t\t\t\t\t\t\t<\/div>\n\t\t\t\t<\/div>\n\t\t\t\t<div class=\"elementor-element elementor-element-ef80e67 elementor-widget elementor-widget-text-editor\" data-id=\"ef80e67\" data-element_type=\"widget\" data-e-type=\"widget\" data-widget_type=\"text-editor.default\">\n\t\t\t\t<div class=\"elementor-widget-container\">\n\t\t\t\t\t\t\t\t\t<p>El mosaic explicatiu ens diu que aquesta part de la muralla estava protegida darrere d&#8217;una barbacana.<\/p>\t\t\t\t\t\t\t\t<\/div>\n\t\t\t\t<\/div>\n\t\t\t\t<div class=\"elementor-element elementor-element-1276492 elementor-widget elementor-widget-image\" data-id=\"1276492\" data-element_type=\"widget\" data-e-type=\"widget\" data-widget_type=\"image.default\">\n\t\t\t\t<div class=\"elementor-widget-container\">\n\t\t\t\t\t\t\t\t\t\t\t\t<figure class=\"wp-caption\">\n\t\t\t\t\t\t\t\t\t\t<img loading=\"lazy\" decoding=\"async\" width=\"768\" height=\"333\" src=\"https:\/\/www.elturistatranquil.com\/wp-content\/uploads\/F18-Murallas-de-Tarifa-Cadiz.jpg\" class=\"attachment-large size-large wp-image-39648\" alt=\"Murallas de Tarifa, Cadiz\" srcset=\"https:\/\/www.elturistatranquil.com\/wp-content\/uploads\/F18-Murallas-de-Tarifa-Cadiz.jpg 768w, https:\/\/www.elturistatranquil.com\/wp-content\/uploads\/F18-Murallas-de-Tarifa-Cadiz-339x147.jpg 339w\" sizes=\"(max-width: 768px) 100vw, 768px\" \/>\t\t\t\t\t\t\t\t\t\t\t<figcaption class=\"widget-image-caption wp-caption-text\"><\/figcaption>\n\t\t\t\t\t\t\t\t\t\t<\/figure>\n\t\t\t\t\t\t\t\t\t<\/div>\n\t\t\t\t<\/div>\n\t\t\t\t<div class=\"elementor-element elementor-element-f78dcde elementor-widget elementor-widget-text-editor\" data-id=\"f78dcde\" data-element_type=\"widget\" data-e-type=\"widget\" data-widget_type=\"text-editor.default\">\n\t\t\t\t<div class=\"elementor-widget-container\">\n\t\t\t\t\t\t\t\t\t<p>Les fotografies seg\u00fcents mostren imatges d&#8217;aquest llen\u00e7 amb les torres. Les dues obertures que s&#8217;observen no deuen de tenir significaci\u00f3 hist\u00f2rica, ja que no he trobat que se les cit\u00e9s en cap moment.<\/p>\t\t\t\t\t\t\t\t<\/div>\n\t\t\t\t<\/div>\n\t\t\t\t<div class=\"elementor-element elementor-element-0b49992 elementor-widget elementor-widget-image\" data-id=\"0b49992\" data-element_type=\"widget\" data-e-type=\"widget\" data-widget_type=\"image.default\">\n\t\t\t\t<div class=\"elementor-widget-container\">\n\t\t\t\t\t\t\t\t\t\t\t\t<figure class=\"wp-caption\">\n\t\t\t\t\t\t\t\t\t\t<img loading=\"lazy\" decoding=\"async\" width=\"768\" height=\"511\" src=\"https:\/\/www.elturistatranquil.com\/wp-content\/uploads\/F19-Murallas-de-Tarifa-Cadiz.jpg\" class=\"attachment-large size-large wp-image-39650\" alt=\"Murallas de Tarifa, Cadiz\" srcset=\"https:\/\/www.elturistatranquil.com\/wp-content\/uploads\/F19-Murallas-de-Tarifa-Cadiz.jpg 768w, https:\/\/www.elturistatranquil.com\/wp-content\/uploads\/F19-Murallas-de-Tarifa-Cadiz-339x226.jpg 339w\" sizes=\"(max-width: 768px) 100vw, 768px\" \/>\t\t\t\t\t\t\t\t\t\t\t<figcaption class=\"widget-image-caption wp-caption-text\"><\/figcaption>\n\t\t\t\t\t\t\t\t\t\t<\/figure>\n\t\t\t\t\t\t\t\t\t<\/div>\n\t\t\t\t<\/div>\n\t\t\t\t<div class=\"elementor-element elementor-element-5b14f9d elementor-widget elementor-widget-image\" data-id=\"5b14f9d\" data-element_type=\"widget\" data-e-type=\"widget\" data-widget_type=\"image.default\">\n\t\t\t\t<div class=\"elementor-widget-container\">\n\t\t\t\t\t\t\t\t\t\t\t\t<figure class=\"wp-caption\">\n\t\t\t\t\t\t\t\t\t\t<img loading=\"lazy\" decoding=\"async\" width=\"768\" height=\"511\" src=\"https:\/\/www.elturistatranquil.com\/wp-content\/uploads\/F20-Murallas-de-Tarifa-Cadiz.jpg\" class=\"attachment-large size-large wp-image-39652\" alt=\"Murallas de Tarifa, Cadiz\" srcset=\"https:\/\/www.elturistatranquil.com\/wp-content\/uploads\/F20-Murallas-de-Tarifa-Cadiz.jpg 768w, https:\/\/www.elturistatranquil.com\/wp-content\/uploads\/F20-Murallas-de-Tarifa-Cadiz-339x226.jpg 339w\" sizes=\"(max-width: 768px) 100vw, 768px\" \/>\t\t\t\t\t\t\t\t\t\t\t<figcaption class=\"widget-image-caption wp-caption-text\"><\/figcaption>\n\t\t\t\t\t\t\t\t\t\t<\/figure>\n\t\t\t\t\t\t\t\t\t<\/div>\n\t\t\t\t<\/div>\n\t\t\t\t<div class=\"elementor-element elementor-element-400da25 elementor-widget elementor-widget-image\" data-id=\"400da25\" data-element_type=\"widget\" data-e-type=\"widget\" data-widget_type=\"image.default\">\n\t\t\t\t<div class=\"elementor-widget-container\">\n\t\t\t\t\t\t\t\t\t\t\t\t<figure class=\"wp-caption\">\n\t\t\t\t\t\t\t\t\t\t<img loading=\"lazy\" decoding=\"async\" width=\"768\" height=\"512\" src=\"https:\/\/www.elturistatranquil.com\/wp-content\/uploads\/F21-Murallas-de-Tarifa-Cadiz.jpg\" class=\"attachment-large size-large wp-image-39654\" alt=\"Murallas de Tarifa, Cadiz\" srcset=\"https:\/\/www.elturistatranquil.com\/wp-content\/uploads\/F21-Murallas-de-Tarifa-Cadiz.jpg 768w, https:\/\/www.elturistatranquil.com\/wp-content\/uploads\/F21-Murallas-de-Tarifa-Cadiz-339x226.jpg 339w\" sizes=\"(max-width: 768px) 100vw, 768px\" \/>\t\t\t\t\t\t\t\t\t\t\t<figcaption class=\"widget-image-caption wp-caption-text\"><\/figcaption>\n\t\t\t\t\t\t\t\t\t\t<\/figure>\n\t\t\t\t\t\t\t\t\t<\/div>\n\t\t\t\t<\/div>\n\t\t\t\t<div class=\"elementor-element elementor-element-9886e11 elementor-widget elementor-widget-image\" data-id=\"9886e11\" data-element_type=\"widget\" data-e-type=\"widget\" data-widget_type=\"image.default\">\n\t\t\t\t<div class=\"elementor-widget-container\">\n\t\t\t\t\t\t\t\t\t\t\t\t<figure class=\"wp-caption\">\n\t\t\t\t\t\t\t\t\t\t<img loading=\"lazy\" decoding=\"async\" width=\"768\" height=\"511\" src=\"https:\/\/www.elturistatranquil.com\/wp-content\/uploads\/F22-Murallas-de-Tarifa-Cadiz.jpg\" class=\"attachment-large size-large wp-image-39656\" alt=\"Murallas de Tarifa, Cadiz\" srcset=\"https:\/\/www.elturistatranquil.com\/wp-content\/uploads\/F22-Murallas-de-Tarifa-Cadiz.jpg 768w, https:\/\/www.elturistatranquil.com\/wp-content\/uploads\/F22-Murallas-de-Tarifa-Cadiz-339x226.jpg 339w\" sizes=\"(max-width: 768px) 100vw, 768px\" \/>\t\t\t\t\t\t\t\t\t\t\t<figcaption class=\"widget-image-caption wp-caption-text\"><\/figcaption>\n\t\t\t\t\t\t\t\t\t\t<\/figure>\n\t\t\t\t\t\t\t\t\t<\/div>\n\t\t\t\t<\/div>\n\t\t\t\t<div class=\"elementor-element elementor-element-ca8a0ac elementor-widget elementor-widget-image\" data-id=\"ca8a0ac\" data-element_type=\"widget\" data-e-type=\"widget\" data-widget_type=\"image.default\">\n\t\t\t\t<div class=\"elementor-widget-container\">\n\t\t\t\t\t\t\t\t\t\t\t\t<figure class=\"wp-caption\">\n\t\t\t\t\t\t\t\t\t\t<img loading=\"lazy\" decoding=\"async\" width=\"768\" height=\"511\" src=\"https:\/\/www.elturistatranquil.com\/wp-content\/uploads\/F23-Murallas-de-Tarifa-Cadiz.jpg\" class=\"attachment-large size-large wp-image-39658\" alt=\"Murallas de Tarifa, Cadiz\" srcset=\"https:\/\/www.elturistatranquil.com\/wp-content\/uploads\/F23-Murallas-de-Tarifa-Cadiz.jpg 768w, https:\/\/www.elturistatranquil.com\/wp-content\/uploads\/F23-Murallas-de-Tarifa-Cadiz-339x226.jpg 339w\" sizes=\"(max-width: 768px) 100vw, 768px\" \/>\t\t\t\t\t\t\t\t\t\t\t<figcaption class=\"widget-image-caption wp-caption-text\"><\/figcaption>\n\t\t\t\t\t\t\t\t\t\t<\/figure>\n\t\t\t\t\t\t\t\t\t<\/div>\n\t\t\t\t<\/div>\n\t\t\t\t<div class=\"elementor-element elementor-element-e70ba0a elementor-widget elementor-widget-image\" data-id=\"e70ba0a\" data-element_type=\"widget\" data-e-type=\"widget\" data-widget_type=\"image.default\">\n\t\t\t\t<div class=\"elementor-widget-container\">\n\t\t\t\t\t\t\t\t\t\t\t\t<figure class=\"wp-caption\">\n\t\t\t\t\t\t\t\t\t\t<img loading=\"lazy\" decoding=\"async\" width=\"768\" height=\"511\" src=\"https:\/\/www.elturistatranquil.com\/wp-content\/uploads\/F24-Murallas-de-Tarifa-Cadiz.jpg\" class=\"attachment-large size-large wp-image-39660\" alt=\"Murallas de Tarifa, Cadiz\" srcset=\"https:\/\/www.elturistatranquil.com\/wp-content\/uploads\/F24-Murallas-de-Tarifa-Cadiz.jpg 768w, https:\/\/www.elturistatranquil.com\/wp-content\/uploads\/F24-Murallas-de-Tarifa-Cadiz-339x226.jpg 339w\" sizes=\"(max-width: 768px) 100vw, 768px\" \/>\t\t\t\t\t\t\t\t\t\t\t<figcaption class=\"widget-image-caption wp-caption-text\"><\/figcaption>\n\t\t\t\t\t\t\t\t\t\t<\/figure>\n\t\t\t\t\t\t\t\t\t<\/div>\n\t\t\t\t<\/div>\n\t\t\t\t<div class=\"elementor-element elementor-element-62b4f13 elementor-widget elementor-widget-text-editor\" data-id=\"62b4f13\" data-element_type=\"widget\" data-e-type=\"widget\" data-widget_type=\"text-editor.default\">\n\t\t\t\t<div class=\"elementor-widget-container\">\n\t\t\t\t\t\t\t\t\t<p>Quan s&#8217;arriba al fons del t\u00e0lveg es presenta una obertura al lloc que ocupava la <strong>porta del Retiro<\/strong>, actualment una placeta al final del <strong>carrer General Copons<\/strong>.<\/p><p>La significaci\u00f3 hist\u00f2rica d&#8217;aquest punt es concreta que en els seus voltants van ser derrotades les tropes napole\u00f2niques, que no van aconseguir conquerir Tarifa, malgrat que havien aconseguit obrir un esvoranc a la muralla. Unes providencials pluges torrencials van provocar un fangar a l&#8217;esvoranc que va impedir l&#8217;aven\u00e7 de la infanteria i van enfonsar les bateries franceses al fangar, cosa que va acabar amb les operacions d&#8217;atac franc\u00e8s. Una inscripci\u00f3 commemora el setge de Tarifa del 5 gener de 1812. Aquest punt era especialment vulnerable ja que per un rastell entrava la riera que discorria per tota la ciutat fins a sortir al mar pel costat oposat.<\/p>\t\t\t\t\t\t\t\t<\/div>\n\t\t\t\t<\/div>\n\t\t\t\t<div class=\"elementor-element elementor-element-48e5120 elementor-widget elementor-widget-image\" data-id=\"48e5120\" data-element_type=\"widget\" data-e-type=\"widget\" data-widget_type=\"image.default\">\n\t\t\t\t<div class=\"elementor-widget-container\">\n\t\t\t\t\t\t\t\t\t\t\t\t<figure class=\"wp-caption\">\n\t\t\t\t\t\t\t\t\t\t<img loading=\"lazy\" decoding=\"async\" width=\"768\" height=\"511\" src=\"https:\/\/www.elturistatranquil.com\/wp-content\/uploads\/F25-Puerta-del-Retiro-Murallas-de-Tarifa-Cadiz.jpg\" class=\"attachment-large size-large wp-image-39662\" alt=\"Puerta del Retiro, Murallas de Tarifa, Cadiz\" srcset=\"https:\/\/www.elturistatranquil.com\/wp-content\/uploads\/F25-Puerta-del-Retiro-Murallas-de-Tarifa-Cadiz.jpg 768w, https:\/\/www.elturistatranquil.com\/wp-content\/uploads\/F25-Puerta-del-Retiro-Murallas-de-Tarifa-Cadiz-339x226.jpg 339w\" sizes=\"(max-width: 768px) 100vw, 768px\" \/>\t\t\t\t\t\t\t\t\t\t\t<figcaption class=\"widget-image-caption wp-caption-text\"><\/figcaption>\n\t\t\t\t\t\t\t\t\t\t<\/figure>\n\t\t\t\t\t\t\t\t\t<\/div>\n\t\t\t\t<\/div>\n\t\t\t\t<div class=\"elementor-element elementor-element-79066af elementor-widget elementor-widget-text-editor\" data-id=\"79066af\" data-element_type=\"widget\" data-e-type=\"widget\" data-widget_type=\"text-editor.default\">\n\t\t\t\t<div class=\"elementor-widget-container\">\n\t\t\t\t\t\t\t\t\t<p>Una caricaturesca representaci\u00f3 al mosaic informatiu, i una reconstrucci\u00f3 de la porta del Retiro el 1812 segons D. Jan Lavao, ens apropen a com havia de ser la porta i l&#8217;entrada del rierol a la ciutat.<\/p>\t\t\t\t\t\t\t\t<\/div>\n\t\t\t\t<\/div>\n\t\t\t\t<div class=\"elementor-element elementor-element-d74e191 elementor-widget elementor-widget-image\" data-id=\"d74e191\" data-element_type=\"widget\" data-e-type=\"widget\" data-widget_type=\"image.default\">\n\t\t\t\t<div class=\"elementor-widget-container\">\n\t\t\t\t\t\t\t\t\t\t\t\t<figure class=\"wp-caption\">\n\t\t\t\t\t\t\t\t\t\t<img loading=\"lazy\" decoding=\"async\" width=\"768\" height=\"389\" src=\"https:\/\/www.elturistatranquil.com\/wp-content\/uploads\/F26-Puerta-del-Retiro-Murallas-de-Tarifa-Cadiz.jpg\" class=\"attachment-large size-large wp-image-39664\" alt=\"Puerta del Retiro, Murallas de Tarifa, Cadiz\" srcset=\"https:\/\/www.elturistatranquil.com\/wp-content\/uploads\/F26-Puerta-del-Retiro-Murallas-de-Tarifa-Cadiz.jpg 768w, https:\/\/www.elturistatranquil.com\/wp-content\/uploads\/F26-Puerta-del-Retiro-Murallas-de-Tarifa-Cadiz-339x172.jpg 339w\" sizes=\"(max-width: 768px) 100vw, 768px\" \/>\t\t\t\t\t\t\t\t\t\t\t<figcaption class=\"widget-image-caption wp-caption-text\"><\/figcaption>\n\t\t\t\t\t\t\t\t\t\t<\/figure>\n\t\t\t\t\t\t\t\t\t<\/div>\n\t\t\t\t<\/div>\n\t\t\t\t<div class=\"elementor-element elementor-element-00ed7ad elementor-widget elementor-widget-image\" data-id=\"00ed7ad\" data-element_type=\"widget\" data-e-type=\"widget\" data-widget_type=\"image.default\">\n\t\t\t\t<div class=\"elementor-widget-container\">\n\t\t\t\t\t\t\t\t\t\t\t\t<figure class=\"wp-caption\">\n\t\t\t\t\t\t\t\t\t\t<img loading=\"lazy\" decoding=\"async\" width=\"768\" height=\"512\" src=\"https:\/\/www.elturistatranquil.com\/wp-content\/uploads\/F27-Puerta-del-Retiro-Murallas-de-Tarifa-Cadiz.jpg\" class=\"attachment-large size-large wp-image-39666\" alt=\"Puerta del Retiro, Murallas de Tarifa, Cadiz\" srcset=\"https:\/\/www.elturistatranquil.com\/wp-content\/uploads\/F27-Puerta-del-Retiro-Murallas-de-Tarifa-Cadiz.jpg 768w, https:\/\/www.elturistatranquil.com\/wp-content\/uploads\/F27-Puerta-del-Retiro-Murallas-de-Tarifa-Cadiz-339x226.jpg 339w\" sizes=\"(max-width: 768px) 100vw, 768px\" \/>\t\t\t\t\t\t\t\t\t\t\t<figcaption class=\"widget-image-caption wp-caption-text\"><\/figcaption>\n\t\t\t\t\t\t\t\t\t\t<\/figure>\n\t\t\t\t\t\t\t\t\t<\/div>\n\t\t\t\t<\/div>\n\t\t\t\t<div class=\"elementor-element elementor-element-3970824 elementor-widget elementor-widget-text-editor\" data-id=\"3970824\" data-element_type=\"widget\" data-e-type=\"widget\" data-widget_type=\"text-editor.default\">\n\t\t\t\t<div class=\"elementor-widget-container\">\n\t\t\t\t\t\t\t\t\t<p>Al lateral nord de la pla\u00e7a apareix un fragment de la muralla a l&#8217;interior de la construcci\u00f3 urbana.<\/p>\t\t\t\t\t\t\t\t<\/div>\n\t\t\t\t<\/div>\n\t\t\t\t<div class=\"elementor-element elementor-element-b2bfe2f elementor-widget elementor-widget-image\" data-id=\"b2bfe2f\" data-element_type=\"widget\" data-e-type=\"widget\" data-widget_type=\"image.default\">\n\t\t\t\t<div class=\"elementor-widget-container\">\n\t\t\t\t\t\t\t\t\t\t\t\t<figure class=\"wp-caption\">\n\t\t\t\t\t\t\t\t\t\t<img loading=\"lazy\" decoding=\"async\" width=\"768\" height=\"511\" src=\"https:\/\/www.elturistatranquil.com\/wp-content\/uploads\/F28-Murallas-de-Tarifa-Cadiz.jpg\" class=\"attachment-large size-large wp-image-39668\" alt=\"Murallas de Tarifa, Cadiz\" srcset=\"https:\/\/www.elturistatranquil.com\/wp-content\/uploads\/F28-Murallas-de-Tarifa-Cadiz.jpg 768w, https:\/\/www.elturistatranquil.com\/wp-content\/uploads\/F28-Murallas-de-Tarifa-Cadiz-339x226.jpg 339w\" sizes=\"(max-width: 768px) 100vw, 768px\" \/>\t\t\t\t\t\t\t\t\t\t\t<figcaption class=\"widget-image-caption wp-caption-text\"><\/figcaption>\n\t\t\t\t\t\t\t\t\t\t<\/figure>\n\t\t\t\t\t\t\t\t\t<\/div>\n\t\t\t\t<\/div>\n\t\t\t\t<div class=\"elementor-element elementor-element-ffe2c37 elementor-widget elementor-widget-text-editor\" data-id=\"ffe2c37\" data-element_type=\"widget\" data-e-type=\"widget\" data-widget_type=\"text-editor.default\">\n\t\t\t\t<div class=\"elementor-widget-container\">\n\t\t\t\t\t\t\t\t\t<p>Al centre de la placeta un monument commemoratiu de la defensa de Tarifa sota el comandament del <strong>General Copons<\/strong>, al qual se li dedica una representaci\u00f3 en bronze sobre un pedestal. L&#8217;est\u00e0tua \u00e9s obra d&#8217;Alberto Germ\u00e1n Franco.<\/p>\t\t\t\t\t\t\t\t<\/div>\n\t\t\t\t<\/div>\n\t\t\t\t<div class=\"elementor-element elementor-element-62bb9a7 elementor-widget elementor-widget-image\" data-id=\"62bb9a7\" data-element_type=\"widget\" data-e-type=\"widget\" data-widget_type=\"image.default\">\n\t\t\t\t<div class=\"elementor-widget-container\">\n\t\t\t\t\t\t\t\t\t\t\t\t<figure class=\"wp-caption\">\n\t\t\t\t\t\t\t\t\t\t<img loading=\"lazy\" decoding=\"async\" width=\"768\" height=\"511\" src=\"https:\/\/www.elturistatranquil.com\/wp-content\/uploads\/F29-Puerta-del-Retiro-Murallas-de-Tarifa-Cadiz.jpg\" class=\"attachment-large size-large wp-image-39670\" alt=\"Puerta del Retiro, Murallas de Tarifa, Cadiz\" srcset=\"https:\/\/www.elturistatranquil.com\/wp-content\/uploads\/F29-Puerta-del-Retiro-Murallas-de-Tarifa-Cadiz.jpg 768w, https:\/\/www.elturistatranquil.com\/wp-content\/uploads\/F29-Puerta-del-Retiro-Murallas-de-Tarifa-Cadiz-339x226.jpg 339w\" sizes=\"(max-width: 768px) 100vw, 768px\" \/>\t\t\t\t\t\t\t\t\t\t\t<figcaption class=\"widget-image-caption wp-caption-text\"><\/figcaption>\n\t\t\t\t\t\t\t\t\t\t<\/figure>\n\t\t\t\t\t\t\t\t\t<\/div>\n\t\t\t\t<\/div>\n\t\t\t\t<div class=\"elementor-element elementor-element-61adfc2 elementor-widget elementor-widget-text-editor\" data-id=\"61adfc2\" data-element_type=\"widget\" data-e-type=\"widget\" data-widget_type=\"text-editor.default\">\n\t\t\t\t<div class=\"elementor-widget-container\">\n\t\t\t\t\t\t\t\t\t<p>Davant seu, a l&#8217;exterior, un edifici historicista neomud\u00e8jar que va ser seu dels Antics Jutjats i ara el Centre de Desenvolupament Tur\u00edstic Empresarial.<\/p>\t\t\t\t\t\t\t\t<\/div>\n\t\t\t\t<\/div>\n\t\t\t\t<div class=\"elementor-element elementor-element-59ffa4a elementor-widget elementor-widget-image\" data-id=\"59ffa4a\" data-element_type=\"widget\" data-e-type=\"widget\" data-widget_type=\"image.default\">\n\t\t\t\t<div class=\"elementor-widget-container\">\n\t\t\t\t\t\t\t\t\t\t\t\t<figure class=\"wp-caption\">\n\t\t\t\t\t\t\t\t\t\t<img loading=\"lazy\" decoding=\"async\" width=\"768\" height=\"511\" src=\"https:\/\/www.elturistatranquil.com\/wp-content\/uploads\/F30-Puerta-del-Retiro-Murallas-de-Tarifa-Cadiz.jpg\" class=\"attachment-large size-large wp-image-39672\" alt=\"Puerta del Retiro, Murallas de Tarifa, Cadiz\" srcset=\"https:\/\/www.elturistatranquil.com\/wp-content\/uploads\/F30-Puerta-del-Retiro-Murallas-de-Tarifa-Cadiz.jpg 768w, https:\/\/www.elturistatranquil.com\/wp-content\/uploads\/F30-Puerta-del-Retiro-Murallas-de-Tarifa-Cadiz-339x226.jpg 339w\" sizes=\"(max-width: 768px) 100vw, 768px\" \/>\t\t\t\t\t\t\t\t\t\t\t<figcaption class=\"widget-image-caption wp-caption-text\"><\/figcaption>\n\t\t\t\t\t\t\t\t\t\t<\/figure>\n\t\t\t\t\t\t\t\t\t<\/div>\n\t\t\t\t<\/div>\n\t\t\t\t<div class=\"elementor-element elementor-element-5666782 elementor-widget elementor-widget-text-editor\" data-id=\"5666782\" data-element_type=\"widget\" data-e-type=\"widget\" data-widget_type=\"text-editor.default\">\n\t\t\t\t<div class=\"elementor-widget-container\">\n\t\t\t\t\t\t\t\t\t<p>La torre sota la qual passava el rierol ha desaparegut, per\u00f2 es conserva una part de la muralla que va ser assetjada i destru\u00efda pels francesos, i que els defensors anglesos van reconstruir el 1812, com informa una altra placa commemorativa de marbre.<\/p><p>El primer tram \u00e9s l&#8217;\u00fanic lliure de construccions per la part posterior, i s&#8217;ha condicionat per poder ser visitat i pujar a l&#8217;adarb.<\/p>\t\t\t\t\t\t\t\t<\/div>\n\t\t\t\t<\/div>\n\t\t\t\t<div class=\"elementor-element elementor-element-06d4125 elementor-widget elementor-widget-image\" data-id=\"06d4125\" data-element_type=\"widget\" data-e-type=\"widget\" data-widget_type=\"image.default\">\n\t\t\t\t<div class=\"elementor-widget-container\">\n\t\t\t\t\t\t\t\t\t\t\t\t<figure class=\"wp-caption\">\n\t\t\t\t\t\t\t\t\t\t<img loading=\"lazy\" decoding=\"async\" width=\"768\" height=\"512\" src=\"https:\/\/www.elturistatranquil.com\/wp-content\/uploads\/F31-Murallas-de-Tarifa-Cadiz.jpg\" class=\"attachment-large size-large wp-image-39674\" alt=\"Murallas de Tarifa, Cadiz\" srcset=\"https:\/\/www.elturistatranquil.com\/wp-content\/uploads\/F31-Murallas-de-Tarifa-Cadiz.jpg 768w, https:\/\/www.elturistatranquil.com\/wp-content\/uploads\/F31-Murallas-de-Tarifa-Cadiz-339x226.jpg 339w\" sizes=\"(max-width: 768px) 100vw, 768px\" \/>\t\t\t\t\t\t\t\t\t\t\t<figcaption class=\"widget-image-caption wp-caption-text\"><\/figcaption>\n\t\t\t\t\t\t\t\t\t\t<\/figure>\n\t\t\t\t\t\t\t\t\t<\/div>\n\t\t\t\t<\/div>\n\t\t\t\t<div class=\"elementor-element elementor-element-ddba087 elementor-widget elementor-widget-image\" data-id=\"ddba087\" data-element_type=\"widget\" data-e-type=\"widget\" data-widget_type=\"image.default\">\n\t\t\t\t<div class=\"elementor-widget-container\">\n\t\t\t\t\t\t\t\t\t\t\t\t<figure class=\"wp-caption\">\n\t\t\t\t\t\t\t\t\t\t<img loading=\"lazy\" decoding=\"async\" width=\"768\" height=\"511\" src=\"https:\/\/www.elturistatranquil.com\/wp-content\/uploads\/F32-Murallas-de-Tarifa-Cadiz.jpg\" class=\"attachment-large size-large wp-image-39676\" alt=\"Murallas de Tarifa, Cadiz\" srcset=\"https:\/\/www.elturistatranquil.com\/wp-content\/uploads\/F32-Murallas-de-Tarifa-Cadiz.jpg 768w, https:\/\/www.elturistatranquil.com\/wp-content\/uploads\/F32-Murallas-de-Tarifa-Cadiz-339x226.jpg 339w\" sizes=\"(max-width: 768px) 100vw, 768px\" \/>\t\t\t\t\t\t\t\t\t\t\t<figcaption class=\"widget-image-caption wp-caption-text\"><\/figcaption>\n\t\t\t\t\t\t\t\t\t\t<\/figure>\n\t\t\t\t\t\t\t\t\t<\/div>\n\t\t\t\t<\/div>\n\t\t\t\t<div class=\"elementor-element elementor-element-90d90cb elementor-widget elementor-widget-text-editor\" data-id=\"90d90cb\" data-element_type=\"widget\" data-e-type=\"widget\" data-widget_type=\"text-editor.default\">\n\t\t\t\t<div class=\"elementor-widget-container\">\n\t\t\t\t\t\t\t\t\t<p>Les <strong>torres 10<\/strong>, <strong>11<\/strong> i <strong>12<\/strong> tanquen aquesta muralla del Raval confluint a la <strong>torre 12<\/strong> sobre la <strong>muralla de la Aljaranda<\/strong>, a la part central aproximadament del llen\u00e7 nord del recinte de la Aljaranda \u00e0rab, d&#8217;aqu\u00ed el rac\u00f3 en esquadra que formen els dos murs .<\/p><p>El mur anir\u00e0 ascendint i s&#8217;adaptar\u00e0 a l&#8217;orografia.<\/p>\t\t\t\t\t\t\t\t<\/div>\n\t\t\t\t<\/div>\n\t\t\t\t<div class=\"elementor-element elementor-element-1d0eb68 elementor-widget elementor-widget-image\" data-id=\"1d0eb68\" data-element_type=\"widget\" data-e-type=\"widget\" data-widget_type=\"image.default\">\n\t\t\t\t<div class=\"elementor-widget-container\">\n\t\t\t\t\t\t\t\t\t\t\t\t<figure class=\"wp-caption\">\n\t\t\t\t\t\t\t\t\t\t<img loading=\"lazy\" decoding=\"async\" width=\"768\" height=\"511\" src=\"https:\/\/www.elturistatranquil.com\/wp-content\/uploads\/F33-Murallas-de-Tarifa-Cadiz.jpg\" class=\"attachment-large size-large wp-image-39678\" alt=\"Murallas de Tarifa, Cadiz\" srcset=\"https:\/\/www.elturistatranquil.com\/wp-content\/uploads\/F33-Murallas-de-Tarifa-Cadiz.jpg 768w, https:\/\/www.elturistatranquil.com\/wp-content\/uploads\/F33-Murallas-de-Tarifa-Cadiz-339x226.jpg 339w\" sizes=\"(max-width: 768px) 100vw, 768px\" \/>\t\t\t\t\t\t\t\t\t\t\t<figcaption class=\"widget-image-caption wp-caption-text\"><\/figcaption>\n\t\t\t\t\t\t\t\t\t\t<\/figure>\n\t\t\t\t\t\t\t\t\t<\/div>\n\t\t\t\t<\/div>\n\t\t\t\t<div class=\"elementor-element elementor-element-27a6dd6 elementor-widget elementor-widget-menu-anchor\" data-id=\"27a6dd6\" data-element_type=\"widget\" data-e-type=\"widget\" data-widget_type=\"menu-anchor.default\">\n\t\t\t\t<div class=\"elementor-widget-container\">\n\t\t\t\t\t\t\t<div class=\"elementor-menu-anchor\" id=\"c7208\"><\/div>\n\t\t\t\t\t\t<\/div>\n\t\t\t\t<\/div>\n\t\t\t\t<div class=\"elementor-element elementor-element-7bd3d7a elementor-widget elementor-widget-image\" data-id=\"7bd3d7a\" data-element_type=\"widget\" data-e-type=\"widget\" data-widget_type=\"image.default\">\n\t\t\t\t<div class=\"elementor-widget-container\">\n\t\t\t\t\t\t\t\t\t\t\t\t<figure class=\"wp-caption\">\n\t\t\t\t\t\t\t\t\t\t<img loading=\"lazy\" decoding=\"async\" width=\"768\" height=\"511\" src=\"https:\/\/www.elturistatranquil.com\/wp-content\/uploads\/F34-Murallas-de-Tarifa-Cadiz.jpg\" class=\"attachment-large size-large wp-image-39680\" alt=\"Murallas de Tarifa, Cadiz\" srcset=\"https:\/\/www.elturistatranquil.com\/wp-content\/uploads\/F34-Murallas-de-Tarifa-Cadiz.jpg 768w, https:\/\/www.elturistatranquil.com\/wp-content\/uploads\/F34-Murallas-de-Tarifa-Cadiz-339x226.jpg 339w\" sizes=\"(max-width: 768px) 100vw, 768px\" \/>\t\t\t\t\t\t\t\t\t\t\t<figcaption class=\"widget-image-caption wp-caption-text\"><\/figcaption>\n\t\t\t\t\t\t\t\t\t\t<\/figure>\n\t\t\t\t\t\t\t\t\t<\/div>\n\t\t\t\t<\/div>\n\t\t\t\t<div class=\"elementor-element elementor-element-5c66c16 elementor-widget elementor-widget-heading\" data-id=\"5c66c16\" data-element_type=\"widget\" data-e-type=\"widget\" data-widget_type=\"heading.default\">\n\t\t\t\t<div class=\"elementor-widget-container\">\n\t\t\t\t\t<h4 class=\"elementor-heading-title elementor-size-default\">Muralla de la Aljaranda<\/h4>\t\t\t\t<\/div>\n\t\t\t\t<\/div>\n\t\t\t\t<div class=\"elementor-element elementor-element-5403362 elementor-widget elementor-widget-text-editor\" data-id=\"5403362\" data-element_type=\"widget\" data-e-type=\"widget\" data-widget_type=\"text-editor.default\">\n\t\t\t\t<div class=\"elementor-widget-container\">\n\t\t\t\t\t\t\t\t\t<p>La <strong>torre 12<\/strong> queda empla\u00e7ada a l&#8217;interior del mur sense sobresortir.<\/p>\t\t\t\t\t\t\t\t<\/div>\n\t\t\t\t<\/div>\n\t\t\t\t<div class=\"elementor-element elementor-element-ad9662a elementor-widget elementor-widget-image\" data-id=\"ad9662a\" data-element_type=\"widget\" data-e-type=\"widget\" data-widget_type=\"image.default\">\n\t\t\t\t<div class=\"elementor-widget-container\">\n\t\t\t\t\t\t\t\t\t\t\t\t<figure class=\"wp-caption\">\n\t\t\t\t\t\t\t\t\t\t<img loading=\"lazy\" decoding=\"async\" width=\"768\" height=\"511\" src=\"https:\/\/www.elturistatranquil.com\/wp-content\/uploads\/F35-Murallas-de-Tarifa-Cadiz.jpg\" class=\"attachment-large size-large wp-image-39682\" alt=\"Murallas de Tarifa, Cadiz\" srcset=\"https:\/\/www.elturistatranquil.com\/wp-content\/uploads\/F35-Murallas-de-Tarifa-Cadiz.jpg 768w, https:\/\/www.elturistatranquil.com\/wp-content\/uploads\/F35-Murallas-de-Tarifa-Cadiz-339x226.jpg 339w\" sizes=\"(max-width: 768px) 100vw, 768px\" \/>\t\t\t\t\t\t\t\t\t\t\t<figcaption class=\"widget-image-caption wp-caption-text\"><\/figcaption>\n\t\t\t\t\t\t\t\t\t\t<\/figure>\n\t\t\t\t\t\t\t\t\t<\/div>\n\t\t\t\t<\/div>\n\t\t\t\t<div class=\"elementor-element elementor-element-620a74f elementor-widget elementor-widget-text-editor\" data-id=\"620a74f\" data-element_type=\"widget\" data-e-type=\"widget\" data-widget_type=\"text-editor.default\">\n\t\t\t\t<div class=\"elementor-widget-container\">\n\t\t\t\t\t\t\t\t\t<p>La part del recinte de la Aljaranda que sobresurt, de forma aproximadament rectangular, acaba a la <strong>torre de Jes\u00fas<\/strong> (<strong>14<\/strong>). Al mig, l&#8217;anomenada <strong>torrassa de los \u00c9ticos<\/strong> (<strong>13<\/strong>).<\/p>\t\t\t\t\t\t\t\t<\/div>\n\t\t\t\t<\/div>\n\t\t\t\t<div class=\"elementor-element elementor-element-749c21d elementor-widget elementor-widget-image\" data-id=\"749c21d\" data-element_type=\"widget\" data-e-type=\"widget\" data-widget_type=\"image.default\">\n\t\t\t\t<div class=\"elementor-widget-container\">\n\t\t\t\t\t\t\t\t\t\t\t\t<figure class=\"wp-caption\">\n\t\t\t\t\t\t\t\t\t\t<img loading=\"lazy\" decoding=\"async\" width=\"768\" height=\"511\" src=\"https:\/\/www.elturistatranquil.com\/wp-content\/uploads\/F36-Murallas-de-Tarifa-Cadiz.jpg\" class=\"attachment-large size-large wp-image-39684\" alt=\"Murallas de Tarifa, Cadiz\" srcset=\"https:\/\/www.elturistatranquil.com\/wp-content\/uploads\/F36-Murallas-de-Tarifa-Cadiz.jpg 768w, https:\/\/www.elturistatranquil.com\/wp-content\/uploads\/F36-Murallas-de-Tarifa-Cadiz-339x226.jpg 339w\" sizes=\"(max-width: 768px) 100vw, 768px\" \/>\t\t\t\t\t\t\t\t\t\t\t<figcaption class=\"widget-image-caption wp-caption-text\"><\/figcaption>\n\t\t\t\t\t\t\t\t\t\t<\/figure>\n\t\t\t\t\t\t\t\t\t<\/div>\n\t\t\t\t<\/div>\n\t\t\t\t<div class=\"elementor-element elementor-element-4c16877 elementor-widget elementor-widget-text-editor\" data-id=\"4c16877\" data-element_type=\"widget\" data-e-type=\"widget\" data-widget_type=\"text-editor.default\">\n\t\t\t\t<div class=\"elementor-widget-container\">\n\t\t\t\t\t\t\t\t\t<p>La <strong>torre de Jes\u00fas<\/strong> (<strong>14<\/strong>) \u00e9s una s\u00f2lida torre cantonera a la muralla de la Aljaranda, que va resistir nombrosos atacs durant l&#8217;Edat Mitjana.<\/p>\t\t\t\t\t\t\t\t<\/div>\n\t\t\t\t<\/div>\n\t\t\t\t<div class=\"elementor-element elementor-element-db2ec17 elementor-widget elementor-widget-image\" data-id=\"db2ec17\" data-element_type=\"widget\" data-e-type=\"widget\" data-widget_type=\"image.default\">\n\t\t\t\t<div class=\"elementor-widget-container\">\n\t\t\t\t\t\t\t\t\t\t\t\t<figure class=\"wp-caption\">\n\t\t\t\t\t\t\t\t\t\t<img loading=\"lazy\" decoding=\"async\" width=\"768\" height=\"511\" src=\"https:\/\/www.elturistatranquil.com\/wp-content\/uploads\/F37-Murallas-de-Tarifa-Cadiz.jpg\" class=\"attachment-large size-large wp-image-39686\" alt=\"Murallas de Tarifa, Cadiz\" srcset=\"https:\/\/www.elturistatranquil.com\/wp-content\/uploads\/F37-Murallas-de-Tarifa-Cadiz.jpg 768w, https:\/\/www.elturistatranquil.com\/wp-content\/uploads\/F37-Murallas-de-Tarifa-Cadiz-339x226.jpg 339w\" sizes=\"(max-width: 768px) 100vw, 768px\" \/>\t\t\t\t\t\t\t\t\t\t\t<figcaption class=\"widget-image-caption wp-caption-text\"><\/figcaption>\n\t\t\t\t\t\t\t\t\t\t<\/figure>\n\t\t\t\t\t\t\t\t\t<\/div>\n\t\t\t\t<\/div>\n\t\t\t\t<div class=\"elementor-element elementor-element-f5ee04a elementor-widget elementor-widget-text-editor\" data-id=\"f5ee04a\" data-element_type=\"widget\" data-e-type=\"widget\" data-widget_type=\"text-editor.default\">\n\t\t\t\t<div class=\"elementor-widget-container\">\n\t\t\t\t\t\t\t\t\t<p>El dibuix del mosaic informatiu representa una barbacana defensant la torre, ara inexistent.<\/p>\t\t\t\t\t\t\t\t<\/div>\n\t\t\t\t<\/div>\n\t\t\t\t<div class=\"elementor-element elementor-element-1b162b2 elementor-widget elementor-widget-image\" data-id=\"1b162b2\" data-element_type=\"widget\" data-e-type=\"widget\" data-widget_type=\"image.default\">\n\t\t\t\t<div class=\"elementor-widget-container\">\n\t\t\t\t\t\t\t\t\t\t\t\t<figure class=\"wp-caption\">\n\t\t\t\t\t\t\t\t\t\t<img loading=\"lazy\" decoding=\"async\" width=\"768\" height=\"512\" src=\"https:\/\/www.elturistatranquil.com\/wp-content\/uploads\/F38-Murallas-de-Tarifa-Cadiz.jpg\" class=\"attachment-large size-large wp-image-39688\" alt=\"Murallas de Tarifa, Cadiz\" srcset=\"https:\/\/www.elturistatranquil.com\/wp-content\/uploads\/F38-Murallas-de-Tarifa-Cadiz.jpg 768w, https:\/\/www.elturistatranquil.com\/wp-content\/uploads\/F38-Murallas-de-Tarifa-Cadiz-339x226.jpg 339w\" sizes=\"(max-width: 768px) 100vw, 768px\" \/>\t\t\t\t\t\t\t\t\t\t\t<figcaption class=\"widget-image-caption wp-caption-text\"><\/figcaption>\n\t\t\t\t\t\t\t\t\t\t<\/figure>\n\t\t\t\t\t\t\t\t\t<\/div>\n\t\t\t\t<\/div>\n\t\t\t\t<div class=\"elementor-element elementor-element-5823f5a elementor-widget elementor-widget-image\" data-id=\"5823f5a\" data-element_type=\"widget\" data-e-type=\"widget\" data-widget_type=\"image.default\">\n\t\t\t\t<div class=\"elementor-widget-container\">\n\t\t\t\t\t\t\t\t\t\t\t\t<figure class=\"wp-caption\">\n\t\t\t\t\t\t\t\t\t\t<img loading=\"lazy\" decoding=\"async\" width=\"768\" height=\"511\" src=\"https:\/\/www.elturistatranquil.com\/wp-content\/uploads\/F40-Murallas-de-Tarifa-Cadiz.jpg\" class=\"attachment-large size-large wp-image-39696\" alt=\"Murallas de Tarifa, Cadiz\" srcset=\"https:\/\/www.elturistatranquil.com\/wp-content\/uploads\/F40-Murallas-de-Tarifa-Cadiz.jpg 768w, https:\/\/www.elturistatranquil.com\/wp-content\/uploads\/F40-Murallas-de-Tarifa-Cadiz-339x226.jpg 339w\" sizes=\"(max-width: 768px) 100vw, 768px\" \/>\t\t\t\t\t\t\t\t\t\t\t<figcaption class=\"widget-image-caption wp-caption-text\"><\/figcaption>\n\t\t\t\t\t\t\t\t\t\t<\/figure>\n\t\t\t\t\t\t\t\t\t<\/div>\n\t\t\t\t<\/div>\n\t\t\t\t<div class=\"elementor-element elementor-element-1775159 elementor-widget elementor-widget-image\" data-id=\"1775159\" data-element_type=\"widget\" data-e-type=\"widget\" data-widget_type=\"image.default\">\n\t\t\t\t<div class=\"elementor-widget-container\">\n\t\t\t\t\t\t\t\t\t\t\t\t<figure class=\"wp-caption\">\n\t\t\t\t\t\t\t\t\t\t<img loading=\"lazy\" decoding=\"async\" width=\"768\" height=\"511\" src=\"https:\/\/www.elturistatranquil.com\/wp-content\/uploads\/F41-Murallas-de-Tarifa-Cadiz.jpg\" class=\"attachment-large size-large wp-image-39698\" alt=\"Murallas de Tarifa, Cadiz\" srcset=\"https:\/\/www.elturistatranquil.com\/wp-content\/uploads\/F41-Murallas-de-Tarifa-Cadiz.jpg 768w, https:\/\/www.elturistatranquil.com\/wp-content\/uploads\/F41-Murallas-de-Tarifa-Cadiz-339x226.jpg 339w\" sizes=\"(max-width: 768px) 100vw, 768px\" \/>\t\t\t\t\t\t\t\t\t\t\t<figcaption class=\"widget-image-caption wp-caption-text\"><\/figcaption>\n\t\t\t\t\t\t\t\t\t\t<\/figure>\n\t\t\t\t\t\t\t\t\t<\/div>\n\t\t\t\t<\/div>\n\t\t\t\t<div class=\"elementor-element elementor-element-ef194fc elementor-widget elementor-widget-text-editor\" data-id=\"ef194fc\" data-element_type=\"widget\" data-e-type=\"widget\" data-widget_type=\"text-editor.default\">\n\t\t\t\t<div class=\"elementor-widget-container\">\n\t\t\t\t\t\t\t\t\t<p>A l&#8217;\u00faltim tros de llen\u00e7, als peus de la <strong>torre 15<\/strong>, s&#8217;obre la <strong>portella de Santiago<\/strong>. Per aquesta portella, o porta auxiliar de la muralla, va ser per on van entrar les tropes cristianes que van conquerir Tarifa l&#8217;any 1292.<\/p>\t\t\t\t\t\t\t\t<\/div>\n\t\t\t\t<\/div>\n\t\t\t\t<div class=\"elementor-element elementor-element-2c223ed elementor-widget elementor-widget-image\" data-id=\"2c223ed\" data-element_type=\"widget\" data-e-type=\"widget\" data-widget_type=\"image.default\">\n\t\t\t\t<div class=\"elementor-widget-container\">\n\t\t\t\t\t\t\t\t\t\t\t\t<figure class=\"wp-caption\">\n\t\t\t\t\t\t\t\t\t\t<img loading=\"lazy\" decoding=\"async\" width=\"768\" height=\"511\" src=\"https:\/\/www.elturistatranquil.com\/wp-content\/uploads\/F42-Murallas-de-Tarifa-Cadiz.jpg\" class=\"attachment-large size-large wp-image-39700\" alt=\"Murallas de Tarifa, Cadiz\" srcset=\"https:\/\/www.elturistatranquil.com\/wp-content\/uploads\/F42-Murallas-de-Tarifa-Cadiz.jpg 768w, https:\/\/www.elturistatranquil.com\/wp-content\/uploads\/F42-Murallas-de-Tarifa-Cadiz-339x226.jpg 339w\" sizes=\"(max-width: 768px) 100vw, 768px\" \/>\t\t\t\t\t\t\t\t\t\t\t<figcaption class=\"widget-image-caption wp-caption-text\"><\/figcaption>\n\t\t\t\t\t\t\t\t\t\t<\/figure>\n\t\t\t\t\t\t\t\t\t<\/div>\n\t\t\t\t<\/div>\n\t\t\t\t<div class=\"elementor-element elementor-element-dece8a7 elementor-widget elementor-widget-image\" data-id=\"dece8a7\" data-element_type=\"widget\" data-e-type=\"widget\" data-widget_type=\"image.default\">\n\t\t\t\t<div class=\"elementor-widget-container\">\n\t\t\t\t\t\t\t\t\t\t\t\t<figure class=\"wp-caption\">\n\t\t\t\t\t\t\t\t\t\t<img loading=\"lazy\" decoding=\"async\" width=\"768\" height=\"511\" src=\"https:\/\/www.elturistatranquil.com\/wp-content\/uploads\/F43-Murallas-de-Tarifa-Cadiz.jpg\" class=\"attachment-large size-large wp-image-39702\" alt=\"Murallas de Tarifa, Cadiz\" srcset=\"https:\/\/www.elturistatranquil.com\/wp-content\/uploads\/F43-Murallas-de-Tarifa-Cadiz.jpg 768w, https:\/\/www.elturistatranquil.com\/wp-content\/uploads\/F43-Murallas-de-Tarifa-Cadiz-339x226.jpg 339w\" sizes=\"(max-width: 768px) 100vw, 768px\" \/>\t\t\t\t\t\t\t\t\t\t\t<figcaption class=\"widget-image-caption wp-caption-text\"><\/figcaption>\n\t\t\t\t\t\t\t\t\t\t<\/figure>\n\t\t\t\t\t\t\t\t\t<\/div>\n\t\t\t\t<\/div>\n\t\t\t\t<div class=\"elementor-element elementor-element-89d5aca elementor-widget elementor-widget-text-editor\" data-id=\"89d5aca\" data-element_type=\"widget\" data-e-type=\"widget\" data-widget_type=\"text-editor.default\">\n\t\t\t\t<div class=\"elementor-widget-container\">\n\t\t\t\t\t\t\t\t\t<p>La torre cantonera de l&#8217;extrem sud-est de la Aljaranda est\u00e0 defensada per la <strong>torre de los Maderos<\/strong> (<strong>16<\/strong>). Amb l&#8217;aplicaci\u00f3 de l&#8217;artilleria, es va refor\u00e7ar i convertir en un baluard. Al seu interior hi ha l&#8217;antiga torre isl\u00e0mica.<\/p>\t\t\t\t\t\t\t\t<\/div>\n\t\t\t\t<\/div>\n\t\t\t\t<div class=\"elementor-element elementor-element-03b41ca elementor-widget elementor-widget-menu-anchor\" data-id=\"03b41ca\" data-element_type=\"widget\" data-e-type=\"widget\" data-widget_type=\"menu-anchor.default\">\n\t\t\t\t<div class=\"elementor-widget-container\">\n\t\t\t\t\t\t\t<div class=\"elementor-menu-anchor\" id=\"c7209\"><\/div>\n\t\t\t\t\t\t<\/div>\n\t\t\t\t<\/div>\n\t\t\t\t<div class=\"elementor-element elementor-element-46b8b56 elementor-widget elementor-widget-image\" data-id=\"46b8b56\" data-element_type=\"widget\" data-e-type=\"widget\" data-widget_type=\"image.default\">\n\t\t\t\t<div class=\"elementor-widget-container\">\n\t\t\t\t\t\t\t\t\t\t\t\t<figure class=\"wp-caption\">\n\t\t\t\t\t\t\t\t\t\t<img loading=\"lazy\" decoding=\"async\" width=\"768\" height=\"512\" src=\"https:\/\/www.elturistatranquil.com\/wp-content\/uploads\/F44a-Murallas-de-Tarifa-Cadiz.jpg\" class=\"attachment-large size-large wp-image-39704\" alt=\"Murallas de Tarifa, Cadiz\" srcset=\"https:\/\/www.elturistatranquil.com\/wp-content\/uploads\/F44a-Murallas-de-Tarifa-Cadiz.jpg 768w, https:\/\/www.elturistatranquil.com\/wp-content\/uploads\/F44a-Murallas-de-Tarifa-Cadiz-339x226.jpg 339w\" sizes=\"(max-width: 768px) 100vw, 768px\" \/>\t\t\t\t\t\t\t\t\t\t\t<figcaption class=\"widget-image-caption wp-caption-text\"><\/figcaption>\n\t\t\t\t\t\t\t\t\t\t<\/figure>\n\t\t\t\t\t\t\t\t\t<\/div>\n\t\t\t\t<\/div>\n\t\t\t\t<div class=\"elementor-element elementor-element-788cb50 elementor-widget elementor-widget-heading\" data-id=\"788cb50\" data-element_type=\"widget\" data-e-type=\"widget\" data-widget_type=\"heading.default\">\n\t\t\t\t<div class=\"elementor-widget-container\">\n\t\t\t\t\t<h4 class=\"elementor-heading-title elementor-size-default\">Muralla de la Almedina<\/h4>\t\t\t\t<\/div>\n\t\t\t\t<\/div>\n\t\t\t\t<div class=\"elementor-element elementor-element-64af886 elementor-widget elementor-widget-text-editor\" data-id=\"64af886\" data-element_type=\"widget\" data-e-type=\"widget\" data-widget_type=\"text-editor.default\">\n\t\t\t\t<div class=\"elementor-widget-container\">\n\t\t\t\t\t\t\t\t\t<p>Davant del mar, s&#8217;est\u00e9n l&#8217;anomenada <strong>muralla de la Almedina<\/strong>, que abasta a la part oriental fins a la <strong>torre del Miramar<\/strong> (<strong>19<\/strong>) el llen\u00e7 corresponent a l&#8217;expansi\u00f3 de la Aljaranda, i a la part occidental, primer el llen\u00e7 de la <strong>Almedina<\/strong>. \u00c9s el que mostra la fotografia seg\u00fcent.<\/p>\t\t\t\t\t\t\t\t<\/div>\n\t\t\t\t<\/div>\n\t\t\t\t<div class=\"elementor-element elementor-element-4749403 elementor-widget elementor-widget-image\" data-id=\"4749403\" data-element_type=\"widget\" data-e-type=\"widget\" data-widget_type=\"image.default\">\n\t\t\t\t<div class=\"elementor-widget-container\">\n\t\t\t\t\t\t\t\t\t\t\t\t<figure class=\"wp-caption\">\n\t\t\t\t\t\t\t\t\t\t<img loading=\"lazy\" decoding=\"async\" width=\"768\" height=\"511\" src=\"https:\/\/www.elturistatranquil.com\/wp-content\/uploads\/F44b-Murallas-de-Tarifa-Cadiz.jpg\" class=\"attachment-large size-large wp-image-39706\" alt=\"Murallas de Tarifa, Cadiz\" srcset=\"https:\/\/www.elturistatranquil.com\/wp-content\/uploads\/F44b-Murallas-de-Tarifa-Cadiz.jpg 768w, https:\/\/www.elturistatranquil.com\/wp-content\/uploads\/F44b-Murallas-de-Tarifa-Cadiz-339x226.jpg 339w\" sizes=\"(max-width: 768px) 100vw, 768px\" \/>\t\t\t\t\t\t\t\t\t\t\t<figcaption class=\"widget-image-caption wp-caption-text\"><\/figcaption>\n\t\t\t\t\t\t\t\t\t\t<\/figure>\n\t\t\t\t\t\t\t\t\t<\/div>\n\t\t\t\t<\/div>\n\t\t\t\t<div class=\"elementor-element elementor-element-369e1c9 elementor-widget elementor-widget-text-editor\" data-id=\"369e1c9\" data-element_type=\"widget\" data-e-type=\"widget\" data-widget_type=\"text-editor.default\">\n\t\t\t\t<div class=\"elementor-widget-container\">\n\t\t\t\t\t\t\t\t\t<p>La fotografia mostra la <strong>torre 17<\/strong>, \u00e9s espai on hi hauria la <strong>torre 18<\/strong> i la <strong>torre del Miramar<\/strong> (<strong>19<\/strong>), del recinte de la Aljaranda.<\/p>\t\t\t\t\t\t\t\t<\/div>\n\t\t\t\t<\/div>\n\t\t\t\t<div class=\"elementor-element elementor-element-7066f57 elementor-widget elementor-widget-image\" data-id=\"7066f57\" data-element_type=\"widget\" data-e-type=\"widget\" data-widget_type=\"image.default\">\n\t\t\t\t<div class=\"elementor-widget-container\">\n\t\t\t\t\t\t\t\t\t\t\t\t<figure class=\"wp-caption\">\n\t\t\t\t\t\t\t\t\t\t<img loading=\"lazy\" decoding=\"async\" width=\"768\" height=\"511\" src=\"https:\/\/www.elturistatranquil.com\/wp-content\/uploads\/F45-Murallas-de-Tarifa-Cadiz.jpg\" class=\"attachment-large size-large wp-image-39708\" alt=\"Murallas de Tarifa, Cadiz\" srcset=\"https:\/\/www.elturistatranquil.com\/wp-content\/uploads\/F45-Murallas-de-Tarifa-Cadiz.jpg 768w, https:\/\/www.elturistatranquil.com\/wp-content\/uploads\/F45-Murallas-de-Tarifa-Cadiz-339x226.jpg 339w\" sizes=\"(max-width: 768px) 100vw, 768px\" \/>\t\t\t\t\t\t\t\t\t\t\t<figcaption class=\"widget-image-caption wp-caption-text\"><\/figcaption>\n\t\t\t\t\t\t\t\t\t\t<\/figure>\n\t\t\t\t\t\t\t\t\t<\/div>\n\t\t\t\t<\/div>\n\t\t\t\t<div class=\"elementor-element elementor-element-54ba19a elementor-widget elementor-widget-image\" data-id=\"54ba19a\" data-element_type=\"widget\" data-e-type=\"widget\" data-widget_type=\"image.default\">\n\t\t\t\t<div class=\"elementor-widget-container\">\n\t\t\t\t\t\t\t\t\t\t\t\t<figure class=\"wp-caption\">\n\t\t\t\t\t\t\t\t\t\t<img loading=\"lazy\" decoding=\"async\" width=\"768\" height=\"512\" src=\"https:\/\/www.elturistatranquil.com\/wp-content\/uploads\/F46-Murallas-de-Tarifa-Cadiz.jpg\" class=\"attachment-large size-large wp-image-39710\" alt=\"Murallas de Tarifa, Cadiz\" srcset=\"https:\/\/www.elturistatranquil.com\/wp-content\/uploads\/F46-Murallas-de-Tarifa-Cadiz.jpg 768w, https:\/\/www.elturistatranquil.com\/wp-content\/uploads\/F46-Murallas-de-Tarifa-Cadiz-339x226.jpg 339w\" sizes=\"(max-width: 768px) 100vw, 768px\" \/>\t\t\t\t\t\t\t\t\t\t\t<figcaption class=\"widget-image-caption wp-caption-text\"><\/figcaption>\n\t\t\t\t\t\t\t\t\t\t<\/figure>\n\t\t\t\t\t\t\t\t\t<\/div>\n\t\t\t\t<\/div>\n\t\t\t\t<div class=\"elementor-element elementor-element-50c6d1c elementor-widget elementor-widget-text-editor\" data-id=\"50c6d1c\" data-element_type=\"widget\" data-e-type=\"widget\" data-widget_type=\"text-editor.default\">\n\t\t\t\t<div class=\"elementor-widget-container\">\n\t\t\t\t\t\t\t\t\t<p>La <strong>torre del Miramar<\/strong> (<strong>19<\/strong>), era la torre cantonera que tancava la primera muralla de la Medina cap a ponent.<\/p><p>Aquest costat sud encarat al mar \u00e9s l&#8217;\u00fanic que es conserva visible, mentre que la muralla interior va quedar absorbida per les construccions urbanes que se li van adossar en construir-se la muralla del Raval, i perdre el paper defensiu intramurs.<\/p><p>A la dreta, el <strong>boquete de C\u00e1diz<\/strong>, on s&#8217;efectuava la prolongaci\u00f3 de la muralla amb l&#8217;ampliaci\u00f3 del recinte de la Aljaranda.<\/p>\t\t\t\t\t\t\t\t<\/div>\n\t\t\t\t<\/div>\n\t\t\t\t<div class=\"elementor-element elementor-element-f0e71e5 elementor-widget elementor-widget-image\" data-id=\"f0e71e5\" data-element_type=\"widget\" data-e-type=\"widget\" data-widget_type=\"image.default\">\n\t\t\t\t<div class=\"elementor-widget-container\">\n\t\t\t\t\t\t\t\t\t\t\t\t<figure class=\"wp-caption\">\n\t\t\t\t\t\t\t\t\t\t<img loading=\"lazy\" decoding=\"async\" width=\"768\" height=\"512\" src=\"https:\/\/www.elturistatranquil.com\/wp-content\/uploads\/F47-Murallas-de-Tarifa-Cadiz.jpg\" class=\"attachment-large size-large wp-image-39712\" alt=\"Murallas de Tarifa, Cadiz\" srcset=\"https:\/\/www.elturistatranquil.com\/wp-content\/uploads\/F47-Murallas-de-Tarifa-Cadiz.jpg 768w, https:\/\/www.elturistatranquil.com\/wp-content\/uploads\/F47-Murallas-de-Tarifa-Cadiz-339x226.jpg 339w\" sizes=\"(max-width: 768px) 100vw, 768px\" \/>\t\t\t\t\t\t\t\t\t\t\t<figcaption class=\"widget-image-caption wp-caption-text\"><\/figcaption>\n\t\t\t\t\t\t\t\t\t\t<\/figure>\n\t\t\t\t\t\t\t\t\t<\/div>\n\t\t\t\t<\/div>\n\t\t\t\t<div class=\"elementor-element elementor-element-2291c67 elementor-widget elementor-widget-image\" data-id=\"2291c67\" data-element_type=\"widget\" data-e-type=\"widget\" data-widget_type=\"image.default\">\n\t\t\t\t<div class=\"elementor-widget-container\">\n\t\t\t\t\t\t\t\t\t\t\t\t<figure class=\"wp-caption\">\n\t\t\t\t\t\t\t\t\t\t<img loading=\"lazy\" decoding=\"async\" width=\"768\" height=\"511\" src=\"https:\/\/www.elturistatranquil.com\/wp-content\/uploads\/F48-Murallas-de-Tarifa-Cadiz.jpg\" class=\"attachment-large size-large wp-image-39714\" alt=\"Murallas de Tarifa, Cadiz\" srcset=\"https:\/\/www.elturistatranquil.com\/wp-content\/uploads\/F48-Murallas-de-Tarifa-Cadiz.jpg 768w, https:\/\/www.elturistatranquil.com\/wp-content\/uploads\/F48-Murallas-de-Tarifa-Cadiz-339x226.jpg 339w\" sizes=\"(max-width: 768px) 100vw, 768px\" \/>\t\t\t\t\t\t\t\t\t\t\t<figcaption class=\"widget-image-caption wp-caption-text\"><\/figcaption>\n\t\t\t\t\t\t\t\t\t\t<\/figure>\n\t\t\t\t\t\t\t\t\t<\/div>\n\t\t\t\t<\/div>\n\t\t\t\t<div class=\"elementor-element elementor-element-d1a8d8c elementor-widget elementor-widget-text-editor\" data-id=\"d1a8d8c\" data-element_type=\"widget\" data-e-type=\"widget\" data-widget_type=\"text-editor.default\">\n\t\t\t\t<div class=\"elementor-widget-container\">\n\t\t\t\t\t\t\t\t\t<p>Aquest llen\u00e7 de muralla est\u00e0 defensat per les <strong>torres 19 a 22<\/strong>.<\/p>\t\t\t\t\t\t\t\t<\/div>\n\t\t\t\t<\/div>\n\t\t\t\t<div class=\"elementor-element elementor-element-3c5cb95 elementor-widget elementor-widget-image\" data-id=\"3c5cb95\" data-element_type=\"widget\" data-e-type=\"widget\" data-widget_type=\"image.default\">\n\t\t\t\t<div class=\"elementor-widget-container\">\n\t\t\t\t\t\t\t\t\t\t\t\t<figure class=\"wp-caption\">\n\t\t\t\t\t\t\t\t\t\t<img loading=\"lazy\" decoding=\"async\" width=\"768\" height=\"511\" src=\"https:\/\/www.elturistatranquil.com\/wp-content\/uploads\/F50-Murallas-de-Tarifa-Cadiz.jpg\" class=\"attachment-large size-large wp-image-39716\" alt=\"Murallas de Tarifa, Cadiz\" srcset=\"https:\/\/www.elturistatranquil.com\/wp-content\/uploads\/F50-Murallas-de-Tarifa-Cadiz.jpg 768w, https:\/\/www.elturistatranquil.com\/wp-content\/uploads\/F50-Murallas-de-Tarifa-Cadiz-339x226.jpg 339w\" sizes=\"(max-width: 768px) 100vw, 768px\" \/>\t\t\t\t\t\t\t\t\t\t\t<figcaption class=\"widget-image-caption wp-caption-text\"><\/figcaption>\n\t\t\t\t\t\t\t\t\t\t<\/figure>\n\t\t\t\t\t\t\t\t\t<\/div>\n\t\t\t\t<\/div>\n\t\t\t\t<div class=\"elementor-element elementor-element-abb2480 elementor-widget elementor-widget-image\" data-id=\"abb2480\" data-element_type=\"widget\" data-e-type=\"widget\" data-widget_type=\"image.default\">\n\t\t\t\t<div class=\"elementor-widget-container\">\n\t\t\t\t\t\t\t\t\t\t\t\t<figure class=\"wp-caption\">\n\t\t\t\t\t\t\t\t\t\t<img loading=\"lazy\" decoding=\"async\" width=\"768\" height=\"511\" src=\"https:\/\/www.elturistatranquil.com\/wp-content\/uploads\/F51-Murallas-de-Tarifa-Cadiz.jpg\" class=\"attachment-large size-large wp-image-39718\" alt=\"Murallas de Tarifa, Cadiz\" srcset=\"https:\/\/www.elturistatranquil.com\/wp-content\/uploads\/F51-Murallas-de-Tarifa-Cadiz.jpg 768w, https:\/\/www.elturistatranquil.com\/wp-content\/uploads\/F51-Murallas-de-Tarifa-Cadiz-339x226.jpg 339w\" sizes=\"(max-width: 768px) 100vw, 768px\" \/>\t\t\t\t\t\t\t\t\t\t\t<figcaption class=\"widget-image-caption wp-caption-text\"><\/figcaption>\n\t\t\t\t\t\t\t\t\t\t<\/figure>\n\t\t\t\t\t\t\t\t\t<\/div>\n\t\t\t\t<\/div>\n\t\t\t\t<div class=\"elementor-element elementor-element-5f92cc5 elementor-widget elementor-widget-text-editor\" data-id=\"5f92cc5\" data-element_type=\"widget\" data-e-type=\"widget\" data-widget_type=\"text-editor.default\">\n\t\t\t\t<div class=\"elementor-widget-container\">\n\t\t\t\t\t\t\t\t\t<p>La muralla acaba a la <strong>torre de la Atalaya <\/strong>o de<strong> Santa Mar\u00eda<\/strong> (<strong>22<\/strong>), torre cantonera que es prolonga fins al <strong>mur del Castell<\/strong>.<\/p>\t\t\t\t\t\t\t\t<\/div>\n\t\t\t\t<\/div>\n\t\t\t\t<div class=\"elementor-element elementor-element-86514b1 elementor-widget elementor-widget-image\" data-id=\"86514b1\" data-element_type=\"widget\" data-e-type=\"widget\" data-widget_type=\"image.default\">\n\t\t\t\t<div class=\"elementor-widget-container\">\n\t\t\t\t\t\t\t\t\t\t\t\t<figure class=\"wp-caption\">\n\t\t\t\t\t\t\t\t\t\t<img loading=\"lazy\" decoding=\"async\" width=\"768\" height=\"511\" src=\"https:\/\/www.elturistatranquil.com\/wp-content\/uploads\/F53-Murallas-de-Tarifa-Cadiz.jpg\" class=\"attachment-large size-large wp-image-39720\" alt=\"Murallas de Tarifa, Cadiz\" srcset=\"https:\/\/www.elturistatranquil.com\/wp-content\/uploads\/F53-Murallas-de-Tarifa-Cadiz.jpg 768w, https:\/\/www.elturistatranquil.com\/wp-content\/uploads\/F53-Murallas-de-Tarifa-Cadiz-339x226.jpg 339w\" sizes=\"(max-width: 768px) 100vw, 768px\" \/>\t\t\t\t\t\t\t\t\t\t\t<figcaption class=\"widget-image-caption wp-caption-text\"><\/figcaption>\n\t\t\t\t\t\t\t\t\t\t<\/figure>\n\t\t\t\t\t\t\t\t\t<\/div>\n\t\t\t\t<\/div>\n\t\t\t\t<div class=\"elementor-element elementor-element-277a0c9 elementor-widget elementor-widget-text-editor\" data-id=\"277a0c9\" data-element_type=\"widget\" data-e-type=\"widget\" data-widget_type=\"text-editor.default\">\n\t\t\t\t<div class=\"elementor-widget-container\">\n\t\t\t\t\t\t\t\t\t<p>A partir de la torre de la Atalaya s&#8217;estenen els murs del castell de Tarifa que acaba a la <strong>torre de Guzm\u00e1n el Bueno<\/strong> (<strong>23<\/strong>).<\/p><p>Al fons a la dreta la torre de la Atalaya i el llen\u00e7 de muralla que es tanca sobre el mur del Castell, que avan\u00e7a imponent cap a l&#8217;oest.<\/p>\t\t\t\t\t\t\t\t<\/div>\n\t\t\t\t<\/div>\n\t\t\t\t<div class=\"elementor-element elementor-element-11b1dcb elementor-widget elementor-widget-image\" data-id=\"11b1dcb\" data-element_type=\"widget\" data-e-type=\"widget\" data-widget_type=\"image.default\">\n\t\t\t\t<div class=\"elementor-widget-container\">\n\t\t\t\t\t\t\t\t\t\t\t\t<figure class=\"wp-caption\">\n\t\t\t\t\t\t\t\t\t\t<img loading=\"lazy\" decoding=\"async\" width=\"768\" height=\"512\" src=\"https:\/\/www.elturistatranquil.com\/wp-content\/uploads\/F55-Murallas-de-Tarifa-Cadiz.jpg\" class=\"attachment-large size-large wp-image-39722\" alt=\"Murallas de Tarifa, Cadiz\" srcset=\"https:\/\/www.elturistatranquil.com\/wp-content\/uploads\/F55-Murallas-de-Tarifa-Cadiz.jpg 768w, https:\/\/www.elturistatranquil.com\/wp-content\/uploads\/F55-Murallas-de-Tarifa-Cadiz-339x226.jpg 339w\" sizes=\"(max-width: 768px) 100vw, 768px\" \/>\t\t\t\t\t\t\t\t\t\t\t<figcaption class=\"widget-image-caption wp-caption-text\"><\/figcaption>\n\t\t\t\t\t\t\t\t\t\t<\/figure>\n\t\t\t\t\t\t\t\t\t<\/div>\n\t\t\t\t<\/div>\n\t\t\t\t<div class=\"elementor-element elementor-element-505a580 elementor-widget elementor-widget-text-editor\" data-id=\"505a580\" data-element_type=\"widget\" data-e-type=\"widget\" data-widget_type=\"text-editor.default\">\n\t\t\t\t<div class=\"elementor-widget-container\">\n\t\t\t\t\t\t\t\t\t<p>Al segle XIV es va construir una segona coratxa entre el castell i la torre albarrana de Guzm\u00e1n el Bueno, on s&#8217;obria la <strong>porta del Mar<\/strong>, que permetia accedir al port per una rampa.<\/p><p>La porta presenta un arc lleugerament apuntat.<\/p><p>Al mateix temps es va obrir la <strong>porta de la Coracha<\/strong> sobre la coratxa d&#8217;\u00e8poca almohade, que permetia l&#8217;acc\u00e9s al recinte del Raval, establint-se una comunicaci\u00f3 des del Raval amb el port. Actualment aquesta altra porta \u00e9s la que serveix d\u2019acc\u00e9s al Castell.<\/p>\t\t\t\t\t\t\t\t<\/div>\n\t\t\t\t<\/div>\n\t\t\t\t<div class=\"elementor-element elementor-element-5bf152b elementor-widget elementor-widget-image\" data-id=\"5bf152b\" data-element_type=\"widget\" data-e-type=\"widget\" data-widget_type=\"image.default\">\n\t\t\t\t<div class=\"elementor-widget-container\">\n\t\t\t\t\t\t\t\t\t\t\t\t<figure class=\"wp-caption\">\n\t\t\t\t\t\t\t\t\t\t<img loading=\"lazy\" decoding=\"async\" width=\"768\" height=\"512\" src=\"https:\/\/www.elturistatranquil.com\/wp-content\/uploads\/F55-Puerta-del-Mar.-Murallas-de-Tarifa-Cadiz.jpg\" class=\"attachment-large size-large wp-image-39724\" alt=\"Puerta del Mar. Murallas de Tarifa, Cadiz\" srcset=\"https:\/\/www.elturistatranquil.com\/wp-content\/uploads\/F55-Puerta-del-Mar.-Murallas-de-Tarifa-Cadiz.jpg 768w, https:\/\/www.elturistatranquil.com\/wp-content\/uploads\/F55-Puerta-del-Mar.-Murallas-de-Tarifa-Cadiz-339x226.jpg 339w\" sizes=\"(max-width: 768px) 100vw, 768px\" \/>\t\t\t\t\t\t\t\t\t\t\t<figcaption class=\"widget-image-caption wp-caption-text\"><\/figcaption>\n\t\t\t\t\t\t\t\t\t\t<\/figure>\n\t\t\t\t\t\t\t\t\t<\/div>\n\t\t\t\t<\/div>\n\t\t\t\t<div class=\"elementor-element elementor-element-abb9313 elementor-widget elementor-widget-text-editor\" data-id=\"abb9313\" data-element_type=\"widget\" data-e-type=\"widget\" data-widget_type=\"text-editor.default\">\n\t\t\t\t<div class=\"elementor-widget-container\">\n\t\t\t\t\t\t\t\t\t<p>La <strong>torre de Guzm\u00e1n el Bueno<\/strong> (<strong>23<\/strong>) \u00e9s una torre albarrana del Castell de base octogonal, constru\u00efda en f\u00e0brica de t\u00e0pia segons la t\u00e8cnica almohade al segle XII. Actualment molt modificada amb carreus i ma\u00e7oneria.<\/p><p>Tenia la funci\u00f3 de refor\u00e7ar la defensa del front oest del Castell.<\/p><p>Est\u00e0 separada uns 40 metres del Castell i unida a ell per una coratxa amb adarb i doble parapet.<\/p><p>La circumfer\u00e8ncia envoltant de l&#8217;oct\u00f2gon t\u00e9 uns 14,5 metres de di\u00e0metre. L&#8217;al\u00e7ada original era d&#8217;uns 25 metres, per\u00f2 despr\u00e9s dels desperfectes patits al segle XIV va quedar redu\u00efda la seva al\u00e7ada. Es va reparar amb addici\u00f3 de carreus i va permetre la col\u00b7locaci\u00f3 d&#8217;artilleria al seu terrat.<\/p><p>Per la seva posici\u00f3 i al\u00e7ada va haver de servir de talaia principal integrada en el sistema de merlets de guaita i comunicaci\u00f3.<\/p>\t\t\t\t\t\t\t\t<\/div>\n\t\t\t\t<\/div>\n\t\t\t\t<div class=\"elementor-element elementor-element-51711c1 elementor-widget elementor-widget-menu-anchor\" data-id=\"51711c1\" data-element_type=\"widget\" data-e-type=\"widget\" data-widget_type=\"menu-anchor.default\">\n\t\t\t\t<div class=\"elementor-widget-container\">\n\t\t\t\t\t\t\t<div class=\"elementor-menu-anchor\" id=\"c7210\"><\/div>\n\t\t\t\t\t\t<\/div>\n\t\t\t\t<\/div>\n\t\t\t\t<div class=\"elementor-element elementor-element-1c8e029 elementor-widget elementor-widget-image\" data-id=\"1c8e029\" data-element_type=\"widget\" data-e-type=\"widget\" data-widget_type=\"image.default\">\n\t\t\t\t<div class=\"elementor-widget-container\">\n\t\t\t\t\t\t\t\t\t\t\t\t<figure class=\"wp-caption\">\n\t\t\t\t\t\t\t\t\t\t<img loading=\"lazy\" decoding=\"async\" width=\"768\" height=\"512\" src=\"https:\/\/www.elturistatranquil.com\/wp-content\/uploads\/F56-Castillo-de-Tarifa-Cadiz.jpg\" class=\"attachment-large size-large wp-image-39728\" alt=\"Castillo de Tarifa, Cadiz\" srcset=\"https:\/\/www.elturistatranquil.com\/wp-content\/uploads\/F56-Castillo-de-Tarifa-Cadiz.jpg 768w, https:\/\/www.elturistatranquil.com\/wp-content\/uploads\/F56-Castillo-de-Tarifa-Cadiz-339x226.jpg 339w\" sizes=\"(max-width: 768px) 100vw, 768px\" \/>\t\t\t\t\t\t\t\t\t\t\t<figcaption class=\"widget-image-caption wp-caption-text\"><\/figcaption>\n\t\t\t\t\t\t\t\t\t\t<\/figure>\n\t\t\t\t\t\t\t\t\t<\/div>\n\t\t\t\t<\/div>\n\t\t\t\t<div class=\"elementor-element elementor-element-504eab3 elementor-widget elementor-widget-heading\" data-id=\"504eab3\" data-element_type=\"widget\" data-e-type=\"widget\" data-widget_type=\"heading.default\">\n\t\t\t\t<div class=\"elementor-widget-container\">\n\t\t\t\t\t<h4 class=\"elementor-heading-title elementor-size-default\">Castell de Tarifa o de Guzm\u00e1n \u201cel Bueno\u201d<\/h4>\t\t\t\t<\/div>\n\t\t\t\t<\/div>\n\t\t\t\t<div class=\"elementor-element elementor-element-570c58a elementor-widget elementor-widget-text-editor\" data-id=\"570c58a\" data-element_type=\"widget\" data-e-type=\"widget\" data-widget_type=\"text-editor.default\">\n\t\t\t\t<div class=\"elementor-widget-container\">\n\t\t\t\t\t\t\t\t\t<p>No ens va ser possible visitar-lo per problemes d\u00b4horari. Ens queda, per\u00f2, la imatge de la seva impressionant planta massissa.<\/p><p>El castell \u00e9s de tipus urb\u00e0 defensiu de costa (veure: <a href=\"https:\/\/www.elturistatranquil.com\/ca\/els-castells-medievals-a-espanya-tipologies\/\" target=\"_blank\" rel=\"noopener\">Els Castells medievals a Espanya. Tipologies<\/a>).<\/p><p>Assentat sobre un sortint roc\u00f3s davant del mar, De planta trapezoidal, amb quatre fronts de muralla amb torres i una superf\u00edcie d&#8217;uns 2.000 metres<sup>2<\/sup>. Els murs tenen una al\u00e7ada d&#8217;uns 10 metres i un gruix que arriba als 3,60 metres a la porta principal.<\/p><p>Al segle X tenia 15 torres rectangulars que sobresortien al llarg dels quatre murs.<\/p><p>La localitzaci\u00f3 de la fortalesa al costat de l&#8217;Estret de Gibraltar, al lloc m\u00e9s meridional de la Pen\u00ednsula Ib\u00e8rica, li va valer la denominaci\u00f3 de l&#8217;\u00faltim castell d&#8217;Europa. De fet, la seva ubicaci\u00f3 estrat\u00e8gica el va convertir, durant segles, a la porta d&#8217;entrada i sortida al Vell continent. El castell de Tarifa \u00e9s popularment conegut com el castell de Guzm\u00e1n &#8220;el Bueno&#8221; per la hist\u00f2ria protagonitzada per aquest personatge amb tints llegendaris.<\/p><p>Aquest castell mil\u00b7lenari, declarat <em>Monument Historicoart\u00edstic<\/em> el 1931, \u00e9s la fortalesa d&#8217;origen califal m\u00e9s ben conservada de al-\u00c0ndalus.<\/p><p>Aquesta fortalesa medieval s&#8217;assenta, probablement, sobre un nucli rom\u00e0 primitiu. Gr\u00e0cies a la l\u00e0pida inscrita situada a la part superior de la porta que mira a Occident, se sap que el califa Abd al-Rahman III va ordenar la construcci\u00f3 d&#8217;un <em>bury<\/em> (castell) al mes de safar de l&#8217;any de l&#8217;H\u00e8gira de 349, \u00e9s a dir, a l&#8217;abril de l&#8217;any 960. Per tant, es tracta d&#8217;una obra omeia, els llen\u00e7os de la qual estan constru\u00efts amb l&#8217;aparell t\u00edpic de carreuat de llarg i trav\u00e9s a l&#8217;\u00fas cordov\u00e8s.<\/p>\t\t\t\t\t\t\t\t<\/div>\n\t\t\t\t<\/div>\n\t\t\t\t<div class=\"elementor-element elementor-element-ff2de04 elementor-widget elementor-widget-image\" data-id=\"ff2de04\" data-element_type=\"widget\" data-e-type=\"widget\" data-widget_type=\"image.default\">\n\t\t\t\t<div class=\"elementor-widget-container\">\n\t\t\t\t\t\t\t\t\t\t\t\t<figure class=\"wp-caption\">\n\t\t\t\t\t\t\t\t\t\t<img loading=\"lazy\" decoding=\"async\" width=\"768\" height=\"511\" src=\"https:\/\/www.elturistatranquil.com\/wp-content\/uploads\/F57-Castillo-de-Tarifa-Cadiz.jpg\" class=\"attachment-large size-large wp-image-39726\" alt=\"Castillo de Tarifa, Cadiz\" srcset=\"https:\/\/www.elturistatranquil.com\/wp-content\/uploads\/F57-Castillo-de-Tarifa-Cadiz.jpg 768w, https:\/\/www.elturistatranquil.com\/wp-content\/uploads\/F57-Castillo-de-Tarifa-Cadiz-339x226.jpg 339w\" sizes=\"(max-width: 768px) 100vw, 768px\" \/>\t\t\t\t\t\t\t\t\t\t\t<figcaption class=\"widget-image-caption wp-caption-text\"><\/figcaption>\n\t\t\t\t\t\t\t\t\t\t<\/figure>\n\t\t\t\t\t\t\t\t\t<\/div>\n\t\t\t\t<\/div>\n\t\t\t\t<div class=\"elementor-element elementor-element-f6b3bf0 elementor-widget elementor-widget-image\" data-id=\"f6b3bf0\" data-element_type=\"widget\" data-e-type=\"widget\" data-widget_type=\"image.default\">\n\t\t\t\t<div class=\"elementor-widget-container\">\n\t\t\t\t\t\t\t\t\t\t\t\t<figure class=\"wp-caption\">\n\t\t\t\t\t\t\t\t\t\t<img loading=\"lazy\" decoding=\"async\" width=\"768\" height=\"512\" src=\"https:\/\/www.elturistatranquil.com\/wp-content\/uploads\/F58-Castillo-de-Tarifa-Cadiz.jpg\" class=\"attachment-large size-large wp-image-39730\" alt=\"Castillo de Tarifa, Cadiz\" srcset=\"https:\/\/www.elturistatranquil.com\/wp-content\/uploads\/F58-Castillo-de-Tarifa-Cadiz.jpg 768w, https:\/\/www.elturistatranquil.com\/wp-content\/uploads\/F58-Castillo-de-Tarifa-Cadiz-339x226.jpg 339w\" sizes=\"(max-width: 768px) 100vw, 768px\" \/>\t\t\t\t\t\t\t\t\t\t\t<figcaption class=\"widget-image-caption wp-caption-text\"><\/figcaption>\n\t\t\t\t\t\t\t\t\t\t<\/figure>\n\t\t\t\t\t\t\t\t\t<\/div>\n\t\t\t\t<\/div>\n\t\t\t\t<div class=\"elementor-element elementor-element-9a1ea68 elementor-widget elementor-widget-image\" data-id=\"9a1ea68\" data-element_type=\"widget\" data-e-type=\"widget\" data-widget_type=\"image.default\">\n\t\t\t\t<div class=\"elementor-widget-container\">\n\t\t\t\t\t\t\t\t\t\t\t\t<figure class=\"wp-caption\">\n\t\t\t\t\t\t\t\t\t\t<img loading=\"lazy\" decoding=\"async\" width=\"768\" height=\"511\" src=\"https:\/\/www.elturistatranquil.com\/wp-content\/uploads\/F59-Castillo-de-Tarifa-Cadiz.jpg\" class=\"attachment-large size-large wp-image-39732\" alt=\"Museu del Suro, Palafrugell, Girona\" srcset=\"https:\/\/www.elturistatranquil.com\/wp-content\/uploads\/F59-Castillo-de-Tarifa-Cadiz.jpg 768w, https:\/\/www.elturistatranquil.com\/wp-content\/uploads\/F59-Castillo-de-Tarifa-Cadiz-339x226.jpg 339w\" sizes=\"(max-width: 768px) 100vw, 768px\" \/>\t\t\t\t\t\t\t\t\t\t\t<figcaption class=\"widget-image-caption wp-caption-text\"><\/figcaption>\n\t\t\t\t\t\t\t\t\t\t<\/figure>\n\t\t\t\t\t\t\t\t\t<\/div>\n\t\t\t\t<\/div>\n\t\t\t\t<div class=\"elementor-element elementor-element-4f4b961 elementor-widget elementor-widget-text-editor\" data-id=\"4f4b961\" data-element_type=\"widget\" data-e-type=\"widget\" data-widget_type=\"text-editor.default\">\n\t\t\t\t<div class=\"elementor-widget-container\">\n\t\t\t\t\t\t\t\t\t<p>La porta actual, <strong>porta de la Coracha<\/strong>, que donava acc\u00e9s al recinte del Castell des del Raval, est\u00e0 situada al costat de la torre de Guzm\u00e1n el Bueno i s&#8217;accedeix a l&#8217;espai entre les coratxes almohade del segle XIII i la exterior cristiana.<\/p>\t\t\t\t\t\t\t\t<\/div>\n\t\t\t\t<\/div>\n\t\t\t\t<div class=\"elementor-element elementor-element-e6c68e8 elementor-widget elementor-widget-image\" data-id=\"e6c68e8\" data-element_type=\"widget\" data-e-type=\"widget\" data-widget_type=\"image.default\">\n\t\t\t\t<div class=\"elementor-widget-container\">\n\t\t\t\t\t\t\t\t\t\t\t\t<figure class=\"wp-caption\">\n\t\t\t\t\t\t\t\t\t\t<img loading=\"lazy\" decoding=\"async\" width=\"768\" height=\"475\" src=\"https:\/\/www.elturistatranquil.com\/wp-content\/uploads\/F60-Castillo-de-Tarifa-Cadiz.jpg\" class=\"attachment-large size-large wp-image-39734\" alt=\"Castillo de Tarifa, Cadiz\" srcset=\"https:\/\/www.elturistatranquil.com\/wp-content\/uploads\/F60-Castillo-de-Tarifa-Cadiz.jpg 768w, https:\/\/www.elturistatranquil.com\/wp-content\/uploads\/F60-Castillo-de-Tarifa-Cadiz-339x210.jpg 339w\" sizes=\"(max-width: 768px) 100vw, 768px\" \/>\t\t\t\t\t\t\t\t\t\t\t<figcaption class=\"widget-image-caption wp-caption-text\"><\/figcaption>\n\t\t\t\t\t\t\t\t\t\t<\/figure>\n\t\t\t\t\t\t\t\t\t<\/div>\n\t\t\t\t<\/div>\n\t\t\t\t<div class=\"elementor-element elementor-element-b75fbeb elementor-widget elementor-widget-menu-anchor\" data-id=\"b75fbeb\" data-element_type=\"widget\" data-e-type=\"widget\" data-widget_type=\"menu-anchor.default\">\n\t\t\t\t<div class=\"elementor-widget-container\">\n\t\t\t\t\t\t\t<div class=\"elementor-menu-anchor\" id=\"c7211\"><\/div>\n\t\t\t\t\t\t<\/div>\n\t\t\t\t<\/div>\n\t\t\t\t<div class=\"elementor-element elementor-element-b396240 elementor-widget elementor-widget-text-editor\" data-id=\"b396240\" data-element_type=\"widget\" data-e-type=\"widget\" data-widget_type=\"text-editor.default\">\n\t\t\t\t<div class=\"elementor-widget-container\">\n\t\t\t\t\t\t\t\t\t<p>L&#8217;interior esta for\u00e7a ben conservat despr\u00e9s de servir per a la plana major de la Comand\u00e0ncia Militar. Actualment propietat de l&#8217;Ajuntament,<\/p><p>Es pot visitar de dimecres a diumenge al mat\u00ed. A m\u00e9s a m\u00e9s, cont\u00e9 el Centre d&#8217;Interpretaci\u00f3 del Castell i part del Museu d&#8217;Hist\u00f2ria de la Ciutat.<\/p>\t\t\t\t\t\t\t\t<\/div>\n\t\t\t\t<\/div>\n\t\t\t\t<div class=\"elementor-element elementor-element-609c3e9 elementor-widget elementor-widget-heading\" data-id=\"609c3e9\" data-element_type=\"widget\" data-e-type=\"widget\" data-widget_type=\"heading.default\">\n\t\t\t\t<div class=\"elementor-widget-container\">\n\t\t\t\t\t<h4 class=\"elementor-heading-title elementor-size-default\">Muralla de la Medina<\/h4>\t\t\t\t<\/div>\n\t\t\t\t<\/div>\n\t\t\t\t<div class=\"elementor-element elementor-element-6ebb15b elementor-widget elementor-widget-menu-anchor\" data-id=\"6ebb15b\" data-element_type=\"widget\" data-e-type=\"widget\" data-widget_type=\"menu-anchor.default\">\n\t\t\t\t<div class=\"elementor-widget-container\">\n\t\t\t\t\t\t\t<div class=\"elementor-menu-anchor\" id=\"c7212\"><\/div>\n\t\t\t\t\t\t<\/div>\n\t\t\t\t<\/div>\n\t\t\t\t<div class=\"elementor-element elementor-element-126cdd9 elementor-widget elementor-widget-text-editor\" data-id=\"126cdd9\" data-element_type=\"widget\" data-e-type=\"widget\" data-widget_type=\"text-editor.default\">\n\t\t\t\t<div class=\"elementor-widget-container\">\n\t\t\t\t\t\t\t\t\t<p>La <strong>muralla de la Medina<\/strong> seguiria el mur nord del Castell cap a l&#8217;est. En ampliar-se el recinte emmurallat per incorporar el Raval, la muralla va quedar absorbida per les construccions urbanes que s&#8217;hi van adossar.<\/p><p>Es conserva la porta d&#8217;entrada a l&#8217;antiga ciutat isl\u00e0mica, que es coneix com a <strong>porta de la Almedina<\/strong>. La veurem en rec\u00f3rrer l\u00b4interior de la ciutat.<\/p>\t\t\t\t\t\t\t\t<\/div>\n\t\t\t\t<\/div>\n\t\t\t\t<div class=\"elementor-element elementor-element-dccf7f7 elementor-widget elementor-widget-heading\" data-id=\"dccf7f7\" data-element_type=\"widget\" data-e-type=\"widget\" data-widget_type=\"heading.default\">\n\t\t\t\t<div class=\"elementor-widget-container\">\n\t\t\t\t\t<h4 class=\"elementor-heading-title elementor-size-default\">Muralla de la Alameda<\/h4>\t\t\t\t<\/div>\n\t\t\t\t<\/div>\n\t\t\t\t<div class=\"elementor-element elementor-element-0ca2631 elementor-widget elementor-widget-text-editor\" data-id=\"0ca2631\" data-element_type=\"widget\" data-e-type=\"widget\" data-widget_type=\"text-editor.default\">\n\t\t\t\t<div class=\"elementor-widget-container\">\n\t\t\t\t\t\t\t\t\t<p>Travessant el carrer Sancho IV el Bravo, per on discorria el rierol, s&#8217;inicia la muralla envoltant del Raval.<\/p><p>La <strong>muralla de la Alameda<\/strong> constitueix el costat de ponent d&#8217;aquest recinte d&#8217;ampliaci\u00f3.<\/p><p>Les torres de defensa d&#8217;aquest tram han desaparegut, per\u00f2 en queda visible un important llen\u00e7 (<strong>25<\/strong>).<\/p>\t\t\t\t\t\t\t\t<\/div>\n\t\t\t\t<\/div>\n\t\t\t\t<div class=\"elementor-element elementor-element-d8e633f elementor-widget elementor-widget-image\" data-id=\"d8e633f\" data-element_type=\"widget\" data-e-type=\"widget\" data-widget_type=\"image.default\">\n\t\t\t\t<div class=\"elementor-widget-container\">\n\t\t\t\t\t\t\t\t\t\t\t\t<figure class=\"wp-caption\">\n\t\t\t\t\t\t\t\t\t\t<img loading=\"lazy\" decoding=\"async\" width=\"768\" height=\"512\" src=\"https:\/\/www.elturistatranquil.com\/wp-content\/uploads\/F61-Murallas-de-Tarifa-Cadiz.jpg\" class=\"attachment-large size-large wp-image-39736\" alt=\"Murallas de Tarifa, Cadiz\" srcset=\"https:\/\/www.elturistatranquil.com\/wp-content\/uploads\/F61-Murallas-de-Tarifa-Cadiz.jpg 768w, https:\/\/www.elturistatranquil.com\/wp-content\/uploads\/F61-Murallas-de-Tarifa-Cadiz-339x226.jpg 339w\" sizes=\"(max-width: 768px) 100vw, 768px\" \/>\t\t\t\t\t\t\t\t\t\t\t<figcaption class=\"widget-image-caption wp-caption-text\"><\/figcaption>\n\t\t\t\t\t\t\t\t\t\t<\/figure>\n\t\t\t\t\t\t\t\t\t<\/div>\n\t\t\t\t<\/div>\n\t\t\t\t<div class=\"elementor-element elementor-element-3f6e1e5 elementor-widget elementor-widget-text-editor\" data-id=\"3f6e1e5\" data-element_type=\"widget\" data-e-type=\"widget\" data-widget_type=\"text-editor.default\">\n\t\t\t\t<div class=\"elementor-widget-container\">\n\t\t\t\t\t\t\t\t\t<p>Cap a la part nord s&#8217;obre el <strong>boquete de la Alameda<\/strong>, pel qual es va donar sortida al Raval.<\/p>\t\t\t\t\t\t\t\t<\/div>\n\t\t\t\t<\/div>\n\t\t\t\t<div class=\"elementor-element elementor-element-1f309ef elementor-widget elementor-widget-image\" data-id=\"1f309ef\" data-element_type=\"widget\" data-e-type=\"widget\" data-widget_type=\"image.default\">\n\t\t\t\t<div class=\"elementor-widget-container\">\n\t\t\t\t\t\t\t\t\t\t\t\t<figure class=\"wp-caption\">\n\t\t\t\t\t\t\t\t\t\t<img loading=\"lazy\" decoding=\"async\" width=\"768\" height=\"512\" src=\"https:\/\/www.elturistatranquil.com\/wp-content\/uploads\/F62-Boquete-de-la-Alameda-Murallas-de-Tarifa-Cadiz.jpg\" class=\"attachment-large size-large wp-image-39738\" alt=\"Boquete de la Alameda,, Murallas de Tarifa, Cadiz\" srcset=\"https:\/\/www.elturistatranquil.com\/wp-content\/uploads\/F62-Boquete-de-la-Alameda-Murallas-de-Tarifa-Cadiz.jpg 768w, https:\/\/www.elturistatranquil.com\/wp-content\/uploads\/F62-Boquete-de-la-Alameda-Murallas-de-Tarifa-Cadiz-339x226.jpg 339w\" sizes=\"(max-width: 768px) 100vw, 768px\" \/>\t\t\t\t\t\t\t\t\t\t\t<figcaption class=\"widget-image-caption wp-caption-text\"><\/figcaption>\n\t\t\t\t\t\t\t\t\t\t<\/figure>\n\t\t\t\t\t\t\t\t\t<\/div>\n\t\t\t\t<\/div>\n\t\t\t\t<div class=\"elementor-element elementor-element-5a4b1df elementor-widget elementor-widget-text-editor\" data-id=\"5a4b1df\" data-element_type=\"widget\" data-e-type=\"widget\" data-widget_type=\"text-editor.default\">\n\t\t\t\t<div class=\"elementor-widget-container\">\n\t\t\t\t\t\t\t\t\t<p>Al costat de\u00a0 <em>boquete<\/em> se situava la <strong>torre de la Sant\u00edsima Trinidad<\/strong> (<strong>26<\/strong>).<\/p>\t\t\t\t\t\t\t\t<\/div>\n\t\t\t\t<\/div>\n\t\t\t\t<div class=\"elementor-element elementor-element-a041f36 elementor-widget elementor-widget-image\" data-id=\"a041f36\" data-element_type=\"widget\" data-e-type=\"widget\" data-widget_type=\"image.default\">\n\t\t\t\t<div class=\"elementor-widget-container\">\n\t\t\t\t\t\t\t\t\t\t\t\t<figure class=\"wp-caption\">\n\t\t\t\t\t\t\t\t\t\t<img loading=\"lazy\" decoding=\"async\" width=\"768\" height=\"512\" src=\"https:\/\/www.elturistatranquil.com\/wp-content\/uploads\/F63-Boquete-de-la-Alameda-Murallas-de-Tarifa-Cadiz.jpg\" class=\"attachment-large size-large wp-image-39740\" alt=\"Boquete de la Alameda,, Murallas de Tarifa, Cadiz\" srcset=\"https:\/\/www.elturistatranquil.com\/wp-content\/uploads\/F63-Boquete-de-la-Alameda-Murallas-de-Tarifa-Cadiz.jpg 768w, https:\/\/www.elturistatranquil.com\/wp-content\/uploads\/F63-Boquete-de-la-Alameda-Murallas-de-Tarifa-Cadiz-339x226.jpg 339w\" sizes=\"(max-width: 768px) 100vw, 768px\" \/>\t\t\t\t\t\t\t\t\t\t\t<figcaption class=\"widget-image-caption wp-caption-text\"><\/figcaption>\n\t\t\t\t\t\t\t\t\t\t<\/figure>\n\t\t\t\t\t\t\t\t\t<\/div>\n\t\t\t\t<\/div>\n\t\t\t\t<div class=\"elementor-element elementor-element-853fa6b elementor-widget elementor-widget-text-editor\" data-id=\"853fa6b\" data-element_type=\"widget\" data-e-type=\"widget\" data-widget_type=\"text-editor.default\">\n\t\t\t\t<div class=\"elementor-widget-container\">\n\t\t\t\t\t\t\t\t\t<p>Ja a la cantonada occidental de la muralla es troba la <strong>torre de San Sebasti\u00e1n<\/strong> o <strong>torre Oscura<\/strong> (<strong>27<\/strong>).<\/p><p>Torre cantonera emmerletada, on es visualitza com s&#8217;adossen les cases a la muralla.<\/p>\t\t\t\t\t\t\t\t<\/div>\n\t\t\t\t<\/div>\n\t\t\t\t<div class=\"elementor-element elementor-element-873a43b elementor-widget elementor-widget-image\" data-id=\"873a43b\" data-element_type=\"widget\" data-e-type=\"widget\" data-widget_type=\"image.default\">\n\t\t\t\t<div class=\"elementor-widget-container\">\n\t\t\t\t\t\t\t\t\t\t\t\t<figure class=\"wp-caption\">\n\t\t\t\t\t\t\t\t\t\t<img loading=\"lazy\" decoding=\"async\" width=\"768\" height=\"512\" src=\"https:\/\/www.elturistatranquil.com\/wp-content\/uploads\/F64-Murallas-de-Tarifa-Cadiz.jpg\" class=\"attachment-large size-large wp-image-39742\" alt=\"Murallas de Tarifa, Cadiz\" srcset=\"https:\/\/www.elturistatranquil.com\/wp-content\/uploads\/F64-Murallas-de-Tarifa-Cadiz.jpg 768w, https:\/\/www.elturistatranquil.com\/wp-content\/uploads\/F64-Murallas-de-Tarifa-Cadiz-339x226.jpg 339w\" sizes=\"(max-width: 768px) 100vw, 768px\" \/>\t\t\t\t\t\t\t\t\t\t\t<figcaption class=\"widget-image-caption wp-caption-text\"><\/figcaption>\n\t\t\t\t\t\t\t\t\t\t<\/figure>\n\t\t\t\t\t\t\t\t\t<\/div>\n\t\t\t\t<\/div>\n\t\t\t\t<div class=\"elementor-element elementor-element-e298949 elementor-widget elementor-widget-image\" data-id=\"e298949\" data-element_type=\"widget\" data-e-type=\"widget\" data-widget_type=\"image.default\">\n\t\t\t\t<div class=\"elementor-widget-container\">\n\t\t\t\t\t\t\t\t\t\t\t\t<figure class=\"wp-caption\">\n\t\t\t\t\t\t\t\t\t\t<img loading=\"lazy\" decoding=\"async\" width=\"768\" height=\"511\" src=\"https:\/\/www.elturistatranquil.com\/wp-content\/uploads\/F65-Murallas-de-Tarifa-Cadiz.jpg\" class=\"attachment-large size-large wp-image-39744\" alt=\"Murallas de Tarifa, Cadiz\" srcset=\"https:\/\/www.elturistatranquil.com\/wp-content\/uploads\/F65-Murallas-de-Tarifa-Cadiz.jpg 768w, https:\/\/www.elturistatranquil.com\/wp-content\/uploads\/F65-Murallas-de-Tarifa-Cadiz-339x226.jpg 339w\" sizes=\"(max-width: 768px) 100vw, 768px\" \/>\t\t\t\t\t\t\t\t\t\t\t<figcaption class=\"widget-image-caption wp-caption-text\"><\/figcaption>\n\t\t\t\t\t\t\t\t\t\t<\/figure>\n\t\t\t\t\t\t\t\t\t<\/div>\n\t\t\t\t<\/div>\n\t\t\t\t<div class=\"elementor-element elementor-element-f873b7b elementor-widget elementor-widget-menu-anchor\" data-id=\"f873b7b\" data-element_type=\"widget\" data-e-type=\"widget\" data-widget_type=\"menu-anchor.default\">\n\t\t\t\t<div class=\"elementor-widget-container\">\n\t\t\t\t\t\t\t<div class=\"elementor-menu-anchor\" id=\"c7213\"><\/div>\n\t\t\t\t\t\t<\/div>\n\t\t\t\t<\/div>\n\t\t\t\t<div class=\"elementor-element elementor-element-71e8381 elementor-widget elementor-widget-text-editor\" data-id=\"71e8381\" data-element_type=\"widget\" data-e-type=\"widget\" data-widget_type=\"text-editor.default\">\n\t\t\t\t<div class=\"elementor-widget-container\">\n\t\t\t\t\t\t\t\t\t<p>Entre la torre de San Sebastian i la porta de Jerez, la muralla del Raval no mostra cap signe de mur ni de torre.<\/p><p>Hem arribat al punt d\u00b4arrencada del recorregut per l\u00b4exterior de les muralles de Tarifa.<\/p>\t\t\t\t\t\t\t\t<\/div>\n\t\t\t\t<\/div>\n\t\t\t\t<div class=\"elementor-element elementor-element-3eaeee6 elementor-widget elementor-widget-heading\" data-id=\"3eaeee6\" data-element_type=\"widget\" data-e-type=\"widget\" data-widget_type=\"heading.default\">\n\t\t\t\t<div class=\"elementor-widget-container\">\n\t\t\t\t\t<h3 class=\"elementor-heading-title elementor-size-default\">Recorregut per la Tarifa monumental<\/h3>\t\t\t\t<\/div>\n\t\t\t\t<\/div>\n\t\t\t\t<div class=\"elementor-element elementor-element-d954651 elementor-widget elementor-widget-image\" data-id=\"d954651\" data-element_type=\"widget\" data-e-type=\"widget\" data-widget_type=\"image.default\">\n\t\t\t\t<div class=\"elementor-widget-container\">\n\t\t\t\t\t\t\t\t\t\t\t\t<figure class=\"wp-caption\">\n\t\t\t\t\t\t\t\t\t\t<img loading=\"lazy\" decoding=\"async\" width=\"768\" height=\"512\" src=\"https:\/\/www.elturistatranquil.com\/wp-content\/uploads\/F66-Tarifa-monumental-Cadiz-Google-maps-2022-02-23.jpg\" class=\"attachment-large size-large wp-image-39746\" alt=\"Tarifa monumental, Cadiz (Google-maps-2022-02-23)\" srcset=\"https:\/\/www.elturistatranquil.com\/wp-content\/uploads\/F66-Tarifa-monumental-Cadiz-Google-maps-2022-02-23.jpg 768w, https:\/\/www.elturistatranquil.com\/wp-content\/uploads\/F66-Tarifa-monumental-Cadiz-Google-maps-2022-02-23-339x226.jpg 339w\" sizes=\"(max-width: 768px) 100vw, 768px\" \/>\t\t\t\t\t\t\t\t\t\t\t<figcaption class=\"widget-image-caption wp-caption-text\">Monuments de Tarifa (Google maps 2022-02-23)<\/figcaption>\n\t\t\t\t\t\t\t\t\t\t<\/figure>\n\t\t\t\t\t\t\t\t\t<\/div>\n\t\t\t\t<\/div>\n\t\t\t\t<div class=\"elementor-element elementor-element-eb7ad1a elementor-widget elementor-widget-menu-anchor\" data-id=\"eb7ad1a\" data-element_type=\"widget\" data-e-type=\"widget\" data-widget_type=\"menu-anchor.default\">\n\t\t\t\t<div class=\"elementor-widget-container\">\n\t\t\t\t\t\t\t<div class=\"elementor-menu-anchor\" id=\"c7214\"><\/div>\n\t\t\t\t\t\t<\/div>\n\t\t\t\t<\/div>\n\t\t\t\t<div class=\"elementor-element elementor-element-da0b434 elementor-widget elementor-widget-text-editor\" data-id=\"da0b434\" data-element_type=\"widget\" data-e-type=\"widget\" data-widget_type=\"text-editor.default\">\n\t\t\t\t<div class=\"elementor-widget-container\">\n\t\t\t\t\t\t\t\t\t<p>Despr\u00e9s de rec\u00f3rrer el circuit exterior de les muralles ens endinsarem a la ciutat.<\/p>\t\t\t\t\t\t\t\t<\/div>\n\t\t\t\t<\/div>\n\t\t\t\t<div class=\"elementor-element elementor-element-439c247 elementor-widget elementor-widget-heading\" data-id=\"439c247\" data-element_type=\"widget\" data-e-type=\"widget\" data-widget_type=\"heading.default\">\n\t\t\t\t<div class=\"elementor-widget-container\">\n\t\t\t\t\t<h4 class=\"elementor-heading-title elementor-size-default\">Mirador d\u2019\u00c0frica<\/h4>\t\t\t\t<\/div>\n\t\t\t\t<\/div>\n\t\t\t\t<div class=\"elementor-element elementor-element-2cae4a5 elementor-widget elementor-widget-text-editor\" data-id=\"2cae4a5\" data-element_type=\"widget\" data-e-type=\"widget\" data-widget_type=\"text-editor.default\">\n\t\t\t\t<div class=\"elementor-widget-container\">\n\t\t\t\t\t\t\t\t\t<p>Comen\u00e7arem el recorregut pel <strong>mirador d&#8217;\u00c0frica<\/strong> (<strong>1<\/strong>). Situat sobre la <strong>muralla de la Aljaranda<\/strong>, al sud de la ciutat sobre el mar de l&#8217;Estret, entre les <strong>torres 19<\/strong> i <strong>21<\/strong>.<\/p><p>El mirador forma una pla\u00e7a i ens situa a la posici\u00f3 dels defensors del recinte des d&#8217;aquesta posici\u00f3. El que apareix com a muralla des de l&#8217;exterior, \u00e9s un mur de contenci\u00f3 des de l&#8217;interior, ja que el terra fa les funcions d&#8217;adarb.<\/p>\t\t\t\t\t\t\t\t<\/div>\n\t\t\t\t<\/div>\n\t\t\t\t<div class=\"elementor-element elementor-element-075323c elementor-widget elementor-widget-image\" data-id=\"075323c\" data-element_type=\"widget\" data-e-type=\"widget\" data-widget_type=\"image.default\">\n\t\t\t\t<div class=\"elementor-widget-container\">\n\t\t\t\t\t\t\t\t\t\t\t\t<figure class=\"wp-caption\">\n\t\t\t\t\t\t\t\t\t\t<img loading=\"lazy\" decoding=\"async\" width=\"768\" height=\"512\" src=\"https:\/\/www.elturistatranquil.com\/wp-content\/uploads\/F67-Mirador-de-Africa-Tarifa-Cadiz.jpg\" class=\"attachment-large size-large wp-image-39748\" alt=\"Mirador de Africa, Tarifa, Cadiz\" srcset=\"https:\/\/www.elturistatranquil.com\/wp-content\/uploads\/F67-Mirador-de-Africa-Tarifa-Cadiz.jpg 768w, https:\/\/www.elturistatranquil.com\/wp-content\/uploads\/F67-Mirador-de-Africa-Tarifa-Cadiz-339x226.jpg 339w\" sizes=\"(max-width: 768px) 100vw, 768px\" \/>\t\t\t\t\t\t\t\t\t\t\t<figcaption class=\"widget-image-caption wp-caption-text\"><\/figcaption>\n\t\t\t\t\t\t\t\t\t\t<\/figure>\n\t\t\t\t\t\t\t\t\t<\/div>\n\t\t\t\t<\/div>\n\t\t\t\t<div class=\"elementor-element elementor-element-d297b83 elementor-widget elementor-widget-text-editor\" data-id=\"d297b83\" data-element_type=\"widget\" data-e-type=\"widget\" data-widget_type=\"text-editor.default\">\n\t\t\t\t<div class=\"elementor-widget-container\">\n\t\t\t\t\t\t\t\t\t<p>Les diverses torres d\u00b4aquest tram tamb\u00e9 les observem des de l\u00b4interior, comen\u00e7ant per la <strong>torre del Miramar<\/strong>.<\/p>\t\t\t\t\t\t\t\t<\/div>\n\t\t\t\t<\/div>\n\t\t\t\t<div class=\"elementor-element elementor-element-dc6e026 elementor-widget elementor-widget-image\" data-id=\"dc6e026\" data-element_type=\"widget\" data-e-type=\"widget\" data-widget_type=\"image.default\">\n\t\t\t\t<div class=\"elementor-widget-container\">\n\t\t\t\t\t\t\t\t\t\t\t\t<figure class=\"wp-caption\">\n\t\t\t\t\t\t\t\t\t\t<img loading=\"lazy\" decoding=\"async\" width=\"768\" height=\"512\" src=\"https:\/\/www.elturistatranquil.com\/wp-content\/uploads\/F68-Mirador-de-Africa-Tarifa-Cadiz.jpg\" class=\"attachment-large size-large wp-image-39750\" alt=\"Mirador de Africa, Tarifa, Cadiz\" srcset=\"https:\/\/www.elturistatranquil.com\/wp-content\/uploads\/F68-Mirador-de-Africa-Tarifa-Cadiz.jpg 768w, https:\/\/www.elturistatranquil.com\/wp-content\/uploads\/F68-Mirador-de-Africa-Tarifa-Cadiz-339x226.jpg 339w\" sizes=\"(max-width: 768px) 100vw, 768px\" \/>\t\t\t\t\t\t\t\t\t\t\t<figcaption class=\"widget-image-caption wp-caption-text\"><\/figcaption>\n\t\t\t\t\t\t\t\t\t\t<\/figure>\n\t\t\t\t\t\t\t\t\t<\/div>\n\t\t\t\t<\/div>\n\t\t\t\t<div class=\"elementor-element elementor-element-d2c2fe1 elementor-widget elementor-widget-image\" data-id=\"d2c2fe1\" data-element_type=\"widget\" data-e-type=\"widget\" data-widget_type=\"image.default\">\n\t\t\t\t<div class=\"elementor-widget-container\">\n\t\t\t\t\t\t\t\t\t\t\t\t<figure class=\"wp-caption\">\n\t\t\t\t\t\t\t\t\t\t<img loading=\"lazy\" decoding=\"async\" width=\"768\" height=\"511\" src=\"https:\/\/www.elturistatranquil.com\/wp-content\/uploads\/F69-Mirador-de-Africa-Tarifa-Cadiz.jpg\" class=\"attachment-large size-large wp-image-39752\" alt=\"Mirador de Africa, Tarifa, Cadiz\" srcset=\"https:\/\/www.elturistatranquil.com\/wp-content\/uploads\/F69-Mirador-de-Africa-Tarifa-Cadiz.jpg 768w, https:\/\/www.elturistatranquil.com\/wp-content\/uploads\/F69-Mirador-de-Africa-Tarifa-Cadiz-339x226.jpg 339w\" sizes=\"(max-width: 768px) 100vw, 768px\" \/>\t\t\t\t\t\t\t\t\t\t\t<figcaption class=\"widget-image-caption wp-caption-text\"><\/figcaption>\n\t\t\t\t\t\t\t\t\t\t<\/figure>\n\t\t\t\t\t\t\t\t\t<\/div>\n\t\t\t\t<\/div>\n\t\t\t\t<div class=\"elementor-element elementor-element-01d8b22 elementor-widget elementor-widget-image\" data-id=\"01d8b22\" data-element_type=\"widget\" data-e-type=\"widget\" data-widget_type=\"image.default\">\n\t\t\t\t<div class=\"elementor-widget-container\">\n\t\t\t\t\t\t\t\t\t\t\t\t<figure class=\"wp-caption\">\n\t\t\t\t\t\t\t\t\t\t<img loading=\"lazy\" decoding=\"async\" width=\"768\" height=\"511\" src=\"https:\/\/www.elturistatranquil.com\/wp-content\/uploads\/F70-Mirador-de-Africa-Tarifa-Cadiz.jpg\" class=\"attachment-large size-large wp-image-39754\" alt=\"Mirador de Africa, Tarifa, Cadiz\" srcset=\"https:\/\/www.elturistatranquil.com\/wp-content\/uploads\/F70-Mirador-de-Africa-Tarifa-Cadiz.jpg 768w, https:\/\/www.elturistatranquil.com\/wp-content\/uploads\/F70-Mirador-de-Africa-Tarifa-Cadiz-339x226.jpg 339w\" sizes=\"(max-width: 768px) 100vw, 768px\" \/>\t\t\t\t\t\t\t\t\t\t\t<figcaption class=\"widget-image-caption wp-caption-text\"><\/figcaption>\n\t\t\t\t\t\t\t\t\t\t<\/figure>\n\t\t\t\t\t\t\t\t\t<\/div>\n\t\t\t\t<\/div>\n\t\t\t\t<div class=\"elementor-element elementor-element-2455e53 elementor-widget elementor-widget-text-editor\" data-id=\"2455e53\" data-element_type=\"widget\" data-e-type=\"widget\" data-widget_type=\"text-editor.default\">\n\t\t\t\t<div class=\"elementor-widget-container\">\n\t\t\t\t\t\t\t\t\t<p>Un simb\u00f2lic can\u00f3 de defensa sobre un poc cre\u00efble muret de carreu.<\/p>\t\t\t\t\t\t\t\t<\/div>\n\t\t\t\t<\/div>\n\t\t\t\t<div class=\"elementor-element elementor-element-cfe4349 elementor-widget elementor-widget-image\" data-id=\"cfe4349\" data-element_type=\"widget\" data-e-type=\"widget\" data-widget_type=\"image.default\">\n\t\t\t\t<div class=\"elementor-widget-container\">\n\t\t\t\t\t\t\t\t\t\t\t\t<figure class=\"wp-caption\">\n\t\t\t\t\t\t\t\t\t\t<img loading=\"lazy\" decoding=\"async\" width=\"768\" height=\"512\" src=\"https:\/\/www.elturistatranquil.com\/wp-content\/uploads\/F71-Mirador-de-Africa-Tarifa-Cadiz.jpg\" class=\"attachment-large size-large wp-image-39756\" alt=\"Mirador de Africa, Tarifa, Cadiz\" srcset=\"https:\/\/www.elturistatranquil.com\/wp-content\/uploads\/F71-Mirador-de-Africa-Tarifa-Cadiz.jpg 768w, https:\/\/www.elturistatranquil.com\/wp-content\/uploads\/F71-Mirador-de-Africa-Tarifa-Cadiz-339x226.jpg 339w\" sizes=\"(max-width: 768px) 100vw, 768px\" \/>\t\t\t\t\t\t\t\t\t\t\t<figcaption class=\"widget-image-caption wp-caption-text\"><\/figcaption>\n\t\t\t\t\t\t\t\t\t\t<\/figure>\n\t\t\t\t\t\t\t\t\t<\/div>\n\t\t\t\t<\/div>\n\t\t\t\t<div class=\"elementor-element elementor-element-711d95d elementor-widget elementor-widget-text-editor\" data-id=\"711d95d\" data-element_type=\"widget\" data-e-type=\"widget\" data-widget_type=\"text-editor.default\">\n\t\t\t\t<div class=\"elementor-widget-container\">\n\t\t\t\t\t\t\t\t\t<p>Com el seu nom indica, <strong>mirador d&#8217;\u00c0frica<\/strong>, des d&#8217;aquest punt el mirador ofereixen una completa panor\u00e0mica de la costa del Marroc fins a la muntanya Hacho a Ceuta, a la part m\u00e9s oriental.<\/p><p>Al centre sobresurt la muntanya Yerel Musa (Abila) (851 msnm), que configura l&#8217;altra columna d&#8217;H\u00e8rcules sobre la costa africana de l&#8217;Estret -en discussi\u00f3 amb la muntanya Hacho (204)-, situat a l&#8217;entrada de l&#8217;Estret des del Mediterrani . Al costat nord la columna (Kaipe o Calp) se la considera que era el penyal de Gibraltar.<\/p>\t\t\t\t\t\t\t\t<\/div>\n\t\t\t\t<\/div>\n\t\t\t\t<div class=\"elementor-element elementor-element-da18aad elementor-widget elementor-widget-image\" data-id=\"da18aad\" data-element_type=\"widget\" data-e-type=\"widget\" data-widget_type=\"image.default\">\n\t\t\t\t<div class=\"elementor-widget-container\">\n\t\t\t\t\t\t\t\t\t\t\t\t<figure class=\"wp-caption\">\n\t\t\t\t\t\t\t\t\t\t<img loading=\"lazy\" decoding=\"async\" width=\"768\" height=\"350\" src=\"https:\/\/www.elturistatranquil.com\/wp-content\/uploads\/F72-Mirador-de-Africa-Tarifa-Cadiz.jpg\" class=\"attachment-large size-large wp-image-39758\" alt=\"Mirador de Africa, Tarifa, Cadiz\" srcset=\"https:\/\/www.elturistatranquil.com\/wp-content\/uploads\/F72-Mirador-de-Africa-Tarifa-Cadiz.jpg 768w, https:\/\/www.elturistatranquil.com\/wp-content\/uploads\/F72-Mirador-de-Africa-Tarifa-Cadiz-339x154.jpg 339w\" sizes=\"(max-width: 768px) 100vw, 768px\" \/>\t\t\t\t\t\t\t\t\t\t\t<figcaption class=\"widget-image-caption wp-caption-text\"><\/figcaption>\n\t\t\t\t\t\t\t\t\t\t<\/figure>\n\t\t\t\t\t\t\t\t\t<\/div>\n\t\t\t\t<\/div>\n\t\t\t\t<div class=\"elementor-element elementor-element-2828332 elementor-widget elementor-widget-text-editor\" data-id=\"2828332\" data-element_type=\"widget\" data-e-type=\"widget\" data-widget_type=\"text-editor.default\">\n\t\t\t\t<div class=\"elementor-widget-container\">\n\t\t\t\t\t\t\t\t\t<p>El dia era boir\u00f3s, per la qual cosa la visi\u00f3 no era n\u00edtida, per\u00f2 s\u00ed que permet constatar l&#8217;estretor (14 quil\u00f2metres) de l&#8217;Estret.<\/p>\t\t\t\t\t\t\t\t<\/div>\n\t\t\t\t<\/div>\n\t\t\t\t<div class=\"elementor-element elementor-element-959283a elementor-widget elementor-widget-image\" data-id=\"959283a\" data-element_type=\"widget\" data-e-type=\"widget\" data-widget_type=\"image.default\">\n\t\t\t\t<div class=\"elementor-widget-container\">\n\t\t\t\t\t\t\t\t\t\t\t\t<figure class=\"wp-caption\">\n\t\t\t\t\t\t\t\t\t\t<img loading=\"lazy\" decoding=\"async\" width=\"768\" height=\"512\" src=\"https:\/\/www.elturistatranquil.com\/wp-content\/uploads\/F73-Mirador-de-Africa-Tarifa-Cadiz.jpg\" class=\"attachment-large size-large wp-image-39760\" alt=\"Mirador de Africa, Tarifa, Cadiz\" srcset=\"https:\/\/www.elturistatranquil.com\/wp-content\/uploads\/F73-Mirador-de-Africa-Tarifa-Cadiz.jpg 768w, https:\/\/www.elturistatranquil.com\/wp-content\/uploads\/F73-Mirador-de-Africa-Tarifa-Cadiz-339x226.jpg 339w\" sizes=\"(max-width: 768px) 100vw, 768px\" \/>\t\t\t\t\t\t\t\t\t\t\t<figcaption class=\"widget-image-caption wp-caption-text\"><\/figcaption>\n\t\t\t\t\t\t\t\t\t\t<\/figure>\n\t\t\t\t\t\t\t\t\t<\/div>\n\t\t\t\t<\/div>\n\t\t\t\t<div class=\"elementor-element elementor-element-17d800e elementor-widget elementor-widget-text-editor\" data-id=\"17d800e\" data-element_type=\"widget\" data-e-type=\"widget\" data-widget_type=\"text-editor.default\">\n\t\t\t\t<div class=\"elementor-widget-container\">\n\t\t\t\t\t\t\t\t\t<p>Mirant cap a ponent s&#8217;observa el <strong>port de Tarifa<\/strong> i, per darrere, l&#8217; <strong>illa de Tarifa o de las Palomas<\/strong>, punt m\u00e9s meridional d&#8217;Europa.<\/p>\t\t\t\t\t\t\t\t<\/div>\n\t\t\t\t<\/div>\n\t\t\t\t<div class=\"elementor-element elementor-element-6535286 elementor-widget elementor-widget-image\" data-id=\"6535286\" data-element_type=\"widget\" data-e-type=\"widget\" data-widget_type=\"image.default\">\n\t\t\t\t<div class=\"elementor-widget-container\">\n\t\t\t\t\t\t\t\t\t\t\t\t<figure class=\"wp-caption\">\n\t\t\t\t\t\t\t\t\t\t<img loading=\"lazy\" decoding=\"async\" width=\"768\" height=\"511\" src=\"https:\/\/www.elturistatranquil.com\/wp-content\/uploads\/F74-Puerto-de-Tarifa-e-Isla-de-las-Palomas-Cadiz.jpg\" class=\"attachment-large size-large wp-image-39762\" alt=\"Puerto de Tarifa e Isla de las Palomas, Cadiz\" srcset=\"https:\/\/www.elturistatranquil.com\/wp-content\/uploads\/F74-Puerto-de-Tarifa-e-Isla-de-las-Palomas-Cadiz.jpg 768w, https:\/\/www.elturistatranquil.com\/wp-content\/uploads\/F74-Puerto-de-Tarifa-e-Isla-de-las-Palomas-Cadiz-339x226.jpg 339w\" sizes=\"(max-width: 768px) 100vw, 768px\" \/>\t\t\t\t\t\t\t\t\t\t\t<figcaption class=\"widget-image-caption wp-caption-text\"><\/figcaption>\n\t\t\t\t\t\t\t\t\t\t<\/figure>\n\t\t\t\t\t\t\t\t\t<\/div>\n\t\t\t\t<\/div>\n\t\t\t\t<div class=\"elementor-element elementor-element-076da4f elementor-widget elementor-widget-image\" data-id=\"076da4f\" data-element_type=\"widget\" data-e-type=\"widget\" data-widget_type=\"image.default\">\n\t\t\t\t<div class=\"elementor-widget-container\">\n\t\t\t\t\t\t\t\t\t\t\t\t<figure class=\"wp-caption\">\n\t\t\t\t\t\t\t\t\t\t<img loading=\"lazy\" decoding=\"async\" width=\"768\" height=\"512\" src=\"https:\/\/www.elturistatranquil.com\/wp-content\/uploads\/F75-Puerto-de-Tarifa-e-Isla-de-las-Palomas-Cadiz.jpg\" class=\"attachment-large size-large wp-image-39764\" alt=\"Puerto de Tarifa e Isla de las Palomas, Cadiz\" srcset=\"https:\/\/www.elturistatranquil.com\/wp-content\/uploads\/F75-Puerto-de-Tarifa-e-Isla-de-las-Palomas-Cadiz.jpg 768w, https:\/\/www.elturistatranquil.com\/wp-content\/uploads\/F75-Puerto-de-Tarifa-e-Isla-de-las-Palomas-Cadiz-339x226.jpg 339w\" sizes=\"(max-width: 768px) 100vw, 768px\" \/>\t\t\t\t\t\t\t\t\t\t\t<figcaption class=\"widget-image-caption wp-caption-text\"><\/figcaption>\n\t\t\t\t\t\t\t\t\t\t<\/figure>\n\t\t\t\t\t\t\t\t\t<\/div>\n\t\t\t\t<\/div>\n\t\t\t\t<div class=\"elementor-element elementor-element-c60be83 elementor-widget elementor-widget-text-editor\" data-id=\"c60be83\" data-element_type=\"widget\" data-e-type=\"widget\" data-widget_type=\"text-editor.default\">\n\t\t\t\t<div class=\"elementor-widget-container\">\n\t\t\t\t\t\t\t\t\t<p>Mirant cap a l&#8217;interior de la ciutat, podem observar el tancament de la pla\u00e7a. L&#8217;edifici cantoner exterior correspon a l&#8217;edifici neomud\u00e8jar del <strong>col\u00b7legi Cervantes<\/strong> que veurem tot seguit a la pla\u00e7a de Santa Maria.<\/p>\t\t\t\t\t\t\t\t<\/div>\n\t\t\t\t<\/div>\n\t\t\t\t<div class=\"elementor-element elementor-element-43e95c8 elementor-widget elementor-widget-image\" data-id=\"43e95c8\" data-element_type=\"widget\" data-e-type=\"widget\" data-widget_type=\"image.default\">\n\t\t\t\t<div class=\"elementor-widget-container\">\n\t\t\t\t\t\t\t\t\t\t\t\t<figure class=\"wp-caption\">\n\t\t\t\t\t\t\t\t\t\t<img loading=\"lazy\" decoding=\"async\" width=\"768\" height=\"511\" src=\"https:\/\/www.elturistatranquil.com\/wp-content\/uploads\/F76-Mirador-de-Africa-Tarifa-Cadiz.jpg\" class=\"attachment-large size-large wp-image-39766\" alt=\"Mirador de Africa, Tarifa, Cadiz\" srcset=\"https:\/\/www.elturistatranquil.com\/wp-content\/uploads\/F76-Mirador-de-Africa-Tarifa-Cadiz.jpg 768w, https:\/\/www.elturistatranquil.com\/wp-content\/uploads\/F76-Mirador-de-Africa-Tarifa-Cadiz-339x226.jpg 339w\" sizes=\"(max-width: 768px) 100vw, 768px\" \/>\t\t\t\t\t\t\t\t\t\t\t<figcaption class=\"widget-image-caption wp-caption-text\"><\/figcaption>\n\t\t\t\t\t\t\t\t\t\t<\/figure>\n\t\t\t\t\t\t\t\t\t<\/div>\n\t\t\t\t<\/div>\n\t\t\t\t<div class=\"elementor-element elementor-element-8fbf6af elementor-widget elementor-widget-text-editor\" data-id=\"8fbf6af\" data-element_type=\"widget\" data-e-type=\"widget\" data-widget_type=\"text-editor.default\">\n\t\t\t\t<div class=\"elementor-widget-container\">\n\t\t\t\t\t\t\t\t\t<p>Cap a llevant, el conglomerat urb\u00e0 de cases blanques, on sobresurt lleugerament la torre de l&#8217;<strong>esgl\u00e9sia de San Mateo<\/strong> (<strong>12<\/strong>), a m\u00e9s de l&#8217;interior de part de la <strong>muralla de la Calzadilla de T\u00e9llez<\/strong>.<\/p>\t\t\t\t\t\t\t\t<\/div>\n\t\t\t\t<\/div>\n\t\t\t\t<div class=\"elementor-element elementor-element-fd69dfa elementor-widget elementor-widget-image\" data-id=\"fd69dfa\" data-element_type=\"widget\" data-e-type=\"widget\" data-widget_type=\"image.default\">\n\t\t\t\t<div class=\"elementor-widget-container\">\n\t\t\t\t\t\t\t\t\t\t\t\t<figure class=\"wp-caption\">\n\t\t\t\t\t\t\t\t\t\t<img loading=\"lazy\" decoding=\"async\" width=\"768\" height=\"512\" src=\"https:\/\/www.elturistatranquil.com\/wp-content\/uploads\/F77-Mirador-de-Africa-Tarifa-Cadiz.jpg\" class=\"attachment-large size-large wp-image-39768\" alt=\"Mirador de Africa, Tarifa, Cadiz\" srcset=\"https:\/\/www.elturistatranquil.com\/wp-content\/uploads\/F77-Mirador-de-Africa-Tarifa-Cadiz.jpg 768w, https:\/\/www.elturistatranquil.com\/wp-content\/uploads\/F77-Mirador-de-Africa-Tarifa-Cadiz-339x226.jpg 339w\" sizes=\"(max-width: 768px) 100vw, 768px\" \/>\t\t\t\t\t\t\t\t\t\t\t<figcaption class=\"widget-image-caption wp-caption-text\"><\/figcaption>\n\t\t\t\t\t\t\t\t\t\t<\/figure>\n\t\t\t\t\t\t\t\t\t<\/div>\n\t\t\t\t<\/div>\n\t\t\t\t<div class=\"elementor-element elementor-element-fdeebc9 elementor-widget elementor-widget-image\" data-id=\"fdeebc9\" data-element_type=\"widget\" data-e-type=\"widget\" data-widget_type=\"image.default\">\n\t\t\t\t<div class=\"elementor-widget-container\">\n\t\t\t\t\t\t\t\t\t\t\t\t<figure class=\"wp-caption\">\n\t\t\t\t\t\t\t\t\t\t<img loading=\"lazy\" decoding=\"async\" width=\"768\" height=\"512\" src=\"https:\/\/www.elturistatranquil.com\/wp-content\/uploads\/F78-Mirador-de-Africa-Tarifa-Cadiz.jpg\" class=\"attachment-large size-large wp-image-39770\" alt=\"Mirador de Africa, Tarifa, Cadiz\" srcset=\"https:\/\/www.elturistatranquil.com\/wp-content\/uploads\/F78-Mirador-de-Africa-Tarifa-Cadiz.jpg 768w, https:\/\/www.elturistatranquil.com\/wp-content\/uploads\/F78-Mirador-de-Africa-Tarifa-Cadiz-339x226.jpg 339w\" sizes=\"(max-width: 768px) 100vw, 768px\" \/>\t\t\t\t\t\t\t\t\t\t\t<figcaption class=\"widget-image-caption wp-caption-text\"><\/figcaption>\n\t\t\t\t\t\t\t\t\t\t<\/figure>\n\t\t\t\t\t\t\t\t\t<\/div>\n\t\t\t\t<\/div>\n\t\t\t\t<div class=\"elementor-element elementor-element-6437ff5 elementor-widget elementor-widget-text-editor\" data-id=\"6437ff5\" data-element_type=\"widget\" data-e-type=\"widget\" data-widget_type=\"text-editor.default\">\n\t\t\t\t<div class=\"elementor-widget-container\">\n\t\t\t\t\t\t\t\t\t<p>Cap a llevant destaca l&#8217;espadanya de les ru\u00efnes de l&#8217;<strong>esgl\u00e9sia de Santiago<\/strong> (<strong>2<\/strong>), que es troba adossada la muralla.<\/p>\t\t\t\t\t\t\t\t<\/div>\n\t\t\t\t<\/div>\n\t\t\t\t<div class=\"elementor-element elementor-element-a85b6e5 elementor-widget elementor-widget-menu-anchor\" data-id=\"a85b6e5\" data-element_type=\"widget\" data-e-type=\"widget\" data-widget_type=\"menu-anchor.default\">\n\t\t\t\t<div class=\"elementor-widget-container\">\n\t\t\t\t\t\t\t<div class=\"elementor-menu-anchor\" id=\"c7215\"><\/div>\n\t\t\t\t\t\t<\/div>\n\t\t\t\t<\/div>\n\t\t\t\t<div class=\"elementor-element elementor-element-ad17ac4 elementor-widget elementor-widget-image\" data-id=\"ad17ac4\" data-element_type=\"widget\" data-e-type=\"widget\" data-widget_type=\"image.default\">\n\t\t\t\t<div class=\"elementor-widget-container\">\n\t\t\t\t\t\t\t\t\t\t\t\t<figure class=\"wp-caption\">\n\t\t\t\t\t\t\t\t\t\t<img loading=\"lazy\" decoding=\"async\" width=\"768\" height=\"511\" src=\"https:\/\/www.elturistatranquil.com\/wp-content\/uploads\/F79-Iglesia-de-Santiagp-Tarifa-Cadiz.jpg\" class=\"attachment-large size-large wp-image-39772\" alt=\"Iglesia de Santiagp, Tarifa, Cadiz\" srcset=\"https:\/\/www.elturistatranquil.com\/wp-content\/uploads\/F79-Iglesia-de-Santiagp-Tarifa-Cadiz.jpg 768w, https:\/\/www.elturistatranquil.com\/wp-content\/uploads\/F79-Iglesia-de-Santiagp-Tarifa-Cadiz-339x226.jpg 339w\" sizes=\"(max-width: 768px) 100vw, 768px\" \/>\t\t\t\t\t\t\t\t\t\t\t<figcaption class=\"widget-image-caption wp-caption-text\"><\/figcaption>\n\t\t\t\t\t\t\t\t\t\t<\/figure>\n\t\t\t\t\t\t\t\t\t<\/div>\n\t\t\t\t<\/div>\n\t\t\t\t<div class=\"elementor-element elementor-element-4555da5 elementor-widget elementor-widget-heading\" data-id=\"4555da5\" data-element_type=\"widget\" data-e-type=\"widget\" data-widget_type=\"heading.default\">\n\t\t\t\t<div class=\"elementor-widget-container\">\n\t\t\t\t\t<h4 class=\"elementor-heading-title elementor-size-default\">Pla\u00e7a de Santa Mar\u00eda o de la Ranita<\/h4>\t\t\t\t<\/div>\n\t\t\t\t<\/div>\n\t\t\t\t<div class=\"elementor-element elementor-element-ae85086 elementor-widget elementor-widget-text-editor\" data-id=\"ae85086\" data-element_type=\"widget\" data-e-type=\"widget\" data-widget_type=\"text-editor.default\">\n\t\t\t\t<div class=\"elementor-widget-container\">\n\t\t\t\t\t\t\t\t\t<p>A tocar del Mirador s&#8217;arriba a la <strong>pla\u00e7a de Santa Mar\u00eda<\/strong>, tamb\u00e9 anomenada <strong>pla\u00e7a de la Ranita<\/strong> (<strong>3<\/strong>), que acull algun dels edificis m\u00e9s interessants de Tarifa.<\/p>\t\t\t\t\t\t\t\t<\/div>\n\t\t\t\t<\/div>\n\t\t\t\t<div class=\"elementor-element elementor-element-9c091d9 elementor-widget elementor-widget-image\" data-id=\"9c091d9\" data-element_type=\"widget\" data-e-type=\"widget\" data-widget_type=\"image.default\">\n\t\t\t\t<div class=\"elementor-widget-container\">\n\t\t\t\t\t\t\t\t\t\t\t\t<figure class=\"wp-caption\">\n\t\t\t\t\t\t\t\t\t\t<img loading=\"lazy\" decoding=\"async\" width=\"768\" height=\"512\" src=\"https:\/\/www.elturistatranquil.com\/wp-content\/uploads\/F80-Plaza-de-Santa-Maria-Tarifa-Cadiz.jpg\" class=\"attachment-large size-large wp-image-39774\" alt=\"Plaza de Santa Maria, Tarifa, Cadiz\" srcset=\"https:\/\/www.elturistatranquil.com\/wp-content\/uploads\/F80-Plaza-de-Santa-Maria-Tarifa-Cadiz.jpg 768w, https:\/\/www.elturistatranquil.com\/wp-content\/uploads\/F80-Plaza-de-Santa-Maria-Tarifa-Cadiz-339x226.jpg 339w\" sizes=\"(max-width: 768px) 100vw, 768px\" \/>\t\t\t\t\t\t\t\t\t\t\t<figcaption class=\"widget-image-caption wp-caption-text\"><\/figcaption>\n\t\t\t\t\t\t\t\t\t\t<\/figure>\n\t\t\t\t\t\t\t\t\t<\/div>\n\t\t\t\t<\/div>\n\t\t\t\t<div class=\"elementor-element elementor-element-3ecfabc elementor-widget elementor-widget-text-editor\" data-id=\"3ecfabc\" data-element_type=\"widget\" data-e-type=\"widget\" data-widget_type=\"text-editor.default\">\n\t\t\t\t<div class=\"elementor-widget-container\">\n\t\t\t\t\t\t\t\t\t<p>La pla\u00e7a est\u00e0 formada per una zona enjardinada, al centre de la qual es troba una <strong>font estrellada octogonal<\/strong> amb granotes a les puntes (de les quals quedaven 6).<\/p>\t\t\t\t\t\t\t\t<\/div>\n\t\t\t\t<\/div>\n\t\t\t\t<div class=\"elementor-element elementor-element-35d1dd5 elementor-widget elementor-widget-image\" data-id=\"35d1dd5\" data-element_type=\"widget\" data-e-type=\"widget\" data-widget_type=\"image.default\">\n\t\t\t\t<div class=\"elementor-widget-container\">\n\t\t\t\t\t\t\t\t\t\t\t\t<figure class=\"wp-caption\">\n\t\t\t\t\t\t\t\t\t\t<img loading=\"lazy\" decoding=\"async\" width=\"768\" height=\"511\" src=\"https:\/\/www.elturistatranquil.com\/wp-content\/uploads\/F81-Plaza-de-Santa-Maria-Tarifa-Cadiz.jpg\" class=\"attachment-large size-large wp-image-39779\" alt=\"Plaza de Santa Maria, Tarifa, Cadiz\" srcset=\"https:\/\/www.elturistatranquil.com\/wp-content\/uploads\/F81-Plaza-de-Santa-Maria-Tarifa-Cadiz.jpg 768w, https:\/\/www.elturistatranquil.com\/wp-content\/uploads\/F81-Plaza-de-Santa-Maria-Tarifa-Cadiz-339x226.jpg 339w\" sizes=\"(max-width: 768px) 100vw, 768px\" \/>\t\t\t\t\t\t\t\t\t\t\t<figcaption class=\"widget-image-caption wp-caption-text\"><\/figcaption>\n\t\t\t\t\t\t\t\t\t\t<\/figure>\n\t\t\t\t\t\t\t\t\t<\/div>\n\t\t\t\t<\/div>\n\t\t\t\t<div class=\"elementor-element elementor-element-386d929 elementor-widget elementor-widget-image\" data-id=\"386d929\" data-element_type=\"widget\" data-e-type=\"widget\" data-widget_type=\"image.default\">\n\t\t\t\t<div class=\"elementor-widget-container\">\n\t\t\t\t\t\t\t\t\t\t\t\t<figure class=\"wp-caption\">\n\t\t\t\t\t\t\t\t\t\t<img loading=\"lazy\" decoding=\"async\" width=\"768\" height=\"511\" src=\"https:\/\/www.elturistatranquil.com\/wp-content\/uploads\/F82-Plaza-de-Santa-Maria-Tarifa-Cadiz.jpg\" class=\"attachment-large size-large wp-image-39781\" alt=\"Plaza de Santa Maria, Tarifa, Cadiz\" srcset=\"https:\/\/www.elturistatranquil.com\/wp-content\/uploads\/F82-Plaza-de-Santa-Maria-Tarifa-Cadiz.jpg 768w, https:\/\/www.elturistatranquil.com\/wp-content\/uploads\/F82-Plaza-de-Santa-Maria-Tarifa-Cadiz-339x226.jpg 339w\" sizes=\"(max-width: 768px) 100vw, 768px\" \/>\t\t\t\t\t\t\t\t\t\t\t<figcaption class=\"widget-image-caption wp-caption-text\"><\/figcaption>\n\t\t\t\t\t\t\t\t\t\t<\/figure>\n\t\t\t\t\t\t\t\t\t<\/div>\n\t\t\t\t<\/div>\n\t\t\t\t<div class=\"elementor-element elementor-element-2005bc7 elementor-widget elementor-widget-text-editor\" data-id=\"2005bc7\" data-element_type=\"widget\" data-e-type=\"widget\" data-widget_type=\"text-editor.default\">\n\t\t\t\t<div class=\"elementor-widget-container\">\n\t\t\t\t\t\t\t\t\t<p>Presidint la pla\u00e7a, al n\u00famero 3, se situa l&#8217;<strong>Ajuntament<\/strong> (<strong>4<\/strong>).<\/p>\t\t\t\t\t\t\t\t<\/div>\n\t\t\t\t<\/div>\n\t\t\t\t<div class=\"elementor-element elementor-element-05df294 elementor-widget elementor-widget-image\" data-id=\"05df294\" data-element_type=\"widget\" data-e-type=\"widget\" data-widget_type=\"image.default\">\n\t\t\t\t<div class=\"elementor-widget-container\">\n\t\t\t\t\t\t\t\t\t\t\t\t<figure class=\"wp-caption\">\n\t\t\t\t\t\t\t\t\t\t<img loading=\"lazy\" decoding=\"async\" width=\"768\" height=\"511\" src=\"https:\/\/www.elturistatranquil.com\/wp-content\/uploads\/F83-Ayuntamiento-Plaza-de-Santa-Maria-Tarifa-Cadiz.jpg\" class=\"attachment-large size-large wp-image-39783\" alt=\"Ayuntamiento, Plaza de Santa Maria, Tarifa, Cadiz\" srcset=\"https:\/\/www.elturistatranquil.com\/wp-content\/uploads\/F83-Ayuntamiento-Plaza-de-Santa-Maria-Tarifa-Cadiz.jpg 768w, https:\/\/www.elturistatranquil.com\/wp-content\/uploads\/F83-Ayuntamiento-Plaza-de-Santa-Maria-Tarifa-Cadiz-339x226.jpg 339w\" sizes=\"(max-width: 768px) 100vw, 768px\" \/>\t\t\t\t\t\t\t\t\t\t\t<figcaption class=\"widget-image-caption wp-caption-text\"><\/figcaption>\n\t\t\t\t\t\t\t\t\t\t<\/figure>\n\t\t\t\t\t\t\t\t\t<\/div>\n\t\t\t\t<\/div>\n\t\t\t\t<div class=\"elementor-element elementor-element-9085ca9 elementor-widget elementor-widget-text-editor\" data-id=\"9085ca9\" data-element_type=\"widget\" data-e-type=\"widget\" data-widget_type=\"text-editor.default\">\n\t\t\t\t<div class=\"elementor-widget-container\">\n\t\t\t\t\t\t\t\t\t<p>El seu costat dret l&#8217;ocupava el <strong>Museu Municipal<\/strong> (<strong>5<\/strong>), i a la seva esquerra una casa senyorial.<\/p>\t\t\t\t\t\t\t\t<\/div>\n\t\t\t\t<\/div>\n\t\t\t\t<div class=\"elementor-element elementor-element-740f242 elementor-widget elementor-widget-image\" data-id=\"740f242\" data-element_type=\"widget\" data-e-type=\"widget\" data-widget_type=\"image.default\">\n\t\t\t\t<div class=\"elementor-widget-container\">\n\t\t\t\t\t\t\t\t\t\t\t\t<figure class=\"wp-caption\">\n\t\t\t\t\t\t\t\t\t\t<img loading=\"lazy\" decoding=\"async\" width=\"768\" height=\"511\" src=\"https:\/\/www.elturistatranquil.com\/wp-content\/uploads\/F85-Plaza-de-Santa-Maria-Tarifa-Cadiz.jpg\" class=\"attachment-large size-large wp-image-39785\" alt=\"Ayuntamiento, Plaza de Santa Maria, Tarifa, Cadiz\" srcset=\"https:\/\/www.elturistatranquil.com\/wp-content\/uploads\/F85-Plaza-de-Santa-Maria-Tarifa-Cadiz.jpg 768w, https:\/\/www.elturistatranquil.com\/wp-content\/uploads\/F85-Plaza-de-Santa-Maria-Tarifa-Cadiz-339x226.jpg 339w\" sizes=\"(max-width: 768px) 100vw, 768px\" \/>\t\t\t\t\t\t\t\t\t\t\t<figcaption class=\"widget-image-caption wp-caption-text\"><\/figcaption>\n\t\t\t\t\t\t\t\t\t\t<\/figure>\n\t\t\t\t\t\t\t\t\t<\/div>\n\t\t\t\t<\/div>\n\t\t\t\t<div class=\"elementor-element elementor-element-3d8bbd9 elementor-widget elementor-widget-text-editor\" data-id=\"3d8bbd9\" data-element_type=\"widget\" data-e-type=\"widget\" data-widget_type=\"text-editor.default\">\n\t\t\t\t<div class=\"elementor-widget-container\">\n\t\t\t\t\t\t\t\t\t<p>A la cantonada sud una obertura tancada comunica amb <strong>dues torrasses del Castell <\/strong>i amb l&#8217;<strong>esgl\u00e9sia de Santa Maria<\/strong> (<strong>6<\/strong>) del segle XIV d&#8217;estil g\u00f2tic-mud\u00e8jar. Es pressuposa que aquell lloc havia estat ocupat per la mesquita musulmana.<\/p>\t\t\t\t\t\t\t\t<\/div>\n\t\t\t\t<\/div>\n\t\t\t\t<div class=\"elementor-element elementor-element-36a070b elementor-widget elementor-widget-image\" data-id=\"36a070b\" data-element_type=\"widget\" data-e-type=\"widget\" data-widget_type=\"image.default\">\n\t\t\t\t<div class=\"elementor-widget-container\">\n\t\t\t\t\t\t\t\t\t\t\t\t<figure class=\"wp-caption\">\n\t\t\t\t\t\t\t\t\t\t<img loading=\"lazy\" decoding=\"async\" width=\"768\" height=\"511\" src=\"https:\/\/www.elturistatranquil.com\/wp-content\/uploads\/F86-Plaza-de-Santa-Maria-Tarifa-Cadiz.jpg\" class=\"attachment-large size-large wp-image-39787\" alt=\"Ayuntamiento, Plaza de Santa Maria, Tarifa, Cadiz\" srcset=\"https:\/\/www.elturistatranquil.com\/wp-content\/uploads\/F86-Plaza-de-Santa-Maria-Tarifa-Cadiz.jpg 768w, https:\/\/www.elturistatranquil.com\/wp-content\/uploads\/F86-Plaza-de-Santa-Maria-Tarifa-Cadiz-339x226.jpg 339w\" sizes=\"(max-width: 768px) 100vw, 768px\" \/>\t\t\t\t\t\t\t\t\t\t\t<figcaption class=\"widget-image-caption wp-caption-text\"><\/figcaption>\n\t\t\t\t\t\t\t\t\t\t<\/figure>\n\t\t\t\t\t\t\t\t\t<\/div>\n\t\t\t\t<\/div>\n\t\t\t\t<div class=\"elementor-element elementor-element-dda5785 elementor-widget elementor-widget-text-editor\" data-id=\"dda5785\" data-element_type=\"widget\" data-e-type=\"widget\" data-widget_type=\"text-editor.default\">\n\t\t\t\t<div class=\"elementor-widget-container\">\n\t\t\t\t\t\t\t\t\t<p>Al seu costat, un edifici del segle XVIII, on s&#8217;ubicava el <strong>P\u00f2sit<\/strong> o magatzem de grans (<strong>7<\/strong>). El presideix l&#8217;escut de la ciutat.<\/p>\t\t\t\t\t\t\t\t<\/div>\n\t\t\t\t<\/div>\n\t\t\t\t<div class=\"elementor-element elementor-element-bf3cc7b elementor-widget elementor-widget-image\" data-id=\"bf3cc7b\" data-element_type=\"widget\" data-e-type=\"widget\" data-widget_type=\"image.default\">\n\t\t\t\t<div class=\"elementor-widget-container\">\n\t\t\t\t\t\t\t\t\t\t\t\t<figure class=\"wp-caption\">\n\t\t\t\t\t\t\t\t\t\t<img loading=\"lazy\" decoding=\"async\" width=\"768\" height=\"511\" src=\"https:\/\/www.elturistatranquil.com\/wp-content\/uploads\/F87-Posito-Tarifa-Cadiz.jpg\" class=\"attachment-large size-large wp-image-39789\" alt=\"Posito, Tarifa, Cadiz\" srcset=\"https:\/\/www.elturistatranquil.com\/wp-content\/uploads\/F87-Posito-Tarifa-Cadiz.jpg 768w, https:\/\/www.elturistatranquil.com\/wp-content\/uploads\/F87-Posito-Tarifa-Cadiz-339x226.jpg 339w\" sizes=\"(max-width: 768px) 100vw, 768px\" \/>\t\t\t\t\t\t\t\t\t\t\t<figcaption class=\"widget-image-caption wp-caption-text\"><\/figcaption>\n\t\t\t\t\t\t\t\t\t\t<\/figure>\n\t\t\t\t\t\t\t\t\t<\/div>\n\t\t\t\t<\/div>\n\t\t\t\t<div class=\"elementor-element elementor-element-c787fd5 elementor-widget elementor-widget-image\" data-id=\"c787fd5\" data-element_type=\"widget\" data-e-type=\"widget\" data-widget_type=\"image.default\">\n\t\t\t\t<div class=\"elementor-widget-container\">\n\t\t\t\t\t\t\t\t\t\t\t\t<figure class=\"wp-caption\">\n\t\t\t\t\t\t\t\t\t\t<img loading=\"lazy\" decoding=\"async\" width=\"768\" height=\"511\" src=\"https:\/\/www.elturistatranquil.com\/wp-content\/uploads\/F88-Posito-Tarifa-Cadiz.jpg\" class=\"attachment-large size-large wp-image-39791\" alt=\"Posito, Tarifa, Cadiz\" srcset=\"https:\/\/www.elturistatranquil.com\/wp-content\/uploads\/F88-Posito-Tarifa-Cadiz.jpg 768w, https:\/\/www.elturistatranquil.com\/wp-content\/uploads\/F88-Posito-Tarifa-Cadiz-339x226.jpg 339w\" sizes=\"(max-width: 768px) 100vw, 768px\" \/>\t\t\t\t\t\t\t\t\t\t\t<figcaption class=\"widget-image-caption wp-caption-text\"><\/figcaption>\n\t\t\t\t\t\t\t\t\t\t<\/figure>\n\t\t\t\t\t\t\t\t\t<\/div>\n\t\t\t\t<\/div>\n\t\t\t\t<div class=\"elementor-element elementor-element-a5a17bc elementor-widget elementor-widget-image\" data-id=\"a5a17bc\" data-element_type=\"widget\" data-e-type=\"widget\" data-widget_type=\"image.default\">\n\t\t\t\t<div class=\"elementor-widget-container\">\n\t\t\t\t\t\t\t\t\t\t\t\t<figure class=\"wp-caption\">\n\t\t\t\t\t\t\t\t\t\t<img loading=\"lazy\" decoding=\"async\" width=\"768\" height=\"511\" src=\"https:\/\/www.elturistatranquil.com\/wp-content\/uploads\/F89-Posito-Tarifa-Cadiz.jpg\" class=\"attachment-large size-large wp-image-39793\" alt=\"Posito, Tarifa, Cadiz\" srcset=\"https:\/\/www.elturistatranquil.com\/wp-content\/uploads\/F89-Posito-Tarifa-Cadiz.jpg 768w, https:\/\/www.elturistatranquil.com\/wp-content\/uploads\/F89-Posito-Tarifa-Cadiz-339x226.jpg 339w\" sizes=\"(max-width: 768px) 100vw, 768px\" \/>\t\t\t\t\t\t\t\t\t\t\t<figcaption class=\"widget-image-caption wp-caption-text\"><\/figcaption>\n\t\t\t\t\t\t\t\t\t\t<\/figure>\n\t\t\t\t\t\t\t\t\t<\/div>\n\t\t\t\t<\/div>\n\t\t\t\t<div class=\"elementor-element elementor-element-3b7f6e3 elementor-widget elementor-widget-text-editor\" data-id=\"3b7f6e3\" data-element_type=\"widget\" data-e-type=\"widget\" data-widget_type=\"text-editor.default\">\n\t\t\t\t<div class=\"elementor-widget-container\">\n\t\t\t\t\t\t\t\t\t<p>Tot seguit, una altra obertura permet observar l&#8217;extrem nord del mur del Castell.<\/p>\t\t\t\t\t\t\t\t<\/div>\n\t\t\t\t<\/div>\n\t\t\t\t<div class=\"elementor-element elementor-element-b0e2b7f elementor-widget elementor-widget-image\" data-id=\"b0e2b7f\" data-element_type=\"widget\" data-e-type=\"widget\" data-widget_type=\"image.default\">\n\t\t\t\t<div class=\"elementor-widget-container\">\n\t\t\t\t\t\t\t\t\t\t\t\t<figure class=\"wp-caption\">\n\t\t\t\t\t\t\t\t\t\t<img loading=\"lazy\" decoding=\"async\" width=\"768\" height=\"512\" src=\"https:\/\/www.elturistatranquil.com\/wp-content\/uploads\/F90-Plaza-de-Santa-Maria-Tarifa-Cadiz.jpg\" class=\"attachment-large size-large wp-image-39795\" alt=\"Plaza de Santa Maria, Tarifa, Cadiz\" srcset=\"https:\/\/www.elturistatranquil.com\/wp-content\/uploads\/F90-Plaza-de-Santa-Maria-Tarifa-Cadiz.jpg 768w, https:\/\/www.elturistatranquil.com\/wp-content\/uploads\/F90-Plaza-de-Santa-Maria-Tarifa-Cadiz-339x226.jpg 339w\" sizes=\"(max-width: 768px) 100vw, 768px\" \/>\t\t\t\t\t\t\t\t\t\t\t<figcaption class=\"widget-image-caption wp-caption-text\"><\/figcaption>\n\t\t\t\t\t\t\t\t\t\t<\/figure>\n\t\t\t\t\t\t\t\t\t<\/div>\n\t\t\t\t<\/div>\n\t\t\t\t<div class=\"elementor-element elementor-element-3eb8aaa elementor-widget elementor-widget-text-editor\" data-id=\"3eb8aaa\" data-element_type=\"widget\" data-e-type=\"widget\" data-widget_type=\"text-editor.default\">\n\t\t\t\t<div class=\"elementor-widget-container\">\n\t\t\t\t\t\t\t\t\t<p>Davant un gran edifici historicista neomud\u00e8jar del segle XX acull el <strong>col\u00b7legi Cervantes<\/strong> (<strong>8<\/strong>).<\/p>\t\t\t\t\t\t\t\t<\/div>\n\t\t\t\t<\/div>\n\t\t\t\t<div class=\"elementor-element elementor-element-481628c elementor-widget elementor-widget-image\" data-id=\"481628c\" data-element_type=\"widget\" data-e-type=\"widget\" data-widget_type=\"image.default\">\n\t\t\t\t<div class=\"elementor-widget-container\">\n\t\t\t\t\t\t\t\t\t\t\t\t<figure class=\"wp-caption\">\n\t\t\t\t\t\t\t\t\t\t<img loading=\"lazy\" decoding=\"async\" width=\"768\" height=\"512\" src=\"https:\/\/www.elturistatranquil.com\/wp-content\/uploads\/F91-Colegio-Cervantes-Tarifa-Cadiz.jpg\" class=\"attachment-large size-large wp-image-39797\" alt=\"Colegio Cervantes, Tarifa, Cadiz\" srcset=\"https:\/\/www.elturistatranquil.com\/wp-content\/uploads\/F91-Colegio-Cervantes-Tarifa-Cadiz.jpg 768w, https:\/\/www.elturistatranquil.com\/wp-content\/uploads\/F91-Colegio-Cervantes-Tarifa-Cadiz-339x226.jpg 339w\" sizes=\"(max-width: 768px) 100vw, 768px\" \/>\t\t\t\t\t\t\t\t\t\t\t<figcaption class=\"widget-image-caption wp-caption-text\"><\/figcaption>\n\t\t\t\t\t\t\t\t\t\t<\/figure>\n\t\t\t\t\t\t\t\t\t<\/div>\n\t\t\t\t<\/div>\n\t\t\t\t<div class=\"elementor-element elementor-element-52c6c97 elementor-widget elementor-widget-text-editor\" data-id=\"52c6c97\" data-element_type=\"widget\" data-e-type=\"widget\" data-widget_type=\"text-editor.default\">\n\t\t\t\t<div class=\"elementor-widget-container\">\n\t\t\t\t\t\t\t\t\t<p>Un cop d&#8217;ull sobre el costat nord, amb cases de tall tradicional, deixen veure una altra perspectiva de la c\u00fapula de l&#8217;esgl\u00e9sia de Sant Mateu i sobre els terrats de Tarifa.<\/p>\t\t\t\t\t\t\t\t<\/div>\n\t\t\t\t<\/div>\n\t\t\t\t<div class=\"elementor-element elementor-element-720471f elementor-widget elementor-widget-image\" data-id=\"720471f\" data-element_type=\"widget\" data-e-type=\"widget\" data-widget_type=\"image.default\">\n\t\t\t\t<div class=\"elementor-widget-container\">\n\t\t\t\t\t\t\t\t\t\t\t\t<figure class=\"wp-caption\">\n\t\t\t\t\t\t\t\t\t\t<img loading=\"lazy\" decoding=\"async\" width=\"768\" height=\"512\" src=\"https:\/\/www.elturistatranquil.com\/wp-content\/uploads\/F92-Plaza-de-Santa-Maria-Tarifa-Cadiz.jpg\" class=\"attachment-large size-large wp-image-39799\" alt=\"Colegio Cervantes, Tarifa, Cadiz\" srcset=\"https:\/\/www.elturistatranquil.com\/wp-content\/uploads\/F92-Plaza-de-Santa-Maria-Tarifa-Cadiz.jpg 768w, https:\/\/www.elturistatranquil.com\/wp-content\/uploads\/F92-Plaza-de-Santa-Maria-Tarifa-Cadiz-339x226.jpg 339w\" sizes=\"(max-width: 768px) 100vw, 768px\" \/>\t\t\t\t\t\t\t\t\t\t\t<figcaption class=\"widget-image-caption wp-caption-text\"><\/figcaption>\n\t\t\t\t\t\t\t\t\t\t<\/figure>\n\t\t\t\t\t\t\t\t\t<\/div>\n\t\t\t\t<\/div>\n\t\t\t\t<div class=\"elementor-element elementor-element-570f29a elementor-widget elementor-widget-menu-anchor\" data-id=\"570f29a\" data-element_type=\"widget\" data-e-type=\"widget\" data-widget_type=\"menu-anchor.default\">\n\t\t\t\t<div class=\"elementor-widget-container\">\n\t\t\t\t\t\t\t<div class=\"elementor-menu-anchor\" id=\"c7216\"><\/div>\n\t\t\t\t\t\t<\/div>\n\t\t\t\t<\/div>\n\t\t\t\t<section class=\"elementor-section elementor-inner-section elementor-element elementor-element-1802274 elementor-section-boxed elementor-section-height-default elementor-section-height-default\" data-id=\"1802274\" data-element_type=\"section\" data-e-type=\"section\">\n\t\t\t\t\t\t<div class=\"elementor-container elementor-column-gap-default\">\n\t\t\t\t\t<div class=\"elementor-column elementor-col-50 elementor-inner-column elementor-element elementor-element-9fa0715\" data-id=\"9fa0715\" data-element_type=\"column\" data-e-type=\"column\">\n\t\t\t<div class=\"elementor-widget-wrap elementor-element-populated\">\n\t\t\t\t\t\t<div class=\"elementor-element elementor-element-2033a16 elementor-widget elementor-widget-image\" data-id=\"2033a16\" data-element_type=\"widget\" data-e-type=\"widget\" data-widget_type=\"image.default\">\n\t\t\t\t<div class=\"elementor-widget-container\">\n\t\t\t\t\t\t\t\t\t\t\t\t\t\t\t<img loading=\"lazy\" decoding=\"async\" width=\"380\" height=\"570\" src=\"https:\/\/www.elturistatranquil.com\/wp-content\/uploads\/F93m-Plaza-de-Santa-Maria-Tarifa-Cadiz.jpg\" class=\"attachment-large size-large wp-image-39801\" alt=\"Plaza de Santa Maria, Tarifa, Cadiz\" srcset=\"https:\/\/www.elturistatranquil.com\/wp-content\/uploads\/F93m-Plaza-de-Santa-Maria-Tarifa-Cadiz.jpg 380w, https:\/\/www.elturistatranquil.com\/wp-content\/uploads\/F93m-Plaza-de-Santa-Maria-Tarifa-Cadiz-151x226.jpg 151w\" sizes=\"(max-width: 380px) 100vw, 380px\" \/>\t\t\t\t\t\t\t\t\t\t\t\t\t\t\t<\/div>\n\t\t\t\t<\/div>\n\t\t\t\t\t<\/div>\n\t\t<\/div>\n\t\t\t\t<div class=\"elementor-column elementor-col-50 elementor-inner-column elementor-element elementor-element-a594da4\" data-id=\"a594da4\" data-element_type=\"column\" data-e-type=\"column\">\n\t\t\t<div class=\"elementor-widget-wrap elementor-element-populated\">\n\t\t\t\t\t\t<div class=\"elementor-element elementor-element-90a513e elementor-widget elementor-widget-image\" data-id=\"90a513e\" data-element_type=\"widget\" data-e-type=\"widget\" data-widget_type=\"image.default\">\n\t\t\t\t<div class=\"elementor-widget-container\">\n\t\t\t\t\t\t\t\t\t\t\t\t\t\t\t<img loading=\"lazy\" decoding=\"async\" width=\"380\" height=\"570\" src=\"https:\/\/www.elturistatranquil.com\/wp-content\/uploads\/F93n-Plaza-de-Santa-Maria-Tarifa-Cadiz.jpg\" class=\"attachment-large size-large wp-image-39803\" alt=\"Plaza de Santa Maria, Tarifa, Cadiz\" srcset=\"https:\/\/www.elturistatranquil.com\/wp-content\/uploads\/F93n-Plaza-de-Santa-Maria-Tarifa-Cadiz.jpg 380w, https:\/\/www.elturistatranquil.com\/wp-content\/uploads\/F93n-Plaza-de-Santa-Maria-Tarifa-Cadiz-151x226.jpg 151w\" sizes=\"(max-width: 380px) 100vw, 380px\" \/>\t\t\t\t\t\t\t\t\t\t\t\t\t\t\t<\/div>\n\t\t\t\t<\/div>\n\t\t\t\t\t<\/div>\n\t\t<\/div>\n\t\t\t\t\t<\/div>\n\t\t<\/section>\n\t\t\t\t<div class=\"elementor-element elementor-element-1497a70 elementor-widget elementor-widget-heading\" data-id=\"1497a70\" data-element_type=\"widget\" data-e-type=\"widget\" data-widget_type=\"heading.default\">\n\t\t\t\t<div class=\"elementor-widget-container\">\n\t\t\t\t\t<h4 class=\"elementor-heading-title elementor-size-default\">Porta de la Almedina<\/h4>\t\t\t\t<\/div>\n\t\t\t\t<\/div>\n\t\t\t\t<div class=\"elementor-element elementor-element-208de69 elementor-widget elementor-widget-text-editor\" data-id=\"208de69\" data-element_type=\"widget\" data-e-type=\"widget\" data-widget_type=\"text-editor.default\">\n\t\t\t\t<div class=\"elementor-widget-container\">\n\t\t\t\t\t\t\t\t\t<p>Descendint pel carrer es troba la <strong>porta<\/strong> <strong>de la Almedina<\/strong> (<strong>9<\/strong>) que ja hem esmentat que corresponia a una de les entrades a la <strong>Medina<\/strong>.<\/p>\t\t\t\t\t\t\t\t<\/div>\n\t\t\t\t<\/div>\n\t\t\t\t<div class=\"elementor-element elementor-element-10cd9a8 elementor-widget elementor-widget-image\" data-id=\"10cd9a8\" data-element_type=\"widget\" data-e-type=\"widget\" data-widget_type=\"image.default\">\n\t\t\t\t<div class=\"elementor-widget-container\">\n\t\t\t\t\t\t\t\t\t\t\t\t<figure class=\"wp-caption\">\n\t\t\t\t\t\t\t\t\t\t<img loading=\"lazy\" decoding=\"async\" width=\"768\" height=\"513\" src=\"https:\/\/www.elturistatranquil.com\/wp-content\/uploads\/F94-Puerta-de-la-Almedina-Tarifa-Cadiz.jpg\" class=\"attachment-large size-large wp-image-39805\" alt=\"Puerta de la Almedina, Tarifa, Cadiz\" srcset=\"https:\/\/www.elturistatranquil.com\/wp-content\/uploads\/F94-Puerta-de-la-Almedina-Tarifa-Cadiz.jpg 768w, https:\/\/www.elturistatranquil.com\/wp-content\/uploads\/F94-Puerta-de-la-Almedina-Tarifa-Cadiz-339x226.jpg 339w\" sizes=\"(max-width: 768px) 100vw, 768px\" \/>\t\t\t\t\t\t\t\t\t\t\t<figcaption class=\"widget-image-caption wp-caption-text\"><\/figcaption>\n\t\t\t\t\t\t\t\t\t\t<\/figure>\n\t\t\t\t\t\t\t\t\t<\/div>\n\t\t\t\t<\/div>\n\t\t\t\t<div class=\"elementor-element elementor-element-11a20ba elementor-widget elementor-widget-menu-anchor\" data-id=\"11a20ba\" data-element_type=\"widget\" data-e-type=\"widget\" data-widget_type=\"menu-anchor.default\">\n\t\t\t\t<div class=\"elementor-widget-container\">\n\t\t\t\t\t\t\t<div class=\"elementor-menu-anchor\" id=\"c7217\"><\/div>\n\t\t\t\t\t\t<\/div>\n\t\t\t\t<\/div>\n\t\t\t\t<div class=\"elementor-element elementor-element-32ea420 elementor-widget elementor-widget-image\" data-id=\"32ea420\" data-element_type=\"widget\" data-e-type=\"widget\" data-widget_type=\"image.default\">\n\t\t\t\t<div class=\"elementor-widget-container\">\n\t\t\t\t\t\t\t\t\t\t\t\t<figure class=\"wp-caption\">\n\t\t\t\t\t\t\t\t\t\t<img loading=\"lazy\" decoding=\"async\" width=\"768\" height=\"511\" src=\"https:\/\/www.elturistatranquil.com\/wp-content\/uploads\/F95-Puerta-de-la-Almedina-Tarifa-Cadiz.jpg\" class=\"attachment-large size-large wp-image-39807\" alt=\"Puerta de la Almedina, Tarifa, Cadiz\" srcset=\"https:\/\/www.elturistatranquil.com\/wp-content\/uploads\/F95-Puerta-de-la-Almedina-Tarifa-Cadiz.jpg 768w, https:\/\/www.elturistatranquil.com\/wp-content\/uploads\/F95-Puerta-de-la-Almedina-Tarifa-Cadiz-339x226.jpg 339w\" sizes=\"(max-width: 768px) 100vw, 768px\" \/>\t\t\t\t\t\t\t\t\t\t\t<figcaption class=\"widget-image-caption wp-caption-text\"><\/figcaption>\n\t\t\t\t\t\t\t\t\t\t<\/figure>\n\t\t\t\t\t\t\t\t\t<\/div>\n\t\t\t\t<\/div>\n\t\t\t\t<div class=\"elementor-element elementor-element-ab7bcf5 elementor-widget elementor-widget-heading\" data-id=\"ab7bcf5\" data-element_type=\"widget\" data-e-type=\"widget\" data-widget_type=\"heading.default\">\n\t\t\t\t<div class=\"elementor-widget-container\">\n\t\t\t\t\t<h4 class=\"elementor-heading-title elementor-size-default\">Carrer Guzm\u00e1n el Bueno<\/h4>\t\t\t\t<\/div>\n\t\t\t\t<\/div>\n\t\t\t\t<div class=\"elementor-element elementor-element-e10bfb8 elementor-widget elementor-widget-text-editor\" data-id=\"e10bfb8\" data-element_type=\"widget\" data-e-type=\"widget\" data-widget_type=\"text-editor.default\">\n\t\t\t\t<div class=\"elementor-widget-container\">\n\t\t\t\t\t\t\t\t\t<p>El tram del <strong>carrer Guzm\u00e1n el Bueno<\/strong> fins a la sortida de la ciutat est\u00e0 ocupada per s\u00f2lids edificis senyorials, tots blancs, encara que apareguin mostres de color d&#8217;acord amb la tradici\u00f3 popular.<\/p><p>L&#8217;edifici de la dreta mostra un car\u00e0cter institucional, amb un mosaic dedicat a \u201c<em>Ntro. Padre Jes\u00fas Nazareno en conmemoraci\u00f3n del 375 aniversario de la fundaci\u00f3n de su Hermandad. 1643-2018<\/em>\u201d. No he sabut trobar refer\u00e8ncies a aquest edifici.<\/p>\t\t\t\t\t\t\t\t<\/div>\n\t\t\t\t<\/div>\n\t\t\t\t<div class=\"elementor-element elementor-element-872282a elementor-widget elementor-widget-image\" data-id=\"872282a\" data-element_type=\"widget\" data-e-type=\"widget\" data-widget_type=\"image.default\">\n\t\t\t\t<div class=\"elementor-widget-container\">\n\t\t\t\t\t\t\t\t\t\t\t\t<figure class=\"wp-caption\">\n\t\t\t\t\t\t\t\t\t\t<img loading=\"lazy\" decoding=\"async\" width=\"768\" height=\"512\" src=\"https:\/\/www.elturistatranquil.com\/wp-content\/uploads\/F96-Calle-Guzman-el-Bueno-Tarifa-Cadiz.jpg\" class=\"attachment-large size-large wp-image-39809\" alt=\"Calle Guzman el Bueno, Tarifa, Cadiz\" srcset=\"https:\/\/www.elturistatranquil.com\/wp-content\/uploads\/F96-Calle-Guzman-el-Bueno-Tarifa-Cadiz.jpg 768w, https:\/\/www.elturistatranquil.com\/wp-content\/uploads\/F96-Calle-Guzman-el-Bueno-Tarifa-Cadiz-339x226.jpg 339w\" sizes=\"(max-width: 768px) 100vw, 768px\" \/>\t\t\t\t\t\t\t\t\t\t\t<figcaption class=\"widget-image-caption wp-caption-text\"><\/figcaption>\n\t\t\t\t\t\t\t\t\t\t<\/figure>\n\t\t\t\t\t\t\t\t\t<\/div>\n\t\t\t\t<\/div>\n\t\t\t\t<div class=\"elementor-element elementor-element-de16a5f elementor-widget elementor-widget-image\" data-id=\"de16a5f\" data-element_type=\"widget\" data-e-type=\"widget\" data-widget_type=\"image.default\">\n\t\t\t\t<div class=\"elementor-widget-container\">\n\t\t\t\t\t\t\t\t\t\t\t\t<figure class=\"wp-caption\">\n\t\t\t\t\t\t\t\t\t\t<img loading=\"lazy\" decoding=\"async\" width=\"768\" height=\"511\" src=\"https:\/\/www.elturistatranquil.com\/wp-content\/uploads\/F97-Calle-Guzman-el-Bueno-Tarifa-Cadiz.jpg\" class=\"attachment-large size-large wp-image-39811\" alt=\"Calle Guzman el Bueno, Tarifa, Cadiz\" srcset=\"https:\/\/www.elturistatranquil.com\/wp-content\/uploads\/F97-Calle-Guzman-el-Bueno-Tarifa-Cadiz.jpg 768w, https:\/\/www.elturistatranquil.com\/wp-content\/uploads\/F97-Calle-Guzman-el-Bueno-Tarifa-Cadiz-339x226.jpg 339w\" sizes=\"(max-width: 768px) 100vw, 768px\" \/>\t\t\t\t\t\t\t\t\t\t\t<figcaption class=\"widget-image-caption wp-caption-text\"><\/figcaption>\n\t\t\t\t\t\t\t\t\t\t<\/figure>\n\t\t\t\t\t\t\t\t\t<\/div>\n\t\t\t\t<\/div>\n\t\t\t\t<div class=\"elementor-element elementor-element-d21be58 elementor-widget elementor-widget-image\" data-id=\"d21be58\" data-element_type=\"widget\" data-e-type=\"widget\" data-widget_type=\"image.default\">\n\t\t\t\t<div class=\"elementor-widget-container\">\n\t\t\t\t\t\t\t\t\t\t\t\t<figure class=\"wp-caption\">\n\t\t\t\t\t\t\t\t\t\t<img loading=\"lazy\" decoding=\"async\" width=\"768\" height=\"511\" src=\"https:\/\/www.elturistatranquil.com\/wp-content\/uploads\/F98-Calle-Guzman-el-Bueno-Tarifa-Cadiz.jpg\" class=\"attachment-large size-large wp-image-39813\" alt=\"Calle Guzman el Bueno, Tarifa, Cadiz\" srcset=\"https:\/\/www.elturistatranquil.com\/wp-content\/uploads\/F98-Calle-Guzman-el-Bueno-Tarifa-Cadiz.jpg 768w, https:\/\/www.elturistatranquil.com\/wp-content\/uploads\/F98-Calle-Guzman-el-Bueno-Tarifa-Cadiz-339x226.jpg 339w\" sizes=\"(max-width: 768px) 100vw, 768px\" \/>\t\t\t\t\t\t\t\t\t\t\t<figcaption class=\"widget-image-caption wp-caption-text\"><\/figcaption>\n\t\t\t\t\t\t\t\t\t\t<\/figure>\n\t\t\t\t\t\t\t\t\t<\/div>\n\t\t\t\t<\/div>\n\t\t\t\t<div class=\"elementor-element elementor-element-a379b31 elementor-widget elementor-widget-text-editor\" data-id=\"a379b31\" data-element_type=\"widget\" data-e-type=\"widget\" data-widget_type=\"text-editor.default\">\n\t\t\t\t<div class=\"elementor-widget-container\">\n\t\t\t\t\t\t\t\t\t<p>Davant, adossada al Castell el que semblen ser cases senyorials.<\/p>\t\t\t\t\t\t\t\t<\/div>\n\t\t\t\t<\/div>\n\t\t\t\t<div class=\"elementor-element elementor-element-8cc09e8 elementor-widget elementor-widget-image\" data-id=\"8cc09e8\" data-element_type=\"widget\" data-e-type=\"widget\" data-widget_type=\"image.default\">\n\t\t\t\t<div class=\"elementor-widget-container\">\n\t\t\t\t\t\t\t\t\t\t\t\t<figure class=\"wp-caption\">\n\t\t\t\t\t\t\t\t\t\t<img loading=\"lazy\" decoding=\"async\" width=\"768\" height=\"512\" src=\"https:\/\/www.elturistatranquil.com\/wp-content\/uploads\/F99-Calle-Guzman-el-Bueno-Tarifa-Cadiz.jpg\" class=\"attachment-large size-large wp-image-39815\" alt=\"Calle Guzman el Bueno, Tarifa, Cadiz\" srcset=\"https:\/\/www.elturistatranquil.com\/wp-content\/uploads\/F99-Calle-Guzman-el-Bueno-Tarifa-Cadiz.jpg 768w, https:\/\/www.elturistatranquil.com\/wp-content\/uploads\/F99-Calle-Guzman-el-Bueno-Tarifa-Cadiz-339x226.jpg 339w\" sizes=\"(max-width: 768px) 100vw, 768px\" \/>\t\t\t\t\t\t\t\t\t\t\t<figcaption class=\"widget-image-caption wp-caption-text\"><\/figcaption>\n\t\t\t\t\t\t\t\t\t\t<\/figure>\n\t\t\t\t\t\t\t\t\t<\/div>\n\t\t\t\t<\/div>\n\t\t\t\t<div class=\"elementor-element elementor-element-f8f7a16 elementor-widget elementor-widget-text-editor\" data-id=\"f8f7a16\" data-element_type=\"widget\" data-e-type=\"widget\" data-widget_type=\"text-editor.default\">\n\t\t\t\t<div class=\"elementor-widget-container\">\n\t\t\t\t\t\t\t\t\t<p>Fora ja del recinte emmurallat, i al peu de la torre de Guzm\u00e1n el Bueno, es va instal\u00b7lar un <strong>monument<\/strong> dedicat a <strong>Sancho IV el Bravo<\/strong> (<strong>10<\/strong>) en commemoraci\u00f3 del VII centenari de la presa de Tarifa el 1292.<\/p>\t\t\t\t\t\t\t\t<\/div>\n\t\t\t\t<\/div>\n\t\t\t\t<div class=\"elementor-element elementor-element-51de6a5 elementor-widget elementor-widget-image\" data-id=\"51de6a5\" data-element_type=\"widget\" data-e-type=\"widget\" data-widget_type=\"image.default\">\n\t\t\t\t<div class=\"elementor-widget-container\">\n\t\t\t\t\t\t\t\t\t\t\t\t<figure class=\"wp-caption\">\n\t\t\t\t\t\t\t\t\t\t<img loading=\"lazy\" decoding=\"async\" width=\"768\" height=\"511\" src=\"https:\/\/www.elturistatranquil.com\/wp-content\/uploads\/F100-Monumento-a-Sancho-IV-Tarifa-Cadiz.jpg\" class=\"attachment-large size-large wp-image-39817\" alt=\"Monumento a Sancho IV, Tarifa, Cadiz\" srcset=\"https:\/\/www.elturistatranquil.com\/wp-content\/uploads\/F100-Monumento-a-Sancho-IV-Tarifa-Cadiz.jpg 768w, https:\/\/www.elturistatranquil.com\/wp-content\/uploads\/F100-Monumento-a-Sancho-IV-Tarifa-Cadiz-339x226.jpg 339w\" sizes=\"(max-width: 768px) 100vw, 768px\" \/>\t\t\t\t\t\t\t\t\t\t\t<figcaption class=\"widget-image-caption wp-caption-text\"><\/figcaption>\n\t\t\t\t\t\t\t\t\t\t<\/figure>\n\t\t\t\t\t\t\t\t\t<\/div>\n\t\t\t\t<\/div>\n\t\t\t\t<div class=\"elementor-element elementor-element-defc048 elementor-widget elementor-widget-text-editor\" data-id=\"defc048\" data-element_type=\"widget\" data-e-type=\"widget\" data-widget_type=\"text-editor.default\">\n\t\t\t\t<div class=\"elementor-widget-container\">\n\t\t\t\t\t\t\t\t\t<p>El principi del <strong>passeig de la Alameda<\/strong> va ser el lloc escollit per destinar un <strong>monument a Guzm\u00e1n el Bueno<\/strong> (<strong>11<\/strong>), obra de l&#8217;escultor Manuel Reine Jim\u00e9nez, erigit en commemoraci\u00f3 de VII centenari dels successos hist\u00f2rics (1294).<\/p>\t\t\t\t\t\t\t\t<\/div>\n\t\t\t\t<\/div>\n\t\t\t\t<div class=\"elementor-element elementor-element-58ff421 elementor-widget elementor-widget-image\" data-id=\"58ff421\" data-element_type=\"widget\" data-e-type=\"widget\" data-widget_type=\"image.default\">\n\t\t\t\t<div class=\"elementor-widget-container\">\n\t\t\t\t\t\t\t\t\t\t\t\t<figure class=\"wp-caption\">\n\t\t\t\t\t\t\t\t\t\t<img loading=\"lazy\" decoding=\"async\" width=\"768\" height=\"511\" src=\"https:\/\/www.elturistatranquil.com\/wp-content\/uploads\/F101-Monumento-a-Guzman-el-Bueno-Tarifa-Cadiz.jpg\" class=\"attachment-large size-large wp-image-39819\" alt=\"Monumento a Guzman el Bueno, Tarifa, Cadiz\" srcset=\"https:\/\/www.elturistatranquil.com\/wp-content\/uploads\/F101-Monumento-a-Guzman-el-Bueno-Tarifa-Cadiz.jpg 768w, https:\/\/www.elturistatranquil.com\/wp-content\/uploads\/F101-Monumento-a-Guzman-el-Bueno-Tarifa-Cadiz-339x226.jpg 339w\" sizes=\"(max-width: 768px) 100vw, 768px\" \/>\t\t\t\t\t\t\t\t\t\t\t<figcaption class=\"widget-image-caption wp-caption-text\"><\/figcaption>\n\t\t\t\t\t\t\t\t\t\t<\/figure>\n\t\t\t\t\t\t\t\t\t<\/div>\n\t\t\t\t<\/div>\n\t\t\t\t<div class=\"elementor-element elementor-element-4cdbc8d elementor-widget elementor-widget-menu-anchor\" data-id=\"4cdbc8d\" data-element_type=\"widget\" data-e-type=\"widget\" data-widget_type=\"menu-anchor.default\">\n\t\t\t\t<div class=\"elementor-widget-container\">\n\t\t\t\t\t\t\t<div class=\"elementor-menu-anchor\" id=\"c7218\"><\/div>\n\t\t\t\t\t\t<\/div>\n\t\t\t\t<\/div>\n\t\t\t\t<div class=\"elementor-element elementor-element-f0de22d elementor-widget elementor-widget-text-editor\" data-id=\"f0de22d\" data-element_type=\"widget\" data-e-type=\"widget\" data-widget_type=\"text-editor.default\">\n\t\t\t\t<div class=\"elementor-widget-container\">\n\t\t\t\t\t\t\t\t\t<p>Des d&#8217;aquesta posici\u00f3 s&#8217;observa el llen\u00e7 de muralla del costat de la Alameda que hem vist amb el n\u00famero 25 en seguir el recorregut del recinte emmurallat.<\/p>\t\t\t\t\t\t\t\t<\/div>\n\t\t\t\t<\/div>\n\t\t\t\t<div class=\"elementor-element elementor-element-fa85eb2 elementor-widget elementor-widget-heading\" data-id=\"fa85eb2\" data-element_type=\"widget\" data-e-type=\"widget\" data-widget_type=\"heading.default\">\n\t\t\t\t<div class=\"elementor-widget-container\">\n\t\t\t\t\t<h4 class=\"elementor-heading-title elementor-size-default\">Carrers Sancho IV el Bravo i General Copons<\/h4>\t\t\t\t<\/div>\n\t\t\t\t<\/div>\n\t\t\t\t<div class=\"elementor-element elementor-element-9a5bae8 elementor-widget elementor-widget-text-editor\" data-id=\"9a5bae8\" data-element_type=\"widget\" data-e-type=\"widget\" data-widget_type=\"text-editor.default\">\n\t\t\t\t<div class=\"elementor-widget-container\">\n\t\t\t\t\t\t\t\t\t<p>Ens endinsem a la ciutat medieval pel <strong>carrer Sancho IV el Bravo<\/strong> que s&#8217;ha constru\u00eft sobre la llera de la riera Angorilla que travessava Tarifa entrant per la porta del Retiro al costat de llevant.<\/p><p>La seva caracter\u00edstica principal \u00e9s que segueix el recorregut sinu\u00f3s que dibuixava la riera de forma cont\u00ednua entre les dues portes dels costats est i oest del recinte. A m\u00e9s, les necessitats d&#8217;amplitud de la llera han deixat al pl\u00e0nol urb\u00e0 un carrer ample i continu en comparaci\u00f3 amb la trama de l&#8217;urbanisme estret i tortu\u00f3s de la ciutat musulmana d&#8217;origen.<\/p><p>Els carrerons que parteixen d&#8217;aquesta via ofereixen imatges t\u00edpiques d&#8217;una ciutat musulmana, m\u00e9s o menys estreta i sinuosa. Aix\u00ed com elements propis de l&#8217;arquitectura popular de la zona, dominada pel color blanc de les fa\u00e7anes i les cobertes en forma de terrat sobre cases generalment de dues plantes.<\/p>\t\t\t\t\t\t\t\t<\/div>\n\t\t\t\t<\/div>\n\t\t\t\t<div class=\"elementor-element elementor-element-5998344 elementor-widget elementor-widget-image\" data-id=\"5998344\" data-element_type=\"widget\" data-e-type=\"widget\" data-widget_type=\"image.default\">\n\t\t\t\t<div class=\"elementor-widget-container\">\n\t\t\t\t\t\t\t\t\t\t\t\t<figure class=\"wp-caption\">\n\t\t\t\t\t\t\t\t\t\t<img loading=\"lazy\" decoding=\"async\" width=\"768\" height=\"511\" src=\"https:\/\/www.elturistatranquil.com\/wp-content\/uploads\/F102-Calle-Sancho-IV-Tarifa-Cadiz.jpg\" class=\"attachment-large size-large wp-image-39821\" alt=\"Calle Sancho IV, Tarifa, Cadiz\" srcset=\"https:\/\/www.elturistatranquil.com\/wp-content\/uploads\/F102-Calle-Sancho-IV-Tarifa-Cadiz.jpg 768w, https:\/\/www.elturistatranquil.com\/wp-content\/uploads\/F102-Calle-Sancho-IV-Tarifa-Cadiz-339x226.jpg 339w\" sizes=\"(max-width: 768px) 100vw, 768px\" \/>\t\t\t\t\t\t\t\t\t\t\t<figcaption class=\"widget-image-caption wp-caption-text\"><\/figcaption>\n\t\t\t\t\t\t\t\t\t\t<\/figure>\n\t\t\t\t\t\t\t\t\t<\/div>\n\t\t\t\t<\/div>\n\t\t\t\t<div class=\"elementor-element elementor-element-75fe5d7 elementor-widget elementor-widget-image\" data-id=\"75fe5d7\" data-element_type=\"widget\" data-e-type=\"widget\" data-widget_type=\"image.default\">\n\t\t\t\t<div class=\"elementor-widget-container\">\n\t\t\t\t\t\t\t\t\t\t\t\t<figure class=\"wp-caption\">\n\t\t\t\t\t\t\t\t\t\t<img loading=\"lazy\" decoding=\"async\" width=\"768\" height=\"512\" src=\"https:\/\/www.elturistatranquil.com\/wp-content\/uploads\/F103-Calle-Sancho-IV-Tarifa-Cadiz.jpg\" class=\"attachment-large size-large wp-image-39823\" alt=\"Calle Sancho IV, Tarifa, Cadiz\" srcset=\"https:\/\/www.elturistatranquil.com\/wp-content\/uploads\/F103-Calle-Sancho-IV-Tarifa-Cadiz.jpg 768w, https:\/\/www.elturistatranquil.com\/wp-content\/uploads\/F103-Calle-Sancho-IV-Tarifa-Cadiz-339x226.jpg 339w\" sizes=\"(max-width: 768px) 100vw, 768px\" \/>\t\t\t\t\t\t\t\t\t\t\t<figcaption class=\"widget-image-caption wp-caption-text\"><\/figcaption>\n\t\t\t\t\t\t\t\t\t\t<\/figure>\n\t\t\t\t\t\t\t\t\t<\/div>\n\t\t\t\t<\/div>\n\t\t\t\t<div class=\"elementor-element elementor-element-3612fd8 elementor-widget elementor-widget-image\" data-id=\"3612fd8\" data-element_type=\"widget\" data-e-type=\"widget\" data-widget_type=\"image.default\">\n\t\t\t\t<div class=\"elementor-widget-container\">\n\t\t\t\t\t\t\t\t\t\t\t\t<figure class=\"wp-caption\">\n\t\t\t\t\t\t\t\t\t\t<img loading=\"lazy\" decoding=\"async\" width=\"768\" height=\"511\" src=\"https:\/\/www.elturistatranquil.com\/wp-content\/uploads\/F104-Calle-Sancho-IV-Tarifa-Cadiz.jpg\" class=\"attachment-large size-large wp-image-39825\" alt=\"Calle Sancho IV, Tarifa, Cadiz\" srcset=\"https:\/\/www.elturistatranquil.com\/wp-content\/uploads\/F104-Calle-Sancho-IV-Tarifa-Cadiz.jpg 768w, https:\/\/www.elturistatranquil.com\/wp-content\/uploads\/F104-Calle-Sancho-IV-Tarifa-Cadiz-339x226.jpg 339w\" sizes=\"(max-width: 768px) 100vw, 768px\" \/>\t\t\t\t\t\t\t\t\t\t\t<figcaption class=\"widget-image-caption wp-caption-text\"><\/figcaption>\n\t\t\t\t\t\t\t\t\t\t<\/figure>\n\t\t\t\t\t\t\t\t\t<\/div>\n\t\t\t\t<\/div>\n\t\t\t\t<div class=\"elementor-element elementor-element-8356a1e elementor-widget elementor-widget-image\" data-id=\"8356a1e\" data-element_type=\"widget\" data-e-type=\"widget\" data-widget_type=\"image.default\">\n\t\t\t\t<div class=\"elementor-widget-container\">\n\t\t\t\t\t\t\t\t\t\t\t\t<figure class=\"wp-caption\">\n\t\t\t\t\t\t\t\t\t\t<img loading=\"lazy\" decoding=\"async\" width=\"768\" height=\"511\" src=\"https:\/\/www.elturistatranquil.com\/wp-content\/uploads\/F105-Calle-Sancho-IV-Tarifa-Cadiz.jpg\" class=\"attachment-large size-large wp-image-39827\" alt=\"Calle Sancho IV, Tarifa, Cadiz\" srcset=\"https:\/\/www.elturistatranquil.com\/wp-content\/uploads\/F105-Calle-Sancho-IV-Tarifa-Cadiz.jpg 768w, https:\/\/www.elturistatranquil.com\/wp-content\/uploads\/F105-Calle-Sancho-IV-Tarifa-Cadiz-339x226.jpg 339w\" sizes=\"(max-width: 768px) 100vw, 768px\" \/>\t\t\t\t\t\t\t\t\t\t\t<figcaption class=\"widget-image-caption wp-caption-text\"><\/figcaption>\n\t\t\t\t\t\t\t\t\t\t<\/figure>\n\t\t\t\t\t\t\t\t\t<\/div>\n\t\t\t\t<\/div>\n\t\t\t\t<div class=\"elementor-element elementor-element-931786d elementor-widget elementor-widget-image\" data-id=\"931786d\" data-element_type=\"widget\" data-e-type=\"widget\" data-widget_type=\"image.default\">\n\t\t\t\t<div class=\"elementor-widget-container\">\n\t\t\t\t\t\t\t\t\t\t\t\t<figure class=\"wp-caption\">\n\t\t\t\t\t\t\t\t\t\t<img loading=\"lazy\" decoding=\"async\" width=\"768\" height=\"512\" src=\"https:\/\/www.elturistatranquil.com\/wp-content\/uploads\/F106-Calle-Sancho-IV-Tarifa-Cadiz.jpg\" class=\"attachment-large size-large wp-image-39829\" alt=\"Calle Sancho IV, Tarifa, Cadiz\" srcset=\"https:\/\/www.elturistatranquil.com\/wp-content\/uploads\/F106-Calle-Sancho-IV-Tarifa-Cadiz.jpg 768w, https:\/\/www.elturistatranquil.com\/wp-content\/uploads\/F106-Calle-Sancho-IV-Tarifa-Cadiz-339x226.jpg 339w\" sizes=\"(max-width: 768px) 100vw, 768px\" \/>\t\t\t\t\t\t\t\t\t\t\t<figcaption class=\"widget-image-caption wp-caption-text\"><\/figcaption>\n\t\t\t\t\t\t\t\t\t\t<\/figure>\n\t\t\t\t\t\t\t\t\t<\/div>\n\t\t\t\t<\/div>\n\t\t\t\t<div class=\"elementor-element elementor-element-0a8546e elementor-widget elementor-widget-text-editor\" data-id=\"0a8546e\" data-element_type=\"widget\" data-e-type=\"widget\" data-widget_type=\"text-editor.default\">\n\t\t\t\t<div class=\"elementor-widget-container\">\n\t\t\t\t\t\t\t\t\t<p>Seguint el carrer arribem a l&#8217;e<strong>sgl\u00e9sia de San Mateo<\/strong> (<strong>12<\/strong>). Constru\u00efda a principis del segle XVI en estil g\u00f2tic, la portada barroca \u00e9s del 1774 amb disseny de l&#8217;arquitecte Torcuato Cat\u00f3n de la Vega.<\/p><p>El color gris de la fa\u00e7ana contrasta amb el vermell\u00f3s de la torre quadrada, d&#8217;una altura discreta.<\/p>\t\t\t\t\t\t\t\t<\/div>\n\t\t\t\t<\/div>\n\t\t\t\t<div class=\"elementor-element elementor-element-46772c7 elementor-widget elementor-widget-image\" data-id=\"46772c7\" data-element_type=\"widget\" data-e-type=\"widget\" data-widget_type=\"image.default\">\n\t\t\t\t<div class=\"elementor-widget-container\">\n\t\t\t\t\t\t\t\t\t\t\t\t<figure class=\"wp-caption\">\n\t\t\t\t\t\t\t\t\t\t<img loading=\"lazy\" decoding=\"async\" width=\"768\" height=\"511\" src=\"https:\/\/www.elturistatranquil.com\/wp-content\/uploads\/F107-Iglesia-de-San-Mateo-Tarifa-Cadiz.jpg\" class=\"attachment-large size-large wp-image-39831\" alt=\"Iglesia de San Mateo, Tarifa, Cadiz\" srcset=\"https:\/\/www.elturistatranquil.com\/wp-content\/uploads\/F107-Iglesia-de-San-Mateo-Tarifa-Cadiz.jpg 768w, https:\/\/www.elturistatranquil.com\/wp-content\/uploads\/F107-Iglesia-de-San-Mateo-Tarifa-Cadiz-339x226.jpg 339w\" sizes=\"(max-width: 768px) 100vw, 768px\" \/>\t\t\t\t\t\t\t\t\t\t\t<figcaption class=\"widget-image-caption wp-caption-text\"><\/figcaption>\n\t\t\t\t\t\t\t\t\t\t<\/figure>\n\t\t\t\t\t\t\t\t\t<\/div>\n\t\t\t\t<\/div>\n\t\t\t\t<div class=\"elementor-element elementor-element-407c5c3 elementor-widget elementor-widget-image\" data-id=\"407c5c3\" data-element_type=\"widget\" data-e-type=\"widget\" data-widget_type=\"image.default\">\n\t\t\t\t<div class=\"elementor-widget-container\">\n\t\t\t\t\t\t\t\t\t\t\t\t<figure class=\"wp-caption\">\n\t\t\t\t\t\t\t\t\t\t<img loading=\"lazy\" decoding=\"async\" width=\"768\" height=\"512\" src=\"https:\/\/www.elturistatranquil.com\/wp-content\/uploads\/F108-Iglesia-de-San-Mateo-Tarifa-Cadiz.jpg\" class=\"attachment-large size-large wp-image-39833\" alt=\"Iglesia de San Mateo, Tarifa, Cadiz\" srcset=\"https:\/\/www.elturistatranquil.com\/wp-content\/uploads\/F108-Iglesia-de-San-Mateo-Tarifa-Cadiz.jpg 768w, https:\/\/www.elturistatranquil.com\/wp-content\/uploads\/F108-Iglesia-de-San-Mateo-Tarifa-Cadiz-339x226.jpg 339w\" sizes=\"(max-width: 768px) 100vw, 768px\" \/>\t\t\t\t\t\t\t\t\t\t\t<figcaption class=\"widget-image-caption wp-caption-text\"><\/figcaption>\n\t\t\t\t\t\t\t\t\t\t<\/figure>\n\t\t\t\t\t\t\t\t\t<\/div>\n\t\t\t\t<\/div>\n\t\t\t\t<div class=\"elementor-element elementor-element-60f100c elementor-widget elementor-widget-text-editor\" data-id=\"60f100c\" data-element_type=\"widget\" data-e-type=\"widget\" data-widget_type=\"text-editor.default\">\n\t\t\t\t<div class=\"elementor-widget-container\">\n\t\t\t\t\t\t\t\t\t<p>La riera tor\u00e7ava seguint pel costat de l&#8217;evangeli, que ara pren el nom de <strong>carrer General Copons<\/strong> fins a assolir la <strong>porta del Retiro<\/strong>, per la qual hem passat en el recorregut de les muralles.<\/p>\t\t\t\t\t\t\t\t<\/div>\n\t\t\t\t<\/div>\n\t\t\t\t<div class=\"elementor-element elementor-element-f7aa2d3 elementor-widget elementor-widget-image\" data-id=\"f7aa2d3\" data-element_type=\"widget\" data-e-type=\"widget\" data-widget_type=\"image.default\">\n\t\t\t\t<div class=\"elementor-widget-container\">\n\t\t\t\t\t\t\t\t\t\t\t\t<figure class=\"wp-caption\">\n\t\t\t\t\t\t\t\t\t\t<img loading=\"lazy\" decoding=\"async\" width=\"768\" height=\"511\" src=\"https:\/\/www.elturistatranquil.com\/wp-content\/uploads\/F109-Calle-General-Copons-Tarifa-Cadiz.jpg\" class=\"attachment-large size-large wp-image-39839\" alt=\"Calle General Copons, Tarifa, Cadiz\" srcset=\"https:\/\/www.elturistatranquil.com\/wp-content\/uploads\/F109-Calle-General-Copons-Tarifa-Cadiz.jpg 768w, https:\/\/www.elturistatranquil.com\/wp-content\/uploads\/F109-Calle-General-Copons-Tarifa-Cadiz-339x226.jpg 339w\" sizes=\"(max-width: 768px) 100vw, 768px\" \/>\t\t\t\t\t\t\t\t\t\t\t<figcaption class=\"widget-image-caption wp-caption-text\"><\/figcaption>\n\t\t\t\t\t\t\t\t\t\t<\/figure>\n\t\t\t\t\t\t\t\t\t<\/div>\n\t\t\t\t<\/div>\n\t\t\t\t<div class=\"elementor-element elementor-element-56321f0 elementor-widget elementor-widget-menu-anchor\" data-id=\"56321f0\" data-element_type=\"widget\" data-e-type=\"widget\" data-widget_type=\"menu-anchor.default\">\n\t\t\t\t<div class=\"elementor-widget-container\">\n\t\t\t\t\t\t\t<div class=\"elementor-menu-anchor\" id=\"c7219\"><\/div>\n\t\t\t\t\t\t<\/div>\n\t\t\t\t<\/div>\n\t\t\t\t<div class=\"elementor-element elementor-element-1e50c11 elementor-widget elementor-widget-image\" data-id=\"1e50c11\" data-element_type=\"widget\" data-e-type=\"widget\" data-widget_type=\"image.default\">\n\t\t\t\t<div class=\"elementor-widget-container\">\n\t\t\t\t\t\t\t\t\t\t\t\t<figure class=\"wp-caption\">\n\t\t\t\t\t\t\t\t\t\t<img loading=\"lazy\" decoding=\"async\" width=\"768\" height=\"511\" src=\"https:\/\/www.elturistatranquil.com\/wp-content\/uploads\/F110-Calle-General-Copons-Tarifa-Cadiz.jpg\" class=\"attachment-large size-large wp-image-39841\" alt=\"Calle General Copons, Tarifa, Cadiz\" srcset=\"https:\/\/www.elturistatranquil.com\/wp-content\/uploads\/F110-Calle-General-Copons-Tarifa-Cadiz.jpg 768w, https:\/\/www.elturistatranquil.com\/wp-content\/uploads\/F110-Calle-General-Copons-Tarifa-Cadiz-339x226.jpg 339w\" sizes=\"(max-width: 768px) 100vw, 768px\" \/>\t\t\t\t\t\t\t\t\t\t\t<figcaption class=\"widget-image-caption wp-caption-text\"><\/figcaption>\n\t\t\t\t\t\t\t\t\t\t<\/figure>\n\t\t\t\t\t\t\t\t\t<\/div>\n\t\t\t\t<\/div>\n\t\t\t\t<div class=\"elementor-element elementor-element-2af1e16 elementor-widget elementor-widget-heading\" data-id=\"2af1e16\" data-element_type=\"widget\" data-e-type=\"widget\" data-widget_type=\"heading.default\">\n\t\t\t\t<div class=\"elementor-widget-container\">\n\t\t\t\t\t<h4 class=\"elementor-heading-title elementor-size-default\">Carrers San Francisco, Sant\u00edsima Trinidad i pla\u00e7a del \u00c1ngel<\/h4>\t\t\t\t<\/div>\n\t\t\t\t<\/div>\n\t\t\t\t<div class=\"elementor-element elementor-element-eb4e6b0 elementor-widget elementor-widget-text-editor\" data-id=\"eb4e6b0\" data-element_type=\"widget\" data-e-type=\"widget\" data-widget_type=\"text-editor.default\">\n\t\t\t\t<div class=\"elementor-widget-container\">\n\t\t\t\t\t\t\t\t\t<p>Retrocedirem fins entrar pel <strong>carrer San Francisco<\/strong> per l&#8217;interior del recinte del Raval.<\/p>\t\t\t\t\t\t\t\t<\/div>\n\t\t\t\t<\/div>\n\t\t\t\t<div class=\"elementor-element elementor-element-7818acd elementor-widget elementor-widget-image\" data-id=\"7818acd\" data-element_type=\"widget\" data-e-type=\"widget\" data-widget_type=\"image.default\">\n\t\t\t\t<div class=\"elementor-widget-container\">\n\t\t\t\t\t\t\t\t\t\t\t\t<figure class=\"wp-caption\">\n\t\t\t\t\t\t\t\t\t\t<img loading=\"lazy\" decoding=\"async\" width=\"768\" height=\"511\" src=\"https:\/\/www.elturistatranquil.com\/wp-content\/uploads\/F111-Calle-San-Francisco-Tarifa-Cadiz.jpg\" class=\"attachment-large size-large wp-image-39847\" alt=\"Calle San Francisco, Tarifa, Cadiz\" srcset=\"https:\/\/www.elturistatranquil.com\/wp-content\/uploads\/F111-Calle-San-Francisco-Tarifa-Cadiz.jpg 768w, https:\/\/www.elturistatranquil.com\/wp-content\/uploads\/F111-Calle-San-Francisco-Tarifa-Cadiz-339x226.jpg 339w\" sizes=\"(max-width: 768px) 100vw, 768px\" \/>\t\t\t\t\t\t\t\t\t\t\t<figcaption class=\"widget-image-caption wp-caption-text\"><\/figcaption>\n\t\t\t\t\t\t\t\t\t\t<\/figure>\n\t\t\t\t\t\t\t\t\t<\/div>\n\t\t\t\t<\/div>\n\t\t\t\t<div class=\"elementor-element elementor-element-eb6a6cf elementor-widget elementor-widget-text-editor\" data-id=\"eb6a6cf\" data-element_type=\"widget\" data-e-type=\"widget\" data-widget_type=\"text-editor.default\">\n\t\t\t\t<div class=\"elementor-widget-container\">\n\t\t\t\t\t\t\t\t\t<p>A les fa\u00e7anes apareixen una gran diversitat d&#8217;elements i detalls ornamentals i constructius en qu\u00e8 s&#8217;atura la mirada.<\/p>\t\t\t\t\t\t\t\t<\/div>\n\t\t\t\t<\/div>\n\t\t\t\t<section class=\"elementor-section elementor-inner-section elementor-element elementor-element-0778433 elementor-section-boxed elementor-section-height-default elementor-section-height-default\" data-id=\"0778433\" data-element_type=\"section\" data-e-type=\"section\">\n\t\t\t\t\t\t<div class=\"elementor-container elementor-column-gap-default\">\n\t\t\t\t\t<div class=\"elementor-column elementor-col-50 elementor-inner-column elementor-element elementor-element-68c53f1\" data-id=\"68c53f1\" data-element_type=\"column\" data-e-type=\"column\">\n\t\t\t<div class=\"elementor-widget-wrap elementor-element-populated\">\n\t\t\t\t\t\t<div class=\"elementor-element elementor-element-9012c56 elementor-widget elementor-widget-image\" data-id=\"9012c56\" data-element_type=\"widget\" data-e-type=\"widget\" data-widget_type=\"image.default\">\n\t\t\t\t<div class=\"elementor-widget-container\">\n\t\t\t\t\t\t\t\t\t\t\t\t\t\t\t<img loading=\"lazy\" decoding=\"async\" width=\"380\" height=\"380\" src=\"https:\/\/www.elturistatranquil.com\/wp-content\/uploads\/F112m-Calle-San-Francisco-Tarifa-Cadiz.jpg\" class=\"attachment-large size-large wp-image-39849\" alt=\"Calle San Francisco, Tarifa, Cadiz\" srcset=\"https:\/\/www.elturistatranquil.com\/wp-content\/uploads\/F112m-Calle-San-Francisco-Tarifa-Cadiz.jpg 380w, https:\/\/www.elturistatranquil.com\/wp-content\/uploads\/F112m-Calle-San-Francisco-Tarifa-Cadiz-226x226.jpg 226w\" sizes=\"(max-width: 380px) 100vw, 380px\" \/>\t\t\t\t\t\t\t\t\t\t\t\t\t\t\t<\/div>\n\t\t\t\t<\/div>\n\t\t\t\t\t<\/div>\n\t\t<\/div>\n\t\t\t\t<div class=\"elementor-column elementor-col-50 elementor-inner-column elementor-element elementor-element-b78c37b\" data-id=\"b78c37b\" data-element_type=\"column\" data-e-type=\"column\">\n\t\t\t<div class=\"elementor-widget-wrap elementor-element-populated\">\n\t\t\t\t\t\t<div class=\"elementor-element elementor-element-9de74bd elementor-widget elementor-widget-image\" data-id=\"9de74bd\" data-element_type=\"widget\" data-e-type=\"widget\" data-widget_type=\"image.default\">\n\t\t\t\t<div class=\"elementor-widget-container\">\n\t\t\t\t\t\t\t\t\t\t\t\t\t\t\t<img loading=\"lazy\" decoding=\"async\" width=\"380\" height=\"380\" src=\"https:\/\/www.elturistatranquil.com\/wp-content\/uploads\/F112n-Calle-San-Francisco-Tarifa-Cadiz.jpg\" class=\"attachment-large size-large wp-image-39851\" alt=\"\" srcset=\"https:\/\/www.elturistatranquil.com\/wp-content\/uploads\/F112n-Calle-San-Francisco-Tarifa-Cadiz.jpg 380w, https:\/\/www.elturistatranquil.com\/wp-content\/uploads\/F112n-Calle-San-Francisco-Tarifa-Cadiz-226x226.jpg 226w\" sizes=\"(max-width: 380px) 100vw, 380px\" \/>\t\t\t\t\t\t\t\t\t\t\t\t\t\t\t<\/div>\n\t\t\t\t<\/div>\n\t\t\t\t\t<\/div>\n\t\t<\/div>\n\t\t\t\t\t<\/div>\n\t\t<\/section>\n\t\t\t\t<div class=\"elementor-element elementor-element-4e8fb86 elementor-widget elementor-widget-text-editor\" data-id=\"4e8fb86\" data-element_type=\"widget\" data-e-type=\"widget\" data-widget_type=\"text-editor.default\">\n\t\t\t\t<div class=\"elementor-widget-container\">\n\t\t\t\t\t\t\t\t\t<p>Una imatge pr\u00f2pia de l\u2019arquitectura popular: la finestra amb reixa i gelosia.<\/p>\t\t\t\t\t\t\t\t<\/div>\n\t\t\t\t<\/div>\n\t\t\t\t<div class=\"elementor-element elementor-element-d2f8281 elementor-widget elementor-widget-image\" data-id=\"d2f8281\" data-element_type=\"widget\" data-e-type=\"widget\" data-widget_type=\"image.default\">\n\t\t\t\t<div class=\"elementor-widget-container\">\n\t\t\t\t\t\t\t\t\t\t\t\t<figure class=\"wp-caption\">\n\t\t\t\t\t\t\t\t\t\t<img loading=\"lazy\" decoding=\"async\" width=\"768\" height=\"511\" src=\"https:\/\/www.elturistatranquil.com\/wp-content\/uploads\/F113-Calle-San-Francisco-Tarifa-Cadiz.jpg\" class=\"attachment-large size-large wp-image-39853\" alt=\"Calle San Francisco, Tarifa, Cadiz\" srcset=\"https:\/\/www.elturistatranquil.com\/wp-content\/uploads\/F113-Calle-San-Francisco-Tarifa-Cadiz.jpg 768w, https:\/\/www.elturistatranquil.com\/wp-content\/uploads\/F113-Calle-San-Francisco-Tarifa-Cadiz-339x226.jpg 339w\" sizes=\"(max-width: 768px) 100vw, 768px\" \/>\t\t\t\t\t\t\t\t\t\t\t<figcaption class=\"widget-image-caption wp-caption-text\"><\/figcaption>\n\t\t\t\t\t\t\t\t\t\t<\/figure>\n\t\t\t\t\t\t\t\t\t<\/div>\n\t\t\t\t<\/div>\n\t\t\t\t<section class=\"elementor-section elementor-inner-section elementor-element elementor-element-16a88c1 elementor-section-boxed elementor-section-height-default elementor-section-height-default\" data-id=\"16a88c1\" data-element_type=\"section\" data-e-type=\"section\">\n\t\t\t\t\t\t<div class=\"elementor-container elementor-column-gap-default\">\n\t\t\t\t\t<div class=\"elementor-column elementor-col-50 elementor-inner-column elementor-element elementor-element-1f4f3d1\" data-id=\"1f4f3d1\" data-element_type=\"column\" data-e-type=\"column\">\n\t\t\t<div class=\"elementor-widget-wrap elementor-element-populated\">\n\t\t\t\t\t\t<div class=\"elementor-element elementor-element-bbd94ca elementor-widget elementor-widget-image\" data-id=\"bbd94ca\" data-element_type=\"widget\" data-e-type=\"widget\" data-widget_type=\"image.default\">\n\t\t\t\t<div class=\"elementor-widget-container\">\n\t\t\t\t\t\t\t\t\t\t\t\t\t\t\t<img loading=\"lazy\" decoding=\"async\" width=\"380\" height=\"570\" src=\"https:\/\/www.elturistatranquil.com\/wp-content\/uploads\/F114m-Calle-San-Francisco-Tarifa-Cadiz.jpg\" class=\"attachment-large size-large wp-image-39855\" alt=\"Calle San Francisco, Tarifa, Cadiz\" srcset=\"https:\/\/www.elturistatranquil.com\/wp-content\/uploads\/F114m-Calle-San-Francisco-Tarifa-Cadiz.jpg 380w, https:\/\/www.elturistatranquil.com\/wp-content\/uploads\/F114m-Calle-San-Francisco-Tarifa-Cadiz-151x226.jpg 151w\" sizes=\"(max-width: 380px) 100vw, 380px\" \/>\t\t\t\t\t\t\t\t\t\t\t\t\t\t\t<\/div>\n\t\t\t\t<\/div>\n\t\t\t\t\t<\/div>\n\t\t<\/div>\n\t\t\t\t<div class=\"elementor-column elementor-col-50 elementor-inner-column elementor-element elementor-element-1f0dbc2\" data-id=\"1f0dbc2\" data-element_type=\"column\" data-e-type=\"column\">\n\t\t\t<div class=\"elementor-widget-wrap elementor-element-populated\">\n\t\t\t\t\t\t<div class=\"elementor-element elementor-element-bb94299 elementor-widget elementor-widget-image\" data-id=\"bb94299\" data-element_type=\"widget\" data-e-type=\"widget\" data-widget_type=\"image.default\">\n\t\t\t\t<div class=\"elementor-widget-container\">\n\t\t\t\t\t\t\t\t\t\t\t\t\t\t\t<img loading=\"lazy\" decoding=\"async\" width=\"380\" height=\"570\" src=\"https:\/\/www.elturistatranquil.com\/wp-content\/uploads\/F114n-Calle-San-Francisco-Tarifa-Cadiz.jpg\" class=\"attachment-large size-large wp-image-39857\" alt=\"Calle San Francisco, Tarifa, Cadiz\" srcset=\"https:\/\/www.elturistatranquil.com\/wp-content\/uploads\/F114n-Calle-San-Francisco-Tarifa-Cadiz.jpg 380w, https:\/\/www.elturistatranquil.com\/wp-content\/uploads\/F114n-Calle-San-Francisco-Tarifa-Cadiz-151x226.jpg 151w\" sizes=\"(max-width: 380px) 100vw, 380px\" \/>\t\t\t\t\t\t\t\t\t\t\t\t\t\t\t<\/div>\n\t\t\t\t<\/div>\n\t\t\t\t\t<\/div>\n\t\t<\/div>\n\t\t\t\t\t<\/div>\n\t\t<\/section>\n\t\t\t\t<div class=\"elementor-element elementor-element-88b3799 elementor-widget elementor-widget-image\" data-id=\"88b3799\" data-element_type=\"widget\" data-e-type=\"widget\" data-widget_type=\"image.default\">\n\t\t\t\t<div class=\"elementor-widget-container\">\n\t\t\t\t\t\t\t\t\t\t\t\t<figure class=\"wp-caption\">\n\t\t\t\t\t\t\t\t\t\t<img loading=\"lazy\" decoding=\"async\" width=\"768\" height=\"511\" src=\"https:\/\/www.elturistatranquil.com\/wp-content\/uploads\/F115-Calle-San-Francisco-Tarifa-Cadiz.jpg\" class=\"attachment-large size-large wp-image-39859\" alt=\"Calle San Francisco, Tarifa, Cadiz\" srcset=\"https:\/\/www.elturistatranquil.com\/wp-content\/uploads\/F115-Calle-San-Francisco-Tarifa-Cadiz.jpg 768w, https:\/\/www.elturistatranquil.com\/wp-content\/uploads\/F115-Calle-San-Francisco-Tarifa-Cadiz-339x226.jpg 339w\" sizes=\"(max-width: 768px) 100vw, 768px\" \/>\t\t\t\t\t\t\t\t\t\t\t<figcaption class=\"widget-image-caption wp-caption-text\"><\/figcaption>\n\t\t\t\t\t\t\t\t\t\t<\/figure>\n\t\t\t\t\t\t\t\t\t<\/div>\n\t\t\t\t<\/div>\n\t\t\t\t<div class=\"elementor-element elementor-element-1735bfb elementor-widget elementor-widget-image\" data-id=\"1735bfb\" data-element_type=\"widget\" data-e-type=\"widget\" data-widget_type=\"image.default\">\n\t\t\t\t<div class=\"elementor-widget-container\">\n\t\t\t\t\t\t\t\t\t\t\t\t<figure class=\"wp-caption\">\n\t\t\t\t\t\t\t\t\t\t<img loading=\"lazy\" decoding=\"async\" width=\"768\" height=\"511\" src=\"https:\/\/www.elturistatranquil.com\/wp-content\/uploads\/F116-Calle-San-Francisco-Tarifa-Cadiz.jpg\" class=\"attachment-large size-large wp-image-39861\" alt=\"Calle San Francisco, Tarifa, Cadiz\" srcset=\"https:\/\/www.elturistatranquil.com\/wp-content\/uploads\/F116-Calle-San-Francisco-Tarifa-Cadiz.jpg 768w, https:\/\/www.elturistatranquil.com\/wp-content\/uploads\/F116-Calle-San-Francisco-Tarifa-Cadiz-339x226.jpg 339w\" sizes=\"(max-width: 768px) 100vw, 768px\" \/>\t\t\t\t\t\t\t\t\t\t\t<figcaption class=\"widget-image-caption wp-caption-text\"><\/figcaption>\n\t\t\t\t\t\t\t\t\t\t<\/figure>\n\t\t\t\t\t\t\t\t\t<\/div>\n\t\t\t\t<\/div>\n\t\t\t\t<div class=\"elementor-element elementor-element-cd792b1 elementor-widget elementor-widget-text-editor\" data-id=\"cd792b1\" data-element_type=\"widget\" data-e-type=\"widget\" data-widget_type=\"text-editor.default\">\n\t\t\t\t<div class=\"elementor-widget-container\">\n\t\t\t\t\t\t\t\t\t<p>El carrer San Francisco acaba al <strong>carrer<\/strong> <strong>Sant\u00edsima Trinidad<\/strong> que recorre seguint les cases adossades a la muralla de la Alameda.<\/p>\t\t\t\t\t\t\t\t<\/div>\n\t\t\t\t<\/div>\n\t\t\t\t<div class=\"elementor-element elementor-element-bef3be0 elementor-widget elementor-widget-image\" data-id=\"bef3be0\" data-element_type=\"widget\" data-e-type=\"widget\" data-widget_type=\"image.default\">\n\t\t\t\t<div class=\"elementor-widget-container\">\n\t\t\t\t\t\t\t\t\t\t\t\t<figure class=\"wp-caption\">\n\t\t\t\t\t\t\t\t\t\t<img loading=\"lazy\" decoding=\"async\" width=\"768\" height=\"512\" src=\"https:\/\/www.elturistatranquil.com\/wp-content\/uploads\/F117-Calle-Santisima-Trinidad-Tarifa-Cadiz.jpg\" class=\"attachment-large size-large wp-image-39863\" alt=\"Calle Sant\u00edsima Trinidad, Tarifa, Cadiz\" srcset=\"https:\/\/www.elturistatranquil.com\/wp-content\/uploads\/F117-Calle-Santisima-Trinidad-Tarifa-Cadiz.jpg 768w, https:\/\/www.elturistatranquil.com\/wp-content\/uploads\/F117-Calle-Santisima-Trinidad-Tarifa-Cadiz-339x226.jpg 339w\" sizes=\"(max-width: 768px) 100vw, 768px\" \/>\t\t\t\t\t\t\t\t\t\t\t<figcaption class=\"widget-image-caption wp-caption-text\"><\/figcaption>\n\t\t\t\t\t\t\t\t\t\t<\/figure>\n\t\t\t\t\t\t\t\t\t<\/div>\n\t\t\t\t<\/div>\n\t\t\t\t<div class=\"elementor-element elementor-element-892b3f6 elementor-widget elementor-widget-image\" data-id=\"892b3f6\" data-element_type=\"widget\" data-e-type=\"widget\" data-widget_type=\"image.default\">\n\t\t\t\t<div class=\"elementor-widget-container\">\n\t\t\t\t\t\t\t\t\t\t\t\t<figure class=\"wp-caption\">\n\t\t\t\t\t\t\t\t\t\t<img loading=\"lazy\" decoding=\"async\" width=\"768\" height=\"511\" src=\"https:\/\/www.elturistatranquil.com\/wp-content\/uploads\/F118-Calle-Santisima-Trinidad-Tarifa-Cadiz.jpg\" class=\"attachment-large size-large wp-image-39865\" alt=\"Calle Sant\u00edsima Trinidad, Tarifa, Cadiz\" srcset=\"https:\/\/www.elturistatranquil.com\/wp-content\/uploads\/F118-Calle-Santisima-Trinidad-Tarifa-Cadiz.jpg 768w, https:\/\/www.elturistatranquil.com\/wp-content\/uploads\/F118-Calle-Santisima-Trinidad-Tarifa-Cadiz-339x226.jpg 339w\" sizes=\"(max-width: 768px) 100vw, 768px\" \/>\t\t\t\t\t\t\t\t\t\t\t<figcaption class=\"widget-image-caption wp-caption-text\"><\/figcaption>\n\t\t\t\t\t\t\t\t\t\t<\/figure>\n\t\t\t\t\t\t\t\t\t<\/div>\n\t\t\t\t<\/div>\n\t\t\t\t<div class=\"elementor-element elementor-element-aeac5ff elementor-widget elementor-widget-text-editor\" data-id=\"aeac5ff\" data-element_type=\"widget\" data-e-type=\"widget\" data-widget_type=\"text-editor.default\">\n\t\t\t\t<div class=\"elementor-widget-container\">\n\t\t\t\t\t\t\t\t\t<p>A mig recorregut s&#8217;obre una placeta, la <strong>pla\u00e7a del \u00c1ngel<\/strong>, on se situa l&#8217;<strong>esgl\u00e9sia<\/strong> <strong>de San Francisco de As\u00eds<\/strong> (<strong>13<\/strong>). Constru\u00efda al segle XVI i reconstru\u00efda al segle XVIII.<\/p>\t\t\t\t\t\t\t\t<\/div>\n\t\t\t\t<\/div>\n\t\t\t\t<div class=\"elementor-element elementor-element-87ca48e elementor-widget elementor-widget-image\" data-id=\"87ca48e\" data-element_type=\"widget\" data-e-type=\"widget\" data-widget_type=\"image.default\">\n\t\t\t\t<div class=\"elementor-widget-container\">\n\t\t\t\t\t\t\t\t\t\t\t\t<figure class=\"wp-caption\">\n\t\t\t\t\t\t\t\t\t\t<img loading=\"lazy\" decoding=\"async\" width=\"768\" height=\"512\" src=\"https:\/\/www.elturistatranquil.com\/wp-content\/uploads\/F119-Iglesia-de-San-Francisco-Tarifa-Cadiz.jpg\" class=\"attachment-large size-large wp-image-39867\" alt=\"Iglesia de San Francisco, Tarifa, Cadiz\" srcset=\"https:\/\/www.elturistatranquil.com\/wp-content\/uploads\/F119-Iglesia-de-San-Francisco-Tarifa-Cadiz.jpg 768w, https:\/\/www.elturistatranquil.com\/wp-content\/uploads\/F119-Iglesia-de-San-Francisco-Tarifa-Cadiz-339x226.jpg 339w\" sizes=\"(max-width: 768px) 100vw, 768px\" \/>\t\t\t\t\t\t\t\t\t\t\t<figcaption class=\"widget-image-caption wp-caption-text\"><\/figcaption>\n\t\t\t\t\t\t\t\t\t\t<\/figure>\n\t\t\t\t\t\t\t\t\t<\/div>\n\t\t\t\t<\/div>\n\t\t\t\t<div class=\"elementor-element elementor-element-a6a3501 elementor-widget elementor-widget-text-editor\" data-id=\"a6a3501\" data-element_type=\"widget\" data-e-type=\"widget\" data-widget_type=\"text-editor.default\">\n\t\t\t\t<div class=\"elementor-widget-container\">\n\t\t\t\t\t\t\t\t\t<p>El p\u00f2rtic es relaciona amb les formes ornamentals del sud portugu\u00e8s.<\/p>\t\t\t\t\t\t\t\t<\/div>\n\t\t\t\t<\/div>\n\t\t\t\t<div class=\"elementor-element elementor-element-e56a383 elementor-widget elementor-widget-image\" data-id=\"e56a383\" data-element_type=\"widget\" data-e-type=\"widget\" data-widget_type=\"image.default\">\n\t\t\t\t<div class=\"elementor-widget-container\">\n\t\t\t\t\t\t\t\t\t\t\t\t<figure class=\"wp-caption\">\n\t\t\t\t\t\t\t\t\t\t<img loading=\"lazy\" decoding=\"async\" width=\"768\" height=\"512\" src=\"https:\/\/www.elturistatranquil.com\/wp-content\/uploads\/F120-Iglesia-de-San-Francisco-Tarifa-Cadiz.jpg\" class=\"attachment-large size-large wp-image-39869\" alt=\"Iglesia de San Francisco, Tarifa, Cadiz\" srcset=\"https:\/\/www.elturistatranquil.com\/wp-content\/uploads\/F120-Iglesia-de-San-Francisco-Tarifa-Cadiz.jpg 768w, https:\/\/www.elturistatranquil.com\/wp-content\/uploads\/F120-Iglesia-de-San-Francisco-Tarifa-Cadiz-339x226.jpg 339w\" sizes=\"(max-width: 768px) 100vw, 768px\" \/>\t\t\t\t\t\t\t\t\t\t\t<figcaption class=\"widget-image-caption wp-caption-text\"><\/figcaption>\n\t\t\t\t\t\t\t\t\t\t<\/figure>\n\t\t\t\t\t\t\t\t\t<\/div>\n\t\t\t\t<\/div>\n\t\t\t\t<div class=\"elementor-element elementor-element-576a11f elementor-widget elementor-widget-text-editor\" data-id=\"576a11f\" data-element_type=\"widget\" data-e-type=\"widget\" data-widget_type=\"text-editor.default\">\n\t\t\t\t<div class=\"elementor-widget-container\">\n\t\t\t\t\t\t\t\t\t<p>El final del carrer Sant\u00edsima Trinidad aboca a l\u2019entrada del <strong>mercat Publico de Tarifa <\/strong>(14), d\u2019estil historicista neomud\u00e8jar.<\/p>\t\t\t\t\t\t\t\t<\/div>\n\t\t\t\t<\/div>\n\t\t\t\t<div class=\"elementor-element elementor-element-f8405a1 elementor-widget elementor-widget-menu-anchor\" data-id=\"f8405a1\" data-element_type=\"widget\" data-e-type=\"widget\" data-widget_type=\"menu-anchor.default\">\n\t\t\t\t<div class=\"elementor-widget-container\">\n\t\t\t\t\t\t\t<div class=\"elementor-menu-anchor\" id=\"c7220\"><\/div>\n\t\t\t\t\t\t<\/div>\n\t\t\t\t<\/div>\n\t\t\t\t<div class=\"elementor-element elementor-element-3664e31 elementor-widget elementor-widget-image\" data-id=\"3664e31\" data-element_type=\"widget\" data-e-type=\"widget\" data-widget_type=\"image.default\">\n\t\t\t\t<div class=\"elementor-widget-container\">\n\t\t\t\t\t\t\t\t\t\t\t\t<figure class=\"wp-caption\">\n\t\t\t\t\t\t\t\t\t\t<img loading=\"lazy\" decoding=\"async\" width=\"768\" height=\"511\" src=\"https:\/\/www.elturistatranquil.com\/wp-content\/uploads\/F121-Mercado-Publico-Tarifa-Cadiz.jpg\" class=\"attachment-large size-large wp-image-39871\" alt=\"Mercado Publico, Tarifa, Cadiz\" srcset=\"https:\/\/www.elturistatranquil.com\/wp-content\/uploads\/F121-Mercado-Publico-Tarifa-Cadiz.jpg 768w, https:\/\/www.elturistatranquil.com\/wp-content\/uploads\/F121-Mercado-Publico-Tarifa-Cadiz-339x226.jpg 339w\" sizes=\"(max-width: 768px) 100vw, 768px\" \/>\t\t\t\t\t\t\t\t\t\t\t<figcaption class=\"widget-image-caption wp-caption-text\"><\/figcaption>\n\t\t\t\t\t\t\t\t\t\t<\/figure>\n\t\t\t\t\t\t\t\t\t<\/div>\n\t\t\t\t<\/div>\n\t\t\t\t<div class=\"elementor-element elementor-element-c990488 elementor-widget elementor-widget-heading\" data-id=\"c990488\" data-element_type=\"widget\" data-e-type=\"widget\" data-widget_type=\"heading.default\">\n\t\t\t\t<div class=\"elementor-widget-container\">\n\t\t\t\t\t<h4 class=\"elementor-heading-title elementor-size-default\">Boquete de la Alameda<\/h4>\t\t\t\t<\/div>\n\t\t\t\t<\/div>\n\t\t\t\t<div class=\"elementor-element elementor-element-487b955 elementor-widget elementor-widget-text-editor\" data-id=\"487b955\" data-element_type=\"widget\" data-e-type=\"widget\" data-widget_type=\"text-editor.default\">\n\t\t\t\t<div class=\"elementor-widget-container\">\n\t\t\t\t\t\t\t\t\t<p>En aquest punto s\u2019ubica el <strong>boquete de la Alameda<\/strong>.<\/p>\t\t\t\t\t\t\t\t<\/div>\n\t\t\t\t<\/div>\n\t\t\t\t<div class=\"elementor-element elementor-element-a9de176 elementor-widget elementor-widget-image\" data-id=\"a9de176\" data-element_type=\"widget\" data-e-type=\"widget\" data-widget_type=\"image.default\">\n\t\t\t\t<div class=\"elementor-widget-container\">\n\t\t\t\t\t\t\t\t\t\t\t\t<figure class=\"wp-caption\">\n\t\t\t\t\t\t\t\t\t\t<img loading=\"lazy\" decoding=\"async\" width=\"768\" height=\"511\" src=\"https:\/\/www.elturistatranquil.com\/wp-content\/uploads\/F122-Boquete-de-la-Alameda-Tarifa-Cadiz.jpg\" class=\"attachment-large size-large wp-image-39873\" alt=\"Boquete de la Alameda, Tarifa, Cadiz\" srcset=\"https:\/\/www.elturistatranquil.com\/wp-content\/uploads\/F122-Boquete-de-la-Alameda-Tarifa-Cadiz.jpg 768w, https:\/\/www.elturistatranquil.com\/wp-content\/uploads\/F122-Boquete-de-la-Alameda-Tarifa-Cadiz-339x226.jpg 339w\" sizes=\"(max-width: 768px) 100vw, 768px\" \/>\t\t\t\t\t\t\t\t\t\t\t<figcaption class=\"widget-image-caption wp-caption-text\"><\/figcaption>\n\t\t\t\t\t\t\t\t\t\t<\/figure>\n\t\t\t\t\t\t\t\t\t<\/div>\n\t\t\t\t<\/div>\n\t\t\t\t<div class=\"elementor-element elementor-element-dc76213 elementor-widget elementor-widget-text-editor\" data-id=\"dc76213\" data-element_type=\"widget\" data-e-type=\"widget\" data-widget_type=\"text-editor.default\">\n\t\t\t\t<div class=\"elementor-widget-container\">\n\t\t\t\t\t\t\t\t\t<p>A l&#8217;interior de l&#8217;arc d&#8217;entrada hi ha un <strong>mural de cer\u00e0mica<\/strong> amb disseny de Manuel Rein\u00e9, fill predilecte de la Ciutat i realitzaci\u00f3 en rajoles de la ceramista Mari Luz Mu\u00f1oz, tamb\u00e9 tarifenya, del 2014.<\/p><p>Es recreen la tradici\u00f3 marinera d&#8217;altres temps en qu\u00e8 encara no existia el port pesquer, amb els vaixells encallats a la platja. A m\u00e9s, mostra l&#8217;especejament de la tonyina en un context de treball manual i artes\u00e0, atenent a la import\u00e0ncia que la pesca de la tonyina t\u00e9 per a aquest territori.<\/p>\t\t\t\t\t\t\t\t<\/div>\n\t\t\t\t<\/div>\n\t\t\t\t<div class=\"elementor-element elementor-element-926f05c elementor-widget elementor-widget-image\" data-id=\"926f05c\" data-element_type=\"widget\" data-e-type=\"widget\" data-widget_type=\"image.default\">\n\t\t\t\t<div class=\"elementor-widget-container\">\n\t\t\t\t\t\t\t\t\t\t\t\t<figure class=\"wp-caption\">\n\t\t\t\t\t\t\t\t\t\t<img loading=\"lazy\" decoding=\"async\" width=\"768\" height=\"346\" src=\"https:\/\/www.elturistatranquil.com\/wp-content\/uploads\/F123-Boquete-de-la-Alameda-Tarifa-Cadiz.jpg\" class=\"attachment-large size-large wp-image-39875\" alt=\"Boquete de la Alameda, Tarifa, Cadiz\" srcset=\"https:\/\/www.elturistatranquil.com\/wp-content\/uploads\/F123-Boquete-de-la-Alameda-Tarifa-Cadiz.jpg 768w, https:\/\/www.elturistatranquil.com\/wp-content\/uploads\/F123-Boquete-de-la-Alameda-Tarifa-Cadiz-339x153.jpg 339w\" sizes=\"(max-width: 768px) 100vw, 768px\" \/>\t\t\t\t\t\t\t\t\t\t\t<figcaption class=\"widget-image-caption wp-caption-text\"><\/figcaption>\n\t\t\t\t\t\t\t\t\t\t<\/figure>\n\t\t\t\t\t\t\t\t\t<\/div>\n\t\t\t\t<\/div>\n\t\t\t\t<div class=\"elementor-element elementor-element-93a8b3b elementor-widget elementor-widget-text-editor\" data-id=\"93a8b3b\" data-element_type=\"widget\" data-e-type=\"widget\" data-widget_type=\"text-editor.default\">\n\t\t\t\t<div class=\"elementor-widget-container\">\n\t\t\t\t\t\t\t\t\t<p>A la part exterior de la muralla, i adossat a aquesta, s&#8217;hi ha constru\u00eft el <strong>Teatre Municipal<\/strong> (<strong>15<\/strong>). Al costat hi ha l&#8217;<strong>Oficina de Turisme<\/strong>.<\/p>\t\t\t\t\t\t\t\t<\/div>\n\t\t\t\t<\/div>\n\t\t\t\t<div class=\"elementor-element elementor-element-fbfee30 elementor-widget elementor-widget-menu-anchor\" data-id=\"fbfee30\" data-element_type=\"widget\" data-e-type=\"widget\" data-widget_type=\"menu-anchor.default\">\n\t\t\t\t<div class=\"elementor-widget-container\">\n\t\t\t\t\t\t\t<div class=\"elementor-menu-anchor\" id=\"c7221\"><\/div>\n\t\t\t\t\t\t<\/div>\n\t\t\t\t<\/div>\n\t\t\t\t<div class=\"elementor-element elementor-element-4b360fb elementor-widget elementor-widget-image\" data-id=\"4b360fb\" data-element_type=\"widget\" data-e-type=\"widget\" data-widget_type=\"image.default\">\n\t\t\t\t<div class=\"elementor-widget-container\">\n\t\t\t\t\t\t\t\t\t\t\t\t<figure class=\"wp-caption\">\n\t\t\t\t\t\t\t\t\t\t<img loading=\"lazy\" decoding=\"async\" width=\"768\" height=\"511\" src=\"https:\/\/www.elturistatranquil.com\/wp-content\/uploads\/F124-Teatro-Municipal-Tarifa-Cadiz.jpg\" class=\"attachment-large size-large wp-image-39877\" alt=\"Teatro Municipal, Tarifa, Cadiz\" srcset=\"https:\/\/www.elturistatranquil.com\/wp-content\/uploads\/F124-Teatro-Municipal-Tarifa-Cadiz.jpg 768w, https:\/\/www.elturistatranquil.com\/wp-content\/uploads\/F124-Teatro-Municipal-Tarifa-Cadiz-339x226.jpg 339w\" sizes=\"(max-width: 768px) 100vw, 768px\" \/>\t\t\t\t\t\t\t\t\t\t\t<figcaption class=\"widget-image-caption wp-caption-text\"><\/figcaption>\n\t\t\t\t\t\t\t\t\t\t<\/figure>\n\t\t\t\t\t\t\t\t\t<\/div>\n\t\t\t\t<\/div>\n\t\t\t\t<div class=\"elementor-element elementor-element-11324ff elementor-widget elementor-widget-heading\" data-id=\"11324ff\" data-element_type=\"widget\" data-e-type=\"widget\" data-widget_type=\"heading.default\">\n\t\t\t\t<div class=\"elementor-widget-container\">\n\t\t\t\t\t<h4 class=\"elementor-heading-title elementor-size-default\">Castell de Santa Catalina i b\u00fanquers <\/h4>\t\t\t\t<\/div>\n\t\t\t\t<\/div>\n\t\t\t\t<div class=\"elementor-element elementor-element-a3bae6b elementor-widget elementor-widget-text-editor\" data-id=\"a3bae6b\" data-element_type=\"widget\" data-e-type=\"widget\" data-widget_type=\"text-editor.default\">\n\t\t\t\t<div class=\"elementor-widget-container\">\n\t\t\t\t\t\t\t\t\t<p>Fora del recinte urb\u00e0, i davant de l&#8217;<strong>Illa de Tarifa<\/strong>, hi ha el <strong>tur\u00f3 fortificat de Santa Catalina<\/strong>.<\/p><p>\u00c9s un enclavament defensiu estrat\u00e8gic amb construccions defensives de diferents \u00e8poques.<\/p><p>Sobre les ru\u00efnes de l&#8217;anterior fort es va construir entre 1929 i 1931 un castell palau d&#8217;estil neorenaixentista, el <strong>castell de Santa Catalina<\/strong> (<strong>17<\/strong>).<\/p><p>Durant la Segona Guerra Mundial, el 1940 es van incorporar sis nius de metralladora i el 1954 dos b\u00fanquers.<\/p>\t\t\t\t\t\t\t\t<\/div>\n\t\t\t\t<\/div>\n\t\t\t\t<div class=\"elementor-element elementor-element-36af27f elementor-widget elementor-widget-image\" data-id=\"36af27f\" data-element_type=\"widget\" data-e-type=\"widget\" data-widget_type=\"image.default\">\n\t\t\t\t<div class=\"elementor-widget-container\">\n\t\t\t\t\t\t\t\t\t\t\t\t<figure class=\"wp-caption\">\n\t\t\t\t\t\t\t\t\t\t<img loading=\"lazy\" decoding=\"async\" width=\"768\" height=\"512\" src=\"https:\/\/www.elturistatranquil.com\/wp-content\/uploads\/F125-Castillo-Santa-Catalina-y-bunqueres.-Tarifa-Cadizgoogle.jpg\" class=\"attachment-large size-large wp-image-39879\" alt=\"Castillo Santa Catalina y bunqueres. Tarifa, Cadizgoogle\" srcset=\"https:\/\/www.elturistatranquil.com\/wp-content\/uploads\/F125-Castillo-Santa-Catalina-y-bunqueres.-Tarifa-Cadizgoogle.jpg 768w, https:\/\/www.elturistatranquil.com\/wp-content\/uploads\/F125-Castillo-Santa-Catalina-y-bunqueres.-Tarifa-Cadizgoogle-339x226.jpg 339w\" sizes=\"(max-width: 768px) 100vw, 768px\" \/>\t\t\t\t\t\t\t\t\t\t\t<figcaption class=\"widget-image-caption wp-caption-text\"><\/figcaption>\n\t\t\t\t\t\t\t\t\t\t<\/figure>\n\t\t\t\t\t\t\t\t\t<\/div>\n\t\t\t\t<\/div>\n\t\t\t\t<div class=\"elementor-element elementor-element-8209a12 elementor-widget elementor-widget-menu-anchor\" data-id=\"8209a12\" data-element_type=\"widget\" data-e-type=\"widget\" data-widget_type=\"menu-anchor.default\">\n\t\t\t\t<div class=\"elementor-widget-container\">\n\t\t\t\t\t\t\t<div class=\"elementor-menu-anchor\" id=\"c7222\"><\/div>\n\t\t\t\t\t\t<\/div>\n\t\t\t\t<\/div>\n\t\t\t\t<div class=\"elementor-element elementor-element-191823c elementor-widget elementor-widget-text-editor\" data-id=\"191823c\" data-element_type=\"widget\" data-e-type=\"widget\" data-widget_type=\"text-editor.default\">\n\t\t\t\t<div class=\"elementor-widget-container\">\n\t\t\t\t\t\t\t\t\t<p>L&#8217;allau de visitants, i la impossibilitat de trobar aparcament a les proximitats de l&#8217;entrada al pont, ens van fer desistir d&#8217;apropar-nos a l&#8217;illa de Tarifa.<\/p>\t\t\t\t\t\t\t\t<\/div>\n\t\t\t\t<\/div>\n\t\t\t\t<div class=\"elementor-element elementor-element-4efb8d4 elementor-widget elementor-widget-heading\" data-id=\"4efb8d4\" data-element_type=\"widget\" data-e-type=\"widget\" data-widget_type=\"heading.default\">\n\t\t\t\t<div class=\"elementor-widget-container\">\n\t\t\t\t\t<h4 class=\"elementor-heading-title elementor-size-default\">Illa de Tarifa o de las Palomas<\/h4>\t\t\t\t<\/div>\n\t\t\t\t<\/div>\n\t\t\t\t<div class=\"elementor-element elementor-element-94e00f9 elementor-widget elementor-widget-image\" data-id=\"94e00f9\" data-element_type=\"widget\" data-e-type=\"widget\" data-widget_type=\"image.default\">\n\t\t\t\t<div class=\"elementor-widget-container\">\n\t\t\t\t\t\t\t\t\t\t\t\t<figure class=\"wp-caption\">\n\t\t\t\t\t\t\t\t\t\t<img loading=\"lazy\" decoding=\"async\" width=\"768\" height=\"512\" src=\"https:\/\/www.elturistatranquil.com\/wp-content\/uploads\/F126-Monumentos-Tarifa-CadizGoogle-maps-2022-02-23.jpg\" class=\"attachment-large size-large wp-image-39881\" alt=\"Monumentos Tarifa, Cadiz(Google maps 2022-02-23)\" srcset=\"https:\/\/www.elturistatranquil.com\/wp-content\/uploads\/F126-Monumentos-Tarifa-CadizGoogle-maps-2022-02-23.jpg 768w, https:\/\/www.elturistatranquil.com\/wp-content\/uploads\/F126-Monumentos-Tarifa-CadizGoogle-maps-2022-02-23-339x226.jpg 339w\" sizes=\"(max-width: 768px) 100vw, 768px\" \/>\t\t\t\t\t\t\t\t\t\t\t<figcaption class=\"widget-image-caption wp-caption-text\">Monuments de Tarifa (Google maps 2022-02-23)<\/figcaption>\n\t\t\t\t\t\t\t\t\t\t<\/figure>\n\t\t\t\t\t\t\t\t\t<\/div>\n\t\t\t\t<\/div>\n\t\t\t\t<div class=\"elementor-element elementor-element-42221ed elementor-widget elementor-widget-text-editor\" data-id=\"42221ed\" data-element_type=\"widget\" data-e-type=\"widget\" data-widget_type=\"text-editor.default\">\n\t\t\t\t<div class=\"elementor-widget-container\">\n\t\t\t\t\t\t\t\t\t<p>Davant la costa de Tarifa s&#8217;al\u00e7a un illot, l&#8217;<strong>Illa de Tarifa<\/strong> o <strong>de las Palomas<\/strong> (<strong>19<\/strong>). \u00c9s una illa planera que al llarg del temps ha estat utilitzada com a punt d&#8217;atac o defensiu.<\/p><p>Segons es diu, va ser aqu\u00ed on l&#8217;any 710 es van assentar les tropes de Tarif Abu Zara, comandant de T\u00e0riq ibn Ziyad, per inspeccionar sobre el terreny les defenses visigodes de la zona, que va trobar desprotegida, previ a la penetraci\u00f3 musulmana al any seg\u00fcent, l&#8217;any 711.<\/p><p>Al segle XIX es va constituir en un conjunt fortificat, que queden restes de muralles i bateries, aix\u00ed com de la torre del segle XVI, reconvertida en <strong>far de Tarifa<\/strong> (<strong>20<\/strong>) al segle XVIII.<\/p>\t\t\t\t\t\t\t\t<\/div>\n\t\t\t\t<\/div>\n\t\t\t\t<div class=\"elementor-element elementor-element-b78c848 elementor-widget elementor-widget-image\" data-id=\"b78c848\" data-element_type=\"widget\" data-e-type=\"widget\" data-widget_type=\"image.default\">\n\t\t\t\t<div class=\"elementor-widget-container\">\n\t\t\t\t\t\t\t\t\t\t\t\t<figure class=\"wp-caption\">\n\t\t\t\t\t\t\t\t\t\t<img loading=\"lazy\" decoding=\"async\" width=\"768\" height=\"282\" src=\"https:\/\/www.elturistatranquil.com\/wp-content\/uploads\/F127-Tarifa-Cadiz-en-1567-segun-Anton-van-der-Wyngaerde.jpg\" class=\"attachment-large size-large wp-image-39883\" alt=\"Tarifa, Cadiz, en 1567 segun Ant\u00f3n van der Wyngaerde\" srcset=\"https:\/\/www.elturistatranquil.com\/wp-content\/uploads\/F127-Tarifa-Cadiz-en-1567-segun-Anton-van-der-Wyngaerde.jpg 768w, https:\/\/www.elturistatranquil.com\/wp-content\/uploads\/F127-Tarifa-Cadiz-en-1567-segun-Anton-van-der-Wyngaerde-339x124.jpg 339w\" sizes=\"(max-width: 768px) 100vw, 768px\" \/>\t\t\t\t\t\t\t\t\t\t\t<figcaption class=\"widget-image-caption wp-caption-text\"><\/figcaption>\n\t\t\t\t\t\t\t\t\t\t<\/figure>\n\t\t\t\t\t\t\t\t\t<\/div>\n\t\t\t\t<\/div>\n\t\t\t\t<div class=\"elementor-element elementor-element-210541c elementor-widget elementor-widget-text-editor\" data-id=\"210541c\" data-element_type=\"widget\" data-e-type=\"widget\" data-widget_type=\"text-editor.default\">\n\t\t\t\t<div class=\"elementor-widget-container\">\n\t\t\t\t\t\t\t\t\t<p>Actualment unida al Continent pel pont que nominalment fa de <strong>Frontera entre el Mar Mediterrani-Oce\u00e0 Atl\u00e0ntic<\/strong> (<strong>18<\/strong>)<\/p><p>La fotografia de la Diputaci\u00f3 de Cadis mostra espectacularment la disposici\u00f3 de l&#8217;illa de las Palomas i la seva relaci\u00f3 amb la ciutat de Tarifa.<\/p>\t\t\t\t\t\t\t\t<\/div>\n\t\t\t\t<\/div>\n\t\t\t\t<div class=\"elementor-element elementor-element-bd9dfda elementor-widget elementor-widget-image\" data-id=\"bd9dfda\" data-element_type=\"widget\" data-e-type=\"widget\" data-widget_type=\"image.default\">\n\t\t\t\t<div class=\"elementor-widget-container\">\n\t\t\t\t\t\t\t\t\t\t\t\t<figure class=\"wp-caption\">\n\t\t\t\t\t\t\t\t\t\t<img loading=\"lazy\" decoding=\"async\" width=\"768\" height=\"510\" src=\"https:\/\/www.elturistatranquil.com\/wp-content\/uploads\/F128-Tarifa-Cadiz.jpg\" class=\"attachment-large size-large wp-image-39885\" alt=\"Tarifa, Cadiz\" srcset=\"https:\/\/www.elturistatranquil.com\/wp-content\/uploads\/F128-Tarifa-Cadiz.jpg 768w, https:\/\/www.elturistatranquil.com\/wp-content\/uploads\/F128-Tarifa-Cadiz-339x226.jpg 339w\" sizes=\"(max-width: 768px) 100vw, 768px\" \/>\t\t\t\t\t\t\t\t\t\t\t<figcaption class=\"widget-image-caption wp-caption-text\">(Foto: Diputaci\u00f3n de C\u00e1diz)<\/figcaption>\n\t\t\t\t\t\t\t\t\t\t<\/figure>\n\t\t\t\t\t\t\t\t\t<\/div>\n\t\t\t\t<\/div>\n\t\t\t\t<div class=\"elementor-element elementor-element-125cd16 elementor-widget elementor-widget-menu-anchor\" data-id=\"125cd16\" data-element_type=\"widget\" data-e-type=\"widget\" data-widget_type=\"menu-anchor.default\">\n\t\t\t\t<div class=\"elementor-widget-container\">\n\t\t\t\t\t\t\t<div class=\"elementor-menu-anchor\" id=\"c7223\"><\/div>\n\t\t\t\t\t\t<\/div>\n\t\t\t\t<\/div>\n\t\t\t\t<div class=\"elementor-element elementor-element-342739e elementor-widget elementor-widget-text-editor\" data-id=\"342739e\" data-element_type=\"widget\" data-e-type=\"widget\" data-widget_type=\"text-editor.default\">\n\t\t\t\t<div class=\"elementor-widget-container\">\n\t\t\t\t\t\t\t\t\t<p>Aqu\u00ed acaba pel sud el <strong>Continent Europeu<\/strong> (<strong>21<\/strong>), i aqu\u00ed finalitzem el nostre recorregut per la ciutat de Tarifa.<\/p>\t\t\t\t\t\t\t\t<\/div>\n\t\t\t\t<\/div>\n\t\t\t\t<div class=\"elementor-element elementor-element-45239c7 elementor-widget elementor-widget-heading\" data-id=\"45239c7\" data-element_type=\"widget\" data-e-type=\"widget\" data-widget_type=\"heading.default\">\n\t\t\t\t<div class=\"elementor-widget-container\">\n\t\t\t\t\t<h2 class=\"elementor-heading-title elementor-size-default\">Bases d\u2019informaci\u00f3<\/h2>\t\t\t\t<\/div>\n\t\t\t\t<\/div>\n\t\t\t\t<div class=\"elementor-element elementor-element-4657f8bb elementor-widget elementor-widget-text-editor\" data-id=\"4657f8bb\" data-element_type=\"widget\" data-e-type=\"widget\" data-widget_type=\"text-editor.default\">\n\t\t\t\t<div class=\"elementor-widget-container\">\n\t\t\t\t\t\t\t\t\t<p><strong>Webs<\/strong><\/p><p><a href=\"https:\/\/www.aytotarifa.com\/\" target=\"_blank\" rel=\"noopener\">ayuntamiento<\/a><\/p><p><a href=\"https:\/\/es.wikipedia.org\/wiki\/Tarifa\" target=\"_blank\" rel=\"noopener\">wikipedia<\/a><\/p><p><a href=\"https:\/\/www.monumentalnet.org\/monumento.php?r=CA-CAS-160&amp;n=Muralla+urbana+de+Tarifa\" target=\"_blank\" rel=\"noopener\">monumental<\/a><\/p><p><a href=\"http:\/\/www.turismocampodegibraltar.com\/tarifa\/que-visitar\/Ruta-de-las-Murallas-en-Tarifa\/\" target=\"_blank\" rel=\"noopener\">turismocampodegibraltar<\/a><\/p><p><a href=\"https:\/\/andaluciarustica.com\/tarifa.htm\" target=\"_blank\" rel=\"noopener\">andaluciarustica<\/a><\/p><p><a href=\"https:\/\/www.arteguias.com\/cadiz\/tarifacadiz.htm\" target=\"_blank\" rel=\"noopener\">arteguias<\/a><\/p><p><a href=\"https:\/\/cadizpedia.wikanda.es\/wiki\/Tarifa\" target=\"_blank\" rel=\"noopener\">cadizpedia<\/a><\/p><p><a href=\"https:\/\/guiadigital.iaph.es\/bien\/inmueble\/1202\/cadiz\/tarifa\/torre-de-la-almedina\" target=\"_blank\" rel=\"noopener\">patrimonioculturaldeandalucia<\/a><\/p><p><strong>Web academic<\/strong><\/p><p>Francisco Miguel Merino Laguna. <a href=\"http:\/\/www.redjaen.es\/francis\/?m=c&amp;o=79963\" target=\"_blank\" rel=\"noopener\"><em>Historia de Tarifa<\/em><\/a><\/p><p>Francisco Javier Criado Atalaya. <a href=\"https:\/\/drive.google.com\/file\/d\/1HH22Cp7_VR_r-sGCdV-nqCOwwdJ3J8U8\/view\" target=\"_blank\" rel=\"noopener\"><em>Breve historia de Tarifa<\/em><\/a><\/p><p>Francisco Javier Criado Atalaya. <a href=\"https:\/\/drive.google.com\/file\/d\/1PB1U9cVvqiPEGwvEkTS83GSaaZKI4Tkx\/view\" target=\"_blank\" rel=\"noopener\"><em>Cuadernos divulgativos de Tarifa: Su geograf\u00eda, historia y patrimonio<\/em><\/a><\/p><p>Francisco Javier Criado Atalaya. <a href=\"https:\/\/drive.google.com\/file\/d\/1F05wKW3isAipl9Mb5lfDHz-IdbLjNRRg\/view\" target=\"_blank\" rel=\"noopener\"><em>Evoluci\u00f3n hist\u00f3rica del urbanismo tarife\u00f1o<\/em><\/a><\/p><p>Francisco Javier Criado Atalaya.<a href=\"http:\/\/tarifalaguerrera.blogspot.com\/\" target=\"_blank\" rel=\"noopener\"> <em>&#8220;Tarifa guerrera&#8221;<\/em> blogspot con articulos hist\u00f3ricos diverso sobre Tarifa<\/a><\/p><p>Rafael Sabio Gonz\u00e1lez. <a href=\"https:\/\/dialnet.unirioja.es\/descarga\/articulo\/2045629.pdf\" target=\"_blank\" rel=\"noopener\"><em>La historia de Tarifa seg\u00fan dos autores del siglo XVI: Pedro de Medina i Diego P\u00e9rez de Mesa<\/em><\/a><\/p>\t\t\t\t\t\t\t\t<\/div>\n\t\t\t\t<\/div>\n\t\t\t\t\t<\/div>\n\t\t<\/div>\n\t\t\t\t\t<\/div>\n\t\t<\/section>\n\t\t\t\t<\/div>\n\t\t","protected":false},"excerpt":{"rendered":"<p>Estem al punt m\u00e9s meridional d&#8217;Europa, a la ciutat de Tarifa (Cadis). La distingeix el recinte emmurallat, el castell i torre de Guzm\u00e1n el Bueno o el tra\u00e7at urb\u00e0 de &#8230; <a title=\"Tarifa, recinte hist\u00f2ric (Cadis)\" class=\"read-more\" href=\"https:\/\/www.elturistatranquil.com\/ca\/tarifa-cadis\/\" aria-label=\"M\u00e9s informaci\u00f3 sobre Tarifa, recinte hist\u00f2ric (Cadis)\">[ &#8230; ]<\/a><\/p>\n","protected":false},"author":1,"featured_media":39896,"comment_status":"open","ping_status":"closed","sticky":false,"template":"","format":"standard","meta":{"footnotes":""},"categories":[70,71,72,74,214,75,76,145,82,83,86,100,159,139,106,107],"tags":[],"class_list":["post-39915","post","type-post","status-publish","format-standard","has-post-thumbnail","hentry","category-arquitectura-civil-ca","category-arquitectura-popular-ca","category-arquitectura-religiosa-ca","category-barroc","category-cadis","category-castells","category-ciutat","category-edat-mitjana","category-gotic","category-historia-ca","category-islamic","category-pobles-i-ciutats-amb-interes","category-recintes-emmurallats","category-segle-xvi-xvii","category-segle-xviii-xix","category-segle-xx-xxi","infinite-scroll-item","generate-columns","tablet-grid-50","mobile-grid-100","grid-parent","grid-50","no-featured-image-padding"],"yoast_head":"<!-- This site is optimized with the Yoast SEO plugin v27.4 - https:\/\/yoast.com\/product\/yoast-seo-wordpress\/ -->\n<title>Tarifa, recinte hist\u00f2ric (Cadis) - El turista tranquil<\/title>\n<meta name=\"description\" content=\"Estem al punt m\u00e9s meridional d&#039;Europa, a la ciutat de Tarifa (Cadis). La distingeix el recinte emmurallat, el castell i torre de Guzm\u00e1n el Bueno o el tra\u00e7at urb\u00e0 de carrerons estrets i de cases blanques de terrat.\" \/>\n<meta name=\"robots\" content=\"index, follow, max-snippet:-1, max-image-preview:large, max-video-preview:-1\" \/>\n<link rel=\"canonical\" href=\"https:\/\/www.elturistatranquil.com\/ca\/tarifa-cadis\/\" \/>\n<meta property=\"og:locale\" content=\"ca_ES\" \/>\n<meta property=\"og:type\" content=\"article\" \/>\n<meta property=\"og:title\" content=\"Tarifa, recinte hist\u00f2ric (Cadis) - El turista tranquil\" \/>\n<meta property=\"og:description\" content=\"Estem al punt m\u00e9s meridional d&#039;Europa, a la ciutat de Tarifa (Cadis). La distingeix el recinte emmurallat, el castell i torre de Guzm\u00e1n el Bueno o el tra\u00e7at urb\u00e0 de carrerons estrets i de cases blanques de terrat.\" \/>\n<meta property=\"og:url\" content=\"https:\/\/www.elturistatranquil.com\/ca\/tarifa-cadis\/\" \/>\n<meta property=\"og:site_name\" content=\"El turista tranquil\" \/>\n<meta property=\"article:publisher\" content=\"https:\/\/www.facebook.com\/elturistatranquilo\/\" \/>\n<meta property=\"article:published_time\" content=\"2022-02-26T11:51:09+00:00\" \/>\n<meta property=\"article:modified_time\" content=\"2022-03-04T12:11:32+00:00\" \/>\n<meta property=\"og:image\" content=\"https:\/\/www.elturistatranquil.com\/wp-content\/uploads\/F00-Castillo-de-Tarifa-Cadiz.jpg\" \/>\n\t<meta property=\"og:image:width\" content=\"768\" \/>\n\t<meta property=\"og:image:height\" content=\"512\" \/>\n\t<meta property=\"og:image:type\" content=\"image\/jpeg\" \/>\n<meta name=\"author\" content=\"admin\" \/>\n<meta name=\"twitter:card\" content=\"summary_large_image\" \/>\n<meta name=\"twitter:label1\" content=\"Escrit per\" \/>\n\t<meta name=\"twitter:data1\" content=\"admin\" \/>\n\t<meta name=\"twitter:label2\" content=\"Temps estimat de lectura\" \/>\n\t<meta name=\"twitter:data2\" content=\"56 minuts\" \/>\n<script type=\"application\/ld+json\" class=\"yoast-schema-graph\">{\"@context\":\"https:\\\/\\\/schema.org\",\"@graph\":[{\"@type\":\"Article\",\"@id\":\"https:\\\/\\\/www.elturistatranquil.com\\\/ca\\\/tarifa-cadis\\\/#article\",\"isPartOf\":{\"@id\":\"https:\\\/\\\/www.elturistatranquil.com\\\/ca\\\/tarifa-cadis\\\/\"},\"author\":{\"name\":\"admin\",\"@id\":\"https:\\\/\\\/www.elturistatranquil.com\\\/ca\\\/#\\\/schema\\\/person\\\/16f607c3079b96ed0c530a52e6b58bb5\"},\"headline\":\"Tarifa, recinte hist\u00f2ric (Cadis)\",\"datePublished\":\"2022-02-26T11:51:09+00:00\",\"dateModified\":\"2022-03-04T12:11:32+00:00\",\"mainEntityOfPage\":{\"@id\":\"https:\\\/\\\/www.elturistatranquil.com\\\/ca\\\/tarifa-cadis\\\/\"},\"wordCount\":5819,\"commentCount\":0,\"image\":{\"@id\":\"https:\\\/\\\/www.elturistatranquil.com\\\/ca\\\/tarifa-cadis\\\/#primaryimage\"},\"thumbnailUrl\":\"https:\\\/\\\/www.elturistatranquil.com\\\/wp-content\\\/uploads\\\/F00-Castillo-de-Tarifa-Cadiz.jpg\",\"articleSection\":[\"Arquitectura civil\",\"Arquitectura popular\",\"Arquitectura religiosa\",\"Barroc\",\"Cadis\",\"Castells, Muralles\",\"Ciutat\",\"Edat mitjana\",\"G\u00f2tic\",\"Hist\u00f2ria\",\"Isl\u00e0mic\",\"Pobles i ciutats amb inter\u00e9s\",\"Recintes emmurallats\",\"Segle XVI-XVII\",\"Segle XVIII-XIX\",\"Segle XX-XXI\"],\"inLanguage\":\"ca\",\"potentialAction\":[{\"@type\":\"CommentAction\",\"name\":\"Comment\",\"target\":[\"https:\\\/\\\/www.elturistatranquil.com\\\/ca\\\/tarifa-cadis\\\/#respond\"]}]},{\"@type\":\"WebPage\",\"@id\":\"https:\\\/\\\/www.elturistatranquil.com\\\/ca\\\/tarifa-cadis\\\/\",\"url\":\"https:\\\/\\\/www.elturistatranquil.com\\\/ca\\\/tarifa-cadis\\\/\",\"name\":\"Tarifa, recinte hist\u00f2ric (Cadis) - El turista tranquil\",\"isPartOf\":{\"@id\":\"https:\\\/\\\/www.elturistatranquil.com\\\/ca\\\/#website\"},\"primaryImageOfPage\":{\"@id\":\"https:\\\/\\\/www.elturistatranquil.com\\\/ca\\\/tarifa-cadis\\\/#primaryimage\"},\"image\":{\"@id\":\"https:\\\/\\\/www.elturistatranquil.com\\\/ca\\\/tarifa-cadis\\\/#primaryimage\"},\"thumbnailUrl\":\"https:\\\/\\\/www.elturistatranquil.com\\\/wp-content\\\/uploads\\\/F00-Castillo-de-Tarifa-Cadiz.jpg\",\"datePublished\":\"2022-02-26T11:51:09+00:00\",\"dateModified\":\"2022-03-04T12:11:32+00:00\",\"author\":{\"@id\":\"https:\\\/\\\/www.elturistatranquil.com\\\/ca\\\/#\\\/schema\\\/person\\\/16f607c3079b96ed0c530a52e6b58bb5\"},\"description\":\"Estem al punt m\u00e9s meridional d'Europa, a la ciutat de Tarifa (Cadis). La distingeix el recinte emmurallat, el castell i torre de Guzm\u00e1n el Bueno o el tra\u00e7at urb\u00e0 de carrerons estrets i de cases blanques de terrat.\",\"breadcrumb\":{\"@id\":\"https:\\\/\\\/www.elturistatranquil.com\\\/ca\\\/tarifa-cadis\\\/#breadcrumb\"},\"inLanguage\":\"ca\",\"potentialAction\":[{\"@type\":\"ReadAction\",\"target\":[\"https:\\\/\\\/www.elturistatranquil.com\\\/ca\\\/tarifa-cadis\\\/\"]}]},{\"@type\":\"ImageObject\",\"inLanguage\":\"ca\",\"@id\":\"https:\\\/\\\/www.elturistatranquil.com\\\/ca\\\/tarifa-cadis\\\/#primaryimage\",\"url\":\"https:\\\/\\\/www.elturistatranquil.com\\\/wp-content\\\/uploads\\\/F00-Castillo-de-Tarifa-Cadiz.jpg\",\"contentUrl\":\"https:\\\/\\\/www.elturistatranquil.com\\\/wp-content\\\/uploads\\\/F00-Castillo-de-Tarifa-Cadiz.jpg\",\"width\":768,\"height\":512,\"caption\":\"Castillo de Tarifa, Cadiz\"},{\"@type\":\"BreadcrumbList\",\"@id\":\"https:\\\/\\\/www.elturistatranquil.com\\\/ca\\\/tarifa-cadis\\\/#breadcrumb\",\"itemListElement\":[{\"@type\":\"ListItem\",\"position\":1,\"name\":\"Portada\",\"item\":\"https:\\\/\\\/www.elturistatranquil.com\\\/ca\\\/\"},{\"@type\":\"ListItem\",\"position\":2,\"name\":\"Tarifa, recinte hist\u00f2ric (Cadis)\"}]},{\"@type\":\"WebSite\",\"@id\":\"https:\\\/\\\/www.elturistatranquil.com\\\/ca\\\/#website\",\"url\":\"https:\\\/\\\/www.elturistatranquil.com\\\/ca\\\/\",\"name\":\"El turista tranquil\",\"description\":\"Blog de viatges\",\"potentialAction\":[{\"@type\":\"SearchAction\",\"target\":{\"@type\":\"EntryPoint\",\"urlTemplate\":\"https:\\\/\\\/www.elturistatranquil.com\\\/ca\\\/?s={search_term_string}\"},\"query-input\":{\"@type\":\"PropertyValueSpecification\",\"valueRequired\":true,\"valueName\":\"search_term_string\"}}],\"inLanguage\":\"ca\"},{\"@type\":\"Person\",\"@id\":\"https:\\\/\\\/www.elturistatranquil.com\\\/ca\\\/#\\\/schema\\\/person\\\/16f607c3079b96ed0c530a52e6b58bb5\",\"name\":\"admin\",\"image\":{\"@type\":\"ImageObject\",\"inLanguage\":\"ca\",\"@id\":\"https:\\\/\\\/secure.gravatar.com\\\/avatar\\\/1fbaf22aee75fcbb29a2f97b107f95d25d3a19b7c3416105be10269872673e8d?s=96&d=mm&r=g\",\"url\":\"https:\\\/\\\/secure.gravatar.com\\\/avatar\\\/1fbaf22aee75fcbb29a2f97b107f95d25d3a19b7c3416105be10269872673e8d?s=96&d=mm&r=g\",\"contentUrl\":\"https:\\\/\\\/secure.gravatar.com\\\/avatar\\\/1fbaf22aee75fcbb29a2f97b107f95d25d3a19b7c3416105be10269872673e8d?s=96&d=mm&r=g\",\"caption\":\"admin\"}}]}<\/script>\n<!-- \/ Yoast SEO plugin. -->","yoast_head_json":{"title":"Tarifa, recinte hist\u00f2ric (Cadis) - El turista tranquil","description":"Estem al punt m\u00e9s meridional d'Europa, a la ciutat de Tarifa (Cadis). La distingeix el recinte emmurallat, el castell i torre de Guzm\u00e1n el Bueno o el tra\u00e7at urb\u00e0 de carrerons estrets i de cases blanques de terrat.","robots":{"index":"index","follow":"follow","max-snippet":"max-snippet:-1","max-image-preview":"max-image-preview:large","max-video-preview":"max-video-preview:-1"},"canonical":"https:\/\/www.elturistatranquil.com\/ca\/tarifa-cadis\/","og_locale":"ca_ES","og_type":"article","og_title":"Tarifa, recinte hist\u00f2ric (Cadis) - El turista tranquil","og_description":"Estem al punt m\u00e9s meridional d'Europa, a la ciutat de Tarifa (Cadis). La distingeix el recinte emmurallat, el castell i torre de Guzm\u00e1n el Bueno o el tra\u00e7at urb\u00e0 de carrerons estrets i de cases blanques de terrat.","og_url":"https:\/\/www.elturistatranquil.com\/ca\/tarifa-cadis\/","og_site_name":"El turista tranquil","article_publisher":"https:\/\/www.facebook.com\/elturistatranquilo\/","article_published_time":"2022-02-26T11:51:09+00:00","article_modified_time":"2022-03-04T12:11:32+00:00","og_image":[{"width":768,"height":512,"url":"https:\/\/www.elturistatranquil.com\/wp-content\/uploads\/F00-Castillo-de-Tarifa-Cadiz.jpg","type":"image\/jpeg"}],"author":"admin","twitter_card":"summary_large_image","twitter_misc":{"Escrit per":"admin","Temps estimat de lectura":"56 minuts"},"schema":{"@context":"https:\/\/schema.org","@graph":[{"@type":"Article","@id":"https:\/\/www.elturistatranquil.com\/ca\/tarifa-cadis\/#article","isPartOf":{"@id":"https:\/\/www.elturistatranquil.com\/ca\/tarifa-cadis\/"},"author":{"name":"admin","@id":"https:\/\/www.elturistatranquil.com\/ca\/#\/schema\/person\/16f607c3079b96ed0c530a52e6b58bb5"},"headline":"Tarifa, recinte hist\u00f2ric (Cadis)","datePublished":"2022-02-26T11:51:09+00:00","dateModified":"2022-03-04T12:11:32+00:00","mainEntityOfPage":{"@id":"https:\/\/www.elturistatranquil.com\/ca\/tarifa-cadis\/"},"wordCount":5819,"commentCount":0,"image":{"@id":"https:\/\/www.elturistatranquil.com\/ca\/tarifa-cadis\/#primaryimage"},"thumbnailUrl":"https:\/\/www.elturistatranquil.com\/wp-content\/uploads\/F00-Castillo-de-Tarifa-Cadiz.jpg","articleSection":["Arquitectura civil","Arquitectura popular","Arquitectura religiosa","Barroc","Cadis","Castells, Muralles","Ciutat","Edat mitjana","G\u00f2tic","Hist\u00f2ria","Isl\u00e0mic","Pobles i ciutats amb inter\u00e9s","Recintes emmurallats","Segle XVI-XVII","Segle XVIII-XIX","Segle XX-XXI"],"inLanguage":"ca","potentialAction":[{"@type":"CommentAction","name":"Comment","target":["https:\/\/www.elturistatranquil.com\/ca\/tarifa-cadis\/#respond"]}]},{"@type":"WebPage","@id":"https:\/\/www.elturistatranquil.com\/ca\/tarifa-cadis\/","url":"https:\/\/www.elturistatranquil.com\/ca\/tarifa-cadis\/","name":"Tarifa, recinte hist\u00f2ric (Cadis) - El turista tranquil","isPartOf":{"@id":"https:\/\/www.elturistatranquil.com\/ca\/#website"},"primaryImageOfPage":{"@id":"https:\/\/www.elturistatranquil.com\/ca\/tarifa-cadis\/#primaryimage"},"image":{"@id":"https:\/\/www.elturistatranquil.com\/ca\/tarifa-cadis\/#primaryimage"},"thumbnailUrl":"https:\/\/www.elturistatranquil.com\/wp-content\/uploads\/F00-Castillo-de-Tarifa-Cadiz.jpg","datePublished":"2022-02-26T11:51:09+00:00","dateModified":"2022-03-04T12:11:32+00:00","author":{"@id":"https:\/\/www.elturistatranquil.com\/ca\/#\/schema\/person\/16f607c3079b96ed0c530a52e6b58bb5"},"description":"Estem al punt m\u00e9s meridional d'Europa, a la ciutat de Tarifa (Cadis). La distingeix el recinte emmurallat, el castell i torre de Guzm\u00e1n el Bueno o el tra\u00e7at urb\u00e0 de carrerons estrets i de cases blanques de terrat.","breadcrumb":{"@id":"https:\/\/www.elturistatranquil.com\/ca\/tarifa-cadis\/#breadcrumb"},"inLanguage":"ca","potentialAction":[{"@type":"ReadAction","target":["https:\/\/www.elturistatranquil.com\/ca\/tarifa-cadis\/"]}]},{"@type":"ImageObject","inLanguage":"ca","@id":"https:\/\/www.elturistatranquil.com\/ca\/tarifa-cadis\/#primaryimage","url":"https:\/\/www.elturistatranquil.com\/wp-content\/uploads\/F00-Castillo-de-Tarifa-Cadiz.jpg","contentUrl":"https:\/\/www.elturistatranquil.com\/wp-content\/uploads\/F00-Castillo-de-Tarifa-Cadiz.jpg","width":768,"height":512,"caption":"Castillo de Tarifa, Cadiz"},{"@type":"BreadcrumbList","@id":"https:\/\/www.elturistatranquil.com\/ca\/tarifa-cadis\/#breadcrumb","itemListElement":[{"@type":"ListItem","position":1,"name":"Portada","item":"https:\/\/www.elturistatranquil.com\/ca\/"},{"@type":"ListItem","position":2,"name":"Tarifa, recinte hist\u00f2ric (Cadis)"}]},{"@type":"WebSite","@id":"https:\/\/www.elturistatranquil.com\/ca\/#website","url":"https:\/\/www.elturistatranquil.com\/ca\/","name":"El turista tranquil","description":"Blog de viatges","potentialAction":[{"@type":"SearchAction","target":{"@type":"EntryPoint","urlTemplate":"https:\/\/www.elturistatranquil.com\/ca\/?s={search_term_string}"},"query-input":{"@type":"PropertyValueSpecification","valueRequired":true,"valueName":"search_term_string"}}],"inLanguage":"ca"},{"@type":"Person","@id":"https:\/\/www.elturistatranquil.com\/ca\/#\/schema\/person\/16f607c3079b96ed0c530a52e6b58bb5","name":"admin","image":{"@type":"ImageObject","inLanguage":"ca","@id":"https:\/\/secure.gravatar.com\/avatar\/1fbaf22aee75fcbb29a2f97b107f95d25d3a19b7c3416105be10269872673e8d?s=96&d=mm&r=g","url":"https:\/\/secure.gravatar.com\/avatar\/1fbaf22aee75fcbb29a2f97b107f95d25d3a19b7c3416105be10269872673e8d?s=96&d=mm&r=g","contentUrl":"https:\/\/secure.gravatar.com\/avatar\/1fbaf22aee75fcbb29a2f97b107f95d25d3a19b7c3416105be10269872673e8d?s=96&d=mm&r=g","caption":"admin"}}]}},"_links":{"self":[{"href":"https:\/\/www.elturistatranquil.com\/ca\/wp-json\/wp\/v2\/posts\/39915","targetHints":{"allow":["GET"]}}],"collection":[{"href":"https:\/\/www.elturistatranquil.com\/ca\/wp-json\/wp\/v2\/posts"}],"about":[{"href":"https:\/\/www.elturistatranquil.com\/ca\/wp-json\/wp\/v2\/types\/post"}],"author":[{"embeddable":true,"href":"https:\/\/www.elturistatranquil.com\/ca\/wp-json\/wp\/v2\/users\/1"}],"replies":[{"embeddable":true,"href":"https:\/\/www.elturistatranquil.com\/ca\/wp-json\/wp\/v2\/comments?post=39915"}],"version-history":[{"count":5,"href":"https:\/\/www.elturistatranquil.com\/ca\/wp-json\/wp\/v2\/posts\/39915\/revisions"}],"predecessor-version":[{"id":39927,"href":"https:\/\/www.elturistatranquil.com\/ca\/wp-json\/wp\/v2\/posts\/39915\/revisions\/39927"}],"wp:featuredmedia":[{"embeddable":true,"href":"https:\/\/www.elturistatranquil.com\/ca\/wp-json\/wp\/v2\/media\/39896"}],"wp:attachment":[{"href":"https:\/\/www.elturistatranquil.com\/ca\/wp-json\/wp\/v2\/media?parent=39915"}],"wp:term":[{"taxonomy":"category","embeddable":true,"href":"https:\/\/www.elturistatranquil.com\/ca\/wp-json\/wp\/v2\/categories?post=39915"},{"taxonomy":"post_tag","embeddable":true,"href":"https:\/\/www.elturistatranquil.com\/ca\/wp-json\/wp\/v2\/tags?post=39915"}],"curies":[{"name":"wp","href":"https:\/\/api.w.org\/{rel}","templated":true}]}}