{"id":40343,"date":"2022-04-09T09:40:53","date_gmt":"2022-04-09T07:40:53","guid":{"rendered":"https:\/\/www.elturistatranquil.com\/?p=40343"},"modified":"2022-10-26T15:29:17","modified_gmt":"2022-10-26T13:29:17","slug":"apartamentos-la-jabega-conil-costa-de-la-luz","status":"publish","type":"post","link":"https:\/\/www.elturistatranquil.com\/ca\/apartamentos-la-jabega-conil-costa-de-la-luz\/","title":{"rendered":"Apartaments La J\u00e1bega Conil. Costa de la Luz"},"content":{"rendered":"\t\t<div data-elementor-type=\"wp-post\" data-elementor-id=\"40343\" class=\"elementor elementor-40343 elementor-40222\" data-elementor-post-type=\"post\">\n\t\t\t\t\t\t<section class=\"elementor-section elementor-top-section elementor-element elementor-element-5eb062a5 elementor-section-boxed elementor-section-height-default elementor-section-height-default\" data-id=\"5eb062a5\" data-element_type=\"section\" data-e-type=\"section\">\n\t\t\t\t\t\t<div class=\"elementor-container elementor-column-gap-default\">\n\t\t\t\t\t<div class=\"elementor-column elementor-col-100 elementor-top-column elementor-element elementor-element-661fcd8f\" data-id=\"661fcd8f\" data-element_type=\"column\" data-e-type=\"column\">\n\t\t\t<div class=\"elementor-widget-wrap elementor-element-populated\">\n\t\t\t\t\t\t<section class=\"elementor-section elementor-inner-section elementor-element elementor-element-42029834 elementor-section-content-middle elementor-section-boxed elementor-section-height-default elementor-section-height-default\" data-id=\"42029834\" data-element_type=\"section\" data-e-type=\"section\">\n\t\t\t\t\t\t<div class=\"elementor-container elementor-column-gap-default\">\n\t\t\t\t\t<div class=\"elementor-column elementor-col-100 elementor-inner-column elementor-element elementor-element-727aac32\" data-id=\"727aac32\" data-element_type=\"column\" data-e-type=\"column\">\n\t\t\t<div class=\"elementor-widget-wrap elementor-element-populated\">\n\t\t\t\t\t\t<div class=\"elementor-element elementor-element-5516cd66 elementor-widget elementor-widget-text-editor\" data-id=\"5516cd66\" data-element_type=\"widget\" data-e-type=\"widget\" data-widget_type=\"text-editor.default\">\n\t\t\t\t<div class=\"elementor-widget-container\">\n\t\t\t\t\t\t\t\t\t<p>Els <em>Apartaments La J\u00e1bega Conil<\/em> a Conil de la Frontera (Cadis) ofereixen l\u00b4experi\u00e8ncia de viure l\u00b4ambient d\u00b4una casa de pati de ve\u00efns tradicional andalusa, amb totes les comoditats del nostre temps.<\/p>\t\t\t\t\t\t\t\t<\/div>\n\t\t\t\t<\/div>\n\t\t\t\t\t<\/div>\n\t\t<\/div>\n\t\t\t\t\t<\/div>\n\t\t<\/section>\n\t\t\t\t<div class=\"elementor-element elementor-element-20e32ce elementor-widget elementor-widget-heading\" data-id=\"20e32ce\" data-element_type=\"widget\" data-e-type=\"widget\" data-widget_type=\"heading.default\">\n\t\t\t\t<div class=\"elementor-widget-container\">\n\t\t\t\t\t<h1 class=\"elementor-heading-title elementor-size-default\">Apartaments La J\u00e1bega Conil. Costa de la Luz<\/h1>\t\t\t\t<\/div>\n\t\t\t\t<\/div>\n\t\t\t\t\t<\/div>\n\t\t<\/div>\n\t\t\t\t\t<\/div>\n\t\t<\/section>\n\t\t\t\t<section class=\"elementor-section elementor-top-section elementor-element elementor-element-2f5ea875 elementor-section-boxed elementor-section-height-default elementor-section-height-default\" data-id=\"2f5ea875\" data-element_type=\"section\" data-e-type=\"section\">\n\t\t\t\t\t\t<div class=\"elementor-container elementor-column-gap-default\">\n\t\t\t\t\t<div class=\"elementor-column elementor-col-100 elementor-top-column elementor-element elementor-element-2efcb11\" data-id=\"2efcb11\" data-element_type=\"column\" data-e-type=\"column\">\n\t\t\t<div class=\"elementor-widget-wrap elementor-element-populated\">\n\t\t\t\t\t\t<div class=\"elementor-element elementor-element-17b08c3e elementor-widget elementor-widget-image\" data-id=\"17b08c3e\" data-element_type=\"widget\" data-e-type=\"widget\" data-widget_type=\"image.default\">\n\t\t\t\t<div class=\"elementor-widget-container\">\n\t\t\t\t\t\t\t\t\t\t\t\t<figure class=\"wp-caption\">\n\t\t\t\t\t\t\t\t\t\t<img fetchpriority=\"high\" decoding=\"async\" width=\"768\" height=\"512\" src=\"https:\/\/www.elturistatranquil.com\/wp-content\/uploads\/F01-Apartamentos-La-Jabega-Conil-de-la-Frontera.jpg\" class=\"attachment-large size-large wp-image-40231\" alt=\"Apartamentos La Jabega, Conil de la Frontera\" srcset=\"https:\/\/www.elturistatranquil.com\/wp-content\/uploads\/F01-Apartamentos-La-Jabega-Conil-de-la-Frontera.jpg 768w, https:\/\/www.elturistatranquil.com\/wp-content\/uploads\/F01-Apartamentos-La-Jabega-Conil-de-la-Frontera-339x226.jpg 339w\" sizes=\"(max-width: 768px) 100vw, 768px\" \/>\t\t\t\t\t\t\t\t\t\t\t<figcaption class=\"widget-image-caption wp-caption-text\"><\/figcaption>\n\t\t\t\t\t\t\t\t\t\t<\/figure>\n\t\t\t\t\t\t\t\t\t<\/div>\n\t\t\t\t<\/div>\n\t\t\t\t<div class=\"elementor-element elementor-element-17de2619 elementor-widget elementor-widget-spacer\" data-id=\"17de2619\" data-element_type=\"widget\" data-e-type=\"widget\" data-widget_type=\"spacer.default\">\n\t\t\t\t<div class=\"elementor-widget-container\">\n\t\t\t\t\t\t\t<div class=\"elementor-spacer\">\n\t\t\t<div class=\"elementor-spacer-inner\"><\/div>\n\t\t<\/div>\n\t\t\t\t\t\t<\/div>\n\t\t\t\t<\/div>\n\t\t\t\t<div class=\"elementor-element elementor-element-63e3bce4 elementor-widget elementor-widget-heading\" data-id=\"63e3bce4\" data-element_type=\"widget\" data-e-type=\"widget\" data-widget_type=\"heading.default\">\n\t\t\t\t<div class=\"elementor-widget-container\">\n\t\t\t\t\t<h2 class=\"elementor-heading-title elementor-size-default\">Apartaments La J\u00e1bega Conil. Conil de la Frontera. Costa de la Luz. C\u00e1diz<\/h2>\t\t\t\t<\/div>\n\t\t\t\t<\/div>\n\t\t\t\t<section class=\"elementor-section elementor-inner-section elementor-element elementor-element-17eb2240 elementor-section-boxed elementor-section-height-default elementor-section-height-default\" data-id=\"17eb2240\" data-element_type=\"section\" data-e-type=\"section\" data-settings=\"{&quot;background_background&quot;:&quot;classic&quot;}\">\n\t\t\t\t\t\t\t<div class=\"elementor-background-overlay\"><\/div>\n\t\t\t\t\t\t\t<div class=\"elementor-container elementor-column-gap-default\">\n\t\t\t\t\t<div class=\"elementor-column elementor-col-100 elementor-inner-column elementor-element elementor-element-21f58d9d\" data-id=\"21f58d9d\" data-element_type=\"column\" data-e-type=\"column\" data-settings=\"{&quot;background_background&quot;:&quot;classic&quot;}\">\n\t\t\t<div class=\"elementor-widget-wrap elementor-element-populated\">\n\t\t\t\t\t\t<div class=\"elementor-element elementor-element-1ca8babe elementor-widget elementor-widget-text-editor\" data-id=\"1ca8babe\" data-element_type=\"widget\" data-e-type=\"widget\" data-widget_type=\"text-editor.default\">\n\t\t\t\t<div class=\"elementor-widget-container\">\n\t\t\t\t\t\t\t\t\t<p>C. Chiclana, 9, 11140 Conil de la Frontera. Comarca: La Janda, Prov\u00edncia: Cadis. Com. Aut\u00f2noma: Andalusia<\/p><p>Telf.: 621 21 21 67<\/p><p>Coordenades: 36\u00b016&#8217;37.8&#8243;N 6\u00b005&#8217;20.7&#8243;W. Altitud: 35 msnm. Poblaci\u00f3: 23.182 habitants (2021)<\/p><p>Web: <a href=\"https:\/\/conilhome.com\/es\/la-jabega-conil\/\" target=\"_blank\" rel=\"noopener\">lajabega<\/a><\/p><p>9 apartaments i 2 habitacions<\/p><p>Visita: 2021<\/p>\t\t\t\t\t\t\t\t<\/div>\n\t\t\t\t<\/div>\n\t\t\t\t\t<\/div>\n\t\t<\/div>\n\t\t\t\t\t<\/div>\n\t\t<\/section>\n\t\t\t\t<div class=\"elementor-element elementor-element-59d85413 elementor-widget elementor-widget-image\" data-id=\"59d85413\" data-element_type=\"widget\" data-e-type=\"widget\" data-widget_type=\"image.default\">\n\t\t\t\t<div class=\"elementor-widget-container\">\n\t\t\t\t\t\t\t\t\t\t\t\t<figure class=\"wp-caption\">\n\t\t\t\t\t\t\t\t\t\t<img decoding=\"async\" width=\"768\" height=\"512\" src=\"https:\/\/www.elturistatranquil.com\/wp-content\/uploads\/F02c-Mapa-de-situacio-de-Apartaments-La-Jabega-Conil-de-la-FronteraGoogle-maps-2021-09-23.jpg\" class=\"attachment-medium_large size-medium_large wp-image-40346\" alt=\"Mapa de situaci\u00f3 de Apartaments La Jabega, Conil de la Frontera(Google-maps-2021-09-23)\" srcset=\"https:\/\/www.elturistatranquil.com\/wp-content\/uploads\/F02c-Mapa-de-situacio-de-Apartaments-La-Jabega-Conil-de-la-FronteraGoogle-maps-2021-09-23.jpg 768w, https:\/\/www.elturistatranquil.com\/wp-content\/uploads\/F02c-Mapa-de-situacio-de-Apartaments-La-Jabega-Conil-de-la-FronteraGoogle-maps-2021-09-23-339x226.jpg 339w\" sizes=\"(max-width: 768px) 100vw, 768px\" \/>\t\t\t\t\t\t\t\t\t\t\t<figcaption class=\"widget-image-caption wp-caption-text\">Mapa de situaci\u00f3 dels Apartaments La J\u00e1bega, Conil de la Frontera (Google maps 2021-09-23)<\/figcaption>\n\t\t\t\t\t\t\t\t\t\t<\/figure>\n\t\t\t\t\t\t\t\t\t<\/div>\n\t\t\t\t<\/div>\n\t\t\t\t<section class=\"elementor-section elementor-inner-section elementor-element elementor-element-2bdda0a5 elementor-section-boxed elementor-section-height-default elementor-section-height-default\" data-id=\"2bdda0a5\" data-element_type=\"section\" data-e-type=\"section\" data-settings=\"{&quot;background_background&quot;:&quot;classic&quot;}\">\n\t\t\t\t\t\t<div class=\"elementor-container elementor-column-gap-default\">\n\t\t\t\t\t<div class=\"elementor-column elementor-col-100 elementor-inner-column elementor-element elementor-element-245c56eb\" data-id=\"245c56eb\" data-element_type=\"column\" data-e-type=\"column\">\n\t\t\t<div class=\"elementor-widget-wrap elementor-element-populated\">\n\t\t\t\t\t\t<div class=\"elementor-element elementor-element-79c963d9 elementor-widget elementor-widget-text-editor\" data-id=\"79c963d9\" data-element_type=\"widget\" data-e-type=\"widget\" data-widget_type=\"text-editor.default\">\n\t\t\t\t<div class=\"elementor-widget-container\">\n\t\t\t\t\t\t\t\t\t<p style=\"text-align: center;\"><strong>\u00cdndex<\/strong><\/p>\t\t\t\t\t\t\t\t<\/div>\n\t\t\t\t<\/div>\n\t\t\t\t<div class=\"elementor-element elementor-element-55cd4b77 elementor-widget elementor-widget-text-editor\" data-id=\"55cd4b77\" data-element_type=\"widget\" data-e-type=\"widget\" data-widget_type=\"text-editor.default\">\n\t\t\t\t<div class=\"elementor-widget-container\">\n\t\t\t\t\t\t\t\t\t<p><a href=\"https:\/\/www.elturistatranquil.com\/ca\/apartamentos-la-jabega-conil-costa-de-la-luz\/#a2301\">Apartaments La J\u00e1bega Conil. Conil de la Frontera. Costa de la Luz. Cadis<\/a><\/p><p><a href=\"https:\/\/www.elturistatranquil.com\/ca\/apartamentos-la-jabega-conil-costa-de-la-luz\/#a2302\">L&#8217;allotjament: Apartaments La J\u00e1bega Conil<\/a><\/p><p><a href=\"https:\/\/www.elturistatranquil.com\/ca\/apartamentos-la-jabega-conil-costa-de-la-luz\/#a2303\">Propostes de sortides<\/a><\/p>\t\t\t\t\t\t\t\t<\/div>\n\t\t\t\t<\/div>\n\t\t\t\t\t<\/div>\n\t\t<\/div>\n\t\t\t\t\t<\/div>\n\t\t<\/section>\n\t\t\t\t<div class=\"elementor-element elementor-element-45e8388a elementor-widget elementor-widget-spacer\" data-id=\"45e8388a\" data-element_type=\"widget\" data-e-type=\"widget\" data-widget_type=\"spacer.default\">\n\t\t\t\t<div class=\"elementor-widget-container\">\n\t\t\t\t\t\t\t<div class=\"elementor-spacer\">\n\t\t\t<div class=\"elementor-spacer-inner\"><\/div>\n\t\t<\/div>\n\t\t\t\t\t\t<\/div>\n\t\t\t\t<\/div>\n\t\t\t\t<div class=\"elementor-element elementor-element-3e55949b elementor-widget elementor-widget-menu-anchor\" data-id=\"3e55949b\" data-element_type=\"widget\" data-e-type=\"widget\" data-widget_type=\"menu-anchor.default\">\n\t\t\t\t<div class=\"elementor-widget-container\">\n\t\t\t\t\t\t\t<div class=\"elementor-menu-anchor\" id=\"a2301\"><\/div>\n\t\t\t\t\t\t<\/div>\n\t\t\t\t<\/div>\n\t\t\t\t<div class=\"elementor-element elementor-element-5a20266 elementor-widget elementor-widget-spacer\" data-id=\"5a20266\" data-element_type=\"widget\" data-e-type=\"widget\" data-widget_type=\"spacer.default\">\n\t\t\t\t<div class=\"elementor-widget-container\">\n\t\t\t\t\t\t\t<div class=\"elementor-spacer\">\n\t\t\t<div class=\"elementor-spacer-inner\"><\/div>\n\t\t<\/div>\n\t\t\t\t\t\t<\/div>\n\t\t\t\t<\/div>\n\t\t\t\t<div class=\"elementor-element elementor-element-308e983e elementor-widget elementor-widget-heading\" data-id=\"308e983e\" data-element_type=\"widget\" data-e-type=\"widget\" data-widget_type=\"heading.default\">\n\t\t\t\t<div class=\"elementor-widget-container\">\n\t\t\t\t\t<h2 class=\"elementor-heading-title elementor-size-default\">Apartaments La J\u00e1bega Conil. Conil de la Frontera. Costa de la Luz. Cadis<\/h2>\t\t\t\t<\/div>\n\t\t\t\t<\/div>\n\t\t\t\t<div class=\"elementor-element elementor-element-f0d736e elementor-widget elementor-widget-menu-anchor\" data-id=\"f0d736e\" data-element_type=\"widget\" data-e-type=\"widget\" data-widget_type=\"menu-anchor.default\">\n\t\t\t\t<div class=\"elementor-widget-container\">\n\t\t\t\t\t\t\t<div class=\"elementor-menu-anchor\" id=\"a2302\"><\/div>\n\t\t\t\t\t\t<\/div>\n\t\t\t\t<\/div>\n\t\t\t\t<div class=\"elementor-element elementor-element-1c4a098a elementor-widget elementor-widget-text-editor\" data-id=\"1c4a098a\" data-element_type=\"widget\" data-e-type=\"widget\" data-widget_type=\"text-editor.default\">\n\t\t\t\t<div class=\"elementor-widget-container\">\n\t\t\t\t\t\t\t\t\t<p>Aprofitant que durant l&#8217;estada a <a href=\"https:\/\/www.elturistatranquil.com\/ca\/conil-home-suite-estudis-i-apartaments-de-disseny-costa-de-la-luz\/\" target=\"_blank\" rel=\"noopener\"><strong>Conil Home Suite<\/strong><\/a> l&#8217;esmorzar s&#8217;efectuava a la terrassa dels <strong>Apartaments La J\u00e1bega Conil<\/strong>\u00a0vaig tenir ocasi\u00f3 d&#8217;apreciar l&#8217;inter\u00e8s i la bellesa d&#8217;aquest edifici.<\/p><p>El bon tracte i inter\u00e8s de <strong>Miriam<\/strong> i el seu equip, que gestionen tots dos establiments hotelers a <a href=\"https:\/\/www.elturistatranquil.com\/ca\/conil-de-la-frontera-cadis\/\" target=\"_blank\" rel=\"noopener\">Conil de la Frontera<\/a>, em va portar a demanar-li que em mostr\u00e9s un dels apartaments de <strong>La J\u00e1bega Conil<\/strong> per poder presentar-lo al <em>Blog<\/em>.<\/p>\t\t\t\t\t\t\t\t<\/div>\n\t\t\t\t<\/div>\n\t\t\t\t<div class=\"elementor-element elementor-element-7a49ef36 elementor-widget elementor-widget-heading\" data-id=\"7a49ef36\" data-element_type=\"widget\" data-e-type=\"widget\" data-widget_type=\"heading.default\">\n\t\t\t\t<div class=\"elementor-widget-container\">\n\t\t\t\t\t<h2 class=\"elementor-heading-title elementor-size-default\">L'allotjament: Apartaments La J\u00e1bega Conil<\/h2>\t\t\t\t<\/div>\n\t\t\t\t<\/div>\n\t\t\t\t<div class=\"elementor-element elementor-element-99e009f elementor-widget elementor-widget-text-editor\" data-id=\"99e009f\" data-element_type=\"widget\" data-e-type=\"widget\" data-widget_type=\"text-editor.default\">\n\t\t\t\t<div class=\"elementor-widget-container\">\n\t\t\t\t\t\t\t\t\t<p>En contrast amb la modernitat arquitect\u00f2nica de Conil Home Suite, els <strong>Apartaments La J\u00e1bega Conil<\/strong> ofereix l&#8217;encant de la tradici\u00f3 de l&#8217;arquitectura popular, per\u00f2 amb tots els requisits dels serveis de la vida actual.<\/p><p>Els habitatges d\u00b4una t\u00edpica casa de ve\u00efns andalusa, estructurada al voltant d\u00b4un pati obert per un dels costats al carrer, va ser reconvertida l\u00b4any 2001 en un conjunt de 9 apartaments i 2 habitacions, amb tots els requisits de confort.<\/p><p>A l&#8217;exterior, al pati central i la decoraci\u00f3 de les estances es va conservar l&#8217;estil, el color i l&#8217;encant de l&#8217;arquitectura tradicional de Conil de la Frontera: el blanc de les parets exteriors i interiors, el terrat, la reixeria i les flors.<\/p>\t\t\t\t\t\t\t\t<\/div>\n\t\t\t\t<\/div>\n\t\t\t\t<div class=\"elementor-element elementor-element-23895d7d elementor-widget elementor-widget-image\" data-id=\"23895d7d\" data-element_type=\"widget\" data-e-type=\"widget\" data-widget_type=\"image.default\">\n\t\t\t\t<div class=\"elementor-widget-container\">\n\t\t\t\t\t\t\t\t\t\t\t\t<figure class=\"wp-caption\">\n\t\t\t\t\t\t\t\t\t\t<img decoding=\"async\" width=\"768\" height=\"512\" src=\"https:\/\/www.elturistatranquil.com\/wp-content\/uploads\/F03-Apartamentos-La-Jabega-Conil-de-la-Frontera.jpg\" class=\"attachment-large size-large wp-image-40235\" alt=\"Apartamentos La Jabega, Conil de la Frontera\" srcset=\"https:\/\/www.elturistatranquil.com\/wp-content\/uploads\/F03-Apartamentos-La-Jabega-Conil-de-la-Frontera.jpg 768w, https:\/\/www.elturistatranquil.com\/wp-content\/uploads\/F03-Apartamentos-La-Jabega-Conil-de-la-Frontera-339x226.jpg 339w\" sizes=\"(max-width: 768px) 100vw, 768px\" \/>\t\t\t\t\t\t\t\t\t\t\t<figcaption class=\"widget-image-caption wp-caption-text\"><\/figcaption>\n\t\t\t\t\t\t\t\t\t\t<\/figure>\n\t\t\t\t\t\t\t\t\t<\/div>\n\t\t\t\t<\/div>\n\t\t\t\t<div class=\"elementor-element elementor-element-215311f5 elementor-widget elementor-widget-heading\" data-id=\"215311f5\" data-element_type=\"widget\" data-e-type=\"widget\" data-widget_type=\"heading.default\">\n\t\t\t\t<div class=\"elementor-widget-container\">\n\t\t\t\t\t<h4 class=\"elementor-heading-title elementor-size-default\">L'edifici<\/h4>\t\t\t\t<\/div>\n\t\t\t\t<\/div>\n\t\t\t\t<div class=\"elementor-element elementor-element-4ea43c6 elementor-widget elementor-widget-text-editor\" data-id=\"4ea43c6\" data-element_type=\"widget\" data-e-type=\"widget\" data-widget_type=\"text-editor.default\">\n\t\t\t\t<div class=\"elementor-widget-container\">\n\t\t\t\t\t\t\t\t\t<p>Les formes elementalment funcionals de l&#8217;arquitectura popular no ens deixen de sorprendre per la bellesa que aporten.<\/p><p>Ja des de l&#8217;exterior es pot apreciar aquesta bellesa de les formes per la funcionalitat de les obertures als murs, que situats al servei de les necessitats de l&#8217;interior dels habitatges, es resolen harmoniosament en els buits rectangulars dels exteriors, que contrasten amb el seu color fosc i les reixes amb el blanc de les parets.<\/p>\t\t\t\t\t\t\t\t<\/div>\n\t\t\t\t<\/div>\n\t\t\t\t<div class=\"elementor-element elementor-element-441342f elementor-widget elementor-widget-image\" data-id=\"441342f\" data-element_type=\"widget\" data-e-type=\"widget\" data-widget_type=\"image.default\">\n\t\t\t\t<div class=\"elementor-widget-container\">\n\t\t\t\t\t\t\t\t\t\t\t\t<figure class=\"wp-caption\">\n\t\t\t\t\t\t\t\t\t\t<img loading=\"lazy\" decoding=\"async\" width=\"768\" height=\"512\" src=\"https:\/\/www.elturistatranquil.com\/wp-content\/uploads\/F04-Apartamentos-La-Jabega-Conil-de-la-Frontera.jpg\" class=\"attachment-large size-large wp-image-40237\" alt=\"Apartamentos La Jabega, Conil de la Frontera\" srcset=\"https:\/\/www.elturistatranquil.com\/wp-content\/uploads\/F04-Apartamentos-La-Jabega-Conil-de-la-Frontera.jpg 768w, https:\/\/www.elturistatranquil.com\/wp-content\/uploads\/F04-Apartamentos-La-Jabega-Conil-de-la-Frontera-339x226.jpg 339w\" sizes=\"(max-width: 768px) 100vw, 768px\" \/>\t\t\t\t\t\t\t\t\t\t\t<figcaption class=\"widget-image-caption wp-caption-text\"><\/figcaption>\n\t\t\t\t\t\t\t\t\t\t<\/figure>\n\t\t\t\t\t\t\t\t\t<\/div>\n\t\t\t\t<\/div>\n\t\t\t\t<div class=\"elementor-element elementor-element-a80f9b2 elementor-widget elementor-widget-image\" data-id=\"a80f9b2\" data-element_type=\"widget\" data-e-type=\"widget\" data-widget_type=\"image.default\">\n\t\t\t\t<div class=\"elementor-widget-container\">\n\t\t\t\t\t\t\t\t\t\t\t\t<figure class=\"wp-caption\">\n\t\t\t\t\t\t\t\t\t\t<img loading=\"lazy\" decoding=\"async\" width=\"768\" height=\"512\" src=\"https:\/\/www.elturistatranquil.com\/wp-content\/uploads\/F05-Apartamentos-La-Jabega-Conil-de-la-Frontera.jpg\" class=\"attachment-large size-large wp-image-40239\" alt=\"Apartamentos La Jabega, Conil de la Frontera\" srcset=\"https:\/\/www.elturistatranquil.com\/wp-content\/uploads\/F05-Apartamentos-La-Jabega-Conil-de-la-Frontera.jpg 768w, https:\/\/www.elturistatranquil.com\/wp-content\/uploads\/F05-Apartamentos-La-Jabega-Conil-de-la-Frontera-339x226.jpg 339w\" sizes=\"(max-width: 768px) 100vw, 768px\" \/>\t\t\t\t\t\t\t\t\t\t\t<figcaption class=\"widget-image-caption wp-caption-text\"><\/figcaption>\n\t\t\t\t\t\t\t\t\t\t<\/figure>\n\t\t\t\t\t\t\t\t\t<\/div>\n\t\t\t\t<\/div>\n\t\t\t\t<div class=\"elementor-element elementor-element-3cd286a elementor-widget elementor-widget-text-editor\" data-id=\"3cd286a\" data-element_type=\"widget\" data-e-type=\"widget\" data-widget_type=\"text-editor.default\">\n\t\t\t\t<div class=\"elementor-widget-container\">\n\t\t\t\t\t\t\t\t\t<p>A difer\u00e8ncia de la casa mora, la tradici\u00f3 popular permet la visi\u00f3 de l&#8217;interior, en aquest cas enquadrada amb les formes sinuoses de la reixeria tradicional.<\/p>\t\t\t\t\t\t\t\t<\/div>\n\t\t\t\t<\/div>\n\t\t\t\t<div class=\"elementor-element elementor-element-3ad4f0a elementor-widget elementor-widget-image\" data-id=\"3ad4f0a\" data-element_type=\"widget\" data-e-type=\"widget\" data-widget_type=\"image.default\">\n\t\t\t\t<div class=\"elementor-widget-container\">\n\t\t\t\t\t\t\t\t\t\t\t\t<figure class=\"wp-caption\">\n\t\t\t\t\t\t\t\t\t\t<img loading=\"lazy\" decoding=\"async\" width=\"768\" height=\"512\" src=\"https:\/\/www.elturistatranquil.com\/wp-content\/uploads\/F06-Apartamentos-La-Jabega-Conil-de-la-Frontera.jpg\" class=\"attachment-large size-large wp-image-40241\" alt=\"Apartamentos La Jabega, Conil de la Frontera\" srcset=\"https:\/\/www.elturistatranquil.com\/wp-content\/uploads\/F06-Apartamentos-La-Jabega-Conil-de-la-Frontera.jpg 768w, https:\/\/www.elturistatranquil.com\/wp-content\/uploads\/F06-Apartamentos-La-Jabega-Conil-de-la-Frontera-339x226.jpg 339w\" sizes=\"(max-width: 768px) 100vw, 768px\" \/>\t\t\t\t\t\t\t\t\t\t\t<figcaption class=\"widget-image-caption wp-caption-text\"><\/figcaption>\n\t\t\t\t\t\t\t\t\t\t<\/figure>\n\t\t\t\t\t\t\t\t\t<\/div>\n\t\t\t\t<\/div>\n\t\t\t\t<div class=\"elementor-element elementor-element-d0f7c7d elementor-widget elementor-widget-text-editor\" data-id=\"d0f7c7d\" data-element_type=\"widget\" data-e-type=\"widget\" data-widget_type=\"text-editor.default\">\n\t\t\t\t<div class=\"elementor-widget-container\">\n\t\t\t\t\t\t\t\t\t<p>El pati, amb la seva explosi\u00f3 de llum i de color de les seves flors i cer\u00e0miques, era el centre dels accessos a les cases dels ve\u00efns, i ho continua sent als diferents apartaments.<\/p><p>Les entrades als habitatges, amb els seus arcs, escales i passadissos, igualment adaptats a les necessitats d&#8217;acc\u00e9s a cada apartament, dona com a resultat una riquesa i bellesa de formes que he intentat reflectir en aquestes imatges.<\/p>\t\t\t\t\t\t\t\t<\/div>\n\t\t\t\t<\/div>\n\t\t\t\t<div class=\"elementor-element elementor-element-f25ea83 elementor-widget elementor-widget-image\" data-id=\"f25ea83\" data-element_type=\"widget\" data-e-type=\"widget\" data-widget_type=\"image.default\">\n\t\t\t\t<div class=\"elementor-widget-container\">\n\t\t\t\t\t\t\t\t\t\t\t\t<figure class=\"wp-caption\">\n\t\t\t\t\t\t\t\t\t\t<img loading=\"lazy\" decoding=\"async\" width=\"768\" height=\"512\" src=\"https:\/\/www.elturistatranquil.com\/wp-content\/uploads\/F07-Apartamentos-La-Jabega-Conil-de-la-Frontera.jpg\" class=\"attachment-large size-large wp-image-40243\" alt=\"Apartamentos La Jabega, Conil de la Frontera\" srcset=\"https:\/\/www.elturistatranquil.com\/wp-content\/uploads\/F07-Apartamentos-La-Jabega-Conil-de-la-Frontera.jpg 768w, https:\/\/www.elturistatranquil.com\/wp-content\/uploads\/F07-Apartamentos-La-Jabega-Conil-de-la-Frontera-339x226.jpg 339w\" sizes=\"(max-width: 768px) 100vw, 768px\" \/>\t\t\t\t\t\t\t\t\t\t\t<figcaption class=\"widget-image-caption wp-caption-text\"><\/figcaption>\n\t\t\t\t\t\t\t\t\t\t<\/figure>\n\t\t\t\t\t\t\t\t\t<\/div>\n\t\t\t\t<\/div>\n\t\t\t\t<div class=\"elementor-element elementor-element-9bfa205 elementor-widget elementor-widget-image\" data-id=\"9bfa205\" data-element_type=\"widget\" data-e-type=\"widget\" data-widget_type=\"image.default\">\n\t\t\t\t<div class=\"elementor-widget-container\">\n\t\t\t\t\t\t\t\t\t\t\t\t<figure class=\"wp-caption\">\n\t\t\t\t\t\t\t\t\t\t<img loading=\"lazy\" decoding=\"async\" width=\"768\" height=\"512\" src=\"https:\/\/www.elturistatranquil.com\/wp-content\/uploads\/F08-Apartamentos-La-Jabega-Conil-de-la-Frontera.jpg\" class=\"attachment-large size-large wp-image-40245\" alt=\"Apartamentos La Jabega, Conil de la Frontera\" srcset=\"https:\/\/www.elturistatranquil.com\/wp-content\/uploads\/F08-Apartamentos-La-Jabega-Conil-de-la-Frontera.jpg 768w, https:\/\/www.elturistatranquil.com\/wp-content\/uploads\/F08-Apartamentos-La-Jabega-Conil-de-la-Frontera-339x226.jpg 339w\" sizes=\"(max-width: 768px) 100vw, 768px\" \/>\t\t\t\t\t\t\t\t\t\t\t<figcaption class=\"widget-image-caption wp-caption-text\"><\/figcaption>\n\t\t\t\t\t\t\t\t\t\t<\/figure>\n\t\t\t\t\t\t\t\t\t<\/div>\n\t\t\t\t<\/div>\n\t\t\t\t<div class=\"elementor-element elementor-element-5d26710 elementor-widget elementor-widget-image\" data-id=\"5d26710\" data-element_type=\"widget\" data-e-type=\"widget\" data-widget_type=\"image.default\">\n\t\t\t\t<div class=\"elementor-widget-container\">\n\t\t\t\t\t\t\t\t\t\t\t\t<figure class=\"wp-caption\">\n\t\t\t\t\t\t\t\t\t\t<img loading=\"lazy\" decoding=\"async\" width=\"768\" height=\"512\" src=\"https:\/\/www.elturistatranquil.com\/wp-content\/uploads\/F09-Apartamentos-La-Jabega-Conil-de-la-Frontera.jpg\" class=\"attachment-large size-large wp-image-40247\" alt=\"Apartamentos La Jabega, Conil de la Frontera\" srcset=\"https:\/\/www.elturistatranquil.com\/wp-content\/uploads\/F09-Apartamentos-La-Jabega-Conil-de-la-Frontera.jpg 768w, https:\/\/www.elturistatranquil.com\/wp-content\/uploads\/F09-Apartamentos-La-Jabega-Conil-de-la-Frontera-339x226.jpg 339w\" sizes=\"(max-width: 768px) 100vw, 768px\" \/>\t\t\t\t\t\t\t\t\t\t\t<figcaption class=\"widget-image-caption wp-caption-text\"><\/figcaption>\n\t\t\t\t\t\t\t\t\t\t<\/figure>\n\t\t\t\t\t\t\t\t\t<\/div>\n\t\t\t\t<\/div>\n\t\t\t\t<div class=\"elementor-element elementor-element-f6a2bc4 elementor-widget elementor-widget-image\" data-id=\"f6a2bc4\" data-element_type=\"widget\" data-e-type=\"widget\" data-widget_type=\"image.default\">\n\t\t\t\t<div class=\"elementor-widget-container\">\n\t\t\t\t\t\t\t\t\t\t\t\t<figure class=\"wp-caption\">\n\t\t\t\t\t\t\t\t\t\t<img loading=\"lazy\" decoding=\"async\" width=\"768\" height=\"512\" src=\"https:\/\/www.elturistatranquil.com\/wp-content\/uploads\/F11-Apartamentos-La-Jabega-Conil-de-la-Frontera.jpg\" class=\"attachment-large size-large wp-image-40249\" alt=\"Apartamentos La Jabega, Conil de la Frontera\" srcset=\"https:\/\/www.elturistatranquil.com\/wp-content\/uploads\/F11-Apartamentos-La-Jabega-Conil-de-la-Frontera.jpg 768w, https:\/\/www.elturistatranquil.com\/wp-content\/uploads\/F11-Apartamentos-La-Jabega-Conil-de-la-Frontera-339x226.jpg 339w\" sizes=\"(max-width: 768px) 100vw, 768px\" \/>\t\t\t\t\t\t\t\t\t\t\t<figcaption class=\"widget-image-caption wp-caption-text\"><\/figcaption>\n\t\t\t\t\t\t\t\t\t\t<\/figure>\n\t\t\t\t\t\t\t\t\t<\/div>\n\t\t\t\t<\/div>\n\t\t\t\t<div class=\"elementor-element elementor-element-69851ab elementor-widget elementor-widget-text-editor\" data-id=\"69851ab\" data-element_type=\"widget\" data-e-type=\"widget\" data-widget_type=\"text-editor.default\">\n\t\t\t\t<div class=\"elementor-widget-container\">\n\t\t\t\t\t\t\t\t\t<p>Presideix el pati una j\u00e1bega, la xarxa de l&#8217;art de pesca t\u00edpica de la zona, i que dona nom a l&#8217;allotjament, tancant el cercle de la tradici\u00f3.<\/p>\t\t\t\t\t\t\t\t<\/div>\n\t\t\t\t<\/div>\n\t\t\t\t<div class=\"elementor-element elementor-element-5cf5fa0 elementor-widget elementor-widget-image\" data-id=\"5cf5fa0\" data-element_type=\"widget\" data-e-type=\"widget\" data-widget_type=\"image.default\">\n\t\t\t\t<div class=\"elementor-widget-container\">\n\t\t\t\t\t\t\t\t\t\t\t\t<figure class=\"wp-caption\">\n\t\t\t\t\t\t\t\t\t\t<img loading=\"lazy\" decoding=\"async\" width=\"768\" height=\"512\" src=\"https:\/\/www.elturistatranquil.com\/wp-content\/uploads\/F12-Apartamentos-La-Jabega-Conil-de-la-Frontera.jpg\" class=\"attachment-large size-large wp-image-40251\" alt=\"Apartamentos La Jabega, Conil de la Frontera\" srcset=\"https:\/\/www.elturistatranquil.com\/wp-content\/uploads\/F12-Apartamentos-La-Jabega-Conil-de-la-Frontera.jpg 768w, https:\/\/www.elturistatranquil.com\/wp-content\/uploads\/F12-Apartamentos-La-Jabega-Conil-de-la-Frontera-339x226.jpg 339w\" sizes=\"(max-width: 768px) 100vw, 768px\" \/>\t\t\t\t\t\t\t\t\t\t\t<figcaption class=\"widget-image-caption wp-caption-text\"><\/figcaption>\n\t\t\t\t\t\t\t\t\t\t<\/figure>\n\t\t\t\t\t\t\t\t\t<\/div>\n\t\t\t\t<\/div>\n\t\t\t\t<div class=\"elementor-element elementor-element-d03e7d2 elementor-widget elementor-widget-heading\" data-id=\"d03e7d2\" data-element_type=\"widget\" data-e-type=\"widget\" data-widget_type=\"heading.default\">\n\t\t\t\t<div class=\"elementor-widget-container\">\n\t\t\t\t\t<h4 class=\"elementor-heading-title elementor-size-default\">Check in<\/h4>\t\t\t\t<\/div>\n\t\t\t\t<\/div>\n\t\t\t\t<div class=\"elementor-element elementor-element-0496d3d elementor-widget elementor-widget-text-editor\" data-id=\"0496d3d\" data-element_type=\"widget\" data-e-type=\"widget\" data-widget_type=\"text-editor.default\">\n\t\t\t\t<div class=\"elementor-widget-container\">\n\t\t\t\t\t\t\t\t\t<p>La modernitat t\u00e8cnica de les instal\u00b7lacions comporta que no hi hagi recepci\u00f3 en el sentit cl\u00e0ssic, ja que el <em>check in<\/em> i les claus d&#8217;acc\u00e9s s&#8217;han efectuat pr\u00e8viament per via Internet o WhatsApp.<\/p><p>Per fer-ho, amb antelaci\u00f3 via Internet, reps el formulari d&#8217;inscripci\u00f3. Un cop complerts els tr\u00e0mits de registre via electr\u00f2nica, rebeu una clau d&#8217;acc\u00e9s a l&#8217;edifici i a l&#8217;apartament o habitaci\u00f3.<\/p>\t\t\t\t\t\t\t\t<\/div>\n\t\t\t\t<\/div>\n\t\t\t\t<div class=\"elementor-element elementor-element-9509d1c elementor-widget elementor-widget-heading\" data-id=\"9509d1c\" data-element_type=\"widget\" data-e-type=\"widget\" data-widget_type=\"heading.default\">\n\t\t\t\t<div class=\"elementor-widget-container\">\n\t\t\t\t\t<h4 class=\"elementor-heading-title elementor-size-default\">L\u2019apartament<\/h4>\t\t\t\t<\/div>\n\t\t\t\t<\/div>\n\t\t\t\t<div class=\"elementor-element elementor-element-b9e371e elementor-widget elementor-widget-text-editor\" data-id=\"b9e371e\" data-element_type=\"widget\" data-e-type=\"widget\" data-widget_type=\"text-editor.default\">\n\t\t\t\t<div class=\"elementor-widget-container\">\n\t\t\t\t\t\t\t\t\t<p>L&#8217;apartament que mostro \u00e9s el n\u00famero 11, per a dues persones, situat a la primera planta.<\/p>\t\t\t\t\t\t\t\t<\/div>\n\t\t\t\t<\/div>\n\t\t\t\t<div class=\"elementor-element elementor-element-53ef31a elementor-widget elementor-widget-image\" data-id=\"53ef31a\" data-element_type=\"widget\" data-e-type=\"widget\" data-widget_type=\"image.default\">\n\t\t\t\t<div class=\"elementor-widget-container\">\n\t\t\t\t\t\t\t\t\t\t\t\t<figure class=\"wp-caption\">\n\t\t\t\t\t\t\t\t\t\t<img loading=\"lazy\" decoding=\"async\" width=\"768\" height=\"512\" src=\"https:\/\/www.elturistatranquil.com\/wp-content\/uploads\/F13-Apartamentos-La-Jabega-Conil-de-la-Frontera.jpg\" class=\"attachment-large size-large wp-image-40253\" alt=\"Apartamentos La Jabega, Conil de la Frontera\" srcset=\"https:\/\/www.elturistatranquil.com\/wp-content\/uploads\/F13-Apartamentos-La-Jabega-Conil-de-la-Frontera.jpg 768w, https:\/\/www.elturistatranquil.com\/wp-content\/uploads\/F13-Apartamentos-La-Jabega-Conil-de-la-Frontera-339x226.jpg 339w\" sizes=\"(max-width: 768px) 100vw, 768px\" \/>\t\t\t\t\t\t\t\t\t\t\t<figcaption class=\"widget-image-caption wp-caption-text\"><\/figcaption>\n\t\t\t\t\t\t\t\t\t\t<\/figure>\n\t\t\t\t\t\t\t\t\t<\/div>\n\t\t\t\t<\/div>\n\t\t\t\t<div class=\"elementor-element elementor-element-f0d97f0 elementor-widget elementor-widget-image\" data-id=\"f0d97f0\" data-element_type=\"widget\" data-e-type=\"widget\" data-widget_type=\"image.default\">\n\t\t\t\t<div class=\"elementor-widget-container\">\n\t\t\t\t\t\t\t\t\t\t\t\t<figure class=\"wp-caption\">\n\t\t\t\t\t\t\t\t\t\t<img loading=\"lazy\" decoding=\"async\" width=\"768\" height=\"512\" src=\"https:\/\/www.elturistatranquil.com\/wp-content\/uploads\/F14-Apartamentos-La-Jabega-Conil-de-la-Frontera.jpg\" class=\"attachment-large size-large wp-image-40255\" alt=\"Apartamentos La Jabega, Conil de la Frontera\" srcset=\"https:\/\/www.elturistatranquil.com\/wp-content\/uploads\/F14-Apartamentos-La-Jabega-Conil-de-la-Frontera.jpg 768w, https:\/\/www.elturistatranquil.com\/wp-content\/uploads\/F14-Apartamentos-La-Jabega-Conil-de-la-Frontera-339x226.jpg 339w\" sizes=\"(max-width: 768px) 100vw, 768px\" \/>\t\t\t\t\t\t\t\t\t\t\t<figcaption class=\"widget-image-caption wp-caption-text\"><\/figcaption>\n\t\t\t\t\t\t\t\t\t\t<\/figure>\n\t\t\t\t\t\t\t\t\t<\/div>\n\t\t\t\t<\/div>\n\t\t\t\t<div class=\"elementor-element elementor-element-01bd3a1 elementor-widget elementor-widget-image\" data-id=\"01bd3a1\" data-element_type=\"widget\" data-e-type=\"widget\" data-widget_type=\"image.default\">\n\t\t\t\t<div class=\"elementor-widget-container\">\n\t\t\t\t\t\t\t\t\t\t\t\t<figure class=\"wp-caption\">\n\t\t\t\t\t\t\t\t\t\t<img loading=\"lazy\" decoding=\"async\" width=\"768\" height=\"512\" src=\"https:\/\/www.elturistatranquil.com\/wp-content\/uploads\/F15-Apartamentos-La-Jabega-Conil-de-la-Frontera.jpg\" class=\"attachment-large size-large wp-image-40257\" alt=\"Apartamentos La Jabega, Conil de la Frontera\" srcset=\"https:\/\/www.elturistatranquil.com\/wp-content\/uploads\/F15-Apartamentos-La-Jabega-Conil-de-la-Frontera.jpg 768w, https:\/\/www.elturistatranquil.com\/wp-content\/uploads\/F15-Apartamentos-La-Jabega-Conil-de-la-Frontera-339x226.jpg 339w\" sizes=\"(max-width: 768px) 100vw, 768px\" \/>\t\t\t\t\t\t\t\t\t\t\t<figcaption class=\"widget-image-caption wp-caption-text\"><\/figcaption>\n\t\t\t\t\t\t\t\t\t\t<\/figure>\n\t\t\t\t\t\t\t\t\t<\/div>\n\t\t\t\t<\/div>\n\t\t\t\t<div class=\"elementor-element elementor-element-b3cdb44 elementor-widget elementor-widget-text-editor\" data-id=\"b3cdb44\" data-element_type=\"widget\" data-e-type=\"widget\" data-widget_type=\"text-editor.default\">\n\t\t\t\t<div class=\"elementor-widget-container\">\n\t\t\t\t\t\t\t\t\t<p>Els apartaments estan formats per una sala estar-menjador-cuina-bugaderia, cambra de bany i el dormitori.<\/p><p>La decoraci\u00f3 interior aporta sabor popular amb autenticitat al mobiliari i a l&#8217;ambient que s&#8217;ha creat. Les parets mantenint la rusticitat original, el terra cer\u00e0mic, el sostre de fusta i les cortines aporten el car\u00e0cter popular del conjunt.<\/p>\t\t\t\t\t\t\t\t<\/div>\n\t\t\t\t<\/div>\n\t\t\t\t<div class=\"elementor-element elementor-element-74f929c elementor-widget elementor-widget-image\" data-id=\"74f929c\" data-element_type=\"widget\" data-e-type=\"widget\" data-widget_type=\"image.default\">\n\t\t\t\t<div class=\"elementor-widget-container\">\n\t\t\t\t\t\t\t\t\t\t\t\t<figure class=\"wp-caption\">\n\t\t\t\t\t\t\t\t\t\t<img loading=\"lazy\" decoding=\"async\" width=\"768\" height=\"512\" src=\"https:\/\/www.elturistatranquil.com\/wp-content\/uploads\/F16-Apartamentos-La-Jabega-Conil-de-la-Frontera.jpg\" class=\"attachment-large size-large wp-image-40259\" alt=\"Apartamentos La Jabega, Conil de la Frontera\" srcset=\"https:\/\/www.elturistatranquil.com\/wp-content\/uploads\/F16-Apartamentos-La-Jabega-Conil-de-la-Frontera.jpg 768w, https:\/\/www.elturistatranquil.com\/wp-content\/uploads\/F16-Apartamentos-La-Jabega-Conil-de-la-Frontera-339x226.jpg 339w\" sizes=\"(max-width: 768px) 100vw, 768px\" \/>\t\t\t\t\t\t\t\t\t\t\t<figcaption class=\"widget-image-caption wp-caption-text\"><\/figcaption>\n\t\t\t\t\t\t\t\t\t\t<\/figure>\n\t\t\t\t\t\t\t\t\t<\/div>\n\t\t\t\t<\/div>\n\t\t\t\t<div class=\"elementor-element elementor-element-b733882 elementor-widget elementor-widget-image\" data-id=\"b733882\" data-element_type=\"widget\" data-e-type=\"widget\" data-widget_type=\"image.default\">\n\t\t\t\t<div class=\"elementor-widget-container\">\n\t\t\t\t\t\t\t\t\t\t\t\t<figure class=\"wp-caption\">\n\t\t\t\t\t\t\t\t\t\t<img loading=\"lazy\" decoding=\"async\" width=\"768\" height=\"512\" src=\"https:\/\/www.elturistatranquil.com\/wp-content\/uploads\/F17-Apartamentos-La-Jabega-Conil-de-la-Frontera.jpg\" class=\"attachment-large size-large wp-image-40261\" alt=\"Apartamentos La Jabega, Conil de la Frontera\" srcset=\"https:\/\/www.elturistatranquil.com\/wp-content\/uploads\/F17-Apartamentos-La-Jabega-Conil-de-la-Frontera.jpg 768w, https:\/\/www.elturistatranquil.com\/wp-content\/uploads\/F17-Apartamentos-La-Jabega-Conil-de-la-Frontera-339x226.jpg 339w\" sizes=\"(max-width: 768px) 100vw, 768px\" \/>\t\t\t\t\t\t\t\t\t\t\t<figcaption class=\"widget-image-caption wp-caption-text\"><\/figcaption>\n\t\t\t\t\t\t\t\t\t\t<\/figure>\n\t\t\t\t\t\t\t\t\t<\/div>\n\t\t\t\t<\/div>\n\t\t\t\t<div class=\"elementor-element elementor-element-c1fbb7e elementor-widget elementor-widget-image\" data-id=\"c1fbb7e\" data-element_type=\"widget\" data-e-type=\"widget\" data-widget_type=\"image.default\">\n\t\t\t\t<div class=\"elementor-widget-container\">\n\t\t\t\t\t\t\t\t\t\t\t\t<figure class=\"wp-caption\">\n\t\t\t\t\t\t\t\t\t\t<img loading=\"lazy\" decoding=\"async\" width=\"768\" height=\"512\" src=\"https:\/\/www.elturistatranquil.com\/wp-content\/uploads\/F18-Apartamentos-La-Jabega-Conil-de-la-Frontera.jpg\" class=\"attachment-large size-large wp-image-40263\" alt=\"Apartamentos La Jabega, Conil de la Frontera\" srcset=\"https:\/\/www.elturistatranquil.com\/wp-content\/uploads\/F18-Apartamentos-La-Jabega-Conil-de-la-Frontera.jpg 768w, https:\/\/www.elturistatranquil.com\/wp-content\/uploads\/F18-Apartamentos-La-Jabega-Conil-de-la-Frontera-339x226.jpg 339w\" sizes=\"(max-width: 768px) 100vw, 768px\" \/>\t\t\t\t\t\t\t\t\t\t\t<figcaption class=\"widget-image-caption wp-caption-text\"><\/figcaption>\n\t\t\t\t\t\t\t\t\t\t<\/figure>\n\t\t\t\t\t\t\t\t\t<\/div>\n\t\t\t\t<\/div>\n\t\t\t\t<div class=\"elementor-element elementor-element-1f0c34f elementor-widget elementor-widget-image\" data-id=\"1f0c34f\" data-element_type=\"widget\" data-e-type=\"widget\" data-widget_type=\"image.default\">\n\t\t\t\t<div class=\"elementor-widget-container\">\n\t\t\t\t\t\t\t\t\t\t\t\t<figure class=\"wp-caption\">\n\t\t\t\t\t\t\t\t\t\t<img loading=\"lazy\" decoding=\"async\" width=\"768\" height=\"512\" src=\"https:\/\/www.elturistatranquil.com\/wp-content\/uploads\/F19-Apartamentos-La-Jabega-Conil-de-la-Frontera.jpg\" class=\"attachment-large size-large wp-image-40265\" alt=\"Apartamentos La Jabega, Conil de la Frontera\" srcset=\"https:\/\/www.elturistatranquil.com\/wp-content\/uploads\/F19-Apartamentos-La-Jabega-Conil-de-la-Frontera.jpg 768w, https:\/\/www.elturistatranquil.com\/wp-content\/uploads\/F19-Apartamentos-La-Jabega-Conil-de-la-Frontera-339x226.jpg 339w\" sizes=\"(max-width: 768px) 100vw, 768px\" \/>\t\t\t\t\t\t\t\t\t\t\t<figcaption class=\"widget-image-caption wp-caption-text\"><\/figcaption>\n\t\t\t\t\t\t\t\t\t\t<\/figure>\n\t\t\t\t\t\t\t\t\t<\/div>\n\t\t\t\t<\/div>\n\t\t\t\t<div class=\"elementor-element elementor-element-5a3c654 elementor-widget elementor-widget-image\" data-id=\"5a3c654\" data-element_type=\"widget\" data-e-type=\"widget\" data-widget_type=\"image.default\">\n\t\t\t\t<div class=\"elementor-widget-container\">\n\t\t\t\t\t\t\t\t\t\t\t\t<figure class=\"wp-caption\">\n\t\t\t\t\t\t\t\t\t\t<img loading=\"lazy\" decoding=\"async\" width=\"768\" height=\"512\" src=\"https:\/\/www.elturistatranquil.com\/wp-content\/uploads\/F20-Apartamentos-La-Jabega-Conil-de-la-Frontera.jpg\" class=\"attachment-large size-large wp-image-40267\" alt=\"Apartamentos La Jabega, Conil de la Frontera\" srcset=\"https:\/\/www.elturistatranquil.com\/wp-content\/uploads\/F20-Apartamentos-La-Jabega-Conil-de-la-Frontera.jpg 768w, https:\/\/www.elturistatranquil.com\/wp-content\/uploads\/F20-Apartamentos-La-Jabega-Conil-de-la-Frontera-339x226.jpg 339w\" sizes=\"(max-width: 768px) 100vw, 768px\" \/>\t\t\t\t\t\t\t\t\t\t\t<figcaption class=\"widget-image-caption wp-caption-text\"><\/figcaption>\n\t\t\t\t\t\t\t\t\t\t<\/figure>\n\t\t\t\t\t\t\t\t\t<\/div>\n\t\t\t\t<\/div>\n\t\t\t\t<div class=\"elementor-element elementor-element-7f8c0ac elementor-widget elementor-widget-image\" data-id=\"7f8c0ac\" data-element_type=\"widget\" data-e-type=\"widget\" data-widget_type=\"image.default\">\n\t\t\t\t<div class=\"elementor-widget-container\">\n\t\t\t\t\t\t\t\t\t\t\t\t<figure class=\"wp-caption\">\n\t\t\t\t\t\t\t\t\t\t<img loading=\"lazy\" decoding=\"async\" width=\"768\" height=\"512\" src=\"https:\/\/www.elturistatranquil.com\/wp-content\/uploads\/F21-Apartamentos-La-Jabega-Conil-de-la-Frontera.jpg\" class=\"attachment-large size-large wp-image-40269\" alt=\"Apartamentos La Jabega, Conil de la Frontera\" srcset=\"https:\/\/www.elturistatranquil.com\/wp-content\/uploads\/F21-Apartamentos-La-Jabega-Conil-de-la-Frontera.jpg 768w, https:\/\/www.elturistatranquil.com\/wp-content\/uploads\/F21-Apartamentos-La-Jabega-Conil-de-la-Frontera-339x226.jpg 339w\" sizes=\"(max-width: 768px) 100vw, 768px\" \/>\t\t\t\t\t\t\t\t\t\t\t<figcaption class=\"widget-image-caption wp-caption-text\"><\/figcaption>\n\t\t\t\t\t\t\t\t\t\t<\/figure>\n\t\t\t\t\t\t\t\t\t<\/div>\n\t\t\t\t<\/div>\n\t\t\t\t<div class=\"elementor-element elementor-element-7c2ac85 elementor-widget elementor-widget-image\" data-id=\"7c2ac85\" data-element_type=\"widget\" data-e-type=\"widget\" data-widget_type=\"image.default\">\n\t\t\t\t<div class=\"elementor-widget-container\">\n\t\t\t\t\t\t\t\t\t\t\t\t<figure class=\"wp-caption\">\n\t\t\t\t\t\t\t\t\t\t<img loading=\"lazy\" decoding=\"async\" width=\"768\" height=\"512\" src=\"https:\/\/www.elturistatranquil.com\/wp-content\/uploads\/F22-Apartamentos-La-Jabega-Conil-de-la-Frontera.jpg\" class=\"attachment-large size-large wp-image-40271\" alt=\"Apartamentos La Jabega, Conil de la Frontera\" srcset=\"https:\/\/www.elturistatranquil.com\/wp-content\/uploads\/F22-Apartamentos-La-Jabega-Conil-de-la-Frontera.jpg 768w, https:\/\/www.elturistatranquil.com\/wp-content\/uploads\/F22-Apartamentos-La-Jabega-Conil-de-la-Frontera-339x226.jpg 339w\" sizes=\"(max-width: 768px) 100vw, 768px\" \/>\t\t\t\t\t\t\t\t\t\t\t<figcaption class=\"widget-image-caption wp-caption-text\"><\/figcaption>\n\t\t\t\t\t\t\t\t\t\t<\/figure>\n\t\t\t\t\t\t\t\t\t<\/div>\n\t\t\t\t<\/div>\n\t\t\t\t<div class=\"elementor-element elementor-element-b23ae6a elementor-widget elementor-widget-image\" data-id=\"b23ae6a\" data-element_type=\"widget\" data-e-type=\"widget\" data-widget_type=\"image.default\">\n\t\t\t\t<div class=\"elementor-widget-container\">\n\t\t\t\t\t\t\t\t\t\t\t\t<figure class=\"wp-caption\">\n\t\t\t\t\t\t\t\t\t\t<img loading=\"lazy\" decoding=\"async\" width=\"768\" height=\"511\" src=\"https:\/\/www.elturistatranquil.com\/wp-content\/uploads\/F23-Apartamentos-La-Jabega-Conil-de-la-Frontera.jpg\" class=\"attachment-large size-large wp-image-40273\" alt=\"Apartamentos La Jabega, Conil de la Frontera\" srcset=\"https:\/\/www.elturistatranquil.com\/wp-content\/uploads\/F23-Apartamentos-La-Jabega-Conil-de-la-Frontera.jpg 768w, https:\/\/www.elturistatranquil.com\/wp-content\/uploads\/F23-Apartamentos-La-Jabega-Conil-de-la-Frontera-339x226.jpg 339w\" sizes=\"(max-width: 768px) 100vw, 768px\" \/>\t\t\t\t\t\t\t\t\t\t\t<figcaption class=\"widget-image-caption wp-caption-text\"><\/figcaption>\n\t\t\t\t\t\t\t\t\t\t<\/figure>\n\t\t\t\t\t\t\t\t\t<\/div>\n\t\t\t\t<\/div>\n\t\t\t\t<div class=\"elementor-element elementor-element-043450a elementor-widget elementor-widget-text-editor\" data-id=\"043450a\" data-element_type=\"widget\" data-e-type=\"widget\" data-widget_type=\"text-editor.default\">\n\t\t\t\t<div class=\"elementor-widget-container\">\n\t\t\t\t\t\t\t\t\t<p>La tradici\u00f3 no est\u00e0 renyida amb el toc de modernitat que aporta al cap\u00e7al del llit.<\/p>\t\t\t\t\t\t\t\t<\/div>\n\t\t\t\t<\/div>\n\t\t\t\t<div class=\"elementor-element elementor-element-085eb02 elementor-widget elementor-widget-image\" data-id=\"085eb02\" data-element_type=\"widget\" data-e-type=\"widget\" data-widget_type=\"image.default\">\n\t\t\t\t<div class=\"elementor-widget-container\">\n\t\t\t\t\t\t\t\t\t\t\t\t<figure class=\"wp-caption\">\n\t\t\t\t\t\t\t\t\t\t<img loading=\"lazy\" decoding=\"async\" width=\"768\" height=\"512\" src=\"https:\/\/www.elturistatranquil.com\/wp-content\/uploads\/F24-Apartamentos-La-Jabega-Conil-de-la-Frontera.jpg\" class=\"attachment-large size-large wp-image-40275\" alt=\"Apartamentos La Jabega, Conil de la Frontera\" srcset=\"https:\/\/www.elturistatranquil.com\/wp-content\/uploads\/F24-Apartamentos-La-Jabega-Conil-de-la-Frontera.jpg 768w, https:\/\/www.elturistatranquil.com\/wp-content\/uploads\/F24-Apartamentos-La-Jabega-Conil-de-la-Frontera-339x226.jpg 339w\" sizes=\"(max-width: 768px) 100vw, 768px\" \/>\t\t\t\t\t\t\t\t\t\t\t<figcaption class=\"widget-image-caption wp-caption-text\"><\/figcaption>\n\t\t\t\t\t\t\t\t\t\t<\/figure>\n\t\t\t\t\t\t\t\t\t<\/div>\n\t\t\t\t<\/div>\n\t\t\t\t<div class=\"elementor-element elementor-element-c15641e elementor-widget elementor-widget-text-editor\" data-id=\"c15641e\" data-element_type=\"widget\" data-e-type=\"widget\" data-widget_type=\"text-editor.default\">\n\t\t\t\t<div class=\"elementor-widget-container\">\n\t\t\t\t\t\t\t\t\t<p>L\u00b4apartament n\u00fam. 11 s\u00b4obre sobre el carrer.<\/p>\t\t\t\t\t\t\t\t<\/div>\n\t\t\t\t<\/div>\n\t\t\t\t<div class=\"elementor-element elementor-element-4ffe9f5 elementor-widget elementor-widget-image\" data-id=\"4ffe9f5\" data-element_type=\"widget\" data-e-type=\"widget\" data-widget_type=\"image.default\">\n\t\t\t\t<div class=\"elementor-widget-container\">\n\t\t\t\t\t\t\t\t\t\t\t\t<figure class=\"wp-caption\">\n\t\t\t\t\t\t\t\t\t\t<img loading=\"lazy\" decoding=\"async\" width=\"768\" height=\"512\" src=\"https:\/\/www.elturistatranquil.com\/wp-content\/uploads\/F25-Apartamentos-La-Jabega-Conil-de-la-Frontera.jpg\" class=\"attachment-large size-large wp-image-40277\" alt=\"Apartamentos La Jabega, Conil de la Frontera\" srcset=\"https:\/\/www.elturistatranquil.com\/wp-content\/uploads\/F25-Apartamentos-La-Jabega-Conil-de-la-Frontera.jpg 768w, https:\/\/www.elturistatranquil.com\/wp-content\/uploads\/F25-Apartamentos-La-Jabega-Conil-de-la-Frontera-339x226.jpg 339w\" sizes=\"(max-width: 768px) 100vw, 768px\" \/>\t\t\t\t\t\t\t\t\t\t\t<figcaption class=\"widget-image-caption wp-caption-text\"><\/figcaption>\n\t\t\t\t\t\t\t\t\t\t<\/figure>\n\t\t\t\t\t\t\t\t\t<\/div>\n\t\t\t\t<\/div>\n\t\t\t\t<div class=\"elementor-element elementor-element-5aa0e70 elementor-widget elementor-widget-text-editor\" data-id=\"5aa0e70\" data-element_type=\"widget\" data-e-type=\"widget\" data-widget_type=\"text-editor.default\">\n\t\t\t\t<div class=\"elementor-widget-container\">\n\t\t\t\t\t\t\t\t\t<p>Aqu\u00ed tenim alguns dels detalls de calidesa que aporten els mobles i els elements decoratius.<\/p>\t\t\t\t\t\t\t\t<\/div>\n\t\t\t\t<\/div>\n\t\t\t\t<section class=\"elementor-section elementor-inner-section elementor-element elementor-element-a7be789 elementor-section-boxed elementor-section-height-default elementor-section-height-default\" data-id=\"a7be789\" data-element_type=\"section\" data-e-type=\"section\">\n\t\t\t\t\t\t<div class=\"elementor-container elementor-column-gap-default\">\n\t\t\t\t\t<div class=\"elementor-column elementor-col-50 elementor-inner-column elementor-element elementor-element-1ce8081\" data-id=\"1ce8081\" data-element_type=\"column\" data-e-type=\"column\">\n\t\t\t<div class=\"elementor-widget-wrap elementor-element-populated\">\n\t\t\t\t\t\t<div class=\"elementor-element elementor-element-fed8385 elementor-widget elementor-widget-image\" data-id=\"fed8385\" data-element_type=\"widget\" data-e-type=\"widget\" data-widget_type=\"image.default\">\n\t\t\t\t<div class=\"elementor-widget-container\">\n\t\t\t\t\t\t\t\t\t\t\t\t\t\t\t<img loading=\"lazy\" decoding=\"async\" width=\"380\" height=\"380\" src=\"https:\/\/www.elturistatranquil.com\/wp-content\/uploads\/F26m-Apartamentos-La-Jabega-Conil-de-la-Frontera.jpg\" class=\"attachment-large size-large wp-image-40286\" alt=\"Apartamentos La Jabega, Conil de la Frontera\" srcset=\"https:\/\/www.elturistatranquil.com\/wp-content\/uploads\/F26m-Apartamentos-La-Jabega-Conil-de-la-Frontera.jpg 380w, https:\/\/www.elturistatranquil.com\/wp-content\/uploads\/F26m-Apartamentos-La-Jabega-Conil-de-la-Frontera-226x226.jpg 226w\" sizes=\"(max-width: 380px) 100vw, 380px\" \/>\t\t\t\t\t\t\t\t\t\t\t\t\t\t\t<\/div>\n\t\t\t\t<\/div>\n\t\t\t\t\t<\/div>\n\t\t<\/div>\n\t\t\t\t<div class=\"elementor-column elementor-col-50 elementor-inner-column elementor-element elementor-element-6a629ba\" data-id=\"6a629ba\" data-element_type=\"column\" data-e-type=\"column\">\n\t\t\t<div class=\"elementor-widget-wrap elementor-element-populated\">\n\t\t\t\t\t\t<div class=\"elementor-element elementor-element-90fece8 elementor-widget elementor-widget-image\" data-id=\"90fece8\" data-element_type=\"widget\" data-e-type=\"widget\" data-widget_type=\"image.default\">\n\t\t\t\t<div class=\"elementor-widget-container\">\n\t\t\t\t\t\t\t\t\t\t\t\t\t\t\t<img loading=\"lazy\" decoding=\"async\" width=\"380\" height=\"380\" src=\"https:\/\/www.elturistatranquil.com\/wp-content\/uploads\/F26n-Apartamentos-La-Jabega-Conil-de-la-Frontera.jpg\" class=\"attachment-large size-large wp-image-40288\" alt=\"Apartamentos La Jabega, Conil de la Frontera\" srcset=\"https:\/\/www.elturistatranquil.com\/wp-content\/uploads\/F26n-Apartamentos-La-Jabega-Conil-de-la-Frontera.jpg 380w, https:\/\/www.elturistatranquil.com\/wp-content\/uploads\/F26n-Apartamentos-La-Jabega-Conil-de-la-Frontera-226x226.jpg 226w\" sizes=\"(max-width: 380px) 100vw, 380px\" \/>\t\t\t\t\t\t\t\t\t\t\t\t\t\t\t<\/div>\n\t\t\t\t<\/div>\n\t\t\t\t\t<\/div>\n\t\t<\/div>\n\t\t\t\t\t<\/div>\n\t\t<\/section>\n\t\t\t\t<section class=\"elementor-section elementor-inner-section elementor-element elementor-element-8da967e elementor-section-boxed elementor-section-height-default elementor-section-height-default\" data-id=\"8da967e\" data-element_type=\"section\" data-e-type=\"section\">\n\t\t\t\t\t\t<div class=\"elementor-container elementor-column-gap-default\">\n\t\t\t\t\t<div class=\"elementor-column elementor-col-50 elementor-inner-column elementor-element elementor-element-f31fc52\" data-id=\"f31fc52\" data-element_type=\"column\" data-e-type=\"column\">\n\t\t\t<div class=\"elementor-widget-wrap elementor-element-populated\">\n\t\t\t\t\t\t<div class=\"elementor-element elementor-element-7bbd880 elementor-widget elementor-widget-image\" data-id=\"7bbd880\" data-element_type=\"widget\" data-e-type=\"widget\" data-widget_type=\"image.default\">\n\t\t\t\t<div class=\"elementor-widget-container\">\n\t\t\t\t\t\t\t\t\t\t\t\t\t\t\t<img loading=\"lazy\" decoding=\"async\" width=\"380\" height=\"380\" src=\"https:\/\/www.elturistatranquil.com\/wp-content\/uploads\/F26o-Apartamentos-La-Jabega-Conil-de-la-Frontera.jpg\" class=\"attachment-large size-large wp-image-40290\" alt=\"Apartamentos La Jabega, Conil de la Frontera\" srcset=\"https:\/\/www.elturistatranquil.com\/wp-content\/uploads\/F26o-Apartamentos-La-Jabega-Conil-de-la-Frontera.jpg 380w, https:\/\/www.elturistatranquil.com\/wp-content\/uploads\/F26o-Apartamentos-La-Jabega-Conil-de-la-Frontera-226x226.jpg 226w\" sizes=\"(max-width: 380px) 100vw, 380px\" \/>\t\t\t\t\t\t\t\t\t\t\t\t\t\t\t<\/div>\n\t\t\t\t<\/div>\n\t\t\t\t\t<\/div>\n\t\t<\/div>\n\t\t\t\t<div class=\"elementor-column elementor-col-50 elementor-inner-column elementor-element elementor-element-5058dfb\" data-id=\"5058dfb\" data-element_type=\"column\" data-e-type=\"column\">\n\t\t\t<div class=\"elementor-widget-wrap elementor-element-populated\">\n\t\t\t\t\t\t<div class=\"elementor-element elementor-element-ef2f0d8 elementor-widget elementor-widget-image\" data-id=\"ef2f0d8\" data-element_type=\"widget\" data-e-type=\"widget\" data-widget_type=\"image.default\">\n\t\t\t\t<div class=\"elementor-widget-container\">\n\t\t\t\t\t\t\t\t\t\t\t\t\t\t\t<img loading=\"lazy\" decoding=\"async\" width=\"380\" height=\"380\" src=\"https:\/\/www.elturistatranquil.com\/wp-content\/uploads\/F26p-Apartamentos-La-Jabega-Conil-de-la-Frontera.jpg\" class=\"attachment-large size-large wp-image-40292\" alt=\"Apartamentos La Jabega, Conil de la Frontera\" srcset=\"https:\/\/www.elturistatranquil.com\/wp-content\/uploads\/F26p-Apartamentos-La-Jabega-Conil-de-la-Frontera.jpg 380w, https:\/\/www.elturistatranquil.com\/wp-content\/uploads\/F26p-Apartamentos-La-Jabega-Conil-de-la-Frontera-226x226.jpg 226w\" sizes=\"(max-width: 380px) 100vw, 380px\" \/>\t\t\t\t\t\t\t\t\t\t\t\t\t\t\t<\/div>\n\t\t\t\t<\/div>\n\t\t\t\t\t<\/div>\n\t\t<\/div>\n\t\t\t\t\t<\/div>\n\t\t<\/section>\n\t\t\t\t<div class=\"elementor-element elementor-element-a0bd06a elementor-widget elementor-widget-text-editor\" data-id=\"a0bd06a\" data-element_type=\"widget\" data-e-type=\"widget\" data-widget_type=\"text-editor.default\">\n\t\t\t\t<div class=\"elementor-widget-container\">\n\t\t\t\t\t\t\t\t\t<p>\u00a0<\/p><p>En un dia assolellat, sortir de l&#8217;apartament \u00e9s entrar a un m\u00f3n d&#8217;euf\u00f2ria visual.<\/p>\t\t\t\t\t\t\t\t<\/div>\n\t\t\t\t<\/div>\n\t\t\t\t<div class=\"elementor-element elementor-element-c8b6dee elementor-widget elementor-widget-image\" data-id=\"c8b6dee\" data-element_type=\"widget\" data-e-type=\"widget\" data-widget_type=\"image.default\">\n\t\t\t\t<div class=\"elementor-widget-container\">\n\t\t\t\t\t\t\t\t\t\t\t\t<figure class=\"wp-caption\">\n\t\t\t\t\t\t\t\t\t\t<img loading=\"lazy\" decoding=\"async\" width=\"768\" height=\"512\" src=\"https:\/\/www.elturistatranquil.com\/wp-content\/uploads\/F27-Apartamentos-La-Jabega-Conil-de-la-Frontera.jpg\" class=\"attachment-large size-large wp-image-40294\" alt=\"Apartamentos La Jabega, Conil de la Frontera\" srcset=\"https:\/\/www.elturistatranquil.com\/wp-content\/uploads\/F27-Apartamentos-La-Jabega-Conil-de-la-Frontera.jpg 768w, https:\/\/www.elturistatranquil.com\/wp-content\/uploads\/F27-Apartamentos-La-Jabega-Conil-de-la-Frontera-339x226.jpg 339w\" sizes=\"(max-width: 768px) 100vw, 768px\" \/>\t\t\t\t\t\t\t\t\t\t\t<figcaption class=\"widget-image-caption wp-caption-text\"><\/figcaption>\n\t\t\t\t\t\t\t\t\t\t<\/figure>\n\t\t\t\t\t\t\t\t\t<\/div>\n\t\t\t\t<\/div>\n\t\t\t\t<div class=\"elementor-element elementor-element-400145c elementor-widget elementor-widget-image\" data-id=\"400145c\" data-element_type=\"widget\" data-e-type=\"widget\" data-widget_type=\"image.default\">\n\t\t\t\t<div class=\"elementor-widget-container\">\n\t\t\t\t\t\t\t\t\t\t\t\t<figure class=\"wp-caption\">\n\t\t\t\t\t\t\t\t\t\t<img loading=\"lazy\" decoding=\"async\" width=\"768\" height=\"512\" src=\"https:\/\/www.elturistatranquil.com\/wp-content\/uploads\/F28-Apartamentos-La-Jabega-Conil-de-la-Frontera.jpg\" class=\"attachment-large size-large wp-image-40296\" alt=\"Apartamentos La Jabega, Conil de la Frontera\" srcset=\"https:\/\/www.elturistatranquil.com\/wp-content\/uploads\/F28-Apartamentos-La-Jabega-Conil-de-la-Frontera.jpg 768w, https:\/\/www.elturistatranquil.com\/wp-content\/uploads\/F28-Apartamentos-La-Jabega-Conil-de-la-Frontera-339x226.jpg 339w\" sizes=\"(max-width: 768px) 100vw, 768px\" \/>\t\t\t\t\t\t\t\t\t\t\t<figcaption class=\"widget-image-caption wp-caption-text\"><\/figcaption>\n\t\t\t\t\t\t\t\t\t\t<\/figure>\n\t\t\t\t\t\t\t\t\t<\/div>\n\t\t\t\t<\/div>\n\t\t\t\t<div class=\"elementor-element elementor-element-287757e elementor-widget elementor-widget-text-editor\" data-id=\"287757e\" data-element_type=\"widget\" data-e-type=\"widget\" data-widget_type=\"text-editor.default\">\n\t\t\t\t<div class=\"elementor-widget-container\">\n\t\t\t\t\t\t\t\t\t<p>No podia faltar al <em>Post<\/em> el detall de la vista de l&#8217;apartament des de l&#8217;exterior, en aquest cas amb els balcons i finestres.<\/p>\t\t\t\t\t\t\t\t<\/div>\n\t\t\t\t<\/div>\n\t\t\t\t<div class=\"elementor-element elementor-element-a719d6c elementor-widget elementor-widget-image\" data-id=\"a719d6c\" data-element_type=\"widget\" data-e-type=\"widget\" data-widget_type=\"image.default\">\n\t\t\t\t<div class=\"elementor-widget-container\">\n\t\t\t\t\t\t\t\t\t\t\t\t<figure class=\"wp-caption\">\n\t\t\t\t\t\t\t\t\t\t<img loading=\"lazy\" decoding=\"async\" width=\"768\" height=\"511\" src=\"https:\/\/www.elturistatranquil.com\/wp-content\/uploads\/F29-Apartamentos-La-Jabega-Conil-de-la-Frontera.jpg\" class=\"attachment-large size-large wp-image-40298\" alt=\"Apartamentos La Jabega, Conil de la Frontera\" srcset=\"https:\/\/www.elturistatranquil.com\/wp-content\/uploads\/F29-Apartamentos-La-Jabega-Conil-de-la-Frontera.jpg 768w, https:\/\/www.elturistatranquil.com\/wp-content\/uploads\/F29-Apartamentos-La-Jabega-Conil-de-la-Frontera-339x226.jpg 339w\" sizes=\"(max-width: 768px) 100vw, 768px\" \/>\t\t\t\t\t\t\t\t\t\t\t<figcaption class=\"widget-image-caption wp-caption-text\"><\/figcaption>\n\t\t\t\t\t\t\t\t\t\t<\/figure>\n\t\t\t\t\t\t\t\t\t<\/div>\n\t\t\t\t<\/div>\n\t\t\t\t<div class=\"elementor-element elementor-element-e40dc89 elementor-widget elementor-widget-heading\" data-id=\"e40dc89\" data-element_type=\"widget\" data-e-type=\"widget\" data-widget_type=\"heading.default\">\n\t\t\t\t<div class=\"elementor-widget-container\">\n\t\t\t\t\t<h4 class=\"elementor-heading-title elementor-size-default\">L'esmorzar<\/h4>\t\t\t\t<\/div>\n\t\t\t\t<\/div>\n\t\t\t\t<div class=\"elementor-element elementor-element-8a8e289 elementor-widget elementor-widget-text-editor\" data-id=\"8a8e289\" data-element_type=\"widget\" data-e-type=\"widget\" data-widget_type=\"text-editor.default\">\n\t\t\t\t<div class=\"elementor-widget-container\">\n\t\t\t\t\t\t\t\t\t<p>L&#8217;esmorzar s&#8217;ofereix a l&#8217;\u00e0mpli terrat, amb vistes sobre els terrats de Conil i el mar, amb un esmorzar personalitzat.<\/p><p>En aquest punt pots establir relaci\u00f3 amb la Miriam o alguna dels membres del seu equip, comentar els teus projectes per al dia i demanar consell. \u00c9s de vital import\u00e0ncia deixar-se aconsellar sobre llocs per menjar, tant si un decideix quedar-se a Conil com fer una visita pels voltants.<\/p><p>He de recon\u00e8ixer que tots els consells van ser de llocs espl\u00e8ndids, tant populars com m\u00e9s sofisticats.<\/p>\t\t\t\t\t\t\t\t<\/div>\n\t\t\t\t<\/div>\n\t\t\t\t<section class=\"elementor-section elementor-inner-section elementor-element elementor-element-209656a elementor-section-boxed elementor-section-height-default elementor-section-height-default\" data-id=\"209656a\" data-element_type=\"section\" data-e-type=\"section\">\n\t\t\t\t\t\t<div class=\"elementor-container elementor-column-gap-default\">\n\t\t\t\t\t<div class=\"elementor-column elementor-col-50 elementor-inner-column elementor-element elementor-element-4c73ada\" data-id=\"4c73ada\" data-element_type=\"column\" data-e-type=\"column\">\n\t\t\t<div class=\"elementor-widget-wrap elementor-element-populated\">\n\t\t\t\t\t\t<div class=\"elementor-element elementor-element-50f87aa elementor-widget elementor-widget-image\" data-id=\"50f87aa\" data-element_type=\"widget\" data-e-type=\"widget\" data-widget_type=\"image.default\">\n\t\t\t\t<div class=\"elementor-widget-container\">\n\t\t\t\t\t\t\t\t\t\t\t\t\t\t\t<img loading=\"lazy\" decoding=\"async\" width=\"367\" height=\"550\" src=\"https:\/\/www.elturistatranquil.com\/wp-content\/uploads\/F30m-Apartamentos-La-Jabega-Conil-de-la-Frontera.jpg\" class=\"attachment-large size-large wp-image-40300\" alt=\"Apartamentos La Jabega, Conil de la Frontera\" srcset=\"https:\/\/www.elturistatranquil.com\/wp-content\/uploads\/F30m-Apartamentos-La-Jabega-Conil-de-la-Frontera.jpg 367w, https:\/\/www.elturistatranquil.com\/wp-content\/uploads\/F30m-Apartamentos-La-Jabega-Conil-de-la-Frontera-151x226.jpg 151w\" sizes=\"(max-width: 367px) 100vw, 367px\" \/>\t\t\t\t\t\t\t\t\t\t\t\t\t\t\t<\/div>\n\t\t\t\t<\/div>\n\t\t\t\t\t<\/div>\n\t\t<\/div>\n\t\t\t\t<div class=\"elementor-column elementor-col-50 elementor-inner-column elementor-element elementor-element-06b708d\" data-id=\"06b708d\" data-element_type=\"column\" data-e-type=\"column\">\n\t\t\t<div class=\"elementor-widget-wrap elementor-element-populated\">\n\t\t\t\t\t\t<div class=\"elementor-element elementor-element-c999bf9 elementor-widget elementor-widget-image\" data-id=\"c999bf9\" data-element_type=\"widget\" data-e-type=\"widget\" data-widget_type=\"image.default\">\n\t\t\t\t<div class=\"elementor-widget-container\">\n\t\t\t\t\t\t\t\t\t\t\t\t\t\t\t<img loading=\"lazy\" decoding=\"async\" width=\"367\" height=\"550\" src=\"https:\/\/www.elturistatranquil.com\/wp-content\/uploads\/F30n-Apartamentos-La-Jabega-Conil-de-la-Frontera.jpg\" class=\"attachment-large size-large wp-image-40302\" alt=\"Apartamentos La Jabega, Conil de la Frontera\" srcset=\"https:\/\/www.elturistatranquil.com\/wp-content\/uploads\/F30n-Apartamentos-La-Jabega-Conil-de-la-Frontera.jpg 367w, https:\/\/www.elturistatranquil.com\/wp-content\/uploads\/F30n-Apartamentos-La-Jabega-Conil-de-la-Frontera-151x226.jpg 151w\" sizes=\"(max-width: 367px) 100vw, 367px\" \/>\t\t\t\t\t\t\t\t\t\t\t\t\t\t\t<\/div>\n\t\t\t\t<\/div>\n\t\t\t\t\t<\/div>\n\t\t<\/div>\n\t\t\t\t\t<\/div>\n\t\t<\/section>\n\t\t\t\t<div class=\"elementor-element elementor-element-9fc1f78 elementor-widget elementor-widget-image\" data-id=\"9fc1f78\" data-element_type=\"widget\" data-e-type=\"widget\" data-widget_type=\"image.default\">\n\t\t\t\t<div class=\"elementor-widget-container\">\n\t\t\t\t\t\t\t\t\t\t\t\t<figure class=\"wp-caption\">\n\t\t\t\t\t\t\t\t\t\t<img loading=\"lazy\" decoding=\"async\" width=\"768\" height=\"512\" src=\"https:\/\/www.elturistatranquil.com\/wp-content\/uploads\/F31-Apartamentos-La-Jabega-Conil-de-la-Frontera.jpg\" class=\"attachment-large size-large wp-image-40304\" alt=\"Apartamentos La Jabega, Conil de la Frontera\" srcset=\"https:\/\/www.elturistatranquil.com\/wp-content\/uploads\/F31-Apartamentos-La-Jabega-Conil-de-la-Frontera.jpg 768w, https:\/\/www.elturistatranquil.com\/wp-content\/uploads\/F31-Apartamentos-La-Jabega-Conil-de-la-Frontera-339x226.jpg 339w\" sizes=\"(max-width: 768px) 100vw, 768px\" \/>\t\t\t\t\t\t\t\t\t\t\t<figcaption class=\"widget-image-caption wp-caption-text\"><\/figcaption>\n\t\t\t\t\t\t\t\t\t\t<\/figure>\n\t\t\t\t\t\t\t\t\t<\/div>\n\t\t\t\t<\/div>\n\t\t\t\t<div class=\"elementor-element elementor-element-5ef95ba elementor-widget elementor-widget-text-editor\" data-id=\"5ef95ba\" data-element_type=\"widget\" data-e-type=\"widget\" data-widget_type=\"text-editor.default\">\n\t\t\t\t<div class=\"elementor-widget-container\">\n\t\t\t\t\t\t\t\t\t<p>En un taul\u00f3 hi ha exposades les ofertes del dia, on escollir l&#8217;esmorzar que m\u00e9s et vingui de gust en cada ocasi\u00f3. Di\u00e0riament es produeixen canvis a la carta d&#8217;oferta.<\/p>\t\t\t\t\t\t\t\t<\/div>\n\t\t\t\t<\/div>\n\t\t\t\t<div class=\"elementor-element elementor-element-6d2fd3c elementor-widget elementor-widget-image\" data-id=\"6d2fd3c\" data-element_type=\"widget\" data-e-type=\"widget\" data-widget_type=\"image.default\">\n\t\t\t\t<div class=\"elementor-widget-container\">\n\t\t\t\t\t\t\t\t\t\t\t\t<figure class=\"wp-caption\">\n\t\t\t\t\t\t\t\t\t\t<img loading=\"lazy\" decoding=\"async\" width=\"768\" height=\"512\" src=\"https:\/\/www.elturistatranquil.com\/wp-content\/uploads\/F32-Apartamentos-La-Jabega-Conil-de-la-Frontera.jpg\" class=\"attachment-large size-large wp-image-40306\" alt=\"Apartamentos La Jabega, Conil de la Frontera\" srcset=\"https:\/\/www.elturistatranquil.com\/wp-content\/uploads\/F32-Apartamentos-La-Jabega-Conil-de-la-Frontera.jpg 768w, https:\/\/www.elturistatranquil.com\/wp-content\/uploads\/F32-Apartamentos-La-Jabega-Conil-de-la-Frontera-339x226.jpg 339w\" sizes=\"(max-width: 768px) 100vw, 768px\" \/>\t\t\t\t\t\t\t\t\t\t\t<figcaption class=\"widget-image-caption wp-caption-text\"><\/figcaption>\n\t\t\t\t\t\t\t\t\t\t<\/figure>\n\t\t\t\t\t\t\t\t\t<\/div>\n\t\t\t\t<\/div>\n\t\t\t\t<div class=\"elementor-element elementor-element-4d6f386 elementor-widget elementor-widget-image\" data-id=\"4d6f386\" data-element_type=\"widget\" data-e-type=\"widget\" data-widget_type=\"image.default\">\n\t\t\t\t<div class=\"elementor-widget-container\">\n\t\t\t\t\t\t\t\t\t\t\t\t<figure class=\"wp-caption\">\n\t\t\t\t\t\t\t\t\t\t<img loading=\"lazy\" decoding=\"async\" width=\"768\" height=\"512\" src=\"https:\/\/www.elturistatranquil.com\/wp-content\/uploads\/F33-Apartamentos-La-Jabega-Conil-de-la-Frontera.jpg\" class=\"attachment-large size-large wp-image-40308\" alt=\"Apartamentos La Jabega, Conil de la Frontera\" srcset=\"https:\/\/www.elturistatranquil.com\/wp-content\/uploads\/F33-Apartamentos-La-Jabega-Conil-de-la-Frontera.jpg 768w, https:\/\/www.elturistatranquil.com\/wp-content\/uploads\/F33-Apartamentos-La-Jabega-Conil-de-la-Frontera-339x226.jpg 339w\" sizes=\"(max-width: 768px) 100vw, 768px\" \/>\t\t\t\t\t\t\t\t\t\t\t<figcaption class=\"widget-image-caption wp-caption-text\"><\/figcaption>\n\t\t\t\t\t\t\t\t\t\t<\/figure>\n\t\t\t\t\t\t\t\t\t<\/div>\n\t\t\t\t<\/div>\n\t\t\t\t<div class=\"elementor-element elementor-element-71f96cb elementor-widget elementor-widget-image\" data-id=\"71f96cb\" data-element_type=\"widget\" data-e-type=\"widget\" data-widget_type=\"image.default\">\n\t\t\t\t<div class=\"elementor-widget-container\">\n\t\t\t\t\t\t\t\t\t\t\t\t<figure class=\"wp-caption\">\n\t\t\t\t\t\t\t\t\t\t<img loading=\"lazy\" decoding=\"async\" width=\"768\" height=\"512\" src=\"https:\/\/www.elturistatranquil.com\/wp-content\/uploads\/F34-Apartamentos-La-Jabega-Conil-de-la-Frontera.jpg\" class=\"attachment-large size-large wp-image-40310\" alt=\"Apartamentos La Jabega, Conil de la Frontera\" srcset=\"https:\/\/www.elturistatranquil.com\/wp-content\/uploads\/F34-Apartamentos-La-Jabega-Conil-de-la-Frontera.jpg 768w, https:\/\/www.elturistatranquil.com\/wp-content\/uploads\/F34-Apartamentos-La-Jabega-Conil-de-la-Frontera-339x226.jpg 339w\" sizes=\"(max-width: 768px) 100vw, 768px\" \/>\t\t\t\t\t\t\t\t\t\t\t<figcaption class=\"widget-image-caption wp-caption-text\"><\/figcaption>\n\t\t\t\t\t\t\t\t\t\t<\/figure>\n\t\t\t\t\t\t\t\t\t<\/div>\n\t\t\t\t<\/div>\n\t\t\t\t<div class=\"elementor-element elementor-element-f27422b elementor-widget elementor-widget-text-editor\" data-id=\"f27422b\" data-element_type=\"widget\" data-e-type=\"widget\" data-widget_type=\"text-editor.default\">\n\t\t\t\t<div class=\"elementor-widget-container\">\n\t\t\t\t\t\t\t\t\t<p>Un cop al terrat, instal\u00b7lar-te i esperar que et serveixin la teva comanda mentre observes el panorama. \u00a1I bon profit!.<\/p>\t\t\t\t\t\t\t\t<\/div>\n\t\t\t\t<\/div>\n\t\t\t\t<div class=\"elementor-element elementor-element-69c977e elementor-widget elementor-widget-image\" data-id=\"69c977e\" data-element_type=\"widget\" data-e-type=\"widget\" data-widget_type=\"image.default\">\n\t\t\t\t<div class=\"elementor-widget-container\">\n\t\t\t\t\t\t\t\t\t\t\t\t<figure class=\"wp-caption\">\n\t\t\t\t\t\t\t\t\t\t<img loading=\"lazy\" decoding=\"async\" width=\"768\" height=\"512\" src=\"https:\/\/www.elturistatranquil.com\/wp-content\/uploads\/F35-Apartamentos-La-Jabega-Conil-de-la-Frontera.jpg\" class=\"attachment-large size-large wp-image-40312\" alt=\"Apartamentos La Jabega, Conil de la Frontera\" srcset=\"https:\/\/www.elturistatranquil.com\/wp-content\/uploads\/F35-Apartamentos-La-Jabega-Conil-de-la-Frontera.jpg 768w, https:\/\/www.elturistatranquil.com\/wp-content\/uploads\/F35-Apartamentos-La-Jabega-Conil-de-la-Frontera-339x226.jpg 339w\" sizes=\"(max-width: 768px) 100vw, 768px\" \/>\t\t\t\t\t\t\t\t\t\t\t<figcaption class=\"widget-image-caption wp-caption-text\"><\/figcaption>\n\t\t\t\t\t\t\t\t\t\t<\/figure>\n\t\t\t\t\t\t\t\t\t<\/div>\n\t\t\t\t<\/div>\n\t\t\t\t<div class=\"elementor-element elementor-element-72316e0 elementor-widget elementor-widget-image\" data-id=\"72316e0\" data-element_type=\"widget\" data-e-type=\"widget\" data-widget_type=\"image.default\">\n\t\t\t\t<div class=\"elementor-widget-container\">\n\t\t\t\t\t\t\t\t\t\t\t\t<figure class=\"wp-caption\">\n\t\t\t\t\t\t\t\t\t\t<img loading=\"lazy\" decoding=\"async\" width=\"768\" height=\"512\" src=\"https:\/\/www.elturistatranquil.com\/wp-content\/uploads\/F36-Apartamentos-La-Jabega-Conil-de-la-Frontera.jpg\" class=\"attachment-large size-large wp-image-40314\" alt=\"Apartamentos La Jabega, Conil de la Frontera\" srcset=\"https:\/\/www.elturistatranquil.com\/wp-content\/uploads\/F36-Apartamentos-La-Jabega-Conil-de-la-Frontera.jpg 768w, https:\/\/www.elturistatranquil.com\/wp-content\/uploads\/F36-Apartamentos-La-Jabega-Conil-de-la-Frontera-339x226.jpg 339w\" sizes=\"(max-width: 768px) 100vw, 768px\" \/>\t\t\t\t\t\t\t\t\t\t\t<figcaption class=\"widget-image-caption wp-caption-text\"><\/figcaption>\n\t\t\t\t\t\t\t\t\t\t<\/figure>\n\t\t\t\t\t\t\t\t\t<\/div>\n\t\t\t\t<\/div>\n\t\t\t\t<div class=\"elementor-element elementor-element-3a76ea2 elementor-widget elementor-widget-image\" data-id=\"3a76ea2\" data-element_type=\"widget\" data-e-type=\"widget\" data-widget_type=\"image.default\">\n\t\t\t\t<div class=\"elementor-widget-container\">\n\t\t\t\t\t\t\t\t\t\t\t\t<figure class=\"wp-caption\">\n\t\t\t\t\t\t\t\t\t\t<img loading=\"lazy\" decoding=\"async\" width=\"768\" height=\"512\" src=\"https:\/\/www.elturistatranquil.com\/wp-content\/uploads\/F37-Apartamentos-La-Jabega-Conil-de-la-Frontera.jpg\" class=\"attachment-large size-large wp-image-40316\" alt=\"Apartamentos La Jabega, Conil de la Frontera\" srcset=\"https:\/\/www.elturistatranquil.com\/wp-content\/uploads\/F37-Apartamentos-La-Jabega-Conil-de-la-Frontera.jpg 768w, https:\/\/www.elturistatranquil.com\/wp-content\/uploads\/F37-Apartamentos-La-Jabega-Conil-de-la-Frontera-339x226.jpg 339w\" sizes=\"(max-width: 768px) 100vw, 768px\" \/>\t\t\t\t\t\t\t\t\t\t\t<figcaption class=\"widget-image-caption wp-caption-text\"><\/figcaption>\n\t\t\t\t\t\t\t\t\t\t<\/figure>\n\t\t\t\t\t\t\t\t\t<\/div>\n\t\t\t\t<\/div>\n\t\t\t\t<div class=\"elementor-element elementor-element-2988ab3 elementor-widget elementor-widget-image\" data-id=\"2988ab3\" data-element_type=\"widget\" data-e-type=\"widget\" data-widget_type=\"image.default\">\n\t\t\t\t<div class=\"elementor-widget-container\">\n\t\t\t\t\t\t\t\t\t\t\t\t<figure class=\"wp-caption\">\n\t\t\t\t\t\t\t\t\t\t<img loading=\"lazy\" decoding=\"async\" width=\"768\" height=\"512\" src=\"https:\/\/www.elturistatranquil.com\/wp-content\/uploads\/F38-Apartamentos-La-Jabega-Conil-de-la-Frontera.jpg\" class=\"attachment-large size-large wp-image-40318\" alt=\"Apartamentos La Jabega, Conil de la Frontera\" srcset=\"https:\/\/www.elturistatranquil.com\/wp-content\/uploads\/F38-Apartamentos-La-Jabega-Conil-de-la-Frontera.jpg 768w, https:\/\/www.elturistatranquil.com\/wp-content\/uploads\/F38-Apartamentos-La-Jabega-Conil-de-la-Frontera-339x226.jpg 339w\" sizes=\"(max-width: 768px) 100vw, 768px\" \/>\t\t\t\t\t\t\t\t\t\t\t<figcaption class=\"widget-image-caption wp-caption-text\"><\/figcaption>\n\t\t\t\t\t\t\t\t\t\t<\/figure>\n\t\t\t\t\t\t\t\t\t<\/div>\n\t\t\t\t<\/div>\n\t\t\t\t<div class=\"elementor-element elementor-element-768528f elementor-widget elementor-widget-text-editor\" data-id=\"768528f\" data-element_type=\"widget\" data-e-type=\"widget\" data-widget_type=\"text-editor.default\">\n\t\t\t\t<div class=\"elementor-widget-container\">\n\t\t\t\t\t\t\t\t\t<p>La terrassa, amb els seus espais de sol i ombra, \u00e9s el lloc ideal per a un moment de relax, alhora que contemples les vistes sobre els terrats de la ciutat hist\u00f2rica de Conil de la Frontera, sobre el prat i la platja de Castilnovo i sobre l&#8217;Atl\u00e0ntic.<\/p>\t\t\t\t\t\t\t\t<\/div>\n\t\t\t\t<\/div>\n\t\t\t\t<div class=\"elementor-element elementor-element-d69664a elementor-widget elementor-widget-image\" data-id=\"d69664a\" data-element_type=\"widget\" data-e-type=\"widget\" data-widget_type=\"image.default\">\n\t\t\t\t<div class=\"elementor-widget-container\">\n\t\t\t\t\t\t\t\t\t\t\t\t<figure class=\"wp-caption\">\n\t\t\t\t\t\t\t\t\t\t<img loading=\"lazy\" decoding=\"async\" width=\"768\" height=\"512\" src=\"https:\/\/www.elturistatranquil.com\/wp-content\/uploads\/F39-Apartamentos-La-Jabega-Conil-de-la-Frontera.jpg\" class=\"attachment-large size-large wp-image-40320\" alt=\"Apartamentos La Jabega, Conil de la Frontera\" srcset=\"https:\/\/www.elturistatranquil.com\/wp-content\/uploads\/F39-Apartamentos-La-Jabega-Conil-de-la-Frontera.jpg 768w, https:\/\/www.elturistatranquil.com\/wp-content\/uploads\/F39-Apartamentos-La-Jabega-Conil-de-la-Frontera-339x226.jpg 339w\" sizes=\"(max-width: 768px) 100vw, 768px\" \/>\t\t\t\t\t\t\t\t\t\t\t<figcaption class=\"widget-image-caption wp-caption-text\"><\/figcaption>\n\t\t\t\t\t\t\t\t\t\t<\/figure>\n\t\t\t\t\t\t\t\t\t<\/div>\n\t\t\t\t<\/div>\n\t\t\t\t<div class=\"elementor-element elementor-element-81aaf0d elementor-widget elementor-widget-image\" data-id=\"81aaf0d\" data-element_type=\"widget\" data-e-type=\"widget\" data-widget_type=\"image.default\">\n\t\t\t\t<div class=\"elementor-widget-container\">\n\t\t\t\t\t\t\t\t\t\t\t\t<figure class=\"wp-caption\">\n\t\t\t\t\t\t\t\t\t\t<img loading=\"lazy\" decoding=\"async\" width=\"768\" height=\"512\" src=\"https:\/\/www.elturistatranquil.com\/wp-content\/uploads\/F40-Apartamentos-La-Jabega-Conil-de-la-Frontera.jpg\" class=\"attachment-large size-large wp-image-40322\" alt=\"Apartamentos La Jabega, Conil de la Frontera\" srcset=\"https:\/\/www.elturistatranquil.com\/wp-content\/uploads\/F40-Apartamentos-La-Jabega-Conil-de-la-Frontera.jpg 768w, https:\/\/www.elturistatranquil.com\/wp-content\/uploads\/F40-Apartamentos-La-Jabega-Conil-de-la-Frontera-339x226.jpg 339w\" sizes=\"(max-width: 768px) 100vw, 768px\" \/>\t\t\t\t\t\t\t\t\t\t\t<figcaption class=\"widget-image-caption wp-caption-text\"><\/figcaption>\n\t\t\t\t\t\t\t\t\t\t<\/figure>\n\t\t\t\t\t\t\t\t\t<\/div>\n\t\t\t\t<\/div>\n\t\t\t\t<div class=\"elementor-element elementor-element-2b7dca0 elementor-widget elementor-widget-image\" data-id=\"2b7dca0\" data-element_type=\"widget\" data-e-type=\"widget\" data-widget_type=\"image.default\">\n\t\t\t\t<div class=\"elementor-widget-container\">\n\t\t\t\t\t\t\t\t\t\t\t\t<figure class=\"wp-caption\">\n\t\t\t\t\t\t\t\t\t\t<img loading=\"lazy\" decoding=\"async\" width=\"768\" height=\"512\" src=\"https:\/\/www.elturistatranquil.com\/wp-content\/uploads\/F41-Apartamentos-La-Jabega-Conil-de-la-Frontera.jpg\" class=\"attachment-large size-large wp-image-40324\" alt=\"Apartamentos La Jabega, Conil de la Frontera\" srcset=\"https:\/\/www.elturistatranquil.com\/wp-content\/uploads\/F41-Apartamentos-La-Jabega-Conil-de-la-Frontera.jpg 768w, https:\/\/www.elturistatranquil.com\/wp-content\/uploads\/F41-Apartamentos-La-Jabega-Conil-de-la-Frontera-339x226.jpg 339w\" sizes=\"(max-width: 768px) 100vw, 768px\" \/>\t\t\t\t\t\t\t\t\t\t\t<figcaption class=\"widget-image-caption wp-caption-text\"><\/figcaption>\n\t\t\t\t\t\t\t\t\t\t<\/figure>\n\t\t\t\t\t\t\t\t\t<\/div>\n\t\t\t\t<\/div>\n\t\t\t\t<div class=\"elementor-element elementor-element-916f7de elementor-widget elementor-widget-image\" data-id=\"916f7de\" data-element_type=\"widget\" data-e-type=\"widget\" data-widget_type=\"image.default\">\n\t\t\t\t<div class=\"elementor-widget-container\">\n\t\t\t\t\t\t\t\t\t\t\t\t<figure class=\"wp-caption\">\n\t\t\t\t\t\t\t\t\t\t<img loading=\"lazy\" decoding=\"async\" width=\"768\" height=\"512\" src=\"https:\/\/www.elturistatranquil.com\/wp-content\/uploads\/F42-Apartamentos-La-Jabega-Conil-de-la-Frontera.jpg\" class=\"attachment-large size-large wp-image-40326\" alt=\"Apartamentos La Jabega, Conil de la Frontera\" srcset=\"https:\/\/www.elturistatranquil.com\/wp-content\/uploads\/F42-Apartamentos-La-Jabega-Conil-de-la-Frontera.jpg 768w, https:\/\/www.elturistatranquil.com\/wp-content\/uploads\/F42-Apartamentos-La-Jabega-Conil-de-la-Frontera-339x226.jpg 339w\" sizes=\"(max-width: 768px) 100vw, 768px\" \/>\t\t\t\t\t\t\t\t\t\t\t<figcaption class=\"widget-image-caption wp-caption-text\"><\/figcaption>\n\t\t\t\t\t\t\t\t\t\t<\/figure>\n\t\t\t\t\t\t\t\t\t<\/div>\n\t\t\t\t<\/div>\n\t\t\t\t<div class=\"elementor-element elementor-element-4d3983d elementor-widget elementor-widget-image\" data-id=\"4d3983d\" data-element_type=\"widget\" data-e-type=\"widget\" data-widget_type=\"image.default\">\n\t\t\t\t<div class=\"elementor-widget-container\">\n\t\t\t\t\t\t\t\t\t\t\t\t<figure class=\"wp-caption\">\n\t\t\t\t\t\t\t\t\t\t<img loading=\"lazy\" decoding=\"async\" width=\"768\" height=\"512\" src=\"https:\/\/www.elturistatranquil.com\/wp-content\/uploads\/F43-Apartamentos-La-Jabega-Conil-de-la-Frontera.jpg\" class=\"attachment-large size-large wp-image-40328\" alt=\"Apartamentos La Jabega, Conil de la Frontera\" srcset=\"https:\/\/www.elturistatranquil.com\/wp-content\/uploads\/F43-Apartamentos-La-Jabega-Conil-de-la-Frontera.jpg 768w, https:\/\/www.elturistatranquil.com\/wp-content\/uploads\/F43-Apartamentos-La-Jabega-Conil-de-la-Frontera-339x226.jpg 339w\" sizes=\"(max-width: 768px) 100vw, 768px\" \/>\t\t\t\t\t\t\t\t\t\t\t<figcaption class=\"widget-image-caption wp-caption-text\"><\/figcaption>\n\t\t\t\t\t\t\t\t\t\t<\/figure>\n\t\t\t\t\t\t\t\t\t<\/div>\n\t\t\t\t<\/div>\n\t\t\t\t<div class=\"elementor-element elementor-element-821ce87 elementor-widget elementor-widget-image\" data-id=\"821ce87\" data-element_type=\"widget\" data-e-type=\"widget\" data-widget_type=\"image.default\">\n\t\t\t\t<div class=\"elementor-widget-container\">\n\t\t\t\t\t\t\t\t\t\t\t\t<figure class=\"wp-caption\">\n\t\t\t\t\t\t\t\t\t\t<img loading=\"lazy\" decoding=\"async\" width=\"768\" height=\"512\" src=\"https:\/\/www.elturistatranquil.com\/wp-content\/uploads\/F44-Apartamentos-La-Jabega-Conil-de-la-Frontera.jpg\" class=\"attachment-large size-large wp-image-40330\" alt=\"Apartamentos La Jabega, Conil de la Frontera\" srcset=\"https:\/\/www.elturistatranquil.com\/wp-content\/uploads\/F44-Apartamentos-La-Jabega-Conil-de-la-Frontera.jpg 768w, https:\/\/www.elturistatranquil.com\/wp-content\/uploads\/F44-Apartamentos-La-Jabega-Conil-de-la-Frontera-339x226.jpg 339w\" sizes=\"(max-width: 768px) 100vw, 768px\" \/>\t\t\t\t\t\t\t\t\t\t\t<figcaption class=\"widget-image-caption wp-caption-text\"><\/figcaption>\n\t\t\t\t\t\t\t\t\t\t<\/figure>\n\t\t\t\t\t\t\t\t\t<\/div>\n\t\t\t\t<\/div>\n\t\t\t\t<div class=\"elementor-element elementor-element-5aef5d3 elementor-widget elementor-widget-image\" data-id=\"5aef5d3\" data-element_type=\"widget\" data-e-type=\"widget\" data-widget_type=\"image.default\">\n\t\t\t\t<div class=\"elementor-widget-container\">\n\t\t\t\t\t\t\t\t\t\t\t\t<figure class=\"wp-caption\">\n\t\t\t\t\t\t\t\t\t\t<img loading=\"lazy\" decoding=\"async\" width=\"768\" height=\"512\" src=\"https:\/\/www.elturistatranquil.com\/wp-content\/uploads\/F45-Apartamentos-La-Jabega-Conil-de-la-Frontera.jpg\" class=\"attachment-large size-large wp-image-40332\" alt=\"Apartamentos La Jabega, Conil de la Frontera\" srcset=\"https:\/\/www.elturistatranquil.com\/wp-content\/uploads\/F45-Apartamentos-La-Jabega-Conil-de-la-Frontera.jpg 768w, https:\/\/www.elturistatranquil.com\/wp-content\/uploads\/F45-Apartamentos-La-Jabega-Conil-de-la-Frontera-339x226.jpg 339w\" sizes=\"(max-width: 768px) 100vw, 768px\" \/>\t\t\t\t\t\t\t\t\t\t\t<figcaption class=\"widget-image-caption wp-caption-text\"><\/figcaption>\n\t\t\t\t\t\t\t\t\t\t<\/figure>\n\t\t\t\t\t\t\t\t\t<\/div>\n\t\t\t\t<\/div>\n\t\t\t\t<div class=\"elementor-element elementor-element-9da7e66 elementor-widget elementor-widget-text-editor\" data-id=\"9da7e66\" data-element_type=\"widget\" data-e-type=\"widget\" data-widget_type=\"text-editor.default\">\n\t\t\t\t<div class=\"elementor-widget-container\">\n\t\t\t\t\t\t\t\t\t<p>En un dels nivells de terrassa pots aportar la teva nota de color al paisatge urb\u00e0 a l&#8217;estenedor a disposici\u00f3 dels clients.<\/p>\t\t\t\t\t\t\t\t<\/div>\n\t\t\t\t<\/div>\n\t\t\t\t<div class=\"elementor-element elementor-element-73a199b elementor-widget elementor-widget-image\" data-id=\"73a199b\" data-element_type=\"widget\" data-e-type=\"widget\" data-widget_type=\"image.default\">\n\t\t\t\t<div class=\"elementor-widget-container\">\n\t\t\t\t\t\t\t\t\t\t\t\t<figure class=\"wp-caption\">\n\t\t\t\t\t\t\t\t\t\t<img loading=\"lazy\" decoding=\"async\" width=\"768\" height=\"512\" src=\"https:\/\/www.elturistatranquil.com\/wp-content\/uploads\/F46-Apartamentos-La-Jabega-Conil-de-la-Frontera.jpg\" class=\"attachment-large size-large wp-image-40334\" alt=\"Apartamentos La Jabega, Conil de la Frontera\" srcset=\"https:\/\/www.elturistatranquil.com\/wp-content\/uploads\/F46-Apartamentos-La-Jabega-Conil-de-la-Frontera.jpg 768w, https:\/\/www.elturistatranquil.com\/wp-content\/uploads\/F46-Apartamentos-La-Jabega-Conil-de-la-Frontera-339x226.jpg 339w\" sizes=\"(max-width: 768px) 100vw, 768px\" \/>\t\t\t\t\t\t\t\t\t\t\t<figcaption class=\"widget-image-caption wp-caption-text\"><\/figcaption>\n\t\t\t\t\t\t\t\t\t\t<\/figure>\n\t\t\t\t\t\t\t\t\t<\/div>\n\t\t\t\t<\/div>\n\t\t\t\t<div class=\"elementor-element elementor-element-31d054d elementor-widget elementor-widget-heading\" data-id=\"31d054d\" data-element_type=\"widget\" data-e-type=\"widget\" data-widget_type=\"heading.default\">\n\t\t\t\t<div class=\"elementor-widget-container\">\n\t\t\t\t\t<h4 class=\"elementor-heading-title elementor-size-default\">L'aparcament<\/h4>\t\t\t\t<\/div>\n\t\t\t\t<\/div>\n\t\t\t\t<div class=\"elementor-element elementor-element-ec25ec1 elementor-widget elementor-widget-text-editor\" data-id=\"ec25ec1\" data-element_type=\"widget\" data-e-type=\"widget\" data-widget_type=\"text-editor.default\">\n\t\t\t\t<div class=\"elementor-widget-container\">\n\t\t\t\t\t\t\t\t\t<p>Si voleu, podeu llogar una pla\u00e7a d&#8217;aparcament de qu\u00e8 disposa els Apartaments La J\u00e1bega Conil, a uns 450 metres.<\/p><p>\u00c9s molt aconsellable contractar aquest servei, atesa la pr\u00e0ctica impossibilitat de trobar aparcament als carrers del barri.<\/p><p>La sorpresa \u00e9s que s&#8217;ubica on havia estat el cinema a l&#8217;aire lliure de Conil. Una gran estructura de protecci\u00f3 parcial del recinte, la pantalla sobre la paret a un extrem, i la cabina de projecci\u00f3 a l&#8217;oposat. Un recinte privat del passat hist\u00f2ric de Conil.<\/p>\t\t\t\t\t\t\t\t<\/div>\n\t\t\t\t<\/div>\n\t\t\t\t<div class=\"elementor-element elementor-element-bb74ac2 elementor-widget elementor-widget-image\" data-id=\"bb74ac2\" data-element_type=\"widget\" data-e-type=\"widget\" data-widget_type=\"image.default\">\n\t\t\t\t<div class=\"elementor-widget-container\">\n\t\t\t\t\t\t\t\t\t\t\t\t<figure class=\"wp-caption\">\n\t\t\t\t\t\t\t\t\t\t<img loading=\"lazy\" decoding=\"async\" width=\"768\" height=\"512\" src=\"https:\/\/www.elturistatranquil.com\/wp-content\/uploads\/F47-Antiguo-cine-al-aire-libre-Conil-de-la-Frontera.jpg\" class=\"attachment-large size-large wp-image-40336\" alt=\"Antiguo cine al aire libre, Conil de la Frontera\" srcset=\"https:\/\/www.elturistatranquil.com\/wp-content\/uploads\/F47-Antiguo-cine-al-aire-libre-Conil-de-la-Frontera.jpg 768w, https:\/\/www.elturistatranquil.com\/wp-content\/uploads\/F47-Antiguo-cine-al-aire-libre-Conil-de-la-Frontera-339x226.jpg 339w\" sizes=\"(max-width: 768px) 100vw, 768px\" \/>\t\t\t\t\t\t\t\t\t\t\t<figcaption class=\"widget-image-caption wp-caption-text\"><\/figcaption>\n\t\t\t\t\t\t\t\t\t\t<\/figure>\n\t\t\t\t\t\t\t\t\t<\/div>\n\t\t\t\t<\/div>\n\t\t\t\t<div class=\"elementor-element elementor-element-18dbce1 elementor-widget elementor-widget-heading\" data-id=\"18dbce1\" data-element_type=\"widget\" data-e-type=\"widget\" data-widget_type=\"heading.default\">\n\t\t\t\t<div class=\"elementor-widget-container\">\n\t\t\t\t\t<h4 class=\"elementor-heading-title elementor-size-default\">El gaudir de l'estada<\/h4>\t\t\t\t<\/div>\n\t\t\t\t<\/div>\n\t\t\t\t<div class=\"elementor-element elementor-element-74e5af0 elementor-widget elementor-widget-menu-anchor\" data-id=\"74e5af0\" data-element_type=\"widget\" data-e-type=\"widget\" data-widget_type=\"menu-anchor.default\">\n\t\t\t\t<div class=\"elementor-widget-container\">\n\t\t\t\t\t\t\t<div class=\"elementor-menu-anchor\" id=\"a2303\"><\/div>\n\t\t\t\t\t\t<\/div>\n\t\t\t\t<\/div>\n\t\t\t\t<div class=\"elementor-element elementor-element-b2991c8 elementor-widget elementor-widget-text-editor\" data-id=\"b2991c8\" data-element_type=\"widget\" data-e-type=\"widget\" data-widget_type=\"text-editor.default\">\n\t\t\t\t<div class=\"elementor-widget-container\">\n\t\t\t\t\t\t\t\t\t<p>A partir d&#8217;aqu\u00ed, a gaudir del color, llum, tradici\u00f3, confort, tranquil\u00b7litat, simplicitat, neteja, i simpatia, atencions i suport, que ens oferiran a <strong>Apartaments La J\u00e1bega Conil<\/strong>.<\/p><p>Com sempre, en la realitzaci\u00f3 d&#8217;aquest <em>Post<\/em> no em lliga cap inter\u00e8s comercial o patrocini.<\/p>\t\t\t\t\t\t\t\t<\/div>\n\t\t\t\t<\/div>\n\t\t\t\t<div class=\"elementor-element elementor-element-a55fff9 elementor-widget elementor-widget-heading\" data-id=\"a55fff9\" data-element_type=\"widget\" data-e-type=\"widget\" data-widget_type=\"heading.default\">\n\t\t\t\t<div class=\"elementor-widget-container\">\n\t\t\t\t\t<h2 class=\"elementor-heading-title elementor-size-default\">Propostes de sortides<\/h2>\t\t\t\t<\/div>\n\t\t\t\t<\/div>\n\t\t\t\t<div class=\"elementor-element elementor-element-a6c38b3 elementor-widget elementor-widget-text-editor\" data-id=\"a6c38b3\" data-element_type=\"widget\" data-e-type=\"widget\" data-widget_type=\"text-editor.default\">\n\t\t\t\t<div class=\"elementor-widget-container\">\n\t\t\t\t\t\t\t\t\t<p>Per no repetir les mateixes propostes que ja vaig fer al <em>Post<\/em> de <a href=\"https:\/\/www.elturistatranquil.com\/ca\/conil-home-suite-estudis-i-apartaments-de-disseny-costa-de-la-luz\/\" target=\"_blank\" rel=\"noopener\">Conil Home Suites<\/a>, el millor ser\u00e0 remetre&#8217;m a les que all\u00ed vaig proposar per mitj\u00e0 dels seg\u00fcents enlla\u00e7os:<\/p><p><a href=\"https:\/\/www.elturistatranquil.com\/ca\/conil-home-suite-estudis-i-apartaments-de-disseny-costa-de-la-luz\/#a2104\" target=\"_blank\" rel=\"noopener\">El territori<\/a><\/p><p><a href=\"https:\/\/www.elturistatranquil.com\/ca\/conil-home-suite-estudis-i-apartaments-de-disseny-costa-de-la-luz\/#a2105\" target=\"_blank\" rel=\"noopener\">Propostes de sortides<\/a><\/p><p><a href=\"https:\/\/www.elturistatranquil.com\/ca\/conil-de-la-frontera-cadis\/\" target=\"_blank\" rel=\"noopener\">Conil de la Frontera<\/a><\/p><p><a href=\"https:\/\/www.elturistatranquil.com\/ca\/conil-home-suite-estudis-i-apartaments-de-disseny-costa-de-la-luz\/#a2107\" target=\"_blank\" rel=\"noopener\">Barbate, Los Ca\u00f1os de Meca, Zahara de los Atunes i Trafalgar<\/a><\/p><p><a href=\"https:\/\/www.elturistatranquil.com\/ca\/conil-home-suite-estudis-i-apartaments-de-disseny-costa-de-la-luz\/#a2108\" target=\"_blank\" rel=\"noopener\">Ciutat romana de Baelo Claudia<\/a><\/p><p><a href=\"https:\/\/www.elturistatranquil.com\/ca\/tarifa-cadis\/\" target=\"_blank\" rel=\"noopener\">Tarifa, recinte hist\u00f2ric<\/a><\/p><p><a href=\"https:\/\/www.elturistatranquil.com\/ca\/vejer-de-la-frontera-cadis\/\" target=\"_blank\" rel=\"noopener\">Vejer de la Frontera<\/a><\/p><p><a href=\"https:\/\/www.elturistatranquil.com\/ca\/conil-home-suite-estudis-i-apartaments-de-disseny-costa-de-la-luz\/#a2111\" target=\"_blank\" rel=\"noopener\">Medina-Sidonia<\/a><\/p><p><a href=\"https:\/\/www.elturistatranquil.com\/ca\/conil-home-suite-estudis-i-apartaments-de-disseny-costa-de-la-luz\/#a2112\" target=\"_blank\" rel=\"noopener\">Cadis<\/a><\/p>\t\t\t\t\t\t\t\t<\/div>\n\t\t\t\t<\/div>\n\t\t\t\t\t<\/div>\n\t\t<\/div>\n\t\t\t\t\t<\/div>\n\t\t<\/section>\n\t\t\t\t<\/div>\n\t\t","protected":false},"excerpt":{"rendered":"<p>Els Apartaments La J\u00e1bega Conil a Conil de la Frontera (Cadis) ofereixen l\u00b4experi\u00e8ncia de viure l\u00b4ambient d\u00b4una casa de pati de ve\u00efns tradicional andalusa, amb totes les comoditats del nostre &#8230; <a title=\"Apartaments La J\u00e1bega Conil. Costa de la Luz\" class=\"read-more\" href=\"https:\/\/www.elturistatranquil.com\/ca\/apartamentos-la-jabega-conil-costa-de-la-luz\/\" aria-label=\"M\u00e9s informaci\u00f3 sobre Apartaments La J\u00e1bega Conil. Costa de la Luz\">[ &#8230; ]<\/a><\/p>\n","protected":false},"author":1,"featured_media":40231,"comment_status":"open","ping_status":"closed","sticky":false,"template":"","format":"standard","meta":{"footnotes":""},"categories":[214,84,108],"tags":[],"class_list":["post-40343","post","type-post","status-publish","format-standard","has-post-thumbnail","hentry","category-cadis","category-hotel-ca","category-turisme-tranquil","infinite-scroll-item","generate-columns","tablet-grid-50","mobile-grid-100","grid-parent","grid-50","no-featured-image-padding"],"yoast_head":"<!-- This site is optimized with the Yoast SEO plugin v27.4 - https:\/\/yoast.com\/product\/yoast-seo-wordpress\/ -->\n<title>Apartaments La J\u00e1bega Conil. Costa de la Luz - El turista tranquil<\/title>\n<meta name=\"description\" content=\"Els Apartaments La J\u00e1bega Conil a Conil de la Frontera (Cadis) ofereixen l\u00b4experi\u00e8ncia de viure l\u00b4ambient d\u00b4una casa de pati de ve\u00efns tradicional andalusa, amb totes les comoditats del nostre temps.\" \/>\n<meta name=\"robots\" content=\"index, follow, max-snippet:-1, max-image-preview:large, max-video-preview:-1\" \/>\n<link rel=\"canonical\" href=\"https:\/\/www.elturistatranquil.com\/ca\/apartamentos-la-jabega-conil-costa-de-la-luz\/\" \/>\n<meta property=\"og:locale\" content=\"ca_ES\" \/>\n<meta property=\"og:type\" content=\"article\" \/>\n<meta property=\"og:title\" content=\"Apartaments La J\u00e1bega Conil. Costa de la Luz - El turista tranquil\" \/>\n<meta property=\"og:description\" content=\"Els Apartaments La J\u00e1bega Conil a Conil de la Frontera (Cadis) ofereixen l\u00b4experi\u00e8ncia de viure l\u00b4ambient d\u00b4una casa de pati de ve\u00efns tradicional andalusa, amb totes les comoditats del nostre temps.\" \/>\n<meta property=\"og:url\" content=\"https:\/\/www.elturistatranquil.com\/ca\/apartamentos-la-jabega-conil-costa-de-la-luz\/\" \/>\n<meta property=\"og:site_name\" content=\"El turista tranquil\" \/>\n<meta property=\"article:publisher\" content=\"https:\/\/www.facebook.com\/elturistatranquilo\/\" \/>\n<meta property=\"article:published_time\" content=\"2022-04-09T07:40:53+00:00\" \/>\n<meta property=\"article:modified_time\" content=\"2022-10-26T13:29:17+00:00\" \/>\n<meta property=\"og:image\" content=\"https:\/\/www.elturistatranquil.com\/wp-content\/uploads\/F01-Apartamentos-La-Jabega-Conil-de-la-Frontera.jpg\" \/>\n\t<meta property=\"og:image:width\" content=\"768\" \/>\n\t<meta property=\"og:image:height\" content=\"512\" \/>\n\t<meta property=\"og:image:type\" content=\"image\/jpeg\" \/>\n<meta name=\"author\" content=\"admin\" \/>\n<meta name=\"twitter:card\" content=\"summary_large_image\" \/>\n<meta name=\"twitter:label1\" content=\"Escrit per\" \/>\n\t<meta name=\"twitter:data1\" content=\"admin\" \/>\n\t<meta name=\"twitter:label2\" content=\"Temps estimat de lectura\" \/>\n\t<meta name=\"twitter:data2\" content=\"17 minuts\" \/>\n<script type=\"application\/ld+json\" class=\"yoast-schema-graph\">{\"@context\":\"https:\\\/\\\/schema.org\",\"@graph\":[{\"@type\":\"Article\",\"@id\":\"https:\\\/\\\/www.elturistatranquil.com\\\/ca\\\/apartamentos-la-jabega-conil-costa-de-la-luz\\\/#article\",\"isPartOf\":{\"@id\":\"https:\\\/\\\/www.elturistatranquil.com\\\/ca\\\/apartamentos-la-jabega-conil-costa-de-la-luz\\\/\"},\"author\":{\"name\":\"admin\",\"@id\":\"https:\\\/\\\/www.elturistatranquil.com\\\/ca\\\/#\\\/schema\\\/person\\\/16f607c3079b96ed0c530a52e6b58bb5\"},\"headline\":\"Apartaments La J\u00e1bega Conil. Costa de la Luz\",\"datePublished\":\"2022-04-09T07:40:53+00:00\",\"dateModified\":\"2022-10-26T13:29:17+00:00\",\"mainEntityOfPage\":{\"@id\":\"https:\\\/\\\/www.elturistatranquil.com\\\/ca\\\/apartamentos-la-jabega-conil-costa-de-la-luz\\\/\"},\"wordCount\":1257,\"commentCount\":0,\"image\":{\"@id\":\"https:\\\/\\\/www.elturistatranquil.com\\\/ca\\\/apartamentos-la-jabega-conil-costa-de-la-luz\\\/#primaryimage\"},\"thumbnailUrl\":\"https:\\\/\\\/www.elturistatranquil.com\\\/wp-content\\\/uploads\\\/F01-Apartamentos-La-Jabega-Conil-de-la-Frontera.jpg\",\"articleSection\":[\"Cadis\",\"Hotel, Allotjament\",\"Turisme tranquil\"],\"inLanguage\":\"ca\",\"potentialAction\":[{\"@type\":\"CommentAction\",\"name\":\"Comment\",\"target\":[\"https:\\\/\\\/www.elturistatranquil.com\\\/ca\\\/apartamentos-la-jabega-conil-costa-de-la-luz\\\/#respond\"]}]},{\"@type\":\"WebPage\",\"@id\":\"https:\\\/\\\/www.elturistatranquil.com\\\/ca\\\/apartamentos-la-jabega-conil-costa-de-la-luz\\\/\",\"url\":\"https:\\\/\\\/www.elturistatranquil.com\\\/ca\\\/apartamentos-la-jabega-conil-costa-de-la-luz\\\/\",\"name\":\"Apartaments La J\u00e1bega Conil. Costa de la Luz - El turista tranquil\",\"isPartOf\":{\"@id\":\"https:\\\/\\\/www.elturistatranquil.com\\\/ca\\\/#website\"},\"primaryImageOfPage\":{\"@id\":\"https:\\\/\\\/www.elturistatranquil.com\\\/ca\\\/apartamentos-la-jabega-conil-costa-de-la-luz\\\/#primaryimage\"},\"image\":{\"@id\":\"https:\\\/\\\/www.elturistatranquil.com\\\/ca\\\/apartamentos-la-jabega-conil-costa-de-la-luz\\\/#primaryimage\"},\"thumbnailUrl\":\"https:\\\/\\\/www.elturistatranquil.com\\\/wp-content\\\/uploads\\\/F01-Apartamentos-La-Jabega-Conil-de-la-Frontera.jpg\",\"datePublished\":\"2022-04-09T07:40:53+00:00\",\"dateModified\":\"2022-10-26T13:29:17+00:00\",\"author\":{\"@id\":\"https:\\\/\\\/www.elturistatranquil.com\\\/ca\\\/#\\\/schema\\\/person\\\/16f607c3079b96ed0c530a52e6b58bb5\"},\"description\":\"Els Apartaments La J\u00e1bega Conil a Conil de la Frontera (Cadis) ofereixen l\u00b4experi\u00e8ncia de viure l\u00b4ambient d\u00b4una casa de pati de ve\u00efns tradicional andalusa, amb totes les comoditats del nostre temps.\",\"breadcrumb\":{\"@id\":\"https:\\\/\\\/www.elturistatranquil.com\\\/ca\\\/apartamentos-la-jabega-conil-costa-de-la-luz\\\/#breadcrumb\"},\"inLanguage\":\"ca\",\"potentialAction\":[{\"@type\":\"ReadAction\",\"target\":[\"https:\\\/\\\/www.elturistatranquil.com\\\/ca\\\/apartamentos-la-jabega-conil-costa-de-la-luz\\\/\"]}]},{\"@type\":\"ImageObject\",\"inLanguage\":\"ca\",\"@id\":\"https:\\\/\\\/www.elturistatranquil.com\\\/ca\\\/apartamentos-la-jabega-conil-costa-de-la-luz\\\/#primaryimage\",\"url\":\"https:\\\/\\\/www.elturistatranquil.com\\\/wp-content\\\/uploads\\\/F01-Apartamentos-La-Jabega-Conil-de-la-Frontera.jpg\",\"contentUrl\":\"https:\\\/\\\/www.elturistatranquil.com\\\/wp-content\\\/uploads\\\/F01-Apartamentos-La-Jabega-Conil-de-la-Frontera.jpg\",\"width\":768,\"height\":512,\"caption\":\"Apartamentos La Jabega, Conil de la Frontera\"},{\"@type\":\"BreadcrumbList\",\"@id\":\"https:\\\/\\\/www.elturistatranquil.com\\\/ca\\\/apartamentos-la-jabega-conil-costa-de-la-luz\\\/#breadcrumb\",\"itemListElement\":[{\"@type\":\"ListItem\",\"position\":1,\"name\":\"Portada\",\"item\":\"https:\\\/\\\/www.elturistatranquil.com\\\/ca\\\/\"},{\"@type\":\"ListItem\",\"position\":2,\"name\":\"Apartaments La J\u00e1bega Conil. Costa de la Luz\"}]},{\"@type\":\"WebSite\",\"@id\":\"https:\\\/\\\/www.elturistatranquil.com\\\/ca\\\/#website\",\"url\":\"https:\\\/\\\/www.elturistatranquil.com\\\/ca\\\/\",\"name\":\"El turista tranquil\",\"description\":\"Blog de viatges\",\"potentialAction\":[{\"@type\":\"SearchAction\",\"target\":{\"@type\":\"EntryPoint\",\"urlTemplate\":\"https:\\\/\\\/www.elturistatranquil.com\\\/ca\\\/?s={search_term_string}\"},\"query-input\":{\"@type\":\"PropertyValueSpecification\",\"valueRequired\":true,\"valueName\":\"search_term_string\"}}],\"inLanguage\":\"ca\"},{\"@type\":\"Person\",\"@id\":\"https:\\\/\\\/www.elturistatranquil.com\\\/ca\\\/#\\\/schema\\\/person\\\/16f607c3079b96ed0c530a52e6b58bb5\",\"name\":\"admin\",\"image\":{\"@type\":\"ImageObject\",\"inLanguage\":\"ca\",\"@id\":\"https:\\\/\\\/secure.gravatar.com\\\/avatar\\\/1fbaf22aee75fcbb29a2f97b107f95d25d3a19b7c3416105be10269872673e8d?s=96&d=mm&r=g\",\"url\":\"https:\\\/\\\/secure.gravatar.com\\\/avatar\\\/1fbaf22aee75fcbb29a2f97b107f95d25d3a19b7c3416105be10269872673e8d?s=96&d=mm&r=g\",\"contentUrl\":\"https:\\\/\\\/secure.gravatar.com\\\/avatar\\\/1fbaf22aee75fcbb29a2f97b107f95d25d3a19b7c3416105be10269872673e8d?s=96&d=mm&r=g\",\"caption\":\"admin\"}}]}<\/script>\n<!-- \/ Yoast SEO plugin. -->","yoast_head_json":{"title":"Apartaments La J\u00e1bega Conil. Costa de la Luz - El turista tranquil","description":"Els Apartaments La J\u00e1bega Conil a Conil de la Frontera (Cadis) ofereixen l\u00b4experi\u00e8ncia de viure l\u00b4ambient d\u00b4una casa de pati de ve\u00efns tradicional andalusa, amb totes les comoditats del nostre temps.","robots":{"index":"index","follow":"follow","max-snippet":"max-snippet:-1","max-image-preview":"max-image-preview:large","max-video-preview":"max-video-preview:-1"},"canonical":"https:\/\/www.elturistatranquil.com\/ca\/apartamentos-la-jabega-conil-costa-de-la-luz\/","og_locale":"ca_ES","og_type":"article","og_title":"Apartaments La J\u00e1bega Conil. Costa de la Luz - El turista tranquil","og_description":"Els Apartaments La J\u00e1bega Conil a Conil de la Frontera (Cadis) ofereixen l\u00b4experi\u00e8ncia de viure l\u00b4ambient d\u00b4una casa de pati de ve\u00efns tradicional andalusa, amb totes les comoditats del nostre temps.","og_url":"https:\/\/www.elturistatranquil.com\/ca\/apartamentos-la-jabega-conil-costa-de-la-luz\/","og_site_name":"El turista tranquil","article_publisher":"https:\/\/www.facebook.com\/elturistatranquilo\/","article_published_time":"2022-04-09T07:40:53+00:00","article_modified_time":"2022-10-26T13:29:17+00:00","og_image":[{"width":768,"height":512,"url":"https:\/\/www.elturistatranquil.com\/wp-content\/uploads\/F01-Apartamentos-La-Jabega-Conil-de-la-Frontera.jpg","type":"image\/jpeg"}],"author":"admin","twitter_card":"summary_large_image","twitter_misc":{"Escrit per":"admin","Temps estimat de lectura":"17 minuts"},"schema":{"@context":"https:\/\/schema.org","@graph":[{"@type":"Article","@id":"https:\/\/www.elturistatranquil.com\/ca\/apartamentos-la-jabega-conil-costa-de-la-luz\/#article","isPartOf":{"@id":"https:\/\/www.elturistatranquil.com\/ca\/apartamentos-la-jabega-conil-costa-de-la-luz\/"},"author":{"name":"admin","@id":"https:\/\/www.elturistatranquil.com\/ca\/#\/schema\/person\/16f607c3079b96ed0c530a52e6b58bb5"},"headline":"Apartaments La J\u00e1bega Conil. Costa de la Luz","datePublished":"2022-04-09T07:40:53+00:00","dateModified":"2022-10-26T13:29:17+00:00","mainEntityOfPage":{"@id":"https:\/\/www.elturistatranquil.com\/ca\/apartamentos-la-jabega-conil-costa-de-la-luz\/"},"wordCount":1257,"commentCount":0,"image":{"@id":"https:\/\/www.elturistatranquil.com\/ca\/apartamentos-la-jabega-conil-costa-de-la-luz\/#primaryimage"},"thumbnailUrl":"https:\/\/www.elturistatranquil.com\/wp-content\/uploads\/F01-Apartamentos-La-Jabega-Conil-de-la-Frontera.jpg","articleSection":["Cadis","Hotel, Allotjament","Turisme tranquil"],"inLanguage":"ca","potentialAction":[{"@type":"CommentAction","name":"Comment","target":["https:\/\/www.elturistatranquil.com\/ca\/apartamentos-la-jabega-conil-costa-de-la-luz\/#respond"]}]},{"@type":"WebPage","@id":"https:\/\/www.elturistatranquil.com\/ca\/apartamentos-la-jabega-conil-costa-de-la-luz\/","url":"https:\/\/www.elturistatranquil.com\/ca\/apartamentos-la-jabega-conil-costa-de-la-luz\/","name":"Apartaments La J\u00e1bega Conil. Costa de la Luz - El turista tranquil","isPartOf":{"@id":"https:\/\/www.elturistatranquil.com\/ca\/#website"},"primaryImageOfPage":{"@id":"https:\/\/www.elturistatranquil.com\/ca\/apartamentos-la-jabega-conil-costa-de-la-luz\/#primaryimage"},"image":{"@id":"https:\/\/www.elturistatranquil.com\/ca\/apartamentos-la-jabega-conil-costa-de-la-luz\/#primaryimage"},"thumbnailUrl":"https:\/\/www.elturistatranquil.com\/wp-content\/uploads\/F01-Apartamentos-La-Jabega-Conil-de-la-Frontera.jpg","datePublished":"2022-04-09T07:40:53+00:00","dateModified":"2022-10-26T13:29:17+00:00","author":{"@id":"https:\/\/www.elturistatranquil.com\/ca\/#\/schema\/person\/16f607c3079b96ed0c530a52e6b58bb5"},"description":"Els Apartaments La J\u00e1bega Conil a Conil de la Frontera (Cadis) ofereixen l\u00b4experi\u00e8ncia de viure l\u00b4ambient d\u00b4una casa de pati de ve\u00efns tradicional andalusa, amb totes les comoditats del nostre temps.","breadcrumb":{"@id":"https:\/\/www.elturistatranquil.com\/ca\/apartamentos-la-jabega-conil-costa-de-la-luz\/#breadcrumb"},"inLanguage":"ca","potentialAction":[{"@type":"ReadAction","target":["https:\/\/www.elturistatranquil.com\/ca\/apartamentos-la-jabega-conil-costa-de-la-luz\/"]}]},{"@type":"ImageObject","inLanguage":"ca","@id":"https:\/\/www.elturistatranquil.com\/ca\/apartamentos-la-jabega-conil-costa-de-la-luz\/#primaryimage","url":"https:\/\/www.elturistatranquil.com\/wp-content\/uploads\/F01-Apartamentos-La-Jabega-Conil-de-la-Frontera.jpg","contentUrl":"https:\/\/www.elturistatranquil.com\/wp-content\/uploads\/F01-Apartamentos-La-Jabega-Conil-de-la-Frontera.jpg","width":768,"height":512,"caption":"Apartamentos La Jabega, Conil de la Frontera"},{"@type":"BreadcrumbList","@id":"https:\/\/www.elturistatranquil.com\/ca\/apartamentos-la-jabega-conil-costa-de-la-luz\/#breadcrumb","itemListElement":[{"@type":"ListItem","position":1,"name":"Portada","item":"https:\/\/www.elturistatranquil.com\/ca\/"},{"@type":"ListItem","position":2,"name":"Apartaments La J\u00e1bega Conil. Costa de la Luz"}]},{"@type":"WebSite","@id":"https:\/\/www.elturistatranquil.com\/ca\/#website","url":"https:\/\/www.elturistatranquil.com\/ca\/","name":"El turista tranquil","description":"Blog de viatges","potentialAction":[{"@type":"SearchAction","target":{"@type":"EntryPoint","urlTemplate":"https:\/\/www.elturistatranquil.com\/ca\/?s={search_term_string}"},"query-input":{"@type":"PropertyValueSpecification","valueRequired":true,"valueName":"search_term_string"}}],"inLanguage":"ca"},{"@type":"Person","@id":"https:\/\/www.elturistatranquil.com\/ca\/#\/schema\/person\/16f607c3079b96ed0c530a52e6b58bb5","name":"admin","image":{"@type":"ImageObject","inLanguage":"ca","@id":"https:\/\/secure.gravatar.com\/avatar\/1fbaf22aee75fcbb29a2f97b107f95d25d3a19b7c3416105be10269872673e8d?s=96&d=mm&r=g","url":"https:\/\/secure.gravatar.com\/avatar\/1fbaf22aee75fcbb29a2f97b107f95d25d3a19b7c3416105be10269872673e8d?s=96&d=mm&r=g","contentUrl":"https:\/\/secure.gravatar.com\/avatar\/1fbaf22aee75fcbb29a2f97b107f95d25d3a19b7c3416105be10269872673e8d?s=96&d=mm&r=g","caption":"admin"}}]}},"_links":{"self":[{"href":"https:\/\/www.elturistatranquil.com\/ca\/wp-json\/wp\/v2\/posts\/40343","targetHints":{"allow":["GET"]}}],"collection":[{"href":"https:\/\/www.elturistatranquil.com\/ca\/wp-json\/wp\/v2\/posts"}],"about":[{"href":"https:\/\/www.elturistatranquil.com\/ca\/wp-json\/wp\/v2\/types\/post"}],"author":[{"embeddable":true,"href":"https:\/\/www.elturistatranquil.com\/ca\/wp-json\/wp\/v2\/users\/1"}],"replies":[{"embeddable":true,"href":"https:\/\/www.elturistatranquil.com\/ca\/wp-json\/wp\/v2\/comments?post=40343"}],"version-history":[{"count":5,"href":"https:\/\/www.elturistatranquil.com\/ca\/wp-json\/wp\/v2\/posts\/40343\/revisions"}],"predecessor-version":[{"id":43836,"href":"https:\/\/www.elturistatranquil.com\/ca\/wp-json\/wp\/v2\/posts\/40343\/revisions\/43836"}],"wp:featuredmedia":[{"embeddable":true,"href":"https:\/\/www.elturistatranquil.com\/ca\/wp-json\/wp\/v2\/media\/40231"}],"wp:attachment":[{"href":"https:\/\/www.elturistatranquil.com\/ca\/wp-json\/wp\/v2\/media?parent=40343"}],"wp:term":[{"taxonomy":"category","embeddable":true,"href":"https:\/\/www.elturistatranquil.com\/ca\/wp-json\/wp\/v2\/categories?post=40343"},{"taxonomy":"post_tag","embeddable":true,"href":"https:\/\/www.elturistatranquil.com\/ca\/wp-json\/wp\/v2\/tags?post=40343"}],"curies":[{"name":"wp","href":"https:\/\/api.w.org\/{rel}","templated":true}]}}