{"id":40698,"date":"2022-04-23T18:18:28","date_gmt":"2022-04-23T16:18:28","guid":{"rendered":"https:\/\/www.elturistatranquil.com\/?p=40698"},"modified":"2022-09-03T19:06:33","modified_gmt":"2022-09-03T17:06:33","slug":"villaescusa-de-haro-conca","status":"publish","type":"post","link":"https:\/\/www.elturistatranquil.com\/ca\/villaescusa-de-haro-conca\/","title":{"rendered":"Villaescusa de Haro (Conca)"},"content":{"rendered":"\t\t<div data-elementor-type=\"wp-post\" data-elementor-id=\"40698\" class=\"elementor elementor-40698 elementor-40390\" data-elementor-post-type=\"post\">\n\t\t\t\t\t\t<section class=\"elementor-section elementor-top-section elementor-element elementor-element-3aeb2eb3 elementor-section-boxed elementor-section-height-default elementor-section-height-default\" data-id=\"3aeb2eb3\" data-element_type=\"section\" data-e-type=\"section\">\n\t\t\t\t\t\t<div class=\"elementor-container elementor-column-gap-default\">\n\t\t\t\t\t<div class=\"elementor-column elementor-col-100 elementor-top-column elementor-element elementor-element-dc33c85\" data-id=\"dc33c85\" data-element_type=\"column\" data-e-type=\"column\">\n\t\t\t<div class=\"elementor-widget-wrap elementor-element-populated\">\n\t\t\t\t\t\t<section class=\"elementor-section elementor-inner-section elementor-element elementor-element-2fea9c99 elementor-section-content-middle elementor-section-boxed elementor-section-height-default elementor-section-height-default\" data-id=\"2fea9c99\" data-element_type=\"section\" data-e-type=\"section\">\n\t\t\t\t\t\t<div class=\"elementor-container elementor-column-gap-default\">\n\t\t\t\t\t<div class=\"elementor-column elementor-col-100 elementor-inner-column elementor-element elementor-element-7a8775bd\" data-id=\"7a8775bd\" data-element_type=\"column\" data-e-type=\"column\">\n\t\t\t<div class=\"elementor-widget-wrap elementor-element-populated\">\n\t\t\t\t\t\t<div class=\"elementor-element elementor-element-60db0aab elementor-widget elementor-widget-text-editor\" data-id=\"60db0aab\" data-element_type=\"widget\" data-e-type=\"widget\" data-widget_type=\"text-editor.default\">\n\t\t\t\t<div class=\"elementor-widget-container\">\n\t\t\t\t\t\t\t\t\t<p>La vila de <em>Villaescusa de Haro<\/em> (Conca) presenta un indubtable atractiu per ser visitada, tant pels monuments religiosos i civils (BIC), com per la perviv\u00e8ncia de l&#8217;arquitectura popular manxega en el recorregut pels seus carrers.<\/p>\t\t\t\t\t\t\t\t<\/div>\n\t\t\t\t<\/div>\n\t\t\t\t\t<\/div>\n\t\t<\/div>\n\t\t\t\t\t<\/div>\n\t\t<\/section>\n\t\t\t\t<div class=\"elementor-element elementor-element-2bc82e88 elementor-widget elementor-widget-heading\" data-id=\"2bc82e88\" data-element_type=\"widget\" data-e-type=\"widget\" data-widget_type=\"heading.default\">\n\t\t\t\t<div class=\"elementor-widget-container\">\n\t\t\t\t\t<h1 class=\"elementor-heading-title elementor-size-default\">Villaescusa de Haro (Conca)<\/h1>\t\t\t\t<\/div>\n\t\t\t\t<\/div>\n\t\t\t\t\t<\/div>\n\t\t<\/div>\n\t\t\t\t\t<\/div>\n\t\t<\/section>\n\t\t\t\t<section class=\"elementor-section elementor-top-section elementor-element elementor-element-4831b20f elementor-section-boxed elementor-section-height-default elementor-section-height-default\" data-id=\"4831b20f\" data-element_type=\"section\" data-e-type=\"section\">\n\t\t\t\t\t\t<div class=\"elementor-container elementor-column-gap-default\">\n\t\t\t\t\t<div class=\"elementor-column elementor-col-100 elementor-top-column elementor-element elementor-element-62006e11\" data-id=\"62006e11\" data-element_type=\"column\" data-e-type=\"column\">\n\t\t\t<div class=\"elementor-widget-wrap elementor-element-populated\">\n\t\t\t\t\t\t<div class=\"elementor-element elementor-element-bfab78a elementor-widget elementor-widget-image\" data-id=\"bfab78a\" data-element_type=\"widget\" data-e-type=\"widget\" data-widget_type=\"image.default\">\n\t\t\t\t<div class=\"elementor-widget-container\">\n\t\t\t\t\t\t\t\t\t\t\t\t<figure class=\"wp-caption\">\n\t\t\t\t\t\t\t\t\t\t<img fetchpriority=\"high\" decoding=\"async\" width=\"768\" height=\"512\" src=\"https:\/\/www.elturistatranquil.com\/wp-content\/uploads\/F01-Villaescusa-de-Haro-y-molinos-Google-earth-2022-04-12.jpg\" class=\"attachment-large size-large wp-image-40408\" alt=\"Villaescusa de Haro y molinos (Google earth 2022-04-12)\" srcset=\"https:\/\/www.elturistatranquil.com\/wp-content\/uploads\/F01-Villaescusa-de-Haro-y-molinos-Google-earth-2022-04-12.jpg 768w, https:\/\/www.elturistatranquil.com\/wp-content\/uploads\/F01-Villaescusa-de-Haro-y-molinos-Google-earth-2022-04-12-339x226.jpg 339w\" sizes=\"(max-width: 768px) 100vw, 768px\" \/>\t\t\t\t\t\t\t\t\t\t\t<figcaption class=\"widget-image-caption wp-caption-text\">Villaescusa de Haro i molins (Google earth 2022-04-12)<\/figcaption>\n\t\t\t\t\t\t\t\t\t\t<\/figure>\n\t\t\t\t\t\t\t\t\t<\/div>\n\t\t\t\t<\/div>\n\t\t\t\t<div class=\"elementor-element elementor-element-418d0671 elementor-widget elementor-widget-spacer\" data-id=\"418d0671\" data-element_type=\"widget\" data-e-type=\"widget\" data-widget_type=\"spacer.default\">\n\t\t\t\t<div class=\"elementor-widget-container\">\n\t\t\t\t\t\t\t<div class=\"elementor-spacer\">\n\t\t\t<div class=\"elementor-spacer-inner\"><\/div>\n\t\t<\/div>\n\t\t\t\t\t\t<\/div>\n\t\t\t\t<\/div>\n\t\t\t\t<div class=\"elementor-element elementor-element-5b0aee4 elementor-widget elementor-widget-heading\" data-id=\"5b0aee4\" data-element_type=\"widget\" data-e-type=\"widget\" data-widget_type=\"heading.default\">\n\t\t\t\t<div class=\"elementor-widget-container\">\n\t\t\t\t\t<h2 class=\"elementor-heading-title elementor-size-default\">Villaescusa de Haro. La Tierra de Alarc\u00f3n. Conca<\/h2>\t\t\t\t<\/div>\n\t\t\t\t<\/div>\n\t\t\t\t<section class=\"elementor-section elementor-inner-section elementor-element elementor-element-40080410 elementor-section-boxed elementor-section-height-default elementor-section-height-default\" data-id=\"40080410\" data-element_type=\"section\" data-e-type=\"section\" data-settings=\"{&quot;background_background&quot;:&quot;classic&quot;}\">\n\t\t\t\t\t\t\t<div class=\"elementor-background-overlay\"><\/div>\n\t\t\t\t\t\t\t<div class=\"elementor-container elementor-column-gap-default\">\n\t\t\t\t\t<div class=\"elementor-column elementor-col-100 elementor-inner-column elementor-element elementor-element-6528a09f\" data-id=\"6528a09f\" data-element_type=\"column\" data-e-type=\"column\" data-settings=\"{&quot;background_background&quot;:&quot;classic&quot;}\">\n\t\t\t<div class=\"elementor-widget-wrap elementor-element-populated\">\n\t\t\t\t\t\t<div class=\"elementor-element elementor-element-4213a774 elementor-widget elementor-widget-text-editor\" data-id=\"4213a774\" data-element_type=\"widget\" data-e-type=\"widget\" data-widget_type=\"text-editor.default\">\n\t\t\t\t<div class=\"elementor-widget-container\">\n\t\t\t\t\t\t\t\t\t<p>Comarca: La Tierra de Alarc\u00f3n.\u00a0 Prov\u00edncia: Cuenca. Com. Aut\u00f2noma: Castilla-La Mancha<\/p><p>Coordenades: 39\u00b035\u203251\u2033N 2\u00b040\u203225\u2033O. Altitud: 824 msnm. Poblaci\u00f3: 471 hab. (2021)<\/p><p>Web: <a href=\"http:\/\/villaescusadeharo.com\/\" target=\"_blank\" rel=\"noopener\">ayuntamiento<\/a><\/p><p>Tel\u00e8fon de Concertaci\u00f3 de Visites a l&#8217;Esgl\u00e9sia Parroquial: 684 31 21 34<\/p><p>Visita: 2022<\/p>\t\t\t\t\t\t\t\t<\/div>\n\t\t\t\t<\/div>\n\t\t\t\t\t<\/div>\n\t\t<\/div>\n\t\t\t\t\t<\/div>\n\t\t<\/section>\n\t\t\t\t<div class=\"elementor-element elementor-element-23c0edad elementor-widget elementor-widget-image\" data-id=\"23c0edad\" data-element_type=\"widget\" data-e-type=\"widget\" data-widget_type=\"image.default\">\n\t\t\t\t<div class=\"elementor-widget-container\">\n\t\t\t\t\t\t\t\t\t\t\t\t<figure class=\"wp-caption\">\n\t\t\t\t\t\t\t\t\t\t<img decoding=\"async\" width=\"768\" height=\"512\" src=\"https:\/\/www.elturistatranquil.com\/wp-content\/uploads\/F02c-Mapa-de-situacio-de-Villaescusa-de-Haro-Google-maps-2022-04-15.jpg\" class=\"attachment-medium_large size-medium_large wp-image-40700\" alt=\"Mapa de situaci\u00f3 de Villaescusa de Haro (Google maps 2022-04-15)\" srcset=\"https:\/\/www.elturistatranquil.com\/wp-content\/uploads\/F02c-Mapa-de-situacio-de-Villaescusa-de-Haro-Google-maps-2022-04-15.jpg 768w, https:\/\/www.elturistatranquil.com\/wp-content\/uploads\/F02c-Mapa-de-situacio-de-Villaescusa-de-Haro-Google-maps-2022-04-15-339x226.jpg 339w\" sizes=\"(max-width: 768px) 100vw, 768px\" \/>\t\t\t\t\t\t\t\t\t\t\t<figcaption class=\"widget-image-caption wp-caption-text\">Villaescusa de Haro i molins (Google earth 2022-04-12)<\/figcaption>\n\t\t\t\t\t\t\t\t\t\t<\/figure>\n\t\t\t\t\t\t\t\t\t<\/div>\n\t\t\t\t<\/div>\n\t\t\t\t<section class=\"elementor-section elementor-inner-section elementor-element elementor-element-eec03bd elementor-section-boxed elementor-section-height-default elementor-section-height-default\" data-id=\"eec03bd\" data-element_type=\"section\" data-e-type=\"section\" data-settings=\"{&quot;background_background&quot;:&quot;classic&quot;}\">\n\t\t\t\t\t\t<div class=\"elementor-container elementor-column-gap-default\">\n\t\t\t\t\t<div class=\"elementor-column elementor-col-100 elementor-inner-column elementor-element elementor-element-336e5725\" data-id=\"336e5725\" data-element_type=\"column\" data-e-type=\"column\">\n\t\t\t<div class=\"elementor-widget-wrap elementor-element-populated\">\n\t\t\t\t\t\t<div class=\"elementor-element elementor-element-24cfdd43 elementor-widget elementor-widget-text-editor\" data-id=\"24cfdd43\" data-element_type=\"widget\" data-e-type=\"widget\" data-widget_type=\"text-editor.default\">\n\t\t\t\t<div class=\"elementor-widget-container\">\n\t\t\t\t\t\t\t\t\t<p style=\"text-align: center;\"><strong>\u00cdndex<\/strong><\/p>\t\t\t\t\t\t\t\t<\/div>\n\t\t\t\t<\/div>\n\t\t\t\t<div class=\"elementor-element elementor-element-1e108836 elementor-widget elementor-widget-text-editor\" data-id=\"1e108836\" data-element_type=\"widget\" data-e-type=\"widget\" data-widget_type=\"text-editor.default\">\n\t\t\t\t<div class=\"elementor-widget-container\">\n\t\t\t\t\t\t\t\t\t<p><a href=\"https:\/\/www.elturistatranquil.com\/ca\/villaescusa-de-haro-conca\/#c7301\">Villaescusa de Haro. La Tierra de Alarc\u00f3n. Cuenca<\/a><\/p><p><a href=\"https:\/\/www.elturistatranquil.com\/ca\/villaescusa-de-haro-conca\/#c7302\">Una mica d&#8217;hist\u00f2ria<\/a><\/p><p><a href=\"https:\/\/www.elturistatranquil.com\/ca\/villaescusa-de-haro-conca\/#c7303\">La visita a Villaescusa de Haro<\/a><\/p><p style=\"padding-left: 40px;\"><a href=\"https:\/\/www.elturistatranquil.com\/ca\/villaescusa-de-haro-conca\/#c7304\">Esgl\u00e9sia parroquial de San Pedro Ap\u00f3stol<\/a><\/p><p style=\"padding-left: 40px;\"><a href=\"https:\/\/www.elturistatranquil.com\/ca\/villaescusa-de-haro-conca\/#c7305\">Capella de Nuestra Se\u00f1ora de la Asunci\u00f3n<\/a><\/p><p style=\"padding-left: 40px;\"><a href=\"https:\/\/www.elturistatranquil.com\/ca\/villaescusa-de-haro-conca\/#c7306\">Rotlle de justicia<\/a><\/p><p style=\"padding-left: 40px;\"><a href=\"https:\/\/www.elturistatranquil.com\/ca\/villaescusa-de-haro-conca\/#c7307\">Carrer de San Pedro<\/a><\/p><p style=\"padding-left: 40px;\"><a href=\"https:\/\/www.elturistatranquil.com\/ca\/villaescusa-de-haro-conca\/#c7308\">Palau dels Ram\u00edrez de Arellano, Casa Grande, actual Ajuntament<\/a><\/p><p style=\"padding-left: 40px;\"><a href=\"https:\/\/www.elturistatranquil.com\/ca\/villaescusa-de-haro-conca\/#c7309\">Col\u00b7legi universitari o Universitat \u201cnon nata\u201d<\/a><\/p><p style=\"padding-left: 40px;\"><a href=\"https:\/\/www.elturistatranquil.com\/ca\/villaescusa-de-haro-conca\/#c7310\">Esgl\u00e9sia del Convent de Justinianes<\/a><\/p><p style=\"padding-left: 40px;\"><a href=\"https:\/\/www.elturistatranquil.com\/ca\/villaescusa-de-haro-conca\/#c7311\">Ru\u00efnes de l\u2019esgl\u00e9sia dels Dominics (los Frailes) i zona arqueol\u00f2gica<\/a><\/p><p style=\"padding-left: 40px;\"><a href=\"https:\/\/www.elturistatranquil.com\/ca\/villaescusa-de-haro-conca\/#c7312\">Antic p\u00f2sit<\/a><\/p><p style=\"padding-left: 40px;\"><a href=\"https:\/\/www.elturistatranquil.com\/ca\/villaescusa-de-haro-conca\/#c7313\">Pla\u00e7a de la Villeta<\/a><\/p><p style=\"padding-left: 40px;\"><a href=\"https:\/\/www.elturistatranquil.com\/ca\/villaescusa-de-haro-conca\/#c7314\">Font de San Pedro (\u201cfuente romana\u201d)<\/a><\/p><p style=\"padding-left: 40px;\"><a href=\"https:\/\/www.elturistatranquil.com\/ca\/villaescusa-de-haro-conca\/#c7315\">Safareigs p\u00fablics. Las balsas<\/a><\/p><p style=\"padding-left: 40px;\"><a href=\"https:\/\/www.elturistatranquil.com\/ca\/villaescusa-de-haro-conca\/#c7316\">Casa natal de Luis Astrana Mar\u00edn<\/a><\/p><p style=\"padding-left: 40px;\"><a href=\"https:\/\/www.elturistatranquil.com\/ca\/villaescusa-de-haro-conca\/#c7317\">Torre de l\u2019aigua<\/a><\/p><p style=\"padding-left: 40px;\"><a href=\"https:\/\/www.elturistatranquil.com\/ca\/villaescusa-de-haro-conca\/#c7318\">Arquitectura popular manxega i senyorial<\/a><\/p><p style=\"padding-left: 40px;\"><a href=\"https:\/\/www.elturistatranquil.com\/ca\/villaescusa-de-haro-conca\/#c7319\">Molins de Vent del segle XVI restaurats<\/a><\/p><p style=\"padding-left: 40px;\"><a href=\"https:\/\/www.elturistatranquil.com\/ca\/villaescusa-de-haro-conca\/#c7320\">Castell de Villaescusa de Haro<\/a><\/p><p><a href=\"https:\/\/www.elturistatranquil.com\/ca\/villaescusa-de-haro-conca\/#c7321\">Fi de la visita<\/a><\/p><p><a href=\"https:\/\/www.elturistatranquil.com\/ca\/villaescusa-de-haro-conca\/#c7322\">Bases d\u2019informaci\u00f3<\/a><\/p>\t\t\t\t\t\t\t\t<\/div>\n\t\t\t\t<\/div>\n\t\t\t\t\t<\/div>\n\t\t<\/div>\n\t\t\t\t\t<\/div>\n\t\t<\/section>\n\t\t\t\t<div class=\"elementor-element elementor-element-6b9e3ae9 elementor-widget elementor-widget-spacer\" data-id=\"6b9e3ae9\" data-element_type=\"widget\" data-e-type=\"widget\" data-widget_type=\"spacer.default\">\n\t\t\t\t<div class=\"elementor-widget-container\">\n\t\t\t\t\t\t\t<div class=\"elementor-spacer\">\n\t\t\t<div class=\"elementor-spacer-inner\"><\/div>\n\t\t<\/div>\n\t\t\t\t\t\t<\/div>\n\t\t\t\t<\/div>\n\t\t\t\t<div class=\"elementor-element elementor-element-5b3cfb7e elementor-widget elementor-widget-menu-anchor\" data-id=\"5b3cfb7e\" data-element_type=\"widget\" data-e-type=\"widget\" data-widget_type=\"menu-anchor.default\">\n\t\t\t\t<div class=\"elementor-widget-container\">\n\t\t\t\t\t\t\t<div class=\"elementor-menu-anchor\" id=\"c7301\"><\/div>\n\t\t\t\t\t\t<\/div>\n\t\t\t\t<\/div>\n\t\t\t\t<div class=\"elementor-element elementor-element-33c4f792 elementor-widget elementor-widget-spacer\" data-id=\"33c4f792\" data-element_type=\"widget\" data-e-type=\"widget\" data-widget_type=\"spacer.default\">\n\t\t\t\t<div class=\"elementor-widget-container\">\n\t\t\t\t\t\t\t<div class=\"elementor-spacer\">\n\t\t\t<div class=\"elementor-spacer-inner\"><\/div>\n\t\t<\/div>\n\t\t\t\t\t\t<\/div>\n\t\t\t\t<\/div>\n\t\t\t\t<div class=\"elementor-element elementor-element-74da7501 elementor-widget elementor-widget-heading\" data-id=\"74da7501\" data-element_type=\"widget\" data-e-type=\"widget\" data-widget_type=\"heading.default\">\n\t\t\t\t<div class=\"elementor-widget-container\">\n\t\t\t\t\t<h2 class=\"elementor-heading-title elementor-size-default\">Villaescusa de Haro. La Tierra de Alarc\u00f3n. Conca<\/h2>\t\t\t\t<\/div>\n\t\t\t\t<\/div>\n\t\t\t\t<div class=\"elementor-element elementor-element-76a4aea4 elementor-widget elementor-widget-text-editor\" data-id=\"76a4aea4\" data-element_type=\"widget\" data-e-type=\"widget\" data-widget_type=\"text-editor.default\">\n\t\t\t\t<div class=\"elementor-widget-container\">\n\t\t\t\t\t\t\t\t\t<p>Villaescusa de Haro es localitza a la comarca conquenca de Tierra de Alarc\u00f3n, Al sud-oest de la prov\u00edncia, en els l\u00edmits amb les de Toledo i Ciudad Real en terres manxegues, a una altitud de 824 msnm.<\/p>\t\t\t\t\t\t\t\t<\/div>\n\t\t\t\t<\/div>\n\t\t\t\t<div class=\"elementor-element elementor-element-4e308aae elementor-widget elementor-widget-image\" data-id=\"4e308aae\" data-element_type=\"widget\" data-e-type=\"widget\" data-widget_type=\"image.default\">\n\t\t\t\t<div class=\"elementor-widget-container\">\n\t\t\t\t\t\t\t\t\t\t\t\t<figure class=\"wp-caption\">\n\t\t\t\t\t\t\t\t\t\t<img decoding=\"async\" width=\"768\" height=\"512\" src=\"https:\/\/www.elturistatranquil.com\/wp-content\/uploads\/F03-Villaescusa-de-Haro.jpg\" class=\"attachment-large size-large wp-image-40412\" alt=\"Villaescusa de Haro\" srcset=\"https:\/\/www.elturistatranquil.com\/wp-content\/uploads\/F03-Villaescusa-de-Haro.jpg 768w, https:\/\/www.elturistatranquil.com\/wp-content\/uploads\/F03-Villaescusa-de-Haro-339x226.jpg 339w\" sizes=\"(max-width: 768px) 100vw, 768px\" \/>\t\t\t\t\t\t\t\t\t\t\t<figcaption class=\"widget-image-caption wp-caption-text\"><\/figcaption>\n\t\t\t\t\t\t\t\t\t\t<\/figure>\n\t\t\t\t\t\t\t\t\t<\/div>\n\t\t\t\t<\/div>\n\t\t\t\t<div class=\"elementor-element elementor-element-d38ec6a elementor-widget elementor-widget-menu-anchor\" data-id=\"d38ec6a\" data-element_type=\"widget\" data-e-type=\"widget\" data-widget_type=\"menu-anchor.default\">\n\t\t\t\t<div class=\"elementor-widget-container\">\n\t\t\t\t\t\t\t<div class=\"elementor-menu-anchor\" id=\"c7302\"><\/div>\n\t\t\t\t\t\t<\/div>\n\t\t\t\t<\/div>\n\t\t\t\t<div class=\"elementor-element elementor-element-fbf2d38 elementor-widget elementor-widget-image\" data-id=\"fbf2d38\" data-element_type=\"widget\" data-e-type=\"widget\" data-widget_type=\"image.default\">\n\t\t\t\t<div class=\"elementor-widget-container\">\n\t\t\t\t\t\t\t\t\t\t\t\t<figure class=\"wp-caption\">\n\t\t\t\t\t\t\t\t\t\t<img loading=\"lazy\" decoding=\"async\" width=\"768\" height=\"512\" src=\"https:\/\/www.elturistatranquil.com\/wp-content\/uploads\/F04-Villaescusa-de-Haro.jpg\" class=\"attachment-large size-large wp-image-40405\" alt=\"Villaescusa de Haro\" srcset=\"https:\/\/www.elturistatranquil.com\/wp-content\/uploads\/F04-Villaescusa-de-Haro.jpg 768w, https:\/\/www.elturistatranquil.com\/wp-content\/uploads\/F04-Villaescusa-de-Haro-339x226.jpg 339w\" sizes=\"(max-width: 768px) 100vw, 768px\" \/>\t\t\t\t\t\t\t\t\t\t\t<figcaption class=\"widget-image-caption wp-caption-text\"><\/figcaption>\n\t\t\t\t\t\t\t\t\t\t<\/figure>\n\t\t\t\t\t\t\t\t\t<\/div>\n\t\t\t\t<\/div>\n\t\t\t\t<div class=\"elementor-element elementor-element-70a8a04c elementor-widget elementor-widget-heading\" data-id=\"70a8a04c\" data-element_type=\"widget\" data-e-type=\"widget\" data-widget_type=\"heading.default\">\n\t\t\t\t<div class=\"elementor-widget-container\">\n\t\t\t\t\t<h2 class=\"elementor-heading-title elementor-size-default\">Una mica d'hist\u00f2ria<\/h2>\t\t\t\t<\/div>\n\t\t\t\t<\/div>\n\t\t\t\t<div class=\"elementor-element elementor-element-e3e647f elementor-widget elementor-widget-text-editor\" data-id=\"e3e647f\" data-element_type=\"widget\" data-e-type=\"widget\" data-widget_type=\"text-editor.default\">\n\t\t\t\t<div class=\"elementor-widget-container\">\n\t\t\t\t\t\t\t\t\t<p>Territori amb vestigis hist\u00f2rics anteriors a l&#8217;\u00e8poca romana, la hist\u00f2ria de la vila actual comen\u00e7a al segle XIII, en plena reconquesta castellana, quan D. Diego L\u00f3pez de Haro, alferes major de Castella i senyor de Biscaia, despr\u00e9s de la presa d&#8217;Alarc\u00f3n, obt\u00e9 com a recompensa del rei Alfonso VIII el senyoriu d&#8217;Haro, juntament amb la poblaci\u00f3 de Villaescusa i la pobla d&#8217;Haro. Va ser, doncs, una fortalesa creada amb motiu de la nova frontera entre cristians i musulmans que es va establir al nord del riu Guadiana i que sumava a la seva funci\u00f3 defensiva la funci\u00f3 repobladora de fixaci\u00f3 de la poblaci\u00f3 de les noves terres conquerides.<\/p><p>El creixement de la poblaci\u00f3, allunyada del castell, es desenvolupa a partir del segle XIV i, especialment, als segles XV i XVI. A partir d&#8217;aquell moment, el que podria haver estat una gran poblaci\u00f3, si s&#8217;hi hagu\u00e9s assentat la Universitat projectada, veur\u00e0 estancat el seu creixement fins a la situaci\u00f3 actual amb 471 habitants (2021).<\/p><p>La localitat de l&#8217;Orde de Santiago es correspon amb el terme actual de Villaescusa de Haro, Conca.<\/p><p>En 1387 rep el privilegi de l&#8217;Infant Don Fadrique, Mestre de l&#8217;Orde de Santiago, separant Villaescusa de la jurisdicci\u00f3 d&#8217;Haro (Navarra), i fent-la vila, atorgant-li al mateix temps el Fuero de Conca i tots els bons usos i costums dels pobladors Haro.<\/p><p>El 1477, per la seva fidelitat a la Corona, se li va concedir un privilegi per cobrar impostos.<\/p><p>Al segle XIV havien arribat a Villaescusa els Ram\u00edrez d&#8217;Arellano. Provenien de Navarra, de la l\u00ednia dels senyors de Navarra. Segons la llegenda, van arribar fugint del rei de Navarra per un assumpte d&#8217;assassinat. Don Pedro Ram\u00edrez es va casar al lloc amb Isabel Palomares de Haro i \u00e9s l&#8217;origen de tots els Ram\u00edrez de Villaescusa.<\/p><p>D&#8217;ells prov\u00e9 que la vila sigui coneguda com la \u201cvila dels bisbes\u201d, ja que hi van n\u00e9ixer entre dotze i quinze mitrats, tots de la fam\u00edlia dels Ram\u00edrez, al llarg dels segles XV i XVII.<\/p><p>Entre tots aquests bisbes els que m\u00e9s van destacar en assumptes religiosos, en pol\u00edtica o en literatura van ser: D. Diego Ram\u00edrez de Villaescusa, D. Sebasti\u00e1n Ram\u00edrez de Fuenleal, D. Antonio Ram\u00edrez d&#8217;Haro, D. Garc\u00eda Guill\u00e9n Ram\u00edrez i D. Diego Ram\u00edrez Sede\u00f1o de Fuenlabrada.<\/p><p>Al segle XVII comen\u00e7a la seva decad\u00e8ncia. La fabricaci\u00f3 de draps la frena al segle XVIII, per\u00f2 al segle XIX la Guerra del Franc\u00e8s, i les desamortitzacions i la supressi\u00f3 de l&#8217;Orde es Santiago acceleren aquest proc\u00e9s de decad\u00e8ncia.<\/p><p>L&#8217;economia de Villaescusa de Haro es basa en l&#8217;agricultura i la ramaderia.<\/p><p>Com \u00e9s t\u00edpic de la zona, la poblaci\u00f3 es concentra al nucli, i es veu sotmesa al proc\u00e9s de p\u00e8rdua de poblaci\u00f3. Dels 595 habitants de l&#8217;any 2000 es passa als 574 del 2010 i als 471 del 2021.<\/p>\t\t\t\t\t\t\t\t<\/div>\n\t\t\t\t<\/div>\n\t\t\t\t<div class=\"elementor-element elementor-element-70c3de5 elementor-widget elementor-widget-menu-anchor\" data-id=\"70c3de5\" data-element_type=\"widget\" data-e-type=\"widget\" data-widget_type=\"menu-anchor.default\">\n\t\t\t\t<div class=\"elementor-widget-container\">\n\t\t\t\t\t\t\t<div class=\"elementor-menu-anchor\" id=\"c7303\"><\/div>\n\t\t\t\t\t\t<\/div>\n\t\t\t\t<\/div>\n\t\t\t\t<div class=\"elementor-element elementor-element-e4261ef elementor-widget elementor-widget-heading\" data-id=\"e4261ef\" data-element_type=\"widget\" data-e-type=\"widget\" data-widget_type=\"heading.default\">\n\t\t\t\t<div class=\"elementor-widget-container\">\n\t\t\t\t\t<h2 class=\"elementor-heading-title elementor-size-default\">La visita a Villaescusa de Haro<\/h2>\t\t\t\t<\/div>\n\t\t\t\t<\/div>\n\t\t\t\t<div class=\"elementor-element elementor-element-4817e36 elementor-widget elementor-widget-menu-anchor\" data-id=\"4817e36\" data-element_type=\"widget\" data-e-type=\"widget\" data-widget_type=\"menu-anchor.default\">\n\t\t\t\t<div class=\"elementor-widget-container\">\n\t\t\t\t\t\t\t<div class=\"elementor-menu-anchor\" id=\"c7304\"><\/div>\n\t\t\t\t\t\t<\/div>\n\t\t\t\t<\/div>\n\t\t\t\t<div class=\"elementor-element elementor-element-c28a8b6 elementor-widget elementor-widget-image\" data-id=\"c28a8b6\" data-element_type=\"widget\" data-e-type=\"widget\" data-widget_type=\"image.default\">\n\t\t\t\t<div class=\"elementor-widget-container\">\n\t\t\t\t\t\t\t\t\t\t\t\t<figure class=\"wp-caption\">\n\t\t\t\t\t\t\t\t\t\t<img loading=\"lazy\" decoding=\"async\" width=\"768\" height=\"512\" src=\"https:\/\/www.elturistatranquil.com\/wp-content\/uploads\/F05-Monumentos-de-Villaescusa-de-Haro-Google-maps-2022-04-22.jpg\" class=\"attachment-large size-large wp-image-40414\" alt=\"Monumentos de Villaescusa de Haro (Google maps 2022-04-22)\" srcset=\"https:\/\/www.elturistatranquil.com\/wp-content\/uploads\/F05-Monumentos-de-Villaescusa-de-Haro-Google-maps-2022-04-22.jpg 768w, https:\/\/www.elturistatranquil.com\/wp-content\/uploads\/F05-Monumentos-de-Villaescusa-de-Haro-Google-maps-2022-04-22-339x226.jpg 339w\" sizes=\"(max-width: 768px) 100vw, 768px\" \/>\t\t\t\t\t\t\t\t\t\t\t<figcaption class=\"widget-image-caption wp-caption-text\">Monuments de Villaescusa de Haro (Google maps 2022-04-22)<\/figcaption>\n\t\t\t\t\t\t\t\t\t\t<\/figure>\n\t\t\t\t\t\t\t\t\t<\/div>\n\t\t\t\t<\/div>\n\t\t\t\t<div class=\"elementor-element elementor-element-08713f6 elementor-widget elementor-widget-heading\" data-id=\"08713f6\" data-element_type=\"widget\" data-e-type=\"widget\" data-widget_type=\"heading.default\">\n\t\t\t\t<div class=\"elementor-widget-container\">\n\t\t\t\t\t<h3 class=\"elementor-heading-title elementor-size-default\">Esgl\u00e9sia parroquial de San Pedro Ap\u00f3stol <\/h3>\t\t\t\t<\/div>\n\t\t\t\t<\/div>\n\t\t\t\t<div class=\"elementor-element elementor-element-f4eb45e elementor-widget elementor-widget-text-editor\" data-id=\"f4eb45e\" data-element_type=\"widget\" data-e-type=\"widget\" data-widget_type=\"text-editor.default\">\n\t\t\t\t<div class=\"elementor-widget-container\">\n\t\t\t\t\t\t\t\t\t<p><em>B\u00e9 d&#8217;Inter\u00e8s Cultural: Monument des del 1931<\/em><\/p>\t\t\t\t\t\t\t\t<\/div>\n\t\t\t\t<\/div>\n\t\t\t\t<div class=\"elementor-element elementor-element-33f5f5e elementor-widget elementor-widget-image\" data-id=\"33f5f5e\" data-element_type=\"widget\" data-e-type=\"widget\" data-widget_type=\"image.default\">\n\t\t\t\t<div class=\"elementor-widget-container\">\n\t\t\t\t\t\t\t\t\t\t\t\t<figure class=\"wp-caption\">\n\t\t\t\t\t\t\t\t\t\t<img loading=\"lazy\" decoding=\"async\" width=\"768\" height=\"512\" src=\"https:\/\/www.elturistatranquil.com\/wp-content\/uploads\/F06a-Planta-de-la-Iglesia-de-San-Pedro.-Villaescusa-de-Haro.jpg\" class=\"attachment-large size-large wp-image-40416\" alt=\"Planta de la Iglesia de San Pedro. Villaescusa de Haro\" srcset=\"https:\/\/www.elturistatranquil.com\/wp-content\/uploads\/F06a-Planta-de-la-Iglesia-de-San-Pedro.-Villaescusa-de-Haro.jpg 768w, https:\/\/www.elturistatranquil.com\/wp-content\/uploads\/F06a-Planta-de-la-Iglesia-de-San-Pedro.-Villaescusa-de-Haro-339x226.jpg 339w\" sizes=\"(max-width: 768px) 100vw, 768px\" \/>\t\t\t\t\t\t\t\t\t\t\t<figcaption class=\"widget-image-caption wp-caption-text\">Planta de l'Esgl\u00e9sia de San Pedro (Font: Cat\u00e0leg Monumental del Patrimoni Arquitect\u00f2nic, Conca)<\/figcaption>\n\t\t\t\t\t\t\t\t\t\t<\/figure>\n\t\t\t\t\t\t\t\t\t<\/div>\n\t\t\t\t<\/div>\n\t\t\t\t<div class=\"elementor-element elementor-element-92a03de elementor-widget elementor-widget-text-editor\" data-id=\"92a03de\" data-element_type=\"widget\" data-e-type=\"widget\" data-widget_type=\"text-editor.default\">\n\t\t\t\t<div class=\"elementor-widget-container\">\n\t\t\t\t\t\t\t\t\t<p>Al punt m\u00e9s elevat de la localitat, sobresortint sobre les cases d&#8217;arquitectura popular manxega, apareix l&#8217; <strong>esgl\u00e9sia Parroquial de San Pedro<\/strong> (<strong>1<\/strong>).<\/p><p>Constru\u00efda sobre una altra esgl\u00e9sia anterior del segle XIII, el temple actual es va aixecar al segle XVI, per la qual cosa l&#8217;edifici actual segueix l&#8217;estil renaixentista, encara que amb nombroses transformacions fins al segle XVIII.<\/p>\t\t\t\t\t\t\t\t<\/div>\n\t\t\t\t<\/div>\n\t\t\t\t<div class=\"elementor-element elementor-element-c177b00 elementor-widget elementor-widget-image\" data-id=\"c177b00\" data-element_type=\"widget\" data-e-type=\"widget\" data-widget_type=\"image.default\">\n\t\t\t\t<div class=\"elementor-widget-container\">\n\t\t\t\t\t\t\t\t\t\t\t\t<figure class=\"wp-caption\">\n\t\t\t\t\t\t\t\t\t\t<img loading=\"lazy\" decoding=\"async\" width=\"768\" height=\"512\" src=\"https:\/\/www.elturistatranquil.com\/wp-content\/uploads\/F06b-Iglesia-de-San-Pedro.-Villaescusa-de-Haro.jpg\" class=\"attachment-large size-large wp-image-40418\" alt=\"Iglesia de San Pedro. Villaescusa de Haro\" srcset=\"https:\/\/www.elturistatranquil.com\/wp-content\/uploads\/F06b-Iglesia-de-San-Pedro.-Villaescusa-de-Haro.jpg 768w, https:\/\/www.elturistatranquil.com\/wp-content\/uploads\/F06b-Iglesia-de-San-Pedro.-Villaescusa-de-Haro-339x226.jpg 339w\" sizes=\"(max-width: 768px) 100vw, 768px\" \/>\t\t\t\t\t\t\t\t\t\t\t<figcaption class=\"widget-image-caption wp-caption-text\"><\/figcaption>\n\t\t\t\t\t\t\t\t\t\t<\/figure>\n\t\t\t\t\t\t\t\t\t<\/div>\n\t\t\t\t<\/div>\n\t\t\t\t<div class=\"elementor-element elementor-element-ef7993a elementor-widget elementor-widget-text-editor\" data-id=\"ef7993a\" data-element_type=\"widget\" data-e-type=\"widget\" data-widget_type=\"text-editor.default\">\n\t\t\t\t<div class=\"elementor-widget-container\">\n\t\t\t\t\t\t\t\t\t<p>La forma exterior original presentava planta rectangular que integrava els tres absis rectes, amb menor al\u00e7ada de les teulades de les dues absidioles. Al lateral de l&#8217;ep\u00edstola dos contraforts rectes.<\/p><p>Les modificacions posteriors van ser la incorporaci\u00f3 de capelles exteriors adossades i una gran sagristia. El fet que cada capella tingui una forma i proporcions diferents ha donat com a resultat un edifici amb un per\u00edmetre irregular i amb contrastos d&#8217;estil, sobretot al cimbori plateresc de la capella de la Asunci\u00f3n.<\/p><p>Tot i aix\u00ed, la utilitzaci\u00f3 del mateix tipus de materials dota d&#8217;homogene\u00eftat el conjunt. Predomina l&#8217;aparell constructiu de ma\u00e7oneria amb els refor\u00e7os cantoners de carreus. Tamb\u00e9 de carreu s\u00f3n els refor\u00e7os i la Capella de la Asunci\u00f3n, aix\u00ed com la portada principal.<\/p><p>Als peus se situa la torre, centrada en aquest tester i que sobresurt un cos i mig sobre la coberta.<\/p>\t\t\t\t\t\t\t\t<\/div>\n\t\t\t\t<\/div>\n\t\t\t\t<div class=\"elementor-element elementor-element-582f22d elementor-widget elementor-widget-image\" data-id=\"582f22d\" data-element_type=\"widget\" data-e-type=\"widget\" data-widget_type=\"image.default\">\n\t\t\t\t<div class=\"elementor-widget-container\">\n\t\t\t\t\t\t\t\t\t\t\t\t<figure class=\"wp-caption\">\n\t\t\t\t\t\t\t\t\t\t<img loading=\"lazy\" decoding=\"async\" width=\"768\" height=\"512\" src=\"https:\/\/www.elturistatranquil.com\/wp-content\/uploads\/F07-Iglesia-de-San-Pedro.-Villaescusa-de-Haro.jpg\" class=\"attachment-large size-large wp-image-40420\" alt=\"Iglesia de San Pedro. Villaescusa de Haro\" srcset=\"https:\/\/www.elturistatranquil.com\/wp-content\/uploads\/F07-Iglesia-de-San-Pedro.-Villaescusa-de-Haro.jpg 768w, https:\/\/www.elturistatranquil.com\/wp-content\/uploads\/F07-Iglesia-de-San-Pedro.-Villaescusa-de-Haro-339x226.jpg 339w\" sizes=\"(max-width: 768px) 100vw, 768px\" \/>\t\t\t\t\t\t\t\t\t\t\t<figcaption class=\"widget-image-caption wp-caption-text\"><\/figcaption>\n\t\t\t\t\t\t\t\t\t\t<\/figure>\n\t\t\t\t\t\t\t\t\t<\/div>\n\t\t\t\t<\/div>\n\t\t\t\t<div class=\"elementor-element elementor-element-fa53825 elementor-widget elementor-widget-text-editor\" data-id=\"fa53825\" data-element_type=\"widget\" data-e-type=\"widget\" data-widget_type=\"text-editor.default\">\n\t\t\t\t<div class=\"elementor-widget-container\">\n\t\t\t\t\t\t\t\t\t<p>Al costat de l&#8217;ep\u00edstola es manifesta superposada la portada principal de carreus fins. Una portada renaixentista tipus arc de triomf de mig punt, amb dues columnes rectangulars per banda.<\/p><p>Les dovelles estan decorades amb medallons i en les esbandides medallons de bustos amb relleu.<\/p>\t\t\t\t\t\t\t\t<\/div>\n\t\t\t\t<\/div>\n\t\t\t\t<div class=\"elementor-element elementor-element-4867461 elementor-widget elementor-widget-image\" data-id=\"4867461\" data-element_type=\"widget\" data-e-type=\"widget\" data-widget_type=\"image.default\">\n\t\t\t\t<div class=\"elementor-widget-container\">\n\t\t\t\t\t\t\t\t\t\t\t\t<figure class=\"wp-caption\">\n\t\t\t\t\t\t\t\t\t\t<img loading=\"lazy\" decoding=\"async\" width=\"768\" height=\"512\" src=\"https:\/\/www.elturistatranquil.com\/wp-content\/uploads\/F08-Iglesia-de-San-Pedro.-Villaescusa-de-Haro.jpg\" class=\"attachment-large size-large wp-image-40422\" alt=\"Iglesia de San Pedro. Villaescusa de Haro\" srcset=\"https:\/\/www.elturistatranquil.com\/wp-content\/uploads\/F08-Iglesia-de-San-Pedro.-Villaescusa-de-Haro.jpg 768w, https:\/\/www.elturistatranquil.com\/wp-content\/uploads\/F08-Iglesia-de-San-Pedro.-Villaescusa-de-Haro-339x226.jpg 339w\" sizes=\"(max-width: 768px) 100vw, 768px\" \/>\t\t\t\t\t\t\t\t\t\t\t<figcaption class=\"widget-image-caption wp-caption-text\"><\/figcaption>\n\t\t\t\t\t\t\t\t\t\t<\/figure>\n\t\t\t\t\t\t\t\t\t<\/div>\n\t\t\t\t<\/div>\n\t\t\t\t<div class=\"elementor-element elementor-element-defdede elementor-widget elementor-widget-text-editor\" data-id=\"defdede\" data-element_type=\"widget\" data-e-type=\"widget\" data-widget_type=\"text-editor.default\">\n\t\t\t\t<div class=\"elementor-widget-container\">\n\t\t\t\t\t\t\t\t\t<p>Sobre l&#8217;entaulament apareixen uns pinacles a banda i banda flanquejant l&#8217;emblema de Sant Pere i sobre ell apareix una forn\u00edcula avenerada entre columnetes que subjecten un petit front\u00f3 amb medall\u00f3 al centre.<\/p>\t\t\t\t\t\t\t\t<\/div>\n\t\t\t\t<\/div>\n\t\t\t\t<div class=\"elementor-element elementor-element-105a825 elementor-widget elementor-widget-image\" data-id=\"105a825\" data-element_type=\"widget\" data-e-type=\"widget\" data-widget_type=\"image.default\">\n\t\t\t\t<div class=\"elementor-widget-container\">\n\t\t\t\t\t\t\t\t\t\t\t\t<figure class=\"wp-caption\">\n\t\t\t\t\t\t\t\t\t\t<img loading=\"lazy\" decoding=\"async\" width=\"768\" height=\"512\" src=\"https:\/\/www.elturistatranquil.com\/wp-content\/uploads\/F09-Iglesia-de-San-Pedro.-Villaescusa-de-Haro.jpg\" class=\"attachment-large size-large wp-image-40424\" alt=\"Iglesia de San Pedro. Villaescusa de Haro\" srcset=\"https:\/\/www.elturistatranquil.com\/wp-content\/uploads\/F09-Iglesia-de-San-Pedro.-Villaescusa-de-Haro.jpg 768w, https:\/\/www.elturistatranquil.com\/wp-content\/uploads\/F09-Iglesia-de-San-Pedro.-Villaescusa-de-Haro-339x226.jpg 339w\" sizes=\"(max-width: 768px) 100vw, 768px\" \/>\t\t\t\t\t\t\t\t\t\t\t<figcaption class=\"widget-image-caption wp-caption-text\"><\/figcaption>\n\t\t\t\t\t\t\t\t\t\t<\/figure>\n\t\t\t\t\t\t\t\t\t<\/div>\n\t\t\t\t<\/div>\n\t\t\t\t<div class=\"elementor-element elementor-element-88e0cbd elementor-widget elementor-widget-image\" data-id=\"88e0cbd\" data-element_type=\"widget\" data-e-type=\"widget\" data-widget_type=\"image.default\">\n\t\t\t\t<div class=\"elementor-widget-container\">\n\t\t\t\t\t\t\t\t\t\t\t\t<figure class=\"wp-caption\">\n\t\t\t\t\t\t\t\t\t\t<img loading=\"lazy\" decoding=\"async\" width=\"768\" height=\"511\" src=\"https:\/\/www.elturistatranquil.com\/wp-content\/uploads\/F10-Iglesia-de-San-Pedro.-Villaescusa-de-Haro.jpg\" class=\"attachment-large size-large wp-image-40426\" alt=\"Iglesia de San Pedro. Villaescusa de Haro\" srcset=\"https:\/\/www.elturistatranquil.com\/wp-content\/uploads\/F10-Iglesia-de-San-Pedro.-Villaescusa-de-Haro.jpg 768w, https:\/\/www.elturistatranquil.com\/wp-content\/uploads\/F10-Iglesia-de-San-Pedro.-Villaescusa-de-Haro-339x226.jpg 339w\" sizes=\"(max-width: 768px) 100vw, 768px\" \/>\t\t\t\t\t\t\t\t\t\t\t<figcaption class=\"widget-image-caption wp-caption-text\"><\/figcaption>\n\t\t\t\t\t\t\t\t\t\t<\/figure>\n\t\t\t\t\t\t\t\t\t<\/div>\n\t\t\t\t<\/div>\n\t\t\t\t<div class=\"elementor-element elementor-element-9d4b6d6 elementor-widget elementor-widget-image\" data-id=\"9d4b6d6\" data-element_type=\"widget\" data-e-type=\"widget\" data-widget_type=\"image.default\">\n\t\t\t\t<div class=\"elementor-widget-container\">\n\t\t\t\t\t\t\t\t\t\t\t\t<figure class=\"wp-caption\">\n\t\t\t\t\t\t\t\t\t\t<img loading=\"lazy\" decoding=\"async\" width=\"768\" height=\"512\" src=\"https:\/\/www.elturistatranquil.com\/wp-content\/uploads\/F11-Iglesia-de-San-Pedro.-Villaescusa-de-Haro.jpg\" class=\"attachment-large size-large wp-image-40428\" alt=\"Iglesia de San Pedro. Villaescusa de Haro\" srcset=\"https:\/\/www.elturistatranquil.com\/wp-content\/uploads\/F11-Iglesia-de-San-Pedro.-Villaescusa-de-Haro.jpg 768w, https:\/\/www.elturistatranquil.com\/wp-content\/uploads\/F11-Iglesia-de-San-Pedro.-Villaescusa-de-Haro-339x226.jpg 339w\" sizes=\"(max-width: 768px) 100vw, 768px\" \/>\t\t\t\t\t\t\t\t\t\t\t<figcaption class=\"widget-image-caption wp-caption-text\"><\/figcaption>\n\t\t\t\t\t\t\t\t\t\t<\/figure>\n\t\t\t\t\t\t\t\t\t<\/div>\n\t\t\t\t<\/div>\n\t\t\t\t<div class=\"elementor-element elementor-element-8cdf089 elementor-widget elementor-widget-image\" data-id=\"8cdf089\" data-element_type=\"widget\" data-e-type=\"widget\" data-widget_type=\"image.default\">\n\t\t\t\t<div class=\"elementor-widget-container\">\n\t\t\t\t\t\t\t\t\t\t\t\t<figure class=\"wp-caption\">\n\t\t\t\t\t\t\t\t\t\t<img loading=\"lazy\" decoding=\"async\" width=\"768\" height=\"512\" src=\"https:\/\/www.elturistatranquil.com\/wp-content\/uploads\/F12-Iglesia-de-San-Pedro.-Villaescusa-de-Haro.jpg\" class=\"attachment-large size-large wp-image-40430\" alt=\"Iglesia de San Pedro. Villaescusa de Haro\" srcset=\"https:\/\/www.elturistatranquil.com\/wp-content\/uploads\/F12-Iglesia-de-San-Pedro.-Villaescusa-de-Haro.jpg 768w, https:\/\/www.elturistatranquil.com\/wp-content\/uploads\/F12-Iglesia-de-San-Pedro.-Villaescusa-de-Haro-339x226.jpg 339w\" sizes=\"(max-width: 768px) 100vw, 768px\" \/>\t\t\t\t\t\t\t\t\t\t\t<figcaption class=\"widget-image-caption wp-caption-text\"><\/figcaption>\n\t\t\t\t\t\t\t\t\t\t<\/figure>\n\t\t\t\t\t\t\t\t\t<\/div>\n\t\t\t\t<\/div>\n\t\t\t\t<div class=\"elementor-element elementor-element-22fd44a elementor-widget elementor-widget-image\" data-id=\"22fd44a\" data-element_type=\"widget\" data-e-type=\"widget\" data-widget_type=\"image.default\">\n\t\t\t\t<div class=\"elementor-widget-container\">\n\t\t\t\t\t\t\t\t\t\t\t\t<figure class=\"wp-caption\">\n\t\t\t\t\t\t\t\t\t\t<img loading=\"lazy\" decoding=\"async\" width=\"768\" height=\"512\" src=\"https:\/\/www.elturistatranquil.com\/wp-content\/uploads\/F13-Iglesia-de-San-Pedro.-Villaescusa-de-Haro.jpg\" class=\"attachment-large size-large wp-image-40432\" alt=\"Iglesia de San Pedro. Villaescusa de Haro\" srcset=\"https:\/\/www.elturistatranquil.com\/wp-content\/uploads\/F13-Iglesia-de-San-Pedro.-Villaescusa-de-Haro.jpg 768w, https:\/\/www.elturistatranquil.com\/wp-content\/uploads\/F13-Iglesia-de-San-Pedro.-Villaescusa-de-Haro-339x226.jpg 339w\" sizes=\"(max-width: 768px) 100vw, 768px\" \/>\t\t\t\t\t\t\t\t\t\t\t<figcaption class=\"widget-image-caption wp-caption-text\"><\/figcaption>\n\t\t\t\t\t\t\t\t\t\t<\/figure>\n\t\t\t\t\t\t\t\t\t<\/div>\n\t\t\t\t<\/div>\n\t\t\t\t<div class=\"elementor-element elementor-element-1824cc5 elementor-widget elementor-widget-text-editor\" data-id=\"1824cc5\" data-element_type=\"widget\" data-e-type=\"widget\" data-widget_type=\"text-editor.default\">\n\t\t\t\t<div class=\"elementor-widget-container\">\n\t\t\t\t\t\t\t\t\t<p>La Capella de la Asunci\u00f3n, quadrada i amb una extensi\u00f3 lateral, mostra per l&#8217;exterior un cimbori octogonal amb pinacles a les cantonades. Els murs estan coronats per cresteria i decorats amb g\u00e0rgoles.<\/p>\t\t\t\t\t\t\t\t<\/div>\n\t\t\t\t<\/div>\n\t\t\t\t<div class=\"elementor-element elementor-element-f8482ff elementor-widget elementor-widget-image\" data-id=\"f8482ff\" data-element_type=\"widget\" data-e-type=\"widget\" data-widget_type=\"image.default\">\n\t\t\t\t<div class=\"elementor-widget-container\">\n\t\t\t\t\t\t\t\t\t\t\t\t<figure class=\"wp-caption\">\n\t\t\t\t\t\t\t\t\t\t<img loading=\"lazy\" decoding=\"async\" width=\"768\" height=\"512\" src=\"https:\/\/www.elturistatranquil.com\/wp-content\/uploads\/F14-Iglesia-de-San-Pedro.-Villaescusa-de-Haro.jpg\" class=\"attachment-large size-large wp-image-40434\" alt=\"Iglesia de San Pedro. Villaescusa de Haro\" srcset=\"https:\/\/www.elturistatranquil.com\/wp-content\/uploads\/F14-Iglesia-de-San-Pedro.-Villaescusa-de-Haro.jpg 768w, https:\/\/www.elturistatranquil.com\/wp-content\/uploads\/F14-Iglesia-de-San-Pedro.-Villaescusa-de-Haro-339x226.jpg 339w\" sizes=\"(max-width: 768px) 100vw, 768px\" \/>\t\t\t\t\t\t\t\t\t\t\t<figcaption class=\"widget-image-caption wp-caption-text\"><\/figcaption>\n\t\t\t\t\t\t\t\t\t\t<\/figure>\n\t\t\t\t\t\t\t\t\t<\/div>\n\t\t\t\t<\/div>\n\t\t\t\t<div class=\"elementor-element elementor-element-260f8f7 elementor-widget elementor-widget-text-editor\" data-id=\"260f8f7\" data-element_type=\"widget\" data-e-type=\"widget\" data-widget_type=\"text-editor.default\">\n\t\t\t\t<div class=\"elementor-widget-container\">\n\t\t\t\t\t\t\t\t\t<p>Al costat de l&#8217;evangeli s&#8217;obre una altra portada m\u00e9s senzilla, amb arc de mig punt adovellat i cercat com a alf\u00eds.<\/p>\t\t\t\t\t\t\t\t<\/div>\n\t\t\t\t<\/div>\n\t\t\t\t<div class=\"elementor-element elementor-element-b9ea960 elementor-widget elementor-widget-image\" data-id=\"b9ea960\" data-element_type=\"widget\" data-e-type=\"widget\" data-widget_type=\"image.default\">\n\t\t\t\t<div class=\"elementor-widget-container\">\n\t\t\t\t\t\t\t\t\t\t\t\t<figure class=\"wp-caption\">\n\t\t\t\t\t\t\t\t\t\t<img loading=\"lazy\" decoding=\"async\" width=\"768\" height=\"512\" src=\"https:\/\/www.elturistatranquil.com\/wp-content\/uploads\/F15-Iglesia-de-San-Pedro.-Villaescusa-de-Haro.jpg\" class=\"attachment-large size-large wp-image-40436\" alt=\"Iglesia de San Pedro. Villaescusa de Haro\" srcset=\"https:\/\/www.elturistatranquil.com\/wp-content\/uploads\/F15-Iglesia-de-San-Pedro.-Villaescusa-de-Haro.jpg 768w, https:\/\/www.elturistatranquil.com\/wp-content\/uploads\/F15-Iglesia-de-San-Pedro.-Villaescusa-de-Haro-339x226.jpg 339w\" sizes=\"(max-width: 768px) 100vw, 768px\" \/>\t\t\t\t\t\t\t\t\t\t\t<figcaption class=\"widget-image-caption wp-caption-text\"><\/figcaption>\n\t\t\t\t\t\t\t\t\t\t<\/figure>\n\t\t\t\t\t\t\t\t\t<\/div>\n\t\t\t\t<\/div>\n\t\t\t\t<div class=\"elementor-element elementor-element-2115285 elementor-widget elementor-widget-image\" data-id=\"2115285\" data-element_type=\"widget\" data-e-type=\"widget\" data-widget_type=\"image.default\">\n\t\t\t\t<div class=\"elementor-widget-container\">\n\t\t\t\t\t\t\t\t\t\t\t\t<figure class=\"wp-caption\">\n\t\t\t\t\t\t\t\t\t\t<img loading=\"lazy\" decoding=\"async\" width=\"768\" height=\"512\" src=\"https:\/\/www.elturistatranquil.com\/wp-content\/uploads\/F16-Iglesia-de-San-Pedro.-Villaescusa-de-Haro.jpg\" class=\"attachment-large size-large wp-image-40438\" alt=\"Iglesia de San Pedro. Villaescusa de Haro\" srcset=\"https:\/\/www.elturistatranquil.com\/wp-content\/uploads\/F16-Iglesia-de-San-Pedro.-Villaescusa-de-Haro.jpg 768w, https:\/\/www.elturistatranquil.com\/wp-content\/uploads\/F16-Iglesia-de-San-Pedro.-Villaescusa-de-Haro-339x226.jpg 339w\" sizes=\"(max-width: 768px) 100vw, 768px\" \/>\t\t\t\t\t\t\t\t\t\t\t<figcaption class=\"widget-image-caption wp-caption-text\"><\/figcaption>\n\t\t\t\t\t\t\t\t\t\t<\/figure>\n\t\t\t\t\t\t\t\t\t<\/div>\n\t\t\t\t<\/div>\n\t\t\t\t<div class=\"elementor-element elementor-element-d9acd4e elementor-widget elementor-widget-image\" data-id=\"d9acd4e\" data-element_type=\"widget\" data-e-type=\"widget\" data-widget_type=\"image.default\">\n\t\t\t\t<div class=\"elementor-widget-container\">\n\t\t\t\t\t\t\t\t\t\t\t\t<figure class=\"wp-caption\">\n\t\t\t\t\t\t\t\t\t\t<img loading=\"lazy\" decoding=\"async\" width=\"768\" height=\"512\" src=\"https:\/\/www.elturistatranquil.com\/wp-content\/uploads\/F17-Iglesia-de-San-Pedro.-Villaescusa-de-Haro.jpg\" class=\"attachment-large size-large wp-image-40440\" alt=\"Iglesia de San Pedro. Villaescusa de Haro\" srcset=\"https:\/\/www.elturistatranquil.com\/wp-content\/uploads\/F17-Iglesia-de-San-Pedro.-Villaescusa-de-Haro.jpg 768w, https:\/\/www.elturistatranquil.com\/wp-content\/uploads\/F17-Iglesia-de-San-Pedro.-Villaescusa-de-Haro-339x226.jpg 339w\" sizes=\"(max-width: 768px) 100vw, 768px\" \/>\t\t\t\t\t\t\t\t\t\t\t<figcaption class=\"widget-image-caption wp-caption-text\"><\/figcaption>\n\t\t\t\t\t\t\t\t\t\t<\/figure>\n\t\t\t\t\t\t\t\t\t<\/div>\n\t\t\t\t<\/div>\n\t\t\t\t<div class=\"elementor-element elementor-element-932357d elementor-widget elementor-widget-image\" data-id=\"932357d\" data-element_type=\"widget\" data-e-type=\"widget\" data-widget_type=\"image.default\">\n\t\t\t\t<div class=\"elementor-widget-container\">\n\t\t\t\t\t\t\t\t\t\t\t\t<figure class=\"wp-caption\">\n\t\t\t\t\t\t\t\t\t\t<img loading=\"lazy\" decoding=\"async\" width=\"768\" height=\"512\" src=\"https:\/\/www.elturistatranquil.com\/wp-content\/uploads\/F18-Iglesia-de-San-Pedro.-Villaescusa-de-Haro.jpg\" class=\"attachment-large size-large wp-image-40442\" alt=\"Iglesia de San Pedro. Villaescusa de Haro\" srcset=\"https:\/\/www.elturistatranquil.com\/wp-content\/uploads\/F18-Iglesia-de-San-Pedro.-Villaescusa-de-Haro.jpg 768w, https:\/\/www.elturistatranquil.com\/wp-content\/uploads\/F18-Iglesia-de-San-Pedro.-Villaescusa-de-Haro-339x226.jpg 339w\" sizes=\"(max-width: 768px) 100vw, 768px\" \/>\t\t\t\t\t\t\t\t\t\t\t<figcaption class=\"widget-image-caption wp-caption-text\"><\/figcaption>\n\t\t\t\t\t\t\t\t\t\t<\/figure>\n\t\t\t\t\t\t\t\t\t<\/div>\n\t\t\t\t<\/div>\n\t\t\t\t<div class=\"elementor-element elementor-element-bc1a4b5 elementor-widget elementor-widget-text-editor\" data-id=\"bc1a4b5\" data-element_type=\"widget\" data-e-type=\"widget\" data-widget_type=\"text-editor.default\">\n\t\t\t\t<div class=\"elementor-widget-container\">\n\t\t\t\t\t\t\t\t\t<p>Interior d\u2019estil de l\u2019Orde de Santiago. La planta del temple \u00e9s basilical de tres naus, que per l&#8217;amplitud i la perspectiva di\u00e0fana del conjunt columnari se la pot considerar com de <a href=\"https:\/\/www.elturistatranquil.com\/ca\/esglesies-monestirs-i-ordres-religioses-a-ledat-mitjana\/#b1525\" target=\"_blank\" rel=\"noopener\">planta de sal\u00f3<\/a>. De parets i sostre blanc.<\/p><p>La cap\u00e7alera amb tres absis de fons recte. El central de grans dimensions cont\u00e9 un retaule barroc. Les dues absidioles laterals s\u00f3n de petites dimensions i contenen la capella dels Coronats, reformada al segle XVII, amb reixa i important retaule g\u00f2tic i l&#8217;antiga capella de Sant Sebasti\u00e0.<\/p><p>Altes i esveltes columnes toscanes cil\u00edndriques, quatre dividint els tres trams i quatre adossades als murs a la cap\u00e7alera i peu de la nau. L&#8217;esveltesa i l&#8217;altura atorguen la perspectiva di\u00e0fana al temple.<\/p><p>La volta de creueria amb arcs torals. La coberta amb tres trams de volta d&#8217;aresta i amb arcs torals i voltes de can\u00f3 amb llunetes als laterals.<\/p><p>La il\u00b7luminaci\u00f3 s&#8217;efectua, seguint les caracter\u00edstiques dels temples de sal\u00f3, per obertures a la part superior dels arcs de cada tram dels murs laterals.<\/p>\t\t\t\t\t\t\t\t<\/div>\n\t\t\t\t<\/div>\n\t\t\t\t<div class=\"elementor-element elementor-element-ceafe0a elementor-widget elementor-widget-image\" data-id=\"ceafe0a\" data-element_type=\"widget\" data-e-type=\"widget\" data-widget_type=\"image.default\">\n\t\t\t\t<div class=\"elementor-widget-container\">\n\t\t\t\t\t\t\t\t\t\t\t\t<figure class=\"wp-caption\">\n\t\t\t\t\t\t\t\t\t\t<img loading=\"lazy\" decoding=\"async\" width=\"768\" height=\"512\" src=\"https:\/\/www.elturistatranquil.com\/wp-content\/uploads\/F19-Iglesia-de-San-Pedro.-Villaescusa-de-Haro.jpg\" class=\"attachment-large size-large wp-image-40444\" alt=\"Iglesia de San Pedro. Villaescusa de Haro\" srcset=\"https:\/\/www.elturistatranquil.com\/wp-content\/uploads\/F19-Iglesia-de-San-Pedro.-Villaescusa-de-Haro.jpg 768w, https:\/\/www.elturistatranquil.com\/wp-content\/uploads\/F19-Iglesia-de-San-Pedro.-Villaescusa-de-Haro-339x226.jpg 339w\" sizes=\"(max-width: 768px) 100vw, 768px\" \/>\t\t\t\t\t\t\t\t\t\t\t<figcaption class=\"widget-image-caption wp-caption-text\"><\/figcaption>\n\t\t\t\t\t\t\t\t\t\t<\/figure>\n\t\t\t\t\t\t\t\t\t<\/div>\n\t\t\t\t<\/div>\n\t\t\t\t<div class=\"elementor-element elementor-element-2a30df8 elementor-widget elementor-widget-image\" data-id=\"2a30df8\" data-element_type=\"widget\" data-e-type=\"widget\" data-widget_type=\"image.default\">\n\t\t\t\t<div class=\"elementor-widget-container\">\n\t\t\t\t\t\t\t\t\t\t\t\t<figure class=\"wp-caption\">\n\t\t\t\t\t\t\t\t\t\t<img loading=\"lazy\" decoding=\"async\" width=\"768\" height=\"512\" src=\"https:\/\/www.elturistatranquil.com\/wp-content\/uploads\/F20-Iglesia-de-San-Pedro.-Villaescusa-de-Haro.jpg\" class=\"attachment-large size-large wp-image-40446\" alt=\"Iglesia de San Pedro. Villaescusa de Haro\" srcset=\"https:\/\/www.elturistatranquil.com\/wp-content\/uploads\/F20-Iglesia-de-San-Pedro.-Villaescusa-de-Haro.jpg 768w, https:\/\/www.elturistatranquil.com\/wp-content\/uploads\/F20-Iglesia-de-San-Pedro.-Villaescusa-de-Haro-339x226.jpg 339w\" sizes=\"(max-width: 768px) 100vw, 768px\" \/>\t\t\t\t\t\t\t\t\t\t\t<figcaption class=\"widget-image-caption wp-caption-text\"><\/figcaption>\n\t\t\t\t\t\t\t\t\t\t<\/figure>\n\t\t\t\t\t\t\t\t\t<\/div>\n\t\t\t\t<\/div>\n\t\t\t\t<div class=\"elementor-element elementor-element-74107bf elementor-widget elementor-widget-text-editor\" data-id=\"74107bf\" data-element_type=\"widget\" data-e-type=\"widget\" data-widget_type=\"text-editor.default\">\n\t\t\t\t<div class=\"elementor-widget-container\">\n\t\t\t\t\t\t\t\t\t<p>Al segle XVIII es va ampliar el peu del temple amb un cos m\u00e9s, encara que sense formar part visualment de la nau. Es van obrir dues capelles, la de les \u00c0nimes i la de Sant Antoni, als laterals, mentre que sobre la part central s&#8217;al\u00e7a la torre, no perceptible des de l&#8217;interior.<\/p><p>Recolzat a la part central es va construir un cor recolzat en quatre petites columnes toscanes, on s&#8217;ubica l&#8217;orgue.<\/p>\t\t\t\t\t\t\t\t<\/div>\n\t\t\t\t<\/div>\n\t\t\t\t<div class=\"elementor-element elementor-element-b78211b elementor-widget elementor-widget-image\" data-id=\"b78211b\" data-element_type=\"widget\" data-e-type=\"widget\" data-widget_type=\"image.default\">\n\t\t\t\t<div class=\"elementor-widget-container\">\n\t\t\t\t\t\t\t\t\t\t\t\t<figure class=\"wp-caption\">\n\t\t\t\t\t\t\t\t\t\t<img loading=\"lazy\" decoding=\"async\" width=\"768\" height=\"512\" src=\"https:\/\/www.elturistatranquil.com\/wp-content\/uploads\/F21-Iglesia-de-San-Pedro.-Villaescusa-de-Haro.jpg\" class=\"attachment-large size-large wp-image-40448\" alt=\"Iglesia de San Pedro. Villaescusa de Haro\" srcset=\"https:\/\/www.elturistatranquil.com\/wp-content\/uploads\/F21-Iglesia-de-San-Pedro.-Villaescusa-de-Haro.jpg 768w, https:\/\/www.elturistatranquil.com\/wp-content\/uploads\/F21-Iglesia-de-San-Pedro.-Villaescusa-de-Haro-339x226.jpg 339w\" sizes=\"(max-width: 768px) 100vw, 768px\" \/>\t\t\t\t\t\t\t\t\t\t\t<figcaption class=\"widget-image-caption wp-caption-text\"><\/figcaption>\n\t\t\t\t\t\t\t\t\t\t<\/figure>\n\t\t\t\t\t\t\t\t\t<\/div>\n\t\t\t\t<\/div>\n\t\t\t\t<div class=\"elementor-element elementor-element-35df141 elementor-widget elementor-widget-image\" data-id=\"35df141\" data-element_type=\"widget\" data-e-type=\"widget\" data-widget_type=\"image.default\">\n\t\t\t\t<div class=\"elementor-widget-container\">\n\t\t\t\t\t\t\t\t\t\t\t\t<figure class=\"wp-caption\">\n\t\t\t\t\t\t\t\t\t\t<img loading=\"lazy\" decoding=\"async\" width=\"768\" height=\"512\" src=\"https:\/\/www.elturistatranquil.com\/wp-content\/uploads\/F22-Iglesia-de-San-Pedro.-Villaescusa-de-Haro.jpg\" class=\"attachment-large size-large wp-image-40450\" alt=\"Iglesia de San Pedro. Villaescusa de Haro\" srcset=\"https:\/\/www.elturistatranquil.com\/wp-content\/uploads\/F22-Iglesia-de-San-Pedro.-Villaescusa-de-Haro.jpg 768w, https:\/\/www.elturistatranquil.com\/wp-content\/uploads\/F22-Iglesia-de-San-Pedro.-Villaescusa-de-Haro-339x226.jpg 339w\" sizes=\"(max-width: 768px) 100vw, 768px\" \/>\t\t\t\t\t\t\t\t\t\t\t<figcaption class=\"widget-image-caption wp-caption-text\"><\/figcaption>\n\t\t\t\t\t\t\t\t\t\t<\/figure>\n\t\t\t\t\t\t\t\t\t<\/div>\n\t\t\t\t<\/div>\n\t\t\t\t<div class=\"elementor-element elementor-element-f222052 elementor-widget elementor-widget-text-editor\" data-id=\"f222052\" data-element_type=\"widget\" data-e-type=\"widget\" data-widget_type=\"text-editor.default\">\n\t\t\t\t<div class=\"elementor-widget-container\">\n\t\t\t\t\t\t\t\t\t<p>L&#8217;\u00f2rgan actual es va traslladar des de l&#8217;esgl\u00e9sia del convent de Justinianes, sent un dels pocs \u00f2rgans hist\u00f2rics de la prov\u00edncia de Conca. Es tracta d&#8217;un orgue de tubs amb origen el 1792 restaurat el 1994.<\/p>\t\t\t\t\t\t\t\t<\/div>\n\t\t\t\t<\/div>\n\t\t\t\t<div class=\"elementor-element elementor-element-0a4d5f3 elementor-widget elementor-widget-image\" data-id=\"0a4d5f3\" data-element_type=\"widget\" data-e-type=\"widget\" data-widget_type=\"image.default\">\n\t\t\t\t<div class=\"elementor-widget-container\">\n\t\t\t\t\t\t\t\t\t\t\t\t<figure class=\"wp-caption\">\n\t\t\t\t\t\t\t\t\t\t<img loading=\"lazy\" decoding=\"async\" width=\"768\" height=\"512\" src=\"https:\/\/www.elturistatranquil.com\/wp-content\/uploads\/F23-Iglesia-de-San-Pedro.-Villaescusa-de-Haro.jpg\" class=\"attachment-large size-large wp-image-40452\" alt=\"Iglesia de San Pedro. Villaescusa de Haro\" srcset=\"https:\/\/www.elturistatranquil.com\/wp-content\/uploads\/F23-Iglesia-de-San-Pedro.-Villaescusa-de-Haro.jpg 768w, https:\/\/www.elturistatranquil.com\/wp-content\/uploads\/F23-Iglesia-de-San-Pedro.-Villaescusa-de-Haro-339x226.jpg 339w\" sizes=\"(max-width: 768px) 100vw, 768px\" \/>\t\t\t\t\t\t\t\t\t\t\t<figcaption class=\"widget-image-caption wp-caption-text\"><\/figcaption>\n\t\t\t\t\t\t\t\t\t\t<\/figure>\n\t\t\t\t\t\t\t\t\t<\/div>\n\t\t\t\t<\/div>\n\t\t\t\t<div class=\"elementor-element elementor-element-934a847 elementor-widget elementor-widget-text-editor\" data-id=\"934a847\" data-element_type=\"widget\" data-e-type=\"widget\" data-widget_type=\"text-editor.default\">\n\t\t\t\t<div class=\"elementor-widget-container\">\n\t\t\t\t\t\t\t\t\t<p>Presideix el temple el Retaule de Sant Pere, d&#8217;estil barroc tard\u00e0 constru\u00eft entre 1780 i 1785. Fou finan\u00e7at amb les creixes del blat del P\u00f2sit municipal.<\/p>\t\t\t\t\t\t\t\t<\/div>\n\t\t\t\t<\/div>\n\t\t\t\t<div class=\"elementor-element elementor-element-2adf948 elementor-widget elementor-widget-image\" data-id=\"2adf948\" data-element_type=\"widget\" data-e-type=\"widget\" data-widget_type=\"image.default\">\n\t\t\t\t<div class=\"elementor-widget-container\">\n\t\t\t\t\t\t\t\t\t\t\t\t<figure class=\"wp-caption\">\n\t\t\t\t\t\t\t\t\t\t<img loading=\"lazy\" decoding=\"async\" width=\"768\" height=\"512\" src=\"https:\/\/www.elturistatranquil.com\/wp-content\/uploads\/F24-Iglesia-de-San-Pedro.-Villaescusa-de-Haro.jpg\" class=\"attachment-large size-large wp-image-40454\" alt=\"Iglesia de San Pedro. Villaescusa de Haro\" srcset=\"https:\/\/www.elturistatranquil.com\/wp-content\/uploads\/F24-Iglesia-de-San-Pedro.-Villaescusa-de-Haro.jpg 768w, https:\/\/www.elturistatranquil.com\/wp-content\/uploads\/F24-Iglesia-de-San-Pedro.-Villaescusa-de-Haro-339x226.jpg 339w\" sizes=\"(max-width: 768px) 100vw, 768px\" \/>\t\t\t\t\t\t\t\t\t\t\t<figcaption class=\"widget-image-caption wp-caption-text\"><\/figcaption>\n\t\t\t\t\t\t\t\t\t\t<\/figure>\n\t\t\t\t\t\t\t\t\t<\/div>\n\t\t\t\t<\/div>\n\t\t\t\t<div class=\"elementor-element elementor-element-467d943 elementor-widget elementor-widget-text-editor\" data-id=\"467d943\" data-element_type=\"widget\" data-e-type=\"widget\" data-widget_type=\"text-editor.default\">\n\t\t\t\t<div class=\"elementor-widget-container\">\n\t\t\t\t\t\t\t\t\t<p>Com ja hem indicat, el conjunt va ser molt reformat fins al segle XVIII, mitjan\u00e7ant la incorporaci\u00f3 de capelles per l&#8217;exterior dels murs, amb la conseg\u00fcent obertura de portades a l&#8217;interior. En no respondre a cap programa arquitect\u00f2nic, cada capella presenta formes diferents tant a l&#8217;interior com a la portada.<\/p><p>Al costat de l&#8217;evangeli destaca al primer tram la capella de la Asunci\u00f3n, l&#8217;element m\u00e9s notable de tot el conjunt.<\/p><p>Al costat de l&#8217;ep\u00edstola, les dues capelles adossades cobertes amb c\u00fapules tenen igualment formats de portada i distribuci\u00f3 irregular.<\/p>\t\t\t\t\t\t\t\t<\/div>\n\t\t\t\t<\/div>\n\t\t\t\t<div class=\"elementor-element elementor-element-2b0e090 elementor-widget elementor-widget-image\" data-id=\"2b0e090\" data-element_type=\"widget\" data-e-type=\"widget\" data-widget_type=\"image.default\">\n\t\t\t\t<div class=\"elementor-widget-container\">\n\t\t\t\t\t\t\t\t\t\t\t\t<figure class=\"wp-caption\">\n\t\t\t\t\t\t\t\t\t\t<img loading=\"lazy\" decoding=\"async\" width=\"768\" height=\"512\" src=\"https:\/\/www.elturistatranquil.com\/wp-content\/uploads\/F25-Iglesia-de-San-Pedro.-Villaescusa-de-Haro.jpg\" class=\"attachment-large size-large wp-image-40456\" alt=\"Iglesia de San Pedro. Villaescusa de Haro\" srcset=\"https:\/\/www.elturistatranquil.com\/wp-content\/uploads\/F25-Iglesia-de-San-Pedro.-Villaescusa-de-Haro.jpg 768w, https:\/\/www.elturistatranquil.com\/wp-content\/uploads\/F25-Iglesia-de-San-Pedro.-Villaescusa-de-Haro-339x226.jpg 339w\" sizes=\"(max-width: 768px) 100vw, 768px\" \/>\t\t\t\t\t\t\t\t\t\t\t<figcaption class=\"widget-image-caption wp-caption-text\"><\/figcaption>\n\t\t\t\t\t\t\t\t\t\t<\/figure>\n\t\t\t\t\t\t\t\t\t<\/div>\n\t\t\t\t<\/div>\n\t\t\t\t<div class=\"elementor-element elementor-element-b5281a3 elementor-widget elementor-widget-image\" data-id=\"b5281a3\" data-element_type=\"widget\" data-e-type=\"widget\" data-widget_type=\"image.default\">\n\t\t\t\t<div class=\"elementor-widget-container\">\n\t\t\t\t\t\t\t\t\t\t\t\t<figure class=\"wp-caption\">\n\t\t\t\t\t\t\t\t\t\t<img loading=\"lazy\" decoding=\"async\" width=\"768\" height=\"512\" src=\"https:\/\/www.elturistatranquil.com\/wp-content\/uploads\/F26-Iglesia-de-San-Pedro.-Villaescusa-de-Haro.jpg\" class=\"attachment-large size-large wp-image-40458\" alt=\"Iglesia de San Pedro. Villaescusa de Haro\" srcset=\"https:\/\/www.elturistatranquil.com\/wp-content\/uploads\/F26-Iglesia-de-San-Pedro.-Villaescusa-de-Haro.jpg 768w, https:\/\/www.elturistatranquil.com\/wp-content\/uploads\/F26-Iglesia-de-San-Pedro.-Villaescusa-de-Haro-339x226.jpg 339w\" sizes=\"(max-width: 768px) 100vw, 768px\" \/>\t\t\t\t\t\t\t\t\t\t\t<figcaption class=\"widget-image-caption wp-caption-text\"><\/figcaption>\n\t\t\t\t\t\t\t\t\t\t<\/figure>\n\t\t\t\t\t\t\t\t\t<\/div>\n\t\t\t\t<\/div>\n\t\t\t\t<div class=\"elementor-element elementor-element-5d8f8f1 elementor-widget elementor-widget-image\" data-id=\"5d8f8f1\" data-element_type=\"widget\" data-e-type=\"widget\" data-widget_type=\"image.default\">\n\t\t\t\t<div class=\"elementor-widget-container\">\n\t\t\t\t\t\t\t\t\t\t\t\t<figure class=\"wp-caption\">\n\t\t\t\t\t\t\t\t\t\t<img loading=\"lazy\" decoding=\"async\" width=\"768\" height=\"512\" src=\"https:\/\/www.elturistatranquil.com\/wp-content\/uploads\/F27-Iglesia-de-San-Pedro.-Villaescusa-de-Haro.jpg\" class=\"attachment-large size-large wp-image-40460\" alt=\"Iglesia de San Pedro. Villaescusa de Haro\" srcset=\"https:\/\/www.elturistatranquil.com\/wp-content\/uploads\/F27-Iglesia-de-San-Pedro.-Villaescusa-de-Haro.jpg 768w, https:\/\/www.elturistatranquil.com\/wp-content\/uploads\/F27-Iglesia-de-San-Pedro.-Villaescusa-de-Haro-339x226.jpg 339w\" sizes=\"(max-width: 768px) 100vw, 768px\" \/>\t\t\t\t\t\t\t\t\t\t\t<figcaption class=\"widget-image-caption wp-caption-text\"><\/figcaption>\n\t\t\t\t\t\t\t\t\t\t<\/figure>\n\t\t\t\t\t\t\t\t\t<\/div>\n\t\t\t\t<\/div>\n\t\t\t\t<div class=\"elementor-element elementor-element-77595e6 elementor-widget elementor-widget-text-editor\" data-id=\"77595e6\" data-element_type=\"widget\" data-e-type=\"widget\" data-widget_type=\"text-editor.default\">\n\t\t\t\t<div class=\"elementor-widget-container\">\n\t\t\t\t\t\t\t\t\t<p>La proximitat de la visita a Setmana Santa oferia la pres\u00e8ncia dels passos processionals.<\/p>\t\t\t\t\t\t\t\t<\/div>\n\t\t\t\t<\/div>\n\t\t\t\t<div class=\"elementor-element elementor-element-37b8fb5 elementor-widget elementor-widget-menu-anchor\" data-id=\"37b8fb5\" data-element_type=\"widget\" data-e-type=\"widget\" data-widget_type=\"menu-anchor.default\">\n\t\t\t\t<div class=\"elementor-widget-container\">\n\t\t\t\t\t\t\t<div class=\"elementor-menu-anchor\" id=\"c7305\"><\/div>\n\t\t\t\t\t\t<\/div>\n\t\t\t\t<\/div>\n\t\t\t\t<div class=\"elementor-element elementor-element-688ea93 elementor-widget elementor-widget-image\" data-id=\"688ea93\" data-element_type=\"widget\" data-e-type=\"widget\" data-widget_type=\"image.default\">\n\t\t\t\t<div class=\"elementor-widget-container\">\n\t\t\t\t\t\t\t\t\t\t\t\t<figure class=\"wp-caption\">\n\t\t\t\t\t\t\t\t\t\t<img loading=\"lazy\" decoding=\"async\" width=\"768\" height=\"512\" src=\"https:\/\/www.elturistatranquil.com\/wp-content\/uploads\/F28-Iglesia-de-San-Pedro.-Villaescusa-de-Haro.jpg\" class=\"attachment-large size-large wp-image-40462\" alt=\"Iglesia de San Pedro. Villaescusa de Haro\" srcset=\"https:\/\/www.elturistatranquil.com\/wp-content\/uploads\/F28-Iglesia-de-San-Pedro.-Villaescusa-de-Haro.jpg 768w, https:\/\/www.elturistatranquil.com\/wp-content\/uploads\/F28-Iglesia-de-San-Pedro.-Villaescusa-de-Haro-339x226.jpg 339w\" sizes=\"(max-width: 768px) 100vw, 768px\" \/>\t\t\t\t\t\t\t\t\t\t\t<figcaption class=\"widget-image-caption wp-caption-text\"><\/figcaption>\n\t\t\t\t\t\t\t\t\t\t<\/figure>\n\t\t\t\t\t\t\t\t\t<\/div>\n\t\t\t\t<\/div>\n\t\t\t\t<div class=\"elementor-element elementor-element-b379f06 elementor-widget elementor-widget-heading\" data-id=\"b379f06\" data-element_type=\"widget\" data-e-type=\"widget\" data-widget_type=\"heading.default\">\n\t\t\t\t<div class=\"elementor-widget-container\">\n\t\t\t\t\t<h3 class=\"elementor-heading-title elementor-size-default\">Capella de Nuestra Se\u00f1ora de la Asunci\u00f3n<\/h3>\t\t\t\t<\/div>\n\t\t\t\t<\/div>\n\t\t\t\t<div class=\"elementor-element elementor-element-e52ffba elementor-widget elementor-widget-text-editor\" data-id=\"e52ffba\" data-element_type=\"widget\" data-e-type=\"widget\" data-widget_type=\"text-editor.default\">\n\t\t\t\t<div class=\"elementor-widget-container\">\n\t\t\t\t\t\t\t\t\t<p><em>Monument nacional des de 1931<\/em><\/p><p>La <strong>Capella de Nuestra Se\u00f1ora de la Asunci\u00f3n<\/strong> (<strong>2<\/strong>), es considera la joia de Villaescusa de Haro. D&#8217;estil g\u00f2tic-isabel\u00ed va ser manada construir el 1507 pel bisbe Diego Ram\u00edrez de Villaescusa, destinada a enterrament familiar.<\/p><p>L&#8217;acc\u00e9s des de l&#8217;esgl\u00e9sia es realitza a trav\u00e9s de tres arcs g\u00f2tic-isabelins amb elaborades reixes.<\/p>\t\t\t\t\t\t\t\t<\/div>\n\t\t\t\t<\/div>\n\t\t\t\t<div class=\"elementor-element elementor-element-162a087 elementor-widget elementor-widget-image\" data-id=\"162a087\" data-element_type=\"widget\" data-e-type=\"widget\" data-widget_type=\"image.default\">\n\t\t\t\t<div class=\"elementor-widget-container\">\n\t\t\t\t\t\t\t\t\t\t\t\t<figure class=\"wp-caption\">\n\t\t\t\t\t\t\t\t\t\t<img loading=\"lazy\" decoding=\"async\" width=\"768\" height=\"512\" src=\"https:\/\/www.elturistatranquil.com\/wp-content\/uploads\/F29-Capilla-de-Nuestra-Senora-de-la-Asuncion.-Villaescusa-de-Haro.jpg\" class=\"attachment-large size-large wp-image-40464\" alt=\"Capilla de Nuestra Se\u00f1ora de la Asunci\u00f3n. Villaescusa de Haro\" srcset=\"https:\/\/www.elturistatranquil.com\/wp-content\/uploads\/F29-Capilla-de-Nuestra-Senora-de-la-Asuncion.-Villaescusa-de-Haro.jpg 768w, https:\/\/www.elturistatranquil.com\/wp-content\/uploads\/F29-Capilla-de-Nuestra-Senora-de-la-Asuncion.-Villaescusa-de-Haro-339x226.jpg 339w\" sizes=\"(max-width: 768px) 100vw, 768px\" \/>\t\t\t\t\t\t\t\t\t\t\t<figcaption class=\"widget-image-caption wp-caption-text\"><\/figcaption>\n\t\t\t\t\t\t\t\t\t\t<\/figure>\n\t\t\t\t\t\t\t\t\t<\/div>\n\t\t\t\t<\/div>\n\t\t\t\t<div class=\"elementor-element elementor-element-608baaef elementor-widget elementor-widget-text-editor\" data-id=\"608baaef\" data-element_type=\"widget\" data-e-type=\"widget\" data-widget_type=\"text-editor.default\">\n\t\t\t\t<div class=\"elementor-widget-container\">\n\t\t\t\t\t\t\t\t\t<p>Com a an\u00e8cdota, l&#8217;arc central presideix un blas\u00f3 del bisbe Diego Ram\u00edrez de Villaescusa que es representa amb capell cardenalici, en previsi\u00f3 que arribaria a ser-ho, cosa que no va succeir.<\/p>\t\t\t\t\t\t\t\t<\/div>\n\t\t\t\t<\/div>\n\t\t\t\t<div class=\"elementor-element elementor-element-1954e7c elementor-widget elementor-widget-image\" data-id=\"1954e7c\" data-element_type=\"widget\" data-e-type=\"widget\" data-widget_type=\"image.default\">\n\t\t\t\t<div class=\"elementor-widget-container\">\n\t\t\t\t\t\t\t\t\t\t\t\t<figure class=\"wp-caption\">\n\t\t\t\t\t\t\t\t\t\t<img loading=\"lazy\" decoding=\"async\" width=\"768\" height=\"512\" src=\"https:\/\/www.elturistatranquil.com\/wp-content\/uploads\/F30-Capilla-de-Nuestra-Senora-de-la-Asuncion.-Villaescusa-de-Haro.jpg\" class=\"attachment-large size-large wp-image-40466\" alt=\"Capilla de Nuestra Se\u00f1ora de la Asunci\u00f3n. Villaescusa de Haro\" srcset=\"https:\/\/www.elturistatranquil.com\/wp-content\/uploads\/F30-Capilla-de-Nuestra-Senora-de-la-Asuncion.-Villaescusa-de-Haro.jpg 768w, https:\/\/www.elturistatranquil.com\/wp-content\/uploads\/F30-Capilla-de-Nuestra-Senora-de-la-Asuncion.-Villaescusa-de-Haro-339x226.jpg 339w\" sizes=\"(max-width: 768px) 100vw, 768px\" \/>\t\t\t\t\t\t\t\t\t\t\t<figcaption class=\"widget-image-caption wp-caption-text\"><\/figcaption>\n\t\t\t\t\t\t\t\t\t\t<\/figure>\n\t\t\t\t\t\t\t\t\t<\/div>\n\t\t\t\t<\/div>\n\t\t\t\t<div class=\"elementor-element elementor-element-d2367b7 elementor-widget elementor-widget-text-editor\" data-id=\"d2367b7\" data-element_type=\"widget\" data-e-type=\"widget\" data-widget_type=\"text-editor.default\">\n\t\t\t\t<div class=\"elementor-widget-container\">\n\t\t\t\t\t\t\t\t\t<p>De planta quadrada, la seva c\u00fapula \u00e9s un oct\u00f2gon recolzat en trompes i una elaborada volta estrellada obra de Sim\u00f3n de Colonia. Del cos de la capella adossada a l&#8217;exterior al costat de l&#8217;evangeli, sobresurt la c\u00fapula.<\/p><p>A la planta els arcs s\u00f3n de mig punt. Els balcons estaven reservats a la fam\u00edlia.<\/p>\t\t\t\t\t\t\t\t<\/div>\n\t\t\t\t<\/div>\n\t\t\t\t<div class=\"elementor-element elementor-element-780c402 elementor-widget elementor-widget-image\" data-id=\"780c402\" data-element_type=\"widget\" data-e-type=\"widget\" data-widget_type=\"image.default\">\n\t\t\t\t<div class=\"elementor-widget-container\">\n\t\t\t\t\t\t\t\t\t\t\t\t<figure class=\"wp-caption\">\n\t\t\t\t\t\t\t\t\t\t<img loading=\"lazy\" decoding=\"async\" width=\"768\" height=\"512\" src=\"https:\/\/www.elturistatranquil.com\/wp-content\/uploads\/F31-Capilla-de-Nuestra-Senora-de-la-Asuncion.-Villaescusa-de-Haro.jpg\" class=\"attachment-large size-large wp-image-40468\" alt=\"Capilla de Nuestra Se\u00f1ora de la Asunci\u00f3n. Villaescusa de Haro\" srcset=\"https:\/\/www.elturistatranquil.com\/wp-content\/uploads\/F31-Capilla-de-Nuestra-Senora-de-la-Asuncion.-Villaescusa-de-Haro.jpg 768w, https:\/\/www.elturistatranquil.com\/wp-content\/uploads\/F31-Capilla-de-Nuestra-Senora-de-la-Asuncion.-Villaescusa-de-Haro-339x226.jpg 339w\" sizes=\"(max-width: 768px) 100vw, 768px\" \/>\t\t\t\t\t\t\t\t\t\t\t<figcaption class=\"widget-image-caption wp-caption-text\"><\/figcaption>\n\t\t\t\t\t\t\t\t\t\t<\/figure>\n\t\t\t\t\t\t\t\t\t<\/div>\n\t\t\t\t<\/div>\n\t\t\t\t<div class=\"elementor-element elementor-element-ae8766f elementor-widget elementor-widget-image\" data-id=\"ae8766f\" data-element_type=\"widget\" data-e-type=\"widget\" data-widget_type=\"image.default\">\n\t\t\t\t<div class=\"elementor-widget-container\">\n\t\t\t\t\t\t\t\t\t\t\t\t<figure class=\"wp-caption\">\n\t\t\t\t\t\t\t\t\t\t<img loading=\"lazy\" decoding=\"async\" width=\"768\" height=\"512\" src=\"https:\/\/www.elturistatranquil.com\/wp-content\/uploads\/F32-Capilla-de-Nuestra-Senora-de-la-Asuncion.-Villaescusa-de-Haro.jpg\" class=\"attachment-large size-large wp-image-40470\" alt=\"Capilla de Nuestra Se\u00f1ora de la Asunci\u00f3n. Villaescusa de Haro\" srcset=\"https:\/\/www.elturistatranquil.com\/wp-content\/uploads\/F32-Capilla-de-Nuestra-Senora-de-la-Asuncion.-Villaescusa-de-Haro.jpg 768w, https:\/\/www.elturistatranquil.com\/wp-content\/uploads\/F32-Capilla-de-Nuestra-Senora-de-la-Asuncion.-Villaescusa-de-Haro-339x226.jpg 339w\" sizes=\"(max-width: 768px) 100vw, 768px\" \/>\t\t\t\t\t\t\t\t\t\t\t<figcaption class=\"widget-image-caption wp-caption-text\"><\/figcaption>\n\t\t\t\t\t\t\t\t\t\t<\/figure>\n\t\t\t\t\t\t\t\t\t<\/div>\n\t\t\t\t<\/div>\n\t\t\t\t<div class=\"elementor-element elementor-element-ce08d5e elementor-widget elementor-widget-text-editor\" data-id=\"ce08d5e\" data-element_type=\"widget\" data-e-type=\"widget\" data-widget_type=\"text-editor.default\">\n\t\t\t\t<div class=\"elementor-widget-container\">\n\t\t\t\t\t\t\t\t\t<p>L&#8217;element m\u00e9s destacat de la capella i de tot el temple \u00e9s el retaule amb escenes de la vida de la Mare de D\u00e9u.<\/p><p>De fusta policromada \u00e9s un retaule de transici\u00f3 del g\u00f2tic al renaixement obra de Felip de Vigarny, mentre que la reixeria \u00e9s del mestre fra Francisco de Salamanca.<\/p>\t\t\t\t\t\t\t\t<\/div>\n\t\t\t\t<\/div>\n\t\t\t\t<div class=\"elementor-element elementor-element-00b2521 elementor-widget elementor-widget-image\" data-id=\"00b2521\" data-element_type=\"widget\" data-e-type=\"widget\" data-widget_type=\"image.default\">\n\t\t\t\t<div class=\"elementor-widget-container\">\n\t\t\t\t\t\t\t\t\t\t\t\t<figure class=\"wp-caption\">\n\t\t\t\t\t\t\t\t\t\t<img loading=\"lazy\" decoding=\"async\" width=\"768\" height=\"512\" src=\"https:\/\/www.elturistatranquil.com\/wp-content\/uploads\/F33-Capilla-de-Nuestra-Senora-de-la-Asuncion.-Villaescusa-de-Haro.jpg\" class=\"attachment-large size-large wp-image-40472\" alt=\"Capilla de Nuestra Se\u00f1ora de la Asunci\u00f3n. Villaescusa de Haro\" srcset=\"https:\/\/www.elturistatranquil.com\/wp-content\/uploads\/F33-Capilla-de-Nuestra-Senora-de-la-Asuncion.-Villaescusa-de-Haro.jpg 768w, https:\/\/www.elturistatranquil.com\/wp-content\/uploads\/F33-Capilla-de-Nuestra-Senora-de-la-Asuncion.-Villaescusa-de-Haro-339x226.jpg 339w\" sizes=\"(max-width: 768px) 100vw, 768px\" \/>\t\t\t\t\t\t\t\t\t\t\t<figcaption class=\"widget-image-caption wp-caption-text\"><\/figcaption>\n\t\t\t\t\t\t\t\t\t\t<\/figure>\n\t\t\t\t\t\t\t\t\t<\/div>\n\t\t\t\t<\/div>\n\t\t\t\t<div class=\"elementor-element elementor-element-e7ab654 elementor-widget elementor-widget-image\" data-id=\"e7ab654\" data-element_type=\"widget\" data-e-type=\"widget\" data-widget_type=\"image.default\">\n\t\t\t\t<div class=\"elementor-widget-container\">\n\t\t\t\t\t\t\t\t\t\t\t\t<figure class=\"wp-caption\">\n\t\t\t\t\t\t\t\t\t\t<img loading=\"lazy\" decoding=\"async\" width=\"768\" height=\"512\" src=\"https:\/\/www.elturistatranquil.com\/wp-content\/uploads\/F34-Capilla-de-Nuestra-Senora-de-la-Asuncion.-Villaescusa-de-Haro.jpg\" class=\"attachment-large size-large wp-image-40474\" alt=\"Capilla de Nuestra Se\u00f1ora de la Asunci\u00f3n. Villaescusa de Haro\" srcset=\"https:\/\/www.elturistatranquil.com\/wp-content\/uploads\/F34-Capilla-de-Nuestra-Senora-de-la-Asuncion.-Villaescusa-de-Haro.jpg 768w, https:\/\/www.elturistatranquil.com\/wp-content\/uploads\/F34-Capilla-de-Nuestra-Senora-de-la-Asuncion.-Villaescusa-de-Haro-339x226.jpg 339w\" sizes=\"(max-width: 768px) 100vw, 768px\" \/>\t\t\t\t\t\t\t\t\t\t\t<figcaption class=\"widget-image-caption wp-caption-text\"><\/figcaption>\n\t\t\t\t\t\t\t\t\t\t<\/figure>\n\t\t\t\t\t\t\t\t\t<\/div>\n\t\t\t\t<\/div>\n\t\t\t\t<div class=\"elementor-element elementor-element-5a9eb23 elementor-widget elementor-widget-image\" data-id=\"5a9eb23\" data-element_type=\"widget\" data-e-type=\"widget\" data-widget_type=\"image.default\">\n\t\t\t\t<div class=\"elementor-widget-container\">\n\t\t\t\t\t\t\t\t\t\t\t\t<figure class=\"wp-caption\">\n\t\t\t\t\t\t\t\t\t\t<img loading=\"lazy\" decoding=\"async\" width=\"768\" height=\"512\" src=\"https:\/\/www.elturistatranquil.com\/wp-content\/uploads\/F35a-Capilla-de-Nuestra-Senora-de-la-Asuncion.-Villaescusa-de-Haro.jpg\" class=\"attachment-large size-large wp-image-40476\" alt=\"Capilla de Nuestra Se\u00f1ora de la Asunci\u00f3n. Villaescusa de Haro\" srcset=\"https:\/\/www.elturistatranquil.com\/wp-content\/uploads\/F35a-Capilla-de-Nuestra-Senora-de-la-Asuncion.-Villaescusa-de-Haro.jpg 768w, https:\/\/www.elturistatranquil.com\/wp-content\/uploads\/F35a-Capilla-de-Nuestra-Senora-de-la-Asuncion.-Villaescusa-de-Haro-339x226.jpg 339w\" sizes=\"(max-width: 768px) 100vw, 768px\" \/>\t\t\t\t\t\t\t\t\t\t\t<figcaption class=\"widget-image-caption wp-caption-text\"><\/figcaption>\n\t\t\t\t\t\t\t\t\t\t<\/figure>\n\t\t\t\t\t\t\t\t\t<\/div>\n\t\t\t\t<\/div>\n\t\t\t\t<div class=\"elementor-element elementor-element-f59a312 elementor-widget elementor-widget-text-editor\" data-id=\"f59a312\" data-element_type=\"widget\" data-e-type=\"widget\" data-widget_type=\"text-editor.default\">\n\t\t\t\t<div class=\"elementor-widget-container\">\n\t\t\t\t\t\t\t\t\t<p>En l\u00ednia amb el que es feia a l&#8217;\u00e8poca, el bisbe va manar incloure a l&#8217;escena de l&#8217;adoraci\u00f3 dels Reis Mags una quarta figura, que representa el rei Ferran el Cat\u00f2lic, governant en aquell moment.<\/p>\t\t\t\t\t\t\t\t<\/div>\n\t\t\t\t<\/div>\n\t\t\t\t<div class=\"elementor-element elementor-element-7840196 elementor-widget elementor-widget-menu-anchor\" data-id=\"7840196\" data-element_type=\"widget\" data-e-type=\"widget\" data-widget_type=\"menu-anchor.default\">\n\t\t\t\t<div class=\"elementor-widget-container\">\n\t\t\t\t\t\t\t<div class=\"elementor-menu-anchor\" id=\"c7306\"><\/div>\n\t\t\t\t\t\t<\/div>\n\t\t\t\t<\/div>\n\t\t\t\t<div class=\"elementor-element elementor-element-4210ebd elementor-widget elementor-widget-image\" data-id=\"4210ebd\" data-element_type=\"widget\" data-e-type=\"widget\" data-widget_type=\"image.default\">\n\t\t\t\t<div class=\"elementor-widget-container\">\n\t\t\t\t\t\t\t\t\t\t\t\t<figure class=\"wp-caption\">\n\t\t\t\t\t\t\t\t\t\t<img loading=\"lazy\" decoding=\"async\" width=\"484\" height=\"550\" src=\"https:\/\/www.elturistatranquil.com\/wp-content\/uploads\/F35b-Fernando-el-catolico-junto-a-los-Reyes-Magos.-Iglesia-de-San-Pedro.-Villaescusa-de-Haro.jpg\" class=\"attachment-large size-large wp-image-40478\" alt=\"Fernando el-catolico junto a los Reyes Magos. Iglesia de San Pedro. Villaescusa de Haro\" srcset=\"https:\/\/www.elturistatranquil.com\/wp-content\/uploads\/F35b-Fernando-el-catolico-junto-a-los-Reyes-Magos.-Iglesia-de-San-Pedro.-Villaescusa-de-Haro.jpg 484w, https:\/\/www.elturistatranquil.com\/wp-content\/uploads\/F35b-Fernando-el-catolico-junto-a-los-Reyes-Magos.-Iglesia-de-San-Pedro.-Villaescusa-de-Haro-199x226.jpg 199w\" sizes=\"(max-width: 484px) 100vw, 484px\" \/>\t\t\t\t\t\t\t\t\t\t\t<figcaption class=\"widget-image-caption wp-caption-text\">(Foto: Ayuntamiento de Villaescusa de Haro)<\/figcaption>\n\t\t\t\t\t\t\t\t\t\t<\/figure>\n\t\t\t\t\t\t\t\t\t<\/div>\n\t\t\t\t<\/div>\n\t\t\t\t<div class=\"elementor-element elementor-element-3ea1f5a elementor-widget elementor-widget-heading\" data-id=\"3ea1f5a\" data-element_type=\"widget\" data-e-type=\"widget\" data-widget_type=\"heading.default\">\n\t\t\t\t<div class=\"elementor-widget-container\">\n\t\t\t\t\t<h3 class=\"elementor-heading-title elementor-size-default\">Rotlle de just\u00edcia<\/h3>\t\t\t\t<\/div>\n\t\t\t\t<\/div>\n\t\t\t\t<div class=\"elementor-element elementor-element-d72ec77 elementor-widget elementor-widget-text-editor\" data-id=\"d72ec77\" data-element_type=\"widget\" data-e-type=\"widget\" data-widget_type=\"text-editor.default\">\n\t\t\t\t<div class=\"elementor-widget-container\">\n\t\t\t\t\t\t\t\t\t<p>S\u00edmbol de la potestat del poble per jutjar plets. S&#8217;al\u00e7ava a l&#8217;entrada de la localitat el <strong>rotllo de just\u00edcia<\/strong> (<strong>3<\/strong>). Actualment es troba ubicat al costat de la paret exterior de la sagristia de l&#8217;esgl\u00e9sia de San Pedro.<\/p>\t\t\t\t\t\t\t\t<\/div>\n\t\t\t\t<\/div>\n\t\t\t\t<div class=\"elementor-element elementor-element-258b75f elementor-widget elementor-widget-menu-anchor\" data-id=\"258b75f\" data-element_type=\"widget\" data-e-type=\"widget\" data-widget_type=\"menu-anchor.default\">\n\t\t\t\t<div class=\"elementor-widget-container\">\n\t\t\t\t\t\t\t<div class=\"elementor-menu-anchor\" id=\"c7307\"><\/div>\n\t\t\t\t\t\t<\/div>\n\t\t\t\t<\/div>\n\t\t\t\t<div class=\"elementor-element elementor-element-25d78a8 elementor-widget elementor-widget-image\" data-id=\"25d78a8\" data-element_type=\"widget\" data-e-type=\"widget\" data-widget_type=\"image.default\">\n\t\t\t\t<div class=\"elementor-widget-container\">\n\t\t\t\t\t\t\t\t\t\t\t\t<figure class=\"wp-caption\">\n\t\t\t\t\t\t\t\t\t\t<img loading=\"lazy\" decoding=\"async\" width=\"768\" height=\"512\" src=\"https:\/\/www.elturistatranquil.com\/wp-content\/uploads\/F36-Rollo-de-Justicia.-Villaescusa-de-Haro.jpg\" class=\"attachment-large size-large wp-image-40480\" alt=\"Rollo de Justicia. Villaescusa de Haro\" srcset=\"https:\/\/www.elturistatranquil.com\/wp-content\/uploads\/F36-Rollo-de-Justicia.-Villaescusa-de-Haro.jpg 768w, https:\/\/www.elturistatranquil.com\/wp-content\/uploads\/F36-Rollo-de-Justicia.-Villaescusa-de-Haro-339x226.jpg 339w\" sizes=\"(max-width: 768px) 100vw, 768px\" \/>\t\t\t\t\t\t\t\t\t\t\t<figcaption class=\"widget-image-caption wp-caption-text\"><\/figcaption>\n\t\t\t\t\t\t\t\t\t\t<\/figure>\n\t\t\t\t\t\t\t\t\t<\/div>\n\t\t\t\t<\/div>\n\t\t\t\t<div class=\"elementor-element elementor-element-b3e18d1 elementor-widget elementor-widget-heading\" data-id=\"b3e18d1\" data-element_type=\"widget\" data-e-type=\"widget\" data-widget_type=\"heading.default\">\n\t\t\t\t<div class=\"elementor-widget-container\">\n\t\t\t\t\t<h3 class=\"elementor-heading-title elementor-size-default\">Carrer de San Pedro<\/h3>\t\t\t\t<\/div>\n\t\t\t\t<\/div>\n\t\t\t\t<div class=\"elementor-element elementor-element-4ef0f33 elementor-widget elementor-widget-text-editor\" data-id=\"4ef0f33\" data-element_type=\"widget\" data-e-type=\"widget\" data-widget_type=\"text-editor.default\">\n\t\t\t\t<div class=\"elementor-widget-container\">\n\t\t\t\t\t\t\t\t\t<p>La llegenda explica que la majoria dels bisbes, de la fam\u00edlia dels Ram\u00edrez, van n\u00e9ixer al <strong>carrer Sant Pedro<\/strong> (<strong>4<\/strong>), ja anomenada aix\u00ed des d&#8217;aquells segles d&#8217;esplendor.<\/p><p>Aquest carrer tamb\u00e9 va albergar l&#8217;embri\u00f3 del convent de dominics, del qual tan sols es conserva la portada de pedra, a la llinda del segle XVI de la qual sobreviu una inscripci\u00f3 en honor a Santa Catalina d&#8217;Alexandria.<\/p>\t\t\t\t\t\t\t\t<\/div>\n\t\t\t\t<\/div>\n\t\t\t\t<div class=\"elementor-element elementor-element-c5da274 elementor-widget elementor-widget-menu-anchor\" data-id=\"c5da274\" data-element_type=\"widget\" data-e-type=\"widget\" data-widget_type=\"menu-anchor.default\">\n\t\t\t\t<div class=\"elementor-widget-container\">\n\t\t\t\t\t\t\t<div class=\"elementor-menu-anchor\" id=\"c7308\"><\/div>\n\t\t\t\t\t\t<\/div>\n\t\t\t\t<\/div>\n\t\t\t\t<div class=\"elementor-element elementor-element-b2e0356 elementor-widget elementor-widget-image\" data-id=\"b2e0356\" data-element_type=\"widget\" data-e-type=\"widget\" data-widget_type=\"image.default\">\n\t\t\t\t<div class=\"elementor-widget-container\">\n\t\t\t\t\t\t\t\t\t\t\t\t<figure class=\"wp-caption\">\n\t\t\t\t\t\t\t\t\t\t<img loading=\"lazy\" decoding=\"async\" width=\"768\" height=\"512\" src=\"https:\/\/www.elturistatranquil.com\/wp-content\/uploads\/F39-Primer-convento-dominico.-Villaescusa-de-Haro.jpg\" class=\"attachment-large size-large wp-image-40489\" alt=\"Primer convento dominico. Villaescusa de Haro\" srcset=\"https:\/\/www.elturistatranquil.com\/wp-content\/uploads\/F39-Primer-convento-dominico.-Villaescusa-de-Haro.jpg 768w, https:\/\/www.elturistatranquil.com\/wp-content\/uploads\/F39-Primer-convento-dominico.-Villaescusa-de-Haro-339x226.jpg 339w\" sizes=\"(max-width: 768px) 100vw, 768px\" \/>\t\t\t\t\t\t\t\t\t\t\t<figcaption class=\"widget-image-caption wp-caption-text\"><\/figcaption>\n\t\t\t\t\t\t\t\t\t\t<\/figure>\n\t\t\t\t\t\t\t\t\t<\/div>\n\t\t\t\t<\/div>\n\t\t\t\t<div class=\"elementor-element elementor-element-5fbe341 elementor-widget elementor-widget-heading\" data-id=\"5fbe341\" data-element_type=\"widget\" data-e-type=\"widget\" data-widget_type=\"heading.default\">\n\t\t\t\t<div class=\"elementor-widget-container\">\n\t\t\t\t\t<h3 class=\"elementor-heading-title elementor-size-default\">Palau dels Ram\u00edrez de Arellano, Casa Grande, actual Ajuntament<\/h3>\t\t\t\t<\/div>\n\t\t\t\t<\/div>\n\t\t\t\t<div class=\"elementor-element elementor-element-a4034ce elementor-widget elementor-widget-text-editor\" data-id=\"a4034ce\" data-element_type=\"widget\" data-e-type=\"widget\" data-widget_type=\"text-editor.default\">\n\t\t\t\t<div class=\"elementor-widget-container\">\n\t\t\t\t\t\t\t\t\t<p>Enfront de l&#8217;entrada principal de l&#8217;esgl\u00e9sia de San Pedro s&#8217;al\u00e7a el <strong>Palau dels Ram\u00edrez<\/strong> (<strong>5<\/strong>), de finals de segle XVI i principis del XVII, manat construir pel senyor Gil Ram\u00edrez de Arellano, cavaller de l&#8217;Orde de Santiago i president del Consell de la Mesta.<\/p>\t\t\t\t\t\t\t\t<\/div>\n\t\t\t\t<\/div>\n\t\t\t\t<div class=\"elementor-element elementor-element-91ed563 elementor-widget elementor-widget-image\" data-id=\"91ed563\" data-element_type=\"widget\" data-e-type=\"widget\" data-widget_type=\"image.default\">\n\t\t\t\t<div class=\"elementor-widget-container\">\n\t\t\t\t\t\t\t\t\t\t\t\t<figure class=\"wp-caption\">\n\t\t\t\t\t\t\t\t\t\t<img loading=\"lazy\" decoding=\"async\" width=\"768\" height=\"512\" src=\"https:\/\/www.elturistatranquil.com\/wp-content\/uploads\/F40-Palacio-de-los-Ramirez-de-Arellano.-Villaescusa-de-Haro.jpg\" class=\"attachment-large size-large wp-image-40491\" alt=\"Palacio de los Ramirez de Arellano. Villaescusa de Haro\" srcset=\"https:\/\/www.elturistatranquil.com\/wp-content\/uploads\/F40-Palacio-de-los-Ramirez-de-Arellano.-Villaescusa-de-Haro.jpg 768w, https:\/\/www.elturistatranquil.com\/wp-content\/uploads\/F40-Palacio-de-los-Ramirez-de-Arellano.-Villaescusa-de-Haro-339x226.jpg 339w\" sizes=\"(max-width: 768px) 100vw, 768px\" \/>\t\t\t\t\t\t\t\t\t\t\t<figcaption class=\"widget-image-caption wp-caption-text\"><\/figcaption>\n\t\t\t\t\t\t\t\t\t\t<\/figure>\n\t\t\t\t\t\t\t\t\t<\/div>\n\t\t\t\t<\/div>\n\t\t\t\t<div class=\"elementor-element elementor-element-26d4fba elementor-widget elementor-widget-text-editor\" data-id=\"26d4fba\" data-element_type=\"widget\" data-e-type=\"widget\" data-widget_type=\"text-editor.default\">\n\t\t\t\t<div class=\"elementor-widget-container\">\n\t\t\t\t\t\t\t\t\t<p>Al centre de la fa\u00e7ana l&#8217;acc\u00e9s, una porta flanquejada per columnes toscanes adossades amb balc\u00f3. A sobre l&#8217;escut dels Ram\u00edrez de Cuenca.<\/p>\t\t\t\t\t\t\t\t<\/div>\n\t\t\t\t<\/div>\n\t\t\t\t<div class=\"elementor-element elementor-element-9b19cc8 elementor-widget elementor-widget-image\" data-id=\"9b19cc8\" data-element_type=\"widget\" data-e-type=\"widget\" data-widget_type=\"image.default\">\n\t\t\t\t<div class=\"elementor-widget-container\">\n\t\t\t\t\t\t\t\t\t\t\t\t<figure class=\"wp-caption\">\n\t\t\t\t\t\t\t\t\t\t<img loading=\"lazy\" decoding=\"async\" width=\"768\" height=\"512\" src=\"https:\/\/www.elturistatranquil.com\/wp-content\/uploads\/F41-Palacio-de-los-Ramirez-de-Arellano.-Villaescusa-de-Haro.jpg\" class=\"attachment-large size-large wp-image-40493\" alt=\"Palacio de los Ramirez de Arellano. Villaescusa de Haro\" srcset=\"https:\/\/www.elturistatranquil.com\/wp-content\/uploads\/F41-Palacio-de-los-Ramirez-de-Arellano.-Villaescusa-de-Haro.jpg 768w, https:\/\/www.elturistatranquil.com\/wp-content\/uploads\/F41-Palacio-de-los-Ramirez-de-Arellano.-Villaescusa-de-Haro-339x226.jpg 339w\" sizes=\"(max-width: 768px) 100vw, 768px\" \/>\t\t\t\t\t\t\t\t\t\t\t<figcaption class=\"widget-image-caption wp-caption-text\"><\/figcaption>\n\t\t\t\t\t\t\t\t\t\t<\/figure>\n\t\t\t\t\t\t\t\t\t<\/div>\n\t\t\t\t<\/div>\n\t\t\t\t<div class=\"elementor-element elementor-element-f9226d6 elementor-widget elementor-widget-image\" data-id=\"f9226d6\" data-element_type=\"widget\" data-e-type=\"widget\" data-widget_type=\"image.default\">\n\t\t\t\t<div class=\"elementor-widget-container\">\n\t\t\t\t\t\t\t\t\t\t\t\t<figure class=\"wp-caption\">\n\t\t\t\t\t\t\t\t\t\t<img loading=\"lazy\" decoding=\"async\" width=\"768\" height=\"512\" src=\"https:\/\/www.elturistatranquil.com\/wp-content\/uploads\/F42-Palacio-de-los-Ramirez-de-Arellano.-Villaescusa-de-Haro.jpg\" class=\"attachment-large size-large wp-image-40495\" alt=\"Palacio de los Ramirez de Arellano. Villaescusa de Haro\" srcset=\"https:\/\/www.elturistatranquil.com\/wp-content\/uploads\/F42-Palacio-de-los-Ramirez-de-Arellano.-Villaescusa-de-Haro.jpg 768w, https:\/\/www.elturistatranquil.com\/wp-content\/uploads\/F42-Palacio-de-los-Ramirez-de-Arellano.-Villaescusa-de-Haro-339x226.jpg 339w\" sizes=\"(max-width: 768px) 100vw, 768px\" \/>\t\t\t\t\t\t\t\t\t\t\t<figcaption class=\"widget-image-caption wp-caption-text\"><\/figcaption>\n\t\t\t\t\t\t\t\t\t\t<\/figure>\n\t\t\t\t\t\t\t\t\t<\/div>\n\t\t\t\t<\/div>\n\t\t\t\t<div class=\"elementor-element elementor-element-a110cfa elementor-widget elementor-widget-image\" data-id=\"a110cfa\" data-element_type=\"widget\" data-e-type=\"widget\" data-widget_type=\"image.default\">\n\t\t\t\t<div class=\"elementor-widget-container\">\n\t\t\t\t\t\t\t\t\t\t\t\t<figure class=\"wp-caption\">\n\t\t\t\t\t\t\t\t\t\t<img loading=\"lazy\" decoding=\"async\" width=\"768\" height=\"512\" src=\"https:\/\/www.elturistatranquil.com\/wp-content\/uploads\/F43-Palacio-de-los-Ramirez-de-Arellano.-Villaescusa-de-Haro.jpg\" class=\"attachment-large size-large wp-image-40497\" alt=\"Palacio de los Ramirez de Arellano. Villaescusa de Haro\" srcset=\"https:\/\/www.elturistatranquil.com\/wp-content\/uploads\/F43-Palacio-de-los-Ramirez-de-Arellano.-Villaescusa-de-Haro.jpg 768w, https:\/\/www.elturistatranquil.com\/wp-content\/uploads\/F43-Palacio-de-los-Ramirez-de-Arellano.-Villaescusa-de-Haro-339x226.jpg 339w\" sizes=\"(max-width: 768px) 100vw, 768px\" \/>\t\t\t\t\t\t\t\t\t\t\t<figcaption class=\"widget-image-caption wp-caption-text\"><\/figcaption>\n\t\t\t\t\t\t\t\t\t\t<\/figure>\n\t\t\t\t\t\t\t\t\t<\/div>\n\t\t\t\t<\/div>\n\t\t\t\t<div class=\"elementor-element elementor-element-47fa0cc elementor-widget elementor-widget-text-editor\" data-id=\"47fa0cc\" data-element_type=\"widget\" data-e-type=\"widget\" data-widget_type=\"text-editor.default\">\n\t\t\t\t<div class=\"elementor-widget-container\">\n\t\t\t\t\t\t\t\t\t<p>S&#8217;ha mantingut el cos principal i una part dels murs de tancament del palau.<\/p>\t\t\t\t\t\t\t\t<\/div>\n\t\t\t\t<\/div>\n\t\t\t\t<div class=\"elementor-element elementor-element-f15cedf elementor-widget elementor-widget-image\" data-id=\"f15cedf\" data-element_type=\"widget\" data-e-type=\"widget\" data-widget_type=\"image.default\">\n\t\t\t\t<div class=\"elementor-widget-container\">\n\t\t\t\t\t\t\t\t\t\t\t\t<figure class=\"wp-caption\">\n\t\t\t\t\t\t\t\t\t\t<img loading=\"lazy\" decoding=\"async\" width=\"768\" height=\"512\" src=\"https:\/\/www.elturistatranquil.com\/wp-content\/uploads\/F44-Palacio-de-los-Ramirez-de-Arellano.-Villaescusa-de-Haro.jpg\" class=\"attachment-large size-large wp-image-40499\" alt=\"Palacio de los Ramirez de Arellano. Villaescusa de Haro\" srcset=\"https:\/\/www.elturistatranquil.com\/wp-content\/uploads\/F44-Palacio-de-los-Ramirez-de-Arellano.-Villaescusa-de-Haro.jpg 768w, https:\/\/www.elturistatranquil.com\/wp-content\/uploads\/F44-Palacio-de-los-Ramirez-de-Arellano.-Villaescusa-de-Haro-339x226.jpg 339w\" sizes=\"(max-width: 768px) 100vw, 768px\" \/>\t\t\t\t\t\t\t\t\t\t\t<figcaption class=\"widget-image-caption wp-caption-text\"><\/figcaption>\n\t\t\t\t\t\t\t\t\t\t<\/figure>\n\t\t\t\t\t\t\t\t\t<\/div>\n\t\t\t\t<\/div>\n\t\t\t\t<div class=\"elementor-element elementor-element-7cfca26 elementor-widget elementor-widget-text-editor\" data-id=\"7cfca26\" data-element_type=\"widget\" data-e-type=\"widget\" data-widget_type=\"text-editor.default\">\n\t\t\t\t<div class=\"elementor-widget-container\">\n\t\t\t\t\t\t\t\t\t<p>S&#8217;accedeix al palau a trav\u00e9s d&#8217;un vest\u00edbul que dona pas a un pati porticat de columnes.<\/p>\t\t\t\t\t\t\t\t<\/div>\n\t\t\t\t<\/div>\n\t\t\t\t<div class=\"elementor-element elementor-element-57fa121 elementor-widget elementor-widget-image\" data-id=\"57fa121\" data-element_type=\"widget\" data-e-type=\"widget\" data-widget_type=\"image.default\">\n\t\t\t\t<div class=\"elementor-widget-container\">\n\t\t\t\t\t\t\t\t\t\t\t\t<figure class=\"wp-caption\">\n\t\t\t\t\t\t\t\t\t\t<img loading=\"lazy\" decoding=\"async\" width=\"768\" height=\"512\" src=\"https:\/\/www.elturistatranquil.com\/wp-content\/uploads\/F45-Palacio-de-los-Ramirez-de-Arellano.-Villaescusa-de-Haro.jpg\" class=\"attachment-large size-large wp-image-40501\" alt=\"Palacio de los Ramirez de Arellano. Villaescusa de Haro\" srcset=\"https:\/\/www.elturistatranquil.com\/wp-content\/uploads\/F45-Palacio-de-los-Ramirez-de-Arellano.-Villaescusa-de-Haro.jpg 768w, https:\/\/www.elturistatranquil.com\/wp-content\/uploads\/F45-Palacio-de-los-Ramirez-de-Arellano.-Villaescusa-de-Haro-339x226.jpg 339w\" sizes=\"(max-width: 768px) 100vw, 768px\" \/>\t\t\t\t\t\t\t\t\t\t\t<figcaption class=\"widget-image-caption wp-caption-text\"><\/figcaption>\n\t\t\t\t\t\t\t\t\t\t<\/figure>\n\t\t\t\t\t\t\t\t\t<\/div>\n\t\t\t\t<\/div>\n\t\t\t\t<div class=\"elementor-element elementor-element-231ace4 elementor-widget elementor-widget-image\" data-id=\"231ace4\" data-element_type=\"widget\" data-e-type=\"widget\" data-widget_type=\"image.default\">\n\t\t\t\t<div class=\"elementor-widget-container\">\n\t\t\t\t\t\t\t\t\t\t\t\t<figure class=\"wp-caption\">\n\t\t\t\t\t\t\t\t\t\t<img loading=\"lazy\" decoding=\"async\" width=\"768\" height=\"512\" src=\"https:\/\/www.elturistatranquil.com\/wp-content\/uploads\/F46-Palacio-de-los-Ramirez-de-Arellano.-Villaescusa-de-Haro.jpg\" class=\"attachment-large size-large wp-image-40503\" alt=\"Palacio de los Ramirez de Arellano. Villaescusa de Haro\" srcset=\"https:\/\/www.elturistatranquil.com\/wp-content\/uploads\/F46-Palacio-de-los-Ramirez-de-Arellano.-Villaescusa-de-Haro.jpg 768w, https:\/\/www.elturistatranquil.com\/wp-content\/uploads\/F46-Palacio-de-los-Ramirez-de-Arellano.-Villaescusa-de-Haro-339x226.jpg 339w\" sizes=\"(max-width: 768px) 100vw, 768px\" \/>\t\t\t\t\t\t\t\t\t\t\t<figcaption class=\"widget-image-caption wp-caption-text\"><\/figcaption>\n\t\t\t\t\t\t\t\t\t\t<\/figure>\n\t\t\t\t\t\t\t\t\t<\/div>\n\t\t\t\t<\/div>\n\t\t\t\t<div class=\"elementor-element elementor-element-f517f12 elementor-widget elementor-widget-text-editor\" data-id=\"f517f12\" data-element_type=\"widget\" data-e-type=\"widget\" data-widget_type=\"text-editor.default\">\n\t\t\t\t<div class=\"elementor-widget-container\">\n\t\t\t\t\t\t\t\t\t<p>Els pilars s\u00f3n columnes toscanes sobre s\u00f2col quadrat. El pati \u00e9s de clar estil manxec.<\/p>\t\t\t\t\t\t\t\t<\/div>\n\t\t\t\t<\/div>\n\t\t\t\t<div class=\"elementor-element elementor-element-2a23a18 elementor-widget elementor-widget-image\" data-id=\"2a23a18\" data-element_type=\"widget\" data-e-type=\"widget\" data-widget_type=\"image.default\">\n\t\t\t\t<div class=\"elementor-widget-container\">\n\t\t\t\t\t\t\t\t\t\t\t\t<figure class=\"wp-caption\">\n\t\t\t\t\t\t\t\t\t\t<img loading=\"lazy\" decoding=\"async\" width=\"768\" height=\"512\" src=\"https:\/\/www.elturistatranquil.com\/wp-content\/uploads\/F47-Palacio-de-los-Ramirez-de-Arellano.-Villaescusa-de-Haro.jpg\" class=\"attachment-large size-large wp-image-40505\" alt=\"Palacio de los Ramirez de Arellano. Villaescusa de Haro\" srcset=\"https:\/\/www.elturistatranquil.com\/wp-content\/uploads\/F47-Palacio-de-los-Ramirez-de-Arellano.-Villaescusa-de-Haro.jpg 768w, https:\/\/www.elturistatranquil.com\/wp-content\/uploads\/F47-Palacio-de-los-Ramirez-de-Arellano.-Villaescusa-de-Haro-339x226.jpg 339w\" sizes=\"(max-width: 768px) 100vw, 768px\" \/>\t\t\t\t\t\t\t\t\t\t\t<figcaption class=\"widget-image-caption wp-caption-text\"><\/figcaption>\n\t\t\t\t\t\t\t\t\t\t<\/figure>\n\t\t\t\t\t\t\t\t\t<\/div>\n\t\t\t\t<\/div>\n\t\t\t\t<div class=\"elementor-element elementor-element-0ee9dac elementor-widget elementor-widget-image\" data-id=\"0ee9dac\" data-element_type=\"widget\" data-e-type=\"widget\" data-widget_type=\"image.default\">\n\t\t\t\t<div class=\"elementor-widget-container\">\n\t\t\t\t\t\t\t\t\t\t\t\t<figure class=\"wp-caption\">\n\t\t\t\t\t\t\t\t\t\t<img loading=\"lazy\" decoding=\"async\" width=\"768\" height=\"512\" src=\"https:\/\/www.elturistatranquil.com\/wp-content\/uploads\/F48-Palacio-de-los-Ramirez-de-Arellano.-Villaescusa-de-Haro.jpg\" class=\"attachment-large size-large wp-image-40507\" alt=\"Palacio de los Ramirez de Arellano. Villaescusa de Haro\" srcset=\"https:\/\/www.elturistatranquil.com\/wp-content\/uploads\/F48-Palacio-de-los-Ramirez-de-Arellano.-Villaescusa-de-Haro.jpg 768w, https:\/\/www.elturistatranquil.com\/wp-content\/uploads\/F48-Palacio-de-los-Ramirez-de-Arellano.-Villaescusa-de-Haro-339x226.jpg 339w\" sizes=\"(max-width: 768px) 100vw, 768px\" \/>\t\t\t\t\t\t\t\t\t\t\t<figcaption class=\"widget-image-caption wp-caption-text\"><\/figcaption>\n\t\t\t\t\t\t\t\t\t\t<\/figure>\n\t\t\t\t\t\t\t\t\t<\/div>\n\t\t\t\t<\/div>\n\t\t\t\t<div class=\"elementor-element elementor-element-c02447a elementor-widget elementor-widget-text-editor\" data-id=\"c02447a\" data-element_type=\"widget\" data-e-type=\"widget\" data-widget_type=\"text-editor.default\">\n\t\t\t\t<div class=\"elementor-widget-container\">\n\t\t\t\t\t\t\t\t\t<p>Des del pati s&#8217;hi accedeix per l&#8217;escalinata principal a la planta superior.<\/p>\t\t\t\t\t\t\t\t<\/div>\n\t\t\t\t<\/div>\n\t\t\t\t<div class=\"elementor-element elementor-element-f33f039 elementor-widget elementor-widget-image\" data-id=\"f33f039\" data-element_type=\"widget\" data-e-type=\"widget\" data-widget_type=\"image.default\">\n\t\t\t\t<div class=\"elementor-widget-container\">\n\t\t\t\t\t\t\t\t\t\t\t\t<figure class=\"wp-caption\">\n\t\t\t\t\t\t\t\t\t\t<img loading=\"lazy\" decoding=\"async\" width=\"768\" height=\"512\" src=\"https:\/\/www.elturistatranquil.com\/wp-content\/uploads\/F49-Palacio-de-los-Ramirez-de-Arellano.-Villaescusa-de-Haro.jpg\" class=\"attachment-large size-large wp-image-40509\" alt=\"Palacio de los Ramirez de Arellano. Villaescusa de Haro\" srcset=\"https:\/\/www.elturistatranquil.com\/wp-content\/uploads\/F49-Palacio-de-los-Ramirez-de-Arellano.-Villaescusa-de-Haro.jpg 768w, https:\/\/www.elturistatranquil.com\/wp-content\/uploads\/F49-Palacio-de-los-Ramirez-de-Arellano.-Villaescusa-de-Haro-339x226.jpg 339w\" sizes=\"(max-width: 768px) 100vw, 768px\" \/>\t\t\t\t\t\t\t\t\t\t\t<figcaption class=\"widget-image-caption wp-caption-text\"><\/figcaption>\n\t\t\t\t\t\t\t\t\t\t<\/figure>\n\t\t\t\t\t\t\t\t\t<\/div>\n\t\t\t\t<\/div>\n\t\t\t\t<div class=\"elementor-element elementor-element-0ad8ad2 elementor-widget elementor-widget-image\" data-id=\"0ad8ad2\" data-element_type=\"widget\" data-e-type=\"widget\" data-widget_type=\"image.default\">\n\t\t\t\t<div class=\"elementor-widget-container\">\n\t\t\t\t\t\t\t\t\t\t\t\t<figure class=\"wp-caption\">\n\t\t\t\t\t\t\t\t\t\t<img loading=\"lazy\" decoding=\"async\" width=\"768\" height=\"512\" src=\"https:\/\/www.elturistatranquil.com\/wp-content\/uploads\/F50-Palacio-de-los-Ramirez-de-Arellano.-Villaescusa-de-Haro.jpg\" class=\"attachment-large size-large wp-image-40511\" alt=\"Palacio de los Ramirez de Arellano. Villaescusa de Haro\" srcset=\"https:\/\/www.elturistatranquil.com\/wp-content\/uploads\/F50-Palacio-de-los-Ramirez-de-Arellano.-Villaescusa-de-Haro.jpg 768w, https:\/\/www.elturistatranquil.com\/wp-content\/uploads\/F50-Palacio-de-los-Ramirez-de-Arellano.-Villaescusa-de-Haro-339x226.jpg 339w\" sizes=\"(max-width: 768px) 100vw, 768px\" \/>\t\t\t\t\t\t\t\t\t\t\t<figcaption class=\"widget-image-caption wp-caption-text\"><\/figcaption>\n\t\t\t\t\t\t\t\t\t\t<\/figure>\n\t\t\t\t\t\t\t\t\t<\/div>\n\t\t\t\t<\/div>\n\t\t\t\t<div class=\"elementor-element elementor-element-76a1afd elementor-widget elementor-widget-text-editor\" data-id=\"76a1afd\" data-element_type=\"widget\" data-e-type=\"widget\" data-widget_type=\"text-editor.default\">\n\t\t\t\t<div class=\"elementor-widget-container\">\n\t\t\t\t\t\t\t\t\t<p>Dos brocals de pedra s&#8217;obren sobre un gran aljub.<\/p>\t\t\t\t\t\t\t\t<\/div>\n\t\t\t\t<\/div>\n\t\t\t\t<div class=\"elementor-element elementor-element-eeb07f9 elementor-widget elementor-widget-image\" data-id=\"eeb07f9\" data-element_type=\"widget\" data-e-type=\"widget\" data-widget_type=\"image.default\">\n\t\t\t\t<div class=\"elementor-widget-container\">\n\t\t\t\t\t\t\t\t\t\t\t\t<figure class=\"wp-caption\">\n\t\t\t\t\t\t\t\t\t\t<img loading=\"lazy\" decoding=\"async\" width=\"768\" height=\"512\" src=\"https:\/\/www.elturistatranquil.com\/wp-content\/uploads\/F51-Palacio-de-los-Ramirez-de-Arellano.-Villaescusa-de-Haro.jpg\" class=\"attachment-large size-large wp-image-40513\" alt=\"Palacio de los Ramirez de Arellano. Villaescusa de Haro\" srcset=\"https:\/\/www.elturistatranquil.com\/wp-content\/uploads\/F51-Palacio-de-los-Ramirez-de-Arellano.-Villaescusa-de-Haro.jpg 768w, https:\/\/www.elturistatranquil.com\/wp-content\/uploads\/F51-Palacio-de-los-Ramirez-de-Arellano.-Villaescusa-de-Haro-339x226.jpg 339w\" sizes=\"(max-width: 768px) 100vw, 768px\" \/>\t\t\t\t\t\t\t\t\t\t\t<figcaption class=\"widget-image-caption wp-caption-text\"><\/figcaption>\n\t\t\t\t\t\t\t\t\t\t<\/figure>\n\t\t\t\t\t\t\t\t\t<\/div>\n\t\t\t\t<\/div>\n\t\t\t\t<div class=\"elementor-element elementor-element-1bf0029 elementor-widget elementor-widget-text-editor\" data-id=\"1bf0029\" data-element_type=\"widget\" data-e-type=\"widget\" data-widget_type=\"text-editor.default\">\n\t\t\t\t<div class=\"elementor-widget-container\">\n\t\t\t\t\t\t\t\t\t<p>En un angle del pati, l&#8217;escultura en ferro del <strong>Profeta Cabreado<\/strong>.<\/p>\t\t\t\t\t\t\t\t<\/div>\n\t\t\t\t<\/div>\n\t\t\t\t<div class=\"elementor-element elementor-element-17099a6 elementor-widget elementor-widget-image\" data-id=\"17099a6\" data-element_type=\"widget\" data-e-type=\"widget\" data-widget_type=\"image.default\">\n\t\t\t\t<div class=\"elementor-widget-container\">\n\t\t\t\t\t\t\t\t\t\t\t\t<figure class=\"wp-caption\">\n\t\t\t\t\t\t\t\t\t\t<img loading=\"lazy\" decoding=\"async\" width=\"768\" height=\"512\" src=\"https:\/\/www.elturistatranquil.com\/wp-content\/uploads\/F52-Palacio-de-los-Ramirez-de-Arellano.-Villaescusa-de-Haro.jpg\" class=\"attachment-large size-large wp-image-40515\" alt=\"Palacio de los Ramirez de Arellano. Villaescusa de Haro\" srcset=\"https:\/\/www.elturistatranquil.com\/wp-content\/uploads\/F52-Palacio-de-los-Ramirez-de-Arellano.-Villaescusa-de-Haro.jpg 768w, https:\/\/www.elturistatranquil.com\/wp-content\/uploads\/F52-Palacio-de-los-Ramirez-de-Arellano.-Villaescusa-de-Haro-339x226.jpg 339w\" sizes=\"(max-width: 768px) 100vw, 768px\" \/>\t\t\t\t\t\t\t\t\t\t\t<figcaption class=\"widget-image-caption wp-caption-text\"><\/figcaption>\n\t\t\t\t\t\t\t\t\t\t<\/figure>\n\t\t\t\t\t\t\t\t\t<\/div>\n\t\t\t\t<\/div>\n\t\t\t\t<div class=\"elementor-element elementor-element-4f2a0e4 elementor-widget elementor-widget-menu-anchor\" data-id=\"4f2a0e4\" data-element_type=\"widget\" data-e-type=\"widget\" data-widget_type=\"menu-anchor.default\">\n\t\t\t\t<div class=\"elementor-widget-container\">\n\t\t\t\t\t\t\t<div class=\"elementor-menu-anchor\" id=\"c7309\"><\/div>\n\t\t\t\t\t\t<\/div>\n\t\t\t\t<\/div>\n\t\t\t\t<div class=\"elementor-element elementor-element-cfe5670 elementor-widget elementor-widget-text-editor\" data-id=\"cfe5670\" data-element_type=\"widget\" data-e-type=\"widget\" data-widget_type=\"text-editor.default\">\n\t\t\t\t<div class=\"elementor-widget-container\">\n\t\t\t\t\t\t\t\t\t<p>Actualment el palau rehabilitat s&#8217;utilitza com a centre integral de serveis de la vila ja que acull l&#8217;Ajuntament, la biblioteca, l&#8217;oficina de correus, la llar social, la sala d&#8217;actes i la sala d&#8217;exposicions, entre d&#8217;altres.<\/p>\t\t\t\t\t\t\t\t<\/div>\n\t\t\t\t<\/div>\n\t\t\t\t<div class=\"elementor-element elementor-element-3316fda elementor-widget elementor-widget-heading\" data-id=\"3316fda\" data-element_type=\"widget\" data-e-type=\"widget\" data-widget_type=\"heading.default\">\n\t\t\t\t<div class=\"elementor-widget-container\">\n\t\t\t\t\t<h3 class=\"elementor-heading-title elementor-size-default\">Col\u00b7legi universitari o Universitat \u201cnon nata\u201d<\/h3>\t\t\t\t<\/div>\n\t\t\t\t<\/div>\n\t\t\t\t<div class=\"elementor-element elementor-element-eea84a4 elementor-widget elementor-widget-text-editor\" data-id=\"eea84a4\" data-element_type=\"widget\" data-e-type=\"widget\" data-widget_type=\"text-editor.default\">\n\t\t\t\t<div class=\"elementor-widget-container\">\n\t\t\t\t\t\t\t\t\t<p><em>B\u00e9 d&#8217;Inter\u00e8s Cultural: Monument<\/em>, 1998<\/p><p>Una altra de les mostres d&#8217;arquitectura civil el <strong>Col\u00b7legi Universitari<\/strong> o <strong>Universitat \u201cnon nata\u201d<\/strong> (<strong>6<\/strong>), d&#8217;estil renaixentista primitiu de principis del segle XVI.<\/p><p>El bisbe Diego Ram\u00edrez va iniciar la construcci\u00f3 d&#8217;un gran edifici que pretenia que fos la primera universitat de la zona sud de Castella. El projecte es va frustrar quan el Cardenal Cisneros va fer construir la Universitat d&#8217;Alcal\u00e1 de Henares, veient-se obligat a abandonar el projecte.<\/p><p>Es va arribar a construir el cos central, que \u00e9s l&#8217;edifici que encara subsisteix, on es poden observar clarament els punts d&#8217;arrencada del que havien de ser les dues naus laterals.<\/p><p>Paralitzades les obres el bisbe el va destinar a casa per als seus nebots.<\/p>\t\t\t\t\t\t\t\t<\/div>\n\t\t\t\t<\/div>\n\t\t\t\t<div class=\"elementor-element elementor-element-730a97e elementor-widget elementor-widget-image\" data-id=\"730a97e\" data-element_type=\"widget\" data-e-type=\"widget\" data-widget_type=\"image.default\">\n\t\t\t\t<div class=\"elementor-widget-container\">\n\t\t\t\t\t\t\t\t\t\t\t\t<figure class=\"wp-caption\">\n\t\t\t\t\t\t\t\t\t\t<img loading=\"lazy\" decoding=\"async\" width=\"768\" height=\"512\" src=\"https:\/\/www.elturistatranquil.com\/wp-content\/uploads\/F53-Universidad-non-nata.-Villaescusa-de-Haro.jpg\" class=\"attachment-large size-large wp-image-40517\" alt=\"Universidad non nata. Villaescusa de Haro\" srcset=\"https:\/\/www.elturistatranquil.com\/wp-content\/uploads\/F53-Universidad-non-nata.-Villaescusa-de-Haro.jpg 768w, https:\/\/www.elturistatranquil.com\/wp-content\/uploads\/F53-Universidad-non-nata.-Villaescusa-de-Haro-339x226.jpg 339w\" sizes=\"(max-width: 768px) 100vw, 768px\" \/>\t\t\t\t\t\t\t\t\t\t\t<figcaption class=\"widget-image-caption wp-caption-text\"><\/figcaption>\n\t\t\t\t\t\t\t\t\t\t<\/figure>\n\t\t\t\t\t\t\t\t\t<\/div>\n\t\t\t\t<\/div>\n\t\t\t\t<div class=\"elementor-element elementor-element-80530aa elementor-widget elementor-widget-text-editor\" data-id=\"80530aa\" data-element_type=\"widget\" data-e-type=\"widget\" data-widget_type=\"text-editor.default\">\n\t\t\t\t<div class=\"elementor-widget-container\">\n\t\t\t\t\t\t\t\t\t<p>Les quatre plantes comptaven amb portes i finestres de carreu llaurada amb decoraci\u00f3 her\u00e0ldica i tem\u00e0tica vegetal d&#8217;her\u00e8ncia g\u00f2tica, mentre que els murs eren de ma\u00e7oneria. A les obertures amb rematades semicirculars contenen bustos.<\/p>\t\t\t\t\t\t\t\t<\/div>\n\t\t\t\t<\/div>\n\t\t\t\t<div class=\"elementor-element elementor-element-cc5ede7 elementor-widget elementor-widget-image\" data-id=\"cc5ede7\" data-element_type=\"widget\" data-e-type=\"widget\" data-widget_type=\"image.default\">\n\t\t\t\t<div class=\"elementor-widget-container\">\n\t\t\t\t\t\t\t\t\t\t\t\t<figure class=\"wp-caption\">\n\t\t\t\t\t\t\t\t\t\t<img loading=\"lazy\" decoding=\"async\" width=\"768\" height=\"429\" src=\"https:\/\/www.elturistatranquil.com\/wp-content\/uploads\/F54-Universidad-non-nata.-Villaescusa-de-Haro.jpg\" class=\"attachment-large size-large wp-image-40519\" alt=\"Universidad non nata. Villaescusa de Haro\" srcset=\"https:\/\/www.elturistatranquil.com\/wp-content\/uploads\/F54-Universidad-non-nata.-Villaescusa-de-Haro.jpg 768w, https:\/\/www.elturistatranquil.com\/wp-content\/uploads\/F54-Universidad-non-nata.-Villaescusa-de-Haro-339x189.jpg 339w\" sizes=\"(max-width: 768px) 100vw, 768px\" \/>\t\t\t\t\t\t\t\t\t\t\t<figcaption class=\"widget-image-caption wp-caption-text\"><\/figcaption>\n\t\t\t\t\t\t\t\t\t\t<\/figure>\n\t\t\t\t\t\t\t\t\t<\/div>\n\t\t\t\t<\/div>\n\t\t\t\t<div class=\"elementor-element elementor-element-a120ed7 elementor-widget elementor-widget-menu-anchor\" data-id=\"a120ed7\" data-element_type=\"widget\" data-e-type=\"widget\" data-widget_type=\"menu-anchor.default\">\n\t\t\t\t<div class=\"elementor-widget-container\">\n\t\t\t\t\t\t\t<div class=\"elementor-menu-anchor\" id=\"c7310\"><\/div>\n\t\t\t\t\t\t<\/div>\n\t\t\t\t<\/div>\n\t\t\t\t<div class=\"elementor-element elementor-element-75e6b5a elementor-widget elementor-widget-text-editor\" data-id=\"75e6b5a\" data-element_type=\"widget\" data-e-type=\"widget\" data-widget_type=\"text-editor.default\">\n\t\t\t\t<div class=\"elementor-widget-container\">\n\t\t\t\t\t\t\t\t\t<p>Actualment \u00e9s de propietat privada i destinat a hotel rural.<\/p>\t\t\t\t\t\t\t\t<\/div>\n\t\t\t\t<\/div>\n\t\t\t\t<div class=\"elementor-element elementor-element-03edc35 elementor-widget elementor-widget-heading\" data-id=\"03edc35\" data-element_type=\"widget\" data-e-type=\"widget\" data-widget_type=\"heading.default\">\n\t\t\t\t<div class=\"elementor-widget-container\">\n\t\t\t\t\t<h3 class=\"elementor-heading-title elementor-size-default\">Esgl\u00e9sia del Convent de Justinianes<\/h3>\t\t\t\t<\/div>\n\t\t\t\t<\/div>\n\t\t\t\t<div class=\"elementor-element elementor-element-d434c1f elementor-widget elementor-widget-text-editor\" data-id=\"d434c1f\" data-element_type=\"widget\" data-e-type=\"widget\" data-widget_type=\"text-editor.default\">\n\t\t\t\t<div class=\"elementor-widget-container\">\n\t\t\t\t\t\t\t\t\t<p>El <strong>convent de Justinianes<\/strong> (<strong>6<\/strong>), o <strong>convent de Santa Maria de Jes\u00fas<\/strong>, de l&#8217;Orde de canonges seglars de Sant Jordi in Alga, va ser fundat pel donr Antonio Ram\u00edrez de Haro, bisbe de Seg\u00f2via i capell\u00e0 major de la princesa Leonor d&#8217;\u00c0ustria, a mitjansl segle XVI, patint modificacions a principis del segle XVII, per ordre del patr\u00f3 Gil Ram\u00edrez d&#8217;Arellano, van alterar el seu interior a l&#8217;est\u00e8tica del seu temps. Tots dos, al costat de l&#8217;esposa del segon Catalina Gonz\u00e1lez de Medina i Escalante, descansen a la cripta de l&#8217;esgl\u00e9sia.<\/p>\t\t\t\t\t\t\t\t<\/div>\n\t\t\t\t<\/div>\n\t\t\t\t<div class=\"elementor-element elementor-element-8ad89cd elementor-widget elementor-widget-image\" data-id=\"8ad89cd\" data-element_type=\"widget\" data-e-type=\"widget\" data-widget_type=\"image.default\">\n\t\t\t\t<div class=\"elementor-widget-container\">\n\t\t\t\t\t\t\t\t\t\t\t\t<figure class=\"wp-caption\">\n\t\t\t\t\t\t\t\t\t\t<img loading=\"lazy\" decoding=\"async\" width=\"768\" height=\"512\" src=\"https:\/\/www.elturistatranquil.com\/wp-content\/uploads\/F55-Iglesia-del-Convento-de-Justinianas.-Villaescusa-de-Haro.jpg\" class=\"attachment-large size-large wp-image-40521\" alt=\"Iglesia del Convento de Justinianas. Villaescusa de Haro\" srcset=\"https:\/\/www.elturistatranquil.com\/wp-content\/uploads\/F55-Iglesia-del-Convento-de-Justinianas.-Villaescusa-de-Haro.jpg 768w, https:\/\/www.elturistatranquil.com\/wp-content\/uploads\/F55-Iglesia-del-Convento-de-Justinianas.-Villaescusa-de-Haro-339x226.jpg 339w\" sizes=\"(max-width: 768px) 100vw, 768px\" \/>\t\t\t\t\t\t\t\t\t\t\t<figcaption class=\"widget-image-caption wp-caption-text\"><\/figcaption>\n\t\t\t\t\t\t\t\t\t\t<\/figure>\n\t\t\t\t\t\t\t\t\t<\/div>\n\t\t\t\t<\/div>\n\t\t\t\t<div class=\"elementor-element elementor-element-7e60595 elementor-widget elementor-widget-image\" data-id=\"7e60595\" data-element_type=\"widget\" data-e-type=\"widget\" data-widget_type=\"image.default\">\n\t\t\t\t<div class=\"elementor-widget-container\">\n\t\t\t\t\t\t\t\t\t\t\t\t<figure class=\"wp-caption\">\n\t\t\t\t\t\t\t\t\t\t<img loading=\"lazy\" decoding=\"async\" width=\"768\" height=\"512\" src=\"https:\/\/www.elturistatranquil.com\/wp-content\/uploads\/F56-Iglesia-del-Convento-de-Justinianas.-Villaescusa-de-Haro.jpg\" class=\"attachment-large size-large wp-image-40523\" alt=\"Iglesia del Convento de Justinianas. Villaescusa de Haro\" srcset=\"https:\/\/www.elturistatranquil.com\/wp-content\/uploads\/F56-Iglesia-del-Convento-de-Justinianas.-Villaescusa-de-Haro.jpg 768w, https:\/\/www.elturistatranquil.com\/wp-content\/uploads\/F56-Iglesia-del-Convento-de-Justinianas.-Villaescusa-de-Haro-339x226.jpg 339w\" sizes=\"(max-width: 768px) 100vw, 768px\" \/>\t\t\t\t\t\t\t\t\t\t\t<figcaption class=\"widget-image-caption wp-caption-text\"><\/figcaption>\n\t\t\t\t\t\t\t\t\t\t<\/figure>\n\t\t\t\t\t\t\t\t\t<\/div>\n\t\t\t\t<\/div>\n\t\t\t\t<div class=\"elementor-element elementor-element-d3ede92 elementor-widget elementor-widget-image\" data-id=\"d3ede92\" data-element_type=\"widget\" data-e-type=\"widget\" data-widget_type=\"image.default\">\n\t\t\t\t<div class=\"elementor-widget-container\">\n\t\t\t\t\t\t\t\t\t\t\t\t<figure class=\"wp-caption\">\n\t\t\t\t\t\t\t\t\t\t<img loading=\"lazy\" decoding=\"async\" width=\"768\" height=\"512\" src=\"https:\/\/www.elturistatranquil.com\/wp-content\/uploads\/F57-Iglesia-del-Convento-de-Justinianas.-Villaescusa-de-Haro.jpg\" class=\"attachment-large size-large wp-image-40525\" alt=\"Iglesia del Convento de Justinianas. Villaescusa de Haro\" srcset=\"https:\/\/www.elturistatranquil.com\/wp-content\/uploads\/F57-Iglesia-del-Convento-de-Justinianas.-Villaescusa-de-Haro.jpg 768w, https:\/\/www.elturistatranquil.com\/wp-content\/uploads\/F57-Iglesia-del-Convento-de-Justinianas.-Villaescusa-de-Haro-339x226.jpg 339w\" sizes=\"(max-width: 768px) 100vw, 768px\" \/>\t\t\t\t\t\t\t\t\t\t\t<figcaption class=\"widget-image-caption wp-caption-text\"><\/figcaption>\n\t\t\t\t\t\t\t\t\t\t<\/figure>\n\t\t\t\t\t\t\t\t\t<\/div>\n\t\t\t\t<\/div>\n\t\t\t\t<div class=\"elementor-element elementor-element-6b6a1e9 elementor-widget elementor-widget-text-editor\" data-id=\"6b6a1e9\" data-element_type=\"widget\" data-e-type=\"widget\" data-widget_type=\"text-editor.default\">\n\t\t\t\t<div class=\"elementor-widget-container\">\n\t\t\t\t\t\t\t\t\t<p>De planta rectangular d&#8217;una sola nau, \u00e9s coberta per una volta el\u00b7l\u00edptica.<\/p><p>Presideix el temple un retaule de guix i baldaqu\u00ed de fusta daurada, amb la imatge del Sant\u00edssim Crist de l&#8217;Expiraci\u00f3, patr\u00f3 de Villaescusa de Haro.<\/p>\t\t\t\t\t\t\t\t<\/div>\n\t\t\t\t<\/div>\n\t\t\t\t<div class=\"elementor-element elementor-element-a2dc0ac elementor-widget elementor-widget-image\" data-id=\"a2dc0ac\" data-element_type=\"widget\" data-e-type=\"widget\" data-widget_type=\"image.default\">\n\t\t\t\t<div class=\"elementor-widget-container\">\n\t\t\t\t\t\t\t\t\t\t\t\t<figure class=\"wp-caption\">\n\t\t\t\t\t\t\t\t\t\t<img loading=\"lazy\" decoding=\"async\" width=\"768\" height=\"512\" src=\"https:\/\/www.elturistatranquil.com\/wp-content\/uploads\/F58-Iglesia-del-Convento-de-Justinianas.-Villaescusa-de-Haro.jpg\" class=\"attachment-large size-large wp-image-40527\" alt=\"Iglesia del Convento de Justinianas. Villaescusa de Haro\" srcset=\"https:\/\/www.elturistatranquil.com\/wp-content\/uploads\/F58-Iglesia-del-Convento-de-Justinianas.-Villaescusa-de-Haro.jpg 768w, https:\/\/www.elturistatranquil.com\/wp-content\/uploads\/F58-Iglesia-del-Convento-de-Justinianas.-Villaescusa-de-Haro-339x226.jpg 339w\" sizes=\"(max-width: 768px) 100vw, 768px\" \/>\t\t\t\t\t\t\t\t\t\t\t<figcaption class=\"widget-image-caption wp-caption-text\"><\/figcaption>\n\t\t\t\t\t\t\t\t\t\t<\/figure>\n\t\t\t\t\t\t\t\t\t<\/div>\n\t\t\t\t<\/div>\n\t\t\t\t<div class=\"elementor-element elementor-element-66d16f4 elementor-widget elementor-widget-text-editor\" data-id=\"66d16f4\" data-element_type=\"widget\" data-e-type=\"widget\" data-widget_type=\"text-editor.default\">\n\t\t\t\t<div class=\"elementor-widget-container\">\n\t\t\t\t\t\t\t\t\t<p>Als peus, a les parts baixa i alta, finestres de gelosies des d&#8217;on seguien els ritus lit\u00fargics les monges.<\/p><p>A la part central superior restes de pintura her\u00e0ldiques al lloc que ocupava l&#8217;orgue. Aquest orgue, en mal estat, va ser restaurat i ressituat a l&#8217;esgl\u00e9sia de San Pedro, com hem vist amb anterioritat.<\/p>\t\t\t\t\t\t\t\t<\/div>\n\t\t\t\t<\/div>\n\t\t\t\t<div class=\"elementor-element elementor-element-b2e0a67 elementor-widget elementor-widget-image\" data-id=\"b2e0a67\" data-element_type=\"widget\" data-e-type=\"widget\" data-widget_type=\"image.default\">\n\t\t\t\t<div class=\"elementor-widget-container\">\n\t\t\t\t\t\t\t\t\t\t\t\t<figure class=\"wp-caption\">\n\t\t\t\t\t\t\t\t\t\t<img loading=\"lazy\" decoding=\"async\" width=\"768\" height=\"512\" src=\"https:\/\/www.elturistatranquil.com\/wp-content\/uploads\/F59-Iglesia-del-Convento-de-Justinianas.-Villaescusa-de-Haro.jpg\" class=\"attachment-large size-large wp-image-40529\" alt=\"Iglesia del Convento de Justinianas. Villaescusa de Haro\" srcset=\"https:\/\/www.elturistatranquil.com\/wp-content\/uploads\/F59-Iglesia-del-Convento-de-Justinianas.-Villaescusa-de-Haro.jpg 768w, https:\/\/www.elturistatranquil.com\/wp-content\/uploads\/F59-Iglesia-del-Convento-de-Justinianas.-Villaescusa-de-Haro-339x226.jpg 339w\" sizes=\"(max-width: 768px) 100vw, 768px\" \/>\t\t\t\t\t\t\t\t\t\t\t<figcaption class=\"widget-image-caption wp-caption-text\"><\/figcaption>\n\t\t\t\t\t\t\t\t\t\t<\/figure>\n\t\t\t\t\t\t\t\t\t<\/div>\n\t\t\t\t<\/div>\n\t\t\t\t<div class=\"elementor-element elementor-element-e4279d6 elementor-widget elementor-widget-image\" data-id=\"e4279d6\" data-element_type=\"widget\" data-e-type=\"widget\" data-widget_type=\"image.default\">\n\t\t\t\t<div class=\"elementor-widget-container\">\n\t\t\t\t\t\t\t\t\t\t\t\t<figure class=\"wp-caption\">\n\t\t\t\t\t\t\t\t\t\t<img loading=\"lazy\" decoding=\"async\" width=\"768\" height=\"512\" src=\"https:\/\/www.elturistatranquil.com\/wp-content\/uploads\/F60-Iglesia-del-Convento-de-Justinianas.-Villaescusa-de-Haro.jpg\" class=\"attachment-large size-large wp-image-40531\" alt=\"Iglesia del Convento de Justinianas. Villaescusa de Haro\" srcset=\"https:\/\/www.elturistatranquil.com\/wp-content\/uploads\/F60-Iglesia-del-Convento-de-Justinianas.-Villaescusa-de-Haro.jpg 768w, https:\/\/www.elturistatranquil.com\/wp-content\/uploads\/F60-Iglesia-del-Convento-de-Justinianas.-Villaescusa-de-Haro-339x226.jpg 339w\" sizes=\"(max-width: 768px) 100vw, 768px\" \/>\t\t\t\t\t\t\t\t\t\t\t<figcaption class=\"widget-image-caption wp-caption-text\"><\/figcaption>\n\t\t\t\t\t\t\t\t\t\t<\/figure>\n\t\t\t\t\t\t\t\t\t<\/div>\n\t\t\t\t<\/div>\n\t\t\t\t<div class=\"elementor-element elementor-element-312a633 elementor-widget elementor-widget-image\" data-id=\"312a633\" data-element_type=\"widget\" data-e-type=\"widget\" data-widget_type=\"image.default\">\n\t\t\t\t<div class=\"elementor-widget-container\">\n\t\t\t\t\t\t\t\t\t\t\t\t<figure class=\"wp-caption\">\n\t\t\t\t\t\t\t\t\t\t<img loading=\"lazy\" decoding=\"async\" width=\"768\" height=\"512\" src=\"https:\/\/www.elturistatranquil.com\/wp-content\/uploads\/F61-Iglesia-del-Convento-de-Justinianas.-Villaescusa-de-Haro.jpg\" class=\"attachment-large size-large wp-image-40533\" alt=\"Iglesia del Convento de Justinianas. Villaescusa de Haro\" srcset=\"https:\/\/www.elturistatranquil.com\/wp-content\/uploads\/F61-Iglesia-del-Convento-de-Justinianas.-Villaescusa-de-Haro.jpg 768w, https:\/\/www.elturistatranquil.com\/wp-content\/uploads\/F61-Iglesia-del-Convento-de-Justinianas.-Villaescusa-de-Haro-339x226.jpg 339w\" sizes=\"(max-width: 768px) 100vw, 768px\" \/>\t\t\t\t\t\t\t\t\t\t\t<figcaption class=\"widget-image-caption wp-caption-text\"><\/figcaption>\n\t\t\t\t\t\t\t\t\t\t<\/figure>\n\t\t\t\t\t\t\t\t\t<\/div>\n\t\t\t\t<\/div>\n\t\t\t\t<div class=\"elementor-element elementor-element-175ee55 elementor-widget elementor-widget-text-editor\" data-id=\"175ee55\" data-element_type=\"widget\" data-e-type=\"widget\" data-widget_type=\"text-editor.default\">\n\t\t\t\t<div class=\"elementor-widget-container\">\n\t\t\t\t\t\t\t\t\t<p>Sant\u00edssim Crist de l&#8217;Expiraci\u00f3, patr\u00f3 de Villaescusa de Haro.<\/p>\t\t\t\t\t\t\t\t<\/div>\n\t\t\t\t<\/div>\n\t\t\t\t<div class=\"elementor-element elementor-element-45cd6e7 elementor-widget elementor-widget-image\" data-id=\"45cd6e7\" data-element_type=\"widget\" data-e-type=\"widget\" data-widget_type=\"image.default\">\n\t\t\t\t<div class=\"elementor-widget-container\">\n\t\t\t\t\t\t\t\t\t\t\t\t<figure class=\"wp-caption\">\n\t\t\t\t\t\t\t\t\t\t<img loading=\"lazy\" decoding=\"async\" width=\"768\" height=\"512\" src=\"https:\/\/www.elturistatranquil.com\/wp-content\/uploads\/F62-Iglesia-del-Convento-de-Justinianas.-Villaescusa-de-Haro.jpg\" class=\"attachment-large size-large wp-image-40535\" alt=\"Iglesia del Convento de Justinianas. Villaescusa de Haro\" srcset=\"https:\/\/www.elturistatranquil.com\/wp-content\/uploads\/F62-Iglesia-del-Convento-de-Justinianas.-Villaescusa-de-Haro.jpg 768w, https:\/\/www.elturistatranquil.com\/wp-content\/uploads\/F62-Iglesia-del-Convento-de-Justinianas.-Villaescusa-de-Haro-339x226.jpg 339w\" sizes=\"(max-width: 768px) 100vw, 768px\" \/>\t\t\t\t\t\t\t\t\t\t\t<figcaption class=\"widget-image-caption wp-caption-text\"><\/figcaption>\n\t\t\t\t\t\t\t\t\t\t<\/figure>\n\t\t\t\t\t\t\t\t\t<\/div>\n\t\t\t\t<\/div>\n\t\t\t\t<div class=\"elementor-element elementor-element-ea26358 elementor-widget elementor-widget-menu-anchor\" data-id=\"ea26358\" data-element_type=\"widget\" data-e-type=\"widget\" data-widget_type=\"menu-anchor.default\">\n\t\t\t\t<div class=\"elementor-widget-container\">\n\t\t\t\t\t\t\t<div class=\"elementor-menu-anchor\" id=\"c7311\"><\/div>\n\t\t\t\t\t\t<\/div>\n\t\t\t\t<\/div>\n\t\t\t\t<div class=\"elementor-element elementor-element-656b6af elementor-widget elementor-widget-image\" data-id=\"656b6af\" data-element_type=\"widget\" data-e-type=\"widget\" data-widget_type=\"image.default\">\n\t\t\t\t<div class=\"elementor-widget-container\">\n\t\t\t\t\t\t\t\t\t\t\t\t<figure class=\"wp-caption\">\n\t\t\t\t\t\t\t\t\t\t<img loading=\"lazy\" decoding=\"async\" width=\"768\" height=\"512\" src=\"https:\/\/www.elturistatranquil.com\/wp-content\/uploads\/F63-Iglesia-del-Convento-de-Justinianas.-Villaescusa-de-Haro.jpg\" class=\"attachment-large size-large wp-image-40537\" alt=\"Iglesia del Convento de Justinianas. Villaescusa de Haro\" srcset=\"https:\/\/www.elturistatranquil.com\/wp-content\/uploads\/F63-Iglesia-del-Convento-de-Justinianas.-Villaescusa-de-Haro.jpg 768w, https:\/\/www.elturistatranquil.com\/wp-content\/uploads\/F63-Iglesia-del-Convento-de-Justinianas.-Villaescusa-de-Haro-339x226.jpg 339w\" sizes=\"(max-width: 768px) 100vw, 768px\" \/>\t\t\t\t\t\t\t\t\t\t\t<figcaption class=\"widget-image-caption wp-caption-text\"><\/figcaption>\n\t\t\t\t\t\t\t\t\t\t<\/figure>\n\t\t\t\t\t\t\t\t\t<\/div>\n\t\t\t\t<\/div>\n\t\t\t\t<div class=\"elementor-element elementor-element-b7b7aee elementor-widget elementor-widget-heading\" data-id=\"b7b7aee\" data-element_type=\"widget\" data-e-type=\"widget\" data-widget_type=\"heading.default\">\n\t\t\t\t<div class=\"elementor-widget-container\">\n\t\t\t\t\t<h3 class=\"elementor-heading-title elementor-size-default\">Ru\u00efnes de l'esgl\u00e9sia dels Dominics (los Frailes) i zona arqueol\u00f2gica<\/h3>\t\t\t\t<\/div>\n\t\t\t\t<\/div>\n\t\t\t\t<div class=\"elementor-element elementor-element-31afd3a elementor-widget elementor-widget-text-editor\" data-id=\"31afd3a\" data-element_type=\"widget\" data-e-type=\"widget\" data-widget_type=\"text-editor.default\">\n\t\t\t\t<div class=\"elementor-widget-container\">\n\t\t\t\t\t\t\t\t\t<p><em>B\u00e9 d&#8217;Inter\u00e8s Cultural: Monument, <\/em>1998<\/p><p>En la primera meitat del segle XVI (1542-1547), el bisbe Sebasti\u00e1n Ram\u00edrez de Fuenleal, bisbe de Conca i Lle\u00f3, nebot de Diego Ram\u00edrez, va promoure la construcci\u00f3 d&#8217;un nou convent per als Dominics de Villaescusa: el <strong>Convent dominic de la Santa Cruz<\/strong> (<strong>7<\/strong>). Les obres es van estendre fins al segle XVII, amb les traces de D. Francisco de Luna.<\/p><p>L&#8217;edifici va arribar a ser un dels convents dominics m\u00e9s grans d&#8217;Espanya, nom\u00e9s superat pel de Santo Domingo de Silos.<\/p><p>D&#8217;influ\u00e8ncia plateresca, s&#8217;estructurava al voltant d&#8217;un claustre que ha descobert l&#8217;excavaci\u00f3 arqueol\u00f2gica.<\/p><p>Va servir de caserna de les tropes franceses a la Guerra del Franc\u00e8s, incendiat i desamortitzat per Mendiz\u00e1bal.<\/p><p>Despr\u00e9s de la desamortitzaci\u00f3 va ser espoliat en benefici del castell de Belmonte per a les obres de reforma que Eugenia de Montijo va dur a terme en ell.<\/p><p>Adquirit per l&#8217;Ajuntament a principis del segle XXI, va ser declarat BIC, efectuant-se un proc\u00e9s de rehabilitaci\u00f3 que s&#8217;ha executat en tres fases acabades el 2021.<\/p>\t\t\t\t\t\t\t\t<\/div>\n\t\t\t\t<\/div>\n\t\t\t\t<div class=\"elementor-element elementor-element-8a5fc4e elementor-widget elementor-widget-image\" data-id=\"8a5fc4e\" data-element_type=\"widget\" data-e-type=\"widget\" data-widget_type=\"image.default\">\n\t\t\t\t<div class=\"elementor-widget-container\">\n\t\t\t\t\t\t\t\t\t\t\t\t<figure class=\"wp-caption\">\n\t\t\t\t\t\t\t\t\t\t<img loading=\"lazy\" decoding=\"async\" width=\"768\" height=\"512\" src=\"https:\/\/www.elturistatranquil.com\/wp-content\/uploads\/F64-Iglesia-de-los-Dominicos-.-Villaescusa-de-Haro.jpg\" class=\"attachment-large size-large wp-image-40539\" alt=\"Iglesia de los Dominicos . Villaescusa de Haro\" srcset=\"https:\/\/www.elturistatranquil.com\/wp-content\/uploads\/F64-Iglesia-de-los-Dominicos-.-Villaescusa-de-Haro.jpg 768w, https:\/\/www.elturistatranquil.com\/wp-content\/uploads\/F64-Iglesia-de-los-Dominicos-.-Villaescusa-de-Haro-339x226.jpg 339w\" sizes=\"(max-width: 768px) 100vw, 768px\" \/>\t\t\t\t\t\t\t\t\t\t\t<figcaption class=\"widget-image-caption wp-caption-text\">(Google maps 2022-04-15)<\/figcaption>\n\t\t\t\t\t\t\t\t\t\t<\/figure>\n\t\t\t\t\t\t\t\t\t<\/div>\n\t\t\t\t<\/div>\n\t\t\t\t<div class=\"elementor-element elementor-element-58a8cb4 elementor-widget elementor-widget-text-editor\" data-id=\"58a8cb4\" data-element_type=\"widget\" data-e-type=\"widget\" data-widget_type=\"text-editor.default\">\n\t\t\t\t<div class=\"elementor-widget-container\">\n\t\t\t\t\t\t\t\t\t<p>Avan\u00e7ant pels carrers de Villaescusa de Haro, sobresurt ja l&#8217;esgl\u00e9sia del convent.<\/p>\t\t\t\t\t\t\t\t<\/div>\n\t\t\t\t<\/div>\n\t\t\t\t<div class=\"elementor-element elementor-element-5e17e16 elementor-widget elementor-widget-image\" data-id=\"5e17e16\" data-element_type=\"widget\" data-e-type=\"widget\" data-widget_type=\"image.default\">\n\t\t\t\t<div class=\"elementor-widget-container\">\n\t\t\t\t\t\t\t\t\t\t\t\t<figure class=\"wp-caption\">\n\t\t\t\t\t\t\t\t\t\t<img loading=\"lazy\" decoding=\"async\" width=\"768\" height=\"512\" src=\"https:\/\/www.elturistatranquil.com\/wp-content\/uploads\/F65-Iglesia-de-los-Dominicos-.-Villaescusa-de-Haro.jpg\" class=\"attachment-large size-large wp-image-40541\" alt=\"Iglesia de los Dominicos . Villaescusa de Haro\" srcset=\"https:\/\/www.elturistatranquil.com\/wp-content\/uploads\/F65-Iglesia-de-los-Dominicos-.-Villaescusa-de-Haro.jpg 768w, https:\/\/www.elturistatranquil.com\/wp-content\/uploads\/F65-Iglesia-de-los-Dominicos-.-Villaescusa-de-Haro-339x226.jpg 339w\" sizes=\"(max-width: 768px) 100vw, 768px\" \/>\t\t\t\t\t\t\t\t\t\t\t<figcaption class=\"widget-image-caption wp-caption-text\"><\/figcaption>\n\t\t\t\t\t\t\t\t\t\t<\/figure>\n\t\t\t\t\t\t\t\t\t<\/div>\n\t\t\t\t<\/div>\n\t\t\t\t<div class=\"elementor-element elementor-element-25755df elementor-widget elementor-widget-text-editor\" data-id=\"25755df\" data-element_type=\"widget\" data-e-type=\"widget\" data-widget_type=\"text-editor.default\">\n\t\t\t\t<div class=\"elementor-widget-container\">\n\t\t\t\t\t\t\t\t\t<p>En arribar davant de l&#8217;esgl\u00e9sia s&#8217;al\u00e7a la fa\u00e7ana majestuosa amb la part de la portada original que es conservava.<\/p>\t\t\t\t\t\t\t\t<\/div>\n\t\t\t\t<\/div>\n\t\t\t\t<div class=\"elementor-element elementor-element-d9bf527 elementor-widget elementor-widget-image\" data-id=\"d9bf527\" data-element_type=\"widget\" data-e-type=\"widget\" data-widget_type=\"image.default\">\n\t\t\t\t<div class=\"elementor-widget-container\">\n\t\t\t\t\t\t\t\t\t\t\t\t<figure class=\"wp-caption\">\n\t\t\t\t\t\t\t\t\t\t<img loading=\"lazy\" decoding=\"async\" width=\"768\" height=\"512\" src=\"https:\/\/www.elturistatranquil.com\/wp-content\/uploads\/F66-Iglesia-de-los-Dominicos-.-Villaescusa-de-Haro.jpg\" class=\"attachment-large size-large wp-image-40543\" alt=\"Iglesia de los Dominicos . Villaescusa de Haro\" srcset=\"https:\/\/www.elturistatranquil.com\/wp-content\/uploads\/F66-Iglesia-de-los-Dominicos-.-Villaescusa-de-Haro.jpg 768w, https:\/\/www.elturistatranquil.com\/wp-content\/uploads\/F66-Iglesia-de-los-Dominicos-.-Villaescusa-de-Haro-339x226.jpg 339w\" sizes=\"(max-width: 768px) 100vw, 768px\" \/>\t\t\t\t\t\t\t\t\t\t\t<figcaption class=\"widget-image-caption wp-caption-text\"><\/figcaption>\n\t\t\t\t\t\t\t\t\t\t<\/figure>\n\t\t\t\t\t\t\t\t\t<\/div>\n\t\t\t\t<\/div>\n\t\t\t\t<div class=\"elementor-element elementor-element-0bb6d51 elementor-widget elementor-widget-text-editor\" data-id=\"0bb6d51\" data-element_type=\"widget\" data-e-type=\"widget\" data-widget_type=\"text-editor.default\">\n\t\t\t\t<div class=\"elementor-widget-container\">\n\t\t\t\t\t\t\t\t\t<p>L&#8217;esgl\u00e9sia constitu\u00efa l&#8217;\u00fanica part de l&#8217;edificaci\u00f3 de qu\u00e8 es conservaven parcialment els murs, per\u00f2 sense sostre, com s&#8217;aprecia a les fotografies hist\u00f2riques.<\/p>\t\t\t\t\t\t\t\t<\/div>\n\t\t\t\t<\/div>\n\t\t\t\t<div class=\"elementor-element elementor-element-a779994 elementor-widget elementor-widget-image\" data-id=\"a779994\" data-element_type=\"widget\" data-e-type=\"widget\" data-widget_type=\"image.default\">\n\t\t\t\t<div class=\"elementor-widget-container\">\n\t\t\t\t\t\t\t\t\t\t\t\t<figure class=\"wp-caption\">\n\t\t\t\t\t\t\t\t\t\t<img loading=\"lazy\" decoding=\"async\" width=\"768\" height=\"512\" src=\"https:\/\/www.elturistatranquil.com\/wp-content\/uploads\/F67-Iglesia-de-los-Dominicos-.-Villaescusa-de-Haro.jpg\" class=\"attachment-large size-large wp-image-40545\" alt=\"Iglesia de los Dominicos . Villaescusa de Haro. Foto-Ayuntamiento de Villaescusa de Haro\" srcset=\"https:\/\/www.elturistatranquil.com\/wp-content\/uploads\/F67-Iglesia-de-los-Dominicos-.-Villaescusa-de-Haro.jpg 768w, https:\/\/www.elturistatranquil.com\/wp-content\/uploads\/F67-Iglesia-de-los-Dominicos-.-Villaescusa-de-Haro-339x226.jpg 339w\" sizes=\"(max-width: 768px) 100vw, 768px\" \/>\t\t\t\t\t\t\t\t\t\t\t<figcaption class=\"widget-image-caption wp-caption-text\">(Foto: Ayuntamiento de Villaescusa de Haro)<\/figcaption>\n\t\t\t\t\t\t\t\t\t\t<\/figure>\n\t\t\t\t\t\t\t\t\t<\/div>\n\t\t\t\t<\/div>\n\t\t\t\t<div class=\"elementor-element elementor-element-20df035 elementor-widget elementor-widget-image\" data-id=\"20df035\" data-element_type=\"widget\" data-e-type=\"widget\" data-widget_type=\"image.default\">\n\t\t\t\t<div class=\"elementor-widget-container\">\n\t\t\t\t\t\t\t\t\t\t\t\t<figure class=\"wp-caption\">\n\t\t\t\t\t\t\t\t\t\t<img loading=\"lazy\" decoding=\"async\" width=\"768\" height=\"512\" src=\"https:\/\/www.elturistatranquil.com\/wp-content\/uploads\/F68-Iglesia-de-los-Dominicos-.-Villaescusa-de-Haro.jpg\" class=\"attachment-large size-large wp-image-40547\" alt=\"Iglesia de los Dominicos . Villaescusa de Haro. Foto-Ayuntamiento de Villaescusa de Haro\" srcset=\"https:\/\/www.elturistatranquil.com\/wp-content\/uploads\/F68-Iglesia-de-los-Dominicos-.-Villaescusa-de-Haro.jpg 768w, https:\/\/www.elturistatranquil.com\/wp-content\/uploads\/F68-Iglesia-de-los-Dominicos-.-Villaescusa-de-Haro-339x226.jpg 339w\" sizes=\"(max-width: 768px) 100vw, 768px\" \/>\t\t\t\t\t\t\t\t\t\t\t<figcaption class=\"widget-image-caption wp-caption-text\">(Foto: Ayuntamiento de Villaescusa de Haro)<\/figcaption>\n\t\t\t\t\t\t\t\t\t\t<\/figure>\n\t\t\t\t\t\t\t\t\t<\/div>\n\t\t\t\t<\/div>\n\t\t\t\t<div class=\"elementor-element elementor-element-5b51eda elementor-widget elementor-widget-text-editor\" data-id=\"5b51eda\" data-element_type=\"widget\" data-e-type=\"widget\" data-widget_type=\"text-editor.default\">\n\t\t\t\t<div class=\"elementor-widget-container\">\n\t\t\t\t\t\t\t\t\t<p>L&#8217;entrada al temple des de l&#8217;exterior s&#8217;efectua pel peus on s&#8217;observen dos cossos protorenaixentistes. El primer, de format d&#8217;arc de triomf, amb arc de mig punt, medallons de bustos a les eixutes i doble pilastra rectangular, amb escultures a l&#8217;entrepilastra.<\/p><p>Un entaulament decorat, i a sobre un segon cos amb una forn\u00edcula central, dos escuts als costats i, en prolongaci\u00f3 amb les pilastres de la base, pilastres entre les quals se situa una forn\u00edcula avenerada a cadascuna. Una cornisa amb arcs a cada extrem i, per sobre, una finestra rectangular amb els cantons arrodonits en arc en vessament.<\/p>\t\t\t\t\t\t\t\t<\/div>\n\t\t\t\t<\/div>\n\t\t\t\t<div class=\"elementor-element elementor-element-d6995e3 elementor-widget elementor-widget-image\" data-id=\"d6995e3\" data-element_type=\"widget\" data-e-type=\"widget\" data-widget_type=\"image.default\">\n\t\t\t\t<div class=\"elementor-widget-container\">\n\t\t\t\t\t\t\t\t\t\t\t\t<figure class=\"wp-caption\">\n\t\t\t\t\t\t\t\t\t\t<img loading=\"lazy\" decoding=\"async\" width=\"768\" height=\"512\" src=\"https:\/\/www.elturistatranquil.com\/wp-content\/uploads\/F69-Iglesia-de-los-Dominicos-.-Villaescusa-de-Haro.jpg\" class=\"attachment-large size-large wp-image-40549\" alt=\"Iglesia de los Dominicos . Villaescusa de Haro\" srcset=\"https:\/\/www.elturistatranquil.com\/wp-content\/uploads\/F69-Iglesia-de-los-Dominicos-.-Villaescusa-de-Haro.jpg 768w, https:\/\/www.elturistatranquil.com\/wp-content\/uploads\/F69-Iglesia-de-los-Dominicos-.-Villaescusa-de-Haro-339x226.jpg 339w\" sizes=\"(max-width: 768px) 100vw, 768px\" \/>\t\t\t\t\t\t\t\t\t\t\t<figcaption class=\"widget-image-caption wp-caption-text\"><\/figcaption>\n\t\t\t\t\t\t\t\t\t\t<\/figure>\n\t\t\t\t\t\t\t\t\t<\/div>\n\t\t\t\t<\/div>\n\t\t\t\t<div class=\"elementor-element elementor-element-3d6623d elementor-widget elementor-widget-image\" data-id=\"3d6623d\" data-element_type=\"widget\" data-e-type=\"widget\" data-widget_type=\"image.default\">\n\t\t\t\t<div class=\"elementor-widget-container\">\n\t\t\t\t\t\t\t\t\t\t\t\t<figure class=\"wp-caption\">\n\t\t\t\t\t\t\t\t\t\t<img loading=\"lazy\" decoding=\"async\" width=\"768\" height=\"512\" src=\"https:\/\/www.elturistatranquil.com\/wp-content\/uploads\/F70-Iglesia-de-los-Dominicos-.-Villaescusa-de-Haro.jpg\" class=\"attachment-large size-large wp-image-40551\" alt=\"Iglesia de los Dominicos . Villaescusa de Haro\" srcset=\"https:\/\/www.elturistatranquil.com\/wp-content\/uploads\/F70-Iglesia-de-los-Dominicos-.-Villaescusa-de-Haro.jpg 768w, https:\/\/www.elturistatranquil.com\/wp-content\/uploads\/F70-Iglesia-de-los-Dominicos-.-Villaescusa-de-Haro-339x226.jpg 339w\" sizes=\"(max-width: 768px) 100vw, 768px\" \/>\t\t\t\t\t\t\t\t\t\t\t<figcaption class=\"widget-image-caption wp-caption-text\"><\/figcaption>\n\t\t\t\t\t\t\t\t\t\t<\/figure>\n\t\t\t\t\t\t\t\t\t<\/div>\n\t\t\t\t<\/div>\n\t\t\t\t<div class=\"elementor-element elementor-element-d91c33f elementor-widget elementor-widget-image\" data-id=\"d91c33f\" data-element_type=\"widget\" data-e-type=\"widget\" data-widget_type=\"image.default\">\n\t\t\t\t<div class=\"elementor-widget-container\">\n\t\t\t\t\t\t\t\t\t\t\t\t<figure class=\"wp-caption\">\n\t\t\t\t\t\t\t\t\t\t<img loading=\"lazy\" decoding=\"async\" width=\"768\" height=\"512\" src=\"https:\/\/www.elturistatranquil.com\/wp-content\/uploads\/F71-Iglesia-de-los-Dominicos-.-Villaescusa-de-Haro.jpg\" class=\"attachment-large size-large wp-image-40553\" alt=\"Iglesia de los Dominicos . Villaescusa de Haro\" srcset=\"https:\/\/www.elturistatranquil.com\/wp-content\/uploads\/F71-Iglesia-de-los-Dominicos-.-Villaescusa-de-Haro.jpg 768w, https:\/\/www.elturistatranquil.com\/wp-content\/uploads\/F71-Iglesia-de-los-Dominicos-.-Villaescusa-de-Haro-339x226.jpg 339w\" sizes=\"(max-width: 768px) 100vw, 768px\" \/>\t\t\t\t\t\t\t\t\t\t\t<figcaption class=\"widget-image-caption wp-caption-text\"><\/figcaption>\n\t\t\t\t\t\t\t\t\t\t<\/figure>\n\t\t\t\t\t\t\t\t\t<\/div>\n\t\t\t\t<\/div>\n\t\t\t\t<div class=\"elementor-element elementor-element-4914aae elementor-widget elementor-widget-text-editor\" data-id=\"4914aae\" data-element_type=\"widget\" data-e-type=\"widget\" data-widget_type=\"text-editor.default\">\n\t\t\t\t<div class=\"elementor-widget-container\">\n\t\t\t\t\t\t\t\t\t<p>A les bases de les pilastres la representaci\u00f3 de la vieira. Estem a terres de l&#8217;Orde de Santiago.<\/p>\t\t\t\t\t\t\t\t<\/div>\n\t\t\t\t<\/div>\n\t\t\t\t<div class=\"elementor-element elementor-element-3b7b174 elementor-widget elementor-widget-image\" data-id=\"3b7b174\" data-element_type=\"widget\" data-e-type=\"widget\" data-widget_type=\"image.default\">\n\t\t\t\t<div class=\"elementor-widget-container\">\n\t\t\t\t\t\t\t\t\t\t\t\t<figure class=\"wp-caption\">\n\t\t\t\t\t\t\t\t\t\t<img loading=\"lazy\" decoding=\"async\" width=\"768\" height=\"512\" src=\"https:\/\/www.elturistatranquil.com\/wp-content\/uploads\/F72-Iglesia-de-los-Dominicos-.-Villaescusa-de-Haro.jpg\" class=\"attachment-large size-large wp-image-40555\" alt=\"Iglesia de los Dominicos . Villaescusa de Haro\" srcset=\"https:\/\/www.elturistatranquil.com\/wp-content\/uploads\/F72-Iglesia-de-los-Dominicos-.-Villaescusa-de-Haro.jpg 768w, https:\/\/www.elturistatranquil.com\/wp-content\/uploads\/F72-Iglesia-de-los-Dominicos-.-Villaescusa-de-Haro-339x226.jpg 339w\" sizes=\"(max-width: 768px) 100vw, 768px\" \/>\t\t\t\t\t\t\t\t\t\t\t<figcaption class=\"widget-image-caption wp-caption-text\"><\/figcaption>\n\t\t\t\t\t\t\t\t\t\t<\/figure>\n\t\t\t\t\t\t\t\t\t<\/div>\n\t\t\t\t<\/div>\n\t\t\t\t<div class=\"elementor-element elementor-element-4fa1c30 elementor-widget elementor-widget-text-editor\" data-id=\"4fa1c30\" data-element_type=\"widget\" data-e-type=\"widget\" data-widget_type=\"text-editor.default\">\n\t\t\t\t<div class=\"elementor-widget-container\">\n\t\t\t\t\t\t\t\t\t<p>L\u00b4interior una espectacular planta d\u00b4una nau amb forma de creu llatina.<\/p><p>Formada per cinc cossos, el transsepte \u00e9s m\u00e9s ample, i els altres quatre formen capelles laterals a banda i banda amb arcs de mig punt de separaci\u00f3.<\/p><p>Les columnes de sustentaci\u00f3 es troben integrades als murs de les capelles.<\/p><p>La cap\u00e7alera \u00e9s poligonal, amb una finestra d&#8217;il\u00b7luminaci\u00f3 a la part baixa i dues als laterals. El transsepte mant\u00e9 l&#8217;al\u00e7ada i les proporcions de la nau central.<\/p><p>La il\u00b7luminaci\u00f3 general es realitza a trav\u00e9s de finestres que s&#8217;obren al mur per sobre de la teulada de les capelles al centre de cada tram a banda i banda.<\/p><p>El que admira m\u00e9s en entrar \u00e9s la soluci\u00f3 donada a la rehabilitaci\u00f3.<\/p><p>En primer lloc, s&#8217;han consolidat les restes conservades. S&#8217;han elevat els murs fins a la seva al\u00e7ada original, per\u00f2 mantenint clarament diferenciat l&#8217;aparell constructiu. Un cop reconstru\u00efda la coberta, que per la part exterior reprodueix el model original, quedava la q\u00fcesti\u00f3 de les voltes interiors del temple, de les quals no pervivia cap rastre. S&#8217;ha optat per una, al meu judici no expert, per una soluci\u00f3 intel\u00b7ligent de rememorar esquem\u00e0ticament amb llistons de fusta un voltat de creueria. El resultat \u00e9s un espai que impressiona.<\/p><p>Les fotografies seg\u00fcents volen reflectir el resultat i el contrast aconseguits.<\/p>\t\t\t\t\t\t\t\t<\/div>\n\t\t\t\t<\/div>\n\t\t\t\t<div class=\"elementor-element elementor-element-5653c15 elementor-widget elementor-widget-image\" data-id=\"5653c15\" data-element_type=\"widget\" data-e-type=\"widget\" data-widget_type=\"image.default\">\n\t\t\t\t<div class=\"elementor-widget-container\">\n\t\t\t\t\t\t\t\t\t\t\t\t<figure class=\"wp-caption\">\n\t\t\t\t\t\t\t\t\t\t<img loading=\"lazy\" decoding=\"async\" width=\"768\" height=\"512\" src=\"https:\/\/www.elturistatranquil.com\/wp-content\/uploads\/F73-Iglesia-de-los-Dominicos-.-Villaescusa-de-Haro.jpg\" class=\"attachment-large size-large wp-image-40557\" alt=\"Iglesia de los Dominicos . Villaescusa de Haro\" srcset=\"https:\/\/www.elturistatranquil.com\/wp-content\/uploads\/F73-Iglesia-de-los-Dominicos-.-Villaescusa-de-Haro.jpg 768w, https:\/\/www.elturistatranquil.com\/wp-content\/uploads\/F73-Iglesia-de-los-Dominicos-.-Villaescusa-de-Haro-339x226.jpg 339w\" sizes=\"(max-width: 768px) 100vw, 768px\" \/>\t\t\t\t\t\t\t\t\t\t\t<figcaption class=\"widget-image-caption wp-caption-text\"><\/figcaption>\n\t\t\t\t\t\t\t\t\t\t<\/figure>\n\t\t\t\t\t\t\t\t\t<\/div>\n\t\t\t\t<\/div>\n\t\t\t\t<div class=\"elementor-element elementor-element-c681022 elementor-widget elementor-widget-image\" data-id=\"c681022\" data-element_type=\"widget\" data-e-type=\"widget\" data-widget_type=\"image.default\">\n\t\t\t\t<div class=\"elementor-widget-container\">\n\t\t\t\t\t\t\t\t\t\t\t\t<figure class=\"wp-caption\">\n\t\t\t\t\t\t\t\t\t\t<img loading=\"lazy\" decoding=\"async\" width=\"768\" height=\"512\" src=\"https:\/\/www.elturistatranquil.com\/wp-content\/uploads\/F74-Iglesia-de-los-Dominicos-.-Villaescusa-de-Haro.jpg\" class=\"attachment-large size-large wp-image-40559\" alt=\"Iglesia de los Dominicos . Villaescusa de Haro\" srcset=\"https:\/\/www.elturistatranquil.com\/wp-content\/uploads\/F74-Iglesia-de-los-Dominicos-.-Villaescusa-de-Haro.jpg 768w, https:\/\/www.elturistatranquil.com\/wp-content\/uploads\/F74-Iglesia-de-los-Dominicos-.-Villaescusa-de-Haro-339x226.jpg 339w\" sizes=\"(max-width: 768px) 100vw, 768px\" \/>\t\t\t\t\t\t\t\t\t\t\t<figcaption class=\"widget-image-caption wp-caption-text\"><\/figcaption>\n\t\t\t\t\t\t\t\t\t\t<\/figure>\n\t\t\t\t\t\t\t\t\t<\/div>\n\t\t\t\t<\/div>\n\t\t\t\t<div class=\"elementor-element elementor-element-1f73038 elementor-widget elementor-widget-image\" data-id=\"1f73038\" data-element_type=\"widget\" data-e-type=\"widget\" data-widget_type=\"image.default\">\n\t\t\t\t<div class=\"elementor-widget-container\">\n\t\t\t\t\t\t\t\t\t\t\t\t<figure class=\"wp-caption\">\n\t\t\t\t\t\t\t\t\t\t<img loading=\"lazy\" decoding=\"async\" width=\"768\" height=\"512\" src=\"https:\/\/www.elturistatranquil.com\/wp-content\/uploads\/F75-Iglesia-de-los-Dominicos-.-Villaescusa-de-Haro.jpg\" class=\"attachment-large size-large wp-image-40561\" alt=\"Iglesia de los Dominicos . Villaescusa de Haro\" srcset=\"https:\/\/www.elturistatranquil.com\/wp-content\/uploads\/F75-Iglesia-de-los-Dominicos-.-Villaescusa-de-Haro.jpg 768w, https:\/\/www.elturistatranquil.com\/wp-content\/uploads\/F75-Iglesia-de-los-Dominicos-.-Villaescusa-de-Haro-339x226.jpg 339w\" sizes=\"(max-width: 768px) 100vw, 768px\" \/>\t\t\t\t\t\t\t\t\t\t\t<figcaption class=\"widget-image-caption wp-caption-text\"><\/figcaption>\n\t\t\t\t\t\t\t\t\t\t<\/figure>\n\t\t\t\t\t\t\t\t\t<\/div>\n\t\t\t\t<\/div>\n\t\t\t\t<div class=\"elementor-element elementor-element-864a975 elementor-widget elementor-widget-image\" data-id=\"864a975\" data-element_type=\"widget\" data-e-type=\"widget\" data-widget_type=\"image.default\">\n\t\t\t\t<div class=\"elementor-widget-container\">\n\t\t\t\t\t\t\t\t\t\t\t\t<figure class=\"wp-caption\">\n\t\t\t\t\t\t\t\t\t\t<img loading=\"lazy\" decoding=\"async\" width=\"768\" height=\"512\" src=\"https:\/\/www.elturistatranquil.com\/wp-content\/uploads\/F76-Iglesia-de-los-Dominicos-.-Villaescusa-de-Haro.jpg\" class=\"attachment-large size-large wp-image-40563\" alt=\"Iglesia de los Dominicos . Villaescusa de Haro\" srcset=\"https:\/\/www.elturistatranquil.com\/wp-content\/uploads\/F76-Iglesia-de-los-Dominicos-.-Villaescusa-de-Haro.jpg 768w, https:\/\/www.elturistatranquil.com\/wp-content\/uploads\/F76-Iglesia-de-los-Dominicos-.-Villaescusa-de-Haro-339x226.jpg 339w\" sizes=\"(max-width: 768px) 100vw, 768px\" \/>\t\t\t\t\t\t\t\t\t\t\t<figcaption class=\"widget-image-caption wp-caption-text\"><\/figcaption>\n\t\t\t\t\t\t\t\t\t\t<\/figure>\n\t\t\t\t\t\t\t\t\t<\/div>\n\t\t\t\t<\/div>\n\t\t\t\t<div class=\"elementor-element elementor-element-a659b60 elementor-widget elementor-widget-image\" data-id=\"a659b60\" data-element_type=\"widget\" data-e-type=\"widget\" data-widget_type=\"image.default\">\n\t\t\t\t<div class=\"elementor-widget-container\">\n\t\t\t\t\t\t\t\t\t\t\t\t<figure class=\"wp-caption\">\n\t\t\t\t\t\t\t\t\t\t<img loading=\"lazy\" decoding=\"async\" width=\"768\" height=\"512\" src=\"https:\/\/www.elturistatranquil.com\/wp-content\/uploads\/F77-Iglesia-de-los-Dominicos-.-Villaescusa-de-Haro.jpg\" class=\"attachment-large size-large wp-image-40565\" alt=\"Iglesia de los Dominicos . Villaescusa de Haro\" srcset=\"https:\/\/www.elturistatranquil.com\/wp-content\/uploads\/F77-Iglesia-de-los-Dominicos-.-Villaescusa-de-Haro.jpg 768w, https:\/\/www.elturistatranquil.com\/wp-content\/uploads\/F77-Iglesia-de-los-Dominicos-.-Villaescusa-de-Haro-339x226.jpg 339w\" sizes=\"(max-width: 768px) 100vw, 768px\" \/>\t\t\t\t\t\t\t\t\t\t\t<figcaption class=\"widget-image-caption wp-caption-text\"><\/figcaption>\n\t\t\t\t\t\t\t\t\t\t<\/figure>\n\t\t\t\t\t\t\t\t\t<\/div>\n\t\t\t\t<\/div>\n\t\t\t\t<div class=\"elementor-element elementor-element-562667d elementor-widget elementor-widget-image\" data-id=\"562667d\" data-element_type=\"widget\" data-e-type=\"widget\" data-widget_type=\"image.default\">\n\t\t\t\t<div class=\"elementor-widget-container\">\n\t\t\t\t\t\t\t\t\t\t\t\t<figure class=\"wp-caption\">\n\t\t\t\t\t\t\t\t\t\t<img loading=\"lazy\" decoding=\"async\" width=\"768\" height=\"512\" src=\"https:\/\/www.elturistatranquil.com\/wp-content\/uploads\/F79-Iglesia-de-los-Dominicos-.-Villaescusa-de-Haro.jpg\" class=\"attachment-large size-large wp-image-40567\" alt=\"Iglesia de los Dominicos . Villaescusa de Haro\" srcset=\"https:\/\/www.elturistatranquil.com\/wp-content\/uploads\/F79-Iglesia-de-los-Dominicos-.-Villaescusa-de-Haro.jpg 768w, https:\/\/www.elturistatranquil.com\/wp-content\/uploads\/F79-Iglesia-de-los-Dominicos-.-Villaescusa-de-Haro-339x226.jpg 339w\" sizes=\"(max-width: 768px) 100vw, 768px\" \/>\t\t\t\t\t\t\t\t\t\t\t<figcaption class=\"widget-image-caption wp-caption-text\"><\/figcaption>\n\t\t\t\t\t\t\t\t\t\t<\/figure>\n\t\t\t\t\t\t\t\t\t<\/div>\n\t\t\t\t<\/div>\n\t\t\t\t<div class=\"elementor-element elementor-element-8514533 elementor-widget elementor-widget-image\" data-id=\"8514533\" data-element_type=\"widget\" data-e-type=\"widget\" data-widget_type=\"image.default\">\n\t\t\t\t<div class=\"elementor-widget-container\">\n\t\t\t\t\t\t\t\t\t\t\t\t<figure class=\"wp-caption\">\n\t\t\t\t\t\t\t\t\t\t<img loading=\"lazy\" decoding=\"async\" width=\"768\" height=\"512\" src=\"https:\/\/www.elturistatranquil.com\/wp-content\/uploads\/F80-Iglesia-de-los-Dominicos-.-Villaescusa-de-Haro.jpg\" class=\"attachment-large size-large wp-image-40569\" alt=\"Iglesia de los Dominicos . Villaescusa de Haro\" srcset=\"https:\/\/www.elturistatranquil.com\/wp-content\/uploads\/F80-Iglesia-de-los-Dominicos-.-Villaescusa-de-Haro.jpg 768w, https:\/\/www.elturistatranquil.com\/wp-content\/uploads\/F80-Iglesia-de-los-Dominicos-.-Villaescusa-de-Haro-339x226.jpg 339w\" sizes=\"(max-width: 768px) 100vw, 768px\" \/>\t\t\t\t\t\t\t\t\t\t\t<figcaption class=\"widget-image-caption wp-caption-text\"><\/figcaption>\n\t\t\t\t\t\t\t\t\t\t<\/figure>\n\t\t\t\t\t\t\t\t\t<\/div>\n\t\t\t\t<\/div>\n\t\t\t\t<div class=\"elementor-element elementor-element-b563ea5 elementor-widget elementor-widget-image\" data-id=\"b563ea5\" data-element_type=\"widget\" data-e-type=\"widget\" data-widget_type=\"image.default\">\n\t\t\t\t<div class=\"elementor-widget-container\">\n\t\t\t\t\t\t\t\t\t\t\t\t<figure class=\"wp-caption\">\n\t\t\t\t\t\t\t\t\t\t<img loading=\"lazy\" decoding=\"async\" width=\"768\" height=\"512\" src=\"https:\/\/www.elturistatranquil.com\/wp-content\/uploads\/F81-Iglesia-de-los-Dominicos-.-Villaescusa-de-Haro.jpg\" class=\"attachment-large size-large wp-image-40578\" alt=\"Iglesia de los Dominicos . Villaescusa de Haro\" srcset=\"https:\/\/www.elturistatranquil.com\/wp-content\/uploads\/F81-Iglesia-de-los-Dominicos-.-Villaescusa-de-Haro.jpg 768w, https:\/\/www.elturistatranquil.com\/wp-content\/uploads\/F81-Iglesia-de-los-Dominicos-.-Villaescusa-de-Haro-339x226.jpg 339w\" sizes=\"(max-width: 768px) 100vw, 768px\" \/>\t\t\t\t\t\t\t\t\t\t\t<figcaption class=\"widget-image-caption wp-caption-text\"><\/figcaption>\n\t\t\t\t\t\t\t\t\t\t<\/figure>\n\t\t\t\t\t\t\t\t\t<\/div>\n\t\t\t\t<\/div>\n\t\t\t\t<div class=\"elementor-element elementor-element-dd8949a elementor-widget elementor-widget-image\" data-id=\"dd8949a\" data-element_type=\"widget\" data-e-type=\"widget\" data-widget_type=\"image.default\">\n\t\t\t\t<div class=\"elementor-widget-container\">\n\t\t\t\t\t\t\t\t\t\t\t\t<figure class=\"wp-caption\">\n\t\t\t\t\t\t\t\t\t\t<img loading=\"lazy\" decoding=\"async\" width=\"768\" height=\"512\" src=\"https:\/\/www.elturistatranquil.com\/wp-content\/uploads\/F82-Iglesia-de-los-Dominicos-.-Villaescusa-de-Haro.jpg\" class=\"attachment-large size-large wp-image-40580\" alt=\"Iglesia de los Dominicos . Villaescusa de Haro\" srcset=\"https:\/\/www.elturistatranquil.com\/wp-content\/uploads\/F82-Iglesia-de-los-Dominicos-.-Villaescusa-de-Haro.jpg 768w, https:\/\/www.elturistatranquil.com\/wp-content\/uploads\/F82-Iglesia-de-los-Dominicos-.-Villaescusa-de-Haro-339x226.jpg 339w\" sizes=\"(max-width: 768px) 100vw, 768px\" \/>\t\t\t\t\t\t\t\t\t\t\t<figcaption class=\"widget-image-caption wp-caption-text\"><\/figcaption>\n\t\t\t\t\t\t\t\t\t\t<\/figure>\n\t\t\t\t\t\t\t\t\t<\/div>\n\t\t\t\t<\/div>\n\t\t\t\t<div class=\"elementor-element elementor-element-60cd803 elementor-widget elementor-widget-image\" data-id=\"60cd803\" data-element_type=\"widget\" data-e-type=\"widget\" data-widget_type=\"image.default\">\n\t\t\t\t<div class=\"elementor-widget-container\">\n\t\t\t\t\t\t\t\t\t\t\t\t<figure class=\"wp-caption\">\n\t\t\t\t\t\t\t\t\t\t<img loading=\"lazy\" decoding=\"async\" width=\"768\" height=\"512\" src=\"https:\/\/www.elturistatranquil.com\/wp-content\/uploads\/F83-Iglesia-de-los-Dominicos-.-Villaescusa-de-Haro.jpg\" class=\"attachment-large size-large wp-image-40582\" alt=\"Iglesia de los Dominicos . Villaescusa de Haro\" srcset=\"https:\/\/www.elturistatranquil.com\/wp-content\/uploads\/F83-Iglesia-de-los-Dominicos-.-Villaescusa-de-Haro.jpg 768w, https:\/\/www.elturistatranquil.com\/wp-content\/uploads\/F83-Iglesia-de-los-Dominicos-.-Villaescusa-de-Haro-339x226.jpg 339w\" sizes=\"(max-width: 768px) 100vw, 768px\" \/>\t\t\t\t\t\t\t\t\t\t\t<figcaption class=\"widget-image-caption wp-caption-text\"><\/figcaption>\n\t\t\t\t\t\t\t\t\t\t<\/figure>\n\t\t\t\t\t\t\t\t\t<\/div>\n\t\t\t\t<\/div>\n\t\t\t\t<div class=\"elementor-element elementor-element-9198d04 elementor-widget elementor-widget-image\" data-id=\"9198d04\" data-element_type=\"widget\" data-e-type=\"widget\" data-widget_type=\"image.default\">\n\t\t\t\t<div class=\"elementor-widget-container\">\n\t\t\t\t\t\t\t\t\t\t\t\t<figure class=\"wp-caption\">\n\t\t\t\t\t\t\t\t\t\t<img loading=\"lazy\" decoding=\"async\" width=\"768\" height=\"512\" src=\"https:\/\/www.elturistatranquil.com\/wp-content\/uploads\/F84-Iglesia-de-los-Dominicos-.-Villaescusa-de-Haro.jpg\" class=\"attachment-large size-large wp-image-40584\" alt=\"Iglesia de los Dominicos . Villaescusa de Haro\" srcset=\"https:\/\/www.elturistatranquil.com\/wp-content\/uploads\/F84-Iglesia-de-los-Dominicos-.-Villaescusa-de-Haro.jpg 768w, https:\/\/www.elturistatranquil.com\/wp-content\/uploads\/F84-Iglesia-de-los-Dominicos-.-Villaescusa-de-Haro-339x226.jpg 339w\" sizes=\"(max-width: 768px) 100vw, 768px\" \/>\t\t\t\t\t\t\t\t\t\t\t<figcaption class=\"widget-image-caption wp-caption-text\"><\/figcaption>\n\t\t\t\t\t\t\t\t\t\t<\/figure>\n\t\t\t\t\t\t\t\t\t<\/div>\n\t\t\t\t<\/div>\n\t\t\t\t<div class=\"elementor-element elementor-element-224dc95 elementor-widget elementor-widget-image\" data-id=\"224dc95\" data-element_type=\"widget\" data-e-type=\"widget\" data-widget_type=\"image.default\">\n\t\t\t\t<div class=\"elementor-widget-container\">\n\t\t\t\t\t\t\t\t\t\t\t\t<figure class=\"wp-caption\">\n\t\t\t\t\t\t\t\t\t\t<img loading=\"lazy\" decoding=\"async\" width=\"768\" height=\"512\" src=\"https:\/\/www.elturistatranquil.com\/wp-content\/uploads\/F85-Iglesia-de-los-Dominicos-.-Villaescusa-de-Haro.jpg\" class=\"attachment-large size-large wp-image-40586\" alt=\"Iglesia de los Dominicos . Villaescusa de Haro\" srcset=\"https:\/\/www.elturistatranquil.com\/wp-content\/uploads\/F85-Iglesia-de-los-Dominicos-.-Villaescusa-de-Haro.jpg 768w, https:\/\/www.elturistatranquil.com\/wp-content\/uploads\/F85-Iglesia-de-los-Dominicos-.-Villaescusa-de-Haro-339x226.jpg 339w\" sizes=\"(max-width: 768px) 100vw, 768px\" \/>\t\t\t\t\t\t\t\t\t\t\t<figcaption class=\"widget-image-caption wp-caption-text\"><\/figcaption>\n\t\t\t\t\t\t\t\t\t\t<\/figure>\n\t\t\t\t\t\t\t\t\t<\/div>\n\t\t\t\t<\/div>\n\t\t\t\t<div class=\"elementor-element elementor-element-d55921c elementor-widget elementor-widget-image\" data-id=\"d55921c\" data-element_type=\"widget\" data-e-type=\"widget\" data-widget_type=\"image.default\">\n\t\t\t\t<div class=\"elementor-widget-container\">\n\t\t\t\t\t\t\t\t\t\t\t\t<figure class=\"wp-caption\">\n\t\t\t\t\t\t\t\t\t\t<img loading=\"lazy\" decoding=\"async\" width=\"768\" height=\"512\" src=\"https:\/\/www.elturistatranquil.com\/wp-content\/uploads\/F86-Iglesia-de-los-Dominicos-.-Villaescusa-de-Haro.jpg\" class=\"attachment-large size-large wp-image-40588\" alt=\"Iglesia de los Dominicos . Villaescusa de Haro\" srcset=\"https:\/\/www.elturistatranquil.com\/wp-content\/uploads\/F86-Iglesia-de-los-Dominicos-.-Villaescusa-de-Haro.jpg 768w, https:\/\/www.elturistatranquil.com\/wp-content\/uploads\/F86-Iglesia-de-los-Dominicos-.-Villaescusa-de-Haro-339x226.jpg 339w\" sizes=\"(max-width: 768px) 100vw, 768px\" \/>\t\t\t\t\t\t\t\t\t\t\t<figcaption class=\"widget-image-caption wp-caption-text\"><\/figcaption>\n\t\t\t\t\t\t\t\t\t\t<\/figure>\n\t\t\t\t\t\t\t\t\t<\/div>\n\t\t\t\t<\/div>\n\t\t\t\t<div class=\"elementor-element elementor-element-6364ba0 elementor-widget elementor-widget-text-editor\" data-id=\"6364ba0\" data-element_type=\"widget\" data-e-type=\"widget\" data-widget_type=\"text-editor.default\">\n\t\t\t\t<div class=\"elementor-widget-container\">\n\t\t\t\t\t\t\t\t\t<p>La zona muse\u00eftzada exterior de la resta del convent dona visibilitat a l&#8217;estructura del que corresponia a les zones a l&#8217;aire lliure i les zones habitades, distingint en terres de color blanc les zones habitades.<\/p><p>Un gran claustre central, amb les zones residencials al seu voltant i un altre claustre seguint el model de les plantes <a href=\"https:\/\/www.elturistatranquil.com\/ca\/esglesies-monestirs-i-ordres-religioses-a-ledat-mitjana\/#b1536\" target=\"_blank\" rel=\"noopener\">dels monestirs i convents dominics<\/a>.<\/p>\t\t\t\t\t\t\t\t<\/div>\n\t\t\t\t<\/div>\n\t\t\t\t<div class=\"elementor-element elementor-element-e2dfc13 elementor-widget elementor-widget-image\" data-id=\"e2dfc13\" data-element_type=\"widget\" data-e-type=\"widget\" data-widget_type=\"image.default\">\n\t\t\t\t<div class=\"elementor-widget-container\">\n\t\t\t\t\t\t\t\t\t\t\t\t<figure class=\"wp-caption\">\n\t\t\t\t\t\t\t\t\t\t<img loading=\"lazy\" decoding=\"async\" width=\"768\" height=\"513\" src=\"https:\/\/www.elturistatranquil.com\/wp-content\/uploads\/F87-Iglesia-de-los-Dominicos-.-Villaescusa-de-Haro.jpg\" class=\"attachment-large size-large wp-image-40590\" alt=\"Iglesia de los Dominicos . Villaescusa de Haro\" srcset=\"https:\/\/www.elturistatranquil.com\/wp-content\/uploads\/F87-Iglesia-de-los-Dominicos-.-Villaescusa-de-Haro.jpg 768w, https:\/\/www.elturistatranquil.com\/wp-content\/uploads\/F87-Iglesia-de-los-Dominicos-.-Villaescusa-de-Haro-339x226.jpg 339w\" sizes=\"(max-width: 768px) 100vw, 768px\" \/>\t\t\t\t\t\t\t\t\t\t\t<figcaption class=\"widget-image-caption wp-caption-text\"><\/figcaption>\n\t\t\t\t\t\t\t\t\t\t<\/figure>\n\t\t\t\t\t\t\t\t\t<\/div>\n\t\t\t\t<\/div>\n\t\t\t\t<div class=\"elementor-element elementor-element-752e62b elementor-widget elementor-widget-menu-anchor\" data-id=\"752e62b\" data-element_type=\"widget\" data-e-type=\"widget\" data-widget_type=\"menu-anchor.default\">\n\t\t\t\t<div class=\"elementor-widget-container\">\n\t\t\t\t\t\t\t<div class=\"elementor-menu-anchor\" id=\"c7312\"><\/div>\n\t\t\t\t\t\t<\/div>\n\t\t\t\t<\/div>\n\t\t\t\t<div class=\"elementor-element elementor-element-ae0f38b elementor-widget elementor-widget-image\" data-id=\"ae0f38b\" data-element_type=\"widget\" data-e-type=\"widget\" data-widget_type=\"image.default\">\n\t\t\t\t<div class=\"elementor-widget-container\">\n\t\t\t\t\t\t\t\t\t\t\t\t<figure class=\"wp-caption\">\n\t\t\t\t\t\t\t\t\t\t<img loading=\"lazy\" decoding=\"async\" width=\"768\" height=\"512\" src=\"https:\/\/www.elturistatranquil.com\/wp-content\/uploads\/F88-Iglesia-de-los-Dominicos-.-Villaescusa-de-Haro.jpg\" class=\"attachment-large size-large wp-image-40592\" alt=\"Iglesia de los Dominicos . Villaescusa de Haro\" srcset=\"https:\/\/www.elturistatranquil.com\/wp-content\/uploads\/F88-Iglesia-de-los-Dominicos-.-Villaescusa-de-Haro.jpg 768w, https:\/\/www.elturistatranquil.com\/wp-content\/uploads\/F88-Iglesia-de-los-Dominicos-.-Villaescusa-de-Haro-339x226.jpg 339w\" sizes=\"(max-width: 768px) 100vw, 768px\" \/>\t\t\t\t\t\t\t\t\t\t\t<figcaption class=\"widget-image-caption wp-caption-text\"><\/figcaption>\n\t\t\t\t\t\t\t\t\t\t<\/figure>\n\t\t\t\t\t\t\t\t\t<\/div>\n\t\t\t\t<\/div>\n\t\t\t\t<div class=\"elementor-element elementor-element-2c535db elementor-widget elementor-widget-heading\" data-id=\"2c535db\" data-element_type=\"widget\" data-e-type=\"widget\" data-widget_type=\"heading.default\">\n\t\t\t\t<div class=\"elementor-widget-container\">\n\t\t\t\t\t<h3 class=\"elementor-heading-title elementor-size-default\">Antic p\u00f2sit <\/h3>\t\t\t\t<\/div>\n\t\t\t\t<\/div>\n\t\t\t\t<div class=\"elementor-element elementor-element-b4625a8 elementor-widget elementor-widget-text-editor\" data-id=\"b4625a8\" data-element_type=\"widget\" data-e-type=\"widget\" data-widget_type=\"text-editor.default\">\n\t\t\t\t<div class=\"elementor-widget-container\">\n\t\t\t\t\t\t\t\t\t<p>Amb el prop\u00f2sit d&#8217;emmagatzemar el gra de la collita, regular l&#8217;abastament de pa i ajudar els pagesos amb pr\u00e9stecs en gra i diners, a nombrosos pobles es van crear els p\u00f2sits. A moltes poblacions van ser obres arquitect\u00f2niques de gran qualitat que es van construir segons l&#8217;estil imperant a cada \u00e8poca.<\/p><p>Va ser el cas del <strong>P\u00f2sit de Villaescusa de Haro<\/strong> (<strong>8<\/strong>), promogut pel bisbe Diego Ram\u00edrez de Villaescusa al segle XVI, fent incorporar el seu escut episcopat a la fa\u00e7ana.<\/p><p>Edifici de dues plantes, de ma\u00e7oneria amb els cantons refor\u00e7ats per carreus. Les obertures principals tamb\u00e9 de carreuat.<\/p>\t\t\t\t\t\t\t\t<\/div>\n\t\t\t\t<\/div>\n\t\t\t\t<div class=\"elementor-element elementor-element-d89e884 elementor-widget elementor-widget-image\" data-id=\"d89e884\" data-element_type=\"widget\" data-e-type=\"widget\" data-widget_type=\"image.default\">\n\t\t\t\t<div class=\"elementor-widget-container\">\n\t\t\t\t\t\t\t\t\t\t\t\t<figure class=\"wp-caption\">\n\t\t\t\t\t\t\t\t\t\t<img loading=\"lazy\" decoding=\"async\" width=\"768\" height=\"512\" src=\"https:\/\/www.elturistatranquil.com\/wp-content\/uploads\/F89-Posito.-Villaescusa-de-Haro.jpg\" class=\"attachment-large size-large wp-image-40594\" alt=\"Posito. Villaescusa de Haro\" srcset=\"https:\/\/www.elturistatranquil.com\/wp-content\/uploads\/F89-Posito.-Villaescusa-de-Haro.jpg 768w, https:\/\/www.elturistatranquil.com\/wp-content\/uploads\/F89-Posito.-Villaescusa-de-Haro-339x226.jpg 339w\" sizes=\"(max-width: 768px) 100vw, 768px\" \/>\t\t\t\t\t\t\t\t\t\t\t<figcaption class=\"widget-image-caption wp-caption-text\"><\/figcaption>\n\t\t\t\t\t\t\t\t\t\t<\/figure>\n\t\t\t\t\t\t\t\t\t<\/div>\n\t\t\t\t<\/div>\n\t\t\t\t<div class=\"elementor-element elementor-element-03457c7 elementor-widget elementor-widget-text-editor\" data-id=\"03457c7\" data-element_type=\"widget\" data-e-type=\"widget\" data-widget_type=\"text-editor.default\">\n\t\t\t\t<div class=\"elementor-widget-container\">\n\t\t\t\t\t\t\t\t\t<p>Amb portada lateral amb arc de mig punt motllurat, el seu interior conserva importants enteixinats.<\/p>\t\t\t\t\t\t\t\t<\/div>\n\t\t\t\t<\/div>\n\t\t\t\t<div class=\"elementor-element elementor-element-796c870 elementor-widget elementor-widget-image\" data-id=\"796c870\" data-element_type=\"widget\" data-e-type=\"widget\" data-widget_type=\"image.default\">\n\t\t\t\t<div class=\"elementor-widget-container\">\n\t\t\t\t\t\t\t\t\t\t\t\t<figure class=\"wp-caption\">\n\t\t\t\t\t\t\t\t\t\t<img loading=\"lazy\" decoding=\"async\" width=\"768\" height=\"512\" src=\"https:\/\/www.elturistatranquil.com\/wp-content\/uploads\/F90-Posito.-Villaescusa-de-Haro.jpg\" class=\"attachment-large size-large wp-image-40596\" alt=\"Posito. Villaescusa de Haro\" srcset=\"https:\/\/www.elturistatranquil.com\/wp-content\/uploads\/F90-Posito.-Villaescusa-de-Haro.jpg 768w, https:\/\/www.elturistatranquil.com\/wp-content\/uploads\/F90-Posito.-Villaescusa-de-Haro-339x226.jpg 339w\" sizes=\"(max-width: 768px) 100vw, 768px\" \/>\t\t\t\t\t\t\t\t\t\t\t<figcaption class=\"widget-image-caption wp-caption-text\"><\/figcaption>\n\t\t\t\t\t\t\t\t\t\t<\/figure>\n\t\t\t\t\t\t\t\t\t<\/div>\n\t\t\t\t<\/div>\n\t\t\t\t<div class=\"elementor-element elementor-element-e19e629 elementor-widget elementor-widget-image\" data-id=\"e19e629\" data-element_type=\"widget\" data-e-type=\"widget\" data-widget_type=\"image.default\">\n\t\t\t\t<div class=\"elementor-widget-container\">\n\t\t\t\t\t\t\t\t\t\t\t\t<figure class=\"wp-caption\">\n\t\t\t\t\t\t\t\t\t\t<img loading=\"lazy\" decoding=\"async\" width=\"768\" height=\"512\" src=\"https:\/\/www.elturistatranquil.com\/wp-content\/uploads\/F91-Posito.-Villaescusa-de-Haro.jpg\" class=\"attachment-large size-large wp-image-40598\" alt=\"Posito. Villaescusa de Haro\" srcset=\"https:\/\/www.elturistatranquil.com\/wp-content\/uploads\/F91-Posito.-Villaescusa-de-Haro.jpg 768w, https:\/\/www.elturistatranquil.com\/wp-content\/uploads\/F91-Posito.-Villaescusa-de-Haro-339x226.jpg 339w\" sizes=\"(max-width: 768px) 100vw, 768px\" \/>\t\t\t\t\t\t\t\t\t\t\t<figcaption class=\"widget-image-caption wp-caption-text\"><\/figcaption>\n\t\t\t\t\t\t\t\t\t\t<\/figure>\n\t\t\t\t\t\t\t\t\t<\/div>\n\t\t\t\t<\/div>\n\t\t\t\t<div class=\"elementor-element elementor-element-660d7e7 elementor-widget elementor-widget-image\" data-id=\"660d7e7\" data-element_type=\"widget\" data-e-type=\"widget\" data-widget_type=\"image.default\">\n\t\t\t\t<div class=\"elementor-widget-container\">\n\t\t\t\t\t\t\t\t\t\t\t\t<figure class=\"wp-caption\">\n\t\t\t\t\t\t\t\t\t\t<img loading=\"lazy\" decoding=\"async\" width=\"768\" height=\"512\" src=\"https:\/\/www.elturistatranquil.com\/wp-content\/uploads\/F92-Posito.-Villaescusa-de-Haro.jpg\" class=\"attachment-large size-large wp-image-40600\" alt=\"Posito. Villaescusa de Haro\" srcset=\"https:\/\/www.elturistatranquil.com\/wp-content\/uploads\/F92-Posito.-Villaescusa-de-Haro.jpg 768w, https:\/\/www.elturistatranquil.com\/wp-content\/uploads\/F92-Posito.-Villaescusa-de-Haro-339x226.jpg 339w\" sizes=\"(max-width: 768px) 100vw, 768px\" \/>\t\t\t\t\t\t\t\t\t\t\t<figcaption class=\"widget-image-caption wp-caption-text\"><\/figcaption>\n\t\t\t\t\t\t\t\t\t\t<\/figure>\n\t\t\t\t\t\t\t\t\t<\/div>\n\t\t\t\t<\/div>\n\t\t\t\t<div class=\"elementor-element elementor-element-9a732a9 elementor-widget elementor-widget-text-editor\" data-id=\"9a732a9\" data-element_type=\"widget\" data-e-type=\"widget\" data-widget_type=\"text-editor.default\">\n\t\t\t\t<div class=\"elementor-widget-container\">\n\t\t\t\t\t\t\t\t\t<p>Incorpora la reixa t\u00edpica de l&#8217;arquitectura tradicional d&#8217;aquesta part de la Manxa.<\/p>\t\t\t\t\t\t\t\t<\/div>\n\t\t\t\t<\/div>\n\t\t\t\t<div class=\"elementor-element elementor-element-1ef3d30 elementor-widget elementor-widget-image\" data-id=\"1ef3d30\" data-element_type=\"widget\" data-e-type=\"widget\" data-widget_type=\"image.default\">\n\t\t\t\t<div class=\"elementor-widget-container\">\n\t\t\t\t\t\t\t\t\t\t\t\t<figure class=\"wp-caption\">\n\t\t\t\t\t\t\t\t\t\t<img loading=\"lazy\" decoding=\"async\" width=\"768\" height=\"512\" src=\"https:\/\/www.elturistatranquil.com\/wp-content\/uploads\/F93-Posito.-Villaescusa-de-Haro.jpg\" class=\"attachment-large size-large wp-image-40602\" alt=\"Posito. Villaescusa de Haro\" srcset=\"https:\/\/www.elturistatranquil.com\/wp-content\/uploads\/F93-Posito.-Villaescusa-de-Haro.jpg 768w, https:\/\/www.elturistatranquil.com\/wp-content\/uploads\/F93-Posito.-Villaescusa-de-Haro-339x226.jpg 339w\" sizes=\"(max-width: 768px) 100vw, 768px\" \/>\t\t\t\t\t\t\t\t\t\t\t<figcaption class=\"widget-image-caption wp-caption-text\"><\/figcaption>\n\t\t\t\t\t\t\t\t\t\t<\/figure>\n\t\t\t\t\t\t\t\t\t<\/div>\n\t\t\t\t<\/div>\n\t\t\t\t<div class=\"elementor-element elementor-element-3557f59 elementor-widget elementor-widget-menu-anchor\" data-id=\"3557f59\" data-element_type=\"widget\" data-e-type=\"widget\" data-widget_type=\"menu-anchor.default\">\n\t\t\t\t<div class=\"elementor-widget-container\">\n\t\t\t\t\t\t\t<div class=\"elementor-menu-anchor\" id=\"c7313\"><\/div>\n\t\t\t\t\t\t<\/div>\n\t\t\t\t<\/div>\n\t\t\t\t<div class=\"elementor-element elementor-element-84b3c71 elementor-widget elementor-widget-text-editor\" data-id=\"84b3c71\" data-element_type=\"widget\" data-e-type=\"widget\" data-widget_type=\"text-editor.default\">\n\t\t\t\t<div class=\"elementor-widget-container\">\n\t\t\t\t\t\t\t\t\t<p>Despr\u00e9s de deixar de ser usat com a p\u00f2sit, va ser successivament pres\u00f3, escola, sal\u00f3 d&#8217;actes i Ajuntament.<\/p>\t\t\t\t\t\t\t\t<\/div>\n\t\t\t\t<\/div>\n\t\t\t\t<div class=\"elementor-element elementor-element-19c5471 elementor-widget elementor-widget-heading\" data-id=\"19c5471\" data-element_type=\"widget\" data-e-type=\"widget\" data-widget_type=\"heading.default\">\n\t\t\t\t<div class=\"elementor-widget-container\">\n\t\t\t\t\t<h3 class=\"elementor-heading-title elementor-size-default\">Pla\u00e7a de la Villeta<\/h3>\t\t\t\t<\/div>\n\t\t\t\t<\/div>\n\t\t\t\t<div class=\"elementor-element elementor-element-31afaa5 elementor-widget elementor-widget-text-editor\" data-id=\"31afaa5\" data-element_type=\"widget\" data-e-type=\"widget\" data-widget_type=\"text-editor.default\">\n\t\t\t\t<div class=\"elementor-widget-container\">\n\t\t\t\t\t\t\t\t\t<p>La <strong>pla\u00e7a de la Villeta<\/strong> (<strong>9<\/strong>) constitueix el centre d&#8217;activitat social p\u00fablica de Villaescusa de Haro.<\/p><p>Ubicada davant de l&#8217;antic p\u00f2rtic d&#8217;entrada a Villaescusa.<\/p>\t\t\t\t\t\t\t\t<\/div>\n\t\t\t\t<\/div>\n\t\t\t\t<div class=\"elementor-element elementor-element-1b0f518 elementor-widget elementor-widget-image\" data-id=\"1b0f518\" data-element_type=\"widget\" data-e-type=\"widget\" data-widget_type=\"image.default\">\n\t\t\t\t<div class=\"elementor-widget-container\">\n\t\t\t\t\t\t\t\t\t\t\t\t<figure class=\"wp-caption\">\n\t\t\t\t\t\t\t\t\t\t<img loading=\"lazy\" decoding=\"async\" width=\"768\" height=\"512\" src=\"https:\/\/www.elturistatranquil.com\/wp-content\/uploads\/F94-Plaza-de-la-Villeta.-Villaescusa-de-Haro.jpg\" class=\"attachment-large size-large wp-image-40604\" alt=\"Plaza de la Villeta. Villaescusa de Haro\" srcset=\"https:\/\/www.elturistatranquil.com\/wp-content\/uploads\/F94-Plaza-de-la-Villeta.-Villaescusa-de-Haro.jpg 768w, https:\/\/www.elturistatranquil.com\/wp-content\/uploads\/F94-Plaza-de-la-Villeta.-Villaescusa-de-Haro-339x226.jpg 339w\" sizes=\"(max-width: 768px) 100vw, 768px\" \/>\t\t\t\t\t\t\t\t\t\t\t<figcaption class=\"widget-image-caption wp-caption-text\"><\/figcaption>\n\t\t\t\t\t\t\t\t\t\t<\/figure>\n\t\t\t\t\t\t\t\t\t<\/div>\n\t\t\t\t<\/div>\n\t\t\t\t<div class=\"elementor-element elementor-element-bdcf783 elementor-widget elementor-widget-text-editor\" data-id=\"bdcf783\" data-element_type=\"widget\" data-e-type=\"widget\" data-widget_type=\"text-editor.default\">\n\t\t\t\t<div class=\"elementor-widget-container\">\n\t\t\t\t\t\t\t\t\t<p>Era la pla\u00e7a del mercat, la pla\u00e7a de bous i d&#8217;execuci\u00f3.<\/p><p>Actualment \u00e9s una pla\u00e7a magn\u00edfica i \u00e0mplia, amb cases ben cuidades, que mantenen l&#8217;estil d&#8217;arquitectura tradicional manxega.<\/p>\t\t\t\t\t\t\t\t<\/div>\n\t\t\t\t<\/div>\n\t\t\t\t<div class=\"elementor-element elementor-element-5d96d2d elementor-widget elementor-widget-image\" data-id=\"5d96d2d\" data-element_type=\"widget\" data-e-type=\"widget\" data-widget_type=\"image.default\">\n\t\t\t\t<div class=\"elementor-widget-container\">\n\t\t\t\t\t\t\t\t\t\t\t\t<figure class=\"wp-caption\">\n\t\t\t\t\t\t\t\t\t\t<img loading=\"lazy\" decoding=\"async\" width=\"768\" height=\"512\" src=\"https:\/\/www.elturistatranquil.com\/wp-content\/uploads\/F95-Plaza-de-la-Villeta.-Villaescusa-de-Haro.jpg\" class=\"attachment-large size-large wp-image-40608\" alt=\"Plaza de la Villeta. Villaescusa de Haro\" srcset=\"https:\/\/www.elturistatranquil.com\/wp-content\/uploads\/F95-Plaza-de-la-Villeta.-Villaescusa-de-Haro.jpg 768w, https:\/\/www.elturistatranquil.com\/wp-content\/uploads\/F95-Plaza-de-la-Villeta.-Villaescusa-de-Haro-339x226.jpg 339w\" sizes=\"(max-width: 768px) 100vw, 768px\" \/>\t\t\t\t\t\t\t\t\t\t\t<figcaption class=\"widget-image-caption wp-caption-text\"><\/figcaption>\n\t\t\t\t\t\t\t\t\t\t<\/figure>\n\t\t\t\t\t\t\t\t\t<\/div>\n\t\t\t\t<\/div>\n\t\t\t\t<div class=\"elementor-element elementor-element-270b13a elementor-widget elementor-widget-menu-anchor\" data-id=\"270b13a\" data-element_type=\"widget\" data-e-type=\"widget\" data-widget_type=\"menu-anchor.default\">\n\t\t\t\t<div class=\"elementor-widget-container\">\n\t\t\t\t\t\t\t<div class=\"elementor-menu-anchor\" id=\"c7314\"><\/div>\n\t\t\t\t\t\t<\/div>\n\t\t\t\t<\/div>\n\t\t\t\t<div class=\"elementor-element elementor-element-0b2d0cc elementor-widget elementor-widget-image\" data-id=\"0b2d0cc\" data-element_type=\"widget\" data-e-type=\"widget\" data-widget_type=\"image.default\">\n\t\t\t\t<div class=\"elementor-widget-container\">\n\t\t\t\t\t\t\t\t\t\t\t\t<figure class=\"wp-caption\">\n\t\t\t\t\t\t\t\t\t\t<img loading=\"lazy\" decoding=\"async\" width=\"768\" height=\"512\" src=\"https:\/\/www.elturistatranquil.com\/wp-content\/uploads\/F96-Plaza-de-la-Villeta.-Villaescusa-de-Haro.jpg\" class=\"attachment-large size-large wp-image-40606\" alt=\"Plaza de la Villeta. Villaescusa de Haro\" srcset=\"https:\/\/www.elturistatranquil.com\/wp-content\/uploads\/F96-Plaza-de-la-Villeta.-Villaescusa-de-Haro.jpg 768w, https:\/\/www.elturistatranquil.com\/wp-content\/uploads\/F96-Plaza-de-la-Villeta.-Villaescusa-de-Haro-339x226.jpg 339w\" sizes=\"(max-width: 768px) 100vw, 768px\" \/>\t\t\t\t\t\t\t\t\t\t\t<figcaption class=\"widget-image-caption wp-caption-text\"><\/figcaption>\n\t\t\t\t\t\t\t\t\t\t<\/figure>\n\t\t\t\t\t\t\t\t\t<\/div>\n\t\t\t\t<\/div>\n\t\t\t\t<div class=\"elementor-element elementor-element-7bf3675 elementor-widget elementor-widget-heading\" data-id=\"7bf3675\" data-element_type=\"widget\" data-e-type=\"widget\" data-widget_type=\"heading.default\">\n\t\t\t\t<div class=\"elementor-widget-container\">\n\t\t\t\t\t<h3 class=\"elementor-heading-title elementor-size-default\">Font de San Pedro (\u201cfuente romana\u201d)<\/h3>\t\t\t\t<\/div>\n\t\t\t\t<\/div>\n\t\t\t\t<div class=\"elementor-element elementor-element-d161b18 elementor-widget elementor-widget-text-editor\" data-id=\"d161b18\" data-element_type=\"widget\" data-e-type=\"widget\" data-widget_type=\"text-editor.default\">\n\t\t\t\t<div class=\"elementor-widget-container\">\n\t\t\t\t\t\t\t\t\t<p>Al per\u00edmetre sud de la poblaci\u00f3 es mostren dues interessants obres vinculades a l&#8217;arquitectura de l&#8217;aigua: La font de San Pedro i els safareigs p\u00fablics.<\/p><p>La <strong>font de Sant Pedro<\/strong> (<strong>10<\/strong>), tamb\u00e9 coneguda popularment com la <strong>font romana<\/strong>, \u00e9s una obra datada el 1549.<\/p><p>Presenta una original estructura constructiva ja que la font de tres canelles estava situada al fons d&#8217;una rasa, a la qual s&#8217;accedeix per unes grades protegides per ampits.<\/p><p>Una robusta construcci\u00f3 de pedra i ma\u00e7oneria.<\/p>\t\t\t\t\t\t\t\t<\/div>\n\t\t\t\t<\/div>\n\t\t\t\t<div class=\"elementor-element elementor-element-0c043f5 elementor-widget elementor-widget-image\" data-id=\"0c043f5\" data-element_type=\"widget\" data-e-type=\"widget\" data-widget_type=\"image.default\">\n\t\t\t\t<div class=\"elementor-widget-container\">\n\t\t\t\t\t\t\t\t\t\t\t\t<figure class=\"wp-caption\">\n\t\t\t\t\t\t\t\t\t\t<img loading=\"lazy\" decoding=\"async\" width=\"768\" height=\"512\" src=\"https:\/\/www.elturistatranquil.com\/wp-content\/uploads\/F97-Fuente-de-San-Pedro.-Villaescusa-de-Haro.jpg\" class=\"attachment-large size-large wp-image-40610\" alt=\"Fuente de San Pedro. Villaescusa de Haro\" srcset=\"https:\/\/www.elturistatranquil.com\/wp-content\/uploads\/F97-Fuente-de-San-Pedro.-Villaescusa-de-Haro.jpg 768w, https:\/\/www.elturistatranquil.com\/wp-content\/uploads\/F97-Fuente-de-San-Pedro.-Villaescusa-de-Haro-339x226.jpg 339w\" sizes=\"(max-width: 768px) 100vw, 768px\" \/>\t\t\t\t\t\t\t\t\t\t\t<figcaption class=\"widget-image-caption wp-caption-text\"><\/figcaption>\n\t\t\t\t\t\t\t\t\t\t<\/figure>\n\t\t\t\t\t\t\t\t\t<\/div>\n\t\t\t\t<\/div>\n\t\t\t\t<div class=\"elementor-element elementor-element-8966e46 elementor-widget elementor-widget-image\" data-id=\"8966e46\" data-element_type=\"widget\" data-e-type=\"widget\" data-widget_type=\"image.default\">\n\t\t\t\t<div class=\"elementor-widget-container\">\n\t\t\t\t\t\t\t\t\t\t\t\t<figure class=\"wp-caption\">\n\t\t\t\t\t\t\t\t\t\t<img loading=\"lazy\" decoding=\"async\" width=\"768\" height=\"512\" src=\"https:\/\/www.elturistatranquil.com\/wp-content\/uploads\/F100-Fuente-de-San-Pedro.-Villaescusa-de-Haro.jpg\" class=\"attachment-large size-large wp-image-40612\" alt=\"Fuente de San Pedro. Villaescusa de Haro\" srcset=\"https:\/\/www.elturistatranquil.com\/wp-content\/uploads\/F100-Fuente-de-San-Pedro.-Villaescusa-de-Haro.jpg 768w, https:\/\/www.elturistatranquil.com\/wp-content\/uploads\/F100-Fuente-de-San-Pedro.-Villaescusa-de-Haro-339x226.jpg 339w\" sizes=\"(max-width: 768px) 100vw, 768px\" \/>\t\t\t\t\t\t\t\t\t\t\t<figcaption class=\"widget-image-caption wp-caption-text\"><\/figcaption>\n\t\t\t\t\t\t\t\t\t\t<\/figure>\n\t\t\t\t\t\t\t\t\t<\/div>\n\t\t\t\t<\/div>\n\t\t\t\t<div class=\"elementor-element elementor-element-4187d37 elementor-widget elementor-widget-image\" data-id=\"4187d37\" data-element_type=\"widget\" data-e-type=\"widget\" data-widget_type=\"image.default\">\n\t\t\t\t<div class=\"elementor-widget-container\">\n\t\t\t\t\t\t\t\t\t\t\t\t<figure class=\"wp-caption\">\n\t\t\t\t\t\t\t\t\t\t<img loading=\"lazy\" decoding=\"async\" width=\"768\" height=\"512\" src=\"https:\/\/www.elturistatranquil.com\/wp-content\/uploads\/F101-Fuente-de-San-Pedro.-Villaescusa-de-Haro.jpg\" class=\"attachment-large size-large wp-image-40614\" alt=\"Fuente de San Pedro. Villaescusa de Haro\" srcset=\"https:\/\/www.elturistatranquil.com\/wp-content\/uploads\/F101-Fuente-de-San-Pedro.-Villaescusa-de-Haro.jpg 768w, https:\/\/www.elturistatranquil.com\/wp-content\/uploads\/F101-Fuente-de-San-Pedro.-Villaescusa-de-Haro-339x226.jpg 339w\" sizes=\"(max-width: 768px) 100vw, 768px\" \/>\t\t\t\t\t\t\t\t\t\t\t<figcaption class=\"widget-image-caption wp-caption-text\"><\/figcaption>\n\t\t\t\t\t\t\t\t\t\t<\/figure>\n\t\t\t\t\t\t\t\t\t<\/div>\n\t\t\t\t<\/div>\n\t\t\t\t<div class=\"elementor-element elementor-element-5082eae elementor-widget elementor-widget-menu-anchor\" data-id=\"5082eae\" data-element_type=\"widget\" data-e-type=\"widget\" data-widget_type=\"menu-anchor.default\">\n\t\t\t\t<div class=\"elementor-widget-container\">\n\t\t\t\t\t\t\t<div class=\"elementor-menu-anchor\" id=\"c7315\"><\/div>\n\t\t\t\t\t\t<\/div>\n\t\t\t\t<\/div>\n\t\t\t\t<div class=\"elementor-element elementor-element-9342015 elementor-widget elementor-widget-text-editor\" data-id=\"9342015\" data-element_type=\"widget\" data-e-type=\"widget\" data-widget_type=\"text-editor.default\">\n\t\t\t\t<div class=\"elementor-widget-container\">\n\t\t\t\t\t\t\t\t\t<p>Va estar en \u00fas fins al 1969 que es va construir la xarxa p\u00fablica d&#8217;aigua potable.<\/p>\t\t\t\t\t\t\t\t<\/div>\n\t\t\t\t<\/div>\n\t\t\t\t<div class=\"elementor-element elementor-element-c4d2d4a elementor-widget elementor-widget-heading\" data-id=\"c4d2d4a\" data-element_type=\"widget\" data-e-type=\"widget\" data-widget_type=\"heading.default\">\n\t\t\t\t<div class=\"elementor-widget-container\">\n\t\t\t\t\t<h3 class=\"elementor-heading-title elementor-size-default\">Safareigs p\u00fablics. Las balsas<\/h3>\t\t\t\t<\/div>\n\t\t\t\t<\/div>\n\t\t\t\t<div class=\"elementor-element elementor-element-83c11df elementor-widget elementor-widget-text-editor\" data-id=\"83c11df\" data-element_type=\"widget\" data-e-type=\"widget\" data-widget_type=\"text-editor.default\">\n\t\t\t\t<div class=\"elementor-widget-container\">\n\t\t\t\t\t\t\t\t\t<p>Des del segle XVIII existia a Villaescusa de Haro un <strong>safareig p\u00fablic<\/strong> (<strong>11<\/strong>), conegut amb el nom popular de &#8220;<strong> las balsas<\/strong> &#8220;. Com \u00e9s habitual en aquests casos, es tractava d&#8217;un lloc de sociabilitat de les dones de la vila.<\/p><p>Per la seva situaci\u00f3, cal suposar que es nodria de l&#8217;aigua de la font de Sant Pedro.<\/p>\t\t\t\t\t\t\t\t<\/div>\n\t\t\t\t<\/div>\n\t\t\t\t<div class=\"elementor-element elementor-element-82a022d elementor-widget elementor-widget-image\" data-id=\"82a022d\" data-element_type=\"widget\" data-e-type=\"widget\" data-widget_type=\"image.default\">\n\t\t\t\t<div class=\"elementor-widget-container\">\n\t\t\t\t\t\t\t\t\t\t\t\t<figure class=\"wp-caption\">\n\t\t\t\t\t\t\t\t\t\t<img loading=\"lazy\" decoding=\"async\" width=\"768\" height=\"512\" src=\"https:\/\/www.elturistatranquil.com\/wp-content\/uploads\/F102-Lavaderos-publicos.-Villaescusa-de-Haro.jpg\" class=\"attachment-large size-large wp-image-40616\" alt=\"Lavaderos publicos. Villaescusa de Haro\" srcset=\"https:\/\/www.elturistatranquil.com\/wp-content\/uploads\/F102-Lavaderos-publicos.-Villaescusa-de-Haro.jpg 768w, https:\/\/www.elturistatranquil.com\/wp-content\/uploads\/F102-Lavaderos-publicos.-Villaescusa-de-Haro-339x226.jpg 339w\" sizes=\"(max-width: 768px) 100vw, 768px\" \/>\t\t\t\t\t\t\t\t\t\t\t<figcaption class=\"widget-image-caption wp-caption-text\"><\/figcaption>\n\t\t\t\t\t\t\t\t\t\t<\/figure>\n\t\t\t\t\t\t\t\t\t<\/div>\n\t\t\t\t<\/div>\n\t\t\t\t<div class=\"elementor-element elementor-element-03da82f elementor-widget elementor-widget-text-editor\" data-id=\"03da82f\" data-element_type=\"widget\" data-e-type=\"widget\" data-widget_type=\"text-editor.default\">\n\t\t\t\t<div class=\"elementor-widget-container\">\n\t\t\t\t\t\t\t\t\t<p>\u00c9s un recinte rectangular tancat al qu\u00e8 s&#8217;accedeix pels laterals. La forma interior \u00e9s de pati cobert amb teulada suportats per columnes.<\/p>\t\t\t\t\t\t\t\t<\/div>\n\t\t\t\t<\/div>\n\t\t\t\t<div class=\"elementor-element elementor-element-024ea97 elementor-widget elementor-widget-image\" data-id=\"024ea97\" data-element_type=\"widget\" data-e-type=\"widget\" data-widget_type=\"image.default\">\n\t\t\t\t<div class=\"elementor-widget-container\">\n\t\t\t\t\t\t\t\t\t\t\t\t<figure class=\"wp-caption\">\n\t\t\t\t\t\t\t\t\t\t<img loading=\"lazy\" decoding=\"async\" width=\"768\" height=\"512\" src=\"https:\/\/www.elturistatranquil.com\/wp-content\/uploads\/F103-Lavaderos-publicos.-Villaescusa-de-Haro.jpg\" class=\"attachment-large size-large wp-image-40618\" alt=\"Lavaderos publicos. Villaescusa de Haro\" srcset=\"https:\/\/www.elturistatranquil.com\/wp-content\/uploads\/F103-Lavaderos-publicos.-Villaescusa-de-Haro.jpg 768w, https:\/\/www.elturistatranquil.com\/wp-content\/uploads\/F103-Lavaderos-publicos.-Villaescusa-de-Haro-339x226.jpg 339w\" sizes=\"(max-width: 768px) 100vw, 768px\" \/>\t\t\t\t\t\t\t\t\t\t\t<figcaption class=\"widget-image-caption wp-caption-text\"><\/figcaption>\n\t\t\t\t\t\t\t\t\t\t<\/figure>\n\t\t\t\t\t\t\t\t\t<\/div>\n\t\t\t\t<\/div>\n\t\t\t\t<div class=\"elementor-element elementor-element-6252b15 elementor-widget elementor-widget-image\" data-id=\"6252b15\" data-element_type=\"widget\" data-e-type=\"widget\" data-widget_type=\"image.default\">\n\t\t\t\t<div class=\"elementor-widget-container\">\n\t\t\t\t\t\t\t\t\t\t\t\t<figure class=\"wp-caption\">\n\t\t\t\t\t\t\t\t\t\t<img loading=\"lazy\" decoding=\"async\" width=\"768\" height=\"512\" src=\"https:\/\/www.elturistatranquil.com\/wp-content\/uploads\/F104-Lavaderos-publicos.-Villaescusa-de-Haro.jpg\" class=\"attachment-large size-large wp-image-40620\" alt=\"Lavaderos publicos. Villaescusa de Haro\" srcset=\"https:\/\/www.elturistatranquil.com\/wp-content\/uploads\/F104-Lavaderos-publicos.-Villaescusa-de-Haro.jpg 768w, https:\/\/www.elturistatranquil.com\/wp-content\/uploads\/F104-Lavaderos-publicos.-Villaescusa-de-Haro-339x226.jpg 339w\" sizes=\"(max-width: 768px) 100vw, 768px\" \/>\t\t\t\t\t\t\t\t\t\t\t<figcaption class=\"widget-image-caption wp-caption-text\"><\/figcaption>\n\t\t\t\t\t\t\t\t\t\t<\/figure>\n\t\t\t\t\t\t\t\t\t<\/div>\n\t\t\t\t<\/div>\n\t\t\t\t<div class=\"elementor-element elementor-element-b45c711 elementor-widget elementor-widget-image\" data-id=\"b45c711\" data-element_type=\"widget\" data-e-type=\"widget\" data-widget_type=\"image.default\">\n\t\t\t\t<div class=\"elementor-widget-container\">\n\t\t\t\t\t\t\t\t\t\t\t\t<figure class=\"wp-caption\">\n\t\t\t\t\t\t\t\t\t\t<img loading=\"lazy\" decoding=\"async\" width=\"768\" height=\"512\" src=\"https:\/\/www.elturistatranquil.com\/wp-content\/uploads\/F105-Lavaderos-publicos.-Villaescusa-de-Haro.jpg\" class=\"attachment-large size-large wp-image-40622\" alt=\"Lavaderos publicos. Villaescusa de Haro\" srcset=\"https:\/\/www.elturistatranquil.com\/wp-content\/uploads\/F105-Lavaderos-publicos.-Villaescusa-de-Haro.jpg 768w, https:\/\/www.elturistatranquil.com\/wp-content\/uploads\/F105-Lavaderos-publicos.-Villaescusa-de-Haro-339x226.jpg 339w\" sizes=\"(max-width: 768px) 100vw, 768px\" \/>\t\t\t\t\t\t\t\t\t\t\t<figcaption class=\"widget-image-caption wp-caption-text\"><\/figcaption>\n\t\t\t\t\t\t\t\t\t\t<\/figure>\n\t\t\t\t\t\t\t\t\t<\/div>\n\t\t\t\t<\/div>\n\t\t\t\t<div class=\"elementor-element elementor-element-fbb4b27 elementor-widget elementor-widget-image\" data-id=\"fbb4b27\" data-element_type=\"widget\" data-e-type=\"widget\" data-widget_type=\"image.default\">\n\t\t\t\t<div class=\"elementor-widget-container\">\n\t\t\t\t\t\t\t\t\t\t\t\t<figure class=\"wp-caption\">\n\t\t\t\t\t\t\t\t\t\t<img loading=\"lazy\" decoding=\"async\" width=\"768\" height=\"512\" src=\"https:\/\/www.elturistatranquil.com\/wp-content\/uploads\/F106-Lavaderos-publicos.-Villaescusa-de-Haro.jpg\" class=\"attachment-large size-large wp-image-40624\" alt=\"Lavaderos publicos. Villaescusa de Haro\" srcset=\"https:\/\/www.elturistatranquil.com\/wp-content\/uploads\/F106-Lavaderos-publicos.-Villaescusa-de-Haro.jpg 768w, https:\/\/www.elturistatranquil.com\/wp-content\/uploads\/F106-Lavaderos-publicos.-Villaescusa-de-Haro-339x226.jpg 339w\" sizes=\"(max-width: 768px) 100vw, 768px\" \/>\t\t\t\t\t\t\t\t\t\t\t<figcaption class=\"widget-image-caption wp-caption-text\"><\/figcaption>\n\t\t\t\t\t\t\t\t\t\t<\/figure>\n\t\t\t\t\t\t\t\t\t<\/div>\n\t\t\t\t<\/div>\n\t\t\t\t<div class=\"elementor-element elementor-element-00c2661 elementor-widget elementor-widget-text-editor\" data-id=\"00c2661\" data-element_type=\"widget\" data-e-type=\"widget\" data-widget_type=\"text-editor.default\">\n\t\t\t\t<div class=\"elementor-widget-container\">\n\t\t\t\t\t\t\t\t\t<p>En una banda se situa l&#8217;entrada d&#8217;aigua.<\/p>\t\t\t\t\t\t\t\t<\/div>\n\t\t\t\t<\/div>\n\t\t\t\t<div class=\"elementor-element elementor-element-f63fb11 elementor-widget elementor-widget-image\" data-id=\"f63fb11\" data-element_type=\"widget\" data-e-type=\"widget\" data-widget_type=\"image.default\">\n\t\t\t\t<div class=\"elementor-widget-container\">\n\t\t\t\t\t\t\t\t\t\t\t\t<figure class=\"wp-caption\">\n\t\t\t\t\t\t\t\t\t\t<img loading=\"lazy\" decoding=\"async\" width=\"768\" height=\"512\" src=\"https:\/\/www.elturistatranquil.com\/wp-content\/uploads\/F107-Lavaderos-publicos.-Villaescusa-de-Haro.jpg\" class=\"attachment-large size-large wp-image-40626\" alt=\"Lavaderos publicos. Villaescusa de Haro\" srcset=\"https:\/\/www.elturistatranquil.com\/wp-content\/uploads\/F107-Lavaderos-publicos.-Villaescusa-de-Haro.jpg 768w, https:\/\/www.elturistatranquil.com\/wp-content\/uploads\/F107-Lavaderos-publicos.-Villaescusa-de-Haro-339x226.jpg 339w\" sizes=\"(max-width: 768px) 100vw, 768px\" \/>\t\t\t\t\t\t\t\t\t\t\t<figcaption class=\"widget-image-caption wp-caption-text\"><\/figcaption>\n\t\t\t\t\t\t\t\t\t\t<\/figure>\n\t\t\t\t\t\t\t\t\t<\/div>\n\t\t\t\t<\/div>\n\t\t\t\t<div class=\"elementor-element elementor-element-a5a7fb8 elementor-widget elementor-widget-text-editor\" data-id=\"a5a7fb8\" data-element_type=\"widget\" data-e-type=\"widget\" data-widget_type=\"text-editor.default\">\n\t\t\t\t<div class=\"elementor-widget-container\">\n\t\t\t\t\t\t\t\t\t<p>En un lateral, el doble sistema de buidatge: Un sobreeixidor per mantenir el nivell de l&#8217;aigua i una comporta per quan es decid\u00eds buidar completament la bassa.<\/p>\t\t\t\t\t\t\t\t<\/div>\n\t\t\t\t<\/div>\n\t\t\t\t<div class=\"elementor-element elementor-element-b0c8426 elementor-widget elementor-widget-menu-anchor\" data-id=\"b0c8426\" data-element_type=\"widget\" data-e-type=\"widget\" data-widget_type=\"menu-anchor.default\">\n\t\t\t\t<div class=\"elementor-widget-container\">\n\t\t\t\t\t\t\t<div class=\"elementor-menu-anchor\" id=\"c7316\"><\/div>\n\t\t\t\t\t\t<\/div>\n\t\t\t\t<\/div>\n\t\t\t\t<div class=\"elementor-element elementor-element-d124746 elementor-widget elementor-widget-image\" data-id=\"d124746\" data-element_type=\"widget\" data-e-type=\"widget\" data-widget_type=\"image.default\">\n\t\t\t\t<div class=\"elementor-widget-container\">\n\t\t\t\t\t\t\t\t\t\t\t\t<figure class=\"wp-caption\">\n\t\t\t\t\t\t\t\t\t\t<img loading=\"lazy\" decoding=\"async\" width=\"768\" height=\"512\" src=\"https:\/\/www.elturistatranquil.com\/wp-content\/uploads\/F108-Lavaderos-publicos.-Villaescusa-de-Haro.jpg\" class=\"attachment-large size-large wp-image-40628\" alt=\"Lavaderos publicos. Villaescusa de Haro\" srcset=\"https:\/\/www.elturistatranquil.com\/wp-content\/uploads\/F108-Lavaderos-publicos.-Villaescusa-de-Haro.jpg 768w, https:\/\/www.elturistatranquil.com\/wp-content\/uploads\/F108-Lavaderos-publicos.-Villaescusa-de-Haro-339x226.jpg 339w\" sizes=\"(max-width: 768px) 100vw, 768px\" \/>\t\t\t\t\t\t\t\t\t\t\t<figcaption class=\"widget-image-caption wp-caption-text\"><\/figcaption>\n\t\t\t\t\t\t\t\t\t\t<\/figure>\n\t\t\t\t\t\t\t\t\t<\/div>\n\t\t\t\t<\/div>\n\t\t\t\t<div class=\"elementor-element elementor-element-f807d37 elementor-widget elementor-widget-heading\" data-id=\"f807d37\" data-element_type=\"widget\" data-e-type=\"widget\" data-widget_type=\"heading.default\">\n\t\t\t\t<div class=\"elementor-widget-container\">\n\t\t\t\t\t<h3 class=\"elementor-heading-title elementor-size-default\">Casa natal de Luis Astrana Mar\u00edn<\/h3>\t\t\t\t<\/div>\n\t\t\t\t<\/div>\n\t\t\t\t<div class=\"elementor-element elementor-element-d5ba238 elementor-widget elementor-widget-text-editor\" data-id=\"d5ba238\" data-element_type=\"widget\" data-e-type=\"widget\" data-widget_type=\"text-editor.default\">\n\t\t\t\t<div class=\"elementor-widget-container\">\n\t\t\t\t\t\t\t\t\t<p>Una de les cases que mostren amb orgull els villaescuseros \u00e9s la <strong>casa natal de Luis Astrana Mar\u00edn<\/strong> (<strong>12<\/strong>).<\/p><p>Nascut el 1889 a Villaescusa i mort a Madrid el 1959. Periodista, bi\u00f2graf i assagista, va ser el primer traductor de les obres completes de Shakespeare al castell\u00e0 i estudiosa de Cervantes.<\/p>\t\t\t\t\t\t\t\t<\/div>\n\t\t\t\t<\/div>\n\t\t\t\t<div class=\"elementor-element elementor-element-2ae887b elementor-widget elementor-widget-menu-anchor\" data-id=\"2ae887b\" data-element_type=\"widget\" data-e-type=\"widget\" data-widget_type=\"menu-anchor.default\">\n\t\t\t\t<div class=\"elementor-widget-container\">\n\t\t\t\t\t\t\t<div class=\"elementor-menu-anchor\" id=\"c7317\"><\/div>\n\t\t\t\t\t\t<\/div>\n\t\t\t\t<\/div>\n\t\t\t\t<div class=\"elementor-element elementor-element-10347b2 elementor-widget elementor-widget-image\" data-id=\"10347b2\" data-element_type=\"widget\" data-e-type=\"widget\" data-widget_type=\"image.default\">\n\t\t\t\t<div class=\"elementor-widget-container\">\n\t\t\t\t\t\t\t\t\t\t\t\t<figure class=\"wp-caption\">\n\t\t\t\t\t\t\t\t\t\t<img loading=\"lazy\" decoding=\"async\" width=\"768\" height=\"512\" src=\"https:\/\/www.elturistatranquil.com\/wp-content\/uploads\/F109-Lavaderos-publicos.-Villaescusa-de-Haro.jpg\" class=\"attachment-large size-large wp-image-40630\" alt=\"Lavaderos publicos. Villaescusa de Haro\" srcset=\"https:\/\/www.elturistatranquil.com\/wp-content\/uploads\/F109-Lavaderos-publicos.-Villaescusa-de-Haro.jpg 768w, https:\/\/www.elturistatranquil.com\/wp-content\/uploads\/F109-Lavaderos-publicos.-Villaescusa-de-Haro-339x226.jpg 339w\" sizes=\"(max-width: 768px) 100vw, 768px\" \/>\t\t\t\t\t\t\t\t\t\t\t<figcaption class=\"widget-image-caption wp-caption-text\"><\/figcaption>\n\t\t\t\t\t\t\t\t\t\t<\/figure>\n\t\t\t\t\t\t\t\t\t<\/div>\n\t\t\t\t<\/div>\n\t\t\t\t<div class=\"elementor-element elementor-element-5b06ddb elementor-widget elementor-widget-heading\" data-id=\"5b06ddb\" data-element_type=\"widget\" data-e-type=\"widget\" data-widget_type=\"heading.default\">\n\t\t\t\t<div class=\"elementor-widget-container\">\n\t\t\t\t\t<h3 class=\"elementor-heading-title elementor-size-default\">Torre de l'aigua<\/h3>\t\t\t\t<\/div>\n\t\t\t\t<\/div>\n\t\t\t\t<div class=\"elementor-element elementor-element-7c44574 elementor-widget elementor-widget-text-editor\" data-id=\"7c44574\" data-element_type=\"widget\" data-e-type=\"widget\" data-widget_type=\"text-editor.default\">\n\t\t\t\t<div class=\"elementor-widget-container\">\n\t\t\t\t\t\t\t\t\t<p>Una de les edificacions que sobresurt al perfil de la vila \u00e9s l&#8217;antiga <strong>torre de l&#8217;aigua<\/strong> (<strong>13<\/strong>).<\/p><p>\u00c9s un edifici modern, amb els dos primers nivells de ma\u00e7oneria vista i el superior amb un conjunt d&#8217;obertures din\u00e0miques i la coberta a dues aig\u00fces. Pel meu gust, la seva pres\u00e8ncia no desmereix del conjunt urb\u00e0.<\/p>\t\t\t\t\t\t\t\t<\/div>\n\t\t\t\t<\/div>\n\t\t\t\t<div class=\"elementor-element elementor-element-6395c1b elementor-widget elementor-widget-menu-anchor\" data-id=\"6395c1b\" data-element_type=\"widget\" data-e-type=\"widget\" data-widget_type=\"menu-anchor.default\">\n\t\t\t\t<div class=\"elementor-widget-container\">\n\t\t\t\t\t\t\t<div class=\"elementor-menu-anchor\" id=\"c7318\"><\/div>\n\t\t\t\t\t\t<\/div>\n\t\t\t\t<\/div>\n\t\t\t\t<div class=\"elementor-element elementor-element-163c5c8 elementor-widget elementor-widget-image\" data-id=\"163c5c8\" data-element_type=\"widget\" data-e-type=\"widget\" data-widget_type=\"image.default\">\n\t\t\t\t<div class=\"elementor-widget-container\">\n\t\t\t\t\t\t\t\t\t\t\t\t<figure class=\"wp-caption\">\n\t\t\t\t\t\t\t\t\t\t<img loading=\"lazy\" decoding=\"async\" width=\"768\" height=\"512\" src=\"https:\/\/www.elturistatranquil.com\/wp-content\/uploads\/F110-Torre-del-agua.-Villaescusa-de-Haro.jpg\" class=\"attachment-large size-large wp-image-40632\" alt=\"Torre del agua. Villaescusa de Haro\" srcset=\"https:\/\/www.elturistatranquil.com\/wp-content\/uploads\/F110-Torre-del-agua.-Villaescusa-de-Haro.jpg 768w, https:\/\/www.elturistatranquil.com\/wp-content\/uploads\/F110-Torre-del-agua.-Villaescusa-de-Haro-339x226.jpg 339w\" sizes=\"(max-width: 768px) 100vw, 768px\" \/>\t\t\t\t\t\t\t\t\t\t\t<figcaption class=\"widget-image-caption wp-caption-text\"><\/figcaption>\n\t\t\t\t\t\t\t\t\t\t<\/figure>\n\t\t\t\t\t\t\t\t\t<\/div>\n\t\t\t\t<\/div>\n\t\t\t\t<div class=\"elementor-element elementor-element-adbc756 elementor-widget elementor-widget-heading\" data-id=\"adbc756\" data-element_type=\"widget\" data-e-type=\"widget\" data-widget_type=\"heading.default\">\n\t\t\t\t<div class=\"elementor-widget-container\">\n\t\t\t\t\t<h3 class=\"elementor-heading-title elementor-size-default\">Arquitectura popular manxega i senyorial<\/h3>\t\t\t\t<\/div>\n\t\t\t\t<\/div>\n\t\t\t\t<div class=\"elementor-element elementor-element-47bad64 elementor-widget elementor-widget-text-editor\" data-id=\"47bad64\" data-element_type=\"widget\" data-e-type=\"widget\" data-widget_type=\"text-editor.default\">\n\t\t\t\t<div class=\"elementor-widget-container\">\n\t\t\t\t\t\t\t\t\t<p>La zona central de la vila que envolta el conjunt monumental de Villaescusa de Haro es troba summament cuidada, i podem recrear-nos en l&#8217;arquitectura popular manxega.<\/p><p>En la seva important obra <em>Arquitectura Popular Espanyola<\/em>, Carlos Flores, al volum III, caracteritza l&#8217;arquitectura popular de la Manxa Alta, del qual extraiem alguns elements.<\/p><p>Cases duna o dues plantes. Usualment, les cases de dues plantes s\u00f3n cases de feina per satisfer les seves funcions; porta d&#8217;entrada a l&#8217;habitatge i portalada per al pas de carros i animals; la portalada donava acc\u00e9s a un pati interior destinat a ormeigs, animals i construccions auxiliars a l&#8217;activitat agr\u00e0ria, com pallers, graners o alguers. Aquestes cases corresponien a fam\u00edlies amb propietat de terres.<\/p><p>La portalada independent podia estar situada a la fa\u00e7ana principal o b\u00e9 a la part posterior, amb entrada pel carrer posterior. Aix\u00f2 podia donar lloc a carrers on un costat fos ocupat per portalades i al costat de davant entrades a habitatges, de manera que quedaven disminu\u00efdes les relacions de ve\u00efnatge.<\/p><p>Les cases d\u2019una planta amb una sola entrada correspondrien a habitatges de jornalers o assalariats sense terra.<\/p><p>Un element com\u00fa a les poblacions d&#8217;aquesta zona \u00e9s una reixeria interessant a les finestres.<\/p><p>Un element que Flores destaca \u00e9s la distribuci\u00f3 de les obertures a les fa\u00e7anes, que no segueixen cap harmonia des de l&#8217;exterior, sin\u00f3 que se situen purament funcionals en relaci\u00f3 amb les necessitats d&#8217;il\u00b7luminaci\u00f3 dels espais interiors.<\/p><p>El predomini del blanc s&#8217;aplica sobre els murs de t\u00e0pia, cl\u00e0ssicament amb beurada de cal\u00e7, es mant\u00e9 a Villaescusa de Haro, encara que la normativa actual permet el color tonalitat beix.<\/p>\t\t\t\t\t\t\t\t<\/div>\n\t\t\t\t<\/div>\n\t\t\t\t<div class=\"elementor-element elementor-element-e0d3391 elementor-widget elementor-widget-image\" data-id=\"e0d3391\" data-element_type=\"widget\" data-e-type=\"widget\" data-widget_type=\"image.default\">\n\t\t\t\t<div class=\"elementor-widget-container\">\n\t\t\t\t\t\t\t\t\t\t\t\t<figure class=\"wp-caption\">\n\t\t\t\t\t\t\t\t\t\t<img loading=\"lazy\" decoding=\"async\" width=\"768\" height=\"512\" src=\"https:\/\/www.elturistatranquil.com\/wp-content\/uploads\/F111-Villaescusa-de-Haro.jpg\" class=\"attachment-large size-large wp-image-40634\" alt=\"Villaescusa de Haro\" srcset=\"https:\/\/www.elturistatranquil.com\/wp-content\/uploads\/F111-Villaescusa-de-Haro.jpg 768w, https:\/\/www.elturistatranquil.com\/wp-content\/uploads\/F111-Villaescusa-de-Haro-339x226.jpg 339w\" sizes=\"(max-width: 768px) 100vw, 768px\" \/>\t\t\t\t\t\t\t\t\t\t\t<figcaption class=\"widget-image-caption wp-caption-text\"><\/figcaption>\n\t\t\t\t\t\t\t\t\t\t<\/figure>\n\t\t\t\t\t\t\t\t\t<\/div>\n\t\t\t\t<\/div>\n\t\t\t\t<div class=\"elementor-element elementor-element-a5f3d8b elementor-widget elementor-widget-image\" data-id=\"a5f3d8b\" data-element_type=\"widget\" data-e-type=\"widget\" data-widget_type=\"image.default\">\n\t\t\t\t<div class=\"elementor-widget-container\">\n\t\t\t\t\t\t\t\t\t\t\t\t<figure class=\"wp-caption\">\n\t\t\t\t\t\t\t\t\t\t<img loading=\"lazy\" decoding=\"async\" width=\"768\" height=\"512\" src=\"https:\/\/www.elturistatranquil.com\/wp-content\/uploads\/F112-Villaescusa-de-Haro.jpg\" class=\"attachment-large size-large wp-image-40636\" alt=\"Villaescusa de Haro\" srcset=\"https:\/\/www.elturistatranquil.com\/wp-content\/uploads\/F112-Villaescusa-de-Haro.jpg 768w, https:\/\/www.elturistatranquil.com\/wp-content\/uploads\/F112-Villaescusa-de-Haro-339x226.jpg 339w\" sizes=\"(max-width: 768px) 100vw, 768px\" \/>\t\t\t\t\t\t\t\t\t\t\t<figcaption class=\"widget-image-caption wp-caption-text\"><\/figcaption>\n\t\t\t\t\t\t\t\t\t\t<\/figure>\n\t\t\t\t\t\t\t\t\t<\/div>\n\t\t\t\t<\/div>\n\t\t\t\t<div class=\"elementor-element elementor-element-820cef1 elementor-widget elementor-widget-image\" data-id=\"820cef1\" data-element_type=\"widget\" data-e-type=\"widget\" data-widget_type=\"image.default\">\n\t\t\t\t<div class=\"elementor-widget-container\">\n\t\t\t\t\t\t\t\t\t\t\t\t<figure class=\"wp-caption\">\n\t\t\t\t\t\t\t\t\t\t<img loading=\"lazy\" decoding=\"async\" width=\"768\" height=\"512\" src=\"https:\/\/www.elturistatranquil.com\/wp-content\/uploads\/F113-Villaescusa-de-Haro.jpg\" class=\"attachment-large size-large wp-image-40638\" alt=\"Villaescusa de Haro\" srcset=\"https:\/\/www.elturistatranquil.com\/wp-content\/uploads\/F113-Villaescusa-de-Haro.jpg 768w, https:\/\/www.elturistatranquil.com\/wp-content\/uploads\/F113-Villaescusa-de-Haro-339x226.jpg 339w\" sizes=\"(max-width: 768px) 100vw, 768px\" \/>\t\t\t\t\t\t\t\t\t\t\t<figcaption class=\"widget-image-caption wp-caption-text\"><\/figcaption>\n\t\t\t\t\t\t\t\t\t\t<\/figure>\n\t\t\t\t\t\t\t\t\t<\/div>\n\t\t\t\t<\/div>\n\t\t\t\t<div class=\"elementor-element elementor-element-cef91df elementor-widget elementor-widget-image\" data-id=\"cef91df\" data-element_type=\"widget\" data-e-type=\"widget\" data-widget_type=\"image.default\">\n\t\t\t\t<div class=\"elementor-widget-container\">\n\t\t\t\t\t\t\t\t\t\t\t\t<figure class=\"wp-caption\">\n\t\t\t\t\t\t\t\t\t\t<img loading=\"lazy\" decoding=\"async\" width=\"768\" height=\"512\" src=\"https:\/\/www.elturistatranquil.com\/wp-content\/uploads\/F114-Villaescusa-de-Haro.jpg\" class=\"attachment-large size-large wp-image-40640\" alt=\"Villaescusa de Haro\" srcset=\"https:\/\/www.elturistatranquil.com\/wp-content\/uploads\/F114-Villaescusa-de-Haro.jpg 768w, https:\/\/www.elturistatranquil.com\/wp-content\/uploads\/F114-Villaescusa-de-Haro-339x226.jpg 339w\" sizes=\"(max-width: 768px) 100vw, 768px\" \/>\t\t\t\t\t\t\t\t\t\t\t<figcaption class=\"widget-image-caption wp-caption-text\"><\/figcaption>\n\t\t\t\t\t\t\t\t\t\t<\/figure>\n\t\t\t\t\t\t\t\t\t<\/div>\n\t\t\t\t<\/div>\n\t\t\t\t<div class=\"elementor-element elementor-element-71d5c5a elementor-widget elementor-widget-text-editor\" data-id=\"71d5c5a\" data-element_type=\"widget\" data-e-type=\"widget\" data-widget_type=\"text-editor.default\">\n\t\t\t\t<div class=\"elementor-widget-container\">\n\t\t\t\t\t\t\t\t\t<p>Al <strong>carrer Juan Jim\u00e9nez<\/strong>, \u00e9s possible trobar un tipus de distribuci\u00f3 esmentada en la alineaci\u00f3 de les entrades a les cases en qu\u00e8 en una vorera es concentren les portalades de les cases del carrer paral\u00b7lel, mentre la vorera del davant compr\u00e8n les entrades als habitatges , on quedaven redu\u00efdes les relacions de ve\u00efnatge.<\/p>\t\t\t\t\t\t\t\t<\/div>\n\t\t\t\t<\/div>\n\t\t\t\t<div class=\"elementor-element elementor-element-21eef08 elementor-widget elementor-widget-image\" data-id=\"21eef08\" data-element_type=\"widget\" data-e-type=\"widget\" data-widget_type=\"image.default\">\n\t\t\t\t<div class=\"elementor-widget-container\">\n\t\t\t\t\t\t\t\t\t\t\t\t<figure class=\"wp-caption\">\n\t\t\t\t\t\t\t\t\t\t<img loading=\"lazy\" decoding=\"async\" width=\"768\" height=\"512\" src=\"https:\/\/www.elturistatranquil.com\/wp-content\/uploads\/F115-Villaescusa-de-Haro.jpg\" class=\"attachment-large size-large wp-image-40642\" alt=\"Villaescusa de Haro\" srcset=\"https:\/\/www.elturistatranquil.com\/wp-content\/uploads\/F115-Villaescusa-de-Haro.jpg 768w, https:\/\/www.elturistatranquil.com\/wp-content\/uploads\/F115-Villaescusa-de-Haro-339x226.jpg 339w\" sizes=\"(max-width: 768px) 100vw, 768px\" \/>\t\t\t\t\t\t\t\t\t\t\t<figcaption class=\"widget-image-caption wp-caption-text\"><\/figcaption>\n\t\t\t\t\t\t\t\t\t\t<\/figure>\n\t\t\t\t\t\t\t\t\t<\/div>\n\t\t\t\t<\/div>\n\t\t\t\t<div class=\"elementor-element elementor-element-a5bb011 elementor-widget elementor-widget-text-editor\" data-id=\"a5bb011\" data-element_type=\"widget\" data-e-type=\"widget\" data-widget_type=\"text-editor.default\">\n\t\t\t\t<div class=\"elementor-widget-container\">\n\t\t\t\t\t\t\t\t\t<p>Un detall que va cridar la meva atenci\u00f3 va ser la pres\u00e8ncia de finestretes de fusta al costat de les portes d&#8217;entrades dels habitatges. \u00c9s una simbiosi entre l&#8217;arquitectura popular i les necessitats modernes, ja que cobreixen els quadres de comptadors d&#8217;electricitat de cada casa.<\/p>\t\t\t\t\t\t\t\t<\/div>\n\t\t\t\t<\/div>\n\t\t\t\t<section class=\"elementor-section elementor-inner-section elementor-element elementor-element-195e264 elementor-section-boxed elementor-section-height-default elementor-section-height-default\" data-id=\"195e264\" data-element_type=\"section\" data-e-type=\"section\">\n\t\t\t\t\t\t<div class=\"elementor-container elementor-column-gap-default\">\n\t\t\t\t\t<div class=\"elementor-column elementor-col-50 elementor-inner-column elementor-element elementor-element-cc00968\" data-id=\"cc00968\" data-element_type=\"column\" data-e-type=\"column\">\n\t\t\t<div class=\"elementor-widget-wrap elementor-element-populated\">\n\t\t\t\t\t\t<div class=\"elementor-element elementor-element-549f353 elementor-widget elementor-widget-image\" data-id=\"549f353\" data-element_type=\"widget\" data-e-type=\"widget\" data-widget_type=\"image.default\">\n\t\t\t\t<div class=\"elementor-widget-container\">\n\t\t\t\t\t\t\t\t\t\t\t\t\t\t\t<img loading=\"lazy\" decoding=\"async\" width=\"380\" height=\"380\" src=\"https:\/\/www.elturistatranquil.com\/wp-content\/uploads\/F116m-Villaescusa-de-Haro.jpg\" class=\"attachment-large size-large wp-image-40644\" alt=\"Villaescusa de Haro\" srcset=\"https:\/\/www.elturistatranquil.com\/wp-content\/uploads\/F116m-Villaescusa-de-Haro.jpg 380w, https:\/\/www.elturistatranquil.com\/wp-content\/uploads\/F116m-Villaescusa-de-Haro-226x226.jpg 226w\" sizes=\"(max-width: 380px) 100vw, 380px\" \/>\t\t\t\t\t\t\t\t\t\t\t\t\t\t\t<\/div>\n\t\t\t\t<\/div>\n\t\t\t\t\t<\/div>\n\t\t<\/div>\n\t\t\t\t<div class=\"elementor-column elementor-col-50 elementor-inner-column elementor-element elementor-element-cb14ce3\" data-id=\"cb14ce3\" data-element_type=\"column\" data-e-type=\"column\">\n\t\t\t<div class=\"elementor-widget-wrap elementor-element-populated\">\n\t\t\t\t\t\t<div class=\"elementor-element elementor-element-540ee6e elementor-widget elementor-widget-image\" data-id=\"540ee6e\" data-element_type=\"widget\" data-e-type=\"widget\" data-widget_type=\"image.default\">\n\t\t\t\t<div class=\"elementor-widget-container\">\n\t\t\t\t\t\t\t\t\t\t\t\t\t\t\t<img loading=\"lazy\" decoding=\"async\" width=\"380\" height=\"380\" src=\"https:\/\/www.elturistatranquil.com\/wp-content\/uploads\/F116n-Villaescusa-de-Haro.jpg\" class=\"attachment-large size-large wp-image-40646\" alt=\"Villaescusa de Haro\" srcset=\"https:\/\/www.elturistatranquil.com\/wp-content\/uploads\/F116n-Villaescusa-de-Haro.jpg 380w, https:\/\/www.elturistatranquil.com\/wp-content\/uploads\/F116n-Villaescusa-de-Haro-226x226.jpg 226w\" sizes=\"(max-width: 380px) 100vw, 380px\" \/>\t\t\t\t\t\t\t\t\t\t\t\t\t\t\t<\/div>\n\t\t\t\t<\/div>\n\t\t\t\t\t<\/div>\n\t\t<\/div>\n\t\t\t\t\t<\/div>\n\t\t<\/section>\n\t\t\t\t<div class=\"elementor-element elementor-element-8b32fcf elementor-widget elementor-widget-text-editor\" data-id=\"8b32fcf\" data-element_type=\"widget\" data-e-type=\"widget\" data-widget_type=\"text-editor.default\">\n\t\t\t\t<div class=\"elementor-widget-container\">\n\t\t\t\t\t\t\t\t\t<p>\u00a0<\/p><p>Per la seva banda, els casalots palatins segueixen la norma de mostrar els seus murs de pedra de ma\u00e7oneria amb cantonades de refor\u00e7 de carreus, aplicats aquests igualment a les obertures.<\/p><p>Els blasons formen part d&#8217;aquest paisatge de casalots.<\/p>\t\t\t\t\t\t\t\t<\/div>\n\t\t\t\t<\/div>\n\t\t\t\t<div class=\"elementor-element elementor-element-705f3aa elementor-widget elementor-widget-image\" data-id=\"705f3aa\" data-element_type=\"widget\" data-e-type=\"widget\" data-widget_type=\"image.default\">\n\t\t\t\t<div class=\"elementor-widget-container\">\n\t\t\t\t\t\t\t\t\t\t\t\t<figure class=\"wp-caption\">\n\t\t\t\t\t\t\t\t\t\t<img loading=\"lazy\" decoding=\"async\" width=\"768\" height=\"512\" src=\"https:\/\/www.elturistatranquil.com\/wp-content\/uploads\/F117-Villaescusa-de-Haro.jpg\" class=\"attachment-large size-large wp-image-40648\" alt=\"Villaescusa de Haro\" srcset=\"https:\/\/www.elturistatranquil.com\/wp-content\/uploads\/F117-Villaescusa-de-Haro.jpg 768w, https:\/\/www.elturistatranquil.com\/wp-content\/uploads\/F117-Villaescusa-de-Haro-339x226.jpg 339w\" sizes=\"(max-width: 768px) 100vw, 768px\" \/>\t\t\t\t\t\t\t\t\t\t\t<figcaption class=\"widget-image-caption wp-caption-text\"><\/figcaption>\n\t\t\t\t\t\t\t\t\t\t<\/figure>\n\t\t\t\t\t\t\t\t\t<\/div>\n\t\t\t\t<\/div>\n\t\t\t\t<div class=\"elementor-element elementor-element-ae85ac3 elementor-widget elementor-widget-image\" data-id=\"ae85ac3\" data-element_type=\"widget\" data-e-type=\"widget\" data-widget_type=\"image.default\">\n\t\t\t\t<div class=\"elementor-widget-container\">\n\t\t\t\t\t\t\t\t\t\t\t\t<figure class=\"wp-caption\">\n\t\t\t\t\t\t\t\t\t\t<img loading=\"lazy\" decoding=\"async\" width=\"768\" height=\"512\" src=\"https:\/\/www.elturistatranquil.com\/wp-content\/uploads\/F118-Villaescusa-de-Haro.jpg\" class=\"attachment-large size-large wp-image-40650\" alt=\"Villaescusa de Haro\" srcset=\"https:\/\/www.elturistatranquil.com\/wp-content\/uploads\/F118-Villaescusa-de-Haro.jpg 768w, https:\/\/www.elturistatranquil.com\/wp-content\/uploads\/F118-Villaescusa-de-Haro-339x226.jpg 339w\" sizes=\"(max-width: 768px) 100vw, 768px\" \/>\t\t\t\t\t\t\t\t\t\t\t<figcaption class=\"widget-image-caption wp-caption-text\"><\/figcaption>\n\t\t\t\t\t\t\t\t\t\t<\/figure>\n\t\t\t\t\t\t\t\t\t<\/div>\n\t\t\t\t<\/div>\n\t\t\t\t<div class=\"elementor-element elementor-element-b2c5c71 elementor-widget elementor-widget-image\" data-id=\"b2c5c71\" data-element_type=\"widget\" data-e-type=\"widget\" data-widget_type=\"image.default\">\n\t\t\t\t<div class=\"elementor-widget-container\">\n\t\t\t\t\t\t\t\t\t\t\t\t<figure class=\"wp-caption\">\n\t\t\t\t\t\t\t\t\t\t<img loading=\"lazy\" decoding=\"async\" width=\"768\" height=\"512\" src=\"https:\/\/www.elturistatranquil.com\/wp-content\/uploads\/F119-Villaescusa-de-Haro.jpg\" class=\"attachment-large size-large wp-image-40652\" alt=\"Villaescusa de Haro\" srcset=\"https:\/\/www.elturistatranquil.com\/wp-content\/uploads\/F119-Villaescusa-de-Haro.jpg 768w, https:\/\/www.elturistatranquil.com\/wp-content\/uploads\/F119-Villaescusa-de-Haro-339x226.jpg 339w\" sizes=\"(max-width: 768px) 100vw, 768px\" \/>\t\t\t\t\t\t\t\t\t\t\t<figcaption class=\"widget-image-caption wp-caption-text\"><\/figcaption>\n\t\t\t\t\t\t\t\t\t\t<\/figure>\n\t\t\t\t\t\t\t\t\t<\/div>\n\t\t\t\t<\/div>\n\t\t\t\t<div class=\"elementor-element elementor-element-f2621b6 elementor-widget elementor-widget-image\" data-id=\"f2621b6\" data-element_type=\"widget\" data-e-type=\"widget\" data-widget_type=\"image.default\">\n\t\t\t\t<div class=\"elementor-widget-container\">\n\t\t\t\t\t\t\t\t\t\t\t\t<figure class=\"wp-caption\">\n\t\t\t\t\t\t\t\t\t\t<img loading=\"lazy\" decoding=\"async\" width=\"768\" height=\"512\" src=\"https:\/\/www.elturistatranquil.com\/wp-content\/uploads\/F120-Villaescusa-de-Haro.jpg\" class=\"attachment-large size-large wp-image-40654\" alt=\"Villaescusa de Haro\" srcset=\"https:\/\/www.elturistatranquil.com\/wp-content\/uploads\/F120-Villaescusa-de-Haro.jpg 768w, https:\/\/www.elturistatranquil.com\/wp-content\/uploads\/F120-Villaescusa-de-Haro-339x226.jpg 339w\" sizes=\"(max-width: 768px) 100vw, 768px\" \/>\t\t\t\t\t\t\t\t\t\t\t<figcaption class=\"widget-image-caption wp-caption-text\"><\/figcaption>\n\t\t\t\t\t\t\t\t\t\t<\/figure>\n\t\t\t\t\t\t\t\t\t<\/div>\n\t\t\t\t<\/div>\n\t\t\t\t<div class=\"elementor-element elementor-element-b3e1f6b elementor-widget elementor-widget-image\" data-id=\"b3e1f6b\" data-element_type=\"widget\" data-e-type=\"widget\" data-widget_type=\"image.default\">\n\t\t\t\t<div class=\"elementor-widget-container\">\n\t\t\t\t\t\t\t\t\t\t\t\t<figure class=\"wp-caption\">\n\t\t\t\t\t\t\t\t\t\t<img loading=\"lazy\" decoding=\"async\" width=\"768\" height=\"512\" src=\"https:\/\/www.elturistatranquil.com\/wp-content\/uploads\/F121-Villaescusa-de-Haro.jpg\" class=\"attachment-large size-large wp-image-40656\" alt=\"Villaescusa de Haro\" srcset=\"https:\/\/www.elturistatranquil.com\/wp-content\/uploads\/F121-Villaescusa-de-Haro.jpg 768w, https:\/\/www.elturistatranquil.com\/wp-content\/uploads\/F121-Villaescusa-de-Haro-339x226.jpg 339w\" sizes=\"(max-width: 768px) 100vw, 768px\" \/>\t\t\t\t\t\t\t\t\t\t\t<figcaption class=\"widget-image-caption wp-caption-text\"><\/figcaption>\n\t\t\t\t\t\t\t\t\t\t<\/figure>\n\t\t\t\t\t\t\t\t\t<\/div>\n\t\t\t\t<\/div>\n\t\t\t\t<div class=\"elementor-element elementor-element-e3d7762 elementor-widget elementor-widget-menu-anchor\" data-id=\"e3d7762\" data-element_type=\"widget\" data-e-type=\"widget\" data-widget_type=\"menu-anchor.default\">\n\t\t\t\t<div class=\"elementor-widget-container\">\n\t\t\t\t\t\t\t<div class=\"elementor-menu-anchor\" id=\"c7319\"><\/div>\n\t\t\t\t\t\t<\/div>\n\t\t\t\t<\/div>\n\t\t\t\t<div class=\"elementor-element elementor-element-c41fa0e elementor-widget elementor-widget-image\" data-id=\"c41fa0e\" data-element_type=\"widget\" data-e-type=\"widget\" data-widget_type=\"image.default\">\n\t\t\t\t<div class=\"elementor-widget-container\">\n\t\t\t\t\t\t\t\t\t\t\t\t<figure class=\"wp-caption\">\n\t\t\t\t\t\t\t\t\t\t<img loading=\"lazy\" decoding=\"async\" width=\"768\" height=\"512\" src=\"https:\/\/www.elturistatranquil.com\/wp-content\/uploads\/F122-Villaescusa-de-Haro.jpg\" class=\"attachment-large size-large wp-image-40658\" alt=\"Villaescusa de Haro\" srcset=\"https:\/\/www.elturistatranquil.com\/wp-content\/uploads\/F122-Villaescusa-de-Haro.jpg 768w, https:\/\/www.elturistatranquil.com\/wp-content\/uploads\/F122-Villaescusa-de-Haro-339x226.jpg 339w\" sizes=\"(max-width: 768px) 100vw, 768px\" \/>\t\t\t\t\t\t\t\t\t\t\t<figcaption class=\"widget-image-caption wp-caption-text\"><\/figcaption>\n\t\t\t\t\t\t\t\t\t\t<\/figure>\n\t\t\t\t\t\t\t\t\t<\/div>\n\t\t\t\t<\/div>\n\t\t\t\t<div class=\"elementor-element elementor-element-18bb908 elementor-widget elementor-widget-heading\" data-id=\"18bb908\" data-element_type=\"widget\" data-e-type=\"widget\" data-widget_type=\"heading.default\">\n\t\t\t\t<div class=\"elementor-widget-container\">\n\t\t\t\t\t<h3 class=\"elementor-heading-title elementor-size-default\">Molins de Vent del segle XVI restaurats<\/h3>\t\t\t\t<\/div>\n\t\t\t\t<\/div>\n\t\t\t\t<div class=\"elementor-element elementor-element-db1a0f4 elementor-widget elementor-widget-text-editor\" data-id=\"db1a0f4\" data-element_type=\"widget\" data-e-type=\"widget\" data-widget_type=\"text-editor.default\">\n\t\t\t\t<div class=\"elementor-widget-container\">\n\t\t\t\t\t\t\t\t\t<p>A les afores de la localitat, sobre un tur\u00f3 airejat, s&#8217;ha restaurat el cos cil\u00edndric de dos molins de vent cl\u00e0ssics de la Manxa.<\/p><p>Aquests disposaven de dues entrades oposades, formula que es feia servir per facilitar l&#8217;acc\u00e9s a les funcions del mol\u00ed i evitar accidents quan les aspes rotaven davant d&#8217;una de les portes, podent-se accedir per l&#8217;oposada.<\/p>\t\t\t\t\t\t\t\t<\/div>\n\t\t\t\t<\/div>\n\t\t\t\t<div class=\"elementor-element elementor-element-7787c8c elementor-widget elementor-widget-image\" data-id=\"7787c8c\" data-element_type=\"widget\" data-e-type=\"widget\" data-widget_type=\"image.default\">\n\t\t\t\t<div class=\"elementor-widget-container\">\n\t\t\t\t\t\t\t\t\t\t\t\t<figure class=\"wp-caption\">\n\t\t\t\t\t\t\t\t\t\t<img loading=\"lazy\" decoding=\"async\" width=\"768\" height=\"512\" src=\"https:\/\/www.elturistatranquil.com\/wp-content\/uploads\/F123-Molinos-de-viento.-Villaescusa-de-Haro.jpg\" class=\"attachment-large size-large wp-image-40660\" alt=\"Molinos de viento. Villaescusa de Haro\" srcset=\"https:\/\/www.elturistatranquil.com\/wp-content\/uploads\/F123-Molinos-de-viento.-Villaescusa-de-Haro.jpg 768w, https:\/\/www.elturistatranquil.com\/wp-content\/uploads\/F123-Molinos-de-viento.-Villaescusa-de-Haro-339x226.jpg 339w\" sizes=\"(max-width: 768px) 100vw, 768px\" \/>\t\t\t\t\t\t\t\t\t\t\t<figcaption class=\"widget-image-caption wp-caption-text\"><\/figcaption>\n\t\t\t\t\t\t\t\t\t\t<\/figure>\n\t\t\t\t\t\t\t\t\t<\/div>\n\t\t\t\t<\/div>\n\t\t\t\t<div class=\"elementor-element elementor-element-e7af780 elementor-widget elementor-widget-image\" data-id=\"e7af780\" data-element_type=\"widget\" data-e-type=\"widget\" data-widget_type=\"image.default\">\n\t\t\t\t<div class=\"elementor-widget-container\">\n\t\t\t\t\t\t\t\t\t\t\t\t<figure class=\"wp-caption\">\n\t\t\t\t\t\t\t\t\t\t<img loading=\"lazy\" decoding=\"async\" width=\"768\" height=\"512\" src=\"https:\/\/www.elturistatranquil.com\/wp-content\/uploads\/F124-Molinos-de-viento.-Villaescusa-de-Haro.jpg\" class=\"attachment-large size-large wp-image-40662\" alt=\"Molinos de viento. Villaescusa de Haro\" srcset=\"https:\/\/www.elturistatranquil.com\/wp-content\/uploads\/F124-Molinos-de-viento.-Villaescusa-de-Haro.jpg 768w, https:\/\/www.elturistatranquil.com\/wp-content\/uploads\/F124-Molinos-de-viento.-Villaescusa-de-Haro-339x226.jpg 339w\" sizes=\"(max-width: 768px) 100vw, 768px\" \/>\t\t\t\t\t\t\t\t\t\t\t<figcaption class=\"widget-image-caption wp-caption-text\"><\/figcaption>\n\t\t\t\t\t\t\t\t\t\t<\/figure>\n\t\t\t\t\t\t\t\t\t<\/div>\n\t\t\t\t<\/div>\n\t\t\t\t<div class=\"elementor-element elementor-element-3afd180 elementor-widget elementor-widget-image\" data-id=\"3afd180\" data-element_type=\"widget\" data-e-type=\"widget\" data-widget_type=\"image.default\">\n\t\t\t\t<div class=\"elementor-widget-container\">\n\t\t\t\t\t\t\t\t\t\t\t\t<figure class=\"wp-caption\">\n\t\t\t\t\t\t\t\t\t\t<img loading=\"lazy\" decoding=\"async\" width=\"768\" height=\"512\" src=\"https:\/\/www.elturistatranquil.com\/wp-content\/uploads\/F125-Molinos-de-viento.-Villaescusa-de-Haro.jpg\" class=\"attachment-large size-large wp-image-40664\" alt=\"Molinos de viento. Villaescusa de Haro\" srcset=\"https:\/\/www.elturistatranquil.com\/wp-content\/uploads\/F125-Molinos-de-viento.-Villaescusa-de-Haro.jpg 768w, https:\/\/www.elturistatranquil.com\/wp-content\/uploads\/F125-Molinos-de-viento.-Villaescusa-de-Haro-339x226.jpg 339w\" sizes=\"(max-width: 768px) 100vw, 768px\" \/>\t\t\t\t\t\t\t\t\t\t\t<figcaption class=\"widget-image-caption wp-caption-text\"><\/figcaption>\n\t\t\t\t\t\t\t\t\t\t<\/figure>\n\t\t\t\t\t\t\t\t\t<\/div>\n\t\t\t\t<\/div>\n\t\t\t\t<div class=\"elementor-element elementor-element-1c7dbc1 elementor-widget elementor-widget-image\" data-id=\"1c7dbc1\" data-element_type=\"widget\" data-e-type=\"widget\" data-widget_type=\"image.default\">\n\t\t\t\t<div class=\"elementor-widget-container\">\n\t\t\t\t\t\t\t\t\t\t\t\t<figure class=\"wp-caption\">\n\t\t\t\t\t\t\t\t\t\t<img loading=\"lazy\" decoding=\"async\" width=\"768\" height=\"512\" src=\"https:\/\/www.elturistatranquil.com\/wp-content\/uploads\/F126-Molinos-de-viento.-Villaescusa-de-Haro.jpg\" class=\"attachment-large size-large wp-image-40666\" alt=\"Molinos de viento. Villaescusa de Haro\" srcset=\"https:\/\/www.elturistatranquil.com\/wp-content\/uploads\/F126-Molinos-de-viento.-Villaescusa-de-Haro.jpg 768w, https:\/\/www.elturistatranquil.com\/wp-content\/uploads\/F126-Molinos-de-viento.-Villaescusa-de-Haro-339x226.jpg 339w\" sizes=\"(max-width: 768px) 100vw, 768px\" \/>\t\t\t\t\t\t\t\t\t\t\t<figcaption class=\"widget-image-caption wp-caption-text\"><\/figcaption>\n\t\t\t\t\t\t\t\t\t\t<\/figure>\n\t\t\t\t\t\t\t\t\t<\/div>\n\t\t\t\t<\/div>\n\t\t\t\t<div class=\"elementor-element elementor-element-04a6e83 elementor-widget elementor-widget-image\" data-id=\"04a6e83\" data-element_type=\"widget\" data-e-type=\"widget\" data-widget_type=\"image.default\">\n\t\t\t\t<div class=\"elementor-widget-container\">\n\t\t\t\t\t\t\t\t\t\t\t\t<figure class=\"wp-caption\">\n\t\t\t\t\t\t\t\t\t\t<img loading=\"lazy\" decoding=\"async\" width=\"768\" height=\"512\" src=\"https:\/\/www.elturistatranquil.com\/wp-content\/uploads\/F127-Molinos-de-viento.-Villaescusa-de-Haro.jpg\" class=\"attachment-large size-large wp-image-40668\" alt=\"Molinos de viento. Villaescusa de Haro\" srcset=\"https:\/\/www.elturistatranquil.com\/wp-content\/uploads\/F127-Molinos-de-viento.-Villaescusa-de-Haro.jpg 768w, https:\/\/www.elturistatranquil.com\/wp-content\/uploads\/F127-Molinos-de-viento.-Villaescusa-de-Haro-339x226.jpg 339w\" sizes=\"(max-width: 768px) 100vw, 768px\" \/>\t\t\t\t\t\t\t\t\t\t\t<figcaption class=\"widget-image-caption wp-caption-text\"><\/figcaption>\n\t\t\t\t\t\t\t\t\t\t<\/figure>\n\t\t\t\t\t\t\t\t\t<\/div>\n\t\t\t\t<\/div>\n\t\t\t\t<div class=\"elementor-element elementor-element-1ed0f98 elementor-widget elementor-widget-text-editor\" data-id=\"1ed0f98\" data-element_type=\"widget\" data-e-type=\"widget\" data-widget_type=\"text-editor.default\">\n\t\t\t\t<div class=\"elementor-widget-container\">\n\t\t\t\t\t\t\t\t\t<p>A l&#8217;exterior, s&#8217;han assenyalat els punts de fixaci\u00f3 del pal de govern del mol\u00ed.<\/p>\t\t\t\t\t\t\t\t<\/div>\n\t\t\t\t<\/div>\n\t\t\t\t<div class=\"elementor-element elementor-element-22e695a elementor-widget elementor-widget-menu-anchor\" data-id=\"22e695a\" data-element_type=\"widget\" data-e-type=\"widget\" data-widget_type=\"menu-anchor.default\">\n\t\t\t\t<div class=\"elementor-widget-container\">\n\t\t\t\t\t\t\t<div class=\"elementor-menu-anchor\" id=\"c7320\"><\/div>\n\t\t\t\t\t\t<\/div>\n\t\t\t\t<\/div>\n\t\t\t\t<div class=\"elementor-element elementor-element-4befc39 elementor-widget elementor-widget-image\" data-id=\"4befc39\" data-element_type=\"widget\" data-e-type=\"widget\" data-widget_type=\"image.default\">\n\t\t\t\t<div class=\"elementor-widget-container\">\n\t\t\t\t\t\t\t\t\t\t\t\t<figure class=\"wp-caption\">\n\t\t\t\t\t\t\t\t\t\t<img loading=\"lazy\" decoding=\"async\" width=\"768\" height=\"512\" src=\"https:\/\/www.elturistatranquil.com\/wp-content\/uploads\/F128-Molinos-de-viento.-Villaescusa-de-Haro.jpg\" class=\"attachment-large size-large wp-image-40674\" alt=\"Molinos de viento. Villaescusa de Haro\" srcset=\"https:\/\/www.elturistatranquil.com\/wp-content\/uploads\/F128-Molinos-de-viento.-Villaescusa-de-Haro.jpg 768w, https:\/\/www.elturistatranquil.com\/wp-content\/uploads\/F128-Molinos-de-viento.-Villaescusa-de-Haro-339x226.jpg 339w\" sizes=\"(max-width: 768px) 100vw, 768px\" \/>\t\t\t\t\t\t\t\t\t\t\t<figcaption class=\"widget-image-caption wp-caption-text\"><\/figcaption>\n\t\t\t\t\t\t\t\t\t\t<\/figure>\n\t\t\t\t\t\t\t\t\t<\/div>\n\t\t\t\t<\/div>\n\t\t\t\t<div class=\"elementor-element elementor-element-5391019 elementor-widget elementor-widget-heading\" data-id=\"5391019\" data-element_type=\"widget\" data-e-type=\"widget\" data-widget_type=\"heading.default\">\n\t\t\t\t<div class=\"elementor-widget-container\">\n\t\t\t\t\t<h3 class=\"elementor-heading-title elementor-size-default\">Castell de Villaescusa de Haro<\/h3>\t\t\t\t<\/div>\n\t\t\t\t<\/div>\n\t\t\t\t<div class=\"elementor-element elementor-element-2d031e3 elementor-widget elementor-widget-text-editor\" data-id=\"2d031e3\" data-element_type=\"widget\" data-e-type=\"widget\" data-widget_type=\"text-editor.default\">\n\t\t\t\t<div class=\"elementor-widget-container\">\n\t\t\t\t\t\t\t\t\t<p><em>B\u00e9 d&#8217;inter\u00e8s cultural: Monument<\/em><\/p><p>A uns 2 quil\u00f2metres de la localitat s&#8217;al\u00e7a el <strong>castell de Haro<\/strong> dominant la vega del riu Z\u00e1ncara.<\/p><p>El primer castell va ser constru\u00eft al segle XIII, posteriorment destru\u00eft dins de les disputes al regne de Castella.<\/p><p>Al\u00e7at novament al segle XV per l&#8217;Orde de Santiago, en estil renaixentista. Posteriorment es va construir una muralla exterior com a barrera artillera.<\/p><p>El seu estat actual mostra nom\u00e9s les muralles exteriors.<\/p><p>No el vaig arribar a visitar.<\/p>\t\t\t\t\t\t\t\t<\/div>\n\t\t\t\t<\/div>\n\t\t\t\t<div class=\"elementor-element elementor-element-9c60b61 elementor-widget elementor-widget-image\" data-id=\"9c60b61\" data-element_type=\"widget\" data-e-type=\"widget\" data-widget_type=\"image.default\">\n\t\t\t\t<div class=\"elementor-widget-container\">\n\t\t\t\t\t\t\t\t\t\t\t\t<figure class=\"wp-caption\">\n\t\t\t\t\t\t\t\t\t\t<img loading=\"lazy\" decoding=\"async\" width=\"768\" height=\"512\" src=\"https:\/\/www.elturistatranquil.com\/wp-content\/uploads\/F129-Castillo-de-Villaescusa-de-Haro-Cuenca.-Foto-Ayuntamiento.jpg\" class=\"attachment-large size-large wp-image-40676\" alt=\"Castillo de Villaescusa de Haro, Cuenca. Foto-Ayuntamiento\" srcset=\"https:\/\/www.elturistatranquil.com\/wp-content\/uploads\/F129-Castillo-de-Villaescusa-de-Haro-Cuenca.-Foto-Ayuntamiento.jpg 768w, https:\/\/www.elturistatranquil.com\/wp-content\/uploads\/F129-Castillo-de-Villaescusa-de-Haro-Cuenca.-Foto-Ayuntamiento-339x226.jpg 339w\" sizes=\"(max-width: 768px) 100vw, 768px\" \/>\t\t\t\t\t\t\t\t\t\t\t<figcaption class=\"widget-image-caption wp-caption-text\">(Foto: Ayuntamiento de Villaescusa de Haro)<\/figcaption>\n\t\t\t\t\t\t\t\t\t\t<\/figure>\n\t\t\t\t\t\t\t\t\t<\/div>\n\t\t\t\t<\/div>\n\t\t\t\t<div class=\"elementor-element elementor-element-bc152f9 elementor-widget elementor-widget-menu-anchor\" data-id=\"bc152f9\" data-element_type=\"widget\" data-e-type=\"widget\" data-widget_type=\"menu-anchor.default\">\n\t\t\t\t<div class=\"elementor-widget-container\">\n\t\t\t\t\t\t\t<div class=\"elementor-menu-anchor\" id=\"c7321\"><\/div>\n\t\t\t\t\t\t<\/div>\n\t\t\t\t<\/div>\n\t\t\t\t<div class=\"elementor-element elementor-element-f741272 elementor-widget elementor-widget-image\" data-id=\"f741272\" data-element_type=\"widget\" data-e-type=\"widget\" data-widget_type=\"image.default\">\n\t\t\t\t<div class=\"elementor-widget-container\">\n\t\t\t\t\t\t\t\t\t\t\t\t<figure class=\"wp-caption\">\n\t\t\t\t\t\t\t\t\t\t<img loading=\"lazy\" decoding=\"async\" width=\"768\" height=\"512\" src=\"https:\/\/www.elturistatranquil.com\/wp-content\/uploads\/F130-Castillo-de-Villaescusa-de-Haro-Cuenca.-Foto-Ayuntamiento.jpg\" class=\"attachment-large size-large wp-image-40678\" alt=\"Castillo de Villaescusa de Haro, Cuenca. Foto-Ayuntamiento\" srcset=\"https:\/\/www.elturistatranquil.com\/wp-content\/uploads\/F130-Castillo-de-Villaescusa-de-Haro-Cuenca.-Foto-Ayuntamiento.jpg 768w, https:\/\/www.elturistatranquil.com\/wp-content\/uploads\/F130-Castillo-de-Villaescusa-de-Haro-Cuenca.-Foto-Ayuntamiento-339x226.jpg 339w\" sizes=\"(max-width: 768px) 100vw, 768px\" \/>\t\t\t\t\t\t\t\t\t\t\t<figcaption class=\"widget-image-caption wp-caption-text\">(Foto: Ayuntamiento de Villaescusa de Haro)<\/figcaption>\n\t\t\t\t\t\t\t\t\t\t<\/figure>\n\t\t\t\t\t\t\t\t\t<\/div>\n\t\t\t\t<\/div>\n\t\t\t\t<div class=\"elementor-element elementor-element-813ec05 elementor-widget elementor-widget-heading\" data-id=\"813ec05\" data-element_type=\"widget\" data-e-type=\"widget\" data-widget_type=\"heading.default\">\n\t\t\t\t<div class=\"elementor-widget-container\">\n\t\t\t\t\t<h2 class=\"elementor-heading-title elementor-size-default\">Fi de la visita<\/h2>\t\t\t\t<\/div>\n\t\t\t\t<\/div>\n\t\t\t\t<div class=\"elementor-element elementor-element-787503b elementor-widget elementor-widget-menu-anchor\" data-id=\"787503b\" data-element_type=\"widget\" data-e-type=\"widget\" data-widget_type=\"menu-anchor.default\">\n\t\t\t\t<div class=\"elementor-widget-container\">\n\t\t\t\t\t\t\t<div class=\"elementor-menu-anchor\" id=\"c7322\"><\/div>\n\t\t\t\t\t\t<\/div>\n\t\t\t\t<\/div>\n\t\t\t\t<div class=\"elementor-element elementor-element-6842fa8 elementor-widget elementor-widget-text-editor\" data-id=\"6842fa8\" data-element_type=\"widget\" data-e-type=\"widget\" data-widget_type=\"text-editor.default\">\n\t\t\t\t<div class=\"elementor-widget-container\">\n\t\t\t\t\t\t\t\t\t<p>Despr\u00e9s d&#8217;una visita guiada per l&#8217;alcalde, Cayetano J. Solana, per Villaescusa de Haro, a qui agraeixo les seves atencions i explicacions, constato dues coses.<\/p><p>D&#8217;una banda, l&#8217;inter\u00e8s monumental de la vila i, de l&#8217;altra, la cura prestada a la preservaci\u00f3 de la morfologia i l&#8217;arquitectura popular i tradicional manxega que regeixen les normes urban\u00edstiques.<\/p><p>Una pregunta que queda a l&#8217;aire i que, per exemple, ja em vaig plantejar en visitar els pobles de la Serra d&#8217;Albarras\u00ed (<a href=\"https:\/\/www.elturistatranquil.com\/ca\/parc-cultural-de-albarracin-terol\/#c21a01\" target=\"_blank\" rel=\"noopener\">Parc Cultural de Albarrac\u00edn. Terol<\/a>) \u00e9s com poden generar valor econ\u00f2mic els elements patrimonials (hist\u00f2rics, arquitect\u00f2nics, paisatg\u00edstics) que contenen les localitzacions m\u00e9s a\u00efllades o que ofereixen menys o cap, servei tur\u00edstic, alhora que s\u00f3n simplement llocs de pas.<\/p><p>\u00c9s a dir, d&#8217;una banda, com es poden potenciar per ser m\u00e9s visitats i, de l&#8217;altra, qu\u00e8 s&#8217;hauria de fer perqu\u00e8 potenciessin l&#8217;economia local. Aquest \u00e9s el repte per a tots els gestors, a totes les escales territorials.<\/p>\t\t\t\t\t\t\t\t<\/div>\n\t\t\t\t<\/div>\n\t\t\t\t<div class=\"elementor-element elementor-element-115ca17 elementor-widget elementor-widget-heading\" data-id=\"115ca17\" data-element_type=\"widget\" data-e-type=\"widget\" data-widget_type=\"heading.default\">\n\t\t\t\t<div class=\"elementor-widget-container\">\n\t\t\t\t\t<h2 class=\"elementor-heading-title elementor-size-default\">Bases d\u2019informaci\u00f3<\/h2>\t\t\t\t<\/div>\n\t\t\t\t<\/div>\n\t\t\t\t<div class=\"elementor-element elementor-element-2fb57c17 elementor-widget elementor-widget-text-editor\" data-id=\"2fb57c17\" data-element_type=\"widget\" data-e-type=\"widget\" data-widget_type=\"text-editor.default\">\n\t\t\t\t<div class=\"elementor-widget-container\">\n\t\t\t\t\t\t\t\t\t<p><strong>Webs<\/strong><\/p><p><a href=\"http:\/\/villaescusadeharo.com\/\" target=\"_blank\" rel=\"noopener\">ayuntamiento<\/a><\/p><p><a href=\"https:\/\/es.wikipedia.org\/wiki\/Villaescusa_de_Haro\" target=\"_blank\" rel=\"noopener\">wikipedia<\/a><\/p><p><a href=\"http:\/\/www.turismocastillalamancha.es\/patrimonio\/villaescusa-de-haro-25931\/descripcion\/\" target=\"_blank\" rel=\"noopener\">turismocastillalamancha<\/a><\/p><p><a href=\"https:\/\/cultura.castillalamancha.es\/patrimonio\/catalogo-patrimonio-cultural\" target=\"_blank\" rel=\"noopener\">patrimoniocastillalamancha<\/a><\/p><p><a href=\"http:\/\/www.spainviajes.com\/que-ver-en-cuenca\/villaescusa-de-haro\" target=\"_blank\" rel=\"noopener\">spainviajes<\/a><\/p><p><a href=\"https:\/\/www.verpueblos.com\/castilla+la+mancha\/cuenca\/villaescusa+de+haro\/\" target=\"_blank\" rel=\"noopener\">verpueblos<\/a><\/p><p><a href=\"https:\/\/cultura.castillalamancha.es\/patrimonio\/catalogo-patrimonio-cultural\/iglesia-de-san-pedro-de-villaescusa-de-haro\" target=\"_blank\" rel=\"noopener\"><strong>iglesiadesanpedro<\/strong>-culturacastillalamancha<\/a><\/p><p><a href=\"https:\/\/cultura.castillalamancha.es\/patrimonio\/catalogo-patrimonio-cultural\/colegio-universitario-de-villaescusa-de-haro\" target=\"_blank\" rel=\"noopener\"><strong>colegiouniversitario<\/strong>-culturacastillalamancha<\/a><\/p><p><a href=\"https:\/\/cultura.castillalamancha.es\/patrimonio\/catalogo-patrimonio-cultural\/convento-de-los-dominicos-de-villaescusa-de-haro\" target=\"_blank\" rel=\"noopener\"><strong>conventodominicos<\/strong>-culturacastillalamancha<\/a><\/p><p><a href=\"https:\/\/cultura.castillalamancha.es\/patrimonio\/catalogo-patrimonio-cultural\/castillo-de-villaescusa-de-haro\" target=\"_blank\" rel=\"noopener\"><strong>castillodevillaescusadeharo<\/strong>-culturacastillalamancha<\/a><\/p><p><strong>Web academic<\/strong><\/p><p>Joan M. Ferrer Rodr\u00edguez. <a href=\"https:\/\/dialnet.unirioja.es\/descarga\/articulo\/5843272.pdf\" target=\"_blank\" rel=\"noopener\"><em>Los Alarc\u00f3n. Descendientes del conquistador Juan de Caball\u00f3n en el distrito de la Real Audiencia de Santo Domingo<\/em><\/a><\/p><p>Alejandro S\u00e1ez Olivares. <a href=\"https:\/\/burjcdigital.urjc.es\/bitstream\/handle\/10115\/18388\/Tesis%20Alejandro%20Saez%20Olivares.pdf?sequence=1&amp;isAllowed=y\" target=\"_blank\" rel=\"noopener\"><em>El obispo Diego Ram\u00edrez de Villaescusa y su papel como mecenas de las artes<\/em><\/a> (tesis doctoral)<\/p><p>Manuel Gesteiro Ara\u00fajo. <a href=\"https:\/\/estudiosgeograficos.revistas.csic.es\/index.php\/estudiosgeograficos\/article\/download\/690\/747\" target=\"_blank\" rel=\"noopener\"><em>La propiedad de la tierra en la Mancha Baja (Cuenca)<\/em><\/a><\/p><p>Alejandro S\u00e1ez Olivares. <a href=\"http:\/\/www.tiemposmodernos.org\/tm3\/index.php\/tm\/article\/view\/2495\" target=\"_blank\" rel=\"noopener\"><em>Religi\u00f3n, pol\u00edtica y cultura castellanas en torno a 1500. Diego Ram\u00edrez de Villaescusa y el cardenal Cisneros<\/em><\/a><\/p><p>Isabel Ramos V\u00e1zquez. <a href=\"https:\/\/dialnet.unirioja.es\/descarga\/articulo\/6284924.pdf\" target=\"_blank\" rel=\"noopener\"><em>Ordenar la ciudad: derecho y urbanismo en la Edad Moderna castellana<\/em><\/a><\/p><p>Antonio L\u00f3pez de Zuazo Algar. <a href=\"https:\/\/revistas.ucm.es\/index.php\/ESMP\/article\/download\/ESMP0606110365A\/12358\" target=\"_blank\" rel=\"noopener\"><em>\u201cCierra el pico, que hace fr\u00edo\u201d <\/em>(El Ca\u00f1avate, 1511)<\/a><\/p><p>David G\u00f3mez de Mora. <a href=\"https:\/\/d1wqtxts1xzle7.cloudfront.net\/60761451\/367._La_fuerza_del_carlismo_en_las_zonas_rurales_de_Cuenca_201920191001-49698-aug46m-with-cover-page-v2.pdf?Expires=1650622764&amp;Signature=IORPs55qeRppu0Ap8oQhS4slUE6f~dF~GpHHncs2ldrOiOND-JNfRQhxOhAWtZCNGzWZUixV9QTtebTm~zhezDLUd~6tcqKlKOsZJBVtp1WwIiD7zh-J~jETq3aljNYcX-P17e4dB-CEgMI4tI9kS4FHRK9Shp9Th3FBSR~Y-DCG~PDuVmN8fQQYnFjUkyx4Ya6plwJqGLEdkX0LNubVqUB~jqY-pjUz4ADzuCn3GLJDBYSOv1ZVH0sOIfmo~DBgZIoi4OdgkIb6ZAlRvh4F7yfobDuobirDe1VWpNU0y65hZ7ZGrQyCq-VGr4UeVllokkPq~9C5TDjZLz81fsGBRg__&amp;Key-Pair-Id=APKAJLOHF5GGSLRBV4ZA\" target=\"_blank\" rel=\"noopener\"><em>La fuerza del carlismo en las zonas rurales de cuenca. Cuestiones y dudas por esclarecer<\/em><\/a><\/p><p>Pedro Andres Porras Arboledas. <a href=\"https:\/\/eprints.ucm.es\/id\/eprint\/31066\/1\/Arboledas.pdf\" target=\"_blank\" rel=\"noopener\"><em>La Orden de Santiago en el siglo XV. La provincia de Castilla<\/em><\/a> (tesis doctoral)<\/p>\t\t\t\t\t\t\t\t<\/div>\n\t\t\t\t<\/div>\n\t\t\t\t\t<\/div>\n\t\t<\/div>\n\t\t\t\t\t<\/div>\n\t\t<\/section>\n\t\t\t\t<\/div>\n\t\t","protected":false},"excerpt":{"rendered":"<p>La vila de Villaescusa de Haro (Conca) presenta un indubtable atractiu per ser visitada, tant pels monuments religiosos i civils (BIC), com per la perviv\u00e8ncia de l&#8217;arquitectura popular manxega en &#8230; <a title=\"Villaescusa de Haro (Conca)\" class=\"read-more\" href=\"https:\/\/www.elturistatranquil.com\/ca\/villaescusa-de-haro-conca\/\" aria-label=\"M\u00e9s informaci\u00f3 sobre Villaescusa de Haro (Conca)\">[ &#8230; ]<\/a><\/p>\n","protected":false},"author":1,"featured_media":40405,"comment_status":"open","ping_status":"closed","sticky":false,"template":"","format":"standard","meta":{"footnotes":""},"categories":[70,71,72,74,75,227,145,83,90,69,100,101,139],"tags":[],"class_list":["post-40698","post","type-post","status-publish","format-standard","has-post-thumbnail","hentry","category-arquitectura-civil-ca","category-arquitectura-popular-ca","category-arquitectura-religiosa-ca","category-barroc","category-castells","category-conca","category-edat-mitjana","category-historia-ca","category-monestirs-catedrals","category-arqueologia-industrial-ca","category-pobles-i-ciutats-amb-interes","category-renaixement","category-segle-xvi-xvii","infinite-scroll-item","generate-columns","tablet-grid-50","mobile-grid-100","grid-parent","grid-50","no-featured-image-padding"],"yoast_head":"<!-- This site is optimized with the Yoast SEO plugin v27.4 - https:\/\/yoast.com\/product\/yoast-seo-wordpress\/ -->\n<title>Villaescusa de Haro (Conca) - El turista tranquil<\/title>\n<meta name=\"description\" content=\"La vila de Villaescusa de Haro (Conca) presenta un indubtable atractiu per ser visitada, tant pels monuments religiosos i civils (BIC), com per la perviv\u00e8ncia de l&#039;arquitectura popular manxega en el recorregut pels seus carrers.\" \/>\n<meta name=\"robots\" content=\"index, follow, max-snippet:-1, max-image-preview:large, max-video-preview:-1\" \/>\n<link rel=\"canonical\" href=\"https:\/\/www.elturistatranquil.com\/ca\/villaescusa-de-haro-conca\/\" \/>\n<meta property=\"og:locale\" content=\"ca_ES\" \/>\n<meta property=\"og:type\" content=\"article\" \/>\n<meta property=\"og:title\" content=\"Villaescusa de Haro (Conca) - El turista tranquil\" \/>\n<meta property=\"og:description\" content=\"La vila de Villaescusa de Haro (Conca) presenta un indubtable atractiu per ser visitada, tant pels monuments religiosos i civils (BIC), com per la perviv\u00e8ncia de l&#039;arquitectura popular manxega en el recorregut pels seus carrers.\" \/>\n<meta property=\"og:url\" content=\"https:\/\/www.elturistatranquil.com\/ca\/villaescusa-de-haro-conca\/\" \/>\n<meta property=\"og:site_name\" content=\"El turista tranquil\" \/>\n<meta property=\"article:publisher\" content=\"https:\/\/www.facebook.com\/elturistatranquilo\/\" \/>\n<meta property=\"article:published_time\" content=\"2022-04-23T16:18:28+00:00\" \/>\n<meta property=\"article:modified_time\" content=\"2022-09-03T17:06:33+00:00\" \/>\n<meta property=\"og:image\" content=\"https:\/\/www.elturistatranquil.com\/wp-content\/uploads\/F04-Villaescusa-de-Haro.jpg\" \/>\n\t<meta property=\"og:image:width\" content=\"768\" \/>\n\t<meta property=\"og:image:height\" content=\"512\" \/>\n\t<meta property=\"og:image:type\" content=\"image\/jpeg\" \/>\n<meta name=\"author\" content=\"admin\" \/>\n<meta name=\"twitter:card\" content=\"summary_large_image\" \/>\n<meta name=\"twitter:label1\" content=\"Escrit per\" \/>\n\t<meta name=\"twitter:data1\" content=\"admin\" \/>\n\t<meta name=\"twitter:label2\" content=\"Temps estimat de lectura\" \/>\n\t<meta name=\"twitter:data2\" content=\"51 minuts\" \/>\n<script type=\"application\/ld+json\" class=\"yoast-schema-graph\">{\"@context\":\"https:\\\/\\\/schema.org\",\"@graph\":[{\"@type\":\"Article\",\"@id\":\"https:\\\/\\\/www.elturistatranquil.com\\\/ca\\\/villaescusa-de-haro-conca\\\/#article\",\"isPartOf\":{\"@id\":\"https:\\\/\\\/www.elturistatranquil.com\\\/ca\\\/villaescusa-de-haro-conca\\\/\"},\"author\":{\"name\":\"admin\",\"@id\":\"https:\\\/\\\/www.elturistatranquil.com\\\/ca\\\/#\\\/schema\\\/person\\\/16f607c3079b96ed0c530a52e6b58bb5\"},\"headline\":\"Villaescusa de Haro (Conca)\",\"datePublished\":\"2022-04-23T16:18:28+00:00\",\"dateModified\":\"2022-09-03T17:06:33+00:00\",\"mainEntityOfPage\":{\"@id\":\"https:\\\/\\\/www.elturistatranquil.com\\\/ca\\\/villaescusa-de-haro-conca\\\/\"},\"wordCount\":4961,\"commentCount\":0,\"image\":{\"@id\":\"https:\\\/\\\/www.elturistatranquil.com\\\/ca\\\/villaescusa-de-haro-conca\\\/#primaryimage\"},\"thumbnailUrl\":\"https:\\\/\\\/www.elturistatranquil.com\\\/wp-content\\\/uploads\\\/F04-Villaescusa-de-Haro.jpg\",\"articleSection\":[\"Arquitectura civil\",\"Arquitectura popular\",\"Arquitectura religiosa\",\"Barroc\",\"Castells, Muralles\",\"Conca\",\"Edat mitjana\",\"Hist\u00f2ria\",\"Monestirs, Catedrals\",\"Patrimoni econ\u00f2mic\\\/productiu\",\"Pobles i ciutats amb inter\u00e9s\",\"Renaixement\",\"Segle XVI-XVII\"],\"inLanguage\":\"ca\",\"potentialAction\":[{\"@type\":\"CommentAction\",\"name\":\"Comment\",\"target\":[\"https:\\\/\\\/www.elturistatranquil.com\\\/ca\\\/villaescusa-de-haro-conca\\\/#respond\"]}]},{\"@type\":\"WebPage\",\"@id\":\"https:\\\/\\\/www.elturistatranquil.com\\\/ca\\\/villaescusa-de-haro-conca\\\/\",\"url\":\"https:\\\/\\\/www.elturistatranquil.com\\\/ca\\\/villaescusa-de-haro-conca\\\/\",\"name\":\"Villaescusa de Haro (Conca) - El turista tranquil\",\"isPartOf\":{\"@id\":\"https:\\\/\\\/www.elturistatranquil.com\\\/ca\\\/#website\"},\"primaryImageOfPage\":{\"@id\":\"https:\\\/\\\/www.elturistatranquil.com\\\/ca\\\/villaescusa-de-haro-conca\\\/#primaryimage\"},\"image\":{\"@id\":\"https:\\\/\\\/www.elturistatranquil.com\\\/ca\\\/villaescusa-de-haro-conca\\\/#primaryimage\"},\"thumbnailUrl\":\"https:\\\/\\\/www.elturistatranquil.com\\\/wp-content\\\/uploads\\\/F04-Villaescusa-de-Haro.jpg\",\"datePublished\":\"2022-04-23T16:18:28+00:00\",\"dateModified\":\"2022-09-03T17:06:33+00:00\",\"author\":{\"@id\":\"https:\\\/\\\/www.elturistatranquil.com\\\/ca\\\/#\\\/schema\\\/person\\\/16f607c3079b96ed0c530a52e6b58bb5\"},\"description\":\"La vila de Villaescusa de Haro (Conca) presenta un indubtable atractiu per ser visitada, tant pels monuments religiosos i civils (BIC), com per la perviv\u00e8ncia de l'arquitectura popular manxega en el recorregut pels seus carrers.\",\"breadcrumb\":{\"@id\":\"https:\\\/\\\/www.elturistatranquil.com\\\/ca\\\/villaescusa-de-haro-conca\\\/#breadcrumb\"},\"inLanguage\":\"ca\",\"potentialAction\":[{\"@type\":\"ReadAction\",\"target\":[\"https:\\\/\\\/www.elturistatranquil.com\\\/ca\\\/villaescusa-de-haro-conca\\\/\"]}]},{\"@type\":\"ImageObject\",\"inLanguage\":\"ca\",\"@id\":\"https:\\\/\\\/www.elturistatranquil.com\\\/ca\\\/villaescusa-de-haro-conca\\\/#primaryimage\",\"url\":\"https:\\\/\\\/www.elturistatranquil.com\\\/wp-content\\\/uploads\\\/F04-Villaescusa-de-Haro.jpg\",\"contentUrl\":\"https:\\\/\\\/www.elturistatranquil.com\\\/wp-content\\\/uploads\\\/F04-Villaescusa-de-Haro.jpg\",\"width\":768,\"height\":512,\"caption\":\"Villaescusa de Haro\"},{\"@type\":\"BreadcrumbList\",\"@id\":\"https:\\\/\\\/www.elturistatranquil.com\\\/ca\\\/villaescusa-de-haro-conca\\\/#breadcrumb\",\"itemListElement\":[{\"@type\":\"ListItem\",\"position\":1,\"name\":\"Portada\",\"item\":\"https:\\\/\\\/www.elturistatranquil.com\\\/ca\\\/\"},{\"@type\":\"ListItem\",\"position\":2,\"name\":\"Villaescusa de Haro (Conca)\"}]},{\"@type\":\"WebSite\",\"@id\":\"https:\\\/\\\/www.elturistatranquil.com\\\/ca\\\/#website\",\"url\":\"https:\\\/\\\/www.elturistatranquil.com\\\/ca\\\/\",\"name\":\"El turista tranquil\",\"description\":\"Blog de viatges\",\"potentialAction\":[{\"@type\":\"SearchAction\",\"target\":{\"@type\":\"EntryPoint\",\"urlTemplate\":\"https:\\\/\\\/www.elturistatranquil.com\\\/ca\\\/?s={search_term_string}\"},\"query-input\":{\"@type\":\"PropertyValueSpecification\",\"valueRequired\":true,\"valueName\":\"search_term_string\"}}],\"inLanguage\":\"ca\"},{\"@type\":\"Person\",\"@id\":\"https:\\\/\\\/www.elturistatranquil.com\\\/ca\\\/#\\\/schema\\\/person\\\/16f607c3079b96ed0c530a52e6b58bb5\",\"name\":\"admin\",\"image\":{\"@type\":\"ImageObject\",\"inLanguage\":\"ca\",\"@id\":\"https:\\\/\\\/secure.gravatar.com\\\/avatar\\\/1fbaf22aee75fcbb29a2f97b107f95d25d3a19b7c3416105be10269872673e8d?s=96&d=mm&r=g\",\"url\":\"https:\\\/\\\/secure.gravatar.com\\\/avatar\\\/1fbaf22aee75fcbb29a2f97b107f95d25d3a19b7c3416105be10269872673e8d?s=96&d=mm&r=g\",\"contentUrl\":\"https:\\\/\\\/secure.gravatar.com\\\/avatar\\\/1fbaf22aee75fcbb29a2f97b107f95d25d3a19b7c3416105be10269872673e8d?s=96&d=mm&r=g\",\"caption\":\"admin\"}}]}<\/script>\n<!-- \/ Yoast SEO plugin. -->","yoast_head_json":{"title":"Villaescusa de Haro (Conca) - El turista tranquil","description":"La vila de Villaescusa de Haro (Conca) presenta un indubtable atractiu per ser visitada, tant pels monuments religiosos i civils (BIC), com per la perviv\u00e8ncia de l'arquitectura popular manxega en el recorregut pels seus carrers.","robots":{"index":"index","follow":"follow","max-snippet":"max-snippet:-1","max-image-preview":"max-image-preview:large","max-video-preview":"max-video-preview:-1"},"canonical":"https:\/\/www.elturistatranquil.com\/ca\/villaescusa-de-haro-conca\/","og_locale":"ca_ES","og_type":"article","og_title":"Villaescusa de Haro (Conca) - El turista tranquil","og_description":"La vila de Villaescusa de Haro (Conca) presenta un indubtable atractiu per ser visitada, tant pels monuments religiosos i civils (BIC), com per la perviv\u00e8ncia de l'arquitectura popular manxega en el recorregut pels seus carrers.","og_url":"https:\/\/www.elturistatranquil.com\/ca\/villaescusa-de-haro-conca\/","og_site_name":"El turista tranquil","article_publisher":"https:\/\/www.facebook.com\/elturistatranquilo\/","article_published_time":"2022-04-23T16:18:28+00:00","article_modified_time":"2022-09-03T17:06:33+00:00","og_image":[{"width":768,"height":512,"url":"https:\/\/www.elturistatranquil.com\/wp-content\/uploads\/F04-Villaescusa-de-Haro.jpg","type":"image\/jpeg"}],"author":"admin","twitter_card":"summary_large_image","twitter_misc":{"Escrit per":"admin","Temps estimat de lectura":"51 minuts"},"schema":{"@context":"https:\/\/schema.org","@graph":[{"@type":"Article","@id":"https:\/\/www.elturistatranquil.com\/ca\/villaescusa-de-haro-conca\/#article","isPartOf":{"@id":"https:\/\/www.elturistatranquil.com\/ca\/villaescusa-de-haro-conca\/"},"author":{"name":"admin","@id":"https:\/\/www.elturistatranquil.com\/ca\/#\/schema\/person\/16f607c3079b96ed0c530a52e6b58bb5"},"headline":"Villaescusa de Haro (Conca)","datePublished":"2022-04-23T16:18:28+00:00","dateModified":"2022-09-03T17:06:33+00:00","mainEntityOfPage":{"@id":"https:\/\/www.elturistatranquil.com\/ca\/villaescusa-de-haro-conca\/"},"wordCount":4961,"commentCount":0,"image":{"@id":"https:\/\/www.elturistatranquil.com\/ca\/villaescusa-de-haro-conca\/#primaryimage"},"thumbnailUrl":"https:\/\/www.elturistatranquil.com\/wp-content\/uploads\/F04-Villaescusa-de-Haro.jpg","articleSection":["Arquitectura civil","Arquitectura popular","Arquitectura religiosa","Barroc","Castells, Muralles","Conca","Edat mitjana","Hist\u00f2ria","Monestirs, Catedrals","Patrimoni econ\u00f2mic\/productiu","Pobles i ciutats amb inter\u00e9s","Renaixement","Segle XVI-XVII"],"inLanguage":"ca","potentialAction":[{"@type":"CommentAction","name":"Comment","target":["https:\/\/www.elturistatranquil.com\/ca\/villaescusa-de-haro-conca\/#respond"]}]},{"@type":"WebPage","@id":"https:\/\/www.elturistatranquil.com\/ca\/villaescusa-de-haro-conca\/","url":"https:\/\/www.elturistatranquil.com\/ca\/villaescusa-de-haro-conca\/","name":"Villaescusa de Haro (Conca) - El turista tranquil","isPartOf":{"@id":"https:\/\/www.elturistatranquil.com\/ca\/#website"},"primaryImageOfPage":{"@id":"https:\/\/www.elturistatranquil.com\/ca\/villaescusa-de-haro-conca\/#primaryimage"},"image":{"@id":"https:\/\/www.elturistatranquil.com\/ca\/villaescusa-de-haro-conca\/#primaryimage"},"thumbnailUrl":"https:\/\/www.elturistatranquil.com\/wp-content\/uploads\/F04-Villaescusa-de-Haro.jpg","datePublished":"2022-04-23T16:18:28+00:00","dateModified":"2022-09-03T17:06:33+00:00","author":{"@id":"https:\/\/www.elturistatranquil.com\/ca\/#\/schema\/person\/16f607c3079b96ed0c530a52e6b58bb5"},"description":"La vila de Villaescusa de Haro (Conca) presenta un indubtable atractiu per ser visitada, tant pels monuments religiosos i civils (BIC), com per la perviv\u00e8ncia de l'arquitectura popular manxega en el recorregut pels seus carrers.","breadcrumb":{"@id":"https:\/\/www.elturistatranquil.com\/ca\/villaescusa-de-haro-conca\/#breadcrumb"},"inLanguage":"ca","potentialAction":[{"@type":"ReadAction","target":["https:\/\/www.elturistatranquil.com\/ca\/villaescusa-de-haro-conca\/"]}]},{"@type":"ImageObject","inLanguage":"ca","@id":"https:\/\/www.elturistatranquil.com\/ca\/villaescusa-de-haro-conca\/#primaryimage","url":"https:\/\/www.elturistatranquil.com\/wp-content\/uploads\/F04-Villaescusa-de-Haro.jpg","contentUrl":"https:\/\/www.elturistatranquil.com\/wp-content\/uploads\/F04-Villaescusa-de-Haro.jpg","width":768,"height":512,"caption":"Villaescusa de Haro"},{"@type":"BreadcrumbList","@id":"https:\/\/www.elturistatranquil.com\/ca\/villaescusa-de-haro-conca\/#breadcrumb","itemListElement":[{"@type":"ListItem","position":1,"name":"Portada","item":"https:\/\/www.elturistatranquil.com\/ca\/"},{"@type":"ListItem","position":2,"name":"Villaescusa de Haro (Conca)"}]},{"@type":"WebSite","@id":"https:\/\/www.elturistatranquil.com\/ca\/#website","url":"https:\/\/www.elturistatranquil.com\/ca\/","name":"El turista tranquil","description":"Blog de viatges","potentialAction":[{"@type":"SearchAction","target":{"@type":"EntryPoint","urlTemplate":"https:\/\/www.elturistatranquil.com\/ca\/?s={search_term_string}"},"query-input":{"@type":"PropertyValueSpecification","valueRequired":true,"valueName":"search_term_string"}}],"inLanguage":"ca"},{"@type":"Person","@id":"https:\/\/www.elturistatranquil.com\/ca\/#\/schema\/person\/16f607c3079b96ed0c530a52e6b58bb5","name":"admin","image":{"@type":"ImageObject","inLanguage":"ca","@id":"https:\/\/secure.gravatar.com\/avatar\/1fbaf22aee75fcbb29a2f97b107f95d25d3a19b7c3416105be10269872673e8d?s=96&d=mm&r=g","url":"https:\/\/secure.gravatar.com\/avatar\/1fbaf22aee75fcbb29a2f97b107f95d25d3a19b7c3416105be10269872673e8d?s=96&d=mm&r=g","contentUrl":"https:\/\/secure.gravatar.com\/avatar\/1fbaf22aee75fcbb29a2f97b107f95d25d3a19b7c3416105be10269872673e8d?s=96&d=mm&r=g","caption":"admin"}}]}},"_links":{"self":[{"href":"https:\/\/www.elturistatranquil.com\/ca\/wp-json\/wp\/v2\/posts\/40698","targetHints":{"allow":["GET"]}}],"collection":[{"href":"https:\/\/www.elturistatranquil.com\/ca\/wp-json\/wp\/v2\/posts"}],"about":[{"href":"https:\/\/www.elturistatranquil.com\/ca\/wp-json\/wp\/v2\/types\/post"}],"author":[{"embeddable":true,"href":"https:\/\/www.elturistatranquil.com\/ca\/wp-json\/wp\/v2\/users\/1"}],"replies":[{"embeddable":true,"href":"https:\/\/www.elturistatranquil.com\/ca\/wp-json\/wp\/v2\/comments?post=40698"}],"version-history":[{"count":5,"href":"https:\/\/www.elturistatranquil.com\/ca\/wp-json\/wp\/v2\/posts\/40698\/revisions"}],"predecessor-version":[{"id":42937,"href":"https:\/\/www.elturistatranquil.com\/ca\/wp-json\/wp\/v2\/posts\/40698\/revisions\/42937"}],"wp:featuredmedia":[{"embeddable":true,"href":"https:\/\/www.elturistatranquil.com\/ca\/wp-json\/wp\/v2\/media\/40405"}],"wp:attachment":[{"href":"https:\/\/www.elturistatranquil.com\/ca\/wp-json\/wp\/v2\/media?parent=40698"}],"wp:term":[{"taxonomy":"category","embeddable":true,"href":"https:\/\/www.elturistatranquil.com\/ca\/wp-json\/wp\/v2\/categories?post=40698"},{"taxonomy":"post_tag","embeddable":true,"href":"https:\/\/www.elturistatranquil.com\/ca\/wp-json\/wp\/v2\/tags?post=40698"}],"curies":[{"name":"wp","href":"https:\/\/api.w.org\/{rel}","templated":true}]}}