{"id":40956,"date":"2022-05-07T13:52:23","date_gmt":"2022-05-07T11:52:23","guid":{"rendered":"https:\/\/www.elturistatranquil.com\/?p=40956"},"modified":"2022-05-07T13:55:56","modified_gmt":"2022-05-07T11:55:56","slug":"sant-feliu-de-pallerols-girona","status":"publish","type":"post","link":"https:\/\/www.elturistatranquil.com\/ca\/sant-feliu-de-pallerols-girona\/","title":{"rendered":"Sant Feliu de Pallerols (Girona)"},"content":{"rendered":"\t\t<div data-elementor-type=\"wp-post\" data-elementor-id=\"40956\" class=\"elementor elementor-40956 elementor-40727\" data-elementor-post-type=\"post\">\n\t\t\t\t\t\t<section class=\"elementor-section elementor-top-section elementor-element elementor-element-9404ee6 elementor-section-boxed elementor-section-height-default elementor-section-height-default\" data-id=\"9404ee6\" data-element_type=\"section\" data-e-type=\"section\">\n\t\t\t\t\t\t<div class=\"elementor-container elementor-column-gap-default\">\n\t\t\t\t\t<div class=\"elementor-column elementor-col-100 elementor-top-column elementor-element elementor-element-533ea10c\" data-id=\"533ea10c\" data-element_type=\"column\" data-e-type=\"column\">\n\t\t\t<div class=\"elementor-widget-wrap elementor-element-populated\">\n\t\t\t\t\t\t<section class=\"elementor-section elementor-inner-section elementor-element elementor-element-77f14850 elementor-section-content-middle elementor-section-boxed elementor-section-height-default elementor-section-height-default\" data-id=\"77f14850\" data-element_type=\"section\" data-e-type=\"section\">\n\t\t\t\t\t\t<div class=\"elementor-container elementor-column-gap-default\">\n\t\t\t\t\t<div class=\"elementor-column elementor-col-100 elementor-inner-column elementor-element elementor-element-2679b038\" data-id=\"2679b038\" data-element_type=\"column\" data-e-type=\"column\">\n\t\t\t<div class=\"elementor-widget-wrap elementor-element-populated\">\n\t\t\t\t\t\t<div class=\"elementor-element elementor-element-428c8044 elementor-widget elementor-widget-text-editor\" data-id=\"428c8044\" data-element_type=\"widget\" data-e-type=\"widget\" data-widget_type=\"text-editor.default\">\n\t\t\t\t<div class=\"elementor-widget-container\">\n\t\t\t\t\t\t\t\t\t<p>A la zona volc\u00e0nica de la Garrotxa (Girona), la vila de <em>San Feliu de Pallerols<\/em> encara conserva l\u2019autenticitat dels seus carrers i cases que molts altres pobles tur\u00edstics ha perdut. Cal aprofitar-ho per visitar-la.<\/p>\t\t\t\t\t\t\t\t<\/div>\n\t\t\t\t<\/div>\n\t\t\t\t\t<\/div>\n\t\t<\/div>\n\t\t\t\t\t<\/div>\n\t\t<\/section>\n\t\t\t\t<div class=\"elementor-element elementor-element-3e45a18a elementor-widget elementor-widget-heading\" data-id=\"3e45a18a\" data-element_type=\"widget\" data-e-type=\"widget\" data-widget_type=\"heading.default\">\n\t\t\t\t<div class=\"elementor-widget-container\">\n\t\t\t\t\t<h1 class=\"elementor-heading-title elementor-size-default\">Sant Feliu de Pallerols (Girona)<\/h1>\t\t\t\t<\/div>\n\t\t\t\t<\/div>\n\t\t\t\t\t<\/div>\n\t\t<\/div>\n\t\t\t\t\t<\/div>\n\t\t<\/section>\n\t\t\t\t<section class=\"elementor-section elementor-top-section elementor-element elementor-element-15a1c24d elementor-section-boxed elementor-section-height-default elementor-section-height-default\" data-id=\"15a1c24d\" data-element_type=\"section\" data-e-type=\"section\">\n\t\t\t\t\t\t<div class=\"elementor-container elementor-column-gap-default\">\n\t\t\t\t\t<div class=\"elementor-column elementor-col-100 elementor-top-column elementor-element elementor-element-7bb2595e\" data-id=\"7bb2595e\" data-element_type=\"column\" data-e-type=\"column\">\n\t\t\t<div class=\"elementor-widget-wrap elementor-element-populated\">\n\t\t\t\t\t\t<div class=\"elementor-element elementor-element-5829af61 elementor-widget elementor-widget-image\" data-id=\"5829af61\" data-element_type=\"widget\" data-e-type=\"widget\" data-widget_type=\"image.default\">\n\t\t\t\t<div class=\"elementor-widget-container\">\n\t\t\t\t\t\t\t\t\t\t\t\t<figure class=\"wp-caption\">\n\t\t\t\t\t\t\t\t\t\t<img fetchpriority=\"high\" decoding=\"async\" width=\"768\" height=\"512\" src=\"https:\/\/www.elturistatranquil.com\/wp-content\/uploads\/F01-Sant-Feliu-de-Pallerols-Girona-Google-earth-2022-04-29.jpg\" class=\"attachment-large size-large wp-image-40740\" alt=\"Sant Feliu de Pallerols, Girona (Google earth 2022-04-29)\" srcset=\"https:\/\/www.elturistatranquil.com\/wp-content\/uploads\/F01-Sant-Feliu-de-Pallerols-Girona-Google-earth-2022-04-29.jpg 768w, https:\/\/www.elturistatranquil.com\/wp-content\/uploads\/F01-Sant-Feliu-de-Pallerols-Girona-Google-earth-2022-04-29-339x226.jpg 339w\" sizes=\"(max-width: 768px) 100vw, 768px\" \/>\t\t\t\t\t\t\t\t\t\t\t<figcaption class=\"widget-image-caption wp-caption-text\">Sant Feliu de Pallerols (Google earth 2022-04-29)<\/figcaption>\n\t\t\t\t\t\t\t\t\t\t<\/figure>\n\t\t\t\t\t\t\t\t\t<\/div>\n\t\t\t\t<\/div>\n\t\t\t\t<div class=\"elementor-element elementor-element-1fdceb2d elementor-widget elementor-widget-spacer\" data-id=\"1fdceb2d\" data-element_type=\"widget\" data-e-type=\"widget\" data-widget_type=\"spacer.default\">\n\t\t\t\t<div class=\"elementor-widget-container\">\n\t\t\t\t\t\t\t<div class=\"elementor-spacer\">\n\t\t\t<div class=\"elementor-spacer-inner\"><\/div>\n\t\t<\/div>\n\t\t\t\t\t\t<\/div>\n\t\t\t\t<\/div>\n\t\t\t\t<div class=\"elementor-element elementor-element-7bdfb33d elementor-widget elementor-widget-heading\" data-id=\"7bdfb33d\" data-element_type=\"widget\" data-e-type=\"widget\" data-widget_type=\"heading.default\">\n\t\t\t\t<div class=\"elementor-widget-container\">\n\t\t\t\t\t<h2 class=\"elementor-heading-title elementor-size-default\">Sant Feliu de Pallerols. Garrotxa. Girona<\/h2>\t\t\t\t<\/div>\n\t\t\t\t<\/div>\n\t\t\t\t<section class=\"elementor-section elementor-inner-section elementor-element elementor-element-7c034d0a elementor-section-boxed elementor-section-height-default elementor-section-height-default\" data-id=\"7c034d0a\" data-element_type=\"section\" data-e-type=\"section\" data-settings=\"{&quot;background_background&quot;:&quot;classic&quot;}\">\n\t\t\t\t\t\t\t<div class=\"elementor-background-overlay\"><\/div>\n\t\t\t\t\t\t\t<div class=\"elementor-container elementor-column-gap-default\">\n\t\t\t\t\t<div class=\"elementor-column elementor-col-100 elementor-inner-column elementor-element elementor-element-2aea117d\" data-id=\"2aea117d\" data-element_type=\"column\" data-e-type=\"column\" data-settings=\"{&quot;background_background&quot;:&quot;classic&quot;}\">\n\t\t\t<div class=\"elementor-widget-wrap elementor-element-populated\">\n\t\t\t\t\t\t<div class=\"elementor-element elementor-element-afc96b4 elementor-widget elementor-widget-text-editor\" data-id=\"afc96b4\" data-element_type=\"widget\" data-e-type=\"widget\" data-widget_type=\"text-editor.default\">\n\t\t\t\t<div class=\"elementor-widget-container\">\n\t\t\t\t\t\t\t\t\t<p>Vall d\u2019Hostoles. Comarca: Garrotxa. Prov\u00edncia: Girona. Com. Aut\u00f2noma: Catalunya<\/p><p>Coordenades: 42\u00b0 04\u2032 33\u2033 N, 2\u00b0 30\u2032 28\u2033 E.\u00a0 Altitud: 473 msnm.\u00a0 Poblaci\u00f3: 1.155 habitants (2000); 1.456 habitants (2021)<\/p><p>Web: ajuntament<\/p><p>Fotografies de l\u2019any 2020<\/p>\t\t\t\t\t\t\t\t<\/div>\n\t\t\t\t<\/div>\n\t\t\t\t\t<\/div>\n\t\t<\/div>\n\t\t\t\t\t<\/div>\n\t\t<\/section>\n\t\t\t\t<div class=\"elementor-element elementor-element-76238ee1 elementor-widget elementor-widget-image\" data-id=\"76238ee1\" data-element_type=\"widget\" data-e-type=\"widget\" data-widget_type=\"image.default\">\n\t\t\t\t<div class=\"elementor-widget-container\">\n\t\t\t\t\t\t\t\t\t\t\t\t<figure class=\"wp-caption\">\n\t\t\t\t\t\t\t\t\t\t<img decoding=\"async\" width=\"768\" height=\"511\" src=\"https:\/\/www.elturistatranquil.com\/wp-content\/uploads\/F02c-Mapa-de-situacio-de-Sant-Feliu-de-Pallerols-Girona-Google-maps-2022-04-29.jpg\" class=\"attachment-medium_large size-medium_large wp-image-40958\" alt=\"Mapa de situaci\u00f3 de Sant Feliu de Pallerols, Girona (Google maps 2022-04-29)\" srcset=\"https:\/\/www.elturistatranquil.com\/wp-content\/uploads\/F02c-Mapa-de-situacio-de-Sant-Feliu-de-Pallerols-Girona-Google-maps-2022-04-29.jpg 768w, https:\/\/www.elturistatranquil.com\/wp-content\/uploads\/F02c-Mapa-de-situacio-de-Sant-Feliu-de-Pallerols-Girona-Google-maps-2022-04-29-339x226.jpg 339w\" sizes=\"(max-width: 768px) 100vw, 768px\" \/>\t\t\t\t\t\t\t\t\t\t\t<figcaption class=\"widget-image-caption wp-caption-text\">Mapa de situaci\u00f3 de Sant Feliu de Pallerols (Google maps 2022-04-29)<\/figcaption>\n\t\t\t\t\t\t\t\t\t\t<\/figure>\n\t\t\t\t\t\t\t\t\t<\/div>\n\t\t\t\t<\/div>\n\t\t\t\t<section class=\"elementor-section elementor-inner-section elementor-element elementor-element-7d0ca7c elementor-section-boxed elementor-section-height-default elementor-section-height-default\" data-id=\"7d0ca7c\" data-element_type=\"section\" data-e-type=\"section\" data-settings=\"{&quot;background_background&quot;:&quot;classic&quot;}\">\n\t\t\t\t\t\t<div class=\"elementor-container elementor-column-gap-default\">\n\t\t\t\t\t<div class=\"elementor-column elementor-col-100 elementor-inner-column elementor-element elementor-element-1700f74f\" data-id=\"1700f74f\" data-element_type=\"column\" data-e-type=\"column\">\n\t\t\t<div class=\"elementor-widget-wrap elementor-element-populated\">\n\t\t\t\t\t\t<div class=\"elementor-element elementor-element-57b711ff elementor-widget elementor-widget-text-editor\" data-id=\"57b711ff\" data-element_type=\"widget\" data-e-type=\"widget\" data-widget_type=\"text-editor.default\">\n\t\t\t\t<div class=\"elementor-widget-container\">\n\t\t\t\t\t\t\t\t\t<p style=\"text-align: center;\"><strong>\u00cdndex<\/strong><\/p>\t\t\t\t\t\t\t\t<\/div>\n\t\t\t\t<\/div>\n\t\t\t\t<div class=\"elementor-element elementor-element-1782e40e elementor-widget elementor-widget-text-editor\" data-id=\"1782e40e\" data-element_type=\"widget\" data-e-type=\"widget\" data-widget_type=\"text-editor.default\">\n\t\t\t\t<div class=\"elementor-widget-container\">\n\t\t\t\t\t\t\t\t\t<p><a href=\"https:\/\/www.elturistatranquil.com\/ca\/sant-feliu-de-pallerols-girona\/#c7401\">Sant Feliu de Pallerols. Garrotxa. Girona<\/a><\/p><p><a href=\"https:\/\/www.elturistatranquil.com\/ca\/sant-feliu-de-pallerols-girona\/#c7402\">Una mica d\u2019hist\u00f2ria<\/a><\/p><p><a href=\"https:\/\/www.elturistatranquil.com\/ca\/sant-feliu-de-pallerols-girona\/#c7403\">Recorregut per Sant Feliu de Pallerols<\/a><\/p><p style=\"padding-left: 40px;\"><a href=\"https:\/\/www.elturistatranquil.com\/ca\/sant-feliu-de-pallerols-girona\/#c7404\">Pont i carrer del Centre<\/a><\/p><p style=\"padding-left: 40px;\"><a href=\"https:\/\/www.elturistatranquil.com\/ca\/sant-feliu-de-pallerols-girona\/#c7405\">Carrer del Reg<\/a><\/p><p style=\"padding-left: 40px;\"><a href=\"https:\/\/www.elturistatranquil.com\/ca\/sant-feliu-de-pallerols-girona\/#c7406\">Muralla i valls<\/a><\/p><p style=\"padding-left: 40px;\"><a href=\"https:\/\/www.elturistatranquil.com\/ca\/sant-feliu-de-pallerols-girona\/#c7407\">Pla\u00e7a de l\u2019Esgl\u00e9sia<\/a><\/p><p style=\"padding-left: 40px;\"><a href=\"https:\/\/www.elturistatranquil.com\/ca\/sant-feliu-de-pallerols-girona\/#c7408\">Carrer Sant Antoni i carrer Major<\/a><\/p><p style=\"padding-left: 40px;\"><a href=\"https:\/\/www.elturistatranquil.com\/ca\/sant-feliu-de-pallerols-girona\/#c7409\">Pla\u00e7a del Firal<\/a><\/p><p style=\"padding-left: 40px;\"><a href=\"https:\/\/www.elturistatranquil.com\/ca\/sant-feliu-de-pallerols-girona\/#c7410\">La Conqueta<\/a><\/p><p style=\"padding-left: 40px;\"><a href=\"https:\/\/www.elturistatranquil.com\/ca\/sant-feliu-de-pallerols-girona\/#c7411\">L\u2019embarcador<\/a><\/p><p style=\"padding-left: 40px;\"><a href=\"https:\/\/www.elturistatranquil.com\/ca\/sant-feliu-de-pallerols-girona\/#c7412\">Carrer de Viola<\/a><\/p><p style=\"padding-left: 40px;\"><a href=\"https:\/\/www.elturistatranquil.com\/ca\/sant-feliu-de-pallerols-girona\/#c7413\">Carrer dels Cantons Estrets<\/a><\/p><p style=\"padding-left: 40px;\"><a href=\"https:\/\/www.elturistatranquil.com\/ca\/sant-feliu-de-pallerols-girona\/#c7414\">Antic Cam\u00ed Ral<\/a><\/p><p style=\"padding-left: 40px;\"><a href=\"https:\/\/www.elturistatranquil.com\/ca\/sant-feliu-de-pallerols-girona\/#c7415\">Carrer del Puig<\/a><\/p><p style=\"padding-left: 40px;\"><a href=\"https:\/\/www.elturistatranquil.com\/ca\/sant-feliu-de-pallerols-girona\/#c7416\">Carrer Sant Sebasti\u00e0<\/a><\/p><p><a href=\"https:\/\/www.elturistatranquil.com\/ca\/sant-feliu-de-pallerols-girona\/#c7417\">Fi de la visita<\/a><\/p><p><a href=\"https:\/\/www.elturistatranquil.com\/ca\/sant-feliu-de-pallerols-girona\/#c7418\">Bases d\u2019informaci\u00f3<\/a><\/p>\t\t\t\t\t\t\t\t<\/div>\n\t\t\t\t<\/div>\n\t\t\t\t\t<\/div>\n\t\t<\/div>\n\t\t\t\t\t<\/div>\n\t\t<\/section>\n\t\t\t\t<div class=\"elementor-element elementor-element-509af9d2 elementor-widget elementor-widget-spacer\" data-id=\"509af9d2\" data-element_type=\"widget\" data-e-type=\"widget\" data-widget_type=\"spacer.default\">\n\t\t\t\t<div class=\"elementor-widget-container\">\n\t\t\t\t\t\t\t<div class=\"elementor-spacer\">\n\t\t\t<div class=\"elementor-spacer-inner\"><\/div>\n\t\t<\/div>\n\t\t\t\t\t\t<\/div>\n\t\t\t\t<\/div>\n\t\t\t\t<div class=\"elementor-element elementor-element-2d0d8f97 elementor-widget elementor-widget-menu-anchor\" data-id=\"2d0d8f97\" data-element_type=\"widget\" data-e-type=\"widget\" data-widget_type=\"menu-anchor.default\">\n\t\t\t\t<div class=\"elementor-widget-container\">\n\t\t\t\t\t\t\t<div class=\"elementor-menu-anchor\" id=\"c7401\"><\/div>\n\t\t\t\t\t\t<\/div>\n\t\t\t\t<\/div>\n\t\t\t\t<div class=\"elementor-element elementor-element-68f8747b elementor-widget elementor-widget-spacer\" data-id=\"68f8747b\" data-element_type=\"widget\" data-e-type=\"widget\" data-widget_type=\"spacer.default\">\n\t\t\t\t<div class=\"elementor-widget-container\">\n\t\t\t\t\t\t\t<div class=\"elementor-spacer\">\n\t\t\t<div class=\"elementor-spacer-inner\"><\/div>\n\t\t<\/div>\n\t\t\t\t\t\t<\/div>\n\t\t\t\t<\/div>\n\t\t\t\t<div class=\"elementor-element elementor-element-56890d51 elementor-widget elementor-widget-heading\" data-id=\"56890d51\" data-element_type=\"widget\" data-e-type=\"widget\" data-widget_type=\"heading.default\">\n\t\t\t\t<div class=\"elementor-widget-container\">\n\t\t\t\t\t<h2 class=\"elementor-heading-title elementor-size-default\">Sant Feliu de Pallerols. Garrotxa. Girona<\/h2>\t\t\t\t<\/div>\n\t\t\t\t<\/div>\n\t\t\t\t<div class=\"elementor-element elementor-element-ef8e406 elementor-widget elementor-widget-menu-anchor\" data-id=\"ef8e406\" data-element_type=\"widget\" data-e-type=\"widget\" data-widget_type=\"menu-anchor.default\">\n\t\t\t\t<div class=\"elementor-widget-container\">\n\t\t\t\t\t\t\t<div class=\"elementor-menu-anchor\" id=\"c7402\"><\/div>\n\t\t\t\t\t\t<\/div>\n\t\t\t\t<\/div>\n\t\t\t\t<div class=\"elementor-element elementor-element-15e45dc9 elementor-widget elementor-widget-text-editor\" data-id=\"15e45dc9\" data-element_type=\"widget\" data-e-type=\"widget\" data-widget_type=\"text-editor.default\">\n\t\t\t\t<div class=\"elementor-widget-container\">\n\t\t\t\t\t\t\t\t\t<p>Em trobo a Sant Feliu de Pallerols, una vila situada a la cap\u00e7alera de la Vall d\u2019Hostoles, a la comarca gironina de La Garrotxa.<\/p><p>He d&#8217;assenyalar que per fer aquest Post els panells informatius que hi ha distribu\u00efts per la localitat m&#8217;han estat de gran utilitat.<\/p>\t\t\t\t\t\t\t\t<\/div>\n\t\t\t\t<\/div>\n\t\t\t\t<div class=\"elementor-element elementor-element-5067c638 elementor-widget elementor-widget-heading\" data-id=\"5067c638\" data-element_type=\"widget\" data-e-type=\"widget\" data-widget_type=\"heading.default\">\n\t\t\t\t<div class=\"elementor-widget-container\">\n\t\t\t\t\t<h2 class=\"elementor-heading-title elementor-size-default\">Una mica d\u2019hist\u00f2ria<\/h2>\t\t\t\t<\/div>\n\t\t\t\t<\/div>\n\t\t\t\t<div class=\"elementor-element elementor-element-7af7f3b4 elementor-widget elementor-widget-text-editor\" data-id=\"7af7f3b4\" data-element_type=\"widget\" data-e-type=\"widget\" data-widget_type=\"text-editor.default\">\n\t\t\t\t<div class=\"elementor-widget-container\">\n\t\t\t\t\t\t\t\t\t<p>Els arque\u00f2legs han descobert que ja hi havia pobladors humans a la Vall d&#8217;Hostoles des del paleol\u00edtic (600.000 &#8211; 10.000 aC). L&#8217;any 1304 s&#8217;esmenta per primer cop la parr\u00f2quia de Sant Feliu, que entre els segles XIII i XIV esdevindria el nucli habitat m\u00e9s important de la Vall.<\/p><p>Entorn l\u2019any 1000 la vall estava esquitxada de petits masos amb pagesos lliures. Amb el debilitament del poder comtal (1030-1060) i l\u2019inici de la revolta feudal, els castells s\u00f3n cedits a canvi de fidelitat. A poc a poc, els senyors van endurint les condicions de vida dels camperols amb noves rendes i grav\u00e0mens. A partir del segle XII es consolida aquesta situaci\u00f3, ja que el pag\u00e8s \u00e9s considerat com una part m\u00e9s d\u2019una masia: \u00e9s la servitud de la gleva. La seva alliberaci\u00f3 \u00e9s la remen\u00e7a personal, un pagament en met\u00e0l\u00b7lic.<\/p><p>Al segle XI, i gr\u00e0cies a les assemblees de pau i treva promogudes per l&#8217;abat Oliba, \u00e9s conced\u00ed protecci\u00f3 i immunitat a aquells que habitessin a 30 passes a la rodona d&#8217;una esgl\u00e9sia, afavorint la formaci\u00f3 d&#8217;una &#8220;sagrera&#8221; a espai &#8220;sagrat&#8221; i per tant, lliure de viol\u00e8ncia.<\/p>\t\t\t\t\t\t\t\t<\/div>\n\t\t\t\t<\/div>\n\t\t\t\t<div class=\"elementor-element elementor-element-773c869b elementor-widget elementor-widget-image\" data-id=\"773c869b\" data-element_type=\"widget\" data-e-type=\"widget\" data-widget_type=\"image.default\">\n\t\t\t\t<div class=\"elementor-widget-container\">\n\t\t\t\t\t\t\t\t\t\t\t\t<figure class=\"wp-caption\">\n\t\t\t\t\t\t\t\t\t\t<img decoding=\"async\" width=\"768\" height=\"512\" src=\"https:\/\/www.elturistatranquil.com\/wp-content\/uploads\/F03a-Sant-Feliu-de-Pallerols-Girona-Sagrera.jpg\" class=\"attachment-large size-large wp-image-40744\" alt=\"Sant Feliu de Pallerols, Girona, Sagrera\" srcset=\"https:\/\/www.elturistatranquil.com\/wp-content\/uploads\/F03a-Sant-Feliu-de-Pallerols-Girona-Sagrera.jpg 768w, https:\/\/www.elturistatranquil.com\/wp-content\/uploads\/F03a-Sant-Feliu-de-Pallerols-Girona-Sagrera-339x226.jpg 339w\" sizes=\"(max-width: 768px) 100vw, 768px\" \/>\t\t\t\t\t\t\t\t\t\t\t<figcaption class=\"widget-image-caption wp-caption-text\">La sagrera<\/figcaption>\n\t\t\t\t\t\t\t\t\t\t<\/figure>\n\t\t\t\t\t\t\t\t\t<\/div>\n\t\t\t\t<\/div>\n\t\t\t\t<div class=\"elementor-element elementor-element-ea7b905 elementor-widget elementor-widget-text-editor\" data-id=\"ea7b905\" data-element_type=\"widget\" data-e-type=\"widget\" data-widget_type=\"text-editor.default\">\n\t\t\t\t<div class=\"elementor-widget-container\">\n\t\t\t\t\t\t\t\t\t<p>El primer recinte al voltant de la parr\u00f2quia de Sant Feliu s&#8217;ampli\u00e0 a partir de 1310, originant la &#8220;cellera&#8221; o &#8220;vila nova&#8221;, i configurant el que seria el nucli principal de la vila durant segles.<\/p><p>Constatar que la estructura urbana es basava en una forma clarament ortogonal, on fins hi tot les muralles formen un rectangle quasi perfecte.<\/p>\t\t\t\t\t\t\t\t<\/div>\n\t\t\t\t<\/div>\n\t\t\t\t<div class=\"elementor-element elementor-element-6ff61b4 elementor-widget elementor-widget-image\" data-id=\"6ff61b4\" data-element_type=\"widget\" data-e-type=\"widget\" data-widget_type=\"image.default\">\n\t\t\t\t<div class=\"elementor-widget-container\">\n\t\t\t\t\t\t\t\t\t\t\t\t<figure class=\"wp-caption\">\n\t\t\t\t\t\t\t\t\t\t<img loading=\"lazy\" decoding=\"async\" width=\"768\" height=\"512\" src=\"https:\/\/www.elturistatranquil.com\/wp-content\/uploads\/F03b-Sant-Feliu-de-Pallerols-Girona-Cellera.jpg\" class=\"attachment-large size-large wp-image-40746\" alt=\"Sant Feliu de Pallerols, Girona, Cellera\" srcset=\"https:\/\/www.elturistatranquil.com\/wp-content\/uploads\/F03b-Sant-Feliu-de-Pallerols-Girona-Cellera.jpg 768w, https:\/\/www.elturistatranquil.com\/wp-content\/uploads\/F03b-Sant-Feliu-de-Pallerols-Girona-Cellera-339x226.jpg 339w\" sizes=\"(max-width: 768px) 100vw, 768px\" \/>\t\t\t\t\t\t\t\t\t\t\t<figcaption class=\"widget-image-caption wp-caption-text\">La cellera o villa nueva<\/figcaption>\n\t\t\t\t\t\t\t\t\t\t<\/figure>\n\t\t\t\t\t\t\t\t\t<\/div>\n\t\t\t\t<\/div>\n\t\t\t\t<div class=\"elementor-element elementor-element-39c7a1e elementor-widget elementor-widget-text-editor\" data-id=\"39c7a1e\" data-element_type=\"widget\" data-e-type=\"widget\" data-widget_type=\"text-editor.default\">\n\t\t\t\t<div class=\"elementor-widget-container\">\n\t\t\t\t\t\t\t\t\t<p>El primer recinte comptava amb tres portals d&#8217;entrada. Els valls indiquen l&#8217;espai situat entre les muralles i les cases que mai podia ser edificat. En conson\u00e0ncia amb la muralla, una de les infraestructures estrat\u00e8giques del Sant Feliu medieval fou construcci\u00f3 d&#8217;un pont sobre la Riera l&#8217;any 1334.<\/p><p>Aquest pont permetia l\u2019enlla\u00e7 amb un altre element territorial important, com era el cam\u00ed ral.<\/p><p>Aquest cam\u00ed ral provenia de Girona i es dirigia a Olot i Vic. Passava per costat nord del riu Brugent mentre que la cellera es situava al costat sud.<\/p>\t\t\t\t\t\t\t\t<\/div>\n\t\t\t\t<\/div>\n\t\t\t\t<div class=\"elementor-element elementor-element-c42f2b5 elementor-widget elementor-widget-image\" data-id=\"c42f2b5\" data-element_type=\"widget\" data-e-type=\"widget\" data-widget_type=\"image.default\">\n\t\t\t\t<div class=\"elementor-widget-container\">\n\t\t\t\t\t\t\t\t\t\t\t\t<figure class=\"wp-caption\">\n\t\t\t\t\t\t\t\t\t\t<img loading=\"lazy\" decoding=\"async\" width=\"768\" height=\"512\" src=\"https:\/\/www.elturistatranquil.com\/wp-content\/uploads\/F03c-Sant-Feliu-de-Pallerols-Girona-Google-earth-2022-04-29.jpg\" class=\"attachment-large size-large wp-image-40748\" alt=\"Sant Feliu de Pallerols, Girona (Google earth 2022-04-29)\" srcset=\"https:\/\/www.elturistatranquil.com\/wp-content\/uploads\/F03c-Sant-Feliu-de-Pallerols-Girona-Google-earth-2022-04-29.jpg 768w, https:\/\/www.elturistatranquil.com\/wp-content\/uploads\/F03c-Sant-Feliu-de-Pallerols-Girona-Google-earth-2022-04-29-339x226.jpg 339w\" sizes=\"(max-width: 768px) 100vw, 768px\" \/>\t\t\t\t\t\t\t\t\t\t\t<figcaption class=\"widget-image-caption wp-caption-text\">Sant Feliu de Pallerols. L\u00ednia verda: Carrers actuals que delinitan l\u2019antiga sagrera. L\u00ednia vermella: Antic cam\u00ed ral (Google earth 2022-04-29)<\/figcaption>\n\t\t\t\t\t\t\t\t\t\t<\/figure>\n\t\t\t\t\t\t\t\t\t<\/div>\n\t\t\t\t<\/div>\n\t\t\t\t<div class=\"elementor-element elementor-element-8d89988 elementor-widget elementor-widget-text-editor\" data-id=\"8d89988\" data-element_type=\"widget\" data-e-type=\"widget\" data-widget_type=\"text-editor.default\">\n\t\t\t\t<div class=\"elementor-widget-container\">\n\t\t\t\t\t\t\t\t\t<p>El 1329 hi havia 297 masos a la vall i despr\u00e9s de les pestes iniciades el 1333 n\u2019hi resten solament 118. Els nous senyors feudals, els Rocabert\u00ed, en els segles XIV i XV, augmenten la pressi\u00f3 sobre els pagesos exigint-los cada vegada m\u00e9s.<\/p><p>A finals del segle XV, la vila fou un dels escenaris principals de la Revolta dels Remences capitanejades per Pere Joan Sala i Francesc de Verntallat. En contra d\u2019aquesta situaci\u00f3, el rei Ferran el Cat\u00f2lic accepta l\u2019abolici\u00f3 dels mals usos i la remen\u00e7a amb la Sent\u00e8ncia Arbitral signada a Guadalupe el 1486.<\/p>\t\t\t\t\t\t\t\t<\/div>\n\t\t\t\t<\/div>\n\t\t\t\t<div class=\"elementor-element elementor-element-259b98a6 elementor-widget elementor-widget-heading\" data-id=\"259b98a6\" data-element_type=\"widget\" data-e-type=\"widget\" data-widget_type=\"heading.default\">\n\t\t\t\t<div class=\"elementor-widget-container\">\n\t\t\t\t\t<h4 class=\"elementor-heading-title elementor-size-default\">Recuperaci\u00f3 als segles XVI-XVIII<\/h4>\t\t\t\t<\/div>\n\t\t\t\t<\/div>\n\t\t\t\t<div class=\"elementor-element elementor-element-f219184 elementor-widget elementor-widget-text-editor\" data-id=\"f219184\" data-element_type=\"widget\" data-e-type=\"widget\" data-widget_type=\"text-editor.default\">\n\t\t\t\t<div class=\"elementor-widget-container\">\n\t\t\t\t\t\t\t\t\t<p>Nombroses cases en mostren als dentells que es va produir una consolidaci\u00f3 urbana al segles XVII i XVIII, malgrat algunes conjuntures desfavorables com els anys de sequera i fam (entre 1501 i 1502), la Guerra dels Trenta Anys i dels Segadors, o la Guerra de Successi\u00f3.<\/p><p>El desenvolupament econ\u00f2mic i el considerable augment demogr\u00e0fic van venir propiciats per una sobreexplotaci\u00f3 intensiva de la terra i del bosc i per una potent ind\u00fastria de draps de llana, a m\u00e9s d\u2019altres activitats artesanes i comercials situades en el nucli urb\u00e0.<\/p><p>A mitjans del segle XIX comen\u00e7a a haver-hi els primers s\u00edmptomes d\u2019estancament econ\u00f2mic a la vila, sobretot a partir de la lenta desaparici\u00f3 del t\u00e8xtil rural i la concentraci\u00f3 de capital barcelon\u00ed en f\u00e0briques despla\u00e7ades a les Planes d\u2019Hostoles.<\/p><p>Aquesta decad\u00e8ncia va comportar un aferrament a les formes tradicionals de l\u2019antic R\u00e8gim, un antiliberalisme conscient, una defensa sense condicions del catolicisme i una continu\u00eftat en l\u2019agricultura i la ramaderia que assentarien\u00a0 les bases de la situaci\u00f3 present.<\/p><p>L\u2019activitat econ\u00f2mica ha estat tradicionalment l\u2019agricultura i la ramaderia, l\u2019explotaci\u00f3 forestal, la construcci\u00f3 i la ind\u00fastria. Conreus d\u2019ordi, blat de moro, lleguminoses, farratges, hortalisses i fruiters; ramaderia de bov\u00ed, ov\u00ed, porc\u00ed, i l\u2019aviram. Al sector industrial, abans de la crisi del t\u00e8xtil,\u00a0destacaven\u00a0els establiments dedicats al g\u00e8nere de punt, avui per\u00f2, les f\u00e0briques que dominen s\u00f3n les d\u2019embotits. El sector tur\u00edstic tamb\u00e9 va assumint un pes important.<\/p><p>Malgrat que el municipi de Sant Feliu de Pallerols est\u00e0 format per vuit entitats de poblaci\u00f3, el gruix de la poblaci\u00f3 es concentra a la vila, mentre que la resta es dispersa per tot el territori en masos. Per fer-se una idea, l\u2019any 2000 dels 1.155 habitants del municipi 1.138 es concentraven a la vila i nom\u00e9s 17 estaven censat de forma dispersa. Al 2021 amb un significatiu augment de poblaci\u00f3, dels 1456 habitats, 1247 viuen al centre i 209 dispersos.<\/p><p>En l\u2019actualitat, Sant Feliu de Pallerols forma part del Parc Natural de la Zona Volc\u00e0nica de la Garrotxa, i ofereix al visitant un nucli antic pintoresc. Es un territori propici per realitzar rutes a peu o en bicicleta per gaudir d\u2019indrets hist\u00f2rics (castell d\u2019Hostoles), innumerables fonts, diversos cons volc\u00e0nics, o els paisatges del Collsacabra.<\/p>\t\t\t\t\t\t\t\t<\/div>\n\t\t\t\t<\/div>\n\t\t\t\t<div class=\"elementor-element elementor-element-1902131 elementor-widget elementor-widget-image\" data-id=\"1902131\" data-element_type=\"widget\" data-e-type=\"widget\" data-widget_type=\"image.default\">\n\t\t\t\t<div class=\"elementor-widget-container\">\n\t\t\t\t\t\t\t\t\t\t\t\t<figure class=\"wp-caption\">\n\t\t\t\t\t\t\t\t\t\t<img loading=\"lazy\" decoding=\"async\" width=\"768\" height=\"512\" src=\"https:\/\/www.elturistatranquil.com\/wp-content\/uploads\/F04a-Sant-Feliu-de-Pallerols-Girona-Google-earth-2022-04-29.jpg\" class=\"attachment-large size-large wp-image-40750\" alt=\"Sant Feliu de Pallerols, Girona (Google earth 2022-04-29)\" srcset=\"https:\/\/www.elturistatranquil.com\/wp-content\/uploads\/F04a-Sant-Feliu-de-Pallerols-Girona-Google-earth-2022-04-29.jpg 768w, https:\/\/www.elturistatranquil.com\/wp-content\/uploads\/F04a-Sant-Feliu-de-Pallerols-Girona-Google-earth-2022-04-29-339x226.jpg 339w\" sizes=\"(max-width: 768px) 100vw, 768px\" \/>\t\t\t\t\t\t\t\t\t\t\t<figcaption class=\"widget-image-caption wp-caption-text\">El territori de Sant Feliu de Pallerols. En verd la cellera i en vemell el cam\u00ed ral en el tram urb\u00e0 (Google earth 2022-05-05)<\/figcaption>\n\t\t\t\t\t\t\t\t\t\t<\/figure>\n\t\t\t\t\t\t\t\t\t<\/div>\n\t\t\t\t<\/div>\n\t\t\t\t<div class=\"elementor-element elementor-element-acf6931 elementor-widget elementor-widget-image\" data-id=\"acf6931\" data-element_type=\"widget\" data-e-type=\"widget\" data-widget_type=\"image.default\">\n\t\t\t\t<div class=\"elementor-widget-container\">\n\t\t\t\t\t\t\t\t\t\t\t\t<figure class=\"wp-caption\">\n\t\t\t\t\t\t\t\t\t\t<img loading=\"lazy\" decoding=\"async\" width=\"584\" height=\"550\" src=\"https:\/\/www.elturistatranquil.com\/wp-content\/uploads\/F04b-Volcans-a-Sant-Feliu-de-Pallerols-Girona.jpg\" class=\"attachment-large size-large wp-image-40752\" alt=\"Volcans a Sant Feliu de Pallerols, Girona\" srcset=\"https:\/\/www.elturistatranquil.com\/wp-content\/uploads\/F04b-Volcans-a-Sant-Feliu-de-Pallerols-Girona.jpg 584w, https:\/\/www.elturistatranquil.com\/wp-content\/uploads\/F04b-Volcans-a-Sant-Feliu-de-Pallerols-Girona-240x226.jpg 240w\" sizes=\"(max-width: 584px) 100vw, 584px\" \/>\t\t\t\t\t\t\t\t\t\t\t<figcaption class=\"widget-image-caption wp-caption-text\">Zona volc\u00e0nica al terme municipal de Sant Feliu de Pallerols<\/figcaption>\n\t\t\t\t\t\t\t\t\t\t<\/figure>\n\t\t\t\t\t\t\t\t\t<\/div>\n\t\t\t\t<\/div>\n\t\t\t\t<div class=\"elementor-element elementor-element-2cc080d elementor-widget elementor-widget-image\" data-id=\"2cc080d\" data-element_type=\"widget\" data-e-type=\"widget\" data-widget_type=\"image.default\">\n\t\t\t\t<div class=\"elementor-widget-container\">\n\t\t\t\t\t\t\t\t\t\t\t\t<figure class=\"wp-caption\">\n\t\t\t\t\t\t\t\t\t\t<img loading=\"lazy\" decoding=\"async\" width=\"768\" height=\"488\" src=\"https:\/\/www.elturistatranquil.com\/wp-content\/uploads\/F04c-Sant-Feliu-de-Pallerols-Girona.jpg\" class=\"attachment-large size-large wp-image-40754\" alt=\"Sant Feliu de Pallerols, Girona\" srcset=\"https:\/\/www.elturistatranquil.com\/wp-content\/uploads\/F04c-Sant-Feliu-de-Pallerols-Girona.jpg 768w, https:\/\/www.elturistatranquil.com\/wp-content\/uploads\/F04c-Sant-Feliu-de-Pallerols-Girona-339x215.jpg 339w\" sizes=\"(max-width: 768px) 100vw, 768px\" \/>\t\t\t\t\t\t\t\t\t\t\t<figcaption class=\"widget-image-caption wp-caption-text\">(Foto: Centre de Documentaci\u00f3 del PNVG)<\/figcaption>\n\t\t\t\t\t\t\t\t\t\t<\/figure>\n\t\t\t\t\t\t\t\t\t<\/div>\n\t\t\t\t<\/div>\n\t\t\t\t<div class=\"elementor-element elementor-element-faba62c elementor-widget elementor-widget-menu-anchor\" data-id=\"faba62c\" data-element_type=\"widget\" data-e-type=\"widget\" data-widget_type=\"menu-anchor.default\">\n\t\t\t\t<div class=\"elementor-widget-container\">\n\t\t\t\t\t\t\t<div class=\"elementor-menu-anchor\" id=\"c7403\"><\/div>\n\t\t\t\t\t\t<\/div>\n\t\t\t\t<\/div>\n\t\t\t\t<div class=\"elementor-element elementor-element-e94d713 elementor-widget elementor-widget-text-editor\" data-id=\"e94d713\" data-element_type=\"widget\" data-e-type=\"widget\" data-widget_type=\"text-editor.default\">\n\t\t\t\t<div class=\"elementor-widget-container\">\n\t\t\t\t\t\t\t\t\t<p>La xarxa urbana est\u00e0 adaptada a les condicions territorial de la vall. La seva morfologia es compacta format illes amb les cases entre mitgeres a la part m\u00e9s hist\u00f2rica als voltants de la cellera i el cam\u00ed ral, mentre que a la part m\u00e9s moderna hi ha la tend\u00e8ncia a les cases a\u00efllades dins de les illes.<\/p><p>La majoria de cases s\u00f3n de tres nivells amb portada per carruatges o per obrador dels artesans.<\/p>\t\t\t\t\t\t\t\t<\/div>\n\t\t\t\t<\/div>\n\t\t\t\t<div class=\"elementor-element elementor-element-7555251 elementor-widget elementor-widget-heading\" data-id=\"7555251\" data-element_type=\"widget\" data-e-type=\"widget\" data-widget_type=\"heading.default\">\n\t\t\t\t<div class=\"elementor-widget-container\">\n\t\t\t\t\t<h2 class=\"elementor-heading-title elementor-size-default\">Recorregut per Sant Feliu de Pallerols<\/h2>\t\t\t\t<\/div>\n\t\t\t\t<\/div>\n\t\t\t\t<div class=\"elementor-element elementor-element-7ddef96 elementor-widget elementor-widget-image\" data-id=\"7ddef96\" data-element_type=\"widget\" data-e-type=\"widget\" data-widget_type=\"image.default\">\n\t\t\t\t<div class=\"elementor-widget-container\">\n\t\t\t\t\t\t\t\t\t\t\t\t<figure class=\"wp-caption\">\n\t\t\t\t\t\t\t\t\t\t<img loading=\"lazy\" decoding=\"async\" width=\"768\" height=\"512\" src=\"https:\/\/www.elturistatranquil.com\/wp-content\/uploads\/F04d-Sant-Feliu-de-Pallerols-recorregut-cellera-Google-earth-2022-05-05.jpg\" class=\"attachment-large size-large wp-image-40756\" alt=\"Sant Feliu de Pallerols recorregut cellera (Google earth 2022-05-05)\" srcset=\"https:\/\/www.elturistatranquil.com\/wp-content\/uploads\/F04d-Sant-Feliu-de-Pallerols-recorregut-cellera-Google-earth-2022-05-05.jpg 768w, https:\/\/www.elturistatranquil.com\/wp-content\/uploads\/F04d-Sant-Feliu-de-Pallerols-recorregut-cellera-Google-earth-2022-05-05-339x226.jpg 339w\" sizes=\"(max-width: 768px) 100vw, 768px\" \/>\t\t\t\t\t\t\t\t\t\t\t<figcaption class=\"widget-image-caption wp-caption-text\">L\u00ednia verda: l\u00edmits de l\u2019antiga cellera. L\u00ednia vermella: cam\u00ed ral. L\u00ednies grogues: recorregut urb\u00e0 de la visita (Google earth 2022-05-05)<\/figcaption>\n\t\t\t\t\t\t\t\t\t\t<\/figure>\n\t\t\t\t\t\t\t\t\t<\/div>\n\t\t\t\t<\/div>\n\t\t\t\t<div class=\"elementor-element elementor-element-c0cdc13 elementor-widget elementor-widget-text-editor\" data-id=\"c0cdc13\" data-element_type=\"widget\" data-e-type=\"widget\" data-widget_type=\"text-editor.default\">\n\t\t\t\t<div class=\"elementor-widget-container\">\n\t\t\t\t\t\t\t\t\t<p>Em mour\u00e9 fonamentalment per l\u2019antiga cellera i el trajecte urb\u00e0 del cam\u00ed ral.<\/p><p>Ja podem dir abans de comen\u00e7ar el recorregut, que ens endinsarem en una poblaci\u00f3 de la que obtindrem una imatge d\u2019autenticitat de la seva trama i de les seves edificacions. La vila vol promoure\u2019s en l\u2019\u00e0mbit tur\u00edstic, per\u00f2 encara no s\u2019ha transformat -malgrat que pugui estar en proc\u00e9s- en una vila \u201cbonica\u201d.\u00a0 La humitat ambiental de la zona sobre els murs ajuda en aquesta p\u00e0tina d\u2019autenticitat.<\/p><p>Arribant per la C-63 per la banda nord de la poblaci\u00f3 podem girar pel <strong>carrer Vall d\u2019Hostoles<\/strong> i en aquesta zona ser\u00e0 f\u00e0cil trobar aparcament (<strong>PK<\/strong>).<\/p><p>Avan\u00e7o fins al <strong>riu Brugent<\/strong> que divideix la localitat, per travessar el pont del <strong>carrer del Centre <\/strong>(<strong>a<\/strong>).<\/p><p>Una de les infraestructures estrat\u00e8giques del Sant Feliu medieval fou la construcci\u00f3 d&#8217;un pont sobre la Riera l&#8217;any 1334. Com veurem, el pont actual \u00e9s molt posterior.<\/p><p>A la barana del riu en trobarem amb <strong>el pescallunes<\/strong> (<strong>1<\/strong>). El cartell que l\u2019acompanya ens introdueix en la llegenda: \u201cS&#8217;explica que una nit de lluna plena un santfeliuenc vorejava el riu Brugent quan va veure reflectida la lluna en l&#8217;aigua de la riera. Tan embadalit en va quedar de la bellesa de l&#8217;astre que molt brillava en la foscor de l&#8217;aigua que va decidir pescar-la amb un cove. Per\u00f2 no aconseguia ficar-la-hi. Alg\u00fa va veure-ho i en to burleta li pregunt\u00e0 s\u00ed volia pescar la lluna. Des d&#8217;aleshores als de Sant Feliu de Pallerols ens diuen &#8220;PESCALLUNES&#8221;: gent amb il\u00b7lusions, somnis i molts projectes.\u201d<\/p>\t\t\t\t\t\t\t\t<\/div>\n\t\t\t\t<\/div>\n\t\t\t\t<div class=\"elementor-element elementor-element-a8ae9c7 elementor-widget elementor-widget-menu-anchor\" data-id=\"a8ae9c7\" data-element_type=\"widget\" data-e-type=\"widget\" data-widget_type=\"menu-anchor.default\">\n\t\t\t\t<div class=\"elementor-widget-container\">\n\t\t\t\t\t\t\t<div class=\"elementor-menu-anchor\" id=\"c7404\"><\/div>\n\t\t\t\t\t\t<\/div>\n\t\t\t\t<\/div>\n\t\t\t\t<div class=\"elementor-element elementor-element-beb0403 elementor-widget elementor-widget-image\" data-id=\"beb0403\" data-element_type=\"widget\" data-e-type=\"widget\" data-widget_type=\"image.default\">\n\t\t\t\t<div class=\"elementor-widget-container\">\n\t\t\t\t\t\t\t\t\t\t\t\t<figure class=\"wp-caption\">\n\t\t\t\t\t\t\t\t\t\t<img loading=\"lazy\" decoding=\"async\" width=\"768\" height=\"512\" src=\"https:\/\/www.elturistatranquil.com\/wp-content\/uploads\/F05-Pescallunes-Sant-Feliu-de-Pallerols-Girona.jpg\" class=\"attachment-large size-large wp-image-40758\" alt=\"Pescallunes, Sant Feliu de Pallerols, Girona\" srcset=\"https:\/\/www.elturistatranquil.com\/wp-content\/uploads\/F05-Pescallunes-Sant-Feliu-de-Pallerols-Girona.jpg 768w, https:\/\/www.elturistatranquil.com\/wp-content\/uploads\/F05-Pescallunes-Sant-Feliu-de-Pallerols-Girona-339x226.jpg 339w\" sizes=\"(max-width: 768px) 100vw, 768px\" \/>\t\t\t\t\t\t\t\t\t\t\t<figcaption class=\"widget-image-caption wp-caption-text\"><\/figcaption>\n\t\t\t\t\t\t\t\t\t\t<\/figure>\n\t\t\t\t\t\t\t\t\t<\/div>\n\t\t\t\t<\/div>\n\t\t\t\t<div class=\"elementor-element elementor-element-672269a0 elementor-widget elementor-widget-heading\" data-id=\"672269a0\" data-element_type=\"widget\" data-e-type=\"widget\" data-widget_type=\"heading.default\">\n\t\t\t\t<div class=\"elementor-widget-container\">\n\t\t\t\t\t<h3 class=\"elementor-heading-title elementor-size-default\">Pont i carrer del Centre<\/h3>\t\t\t\t<\/div>\n\t\t\t\t<\/div>\n\t\t\t\t<div class=\"elementor-element elementor-element-88d4d36 elementor-widget elementor-widget-text-editor\" data-id=\"88d4d36\" data-element_type=\"widget\" data-e-type=\"widget\" data-widget_type=\"text-editor.default\">\n\t\t\t\t<div class=\"elementor-widget-container\">\n\t\t\t\t\t\t\t\t\t<p>Des del <strong>pont<\/strong> (<strong>a<\/strong>) ens permet veure com els darreres de les construccions encaixen la llera al seu pas.<\/p>\t\t\t\t\t\t\t\t<\/div>\n\t\t\t\t<\/div>\n\t\t\t\t<div class=\"elementor-element elementor-element-fb4d59c elementor-widget elementor-widget-image\" data-id=\"fb4d59c\" data-element_type=\"widget\" data-e-type=\"widget\" data-widget_type=\"image.default\">\n\t\t\t\t<div class=\"elementor-widget-container\">\n\t\t\t\t\t\t\t\t\t\t\t\t<figure class=\"wp-caption\">\n\t\t\t\t\t\t\t\t\t\t<img loading=\"lazy\" decoding=\"async\" width=\"768\" height=\"512\" src=\"https:\/\/www.elturistatranquil.com\/wp-content\/uploads\/F06-Sant-Feliu-de-Pallerols-Girona.jpg\" class=\"attachment-large size-large wp-image-40760\" alt=\"Sant Feliu de Pallerols, Girona\" srcset=\"https:\/\/www.elturistatranquil.com\/wp-content\/uploads\/F06-Sant-Feliu-de-Pallerols-Girona.jpg 768w, https:\/\/www.elturistatranquil.com\/wp-content\/uploads\/F06-Sant-Feliu-de-Pallerols-Girona-339x226.jpg 339w\" sizes=\"(max-width: 768px) 100vw, 768px\" \/>\t\t\t\t\t\t\t\t\t\t\t<figcaption class=\"widget-image-caption wp-caption-text\"><\/figcaption>\n\t\t\t\t\t\t\t\t\t\t<\/figure>\n\t\t\t\t\t\t\t\t\t<\/div>\n\t\t\t\t<\/div>\n\t\t\t\t<div class=\"elementor-element elementor-element-169be23 elementor-widget elementor-widget-image\" data-id=\"169be23\" data-element_type=\"widget\" data-e-type=\"widget\" data-widget_type=\"image.default\">\n\t\t\t\t<div class=\"elementor-widget-container\">\n\t\t\t\t\t\t\t\t\t\t\t\t<figure class=\"wp-caption\">\n\t\t\t\t\t\t\t\t\t\t<img loading=\"lazy\" decoding=\"async\" width=\"768\" height=\"512\" src=\"https:\/\/www.elturistatranquil.com\/wp-content\/uploads\/F07-Sant-Feliu-de-Pallerols-Girona.jpg\" class=\"attachment-large size-large wp-image-40762\" alt=\"Sant Feliu de Pallerols, Girona\" srcset=\"https:\/\/www.elturistatranquil.com\/wp-content\/uploads\/F07-Sant-Feliu-de-Pallerols-Girona.jpg 768w, https:\/\/www.elturistatranquil.com\/wp-content\/uploads\/F07-Sant-Feliu-de-Pallerols-Girona-339x226.jpg 339w\" sizes=\"(max-width: 768px) 100vw, 768px\" \/>\t\t\t\t\t\t\t\t\t\t\t<figcaption class=\"widget-image-caption wp-caption-text\"><\/figcaption>\n\t\t\t\t\t\t\t\t\t\t<\/figure>\n\t\t\t\t\t\t\t\t\t<\/div>\n\t\t\t\t<\/div>\n\t\t\t\t<div class=\"elementor-element elementor-element-9dc0941 elementor-widget elementor-widget-text-editor\" data-id=\"9dc0941\" data-element_type=\"widget\" data-e-type=\"widget\" data-widget_type=\"text-editor.default\">\n\t\t\t\t<div class=\"elementor-widget-container\">\n\t\t\t\t\t\t\t\t\t<p>Pel <strong>carrer del Centre<\/strong> s\u2019entra per on hi havia hagut una de les tres portes de la cellera.<\/p><p>La primera edificaci\u00f3 significativa, d\u2019estil modernista, correspon a <strong>Can Casas<\/strong> (<strong>2<\/strong>). Aquest edifici fou constru\u00eft a principis del segle XX, dins el per\u00edode modernista tard\u00e0. D&#8217;aquest estil en destaquen elements tan significatius com les vidrieres de colors, les cer\u00e0miques pintades i els treballs de fusteria i forja de les balconades.<\/p><p>L&#8217;edifici va ser projectat per Isidre Bosch Bataller (1875-1960), que fou arquitecte dioces\u00e0.<\/p><p>La fam\u00edlia Casas es dedicava a negocis de cera i xocolata, i als baixos de l&#8217;edifici hi van instal\u00b7lar una emblem\u00e0tica botiga dedicada, especialment, a la venda de xocolata i caf\u00e8.<\/p><p>M\u00e9s endavant va ser reconvertida en farm\u00e0cia, per\u00f2 sempre es van mantenir els elements modernistes que caracteritzen l&#8217;edifici.<\/p>\t\t\t\t\t\t\t\t<\/div>\n\t\t\t\t<\/div>\n\t\t\t\t<div class=\"elementor-element elementor-element-612c57e elementor-widget elementor-widget-image\" data-id=\"612c57e\" data-element_type=\"widget\" data-e-type=\"widget\" data-widget_type=\"image.default\">\n\t\t\t\t<div class=\"elementor-widget-container\">\n\t\t\t\t\t\t\t\t\t\t\t\t<figure class=\"wp-caption\">\n\t\t\t\t\t\t\t\t\t\t<img loading=\"lazy\" decoding=\"async\" width=\"768\" height=\"512\" src=\"https:\/\/www.elturistatranquil.com\/wp-content\/uploads\/F08-Can-Casas-Sant-Feliu-de-Pallerols-Girona.jpg\" class=\"attachment-large size-large wp-image-40764\" alt=\"Can Casas, Sant Feliu de Pallerols, Girona\" srcset=\"https:\/\/www.elturistatranquil.com\/wp-content\/uploads\/F08-Can-Casas-Sant-Feliu-de-Pallerols-Girona.jpg 768w, https:\/\/www.elturistatranquil.com\/wp-content\/uploads\/F08-Can-Casas-Sant-Feliu-de-Pallerols-Girona-339x226.jpg 339w\" sizes=\"(max-width: 768px) 100vw, 768px\" \/>\t\t\t\t\t\t\t\t\t\t\t<figcaption class=\"widget-image-caption wp-caption-text\"><\/figcaption>\n\t\t\t\t\t\t\t\t\t\t<\/figure>\n\t\t\t\t\t\t\t\t\t<\/div>\n\t\t\t\t<\/div>\n\t\t\t\t<div class=\"elementor-element elementor-element-37ebf2b elementor-widget elementor-widget-text-editor\" data-id=\"37ebf2b\" data-element_type=\"widget\" data-e-type=\"widget\" data-widget_type=\"text-editor.default\">\n\t\t\t\t<div class=\"elementor-widget-container\">\n\t\t\t\t\t\t\t\t\t<p>El carrer forma una placeta amb un <strong>monument dedicat a Francesc de Verntallat<\/strong> (<strong>3<\/strong>).<\/p><p>La inscripci\u00f3 que forma part del monument ens situa en la seva personalitat: \u201cFrancesc de Verntallat cap de la lluita remen\u00e7a 1444-1498 contra el feudalisme i per a la llibertat d&#8217;homes i dones ac\u00ed era la seva casa i aquest \u00e9s el seu poble\u201d.<\/p>\t\t\t\t\t\t\t\t<\/div>\n\t\t\t\t<\/div>\n\t\t\t\t<div class=\"elementor-element elementor-element-a665fd9 elementor-widget elementor-widget-image\" data-id=\"a665fd9\" data-element_type=\"widget\" data-e-type=\"widget\" data-widget_type=\"image.default\">\n\t\t\t\t<div class=\"elementor-widget-container\">\n\t\t\t\t\t\t\t\t\t\t\t\t<figure class=\"wp-caption\">\n\t\t\t\t\t\t\t\t\t\t<img loading=\"lazy\" decoding=\"async\" width=\"768\" height=\"512\" src=\"https:\/\/www.elturistatranquil.com\/wp-content\/uploads\/F09-Monument-a-Francesc-de-Verntallat-Sant-Feliu-de-Pallerols-Girona.jpg\" class=\"attachment-large size-large wp-image-40766\" alt=\"Monument a Francesc de Verntallat Sant Feliu de Pallerols, Girona\" srcset=\"https:\/\/www.elturistatranquil.com\/wp-content\/uploads\/F09-Monument-a-Francesc-de-Verntallat-Sant-Feliu-de-Pallerols-Girona.jpg 768w, https:\/\/www.elturistatranquil.com\/wp-content\/uploads\/F09-Monument-a-Francesc-de-Verntallat-Sant-Feliu-de-Pallerols-Girona-339x226.jpg 339w\" sizes=\"(max-width: 768px) 100vw, 768px\" \/>\t\t\t\t\t\t\t\t\t\t\t<figcaption class=\"widget-image-caption wp-caption-text\"><\/figcaption>\n\t\t\t\t\t\t\t\t\t\t<\/figure>\n\t\t\t\t\t\t\t\t\t<\/div>\n\t\t\t\t<\/div>\n\t\t\t\t<div class=\"elementor-element elementor-element-28236c2 elementor-widget elementor-widget-image\" data-id=\"28236c2\" data-element_type=\"widget\" data-e-type=\"widget\" data-widget_type=\"image.default\">\n\t\t\t\t<div class=\"elementor-widget-container\">\n\t\t\t\t\t\t\t\t\t\t\t\t<figure class=\"wp-caption\">\n\t\t\t\t\t\t\t\t\t\t<img loading=\"lazy\" decoding=\"async\" width=\"768\" height=\"512\" src=\"https:\/\/www.elturistatranquil.com\/wp-content\/uploads\/F10-Monument-a-Francesc-de-Verntallat-Sant-Feliu-de-Pallerols-Girona.jpg\" class=\"attachment-large size-large wp-image-40768\" alt=\"Monument a Francesc de Verntallat Sant Feliu de Pallerols, Girona\" srcset=\"https:\/\/www.elturistatranquil.com\/wp-content\/uploads\/F10-Monument-a-Francesc-de-Verntallat-Sant-Feliu-de-Pallerols-Girona.jpg 768w, https:\/\/www.elturistatranquil.com\/wp-content\/uploads\/F10-Monument-a-Francesc-de-Verntallat-Sant-Feliu-de-Pallerols-Girona-339x226.jpg 339w\" sizes=\"(max-width: 768px) 100vw, 768px\" \/>\t\t\t\t\t\t\t\t\t\t\t<figcaption class=\"widget-image-caption wp-caption-text\"><\/figcaption>\n\t\t\t\t\t\t\t\t\t\t<\/figure>\n\t\t\t\t\t\t\t\t\t<\/div>\n\t\t\t\t<\/div>\n\t\t\t\t<div class=\"elementor-element elementor-element-59f4aa4 elementor-widget elementor-widget-image\" data-id=\"59f4aa4\" data-element_type=\"widget\" data-e-type=\"widget\" data-widget_type=\"image.default\">\n\t\t\t\t<div class=\"elementor-widget-container\">\n\t\t\t\t\t\t\t\t\t\t\t\t<figure class=\"wp-caption\">\n\t\t\t\t\t\t\t\t\t\t<img loading=\"lazy\" decoding=\"async\" width=\"768\" height=\"512\" src=\"https:\/\/www.elturistatranquil.com\/wp-content\/uploads\/F11-Monument-a-Francesc-de-Verntallat-Sant-Feliu-de-Pallerols-Girona.jpg\" class=\"attachment-large size-large wp-image-40770\" alt=\"Monument a Francesc de Verntallat Sant Feliu de Pallerols, Girona\" srcset=\"https:\/\/www.elturistatranquil.com\/wp-content\/uploads\/F11-Monument-a-Francesc-de-Verntallat-Sant-Feliu-de-Pallerols-Girona.jpg 768w, https:\/\/www.elturistatranquil.com\/wp-content\/uploads\/F11-Monument-a-Francesc-de-Verntallat-Sant-Feliu-de-Pallerols-Girona-339x226.jpg 339w\" sizes=\"(max-width: 768px) 100vw, 768px\" \/>\t\t\t\t\t\t\t\t\t\t\t<figcaption class=\"widget-image-caption wp-caption-text\"><\/figcaption>\n\t\t\t\t\t\t\t\t\t\t<\/figure>\n\t\t\t\t\t\t\t\t\t<\/div>\n\t\t\t\t<\/div>\n\t\t\t\t<div class=\"elementor-element elementor-element-445672c elementor-widget elementor-widget-text-editor\" data-id=\"445672c\" data-element_type=\"widget\" data-e-type=\"widget\" data-widget_type=\"text-editor.default\">\n\t\t\t\t<div class=\"elementor-widget-container\">\n\t\t\t\t\t\t\t\t\t<p>L\u2019edifici que fa de tel\u00f3 de fons del monument correspon al <strong>mol\u00ed de la Conqueta<\/strong> (<strong>4<\/strong>).<\/p><p>El curs del riu Brugent i el creixement de la vila propici\u00e0 la construcci\u00f3 de molins durant la baixa Edat Mitjana. El mol\u00ed de la Conqueta (dit aix\u00ed per la petita resclosa que l&#8217;abatia d&#8217;aigua i que veurem posteriorment) ja s&#8217;esmenta al segle XII, i malgrat totes les transformacions, \u00e9s un dels m\u00e9s ben conservats de la vila.<\/p><p>El 1533 s&#8217;hi instal\u00b7la una mola drapera, per\u00f2 despr\u00e9s torn\u00e0 a ser exclusivament mol\u00ed fariner.<\/p>\t\t\t\t\t\t\t\t<\/div>\n\t\t\t\t<\/div>\n\t\t\t\t<div class=\"elementor-element elementor-element-c64bbde elementor-widget elementor-widget-image\" data-id=\"c64bbde\" data-element_type=\"widget\" data-e-type=\"widget\" data-widget_type=\"image.default\">\n\t\t\t\t<div class=\"elementor-widget-container\">\n\t\t\t\t\t\t\t\t\t\t\t\t<figure class=\"wp-caption\">\n\t\t\t\t\t\t\t\t\t\t<img loading=\"lazy\" decoding=\"async\" width=\"768\" height=\"512\" src=\"https:\/\/www.elturistatranquil.com\/wp-content\/uploads\/F12-Moli-de-la-Conqueta-Sant-Feliu-de-Pallerols-Girona.jpg\" class=\"attachment-large size-large wp-image-40772\" alt=\"Moli de la Conqueta, Sant Feliu de Pallerols, Girona\" srcset=\"https:\/\/www.elturistatranquil.com\/wp-content\/uploads\/F12-Moli-de-la-Conqueta-Sant-Feliu-de-Pallerols-Girona.jpg 768w, https:\/\/www.elturistatranquil.com\/wp-content\/uploads\/F12-Moli-de-la-Conqueta-Sant-Feliu-de-Pallerols-Girona-339x226.jpg 339w\" sizes=\"(max-width: 768px) 100vw, 768px\" \/>\t\t\t\t\t\t\t\t\t\t\t<figcaption class=\"widget-image-caption wp-caption-text\"><\/figcaption>\n\t\t\t\t\t\t\t\t\t\t<\/figure>\n\t\t\t\t\t\t\t\t\t<\/div>\n\t\t\t\t<\/div>\n\t\t\t\t<div class=\"elementor-element elementor-element-c407e80 elementor-widget elementor-widget-text-editor\" data-id=\"c407e80\" data-element_type=\"widget\" data-e-type=\"widget\" data-widget_type=\"text-editor.default\">\n\t\t\t\t<div class=\"elementor-widget-container\">\n\t\t\t\t\t\t\t\t\t<p>La llinda de la porta ens parla d\u2019una remodelaci\u00f3 de l\u2019any 1762.<\/p>\t\t\t\t\t\t\t\t<\/div>\n\t\t\t\t<\/div>\n\t\t\t\t<div class=\"elementor-element elementor-element-d133695 elementor-widget elementor-widget-image\" data-id=\"d133695\" data-element_type=\"widget\" data-e-type=\"widget\" data-widget_type=\"image.default\">\n\t\t\t\t<div class=\"elementor-widget-container\">\n\t\t\t\t\t\t\t\t\t\t\t\t<figure class=\"wp-caption\">\n\t\t\t\t\t\t\t\t\t\t<img loading=\"lazy\" decoding=\"async\" width=\"768\" height=\"512\" src=\"https:\/\/www.elturistatranquil.com\/wp-content\/uploads\/F13-Moli-de-la-Conqueta-Sant-Feliu-de-Pallerols-Girona.jpg\" class=\"attachment-large size-large wp-image-40774\" alt=\"Moli de la Conqueta, Sant Feliu de Pallerols, Girona\" srcset=\"https:\/\/www.elturistatranquil.com\/wp-content\/uploads\/F13-Moli-de-la-Conqueta-Sant-Feliu-de-Pallerols-Girona.jpg 768w, https:\/\/www.elturistatranquil.com\/wp-content\/uploads\/F13-Moli-de-la-Conqueta-Sant-Feliu-de-Pallerols-Girona-339x226.jpg 339w\" sizes=\"(max-width: 768px) 100vw, 768px\" \/>\t\t\t\t\t\t\t\t\t\t\t<figcaption class=\"widget-image-caption wp-caption-text\"><\/figcaption>\n\t\t\t\t\t\t\t\t\t\t<\/figure>\n\t\t\t\t\t\t\t\t\t<\/div>\n\t\t\t\t<\/div>\n\t\t\t\t<div class=\"elementor-element elementor-element-81e2d56 elementor-widget elementor-widget-text-editor\" data-id=\"81e2d56\" data-element_type=\"widget\" data-e-type=\"widget\" data-widget_type=\"text-editor.default\">\n\t\t\t\t<div class=\"elementor-widget-container\">\n\t\t\t\t\t\t\t\t\t<p>No fou clausurat fins els anys 1960. Restaurat i muse\u00eftzat per iniciativa municipal, conserva molts dels elements originals en funcionament.<\/p>\t\t\t\t\t\t\t\t<\/div>\n\t\t\t\t<\/div>\n\t\t\t\t<div class=\"elementor-element elementor-element-7874fea elementor-widget elementor-widget-menu-anchor\" data-id=\"7874fea\" data-element_type=\"widget\" data-e-type=\"widget\" data-widget_type=\"menu-anchor.default\">\n\t\t\t\t<div class=\"elementor-widget-container\">\n\t\t\t\t\t\t\t<div class=\"elementor-menu-anchor\" id=\"c7405\"><\/div>\n\t\t\t\t\t\t<\/div>\n\t\t\t\t<\/div>\n\t\t\t\t<div class=\"elementor-element elementor-element-64da681 elementor-widget elementor-widget-image\" data-id=\"64da681\" data-element_type=\"widget\" data-e-type=\"widget\" data-widget_type=\"image.default\">\n\t\t\t\t<div class=\"elementor-widget-container\">\n\t\t\t\t\t\t\t\t\t\t\t\t<figure class=\"wp-caption\">\n\t\t\t\t\t\t\t\t\t\t<img loading=\"lazy\" decoding=\"async\" width=\"768\" height=\"512\" src=\"https:\/\/www.elturistatranquil.com\/wp-content\/uploads\/F14-Moli-de-la-Conqueta-Sant-Feliu-de-Pallerols-Girona.jpg\" class=\"attachment-large size-large wp-image-40776\" alt=\"Moli de la Conqueta, Sant Feliu de Pallerols, Girona\" srcset=\"https:\/\/www.elturistatranquil.com\/wp-content\/uploads\/F14-Moli-de-la-Conqueta-Sant-Feliu-de-Pallerols-Girona.jpg 768w, https:\/\/www.elturistatranquil.com\/wp-content\/uploads\/F14-Moli-de-la-Conqueta-Sant-Feliu-de-Pallerols-Girona-339x226.jpg 339w\" sizes=\"(max-width: 768px) 100vw, 768px\" \/>\t\t\t\t\t\t\t\t\t\t\t<figcaption class=\"widget-image-caption wp-caption-text\"><\/figcaption>\n\t\t\t\t\t\t\t\t\t\t<\/figure>\n\t\t\t\t\t\t\t\t\t<\/div>\n\t\t\t\t<\/div>\n\t\t\t\t<div class=\"elementor-element elementor-element-4b7287f elementor-widget elementor-widget-heading\" data-id=\"4b7287f\" data-element_type=\"widget\" data-e-type=\"widget\" data-widget_type=\"heading.default\">\n\t\t\t\t<div class=\"elementor-widget-container\">\n\t\t\t\t\t<h3 class=\"elementor-heading-title elementor-size-default\">Carrer del Reg<\/h3>\t\t\t\t<\/div>\n\t\t\t\t<\/div>\n\t\t\t\t<div class=\"elementor-element elementor-element-343038a elementor-widget elementor-widget-text-editor\" data-id=\"343038a\" data-element_type=\"widget\" data-e-type=\"widget\" data-widget_type=\"text-editor.default\">\n\t\t\t\t<div class=\"elementor-widget-container\">\n\t\t\t\t\t\t\t\t\t<p>Podem avan\u00e7ar pel <strong>carrer del Reg<\/strong> (<strong>b<\/strong>) per vorejar l\u2019edifici del moli.<\/p>\t\t\t\t\t\t\t\t<\/div>\n\t\t\t\t<\/div>\n\t\t\t\t<div class=\"elementor-element elementor-element-6ad2069 elementor-widget elementor-widget-image\" data-id=\"6ad2069\" data-element_type=\"widget\" data-e-type=\"widget\" data-widget_type=\"image.default\">\n\t\t\t\t<div class=\"elementor-widget-container\">\n\t\t\t\t\t\t\t\t\t\t\t\t<figure class=\"wp-caption\">\n\t\t\t\t\t\t\t\t\t\t<img loading=\"lazy\" decoding=\"async\" width=\"413\" height=\"550\" src=\"https:\/\/www.elturistatranquil.com\/wp-content\/uploads\/F15-Moli-de-la-Conqueta-Sant-Feliu-de-Pallerols-Girona.jpg\" class=\"attachment-large size-large wp-image-40778\" alt=\"Moli de la Conqueta, Sant Feliu de Pallerols, Girona\" srcset=\"https:\/\/www.elturistatranquil.com\/wp-content\/uploads\/F15-Moli-de-la-Conqueta-Sant-Feliu-de-Pallerols-Girona.jpg 413w, https:\/\/www.elturistatranquil.com\/wp-content\/uploads\/F15-Moli-de-la-Conqueta-Sant-Feliu-de-Pallerols-Girona-170x226.jpg 170w\" sizes=\"(max-width: 413px) 100vw, 413px\" \/>\t\t\t\t\t\t\t\t\t\t\t<figcaption class=\"widget-image-caption wp-caption-text\"><\/figcaption>\n\t\t\t\t\t\t\t\t\t\t<\/figure>\n\t\t\t\t\t\t\t\t\t<\/div>\n\t\t\t\t<\/div>\n\t\t\t\t<div class=\"elementor-element elementor-element-9a58760 elementor-widget elementor-widget-text-editor\" data-id=\"9a58760\" data-element_type=\"widget\" data-e-type=\"widget\" data-widget_type=\"text-editor.default\">\n\t\t\t\t<div class=\"elementor-widget-container\">\n\t\t\t\t\t\t\t\t\t<p>Des d\u2019aquest punt podem observar la part posterior dels edificis sobre el riu.<\/p>\t\t\t\t\t\t\t\t<\/div>\n\t\t\t\t<\/div>\n\t\t\t\t<div class=\"elementor-element elementor-element-35954e7 elementor-widget elementor-widget-image\" data-id=\"35954e7\" data-element_type=\"widget\" data-e-type=\"widget\" data-widget_type=\"image.default\">\n\t\t\t\t<div class=\"elementor-widget-container\">\n\t\t\t\t\t\t\t\t\t\t\t\t<figure class=\"wp-caption\">\n\t\t\t\t\t\t\t\t\t\t<img loading=\"lazy\" decoding=\"async\" width=\"768\" height=\"512\" src=\"https:\/\/www.elturistatranquil.com\/wp-content\/uploads\/F16-Moli-de-la-Conqueta-Sant-Feliu-de-Pallerols-Girona.jpg\" class=\"attachment-large size-large wp-image-40780\" alt=\"Moli de la Conqueta, Sant Feliu de Pallerols, Girona\" srcset=\"https:\/\/www.elturistatranquil.com\/wp-content\/uploads\/F16-Moli-de-la-Conqueta-Sant-Feliu-de-Pallerols-Girona.jpg 768w, https:\/\/www.elturistatranquil.com\/wp-content\/uploads\/F16-Moli-de-la-Conqueta-Sant-Feliu-de-Pallerols-Girona-339x226.jpg 339w\" sizes=\"(max-width: 768px) 100vw, 768px\" \/>\t\t\t\t\t\t\t\t\t\t\t<figcaption class=\"widget-image-caption wp-caption-text\"><\/figcaption>\n\t\t\t\t\t\t\t\t\t\t<\/figure>\n\t\t\t\t\t\t\t\t\t<\/div>\n\t\t\t\t<\/div>\n\t\t\t\t<div class=\"elementor-element elementor-element-698e3e3 elementor-widget elementor-widget-image\" data-id=\"698e3e3\" data-element_type=\"widget\" data-e-type=\"widget\" data-widget_type=\"image.default\">\n\t\t\t\t<div class=\"elementor-widget-container\">\n\t\t\t\t\t\t\t\t\t\t\t\t<figure class=\"wp-caption\">\n\t\t\t\t\t\t\t\t\t\t<img loading=\"lazy\" decoding=\"async\" width=\"768\" height=\"512\" src=\"https:\/\/www.elturistatranquil.com\/wp-content\/uploads\/F17-Moli-de-la-Conqueta-Sant-Feliu-de-Pallerols-Girona.jpg\" class=\"attachment-large size-large wp-image-40782\" alt=\"Moli de la Conqueta, Sant Feliu de Pallerols, Girona\" srcset=\"https:\/\/www.elturistatranquil.com\/wp-content\/uploads\/F17-Moli-de-la-Conqueta-Sant-Feliu-de-Pallerols-Girona.jpg 768w, https:\/\/www.elturistatranquil.com\/wp-content\/uploads\/F17-Moli-de-la-Conqueta-Sant-Feliu-de-Pallerols-Girona-339x226.jpg 339w\" sizes=\"(max-width: 768px) 100vw, 768px\" \/>\t\t\t\t\t\t\t\t\t\t\t<figcaption class=\"widget-image-caption wp-caption-text\"><\/figcaption>\n\t\t\t\t\t\t\t\t\t\t<\/figure>\n\t\t\t\t\t\t\t\t\t<\/div>\n\t\t\t\t<\/div>\n\t\t\t\t<div class=\"elementor-element elementor-element-b1fbeb5 elementor-widget elementor-widget-text-editor\" data-id=\"b1fbeb5\" data-element_type=\"widget\" data-e-type=\"widget\" data-widget_type=\"text-editor.default\">\n\t\t\t\t<div class=\"elementor-widget-container\">\n\t\t\t\t\t\t\t\t\t<p>La majoria de molins del terme de Sant Feliu es dedicaven a l&#8217;obtenci\u00f3 de farina, per\u00f2 tamb\u00e9 n&#8217;hi hagu\u00e9 de drapers, blanquejadors, i fins i tot un de xocolater (Mol\u00ed Gros).<\/p><p>El carrer del Reg corresponia al l\u00edmit nord de la muralla de la cellera.<\/p>\t\t\t\t\t\t\t\t<\/div>\n\t\t\t\t<\/div>\n\t\t\t\t<div class=\"elementor-element elementor-element-b2156a6 elementor-widget elementor-widget-menu-anchor\" data-id=\"b2156a6\" data-element_type=\"widget\" data-e-type=\"widget\" data-widget_type=\"menu-anchor.default\">\n\t\t\t\t<div class=\"elementor-widget-container\">\n\t\t\t\t\t\t\t<div class=\"elementor-menu-anchor\" id=\"c7406\"><\/div>\n\t\t\t\t\t\t<\/div>\n\t\t\t\t<\/div>\n\t\t\t\t<div class=\"elementor-element elementor-element-c681fb2 elementor-widget elementor-widget-image\" data-id=\"c681fb2\" data-element_type=\"widget\" data-e-type=\"widget\" data-widget_type=\"image.default\">\n\t\t\t\t<div class=\"elementor-widget-container\">\n\t\t\t\t\t\t\t\t\t\t\t\t<figure class=\"wp-caption\">\n\t\t\t\t\t\t\t\t\t\t<img loading=\"lazy\" decoding=\"async\" width=\"768\" height=\"512\" src=\"https:\/\/www.elturistatranquil.com\/wp-content\/uploads\/F18-Carrer-del-Reg-Sant-Feliu-de-Pallerols-Girona.jpg\" class=\"attachment-large size-large wp-image-40784\" alt=\"Carrer del Reg, Sant Feliu de Pallerols, Girona\" srcset=\"https:\/\/www.elturistatranquil.com\/wp-content\/uploads\/F18-Carrer-del-Reg-Sant-Feliu-de-Pallerols-Girona.jpg 768w, https:\/\/www.elturistatranquil.com\/wp-content\/uploads\/F18-Carrer-del-Reg-Sant-Feliu-de-Pallerols-Girona-339x226.jpg 339w\" sizes=\"(max-width: 768px) 100vw, 768px\" \/>\t\t\t\t\t\t\t\t\t\t\t<figcaption class=\"widget-image-caption wp-caption-text\"><\/figcaption>\n\t\t\t\t\t\t\t\t\t\t<\/figure>\n\t\t\t\t\t\t\t\t\t<\/div>\n\t\t\t\t<\/div>\n\t\t\t\t<div class=\"elementor-element elementor-element-b961683 elementor-widget elementor-widget-heading\" data-id=\"b961683\" data-element_type=\"widget\" data-e-type=\"widget\" data-widget_type=\"heading.default\">\n\t\t\t\t<div class=\"elementor-widget-container\">\n\t\t\t\t\t<h3 class=\"elementor-heading-title elementor-size-default\">Muralla i valls <\/h3>\t\t\t\t<\/div>\n\t\t\t\t<\/div>\n\t\t\t\t<div class=\"elementor-element elementor-element-bb7fd12 elementor-widget elementor-widget-text-editor\" data-id=\"bb7fd12\" data-element_type=\"widget\" data-e-type=\"widget\" data-widget_type=\"text-editor.default\">\n\t\t\t\t<div class=\"elementor-widget-container\">\n\t\t\t\t\t\t\t\t\t<p>Retornant a la placeta agafo el <strong>carrer dels Valls<\/strong> (<strong>c<\/strong>). Per aqu\u00ed passava la part de llevant de la \u00a0muralla que va edificar-se durant la segona meitat del segle XIV i principis del seg\u00fcent.<\/p><p>En un principi la funci\u00f3 de defensa quedava en segon pla, ja que els murs i els valls de viles com Sant Feliu s\u00f3n un intent de racionalitzaci\u00f3 de l&#8217;espai urban\u00edstic.<\/p><p>Al voltant de les muralles es delimitaven els <strong>valls<\/strong> que corresponen al terreny entre les muralles i les cases que mai podia ser edificat.<\/p>\t\t\t\t\t\t\t\t<\/div>\n\t\t\t\t<\/div>\n\t\t\t\t<div class=\"elementor-element elementor-element-79faf0f elementor-widget elementor-widget-menu-anchor\" data-id=\"79faf0f\" data-element_type=\"widget\" data-e-type=\"widget\" data-widget_type=\"menu-anchor.default\">\n\t\t\t\t<div class=\"elementor-widget-container\">\n\t\t\t\t\t\t\t<div class=\"elementor-menu-anchor\" id=\"c7407\"><\/div>\n\t\t\t\t\t\t<\/div>\n\t\t\t\t<\/div>\n\t\t\t\t<div class=\"elementor-element elementor-element-1f99ccc elementor-widget elementor-widget-image\" data-id=\"1f99ccc\" data-element_type=\"widget\" data-e-type=\"widget\" data-widget_type=\"image.default\">\n\t\t\t\t<div class=\"elementor-widget-container\">\n\t\t\t\t\t\t\t\t\t\t\t\t<figure class=\"wp-caption\">\n\t\t\t\t\t\t\t\t\t\t<img loading=\"lazy\" decoding=\"async\" width=\"768\" height=\"512\" src=\"https:\/\/www.elturistatranquil.com\/wp-content\/uploads\/F19-Muralla-y-valls-Sant-Feliu-de-Pallerols-Girona.jpg\" class=\"attachment-large size-large wp-image-40786\" alt=\"Muralla y valls, Sant Feliu de Pallerols, Girona\" srcset=\"https:\/\/www.elturistatranquil.com\/wp-content\/uploads\/F19-Muralla-y-valls-Sant-Feliu-de-Pallerols-Girona.jpg 768w, https:\/\/www.elturistatranquil.com\/wp-content\/uploads\/F19-Muralla-y-valls-Sant-Feliu-de-Pallerols-Girona-339x226.jpg 339w\" sizes=\"(max-width: 768px) 100vw, 768px\" \/>\t\t\t\t\t\t\t\t\t\t\t<figcaption class=\"widget-image-caption wp-caption-text\"><\/figcaption>\n\t\t\t\t\t\t\t\t\t\t<\/figure>\n\t\t\t\t\t\t\t\t\t<\/div>\n\t\t\t\t<\/div>\n\t\t\t\t<div class=\"elementor-element elementor-element-89de407 elementor-widget elementor-widget-heading\" data-id=\"89de407\" data-element_type=\"widget\" data-e-type=\"widget\" data-widget_type=\"heading.default\">\n\t\t\t\t<div class=\"elementor-widget-container\">\n\t\t\t\t\t<h3 class=\"elementor-heading-title elementor-size-default\">Pla\u00e7a de l\u2019Esgl\u00e9sia<\/h3>\t\t\t\t<\/div>\n\t\t\t\t<\/div>\n\t\t\t\t<div class=\"elementor-element elementor-element-1f29ed7 elementor-widget elementor-widget-text-editor\" data-id=\"1f29ed7\" data-element_type=\"widget\" data-e-type=\"widget\" data-widget_type=\"text-editor.default\">\n\t\t\t\t<div class=\"elementor-widget-container\">\n\t\t\t\t\t\t\t\t\t<p>Retorno un cop m\u00e9s a la placeta per seguir cap al sud fins a la <strong>pla\u00e7a de l\u2019Esgl\u00e9sia<\/strong> (<strong>d<\/strong>).<\/p><p>Entrem en l\u2019\u00e0mbit que corresponia a les <strong>cases de la sagrera<\/strong> (veure el primers pl\u00e0nols) que, com ja hem dit corresponia al terreny de 30 passes a la rodona d&#8217;una esgl\u00e9sia lliure de viol\u00e8ncia com a &#8220;sagrera osacrario&#8221; o \u201cespai sagrat&#8221;. Concedia protecci\u00f3 i immunitat a aquells que l\u2019habitessin.<\/p><p>La ampliaci\u00f3 de la sagrera s\u2019efectu\u00e0 a partir de 1310, originant la &#8220;cellera&#8221; o barri de la &#8220;vila nova&#8221;, nucli principal de la vila durant segles.<\/p><p>D&#8217;aquelles primeres cases no en queda pr\u00e0cticament cap resta, per\u00f2 als carrers a l&#8217;entorn de l&#8217;esgl\u00e9sia parroquial encara pot apreciar-se la parcel\u00b7laci\u00f3 medieval, amb cases de 4 o 4,5 metres d&#8217;amplada (fa\u00e7ana) i uns 7 de fond\u00e0ria.<\/p><p>Les cases de la sagrera de Sant Feliu s\u00f3n l&#8217;inici del primer nucli urb\u00e0 de la Vall d&#8217;Hostoles.<\/p><p>A la fotografia, una primera imatge de la pla\u00e7a de l\u2019Esgl\u00e9sia a principis del segle XX.<\/p>\t\t\t\t\t\t\t\t<\/div>\n\t\t\t\t<\/div>\n\t\t\t\t<div class=\"elementor-element elementor-element-3b19a81 elementor-widget elementor-widget-image\" data-id=\"3b19a81\" data-element_type=\"widget\" data-e-type=\"widget\" data-widget_type=\"image.default\">\n\t\t\t\t<div class=\"elementor-widget-container\">\n\t\t\t\t\t\t\t\t\t\t\t\t<figure class=\"wp-caption\">\n\t\t\t\t\t\t\t\t\t\t<img loading=\"lazy\" decoding=\"async\" width=\"768\" height=\"458\" src=\"https:\/\/www.elturistatranquil.com\/wp-content\/uploads\/F20a-Placa-de-lesglesia-a-principis-segle-XX.-Sant-Feliu-de-Pallerols-Girona.jpg\" class=\"attachment-large size-large wp-image-40788\" alt=\"Pla\u00e7a de l&#039;esglesia a principis segle XX. Sant Feliu de Pallerols, Girona\" srcset=\"https:\/\/www.elturistatranquil.com\/wp-content\/uploads\/F20a-Placa-de-lesglesia-a-principis-segle-XX.-Sant-Feliu-de-Pallerols-Girona.jpg 768w, https:\/\/www.elturistatranquil.com\/wp-content\/uploads\/F20a-Placa-de-lesglesia-a-principis-segle-XX.-Sant-Feliu-de-Pallerols-Girona-339x202.jpg 339w\" sizes=\"(max-width: 768px) 100vw, 768px\" \/>\t\t\t\t\t\t\t\t\t\t\t<figcaption class=\"widget-image-caption wp-caption-text\"><\/figcaption>\n\t\t\t\t\t\t\t\t\t\t<\/figure>\n\t\t\t\t\t\t\t\t\t<\/div>\n\t\t\t\t<\/div>\n\t\t\t\t<div class=\"elementor-element elementor-element-c3dbe45 elementor-widget elementor-widget-image\" data-id=\"c3dbe45\" data-element_type=\"widget\" data-e-type=\"widget\" data-widget_type=\"image.default\">\n\t\t\t\t<div class=\"elementor-widget-container\">\n\t\t\t\t\t\t\t\t\t\t\t\t<figure class=\"wp-caption\">\n\t\t\t\t\t\t\t\t\t\t<img loading=\"lazy\" decoding=\"async\" width=\"768\" height=\"512\" src=\"https:\/\/www.elturistatranquil.com\/wp-content\/uploads\/F20b-Placa-de-lesglesia-Sant-Feliu-de-Pallerols-Girona.jpg\" class=\"attachment-large size-large wp-image-40790\" alt=\"Pla\u00e7a de l&#039;esglesia, Sant Feliu de Pallerols, Girona\" srcset=\"https:\/\/www.elturistatranquil.com\/wp-content\/uploads\/F20b-Placa-de-lesglesia-Sant-Feliu-de-Pallerols-Girona.jpg 768w, https:\/\/www.elturistatranquil.com\/wp-content\/uploads\/F20b-Placa-de-lesglesia-Sant-Feliu-de-Pallerols-Girona-339x226.jpg 339w\" sizes=\"(max-width: 768px) 100vw, 768px\" \/>\t\t\t\t\t\t\t\t\t\t\t<figcaption class=\"widget-image-caption wp-caption-text\"><\/figcaption>\n\t\t\t\t\t\t\t\t\t\t<\/figure>\n\t\t\t\t\t\t\t\t\t<\/div>\n\t\t\t\t<\/div>\n\t\t\t\t<div class=\"elementor-element elementor-element-a09dbe9 elementor-widget elementor-widget-image\" data-id=\"a09dbe9\" data-element_type=\"widget\" data-e-type=\"widget\" data-widget_type=\"image.default\">\n\t\t\t\t<div class=\"elementor-widget-container\">\n\t\t\t\t\t\t\t\t\t\t\t\t<figure class=\"wp-caption\">\n\t\t\t\t\t\t\t\t\t\t<img loading=\"lazy\" decoding=\"async\" width=\"768\" height=\"512\" src=\"https:\/\/www.elturistatranquil.com\/wp-content\/uploads\/F21-Placa-de-lesglesia-Sant-Feliu-de-Pallerols-Girona.jpg\" class=\"attachment-large size-large wp-image-40792\" alt=\"Pla\u00e7a de l&#039;esglesia, Sant Feliu de Pallerols, Girona\" srcset=\"https:\/\/www.elturistatranquil.com\/wp-content\/uploads\/F21-Placa-de-lesglesia-Sant-Feliu-de-Pallerols-Girona.jpg 768w, https:\/\/www.elturistatranquil.com\/wp-content\/uploads\/F21-Placa-de-lesglesia-Sant-Feliu-de-Pallerols-Girona-339x226.jpg 339w\" sizes=\"(max-width: 768px) 100vw, 768px\" \/>\t\t\t\t\t\t\t\t\t\t\t<figcaption class=\"widget-image-caption wp-caption-text\"><\/figcaption>\n\t\t\t\t\t\t\t\t\t\t<\/figure>\n\t\t\t\t\t\t\t\t\t<\/div>\n\t\t\t\t<\/div>\n\t\t\t\t<div class=\"elementor-element elementor-element-7b368a0 elementor-widget elementor-widget-text-editor\" data-id=\"7b368a0\" data-element_type=\"widget\" data-e-type=\"widget\" data-widget_type=\"text-editor.default\">\n\t\t\t\t<div class=\"elementor-widget-container\">\n\t\t\t\t\t\t\t\t\t<p>Enigm\u00e0tica representaci\u00f3 d\u2019un vaixell en mig d\u2019un mar de tempesta en un finestral g\u00f2tic tapiat a Ca l\u2019Espardenyer.<\/p>\t\t\t\t\t\t\t\t<\/div>\n\t\t\t\t<\/div>\n\t\t\t\t<div class=\"elementor-element elementor-element-a256016 elementor-widget elementor-widget-image\" data-id=\"a256016\" data-element_type=\"widget\" data-e-type=\"widget\" data-widget_type=\"image.default\">\n\t\t\t\t<div class=\"elementor-widget-container\">\n\t\t\t\t\t\t\t\t\t\t\t\t<figure class=\"wp-caption\">\n\t\t\t\t\t\t\t\t\t\t<img loading=\"lazy\" decoding=\"async\" width=\"537\" height=\"550\" src=\"https:\/\/www.elturistatranquil.com\/wp-content\/uploads\/F22A-Placa-de-lesglesia-Sant-Feliu-de-Pallerols-Girona.jpg\" class=\"attachment-large size-large wp-image-40794\" alt=\"Pla\u00e7a de l&#039;esglesia, Sant Feliu de Pallerols, Girona\" srcset=\"https:\/\/www.elturistatranquil.com\/wp-content\/uploads\/F22A-Placa-de-lesglesia-Sant-Feliu-de-Pallerols-Girona.jpg 537w, https:\/\/www.elturistatranquil.com\/wp-content\/uploads\/F22A-Placa-de-lesglesia-Sant-Feliu-de-Pallerols-Girona-221x226.jpg 221w\" sizes=\"(max-width: 537px) 100vw, 537px\" \/>\t\t\t\t\t\t\t\t\t\t\t<figcaption class=\"widget-image-caption wp-caption-text\"><\/figcaption>\n\t\t\t\t\t\t\t\t\t\t<\/figure>\n\t\t\t\t\t\t\t\t\t<\/div>\n\t\t\t\t<\/div>\n\t\t\t\t<div class=\"elementor-element elementor-element-96053c5 elementor-widget elementor-widget-image\" data-id=\"96053c5\" data-element_type=\"widget\" data-e-type=\"widget\" data-widget_type=\"image.default\">\n\t\t\t\t<div class=\"elementor-widget-container\">\n\t\t\t\t\t\t\t\t\t\t\t\t<figure class=\"wp-caption\">\n\t\t\t\t\t\t\t\t\t\t<img loading=\"lazy\" decoding=\"async\" width=\"768\" height=\"512\" src=\"https:\/\/www.elturistatranquil.com\/wp-content\/uploads\/F22b-Ca-lEspardenyer-Sant-Feliu-de-Pallerols-Girona.jpg\" class=\"attachment-large size-large wp-image-40796\" alt=\"Ca l\u2019Espardenyer, Sant Feliu de Pallerols, Girona\" srcset=\"https:\/\/www.elturistatranquil.com\/wp-content\/uploads\/F22b-Ca-lEspardenyer-Sant-Feliu-de-Pallerols-Girona.jpg 768w, https:\/\/www.elturistatranquil.com\/wp-content\/uploads\/F22b-Ca-lEspardenyer-Sant-Feliu-de-Pallerols-Girona-339x226.jpg 339w\" sizes=\"(max-width: 768px) 100vw, 768px\" \/>\t\t\t\t\t\t\t\t\t\t\t<figcaption class=\"widget-image-caption wp-caption-text\"><\/figcaption>\n\t\t\t\t\t\t\t\t\t\t<\/figure>\n\t\t\t\t\t\t\t\t\t<\/div>\n\t\t\t\t<\/div>\n\t\t\t\t<div class=\"elementor-element elementor-element-08dda3b elementor-widget elementor-widget-image\" data-id=\"08dda3b\" data-element_type=\"widget\" data-e-type=\"widget\" data-widget_type=\"image.default\">\n\t\t\t\t<div class=\"elementor-widget-container\">\n\t\t\t\t\t\t\t\t\t\t\t\t<figure class=\"wp-caption\">\n\t\t\t\t\t\t\t\t\t\t<img loading=\"lazy\" decoding=\"async\" width=\"768\" height=\"512\" src=\"https:\/\/www.elturistatranquil.com\/wp-content\/uploads\/F23-Placa-de-lesglesia-Sant-Feliu-de-Pallerols-Girona.jpg\" class=\"attachment-large size-large wp-image-40798\" alt=\"Pla\u00e7a de l&#039;esglesia, Sant Feliu de Pallerols, Girona\" srcset=\"https:\/\/www.elturistatranquil.com\/wp-content\/uploads\/F23-Placa-de-lesglesia-Sant-Feliu-de-Pallerols-Girona.jpg 768w, https:\/\/www.elturistatranquil.com\/wp-content\/uploads\/F23-Placa-de-lesglesia-Sant-Feliu-de-Pallerols-Girona-339x226.jpg 339w\" sizes=\"(max-width: 768px) 100vw, 768px\" \/>\t\t\t\t\t\t\t\t\t\t\t<figcaption class=\"widget-image-caption wp-caption-text\"><\/figcaption>\n\t\t\t\t\t\t\t\t\t\t<\/figure>\n\t\t\t\t\t\t\t\t\t<\/div>\n\t\t\t\t<\/div>\n\t\t\t\t<div class=\"elementor-element elementor-element-dd09071 elementor-widget elementor-widget-text-editor\" data-id=\"dd09071\" data-element_type=\"widget\" data-e-type=\"widget\" data-widget_type=\"text-editor.default\">\n\t\t\t\t<div class=\"elementor-widget-container\">\n\t\t\t\t\t\t\t\t\t<p>Com el seu nom indica, presideix la pla\u00e7a l\u2019<strong>esgl\u00e9sia parroquial de Sant Feliu de Pallerols<\/strong> (<strong>5<\/strong>).<\/p><p>L&#8217;any 1039 ja hi ha refer\u00e8ncies de l\u2019exist\u00e8ncia d&#8217;una parr\u00f2quia a Sant Feliu de Pallerols. Segurament es tractava de l&#8217;esgl\u00e9sia rom\u00e0nica, que els terratr\u00e8mols del 1427 i 1428 van ensorrar. Posteriorment, i de forma gradual, a partir del segle XVI, es constru\u00ed l&#8217;actual d&#8217;estil g\u00f2tic rural amb una sola nau, amb quatre capelles laterals per banda. M\u00e9s endavant es va construir la fa\u00e7ana i el campanar amb grans carreus on es llegeixen les dates de construcci\u00f3: 1604, 1605, 1606 i 1614. El temple fou bene\u00eft el 1632.<\/p><p>Durant la Guerra Civil l&#8217;esgl\u00e9sia parroquial pat\u00ed grans danys i fou utilitzada com a polvor\u00ed.<\/p>\t\t\t\t\t\t\t\t<\/div>\n\t\t\t\t<\/div>\n\t\t\t\t<div class=\"elementor-element elementor-element-ffb04ef elementor-widget elementor-widget-image\" data-id=\"ffb04ef\" data-element_type=\"widget\" data-e-type=\"widget\" data-widget_type=\"image.default\">\n\t\t\t\t<div class=\"elementor-widget-container\">\n\t\t\t\t\t\t\t\t\t\t\t\t<figure class=\"wp-caption\">\n\t\t\t\t\t\t\t\t\t\t<img loading=\"lazy\" decoding=\"async\" width=\"768\" height=\"512\" src=\"https:\/\/www.elturistatranquil.com\/wp-content\/uploads\/F24-Eesglesia-de-Sant-Feliu-de-Pallerols-Girona.jpg\" class=\"attachment-large size-large wp-image-40800\" alt=\"Esglesia de Sant Feliu de Pallerols, Girona\" srcset=\"https:\/\/www.elturistatranquil.com\/wp-content\/uploads\/F24-Eesglesia-de-Sant-Feliu-de-Pallerols-Girona.jpg 768w, https:\/\/www.elturistatranquil.com\/wp-content\/uploads\/F24-Eesglesia-de-Sant-Feliu-de-Pallerols-Girona-339x226.jpg 339w\" sizes=\"(max-width: 768px) 100vw, 768px\" \/>\t\t\t\t\t\t\t\t\t\t\t<figcaption class=\"widget-image-caption wp-caption-text\"><\/figcaption>\n\t\t\t\t\t\t\t\t\t\t<\/figure>\n\t\t\t\t\t\t\t\t\t<\/div>\n\t\t\t\t<\/div>\n\t\t\t\t<div class=\"elementor-element elementor-element-d8f9e7b elementor-widget elementor-widget-image\" data-id=\"d8f9e7b\" data-element_type=\"widget\" data-e-type=\"widget\" data-widget_type=\"image.default\">\n\t\t\t\t<div class=\"elementor-widget-container\">\n\t\t\t\t\t\t\t\t\t\t\t\t<figure class=\"wp-caption\">\n\t\t\t\t\t\t\t\t\t\t<img loading=\"lazy\" decoding=\"async\" width=\"768\" height=\"512\" src=\"https:\/\/www.elturistatranquil.com\/wp-content\/uploads\/F24b-Eesglesia-de-Sant-Feliu-de-Pallerols-Girona.jpg\" class=\"attachment-large size-large wp-image-40806\" alt=\"Esglesia de Sant Feliu de Pallerols, Girona\" srcset=\"https:\/\/www.elturistatranquil.com\/wp-content\/uploads\/F24b-Eesglesia-de-Sant-Feliu-de-Pallerols-Girona.jpg 768w, https:\/\/www.elturistatranquil.com\/wp-content\/uploads\/F24b-Eesglesia-de-Sant-Feliu-de-Pallerols-Girona-339x226.jpg 339w\" sizes=\"(max-width: 768px) 100vw, 768px\" \/>\t\t\t\t\t\t\t\t\t\t\t<figcaption class=\"widget-image-caption wp-caption-text\"><\/figcaption>\n\t\t\t\t\t\t\t\t\t\t<\/figure>\n\t\t\t\t\t\t\t\t\t<\/div>\n\t\t\t\t<\/div>\n\t\t\t\t<div class=\"elementor-element elementor-element-f9f1657 elementor-widget elementor-widget-menu-anchor\" data-id=\"f9f1657\" data-element_type=\"widget\" data-e-type=\"widget\" data-widget_type=\"menu-anchor.default\">\n\t\t\t\t<div class=\"elementor-widget-container\">\n\t\t\t\t\t\t\t<div class=\"elementor-menu-anchor\" id=\"c7408\"><\/div>\n\t\t\t\t\t\t<\/div>\n\t\t\t\t<\/div>\n\t\t\t\t<div class=\"elementor-element elementor-element-7e8621d elementor-widget elementor-widget-image\" data-id=\"7e8621d\" data-element_type=\"widget\" data-e-type=\"widget\" data-widget_type=\"image.default\">\n\t\t\t\t<div class=\"elementor-widget-container\">\n\t\t\t\t\t\t\t\t\t\t\t\t<figure class=\"wp-caption\">\n\t\t\t\t\t\t\t\t\t\t<img loading=\"lazy\" decoding=\"async\" width=\"768\" height=\"512\" src=\"https:\/\/www.elturistatranquil.com\/wp-content\/uploads\/F25-Eesglesia-de-Sant-Feliu-de-Pallerols-Girona.jpg\" class=\"attachment-large size-large wp-image-40802\" alt=\"Esglesia de Sant Feliu de Pallerols, Girona\" srcset=\"https:\/\/www.elturistatranquil.com\/wp-content\/uploads\/F25-Eesglesia-de-Sant-Feliu-de-Pallerols-Girona.jpg 768w, https:\/\/www.elturistatranquil.com\/wp-content\/uploads\/F25-Eesglesia-de-Sant-Feliu-de-Pallerols-Girona-339x226.jpg 339w\" sizes=\"(max-width: 768px) 100vw, 768px\" \/>\t\t\t\t\t\t\t\t\t\t\t<figcaption class=\"widget-image-caption wp-caption-text\"><\/figcaption>\n\t\t\t\t\t\t\t\t\t\t<\/figure>\n\t\t\t\t\t\t\t\t\t<\/div>\n\t\t\t\t<\/div>\n\t\t\t\t<div class=\"elementor-element elementor-element-edd9a13 elementor-widget elementor-widget-heading\" data-id=\"edd9a13\" data-element_type=\"widget\" data-e-type=\"widget\" data-widget_type=\"heading.default\">\n\t\t\t\t<div class=\"elementor-widget-container\">\n\t\t\t\t\t<h3 class=\"elementor-heading-title elementor-size-default\">Carrer Sant Antoni i carrer Major<\/h3>\t\t\t\t<\/div>\n\t\t\t\t<\/div>\n\t\t\t\t<div class=\"elementor-element elementor-element-3a6a056 elementor-widget elementor-widget-text-editor\" data-id=\"3a6a056\" data-element_type=\"widget\" data-e-type=\"widget\" data-widget_type=\"text-editor.default\">\n\t\t\t\t<div class=\"elementor-widget-container\">\n\t\t\t\t\t\t\t\t\t<p>Seguint el mur de la fa\u00e7ana de l\u2019esgl\u00e9sia, a la dreta s\u2019obre el <strong>carrer Sant Antoni<\/strong> (<strong>e<\/strong>). \u00a0<\/p>\t\t\t\t\t\t\t\t<\/div>\n\t\t\t\t<\/div>\n\t\t\t\t<div class=\"elementor-element elementor-element-39b851e elementor-widget elementor-widget-image\" data-id=\"39b851e\" data-element_type=\"widget\" data-e-type=\"widget\" data-widget_type=\"image.default\">\n\t\t\t\t<div class=\"elementor-widget-container\">\n\t\t\t\t\t\t\t\t\t\t\t\t<figure class=\"wp-caption\">\n\t\t\t\t\t\t\t\t\t\t<img loading=\"lazy\" decoding=\"async\" width=\"768\" height=\"512\" src=\"https:\/\/www.elturistatranquil.com\/wp-content\/uploads\/F26-Carrer-de-Sant-Antoni-Sant-Feliu-de-Pallerols-Girona.jpg\" class=\"attachment-large size-large wp-image-40804\" alt=\"Carrer de Sant Antoni, Sant Feliu de Pallerols, Girona\" srcset=\"https:\/\/www.elturistatranquil.com\/wp-content\/uploads\/F26-Carrer-de-Sant-Antoni-Sant-Feliu-de-Pallerols-Girona.jpg 768w, https:\/\/www.elturistatranquil.com\/wp-content\/uploads\/F26-Carrer-de-Sant-Antoni-Sant-Feliu-de-Pallerols-Girona-339x226.jpg 339w\" sizes=\"(max-width: 768px) 100vw, 768px\" \/>\t\t\t\t\t\t\t\t\t\t\t<figcaption class=\"widget-image-caption wp-caption-text\"><\/figcaption>\n\t\t\t\t\t\t\t\t\t\t<\/figure>\n\t\t\t\t\t\t\t\t\t<\/div>\n\t\t\t\t<\/div>\n\t\t\t\t<div class=\"elementor-element elementor-element-9366cfa elementor-widget elementor-widget-text-editor\" data-id=\"9366cfa\" data-element_type=\"widget\" data-e-type=\"widget\" data-widget_type=\"text-editor.default\">\n\t\t\t\t<div class=\"elementor-widget-container\">\n\t\t\t\t\t\t\t\t\t<p>A meitat del carrer tenim perpendicularment el que era el <strong>carrer Major<\/strong> (<strong>f<\/strong>). Ens dona una idea de la significaci\u00f3 d\u2019aquells carrers medievals.<\/p><p>Dues imatges del carrer Major vist des dels dos extrems.<\/p>\t\t\t\t\t\t\t\t<\/div>\n\t\t\t\t<\/div>\n\t\t\t\t<div class=\"elementor-element elementor-element-96a80e9 elementor-widget elementor-widget-image\" data-id=\"96a80e9\" data-element_type=\"widget\" data-e-type=\"widget\" data-widget_type=\"image.default\">\n\t\t\t\t<div class=\"elementor-widget-container\">\n\t\t\t\t\t\t\t\t\t\t\t\t<figure class=\"wp-caption\">\n\t\t\t\t\t\t\t\t\t\t<img loading=\"lazy\" decoding=\"async\" width=\"768\" height=\"512\" src=\"https:\/\/www.elturistatranquil.com\/wp-content\/uploads\/F27-Carrer-Major-Sant-Feliu-de-Pallerols-Girona.jpg\" class=\"attachment-large size-large wp-image-40812\" alt=\"Carrer Major, Sant Feliu de Pallerols, Girona\" srcset=\"https:\/\/www.elturistatranquil.com\/wp-content\/uploads\/F27-Carrer-Major-Sant-Feliu-de-Pallerols-Girona.jpg 768w, https:\/\/www.elturistatranquil.com\/wp-content\/uploads\/F27-Carrer-Major-Sant-Feliu-de-Pallerols-Girona-339x226.jpg 339w\" sizes=\"(max-width: 768px) 100vw, 768px\" \/>\t\t\t\t\t\t\t\t\t\t\t<figcaption class=\"widget-image-caption wp-caption-text\"><\/figcaption>\n\t\t\t\t\t\t\t\t\t\t<\/figure>\n\t\t\t\t\t\t\t\t\t<\/div>\n\t\t\t\t<\/div>\n\t\t\t\t<div class=\"elementor-element elementor-element-17d1ca2 elementor-widget elementor-widget-menu-anchor\" data-id=\"17d1ca2\" data-element_type=\"widget\" data-e-type=\"widget\" data-widget_type=\"menu-anchor.default\">\n\t\t\t\t<div class=\"elementor-widget-container\">\n\t\t\t\t\t\t\t<div class=\"elementor-menu-anchor\" id=\"c7409\"><\/div>\n\t\t\t\t\t\t<\/div>\n\t\t\t\t<\/div>\n\t\t\t\t<div class=\"elementor-element elementor-element-283e7c3 elementor-widget elementor-widget-image\" data-id=\"283e7c3\" data-element_type=\"widget\" data-e-type=\"widget\" data-widget_type=\"image.default\">\n\t\t\t\t<div class=\"elementor-widget-container\">\n\t\t\t\t\t\t\t\t\t\t\t\t<figure class=\"wp-caption\">\n\t\t\t\t\t\t\t\t\t\t<img loading=\"lazy\" decoding=\"async\" width=\"768\" height=\"512\" src=\"https:\/\/www.elturistatranquil.com\/wp-content\/uploads\/F28-Carrer-Major-Sant-Feliu-de-Pallerols-Girona.jpg\" class=\"attachment-large size-large wp-image-40814\" alt=\"Carrer Major, Sant Feliu de Pallerols, Girona\" srcset=\"https:\/\/www.elturistatranquil.com\/wp-content\/uploads\/F28-Carrer-Major-Sant-Feliu-de-Pallerols-Girona.jpg 768w, https:\/\/www.elturistatranquil.com\/wp-content\/uploads\/F28-Carrer-Major-Sant-Feliu-de-Pallerols-Girona-339x226.jpg 339w\" sizes=\"(max-width: 768px) 100vw, 768px\" \/>\t\t\t\t\t\t\t\t\t\t\t<figcaption class=\"widget-image-caption wp-caption-text\"><\/figcaption>\n\t\t\t\t\t\t\t\t\t\t<\/figure>\n\t\t\t\t\t\t\t\t\t<\/div>\n\t\t\t\t<\/div>\n\t\t\t\t<div class=\"elementor-element elementor-element-fd67102 elementor-widget elementor-widget-heading\" data-id=\"fd67102\" data-element_type=\"widget\" data-e-type=\"widget\" data-widget_type=\"heading.default\">\n\t\t\t\t<div class=\"elementor-widget-container\">\n\t\t\t\t\t<h3 class=\"elementor-heading-title elementor-size-default\">Pla\u00e7a del Firal<\/h3>\t\t\t\t<\/div>\n\t\t\t\t<\/div>\n\t\t\t\t<div class=\"elementor-element elementor-element-fc67d15 elementor-widget elementor-widget-text-editor\" data-id=\"fc67d15\" data-element_type=\"widget\" data-e-type=\"widget\" data-widget_type=\"text-editor.default\">\n\t\t\t\t<div class=\"elementor-widget-container\">\n\t\t\t\t\t\t\t\t\t<p>Sortim de la sagrera i la cellera per entrar a la <strong>pla\u00e7a del Firal<\/strong> (<strong>g<\/strong>).<\/p><p>La pla\u00e7a de forma trapezoidal amb arbres centenaris, fa segles era una explanada als afores del nucli emmurallat que limitava amb el Mas Soler (Casa Prat). Anomenada en els seus inicis com <strong>Prat<\/strong> i <strong>Pla\u00e7a Verda<\/strong>.<\/p><p>Era lloc de trobada dels habitants de la Vall d&#8217;Hostoles i d&#8217;altres contrades per fer-hi intercanvis comercials.<\/p><p>A l&#8217;any 1393, gr\u00e0cies a un privilegi concedit pel vescomte d&#8217;Hostoles, Guerau de Rocabert\u00ed, s&#8217;hi celebr\u00e0 la Fira de Santa Ll\u00facia (13 de desembre), actualment encara vigent.<\/p><p>A principis del segle XV era el lloc de les reunions i convocat\u00f2ries de la Universitat de la Vall, moltes d&#8217;elles de car\u00e0cter hist\u00f2ric per la seva transcend\u00e8ncia en les guerres remences.<\/p><p>Imatge hist\u00f2rica i l\u2019actual amb l\u2019edifici de l\u2019<strong>Ajuntament<\/strong> al costat de la capella.<\/p>\t\t\t\t\t\t\t\t<\/div>\n\t\t\t\t<\/div>\n\t\t\t\t<div class=\"elementor-element elementor-element-eabbb30 elementor-widget elementor-widget-image\" data-id=\"eabbb30\" data-element_type=\"widget\" data-e-type=\"widget\" data-widget_type=\"image.default\">\n\t\t\t\t<div class=\"elementor-widget-container\">\n\t\t\t\t\t\t\t\t\t\t\t\t<figure class=\"wp-caption\">\n\t\t\t\t\t\t\t\t\t\t<img loading=\"lazy\" decoding=\"async\" width=\"768\" height=\"452\" src=\"https:\/\/www.elturistatranquil.com\/wp-content\/uploads\/F29-Placa-de-firal-Sant-Feliu-de-Pallerols-Girona.jpg\" class=\"attachment-large size-large wp-image-40816\" alt=\"Pla\u00e7a de firal, Sant Feliu de Pallerols, Girona\" srcset=\"https:\/\/www.elturistatranquil.com\/wp-content\/uploads\/F29-Placa-de-firal-Sant-Feliu-de-Pallerols-Girona.jpg 768w, https:\/\/www.elturistatranquil.com\/wp-content\/uploads\/F29-Placa-de-firal-Sant-Feliu-de-Pallerols-Girona-339x200.jpg 339w\" sizes=\"(max-width: 768px) 100vw, 768px\" \/>\t\t\t\t\t\t\t\t\t\t\t<figcaption class=\"widget-image-caption wp-caption-text\"><\/figcaption>\n\t\t\t\t\t\t\t\t\t\t<\/figure>\n\t\t\t\t\t\t\t\t\t<\/div>\n\t\t\t\t<\/div>\n\t\t\t\t<div class=\"elementor-element elementor-element-fc5b560 elementor-widget elementor-widget-image\" data-id=\"fc5b560\" data-element_type=\"widget\" data-e-type=\"widget\" data-widget_type=\"image.default\">\n\t\t\t\t<div class=\"elementor-widget-container\">\n\t\t\t\t\t\t\t\t\t\t\t\t<figure class=\"wp-caption\">\n\t\t\t\t\t\t\t\t\t\t<img loading=\"lazy\" decoding=\"async\" width=\"768\" height=\"512\" src=\"https:\/\/www.elturistatranquil.com\/wp-content\/uploads\/F30-Placa-de-firal-Sant-Feliu-de-Pallerols-Girona.jpg\" class=\"attachment-large size-large wp-image-40818\" alt=\"Pla\u00e7a de firal, Sant Feliu de Pallerols, Girona\" srcset=\"https:\/\/www.elturistatranquil.com\/wp-content\/uploads\/F30-Placa-de-firal-Sant-Feliu-de-Pallerols-Girona.jpg 768w, https:\/\/www.elturistatranquil.com\/wp-content\/uploads\/F30-Placa-de-firal-Sant-Feliu-de-Pallerols-Girona-339x226.jpg 339w\" sizes=\"(max-width: 768px) 100vw, 768px\" \/>\t\t\t\t\t\t\t\t\t\t\t<figcaption class=\"widget-image-caption wp-caption-text\"><\/figcaption>\n\t\t\t\t\t\t\t\t\t\t<\/figure>\n\t\t\t\t\t\t\t\t\t<\/div>\n\t\t\t\t<\/div>\n\t\t\t\t<div class=\"elementor-element elementor-element-e55a6ec elementor-widget elementor-widget-text-editor\" data-id=\"e55a6ec\" data-element_type=\"widget\" data-e-type=\"widget\" data-widget_type=\"text-editor.default\">\n\t\t\t\t<div class=\"elementor-widget-container\">\n\t\t\t\t\t\t\t\t\t<p>El lateral nord-est de la pla\u00e7a configura la muralla de la cellera per aquesta part.<\/p>\t\t\t\t\t\t\t\t<\/div>\n\t\t\t\t<\/div>\n\t\t\t\t<div class=\"elementor-element elementor-element-5903e7f elementor-widget elementor-widget-image\" data-id=\"5903e7f\" data-element_type=\"widget\" data-e-type=\"widget\" data-widget_type=\"image.default\">\n\t\t\t\t<div class=\"elementor-widget-container\">\n\t\t\t\t\t\t\t\t\t\t\t\t<figure class=\"wp-caption\">\n\t\t\t\t\t\t\t\t\t\t<img loading=\"lazy\" decoding=\"async\" width=\"768\" height=\"512\" src=\"https:\/\/www.elturistatranquil.com\/wp-content\/uploads\/F31-Placa-de-firal-Sant-Feliu-de-Pallerols-Girona.jpg\" class=\"attachment-large size-large wp-image-40820\" alt=\"Pla\u00e7a de firal, Sant Feliu de Pallerols, Girona\" srcset=\"https:\/\/www.elturistatranquil.com\/wp-content\/uploads\/F31-Placa-de-firal-Sant-Feliu-de-Pallerols-Girona.jpg 768w, https:\/\/www.elturistatranquil.com\/wp-content\/uploads\/F31-Placa-de-firal-Sant-Feliu-de-Pallerols-Girona-339x226.jpg 339w\" sizes=\"(max-width: 768px) 100vw, 768px\" \/>\t\t\t\t\t\t\t\t\t\t\t<figcaption class=\"widget-image-caption wp-caption-text\"><\/figcaption>\n\t\t\t\t\t\t\t\t\t\t<\/figure>\n\t\t\t\t\t\t\t\t\t<\/div>\n\t\t\t\t<\/div>\n\t\t\t\t<div class=\"elementor-element elementor-element-c55cea2 elementor-widget elementor-widget-text-editor\" data-id=\"c55cea2\" data-element_type=\"widget\" data-e-type=\"widget\" data-widget_type=\"text-editor.default\">\n\t\t\t\t<div class=\"elementor-widget-container\">\n\t\t\t\t\t\t\t\t\t<p>Al centre de la pla\u00e7a la font del \u201clago\u201d de 1925 que el poble de Sant Feliu dedic\u00e0 l\u2019any 2008 al centenari dels arbres del Firal.<\/p>\t\t\t\t\t\t\t\t<\/div>\n\t\t\t\t<\/div>\n\t\t\t\t<div class=\"elementor-element elementor-element-9aa79a6 elementor-widget elementor-widget-image\" data-id=\"9aa79a6\" data-element_type=\"widget\" data-e-type=\"widget\" data-widget_type=\"image.default\">\n\t\t\t\t<div class=\"elementor-widget-container\">\n\t\t\t\t\t\t\t\t\t\t\t\t<figure class=\"wp-caption\">\n\t\t\t\t\t\t\t\t\t\t<img loading=\"lazy\" decoding=\"async\" width=\"768\" height=\"512\" src=\"https:\/\/www.elturistatranquil.com\/wp-content\/uploads\/F32-Placa-de-firal-Sant-Feliu-de-Pallerols-Girona.jpg\" class=\"attachment-large size-large wp-image-40822\" alt=\"Pla\u00e7a de firal, Sant Feliu de Pallerols, Girona\" srcset=\"https:\/\/www.elturistatranquil.com\/wp-content\/uploads\/F32-Placa-de-firal-Sant-Feliu-de-Pallerols-Girona.jpg 768w, https:\/\/www.elturistatranquil.com\/wp-content\/uploads\/F32-Placa-de-firal-Sant-Feliu-de-Pallerols-Girona-339x226.jpg 339w\" sizes=\"(max-width: 768px) 100vw, 768px\" \/>\t\t\t\t\t\t\t\t\t\t\t<figcaption class=\"widget-image-caption wp-caption-text\"><\/figcaption>\n\t\t\t\t\t\t\t\t\t\t<\/figure>\n\t\t\t\t\t\t\t\t\t<\/div>\n\t\t\t\t<\/div>\n\t\t\t\t<div class=\"elementor-element elementor-element-503ed1f elementor-widget elementor-widget-image\" data-id=\"503ed1f\" data-element_type=\"widget\" data-e-type=\"widget\" data-widget_type=\"image.default\">\n\t\t\t\t<div class=\"elementor-widget-container\">\n\t\t\t\t\t\t\t\t\t\t\t\t<figure class=\"wp-caption\">\n\t\t\t\t\t\t\t\t\t\t<img loading=\"lazy\" decoding=\"async\" width=\"768\" height=\"512\" src=\"https:\/\/www.elturistatranquil.com\/wp-content\/uploads\/F33-Placa-de-firal-Sant-Feliu-de-Pallerols-Girona.jpg\" class=\"attachment-large size-large wp-image-40824\" alt=\"Pla\u00e7a de firal, Sant Feliu de Pallerols, Girona\" srcset=\"https:\/\/www.elturistatranquil.com\/wp-content\/uploads\/F33-Placa-de-firal-Sant-Feliu-de-Pallerols-Girona.jpg 768w, https:\/\/www.elturistatranquil.com\/wp-content\/uploads\/F33-Placa-de-firal-Sant-Feliu-de-Pallerols-Girona-339x226.jpg 339w\" sizes=\"(max-width: 768px) 100vw, 768px\" \/>\t\t\t\t\t\t\t\t\t\t\t<figcaption class=\"widget-image-caption wp-caption-text\"><\/figcaption>\n\t\t\t\t\t\t\t\t\t\t<\/figure>\n\t\t\t\t\t\t\t\t\t<\/div>\n\t\t\t\t<\/div>\n\t\t\t\t<div class=\"elementor-element elementor-element-bfa2ea5 elementor-widget elementor-widget-text-editor\" data-id=\"bfa2ea5\" data-element_type=\"widget\" data-e-type=\"widget\" data-widget_type=\"text-editor.default\">\n\t\t\t\t<div class=\"elementor-widget-container\">\n\t\t\t\t\t\t\t\t\t<p>Per tot arreu es conserven mostres dels anys de puixan\u00e7a de la vila als segles XVI-XVIII. Nom\u00e9s cal estar atent a les llindes de portes i finestres. Aqu\u00ed de l\u2019any 1705. Tamb\u00e9 del catolicisme imperant.<\/p>\t\t\t\t\t\t\t\t<\/div>\n\t\t\t\t<\/div>\n\t\t\t\t<div class=\"elementor-element elementor-element-2ee7847 elementor-widget elementor-widget-menu-anchor\" data-id=\"2ee7847\" data-element_type=\"widget\" data-e-type=\"widget\" data-widget_type=\"menu-anchor.default\">\n\t\t\t\t<div class=\"elementor-widget-container\">\n\t\t\t\t\t\t\t<div class=\"elementor-menu-anchor\" id=\"c7410\"><\/div>\n\t\t\t\t\t\t<\/div>\n\t\t\t\t<\/div>\n\t\t\t\t<div class=\"elementor-element elementor-element-dcfae6e elementor-widget elementor-widget-image\" data-id=\"dcfae6e\" data-element_type=\"widget\" data-e-type=\"widget\" data-widget_type=\"image.default\">\n\t\t\t\t<div class=\"elementor-widget-container\">\n\t\t\t\t\t\t\t\t\t\t\t\t<figure class=\"wp-caption\">\n\t\t\t\t\t\t\t\t\t\t<img loading=\"lazy\" decoding=\"async\" width=\"513\" height=\"550\" src=\"https:\/\/www.elturistatranquil.com\/wp-content\/uploads\/F34-Placa-de-firal-Sant-Feliu-de-Pallerols-Girona.jpg\" class=\"attachment-large size-large wp-image-40826\" alt=\"Pla\u00e7a de firal, Sant Feliu de Pallerols, Girona\" srcset=\"https:\/\/www.elturistatranquil.com\/wp-content\/uploads\/F34-Placa-de-firal-Sant-Feliu-de-Pallerols-Girona.jpg 513w, https:\/\/www.elturistatranquil.com\/wp-content\/uploads\/F34-Placa-de-firal-Sant-Feliu-de-Pallerols-Girona-211x226.jpg 211w\" sizes=\"(max-width: 513px) 100vw, 513px\" \/>\t\t\t\t\t\t\t\t\t\t\t<figcaption class=\"widget-image-caption wp-caption-text\"><\/figcaption>\n\t\t\t\t\t\t\t\t\t\t<\/figure>\n\t\t\t\t\t\t\t\t\t<\/div>\n\t\t\t\t<\/div>\n\t\t\t\t<div class=\"elementor-element elementor-element-1887283 elementor-widget elementor-widget-heading\" data-id=\"1887283\" data-element_type=\"widget\" data-e-type=\"widget\" data-widget_type=\"heading.default\">\n\t\t\t\t<div class=\"elementor-widget-container\">\n\t\t\t\t\t<h3 class=\"elementor-heading-title elementor-size-default\">La Conqueta<\/h3>\t\t\t\t<\/div>\n\t\t\t\t<\/div>\n\t\t\t\t<div class=\"elementor-element elementor-element-74c60f4 elementor-widget elementor-widget-text-editor\" data-id=\"74c60f4\" data-element_type=\"widget\" data-e-type=\"widget\" data-widget_type=\"text-editor.default\">\n\t\t\t\t<div class=\"elementor-widget-container\">\n\t\t\t\t\t\t\t\t\t<p>A l\u2019angle nord-oest del costat de la cellera comunica amb el carrer del Reg i permet l\u2019acc\u00e9s al riu.<\/p>\t\t\t\t\t\t\t\t<\/div>\n\t\t\t\t<\/div>\n\t\t\t\t<div class=\"elementor-element elementor-element-590c9e7 elementor-widget elementor-widget-image\" data-id=\"590c9e7\" data-element_type=\"widget\" data-e-type=\"widget\" data-widget_type=\"image.default\">\n\t\t\t\t<div class=\"elementor-widget-container\">\n\t\t\t\t\t\t\t\t\t\t\t\t<figure class=\"wp-caption\">\n\t\t\t\t\t\t\t\t\t\t<img loading=\"lazy\" decoding=\"async\" width=\"768\" height=\"512\" src=\"https:\/\/www.elturistatranquil.com\/wp-content\/uploads\/F35-Sant-Feliu-de-Pallerols-Girona.jpg\" class=\"attachment-large size-large wp-image-40828\" alt=\"Sant Feliu de Pallerols, Girona\" srcset=\"https:\/\/www.elturistatranquil.com\/wp-content\/uploads\/F35-Sant-Feliu-de-Pallerols-Girona.jpg 768w, https:\/\/www.elturistatranquil.com\/wp-content\/uploads\/F35-Sant-Feliu-de-Pallerols-Girona-339x226.jpg 339w\" sizes=\"(max-width: 768px) 100vw, 768px\" \/>\t\t\t\t\t\t\t\t\t\t\t<figcaption class=\"widget-image-caption wp-caption-text\"><\/figcaption>\n\t\t\t\t\t\t\t\t\t\t<\/figure>\n\t\t\t\t\t\t\t\t\t<\/div>\n\t\t\t\t<\/div>\n\t\t\t\t<div class=\"elementor-element elementor-element-0829fb6 elementor-widget elementor-widget-text-editor\" data-id=\"0829fb6\" data-element_type=\"widget\" data-e-type=\"widget\" data-widget_type=\"text-editor.default\">\n\t\t\t\t<div class=\"elementor-widget-container\">\n\t\t\t\t\t\t\t\t\t<p>Entrem en contacte amb la <strong>Conqueta<\/strong> (<strong>6<\/strong>) que va donar nom al mol\u00ed.<\/p>\t\t\t\t\t\t\t\t<\/div>\n\t\t\t\t<\/div>\n\t\t\t\t<div class=\"elementor-element elementor-element-8b2902c elementor-widget elementor-widget-image\" data-id=\"8b2902c\" data-element_type=\"widget\" data-e-type=\"widget\" data-widget_type=\"image.default\">\n\t\t\t\t<div class=\"elementor-widget-container\">\n\t\t\t\t\t\t\t\t\t\t\t\t<figure class=\"wp-caption\">\n\t\t\t\t\t\t\t\t\t\t<img loading=\"lazy\" decoding=\"async\" width=\"768\" height=\"512\" src=\"https:\/\/www.elturistatranquil.com\/wp-content\/uploads\/F36-ConquetaSant-Feliu-de-Pallerols-Girona.jpg\" class=\"attachment-large size-large wp-image-40830\" alt=\"Conqueta,Sant Feliu de Pallerols, Girona\" srcset=\"https:\/\/www.elturistatranquil.com\/wp-content\/uploads\/F36-ConquetaSant-Feliu-de-Pallerols-Girona.jpg 768w, https:\/\/www.elturistatranquil.com\/wp-content\/uploads\/F36-ConquetaSant-Feliu-de-Pallerols-Girona-339x226.jpg 339w\" sizes=\"(max-width: 768px) 100vw, 768px\" \/>\t\t\t\t\t\t\t\t\t\t\t<figcaption class=\"widget-image-caption wp-caption-text\"><\/figcaption>\n\t\t\t\t\t\t\t\t\t\t<\/figure>\n\t\t\t\t\t\t\t\t\t<\/div>\n\t\t\t\t<\/div>\n\t\t\t\t<div class=\"elementor-element elementor-element-d0dfd23 elementor-widget elementor-widget-text-editor\" data-id=\"d0dfd23\" data-element_type=\"widget\" data-e-type=\"widget\" data-widget_type=\"text-editor.default\">\n\t\t\t\t<div class=\"elementor-widget-container\">\n\t\t\t\t\t\t\t\t\t<p>D\u2019aquesta resclosa sortia el canal d\u2019abastiment del mol\u00ed.<\/p>\t\t\t\t\t\t\t\t<\/div>\n\t\t\t\t<\/div>\n\t\t\t\t<div class=\"elementor-element elementor-element-61988d6 elementor-widget elementor-widget-image\" data-id=\"61988d6\" data-element_type=\"widget\" data-e-type=\"widget\" data-widget_type=\"image.default\">\n\t\t\t\t<div class=\"elementor-widget-container\">\n\t\t\t\t\t\t\t\t\t\t\t\t<figure class=\"wp-caption\">\n\t\t\t\t\t\t\t\t\t\t<img loading=\"lazy\" decoding=\"async\" width=\"768\" height=\"512\" src=\"https:\/\/www.elturistatranquil.com\/wp-content\/uploads\/F37-ConquetaSant-Feliu-de-Pallerols-Girona.jpg\" class=\"attachment-large size-large wp-image-40832\" alt=\"Conqueta,Sant Feliu de Pallerols, Girona\" srcset=\"https:\/\/www.elturistatranquil.com\/wp-content\/uploads\/F37-ConquetaSant-Feliu-de-Pallerols-Girona.jpg 768w, https:\/\/www.elturistatranquil.com\/wp-content\/uploads\/F37-ConquetaSant-Feliu-de-Pallerols-Girona-339x226.jpg 339w\" sizes=\"(max-width: 768px) 100vw, 768px\" \/>\t\t\t\t\t\t\t\t\t\t\t<figcaption class=\"widget-image-caption wp-caption-text\"><\/figcaption>\n\t\t\t\t\t\t\t\t\t\t<\/figure>\n\t\t\t\t\t\t\t\t\t<\/div>\n\t\t\t\t<\/div>\n\t\t\t\t<div class=\"elementor-element elementor-element-f5952c6 elementor-widget elementor-widget-text-editor\" data-id=\"f5952c6\" data-element_type=\"widget\" data-e-type=\"widget\" data-widget_type=\"text-editor.default\">\n\t\t\t\t<div class=\"elementor-widget-container\">\n\t\t\t\t\t\t\t\t\t<p>Retornant a la pla\u00e7a del Firal podem acostar-nos a la <strong>capella del Roser<\/strong> (<strong>7<\/strong>).<\/p><p>Ubicada a l&#8217;espai on s&#8217;havia dut a terme la Fira de Santa Ll\u00facia fins al segle XV. La capella del Roser va ser fundada el 1565, convertint-se r\u00e0pidament en un dels centres de culte m\u00e9s estimats de la vila. Al segle XIX es van impulsar diverses remodelacions del temple tal com mostra la inscripci\u00f3 de la llinda de la porta (1.863). Durant la Guerra Civil, el temple va patir moltes destrosses i posteriorment va ser reconstru\u00eft.<\/p><p>El campanar de la capella del Roser \u00e9s un dels pocs elements barrocs del poble que queden dempeus.<\/p>\t\t\t\t\t\t\t\t<\/div>\n\t\t\t\t<\/div>\n\t\t\t\t<div class=\"elementor-element elementor-element-a1d4c5b elementor-widget elementor-widget-image\" data-id=\"a1d4c5b\" data-element_type=\"widget\" data-e-type=\"widget\" data-widget_type=\"image.default\">\n\t\t\t\t<div class=\"elementor-widget-container\">\n\t\t\t\t\t\t\t\t\t\t\t\t<figure class=\"wp-caption\">\n\t\t\t\t\t\t\t\t\t\t<img loading=\"lazy\" decoding=\"async\" width=\"413\" height=\"550\" src=\"https:\/\/www.elturistatranquil.com\/wp-content\/uploads\/F38-Capella-del-RoserSant-Feliu-de-Pallerols-Girona.jpg\" class=\"attachment-large size-large wp-image-40834\" alt=\"Capella del Roser,Sant Feliu de Pallerols, Girona\" srcset=\"https:\/\/www.elturistatranquil.com\/wp-content\/uploads\/F38-Capella-del-RoserSant-Feliu-de-Pallerols-Girona.jpg 413w, https:\/\/www.elturistatranquil.com\/wp-content\/uploads\/F38-Capella-del-RoserSant-Feliu-de-Pallerols-Girona-170x226.jpg 170w\" sizes=\"(max-width: 413px) 100vw, 413px\" \/>\t\t\t\t\t\t\t\t\t\t\t<figcaption class=\"widget-image-caption wp-caption-text\"><\/figcaption>\n\t\t\t\t\t\t\t\t\t\t<\/figure>\n\t\t\t\t\t\t\t\t\t<\/div>\n\t\t\t\t<\/div>\n\t\t\t\t<div class=\"elementor-element elementor-element-eb52c86 elementor-widget elementor-widget-image\" data-id=\"eb52c86\" data-element_type=\"widget\" data-e-type=\"widget\" data-widget_type=\"image.default\">\n\t\t\t\t<div class=\"elementor-widget-container\">\n\t\t\t\t\t\t\t\t\t\t\t\t<figure class=\"wp-caption\">\n\t\t\t\t\t\t\t\t\t\t<img loading=\"lazy\" decoding=\"async\" width=\"768\" height=\"512\" src=\"https:\/\/www.elturistatranquil.com\/wp-content\/uploads\/F39-Capella-del-RoserSant-Feliu-de-Pallerols-Girona.jpg\" class=\"attachment-large size-large wp-image-40836\" alt=\"Capella del Roser,Sant Feliu de Pallerols, Girona\" srcset=\"https:\/\/www.elturistatranquil.com\/wp-content\/uploads\/F39-Capella-del-RoserSant-Feliu-de-Pallerols-Girona.jpg 768w, https:\/\/www.elturistatranquil.com\/wp-content\/uploads\/F39-Capella-del-RoserSant-Feliu-de-Pallerols-Girona-339x226.jpg 339w\" sizes=\"(max-width: 768px) 100vw, 768px\" \/>\t\t\t\t\t\t\t\t\t\t\t<figcaption class=\"widget-image-caption wp-caption-text\"><\/figcaption>\n\t\t\t\t\t\t\t\t\t\t<\/figure>\n\t\t\t\t\t\t\t\t\t<\/div>\n\t\t\t\t<\/div>\n\t\t\t\t<div class=\"elementor-element elementor-element-ff1890f elementor-widget elementor-widget-text-editor\" data-id=\"ff1890f\" data-element_type=\"widget\" data-e-type=\"widget\" data-widget_type=\"text-editor.default\">\n\t\t\t\t<div class=\"elementor-widget-container\">\n\t\t\t\t\t\t\t\t\t<p>Part posterior de la capella del Roser.<\/p>\t\t\t\t\t\t\t\t<\/div>\n\t\t\t\t<\/div>\n\t\t\t\t<div class=\"elementor-element elementor-element-0ba2a2b elementor-widget elementor-widget-image\" data-id=\"0ba2a2b\" data-element_type=\"widget\" data-e-type=\"widget\" data-widget_type=\"image.default\">\n\t\t\t\t<div class=\"elementor-widget-container\">\n\t\t\t\t\t\t\t\t\t\t\t\t<figure class=\"wp-caption\">\n\t\t\t\t\t\t\t\t\t\t<img loading=\"lazy\" decoding=\"async\" width=\"768\" height=\"512\" src=\"https:\/\/www.elturistatranquil.com\/wp-content\/uploads\/F40-Capella-del-RoserSant-Feliu-de-Pallerols-Girona.jpg\" class=\"attachment-large size-large wp-image-40838\" alt=\"Capella del Roser,Sant Feliu de Pallerols, Girona\" srcset=\"https:\/\/www.elturistatranquil.com\/wp-content\/uploads\/F40-Capella-del-RoserSant-Feliu-de-Pallerols-Girona.jpg 768w, https:\/\/www.elturistatranquil.com\/wp-content\/uploads\/F40-Capella-del-RoserSant-Feliu-de-Pallerols-Girona-339x226.jpg 339w\" sizes=\"(max-width: 768px) 100vw, 768px\" \/>\t\t\t\t\t\t\t\t\t\t\t<figcaption class=\"widget-image-caption wp-caption-text\"><\/figcaption>\n\t\t\t\t\t\t\t\t\t\t<\/figure>\n\t\t\t\t\t\t\t\t\t<\/div>\n\t\t\t\t<\/div>\n\t\t\t\t<div class=\"elementor-element elementor-element-8e7d554 elementor-widget elementor-widget-text-editor\" data-id=\"8e7d554\" data-element_type=\"widget\" data-e-type=\"widget\" data-widget_type=\"text-editor.default\">\n\t\t\t\t<div class=\"elementor-widget-container\">\n\t\t\t\t\t\t\t\t\t<p>Cam\u00ed de la <strong>carretera de la F\u00e0brega<\/strong> (<strong>h<\/strong>) continuem podent datar les edificacions (1731).<\/p>\t\t\t\t\t\t\t\t<\/div>\n\t\t\t\t<\/div>\n\t\t\t\t<div class=\"elementor-element elementor-element-e2023c9 elementor-widget elementor-widget-image\" data-id=\"e2023c9\" data-element_type=\"widget\" data-e-type=\"widget\" data-widget_type=\"image.default\">\n\t\t\t\t<div class=\"elementor-widget-container\">\n\t\t\t\t\t\t\t\t\t\t\t\t<figure class=\"wp-caption\">\n\t\t\t\t\t\t\t\t\t\t<img loading=\"lazy\" decoding=\"async\" width=\"768\" height=\"512\" src=\"https:\/\/www.elturistatranquil.com\/wp-content\/uploads\/F41-Sant-Feliu-de-Pallerols-Girona.jpg\" class=\"attachment-large size-large wp-image-40840\" alt=\"Sant Feliu de Pallerols, Girona\" srcset=\"https:\/\/www.elturistatranquil.com\/wp-content\/uploads\/F41-Sant-Feliu-de-Pallerols-Girona.jpg 768w, https:\/\/www.elturistatranquil.com\/wp-content\/uploads\/F41-Sant-Feliu-de-Pallerols-Girona-339x226.jpg 339w\" sizes=\"(max-width: 768px) 100vw, 768px\" \/>\t\t\t\t\t\t\t\t\t\t\t<figcaption class=\"widget-image-caption wp-caption-text\"><\/figcaption>\n\t\t\t\t\t\t\t\t\t\t<\/figure>\n\t\t\t\t\t\t\t\t\t<\/div>\n\t\t\t\t<\/div>\n\t\t\t\t<div class=\"elementor-element elementor-element-c685cd4 elementor-widget elementor-widget-menu-anchor\" data-id=\"c685cd4\" data-element_type=\"widget\" data-e-type=\"widget\" data-widget_type=\"menu-anchor.default\">\n\t\t\t\t<div class=\"elementor-widget-container\">\n\t\t\t\t\t\t\t<div class=\"elementor-menu-anchor\" id=\"c7411\"><\/div>\n\t\t\t\t\t\t<\/div>\n\t\t\t\t<\/div>\n\t\t\t\t<div class=\"elementor-element elementor-element-9127ef8 elementor-widget elementor-widget-image\" data-id=\"9127ef8\" data-element_type=\"widget\" data-e-type=\"widget\" data-widget_type=\"image.default\">\n\t\t\t\t<div class=\"elementor-widget-container\">\n\t\t\t\t\t\t\t\t\t\t\t\t<figure class=\"wp-caption\">\n\t\t\t\t\t\t\t\t\t\t<img loading=\"lazy\" decoding=\"async\" width=\"768\" height=\"512\" src=\"https:\/\/www.elturistatranquil.com\/wp-content\/uploads\/F42-Sant-Feliu-de-Pallerols-Girona.jpg\" class=\"attachment-large size-large wp-image-40842\" alt=\"Sant Feliu de Pallerols, Girona\" srcset=\"https:\/\/www.elturistatranquil.com\/wp-content\/uploads\/F42-Sant-Feliu-de-Pallerols-Girona.jpg 768w, https:\/\/www.elturistatranquil.com\/wp-content\/uploads\/F42-Sant-Feliu-de-Pallerols-Girona-339x226.jpg 339w\" sizes=\"(max-width: 768px) 100vw, 768px\" \/>\t\t\t\t\t\t\t\t\t\t\t<figcaption class=\"widget-image-caption wp-caption-text\"><\/figcaption>\n\t\t\t\t\t\t\t\t\t\t<\/figure>\n\t\t\t\t\t\t\t\t\t<\/div>\n\t\t\t\t<\/div>\n\t\t\t\t<div class=\"elementor-element elementor-element-49b3d45 elementor-widget elementor-widget-heading\" data-id=\"49b3d45\" data-element_type=\"widget\" data-e-type=\"widget\" data-widget_type=\"heading.default\">\n\t\t\t\t<div class=\"elementor-widget-container\">\n\t\t\t\t\t<h3 class=\"elementor-heading-title elementor-size-default\">L\u2019embarcador<\/h3>\t\t\t\t<\/div>\n\t\t\t\t<\/div>\n\t\t\t\t<div class=\"elementor-element elementor-element-c26c9f9 elementor-widget elementor-widget-text-editor\" data-id=\"c26c9f9\" data-element_type=\"widget\" data-e-type=\"widget\" data-widget_type=\"text-editor.default\">\n\t\t\t\t<div class=\"elementor-widget-container\">\n\t\t\t\t\t\t\t\t\t<p>Baixo fins el costat del riu al que s\u2019anomena <strong>l\u2019embarcador <\/strong>(<strong>8<\/strong>), situat darrere de la casa anomenada\u00a0 Can Manel, antigament era utilitzat per guanyar espai del torrent de l&#8217;Ombert. \u00c9s un dels racons m\u00e9s pintorescos de la vila.<\/p>\t\t\t\t\t\t\t\t<\/div>\n\t\t\t\t<\/div>\n\t\t\t\t<div class=\"elementor-element elementor-element-d80475b elementor-widget elementor-widget-image\" data-id=\"d80475b\" data-element_type=\"widget\" data-e-type=\"widget\" data-widget_type=\"image.default\">\n\t\t\t\t<div class=\"elementor-widget-container\">\n\t\t\t\t\t\t\t\t\t\t\t\t<figure class=\"wp-caption\">\n\t\t\t\t\t\t\t\t\t\t<img loading=\"lazy\" decoding=\"async\" width=\"768\" height=\"512\" src=\"https:\/\/www.elturistatranquil.com\/wp-content\/uploads\/F43-Embarcador-Sant-Feliu-de-Pallerols-Girona.jpg\" class=\"attachment-large size-large wp-image-40844\" alt=\"Embarcador, Sant Feliu de Pallerols, Girona\" srcset=\"https:\/\/www.elturistatranquil.com\/wp-content\/uploads\/F43-Embarcador-Sant-Feliu-de-Pallerols-Girona.jpg 768w, https:\/\/www.elturistatranquil.com\/wp-content\/uploads\/F43-Embarcador-Sant-Feliu-de-Pallerols-Girona-339x226.jpg 339w\" sizes=\"(max-width: 768px) 100vw, 768px\" \/>\t\t\t\t\t\t\t\t\t\t\t<figcaption class=\"widget-image-caption wp-caption-text\"><\/figcaption>\n\t\t\t\t\t\t\t\t\t\t<\/figure>\n\t\t\t\t\t\t\t\t\t<\/div>\n\t\t\t\t<\/div>\n\t\t\t\t<div class=\"elementor-element elementor-element-bea5506 elementor-widget elementor-widget-image\" data-id=\"bea5506\" data-element_type=\"widget\" data-e-type=\"widget\" data-widget_type=\"image.default\">\n\t\t\t\t<div class=\"elementor-widget-container\">\n\t\t\t\t\t\t\t\t\t\t\t\t<figure class=\"wp-caption\">\n\t\t\t\t\t\t\t\t\t\t<img loading=\"lazy\" decoding=\"async\" width=\"768\" height=\"512\" src=\"https:\/\/www.elturistatranquil.com\/wp-content\/uploads\/F44-Embarcador-Sant-Feliu-de-Pallerols-Girona.jpg\" class=\"attachment-large size-large wp-image-40846\" alt=\"Embarcador, Sant Feliu de Pallerols, Girona\" srcset=\"https:\/\/www.elturistatranquil.com\/wp-content\/uploads\/F44-Embarcador-Sant-Feliu-de-Pallerols-Girona.jpg 768w, https:\/\/www.elturistatranquil.com\/wp-content\/uploads\/F44-Embarcador-Sant-Feliu-de-Pallerols-Girona-339x226.jpg 339w\" sizes=\"(max-width: 768px) 100vw, 768px\" \/>\t\t\t\t\t\t\t\t\t\t\t<figcaption class=\"widget-image-caption wp-caption-text\"><\/figcaption>\n\t\t\t\t\t\t\t\t\t\t<\/figure>\n\t\t\t\t\t\t\t\t\t<\/div>\n\t\t\t\t<\/div>\n\t\t\t\t<div class=\"elementor-element elementor-element-c8d633b elementor-widget elementor-widget-menu-anchor\" data-id=\"c8d633b\" data-element_type=\"widget\" data-e-type=\"widget\" data-widget_type=\"menu-anchor.default\">\n\t\t\t\t<div class=\"elementor-widget-container\">\n\t\t\t\t\t\t\t<div class=\"elementor-menu-anchor\" id=\"c7412\"><\/div>\n\t\t\t\t\t\t<\/div>\n\t\t\t\t<\/div>\n\t\t\t\t<div class=\"elementor-element elementor-element-848c9b5 elementor-widget elementor-widget-image\" data-id=\"848c9b5\" data-element_type=\"widget\" data-e-type=\"widget\" data-widget_type=\"image.default\">\n\t\t\t\t<div class=\"elementor-widget-container\">\n\t\t\t\t\t\t\t\t\t\t\t\t<figure class=\"wp-caption\">\n\t\t\t\t\t\t\t\t\t\t<img loading=\"lazy\" decoding=\"async\" width=\"768\" height=\"512\" src=\"https:\/\/www.elturistatranquil.com\/wp-content\/uploads\/F45-Embarcador-Sant-Feliu-de-Pallerols-Girona.jpg\" class=\"attachment-large size-large wp-image-40848\" alt=\"Embarcador, Sant Feliu de Pallerols, Girona\" srcset=\"https:\/\/www.elturistatranquil.com\/wp-content\/uploads\/F45-Embarcador-Sant-Feliu-de-Pallerols-Girona.jpg 768w, https:\/\/www.elturistatranquil.com\/wp-content\/uploads\/F45-Embarcador-Sant-Feliu-de-Pallerols-Girona-339x226.jpg 339w\" sizes=\"(max-width: 768px) 100vw, 768px\" \/>\t\t\t\t\t\t\t\t\t\t\t<figcaption class=\"widget-image-caption wp-caption-text\"><\/figcaption>\n\t\t\t\t\t\t\t\t\t\t<\/figure>\n\t\t\t\t\t\t\t\t\t<\/div>\n\t\t\t\t<\/div>\n\t\t\t\t<div class=\"elementor-element elementor-element-0c9fdcd elementor-widget elementor-widget-heading\" data-id=\"0c9fdcd\" data-element_type=\"widget\" data-e-type=\"widget\" data-widget_type=\"heading.default\">\n\t\t\t\t<div class=\"elementor-widget-container\">\n\t\t\t\t\t<h3 class=\"elementor-heading-title elementor-size-default\">Carrer de Viola<\/h3>\t\t\t\t<\/div>\n\t\t\t\t<\/div>\n\t\t\t\t<div class=\"elementor-element elementor-element-e7cee9d elementor-widget elementor-widget-text-editor\" data-id=\"e7cee9d\" data-element_type=\"widget\" data-e-type=\"widget\" data-widget_type=\"text-editor.default\">\n\t\t\t\t<div class=\"elementor-widget-container\">\n\t\t\t\t\t\t\t\t\t<p>Novament a la pla\u00e7a del Firal, ara prendre el <strong>carrer de Viola<\/strong> (<strong>i<\/strong>), que arrenca de la part central del costat sud.<\/p>\t\t\t\t\t\t\t\t<\/div>\n\t\t\t\t<\/div>\n\t\t\t\t<div class=\"elementor-element elementor-element-1bbde16 elementor-widget elementor-widget-image\" data-id=\"1bbde16\" data-element_type=\"widget\" data-e-type=\"widget\" data-widget_type=\"image.default\">\n\t\t\t\t<div class=\"elementor-widget-container\">\n\t\t\t\t\t\t\t\t\t\t\t\t<figure class=\"wp-caption\">\n\t\t\t\t\t\t\t\t\t\t<img loading=\"lazy\" decoding=\"async\" width=\"768\" height=\"512\" src=\"https:\/\/www.elturistatranquil.com\/wp-content\/uploads\/F46-Carrer-Viola-Sant-Feliu-de-Pallerols-Girona.jpg\" class=\"attachment-large size-large wp-image-40850\" alt=\"Carrer Viola, Sant Feliu de Pallerols, Girona\" srcset=\"https:\/\/www.elturistatranquil.com\/wp-content\/uploads\/F46-Carrer-Viola-Sant-Feliu-de-Pallerols-Girona.jpg 768w, https:\/\/www.elturistatranquil.com\/wp-content\/uploads\/F46-Carrer-Viola-Sant-Feliu-de-Pallerols-Girona-339x226.jpg 339w\" sizes=\"(max-width: 768px) 100vw, 768px\" \/>\t\t\t\t\t\t\t\t\t\t\t<figcaption class=\"widget-image-caption wp-caption-text\"><\/figcaption>\n\t\t\t\t\t\t\t\t\t\t<\/figure>\n\t\t\t\t\t\t\t\t\t<\/div>\n\t\t\t\t<\/div>\n\t\t\t\t<div class=\"elementor-element elementor-element-efb1e7b elementor-widget elementor-widget-text-editor\" data-id=\"efb1e7b\" data-element_type=\"widget\" data-e-type=\"widget\" data-widget_type=\"text-editor.default\">\n\t\t\t\t<div class=\"elementor-widget-container\">\n\t\t\t\t\t\t\t\t\t<p>A la cru\u00eflla amb el carrer dels Valls es forma una placeta amb diversos edificis t\u00edpics d\u2019arquitectura tradicional senyorial: parets de ma\u00e7oneria, obertures i cantonades de cadirat fi, porta d\u2019arc de mig punt amb grans dovelles a l\u2019estil catal\u00e0.<\/p>\t\t\t\t\t\t\t\t<\/div>\n\t\t\t\t<\/div>\n\t\t\t\t<div class=\"elementor-element elementor-element-54ef74e elementor-widget elementor-widget-image\" data-id=\"54ef74e\" data-element_type=\"widget\" data-e-type=\"widget\" data-widget_type=\"image.default\">\n\t\t\t\t<div class=\"elementor-widget-container\">\n\t\t\t\t\t\t\t\t\t\t\t\t<figure class=\"wp-caption\">\n\t\t\t\t\t\t\t\t\t\t<img loading=\"lazy\" decoding=\"async\" width=\"768\" height=\"512\" src=\"https:\/\/www.elturistatranquil.com\/wp-content\/uploads\/F47-Carrer-Viola-Sant-Feliu-de-Pallerols-Girona.jpg\" class=\"attachment-large size-large wp-image-40852\" alt=\"Carrer Viola, Sant Feliu de Pallerols, Girona\" srcset=\"https:\/\/www.elturistatranquil.com\/wp-content\/uploads\/F47-Carrer-Viola-Sant-Feliu-de-Pallerols-Girona.jpg 768w, https:\/\/www.elturistatranquil.com\/wp-content\/uploads\/F47-Carrer-Viola-Sant-Feliu-de-Pallerols-Girona-339x226.jpg 339w\" sizes=\"(max-width: 768px) 100vw, 768px\" \/>\t\t\t\t\t\t\t\t\t\t\t<figcaption class=\"widget-image-caption wp-caption-text\"><\/figcaption>\n\t\t\t\t\t\t\t\t\t\t<\/figure>\n\t\t\t\t\t\t\t\t\t<\/div>\n\t\t\t\t<\/div>\n\t\t\t\t<div class=\"elementor-element elementor-element-661f5b7 elementor-widget elementor-widget-text-editor\" data-id=\"661f5b7\" data-element_type=\"widget\" data-e-type=\"widget\" data-widget_type=\"text-editor.default\">\n\t\t\t\t<div class=\"elementor-widget-container\">\n\t\t\t\t\t\t\t\t\t<p>Aqu\u00ed tenim l\u2019any 1622.<\/p>\t\t\t\t\t\t\t\t<\/div>\n\t\t\t\t<\/div>\n\t\t\t\t<div class=\"elementor-element elementor-element-37c4cc4 elementor-widget elementor-widget-image\" data-id=\"37c4cc4\" data-element_type=\"widget\" data-e-type=\"widget\" data-widget_type=\"image.default\">\n\t\t\t\t<div class=\"elementor-widget-container\">\n\t\t\t\t\t\t\t\t\t\t\t\t<figure class=\"wp-caption\">\n\t\t\t\t\t\t\t\t\t\t<img loading=\"lazy\" decoding=\"async\" width=\"768\" height=\"512\" src=\"https:\/\/www.elturistatranquil.com\/wp-content\/uploads\/F48-Carrer-Viola-Sant-Feliu-de-Pallerols-Girona.jpg\" class=\"attachment-large size-large wp-image-40854\" alt=\"Carrer Viola, Sant Feliu de Pallerols, Girona\" srcset=\"https:\/\/www.elturistatranquil.com\/wp-content\/uploads\/F48-Carrer-Viola-Sant-Feliu-de-Pallerols-Girona.jpg 768w, https:\/\/www.elturistatranquil.com\/wp-content\/uploads\/F48-Carrer-Viola-Sant-Feliu-de-Pallerols-Girona-339x226.jpg 339w\" sizes=\"(max-width: 768px) 100vw, 768px\" \/>\t\t\t\t\t\t\t\t\t\t\t<figcaption class=\"widget-image-caption wp-caption-text\"><\/figcaption>\n\t\t\t\t\t\t\t\t\t\t<\/figure>\n\t\t\t\t\t\t\t\t\t<\/div>\n\t\t\t\t<\/div>\n\t\t\t\t<div class=\"elementor-element elementor-element-a97c200 elementor-widget elementor-widget-image\" data-id=\"a97c200\" data-element_type=\"widget\" data-e-type=\"widget\" data-widget_type=\"image.default\">\n\t\t\t\t<div class=\"elementor-widget-container\">\n\t\t\t\t\t\t\t\t\t\t\t\t<figure class=\"wp-caption\">\n\t\t\t\t\t\t\t\t\t\t<img loading=\"lazy\" decoding=\"async\" width=\"768\" height=\"512\" src=\"https:\/\/www.elturistatranquil.com\/wp-content\/uploads\/F49-Carrer-Viola-Sant-Feliu-de-Pallerols-Girona.jpg\" class=\"attachment-large size-large wp-image-40856\" alt=\"Carrer Viola, Sant Feliu de Pallerols, Girona\" srcset=\"https:\/\/www.elturistatranquil.com\/wp-content\/uploads\/F49-Carrer-Viola-Sant-Feliu-de-Pallerols-Girona.jpg 768w, https:\/\/www.elturistatranquil.com\/wp-content\/uploads\/F49-Carrer-Viola-Sant-Feliu-de-Pallerols-Girona-339x226.jpg 339w\" sizes=\"(max-width: 768px) 100vw, 768px\" \/>\t\t\t\t\t\t\t\t\t\t\t<figcaption class=\"widget-image-caption wp-caption-text\"><\/figcaption>\n\t\t\t\t\t\t\t\t\t\t<\/figure>\n\t\t\t\t\t\t\t\t\t<\/div>\n\t\t\t\t<\/div>\n\t\t\t\t<div class=\"elementor-element elementor-element-bb447ed elementor-widget elementor-widget-menu-anchor\" data-id=\"bb447ed\" data-element_type=\"widget\" data-e-type=\"widget\" data-widget_type=\"menu-anchor.default\">\n\t\t\t\t<div class=\"elementor-widget-container\">\n\t\t\t\t\t\t\t<div class=\"elementor-menu-anchor\" id=\"c7413\"><\/div>\n\t\t\t\t\t\t<\/div>\n\t\t\t\t<\/div>\n\t\t\t\t<div class=\"elementor-element elementor-element-01eb20d elementor-widget elementor-widget-image\" data-id=\"01eb20d\" data-element_type=\"widget\" data-e-type=\"widget\" data-widget_type=\"image.default\">\n\t\t\t\t<div class=\"elementor-widget-container\">\n\t\t\t\t\t\t\t\t\t\t\t\t<figure class=\"wp-caption\">\n\t\t\t\t\t\t\t\t\t\t<img loading=\"lazy\" decoding=\"async\" width=\"768\" height=\"512\" src=\"https:\/\/www.elturistatranquil.com\/wp-content\/uploads\/F50-Carrer-Viola-Sant-Feliu-de-Pallerols-Girona.jpg\" class=\"attachment-large size-large wp-image-40858\" alt=\"Carrer Viola, Sant Feliu de Pallerols, Girona\" srcset=\"https:\/\/www.elturistatranquil.com\/wp-content\/uploads\/F50-Carrer-Viola-Sant-Feliu-de-Pallerols-Girona.jpg 768w, https:\/\/www.elturistatranquil.com\/wp-content\/uploads\/F50-Carrer-Viola-Sant-Feliu-de-Pallerols-Girona-339x226.jpg 339w\" sizes=\"(max-width: 768px) 100vw, 768px\" \/>\t\t\t\t\t\t\t\t\t\t\t<figcaption class=\"widget-image-caption wp-caption-text\"><\/figcaption>\n\t\t\t\t\t\t\t\t\t\t<\/figure>\n\t\t\t\t\t\t\t\t\t<\/div>\n\t\t\t\t<\/div>\n\t\t\t\t<div class=\"elementor-element elementor-element-8a1f33d elementor-widget elementor-widget-heading\" data-id=\"8a1f33d\" data-element_type=\"widget\" data-e-type=\"widget\" data-widget_type=\"heading.default\">\n\t\t\t\t<div class=\"elementor-widget-container\">\n\t\t\t\t\t<h3 class=\"elementor-heading-title elementor-size-default\">Carrer dels Cantons Estrets<\/h3>\t\t\t\t<\/div>\n\t\t\t\t<\/div>\n\t\t\t\t<div class=\"elementor-element elementor-element-3c741a2 elementor-widget elementor-widget-text-editor\" data-id=\"3c741a2\" data-element_type=\"widget\" data-e-type=\"widget\" data-widget_type=\"text-editor.default\">\n\t\t\t\t<div class=\"elementor-widget-container\">\n\t\t\t\t\t\t\t\t\t<p>Torno pel carrer de Viola fins a trobar el <strong>carrer dels Cantons Estrets<\/strong> (<strong>j<\/strong>). M\u2019endinso en un del racons m\u00e9s interessants de la vila, corresponent a l\u2019entorn de la sagrera per darrera de l\u2019esgl\u00e9sia.<\/p><p>Com el seu nom indica, son carrers realment estrets.<\/p><p>Pedra, grans arcades de mig punt, murs de ma\u00e7oneria. I l\u2019efecte de la humitat sobre les parets que encara no han estat \u201cembellides\u201d.<\/p>\t\t\t\t\t\t\t\t<\/div>\n\t\t\t\t<\/div>\n\t\t\t\t<div class=\"elementor-element elementor-element-4c7a108 elementor-widget elementor-widget-image\" data-id=\"4c7a108\" data-element_type=\"widget\" data-e-type=\"widget\" data-widget_type=\"image.default\">\n\t\t\t\t<div class=\"elementor-widget-container\">\n\t\t\t\t\t\t\t\t\t\t\t\t<figure class=\"wp-caption\">\n\t\t\t\t\t\t\t\t\t\t<img loading=\"lazy\" decoding=\"async\" width=\"768\" height=\"512\" src=\"https:\/\/www.elturistatranquil.com\/wp-content\/uploads\/F51-Carrer-dels-Cantons-Estrets-Sant-Feliu-de-Pallerols-Girona.jpg\" class=\"attachment-large size-large wp-image-40860\" alt=\"Carrer dels Cantons Estrets, Sant Feliu de Pallerols, Girona\" srcset=\"https:\/\/www.elturistatranquil.com\/wp-content\/uploads\/F51-Carrer-dels-Cantons-Estrets-Sant-Feliu-de-Pallerols-Girona.jpg 768w, https:\/\/www.elturistatranquil.com\/wp-content\/uploads\/F51-Carrer-dels-Cantons-Estrets-Sant-Feliu-de-Pallerols-Girona-339x226.jpg 339w\" sizes=\"(max-width: 768px) 100vw, 768px\" \/>\t\t\t\t\t\t\t\t\t\t\t<figcaption class=\"widget-image-caption wp-caption-text\"><\/figcaption>\n\t\t\t\t\t\t\t\t\t\t<\/figure>\n\t\t\t\t\t\t\t\t\t<\/div>\n\t\t\t\t<\/div>\n\t\t\t\t<div class=\"elementor-element elementor-element-a9f4819 elementor-widget elementor-widget-image\" data-id=\"a9f4819\" data-element_type=\"widget\" data-e-type=\"widget\" data-widget_type=\"image.default\">\n\t\t\t\t<div class=\"elementor-widget-container\">\n\t\t\t\t\t\t\t\t\t\t\t\t<figure class=\"wp-caption\">\n\t\t\t\t\t\t\t\t\t\t<img loading=\"lazy\" decoding=\"async\" width=\"768\" height=\"512\" src=\"https:\/\/www.elturistatranquil.com\/wp-content\/uploads\/F52-Carrer-dels-Cantons-Estrets-Sant-Feliu-de-Pallerols-Girona.jpg\" class=\"attachment-large size-large wp-image-40862\" alt=\"Carrer dels Cantons Estrets, Sant Feliu de Pallerols, Girona\" srcset=\"https:\/\/www.elturistatranquil.com\/wp-content\/uploads\/F52-Carrer-dels-Cantons-Estrets-Sant-Feliu-de-Pallerols-Girona.jpg 768w, https:\/\/www.elturistatranquil.com\/wp-content\/uploads\/F52-Carrer-dels-Cantons-Estrets-Sant-Feliu-de-Pallerols-Girona-339x226.jpg 339w\" sizes=\"(max-width: 768px) 100vw, 768px\" \/>\t\t\t\t\t\t\t\t\t\t\t<figcaption class=\"widget-image-caption wp-caption-text\"><\/figcaption>\n\t\t\t\t\t\t\t\t\t\t<\/figure>\n\t\t\t\t\t\t\t\t\t<\/div>\n\t\t\t\t<\/div>\n\t\t\t\t<div class=\"elementor-element elementor-element-eaf217e elementor-widget elementor-widget-text-editor\" data-id=\"eaf217e\" data-element_type=\"widget\" data-e-type=\"widget\" data-widget_type=\"text-editor.default\">\n\t\t\t\t<div class=\"elementor-widget-container\">\n\t\t\t\t\t\t\t\t\t<p>Per l\u2019escala s\u2019accedeix la casa fortificada la Sala o casa forta del Castell d\u2019Hostoles del senyor d\u2019Hostoles, de la fam\u00edlia de Cartell\u00e0, del segle XIII.<\/p>\t\t\t\t\t\t\t\t<\/div>\n\t\t\t\t<\/div>\n\t\t\t\t<div class=\"elementor-element elementor-element-69ab19d elementor-widget elementor-widget-image\" data-id=\"69ab19d\" data-element_type=\"widget\" data-e-type=\"widget\" data-widget_type=\"image.default\">\n\t\t\t\t<div class=\"elementor-widget-container\">\n\t\t\t\t\t\t\t\t\t\t\t\t<figure class=\"wp-caption\">\n\t\t\t\t\t\t\t\t\t\t<img loading=\"lazy\" decoding=\"async\" width=\"768\" height=\"512\" src=\"https:\/\/www.elturistatranquil.com\/wp-content\/uploads\/F53-Carrer-dels-Cantons-Estrets-Sant-Feliu-de-Pallerols-Girona.jpg\" class=\"attachment-large size-large wp-image-40864\" alt=\"Carrer dels Cantons Estrets, Sant Feliu de Pallerols, Girona\" srcset=\"https:\/\/www.elturistatranquil.com\/wp-content\/uploads\/F53-Carrer-dels-Cantons-Estrets-Sant-Feliu-de-Pallerols-Girona.jpg 768w, https:\/\/www.elturistatranquil.com\/wp-content\/uploads\/F53-Carrer-dels-Cantons-Estrets-Sant-Feliu-de-Pallerols-Girona-339x226.jpg 339w\" sizes=\"(max-width: 768px) 100vw, 768px\" \/>\t\t\t\t\t\t\t\t\t\t\t<figcaption class=\"widget-image-caption wp-caption-text\"><\/figcaption>\n\t\t\t\t\t\t\t\t\t\t<\/figure>\n\t\t\t\t\t\t\t\t\t<\/div>\n\t\t\t\t<\/div>\n\t\t\t\t<div class=\"elementor-element elementor-element-7fc8b7b elementor-widget elementor-widget-image\" data-id=\"7fc8b7b\" data-element_type=\"widget\" data-e-type=\"widget\" data-widget_type=\"image.default\">\n\t\t\t\t<div class=\"elementor-widget-container\">\n\t\t\t\t\t\t\t\t\t\t\t\t<figure class=\"wp-caption\">\n\t\t\t\t\t\t\t\t\t\t<img loading=\"lazy\" decoding=\"async\" width=\"768\" height=\"512\" src=\"https:\/\/www.elturistatranquil.com\/wp-content\/uploads\/F54-Carrer-dels-Cantons-Estrets-Sant-Feliu-de-Pallerols-Girona.jpg\" class=\"attachment-large size-large wp-image-40866\" alt=\"Carrer dels Cantons Estrets, Sant Feliu de Pallerols, Girona\" srcset=\"https:\/\/www.elturistatranquil.com\/wp-content\/uploads\/F54-Carrer-dels-Cantons-Estrets-Sant-Feliu-de-Pallerols-Girona.jpg 768w, https:\/\/www.elturistatranquil.com\/wp-content\/uploads\/F54-Carrer-dels-Cantons-Estrets-Sant-Feliu-de-Pallerols-Girona-339x226.jpg 339w\" sizes=\"(max-width: 768px) 100vw, 768px\" \/>\t\t\t\t\t\t\t\t\t\t\t<figcaption class=\"widget-image-caption wp-caption-text\"><\/figcaption>\n\t\t\t\t\t\t\t\t\t\t<\/figure>\n\t\t\t\t\t\t\t\t\t<\/div>\n\t\t\t\t<\/div>\n\t\t\t\t<div class=\"elementor-element elementor-element-ca0d822 elementor-widget elementor-widget-image\" data-id=\"ca0d822\" data-element_type=\"widget\" data-e-type=\"widget\" data-widget_type=\"image.default\">\n\t\t\t\t<div class=\"elementor-widget-container\">\n\t\t\t\t\t\t\t\t\t\t\t\t<figure class=\"wp-caption\">\n\t\t\t\t\t\t\t\t\t\t<img loading=\"lazy\" decoding=\"async\" width=\"768\" height=\"512\" src=\"https:\/\/www.elturistatranquil.com\/wp-content\/uploads\/F55-Carrer-dels-Cantons-Estrets-Sant-Feliu-de-Pallerols-Girona.jpg\" class=\"attachment-large size-large wp-image-40868\" alt=\"Carrer dels Cantons Estrets, Sant Feliu de Pallerols, Girona\" srcset=\"https:\/\/www.elturistatranquil.com\/wp-content\/uploads\/F55-Carrer-dels-Cantons-Estrets-Sant-Feliu-de-Pallerols-Girona.jpg 768w, https:\/\/www.elturistatranquil.com\/wp-content\/uploads\/F55-Carrer-dels-Cantons-Estrets-Sant-Feliu-de-Pallerols-Girona-339x226.jpg 339w\" sizes=\"(max-width: 768px) 100vw, 768px\" \/>\t\t\t\t\t\t\t\t\t\t\t<figcaption class=\"widget-image-caption wp-caption-text\"><\/figcaption>\n\t\t\t\t\t\t\t\t\t\t<\/figure>\n\t\t\t\t\t\t\t\t\t<\/div>\n\t\t\t\t<\/div>\n\t\t\t\t<div class=\"elementor-element elementor-element-da35e87 elementor-widget elementor-widget-image\" data-id=\"da35e87\" data-element_type=\"widget\" data-e-type=\"widget\" data-widget_type=\"image.default\">\n\t\t\t\t<div class=\"elementor-widget-container\">\n\t\t\t\t\t\t\t\t\t\t\t\t<figure class=\"wp-caption\">\n\t\t\t\t\t\t\t\t\t\t<img loading=\"lazy\" decoding=\"async\" width=\"768\" height=\"512\" src=\"https:\/\/www.elturistatranquil.com\/wp-content\/uploads\/F56-Carrer-dels-Cantons-Estrets-Sant-Feliu-de-Pallerols-Girona.jpg\" class=\"attachment-large size-large wp-image-40870\" alt=\"Carrer dels Cantons Estrets, Sant Feliu de Pallerols, Girona\" srcset=\"https:\/\/www.elturistatranquil.com\/wp-content\/uploads\/F56-Carrer-dels-Cantons-Estrets-Sant-Feliu-de-Pallerols-Girona.jpg 768w, https:\/\/www.elturistatranquil.com\/wp-content\/uploads\/F56-Carrer-dels-Cantons-Estrets-Sant-Feliu-de-Pallerols-Girona-339x226.jpg 339w\" sizes=\"(max-width: 768px) 100vw, 768px\" \/>\t\t\t\t\t\t\t\t\t\t\t<figcaption class=\"widget-image-caption wp-caption-text\"><\/figcaption>\n\t\t\t\t\t\t\t\t\t\t<\/figure>\n\t\t\t\t\t\t\t\t\t<\/div>\n\t\t\t\t<\/div>\n\t\t\t\t<div class=\"elementor-element elementor-element-86f0c67 elementor-widget elementor-widget-text-editor\" data-id=\"86f0c67\" data-element_type=\"widget\" data-e-type=\"widget\" data-widget_type=\"text-editor.default\">\n\t\t\t\t<div class=\"elementor-widget-container\">\n\t\t\t\t\t\t\t\t\t<p>M\u00e9s dates de construcci\u00f3: 1689, 1632, 1825.<\/p>\t\t\t\t\t\t\t\t<\/div>\n\t\t\t\t<\/div>\n\t\t\t\t<div class=\"elementor-element elementor-element-70b8cf3 elementor-widget elementor-widget-image\" data-id=\"70b8cf3\" data-element_type=\"widget\" data-e-type=\"widget\" data-widget_type=\"image.default\">\n\t\t\t\t<div class=\"elementor-widget-container\">\n\t\t\t\t\t\t\t\t\t\t\t\t<figure class=\"wp-caption\">\n\t\t\t\t\t\t\t\t\t\t<img loading=\"lazy\" decoding=\"async\" width=\"768\" height=\"576\" src=\"https:\/\/www.elturistatranquil.com\/wp-content\/uploads\/F57-Carrer-dels-Cantons-Estrets-Sant-Feliu-de-Pallerols-Girona.jpg\" class=\"attachment-large size-large wp-image-40876\" alt=\"Carrer dels Cantons Estrets, Sant Feliu de Pallerols, Girona\" srcset=\"https:\/\/www.elturistatranquil.com\/wp-content\/uploads\/F57-Carrer-dels-Cantons-Estrets-Sant-Feliu-de-Pallerols-Girona.jpg 768w, https:\/\/www.elturistatranquil.com\/wp-content\/uploads\/F57-Carrer-dels-Cantons-Estrets-Sant-Feliu-de-Pallerols-Girona-301x226.jpg 301w\" sizes=\"(max-width: 768px) 100vw, 768px\" \/>\t\t\t\t\t\t\t\t\t\t\t<figcaption class=\"widget-image-caption wp-caption-text\"><\/figcaption>\n\t\t\t\t\t\t\t\t\t\t<\/figure>\n\t\t\t\t\t\t\t\t\t<\/div>\n\t\t\t\t<\/div>\n\t\t\t\t<div class=\"elementor-element elementor-element-d6ec813 elementor-widget elementor-widget-image\" data-id=\"d6ec813\" data-element_type=\"widget\" data-e-type=\"widget\" data-widget_type=\"image.default\">\n\t\t\t\t<div class=\"elementor-widget-container\">\n\t\t\t\t\t\t\t\t\t\t\t\t<figure class=\"wp-caption\">\n\t\t\t\t\t\t\t\t\t\t<img loading=\"lazy\" decoding=\"async\" width=\"768\" height=\"512\" src=\"https:\/\/www.elturistatranquil.com\/wp-content\/uploads\/F58-Carrer-dels-Cantons-Estrets-Sant-Feliu-de-Pallerols-Girona.jpg\" class=\"attachment-large size-large wp-image-40878\" alt=\"Carrer dels Cantons Estrets, Sant Feliu de Pallerols, Girona\" srcset=\"https:\/\/www.elturistatranquil.com\/wp-content\/uploads\/F58-Carrer-dels-Cantons-Estrets-Sant-Feliu-de-Pallerols-Girona.jpg 768w, https:\/\/www.elturistatranquil.com\/wp-content\/uploads\/F58-Carrer-dels-Cantons-Estrets-Sant-Feliu-de-Pallerols-Girona-339x226.jpg 339w\" sizes=\"(max-width: 768px) 100vw, 768px\" \/>\t\t\t\t\t\t\t\t\t\t\t<figcaption class=\"widget-image-caption wp-caption-text\"><\/figcaption>\n\t\t\t\t\t\t\t\t\t\t<\/figure>\n\t\t\t\t\t\t\t\t\t<\/div>\n\t\t\t\t<\/div>\n\t\t\t\t<div class=\"elementor-element elementor-element-fbd235e elementor-widget elementor-widget-image\" data-id=\"fbd235e\" data-element_type=\"widget\" data-e-type=\"widget\" data-widget_type=\"image.default\">\n\t\t\t\t<div class=\"elementor-widget-container\">\n\t\t\t\t\t\t\t\t\t\t\t\t<figure class=\"wp-caption\">\n\t\t\t\t\t\t\t\t\t\t<img loading=\"lazy\" decoding=\"async\" width=\"768\" height=\"512\" src=\"https:\/\/www.elturistatranquil.com\/wp-content\/uploads\/F59-Carrer-dels-Cantons-Estrets-Sant-Feliu-de-Pallerols-Girona.jpg\" class=\"attachment-large size-large wp-image-40880\" alt=\"Carrer dels Cantons Estrets, Sant Feliu de Pallerols, Girona\" srcset=\"https:\/\/www.elturistatranquil.com\/wp-content\/uploads\/F59-Carrer-dels-Cantons-Estrets-Sant-Feliu-de-Pallerols-Girona.jpg 768w, https:\/\/www.elturistatranquil.com\/wp-content\/uploads\/F59-Carrer-dels-Cantons-Estrets-Sant-Feliu-de-Pallerols-Girona-339x226.jpg 339w\" sizes=\"(max-width: 768px) 100vw, 768px\" \/>\t\t\t\t\t\t\t\t\t\t\t<figcaption class=\"widget-image-caption wp-caption-text\"><\/figcaption>\n\t\t\t\t\t\t\t\t\t\t<\/figure>\n\t\t\t\t\t\t\t\t\t<\/div>\n\t\t\t\t<\/div>\n\t\t\t\t<div class=\"elementor-element elementor-element-bacee05 elementor-widget elementor-widget-menu-anchor\" data-id=\"bacee05\" data-element_type=\"widget\" data-e-type=\"widget\" data-widget_type=\"menu-anchor.default\">\n\t\t\t\t<div class=\"elementor-widget-container\">\n\t\t\t\t\t\t\t<div class=\"elementor-menu-anchor\" id=\"c7414\"><\/div>\n\t\t\t\t\t\t<\/div>\n\t\t\t\t<\/div>\n\t\t\t\t<div class=\"elementor-element elementor-element-d0f0d15 elementor-widget elementor-widget-text-editor\" data-id=\"d0f0d15\" data-element_type=\"widget\" data-e-type=\"widget\" data-widget_type=\"text-editor.default\">\n\t\t\t\t<div class=\"elementor-widget-container\">\n\t\t\t\t\t\t\t\t\t<p>Sortint dels carrers estrets haurem retornat a la pla\u00e7a de l\u2019Esgl\u00e9sia, amb el que clour\u00e0 la visita al nucli central de la vila medieval i de l\u2019edat moderna.<\/p>\t\t\t\t\t\t\t\t<\/div>\n\t\t\t\t<\/div>\n\t\t\t\t<div class=\"elementor-element elementor-element-e4cd786 elementor-widget elementor-widget-heading\" data-id=\"e4cd786\" data-element_type=\"widget\" data-e-type=\"widget\" data-widget_type=\"heading.default\">\n\t\t\t\t<div class=\"elementor-widget-container\">\n\t\t\t\t\t<h3 class=\"elementor-heading-title elementor-size-default\">Antic Cam\u00ed Ral <\/h3>\t\t\t\t<\/div>\n\t\t\t\t<\/div>\n\t\t\t\t<div class=\"elementor-element elementor-element-b2b4a4e elementor-widget elementor-widget-menu-anchor\" data-id=\"b2b4a4e\" data-element_type=\"widget\" data-e-type=\"widget\" data-widget_type=\"menu-anchor.default\">\n\t\t\t\t<div class=\"elementor-widget-container\">\n\t\t\t\t\t\t\t<div class=\"elementor-menu-anchor\" id=\"c7415\"><\/div>\n\t\t\t\t\t\t<\/div>\n\t\t\t\t<\/div>\n\t\t\t\t<div class=\"elementor-element elementor-element-e2a7d2e elementor-widget elementor-widget-text-editor\" data-id=\"e2a7d2e\" data-element_type=\"widget\" data-e-type=\"widget\" data-widget_type=\"text-editor.default\">\n\t\t\t\t<div class=\"elementor-widget-container\">\n\t\t\t\t\t\t\t\t\t<p>Torno a travessar el pont i destinar\u00e9 aquesta segona part de la visita a resseguir el recorregut urb\u00e0 del <strong>Cam\u00ed Ral<\/strong> que segueix per la vessant nord del riu Brugent, pels carrers del Puig i Sant Sebasti\u00e0.<\/p><p>Els camins rals, com a antigues carreteres que eren, constitu\u00efen el que podr\u00edem dir-ne l\u2019eix comercial del moment. Aquest cam\u00ed ral era el que unia Girona amb Olot i Vic<\/p>\t\t\t\t\t\t\t\t<\/div>\n\t\t\t\t<\/div>\n\t\t\t\t<div class=\"elementor-element elementor-element-5520109 elementor-widget elementor-widget-heading\" data-id=\"5520109\" data-element_type=\"widget\" data-e-type=\"widget\" data-widget_type=\"heading.default\">\n\t\t\t\t<div class=\"elementor-widget-container\">\n\t\t\t\t\t<h3 class=\"elementor-heading-title elementor-size-default\">Carrer del Puig <\/h3>\t\t\t\t<\/div>\n\t\t\t\t<\/div>\n\t\t\t\t<div class=\"elementor-element elementor-element-7a79111 elementor-widget elementor-widget-text-editor\" data-id=\"7a79111\" data-element_type=\"widget\" data-e-type=\"widget\" data-widget_type=\"text-editor.default\">\n\t\t\t\t<div class=\"elementor-widget-container\">\n\t\t\t\t\t\t\t\t\t<p>Passat el pont cap a l\u2019esquerra puja el <strong>carrer del Puig<\/strong> (<strong>k<\/strong>). Conserva la forma de l&#8217;empedrat antic, de quan era Cam\u00ed Ral.<\/p>\t\t\t\t\t\t\t\t<\/div>\n\t\t\t\t<\/div>\n\t\t\t\t<div class=\"elementor-element elementor-element-550d09f elementor-widget elementor-widget-image\" data-id=\"550d09f\" data-element_type=\"widget\" data-e-type=\"widget\" data-widget_type=\"image.default\">\n\t\t\t\t<div class=\"elementor-widget-container\">\n\t\t\t\t\t\t\t\t\t\t\t\t<figure class=\"wp-caption\">\n\t\t\t\t\t\t\t\t\t\t<img loading=\"lazy\" decoding=\"async\" width=\"768\" height=\"512\" src=\"https:\/\/www.elturistatranquil.com\/wp-content\/uploads\/F60-Carrer-del-Puig-Cami-Ral-Sant-Feliu-de-Pallerols-Girona.jpg\" class=\"attachment-large size-large wp-image-40882\" alt=\"Carrer del Puig, Cami Ral, Sant Feliu de Pallerols, Girona\" srcset=\"https:\/\/www.elturistatranquil.com\/wp-content\/uploads\/F60-Carrer-del-Puig-Cami-Ral-Sant-Feliu-de-Pallerols-Girona.jpg 768w, https:\/\/www.elturistatranquil.com\/wp-content\/uploads\/F60-Carrer-del-Puig-Cami-Ral-Sant-Feliu-de-Pallerols-Girona-339x226.jpg 339w\" sizes=\"(max-width: 768px) 100vw, 768px\" \/>\t\t\t\t\t\t\t\t\t\t\t<figcaption class=\"widget-image-caption wp-caption-text\"><\/figcaption>\n\t\t\t\t\t\t\t\t\t\t<\/figure>\n\t\t\t\t\t\t\t\t\t<\/div>\n\t\t\t\t<\/div>\n\t\t\t\t<div class=\"elementor-element elementor-element-6f717a5 elementor-widget elementor-widget-text-editor\" data-id=\"6f717a5\" data-element_type=\"widget\" data-e-type=\"widget\" data-widget_type=\"text-editor.default\">\n\t\t\t\t<div class=\"elementor-widget-container\">\n\t\t\t\t\t\t\t\t\t<p>Cal fixar-se en les llindes de les cases ja que en algunes mostren l&#8217;exist\u00e8ncia d&#8217;antics d&#8217;obradors (carreters, ferrers, etc.), els quals oferien els seus serveis als que hi passaven.<\/p><p>Aqu\u00ed els signes nobili\u00e0ries que llueixen les cases de molts altres pobles s\u00f3n substitu\u00efts pels signes artesanals dels seus residents.<\/p><p>Just a la casa enfront del pont apareix un espl\u00e8ndid signe de carreter de l\u2019any 1678.<\/p>\t\t\t\t\t\t\t\t<\/div>\n\t\t\t\t<\/div>\n\t\t\t\t<div class=\"elementor-element elementor-element-93c8056 elementor-widget elementor-widget-image\" data-id=\"93c8056\" data-element_type=\"widget\" data-e-type=\"widget\" data-widget_type=\"image.default\">\n\t\t\t\t<div class=\"elementor-widget-container\">\n\t\t\t\t\t\t\t\t\t\t\t\t<figure class=\"wp-caption\">\n\t\t\t\t\t\t\t\t\t\t<img loading=\"lazy\" decoding=\"async\" width=\"768\" height=\"512\" src=\"https:\/\/www.elturistatranquil.com\/wp-content\/uploads\/F61a-Carrer-del-Puig-Cami-Ral-Sant-Feliu-de-Pallerols-Girona.jpg\" class=\"attachment-large size-large wp-image-40884\" alt=\"Carrer del Puig, Cami Ral, Sant Feliu de Pallerols, Girona\" srcset=\"https:\/\/www.elturistatranquil.com\/wp-content\/uploads\/F61a-Carrer-del-Puig-Cami-Ral-Sant-Feliu-de-Pallerols-Girona.jpg 768w, https:\/\/www.elturistatranquil.com\/wp-content\/uploads\/F61a-Carrer-del-Puig-Cami-Ral-Sant-Feliu-de-Pallerols-Girona-339x226.jpg 339w\" sizes=\"(max-width: 768px) 100vw, 768px\" \/>\t\t\t\t\t\t\t\t\t\t\t<figcaption class=\"widget-image-caption wp-caption-text\"><\/figcaption>\n\t\t\t\t\t\t\t\t\t\t<\/figure>\n\t\t\t\t\t\t\t\t\t<\/div>\n\t\t\t\t<\/div>\n\t\t\t\t<div class=\"elementor-element elementor-element-fe61bac elementor-widget elementor-widget-image\" data-id=\"fe61bac\" data-element_type=\"widget\" data-e-type=\"widget\" data-widget_type=\"image.default\">\n\t\t\t\t<div class=\"elementor-widget-container\">\n\t\t\t\t\t\t\t\t\t\t\t\t<figure class=\"wp-caption\">\n\t\t\t\t\t\t\t\t\t\t<img loading=\"lazy\" decoding=\"async\" width=\"768\" height=\"512\" src=\"https:\/\/www.elturistatranquil.com\/wp-content\/uploads\/F61b-Carrer-del-Puig-Cami-Ral-Sant-Feliu-de-Pallerols-Girona.jpg\" class=\"attachment-large size-large wp-image-40886\" alt=\"Carrer del Puig, Cami Ral, Sant Feliu de Pallerols, Girona\" srcset=\"https:\/\/www.elturistatranquil.com\/wp-content\/uploads\/F61b-Carrer-del-Puig-Cami-Ral-Sant-Feliu-de-Pallerols-Girona.jpg 768w, https:\/\/www.elturistatranquil.com\/wp-content\/uploads\/F61b-Carrer-del-Puig-Cami-Ral-Sant-Feliu-de-Pallerols-Girona-339x226.jpg 339w\" sizes=\"(max-width: 768px) 100vw, 768px\" \/>\t\t\t\t\t\t\t\t\t\t\t<figcaption class=\"widget-image-caption wp-caption-text\"><\/figcaption>\n\t\t\t\t\t\t\t\t\t\t<\/figure>\n\t\t\t\t\t\t\t\t\t<\/div>\n\t\t\t\t<\/div>\n\t\t\t\t<div class=\"elementor-element elementor-element-cd0c990 elementor-widget elementor-widget-text-editor\" data-id=\"cd0c990\" data-element_type=\"widget\" data-e-type=\"widget\" data-widget_type=\"text-editor.default\">\n\t\t\t\t<div class=\"elementor-widget-container\">\n\t\t\t\t\t\t\t\t\t<p>El carrer del Puig comen\u00e7\u00e0 a prendre forma pels voltants del segle XVI i de seguida es converteix en un dels tra\u00e7ats m\u00e9s caracter\u00edstics del nucli antic de Sant Feliu de Pallerols. La major part de les edificacions foren propietat de clergues de la vila, i fins i tot s\u2019ubic\u00e0 la mateixa rectoria del poble.<\/p><p>Tamb\u00e9 s&#8217;hi troben les cases d\u2019alguns personatges il\u00b7lustres de la vila, com la casa del doctor en medicina Rafael Matheu, o la del compositor Josep Saderra (1883-1970).<\/p>\t\t\t\t\t\t\t\t<\/div>\n\t\t\t\t<\/div>\n\t\t\t\t<div class=\"elementor-element elementor-element-9ee67b8 elementor-widget elementor-widget-image\" data-id=\"9ee67b8\" data-element_type=\"widget\" data-e-type=\"widget\" data-widget_type=\"image.default\">\n\t\t\t\t<div class=\"elementor-widget-container\">\n\t\t\t\t\t\t\t\t\t\t\t\t<figure class=\"wp-caption\">\n\t\t\t\t\t\t\t\t\t\t<img loading=\"lazy\" decoding=\"async\" width=\"768\" height=\"512\" src=\"https:\/\/www.elturistatranquil.com\/wp-content\/uploads\/F62-Carrer-del-Puig-Cami-Ral-Sant-Feliu-de-Pallerols-Girona.jpg\" class=\"attachment-large size-large wp-image-40888\" alt=\"Carrer del Puig, Cami Ral, Sant Feliu de Pallerols, Girona\" srcset=\"https:\/\/www.elturistatranquil.com\/wp-content\/uploads\/F62-Carrer-del-Puig-Cami-Ral-Sant-Feliu-de-Pallerols-Girona.jpg 768w, https:\/\/www.elturistatranquil.com\/wp-content\/uploads\/F62-Carrer-del-Puig-Cami-Ral-Sant-Feliu-de-Pallerols-Girona-339x226.jpg 339w\" sizes=\"(max-width: 768px) 100vw, 768px\" \/>\t\t\t\t\t\t\t\t\t\t\t<figcaption class=\"widget-image-caption wp-caption-text\"><\/figcaption>\n\t\t\t\t\t\t\t\t\t\t<\/figure>\n\t\t\t\t\t\t\t\t\t<\/div>\n\t\t\t\t<\/div>\n\t\t\t\t<div class=\"elementor-element elementor-element-6a416b2 elementor-widget elementor-widget-text-editor\" data-id=\"6a416b2\" data-element_type=\"widget\" data-e-type=\"widget\" data-widget_type=\"text-editor.default\">\n\t\t\t\t<div class=\"elementor-widget-container\">\n\t\t\t\t\t\t\t\t\t<p>La casa n\u00famero 5 \u00e9s molt interessant.<\/p>\t\t\t\t\t\t\t\t<\/div>\n\t\t\t\t<\/div>\n\t\t\t\t<div class=\"elementor-element elementor-element-208aa96 elementor-widget elementor-widget-image\" data-id=\"208aa96\" data-element_type=\"widget\" data-e-type=\"widget\" data-widget_type=\"image.default\">\n\t\t\t\t<div class=\"elementor-widget-container\">\n\t\t\t\t\t\t\t\t\t\t\t\t<figure class=\"wp-caption\">\n\t\t\t\t\t\t\t\t\t\t<img loading=\"lazy\" decoding=\"async\" width=\"768\" height=\"512\" src=\"https:\/\/www.elturistatranquil.com\/wp-content\/uploads\/F63-Carrer-del-Puig-Cami-Ral-Sant-Feliu-de-Pallerols-Girona.jpg\" class=\"attachment-large size-large wp-image-40890\" alt=\"Carrer del Puig, Cami Ral, Sant Feliu de Pallerols, Girona\" srcset=\"https:\/\/www.elturistatranquil.com\/wp-content\/uploads\/F63-Carrer-del-Puig-Cami-Ral-Sant-Feliu-de-Pallerols-Girona.jpg 768w, https:\/\/www.elturistatranquil.com\/wp-content\/uploads\/F63-Carrer-del-Puig-Cami-Ral-Sant-Feliu-de-Pallerols-Girona-339x226.jpg 339w\" sizes=\"(max-width: 768px) 100vw, 768px\" \/>\t\t\t\t\t\t\t\t\t\t\t<figcaption class=\"widget-image-caption wp-caption-text\"><\/figcaption>\n\t\t\t\t\t\t\t\t\t\t<\/figure>\n\t\t\t\t\t\t\t\t\t<\/div>\n\t\t\t\t<\/div>\n\t\t\t\t<div class=\"elementor-element elementor-element-7450a90 elementor-widget elementor-widget-image\" data-id=\"7450a90\" data-element_type=\"widget\" data-e-type=\"widget\" data-widget_type=\"image.default\">\n\t\t\t\t<div class=\"elementor-widget-container\">\n\t\t\t\t\t\t\t\t\t\t\t\t<figure class=\"wp-caption\">\n\t\t\t\t\t\t\t\t\t\t<img loading=\"lazy\" decoding=\"async\" width=\"768\" height=\"512\" src=\"https:\/\/www.elturistatranquil.com\/wp-content\/uploads\/F64a-Carrer-del-Puig-Cami-Ral-Sant-Feliu-de-Pallerols-Girona.jpg\" class=\"attachment-large size-large wp-image-40892\" alt=\"Carrer del Puig, Cami Ral, Sant Feliu de Pallerols, Girona\" srcset=\"https:\/\/www.elturistatranquil.com\/wp-content\/uploads\/F64a-Carrer-del-Puig-Cami-Ral-Sant-Feliu-de-Pallerols-Girona.jpg 768w, https:\/\/www.elturistatranquil.com\/wp-content\/uploads\/F64a-Carrer-del-Puig-Cami-Ral-Sant-Feliu-de-Pallerols-Girona-339x226.jpg 339w\" sizes=\"(max-width: 768px) 100vw, 768px\" \/>\t\t\t\t\t\t\t\t\t\t\t<figcaption class=\"widget-image-caption wp-caption-text\"><\/figcaption>\n\t\t\t\t\t\t\t\t\t\t<\/figure>\n\t\t\t\t\t\t\t\t\t<\/div>\n\t\t\t\t<\/div>\n\t\t\t\t<div class=\"elementor-element elementor-element-ba8fe29 elementor-widget elementor-widget-text-editor\" data-id=\"ba8fe29\" data-element_type=\"widget\" data-e-type=\"widget\" data-widget_type=\"text-editor.default\">\n\t\t\t\t<div class=\"elementor-widget-container\">\n\t\t\t\t\t\t\t\t\t<p>\u00c9s ben interessant veure com s\u2019anunciaven a la porta de les seves cases els professionals l\u2019any 1697. En aquest cas un \u201c<em>medcine doctor<\/em>\u201d.<\/p>\t\t\t\t\t\t\t\t<\/div>\n\t\t\t\t<\/div>\n\t\t\t\t<div class=\"elementor-element elementor-element-18be91d elementor-widget elementor-widget-image\" data-id=\"18be91d\" data-element_type=\"widget\" data-e-type=\"widget\" data-widget_type=\"image.default\">\n\t\t\t\t<div class=\"elementor-widget-container\">\n\t\t\t\t\t\t\t\t\t\t\t\t<figure class=\"wp-caption\">\n\t\t\t\t\t\t\t\t\t\t<img loading=\"lazy\" decoding=\"async\" width=\"768\" height=\"512\" src=\"https:\/\/www.elturistatranquil.com\/wp-content\/uploads\/F64b-Carrer-del-Puig-Cami-Ral-Sant-Feliu-de-Pallerols-Girona.jpg\" class=\"attachment-large size-large wp-image-40894\" alt=\"Carrer del Puig, Cami Ral, Sant Feliu de Pallerols, Girona\" srcset=\"https:\/\/www.elturistatranquil.com\/wp-content\/uploads\/F64b-Carrer-del-Puig-Cami-Ral-Sant-Feliu-de-Pallerols-Girona.jpg 768w, https:\/\/www.elturistatranquil.com\/wp-content\/uploads\/F64b-Carrer-del-Puig-Cami-Ral-Sant-Feliu-de-Pallerols-Girona-339x226.jpg 339w\" sizes=\"(max-width: 768px) 100vw, 768px\" \/>\t\t\t\t\t\t\t\t\t\t\t<figcaption class=\"widget-image-caption wp-caption-text\"><\/figcaption>\n\t\t\t\t\t\t\t\t\t\t<\/figure>\n\t\t\t\t\t\t\t\t\t<\/div>\n\t\t\t\t<\/div>\n\t\t\t\t<div class=\"elementor-element elementor-element-b1627b8 elementor-widget elementor-widget-image\" data-id=\"b1627b8\" data-element_type=\"widget\" data-e-type=\"widget\" data-widget_type=\"image.default\">\n\t\t\t\t<div class=\"elementor-widget-container\">\n\t\t\t\t\t\t\t\t\t\t\t\t<figure class=\"wp-caption\">\n\t\t\t\t\t\t\t\t\t\t<img loading=\"lazy\" decoding=\"async\" width=\"768\" height=\"512\" src=\"https:\/\/www.elturistatranquil.com\/wp-content\/uploads\/F65-Carrer-del-Puig-Cami-Ral-Sant-Feliu-de-Pallerols-Girona.jpg\" class=\"attachment-large size-large wp-image-40896\" alt=\"Carrer del Puig, Cami Ral, Sant Feliu de Pallerols, Girona\" srcset=\"https:\/\/www.elturistatranquil.com\/wp-content\/uploads\/F65-Carrer-del-Puig-Cami-Ral-Sant-Feliu-de-Pallerols-Girona.jpg 768w, https:\/\/www.elturistatranquil.com\/wp-content\/uploads\/F65-Carrer-del-Puig-Cami-Ral-Sant-Feliu-de-Pallerols-Girona-339x226.jpg 339w\" sizes=\"(max-width: 768px) 100vw, 768px\" \/>\t\t\t\t\t\t\t\t\t\t\t<figcaption class=\"widget-image-caption wp-caption-text\"><\/figcaption>\n\t\t\t\t\t\t\t\t\t\t<\/figure>\n\t\t\t\t\t\t\t\t\t<\/div>\n\t\t\t\t<\/div>\n\t\t\t\t<div class=\"elementor-element elementor-element-9977b89 elementor-widget elementor-widget-image\" data-id=\"9977b89\" data-element_type=\"widget\" data-e-type=\"widget\" data-widget_type=\"image.default\">\n\t\t\t\t<div class=\"elementor-widget-container\">\n\t\t\t\t\t\t\t\t\t\t\t\t<figure class=\"wp-caption\">\n\t\t\t\t\t\t\t\t\t\t<img loading=\"lazy\" decoding=\"async\" width=\"768\" height=\"512\" src=\"https:\/\/www.elturistatranquil.com\/wp-content\/uploads\/F66-Carrer-del-Puig-Cami-Ral-Sant-Feliu-de-Pallerols-Girona.jpg\" class=\"attachment-large size-large wp-image-40898\" alt=\"Carrer del Puig, Cami Ral, Sant Feliu de Pallerols, Girona\" srcset=\"https:\/\/www.elturistatranquil.com\/wp-content\/uploads\/F66-Carrer-del-Puig-Cami-Ral-Sant-Feliu-de-Pallerols-Girona.jpg 768w, https:\/\/www.elturistatranquil.com\/wp-content\/uploads\/F66-Carrer-del-Puig-Cami-Ral-Sant-Feliu-de-Pallerols-Girona-339x226.jpg 339w\" sizes=\"(max-width: 768px) 100vw, 768px\" \/>\t\t\t\t\t\t\t\t\t\t\t<figcaption class=\"widget-image-caption wp-caption-text\"><\/figcaption>\n\t\t\t\t\t\t\t\t\t\t<\/figure>\n\t\t\t\t\t\t\t\t\t<\/div>\n\t\t\t\t<\/div>\n\t\t\t\t<div class=\"elementor-element elementor-element-a200a91 elementor-widget elementor-widget-image\" data-id=\"a200a91\" data-element_type=\"widget\" data-e-type=\"widget\" data-widget_type=\"image.default\">\n\t\t\t\t<div class=\"elementor-widget-container\">\n\t\t\t\t\t\t\t\t\t\t\t\t<figure class=\"wp-caption\">\n\t\t\t\t\t\t\t\t\t\t<img loading=\"lazy\" decoding=\"async\" width=\"768\" height=\"512\" src=\"https:\/\/www.elturistatranquil.com\/wp-content\/uploads\/F67-Carrer-del-Puig-Cami-Ral-Sant-Feliu-de-Pallerols-Girona.jpg\" class=\"attachment-large size-large wp-image-40900\" alt=\"Carrer del Puig, Cami Ral, Sant Feliu de Pallerols, Girona\" srcset=\"https:\/\/www.elturistatranquil.com\/wp-content\/uploads\/F67-Carrer-del-Puig-Cami-Ral-Sant-Feliu-de-Pallerols-Girona.jpg 768w, https:\/\/www.elturistatranquil.com\/wp-content\/uploads\/F67-Carrer-del-Puig-Cami-Ral-Sant-Feliu-de-Pallerols-Girona-339x226.jpg 339w\" sizes=\"(max-width: 768px) 100vw, 768px\" \/>\t\t\t\t\t\t\t\t\t\t\t<figcaption class=\"widget-image-caption wp-caption-text\"><\/figcaption>\n\t\t\t\t\t\t\t\t\t\t<\/figure>\n\t\t\t\t\t\t\t\t\t<\/div>\n\t\t\t\t<\/div>\n\t\t\t\t<div class=\"elementor-element elementor-element-d1b1074 elementor-widget elementor-widget-text-editor\" data-id=\"d1b1074\" data-element_type=\"widget\" data-e-type=\"widget\" data-widget_type=\"text-editor.default\">\n\t\t\t\t<div class=\"elementor-widget-container\">\n\t\t\t\t\t\t\t\t\t<p>Al n\u00famero 13 la casa del doctor en medicina Rafael Matheu (ara Ca La Manela) comprada l&#8217;any 1767.<\/p>\t\t\t\t\t\t\t\t<\/div>\n\t\t\t\t<\/div>\n\t\t\t\t<div class=\"elementor-element elementor-element-ca2df3a elementor-widget elementor-widget-image\" data-id=\"ca2df3a\" data-element_type=\"widget\" data-e-type=\"widget\" data-widget_type=\"image.default\">\n\t\t\t\t<div class=\"elementor-widget-container\">\n\t\t\t\t\t\t\t\t\t\t\t\t<figure class=\"wp-caption\">\n\t\t\t\t\t\t\t\t\t\t<img loading=\"lazy\" decoding=\"async\" width=\"768\" height=\"512\" src=\"https:\/\/www.elturistatranquil.com\/wp-content\/uploads\/F68-Carrer-del-Puig-Cami-Ral-Sant-Feliu-de-Pallerols-Girona.jpg\" class=\"attachment-large size-large wp-image-40902\" alt=\"Carrer del Puig, Cami Ral, Sant Feliu de Pallerols, Girona\" srcset=\"https:\/\/www.elturistatranquil.com\/wp-content\/uploads\/F68-Carrer-del-Puig-Cami-Ral-Sant-Feliu-de-Pallerols-Girona.jpg 768w, https:\/\/www.elturistatranquil.com\/wp-content\/uploads\/F68-Carrer-del-Puig-Cami-Ral-Sant-Feliu-de-Pallerols-Girona-339x226.jpg 339w\" sizes=\"(max-width: 768px) 100vw, 768px\" \/>\t\t\t\t\t\t\t\t\t\t\t<figcaption class=\"widget-image-caption wp-caption-text\"><\/figcaption>\n\t\t\t\t\t\t\t\t\t\t<\/figure>\n\t\t\t\t\t\t\t\t\t<\/div>\n\t\t\t\t<\/div>\n\t\t\t\t<div class=\"elementor-element elementor-element-fbcc162 elementor-widget elementor-widget-image\" data-id=\"fbcc162\" data-element_type=\"widget\" data-e-type=\"widget\" data-widget_type=\"image.default\">\n\t\t\t\t<div class=\"elementor-widget-container\">\n\t\t\t\t\t\t\t\t\t\t\t\t<figure class=\"wp-caption\">\n\t\t\t\t\t\t\t\t\t\t<img loading=\"lazy\" decoding=\"async\" width=\"768\" height=\"512\" src=\"https:\/\/www.elturistatranquil.com\/wp-content\/uploads\/F69-Sant-Feliu-de-Pallerols-Girona.jpg\" class=\"attachment-large size-large wp-image-40904\" alt=\"Carrer del Puig, Cami Ral, Sant Feliu de Pallerols, Girona\" srcset=\"https:\/\/www.elturistatranquil.com\/wp-content\/uploads\/F69-Sant-Feliu-de-Pallerols-Girona.jpg 768w, https:\/\/www.elturistatranquil.com\/wp-content\/uploads\/F69-Sant-Feliu-de-Pallerols-Girona-339x226.jpg 339w\" sizes=\"(max-width: 768px) 100vw, 768px\" \/>\t\t\t\t\t\t\t\t\t\t\t<figcaption class=\"widget-image-caption wp-caption-text\"><\/figcaption>\n\t\t\t\t\t\t\t\t\t\t<\/figure>\n\t\t\t\t\t\t\t\t\t<\/div>\n\t\t\t\t<\/div>\n\t\t\t\t<div class=\"elementor-element elementor-element-ea1283e elementor-widget elementor-widget-text-editor\" data-id=\"ea1283e\" data-element_type=\"widget\" data-e-type=\"widget\" data-widget_type=\"text-editor.default\">\n\t\t\t\t<div class=\"elementor-widget-container\">\n\t\t\t\t\t\t\t\t\t<p>Al puig del carrer s\u2019al\u00e7a la <strong>Rectoria<\/strong> (<strong>9<\/strong>). A l&#8217;inici, la rectoria de Sant Feliu es trobava dins el recinte de la sagrera medieval. Es documenta per primera vegada l&#8217;any 1330, concretament en una donaci\u00f3 feta pel bisbe de Girona, a indicaci\u00f3 del papa Bonifaci VIII, a l\u2019abadessa del monestir de Pedralbes de les rendes de la rectoria de Sant Feliu. El 1588 es trasllad\u00e0 a la seva ubicaci\u00f3 actual. La rectoria posse\u00efa els drets de propietat d&#8217;algunes cases del seu entorn.<\/p><p>Durant la Rep\u00fablica (1936-1939) va ser utilitzada com a escoles nacionals. Encara se poden veure restes de les lletres.<\/p>\t\t\t\t\t\t\t\t<\/div>\n\t\t\t\t<\/div>\n\t\t\t\t<div class=\"elementor-element elementor-element-a8cf5be elementor-widget elementor-widget-image\" data-id=\"a8cf5be\" data-element_type=\"widget\" data-e-type=\"widget\" data-widget_type=\"image.default\">\n\t\t\t\t<div class=\"elementor-widget-container\">\n\t\t\t\t\t\t\t\t\t\t\t\t<figure class=\"wp-caption\">\n\t\t\t\t\t\t\t\t\t\t<img loading=\"lazy\" decoding=\"async\" width=\"768\" height=\"512\" src=\"https:\/\/www.elturistatranquil.com\/wp-content\/uploads\/F70-La-rectoria-Cami-Ral-Sant-Feliu-de-Pallerols-Girona.jpg\" class=\"attachment-large size-large wp-image-40906\" alt=\"La rectoria, Cami Ral, Sant Feliu de Pallerols, Girona\" srcset=\"https:\/\/www.elturistatranquil.com\/wp-content\/uploads\/F70-La-rectoria-Cami-Ral-Sant-Feliu-de-Pallerols-Girona.jpg 768w, https:\/\/www.elturistatranquil.com\/wp-content\/uploads\/F70-La-rectoria-Cami-Ral-Sant-Feliu-de-Pallerols-Girona-339x226.jpg 339w\" sizes=\"(max-width: 768px) 100vw, 768px\" \/>\t\t\t\t\t\t\t\t\t\t\t<figcaption class=\"widget-image-caption wp-caption-text\"><\/figcaption>\n\t\t\t\t\t\t\t\t\t\t<\/figure>\n\t\t\t\t\t\t\t\t\t<\/div>\n\t\t\t\t<\/div>\n\t\t\t\t<div class=\"elementor-element elementor-element-8a52e14 elementor-widget elementor-widget-menu-anchor\" data-id=\"8a52e14\" data-element_type=\"widget\" data-e-type=\"widget\" data-widget_type=\"menu-anchor.default\">\n\t\t\t\t<div class=\"elementor-widget-container\">\n\t\t\t\t\t\t\t<div class=\"elementor-menu-anchor\" id=\"c7416\"><\/div>\n\t\t\t\t\t\t<\/div>\n\t\t\t\t<\/div>\n\t\t\t\t<div class=\"elementor-element elementor-element-37ac3ee elementor-widget elementor-widget-image\" data-id=\"37ac3ee\" data-element_type=\"widget\" data-e-type=\"widget\" data-widget_type=\"image.default\">\n\t\t\t\t<div class=\"elementor-widget-container\">\n\t\t\t\t\t\t\t\t\t\t\t\t<figure class=\"wp-caption\">\n\t\t\t\t\t\t\t\t\t\t<img loading=\"lazy\" decoding=\"async\" width=\"768\" height=\"512\" src=\"https:\/\/www.elturistatranquil.com\/wp-content\/uploads\/F71-La-rectoria-Cami-Ral-Sant-Feliu-de-Pallerols-Girona.jpg\" class=\"attachment-large size-large wp-image-40908\" alt=\"La rectoria, Cami Ral, Sant Feliu de Pallerols, Girona\" srcset=\"https:\/\/www.elturistatranquil.com\/wp-content\/uploads\/F71-La-rectoria-Cami-Ral-Sant-Feliu-de-Pallerols-Girona.jpg 768w, https:\/\/www.elturistatranquil.com\/wp-content\/uploads\/F71-La-rectoria-Cami-Ral-Sant-Feliu-de-Pallerols-Girona-339x226.jpg 339w\" sizes=\"(max-width: 768px) 100vw, 768px\" \/>\t\t\t\t\t\t\t\t\t\t\t<figcaption class=\"widget-image-caption wp-caption-text\"><\/figcaption>\n\t\t\t\t\t\t\t\t\t\t<\/figure>\n\t\t\t\t\t\t\t\t\t<\/div>\n\t\t\t\t<\/div>\n\t\t\t\t<div class=\"elementor-element elementor-element-5df839d elementor-widget elementor-widget-heading\" data-id=\"5df839d\" data-element_type=\"widget\" data-e-type=\"widget\" data-widget_type=\"heading.default\">\n\t\t\t\t<div class=\"elementor-widget-container\">\n\t\t\t\t\t<h3 class=\"elementor-heading-title elementor-size-default\">Carrer Sant Sebasti\u00e0<\/h3>\t\t\t\t<\/div>\n\t\t\t\t<\/div>\n\t\t\t\t<div class=\"elementor-element elementor-element-3ab143c elementor-widget elementor-widget-text-editor\" data-id=\"3ab143c\" data-element_type=\"widget\" data-e-type=\"widget\" data-widget_type=\"text-editor.default\">\n\t\t\t\t<div class=\"elementor-widget-container\">\n\t\t\t\t\t\t\t\t\t<p>Torno al pont per dirigir-me a llevant pel <strong>carrer Sant Sebasti\u00e0<\/strong> (l) que voreja el riu, i per on continuava el cam\u00ed ral.<\/p><p>El creixement de la vila al segle XVI propici\u00e0 la construcci\u00f3 d&#8217;un nou nucli d&#8217;habitatges sobre els antics terrenys de la Fradera (documentats per primera vegada el 1342), situats a la riba esquerra del riu Brugent i connectats amb el centre de la vila a trav\u00e9s del Cam\u00ed Ral. Aquest barri desenvolup\u00e0 diferents activitats comercials i industrials.<\/p><p>El carrer rep el nom per la capella consagrada a Sant Sebasti\u00e0 (inicialment dedicada al sants Mar\u00e7al i Roc), constru\u00efda pels obrers de la localitat a partir de 1516.<\/p>\t\t\t\t\t\t\t\t<\/div>\n\t\t\t\t<\/div>\n\t\t\t\t<div class=\"elementor-element elementor-element-5ef3d27 elementor-widget elementor-widget-image\" data-id=\"5ef3d27\" data-element_type=\"widget\" data-e-type=\"widget\" data-widget_type=\"image.default\">\n\t\t\t\t<div class=\"elementor-widget-container\">\n\t\t\t\t\t\t\t\t\t\t\t\t<figure class=\"wp-caption\">\n\t\t\t\t\t\t\t\t\t\t<img loading=\"lazy\" decoding=\"async\" width=\"768\" height=\"512\" src=\"https:\/\/www.elturistatranquil.com\/wp-content\/uploads\/F72-Carrer-Sant-Sebastia-Cami-Ral-Sant-Feliu-de-Pallerols-Girona.jpg\" class=\"attachment-large size-large wp-image-40910\" alt=\"Carrer Sant Sebastia, Cami Ral, Sant Feliu de Pallerols, Girona\" srcset=\"https:\/\/www.elturistatranquil.com\/wp-content\/uploads\/F72-Carrer-Sant-Sebastia-Cami-Ral-Sant-Feliu-de-Pallerols-Girona.jpg 768w, https:\/\/www.elturistatranquil.com\/wp-content\/uploads\/F72-Carrer-Sant-Sebastia-Cami-Ral-Sant-Feliu-de-Pallerols-Girona-339x226.jpg 339w\" sizes=\"(max-width: 768px) 100vw, 768px\" \/>\t\t\t\t\t\t\t\t\t\t\t<figcaption class=\"widget-image-caption wp-caption-text\"><\/figcaption>\n\t\t\t\t\t\t\t\t\t\t<\/figure>\n\t\t\t\t\t\t\t\t\t<\/div>\n\t\t\t\t<\/div>\n\t\t\t\t<div class=\"elementor-element elementor-element-905725d elementor-widget elementor-widget-image\" data-id=\"905725d\" data-element_type=\"widget\" data-e-type=\"widget\" data-widget_type=\"image.default\">\n\t\t\t\t<div class=\"elementor-widget-container\">\n\t\t\t\t\t\t\t\t\t\t\t\t<figure class=\"wp-caption\">\n\t\t\t\t\t\t\t\t\t\t<img loading=\"lazy\" decoding=\"async\" width=\"768\" height=\"512\" src=\"https:\/\/www.elturistatranquil.com\/wp-content\/uploads\/F73-Carrer-Sant-Sebastia-Cami-Ral-Sant-Feliu-de-Pallerols-Girona.jpg\" class=\"attachment-large size-large wp-image-40912\" alt=\"Carrer Sant Sebastia, Cami Ral, Sant Feliu de Pallerols, Girona\" srcset=\"https:\/\/www.elturistatranquil.com\/wp-content\/uploads\/F73-Carrer-Sant-Sebastia-Cami-Ral-Sant-Feliu-de-Pallerols-Girona.jpg 768w, https:\/\/www.elturistatranquil.com\/wp-content\/uploads\/F73-Carrer-Sant-Sebastia-Cami-Ral-Sant-Feliu-de-Pallerols-Girona-339x226.jpg 339w\" sizes=\"(max-width: 768px) 100vw, 768px\" \/>\t\t\t\t\t\t\t\t\t\t\t<figcaption class=\"widget-image-caption wp-caption-text\"><\/figcaption>\n\t\t\t\t\t\t\t\t\t\t<\/figure>\n\t\t\t\t\t\t\t\t\t<\/div>\n\t\t\t\t<\/div>\n\t\t\t\t<div class=\"elementor-element elementor-element-6c7ff93 elementor-widget elementor-widget-text-editor\" data-id=\"6c7ff93\" data-element_type=\"widget\" data-e-type=\"widget\" data-widget_type=\"text-editor.default\">\n\t\t\t\t<div class=\"elementor-widget-container\">\n\t\t\t\t\t\t\t\t\t<p>Hi destaquen les ferreries, tal com mostren les llindes d&#8217;algunes portes com la casa del mestre ferrer Antoni Pou, Can Mau (1566) o la casa del ferrer Joan F\u00e0brega, amb representacions de martells, ferradures i encluses.<\/p>\t\t\t\t\t\t\t\t<\/div>\n\t\t\t\t<\/div>\n\t\t\t\t<div class=\"elementor-element elementor-element-fd1a755 elementor-widget elementor-widget-image\" data-id=\"fd1a755\" data-element_type=\"widget\" data-e-type=\"widget\" data-widget_type=\"image.default\">\n\t\t\t\t<div class=\"elementor-widget-container\">\n\t\t\t\t\t\t\t\t\t\t\t\t<figure class=\"wp-caption\">\n\t\t\t\t\t\t\t\t\t\t<img loading=\"lazy\" decoding=\"async\" width=\"768\" height=\"512\" src=\"https:\/\/www.elturistatranquil.com\/wp-content\/uploads\/F74a-Carrer-Sant-Sebastia-Cami-Ral-Sant-Feliu-de-Pallerols-Girona.jpg\" class=\"attachment-large size-large wp-image-40914\" alt=\"Carrer Sant Sebastia, Cami Ral, Sant Feliu de Pallerols, Girona\" srcset=\"https:\/\/www.elturistatranquil.com\/wp-content\/uploads\/F74a-Carrer-Sant-Sebastia-Cami-Ral-Sant-Feliu-de-Pallerols-Girona.jpg 768w, https:\/\/www.elturistatranquil.com\/wp-content\/uploads\/F74a-Carrer-Sant-Sebastia-Cami-Ral-Sant-Feliu-de-Pallerols-Girona-339x226.jpg 339w\" sizes=\"(max-width: 768px) 100vw, 768px\" \/>\t\t\t\t\t\t\t\t\t\t\t<figcaption class=\"widget-image-caption wp-caption-text\"><\/figcaption>\n\t\t\t\t\t\t\t\t\t\t<\/figure>\n\t\t\t\t\t\t\t\t\t<\/div>\n\t\t\t\t<\/div>\n\t\t\t\t<div class=\"elementor-element elementor-element-18b5455 elementor-widget elementor-widget-image\" data-id=\"18b5455\" data-element_type=\"widget\" data-e-type=\"widget\" data-widget_type=\"image.default\">\n\t\t\t\t<div class=\"elementor-widget-container\">\n\t\t\t\t\t\t\t\t\t\t\t\t<figure class=\"wp-caption\">\n\t\t\t\t\t\t\t\t\t\t<img loading=\"lazy\" decoding=\"async\" width=\"768\" height=\"511\" src=\"https:\/\/www.elturistatranquil.com\/wp-content\/uploads\/F74b-Carrer-Sant-Sebastia-Cami-Ral-Sant-Feliu-de-Pallerols-Girona.jpg\" class=\"attachment-large size-large wp-image-40916\" alt=\"Carrer Sant Sebastia, Cami Ral, Sant Feliu de Pallerols, Girona\" srcset=\"https:\/\/www.elturistatranquil.com\/wp-content\/uploads\/F74b-Carrer-Sant-Sebastia-Cami-Ral-Sant-Feliu-de-Pallerols-Girona.jpg 768w, https:\/\/www.elturistatranquil.com\/wp-content\/uploads\/F74b-Carrer-Sant-Sebastia-Cami-Ral-Sant-Feliu-de-Pallerols-Girona-339x226.jpg 339w\" sizes=\"(max-width: 768px) 100vw, 768px\" \/>\t\t\t\t\t\t\t\t\t\t\t<figcaption class=\"widget-image-caption wp-caption-text\"><\/figcaption>\n\t\t\t\t\t\t\t\t\t\t<\/figure>\n\t\t\t\t\t\t\t\t\t<\/div>\n\t\t\t\t<\/div>\n\t\t\t\t<div class=\"elementor-element elementor-element-d2d0451 elementor-widget elementor-widget-image\" data-id=\"d2d0451\" data-element_type=\"widget\" data-e-type=\"widget\" data-widget_type=\"image.default\">\n\t\t\t\t<div class=\"elementor-widget-container\">\n\t\t\t\t\t\t\t\t\t\t\t\t<figure class=\"wp-caption\">\n\t\t\t\t\t\t\t\t\t\t<img loading=\"lazy\" decoding=\"async\" width=\"768\" height=\"512\" src=\"https:\/\/www.elturistatranquil.com\/wp-content\/uploads\/F75-Carrer-Sant-Sebastia-Cami-Ral-Sant-Feliu-de-Pallerols-Girona.jpg\" class=\"attachment-large size-large wp-image-40918\" alt=\"Carrer Sant Sebastia, Cami Ral, Sant Feliu de Pallerols, Girona\" srcset=\"https:\/\/www.elturistatranquil.com\/wp-content\/uploads\/F75-Carrer-Sant-Sebastia-Cami-Ral-Sant-Feliu-de-Pallerols-Girona.jpg 768w, https:\/\/www.elturistatranquil.com\/wp-content\/uploads\/F75-Carrer-Sant-Sebastia-Cami-Ral-Sant-Feliu-de-Pallerols-Girona-339x226.jpg 339w\" sizes=\"(max-width: 768px) 100vw, 768px\" \/>\t\t\t\t\t\t\t\t\t\t\t<figcaption class=\"widget-image-caption wp-caption-text\"><\/figcaption>\n\t\t\t\t\t\t\t\t\t\t<\/figure>\n\t\t\t\t\t\t\t\t\t<\/div>\n\t\t\t\t<\/div>\n\t\t\t\t<div class=\"elementor-element elementor-element-c3f50d2 elementor-widget elementor-widget-text-editor\" data-id=\"c3f50d2\" data-element_type=\"widget\" data-e-type=\"widget\" data-widget_type=\"text-editor.default\">\n\t\t\t\t<div class=\"elementor-widget-container\">\n\t\t\t\t\t\t\t\t\t<p>A l&#8217;any 1516 es demana perm\u00eds al bisbe per poder edificar la <strong>capella de Sant Sebasti\u00e0<\/strong> (<strong>10<\/strong>). L&#8217;advocaci\u00f3 al sant era deguda els seus atributs antipestifers, en un moment de fortes epid\u00e8mies. Al costat de Sant Roc i el Sants Cosme i Dami\u00e0, era un fet com\u00fa situar capelles amb aquesta dedicaci\u00f3 vora els camins rals o a les entrades i sortides de les viles.<\/p><p>A l&#8217;any 1717 el bisbe de Girona estableix que cap clergue de la capella de Sant Sebasti\u00e0 pugui dir misses els diumenges o altres festius.<\/p>\t\t\t\t\t\t\t\t<\/div>\n\t\t\t\t<\/div>\n\t\t\t\t<div class=\"elementor-element elementor-element-10bd826 elementor-widget elementor-widget-image\" data-id=\"10bd826\" data-element_type=\"widget\" data-e-type=\"widget\" data-widget_type=\"image.default\">\n\t\t\t\t<div class=\"elementor-widget-container\">\n\t\t\t\t\t\t\t\t\t\t\t\t<figure class=\"wp-caption\">\n\t\t\t\t\t\t\t\t\t\t<img loading=\"lazy\" decoding=\"async\" width=\"768\" height=\"512\" src=\"https:\/\/www.elturistatranquil.com\/wp-content\/uploads\/F76-Ermita-de-Sant-Sebastia-Cami-Ral-Sant-Feliu-de-Pallerols-Girona.jpg\" class=\"attachment-large size-large wp-image-40920\" alt=\"Ermita de Sant Sebastia, Cami Ral, Sant Feliu de Pallerols, Girona\" srcset=\"https:\/\/www.elturistatranquil.com\/wp-content\/uploads\/F76-Ermita-de-Sant-Sebastia-Cami-Ral-Sant-Feliu-de-Pallerols-Girona.jpg 768w, https:\/\/www.elturistatranquil.com\/wp-content\/uploads\/F76-Ermita-de-Sant-Sebastia-Cami-Ral-Sant-Feliu-de-Pallerols-Girona-339x226.jpg 339w\" sizes=\"(max-width: 768px) 100vw, 768px\" \/>\t\t\t\t\t\t\t\t\t\t\t<figcaption class=\"widget-image-caption wp-caption-text\"><\/figcaption>\n\t\t\t\t\t\t\t\t\t\t<\/figure>\n\t\t\t\t\t\t\t\t\t<\/div>\n\t\t\t\t<\/div>\n\t\t\t\t<div class=\"elementor-element elementor-element-e735011 elementor-widget elementor-widget-text-editor\" data-id=\"e735011\" data-element_type=\"widget\" data-e-type=\"widget\" data-widget_type=\"text-editor.default\">\n\t\t\t\t<div class=\"elementor-widget-container\">\n\t\t\t\t\t\t\t\t\t<p>La continuaci\u00f3 del cam\u00ed ral travessa la <strong>riera de la Naspleda<\/strong> o <strong>del Ballac<\/strong>, per un\u00a0 pont de pedra d\u2019arc de mig punt i d\u2019esquena d\u2019ase.<\/p><p>Es pensa que el <strong>pont medieval<\/strong> (<strong>11<\/strong>) te un origen rom\u00e0 reformat i refor\u00e7at en \u00e8poca medieval.<\/p>\t\t\t\t\t\t\t\t<\/div>\n\t\t\t\t<\/div>\n\t\t\t\t<div class=\"elementor-element elementor-element-8435891 elementor-widget elementor-widget-image\" data-id=\"8435891\" data-element_type=\"widget\" data-e-type=\"widget\" data-widget_type=\"image.default\">\n\t\t\t\t<div class=\"elementor-widget-container\">\n\t\t\t\t\t\t\t\t\t\t\t\t<figure class=\"wp-caption\">\n\t\t\t\t\t\t\t\t\t\t<img loading=\"lazy\" decoding=\"async\" width=\"768\" height=\"512\" src=\"https:\/\/www.elturistatranquil.com\/wp-content\/uploads\/F77-Carrer-Sant-Sebastia-Cami-Ral-Sant-Feliu-de-Pallerols-Girona.jpg\" class=\"attachment-large size-large wp-image-40922\" alt=\"Carrer Sant Sebastia, Cami Ral, Sant Feliu de Pallerols, Girona\" srcset=\"https:\/\/www.elturistatranquil.com\/wp-content\/uploads\/F77-Carrer-Sant-Sebastia-Cami-Ral-Sant-Feliu-de-Pallerols-Girona.jpg 768w, https:\/\/www.elturistatranquil.com\/wp-content\/uploads\/F77-Carrer-Sant-Sebastia-Cami-Ral-Sant-Feliu-de-Pallerols-Girona-339x226.jpg 339w\" sizes=\"(max-width: 768px) 100vw, 768px\" \/>\t\t\t\t\t\t\t\t\t\t\t<figcaption class=\"widget-image-caption wp-caption-text\"><\/figcaption>\n\t\t\t\t\t\t\t\t\t\t<\/figure>\n\t\t\t\t\t\t\t\t\t<\/div>\n\t\t\t\t<\/div>\n\t\t\t\t<div class=\"elementor-element elementor-element-89ea043 elementor-widget elementor-widget-image\" data-id=\"89ea043\" data-element_type=\"widget\" data-e-type=\"widget\" data-widget_type=\"image.default\">\n\t\t\t\t<div class=\"elementor-widget-container\">\n\t\t\t\t\t\t\t\t\t\t\t\t<figure class=\"wp-caption\">\n\t\t\t\t\t\t\t\t\t\t<img loading=\"lazy\" decoding=\"async\" width=\"768\" height=\"512\" src=\"https:\/\/www.elturistatranquil.com\/wp-content\/uploads\/F78-Pont-medieval-Cami-Ral-Sant-Feliu-de-Pallerols-Girona.jpg\" class=\"attachment-large size-large wp-image-40926\" alt=\"Pont medieval, Cami Ral, Sant Feliu de Pallerols, Girona\" srcset=\"https:\/\/www.elturistatranquil.com\/wp-content\/uploads\/F78-Pont-medieval-Cami-Ral-Sant-Feliu-de-Pallerols-Girona.jpg 768w, https:\/\/www.elturistatranquil.com\/wp-content\/uploads\/F78-Pont-medieval-Cami-Ral-Sant-Feliu-de-Pallerols-Girona-339x226.jpg 339w\" sizes=\"(max-width: 768px) 100vw, 768px\" \/>\t\t\t\t\t\t\t\t\t\t\t<figcaption class=\"widget-image-caption wp-caption-text\"><\/figcaption>\n\t\t\t\t\t\t\t\t\t\t<\/figure>\n\t\t\t\t\t\t\t\t\t<\/div>\n\t\t\t\t<\/div>\n\t\t\t\t<div class=\"elementor-element elementor-element-6861d83 elementor-widget elementor-widget-image\" data-id=\"6861d83\" data-element_type=\"widget\" data-e-type=\"widget\" data-widget_type=\"image.default\">\n\t\t\t\t<div class=\"elementor-widget-container\">\n\t\t\t\t\t\t\t\t\t\t\t\t<figure class=\"wp-caption\">\n\t\t\t\t\t\t\t\t\t\t<img loading=\"lazy\" decoding=\"async\" width=\"768\" height=\"512\" src=\"https:\/\/www.elturistatranquil.com\/wp-content\/uploads\/F79-Pont-medieval-Cami-Ral-Sant-Feliu-de-Pallerols-Girona.jpg\" class=\"attachment-large size-large wp-image-40928\" alt=\"Pont medieval, Cami Ral, Sant Feliu de Pallerols, Girona\" srcset=\"https:\/\/www.elturistatranquil.com\/wp-content\/uploads\/F79-Pont-medieval-Cami-Ral-Sant-Feliu-de-Pallerols-Girona.jpg 768w, https:\/\/www.elturistatranquil.com\/wp-content\/uploads\/F79-Pont-medieval-Cami-Ral-Sant-Feliu-de-Pallerols-Girona-339x226.jpg 339w\" sizes=\"(max-width: 768px) 100vw, 768px\" \/>\t\t\t\t\t\t\t\t\t\t\t<figcaption class=\"widget-image-caption wp-caption-text\"><\/figcaption>\n\t\t\t\t\t\t\t\t\t\t<\/figure>\n\t\t\t\t\t\t\t\t\t<\/div>\n\t\t\t\t<\/div>\n\t\t\t\t<div class=\"elementor-element elementor-element-4b12867 elementor-widget elementor-widget-image\" data-id=\"4b12867\" data-element_type=\"widget\" data-e-type=\"widget\" data-widget_type=\"image.default\">\n\t\t\t\t<div class=\"elementor-widget-container\">\n\t\t\t\t\t\t\t\t\t\t\t\t<figure class=\"wp-caption\">\n\t\t\t\t\t\t\t\t\t\t<img loading=\"lazy\" decoding=\"async\" width=\"768\" height=\"512\" src=\"https:\/\/www.elturistatranquil.com\/wp-content\/uploads\/F80-Pont-medieval-Cami-Ral-Sant-Feliu-de-Pallerols-Girona.jpg\" class=\"attachment-large size-large wp-image-40930\" alt=\"Pont medieval, Cami Ral, Sant Feliu de Pallerols, Girona\" srcset=\"https:\/\/www.elturistatranquil.com\/wp-content\/uploads\/F80-Pont-medieval-Cami-Ral-Sant-Feliu-de-Pallerols-Girona.jpg 768w, https:\/\/www.elturistatranquil.com\/wp-content\/uploads\/F80-Pont-medieval-Cami-Ral-Sant-Feliu-de-Pallerols-Girona-339x226.jpg 339w\" sizes=\"(max-width: 768px) 100vw, 768px\" \/>\t\t\t\t\t\t\t\t\t\t\t<figcaption class=\"widget-image-caption wp-caption-text\"><\/figcaption>\n\t\t\t\t\t\t\t\t\t\t<\/figure>\n\t\t\t\t\t\t\t\t\t<\/div>\n\t\t\t\t<\/div>\n\t\t\t\t<div class=\"elementor-element elementor-element-1c1f8af elementor-widget elementor-widget-image\" data-id=\"1c1f8af\" data-element_type=\"widget\" data-e-type=\"widget\" data-widget_type=\"image.default\">\n\t\t\t\t<div class=\"elementor-widget-container\">\n\t\t\t\t\t\t\t\t\t\t\t\t<figure class=\"wp-caption\">\n\t\t\t\t\t\t\t\t\t\t<img loading=\"lazy\" decoding=\"async\" width=\"768\" height=\"512\" src=\"https:\/\/www.elturistatranquil.com\/wp-content\/uploads\/F81-Pont-medieval-Cami-Ral-Sant-Feliu-de-Pallerols-Girona.jpg\" class=\"attachment-large size-large wp-image-40932\" alt=\"Pont medieval, Cami Ral, Sant Feliu de Pallerols, Girona\" srcset=\"https:\/\/www.elturistatranquil.com\/wp-content\/uploads\/F81-Pont-medieval-Cami-Ral-Sant-Feliu-de-Pallerols-Girona.jpg 768w, https:\/\/www.elturistatranquil.com\/wp-content\/uploads\/F81-Pont-medieval-Cami-Ral-Sant-Feliu-de-Pallerols-Girona-339x226.jpg 339w\" sizes=\"(max-width: 768px) 100vw, 768px\" \/>\t\t\t\t\t\t\t\t\t\t\t<figcaption class=\"widget-image-caption wp-caption-text\"><\/figcaption>\n\t\t\t\t\t\t\t\t\t\t<\/figure>\n\t\t\t\t\t\t\t\t\t<\/div>\n\t\t\t\t<\/div>\n\t\t\t\t<div class=\"elementor-element elementor-element-47cdda8 elementor-widget elementor-widget-text-editor\" data-id=\"47cdda8\" data-element_type=\"widget\" data-e-type=\"widget\" data-widget_type=\"text-editor.default\">\n\t\t\t\t<div class=\"elementor-widget-container\">\n\t\t\t\t\t\t\t\t\t<p>Arribat al pont cal procedir al retorn i donar fi al recorregut.<\/p><p>Se\u2019ns ofereixen un seguit d\u2019espl\u00e8ndides perspectives amb el riu Brugent com a protagonista.<\/p>\t\t\t\t\t\t\t\t<\/div>\n\t\t\t\t<\/div>\n\t\t\t\t<div class=\"elementor-element elementor-element-72650c5 elementor-widget elementor-widget-image\" data-id=\"72650c5\" data-element_type=\"widget\" data-e-type=\"widget\" data-widget_type=\"image.default\">\n\t\t\t\t<div class=\"elementor-widget-container\">\n\t\t\t\t\t\t\t\t\t\t\t\t<figure class=\"wp-caption\">\n\t\t\t\t\t\t\t\t\t\t<img loading=\"lazy\" decoding=\"async\" width=\"768\" height=\"512\" src=\"https:\/\/www.elturistatranquil.com\/wp-content\/uploads\/F82-Carrer-Sant-Sebastia-Cami-Ral-Sant-Feliu-de-Pallerols-Girona.jpg\" class=\"attachment-large size-large wp-image-40934\" alt=\"Carrer Sant Sebastia, Cami Ral, Sant Feliu de Pallerols, Girona\" srcset=\"https:\/\/www.elturistatranquil.com\/wp-content\/uploads\/F82-Carrer-Sant-Sebastia-Cami-Ral-Sant-Feliu-de-Pallerols-Girona.jpg 768w, https:\/\/www.elturistatranquil.com\/wp-content\/uploads\/F82-Carrer-Sant-Sebastia-Cami-Ral-Sant-Feliu-de-Pallerols-Girona-339x226.jpg 339w\" sizes=\"(max-width: 768px) 100vw, 768px\" \/>\t\t\t\t\t\t\t\t\t\t\t<figcaption class=\"widget-image-caption wp-caption-text\"><\/figcaption>\n\t\t\t\t\t\t\t\t\t\t<\/figure>\n\t\t\t\t\t\t\t\t\t<\/div>\n\t\t\t\t<\/div>\n\t\t\t\t<div class=\"elementor-element elementor-element-1cd412f elementor-widget elementor-widget-image\" data-id=\"1cd412f\" data-element_type=\"widget\" data-e-type=\"widget\" data-widget_type=\"image.default\">\n\t\t\t\t<div class=\"elementor-widget-container\">\n\t\t\t\t\t\t\t\t\t\t\t\t<figure class=\"wp-caption\">\n\t\t\t\t\t\t\t\t\t\t<img loading=\"lazy\" decoding=\"async\" width=\"768\" height=\"512\" src=\"https:\/\/www.elturistatranquil.com\/wp-content\/uploads\/F83-Riu-Brugent-Cami-Ral-Sant-Feliu-de-Pallerols-Girona.jpg\" class=\"attachment-large size-large wp-image-40936\" alt=\"Riu Brugent, Cami Ral, Sant Feliu de Pallerols, Girona\" srcset=\"https:\/\/www.elturistatranquil.com\/wp-content\/uploads\/F83-Riu-Brugent-Cami-Ral-Sant-Feliu-de-Pallerols-Girona.jpg 768w, https:\/\/www.elturistatranquil.com\/wp-content\/uploads\/F83-Riu-Brugent-Cami-Ral-Sant-Feliu-de-Pallerols-Girona-339x226.jpg 339w\" sizes=\"(max-width: 768px) 100vw, 768px\" \/>\t\t\t\t\t\t\t\t\t\t\t<figcaption class=\"widget-image-caption wp-caption-text\"><\/figcaption>\n\t\t\t\t\t\t\t\t\t\t<\/figure>\n\t\t\t\t\t\t\t\t\t<\/div>\n\t\t\t\t<\/div>\n\t\t\t\t<div class=\"elementor-element elementor-element-8e9b32d elementor-widget elementor-widget-text-editor\" data-id=\"8e9b32d\" data-element_type=\"widget\" data-e-type=\"widget\" data-widget_type=\"text-editor.default\">\n\t\t\t\t<div class=\"elementor-widget-container\">\n\t\t\t\t\t\t\t\t\t<p>L\u2019entrada ala part vella, amb el <strong>mas Rostoll<\/strong> acoblat al caseriu i presidint aquest espai, ser\u00e0 el punt de comiat.<\/p>\t\t\t\t\t\t\t\t<\/div>\n\t\t\t\t<\/div>\n\t\t\t\t<div class=\"elementor-element elementor-element-2dec798 elementor-widget elementor-widget-image\" data-id=\"2dec798\" data-element_type=\"widget\" data-e-type=\"widget\" data-widget_type=\"image.default\">\n\t\t\t\t<div class=\"elementor-widget-container\">\n\t\t\t\t\t\t\t\t\t\t\t\t<figure class=\"wp-caption\">\n\t\t\t\t\t\t\t\t\t\t<img loading=\"lazy\" decoding=\"async\" width=\"768\" height=\"512\" src=\"https:\/\/www.elturistatranquil.com\/wp-content\/uploads\/F84-Carrer-del-Puig-Cami-Ral-Sant-Feliu-de-Pallerols-Girona.jpg\" class=\"attachment-large size-large wp-image-40938\" alt=\"Carrer del Puig, Cami Ral, Sant Feliu de Pallerols, Girona\" srcset=\"https:\/\/www.elturistatranquil.com\/wp-content\/uploads\/F84-Carrer-del-Puig-Cami-Ral-Sant-Feliu-de-Pallerols-Girona.jpg 768w, https:\/\/www.elturistatranquil.com\/wp-content\/uploads\/F84-Carrer-del-Puig-Cami-Ral-Sant-Feliu-de-Pallerols-Girona-339x226.jpg 339w\" sizes=\"(max-width: 768px) 100vw, 768px\" \/>\t\t\t\t\t\t\t\t\t\t\t<figcaption class=\"widget-image-caption wp-caption-text\"><\/figcaption>\n\t\t\t\t\t\t\t\t\t\t<\/figure>\n\t\t\t\t\t\t\t\t\t<\/div>\n\t\t\t\t<\/div>\n\t\t\t\t<div class=\"elementor-element elementor-element-3f64374 elementor-widget elementor-widget-menu-anchor\" data-id=\"3f64374\" data-element_type=\"widget\" data-e-type=\"widget\" data-widget_type=\"menu-anchor.default\">\n\t\t\t\t<div class=\"elementor-widget-container\">\n\t\t\t\t\t\t\t<div class=\"elementor-menu-anchor\" id=\"c7417\"><\/div>\n\t\t\t\t\t\t<\/div>\n\t\t\t\t<\/div>\n\t\t\t\t<div class=\"elementor-element elementor-element-0460888 elementor-widget elementor-widget-image\" data-id=\"0460888\" data-element_type=\"widget\" data-e-type=\"widget\" data-widget_type=\"image.default\">\n\t\t\t\t<div class=\"elementor-widget-container\">\n\t\t\t\t\t\t\t\t\t\t\t\t<figure class=\"wp-caption\">\n\t\t\t\t\t\t\t\t\t\t<img loading=\"lazy\" decoding=\"async\" width=\"768\" height=\"512\" src=\"https:\/\/www.elturistatranquil.com\/wp-content\/uploads\/F85-Carrer-del-Puig-de-Grufol-Cami-Ral-Sant-Feliu-de-Pallerols-Girona.jpg\" class=\"attachment-large size-large wp-image-40942\" alt=\"Carrer del Puig de Grufol, Cami Ral, Sant Feliu de Pallerols, Girona\" srcset=\"https:\/\/www.elturistatranquil.com\/wp-content\/uploads\/F85-Carrer-del-Puig-de-Grufol-Cami-Ral-Sant-Feliu-de-Pallerols-Girona.jpg 768w, https:\/\/www.elturistatranquil.com\/wp-content\/uploads\/F85-Carrer-del-Puig-de-Grufol-Cami-Ral-Sant-Feliu-de-Pallerols-Girona-339x226.jpg 339w\" sizes=\"(max-width: 768px) 100vw, 768px\" \/>\t\t\t\t\t\t\t\t\t\t\t<figcaption class=\"widget-image-caption wp-caption-text\"><\/figcaption>\n\t\t\t\t\t\t\t\t\t\t<\/figure>\n\t\t\t\t\t\t\t\t\t<\/div>\n\t\t\t\t<\/div>\n\t\t\t\t<div class=\"elementor-element elementor-element-f8a6e7c elementor-widget elementor-widget-heading\" data-id=\"f8a6e7c\" data-element_type=\"widget\" data-e-type=\"widget\" data-widget_type=\"heading.default\">\n\t\t\t\t<div class=\"elementor-widget-container\">\n\t\t\t\t\t<h2 class=\"elementor-heading-title elementor-size-default\">Fi de la visita<\/h2>\t\t\t\t<\/div>\n\t\t\t\t<\/div>\n\t\t\t\t<div class=\"elementor-element elementor-element-de3c730 elementor-widget elementor-widget-menu-anchor\" data-id=\"de3c730\" data-element_type=\"widget\" data-e-type=\"widget\" data-widget_type=\"menu-anchor.default\">\n\t\t\t\t<div class=\"elementor-widget-container\">\n\t\t\t\t\t\t\t<div class=\"elementor-menu-anchor\" id=\"c7418\"><\/div>\n\t\t\t\t\t\t<\/div>\n\t\t\t\t<\/div>\n\t\t\t\t<div class=\"elementor-element elementor-element-3483463 elementor-widget elementor-widget-text-editor\" data-id=\"3483463\" data-element_type=\"widget\" data-e-type=\"widget\" data-widget_type=\"text-editor.default\">\n\t\t\t\t<div class=\"elementor-widget-container\">\n\t\t\t\t\t\t\t\t\t<p>He comentat al llarg del text que un dels interessos que per a mi tenia <strong>Sant Feliu de Pallerols<\/strong> era l\u2019autenticitat del seu nucli antic i del recorregut del cam\u00ed ral, un nucli antic que com passa a la majoria de poblacions catalanes ens arriba a partir de la revitalitzaci\u00f3 econ\u00f2mica de Catalunya sobre tot a partir del segle XVII, amb la conseg\u00fcent renovaci\u00f3 urbana. La lectura dels anys reflectits en les llindes de les portes de les cases\u00a0 hist\u00f2riques de tot arreu del Principat ens ha mostrat aquest fet.<\/p><p>A Sant Feliu de Pallerols l\u2019autenticitat es manifesta en l\u2019estat de conservaci\u00f3 del seu tra\u00e7at urb\u00e0, dels seus edificis, amb la majoria de fa\u00e7anes impregnades pels efectes de la humitat ambiental sobre les seves pedres que li atorguen la seva p\u00e0tina de valor. Encara no \u00e9s del tot un poble transformat en un poble \u201cbonic\u201d al gust dels turistes.<\/p><p>Pels indicis que es poden observar de les rehabilitacions ja efectuades, molt em temo que, per al meu gust i criteri, s\u2019estigui en proc\u00e9s de transformar-lo en un poble de coloraines que no he sabut apreciar en la trama antiga.<\/p><p>Una cosa \u00e9s rehabilitar, que est\u00e0 molt b\u00e9 en benefici del ciutadans que hi habiten, i una altre seria <strong>reinventar<\/strong> la hist\u00f2ria urbana.<\/p>\t\t\t\t\t\t\t\t<\/div>\n\t\t\t\t<\/div>\n\t\t\t\t<div class=\"elementor-element elementor-element-5a749d8 elementor-widget elementor-widget-heading\" data-id=\"5a749d8\" data-element_type=\"widget\" data-e-type=\"widget\" data-widget_type=\"heading.default\">\n\t\t\t\t<div class=\"elementor-widget-container\">\n\t\t\t\t\t<h2 class=\"elementor-heading-title elementor-size-default\">Bases d\u2019informaci\u00f3<\/h2>\t\t\t\t<\/div>\n\t\t\t\t<\/div>\n\t\t\t\t<div class=\"elementor-element elementor-element-527fd8ec elementor-widget elementor-widget-text-editor\" data-id=\"527fd8ec\" data-element_type=\"widget\" data-e-type=\"widget\" data-widget_type=\"text-editor.default\">\n\t\t\t\t<div class=\"elementor-widget-container\">\n\t\t\t\t\t\t\t\t\t<p><strong>Webs<\/strong><\/p><p><a href=\"http:\/\/www.santfeliudepallerols.cat\/\" target=\"_blank\" rel=\"noopener\">ajuntament<\/a><\/p><p><a href=\"https:\/\/es.wikipedia.org\/wiki\/San_Feliu_de_Pallarols\" target=\"_blank\" rel=\"noopener\">wikipedia.es<\/a><\/p><p><a href=\"https:\/\/ca.wikipedia.org\/wiki\/Sant_Feliu_de_Pallerols\" target=\"_blank\" rel=\"noopener\">wikipedia.ca<\/a><\/p><p><a href=\"https:\/\/www.catalunya.com\/sant-feliu-de-pallerols-2-1-171616?language=es\" target=\"_blank\" rel=\"noopener\">turismocatalunya<\/a><\/p><p><a href=\"http:\/\/es.turismegarrotxa.com\/municipio\/sant-feliu-de-pallerols\/\" target=\"_blank\" rel=\"noopener\">turismegarrotxa.es<\/a><\/p><p><a href=\"http:\/\/ca.turismegarrotxa.com\/municipi\/sant-feliu-de-pallerols\/\" target=\"_blank\" rel=\"noopener\">turismegarrotxa.ca<\/a><\/p><p><a href=\"https:\/\/www.enciclopedia.cat\/ec-gec-0059772.xml\" target=\"_blank\" rel=\"noopener\">enciclopediacatalana<\/a><\/p><p><strong>Webs Academic<\/strong><\/p><p>J. Canal, C. Fochs. <a href=\"https:\/\/www.raco.cat\/index.php\/AnnalsPEHOC\/article\/download\/277533\/365450\" target=\"_blank\" rel=\"noopener\"><em>La Sagrera de Sant Feliu de Pallerols<\/em><\/a><\/p><p>Elvis Mallorqu\u00ed. <a href=\"https:\/\/www.raco.cat\/index.php\/QuadernsSelva\/article\/download\/151129\/307239\" target=\"_blank\" rel=\"noopener\"><em>Les celleres medievals de les terres de Girona<\/em><\/a><\/p><p>E.B. Isamat. <a href=\"https:\/\/www.raco.cat\/index.php\/RevistaGirona\/article\/download\/124392\/172368\" target=\"_blank\" rel=\"noopener\"><em>Els volcans salvats<\/em><\/a><\/p><p>J.G. Tu\u00e9bols. <a href=\"https:\/\/www.raco.cat\/index.php\/RevistaGirona\/article\/download\/78612\/102688\" target=\"_blank\" rel=\"noopener\"><em>El Valle de H\u00f3stoles<\/em> (1963)<\/a><\/p><p>J. Fortet. <a href=\"https:\/\/revistes.udg.edu\/revista-girona\/article\/download\/19858\/23656\" target=\"_blank\" rel=\"noopener\"><em>Sant Feliu de Pallerols, un model de superaci\u00f3 de la crisi<\/em><\/a><\/p><p>Isabel Salama\u00f1a i Serra. <a href=\"https:\/\/dugi-doc.udg.edu\/bitstream\/handle\/10256\/17143\/NovesDinamiques.pdf?sequence=1&amp;isAllowed=y\" target=\"_blank\" rel=\"noopener\"><em>Noves din\u00e0miques demogr\u00e0fiques i residencials<\/em><\/a><\/p>\t\t\t\t\t\t\t\t<\/div>\n\t\t\t\t<\/div>\n\t\t\t\t\t<\/div>\n\t\t<\/div>\n\t\t\t\t\t<\/div>\n\t\t<\/section>\n\t\t\t\t<\/div>\n\t\t","protected":false},"excerpt":{"rendered":"<p>A la zona volc\u00e0nica de la Garrotxa (Girona), la vila de San Feliu de Pallerols encara conserva l\u2019autenticitat dels seus carrers i cases que molts altres pobles tur\u00edstics ha perdut. &#8230; <a title=\"Sant Feliu de Pallerols (Girona)\" class=\"read-more\" href=\"https:\/\/www.elturistatranquil.com\/ca\/sant-feliu-de-pallerols-girona\/\" aria-label=\"M\u00e9s informaci\u00f3 sobre Sant Feliu de Pallerols (Girona)\">[ &#8230; ]<\/a><\/p>\n","protected":false},"author":1,"featured_media":40934,"comment_status":"open","ping_status":"closed","sticky":false,"template":"","format":"standard","meta":{"footnotes":""},"categories":[70,71,72,145,135,83,89,69,100,159,139,106,110],"tags":[],"class_list":["post-40956","post","type-post","status-publish","format-standard","has-post-thumbnail","hentry","category-arquitectura-civil-ca","category-arquitectura-popular-ca","category-arquitectura-religiosa-ca","category-edat-mitjana","category-girona-ca","category-historia-ca","category-modernisme","category-arqueologia-industrial-ca","category-pobles-i-ciutats-amb-interes","category-recintes-emmurallats","category-segle-xvi-xvii","category-segle-xviii-xix","category-vila","infinite-scroll-item","generate-columns","tablet-grid-50","mobile-grid-100","grid-parent","grid-50","no-featured-image-padding"],"yoast_head":"<!-- This site is optimized with the Yoast SEO plugin v27.4 - https:\/\/yoast.com\/product\/yoast-seo-wordpress\/ -->\n<title>Sant Feliu de Pallerols (Girona) - El turista tranquil<\/title>\n<meta name=\"description\" content=\"A la zona volc\u00e0nica de la Garrotxa (Girona), la vila de San Feliu de Pallerols encara conserva l\u2019autenticitat dels seus carrers i cases que molts altres pobles tur\u00edstics ha perdut. Cal aprofitar-ho per visitar-la.\" \/>\n<meta name=\"robots\" content=\"index, follow, max-snippet:-1, max-image-preview:large, max-video-preview:-1\" \/>\n<link rel=\"canonical\" href=\"https:\/\/www.elturistatranquil.com\/ca\/sant-feliu-de-pallerols-girona\/\" \/>\n<meta property=\"og:locale\" content=\"ca_ES\" \/>\n<meta property=\"og:type\" content=\"article\" \/>\n<meta property=\"og:title\" content=\"Sant Feliu de Pallerols (Girona) - El turista tranquil\" \/>\n<meta property=\"og:description\" content=\"A la zona volc\u00e0nica de la Garrotxa (Girona), la vila de San Feliu de Pallerols encara conserva l\u2019autenticitat dels seus carrers i cases que molts altres pobles tur\u00edstics ha perdut. Cal aprofitar-ho per visitar-la.\" \/>\n<meta property=\"og:url\" content=\"https:\/\/www.elturistatranquil.com\/ca\/sant-feliu-de-pallerols-girona\/\" \/>\n<meta property=\"og:site_name\" content=\"El turista tranquil\" \/>\n<meta property=\"article:publisher\" content=\"https:\/\/www.facebook.com\/elturistatranquilo\/\" \/>\n<meta property=\"article:published_time\" content=\"2022-05-07T11:52:23+00:00\" \/>\n<meta property=\"article:modified_time\" content=\"2022-05-07T11:55:56+00:00\" \/>\n<meta property=\"og:image\" content=\"https:\/\/www.elturistatranquil.com\/wp-content\/uploads\/F82-Carrer-Sant-Sebastia-Cami-Ral-Sant-Feliu-de-Pallerols-Girona.jpg\" \/>\n\t<meta property=\"og:image:width\" content=\"768\" \/>\n\t<meta property=\"og:image:height\" content=\"512\" \/>\n\t<meta property=\"og:image:type\" content=\"image\/jpeg\" \/>\n<meta name=\"author\" content=\"admin\" \/>\n<meta name=\"twitter:card\" content=\"summary_large_image\" \/>\n<meta name=\"twitter:label1\" content=\"Escrit per\" \/>\n\t<meta name=\"twitter:data1\" content=\"admin\" \/>\n\t<meta name=\"twitter:label2\" content=\"Temps estimat de lectura\" \/>\n\t<meta name=\"twitter:data2\" content=\"41 minuts\" \/>\n<script type=\"application\/ld+json\" class=\"yoast-schema-graph\">{\"@context\":\"https:\\\/\\\/schema.org\",\"@graph\":[{\"@type\":\"Article\",\"@id\":\"https:\\\/\\\/www.elturistatranquil.com\\\/ca\\\/sant-feliu-de-pallerols-girona\\\/#article\",\"isPartOf\":{\"@id\":\"https:\\\/\\\/www.elturistatranquil.com\\\/ca\\\/sant-feliu-de-pallerols-girona\\\/\"},\"author\":{\"name\":\"admin\",\"@id\":\"https:\\\/\\\/www.elturistatranquil.com\\\/ca\\\/#\\\/schema\\\/person\\\/16f607c3079b96ed0c530a52e6b58bb5\"},\"headline\":\"Sant Feliu de Pallerols (Girona)\",\"datePublished\":\"2022-05-07T11:52:23+00:00\",\"dateModified\":\"2022-05-07T11:55:56+00:00\",\"mainEntityOfPage\":{\"@id\":\"https:\\\/\\\/www.elturistatranquil.com\\\/ca\\\/sant-feliu-de-pallerols-girona\\\/\"},\"wordCount\":4232,\"commentCount\":0,\"image\":{\"@id\":\"https:\\\/\\\/www.elturistatranquil.com\\\/ca\\\/sant-feliu-de-pallerols-girona\\\/#primaryimage\"},\"thumbnailUrl\":\"https:\\\/\\\/www.elturistatranquil.com\\\/wp-content\\\/uploads\\\/F82-Carrer-Sant-Sebastia-Cami-Ral-Sant-Feliu-de-Pallerols-Girona.jpg\",\"articleSection\":[\"Arquitectura civil\",\"Arquitectura popular\",\"Arquitectura religiosa\",\"Edat mitjana\",\"Girona\",\"Hist\u00f2ria\",\"Modernisme\",\"Patrimoni econ\u00f2mic\\\/productiu\",\"Pobles i ciutats amb inter\u00e9s\",\"Recintes emmurallats\",\"Segle XVI-XVII\",\"Segle XVIII-XIX\",\"Vila\"],\"inLanguage\":\"ca\",\"potentialAction\":[{\"@type\":\"CommentAction\",\"name\":\"Comment\",\"target\":[\"https:\\\/\\\/www.elturistatranquil.com\\\/ca\\\/sant-feliu-de-pallerols-girona\\\/#respond\"]}]},{\"@type\":\"WebPage\",\"@id\":\"https:\\\/\\\/www.elturistatranquil.com\\\/ca\\\/sant-feliu-de-pallerols-girona\\\/\",\"url\":\"https:\\\/\\\/www.elturistatranquil.com\\\/ca\\\/sant-feliu-de-pallerols-girona\\\/\",\"name\":\"Sant Feliu de Pallerols (Girona) - El turista tranquil\",\"isPartOf\":{\"@id\":\"https:\\\/\\\/www.elturistatranquil.com\\\/ca\\\/#website\"},\"primaryImageOfPage\":{\"@id\":\"https:\\\/\\\/www.elturistatranquil.com\\\/ca\\\/sant-feliu-de-pallerols-girona\\\/#primaryimage\"},\"image\":{\"@id\":\"https:\\\/\\\/www.elturistatranquil.com\\\/ca\\\/sant-feliu-de-pallerols-girona\\\/#primaryimage\"},\"thumbnailUrl\":\"https:\\\/\\\/www.elturistatranquil.com\\\/wp-content\\\/uploads\\\/F82-Carrer-Sant-Sebastia-Cami-Ral-Sant-Feliu-de-Pallerols-Girona.jpg\",\"datePublished\":\"2022-05-07T11:52:23+00:00\",\"dateModified\":\"2022-05-07T11:55:56+00:00\",\"author\":{\"@id\":\"https:\\\/\\\/www.elturistatranquil.com\\\/ca\\\/#\\\/schema\\\/person\\\/16f607c3079b96ed0c530a52e6b58bb5\"},\"description\":\"A la zona volc\u00e0nica de la Garrotxa (Girona), la vila de San Feliu de Pallerols encara conserva l\u2019autenticitat dels seus carrers i cases que molts altres pobles tur\u00edstics ha perdut. Cal aprofitar-ho per visitar-la.\",\"breadcrumb\":{\"@id\":\"https:\\\/\\\/www.elturistatranquil.com\\\/ca\\\/sant-feliu-de-pallerols-girona\\\/#breadcrumb\"},\"inLanguage\":\"ca\",\"potentialAction\":[{\"@type\":\"ReadAction\",\"target\":[\"https:\\\/\\\/www.elturistatranquil.com\\\/ca\\\/sant-feliu-de-pallerols-girona\\\/\"]}]},{\"@type\":\"ImageObject\",\"inLanguage\":\"ca\",\"@id\":\"https:\\\/\\\/www.elturistatranquil.com\\\/ca\\\/sant-feliu-de-pallerols-girona\\\/#primaryimage\",\"url\":\"https:\\\/\\\/www.elturistatranquil.com\\\/wp-content\\\/uploads\\\/F82-Carrer-Sant-Sebastia-Cami-Ral-Sant-Feliu-de-Pallerols-Girona.jpg\",\"contentUrl\":\"https:\\\/\\\/www.elturistatranquil.com\\\/wp-content\\\/uploads\\\/F82-Carrer-Sant-Sebastia-Cami-Ral-Sant-Feliu-de-Pallerols-Girona.jpg\",\"width\":768,\"height\":512,\"caption\":\"Carrer Sant Sebastia, Cami Ral, Sant Feliu de Pallerols, Girona\"},{\"@type\":\"BreadcrumbList\",\"@id\":\"https:\\\/\\\/www.elturistatranquil.com\\\/ca\\\/sant-feliu-de-pallerols-girona\\\/#breadcrumb\",\"itemListElement\":[{\"@type\":\"ListItem\",\"position\":1,\"name\":\"Portada\",\"item\":\"https:\\\/\\\/www.elturistatranquil.com\\\/ca\\\/\"},{\"@type\":\"ListItem\",\"position\":2,\"name\":\"Sant Feliu de Pallerols (Girona)\"}]},{\"@type\":\"WebSite\",\"@id\":\"https:\\\/\\\/www.elturistatranquil.com\\\/ca\\\/#website\",\"url\":\"https:\\\/\\\/www.elturistatranquil.com\\\/ca\\\/\",\"name\":\"El turista tranquil\",\"description\":\"Blog de viatges\",\"potentialAction\":[{\"@type\":\"SearchAction\",\"target\":{\"@type\":\"EntryPoint\",\"urlTemplate\":\"https:\\\/\\\/www.elturistatranquil.com\\\/ca\\\/?s={search_term_string}\"},\"query-input\":{\"@type\":\"PropertyValueSpecification\",\"valueRequired\":true,\"valueName\":\"search_term_string\"}}],\"inLanguage\":\"ca\"},{\"@type\":\"Person\",\"@id\":\"https:\\\/\\\/www.elturistatranquil.com\\\/ca\\\/#\\\/schema\\\/person\\\/16f607c3079b96ed0c530a52e6b58bb5\",\"name\":\"admin\",\"image\":{\"@type\":\"ImageObject\",\"inLanguage\":\"ca\",\"@id\":\"https:\\\/\\\/secure.gravatar.com\\\/avatar\\\/1fbaf22aee75fcbb29a2f97b107f95d25d3a19b7c3416105be10269872673e8d?s=96&d=mm&r=g\",\"url\":\"https:\\\/\\\/secure.gravatar.com\\\/avatar\\\/1fbaf22aee75fcbb29a2f97b107f95d25d3a19b7c3416105be10269872673e8d?s=96&d=mm&r=g\",\"contentUrl\":\"https:\\\/\\\/secure.gravatar.com\\\/avatar\\\/1fbaf22aee75fcbb29a2f97b107f95d25d3a19b7c3416105be10269872673e8d?s=96&d=mm&r=g\",\"caption\":\"admin\"}}]}<\/script>\n<!-- \/ Yoast SEO plugin. -->","yoast_head_json":{"title":"Sant Feliu de Pallerols (Girona) - El turista tranquil","description":"A la zona volc\u00e0nica de la Garrotxa (Girona), la vila de San Feliu de Pallerols encara conserva l\u2019autenticitat dels seus carrers i cases que molts altres pobles tur\u00edstics ha perdut. Cal aprofitar-ho per visitar-la.","robots":{"index":"index","follow":"follow","max-snippet":"max-snippet:-1","max-image-preview":"max-image-preview:large","max-video-preview":"max-video-preview:-1"},"canonical":"https:\/\/www.elturistatranquil.com\/ca\/sant-feliu-de-pallerols-girona\/","og_locale":"ca_ES","og_type":"article","og_title":"Sant Feliu de Pallerols (Girona) - El turista tranquil","og_description":"A la zona volc\u00e0nica de la Garrotxa (Girona), la vila de San Feliu de Pallerols encara conserva l\u2019autenticitat dels seus carrers i cases que molts altres pobles tur\u00edstics ha perdut. Cal aprofitar-ho per visitar-la.","og_url":"https:\/\/www.elturistatranquil.com\/ca\/sant-feliu-de-pallerols-girona\/","og_site_name":"El turista tranquil","article_publisher":"https:\/\/www.facebook.com\/elturistatranquilo\/","article_published_time":"2022-05-07T11:52:23+00:00","article_modified_time":"2022-05-07T11:55:56+00:00","og_image":[{"width":768,"height":512,"url":"https:\/\/www.elturistatranquil.com\/wp-content\/uploads\/F82-Carrer-Sant-Sebastia-Cami-Ral-Sant-Feliu-de-Pallerols-Girona.jpg","type":"image\/jpeg"}],"author":"admin","twitter_card":"summary_large_image","twitter_misc":{"Escrit per":"admin","Temps estimat de lectura":"41 minuts"},"schema":{"@context":"https:\/\/schema.org","@graph":[{"@type":"Article","@id":"https:\/\/www.elturistatranquil.com\/ca\/sant-feliu-de-pallerols-girona\/#article","isPartOf":{"@id":"https:\/\/www.elturistatranquil.com\/ca\/sant-feliu-de-pallerols-girona\/"},"author":{"name":"admin","@id":"https:\/\/www.elturistatranquil.com\/ca\/#\/schema\/person\/16f607c3079b96ed0c530a52e6b58bb5"},"headline":"Sant Feliu de Pallerols (Girona)","datePublished":"2022-05-07T11:52:23+00:00","dateModified":"2022-05-07T11:55:56+00:00","mainEntityOfPage":{"@id":"https:\/\/www.elturistatranquil.com\/ca\/sant-feliu-de-pallerols-girona\/"},"wordCount":4232,"commentCount":0,"image":{"@id":"https:\/\/www.elturistatranquil.com\/ca\/sant-feliu-de-pallerols-girona\/#primaryimage"},"thumbnailUrl":"https:\/\/www.elturistatranquil.com\/wp-content\/uploads\/F82-Carrer-Sant-Sebastia-Cami-Ral-Sant-Feliu-de-Pallerols-Girona.jpg","articleSection":["Arquitectura civil","Arquitectura popular","Arquitectura religiosa","Edat mitjana","Girona","Hist\u00f2ria","Modernisme","Patrimoni econ\u00f2mic\/productiu","Pobles i ciutats amb inter\u00e9s","Recintes emmurallats","Segle XVI-XVII","Segle XVIII-XIX","Vila"],"inLanguage":"ca","potentialAction":[{"@type":"CommentAction","name":"Comment","target":["https:\/\/www.elturistatranquil.com\/ca\/sant-feliu-de-pallerols-girona\/#respond"]}]},{"@type":"WebPage","@id":"https:\/\/www.elturistatranquil.com\/ca\/sant-feliu-de-pallerols-girona\/","url":"https:\/\/www.elturistatranquil.com\/ca\/sant-feliu-de-pallerols-girona\/","name":"Sant Feliu de Pallerols (Girona) - El turista tranquil","isPartOf":{"@id":"https:\/\/www.elturistatranquil.com\/ca\/#website"},"primaryImageOfPage":{"@id":"https:\/\/www.elturistatranquil.com\/ca\/sant-feliu-de-pallerols-girona\/#primaryimage"},"image":{"@id":"https:\/\/www.elturistatranquil.com\/ca\/sant-feliu-de-pallerols-girona\/#primaryimage"},"thumbnailUrl":"https:\/\/www.elturistatranquil.com\/wp-content\/uploads\/F82-Carrer-Sant-Sebastia-Cami-Ral-Sant-Feliu-de-Pallerols-Girona.jpg","datePublished":"2022-05-07T11:52:23+00:00","dateModified":"2022-05-07T11:55:56+00:00","author":{"@id":"https:\/\/www.elturistatranquil.com\/ca\/#\/schema\/person\/16f607c3079b96ed0c530a52e6b58bb5"},"description":"A la zona volc\u00e0nica de la Garrotxa (Girona), la vila de San Feliu de Pallerols encara conserva l\u2019autenticitat dels seus carrers i cases que molts altres pobles tur\u00edstics ha perdut. Cal aprofitar-ho per visitar-la.","breadcrumb":{"@id":"https:\/\/www.elturistatranquil.com\/ca\/sant-feliu-de-pallerols-girona\/#breadcrumb"},"inLanguage":"ca","potentialAction":[{"@type":"ReadAction","target":["https:\/\/www.elturistatranquil.com\/ca\/sant-feliu-de-pallerols-girona\/"]}]},{"@type":"ImageObject","inLanguage":"ca","@id":"https:\/\/www.elturistatranquil.com\/ca\/sant-feliu-de-pallerols-girona\/#primaryimage","url":"https:\/\/www.elturistatranquil.com\/wp-content\/uploads\/F82-Carrer-Sant-Sebastia-Cami-Ral-Sant-Feliu-de-Pallerols-Girona.jpg","contentUrl":"https:\/\/www.elturistatranquil.com\/wp-content\/uploads\/F82-Carrer-Sant-Sebastia-Cami-Ral-Sant-Feliu-de-Pallerols-Girona.jpg","width":768,"height":512,"caption":"Carrer Sant Sebastia, Cami Ral, Sant Feliu de Pallerols, Girona"},{"@type":"BreadcrumbList","@id":"https:\/\/www.elturistatranquil.com\/ca\/sant-feliu-de-pallerols-girona\/#breadcrumb","itemListElement":[{"@type":"ListItem","position":1,"name":"Portada","item":"https:\/\/www.elturistatranquil.com\/ca\/"},{"@type":"ListItem","position":2,"name":"Sant Feliu de Pallerols (Girona)"}]},{"@type":"WebSite","@id":"https:\/\/www.elturistatranquil.com\/ca\/#website","url":"https:\/\/www.elturistatranquil.com\/ca\/","name":"El turista tranquil","description":"Blog de viatges","potentialAction":[{"@type":"SearchAction","target":{"@type":"EntryPoint","urlTemplate":"https:\/\/www.elturistatranquil.com\/ca\/?s={search_term_string}"},"query-input":{"@type":"PropertyValueSpecification","valueRequired":true,"valueName":"search_term_string"}}],"inLanguage":"ca"},{"@type":"Person","@id":"https:\/\/www.elturistatranquil.com\/ca\/#\/schema\/person\/16f607c3079b96ed0c530a52e6b58bb5","name":"admin","image":{"@type":"ImageObject","inLanguage":"ca","@id":"https:\/\/secure.gravatar.com\/avatar\/1fbaf22aee75fcbb29a2f97b107f95d25d3a19b7c3416105be10269872673e8d?s=96&d=mm&r=g","url":"https:\/\/secure.gravatar.com\/avatar\/1fbaf22aee75fcbb29a2f97b107f95d25d3a19b7c3416105be10269872673e8d?s=96&d=mm&r=g","contentUrl":"https:\/\/secure.gravatar.com\/avatar\/1fbaf22aee75fcbb29a2f97b107f95d25d3a19b7c3416105be10269872673e8d?s=96&d=mm&r=g","caption":"admin"}}]}},"_links":{"self":[{"href":"https:\/\/www.elturistatranquil.com\/ca\/wp-json\/wp\/v2\/posts\/40956","targetHints":{"allow":["GET"]}}],"collection":[{"href":"https:\/\/www.elturistatranquil.com\/ca\/wp-json\/wp\/v2\/posts"}],"about":[{"href":"https:\/\/www.elturistatranquil.com\/ca\/wp-json\/wp\/v2\/types\/post"}],"author":[{"embeddable":true,"href":"https:\/\/www.elturistatranquil.com\/ca\/wp-json\/wp\/v2\/users\/1"}],"replies":[{"embeddable":true,"href":"https:\/\/www.elturistatranquil.com\/ca\/wp-json\/wp\/v2\/comments?post=40956"}],"version-history":[{"count":5,"href":"https:\/\/www.elturistatranquil.com\/ca\/wp-json\/wp\/v2\/posts\/40956\/revisions"}],"predecessor-version":[{"id":40971,"href":"https:\/\/www.elturistatranquil.com\/ca\/wp-json\/wp\/v2\/posts\/40956\/revisions\/40971"}],"wp:featuredmedia":[{"embeddable":true,"href":"https:\/\/www.elturistatranquil.com\/ca\/wp-json\/wp\/v2\/media\/40934"}],"wp:attachment":[{"href":"https:\/\/www.elturistatranquil.com\/ca\/wp-json\/wp\/v2\/media?parent=40956"}],"wp:term":[{"taxonomy":"category","embeddable":true,"href":"https:\/\/www.elturistatranquil.com\/ca\/wp-json\/wp\/v2\/categories?post=40956"},{"taxonomy":"post_tag","embeddable":true,"href":"https:\/\/www.elturistatranquil.com\/ca\/wp-json\/wp\/v2\/tags?post=40956"}],"curies":[{"name":"wp","href":"https:\/\/api.w.org\/{rel}","templated":true}]}}