{"id":41904,"date":"2022-06-25T11:58:19","date_gmt":"2022-06-25T09:58:19","guid":{"rendered":"https:\/\/www.elturistatranquil.com\/?p=41904"},"modified":"2024-01-25T11:42:32","modified_gmt":"2024-01-25T10:42:32","slug":"belmonte-conca","status":"publish","type":"post","link":"https:\/\/www.elturistatranquil.com\/ca\/belmonte-conca\/","title":{"rendered":"Belmonte (Conca)"},"content":{"rendered":"\t\t<div data-elementor-type=\"wp-post\" data-elementor-id=\"41904\" class=\"elementor elementor-41904 elementor-41535\" data-elementor-post-type=\"post\">\n\t\t\t\t\t\t<section class=\"elementor-section elementor-top-section elementor-element elementor-element-2054f0f1 elementor-section-boxed elementor-section-height-default elementor-section-height-default\" data-id=\"2054f0f1\" data-element_type=\"section\" data-e-type=\"section\">\n\t\t\t\t\t\t<div class=\"elementor-container elementor-column-gap-default\">\n\t\t\t\t\t<div class=\"elementor-column elementor-col-100 elementor-top-column elementor-element elementor-element-7e7a7745\" data-id=\"7e7a7745\" data-element_type=\"column\" data-e-type=\"column\">\n\t\t\t<div class=\"elementor-widget-wrap elementor-element-populated\">\n\t\t\t\t\t\t<section class=\"elementor-section elementor-inner-section elementor-element elementor-element-6bb993ec elementor-section-content-middle elementor-section-boxed elementor-section-height-default elementor-section-height-default\" data-id=\"6bb993ec\" data-element_type=\"section\" data-e-type=\"section\">\n\t\t\t\t\t\t<div class=\"elementor-container elementor-column-gap-default\">\n\t\t\t\t\t<div class=\"elementor-column elementor-col-100 elementor-inner-column elementor-element elementor-element-7551ae47\" data-id=\"7551ae47\" data-element_type=\"column\" data-e-type=\"column\">\n\t\t\t<div class=\"elementor-widget-wrap elementor-element-populated\">\n\t\t\t\t\t\t<div class=\"elementor-element elementor-element-64259e58 elementor-widget elementor-widget-text-editor\" data-id=\"64259e58\" data-element_type=\"widget\" data-e-type=\"widget\" data-widget_type=\"text-editor.default\">\n\t\t\t\t<div class=\"elementor-widget-container\">\n\t\t\t\t\t\t\t\t\t<p><em>Belmonte<\/em> (Conca) \u00e9s un Conjunt Historic-Art\u00edstic (BIC) on es respira l&#8217;ambient de vila medieval manxega. Presidida per l&#8217;espectacular castell de Belmonte, conserva gran part de les muralles, de les edificacions senyorials i populars i de la trama urbana de l&#8217;\u00e8poca.<\/p>\t\t\t\t\t\t\t\t<\/div>\n\t\t\t\t<\/div>\n\t\t\t\t\t<\/div>\n\t\t<\/div>\n\t\t\t\t\t<\/div>\n\t\t<\/section>\n\t\t\t\t<div class=\"elementor-element elementor-element-4df9affb elementor-widget elementor-widget-heading\" data-id=\"4df9affb\" data-element_type=\"widget\" data-e-type=\"widget\" data-widget_type=\"heading.default\">\n\t\t\t\t<div class=\"elementor-widget-container\">\n\t\t\t\t\t<h1 class=\"elementor-heading-title elementor-size-default\">Belmonte (Conca)<\/h1>\t\t\t\t<\/div>\n\t\t\t\t<\/div>\n\t\t\t\t\t<\/div>\n\t\t<\/div>\n\t\t\t\t\t<\/div>\n\t\t<\/section>\n\t\t\t\t<section class=\"elementor-section elementor-top-section elementor-element elementor-element-753b78f1 elementor-section-boxed elementor-section-height-default elementor-section-height-default\" data-id=\"753b78f1\" data-element_type=\"section\" data-e-type=\"section\">\n\t\t\t\t\t\t<div class=\"elementor-container elementor-column-gap-default\">\n\t\t\t\t\t<div class=\"elementor-column elementor-col-100 elementor-top-column elementor-element elementor-element-3e15b712\" data-id=\"3e15b712\" data-element_type=\"column\" data-e-type=\"column\">\n\t\t\t<div class=\"elementor-widget-wrap elementor-element-populated\">\n\t\t\t\t\t\t<div class=\"elementor-element elementor-element-5b86ee32 elementor-widget elementor-widget-image\" data-id=\"5b86ee32\" data-element_type=\"widget\" data-e-type=\"widget\" data-widget_type=\"image.default\">\n\t\t\t\t<div class=\"elementor-widget-container\">\n\t\t\t\t\t\t\t\t\t\t\t\t<figure class=\"wp-caption\">\n\t\t\t\t\t\t\t\t\t\t<img fetchpriority=\"high\" decoding=\"async\" width=\"768\" height=\"512\" src=\"https:\/\/www.elturistatranquil.com\/wp-content\/uploads\/F01-Belmonte-Cuenca-Google-earth-2022-06-09.jpg\" class=\"attachment-large size-large wp-image-41548\" alt=\"Belmonte, Cuenca (Google earth 2022-06-09)\" srcset=\"https:\/\/www.elturistatranquil.com\/wp-content\/uploads\/F01-Belmonte-Cuenca-Google-earth-2022-06-09.jpg 768w, https:\/\/www.elturistatranquil.com\/wp-content\/uploads\/F01-Belmonte-Cuenca-Google-earth-2022-06-09-339x226.jpg 339w\" sizes=\"(max-width: 768px) 100vw, 768px\" \/>\t\t\t\t\t\t\t\t\t\t\t<figcaption class=\"widget-image-caption wp-caption-text\">Belmonte. En vermell: muralla existent; en verd: tra\u00e7at de la resta de muralla desapareguda (Google earth 2022-06-09) <\/figcaption>\n\t\t\t\t\t\t\t\t\t\t<\/figure>\n\t\t\t\t\t\t\t\t\t<\/div>\n\t\t\t\t<\/div>\n\t\t\t\t<div class=\"elementor-element elementor-element-269b4266 elementor-widget elementor-widget-spacer\" data-id=\"269b4266\" data-element_type=\"widget\" data-e-type=\"widget\" data-widget_type=\"spacer.default\">\n\t\t\t\t<div class=\"elementor-widget-container\">\n\t\t\t\t\t\t\t<div class=\"elementor-spacer\">\n\t\t\t<div class=\"elementor-spacer-inner\"><\/div>\n\t\t<\/div>\n\t\t\t\t\t\t<\/div>\n\t\t\t\t<\/div>\n\t\t\t\t<div class=\"elementor-element elementor-element-1b442695 elementor-widget elementor-widget-heading\" data-id=\"1b442695\" data-element_type=\"widget\" data-e-type=\"widget\" data-widget_type=\"heading.default\">\n\t\t\t\t<div class=\"elementor-widget-container\">\n\t\t\t\t\t<h2 class=\"elementor-heading-title elementor-size-default\">Belmonte. La Mancha de Cuenca. Conca<\/h2>\t\t\t\t<\/div>\n\t\t\t\t<\/div>\n\t\t\t\t<section class=\"elementor-section elementor-inner-section elementor-element elementor-element-750bc7e8 elementor-section-boxed elementor-section-height-default elementor-section-height-default\" data-id=\"750bc7e8\" data-element_type=\"section\" data-e-type=\"section\" data-settings=\"{&quot;background_background&quot;:&quot;classic&quot;}\">\n\t\t\t\t\t\t\t<div class=\"elementor-background-overlay\"><\/div>\n\t\t\t\t\t\t\t<div class=\"elementor-container elementor-column-gap-default\">\n\t\t\t\t\t<div class=\"elementor-column elementor-col-100 elementor-inner-column elementor-element elementor-element-2c2db2ef\" data-id=\"2c2db2ef\" data-element_type=\"column\" data-e-type=\"column\" data-settings=\"{&quot;background_background&quot;:&quot;classic&quot;}\">\n\t\t\t<div class=\"elementor-widget-wrap elementor-element-populated\">\n\t\t\t\t\t\t<div class=\"elementor-element elementor-element-78df104a elementor-widget elementor-widget-text-editor\" data-id=\"78df104a\" data-element_type=\"widget\" data-e-type=\"widget\" data-widget_type=\"text-editor.default\">\n\t\t\t\t<div class=\"elementor-widget-container\">\n\t\t\t\t\t\t\t\t\t<p>Comarca: La Mancha de Cuenca. Prov\u00edncia: Conca. Com. Aut\u00f2noma: Castilla-La Mancha<\/p><p>Coordenades: 39\u00b033\u203233\u2033N 2\u00b042\u203214\u2033O. Altitud: 756 msnm. Poblaci\u00f3: 1.180 habitantes (2021)<\/p><p>Web: <a href=\"https:\/\/www.belmonte.es\/\" target=\"_blank\" rel=\"noopener\">ayuntamiento<\/a><\/p><p><em>Conjunto Hist\u00f2rico-Art\u00edstic. B\u00e9 d\u2019Inter\u00e9s Cultural (BIC)<\/em><\/p><p>Visita: 2022<\/p>\t\t\t\t\t\t\t\t<\/div>\n\t\t\t\t<\/div>\n\t\t\t\t\t<\/div>\n\t\t<\/div>\n\t\t\t\t\t<\/div>\n\t\t<\/section>\n\t\t\t\t<div class=\"elementor-element elementor-element-2c83665f elementor-widget elementor-widget-image\" data-id=\"2c83665f\" data-element_type=\"widget\" data-e-type=\"widget\" data-widget_type=\"image.default\">\n\t\t\t\t<div class=\"elementor-widget-container\">\n\t\t\t\t\t\t\t\t\t\t\t\t<figure class=\"wp-caption\">\n\t\t\t\t\t\t\t\t\t\t<img decoding=\"async\" width=\"768\" height=\"512\" src=\"https:\/\/www.elturistatranquil.com\/wp-content\/uploads\/F02c-Mapa-de-situacio-de-Belmonte-Cuenca-Google-maps-2022-05-27.jpg\" class=\"attachment-medium_large size-medium_large wp-image-41906\" alt=\"Mapa de situaci\u00f3 de Belmonte, Cuenca (Google maps 2022-05-27)\" srcset=\"https:\/\/www.elturistatranquil.com\/wp-content\/uploads\/F02c-Mapa-de-situacio-de-Belmonte-Cuenca-Google-maps-2022-05-27.jpg 768w, https:\/\/www.elturistatranquil.com\/wp-content\/uploads\/F02c-Mapa-de-situacio-de-Belmonte-Cuenca-Google-maps-2022-05-27-339x226.jpg 339w\" sizes=\"(max-width: 768px) 100vw, 768px\" \/>\t\t\t\t\t\t\t\t\t\t\t<figcaption class=\"widget-image-caption wp-caption-text\">Mapa de situaci\u00f3 de Belmonte, Conca (Google maps 2022-05-27)<\/figcaption>\n\t\t\t\t\t\t\t\t\t\t<\/figure>\n\t\t\t\t\t\t\t\t\t<\/div>\n\t\t\t\t<\/div>\n\t\t\t\t<section class=\"elementor-section elementor-inner-section elementor-element elementor-element-6cbf7b36 elementor-section-boxed elementor-section-height-default elementor-section-height-default\" data-id=\"6cbf7b36\" data-element_type=\"section\" data-e-type=\"section\" data-settings=\"{&quot;background_background&quot;:&quot;classic&quot;}\">\n\t\t\t\t\t\t<div class=\"elementor-container elementor-column-gap-default\">\n\t\t\t\t\t<div class=\"elementor-column elementor-col-100 elementor-inner-column elementor-element elementor-element-34e420bf\" data-id=\"34e420bf\" data-element_type=\"column\" data-e-type=\"column\">\n\t\t\t<div class=\"elementor-widget-wrap elementor-element-populated\">\n\t\t\t\t\t\t<div class=\"elementor-element elementor-element-5f72ad36 elementor-widget elementor-widget-text-editor\" data-id=\"5f72ad36\" data-element_type=\"widget\" data-e-type=\"widget\" data-widget_type=\"text-editor.default\">\n\t\t\t\t<div class=\"elementor-widget-container\">\n\t\t\t\t\t\t\t\t\t<p style=\"text-align: center;\"><strong>\u00cdndex<\/strong><\/p>\t\t\t\t\t\t\t\t<\/div>\n\t\t\t\t<\/div>\n\t\t\t\t<div class=\"elementor-element elementor-element-d18e757 elementor-widget elementor-widget-text-editor\" data-id=\"d18e757\" data-element_type=\"widget\" data-e-type=\"widget\" data-widget_type=\"text-editor.default\">\n\t\t\t\t<div class=\"elementor-widget-container\">\n\t\t\t\t\t\t\t\t\t<p><a href=\"https:\/\/www.elturistatranquil.com\/ca\/belmonte-conca\/#c7501\">Belmonte. La Mancha de Cuenca. Conca<\/a><\/p><p><a href=\"https:\/\/www.elturistatranquil.com\/ca\/belmonte-conca\/#c7502\">El territori: La Mancha de Cuenca<\/a><\/p><p><a href=\"https:\/\/www.elturistatranquil.com\/ca\/belmonte-conca\/#c7503\">Una mica d\u2019hist\u00f2ria<\/a><\/p><p><a href=\"https:\/\/www.elturistatranquil.com\/ca\/belmonte-conca\/#c7504\">La visita a Belmonte<\/a><\/p><p style=\"padding-left: 40px;\"><a href=\"https:\/\/www.elturistatranquil.com\/ca\/belmonte-conca\/#c7505\">La muralla i els seus elements significatius<\/a><\/p><p style=\"padding-left: 80px;\"><a href=\"https:\/\/www.elturistatranquil.com\/ca\/belmonte-conca\/#c7506\">La porta de San Juan<\/a><\/p><p style=\"padding-left: 80px;\"><a href=\"https:\/\/www.elturistatranquil.com\/ca\/belmonte-conca\/#c7507\">El castell de Belmonte<\/a><\/p><p style=\"padding-left: 80px;\"><a href=\"https:\/\/www.elturistatranquil.com\/ca\/belmonte-conca\/#c7508\">La porta de Chinchilla<\/a><\/p><p style=\"padding-left: 80px;\"><a href=\"https:\/\/www.elturistatranquil.com\/ca\/belmonte-conca\/#c7509\">La porta del Almud\u00ed i el P\u00f2sit<\/a><\/p><p style=\"padding-left: 80px;\"><a href=\"https:\/\/www.elturistatranquil.com\/ca\/belmonte-conca\/#c7510\">La porta de la Estrella<\/a><\/p><p style=\"padding-left: 40px;\"><a href=\"https:\/\/www.elturistatranquil.com\/ca\/belmonte-conca\/#c7511\">Recorregut pel Belmonte monumental<\/a><\/p><p style=\"padding-left: 80px;\"><a href=\"https:\/\/www.elturistatranquil.com\/ca\/belmonte-conca\/#c7512\">Palau del Infante Don Juan Manuel<\/a><\/p><p style=\"padding-left: 80px;\"><a href=\"https:\/\/www.elturistatranquil.com\/ca\/belmonte-conca\/#c7513\">Col\u00b7legiata de San Bartolom\u00e9<\/a><\/p><p style=\"padding-left: 80px;\"><a href=\"https:\/\/www.elturistatranquil.com\/ca\/belmonte-conca\/#c7514\">Casas senyorials. Palau dels Condes de Bellavista<\/a><\/p><p style=\"padding-left: 80px;\"><a href=\"https:\/\/www.elturistatranquil.com\/ca\/belmonte-conca\/#c7515\">Casa natal de Fray Luis de Le\u00f3n<\/a><\/p><p style=\"padding-left: 80px;\"><a href=\"https:\/\/www.elturistatranquil.com\/ca\/belmonte-conca\/#c7516\">Convent de les Concepcionistas<\/a><\/p><p style=\"padding-left: 80px;\"><a href=\"https:\/\/www.elturistatranquil.com\/ca\/belmonte-conca\/#c7517\">Hospital de San Andr\u00e9s<\/a><\/p><p style=\"padding-left: 80px;\"><a href=\"https:\/\/www.elturistatranquil.com\/ca\/belmonte-conca\/#c7518\">Casa dels Hiniestrosa (Casa de los leones)<\/a><\/p><p style=\"padding-left: 80px;\"><a href=\"https:\/\/www.elturistatranquil.com\/ca\/belmonte-conca\/#c7519\">Tanca interior. Carrer San Isidro<\/a><\/p><p style=\"padding-left: 80px;\"><a href=\"https:\/\/www.elturistatranquil.com\/ca\/belmonte-conca\/#c7520\">Pla\u00e7a del Pilar i fonts<\/a><\/p><p style=\"padding-left: 80px;\"><a href=\"https:\/\/www.elturistatranquil.com\/ca\/belmonte-conca\/#c7521\">Convent dels Franciscanos\/Trinitarios<\/a><\/p><p style=\"padding-left: 80px;\"><a href=\"https:\/\/www.elturistatranquil.com\/ca\/belmonte-conca\/#c7522\">Casa dels Baillo<\/a><\/p><p style=\"padding-left: 80px;\"><a href=\"https:\/\/www.elturistatranquil.com\/ca\/belmonte-conca\/#c7523\">Pla\u00e7a Major. Casa Consistorial<\/a><\/p><p style=\"padding-left: 80px;\"><a href=\"https:\/\/www.elturistatranquil.com\/ca\/belmonte-conca\/#c7524\">Casa de Medievo Bellomonte. Corral de com\u00e8dies<\/a><\/p><p style=\"padding-left: 80px;\"><a href=\"https:\/\/www.elturistatranquil.com\/ca\/belmonte-conca\/#c7525\">Convent-col\u00b7legi dels Jesuitas<\/a><\/p><p style=\"padding-left: 80px;\"><a href=\"https:\/\/www.elturistatranquil.com\/ca\/belmonte-conca\/#c7526\">Col\u00b7legi P\u00fablic de Belmonte<\/a><\/p><p style=\"padding-left: 80px;\"><a href=\"https:\/\/www.elturistatranquil.com\/ca\/belmonte-conca\/#c7527\">Ermita de la Virgen de Gracia i Calvari<\/a><\/p><p style=\"padding-left: 80px;\"><a href=\"https:\/\/www.elturistatranquil.com\/ca\/belmonte-conca\/#c7528\">Ermita de San Ant\u00f3n i Santa Lucia<\/a><\/p><p style=\"padding-left: 80px;\"><a href=\"https:\/\/www.elturistatranquil.com\/ca\/belmonte-conca\/#c7529\">Molins de vent<\/a><\/p><p style=\"padding-left: 80px;\"><a href=\"https:\/\/www.elturistatranquil.com\/ca\/belmonte-conca\/#c7530\">Arquitectura tradicional i reixeria<\/a><\/p><p><a href=\"https:\/\/www.elturistatranquil.com\/ca\/belmonte-conca\/#c7531\">Fi de la visita<\/a><\/p><p><a href=\"https:\/\/www.elturistatranquil.com\/ca\/belmonte-conca\/#c7532\">Bases d\u2019informaci\u00f3<\/a><\/p>\t\t\t\t\t\t\t\t<\/div>\n\t\t\t\t<\/div>\n\t\t\t\t\t<\/div>\n\t\t<\/div>\n\t\t\t\t\t<\/div>\n\t\t<\/section>\n\t\t\t\t<div class=\"elementor-element elementor-element-3a6464d5 elementor-widget elementor-widget-spacer\" data-id=\"3a6464d5\" data-element_type=\"widget\" data-e-type=\"widget\" data-widget_type=\"spacer.default\">\n\t\t\t\t<div class=\"elementor-widget-container\">\n\t\t\t\t\t\t\t<div class=\"elementor-spacer\">\n\t\t\t<div class=\"elementor-spacer-inner\"><\/div>\n\t\t<\/div>\n\t\t\t\t\t\t<\/div>\n\t\t\t\t<\/div>\n\t\t\t\t<div class=\"elementor-element elementor-element-3d1e7b3e elementor-widget elementor-widget-menu-anchor\" data-id=\"3d1e7b3e\" data-element_type=\"widget\" data-e-type=\"widget\" data-widget_type=\"menu-anchor.default\">\n\t\t\t\t<div class=\"elementor-widget-container\">\n\t\t\t\t\t\t\t<div class=\"elementor-menu-anchor\" id=\"c7501\"><\/div>\n\t\t\t\t\t\t<\/div>\n\t\t\t\t<\/div>\n\t\t\t\t<div class=\"elementor-element elementor-element-4dcffe0c elementor-widget elementor-widget-spacer\" data-id=\"4dcffe0c\" data-element_type=\"widget\" data-e-type=\"widget\" data-widget_type=\"spacer.default\">\n\t\t\t\t<div class=\"elementor-widget-container\">\n\t\t\t\t\t\t\t<div class=\"elementor-spacer\">\n\t\t\t<div class=\"elementor-spacer-inner\"><\/div>\n\t\t<\/div>\n\t\t\t\t\t\t<\/div>\n\t\t\t\t<\/div>\n\t\t\t\t<div class=\"elementor-element elementor-element-488af62c elementor-widget elementor-widget-heading\" data-id=\"488af62c\" data-element_type=\"widget\" data-e-type=\"widget\" data-widget_type=\"heading.default\">\n\t\t\t\t<div class=\"elementor-widget-container\">\n\t\t\t\t\t<h2 class=\"elementor-heading-title elementor-size-default\">Belmonte. La Mancha de Cuenca. Conca <\/h2>\t\t\t\t<\/div>\n\t\t\t\t<\/div>\n\t\t\t\t<div class=\"elementor-element elementor-element-27c24311 elementor-widget elementor-widget-text-editor\" data-id=\"27c24311\" data-element_type=\"widget\" data-e-type=\"widget\" data-widget_type=\"text-editor.default\">\n\t\t\t\t<div class=\"elementor-widget-container\">\n\t\t\t\t\t\t\t\t\t<p>L&#8217;arribada a Belmonte per la CM-3102 des del Pedernoso, ens ofereix unes vistes sobre la localitat amb el seu castell dominant des de dalt d&#8217;un tur\u00f3, i l&#8217;antic alc\u00e0sser i la col\u00b7legiata des d&#8217;un altre, amb alguns molins de vent a dalt els turons.<\/p>\t\t\t\t\t\t\t\t<\/div>\n\t\t\t\t<\/div>\n\t\t\t\t<div class=\"elementor-element elementor-element-107d4d01 elementor-widget elementor-widget-image\" data-id=\"107d4d01\" data-element_type=\"widget\" data-e-type=\"widget\" data-widget_type=\"image.default\">\n\t\t\t\t<div class=\"elementor-widget-container\">\n\t\t\t\t\t\t\t\t\t\t\t\t<figure class=\"wp-caption\">\n\t\t\t\t\t\t\t\t\t\t<img decoding=\"async\" width=\"768\" height=\"512\" src=\"https:\/\/www.elturistatranquil.com\/wp-content\/uploads\/F03-Belmonte-Cuenca-1.jpg\" class=\"attachment-large size-large wp-image-41552\" alt=\"Belmonte, Cuenca\" srcset=\"https:\/\/www.elturistatranquil.com\/wp-content\/uploads\/F03-Belmonte-Cuenca-1.jpg 768w, https:\/\/www.elturistatranquil.com\/wp-content\/uploads\/F03-Belmonte-Cuenca-1-339x226.jpg 339w\" sizes=\"(max-width: 768px) 100vw, 768px\" \/>\t\t\t\t\t\t\t\t\t\t\t<figcaption class=\"widget-image-caption wp-caption-text\"><\/figcaption>\n\t\t\t\t\t\t\t\t\t\t<\/figure>\n\t\t\t\t\t\t\t\t\t<\/div>\n\t\t\t\t<\/div>\n\t\t\t\t<div class=\"elementor-element elementor-element-1de01b2 elementor-widget elementor-widget-text-editor\" data-id=\"1de01b2\" data-element_type=\"widget\" data-e-type=\"widget\" data-widget_type=\"text-editor.default\">\n\t\t\t\t<div class=\"elementor-widget-container\">\n\t\t\t\t\t\t\t\t\t<p>Per\u00f2 si arribem per la N-320 des de Mota del Cuervo, a l&#8217;entrada ens rep un edifici, a mig cam\u00ed entre un \u201cp\u00f2sit\u201d i una torre de vigil\u00e0ncia. Es tracta d&#8217;una de les innombrables sitges que el SNT va distribuir per tota l&#8217;Espanya cerealista a mitjans del segle passat. Ara en des\u00fas i aband\u00f3.<\/p>\t\t\t\t\t\t\t\t<\/div>\n\t\t\t\t<\/div>\n\t\t\t\t<div class=\"elementor-element elementor-element-2d6df96 elementor-widget elementor-widget-menu-anchor\" data-id=\"2d6df96\" data-element_type=\"widget\" data-e-type=\"widget\" data-widget_type=\"menu-anchor.default\">\n\t\t\t\t<div class=\"elementor-widget-container\">\n\t\t\t\t\t\t\t<div class=\"elementor-menu-anchor\" id=\"c7502\"><\/div>\n\t\t\t\t\t\t<\/div>\n\t\t\t\t<\/div>\n\t\t\t\t<div class=\"elementor-element elementor-element-172acdd elementor-widget elementor-widget-image\" data-id=\"172acdd\" data-element_type=\"widget\" data-e-type=\"widget\" data-widget_type=\"image.default\">\n\t\t\t\t<div class=\"elementor-widget-container\">\n\t\t\t\t\t\t\t\t\t\t\t\t<figure class=\"wp-caption\">\n\t\t\t\t\t\t\t\t\t\t<img loading=\"lazy\" decoding=\"async\" width=\"768\" height=\"512\" src=\"https:\/\/www.elturistatranquil.com\/wp-content\/uploads\/F04-Silo-de-trigo-Belmonte-Cuenca.jpg\" class=\"attachment-large size-large wp-image-41554\" alt=\"Silo de trigo, Belmonte, Cuenca\" srcset=\"https:\/\/www.elturistatranquil.com\/wp-content\/uploads\/F04-Silo-de-trigo-Belmonte-Cuenca.jpg 768w, https:\/\/www.elturistatranquil.com\/wp-content\/uploads\/F04-Silo-de-trigo-Belmonte-Cuenca-339x226.jpg 339w\" sizes=\"(max-width: 768px) 100vw, 768px\" \/>\t\t\t\t\t\t\t\t\t\t\t<figcaption class=\"widget-image-caption wp-caption-text\"><\/figcaption>\n\t\t\t\t\t\t\t\t\t\t<\/figure>\n\t\t\t\t\t\t\t\t\t<\/div>\n\t\t\t\t<\/div>\n\t\t\t\t<div class=\"elementor-element elementor-element-4650394a elementor-widget elementor-widget-heading\" data-id=\"4650394a\" data-element_type=\"widget\" data-e-type=\"widget\" data-widget_type=\"heading.default\">\n\t\t\t\t<div class=\"elementor-widget-container\">\n\t\t\t\t\t<h2 class=\"elementor-heading-title elementor-size-default\">El territori: La Mancha de Cuenca<\/h2>\t\t\t\t<\/div>\n\t\t\t\t<\/div>\n\t\t\t\t<div class=\"elementor-element elementor-element-543c396 elementor-widget elementor-widget-image\" data-id=\"543c396\" data-element_type=\"widget\" data-e-type=\"widget\" data-widget_type=\"image.default\">\n\t\t\t\t<div class=\"elementor-widget-container\">\n\t\t\t\t\t\t\t\t\t\t\t\t<figure class=\"wp-caption\">\n\t\t\t\t\t\t\t\t\t\t<img loading=\"lazy\" decoding=\"async\" width=\"768\" height=\"512\" src=\"https:\/\/www.elturistatranquil.com\/wp-content\/uploads\/F05-Belmonte-en-La-Mancha-Google-maps-2022-06-03.jpg\" class=\"attachment-large size-large wp-image-41556\" alt=\"Belmonte en La Mancha (Google maps 2022-06-03)\" srcset=\"https:\/\/www.elturistatranquil.com\/wp-content\/uploads\/F05-Belmonte-en-La-Mancha-Google-maps-2022-06-03.jpg 768w, https:\/\/www.elturistatranquil.com\/wp-content\/uploads\/F05-Belmonte-en-La-Mancha-Google-maps-2022-06-03-339x226.jpg 339w\" sizes=\"(max-width: 768px) 100vw, 768px\" \/>\t\t\t\t\t\t\t\t\t\t\t<figcaption class=\"widget-image-caption wp-caption-text\">Belmonte a La Mancha (Google maps 2022-06-03)<\/figcaption>\n\t\t\t\t\t\t\t\t\t\t<\/figure>\n\t\t\t\t\t\t\t\t\t<\/div>\n\t\t\t\t<\/div>\n\t\t\t\t<div class=\"elementor-element elementor-element-12ee337 elementor-widget elementor-widget-menu-anchor\" data-id=\"12ee337\" data-element_type=\"widget\" data-e-type=\"widget\" data-widget_type=\"menu-anchor.default\">\n\t\t\t\t<div class=\"elementor-widget-container\">\n\t\t\t\t\t\t\t<div class=\"elementor-menu-anchor\" id=\"c7503\"><\/div>\n\t\t\t\t\t\t<\/div>\n\t\t\t\t<\/div>\n\t\t\t\t<div class=\"elementor-element elementor-element-68c6e7c elementor-widget elementor-widget-text-editor\" data-id=\"68c6e7c\" data-element_type=\"widget\" data-e-type=\"widget\" data-widget_type=\"text-editor.default\">\n\t\t\t\t<div class=\"elementor-widget-container\">\n\t\t\t\t\t\t\t\t\t<p>Ens trobem en ple territori de La Mancha castellana, en all\u00f2 que es considera La Mancha t\u00edpica: la de Don Quixot i la dels molins de vent. Al sud-oest de la prov\u00edncia de Conca, en conflu\u00e8ncia amb les de Toledo, Ciudad Real i Albacete.<\/p><p>A una altitud al voltant dels 750 msnm, Belmonte mostra un paisatge planer ondulat, que aprofitava els cims dels turons per servir-se del vent per moure els seus molins.<\/p><p>Sobre un s\u00f2l calcari dominant i amb un clima mediterrani continental, de contrast entre estius calorosos i secs i hiverns freds, amb important amplitud t\u00e8rmica.<\/p><p>La base econ\u00f2mica \u00e9s fonamentalment agr\u00e0ria, predominant els cultius cl\u00e0ssics de cereals i vinya, i en menor mesura l&#8217;oliverar. En els darrers temps s&#8217;ha expandit el regadiu, dominant la petita propietat.<\/p><p>El turisme constitueix una activitat econ\u00f2mica d\u2019import\u00e0ncia creixent.<\/p><p>Com \u00e9s t\u00edpic de la zona, la poblaci\u00f3 est\u00e0 totalment concentrada a la vila, sense cap mena de dispersi\u00f3.<\/p><p>Havent arribat a un m\u00e0xim de poblaci\u00f3 als anys 60 del segle passat, amb gaireb\u00e9 4.000 habitants, des de llavors no ha deixat de decr\u00e9ixer, fins als 1.810 habitants de l&#8217;any 2021.<\/p>\t\t\t\t\t\t\t\t<\/div>\n\t\t\t\t<\/div>\n\t\t\t\t<div class=\"elementor-element elementor-element-a170dd2 elementor-widget elementor-widget-heading\" data-id=\"a170dd2\" data-element_type=\"widget\" data-e-type=\"widget\" data-widget_type=\"heading.default\">\n\t\t\t\t<div class=\"elementor-widget-container\">\n\t\t\t\t\t<h2 class=\"elementor-heading-title elementor-size-default\">Una mica d'hist\u00f2ria<\/h2>\t\t\t\t<\/div>\n\t\t\t\t<\/div>\n\t\t\t\t<div class=\"elementor-element elementor-element-52c0ef9b elementor-widget elementor-widget-text-editor\" data-id=\"52c0ef9b\" data-element_type=\"widget\" data-e-type=\"widget\" data-widget_type=\"text-editor.default\">\n\t\t\t\t<div class=\"elementor-widget-container\">\n\t\t\t\t\t\t\t\t\t<p>Les primeres restes arqueol\u00f2giques trobades corresponen a \u00e8poca ib\u00e8rica i romana com s\u00f3n les mines de <em>lapis specularis<\/em> al paratge conegut com Las Horadadas.<\/p><p>Pels vestigis recollits, al segle V, en \u00e8poca visigoda, va existir una esgl\u00e9sia al lloc que ara ocupa la col\u00b7legiata.<\/p><p>Al segle XII, va ser capital de l&#8217;antiga Cora musulmana de Santaver, per\u00f2 les primeres not\u00edcies escrites daten de l&#8217;any 1294, quan el municipi figura al llibre de comptes del rei San\u00e7ho IV, entre els pobles on es va recollir moneda per pagar els cavallers que havien d&#8217;acompanyar a don Juan Manuel, el futur Pr\u00edncep de Villena, a terres murcianes.<\/p><p>Al segle XIII, el rei Fernando III el Santo, dona la localitat al seu fill don Manuel, que el transmetr\u00e0 al seu fill l\u2019Infant don Juan Manuel, alhora nebot d&#8217;Alfonso X el Sabio, i passar\u00e0 a formar part del seu gran senyoriu.<\/p><p>En els anys 1324 l&#8217;Infant mana construir un Alc\u00e0sser i la primera tanca del caseriu.<\/p><p>El 1361 el rei Pedro I el Cruel, l&#8217;incorpora a la corona i li confereix la condici\u00f3 de vila independent.<\/p><p>Amb els Trast\u00e1mara deixa de ser vila de realengo el 1398, quan el rei Enrique II el Doliente, lliura Belmonte a don Juan Fern\u00e1ndez Pacheco en pagament al seu suport \u201cpor ser hombre de gran valor para Castilla\u201d.<\/p><p>El seu n\u00e9t, don Juan Pacheco (1419-1474), I Marqu\u00e8s de Villena i v\u00e0lid del rei Enrique IV, nascut a l&#8217;alc\u00e0sser, amb el seu gran poder converteix Belmonte al capdavant del marquesat i la dota de gran monumentalitat. Decideix la construcci\u00f3 d&#8217;un castell-palau al tur\u00f3 de Sant Crist\u00f3bal, a l&#8217;altra banda del t\u00e0lveg, per traslladar-hi la seva resid\u00e8ncia. Des del castell s&#8217;amplia i reconstrueix la muralla, de la qual se&#8217;n conserva una important part. Aconsegueix una butlla del papa Benet XIII per reconvertir l&#8217;esgl\u00e9sia parroquial en <a href=\"https:\/\/www.elturistatranquil.com\/ca\/esglesies-monestirs-i-ordres-religioses-a-ledat-mitjana\/#b1513\" target=\"_blank\" rel=\"noopener\">col\u00b7legiata<\/a>, aix\u00ed com construir l&#8217;hospital de San Andr\u00e9s. A m\u00e9s del convent dels Pares Franciscans.<\/p><p>La guerra de successi\u00f3 castellana entre Isabel la Cat\u00f3lica i Juana la Beltraneja (1474-1479), representar\u00e0 per a Belmonte un dur rev\u00e9s en haver optat el senyor Diego L\u00f3pez Pacheco, II marqu\u00e8s de Villena, per recolzar la causa de Juana. El castell de Belmonte va ser el lloc on es va signar la pau al final de la contesa.<\/p><p>Tot i aix\u00ed, en els segles seg\u00fcents Belmonte va mantenir una situaci\u00f3 important des d&#8217;un punt de vista religi\u00f3s i cultural, sent terra d&#8217;il\u00b7lustres personatges i casa de diferents ordres mon\u00e0stiques: Franciscans, Dominiques, Concepcionistes, Jesu\u00eftes, Dominics, Trinitaris i Susulines. Tamb\u00e9 va comptar amb un Corral de Com\u00e8dies, i va ser bressol de personatges com Fra Lu\u00eds de Le\u00f3n.<\/p><p>A Belmonte hi eren presents les tres cultures de la societat espanyola del segle XVI: cristians, musulmans i jueus. Cada grup ocupava un lloc a la poblaci\u00f3. La moreria es localitzava davant la porta de Chinchilla; el call jueu davant la porta de Toledo (porta de l&#8217;Estrella); els cristians intramurs i pels ravals.<\/p>\t\t\t\t\t\t\t\t<\/div>\n\t\t\t\t<\/div>\n\t\t\t\t<div class=\"elementor-element elementor-element-5b14c2f elementor-widget elementor-widget-image\" data-id=\"5b14c2f\" data-element_type=\"widget\" data-e-type=\"widget\" data-widget_type=\"image.default\">\n\t\t\t\t<div class=\"elementor-widget-container\">\n\t\t\t\t\t\t\t\t\t\t\t\t<figure class=\"wp-caption\">\n\t\t\t\t\t\t\t\t\t\t<img loading=\"lazy\" decoding=\"async\" width=\"768\" height=\"281\" src=\"https:\/\/www.elturistatranquil.com\/wp-content\/uploads\/F06-Belmonte-Cuenca-en-1565-segun-gravado-de-Antonis-Van-den-Wyngaerde.jpg\" class=\"attachment-large size-large wp-image-41558\" alt=\"Belmonte, Cuenca, en 1565 seg\u00fan gravado de Antonis Van den Wyngaerde\" srcset=\"https:\/\/www.elturistatranquil.com\/wp-content\/uploads\/F06-Belmonte-Cuenca-en-1565-segun-gravado-de-Antonis-Van-den-Wyngaerde.jpg 768w, https:\/\/www.elturistatranquil.com\/wp-content\/uploads\/F06-Belmonte-Cuenca-en-1565-segun-gravado-de-Antonis-Van-den-Wyngaerde-339x124.jpg 339w\" sizes=\"(max-width: 768px) 100vw, 768px\" \/>\t\t\t\t\t\t\t\t\t\t\t<figcaption class=\"widget-image-caption wp-caption-text\">Belmonte el 1565 segons gravat d'Antonis Van den Wyngaerde <\/figcaption>\n\t\t\t\t\t\t\t\t\t\t<\/figure>\n\t\t\t\t\t\t\t\t\t<\/div>\n\t\t\t\t<\/div>\n\t\t\t\t<div class=\"elementor-element elementor-element-2536289 elementor-widget elementor-widget-menu-anchor\" data-id=\"2536289\" data-element_type=\"widget\" data-e-type=\"widget\" data-widget_type=\"menu-anchor.default\">\n\t\t\t\t<div class=\"elementor-widget-container\">\n\t\t\t\t\t\t\t<div class=\"elementor-menu-anchor\" id=\"c7504\"><\/div>\n\t\t\t\t\t\t<\/div>\n\t\t\t\t<\/div>\n\t\t\t\t<div class=\"elementor-element elementor-element-e724be5 elementor-widget elementor-widget-text-editor\" data-id=\"e724be5\" data-element_type=\"widget\" data-e-type=\"widget\" data-widget_type=\"text-editor.default\">\n\t\t\t\t<div class=\"elementor-widget-container\">\n\t\t\t\t\t\t\t\t\t<p>A la Guerra de Successi\u00f3 del segle XVIII va optar aquesta vegada pel b\u00e0ndol guanyador de Felipe de Anjou.<\/p><p>Les tropes franceses durant la Guerra del Franc\u00e8s es van apropiar dels edificis significatius, fent del castell una pres\u00f3.<\/p><p>Al segle XIX, Eugenia de Montijo, en morir el seu marit Napole\u00f3 III, es va refugiar al castell dels seus avantpassats, realitzant-se llavors una important reforma del mateix.<\/p><p>La industrialitzaci\u00f3 no va arribar a Belmonte, concentrant-se en les activitats agr\u00e0ries, i \u00faltimament tur\u00edstiques, cosa que ha comportat la progressiva p\u00e8rdua de poblaci\u00f3 ja assenyalada.<\/p>\t\t\t\t\t\t\t\t<\/div>\n\t\t\t\t<\/div>\n\t\t\t\t<div class=\"elementor-element elementor-element-e55d1eb elementor-widget elementor-widget-heading\" data-id=\"e55d1eb\" data-element_type=\"widget\" data-e-type=\"widget\" data-widget_type=\"heading.default\">\n\t\t\t\t<div class=\"elementor-widget-container\">\n\t\t\t\t\t<h2 class=\"elementor-heading-title elementor-size-default\">La visita a Belmonte<\/h2>\t\t\t\t<\/div>\n\t\t\t\t<\/div>\n\t\t\t\t<div class=\"elementor-element elementor-element-7d74386 elementor-widget elementor-widget-menu-anchor\" data-id=\"7d74386\" data-element_type=\"widget\" data-e-type=\"widget\" data-widget_type=\"menu-anchor.default\">\n\t\t\t\t<div class=\"elementor-widget-container\">\n\t\t\t\t\t\t\t<div class=\"elementor-menu-anchor\" id=\"c7505\"><\/div>\n\t\t\t\t\t\t<\/div>\n\t\t\t\t<\/div>\n\t\t\t\t<div class=\"elementor-element elementor-element-e240956 elementor-widget elementor-widget-text-editor\" data-id=\"e240956\" data-element_type=\"widget\" data-e-type=\"widget\" data-widget_type=\"text-editor.default\">\n\t\t\t\t<div class=\"elementor-widget-container\">\n\t\t\t\t\t\t\t\t\t<p>La visita la divideixo en dues parts. Una primera dedicada a rec\u00f3rrer el circuit emmurallat, aturant-me en aquells edificis significatius que es troben integrats a la muralla: el Castell, les portes de la vila i el p\u00f2sit.<\/p><p>Despr\u00e9s, em dedicar\u00e9 a la visita als punts de m\u00e9s inter\u00e8s monumental o de significaci\u00f3 urbana, en un segon recorregut pel tra\u00e7at t\u00edpicament medieval. Avan\u00e7o que la vila intramurs, i gran part dels ravals hist\u00f2rics, mantenen el car\u00e0cter tradicional de les seves edificacions, sent important la pres\u00e8ncia de l&#8217;arquitectura popular manxega als seus carrers, amb especial \u00e8mfasi a les cases blanques i la reixeria.<\/p><p>Tot i aix\u00ed, tamb\u00e9 trobarem algun atemptat urban\u00edstic que no aconsegueix desmer\u00e8ixer el valor hist\u00f2ric del conjunt urb\u00e0. Crec que \u00e9s ben merescuda la catalogaci\u00f3 de Belmonte com a <em>B\u00e9 d&#8217;Inter\u00e8s Cultural<\/em> a la categoria de <strong>Conjunt Hist\u00f2ric-Art\u00edstic<\/strong> des de 1968.<\/p>\t\t\t\t\t\t\t\t<\/div>\n\t\t\t\t<\/div>\n\t\t\t\t<div class=\"elementor-element elementor-element-f98d6c9 elementor-widget elementor-widget-heading\" data-id=\"f98d6c9\" data-element_type=\"widget\" data-e-type=\"widget\" data-widget_type=\"heading.default\">\n\t\t\t\t<div class=\"elementor-widget-container\">\n\t\t\t\t\t<h3 class=\"elementor-heading-title elementor-size-default\">La muralla i els seus elements significatius<\/h3>\t\t\t\t<\/div>\n\t\t\t\t<\/div>\n\t\t\t\t<div class=\"elementor-element elementor-element-5f724d6 elementor-widget elementor-widget-text-editor\" data-id=\"5f724d6\" data-element_type=\"widget\" data-e-type=\"widget\" data-widget_type=\"text-editor.default\">\n\t\t\t\t<div class=\"elementor-widget-container\">\n\t\t\t\t\t\t\t\t\t<p>Prenc com a punt d&#8217;inici del recorregut circular per la muralla el punt per on l&#8217;Infant Don Juan Manuel va haver de comen\u00e7ar la tanca del caseriu de Belmonte el 1323, en el moment de construcci\u00f3 de l&#8217;alc\u00e0sser, situat a la zona m\u00e9s elevada del conjunt del caseriu.<\/p><p>No obstant aix\u00f2, cal tenir en compte que la muralla que perviu, que ser\u00e0 la que recorrerem, correspon a la constru\u00efda a mitjans segle XV per Diego L\u00f3pez Pacheco, en aixecar el nou castell al tur\u00f3 de San Crist\u00f2bal, que ampliava considerablement el per\u00edmetre de la poblaci\u00f3 a la direcci\u00f3 sud-est.<\/p>\t\t\t\t\t\t\t\t<\/div>\n\t\t\t\t<\/div>\n\t\t\t\t<div class=\"elementor-element elementor-element-c074e5b elementor-widget elementor-widget-image\" data-id=\"c074e5b\" data-element_type=\"widget\" data-e-type=\"widget\" data-widget_type=\"image.default\">\n\t\t\t\t<div class=\"elementor-widget-container\">\n\t\t\t\t\t\t\t\t\t\t\t\t<figure class=\"wp-caption\">\n\t\t\t\t\t\t\t\t\t\t<img loading=\"lazy\" decoding=\"async\" width=\"768\" height=\"511\" src=\"https:\/\/www.elturistatranquil.com\/wp-content\/uploads\/F07-Muralla-de-Belmonte-Cuenca-Google-earth-2022-06-26-B.jpg\" class=\"attachment-large size-large wp-image-41560\" alt=\"Muralla de Belmonte, Cuenca (Google earth 2022-06-26)\" srcset=\"https:\/\/www.elturistatranquil.com\/wp-content\/uploads\/F07-Muralla-de-Belmonte-Cuenca-Google-earth-2022-06-26-B.jpg 768w, https:\/\/www.elturistatranquil.com\/wp-content\/uploads\/F07-Muralla-de-Belmonte-Cuenca-Google-earth-2022-06-26-B-339x226.jpg 339w\" sizes=\"(max-width: 768px) 100vw, 768px\" \/>\t\t\t\t\t\t\t\t\t\t\t<figcaption class=\"widget-image-caption wp-caption-text\">Muralla de Belmonte. En vermell: muralla existent; a l'extrem sud-est per\u00edmetre del castell. En verd: tra\u00e7at de la resta de muralla desapareguda (Google earth 2022-06-09)<\/figcaption>\n\t\t\t\t\t\t\t\t\t\t<\/figure>\n\t\t\t\t\t\t\t\t\t<\/div>\n\t\t\t\t<\/div>\n\t\t\t\t<div class=\"elementor-element elementor-element-93c7f3a elementor-widget elementor-widget-text-editor\" data-id=\"93c7f3a\" data-element_type=\"widget\" data-e-type=\"widget\" data-widget_type=\"text-editor.default\">\n\t\t\t\t<div class=\"elementor-widget-container\">\n\t\t\t\t\t\t\t\t\t<p>La longitud de la tanca era d\u2019uns 2.000 metres. D&#8217;aquests, 900 metres es conserven visibles en dos trams: 100 metres al costat nord (<strong>A<\/strong>) i uns 800 metres (<strong>B<\/strong>) que formen una \u201cV\u201d que convergeix al castell (<strong>C<\/strong>). Altres 190 metres aproximadament, amb algunes torres, es veuen parcialment entre les construccions urbanes al costat sud-est (<strong>D<\/strong>). La resta, o ha desaparegut o \u00e9s a l&#8217;interior de les construccions urbanes. Al pla he indicat en vermell les muralles visibles i en verd el tra\u00e7at hipot\u00e8tic del que no \u00e9s visible o desaparegut.<\/p><p>De les cinc portes d&#8217;acc\u00e9s al recinte se&#8217;n conserven tres completes: les portes de Chinchilla (<strong>P1<\/strong>), del Almud\u00ed (<strong>P2<\/strong>) i de la Estrella (<strong>P3<\/strong>), mentre que de la porta de San Juan (<strong>P5<\/strong>) nom\u00e9s subsisteix una brancal, i de la porta Nova (<strong>P4<\/strong>) no en queda ni rastre.<\/p><p>Com era habitual, un alc\u00e0sser s&#8217;ubicava al costat de la muralla, de manera que dispos\u00e9s d&#8217;una sortida directa a l&#8217;exterior sense haver de passar per l&#8217;interior del caseriu al qual protegia. Des d&#8217;aquell punt partien dos murs, cap a est i oest. Em despla\u00e7ar\u00e9 cap al costat est, en el sentit de les agulles del rellotge, pel costat nord al punt m\u00e9s elevat (<strong>A<\/strong>), on es localitza la cantonada de l&#8217;alc\u00e0sser, que correspon a l&#8217;actual <a href=\"https:\/\/www.elturistatranquil.com\/ca\/palacio-infante-don-juan-manuel-hotel-spa\/\" target=\"_blank\" rel=\"noopener\"><strong>Palacio Del Infante Don Juan Manuel Hotel- Spa<\/strong><\/a>, delimita a la part interior les seves instal\u00b7lacions d&#8217;oci. \u00c9s un gruixut mur de ma\u00e7oneria.<\/p>\t\t\t\t\t\t\t\t<\/div>\n\t\t\t\t<\/div>\n\t\t\t\t<div class=\"elementor-element elementor-element-a96d52d elementor-widget elementor-widget-image\" data-id=\"a96d52d\" data-element_type=\"widget\" data-e-type=\"widget\" data-widget_type=\"image.default\">\n\t\t\t\t<div class=\"elementor-widget-container\">\n\t\t\t\t\t\t\t\t\t\t\t\t<figure class=\"wp-caption\">\n\t\t\t\t\t\t\t\t\t\t<img loading=\"lazy\" decoding=\"async\" width=\"768\" height=\"511\" src=\"https:\/\/www.elturistatranquil.com\/wp-content\/uploads\/F08-Muralla-de-Belmonte-Cuenca.jpg\" class=\"attachment-large size-large wp-image-41562\" alt=\"Muralla de Belmonte, Cuenca\" srcset=\"https:\/\/www.elturistatranquil.com\/wp-content\/uploads\/F08-Muralla-de-Belmonte-Cuenca.jpg 768w, https:\/\/www.elturistatranquil.com\/wp-content\/uploads\/F08-Muralla-de-Belmonte-Cuenca-339x226.jpg 339w\" sizes=\"(max-width: 768px) 100vw, 768px\" \/>\t\t\t\t\t\t\t\t\t\t\t<figcaption class=\"widget-image-caption wp-caption-text\"><\/figcaption>\n\t\t\t\t\t\t\t\t\t\t<\/figure>\n\t\t\t\t\t\t\t\t\t<\/div>\n\t\t\t\t<\/div>\n\t\t\t\t<div class=\"elementor-element elementor-element-e7df130 elementor-widget elementor-widget-text-editor\" data-id=\"e7df130\" data-element_type=\"widget\" data-e-type=\"widget\" data-widget_type=\"text-editor.default\">\n\t\t\t\t<div class=\"elementor-widget-container\">\n\t\t\t\t\t\t\t\t\t<p>El que \u00e9s destacable \u00e9s que la part exterior del mur est\u00e0 ocupada pel cementiri.<\/p>\t\t\t\t\t\t\t\t<\/div>\n\t\t\t\t<\/div>\n\t\t\t\t<div class=\"elementor-element elementor-element-1032ff9 elementor-widget elementor-widget-image\" data-id=\"1032ff9\" data-element_type=\"widget\" data-e-type=\"widget\" data-widget_type=\"image.default\">\n\t\t\t\t<div class=\"elementor-widget-container\">\n\t\t\t\t\t\t\t\t\t\t\t\t<figure class=\"wp-caption\">\n\t\t\t\t\t\t\t\t\t\t<img loading=\"lazy\" decoding=\"async\" width=\"768\" height=\"512\" src=\"https:\/\/www.elturistatranquil.com\/wp-content\/uploads\/F09-Muralla-de-Belmonte-Cuenca.jpg\" class=\"attachment-large size-large wp-image-41564\" alt=\"Muralla de Belmonte, Cuenca\" srcset=\"https:\/\/www.elturistatranquil.com\/wp-content\/uploads\/F09-Muralla-de-Belmonte-Cuenca.jpg 768w, https:\/\/www.elturistatranquil.com\/wp-content\/uploads\/F09-Muralla-de-Belmonte-Cuenca-339x226.jpg 339w\" sizes=\"(max-width: 768px) 100vw, 768px\" \/>\t\t\t\t\t\t\t\t\t\t\t<figcaption class=\"widget-image-caption wp-caption-text\"><\/figcaption>\n\t\t\t\t\t\t\t\t\t\t<\/figure>\n\t\t\t\t\t\t\t\t\t<\/div>\n\t\t\t\t<\/div>\n\t\t\t\t<div class=\"elementor-element elementor-element-b6274b7 elementor-widget elementor-widget-text-editor\" data-id=\"b6274b7\" data-element_type=\"widget\" data-e-type=\"widget\" data-widget_type=\"text-editor.default\">\n\t\t\t\t<div class=\"elementor-widget-container\">\n\t\t\t\t\t\t\t\t\t<p>Donat el gruix del mur, d&#8217;uns tres metres, en alguns moments es va aprofitar per incorporar-hi n\u00ednxols.<\/p>\t\t\t\t\t\t\t\t<\/div>\n\t\t\t\t<\/div>\n\t\t\t\t<div class=\"elementor-element elementor-element-528046b elementor-widget elementor-widget-image\" data-id=\"528046b\" data-element_type=\"widget\" data-e-type=\"widget\" data-widget_type=\"image.default\">\n\t\t\t\t<div class=\"elementor-widget-container\">\n\t\t\t\t\t\t\t\t\t\t\t\t<figure class=\"wp-caption\">\n\t\t\t\t\t\t\t\t\t\t<img loading=\"lazy\" decoding=\"async\" width=\"768\" height=\"512\" src=\"https:\/\/www.elturistatranquil.com\/wp-content\/uploads\/F10-Muralla-de-Belmonte-Cuenca.jpg\" class=\"attachment-large size-large wp-image-41566\" alt=\"Muralla de Belmonte, Cuenca\" srcset=\"https:\/\/www.elturistatranquil.com\/wp-content\/uploads\/F10-Muralla-de-Belmonte-Cuenca.jpg 768w, https:\/\/www.elturistatranquil.com\/wp-content\/uploads\/F10-Muralla-de-Belmonte-Cuenca-339x226.jpg 339w\" sizes=\"(max-width: 768px) 100vw, 768px\" \/>\t\t\t\t\t\t\t\t\t\t\t<figcaption class=\"widget-image-caption wp-caption-text\"><\/figcaption>\n\t\t\t\t\t\t\t\t\t\t<\/figure>\n\t\t\t\t\t\t\t\t\t<\/div>\n\t\t\t\t<\/div>\n\t\t\t\t<div class=\"elementor-element elementor-element-f048e87 elementor-widget elementor-widget-text-editor\" data-id=\"f048e87\" data-element_type=\"widget\" data-e-type=\"widget\" data-widget_type=\"text-editor.default\">\n\t\t\t\t<div class=\"elementor-widget-container\">\n\t\t\t\t\t\t\t\t\t<p>El llen\u00e7 de muralla acaba en una torre circular de carreu que ha estat aprofitada per integrar-la al cementiri.<\/p>\t\t\t\t\t\t\t\t<\/div>\n\t\t\t\t<\/div>\n\t\t\t\t<div class=\"elementor-element elementor-element-fd632db elementor-widget elementor-widget-image\" data-id=\"fd632db\" data-element_type=\"widget\" data-e-type=\"widget\" data-widget_type=\"image.default\">\n\t\t\t\t<div class=\"elementor-widget-container\">\n\t\t\t\t\t\t\t\t\t\t\t\t<figure class=\"wp-caption\">\n\t\t\t\t\t\t\t\t\t\t<img loading=\"lazy\" decoding=\"async\" width=\"768\" height=\"512\" src=\"https:\/\/www.elturistatranquil.com\/wp-content\/uploads\/F11-Muralla-de-Belmonte-Cuenca.jpg\" class=\"attachment-large size-large wp-image-41568\" alt=\"Muralla de Belmonte, Cuenca\" srcset=\"https:\/\/www.elturistatranquil.com\/wp-content\/uploads\/F11-Muralla-de-Belmonte-Cuenca.jpg 768w, https:\/\/www.elturistatranquil.com\/wp-content\/uploads\/F11-Muralla-de-Belmonte-Cuenca-339x226.jpg 339w\" sizes=\"(max-width: 768px) 100vw, 768px\" \/>\t\t\t\t\t\t\t\t\t\t\t<figcaption class=\"widget-image-caption wp-caption-text\"><\/figcaption>\n\t\t\t\t\t\t\t\t\t\t<\/figure>\n\t\t\t\t\t\t\t\t\t<\/div>\n\t\t\t\t<\/div>\n\t\t\t\t<div class=\"elementor-element elementor-element-2e26df0 elementor-widget elementor-widget-image\" data-id=\"2e26df0\" data-element_type=\"widget\" data-e-type=\"widget\" data-widget_type=\"image.default\">\n\t\t\t\t<div class=\"elementor-widget-container\">\n\t\t\t\t\t\t\t\t\t\t\t\t<figure class=\"wp-caption\">\n\t\t\t\t\t\t\t\t\t\t<img loading=\"lazy\" decoding=\"async\" width=\"768\" height=\"512\" src=\"https:\/\/www.elturistatranquil.com\/wp-content\/uploads\/F12-Muralla-de-Belmonte-Cuenca.jpg\" class=\"attachment-large size-large wp-image-41570\" alt=\"Muralla de Belmonte, Cuenca\" srcset=\"https:\/\/www.elturistatranquil.com\/wp-content\/uploads\/F12-Muralla-de-Belmonte-Cuenca.jpg 768w, https:\/\/www.elturistatranquil.com\/wp-content\/uploads\/F12-Muralla-de-Belmonte-Cuenca-339x226.jpg 339w\" sizes=\"(max-width: 768px) 100vw, 768px\" \/>\t\t\t\t\t\t\t\t\t\t\t<figcaption class=\"widget-image-caption wp-caption-text\"><\/figcaption>\n\t\t\t\t\t\t\t\t\t\t<\/figure>\n\t\t\t\t\t\t\t\t\t<\/div>\n\t\t\t\t<\/div>\n\t\t\t\t<div class=\"elementor-element elementor-element-4975bf2 elementor-widget elementor-widget-text-editor\" data-id=\"4975bf2\" data-element_type=\"widget\" data-e-type=\"widget\" data-widget_type=\"text-editor.default\">\n\t\t\t\t<div class=\"elementor-widget-container\">\n\t\t\t\t\t\t\t\t\t<p>Aqu\u00ed s&#8217;acaba el llen\u00e7 nord (<strong>A<\/strong>), que es mant\u00e9, en poc m\u00e9s de 100 metres. A partir d&#8217;aquest punt la muralla prendria direcci\u00f3 sud, configurant el costat de llevant (<strong>B<\/strong>) del recinte emmurallat fins a assolir el castell.<\/p><p>La fotografia mostra a l&#8217;esquerra la muralla de llevant i des del castell cap a la dreta l&#8217;inici de la muralla sud.<\/p>\t\t\t\t\t\t\t\t<\/div>\n\t\t\t\t<\/div>\n\t\t\t\t<div class=\"elementor-element elementor-element-c6f7eec elementor-widget elementor-widget-menu-anchor\" data-id=\"c6f7eec\" data-element_type=\"widget\" data-e-type=\"widget\" data-widget_type=\"menu-anchor.default\">\n\t\t\t\t<div class=\"elementor-widget-container\">\n\t\t\t\t\t\t\t<div class=\"elementor-menu-anchor\" id=\"c7506\"><\/div>\n\t\t\t\t\t\t<\/div>\n\t\t\t\t<\/div>\n\t\t\t\t<div class=\"elementor-element elementor-element-503c053 elementor-widget elementor-widget-image\" data-id=\"503c053\" data-element_type=\"widget\" data-e-type=\"widget\" data-widget_type=\"image.default\">\n\t\t\t\t<div class=\"elementor-widget-container\">\n\t\t\t\t\t\t\t\t\t\t\t\t<figure class=\"wp-caption\">\n\t\t\t\t\t\t\t\t\t\t<img loading=\"lazy\" decoding=\"async\" width=\"768\" height=\"511\" src=\"https:\/\/www.elturistatranquil.com\/wp-content\/uploads\/F13-Muralla-y-castillo-de-Belmonte-Cuenca.jpg\" class=\"attachment-large size-large wp-image-41572\" alt=\"Muralla y castillo de Belmonte, Cuenca\" srcset=\"https:\/\/www.elturistatranquil.com\/wp-content\/uploads\/F13-Muralla-y-castillo-de-Belmonte-Cuenca.jpg 768w, https:\/\/www.elturistatranquil.com\/wp-content\/uploads\/F13-Muralla-y-castillo-de-Belmonte-Cuenca-339x226.jpg 339w\" sizes=\"(max-width: 768px) 100vw, 768px\" \/>\t\t\t\t\t\t\t\t\t\t\t<figcaption class=\"widget-image-caption wp-caption-text\"><\/figcaption>\n\t\t\t\t\t\t\t\t\t\t<\/figure>\n\t\t\t\t\t\t\t\t\t<\/div>\n\t\t\t\t<\/div>\n\t\t\t\t<div class=\"elementor-element elementor-element-c6adf0f elementor-widget elementor-widget-heading\" data-id=\"c6adf0f\" data-element_type=\"widget\" data-e-type=\"widget\" data-widget_type=\"heading.default\">\n\t\t\t\t<div class=\"elementor-widget-container\">\n\t\t\t\t\t<h4 class=\"elementor-heading-title elementor-size-default\">La porta de San Juan<\/h4>\t\t\t\t<\/div>\n\t\t\t\t<\/div>\n\t\t\t\t<div class=\"elementor-element elementor-element-64b8aad elementor-widget elementor-widget-text-editor\" data-id=\"64b8aad\" data-element_type=\"widget\" data-e-type=\"widget\" data-widget_type=\"text-editor.default\">\n\t\t\t\t<div class=\"elementor-widget-container\">\n\t\t\t\t\t\t\t\t\t<p>Queda un buit de 200 metres sense cap rastre de muralla fins al lloc que ocupava la <strong>porta de San Juan<\/strong> (<strong>P5<\/strong>).<\/p>\t\t\t\t\t\t\t\t<\/div>\n\t\t\t\t<\/div>\n\t\t\t\t<div class=\"elementor-element elementor-element-4a09c31 elementor-widget elementor-widget-image\" data-id=\"4a09c31\" data-element_type=\"widget\" data-e-type=\"widget\" data-widget_type=\"image.default\">\n\t\t\t\t<div class=\"elementor-widget-container\">\n\t\t\t\t\t\t\t\t\t\t\t\t<figure class=\"wp-caption\">\n\t\t\t\t\t\t\t\t\t\t<img loading=\"lazy\" decoding=\"async\" width=\"768\" height=\"512\" src=\"https:\/\/www.elturistatranquil.com\/wp-content\/uploads\/F14-Puerta-de-San-Juan-Muralla-de-Belmonte-Cuenca.jpg\" class=\"attachment-large size-large wp-image-41574\" alt=\"Puerta de San Juan, Muralla de Belmonte, Cuenca\" srcset=\"https:\/\/www.elturistatranquil.com\/wp-content\/uploads\/F14-Puerta-de-San-Juan-Muralla-de-Belmonte-Cuenca.jpg 768w, https:\/\/www.elturistatranquil.com\/wp-content\/uploads\/F14-Puerta-de-San-Juan-Muralla-de-Belmonte-Cuenca-339x226.jpg 339w\" sizes=\"(max-width: 768px) 100vw, 768px\" \/>\t\t\t\t\t\t\t\t\t\t\t<figcaption class=\"widget-image-caption wp-caption-text\"><\/figcaption>\n\t\t\t\t\t\t\t\t\t\t<\/figure>\n\t\t\t\t\t\t\t\t\t<\/div>\n\t\t\t\t<\/div>\n\t\t\t\t<div class=\"elementor-element elementor-element-938b7db elementor-widget elementor-widget-image\" data-id=\"938b7db\" data-element_type=\"widget\" data-e-type=\"widget\" data-widget_type=\"image.default\">\n\t\t\t\t<div class=\"elementor-widget-container\">\n\t\t\t\t\t\t\t\t\t\t\t\t<figure class=\"wp-caption\">\n\t\t\t\t\t\t\t\t\t\t<img loading=\"lazy\" decoding=\"async\" width=\"768\" height=\"512\" src=\"https:\/\/www.elturistatranquil.com\/wp-content\/uploads\/F15-Puerta-de-San-Juan-Muralla-de-Belmonte-Cuenca.jpg\" class=\"attachment-large size-large wp-image-41576\" alt=\"Puerta de San Juan, Muralla de Belmonte, Cuenca\" srcset=\"https:\/\/www.elturistatranquil.com\/wp-content\/uploads\/F15-Puerta-de-San-Juan-Muralla-de-Belmonte-Cuenca.jpg 768w, https:\/\/www.elturistatranquil.com\/wp-content\/uploads\/F15-Puerta-de-San-Juan-Muralla-de-Belmonte-Cuenca-339x226.jpg 339w\" sizes=\"(max-width: 768px) 100vw, 768px\" \/>\t\t\t\t\t\t\t\t\t\t\t<figcaption class=\"widget-image-caption wp-caption-text\"><\/figcaption>\n\t\t\t\t\t\t\t\t\t\t<\/figure>\n\t\t\t\t\t\t\t\t\t<\/div>\n\t\t\t\t<\/div>\n\t\t\t\t<div class=\"elementor-element elementor-element-9e025bb elementor-widget elementor-widget-text-editor\" data-id=\"9e025bb\" data-element_type=\"widget\" data-e-type=\"widget\" data-widget_type=\"text-editor.default\">\n\t\t\t\t<div class=\"elementor-widget-container\">\n\t\t\t\t\t\t\t\t\t<p>El mur baixa cap al t\u00e0lveg que es forma entre el caseriu i el tur\u00f3 de San Crist\u00f3bal on es va ubicar el nou castell. \u00c9s de carreuat emmerletat, encara que en bona part del recorregut ha perdut els merlets.<\/p>\t\t\t\t\t\t\t\t<\/div>\n\t\t\t\t<\/div>\n\t\t\t\t<div class=\"elementor-element elementor-element-03b1d86 elementor-widget elementor-widget-image\" data-id=\"03b1d86\" data-element_type=\"widget\" data-e-type=\"widget\" data-widget_type=\"image.default\">\n\t\t\t\t<div class=\"elementor-widget-container\">\n\t\t\t\t\t\t\t\t\t\t\t\t<figure class=\"wp-caption\">\n\t\t\t\t\t\t\t\t\t\t<img loading=\"lazy\" decoding=\"async\" width=\"768\" height=\"512\" src=\"https:\/\/www.elturistatranquil.com\/wp-content\/uploads\/F16-Muralla-de-Belmonte-Cuenca.jpg\" class=\"attachment-large size-large wp-image-41578\" alt=\"Muralla de Belmonte, Cuenca\" srcset=\"https:\/\/www.elturistatranquil.com\/wp-content\/uploads\/F16-Muralla-de-Belmonte-Cuenca.jpg 768w, https:\/\/www.elturistatranquil.com\/wp-content\/uploads\/F16-Muralla-de-Belmonte-Cuenca-339x226.jpg 339w\" sizes=\"(max-width: 768px) 100vw, 768px\" \/>\t\t\t\t\t\t\t\t\t\t\t<figcaption class=\"widget-image-caption wp-caption-text\"><\/figcaption>\n\t\t\t\t\t\t\t\t\t\t<\/figure>\n\t\t\t\t\t\t\t\t\t<\/div>\n\t\t\t\t<\/div>\n\t\t\t\t<div class=\"elementor-element elementor-element-63896f0 elementor-widget elementor-widget-text-editor\" data-id=\"63896f0\" data-element_type=\"widget\" data-e-type=\"widget\" data-widget_type=\"text-editor.default\">\n\t\t\t\t<div class=\"elementor-widget-container\">\n\t\t\t\t\t\t\t\t\t<p>Cal suposar que la tanca primera del segle XIII hauria de rec\u00f3rrer seguint el t\u00e0lveg fins al costat sud, a les proximitats de la porta de Chinchilla, fent servir el t\u00e0lveg com a fossat de refor\u00e7 defensiu.<\/p><p>En haver de creuar la muralla el t\u00e0lveg en direcci\u00f3 al castell va caldre deixar un pas per a l&#8217;aigua del torrent els dies plujosos. Aquest mateix tipus d&#8217;actuaci\u00f3 per ampliaci\u00f3 d&#8217;un recinte emmurallat el vam veure, per exemple, a <a href=\"https:\/\/www.elturistatranquil.com\/ca\/tarifa-cadis\/#c7207\" target=\"_blank\" rel=\"noopener\">Tarifa<\/a>. En cas d&#8217;atacs, era un punt feble de defensa.<\/p>\t\t\t\t\t\t\t\t<\/div>\n\t\t\t\t<\/div>\n\t\t\t\t<div class=\"elementor-element elementor-element-1895cbf elementor-widget elementor-widget-image\" data-id=\"1895cbf\" data-element_type=\"widget\" data-e-type=\"widget\" data-widget_type=\"image.default\">\n\t\t\t\t<div class=\"elementor-widget-container\">\n\t\t\t\t\t\t\t\t\t\t\t\t<figure class=\"wp-caption\">\n\t\t\t\t\t\t\t\t\t\t<img loading=\"lazy\" decoding=\"async\" width=\"768\" height=\"512\" src=\"https:\/\/www.elturistatranquil.com\/wp-content\/uploads\/F17-Muralla-de-Belmonte-Cuenca.jpg\" class=\"attachment-large size-large wp-image-41580\" alt=\"Muralla de Belmonte, Cuenca\" srcset=\"https:\/\/www.elturistatranquil.com\/wp-content\/uploads\/F17-Muralla-de-Belmonte-Cuenca.jpg 768w, https:\/\/www.elturistatranquil.com\/wp-content\/uploads\/F17-Muralla-de-Belmonte-Cuenca-339x226.jpg 339w\" sizes=\"(max-width: 768px) 100vw, 768px\" \/>\t\t\t\t\t\t\t\t\t\t\t<figcaption class=\"widget-image-caption wp-caption-text\"><\/figcaption>\n\t\t\t\t\t\t\t\t\t\t<\/figure>\n\t\t\t\t\t\t\t\t\t<\/div>\n\t\t\t\t<\/div>\n\t\t\t\t<div class=\"elementor-element elementor-element-2fa9a8c elementor-widget elementor-widget-text-editor\" data-id=\"2fa9a8c\" data-element_type=\"widget\" data-e-type=\"widget\" data-widget_type=\"text-editor.default\">\n\t\t\t\t<div class=\"elementor-widget-container\">\n\t\t\t\t\t\t\t\t\t<p>Aquest llen\u00e7 de muralla, i en part tamb\u00e9 al costat sud, ofereix una particularitat en la forma de construcci\u00f3 defensiva no gaire usual en forma de <em>muralla en cremallera<\/em>. Consisteix a trencar el llen\u00e7 de muralla regularment, formant un sortint al tra\u00e7at del mur unida a 90<sup>0<\/sup>, buscant aix\u00ed cobrir l&#8217;angle mort que sempre es forma als peus de la mateixa, sense la necessitat de disposar de torres.<\/p><p>El gruix de la muralla permetia l&#8217;exist\u00e8ncia d&#8217;un cam\u00ed de ronda a tot el recorregut.<\/p>\t\t\t\t\t\t\t\t<\/div>\n\t\t\t\t<\/div>\n\t\t\t\t<div class=\"elementor-element elementor-element-c5f0d72 elementor-widget elementor-widget-image\" data-id=\"c5f0d72\" data-element_type=\"widget\" data-e-type=\"widget\" data-widget_type=\"image.default\">\n\t\t\t\t<div class=\"elementor-widget-container\">\n\t\t\t\t\t\t\t\t\t\t\t\t<figure class=\"wp-caption\">\n\t\t\t\t\t\t\t\t\t\t<img loading=\"lazy\" decoding=\"async\" width=\"768\" height=\"512\" src=\"https:\/\/www.elturistatranquil.com\/wp-content\/uploads\/F18-Muralla-de-Belmonte-Cuenca.jpg\" class=\"attachment-large size-large wp-image-41582\" alt=\"Muralla de Belmonte, Cuenca\" srcset=\"https:\/\/www.elturistatranquil.com\/wp-content\/uploads\/F18-Muralla-de-Belmonte-Cuenca.jpg 768w, https:\/\/www.elturistatranquil.com\/wp-content\/uploads\/F18-Muralla-de-Belmonte-Cuenca-339x226.jpg 339w\" sizes=\"(max-width: 768px) 100vw, 768px\" \/>\t\t\t\t\t\t\t\t\t\t\t<figcaption class=\"widget-image-caption wp-caption-text\"><\/figcaption>\n\t\t\t\t\t\t\t\t\t\t<\/figure>\n\t\t\t\t\t\t\t\t\t<\/div>\n\t\t\t\t<\/div>\n\t\t\t\t<div class=\"elementor-element elementor-element-dac365a elementor-widget elementor-widget-text-editor\" data-id=\"dac365a\" data-element_type=\"widget\" data-e-type=\"widget\" data-widget_type=\"text-editor.default\">\n\t\t\t\t<div class=\"elementor-widget-container\">\n\t\t\t\t\t\t\t\t\t<p>Dues dents del mur de cremallera.<\/p>\t\t\t\t\t\t\t\t<\/div>\n\t\t\t\t<\/div>\n\t\t\t\t<div class=\"elementor-element elementor-element-a4042ca elementor-widget elementor-widget-image\" data-id=\"a4042ca\" data-element_type=\"widget\" data-e-type=\"widget\" data-widget_type=\"image.default\">\n\t\t\t\t<div class=\"elementor-widget-container\">\n\t\t\t\t\t\t\t\t\t\t\t\t<figure class=\"wp-caption\">\n\t\t\t\t\t\t\t\t\t\t<img loading=\"lazy\" decoding=\"async\" width=\"768\" height=\"512\" src=\"https:\/\/www.elturistatranquil.com\/wp-content\/uploads\/F20-Muralla-y-castillo-de-Belmonte-Cuenca.jpg\" class=\"attachment-large size-large wp-image-41590\" alt=\"Muralla y castillo de Belmonte, Cuenca\" srcset=\"https:\/\/www.elturistatranquil.com\/wp-content\/uploads\/F20-Muralla-y-castillo-de-Belmonte-Cuenca.jpg 768w, https:\/\/www.elturistatranquil.com\/wp-content\/uploads\/F20-Muralla-y-castillo-de-Belmonte-Cuenca-339x226.jpg 339w\" sizes=\"(max-width: 768px) 100vw, 768px\" \/>\t\t\t\t\t\t\t\t\t\t\t<figcaption class=\"widget-image-caption wp-caption-text\"><\/figcaption>\n\t\t\t\t\t\t\t\t\t\t<\/figure>\n\t\t\t\t\t\t\t\t\t<\/div>\n\t\t\t\t<\/div>\n\t\t\t\t<div class=\"elementor-element elementor-element-5108904 elementor-widget elementor-widget-text-editor\" data-id=\"5108904\" data-element_type=\"widget\" data-e-type=\"widget\" data-widget_type=\"text-editor.default\">\n\t\t\t\t<div class=\"elementor-widget-container\">\n\t\t\t\t\t\t\t\t\t<p>Al cim es produeix la uni\u00f3 de la muralla amb l&#8217;avantmuralla del castell.<\/p>\t\t\t\t\t\t\t\t<\/div>\n\t\t\t\t<\/div>\n\t\t\t\t<div class=\"elementor-element elementor-element-ecd2dbb elementor-widget elementor-widget-image\" data-id=\"ecd2dbb\" data-element_type=\"widget\" data-e-type=\"widget\" data-widget_type=\"image.default\">\n\t\t\t\t<div class=\"elementor-widget-container\">\n\t\t\t\t\t\t\t\t\t\t\t\t<figure class=\"wp-caption\">\n\t\t\t\t\t\t\t\t\t\t<img loading=\"lazy\" decoding=\"async\" width=\"768\" height=\"512\" src=\"https:\/\/www.elturistatranquil.com\/wp-content\/uploads\/F21-Muralla-y-castillo-de-Belmonte-Cuenca.jpg\" class=\"attachment-large size-large wp-image-41592\" alt=\"Muralla y castillo de Belmonte, Cuenca\" srcset=\"https:\/\/www.elturistatranquil.com\/wp-content\/uploads\/F21-Muralla-y-castillo-de-Belmonte-Cuenca.jpg 768w, https:\/\/www.elturistatranquil.com\/wp-content\/uploads\/F21-Muralla-y-castillo-de-Belmonte-Cuenca-339x226.jpg 339w\" sizes=\"(max-width: 768px) 100vw, 768px\" \/>\t\t\t\t\t\t\t\t\t\t\t<figcaption class=\"widget-image-caption wp-caption-text\"><\/figcaption>\n\t\t\t\t\t\t\t\t\t\t<\/figure>\n\t\t\t\t\t\t\t\t\t<\/div>\n\t\t\t\t<\/div>\n\t\t\t\t<div class=\"elementor-element elementor-element-dda2cb1 elementor-widget elementor-widget-text-editor\" data-id=\"dda2cb1\" data-element_type=\"widget\" data-e-type=\"widget\" data-widget_type=\"text-editor.default\">\n\t\t\t\t<div class=\"elementor-widget-container\">\n\t\t\t\t\t\t\t\t\t<p>Des del cim es disposa d&#8217;una imatge espl\u00e8ndida de la muralla, una part del caseriu, el primer alc\u00e0sser sobre l&#8217;altre cim acompanyat per la col\u00b7legiata i, per darrere, algun mol\u00ed de vent.<\/p>\t\t\t\t\t\t\t\t<\/div>\n\t\t\t\t<\/div>\n\t\t\t\t<div class=\"elementor-element elementor-element-6331f6b elementor-widget elementor-widget-menu-anchor\" data-id=\"6331f6b\" data-element_type=\"widget\" data-e-type=\"widget\" data-widget_type=\"menu-anchor.default\">\n\t\t\t\t<div class=\"elementor-widget-container\">\n\t\t\t\t\t\t\t<div class=\"elementor-menu-anchor\" id=\"c7507\"><\/div>\n\t\t\t\t\t\t<\/div>\n\t\t\t\t<\/div>\n\t\t\t\t<div class=\"elementor-element elementor-element-db183f3 elementor-widget elementor-widget-image\" data-id=\"db183f3\" data-element_type=\"widget\" data-e-type=\"widget\" data-widget_type=\"image.default\">\n\t\t\t\t<div class=\"elementor-widget-container\">\n\t\t\t\t\t\t\t\t\t\t\t\t<figure class=\"wp-caption\">\n\t\t\t\t\t\t\t\t\t\t<img loading=\"lazy\" decoding=\"async\" width=\"768\" height=\"512\" src=\"https:\/\/www.elturistatranquil.com\/wp-content\/uploads\/F22-Muralla-y-castillo-de-Belmonte-Cuenca.jpg\" class=\"attachment-large size-large wp-image-41594\" alt=\"Muralla y castillo de Belmonte, Cuenca\" srcset=\"https:\/\/www.elturistatranquil.com\/wp-content\/uploads\/F22-Muralla-y-castillo-de-Belmonte-Cuenca.jpg 768w, https:\/\/www.elturistatranquil.com\/wp-content\/uploads\/F22-Muralla-y-castillo-de-Belmonte-Cuenca-339x226.jpg 339w\" sizes=\"(max-width: 768px) 100vw, 768px\" \/>\t\t\t\t\t\t\t\t\t\t\t<figcaption class=\"widget-image-caption wp-caption-text\"><\/figcaption>\n\t\t\t\t\t\t\t\t\t\t<\/figure>\n\t\t\t\t\t\t\t\t\t<\/div>\n\t\t\t\t<\/div>\n\t\t\t\t<div class=\"elementor-element elementor-element-3ea14e14 elementor-widget elementor-widget-heading\" data-id=\"3ea14e14\" data-element_type=\"widget\" data-e-type=\"widget\" data-widget_type=\"heading.default\">\n\t\t\t\t<div class=\"elementor-widget-container\">\n\t\t\t\t\t<h4 class=\"elementor-heading-title elementor-size-default\">El castell de Belmonte<\/h4>\t\t\t\t<\/div>\n\t\t\t\t<\/div>\n\t\t\t\t<div class=\"elementor-element elementor-element-c8870ad elementor-widget elementor-widget-text-editor\" data-id=\"c8870ad\" data-element_type=\"widget\" data-e-type=\"widget\" data-widget_type=\"text-editor.default\">\n\t\t\t\t<div class=\"elementor-widget-container\">\n\t\t\t\t\t\t\t\t\t<p>Enlla\u00e7 amb el <em>Post<\/em>: <a href=\"https:\/\/www.elturistatranquil.com\/ca\/castell-de-belmonte-conca\/\" target=\"_blank\" rel=\"noopener\"><strong>Castell de Belmonte\u00a0(Conca)<\/strong><\/a><\/p>\t\t\t\t\t\t\t\t<\/div>\n\t\t\t\t<\/div>\n\t\t\t\t<div class=\"elementor-element elementor-element-b4d0793 elementor-widget elementor-widget-text-editor\" data-id=\"b4d0793\" data-element_type=\"widget\" data-e-type=\"widget\" data-widget_type=\"text-editor.default\">\n\t\t\t\t<div class=\"elementor-widget-container\">\n\t\t\t\t\t\t\t\t\t<p>Al cim del tur\u00f3 de San Crist\u00f3bal s&#8217;arriba al <strong>castell<\/strong> (<strong>C<\/strong>). Presentar\u00e9 el recorregut exterior sense aturar-me a la fortalesa, a la qual dedico un <em>Post<\/em> espec\u00edfic.<\/p><p>A la part exterior del castell la muralla \u00e9s substitu\u00efda per l&#8217;avantmuralla del mateix castell, refor\u00e7ada per un fossat sec al seu voltant.<\/p><p>Aqu\u00ed tenim una perspectiva per a un hipot\u00e8tic atacant.<\/p>\t\t\t\t\t\t\t\t<\/div>\n\t\t\t\t<\/div>\n\t\t\t\t<div class=\"elementor-element elementor-element-b98ebba elementor-widget elementor-widget-image\" data-id=\"b98ebba\" data-element_type=\"widget\" data-e-type=\"widget\" data-widget_type=\"image.default\">\n\t\t\t\t<div class=\"elementor-widget-container\">\n\t\t\t\t\t\t\t\t\t\t\t\t<figure class=\"wp-caption\">\n\t\t\t\t\t\t\t\t\t\t<img loading=\"lazy\" decoding=\"async\" width=\"768\" height=\"512\" src=\"https:\/\/www.elturistatranquil.com\/wp-content\/uploads\/F23-Muralla-y-castillo-de-Belmonte-Cuenca.jpg\" class=\"attachment-large size-large wp-image-41600\" alt=\"Muralla y castillo de Belmonte, Cuenca\" srcset=\"https:\/\/www.elturistatranquil.com\/wp-content\/uploads\/F23-Muralla-y-castillo-de-Belmonte-Cuenca.jpg 768w, https:\/\/www.elturistatranquil.com\/wp-content\/uploads\/F23-Muralla-y-castillo-de-Belmonte-Cuenca-339x226.jpg 339w\" sizes=\"(max-width: 768px) 100vw, 768px\" \/>\t\t\t\t\t\t\t\t\t\t\t<figcaption class=\"widget-image-caption wp-caption-text\"><\/figcaption>\n\t\t\t\t\t\t\t\t\t\t<\/figure>\n\t\t\t\t\t\t\t\t\t<\/div>\n\t\t\t\t<\/div>\n\t\t\t\t<div class=\"elementor-element elementor-element-2984cde elementor-widget elementor-widget-text-editor\" data-id=\"2984cde\" data-element_type=\"widget\" data-e-type=\"widget\" data-widget_type=\"text-editor.default\">\n\t\t\t\t<div class=\"elementor-widget-container\">\n\t\t\t\t\t\t\t\t\t<p>Ll\u00e0stima que s&#8217;hagi suprimit la fossa seca al costat de la porta, encara que s&#8217;hagi mantingut simb\u00f2licament un pont llevad\u00eds.<\/p>\t\t\t\t\t\t\t\t<\/div>\n\t\t\t\t<\/div>\n\t\t\t\t<div class=\"elementor-element elementor-element-36508ff elementor-widget elementor-widget-image\" data-id=\"36508ff\" data-element_type=\"widget\" data-e-type=\"widget\" data-widget_type=\"image.default\">\n\t\t\t\t<div class=\"elementor-widget-container\">\n\t\t\t\t\t\t\t\t\t\t\t\t<figure class=\"wp-caption\">\n\t\t\t\t\t\t\t\t\t\t<img loading=\"lazy\" decoding=\"async\" width=\"768\" height=\"512\" src=\"https:\/\/www.elturistatranquil.com\/wp-content\/uploads\/F24-Muralla-y-castillo-de-Belmonte-Cuenca.jpg\" class=\"attachment-large size-large wp-image-41596\" alt=\"Muralla y castillo de Belmonte, Cuenca\" srcset=\"https:\/\/www.elturistatranquil.com\/wp-content\/uploads\/F24-Muralla-y-castillo-de-Belmonte-Cuenca.jpg 768w, https:\/\/www.elturistatranquil.com\/wp-content\/uploads\/F24-Muralla-y-castillo-de-Belmonte-Cuenca-339x226.jpg 339w\" sizes=\"(max-width: 768px) 100vw, 768px\" \/>\t\t\t\t\t\t\t\t\t\t\t<figcaption class=\"widget-image-caption wp-caption-text\"><\/figcaption>\n\t\t\t\t\t\t\t\t\t\t<\/figure>\n\t\t\t\t\t\t\t\t\t<\/div>\n\t\t\t\t<\/div>\n\t\t\t\t<div class=\"elementor-element elementor-element-77e1f6c elementor-widget elementor-widget-text-editor\" data-id=\"77e1f6c\" data-element_type=\"widget\" data-e-type=\"widget\" data-widget_type=\"text-editor.default\">\n\t\t\t\t<div class=\"elementor-widget-container\">\n\t\t\t\t\t\t\t\t\t<p>Comencem el recorregut pel costat sud del recinte (<strong>D<\/strong>).<\/p>\t\t\t\t\t\t\t\t<\/div>\n\t\t\t\t<\/div>\n\t\t\t\t<div class=\"elementor-element elementor-element-ede444b elementor-widget elementor-widget-image\" data-id=\"ede444b\" data-element_type=\"widget\" data-e-type=\"widget\" data-widget_type=\"image.default\">\n\t\t\t\t<div class=\"elementor-widget-container\">\n\t\t\t\t\t\t\t\t\t\t\t\t<figure class=\"wp-caption\">\n\t\t\t\t\t\t\t\t\t\t<img loading=\"lazy\" decoding=\"async\" width=\"768\" height=\"512\" src=\"https:\/\/www.elturistatranquil.com\/wp-content\/uploads\/F25-Muralla-y-castillo-de-Belmonte-Cuenca.jpg\" class=\"attachment-large size-large wp-image-41598\" alt=\"Muralla y castillo de Belmonte, Cuenca\" srcset=\"https:\/\/www.elturistatranquil.com\/wp-content\/uploads\/F25-Muralla-y-castillo-de-Belmonte-Cuenca.jpg 768w, https:\/\/www.elturistatranquil.com\/wp-content\/uploads\/F25-Muralla-y-castillo-de-Belmonte-Cuenca-339x226.jpg 339w\" sizes=\"(max-width: 768px) 100vw, 768px\" \/>\t\t\t\t\t\t\t\t\t\t\t<figcaption class=\"widget-image-caption wp-caption-text\"><\/figcaption>\n\t\t\t\t\t\t\t\t\t\t<\/figure>\n\t\t\t\t\t\t\t\t\t<\/div>\n\t\t\t\t<\/div>\n\t\t\t\t<div class=\"elementor-element elementor-element-1ef4186 elementor-widget elementor-widget-text-editor\" data-id=\"1ef4186\" data-element_type=\"widget\" data-e-type=\"widget\" data-widget_type=\"text-editor.default\">\n\t\t\t\t<div class=\"elementor-widget-container\">\n\t\t\t\t\t\t\t\t\t<p>El mur emmerletat baixa des del tur\u00f3. Al fons apareix una torre albarrana com a primer element de refor\u00e7 defensiu.<\/p>\t\t\t\t\t\t\t\t<\/div>\n\t\t\t\t<\/div>\n\t\t\t\t<div class=\"elementor-element elementor-element-60906a4 elementor-widget elementor-widget-image\" data-id=\"60906a4\" data-element_type=\"widget\" data-e-type=\"widget\" data-widget_type=\"image.default\">\n\t\t\t\t<div class=\"elementor-widget-container\">\n\t\t\t\t\t\t\t\t\t\t\t\t<figure class=\"wp-caption\">\n\t\t\t\t\t\t\t\t\t\t<img loading=\"lazy\" decoding=\"async\" width=\"768\" height=\"512\" src=\"https:\/\/www.elturistatranquil.com\/wp-content\/uploads\/F26-Muralla-y-castillo-de-Belmonte-Cuenca.jpg\" class=\"attachment-large size-large wp-image-41602\" alt=\"Aqu\u00ed tenemos una perspectiva para un hipot\u00e9tico atacante.\" srcset=\"https:\/\/www.elturistatranquil.com\/wp-content\/uploads\/F26-Muralla-y-castillo-de-Belmonte-Cuenca.jpg 768w, https:\/\/www.elturistatranquil.com\/wp-content\/uploads\/F26-Muralla-y-castillo-de-Belmonte-Cuenca-339x226.jpg 339w\" sizes=\"(max-width: 768px) 100vw, 768px\" \/>\t\t\t\t\t\t\t\t\t\t\t<figcaption class=\"widget-image-caption wp-caption-text\"><\/figcaption>\n\t\t\t\t\t\t\t\t\t\t<\/figure>\n\t\t\t\t\t\t\t\t\t<\/div>\n\t\t\t\t<\/div>\n\t\t\t\t<div class=\"elementor-element elementor-element-d1521f9 elementor-widget elementor-widget-image\" data-id=\"d1521f9\" data-element_type=\"widget\" data-e-type=\"widget\" data-widget_type=\"image.default\">\n\t\t\t\t<div class=\"elementor-widget-container\">\n\t\t\t\t\t\t\t\t\t\t\t\t<figure class=\"wp-caption\">\n\t\t\t\t\t\t\t\t\t\t<img loading=\"lazy\" decoding=\"async\" width=\"768\" height=\"512\" src=\"https:\/\/www.elturistatranquil.com\/wp-content\/uploads\/F27-Muralla-de-Belmonte-Cuenca.jpg\" class=\"attachment-large size-large wp-image-41604\" alt=\"Muralla de Belmonte, Cuenca\" srcset=\"https:\/\/www.elturistatranquil.com\/wp-content\/uploads\/F27-Muralla-de-Belmonte-Cuenca.jpg 768w, https:\/\/www.elturistatranquil.com\/wp-content\/uploads\/F27-Muralla-de-Belmonte-Cuenca-339x226.jpg 339w\" sizes=\"(max-width: 768px) 100vw, 768px\" \/>\t\t\t\t\t\t\t\t\t\t\t<figcaption class=\"widget-image-caption wp-caption-text\"><\/figcaption>\n\t\t\t\t\t\t\t\t\t\t<\/figure>\n\t\t\t\t\t\t\t\t\t<\/div>\n\t\t\t\t<\/div>\n\t\t\t\t<div class=\"elementor-element elementor-element-f9fa5d2 elementor-widget elementor-widget-image\" data-id=\"f9fa5d2\" data-element_type=\"widget\" data-e-type=\"widget\" data-widget_type=\"image.default\">\n\t\t\t\t<div class=\"elementor-widget-container\">\n\t\t\t\t\t\t\t\t\t\t\t\t<figure class=\"wp-caption\">\n\t\t\t\t\t\t\t\t\t\t<img loading=\"lazy\" decoding=\"async\" width=\"768\" height=\"512\" src=\"https:\/\/www.elturistatranquil.com\/wp-content\/uploads\/F28-Muralla-de-Belmonte-Cuenca.jpg\" class=\"attachment-large size-large wp-image-41606\" alt=\"Muralla de Belmonte, Cuenca\" srcset=\"https:\/\/www.elturistatranquil.com\/wp-content\/uploads\/F28-Muralla-de-Belmonte-Cuenca.jpg 768w, https:\/\/www.elturistatranquil.com\/wp-content\/uploads\/F28-Muralla-de-Belmonte-Cuenca-339x226.jpg 339w\" sizes=\"(max-width: 768px) 100vw, 768px\" \/>\t\t\t\t\t\t\t\t\t\t\t<figcaption class=\"widget-image-caption wp-caption-text\"><\/figcaption>\n\t\t\t\t\t\t\t\t\t\t<\/figure>\n\t\t\t\t\t\t\t\t\t<\/div>\n\t\t\t\t<\/div>\n\t\t\t\t<div class=\"elementor-element elementor-element-b8bd97a elementor-widget elementor-widget-text-editor\" data-id=\"b8bd97a\" data-element_type=\"widget\" data-e-type=\"widget\" data-widget_type=\"text-editor.default\">\n\t\t\t\t<div class=\"elementor-widget-container\">\n\t\t\t\t\t\t\t\t\t<p>A partir d&#8217;aquesta zona haurem d&#8217;allunyar-nos de la muralla ja que s&#8217;incorpora al teixit urb\u00e0, amb construccions adossades que, en uns casos en dificulten la visi\u00f3, i en altres han comportat la seva absorci\u00f3 o destrucci\u00f3.<\/p><p>En primer terme, a la dreta el mur aplica la retracci\u00f3 tipus cremallera, m\u00e9s avall un cub circular. M\u00e9s endavant trobar\u00edem un altre dentat de cremallera.<\/p>\t\t\t\t\t\t\t\t<\/div>\n\t\t\t\t<\/div>\n\t\t\t\t<div class=\"elementor-element elementor-element-3729c4f elementor-widget elementor-widget-image\" data-id=\"3729c4f\" data-element_type=\"widget\" data-e-type=\"widget\" data-widget_type=\"image.default\">\n\t\t\t\t<div class=\"elementor-widget-container\">\n\t\t\t\t\t\t\t\t\t\t\t\t<figure class=\"wp-caption\">\n\t\t\t\t\t\t\t\t\t\t<img loading=\"lazy\" decoding=\"async\" width=\"768\" height=\"512\" src=\"https:\/\/www.elturistatranquil.com\/wp-content\/uploads\/F29-Muralla-de-Belmonte-Cuenca.jpg\" class=\"attachment-large size-large wp-image-41608\" alt=\"Muralla de Belmonte, Cuenca\" srcset=\"https:\/\/www.elturistatranquil.com\/wp-content\/uploads\/F29-Muralla-de-Belmonte-Cuenca.jpg 768w, https:\/\/www.elturistatranquil.com\/wp-content\/uploads\/F29-Muralla-de-Belmonte-Cuenca-339x226.jpg 339w\" sizes=\"(max-width: 768px) 100vw, 768px\" \/>\t\t\t\t\t\t\t\t\t\t\t<figcaption class=\"widget-image-caption wp-caption-text\"><\/figcaption>\n\t\t\t\t\t\t\t\t\t\t<\/figure>\n\t\t\t\t\t\t\t\t\t<\/div>\n\t\t\t\t<\/div>\n\t\t\t\t<div class=\"elementor-element elementor-element-62ef1cc elementor-widget elementor-widget-text-editor\" data-id=\"62ef1cc\" data-element_type=\"widget\" data-e-type=\"widget\" data-widget_type=\"text-editor.default\">\n\t\t\t\t<div class=\"elementor-widget-container\">\n\t\t\t\t\t\t\t\t\t<p>Descendint pel <strong>carrer Eugenia de Montijo<\/strong> apareixen al fons les torres de la porta de Chinchilla. Podem aprofitar per apreciar cases d&#8217;arquitectura manxega, de dues plantes amb portalada i reixeria a les finestres.<\/p>\t\t\t\t\t\t\t\t<\/div>\n\t\t\t\t<\/div>\n\t\t\t\t<div class=\"elementor-element elementor-element-f2560c5 elementor-widget elementor-widget-image\" data-id=\"f2560c5\" data-element_type=\"widget\" data-e-type=\"widget\" data-widget_type=\"image.default\">\n\t\t\t\t<div class=\"elementor-widget-container\">\n\t\t\t\t\t\t\t\t\t\t\t\t<figure class=\"wp-caption\">\n\t\t\t\t\t\t\t\t\t\t<img loading=\"lazy\" decoding=\"async\" width=\"768\" height=\"512\" src=\"https:\/\/www.elturistatranquil.com\/wp-content\/uploads\/F30-Muralla-de-Belmonte-Cuenca.jpg\" class=\"attachment-large size-large wp-image-41610\" alt=\"Muralla de Belmonte, Cuenca\" srcset=\"https:\/\/www.elturistatranquil.com\/wp-content\/uploads\/F30-Muralla-de-Belmonte-Cuenca.jpg 768w, https:\/\/www.elturistatranquil.com\/wp-content\/uploads\/F30-Muralla-de-Belmonte-Cuenca-339x226.jpg 339w\" sizes=\"(max-width: 768px) 100vw, 768px\" \/>\t\t\t\t\t\t\t\t\t\t\t<figcaption class=\"widget-image-caption wp-caption-text\"><\/figcaption>\n\t\t\t\t\t\t\t\t\t\t<\/figure>\n\t\t\t\t\t\t\t\t\t<\/div>\n\t\t\t\t<\/div>\n\t\t\t\t<div class=\"elementor-element elementor-element-0675524 elementor-widget elementor-widget-text-editor\" data-id=\"0675524\" data-element_type=\"widget\" data-e-type=\"widget\" data-widget_type=\"text-editor.default\">\n\t\t\t\t<div class=\"elementor-widget-container\">\n\t\t\t\t\t\t\t\t\t<p>Pels intersticis de les cases sobresurt la muralla.<\/p>\t\t\t\t\t\t\t\t<\/div>\n\t\t\t\t<\/div>\n\t\t\t\t<div class=\"elementor-element elementor-element-94a49b8 elementor-widget elementor-widget-image\" data-id=\"94a49b8\" data-element_type=\"widget\" data-e-type=\"widget\" data-widget_type=\"image.default\">\n\t\t\t\t<div class=\"elementor-widget-container\">\n\t\t\t\t\t\t\t\t\t\t\t\t<figure class=\"wp-caption\">\n\t\t\t\t\t\t\t\t\t\t<img loading=\"lazy\" decoding=\"async\" width=\"768\" height=\"512\" src=\"https:\/\/www.elturistatranquil.com\/wp-content\/uploads\/F31-Muralla-de-Belmonte-Cuenca.jpg\" class=\"attachment-large size-large wp-image-41612\" alt=\"Muralla de Belmonte, Cuenca\" srcset=\"https:\/\/www.elturistatranquil.com\/wp-content\/uploads\/F31-Muralla-de-Belmonte-Cuenca.jpg 768w, https:\/\/www.elturistatranquil.com\/wp-content\/uploads\/F31-Muralla-de-Belmonte-Cuenca-339x226.jpg 339w\" sizes=\"(max-width: 768px) 100vw, 768px\" \/>\t\t\t\t\t\t\t\t\t\t\t<figcaption class=\"widget-image-caption wp-caption-text\"><\/figcaption>\n\t\t\t\t\t\t\t\t\t\t<\/figure>\n\t\t\t\t\t\t\t\t\t<\/div>\n\t\t\t\t<\/div>\n\t\t\t\t<div class=\"elementor-element elementor-element-cefee56 elementor-widget elementor-widget-text-editor\" data-id=\"cefee56\" data-element_type=\"widget\" data-e-type=\"widget\" data-widget_type=\"text-editor.default\">\n\t\t\t\t<div class=\"elementor-widget-container\">\n\t\t\t\t\t\t\t\t\t<p>Des de les proximitats de la porta s&#8217;aprecien al fons dues torrasses m\u00e9s inserides entre les construccions.<\/p>\t\t\t\t\t\t\t\t<\/div>\n\t\t\t\t<\/div>\n\t\t\t\t<div class=\"elementor-element elementor-element-0912760 elementor-widget elementor-widget-menu-anchor\" data-id=\"0912760\" data-element_type=\"widget\" data-e-type=\"widget\" data-widget_type=\"menu-anchor.default\">\n\t\t\t\t<div class=\"elementor-widget-container\">\n\t\t\t\t\t\t\t<div class=\"elementor-menu-anchor\" id=\"c7508\"><\/div>\n\t\t\t\t\t\t<\/div>\n\t\t\t\t<\/div>\n\t\t\t\t<div class=\"elementor-element elementor-element-80a04f8 elementor-widget elementor-widget-image\" data-id=\"80a04f8\" data-element_type=\"widget\" data-e-type=\"widget\" data-widget_type=\"image.default\">\n\t\t\t\t<div class=\"elementor-widget-container\">\n\t\t\t\t\t\t\t\t\t\t\t\t<figure class=\"wp-caption\">\n\t\t\t\t\t\t\t\t\t\t<img loading=\"lazy\" decoding=\"async\" width=\"768\" height=\"512\" src=\"https:\/\/www.elturistatranquil.com\/wp-content\/uploads\/F32-Puerta-de-Chinchilla-Muralla-de-Belmonte-Cuenca.jpg\" class=\"attachment-large size-large wp-image-41614\" alt=\"Puerta de Chinchilla, Muralla de Belmonte, Cuenca\" srcset=\"https:\/\/www.elturistatranquil.com\/wp-content\/uploads\/F32-Puerta-de-Chinchilla-Muralla-de-Belmonte-Cuenca.jpg 768w, https:\/\/www.elturistatranquil.com\/wp-content\/uploads\/F32-Puerta-de-Chinchilla-Muralla-de-Belmonte-Cuenca-339x226.jpg 339w\" sizes=\"(max-width: 768px) 100vw, 768px\" \/>\t\t\t\t\t\t\t\t\t\t\t<figcaption class=\"widget-image-caption wp-caption-text\"><\/figcaption>\n\t\t\t\t\t\t\t\t\t\t<\/figure>\n\t\t\t\t\t\t\t\t\t<\/div>\n\t\t\t\t<\/div>\n\t\t\t\t<div class=\"elementor-element elementor-element-0a2320f elementor-widget elementor-widget-heading\" data-id=\"0a2320f\" data-element_type=\"widget\" data-e-type=\"widget\" data-widget_type=\"heading.default\">\n\t\t\t\t<div class=\"elementor-widget-container\">\n\t\t\t\t\t<h4 class=\"elementor-heading-title elementor-size-default\">La porta de Chinchilla<\/h4>\t\t\t\t<\/div>\n\t\t\t\t<\/div>\n\t\t\t\t<div class=\"elementor-element elementor-element-bdf71ce elementor-widget elementor-widget-text-editor\" data-id=\"bdf71ce\" data-element_type=\"widget\" data-e-type=\"widget\" data-widget_type=\"text-editor.default\">\n\t\t\t\t<div class=\"elementor-widget-container\">\n\t\t\t\t\t\t\t\t\t<p>La <strong>porta de Chinchilla<\/strong> (<strong>P1<\/strong>) \u00e9s la m\u00e9s imponent i robusta de la vila. Pren aquest nom per estar orientada cap a Chinchilla de Montearag\u00f3n. \u00c9s la m\u00e9s antiga de totes les portes i conserva la seva estructura original.<\/p><p>Una porta de mig punt amb dovelles defensada per un matac\u00e0, del qual en queden restes. A banda i banda una torre circular amb merlets i troneres de pal i orbe.<\/p><p>\u00c9s interessant observar com posteriorment una construcci\u00f3 urbana s&#8217;aprofita de la torre adossant-s&#8217;hi.<\/p>\t\t\t\t\t\t\t\t<\/div>\n\t\t\t\t<\/div>\n\t\t\t\t<div class=\"elementor-element elementor-element-6ffa644 elementor-widget elementor-widget-image\" data-id=\"6ffa644\" data-element_type=\"widget\" data-e-type=\"widget\" data-widget_type=\"image.default\">\n\t\t\t\t<div class=\"elementor-widget-container\">\n\t\t\t\t\t\t\t\t\t\t\t\t<figure class=\"wp-caption\">\n\t\t\t\t\t\t\t\t\t\t<img loading=\"lazy\" decoding=\"async\" width=\"768\" height=\"512\" src=\"https:\/\/www.elturistatranquil.com\/wp-content\/uploads\/F33-Puerta-de-Chinchilla-Muralla-de-Belmonte-Cuenca.jpg\" class=\"attachment-large size-large wp-image-41616\" alt=\"Puerta de Chinchilla, Muralla de Belmonte, Cuenca\" srcset=\"https:\/\/www.elturistatranquil.com\/wp-content\/uploads\/F33-Puerta-de-Chinchilla-Muralla-de-Belmonte-Cuenca.jpg 768w, https:\/\/www.elturistatranquil.com\/wp-content\/uploads\/F33-Puerta-de-Chinchilla-Muralla-de-Belmonte-Cuenca-339x226.jpg 339w\" sizes=\"(max-width: 768px) 100vw, 768px\" \/>\t\t\t\t\t\t\t\t\t\t\t<figcaption class=\"widget-image-caption wp-caption-text\"><\/figcaption>\n\t\t\t\t\t\t\t\t\t\t<\/figure>\n\t\t\t\t\t\t\t\t\t<\/div>\n\t\t\t\t<\/div>\n\t\t\t\t<div class=\"elementor-element elementor-element-5fbf3ee elementor-widget elementor-widget-text-editor\" data-id=\"5fbf3ee\" data-element_type=\"widget\" data-e-type=\"widget\" data-widget_type=\"text-editor.default\">\n\t\t\t\t<div class=\"elementor-widget-container\">\n\t\t\t\t\t\t\t\t\t<p>Al segle XVIII es va construir una petita capella a la part superior interna, de la qual encara es conserven vestigis. En ella es va col\u00b7locar la imatge de la Virgen de la Gu\u00eda, procedent de la desapareguda ermita de Santa Anna, per a protecci\u00f3 dels viatgers a la cru\u00eflla de camins. La imatge d&#8217;aquesta verge va desapar\u00e8ixer a la Invasi\u00f3 Francesa.<\/p>\t\t\t\t\t\t\t\t<\/div>\n\t\t\t\t<\/div>\n\t\t\t\t<div class=\"elementor-element elementor-element-4d3bcb4 elementor-widget elementor-widget-image\" data-id=\"4d3bcb4\" data-element_type=\"widget\" data-e-type=\"widget\" data-widget_type=\"image.default\">\n\t\t\t\t<div class=\"elementor-widget-container\">\n\t\t\t\t\t\t\t\t\t\t\t\t<figure class=\"wp-caption\">\n\t\t\t\t\t\t\t\t\t\t<img loading=\"lazy\" decoding=\"async\" width=\"768\" height=\"512\" src=\"https:\/\/www.elturistatranquil.com\/wp-content\/uploads\/F34-Puerta-de-Chinchilla-Muralla-de-Belmonte-Cuenca.jpg\" class=\"attachment-large size-large wp-image-41618\" alt=\"Puerta de Chinchilla, Muralla de Belmonte, Cuenca\" srcset=\"https:\/\/www.elturistatranquil.com\/wp-content\/uploads\/F34-Puerta-de-Chinchilla-Muralla-de-Belmonte-Cuenca.jpg 768w, https:\/\/www.elturistatranquil.com\/wp-content\/uploads\/F34-Puerta-de-Chinchilla-Muralla-de-Belmonte-Cuenca-339x226.jpg 339w\" sizes=\"(max-width: 768px) 100vw, 768px\" \/>\t\t\t\t\t\t\t\t\t\t\t<figcaption class=\"widget-image-caption wp-caption-text\"><\/figcaption>\n\t\t\t\t\t\t\t\t\t\t<\/figure>\n\t\t\t\t\t\t\t\t\t<\/div>\n\t\t\t\t<\/div>\n\t\t\t\t<div class=\"elementor-element elementor-element-086cb98 elementor-widget elementor-widget-text-editor\" data-id=\"086cb98\" data-element_type=\"widget\" data-e-type=\"widget\" data-widget_type=\"text-editor.default\">\n\t\t\t\t<div class=\"elementor-widget-container\">\n\t\t\t\t\t\t\t\t\t<p>Per les restes que hi ha devia tenir una doble porta d&#8217;acc\u00e9s. A l&#8217;exterior una porta de dos batents, a la qual es veu la gorronera o pollegera, forat de gir del gorr\u00f3 de la porta. A l&#8217;interior un rastell, amb l&#8217;obertura de lliscament vertical.<\/p>\t\t\t\t\t\t\t\t<\/div>\n\t\t\t\t<\/div>\n\t\t\t\t<section class=\"elementor-section elementor-inner-section elementor-element elementor-element-2403083 elementor-section-boxed elementor-section-height-default elementor-section-height-default\" data-id=\"2403083\" data-element_type=\"section\" data-e-type=\"section\">\n\t\t\t\t\t\t<div class=\"elementor-container elementor-column-gap-default\">\n\t\t\t\t\t<div class=\"elementor-column elementor-col-50 elementor-inner-column elementor-element elementor-element-4f62bbc\" data-id=\"4f62bbc\" data-element_type=\"column\" data-e-type=\"column\">\n\t\t\t<div class=\"elementor-widget-wrap elementor-element-populated\">\n\t\t\t\t\t\t<div class=\"elementor-element elementor-element-da8d6a6 elementor-widget elementor-widget-image\" data-id=\"da8d6a6\" data-element_type=\"widget\" data-e-type=\"widget\" data-widget_type=\"image.default\">\n\t\t\t\t<div class=\"elementor-widget-container\">\n\t\t\t\t\t\t\t\t\t\t\t\t\t\t\t<img loading=\"lazy\" decoding=\"async\" width=\"380\" height=\"380\" src=\"https:\/\/www.elturistatranquil.com\/wp-content\/uploads\/F35m-Puerta-de-Chinchilla-Muralla-de-Belmonte-Cuenca.jpg\" class=\"attachment-large size-large wp-image-41620\" alt=\"Gorronera, Puerta de Chinchilla, Muralla de Belmonte, Cuenca\" srcset=\"https:\/\/www.elturistatranquil.com\/wp-content\/uploads\/F35m-Puerta-de-Chinchilla-Muralla-de-Belmonte-Cuenca.jpg 380w, https:\/\/www.elturistatranquil.com\/wp-content\/uploads\/F35m-Puerta-de-Chinchilla-Muralla-de-Belmonte-Cuenca-226x226.jpg 226w\" sizes=\"(max-width: 380px) 100vw, 380px\" \/>\t\t\t\t\t\t\t\t\t\t\t\t\t\t\t<\/div>\n\t\t\t\t<\/div>\n\t\t\t\t\t<\/div>\n\t\t<\/div>\n\t\t\t\t<div class=\"elementor-column elementor-col-50 elementor-inner-column elementor-element elementor-element-7c6d122\" data-id=\"7c6d122\" data-element_type=\"column\" data-e-type=\"column\">\n\t\t\t<div class=\"elementor-widget-wrap elementor-element-populated\">\n\t\t\t\t\t\t<div class=\"elementor-element elementor-element-10ab858 elementor-widget elementor-widget-image\" data-id=\"10ab858\" data-element_type=\"widget\" data-e-type=\"widget\" data-widget_type=\"image.default\">\n\t\t\t\t<div class=\"elementor-widget-container\">\n\t\t\t\t\t\t\t\t\t\t\t\t\t\t\t<img loading=\"lazy\" decoding=\"async\" width=\"380\" height=\"380\" src=\"https:\/\/www.elturistatranquil.com\/wp-content\/uploads\/F35n-Puerta-de-Chinchilla-Muralla-de-Belmonte-Cuenca.jpg\" class=\"attachment-large size-large wp-image-41622\" alt=\"Puerta de Chinchilla, Muralla de Belmonte, Cuenca\" srcset=\"https:\/\/www.elturistatranquil.com\/wp-content\/uploads\/F35n-Puerta-de-Chinchilla-Muralla-de-Belmonte-Cuenca.jpg 380w, https:\/\/www.elturistatranquil.com\/wp-content\/uploads\/F35n-Puerta-de-Chinchilla-Muralla-de-Belmonte-Cuenca-226x226.jpg 226w\" sizes=\"(max-width: 380px) 100vw, 380px\" \/>\t\t\t\t\t\t\t\t\t\t\t\t\t\t\t<\/div>\n\t\t\t\t<\/div>\n\t\t\t\t\t<\/div>\n\t\t<\/div>\n\t\t\t\t\t<\/div>\n\t\t<\/section>\n\t\t\t\t<div class=\"elementor-element elementor-element-b530cdc elementor-widget elementor-widget-text-editor\" data-id=\"b530cdc\" data-element_type=\"widget\" data-e-type=\"widget\" data-widget_type=\"text-editor.default\">\n\t\t\t\t<div class=\"elementor-widget-container\">\n\t\t\t\t\t\t\t\t\t<p>\u00a0<\/p><p>En allunyar-nos pel carrer <strong>Isabel I de Castilla<\/strong> obtenim aquesta perspectiva de la relaci\u00f3 entre la porta de Chinchilla i el castell a dalt.<\/p>\t\t\t\t\t\t\t\t<\/div>\n\t\t\t\t<\/div>\n\t\t\t\t<div class=\"elementor-element elementor-element-f461aee elementor-widget elementor-widget-image\" data-id=\"f461aee\" data-element_type=\"widget\" data-e-type=\"widget\" data-widget_type=\"image.default\">\n\t\t\t\t<div class=\"elementor-widget-container\">\n\t\t\t\t\t\t\t\t\t\t\t\t<figure class=\"wp-caption\">\n\t\t\t\t\t\t\t\t\t\t<img loading=\"lazy\" decoding=\"async\" width=\"768\" height=\"512\" src=\"https:\/\/www.elturistatranquil.com\/wp-content\/uploads\/F36-Puerta-de-Chinchilla-Muralla-de-Belmonte-Cuenca.jpg\" class=\"attachment-large size-large wp-image-41624\" alt=\"Puerta de Chinchilla, Muralla de Belmonte, Cuenca\" srcset=\"https:\/\/www.elturistatranquil.com\/wp-content\/uploads\/F36-Puerta-de-Chinchilla-Muralla-de-Belmonte-Cuenca.jpg 768w, https:\/\/www.elturistatranquil.com\/wp-content\/uploads\/F36-Puerta-de-Chinchilla-Muralla-de-Belmonte-Cuenca-339x226.jpg 339w\" sizes=\"(max-width: 768px) 100vw, 768px\" \/>\t\t\t\t\t\t\t\t\t\t\t<figcaption class=\"widget-image-caption wp-caption-text\"><\/figcaption>\n\t\t\t\t\t\t\t\t\t\t<\/figure>\n\t\t\t\t\t\t\t\t\t<\/div>\n\t\t\t\t<\/div>\n\t\t\t\t<div class=\"elementor-element elementor-element-5801981 elementor-widget elementor-widget-text-editor\" data-id=\"5801981\" data-element_type=\"widget\" data-e-type=\"widget\" data-widget_type=\"text-editor.default\">\n\t\t\t\t<div class=\"elementor-widget-container\">\n\t\t\t\t\t\t\t\t\t<p>Fins al <strong>carrer Cervantes<\/strong> no es torna a disposar de visi\u00f3 sobre la muralla. El <strong>carrer Aguardas<\/strong> que s&#8217;obre a la dreta permet arribar a una obertura practicada a la muralla. La torre que s&#8217;observa seria la segona que es veia des de la porta de Chinchilla.<\/p><p>Penso que \u00e9s probable que la primera tanca del caseriu constru\u00efda per don Juan Manuel voreg\u00e9s el t\u00e0lveg del torrent i arrib\u00e9s des de la porta de San Juan fins m\u00e9s o menys aquest lloc. En construir-se la del segle XV que estem seguint, es desmuntaria aquest tram que quedava incl\u00f2s al recinte major.<\/p>\t\t\t\t\t\t\t\t<\/div>\n\t\t\t\t<\/div>\n\t\t\t\t<div class=\"elementor-element elementor-element-1484433 elementor-widget elementor-widget-image\" data-id=\"1484433\" data-element_type=\"widget\" data-e-type=\"widget\" data-widget_type=\"image.default\">\n\t\t\t\t<div class=\"elementor-widget-container\">\n\t\t\t\t\t\t\t\t\t\t\t\t<figure class=\"wp-caption\">\n\t\t\t\t\t\t\t\t\t\t<img loading=\"lazy\" decoding=\"async\" width=\"768\" height=\"512\" src=\"https:\/\/www.elturistatranquil.com\/wp-content\/uploads\/F37-Muralla-de-Belmonte-Cuenca.jpg\" class=\"attachment-large size-large wp-image-41626\" alt=\"Muralla de Belmonte, Cuenca\" srcset=\"https:\/\/www.elturistatranquil.com\/wp-content\/uploads\/F37-Muralla-de-Belmonte-Cuenca.jpg 768w, https:\/\/www.elturistatranquil.com\/wp-content\/uploads\/F37-Muralla-de-Belmonte-Cuenca-339x226.jpg 339w\" sizes=\"(max-width: 768px) 100vw, 768px\" \/>\t\t\t\t\t\t\t\t\t\t\t<figcaption class=\"widget-image-caption wp-caption-text\"><\/figcaption>\n\t\t\t\t\t\t\t\t\t\t<\/figure>\n\t\t\t\t\t\t\t\t\t<\/div>\n\t\t\t\t<\/div>\n\t\t\t\t<div class=\"elementor-element elementor-element-38876f0 elementor-widget elementor-widget-text-editor\" data-id=\"38876f0\" data-element_type=\"widget\" data-e-type=\"widget\" data-widget_type=\"text-editor.default\">\n\t\t\t\t<div class=\"elementor-widget-container\">\n\t\t\t\t\t\t\t\t\t<p>Des del pati del convent de los Franciscanos (Centre de Salut) es poden observar les dues torres i la porta de Chinchilla per la part interior del recinte.<\/p>\t\t\t\t\t\t\t\t<\/div>\n\t\t\t\t<\/div>\n\t\t\t\t<div class=\"elementor-element elementor-element-86fb5c1 elementor-widget elementor-widget-image\" data-id=\"86fb5c1\" data-element_type=\"widget\" data-e-type=\"widget\" data-widget_type=\"image.default\">\n\t\t\t\t<div class=\"elementor-widget-container\">\n\t\t\t\t\t\t\t\t\t\t\t\t<figure class=\"wp-caption\">\n\t\t\t\t\t\t\t\t\t\t<img loading=\"lazy\" decoding=\"async\" width=\"768\" height=\"512\" src=\"https:\/\/www.elturistatranquil.com\/wp-content\/uploads\/F38-Muralla-de-Belmonte-Cuenca.jpg\" class=\"attachment-large size-large wp-image-41628\" alt=\"Muralla de Belmonte, Cuenca\" srcset=\"https:\/\/www.elturistatranquil.com\/wp-content\/uploads\/F38-Muralla-de-Belmonte-Cuenca.jpg 768w, https:\/\/www.elturistatranquil.com\/wp-content\/uploads\/F38-Muralla-de-Belmonte-Cuenca-339x226.jpg 339w\" sizes=\"(max-width: 768px) 100vw, 768px\" \/>\t\t\t\t\t\t\t\t\t\t\t<figcaption class=\"widget-image-caption wp-caption-text\"><\/figcaption>\n\t\t\t\t\t\t\t\t\t\t<\/figure>\n\t\t\t\t\t\t\t\t\t<\/div>\n\t\t\t\t<\/div>\n\t\t\t\t<div class=\"elementor-element elementor-element-cc902c3 elementor-widget elementor-widget-text-editor\" data-id=\"cc902c3\" data-element_type=\"widget\" data-e-type=\"widget\" data-widget_type=\"text-editor.default\">\n\t\t\t\t<div class=\"elementor-widget-container\">\n\t\t\t\t\t\t\t\t\t<p>A partir d&#8217;aqu\u00ed, i fins a la porta del Almud\u00ed, queden visibles poques restes de muralla. \u00danicament una torre molt degradada i fragment de mur.<\/p>\t\t\t\t\t\t\t\t<\/div>\n\t\t\t\t<\/div>\n\t\t\t\t<div class=\"elementor-element elementor-element-7a2d45b elementor-widget elementor-widget-menu-anchor\" data-id=\"7a2d45b\" data-element_type=\"widget\" data-e-type=\"widget\" data-widget_type=\"menu-anchor.default\">\n\t\t\t\t<div class=\"elementor-widget-container\">\n\t\t\t\t\t\t\t<div class=\"elementor-menu-anchor\" id=\"c7509\"><\/div>\n\t\t\t\t\t\t<\/div>\n\t\t\t\t<\/div>\n\t\t\t\t<div class=\"elementor-element elementor-element-570df37 elementor-widget elementor-widget-image\" data-id=\"570df37\" data-element_type=\"widget\" data-e-type=\"widget\" data-widget_type=\"image.default\">\n\t\t\t\t<div class=\"elementor-widget-container\">\n\t\t\t\t\t\t\t\t\t\t\t\t<figure class=\"wp-caption\">\n\t\t\t\t\t\t\t\t\t\t<img loading=\"lazy\" decoding=\"async\" width=\"768\" height=\"512\" src=\"https:\/\/www.elturistatranquil.com\/wp-content\/uploads\/F39-Muralla-de-Belmonte-Cuenca.jpg\" class=\"attachment-large size-large wp-image-41630\" alt=\"Muralla de Belmonte, Cuenca\" srcset=\"https:\/\/www.elturistatranquil.com\/wp-content\/uploads\/F39-Muralla-de-Belmonte-Cuenca.jpg 768w, https:\/\/www.elturistatranquil.com\/wp-content\/uploads\/F39-Muralla-de-Belmonte-Cuenca-339x226.jpg 339w\" sizes=\"(max-width: 768px) 100vw, 768px\" \/>\t\t\t\t\t\t\t\t\t\t\t<figcaption class=\"widget-image-caption wp-caption-text\"><\/figcaption>\n\t\t\t\t\t\t\t\t\t\t<\/figure>\n\t\t\t\t\t\t\t\t\t<\/div>\n\t\t\t\t<\/div>\n\t\t\t\t<div class=\"elementor-element elementor-element-f584089 elementor-widget elementor-widget-heading\" data-id=\"f584089\" data-element_type=\"widget\" data-e-type=\"widget\" data-widget_type=\"heading.default\">\n\t\t\t\t<div class=\"elementor-widget-container\">\n\t\t\t\t\t<h4 class=\"elementor-heading-title elementor-size-default\">La porta del Almud\u00ed i el P\u00f2sit<\/h4>\t\t\t\t<\/div>\n\t\t\t\t<\/div>\n\t\t\t\t<div class=\"elementor-element elementor-element-b6d06d3 elementor-widget elementor-widget-text-editor\" data-id=\"b6d06d3\" data-element_type=\"widget\" data-e-type=\"widget\" data-widget_type=\"text-editor.default\">\n\t\t\t\t<div class=\"elementor-widget-container\">\n\t\t\t\t\t\t\t\t\t<p>S&#8217;arriba a l&#8217;edifici del p\u00f2sit, a tocar de la porta del Almud\u00ed. Per darrere treu el nas un atemptat urban\u00edstic: un edifici modern, sense cap qualitat arquitect\u00f2nica, ni respecte per l&#8217;estil de l&#8217;entorn, ni pels materials, a m\u00e9s de trencar amb l&#8217;al\u00e7ada est\u00e0ndard a la casa tradicional manxega, d&#8217;un m\u00e0xim de tres nivells , que conforma l&#8217;interior urb\u00e0. Com veurem tot seguit, aquest edifici t\u00e9 cinc nivells. Veiem com trenca el perfil medieval a totes les fotografies.<\/p>\t\t\t\t\t\t\t\t<\/div>\n\t\t\t\t<\/div>\n\t\t\t\t<div class=\"elementor-element elementor-element-bcfbb2d elementor-widget elementor-widget-image\" data-id=\"bcfbb2d\" data-element_type=\"widget\" data-e-type=\"widget\" data-widget_type=\"image.default\">\n\t\t\t\t<div class=\"elementor-widget-container\">\n\t\t\t\t\t\t\t\t\t\t\t\t<figure class=\"wp-caption\">\n\t\t\t\t\t\t\t\t\t\t<img loading=\"lazy\" decoding=\"async\" width=\"768\" height=\"512\" src=\"https:\/\/www.elturistatranquil.com\/wp-content\/uploads\/F40-Posito-y-Muralla-de-Belmonte-Cuenca.jpg\" class=\"attachment-large size-large wp-image-41632\" alt=\"Posito y Muralla de Belmonte, Cuenca\" srcset=\"https:\/\/www.elturistatranquil.com\/wp-content\/uploads\/F40-Posito-y-Muralla-de-Belmonte-Cuenca.jpg 768w, https:\/\/www.elturistatranquil.com\/wp-content\/uploads\/F40-Posito-y-Muralla-de-Belmonte-Cuenca-339x226.jpg 339w\" sizes=\"(max-width: 768px) 100vw, 768px\" \/>\t\t\t\t\t\t\t\t\t\t\t<figcaption class=\"widget-image-caption wp-caption-text\"><\/figcaption>\n\t\t\t\t\t\t\t\t\t\t<\/figure>\n\t\t\t\t\t\t\t\t\t<\/div>\n\t\t\t\t<\/div>\n\t\t\t\t<div class=\"elementor-element elementor-element-414c54d elementor-widget elementor-widget-text-editor\" data-id=\"414c54d\" data-element_type=\"widget\" data-e-type=\"widget\" data-widget_type=\"text-editor.default\">\n\t\t\t\t<div class=\"elementor-widget-container\">\n\t\t\t\t\t\t\t\t\t<p>La <strong>porta del Almud\u00ed<\/strong> (<strong>P2<\/strong>), coneguda tamb\u00e9 com <strong>del rotllo<\/strong> o <strong>del Cristo de los Ausentes<\/strong>, presenta tamb\u00e9 una simple forma de porta d&#8217;arc de mig punt amb dovelles. Probablement era la porta que condu\u00efa a El Pedernoso.<\/p><p>La denominaci\u00f3 del Almud\u00ed ve per estar al costat del p\u00f2sit, que amb el nom almud\u00ed es refereix a la casa p\u00fablica destinada per a la compra i venda del blat qu\u00e8 serveix, tamb\u00e9, per al dip\u00f2sit i per a la compra i venda d&#8217;altres grans, comestibles o mercaderies que no meriten impostos mentre no es venguin.<\/p><p>Porta del Rotllo \u00e9s perqu\u00e8 davant d&#8217;ella va estar situada el rotllo jurisdiccional.<\/p><p>Actualment \u00e9s la porta m\u00e9s important, la que porta al centre de la vila, a la pla\u00e7a Major.<\/p>\t\t\t\t\t\t\t\t<\/div>\n\t\t\t\t<\/div>\n\t\t\t\t<div class=\"elementor-element elementor-element-0b60d21 elementor-widget elementor-widget-image\" data-id=\"0b60d21\" data-element_type=\"widget\" data-e-type=\"widget\" data-widget_type=\"image.default\">\n\t\t\t\t<div class=\"elementor-widget-container\">\n\t\t\t\t\t\t\t\t\t\t\t\t<figure class=\"wp-caption\">\n\t\t\t\t\t\t\t\t\t\t<img loading=\"lazy\" decoding=\"async\" width=\"768\" height=\"512\" src=\"https:\/\/www.elturistatranquil.com\/wp-content\/uploads\/F41-Puerta-del-Almudi-Muralla-de-Belmonte-Cuenca.jpg\" class=\"attachment-large size-large wp-image-41636\" alt=\"Puerta del Almudi, Muralla de Belmonte, Cuenca\" srcset=\"https:\/\/www.elturistatranquil.com\/wp-content\/uploads\/F41-Puerta-del-Almudi-Muralla-de-Belmonte-Cuenca.jpg 768w, https:\/\/www.elturistatranquil.com\/wp-content\/uploads\/F41-Puerta-del-Almudi-Muralla-de-Belmonte-Cuenca-339x226.jpg 339w\" sizes=\"(max-width: 768px) 100vw, 768px\" \/>\t\t\t\t\t\t\t\t\t\t\t<figcaption class=\"widget-image-caption wp-caption-text\"><\/figcaption>\n\t\t\t\t\t\t\t\t\t\t<\/figure>\n\t\t\t\t\t\t\t\t\t<\/div>\n\t\t\t\t<\/div>\n\t\t\t\t<div class=\"elementor-element elementor-element-5a2b2ed elementor-widget elementor-widget-text-editor\" data-id=\"5a2b2ed\" data-element_type=\"widget\" data-e-type=\"widget\" data-widget_type=\"text-editor.default\">\n\t\t\t\t<div class=\"elementor-widget-container\">\n\t\t\t\t\t\t\t\t\t<p>Tamb\u00e9 aqu\u00ed se li va adossar una capella superior que acull una imatge de bronze d&#8217;aquest Crist, obra de l&#8217;escultor Jos\u00e9 Antonio Lafuente, dels anys setanta del segle XX. D&#8217;aqu\u00ed deriva la denominaci\u00f3 de porta del Crist de los Ausentes.<\/p>\t\t\t\t\t\t\t\t<\/div>\n\t\t\t\t<\/div>\n\t\t\t\t<div class=\"elementor-element elementor-element-37f1a6d elementor-widget elementor-widget-image\" data-id=\"37f1a6d\" data-element_type=\"widget\" data-e-type=\"widget\" data-widget_type=\"image.default\">\n\t\t\t\t<div class=\"elementor-widget-container\">\n\t\t\t\t\t\t\t\t\t\t\t\t<figure class=\"wp-caption\">\n\t\t\t\t\t\t\t\t\t\t<img loading=\"lazy\" decoding=\"async\" width=\"768\" height=\"512\" src=\"https:\/\/www.elturistatranquil.com\/wp-content\/uploads\/F42-Puerta-del-Almudi-Muralla-de-Belmonte-Cuenca.jpg\" class=\"attachment-large size-large wp-image-41638\" alt=\"Puerta del Almudi, Muralla de Belmonte, Cuenca\" srcset=\"https:\/\/www.elturistatranquil.com\/wp-content\/uploads\/F42-Puerta-del-Almudi-Muralla-de-Belmonte-Cuenca.jpg 768w, https:\/\/www.elturistatranquil.com\/wp-content\/uploads\/F42-Puerta-del-Almudi-Muralla-de-Belmonte-Cuenca-339x226.jpg 339w\" sizes=\"(max-width: 768px) 100vw, 768px\" \/>\t\t\t\t\t\t\t\t\t\t\t<figcaption class=\"widget-image-caption wp-caption-text\"><\/figcaption>\n\t\t\t\t\t\t\t\t\t\t<\/figure>\n\t\t\t\t\t\t\t\t\t<\/div>\n\t\t\t\t<\/div>\n\t\t\t\t<div class=\"elementor-element elementor-element-d5e9273 elementor-widget elementor-widget-text-editor\" data-id=\"d5e9273\" data-element_type=\"widget\" data-e-type=\"widget\" data-widget_type=\"text-editor.default\">\n\t\t\t\t<div class=\"elementor-widget-container\">\n\t\t\t\t\t\t\t\t\t<p>L&#8217;interior, al costat del p\u00f2sit, forma una placeta amb edificis del segle XX no gaire afortunats des del punt de vista del respecte al patrimoni hist\u00f2ric.<\/p>\t\t\t\t\t\t\t\t<\/div>\n\t\t\t\t<\/div>\n\t\t\t\t<div class=\"elementor-element elementor-element-a732cd2 elementor-widget elementor-widget-image\" data-id=\"a732cd2\" data-element_type=\"widget\" data-e-type=\"widget\" data-widget_type=\"image.default\">\n\t\t\t\t<div class=\"elementor-widget-container\">\n\t\t\t\t\t\t\t\t\t\t\t\t<figure class=\"wp-caption\">\n\t\t\t\t\t\t\t\t\t\t<img loading=\"lazy\" decoding=\"async\" width=\"768\" height=\"512\" src=\"https:\/\/www.elturistatranquil.com\/wp-content\/uploads\/F43-Posito-y-Puerta-del-Almudi-Muralla-de-Belmonte-Cuenca.jpg\" class=\"attachment-large size-large wp-image-41640\" alt=\"Puerta del Almudi, Muralla de Belmonte, Cuenca\" srcset=\"https:\/\/www.elturistatranquil.com\/wp-content\/uploads\/F43-Posito-y-Puerta-del-Almudi-Muralla-de-Belmonte-Cuenca.jpg 768w, https:\/\/www.elturistatranquil.com\/wp-content\/uploads\/F43-Posito-y-Puerta-del-Almudi-Muralla-de-Belmonte-Cuenca-339x226.jpg 339w\" sizes=\"(max-width: 768px) 100vw, 768px\" \/>\t\t\t\t\t\t\t\t\t\t\t<figcaption class=\"widget-image-caption wp-caption-text\"><\/figcaption>\n\t\t\t\t\t\t\t\t\t\t<\/figure>\n\t\t\t\t\t\t\t\t\t<\/div>\n\t\t\t\t<\/div>\n\t\t\t\t<div class=\"elementor-element elementor-element-87ccf7e elementor-widget elementor-widget-text-editor\" data-id=\"87ccf7e\" data-element_type=\"widget\" data-e-type=\"widget\" data-widget_type=\"text-editor.default\">\n\t\t\t\t<div class=\"elementor-widget-container\">\n\t\t\t\t\t\t\t\t\t<p>L\u2019obertura d&#8217;entrada \u00e9s un adovellat arc de mig punt en carreu i conserva les dues gorroneres per al tancament de la porta.<\/p><p>Un gran edifici del <strong>p\u00f2sit<\/strong> (<strong>14<\/strong>) t\u00e9 forma de \u201cU\u201d, amb els murs de ma\u00e7oneria i les cantonades i obertures de carreuat.<\/p><p>Les finestres estan protegides per reixes manxegues t\u00edpiques de la zona.<\/p>\t\t\t\t\t\t\t\t<\/div>\n\t\t\t\t<\/div>\n\t\t\t\t<div class=\"elementor-element elementor-element-ce3e7f0 elementor-widget elementor-widget-image\" data-id=\"ce3e7f0\" data-element_type=\"widget\" data-e-type=\"widget\" data-widget_type=\"image.default\">\n\t\t\t\t<div class=\"elementor-widget-container\">\n\t\t\t\t\t\t\t\t\t\t\t\t<figure class=\"wp-caption\">\n\t\t\t\t\t\t\t\t\t\t<img loading=\"lazy\" decoding=\"async\" width=\"768\" height=\"512\" src=\"https:\/\/www.elturistatranquil.com\/wp-content\/uploads\/F44-Posito-y-Puerta-del-Almudi-Muralla-de-Belmonte-Cuenca.jpg\" class=\"attachment-large size-large wp-image-41644\" alt=\"Posito y Puerta del Almudi, Muralla de Belmonte, Cuenca\" srcset=\"https:\/\/www.elturistatranquil.com\/wp-content\/uploads\/F44-Posito-y-Puerta-del-Almudi-Muralla-de-Belmonte-Cuenca.jpg 768w, https:\/\/www.elturistatranquil.com\/wp-content\/uploads\/F44-Posito-y-Puerta-del-Almudi-Muralla-de-Belmonte-Cuenca-339x226.jpg 339w\" sizes=\"(max-width: 768px) 100vw, 768px\" \/>\t\t\t\t\t\t\t\t\t\t\t<figcaption class=\"widget-image-caption wp-caption-text\"><\/figcaption>\n\t\t\t\t\t\t\t\t\t\t<\/figure>\n\t\t\t\t\t\t\t\t\t<\/div>\n\t\t\t\t<\/div>\n\t\t\t\t<div class=\"elementor-element elementor-element-d1dbf7c elementor-widget elementor-widget-text-editor\" data-id=\"d1dbf7c\" data-element_type=\"widget\" data-e-type=\"widget\" data-widget_type=\"text-editor.default\">\n\t\t\t\t<div class=\"elementor-widget-container\">\n\t\t\t\t\t\t\t\t\t<p>En relaci\u00f3 amb l&#8217;edifici modern, opineu vosaltres mateixos a partir d&#8217;aquesta imatge presa de <em>Google Street View<\/em>. A qui se li va acudir una proposta aix\u00ed?; qui la va aprovar i amb quins criteris?<\/p>\t\t\t\t\t\t\t\t<\/div>\n\t\t\t\t<\/div>\n\t\t\t\t<div class=\"elementor-element elementor-element-1b542cb elementor-widget elementor-widget-image\" data-id=\"1b542cb\" data-element_type=\"widget\" data-e-type=\"widget\" data-widget_type=\"image.default\">\n\t\t\t\t<div class=\"elementor-widget-container\">\n\t\t\t\t\t\t\t\t\t\t\t\t<figure class=\"wp-caption\">\n\t\t\t\t\t\t\t\t\t\t<img loading=\"lazy\" decoding=\"async\" width=\"768\" height=\"375\" src=\"https:\/\/www.elturistatranquil.com\/wp-content\/uploads\/F45-Posito-y-Puerta-del-Almudi-Muralla-de-Belmonte-Cuenca.jpg\" class=\"attachment-large size-large wp-image-41642\" alt=\"Posito y Puerta del Almudi, Muralla de Belmonte, Cuenca\" srcset=\"https:\/\/www.elturistatranquil.com\/wp-content\/uploads\/F45-Posito-y-Puerta-del-Almudi-Muralla-de-Belmonte-Cuenca.jpg 768w, https:\/\/www.elturistatranquil.com\/wp-content\/uploads\/F45-Posito-y-Puerta-del-Almudi-Muralla-de-Belmonte-Cuenca-339x166.jpg 339w\" sizes=\"(max-width: 768px) 100vw, 768px\" \/>\t\t\t\t\t\t\t\t\t\t\t<figcaption class=\"widget-image-caption wp-caption-text\">(Street View Google maps 2022-06-02)<\/figcaption>\n\t\t\t\t\t\t\t\t\t\t<\/figure>\n\t\t\t\t\t\t\t\t\t<\/div>\n\t\t\t\t<\/div>\n\t\t\t\t<div class=\"elementor-element elementor-element-9cd95fb elementor-widget elementor-widget-menu-anchor\" data-id=\"9cd95fb\" data-element_type=\"widget\" data-e-type=\"widget\" data-widget_type=\"menu-anchor.default\">\n\t\t\t\t<div class=\"elementor-widget-container\">\n\t\t\t\t\t\t\t<div class=\"elementor-menu-anchor\" id=\"c7510\"><\/div>\n\t\t\t\t\t\t<\/div>\n\t\t\t\t<\/div>\n\t\t\t\t<div class=\"elementor-element elementor-element-2d2c5e7 elementor-widget elementor-widget-text-editor\" data-id=\"2d2c5e7\" data-element_type=\"widget\" data-e-type=\"widget\" data-widget_type=\"text-editor.default\">\n\t\t\t\t<div class=\"elementor-widget-container\">\n\t\t\t\t\t\t\t\t\t<p>A partir d\u00b4aquest punt no apareixen m\u00e9s vestigis de la muralla. Si n&#8217;hi ha algun es troba a l&#8217;interior de les construccions urbanes. Nom\u00e9s subsisteix la porta de la Estrella.<\/p>\t\t\t\t\t\t\t\t<\/div>\n\t\t\t\t<\/div>\n\t\t\t\t<div class=\"elementor-element elementor-element-ccc13f1 elementor-widget elementor-widget-heading\" data-id=\"ccc13f1\" data-element_type=\"widget\" data-e-type=\"widget\" data-widget_type=\"heading.default\">\n\t\t\t\t<div class=\"elementor-widget-container\">\n\t\t\t\t\t<h4 class=\"elementor-heading-title elementor-size-default\">La porta de la Estrella<\/h4>\t\t\t\t<\/div>\n\t\t\t\t<\/div>\n\t\t\t\t<div class=\"elementor-element elementor-element-3cef121 elementor-widget elementor-widget-text-editor\" data-id=\"3cef121\" data-element_type=\"widget\" data-e-type=\"widget\" data-widget_type=\"text-editor.default\">\n\t\t\t\t<div class=\"elementor-widget-container\">\n\t\t\t\t\t\t\t\t\t<p>A uns 85 metres al nord, seguint el <strong>carrer Antonio Ru\u00edz<\/strong>, encaixonat entre cases perviu la <strong>porta de la Estrella<\/strong> (<strong>P3<\/strong>), dedicada a la Virgen de la Estrella, que tamb\u00e9 ha estat anomenada com la <strong>porta de Toledo<\/strong> o la <strong>de Montreal<\/strong>, per estar orientada cap a aquestes localitats.<\/p><p>El seu nom actual li ve per l&#8217;exist\u00e8ncia segles enrere, extramurs, d&#8217;un call jueu. Molt probablement la seva sinagoga va estar ubicada a l&#8217;actual <strong>carrer de las Nieves<\/strong>, situada davant de la porta de la muralla.<\/p><p>La porta est\u00e0 formada per dos arcs, ambd\u00f3s de tipus escarser. Sobre l&#8217;arc exterior s&#8217;aixequen cinc merlons esglaonats que ofereixen una imatge defensiva.<\/p>\t\t\t\t\t\t\t\t<\/div>\n\t\t\t\t<\/div>\n\t\t\t\t<div class=\"elementor-element elementor-element-cc35bb5 elementor-widget elementor-widget-image\" data-id=\"cc35bb5\" data-element_type=\"widget\" data-e-type=\"widget\" data-widget_type=\"image.default\">\n\t\t\t\t<div class=\"elementor-widget-container\">\n\t\t\t\t\t\t\t\t\t\t\t\t<figure class=\"wp-caption\">\n\t\t\t\t\t\t\t\t\t\t<img loading=\"lazy\" decoding=\"async\" width=\"768\" height=\"512\" src=\"https:\/\/www.elturistatranquil.com\/wp-content\/uploads\/F46-Puerta-de-la-Estrella-Muralla-de-Belmonte-Cuenca.jpg\" class=\"attachment-large size-large wp-image-41646\" alt=\"Puerta de la Estrella, Muralla de Belmonte, Cuenca\" srcset=\"https:\/\/www.elturistatranquil.com\/wp-content\/uploads\/F46-Puerta-de-la-Estrella-Muralla-de-Belmonte-Cuenca.jpg 768w, https:\/\/www.elturistatranquil.com\/wp-content\/uploads\/F46-Puerta-de-la-Estrella-Muralla-de-Belmonte-Cuenca-339x226.jpg 339w\" sizes=\"(max-width: 768px) 100vw, 768px\" \/>\t\t\t\t\t\t\t\t\t\t\t<figcaption class=\"widget-image-caption wp-caption-text\"><\/figcaption>\n\t\t\t\t\t\t\t\t\t\t<\/figure>\n\t\t\t\t\t\t\t\t\t<\/div>\n\t\t\t\t<\/div>\n\t\t\t\t<div class=\"elementor-element elementor-element-c778e8b elementor-widget elementor-widget-text-editor\" data-id=\"c778e8b\" data-element_type=\"widget\" data-e-type=\"widget\" data-widget_type=\"text-editor.default\">\n\t\t\t\t<div class=\"elementor-widget-container\">\n\t\t\t\t\t\t\t\t\t<p>L&#8217;estrella de David, \u00e9s el que va fer que posteriorment aquesta porta es rebateges com a &#8220;de la Estrella&#8221; i es dediqu\u00e9s a la Verge de tal nom, construint un altar sobre l&#8217;arc per a la seva veneraci\u00f3.<\/p><p>A la part interior hi ha unes escales de pedra que condueixen a l&#8217;altar i que no s\u00f3n originals d&#8217;aquesta porta. Pertanyien a la porta del Almud\u00ed, i van ser traslladades aqu\u00ed als anys setanta del segle XX.<\/p><p>L&#8217;edifici de l&#8217;esquerra tampoc no \u00e9s que es vegi gaire apropiat al respecte hist\u00f2ric.<\/p>\t\t\t\t\t\t\t\t<\/div>\n\t\t\t\t<\/div>\n\t\t\t\t<div class=\"elementor-element elementor-element-33ea72c elementor-widget elementor-widget-image\" data-id=\"33ea72c\" data-element_type=\"widget\" data-e-type=\"widget\" data-widget_type=\"image.default\">\n\t\t\t\t<div class=\"elementor-widget-container\">\n\t\t\t\t\t\t\t\t\t\t\t\t<figure class=\"wp-caption\">\n\t\t\t\t\t\t\t\t\t\t<img loading=\"lazy\" decoding=\"async\" width=\"768\" height=\"512\" src=\"https:\/\/www.elturistatranquil.com\/wp-content\/uploads\/F47-Puerta-de-la-Estrella-Muralla-de-Belmonte-Cuenca.jpg\" class=\"attachment-large size-large wp-image-41648\" alt=\"Puerta de la Estrella, Muralla de Belmonte, Cuenca\" srcset=\"https:\/\/www.elturistatranquil.com\/wp-content\/uploads\/F47-Puerta-de-la-Estrella-Muralla-de-Belmonte-Cuenca.jpg 768w, https:\/\/www.elturistatranquil.com\/wp-content\/uploads\/F47-Puerta-de-la-Estrella-Muralla-de-Belmonte-Cuenca-339x226.jpg 339w\" sizes=\"(max-width: 768px) 100vw, 768px\" \/>\t\t\t\t\t\t\t\t\t\t\t<figcaption class=\"widget-image-caption wp-caption-text\"><\/figcaption>\n\t\t\t\t\t\t\t\t\t\t<\/figure>\n\t\t\t\t\t\t\t\t\t<\/div>\n\t\t\t\t<\/div>\n\t\t\t\t<div class=\"elementor-element elementor-element-e5fd2c3 elementor-widget elementor-widget-image\" data-id=\"e5fd2c3\" data-element_type=\"widget\" data-e-type=\"widget\" data-widget_type=\"image.default\">\n\t\t\t\t<div class=\"elementor-widget-container\">\n\t\t\t\t\t\t\t\t\t\t\t\t<figure class=\"wp-caption\">\n\t\t\t\t\t\t\t\t\t\t<img loading=\"lazy\" decoding=\"async\" width=\"768\" height=\"512\" src=\"https:\/\/www.elturistatranquil.com\/wp-content\/uploads\/F48-Puerta-de-la-Estrella-Muralla-de-Belmonte-Cuenca.jpg\" class=\"attachment-large size-large wp-image-41650\" alt=\"Puerta de la Estrella, Muralla de Belmonte, Cuenca\" srcset=\"https:\/\/www.elturistatranquil.com\/wp-content\/uploads\/F48-Puerta-de-la-Estrella-Muralla-de-Belmonte-Cuenca.jpg 768w, https:\/\/www.elturistatranquil.com\/wp-content\/uploads\/F48-Puerta-de-la-Estrella-Muralla-de-Belmonte-Cuenca-339x226.jpg 339w\" sizes=\"(max-width: 768px) 100vw, 768px\" \/>\t\t\t\t\t\t\t\t\t\t\t<figcaption class=\"widget-image-caption wp-caption-text\"><\/figcaption>\n\t\t\t\t\t\t\t\t\t\t<\/figure>\n\t\t\t\t\t\t\t\t\t<\/div>\n\t\t\t\t<\/div>\n\t\t\t\t<div class=\"elementor-element elementor-element-633be80 elementor-widget elementor-widget-text-editor\" data-id=\"633be80\" data-element_type=\"widget\" data-e-type=\"widget\" data-widget_type=\"text-editor.default\">\n\t\t\t\t<div class=\"elementor-widget-container\">\n\t\t\t\t\t\t\t\t\t<p>La doble porta est\u00e0 separada per un buit. Es poden observar les ranures per al rastell, mentre que a l&#8217;altra obertura es troben les gorroneres.<\/p>\t\t\t\t\t\t\t\t<\/div>\n\t\t\t\t<\/div>\n\t\t\t\t<div class=\"elementor-element elementor-element-0b3e2b1 elementor-widget elementor-widget-image\" data-id=\"0b3e2b1\" data-element_type=\"widget\" data-e-type=\"widget\" data-widget_type=\"image.default\">\n\t\t\t\t<div class=\"elementor-widget-container\">\n\t\t\t\t\t\t\t\t\t\t\t\t<figure class=\"wp-caption\">\n\t\t\t\t\t\t\t\t\t\t<img loading=\"lazy\" decoding=\"async\" width=\"768\" height=\"512\" src=\"https:\/\/www.elturistatranquil.com\/wp-content\/uploads\/F49-Puerta-de-la-Estrella-Muralla-de-Belmonte-Cuenca.jpg\" class=\"attachment-large size-large wp-image-41652\" alt=\"Puerta de la Estrella, Muralla de Belmonte, Cuenca\" srcset=\"https:\/\/www.elturistatranquil.com\/wp-content\/uploads\/F49-Puerta-de-la-Estrella-Muralla-de-Belmonte-Cuenca.jpg 768w, https:\/\/www.elturistatranquil.com\/wp-content\/uploads\/F49-Puerta-de-la-Estrella-Muralla-de-Belmonte-Cuenca-339x226.jpg 339w\" sizes=\"(max-width: 768px) 100vw, 768px\" \/>\t\t\t\t\t\t\t\t\t\t\t<figcaption class=\"widget-image-caption wp-caption-text\"><\/figcaption>\n\t\t\t\t\t\t\t\t\t\t<\/figure>\n\t\t\t\t\t\t\t\t\t<\/div>\n\t\t\t\t<\/div>\n\t\t\t\t<div class=\"elementor-element elementor-element-58f7199 elementor-widget elementor-widget-text-editor\" data-id=\"58f7199\" data-element_type=\"widget\" data-e-type=\"widget\" data-widget_type=\"text-editor.default\">\n\t\t\t\t<div class=\"elementor-widget-container\">\n\t\t\t\t\t\t\t\t\t<p>A la placeta hi ha col\u00b7locada com a monument una <strong>s\u00ednia d\u2019aigua manual<\/strong> molt interessant. No \u00e9s f\u00e0cil veure aquest tipus de mecanismes hidr\u00e0ulics.<\/p>\t\t\t\t\t\t\t\t<\/div>\n\t\t\t\t<\/div>\n\t\t\t\t<div class=\"elementor-element elementor-element-20e5247 elementor-widget elementor-widget-image\" data-id=\"20e5247\" data-element_type=\"widget\" data-e-type=\"widget\" data-widget_type=\"image.default\">\n\t\t\t\t<div class=\"elementor-widget-container\">\n\t\t\t\t\t\t\t\t\t\t\t\t<figure class=\"wp-caption\">\n\t\t\t\t\t\t\t\t\t\t<img loading=\"lazy\" decoding=\"async\" width=\"768\" height=\"512\" src=\"https:\/\/www.elturistatranquil.com\/wp-content\/uploads\/F50-Noria-hidraulica-manual-Belmonte-Cuenca.jpg\" class=\"attachment-large size-large wp-image-41654\" alt=\"Noria hidraulica manual, Belmonte, Cuenca\" srcset=\"https:\/\/www.elturistatranquil.com\/wp-content\/uploads\/F50-Noria-hidraulica-manual-Belmonte-Cuenca.jpg 768w, https:\/\/www.elturistatranquil.com\/wp-content\/uploads\/F50-Noria-hidraulica-manual-Belmonte-Cuenca-339x226.jpg 339w\" sizes=\"(max-width: 768px) 100vw, 768px\" \/>\t\t\t\t\t\t\t\t\t\t\t<figcaption class=\"widget-image-caption wp-caption-text\"><\/figcaption>\n\t\t\t\t\t\t\t\t\t\t<\/figure>\n\t\t\t\t\t\t\t\t\t<\/div>\n\t\t\t\t<\/div>\n\t\t\t\t<div class=\"elementor-element elementor-element-bfb1548 elementor-widget elementor-widget-menu-anchor\" data-id=\"bfb1548\" data-element_type=\"widget\" data-e-type=\"widget\" data-widget_type=\"menu-anchor.default\">\n\t\t\t\t<div class=\"elementor-widget-container\">\n\t\t\t\t\t\t\t<div class=\"elementor-menu-anchor\" id=\"c7511\"><\/div>\n\t\t\t\t\t\t<\/div>\n\t\t\t\t<\/div>\n\t\t\t\t<div class=\"elementor-element elementor-element-221cac7 elementor-widget elementor-widget-text-editor\" data-id=\"221cac7\" data-element_type=\"widget\" data-e-type=\"widget\" data-widget_type=\"text-editor.default\">\n\t\t\t\t<div class=\"elementor-widget-container\">\n\t\t\t\t\t\t\t\t\t<p>Hi havia una cinquena porta, la <strong>Porta Nova<\/strong> (<strong>P4<\/strong>). Per la disposici\u00f3 dels carrers en relaci\u00f3 amb els camins d&#8217;acc\u00e9s a Belmonte, penso que el m\u00e9s probable \u00e9s que la porta Nova estigu\u00e9s situada al final del <strong>carrer Elena Osorio<\/strong>, davant del cam\u00ed cap a Villaescusa de Haro.<\/p><p>Com dic, no cal que continuem fins al punt d&#8217;origen del recorregut a la muralla al Palau del Infante Don Juan Manuel i al cementiri, perqu\u00e8 no apareix cap resta m\u00e9s de muralla.<\/p>\t\t\t\t\t\t\t\t<\/div>\n\t\t\t\t<\/div>\n\t\t\t\t<div class=\"elementor-element elementor-element-aab32d0 elementor-widget elementor-widget-heading\" data-id=\"aab32d0\" data-element_type=\"widget\" data-e-type=\"widget\" data-widget_type=\"heading.default\">\n\t\t\t\t<div class=\"elementor-widget-container\">\n\t\t\t\t\t<h3 class=\"elementor-heading-title elementor-size-default\">Recorregut pel Belmonte monumental<\/h3>\t\t\t\t<\/div>\n\t\t\t\t<\/div>\n\t\t\t\t<div class=\"elementor-element elementor-element-30d0db7 elementor-widget elementor-widget-text-editor\" data-id=\"30d0db7\" data-element_type=\"widget\" data-e-type=\"widget\" data-widget_type=\"text-editor.default\">\n\t\t\t\t<div class=\"elementor-widget-container\">\n\t\t\t\t\t\t\t\t\t<p>La vila de Belmonte est\u00e0 catalogada com a <em>B\u00e9 d&#8217;Inter\u00e8s Cultural<\/em> (<em>BIC<\/em>) com a <strong>Conjunt Historic-Art\u00edstic<\/strong>.<\/p>\t\t\t\t\t\t\t\t<\/div>\n\t\t\t\t<\/div>\n\t\t\t\t<div class=\"elementor-element elementor-element-541603c elementor-widget elementor-widget-image\" data-id=\"541603c\" data-element_type=\"widget\" data-e-type=\"widget\" data-widget_type=\"image.default\">\n\t\t\t\t<div class=\"elementor-widget-container\">\n\t\t\t\t\t\t\t\t\t\t\t\t<figure class=\"wp-caption\">\n\t\t\t\t\t\t\t\t\t\t<img loading=\"lazy\" decoding=\"async\" width=\"768\" height=\"512\" src=\"https:\/\/www.elturistatranquil.com\/wp-content\/uploads\/F52-Puntos-de-interes-en-Belmonte-Cuenca-Google-earth-2022-06-26.jpg\" class=\"attachment-large size-large wp-image-41656\" alt=\"Puntos de interes en Belmonte, Cuenca (Google earth 2022-06-26)\" srcset=\"https:\/\/www.elturistatranquil.com\/wp-content\/uploads\/F52-Puntos-de-interes-en-Belmonte-Cuenca-Google-earth-2022-06-26.jpg 768w, https:\/\/www.elturistatranquil.com\/wp-content\/uploads\/F52-Puntos-de-interes-en-Belmonte-Cuenca-Google-earth-2022-06-26-339x226.jpg 339w\" sizes=\"(max-width: 768px) 100vw, 768px\" \/>\t\t\t\t\t\t\t\t\t\t\t<figcaption class=\"widget-image-caption wp-caption-text\">Punts d'inter\u00e8s a Belmonte, Conca (Google earth 2022-06-26)<\/figcaption>\n\t\t\t\t\t\t\t\t\t\t<\/figure>\n\t\t\t\t\t\t\t\t\t<\/div>\n\t\t\t\t<\/div>\n\t\t\t\t<div class=\"elementor-element elementor-element-fa14858 elementor-widget elementor-widget-menu-anchor\" data-id=\"fa14858\" data-element_type=\"widget\" data-e-type=\"widget\" data-widget_type=\"menu-anchor.default\">\n\t\t\t\t<div class=\"elementor-widget-container\">\n\t\t\t\t\t\t\t<div class=\"elementor-menu-anchor\" id=\"c7512\"><\/div>\n\t\t\t\t\t\t<\/div>\n\t\t\t\t<\/div>\n\t\t\t\t<div class=\"elementor-element elementor-element-3670a43 elementor-widget elementor-widget-text-editor\" data-id=\"3670a43\" data-element_type=\"widget\" data-e-type=\"widget\" data-widget_type=\"text-editor.default\">\n\t\t\t\t<div class=\"elementor-widget-container\">\n\t\t\t\t\t\t\t\t\t<p>No establir\u00e9 cap recorregut per visitar els punts de m\u00e9s inter\u00e8s. Un consell pot ser anar-los buscant, per\u00f2 fixant molta atenci\u00f3 a les cases de la trama urbana on es conjuga una s\u00edntesi entre edificis senyorials i abundants mostres d&#8217;arquitectura popular manxega.<\/p><p>A l&#8217;estructura urbana dos carrers de recorregut continu cadascun creuen d&#8217;oest a est i de nord a sud la vila medieval. D&#8217;oest a est, la formada pel <strong>carrer Padre Domingo<\/strong> que es perllonga al <strong>carrer Juan Pacheco<\/strong>, en un tra\u00e7at recte-sinu\u00f3s, unint la porta de la Estrella amb la porta de San Juan. De nord a sud, des de la porta Nova (presumiblement com he assenyalat en el recorregut per la muralla) a la porta de Chinchilla, tot i que a la part sud del recorregut el seu tra\u00e7at \u00e9s molt m\u00e9s sinu\u00f3s, pels <strong>carrers Elena Osorio<\/strong>, <strong>Lucas Parra<\/strong> i <strong>Chinchilla<\/strong>.<\/p><p>En sortirien tots els carrers que aniran articulant el teixit urb\u00e0 medieval, m\u00e9s o menys adaptat a l&#8217;orografia.<\/p>\t\t\t\t\t\t\t\t<\/div>\n\t\t\t\t<\/div>\n\t\t\t\t<div class=\"elementor-element elementor-element-0bba66c elementor-widget elementor-widget-heading\" data-id=\"0bba66c\" data-element_type=\"widget\" data-e-type=\"widget\" data-widget_type=\"heading.default\">\n\t\t\t\t<div class=\"elementor-widget-container\">\n\t\t\t\t\t<h4 class=\"elementor-heading-title elementor-size-default\">Palau del Infante Don Juan Manuel<\/h4>\t\t\t\t<\/div>\n\t\t\t\t<\/div>\n\t\t\t\t<div class=\"elementor-element elementor-element-ee86fb2 elementor-widget elementor-widget-text-editor\" data-id=\"ee86fb2\" data-element_type=\"widget\" data-e-type=\"widget\" data-widget_type=\"text-editor.default\">\n\t\t\t\t<div class=\"elementor-widget-container\">\n\t\t\t\t\t\t\t\t\t<p>A la zona m\u00e9s elevada i dominant del nucli urb\u00e0, don Juan Manuel va al\u00e7ar l&#8217;<strong>Alc\u00e0sser vell<\/strong> (<strong>1<\/strong>). Actualment, rehabilitat i reformat acull el <a href=\"https:\/\/www.elturistatranquil.com\/ca\/palacio-infante-don-juan-manuel-hotel-spa\/\" target=\"_blank\" rel=\"noopener\"><strong>Palacio del Infante Don Juan Manuel Hotel-Spa<\/strong><\/a> que ja he presentat al <em>Post<\/em> anterior, al qual em remeto.<\/p><p>Nom\u00e9s indicar que la forma actual respon m\u00e9s a la combinaci\u00f3 de la seva reconversi\u00f3 en convent de Dominiques al segle XV i en hotel al segle XXI.<\/p><p>\u00c9s l&#8217;edifici senyorial m\u00e9s antic de la vila.<\/p>\t\t\t\t\t\t\t\t<\/div>\n\t\t\t\t<\/div>\n\t\t\t\t<div class=\"elementor-element elementor-element-9545f86 elementor-widget elementor-widget-image\" data-id=\"9545f86\" data-element_type=\"widget\" data-e-type=\"widget\" data-widget_type=\"image.default\">\n\t\t\t\t<div class=\"elementor-widget-container\">\n\t\t\t\t\t\t\t\t\t\t\t\t<figure class=\"wp-caption\">\n\t\t\t\t\t\t\t\t\t\t<img loading=\"lazy\" decoding=\"async\" width=\"768\" height=\"512\" src=\"https:\/\/www.elturistatranquil.com\/wp-content\/uploads\/F53-Palacio-del-Infante-don-Juan-Manuel-Belmonte-Cuenca.jpg\" class=\"attachment-large size-large wp-image-41661\" alt=\"Palacio del Infante don Juan Manuel, Belmonte, Cuenca\" srcset=\"https:\/\/www.elturistatranquil.com\/wp-content\/uploads\/F53-Palacio-del-Infante-don-Juan-Manuel-Belmonte-Cuenca.jpg 768w, https:\/\/www.elturistatranquil.com\/wp-content\/uploads\/F53-Palacio-del-Infante-don-Juan-Manuel-Belmonte-Cuenca-339x226.jpg 339w\" sizes=\"(max-width: 768px) 100vw, 768px\" \/>\t\t\t\t\t\t\t\t\t\t\t<figcaption class=\"widget-image-caption wp-caption-text\"><\/figcaption>\n\t\t\t\t\t\t\t\t\t\t<\/figure>\n\t\t\t\t\t\t\t\t\t<\/div>\n\t\t\t\t<\/div>\n\t\t\t\t<div class=\"elementor-element elementor-element-caeb372 elementor-widget elementor-widget-text-editor\" data-id=\"caeb372\" data-element_type=\"widget\" data-e-type=\"widget\" data-widget_type=\"text-editor.default\">\n\t\t\t\t<div class=\"elementor-widget-container\">\n\t\t\t\t\t\t\t\t\t<p>El claustre renaixentista del convent \u00e9s un dels elements hist\u00f2rics m\u00e9s valuosos del recinte.<\/p>\t\t\t\t\t\t\t\t<\/div>\n\t\t\t\t<\/div>\n\t\t\t\t<div class=\"elementor-element elementor-element-922bd9d elementor-widget elementor-widget-menu-anchor\" data-id=\"922bd9d\" data-element_type=\"widget\" data-e-type=\"widget\" data-widget_type=\"menu-anchor.default\">\n\t\t\t\t<div class=\"elementor-widget-container\">\n\t\t\t\t\t\t\t<div class=\"elementor-menu-anchor\" id=\"c7513\"><\/div>\n\t\t\t\t\t\t<\/div>\n\t\t\t\t<\/div>\n\t\t\t\t<div class=\"elementor-element elementor-element-b1b1865 elementor-widget elementor-widget-image\" data-id=\"b1b1865\" data-element_type=\"widget\" data-e-type=\"widget\" data-widget_type=\"image.default\">\n\t\t\t\t<div class=\"elementor-widget-container\">\n\t\t\t\t\t\t\t\t\t\t\t\t<figure class=\"wp-caption\">\n\t\t\t\t\t\t\t\t\t\t<img loading=\"lazy\" decoding=\"async\" width=\"768\" height=\"512\" src=\"https:\/\/www.elturistatranquil.com\/wp-content\/uploads\/F54-Palacio-del-Infante-don-Juan-Manuel-Belmonte-Cuenca.jpg\" class=\"attachment-large size-large wp-image-41663\" alt=\"Palacio del Infante don Juan Manuel, Belmonte, Cuenca\" srcset=\"https:\/\/www.elturistatranquil.com\/wp-content\/uploads\/F54-Palacio-del-Infante-don-Juan-Manuel-Belmonte-Cuenca.jpg 768w, https:\/\/www.elturistatranquil.com\/wp-content\/uploads\/F54-Palacio-del-Infante-don-Juan-Manuel-Belmonte-Cuenca-339x226.jpg 339w\" sizes=\"(max-width: 768px) 100vw, 768px\" \/>\t\t\t\t\t\t\t\t\t\t\t<figcaption class=\"widget-image-caption wp-caption-text\"><\/figcaption>\n\t\t\t\t\t\t\t\t\t\t<\/figure>\n\t\t\t\t\t\t\t\t\t<\/div>\n\t\t\t\t<\/div>\n\t\t\t\t<div class=\"elementor-element elementor-element-630efed elementor-widget elementor-widget-heading\" data-id=\"630efed\" data-element_type=\"widget\" data-e-type=\"widget\" data-widget_type=\"heading.default\">\n\t\t\t\t<div class=\"elementor-widget-container\">\n\t\t\t\t\t<h4 class=\"elementor-heading-title elementor-size-default\">Col\u00b7legiata de San Bartolom\u00e9<\/h4>\t\t\t\t<\/div>\n\t\t\t\t<\/div>\n\t\t\t\t<div class=\"elementor-element elementor-element-b067554 elementor-widget elementor-widget-text-editor\" data-id=\"b067554\" data-element_type=\"widget\" data-e-type=\"widget\" data-widget_type=\"text-editor.default\">\n\t\t\t\t<div class=\"elementor-widget-container\">\n\t\t\t\t\t\t\t\t\t<p>Conjuntament amb el Castell, la <strong>col\u00b7legiata de San Bartolome<\/strong> (<strong>2<\/strong>), \u00e9s l&#8217;altre monument declarat <em>B\u00e9 d&#8217;Inter\u00e8s Cultural<\/em> (<em>BIC<\/em>).<\/p><p>Empla\u00e7ada al costat de l&#8217;Alc\u00e0sser vell dins el recinte emmurallat. Es va construir sobre la primera edificaci\u00f3 de l&#8217;antiga parr\u00f2quia d&#8217;\u00e8poca visig\u00f2tica que, despr\u00e9s de la dominaci\u00f3 \u00e0rab, posteriorment es va adaptar a l&#8217;estil rom\u00e0nic.<\/p><p>Com a <a href=\"https:\/\/www.elturistatranquil.com\/ca\/esglesies-monestirs-i-ordres-religioses-a-ledat-mitjana\/#b1513\" target=\"_blank\" rel=\"noopener\">col\u00b7legiata<\/a> va ser erigida sobre l&#8217;esgl\u00e9sia parroquial a inst\u00e0ncies de don Juan Pacheco, Marqu\u00e8s de Villena i III senyor de Belmonte, per a la qual cosa va obtenir del papa Pius II la Butlla del Concili de Basilea el 1436. El Cabildo que es va haver de crear, estava presidit per un Prior, i va arribar a tenir 32 canonges i prebendats. Era una manera de refor\u00e7ar el seu prestigi social mitjan\u00e7ant la implantaci\u00f3 al seu senyoriu d&#8217;un temple de la categoria m\u00e9s alta fora d&#8217;una seu episcopal.<\/p><p>Es va iniciar el 1459 en estil g\u00f2tic, encara que es van anar annexant grans capelles a inst\u00e0ncies de grans fam\u00edlies fins al XVIII, quan es va donar per acabada definitivament. Molt probablement van ser els seus arquitectes els germans Egas i Hanequin de Brussel\u00b7les, que van haver de treballar tamb\u00e9 al tra\u00e7at del castell.<\/p><p>Se situa en una posici\u00f3 dominant sobre el caseriu, encara que per sota del primer alc\u00e0sser.<\/p>\t\t\t\t\t\t\t\t<\/div>\n\t\t\t\t<\/div>\n\t\t\t\t<div class=\"elementor-element elementor-element-a76e3b8 elementor-widget elementor-widget-image\" data-id=\"a76e3b8\" data-element_type=\"widget\" data-e-type=\"widget\" data-widget_type=\"image.default\">\n\t\t\t\t<div class=\"elementor-widget-container\">\n\t\t\t\t\t\t\t\t\t\t\t\t<figure class=\"wp-caption\">\n\t\t\t\t\t\t\t\t\t\t<img loading=\"lazy\" decoding=\"async\" width=\"768\" height=\"512\" src=\"https:\/\/www.elturistatranquil.com\/wp-content\/uploads\/F55-Belmonte-Cuenca.jpg\" class=\"attachment-large size-large wp-image-41665\" alt=\"Belmonte, Cuenca\" srcset=\"https:\/\/www.elturistatranquil.com\/wp-content\/uploads\/F55-Belmonte-Cuenca.jpg 768w, https:\/\/www.elturistatranquil.com\/wp-content\/uploads\/F55-Belmonte-Cuenca-339x226.jpg 339w\" sizes=\"(max-width: 768px) 100vw, 768px\" \/>\t\t\t\t\t\t\t\t\t\t\t<figcaption class=\"widget-image-caption wp-caption-text\"><\/figcaption>\n\t\t\t\t\t\t\t\t\t\t<\/figure>\n\t\t\t\t\t\t\t\t\t<\/div>\n\t\t\t\t<\/div>\n\t\t\t\t<div class=\"elementor-element elementor-element-fb60788 elementor-widget elementor-widget-image\" data-id=\"fb60788\" data-element_type=\"widget\" data-e-type=\"widget\" data-widget_type=\"image.default\">\n\t\t\t\t<div class=\"elementor-widget-container\">\n\t\t\t\t\t\t\t\t\t\t\t\t<figure class=\"wp-caption\">\n\t\t\t\t\t\t\t\t\t\t<img loading=\"lazy\" decoding=\"async\" width=\"768\" height=\"513\" src=\"https:\/\/www.elturistatranquil.com\/wp-content\/uploads\/F56-Colegiata-de-Belmonte-Cuenca-Google-maps-2022-06-12.jpg\" class=\"attachment-large size-large wp-image-41667\" alt=\"Colegiata de Belmonte, Cuenca (Google maps 2022-06-12)\" srcset=\"https:\/\/www.elturistatranquil.com\/wp-content\/uploads\/F56-Colegiata-de-Belmonte-Cuenca-Google-maps-2022-06-12.jpg 768w, https:\/\/www.elturistatranquil.com\/wp-content\/uploads\/F56-Colegiata-de-Belmonte-Cuenca-Google-maps-2022-06-12-339x226.jpg 339w\" sizes=\"(max-width: 768px) 100vw, 768px\" \/>\t\t\t\t\t\t\t\t\t\t\t<figcaption class=\"widget-image-caption wp-caption-text\">(Google maps 2022-06-12)<\/figcaption>\n\t\t\t\t\t\t\t\t\t\t<\/figure>\n\t\t\t\t\t\t\t\t\t<\/div>\n\t\t\t\t<\/div>\n\t\t\t\t<div class=\"elementor-element elementor-element-94b6bd0 elementor-widget elementor-widget-image\" data-id=\"94b6bd0\" data-element_type=\"widget\" data-e-type=\"widget\" data-widget_type=\"image.default\">\n\t\t\t\t<div class=\"elementor-widget-container\">\n\t\t\t\t\t\t\t\t\t\t\t\t<figure class=\"wp-caption\">\n\t\t\t\t\t\t\t\t\t\t<img loading=\"lazy\" decoding=\"async\" width=\"768\" height=\"512\" src=\"https:\/\/www.elturistatranquil.com\/wp-content\/uploads\/F57-Colegiata-de-Belmonte-Cuenca.jpg\" class=\"attachment-large size-large wp-image-41669\" alt=\"Colegiata de Belmonte, Cuenca\" srcset=\"https:\/\/www.elturistatranquil.com\/wp-content\/uploads\/F57-Colegiata-de-Belmonte-Cuenca.jpg 768w, https:\/\/www.elturistatranquil.com\/wp-content\/uploads\/F57-Colegiata-de-Belmonte-Cuenca-339x226.jpg 339w\" sizes=\"(max-width: 768px) 100vw, 768px\" \/>\t\t\t\t\t\t\t\t\t\t\t<figcaption class=\"widget-image-caption wp-caption-text\"><\/figcaption>\n\t\t\t\t\t\t\t\t\t\t<\/figure>\n\t\t\t\t\t\t\t\t\t<\/div>\n\t\t\t\t<\/div>\n\t\t\t\t<div class=\"elementor-element elementor-element-c2690ec elementor-widget elementor-widget-text-editor\" data-id=\"c2690ec\" data-element_type=\"widget\" data-e-type=\"widget\" data-widget_type=\"text-editor.default\">\n\t\t\t\t<div class=\"elementor-widget-container\">\n\t\t\t\t\t\t\t\t\t<p>Els murs s\u00f3n de carreuat, refor\u00e7at amb carreus a les cantonades, obertures i contraforts, aix\u00ed com a les portades. Les cobertes de teula, a dues aig\u00fces amb el tester aixamfranat la principal, i a quatre aig\u00fces la torre i les capelles que sobresurten.<\/p><p>La planta del temple \u00e9s <a href=\"https:\/\/www.elturistatranquil.com\/ca\/esglesies-monestirs-i-ordres-religioses-a-ledat-mitjana\/#b1525\" target=\"_blank\" rel=\"noopener\">basilical o de sal\u00f3<\/a>, amb forma lleugerament trapezoidal, m\u00e9s estreta al cap, de tres naus i quatre trams. L\u00b4absis \u00e9s circular, d\u00b4uns \u00be de circumfer\u00e8ncia. Excepte a la part sortint de l&#8217;absis, est\u00e0 envoltat de fins a onze grans capelles, gaireb\u00e9 totes quadrades, de l&#8217;amplada de tram al qu\u00e8 s&#8217;obren. Sobre l&#8217;absis s&#8217;al\u00e7a una c\u00fapula poligonal amb finestres ogivals d&#8217;il\u00b7luminaci\u00f3.<\/p>\t\t\t\t\t\t\t\t<\/div>\n\t\t\t\t<\/div>\n\t\t\t\t<div class=\"elementor-element elementor-element-0689817 elementor-widget elementor-widget-image\" data-id=\"0689817\" data-element_type=\"widget\" data-e-type=\"widget\" data-widget_type=\"image.default\">\n\t\t\t\t<div class=\"elementor-widget-container\">\n\t\t\t\t\t\t\t\t\t\t\t\t<figure class=\"wp-caption\">\n\t\t\t\t\t\t\t\t\t\t<img loading=\"lazy\" decoding=\"async\" width=\"768\" height=\"512\" src=\"https:\/\/www.elturistatranquil.com\/wp-content\/uploads\/F58-Colegiata-de-Belmonte-Cuenca.jpg\" class=\"attachment-large size-large wp-image-41671\" alt=\"Colegiata de Belmonte, Cuenca\" srcset=\"https:\/\/www.elturistatranquil.com\/wp-content\/uploads\/F58-Colegiata-de-Belmonte-Cuenca.jpg 768w, https:\/\/www.elturistatranquil.com\/wp-content\/uploads\/F58-Colegiata-de-Belmonte-Cuenca-339x226.jpg 339w\" sizes=\"(max-width: 768px) 100vw, 768px\" \/>\t\t\t\t\t\t\t\t\t\t\t<figcaption class=\"widget-image-caption wp-caption-text\"><\/figcaption>\n\t\t\t\t\t\t\t\t\t\t<\/figure>\n\t\t\t\t\t\t\t\t\t<\/div>\n\t\t\t\t<\/div>\n\t\t\t\t<div class=\"elementor-element elementor-element-4f45a2d elementor-widget elementor-widget-image\" data-id=\"4f45a2d\" data-element_type=\"widget\" data-e-type=\"widget\" data-widget_type=\"image.default\">\n\t\t\t\t<div class=\"elementor-widget-container\">\n\t\t\t\t\t\t\t\t\t\t\t\t<figure class=\"wp-caption\">\n\t\t\t\t\t\t\t\t\t\t<img loading=\"lazy\" decoding=\"async\" width=\"768\" height=\"512\" src=\"https:\/\/www.elturistatranquil.com\/wp-content\/uploads\/F59-Colegiata-de-Belmonte-Cuenca.jpg\" class=\"attachment-large size-large wp-image-41673\" alt=\"Colegiata de Belmonte, Cuenca\" srcset=\"https:\/\/www.elturistatranquil.com\/wp-content\/uploads\/F59-Colegiata-de-Belmonte-Cuenca.jpg 768w, https:\/\/www.elturistatranquil.com\/wp-content\/uploads\/F59-Colegiata-de-Belmonte-Cuenca-339x226.jpg 339w\" sizes=\"(max-width: 768px) 100vw, 768px\" \/>\t\t\t\t\t\t\t\t\t\t\t<figcaption class=\"widget-image-caption wp-caption-text\"><\/figcaption>\n\t\t\t\t\t\t\t\t\t\t<\/figure>\n\t\t\t\t\t\t\t\t\t<\/div>\n\t\t\t\t<\/div>\n\t\t\t\t<div class=\"elementor-element elementor-element-07d8411 elementor-widget elementor-widget-text-editor\" data-id=\"07d8411\" data-element_type=\"widget\" data-e-type=\"widget\" data-widget_type=\"text-editor.default\">\n\t\t\t\t<div class=\"elementor-widget-container\">\n\t\t\t\t\t\t\t\t\t<p>Adossada a l&#8217;exterior dreta del peu del temple s&#8217;al\u00e7a una robusta torre quadrada, t\u00edpica de la zona, de tres nivells, amb alguna finestra geminada al primer nivell, i dues finestres d&#8217;arc de mig punt a cada costat del nivell superior, amb coberta de teula a quatre aig\u00fces amb picota.<\/p><p>La perspectiva des del <strong>carrer Fray Luis de Le\u00f3n<\/strong>, que va n\u00e9ixer a la casa del costat dret.<\/p>\t\t\t\t\t\t\t\t<\/div>\n\t\t\t\t<\/div>\n\t\t\t\t<div class=\"elementor-element elementor-element-bd9d691 elementor-widget elementor-widget-image\" data-id=\"bd9d691\" data-element_type=\"widget\" data-e-type=\"widget\" data-widget_type=\"image.default\">\n\t\t\t\t<div class=\"elementor-widget-container\">\n\t\t\t\t\t\t\t\t\t\t\t\t<figure class=\"wp-caption\">\n\t\t\t\t\t\t\t\t\t\t<img loading=\"lazy\" decoding=\"async\" width=\"388\" height=\"550\" src=\"https:\/\/www.elturistatranquil.com\/wp-content\/uploads\/F60-Colegiata-de-Belmonte-Cuenca.jpg\" class=\"attachment-large size-large wp-image-41675\" alt=\"Colegiata de Belmonte, Cuenca\" srcset=\"https:\/\/www.elturistatranquil.com\/wp-content\/uploads\/F60-Colegiata-de-Belmonte-Cuenca.jpg 388w, https:\/\/www.elturistatranquil.com\/wp-content\/uploads\/F60-Colegiata-de-Belmonte-Cuenca-159x226.jpg 159w\" sizes=\"(max-width: 388px) 100vw, 388px\" \/>\t\t\t\t\t\t\t\t\t\t\t<figcaption class=\"widget-image-caption wp-caption-text\"><\/figcaption>\n\t\t\t\t\t\t\t\t\t\t<\/figure>\n\t\t\t\t\t\t\t\t\t<\/div>\n\t\t\t\t<\/div>\n\t\t\t\t<div class=\"elementor-element elementor-element-f17256a elementor-widget elementor-widget-text-editor\" data-id=\"f17256a\" data-element_type=\"widget\" data-e-type=\"widget\" data-widget_type=\"text-editor.default\">\n\t\t\t\t<div class=\"elementor-widget-container\">\n\t\t\t\t\t\t\t\t\t<p>S&#8217;accedeix al temple per dues portades, una al costat de migdia, la <strong>porta del Sol<\/strong>, i la <strong>porta dels Perdons<\/strong> als peus. Reixat tradicional de la zona protegeix les finestres.<\/p>\t\t\t\t\t\t\t\t<\/div>\n\t\t\t\t<\/div>\n\t\t\t\t<div class=\"elementor-element elementor-element-750d38b elementor-widget elementor-widget-image\" data-id=\"750d38b\" data-element_type=\"widget\" data-e-type=\"widget\" data-widget_type=\"image.default\">\n\t\t\t\t<div class=\"elementor-widget-container\">\n\t\t\t\t\t\t\t\t\t\t\t\t<figure class=\"wp-caption\">\n\t\t\t\t\t\t\t\t\t\t<img loading=\"lazy\" decoding=\"async\" width=\"768\" height=\"512\" src=\"https:\/\/www.elturistatranquil.com\/wp-content\/uploads\/F61-Colegiata-de-Belmonte-Cuenca.jpg\" class=\"attachment-large size-large wp-image-41677\" alt=\"Colegiata de Belmonte, Cuenca\" srcset=\"https:\/\/www.elturistatranquil.com\/wp-content\/uploads\/F61-Colegiata-de-Belmonte-Cuenca.jpg 768w, https:\/\/www.elturistatranquil.com\/wp-content\/uploads\/F61-Colegiata-de-Belmonte-Cuenca-339x226.jpg 339w\" sizes=\"(max-width: 768px) 100vw, 768px\" \/>\t\t\t\t\t\t\t\t\t\t\t<figcaption class=\"widget-image-caption wp-caption-text\"><\/figcaption>\n\t\t\t\t\t\t\t\t\t\t<\/figure>\n\t\t\t\t\t\t\t\t\t<\/div>\n\t\t\t\t<\/div>\n\t\t\t\t<div class=\"elementor-element elementor-element-1367b1c elementor-widget elementor-widget-text-editor\" data-id=\"1367b1c\" data-element_type=\"widget\" data-e-type=\"widget\" data-widget_type=\"text-editor.default\">\n\t\t\t\t<div class=\"elementor-widget-container\">\n\t\t\t\t\t\t\t\t\t<p>La porta d&#8217;arc carpanell inscrit en un arc trilobulat amb una forn\u00edcula. Als costats dos pinacles g\u00f2tics.<\/p>\t\t\t\t\t\t\t\t<\/div>\n\t\t\t\t<\/div>\n\t\t\t\t<div class=\"elementor-element elementor-element-614b76c elementor-widget elementor-widget-image\" data-id=\"614b76c\" data-element_type=\"widget\" data-e-type=\"widget\" data-widget_type=\"image.default\">\n\t\t\t\t<div class=\"elementor-widget-container\">\n\t\t\t\t\t\t\t\t\t\t\t\t<figure class=\"wp-caption\">\n\t\t\t\t\t\t\t\t\t\t<img loading=\"lazy\" decoding=\"async\" width=\"768\" height=\"512\" src=\"https:\/\/www.elturistatranquil.com\/wp-content\/uploads\/F62-Colegiata-de-Belmonte-Cuenca.jpg\" class=\"attachment-large size-large wp-image-41679\" alt=\"Colegiata de Belmonte, Cuenca\" srcset=\"https:\/\/www.elturistatranquil.com\/wp-content\/uploads\/F62-Colegiata-de-Belmonte-Cuenca.jpg 768w, https:\/\/www.elturistatranquil.com\/wp-content\/uploads\/F62-Colegiata-de-Belmonte-Cuenca-339x226.jpg 339w\" sizes=\"(max-width: 768px) 100vw, 768px\" \/>\t\t\t\t\t\t\t\t\t\t\t<figcaption class=\"widget-image-caption wp-caption-text\"><\/figcaption>\n\t\t\t\t\t\t\t\t\t\t<\/figure>\n\t\t\t\t\t\t\t\t\t<\/div>\n\t\t\t\t<\/div>\n\t\t\t\t<div class=\"elementor-element elementor-element-db99f30 elementor-widget elementor-widget-text-editor\" data-id=\"db99f30\" data-element_type=\"widget\" data-e-type=\"widget\" data-widget_type=\"text-editor.default\">\n\t\t\t\t<div class=\"elementor-widget-container\">\n\t\t\t\t\t\t\t\t\t<p>La portada dels Perdons presenta una porta geminada amb el mateix arc carpanell que l&#8217;altra porta. En aquest cas les portes estan lleugerament inscrites en un arc apuntat, amb una imatge de San Bartolome al timp\u00e0. Tamb\u00e9 dos pinacles g\u00f2tics als costats i un \u00f2cul multi estrellat a la part superior del mur.<\/p>\t\t\t\t\t\t\t\t<\/div>\n\t\t\t\t<\/div>\n\t\t\t\t<div class=\"elementor-element elementor-element-9f8c4e7 elementor-widget elementor-widget-image\" data-id=\"9f8c4e7\" data-element_type=\"widget\" data-e-type=\"widget\" data-widget_type=\"image.default\">\n\t\t\t\t<div class=\"elementor-widget-container\">\n\t\t\t\t\t\t\t\t\t\t\t\t<figure class=\"wp-caption\">\n\t\t\t\t\t\t\t\t\t\t<img loading=\"lazy\" decoding=\"async\" width=\"768\" height=\"512\" src=\"https:\/\/www.elturistatranquil.com\/wp-content\/uploads\/F63-Colegiata-de-Belmonte-Cuenca.jpg\" class=\"attachment-large size-large wp-image-41681\" alt=\"Colegiata de Belmonte, Cuenca\" srcset=\"https:\/\/www.elturistatranquil.com\/wp-content\/uploads\/F63-Colegiata-de-Belmonte-Cuenca.jpg 768w, https:\/\/www.elturistatranquil.com\/wp-content\/uploads\/F63-Colegiata-de-Belmonte-Cuenca-339x226.jpg 339w\" sizes=\"(max-width: 768px) 100vw, 768px\" \/>\t\t\t\t\t\t\t\t\t\t\t<figcaption class=\"widget-image-caption wp-caption-text\"><\/figcaption>\n\t\t\t\t\t\t\t\t\t\t<\/figure>\n\t\t\t\t\t\t\t\t\t<\/div>\n\t\t\t\t<\/div>\n\t\t\t\t<div class=\"elementor-element elementor-element-9da31d6 elementor-widget elementor-widget-image\" data-id=\"9da31d6\" data-element_type=\"widget\" data-e-type=\"widget\" data-widget_type=\"image.default\">\n\t\t\t\t<div class=\"elementor-widget-container\">\n\t\t\t\t\t\t\t\t\t\t\t\t<figure class=\"wp-caption\">\n\t\t\t\t\t\t\t\t\t\t<img loading=\"lazy\" decoding=\"async\" width=\"768\" height=\"512\" src=\"https:\/\/www.elturistatranquil.com\/wp-content\/uploads\/F64-Colegiata-de-Belmonte-Cuenca.jpg\" class=\"attachment-large size-large wp-image-41683\" alt=\"Colegiata de Belmonte, Cuenca\" srcset=\"https:\/\/www.elturistatranquil.com\/wp-content\/uploads\/F64-Colegiata-de-Belmonte-Cuenca.jpg 768w, https:\/\/www.elturistatranquil.com\/wp-content\/uploads\/F64-Colegiata-de-Belmonte-Cuenca-339x226.jpg 339w\" sizes=\"(max-width: 768px) 100vw, 768px\" \/>\t\t\t\t\t\t\t\t\t\t\t<figcaption class=\"widget-image-caption wp-caption-text\"><\/figcaption>\n\t\t\t\t\t\t\t\t\t\t<\/figure>\n\t\t\t\t\t\t\t\t\t<\/div>\n\t\t\t\t<\/div>\n\t\t\t\t<section class=\"elementor-section elementor-inner-section elementor-element elementor-element-8e4f6c8 elementor-section-boxed elementor-section-height-default elementor-section-height-default\" data-id=\"8e4f6c8\" data-element_type=\"section\" data-e-type=\"section\">\n\t\t\t\t\t\t<div class=\"elementor-container elementor-column-gap-default\">\n\t\t\t\t\t<div class=\"elementor-column elementor-col-50 elementor-inner-column elementor-element elementor-element-0ca3bd3\" data-id=\"0ca3bd3\" data-element_type=\"column\" data-e-type=\"column\">\n\t\t\t<div class=\"elementor-widget-wrap elementor-element-populated\">\n\t\t\t\t\t\t<div class=\"elementor-element elementor-element-1e2fa99 elementor-widget elementor-widget-image\" data-id=\"1e2fa99\" data-element_type=\"widget\" data-e-type=\"widget\" data-widget_type=\"image.default\">\n\t\t\t\t<div class=\"elementor-widget-container\">\n\t\t\t\t\t\t\t\t\t\t\t\t\t\t\t<img loading=\"lazy\" decoding=\"async\" width=\"380\" height=\"380\" src=\"https:\/\/www.elturistatranquil.com\/wp-content\/uploads\/F65m-Colegiata-de-Belmonte-Cuenca.jpg\" class=\"attachment-large size-large wp-image-41685\" alt=\"Colegiata de Belmonte, Cuenca\" srcset=\"https:\/\/www.elturistatranquil.com\/wp-content\/uploads\/F65m-Colegiata-de-Belmonte-Cuenca.jpg 380w, https:\/\/www.elturistatranquil.com\/wp-content\/uploads\/F65m-Colegiata-de-Belmonte-Cuenca-226x226.jpg 226w\" sizes=\"(max-width: 380px) 100vw, 380px\" \/>\t\t\t\t\t\t\t\t\t\t\t\t\t\t\t<\/div>\n\t\t\t\t<\/div>\n\t\t\t\t\t<\/div>\n\t\t<\/div>\n\t\t\t\t<div class=\"elementor-column elementor-col-50 elementor-inner-column elementor-element elementor-element-cb361e9\" data-id=\"cb361e9\" data-element_type=\"column\" data-e-type=\"column\">\n\t\t\t<div class=\"elementor-widget-wrap elementor-element-populated\">\n\t\t\t\t\t\t<div class=\"elementor-element elementor-element-2ca0311 elementor-widget elementor-widget-image\" data-id=\"2ca0311\" data-element_type=\"widget\" data-e-type=\"widget\" data-widget_type=\"image.default\">\n\t\t\t\t<div class=\"elementor-widget-container\">\n\t\t\t\t\t\t\t\t\t\t\t\t\t\t\t<img loading=\"lazy\" decoding=\"async\" width=\"380\" height=\"380\" src=\"https:\/\/www.elturistatranquil.com\/wp-content\/uploads\/F65n-Colegiata-de-Belmonte-Cuenca.jpg\" class=\"attachment-large size-large wp-image-41687\" alt=\"Colegiata de Belmonte, Cuenca\" srcset=\"https:\/\/www.elturistatranquil.com\/wp-content\/uploads\/F65n-Colegiata-de-Belmonte-Cuenca.jpg 380w, https:\/\/www.elturistatranquil.com\/wp-content\/uploads\/F65n-Colegiata-de-Belmonte-Cuenca-226x226.jpg 226w\" sizes=\"(max-width: 380px) 100vw, 380px\" \/>\t\t\t\t\t\t\t\t\t\t\t\t\t\t\t<\/div>\n\t\t\t\t<\/div>\n\t\t\t\t\t<\/div>\n\t\t<\/div>\n\t\t\t\t\t<\/div>\n\t\t<\/section>\n\t\t\t\t<section class=\"elementor-section elementor-inner-section elementor-element elementor-element-4ca0f16 elementor-section-boxed elementor-section-height-default elementor-section-height-default\" data-id=\"4ca0f16\" data-element_type=\"section\" data-e-type=\"section\">\n\t\t\t\t\t\t<div class=\"elementor-container elementor-column-gap-default\">\n\t\t\t\t\t<div class=\"elementor-column elementor-col-50 elementor-inner-column elementor-element elementor-element-541b0d9\" data-id=\"541b0d9\" data-element_type=\"column\" data-e-type=\"column\">\n\t\t\t<div class=\"elementor-widget-wrap elementor-element-populated\">\n\t\t\t\t\t\t<div class=\"elementor-element elementor-element-fcb8b3c elementor-widget elementor-widget-image\" data-id=\"fcb8b3c\" data-element_type=\"widget\" data-e-type=\"widget\" data-widget_type=\"image.default\">\n\t\t\t\t<div class=\"elementor-widget-container\">\n\t\t\t\t\t\t\t\t\t\t\t\t\t\t\t<img loading=\"lazy\" decoding=\"async\" width=\"380\" height=\"380\" src=\"https:\/\/www.elturistatranquil.com\/wp-content\/uploads\/F65o-Colegiata-de-Belmonte-Cuenca.jpg\" class=\"attachment-large size-large wp-image-41689\" alt=\"Colegiata de Belmonte, Cuenca\" srcset=\"https:\/\/www.elturistatranquil.com\/wp-content\/uploads\/F65o-Colegiata-de-Belmonte-Cuenca.jpg 380w, https:\/\/www.elturistatranquil.com\/wp-content\/uploads\/F65o-Colegiata-de-Belmonte-Cuenca-226x226.jpg 226w\" sizes=\"(max-width: 380px) 100vw, 380px\" \/>\t\t\t\t\t\t\t\t\t\t\t\t\t\t\t<\/div>\n\t\t\t\t<\/div>\n\t\t\t\t\t<\/div>\n\t\t<\/div>\n\t\t\t\t<div class=\"elementor-column elementor-col-50 elementor-inner-column elementor-element elementor-element-74de2bb\" data-id=\"74de2bb\" data-element_type=\"column\" data-e-type=\"column\">\n\t\t\t<div class=\"elementor-widget-wrap elementor-element-populated\">\n\t\t\t\t\t\t<div class=\"elementor-element elementor-element-b17fcc7 elementor-widget elementor-widget-image\" data-id=\"b17fcc7\" data-element_type=\"widget\" data-e-type=\"widget\" data-widget_type=\"image.default\">\n\t\t\t\t<div class=\"elementor-widget-container\">\n\t\t\t\t\t\t\t\t\t\t\t\t\t\t\t<img loading=\"lazy\" decoding=\"async\" width=\"380\" height=\"380\" src=\"https:\/\/www.elturistatranquil.com\/wp-content\/uploads\/F65p-Colegiata-de-Belmonte-Cuenca.jpg\" class=\"attachment-large size-large wp-image-41691\" alt=\"Colegiata de Belmonte, Cuenca\" srcset=\"https:\/\/www.elturistatranquil.com\/wp-content\/uploads\/F65p-Colegiata-de-Belmonte-Cuenca.jpg 380w, https:\/\/www.elturistatranquil.com\/wp-content\/uploads\/F65p-Colegiata-de-Belmonte-Cuenca-226x226.jpg 226w\" sizes=\"(max-width: 380px) 100vw, 380px\" \/>\t\t\t\t\t\t\t\t\t\t\t\t\t\t\t<\/div>\n\t\t\t\t<\/div>\n\t\t\t\t\t<\/div>\n\t\t<\/div>\n\t\t\t\t\t<\/div>\n\t\t<\/section>\n\t\t\t\t<div class=\"elementor-element elementor-element-6a2379a elementor-widget elementor-widget-text-editor\" data-id=\"6a2379a\" data-element_type=\"widget\" data-e-type=\"widget\" data-widget_type=\"text-editor.default\">\n\t\t\t\t<div class=\"elementor-widget-container\">\n\t\t\t\t\t\t\t\t\t<p>\u00a0<\/p><p>Absis poligonal, amb contraforts fins a la part superior, amb esveltes finestres ogivals.<\/p>\t\t\t\t\t\t\t\t<\/div>\n\t\t\t\t<\/div>\n\t\t\t\t<div class=\"elementor-element elementor-element-1b763e5 elementor-widget elementor-widget-image\" data-id=\"1b763e5\" data-element_type=\"widget\" data-e-type=\"widget\" data-widget_type=\"image.default\">\n\t\t\t\t<div class=\"elementor-widget-container\">\n\t\t\t\t\t\t\t\t\t\t\t\t<figure class=\"wp-caption\">\n\t\t\t\t\t\t\t\t\t\t<img loading=\"lazy\" decoding=\"async\" width=\"768\" height=\"512\" src=\"https:\/\/www.elturistatranquil.com\/wp-content\/uploads\/F66-Colegiata-de-Belmonte-Cuenca.jpg\" class=\"attachment-large size-large wp-image-41693\" alt=\"Colegiata de Belmonte, Cuenca\" srcset=\"https:\/\/www.elturistatranquil.com\/wp-content\/uploads\/F66-Colegiata-de-Belmonte-Cuenca.jpg 768w, https:\/\/www.elturistatranquil.com\/wp-content\/uploads\/F66-Colegiata-de-Belmonte-Cuenca-339x226.jpg 339w\" sizes=\"(max-width: 768px) 100vw, 768px\" \/>\t\t\t\t\t\t\t\t\t\t\t<figcaption class=\"widget-image-caption wp-caption-text\"><\/figcaption>\n\t\t\t\t\t\t\t\t\t\t<\/figure>\n\t\t\t\t\t\t\t\t\t<\/div>\n\t\t\t\t<\/div>\n\t\t\t\t<div class=\"elementor-element elementor-element-e086a1a elementor-widget elementor-widget-text-editor\" data-id=\"e086a1a\" data-element_type=\"widget\" data-e-type=\"widget\" data-widget_type=\"text-editor.default\">\n\t\t\t\t<div class=\"elementor-widget-container\">\n\t\t\t\t\t\t\t\t\t<p>Com s&#8217;ha dit, la planta \u00e9s basilical o de sal\u00f3, lleugerament trapezoidal, amb el costat m\u00e9s estret al presbiteri. M\u00e9s ampla la nau central<\/p><p>La volta de creueria g\u00f2tica es recolza en gruixudes columnes circulars amb motllures.<\/p>\t\t\t\t\t\t\t\t<\/div>\n\t\t\t\t<\/div>\n\t\t\t\t<div class=\"elementor-element elementor-element-c6afd0c elementor-widget elementor-widget-image\" data-id=\"c6afd0c\" data-element_type=\"widget\" data-e-type=\"widget\" data-widget_type=\"image.default\">\n\t\t\t\t<div class=\"elementor-widget-container\">\n\t\t\t\t\t\t\t\t\t\t\t\t<figure class=\"wp-caption\">\n\t\t\t\t\t\t\t\t\t\t<img loading=\"lazy\" decoding=\"async\" width=\"768\" height=\"512\" src=\"https:\/\/www.elturistatranquil.com\/wp-content\/uploads\/F67-Colegiata-de-Belmonte-Cuenca.jpg\" class=\"attachment-large size-large wp-image-41695\" alt=\"Colegiata de Belmonte, Cuenca\" srcset=\"https:\/\/www.elturistatranquil.com\/wp-content\/uploads\/F67-Colegiata-de-Belmonte-Cuenca.jpg 768w, https:\/\/www.elturistatranquil.com\/wp-content\/uploads\/F67-Colegiata-de-Belmonte-Cuenca-339x226.jpg 339w\" sizes=\"(max-width: 768px) 100vw, 768px\" \/>\t\t\t\t\t\t\t\t\t\t\t<figcaption class=\"widget-image-caption wp-caption-text\"><\/figcaption>\n\t\t\t\t\t\t\t\t\t\t<\/figure>\n\t\t\t\t\t\t\t\t\t<\/div>\n\t\t\t\t<\/div>\n\t\t\t\t<div class=\"elementor-element elementor-element-06d31f2 elementor-widget elementor-widget-text-editor\" data-id=\"06d31f2\" data-element_type=\"widget\" data-e-type=\"widget\" data-widget_type=\"text-editor.default\">\n\t\t\t\t<div class=\"elementor-widget-container\">\n\t\t\t\t\t\t\t\t\t<p>El tercer tram central est\u00e0 ocupat pel cor.<\/p>\t\t\t\t\t\t\t\t<\/div>\n\t\t\t\t<\/div>\n\t\t\t\t<div class=\"elementor-element elementor-element-0f5be75 elementor-widget elementor-widget-image\" data-id=\"0f5be75\" data-element_type=\"widget\" data-e-type=\"widget\" data-widget_type=\"image.default\">\n\t\t\t\t<div class=\"elementor-widget-container\">\n\t\t\t\t\t\t\t\t\t\t\t\t<figure class=\"wp-caption\">\n\t\t\t\t\t\t\t\t\t\t<img loading=\"lazy\" decoding=\"async\" width=\"768\" height=\"512\" src=\"https:\/\/www.elturistatranquil.com\/wp-content\/uploads\/F68-Colegiata-de-Belmonte-Cuenca.jpg\" class=\"attachment-large size-large wp-image-41697\" alt=\"Colegiata de Belmonte, Cuenca\" srcset=\"https:\/\/www.elturistatranquil.com\/wp-content\/uploads\/F68-Colegiata-de-Belmonte-Cuenca.jpg 768w, https:\/\/www.elturistatranquil.com\/wp-content\/uploads\/F68-Colegiata-de-Belmonte-Cuenca-339x226.jpg 339w\" sizes=\"(max-width: 768px) 100vw, 768px\" \/>\t\t\t\t\t\t\t\t\t\t\t<figcaption class=\"widget-image-caption wp-caption-text\"><\/figcaption>\n\t\t\t\t\t\t\t\t\t\t<\/figure>\n\t\t\t\t\t\t\t\t\t<\/div>\n\t\t\t\t<\/div>\n\t\t\t\t<div class=\"elementor-element elementor-element-10243ba elementor-widget elementor-widget-text-editor\" data-id=\"10243ba\" data-element_type=\"widget\" data-e-type=\"widget\" data-widget_type=\"text-editor.default\">\n\t\t\t\t<div class=\"elementor-widget-container\">\n\t\t\t\t\t\t\t\t\t<p>Les columnes amb motllures ascendents.<\/p>\t\t\t\t\t\t\t\t<\/div>\n\t\t\t\t<\/div>\n\t\t\t\t<section class=\"elementor-section elementor-inner-section elementor-element elementor-element-a06662c elementor-section-boxed elementor-section-height-default elementor-section-height-default\" data-id=\"a06662c\" data-element_type=\"section\" data-e-type=\"section\">\n\t\t\t\t\t\t<div class=\"elementor-container elementor-column-gap-default\">\n\t\t\t\t\t<div class=\"elementor-column elementor-col-50 elementor-inner-column elementor-element elementor-element-fa71c9e\" data-id=\"fa71c9e\" data-element_type=\"column\" data-e-type=\"column\">\n\t\t\t<div class=\"elementor-widget-wrap elementor-element-populated\">\n\t\t\t\t\t\t<div class=\"elementor-element elementor-element-b61938c elementor-widget elementor-widget-image\" data-id=\"b61938c\" data-element_type=\"widget\" data-e-type=\"widget\" data-widget_type=\"image.default\">\n\t\t\t\t<div class=\"elementor-widget-container\">\n\t\t\t\t\t\t\t\t\t\t\t\t\t\t\t<img loading=\"lazy\" decoding=\"async\" width=\"380\" height=\"380\" src=\"https:\/\/www.elturistatranquil.com\/wp-content\/uploads\/F69m-Colegiata-de-Belmonte-Cuenca.jpg\" class=\"attachment-large size-large wp-image-41699\" alt=\"Colegiata de Belmonte, Cuenca\" srcset=\"https:\/\/www.elturistatranquil.com\/wp-content\/uploads\/F69m-Colegiata-de-Belmonte-Cuenca.jpg 380w, https:\/\/www.elturistatranquil.com\/wp-content\/uploads\/F69m-Colegiata-de-Belmonte-Cuenca-226x226.jpg 226w\" sizes=\"(max-width: 380px) 100vw, 380px\" \/>\t\t\t\t\t\t\t\t\t\t\t\t\t\t\t<\/div>\n\t\t\t\t<\/div>\n\t\t\t\t\t<\/div>\n\t\t<\/div>\n\t\t\t\t<div class=\"elementor-column elementor-col-50 elementor-inner-column elementor-element elementor-element-b22cf9d\" data-id=\"b22cf9d\" data-element_type=\"column\" data-e-type=\"column\">\n\t\t\t<div class=\"elementor-widget-wrap elementor-element-populated\">\n\t\t\t\t\t\t<div class=\"elementor-element elementor-element-334b3d0 elementor-widget elementor-widget-image\" data-id=\"334b3d0\" data-element_type=\"widget\" data-e-type=\"widget\" data-widget_type=\"image.default\">\n\t\t\t\t<div class=\"elementor-widget-container\">\n\t\t\t\t\t\t\t\t\t\t\t\t\t\t\t<img loading=\"lazy\" decoding=\"async\" width=\"380\" height=\"379\" src=\"https:\/\/www.elturistatranquil.com\/wp-content\/uploads\/F69n-Colegiata-de-Belmonte-Cuenca.jpg\" class=\"attachment-large size-large wp-image-41701\" alt=\"Colegiata de Belmonte, Cuenca\" srcset=\"https:\/\/www.elturistatranquil.com\/wp-content\/uploads\/F69n-Colegiata-de-Belmonte-Cuenca.jpg 380w, https:\/\/www.elturistatranquil.com\/wp-content\/uploads\/F69n-Colegiata-de-Belmonte-Cuenca-227x226.jpg 227w\" sizes=\"(max-width: 380px) 100vw, 380px\" \/>\t\t\t\t\t\t\t\t\t\t\t\t\t\t\t<\/div>\n\t\t\t\t<\/div>\n\t\t\t\t\t<\/div>\n\t\t<\/div>\n\t\t\t\t\t<\/div>\n\t\t<\/section>\n\t\t\t\t<div class=\"elementor-element elementor-element-63e5e2f elementor-widget elementor-widget-text-editor\" data-id=\"63e5e2f\" data-element_type=\"widget\" data-e-type=\"widget\" data-widget_type=\"text-editor.default\">\n\t\t\t\t<div class=\"elementor-widget-container\">\n\t\t\t\t\t\t\t\t\t<p>\u00a0<\/p><p>Per la seva banda, els laterals estan coberts per voltes d&#8217;aresta.<\/p>\t\t\t\t\t\t\t\t<\/div>\n\t\t\t\t<\/div>\n\t\t\t\t<div class=\"elementor-element elementor-element-42d3cc1 elementor-widget elementor-widget-image\" data-id=\"42d3cc1\" data-element_type=\"widget\" data-e-type=\"widget\" data-widget_type=\"image.default\">\n\t\t\t\t<div class=\"elementor-widget-container\">\n\t\t\t\t\t\t\t\t\t\t\t\t<figure class=\"wp-caption\">\n\t\t\t\t\t\t\t\t\t\t<img loading=\"lazy\" decoding=\"async\" width=\"768\" height=\"512\" src=\"https:\/\/www.elturistatranquil.com\/wp-content\/uploads\/F70-Colegiata-de-Belmonte-Cuenca.jpg\" class=\"attachment-large size-large wp-image-41703\" alt=\"Colegiata de Belmonte, Cuenca\" srcset=\"https:\/\/www.elturistatranquil.com\/wp-content\/uploads\/F70-Colegiata-de-Belmonte-Cuenca.jpg 768w, https:\/\/www.elturistatranquil.com\/wp-content\/uploads\/F70-Colegiata-de-Belmonte-Cuenca-339x226.jpg 339w\" sizes=\"(max-width: 768px) 100vw, 768px\" \/>\t\t\t\t\t\t\t\t\t\t\t<figcaption class=\"widget-image-caption wp-caption-text\"><\/figcaption>\n\t\t\t\t\t\t\t\t\t\t<\/figure>\n\t\t\t\t\t\t\t\t\t<\/div>\n\t\t\t\t<\/div>\n\t\t\t\t<div class=\"elementor-element elementor-element-0395f1f elementor-widget elementor-widget-text-editor\" data-id=\"0395f1f\" data-element_type=\"widget\" data-e-type=\"widget\" data-widget_type=\"text-editor.default\">\n\t\t\t\t<div class=\"elementor-widget-container\">\n\t\t\t\t\t\t\t\t\t<p>Fins al segle XVII es van arribar a incorporar fins a deu capelles pels dos laterals del temple, amb importants obres de reixeria tancant cadascuna.<\/p>\t\t\t\t\t\t\t\t<\/div>\n\t\t\t\t<\/div>\n\t\t\t\t<div class=\"elementor-element elementor-element-9898a63 elementor-widget elementor-widget-image\" data-id=\"9898a63\" data-element_type=\"widget\" data-e-type=\"widget\" data-widget_type=\"image.default\">\n\t\t\t\t<div class=\"elementor-widget-container\">\n\t\t\t\t\t\t\t\t\t\t\t\t<figure class=\"wp-caption\">\n\t\t\t\t\t\t\t\t\t\t<img loading=\"lazy\" decoding=\"async\" width=\"768\" height=\"512\" src=\"https:\/\/www.elturistatranquil.com\/wp-content\/uploads\/F71-Colegiata-de-Belmonte-Cuenca.jpg\" class=\"attachment-large size-large wp-image-41705\" alt=\"Colegiata de Belmonte, Cuenca\" srcset=\"https:\/\/www.elturistatranquil.com\/wp-content\/uploads\/F71-Colegiata-de-Belmonte-Cuenca.jpg 768w, https:\/\/www.elturistatranquil.com\/wp-content\/uploads\/F71-Colegiata-de-Belmonte-Cuenca-339x226.jpg 339w\" sizes=\"(max-width: 768px) 100vw, 768px\" \/>\t\t\t\t\t\t\t\t\t\t\t<figcaption class=\"widget-image-caption wp-caption-text\"><\/figcaption>\n\t\t\t\t\t\t\t\t\t\t<\/figure>\n\t\t\t\t\t\t\t\t\t<\/div>\n\t\t\t\t<\/div>\n\t\t\t\t<div class=\"elementor-element elementor-element-6362789 elementor-widget elementor-widget-text-editor\" data-id=\"6362789\" data-element_type=\"widget\" data-e-type=\"widget\" data-widget_type=\"text-editor.default\">\n\t\t\t\t<div class=\"elementor-widget-container\">\n\t\t\t\t\t\t\t\t\t<p>En el rerecor tamb\u00e9 hi ha inserits tres altars dedicats a les <strong>\u00c0nimes<\/strong>, a la <strong>Immaculada<\/strong> i a <strong>Sant Blai<\/strong>.<\/p>\t\t\t\t\t\t\t\t<\/div>\n\t\t\t\t<\/div>\n\t\t\t\t<div class=\"elementor-element elementor-element-53fec6f elementor-widget elementor-widget-image\" data-id=\"53fec6f\" data-element_type=\"widget\" data-e-type=\"widget\" data-widget_type=\"image.default\">\n\t\t\t\t<div class=\"elementor-widget-container\">\n\t\t\t\t\t\t\t\t\t\t\t\t<figure class=\"wp-caption\">\n\t\t\t\t\t\t\t\t\t\t<img loading=\"lazy\" decoding=\"async\" width=\"768\" height=\"512\" src=\"https:\/\/www.elturistatranquil.com\/wp-content\/uploads\/F72-Colegiata-de-Belmonte-Cuenca.jpg\" class=\"attachment-large size-large wp-image-41707\" alt=\"Colegiata de Belmonte, Cuenca\" srcset=\"https:\/\/www.elturistatranquil.com\/wp-content\/uploads\/F72-Colegiata-de-Belmonte-Cuenca.jpg 768w, https:\/\/www.elturistatranquil.com\/wp-content\/uploads\/F72-Colegiata-de-Belmonte-Cuenca-339x226.jpg 339w\" sizes=\"(max-width: 768px) 100vw, 768px\" \/>\t\t\t\t\t\t\t\t\t\t\t<figcaption class=\"widget-image-caption wp-caption-text\"><\/figcaption>\n\t\t\t\t\t\t\t\t\t\t<\/figure>\n\t\t\t\t\t\t\t\t\t<\/div>\n\t\t\t\t<\/div>\n\t\t\t\t<div class=\"elementor-element elementor-element-e5e1ccb elementor-widget elementor-widget-text-editor\" data-id=\"e5e1ccb\" data-element_type=\"widget\" data-e-type=\"widget\" data-widget_type=\"text-editor.default\">\n\t\t\t\t<div class=\"elementor-widget-container\">\n\t\t\t\t\t\t\t\t\t<p>La <strong>capella major<\/strong> ocupa l&#8217;absis i el presbiteri del temple, de planta poligonal de nou costats, inscrita a les tres quartes parts d&#8217;un cercle.<\/p><p>Al centre el retaule de Sant Bartomeu, patr\u00f3 de Belmonte, del 1667, obra d&#8217;Hernando Espinosa acabada per Gregorio Quintana.<\/p><p>Als dos laterals s&#8217;observen quatre forn\u00edcules funer\u00e0ries destinades als pares i avis del marqu\u00e8s de Villena en posici\u00f3 orant.<\/p>\t\t\t\t\t\t\t\t<\/div>\n\t\t\t\t<\/div>\n\t\t\t\t<div class=\"elementor-element elementor-element-380400f elementor-widget elementor-widget-image\" data-id=\"380400f\" data-element_type=\"widget\" data-e-type=\"widget\" data-widget_type=\"image.default\">\n\t\t\t\t<div class=\"elementor-widget-container\">\n\t\t\t\t\t\t\t\t\t\t\t\t<figure class=\"wp-caption\">\n\t\t\t\t\t\t\t\t\t\t<img loading=\"lazy\" decoding=\"async\" width=\"768\" height=\"512\" src=\"https:\/\/www.elturistatranquil.com\/wp-content\/uploads\/F73-Colegiata-de-Belmonte-Cuenca.jpg\" class=\"attachment-large size-large wp-image-41709\" alt=\"Colegiata de Belmonte, Cuenca\" srcset=\"https:\/\/www.elturistatranquil.com\/wp-content\/uploads\/F73-Colegiata-de-Belmonte-Cuenca.jpg 768w, https:\/\/www.elturistatranquil.com\/wp-content\/uploads\/F73-Colegiata-de-Belmonte-Cuenca-339x226.jpg 339w\" sizes=\"(max-width: 768px) 100vw, 768px\" \/>\t\t\t\t\t\t\t\t\t\t\t<figcaption class=\"widget-image-caption wp-caption-text\"><\/figcaption>\n\t\t\t\t\t\t\t\t\t\t<\/figure>\n\t\t\t\t\t\t\t\t\t<\/div>\n\t\t\t\t<\/div>\n\t\t\t\t<div class=\"elementor-element elementor-element-9d6afe4 elementor-widget elementor-widget-text-editor\" data-id=\"9d6afe4\" data-element_type=\"widget\" data-e-type=\"widget\" data-widget_type=\"text-editor.default\">\n\t\t\t\t<div class=\"elementor-widget-container\">\n\t\t\t\t\t\t\t\t\t<p>L&#8217;absis ogival, amb els escuts del marqu\u00e8s de Villena als nervis, i al centre un pantocr\u00e0tor.<\/p>\t\t\t\t\t\t\t\t<\/div>\n\t\t\t\t<\/div>\n\t\t\t\t<div class=\"elementor-element elementor-element-b693c70 elementor-widget elementor-widget-image\" data-id=\"b693c70\" data-element_type=\"widget\" data-e-type=\"widget\" data-widget_type=\"image.default\">\n\t\t\t\t<div class=\"elementor-widget-container\">\n\t\t\t\t\t\t\t\t\t\t\t\t<figure class=\"wp-caption\">\n\t\t\t\t\t\t\t\t\t\t<img loading=\"lazy\" decoding=\"async\" width=\"768\" height=\"512\" src=\"https:\/\/www.elturistatranquil.com\/wp-content\/uploads\/F74-Colegiata-de-Belmonte-Cuenca.jpg\" class=\"attachment-large size-large wp-image-41711\" alt=\"Colegiata de Belmonte, Cuenca\" srcset=\"https:\/\/www.elturistatranquil.com\/wp-content\/uploads\/F74-Colegiata-de-Belmonte-Cuenca.jpg 768w, https:\/\/www.elturistatranquil.com\/wp-content\/uploads\/F74-Colegiata-de-Belmonte-Cuenca-339x226.jpg 339w\" sizes=\"(max-width: 768px) 100vw, 768px\" \/>\t\t\t\t\t\t\t\t\t\t\t<figcaption class=\"widget-image-caption wp-caption-text\"><\/figcaption>\n\t\t\t\t\t\t\t\t\t\t<\/figure>\n\t\t\t\t\t\t\t\t\t<\/div>\n\t\t\t\t<\/div>\n\t\t\t\t<div class=\"elementor-element elementor-element-24629df elementor-widget elementor-widget-text-editor\" data-id=\"24629df\" data-element_type=\"widget\" data-e-type=\"widget\" data-widget_type=\"text-editor.default\">\n\t\t\t\t<div class=\"elementor-widget-container\">\n\t\t\t\t\t\t\t\t\t<p>La primera capella a l&#8217;esquerra sobre el frontal de l&#8217;esgl\u00e9sia \u00e9s la <strong>capella del Baptisme<\/strong>. En aquesta pila baptismal van ser batejats personatges com Fra Luis de Le\u00f3n, la fam\u00edlia Pacheco o Sant Joan del Castell, del qual penja reprodu\u00efda la seva partida baptismal al fons.<\/p>\t\t\t\t\t\t\t\t<\/div>\n\t\t\t\t<\/div>\n\t\t\t\t<div class=\"elementor-element elementor-element-fc9d052 elementor-widget elementor-widget-image\" data-id=\"fc9d052\" data-element_type=\"widget\" data-e-type=\"widget\" data-widget_type=\"image.default\">\n\t\t\t\t<div class=\"elementor-widget-container\">\n\t\t\t\t\t\t\t\t\t\t\t\t<figure class=\"wp-caption\">\n\t\t\t\t\t\t\t\t\t\t<img loading=\"lazy\" decoding=\"async\" width=\"768\" height=\"512\" src=\"https:\/\/www.elturistatranquil.com\/wp-content\/uploads\/F75-Colegiata-de-Belmonte-Cuenca.jpg\" class=\"attachment-large size-large wp-image-41713\" alt=\"Colegiata de Belmonte, Cuenca\" srcset=\"https:\/\/www.elturistatranquil.com\/wp-content\/uploads\/F75-Colegiata-de-Belmonte-Cuenca.jpg 768w, https:\/\/www.elturistatranquil.com\/wp-content\/uploads\/F75-Colegiata-de-Belmonte-Cuenca-339x226.jpg 339w\" sizes=\"(max-width: 768px) 100vw, 768px\" \/>\t\t\t\t\t\t\t\t\t\t\t<figcaption class=\"widget-image-caption wp-caption-text\"><\/figcaption>\n\t\t\t\t\t\t\t\t\t\t<\/figure>\n\t\t\t\t\t\t\t\t\t<\/div>\n\t\t\t\t<\/div>\n\t\t\t\t<div class=\"elementor-element elementor-element-9befa61 elementor-widget elementor-widget-text-editor\" data-id=\"9befa61\" data-element_type=\"widget\" data-e-type=\"widget\" data-widget_type=\"text-editor.default\">\n\t\t\t\t<div class=\"elementor-widget-container\">\n\t\t\t\t\t\t\t\t\t<p>En la construcci\u00f3 de les capelles van intervenir arquitectes de prestigi de cada moment (Francisco de Alviz, Juan de Homa, Esteban Jamete o Andr\u00e9s de Vandelvira), deixant obres d&#8217;estils g\u00f2tic, renaixentista o plateresc, amb retaules, g\u00f2tics, platerescs, barrocs, neocl\u00e0ssics diversos.<\/p>\t\t\t\t\t\t\t\t<\/div>\n\t\t\t\t<\/div>\n\t\t\t\t<div class=\"elementor-element elementor-element-b3ea61e elementor-widget elementor-widget-image\" data-id=\"b3ea61e\" data-element_type=\"widget\" data-e-type=\"widget\" data-widget_type=\"image.default\">\n\t\t\t\t<div class=\"elementor-widget-container\">\n\t\t\t\t\t\t\t\t\t\t\t\t<figure class=\"wp-caption\">\n\t\t\t\t\t\t\t\t\t\t<img loading=\"lazy\" decoding=\"async\" width=\"768\" height=\"512\" src=\"https:\/\/www.elturistatranquil.com\/wp-content\/uploads\/F77-Colegiata-de-Belmonte-Cuenca.jpg\" class=\"attachment-large size-large wp-image-41715\" alt=\"Colegiata de Belmonte, Cuenca\" srcset=\"https:\/\/www.elturistatranquil.com\/wp-content\/uploads\/F77-Colegiata-de-Belmonte-Cuenca.jpg 768w, https:\/\/www.elturistatranquil.com\/wp-content\/uploads\/F77-Colegiata-de-Belmonte-Cuenca-339x226.jpg 339w\" sizes=\"(max-width: 768px) 100vw, 768px\" \/>\t\t\t\t\t\t\t\t\t\t\t<figcaption class=\"widget-image-caption wp-caption-text\"><\/figcaption>\n\t\t\t\t\t\t\t\t\t\t<\/figure>\n\t\t\t\t\t\t\t\t\t<\/div>\n\t\t\t\t<\/div>\n\t\t\t\t<div class=\"elementor-element elementor-element-5fb9fd9 elementor-widget elementor-widget-text-editor\" data-id=\"5fb9fd9\" data-element_type=\"widget\" data-e-type=\"widget\" data-widget_type=\"text-editor.default\">\n\t\t\t\t<div class=\"elementor-widget-container\">\n\t\t\t\t\t\t\t\t\t<p>La <strong>capella de Sant Miquel Arc\u00e0ngel<\/strong> del segle XVI cont\u00e9 un llen\u00e7 del pintor genov\u00e8s Bartolom\u00e9 Matarana del segle XVI. En aquest cas, m\u00e9s que una capella \u00e9s un altar sobre el mur.<\/p>\t\t\t\t\t\t\t\t<\/div>\n\t\t\t\t<\/div>\n\t\t\t\t<div class=\"elementor-element elementor-element-62df9dc elementor-widget elementor-widget-image\" data-id=\"62df9dc\" data-element_type=\"widget\" data-e-type=\"widget\" data-widget_type=\"image.default\">\n\t\t\t\t<div class=\"elementor-widget-container\">\n\t\t\t\t\t\t\t\t\t\t\t\t<figure class=\"wp-caption\">\n\t\t\t\t\t\t\t\t\t\t<img loading=\"lazy\" decoding=\"async\" width=\"768\" height=\"512\" src=\"https:\/\/www.elturistatranquil.com\/wp-content\/uploads\/F78-Colegiata-de-Belmonte-Cuenca.jpg\" class=\"attachment-large size-large wp-image-41717\" alt=\"Colegiata de Belmonte, Cuenca\" srcset=\"https:\/\/www.elturistatranquil.com\/wp-content\/uploads\/F78-Colegiata-de-Belmonte-Cuenca.jpg 768w, https:\/\/www.elturistatranquil.com\/wp-content\/uploads\/F78-Colegiata-de-Belmonte-Cuenca-339x226.jpg 339w\" sizes=\"(max-width: 768px) 100vw, 768px\" \/>\t\t\t\t\t\t\t\t\t\t\t<figcaption class=\"widget-image-caption wp-caption-text\"><\/figcaption>\n\t\t\t\t\t\t\t\t\t\t<\/figure>\n\t\t\t\t\t\t\t\t\t<\/div>\n\t\t\t\t<\/div>\n\t\t\t\t<div class=\"elementor-element elementor-element-c8356dd elementor-widget elementor-widget-text-editor\" data-id=\"c8356dd\" data-element_type=\"widget\" data-e-type=\"widget\" data-widget_type=\"text-editor.default\">\n\t\t\t\t<div class=\"elementor-widget-container\">\n\t\t\t\t\t\t\t\t\t<p>A banda i banda de l&#8217;altar major s&#8217;obren petites capelles asim\u00e8triques.<\/p><p>A la banda de l&#8217;evangeli la <strong>capella de la Sant\u00edssima Trinitat<\/strong>.<\/p>\t\t\t\t\t\t\t\t<\/div>\n\t\t\t\t<\/div>\n\t\t\t\t<div class=\"elementor-element elementor-element-054086b elementor-widget elementor-widget-image\" data-id=\"054086b\" data-element_type=\"widget\" data-e-type=\"widget\" data-widget_type=\"image.default\">\n\t\t\t\t<div class=\"elementor-widget-container\">\n\t\t\t\t\t\t\t\t\t\t\t\t<figure class=\"wp-caption\">\n\t\t\t\t\t\t\t\t\t\t<img loading=\"lazy\" decoding=\"async\" width=\"768\" height=\"512\" src=\"https:\/\/www.elturistatranquil.com\/wp-content\/uploads\/F79-Colegiata-de-Belmonte-Cuenca.jpg\" class=\"attachment-large size-large wp-image-41719\" alt=\"Colegiata de Belmonte, Cuenca\" srcset=\"https:\/\/www.elturistatranquil.com\/wp-content\/uploads\/F79-Colegiata-de-Belmonte-Cuenca.jpg 768w, https:\/\/www.elturistatranquil.com\/wp-content\/uploads\/F79-Colegiata-de-Belmonte-Cuenca-339x226.jpg 339w\" sizes=\"(max-width: 768px) 100vw, 768px\" \/>\t\t\t\t\t\t\t\t\t\t\t<figcaption class=\"widget-image-caption wp-caption-text\"><\/figcaption>\n\t\t\t\t\t\t\t\t\t\t<\/figure>\n\t\t\t\t\t\t\t\t\t<\/div>\n\t\t\t\t<\/div>\n\t\t\t\t<div class=\"elementor-element elementor-element-81c93f3 elementor-widget elementor-widget-text-editor\" data-id=\"81c93f3\" data-element_type=\"widget\" data-e-type=\"widget\" data-widget_type=\"text-editor.default\">\n\t\t\t\t<div class=\"elementor-widget-container\">\n\t\t\t\t\t\t\t\t\t<p>Al costat de l&#8217;ep\u00edstola la <strong>capella del Sant Crist dels Perills<\/strong> i l&#8217;<strong>altar de la Mare de D\u00e9u de l&#8217;Antiga<\/strong>.<\/p>\t\t\t\t\t\t\t\t<\/div>\n\t\t\t\t<\/div>\n\t\t\t\t<div class=\"elementor-element elementor-element-5272428 elementor-widget elementor-widget-image\" data-id=\"5272428\" data-element_type=\"widget\" data-e-type=\"widget\" data-widget_type=\"image.default\">\n\t\t\t\t<div class=\"elementor-widget-container\">\n\t\t\t\t\t\t\t\t\t\t\t\t<figure class=\"wp-caption\">\n\t\t\t\t\t\t\t\t\t\t<img loading=\"lazy\" decoding=\"async\" width=\"768\" height=\"512\" src=\"https:\/\/www.elturistatranquil.com\/wp-content\/uploads\/F80-Colegiata-de-Belmonte-Cuenca.jpg\" class=\"attachment-large size-large wp-image-41721\" alt=\"Colegiata de Belmonte, Cuenca\" srcset=\"https:\/\/www.elturistatranquil.com\/wp-content\/uploads\/F80-Colegiata-de-Belmonte-Cuenca.jpg 768w, https:\/\/www.elturistatranquil.com\/wp-content\/uploads\/F80-Colegiata-de-Belmonte-Cuenca-339x226.jpg 339w\" sizes=\"(max-width: 768px) 100vw, 768px\" \/>\t\t\t\t\t\t\t\t\t\t\t<figcaption class=\"widget-image-caption wp-caption-text\"><\/figcaption>\n\t\t\t\t\t\t\t\t\t\t<\/figure>\n\t\t\t\t\t\t\t\t\t<\/div>\n\t\t\t\t<\/div>\n\t\t\t\t<div class=\"elementor-element elementor-element-b2528cf elementor-widget elementor-widget-text-editor\" data-id=\"b2528cf\" data-element_type=\"widget\" data-e-type=\"widget\" data-widget_type=\"text-editor.default\">\n\t\t\t\t<div class=\"elementor-widget-container\">\n\t\t\t\t\t\t\t\t\t<p>El llen\u00e7 de la nostra Senyora de l&#8217;Antiga s&#8217;atribueix al pintor florent\u00ed del segle XIV Dello dei Niccolo Delli. Est\u00e0 en discussi\u00f3 si \u00e9s original o una c\u00f2pia.<\/p>\t\t\t\t\t\t\t\t<\/div>\n\t\t\t\t<\/div>\n\t\t\t\t<div class=\"elementor-element elementor-element-def9a6d elementor-widget elementor-widget-image\" data-id=\"def9a6d\" data-element_type=\"widget\" data-e-type=\"widget\" data-widget_type=\"image.default\">\n\t\t\t\t<div class=\"elementor-widget-container\">\n\t\t\t\t\t\t\t\t\t\t\t\t<figure class=\"wp-caption\">\n\t\t\t\t\t\t\t\t\t\t<img loading=\"lazy\" decoding=\"async\" width=\"768\" height=\"512\" src=\"https:\/\/www.elturistatranquil.com\/wp-content\/uploads\/F81-Colegiata-de-Belmonte-Cuenca.jpg\" class=\"attachment-large size-large wp-image-41723\" alt=\"Colegiata de Belmonte, Cuenca\" srcset=\"https:\/\/www.elturistatranquil.com\/wp-content\/uploads\/F81-Colegiata-de-Belmonte-Cuenca.jpg 768w, https:\/\/www.elturistatranquil.com\/wp-content\/uploads\/F81-Colegiata-de-Belmonte-Cuenca-339x226.jpg 339w\" sizes=\"(max-width: 768px) 100vw, 768px\" \/>\t\t\t\t\t\t\t\t\t\t\t<figcaption class=\"widget-image-caption wp-caption-text\"><\/figcaption>\n\t\t\t\t\t\t\t\t\t\t<\/figure>\n\t\t\t\t\t\t\t\t\t<\/div>\n\t\t\t\t<\/div>\n\t\t\t\t<div class=\"elementor-element elementor-element-23b8652 elementor-widget elementor-widget-text-editor\" data-id=\"23b8652\" data-element_type=\"widget\" data-e-type=\"widget\" data-widget_type=\"text-editor.default\">\n\t\t\t\t<div class=\"elementor-widget-container\">\n\t\t\t\t\t\t\t\t\t<p>A la <strong>capella g\u00f2tica de Sant Joan Baptista<\/strong> es conserva l&#8217;<strong>altar de campanya del Marqu\u00e9s de Villena <\/strong>, de mitjans segle XV.<\/p>\t\t\t\t\t\t\t\t<\/div>\n\t\t\t\t<\/div>\n\t\t\t\t<div class=\"elementor-element elementor-element-1abd572 elementor-widget elementor-widget-image\" data-id=\"1abd572\" data-element_type=\"widget\" data-e-type=\"widget\" data-widget_type=\"image.default\">\n\t\t\t\t<div class=\"elementor-widget-container\">\n\t\t\t\t\t\t\t\t\t\t\t\t<figure class=\"wp-caption\">\n\t\t\t\t\t\t\t\t\t\t<img loading=\"lazy\" decoding=\"async\" width=\"768\" height=\"512\" src=\"https:\/\/www.elturistatranquil.com\/wp-content\/uploads\/F82-Colegiata-de-Belmonte-Cuenca.jpg\" class=\"attachment-large size-large wp-image-41725\" alt=\"Colegiata de Belmonte, Cuenca\" srcset=\"https:\/\/www.elturistatranquil.com\/wp-content\/uploads\/F82-Colegiata-de-Belmonte-Cuenca.jpg 768w, https:\/\/www.elturistatranquil.com\/wp-content\/uploads\/F82-Colegiata-de-Belmonte-Cuenca-339x226.jpg 339w\" sizes=\"(max-width: 768px) 100vw, 768px\" \/>\t\t\t\t\t\t\t\t\t\t\t<figcaption class=\"widget-image-caption wp-caption-text\"><\/figcaption>\n\t\t\t\t\t\t\t\t\t\t<\/figure>\n\t\t\t\t\t\t\t\t\t<\/div>\n\t\t\t\t<\/div>\n\t\t\t\t<div class=\"elementor-element elementor-element-6000c3a elementor-widget elementor-widget-text-editor\" data-id=\"6000c3a\" data-element_type=\"widget\" data-e-type=\"widget\" data-widget_type=\"text-editor.default\">\n\t\t\t\t<div class=\"elementor-widget-container\">\n\t\t\t\t\t\t\t\t\t<p>El dia de la visita va coincidir amb els preparatius dels passos de Setmana Santa, per la qual cosa diverses imatges van ser baixades dels seus altars per incorporar-les al seu pas.<\/p><p>Va ser emotiu veure l&#8217;inter\u00e8s amb qu\u00e8 els membres de les confraries procedien a aquests treballs.<\/p><p>A la <strong>capella de l&#8217;Asunci\u00f3n<\/strong> el retaule barroc actual est\u00e0 dedicat a la <strong>Mare de D\u00e9u dels Remeis<\/strong>.<\/p>\t\t\t\t\t\t\t\t<\/div>\n\t\t\t\t<\/div>\n\t\t\t\t<div class=\"elementor-element elementor-element-52be9cd elementor-widget elementor-widget-image\" data-id=\"52be9cd\" data-element_type=\"widget\" data-e-type=\"widget\" data-widget_type=\"image.default\">\n\t\t\t\t<div class=\"elementor-widget-container\">\n\t\t\t\t\t\t\t\t\t\t\t\t<figure class=\"wp-caption\">\n\t\t\t\t\t\t\t\t\t\t<img loading=\"lazy\" decoding=\"async\" width=\"768\" height=\"512\" src=\"https:\/\/www.elturistatranquil.com\/wp-content\/uploads\/F83-Colegiata-de-Belmonte-Cuenca.jpg\" class=\"attachment-large size-large wp-image-41727\" alt=\"Colegiata de Belmonte, Cuenca\" srcset=\"https:\/\/www.elturistatranquil.com\/wp-content\/uploads\/F83-Colegiata-de-Belmonte-Cuenca.jpg 768w, https:\/\/www.elturistatranquil.com\/wp-content\/uploads\/F83-Colegiata-de-Belmonte-Cuenca-339x226.jpg 339w\" sizes=\"(max-width: 768px) 100vw, 768px\" \/>\t\t\t\t\t\t\t\t\t\t\t<figcaption class=\"widget-image-caption wp-caption-text\"><\/figcaption>\n\t\t\t\t\t\t\t\t\t\t<\/figure>\n\t\t\t\t\t\t\t\t\t<\/div>\n\t\t\t\t<\/div>\n\t\t\t\t<div class=\"elementor-element elementor-element-ba236ea elementor-widget elementor-widget-text-editor\" data-id=\"ba236ea\" data-element_type=\"widget\" data-e-type=\"widget\" data-widget_type=\"text-editor.default\">\n\t\t\t\t<div class=\"elementor-widget-container\">\n\t\t\t\t\t\t\t\t\t<p>Aquesta capella va ser obra d&#8217;Andr\u00e9s de Vandelvira, amb un oratori al lateral superior.<\/p>\t\t\t\t\t\t\t\t<\/div>\n\t\t\t\t<\/div>\n\t\t\t\t<div class=\"elementor-element elementor-element-13ff3cd elementor-widget elementor-widget-image\" data-id=\"13ff3cd\" data-element_type=\"widget\" data-e-type=\"widget\" data-widget_type=\"image.default\">\n\t\t\t\t<div class=\"elementor-widget-container\">\n\t\t\t\t\t\t\t\t\t\t\t\t<figure class=\"wp-caption\">\n\t\t\t\t\t\t\t\t\t\t<img loading=\"lazy\" decoding=\"async\" width=\"768\" height=\"512\" src=\"https:\/\/www.elturistatranquil.com\/wp-content\/uploads\/F84-Colegiata-de-Belmonte-Cuenca.jpg\" class=\"attachment-large size-large wp-image-41729\" alt=\"Colegiata de Belmonte, Cuenca\" srcset=\"https:\/\/www.elturistatranquil.com\/wp-content\/uploads\/F84-Colegiata-de-Belmonte-Cuenca.jpg 768w, https:\/\/www.elturistatranquil.com\/wp-content\/uploads\/F84-Colegiata-de-Belmonte-Cuenca-339x226.jpg 339w\" sizes=\"(max-width: 768px) 100vw, 768px\" \/>\t\t\t\t\t\t\t\t\t\t\t<figcaption class=\"widget-image-caption wp-caption-text\"><\/figcaption>\n\t\t\t\t\t\t\t\t\t\t<\/figure>\n\t\t\t\t\t\t\t\t\t<\/div>\n\t\t\t\t<\/div>\n\t\t\t\t<div class=\"elementor-element elementor-element-1fdfcfd elementor-widget elementor-widget-text-editor\" data-id=\"1fdfcfd\" data-element_type=\"widget\" data-e-type=\"widget\" data-widget_type=\"text-editor.default\">\n\t\t\t\t<div class=\"elementor-widget-container\">\n\t\t\t\t\t\t\t\t\t<p>La <strong>capella del Sant Sepulcre<\/strong>, manada construir el 1558 per Diego d&#8217;Alarc\u00f3n, ocupa la planta de la torre-campanar. L&#8217;altar del 1708, amb un retaule rococ\u00f3 daurat amb fons negre. L\u00b4\u00e0tic un quadre de Crist\u00f3bal Garc\u00eda Salmer\u00f3n representant la <strong>Coronaci\u00f3 d\u00b4Espines<\/strong>.<\/p><p>Sota la Verge, un sepulcre de vidre, el <strong>Sepulcre del Senyor<\/strong>, impossible d&#8217;apreciar amb els tr\u00e0fecs de baixar a la Verge per incorporar-la al seu <strong>pas<\/strong> de Setmana Santa.<\/p>\t\t\t\t\t\t\t\t<\/div>\n\t\t\t\t<\/div>\n\t\t\t\t<div class=\"elementor-element elementor-element-273130c elementor-widget elementor-widget-image\" data-id=\"273130c\" data-element_type=\"widget\" data-e-type=\"widget\" data-widget_type=\"image.default\">\n\t\t\t\t<div class=\"elementor-widget-container\">\n\t\t\t\t\t\t\t\t\t\t\t\t<figure class=\"wp-caption\">\n\t\t\t\t\t\t\t\t\t\t<img loading=\"lazy\" decoding=\"async\" width=\"768\" height=\"512\" src=\"https:\/\/www.elturistatranquil.com\/wp-content\/uploads\/F85-Colegiata-de-Belmonte-Cuenca.jpg\" class=\"attachment-large size-large wp-image-41731\" alt=\"Colegiata de Belmonte, Cuenca\" srcset=\"https:\/\/www.elturistatranquil.com\/wp-content\/uploads\/F85-Colegiata-de-Belmonte-Cuenca.jpg 768w, https:\/\/www.elturistatranquil.com\/wp-content\/uploads\/F85-Colegiata-de-Belmonte-Cuenca-339x226.jpg 339w\" sizes=\"(max-width: 768px) 100vw, 768px\" \/>\t\t\t\t\t\t\t\t\t\t\t<figcaption class=\"widget-image-caption wp-caption-text\"><\/figcaption>\n\t\t\t\t\t\t\t\t\t\t<\/figure>\n\t\t\t\t\t\t\t\t\t<\/div>\n\t\t\t\t<\/div>\n\t\t\t\t<div class=\"elementor-element elementor-element-56cba13 elementor-widget elementor-widget-image\" data-id=\"56cba13\" data-element_type=\"widget\" data-e-type=\"widget\" data-widget_type=\"image.default\">\n\t\t\t\t<div class=\"elementor-widget-container\">\n\t\t\t\t\t\t\t\t\t\t\t\t<figure class=\"wp-caption\">\n\t\t\t\t\t\t\t\t\t\t<img loading=\"lazy\" decoding=\"async\" width=\"768\" height=\"512\" src=\"https:\/\/www.elturistatranquil.com\/wp-content\/uploads\/F86-Colegiata-de-Belmonte-Cuenca.jpg\" class=\"attachment-large size-large wp-image-41733\" alt=\"Colegiata de Belmonte, Cuenca\" srcset=\"https:\/\/www.elturistatranquil.com\/wp-content\/uploads\/F86-Colegiata-de-Belmonte-Cuenca.jpg 768w, https:\/\/www.elturistatranquil.com\/wp-content\/uploads\/F86-Colegiata-de-Belmonte-Cuenca-339x226.jpg 339w\" sizes=\"(max-width: 768px) 100vw, 768px\" \/>\t\t\t\t\t\t\t\t\t\t\t<figcaption class=\"widget-image-caption wp-caption-text\"><\/figcaption>\n\t\t\t\t\t\t\t\t\t\t<\/figure>\n\t\t\t\t\t\t\t\t\t<\/div>\n\t\t\t\t<\/div>\n\t\t\t\t<div class=\"elementor-element elementor-element-f8dd326 elementor-widget elementor-widget-text-editor\" data-id=\"f8dd326\" data-element_type=\"widget\" data-e-type=\"widget\" data-widget_type=\"text-editor.default\">\n\t\t\t\t<div class=\"elementor-widget-container\">\n\t\t\t\t\t\t\t\t\t<p>La forn\u00edcula central l&#8217;ocupa la imatge de <strong>la Mare de D\u00e9u de la Soledat<\/strong>, obra d&#8217;autor an\u00f2nim del segle XVII.<\/p>\t\t\t\t\t\t\t\t<\/div>\n\t\t\t\t<\/div>\n\t\t\t\t<div class=\"elementor-element elementor-element-b7a5657 elementor-widget elementor-widget-image\" data-id=\"b7a5657\" data-element_type=\"widget\" data-e-type=\"widget\" data-widget_type=\"image.default\">\n\t\t\t\t<div class=\"elementor-widget-container\">\n\t\t\t\t\t\t\t\t\t\t\t\t<figure class=\"wp-caption\">\n\t\t\t\t\t\t\t\t\t\t<img loading=\"lazy\" decoding=\"async\" width=\"768\" height=\"512\" src=\"https:\/\/www.elturistatranquil.com\/wp-content\/uploads\/F87-Colegiata-de-Belmonte-Cuenca.jpg\" class=\"attachment-large size-large wp-image-41738\" alt=\"Colegiata de Belmonte, Cuenca\" srcset=\"https:\/\/www.elturistatranquil.com\/wp-content\/uploads\/F87-Colegiata-de-Belmonte-Cuenca.jpg 768w, https:\/\/www.elturistatranquil.com\/wp-content\/uploads\/F87-Colegiata-de-Belmonte-Cuenca-339x226.jpg 339w\" sizes=\"(max-width: 768px) 100vw, 768px\" \/>\t\t\t\t\t\t\t\t\t\t\t<figcaption class=\"widget-image-caption wp-caption-text\"><\/figcaption>\n\t\t\t\t\t\t\t\t\t\t<\/figure>\n\t\t\t\t\t\t\t\t\t<\/div>\n\t\t\t\t<\/div>\n\t\t\t\t<div class=\"elementor-element elementor-element-d9ac53d elementor-widget elementor-widget-text-editor\" data-id=\"d9ac53d\" data-element_type=\"widget\" data-e-type=\"widget\" data-widget_type=\"text-editor.default\">\n\t\t\t\t<div class=\"elementor-widget-container\">\n\t\t\t\t\t\t\t\t\t<p>Al <strong>cor<\/strong> finalitzar\u00e9 la visita. Ocupa la part central de tercer tram, tancat per una reixa.<\/p>\t\t\t\t\t\t\t\t<\/div>\n\t\t\t\t<\/div>\n\t\t\t\t<div class=\"elementor-element elementor-element-e23344f elementor-widget elementor-widget-image\" data-id=\"e23344f\" data-element_type=\"widget\" data-e-type=\"widget\" data-widget_type=\"image.default\">\n\t\t\t\t<div class=\"elementor-widget-container\">\n\t\t\t\t\t\t\t\t\t\t\t\t<figure class=\"wp-caption\">\n\t\t\t\t\t\t\t\t\t\t<img loading=\"lazy\" decoding=\"async\" width=\"768\" height=\"512\" src=\"https:\/\/www.elturistatranquil.com\/wp-content\/uploads\/F89-Colegiata-de-Belmonte-Cuenca.jpg\" class=\"attachment-large size-large wp-image-41740\" alt=\"Colegiata de Belmonte, Cuenca\" srcset=\"https:\/\/www.elturistatranquil.com\/wp-content\/uploads\/F89-Colegiata-de-Belmonte-Cuenca.jpg 768w, https:\/\/www.elturistatranquil.com\/wp-content\/uploads\/F89-Colegiata-de-Belmonte-Cuenca-339x226.jpg 339w\" sizes=\"(max-width: 768px) 100vw, 768px\" \/>\t\t\t\t\t\t\t\t\t\t\t<figcaption class=\"widget-image-caption wp-caption-text\"><\/figcaption>\n\t\t\t\t\t\t\t\t\t\t<\/figure>\n\t\t\t\t\t\t\t\t\t<\/div>\n\t\t\t\t<\/div>\n\t\t\t\t<div class=\"elementor-element elementor-element-a51e3c4 elementor-widget elementor-widget-text-editor\" data-id=\"a51e3c4\" data-element_type=\"widget\" data-e-type=\"widget\" data-widget_type=\"text-editor.default\">\n\t\t\t\t<div class=\"elementor-widget-container\">\n\t\t\t\t\t\t\t\t\t<p>El <strong>cadirat historiat<\/strong> amb escenes del G\u00e8nesi i la Passi\u00f3, del 1454, d&#8217;estil g\u00f2tic, realitzat en fusta de noguera pels germans Egas i Hanequin de Brussel\u00b7les per a la catedral de Conca. En aquesta catedral el cor va quedar petit i, al segle XVII el va comprar i va traslladar el prior de Belmonte a la Col\u00b7legiata.<\/p>\t\t\t\t\t\t\t\t<\/div>\n\t\t\t\t<\/div>\n\t\t\t\t<div class=\"elementor-element elementor-element-84927a5 elementor-widget elementor-widget-image\" data-id=\"84927a5\" data-element_type=\"widget\" data-e-type=\"widget\" data-widget_type=\"image.default\">\n\t\t\t\t<div class=\"elementor-widget-container\">\n\t\t\t\t\t\t\t\t\t\t\t\t<figure class=\"wp-caption\">\n\t\t\t\t\t\t\t\t\t\t<img loading=\"lazy\" decoding=\"async\" width=\"768\" height=\"512\" src=\"https:\/\/www.elturistatranquil.com\/wp-content\/uploads\/F90-Colegiata-de-Belmonte-Cuenca.jpg\" class=\"attachment-large size-large wp-image-41742\" alt=\"Colegiata de Belmonte, Cuenca\" srcset=\"https:\/\/www.elturistatranquil.com\/wp-content\/uploads\/F90-Colegiata-de-Belmonte-Cuenca.jpg 768w, https:\/\/www.elturistatranquil.com\/wp-content\/uploads\/F90-Colegiata-de-Belmonte-Cuenca-339x226.jpg 339w\" sizes=\"(max-width: 768px) 100vw, 768px\" \/>\t\t\t\t\t\t\t\t\t\t\t<figcaption class=\"widget-image-caption wp-caption-text\"><\/figcaption>\n\t\t\t\t\t\t\t\t\t\t<\/figure>\n\t\t\t\t\t\t\t\t\t<\/div>\n\t\t\t\t<\/div>\n\t\t\t\t<div class=\"elementor-element elementor-element-b858c44 elementor-widget elementor-widget-text-editor\" data-id=\"b858c44\" data-element_type=\"widget\" data-e-type=\"widget\" data-widget_type=\"text-editor.default\">\n\t\t\t\t<div class=\"elementor-widget-container\">\n\t\t\t\t\t\t\t\t\t<p>Sobre el cor un <strong>orgue barroc espanyol<\/strong> del segle XVIII, constru\u00eft per Juli\u00e1n Alcarria Carrizo.<\/p>\t\t\t\t\t\t\t\t<\/div>\n\t\t\t\t<\/div>\n\t\t\t\t<div class=\"elementor-element elementor-element-1796137 elementor-widget elementor-widget-menu-anchor\" data-id=\"1796137\" data-element_type=\"widget\" data-e-type=\"widget\" data-widget_type=\"menu-anchor.default\">\n\t\t\t\t<div class=\"elementor-widget-container\">\n\t\t\t\t\t\t\t<div class=\"elementor-menu-anchor\" id=\"c7514\"><\/div>\n\t\t\t\t\t\t<\/div>\n\t\t\t\t<\/div>\n\t\t\t\t<div class=\"elementor-element elementor-element-691e59d elementor-widget elementor-widget-image\" data-id=\"691e59d\" data-element_type=\"widget\" data-e-type=\"widget\" data-widget_type=\"image.default\">\n\t\t\t\t<div class=\"elementor-widget-container\">\n\t\t\t\t\t\t\t\t\t\t\t\t<figure class=\"wp-caption\">\n\t\t\t\t\t\t\t\t\t\t<img loading=\"lazy\" decoding=\"async\" width=\"768\" height=\"512\" src=\"https:\/\/www.elturistatranquil.com\/wp-content\/uploads\/F91-Colegiata-de-Belmonte-Cuenca.jpg\" class=\"attachment-large size-large wp-image-41744\" alt=\"Colegiata de Belmonte, Cuenca\" srcset=\"https:\/\/www.elturistatranquil.com\/wp-content\/uploads\/F91-Colegiata-de-Belmonte-Cuenca.jpg 768w, https:\/\/www.elturistatranquil.com\/wp-content\/uploads\/F91-Colegiata-de-Belmonte-Cuenca-339x226.jpg 339w\" sizes=\"(max-width: 768px) 100vw, 768px\" \/>\t\t\t\t\t\t\t\t\t\t\t<figcaption class=\"widget-image-caption wp-caption-text\"><\/figcaption>\n\t\t\t\t\t\t\t\t\t\t<\/figure>\n\t\t\t\t\t\t\t\t\t<\/div>\n\t\t\t\t<\/div>\n\t\t\t\t<div class=\"elementor-element elementor-element-53c04dd elementor-widget elementor-widget-heading\" data-id=\"53c04dd\" data-element_type=\"widget\" data-e-type=\"widget\" data-widget_type=\"heading.default\">\n\t\t\t\t<div class=\"elementor-widget-container\">\n\t\t\t\t\t<h4 class=\"elementor-heading-title elementor-size-default\">Cases senyorials. Palau dels Condes de Bellavista<\/h4>\t\t\t\t<\/div>\n\t\t\t\t<\/div>\n\t\t\t\t<div class=\"elementor-element elementor-element-73d6430 elementor-widget elementor-widget-text-editor\" data-id=\"73d6430\" data-element_type=\"widget\" data-e-type=\"widget\" data-widget_type=\"text-editor.default\">\n\t\t\t\t<div class=\"elementor-widget-container\">\n\t\t\t\t\t\t\t\t\t<p>A Belmonte s\u00f3n abundants les cases senyorials per la prosperitat que la vila va tenir a la Baixa Edat Mitjana, especialment a l&#8217;\u00e8poca de don Juan Pacheco en qu\u00e8, al voltant de la seva figura, es crea una segona cort. Durant aquesta \u00e8poca i als segles seg\u00fcents van ser molts els nobles i gentilhomes que van edificar les seves cases intramurs de la vila.<\/p><p>Fam\u00edlies que van gaudir d&#8217;aquest tipus de cases a Belmonte van ser els Baillo (<strong>11<\/strong>), els Espinosa, els Le\u00f3n, els Hinestrosa (<strong>7<\/strong>) o els Castillo; moltes d&#8217;aquestes cases s\u00f3n encara identificables per mantenir els seus escuts senyorials a les fa\u00e7anes.<\/p><p>La seva estructura habitual est\u00e0 formada per dues plantes distribu\u00efdes al voltant d\u00b4un pati castell\u00e0 de columnes i quadrat. Solen tenir cova o soterrani i c\u00e0meres. A la fa\u00e7ana els blasons de la fam\u00edlia.<\/p><p>Sortint de la col\u00b7legiata per la porta lateral, una mica a l&#8217;esquerra baixa un carrer amb un magn\u00edfic aspecte d&#8217;ambient manxec. La casa de l&#8217;esquerra correspon a l&#8217;entrada al <strong>palau dels Comtes de Buenavista<\/strong> (<strong>3<\/strong>).<\/p><p>L&#8217;edificaci\u00f3 va ser constru\u00efda als segles XVI i XVIII. El t\u00edtol de I Comte de Buenavista y Cerro \u00e9s de 1807, concedit pel rei Carlos IV a don Diego Ventura de Mena, que havia nascut a Belmonte el 1772.<\/p><p>T\u00e9 la disposici\u00f3 assenyalada de palau castell\u00e0 de dues plantes amb pati interior de columnes.<\/p>\t\t\t\t\t\t\t\t<\/div>\n\t\t\t\t<\/div>\n\t\t\t\t<div class=\"elementor-element elementor-element-0cd6391 elementor-widget elementor-widget-image\" data-id=\"0cd6391\" data-element_type=\"widget\" data-e-type=\"widget\" data-widget_type=\"image.default\">\n\t\t\t\t<div class=\"elementor-widget-container\">\n\t\t\t\t\t\t\t\t\t\t\t\t<figure class=\"wp-caption\">\n\t\t\t\t\t\t\t\t\t\t<img loading=\"lazy\" decoding=\"async\" width=\"768\" height=\"512\" src=\"https:\/\/www.elturistatranquil.com\/wp-content\/uploads\/F92-Palacio-de-los-Condes-de-Buenavista-Belmonte-Cuenca.jpg\" class=\"attachment-large size-large wp-image-41746\" alt=\"Palacio de los Condes de Buenavista, Belmonte, Cuenca\" srcset=\"https:\/\/www.elturistatranquil.com\/wp-content\/uploads\/F92-Palacio-de-los-Condes-de-Buenavista-Belmonte-Cuenca.jpg 768w, https:\/\/www.elturistatranquil.com\/wp-content\/uploads\/F92-Palacio-de-los-Condes-de-Buenavista-Belmonte-Cuenca-339x226.jpg 339w\" sizes=\"(max-width: 768px) 100vw, 768px\" \/>\t\t\t\t\t\t\t\t\t\t\t<figcaption class=\"widget-image-caption wp-caption-text\"><\/figcaption>\n\t\t\t\t\t\t\t\t\t\t<\/figure>\n\t\t\t\t\t\t\t\t\t<\/div>\n\t\t\t\t<\/div>\n\t\t\t\t<div class=\"elementor-element elementor-element-0073813 elementor-widget elementor-widget-text-editor\" data-id=\"0073813\" data-element_type=\"widget\" data-e-type=\"widget\" data-widget_type=\"text-editor.default\">\n\t\t\t\t<div class=\"elementor-widget-container\">\n\t\t\t\t\t\t\t\t\t<p>A m\u00e9s de la porta de carreuat amb balc\u00f3, destaquen les finestres amb reixes prove\u00efdes de guardapols a la part superior.<\/p><p>Despr\u00e9s de ser cedit per a caserna de la Gu\u00e0rdia Civil al segle XIX, va ser abandonat i actualment reconvertit en allotjament hoteler.<\/p>\t\t\t\t\t\t\t\t<\/div>\n\t\t\t\t<\/div>\n\t\t\t\t<div class=\"elementor-element elementor-element-c77a12a elementor-widget elementor-widget-menu-anchor\" data-id=\"c77a12a\" data-element_type=\"widget\" data-e-type=\"widget\" data-widget_type=\"menu-anchor.default\">\n\t\t\t\t<div class=\"elementor-widget-container\">\n\t\t\t\t\t\t\t<div class=\"elementor-menu-anchor\" id=\"c7515\"><\/div>\n\t\t\t\t\t\t<\/div>\n\t\t\t\t<\/div>\n\t\t\t\t<div class=\"elementor-element elementor-element-907fa81 elementor-widget elementor-widget-image\" data-id=\"907fa81\" data-element_type=\"widget\" data-e-type=\"widget\" data-widget_type=\"image.default\">\n\t\t\t\t<div class=\"elementor-widget-container\">\n\t\t\t\t\t\t\t\t\t\t\t\t<figure class=\"wp-caption\">\n\t\t\t\t\t\t\t\t\t\t<img loading=\"lazy\" decoding=\"async\" width=\"768\" height=\"512\" src=\"https:\/\/www.elturistatranquil.com\/wp-content\/uploads\/F93-Palacio-de-los-Condes-de-Buenavista-Belmonte-Cuenca.jpg\" class=\"attachment-large size-large wp-image-41748\" alt=\"Palacio de los Condes de Buenavista, Belmonte, Cuenca\" srcset=\"https:\/\/www.elturistatranquil.com\/wp-content\/uploads\/F93-Palacio-de-los-Condes-de-Buenavista-Belmonte-Cuenca.jpg 768w, https:\/\/www.elturistatranquil.com\/wp-content\/uploads\/F93-Palacio-de-los-Condes-de-Buenavista-Belmonte-Cuenca-339x226.jpg 339w\" sizes=\"(max-width: 768px) 100vw, 768px\" \/>\t\t\t\t\t\t\t\t\t\t\t<figcaption class=\"widget-image-caption wp-caption-text\"><\/figcaption>\n\t\t\t\t\t\t\t\t\t\t<\/figure>\n\t\t\t\t\t\t\t\t\t<\/div>\n\t\t\t\t<\/div>\n\t\t\t\t<div class=\"elementor-element elementor-element-c9b761b elementor-widget elementor-widget-heading\" data-id=\"c9b761b\" data-element_type=\"widget\" data-e-type=\"widget\" data-widget_type=\"heading.default\">\n\t\t\t\t<div class=\"elementor-widget-container\">\n\t\t\t\t\t<h4 class=\"elementor-heading-title elementor-size-default\">Casa natal de Fray Luis de Le\u00f3n<\/h4>\t\t\t\t<\/div>\n\t\t\t\t<\/div>\n\t\t\t\t<div class=\"elementor-element elementor-element-bd1190e elementor-widget elementor-widget-text-editor\" data-id=\"bd1190e\" data-element_type=\"widget\" data-e-type=\"widget\" data-widget_type=\"text-editor.default\">\n\t\t\t\t<div class=\"elementor-widget-container\">\n\t\t\t\t\t\t\t\t\t<p>Als peus de la Col\u00b7legiata hi ha la casa natal de Fray Luis de Le\u00f3n (<strong>4<\/strong>) al n\u00famero 6 del <strong>carrer Eugenio P\u00e9rez<\/strong>, una casa relativament modesta. Des de les finestres de casa seva havia de veure cada dia la torre de la Col\u00b7legiata.<\/p><p>Fray Luis de Le\u00f3n va ser un dels personatges m\u00e9s importants del segle XVI espanyol. Religi\u00f3s agust\u00ed, va ser te\u00f2leg, astr\u00f2nom, poeta i humanista del renaixement.<\/p><p>Una placa commemora el seu naixement el 27 de setembre de 1527.<\/p>\t\t\t\t\t\t\t\t<\/div>\n\t\t\t\t<\/div>\n\t\t\t\t<div class=\"elementor-element elementor-element-fff49f7 elementor-widget elementor-widget-menu-anchor\" data-id=\"fff49f7\" data-element_type=\"widget\" data-e-type=\"widget\" data-widget_type=\"menu-anchor.default\">\n\t\t\t\t<div class=\"elementor-widget-container\">\n\t\t\t\t\t\t\t<div class=\"elementor-menu-anchor\" id=\"c7516\"><\/div>\n\t\t\t\t\t\t<\/div>\n\t\t\t\t<\/div>\n\t\t\t\t<div class=\"elementor-element elementor-element-c55cd60 elementor-widget elementor-widget-image\" data-id=\"c55cd60\" data-element_type=\"widget\" data-e-type=\"widget\" data-widget_type=\"image.default\">\n\t\t\t\t<div class=\"elementor-widget-container\">\n\t\t\t\t\t\t\t\t\t\t\t\t<figure class=\"wp-caption\">\n\t\t\t\t\t\t\t\t\t\t<img loading=\"lazy\" decoding=\"async\" width=\"768\" height=\"512\" src=\"https:\/\/www.elturistatranquil.com\/wp-content\/uploads\/F94-Casa-natal-de-Fray-Luis-de-Leon-Belmonte-Cuenca.jpg\" class=\"attachment-large size-large wp-image-41750\" alt=\"Casa natal de Fray Luis de Leon, Belmonte, Cuenca\" srcset=\"https:\/\/www.elturistatranquil.com\/wp-content\/uploads\/F94-Casa-natal-de-Fray-Luis-de-Leon-Belmonte-Cuenca.jpg 768w, https:\/\/www.elturistatranquil.com\/wp-content\/uploads\/F94-Casa-natal-de-Fray-Luis-de-Leon-Belmonte-Cuenca-339x226.jpg 339w\" sizes=\"(max-width: 768px) 100vw, 768px\" \/>\t\t\t\t\t\t\t\t\t\t\t<figcaption class=\"widget-image-caption wp-caption-text\"><\/figcaption>\n\t\t\t\t\t\t\t\t\t\t<\/figure>\n\t\t\t\t\t\t\t\t\t<\/div>\n\t\t\t\t<\/div>\n\t\t\t\t<div class=\"elementor-element elementor-element-cfbfc30 elementor-widget elementor-widget-heading\" data-id=\"cfbfc30\" data-element_type=\"widget\" data-e-type=\"widget\" data-widget_type=\"heading.default\">\n\t\t\t\t<div class=\"elementor-widget-container\">\n\t\t\t\t\t<h4 class=\"elementor-heading-title elementor-size-default\">Convent de les Concepcionistas<\/h4>\t\t\t\t<\/div>\n\t\t\t\t<\/div>\n\t\t\t\t<div class=\"elementor-element elementor-element-21929b4 elementor-widget elementor-widget-text-editor\" data-id=\"21929b4\" data-element_type=\"widget\" data-e-type=\"widget\" data-widget_type=\"text-editor.default\">\n\t\t\t\t<div class=\"elementor-widget-container\">\n\t\t\t\t\t\t\t\t\t<p>El <strong>convent de les Concepcionistas<\/strong> (<strong>5<\/strong>) t\u00e9 l&#8217;entrada principal pel <strong>carrer de Juan Pacheco<\/strong>. Va ser fundat el 1581 per don \u00c1lvaro Severo, natural de Belmonte, encara que no se&#8217;n va prendre possessi\u00f3 fins al 2 de juliol de 1584, quan van arribar quatre religioses del convent de la Concepci\u00f3 de la ciutat de Conca.<\/p><p>Anteriorment l&#8217;edifici havia estat <strong>Casa de la Santa Inquisici\u00f3<\/strong>, per la qual cosa les monges havien de pagar anualment a la Inquisici\u00f3 de Conca vuit lliures d&#8217;anissos.<\/p><p>L&#8217;exterior de l&#8217;edifici \u00e9s de ma\u00e7oneria, amb els r\u00e0fecs de la teulada i cantonades de carreuat.<\/p><p>La porta major de l&#8217;edifici \u00e9s del segle XVII, d&#8217;arc de mig punt emmarcat amb pilastres que subjecten l&#8217;entaulament. Sobre ell s&#8217;ubica un front\u00f3 triangular interromput per la forn\u00edcula.<\/p>\t\t\t\t\t\t\t\t<\/div>\n\t\t\t\t<\/div>\n\t\t\t\t<div class=\"elementor-element elementor-element-97a3d8e elementor-widget elementor-widget-image\" data-id=\"97a3d8e\" data-element_type=\"widget\" data-e-type=\"widget\" data-widget_type=\"image.default\">\n\t\t\t\t<div class=\"elementor-widget-container\">\n\t\t\t\t\t\t\t\t\t\t\t\t<figure class=\"wp-caption\">\n\t\t\t\t\t\t\t\t\t\t<img loading=\"lazy\" decoding=\"async\" width=\"768\" height=\"512\" src=\"https:\/\/www.elturistatranquil.com\/wp-content\/uploads\/F95-Convento-de-las-Concepcionistas-Belmonte-Cuenca.jpg\" class=\"attachment-large size-large wp-image-41752\" alt=\"Convento de las Concepcionistas, Belmonte, Cuenca\" srcset=\"https:\/\/www.elturistatranquil.com\/wp-content\/uploads\/F95-Convento-de-las-Concepcionistas-Belmonte-Cuenca.jpg 768w, https:\/\/www.elturistatranquil.com\/wp-content\/uploads\/F95-Convento-de-las-Concepcionistas-Belmonte-Cuenca-339x226.jpg 339w\" sizes=\"(max-width: 768px) 100vw, 768px\" \/>\t\t\t\t\t\t\t\t\t\t\t<figcaption class=\"widget-image-caption wp-caption-text\"><\/figcaption>\n\t\t\t\t\t\t\t\t\t\t<\/figure>\n\t\t\t\t\t\t\t\t\t<\/div>\n\t\t\t\t<\/div>\n\t\t\t\t<div class=\"elementor-element elementor-element-58d3af2 elementor-widget elementor-widget-image\" data-id=\"58d3af2\" data-element_type=\"widget\" data-e-type=\"widget\" data-widget_type=\"image.default\">\n\t\t\t\t<div class=\"elementor-widget-container\">\n\t\t\t\t\t\t\t\t\t\t\t\t<figure class=\"wp-caption\">\n\t\t\t\t\t\t\t\t\t\t<img loading=\"lazy\" decoding=\"async\" width=\"768\" height=\"512\" src=\"https:\/\/www.elturistatranquil.com\/wp-content\/uploads\/F96-Convento-de-las-Concepcionistas-Belmonte-Cuenca.jpg\" class=\"attachment-large size-large wp-image-41754\" alt=\"Convento de las Concepcionistas, Belmonte, Cuenca\" srcset=\"https:\/\/www.elturistatranquil.com\/wp-content\/uploads\/F96-Convento-de-las-Concepcionistas-Belmonte-Cuenca.jpg 768w, https:\/\/www.elturistatranquil.com\/wp-content\/uploads\/F96-Convento-de-las-Concepcionistas-Belmonte-Cuenca-339x226.jpg 339w\" sizes=\"(max-width: 768px) 100vw, 768px\" \/>\t\t\t\t\t\t\t\t\t\t\t<figcaption class=\"widget-image-caption wp-caption-text\"><\/figcaption>\n\t\t\t\t\t\t\t\t\t\t<\/figure>\n\t\t\t\t\t\t\t\t\t<\/div>\n\t\t\t\t<\/div>\n\t\t\t\t<div class=\"elementor-element elementor-element-4fa12da elementor-widget elementor-widget-text-editor\" data-id=\"4fa12da\" data-element_type=\"widget\" data-e-type=\"widget\" data-widget_type=\"text-editor.default\">\n\t\t\t\t<div class=\"elementor-widget-container\">\n\t\t\t\t\t\t\t\t\t<p>Una altra porta de caracter\u00edstiques similars se situa al <strong>carrer Julio Romera<\/strong>, on, a la cantonada, s&#8217;al\u00e7a una torre que sobresurt un cos.<\/p>\t\t\t\t\t\t\t\t<\/div>\n\t\t\t\t<\/div>\n\t\t\t\t<div class=\"elementor-element elementor-element-87d042b elementor-widget elementor-widget-menu-anchor\" data-id=\"87d042b\" data-element_type=\"widget\" data-e-type=\"widget\" data-widget_type=\"menu-anchor.default\">\n\t\t\t\t<div class=\"elementor-widget-container\">\n\t\t\t\t\t\t\t<div class=\"elementor-menu-anchor\" id=\"c7517\"><\/div>\n\t\t\t\t\t\t<\/div>\n\t\t\t\t<\/div>\n\t\t\t\t<div class=\"elementor-element elementor-element-02e37e3 elementor-widget elementor-widget-image\" data-id=\"02e37e3\" data-element_type=\"widget\" data-e-type=\"widget\" data-widget_type=\"image.default\">\n\t\t\t\t<div class=\"elementor-widget-container\">\n\t\t\t\t\t\t\t\t\t\t\t\t<figure class=\"wp-caption\">\n\t\t\t\t\t\t\t\t\t\t<img loading=\"lazy\" decoding=\"async\" width=\"768\" height=\"512\" src=\"https:\/\/www.elturistatranquil.com\/wp-content\/uploads\/F97-Convento-de-las-Concepcionistas-Belmonte-Cuenca.jpg\" class=\"attachment-large size-large wp-image-41756\" alt=\"Convento de las Concepcionistas, Belmonte, Cuenca\" srcset=\"https:\/\/www.elturistatranquil.com\/wp-content\/uploads\/F97-Convento-de-las-Concepcionistas-Belmonte-Cuenca.jpg 768w, https:\/\/www.elturistatranquil.com\/wp-content\/uploads\/F97-Convento-de-las-Concepcionistas-Belmonte-Cuenca-339x226.jpg 339w\" sizes=\"(max-width: 768px) 100vw, 768px\" \/>\t\t\t\t\t\t\t\t\t\t\t<figcaption class=\"widget-image-caption wp-caption-text\"><\/figcaption>\n\t\t\t\t\t\t\t\t\t\t<\/figure>\n\t\t\t\t\t\t\t\t\t<\/div>\n\t\t\t\t<\/div>\n\t\t\t\t<div class=\"elementor-element elementor-element-969ecd6 elementor-widget elementor-widget-heading\" data-id=\"969ecd6\" data-element_type=\"widget\" data-e-type=\"widget\" data-widget_type=\"heading.default\">\n\t\t\t\t<div class=\"elementor-widget-container\">\n\t\t\t\t\t<h4 class=\"elementor-heading-title elementor-size-default\">Hospital de San Andr\u00e9s<\/h4>\t\t\t\t<\/div>\n\t\t\t\t<\/div>\n\t\t\t\t<div class=\"elementor-element elementor-element-6e20bba elementor-widget elementor-widget-text-editor\" data-id=\"6e20bba\" data-element_type=\"widget\" data-e-type=\"widget\" data-widget_type=\"text-editor.default\">\n\t\t\t\t<div class=\"elementor-widget-container\">\n\t\t\t\t\t\t\t\t\t<p>L&#8217;origen del <strong>hospital de San Andr\u00e9s<\/strong> (<strong>6<\/strong>) est\u00e0 lligat al marquesat de Villena. Juan Fern\u00e1ndez Pacheco funda el 1415 l&#8217;Hospital per butlla de Benet XIII, sent l&#8217;objecte de la instituci\u00f3 &#8220;guarir malalts pobres i hostatjar pelegrins, proveir del necessari als seus escuders a casa seva les quals havent-se vist abans amb hisenda al present estiguessin pobres i per sustentar un capell\u00e0 que digu\u00e9s missa als malalts.&#8221; La paraula \u201chospital\u201d es relacionava amb una concepci\u00f3 medieval de la pobresa. En principi els hospitals no tenien com a finalitat atendre malalts, sin\u00f3 m\u00e9s aviat acollir el captaire, l&#8217;indigent.<\/p><p>Situat al <strong>carrer Arsenio Rada<\/strong>, actualment ha quedat redu\u00eft a ru\u00efnes, conservant molt parcialment el mur exterior.<\/p>\t\t\t\t\t\t\t\t<\/div>\n\t\t\t\t<\/div>\n\t\t\t\t<div class=\"elementor-element elementor-element-5eceaa7 elementor-widget elementor-widget-image\" data-id=\"5eceaa7\" data-element_type=\"widget\" data-e-type=\"widget\" data-widget_type=\"image.default\">\n\t\t\t\t<div class=\"elementor-widget-container\">\n\t\t\t\t\t\t\t\t\t\t\t\t<figure class=\"wp-caption\">\n\t\t\t\t\t\t\t\t\t\t<img loading=\"lazy\" decoding=\"async\" width=\"768\" height=\"512\" src=\"https:\/\/www.elturistatranquil.com\/wp-content\/uploads\/F98-Hospital-de-San-Andres-Belmonte-Cuenca.jpg\" class=\"attachment-large size-large wp-image-41758\" alt=\"Hospital de San Andres, Belmonte, Cuenca\" srcset=\"https:\/\/www.elturistatranquil.com\/wp-content\/uploads\/F98-Hospital-de-San-Andres-Belmonte-Cuenca.jpg 768w, https:\/\/www.elturistatranquil.com\/wp-content\/uploads\/F98-Hospital-de-San-Andres-Belmonte-Cuenca-339x226.jpg 339w\" sizes=\"(max-width: 768px) 100vw, 768px\" \/>\t\t\t\t\t\t\t\t\t\t\t<figcaption class=\"widget-image-caption wp-caption-text\"><\/figcaption>\n\t\t\t\t\t\t\t\t\t\t<\/figure>\n\t\t\t\t\t\t\t\t\t<\/div>\n\t\t\t\t<\/div>\n\t\t\t\t<div class=\"elementor-element elementor-element-d1e667d elementor-widget elementor-widget-menu-anchor\" data-id=\"d1e667d\" data-element_type=\"widget\" data-e-type=\"widget\" data-widget_type=\"menu-anchor.default\">\n\t\t\t\t<div class=\"elementor-widget-container\">\n\t\t\t\t\t\t\t<div class=\"elementor-menu-anchor\" id=\"c7518\"><\/div>\n\t\t\t\t\t\t<\/div>\n\t\t\t\t<\/div>\n\t\t\t\t<div class=\"elementor-element elementor-element-ca39a30 elementor-widget elementor-widget-image\" data-id=\"ca39a30\" data-element_type=\"widget\" data-e-type=\"widget\" data-widget_type=\"image.default\">\n\t\t\t\t<div class=\"elementor-widget-container\">\n\t\t\t\t\t\t\t\t\t\t\t\t<figure class=\"wp-caption\">\n\t\t\t\t\t\t\t\t\t\t<img loading=\"lazy\" decoding=\"async\" width=\"768\" height=\"512\" src=\"https:\/\/www.elturistatranquil.com\/wp-content\/uploads\/F99-Hospital-de-San-Andres-Belmonte-Cuenca.jpg\" class=\"attachment-large size-large wp-image-41760\" alt=\"Hospital de San Andres, Belmonte, Cuenca\" srcset=\"https:\/\/www.elturistatranquil.com\/wp-content\/uploads\/F99-Hospital-de-San-Andres-Belmonte-Cuenca.jpg 768w, https:\/\/www.elturistatranquil.com\/wp-content\/uploads\/F99-Hospital-de-San-Andres-Belmonte-Cuenca-339x226.jpg 339w\" sizes=\"(max-width: 768px) 100vw, 768px\" \/>\t\t\t\t\t\t\t\t\t\t\t<figcaption class=\"widget-image-caption wp-caption-text\"><\/figcaption>\n\t\t\t\t\t\t\t\t\t\t<\/figure>\n\t\t\t\t\t\t\t\t\t<\/div>\n\t\t\t\t<\/div>\n\t\t\t\t<div class=\"elementor-element elementor-element-aa95836 elementor-widget elementor-widget-heading\" data-id=\"aa95836\" data-element_type=\"widget\" data-e-type=\"widget\" data-widget_type=\"heading.default\">\n\t\t\t\t<div class=\"elementor-widget-container\">\n\t\t\t\t\t<h4 class=\"elementor-heading-title elementor-size-default\">Casa dels Hiniestrosa (Casa de los leones)<\/h4>\t\t\t\t<\/div>\n\t\t\t\t<\/div>\n\t\t\t\t<div class=\"elementor-element elementor-element-bf2664d elementor-widget elementor-widget-text-editor\" data-id=\"bf2664d\" data-element_type=\"widget\" data-e-type=\"widget\" data-widget_type=\"text-editor.default\">\n\t\t\t\t<div class=\"elementor-widget-container\">\n\t\t\t\t\t\t\t\t\t<p>A la cantonada dels <strong>carrers Juan Pacheco i Santa Catalina de Sena<\/strong> s&#8217;al\u00e7a la <strong>casa dels Hinestrosa<\/strong> (<strong>7<\/strong>), amb les caracter\u00edstiques descrites, i on destaca a la cantonada el seu gran escut nobiliari flanquejat per dos lleons, pels quals es coneix popularment aquesta casa.<\/p><p>Casa senyorial dels HInestrosa \u00e9s dels segles XVI-XVII.<\/p>\t\t\t\t\t\t\t\t<\/div>\n\t\t\t\t<\/div>\n\t\t\t\t<div class=\"elementor-element elementor-element-e84b264 elementor-widget elementor-widget-menu-anchor\" data-id=\"e84b264\" data-element_type=\"widget\" data-e-type=\"widget\" data-widget_type=\"menu-anchor.default\">\n\t\t\t\t<div class=\"elementor-widget-container\">\n\t\t\t\t\t\t\t<div class=\"elementor-menu-anchor\" id=\"c7519\"><\/div>\n\t\t\t\t\t\t<\/div>\n\t\t\t\t<\/div>\n\t\t\t\t<div class=\"elementor-element elementor-element-e2e1165 elementor-widget elementor-widget-image\" data-id=\"e2e1165\" data-element_type=\"widget\" data-e-type=\"widget\" data-widget_type=\"image.default\">\n\t\t\t\t<div class=\"elementor-widget-container\">\n\t\t\t\t\t\t\t\t\t\t\t\t<figure class=\"wp-caption\">\n\t\t\t\t\t\t\t\t\t\t<img loading=\"lazy\" decoding=\"async\" width=\"768\" height=\"512\" src=\"https:\/\/www.elturistatranquil.com\/wp-content\/uploads\/F100-Casa-de-los-Hiniestrosa-Belmonte-Cuenca.jpg\" class=\"attachment-large size-large wp-image-41762\" alt=\"Casa de los Hiniestrosa , Belmonte, Cuenca\" srcset=\"https:\/\/www.elturistatranquil.com\/wp-content\/uploads\/F100-Casa-de-los-Hiniestrosa-Belmonte-Cuenca.jpg 768w, https:\/\/www.elturistatranquil.com\/wp-content\/uploads\/F100-Casa-de-los-Hiniestrosa-Belmonte-Cuenca-339x226.jpg 339w\" sizes=\"(max-width: 768px) 100vw, 768px\" \/>\t\t\t\t\t\t\t\t\t\t\t<figcaption class=\"widget-image-caption wp-caption-text\"><\/figcaption>\n\t\t\t\t\t\t\t\t\t\t<\/figure>\n\t\t\t\t\t\t\t\t\t<\/div>\n\t\t\t\t<\/div>\n\t\t\t\t<div class=\"elementor-element elementor-element-5307e5e elementor-widget elementor-widget-heading\" data-id=\"5307e5e\" data-element_type=\"widget\" data-e-type=\"widget\" data-widget_type=\"heading.default\">\n\t\t\t\t<div class=\"elementor-widget-container\">\n\t\t\t\t\t<h4 class=\"elementor-heading-title elementor-size-default\">Tanca interior. Carrer San Isidro<\/h4>\t\t\t\t<\/div>\n\t\t\t\t<\/div>\n\t\t\t\t<div class=\"elementor-element elementor-element-9e2835a elementor-widget elementor-widget-text-editor\" data-id=\"9e2835a\" data-element_type=\"widget\" data-e-type=\"widget\" data-widget_type=\"text-editor.default\">\n\t\t\t\t<div class=\"elementor-widget-container\">\n\t\t\t\t\t\t\t\t\t<p>Descendint fins al t\u00e0lveg de la vila ens situem al <strong>carrer de San Isidro<\/strong> (<strong>8<\/strong>).<\/p><p>Segueix la direcci\u00f3 nord-est-sud-oest, des del pas d&#8217;aig\u00fces a la muralla al costat de la porta de San Juan (<strong>P5<\/strong>) fins al <strong>carrer Aguardas<\/strong> que passa per sota del convent dels Franciscans.<\/p><p>\u00a0Amb tota probabilitat aquest recorregut pel costat nord del t\u00e0lveg havia de correspondre a la primera tanca del caseriu de l&#8217;\u00e8poca de don Juan Manuel.<\/p><p>El costat sud del t\u00e0lveg correspon a aquesta a part a la separaci\u00f3 interior entre la vila i els terrenys del glacis del Castell. Actualment un reixat deixa veure el bosc d&#8217;aquesta part del castell, mentre que a partir de la <strong>porta d&#8217;acc\u00e9s al recinte del castell<\/strong> (<strong>8<\/strong>) queda delimitat per construccions urbanes fins a entroncar amb la muralla.<\/p>\t\t\t\t\t\t\t\t<\/div>\n\t\t\t\t<\/div>\n\t\t\t\t<div class=\"elementor-element elementor-element-b2cfc75 elementor-widget elementor-widget-image\" data-id=\"b2cfc75\" data-element_type=\"widget\" data-e-type=\"widget\" data-widget_type=\"image.default\">\n\t\t\t\t<div class=\"elementor-widget-container\">\n\t\t\t\t\t\t\t\t\t\t\t\t<figure class=\"wp-caption\">\n\t\t\t\t\t\t\t\t\t\t<img loading=\"lazy\" decoding=\"async\" width=\"768\" height=\"512\" src=\"https:\/\/www.elturistatranquil.com\/wp-content\/uploads\/F101-Cerca-interior.-Calle-San-Isidro-Belmonte-Cuenca.jpg\" class=\"attachment-large size-large wp-image-41764\" alt=\"Cerca interior. Calle San Isidro, Belmonte, Cuenca\" srcset=\"https:\/\/www.elturistatranquil.com\/wp-content\/uploads\/F101-Cerca-interior.-Calle-San-Isidro-Belmonte-Cuenca.jpg 768w, https:\/\/www.elturistatranquil.com\/wp-content\/uploads\/F101-Cerca-interior.-Calle-San-Isidro-Belmonte-Cuenca-339x226.jpg 339w\" sizes=\"(max-width: 768px) 100vw, 768px\" \/>\t\t\t\t\t\t\t\t\t\t\t<figcaption class=\"widget-image-caption wp-caption-text\"><\/figcaption>\n\t\t\t\t\t\t\t\t\t\t<\/figure>\n\t\t\t\t\t\t\t\t\t<\/div>\n\t\t\t\t<\/div>\n\t\t\t\t<div class=\"elementor-element elementor-element-f99a581 elementor-widget elementor-widget-text-editor\" data-id=\"f99a581\" data-element_type=\"widget\" data-e-type=\"widget\" data-widget_type=\"text-editor.default\">\n\t\t\t\t<div class=\"elementor-widget-container\">\n\t\t\t\t\t\t\t\t\t<p>Entrada a la tanca del Castell des de la vila (<strong>8<\/strong>).<\/p>\t\t\t\t\t\t\t\t<\/div>\n\t\t\t\t<\/div>\n\t\t\t\t<div class=\"elementor-element elementor-element-bd0e69d elementor-widget elementor-widget-menu-anchor\" data-id=\"bd0e69d\" data-element_type=\"widget\" data-e-type=\"widget\" data-widget_type=\"menu-anchor.default\">\n\t\t\t\t<div class=\"elementor-widget-container\">\n\t\t\t\t\t\t\t<div class=\"elementor-menu-anchor\" id=\"c7520\"><\/div>\n\t\t\t\t\t\t<\/div>\n\t\t\t\t<\/div>\n\t\t\t\t<div class=\"elementor-element elementor-element-6084396 elementor-widget elementor-widget-image\" data-id=\"6084396\" data-element_type=\"widget\" data-e-type=\"widget\" data-widget_type=\"image.default\">\n\t\t\t\t<div class=\"elementor-widget-container\">\n\t\t\t\t\t\t\t\t\t\t\t\t<figure class=\"wp-caption\">\n\t\t\t\t\t\t\t\t\t\t<img loading=\"lazy\" decoding=\"async\" width=\"768\" height=\"512\" src=\"https:\/\/www.elturistatranquil.com\/wp-content\/uploads\/F102-Cerca-interior.-Calle-San-Isidro-Belmonte-Cuenca.jpg\" class=\"attachment-large size-large wp-image-41766\" alt=\"Cerca interior. Calle San Isidro, Belmonte, Cuenca\" srcset=\"https:\/\/www.elturistatranquil.com\/wp-content\/uploads\/F102-Cerca-interior.-Calle-San-Isidro-Belmonte-Cuenca.jpg 768w, https:\/\/www.elturistatranquil.com\/wp-content\/uploads\/F102-Cerca-interior.-Calle-San-Isidro-Belmonte-Cuenca-339x226.jpg 339w\" sizes=\"(max-width: 768px) 100vw, 768px\" \/>\t\t\t\t\t\t\t\t\t\t\t<figcaption class=\"widget-image-caption wp-caption-text\"><\/figcaption>\n\t\t\t\t\t\t\t\t\t\t<\/figure>\n\t\t\t\t\t\t\t\t\t<\/div>\n\t\t\t\t<\/div>\n\t\t\t\t<div class=\"elementor-element elementor-element-45d2ec6 elementor-widget elementor-widget-heading\" data-id=\"45d2ec6\" data-element_type=\"widget\" data-e-type=\"widget\" data-widget_type=\"heading.default\">\n\t\t\t\t<div class=\"elementor-widget-container\">\n\t\t\t\t\t<h4 class=\"elementor-heading-title elementor-size-default\">Pla\u00e7a del Pilar i fonts<\/h4>\t\t\t\t<\/div>\n\t\t\t\t<\/div>\n\t\t\t\t<div class=\"elementor-element elementor-element-01a2b2c elementor-widget elementor-widget-text-editor\" data-id=\"01a2b2c\" data-element_type=\"widget\" data-e-type=\"widget\" data-widget_type=\"text-editor.default\">\n\t\t\t\t<div class=\"elementor-widget-container\">\n\t\t\t\t\t\t\t\t\t<p>El carrer Sant Isidre desemboca a la gran <strong>pla\u00e7a del Pilar<\/strong> (<strong>9<\/strong>). Tradicionalment va ser anomenada aix\u00ed pels pilars que tanquen dos dels seus fronts, situades als dos extrems de la pla\u00e7a.<\/p><p>Mirant cap al costat de llevant, per on hem entrat, el castell apareix amb el seu aspecte dominant des del tur\u00f3 de San Crist\u00f3bal.<\/p><p>En aquest extrem una gran rampa baixa cap a una font d&#8217;aigua salobre amb un gran abeurador a tota l&#8217;amplada destinat al bestiar.<\/p>\t\t\t\t\t\t\t\t<\/div>\n\t\t\t\t<\/div>\n\t\t\t\t<div class=\"elementor-element elementor-element-d1c4960 elementor-widget elementor-widget-image\" data-id=\"d1c4960\" data-element_type=\"widget\" data-e-type=\"widget\" data-widget_type=\"image.default\">\n\t\t\t\t<div class=\"elementor-widget-container\">\n\t\t\t\t\t\t\t\t\t\t\t\t<figure class=\"wp-caption\">\n\t\t\t\t\t\t\t\t\t\t<img loading=\"lazy\" decoding=\"async\" width=\"768\" height=\"512\" src=\"https:\/\/www.elturistatranquil.com\/wp-content\/uploads\/F103-Plaza-del-Pilar-Belmonte-Cuenca.jpg\" class=\"attachment-large size-large wp-image-41768\" alt=\"Plaza del Pilar, Belmonte, Cuenca\" srcset=\"https:\/\/www.elturistatranquil.com\/wp-content\/uploads\/F103-Plaza-del-Pilar-Belmonte-Cuenca.jpg 768w, https:\/\/www.elturistatranquil.com\/wp-content\/uploads\/F103-Plaza-del-Pilar-Belmonte-Cuenca-339x226.jpg 339w\" sizes=\"(max-width: 768px) 100vw, 768px\" \/>\t\t\t\t\t\t\t\t\t\t\t<figcaption class=\"widget-image-caption wp-caption-text\"><\/figcaption>\n\t\t\t\t\t\t\t\t\t\t<\/figure>\n\t\t\t\t\t\t\t\t\t<\/div>\n\t\t\t\t<\/div>\n\t\t\t\t<div class=\"elementor-element elementor-element-ca5d76a elementor-widget elementor-widget-image\" data-id=\"ca5d76a\" data-element_type=\"widget\" data-e-type=\"widget\" data-widget_type=\"image.default\">\n\t\t\t\t<div class=\"elementor-widget-container\">\n\t\t\t\t\t\t\t\t\t\t\t\t<figure class=\"wp-caption\">\n\t\t\t\t\t\t\t\t\t\t<img loading=\"lazy\" decoding=\"async\" width=\"768\" height=\"512\" src=\"https:\/\/www.elturistatranquil.com\/wp-content\/uploads\/F104-Plaza-del-Pilar-Belmonte-Cuenca.jpg\" class=\"attachment-large size-large wp-image-41770\" alt=\"Plaza del Pilar, Belmonte, Cuenca\" srcset=\"https:\/\/www.elturistatranquil.com\/wp-content\/uploads\/F104-Plaza-del-Pilar-Belmonte-Cuenca.jpg 768w, https:\/\/www.elturistatranquil.com\/wp-content\/uploads\/F104-Plaza-del-Pilar-Belmonte-Cuenca-339x226.jpg 339w\" sizes=\"(max-width: 768px) 100vw, 768px\" \/>\t\t\t\t\t\t\t\t\t\t\t<figcaption class=\"widget-image-caption wp-caption-text\"><\/figcaption>\n\t\t\t\t\t\t\t\t\t\t<\/figure>\n\t\t\t\t\t\t\t\t\t<\/div>\n\t\t\t\t<\/div>\n\t\t\t\t<div class=\"elementor-element elementor-element-a0507f9 elementor-widget elementor-widget-text-editor\" data-id=\"a0507f9\" data-element_type=\"widget\" data-e-type=\"widget\" data-widget_type=\"text-editor.default\">\n\t\t\t\t<div class=\"elementor-widget-container\">\n\t\t\t\t\t\t\t\t\t<p>A la banda oposada, a ponent, una font d&#8217;aigua dol\u00e7a. Constru\u00efda en pedra de carreuat i amb barbacana perqu\u00e8 no hi poguessin accedir els animals.<\/p>\t\t\t\t\t\t\t\t<\/div>\n\t\t\t\t<\/div>\n\t\t\t\t<div class=\"elementor-element elementor-element-e9f47d6 elementor-widget elementor-widget-image\" data-id=\"e9f47d6\" data-element_type=\"widget\" data-e-type=\"widget\" data-widget_type=\"image.default\">\n\t\t\t\t<div class=\"elementor-widget-container\">\n\t\t\t\t\t\t\t\t\t\t\t\t<figure class=\"wp-caption\">\n\t\t\t\t\t\t\t\t\t\t<img loading=\"lazy\" decoding=\"async\" width=\"768\" height=\"512\" src=\"https:\/\/www.elturistatranquil.com\/wp-content\/uploads\/F105-Plaza-del-Pilar-Belmonte-Cuenca.jpg\" class=\"attachment-large size-large wp-image-41772\" alt=\"Plaza del Pilar, Belmonte, Cuenca\" srcset=\"https:\/\/www.elturistatranquil.com\/wp-content\/uploads\/F105-Plaza-del-Pilar-Belmonte-Cuenca.jpg 768w, https:\/\/www.elturistatranquil.com\/wp-content\/uploads\/F105-Plaza-del-Pilar-Belmonte-Cuenca-339x226.jpg 339w\" sizes=\"(max-width: 768px) 100vw, 768px\" \/>\t\t\t\t\t\t\t\t\t\t\t<figcaption class=\"widget-image-caption wp-caption-text\"><\/figcaption>\n\t\t\t\t\t\t\t\t\t\t<\/figure>\n\t\t\t\t\t\t\t\t\t<\/div>\n\t\t\t\t<\/div>\n\t\t\t\t<div class=\"elementor-element elementor-element-48728e5 elementor-widget elementor-widget-image\" data-id=\"48728e5\" data-element_type=\"widget\" data-e-type=\"widget\" data-widget_type=\"image.default\">\n\t\t\t\t<div class=\"elementor-widget-container\">\n\t\t\t\t\t\t\t\t\t\t\t\t<figure class=\"wp-caption\">\n\t\t\t\t\t\t\t\t\t\t<img loading=\"lazy\" decoding=\"async\" width=\"768\" height=\"512\" src=\"https:\/\/www.elturistatranquil.com\/wp-content\/uploads\/F106-Plaza-del-Pilar-Belmonte-Cuenca.jpg\" class=\"attachment-large size-large wp-image-41774\" alt=\"Plaza del Pilar, Belmonte, Cuenca\" srcset=\"https:\/\/www.elturistatranquil.com\/wp-content\/uploads\/F106-Plaza-del-Pilar-Belmonte-Cuenca.jpg 768w, https:\/\/www.elturistatranquil.com\/wp-content\/uploads\/F106-Plaza-del-Pilar-Belmonte-Cuenca-339x226.jpg 339w\" sizes=\"(max-width: 768px) 100vw, 768px\" \/>\t\t\t\t\t\t\t\t\t\t\t<figcaption class=\"widget-image-caption wp-caption-text\"><\/figcaption>\n\t\t\t\t\t\t\t\t\t\t<\/figure>\n\t\t\t\t\t\t\t\t\t<\/div>\n\t\t\t\t<\/div>\n\t\t\t\t<div class=\"elementor-element elementor-element-7d1f11e elementor-widget elementor-widget-text-editor\" data-id=\"7d1f11e\" data-element_type=\"widget\" data-e-type=\"widget\" data-widget_type=\"text-editor.default\">\n\t\t\t\t<div class=\"elementor-widget-container\">\n\t\t\t\t\t\t\t\t\t<p>Els edificis de la pla\u00e7a responen a l&#8217;arquitectura tradicional manxega de cases blanques de dues o tres plantes.<\/p><p>Vestigis de cases porticades ens recorden que alguna vegada la pla\u00e7a mostrava porxades a les seves edificacions.<\/p>\t\t\t\t\t\t\t\t<\/div>\n\t\t\t\t<\/div>\n\t\t\t\t<div class=\"elementor-element elementor-element-a868fa6 elementor-widget elementor-widget-image\" data-id=\"a868fa6\" data-element_type=\"widget\" data-e-type=\"widget\" data-widget_type=\"image.default\">\n\t\t\t\t<div class=\"elementor-widget-container\">\n\t\t\t\t\t\t\t\t\t\t\t\t<figure class=\"wp-caption\">\n\t\t\t\t\t\t\t\t\t\t<img loading=\"lazy\" decoding=\"async\" width=\"768\" height=\"512\" src=\"https:\/\/www.elturistatranquil.com\/wp-content\/uploads\/F107-Plaza-del-Pilar-Belmonte-Cuenca.jpg\" class=\"attachment-large size-large wp-image-41776\" alt=\"Plaza del Pilar, Belmonte, Cuenca\" srcset=\"https:\/\/www.elturistatranquil.com\/wp-content\/uploads\/F107-Plaza-del-Pilar-Belmonte-Cuenca.jpg 768w, https:\/\/www.elturistatranquil.com\/wp-content\/uploads\/F107-Plaza-del-Pilar-Belmonte-Cuenca-339x226.jpg 339w\" sizes=\"(max-width: 768px) 100vw, 768px\" \/>\t\t\t\t\t\t\t\t\t\t\t<figcaption class=\"widget-image-caption wp-caption-text\"><\/figcaption>\n\t\t\t\t\t\t\t\t\t\t<\/figure>\n\t\t\t\t\t\t\t\t\t<\/div>\n\t\t\t\t<\/div>\n\t\t\t\t<div class=\"elementor-element elementor-element-a9b48aa elementor-widget elementor-widget-image\" data-id=\"a9b48aa\" data-element_type=\"widget\" data-e-type=\"widget\" data-widget_type=\"image.default\">\n\t\t\t\t<div class=\"elementor-widget-container\">\n\t\t\t\t\t\t\t\t\t\t\t\t<figure class=\"wp-caption\">\n\t\t\t\t\t\t\t\t\t\t<img loading=\"lazy\" decoding=\"async\" width=\"768\" height=\"512\" src=\"https:\/\/www.elturistatranquil.com\/wp-content\/uploads\/F108-Plaza-del-Pilar-Belmonte-Cuenca.jpg\" class=\"attachment-large size-large wp-image-41778\" alt=\"Plaza del Pilar, Belmonte, Cuenca\" srcset=\"https:\/\/www.elturistatranquil.com\/wp-content\/uploads\/F108-Plaza-del-Pilar-Belmonte-Cuenca.jpg 768w, https:\/\/www.elturistatranquil.com\/wp-content\/uploads\/F108-Plaza-del-Pilar-Belmonte-Cuenca-339x226.jpg 339w\" sizes=\"(max-width: 768px) 100vw, 768px\" \/>\t\t\t\t\t\t\t\t\t\t\t<figcaption class=\"widget-image-caption wp-caption-text\"><\/figcaption>\n\t\t\t\t\t\t\t\t\t\t<\/figure>\n\t\t\t\t\t\t\t\t\t<\/div>\n\t\t\t\t<\/div>\n\t\t\t\t<div class=\"elementor-element elementor-element-1b19376 elementor-widget elementor-widget-menu-anchor\" data-id=\"1b19376\" data-element_type=\"widget\" data-e-type=\"widget\" data-widget_type=\"menu-anchor.default\">\n\t\t\t\t<div class=\"elementor-widget-container\">\n\t\t\t\t\t\t\t<div class=\"elementor-menu-anchor\" id=\"c7521\"><\/div>\n\t\t\t\t\t\t<\/div>\n\t\t\t\t<\/div>\n\t\t\t\t<div class=\"elementor-element elementor-element-e29fb24 elementor-widget elementor-widget-image\" data-id=\"e29fb24\" data-element_type=\"widget\" data-e-type=\"widget\" data-widget_type=\"image.default\">\n\t\t\t\t<div class=\"elementor-widget-container\">\n\t\t\t\t\t\t\t\t\t\t\t\t<figure class=\"wp-caption\">\n\t\t\t\t\t\t\t\t\t\t<img loading=\"lazy\" decoding=\"async\" width=\"768\" height=\"512\" src=\"https:\/\/www.elturistatranquil.com\/wp-content\/uploads\/F109-Plaza-del-Pilar-Belmonte-Cuenca.jpg\" class=\"attachment-large size-large wp-image-41780\" alt=\"Plaza del Pilar, Belmonte, Cuenca\" srcset=\"https:\/\/www.elturistatranquil.com\/wp-content\/uploads\/F109-Plaza-del-Pilar-Belmonte-Cuenca.jpg 768w, https:\/\/www.elturistatranquil.com\/wp-content\/uploads\/F109-Plaza-del-Pilar-Belmonte-Cuenca-339x226.jpg 339w\" sizes=\"(max-width: 768px) 100vw, 768px\" \/>\t\t\t\t\t\t\t\t\t\t\t<figcaption class=\"widget-image-caption wp-caption-text\"><\/figcaption>\n\t\t\t\t\t\t\t\t\t\t<\/figure>\n\t\t\t\t\t\t\t\t\t<\/div>\n\t\t\t\t<\/div>\n\t\t\t\t<div class=\"elementor-element elementor-element-94a743a elementor-widget elementor-widget-heading\" data-id=\"94a743a\" data-element_type=\"widget\" data-e-type=\"widget\" data-widget_type=\"heading.default\">\n\t\t\t\t<div class=\"elementor-widget-container\">\n\t\t\t\t\t<h4 class=\"elementor-heading-title elementor-size-default\">Convent dels Franciscanos\/Trinitarios<\/h4>\t\t\t\t<\/div>\n\t\t\t\t<\/div>\n\t\t\t\t<div class=\"elementor-element elementor-element-dd18cfa elementor-widget elementor-widget-text-editor\" data-id=\"dd18cfa\" data-element_type=\"widget\" data-e-type=\"widget\" data-widget_type=\"text-editor.default\">\n\t\t\t\t<div class=\"elementor-widget-container\">\n\t\t\t\t\t\t\t\t\t<p>Darrere de la font d&#8217;aigua dol\u00e7a de ponent s&#8217;al\u00e7a el <strong>convent dels Franciscans<\/strong> (<strong>10<\/strong>).<\/p><p>Tamb\u00e9 manat construir per don Juan Pacheco, primer marqu\u00e8s de Villena, el 1456. No va tenir vida conventual fins al 1463, quan es va instal\u00b7lar la congregaci\u00f3 de Sant Francesc, que va romandre aqu\u00ed fins al 1919.<\/p><p>Amb la desamortitzaci\u00f3 de Mendiz\u00e1bal, el 1835, va ser adquirida pels Comtes de Buenavista que el van cedir als mateixos Franciscans i l&#8217;any 1919 van deixar definitivament el convent. El 1923 el convent va ser lliurat als Trinitaris que es van dedicar a l&#8217;ensenyament primari. El 1973 la comunitat trinit\u00e0ria abandona Belmonte per traslladar-se a la ve\u00efna localitat d&#8217;Alc\u00e1zar de San Juan.<\/p>\t\t\t\t\t\t\t\t<\/div>\n\t\t\t\t<\/div>\n\t\t\t\t<div class=\"elementor-element elementor-element-73c70da elementor-widget elementor-widget-image\" data-id=\"73c70da\" data-element_type=\"widget\" data-e-type=\"widget\" data-widget_type=\"image.default\">\n\t\t\t\t<div class=\"elementor-widget-container\">\n\t\t\t\t\t\t\t\t\t\t\t\t<figure class=\"wp-caption\">\n\t\t\t\t\t\t\t\t\t\t<img loading=\"lazy\" decoding=\"async\" width=\"768\" height=\"512\" src=\"https:\/\/www.elturistatranquil.com\/wp-content\/uploads\/F110-Convento-de-los-Franciscanos-Belmonte-Cuenca.jpg\" class=\"attachment-large size-large wp-image-41782\" alt=\"Convento de los Franciscanos, Belmonte, Cuenca\" srcset=\"https:\/\/www.elturistatranquil.com\/wp-content\/uploads\/F110-Convento-de-los-Franciscanos-Belmonte-Cuenca.jpg 768w, https:\/\/www.elturistatranquil.com\/wp-content\/uploads\/F110-Convento-de-los-Franciscanos-Belmonte-Cuenca-339x226.jpg 339w\" sizes=\"(max-width: 768px) 100vw, 768px\" \/>\t\t\t\t\t\t\t\t\t\t\t<figcaption class=\"widget-image-caption wp-caption-text\"><\/figcaption>\n\t\t\t\t\t\t\t\t\t\t<\/figure>\n\t\t\t\t\t\t\t\t\t<\/div>\n\t\t\t\t<\/div>\n\t\t\t\t<div class=\"elementor-element elementor-element-6ab384e elementor-widget elementor-widget-text-editor\" data-id=\"6ab384e\" data-element_type=\"widget\" data-e-type=\"widget\" data-widget_type=\"text-editor.default\">\n\t\t\t\t<div class=\"elementor-widget-container\">\n\t\t\t\t\t\t\t\t\t<p>Com que \u00e9s esgl\u00e9sia del convent t\u00e9 m\u00e9s dificultat en l&#8217;acc\u00e9s i no t\u00e9 pila baptismal. L&#8217;Esgl\u00e9sia i la torre encara conserven les seves funcions religioses, mentre que el convent, deshabitat, ha estat restaurat i se n&#8217;ha destinat part per al seu \u00fas com a Centre de Salut.<\/p>\t\t\t\t\t\t\t\t<\/div>\n\t\t\t\t<\/div>\n\t\t\t\t<div class=\"elementor-element elementor-element-21be863 elementor-widget elementor-widget-menu-anchor\" data-id=\"21be863\" data-element_type=\"widget\" data-e-type=\"widget\" data-widget_type=\"menu-anchor.default\">\n\t\t\t\t<div class=\"elementor-widget-container\">\n\t\t\t\t\t\t\t<div class=\"elementor-menu-anchor\" id=\"c7522\"><\/div>\n\t\t\t\t\t\t<\/div>\n\t\t\t\t<\/div>\n\t\t\t\t<div class=\"elementor-element elementor-element-14001b1 elementor-widget elementor-widget-image\" data-id=\"14001b1\" data-element_type=\"widget\" data-e-type=\"widget\" data-widget_type=\"image.default\">\n\t\t\t\t<div class=\"elementor-widget-container\">\n\t\t\t\t\t\t\t\t\t\t\t\t<figure class=\"wp-caption\">\n\t\t\t\t\t\t\t\t\t\t<img loading=\"lazy\" decoding=\"async\" width=\"768\" height=\"512\" src=\"https:\/\/www.elturistatranquil.com\/wp-content\/uploads\/F111-Convento-de-los-Franciscanos-Belmonte-Cuenca.jpg\" class=\"attachment-large size-large wp-image-41784\" alt=\"Convento de los Franciscanos, Belmonte, Cuenca\" srcset=\"https:\/\/www.elturistatranquil.com\/wp-content\/uploads\/F111-Convento-de-los-Franciscanos-Belmonte-Cuenca.jpg 768w, https:\/\/www.elturistatranquil.com\/wp-content\/uploads\/F111-Convento-de-los-Franciscanos-Belmonte-Cuenca-339x226.jpg 339w\" sizes=\"(max-width: 768px) 100vw, 768px\" \/>\t\t\t\t\t\t\t\t\t\t\t<figcaption class=\"widget-image-caption wp-caption-text\"><\/figcaption>\n\t\t\t\t\t\t\t\t\t\t<\/figure>\n\t\t\t\t\t\t\t\t\t<\/div>\n\t\t\t\t<\/div>\n\t\t\t\t<div class=\"elementor-element elementor-element-58c4da9 elementor-widget elementor-widget-heading\" data-id=\"58c4da9\" data-element_type=\"widget\" data-e-type=\"widget\" data-widget_type=\"heading.default\">\n\t\t\t\t<div class=\"elementor-widget-container\">\n\t\t\t\t\t<h4 class=\"elementor-heading-title elementor-size-default\">Casa dels Baillo<\/h4>\t\t\t\t<\/div>\n\t\t\t\t<\/div>\n\t\t\t\t<div class=\"elementor-element elementor-element-bac35b5 elementor-widget elementor-widget-text-editor\" data-id=\"bac35b5\" data-element_type=\"widget\" data-e-type=\"widget\" data-widget_type=\"text-editor.default\">\n\t\t\t\t<div class=\"elementor-widget-container\">\n\t\t\t\t\t\t\t\t\t<p>Em dirigeixo al centre de la vila pel <strong>carrer Lucas Parra<\/strong> i continuo pel <strong>carrer Elena Osorio<\/strong>.<\/p>\t\t\t\t\t\t\t\t<\/div>\n\t\t\t\t<\/div>\n\t\t\t\t<div class=\"elementor-element elementor-element-da2fb05 elementor-widget elementor-widget-image\" data-id=\"da2fb05\" data-element_type=\"widget\" data-e-type=\"widget\" data-widget_type=\"image.default\">\n\t\t\t\t<div class=\"elementor-widget-container\">\n\t\t\t\t\t\t\t\t\t\t\t\t<figure class=\"wp-caption\">\n\t\t\t\t\t\t\t\t\t\t<img loading=\"lazy\" decoding=\"async\" width=\"768\" height=\"512\" src=\"https:\/\/www.elturistatranquil.com\/wp-content\/uploads\/F112-Belmonte-Cuenca.jpg\" class=\"attachment-large size-large wp-image-41786\" alt=\"Belmonte, Cuenca\" srcset=\"https:\/\/www.elturistatranquil.com\/wp-content\/uploads\/F112-Belmonte-Cuenca.jpg 768w, https:\/\/www.elturistatranquil.com\/wp-content\/uploads\/F112-Belmonte-Cuenca-339x226.jpg 339w\" sizes=\"(max-width: 768px) 100vw, 768px\" \/>\t\t\t\t\t\t\t\t\t\t\t<figcaption class=\"widget-image-caption wp-caption-text\"><\/figcaption>\n\t\t\t\t\t\t\t\t\t\t<\/figure>\n\t\t\t\t\t\t\t\t\t<\/div>\n\t\t\t\t<\/div>\n\t\t\t\t<div class=\"elementor-element elementor-element-17b708d elementor-widget elementor-widget-text-editor\" data-id=\"17b708d\" data-element_type=\"widget\" data-e-type=\"widget\" data-widget_type=\"text-editor.default\">\n\t\t\t\t<div class=\"elementor-widget-container\">\n\t\t\t\t\t\t\t\t\t<p>Al n\u00famero 3 del <strong>carrer Elena Osorio<\/strong> hi ha la <strong>casa senyorial dels Baillo<\/strong> (<strong>11<\/strong>).<\/p><p>Hi destaca la seva magn\u00edfica fa\u00e7ana, probablement realitzada a finals del segle XVII, o segle XVIII.<\/p>\t\t\t\t\t\t\t\t<\/div>\n\t\t\t\t<\/div>\n\t\t\t\t<div class=\"elementor-element elementor-element-5861be8 elementor-widget elementor-widget-image\" data-id=\"5861be8\" data-element_type=\"widget\" data-e-type=\"widget\" data-widget_type=\"image.default\">\n\t\t\t\t<div class=\"elementor-widget-container\">\n\t\t\t\t\t\t\t\t\t\t\t\t<figure class=\"wp-caption\">\n\t\t\t\t\t\t\t\t\t\t<img loading=\"lazy\" decoding=\"async\" width=\"768\" height=\"512\" src=\"https:\/\/www.elturistatranquil.com\/wp-content\/uploads\/F113-Casa-senorial-de-los-Baillo-Belmonte-Cuenca.jpg\" class=\"attachment-large size-large wp-image-41788\" alt=\"Casa se\u00f1orial de los Baillo, Belmonte, Cuenca\" srcset=\"https:\/\/www.elturistatranquil.com\/wp-content\/uploads\/F113-Casa-senorial-de-los-Baillo-Belmonte-Cuenca.jpg 768w, https:\/\/www.elturistatranquil.com\/wp-content\/uploads\/F113-Casa-senorial-de-los-Baillo-Belmonte-Cuenca-339x226.jpg 339w\" sizes=\"(max-width: 768px) 100vw, 768px\" \/>\t\t\t\t\t\t\t\t\t\t\t<figcaption class=\"widget-image-caption wp-caption-text\"><\/figcaption>\n\t\t\t\t\t\t\t\t\t\t<\/figure>\n\t\t\t\t\t\t\t\t\t<\/div>\n\t\t\t\t<\/div>\n\t\t\t\t<div class=\"elementor-element elementor-element-077906e elementor-widget elementor-widget-text-editor\" data-id=\"077906e\" data-element_type=\"widget\" data-e-type=\"widget\" data-widget_type=\"text-editor.default\">\n\t\t\t\t<div class=\"elementor-widget-container\">\n\t\t\t\t\t\t\t\t\t<p>La porta principal \u00e9s de pedra de carreuat, element tamb\u00e9 freq\u00fcent en altres punts de la fa\u00e7ana o els cantons; a m\u00e9s, est\u00e0 present l&#8217;escut de la fam\u00edlia. En aquest cas, a sobre del balc\u00f3 podem observar l&#8217;escut dels Baillo emmarcat en pedra i interrompent el r\u00e0fec. Finestres de reixeria a la planta baixa i balconatge a la primera principal.<\/p>\t\t\t\t\t\t\t\t<\/div>\n\t\t\t\t<\/div>\n\t\t\t\t<section class=\"elementor-section elementor-inner-section elementor-element elementor-element-04f0902 elementor-section-boxed elementor-section-height-default elementor-section-height-default\" data-id=\"04f0902\" data-element_type=\"section\" data-e-type=\"section\">\n\t\t\t\t\t\t<div class=\"elementor-container elementor-column-gap-default\">\n\t\t\t\t\t<div class=\"elementor-column elementor-col-50 elementor-inner-column elementor-element elementor-element-7542c82\" data-id=\"7542c82\" data-element_type=\"column\" data-e-type=\"column\">\n\t\t\t<div class=\"elementor-widget-wrap elementor-element-populated\">\n\t\t\t\t\t\t<div class=\"elementor-element elementor-element-7fb35d1 elementor-widget elementor-widget-image\" data-id=\"7fb35d1\" data-element_type=\"widget\" data-e-type=\"widget\" data-widget_type=\"image.default\">\n\t\t\t\t<div class=\"elementor-widget-container\">\n\t\t\t\t\t\t\t\t\t\t\t\t\t\t\t<img loading=\"lazy\" decoding=\"async\" width=\"367\" height=\"550\" src=\"https:\/\/www.elturistatranquil.com\/wp-content\/uploads\/F114m-Casa-senorial-de-los-Baillo-Belmonte-Cuenca.jpg\" class=\"attachment-large size-large wp-image-41790\" alt=\"Casa se\u00f1orial de los Baillo, Belmonte, Cuenca\" srcset=\"https:\/\/www.elturistatranquil.com\/wp-content\/uploads\/F114m-Casa-senorial-de-los-Baillo-Belmonte-Cuenca.jpg 367w, https:\/\/www.elturistatranquil.com\/wp-content\/uploads\/F114m-Casa-senorial-de-los-Baillo-Belmonte-Cuenca-151x226.jpg 151w\" sizes=\"(max-width: 367px) 100vw, 367px\" \/>\t\t\t\t\t\t\t\t\t\t\t\t\t\t\t<\/div>\n\t\t\t\t<\/div>\n\t\t\t\t\t<\/div>\n\t\t<\/div>\n\t\t\t\t<div class=\"elementor-column elementor-col-50 elementor-inner-column elementor-element elementor-element-39aa489\" data-id=\"39aa489\" data-element_type=\"column\" data-e-type=\"column\">\n\t\t\t<div class=\"elementor-widget-wrap elementor-element-populated\">\n\t\t\t\t\t\t<div class=\"elementor-element elementor-element-7c7e334 elementor-widget elementor-widget-image\" data-id=\"7c7e334\" data-element_type=\"widget\" data-e-type=\"widget\" data-widget_type=\"image.default\">\n\t\t\t\t<div class=\"elementor-widget-container\">\n\t\t\t\t\t\t\t\t\t\t\t\t\t\t\t<img loading=\"lazy\" decoding=\"async\" width=\"367\" height=\"550\" src=\"https:\/\/www.elturistatranquil.com\/wp-content\/uploads\/F114n-Casa-senorial-de-los-Baillo-Belmonte-Cuenca.jpg\" class=\"attachment-large size-large wp-image-41792\" alt=\"Casa se\u00f1orial de los Baillo, Belmonte, Cuenca\" srcset=\"https:\/\/www.elturistatranquil.com\/wp-content\/uploads\/F114n-Casa-senorial-de-los-Baillo-Belmonte-Cuenca.jpg 367w, https:\/\/www.elturistatranquil.com\/wp-content\/uploads\/F114n-Casa-senorial-de-los-Baillo-Belmonte-Cuenca-151x226.jpg 151w\" sizes=\"(max-width: 367px) 100vw, 367px\" \/>\t\t\t\t\t\t\t\t\t\t\t\t\t\t\t<\/div>\n\t\t\t\t<\/div>\n\t\t\t\t\t<\/div>\n\t\t<\/div>\n\t\t\t\t\t<\/div>\n\t\t<\/section>\n\t\t\t\t<section class=\"elementor-section elementor-inner-section elementor-element elementor-element-2750d07 elementor-section-boxed elementor-section-height-default elementor-section-height-default\" data-id=\"2750d07\" data-element_type=\"section\" data-e-type=\"section\">\n\t\t\t\t\t\t<div class=\"elementor-container elementor-column-gap-default\">\n\t\t\t\t\t<div class=\"elementor-column elementor-col-50 elementor-inner-column elementor-element elementor-element-b56c38b\" data-id=\"b56c38b\" data-element_type=\"column\" data-e-type=\"column\">\n\t\t\t<div class=\"elementor-widget-wrap elementor-element-populated\">\n\t\t\t\t\t\t<div class=\"elementor-element elementor-element-24c2116 elementor-widget elementor-widget-image\" data-id=\"24c2116\" data-element_type=\"widget\" data-e-type=\"widget\" data-widget_type=\"image.default\">\n\t\t\t\t<div class=\"elementor-widget-container\">\n\t\t\t\t\t\t\t\t\t\t\t\t\t\t\t<img loading=\"lazy\" decoding=\"async\" width=\"380\" height=\"380\" src=\"https:\/\/www.elturistatranquil.com\/wp-content\/uploads\/F114o-Casa-senorial-de-los-Baillo-Belmonte-Cuenca.jpg\" class=\"attachment-large size-large wp-image-41794\" alt=\"Casa se\u00f1orial de los Baillo, Belmonte, Cuenca\" srcset=\"https:\/\/www.elturistatranquil.com\/wp-content\/uploads\/F114o-Casa-senorial-de-los-Baillo-Belmonte-Cuenca.jpg 380w, https:\/\/www.elturistatranquil.com\/wp-content\/uploads\/F114o-Casa-senorial-de-los-Baillo-Belmonte-Cuenca-226x226.jpg 226w\" sizes=\"(max-width: 380px) 100vw, 380px\" \/>\t\t\t\t\t\t\t\t\t\t\t\t\t\t\t<\/div>\n\t\t\t\t<\/div>\n\t\t\t\t\t<\/div>\n\t\t<\/div>\n\t\t\t\t<div class=\"elementor-column elementor-col-50 elementor-inner-column elementor-element elementor-element-0376672\" data-id=\"0376672\" data-element_type=\"column\" data-e-type=\"column\">\n\t\t\t<div class=\"elementor-widget-wrap elementor-element-populated\">\n\t\t\t\t\t\t<div class=\"elementor-element elementor-element-95593b6 elementor-widget elementor-widget-image\" data-id=\"95593b6\" data-element_type=\"widget\" data-e-type=\"widget\" data-widget_type=\"image.default\">\n\t\t\t\t<div class=\"elementor-widget-container\">\n\t\t\t\t\t\t\t\t\t\t\t\t\t\t\t<img loading=\"lazy\" decoding=\"async\" width=\"380\" height=\"380\" src=\"https:\/\/www.elturistatranquil.com\/wp-content\/uploads\/F114p-Casa-senorial-de-los-Baillo-Belmonte-Cuenca.jpg\" class=\"attachment-large size-large wp-image-41796\" alt=\"Casa se\u00f1orial de los Baillo, Belmonte, Cuenca\" srcset=\"https:\/\/www.elturistatranquil.com\/wp-content\/uploads\/F114p-Casa-senorial-de-los-Baillo-Belmonte-Cuenca.jpg 380w, https:\/\/www.elturistatranquil.com\/wp-content\/uploads\/F114p-Casa-senorial-de-los-Baillo-Belmonte-Cuenca-226x226.jpg 226w\" sizes=\"(max-width: 380px) 100vw, 380px\" \/>\t\t\t\t\t\t\t\t\t\t\t\t\t\t\t<\/div>\n\t\t\t\t<\/div>\n\t\t\t\t\t<\/div>\n\t\t<\/div>\n\t\t\t\t\t<\/div>\n\t\t<\/section>\n\t\t\t\t<div class=\"elementor-element elementor-element-6b30f60 elementor-widget elementor-widget-menu-anchor\" data-id=\"6b30f60\" data-element_type=\"widget\" data-e-type=\"widget\" data-widget_type=\"menu-anchor.default\">\n\t\t\t\t<div class=\"elementor-widget-container\">\n\t\t\t\t\t\t\t<div class=\"elementor-menu-anchor\" id=\"c7523\"><\/div>\n\t\t\t\t\t\t<\/div>\n\t\t\t\t<\/div>\n\t\t\t\t<div class=\"elementor-element elementor-element-d27dd32 elementor-widget elementor-widget-heading\" data-id=\"d27dd32\" data-element_type=\"widget\" data-e-type=\"widget\" data-widget_type=\"heading.default\">\n\t\t\t\t<div class=\"elementor-widget-container\">\n\t\t\t\t\t<h4 class=\"elementor-heading-title elementor-size-default\">Pla\u00e7a Major, Casa Consistorial<\/h4>\t\t\t\t<\/div>\n\t\t\t\t<\/div>\n\t\t\t\t<div class=\"elementor-element elementor-element-08ff5e7 elementor-widget elementor-widget-text-editor\" data-id=\"08ff5e7\" data-element_type=\"widget\" data-e-type=\"widget\" data-widget_type=\"text-editor.default\">\n\t\t\t\t<div class=\"elementor-widget-container\">\n\t\t\t\t\t\t\t\t\t<p>La <strong>pla\u00e7a Major<\/strong> (<strong>12<\/strong>), de forma quadrangular, se situa sobre el carrer principal que unia les portes de San Juan i de la Estrella.<\/p><p>A la cantonada sud s&#8217;ubica l&#8217;actual <strong>Casa Consistorial<\/strong> en un edifici de nova planta constru\u00eft entre els anys 1955 i 56. Per a la seva construcci\u00f3 es van utilitzar elements de l&#8217;antic edifici: pedra de carreuat -que es pot veure a la llinda de la porta principal- , l&#8217;escut d&#8217;armes, tal com estava, o la campana de la torre que procedia del Col\u00b7legi dels Jesu\u00eftes.<\/p><p>L&#8217;antic edifici de l&#8217;Ajuntament respectava la tra\u00e7a d&#8217;edifici medieval -probablement del segle XIV o XV-, i es recorden els escuts d&#8217;armes de la casa de Villena a diferents indrets del Sal\u00f3 de Sessions.<\/p>\t\t\t\t\t\t\t\t<\/div>\n\t\t\t\t<\/div>\n\t\t\t\t<div class=\"elementor-element elementor-element-f834fff elementor-widget elementor-widget-image\" data-id=\"f834fff\" data-element_type=\"widget\" data-e-type=\"widget\" data-widget_type=\"image.default\">\n\t\t\t\t<div class=\"elementor-widget-container\">\n\t\t\t\t\t\t\t\t\t\t\t\t<figure class=\"wp-caption\">\n\t\t\t\t\t\t\t\t\t\t<img loading=\"lazy\" decoding=\"async\" width=\"768\" height=\"512\" src=\"https:\/\/www.elturistatranquil.com\/wp-content\/uploads\/F115-Plaza-Mayor-y-Casa-Consistorial-Belmonte-Cuenca.jpg\" class=\"attachment-large size-large wp-image-41798\" alt=\"Plaza Mayor y Casa Consistorial, Belmonte, Cuenca\" srcset=\"https:\/\/www.elturistatranquil.com\/wp-content\/uploads\/F115-Plaza-Mayor-y-Casa-Consistorial-Belmonte-Cuenca.jpg 768w, https:\/\/www.elturistatranquil.com\/wp-content\/uploads\/F115-Plaza-Mayor-y-Casa-Consistorial-Belmonte-Cuenca-339x226.jpg 339w\" sizes=\"(max-width: 768px) 100vw, 768px\" \/>\t\t\t\t\t\t\t\t\t\t\t<figcaption class=\"widget-image-caption wp-caption-text\"><\/figcaption>\n\t\t\t\t\t\t\t\t\t\t<\/figure>\n\t\t\t\t\t\t\t\t\t<\/div>\n\t\t\t\t<\/div>\n\t\t\t\t<div class=\"elementor-element elementor-element-a55207b elementor-widget elementor-widget-text-editor\" data-id=\"a55207b\" data-element_type=\"widget\" data-e-type=\"widget\" data-widget_type=\"text-editor.default\">\n\t\t\t\t<div class=\"elementor-widget-container\">\n\t\t\t\t\t\t\t\t\t<p>La majoria de la resta d&#8217;edificis de la pla\u00e7a respecten amb m\u00e9s o menys encert l&#8217;arquitectura tradicional i pairal manxega, de dues o tres plantes.<\/p><p>Un monument homenatja Fra Luis de Le\u00f3n.<\/p>\t\t\t\t\t\t\t\t<\/div>\n\t\t\t\t<\/div>\n\t\t\t\t<div class=\"elementor-element elementor-element-426625d elementor-widget elementor-widget-image\" data-id=\"426625d\" data-element_type=\"widget\" data-e-type=\"widget\" data-widget_type=\"image.default\">\n\t\t\t\t<div class=\"elementor-widget-container\">\n\t\t\t\t\t\t\t\t\t\t\t\t<figure class=\"wp-caption\">\n\t\t\t\t\t\t\t\t\t\t<img loading=\"lazy\" decoding=\"async\" width=\"768\" height=\"512\" src=\"https:\/\/www.elturistatranquil.com\/wp-content\/uploads\/F116-Plaza-Mayor-Belmonte-Cuenca.jpg\" class=\"attachment-large size-large wp-image-41800\" alt=\"Plaza Mayor, Belmonte, Cuenca\" srcset=\"https:\/\/www.elturistatranquil.com\/wp-content\/uploads\/F116-Plaza-Mayor-Belmonte-Cuenca.jpg 768w, https:\/\/www.elturistatranquil.com\/wp-content\/uploads\/F116-Plaza-Mayor-Belmonte-Cuenca-339x226.jpg 339w\" sizes=\"(max-width: 768px) 100vw, 768px\" \/>\t\t\t\t\t\t\t\t\t\t\t<figcaption class=\"widget-image-caption wp-caption-text\"><\/figcaption>\n\t\t\t\t\t\t\t\t\t\t<\/figure>\n\t\t\t\t\t\t\t\t\t<\/div>\n\t\t\t\t<\/div>\n\t\t\t\t<div class=\"elementor-element elementor-element-78491f6 elementor-widget elementor-widget-text-editor\" data-id=\"78491f6\" data-element_type=\"widget\" data-e-type=\"widget\" data-widget_type=\"text-editor.default\">\n\t\t\t\t<div class=\"elementor-widget-container\">\n\t\t\t\t\t\t\t\t\t<p>El <strong>carrer Arquitecto Sureda<\/strong> uneix la pla\u00e7a Major amb la porta de Chinchilla. Carrer de cases senyorials i tradicionals manxegues.<\/p><p>Amb aquest carrer es reconeix l&#8217;arquitecte Alejandro Sureda (Palma de Mallorca, 1815-Madrid, 1889) pel seu paper a la restauraci\u00f3 del castell de Belmonte per enc\u00e0rrec d&#8217;Eugenia de Montijo.<\/p>\t\t\t\t\t\t\t\t<\/div>\n\t\t\t\t<\/div>\n\t\t\t\t<div class=\"elementor-element elementor-element-97724f1 elementor-widget elementor-widget-image\" data-id=\"97724f1\" data-element_type=\"widget\" data-e-type=\"widget\" data-widget_type=\"image.default\">\n\t\t\t\t<div class=\"elementor-widget-container\">\n\t\t\t\t\t\t\t\t\t\t\t\t<figure class=\"wp-caption\">\n\t\t\t\t\t\t\t\t\t\t<img loading=\"lazy\" decoding=\"async\" width=\"768\" height=\"512\" src=\"https:\/\/www.elturistatranquil.com\/wp-content\/uploads\/F117-Calle-Arquitecto-Sureda-Belmonte-Cuenca.jpg\" class=\"attachment-large size-large wp-image-41802\" alt=\"Calle Arquitecto Sureda, Belmonte, Cuenca\" srcset=\"https:\/\/www.elturistatranquil.com\/wp-content\/uploads\/F117-Calle-Arquitecto-Sureda-Belmonte-Cuenca.jpg 768w, https:\/\/www.elturistatranquil.com\/wp-content\/uploads\/F117-Calle-Arquitecto-Sureda-Belmonte-Cuenca-339x226.jpg 339w\" sizes=\"(max-width: 768px) 100vw, 768px\" \/>\t\t\t\t\t\t\t\t\t\t\t<figcaption class=\"widget-image-caption wp-caption-text\"><\/figcaption>\n\t\t\t\t\t\t\t\t\t\t<\/figure>\n\t\t\t\t\t\t\t\t\t<\/div>\n\t\t\t\t<\/div>\n\t\t\t\t<div class=\"elementor-element elementor-element-f7ff800 elementor-widget elementor-widget-menu-anchor\" data-id=\"f7ff800\" data-element_type=\"widget\" data-e-type=\"widget\" data-widget_type=\"menu-anchor.default\">\n\t\t\t\t<div class=\"elementor-widget-container\">\n\t\t\t\t\t\t\t<div class=\"elementor-menu-anchor\" id=\"c7524\"><\/div>\n\t\t\t\t\t\t<\/div>\n\t\t\t\t<\/div>\n\t\t\t\t<div class=\"elementor-element elementor-element-002bca7 elementor-widget elementor-widget-image\" data-id=\"002bca7\" data-element_type=\"widget\" data-e-type=\"widget\" data-widget_type=\"image.default\">\n\t\t\t\t<div class=\"elementor-widget-container\">\n\t\t\t\t\t\t\t\t\t\t\t\t<figure class=\"wp-caption\">\n\t\t\t\t\t\t\t\t\t\t<img loading=\"lazy\" decoding=\"async\" width=\"768\" height=\"512\" src=\"https:\/\/www.elturistatranquil.com\/wp-content\/uploads\/F118-Calle-Arquitecto-Sureda-Belmonte-Cuenca.jpg\" class=\"attachment-large size-large wp-image-41804\" alt=\"Calle Arquitecto Sureda, Belmonte, Cuenca\" srcset=\"https:\/\/www.elturistatranquil.com\/wp-content\/uploads\/F118-Calle-Arquitecto-Sureda-Belmonte-Cuenca.jpg 768w, https:\/\/www.elturistatranquil.com\/wp-content\/uploads\/F118-Calle-Arquitecto-Sureda-Belmonte-Cuenca-339x226.jpg 339w\" sizes=\"(max-width: 768px) 100vw, 768px\" \/>\t\t\t\t\t\t\t\t\t\t\t<figcaption class=\"widget-image-caption wp-caption-text\"><\/figcaption>\n\t\t\t\t\t\t\t\t\t\t<\/figure>\n\t\t\t\t\t\t\t\t\t<\/div>\n\t\t\t\t<\/div>\n\t\t\t\t<div class=\"elementor-element elementor-element-1dd0854 elementor-widget elementor-widget-heading\" data-id=\"1dd0854\" data-element_type=\"widget\" data-e-type=\"widget\" data-widget_type=\"heading.default\">\n\t\t\t\t<div class=\"elementor-widget-container\">\n\t\t\t\t\t<h4 class=\"elementor-heading-title elementor-size-default\">Casa de Medievo Bellomonte. Corral de com\u00e8dies<\/h4>\t\t\t\t<\/div>\n\t\t\t\t<\/div>\n\t\t\t\t<div class=\"elementor-element elementor-element-b27e265 elementor-widget elementor-widget-text-editor\" data-id=\"b27e265\" data-element_type=\"widget\" data-e-type=\"widget\" data-widget_type=\"text-editor.default\">\n\t\t\t\t<div class=\"elementor-widget-container\">\n\t\t\t\t\t\t\t\t\t<p>Al <strong>carrer Lucas Parra<\/strong> n\u00famero 20 una edificaci\u00f3 que abasta diverses cases acull la <strong>Casa Bellomonte<\/strong> (<strong>13<\/strong>) al costat del lloc que s&#8217;allotjava al segle XVII el <strong>Corral de Com\u00e8dies<\/strong> de Belmonte. Del Corral nom\u00e9s en queda la fa\u00e7ana, mentre que a les cases s&#8217;ha procedit a una <strong>recreaci\u00f3 de l&#8217;interior una casa del segle XV en forma de casa-museu<\/strong>.<\/p><p>Aquesta casa museu \u00e9s una iniciativa privada de la <strong>Asociaci\u00f3n de Recreaci\u00f3n Hist\u00f3rica del siglo XV<\/strong>. Un grup d&#8217;entusiastes de la hist\u00f2ria de Belmonte que inverteixen el seu temps i recursos a haver creat aquest museu i desenvolupar activitats de recreaci\u00f3 hist\u00f2rica sense \u00e0nim de lucre.<\/p><p>Les instal\u00b7lacions de la <strong>Casa Bellomonte<\/strong> estan dividides en dos grans \u00e0mbits. La planta baixa est\u00e0 destinada a activitats did\u00e0ctiques relacionades amb les armes de l&#8217;Edat Mitjana anteriors a la p\u00f3lvora i activitats artesanals. L&#8217;altre gran bloc est\u00e0 destinat a la recreaci\u00f3 d&#8217;un habitatge d&#8217;una fam\u00edlia acomodada, amb tot l&#8217;aixovar.<\/p><p>En primer terme de la fotografia, la fa\u00e7ana del Corral de Com\u00e8dies. A continuaci\u00f3, les dues cases que s&#8217;han condicionat com a casa-museu. A la cantonada, el monstru\u00f3s edifici consentit que trenca amb tota l&#8217;harmonia del conjunt hist\u00f2ric, i del qual ja n&#8217;he parlat.<\/p>\t\t\t\t\t\t\t\t<\/div>\n\t\t\t\t<\/div>\n\t\t\t\t<div class=\"elementor-element elementor-element-10c1fed elementor-widget elementor-widget-image\" data-id=\"10c1fed\" data-element_type=\"widget\" data-e-type=\"widget\" data-widget_type=\"image.default\">\n\t\t\t\t<div class=\"elementor-widget-container\">\n\t\t\t\t\t\t\t\t\t\t\t\t<figure class=\"wp-caption\">\n\t\t\t\t\t\t\t\t\t\t<img loading=\"lazy\" decoding=\"async\" width=\"768\" height=\"512\" src=\"https:\/\/www.elturistatranquil.com\/wp-content\/uploads\/F119-Corral-de-comedias-y-casa-Bellomonte-Belmonte-Cuenca.jpg\" class=\"attachment-large size-large wp-image-41806\" alt=\"Corral de comedias y casa Bellomonte, Belmonte, Cuenca\" srcset=\"https:\/\/www.elturistatranquil.com\/wp-content\/uploads\/F119-Corral-de-comedias-y-casa-Bellomonte-Belmonte-Cuenca.jpg 768w, https:\/\/www.elturistatranquil.com\/wp-content\/uploads\/F119-Corral-de-comedias-y-casa-Bellomonte-Belmonte-Cuenca-339x226.jpg 339w\" sizes=\"(max-width: 768px) 100vw, 768px\" \/>\t\t\t\t\t\t\t\t\t\t\t<figcaption class=\"widget-image-caption wp-caption-text\"><\/figcaption>\n\t\t\t\t\t\t\t\t\t\t<\/figure>\n\t\t\t\t\t\t\t\t\t<\/div>\n\t\t\t\t<\/div>\n\t\t\t\t<div class=\"elementor-element elementor-element-2b9a5f0 elementor-widget elementor-widget-text-editor\" data-id=\"2b9a5f0\" data-element_type=\"widget\" data-e-type=\"widget\" data-widget_type=\"text-editor.default\">\n\t\t\t\t<div class=\"elementor-widget-container\">\n\t\t\t\t\t\t\t\t\t<p>A la dreta de l\u2019entrada l\u2019\u00e0mbit destinat a armeria i equip militar medieval.<\/p>\t\t\t\t\t\t\t\t<\/div>\n\t\t\t\t<\/div>\n\t\t\t\t<div class=\"elementor-element elementor-element-8ea9856 elementor-widget elementor-widget-image\" data-id=\"8ea9856\" data-element_type=\"widget\" data-e-type=\"widget\" data-widget_type=\"image.default\">\n\t\t\t\t<div class=\"elementor-widget-container\">\n\t\t\t\t\t\t\t\t\t\t\t\t<figure class=\"wp-caption\">\n\t\t\t\t\t\t\t\t\t\t<img loading=\"lazy\" decoding=\"async\" width=\"768\" height=\"512\" src=\"https:\/\/www.elturistatranquil.com\/wp-content\/uploads\/F120-Casa-Bellomonte-Belmonte-Cuenca.jpg\" class=\"attachment-large size-large wp-image-41808\" alt=\"Casa Bellomonte, Belmonte, Cuenca\" srcset=\"https:\/\/www.elturistatranquil.com\/wp-content\/uploads\/F120-Casa-Bellomonte-Belmonte-Cuenca.jpg 768w, https:\/\/www.elturistatranquil.com\/wp-content\/uploads\/F120-Casa-Bellomonte-Belmonte-Cuenca-339x226.jpg 339w\" sizes=\"(max-width: 768px) 100vw, 768px\" \/>\t\t\t\t\t\t\t\t\t\t\t<figcaption class=\"widget-image-caption wp-caption-text\"><\/figcaption>\n\t\t\t\t\t\t\t\t\t\t<\/figure>\n\t\t\t\t\t\t\t\t\t<\/div>\n\t\t\t\t<\/div>\n\t\t\t\t<div class=\"elementor-element elementor-element-4905b01 elementor-widget elementor-widget-text-editor\" data-id=\"4905b01\" data-element_type=\"widget\" data-e-type=\"widget\" data-widget_type=\"text-editor.default\">\n\t\t\t\t<div class=\"elementor-widget-container\">\n\t\t\t\t\t\t\t\t\t<p>A la banda esquerra, zona d&#8217;activitats artesanals, amb especial \u00e8mfasi en el teixit amb teler manual.<\/p>\t\t\t\t\t\t\t\t<\/div>\n\t\t\t\t<\/div>\n\t\t\t\t<div class=\"elementor-element elementor-element-28ae902 elementor-widget elementor-widget-image\" data-id=\"28ae902\" data-element_type=\"widget\" data-e-type=\"widget\" data-widget_type=\"image.default\">\n\t\t\t\t<div class=\"elementor-widget-container\">\n\t\t\t\t\t\t\t\t\t\t\t\t<figure class=\"wp-caption\">\n\t\t\t\t\t\t\t\t\t\t<img loading=\"lazy\" decoding=\"async\" width=\"768\" height=\"512\" src=\"https:\/\/www.elturistatranquil.com\/wp-content\/uploads\/F121-Casa-Bellomonte-Belmonte-Cuenca.jpg\" class=\"attachment-large size-large wp-image-41810\" alt=\"Casa Bellomonte, Belmonte, Cuenca\" srcset=\"https:\/\/www.elturistatranquil.com\/wp-content\/uploads\/F121-Casa-Bellomonte-Belmonte-Cuenca.jpg 768w, https:\/\/www.elturistatranquil.com\/wp-content\/uploads\/F121-Casa-Bellomonte-Belmonte-Cuenca-339x226.jpg 339w\" sizes=\"(max-width: 768px) 100vw, 768px\" \/>\t\t\t\t\t\t\t\t\t\t\t<figcaption class=\"widget-image-caption wp-caption-text\"><\/figcaption>\n\t\t\t\t\t\t\t\t\t\t<\/figure>\n\t\t\t\t\t\t\t\t\t<\/div>\n\t\t\t\t<\/div>\n\t\t\t\t<div class=\"elementor-element elementor-element-a3899a9 elementor-widget elementor-widget-text-editor\" data-id=\"a3899a9\" data-element_type=\"widget\" data-e-type=\"widget\" data-widget_type=\"text-editor.default\">\n\t\t\t\t<div class=\"elementor-widget-container\">\n\t\t\t\t\t\t\t\t\t<p>La recreaci\u00f3 de l\u2019habitatge comen\u00e7a per un lateral dels baixos amb la cuina i l\u2019acc\u00e9s a la cava de la casa.<\/p>\t\t\t\t\t\t\t\t<\/div>\n\t\t\t\t<\/div>\n\t\t\t\t<div class=\"elementor-element elementor-element-f897ce0 elementor-widget elementor-widget-image\" data-id=\"f897ce0\" data-element_type=\"widget\" data-e-type=\"widget\" data-widget_type=\"image.default\">\n\t\t\t\t<div class=\"elementor-widget-container\">\n\t\t\t\t\t\t\t\t\t\t\t\t<figure class=\"wp-caption\">\n\t\t\t\t\t\t\t\t\t\t<img loading=\"lazy\" decoding=\"async\" width=\"768\" height=\"512\" src=\"https:\/\/www.elturistatranquil.com\/wp-content\/uploads\/F122-Casa-Bellomonte-Belmonte-Cuenca.jpg\" class=\"attachment-large size-large wp-image-41812\" alt=\"Casa Bellomonte, Belmonte, Cuenca\" srcset=\"https:\/\/www.elturistatranquil.com\/wp-content\/uploads\/F122-Casa-Bellomonte-Belmonte-Cuenca.jpg 768w, https:\/\/www.elturistatranquil.com\/wp-content\/uploads\/F122-Casa-Bellomonte-Belmonte-Cuenca-339x226.jpg 339w\" sizes=\"(max-width: 768px) 100vw, 768px\" \/>\t\t\t\t\t\t\t\t\t\t\t<figcaption class=\"widget-image-caption wp-caption-text\"><\/figcaption>\n\t\t\t\t\t\t\t\t\t\t<\/figure>\n\t\t\t\t\t\t\t\t\t<\/div>\n\t\t\t\t<\/div>\n\t\t\t\t<div class=\"elementor-element elementor-element-8d1b1e1 elementor-widget elementor-widget-text-editor\" data-id=\"8d1b1e1\" data-element_type=\"widget\" data-e-type=\"widget\" data-widget_type=\"text-editor.default\">\n\t\t\t\t<div class=\"elementor-widget-container\">\n\t\t\t\t\t\t\t\t\t<p>L&#8217;usual \u00e9s que les cases de Belmonte disposin d&#8217;una cava subterr\u00e0nia per a la conservaci\u00f3 d&#8217;aliments. Ja he assenyalat que el m\u00e9s freq\u00fcent \u00e9s observar finestres arran de terra a la fa\u00e7ana de totes les cases per il\u00b7luminar i ventilar aquests subterranis.<\/p>\t\t\t\t\t\t\t\t<\/div>\n\t\t\t\t<\/div>\n\t\t\t\t<div class=\"elementor-element elementor-element-adcb3c4 elementor-widget elementor-widget-image\" data-id=\"adcb3c4\" data-element_type=\"widget\" data-e-type=\"widget\" data-widget_type=\"image.default\">\n\t\t\t\t<div class=\"elementor-widget-container\">\n\t\t\t\t\t\t\t\t\t\t\t\t<figure class=\"wp-caption\">\n\t\t\t\t\t\t\t\t\t\t<img loading=\"lazy\" decoding=\"async\" width=\"768\" height=\"512\" src=\"https:\/\/www.elturistatranquil.com\/wp-content\/uploads\/F123-Casa-Bellomonte-Belmonte-Cuenca.jpg\" class=\"attachment-large size-large wp-image-41814\" alt=\"Casa Bellomonte, Belmonte, Cuenca\" srcset=\"https:\/\/www.elturistatranquil.com\/wp-content\/uploads\/F123-Casa-Bellomonte-Belmonte-Cuenca.jpg 768w, https:\/\/www.elturistatranquil.com\/wp-content\/uploads\/F123-Casa-Bellomonte-Belmonte-Cuenca-339x226.jpg 339w\" sizes=\"(max-width: 768px) 100vw, 768px\" \/>\t\t\t\t\t\t\t\t\t\t\t<figcaption class=\"widget-image-caption wp-caption-text\"><\/figcaption>\n\t\t\t\t\t\t\t\t\t\t<\/figure>\n\t\t\t\t\t\t\t\t\t<\/div>\n\t\t\t\t<\/div>\n\t\t\t\t<div class=\"elementor-element elementor-element-00264fa elementor-widget elementor-widget-text-editor\" data-id=\"00264fa\" data-element_type=\"widget\" data-e-type=\"widget\" data-widget_type=\"text-editor.default\">\n\t\t\t\t<div class=\"elementor-widget-container\">\n\t\t\t\t\t\t\t\t\t<p>La planta superior est\u00e0 destinada a muse\u00eftzar un sal\u00f3 i dos dormitoris.<\/p>\t\t\t\t\t\t\t\t<\/div>\n\t\t\t\t<\/div>\n\t\t\t\t<div class=\"elementor-element elementor-element-d8b2aa3 elementor-widget elementor-widget-image\" data-id=\"d8b2aa3\" data-element_type=\"widget\" data-e-type=\"widget\" data-widget_type=\"image.default\">\n\t\t\t\t<div class=\"elementor-widget-container\">\n\t\t\t\t\t\t\t\t\t\t\t\t<figure class=\"wp-caption\">\n\t\t\t\t\t\t\t\t\t\t<img loading=\"lazy\" decoding=\"async\" width=\"768\" height=\"512\" src=\"https:\/\/www.elturistatranquil.com\/wp-content\/uploads\/F124-Casa-Bellomonte-Belmonte-Cuenca.jpg\" class=\"attachment-large size-large wp-image-41816\" alt=\"Casa Bellomonte, Belmonte, Cuenca\" srcset=\"https:\/\/www.elturistatranquil.com\/wp-content\/uploads\/F124-Casa-Bellomonte-Belmonte-Cuenca.jpg 768w, https:\/\/www.elturistatranquil.com\/wp-content\/uploads\/F124-Casa-Bellomonte-Belmonte-Cuenca-339x226.jpg 339w\" sizes=\"(max-width: 768px) 100vw, 768px\" \/>\t\t\t\t\t\t\t\t\t\t\t<figcaption class=\"widget-image-caption wp-caption-text\"><\/figcaption>\n\t\t\t\t\t\t\t\t\t\t<\/figure>\n\t\t\t\t\t\t\t\t\t<\/div>\n\t\t\t\t<\/div>\n\t\t\t\t<div class=\"elementor-element elementor-element-b045ab2 elementor-widget elementor-widget-text-editor\" data-id=\"b045ab2\" data-element_type=\"widget\" data-e-type=\"widget\" data-widget_type=\"text-editor.default\">\n\t\t\t\t<div class=\"elementor-widget-container\">\n\t\t\t\t\t\t\t\t\t<p>El rac\u00f3 de les dones sobre una tarima on seure a terra com a punt de trobada de les dones de la casa.<\/p>\t\t\t\t\t\t\t\t<\/div>\n\t\t\t\t<\/div>\n\t\t\t\t<div class=\"elementor-element elementor-element-5657a14 elementor-widget elementor-widget-image\" data-id=\"5657a14\" data-element_type=\"widget\" data-e-type=\"widget\" data-widget_type=\"image.default\">\n\t\t\t\t<div class=\"elementor-widget-container\">\n\t\t\t\t\t\t\t\t\t\t\t\t<figure class=\"wp-caption\">\n\t\t\t\t\t\t\t\t\t\t<img loading=\"lazy\" decoding=\"async\" width=\"768\" height=\"512\" src=\"https:\/\/www.elturistatranquil.com\/wp-content\/uploads\/F125-Casa-Bellomonte-Belmonte-Cuenca.jpg\" class=\"attachment-large size-large wp-image-41821\" alt=\"Casa Bellomonte, Belmonte, Cuenca\" srcset=\"https:\/\/www.elturistatranquil.com\/wp-content\/uploads\/F125-Casa-Bellomonte-Belmonte-Cuenca.jpg 768w, https:\/\/www.elturistatranquil.com\/wp-content\/uploads\/F125-Casa-Bellomonte-Belmonte-Cuenca-339x226.jpg 339w\" sizes=\"(max-width: 768px) 100vw, 768px\" \/>\t\t\t\t\t\t\t\t\t\t\t<figcaption class=\"widget-image-caption wp-caption-text\"><\/figcaption>\n\t\t\t\t\t\t\t\t\t\t<\/figure>\n\t\t\t\t\t\t\t\t\t<\/div>\n\t\t\t\t<\/div>\n\t\t\t\t<div class=\"elementor-element elementor-element-fa7ebbf elementor-widget elementor-widget-text-editor\" data-id=\"fa7ebbf\" data-element_type=\"widget\" data-e-type=\"widget\" data-widget_type=\"text-editor.default\">\n\t\t\t\t<div class=\"elementor-widget-container\">\n\t\t\t\t\t\t\t\t\t<p>Hi hauria un lloc per tractar els assumptes del senyor.<\/p>\t\t\t\t\t\t\t\t<\/div>\n\t\t\t\t<\/div>\n\t\t\t\t<div class=\"elementor-element elementor-element-cf7c5a1 elementor-widget elementor-widget-image\" data-id=\"cf7c5a1\" data-element_type=\"widget\" data-e-type=\"widget\" data-widget_type=\"image.default\">\n\t\t\t\t<div class=\"elementor-widget-container\">\n\t\t\t\t\t\t\t\t\t\t\t\t<figure class=\"wp-caption\">\n\t\t\t\t\t\t\t\t\t\t<img loading=\"lazy\" decoding=\"async\" width=\"768\" height=\"512\" src=\"https:\/\/www.elturistatranquil.com\/wp-content\/uploads\/F126-Casa-Bellomonte-Belmonte-Cuenca.jpg\" class=\"attachment-large size-large wp-image-41823\" alt=\"Casa Bellomonte, Belmonte, Cuenca\" srcset=\"https:\/\/www.elturistatranquil.com\/wp-content\/uploads\/F126-Casa-Bellomonte-Belmonte-Cuenca.jpg 768w, https:\/\/www.elturistatranquil.com\/wp-content\/uploads\/F126-Casa-Bellomonte-Belmonte-Cuenca-339x226.jpg 339w\" sizes=\"(max-width: 768px) 100vw, 768px\" \/>\t\t\t\t\t\t\t\t\t\t\t<figcaption class=\"widget-image-caption wp-caption-text\"><\/figcaption>\n\t\t\t\t\t\t\t\t\t\t<\/figure>\n\t\t\t\t\t\t\t\t\t<\/div>\n\t\t\t\t<\/div>\n\t\t\t\t<div class=\"elementor-element elementor-element-6180d3d elementor-widget elementor-widget-text-editor\" data-id=\"6180d3d\" data-element_type=\"widget\" data-e-type=\"widget\" data-widget_type=\"text-editor.default\">\n\t\t\t\t<div class=\"elementor-widget-container\">\n\t\t\t\t\t\t\t\t\t<p>Els llits amb dosser per protegir-se del fred.<\/p>\t\t\t\t\t\t\t\t<\/div>\n\t\t\t\t<\/div>\n\t\t\t\t<div class=\"elementor-element elementor-element-4c28cb2 elementor-widget elementor-widget-image\" data-id=\"4c28cb2\" data-element_type=\"widget\" data-e-type=\"widget\" data-widget_type=\"image.default\">\n\t\t\t\t<div class=\"elementor-widget-container\">\n\t\t\t\t\t\t\t\t\t\t\t\t<figure class=\"wp-caption\">\n\t\t\t\t\t\t\t\t\t\t<img loading=\"lazy\" decoding=\"async\" width=\"768\" height=\"512\" src=\"https:\/\/www.elturistatranquil.com\/wp-content\/uploads\/F127-Casa-Bellomonte-Belmonte-Cuenca.jpg\" class=\"attachment-large size-large wp-image-41825\" alt=\"Casa Bellomonte, Belmonte, Cuenca\" srcset=\"https:\/\/www.elturistatranquil.com\/wp-content\/uploads\/F127-Casa-Bellomonte-Belmonte-Cuenca.jpg 768w, https:\/\/www.elturistatranquil.com\/wp-content\/uploads\/F127-Casa-Bellomonte-Belmonte-Cuenca-339x226.jpg 339w\" sizes=\"(max-width: 768px) 100vw, 768px\" \/>\t\t\t\t\t\t\t\t\t\t\t<figcaption class=\"widget-image-caption wp-caption-text\"><\/figcaption>\n\t\t\t\t\t\t\t\t\t\t<\/figure>\n\t\t\t\t\t\t\t\t\t<\/div>\n\t\t\t\t<\/div>\n\t\t\t\t<div class=\"elementor-element elementor-element-7d92898 elementor-widget elementor-widget-text-editor\" data-id=\"7d92898\" data-element_type=\"widget\" data-e-type=\"widget\" data-widget_type=\"text-editor.default\">\n\t\t\t\t<div class=\"elementor-widget-container\">\n\t\t\t\t\t\t\t\t\t<p>Aix\u00ed com la banyera a l&#8217;habitaci\u00f3 al costat de la xemeneia.<\/p><p>Al rac\u00f3 dret un \u201c<em>dompedro <\/em>o <em>do pedro<\/em>\u201d.<\/p>\t\t\t\t\t\t\t\t<\/div>\n\t\t\t\t<\/div>\n\t\t\t\t<div class=\"elementor-element elementor-element-a6c28b0 elementor-widget elementor-widget-menu-anchor\" data-id=\"a6c28b0\" data-element_type=\"widget\" data-e-type=\"widget\" data-widget_type=\"menu-anchor.default\">\n\t\t\t\t<div class=\"elementor-widget-container\">\n\t\t\t\t\t\t\t<div class=\"elementor-menu-anchor\" id=\"c7525\"><\/div>\n\t\t\t\t\t\t<\/div>\n\t\t\t\t<\/div>\n\t\t\t\t<div class=\"elementor-element elementor-element-221b17d elementor-widget elementor-widget-image\" data-id=\"221b17d\" data-element_type=\"widget\" data-e-type=\"widget\" data-widget_type=\"image.default\">\n\t\t\t\t<div class=\"elementor-widget-container\">\n\t\t\t\t\t\t\t\t\t\t\t\t<figure class=\"wp-caption\">\n\t\t\t\t\t\t\t\t\t\t<img loading=\"lazy\" decoding=\"async\" width=\"768\" height=\"512\" src=\"https:\/\/www.elturistatranquil.com\/wp-content\/uploads\/F128-Casa-Bellomonte-Belmonte-Cuenca.jpg\" class=\"attachment-large size-large wp-image-41827\" alt=\"Casa Bellomonte, Belmonte, Cuenca\" srcset=\"https:\/\/www.elturistatranquil.com\/wp-content\/uploads\/F128-Casa-Bellomonte-Belmonte-Cuenca.jpg 768w, https:\/\/www.elturistatranquil.com\/wp-content\/uploads\/F128-Casa-Bellomonte-Belmonte-Cuenca-339x226.jpg 339w\" sizes=\"(max-width: 768px) 100vw, 768px\" \/>\t\t\t\t\t\t\t\t\t\t\t<figcaption class=\"widget-image-caption wp-caption-text\"><\/figcaption>\n\t\t\t\t\t\t\t\t\t\t<\/figure>\n\t\t\t\t\t\t\t\t\t<\/div>\n\t\t\t\t<\/div>\n\t\t\t\t<div class=\"elementor-element elementor-element-8d99b9f elementor-widget elementor-widget-heading\" data-id=\"8d99b9f\" data-element_type=\"widget\" data-e-type=\"widget\" data-widget_type=\"heading.default\">\n\t\t\t\t<div class=\"elementor-widget-container\">\n\t\t\t\t\t<h4 class=\"elementor-heading-title elementor-size-default\">Convent-col\u00b7legi dels Jesuitas<\/h4>\t\t\t\t<\/div>\n\t\t\t\t<\/div>\n\t\t\t\t<div class=\"elementor-element elementor-element-ff91ca6 elementor-widget elementor-widget-text-editor\" data-id=\"ff91ca6\" data-element_type=\"widget\" data-e-type=\"widget\" data-widget_type=\"text-editor.default\">\n\t\t\t\t<div class=\"elementor-widget-container\">\n\t\t\t\t\t\t\t\t\t<p>L&#8217;arribada dels Jesu\u00eftes a Belmonte es va produir el 1558. Al principi van ocupar un edifici proper a la Col\u00b7legiata, per\u00f2 aviat es van traslladar a la ubicaci\u00f3 on avui es conserven les seves restes (<strong>14<\/strong>), on es va consagrar l&#8217;Esgl\u00e9sia el 1640.<\/p><p>La fundaci\u00f3 d&#8217;aquest <strong>col\u00b7legi jesu\u00efta<\/strong> va ser l&#8217;\u00faltima que va autoritzar personalment Sant Ignasi, i es va dur a terme mitjan\u00e7ant un acord entre Sant Francesc de Borja i don Diego L\u00f3pez Pacheco, Marqu\u00e8s de Villena. El 20 d&#8217;octubre de 1558 els religiosos &#8220;van obrir classe de gram\u00e0tica&#8221; i van iniciar els serveis religiosos..<\/p><p>Va arribar a tenir el 1582 fins a quatre-cents alumnes, que s&#8217;incrementaven amb tres-cents m\u00e9s a Quaresma per sentir els &#8220;Casos de Consci\u00e8ncia&#8221; que el Pare Pablo Hern\u00e1ndez explicava.<\/p><p>Els jesu\u00eftes van romandre a Belmonte fins a la data de la seva expulsi\u00f3 del pa\u00eds el 1767. Es va dedicar a altres tasques religioses fins als anys de les desamortitzacions del segle XIX.<\/p><p>Despr\u00e9s va ser pres\u00f3 i jutjats. A la remodelaci\u00f3 dels anys seixanta del segle passat l&#8217;estructura del seu claustre va ser remodelada i es van retirar part dels seus murs, convertint-la en pla\u00e7a p\u00fablica.<\/p><p>L&#8217;arribada dels Jesu\u00eftes a Belmonte es va produir el 1558. Al principi van ocupar un edifici proper a la Col\u00b7legiata, per\u00f2 aviat es van traslladar a la ubicaci\u00f3 on avui es conserven les seves restes (<strong>14<\/strong>), on es va consagrar l&#8217;Esgl\u00e9sia el 1640.<\/p><p>La fundaci\u00f3 d&#8217;aquest <strong>col\u00b7legi jesu\u00efta<\/strong> va ser l&#8217;\u00faltima que va autoritzar personalment Sant Ignasi, i es va dur a terme mitjan\u00e7ant un acord entre Sant Francesc de Borja i don Diego L\u00f3pez Pacheco, Marqu\u00e8s de Villena. El 20 d&#8217;octubre de 1558 els religiosos &#8220;van obrir classe de gram\u00e0tica&#8221; i van iniciar els serveis religiosos..<\/p><p>Va arribar a tenir el 1582 fins a quatre-cents alumnes, que s&#8217;incrementaven amb tres-cents m\u00e9s a Quaresma per sentir els &#8220;Casos de Consci\u00e8ncia&#8221; que el Pare Pablo Hern\u00e1ndez explicava.<\/p><p>Els jesu\u00eftes van romandre a Belmonte fins a la data de la seva expulsi\u00f3 del pa\u00eds el 1767. Es va dedicar a altres tasques religioses fins als anys de les desamortitzacions del segle XIX.<\/p><p>Despr\u00e9s va ser pres\u00f3 i jutjats. A la remodelaci\u00f3 dels anys seixanta del segle passat l&#8217;estructura del seu claustre va ser remodelada i es van retirar part dels seus murs, convertint-la en pla\u00e7a p\u00fablica.<\/p>\t\t\t\t\t\t\t\t<\/div>\n\t\t\t\t<\/div>\n\t\t\t\t<div class=\"elementor-element elementor-element-d68e3ce elementor-widget elementor-widget-image\" data-id=\"d68e3ce\" data-element_type=\"widget\" data-e-type=\"widget\" data-widget_type=\"image.default\">\n\t\t\t\t<div class=\"elementor-widget-container\">\n\t\t\t\t\t\t\t\t\t\t\t\t<figure class=\"wp-caption\">\n\t\t\t\t\t\t\t\t\t\t<img loading=\"lazy\" decoding=\"async\" width=\"768\" height=\"512\" src=\"https:\/\/www.elturistatranquil.com\/wp-content\/uploads\/F129-Convento-colegio-de-los-Jesuitas-Belmonte-Cuenca.jpg\" class=\"attachment-large size-large wp-image-41829\" alt=\"Convento-colegio de los Jesuitas, Belmonte, Cuenca\" srcset=\"https:\/\/www.elturistatranquil.com\/wp-content\/uploads\/F129-Convento-colegio-de-los-Jesuitas-Belmonte-Cuenca.jpg 768w, https:\/\/www.elturistatranquil.com\/wp-content\/uploads\/F129-Convento-colegio-de-los-Jesuitas-Belmonte-Cuenca-339x226.jpg 339w\" sizes=\"(max-width: 768px) 100vw, 768px\" \/>\t\t\t\t\t\t\t\t\t\t\t<figcaption class=\"widget-image-caption wp-caption-text\"><\/figcaption>\n\t\t\t\t\t\t\t\t\t\t<\/figure>\n\t\t\t\t\t\t\t\t\t<\/div>\n\t\t\t\t<\/div>\n\t\t\t\t<div class=\"elementor-element elementor-element-96b38af elementor-widget elementor-widget-image\" data-id=\"96b38af\" data-element_type=\"widget\" data-e-type=\"widget\" data-widget_type=\"image.default\">\n\t\t\t\t<div class=\"elementor-widget-container\">\n\t\t\t\t\t\t\t\t\t\t\t\t<figure class=\"wp-caption\">\n\t\t\t\t\t\t\t\t\t\t<img loading=\"lazy\" decoding=\"async\" width=\"768\" height=\"512\" src=\"https:\/\/www.elturistatranquil.com\/wp-content\/uploads\/F130-Convento-colegio-de-los-Jesuitas-Belmonte-Cuenca.jpg\" class=\"attachment-large size-large wp-image-41831\" alt=\"Convento-colegio de los Jesuitas, Belmonte, Cuenca\" srcset=\"https:\/\/www.elturistatranquil.com\/wp-content\/uploads\/F130-Convento-colegio-de-los-Jesuitas-Belmonte-Cuenca.jpg 768w, https:\/\/www.elturistatranquil.com\/wp-content\/uploads\/F130-Convento-colegio-de-los-Jesuitas-Belmonte-Cuenca-339x226.jpg 339w\" sizes=\"(max-width: 768px) 100vw, 768px\" \/>\t\t\t\t\t\t\t\t\t\t\t<figcaption class=\"widget-image-caption wp-caption-text\"><\/figcaption>\n\t\t\t\t\t\t\t\t\t\t<\/figure>\n\t\t\t\t\t\t\t\t\t<\/div>\n\t\t\t\t<\/div>\n\t\t\t\t<div class=\"elementor-element elementor-element-2680e3a elementor-widget elementor-widget-text-editor\" data-id=\"2680e3a\" data-element_type=\"widget\" data-e-type=\"widget\" data-widget_type=\"text-editor.default\">\n\t\t\t\t<div class=\"elementor-widget-container\">\n\t\t\t\t\t\t\t\t\t<p>Actualment s&#8217;ha convertit en cinema-teatre i acull el Jutjat de Pau de la localitat.<\/p>\t\t\t\t\t\t\t\t<\/div>\n\t\t\t\t<\/div>\n\t\t\t\t<div class=\"elementor-element elementor-element-e832c8b elementor-widget elementor-widget-menu-anchor\" data-id=\"e832c8b\" data-element_type=\"widget\" data-e-type=\"widget\" data-widget_type=\"menu-anchor.default\">\n\t\t\t\t<div class=\"elementor-widget-container\">\n\t\t\t\t\t\t\t<div class=\"elementor-menu-anchor\" id=\"c7526\"><\/div>\n\t\t\t\t\t\t<\/div>\n\t\t\t\t<\/div>\n\t\t\t\t<div class=\"elementor-element elementor-element-abe1372 elementor-widget elementor-widget-image\" data-id=\"abe1372\" data-element_type=\"widget\" data-e-type=\"widget\" data-widget_type=\"image.default\">\n\t\t\t\t<div class=\"elementor-widget-container\">\n\t\t\t\t\t\t\t\t\t\t\t\t<figure class=\"wp-caption\">\n\t\t\t\t\t\t\t\t\t\t<img loading=\"lazy\" decoding=\"async\" width=\"768\" height=\"512\" src=\"https:\/\/www.elturistatranquil.com\/wp-content\/uploads\/F131-Convento-colegio-de-los-Jesuitas-Belmonte-Cuenca.jpg\" class=\"attachment-large size-large wp-image-41833\" alt=\"Convento-colegio de los Jesuitas, Belmonte, Cuenca\" srcset=\"https:\/\/www.elturistatranquil.com\/wp-content\/uploads\/F131-Convento-colegio-de-los-Jesuitas-Belmonte-Cuenca.jpg 768w, https:\/\/www.elturistatranquil.com\/wp-content\/uploads\/F131-Convento-colegio-de-los-Jesuitas-Belmonte-Cuenca-339x226.jpg 339w\" sizes=\"(max-width: 768px) 100vw, 768px\" \/>\t\t\t\t\t\t\t\t\t\t\t<figcaption class=\"widget-image-caption wp-caption-text\"><\/figcaption>\n\t\t\t\t\t\t\t\t\t\t<\/figure>\n\t\t\t\t\t\t\t\t\t<\/div>\n\t\t\t\t<\/div>\n\t\t\t\t<div class=\"elementor-element elementor-element-0607bd6 elementor-widget elementor-widget-heading\" data-id=\"0607bd6\" data-element_type=\"widget\" data-e-type=\"widget\" data-widget_type=\"heading.default\">\n\t\t\t\t<div class=\"elementor-widget-container\">\n\t\t\t\t\t<h4 class=\"elementor-heading-title elementor-size-default\">Col\u00b7legi P\u00fablic de Belmonte<\/h4>\t\t\t\t<\/div>\n\t\t\t\t<\/div>\n\t\t\t\t<div class=\"elementor-element elementor-element-6596040 elementor-widget elementor-widget-text-editor\" data-id=\"6596040\" data-element_type=\"widget\" data-e-type=\"widget\" data-widget_type=\"text-editor.default\">\n\t\t\t\t<div class=\"elementor-widget-container\">\n\t\t\t\t\t\t\t\t\t<p>A l&#8217;entrada del Parc Municipal l&#8217;any 1916 es va inaugurar l&#8217;edifici del <strong>Col\u00b7legi P\u00fablic de 1a i 2a Ensenyament<\/strong> (<strong>15<\/strong>).<\/p><p>Un bell edifici de dues plantes.<\/p>\t\t\t\t\t\t\t\t<\/div>\n\t\t\t\t<\/div>\n\t\t\t\t<div class=\"elementor-element elementor-element-b7631eb elementor-widget elementor-widget-image\" data-id=\"b7631eb\" data-element_type=\"widget\" data-e-type=\"widget\" data-widget_type=\"image.default\">\n\t\t\t\t<div class=\"elementor-widget-container\">\n\t\t\t\t\t\t\t\t\t\t\t\t<figure class=\"wp-caption\">\n\t\t\t\t\t\t\t\t\t\t<img loading=\"lazy\" decoding=\"async\" width=\"768\" height=\"512\" src=\"https:\/\/www.elturistatranquil.com\/wp-content\/uploads\/F132-Colegio-Publico-Belmonte-Cuenca.jpg\" class=\"attachment-large size-large wp-image-41835\" alt=\"Colegio Publico, Belmonte, Cuenca\" srcset=\"https:\/\/www.elturistatranquil.com\/wp-content\/uploads\/F132-Colegio-Publico-Belmonte-Cuenca.jpg 768w, https:\/\/www.elturistatranquil.com\/wp-content\/uploads\/F132-Colegio-Publico-Belmonte-Cuenca-339x226.jpg 339w\" sizes=\"(max-width: 768px) 100vw, 768px\" \/>\t\t\t\t\t\t\t\t\t\t\t<figcaption class=\"widget-image-caption wp-caption-text\"><\/figcaption>\n\t\t\t\t\t\t\t\t\t\t<\/figure>\n\t\t\t\t\t\t\t\t\t<\/div>\n\t\t\t\t<\/div>\n\t\t\t\t<div class=\"elementor-element elementor-element-0e28909 elementor-widget elementor-widget-text-editor\" data-id=\"0e28909\" data-element_type=\"widget\" data-e-type=\"widget\" data-widget_type=\"text-editor.default\">\n\t\t\t\t<div class=\"elementor-widget-container\">\n\t\t\t\t\t\t\t\t\t<p>Davant del Col\u00b7legi, la segona <strong>escultura dedicada al Quixot<\/strong> que trobo a Belmonte.<\/p>\t\t\t\t\t\t\t\t<\/div>\n\t\t\t\t<\/div>\n\t\t\t\t<div class=\"elementor-element elementor-element-6c1c59c elementor-widget elementor-widget-image\" data-id=\"6c1c59c\" data-element_type=\"widget\" data-e-type=\"widget\" data-widget_type=\"image.default\">\n\t\t\t\t<div class=\"elementor-widget-container\">\n\t\t\t\t\t\t\t\t\t\t\t\t<figure class=\"wp-caption\">\n\t\t\t\t\t\t\t\t\t\t<img loading=\"lazy\" decoding=\"async\" width=\"768\" height=\"512\" src=\"https:\/\/www.elturistatranquil.com\/wp-content\/uploads\/F133a-Monumento-a-El-Quijote-Belmonte-Cuenca.jpg\" class=\"attachment-large size-large wp-image-41837\" alt=\"Monumento a El Quijote, Belmonte, Cuenca\" srcset=\"https:\/\/www.elturistatranquil.com\/wp-content\/uploads\/F133a-Monumento-a-El-Quijote-Belmonte-Cuenca.jpg 768w, https:\/\/www.elturistatranquil.com\/wp-content\/uploads\/F133a-Monumento-a-El-Quijote-Belmonte-Cuenca-339x226.jpg 339w\" sizes=\"(max-width: 768px) 100vw, 768px\" \/>\t\t\t\t\t\t\t\t\t\t\t<figcaption class=\"widget-image-caption wp-caption-text\"><\/figcaption>\n\t\t\t\t\t\t\t\t\t\t<\/figure>\n\t\t\t\t\t\t\t\t\t<\/div>\n\t\t\t\t<\/div>\n\t\t\t\t<div class=\"elementor-element elementor-element-3c61b7c elementor-widget elementor-widget-text-editor\" data-id=\"3c61b7c\" data-element_type=\"widget\" data-e-type=\"widget\" data-widget_type=\"text-editor.default\">\n\t\t\t\t<div class=\"elementor-widget-container\">\n\t\t\t\t\t\t\t\t\t<p>Aprofito per mostrar l&#8217;altra <strong>escultura dedicada al Quixot<\/strong> (<strong>18<\/strong>) que vaig localitzar a la cantonada del <strong>carrer Melchor Cano<\/strong> amb el <strong>carrer Astrana Mar\u00edn<\/strong>.<\/p>\t\t\t\t\t\t\t\t<\/div>\n\t\t\t\t<\/div>\n\t\t\t\t<div class=\"elementor-element elementor-element-68c1c6c elementor-widget elementor-widget-menu-anchor\" data-id=\"68c1c6c\" data-element_type=\"widget\" data-e-type=\"widget\" data-widget_type=\"menu-anchor.default\">\n\t\t\t\t<div class=\"elementor-widget-container\">\n\t\t\t\t\t\t\t<div class=\"elementor-menu-anchor\" id=\"c7527\"><\/div>\n\t\t\t\t\t\t<\/div>\n\t\t\t\t<\/div>\n\t\t\t\t<div class=\"elementor-element elementor-element-532d614 elementor-widget elementor-widget-image\" data-id=\"532d614\" data-element_type=\"widget\" data-e-type=\"widget\" data-widget_type=\"image.default\">\n\t\t\t\t<div class=\"elementor-widget-container\">\n\t\t\t\t\t\t\t\t\t\t\t\t<figure class=\"wp-caption\">\n\t\t\t\t\t\t\t\t\t\t<img loading=\"lazy\" decoding=\"async\" width=\"768\" height=\"512\" src=\"https:\/\/www.elturistatranquil.com\/wp-content\/uploads\/F133b-Monumento-a-El-Quijote-Belmonte-Cuenca.jpg\" class=\"attachment-large size-large wp-image-41839\" alt=\"Monumento a El Quijote, Belmonte, Cuenca\" srcset=\"https:\/\/www.elturistatranquil.com\/wp-content\/uploads\/F133b-Monumento-a-El-Quijote-Belmonte-Cuenca.jpg 768w, https:\/\/www.elturistatranquil.com\/wp-content\/uploads\/F133b-Monumento-a-El-Quijote-Belmonte-Cuenca-339x226.jpg 339w\" sizes=\"(max-width: 768px) 100vw, 768px\" \/>\t\t\t\t\t\t\t\t\t\t\t<figcaption class=\"widget-image-caption wp-caption-text\"><\/figcaption>\n\t\t\t\t\t\t\t\t\t\t<\/figure>\n\t\t\t\t\t\t\t\t\t<\/div>\n\t\t\t\t<\/div>\n\t\t\t\t<div class=\"elementor-element elementor-element-87b3aa7 elementor-widget elementor-widget-heading\" data-id=\"87b3aa7\" data-element_type=\"widget\" data-e-type=\"widget\" data-widget_type=\"heading.default\">\n\t\t\t\t<div class=\"elementor-widget-container\">\n\t\t\t\t\t<h4 class=\"elementor-heading-title elementor-size-default\">Ermita de la Virgen de Gracia i Calvari<\/h4>\t\t\t\t<\/div>\n\t\t\t\t<\/div>\n\t\t\t\t<div class=\"elementor-element elementor-element-b31fea1 elementor-widget elementor-widget-text-editor\" data-id=\"b31fea1\" data-element_type=\"widget\" data-e-type=\"widget\" data-widget_type=\"text-editor.default\">\n\t\t\t\t<div class=\"elementor-widget-container\">\n\t\t\t\t\t\t\t\t\t<p>Ens desplacem al final del <strong>carrer Virgen de Gracia<\/strong> a la conflu\u00e8ncia amb el <strong>carrer Isabel I de Castilla<\/strong>, per apropar-nos a l&#8217;<strong>Ermita de la Virgen de Gracia<\/strong> (<strong>16<\/strong>).<\/p><p>La llegenda diu que l&#8217;Ermita de la Verge de Gr\u00e0cia s&#8217;al\u00e7a al lloc on la verge es va apar\u00e8ixer a uns pastors sent bisbe de Conca Sant Juli\u00e0 (1128-1208), extramurs de la vila. \u00c9s la patrona de la vila.<\/p><p>La primera ermita va haver de ser d&#8217;estil rom\u00e0nic, a qual han seguit diferents remodelacions i ampliacions. L&#8217;edifici actual correspon a la remodelaci\u00f3 del segle XVI. Els murs exteriors s\u00f3n de ma\u00e7oneria, amb carreuat en cantons, refor\u00e7os i portada.<\/p><p>La fa\u00e7ana de pedra \u00e9s del segle XVII, amb una portada va ser traslladada des de l&#8217;antiga ermita de Santa Quiteria situada davant de la porta de Chinchilla. D&#8217;arc de mig punt entre pilastres, amb front\u00f3 triangular interromput amb una forn\u00edcula amb la imatge de la Mare de D\u00e9u.<\/p><p>A sobre, l&#8217;escut de don Diego L\u00f3pez Pacheco, II Marqu\u00e8s de Villena.<\/p><p>A dalt campanar amb espadanya.<\/p>\t\t\t\t\t\t\t\t<\/div>\n\t\t\t\t<\/div>\n\t\t\t\t<div class=\"elementor-element elementor-element-026b94f elementor-widget elementor-widget-image\" data-id=\"026b94f\" data-element_type=\"widget\" data-e-type=\"widget\" data-widget_type=\"image.default\">\n\t\t\t\t<div class=\"elementor-widget-container\">\n\t\t\t\t\t\t\t\t\t\t\t\t<figure class=\"wp-caption\">\n\t\t\t\t\t\t\t\t\t\t<img loading=\"lazy\" decoding=\"async\" width=\"768\" height=\"512\" src=\"https:\/\/www.elturistatranquil.com\/wp-content\/uploads\/F134-Ermita-de-la-Virgen-de-Gracia-Belmonte-Cuenca.jpg\" class=\"attachment-large size-large wp-image-41841\" alt=\"Ermita de la Virgen de Gracia, Belmonte, Cuenca\" srcset=\"https:\/\/www.elturistatranquil.com\/wp-content\/uploads\/F134-Ermita-de-la-Virgen-de-Gracia-Belmonte-Cuenca.jpg 768w, https:\/\/www.elturistatranquil.com\/wp-content\/uploads\/F134-Ermita-de-la-Virgen-de-Gracia-Belmonte-Cuenca-339x226.jpg 339w\" sizes=\"(max-width: 768px) 100vw, 768px\" \/>\t\t\t\t\t\t\t\t\t\t\t<figcaption class=\"widget-image-caption wp-caption-text\"><\/figcaption>\n\t\t\t\t\t\t\t\t\t\t<\/figure>\n\t\t\t\t\t\t\t\t\t<\/div>\n\t\t\t\t<\/div>\n\t\t\t\t<div class=\"elementor-element elementor-element-4d1def5 elementor-widget elementor-widget-image\" data-id=\"4d1def5\" data-element_type=\"widget\" data-e-type=\"widget\" data-widget_type=\"image.default\">\n\t\t\t\t<div class=\"elementor-widget-container\">\n\t\t\t\t\t\t\t\t\t\t\t\t<figure class=\"wp-caption\">\n\t\t\t\t\t\t\t\t\t\t<img loading=\"lazy\" decoding=\"async\" width=\"768\" height=\"512\" src=\"https:\/\/www.elturistatranquil.com\/wp-content\/uploads\/F135-Ermita-de-la-Virgen-de-Gracia-Belmonte-Cuenca.jpg\" class=\"attachment-large size-large wp-image-41843\" alt=\"Ermita de la Virgen de Gracia, Belmonte, Cuenca\" srcset=\"https:\/\/www.elturistatranquil.com\/wp-content\/uploads\/F135-Ermita-de-la-Virgen-de-Gracia-Belmonte-Cuenca.jpg 768w, https:\/\/www.elturistatranquil.com\/wp-content\/uploads\/F135-Ermita-de-la-Virgen-de-Gracia-Belmonte-Cuenca-339x226.jpg 339w\" sizes=\"(max-width: 768px) 100vw, 768px\" \/>\t\t\t\t\t\t\t\t\t\t\t<figcaption class=\"widget-image-caption wp-caption-text\"><\/figcaption>\n\t\t\t\t\t\t\t\t\t\t<\/figure>\n\t\t\t\t\t\t\t\t\t<\/div>\n\t\t\t\t<\/div>\n\t\t\t\t<div class=\"elementor-element elementor-element-db81498 elementor-widget elementor-widget-text-editor\" data-id=\"db81498\" data-element_type=\"widget\" data-e-type=\"widget\" data-widget_type=\"text-editor.default\">\n\t\t\t\t<div class=\"elementor-widget-container\">\n\t\t\t\t\t\t\t\t\t<p>La planta \u00e9s d&#8217;una sola nau de tres cossos, amb volta de can\u00f3 sustentada en arcs torals. L\u00b4absis semicircular a l\u00b4interior.<\/p>\t\t\t\t\t\t\t\t<\/div>\n\t\t\t\t<\/div>\n\t\t\t\t<div class=\"elementor-element elementor-element-066e4b3 elementor-widget elementor-widget-image\" data-id=\"066e4b3\" data-element_type=\"widget\" data-e-type=\"widget\" data-widget_type=\"image.default\">\n\t\t\t\t<div class=\"elementor-widget-container\">\n\t\t\t\t\t\t\t\t\t\t\t\t<figure class=\"wp-caption\">\n\t\t\t\t\t\t\t\t\t\t<img loading=\"lazy\" decoding=\"async\" width=\"768\" height=\"512\" src=\"https:\/\/www.elturistatranquil.com\/wp-content\/uploads\/F136-Ermita-de-la-Virgen-de-Gracia-Belmonte-Cuenca.jpg\" class=\"attachment-large size-large wp-image-41845\" alt=\"Ermita de la Virgen de Gracia, Belmonte, Cuenca\" srcset=\"https:\/\/www.elturistatranquil.com\/wp-content\/uploads\/F136-Ermita-de-la-Virgen-de-Gracia-Belmonte-Cuenca.jpg 768w, https:\/\/www.elturistatranquil.com\/wp-content\/uploads\/F136-Ermita-de-la-Virgen-de-Gracia-Belmonte-Cuenca-339x226.jpg 339w\" sizes=\"(max-width: 768px) 100vw, 768px\" \/>\t\t\t\t\t\t\t\t\t\t\t<figcaption class=\"widget-image-caption wp-caption-text\"><\/figcaption>\n\t\t\t\t\t\t\t\t\t\t<\/figure>\n\t\t\t\t\t\t\t\t\t<\/div>\n\t\t\t\t<\/div>\n\t\t\t\t<div class=\"elementor-element elementor-element-13224fe elementor-widget elementor-widget-text-editor\" data-id=\"13224fe\" data-element_type=\"widget\" data-e-type=\"widget\" data-widget_type=\"text-editor.default\">\n\t\t\t\t<div class=\"elementor-widget-container\">\n\t\t\t\t\t\t\t\t\t<p>Als peus un cor elevat.<\/p>\t\t\t\t\t\t\t\t<\/div>\n\t\t\t\t<\/div>\n\t\t\t\t<div class=\"elementor-element elementor-element-cd792a1 elementor-widget elementor-widget-image\" data-id=\"cd792a1\" data-element_type=\"widget\" data-e-type=\"widget\" data-widget_type=\"image.default\">\n\t\t\t\t<div class=\"elementor-widget-container\">\n\t\t\t\t\t\t\t\t\t\t\t\t<figure class=\"wp-caption\">\n\t\t\t\t\t\t\t\t\t\t<img loading=\"lazy\" decoding=\"async\" width=\"768\" height=\"512\" src=\"https:\/\/www.elturistatranquil.com\/wp-content\/uploads\/F137-Ermita-de-la-Virgen-de-Gracia-Belmonte-Cuenca.jpg\" class=\"attachment-large size-large wp-image-41847\" alt=\"Ermita de la Virgen de Gracia, Belmonte, Cuenca\" srcset=\"https:\/\/www.elturistatranquil.com\/wp-content\/uploads\/F137-Ermita-de-la-Virgen-de-Gracia-Belmonte-Cuenca.jpg 768w, https:\/\/www.elturistatranquil.com\/wp-content\/uploads\/F137-Ermita-de-la-Virgen-de-Gracia-Belmonte-Cuenca-339x226.jpg 339w\" sizes=\"(max-width: 768px) 100vw, 768px\" \/>\t\t\t\t\t\t\t\t\t\t\t<figcaption class=\"widget-image-caption wp-caption-text\"><\/figcaption>\n\t\t\t\t\t\t\t\t\t\t<\/figure>\n\t\t\t\t\t\t\t\t\t<\/div>\n\t\t\t\t<\/div>\n\t\t\t\t<div class=\"elementor-element elementor-element-e67ff94 elementor-widget elementor-widget-text-editor\" data-id=\"e67ff94\" data-element_type=\"widget\" data-e-type=\"widget\" data-widget_type=\"text-editor.default\">\n\t\t\t\t<div class=\"elementor-widget-container\">\n\t\t\t\t\t\t\t\t\t<p>segle XIII. Representa Maria asseguda amb el nen sobre la cama esquerra. A partir del segle XVIII va comen\u00e7ar el costum de vestir-la.<\/p>\t\t\t\t\t\t\t\t<\/div>\n\t\t\t\t<\/div>\n\t\t\t\t<div class=\"elementor-element elementor-element-8857b41 elementor-widget elementor-widget-image\" data-id=\"8857b41\" data-element_type=\"widget\" data-e-type=\"widget\" data-widget_type=\"image.default\">\n\t\t\t\t<div class=\"elementor-widget-container\">\n\t\t\t\t\t\t\t\t\t\t\t\t<figure class=\"wp-caption\">\n\t\t\t\t\t\t\t\t\t\t<img loading=\"lazy\" decoding=\"async\" width=\"768\" height=\"512\" src=\"https:\/\/www.elturistatranquil.com\/wp-content\/uploads\/F138-Ermita-de-la-Virgen-de-Gracia-Belmonte-Cuenca.jpg\" class=\"attachment-large size-large wp-image-41849\" alt=\"Ermita de la Virgen de Gracia, Belmonte, Cuenca\" srcset=\"https:\/\/www.elturistatranquil.com\/wp-content\/uploads\/F138-Ermita-de-la-Virgen-de-Gracia-Belmonte-Cuenca.jpg 768w, https:\/\/www.elturistatranquil.com\/wp-content\/uploads\/F138-Ermita-de-la-Virgen-de-Gracia-Belmonte-Cuenca-339x226.jpg 339w\" sizes=\"(max-width: 768px) 100vw, 768px\" \/>\t\t\t\t\t\t\t\t\t\t\t<figcaption class=\"widget-image-caption wp-caption-text\"><\/figcaption>\n\t\t\t\t\t\t\t\t\t\t<\/figure>\n\t\t\t\t\t\t\t\t\t<\/div>\n\t\t\t\t<\/div>\n\t\t\t\t<div class=\"elementor-element elementor-element-33aad5c elementor-widget elementor-widget-text-editor\" data-id=\"33aad5c\" data-element_type=\"widget\" data-e-type=\"widget\" data-widget_type=\"text-editor.default\">\n\t\t\t\t<div class=\"elementor-widget-container\">\n\t\t\t\t\t\t\t\t\t<p>Sobre l&#8217;altar una volta de mitja taronja amb lluerna central realitzada al segle XVIII.<\/p>\t\t\t\t\t\t\t\t<\/div>\n\t\t\t\t<\/div>\n\t\t\t\t<div class=\"elementor-element elementor-element-8ba3fd5 elementor-widget elementor-widget-image\" data-id=\"8ba3fd5\" data-element_type=\"widget\" data-e-type=\"widget\" data-widget_type=\"image.default\">\n\t\t\t\t<div class=\"elementor-widget-container\">\n\t\t\t\t\t\t\t\t\t\t\t\t<figure class=\"wp-caption\">\n\t\t\t\t\t\t\t\t\t\t<img loading=\"lazy\" decoding=\"async\" width=\"768\" height=\"512\" src=\"https:\/\/www.elturistatranquil.com\/wp-content\/uploads\/F139-Ermita-de-la-Virgen-de-Gracia-Belmonte-Cuenca.jpg\" class=\"attachment-large size-large wp-image-41851\" alt=\"Ermita de la Virgen de Gracia, Belmonte, Cuenca\" srcset=\"https:\/\/www.elturistatranquil.com\/wp-content\/uploads\/F139-Ermita-de-la-Virgen-de-Gracia-Belmonte-Cuenca.jpg 768w, https:\/\/www.elturistatranquil.com\/wp-content\/uploads\/F139-Ermita-de-la-Virgen-de-Gracia-Belmonte-Cuenca-339x226.jpg 339w\" sizes=\"(max-width: 768px) 100vw, 768px\" \/>\t\t\t\t\t\t\t\t\t\t\t<figcaption class=\"widget-image-caption wp-caption-text\"><\/figcaption>\n\t\t\t\t\t\t\t\t\t\t<\/figure>\n\t\t\t\t\t\t\t\t\t<\/div>\n\t\t\t\t<\/div>\n\t\t\t\t<div class=\"elementor-element elementor-element-703a827 elementor-widget elementor-widget-text-editor\" data-id=\"703a827\" data-element_type=\"widget\" data-e-type=\"widget\" data-widget_type=\"text-editor.default\">\n\t\t\t\t<div class=\"elementor-widget-container\">\n\t\t\t\t\t\t\t\t\t<p>Davant l&#8217;Ermita s&#8217;erigeix un <strong>Calvari<\/strong>.<\/p>\t\t\t\t\t\t\t\t<\/div>\n\t\t\t\t<\/div>\n\t\t\t\t<div class=\"elementor-element elementor-element-252f64d elementor-widget elementor-widget-menu-anchor\" data-id=\"252f64d\" data-element_type=\"widget\" data-e-type=\"widget\" data-widget_type=\"menu-anchor.default\">\n\t\t\t\t<div class=\"elementor-widget-container\">\n\t\t\t\t\t\t\t<div class=\"elementor-menu-anchor\" id=\"c7528\"><\/div>\n\t\t\t\t\t\t<\/div>\n\t\t\t\t<\/div>\n\t\t\t\t<div class=\"elementor-element elementor-element-56a96d3 elementor-widget elementor-widget-image\" data-id=\"56a96d3\" data-element_type=\"widget\" data-e-type=\"widget\" data-widget_type=\"image.default\">\n\t\t\t\t<div class=\"elementor-widget-container\">\n\t\t\t\t\t\t\t\t\t\t\t\t<figure class=\"wp-caption\">\n\t\t\t\t\t\t\t\t\t\t<img loading=\"lazy\" decoding=\"async\" width=\"768\" height=\"512\" src=\"https:\/\/www.elturistatranquil.com\/wp-content\/uploads\/F140-Calvario-de-la-Virgen-de-Gracia-Belmonte-Cuenca.jpg\" class=\"attachment-large size-large wp-image-41853\" alt=\"Calvario de la Virgen de Gracia, Belmonte, Cuenca\" srcset=\"https:\/\/www.elturistatranquil.com\/wp-content\/uploads\/F140-Calvario-de-la-Virgen-de-Gracia-Belmonte-Cuenca.jpg 768w, https:\/\/www.elturistatranquil.com\/wp-content\/uploads\/F140-Calvario-de-la-Virgen-de-Gracia-Belmonte-Cuenca-339x226.jpg 339w\" sizes=\"(max-width: 768px) 100vw, 768px\" \/>\t\t\t\t\t\t\t\t\t\t\t<figcaption class=\"widget-image-caption wp-caption-text\"><\/figcaption>\n\t\t\t\t\t\t\t\t\t\t<\/figure>\n\t\t\t\t\t\t\t\t\t<\/div>\n\t\t\t\t<\/div>\n\t\t\t\t<div class=\"elementor-element elementor-element-6a897e0 elementor-widget elementor-widget-heading\" data-id=\"6a897e0\" data-element_type=\"widget\" data-e-type=\"widget\" data-widget_type=\"heading.default\">\n\t\t\t\t<div class=\"elementor-widget-container\">\n\t\t\t\t\t<h4 class=\"elementor-heading-title elementor-size-default\">Ermita de San Ant\u00f3n i Santa Lucia<\/h4>\t\t\t\t<\/div>\n\t\t\t\t<\/div>\n\t\t\t\t<div class=\"elementor-element elementor-element-800bb61 elementor-widget elementor-widget-text-editor\" data-id=\"800bb61\" data-element_type=\"widget\" data-e-type=\"widget\" data-widget_type=\"text-editor.default\">\n\t\t\t\t<div class=\"elementor-widget-container\">\n\t\t\t\t\t\t\t\t\t<p>Al n\u00famero 15 del <strong>carrer Isabel I de Castilla<\/strong> es troba, encaixada entre les cases, l&#8217;<strong>Ermita de San Antonio i Santa Luc\u00eda<\/strong> (<strong>17<\/strong>).<\/p><p>Es va construir sobre una antiga mesquita \u00e0rab dels segles XIV i XV on, en aquesta zona exterior a la muralla, s&#8217;assentava un barri de musulmans del qual, molt probablement, van sortir els artistes que van tallar els impressionants artesanats mud\u00e8jars que llueixen els sostres del Castell de Belmonte.<\/p><p>L&#8217;ermita actual respon a una gaireb\u00e9 completa reedificaci\u00f3 del 1831.<\/p><p>La porta de l&#8217;ermita est\u00e0 adovellada de pedra, amb una forn\u00edcula al centre. El campanar \u00e9s d\u2019un sol ull en un front\u00f3 triangular. Sobre el campanar hi ha un penell amb iconografia popular referida a Sant Antoni, patr\u00f3 dels animals, en qu\u00e8 un gos li menja la cua a un garr\u00ed.<\/p>\t\t\t\t\t\t\t\t<\/div>\n\t\t\t\t<\/div>\n\t\t\t\t<div class=\"elementor-element elementor-element-6afe953 elementor-widget elementor-widget-menu-anchor\" data-id=\"6afe953\" data-element_type=\"widget\" data-e-type=\"widget\" data-widget_type=\"menu-anchor.default\">\n\t\t\t\t<div class=\"elementor-widget-container\">\n\t\t\t\t\t\t\t<div class=\"elementor-menu-anchor\" id=\"c7529\"><\/div>\n\t\t\t\t\t\t<\/div>\n\t\t\t\t<\/div>\n\t\t\t\t<div class=\"elementor-element elementor-element-a189781 elementor-widget elementor-widget-image\" data-id=\"a189781\" data-element_type=\"widget\" data-e-type=\"widget\" data-widget_type=\"image.default\">\n\t\t\t\t<div class=\"elementor-widget-container\">\n\t\t\t\t\t\t\t\t\t\t\t\t<figure class=\"wp-caption\">\n\t\t\t\t\t\t\t\t\t\t<img loading=\"lazy\" decoding=\"async\" width=\"768\" height=\"512\" src=\"https:\/\/www.elturistatranquil.com\/wp-content\/uploads\/F141-Ermita-de-San-Anton-y-Santa-Lucia-Belmonte-Cuenca.jpg\" class=\"attachment-large size-large wp-image-41855\" alt=\"Ermita de San Anton y Santa Lucia, Belmonte, Cuenca\" srcset=\"https:\/\/www.elturistatranquil.com\/wp-content\/uploads\/F141-Ermita-de-San-Anton-y-Santa-Lucia-Belmonte-Cuenca.jpg 768w, https:\/\/www.elturistatranquil.com\/wp-content\/uploads\/F141-Ermita-de-San-Anton-y-Santa-Lucia-Belmonte-Cuenca-339x226.jpg 339w\" sizes=\"(max-width: 768px) 100vw, 768px\" \/>\t\t\t\t\t\t\t\t\t\t\t<figcaption class=\"widget-image-caption wp-caption-text\"><\/figcaption>\n\t\t\t\t\t\t\t\t\t\t<\/figure>\n\t\t\t\t\t\t\t\t\t<\/div>\n\t\t\t\t<\/div>\n\t\t\t\t<div class=\"elementor-element elementor-element-6688154 elementor-widget elementor-widget-heading\" data-id=\"6688154\" data-element_type=\"widget\" data-e-type=\"widget\" data-widget_type=\"heading.default\">\n\t\t\t\t<div class=\"elementor-widget-container\">\n\t\t\t\t\t<h4 class=\"elementor-heading-title elementor-size-default\">Molins de vent<\/h4>\t\t\t\t<\/div>\n\t\t\t\t<\/div>\n\t\t\t\t<div class=\"elementor-element elementor-element-494d43a elementor-widget elementor-widget-text-editor\" data-id=\"494d43a\" data-element_type=\"widget\" data-e-type=\"widget\" data-widget_type=\"text-editor.default\">\n\t\t\t\t<div class=\"elementor-widget-container\">\n\t\t\t\t\t\t\t\t\t<p>Sobre els turons de Belmonte, tant al nord-oest com al sud-est, s&#8217;han restaurat alguns molins de vent. En aquest cas, (com a Villaescusa de Haro), s&#8217;ha mantingut el cilindre d&#8217;obra de ma\u00e7oneria vistes (no blanquejada) com estem acostumats que es presentin els molins de La Mancha.<\/p><p>Dels tres que es troben al costat nord-oest (al nord de la refer\u00e8ncia <strong>19<\/strong>) en el primer, el <strong>Mol\u00ed El Puntual<\/strong>, s&#8217;ha reconstru\u00eft la maquin\u00e0ria, encara que en el moment de la meva estada no era visitable.<\/p>\t\t\t\t\t\t\t\t<\/div>\n\t\t\t\t<\/div>\n\t\t\t\t<div class=\"elementor-element elementor-element-1ba0c28 elementor-widget elementor-widget-image\" data-id=\"1ba0c28\" data-element_type=\"widget\" data-e-type=\"widget\" data-widget_type=\"image.default\">\n\t\t\t\t<div class=\"elementor-widget-container\">\n\t\t\t\t\t\t\t\t\t\t\t\t<figure class=\"wp-caption\">\n\t\t\t\t\t\t\t\t\t\t<img loading=\"lazy\" decoding=\"async\" width=\"768\" height=\"512\" src=\"https:\/\/www.elturistatranquil.com\/wp-content\/uploads\/F142-Molinos-de-viento-Belmonte-Cuenca.jpg\" class=\"attachment-large size-large wp-image-41857\" alt=\"Molinos de viento, Belmonte, Cuenca\" srcset=\"https:\/\/www.elturistatranquil.com\/wp-content\/uploads\/F142-Molinos-de-viento-Belmonte-Cuenca.jpg 768w, https:\/\/www.elturistatranquil.com\/wp-content\/uploads\/F142-Molinos-de-viento-Belmonte-Cuenca-339x226.jpg 339w\" sizes=\"(max-width: 768px) 100vw, 768px\" \/>\t\t\t\t\t\t\t\t\t\t\t<figcaption class=\"widget-image-caption wp-caption-text\"><\/figcaption>\n\t\t\t\t\t\t\t\t\t\t<\/figure>\n\t\t\t\t\t\t\t\t\t<\/div>\n\t\t\t\t<\/div>\n\t\t\t\t<div class=\"elementor-element elementor-element-92f7d0f elementor-widget elementor-widget-image\" data-id=\"92f7d0f\" data-element_type=\"widget\" data-e-type=\"widget\" data-widget_type=\"image.default\">\n\t\t\t\t<div class=\"elementor-widget-container\">\n\t\t\t\t\t\t\t\t\t\t\t\t<figure class=\"wp-caption\">\n\t\t\t\t\t\t\t\t\t\t<img loading=\"lazy\" decoding=\"async\" width=\"768\" height=\"511\" src=\"https:\/\/www.elturistatranquil.com\/wp-content\/uploads\/F143-Molino-El-Puntual-Belmonte-Cuenca.jpg\" class=\"attachment-large size-large wp-image-41859\" alt=\"Molinos de viento, Belmonte, Cuenca\" srcset=\"https:\/\/www.elturistatranquil.com\/wp-content\/uploads\/F143-Molino-El-Puntual-Belmonte-Cuenca.jpg 768w, https:\/\/www.elturistatranquil.com\/wp-content\/uploads\/F143-Molino-El-Puntual-Belmonte-Cuenca-339x226.jpg 339w\" sizes=\"(max-width: 768px) 100vw, 768px\" \/>\t\t\t\t\t\t\t\t\t\t\t<figcaption class=\"widget-image-caption wp-caption-text\"><\/figcaption>\n\t\t\t\t\t\t\t\t\t\t<\/figure>\n\t\t\t\t\t\t\t\t\t<\/div>\n\t\t\t\t<\/div>\n\t\t\t\t<div class=\"elementor-element elementor-element-83bfef9 elementor-widget elementor-widget-menu-anchor\" data-id=\"83bfef9\" data-element_type=\"widget\" data-e-type=\"widget\" data-widget_type=\"menu-anchor.default\">\n\t\t\t\t<div class=\"elementor-widget-container\">\n\t\t\t\t\t\t\t<div class=\"elementor-menu-anchor\" id=\"c7530\"><\/div>\n\t\t\t\t\t\t<\/div>\n\t\t\t\t<\/div>\n\t\t\t\t<div class=\"elementor-element elementor-element-d8f4647 elementor-widget elementor-widget-image\" data-id=\"d8f4647\" data-element_type=\"widget\" data-e-type=\"widget\" data-widget_type=\"image.default\">\n\t\t\t\t<div class=\"elementor-widget-container\">\n\t\t\t\t\t\t\t\t\t\t\t\t<figure class=\"wp-caption\">\n\t\t\t\t\t\t\t\t\t\t<img loading=\"lazy\" decoding=\"async\" width=\"768\" height=\"511\" src=\"https:\/\/www.elturistatranquil.com\/wp-content\/uploads\/F144-Molinos-de-viento-Belmonte-Cuenca.jpg\" class=\"attachment-large size-large wp-image-41861\" alt=\"Molinos de viento, Belmonte, Cuenca\" srcset=\"https:\/\/www.elturistatranquil.com\/wp-content\/uploads\/F144-Molinos-de-viento-Belmonte-Cuenca.jpg 768w, https:\/\/www.elturistatranquil.com\/wp-content\/uploads\/F144-Molinos-de-viento-Belmonte-Cuenca-339x226.jpg 339w\" sizes=\"(max-width: 768px) 100vw, 768px\" \/>\t\t\t\t\t\t\t\t\t\t\t<figcaption class=\"widget-image-caption wp-caption-text\"><\/figcaption>\n\t\t\t\t\t\t\t\t\t\t<\/figure>\n\t\t\t\t\t\t\t\t\t<\/div>\n\t\t\t\t<\/div>\n\t\t\t\t<div class=\"elementor-element elementor-element-e1f977f elementor-widget elementor-widget-heading\" data-id=\"e1f977f\" data-element_type=\"widget\" data-e-type=\"widget\" data-widget_type=\"heading.default\">\n\t\t\t\t<div class=\"elementor-widget-container\">\n\t\t\t\t\t<h4 class=\"elementor-heading-title elementor-size-default\">Arquitectura tradicional i reixeria<\/h4>\t\t\t\t<\/div>\n\t\t\t\t<\/div>\n\t\t\t\t<div class=\"elementor-element elementor-element-7322735 elementor-widget elementor-widget-text-editor\" data-id=\"7322735\" data-element_type=\"widget\" data-e-type=\"widget\" data-widget_type=\"text-editor.default\">\n\t\t\t\t<div class=\"elementor-widget-container\">\n\t\t\t\t\t\t\t\t\t<p>Poble d&#8217;arquitectura popular t\u00edpicament manxega.<\/p>\t\t\t\t\t\t\t\t<\/div>\n\t\t\t\t<\/div>\n\t\t\t\t<div class=\"elementor-element elementor-element-7ad2d9b elementor-widget elementor-widget-image\" data-id=\"7ad2d9b\" data-element_type=\"widget\" data-e-type=\"widget\" data-widget_type=\"image.default\">\n\t\t\t\t<div class=\"elementor-widget-container\">\n\t\t\t\t\t\t\t\t\t\t\t\t<figure class=\"wp-caption\">\n\t\t\t\t\t\t\t\t\t\t<img loading=\"lazy\" decoding=\"async\" width=\"768\" height=\"512\" src=\"https:\/\/www.elturistatranquil.com\/wp-content\/uploads\/F145-Arquitectura-tradicional-Belmonte-Cuenca.jpg\" class=\"attachment-large size-large wp-image-41863\" alt=\"Arquitectura tradicional, Belmonte, Cuenca\" srcset=\"https:\/\/www.elturistatranquil.com\/wp-content\/uploads\/F145-Arquitectura-tradicional-Belmonte-Cuenca.jpg 768w, https:\/\/www.elturistatranquil.com\/wp-content\/uploads\/F145-Arquitectura-tradicional-Belmonte-Cuenca-339x226.jpg 339w\" sizes=\"(max-width: 768px) 100vw, 768px\" \/>\t\t\t\t\t\t\t\t\t\t\t<figcaption class=\"widget-image-caption wp-caption-text\"><\/figcaption>\n\t\t\t\t\t\t\t\t\t\t<\/figure>\n\t\t\t\t\t\t\t\t\t<\/div>\n\t\t\t\t<\/div>\n\t\t\t\t<div class=\"elementor-element elementor-element-099b34a elementor-widget elementor-widget-image\" data-id=\"099b34a\" data-element_type=\"widget\" data-e-type=\"widget\" data-widget_type=\"image.default\">\n\t\t\t\t<div class=\"elementor-widget-container\">\n\t\t\t\t\t\t\t\t\t\t\t\t<figure class=\"wp-caption\">\n\t\t\t\t\t\t\t\t\t\t<img loading=\"lazy\" decoding=\"async\" width=\"768\" height=\"512\" src=\"https:\/\/www.elturistatranquil.com\/wp-content\/uploads\/F146-Arquitectura-tradicional-Belmonte-Cuenca.jpg\" class=\"attachment-large size-large wp-image-41865\" alt=\"Arquitectura tradicional, Belmonte, Cuenca\" srcset=\"https:\/\/www.elturistatranquil.com\/wp-content\/uploads\/F146-Arquitectura-tradicional-Belmonte-Cuenca.jpg 768w, https:\/\/www.elturistatranquil.com\/wp-content\/uploads\/F146-Arquitectura-tradicional-Belmonte-Cuenca-339x226.jpg 339w\" sizes=\"(max-width: 768px) 100vw, 768px\" \/>\t\t\t\t\t\t\t\t\t\t\t<figcaption class=\"widget-image-caption wp-caption-text\"><\/figcaption>\n\t\t\t\t\t\t\t\t\t\t<\/figure>\n\t\t\t\t\t\t\t\t\t<\/div>\n\t\t\t\t<\/div>\n\t\t\t\t<div class=\"elementor-element elementor-element-d2b7995 elementor-widget elementor-widget-image\" data-id=\"d2b7995\" data-element_type=\"widget\" data-e-type=\"widget\" data-widget_type=\"image.default\">\n\t\t\t\t<div class=\"elementor-widget-container\">\n\t\t\t\t\t\t\t\t\t\t\t\t<figure class=\"wp-caption\">\n\t\t\t\t\t\t\t\t\t\t<img loading=\"lazy\" decoding=\"async\" width=\"768\" height=\"512\" src=\"https:\/\/www.elturistatranquil.com\/wp-content\/uploads\/F147-Arquitectura-tradicional-Belmonte-Cuenca.jpg\" class=\"attachment-large size-large wp-image-41867\" alt=\"Arquitectura tradicional, Belmonte, Cuenca\" srcset=\"https:\/\/www.elturistatranquil.com\/wp-content\/uploads\/F147-Arquitectura-tradicional-Belmonte-Cuenca.jpg 768w, https:\/\/www.elturistatranquil.com\/wp-content\/uploads\/F147-Arquitectura-tradicional-Belmonte-Cuenca-339x226.jpg 339w\" sizes=\"(max-width: 768px) 100vw, 768px\" \/>\t\t\t\t\t\t\t\t\t\t\t<figcaption class=\"widget-image-caption wp-caption-text\"><\/figcaption>\n\t\t\t\t\t\t\t\t\t\t<\/figure>\n\t\t\t\t\t\t\t\t\t<\/div>\n\t\t\t\t<\/div>\n\t\t\t\t<div class=\"elementor-element elementor-element-bb8bde9 elementor-widget elementor-widget-image\" data-id=\"bb8bde9\" data-element_type=\"widget\" data-e-type=\"widget\" data-widget_type=\"image.default\">\n\t\t\t\t<div class=\"elementor-widget-container\">\n\t\t\t\t\t\t\t\t\t\t\t\t<figure class=\"wp-caption\">\n\t\t\t\t\t\t\t\t\t\t<img loading=\"lazy\" decoding=\"async\" width=\"768\" height=\"512\" src=\"https:\/\/www.elturistatranquil.com\/wp-content\/uploads\/F148-Arquitectura-tradicional-Belmonte-Cuenca.jpg\" class=\"attachment-large size-large wp-image-41869\" alt=\"Arquitectura tradicional, Belmonte, Cuenca\" srcset=\"https:\/\/www.elturistatranquil.com\/wp-content\/uploads\/F148-Arquitectura-tradicional-Belmonte-Cuenca.jpg 768w, https:\/\/www.elturistatranquil.com\/wp-content\/uploads\/F148-Arquitectura-tradicional-Belmonte-Cuenca-339x226.jpg 339w\" sizes=\"(max-width: 768px) 100vw, 768px\" \/>\t\t\t\t\t\t\t\t\t\t\t<figcaption class=\"widget-image-caption wp-caption-text\"><\/figcaption>\n\t\t\t\t\t\t\t\t\t\t<\/figure>\n\t\t\t\t\t\t\t\t\t<\/div>\n\t\t\t\t<\/div>\n\t\t\t\t<div class=\"elementor-element elementor-element-78b96a1 elementor-widget elementor-widget-text-editor\" data-id=\"78b96a1\" data-element_type=\"widget\" data-e-type=\"widget\" data-widget_type=\"text-editor.default\">\n\t\t\t\t<div class=\"elementor-widget-container\">\n\t\t\t\t\t\t\t\t\t<p>La casa tradicional es caracteritza per posseir espl\u00e8ndides peces de reixeria, procedents en alguns casos de cases senyorials, per\u00f2 que en altres sembla haver estat forjada amb destinaci\u00f3 al mateixa humil habitatge que les ostenta. Reixes de disseny elegant i perfecta forja.<\/p>\t\t\t\t\t\t\t\t<\/div>\n\t\t\t\t<\/div>\n\t\t\t\t<section class=\"elementor-section elementor-inner-section elementor-element elementor-element-301accb elementor-section-boxed elementor-section-height-default elementor-section-height-default\" data-id=\"301accb\" data-element_type=\"section\" data-e-type=\"section\">\n\t\t\t\t\t\t<div class=\"elementor-container elementor-column-gap-default\">\n\t\t\t\t\t<div class=\"elementor-column elementor-col-50 elementor-inner-column elementor-element elementor-element-9436b74\" data-id=\"9436b74\" data-element_type=\"column\" data-e-type=\"column\">\n\t\t\t<div class=\"elementor-widget-wrap elementor-element-populated\">\n\t\t\t\t\t\t<div class=\"elementor-element elementor-element-faf5a18 elementor-widget elementor-widget-image\" data-id=\"faf5a18\" data-element_type=\"widget\" data-e-type=\"widget\" data-widget_type=\"image.default\">\n\t\t\t\t<div class=\"elementor-widget-container\">\n\t\t\t\t\t\t\t\t\t\t\t\t\t\t\t<img loading=\"lazy\" decoding=\"async\" width=\"380\" height=\"380\" src=\"https:\/\/www.elturistatranquil.com\/wp-content\/uploads\/F149m-Rejeria-tradicional-Belmonte-Cuenca.jpg\" class=\"attachment-large size-large wp-image-41871\" alt=\"Rejeria tradicional, Belmonte, Cuenca\" srcset=\"https:\/\/www.elturistatranquil.com\/wp-content\/uploads\/F149m-Rejeria-tradicional-Belmonte-Cuenca.jpg 380w, https:\/\/www.elturistatranquil.com\/wp-content\/uploads\/F149m-Rejeria-tradicional-Belmonte-Cuenca-226x226.jpg 226w\" sizes=\"(max-width: 380px) 100vw, 380px\" \/>\t\t\t\t\t\t\t\t\t\t\t\t\t\t\t<\/div>\n\t\t\t\t<\/div>\n\t\t\t\t\t<\/div>\n\t\t<\/div>\n\t\t\t\t<div class=\"elementor-column elementor-col-50 elementor-inner-column elementor-element elementor-element-ed25af1\" data-id=\"ed25af1\" data-element_type=\"column\" data-e-type=\"column\">\n\t\t\t<div class=\"elementor-widget-wrap elementor-element-populated\">\n\t\t\t\t\t\t<div class=\"elementor-element elementor-element-2b17111 elementor-widget elementor-widget-image\" data-id=\"2b17111\" data-element_type=\"widget\" data-e-type=\"widget\" data-widget_type=\"image.default\">\n\t\t\t\t<div class=\"elementor-widget-container\">\n\t\t\t\t\t\t\t\t\t\t\t\t\t\t\t<img loading=\"lazy\" decoding=\"async\" width=\"380\" height=\"380\" src=\"https:\/\/www.elturistatranquil.com\/wp-content\/uploads\/F149n-Rejeria-tradicional-Belmonte-Cuenca.jpg\" class=\"attachment-large size-large wp-image-41873\" alt=\"Rejeria tradicional, Belmonte, Cuenca\" srcset=\"https:\/\/www.elturistatranquil.com\/wp-content\/uploads\/F149n-Rejeria-tradicional-Belmonte-Cuenca.jpg 380w, https:\/\/www.elturistatranquil.com\/wp-content\/uploads\/F149n-Rejeria-tradicional-Belmonte-Cuenca-226x226.jpg 226w\" sizes=\"(max-width: 380px) 100vw, 380px\" \/>\t\t\t\t\t\t\t\t\t\t\t\t\t\t\t<\/div>\n\t\t\t\t<\/div>\n\t\t\t\t\t<\/div>\n\t\t<\/div>\n\t\t\t\t\t<\/div>\n\t\t<\/section>\n\t\t\t\t<section class=\"elementor-section elementor-inner-section elementor-element elementor-element-718a720 elementor-section-boxed elementor-section-height-default elementor-section-height-default\" data-id=\"718a720\" data-element_type=\"section\" data-e-type=\"section\">\n\t\t\t\t\t\t<div class=\"elementor-container elementor-column-gap-default\">\n\t\t\t\t\t<div class=\"elementor-column elementor-col-50 elementor-inner-column elementor-element elementor-element-e54bfab\" data-id=\"e54bfab\" data-element_type=\"column\" data-e-type=\"column\">\n\t\t\t<div class=\"elementor-widget-wrap elementor-element-populated\">\n\t\t\t\t\t\t<div class=\"elementor-element elementor-element-3a901b5 elementor-widget elementor-widget-image\" data-id=\"3a901b5\" data-element_type=\"widget\" data-e-type=\"widget\" data-widget_type=\"image.default\">\n\t\t\t\t<div class=\"elementor-widget-container\">\n\t\t\t\t\t\t\t\t\t\t\t\t\t\t\t<img loading=\"lazy\" decoding=\"async\" width=\"380\" height=\"380\" src=\"https:\/\/www.elturistatranquil.com\/wp-content\/uploads\/F149o-Rejeria-tradicional-Belmonte-Cuenca.jpg\" class=\"attachment-large size-large wp-image-41875\" alt=\"Rejeria tradicional, Belmonte, Cuenca\" srcset=\"https:\/\/www.elturistatranquil.com\/wp-content\/uploads\/F149o-Rejeria-tradicional-Belmonte-Cuenca.jpg 380w, https:\/\/www.elturistatranquil.com\/wp-content\/uploads\/F149o-Rejeria-tradicional-Belmonte-Cuenca-226x226.jpg 226w\" sizes=\"(max-width: 380px) 100vw, 380px\" \/>\t\t\t\t\t\t\t\t\t\t\t\t\t\t\t<\/div>\n\t\t\t\t<\/div>\n\t\t\t\t\t<\/div>\n\t\t<\/div>\n\t\t\t\t<div class=\"elementor-column elementor-col-50 elementor-inner-column elementor-element elementor-element-8198cab\" data-id=\"8198cab\" data-element_type=\"column\" data-e-type=\"column\">\n\t\t\t<div class=\"elementor-widget-wrap elementor-element-populated\">\n\t\t\t\t\t\t<div class=\"elementor-element elementor-element-1b7351a elementor-widget elementor-widget-image\" data-id=\"1b7351a\" data-element_type=\"widget\" data-e-type=\"widget\" data-widget_type=\"image.default\">\n\t\t\t\t<div class=\"elementor-widget-container\">\n\t\t\t\t\t\t\t\t\t\t\t\t\t\t\t<img loading=\"lazy\" decoding=\"async\" width=\"380\" height=\"380\" src=\"https:\/\/www.elturistatranquil.com\/wp-content\/uploads\/F149p-Rejeria-tradicional-Belmonte-Cuenca.jpg\" class=\"attachment-large size-large wp-image-41877\" alt=\"Rejeria tradicional, Belmonte, Cuenca\" srcset=\"https:\/\/www.elturistatranquil.com\/wp-content\/uploads\/F149p-Rejeria-tradicional-Belmonte-Cuenca.jpg 380w, https:\/\/www.elturistatranquil.com\/wp-content\/uploads\/F149p-Rejeria-tradicional-Belmonte-Cuenca-226x226.jpg 226w\" sizes=\"(max-width: 380px) 100vw, 380px\" \/>\t\t\t\t\t\t\t\t\t\t\t\t\t\t\t<\/div>\n\t\t\t\t<\/div>\n\t\t\t\t\t<\/div>\n\t\t<\/div>\n\t\t\t\t\t<\/div>\n\t\t<\/section>\n\t\t\t\t<div class=\"elementor-element elementor-element-026d43d elementor-widget elementor-widget-menu-anchor\" data-id=\"026d43d\" data-element_type=\"widget\" data-e-type=\"widget\" data-widget_type=\"menu-anchor.default\">\n\t\t\t\t<div class=\"elementor-widget-container\">\n\t\t\t\t\t\t\t<div class=\"elementor-menu-anchor\" id=\"c7531\"><\/div>\n\t\t\t\t\t\t<\/div>\n\t\t\t\t<\/div>\n\t\t\t\t<div class=\"elementor-element elementor-element-36161fc elementor-widget elementor-widget-heading\" data-id=\"36161fc\" data-element_type=\"widget\" data-e-type=\"widget\" data-widget_type=\"heading.default\">\n\t\t\t\t<div class=\"elementor-widget-container\">\n\t\t\t\t\t<h2 class=\"elementor-heading-title elementor-size-default\">Fi de la visita<\/h2>\t\t\t\t<\/div>\n\t\t\t\t<\/div>\n\t\t\t\t<div class=\"elementor-element elementor-element-691e231 elementor-widget elementor-widget-menu-anchor\" data-id=\"691e231\" data-element_type=\"widget\" data-e-type=\"widget\" data-widget_type=\"menu-anchor.default\">\n\t\t\t\t<div class=\"elementor-widget-container\">\n\t\t\t\t\t\t\t<div class=\"elementor-menu-anchor\" id=\"c7532\"><\/div>\n\t\t\t\t\t\t<\/div>\n\t\t\t\t<\/div>\n\t\t\t\t<div class=\"elementor-element elementor-element-4476cf9e elementor-widget elementor-widget-text-editor\" data-id=\"4476cf9e\" data-element_type=\"widget\" data-e-type=\"widget\" data-widget_type=\"text-editor.default\">\n\t\t\t\t<div class=\"elementor-widget-container\">\n\t\t\t\t\t\t\t\t\t<p>A <strong>Belmonte<\/strong> es percep encara l&#8217;esperit d&#8217;una vila senyorial dels segles XIII a XVI, seu dels senyorius de l&#8217;Infant don Juan Manuel primer, i dels Villena despr\u00e9s, al voltant dels quals es va construir una petita cort, reflectida a les seves cases senyorials.<\/p><p>L&#8217;urbanisme medieval perviu a la trama urbana, tancada en un recinte emmurallat perfectament identificable encara.<\/p><p>El poder del senyor des del castell sobre el tur\u00f3 de San Crist\u00f3bal, l&#8217;elevaci\u00f3 a Col\u00b7legiata de la seva esgl\u00e9sia, les cases blasonades i la proliferaci\u00f3 de convents, es fusiona amb l&#8217;arquitectura popular manxega de cases blanques i reixeries espl\u00e8ndides.<\/p><p>Passejar tranquil\u00b7lament pels carrers, sense necessitat d&#8217;un rumb fix, ens permet imbuir-nos d&#8217;un ambient tradicional, nom\u00e9s trencat per algunes construccions que no haguessin hagut de ser autoritzades.<\/p>\t\t\t\t\t\t\t\t<\/div>\n\t\t\t\t<\/div>\n\t\t\t\t<div class=\"elementor-element elementor-element-0645673 elementor-widget elementor-widget-heading\" data-id=\"0645673\" data-element_type=\"widget\" data-e-type=\"widget\" data-widget_type=\"heading.default\">\n\t\t\t\t<div class=\"elementor-widget-container\">\n\t\t\t\t\t<h2 class=\"elementor-heading-title elementor-size-default\">Bases d\u2019informaci\u00f3<\/h2>\t\t\t\t<\/div>\n\t\t\t\t<\/div>\n\t\t\t\t<div class=\"elementor-element elementor-element-92b72a4 elementor-widget elementor-widget-text-editor\" data-id=\"92b72a4\" data-element_type=\"widget\" data-e-type=\"widget\" data-widget_type=\"text-editor.default\">\n\t\t\t\t<div class=\"elementor-widget-container\">\n\t\t\t\t\t\t\t\t\t<p><strong>Webs<\/strong><\/p><p><a href=\"https:\/\/www.belmonte.es\/\" target=\"_blank\" rel=\"noopener\">ayuntamiento<\/a><\/p><p><a href=\"https:\/\/descubriendo.es\/belmonte\/\" target=\"_blank\" rel=\"noopener\">descubriendobelmonte<\/a><\/p><p><a href=\"https:\/\/es.wikipedia.org\/wiki\/Belmonte_(Cuenca)\" target=\"_blank\" rel=\"noopener\">wikipedia<\/a><\/p><p><a href=\"http:\/\/www.turismocastillalamancha.es\/patrimonio\/belmonte-19731\/descripcion\/\" target=\"_blank\" rel=\"noopener\">turismocastillalamencha<\/a><\/p><p><a href=\"https:\/\/cultura.castillalamancha.es\/patrimonio\/catalogo-patrimonio-cultural\/conjunto-historico-de-belmonte\" target=\"_blank\" rel=\"noopener\">patrimonio\u2026<\/a><\/p><p><a href=\"https:\/\/www.monumentalnet.org\/monumentos.php?cc=5&amp;cn=Castilla+-+La+Mancha&amp;pc=16&amp;pn=Cuenca&amp;mc=160033&amp;mn=Belmonte\" target=\"_blank\" rel=\"noopener\">monumentalnet<\/a><\/p><p><a href=\"https:\/\/m.arteguias.com\/cuenca\/belmonte.htm\" target=\"_blank\" rel=\"noopener\">arteguias<\/a><\/p><p><a href=\"http:\/\/www.redjaen.es\/francis\/?m=c&amp;o=50079\" target=\"_blank\" rel=\"noopener\">redjaen<\/a><\/p><p><strong>Colegiata<\/strong><\/p><p><a href=\"https:\/\/www.elarteencuenca.es\/patrimonio-artistico-cuenca\/poblaciones\/belmonte?page=1\" target=\"_blank\" rel=\"noopener\">elarteencuenca<\/a><\/p><p><a href=\"https:\/\/descubreloconmigowordpresscom.files.wordpress.com\/2016\/03\/belmonte-colegiata.pdf\" target=\"_blank\" rel=\"noopener\">descubreloconmigo<\/a><\/p><p><strong>Webs academic<\/strong><\/p><p>Miguel \u00c1ngel Vellisco y Juan Antonio Zarco. <a href=\"https:\/\/belmontehistoria.es\/\" target=\"_blank\" rel=\"noopener\"><em>Cultura e historia de Belmonte<\/em><\/a><\/p><p><a href=\"https:\/\/drive.google.com\/file\/d\/0BzeJM9cBE1ovS3hxbEl2R0xLU3c\/view?resourcekey=0-zJzGAOiPZFpHcGAUnD660Q\" target=\"_blank\" rel=\"noopener\"><em>Belmonte: Historia y patrimonio<\/em><\/a><\/p><p>Jos\u00e9 Miguel Mu\u00f1oz Jim\u00e9nez. <a href=\"https:\/\/rio.upo.es\/xmlui\/bitstream\/handle\/10433\/9977\/3070-Texto%20del%20art%c3%adculo-9445-1-10-20180311.pdf?sequence=1&amp;isAllowed=y\" target=\"_blank\" rel=\"noopener\"><em>Castillos se\u00f1oriales nobiliarios y episcopales en Castilla-La Mancha (siglos XIV y XV)<\/em><\/a><\/p><p>Carlos Ayll\u00f3n Guti\u00e9rrez. <a href=\"https:\/\/hispaniasacra.revistas.csic.es\/index.php\/hispaniasacra\/article\/view\/50\" target=\"_blank\" rel=\"noopener\"><em>Iglesia y poder en el marquesado de Villena. Los or\u00edgenes de la Colegiata de Belmonte<\/em><\/a><\/p><p>Pedro Miguel Ib\u00e1\u00f1ez Mart\u00ednez. <a href=\"https:\/\/xn--archivoespaoldearte-53b.revistas.csic.es\/index.php\/aea\/article\/view\/301\" target=\"_blank\" rel=\"noopener\"><em>Van den Wyngaerde, una vista de Belmonte y la campa\u00f1a de trabajo de 1563<\/em><\/a><\/p>\t\t\t\t\t\t\t\t<\/div>\n\t\t\t\t<\/div>\n\t\t\t\t\t<\/div>\n\t\t<\/div>\n\t\t\t\t\t<\/div>\n\t\t<\/section>\n\t\t\t\t<\/div>\n\t\t","protected":false},"excerpt":{"rendered":"<p>Belmonte (Conca) \u00e9s un Conjunt Historic-Art\u00edstic (BIC) on es respira l&#8217;ambient de vila medieval manxega. Presidida per l&#8217;espectacular castell de Belmonte, conserva gran part de les muralles, de les edificacions &#8230; <a title=\"Belmonte (Conca)\" class=\"read-more\" href=\"https:\/\/www.elturistatranquil.com\/ca\/belmonte-conca\/\" aria-label=\"M\u00e9s informaci\u00f3 sobre Belmonte (Conca)\">[ &#8230; ]<\/a><\/p>\n","protected":false},"author":1,"featured_media":41888,"comment_status":"open","ping_status":"closed","sticky":false,"template":"","format":"standard","meta":{"footnotes":""},"categories":[70,71,72,74,75,77,145,81,83,92,69,100,159,101,139,152,110],"tags":[],"class_list":["post-41904","post","type-post","status-publish","format-standard","has-post-thumbnail","hentry","category-arquitectura-civil-ca","category-arquitectura-popular-ca","category-arquitectura-religiosa-ca","category-barroc","category-castells","category-conjunts-historics","category-edat-mitjana","category-etnografia-ca","category-historia-ca","category-museus","category-arqueologia-industrial-ca","category-pobles-i-ciutats-amb-interes","category-recintes-emmurallats","category-renaixement","category-segle-xvi-xvii","category-urbanisme","category-vila","infinite-scroll-item","generate-columns","tablet-grid-50","mobile-grid-100","grid-parent","grid-50","no-featured-image-padding"],"yoast_head":"<!-- This site is optimized with the Yoast SEO plugin v27.4 - https:\/\/yoast.com\/product\/yoast-seo-wordpress\/ -->\n<title>Belmonte (Conca) - El turista tranquil<\/title>\n<meta name=\"description\" content=\"Belmonte (Cuenca) \u00e9s un Conjunt Historic-Art\u00edstic (BIC) on es respira l&#039;ambient de vila medieval manxega. Presidida per l&#039;espectacular castell de Belmonte, conserva gran part de les muralles, de les edificacions senyorials i populars i de la trama urbana de l&#039;\u00e8poca.\" \/>\n<meta name=\"robots\" content=\"index, follow, max-snippet:-1, max-image-preview:large, max-video-preview:-1\" \/>\n<link rel=\"canonical\" href=\"https:\/\/www.elturistatranquil.com\/ca\/belmonte-conca\/\" \/>\n<meta property=\"og:locale\" content=\"ca_ES\" \/>\n<meta property=\"og:type\" content=\"article\" \/>\n<meta property=\"og:title\" content=\"Belmonte (Conca) - El turista tranquil\" \/>\n<meta property=\"og:description\" content=\"Belmonte (Cuenca) \u00e9s un Conjunt Historic-Art\u00edstic (BIC) on es respira l&#039;ambient de vila medieval manxega. Presidida per l&#039;espectacular castell de Belmonte, conserva gran part de les muralles, de les edificacions senyorials i populars i de la trama urbana de l&#039;\u00e8poca.\" \/>\n<meta property=\"og:url\" content=\"https:\/\/www.elturistatranquil.com\/ca\/belmonte-conca\/\" \/>\n<meta property=\"og:site_name\" content=\"El turista tranquil\" \/>\n<meta property=\"article:publisher\" content=\"https:\/\/www.facebook.com\/elturistatranquilo\/\" \/>\n<meta property=\"article:published_time\" content=\"2022-06-25T09:58:19+00:00\" \/>\n<meta property=\"article:modified_time\" content=\"2024-01-25T10:42:32+00:00\" \/>\n<meta property=\"og:image\" content=\"https:\/\/www.elturistatranquil.com\/wp-content\/uploads\/F00b-Belmonte-Cuenca.jpg\" \/>\n\t<meta property=\"og:image:width\" content=\"768\" \/>\n\t<meta property=\"og:image:height\" content=\"512\" \/>\n\t<meta property=\"og:image:type\" content=\"image\/jpeg\" \/>\n<meta name=\"author\" content=\"admin\" \/>\n<meta name=\"twitter:card\" content=\"summary_large_image\" \/>\n<meta name=\"twitter:label1\" content=\"Escrit per\" \/>\n\t<meta name=\"twitter:data1\" content=\"admin\" \/>\n\t<meta name=\"twitter:label2\" content=\"Temps estimat de lectura\" \/>\n\t<meta name=\"twitter:data2\" content=\"75 minuts\" \/>\n<script type=\"application\/ld+json\" class=\"yoast-schema-graph\">{\"@context\":\"https:\\\/\\\/schema.org\",\"@graph\":[{\"@type\":\"Article\",\"@id\":\"https:\\\/\\\/www.elturistatranquil.com\\\/ca\\\/belmonte-conca\\\/#article\",\"isPartOf\":{\"@id\":\"https:\\\/\\\/www.elturistatranquil.com\\\/ca\\\/belmonte-conca\\\/\"},\"author\":{\"name\":\"admin\",\"@id\":\"https:\\\/\\\/www.elturistatranquil.com\\\/ca\\\/#\\\/schema\\\/person\\\/16f607c3079b96ed0c530a52e6b58bb5\"},\"headline\":\"Belmonte (Conca)\",\"datePublished\":\"2022-06-25T09:58:19+00:00\",\"dateModified\":\"2024-01-25T10:42:32+00:00\",\"mainEntityOfPage\":{\"@id\":\"https:\\\/\\\/www.elturistatranquil.com\\\/ca\\\/belmonte-conca\\\/\"},\"wordCount\":8631,\"commentCount\":0,\"image\":{\"@id\":\"https:\\\/\\\/www.elturistatranquil.com\\\/ca\\\/belmonte-conca\\\/#primaryimage\"},\"thumbnailUrl\":\"https:\\\/\\\/www.elturistatranquil.com\\\/wp-content\\\/uploads\\\/F00b-Belmonte-Cuenca.jpg\",\"articleSection\":[\"Arquitectura civil\",\"Arquitectura popular\",\"Arquitectura religiosa\",\"Barroc\",\"Castells, Muralles\",\"Conjunts hist\u00f2rics\",\"Edat mitjana\",\"Etnografia\",\"Hist\u00f2ria\",\"Museus\",\"Patrimoni econ\u00f2mic\\\/productiu\",\"Pobles i ciutats amb inter\u00e9s\",\"Recintes emmurallats\",\"Renaixement\",\"Segle XVI-XVII\",\"Urbanisme\",\"Vila\"],\"inLanguage\":\"ca\",\"potentialAction\":[{\"@type\":\"CommentAction\",\"name\":\"Comment\",\"target\":[\"https:\\\/\\\/www.elturistatranquil.com\\\/ca\\\/belmonte-conca\\\/#respond\"]}]},{\"@type\":\"WebPage\",\"@id\":\"https:\\\/\\\/www.elturistatranquil.com\\\/ca\\\/belmonte-conca\\\/\",\"url\":\"https:\\\/\\\/www.elturistatranquil.com\\\/ca\\\/belmonte-conca\\\/\",\"name\":\"Belmonte (Conca) - El turista tranquil\",\"isPartOf\":{\"@id\":\"https:\\\/\\\/www.elturistatranquil.com\\\/ca\\\/#website\"},\"primaryImageOfPage\":{\"@id\":\"https:\\\/\\\/www.elturistatranquil.com\\\/ca\\\/belmonte-conca\\\/#primaryimage\"},\"image\":{\"@id\":\"https:\\\/\\\/www.elturistatranquil.com\\\/ca\\\/belmonte-conca\\\/#primaryimage\"},\"thumbnailUrl\":\"https:\\\/\\\/www.elturistatranquil.com\\\/wp-content\\\/uploads\\\/F00b-Belmonte-Cuenca.jpg\",\"datePublished\":\"2022-06-25T09:58:19+00:00\",\"dateModified\":\"2024-01-25T10:42:32+00:00\",\"author\":{\"@id\":\"https:\\\/\\\/www.elturistatranquil.com\\\/ca\\\/#\\\/schema\\\/person\\\/16f607c3079b96ed0c530a52e6b58bb5\"},\"description\":\"Belmonte (Cuenca) \u00e9s un Conjunt Historic-Art\u00edstic (BIC) on es respira l'ambient de vila medieval manxega. Presidida per l'espectacular castell de Belmonte, conserva gran part de les muralles, de les edificacions senyorials i populars i de la trama urbana de l'\u00e8poca.\",\"breadcrumb\":{\"@id\":\"https:\\\/\\\/www.elturistatranquil.com\\\/ca\\\/belmonte-conca\\\/#breadcrumb\"},\"inLanguage\":\"ca\",\"potentialAction\":[{\"@type\":\"ReadAction\",\"target\":[\"https:\\\/\\\/www.elturistatranquil.com\\\/ca\\\/belmonte-conca\\\/\"]}]},{\"@type\":\"ImageObject\",\"inLanguage\":\"ca\",\"@id\":\"https:\\\/\\\/www.elturistatranquil.com\\\/ca\\\/belmonte-conca\\\/#primaryimage\",\"url\":\"https:\\\/\\\/www.elturistatranquil.com\\\/wp-content\\\/uploads\\\/F00b-Belmonte-Cuenca.jpg\",\"contentUrl\":\"https:\\\/\\\/www.elturistatranquil.com\\\/wp-content\\\/uploads\\\/F00b-Belmonte-Cuenca.jpg\",\"width\":768,\"height\":512,\"caption\":\"Belmonte, Cuenca\"},{\"@type\":\"BreadcrumbList\",\"@id\":\"https:\\\/\\\/www.elturistatranquil.com\\\/ca\\\/belmonte-conca\\\/#breadcrumb\",\"itemListElement\":[{\"@type\":\"ListItem\",\"position\":1,\"name\":\"Portada\",\"item\":\"https:\\\/\\\/www.elturistatranquil.com\\\/ca\\\/\"},{\"@type\":\"ListItem\",\"position\":2,\"name\":\"Belmonte (Conca)\"}]},{\"@type\":\"WebSite\",\"@id\":\"https:\\\/\\\/www.elturistatranquil.com\\\/ca\\\/#website\",\"url\":\"https:\\\/\\\/www.elturistatranquil.com\\\/ca\\\/\",\"name\":\"El turista tranquil\",\"description\":\"Blog de viatges\",\"potentialAction\":[{\"@type\":\"SearchAction\",\"target\":{\"@type\":\"EntryPoint\",\"urlTemplate\":\"https:\\\/\\\/www.elturistatranquil.com\\\/ca\\\/?s={search_term_string}\"},\"query-input\":{\"@type\":\"PropertyValueSpecification\",\"valueRequired\":true,\"valueName\":\"search_term_string\"}}],\"inLanguage\":\"ca\"},{\"@type\":\"Person\",\"@id\":\"https:\\\/\\\/www.elturistatranquil.com\\\/ca\\\/#\\\/schema\\\/person\\\/16f607c3079b96ed0c530a52e6b58bb5\",\"name\":\"admin\",\"image\":{\"@type\":\"ImageObject\",\"inLanguage\":\"ca\",\"@id\":\"https:\\\/\\\/secure.gravatar.com\\\/avatar\\\/1fbaf22aee75fcbb29a2f97b107f95d25d3a19b7c3416105be10269872673e8d?s=96&d=mm&r=g\",\"url\":\"https:\\\/\\\/secure.gravatar.com\\\/avatar\\\/1fbaf22aee75fcbb29a2f97b107f95d25d3a19b7c3416105be10269872673e8d?s=96&d=mm&r=g\",\"contentUrl\":\"https:\\\/\\\/secure.gravatar.com\\\/avatar\\\/1fbaf22aee75fcbb29a2f97b107f95d25d3a19b7c3416105be10269872673e8d?s=96&d=mm&r=g\",\"caption\":\"admin\"}}]}<\/script>\n<!-- \/ Yoast SEO plugin. -->","yoast_head_json":{"title":"Belmonte (Conca) - El turista tranquil","description":"Belmonte (Cuenca) \u00e9s un Conjunt Historic-Art\u00edstic (BIC) on es respira l'ambient de vila medieval manxega. Presidida per l'espectacular castell de Belmonte, conserva gran part de les muralles, de les edificacions senyorials i populars i de la trama urbana de l'\u00e8poca.","robots":{"index":"index","follow":"follow","max-snippet":"max-snippet:-1","max-image-preview":"max-image-preview:large","max-video-preview":"max-video-preview:-1"},"canonical":"https:\/\/www.elturistatranquil.com\/ca\/belmonte-conca\/","og_locale":"ca_ES","og_type":"article","og_title":"Belmonte (Conca) - El turista tranquil","og_description":"Belmonte (Cuenca) \u00e9s un Conjunt Historic-Art\u00edstic (BIC) on es respira l'ambient de vila medieval manxega. Presidida per l'espectacular castell de Belmonte, conserva gran part de les muralles, de les edificacions senyorials i populars i de la trama urbana de l'\u00e8poca.","og_url":"https:\/\/www.elturistatranquil.com\/ca\/belmonte-conca\/","og_site_name":"El turista tranquil","article_publisher":"https:\/\/www.facebook.com\/elturistatranquilo\/","article_published_time":"2022-06-25T09:58:19+00:00","article_modified_time":"2024-01-25T10:42:32+00:00","og_image":[{"width":768,"height":512,"url":"https:\/\/www.elturistatranquil.com\/wp-content\/uploads\/F00b-Belmonte-Cuenca.jpg","type":"image\/jpeg"}],"author":"admin","twitter_card":"summary_large_image","twitter_misc":{"Escrit per":"admin","Temps estimat de lectura":"75 minuts"},"schema":{"@context":"https:\/\/schema.org","@graph":[{"@type":"Article","@id":"https:\/\/www.elturistatranquil.com\/ca\/belmonte-conca\/#article","isPartOf":{"@id":"https:\/\/www.elturistatranquil.com\/ca\/belmonte-conca\/"},"author":{"name":"admin","@id":"https:\/\/www.elturistatranquil.com\/ca\/#\/schema\/person\/16f607c3079b96ed0c530a52e6b58bb5"},"headline":"Belmonte (Conca)","datePublished":"2022-06-25T09:58:19+00:00","dateModified":"2024-01-25T10:42:32+00:00","mainEntityOfPage":{"@id":"https:\/\/www.elturistatranquil.com\/ca\/belmonte-conca\/"},"wordCount":8631,"commentCount":0,"image":{"@id":"https:\/\/www.elturistatranquil.com\/ca\/belmonte-conca\/#primaryimage"},"thumbnailUrl":"https:\/\/www.elturistatranquil.com\/wp-content\/uploads\/F00b-Belmonte-Cuenca.jpg","articleSection":["Arquitectura civil","Arquitectura popular","Arquitectura religiosa","Barroc","Castells, Muralles","Conjunts hist\u00f2rics","Edat mitjana","Etnografia","Hist\u00f2ria","Museus","Patrimoni econ\u00f2mic\/productiu","Pobles i ciutats amb inter\u00e9s","Recintes emmurallats","Renaixement","Segle XVI-XVII","Urbanisme","Vila"],"inLanguage":"ca","potentialAction":[{"@type":"CommentAction","name":"Comment","target":["https:\/\/www.elturistatranquil.com\/ca\/belmonte-conca\/#respond"]}]},{"@type":"WebPage","@id":"https:\/\/www.elturistatranquil.com\/ca\/belmonte-conca\/","url":"https:\/\/www.elturistatranquil.com\/ca\/belmonte-conca\/","name":"Belmonte (Conca) - El turista tranquil","isPartOf":{"@id":"https:\/\/www.elturistatranquil.com\/ca\/#website"},"primaryImageOfPage":{"@id":"https:\/\/www.elturistatranquil.com\/ca\/belmonte-conca\/#primaryimage"},"image":{"@id":"https:\/\/www.elturistatranquil.com\/ca\/belmonte-conca\/#primaryimage"},"thumbnailUrl":"https:\/\/www.elturistatranquil.com\/wp-content\/uploads\/F00b-Belmonte-Cuenca.jpg","datePublished":"2022-06-25T09:58:19+00:00","dateModified":"2024-01-25T10:42:32+00:00","author":{"@id":"https:\/\/www.elturistatranquil.com\/ca\/#\/schema\/person\/16f607c3079b96ed0c530a52e6b58bb5"},"description":"Belmonte (Cuenca) \u00e9s un Conjunt Historic-Art\u00edstic (BIC) on es respira l'ambient de vila medieval manxega. Presidida per l'espectacular castell de Belmonte, conserva gran part de les muralles, de les edificacions senyorials i populars i de la trama urbana de l'\u00e8poca.","breadcrumb":{"@id":"https:\/\/www.elturistatranquil.com\/ca\/belmonte-conca\/#breadcrumb"},"inLanguage":"ca","potentialAction":[{"@type":"ReadAction","target":["https:\/\/www.elturistatranquil.com\/ca\/belmonte-conca\/"]}]},{"@type":"ImageObject","inLanguage":"ca","@id":"https:\/\/www.elturistatranquil.com\/ca\/belmonte-conca\/#primaryimage","url":"https:\/\/www.elturistatranquil.com\/wp-content\/uploads\/F00b-Belmonte-Cuenca.jpg","contentUrl":"https:\/\/www.elturistatranquil.com\/wp-content\/uploads\/F00b-Belmonte-Cuenca.jpg","width":768,"height":512,"caption":"Belmonte, Cuenca"},{"@type":"BreadcrumbList","@id":"https:\/\/www.elturistatranquil.com\/ca\/belmonte-conca\/#breadcrumb","itemListElement":[{"@type":"ListItem","position":1,"name":"Portada","item":"https:\/\/www.elturistatranquil.com\/ca\/"},{"@type":"ListItem","position":2,"name":"Belmonte (Conca)"}]},{"@type":"WebSite","@id":"https:\/\/www.elturistatranquil.com\/ca\/#website","url":"https:\/\/www.elturistatranquil.com\/ca\/","name":"El turista tranquil","description":"Blog de viatges","potentialAction":[{"@type":"SearchAction","target":{"@type":"EntryPoint","urlTemplate":"https:\/\/www.elturistatranquil.com\/ca\/?s={search_term_string}"},"query-input":{"@type":"PropertyValueSpecification","valueRequired":true,"valueName":"search_term_string"}}],"inLanguage":"ca"},{"@type":"Person","@id":"https:\/\/www.elturistatranquil.com\/ca\/#\/schema\/person\/16f607c3079b96ed0c530a52e6b58bb5","name":"admin","image":{"@type":"ImageObject","inLanguage":"ca","@id":"https:\/\/secure.gravatar.com\/avatar\/1fbaf22aee75fcbb29a2f97b107f95d25d3a19b7c3416105be10269872673e8d?s=96&d=mm&r=g","url":"https:\/\/secure.gravatar.com\/avatar\/1fbaf22aee75fcbb29a2f97b107f95d25d3a19b7c3416105be10269872673e8d?s=96&d=mm&r=g","contentUrl":"https:\/\/secure.gravatar.com\/avatar\/1fbaf22aee75fcbb29a2f97b107f95d25d3a19b7c3416105be10269872673e8d?s=96&d=mm&r=g","caption":"admin"}}]}},"_links":{"self":[{"href":"https:\/\/www.elturistatranquil.com\/ca\/wp-json\/wp\/v2\/posts\/41904","targetHints":{"allow":["GET"]}}],"collection":[{"href":"https:\/\/www.elturistatranquil.com\/ca\/wp-json\/wp\/v2\/posts"}],"about":[{"href":"https:\/\/www.elturistatranquil.com\/ca\/wp-json\/wp\/v2\/types\/post"}],"author":[{"embeddable":true,"href":"https:\/\/www.elturistatranquil.com\/ca\/wp-json\/wp\/v2\/users\/1"}],"replies":[{"embeddable":true,"href":"https:\/\/www.elturistatranquil.com\/ca\/wp-json\/wp\/v2\/comments?post=41904"}],"version-history":[{"count":5,"href":"https:\/\/www.elturistatranquil.com\/ca\/wp-json\/wp\/v2\/posts\/41904\/revisions"}],"predecessor-version":[{"id":50712,"href":"https:\/\/www.elturistatranquil.com\/ca\/wp-json\/wp\/v2\/posts\/41904\/revisions\/50712"}],"wp:featuredmedia":[{"embeddable":true,"href":"https:\/\/www.elturistatranquil.com\/ca\/wp-json\/wp\/v2\/media\/41888"}],"wp:attachment":[{"href":"https:\/\/www.elturistatranquil.com\/ca\/wp-json\/wp\/v2\/media?parent=41904"}],"wp:term":[{"taxonomy":"category","embeddable":true,"href":"https:\/\/www.elturistatranquil.com\/ca\/wp-json\/wp\/v2\/categories?post=41904"},{"taxonomy":"post_tag","embeddable":true,"href":"https:\/\/www.elturistatranquil.com\/ca\/wp-json\/wp\/v2\/tags?post=41904"}],"curies":[{"name":"wp","href":"https:\/\/api.w.org\/{rel}","templated":true}]}}