{"id":42518,"date":"2022-07-30T11:00:25","date_gmt":"2022-07-30T09:00:25","guid":{"rendered":"https:\/\/www.elturistatranquil.com\/?p=42518"},"modified":"2022-08-01T13:15:56","modified_gmt":"2022-08-01T11:15:56","slug":"villaciervitos-i-villaciervos-soria","status":"publish","type":"post","link":"https:\/\/www.elturistatranquil.com\/ca\/villaciervitos-i-villaciervos-soria\/","title":{"rendered":"Villaciervitos i Villaciervos (S\u00f2ria)"},"content":{"rendered":"\t\t<div data-elementor-type=\"wp-post\" data-elementor-id=\"42518\" class=\"elementor elementor-42518 elementor-42343\" data-elementor-post-type=\"post\">\n\t\t\t\t\t\t<section class=\"elementor-section elementor-top-section elementor-element elementor-element-4d44a566 elementor-section-boxed elementor-section-height-default elementor-section-height-default\" data-id=\"4d44a566\" data-element_type=\"section\" data-e-type=\"section\">\n\t\t\t\t\t\t<div class=\"elementor-container elementor-column-gap-default\">\n\t\t\t\t\t<div class=\"elementor-column elementor-col-100 elementor-top-column elementor-element elementor-element-6530403e\" data-id=\"6530403e\" data-element_type=\"column\" data-e-type=\"column\">\n\t\t\t<div class=\"elementor-widget-wrap elementor-element-populated\">\n\t\t\t\t\t\t<section class=\"elementor-section elementor-inner-section elementor-element elementor-element-2047d6a9 elementor-section-content-middle elementor-section-boxed elementor-section-height-default elementor-section-height-default\" data-id=\"2047d6a9\" data-element_type=\"section\" data-e-type=\"section\">\n\t\t\t\t\t\t<div class=\"elementor-container elementor-column-gap-default\">\n\t\t\t\t\t<div class=\"elementor-column elementor-col-100 elementor-inner-column elementor-element elementor-element-797cae85\" data-id=\"797cae85\" data-element_type=\"column\" data-e-type=\"column\">\n\t\t\t<div class=\"elementor-widget-wrap elementor-element-populated\">\n\t\t\t\t\t\t<div class=\"elementor-element elementor-element-13bd2f38 elementor-widget elementor-widget-text-editor\" data-id=\"13bd2f38\" data-element_type=\"widget\" data-e-type=\"widget\" data-widget_type=\"text-editor.default\">\n\t\t\t\t<div class=\"elementor-widget-container\">\n\t\t\t\t\t\t\t\t\t<p>Villaciervitos i Villaciervos s\u00f3n dues localitats a la Comarca de S\u00f2ria on perviuen trets de l&#8217;arquitectura popular pinariega, amb la caracter\u00edstica particular a Villaciervitos d&#8217;un urbanisme basat en la illa urbana de model \u201cmajada\u201d.<\/p>\t\t\t\t\t\t\t\t<\/div>\n\t\t\t\t<\/div>\n\t\t\t\t\t<\/div>\n\t\t<\/div>\n\t\t\t\t\t<\/div>\n\t\t<\/section>\n\t\t\t\t<div class=\"elementor-element elementor-element-363ccd99 elementor-widget elementor-widget-heading\" data-id=\"363ccd99\" data-element_type=\"widget\" data-e-type=\"widget\" data-widget_type=\"heading.default\">\n\t\t\t\t<div class=\"elementor-widget-container\">\n\t\t\t\t\t<h1 class=\"elementor-heading-title elementor-size-default\">Villaciervitos i Villaciervos (S\u00f2ria)<\/h1>\t\t\t\t<\/div>\n\t\t\t\t<\/div>\n\t\t\t\t\t<\/div>\n\t\t<\/div>\n\t\t\t\t\t<\/div>\n\t\t<\/section>\n\t\t\t\t<section class=\"elementor-section elementor-top-section elementor-element elementor-element-100b9dd4 elementor-section-boxed elementor-section-height-default elementor-section-height-default\" data-id=\"100b9dd4\" data-element_type=\"section\" data-e-type=\"section\">\n\t\t\t\t\t\t<div class=\"elementor-container elementor-column-gap-default\">\n\t\t\t\t\t<div class=\"elementor-column elementor-col-100 elementor-top-column elementor-element elementor-element-38d60b21\" data-id=\"38d60b21\" data-element_type=\"column\" data-e-type=\"column\">\n\t\t\t<div class=\"elementor-widget-wrap elementor-element-populated\">\n\t\t\t\t\t\t<div class=\"elementor-element elementor-element-1ab33c1c elementor-widget elementor-widget-image\" data-id=\"1ab33c1c\" data-element_type=\"widget\" data-e-type=\"widget\" data-widget_type=\"image.default\">\n\t\t\t\t<div class=\"elementor-widget-container\">\n\t\t\t\t\t\t\t\t\t\t\t\t<figure class=\"wp-caption\">\n\t\t\t\t\t\t\t\t\t\t<img fetchpriority=\"high\" decoding=\"async\" width=\"768\" height=\"513\" src=\"https:\/\/www.elturistatranquil.com\/wp-content\/uploads\/F01-Villaciervitos-y-Villaciervos-Soria-Google-earth-2022-07-19.jpg\" class=\"attachment-large size-large wp-image-42353\" alt=\"Villaciervitos y Villaciervos, Soria (Google earth 2022-07-19)\" srcset=\"https:\/\/www.elturistatranquil.com\/wp-content\/uploads\/F01-Villaciervitos-y-Villaciervos-Soria-Google-earth-2022-07-19.jpg 768w, https:\/\/www.elturistatranquil.com\/wp-content\/uploads\/F01-Villaciervitos-y-Villaciervos-Soria-Google-earth-2022-07-19-339x226.jpg 339w\" sizes=\"(max-width: 768px) 100vw, 768px\" \/>\t\t\t\t\t\t\t\t\t\t\t<figcaption class=\"widget-image-caption wp-caption-text\">Villaciervitos i Villaciervos (Google earth 2022-07-19)<\/figcaption>\n\t\t\t\t\t\t\t\t\t\t<\/figure>\n\t\t\t\t\t\t\t\t\t<\/div>\n\t\t\t\t<\/div>\n\t\t\t\t<div class=\"elementor-element elementor-element-98a6a90 elementor-widget elementor-widget-spacer\" data-id=\"98a6a90\" data-element_type=\"widget\" data-e-type=\"widget\" data-widget_type=\"spacer.default\">\n\t\t\t\t<div class=\"elementor-widget-container\">\n\t\t\t\t\t\t\t<div class=\"elementor-spacer\">\n\t\t\t<div class=\"elementor-spacer-inner\"><\/div>\n\t\t<\/div>\n\t\t\t\t\t\t<\/div>\n\t\t\t\t<\/div>\n\t\t\t\t<div class=\"elementor-element elementor-element-2473d4df elementor-widget elementor-widget-heading\" data-id=\"2473d4df\" data-element_type=\"widget\" data-e-type=\"widget\" data-widget_type=\"heading.default\">\n\t\t\t\t<div class=\"elementor-widget-container\">\n\t\t\t\t\t<h2 class=\"elementor-heading-title elementor-size-default\">Villaciervitos i Villaciervos. Comarca de Soria. S\u00f2ria<\/h2>\t\t\t\t<\/div>\n\t\t\t\t<\/div>\n\t\t\t\t<section class=\"elementor-section elementor-inner-section elementor-element elementor-element-69cc1aa4 elementor-section-boxed elementor-section-height-default elementor-section-height-default\" data-id=\"69cc1aa4\" data-element_type=\"section\" data-e-type=\"section\" data-settings=\"{&quot;background_background&quot;:&quot;classic&quot;}\">\n\t\t\t\t\t\t\t<div class=\"elementor-background-overlay\"><\/div>\n\t\t\t\t\t\t\t<div class=\"elementor-container elementor-column-gap-default\">\n\t\t\t\t\t<div class=\"elementor-column elementor-col-100 elementor-inner-column elementor-element elementor-element-372fa1ee\" data-id=\"372fa1ee\" data-element_type=\"column\" data-e-type=\"column\" data-settings=\"{&quot;background_background&quot;:&quot;classic&quot;}\">\n\t\t\t<div class=\"elementor-widget-wrap elementor-element-populated\">\n\t\t\t\t\t\t<div class=\"elementor-element elementor-element-1989115a elementor-widget elementor-widget-text-editor\" data-id=\"1989115a\" data-element_type=\"widget\" data-e-type=\"widget\" data-widget_type=\"text-editor.default\">\n\t\t\t\t<div class=\"elementor-widget-container\">\n\t\t\t\t\t\t\t\t\t<p>Comarca: Comarca de Soria. Prov\u00edncia: S\u00f2ria. Com. Aut\u00f2noma: Castilla y Le\u00f3n<\/p><p>Villaciervitos: Coordenades: 41\u00b045\u203210\u2033N 2\u00b038\u203222\u2033O. Altitud: 1163 msnm. Poblaci\u00f3: 23 habitants (2021)<\/p><p>Web: <a href=\"http:\/\/www.villaciervos.es\/villaciervitos\" target=\"_blank\" rel=\"noopener\">ayuntamiento<\/a><\/p><p>Villaciervos: Coordenades: 41\u00b045\u203243\u2033N 2\u00b037\u203235\u2033O. Altitud: 1183 msnm. Poblaci\u00f3: 49 habitants en la localitat i 72 en el municipi (2021)<\/p><p>Web: <a href=\"http:\/\/www.villaciervos.es\/\" target=\"_blank\" rel=\"noopener\">ayuntamiento<\/a><\/p><p>Visita: 2021<\/p>\t\t\t\t\t\t\t\t<\/div>\n\t\t\t\t<\/div>\n\t\t\t\t\t<\/div>\n\t\t<\/div>\n\t\t\t\t\t<\/div>\n\t\t<\/section>\n\t\t\t\t<div class=\"elementor-element elementor-element-7b4a62e4 elementor-widget elementor-widget-image\" data-id=\"7b4a62e4\" data-element_type=\"widget\" data-e-type=\"widget\" data-widget_type=\"image.default\">\n\t\t\t\t<div class=\"elementor-widget-container\">\n\t\t\t\t\t\t\t\t\t\t\t\t<figure class=\"wp-caption\">\n\t\t\t\t\t\t\t\t\t\t<img decoding=\"async\" width=\"768\" height=\"512\" src=\"https:\/\/www.elturistatranquil.com\/wp-content\/uploads\/F02c-Mapa-de-situacio-de-Villaciervitos-y-Villaciervos-Soria-Google-maps-2022-07-21.jpg\" class=\"attachment-medium_large size-medium_large wp-image-42523\" alt=\"villaciervitos-i-villaciervos-soria\" srcset=\"https:\/\/www.elturistatranquil.com\/wp-content\/uploads\/F02c-Mapa-de-situacio-de-Villaciervitos-y-Villaciervos-Soria-Google-maps-2022-07-21.jpg 768w, https:\/\/www.elturistatranquil.com\/wp-content\/uploads\/F02c-Mapa-de-situacio-de-Villaciervitos-y-Villaciervos-Soria-Google-maps-2022-07-21-339x226.jpg 339w\" sizes=\"(max-width: 768px) 100vw, 768px\" \/>\t\t\t\t\t\t\t\t\t\t\t<figcaption class=\"widget-image-caption wp-caption-text\">Mapa de situaci\u00f3 de Villaciervitos i Villaciervos (Google maps 2022-07-21)<\/figcaption>\n\t\t\t\t\t\t\t\t\t\t<\/figure>\n\t\t\t\t\t\t\t\t\t<\/div>\n\t\t\t\t<\/div>\n\t\t\t\t<section class=\"elementor-section elementor-inner-section elementor-element elementor-element-5b21a5a6 elementor-section-boxed elementor-section-height-default elementor-section-height-default\" data-id=\"5b21a5a6\" data-element_type=\"section\" data-e-type=\"section\" data-settings=\"{&quot;background_background&quot;:&quot;classic&quot;}\">\n\t\t\t\t\t\t<div class=\"elementor-container elementor-column-gap-default\">\n\t\t\t\t\t<div class=\"elementor-column elementor-col-100 elementor-inner-column elementor-element elementor-element-1096e462\" data-id=\"1096e462\" data-element_type=\"column\" data-e-type=\"column\">\n\t\t\t<div class=\"elementor-widget-wrap elementor-element-populated\">\n\t\t\t\t\t\t<div class=\"elementor-element elementor-element-5ac4cce9 elementor-widget elementor-widget-text-editor\" data-id=\"5ac4cce9\" data-element_type=\"widget\" data-e-type=\"widget\" data-widget_type=\"text-editor.default\">\n\t\t\t\t<div class=\"elementor-widget-container\">\n\t\t\t\t\t\t\t\t\t<p style=\"text-align: center;\"><strong>\u00cdndex<\/strong><\/p>\t\t\t\t\t\t\t\t<\/div>\n\t\t\t\t<\/div>\n\t\t\t\t<div class=\"elementor-element elementor-element-3b43785a elementor-widget elementor-widget-text-editor\" data-id=\"3b43785a\" data-element_type=\"widget\" data-e-type=\"widget\" data-widget_type=\"text-editor.default\">\n\t\t\t\t<div class=\"elementor-widget-container\">\n\t\t\t\t\t\t\t\t\t<p><a href=\"https:\/\/www.elturistatranquil.com\/ca\/villaciervitos-i-villaciervos-soria\/#c7601\">Villaciervitos i Villaciervos. Comarca de Soria. S\u00f2ria<\/a><\/p><p><a href=\"https:\/\/www.elturistatranquil.com\/ca\/villaciervitos-i-villaciervos-soria\/#c7602\">El territori<\/a><\/p><p><a href=\"https:\/\/www.elturistatranquil.com\/ca\/villaciervitos-i-villaciervos-soria\/#c7603\">Villaciervitos<\/a><\/p><p style=\"padding-left: 40px;\"><a href=\"https:\/\/www.elturistatranquil.com\/ca\/villaciervitos-i-villaciervos-soria\/#c7604\">La visita a Villaciervitos<\/a><\/p><p style=\"padding-left: 40px;\"><a href=\"https:\/\/www.elturistatranquil.com\/ca\/villaciervitos-i-villaciervos-soria\/#c7605\">Esgl\u00e9sia rom\u00e0nica de San Blas<\/a><\/p><p><a href=\"https:\/\/www.elturistatranquil.com\/ca\/villaciervitos-i-villaciervos-soria\/#c7606\">Villaciervos<\/a><\/p><p style=\"padding-left: 40px;\"><a href=\"https:\/\/www.elturistatranquil.com\/ca\/villaciervitos-i-villaciervos-soria\/#c7607\">La visita a Villaciervos<\/a><\/p><p style=\"padding-left: 40px;\"><a href=\"https:\/\/www.elturistatranquil.com\/ca\/villaciervitos-i-villaciervos-soria\/#c7608\">Antigua esgl\u00e9sia de San Juan Bautista<\/a><\/p><p><a href=\"https:\/\/www.elturistatranquil.com\/ca\/villaciervitos-i-villaciervos-soria\/#c7609\">Fi de la visita<\/a><\/p><p><a href=\"https:\/\/www.elturistatranquil.com\/ca\/villaciervitos-i-villaciervos-soria\/#c7610\">Bases d\u2019informaci\u00f3<\/a><\/p>\t\t\t\t\t\t\t\t<\/div>\n\t\t\t\t<\/div>\n\t\t\t\t\t<\/div>\n\t\t<\/div>\n\t\t\t\t\t<\/div>\n\t\t<\/section>\n\t\t\t\t<div class=\"elementor-element elementor-element-b690730 elementor-widget elementor-widget-spacer\" data-id=\"b690730\" data-element_type=\"widget\" data-e-type=\"widget\" data-widget_type=\"spacer.default\">\n\t\t\t\t<div class=\"elementor-widget-container\">\n\t\t\t\t\t\t\t<div class=\"elementor-spacer\">\n\t\t\t<div class=\"elementor-spacer-inner\"><\/div>\n\t\t<\/div>\n\t\t\t\t\t\t<\/div>\n\t\t\t\t<\/div>\n\t\t\t\t<div class=\"elementor-element elementor-element-1a6045de elementor-widget elementor-widget-menu-anchor\" data-id=\"1a6045de\" data-element_type=\"widget\" data-e-type=\"widget\" data-widget_type=\"menu-anchor.default\">\n\t\t\t\t<div class=\"elementor-widget-container\">\n\t\t\t\t\t\t\t<div class=\"elementor-menu-anchor\" id=\"c7601\"><\/div>\n\t\t\t\t\t\t<\/div>\n\t\t\t\t<\/div>\n\t\t\t\t<div class=\"elementor-element elementor-element-543c4473 elementor-widget elementor-widget-spacer\" data-id=\"543c4473\" data-element_type=\"widget\" data-e-type=\"widget\" data-widget_type=\"spacer.default\">\n\t\t\t\t<div class=\"elementor-widget-container\">\n\t\t\t\t\t\t\t<div class=\"elementor-spacer\">\n\t\t\t<div class=\"elementor-spacer-inner\"><\/div>\n\t\t<\/div>\n\t\t\t\t\t\t<\/div>\n\t\t\t\t<\/div>\n\t\t\t\t<div class=\"elementor-element elementor-element-2ec89f1b elementor-widget elementor-widget-heading\" data-id=\"2ec89f1b\" data-element_type=\"widget\" data-e-type=\"widget\" data-widget_type=\"heading.default\">\n\t\t\t\t<div class=\"elementor-widget-container\">\n\t\t\t\t\t<h2 class=\"elementor-heading-title elementor-size-default\">Villaciervitos i Villaciervos. Comarca de Soria. S\u00f2ria<\/h2>\t\t\t\t<\/div>\n\t\t\t\t<\/div>\n\t\t\t\t<div class=\"elementor-element elementor-element-c541827 elementor-widget elementor-widget-menu-anchor\" data-id=\"c541827\" data-element_type=\"widget\" data-e-type=\"widget\" data-widget_type=\"menu-anchor.default\">\n\t\t\t\t<div class=\"elementor-widget-container\">\n\t\t\t\t\t\t\t<div class=\"elementor-menu-anchor\" id=\"c7602\"><\/div>\n\t\t\t\t\t\t<\/div>\n\t\t\t\t<\/div>\n\t\t\t\t<div class=\"elementor-element elementor-element-515c8773 elementor-widget elementor-widget-text-editor\" data-id=\"515c8773\" data-element_type=\"widget\" data-e-type=\"widget\" data-widget_type=\"text-editor.default\">\n\t\t\t\t<div class=\"elementor-widget-container\">\n\t\t\t\t\t\t\t\t\t<p>En llegir el cap\u00edtol escrit per AC.: \u201c<em>Villaciervitos\u2013Conjunto urbano completo\u201d<\/em>, en el libro <a href=\"http:\/\/patrimoniocultural.jcyl.es\/web\/jcyl\/PatrimonioCultural\/es\/Plantilla100Detalle\/1284217324650\/_\/1284216312761\/Redaccion\" target=\"_blank\" rel=\"noopener\"><em>Edificios y conjuntos de arquitectura popular en Castilla y Le\u00f3n<\/em><\/a> (8. Soria, pp. 322-325),\u00a0em va despertar l&#8217;inter\u00e8s per visitar-lo.<\/p><p>En aquest <em>Post<\/em> presento el resultat de la visita, complementat amb un recorregut per Villaciervos, capital del municipi.<\/p>\t\t\t\t\t\t\t\t<\/div>\n\t\t\t\t<\/div>\n\t\t\t\t<div class=\"elementor-element elementor-element-2e4101b0 elementor-widget elementor-widget-heading\" data-id=\"2e4101b0\" data-element_type=\"widget\" data-e-type=\"widget\" data-widget_type=\"heading.default\">\n\t\t\t\t<div class=\"elementor-widget-container\">\n\t\t\t\t\t<h2 class=\"elementor-heading-title elementor-size-default\">El territori<\/h2>\t\t\t\t<\/div>\n\t\t\t\t<\/div>\n\t\t\t\t<div class=\"elementor-element elementor-element-839aa2f elementor-widget elementor-widget-text-editor\" data-id=\"839aa2f\" data-element_type=\"widget\" data-e-type=\"widget\" data-widget_type=\"text-editor.default\">\n\t\t\t\t<div class=\"elementor-widget-container\">\n\t\t\t\t\t\t\t\t\t<p>Ens trobem al territori de la Comarca de S\u00f2ria, en plena muntanya del Sistema Ib\u00e8ric, terra de pastures i ramaderia fonamentalment ovina. Encara que era zona de pas dels bestiars transhumants, tamb\u00e9 es practicava una ramaderia que no emigra i que roman tot l&#8217;any a la zona, aprofitant les pastures que la seva altitud per sobre dels 1.100 msnm li proporcionava tot l&#8217;any.<\/p><p>Per mantenir aixoplugat i protegit el bestiar ov\u00ed a tota aquesta zona, i molt particularment a les prov\u00edncies de S\u00f2ria, Burgos i Guadalajara, es constru\u00efen des de temps immemorials pletes (apriscos) que, seguint la mateixa estructura constructiva, reben denominacions diverses segons les zones. Aix\u00ed tenim, <em>tainas<\/em>, <em>majadas<\/em>, <em>tenadas<\/em>, <em>cabanes<\/em> o <em>cabanyes<\/em> i <em>corrals<\/em> en sentit m\u00e9s gen\u00e8ric, entre d&#8217;altres.<\/p><p>L&#8217;estructura de les pletes, o tainas o majadas a S\u00f2ria, estan formades per una enorme cabana amb l&#8217;esquelet format per un sol p\u00f2rtic llarg a voluntat i sostingut per tants pilars com aquesta longitud requereixi.<\/p><p>El mur de pedra que delimita la taina ha de ser prou resistent per suportar la pressi\u00f3 de les ovelles i cabres al seu interior. La coberta primitiva era de palla i herbes de la zona. Tamb\u00e9 va evolucionar cap a cobertes de teules corbes, com mostres les dues fotografies seg\u00fcents.<\/p>\t\t\t\t\t\t\t\t<\/div>\n\t\t\t\t<\/div>\n\t\t\t\t<div class=\"elementor-element elementor-element-7ebaef3d elementor-widget elementor-widget-image\" data-id=\"7ebaef3d\" data-element_type=\"widget\" data-e-type=\"widget\" data-widget_type=\"image.default\">\n\t\t\t\t<div class=\"elementor-widget-container\">\n\t\t\t\t\t\t\t\t\t\t\t\t<figure class=\"wp-caption\">\n\t\t\t\t\t\t\t\t\t\t<img decoding=\"async\" width=\"768\" height=\"512\" src=\"https:\/\/www.elturistatranquil.com\/wp-content\/uploads\/F03-Aprisco-Taina-soriana.jpg\" class=\"attachment-large size-large wp-image-42357\" alt=\"Aprisco, Taina soriana\" srcset=\"https:\/\/www.elturistatranquil.com\/wp-content\/uploads\/F03-Aprisco-Taina-soriana.jpg 768w, https:\/\/www.elturistatranquil.com\/wp-content\/uploads\/F03-Aprisco-Taina-soriana-339x226.jpg 339w\" sizes=\"(max-width: 768px) 100vw, 768px\" \/>\t\t\t\t\t\t\t\t\t\t\t<figcaption class=\"widget-image-caption wp-caption-text\">(Foto: <a href=\"https:\/\/www.glosarioarquitectonico.com\/glossary\/taina\/\" target=\"_blank\" rel=\"noopener\">Glosario ilustrado de arte arquitect\u00f3nico<\/a>) <\/figcaption>\n\t\t\t\t\t\t\t\t\t\t<\/figure>\n\t\t\t\t\t\t\t\t\t<\/div>\n\t\t\t\t<\/div>\n\t\t\t\t<div class=\"elementor-element elementor-element-5c39a66 elementor-widget elementor-widget-image\" data-id=\"5c39a66\" data-element_type=\"widget\" data-e-type=\"widget\" data-widget_type=\"image.default\">\n\t\t\t\t<div class=\"elementor-widget-container\">\n\t\t\t\t\t\t\t\t\t\t\t\t<figure class=\"wp-caption\">\n\t\t\t\t\t\t\t\t\t\t<img loading=\"lazy\" decoding=\"async\" width=\"768\" height=\"511\" src=\"https:\/\/www.elturistatranquil.com\/wp-content\/uploads\/F04-Aprisco-Taina-soriana.jpg\" class=\"attachment-large size-large wp-image-42359\" alt=\"Aprisco, Taina soriana\" srcset=\"https:\/\/www.elturistatranquil.com\/wp-content\/uploads\/F04-Aprisco-Taina-soriana.jpg 768w, https:\/\/www.elturistatranquil.com\/wp-content\/uploads\/F04-Aprisco-Taina-soriana-339x226.jpg 339w\" sizes=\"(max-width: 768px) 100vw, 768px\" \/>\t\t\t\t\t\t\t\t\t\t\t<figcaption class=\"widget-image-caption wp-caption-text\"><\/figcaption>\n\t\t\t\t\t\t\t\t\t\t<\/figure>\n\t\t\t\t\t\t\t\t\t<\/div>\n\t\t\t\t<\/div>\n\t\t\t\t<div class=\"elementor-element elementor-element-cbac7d9 elementor-widget elementor-widget-text-editor\" data-id=\"cbac7d9\" data-element_type=\"widget\" data-e-type=\"widget\" data-widget_type=\"text-editor.default\">\n\t\t\t\t<div class=\"elementor-widget-container\">\n\t\t\t\t\t\t\t\t\t<p>Al model m\u00e9s simple, a l&#8217;interior, tan llarg com es vulgui, una filera de troncs d&#8217;arbre, puntals o pilars al llarg de l&#8217;eix central, generalment sobre suports de pedra per preservar-los de la humitat, suporten el carener, en una l\u00ednia de troncs sobre els pilars, formant una teulada a dues aig\u00fces. Recolzats al mur i al carener es col\u00b7loquen una successi\u00f3 de troncs m\u00e9s prims, el cavall o vertent, sobre les quals es construeix la coberta o teulada. Els troncs usats eren generalment d&#8217;om, roure o pollancre.<\/p><p>Si l\u2019amplada del p\u00f2rtic \u00e9s m\u00e9s gran, l\u2019estructura de suport interior pot ser m\u00e9s complexa. La longitud m\u00e9s gran pot portar a dividir l&#8217;estada amb murets que separin diferents ramats.<\/p>\t\t\t\t\t\t\t\t<\/div>\n\t\t\t\t<\/div>\n\t\t\t\t<div class=\"elementor-element elementor-element-43d73b8 elementor-widget elementor-widget-image\" data-id=\"43d73b8\" data-element_type=\"widget\" data-e-type=\"widget\" data-widget_type=\"image.default\">\n\t\t\t\t<div class=\"elementor-widget-container\">\n\t\t\t\t\t\t\t\t\t\t\t\t<figure class=\"wp-caption\">\n\t\t\t\t\t\t\t\t\t\t<img loading=\"lazy\" decoding=\"async\" width=\"768\" height=\"512\" src=\"https:\/\/www.elturistatranquil.com\/wp-content\/uploads\/F05-Interior-de-un-Aprisco-Taina-soriana.jpg\" class=\"attachment-large size-large wp-image-42361\" alt=\"Interior de un Aprisco, Taina soriana\" srcset=\"https:\/\/www.elturistatranquil.com\/wp-content\/uploads\/F05-Interior-de-un-Aprisco-Taina-soriana.jpg 768w, https:\/\/www.elturistatranquil.com\/wp-content\/uploads\/F05-Interior-de-un-Aprisco-Taina-soriana-339x226.jpg 339w\" sizes=\"(max-width: 768px) 100vw, 768px\" \/>\t\t\t\t\t\t\t\t\t\t\t<figcaption class=\"widget-image-caption wp-caption-text\">(Foto: <a href=\"https:\/\/www.glosarioarquitectonico.com\/glossary\/taina\/\" target=\"_blank\" rel=\"noopener\">Glosario ilustrado de arte arquitect\u00f3nico<\/a>) <\/figcaption>\n\t\t\t\t\t\t\t\t\t\t<\/figure>\n\t\t\t\t\t\t\t\t\t<\/div>\n\t\t\t\t<\/div>\n\t\t\t\t<div class=\"elementor-element elementor-element-a30b498 elementor-widget elementor-widget-menu-anchor\" data-id=\"a30b498\" data-element_type=\"widget\" data-e-type=\"widget\" data-widget_type=\"menu-anchor.default\">\n\t\t\t\t<div class=\"elementor-widget-container\">\n\t\t\t\t\t\t\t<div class=\"elementor-menu-anchor\" id=\"c7603\"><\/div>\n\t\t\t\t\t\t<\/div>\n\t\t\t\t<\/div>\n\t\t\t\t<div class=\"elementor-element elementor-element-f8b69fc elementor-widget elementor-widget-image\" data-id=\"f8b69fc\" data-element_type=\"widget\" data-e-type=\"widget\" data-widget_type=\"image.default\">\n\t\t\t\t<div class=\"elementor-widget-container\">\n\t\t\t\t\t\t\t\t\t\t\t\t<figure class=\"wp-caption\">\n\t\t\t\t\t\t\t\t\t\t<img loading=\"lazy\" decoding=\"async\" width=\"623\" height=\"550\" src=\"https:\/\/www.elturistatranquil.com\/wp-content\/uploads\/F06-Interior-de-un-Aprisco-Taina-soriana.jpg\" class=\"attachment-large size-large wp-image-42363\" alt=\"Interior de un Aprisco, Taina soriana\" srcset=\"https:\/\/www.elturistatranquil.com\/wp-content\/uploads\/F06-Interior-de-un-Aprisco-Taina-soriana.jpg 623w, https:\/\/www.elturistatranquil.com\/wp-content\/uploads\/F06-Interior-de-un-Aprisco-Taina-soriana-256x226.jpg 256w\" sizes=\"(max-width: 623px) 100vw, 623px\" \/>\t\t\t\t\t\t\t\t\t\t\t<figcaption class=\"widget-image-caption wp-caption-text\">(Fotograma de: <a href=\"https:\/\/www.instagram.com\/p\/CKhQPK_ARR2\/?utm_medium=copy_link\" target=\"_blank\" rel=\"noopener\">doydasdavid<\/a>)<\/figcaption>\n\t\t\t\t\t\t\t\t\t\t<\/figure>\n\t\t\t\t\t\t\t\t\t<\/div>\n\t\t\t\t<\/div>\n\t\t\t\t<div class=\"elementor-element elementor-element-448d59a elementor-widget elementor-widget-heading\" data-id=\"448d59a\" data-element_type=\"widget\" data-e-type=\"widget\" data-widget_type=\"heading.default\">\n\t\t\t\t<div class=\"elementor-widget-container\">\n\t\t\t\t\t<h2 class=\"elementor-heading-title elementor-size-default\">Villaciervitos <\/h2>\t\t\t\t<\/div>\n\t\t\t\t<\/div>\n\t\t\t\t<div class=\"elementor-element elementor-element-5233ae2 elementor-widget elementor-widget-text-editor\" data-id=\"5233ae2\" data-element_type=\"widget\" data-e-type=\"widget\" data-widget_type=\"text-editor.default\">\n\t\t\t\t<div class=\"elementor-widget-container\">\n\t\t\t\t\t\t\t\t\t<p>La introducci\u00f3 anterior ens ha de servir per comprendre la singularitat de l\u2019estructura urbana de Villaciervitos.<\/p><p>En observar les construccions i la forma d&#8217;agrupament distingim dos tipus de morfologia. La dominant \u00e9s un conjunt d\u2019illes urbanes allargades (<strong>a<\/strong>&#8211;<strong>h<\/strong>) (n&#8217;he assenyalat vuit a la perspectiva a\u00e8ria), amb coberta a dues aig\u00fces i amb el cavallet paral\u00b7lel a la l\u00ednia de carrer. Totes amb l&#8217;entrada a les cases al mur orientat al migdia.<\/p><p>M\u00e9s o menys intercalades de forma aleat\u00f2ria, edificacions individuals quadrangulars, majorit\u00e0riament amb la coberta a quatre aig\u00fces, en menor nombre. En general aquestes edificacions s\u00f3n m\u00e9s modernes i algunes actuals.<\/p><p>L&#8217;atenci\u00f3 la centrar\u00e9 en l&#8217;estructura de les illes, que correspon a l&#8217;edificaci\u00f3 primitiva de la localitat.<\/p><p>L&#8217;entrada sobre Villaciervitos al <em>Diccionario geogr\u00e1fico-estad\u00edstico-hist\u00f3rico de Espa\u00f1a y sus posesiones de ultramar (1846-1850)<\/em> \u00a0de Pascual Madoz\u00a0serveix gaireb\u00e9 perfectament per presentar la localitat actual, llevat que ja no existeix l&#8217;escola i, per tant, tampoc el m\u00edser mestre:<\/p><p>\u201c<strong><em>Villaciervos de Arriba o Villaciervitos<\/em><\/strong><em>. Aldea del ayuntamiento de Villaciervos de abajo, en la provincia y partido judicial de Soria (3 leguas), audiencia territorial y capitan\u00eda general de Burgos (20), di\u00f3cesis de Osma. Situaci\u00f3n en terreno quebrado con clima fr\u00edo; tiene 18 casas; escuela de instrucci\u00f3n primaria a cargo de un maestro que percibe una corta dotaci\u00f3n; hay una iglesia parroquial (San Juan Bautista (<\/em>sic<em>)) servida por un cura y un sacrist\u00e1n; confina el t\u00e9rmino con los de Villaciervos de Abajo, Ontalbilla y Rivamilanos; dentro de \u00e9l se encuentran varias fuentes de buenas aguas; el terreno es quebrado y de mala calidad. Caminos: los locales y la carretera de Soria al Burgo. Correo: se recibe despacho en Soria. Producci\u00f3n: trigo, cebada, centeno, avena, algunas legumbres y buenos pastos con los que se mantiene ganado lanar. Poblaci\u00f3n, Riqueza y Contribuci\u00f3n: con Villaciervos de abajo.\u201d<\/em><\/p>\t\t\t\t\t\t\t\t<\/div>\n\t\t\t\t<\/div>\n\t\t\t\t<div class=\"elementor-element elementor-element-cf48916 elementor-widget elementor-widget-menu-anchor\" data-id=\"cf48916\" data-element_type=\"widget\" data-e-type=\"widget\" data-widget_type=\"menu-anchor.default\">\n\t\t\t\t<div class=\"elementor-widget-container\">\n\t\t\t\t\t\t\t<div class=\"elementor-menu-anchor\" id=\"c7604\"><\/div>\n\t\t\t\t\t\t<\/div>\n\t\t\t\t<\/div>\n\t\t\t\t<div class=\"elementor-element elementor-element-23b59db2 elementor-widget elementor-widget-heading\" data-id=\"23b59db2\" data-element_type=\"widget\" data-e-type=\"widget\" data-widget_type=\"heading.default\">\n\t\t\t\t<div class=\"elementor-widget-container\">\n\t\t\t\t\t<h3 class=\"elementor-heading-title elementor-size-default\">La visita a Villaciervitos<\/h3>\t\t\t\t<\/div>\n\t\t\t\t<\/div>\n\t\t\t\t<div class=\"elementor-element elementor-element-a36fe32 elementor-widget elementor-widget-image\" data-id=\"a36fe32\" data-element_type=\"widget\" data-e-type=\"widget\" data-widget_type=\"image.default\">\n\t\t\t\t<div class=\"elementor-widget-container\">\n\t\t\t\t\t\t\t\t\t\t\t\t<figure class=\"wp-caption\">\n\t\t\t\t\t\t\t\t\t\t<img loading=\"lazy\" decoding=\"async\" width=\"768\" height=\"512\" src=\"https:\/\/www.elturistatranquil.com\/wp-content\/uploads\/F07-Villaciervitos-Soria-Google-earth-2022-07-24.jpg\" class=\"attachment-large size-large wp-image-42365\" alt=\"Villaciervitos, Soria (Google earth 2022-07-24)\" srcset=\"https:\/\/www.elturistatranquil.com\/wp-content\/uploads\/F07-Villaciervitos-Soria-Google-earth-2022-07-24.jpg 768w, https:\/\/www.elturistatranquil.com\/wp-content\/uploads\/F07-Villaciervitos-Soria-Google-earth-2022-07-24-339x226.jpg 339w\" sizes=\"(max-width: 768px) 100vw, 768px\" \/>\t\t\t\t\t\t\t\t\t\t\t<figcaption class=\"widget-image-caption wp-caption-text\">Villaciervitos, Soria (Google earth 2022-07-24)<\/figcaption>\n\t\t\t\t\t\t\t\t\t\t<\/figure>\n\t\t\t\t\t\t\t\t\t<\/div>\n\t\t\t\t<\/div>\n\t\t\t\t<div class=\"elementor-element elementor-element-3ba0639 elementor-widget elementor-widget-text-editor\" data-id=\"3ba0639\" data-element_type=\"widget\" data-e-type=\"widget\" data-widget_type=\"text-editor.default\">\n\t\t\t\t<div class=\"elementor-widget-container\">\n\t\t\t\t\t\t\t\t\t<p>Pr\u00f2xim a de la carretera N-122 S\u00f2ria-Valladolid, a 20 quil\u00f2metres a l&#8217;oest de la ciutat de S\u00f2ria, es localitza <strong>Villaciervitos<\/strong>, actualment amb 23 habitants i tend\u00e8ncia decreixent.<\/p>\t\t\t\t\t\t\t\t<\/div>\n\t\t\t\t<\/div>\n\t\t\t\t<div class=\"elementor-element elementor-element-47647cbd elementor-widget elementor-widget-heading\" data-id=\"47647cbd\" data-element_type=\"widget\" data-e-type=\"widget\" data-widget_type=\"heading.default\">\n\t\t\t\t<div class=\"elementor-widget-container\">\n\t\t\t\t\t<h4 class=\"elementor-heading-title elementor-size-default\">L\u2019illa urbana com a extensi\u00f3 de la taina<\/h4>\t\t\t\t<\/div>\n\t\t\t\t<\/div>\n\t\t\t\t<div class=\"elementor-element elementor-element-7041fda elementor-widget elementor-widget-text-editor\" data-id=\"7041fda\" data-element_type=\"widget\" data-e-type=\"widget\" data-widget_type=\"text-editor.default\">\n\t\t\t\t<div class=\"elementor-widget-container\">\n\t\t\t\t\t\t\t\t\t<p>Al text citat com a refer\u00e8ncia, l&#8217;autor AC. centra la seva atenci\u00f3 en la relaci\u00f3 estructural entre les taines o <em>majadas<\/em> amb les illes urbanes que constitueixen l&#8217;estructura morfol\u00f2gica del poblat. En els seus or\u00edgens sembla que devia tenir entre 4 i 7 illes, amb una vuitena (<strong>h<\/strong>) que sembla un raval.<\/p><p>Cadascuna d&#8217;aquestes illes, entre uns 50-60 metres de llargada, est\u00e0 formada per 4 o 5 cases adossades que en la seva morfologia exterior adopten la forma d&#8217;una pleta, en qu\u00e8 el cavallet de la teulada recorre paral\u00b7lelament longitudinalment els murs de la pleta, amb orientaci\u00f3 est-oest, formant una coberta cont\u00ednua a dues aig\u00fces de teules \u00e0rabs vermelles. D&#8217;aquesta manera, l&#8217;acc\u00e9s als habitatges es produeix per la fa\u00e7ana de r\u00e0fec de l\u2019illa, sempre pel costat del migdia; mentre que la fa\u00e7ana posterior, orientada al nord, no tenen cap entrada, o entrades de treball.<\/p>\t\t\t\t\t\t\t\t<\/div>\n\t\t\t\t<\/div>\n\t\t\t\t<div class=\"elementor-element elementor-element-de8c58f elementor-widget elementor-widget-image\" data-id=\"de8c58f\" data-element_type=\"widget\" data-e-type=\"widget\" data-widget_type=\"image.default\">\n\t\t\t\t<div class=\"elementor-widget-container\">\n\t\t\t\t\t\t\t\t\t\t\t\t<figure class=\"wp-caption\">\n\t\t\t\t\t\t\t\t\t\t<img loading=\"lazy\" decoding=\"async\" width=\"768\" height=\"512\" src=\"https:\/\/www.elturistatranquil.com\/wp-content\/uploads\/F08-Villaciervitos-Soria.jpg\" class=\"attachment-large size-large wp-image-42367\" alt=\"Villaciervitos, Soria\" srcset=\"https:\/\/www.elturistatranquil.com\/wp-content\/uploads\/F08-Villaciervitos-Soria.jpg 768w, https:\/\/www.elturistatranquil.com\/wp-content\/uploads\/F08-Villaciervitos-Soria-339x226.jpg 339w\" sizes=\"(max-width: 768px) 100vw, 768px\" \/>\t\t\t\t\t\t\t\t\t\t\t<figcaption class=\"widget-image-caption wp-caption-text\"><\/figcaption>\n\t\t\t\t\t\t\t\t\t\t<\/figure>\n\t\t\t\t\t\t\t\t\t<\/div>\n\t\t\t\t<\/div>\n\t\t\t\t<div class=\"elementor-element elementor-element-e3fa35b elementor-widget elementor-widget-text-editor\" data-id=\"e3fa35b\" data-element_type=\"widget\" data-e-type=\"widget\" data-widget_type=\"text-editor.default\">\n\t\t\t\t<div class=\"elementor-widget-container\">\n\t\t\t\t\t\t\t\t\t<p>Un element que marca la difer\u00e8ncia respecte d&#8217;una taina de bestiar \u00e9s l&#8217;exist\u00e8ncia de grans <a href=\"https:\/\/www.elturistatranquil.com\/ca\/calatanazor-soria\/#c6712\" target=\"_blank\" rel=\"noopener\">xemeneies pinariegas<\/a><\/p><p>La casa pot tenir una o dues plantes. A les d&#8217;una planta, la similitud arquitect\u00f2nica amb les taines \u00e9s la m\u00e9s evident. Amb el pas dels anys alguna casa pot haver passat d&#8217;un nivell a dos, trencant l&#8217;estructura global.<\/p><p>L&#8217;element base de cada habitatge (i pr\u00e0cticament \u00fanic) \u00e9s un p\u00f2rtic de tres obertures, porta i dues finestres laterals, en qu\u00e8 la biga carenera corre paral\u00b7lela a la fa\u00e7ana, definint els dos pl\u00e0nols de la coberta. I la gran xemeneia c\u00f2nica <em>pinariega<\/em>. Aix\u00f2 \u00e9s tot all\u00f2 essencial i gaireb\u00e9 l&#8217;\u00fanic. La resta \u00e9s tan sols repetici\u00f3 i complement. I \u00e9s en la manera de repetir-se la unitat fonamental en qu\u00e8 rauen les difer\u00e8ncies.<\/p><p>La primera difer\u00e8ncia es produeix en al\u00e7ada. La majada, casa d&#8217;ovelles, no pot ni necessita m\u00e9s d&#8217;una planta. Per\u00f2 la majada feta casa la pot necessitar. Doncs b\u00e9, sense modificar en res la seva estructura, sense adoptar cap soluci\u00f3 estructural nova, el sistema es duplica en altura, \u00e9s a dir, es repeteix sobre la planta baixa a una altra primera.<\/p><p>La segona difer\u00e8ncia tamb\u00e9 \u00e9s de repetici\u00f3 de l&#8217;element b\u00e0sic, per\u00f2 aquesta vegada en horitzontal. L&#8217;element base o p\u00f2rtic inicial es pot repetir, al llarg d&#8217;un eix perpendicular al pla que el cont\u00e9, tantes vegades com calgui. En aquesta capacitat de cr\u00e9ixer longitudinalment conservant la seva amplada (la pr\u00f2pia del p\u00f2rtic), es basa l&#8217;extraordin\u00e0ria longitud de les illes de Villaciervitos. Ja he assenyalat que se situen entre els 50-60 metres per illa.<\/p><p>La llarga fa\u00e7ana sota r\u00e0fec es va fragmentant a cada habitatge que, cap a l&#8217;exterior, mostra la disposici\u00f3 de la porta d&#8217;entrada situada al centre, amb una finestra a banda i banda. En el cas de les cases de dos nivells, al pis superior es reprodueixen tres obertures.<\/p><p>La llarga fa\u00e7ana sota r\u00e0fec es va fragmentant a cada habitatge que, cap a l&#8217;exterior, mostra la disposici\u00f3 de la porta d&#8217;entrada situada al centre, amb una finestra a banda i banda. En el cas de les cases de dos nivells, al pis superior es reprodueixen tres obertures.<\/p><p>L&#8217;illa (<strong>a<\/strong>) mostra l&#8217;estructura i la difer\u00e8ncia. La llarga fa\u00e7ana sota r\u00e0fec, la continu\u00eftat del cavallet, la porta amb finestres laterals, el doble nivell d&#8217;al\u00e7ades, aix\u00ed com la possibilitat que col\u00b7lateralment no es dediqui a habitatge sin\u00f3 a una nau, possiblement carretera (a l&#8217;esquerra). Sobresortint les xemeneies troncoc\u00f2niques <em>pinariegas<\/em>.<\/p>\t\t\t\t\t\t\t\t<\/div>\n\t\t\t\t<\/div>\n\t\t\t\t<div class=\"elementor-element elementor-element-d414951 elementor-widget elementor-widget-image\" data-id=\"d414951\" data-element_type=\"widget\" data-e-type=\"widget\" data-widget_type=\"image.default\">\n\t\t\t\t<div class=\"elementor-widget-container\">\n\t\t\t\t\t\t\t\t\t\t\t\t<figure class=\"wp-caption\">\n\t\t\t\t\t\t\t\t\t\t<img loading=\"lazy\" decoding=\"async\" width=\"768\" height=\"512\" src=\"https:\/\/www.elturistatranquil.com\/wp-content\/uploads\/F09-Villaciervitos-Soria.jpg\" class=\"attachment-large size-large wp-image-42369\" alt=\"Villaciervitos, Soria\" srcset=\"https:\/\/www.elturistatranquil.com\/wp-content\/uploads\/F09-Villaciervitos-Soria.jpg 768w, https:\/\/www.elturistatranquil.com\/wp-content\/uploads\/F09-Villaciervitos-Soria-339x226.jpg 339w\" sizes=\"(max-width: 768px) 100vw, 768px\" \/>\t\t\t\t\t\t\t\t\t\t\t<figcaption class=\"widget-image-caption wp-caption-text\"><\/figcaption>\n\t\t\t\t\t\t\t\t\t\t<\/figure>\n\t\t\t\t\t\t\t\t\t<\/div>\n\t\t\t\t<\/div>\n\t\t\t\t<div class=\"elementor-element elementor-element-d43ca14 elementor-widget elementor-widget-text-editor\" data-id=\"d43ca14\" data-element_type=\"widget\" data-e-type=\"widget\" data-widget_type=\"text-editor.default\">\n\t\t\t\t<div class=\"elementor-widget-container\">\n\t\t\t\t\t\t\t\t\t<p>Els murs s\u00f3n de ma\u00e7oneria de pedra vista, amb els cantons dels extrems de l\u2019illa refor\u00e7ades per carreuat i en alguns casos carreus, i la coberta de teules rom\u00e0-\u00e0rabs.<\/p><p>L\u2019illa (<strong>b<\/strong>) ens mostra aquests detalls. Aqu\u00ed la reconstrucci\u00f3 de la casa a dos nivells significa trencar l&#8217;estructura de picada, en al\u00e7ada i en amplada.<\/p>\t\t\t\t\t\t\t\t<\/div>\n\t\t\t\t<\/div>\n\t\t\t\t<div class=\"elementor-element elementor-element-f2accdf elementor-widget elementor-widget-image\" data-id=\"f2accdf\" data-element_type=\"widget\" data-e-type=\"widget\" data-widget_type=\"image.default\">\n\t\t\t\t<div class=\"elementor-widget-container\">\n\t\t\t\t\t\t\t\t\t\t\t\t<figure class=\"wp-caption\">\n\t\t\t\t\t\t\t\t\t\t<img loading=\"lazy\" decoding=\"async\" width=\"768\" height=\"511\" src=\"https:\/\/www.elturistatranquil.com\/wp-content\/uploads\/F10-Villaciervitos-Soria.jpg\" class=\"attachment-large size-large wp-image-42371\" alt=\"Villaciervitos, Soria\" srcset=\"https:\/\/www.elturistatranquil.com\/wp-content\/uploads\/F10-Villaciervitos-Soria.jpg 768w, https:\/\/www.elturistatranquil.com\/wp-content\/uploads\/F10-Villaciervitos-Soria-339x226.jpg 339w\" sizes=\"(max-width: 768px) 100vw, 768px\" \/>\t\t\t\t\t\t\t\t\t\t\t<figcaption class=\"widget-image-caption wp-caption-text\"><\/figcaption>\n\t\t\t\t\t\t\t\t\t\t<\/figure>\n\t\t\t\t\t\t\t\t\t<\/div>\n\t\t\t\t<\/div>\n\t\t\t\t<div class=\"elementor-element elementor-element-1261952 elementor-widget elementor-widget-image\" data-id=\"1261952\" data-element_type=\"widget\" data-e-type=\"widget\" data-widget_type=\"image.default\">\n\t\t\t\t<div class=\"elementor-widget-container\">\n\t\t\t\t\t\t\t\t\t\t\t\t<figure class=\"wp-caption\">\n\t\t\t\t\t\t\t\t\t\t<img loading=\"lazy\" decoding=\"async\" width=\"768\" height=\"512\" src=\"https:\/\/www.elturistatranquil.com\/wp-content\/uploads\/F11-Villaciervitos-Soria.jpg\" class=\"attachment-large size-large wp-image-42373\" alt=\"Villaciervitos, Soria\" srcset=\"https:\/\/www.elturistatranquil.com\/wp-content\/uploads\/F11-Villaciervitos-Soria.jpg 768w, https:\/\/www.elturistatranquil.com\/wp-content\/uploads\/F11-Villaciervitos-Soria-339x226.jpg 339w\" sizes=\"(max-width: 768px) 100vw, 768px\" \/>\t\t\t\t\t\t\t\t\t\t\t<figcaption class=\"widget-image-caption wp-caption-text\"><\/figcaption>\n\t\t\t\t\t\t\t\t\t\t<\/figure>\n\t\t\t\t\t\t\t\t\t<\/div>\n\t\t\t\t<\/div>\n\t\t\t\t<div class=\"elementor-element elementor-element-bcaf762 elementor-widget elementor-widget-image\" data-id=\"bcaf762\" data-element_type=\"widget\" data-e-type=\"widget\" data-widget_type=\"image.default\">\n\t\t\t\t<div class=\"elementor-widget-container\">\n\t\t\t\t\t\t\t\t\t\t\t\t<figure class=\"wp-caption\">\n\t\t\t\t\t\t\t\t\t\t<img loading=\"lazy\" decoding=\"async\" width=\"768\" height=\"511\" src=\"https:\/\/www.elturistatranquil.com\/wp-content\/uploads\/F12-Villaciervitos-Soria.jpg\" class=\"attachment-large size-large wp-image-42375\" alt=\"Villaciervitos, Soria\" srcset=\"https:\/\/www.elturistatranquil.com\/wp-content\/uploads\/F12-Villaciervitos-Soria.jpg 768w, https:\/\/www.elturistatranquil.com\/wp-content\/uploads\/F12-Villaciervitos-Soria-339x226.jpg 339w\" sizes=\"(max-width: 768px) 100vw, 768px\" \/>\t\t\t\t\t\t\t\t\t\t\t<figcaption class=\"widget-image-caption wp-caption-text\"><\/figcaption>\n\t\t\t\t\t\t\t\t\t\t<\/figure>\n\t\t\t\t\t\t\t\t\t<\/div>\n\t\t\t\t<\/div>\n\t\t\t\t<div class=\"elementor-element elementor-element-254d951 elementor-widget elementor-widget-text-editor\" data-id=\"254d951\" data-element_type=\"widget\" data-e-type=\"widget\" data-widget_type=\"text-editor.default\">\n\t\t\t\t<div class=\"elementor-widget-container\">\n\t\t\t\t\t\t\t\t\t<p>A la casa cantonera de ponent d&#8217;aquesta illa sobresurt la xemeneia c\u00f2nica.<\/p>\t\t\t\t\t\t\t\t<\/div>\n\t\t\t\t<\/div>\n\t\t\t\t<div class=\"elementor-element elementor-element-6253c93 elementor-widget elementor-widget-image\" data-id=\"6253c93\" data-element_type=\"widget\" data-e-type=\"widget\" data-widget_type=\"image.default\">\n\t\t\t\t<div class=\"elementor-widget-container\">\n\t\t\t\t\t\t\t\t\t\t\t\t<figure class=\"wp-caption\">\n\t\t\t\t\t\t\t\t\t\t<img loading=\"lazy\" decoding=\"async\" width=\"768\" height=\"512\" src=\"https:\/\/www.elturistatranquil.com\/wp-content\/uploads\/F13-Villaciervitos-Soria.jpg\" class=\"attachment-large size-large wp-image-42377\" alt=\"Villaciervitos, Soria\" srcset=\"https:\/\/www.elturistatranquil.com\/wp-content\/uploads\/F13-Villaciervitos-Soria.jpg 768w, https:\/\/www.elturistatranquil.com\/wp-content\/uploads\/F13-Villaciervitos-Soria-339x226.jpg 339w\" sizes=\"(max-width: 768px) 100vw, 768px\" \/>\t\t\t\t\t\t\t\t\t\t\t<figcaption class=\"widget-image-caption wp-caption-text\"><\/figcaption>\n\t\t\t\t\t\t\t\t\t\t<\/figure>\n\t\t\t\t\t\t\t\t\t<\/div>\n\t\t\t\t<\/div>\n\t\t\t\t<div class=\"elementor-element elementor-element-ecd05bc elementor-widget elementor-widget-text-editor\" data-id=\"ecd05bc\" data-element_type=\"widget\" data-e-type=\"widget\" data-widget_type=\"text-editor.default\">\n\t\t\t\t<div class=\"elementor-widget-container\">\n\t\t\t\t\t\t\t\t\t<p>Finalment, com assenyala <em>AC<\/em>., nom\u00e9s un detall diferencia el caseriu d&#8217;un conjunt de majadas: El poblament de cases per a ovelles no t\u00e9 esgl\u00e9sia, l\u00f2gicament, manca de casa de D\u00e9u. No aix\u00ed Villaciervitos, que la t\u00e9 com a norma obligada. Villaciervitos t\u00e9 esgl\u00e9sia i rom\u00e0nica.<\/p><p>Cal conjecturar que Villaciervitos fos origin\u00e0riament un conjunt de <em>majadas<\/em>. L&#8217;\u00fanica objecci\u00f3 estaria a considerar la densitat dels elements que integren el poblat, menor en el cas de ser picada, major en el cas de Villaciervitos. Per\u00f2 \u00e9s f\u00e0cil suposar una densitat menor en principi. A mesura que nous habitatges o antigues majadas convertits en habitatges fossin apareixent, la densitat augmentaria. Res no impedeix la conjectura. Perqu\u00e8 la identitat en forma i estructura entre <em>majadas<\/em> i habitatges del tipus Villaciervitos \u00e9s total.<\/p><p>Seguint el recorregut, l\u2019illa (<strong>c<\/strong>) apareix com una de les m\u00e9s emblem\u00e0tiques. Pel costat meridional mostra un conjunt uniforme de dos nivells, amb la distribuci\u00f3 can\u00f2nica de porta i finestres a cada casa.<\/p>\t\t\t\t\t\t\t\t<\/div>\n\t\t\t\t<\/div>\n\t\t\t\t<div class=\"elementor-element elementor-element-8a08351 elementor-widget elementor-widget-image\" data-id=\"8a08351\" data-element_type=\"widget\" data-e-type=\"widget\" data-widget_type=\"image.default\">\n\t\t\t\t<div class=\"elementor-widget-container\">\n\t\t\t\t\t\t\t\t\t\t\t\t<figure class=\"wp-caption\">\n\t\t\t\t\t\t\t\t\t\t<img loading=\"lazy\" decoding=\"async\" width=\"768\" height=\"511\" src=\"https:\/\/www.elturistatranquil.com\/wp-content\/uploads\/F14-Villaciervitos-Soria.jpg\" class=\"attachment-large size-large wp-image-42379\" alt=\"Villaciervitos, Soria\" srcset=\"https:\/\/www.elturistatranquil.com\/wp-content\/uploads\/F14-Villaciervitos-Soria.jpg 768w, https:\/\/www.elturistatranquil.com\/wp-content\/uploads\/F14-Villaciervitos-Soria-339x226.jpg 339w\" sizes=\"(max-width: 768px) 100vw, 768px\" \/>\t\t\t\t\t\t\t\t\t\t\t<figcaption class=\"widget-image-caption wp-caption-text\"><\/figcaption>\n\t\t\t\t\t\t\t\t\t\t<\/figure>\n\t\t\t\t\t\t\t\t\t<\/div>\n\t\t\t\t<\/div>\n\t\t\t\t<div class=\"elementor-element elementor-element-1bd5812 elementor-widget elementor-widget-text-editor\" data-id=\"1bd5812\" data-element_type=\"widget\" data-e-type=\"widget\" data-widget_type=\"text-editor.default\">\n\t\t\t\t<div class=\"elementor-widget-container\">\n\t\t\t\t\t\t\t\t\t<p>Si ho observem pel costat septentrional, nom\u00e9s obertures auxiliars. La modernitzaci\u00f3 de les dues cases del fons mant\u00e9 la forma estructural, tot i que trenca amb la continu\u00eftat i els materials.<\/p>\t\t\t\t\t\t\t\t<\/div>\n\t\t\t\t<\/div>\n\t\t\t\t<div class=\"elementor-element elementor-element-bc1b28c elementor-widget elementor-widget-image\" data-id=\"bc1b28c\" data-element_type=\"widget\" data-e-type=\"widget\" data-widget_type=\"image.default\">\n\t\t\t\t<div class=\"elementor-widget-container\">\n\t\t\t\t\t\t\t\t\t\t\t\t<figure class=\"wp-caption\">\n\t\t\t\t\t\t\t\t\t\t<img loading=\"lazy\" decoding=\"async\" width=\"768\" height=\"512\" src=\"https:\/\/www.elturistatranquil.com\/wp-content\/uploads\/F15-Villaciervitos-Soria.jpg\" class=\"attachment-large size-large wp-image-42381\" alt=\"Villaciervitos, Soria\" srcset=\"https:\/\/www.elturistatranquil.com\/wp-content\/uploads\/F15-Villaciervitos-Soria.jpg 768w, https:\/\/www.elturistatranquil.com\/wp-content\/uploads\/F15-Villaciervitos-Soria-339x226.jpg 339w\" sizes=\"(max-width: 768px) 100vw, 768px\" \/>\t\t\t\t\t\t\t\t\t\t\t<figcaption class=\"widget-image-caption wp-caption-text\"><\/figcaption>\n\t\t\t\t\t\t\t\t\t\t<\/figure>\n\t\t\t\t\t\t\t\t\t<\/div>\n\t\t\t\t<\/div>\n\t\t\t\t<div class=\"elementor-element elementor-element-d122323 elementor-widget elementor-widget-text-editor\" data-id=\"d122323\" data-element_type=\"widget\" data-e-type=\"widget\" data-widget_type=\"text-editor.default\">\n\t\t\t\t<div class=\"elementor-widget-container\">\n\t\t\t\t\t\t\t\t\t<p>Aqu\u00ed podem veure exemples del model dominant a les obertures de les portes. La llinda de fusta es recolza en brancals de troncs toscament quadrats, tamb\u00e9 de fusta. S\u00f3n freq\u00fcents les obertures de les finestres de carreuat de pedra i, en algun cas, de fusta.<\/p>\t\t\t\t\t\t\t\t<\/div>\n\t\t\t\t<\/div>\n\t\t\t\t<div class=\"elementor-element elementor-element-2d77cc6 elementor-widget elementor-widget-image\" data-id=\"2d77cc6\" data-element_type=\"widget\" data-e-type=\"widget\" data-widget_type=\"image.default\">\n\t\t\t\t<div class=\"elementor-widget-container\">\n\t\t\t\t\t\t\t\t\t\t\t\t<figure class=\"wp-caption\">\n\t\t\t\t\t\t\t\t\t\t<img loading=\"lazy\" decoding=\"async\" width=\"768\" height=\"511\" src=\"https:\/\/www.elturistatranquil.com\/wp-content\/uploads\/F16-Villaciervitos-Soria.jpg\" class=\"attachment-large size-large wp-image-42383\" alt=\"Villaciervitos, Soria\" srcset=\"https:\/\/www.elturistatranquil.com\/wp-content\/uploads\/F16-Villaciervitos-Soria.jpg 768w, https:\/\/www.elturistatranquil.com\/wp-content\/uploads\/F16-Villaciervitos-Soria-339x226.jpg 339w\" sizes=\"(max-width: 768px) 100vw, 768px\" \/>\t\t\t\t\t\t\t\t\t\t\t<figcaption class=\"widget-image-caption wp-caption-text\"><\/figcaption>\n\t\t\t\t\t\t\t\t\t\t<\/figure>\n\t\t\t\t\t\t\t\t\t<\/div>\n\t\t\t\t<\/div>\n\t\t\t\t<div class=\"elementor-element elementor-element-f429798 elementor-widget elementor-widget-image\" data-id=\"f429798\" data-element_type=\"widget\" data-e-type=\"widget\" data-widget_type=\"image.default\">\n\t\t\t\t<div class=\"elementor-widget-container\">\n\t\t\t\t\t\t\t\t\t\t\t\t<figure class=\"wp-caption\">\n\t\t\t\t\t\t\t\t\t\t<img loading=\"lazy\" decoding=\"async\" width=\"768\" height=\"511\" src=\"https:\/\/www.elturistatranquil.com\/wp-content\/uploads\/F17-Villaciervitos-Soria.jpg\" class=\"attachment-large size-large wp-image-42385\" alt=\"Villaciervitos, Soria\" srcset=\"https:\/\/www.elturistatranquil.com\/wp-content\/uploads\/F17-Villaciervitos-Soria.jpg 768w, https:\/\/www.elturistatranquil.com\/wp-content\/uploads\/F17-Villaciervitos-Soria-339x226.jpg 339w\" sizes=\"(max-width: 768px) 100vw, 768px\" \/>\t\t\t\t\t\t\t\t\t\t\t<figcaption class=\"widget-image-caption wp-caption-text\"><\/figcaption>\n\t\t\t\t\t\t\t\t\t\t<\/figure>\n\t\t\t\t\t\t\t\t\t<\/div>\n\t\t\t\t<\/div>\n\t\t\t\t<section class=\"elementor-section elementor-inner-section elementor-element elementor-element-853d198 elementor-section-boxed elementor-section-height-default elementor-section-height-default\" data-id=\"853d198\" data-element_type=\"section\" data-e-type=\"section\">\n\t\t\t\t\t\t<div class=\"elementor-container elementor-column-gap-default\">\n\t\t\t\t\t<div class=\"elementor-column elementor-col-50 elementor-inner-column elementor-element elementor-element-17f660c\" data-id=\"17f660c\" data-element_type=\"column\" data-e-type=\"column\">\n\t\t\t<div class=\"elementor-widget-wrap elementor-element-populated\">\n\t\t\t\t\t\t<div class=\"elementor-element elementor-element-b0ffcf0 elementor-widget elementor-widget-image\" data-id=\"b0ffcf0\" data-element_type=\"widget\" data-e-type=\"widget\" data-widget_type=\"image.default\">\n\t\t\t\t<div class=\"elementor-widget-container\">\n\t\t\t\t\t\t\t\t\t\t\t\t\t\t\t<img loading=\"lazy\" decoding=\"async\" width=\"380\" height=\"380\" src=\"https:\/\/www.elturistatranquil.com\/wp-content\/uploads\/F18m-Villaciervitos-Soria.jpg\" class=\"attachment-large size-large wp-image-42387\" alt=\"Villaciervitos, Soria\" srcset=\"https:\/\/www.elturistatranquil.com\/wp-content\/uploads\/F18m-Villaciervitos-Soria.jpg 380w, https:\/\/www.elturistatranquil.com\/wp-content\/uploads\/F18m-Villaciervitos-Soria-226x226.jpg 226w\" sizes=\"(max-width: 380px) 100vw, 380px\" \/>\t\t\t\t\t\t\t\t\t\t\t\t\t\t\t<\/div>\n\t\t\t\t<\/div>\n\t\t\t\t\t<\/div>\n\t\t<\/div>\n\t\t\t\t<div class=\"elementor-column elementor-col-50 elementor-inner-column elementor-element elementor-element-fe11ccd\" data-id=\"fe11ccd\" data-element_type=\"column\" data-e-type=\"column\">\n\t\t\t<div class=\"elementor-widget-wrap elementor-element-populated\">\n\t\t\t\t\t\t<div class=\"elementor-element elementor-element-4f5f1d1 elementor-widget elementor-widget-image\" data-id=\"4f5f1d1\" data-element_type=\"widget\" data-e-type=\"widget\" data-widget_type=\"image.default\">\n\t\t\t\t<div class=\"elementor-widget-container\">\n\t\t\t\t\t\t\t\t\t\t\t\t\t\t\t<img loading=\"lazy\" decoding=\"async\" width=\"768\" height=\"768\" src=\"https:\/\/www.elturistatranquil.com\/wp-content\/uploads\/F18n-Villaciervitos-Soria.jpg\" class=\"attachment-large size-large wp-image-42389\" alt=\"Villaciervitos, Soria\" srcset=\"https:\/\/www.elturistatranquil.com\/wp-content\/uploads\/F18n-Villaciervitos-Soria.jpg 768w, https:\/\/www.elturistatranquil.com\/wp-content\/uploads\/F18n-Villaciervitos-Soria-226x226.jpg 226w\" sizes=\"(max-width: 768px) 100vw, 768px\" \/>\t\t\t\t\t\t\t\t\t\t\t\t\t\t\t<\/div>\n\t\t\t\t<\/div>\n\t\t\t\t\t<\/div>\n\t\t<\/div>\n\t\t\t\t\t<\/div>\n\t\t<\/section>\n\t\t\t\t<div class=\"elementor-element elementor-element-fa4bf19 elementor-widget elementor-widget-image\" data-id=\"fa4bf19\" data-element_type=\"widget\" data-e-type=\"widget\" data-widget_type=\"image.default\">\n\t\t\t\t<div class=\"elementor-widget-container\">\n\t\t\t\t\t\t\t\t\t\t\t\t<figure class=\"wp-caption\">\n\t\t\t\t\t\t\t\t\t\t<img loading=\"lazy\" decoding=\"async\" width=\"768\" height=\"511\" src=\"https:\/\/www.elturistatranquil.com\/wp-content\/uploads\/F19-Villaciervitos-Soria.jpg\" class=\"attachment-large size-large wp-image-42391\" alt=\"Villaciervitos, Soria\" srcset=\"https:\/\/www.elturistatranquil.com\/wp-content\/uploads\/F19-Villaciervitos-Soria.jpg 768w, https:\/\/www.elturistatranquil.com\/wp-content\/uploads\/F19-Villaciervitos-Soria-339x226.jpg 339w\" sizes=\"(max-width: 768px) 100vw, 768px\" \/>\t\t\t\t\t\t\t\t\t\t\t<figcaption class=\"widget-image-caption wp-caption-text\"><\/figcaption>\n\t\t\t\t\t\t\t\t\t\t<\/figure>\n\t\t\t\t\t\t\t\t\t<\/div>\n\t\t\t\t<\/div>\n\t\t\t\t<div class=\"elementor-element elementor-element-c3e3261 elementor-widget elementor-widget-text-editor\" data-id=\"c3e3261\" data-element_type=\"widget\" data-e-type=\"widget\" data-widget_type=\"text-editor.default\">\n\t\t\t\t<div class=\"elementor-widget-container\">\n\t\t\t\t\t\t\t\t\t<p>Per sobre de l\u2019illa (<strong>c<\/strong>) en paral\u00b7lel l\u2019illa (<strong>d<\/strong>), tamb\u00e9 de cases de dos nivells. Aqu\u00ed es veu com el carrer nom\u00e9s \u00e9s una via d&#8217;acc\u00e9s a les portes d&#8217;aquesta illa.<\/p>\t\t\t\t\t\t\t\t<\/div>\n\t\t\t\t<\/div>\n\t\t\t\t<div class=\"elementor-element elementor-element-d270b4f elementor-widget elementor-widget-image\" data-id=\"d270b4f\" data-element_type=\"widget\" data-e-type=\"widget\" data-widget_type=\"image.default\">\n\t\t\t\t<div class=\"elementor-widget-container\">\n\t\t\t\t\t\t\t\t\t\t\t\t<figure class=\"wp-caption\">\n\t\t\t\t\t\t\t\t\t\t<img loading=\"lazy\" decoding=\"async\" width=\"768\" height=\"511\" src=\"https:\/\/www.elturistatranquil.com\/wp-content\/uploads\/F20-Villaciervitos-Soria.jpg\" class=\"attachment-large size-large wp-image-42393\" alt=\"Villaciervitos, Soria\" srcset=\"https:\/\/www.elturistatranquil.com\/wp-content\/uploads\/F20-Villaciervitos-Soria.jpg 768w, https:\/\/www.elturistatranquil.com\/wp-content\/uploads\/F20-Villaciervitos-Soria-339x226.jpg 339w\" sizes=\"(max-width: 768px) 100vw, 768px\" \/>\t\t\t\t\t\t\t\t\t\t\t<figcaption class=\"widget-image-caption wp-caption-text\"><\/figcaption>\n\t\t\t\t\t\t\t\t\t\t<\/figure>\n\t\t\t\t\t\t\t\t\t<\/div>\n\t\t\t\t<\/div>\n\t\t\t\t<div class=\"elementor-element elementor-element-0d0c225 elementor-widget elementor-widget-text-editor\" data-id=\"0d0c225\" data-element_type=\"widget\" data-e-type=\"widget\" data-widget_type=\"text-editor.default\">\n\t\t\t\t<div class=\"elementor-widget-container\">\n\t\t\t\t\t\t\t\t\t<p>A l&#8217;altre extrem del carrer, vista aquesta illa des de llevant, les dues primeres picades no van arribar a reconvertir-se en habitatges, i aix\u00ed romanen encara.<\/p>\t\t\t\t\t\t\t\t<\/div>\n\t\t\t\t<\/div>\n\t\t\t\t<div class=\"elementor-element elementor-element-0fca0d5 elementor-widget elementor-widget-image\" data-id=\"0fca0d5\" data-element_type=\"widget\" data-e-type=\"widget\" data-widget_type=\"image.default\">\n\t\t\t\t<div class=\"elementor-widget-container\">\n\t\t\t\t\t\t\t\t\t\t\t\t<figure class=\"wp-caption\">\n\t\t\t\t\t\t\t\t\t\t<img loading=\"lazy\" decoding=\"async\" width=\"768\" height=\"511\" src=\"https:\/\/www.elturistatranquil.com\/wp-content\/uploads\/F21-Villaciervitos-Soria.jpg\" class=\"attachment-large size-large wp-image-42395\" alt=\"Villaciervitos, Soria\" srcset=\"https:\/\/www.elturistatranquil.com\/wp-content\/uploads\/F21-Villaciervitos-Soria.jpg 768w, https:\/\/www.elturistatranquil.com\/wp-content\/uploads\/F21-Villaciervitos-Soria-339x226.jpg 339w\" sizes=\"(max-width: 768px) 100vw, 768px\" \/>\t\t\t\t\t\t\t\t\t\t\t<figcaption class=\"widget-image-caption wp-caption-text\"><\/figcaption>\n\t\t\t\t\t\t\t\t\t\t<\/figure>\n\t\t\t\t\t\t\t\t\t<\/div>\n\t\t\t\t<\/div>\n\t\t\t\t<div class=\"elementor-element elementor-element-c1ccd91 elementor-widget elementor-widget-text-editor\" data-id=\"c1ccd91\" data-element_type=\"widget\" data-e-type=\"widget\" data-widget_type=\"text-editor.default\">\n\t\t\t\t<div class=\"elementor-widget-container\">\n\t\t\t\t\t\t\t\t\t<p>Vista aquesta illa pel costat posterior tenim un perfecte exemple de l&#8217;estructura de picada de les illes.<\/p><p>A la primera fotografia de la situaci\u00f3 actual la continu\u00eftat queda trencada per l&#8217;enorme al\u00e7ada i profunditat de l&#8217;edifici renovat a la part central, com ja s&#8217;observava a la fotografia anterior. Per\u00f2 estudiant aquesta localitat a trav\u00e9s de Google Street View he pogut observar com era l&#8217;any 2010, quan hi va passar l&#8217;autom\u00f2bil captant les imatges del recorregut. Es pot veure com era abans d&#8217;aquesta transformaci\u00f3, cosa que permet comparar-les i valorar l&#8217;estructura primitiva, representada a la fotografia consecutiva.<\/p>\t\t\t\t\t\t\t\t<\/div>\n\t\t\t\t<\/div>\n\t\t\t\t<div class=\"elementor-element elementor-element-fed7578 elementor-widget elementor-widget-image\" data-id=\"fed7578\" data-element_type=\"widget\" data-e-type=\"widget\" data-widget_type=\"image.default\">\n\t\t\t\t<div class=\"elementor-widget-container\">\n\t\t\t\t\t\t\t\t\t\t\t\t<figure class=\"wp-caption\">\n\t\t\t\t\t\t\t\t\t\t<img loading=\"lazy\" decoding=\"async\" width=\"768\" height=\"511\" src=\"https:\/\/www.elturistatranquil.com\/wp-content\/uploads\/F22-Villaciervitos-Soria.jpg\" class=\"attachment-large size-large wp-image-42397\" alt=\"Villaciervitos, Soria\" srcset=\"https:\/\/www.elturistatranquil.com\/wp-content\/uploads\/F22-Villaciervitos-Soria.jpg 768w, https:\/\/www.elturistatranquil.com\/wp-content\/uploads\/F22-Villaciervitos-Soria-339x226.jpg 339w\" sizes=\"(max-width: 768px) 100vw, 768px\" \/>\t\t\t\t\t\t\t\t\t\t\t<figcaption class=\"widget-image-caption wp-caption-text\"><\/figcaption>\n\t\t\t\t\t\t\t\t\t\t<\/figure>\n\t\t\t\t\t\t\t\t\t<\/div>\n\t\t\t\t<\/div>\n\t\t\t\t<div class=\"elementor-element elementor-element-fe7b709 elementor-widget elementor-widget-image\" data-id=\"fe7b709\" data-element_type=\"widget\" data-e-type=\"widget\" data-widget_type=\"image.default\">\n\t\t\t\t<div class=\"elementor-widget-container\">\n\t\t\t\t\t\t\t\t\t\t\t\t<figure class=\"wp-caption\">\n\t\t\t\t\t\t\t\t\t\t<img loading=\"lazy\" decoding=\"async\" width=\"768\" height=\"512\" src=\"https:\/\/www.elturistatranquil.com\/wp-content\/uploads\/F23-Villaciervitos-Soria.-Google-maps-Street-View-2022-07-23.jpg\" class=\"attachment-large size-large wp-image-42399\" alt=\"Villaciervitos, Soria\" srcset=\"https:\/\/www.elturistatranquil.com\/wp-content\/uploads\/F23-Villaciervitos-Soria.-Google-maps-Street-View-2022-07-23.jpg 768w, https:\/\/www.elturistatranquil.com\/wp-content\/uploads\/F23-Villaciervitos-Soria.-Google-maps-Street-View-2022-07-23-339x226.jpg 339w\" sizes=\"(max-width: 768px) 100vw, 768px\" \/>\t\t\t\t\t\t\t\t\t\t\t<figcaption class=\"widget-image-caption wp-caption-text\">Foto presa de Google maps-Street View, captada el gener de 2010 (Google maps 2022-07-23)<\/figcaption>\n\t\t\t\t\t\t\t\t\t\t<\/figure>\n\t\t\t\t\t\t\t\t\t<\/div>\n\t\t\t\t<\/div>\n\t\t\t\t<div class=\"elementor-element elementor-element-c982dd3 elementor-widget elementor-widget-text-editor\" data-id=\"c982dd3\" data-element_type=\"widget\" data-e-type=\"widget\" data-widget_type=\"text-editor.default\">\n\t\t\t\t<div class=\"elementor-widget-container\">\n\t\t\t\t\t\t\t\t\t<p>M\u00e9s al nord, relativament allunyada, l\u2019illa (<strong>g<\/strong>). En aquesta illa constatem la transformaci\u00f3 ja antiga de la primera casa en una de grans dimensions de dues plantes; com es mant\u00e9 una picada; i com es converteixen en habitatges els tres seg\u00fcents, manifestant una evident pobresa.<\/p>\t\t\t\t\t\t\t\t<\/div>\n\t\t\t\t<\/div>\n\t\t\t\t<div class=\"elementor-element elementor-element-818aaf2 elementor-widget elementor-widget-image\" data-id=\"818aaf2\" data-element_type=\"widget\" data-e-type=\"widget\" data-widget_type=\"image.default\">\n\t\t\t\t<div class=\"elementor-widget-container\">\n\t\t\t\t\t\t\t\t\t\t\t\t<figure class=\"wp-caption\">\n\t\t\t\t\t\t\t\t\t\t<img loading=\"lazy\" decoding=\"async\" width=\"768\" height=\"511\" src=\"https:\/\/www.elturistatranquil.com\/wp-content\/uploads\/F24-Villaciervitos-Soria.jpg\" class=\"attachment-large size-large wp-image-42401\" alt=\"Villaciervitos, Soria\" srcset=\"https:\/\/www.elturistatranquil.com\/wp-content\/uploads\/F24-Villaciervitos-Soria.jpg 768w, https:\/\/www.elturistatranquil.com\/wp-content\/uploads\/F24-Villaciervitos-Soria-339x226.jpg 339w\" sizes=\"(max-width: 768px) 100vw, 768px\" \/>\t\t\t\t\t\t\t\t\t\t\t<figcaption class=\"widget-image-caption wp-caption-text\"><\/figcaption>\n\t\t\t\t\t\t\t\t\t\t<\/figure>\n\t\t\t\t\t\t\t\t\t<\/div>\n\t\t\t\t<\/div>\n\t\t\t\t<div class=\"elementor-element elementor-element-56e942a elementor-widget elementor-widget-text-editor\" data-id=\"56e942a\" data-element_type=\"widget\" data-e-type=\"widget\" data-widget_type=\"text-editor.default\">\n\t\t\t\t<div class=\"elementor-widget-container\">\n\t\t\t\t\t\t\t\t\t<p>Des d&#8217;aquest punt podem veure la part del darrere de l\u2019illa (<strong>f<\/strong>). En aquesta illa la transformaci\u00f3 m\u00e9s radical se situa a l&#8217;extrem occidental, on les dues \u00faltimes cases s&#8217;han transformat en una de dos nivells que mant\u00e9 l&#8217;alineaci\u00f3 del cavallet, per\u00f2 desvinculat, amb finestres oberta al lateral sobre un corral on sembla haver-se transformat el tram anterior. Com dic, l&#8217;aparen\u00e7a nom\u00e9s trenca visualment l&#8217;estructura.<\/p>\t\t\t\t\t\t\t\t<\/div>\n\t\t\t\t<\/div>\n\t\t\t\t<div class=\"elementor-element elementor-element-57fc830 elementor-widget elementor-widget-image\" data-id=\"57fc830\" data-element_type=\"widget\" data-e-type=\"widget\" data-widget_type=\"image.default\">\n\t\t\t\t<div class=\"elementor-widget-container\">\n\t\t\t\t\t\t\t\t\t\t\t\t<figure class=\"wp-caption\">\n\t\t\t\t\t\t\t\t\t\t<img loading=\"lazy\" decoding=\"async\" width=\"768\" height=\"512\" src=\"https:\/\/www.elturistatranquil.com\/wp-content\/uploads\/F25-Villaciervitos-Soria.jpg\" class=\"attachment-large size-large wp-image-42405\" alt=\"Villaciervitos, Soria\" srcset=\"https:\/\/www.elturistatranquil.com\/wp-content\/uploads\/F25-Villaciervitos-Soria.jpg 768w, https:\/\/www.elturistatranquil.com\/wp-content\/uploads\/F25-Villaciervitos-Soria-339x226.jpg 339w\" sizes=\"(max-width: 768px) 100vw, 768px\" \/>\t\t\t\t\t\t\t\t\t\t\t<figcaption class=\"widget-image-caption wp-caption-text\"><\/figcaption>\n\t\t\t\t\t\t\t\t\t\t<\/figure>\n\t\t\t\t\t\t\t\t\t<\/div>\n\t\t\t\t<\/div>\n\t\t\t\t<div class=\"elementor-element elementor-element-97330af elementor-widget elementor-widget-text-editor\" data-id=\"97330af\" data-element_type=\"widget\" data-e-type=\"widget\" data-widget_type=\"text-editor.default\">\n\t\t\t\t<div class=\"elementor-widget-container\">\n\t\t\t\t\t\t\t\t\t<p>Una casa (<strong>1<\/strong>) mostra l&#8217;estructura de casa carretera, que apareix en disposici\u00f3 perpendicular al conjunt perqu\u00e8 l&#8217;entrada a la casa carretera se situ\u00ef a la paret testera truncada, orientada a sud, per la qual cosa el cavallet assumeix la direcci\u00f3 nord-sud. Aqu\u00ed la casa s&#8217;ha a\u00efllat amb algunes construccions auxiliars annexes, individualitzant-se respecte de les altres construccions.<\/p>\t\t\t\t\t\t\t\t<\/div>\n\t\t\t\t<\/div>\n\t\t\t\t<div class=\"elementor-element elementor-element-da6082c elementor-widget elementor-widget-image\" data-id=\"da6082c\" data-element_type=\"widget\" data-e-type=\"widget\" data-widget_type=\"image.default\">\n\t\t\t\t<div class=\"elementor-widget-container\">\n\t\t\t\t\t\t\t\t\t\t\t\t<figure class=\"wp-caption\">\n\t\t\t\t\t\t\t\t\t\t<img loading=\"lazy\" decoding=\"async\" width=\"768\" height=\"351\" src=\"https:\/\/www.elturistatranquil.com\/wp-content\/uploads\/F26-Villaciervitos-Soria.jpg\" class=\"attachment-large size-large wp-image-42407\" alt=\"Villaciervitos, Soria\" srcset=\"https:\/\/www.elturistatranquil.com\/wp-content\/uploads\/F26-Villaciervitos-Soria.jpg 768w, https:\/\/www.elturistatranquil.com\/wp-content\/uploads\/F26-Villaciervitos-Soria-339x155.jpg 339w\" sizes=\"(max-width: 768px) 100vw, 768px\" \/>\t\t\t\t\t\t\t\t\t\t\t<figcaption class=\"widget-image-caption wp-caption-text\"><\/figcaption>\n\t\t\t\t\t\t\t\t\t\t<\/figure>\n\t\t\t\t\t\t\t\t\t<\/div>\n\t\t\t\t<\/div>\n\t\t\t\t<div class=\"elementor-element elementor-element-ac4a2d5 elementor-widget elementor-widget-text-editor\" data-id=\"ac4a2d5\" data-element_type=\"widget\" data-e-type=\"widget\" data-widget_type=\"text-editor.default\">\n\t\t\t\t<div class=\"elementor-widget-container\">\n\t\t\t\t\t\t\t\t\t<p>La gran portalada carreter a l&#8217;entrada, la cuina-llar de foc <em>pinariega<\/em> m\u00e9s al fons. Tot i aix\u00ed, l&#8217;edifici mant\u00e9 l&#8217;estructura de picada.<\/p><p>La foto deixa veure la perpendicularitat respecte a l\u2019illa (<strong>b<\/strong>) que comen\u00e7a a l&#8217;esquerra.<\/p>\t\t\t\t\t\t\t\t<\/div>\n\t\t\t\t<\/div>\n\t\t\t\t<div class=\"elementor-element elementor-element-5981af8 elementor-widget elementor-widget-image\" data-id=\"5981af8\" data-element_type=\"widget\" data-e-type=\"widget\" data-widget_type=\"image.default\">\n\t\t\t\t<div class=\"elementor-widget-container\">\n\t\t\t\t\t\t\t\t\t\t\t\t<figure class=\"wp-caption\">\n\t\t\t\t\t\t\t\t\t\t<img loading=\"lazy\" decoding=\"async\" width=\"768\" height=\"511\" src=\"https:\/\/www.elturistatranquil.com\/wp-content\/uploads\/F27-Villaciervitos-Soria.jpg\" class=\"attachment-large size-large wp-image-42409\" alt=\"Villaciervitos, Soria\" srcset=\"https:\/\/www.elturistatranquil.com\/wp-content\/uploads\/F27-Villaciervitos-Soria.jpg 768w, https:\/\/www.elturistatranquil.com\/wp-content\/uploads\/F27-Villaciervitos-Soria-339x226.jpg 339w\" sizes=\"(max-width: 768px) 100vw, 768px\" \/>\t\t\t\t\t\t\t\t\t\t\t<figcaption class=\"widget-image-caption wp-caption-text\"><\/figcaption>\n\t\t\t\t\t\t\t\t\t\t<\/figure>\n\t\t\t\t\t\t\t\t\t<\/div>\n\t\t\t\t<\/div>\n\t\t\t\t<div class=\"elementor-element elementor-element-b7072da elementor-widget elementor-widget-image\" data-id=\"b7072da\" data-element_type=\"widget\" data-e-type=\"widget\" data-widget_type=\"image.default\">\n\t\t\t\t<div class=\"elementor-widget-container\">\n\t\t\t\t\t\t\t\t\t\t\t\t<figure class=\"wp-caption\">\n\t\t\t\t\t\t\t\t\t\t<img loading=\"lazy\" decoding=\"async\" width=\"768\" height=\"511\" src=\"https:\/\/www.elturistatranquil.com\/wp-content\/uploads\/F28-Villaciervitos-Soria.jpg\" class=\"attachment-large size-large wp-image-42411\" alt=\"Villaciervitos, Soria\" srcset=\"https:\/\/www.elturistatranquil.com\/wp-content\/uploads\/F28-Villaciervitos-Soria.jpg 768w, https:\/\/www.elturistatranquil.com\/wp-content\/uploads\/F28-Villaciervitos-Soria-339x226.jpg 339w\" sizes=\"(max-width: 768px) 100vw, 768px\" \/>\t\t\t\t\t\t\t\t\t\t\t<figcaption class=\"widget-image-caption wp-caption-text\"><\/figcaption>\n\t\t\t\t\t\t\t\t\t\t<\/figure>\n\t\t\t\t\t\t\t\t\t<\/div>\n\t\t\t\t<\/div>\n\t\t\t\t<div class=\"elementor-element elementor-element-11fa2e7 elementor-widget elementor-widget-text-editor\" data-id=\"11fa2e7\" data-element_type=\"widget\" data-e-type=\"widget\" data-widget_type=\"text-editor.default\">\n\t\t\t\t<div class=\"elementor-widget-container\">\n\t\t\t\t\t\t\t\t\t<p>El resultat final d&#8217;aquesta estructura allargada, pr\u00e0cticament paral\u00b7lela, nom\u00e9s amb entrades pel costat del migdia, i repartides irregularment pel territori, \u00e9s que no hi ha cap carrer en el sentit urb\u00e0 de conviv\u00e8ncia. Hi pot haver ve\u00efnatge col\u00b7lateral, per\u00f2 no el carrer convivencial. Les cases a\u00efllades que s&#8217;han anat intercalant posteriorment al conjunt tampoc han ajudat a crear territoris de ve\u00efnatge i conviv\u00e8ncia.<\/p>\t\t\t\t\t\t\t\t<\/div>\n\t\t\t\t<\/div>\n\t\t\t\t<div class=\"elementor-element elementor-element-a301694 elementor-widget elementor-widget-heading\" data-id=\"a301694\" data-element_type=\"widget\" data-e-type=\"widget\" data-widget_type=\"heading.default\">\n\t\t\t\t<div class=\"elementor-widget-container\">\n\t\t\t\t\t<h4 class=\"elementor-heading-title elementor-size-default\">Construccions individuals a\u00efllades<\/h4>\t\t\t\t<\/div>\n\t\t\t\t<\/div>\n\t\t\t\t<div class=\"elementor-element elementor-element-bc74138 elementor-widget elementor-widget-text-editor\" data-id=\"bc74138\" data-element_type=\"widget\" data-e-type=\"widget\" data-widget_type=\"text-editor.default\">\n\t\t\t\t<div class=\"elementor-widget-container\">\n\t\t\t\t\t\t\t\t\t<p>Els grans espais buits que la disposici\u00f3 irregular de les pomes deixava van permetre la incorporaci\u00f3 d&#8217;un altre tipus de construccions.<\/p><p>A l&#8217;extrem sud-oest es localitzava la <strong>ferreria<\/strong> (<strong>2<\/strong>), on es pot veure el poltre de ferrar a l&#8217;exterior.<\/p>\t\t\t\t\t\t\t\t<\/div>\n\t\t\t\t<\/div>\n\t\t\t\t<div class=\"elementor-element elementor-element-efefd5a elementor-widget elementor-widget-image\" data-id=\"efefd5a\" data-element_type=\"widget\" data-e-type=\"widget\" data-widget_type=\"image.default\">\n\t\t\t\t<div class=\"elementor-widget-container\">\n\t\t\t\t\t\t\t\t\t\t\t\t<figure class=\"wp-caption\">\n\t\t\t\t\t\t\t\t\t\t<img loading=\"lazy\" decoding=\"async\" width=\"768\" height=\"511\" src=\"https:\/\/www.elturistatranquil.com\/wp-content\/uploads\/F29-Villaciervitos-Soria.jpg\" class=\"attachment-large size-large wp-image-42413\" alt=\"Villaciervitos, Soria\" srcset=\"https:\/\/www.elturistatranquil.com\/wp-content\/uploads\/F29-Villaciervitos-Soria.jpg 768w, https:\/\/www.elturistatranquil.com\/wp-content\/uploads\/F29-Villaciervitos-Soria-339x226.jpg 339w\" sizes=\"(max-width: 768px) 100vw, 768px\" \/>\t\t\t\t\t\t\t\t\t\t\t<figcaption class=\"widget-image-caption wp-caption-text\"><\/figcaption>\n\t\t\t\t\t\t\t\t\t\t<\/figure>\n\t\t\t\t\t\t\t\t\t<\/div>\n\t\t\t\t<\/div>\n\t\t\t\t<div class=\"elementor-element elementor-element-c34a9ea elementor-widget elementor-widget-text-editor\" data-id=\"c34a9ea\" data-element_type=\"widget\" data-e-type=\"widget\" data-widget_type=\"text-editor.default\">\n\t\t\t\t<div class=\"elementor-widget-container\">\n\t\t\t\t\t\t\t\t\t<p>A prop d&#8217;alguns petits <strong>corrals individuals<\/strong> (<strong>3<\/strong>).<\/p>\t\t\t\t\t\t\t\t<\/div>\n\t\t\t\t<\/div>\n\t\t\t\t<div class=\"elementor-element elementor-element-2754d17 elementor-widget elementor-widget-image\" data-id=\"2754d17\" data-element_type=\"widget\" data-e-type=\"widget\" data-widget_type=\"image.default\">\n\t\t\t\t<div class=\"elementor-widget-container\">\n\t\t\t\t\t\t\t\t\t\t\t\t<figure class=\"wp-caption\">\n\t\t\t\t\t\t\t\t\t\t<img loading=\"lazy\" decoding=\"async\" width=\"768\" height=\"511\" src=\"https:\/\/www.elturistatranquil.com\/wp-content\/uploads\/F30-Villaciervitos-Soria.jpg\" class=\"attachment-large size-large wp-image-42415\" alt=\"Villaciervitos, Soria\" srcset=\"https:\/\/www.elturistatranquil.com\/wp-content\/uploads\/F30-Villaciervitos-Soria.jpg 768w, https:\/\/www.elturistatranquil.com\/wp-content\/uploads\/F30-Villaciervitos-Soria-339x226.jpg 339w\" sizes=\"(max-width: 768px) 100vw, 768px\" \/>\t\t\t\t\t\t\t\t\t\t\t<figcaption class=\"widget-image-caption wp-caption-text\"><\/figcaption>\n\t\t\t\t\t\t\t\t\t\t<\/figure>\n\t\t\t\t\t\t\t\t\t<\/div>\n\t\t\t\t<\/div>\n\t\t\t\t<div class=\"elementor-element elementor-element-1bc9cd9 elementor-widget elementor-widget-text-editor\" data-id=\"1bc9cd9\" data-element_type=\"widget\" data-e-type=\"widget\" data-widget_type=\"text-editor.default\">\n\t\t\t\t<div class=\"elementor-widget-container\">\n\t\t\t\t\t\t\t\t\t<p>No he trobat cap rastre d&#8217;on es podia trobar l&#8217;<em>escola d&#8217;instrucci\u00f3 prim\u00e0ria<\/em> que cita Madoz.<\/p><p>El m\u00e9s nombr\u00f3s s\u00f3n les <strong>cases individuals<\/strong> constru\u00efdes fins a l&#8217;actualitat, amb predomini a la planta quadrangular, la majoria de dos nivells, i amb coberta a quatre aig\u00fces.<\/p>\t\t\t\t\t\t\t\t<\/div>\n\t\t\t\t<\/div>\n\t\t\t\t<div class=\"elementor-element elementor-element-b0f32ab elementor-widget elementor-widget-image\" data-id=\"b0f32ab\" data-element_type=\"widget\" data-e-type=\"widget\" data-widget_type=\"image.default\">\n\t\t\t\t<div class=\"elementor-widget-container\">\n\t\t\t\t\t\t\t\t\t\t\t\t<figure class=\"wp-caption\">\n\t\t\t\t\t\t\t\t\t\t<img loading=\"lazy\" decoding=\"async\" width=\"768\" height=\"511\" src=\"https:\/\/www.elturistatranquil.com\/wp-content\/uploads\/F32-Villaciervitos-Soria.jpg\" class=\"attachment-large size-large wp-image-42419\" alt=\"Villaciervitos, Soria\" srcset=\"https:\/\/www.elturistatranquil.com\/wp-content\/uploads\/F32-Villaciervitos-Soria.jpg 768w, https:\/\/www.elturistatranquil.com\/wp-content\/uploads\/F32-Villaciervitos-Soria-339x226.jpg 339w\" sizes=\"(max-width: 768px) 100vw, 768px\" \/>\t\t\t\t\t\t\t\t\t\t\t<figcaption class=\"widget-image-caption wp-caption-text\"><\/figcaption>\n\t\t\t\t\t\t\t\t\t\t<\/figure>\n\t\t\t\t\t\t\t\t\t<\/div>\n\t\t\t\t<\/div>\n\t\t\t\t<div class=\"elementor-element elementor-element-55cffa0 elementor-widget elementor-widget-image\" data-id=\"55cffa0\" data-element_type=\"widget\" data-e-type=\"widget\" data-widget_type=\"image.default\">\n\t\t\t\t<div class=\"elementor-widget-container\">\n\t\t\t\t\t\t\t\t\t\t\t\t<figure class=\"wp-caption\">\n\t\t\t\t\t\t\t\t\t\t<img loading=\"lazy\" decoding=\"async\" width=\"768\" height=\"511\" src=\"https:\/\/www.elturistatranquil.com\/wp-content\/uploads\/F33-Villaciervitos-Soria.jpg\" class=\"attachment-large size-large wp-image-42421\" alt=\"Villaciervitos, Soria\" srcset=\"https:\/\/www.elturistatranquil.com\/wp-content\/uploads\/F33-Villaciervitos-Soria.jpg 768w, https:\/\/www.elturistatranquil.com\/wp-content\/uploads\/F33-Villaciervitos-Soria-339x226.jpg 339w\" sizes=\"(max-width: 768px) 100vw, 768px\" \/>\t\t\t\t\t\t\t\t\t\t\t<figcaption class=\"widget-image-caption wp-caption-text\"><\/figcaption>\n\t\t\t\t\t\t\t\t\t\t<\/figure>\n\t\t\t\t\t\t\t\t\t<\/div>\n\t\t\t\t<\/div>\n\t\t\t\t<div class=\"elementor-element elementor-element-d619f51 elementor-widget elementor-widget-image\" data-id=\"d619f51\" data-element_type=\"widget\" data-e-type=\"widget\" data-widget_type=\"image.default\">\n\t\t\t\t<div class=\"elementor-widget-container\">\n\t\t\t\t\t\t\t\t\t\t\t\t<figure class=\"wp-caption\">\n\t\t\t\t\t\t\t\t\t\t<img loading=\"lazy\" decoding=\"async\" width=\"768\" height=\"512\" src=\"https:\/\/www.elturistatranquil.com\/wp-content\/uploads\/F31-Villaciervitos-Soria.jpg\" class=\"attachment-large size-large wp-image-42417\" alt=\"Villaciervitos, Soria\" srcset=\"https:\/\/www.elturistatranquil.com\/wp-content\/uploads\/F31-Villaciervitos-Soria.jpg 768w, https:\/\/www.elturistatranquil.com\/wp-content\/uploads\/F31-Villaciervitos-Soria-339x226.jpg 339w\" sizes=\"(max-width: 768px) 100vw, 768px\" \/>\t\t\t\t\t\t\t\t\t\t\t<figcaption class=\"widget-image-caption wp-caption-text\"><\/figcaption>\n\t\t\t\t\t\t\t\t\t\t<\/figure>\n\t\t\t\t\t\t\t\t\t<\/div>\n\t\t\t\t<\/div>\n\t\t\t\t<div class=\"elementor-element elementor-element-01741f3 elementor-widget elementor-widget-menu-anchor\" data-id=\"01741f3\" data-element_type=\"widget\" data-e-type=\"widget\" data-widget_type=\"menu-anchor.default\">\n\t\t\t\t<div class=\"elementor-widget-container\">\n\t\t\t\t\t\t\t<div class=\"elementor-menu-anchor\" id=\"c7605\"><\/div>\n\t\t\t\t\t\t<\/div>\n\t\t\t\t<\/div>\n\t\t\t\t<div class=\"elementor-element elementor-element-bb5aa59 elementor-widget elementor-widget-text-editor\" data-id=\"bb5aa59\" data-element_type=\"widget\" data-e-type=\"widget\" data-widget_type=\"text-editor.default\">\n\t\t\t\t<div class=\"elementor-widget-container\">\n\t\t\t\t\t\t\t\t\t<p>Evidentment, aquestes darreres construccions trenquen la l\u00f2gica que articulava el poblat recolzat en l&#8217;estructura de l&#8217;arquitectura de les pletes de bestiar ov\u00ed.<\/p>\t\t\t\t\t\t\t\t<\/div>\n\t\t\t\t<\/div>\n\t\t\t\t<div class=\"elementor-element elementor-element-e76c032 elementor-widget elementor-widget-heading\" data-id=\"e76c032\" data-element_type=\"widget\" data-e-type=\"widget\" data-widget_type=\"heading.default\">\n\t\t\t\t<div class=\"elementor-widget-container\">\n\t\t\t\t\t<h3 class=\"elementor-heading-title elementor-size-default\">Esgl\u00e9sia rom\u00e0nica de San Blas<\/h3>\t\t\t\t<\/div>\n\t\t\t\t<\/div>\n\t\t\t\t<div class=\"elementor-element elementor-element-bc3583c elementor-widget elementor-widget-text-editor\" data-id=\"bc3583c\" data-element_type=\"widget\" data-e-type=\"widget\" data-widget_type=\"text-editor.default\">\n\t\t\t\t<div class=\"elementor-widget-container\">\n\t\t\t\t\t\t\t\t\t<p>Per\u00f2 ara conv\u00e9 indicar la significativa posici\u00f3 que presenta l&#8217;esgl\u00e9sia al conjunt. Est\u00e0 simplement aqu\u00ed, sense cap accent en la seva postura, sense cap mostra d&#8217;haver plantejat la menor opci\u00f3, positiva o negativa, en l&#8217;elecci\u00f3 del lloc que ocupa. Aquest lloc an\u00f2nim que sol ser assenyalat, principal, excel\u00b7lent. L&#8217;esgl\u00e9sia, a Villaciervitos, participa amb la resta dels elements del poblat dels mateixos avantatges o desavantatges de posici\u00f3 que qualsevol. En aquest detall, l&#8217;esgl\u00e9sia se sotmet a la norma plana. Ni la pr\u00f2pia esgl\u00e9sia \u00e9s m\u00e9s (tampoc menys) que qualsevol altre element, que qualsevol altra illa.<\/p><p>Aix\u00ed, l&#8217;<strong>esgl\u00e9sia de San Blas<\/strong> est\u00e0 situada a\u00efllada a 150 metres a ponent de la darrera casa del conjunt urb\u00e0. Sembla m\u00e9s la posici\u00f3 d&#8217;una ermita que no pas de l&#8217;esgl\u00e9sia parroquial.<\/p><p>Com a curiositat, cal assenyalar que a Madoz els noms de les esgl\u00e9sies de Villaciervitos i Villaciervos apareixen intercanviats.<\/p><p>Si ens situem a ponent podem veure clarament la localitzaci\u00f3 marginal respecte al caseriu.<\/p>\t\t\t\t\t\t\t\t<\/div>\n\t\t\t\t<\/div>\n\t\t\t\t<div class=\"elementor-element elementor-element-bbf89eb elementor-widget elementor-widget-image\" data-id=\"bbf89eb\" data-element_type=\"widget\" data-e-type=\"widget\" data-widget_type=\"image.default\">\n\t\t\t\t<div class=\"elementor-widget-container\">\n\t\t\t\t\t\t\t\t\t\t\t\t<figure class=\"wp-caption\">\n\t\t\t\t\t\t\t\t\t\t<img loading=\"lazy\" decoding=\"async\" width=\"768\" height=\"511\" src=\"https:\/\/www.elturistatranquil.com\/wp-content\/uploads\/F34-Iglesia-romanica-de-San-Blas-Villaciervitos-Soria.jpg\" class=\"attachment-large size-large wp-image-42423\" alt=\"Iglesia romanica de San Blas, Villaciervitos, Soria\" srcset=\"https:\/\/www.elturistatranquil.com\/wp-content\/uploads\/F34-Iglesia-romanica-de-San-Blas-Villaciervitos-Soria.jpg 768w, https:\/\/www.elturistatranquil.com\/wp-content\/uploads\/F34-Iglesia-romanica-de-San-Blas-Villaciervitos-Soria-339x226.jpg 339w\" sizes=\"(max-width: 768px) 100vw, 768px\" \/>\t\t\t\t\t\t\t\t\t\t\t<figcaption class=\"widget-image-caption wp-caption-text\"><\/figcaption>\n\t\t\t\t\t\t\t\t\t\t<\/figure>\n\t\t\t\t\t\t\t\t\t<\/div>\n\t\t\t\t<\/div>\n\t\t\t\t<div class=\"elementor-element elementor-element-990aa70 elementor-widget elementor-widget-text-editor\" data-id=\"990aa70\" data-element_type=\"widget\" data-e-type=\"widget\" data-widget_type=\"text-editor.default\">\n\t\t\t\t<div class=\"elementor-widget-container\">\n\t\t\t\t\t\t\t\t\t<p>L&#8217;esgl\u00e9sia de San Blas \u00e9s rom\u00e0nica, probablement de finals del segle XII o principis del XIII. S&#8217;hi adossa el cementiri.<\/p>\t\t\t\t\t\t\t\t<\/div>\n\t\t\t\t<\/div>\n\t\t\t\t<div class=\"elementor-element elementor-element-3f2383b elementor-widget elementor-widget-image\" data-id=\"3f2383b\" data-element_type=\"widget\" data-e-type=\"widget\" data-widget_type=\"image.default\">\n\t\t\t\t<div class=\"elementor-widget-container\">\n\t\t\t\t\t\t\t\t\t\t\t\t<figure class=\"wp-caption\">\n\t\t\t\t\t\t\t\t\t\t<img loading=\"lazy\" decoding=\"async\" width=\"768\" height=\"511\" src=\"https:\/\/www.elturistatranquil.com\/wp-content\/uploads\/F35-Iglesia-romanica-de-San-Blas-Villaciervitos-Soria.jpg\" class=\"attachment-large size-large wp-image-42425\" alt=\"Iglesia romanica de San Blas, Villaciervitos, Soria\" srcset=\"https:\/\/www.elturistatranquil.com\/wp-content\/uploads\/F35-Iglesia-romanica-de-San-Blas-Villaciervitos-Soria.jpg 768w, https:\/\/www.elturistatranquil.com\/wp-content\/uploads\/F35-Iglesia-romanica-de-San-Blas-Villaciervitos-Soria-339x226.jpg 339w\" sizes=\"(max-width: 768px) 100vw, 768px\" \/>\t\t\t\t\t\t\t\t\t\t\t<figcaption class=\"widget-image-caption wp-caption-text\"><\/figcaption>\n\t\t\t\t\t\t\t\t\t\t<\/figure>\n\t\t\t\t\t\t\t\t\t<\/div>\n\t\t\t\t<\/div>\n\t\t\t\t<div class=\"elementor-element elementor-element-16007a7 elementor-widget elementor-widget-image\" data-id=\"16007a7\" data-element_type=\"widget\" data-e-type=\"widget\" data-widget_type=\"image.default\">\n\t\t\t\t<div class=\"elementor-widget-container\">\n\t\t\t\t\t\t\t\t\t\t\t\t<figure class=\"wp-caption\">\n\t\t\t\t\t\t\t\t\t\t<img loading=\"lazy\" decoding=\"async\" width=\"768\" height=\"511\" src=\"https:\/\/www.elturistatranquil.com\/wp-content\/uploads\/F36-Iglesia-romanica-de-San-Blas-Villaciervitos-Soria.jpg\" class=\"attachment-large size-large wp-image-42427\" alt=\"Iglesia romanica de San Blas, Villaciervitos, Soria\" srcset=\"https:\/\/www.elturistatranquil.com\/wp-content\/uploads\/F36-Iglesia-romanica-de-San-Blas-Villaciervitos-Soria.jpg 768w, https:\/\/www.elturistatranquil.com\/wp-content\/uploads\/F36-Iglesia-romanica-de-San-Blas-Villaciervitos-Soria-339x226.jpg 339w\" sizes=\"(max-width: 768px) 100vw, 768px\" \/>\t\t\t\t\t\t\t\t\t\t\t<figcaption class=\"widget-image-caption wp-caption-text\"><\/figcaption>\n\t\t\t\t\t\t\t\t\t\t<\/figure>\n\t\t\t\t\t\t\t\t\t<\/div>\n\t\t\t\t<\/div>\n\t\t\t\t<div class=\"elementor-element elementor-element-cbccce4 elementor-widget elementor-widget-text-editor\" data-id=\"cbccce4\" data-element_type=\"widget\" data-e-type=\"widget\" data-widget_type=\"text-editor.default\">\n\t\t\t\t<div class=\"elementor-widget-container\">\n\t\t\t\t\t\t\t\t\t<p>De planta d\u00b4una sola nau, amb absis semicircular i presbiteri. La portada d\u00b4entrada pel costat de l\u00b4ep\u00edstola. T\u00e9 adossada una sagristia i una espadanya.<\/p>\t\t\t\t\t\t\t\t<\/div>\n\t\t\t\t<\/div>\n\t\t\t\t<div class=\"elementor-element elementor-element-855342a elementor-widget elementor-widget-image\" data-id=\"855342a\" data-element_type=\"widget\" data-e-type=\"widget\" data-widget_type=\"image.default\">\n\t\t\t\t<div class=\"elementor-widget-container\">\n\t\t\t\t\t\t\t\t\t\t\t\t<figure class=\"wp-caption\">\n\t\t\t\t\t\t\t\t\t\t<img loading=\"lazy\" decoding=\"async\" width=\"768\" height=\"512\" src=\"https:\/\/www.elturistatranquil.com\/wp-content\/uploads\/F37-Planta-de-la-Iglesia-romanica-de-San-Blas-Villaciervitos-Soria.jpg\" class=\"attachment-large size-large wp-image-42429\" alt=\"Planta de la Iglesia romanica de San Blas, Villaciervitos, Soria\" srcset=\"https:\/\/www.elturistatranquil.com\/wp-content\/uploads\/F37-Planta-de-la-Iglesia-romanica-de-San-Blas-Villaciervitos-Soria.jpg 768w, https:\/\/www.elturistatranquil.com\/wp-content\/uploads\/F37-Planta-de-la-Iglesia-romanica-de-San-Blas-Villaciervitos-Soria-339x226.jpg 339w\" sizes=\"(max-width: 768px) 100vw, 768px\" \/>\t\t\t\t\t\t\t\t\t\t\t<figcaption class=\"widget-image-caption wp-caption-text\"><\/figcaption>\n\t\t\t\t\t\t\t\t\t\t<\/figure>\n\t\t\t\t\t\t\t\t\t<\/div>\n\t\t\t\t<\/div>\n\t\t\t\t<div class=\"elementor-element elementor-element-bfaf9cb elementor-widget elementor-widget-text-editor\" data-id=\"bfaf9cb\" data-element_type=\"widget\" data-e-type=\"widget\" data-widget_type=\"text-editor.default\">\n\t\t\t\t<div class=\"elementor-widget-container\">\n\t\t\t\t\t\t\t\t\t<p>Els murs s\u00f3n de ma\u00e7oneria amb arrebossat, excepte a la portada, a les cantonades i a la part superior de l\u2019espadanya, que s\u00f3n de carreus.<\/p><p>La portada de doble esqueixada \u00e9s de tres arquivoltes de mig punt en gradaci\u00f3 en un ressalt avan\u00e7at, que recolzen en cimaci sense capitell i brancals.<\/p><p>Protegeix la portada una volada, suportada per m\u00e8nsules.<\/p>\t\t\t\t\t\t\t\t<\/div>\n\t\t\t\t<\/div>\n\t\t\t\t<div class=\"elementor-element elementor-element-7ada2c4 elementor-widget elementor-widget-image\" data-id=\"7ada2c4\" data-element_type=\"widget\" data-e-type=\"widget\" data-widget_type=\"image.default\">\n\t\t\t\t<div class=\"elementor-widget-container\">\n\t\t\t\t\t\t\t\t\t\t\t\t<figure class=\"wp-caption\">\n\t\t\t\t\t\t\t\t\t\t<img loading=\"lazy\" decoding=\"async\" width=\"768\" height=\"511\" src=\"https:\/\/www.elturistatranquil.com\/wp-content\/uploads\/F38-Iglesia-romanica-de-San-Blas-Villaciervitos-Soria.jpg\" class=\"attachment-large size-large wp-image-42431\" alt=\"Iglesia romanica de San Blas, Villaciervitos, Soria\" srcset=\"https:\/\/www.elturistatranquil.com\/wp-content\/uploads\/F38-Iglesia-romanica-de-San-Blas-Villaciervitos-Soria.jpg 768w, https:\/\/www.elturistatranquil.com\/wp-content\/uploads\/F38-Iglesia-romanica-de-San-Blas-Villaciervitos-Soria-339x226.jpg 339w\" sizes=\"(max-width: 768px) 100vw, 768px\" \/>\t\t\t\t\t\t\t\t\t\t\t<figcaption class=\"widget-image-caption wp-caption-text\"><\/figcaption>\n\t\t\t\t\t\t\t\t\t\t<\/figure>\n\t\t\t\t\t\t\t\t\t<\/div>\n\t\t\t\t<\/div>\n\t\t\t\t<div class=\"elementor-element elementor-element-af78334 elementor-widget elementor-widget-text-editor\" data-id=\"af78334\" data-element_type=\"widget\" data-e-type=\"widget\" data-widget_type=\"text-editor.default\">\n\t\t\t\t<div class=\"elementor-widget-container\">\n\t\t\t\t\t\t\t\t\t<p>Els dos arcs exteriors s\u00f3n llisos, mentre que la brancal i l&#8217;arc interior i el cimaci presenta una sanefa esculpida.<\/p>\t\t\t\t\t\t\t\t<\/div>\n\t\t\t\t<\/div>\n\t\t\t\t<section class=\"elementor-section elementor-inner-section elementor-element elementor-element-4f6165a elementor-section-boxed elementor-section-height-default elementor-section-height-default\" data-id=\"4f6165a\" data-element_type=\"section\" data-e-type=\"section\">\n\t\t\t\t\t\t<div class=\"elementor-container elementor-column-gap-default\">\n\t\t\t\t\t<div class=\"elementor-column elementor-col-50 elementor-inner-column elementor-element elementor-element-fcd7de2\" data-id=\"fcd7de2\" data-element_type=\"column\" data-e-type=\"column\">\n\t\t\t<div class=\"elementor-widget-wrap elementor-element-populated\">\n\t\t\t\t\t\t<div class=\"elementor-element elementor-element-2dc2bfa elementor-widget elementor-widget-image\" data-id=\"2dc2bfa\" data-element_type=\"widget\" data-e-type=\"widget\" data-widget_type=\"image.default\">\n\t\t\t\t<div class=\"elementor-widget-container\">\n\t\t\t\t\t\t\t\t\t\t\t\t\t\t\t<img loading=\"lazy\" decoding=\"async\" width=\"380\" height=\"380\" src=\"https:\/\/www.elturistatranquil.com\/wp-content\/uploads\/F39m-Iglesia-romanica-de-San-Blas-Villaciervitos-Soria.jpg\" class=\"attachment-large size-large wp-image-42433\" alt=\"\" srcset=\"https:\/\/www.elturistatranquil.com\/wp-content\/uploads\/F39m-Iglesia-romanica-de-San-Blas-Villaciervitos-Soria.jpg 380w, https:\/\/www.elturistatranquil.com\/wp-content\/uploads\/F39m-Iglesia-romanica-de-San-Blas-Villaciervitos-Soria-226x226.jpg 226w\" sizes=\"(max-width: 380px) 100vw, 380px\" \/>\t\t\t\t\t\t\t\t\t\t\t\t\t\t\t<\/div>\n\t\t\t\t<\/div>\n\t\t\t\t\t<\/div>\n\t\t<\/div>\n\t\t\t\t<div class=\"elementor-column elementor-col-50 elementor-inner-column elementor-element elementor-element-e007c2a\" data-id=\"e007c2a\" data-element_type=\"column\" data-e-type=\"column\">\n\t\t\t<div class=\"elementor-widget-wrap elementor-element-populated\">\n\t\t\t\t\t\t<div class=\"elementor-element elementor-element-68cfc28 elementor-widget elementor-widget-image\" data-id=\"68cfc28\" data-element_type=\"widget\" data-e-type=\"widget\" data-widget_type=\"image.default\">\n\t\t\t\t<div class=\"elementor-widget-container\">\n\t\t\t\t\t\t\t\t\t\t\t\t\t\t\t<img loading=\"lazy\" decoding=\"async\" width=\"380\" height=\"380\" src=\"https:\/\/www.elturistatranquil.com\/wp-content\/uploads\/F39n-Iglesia-romanica-de-San-Blas-Villaciervitos-Soria.jpg\" class=\"attachment-large size-large wp-image-42435\" alt=\"Iglesia romanica de San Blas, Villaciervitos, Soria\" srcset=\"https:\/\/www.elturistatranquil.com\/wp-content\/uploads\/F39n-Iglesia-romanica-de-San-Blas-Villaciervitos-Soria.jpg 380w, https:\/\/www.elturistatranquil.com\/wp-content\/uploads\/F39n-Iglesia-romanica-de-San-Blas-Villaciervitos-Soria-226x226.jpg 226w\" sizes=\"(max-width: 380px) 100vw, 380px\" \/>\t\t\t\t\t\t\t\t\t\t\t\t\t\t\t<\/div>\n\t\t\t\t<\/div>\n\t\t\t\t\t<\/div>\n\t\t<\/div>\n\t\t\t\t\t<\/div>\n\t\t<\/section>\n\t\t\t\t<div class=\"elementor-element elementor-element-0c0def5 elementor-widget elementor-widget-text-editor\" data-id=\"0c0def5\" data-element_type=\"widget\" data-e-type=\"widget\" data-widget_type=\"text-editor.default\">\n\t\t\t\t<div class=\"elementor-widget-container\">\n\t\t\t\t\t\t\t\t\t<p>\u00a0<\/p><p>Nom\u00e9s s&#8217;han conservat originals les tres m\u00e8nsules de l&#8217;esquerra de la volada, amb un element vegetal, un cap d&#8217;animal i dues persones en una actitud amorosa.<\/p>\t\t\t\t\t\t\t\t<\/div>\n\t\t\t\t<\/div>\n\t\t\t\t<div class=\"elementor-element elementor-element-02f631d elementor-widget elementor-widget-image\" data-id=\"02f631d\" data-element_type=\"widget\" data-e-type=\"widget\" data-widget_type=\"image.default\">\n\t\t\t\t<div class=\"elementor-widget-container\">\n\t\t\t\t\t\t\t\t\t\t\t\t<figure class=\"wp-caption\">\n\t\t\t\t\t\t\t\t\t\t<img loading=\"lazy\" decoding=\"async\" width=\"768\" height=\"511\" src=\"https:\/\/www.elturistatranquil.com\/wp-content\/uploads\/F40-Iglesia-romanica-de-San-Blas-Villaciervitos-Soria.jpg\" class=\"attachment-large size-large wp-image-42440\" alt=\"Iglesia romanica de San Blas, Villaciervitos, Soria\" srcset=\"https:\/\/www.elturistatranquil.com\/wp-content\/uploads\/F40-Iglesia-romanica-de-San-Blas-Villaciervitos-Soria.jpg 768w, https:\/\/www.elturistatranquil.com\/wp-content\/uploads\/F40-Iglesia-romanica-de-San-Blas-Villaciervitos-Soria-339x226.jpg 339w\" sizes=\"(max-width: 768px) 100vw, 768px\" \/>\t\t\t\t\t\t\t\t\t\t\t<figcaption class=\"widget-image-caption wp-caption-text\"><\/figcaption>\n\t\t\t\t\t\t\t\t\t\t<\/figure>\n\t\t\t\t\t\t\t\t\t<\/div>\n\t\t\t\t<\/div>\n\t\t\t\t<div class=\"elementor-element elementor-element-4cc8f406 elementor-widget elementor-widget-text-editor\" data-id=\"4cc8f406\" data-element_type=\"widget\" data-e-type=\"widget\" data-widget_type=\"text-editor.default\">\n\t\t\t\t<div class=\"elementor-widget-container\">\n\t\t\t\t\t\t\t\t\t<p>A la coberta, a dues aig\u00fces, nom\u00e9s s&#8217;ha conservat la cornisa i les m\u00e8nsules de l&#8217;absis i del presbiteri. Les del cos del temple van desapar\u00e8ixer amb la darrera reforma.<\/p>\t\t\t\t\t\t\t\t<\/div>\n\t\t\t\t<\/div>\n\t\t\t\t<div class=\"elementor-element elementor-element-b184dc4 elementor-widget elementor-widget-image\" data-id=\"b184dc4\" data-element_type=\"widget\" data-e-type=\"widget\" data-widget_type=\"image.default\">\n\t\t\t\t<div class=\"elementor-widget-container\">\n\t\t\t\t\t\t\t\t\t\t\t\t<figure class=\"wp-caption\">\n\t\t\t\t\t\t\t\t\t\t<img loading=\"lazy\" decoding=\"async\" width=\"768\" height=\"511\" src=\"https:\/\/www.elturistatranquil.com\/wp-content\/uploads\/F41-Iglesia-romanica-de-San-Blas-Villaciervitos-Soria.jpg\" class=\"attachment-large size-large wp-image-42442\" alt=\"Iglesia romanica de San Blas, Villaciervitos, Soria\" srcset=\"https:\/\/www.elturistatranquil.com\/wp-content\/uploads\/F41-Iglesia-romanica-de-San-Blas-Villaciervitos-Soria.jpg 768w, https:\/\/www.elturistatranquil.com\/wp-content\/uploads\/F41-Iglesia-romanica-de-San-Blas-Villaciervitos-Soria-339x226.jpg 339w\" sizes=\"(max-width: 768px) 100vw, 768px\" \/>\t\t\t\t\t\t\t\t\t\t\t<figcaption class=\"widget-image-caption wp-caption-text\"><\/figcaption>\n\t\t\t\t\t\t\t\t\t\t<\/figure>\n\t\t\t\t\t\t\t\t\t<\/div>\n\t\t\t\t<\/div>\n\t\t\t\t<div class=\"elementor-element elementor-element-ed5c548 elementor-widget elementor-widget-text-editor\" data-id=\"ed5c548\" data-element_type=\"widget\" data-e-type=\"widget\" data-widget_type=\"text-editor.default\">\n\t\t\t\t<div class=\"elementor-widget-container\">\n\t\t\t\t\t\t\t\t\t<p>Amb posterioritat es va allargar el mur dels peus del temple per construir adossada una espadanya de dues obertures, amb campanes. He de recon\u00e8ixer que \u00e9s la primera vegada que veig una espadanya constru\u00efda en aquesta posici\u00f3 respecte al temple.<\/p>\t\t\t\t\t\t\t\t<\/div>\n\t\t\t\t<\/div>\n\t\t\t\t<div class=\"elementor-element elementor-element-ada6dec elementor-widget elementor-widget-image\" data-id=\"ada6dec\" data-element_type=\"widget\" data-e-type=\"widget\" data-widget_type=\"image.default\">\n\t\t\t\t<div class=\"elementor-widget-container\">\n\t\t\t\t\t\t\t\t\t\t\t\t<figure class=\"wp-caption\">\n\t\t\t\t\t\t\t\t\t\t<img loading=\"lazy\" decoding=\"async\" width=\"768\" height=\"511\" src=\"https:\/\/www.elturistatranquil.com\/wp-content\/uploads\/F42-Iglesia-romanica-de-San-Blas-Villaciervitos-Soria.jpg\" class=\"attachment-large size-large wp-image-42444\" alt=\"Iglesia romanica de San Blas, Villaciervitos, Soria\" srcset=\"https:\/\/www.elturistatranquil.com\/wp-content\/uploads\/F42-Iglesia-romanica-de-San-Blas-Villaciervitos-Soria.jpg 768w, https:\/\/www.elturistatranquil.com\/wp-content\/uploads\/F42-Iglesia-romanica-de-San-Blas-Villaciervitos-Soria-339x226.jpg 339w\" sizes=\"(max-width: 768px) 100vw, 768px\" \/>\t\t\t\t\t\t\t\t\t\t\t<figcaption class=\"widget-image-caption wp-caption-text\"><\/figcaption>\n\t\t\t\t\t\t\t\t\t\t<\/figure>\n\t\t\t\t\t\t\t\t\t<\/div>\n\t\t\t\t<\/div>\n\t\t\t\t<div class=\"elementor-element elementor-element-fc26adb elementor-widget elementor-widget-image\" data-id=\"fc26adb\" data-element_type=\"widget\" data-e-type=\"widget\" data-widget_type=\"image.default\">\n\t\t\t\t<div class=\"elementor-widget-container\">\n\t\t\t\t\t\t\t\t\t\t\t\t<figure class=\"wp-caption\">\n\t\t\t\t\t\t\t\t\t\t<img loading=\"lazy\" decoding=\"async\" width=\"768\" height=\"511\" src=\"https:\/\/www.elturistatranquil.com\/wp-content\/uploads\/F43-Iglesia-romanica-de-San-Blas-Villaciervitos-Soria.jpg\" class=\"attachment-large size-large wp-image-42446\" alt=\"Iglesia romanica de San Blas, Villaciervitos, Soria\" srcset=\"https:\/\/www.elturistatranquil.com\/wp-content\/uploads\/F43-Iglesia-romanica-de-San-Blas-Villaciervitos-Soria.jpg 768w, https:\/\/www.elturistatranquil.com\/wp-content\/uploads\/F43-Iglesia-romanica-de-San-Blas-Villaciervitos-Soria-339x226.jpg 339w\" sizes=\"(max-width: 768px) 100vw, 768px\" \/>\t\t\t\t\t\t\t\t\t\t\t<figcaption class=\"widget-image-caption wp-caption-text\"><\/figcaption>\n\t\t\t\t\t\t\t\t\t\t<\/figure>\n\t\t\t\t\t\t\t\t\t<\/div>\n\t\t\t\t<\/div>\n\t\t\t\t<div class=\"elementor-element elementor-element-59a1950 elementor-widget elementor-widget-menu-anchor\" data-id=\"59a1950\" data-element_type=\"widget\" data-e-type=\"widget\" data-widget_type=\"menu-anchor.default\">\n\t\t\t\t<div class=\"elementor-widget-container\">\n\t\t\t\t\t\t\t<div class=\"elementor-menu-anchor\" id=\"c7606\"><\/div>\n\t\t\t\t\t\t<\/div>\n\t\t\t\t<\/div>\n\t\t\t\t<div class=\"elementor-element elementor-element-6396bac elementor-widget elementor-widget-text-editor\" data-id=\"6396bac\" data-element_type=\"widget\" data-e-type=\"widget\" data-widget_type=\"text-editor.default\">\n\t\t\t\t<div class=\"elementor-widget-container\">\n\t\t\t\t\t\t\t\t\t<p>A les ressenyes sobre l&#8217;esgl\u00e9sia es destaca l&#8217;inter\u00e8s de la pica baptismal.<\/p>\t\t\t\t\t\t\t\t<\/div>\n\t\t\t\t<\/div>\n\t\t\t\t<div class=\"elementor-element elementor-element-1821bc2 elementor-widget elementor-widget-heading\" data-id=\"1821bc2\" data-element_type=\"widget\" data-e-type=\"widget\" data-widget_type=\"heading.default\">\n\t\t\t\t<div class=\"elementor-widget-container\">\n\t\t\t\t\t<h2 class=\"elementor-heading-title elementor-size-default\">Villaciervos<\/h2>\t\t\t\t<\/div>\n\t\t\t\t<\/div>\n\t\t\t\t<div class=\"elementor-element elementor-element-8231bd2 elementor-widget elementor-widget-text-editor\" data-id=\"8231bd2\" data-element_type=\"widget\" data-e-type=\"widget\" data-widget_type=\"text-editor.default\">\n\t\t\t\t<div class=\"elementor-widget-container\">\n\t\t\t\t\t\t\t\t\t<p>A 1,5 quil\u00f2metres de Villaciervitos, en direcci\u00f3 nord-est, es localitza <strong>Villaciervos<\/strong>, la capital del municipi. Em sembla interessant rec\u00f3rrer aquesta localitat per comparar-la amb Villaciervitos.<\/p><p>Recorro novament a Pascual Madoz per situar-me en les seves caracter\u00edstiques, i podr\u00e9 observar que, igual que a Villaciervitos, no han canviat tant aquestes en gaireb\u00e9 dos segles.<\/p><p><em>\u201c<strong>Villaciervos de Abajo<\/strong>: Lugar con ayuntamiento. que lo forma con Villaciervitos en la provincia y partido judicial de Soria (3 leguas), audiencia territorial y capitan\u00eda general de Burgos (20), di\u00f3cesis de Osma: Situaci\u00f3n. En llano al pie de la sierra del Pico en la carretera del Burgo a Soria goza de buena ventilaci\u00f3n y clima sano: tiene 130 casas; la consistorial; escuela de instrucci\u00f3n primaria cargo de un maestro dotado con 40 fanegas de trigo; una iglesia parroquial de entrada (San Blas (<\/em>sic<em>)) servida por un cura y un sacrist\u00e1n: confina el t\u00e9rmino con los de Fuentetoba, Villaciervos de arriba, Carbonera y Ontalbilla; dentro de \u00e9l se encuentran varias fuentes de buenas aguas, una ermita y una cueva en la que se ven raras petrificaciones formando caprichosas figuras: el terreno que participa de quebrado y llano, es de inferior calidad. Caminos: los locales y la indicada carretera que pasa por la poblaci\u00f3n. Correo, se recibe y despacha en Soria. Producci\u00f3n: trigo com\u00fan, cebada, centeno, avena y buenas yerbas de pasto y siega con los que se mantiene ganado lanar y vacuno. Industria: la agricultura y recriaci\u00f3n de ganado. Comercio: esportaci\u00f3n del sobrante de frutos, ganado y lana, \u00e9 importacion de los art\u00edculos que faltan. Poblaci\u00f3n con Villaciervitos 122 vecinos, 490 almas. Capital imponible: en igual forma, 102,666 reales 13 mrs.\u201d<\/em><\/p><p>Recordem que la poblaci\u00f3 el 2021, era de 49 censats, i de 72 amb Villaciervitos.<\/p><p>Tampoc no hem vist a Villaciervos indicis de l&#8217;escola d&#8217;instrucci\u00f3 prim\u00e0ria.<\/p>\t\t\t\t\t\t\t\t<\/div>\n\t\t\t\t<\/div>\n\t\t\t\t<div class=\"elementor-element elementor-element-d5be234 elementor-widget elementor-widget-menu-anchor\" data-id=\"d5be234\" data-element_type=\"widget\" data-e-type=\"widget\" data-widget_type=\"menu-anchor.default\">\n\t\t\t\t<div class=\"elementor-widget-container\">\n\t\t\t\t\t\t\t<div class=\"elementor-menu-anchor\" id=\"c7607\"><\/div>\n\t\t\t\t\t\t<\/div>\n\t\t\t\t<\/div>\n\t\t\t\t<div class=\"elementor-element elementor-element-151babb elementor-widget elementor-widget-heading\" data-id=\"151babb\" data-element_type=\"widget\" data-e-type=\"widget\" data-widget_type=\"heading.default\">\n\t\t\t\t<div class=\"elementor-widget-container\">\n\t\t\t\t\t<h3 class=\"elementor-heading-title elementor-size-default\">La visita a Villaciervos<\/h3>\t\t\t\t<\/div>\n\t\t\t\t<\/div>\n\t\t\t\t<div class=\"elementor-element elementor-element-f7414d2 elementor-widget elementor-widget-image\" data-id=\"f7414d2\" data-element_type=\"widget\" data-e-type=\"widget\" data-widget_type=\"image.default\">\n\t\t\t\t<div class=\"elementor-widget-container\">\n\t\t\t\t\t\t\t\t\t\t\t\t<figure class=\"wp-caption\">\n\t\t\t\t\t\t\t\t\t\t<img loading=\"lazy\" decoding=\"async\" width=\"768\" height=\"512\" src=\"https:\/\/www.elturistatranquil.com\/wp-content\/uploads\/F44-Villaciervos-Soria-Google-earth-2022-07-24.jpg\" class=\"attachment-large size-large wp-image-42448\" alt=\"Villaciervos, Soria (Google earth 2022-07-24)\" srcset=\"https:\/\/www.elturistatranquil.com\/wp-content\/uploads\/F44-Villaciervos-Soria-Google-earth-2022-07-24.jpg 768w, https:\/\/www.elturistatranquil.com\/wp-content\/uploads\/F44-Villaciervos-Soria-Google-earth-2022-07-24-339x226.jpg 339w\" sizes=\"(max-width: 768px) 100vw, 768px\" \/>\t\t\t\t\t\t\t\t\t\t\t<figcaption class=\"widget-image-caption wp-caption-text\">Villaciervos (Google earth 2022-07-19)<\/figcaption>\n\t\t\t\t\t\t\t\t\t\t<\/figure>\n\t\t\t\t\t\t\t\t\t<\/div>\n\t\t\t\t<\/div>\n\t\t\t\t<div class=\"elementor-element elementor-element-68ededc elementor-widget elementor-widget-text-editor\" data-id=\"68ededc\" data-element_type=\"widget\" data-e-type=\"widget\" data-widget_type=\"text-editor.default\">\n\t\t\t\t<div class=\"elementor-widget-container\">\n\t\t\t\t\t\t\t\t\t<p>Una altra poblaci\u00f3 de S\u00f2ria sense pla\u00e7a ni centralitat urbana, com hem vist a Villaciervitos o a <a href=\"https:\/\/www.elturistatranquil.com\/ca\/aldealpozo-soria\/\" target=\"_blank\" rel=\"noopener\">Aldealpozo<\/a>, al costat est de S\u00f2ria, tamb\u00e9 sobre una carretera nacional.<\/p><p>Com a morfologia urbana podr\u00edem repetir gaireb\u00e9 exactament el que s&#8217;hi va dir a Aldealpozo.<\/p><p>El caseriu disposat dins d&#8217;un rectangle d&#8217;uns 475&#215;100 metres, sobre la carretera N-122 de S\u00f2ria a Valladolid, passant pel Burgo d&#8217;Osma, orientada d&#8217;est a oest.<\/p><p>Els habitatges i edificacions a\u00efllades, o formant escassos conjunts entre mitgeres, d\u2019un o dos nivells.<\/p><p>Tant l&#8217;Ajuntament com especialment l&#8217;antiga esgl\u00e9sia parroquial, en disposici\u00f3 perif\u00e8rica respecte al nucli central.<\/p><p>\u00c9s f\u00e0cil aparcar al costat sud de la N-122, al costat de la <strong>font amb abeurador<\/strong> (<strong>1<\/strong>). Un gran aparcament per a camions: l&#8217;Hostal el Ciervo ha de ser un bon lloc per a camioners.<\/p>\t\t\t\t\t\t\t\t<\/div>\n\t\t\t\t<\/div>\n\t\t\t\t<div class=\"elementor-element elementor-element-6607805 elementor-widget elementor-widget-image\" data-id=\"6607805\" data-element_type=\"widget\" data-e-type=\"widget\" data-widget_type=\"image.default\">\n\t\t\t\t<div class=\"elementor-widget-container\">\n\t\t\t\t\t\t\t\t\t\t\t\t<figure class=\"wp-caption\">\n\t\t\t\t\t\t\t\t\t\t<img loading=\"lazy\" decoding=\"async\" width=\"768\" height=\"511\" src=\"https:\/\/www.elturistatranquil.com\/wp-content\/uploads\/F45-Villaciervos-Soria.jpg\" class=\"attachment-large size-large wp-image-42450\" alt=\"Villaciervos, Soria\" srcset=\"https:\/\/www.elturistatranquil.com\/wp-content\/uploads\/F45-Villaciervos-Soria.jpg 768w, https:\/\/www.elturistatranquil.com\/wp-content\/uploads\/F45-Villaciervos-Soria-339x226.jpg 339w\" sizes=\"(max-width: 768px) 100vw, 768px\" \/>\t\t\t\t\t\t\t\t\t\t\t<figcaption class=\"widget-image-caption wp-caption-text\"><\/figcaption>\n\t\t\t\t\t\t\t\t\t\t<\/figure>\n\t\t\t\t\t\t\t\t\t<\/div>\n\t\t\t\t<\/div>\n\t\t\t\t<div class=\"elementor-element elementor-element-60b4438 elementor-widget elementor-widget-heading\" data-id=\"60b4438\" data-element_type=\"widget\" data-e-type=\"widget\" data-widget_type=\"heading.default\">\n\t\t\t\t<div class=\"elementor-widget-container\">\n\t\t\t\t\t<h4 class=\"elementor-heading-title elementor-size-default\">Torre del rellotge<\/h4>\t\t\t\t<\/div>\n\t\t\t\t<\/div>\n\t\t\t\t<div class=\"elementor-element elementor-element-9e123ad elementor-widget elementor-widget-text-editor\" data-id=\"9e123ad\" data-element_type=\"widget\" data-e-type=\"widget\" data-widget_type=\"text-editor.default\">\n\t\t\t\t<div class=\"elementor-widget-container\">\n\t\t\t\t\t\t\t\t\t<p>A l&#8217;altra banda de la carretera s&#8217;al\u00e7a la <strong>torre del rellotge<\/strong> (<strong>2<\/strong>), per darrere, l&#8217;edifici de l&#8217;actual esgl\u00e9sia de la parr\u00f2quia de San Juan Bautista, ara s\u00ed al centre.<\/p><p>La necessitat de refer\u00e8ncia d&#8217;un punt de centralitat a la localitat va fer que en una sessi\u00f3 extraordin\u00e0ria de l&#8217;ajuntament el 1893 s&#8217;aprov\u00e9s la construcci\u00f3 de la torre del rellotge, una de les seves funcions seria \u201cajudar a orientar els ve\u00efns\u201d. El projecte va ser realitzat el 1884.<\/p>\t\t\t\t\t\t\t\t<\/div>\n\t\t\t\t<\/div>\n\t\t\t\t<div class=\"elementor-element elementor-element-796c6a7 elementor-widget elementor-widget-image\" data-id=\"796c6a7\" data-element_type=\"widget\" data-e-type=\"widget\" data-widget_type=\"image.default\">\n\t\t\t\t<div class=\"elementor-widget-container\">\n\t\t\t\t\t\t\t\t\t\t\t\t<figure class=\"wp-caption\">\n\t\t\t\t\t\t\t\t\t\t<img loading=\"lazy\" decoding=\"async\" width=\"768\" height=\"511\" src=\"https:\/\/www.elturistatranquil.com\/wp-content\/uploads\/F46-Villaciervos-Soria.jpg\" class=\"attachment-large size-large wp-image-42452\" alt=\"Villaciervos, Soria\" srcset=\"https:\/\/www.elturistatranquil.com\/wp-content\/uploads\/F46-Villaciervos-Soria.jpg 768w, https:\/\/www.elturistatranquil.com\/wp-content\/uploads\/F46-Villaciervos-Soria-339x226.jpg 339w\" sizes=\"(max-width: 768px) 100vw, 768px\" \/>\t\t\t\t\t\t\t\t\t\t\t<figcaption class=\"widget-image-caption wp-caption-text\"><\/figcaption>\n\t\t\t\t\t\t\t\t\t\t<\/figure>\n\t\t\t\t\t\t\t\t\t<\/div>\n\t\t\t\t<\/div>\n\t\t\t\t<div class=\"elementor-element elementor-element-b84a029 elementor-widget elementor-widget-image\" data-id=\"b84a029\" data-element_type=\"widget\" data-e-type=\"widget\" data-widget_type=\"image.default\">\n\t\t\t\t<div class=\"elementor-widget-container\">\n\t\t\t\t\t\t\t\t\t\t\t\t<figure class=\"wp-caption\">\n\t\t\t\t\t\t\t\t\t\t<img loading=\"lazy\" decoding=\"async\" width=\"768\" height=\"512\" src=\"https:\/\/www.elturistatranquil.com\/wp-content\/uploads\/F47-Villaciervos-Soria.jpg\" class=\"attachment-large size-large wp-image-42454\" alt=\"Villaciervos, Soria\" srcset=\"https:\/\/www.elturistatranquil.com\/wp-content\/uploads\/F47-Villaciervos-Soria.jpg 768w, https:\/\/www.elturistatranquil.com\/wp-content\/uploads\/F47-Villaciervos-Soria-339x226.jpg 339w\" sizes=\"(max-width: 768px) 100vw, 768px\" \/>\t\t\t\t\t\t\t\t\t\t\t<figcaption class=\"widget-image-caption wp-caption-text\"><\/figcaption>\n\t\t\t\t\t\t\t\t\t\t<\/figure>\n\t\t\t\t\t\t\t\t\t<\/div>\n\t\t\t\t<\/div>\n\t\t\t\t<div class=\"elementor-element elementor-element-42dd342 elementor-widget elementor-widget-text-editor\" data-id=\"42dd342\" data-element_type=\"widget\" data-e-type=\"widget\" data-widget_type=\"text-editor.default\">\n\t\t\t\t<div class=\"elementor-widget-container\">\n\t\t\t\t\t\t\t\t\t<p>De l&#8217;any de construcci\u00f3 queda const\u00e0ncia al forjat del campanile: 1884.<\/p>\t\t\t\t\t\t\t\t<\/div>\n\t\t\t\t<\/div>\n\t\t\t\t<div class=\"elementor-element elementor-element-7f3edf3 elementor-widget elementor-widget-image\" data-id=\"7f3edf3\" data-element_type=\"widget\" data-e-type=\"widget\" data-widget_type=\"image.default\">\n\t\t\t\t<div class=\"elementor-widget-container\">\n\t\t\t\t\t\t\t\t\t\t\t\t<figure class=\"wp-caption\">\n\t\t\t\t\t\t\t\t\t\t<img loading=\"lazy\" decoding=\"async\" width=\"768\" height=\"511\" src=\"https:\/\/www.elturistatranquil.com\/wp-content\/uploads\/F48-Villaciervos-Soria.jpg\" class=\"attachment-large size-large wp-image-42456\" alt=\"Villaciervos, Soria\" srcset=\"https:\/\/www.elturistatranquil.com\/wp-content\/uploads\/F48-Villaciervos-Soria.jpg 768w, https:\/\/www.elturistatranquil.com\/wp-content\/uploads\/F48-Villaciervos-Soria-339x226.jpg 339w\" sizes=\"(max-width: 768px) 100vw, 768px\" \/>\t\t\t\t\t\t\t\t\t\t\t<figcaption class=\"widget-image-caption wp-caption-text\"><\/figcaption>\n\t\t\t\t\t\t\t\t\t\t<\/figure>\n\t\t\t\t\t\t\t\t\t<\/div>\n\t\t\t\t<\/div>\n\t\t\t\t<div class=\"elementor-element elementor-element-16feeae elementor-widget elementor-widget-heading\" data-id=\"16feeae\" data-element_type=\"widget\" data-e-type=\"widget\" data-widget_type=\"heading.default\">\n\t\t\t\t<div class=\"elementor-widget-container\">\n\t\t\t\t\t<h4 class=\"elementor-heading-title elementor-size-default\">L'edificaci\u00f3 pinariega<\/h4>\t\t\t\t<\/div>\n\t\t\t\t<\/div>\n\t\t\t\t<div class=\"elementor-element elementor-element-cf5b25a elementor-widget elementor-widget-text-editor\" data-id=\"cf5b25a\" data-element_type=\"widget\" data-e-type=\"widget\" data-widget_type=\"text-editor.default\">\n\t\t\t\t<div class=\"elementor-widget-container\">\n\t\t\t\t\t\t\t\t\t<p>Es conserven prou cases tradicionals pinariegas per passejar per la localitat admirant les formes d&#8217;aquestes construccions.<\/p><p>Les edificacions, seguint el model popular de casa pinariega, mostren la seva caracter\u00edstica xemeneia troncoc\u00f2nica, cercant l&#8217;orientaci\u00f3 al migdia, per aprofitar el sol en aquestes terres fredes a m\u00e9s de mil metres d&#8217;al\u00e7ada. Fins i tot rebutjant obrir-se a la carretera, donant-li l&#8217;esquena, on estan situades al costat sud de la cal\u00e7ada.<\/p><p>Murs de ma\u00e7oneria de pedra vista, amb cobertes a dues aig\u00fces formant grans faldons. Les cases a\u00efllades tendeixen a tenir l&#8217;entrada a la testera, en molts casos tester truncat.<\/p><p>\u00c9s f\u00e0cil fer aquests pocs metres per anar descobrint aquestes joies d&#8217;arquitectura popular que encara es conserven.<\/p><p>La seg\u00fcent seq\u00fc\u00e8ncia de fotografies ens ho mostrar\u00e0.<\/p>\t\t\t\t\t\t\t\t<\/div>\n\t\t\t\t<\/div>\n\t\t\t\t<div class=\"elementor-element elementor-element-7c0373f elementor-widget elementor-widget-image\" data-id=\"7c0373f\" data-element_type=\"widget\" data-e-type=\"widget\" data-widget_type=\"image.default\">\n\t\t\t\t<div class=\"elementor-widget-container\">\n\t\t\t\t\t\t\t\t\t\t\t\t<figure class=\"wp-caption\">\n\t\t\t\t\t\t\t\t\t\t<img loading=\"lazy\" decoding=\"async\" width=\"768\" height=\"511\" src=\"https:\/\/www.elturistatranquil.com\/wp-content\/uploads\/F49-Villaciervos-Soria.jpg\" class=\"attachment-large size-large wp-image-42458\" alt=\"Villaciervos, Soria\" srcset=\"https:\/\/www.elturistatranquil.com\/wp-content\/uploads\/F49-Villaciervos-Soria.jpg 768w, https:\/\/www.elturistatranquil.com\/wp-content\/uploads\/F49-Villaciervos-Soria-339x226.jpg 339w\" sizes=\"(max-width: 768px) 100vw, 768px\" \/>\t\t\t\t\t\t\t\t\t\t\t<figcaption class=\"widget-image-caption wp-caption-text\"><\/figcaption>\n\t\t\t\t\t\t\t\t\t\t<\/figure>\n\t\t\t\t\t\t\t\t\t<\/div>\n\t\t\t\t<\/div>\n\t\t\t\t<div class=\"elementor-element elementor-element-2b0625a elementor-widget elementor-widget-image\" data-id=\"2b0625a\" data-element_type=\"widget\" data-e-type=\"widget\" data-widget_type=\"image.default\">\n\t\t\t\t<div class=\"elementor-widget-container\">\n\t\t\t\t\t\t\t\t\t\t\t\t<figure class=\"wp-caption\">\n\t\t\t\t\t\t\t\t\t\t<img loading=\"lazy\" decoding=\"async\" width=\"768\" height=\"511\" src=\"https:\/\/www.elturistatranquil.com\/wp-content\/uploads\/F50-Villaciervos-Soria.jpg\" class=\"attachment-large size-large wp-image-42460\" alt=\"Villaciervos, Soria\" srcset=\"https:\/\/www.elturistatranquil.com\/wp-content\/uploads\/F50-Villaciervos-Soria.jpg 768w, https:\/\/www.elturistatranquil.com\/wp-content\/uploads\/F50-Villaciervos-Soria-339x226.jpg 339w\" sizes=\"(max-width: 768px) 100vw, 768px\" \/>\t\t\t\t\t\t\t\t\t\t\t<figcaption class=\"widget-image-caption wp-caption-text\"><\/figcaption>\n\t\t\t\t\t\t\t\t\t\t<\/figure>\n\t\t\t\t\t\t\t\t\t<\/div>\n\t\t\t\t<\/div>\n\t\t\t\t<div class=\"elementor-element elementor-element-5b8d5c9 elementor-widget elementor-widget-image\" data-id=\"5b8d5c9\" data-element_type=\"widget\" data-e-type=\"widget\" data-widget_type=\"image.default\">\n\t\t\t\t<div class=\"elementor-widget-container\">\n\t\t\t\t\t\t\t\t\t\t\t\t<figure class=\"wp-caption\">\n\t\t\t\t\t\t\t\t\t\t<img loading=\"lazy\" decoding=\"async\" width=\"768\" height=\"512\" src=\"https:\/\/www.elturistatranquil.com\/wp-content\/uploads\/F51-Villaciervos-Soria.jpg\" class=\"attachment-large size-large wp-image-42462\" alt=\"Villaciervos, Soria\" srcset=\"https:\/\/www.elturistatranquil.com\/wp-content\/uploads\/F51-Villaciervos-Soria.jpg 768w, https:\/\/www.elturistatranquil.com\/wp-content\/uploads\/F51-Villaciervos-Soria-339x226.jpg 339w\" sizes=\"(max-width: 768px) 100vw, 768px\" \/>\t\t\t\t\t\t\t\t\t\t\t<figcaption class=\"widget-image-caption wp-caption-text\"><\/figcaption>\n\t\t\t\t\t\t\t\t\t\t<\/figure>\n\t\t\t\t\t\t\t\t\t<\/div>\n\t\t\t\t<\/div>\n\t\t\t\t<div class=\"elementor-element elementor-element-9b83bb3 elementor-widget elementor-widget-image\" data-id=\"9b83bb3\" data-element_type=\"widget\" data-e-type=\"widget\" data-widget_type=\"image.default\">\n\t\t\t\t<div class=\"elementor-widget-container\">\n\t\t\t\t\t\t\t\t\t\t\t\t<figure class=\"wp-caption\">\n\t\t\t\t\t\t\t\t\t\t<img loading=\"lazy\" decoding=\"async\" width=\"768\" height=\"511\" src=\"https:\/\/www.elturistatranquil.com\/wp-content\/uploads\/F52-Villaciervos-Soria.jpg\" class=\"attachment-large size-large wp-image-42464\" alt=\"Villaciervos, Soria\" srcset=\"https:\/\/www.elturistatranquil.com\/wp-content\/uploads\/F52-Villaciervos-Soria.jpg 768w, https:\/\/www.elturistatranquil.com\/wp-content\/uploads\/F52-Villaciervos-Soria-339x226.jpg 339w\" sizes=\"(max-width: 768px) 100vw, 768px\" \/>\t\t\t\t\t\t\t\t\t\t\t<figcaption class=\"widget-image-caption wp-caption-text\"><\/figcaption>\n\t\t\t\t\t\t\t\t\t\t<\/figure>\n\t\t\t\t\t\t\t\t\t<\/div>\n\t\t\t\t<\/div>\n\t\t\t\t<div class=\"elementor-element elementor-element-d186e44 elementor-widget elementor-widget-image\" data-id=\"d186e44\" data-element_type=\"widget\" data-e-type=\"widget\" data-widget_type=\"image.default\">\n\t\t\t\t<div class=\"elementor-widget-container\">\n\t\t\t\t\t\t\t\t\t\t\t\t<figure class=\"wp-caption\">\n\t\t\t\t\t\t\t\t\t\t<img loading=\"lazy\" decoding=\"async\" width=\"768\" height=\"511\" src=\"https:\/\/www.elturistatranquil.com\/wp-content\/uploads\/F53-Villaciervos-Soria.jpg\" class=\"attachment-large size-large wp-image-42466\" alt=\"Villaciervos, Soria\" srcset=\"https:\/\/www.elturistatranquil.com\/wp-content\/uploads\/F53-Villaciervos-Soria.jpg 768w, https:\/\/www.elturistatranquil.com\/wp-content\/uploads\/F53-Villaciervos-Soria-339x226.jpg 339w\" sizes=\"(max-width: 768px) 100vw, 768px\" \/>\t\t\t\t\t\t\t\t\t\t\t<figcaption class=\"widget-image-caption wp-caption-text\"><\/figcaption>\n\t\t\t\t\t\t\t\t\t\t<\/figure>\n\t\t\t\t\t\t\t\t\t<\/div>\n\t\t\t\t<\/div>\n\t\t\t\t<div class=\"elementor-element elementor-element-10ebc74 elementor-widget elementor-widget-image\" data-id=\"10ebc74\" data-element_type=\"widget\" data-e-type=\"widget\" data-widget_type=\"image.default\">\n\t\t\t\t<div class=\"elementor-widget-container\">\n\t\t\t\t\t\t\t\t\t\t\t\t<figure class=\"wp-caption\">\n\t\t\t\t\t\t\t\t\t\t<img loading=\"lazy\" decoding=\"async\" width=\"768\" height=\"512\" src=\"https:\/\/www.elturistatranquil.com\/wp-content\/uploads\/F54-Villaciervos-Soria.jpg\" class=\"attachment-large size-large wp-image-42468\" alt=\"Villaciervos, Soria\" srcset=\"https:\/\/www.elturistatranquil.com\/wp-content\/uploads\/F54-Villaciervos-Soria.jpg 768w, https:\/\/www.elturistatranquil.com\/wp-content\/uploads\/F54-Villaciervos-Soria-339x226.jpg 339w\" sizes=\"(max-width: 768px) 100vw, 768px\" \/>\t\t\t\t\t\t\t\t\t\t\t<figcaption class=\"widget-image-caption wp-caption-text\"><\/figcaption>\n\t\t\t\t\t\t\t\t\t\t<\/figure>\n\t\t\t\t\t\t\t\t\t<\/div>\n\t\t\t\t<\/div>\n\t\t\t\t<div class=\"elementor-element elementor-element-6ef4f07 elementor-widget elementor-widget-image\" data-id=\"6ef4f07\" data-element_type=\"widget\" data-e-type=\"widget\" data-widget_type=\"image.default\">\n\t\t\t\t<div class=\"elementor-widget-container\">\n\t\t\t\t\t\t\t\t\t\t\t\t<figure class=\"wp-caption\">\n\t\t\t\t\t\t\t\t\t\t<img loading=\"lazy\" decoding=\"async\" width=\"768\" height=\"512\" src=\"https:\/\/www.elturistatranquil.com\/wp-content\/uploads\/F55-Villaciervos-Soria.jpg\" class=\"attachment-large size-large wp-image-42470\" alt=\"Villaciervos, Soria\" srcset=\"https:\/\/www.elturistatranquil.com\/wp-content\/uploads\/F55-Villaciervos-Soria.jpg 768w, https:\/\/www.elturistatranquil.com\/wp-content\/uploads\/F55-Villaciervos-Soria-339x226.jpg 339w\" sizes=\"(max-width: 768px) 100vw, 768px\" \/>\t\t\t\t\t\t\t\t\t\t\t<figcaption class=\"widget-image-caption wp-caption-text\"><\/figcaption>\n\t\t\t\t\t\t\t\t\t\t<\/figure>\n\t\t\t\t\t\t\t\t\t<\/div>\n\t\t\t\t<\/div>\n\t\t\t\t<div class=\"elementor-element elementor-element-d2fdc1c elementor-widget elementor-widget-text-editor\" data-id=\"d2fdc1c\" data-element_type=\"widget\" data-e-type=\"widget\" data-widget_type=\"text-editor.default\">\n\t\t\t\t<div class=\"elementor-widget-container\">\n\t\t\t\t\t\t\t\t\t<p>Tamb\u00e9 s\u00f3n visibles corrals en el context urb\u00e0.<\/p>\t\t\t\t\t\t\t\t<\/div>\n\t\t\t\t<\/div>\n\t\t\t\t<div class=\"elementor-element elementor-element-9326c76 elementor-widget elementor-widget-image\" data-id=\"9326c76\" data-element_type=\"widget\" data-e-type=\"widget\" data-widget_type=\"image.default\">\n\t\t\t\t<div class=\"elementor-widget-container\">\n\t\t\t\t\t\t\t\t\t\t\t\t<figure class=\"wp-caption\">\n\t\t\t\t\t\t\t\t\t\t<img loading=\"lazy\" decoding=\"async\" width=\"768\" height=\"511\" src=\"https:\/\/www.elturistatranquil.com\/wp-content\/uploads\/F56-Villaciervos-Soria.jpg\" class=\"attachment-large size-large wp-image-42472\" alt=\"Villaciervos, Soria\" srcset=\"https:\/\/www.elturistatranquil.com\/wp-content\/uploads\/F56-Villaciervos-Soria.jpg 768w, https:\/\/www.elturistatranquil.com\/wp-content\/uploads\/F56-Villaciervos-Soria-339x226.jpg 339w\" sizes=\"(max-width: 768px) 100vw, 768px\" \/>\t\t\t\t\t\t\t\t\t\t\t<figcaption class=\"widget-image-caption wp-caption-text\"><\/figcaption>\n\t\t\t\t\t\t\t\t\t\t<\/figure>\n\t\t\t\t\t\t\t\t\t<\/div>\n\t\t\t\t<\/div>\n\t\t\t\t<div class=\"elementor-element elementor-element-2fd7650 elementor-widget elementor-widget-image\" data-id=\"2fd7650\" data-element_type=\"widget\" data-e-type=\"widget\" data-widget_type=\"image.default\">\n\t\t\t\t<div class=\"elementor-widget-container\">\n\t\t\t\t\t\t\t\t\t\t\t\t<figure class=\"wp-caption\">\n\t\t\t\t\t\t\t\t\t\t<img loading=\"lazy\" decoding=\"async\" width=\"768\" height=\"512\" src=\"https:\/\/www.elturistatranquil.com\/wp-content\/uploads\/F57-Villaciervos-Soria.jpg\" class=\"attachment-large size-large wp-image-42474\" alt=\"Villaciervos, Soria\" srcset=\"https:\/\/www.elturistatranquil.com\/wp-content\/uploads\/F57-Villaciervos-Soria.jpg 768w, https:\/\/www.elturistatranquil.com\/wp-content\/uploads\/F57-Villaciervos-Soria-339x226.jpg 339w\" sizes=\"(max-width: 768px) 100vw, 768px\" \/>\t\t\t\t\t\t\t\t\t\t\t<figcaption class=\"widget-image-caption wp-caption-text\"><\/figcaption>\n\t\t\t\t\t\t\t\t\t\t<\/figure>\n\t\t\t\t\t\t\t\t\t<\/div>\n\t\t\t\t<\/div>\n\t\t\t\t<div class=\"elementor-element elementor-element-97c7bb2 elementor-widget elementor-widget-image\" data-id=\"97c7bb2\" data-element_type=\"widget\" data-e-type=\"widget\" data-widget_type=\"image.default\">\n\t\t\t\t<div class=\"elementor-widget-container\">\n\t\t\t\t\t\t\t\t\t\t\t\t<figure class=\"wp-caption\">\n\t\t\t\t\t\t\t\t\t\t<img loading=\"lazy\" decoding=\"async\" width=\"768\" height=\"512\" src=\"https:\/\/www.elturistatranquil.com\/wp-content\/uploads\/F58-Villaciervos-Soria.jpg\" class=\"attachment-large size-large wp-image-42476\" alt=\"Villaciervos, Soria\" srcset=\"https:\/\/www.elturistatranquil.com\/wp-content\/uploads\/F58-Villaciervos-Soria.jpg 768w, https:\/\/www.elturistatranquil.com\/wp-content\/uploads\/F58-Villaciervos-Soria-339x226.jpg 339w\" sizes=\"(max-width: 768px) 100vw, 768px\" \/>\t\t\t\t\t\t\t\t\t\t\t<figcaption class=\"widget-image-caption wp-caption-text\"><\/figcaption>\n\t\t\t\t\t\t\t\t\t\t<\/figure>\n\t\t\t\t\t\t\t\t\t<\/div>\n\t\t\t\t<\/div>\n\t\t\t\t<div class=\"elementor-element elementor-element-9e417c2 elementor-widget elementor-widget-image\" data-id=\"9e417c2\" data-element_type=\"widget\" data-e-type=\"widget\" data-widget_type=\"image.default\">\n\t\t\t\t<div class=\"elementor-widget-container\">\n\t\t\t\t\t\t\t\t\t\t\t\t<figure class=\"wp-caption\">\n\t\t\t\t\t\t\t\t\t\t<img loading=\"lazy\" decoding=\"async\" width=\"768\" height=\"511\" src=\"https:\/\/www.elturistatranquil.com\/wp-content\/uploads\/F59-Villaciervos-Soria.jpg\" class=\"attachment-large size-large wp-image-42478\" alt=\"Villaciervos, Soria\" srcset=\"https:\/\/www.elturistatranquil.com\/wp-content\/uploads\/F59-Villaciervos-Soria.jpg 768w, https:\/\/www.elturistatranquil.com\/wp-content\/uploads\/F59-Villaciervos-Soria-339x226.jpg 339w\" sizes=\"(max-width: 768px) 100vw, 768px\" \/>\t\t\t\t\t\t\t\t\t\t\t<figcaption class=\"widget-image-caption wp-caption-text\"><\/figcaption>\n\t\t\t\t\t\t\t\t\t\t<\/figure>\n\t\t\t\t\t\t\t\t\t<\/div>\n\t\t\t\t<\/div>\n\t\t\t\t<div class=\"elementor-element elementor-element-f403c6b elementor-widget elementor-widget-heading\" data-id=\"f403c6b\" data-element_type=\"widget\" data-e-type=\"widget\" data-widget_type=\"heading.default\">\n\t\t\t\t<div class=\"elementor-widget-container\">\n\t\t\t\t\t<h4 class=\"elementor-heading-title elementor-size-default\">Casa consistorial<\/h4>\t\t\t\t<\/div>\n\t\t\t\t<\/div>\n\t\t\t\t<div class=\"elementor-element elementor-element-1903ac4 elementor-widget elementor-widget-text-editor\" data-id=\"1903ac4\" data-element_type=\"widget\" data-e-type=\"widget\" data-widget_type=\"text-editor.default\">\n\t\t\t\t<div class=\"elementor-widget-container\">\n\t\t\t\t\t\t\t\t\t<p>Un edifici neo-tradicional acull la <strong>casa consistorial<\/strong> (<strong>3<\/strong>). Es nota la voluntat de voler entroncar amb l&#8217;arquitectura tradicional de la zona, per\u00f2 el resultat, segons el meu parer humil, no aconsegueix assolir el valor est\u00e8tic dels models que acabem de veure, comen\u00e7ant pel tractament dels materials constructius. Tot i aix\u00f2, val la pena tenir en compte la intenci\u00f3. Cosa que no passar\u00e0 a la nova esgl\u00e9sia, com veurem.<\/p>\t\t\t\t\t\t\t\t<\/div>\n\t\t\t\t<\/div>\n\t\t\t\t<div class=\"elementor-element elementor-element-e4e6f6b elementor-widget elementor-widget-menu-anchor\" data-id=\"e4e6f6b\" data-element_type=\"widget\" data-e-type=\"widget\" data-widget_type=\"menu-anchor.default\">\n\t\t\t\t<div class=\"elementor-widget-container\">\n\t\t\t\t\t\t\t<div class=\"elementor-menu-anchor\" id=\"c7608\"><\/div>\n\t\t\t\t\t\t<\/div>\n\t\t\t\t<\/div>\n\t\t\t\t<div class=\"elementor-element elementor-element-c821a0f elementor-widget elementor-widget-image\" data-id=\"c821a0f\" data-element_type=\"widget\" data-e-type=\"widget\" data-widget_type=\"image.default\">\n\t\t\t\t<div class=\"elementor-widget-container\">\n\t\t\t\t\t\t\t\t\t\t\t\t<figure class=\"wp-caption\">\n\t\t\t\t\t\t\t\t\t\t<img loading=\"lazy\" decoding=\"async\" width=\"768\" height=\"512\" src=\"https:\/\/www.elturistatranquil.com\/wp-content\/uploads\/F60-Villaciervos-Soria.jpg\" class=\"attachment-large size-large wp-image-42480\" alt=\"Villaciervos, Soria\" srcset=\"https:\/\/www.elturistatranquil.com\/wp-content\/uploads\/F60-Villaciervos-Soria.jpg 768w, https:\/\/www.elturistatranquil.com\/wp-content\/uploads\/F60-Villaciervos-Soria-339x226.jpg 339w\" sizes=\"(max-width: 768px) 100vw, 768px\" \/>\t\t\t\t\t\t\t\t\t\t\t<figcaption class=\"widget-image-caption wp-caption-text\"><\/figcaption>\n\t\t\t\t\t\t\t\t\t\t<\/figure>\n\t\t\t\t\t\t\t\t\t<\/div>\n\t\t\t\t<\/div>\n\t\t\t\t<div class=\"elementor-element elementor-element-e0db081 elementor-widget elementor-widget-heading\" data-id=\"e0db081\" data-element_type=\"widget\" data-e-type=\"widget\" data-widget_type=\"heading.default\">\n\t\t\t\t<div class=\"elementor-widget-container\">\n\t\t\t\t\t<h3 class=\"elementor-heading-title elementor-size-default\">Antiga esgl\u00e9sia de San Juan Bautista<\/h3>\t\t\t\t<\/div>\n\t\t\t\t<\/div>\n\t\t\t\t<div class=\"elementor-element elementor-element-1f34601 elementor-widget elementor-widget-text-editor\" data-id=\"1f34601\" data-element_type=\"widget\" data-e-type=\"widget\" data-widget_type=\"text-editor.default\">\n\t\t\t\t<div class=\"elementor-widget-container\">\n\t\t\t\t\t\t\t\t\t<p>A uns 250 metres, allunyada cap al nord i a\u00efllada, es localitzava la <strong>antiga esgl\u00e9sia parroquial de San Juan Bautista<\/strong>, juntament amb el cementiri.<\/p>\t\t\t\t\t\t\t\t<\/div>\n\t\t\t\t<\/div>\n\t\t\t\t<div class=\"elementor-element elementor-element-4029bf2 elementor-widget elementor-widget-image\" data-id=\"4029bf2\" data-element_type=\"widget\" data-e-type=\"widget\" data-widget_type=\"image.default\">\n\t\t\t\t<div class=\"elementor-widget-container\">\n\t\t\t\t\t\t\t\t\t\t\t\t<figure class=\"wp-caption\">\n\t\t\t\t\t\t\t\t\t\t<img loading=\"lazy\" decoding=\"async\" width=\"768\" height=\"512\" src=\"https:\/\/www.elturistatranquil.com\/wp-content\/uploads\/F61-Antigua-Iglesia-de-San-Juan-Bautista-Villaciervos-SoriaGoogle-earth-2022-07-26.jpg\" class=\"attachment-large size-large wp-image-42482\" alt=\"Antigua Iglesia de San Juan Bautista, Villaciervos, Soria(Google earth 2022-07-26)\" srcset=\"https:\/\/www.elturistatranquil.com\/wp-content\/uploads\/F61-Antigua-Iglesia-de-San-Juan-Bautista-Villaciervos-SoriaGoogle-earth-2022-07-26.jpg 768w, https:\/\/www.elturistatranquil.com\/wp-content\/uploads\/F61-Antigua-Iglesia-de-San-Juan-Bautista-Villaciervos-SoriaGoogle-earth-2022-07-26-339x226.jpg 339w\" sizes=\"(max-width: 768px) 100vw, 768px\" \/>\t\t\t\t\t\t\t\t\t\t\t<figcaption class=\"widget-image-caption wp-caption-text\">(Google earth 2022-07-26)<\/figcaption>\n\t\t\t\t\t\t\t\t\t\t<\/figure>\n\t\t\t\t\t\t\t\t\t<\/div>\n\t\t\t\t<\/div>\n\t\t\t\t<div class=\"elementor-element elementor-element-bee4b1e elementor-widget elementor-widget-image\" data-id=\"bee4b1e\" data-element_type=\"widget\" data-e-type=\"widget\" data-widget_type=\"image.default\">\n\t\t\t\t<div class=\"elementor-widget-container\">\n\t\t\t\t\t\t\t\t\t\t\t\t<figure class=\"wp-caption\">\n\t\t\t\t\t\t\t\t\t\t<img loading=\"lazy\" decoding=\"async\" width=\"768\" height=\"512\" src=\"https:\/\/www.elturistatranquil.com\/wp-content\/uploads\/F62-Antigua-Iglesia-de-San-Juan-Bautista-Villaciervos-Soria.jpg\" class=\"attachment-large size-large wp-image-42484\" alt=\"Antigua Iglesia de San Juan Bautista, Villaciervos, Soria(Google earth 2022-07-26)\" srcset=\"https:\/\/www.elturistatranquil.com\/wp-content\/uploads\/F62-Antigua-Iglesia-de-San-Juan-Bautista-Villaciervos-Soria.jpg 768w, https:\/\/www.elturistatranquil.com\/wp-content\/uploads\/F62-Antigua-Iglesia-de-San-Juan-Bautista-Villaciervos-Soria-339x226.jpg 339w\" sizes=\"(max-width: 768px) 100vw, 768px\" \/>\t\t\t\t\t\t\t\t\t\t\t<figcaption class=\"widget-image-caption wp-caption-text\"><\/figcaption>\n\t\t\t\t\t\t\t\t\t\t<\/figure>\n\t\t\t\t\t\t\t\t\t<\/div>\n\t\t\t\t<\/div>\n\t\t\t\t<div class=\"elementor-element elementor-element-dbb99b0 elementor-widget elementor-widget-text-editor\" data-id=\"dbb99b0\" data-element_type=\"widget\" data-e-type=\"widget\" data-widget_type=\"text-editor.default\">\n\t\t\t\t<div class=\"elementor-widget-container\">\n\t\t\t\t\t\t\t\t\t<p>Tot i que l&#8217;origen de l&#8217;esgl\u00e9sia s&#8217;ha de remuntar al per\u00edode rom\u00e0nic, la f\u00e0brica de la nau principal correspon al segle XVI (1593). Al segle XVIII es va ampliar amb la cap\u00e7alera i dues capelles laterals, una a cada costat obertes a l&#8217;exterior a la part central, aix\u00ed com la sagristia.<\/p><p>L&#8217;edifici \u00e9s de ma\u00e7oneria amb el conseg\u00fcent refor\u00e7 de carreus cantoners.<\/p><p>Al costat de l&#8217;ep\u00edstola, un pati d&#8217;entrada, alineat amb la capella i el peu del temple, amb tres arcs de mig punt de rajola, dona pas a la portada.<\/p>\t\t\t\t\t\t\t\t<\/div>\n\t\t\t\t<\/div>\n\t\t\t\t<div class=\"elementor-element elementor-element-c26467a elementor-widget elementor-widget-image\" data-id=\"c26467a\" data-element_type=\"widget\" data-e-type=\"widget\" data-widget_type=\"image.default\">\n\t\t\t\t<div class=\"elementor-widget-container\">\n\t\t\t\t\t\t\t\t\t\t\t\t<figure class=\"wp-caption\">\n\t\t\t\t\t\t\t\t\t\t<img loading=\"lazy\" decoding=\"async\" width=\"768\" height=\"511\" src=\"https:\/\/www.elturistatranquil.com\/wp-content\/uploads\/F63-Antigua-Iglesia-de-San-Juan-Bautista-Villaciervos-Soria.jpg\" class=\"attachment-large size-large wp-image-42486\" alt=\"Antigua Iglesia de San Juan Bautista, Villaciervos, Soria(Google earth 2022-07-26)\" srcset=\"https:\/\/www.elturistatranquil.com\/wp-content\/uploads\/F63-Antigua-Iglesia-de-San-Juan-Bautista-Villaciervos-Soria.jpg 768w, https:\/\/www.elturistatranquil.com\/wp-content\/uploads\/F63-Antigua-Iglesia-de-San-Juan-Bautista-Villaciervos-Soria-339x226.jpg 339w\" sizes=\"(max-width: 768px) 100vw, 768px\" \/>\t\t\t\t\t\t\t\t\t\t\t<figcaption class=\"widget-image-caption wp-caption-text\"><\/figcaption>\n\t\t\t\t\t\t\t\t\t\t<\/figure>\n\t\t\t\t\t\t\t\t\t<\/div>\n\t\t\t\t<\/div>\n\t\t\t\t<div class=\"elementor-element elementor-element-affe661 elementor-widget elementor-widget-text-editor\" data-id=\"affe661\" data-element_type=\"widget\" data-e-type=\"widget\" data-widget_type=\"text-editor.default\">\n\t\t\t\t<div class=\"elementor-widget-container\">\n\t\t\t\t\t\t\t\t\t<p>La portada \u00e9s d&#8217;arc de mig punt motllurat i de gran dovellatge. Sobre la clau la inscripci\u00f3 <em>A\u00d1O 1593<\/em>.<\/p>\t\t\t\t\t\t\t\t<\/div>\n\t\t\t\t<\/div>\n\t\t\t\t<div class=\"elementor-element elementor-element-ca71fee elementor-widget elementor-widget-image\" data-id=\"ca71fee\" data-element_type=\"widget\" data-e-type=\"widget\" data-widget_type=\"image.default\">\n\t\t\t\t<div class=\"elementor-widget-container\">\n\t\t\t\t\t\t\t\t\t\t\t\t<figure class=\"wp-caption\">\n\t\t\t\t\t\t\t\t\t\t<img loading=\"lazy\" decoding=\"async\" width=\"768\" height=\"511\" src=\"https:\/\/www.elturistatranquil.com\/wp-content\/uploads\/F64-Antigua-Iglesia-de-San-Juan-Bautista-Villaciervos-Soria.jpg\" class=\"attachment-large size-large wp-image-42488\" alt=\"Antigua Iglesia de San Juan Bautista, Villaciervos, Soria\" srcset=\"https:\/\/www.elturistatranquil.com\/wp-content\/uploads\/F64-Antigua-Iglesia-de-San-Juan-Bautista-Villaciervos-Soria.jpg 768w, https:\/\/www.elturistatranquil.com\/wp-content\/uploads\/F64-Antigua-Iglesia-de-San-Juan-Bautista-Villaciervos-Soria-339x226.jpg 339w\" sizes=\"(max-width: 768px) 100vw, 768px\" \/>\t\t\t\t\t\t\t\t\t\t\t<figcaption class=\"widget-image-caption wp-caption-text\"><\/figcaption>\n\t\t\t\t\t\t\t\t\t\t<\/figure>\n\t\t\t\t\t\t\t\t\t<\/div>\n\t\t\t\t<\/div>\n\t\t\t\t<div class=\"elementor-element elementor-element-3daa0c8 elementor-widget elementor-widget-text-editor\" data-id=\"3daa0c8\" data-element_type=\"widget\" data-e-type=\"widget\" data-widget_type=\"text-editor.default\">\n\t\t\t\t<div class=\"elementor-widget-container\">\n\t\t\t\t\t\t\t\t\t<p>Als peus de l&#8217;esgl\u00e9sia s&#8217;al\u00e7a una espadanya de dues obertures amb campanes.<\/p><p>El mur mostra un \u00f2cul d&#8217;il\u00b7luminaci\u00f3, amb els cantons refor\u00e7ats amb contraforts.<\/p>\t\t\t\t\t\t\t\t<\/div>\n\t\t\t\t<\/div>\n\t\t\t\t<div class=\"elementor-element elementor-element-1df2bdc elementor-widget elementor-widget-image\" data-id=\"1df2bdc\" data-element_type=\"widget\" data-e-type=\"widget\" data-widget_type=\"image.default\">\n\t\t\t\t<div class=\"elementor-widget-container\">\n\t\t\t\t\t\t\t\t\t\t\t\t<figure class=\"wp-caption\">\n\t\t\t\t\t\t\t\t\t\t<img loading=\"lazy\" decoding=\"async\" width=\"366\" height=\"550\" src=\"https:\/\/www.elturistatranquil.com\/wp-content\/uploads\/F65-Antigua-Iglesia-de-San-Juan-Bautista-Villaciervos-Soria.jpg\" class=\"attachment-large size-large wp-image-42490\" alt=\"Antigua Iglesia de San Juan Bautista, Villaciervos, Soria\" srcset=\"https:\/\/www.elturistatranquil.com\/wp-content\/uploads\/F65-Antigua-Iglesia-de-San-Juan-Bautista-Villaciervos-Soria.jpg 366w, https:\/\/www.elturistatranquil.com\/wp-content\/uploads\/F65-Antigua-Iglesia-de-San-Juan-Bautista-Villaciervos-Soria-150x226.jpg 150w\" sizes=\"(max-width: 366px) 100vw, 366px\" \/>\t\t\t\t\t\t\t\t\t\t\t<figcaption class=\"widget-image-caption wp-caption-text\"><\/figcaption>\n\t\t\t\t\t\t\t\t\t\t<\/figure>\n\t\t\t\t\t\t\t\t\t<\/div>\n\t\t\t\t<\/div>\n\t\t\t\t<div class=\"elementor-element elementor-element-078dc3b elementor-widget elementor-widget-image\" data-id=\"078dc3b\" data-element_type=\"widget\" data-e-type=\"widget\" data-widget_type=\"image.default\">\n\t\t\t\t<div class=\"elementor-widget-container\">\n\t\t\t\t\t\t\t\t\t\t\t\t<figure class=\"wp-caption\">\n\t\t\t\t\t\t\t\t\t\t<img loading=\"lazy\" decoding=\"async\" width=\"768\" height=\"511\" src=\"https:\/\/www.elturistatranquil.com\/wp-content\/uploads\/F66-Antigua-Iglesia-de-San-Juan-Bautista-Villaciervos-Soria.jpg\" class=\"attachment-large size-large wp-image-42492\" alt=\"Antigua Iglesia de San Juan Bautista, Villaciervos, Soria\" srcset=\"https:\/\/www.elturistatranquil.com\/wp-content\/uploads\/F66-Antigua-Iglesia-de-San-Juan-Bautista-Villaciervos-Soria.jpg 768w, https:\/\/www.elturistatranquil.com\/wp-content\/uploads\/F66-Antigua-Iglesia-de-San-Juan-Bautista-Villaciervos-Soria-339x226.jpg 339w\" sizes=\"(max-width: 768px) 100vw, 768px\" \/>\t\t\t\t\t\t\t\t\t\t\t<figcaption class=\"widget-image-caption wp-caption-text\"><\/figcaption>\n\t\t\t\t\t\t\t\t\t\t<\/figure>\n\t\t\t\t\t\t\t\t\t<\/div>\n\t\t\t\t<\/div>\n\t\t\t\t<div class=\"elementor-element elementor-element-e34f0a1 elementor-widget elementor-widget-text-editor\" data-id=\"e34f0a1\" data-element_type=\"widget\" data-e-type=\"widget\" data-widget_type=\"text-editor.default\">\n\t\t\t\t<div class=\"elementor-widget-container\">\n\t\t\t\t\t\t\t\t\t<p>L\u00b4interior \u00e9s d\u00b4una nau i tres trams, separats per torals apuntats.<\/p><p>El temple es va tancar al culte religi\u00f3s el 1973 i el 2007 es va subscriure un contracte de cessi\u00f3 d&#8217;\u00fas de l&#8217;edifici a l&#8217;ajuntament, amb la rehabilitaci\u00f3 i la reconversi\u00f3 posterior en centre cultural. Segons una fotografia publicada a una <a href=\"http:\/\/comunicacion.jcyl.es\/web\/jcyl\/Comunicacion\/es\/Plantilla100Detalle\/1281372051501\/_\/1284243432068\/Comunicacion\" target=\"_blank\" rel=\"noopener\">Comunicaci\u00f3n de la Junta de Castilla y Le\u00f3n<\/a>,\u00a0el seg\u00fcent \u00e9s l&#8217;aspecte actual de l&#8217;interior del centre cultural.<\/p>\t\t\t\t\t\t\t\t<\/div>\n\t\t\t\t<\/div>\n\t\t\t\t<div class=\"elementor-element elementor-element-9ef660a elementor-widget elementor-widget-image\" data-id=\"9ef660a\" data-element_type=\"widget\" data-e-type=\"widget\" data-widget_type=\"image.default\">\n\t\t\t\t<div class=\"elementor-widget-container\">\n\t\t\t\t\t\t\t\t\t\t\t\t<figure class=\"wp-caption\">\n\t\t\t\t\t\t\t\t\t\t<img loading=\"lazy\" decoding=\"async\" width=\"768\" height=\"511\" src=\"https:\/\/www.elturistatranquil.com\/wp-content\/uploads\/F67-Antigua-Iglesia-de-San-Juan-Bautista-Villaciervos-Soria-Junta-de-Castilla-y-Leon.jpg\" class=\"attachment-large size-large wp-image-42494\" alt=\"Antigua Iglesia de San Juan Bautista, Villaciervos, Soria\" srcset=\"https:\/\/www.elturistatranquil.com\/wp-content\/uploads\/F67-Antigua-Iglesia-de-San-Juan-Bautista-Villaciervos-Soria-Junta-de-Castilla-y-Leon.jpg 768w, https:\/\/www.elturistatranquil.com\/wp-content\/uploads\/F67-Antigua-Iglesia-de-San-Juan-Bautista-Villaciervos-Soria-Junta-de-Castilla-y-Leon-339x226.jpg 339w\" sizes=\"(max-width: 768px) 100vw, 768px\" \/>\t\t\t\t\t\t\t\t\t\t\t<figcaption class=\"widget-image-caption wp-caption-text\"><\/figcaption>\n\t\t\t\t\t\t\t\t\t\t<\/figure>\n\t\t\t\t\t\t\t\t\t<\/div>\n\t\t\t\t<\/div>\n\t\t\t\t<div class=\"elementor-element elementor-element-dc8a210 elementor-widget elementor-widget-text-editor\" data-id=\"dc8a210\" data-element_type=\"widget\" data-e-type=\"widget\" data-widget_type=\"text-editor.default\">\n\t\t\t\t<div class=\"elementor-widget-container\">\n\t\t\t\t\t\t\t\t\t<p>Des de l&#8217;esgl\u00e9sia podem apreciar la llunyania del caseriu.<\/p>\t\t\t\t\t\t\t\t<\/div>\n\t\t\t\t<\/div>\n\t\t\t\t<div class=\"elementor-element elementor-element-2f1a199 elementor-widget elementor-widget-image\" data-id=\"2f1a199\" data-element_type=\"widget\" data-e-type=\"widget\" data-widget_type=\"image.default\">\n\t\t\t\t<div class=\"elementor-widget-container\">\n\t\t\t\t\t\t\t\t\t\t\t\t<figure class=\"wp-caption\">\n\t\t\t\t\t\t\t\t\t\t<img loading=\"lazy\" decoding=\"async\" width=\"768\" height=\"512\" src=\"https:\/\/www.elturistatranquil.com\/wp-content\/uploads\/F68-Villaciervos-Soria.jpg\" class=\"attachment-large size-large wp-image-42496\" alt=\"Villaciervos, Soria\" srcset=\"https:\/\/www.elturistatranquil.com\/wp-content\/uploads\/F68-Villaciervos-Soria.jpg 768w, https:\/\/www.elturistatranquil.com\/wp-content\/uploads\/F68-Villaciervos-Soria-339x226.jpg 339w\" sizes=\"(max-width: 768px) 100vw, 768px\" \/>\t\t\t\t\t\t\t\t\t\t\t<figcaption class=\"widget-image-caption wp-caption-text\"><\/figcaption>\n\t\t\t\t\t\t\t\t\t\t<\/figure>\n\t\t\t\t\t\t\t\t\t<\/div>\n\t\t\t\t<\/div>\n\t\t\t\t<div class=\"elementor-element elementor-element-c8b320e elementor-widget elementor-widget-heading\" data-id=\"c8b320e\" data-element_type=\"widget\" data-e-type=\"widget\" data-widget_type=\"heading.default\">\n\t\t\t\t<div class=\"elementor-widget-container\">\n\t\t\t\t\t<h4 class=\"elementor-heading-title elementor-size-default\">Parr\u00f2quia de San Juan Bautista actual<\/h4>\t\t\t\t<\/div>\n\t\t\t\t<\/div>\n\t\t\t\t<div class=\"elementor-element elementor-element-a8aa47e elementor-widget elementor-widget-text-editor\" data-id=\"a8aa47e\" data-element_type=\"widget\" data-e-type=\"widget\" data-widget_type=\"text-editor.default\">\n\t\t\t\t<div class=\"elementor-widget-container\">\n\t\t\t\t\t\t\t\t\t<p>A mitjan segle XX es va procedir a la construcci\u00f3 d&#8217;un nou <strong>temple parr\u00f2quia de San Juan Bautista<\/strong> (<strong>4<\/strong>), ara situat al centre urb\u00e0, darrere de la torre del rellotge.<\/p>\t\t\t\t\t\t\t\t<\/div>\n\t\t\t\t<\/div>\n\t\t\t\t<div class=\"elementor-element elementor-element-c885944 elementor-widget elementor-widget-image\" data-id=\"c885944\" data-element_type=\"widget\" data-e-type=\"widget\" data-widget_type=\"image.default\">\n\t\t\t\t<div class=\"elementor-widget-container\">\n\t\t\t\t\t\t\t\t\t\t\t\t<figure class=\"wp-caption\">\n\t\t\t\t\t\t\t\t\t\t<img loading=\"lazy\" decoding=\"async\" width=\"768\" height=\"512\" src=\"https:\/\/www.elturistatranquil.com\/wp-content\/uploads\/F69-Parroquia-de-San-Juan-Bautista-Villaciervos-Soria.jpg\" class=\"attachment-large size-large wp-image-42500\" alt=\"Parroquia de San Juan Bautista, Villaciervos, Soria\" srcset=\"https:\/\/www.elturistatranquil.com\/wp-content\/uploads\/F69-Parroquia-de-San-Juan-Bautista-Villaciervos-Soria.jpg 768w, https:\/\/www.elturistatranquil.com\/wp-content\/uploads\/F69-Parroquia-de-San-Juan-Bautista-Villaciervos-Soria-339x226.jpg 339w\" sizes=\"(max-width: 768px) 100vw, 768px\" \/>\t\t\t\t\t\t\t\t\t\t\t<figcaption class=\"widget-image-caption wp-caption-text\"><\/figcaption>\n\t\t\t\t\t\t\t\t\t\t<\/figure>\n\t\t\t\t\t\t\t\t\t<\/div>\n\t\t\t\t<\/div>\n\t\t\t\t<div class=\"elementor-element elementor-element-b9fc325 elementor-widget elementor-widget-menu-anchor\" data-id=\"b9fc325\" data-element_type=\"widget\" data-e-type=\"widget\" data-widget_type=\"menu-anchor.default\">\n\t\t\t\t<div class=\"elementor-widget-container\">\n\t\t\t\t\t\t\t<div class=\"elementor-menu-anchor\" id=\"c7609\"><\/div>\n\t\t\t\t\t\t<\/div>\n\t\t\t\t<\/div>\n\t\t\t\t<div class=\"elementor-element elementor-element-3b0ceb9 elementor-widget elementor-widget-text-editor\" data-id=\"3b0ceb9\" data-element_type=\"widget\" data-e-type=\"widget\" data-widget_type=\"text-editor.default\">\n\t\t\t\t<div class=\"elementor-widget-container\">\n\t\t\t\t\t\t\t\t\t<p>Crec que \u00e9s un exemple de mala integraci\u00f3 d&#8217;una edificaci\u00f3 en un conjunt urb\u00e0 amb un mas carregat d&#8217;una forta personalitat d&#8217;arquitectura popular soriana. Ni l&#8217;est\u00e8tica, ni els materials encaixen al conjunt. A la casa consistorial s&#8217;apreciava un intent d&#8217;integraci\u00f3, que aqu\u00ed considero que est\u00e0 totalment absent.<\/p>\t\t\t\t\t\t\t\t<\/div>\n\t\t\t\t<\/div>\n\t\t\t\t<div class=\"elementor-element elementor-element-cc2ebe8 elementor-widget elementor-widget-heading\" data-id=\"cc2ebe8\" data-element_type=\"widget\" data-e-type=\"widget\" data-widget_type=\"heading.default\">\n\t\t\t\t<div class=\"elementor-widget-container\">\n\t\t\t\t\t<h2 class=\"elementor-heading-title elementor-size-default\">Fi de la visita<\/h2>\t\t\t\t<\/div>\n\t\t\t\t<\/div>\n\t\t\t\t<div class=\"elementor-element elementor-element-6cde28b elementor-widget elementor-widget-menu-anchor\" data-id=\"6cde28b\" data-element_type=\"widget\" data-e-type=\"widget\" data-widget_type=\"menu-anchor.default\">\n\t\t\t\t<div class=\"elementor-widget-container\">\n\t\t\t\t\t\t\t<div class=\"elementor-menu-anchor\" id=\"c7610\"><\/div>\n\t\t\t\t\t\t<\/div>\n\t\t\t\t<\/div>\n\t\t\t\t<div class=\"elementor-element elementor-element-985b6bf elementor-widget elementor-widget-text-editor\" data-id=\"985b6bf\" data-element_type=\"widget\" data-e-type=\"widget\" data-widget_type=\"text-editor.default\">\n\t\t\t\t<div class=\"elementor-widget-container\">\n\t\t\t\t\t\t\t\t\t<p>La doble visita que acabo de presentar ens ha perm\u00e8s rec\u00f3rrer dues localitats que mantenen en gran mesura el seu passat agrari tradicional, ancorades en unes activitats productiva agr\u00edcola-ramaderes del mateix tipus, on nom\u00e9s ha evolucionat les t\u00e8cniques productives, sense que hi hagi penetrat l\u2019espai industrial, per\u00f2 tampoc el tur\u00edstic.<\/p><p>Tot i aix\u00f2, les \u201cmodernitzacions\u201d que es van introduint van alterant l&#8217;ess\u00e8ncia del lloc, per canvis en volumetria i en materials, que desnaturalitzen la unitat tradicional. Crear condicions d&#8217;habitabilitat amb els est\u00e0ndards actuals no hauria de ser incompatible de mantenir la unitat exterior d&#8217;aquest <strong>conjunt etnogr\u00e0fic \u00fanic<\/strong> en el cas de Villaciervitos.<\/p><p>Tot i no estar a\u00efllats, sin\u00f3 integrats a una carretera nacional, no per aix\u00f2 estan deixant de sentir l&#8217;efecte de la despoblaci\u00f3, com tamb\u00e9 hav\u00edem vist a Aldealpozo.<\/p><p>El major inter\u00e8s crec que ha estat la percepci\u00f3 de la personalitat gaireb\u00e9 \u00fanica de Villaciervitos, com a evoluci\u00f3 del model de majada en un sistema residencial.<\/p><p>Finalment, constatar que van haver de ser pobles totalment agraris de poblaci\u00f3 exclusivament pagesa, sense entroncaments amb la <em>hidalgu\u00eda<\/em>, davant la total abs\u00e8ncia de vestigis de cases blasonades.<\/p>\t\t\t\t\t\t\t\t<\/div>\n\t\t\t\t<\/div>\n\t\t\t\t<div class=\"elementor-element elementor-element-b89ba23 elementor-widget elementor-widget-heading\" data-id=\"b89ba23\" data-element_type=\"widget\" data-e-type=\"widget\" data-widget_type=\"heading.default\">\n\t\t\t\t<div class=\"elementor-widget-container\">\n\t\t\t\t\t<h2 class=\"elementor-heading-title elementor-size-default\">Bases d\u2019informaci\u00f3<\/h2>\t\t\t\t<\/div>\n\t\t\t\t<\/div>\n\t\t\t\t<div class=\"elementor-element elementor-element-56bdc51 elementor-widget elementor-widget-text-editor\" data-id=\"56bdc51\" data-element_type=\"widget\" data-e-type=\"widget\" data-widget_type=\"text-editor.default\">\n\t\t\t\t<div class=\"elementor-widget-container\">\n\t\t\t\t\t\t\t\t\t<p><strong>Webs<\/strong><\/p><p><strong>Villaciervitos<\/strong><\/p><p><a href=\"http:\/\/www.villaciervos.es\/villaciervitos\" target=\"_blank\" rel=\"noopener\">ayuntamiento<\/a><\/p><p><a href=\"https:\/\/es.wikipedia.org\/wiki\/Villaciervitos\" target=\"_blank\" rel=\"noopener\">wikipedia<\/a><\/p><p><a href=\"https:\/\/www.verpueblos.com\/castilla+y+leon\/soria\/villaciervitos\/\" target=\"_blank\" rel=\"noopener\">verpueblos<\/a><\/p><p><strong>Esgl\u00e9sia de San Blas<\/strong><\/p><p><a href=\"https:\/\/www.romanicodigital.com\/sites\/default\/files\/pdfs\/files\/soria_VILLACIERVITOS.pdf\" target=\"_blank\" rel=\"noopener\">romanicodigital<\/a><\/p><p><a href=\"http:\/\/www.artmedieval.net\/castella\/Espanya\/Soria\/San%20Blas%20Villaciervitos.htm\" target=\"_blank\" rel=\"noopener\">artmedieval<\/a><\/p><p><strong>Villaciervos<\/strong><\/p><p><a href=\"http:\/\/www.villaciervos.es\/\" target=\"_blank\" rel=\"noopener\">ayuntamiento<\/a><\/p><p><a href=\"https:\/\/es.wikipedia.org\/wiki\/Villaciervos\" target=\"_blank\" rel=\"noopener\">wikipedia<\/a><\/p><p><a href=\"https:\/\/www.verpueblos.com\/castilla+y+leon\/soria\/villaciervos\/\" target=\"_blank\" rel=\"noopener\">verpueblos<\/a><\/p><p><a href=\"http:\/\/soria-goig.com\/Pueblos\/pag_0566.htm\" target=\"_blank\" rel=\"noopener\">soria-goig<\/a><\/p><p><a href=\"https:\/\/www.guiarepsol.com\/es\/fichas\/localidad\/villaciervos-7892\/\" target=\"_blank\" rel=\"noopener\">guiarepsol<\/a><\/p><p><a href=\"https:\/\/guiadesoria.es\/soria-y-provincia\/pueblos-de-soria\/558-villaciervos.html\" target=\"_blank\" rel=\"noopener\">guiadesoria<\/a><\/p><p><strong>Esgl\u00e9sia de San Juan Bautista<\/strong><\/p><p><a href=\"http:\/\/comunicacion.jcyl.es\/web\/jcyl\/Comunicacion\/es\/Plantilla100Detalle\/1281372051501\/_\/1284243432068\/Comunicacion\" target=\"_blank\" rel=\"noopener\">comunicacion.jcyl<\/a><\/p><p><a href=\"https:\/\/www.verpueblos.com\/castilla+y+leon\/soria\/villaciervos\/foto\/1061628\/\" target=\"_blank\" rel=\"noopener\">verpueblos<\/a><\/p><p><strong>Webs academic<\/strong><\/p><p>Jos\u00e9 Luis S\u00e1inz Guerra: <a href=\"http:\/\/patrimoniocultural.jcyl.es\/web\/jcyl\/PatrimonioCultural\/es\/Plantilla100Detalle\/1284217324650\/_\/1284216312761\/Redaccion\" target=\"_blank\" rel=\"noopener\"><em>Edificios y conjuntos de arquitectura popular en Castilla y Le\u00f3n<\/em><\/a>. Vol. 8. Soria, pp. 322-325<\/p><p>Pascual Madoz: <a href=\"https:\/\/books.google.es\/books?id=xEGdEOs8IaYC&amp;pg=PA110&amp;lpg=PA110&amp;dq=villaciervos&amp;source=bl&amp;ots=HneiGrhPCs&amp;sig=ACfU3U3JdvsrJxvhU4setejS_TT361i5VA&amp;hl=es&amp;sa=X&amp;ved=2ahUKEwiKhPXxmYf5AhVN8rsIHcEcDag4ZBDoAXoECBoQAw#v=onepage&amp;q=villaciervos&amp;f=false\" target=\"_blank\" rel=\"noopener\"><em>Diccionario geogr\u00e1fico-estad\u00edstico-hist\u00f3rico de Espa\u00f1a y sus posesiones de ultramar<\/em><\/a>, Volumen 16 (1845-1850)<\/p><p>\u00c1ngel Moreno Dopazo: <a href=\"http:\/\/oa.upm.es\/35471\/1\/ANGEL_MOREN_DOPAZO.pdf\" target=\"_blank\" rel=\"noopener\"><em>Una arquitectura en el territorio. Naturaleza de los tipos de edificaci\u00f3n vern\u00e1cula espa\u00f1ola: La casa tradicional soriana<\/em><\/a><\/p><p>M\u00e1ximo Diago Hernando: <a href=\"https:\/\/digibug.ugr.es\/bitstream\/handle\/10481\/24640\/CN-019.----Art%c3%adculo-005.pdf?sequence=1&amp;isAllowed=y\" target=\"_blank\" rel=\"noopener\"><em>El comercio de las lanas churras en el \u00e1mbito soriano durante el siglo XVI<\/em><\/a><\/p><p><a href=\"https:\/\/www.glosarioarquitectonico.com\/glossary\/taina\/\" target=\"_blank\" rel=\"noopener\"><em>Glosario ilustrado de arte arquitect\u00f3nico<\/em><\/a><\/p><p><strong>Llibre<\/strong><\/p><p>Carlos Flores: <em>Arquitectura Popular Espa\u00f1ola<\/em>. Editorial Aguilar. Vol \u00a0III. 1979<\/p>\t\t\t\t\t\t\t\t<\/div>\n\t\t\t\t<\/div>\n\t\t\t\t\t<\/div>\n\t\t<\/div>\n\t\t\t\t\t<\/div>\n\t\t<\/section>\n\t\t\t\t<\/div>\n\t\t","protected":false},"excerpt":{"rendered":"<p>Villaciervitos i Villaciervos s\u00f3n dues localitats a la Comarca de S\u00f2ria on perviuen trets de l&#8217;arquitectura popular pinariega, amb la caracter\u00edstica particular a Villaciervitos d&#8217;un urbanisme basat en la illa &#8230; <a title=\"Villaciervitos i Villaciervos (S\u00f2ria)\" class=\"read-more\" href=\"https:\/\/www.elturistatranquil.com\/ca\/villaciervitos-i-villaciervos-soria\/\" aria-label=\"M\u00e9s informaci\u00f3 sobre Villaciervitos i Villaciervos (S\u00f2ria)\">[ &#8230; ]<\/a><\/p>\n","protected":false},"author":1,"featured_media":42508,"comment_status":"open","ping_status":"closed","sticky":false,"template":"","format":"standard","meta":{"footnotes":""},"categories":[71,72,78,81,99,100,104,139,192,152],"tags":[],"class_list":["post-42518","post","type-post","status-publish","format-standard","has-post-thumbnail","hentry","category-arquitectura-popular-ca","category-arquitectura-religiosa-ca","category-cultura-rural-ca","category-etnografia-ca","category-poble","category-pobles-i-ciutats-amb-interes","category-preromanic-ca","category-segle-xvi-xvii","category-soria-ca","category-urbanisme","infinite-scroll-item","generate-columns","tablet-grid-50","mobile-grid-100","grid-parent","grid-50","no-featured-image-padding"],"yoast_head":"<!-- This site is optimized with the Yoast SEO plugin v27.4 - https:\/\/yoast.com\/product\/yoast-seo-wordpress\/ -->\n<title>Villaciervitos i Villaciervos (S\u00f2ria) - El turista tranquil<\/title>\n<meta name=\"description\" content=\"Villaciervitos i Villaciervos s\u00f3n dues localitats a la Comarca de S\u00f2ria on perviuen trets de l&#039;arquitectura popular pinariega, amb la caracter\u00edstica particular a Villaciervitos d&#039;un urbanisme basat en la illa urbana de model \u201cmajada\u201d.\" \/>\n<meta name=\"robots\" content=\"index, follow, max-snippet:-1, max-image-preview:large, max-video-preview:-1\" \/>\n<link rel=\"canonical\" href=\"https:\/\/www.elturistatranquil.com\/ca\/villaciervitos-i-villaciervos-soria\/\" \/>\n<meta property=\"og:locale\" content=\"ca_ES\" \/>\n<meta property=\"og:type\" content=\"article\" \/>\n<meta property=\"og:title\" content=\"Villaciervitos i Villaciervos (S\u00f2ria) - El turista tranquil\" \/>\n<meta property=\"og:description\" content=\"Villaciervitos i Villaciervos s\u00f3n dues localitats a la Comarca de S\u00f2ria on perviuen trets de l&#039;arquitectura popular pinariega, amb la caracter\u00edstica particular a Villaciervitos d&#039;un urbanisme basat en la illa urbana de model \u201cmajada\u201d.\" \/>\n<meta property=\"og:url\" content=\"https:\/\/www.elturistatranquil.com\/ca\/villaciervitos-i-villaciervos-soria\/\" \/>\n<meta property=\"og:site_name\" content=\"El turista tranquil\" \/>\n<meta property=\"article:publisher\" content=\"https:\/\/www.facebook.com\/elturistatranquilo\/\" \/>\n<meta property=\"article:published_time\" content=\"2022-07-30T09:00:25+00:00\" \/>\n<meta property=\"article:modified_time\" content=\"2022-08-01T11:15:56+00:00\" \/>\n<meta property=\"og:image\" content=\"https:\/\/www.elturistatranquil.com\/wp-content\/uploads\/F00-Villaciervitos-Soria-1.jpg\" \/>\n\t<meta property=\"og:image:width\" content=\"768\" \/>\n\t<meta property=\"og:image:height\" content=\"511\" \/>\n\t<meta property=\"og:image:type\" content=\"image\/jpeg\" \/>\n<meta name=\"author\" content=\"admin\" \/>\n<meta name=\"twitter:card\" content=\"summary_large_image\" \/>\n<meta name=\"twitter:label1\" content=\"Escrit per\" \/>\n\t<meta name=\"twitter:data1\" content=\"admin\" \/>\n\t<meta name=\"twitter:label2\" content=\"Temps estimat de lectura\" \/>\n\t<meta name=\"twitter:data2\" content=\"37 minuts\" \/>\n<script type=\"application\/ld+json\" class=\"yoast-schema-graph\">{\"@context\":\"https:\\\/\\\/schema.org\",\"@graph\":[{\"@type\":\"Article\",\"@id\":\"https:\\\/\\\/www.elturistatranquil.com\\\/ca\\\/villaciervitos-i-villaciervos-soria\\\/#article\",\"isPartOf\":{\"@id\":\"https:\\\/\\\/www.elturistatranquil.com\\\/ca\\\/villaciervitos-i-villaciervos-soria\\\/\"},\"author\":{\"name\":\"admin\",\"@id\":\"https:\\\/\\\/www.elturistatranquil.com\\\/ca\\\/#\\\/schema\\\/person\\\/16f607c3079b96ed0c530a52e6b58bb5\"},\"headline\":\"Villaciervitos i Villaciervos (S\u00f2ria)\",\"datePublished\":\"2022-07-30T09:00:25+00:00\",\"dateModified\":\"2022-08-01T11:15:56+00:00\",\"mainEntityOfPage\":{\"@id\":\"https:\\\/\\\/www.elturistatranquil.com\\\/ca\\\/villaciervitos-i-villaciervos-soria\\\/\"},\"wordCount\":4494,\"commentCount\":0,\"image\":{\"@id\":\"https:\\\/\\\/www.elturistatranquil.com\\\/ca\\\/villaciervitos-i-villaciervos-soria\\\/#primaryimage\"},\"thumbnailUrl\":\"https:\\\/\\\/www.elturistatranquil.com\\\/wp-content\\\/uploads\\\/F00-Villaciervitos-Soria-1.jpg\",\"articleSection\":[\"Arquitectura popular\",\"Arquitectura religiosa\",\"Cultura rural\",\"Etnografia\",\"Poble\",\"Pobles i ciutats amb inter\u00e9s\",\"Rom\u00e0nic\",\"Segle XVI-XVII\",\"S\u00f2ria\",\"Urbanisme\"],\"inLanguage\":\"ca\",\"potentialAction\":[{\"@type\":\"CommentAction\",\"name\":\"Comment\",\"target\":[\"https:\\\/\\\/www.elturistatranquil.com\\\/ca\\\/villaciervitos-i-villaciervos-soria\\\/#respond\"]}]},{\"@type\":\"WebPage\",\"@id\":\"https:\\\/\\\/www.elturistatranquil.com\\\/ca\\\/villaciervitos-i-villaciervos-soria\\\/\",\"url\":\"https:\\\/\\\/www.elturistatranquil.com\\\/ca\\\/villaciervitos-i-villaciervos-soria\\\/\",\"name\":\"Villaciervitos i Villaciervos (S\u00f2ria) - El turista tranquil\",\"isPartOf\":{\"@id\":\"https:\\\/\\\/www.elturistatranquil.com\\\/ca\\\/#website\"},\"primaryImageOfPage\":{\"@id\":\"https:\\\/\\\/www.elturistatranquil.com\\\/ca\\\/villaciervitos-i-villaciervos-soria\\\/#primaryimage\"},\"image\":{\"@id\":\"https:\\\/\\\/www.elturistatranquil.com\\\/ca\\\/villaciervitos-i-villaciervos-soria\\\/#primaryimage\"},\"thumbnailUrl\":\"https:\\\/\\\/www.elturistatranquil.com\\\/wp-content\\\/uploads\\\/F00-Villaciervitos-Soria-1.jpg\",\"datePublished\":\"2022-07-30T09:00:25+00:00\",\"dateModified\":\"2022-08-01T11:15:56+00:00\",\"author\":{\"@id\":\"https:\\\/\\\/www.elturistatranquil.com\\\/ca\\\/#\\\/schema\\\/person\\\/16f607c3079b96ed0c530a52e6b58bb5\"},\"description\":\"Villaciervitos i Villaciervos s\u00f3n dues localitats a la Comarca de S\u00f2ria on perviuen trets de l'arquitectura popular pinariega, amb la caracter\u00edstica particular a Villaciervitos d'un urbanisme basat en la illa urbana de model \u201cmajada\u201d.\",\"breadcrumb\":{\"@id\":\"https:\\\/\\\/www.elturistatranquil.com\\\/ca\\\/villaciervitos-i-villaciervos-soria\\\/#breadcrumb\"},\"inLanguage\":\"ca\",\"potentialAction\":[{\"@type\":\"ReadAction\",\"target\":[\"https:\\\/\\\/www.elturistatranquil.com\\\/ca\\\/villaciervitos-i-villaciervos-soria\\\/\"]}]},{\"@type\":\"ImageObject\",\"inLanguage\":\"ca\",\"@id\":\"https:\\\/\\\/www.elturistatranquil.com\\\/ca\\\/villaciervitos-i-villaciervos-soria\\\/#primaryimage\",\"url\":\"https:\\\/\\\/www.elturistatranquil.com\\\/wp-content\\\/uploads\\\/F00-Villaciervitos-Soria-1.jpg\",\"contentUrl\":\"https:\\\/\\\/www.elturistatranquil.com\\\/wp-content\\\/uploads\\\/F00-Villaciervitos-Soria-1.jpg\",\"width\":768,\"height\":511,\"caption\":\"Villaciervitos, Soria\"},{\"@type\":\"BreadcrumbList\",\"@id\":\"https:\\\/\\\/www.elturistatranquil.com\\\/ca\\\/villaciervitos-i-villaciervos-soria\\\/#breadcrumb\",\"itemListElement\":[{\"@type\":\"ListItem\",\"position\":1,\"name\":\"Portada\",\"item\":\"https:\\\/\\\/www.elturistatranquil.com\\\/ca\\\/\"},{\"@type\":\"ListItem\",\"position\":2,\"name\":\"Villaciervitos i Villaciervos (S\u00f2ria)\"}]},{\"@type\":\"WebSite\",\"@id\":\"https:\\\/\\\/www.elturistatranquil.com\\\/ca\\\/#website\",\"url\":\"https:\\\/\\\/www.elturistatranquil.com\\\/ca\\\/\",\"name\":\"El turista tranquil\",\"description\":\"Blog de viatges\",\"potentialAction\":[{\"@type\":\"SearchAction\",\"target\":{\"@type\":\"EntryPoint\",\"urlTemplate\":\"https:\\\/\\\/www.elturistatranquil.com\\\/ca\\\/?s={search_term_string}\"},\"query-input\":{\"@type\":\"PropertyValueSpecification\",\"valueRequired\":true,\"valueName\":\"search_term_string\"}}],\"inLanguage\":\"ca\"},{\"@type\":\"Person\",\"@id\":\"https:\\\/\\\/www.elturistatranquil.com\\\/ca\\\/#\\\/schema\\\/person\\\/16f607c3079b96ed0c530a52e6b58bb5\",\"name\":\"admin\",\"image\":{\"@type\":\"ImageObject\",\"inLanguage\":\"ca\",\"@id\":\"https:\\\/\\\/secure.gravatar.com\\\/avatar\\\/1fbaf22aee75fcbb29a2f97b107f95d25d3a19b7c3416105be10269872673e8d?s=96&d=mm&r=g\",\"url\":\"https:\\\/\\\/secure.gravatar.com\\\/avatar\\\/1fbaf22aee75fcbb29a2f97b107f95d25d3a19b7c3416105be10269872673e8d?s=96&d=mm&r=g\",\"contentUrl\":\"https:\\\/\\\/secure.gravatar.com\\\/avatar\\\/1fbaf22aee75fcbb29a2f97b107f95d25d3a19b7c3416105be10269872673e8d?s=96&d=mm&r=g\",\"caption\":\"admin\"}}]}<\/script>\n<!-- \/ Yoast SEO plugin. -->","yoast_head_json":{"title":"Villaciervitos i Villaciervos (S\u00f2ria) - El turista tranquil","description":"Villaciervitos i Villaciervos s\u00f3n dues localitats a la Comarca de S\u00f2ria on perviuen trets de l'arquitectura popular pinariega, amb la caracter\u00edstica particular a Villaciervitos d'un urbanisme basat en la illa urbana de model \u201cmajada\u201d.","robots":{"index":"index","follow":"follow","max-snippet":"max-snippet:-1","max-image-preview":"max-image-preview:large","max-video-preview":"max-video-preview:-1"},"canonical":"https:\/\/www.elturistatranquil.com\/ca\/villaciervitos-i-villaciervos-soria\/","og_locale":"ca_ES","og_type":"article","og_title":"Villaciervitos i Villaciervos (S\u00f2ria) - El turista tranquil","og_description":"Villaciervitos i Villaciervos s\u00f3n dues localitats a la Comarca de S\u00f2ria on perviuen trets de l'arquitectura popular pinariega, amb la caracter\u00edstica particular a Villaciervitos d'un urbanisme basat en la illa urbana de model \u201cmajada\u201d.","og_url":"https:\/\/www.elturistatranquil.com\/ca\/villaciervitos-i-villaciervos-soria\/","og_site_name":"El turista tranquil","article_publisher":"https:\/\/www.facebook.com\/elturistatranquilo\/","article_published_time":"2022-07-30T09:00:25+00:00","article_modified_time":"2022-08-01T11:15:56+00:00","og_image":[{"width":768,"height":511,"url":"https:\/\/www.elturistatranquil.com\/wp-content\/uploads\/F00-Villaciervitos-Soria-1.jpg","type":"image\/jpeg"}],"author":"admin","twitter_card":"summary_large_image","twitter_misc":{"Escrit per":"admin","Temps estimat de lectura":"37 minuts"},"schema":{"@context":"https:\/\/schema.org","@graph":[{"@type":"Article","@id":"https:\/\/www.elturistatranquil.com\/ca\/villaciervitos-i-villaciervos-soria\/#article","isPartOf":{"@id":"https:\/\/www.elturistatranquil.com\/ca\/villaciervitos-i-villaciervos-soria\/"},"author":{"name":"admin","@id":"https:\/\/www.elturistatranquil.com\/ca\/#\/schema\/person\/16f607c3079b96ed0c530a52e6b58bb5"},"headline":"Villaciervitos i Villaciervos (S\u00f2ria)","datePublished":"2022-07-30T09:00:25+00:00","dateModified":"2022-08-01T11:15:56+00:00","mainEntityOfPage":{"@id":"https:\/\/www.elturistatranquil.com\/ca\/villaciervitos-i-villaciervos-soria\/"},"wordCount":4494,"commentCount":0,"image":{"@id":"https:\/\/www.elturistatranquil.com\/ca\/villaciervitos-i-villaciervos-soria\/#primaryimage"},"thumbnailUrl":"https:\/\/www.elturistatranquil.com\/wp-content\/uploads\/F00-Villaciervitos-Soria-1.jpg","articleSection":["Arquitectura popular","Arquitectura religiosa","Cultura rural","Etnografia","Poble","Pobles i ciutats amb inter\u00e9s","Rom\u00e0nic","Segle XVI-XVII","S\u00f2ria","Urbanisme"],"inLanguage":"ca","potentialAction":[{"@type":"CommentAction","name":"Comment","target":["https:\/\/www.elturistatranquil.com\/ca\/villaciervitos-i-villaciervos-soria\/#respond"]}]},{"@type":"WebPage","@id":"https:\/\/www.elturistatranquil.com\/ca\/villaciervitos-i-villaciervos-soria\/","url":"https:\/\/www.elturistatranquil.com\/ca\/villaciervitos-i-villaciervos-soria\/","name":"Villaciervitos i Villaciervos (S\u00f2ria) - El turista tranquil","isPartOf":{"@id":"https:\/\/www.elturistatranquil.com\/ca\/#website"},"primaryImageOfPage":{"@id":"https:\/\/www.elturistatranquil.com\/ca\/villaciervitos-i-villaciervos-soria\/#primaryimage"},"image":{"@id":"https:\/\/www.elturistatranquil.com\/ca\/villaciervitos-i-villaciervos-soria\/#primaryimage"},"thumbnailUrl":"https:\/\/www.elturistatranquil.com\/wp-content\/uploads\/F00-Villaciervitos-Soria-1.jpg","datePublished":"2022-07-30T09:00:25+00:00","dateModified":"2022-08-01T11:15:56+00:00","author":{"@id":"https:\/\/www.elturistatranquil.com\/ca\/#\/schema\/person\/16f607c3079b96ed0c530a52e6b58bb5"},"description":"Villaciervitos i Villaciervos s\u00f3n dues localitats a la Comarca de S\u00f2ria on perviuen trets de l'arquitectura popular pinariega, amb la caracter\u00edstica particular a Villaciervitos d'un urbanisme basat en la illa urbana de model \u201cmajada\u201d.","breadcrumb":{"@id":"https:\/\/www.elturistatranquil.com\/ca\/villaciervitos-i-villaciervos-soria\/#breadcrumb"},"inLanguage":"ca","potentialAction":[{"@type":"ReadAction","target":["https:\/\/www.elturistatranquil.com\/ca\/villaciervitos-i-villaciervos-soria\/"]}]},{"@type":"ImageObject","inLanguage":"ca","@id":"https:\/\/www.elturistatranquil.com\/ca\/villaciervitos-i-villaciervos-soria\/#primaryimage","url":"https:\/\/www.elturistatranquil.com\/wp-content\/uploads\/F00-Villaciervitos-Soria-1.jpg","contentUrl":"https:\/\/www.elturistatranquil.com\/wp-content\/uploads\/F00-Villaciervitos-Soria-1.jpg","width":768,"height":511,"caption":"Villaciervitos, Soria"},{"@type":"BreadcrumbList","@id":"https:\/\/www.elturistatranquil.com\/ca\/villaciervitos-i-villaciervos-soria\/#breadcrumb","itemListElement":[{"@type":"ListItem","position":1,"name":"Portada","item":"https:\/\/www.elturistatranquil.com\/ca\/"},{"@type":"ListItem","position":2,"name":"Villaciervitos i Villaciervos (S\u00f2ria)"}]},{"@type":"WebSite","@id":"https:\/\/www.elturistatranquil.com\/ca\/#website","url":"https:\/\/www.elturistatranquil.com\/ca\/","name":"El turista tranquil","description":"Blog de viatges","potentialAction":[{"@type":"SearchAction","target":{"@type":"EntryPoint","urlTemplate":"https:\/\/www.elturistatranquil.com\/ca\/?s={search_term_string}"},"query-input":{"@type":"PropertyValueSpecification","valueRequired":true,"valueName":"search_term_string"}}],"inLanguage":"ca"},{"@type":"Person","@id":"https:\/\/www.elturistatranquil.com\/ca\/#\/schema\/person\/16f607c3079b96ed0c530a52e6b58bb5","name":"admin","image":{"@type":"ImageObject","inLanguage":"ca","@id":"https:\/\/secure.gravatar.com\/avatar\/1fbaf22aee75fcbb29a2f97b107f95d25d3a19b7c3416105be10269872673e8d?s=96&d=mm&r=g","url":"https:\/\/secure.gravatar.com\/avatar\/1fbaf22aee75fcbb29a2f97b107f95d25d3a19b7c3416105be10269872673e8d?s=96&d=mm&r=g","contentUrl":"https:\/\/secure.gravatar.com\/avatar\/1fbaf22aee75fcbb29a2f97b107f95d25d3a19b7c3416105be10269872673e8d?s=96&d=mm&r=g","caption":"admin"}}]}},"_links":{"self":[{"href":"https:\/\/www.elturistatranquil.com\/ca\/wp-json\/wp\/v2\/posts\/42518","targetHints":{"allow":["GET"]}}],"collection":[{"href":"https:\/\/www.elturistatranquil.com\/ca\/wp-json\/wp\/v2\/posts"}],"about":[{"href":"https:\/\/www.elturistatranquil.com\/ca\/wp-json\/wp\/v2\/types\/post"}],"author":[{"embeddable":true,"href":"https:\/\/www.elturistatranquil.com\/ca\/wp-json\/wp\/v2\/users\/1"}],"replies":[{"embeddable":true,"href":"https:\/\/www.elturistatranquil.com\/ca\/wp-json\/wp\/v2\/comments?post=42518"}],"version-history":[{"count":5,"href":"https:\/\/www.elturistatranquil.com\/ca\/wp-json\/wp\/v2\/posts\/42518\/revisions"}],"predecessor-version":[{"id":42561,"href":"https:\/\/www.elturistatranquil.com\/ca\/wp-json\/wp\/v2\/posts\/42518\/revisions\/42561"}],"wp:featuredmedia":[{"embeddable":true,"href":"https:\/\/www.elturistatranquil.com\/ca\/wp-json\/wp\/v2\/media\/42508"}],"wp:attachment":[{"href":"https:\/\/www.elturistatranquil.com\/ca\/wp-json\/wp\/v2\/media?parent=42518"}],"wp:term":[{"taxonomy":"category","embeddable":true,"href":"https:\/\/www.elturistatranquil.com\/ca\/wp-json\/wp\/v2\/categories?post=42518"},{"taxonomy":"post_tag","embeddable":true,"href":"https:\/\/www.elturistatranquil.com\/ca\/wp-json\/wp\/v2\/tags?post=42518"}],"curies":[{"name":"wp","href":"https:\/\/api.w.org\/{rel}","templated":true}]}}