{"id":42895,"date":"2022-08-27T13:24:16","date_gmt":"2022-08-27T11:24:16","guid":{"rendered":"https:\/\/www.elturistatranquil.com\/?p=42895"},"modified":"2024-07-23T17:03:46","modified_gmt":"2024-07-23T15:03:46","slug":"esglesia-i-monestir-de-santa-maria-de-melque-toledo","status":"publish","type":"post","link":"https:\/\/www.elturistatranquil.com\/ca\/esglesia-i-monestir-de-santa-maria-de-melque-toledo\/","title":{"rendered":"Esgl\u00e9sia i monestir de Santa Maria de Melque (Toledo)"},"content":{"rendered":"\t\t<div data-elementor-type=\"wp-post\" data-elementor-id=\"42895\" class=\"elementor elementor-42895 elementor-42689\" data-elementor-post-type=\"post\">\n\t\t\t\t\t\t<section class=\"elementor-section elementor-top-section elementor-element elementor-element-796a87e6 elementor-section-boxed elementor-section-height-default elementor-section-height-default\" data-id=\"796a87e6\" data-element_type=\"section\" data-e-type=\"section\">\n\t\t\t\t\t\t<div class=\"elementor-container elementor-column-gap-default\">\n\t\t\t\t\t<div class=\"elementor-column elementor-col-100 elementor-top-column elementor-element elementor-element-4c3b5200\" data-id=\"4c3b5200\" data-element_type=\"column\" data-e-type=\"column\">\n\t\t\t<div class=\"elementor-widget-wrap elementor-element-populated\">\n\t\t\t\t\t\t<section class=\"elementor-section elementor-inner-section elementor-element elementor-element-19f99629 elementor-section-content-middle elementor-section-boxed elementor-section-height-default elementor-section-height-default\" data-id=\"19f99629\" data-element_type=\"section\" data-e-type=\"section\">\n\t\t\t\t\t\t<div class=\"elementor-container elementor-column-gap-default\">\n\t\t\t\t\t<div class=\"elementor-column elementor-col-100 elementor-inner-column elementor-element elementor-element-2267a5f\" data-id=\"2267a5f\" data-element_type=\"column\" data-e-type=\"column\">\n\t\t\t<div class=\"elementor-widget-wrap elementor-element-populated\">\n\t\t\t\t\t\t<div class=\"elementor-element elementor-element-5632b411 elementor-widget elementor-widget-text-editor\" data-id=\"5632b411\" data-element_type=\"widget\" data-e-type=\"widget\" data-widget_type=\"text-editor.default\">\n\t\t\t\t<div class=\"elementor-widget-container\">\n\t\t\t\t\t\t\t\t\t<p>L&#8217;<em>esgl\u00e9sia i monestir de Santa Maria de Melque<\/em> (Toledo) \u00e9s un dels llocs hist\u00f2rics m\u00e9s interessants i m\u00e9s ben conservats del per\u00edode visigot-moss\u00e0rab a la Pen\u00ednsula Ib\u00e8rica. L&#8217;entorn es mant\u00e9 com fa mil tres-cents anys.<\/p>\t\t\t\t\t\t\t\t<\/div>\n\t\t\t\t<\/div>\n\t\t\t\t\t<\/div>\n\t\t<\/div>\n\t\t\t\t\t<\/div>\n\t\t<\/section>\n\t\t\t\t<div class=\"elementor-element elementor-element-37f3e94a elementor-widget elementor-widget-heading\" data-id=\"37f3e94a\" data-element_type=\"widget\" data-e-type=\"widget\" data-widget_type=\"heading.default\">\n\t\t\t\t<div class=\"elementor-widget-container\">\n\t\t\t\t\t<h1 class=\"elementor-heading-title elementor-size-default\">Esgl\u00e9sia i monestir de Santa Maria de Melque (Toledo)<\/h1>\t\t\t\t<\/div>\n\t\t\t\t<\/div>\n\t\t\t\t\t<\/div>\n\t\t<\/div>\n\t\t\t\t\t<\/div>\n\t\t<\/section>\n\t\t\t\t<section class=\"elementor-section elementor-top-section elementor-element elementor-element-729725a5 elementor-section-boxed elementor-section-height-default elementor-section-height-default\" data-id=\"729725a5\" data-element_type=\"section\" data-e-type=\"section\">\n\t\t\t\t\t\t<div class=\"elementor-container elementor-column-gap-default\">\n\t\t\t\t\t<div class=\"elementor-column elementor-col-100 elementor-top-column elementor-element elementor-element-2787d60\" data-id=\"2787d60\" data-element_type=\"column\" data-e-type=\"column\">\n\t\t\t<div class=\"elementor-widget-wrap elementor-element-populated\">\n\t\t\t\t\t\t<div class=\"elementor-element elementor-element-43878022 elementor-widget elementor-widget-image\" data-id=\"43878022\" data-element_type=\"widget\" data-e-type=\"widget\" data-widget_type=\"image.default\">\n\t\t\t\t<div class=\"elementor-widget-container\">\n\t\t\t\t\t\t\t\t\t\t\t\t<figure class=\"wp-caption\">\n\t\t\t\t\t\t\t\t\t\t<img fetchpriority=\"high\" decoding=\"async\" width=\"768\" height=\"512\" src=\"https:\/\/www.elturistatranquil.com\/wp-content\/uploads\/F01-Santa-Maria-de-Melque-Toledo-Google-earth-2022-09-24.jpg\" class=\"attachment-large size-large wp-image-42699\" alt=\"Santa Maria de Melque, Toledo (Google earth 2022-09-24)\" srcset=\"https:\/\/www.elturistatranquil.com\/wp-content\/uploads\/F01-Santa-Maria-de-Melque-Toledo-Google-earth-2022-09-24.jpg 768w, https:\/\/www.elturistatranquil.com\/wp-content\/uploads\/F01-Santa-Maria-de-Melque-Toledo-Google-earth-2022-09-24-339x226.jpg 339w\" sizes=\"(max-width: 768px) 100vw, 768px\" \/>\t\t\t\t\t\t\t\t\t\t\t<figcaption class=\"widget-image-caption wp-caption-text\">Santa Mar\u00eda de Melque (Google earth 2022-08-24)<\/figcaption>\n\t\t\t\t\t\t\t\t\t\t<\/figure>\n\t\t\t\t\t\t\t\t\t<\/div>\n\t\t\t\t<\/div>\n\t\t\t\t<div class=\"elementor-element elementor-element-6af1eaac elementor-widget elementor-widget-spacer\" data-id=\"6af1eaac\" data-element_type=\"widget\" data-e-type=\"widget\" data-widget_type=\"spacer.default\">\n\t\t\t\t<div class=\"elementor-widget-container\">\n\t\t\t\t\t\t\t<div class=\"elementor-spacer\">\n\t\t\t<div class=\"elementor-spacer-inner\"><\/div>\n\t\t<\/div>\n\t\t\t\t\t\t<\/div>\n\t\t\t\t<\/div>\n\t\t\t\t<div class=\"elementor-element elementor-element-48675e76 elementor-widget elementor-widget-heading\" data-id=\"48675e76\" data-element_type=\"widget\" data-e-type=\"widget\" data-widget_type=\"heading.default\">\n\t\t\t\t<div class=\"elementor-widget-container\">\n\t\t\t\t\t<h2 class=\"elementor-heading-title elementor-size-default\">Esgl\u00e9sia i monestir de Santa Maria de Melque. San Mart\u00edn de Montalb\u00e1n. Comarca de los Montes de Toledo. Toledo<\/h2>\t\t\t\t<\/div>\n\t\t\t\t<\/div>\n\t\t\t\t<section class=\"elementor-section elementor-inner-section elementor-element elementor-element-44c61c1f elementor-section-boxed elementor-section-height-default elementor-section-height-default\" data-id=\"44c61c1f\" data-element_type=\"section\" data-e-type=\"section\" data-settings=\"{&quot;background_background&quot;:&quot;classic&quot;}\">\n\t\t\t\t\t\t\t<div class=\"elementor-background-overlay\"><\/div>\n\t\t\t\t\t\t\t<div class=\"elementor-container elementor-column-gap-default\">\n\t\t\t\t\t<div class=\"elementor-column elementor-col-100 elementor-inner-column elementor-element elementor-element-4e3bb60\" data-id=\"4e3bb60\" data-element_type=\"column\" data-e-type=\"column\" data-settings=\"{&quot;background_background&quot;:&quot;classic&quot;}\">\n\t\t\t<div class=\"elementor-widget-wrap elementor-element-populated\">\n\t\t\t\t\t\t<div class=\"elementor-element elementor-element-71b2f6ba elementor-widget elementor-widget-text-editor\" data-id=\"71b2f6ba\" data-element_type=\"widget\" data-e-type=\"widget\" data-widget_type=\"text-editor.default\">\n\t\t\t\t<div class=\"elementor-widget-container\">\n\t\t\t\t\t\t\t\t\t<p>Municipi: San Mart\u00edn de Montalb\u00e1n.\u00a0\u00a0 Comarca: Montes de Toledo. Prov\u00edncia: Toledo. Com. Aut\u00f2noma: Castilla-La Mancha<\/p><p>Coordenades: 39\u00b045\u203203\u2033N 4\u00b022\u203223\u2033O. Altitud:\u00a0 560 msnm<\/p><p>Web: <a href=\"https:\/\/sanmartindemontalban.com\/santa-maria-de-melque\/\" target=\"_blank\" rel=\"noopener\">ayuntamiento<\/a><\/p><p><em>Monument Nacional Hist\u00f2ric Art\u00edstic <\/em>(1931)<\/p><p><em>B\u00e9 d&#8217;Inter\u00e8s Cultural (BIC): Lloc hist\u00f2ric <\/em>(1993)<\/p><p>Visita: 2021<\/p>\t\t\t\t\t\t\t\t<\/div>\n\t\t\t\t<\/div>\n\t\t\t\t\t<\/div>\n\t\t<\/div>\n\t\t\t\t\t<\/div>\n\t\t<\/section>\n\t\t\t\t<div class=\"elementor-element elementor-element-624bcf6d elementor-widget elementor-widget-image\" data-id=\"624bcf6d\" data-element_type=\"widget\" data-e-type=\"widget\" data-widget_type=\"image.default\">\n\t\t\t\t<div class=\"elementor-widget-container\">\n\t\t\t\t\t\t\t\t\t\t\t\t<figure class=\"wp-caption\">\n\t\t\t\t\t\t\t\t\t\t<img decoding=\"async\" width=\"768\" height=\"511\" src=\"https:\/\/www.elturistatranquil.com\/wp-content\/uploads\/F02c-Santa-Maria-de-Melque-Toledo-Google-maps-2022-08-24.jpg\" class=\"attachment-medium_large size-medium_large wp-image-42903\" alt=\"Santa Maria de Melque, Toledo (Google maps 2022-08-24)\" srcset=\"https:\/\/www.elturistatranquil.com\/wp-content\/uploads\/F02c-Santa-Maria-de-Melque-Toledo-Google-maps-2022-08-24.jpg 768w, https:\/\/www.elturistatranquil.com\/wp-content\/uploads\/F02c-Santa-Maria-de-Melque-Toledo-Google-maps-2022-08-24-339x226.jpg 339w\" sizes=\"(max-width: 768px) 100vw, 768px\" \/>\t\t\t\t\t\t\t\t\t\t\t<figcaption class=\"widget-image-caption wp-caption-text\">Mapa de situaci\u00f3 de Santa Mar\u00eda de Melque (Google maps 2022-08-24)<\/figcaption>\n\t\t\t\t\t\t\t\t\t\t<\/figure>\n\t\t\t\t\t\t\t\t\t<\/div>\n\t\t\t\t<\/div>\n\t\t\t\t<section class=\"elementor-section elementor-inner-section elementor-element elementor-element-785c1daf elementor-section-boxed elementor-section-height-default elementor-section-height-default\" data-id=\"785c1daf\" data-element_type=\"section\" data-e-type=\"section\" data-settings=\"{&quot;background_background&quot;:&quot;classic&quot;}\">\n\t\t\t\t\t\t<div class=\"elementor-container elementor-column-gap-default\">\n\t\t\t\t\t<div class=\"elementor-column elementor-col-100 elementor-inner-column elementor-element elementor-element-5f0a9b86\" data-id=\"5f0a9b86\" data-element_type=\"column\" data-e-type=\"column\">\n\t\t\t<div class=\"elementor-widget-wrap elementor-element-populated\">\n\t\t\t\t\t\t<div class=\"elementor-element elementor-element-6c383856 elementor-widget elementor-widget-text-editor\" data-id=\"6c383856\" data-element_type=\"widget\" data-e-type=\"widget\" data-widget_type=\"text-editor.default\">\n\t\t\t\t<div class=\"elementor-widget-container\">\n\t\t\t\t\t\t\t\t\t<p style=\"text-align: center;\"><strong>\u00cdndex<\/strong><\/p>\t\t\t\t\t\t\t\t<\/div>\n\t\t\t\t<\/div>\n\t\t\t\t<div class=\"elementor-element elementor-element-46e585b2 elementor-widget elementor-widget-text-editor\" data-id=\"46e585b2\" data-element_type=\"widget\" data-e-type=\"widget\" data-widget_type=\"text-editor.default\">\n\t\t\t\t<div class=\"elementor-widget-container\">\n\t\t\t\t\t\t\t\t\t<p><a href=\"https:\/\/www.elturistatranquil.com\/ca\/esglesia-i-monestir-de-santa-maria-de-melque-toledo\/#b6801\">Esgl\u00e9sia i monestir de Santa Maria de Melque. San Mart\u00edn de Montalb\u00e1n. Comarca de los Montes de Toledo. Toledo<\/a><\/p><p><a href=\"https:\/\/www.elturistatranquil.com\/ca\/esglesia-i-monestir-de-santa-maria-de-melque-toledo\/#b6802\">Context hist\u00f2ric<\/a><\/p><p style=\"padding-left: 40px;\"><a href=\"https:\/\/www.elturistatranquil.com\/ca\/esglesia-i-monestir-de-santa-maria-de-melque-toledo\/#b6803\">Santa Maria de Melque i el territori de la Regia Seus<\/a><\/p><p><a href=\"https:\/\/www.elturistatranquil.com\/ca\/esglesia-i-monestir-de-santa-maria-de-melque-toledo\/#b6804\">El Lloc Hist\u00f2ric de Melque<\/a><\/p><p style=\"padding-left: 40px;\"><a href=\"https:\/\/www.elturistatranquil.com\/ca\/esglesia-i-monestir-de-santa-maria-de-melque-toledo\/#b6805\">El monestir<\/a><\/p><p style=\"padding-left: 40px;\"><a href=\"https:\/\/www.elturistatranquil.com\/ca\/esglesia-i-monestir-de-santa-maria-de-melque-toledo\/#b6806\">L&#8217;esgl\u00e9sia de Santa Maria<\/a><\/p><p style=\"padding-left: 40px;\"><a href=\"https:\/\/www.elturistatranquil.com\/ca\/esglesia-i-monestir-de-santa-maria-de-melque-toledo\/#b6807\">Centre d&#8217;Interpretaci\u00f3<\/a><\/p><p style=\"padding-left: 40px;\"><a href=\"https:\/\/www.elturistatranquil.com\/ca\/esglesia-i-monestir-de-santa-maria-de-melque-toledo\/#b6808\">Construccions auxiliars<\/a><\/p><p style=\"padding-left: 40px;\"><a href=\"https:\/\/www.elturistatranquil.com\/ca\/esglesia-i-monestir-de-santa-maria-de-melque-toledo\/#b6809\">Restes arqueol\u00f2giques no senyalitzades<\/a><\/p><p><a href=\"https:\/\/www.elturistatranquil.com\/ca\/esglesia-i-monestir-de-santa-maria-de-melque-toledo\/#b6810\">Fi de la visita<\/a><\/p><p><a href=\"https:\/\/www.elturistatranquil.com\/ca\/esglesia-i-monestir-de-santa-maria-de-melque-toledo\/#b6811\" data-wplink-edit=\"true\">Bases d&#8217;informaci\u00f3<\/a><\/p>\t\t\t\t\t\t\t\t<\/div>\n\t\t\t\t<\/div>\n\t\t\t\t\t<\/div>\n\t\t<\/div>\n\t\t\t\t\t<\/div>\n\t\t<\/section>\n\t\t\t\t<div class=\"elementor-element elementor-element-195ef24d elementor-widget elementor-widget-spacer\" data-id=\"195ef24d\" data-element_type=\"widget\" data-e-type=\"widget\" data-widget_type=\"spacer.default\">\n\t\t\t\t<div class=\"elementor-widget-container\">\n\t\t\t\t\t\t\t<div class=\"elementor-spacer\">\n\t\t\t<div class=\"elementor-spacer-inner\"><\/div>\n\t\t<\/div>\n\t\t\t\t\t\t<\/div>\n\t\t\t\t<\/div>\n\t\t\t\t<div class=\"elementor-element elementor-element-3562fae elementor-widget elementor-widget-menu-anchor\" data-id=\"3562fae\" data-element_type=\"widget\" data-e-type=\"widget\" data-widget_type=\"menu-anchor.default\">\n\t\t\t\t<div class=\"elementor-widget-container\">\n\t\t\t\t\t\t\t<div class=\"elementor-menu-anchor\" id=\"b6801\"><\/div>\n\t\t\t\t\t\t<\/div>\n\t\t\t\t<\/div>\n\t\t\t\t<div class=\"elementor-element elementor-element-26fce4b6 elementor-widget elementor-widget-spacer\" data-id=\"26fce4b6\" data-element_type=\"widget\" data-e-type=\"widget\" data-widget_type=\"spacer.default\">\n\t\t\t\t<div class=\"elementor-widget-container\">\n\t\t\t\t\t\t\t<div class=\"elementor-spacer\">\n\t\t\t<div class=\"elementor-spacer-inner\"><\/div>\n\t\t<\/div>\n\t\t\t\t\t\t<\/div>\n\t\t\t\t<\/div>\n\t\t\t\t<div class=\"elementor-element elementor-element-1f3ca16a elementor-widget elementor-widget-heading\" data-id=\"1f3ca16a\" data-element_type=\"widget\" data-e-type=\"widget\" data-widget_type=\"heading.default\">\n\t\t\t\t<div class=\"elementor-widget-container\">\n\t\t\t\t\t<h2 class=\"elementor-heading-title elementor-size-default\">Esgl\u00e9sia i monestir de Santa Maria de Melque. San Mart\u00edn de Montalb\u00e1n. Comarca de los Montes de Toledo. Toledo<\/h2>\t\t\t\t<\/div>\n\t\t\t\t<\/div>\n\t\t\t\t<div class=\"elementor-element elementor-element-55197f11 elementor-widget elementor-widget-text-editor\" data-id=\"55197f11\" data-element_type=\"widget\" data-e-type=\"widget\" data-widget_type=\"text-editor.default\">\n\t\t\t\t<div class=\"elementor-widget-container\">\n\t\t\t\t\t\t\t\t\t<p>Surto de <a href=\"https:\/\/www.elturistatranquil.com\/ca\/hotel-la-salve-restaurant-el-borbollon-comarca-de-torrijos\/\" target=\"_blank\" rel=\"noopener\">La Salve Hotel &amp; Spa<\/a> en direcci\u00f3 sud, per fer una ruta que em portar\u00e0, entre altres llocs d&#8217;inter\u00e8s, a l&#8217;esgl\u00e9sia i monestir de Santa Maria de Melque, una de les restes hist\u00f2riques m\u00e9s interessants del per\u00edode altmedieval de la Pen\u00ednsula.<\/p><p>Ens trobem en un <em>Lloc hist\u00f2ric<\/em> envoltat d&#8217;incertesa respecte a la data de construcci\u00f3 i estil arquitect\u00f2nic, en qu\u00e8 els investigadors no han arribat a posar-se d&#8217;acord si es tracta d&#8217;un recinte visigot del segle VII o moss\u00e0rab dels segles VIII-IX. Fins i tot hi ha alguns dubtes sobre un monestir o una construcci\u00f3 palatina, encara que en aquest aspecte sembla m\u00e9s evident que es tract\u00e9s d&#8217;un recinte monacal.<\/p><p>El problema se centra que no hi ha documentaci\u00f3 escrita sobre els seus or\u00edgens i que la interpretaci\u00f3 de l&#8217;\u00fanica cosa que es pot valorar, que s\u00f3n les restes arquitect\u00f2niques i arqueol\u00f2giques i la seva adscripci\u00f3 a un o altre estil, \u00e9s el que suscita el debat.<\/p><p>Si es tract\u00e9s d&#8217;un edifici visig\u00f2tic, s&#8217;hauria constru\u00eft al segle VII dins del per\u00edode del Regne Visigot, mentre que si fos moss\u00e0rab la seva construcci\u00f3 de nova planta seria del segle VIII, posterior a la penetraci\u00f3 musulmana de l&#8217;any 711, al primer moment en qu\u00e8 es permetien construccions cristianes si es feien allunyades de llocs amb poblaci\u00f3 musulmana, en entorns rurals.<\/p><p>Entenc que la incertesa se centra a considerar que l&#8217;arquitectura de l&#8217;esgl\u00e9sia \u00e9s estrictament visig\u00f2tica, que la situaria al primer per\u00edode, o una evoluci\u00f3 del visig\u00f2tic amb influ\u00e8ncies omeies, que l&#8217;adscriurien al segon.<\/p><p>Sigui el que sigui, en aquests monestirs confluirien dues tradicions, la local visigoda centrada en l&#8217;organitzaci\u00f3, la disciplina i la distribuci\u00f3 espacial, i la forana isl\u00e0mica que aporta la t\u00e8cnica, els recursos i les solucions vinculats a l&#8217;arquitectura i potser al complex productiu.<\/p>\t\t\t\t\t\t\t\t<\/div>\n\t\t\t\t<\/div>\n\t\t\t\t<div class=\"elementor-element elementor-element-fe4af05 elementor-widget elementor-widget-menu-anchor\" data-id=\"fe4af05\" data-element_type=\"widget\" data-e-type=\"widget\" data-widget_type=\"menu-anchor.default\">\n\t\t\t\t<div class=\"elementor-widget-container\">\n\t\t\t\t\t\t\t<div class=\"elementor-menu-anchor\" id=\"b6802\"><\/div>\n\t\t\t\t\t\t<\/div>\n\t\t\t\t<\/div>\n\t\t\t\t<div class=\"elementor-element elementor-element-7e6ef19c elementor-widget elementor-widget-image\" data-id=\"7e6ef19c\" data-element_type=\"widget\" data-e-type=\"widget\" data-widget_type=\"image.default\">\n\t\t\t\t<div class=\"elementor-widget-container\">\n\t\t\t\t\t\t\t\t\t\t\t\t<figure class=\"wp-caption\">\n\t\t\t\t\t\t\t\t\t\t<img decoding=\"async\" width=\"768\" height=\"512\" src=\"https:\/\/www.elturistatranquil.com\/wp-content\/uploads\/F03-Santa-Maria-de-Melque-Toledo.jpg\" class=\"attachment-large size-large wp-image-42703\" alt=\"Santa Maria de Melque, Toledo\" srcset=\"https:\/\/www.elturistatranquil.com\/wp-content\/uploads\/F03-Santa-Maria-de-Melque-Toledo.jpg 768w, https:\/\/www.elturistatranquil.com\/wp-content\/uploads\/F03-Santa-Maria-de-Melque-Toledo-339x226.jpg 339w\" sizes=\"(max-width: 768px) 100vw, 768px\" \/>\t\t\t\t\t\t\t\t\t\t\t<figcaption class=\"widget-image-caption wp-caption-text\"><\/figcaption>\n\t\t\t\t\t\t\t\t\t\t<\/figure>\n\t\t\t\t\t\t\t\t\t<\/div>\n\t\t\t\t<\/div>\n\t\t\t\t<div class=\"elementor-element elementor-element-21b214e2 elementor-widget elementor-widget-heading\" data-id=\"21b214e2\" data-element_type=\"widget\" data-e-type=\"widget\" data-widget_type=\"heading.default\">\n\t\t\t\t<div class=\"elementor-widget-container\">\n\t\t\t\t\t<h2 class=\"elementor-heading-title elementor-size-default\">Context hist\u00f2ric<\/h2>\t\t\t\t<\/div>\n\t\t\t\t<\/div>\n\t\t\t\t<div class=\"elementor-element elementor-element-51b06e1 elementor-widget elementor-widget-text-editor\" data-id=\"51b06e1\" data-element_type=\"widget\" data-e-type=\"widget\" data-widget_type=\"text-editor.default\">\n\t\t\t\t<div class=\"elementor-widget-container\">\n\t\t\t\t\t\t\t\t\t<p>El per\u00edode tardoantic \u2013 altmedieval a la hist\u00f2ria d&#8217;Espanya, entre els segles VII i IX, \u00e9s un dels m\u00e9s obscurs des del punt de vista de la informaci\u00f3 documental, la qual cosa significa que, com que no tenen registres sobre els moments de la seva construcci\u00f3, la dataci\u00f3 de cadascun queda limitada a la interpretaci\u00f3 dels elements arquitect\u00f2nics, constructius i decoratius que han arribat fins a nosaltres.<\/p><p>Per aix\u00f2, els relativament escassos edificis, sobretot religiosos, que subsisteixen, estan sotmesos a un intens debat de dataci\u00f3 entre adscriure&#8217;ls al per\u00edode visig\u00f2tic o al moss\u00e0rab, tenint en compte que entre els anys 711 i 716 s&#8217;havia produ\u00eft el domini militar musulm\u00e0 sobre la Pen\u00ednsula que ja havia arribat als Pirineus.<\/p><p>En aquesta primera etapa de dominaci\u00f3 musulmana, el domini territorial s&#8217;exercia sobretot a trav\u00e9s del control dels nuclis urbans i pactant i absorbint les classes dirigents visigodes. La conquesta de la pen\u00ednsula ib\u00e8rica pels \u00e0rabs va truncar una traject\u00f2ria, per\u00f2 no va acabar amb una esgl\u00e9sia cristiana que comptava amb diversos segles de tradici\u00f3.<\/p><p>El gruix de la poblaci\u00f3 estava format pels moss\u00e0rabs, \u00e9s a dir, la poblaci\u00f3 hisp\u00e0nica que conservava la seva creen\u00e7a religiosa cristiana, consentida pel dret isl\u00e0mic com a tribut\u00e0ria. Va conviure a l&#8217;Espanya musulmana fins a finals del segle XI, permetent la seva organitzaci\u00f3 eclesi\u00e0stica i judicial. Amb el temps, tamb\u00e9 es considerar\u00e0 moss\u00e0rab la poblaci\u00f3 hisp\u00e0nica que va emigrar als regnes cristians del nord, portant amb si elements culturals musulmans.<\/p><p>Tot indica que aquests successos no van produir un canvi de paradigma est\u00e8tic sobtat a l&#8217;arquitectura religiosa, sin\u00f3 una progressiva penetraci\u00f3 de la cultura omeia.<\/p><p>Aquesta incertesa ha significat per a Melque que, com assenyala el professor <a href=\"https:\/\/urbsregia.eu\/revista\/urbs-regia-no5\/\" target=\"_blank\" rel=\"noopener\">Luis Caballero Zoreda<\/a> (2020, pp. 60-91), la seva adscripci\u00f3 cultural i cronol\u00f2gica ha vacil\u00b7lat entre visigoda del segle VII i moss\u00e0rab dels segles VIII o IX, provocant un moviment pendular que ha acabat arrossegant tamb\u00e9 altres esgl\u00e9sies que es consideraven de cronologia visigoda. Actualment, encara no s&#8217;ha aconseguit un consens cient\u00edfic sobre la data, ni s&#8217;ha solucionat el dilema produ\u00eft.<\/p><p>Els treballs del professor Caballero em seran de gran ajuda per al desenvolupament del <em>Post<\/em>.<\/p>\t\t\t\t\t\t\t\t<\/div>\n\t\t\t\t<\/div>\n\t\t\t\t<div class=\"elementor-element elementor-element-99593cd elementor-widget elementor-widget-menu-anchor\" data-id=\"99593cd\" data-element_type=\"widget\" data-e-type=\"widget\" data-widget_type=\"menu-anchor.default\">\n\t\t\t\t<div class=\"elementor-widget-container\">\n\t\t\t\t\t\t\t<div class=\"elementor-menu-anchor\" id=\"b6803\"><\/div>\n\t\t\t\t\t\t<\/div>\n\t\t\t\t<\/div>\n\t\t\t\t<div class=\"elementor-element elementor-element-5d659720 elementor-widget elementor-widget-heading\" data-id=\"5d659720\" data-element_type=\"widget\" data-e-type=\"widget\" data-widget_type=\"heading.default\">\n\t\t\t\t<div class=\"elementor-widget-container\">\n\t\t\t\t\t<h3 class=\"elementor-heading-title elementor-size-default\">Santa Maria de Melque i el territori de la Regia Sedes<\/h3>\t\t\t\t<\/div>\n\t\t\t\t<\/div>\n\t\t\t\t<div class=\"elementor-element elementor-element-0c10470 elementor-widget elementor-widget-text-editor\" data-id=\"0c10470\" data-element_type=\"widget\" data-e-type=\"widget\" data-widget_type=\"text-editor.default\">\n\t\t\t\t<div class=\"elementor-widget-container\">\n\t\t\t\t\t\t\t\t\t<p>Localitzada a uns 40 quil\u00f2metres de Toledo, que havia estat la capital del regne visigot (Urbs Regia) i va continuar sent seu episcopal,<\/p><p>Es troba ben situada en un encreuament de camins format per la canyada reial segoviana que es dirigeix a Extremadura, un cam\u00ed de Toledo a C\u00f2rdova i la via romana que unia Toledo i M\u00e8rida.<\/p><p>Ocupa una terrassa entre dos rierols de la ranya toledana, entre les muntanyes de Toledo i la vall del Tajo.<\/p><p>L&#8217;esgl\u00e9sia mon\u00e0stica es troba ocupant pr\u00e0cticament el centre del recinte acotat, sobre una elevaci\u00f3 que permet el control visual de l&#8217;entorn i que la converteix alhora en un referent privilegiat.<\/p><p>L&#8217;ascens de Toledo a seu r\u00e8gia va implicar la construcci\u00f3 de nombrosos edificis dels quals nom\u00e9s han quedat not\u00edcies i algunes petites restes materials reutilitzades en immobles de diferents \u00e8poques. Aquesta realitat tamb\u00e9 va tenir el seu reflex al territori m\u00e9s proper a la ciutat, on tamb\u00e9 es va deixar veure el poder de les elits visigodes. A aix\u00f2 es deu que l&#8217;entorn de Toledo es coneguin dades i troballes d&#8217;importants palaus i conjunts mon\u00e0stics que, com en el cas de Santa Maria de Melque, serveixen per con\u00e8ixer el desenvolupament de l&#8217;arquitectura palatina toledana.<\/p><p>En aquest punt apareix el primer dilema interpretatiu sobre Santa Maria de Melque: va ser resultat una iniciativa palatina del segle VII, d&#8217;algun alt personatge de la Cort que hi va voler instal\u00b7lar el mausoleu custodiat pels monjos? o va ser obra monacal vinculada a la seu episcopal de Toledo, acceptada pel poder musulm\u00e0 en la seva primera etapa i, per tant, obra moss\u00e0rab iniciada al segle VIII?<\/p>\t\t\t\t\t\t\t\t<\/div>\n\t\t\t\t<\/div>\n\t\t\t\t<div class=\"elementor-element elementor-element-e809d5e elementor-widget elementor-widget-menu-anchor\" data-id=\"e809d5e\" data-element_type=\"widget\" data-e-type=\"widget\" data-widget_type=\"menu-anchor.default\">\n\t\t\t\t<div class=\"elementor-widget-container\">\n\t\t\t\t\t\t\t<div class=\"elementor-menu-anchor\" id=\"b6804\"><\/div>\n\t\t\t\t\t\t<\/div>\n\t\t\t\t<\/div>\n\t\t\t\t<div class=\"elementor-element elementor-element-dcf8deb elementor-widget elementor-widget-heading\" data-id=\"dcf8deb\" data-element_type=\"widget\" data-e-type=\"widget\" data-widget_type=\"heading.default\">\n\t\t\t\t<div class=\"elementor-widget-container\">\n\t\t\t\t\t<h2 class=\"elementor-heading-title elementor-size-default\">El Lloc Hist\u00f2ric de Melque<\/h2>\t\t\t\t<\/div>\n\t\t\t\t<\/div>\n\t\t\t\t<div class=\"elementor-element elementor-element-5af23a6 elementor-widget elementor-widget-text-editor\" data-id=\"5af23a6\" data-element_type=\"widget\" data-e-type=\"widget\" data-widget_type=\"text-editor.default\">\n\t\t\t\t<div class=\"elementor-widget-container\">\n\t\t\t\t\t\t\t\t\t<p>El <em>Lloc Hist\u00f2ric<\/em> de Melque, com a categoria <em>BIC<\/em> catalogada el 1993, es troba dins una finca cercada d&#8217;aproximadament 29 hect\u00e0rees que cont\u00e9: l&#8217;esgl\u00e9sia de Santa Maria; les restes arqueol\u00f2giques d&#8217;un monestir; muralles, etc.; restes de cinc rescloses d\u2019aigua; i terrasses agr\u00edcoles artificials. A m\u00e9s, una s\u00e8rie de cases de cultiu modernes on s&#8217;ubica un Centre d&#8217;Interpretaci\u00f3, un espai expositiu i depend\u00e8ncies de servei, administraci\u00f3, etc.<\/p><p>Despr\u00e9s de la seva fundaci\u00f3 com a monestir, el conjunt edificat va patir diversos avatars que anir\u00e9 descrivint, fins a arribar a la situaci\u00f3 de monument historicotur\u00edstic actual.<\/p><p>La funci\u00f3 creacional va ser mon\u00e0stica, sent una de les hip\u00f2tesis de motivaci\u00f3 el que serv\u00eds de mausoleu a algun alt personatges de la cort visigoda de Toledo.<\/p><p>Al segle IX el conjunt va perdre la seva finalitat cristiana per convertir-se en una petita fortalesa al costat de la qual va cr\u00e9ixer una petita alqueria andalusina. La petjada m\u00e9s visible dels canvis patits als segles VIII i IX \u00e9s la torre que cobreix la c\u00fapula de l&#8217;Esgl\u00e9sia.<\/p><p>Amb la conquesta de Toledo pel rei Alfonso VI l&#8217;any 1085, l&#8217;Esgl\u00e9sia va recuperar la seva antiga funci\u00f3 lit\u00fargica cristiana sense perdre la seva afegida funci\u00f3 militar, que conservaria com a centre d&#8217;una petita fortalesa propietat de l&#8217;Ordre del Temple. Despr\u00e9s de la suspensi\u00f3 de l&#8217;Ordre el 1309, va passar a mans senyorials.<\/p><p>Des del final de l&#8217;Edat Mitjana, i a causa de l&#8217;auge de noves poblacions, el lloc va anar perdent poblaci\u00f3 i el temple va acabar convertit en una ermita rural, que va arribar amb culte a mitjan segle XIX.<\/p><p>Despr\u00e9s de la desamortitzaci\u00f3, l&#8217;immoble es va reutilitzar com a depend\u00e8ncia agropecu\u00e0ria, cosa que va possibilitar la perviv\u00e8ncia de l&#8217;edifici.<\/p><p>El seu descobriment es va produir al comen\u00e7ament del segle XX pel comte de Cedillo. Va ser llavors quan se&#8217;n va iniciar l&#8217;estudi i la valoraci\u00f3. Amb la compra del b\u00e9 per la Diputaci\u00f3 Provincial de Toledo el 1968 es realitzar\u00e0 la seva definitiva rehabilitaci\u00f3 i obertura al p\u00fablic.<\/p><p>A l&#8217;exposici\u00f3 que segueix, la primera part la dedicar\u00e9 a seguir aquests canvis de funci\u00f3 del conjunt monacal. A continuaci\u00f3, em centrar\u00e9 a l&#8217;edifici de l&#8217;esgl\u00e9sia, com la construcci\u00f3 hist\u00f2rica que ha arribat als nostres dies. Finalment, recorrer\u00e9 el centre d&#8217;interpretaci\u00f3 i les edificacions de l&#8217;\u00faltim \u00fas agropecuari del lloc i la funci\u00f3 actual.<\/p>\t\t\t\t\t\t\t\t<\/div>\n\t\t\t\t<\/div>\n\t\t\t\t<div class=\"elementor-element elementor-element-23276e7 elementor-widget elementor-widget-menu-anchor\" data-id=\"23276e7\" data-element_type=\"widget\" data-e-type=\"widget\" data-widget_type=\"menu-anchor.default\">\n\t\t\t\t<div class=\"elementor-widget-container\">\n\t\t\t\t\t\t\t<div class=\"elementor-menu-anchor\" id=\"b6805\"><\/div>\n\t\t\t\t\t\t<\/div>\n\t\t\t\t<\/div>\n\t\t\t\t<div class=\"elementor-element elementor-element-964e348 elementor-widget elementor-widget-heading\" data-id=\"964e348\" data-element_type=\"widget\" data-e-type=\"widget\" data-widget_type=\"heading.default\">\n\t\t\t\t<div class=\"elementor-widget-container\">\n\t\t\t\t\t<h3 class=\"elementor-heading-title elementor-size-default\">El monestir<\/h3>\t\t\t\t<\/div>\n\t\t\t\t<\/div>\n\t\t\t\t<div class=\"elementor-element elementor-element-f99e8fa elementor-widget elementor-widget-text-editor\" data-id=\"f99e8fa\" data-element_type=\"widget\" data-e-type=\"widget\" data-widget_type=\"text-editor.default\">\n\t\t\t\t<div class=\"elementor-widget-container\">\n\t\t\t\t\t\t\t\t\t<p>A excepci\u00f3 del temple, de la resta del conjunt del monestir hi s\u00f3n visibles molt pocs elements. Per aix\u00f2, per fer-nos una idea del que va ser el monestir nom\u00e9s disposem del recurs de les interpretacions i dibuixos sobre pl\u00e0nols que els experts han anat desenvolupant, i d&#8217;unes quantes restes poc visibles ja que no sobresurten respecte al nivell del s\u00f2l.<\/p><p>L&#8217;evoluci\u00f3 del monestir podem seguir-la a trav\u00e9s de la localitzaci\u00f3 i senyalitzaci\u00f3 de les tanques i muralles que es van anar construint i modificant, per donar resposta les relacions econ\u00f2miques i socials de la diferent funci\u00f3 de cada etapa i les condicions externes a qu\u00e8 adaptar-se i de les que s&#8217;havia de protegir. Cadascuna de les funcions necessita un tipus de defensa, amb la seva tanca o muralla corresponent: I. Monestir original; II. Alqueria isl\u00e0mica; III. Repoblaci\u00f3 de reconquesta; IV. Cases rurals segles XVI al XX. El dest\u00ed com a ermita; y V. Recuperaci\u00f3 al segle XX.<\/p>\t\t\t\t\t\t\t\t<\/div>\n\t\t\t\t<\/div>\n\t\t\t\t<div class=\"elementor-element elementor-element-38f40886 elementor-widget elementor-widget-heading\" data-id=\"38f40886\" data-element_type=\"widget\" data-e-type=\"widget\" data-widget_type=\"heading.default\">\n\t\t\t\t<div class=\"elementor-widget-container\">\n\t\t\t\t\t<h4 class=\"elementor-heading-title elementor-size-default\">I. Monestir original<\/h4>\t\t\t\t<\/div>\n\t\t\t\t<\/div>\n\t\t\t\t<div class=\"elementor-element elementor-element-7383d2a elementor-widget elementor-widget-text-editor\" data-id=\"7383d2a\" data-element_type=\"widget\" data-e-type=\"widget\" data-widget_type=\"text-editor.default\">\n\t\t\t\t<div class=\"elementor-widget-container\">\n\t\t\t\t\t\t\t\t\t<p>Entre els segles VII i VIII (ja s&#8217;han citat els problemes de dataci\u00f3), es va construir l&#8217;ampli conjunt monacal que s&#8217;ha conservat parcialment fins avui.<\/p><p>La primera etapa de la hist\u00f2ria del monestir correspon al per\u00edode original amb les reformes i fins a l&#8217;aband\u00f3 del monestir. Es desconeix si va ser abandonat pels monjos per pr\u00f2pia voluntat, per exemple, despla\u00e7ant-se al nord cap a terres cristianes davant de progressives dificultats per continuar amb el seu culte, o s&#8217;hi van veure obligats perqu\u00e8 el recinte fos ocupat per poblaci\u00f3 musulmana.<\/p><p>En aquest per\u00edode caldr\u00e0 distingir una primera tanca i recinte tancat per a la fundaci\u00f3 mon\u00e0stica altmedieval, que no tenia car\u00e0cter militar sin\u00f3 mon\u00e0stic, que delimitava la propietat i la intimitat mon\u00e0stica, i la posterior transformaci\u00f3 per a la defensa militar del monestir.<\/p><p>La finca que considerem mon\u00e0stica de Melque \u00e9s rural i a\u00efllada. La seva parcel\u00b7la \u00e9s rectangular, de 660&#215;400 metres, cosa que equival a unes 26 hect\u00e0rees, i est\u00e0 delimitada per una tanca de ma\u00e7oneria que acull la resid\u00e8ncia mon\u00e0stica amb l&#8217;esgl\u00e9sia, una font perenne, i dues parelles de rescloses per recollir les aig\u00fces dels dos rierols que creuen el seu interior. A m\u00e9s, comptava amb un complex sistema de feixes realitzat per tal d\u2019omplir de terra algunes zones de la vall i permetre aix\u00ed les tasques agr\u00e0ries que necessitava la comunitat, fent del monestir una entitat autosuficient.<\/p>\t\t\t\t\t\t\t\t<\/div>\n\t\t\t\t<\/div>\n\t\t\t\t<div class=\"elementor-element elementor-element-039d70d elementor-widget elementor-widget-image\" data-id=\"039d70d\" data-element_type=\"widget\" data-e-type=\"widget\" data-widget_type=\"image.default\">\n\t\t\t\t<div class=\"elementor-widget-container\">\n\t\t\t\t\t\t\t\t\t\t\t\t<figure class=\"wp-caption\">\n\t\t\t\t\t\t\t\t\t\t<img loading=\"lazy\" decoding=\"async\" width=\"768\" height=\"512\" src=\"https:\/\/www.elturistatranquil.com\/wp-content\/uploads\/F04-Santa-Maria-de-Melque-Toledo.jpg\" class=\"attachment-large size-large wp-image-42705\" alt=\"Santa Maria de Melque, Toledo\" srcset=\"https:\/\/www.elturistatranquil.com\/wp-content\/uploads\/F04-Santa-Maria-de-Melque-Toledo.jpg 768w, https:\/\/www.elturistatranquil.com\/wp-content\/uploads\/F04-Santa-Maria-de-Melque-Toledo-339x226.jpg 339w\" sizes=\"(max-width: 768px) 100vw, 768px\" \/>\t\t\t\t\t\t\t\t\t\t\t<figcaption class=\"widget-image-caption wp-caption-text\"><\/figcaption>\n\t\t\t\t\t\t\t\t\t\t<\/figure>\n\t\t\t\t\t\t\t\t\t<\/div>\n\t\t\t\t<\/div>\n\t\t\t\t<div class=\"elementor-element elementor-element-f15f754 elementor-widget elementor-widget-image\" data-id=\"f15f754\" data-element_type=\"widget\" data-e-type=\"widget\" data-widget_type=\"image.default\">\n\t\t\t\t<div class=\"elementor-widget-container\">\n\t\t\t\t\t\t\t\t\t\t\t\t<figure class=\"wp-caption\">\n\t\t\t\t\t\t\t\t\t\t<img loading=\"lazy\" decoding=\"async\" width=\"768\" height=\"512\" src=\"https:\/\/www.elturistatranquil.com\/wp-content\/uploads\/F05-Santa-Maria-de-Melque-Toledo-Google-earth-2022-09-24.jpg\" class=\"attachment-large size-large wp-image-42707\" alt=\"Santa Maria de Melque, Toledo (Google earth 2022-09-24)\" srcset=\"https:\/\/www.elturistatranquil.com\/wp-content\/uploads\/F05-Santa-Maria-de-Melque-Toledo-Google-earth-2022-09-24.jpg 768w, https:\/\/www.elturistatranquil.com\/wp-content\/uploads\/F05-Santa-Maria-de-Melque-Toledo-Google-earth-2022-09-24-339x226.jpg 339w\" sizes=\"(max-width: 768px) 100vw, 768px\" \/>\t\t\t\t\t\t\t\t\t\t\t<figcaption class=\"widget-image-caption wp-caption-text\">L\u00edmits estimats del recinte mon\u00e0stic de Santa Maria de Melque (Google earth 2022-08-24)<\/figcaption>\n\t\t\t\t\t\t\t\t\t\t<\/figure>\n\t\t\t\t\t\t\t\t\t<\/div>\n\t\t\t\t<\/div>\n\t\t\t\t<div class=\"elementor-element elementor-element-1322b4c elementor-widget elementor-widget-text-editor\" data-id=\"1322b4c\" data-element_type=\"widget\" data-e-type=\"widget\" data-widget_type=\"text-editor.default\">\n\t\t\t\t<div class=\"elementor-widget-container\">\n\t\t\t\t\t\t\t\t\t<p>El monestir pr\u00f2piament dit, de 8.000 m<sup>2<\/sup>, es va construir en un petit tur\u00f3 adaptant-se al terreny i dividit en tres recintes successius, amb sengles patis interiors.<\/p><p>L&#8217;esgl\u00e9sia se situa al segon recinte, per\u00f2 de manera que la tanca que separava aquests dos recintes deixava el porxo al primer i l&#8217;esgl\u00e9sia pr\u00f2piament dita al segon. Aix\u00ed actuava de vest\u00edbul entre el primer recinte, laic, i el segon recinte, el central, que es considera la resid\u00e8ncia monacal, amb edificis en tres dels costats.<\/p><p>El tercer recinte de planta rectangular debia tenir una funci\u00f3 auxiliar o de serveis i s&#8217;organitzava amb edificis perimetrals d&#8217;una sola nau.<\/p><p>Les edificacions d&#8217;aquests tres recintes es van construir amb murs fonamentats, de ma\u00e7oneria cuidada amb morter de cal\u00e7 i cadenes de carreus als angles i els marcs de les obertures.<\/p><p>El cementiri s&#8217;ubicava, amb la seva pr\u00f2pia tanca, al primer recinte entre la tanca que el separava del segon i el costat nord del porxo de l&#8217;esgl\u00e9sia.<\/p>\t\t\t\t\t\t\t\t<\/div>\n\t\t\t\t<\/div>\n\t\t\t\t<div class=\"elementor-element elementor-element-fdf6809 elementor-widget elementor-widget-image\" data-id=\"fdf6809\" data-element_type=\"widget\" data-e-type=\"widget\" data-widget_type=\"image.default\">\n\t\t\t\t<div class=\"elementor-widget-container\">\n\t\t\t\t\t\t\t\t\t\t\t\t<figure class=\"wp-caption\">\n\t\t\t\t\t\t\t\t\t\t<img loading=\"lazy\" decoding=\"async\" width=\"380\" height=\"380\" src=\"https:\/\/www.elturistatranquil.com\/wp-content\/uploads\/F06m-Santa-Maria-de-Melque-Toledo.jpg\" class=\"attachment-large size-large wp-image-42709\" alt=\"Santa Maria de Melque, Toledo\" srcset=\"https:\/\/www.elturistatranquil.com\/wp-content\/uploads\/F06m-Santa-Maria-de-Melque-Toledo.jpg 380w, https:\/\/www.elturistatranquil.com\/wp-content\/uploads\/F06m-Santa-Maria-de-Melque-Toledo-226x226.jpg 226w\" sizes=\"(max-width: 380px) 100vw, 380px\" \/>\t\t\t\t\t\t\t\t\t\t\t<figcaption class=\"widget-image-caption wp-caption-text\">En negre, fase original. En blau, fase de reformes defensives i funer\u00e0ries<\/figcaption>\n\t\t\t\t\t\t\t\t\t\t<\/figure>\n\t\t\t\t\t\t\t\t\t<\/div>\n\t\t\t\t<\/div>\n\t\t\t\t<div class=\"elementor-element elementor-element-7c1541d elementor-widget elementor-widget-image\" data-id=\"7c1541d\" data-element_type=\"widget\" data-e-type=\"widget\" data-widget_type=\"image.default\">\n\t\t\t\t<div class=\"elementor-widget-container\">\n\t\t\t\t\t\t\t\t\t\t\t\t<figure class=\"wp-caption\">\n\t\t\t\t\t\t\t\t\t\t<img loading=\"lazy\" decoding=\"async\" width=\"380\" height=\"380\" src=\"https:\/\/www.elturistatranquil.com\/wp-content\/uploads\/F06n-Santa-Maria-de-Melque-Toledo.jpg\" class=\"attachment-large size-large wp-image-42711\" alt=\"Santa Maria de Melque, Toledo\" srcset=\"https:\/\/www.elturistatranquil.com\/wp-content\/uploads\/F06n-Santa-Maria-de-Melque-Toledo.jpg 380w, https:\/\/www.elturistatranquil.com\/wp-content\/uploads\/F06n-Santa-Maria-de-Melque-Toledo-226x226.jpg 226w\" sizes=\"(max-width: 380px) 100vw, 380px\" \/>\t\t\t\t\t\t\t\t\t\t\t<figcaption class=\"widget-image-caption wp-caption-text\">La imatge \u00e9s una recreaci\u00f3 ideal del primer temple i les estances monacals (Dibuix: Fernando S\u00e1ez Lara)<\/figcaption>\n\t\t\t\t\t\t\t\t\t\t<\/figure>\n\t\t\t\t\t\t\t\t\t<\/div>\n\t\t\t\t<\/div>\n\t\t\t\t<div class=\"elementor-element elementor-element-ee17d11 elementor-widget elementor-widget-image\" data-id=\"ee17d11\" data-element_type=\"widget\" data-e-type=\"widget\" data-widget_type=\"image.default\">\n\t\t\t\t<div class=\"elementor-widget-container\">\n\t\t\t\t\t\t\t\t\t\t\t\t<figure class=\"wp-caption\">\n\t\t\t\t\t\t\t\t\t\t<img loading=\"lazy\" decoding=\"async\" width=\"768\" height=\"512\" src=\"https:\/\/www.elturistatranquil.com\/wp-content\/uploads\/F07-Santa-Maria-de-Melque-Toledo.jpg\" class=\"attachment-large size-large wp-image-42713\" alt=\"Santa Maria de Melque, Toledo\" srcset=\"https:\/\/www.elturistatranquil.com\/wp-content\/uploads\/F07-Santa-Maria-de-Melque-Toledo.jpg 768w, https:\/\/www.elturistatranquil.com\/wp-content\/uploads\/F07-Santa-Maria-de-Melque-Toledo-339x226.jpg 339w\" sizes=\"(max-width: 768px) 100vw, 768px\" \/>\t\t\t\t\t\t\t\t\t\t\t<figcaption class=\"widget-image-caption wp-caption-text\">(Font: Centre d\u2019Interpretaci\u00f3)<\/figcaption>\n\t\t\t\t\t\t\t\t\t\t<\/figure>\n\t\t\t\t\t\t\t\t\t<\/div>\n\t\t\t\t<\/div>\n\t\t\t\t<div class=\"elementor-element elementor-element-6cf16eb elementor-widget elementor-widget-text-editor\" data-id=\"6cf16eb\" data-element_type=\"widget\" data-e-type=\"widget\" data-widget_type=\"text-editor.default\">\n\t\t\t\t<div class=\"elementor-widget-container\">\n\t\t\t\t\t\t\t\t\t<p>La situaci\u00f3 d&#8217;inestabilitat provocada per la dissid\u00e8ncia de Toledo davant del poder cordov\u00e8s i les lluites entre faccions isl\u00e0miques d&#8217;\u00e0rabs, sirians i berbers, on destaquen les revoltes de berbers el 741, 768 i 777 dC donaria lloc a una adequaci\u00f3 de l&#8217;esgl\u00e9sia i el monestir a la nova situaci\u00f3, amb actuacions d&#8217;autodefensa que es van haver de permetre per l&#8217;autoritat isl\u00e0mica.<\/p><p>Es va construir una muralla als peus de l&#8217;Esgl\u00e9sia formada per dos murs paral\u00b7lels de ma\u00e7oneria amb farciment de sorra neta, amb una porta defensada per una torrassa de planta rectangular i un cam\u00ed de ronda.<\/p><p>A la part alta de la figura seg\u00fcent es representen diverses tanques que parteixen de l&#8217;esgl\u00e9sia, dividint el pati a zones segons el seu dest\u00ed.<\/p>\t\t\t\t\t\t\t\t<\/div>\n\t\t\t\t<\/div>\n\t\t\t\t<div class=\"elementor-element elementor-element-0b43357 elementor-widget elementor-widget-image\" data-id=\"0b43357\" data-element_type=\"widget\" data-e-type=\"widget\" data-widget_type=\"image.default\">\n\t\t\t\t<div class=\"elementor-widget-container\">\n\t\t\t\t\t\t\t\t\t\t\t\t<figure class=\"wp-caption\">\n\t\t\t\t\t\t\t\t\t\t<img loading=\"lazy\" decoding=\"async\" width=\"642\" height=\"550\" src=\"https:\/\/www.elturistatranquil.com\/wp-content\/uploads\/F08-Santa-Maria-de-Melque-Toledo.jpg\" class=\"attachment-large size-large wp-image-42715\" alt=\"Santa Maria de Melque, Toledo\" srcset=\"https:\/\/www.elturistatranquil.com\/wp-content\/uploads\/F08-Santa-Maria-de-Melque-Toledo.jpg 642w, https:\/\/www.elturistatranquil.com\/wp-content\/uploads\/F08-Santa-Maria-de-Melque-Toledo-264x226.jpg 264w\" sizes=\"(max-width: 642px) 100vw, 642px\" \/>\t\t\t\t\t\t\t\t\t\t\t<figcaption class=\"widget-image-caption wp-caption-text\">Representaci\u00f3 3D Melque segle VIII (Pablo Aparicio-Miguel Fdez.) basada en representaci\u00f3 Fase 1B de reforma (L. Caballero, F.J. Moreno, Balatalmelc) <\/figcaption>\n\t\t\t\t\t\t\t\t\t\t<\/figure>\n\t\t\t\t\t\t\t\t\t<\/div>\n\t\t\t\t<\/div>\n\t\t\t\t<div class=\"elementor-element elementor-element-0c158e5 elementor-widget elementor-widget-text-editor\" data-id=\"0c158e5\" data-element_type=\"widget\" data-e-type=\"widget\" data-widget_type=\"text-editor.default\">\n\t\t\t\t<div class=\"elementor-widget-container\">\n\t\t\t\t\t\t\t\t\t<p>A l&#8217;esgl\u00e9sia es van tancar els accessos del transsepte, aprofitant els espais aconseguits per convertir-los en petits santuaris. D&#8217;aquesta manera, l&#8217;esgl\u00e9sia va passar a tenir tres altars, documentant aquest canvi lit\u00fargic a Hisp\u00e0nia cap a l&#8217;any 800.<\/p><p>A la part del darrere de l&#8217;esgl\u00e9sia, adossada a l&#8217;aula, s&#8217;hi va afegir una habitaci\u00f3, d&#8217;aparell similar al de l&#8217;esgl\u00e9sia, per\u00f2 de pitjor qualitat, trencant el mur occidental de la nau nord del transsepte per obrir una porta de comunicaci\u00f3, i amb arquets en tres de les parets.<\/p>\t\t\t\t\t\t\t\t<\/div>\n\t\t\t\t<\/div>\n\t\t\t\t<div class=\"elementor-element elementor-element-5dbf209 elementor-widget elementor-widget-heading\" data-id=\"5dbf209\" data-element_type=\"widget\" data-e-type=\"widget\" data-widget_type=\"heading.default\">\n\t\t\t\t<div class=\"elementor-widget-container\">\n\t\t\t\t\t<h4 class=\"elementor-heading-title elementor-size-default\">II. Alqueria isl\u00e0mica<\/h4>\t\t\t\t<\/div>\n\t\t\t\t<\/div>\n\t\t\t\t<div class=\"elementor-element elementor-element-c00a08e elementor-widget elementor-widget-text-editor\" data-id=\"c00a08e\" data-element_type=\"widget\" data-e-type=\"widget\" data-widget_type=\"text-editor.default\">\n\t\t\t\t<div class=\"elementor-widget-container\">\n\t\t\t\t\t\t\t\t\t<p>A finals segle IX es va produir l&#8217;aband\u00f3 de l&#8217;\u00fas cultual del monestir cristi\u00e0 per donar lloc a un poblat on va arribar a ser el territori de la taifa toledana. Els seus habitants es van dotar d&#8217;una muralla nova i van aprofitar la fortalesa de l&#8217;Esgl\u00e9sia per convertir-la en un petit castell del qual nom\u00e9s se n&#8217;ha conservat parcialment la torre. Un altre dels llegats que devem a aquest moment \u00e9s el nom de Balat abd al Melik, o palau del pr\u00edncep, amb qu\u00e8 es va denominar al lloc i que ha evolucionat fins a convertir-se en el nom de Melque.<\/p>\t\t\t\t\t\t\t\t<\/div>\n\t\t\t\t<\/div>\n\t\t\t\t<div class=\"elementor-element elementor-element-bbcab39 elementor-widget elementor-widget-image\" data-id=\"bbcab39\" data-element_type=\"widget\" data-e-type=\"widget\" data-widget_type=\"image.default\">\n\t\t\t\t<div class=\"elementor-widget-container\">\n\t\t\t\t\t\t\t\t\t\t\t\t<figure class=\"wp-caption\">\n\t\t\t\t\t\t\t\t\t\t<img loading=\"lazy\" decoding=\"async\" width=\"768\" height=\"512\" src=\"https:\/\/www.elturistatranquil.com\/wp-content\/uploads\/F10-Santa-Maria-de-Melque-Toledo.jpg\" class=\"attachment-large size-large wp-image-42717\" alt=\"Santa Maria de Melque, Toledo\" srcset=\"https:\/\/www.elturistatranquil.com\/wp-content\/uploads\/F10-Santa-Maria-de-Melque-Toledo.jpg 768w, https:\/\/www.elturistatranquil.com\/wp-content\/uploads\/F10-Santa-Maria-de-Melque-Toledo-339x226.jpg 339w\" sizes=\"(max-width: 768px) 100vw, 768px\" \/>\t\t\t\t\t\t\t\t\t\t\t<figcaption class=\"widget-image-caption wp-caption-text\">(Font: Centre d\u2019Interpretaci\u00f3)<\/figcaption>\n\t\t\t\t\t\t\t\t\t\t<\/figure>\n\t\t\t\t\t\t\t\t\t<\/div>\n\t\t\t\t<\/div>\n\t\t\t\t<div class=\"elementor-element elementor-element-b202de9 elementor-widget elementor-widget-heading\" data-id=\"b202de9\" data-element_type=\"widget\" data-e-type=\"widget\" data-widget_type=\"heading.default\">\n\t\t\t\t<div class=\"elementor-widget-container\">\n\t\t\t\t\t<h4 class=\"elementor-heading-title elementor-size-default\">III. Repoblaci\u00f3 de reconquesta<\/h4>\t\t\t\t<\/div>\n\t\t\t\t<\/div>\n\t\t\t\t<div class=\"elementor-element elementor-element-ee7c802 elementor-widget elementor-widget-text-editor\" data-id=\"ee7c802\" data-element_type=\"widget\" data-e-type=\"widget\" data-widget_type=\"text-editor.default\">\n\t\t\t\t<div class=\"elementor-widget-container\">\n\t\t\t\t\t\t\t\t\t<p>A finals del segle XI i coincidint amb la reconquesta de Toledo per Alfonso VI, es va produir l&#8217;inici de domini cristi\u00e0 a tota la zona. Fins a la vict\u00f2ria de les Navas de Tolosa l&#8217;any 1212 aquesta zona de la vall del Tajo esdevingu\u00e9 un lloc insegur. Aquesta situaci\u00f3 va haver de propiciar la construcci\u00f3 de noves muralles barbacanes al costat de l&#8217;esgl\u00e9sia de Santa Maria de Melque per potenciar-ne els coneguts valors militars. El temple, per\u00f2, va recuperar la seva funci\u00f3 cultural i es va convertir al centre d&#8217;una densa necr\u00f2polis.<\/p><p>L&#8217;alqueria musulmana va ser reempla\u00e7ada per un assentament cristi\u00e0 de reconquesta, amb una muralla castellana tardomedieval, i del qual es coneixen les seves muralles i necr\u00f2polis successives.<\/p>\t\t\t\t\t\t\t\t<\/div>\n\t\t\t\t<\/div>\n\t\t\t\t<div class=\"elementor-element elementor-element-84102ee elementor-widget elementor-widget-image\" data-id=\"84102ee\" data-element_type=\"widget\" data-e-type=\"widget\" data-widget_type=\"image.default\">\n\t\t\t\t<div class=\"elementor-widget-container\">\n\t\t\t\t\t\t\t\t\t\t\t\t<figure class=\"wp-caption\">\n\t\t\t\t\t\t\t\t\t\t<img loading=\"lazy\" decoding=\"async\" width=\"768\" height=\"512\" src=\"https:\/\/www.elturistatranquil.com\/wp-content\/uploads\/F11-Santa-Maria-de-Melque-Toledo.jpg\" class=\"attachment-large size-large wp-image-42719\" alt=\"Santa Maria de Melque, Toledo\" srcset=\"https:\/\/www.elturistatranquil.com\/wp-content\/uploads\/F11-Santa-Maria-de-Melque-Toledo.jpg 768w, https:\/\/www.elturistatranquil.com\/wp-content\/uploads\/F11-Santa-Maria-de-Melque-Toledo-339x226.jpg 339w\" sizes=\"(max-width: 768px) 100vw, 768px\" \/>\t\t\t\t\t\t\t\t\t\t\t<figcaption class=\"widget-image-caption wp-caption-text\">(Font: Centre d\u2019Interpretaci\u00f3)<\/figcaption>\n\t\t\t\t\t\t\t\t\t\t<\/figure>\n\t\t\t\t\t\t\t\t\t<\/div>\n\t\t\t\t<\/div>\n\t\t\t\t<div class=\"elementor-element elementor-element-fffb05c elementor-widget elementor-widget-text-editor\" data-id=\"fffb05c\" data-element_type=\"widget\" data-e-type=\"widget\" data-widget_type=\"text-editor.default\">\n\t\t\t\t<div class=\"elementor-widget-container\">\n\t\t\t\t\t\t\t\t\t<p>A la fotografia hist\u00f2rica, cap al 1911, encara es conservaven parts de les obres de defensa isl\u00e0miques i cristianes medievals: torre i habitacions recrescudes sobre les cobertes del cimbori i les naus. La realitzada sobre el cimbori s&#8217;ha conservat parcialment.<\/p><p>Tamb\u00e9 s&#8217;observen les ru\u00efnes de l&#8217;habitaci\u00f3 davantera dreta, ara buidada.<\/p>\t\t\t\t\t\t\t\t<\/div>\n\t\t\t\t<\/div>\n\t\t\t\t<div class=\"elementor-element elementor-element-85e7b03 elementor-widget elementor-widget-image\" data-id=\"85e7b03\" data-element_type=\"widget\" data-e-type=\"widget\" data-widget_type=\"image.default\">\n\t\t\t\t<div class=\"elementor-widget-container\">\n\t\t\t\t\t\t\t\t\t\t\t\t<figure class=\"wp-caption\">\n\t\t\t\t\t\t\t\t\t\t<img loading=\"lazy\" decoding=\"async\" width=\"768\" height=\"512\" src=\"https:\/\/www.elturistatranquil.com\/wp-content\/uploads\/F12-Santa-Maria-de-Melque-Toledo.jpg\" class=\"attachment-large size-large wp-image-42721\" alt=\"Santa Maria de Melque, Toledo\" srcset=\"https:\/\/www.elturistatranquil.com\/wp-content\/uploads\/F12-Santa-Maria-de-Melque-Toledo.jpg 768w, https:\/\/www.elturistatranquil.com\/wp-content\/uploads\/F12-Santa-Maria-de-Melque-Toledo-339x226.jpg 339w\" sizes=\"(max-width: 768px) 100vw, 768px\" \/>\t\t\t\t\t\t\t\t\t\t\t<figcaption class=\"widget-image-caption wp-caption-text\">Fotografia hist\u00f2rica vers 1911<\/figcaption>\n\t\t\t\t\t\t\t\t\t\t<\/figure>\n\t\t\t\t\t\t\t\t\t<\/div>\n\t\t\t\t<\/div>\n\t\t\t\t<div class=\"elementor-element elementor-element-6099b6c elementor-widget elementor-widget-image\" data-id=\"6099b6c\" data-element_type=\"widget\" data-e-type=\"widget\" data-widget_type=\"image.default\">\n\t\t\t\t<div class=\"elementor-widget-container\">\n\t\t\t\t\t\t\t\t\t\t\t\t<figure class=\"wp-caption\">\n\t\t\t\t\t\t\t\t\t\t<img loading=\"lazy\" decoding=\"async\" width=\"768\" height=\"511\" src=\"https:\/\/www.elturistatranquil.com\/wp-content\/uploads\/F13-Santa-Maria-de-Melque-Toledo.jpg\" class=\"attachment-large size-large wp-image-42723\" alt=\"Santa Maria de Melque, Toledo\" srcset=\"https:\/\/www.elturistatranquil.com\/wp-content\/uploads\/F13-Santa-Maria-de-Melque-Toledo.jpg 768w, https:\/\/www.elturistatranquil.com\/wp-content\/uploads\/F13-Santa-Maria-de-Melque-Toledo-339x226.jpg 339w\" sizes=\"(max-width: 768px) 100vw, 768px\" \/>\t\t\t\t\t\t\t\t\t\t\t<figcaption class=\"widget-image-caption wp-caption-text\"><\/figcaption>\n\t\t\t\t\t\t\t\t\t\t<\/figure>\n\t\t\t\t\t\t\t\t\t<\/div>\n\t\t\t\t<\/div>\n\t\t\t\t<div class=\"elementor-element elementor-element-644aff3 elementor-widget elementor-widget-heading\" data-id=\"644aff3\" data-element_type=\"widget\" data-e-type=\"widget\" data-widget_type=\"heading.default\">\n\t\t\t\t<div class=\"elementor-widget-container\">\n\t\t\t\t\t<h4 class=\"elementor-heading-title elementor-size-default\">IV. El dest\u00ed com a ermita. Cases rurals segles XVI al XX <\/h4>\t\t\t\t<\/div>\n\t\t\t\t<\/div>\n\t\t\t\t<div class=\"elementor-element elementor-element-3be8ae8 elementor-widget elementor-widget-text-editor\" data-id=\"3be8ae8\" data-element_type=\"widget\" data-e-type=\"widget\" data-widget_type=\"text-editor.default\">\n\t\t\t\t<div class=\"elementor-widget-container\">\n\t\t\t\t\t\t\t\t\t<p>Al comen\u00e7ament del segle XVI s&#8217;inicia la p\u00e8rdua de la funci\u00f3 militar de Melque. El temple va tornar a recuperar la seva funci\u00f3 religiosa com a ermita, confirmant la vitalitat del lloc durant els segles XVII i XVIII fins a la desamortitzaci\u00f3 dels b\u00e9ns eclesi\u00e0stics al comen\u00e7ament del segle XIX. Durant aquest per\u00edode va servir de centre d\u00b4un petit poblat de cases populars.<\/p>\t\t\t\t\t\t\t\t<\/div>\n\t\t\t\t<\/div>\n\t\t\t\t<div class=\"elementor-element elementor-element-d474f28 elementor-widget elementor-widget-image\" data-id=\"d474f28\" data-element_type=\"widget\" data-e-type=\"widget\" data-widget_type=\"image.default\">\n\t\t\t\t<div class=\"elementor-widget-container\">\n\t\t\t\t\t\t\t\t\t\t\t\t<figure class=\"wp-caption\">\n\t\t\t\t\t\t\t\t\t\t<img loading=\"lazy\" decoding=\"async\" width=\"768\" height=\"512\" src=\"https:\/\/www.elturistatranquil.com\/wp-content\/uploads\/F14-Santa-Maria-de-Melque-Toledo.jpg\" class=\"attachment-large size-large wp-image-42725\" alt=\"Santa Maria de Melque, Toledo\" srcset=\"https:\/\/www.elturistatranquil.com\/wp-content\/uploads\/F14-Santa-Maria-de-Melque-Toledo.jpg 768w, https:\/\/www.elturistatranquil.com\/wp-content\/uploads\/F14-Santa-Maria-de-Melque-Toledo-339x226.jpg 339w\" sizes=\"(max-width: 768px) 100vw, 768px\" \/>\t\t\t\t\t\t\t\t\t\t\t<figcaption class=\"widget-image-caption wp-caption-text\">(Font: Centre d\u2019Interpretaci\u00f3)<\/figcaption>\n\t\t\t\t\t\t\t\t\t\t<\/figure>\n\t\t\t\t\t\t\t\t\t<\/div>\n\t\t\t\t<\/div>\n\t\t\t\t<div class=\"elementor-element elementor-element-a7a8067 elementor-widget elementor-widget-text-editor\" data-id=\"a7a8067\" data-element_type=\"widget\" data-e-type=\"widget\" data-widget_type=\"text-editor.default\">\n\t\t\t\t<div class=\"elementor-widget-container\">\n\t\t\t\t\t\t\t\t\t<p>El 1844 Melque va ser venuda a particulars pel duc de Fr\u00edas y Uceda, desamortitzant-se l&#8217;esgl\u00e9sia. L&#8217;espoliaci\u00f3 de material constructiu a Melque va haver d&#8217;iniciar-se a mitjan segle XIX i es va perllongar fins ben entrat el segle XX.<\/p><p>Despr\u00e9s de perdre la seva funci\u00f3 religiosa, el temple es va convertir en un estable d&#8217;un conjunt de cases de pag\u00e8s, la qual cosa va possibilitar-ne la conservaci\u00f3 fins als nostres dies malgrat algunes demolicions parcials i el robatori de carreus per realitzar noves construccions, que van arribar a posar en perill la integritat del monument. Aquesta \u00faltima etapa ja no requeria cap mena de tancat.<\/p><p>Les construccions que actualment envolten el temple formaven part d&#8217;aquestes darreres cases de pag\u00e8s.<\/p>\t\t\t\t\t\t\t\t<\/div>\n\t\t\t\t<\/div>\n\t\t\t\t<div class=\"elementor-element elementor-element-a193573 elementor-widget elementor-widget-image\" data-id=\"a193573\" data-element_type=\"widget\" data-e-type=\"widget\" data-widget_type=\"image.default\">\n\t\t\t\t<div class=\"elementor-widget-container\">\n\t\t\t\t\t\t\t\t\t\t\t\t<figure class=\"wp-caption\">\n\t\t\t\t\t\t\t\t\t\t<img loading=\"lazy\" decoding=\"async\" width=\"768\" height=\"512\" src=\"https:\/\/www.elturistatranquil.com\/wp-content\/uploads\/F15-Santa-Maria-de-Melque-Toledo.jpg\" class=\"attachment-large size-large wp-image-42727\" alt=\"Santa Maria de Melque, Toledo\" srcset=\"https:\/\/www.elturistatranquil.com\/wp-content\/uploads\/F15-Santa-Maria-de-Melque-Toledo.jpg 768w, https:\/\/www.elturistatranquil.com\/wp-content\/uploads\/F15-Santa-Maria-de-Melque-Toledo-339x226.jpg 339w\" sizes=\"(max-width: 768px) 100vw, 768px\" \/>\t\t\t\t\t\t\t\t\t\t\t<figcaption class=\"widget-image-caption wp-caption-text\"><\/figcaption>\n\t\t\t\t\t\t\t\t\t\t<\/figure>\n\t\t\t\t\t\t\t\t\t<\/div>\n\t\t\t\t<\/div>\n\t\t\t\t<div class=\"elementor-element elementor-element-3bafeb7 elementor-widget elementor-widget-image\" data-id=\"3bafeb7\" data-element_type=\"widget\" data-e-type=\"widget\" data-widget_type=\"image.default\">\n\t\t\t\t<div class=\"elementor-widget-container\">\n\t\t\t\t\t\t\t\t\t\t\t\t<figure class=\"wp-caption\">\n\t\t\t\t\t\t\t\t\t\t<img loading=\"lazy\" decoding=\"async\" width=\"768\" height=\"512\" src=\"https:\/\/www.elturistatranquil.com\/wp-content\/uploads\/F16-Santa-Maria-de-Melque-Toledo.jpg\" class=\"attachment-large size-large wp-image-42729\" alt=\"Santa Maria de Melque, Toledo\" srcset=\"https:\/\/www.elturistatranquil.com\/wp-content\/uploads\/F16-Santa-Maria-de-Melque-Toledo.jpg 768w, https:\/\/www.elturistatranquil.com\/wp-content\/uploads\/F16-Santa-Maria-de-Melque-Toledo-339x226.jpg 339w\" sizes=\"(max-width: 768px) 100vw, 768px\" \/>\t\t\t\t\t\t\t\t\t\t\t<figcaption class=\"widget-image-caption wp-caption-text\"><\/figcaption>\n\t\t\t\t\t\t\t\t\t\t<\/figure>\n\t\t\t\t\t\t\t\t\t<\/div>\n\t\t\t\t<\/div>\n\t\t\t\t<div class=\"elementor-element elementor-element-2d93e57 elementor-widget elementor-widget-heading\" data-id=\"2d93e57\" data-element_type=\"widget\" data-e-type=\"widget\" data-widget_type=\"heading.default\">\n\t\t\t\t<div class=\"elementor-widget-container\">\n\t\t\t\t\t<h4 class=\"elementor-heading-title elementor-size-default\">V. Recuperaci\u00f3 al segle XX<\/h4>\t\t\t\t<\/div>\n\t\t\t\t<\/div>\n\t\t\t\t<div class=\"elementor-element elementor-element-28dc0c2 elementor-widget elementor-widget-menu-anchor\" data-id=\"28dc0c2\" data-element_type=\"widget\" data-e-type=\"widget\" data-widget_type=\"menu-anchor.default\">\n\t\t\t\t<div class=\"elementor-widget-container\">\n\t\t\t\t\t\t\t<div class=\"elementor-menu-anchor\" id=\"b6806\"><\/div>\n\t\t\t\t\t\t<\/div>\n\t\t\t\t<\/div>\n\t\t\t\t<div class=\"elementor-element elementor-element-fbe2cb8 elementor-widget elementor-widget-text-editor\" data-id=\"fbe2cb8\" data-element_type=\"widget\" data-e-type=\"widget\" data-widget_type=\"text-editor.default\">\n\t\t\t\t<div class=\"elementor-widget-container\">\n\t\t\t\t\t\t\t\t\t<p>Al segle XX sorgeix l&#8217;inter\u00e8s renovat per la seva conservaci\u00f3 en dues etapes: a principis de segle per iniciativa del Comte de Cedillo, que culmina amb la seva classificaci\u00f3 com a <em>Monument Nacional Hist\u00f2ric Art\u00edstic<\/em> el 1931, i la declaraci\u00f3 de <em>B\u00e9 d&#8217;Inter\u00e8s Cultural (BIC) : Lloc hist\u00f2ric<\/em> el 1993. Amb el pas a propietat de la Diputaci\u00f3 de Toledo (1968) se&#8217;n va impulsar l&#8217;estudi arqueol\u00f2gic, la rehabilitaci\u00f3 i l&#8217;obertura al p\u00fablic.<\/p>\t\t\t\t\t\t\t\t<\/div>\n\t\t\t\t<\/div>\n\t\t\t\t<div class=\"elementor-element elementor-element-44fde55 elementor-widget elementor-widget-heading\" data-id=\"44fde55\" data-element_type=\"widget\" data-e-type=\"widget\" data-widget_type=\"heading.default\">\n\t\t\t\t<div class=\"elementor-widget-container\">\n\t\t\t\t\t<h3 class=\"elementor-heading-title elementor-size-default\">L'esgl\u00e9sia de Santa Maria<\/h3>\t\t\t\t<\/div>\n\t\t\t\t<\/div>\n\t\t\t\t<div class=\"elementor-element elementor-element-8d203d0 elementor-widget elementor-widget-text-editor\" data-id=\"8d203d0\" data-element_type=\"widget\" data-e-type=\"widget\" data-widget_type=\"text-editor.default\">\n\t\t\t\t<div class=\"elementor-widget-container\">\n\t\t\t\t\t\t\t\t\t<p>L&#8217;Esgl\u00e9sia de Santa Maria \u00e9s un dels temples altmedievals m\u00e9s ben conservats de la Pen\u00ednsula Ib\u00e8rica. El seu aparell i la t\u00e8cnica constructiva s\u00f3n una clara her\u00e8ncia de la tradici\u00f3 arquitect\u00f2nica tardorromana. Tot i aix\u00f2, la seva planta i alguns dels escassos elements decoratius que encara conserva, cal vincular-los amb exemples coneguts al m\u00f3n oriental, dins de la tradici\u00f3 bizantina m\u00e9s antiga.<\/p><p>Es tracta d&#8217;un formidable edifici de planta cruciforme que conserva integra les diferents naus i una de les habitacions-capella laterals, aix\u00ed com un recinte amb arcs al costat nord-oest.<\/p><p>L&#8217;entorn exterior a la fotografia podria assimilar-se aproximadament a l&#8217;entorn emmurallat defensiu constru\u00eft a la segona fase.<\/p>\t\t\t\t\t\t\t\t<\/div>\n\t\t\t\t<\/div>\n\t\t\t\t<div class=\"elementor-element elementor-element-763c696 elementor-widget elementor-widget-image\" data-id=\"763c696\" data-element_type=\"widget\" data-e-type=\"widget\" data-widget_type=\"image.default\">\n\t\t\t\t<div class=\"elementor-widget-container\">\n\t\t\t\t\t\t\t\t\t\t\t\t<figure class=\"wp-caption\">\n\t\t\t\t\t\t\t\t\t\t<img loading=\"lazy\" decoding=\"async\" width=\"768\" height=\"512\" src=\"https:\/\/www.elturistatranquil.com\/wp-content\/uploads\/F17-Santa-Maria-de-Melque-Toledo-Google-earth-2022-09-24.jpg\" class=\"attachment-large size-large wp-image-42731\" alt=\"Santa Maria de Melque, Toledo\" srcset=\"https:\/\/www.elturistatranquil.com\/wp-content\/uploads\/F17-Santa-Maria-de-Melque-Toledo-Google-earth-2022-09-24.jpg 768w, https:\/\/www.elturistatranquil.com\/wp-content\/uploads\/F17-Santa-Maria-de-Melque-Toledo-Google-earth-2022-09-24-339x226.jpg 339w\" sizes=\"(max-width: 768px) 100vw, 768px\" \/>\t\t\t\t\t\t\t\t\t\t\t<figcaption class=\"widget-image-caption wp-caption-text\">Santa Maria de Melque (Google earth 2022-08-24)<\/figcaption>\n\t\t\t\t\t\t\t\t\t\t<\/figure>\n\t\t\t\t\t\t\t\t\t<\/div>\n\t\t\t\t<\/div>\n\t\t\t\t<div class=\"elementor-element elementor-element-bc1a240 elementor-widget elementor-widget-text-editor\" data-id=\"bc1a240\" data-element_type=\"widget\" data-e-type=\"widget\" data-widget_type=\"text-editor.default\">\n\t\t\t\t<div class=\"elementor-widget-container\">\n\t\t\t\t\t\t\t\t\t<p>Est\u00e0 constru\u00efda a base de carreus irregulars de granit de grans dimensions i d&#8217;acabat arrodonit disposats en filades de forma tamb\u00e9 irregular. Els seus murs s\u00f3n llisos, coronats per una cornisa i els arcs de ferradura visigots-moss\u00e0rabs es reprodueixen en portes, finestres i arcades.<\/p>\t\t\t\t\t\t\t\t<\/div>\n\t\t\t\t<\/div>\n\t\t\t\t<div class=\"elementor-element elementor-element-78fab93 elementor-widget elementor-widget-heading\" data-id=\"78fab93\" data-element_type=\"widget\" data-e-type=\"widget\" data-widget_type=\"heading.default\">\n\t\t\t\t<div class=\"elementor-widget-container\">\n\t\t\t\t\t<h4 class=\"elementor-heading-title elementor-size-default\">Exterior del temple<\/h4>\t\t\t\t<\/div>\n\t\t\t\t<\/div>\n\t\t\t\t<div class=\"elementor-element elementor-element-1233c17 elementor-widget elementor-widget-text-editor\" data-id=\"1233c17\" data-element_type=\"widget\" data-e-type=\"widget\" data-widget_type=\"text-editor.default\">\n\t\t\t\t<div class=\"elementor-widget-container\">\n\t\t\t\t\t\t\t\t\t<p>Davant de la porta del temple els murets que resten delimiten l&#8217;espai del p\u00f2rtic primitiu, amb una entrada a cadascun dels tres costats.<\/p><p>En primer terme, a la dreta, la fonamentaci\u00f3 de la muralla defensiva de la segona fase del monestir.<\/p>\t\t\t\t\t\t\t\t<\/div>\n\t\t\t\t<\/div>\n\t\t\t\t<div class=\"elementor-element elementor-element-79fd465 elementor-widget elementor-widget-image\" data-id=\"79fd465\" data-element_type=\"widget\" data-e-type=\"widget\" data-widget_type=\"image.default\">\n\t\t\t\t<div class=\"elementor-widget-container\">\n\t\t\t\t\t\t\t\t\t\t\t\t<figure class=\"wp-caption\">\n\t\t\t\t\t\t\t\t\t\t<img loading=\"lazy\" decoding=\"async\" width=\"768\" height=\"512\" src=\"https:\/\/www.elturistatranquil.com\/wp-content\/uploads\/F18-Santa-Maria-de-Melque-Toledo.jpg\" class=\"attachment-large size-large wp-image-42733\" alt=\"Santa Maria de Melque, Toledo\" srcset=\"https:\/\/www.elturistatranquil.com\/wp-content\/uploads\/F18-Santa-Maria-de-Melque-Toledo.jpg 768w, https:\/\/www.elturistatranquil.com\/wp-content\/uploads\/F18-Santa-Maria-de-Melque-Toledo-339x226.jpg 339w\" sizes=\"(max-width: 768px) 100vw, 768px\" \/>\t\t\t\t\t\t\t\t\t\t\t<figcaption class=\"widget-image-caption wp-caption-text\"><\/figcaption>\n\t\t\t\t\t\t\t\t\t\t<\/figure>\n\t\t\t\t\t\t\t\t\t<\/div>\n\t\t\t\t<\/div>\n\t\t\t\t<div class=\"elementor-element elementor-element-8082293 elementor-widget elementor-widget-text-editor\" data-id=\"8082293\" data-element_type=\"widget\" data-e-type=\"widget\" data-widget_type=\"text-editor.default\">\n\t\t\t\t<div class=\"elementor-widget-container\">\n\t\t\t\t\t\t\t\t\t<p>De fet, la pres\u00e8ncia dels frontons triangulars i els cantons arrodonits suggereixen la intenci\u00f3 per part dels constructors per dotar el conjunt d&#8217;un aspecte monumental al m\u00e9s pur estil cl\u00e0ssic i posa de manifest la relaci\u00f3 de fundacions com Melque amb l&#8217;arquitectura de prestigi de car\u00e0cter civil.<\/p><p>En certa manera el que ve a mostrar el cas de Melque \u00e9s que els monestirs toledans de la setena cent\u00faria van actuar com a aut\u00e8ntics hereus de les antigues <em>villae<\/em> de l&#8217;imperi, tant pel que fa a la seva funci\u00f3 pr\u00e0ctica, en relaci\u00f3 amb l&#8217;explotaci\u00f3 econ\u00f2mica de un territori determinat, com en l&#8217;aspecte purament est\u00e8tic o d&#8217;ostentaci\u00f3.<\/p>\t\t\t\t\t\t\t\t<\/div>\n\t\t\t\t<\/div>\n\t\t\t\t<div class=\"elementor-element elementor-element-d3ec4e6 elementor-widget elementor-widget-image\" data-id=\"d3ec4e6\" data-element_type=\"widget\" data-e-type=\"widget\" data-widget_type=\"image.default\">\n\t\t\t\t<div class=\"elementor-widget-container\">\n\t\t\t\t\t\t\t\t\t\t\t\t<figure class=\"wp-caption\">\n\t\t\t\t\t\t\t\t\t\t<img loading=\"lazy\" decoding=\"async\" width=\"768\" height=\"512\" src=\"https:\/\/www.elturistatranquil.com\/wp-content\/uploads\/F19-Santa-Maria-de-Melque-Toledo.jpg\" class=\"attachment-large size-large wp-image-42735\" alt=\"Santa Maria de Melque, Toledo\" srcset=\"https:\/\/www.elturistatranquil.com\/wp-content\/uploads\/F19-Santa-Maria-de-Melque-Toledo.jpg 768w, https:\/\/www.elturistatranquil.com\/wp-content\/uploads\/F19-Santa-Maria-de-Melque-Toledo-339x226.jpg 339w\" sizes=\"(max-width: 768px) 100vw, 768px\" \/>\t\t\t\t\t\t\t\t\t\t\t<figcaption class=\"widget-image-caption wp-caption-text\"><\/figcaption>\n\t\t\t\t\t\t\t\t\t\t<\/figure>\n\t\t\t\t\t\t\t\t\t<\/div>\n\t\t\t\t<\/div>\n\t\t\t\t<div class=\"elementor-element elementor-element-4e4f8e3 elementor-widget elementor-widget-text-editor\" data-id=\"4e4f8e3\" data-element_type=\"widget\" data-e-type=\"widget\" data-widget_type=\"text-editor.default\">\n\t\t\t\t<div class=\"elementor-widget-container\">\n\t\t\t\t\t\t\t\t\t<p>La portada d&#8217;entrada adovellada presenta dos arcs de desc\u00e0rrega.<\/p><p>El llaurat del carreu de les obertures i dels arcs mostra una tra\u00e7a primitiva i est\u00e8ticament poc elaborada, nom\u00e9s amb inter\u00e8s funcional.<\/p>\t\t\t\t\t\t\t\t<\/div>\n\t\t\t\t<\/div>\n\t\t\t\t<div class=\"elementor-element elementor-element-abea571 elementor-widget elementor-widget-image\" data-id=\"abea571\" data-element_type=\"widget\" data-e-type=\"widget\" data-widget_type=\"image.default\">\n\t\t\t\t<div class=\"elementor-widget-container\">\n\t\t\t\t\t\t\t\t\t\t\t\t<figure class=\"wp-caption\">\n\t\t\t\t\t\t\t\t\t\t<img loading=\"lazy\" decoding=\"async\" width=\"768\" height=\"512\" src=\"https:\/\/www.elturistatranquil.com\/wp-content\/uploads\/F20-Santa-Maria-de-Melque-Toledo.jpg\" class=\"attachment-large size-large wp-image-42737\" alt=\"\" srcset=\"https:\/\/www.elturistatranquil.com\/wp-content\/uploads\/F20-Santa-Maria-de-Melque-Toledo.jpg 768w, https:\/\/www.elturistatranquil.com\/wp-content\/uploads\/F20-Santa-Maria-de-Melque-Toledo-339x226.jpg 339w\" sizes=\"(max-width: 768px) 100vw, 768px\" \/>\t\t\t\t\t\t\t\t\t\t\t<figcaption class=\"widget-image-caption wp-caption-text\"><\/figcaption>\n\t\t\t\t\t\t\t\t\t\t<\/figure>\n\t\t\t\t\t\t\t\t\t<\/div>\n\t\t\t\t<\/div>\n\t\t\t\t<div class=\"elementor-element elementor-element-8a54e45 elementor-widget elementor-widget-text-editor\" data-id=\"8a54e45\" data-element_type=\"widget\" data-e-type=\"widget\" data-widget_type=\"text-editor.default\">\n\t\t\t\t<div class=\"elementor-widget-container\">\n\t\t\t\t\t\t\t\t\t<p>Sis finestres, amb arcs de ferradura sobre les seves impostes, de doble esqueixada i que es tancaven amb reixes de barrots, s&#8217;obren a l&#8217;absis, els testers i els murs occidentals del \u201ctranssepte\u201d i el mur septentrional de l&#8217;aula.<\/p>\t\t\t\t\t\t\t\t<\/div>\n\t\t\t\t<\/div>\n\t\t\t\t<div class=\"elementor-element elementor-element-e33c65d elementor-widget elementor-widget-image\" data-id=\"e33c65d\" data-element_type=\"widget\" data-e-type=\"widget\" data-widget_type=\"image.default\">\n\t\t\t\t<div class=\"elementor-widget-container\">\n\t\t\t\t\t\t\t\t\t\t\t\t<figure class=\"wp-caption\">\n\t\t\t\t\t\t\t\t\t\t<img loading=\"lazy\" decoding=\"async\" width=\"768\" height=\"511\" src=\"https:\/\/www.elturistatranquil.com\/wp-content\/uploads\/F21-Santa-Maria-de-Melque-Toledo.jpg\" class=\"attachment-large size-large wp-image-42741\" alt=\"Santa Maria de Melque, Toledo\" srcset=\"https:\/\/www.elturistatranquil.com\/wp-content\/uploads\/F21-Santa-Maria-de-Melque-Toledo.jpg 768w, https:\/\/www.elturistatranquil.com\/wp-content\/uploads\/F21-Santa-Maria-de-Melque-Toledo-339x226.jpg 339w\" sizes=\"(max-width: 768px) 100vw, 768px\" \/>\t\t\t\t\t\t\t\t\t\t\t<figcaption class=\"widget-image-caption wp-caption-text\"><\/figcaption>\n\t\t\t\t\t\t\t\t\t\t<\/figure>\n\t\t\t\t\t\t\t\t\t<\/div>\n\t\t\t\t<\/div>\n\t\t\t\t<div class=\"elementor-element elementor-element-169e87d elementor-widget elementor-widget-text-editor\" data-id=\"169e87d\" data-element_type=\"widget\" data-e-type=\"widget\" data-widget_type=\"text-editor.default\">\n\t\t\t\t<div class=\"elementor-widget-container\">\n\t\t\t\t\t\t\t\t\t<p>En aquesta perspectiva apareix sobre el cimbori les restes de l&#8217;estructura defensiva sobreposada. Habitacions similars cobrien els bra\u00e7os. Amb la restauraci\u00f3 van ser eliminades les seves restes per deixar visible la coberta del primer temple, a dues aig\u00fces a cada ala.<\/p><p>L&#8217;exterior de l&#8217;absis \u00e9s recte amb front\u00f3 i una finestra d&#8217;arc de ferradura m\u00e9s petita que la resta.<\/p>\t\t\t\t\t\t\t\t<\/div>\n\t\t\t\t<\/div>\n\t\t\t\t<div class=\"elementor-element elementor-element-eb37e3e elementor-widget elementor-widget-image\" data-id=\"eb37e3e\" data-element_type=\"widget\" data-e-type=\"widget\" data-widget_type=\"image.default\">\n\t\t\t\t<div class=\"elementor-widget-container\">\n\t\t\t\t\t\t\t\t\t\t\t\t<figure class=\"wp-caption\">\n\t\t\t\t\t\t\t\t\t\t<img loading=\"lazy\" decoding=\"async\" width=\"768\" height=\"512\" src=\"https:\/\/www.elturistatranquil.com\/wp-content\/uploads\/F22-Santa-Maria-de-Melque-Toledo.jpg\" class=\"attachment-large size-large wp-image-42743\" alt=\"Santa Maria de Melque, Toledo\" srcset=\"https:\/\/www.elturistatranquil.com\/wp-content\/uploads\/F22-Santa-Maria-de-Melque-Toledo.jpg 768w, https:\/\/www.elturistatranquil.com\/wp-content\/uploads\/F22-Santa-Maria-de-Melque-Toledo-339x226.jpg 339w\" sizes=\"(max-width: 768px) 100vw, 768px\" \/>\t\t\t\t\t\t\t\t\t\t\t<figcaption class=\"widget-image-caption wp-caption-text\"><\/figcaption>\n\t\t\t\t\t\t\t\t\t\t<\/figure>\n\t\t\t\t\t\t\t\t\t<\/div>\n\t\t\t\t<\/div>\n\t\t\t\t<div class=\"elementor-element elementor-element-7bf0d2d elementor-widget elementor-widget-image\" data-id=\"7bf0d2d\" data-element_type=\"widget\" data-e-type=\"widget\" data-widget_type=\"image.default\">\n\t\t\t\t<div class=\"elementor-widget-container\">\n\t\t\t\t\t\t\t\t\t\t\t\t<figure class=\"wp-caption\">\n\t\t\t\t\t\t\t\t\t\t<img loading=\"lazy\" decoding=\"async\" width=\"768\" height=\"512\" src=\"https:\/\/www.elturistatranquil.com\/wp-content\/uploads\/F23-Santa-Maria-de-Melque-Toledo.jpg\" class=\"attachment-large size-large wp-image-42745\" alt=\"Santa Maria de Melque, Toledo\" srcset=\"https:\/\/www.elturistatranquil.com\/wp-content\/uploads\/F23-Santa-Maria-de-Melque-Toledo.jpg 768w, https:\/\/www.elturistatranquil.com\/wp-content\/uploads\/F23-Santa-Maria-de-Melque-Toledo-339x226.jpg 339w\" sizes=\"(max-width: 768px) 100vw, 768px\" \/>\t\t\t\t\t\t\t\t\t\t\t<figcaption class=\"widget-image-caption wp-caption-text\"><\/figcaption>\n\t\t\t\t\t\t\t\t\t\t<\/figure>\n\t\t\t\t\t\t\t\t\t<\/div>\n\t\t\t\t<\/div>\n\t\t\t\t<div class=\"elementor-element elementor-element-58acbda elementor-widget elementor-widget-text-editor\" data-id=\"58acbda\" data-element_type=\"widget\" data-e-type=\"widget\" data-widget_type=\"text-editor.default\">\n\t\t\t\t<div class=\"elementor-widget-container\">\n\t\t\t\t\t\t\t\t\t<p>Exteriorment els cantons tamb\u00e9 es tallen en forma de fust arrodonit, i tots els cossos de l&#8217;esgl\u00e9sia, fins i tot el cimbori, rematen en una motllura similar a la imposta interior.<\/p>\t\t\t\t\t\t\t\t<\/div>\n\t\t\t\t<\/div>\n\t\t\t\t<div class=\"elementor-element elementor-element-8c87a38 elementor-widget elementor-widget-image\" data-id=\"8c87a38\" data-element_type=\"widget\" data-e-type=\"widget\" data-widget_type=\"image.default\">\n\t\t\t\t<div class=\"elementor-widget-container\">\n\t\t\t\t\t\t\t\t\t\t\t\t<figure class=\"wp-caption\">\n\t\t\t\t\t\t\t\t\t\t<img loading=\"lazy\" decoding=\"async\" width=\"768\" height=\"511\" src=\"https:\/\/www.elturistatranquil.com\/wp-content\/uploads\/F24-Santa-Maria-de-Melque-Toledo.jpg\" class=\"attachment-large size-large wp-image-42747\" alt=\"Santa Maria de Melque, Toledo\" srcset=\"https:\/\/www.elturistatranquil.com\/wp-content\/uploads\/F24-Santa-Maria-de-Melque-Toledo.jpg 768w, https:\/\/www.elturistatranquil.com\/wp-content\/uploads\/F24-Santa-Maria-de-Melque-Toledo-339x226.jpg 339w\" sizes=\"(max-width: 768px) 100vw, 768px\" \/>\t\t\t\t\t\t\t\t\t\t\t<figcaption class=\"widget-image-caption wp-caption-text\"><\/figcaption>\n\t\t\t\t\t\t\t\t\t\t<\/figure>\n\t\t\t\t\t\t\t\t\t<\/div>\n\t\t\t\t<\/div>\n\t\t\t\t<div class=\"elementor-element elementor-element-c9234f7 elementor-widget elementor-widget-text-editor\" data-id=\"c9234f7\" data-element_type=\"widget\" data-e-type=\"widget\" data-widget_type=\"text-editor.default\">\n\t\t\t\t<div class=\"elementor-widget-container\">\n\t\t\t\t\t\t\t\t\t<p>En aquest angle de l&#8217;edifici hi havia una habitaci\u00f3, igual a la del costat oposat, que donava acc\u00e9s des del recinte monacal a l&#8217;avantabsis, la porta de la dreta, i al transsepte, la de l&#8217;esquerra. Amb la reforma es van netejar els enderrocs d&#8217;aquesta habitaci\u00f3 derru\u00efda. Roman la tra\u00e7a dels murs.<\/p>\t\t\t\t\t\t\t\t<\/div>\n\t\t\t\t<\/div>\n\t\t\t\t<div class=\"elementor-element elementor-element-3bf1eff elementor-widget elementor-widget-image\" data-id=\"3bf1eff\" data-element_type=\"widget\" data-e-type=\"widget\" data-widget_type=\"image.default\">\n\t\t\t\t<div class=\"elementor-widget-container\">\n\t\t\t\t\t\t\t\t\t\t\t\t<figure class=\"wp-caption\">\n\t\t\t\t\t\t\t\t\t\t<img loading=\"lazy\" decoding=\"async\" width=\"768\" height=\"511\" src=\"https:\/\/www.elturistatranquil.com\/wp-content\/uploads\/F25-Santa-Maria-de-Melque-Toledo.jpg\" class=\"attachment-large size-large wp-image-42749\" alt=\"Santa Maria de Melque, Toledo\" srcset=\"https:\/\/www.elturistatranquil.com\/wp-content\/uploads\/F25-Santa-Maria-de-Melque-Toledo.jpg 768w, https:\/\/www.elturistatranquil.com\/wp-content\/uploads\/F25-Santa-Maria-de-Melque-Toledo-339x226.jpg 339w\" sizes=\"(max-width: 768px) 100vw, 768px\" \/>\t\t\t\t\t\t\t\t\t\t\t<figcaption class=\"widget-image-caption wp-caption-text\"><\/figcaption>\n\t\t\t\t\t\t\t\t\t\t<\/figure>\n\t\t\t\t\t\t\t\t\t<\/div>\n\t\t\t\t<\/div>\n\t\t\t\t<div class=\"elementor-element elementor-element-d0e4d34 elementor-widget elementor-widget-text-editor\" data-id=\"d0e4d34\" data-element_type=\"widget\" data-e-type=\"widget\" data-widget_type=\"text-editor.default\">\n\t\t\t\t<div class=\"elementor-widget-container\">\n\t\t\t\t\t\t\t\t\t<p>La finestra de l&#8217;absis \u00e9s m\u00e9s petita, presumiblement per donar llum m\u00e9s \u00edntima i de recolliment a la zona de l&#8217;altar.<\/p>\t\t\t\t\t\t\t\t<\/div>\n\t\t\t\t<\/div>\n\t\t\t\t<div class=\"elementor-element elementor-element-a3c4587 elementor-widget elementor-widget-image\" data-id=\"a3c4587\" data-element_type=\"widget\" data-e-type=\"widget\" data-widget_type=\"image.default\">\n\t\t\t\t<div class=\"elementor-widget-container\">\n\t\t\t\t\t\t\t\t\t\t\t\t<figure class=\"wp-caption\">\n\t\t\t\t\t\t\t\t\t\t<img loading=\"lazy\" decoding=\"async\" width=\"768\" height=\"511\" src=\"https:\/\/www.elturistatranquil.com\/wp-content\/uploads\/F26-Santa-Maria-de-Melque-Toledo.jpg\" class=\"attachment-large size-large wp-image-42751\" alt=\"Santa Maria de Melque, Toledo\" srcset=\"https:\/\/www.elturistatranquil.com\/wp-content\/uploads\/F26-Santa-Maria-de-Melque-Toledo.jpg 768w, https:\/\/www.elturistatranquil.com\/wp-content\/uploads\/F26-Santa-Maria-de-Melque-Toledo-339x226.jpg 339w\" sizes=\"(max-width: 768px) 100vw, 768px\" \/>\t\t\t\t\t\t\t\t\t\t\t<figcaption class=\"widget-image-caption wp-caption-text\"><\/figcaption>\n\t\t\t\t\t\t\t\t\t\t<\/figure>\n\t\t\t\t\t\t\t\t\t<\/div>\n\t\t\t\t<\/div>\n\t\t\t\t<div class=\"elementor-element elementor-element-9ae8cae elementor-widget elementor-widget-text-editor\" data-id=\"9ae8cae\" data-element_type=\"widget\" data-e-type=\"widget\" data-widget_type=\"text-editor.default\">\n\t\t\t\t<div class=\"elementor-widget-container\">\n\t\t\t\t\t\t\t\t\t<p>Aqu\u00ed podem veure l&#8217;habitaci\u00f3 davantera que pel costat septentrional enlla\u00e7ava l\u2019avantabsis, transsepte i recinte monacal a trav\u00e9s d&#8217;una petita porta amb llinda.<\/p>\t\t\t\t\t\t\t\t<\/div>\n\t\t\t\t<\/div>\n\t\t\t\t<div class=\"elementor-element elementor-element-90166b3 elementor-widget elementor-widget-image\" data-id=\"90166b3\" data-element_type=\"widget\" data-e-type=\"widget\" data-widget_type=\"image.default\">\n\t\t\t\t<div class=\"elementor-widget-container\">\n\t\t\t\t\t\t\t\t\t\t\t\t<figure class=\"wp-caption\">\n\t\t\t\t\t\t\t\t\t\t<img loading=\"lazy\" decoding=\"async\" width=\"768\" height=\"511\" src=\"https:\/\/www.elturistatranquil.com\/wp-content\/uploads\/F27-Santa-Maria-de-Melque-Toledo.jpg\" class=\"attachment-large size-large wp-image-42753\" alt=\"Santa Maria de Melque, Toledo\" srcset=\"https:\/\/www.elturistatranquil.com\/wp-content\/uploads\/F27-Santa-Maria-de-Melque-Toledo.jpg 768w, https:\/\/www.elturistatranquil.com\/wp-content\/uploads\/F27-Santa-Maria-de-Melque-Toledo-339x226.jpg 339w\" sizes=\"(max-width: 768px) 100vw, 768px\" \/>\t\t\t\t\t\t\t\t\t\t\t<figcaption class=\"widget-image-caption wp-caption-text\"><\/figcaption>\n\t\t\t\t\t\t\t\t\t\t<\/figure>\n\t\t\t\t\t\t\t\t\t<\/div>\n\t\t\t\t<\/div>\n\t\t\t\t<div class=\"elementor-element elementor-element-cb897fb elementor-widget elementor-widget-image\" data-id=\"cb897fb\" data-element_type=\"widget\" data-e-type=\"widget\" data-widget_type=\"image.default\">\n\t\t\t\t<div class=\"elementor-widget-container\">\n\t\t\t\t\t\t\t\t\t\t\t\t<figure class=\"wp-caption\">\n\t\t\t\t\t\t\t\t\t\t<img loading=\"lazy\" decoding=\"async\" width=\"768\" height=\"511\" src=\"https:\/\/www.elturistatranquil.com\/wp-content\/uploads\/F28-Santa-Maria-de-Melque-Toledo.jpg\" class=\"attachment-large size-large wp-image-42755\" alt=\"Santa Maria de Melque, Toledo\" srcset=\"https:\/\/www.elturistatranquil.com\/wp-content\/uploads\/F28-Santa-Maria-de-Melque-Toledo.jpg 768w, https:\/\/www.elturistatranquil.com\/wp-content\/uploads\/F28-Santa-Maria-de-Melque-Toledo-339x226.jpg 339w\" sizes=\"(max-width: 768px) 100vw, 768px\" \/>\t\t\t\t\t\t\t\t\t\t\t<figcaption class=\"widget-image-caption wp-caption-text\"><\/figcaption>\n\t\t\t\t\t\t\t\t\t\t<\/figure>\n\t\t\t\t\t\t\t\t\t<\/div>\n\t\t\t\t<\/div>\n\t\t\t\t<div class=\"elementor-element elementor-element-8d4f906 elementor-widget elementor-widget-text-editor\" data-id=\"8d4f906\" data-element_type=\"widget\" data-e-type=\"widget\" data-widget_type=\"text-editor.default\">\n\t\t\t\t<div class=\"elementor-widget-container\">\n\t\t\t\t\t\t\t\t\t<p>A continuaci\u00f3 del transsepte s&#8217;hi va afegir un recinte probablement funerari.<\/p><p>Podem aprofitar aquesta fotografia per observar part de les construccions agropecu\u00e0ries de la darrera etapa. El cobert de la dreta s&#8217;ha constru\u00eft per donar ombra i protecci\u00f3 a un berenador que pot ser usat pels visitants.<\/p>\t\t\t\t\t\t\t\t<\/div>\n\t\t\t\t<\/div>\n\t\t\t\t<div class=\"elementor-element elementor-element-e781376 elementor-widget elementor-widget-image\" data-id=\"e781376\" data-element_type=\"widget\" data-e-type=\"widget\" data-widget_type=\"image.default\">\n\t\t\t\t<div class=\"elementor-widget-container\">\n\t\t\t\t\t\t\t\t\t\t\t\t<figure class=\"wp-caption\">\n\t\t\t\t\t\t\t\t\t\t<img loading=\"lazy\" decoding=\"async\" width=\"768\" height=\"512\" src=\"https:\/\/www.elturistatranquil.com\/wp-content\/uploads\/F29-Santa-Maria-de-Melque-Toledo.jpg\" class=\"attachment-large size-large wp-image-42757\" alt=\"Santa Maria de Melque, Toledo\" srcset=\"https:\/\/www.elturistatranquil.com\/wp-content\/uploads\/F29-Santa-Maria-de-Melque-Toledo.jpg 768w, https:\/\/www.elturistatranquil.com\/wp-content\/uploads\/F29-Santa-Maria-de-Melque-Toledo-339x226.jpg 339w\" sizes=\"(max-width: 768px) 100vw, 768px\" \/>\t\t\t\t\t\t\t\t\t\t\t<figcaption class=\"widget-image-caption wp-caption-text\"><\/figcaption>\n\t\t\t\t\t\t\t\t\t\t<\/figure>\n\t\t\t\t\t\t\t\t\t<\/div>\n\t\t\t\t<\/div>\n\t\t\t\t<div class=\"elementor-element elementor-element-4ea4063 elementor-widget elementor-widget-text-editor\" data-id=\"4ea4063\" data-element_type=\"widget\" data-e-type=\"widget\" data-widget_type=\"text-editor.default\">\n\t\t\t\t<div class=\"elementor-widget-container\">\n\t\t\t\t\t\t\t\t\t<p>A l&#8217;exterior nord-est s\u00f3n visibles unes ru\u00efnes, probablement habitacles, sense dataci\u00f3.<\/p>\t\t\t\t\t\t\t\t<\/div>\n\t\t\t\t<\/div>\n\t\t\t\t<div class=\"elementor-element elementor-element-6e4aa63 elementor-widget elementor-widget-image\" data-id=\"6e4aa63\" data-element_type=\"widget\" data-e-type=\"widget\" data-widget_type=\"image.default\">\n\t\t\t\t<div class=\"elementor-widget-container\">\n\t\t\t\t\t\t\t\t\t\t\t\t<figure class=\"wp-caption\">\n\t\t\t\t\t\t\t\t\t\t<img loading=\"lazy\" decoding=\"async\" width=\"768\" height=\"511\" src=\"https:\/\/www.elturistatranquil.com\/wp-content\/uploads\/F30-Santa-Maria-de-Melque-Toledo.jpg\" class=\"attachment-large size-large wp-image-42759\" alt=\"Santa Maria de Melque, Toledo\" srcset=\"https:\/\/www.elturistatranquil.com\/wp-content\/uploads\/F30-Santa-Maria-de-Melque-Toledo.jpg 768w, https:\/\/www.elturistatranquil.com\/wp-content\/uploads\/F30-Santa-Maria-de-Melque-Toledo-339x226.jpg 339w\" sizes=\"(max-width: 768px) 100vw, 768px\" \/>\t\t\t\t\t\t\t\t\t\t\t<figcaption class=\"widget-image-caption wp-caption-text\"><\/figcaption>\n\t\t\t\t\t\t\t\t\t\t<\/figure>\n\t\t\t\t\t\t\t\t\t<\/div>\n\t\t\t\t<\/div>\n\t\t\t\t<div class=\"elementor-element elementor-element-1b25d17 elementor-widget elementor-widget-text-editor\" data-id=\"1b25d17\" data-element_type=\"widget\" data-e-type=\"widget\" data-widget_type=\"text-editor.default\">\n\t\t\t\t<div class=\"elementor-widget-container\">\n\t\t\t\t\t\t\t\t\t<p>Des d\u00b4aquesta posici\u00f3, al costat de llevant, podem gaudir de les vistes sobre el paisatge de l\u00b4entorn que envolta el monestir.<\/p>\t\t\t\t\t\t\t\t<\/div>\n\t\t\t\t<\/div>\n\t\t\t\t<div class=\"elementor-element elementor-element-8650bce elementor-widget elementor-widget-image\" data-id=\"8650bce\" data-element_type=\"widget\" data-e-type=\"widget\" data-widget_type=\"image.default\">\n\t\t\t\t<div class=\"elementor-widget-container\">\n\t\t\t\t\t\t\t\t\t\t\t\t<figure class=\"wp-caption\">\n\t\t\t\t\t\t\t\t\t\t<img loading=\"lazy\" decoding=\"async\" width=\"768\" height=\"511\" src=\"https:\/\/www.elturistatranquil.com\/wp-content\/uploads\/F31-Santa-Maria-de-Melque-Toledo.jpg\" class=\"attachment-large size-large wp-image-42761\" alt=\"Santa Maria de Melque, Toledo\" srcset=\"https:\/\/www.elturistatranquil.com\/wp-content\/uploads\/F31-Santa-Maria-de-Melque-Toledo.jpg 768w, https:\/\/www.elturistatranquil.com\/wp-content\/uploads\/F31-Santa-Maria-de-Melque-Toledo-339x226.jpg 339w\" sizes=\"(max-width: 768px) 100vw, 768px\" \/>\t\t\t\t\t\t\t\t\t\t\t<figcaption class=\"widget-image-caption wp-caption-text\"><\/figcaption>\n\t\t\t\t\t\t\t\t\t\t<\/figure>\n\t\t\t\t\t\t\t\t\t<\/div>\n\t\t\t\t<\/div>\n\t\t\t\t<div class=\"elementor-element elementor-element-349f766 elementor-widget elementor-widget-image\" data-id=\"349f766\" data-element_type=\"widget\" data-e-type=\"widget\" data-widget_type=\"image.default\">\n\t\t\t\t<div class=\"elementor-widget-container\">\n\t\t\t\t\t\t\t\t\t\t\t\t<figure class=\"wp-caption\">\n\t\t\t\t\t\t\t\t\t\t<img loading=\"lazy\" decoding=\"async\" width=\"768\" height=\"512\" src=\"https:\/\/www.elturistatranquil.com\/wp-content\/uploads\/F32-Santa-Maria-de-Melque-Toledo.jpg\" class=\"attachment-large size-large wp-image-42766\" alt=\"Santa Maria de Melque, Toledo\" srcset=\"https:\/\/www.elturistatranquil.com\/wp-content\/uploads\/F32-Santa-Maria-de-Melque-Toledo.jpg 768w, https:\/\/www.elturistatranquil.com\/wp-content\/uploads\/F32-Santa-Maria-de-Melque-Toledo-339x226.jpg 339w\" sizes=\"(max-width: 768px) 100vw, 768px\" \/>\t\t\t\t\t\t\t\t\t\t\t<figcaption class=\"widget-image-caption wp-caption-text\"><\/figcaption>\n\t\t\t\t\t\t\t\t\t\t<\/figure>\n\t\t\t\t\t\t\t\t\t<\/div>\n\t\t\t\t<\/div>\n\t\t\t\t<div class=\"elementor-element elementor-element-e3b480b elementor-widget elementor-widget-image\" data-id=\"e3b480b\" data-element_type=\"widget\" data-e-type=\"widget\" data-widget_type=\"image.default\">\n\t\t\t\t<div class=\"elementor-widget-container\">\n\t\t\t\t\t\t\t\t\t\t\t\t<figure class=\"wp-caption\">\n\t\t\t\t\t\t\t\t\t\t<img loading=\"lazy\" decoding=\"async\" width=\"768\" height=\"512\" src=\"https:\/\/www.elturistatranquil.com\/wp-content\/uploads\/F33-Santa-Maria-de-Melque-Toledo.jpg\" class=\"attachment-large size-large wp-image-42768\" alt=\"Santa Maria de Melque, Toledo\" srcset=\"https:\/\/www.elturistatranquil.com\/wp-content\/uploads\/F33-Santa-Maria-de-Melque-Toledo.jpg 768w, https:\/\/www.elturistatranquil.com\/wp-content\/uploads\/F33-Santa-Maria-de-Melque-Toledo-339x226.jpg 339w\" sizes=\"(max-width: 768px) 100vw, 768px\" \/>\t\t\t\t\t\t\t\t\t\t\t<figcaption class=\"widget-image-caption wp-caption-text\"><\/figcaption>\n\t\t\t\t\t\t\t\t\t\t<\/figure>\n\t\t\t\t\t\t\t\t\t<\/div>\n\t\t\t\t<\/div>\n\t\t\t\t<div class=\"elementor-element elementor-element-cf4ea9d elementor-widget elementor-widget-text-editor\" data-id=\"cf4ea9d\" data-element_type=\"widget\" data-e-type=\"widget\" data-widget_type=\"text-editor.default\">\n\t\t\t\t<div class=\"elementor-widget-container\">\n\t\t\t\t\t\t\t\t\t<p>Mentre que pel cam\u00ed d&#8217;arribada s&#8217;observa la disposici\u00f3 del conjunt al seu entorn.<\/p>\t\t\t\t\t\t\t\t<\/div>\n\t\t\t\t<\/div>\n\t\t\t\t<div class=\"elementor-element elementor-element-ac440c5 elementor-widget elementor-widget-image\" data-id=\"ac440c5\" data-element_type=\"widget\" data-e-type=\"widget\" data-widget_type=\"image.default\">\n\t\t\t\t<div class=\"elementor-widget-container\">\n\t\t\t\t\t\t\t\t\t\t\t\t<figure class=\"wp-caption\">\n\t\t\t\t\t\t\t\t\t\t<img loading=\"lazy\" decoding=\"async\" width=\"768\" height=\"512\" src=\"https:\/\/www.elturistatranquil.com\/wp-content\/uploads\/F34-Santa-Maria-de-Melque-Toledo.jpg\" class=\"attachment-large size-large wp-image-42770\" alt=\"Santa Maria de Melque, Toledo\" srcset=\"https:\/\/www.elturistatranquil.com\/wp-content\/uploads\/F34-Santa-Maria-de-Melque-Toledo.jpg 768w, https:\/\/www.elturistatranquil.com\/wp-content\/uploads\/F34-Santa-Maria-de-Melque-Toledo-339x226.jpg 339w\" sizes=\"(max-width: 768px) 100vw, 768px\" \/>\t\t\t\t\t\t\t\t\t\t\t<figcaption class=\"widget-image-caption wp-caption-text\"><\/figcaption>\n\t\t\t\t\t\t\t\t\t\t<\/figure>\n\t\t\t\t\t\t\t\t\t<\/div>\n\t\t\t\t<\/div>\n\t\t\t\t<div class=\"elementor-element elementor-element-5ae3510 elementor-widget elementor-widget-heading\" data-id=\"5ae3510\" data-element_type=\"widget\" data-e-type=\"widget\" data-widget_type=\"heading.default\">\n\t\t\t\t<div class=\"elementor-widget-container\">\n\t\t\t\t\t<h4 class=\"elementor-heading-title elementor-size-default\">Interior del temple<\/h4>\t\t\t\t<\/div>\n\t\t\t\t<\/div>\n\t\t\t\t<div class=\"elementor-element elementor-element-3a2904c elementor-widget elementor-widget-text-editor\" data-id=\"3a2904c\" data-element_type=\"widget\" data-e-type=\"widget\" data-widget_type=\"text-editor.default\">\n\t\t\t\t<div class=\"elementor-widget-container\">\n\t\t\t\t\t\t\t\t\t<p>Com sabem, el temple \u00e9s de planta cruciforme amb la nau del peu un poc m\u00e9s llarga. La nau de la cap\u00e7alera amb el avantabsis o cor s&#8217;est\u00e9n amb un absis de tester recte a l&#8217;exterior i en forma d&#8217;arc de ferradura a la cara interna. L&#8217;entrada als peus del temple, a trav\u00e9s d&#8217;un p\u00f2rtic amb tres obertures, era l&#8217;acc\u00e9s a l&#8217;esgl\u00e9sia dels laics.<\/p><p>Aix\u00ed mateix, comptava tamb\u00e9 amb sengles habitacions a banda i banda del cor, comunicades amb aquest i amb el transsepte, de manera que els monjos podien travessar l&#8217;esgl\u00e9sia per arribar a la seva resid\u00e8ncia o accedir al cor i al transsepte des del segon pati a trav\u00e9s de les habitacions-distribu\u00efdors davanteres sense tenir contacte amb els laics, aix\u00ed com accedir als dos costats del transsepte.<\/p><p>Aquesta divisi\u00f3 de l&#8217;acc\u00e9s, que segrega per una banda els monjos que accedeixen per les portes directament al cor, i de l&#8217;altra, els laics que ho fan a l&#8217;aula, es considera una caracter\u00edstica pr\u00f2pia de les esgl\u00e9sies mon\u00e0stiques.<\/p>\t\t\t\t\t\t\t\t<\/div>\n\t\t\t\t<\/div>\n\t\t\t\t<div class=\"elementor-element elementor-element-9efad72 elementor-widget elementor-widget-image\" data-id=\"9efad72\" data-element_type=\"widget\" data-e-type=\"widget\" data-widget_type=\"image.default\">\n\t\t\t\t<div class=\"elementor-widget-container\">\n\t\t\t\t\t\t\t\t\t\t\t\t<figure class=\"wp-caption\">\n\t\t\t\t\t\t\t\t\t\t<img loading=\"lazy\" decoding=\"async\" width=\"768\" height=\"512\" src=\"https:\/\/www.elturistatranquil.com\/wp-content\/uploads\/F35-Santa-Maria-de-Melque-Toledo.jpg\" class=\"attachment-large size-large wp-image-42772\" alt=\"Santa Maria de Melque, Toledo\" srcset=\"https:\/\/www.elturistatranquil.com\/wp-content\/uploads\/F35-Santa-Maria-de-Melque-Toledo.jpg 768w, https:\/\/www.elturistatranquil.com\/wp-content\/uploads\/F35-Santa-Maria-de-Melque-Toledo-339x226.jpg 339w\" sizes=\"(max-width: 768px) 100vw, 768px\" \/>\t\t\t\t\t\t\t\t\t\t\t<figcaption class=\"widget-image-caption wp-caption-text\"><\/figcaption>\n\t\t\t\t\t\t\t\t\t\t<\/figure>\n\t\t\t\t\t\t\t\t\t<\/div>\n\t\t\t\t<\/div>\n\t\t\t\t<div class=\"elementor-element elementor-element-2093753 elementor-widget elementor-widget-text-editor\" data-id=\"2093753\" data-element_type=\"widget\" data-e-type=\"widget\" data-widget_type=\"text-editor.default\">\n\t\t\t\t<div class=\"elementor-widget-container\">\n\t\t\t\t\t\t\t\t\t<p>Al creuer s&#8217;eleva un cimbori de base quadrada i c\u00fapula de pedra de mitja esfera.<\/p><p>Interiorment est\u00e0 formada per quatre voltes de can\u00f3 peraltades de gran al\u00e7ada, rematades amb arcs de ferradura de set metres que donen pas a un espectacular cimbori, base de la volta central.<\/p><p>La seva planta mesura 30,50&#215;20 metres i la seva al\u00e7ada, 12 metres el cimbori.<\/p><p>Murs de grans carreus gran\u00edtics col\u00b7locats a os (sense argamassa) i notable gruix, d&#8217;1,50 metres, sostenen les voltes que cobreixen les naus de l&#8217;esgl\u00e9sia i probablement cobririen tamb\u00e9 el p\u00f2rtic.<\/p><p>El terra original de l&#8217;esgl\u00e9sia estava tallat a la roca del lloc, excepte a la zona davantera on el descens de la roca va obligar a col\u00b7locar lloses de granit.<\/p><p>Aqu\u00ed tenim una perspectiva des de l&#8217;entrada del temple cap a l&#8217;absis. En primer terme, l&#8217;aula o nau occidental, el creuer, el cor o avantabsis i l&#8217;absis al fons.<\/p>\t\t\t\t\t\t\t\t<\/div>\n\t\t\t\t<\/div>\n\t\t\t\t<div class=\"elementor-element elementor-element-eb009f5 elementor-widget elementor-widget-image\" data-id=\"eb009f5\" data-element_type=\"widget\" data-e-type=\"widget\" data-widget_type=\"image.default\">\n\t\t\t\t<div class=\"elementor-widget-container\">\n\t\t\t\t\t\t\t\t\t\t\t\t<figure class=\"wp-caption\">\n\t\t\t\t\t\t\t\t\t\t<img loading=\"lazy\" decoding=\"async\" width=\"768\" height=\"512\" src=\"https:\/\/www.elturistatranquil.com\/wp-content\/uploads\/F36-Santa-Maria-de-Melque-Toledo.jpg\" class=\"attachment-large size-large wp-image-42774\" alt=\"Santa Maria de Melque, Toledo\" srcset=\"https:\/\/www.elturistatranquil.com\/wp-content\/uploads\/F36-Santa-Maria-de-Melque-Toledo.jpg 768w, https:\/\/www.elturistatranquil.com\/wp-content\/uploads\/F36-Santa-Maria-de-Melque-Toledo-339x226.jpg 339w\" sizes=\"(max-width: 768px) 100vw, 768px\" \/>\t\t\t\t\t\t\t\t\t\t\t<figcaption class=\"widget-image-caption wp-caption-text\"><\/figcaption>\n\t\t\t\t\t\t\t\t\t\t<\/figure>\n\t\t\t\t\t\t\t\t\t<\/div>\n\t\t\t\t<\/div>\n\t\t\t\t<div class=\"elementor-element elementor-element-419f4d5 elementor-widget elementor-widget-text-editor\" data-id=\"419f4d5\" data-element_type=\"widget\" data-e-type=\"widget\" data-widget_type=\"text-editor.default\">\n\t\t\t\t<div class=\"elementor-widget-container\">\n\t\t\t\t\t\t\t\t\t<p>Les voltes de can\u00f3 peraltat, adovellades nom\u00e9s al seu ter\u00e7 superior, assentades en impostes decorades amb senzilles motllures, que recorren tot el recinte.<\/p>\t\t\t\t\t\t\t\t<\/div>\n\t\t\t\t<\/div>\n\t\t\t\t<div class=\"elementor-element elementor-element-2ef6b73 elementor-widget elementor-widget-image\" data-id=\"2ef6b73\" data-element_type=\"widget\" data-e-type=\"widget\" data-widget_type=\"image.default\">\n\t\t\t\t<div class=\"elementor-widget-container\">\n\t\t\t\t\t\t\t\t\t\t\t\t<figure class=\"wp-caption\">\n\t\t\t\t\t\t\t\t\t\t<img loading=\"lazy\" decoding=\"async\" width=\"768\" height=\"512\" src=\"https:\/\/www.elturistatranquil.com\/wp-content\/uploads\/F37-Santa-Maria-de-Melque-Toledo.jpg\" class=\"attachment-large size-large wp-image-42776\" alt=\"Santa Maria de Melque, Toledo\" srcset=\"https:\/\/www.elturistatranquil.com\/wp-content\/uploads\/F37-Santa-Maria-de-Melque-Toledo.jpg 768w, https:\/\/www.elturistatranquil.com\/wp-content\/uploads\/F37-Santa-Maria-de-Melque-Toledo-339x226.jpg 339w\" sizes=\"(max-width: 768px) 100vw, 768px\" \/>\t\t\t\t\t\t\t\t\t\t\t<figcaption class=\"widget-image-caption wp-caption-text\"><\/figcaption>\n\t\t\t\t\t\t\t\t\t\t<\/figure>\n\t\t\t\t\t\t\t\t\t<\/div>\n\t\t\t\t<\/div>\n\t\t\t\t<div class=\"elementor-element elementor-element-4e69317 elementor-widget elementor-widget-image\" data-id=\"4e69317\" data-element_type=\"widget\" data-e-type=\"widget\" data-widget_type=\"image.default\">\n\t\t\t\t<div class=\"elementor-widget-container\">\n\t\t\t\t\t\t\t\t\t\t\t\t<figure class=\"wp-caption\">\n\t\t\t\t\t\t\t\t\t\t<img loading=\"lazy\" decoding=\"async\" width=\"768\" height=\"512\" src=\"https:\/\/www.elturistatranquil.com\/wp-content\/uploads\/F38-Santa-Maria-de-Melque-Toledo.jpg\" class=\"attachment-large size-large wp-image-42778\" alt=\"Santa Maria de Melque, Toledo\" srcset=\"https:\/\/www.elturistatranquil.com\/wp-content\/uploads\/F38-Santa-Maria-de-Melque-Toledo.jpg 768w, https:\/\/www.elturistatranquil.com\/wp-content\/uploads\/F38-Santa-Maria-de-Melque-Toledo-339x226.jpg 339w\" sizes=\"(max-width: 768px) 100vw, 768px\" \/>\t\t\t\t\t\t\t\t\t\t\t<figcaption class=\"widget-image-caption wp-caption-text\"><\/figcaption>\n\t\t\t\t\t\t\t\t\t\t<\/figure>\n\t\t\t\t\t\t\t\t\t<\/div>\n\t\t\t\t<\/div>\n\t\t\t\t<div class=\"elementor-element elementor-element-1cff7a5 elementor-widget elementor-widget-text-editor\" data-id=\"1cff7a5\" data-element_type=\"widget\" data-e-type=\"widget\" data-widget_type=\"text-editor.default\">\n\t\t\t\t<div class=\"elementor-widget-container\">\n\t\t\t\t\t\t\t\t\t<p>La nau occidental correspon a l&#8217;aula lit\u00fargica. Les del \u201ctranssepte\u201d, o els bra\u00e7os de la creu, servien de comunicaci\u00f3, de manera que sengles accessos voltats s&#8217;hi obren cap a orient a les dues habitacions davanteres exteriors, una a cada costat.<\/p><p>Amb la primera reforma es van tancar aquests accessos i al mur es van construir dues capelles. A l&#8217;esquerra, la capella que es mant\u00e9. A la dreta, com havia de ser l&#8217;acc\u00e9s directe a l&#8217;habitaci\u00f3, actualment derru\u00efda.<\/p><p>Els arcs se sostenen sobre semi pilars que semblen voler imitar columnes adossades.<\/p>\t\t\t\t\t\t\t\t<\/div>\n\t\t\t\t<\/div>\n\t\t\t\t<div class=\"elementor-element elementor-element-f6555ab elementor-widget elementor-widget-image\" data-id=\"f6555ab\" data-element_type=\"widget\" data-e-type=\"widget\" data-widget_type=\"image.default\">\n\t\t\t\t<div class=\"elementor-widget-container\">\n\t\t\t\t\t\t\t\t\t\t\t\t<figure class=\"wp-caption\">\n\t\t\t\t\t\t\t\t\t\t<img loading=\"lazy\" decoding=\"async\" width=\"768\" height=\"512\" src=\"https:\/\/www.elturistatranquil.com\/wp-content\/uploads\/F39-Santa-Maria-de-Melque-Toledo.jpg\" class=\"attachment-large size-large wp-image-42780\" alt=\"Santa Maria de Melque, Toledo\" srcset=\"https:\/\/www.elturistatranquil.com\/wp-content\/uploads\/F39-Santa-Maria-de-Melque-Toledo.jpg 768w, https:\/\/www.elturistatranquil.com\/wp-content\/uploads\/F39-Santa-Maria-de-Melque-Toledo-339x226.jpg 339w\" sizes=\"(max-width: 768px) 100vw, 768px\" \/>\t\t\t\t\t\t\t\t\t\t\t<figcaption class=\"widget-image-caption wp-caption-text\"><\/figcaption>\n\t\t\t\t\t\t\t\t\t\t<\/figure>\n\t\t\t\t\t\t\t\t\t<\/div>\n\t\t\t\t<\/div>\n\t\t\t\t<div class=\"elementor-element elementor-element-fb577a8 elementor-widget elementor-widget-text-editor\" data-id=\"fb577a8\" data-element_type=\"widget\" data-e-type=\"widget\" data-widget_type=\"text-editor.default\">\n\t\t\t\t<div class=\"elementor-widget-container\">\n\t\t\t\t\t\t\t\t\t<p>El cor ocupava l&#8217;avantabsis, la nau situada davant de l&#8217;absis, amb les portes laterals preparades per a l&#8217;entrada dels monjos.<\/p><p>Al ritu ortodox l\u2019icon\u00f2stasi i els cancells permetia la divisi\u00f3 lit\u00fargica de l&#8217;espai i a\u00efllaven l&#8217;absis i el cor, reservat exclusivament als clergues, de la nau de l&#8217;aula reservada als fidels.<\/p>\t\t\t\t\t\t\t\t<\/div>\n\t\t\t\t<\/div>\n\t\t\t\t<div class=\"elementor-element elementor-element-6a8fbbe elementor-widget elementor-widget-image\" data-id=\"6a8fbbe\" data-element_type=\"widget\" data-e-type=\"widget\" data-widget_type=\"image.default\">\n\t\t\t\t<div class=\"elementor-widget-container\">\n\t\t\t\t\t\t\t\t\t\t\t\t<figure class=\"wp-caption\">\n\t\t\t\t\t\t\t\t\t\t<img loading=\"lazy\" decoding=\"async\" width=\"768\" height=\"512\" src=\"https:\/\/www.elturistatranquil.com\/wp-content\/uploads\/F40-Santa-Maria-de-Melque-Toledo.jpg\" class=\"attachment-large size-large wp-image-42782\" alt=\"Santa Maria de Melque, Toledo\" srcset=\"https:\/\/www.elturistatranquil.com\/wp-content\/uploads\/F40-Santa-Maria-de-Melque-Toledo.jpg 768w, https:\/\/www.elturistatranquil.com\/wp-content\/uploads\/F40-Santa-Maria-de-Melque-Toledo-339x226.jpg 339w\" sizes=\"(max-width: 768px) 100vw, 768px\" \/>\t\t\t\t\t\t\t\t\t\t\t<figcaption class=\"widget-image-caption wp-caption-text\"><\/figcaption>\n\t\t\t\t\t\t\t\t\t\t<\/figure>\n\t\t\t\t\t\t\t\t\t<\/div>\n\t\t\t\t<\/div>\n\t\t\t\t<div class=\"elementor-element elementor-element-7faef92 elementor-widget elementor-widget-image\" data-id=\"7faef92\" data-element_type=\"widget\" data-e-type=\"widget\" data-widget_type=\"image.default\">\n\t\t\t\t<div class=\"elementor-widget-container\">\n\t\t\t\t\t\t\t\t\t\t\t\t<figure class=\"wp-caption\">\n\t\t\t\t\t\t\t\t\t\t<img loading=\"lazy\" decoding=\"async\" width=\"768\" height=\"512\" src=\"https:\/\/www.elturistatranquil.com\/wp-content\/uploads\/F41-Santa-Maria-de-Melque-Toledo.jpg\" class=\"attachment-large size-large wp-image-42784\" alt=\"Santa Maria de Melque, Toledo\" srcset=\"https:\/\/www.elturistatranquil.com\/wp-content\/uploads\/F41-Santa-Maria-de-Melque-Toledo.jpg 768w, https:\/\/www.elturistatranquil.com\/wp-content\/uploads\/F41-Santa-Maria-de-Melque-Toledo-339x226.jpg 339w\" sizes=\"(max-width: 768px) 100vw, 768px\" \/>\t\t\t\t\t\t\t\t\t\t\t<figcaption class=\"widget-image-caption wp-caption-text\"><\/figcaption>\n\t\t\t\t\t\t\t\t\t\t<\/figure>\n\t\t\t\t\t\t\t\t\t<\/div>\n\t\t\t\t<\/div>\n\t\t\t\t<div class=\"elementor-element elementor-element-7077864 elementor-widget elementor-widget-image\" data-id=\"7077864\" data-element_type=\"widget\" data-e-type=\"widget\" data-widget_type=\"image.default\">\n\t\t\t\t<div class=\"elementor-widget-container\">\n\t\t\t\t\t\t\t\t\t\t\t\t<figure class=\"wp-caption\">\n\t\t\t\t\t\t\t\t\t\t<img loading=\"lazy\" decoding=\"async\" width=\"768\" height=\"512\" src=\"https:\/\/www.elturistatranquil.com\/wp-content\/uploads\/F42-Santa-Maria-de-Melque-Toledo.jpg\" class=\"attachment-large size-large wp-image-42786\" alt=\"Santa Maria de Melque, Toledo\" srcset=\"https:\/\/www.elturistatranquil.com\/wp-content\/uploads\/F42-Santa-Maria-de-Melque-Toledo.jpg 768w, https:\/\/www.elturistatranquil.com\/wp-content\/uploads\/F42-Santa-Maria-de-Melque-Toledo-339x226.jpg 339w\" sizes=\"(max-width: 768px) 100vw, 768px\" \/>\t\t\t\t\t\t\t\t\t\t\t<figcaption class=\"widget-image-caption wp-caption-text\"><\/figcaption>\n\t\t\t\t\t\t\t\t\t\t<\/figure>\n\t\t\t\t\t\t\t\t\t<\/div>\n\t\t\t\t<\/div>\n\t\t\t\t<div class=\"elementor-element elementor-element-cf71c5d elementor-widget elementor-widget-text-editor\" data-id=\"cf71c5d\" data-element_type=\"widget\" data-e-type=\"widget\" data-widget_type=\"text-editor.default\">\n\t\t\t\t<div class=\"elementor-widget-container\">\n\t\t\t\t\t\t\t\t\t<p>L&#8217;absis cobert amb una volta de quart d&#8217;esfera.<\/p>\t\t\t\t\t\t\t\t<\/div>\n\t\t\t\t<\/div>\n\t\t\t\t<div class=\"elementor-element elementor-element-0a28fc1 elementor-widget elementor-widget-image\" data-id=\"0a28fc1\" data-element_type=\"widget\" data-e-type=\"widget\" data-widget_type=\"image.default\">\n\t\t\t\t<div class=\"elementor-widget-container\">\n\t\t\t\t\t\t\t\t\t\t\t\t<figure class=\"wp-caption\">\n\t\t\t\t\t\t\t\t\t\t<img loading=\"lazy\" decoding=\"async\" width=\"768\" height=\"512\" src=\"https:\/\/www.elturistatranquil.com\/wp-content\/uploads\/F43-Santa-Maria-de-Melque-Toledo.jpg\" class=\"attachment-large size-large wp-image-42788\" alt=\"Santa Maria de Melque, Toledo\" srcset=\"https:\/\/www.elturistatranquil.com\/wp-content\/uploads\/F43-Santa-Maria-de-Melque-Toledo.jpg 768w, https:\/\/www.elturistatranquil.com\/wp-content\/uploads\/F43-Santa-Maria-de-Melque-Toledo-339x226.jpg 339w\" sizes=\"(max-width: 768px) 100vw, 768px\" \/>\t\t\t\t\t\t\t\t\t\t\t<figcaption class=\"widget-image-caption wp-caption-text\"><\/figcaption>\n\t\t\t\t\t\t\t\t\t\t<\/figure>\n\t\t\t\t\t\t\t\t\t<\/div>\n\t\t\t\t<\/div>\n\t\t\t\t<div class=\"elementor-element elementor-element-fe0a8d0 elementor-widget elementor-widget-text-editor\" data-id=\"fe0a8d0\" data-element_type=\"widget\" data-e-type=\"widget\" data-widget_type=\"text-editor.default\">\n\t\t\t\t<div class=\"elementor-widget-container\">\n\t\t\t\t\t\t\t\t\t<p>La petita finestra de ferradura de doble esqueixada de l&#8217;absis.<\/p>\t\t\t\t\t\t\t\t<\/div>\n\t\t\t\t<\/div>\n\t\t\t\t<div class=\"elementor-element elementor-element-715b6b9 elementor-widget elementor-widget-image\" data-id=\"715b6b9\" data-element_type=\"widget\" data-e-type=\"widget\" data-widget_type=\"image.default\">\n\t\t\t\t<div class=\"elementor-widget-container\">\n\t\t\t\t\t\t\t\t\t\t\t\t<figure class=\"wp-caption\">\n\t\t\t\t\t\t\t\t\t\t<img loading=\"lazy\" decoding=\"async\" width=\"768\" height=\"512\" src=\"https:\/\/www.elturistatranquil.com\/wp-content\/uploads\/F44-Santa-Maria-de-Melque-Toledo.jpg\" class=\"attachment-large size-large wp-image-42790\" alt=\"Santa Maria de Melque, Toledo\" srcset=\"https:\/\/www.elturistatranquil.com\/wp-content\/uploads\/F44-Santa-Maria-de-Melque-Toledo.jpg 768w, https:\/\/www.elturistatranquil.com\/wp-content\/uploads\/F44-Santa-Maria-de-Melque-Toledo-339x226.jpg 339w\" sizes=\"(max-width: 768px) 100vw, 768px\" \/>\t\t\t\t\t\t\t\t\t\t\t<figcaption class=\"widget-image-caption wp-caption-text\"><\/figcaption>\n\t\t\t\t\t\t\t\t\t\t<\/figure>\n\t\t\t\t\t\t\t\t\t<\/div>\n\t\t\t\t<\/div>\n\t\t\t\t<div class=\"elementor-element elementor-element-63affed elementor-widget elementor-widget-text-editor\" data-id=\"63affed\" data-element_type=\"widget\" data-e-type=\"widget\" data-widget_type=\"text-editor.default\">\n\t\t\t\t<div class=\"elementor-widget-container\">\n\t\t\t\t\t\t\t\t\t<p>Sendes habitacions davanteres, adjacents a l&#8217;avantabsis, actuaven de distribu\u00efdors entre els passos oberts al transsepte, les portes per les quals s&#8217;accedeix a l&#8217;avantabsis i les seves pr\u00f2pies que donen al pati, totes les portes tancades, adovellades i amb arcs de desc\u00e0rrega.<\/p>\t\t\t\t\t\t\t\t<\/div>\n\t\t\t\t<\/div>\n\t\t\t\t<div class=\"elementor-element elementor-element-0aecfd3 elementor-widget elementor-widget-image\" data-id=\"0aecfd3\" data-element_type=\"widget\" data-e-type=\"widget\" data-widget_type=\"image.default\">\n\t\t\t\t<div class=\"elementor-widget-container\">\n\t\t\t\t\t\t\t\t\t\t\t\t<figure class=\"wp-caption\">\n\t\t\t\t\t\t\t\t\t\t<img loading=\"lazy\" decoding=\"async\" width=\"768\" height=\"512\" src=\"https:\/\/www.elturistatranquil.com\/wp-content\/uploads\/F45-Santa-Maria-de-Melque-Toledo.jpg\" class=\"attachment-large size-large wp-image-42792\" alt=\"Santa Maria de Melque, Toledo\" srcset=\"https:\/\/www.elturistatranquil.com\/wp-content\/uploads\/F45-Santa-Maria-de-Melque-Toledo.jpg 768w, https:\/\/www.elturistatranquil.com\/wp-content\/uploads\/F45-Santa-Maria-de-Melque-Toledo-339x226.jpg 339w\" sizes=\"(max-width: 768px) 100vw, 768px\" \/>\t\t\t\t\t\t\t\t\t\t\t<figcaption class=\"widget-image-caption wp-caption-text\"><\/figcaption>\n\t\t\t\t\t\t\t\t\t\t<\/figure>\n\t\t\t\t\t\t\t\t\t<\/div>\n\t\t\t\t<\/div>\n\t\t\t\t<div class=\"elementor-element elementor-element-c8b542e elementor-widget elementor-widget-image\" data-id=\"c8b542e\" data-element_type=\"widget\" data-e-type=\"widget\" data-widget_type=\"image.default\">\n\t\t\t\t<div class=\"elementor-widget-container\">\n\t\t\t\t\t\t\t\t\t\t\t\t<figure class=\"wp-caption\">\n\t\t\t\t\t\t\t\t\t\t<img loading=\"lazy\" decoding=\"async\" width=\"768\" height=\"512\" src=\"https:\/\/www.elturistatranquil.com\/wp-content\/uploads\/F46-Santa-Maria-de-Melque-Toledo.jpg\" class=\"attachment-large size-large wp-image-42794\" alt=\"Santa Maria de Melque, Toledo\" srcset=\"https:\/\/www.elturistatranquil.com\/wp-content\/uploads\/F46-Santa-Maria-de-Melque-Toledo.jpg 768w, https:\/\/www.elturistatranquil.com\/wp-content\/uploads\/F46-Santa-Maria-de-Melque-Toledo-339x226.jpg 339w\" sizes=\"(max-width: 768px) 100vw, 768px\" \/>\t\t\t\t\t\t\t\t\t\t\t<figcaption class=\"widget-image-caption wp-caption-text\"><\/figcaption>\n\t\t\t\t\t\t\t\t\t\t<\/figure>\n\t\t\t\t\t\t\t\t\t<\/div>\n\t\t\t\t<\/div>\n\t\t\t\t<div class=\"elementor-element elementor-element-0f0fee4 elementor-widget elementor-widget-text-editor\" data-id=\"0f0fee4\" data-element_type=\"widget\" data-e-type=\"widget\" data-widget_type=\"text-editor.default\">\n\t\t\t\t<div class=\"elementor-widget-container\">\n\t\t\t\t\t\t\t\t\t<p>Tot i que actualment observem tots els murs de \u201cpedra viva\u201d, en origen totes les cobertes interiors, havien d&#8217;estar estucades amb decoraci\u00f3 en relleu i molt probablement policromades. Aix\u00ed mateix, la resta de parets tamb\u00e9 estarien cobertes d&#8217;estuc en aquest cas com a guix per tapar imperfeccions.<\/p><p>Nom\u00e9s es conserven algunes restes a l&#8217;arc meridional del creuer, amb roleus que sorgeixen d&#8217;un got a l&#8217;intrad\u00f3s, frisos de llisos enlla\u00e7ats per la seva base formant l\u00fanules a l&#8217;arquivolta i motllures a les impostes.<\/p>\t\t\t\t\t\t\t\t<\/div>\n\t\t\t\t<\/div>\n\t\t\t\t<div class=\"elementor-element elementor-element-9f8b450 elementor-widget elementor-widget-image\" data-id=\"9f8b450\" data-element_type=\"widget\" data-e-type=\"widget\" data-widget_type=\"image.default\">\n\t\t\t\t<div class=\"elementor-widget-container\">\n\t\t\t\t\t\t\t\t\t\t\t\t<figure class=\"wp-caption\">\n\t\t\t\t\t\t\t\t\t\t<img loading=\"lazy\" decoding=\"async\" width=\"768\" height=\"512\" src=\"https:\/\/www.elturistatranquil.com\/wp-content\/uploads\/F47-Santa-Maria-de-Melque-Toledo.jpg\" class=\"attachment-large size-large wp-image-42796\" alt=\"Santa Maria de Melque, Toledo\" srcset=\"https:\/\/www.elturistatranquil.com\/wp-content\/uploads\/F47-Santa-Maria-de-Melque-Toledo.jpg 768w, https:\/\/www.elturistatranquil.com\/wp-content\/uploads\/F47-Santa-Maria-de-Melque-Toledo-339x226.jpg 339w\" sizes=\"(max-width: 768px) 100vw, 768px\" \/>\t\t\t\t\t\t\t\t\t\t\t<figcaption class=\"widget-image-caption wp-caption-text\"><\/figcaption>\n\t\t\t\t\t\t\t\t\t\t<\/figure>\n\t\t\t\t\t\t\t\t\t<\/div>\n\t\t\t\t<\/div>\n\t\t\t\t<section class=\"elementor-section elementor-inner-section elementor-element elementor-element-c8bba52 elementor-section-boxed elementor-section-height-default elementor-section-height-default\" data-id=\"c8bba52\" data-element_type=\"section\" data-e-type=\"section\">\n\t\t\t\t\t\t<div class=\"elementor-container elementor-column-gap-default\">\n\t\t\t\t\t<div class=\"elementor-column elementor-col-50 elementor-inner-column elementor-element elementor-element-4602fdd\" data-id=\"4602fdd\" data-element_type=\"column\" data-e-type=\"column\">\n\t\t\t<div class=\"elementor-widget-wrap elementor-element-populated\">\n\t\t\t\t\t\t<div class=\"elementor-element elementor-element-a441ca6 elementor-widget elementor-widget-image\" data-id=\"a441ca6\" data-element_type=\"widget\" data-e-type=\"widget\" data-widget_type=\"image.default\">\n\t\t\t\t<div class=\"elementor-widget-container\">\n\t\t\t\t\t\t\t\t\t\t\t\t\t\t\t<img loading=\"lazy\" decoding=\"async\" width=\"380\" height=\"380\" src=\"https:\/\/www.elturistatranquil.com\/wp-content\/uploads\/F48m-Santa-Maria-de-Melque-Toledo.jpg\" class=\"attachment-large size-large wp-image-42798\" alt=\"Santa Maria de Melque, Toledo\" srcset=\"https:\/\/www.elturistatranquil.com\/wp-content\/uploads\/F48m-Santa-Maria-de-Melque-Toledo.jpg 380w, https:\/\/www.elturistatranquil.com\/wp-content\/uploads\/F48m-Santa-Maria-de-Melque-Toledo-226x226.jpg 226w\" sizes=\"(max-width: 380px) 100vw, 380px\" \/>\t\t\t\t\t\t\t\t\t\t\t\t\t\t\t<\/div>\n\t\t\t\t<\/div>\n\t\t\t\t\t<\/div>\n\t\t<\/div>\n\t\t\t\t<div class=\"elementor-column elementor-col-50 elementor-inner-column elementor-element elementor-element-0707b91\" data-id=\"0707b91\" data-element_type=\"column\" data-e-type=\"column\">\n\t\t\t<div class=\"elementor-widget-wrap elementor-element-populated\">\n\t\t\t\t\t\t<div class=\"elementor-element elementor-element-77a31f1 elementor-widget elementor-widget-image\" data-id=\"77a31f1\" data-element_type=\"widget\" data-e-type=\"widget\" data-widget_type=\"image.default\">\n\t\t\t\t<div class=\"elementor-widget-container\">\n\t\t\t\t\t\t\t\t\t\t\t\t\t\t\t<img loading=\"lazy\" decoding=\"async\" width=\"380\" height=\"380\" src=\"https:\/\/www.elturistatranquil.com\/wp-content\/uploads\/F48n-Santa-Maria-de-Melque-Toledo.jpg\" class=\"attachment-large size-large wp-image-42800\" alt=\"Santa Maria de Melque, Toledo\" srcset=\"https:\/\/www.elturistatranquil.com\/wp-content\/uploads\/F48n-Santa-Maria-de-Melque-Toledo.jpg 380w, https:\/\/www.elturistatranquil.com\/wp-content\/uploads\/F48n-Santa-Maria-de-Melque-Toledo-226x226.jpg 226w\" sizes=\"(max-width: 380px) 100vw, 380px\" \/>\t\t\t\t\t\t\t\t\t\t\t\t\t\t\t<\/div>\n\t\t\t\t<\/div>\n\t\t\t\t\t<\/div>\n\t\t<\/div>\n\t\t\t\t\t<\/div>\n\t\t<\/section>\n\t\t\t\t<div class=\"elementor-element elementor-element-bb38cb1 elementor-widget elementor-widget-text-editor\" data-id=\"bb38cb1\" data-element_type=\"widget\" data-e-type=\"widget\" data-widget_type=\"text-editor.default\">\n\t\t\t\t<div class=\"elementor-widget-container\">\n\t\t\t\t\t\t\t\t\t<p>\u00a0<\/p><p>L&#8217;aspecte monumental del temple queda subratllat pels grans arcs torals de ferradura peraltada sobre els quals s&#8217;enlaira el cimbori. \u00c9s interessant la disposici\u00f3 de columnes adossades en el suport d&#8217;aquest realitzades com una simple protuber\u00e0ncia semicil\u00edndrica del carreu, sense bases ni capitells. Aquesta disposici\u00f3 va a joc amb els cantons arrodonits de l&#8217;edifici, de indubtable arrelament siri\u00e0. L&#8217;efecte que fa aquesta simulaci\u00f3 de columnes sembla inspirar-se clarament en models de l&#8217;arquitectura cl\u00e0ssica, idea que es veu refor\u00e7ada per l&#8217;aparici\u00f3 de frontons triangulars motllurats als testers.<\/p>\t\t\t\t\t\t\t\t<\/div>\n\t\t\t\t<\/div>\n\t\t\t\t<div class=\"elementor-element elementor-element-ad9f7c0 elementor-widget elementor-widget-image\" data-id=\"ad9f7c0\" data-element_type=\"widget\" data-e-type=\"widget\" data-widget_type=\"image.default\">\n\t\t\t\t<div class=\"elementor-widget-container\">\n\t\t\t\t\t\t\t\t\t\t\t\t<figure class=\"wp-caption\">\n\t\t\t\t\t\t\t\t\t\t<img loading=\"lazy\" decoding=\"async\" width=\"768\" height=\"512\" src=\"https:\/\/www.elturistatranquil.com\/wp-content\/uploads\/F49-Santa-Maria-de-Melque-Toledo.jpg\" class=\"attachment-large size-large wp-image-42802\" alt=\"Santa Maria de Melque, Toledo\" srcset=\"https:\/\/www.elturistatranquil.com\/wp-content\/uploads\/F49-Santa-Maria-de-Melque-Toledo.jpg 768w, https:\/\/www.elturistatranquil.com\/wp-content\/uploads\/F49-Santa-Maria-de-Melque-Toledo-339x226.jpg 339w\" sizes=\"(max-width: 768px) 100vw, 768px\" \/>\t\t\t\t\t\t\t\t\t\t\t<figcaption class=\"widget-image-caption wp-caption-text\"><\/figcaption>\n\t\t\t\t\t\t\t\t\t\t<\/figure>\n\t\t\t\t\t\t\t\t\t<\/div>\n\t\t\t\t<\/div>\n\t\t\t\t<div class=\"elementor-element elementor-element-ae9e0cb elementor-widget elementor-widget-image\" data-id=\"ae9e0cb\" data-element_type=\"widget\" data-e-type=\"widget\" data-widget_type=\"image.default\">\n\t\t\t\t<div class=\"elementor-widget-container\">\n\t\t\t\t\t\t\t\t\t\t\t\t<figure class=\"wp-caption\">\n\t\t\t\t\t\t\t\t\t\t<img loading=\"lazy\" decoding=\"async\" width=\"768\" height=\"512\" src=\"https:\/\/www.elturistatranquil.com\/wp-content\/uploads\/F50-Santa-Maria-de-Melque-Toledo.jpg\" class=\"attachment-large size-large wp-image-42804\" alt=\"Santa Maria de Melque, Toledo\" srcset=\"https:\/\/www.elturistatranquil.com\/wp-content\/uploads\/F50-Santa-Maria-de-Melque-Toledo.jpg 768w, https:\/\/www.elturistatranquil.com\/wp-content\/uploads\/F50-Santa-Maria-de-Melque-Toledo-339x226.jpg 339w\" sizes=\"(max-width: 768px) 100vw, 768px\" \/>\t\t\t\t\t\t\t\t\t\t\t<figcaption class=\"widget-image-caption wp-caption-text\"><\/figcaption>\n\t\t\t\t\t\t\t\t\t\t<\/figure>\n\t\t\t\t\t\t\t\t\t<\/div>\n\t\t\t\t<\/div>\n\t\t\t\t<div class=\"elementor-element elementor-element-05ea8b9 elementor-widget elementor-widget-text-editor\" data-id=\"05ea8b9\" data-element_type=\"widget\" data-e-type=\"widget\" data-widget_type=\"text-editor.default\">\n\t\t\t\t<div class=\"elementor-widget-container\">\n\t\t\t\t\t\t\t\t\t<p>El cimbori \u00e9s de volta bufada. Sobre els arcs torals de ferradura corre una cornisa motllurada que serveix de suport als timpans o paraments llisos, on s&#8217;obren petits \u00f2culs d&#8217;il\u00b7luminaci\u00f3. A les cantonades, entre els arcs, es formen m\u00e8nsules.<\/p>\t\t\t\t\t\t\t\t<\/div>\n\t\t\t\t<\/div>\n\t\t\t\t<div class=\"elementor-element elementor-element-49d0480 elementor-widget elementor-widget-image\" data-id=\"49d0480\" data-element_type=\"widget\" data-e-type=\"widget\" data-widget_type=\"image.default\">\n\t\t\t\t<div class=\"elementor-widget-container\">\n\t\t\t\t\t\t\t\t\t\t\t\t<figure class=\"wp-caption\">\n\t\t\t\t\t\t\t\t\t\t<img loading=\"lazy\" decoding=\"async\" width=\"768\" height=\"512\" src=\"https:\/\/www.elturistatranquil.com\/wp-content\/uploads\/F51a-Santa-Maria-de-Melque-Toledo.jpg\" class=\"attachment-large size-large wp-image-42806\" alt=\"Santa Maria de Melque, Toledo\" srcset=\"https:\/\/www.elturistatranquil.com\/wp-content\/uploads\/F51a-Santa-Maria-de-Melque-Toledo.jpg 768w, https:\/\/www.elturistatranquil.com\/wp-content\/uploads\/F51a-Santa-Maria-de-Melque-Toledo-339x226.jpg 339w\" sizes=\"(max-width: 768px) 100vw, 768px\" \/>\t\t\t\t\t\t\t\t\t\t\t<figcaption class=\"widget-image-caption wp-caption-text\"><\/figcaption>\n\t\t\t\t\t\t\t\t\t\t<\/figure>\n\t\t\t\t\t\t\t\t\t<\/div>\n\t\t\t\t<\/div>\n\t\t\t\t<div class=\"elementor-element elementor-element-2bae04f elementor-widget elementor-widget-image\" data-id=\"2bae04f\" data-element_type=\"widget\" data-e-type=\"widget\" data-widget_type=\"image.default\">\n\t\t\t\t<div class=\"elementor-widget-container\">\n\t\t\t\t\t\t\t\t\t\t\t\t<figure class=\"wp-caption\">\n\t\t\t\t\t\t\t\t\t\t<img loading=\"lazy\" decoding=\"async\" width=\"768\" height=\"512\" src=\"https:\/\/www.elturistatranquil.com\/wp-content\/uploads\/F51b-Santa-Maria-de-Melque-Toledo.jpg\" class=\"attachment-large size-large wp-image-42808\" alt=\"Santa Maria de Melque, Toledo\" srcset=\"https:\/\/www.elturistatranquil.com\/wp-content\/uploads\/F51b-Santa-Maria-de-Melque-Toledo.jpg 768w, https:\/\/www.elturistatranquil.com\/wp-content\/uploads\/F51b-Santa-Maria-de-Melque-Toledo-339x226.jpg 339w\" sizes=\"(max-width: 768px) 100vw, 768px\" \/>\t\t\t\t\t\t\t\t\t\t\t<figcaption class=\"widget-image-caption wp-caption-text\"><\/figcaption>\n\t\t\t\t\t\t\t\t\t\t<\/figure>\n\t\t\t\t\t\t\t\t\t<\/div>\n\t\t\t\t<\/div>\n\t\t\t\t<div class=\"elementor-element elementor-element-9d351d7 elementor-widget elementor-widget-text-editor\" data-id=\"9d351d7\" data-element_type=\"widget\" data-e-type=\"widget\" data-widget_type=\"text-editor.default\">\n\t\t\t\t<div class=\"elementor-widget-container\">\n\t\t\t\t\t\t\t\t\t<p>\u00c9s important assenyalar un altre element original d&#8217;aquest temple que permet entendre el sentit del monument: al tester del bra\u00e7 sud del creuer es va disposar un n\u00ednxol o arcosoli per acollir un sarc\u00f2fag destinat a un enterrament privilegiat. Aquest arcosoli est\u00e0 encastat a la mateixa f\u00e0brica del temple, formant-ne part. \u00c9s el que fa pensar que l&#8217;esgl\u00e9sia va ser realitzada en funci\u00f3 d&#8217;aquest enterrament que podria servir de pante\u00f3 monumental.<\/p>\t\t\t\t\t\t\t\t<\/div>\n\t\t\t\t<\/div>\n\t\t\t\t<div class=\"elementor-element elementor-element-fcdeafd elementor-widget elementor-widget-image\" data-id=\"fcdeafd\" data-element_type=\"widget\" data-e-type=\"widget\" data-widget_type=\"image.default\">\n\t\t\t\t<div class=\"elementor-widget-container\">\n\t\t\t\t\t\t\t\t\t\t\t\t<figure class=\"wp-caption\">\n\t\t\t\t\t\t\t\t\t\t<img loading=\"lazy\" decoding=\"async\" width=\"768\" height=\"512\" src=\"https:\/\/www.elturistatranquil.com\/wp-content\/uploads\/F52-Santa-Maria-de-Melque-Toledo.jpg\" class=\"attachment-large size-large wp-image-42810\" alt=\"Santa Maria de Melque, Toledo\" srcset=\"https:\/\/www.elturistatranquil.com\/wp-content\/uploads\/F52-Santa-Maria-de-Melque-Toledo.jpg 768w, https:\/\/www.elturistatranquil.com\/wp-content\/uploads\/F52-Santa-Maria-de-Melque-Toledo-339x226.jpg 339w\" sizes=\"(max-width: 768px) 100vw, 768px\" \/>\t\t\t\t\t\t\t\t\t\t\t<figcaption class=\"widget-image-caption wp-caption-text\"><\/figcaption>\n\t\t\t\t\t\t\t\t\t\t<\/figure>\n\t\t\t\t\t\t\t\t\t<\/div>\n\t\t\t\t<\/div>\n\t\t\t\t<div class=\"elementor-element elementor-element-c26f4ce elementor-widget elementor-widget-text-editor\" data-id=\"c26f4ce\" data-element_type=\"widget\" data-e-type=\"widget\" data-widget_type=\"text-editor.default\">\n\t\t\t\t<div class=\"elementor-widget-container\">\n\t\t\t\t\t\t\t\t\t<p>Porta que dona acc\u00e9s a l&#8217;habitaci\u00f3 davantera del costat sud-est. Es pot observar el gruix del mur.<\/p>\t\t\t\t\t\t\t\t<\/div>\n\t\t\t\t<\/div>\n\t\t\t\t<div class=\"elementor-element elementor-element-f3be38c elementor-widget elementor-widget-image\" data-id=\"f3be38c\" data-element_type=\"widget\" data-e-type=\"widget\" data-widget_type=\"image.default\">\n\t\t\t\t<div class=\"elementor-widget-container\">\n\t\t\t\t\t\t\t\t\t\t\t\t<figure class=\"wp-caption\">\n\t\t\t\t\t\t\t\t\t\t<img loading=\"lazy\" decoding=\"async\" width=\"768\" height=\"512\" src=\"https:\/\/www.elturistatranquil.com\/wp-content\/uploads\/F53-Santa-Maria-de-Melque-Toledo.jpg\" class=\"attachment-large size-large wp-image-42812\" alt=\"Santa Maria de Melque, Toledo\" srcset=\"https:\/\/www.elturistatranquil.com\/wp-content\/uploads\/F53-Santa-Maria-de-Melque-Toledo.jpg 768w, https:\/\/www.elturistatranquil.com\/wp-content\/uploads\/F53-Santa-Maria-de-Melque-Toledo-339x226.jpg 339w\" sizes=\"(max-width: 768px) 100vw, 768px\" \/>\t\t\t\t\t\t\t\t\t\t\t<figcaption class=\"widget-image-caption wp-caption-text\"><\/figcaption>\n\t\t\t\t\t\t\t\t\t\t<\/figure>\n\t\t\t\t\t\t\t\t\t<\/div>\n\t\t\t\t<\/div>\n\t\t\t\t<div class=\"elementor-element elementor-element-8a3cb03 elementor-widget elementor-widget-text-editor\" data-id=\"8a3cb03\" data-element_type=\"widget\" data-e-type=\"widget\" data-widget_type=\"text-editor.default\">\n\t\t\t\t<div class=\"elementor-widget-container\">\n\t\t\t\t\t\t\t\t\t<p>L&#8217;arcosoli sota la finestra de doble esqueixada d&#8217;il\u00b7luminaci\u00f3 del tester.<\/p>\t\t\t\t\t\t\t\t<\/div>\n\t\t\t\t<\/div>\n\t\t\t\t<div class=\"elementor-element elementor-element-4533dd7 elementor-widget elementor-widget-image\" data-id=\"4533dd7\" data-element_type=\"widget\" data-e-type=\"widget\" data-widget_type=\"image.default\">\n\t\t\t\t<div class=\"elementor-widget-container\">\n\t\t\t\t\t\t\t\t\t\t\t\t<figure class=\"wp-caption\">\n\t\t\t\t\t\t\t\t\t\t<img loading=\"lazy\" decoding=\"async\" width=\"768\" height=\"512\" src=\"https:\/\/www.elturistatranquil.com\/wp-content\/uploads\/F54-Santa-Maria-de-Melque-Toledo.jpg\" class=\"attachment-large size-large wp-image-42814\" alt=\"Santa Maria de Melque, Toledo\" srcset=\"https:\/\/www.elturistatranquil.com\/wp-content\/uploads\/F54-Santa-Maria-de-Melque-Toledo.jpg 768w, https:\/\/www.elturistatranquil.com\/wp-content\/uploads\/F54-Santa-Maria-de-Melque-Toledo-339x226.jpg 339w\" sizes=\"(max-width: 768px) 100vw, 768px\" \/>\t\t\t\t\t\t\t\t\t\t\t<figcaption class=\"widget-image-caption wp-caption-text\"><\/figcaption>\n\t\t\t\t\t\t\t\t\t\t<\/figure>\n\t\t\t\t\t\t\t\t\t<\/div>\n\t\t\t\t<\/div>\n\t\t\t\t<div class=\"elementor-element elementor-element-f4054b8 elementor-widget elementor-widget-text-editor\" data-id=\"f4054b8\" data-element_type=\"widget\" data-e-type=\"widget\" data-widget_type=\"text-editor.default\">\n\t\t\t\t<div class=\"elementor-widget-container\">\n\t\t\t\t\t\t\t\t\t<p>La finestra i l&#8217;obertura que s&#8217;obre a la banda oest del bra\u00e7.<\/p>\t\t\t\t\t\t\t\t<\/div>\n\t\t\t\t<\/div>\n\t\t\t\t<div class=\"elementor-element elementor-element-6d02c51 elementor-widget elementor-widget-image\" data-id=\"6d02c51\" data-element_type=\"widget\" data-e-type=\"widget\" data-widget_type=\"image.default\">\n\t\t\t\t<div class=\"elementor-widget-container\">\n\t\t\t\t\t\t\t\t\t\t\t\t<figure class=\"wp-caption\">\n\t\t\t\t\t\t\t\t\t\t<img loading=\"lazy\" decoding=\"async\" width=\"768\" height=\"512\" src=\"https:\/\/www.elturistatranquil.com\/wp-content\/uploads\/F55-Santa-Maria-de-Melque-Toledo.jpg\" class=\"attachment-large size-large wp-image-42816\" alt=\"Santa Maria de Melque, Toledo\" srcset=\"https:\/\/www.elturistatranquil.com\/wp-content\/uploads\/F55-Santa-Maria-de-Melque-Toledo.jpg 768w, https:\/\/www.elturistatranquil.com\/wp-content\/uploads\/F55-Santa-Maria-de-Melque-Toledo-339x226.jpg 339w\" sizes=\"(max-width: 768px) 100vw, 768px\" \/>\t\t\t\t\t\t\t\t\t\t\t<figcaption class=\"widget-image-caption wp-caption-text\"><\/figcaption>\n\t\t\t\t\t\t\t\t\t\t<\/figure>\n\t\t\t\t\t\t\t\t\t<\/div>\n\t\t\t\t<\/div>\n\t\t\t\t<div class=\"elementor-element elementor-element-0339764 elementor-widget elementor-widget-text-editor\" data-id=\"0339764\" data-element_type=\"widget\" data-e-type=\"widget\" data-widget_type=\"text-editor.default\">\n\t\t\t\t<div class=\"elementor-widget-container\">\n\t\t\t\t\t\t\t\t\t<p>Al costat septentrional del transsepte, una altra de les finestres de doble esqueixada d&#8217;il\u00b7luminaci\u00f3. Sota la finestra un pou o una cisterna, d&#8217;una etapa posterior que, segurament, t\u00e9 a veure amb l&#8217;\u00fas de l&#8217;immoble com a fortificaci\u00f3 a partir del segle VIII.<\/p>\t\t\t\t\t\t\t\t<\/div>\n\t\t\t\t<\/div>\n\t\t\t\t<div class=\"elementor-element elementor-element-8c14f9f elementor-widget elementor-widget-image\" data-id=\"8c14f9f\" data-element_type=\"widget\" data-e-type=\"widget\" data-widget_type=\"image.default\">\n\t\t\t\t<div class=\"elementor-widget-container\">\n\t\t\t\t\t\t\t\t\t\t\t\t<figure class=\"wp-caption\">\n\t\t\t\t\t\t\t\t\t\t<img loading=\"lazy\" decoding=\"async\" width=\"768\" height=\"512\" src=\"https:\/\/www.elturistatranquil.com\/wp-content\/uploads\/F56-Santa-Maria-de-Melque-Toledo.jpg\" class=\"attachment-large size-large wp-image-42818\" alt=\"Santa Maria de Melque, Toledo\" srcset=\"https:\/\/www.elturistatranquil.com\/wp-content\/uploads\/F56-Santa-Maria-de-Melque-Toledo.jpg 768w, https:\/\/www.elturistatranquil.com\/wp-content\/uploads\/F56-Santa-Maria-de-Melque-Toledo-339x226.jpg 339w\" sizes=\"(max-width: 768px) 100vw, 768px\" \/>\t\t\t\t\t\t\t\t\t\t\t<figcaption class=\"widget-image-caption wp-caption-text\"><\/figcaption>\n\t\t\t\t\t\t\t\t\t\t<\/figure>\n\t\t\t\t\t\t\t\t\t<\/div>\n\t\t\t\t<\/div>\n\t\t\t\t<div class=\"elementor-element elementor-element-cd97b9e elementor-widget elementor-widget-text-editor\" data-id=\"cd97b9e\" data-element_type=\"widget\" data-e-type=\"widget\" data-widget_type=\"text-editor.default\">\n\t\t\t\t<div class=\"elementor-widget-container\">\n\t\t\t\t\t\t\t\t\t<p>En el moment en qu\u00e8 es van tancar els accessos del transsepte a l&#8217;interior del monestir, es van aprofitar els espais aconseguits per convertir-los en petits santuaris.<\/p><p>En aquest es conserva el peu de l&#8217;altar original i les restes del mur de tancament a la part posterior.<\/p>\t\t\t\t\t\t\t\t<\/div>\n\t\t\t\t<\/div>\n\t\t\t\t<div class=\"elementor-element elementor-element-7a7d81a elementor-widget elementor-widget-image\" data-id=\"7a7d81a\" data-element_type=\"widget\" data-e-type=\"widget\" data-widget_type=\"image.default\">\n\t\t\t\t<div class=\"elementor-widget-container\">\n\t\t\t\t\t\t\t\t\t\t\t\t<figure class=\"wp-caption\">\n\t\t\t\t\t\t\t\t\t\t<img loading=\"lazy\" decoding=\"async\" width=\"768\" height=\"512\" src=\"https:\/\/www.elturistatranquil.com\/wp-content\/uploads\/F57-Santa-Maria-de-Melque-Toledo.jpg\" class=\"attachment-large size-large wp-image-42824\" alt=\"Santa Maria de Melque, Toledo\" srcset=\"https:\/\/www.elturistatranquil.com\/wp-content\/uploads\/F57-Santa-Maria-de-Melque-Toledo.jpg 768w, https:\/\/www.elturistatranquil.com\/wp-content\/uploads\/F57-Santa-Maria-de-Melque-Toledo-339x226.jpg 339w\" sizes=\"(max-width: 768px) 100vw, 768px\" \/>\t\t\t\t\t\t\t\t\t\t\t<figcaption class=\"widget-image-caption wp-caption-text\"><\/figcaption>\n\t\t\t\t\t\t\t\t\t\t<\/figure>\n\t\t\t\t\t\t\t\t\t<\/div>\n\t\t\t\t<\/div>\n\t\t\t\t<div class=\"elementor-element elementor-element-df16aa9 elementor-widget elementor-widget-text-editor\" data-id=\"df16aa9\" data-element_type=\"widget\" data-e-type=\"widget\" data-widget_type=\"text-editor.default\">\n\t\t\t\t<div class=\"elementor-widget-container\">\n\t\t\t\t\t\t\t\t\t<p>La petita habitaci\u00f3 davantera de distribuci\u00f3 amb la porta que dona a l&#8217;interior del recinte monacal i que hav\u00edem vist des de l&#8217;exterior.<\/p>\t\t\t\t\t\t\t\t<\/div>\n\t\t\t\t<\/div>\n\t\t\t\t<div class=\"elementor-element elementor-element-50e8cba elementor-widget elementor-widget-image\" data-id=\"50e8cba\" data-element_type=\"widget\" data-e-type=\"widget\" data-widget_type=\"image.default\">\n\t\t\t\t<div class=\"elementor-widget-container\">\n\t\t\t\t\t\t\t\t\t\t\t\t<figure class=\"wp-caption\">\n\t\t\t\t\t\t\t\t\t\t<img loading=\"lazy\" decoding=\"async\" width=\"768\" height=\"512\" src=\"https:\/\/www.elturistatranquil.com\/wp-content\/uploads\/F58-Santa-Maria-de-Melque-Toledo.jpg\" class=\"attachment-large size-large wp-image-42826\" alt=\"Santa Maria de Melque, Toledo\" srcset=\"https:\/\/www.elturistatranquil.com\/wp-content\/uploads\/F58-Santa-Maria-de-Melque-Toledo.jpg 768w, https:\/\/www.elturistatranquil.com\/wp-content\/uploads\/F58-Santa-Maria-de-Melque-Toledo-339x226.jpg 339w\" sizes=\"(max-width: 768px) 100vw, 768px\" \/>\t\t\t\t\t\t\t\t\t\t\t<figcaption class=\"widget-image-caption wp-caption-text\"><\/figcaption>\n\t\t\t\t\t\t\t\t\t\t<\/figure>\n\t\t\t\t\t\t\t\t\t<\/div>\n\t\t\t\t<\/div>\n\t\t\t\t<div class=\"elementor-element elementor-element-c116613 elementor-widget elementor-widget-text-editor\" data-id=\"c116613\" data-element_type=\"widget\" data-e-type=\"widget\" data-widget_type=\"text-editor.default\">\n\t\t\t\t<div class=\"elementor-widget-container\">\n\t\t\t\t\t\t\t\t\t<p>A l&#8217;angle nord-oest s&#8217;hi va afegir una habitaci\u00f3 adossada a l&#8217;aula i alineada amb el bra\u00e7 de transsepte d&#8217;aparell similar al de l&#8217;esgl\u00e9sia, per\u00f2 de pitjor qualitat, amb arquets a tres dels murs.<\/p><p>Probable recinte funerari, va haver de ser utilitzada per albergar reliquiaris o osseres com a resposta a la manca d&#8217;enterraments al cementiri monacal. Alguns autors ho descriuen com a \u201chabitaci\u00f3 adossada\u201d, per la qual cosa podria haver comptat amb un sostre.<\/p><p>Per accedir-hi, es va trencar el mur occidental de la nau nord del transsepte per obrir una porta amb llinda de comunicaci\u00f3 sota la finestra d&#8217;arc de ferradura preexistent.<\/p>\t\t\t\t\t\t\t\t<\/div>\n\t\t\t\t<\/div>\n\t\t\t\t<div class=\"elementor-element elementor-element-6a624e4 elementor-widget elementor-widget-image\" data-id=\"6a624e4\" data-element_type=\"widget\" data-e-type=\"widget\" data-widget_type=\"image.default\">\n\t\t\t\t<div class=\"elementor-widget-container\">\n\t\t\t\t\t\t\t\t\t\t\t\t<figure class=\"wp-caption\">\n\t\t\t\t\t\t\t\t\t\t<img loading=\"lazy\" decoding=\"async\" width=\"768\" height=\"512\" src=\"https:\/\/www.elturistatranquil.com\/wp-content\/uploads\/F59-Santa-Maria-de-Melque-Toledo.jpg\" class=\"attachment-large size-large wp-image-42828\" alt=\"Santa Maria de Melque, Toledo\" srcset=\"https:\/\/www.elturistatranquil.com\/wp-content\/uploads\/F59-Santa-Maria-de-Melque-Toledo.jpg 768w, https:\/\/www.elturistatranquil.com\/wp-content\/uploads\/F59-Santa-Maria-de-Melque-Toledo-339x226.jpg 339w\" sizes=\"(max-width: 768px) 100vw, 768px\" \/>\t\t\t\t\t\t\t\t\t\t\t<figcaption class=\"widget-image-caption wp-caption-text\"><\/figcaption>\n\t\t\t\t\t\t\t\t\t\t<\/figure>\n\t\t\t\t\t\t\t\t\t<\/div>\n\t\t\t\t<\/div>\n\t\t\t\t<div class=\"elementor-element elementor-element-eec4812 elementor-widget elementor-widget-image\" data-id=\"eec4812\" data-element_type=\"widget\" data-e-type=\"widget\" data-widget_type=\"image.default\">\n\t\t\t\t<div class=\"elementor-widget-container\">\n\t\t\t\t\t\t\t\t\t\t\t\t<figure class=\"wp-caption\">\n\t\t\t\t\t\t\t\t\t\t<img loading=\"lazy\" decoding=\"async\" width=\"768\" height=\"512\" src=\"https:\/\/www.elturistatranquil.com\/wp-content\/uploads\/F60-Santa-Maria-de-Melque-Toledo.jpg\" class=\"attachment-large size-large wp-image-42830\" alt=\"Santa Maria de Melque, Toledo\" srcset=\"https:\/\/www.elturistatranquil.com\/wp-content\/uploads\/F60-Santa-Maria-de-Melque-Toledo.jpg 768w, https:\/\/www.elturistatranquil.com\/wp-content\/uploads\/F60-Santa-Maria-de-Melque-Toledo-339x226.jpg 339w\" sizes=\"(max-width: 768px) 100vw, 768px\" \/>\t\t\t\t\t\t\t\t\t\t\t<figcaption class=\"widget-image-caption wp-caption-text\"><\/figcaption>\n\t\t\t\t\t\t\t\t\t\t<\/figure>\n\t\t\t\t\t\t\t\t\t<\/div>\n\t\t\t\t<\/div>\n\t\t\t\t<div class=\"elementor-element elementor-element-3a2cf3c elementor-widget elementor-widget-image\" data-id=\"3a2cf3c\" data-element_type=\"widget\" data-e-type=\"widget\" data-widget_type=\"image.default\">\n\t\t\t\t<div class=\"elementor-widget-container\">\n\t\t\t\t\t\t\t\t\t\t\t\t<figure class=\"wp-caption\">\n\t\t\t\t\t\t\t\t\t\t<img loading=\"lazy\" decoding=\"async\" width=\"768\" height=\"512\" src=\"https:\/\/www.elturistatranquil.com\/wp-content\/uploads\/F61-Santa-Maria-de-Melque-Toledo.jpg\" class=\"attachment-large size-large wp-image-42832\" alt=\"Santa Maria de Melque, Toledo\" srcset=\"https:\/\/www.elturistatranquil.com\/wp-content\/uploads\/F61-Santa-Maria-de-Melque-Toledo.jpg 768w, https:\/\/www.elturistatranquil.com\/wp-content\/uploads\/F61-Santa-Maria-de-Melque-Toledo-339x226.jpg 339w\" sizes=\"(max-width: 768px) 100vw, 768px\" \/>\t\t\t\t\t\t\t\t\t\t\t<figcaption class=\"widget-image-caption wp-caption-text\"><\/figcaption>\n\t\t\t\t\t\t\t\t\t\t<\/figure>\n\t\t\t\t\t\t\t\t\t<\/div>\n\t\t\t\t<\/div>\n\t\t\t\t<div class=\"elementor-element elementor-element-ab817cf elementor-widget elementor-widget-image\" data-id=\"ab817cf\" data-element_type=\"widget\" data-e-type=\"widget\" data-widget_type=\"image.default\">\n\t\t\t\t<div class=\"elementor-widget-container\">\n\t\t\t\t\t\t\t\t\t\t\t\t<figure class=\"wp-caption\">\n\t\t\t\t\t\t\t\t\t\t<img loading=\"lazy\" decoding=\"async\" width=\"768\" height=\"512\" src=\"https:\/\/www.elturistatranquil.com\/wp-content\/uploads\/F62a-Santa-Maria-de-Melque-Toledo.jpg\" class=\"attachment-large size-large wp-image-42834\" alt=\"Santa Maria de Melque, Toledo\" srcset=\"https:\/\/www.elturistatranquil.com\/wp-content\/uploads\/F62a-Santa-Maria-de-Melque-Toledo.jpg 768w, https:\/\/www.elturistatranquil.com\/wp-content\/uploads\/F62a-Santa-Maria-de-Melque-Toledo-339x226.jpg 339w\" sizes=\"(max-width: 768px) 100vw, 768px\" \/>\t\t\t\t\t\t\t\t\t\t\t<figcaption class=\"widget-image-caption wp-caption-text\"><\/figcaption>\n\t\t\t\t\t\t\t\t\t\t<\/figure>\n\t\t\t\t\t\t\t\t\t<\/div>\n\t\t\t\t<\/div>\n\t\t\t\t<div class=\"elementor-element elementor-element-84d7fe8 elementor-widget elementor-widget-text-editor\" data-id=\"84d7fe8\" data-element_type=\"widget\" data-e-type=\"widget\" data-widget_type=\"text-editor.default\">\n\t\t\t\t<div class=\"elementor-widget-container\">\n\t\t\t\t\t\t\t\t\t<p>Per acomiadar-nos de la visita interior ens podem situar a l&#8217;absis i observar la nau amb les dues portes laterals a les habitacions davanteres, l&#8217;arc triomfal que dona pas al creuer, i l&#8217;aula, amb el portal de sortida al fons.<\/p>\t\t\t\t\t\t\t\t<\/div>\n\t\t\t\t<\/div>\n\t\t\t\t<div class=\"elementor-element elementor-element-718fe23 elementor-widget elementor-widget-menu-anchor\" data-id=\"718fe23\" data-element_type=\"widget\" data-e-type=\"widget\" data-widget_type=\"menu-anchor.default\">\n\t\t\t\t<div class=\"elementor-widget-container\">\n\t\t\t\t\t\t\t<div class=\"elementor-menu-anchor\" id=\"b6807\"><\/div>\n\t\t\t\t\t\t<\/div>\n\t\t\t\t<\/div>\n\t\t\t\t<div class=\"elementor-element elementor-element-1387e1b elementor-widget elementor-widget-image\" data-id=\"1387e1b\" data-element_type=\"widget\" data-e-type=\"widget\" data-widget_type=\"image.default\">\n\t\t\t\t<div class=\"elementor-widget-container\">\n\t\t\t\t\t\t\t\t\t\t\t\t<figure class=\"wp-caption\">\n\t\t\t\t\t\t\t\t\t\t<img loading=\"lazy\" decoding=\"async\" width=\"768\" height=\"512\" src=\"https:\/\/www.elturistatranquil.com\/wp-content\/uploads\/F62b-Santa-Maria-de-Melque-Toledo.jpg\" class=\"attachment-large size-large wp-image-42836\" alt=\"Santa Maria de Melque, Toledo\" srcset=\"https:\/\/www.elturistatranquil.com\/wp-content\/uploads\/F62b-Santa-Maria-de-Melque-Toledo.jpg 768w, https:\/\/www.elturistatranquil.com\/wp-content\/uploads\/F62b-Santa-Maria-de-Melque-Toledo-339x226.jpg 339w\" sizes=\"(max-width: 768px) 100vw, 768px\" \/>\t\t\t\t\t\t\t\t\t\t\t<figcaption class=\"widget-image-caption wp-caption-text\"><\/figcaption>\n\t\t\t\t\t\t\t\t\t\t<\/figure>\n\t\t\t\t\t\t\t\t\t<\/div>\n\t\t\t\t<\/div>\n\t\t\t\t<div class=\"elementor-element elementor-element-ad6e75b elementor-widget elementor-widget-heading\" data-id=\"ad6e75b\" data-element_type=\"widget\" data-e-type=\"widget\" data-widget_type=\"heading.default\">\n\t\t\t\t<div class=\"elementor-widget-container\">\n\t\t\t\t\t<h3 class=\"elementor-heading-title elementor-size-default\">Centre d\u2019Interpretaci\u00f3<\/h3>\t\t\t\t<\/div>\n\t\t\t\t<\/div>\n\t\t\t\t<div class=\"elementor-element elementor-element-ad73434 elementor-widget elementor-widget-text-editor\" data-id=\"ad73434\" data-element_type=\"widget\" data-e-type=\"widget\" data-widget_type=\"text-editor.default\">\n\t\t\t\t<div class=\"elementor-widget-container\">\n\t\t\t\t\t\t\t\t\t<p>El recorregut pel <strong>Centre d\u201fInterpretaci\u00f3<\/strong> no ens resol el problema de l\u2019adscripci\u00f3 hist\u00f2rica del monestir i l\u2019esgl\u00e9sia.<\/p><p>La impressi\u00f3 que traiem \u00e9s que es posa m\u00e9s inter\u00e8s en el discurs hist\u00f2ric visigot i de Toledo com a capital i com a seu episcopal que en la contextualitzaci\u00f3 de l&#8217;esgl\u00e9sia de Melque al llarg de les dues primeres sales: Sala 1. <em>Introducci\u00f3 hist\u00f2rica, geogr\u00e0fica i cronol\u00f2gica<\/em>; i Sala2. <em>Melque: cristianisme hispanovisigot, moss\u00e0rab i altmedieval<\/em>.<\/p><p>A la Sala3. <em>Interpretaci\u00f3 hist\u00f2rica a partir de la investigaci\u00f3 arqueol\u00f2gica<\/em>, s&#8217;aposta pel visigot com a \u201cescorial\u201d visigot i comunitat mon\u00e0stica de la setena cent\u00faria.<\/p><p>Finalment, esmentar que una quarta sala es destina a projecci\u00f3 d&#8217;un v\u00eddeo sobre Melque i els altres recursos hist\u00f2rico-tur\u00edstics de la zona, igualment partint del visigotisme.<\/p><p>El Centre d&#8217;Interpretaci\u00f3 s&#8217;ubica en un dels edificis agropecuaris moderns.<\/p><p>Algunes de les representacions idealitzades que es mostren al Centre les he fet servir al text anterior.<\/p>\t\t\t\t\t\t\t\t<\/div>\n\t\t\t\t<\/div>\n\t\t\t\t<div class=\"elementor-element elementor-element-4a4fc30 elementor-widget elementor-widget-image\" data-id=\"4a4fc30\" data-element_type=\"widget\" data-e-type=\"widget\" data-widget_type=\"image.default\">\n\t\t\t\t<div class=\"elementor-widget-container\">\n\t\t\t\t\t\t\t\t\t\t\t\t<figure class=\"wp-caption\">\n\t\t\t\t\t\t\t\t\t\t<img loading=\"lazy\" decoding=\"async\" width=\"768\" height=\"511\" src=\"https:\/\/www.elturistatranquil.com\/wp-content\/uploads\/F63-Santa-Maria-de-Melque-Toledo.jpg\" class=\"attachment-large size-large wp-image-42838\" alt=\"Santa Maria de Melque, Toledo\" srcset=\"https:\/\/www.elturistatranquil.com\/wp-content\/uploads\/F63-Santa-Maria-de-Melque-Toledo.jpg 768w, https:\/\/www.elturistatranquil.com\/wp-content\/uploads\/F63-Santa-Maria-de-Melque-Toledo-339x226.jpg 339w\" sizes=\"(max-width: 768px) 100vw, 768px\" \/>\t\t\t\t\t\t\t\t\t\t\t<figcaption class=\"widget-image-caption wp-caption-text\"><\/figcaption>\n\t\t\t\t\t\t\t\t\t\t<\/figure>\n\t\t\t\t\t\t\t\t\t<\/div>\n\t\t\t\t<\/div>\n\t\t\t\t<div class=\"elementor-element elementor-element-7ea1088 elementor-widget elementor-widget-text-editor\" data-id=\"7ea1088\" data-element_type=\"widget\" data-e-type=\"widget\" data-widget_type=\"text-editor.default\">\n\t\t\t\t<div class=\"elementor-widget-container\">\n\t\t\t\t\t\t\t\t\t<p>Sala 1. Introducci\u00f3 hist\u00f2rica, geogr\u00e0fica i cronol\u00f2gica.<\/p>\t\t\t\t\t\t\t\t<\/div>\n\t\t\t\t<\/div>\n\t\t\t\t<div class=\"elementor-element elementor-element-1ea46e9 elementor-widget elementor-widget-image\" data-id=\"1ea46e9\" data-element_type=\"widget\" data-e-type=\"widget\" data-widget_type=\"image.default\">\n\t\t\t\t<div class=\"elementor-widget-container\">\n\t\t\t\t\t\t\t\t\t\t\t\t<figure class=\"wp-caption\">\n\t\t\t\t\t\t\t\t\t\t<img loading=\"lazy\" decoding=\"async\" width=\"768\" height=\"512\" src=\"https:\/\/www.elturistatranquil.com\/wp-content\/uploads\/F64-Santa-Maria-de-Melque-Toledo.jpg\" class=\"attachment-large size-large wp-image-42840\" alt=\"Santa Maria de Melque, Toledo\" srcset=\"https:\/\/www.elturistatranquil.com\/wp-content\/uploads\/F64-Santa-Maria-de-Melque-Toledo.jpg 768w, https:\/\/www.elturistatranquil.com\/wp-content\/uploads\/F64-Santa-Maria-de-Melque-Toledo-339x226.jpg 339w\" sizes=\"(max-width: 768px) 100vw, 768px\" \/>\t\t\t\t\t\t\t\t\t\t\t<figcaption class=\"widget-image-caption wp-caption-text\"><\/figcaption>\n\t\t\t\t\t\t\t\t\t\t<\/figure>\n\t\t\t\t\t\t\t\t\t<\/div>\n\t\t\t\t<\/div>\n\t\t\t\t<div class=\"elementor-element elementor-element-2ace536 elementor-widget elementor-widget-image\" data-id=\"2ace536\" data-element_type=\"widget\" data-e-type=\"widget\" data-widget_type=\"image.default\">\n\t\t\t\t<div class=\"elementor-widget-container\">\n\t\t\t\t\t\t\t\t\t\t\t\t<figure class=\"wp-caption\">\n\t\t\t\t\t\t\t\t\t\t<img loading=\"lazy\" decoding=\"async\" width=\"768\" height=\"512\" src=\"https:\/\/www.elturistatranquil.com\/wp-content\/uploads\/F65-Santa-Maria-de-Melque-Toledo.jpg\" class=\"attachment-large size-large wp-image-42842\" alt=\"Santa Maria de Melque, Toledo\" srcset=\"https:\/\/www.elturistatranquil.com\/wp-content\/uploads\/F65-Santa-Maria-de-Melque-Toledo.jpg 768w, https:\/\/www.elturistatranquil.com\/wp-content\/uploads\/F65-Santa-Maria-de-Melque-Toledo-339x226.jpg 339w\" sizes=\"(max-width: 768px) 100vw, 768px\" \/>\t\t\t\t\t\t\t\t\t\t\t<figcaption class=\"widget-image-caption wp-caption-text\"><\/figcaption>\n\t\t\t\t\t\t\t\t\t\t<\/figure>\n\t\t\t\t\t\t\t\t\t<\/div>\n\t\t\t\t<\/div>\n\t\t\t\t<div class=\"elementor-element elementor-element-760535b elementor-widget elementor-widget-text-editor\" data-id=\"760535b\" data-element_type=\"widget\" data-e-type=\"widget\" data-widget_type=\"text-editor.default\">\n\t\t\t\t<div class=\"elementor-widget-container\">\n\t\t\t\t\t\t\t\t\t<p>Sala2. Melque: cristianisme hispano visigot, moss\u00e0rab i altmedieval.<\/p>\t\t\t\t\t\t\t\t<\/div>\n\t\t\t\t<\/div>\n\t\t\t\t<div class=\"elementor-element elementor-element-9d58389 elementor-widget elementor-widget-image\" data-id=\"9d58389\" data-element_type=\"widget\" data-e-type=\"widget\" data-widget_type=\"image.default\">\n\t\t\t\t<div class=\"elementor-widget-container\">\n\t\t\t\t\t\t\t\t\t\t\t\t<figure class=\"wp-caption\">\n\t\t\t\t\t\t\t\t\t\t<img loading=\"lazy\" decoding=\"async\" width=\"768\" height=\"512\" src=\"https:\/\/www.elturistatranquil.com\/wp-content\/uploads\/F66-Santa-Maria-de-Melque-Toledo.jpg\" class=\"attachment-large size-large wp-image-42844\" alt=\"Santa Maria de Melque, Toledo\" srcset=\"https:\/\/www.elturistatranquil.com\/wp-content\/uploads\/F66-Santa-Maria-de-Melque-Toledo.jpg 768w, https:\/\/www.elturistatranquil.com\/wp-content\/uploads\/F66-Santa-Maria-de-Melque-Toledo-339x226.jpg 339w\" sizes=\"(max-width: 768px) 100vw, 768px\" \/>\t\t\t\t\t\t\t\t\t\t\t<figcaption class=\"widget-image-caption wp-caption-text\"><\/figcaption>\n\t\t\t\t\t\t\t\t\t\t<\/figure>\n\t\t\t\t\t\t\t\t\t<\/div>\n\t\t\t\t<\/div>\n\t\t\t\t<div class=\"elementor-element elementor-element-990cb7f elementor-widget elementor-widget-image\" data-id=\"990cb7f\" data-element_type=\"widget\" data-e-type=\"widget\" data-widget_type=\"image.default\">\n\t\t\t\t<div class=\"elementor-widget-container\">\n\t\t\t\t\t\t\t\t\t\t\t\t<figure class=\"wp-caption\">\n\t\t\t\t\t\t\t\t\t\t<img loading=\"lazy\" decoding=\"async\" width=\"768\" height=\"512\" src=\"https:\/\/www.elturistatranquil.com\/wp-content\/uploads\/F67-Santa-Maria-de-Melque-Toledo.jpg\" class=\"attachment-large size-large wp-image-42846\" alt=\"Santa Maria de Melque, Toledo\" srcset=\"https:\/\/www.elturistatranquil.com\/wp-content\/uploads\/F67-Santa-Maria-de-Melque-Toledo.jpg 768w, https:\/\/www.elturistatranquil.com\/wp-content\/uploads\/F67-Santa-Maria-de-Melque-Toledo-339x226.jpg 339w\" sizes=\"(max-width: 768px) 100vw, 768px\" \/>\t\t\t\t\t\t\t\t\t\t\t<figcaption class=\"widget-image-caption wp-caption-text\"><\/figcaption>\n\t\t\t\t\t\t\t\t\t\t<\/figure>\n\t\t\t\t\t\t\t\t\t<\/div>\n\t\t\t\t<\/div>\n\t\t\t\t<div class=\"elementor-element elementor-element-62597db elementor-widget elementor-widget-text-editor\" data-id=\"62597db\" data-element_type=\"widget\" data-e-type=\"widget\" data-widget_type=\"text-editor.default\">\n\t\t\t\t<div class=\"elementor-widget-container\">\n\t\t\t\t\t\t\t\t\t<p>Abans d&#8217;arribar a la sala 3 es passa per la sala de projeccions.<\/p>\t\t\t\t\t\t\t\t<\/div>\n\t\t\t\t<\/div>\n\t\t\t\t<div class=\"elementor-element elementor-element-513a3fa elementor-widget elementor-widget-image\" data-id=\"513a3fa\" data-element_type=\"widget\" data-e-type=\"widget\" data-widget_type=\"image.default\">\n\t\t\t\t<div class=\"elementor-widget-container\">\n\t\t\t\t\t\t\t\t\t\t\t\t<figure class=\"wp-caption\">\n\t\t\t\t\t\t\t\t\t\t<img loading=\"lazy\" decoding=\"async\" width=\"768\" height=\"512\" src=\"https:\/\/www.elturistatranquil.com\/wp-content\/uploads\/F68-Santa-Maria-de-Melque-Toledo.jpg\" class=\"attachment-large size-large wp-image-42851\" alt=\"Santa Maria de Melque, Toledo\" srcset=\"https:\/\/www.elturistatranquil.com\/wp-content\/uploads\/F68-Santa-Maria-de-Melque-Toledo.jpg 768w, https:\/\/www.elturistatranquil.com\/wp-content\/uploads\/F68-Santa-Maria-de-Melque-Toledo-339x226.jpg 339w\" sizes=\"(max-width: 768px) 100vw, 768px\" \/>\t\t\t\t\t\t\t\t\t\t\t<figcaption class=\"widget-image-caption wp-caption-text\"><\/figcaption>\n\t\t\t\t\t\t\t\t\t\t<\/figure>\n\t\t\t\t\t\t\t\t\t<\/div>\n\t\t\t\t<\/div>\n\t\t\t\t<div class=\"elementor-element elementor-element-a2a62ae elementor-widget elementor-widget-text-editor\" data-id=\"a2a62ae\" data-element_type=\"widget\" data-e-type=\"widget\" data-widget_type=\"text-editor.default\">\n\t\t\t\t<div class=\"elementor-widget-container\">\n\t\t\t\t\t\t\t\t\t<p>Sala 3. Interpretaci\u00f3 hist\u00f2rica a partir de la investigaci\u00f3 arqueol\u00f2gica. Ocupa una quadra, amb un sarc\u00f2fag de granit al centre.<\/p>\t\t\t\t\t\t\t\t<\/div>\n\t\t\t\t<\/div>\n\t\t\t\t<div class=\"elementor-element elementor-element-7f4e2ea elementor-widget elementor-widget-menu-anchor\" data-id=\"7f4e2ea\" data-element_type=\"widget\" data-e-type=\"widget\" data-widget_type=\"menu-anchor.default\">\n\t\t\t\t<div class=\"elementor-widget-container\">\n\t\t\t\t\t\t\t<div class=\"elementor-menu-anchor\" id=\"b6808\"><\/div>\n\t\t\t\t\t\t<\/div>\n\t\t\t\t<\/div>\n\t\t\t\t<div class=\"elementor-element elementor-element-92f4db7 elementor-widget elementor-widget-image\" data-id=\"92f4db7\" data-element_type=\"widget\" data-e-type=\"widget\" data-widget_type=\"image.default\">\n\t\t\t\t<div class=\"elementor-widget-container\">\n\t\t\t\t\t\t\t\t\t\t\t\t<figure class=\"wp-caption\">\n\t\t\t\t\t\t\t\t\t\t<img loading=\"lazy\" decoding=\"async\" width=\"768\" height=\"512\" src=\"https:\/\/www.elturistatranquil.com\/wp-content\/uploads\/F69-Santa-Maria-de-Melque-Toledo.jpg\" class=\"attachment-large size-large wp-image-42853\" alt=\"Santa Maria de Melque, Toledo\" srcset=\"https:\/\/www.elturistatranquil.com\/wp-content\/uploads\/F69-Santa-Maria-de-Melque-Toledo.jpg 768w, https:\/\/www.elturistatranquil.com\/wp-content\/uploads\/F69-Santa-Maria-de-Melque-Toledo-339x226.jpg 339w\" sizes=\"(max-width: 768px) 100vw, 768px\" \/>\t\t\t\t\t\t\t\t\t\t\t<figcaption class=\"widget-image-caption wp-caption-text\"><\/figcaption>\n\t\t\t\t\t\t\t\t\t\t<\/figure>\n\t\t\t\t\t\t\t\t\t<\/div>\n\t\t\t\t<\/div>\n\t\t\t\t<div class=\"elementor-element elementor-element-4d8ee87 elementor-widget elementor-widget-heading\" data-id=\"4d8ee87\" data-element_type=\"widget\" data-e-type=\"widget\" data-widget_type=\"heading.default\">\n\t\t\t\t<div class=\"elementor-widget-container\">\n\t\t\t\t\t<h3 class=\"elementor-heading-title elementor-size-default\">Construccions auxiliars<\/h3>\t\t\t\t<\/div>\n\t\t\t\t<\/div>\n\t\t\t\t<div class=\"elementor-element elementor-element-312fb5f elementor-widget elementor-widget-text-editor\" data-id=\"312fb5f\" data-element_type=\"widget\" data-e-type=\"widget\" data-widget_type=\"text-editor.default\">\n\t\t\t\t<div class=\"elementor-widget-container\">\n\t\t\t\t\t\t\t\t\t<p>Unes cuides construccions agropecu\u00e0ries del segle XIX-XX envolten l&#8217;esgl\u00e9sia i acullen al Centre d&#8217;Interpretaci\u00f3, la recepci\u00f3 de visitants, una sala d&#8217;exposicions, aix\u00ed com serveis.<\/p><p>S&#8217;ha constru\u00eft un gran porxo perqu\u00e8 serveixi d&#8217;\u00e0mbit cobert de berenador.<\/p>\t\t\t\t\t\t\t\t<\/div>\n\t\t\t\t<\/div>\n\t\t\t\t<div class=\"elementor-element elementor-element-94d7f29 elementor-widget elementor-widget-image\" data-id=\"94d7f29\" data-element_type=\"widget\" data-e-type=\"widget\" data-widget_type=\"image.default\">\n\t\t\t\t<div class=\"elementor-widget-container\">\n\t\t\t\t\t\t\t\t\t\t\t\t<figure class=\"wp-caption\">\n\t\t\t\t\t\t\t\t\t\t<img loading=\"lazy\" decoding=\"async\" width=\"768\" height=\"512\" src=\"https:\/\/www.elturistatranquil.com\/wp-content\/uploads\/F70-Santa-Maria-de-Melque-Toledo.jpg\" class=\"attachment-large size-large wp-image-42855\" alt=\"Santa Maria de Melque, Toledo\" srcset=\"https:\/\/www.elturistatranquil.com\/wp-content\/uploads\/F70-Santa-Maria-de-Melque-Toledo.jpg 768w, https:\/\/www.elturistatranquil.com\/wp-content\/uploads\/F70-Santa-Maria-de-Melque-Toledo-339x226.jpg 339w\" sizes=\"(max-width: 768px) 100vw, 768px\" \/>\t\t\t\t\t\t\t\t\t\t\t<figcaption class=\"widget-image-caption wp-caption-text\"><\/figcaption>\n\t\t\t\t\t\t\t\t\t\t<\/figure>\n\t\t\t\t\t\t\t\t\t<\/div>\n\t\t\t\t<\/div>\n\t\t\t\t<div class=\"elementor-element elementor-element-fa2ae2f elementor-widget elementor-widget-image\" data-id=\"fa2ae2f\" data-element_type=\"widget\" data-e-type=\"widget\" data-widget_type=\"image.default\">\n\t\t\t\t<div class=\"elementor-widget-container\">\n\t\t\t\t\t\t\t\t\t\t\t\t<figure class=\"wp-caption\">\n\t\t\t\t\t\t\t\t\t\t<img loading=\"lazy\" decoding=\"async\" width=\"768\" height=\"511\" src=\"https:\/\/www.elturistatranquil.com\/wp-content\/uploads\/F71-Santa-Maria-de-Melque-Toledo.jpg\" class=\"attachment-large size-large wp-image-42857\" alt=\"Santa Maria de Melque, Toledo\" srcset=\"https:\/\/www.elturistatranquil.com\/wp-content\/uploads\/F71-Santa-Maria-de-Melque-Toledo.jpg 768w, https:\/\/www.elturistatranquil.com\/wp-content\/uploads\/F71-Santa-Maria-de-Melque-Toledo-339x226.jpg 339w\" sizes=\"(max-width: 768px) 100vw, 768px\" \/>\t\t\t\t\t\t\t\t\t\t\t<figcaption class=\"widget-image-caption wp-caption-text\"><\/figcaption>\n\t\t\t\t\t\t\t\t\t\t<\/figure>\n\t\t\t\t\t\t\t\t\t<\/div>\n\t\t\t\t<\/div>\n\t\t\t\t<div class=\"elementor-element elementor-element-d046da5 elementor-widget elementor-widget-image\" data-id=\"d046da5\" data-element_type=\"widget\" data-e-type=\"widget\" data-widget_type=\"image.default\">\n\t\t\t\t<div class=\"elementor-widget-container\">\n\t\t\t\t\t\t\t\t\t\t\t\t<figure class=\"wp-caption\">\n\t\t\t\t\t\t\t\t\t\t<img loading=\"lazy\" decoding=\"async\" width=\"768\" height=\"512\" src=\"https:\/\/www.elturistatranquil.com\/wp-content\/uploads\/F72-Santa-Maria-de-Melque-Toledo.jpg\" class=\"attachment-large size-large wp-image-42859\" alt=\"Santa Maria de Melque, Toledo\" srcset=\"https:\/\/www.elturistatranquil.com\/wp-content\/uploads\/F72-Santa-Maria-de-Melque-Toledo.jpg 768w, https:\/\/www.elturistatranquil.com\/wp-content\/uploads\/F72-Santa-Maria-de-Melque-Toledo-339x226.jpg 339w\" sizes=\"(max-width: 768px) 100vw, 768px\" \/>\t\t\t\t\t\t\t\t\t\t\t<figcaption class=\"widget-image-caption wp-caption-text\"><\/figcaption>\n\t\t\t\t\t\t\t\t\t\t<\/figure>\n\t\t\t\t\t\t\t\t\t<\/div>\n\t\t\t\t<\/div>\n\t\t\t\t<div class=\"elementor-element elementor-element-afa25e0 elementor-widget elementor-widget-text-editor\" data-id=\"afa25e0\" data-element_type=\"widget\" data-e-type=\"widget\" data-widget_type=\"text-editor.default\">\n\t\t\t\t<div class=\"elementor-widget-container\">\n\t\t\t\t\t\t\t\t\t<p>Una escultura de Jos\u00e9 Luis Romeral, titulada <em>Mi Dulcinea de Melque<\/em>, i commemorativa dels 50 anys de propietat de la Diputaci\u00f3.<\/p>\t\t\t\t\t\t\t\t<\/div>\n\t\t\t\t<\/div>\n\t\t\t\t<div class=\"elementor-element elementor-element-f8b16be elementor-widget elementor-widget-image\" data-id=\"f8b16be\" data-element_type=\"widget\" data-e-type=\"widget\" data-widget_type=\"image.default\">\n\t\t\t\t<div class=\"elementor-widget-container\">\n\t\t\t\t\t\t\t\t\t\t\t\t<figure class=\"wp-caption\">\n\t\t\t\t\t\t\t\t\t\t<img loading=\"lazy\" decoding=\"async\" width=\"768\" height=\"512\" src=\"https:\/\/www.elturistatranquil.com\/wp-content\/uploads\/F73-Santa-Maria-de-Melque-Toledo.jpg\" class=\"attachment-large size-large wp-image-42861\" alt=\"Santa Maria de Melque, Toledo\" srcset=\"https:\/\/www.elturistatranquil.com\/wp-content\/uploads\/F73-Santa-Maria-de-Melque-Toledo.jpg 768w, https:\/\/www.elturistatranquil.com\/wp-content\/uploads\/F73-Santa-Maria-de-Melque-Toledo-339x226.jpg 339w\" sizes=\"(max-width: 768px) 100vw, 768px\" \/>\t\t\t\t\t\t\t\t\t\t\t<figcaption class=\"widget-image-caption wp-caption-text\"><\/figcaption>\n\t\t\t\t\t\t\t\t\t\t<\/figure>\n\t\t\t\t\t\t\t\t\t<\/div>\n\t\t\t\t<\/div>\n\t\t\t\t<div class=\"elementor-element elementor-element-94838dd elementor-widget elementor-widget-text-editor\" data-id=\"94838dd\" data-element_type=\"widget\" data-e-type=\"widget\" data-widget_type=\"text-editor.default\">\n\t\t\t\t<div class=\"elementor-widget-container\">\n\t\t\t\t\t\t\t\t\t<p>Al moment de la visita a la Sala d&#8217;exposicions s&#8217;exhibia una mostra de <em>xilografies de Gema Climent<\/em>.<\/p><p>En un extrem de la sala s&#8217;ha mantingut la zona de cuina de l&#8217;habitacle, amb la llar i la xemeneia.<\/p>\t\t\t\t\t\t\t\t<\/div>\n\t\t\t\t<\/div>\n\t\t\t\t<div class=\"elementor-element elementor-element-5731384 elementor-widget elementor-widget-image\" data-id=\"5731384\" data-element_type=\"widget\" data-e-type=\"widget\" data-widget_type=\"image.default\">\n\t\t\t\t<div class=\"elementor-widget-container\">\n\t\t\t\t\t\t\t\t\t\t\t\t<figure class=\"wp-caption\">\n\t\t\t\t\t\t\t\t\t\t<img loading=\"lazy\" decoding=\"async\" width=\"768\" height=\"512\" src=\"https:\/\/www.elturistatranquil.com\/wp-content\/uploads\/F74-Santa-Maria-de-Melque-Toledo.jpg\" class=\"attachment-large size-large wp-image-42866\" alt=\"Santa Maria de Melque, Toledo\" srcset=\"https:\/\/www.elturistatranquil.com\/wp-content\/uploads\/F74-Santa-Maria-de-Melque-Toledo.jpg 768w, https:\/\/www.elturistatranquil.com\/wp-content\/uploads\/F74-Santa-Maria-de-Melque-Toledo-339x226.jpg 339w\" sizes=\"(max-width: 768px) 100vw, 768px\" \/>\t\t\t\t\t\t\t\t\t\t\t<figcaption class=\"widget-image-caption wp-caption-text\"><\/figcaption>\n\t\t\t\t\t\t\t\t\t\t<\/figure>\n\t\t\t\t\t\t\t\t\t<\/div>\n\t\t\t\t<\/div>\n\t\t\t\t<div class=\"elementor-element elementor-element-e180176 elementor-widget elementor-widget-image\" data-id=\"e180176\" data-element_type=\"widget\" data-e-type=\"widget\" data-widget_type=\"image.default\">\n\t\t\t\t<div class=\"elementor-widget-container\">\n\t\t\t\t\t\t\t\t\t\t\t\t<figure class=\"wp-caption\">\n\t\t\t\t\t\t\t\t\t\t<img loading=\"lazy\" decoding=\"async\" width=\"768\" height=\"512\" src=\"https:\/\/www.elturistatranquil.com\/wp-content\/uploads\/F75-Santa-Maria-de-Melque-Toledo.jpg\" class=\"attachment-large size-large wp-image-42868\" alt=\"Santa Maria de Melque, Toledo\" srcset=\"https:\/\/www.elturistatranquil.com\/wp-content\/uploads\/F75-Santa-Maria-de-Melque-Toledo.jpg 768w, https:\/\/www.elturistatranquil.com\/wp-content\/uploads\/F75-Santa-Maria-de-Melque-Toledo-339x226.jpg 339w\" sizes=\"(max-width: 768px) 100vw, 768px\" \/>\t\t\t\t\t\t\t\t\t\t\t<figcaption class=\"widget-image-caption wp-caption-text\"><\/figcaption>\n\t\t\t\t\t\t\t\t\t\t<\/figure>\n\t\t\t\t\t\t\t\t\t<\/div>\n\t\t\t\t<\/div>\n\t\t\t\t<div class=\"elementor-element elementor-element-28d1b8a elementor-widget elementor-widget-menu-anchor\" data-id=\"28d1b8a\" data-element_type=\"widget\" data-e-type=\"widget\" data-widget_type=\"menu-anchor.default\">\n\t\t\t\t<div class=\"elementor-widget-container\">\n\t\t\t\t\t\t\t<div class=\"elementor-menu-anchor\" id=\"b6809\"><\/div>\n\t\t\t\t\t\t<\/div>\n\t\t\t\t<\/div>\n\t\t\t\t<div class=\"elementor-element elementor-element-97dae82 elementor-widget elementor-widget-image\" data-id=\"97dae82\" data-element_type=\"widget\" data-e-type=\"widget\" data-widget_type=\"image.default\">\n\t\t\t\t<div class=\"elementor-widget-container\">\n\t\t\t\t\t\t\t\t\t\t\t\t<figure class=\"wp-caption\">\n\t\t\t\t\t\t\t\t\t\t<img loading=\"lazy\" decoding=\"async\" width=\"768\" height=\"512\" src=\"https:\/\/www.elturistatranquil.com\/wp-content\/uploads\/F76-Santa-Maria-de-Melque-Toledo.jpg\" class=\"attachment-large size-large wp-image-42870\" alt=\"Santa Maria de Melque, Toledo\" srcset=\"https:\/\/www.elturistatranquil.com\/wp-content\/uploads\/F76-Santa-Maria-de-Melque-Toledo.jpg 768w, https:\/\/www.elturistatranquil.com\/wp-content\/uploads\/F76-Santa-Maria-de-Melque-Toledo-339x226.jpg 339w\" sizes=\"(max-width: 768px) 100vw, 768px\" \/>\t\t\t\t\t\t\t\t\t\t\t<figcaption class=\"widget-image-caption wp-caption-text\"><\/figcaption>\n\t\t\t\t\t\t\t\t\t\t<\/figure>\n\t\t\t\t\t\t\t\t\t<\/div>\n\t\t\t\t<\/div>\n\t\t\t\t<div class=\"elementor-element elementor-element-a0df35e elementor-widget elementor-widget-heading\" data-id=\"a0df35e\" data-element_type=\"widget\" data-e-type=\"widget\" data-widget_type=\"heading.default\">\n\t\t\t\t<div class=\"elementor-widget-container\">\n\t\t\t\t\t<h3 class=\"elementor-heading-title elementor-size-default\">Restes arqueol\u00f2giques no senyalitzades<\/h3>\t\t\t\t<\/div>\n\t\t\t\t<\/div>\n\t\t\t\t<div class=\"elementor-element elementor-element-c4929f0 elementor-widget elementor-widget-menu-anchor\" data-id=\"c4929f0\" data-element_type=\"widget\" data-e-type=\"widget\" data-widget_type=\"menu-anchor.default\">\n\t\t\t\t<div class=\"elementor-widget-container\">\n\t\t\t\t\t\t\t<div class=\"elementor-menu-anchor\" id=\"b6810\"><\/div>\n\t\t\t\t\t\t<\/div>\n\t\t\t\t<\/div>\n\t\t\t\t<div class=\"elementor-element elementor-element-895127e elementor-widget elementor-widget-text-editor\" data-id=\"895127e\" data-element_type=\"widget\" data-e-type=\"widget\" data-widget_type=\"text-editor.default\">\n\t\t\t\t<div class=\"elementor-widget-container\">\n\t\t\t\t\t\t\t\t\t<p>Una mancan\u00e7a important \u00e9s l&#8217;abs\u00e8ncia de refer\u00e8ncies de les restes arqueol\u00f2giques del monestir, necr\u00f2polis i muralles, ni de senyalitzaci\u00f3 per poder accedir a les rescloses i terrasses agr\u00e0ries.<\/p><p>Tamb\u00e9 seria desitjable una senyalitzaci\u00f3 dels l\u00edmits de les cerques del monestir i de les divisions interiors, encara que no es visualitzin restes dels murs. Aix\u00f2 permetria fer-se una idea de la magnitud del recinte monacal i de la import\u00e0ncia que tenia.<\/p>\t\t\t\t\t\t\t\t<\/div>\n\t\t\t\t<\/div>\n\t\t\t\t<div class=\"elementor-element elementor-element-1b0474a elementor-widget elementor-widget-heading\" data-id=\"1b0474a\" data-element_type=\"widget\" data-e-type=\"widget\" data-widget_type=\"heading.default\">\n\t\t\t\t<div class=\"elementor-widget-container\">\n\t\t\t\t\t<h2 class=\"elementor-heading-title elementor-size-default\">Fi de la visita<\/h2>\t\t\t\t<\/div>\n\t\t\t\t<\/div>\n\t\t\t\t<div class=\"elementor-element elementor-element-fa97ec2 elementor-widget elementor-widget-text-editor\" data-id=\"fa97ec2\" data-element_type=\"widget\" data-e-type=\"widget\" data-widget_type=\"text-editor.default\">\n\t\t\t\t<div class=\"elementor-widget-container\">\n\t\t\t\t\t\t\t\t\t<p>En el debat entre visig\u00f2tic i moss\u00e0rab de moltes construccions altmedievals, tinc la impressi\u00f3 que tur\u00edsticament la prov\u00edncia de Toledo t\u00e9 m\u00e9s inter\u00e8s a promocionar-se com a visigoda que com a moss\u00e0rab.<\/p><p>Sense entrar al debat, el que s\u00ed que \u00e9s cert \u00e9s l&#8217;inter\u00e8s hist\u00f2ric i art\u00edstic de l&#8217;esgl\u00e9sia de <strong>Santa Maria de Melque<\/strong>. A m\u00e9s de poder continuar o participant de l\u00b4ambient d\u00b4a\u00efllament d\u00b4un monestir rural d\u00b4aquell moment. No hi ha cap edificaci\u00f3 que trenqui l&#8217;ambient de la vida monacal en aquest paisatge impressionant.<\/p><p>Amb les apreciacions cr\u00edtiques assenyalades, cal valorar l&#8217;inter\u00e8s mostrat per la Diputaci\u00f3 de Toledo per recuperar aquest impressionant b\u00e9 hist\u00f2ric, aix\u00ed com haver recolzat el seu estudi arqueol\u00f2gic.<\/p><p>En partir, un ramat d&#8217;ovelles que avan\u00e7a per la carreta ens recorda que per aqu\u00ed passava una canyada reial.<\/p>\t\t\t\t\t\t\t\t<\/div>\n\t\t\t\t<\/div>\n\t\t\t\t<div class=\"elementor-element elementor-element-6cd8d38 elementor-widget elementor-widget-menu-anchor\" data-id=\"6cd8d38\" data-element_type=\"widget\" data-e-type=\"widget\" data-widget_type=\"menu-anchor.default\">\n\t\t\t\t<div class=\"elementor-widget-container\">\n\t\t\t\t\t\t\t<div class=\"elementor-menu-anchor\" id=\"b6811\"><\/div>\n\t\t\t\t\t\t<\/div>\n\t\t\t\t<\/div>\n\t\t\t\t<div class=\"elementor-element elementor-element-41b3037 elementor-widget elementor-widget-image\" data-id=\"41b3037\" data-element_type=\"widget\" data-e-type=\"widget\" data-widget_type=\"image.default\">\n\t\t\t\t<div class=\"elementor-widget-container\">\n\t\t\t\t\t\t\t\t\t\t\t\t<figure class=\"wp-caption\">\n\t\t\t\t\t\t\t\t\t\t<img loading=\"lazy\" decoding=\"async\" width=\"768\" height=\"512\" src=\"https:\/\/www.elturistatranquil.com\/wp-content\/uploads\/F77-Santa-Maria-de-Melque-Toledo.jpg\" class=\"attachment-large size-large wp-image-42872\" alt=\"Santa Maria de Melque, Toledo\" srcset=\"https:\/\/www.elturistatranquil.com\/wp-content\/uploads\/F77-Santa-Maria-de-Melque-Toledo.jpg 768w, https:\/\/www.elturistatranquil.com\/wp-content\/uploads\/F77-Santa-Maria-de-Melque-Toledo-339x226.jpg 339w\" sizes=\"(max-width: 768px) 100vw, 768px\" \/>\t\t\t\t\t\t\t\t\t\t\t<figcaption class=\"widget-image-caption wp-caption-text\"><\/figcaption>\n\t\t\t\t\t\t\t\t\t\t<\/figure>\n\t\t\t\t\t\t\t\t\t<\/div>\n\t\t\t\t<\/div>\n\t\t\t\t<div class=\"elementor-element elementor-element-6e4693d elementor-widget elementor-widget-heading\" data-id=\"6e4693d\" data-element_type=\"widget\" data-e-type=\"widget\" data-widget_type=\"heading.default\">\n\t\t\t\t<div class=\"elementor-widget-container\">\n\t\t\t\t\t<h2 class=\"elementor-heading-title elementor-size-default\">Bases d\u2019informaci\u00f3<\/h2>\t\t\t\t<\/div>\n\t\t\t\t<\/div>\n\t\t\t\t<div class=\"elementor-element elementor-element-44b51e70 elementor-widget elementor-widget-text-editor\" data-id=\"44b51e70\" data-element_type=\"widget\" data-e-type=\"widget\" data-widget_type=\"text-editor.default\">\n\t\t\t\t<div class=\"elementor-widget-container\">\n\t\t\t\t\t\t\t\t\t<p><strong>Webs<\/strong><\/p><p><a href=\"https:\/\/sanmartindemontalban.com\/santa-maria-de-melque\/\" target=\"_blank\" rel=\"noopener\">ayuntamiento<\/a><\/p><p><a href=\"https:\/\/www.diputoledo.es\/global\/11\/59\/416\" target=\"_blank\" rel=\"noopener\">diputaciontoledo<\/a><\/p><p><a href=\"https:\/\/es.wikipedia.org\/wiki\/Iglesia_de_Santa_Mar%C3%ADa_de_Melque\" target=\"_blank\" rel=\"noopener\">wikipedia<\/a><\/p><p><a href=\"http:\/\/www.turismocastillalamancha.es\/patrimonio\/yacimiento-visitable-de-melque-3264\/descripcion\/\" target=\"_blank\" rel=\"noopener\">turismocastillalamancha<\/a><\/p><p><a href=\"https:\/\/cultura.castillalamancha.es\/patrimonio\/yacimientos-visitables\/santa-maria-de-melque\" target=\"_blank\" rel=\"noopener\">culturacastillalamancha<\/a><\/p><p><a href=\"https:\/\/www.arteguias.com\/iglesia\/santamariademelque.htm\" target=\"_blank\" rel=\"noopener\">arteguias<\/a><\/p><p><a href=\"https:\/\/www.urbipedia.org\/hoja\/Iglesia_de_Santa_Mar%C3%ADa_de_Melque\" target=\"_blank\" rel=\"noopener\">urbipedia<\/a><\/p><p><a href=\"http:\/\/www.arquivoltas.com\/18-Toledo\/01-Melque1.htm\" target=\"_blank\" rel=\"noopener\">arquivoltas<\/a><\/p><p><a href=\"https:\/\/castillosdelolvido.com\/torre-de-santa-maria-de-melque\/\" target=\"_blank\" rel=\"noopener\">castillosdelolvido<\/a><\/p><p><strong>Webs academic<\/strong><\/p><p>Ventura Lebric Garc\u00eda: <a href=\"https:\/\/realacademiatoledo.es\/wp-content\/uploads\/2014\/01\/files_toletum_0054_07.pdf\" target=\"_blank\" rel=\"noopener\"><em>Geograf\u00eda visigoda y cristianismo en los Montes de Toledo<\/em><\/a><\/p><p>Manuel G\u00f3mez Moreno(1919): <a href=\"https:\/\/issuu.com\/asociacionfaceira\/docs\/gomezmorenomozarabe1\" target=\"_blank\" rel=\"noopener\"><em>Iglesias moz\u00e1rabes : arte espa\u00f1ol de los siglos IX a XI<\/em><\/a><\/p><p>Luis Caballero Zoreda: <a href=\"https:\/\/urbsregia.eu\/revista\/urbs-regia-no5\/\" target=\"_blank\" rel=\"noopener\"><em>Iglesia y monasterio moz\u00e1rabes de Santa Mar\u00eda de Melque, San Mart\u00edn de Montalb\u00e1n, Toledo. S\u00edntesis de un debate cient\u00ed\ufb01co <\/em><\/a><\/p><p>Luis Caballero Zoreda. y F. J. Moreno Mart\u00edn: <a href=\"https:\/\/www.academia.edu\/7782462\/Balatalmelc_Santa_Mar%C3%ADa_de_Melque_Un_monasterio_del_siglo_VIII_en_territorio_toledano\" target=\"_blank\" rel=\"noopener\"><em>\u201cBalatalmelc, Santa Mar\u00eda de Melque. Un monasterio del siglo viii en territorio toledano<\/em><\/a><\/p><p>Luis Caballero Zoreda, Jos\u00e9 Ignacio Murillo Fragero: <a href=\"https:\/\/www.academia.edu\/477417\/Notas_sobre_las_cercas_y_murallas_de_Santa_Mar%C3%ADa_de_Melque\" target=\"_blank\" rel=\"noopener\"><em>Notas sobre las cercas y murallas de Santa Mar\u00eda de Melque<\/em><\/a><\/p><p>Luis Caballero Zoreda, Mar\u00eda de los \u00c1ngeles Utrero Agudo: <a href=\"https:\/\/www.researchgate.net\/publication\/28268636_Una_aproximacion_a_las_tecnicas_constructivas_de_la_Alta_Edad_Media_en_la_Peninsula_Iberica_Entre_visigodos_y_omeyas\/fulltext\/0e606360f0c46d4f0ab9efbe\/Una-aproximacion-a-las-tecnicas-constructivas-de-la-Alta-Edad-Media-en-la-Peninsula-Iberica-Entre-visigodos-y-omeyas.pdf\" target=\"_blank\" rel=\"noopener\"><em>Una aproximaci\u00f3n a las t\u00e9cnicas constructivas de la Alta Edad Media en la Pen\u00ednsula Ib\u00e9rica. Entre visigodos y omeyas<\/em><\/a><\/p><p>Rafael Barroso Cabrera, Jes\u00fas Carrobles Santos, Jorge Mor\u00edn de Pablos: <a href=\"https:\/\/revistas.um.es\/ayc\/article\/view\/443191\/286591\" target=\"_blank\" rel=\"noopener\"><em>Vrbs, praetorium, suburbia. Centros de poder en la civitas regia toledana y su territorio en \u00e9poca visigoda<\/em><\/a><\/p><p>Jorge L\u00f3pez Quiroga: <a href=\"https:\/\/www.researchgate.net\/publication\/339136905_LOPEZ_QUIROGA_Jorge_2017_Monasterios_altomedievales_hispanos_Lugares_de_emplazamiento_y_ordenacion_de_sus_espacios_Aguilar_de_Campo_64-99\" target=\"_blank\" rel=\"noopener\"><em>Monasterios altomedievales hispanos: lugares de emplazamiento y ordenaci\u00f3n de sus espacios<\/em><\/a><\/p><p>Mar\u00eda Cruz Villal\u00f3n: <a href=\"https:\/\/dehesa.unex.es:8443\/bitstream\/10662\/5845\/1\/0213-2214_28-29_293.pdf\" target=\"_blank\" rel=\"noopener\">A<em>cerca de las iglesias cruciformes hisp\u00e1nicas de \u00e9poca visigoda<\/em><\/a><\/p><p>Juan Francisco Esteban Lorente: <a href=\"https:\/\/www.unizar.es\/artigrama\/pdf\/20\/3varia\/2.pdf\" target=\"_blank\" rel=\"noopener\">L<em>a metrolog\u00eda y sus consecuencias en las iglesias de la alta edad media espa\u00f1ola. I: San Juan de Ba\u00f1os, Santa Luc\u00eda del Trampal, San Pedro de la Nave, Santa Mar\u00eda se Melque, San Miguel de Escalada y San Cebri\u00e1n de Mazote<\/em><\/a><\/p>\t\t\t\t\t\t\t\t<\/div>\n\t\t\t\t<\/div>\n\t\t\t\t\t<\/div>\n\t\t<\/div>\n\t\t\t\t\t<\/div>\n\t\t<\/section>\n\t\t\t\t<\/div>\n\t\t","protected":false},"excerpt":{"rendered":"<p>L&#8217;esgl\u00e9sia i monestir de Santa Maria de Melque (Toledo) \u00e9s un dels llocs hist\u00f2rics m\u00e9s interessants i m\u00e9s ben conservats del per\u00edode visigot-moss\u00e0rab a la Pen\u00ednsula Ib\u00e8rica. L&#8217;entorn es mant\u00e9 &#8230; <a title=\"Esgl\u00e9sia i monestir de Santa Maria de Melque (Toledo)\" class=\"read-more\" href=\"https:\/\/www.elturistatranquil.com\/ca\/esglesia-i-monestir-de-santa-maria-de-melque-toledo\/\" aria-label=\"M\u00e9s informaci\u00f3 sobre Esgl\u00e9sia i monestir de Santa Maria de Melque (Toledo)\">[ &#8230; ]<\/a><\/p>\n","protected":false},"author":1,"featured_media":42780,"comment_status":"open","ping_status":"closed","sticky":false,"template":"","format":"standard","meta":{"footnotes":""},"categories":[72,77,83,87,90,98,216],"tags":[],"class_list":["post-42895","post","type-post","status-publish","format-standard","has-post-thumbnail","hentry","category-arquitectura-religiosa-ca","category-conjunts-historics","category-historia-ca","category-joies-al-territori","category-monestirs-catedrals","category-preromanic","category-toledo-ca","infinite-scroll-item","generate-columns","tablet-grid-50","mobile-grid-100","grid-parent","grid-50","no-featured-image-padding"],"yoast_head":"<!-- This site is optimized with the Yoast SEO plugin v27.4 - https:\/\/yoast.com\/product\/yoast-seo-wordpress\/ -->\n<title>Esgl\u00e9sia i monestir de Santa Maria de Melque (Toledo) - El turista tranquil<\/title>\n<meta name=\"description\" content=\"L&#039;esgl\u00e9sia i monestir de Santa Maria de Melque (Toledo) \u00e9s un dels llocs hist\u00f2rics m\u00e9s interessants i m\u00e9s ben conservats del per\u00edode visigot-moss\u00e0rab a la Pen\u00ednsula Ib\u00e8rica. L&#039;entorn es mant\u00e9 com fa mil tres-cents anys.\" \/>\n<meta name=\"robots\" content=\"index, follow, max-snippet:-1, max-image-preview:large, max-video-preview:-1\" \/>\n<link rel=\"canonical\" href=\"https:\/\/www.elturistatranquil.com\/ca\/esglesia-i-monestir-de-santa-maria-de-melque-toledo\/\" \/>\n<meta property=\"og:locale\" content=\"ca_ES\" \/>\n<meta property=\"og:type\" content=\"article\" \/>\n<meta property=\"og:title\" content=\"Esgl\u00e9sia i monestir de Santa Maria de Melque (Toledo) - El turista tranquil\" \/>\n<meta property=\"og:description\" content=\"L&#039;esgl\u00e9sia i monestir de Santa Maria de Melque (Toledo) \u00e9s un dels llocs hist\u00f2rics m\u00e9s interessants i m\u00e9s ben conservats del per\u00edode visigot-moss\u00e0rab a la Pen\u00ednsula Ib\u00e8rica. L&#039;entorn es mant\u00e9 com fa mil tres-cents anys.\" \/>\n<meta property=\"og:url\" content=\"https:\/\/www.elturistatranquil.com\/ca\/esglesia-i-monestir-de-santa-maria-de-melque-toledo\/\" \/>\n<meta property=\"og:site_name\" content=\"El turista tranquil\" \/>\n<meta property=\"article:publisher\" content=\"https:\/\/www.facebook.com\/elturistatranquilo\/\" \/>\n<meta property=\"article:published_time\" content=\"2022-08-27T11:24:16+00:00\" \/>\n<meta property=\"article:modified_time\" content=\"2024-07-23T15:03:46+00:00\" \/>\n<meta property=\"og:image\" content=\"https:\/\/www.elturistatranquil.com\/wp-content\/uploads\/F39-Santa-Maria-de-Melque-Toledo.jpg\" \/>\n\t<meta property=\"og:image:width\" content=\"768\" \/>\n\t<meta property=\"og:image:height\" content=\"512\" \/>\n\t<meta property=\"og:image:type\" content=\"image\/jpeg\" \/>\n<meta name=\"author\" content=\"admin\" \/>\n<meta name=\"twitter:card\" content=\"summary_large_image\" \/>\n<meta name=\"twitter:label1\" content=\"Escrit per\" \/>\n\t<meta name=\"twitter:data1\" content=\"admin\" \/>\n\t<meta name=\"twitter:label2\" content=\"Temps estimat de lectura\" \/>\n\t<meta name=\"twitter:data2\" content=\"42 minuts\" \/>\n<script type=\"application\/ld+json\" class=\"yoast-schema-graph\">{\"@context\":\"https:\\\/\\\/schema.org\",\"@graph\":[{\"@type\":\"Article\",\"@id\":\"https:\\\/\\\/www.elturistatranquil.com\\\/ca\\\/esglesia-i-monestir-de-santa-maria-de-melque-toledo\\\/#article\",\"isPartOf\":{\"@id\":\"https:\\\/\\\/www.elturistatranquil.com\\\/ca\\\/esglesia-i-monestir-de-santa-maria-de-melque-toledo\\\/\"},\"author\":{\"name\":\"admin\",\"@id\":\"https:\\\/\\\/www.elturistatranquil.com\\\/ca\\\/#\\\/schema\\\/person\\\/16f607c3079b96ed0c530a52e6b58bb5\"},\"headline\":\"Esgl\u00e9sia i monestir de Santa Maria de Melque (Toledo)\",\"datePublished\":\"2022-08-27T11:24:16+00:00\",\"dateModified\":\"2024-07-23T15:03:46+00:00\",\"mainEntityOfPage\":{\"@id\":\"https:\\\/\\\/www.elturistatranquil.com\\\/ca\\\/esglesia-i-monestir-de-santa-maria-de-melque-toledo\\\/\"},\"wordCount\":6062,\"commentCount\":0,\"image\":{\"@id\":\"https:\\\/\\\/www.elturistatranquil.com\\\/ca\\\/esglesia-i-monestir-de-santa-maria-de-melque-toledo\\\/#primaryimage\"},\"thumbnailUrl\":\"https:\\\/\\\/www.elturistatranquil.com\\\/wp-content\\\/uploads\\\/F39-Santa-Maria-de-Melque-Toledo.jpg\",\"articleSection\":[\"Arquitectura religiosa\",\"Conjunts hist\u00f2rics\",\"Hist\u00f2ria\",\"Joies al territori\",\"Monestirs, Catedrals\",\"Prerom\u00e0nic\",\"Toledo\"],\"inLanguage\":\"ca\",\"potentialAction\":[{\"@type\":\"CommentAction\",\"name\":\"Comment\",\"target\":[\"https:\\\/\\\/www.elturistatranquil.com\\\/ca\\\/esglesia-i-monestir-de-santa-maria-de-melque-toledo\\\/#respond\"]}]},{\"@type\":\"WebPage\",\"@id\":\"https:\\\/\\\/www.elturistatranquil.com\\\/ca\\\/esglesia-i-monestir-de-santa-maria-de-melque-toledo\\\/\",\"url\":\"https:\\\/\\\/www.elturistatranquil.com\\\/ca\\\/esglesia-i-monestir-de-santa-maria-de-melque-toledo\\\/\",\"name\":\"Esgl\u00e9sia i monestir de Santa Maria de Melque (Toledo) - El turista tranquil\",\"isPartOf\":{\"@id\":\"https:\\\/\\\/www.elturistatranquil.com\\\/ca\\\/#website\"},\"primaryImageOfPage\":{\"@id\":\"https:\\\/\\\/www.elturistatranquil.com\\\/ca\\\/esglesia-i-monestir-de-santa-maria-de-melque-toledo\\\/#primaryimage\"},\"image\":{\"@id\":\"https:\\\/\\\/www.elturistatranquil.com\\\/ca\\\/esglesia-i-monestir-de-santa-maria-de-melque-toledo\\\/#primaryimage\"},\"thumbnailUrl\":\"https:\\\/\\\/www.elturistatranquil.com\\\/wp-content\\\/uploads\\\/F39-Santa-Maria-de-Melque-Toledo.jpg\",\"datePublished\":\"2022-08-27T11:24:16+00:00\",\"dateModified\":\"2024-07-23T15:03:46+00:00\",\"author\":{\"@id\":\"https:\\\/\\\/www.elturistatranquil.com\\\/ca\\\/#\\\/schema\\\/person\\\/16f607c3079b96ed0c530a52e6b58bb5\"},\"description\":\"L'esgl\u00e9sia i monestir de Santa Maria de Melque (Toledo) \u00e9s un dels llocs hist\u00f2rics m\u00e9s interessants i m\u00e9s ben conservats del per\u00edode visigot-moss\u00e0rab a la Pen\u00ednsula Ib\u00e8rica. L'entorn es mant\u00e9 com fa mil tres-cents anys.\",\"breadcrumb\":{\"@id\":\"https:\\\/\\\/www.elturistatranquil.com\\\/ca\\\/esglesia-i-monestir-de-santa-maria-de-melque-toledo\\\/#breadcrumb\"},\"inLanguage\":\"ca\",\"potentialAction\":[{\"@type\":\"ReadAction\",\"target\":[\"https:\\\/\\\/www.elturistatranquil.com\\\/ca\\\/esglesia-i-monestir-de-santa-maria-de-melque-toledo\\\/\"]}]},{\"@type\":\"ImageObject\",\"inLanguage\":\"ca\",\"@id\":\"https:\\\/\\\/www.elturistatranquil.com\\\/ca\\\/esglesia-i-monestir-de-santa-maria-de-melque-toledo\\\/#primaryimage\",\"url\":\"https:\\\/\\\/www.elturistatranquil.com\\\/wp-content\\\/uploads\\\/F39-Santa-Maria-de-Melque-Toledo.jpg\",\"contentUrl\":\"https:\\\/\\\/www.elturistatranquil.com\\\/wp-content\\\/uploads\\\/F39-Santa-Maria-de-Melque-Toledo.jpg\",\"width\":768,\"height\":512,\"caption\":\"Santa Maria de Melque, Toledo\"},{\"@type\":\"BreadcrumbList\",\"@id\":\"https:\\\/\\\/www.elturistatranquil.com\\\/ca\\\/esglesia-i-monestir-de-santa-maria-de-melque-toledo\\\/#breadcrumb\",\"itemListElement\":[{\"@type\":\"ListItem\",\"position\":1,\"name\":\"Portada\",\"item\":\"https:\\\/\\\/www.elturistatranquil.com\\\/ca\\\/\"},{\"@type\":\"ListItem\",\"position\":2,\"name\":\"Esgl\u00e9sia i monestir de Santa Maria de Melque (Toledo)\"}]},{\"@type\":\"WebSite\",\"@id\":\"https:\\\/\\\/www.elturistatranquil.com\\\/ca\\\/#website\",\"url\":\"https:\\\/\\\/www.elturistatranquil.com\\\/ca\\\/\",\"name\":\"El turista tranquil\",\"description\":\"Blog de viatges\",\"potentialAction\":[{\"@type\":\"SearchAction\",\"target\":{\"@type\":\"EntryPoint\",\"urlTemplate\":\"https:\\\/\\\/www.elturistatranquil.com\\\/ca\\\/?s={search_term_string}\"},\"query-input\":{\"@type\":\"PropertyValueSpecification\",\"valueRequired\":true,\"valueName\":\"search_term_string\"}}],\"inLanguage\":\"ca\"},{\"@type\":\"Person\",\"@id\":\"https:\\\/\\\/www.elturistatranquil.com\\\/ca\\\/#\\\/schema\\\/person\\\/16f607c3079b96ed0c530a52e6b58bb5\",\"name\":\"admin\",\"image\":{\"@type\":\"ImageObject\",\"inLanguage\":\"ca\",\"@id\":\"https:\\\/\\\/secure.gravatar.com\\\/avatar\\\/1fbaf22aee75fcbb29a2f97b107f95d25d3a19b7c3416105be10269872673e8d?s=96&d=mm&r=g\",\"url\":\"https:\\\/\\\/secure.gravatar.com\\\/avatar\\\/1fbaf22aee75fcbb29a2f97b107f95d25d3a19b7c3416105be10269872673e8d?s=96&d=mm&r=g\",\"contentUrl\":\"https:\\\/\\\/secure.gravatar.com\\\/avatar\\\/1fbaf22aee75fcbb29a2f97b107f95d25d3a19b7c3416105be10269872673e8d?s=96&d=mm&r=g\",\"caption\":\"admin\"}}]}<\/script>\n<!-- \/ Yoast SEO plugin. -->","yoast_head_json":{"title":"Esgl\u00e9sia i monestir de Santa Maria de Melque (Toledo) - El turista tranquil","description":"L'esgl\u00e9sia i monestir de Santa Maria de Melque (Toledo) \u00e9s un dels llocs hist\u00f2rics m\u00e9s interessants i m\u00e9s ben conservats del per\u00edode visigot-moss\u00e0rab a la Pen\u00ednsula Ib\u00e8rica. L'entorn es mant\u00e9 com fa mil tres-cents anys.","robots":{"index":"index","follow":"follow","max-snippet":"max-snippet:-1","max-image-preview":"max-image-preview:large","max-video-preview":"max-video-preview:-1"},"canonical":"https:\/\/www.elturistatranquil.com\/ca\/esglesia-i-monestir-de-santa-maria-de-melque-toledo\/","og_locale":"ca_ES","og_type":"article","og_title":"Esgl\u00e9sia i monestir de Santa Maria de Melque (Toledo) - El turista tranquil","og_description":"L'esgl\u00e9sia i monestir de Santa Maria de Melque (Toledo) \u00e9s un dels llocs hist\u00f2rics m\u00e9s interessants i m\u00e9s ben conservats del per\u00edode visigot-moss\u00e0rab a la Pen\u00ednsula Ib\u00e8rica. L'entorn es mant\u00e9 com fa mil tres-cents anys.","og_url":"https:\/\/www.elturistatranquil.com\/ca\/esglesia-i-monestir-de-santa-maria-de-melque-toledo\/","og_site_name":"El turista tranquil","article_publisher":"https:\/\/www.facebook.com\/elturistatranquilo\/","article_published_time":"2022-08-27T11:24:16+00:00","article_modified_time":"2024-07-23T15:03:46+00:00","og_image":[{"width":768,"height":512,"url":"https:\/\/www.elturistatranquil.com\/wp-content\/uploads\/F39-Santa-Maria-de-Melque-Toledo.jpg","type":"image\/jpeg"}],"author":"admin","twitter_card":"summary_large_image","twitter_misc":{"Escrit per":"admin","Temps estimat de lectura":"42 minuts"},"schema":{"@context":"https:\/\/schema.org","@graph":[{"@type":"Article","@id":"https:\/\/www.elturistatranquil.com\/ca\/esglesia-i-monestir-de-santa-maria-de-melque-toledo\/#article","isPartOf":{"@id":"https:\/\/www.elturistatranquil.com\/ca\/esglesia-i-monestir-de-santa-maria-de-melque-toledo\/"},"author":{"name":"admin","@id":"https:\/\/www.elturistatranquil.com\/ca\/#\/schema\/person\/16f607c3079b96ed0c530a52e6b58bb5"},"headline":"Esgl\u00e9sia i monestir de Santa Maria de Melque (Toledo)","datePublished":"2022-08-27T11:24:16+00:00","dateModified":"2024-07-23T15:03:46+00:00","mainEntityOfPage":{"@id":"https:\/\/www.elturistatranquil.com\/ca\/esglesia-i-monestir-de-santa-maria-de-melque-toledo\/"},"wordCount":6062,"commentCount":0,"image":{"@id":"https:\/\/www.elturistatranquil.com\/ca\/esglesia-i-monestir-de-santa-maria-de-melque-toledo\/#primaryimage"},"thumbnailUrl":"https:\/\/www.elturistatranquil.com\/wp-content\/uploads\/F39-Santa-Maria-de-Melque-Toledo.jpg","articleSection":["Arquitectura religiosa","Conjunts hist\u00f2rics","Hist\u00f2ria","Joies al territori","Monestirs, Catedrals","Prerom\u00e0nic","Toledo"],"inLanguage":"ca","potentialAction":[{"@type":"CommentAction","name":"Comment","target":["https:\/\/www.elturistatranquil.com\/ca\/esglesia-i-monestir-de-santa-maria-de-melque-toledo\/#respond"]}]},{"@type":"WebPage","@id":"https:\/\/www.elturistatranquil.com\/ca\/esglesia-i-monestir-de-santa-maria-de-melque-toledo\/","url":"https:\/\/www.elturistatranquil.com\/ca\/esglesia-i-monestir-de-santa-maria-de-melque-toledo\/","name":"Esgl\u00e9sia i monestir de Santa Maria de Melque (Toledo) - El turista tranquil","isPartOf":{"@id":"https:\/\/www.elturistatranquil.com\/ca\/#website"},"primaryImageOfPage":{"@id":"https:\/\/www.elturistatranquil.com\/ca\/esglesia-i-monestir-de-santa-maria-de-melque-toledo\/#primaryimage"},"image":{"@id":"https:\/\/www.elturistatranquil.com\/ca\/esglesia-i-monestir-de-santa-maria-de-melque-toledo\/#primaryimage"},"thumbnailUrl":"https:\/\/www.elturistatranquil.com\/wp-content\/uploads\/F39-Santa-Maria-de-Melque-Toledo.jpg","datePublished":"2022-08-27T11:24:16+00:00","dateModified":"2024-07-23T15:03:46+00:00","author":{"@id":"https:\/\/www.elturistatranquil.com\/ca\/#\/schema\/person\/16f607c3079b96ed0c530a52e6b58bb5"},"description":"L'esgl\u00e9sia i monestir de Santa Maria de Melque (Toledo) \u00e9s un dels llocs hist\u00f2rics m\u00e9s interessants i m\u00e9s ben conservats del per\u00edode visigot-moss\u00e0rab a la Pen\u00ednsula Ib\u00e8rica. L'entorn es mant\u00e9 com fa mil tres-cents anys.","breadcrumb":{"@id":"https:\/\/www.elturistatranquil.com\/ca\/esglesia-i-monestir-de-santa-maria-de-melque-toledo\/#breadcrumb"},"inLanguage":"ca","potentialAction":[{"@type":"ReadAction","target":["https:\/\/www.elturistatranquil.com\/ca\/esglesia-i-monestir-de-santa-maria-de-melque-toledo\/"]}]},{"@type":"ImageObject","inLanguage":"ca","@id":"https:\/\/www.elturistatranquil.com\/ca\/esglesia-i-monestir-de-santa-maria-de-melque-toledo\/#primaryimage","url":"https:\/\/www.elturistatranquil.com\/wp-content\/uploads\/F39-Santa-Maria-de-Melque-Toledo.jpg","contentUrl":"https:\/\/www.elturistatranquil.com\/wp-content\/uploads\/F39-Santa-Maria-de-Melque-Toledo.jpg","width":768,"height":512,"caption":"Santa Maria de Melque, Toledo"},{"@type":"BreadcrumbList","@id":"https:\/\/www.elturistatranquil.com\/ca\/esglesia-i-monestir-de-santa-maria-de-melque-toledo\/#breadcrumb","itemListElement":[{"@type":"ListItem","position":1,"name":"Portada","item":"https:\/\/www.elturistatranquil.com\/ca\/"},{"@type":"ListItem","position":2,"name":"Esgl\u00e9sia i monestir de Santa Maria de Melque (Toledo)"}]},{"@type":"WebSite","@id":"https:\/\/www.elturistatranquil.com\/ca\/#website","url":"https:\/\/www.elturistatranquil.com\/ca\/","name":"El turista tranquil","description":"Blog de viatges","potentialAction":[{"@type":"SearchAction","target":{"@type":"EntryPoint","urlTemplate":"https:\/\/www.elturistatranquil.com\/ca\/?s={search_term_string}"},"query-input":{"@type":"PropertyValueSpecification","valueRequired":true,"valueName":"search_term_string"}}],"inLanguage":"ca"},{"@type":"Person","@id":"https:\/\/www.elturistatranquil.com\/ca\/#\/schema\/person\/16f607c3079b96ed0c530a52e6b58bb5","name":"admin","image":{"@type":"ImageObject","inLanguage":"ca","@id":"https:\/\/secure.gravatar.com\/avatar\/1fbaf22aee75fcbb29a2f97b107f95d25d3a19b7c3416105be10269872673e8d?s=96&d=mm&r=g","url":"https:\/\/secure.gravatar.com\/avatar\/1fbaf22aee75fcbb29a2f97b107f95d25d3a19b7c3416105be10269872673e8d?s=96&d=mm&r=g","contentUrl":"https:\/\/secure.gravatar.com\/avatar\/1fbaf22aee75fcbb29a2f97b107f95d25d3a19b7c3416105be10269872673e8d?s=96&d=mm&r=g","caption":"admin"}}]}},"_links":{"self":[{"href":"https:\/\/www.elturistatranquil.com\/ca\/wp-json\/wp\/v2\/posts\/42895","targetHints":{"allow":["GET"]}}],"collection":[{"href":"https:\/\/www.elturistatranquil.com\/ca\/wp-json\/wp\/v2\/posts"}],"about":[{"href":"https:\/\/www.elturistatranquil.com\/ca\/wp-json\/wp\/v2\/types\/post"}],"author":[{"embeddable":true,"href":"https:\/\/www.elturistatranquil.com\/ca\/wp-json\/wp\/v2\/users\/1"}],"replies":[{"embeddable":true,"href":"https:\/\/www.elturistatranquil.com\/ca\/wp-json\/wp\/v2\/comments?post=42895"}],"version-history":[{"count":5,"href":"https:\/\/www.elturistatranquil.com\/ca\/wp-json\/wp\/v2\/posts\/42895\/revisions"}],"predecessor-version":[{"id":53538,"href":"https:\/\/www.elturistatranquil.com\/ca\/wp-json\/wp\/v2\/posts\/42895\/revisions\/53538"}],"wp:featuredmedia":[{"embeddable":true,"href":"https:\/\/www.elturistatranquil.com\/ca\/wp-json\/wp\/v2\/media\/42780"}],"wp:attachment":[{"href":"https:\/\/www.elturistatranquil.com\/ca\/wp-json\/wp\/v2\/media?parent=42895"}],"wp:term":[{"taxonomy":"category","embeddable":true,"href":"https:\/\/www.elturistatranquil.com\/ca\/wp-json\/wp\/v2\/categories?post=42895"},{"taxonomy":"post_tag","embeddable":true,"href":"https:\/\/www.elturistatranquil.com\/ca\/wp-json\/wp\/v2\/tags?post=42895"}],"curies":[{"name":"wp","href":"https:\/\/api.w.org\/{rel}","templated":true}]}}