{"id":43800,"date":"2022-10-22T20:16:25","date_gmt":"2022-10-22T18:16:25","guid":{"rendered":"https:\/\/www.elturistatranquil.com\/?p=43800"},"modified":"2022-10-26T15:44:14","modified_gmt":"2022-10-26T13:44:14","slug":"vejer-de-la-frontera-cadis","status":"publish","type":"post","link":"https:\/\/www.elturistatranquil.com\/ca\/vejer-de-la-frontera-cadis\/","title":{"rendered":"Vejer de la Frontera (Cadis)"},"content":{"rendered":"\t\t<div data-elementor-type=\"wp-post\" data-elementor-id=\"43800\" class=\"elementor elementor-43800 elementor-43365\" data-elementor-post-type=\"post\">\n\t\t\t\t\t\t<section class=\"elementor-section elementor-top-section elementor-element elementor-element-fc47d7a elementor-section-boxed elementor-section-height-default elementor-section-height-default\" data-id=\"fc47d7a\" data-element_type=\"section\" data-e-type=\"section\">\n\t\t\t\t\t\t<div class=\"elementor-container elementor-column-gap-default\">\n\t\t\t\t\t<div class=\"elementor-column elementor-col-100 elementor-top-column elementor-element elementor-element-7a27d681\" data-id=\"7a27d681\" data-element_type=\"column\" data-e-type=\"column\">\n\t\t\t<div class=\"elementor-widget-wrap elementor-element-populated\">\n\t\t\t\t\t\t<section class=\"elementor-section elementor-inner-section elementor-element elementor-element-14ca13b elementor-section-content-middle elementor-section-boxed elementor-section-height-default elementor-section-height-default\" data-id=\"14ca13b\" data-element_type=\"section\" data-e-type=\"section\">\n\t\t\t\t\t\t<div class=\"elementor-container elementor-column-gap-default\">\n\t\t\t\t\t<div class=\"elementor-column elementor-col-100 elementor-inner-column elementor-element elementor-element-4bf9d536\" data-id=\"4bf9d536\" data-element_type=\"column\" data-e-type=\"column\">\n\t\t\t<div class=\"elementor-widget-wrap elementor-element-populated\">\n\t\t\t\t\t\t<div class=\"elementor-element elementor-element-efc28ef elementor-widget elementor-widget-text-editor\" data-id=\"efc28ef\" data-element_type=\"widget\" data-e-type=\"widget\" data-widget_type=\"text-editor.default\">\n\t\t\t\t<div class=\"elementor-widget-container\">\n\t\t\t\t\t\t\t\t\t<p><em>Vejer de la Frontera<\/em> (Cadis) \u00e9s un espectacular poble blanc sobre el cim d&#8217;un tur\u00f3 s&#8217;imposa al viatger. Ocupat des de temps immemorial, els andalusins van deixar la seva imperible empremta que ha perviscut fins als nostres dies en una localitat viva i din\u00e0mica.<\/p>\t\t\t\t\t\t\t\t<\/div>\n\t\t\t\t<\/div>\n\t\t\t\t\t<\/div>\n\t\t<\/div>\n\t\t\t\t\t<\/div>\n\t\t<\/section>\n\t\t\t\t<div class=\"elementor-element elementor-element-49dd3c9 elementor-widget elementor-widget-heading\" data-id=\"49dd3c9\" data-element_type=\"widget\" data-e-type=\"widget\" data-widget_type=\"heading.default\">\n\t\t\t\t<div class=\"elementor-widget-container\">\n\t\t\t\t\t<h1 class=\"elementor-heading-title elementor-size-default\">Vejer de la Frontera (Cadis)<\/h1>\t\t\t\t<\/div>\n\t\t\t\t<\/div>\n\t\t\t\t\t<\/div>\n\t\t<\/div>\n\t\t\t\t\t<\/div>\n\t\t<\/section>\n\t\t\t\t<section class=\"elementor-section elementor-top-section elementor-element elementor-element-3d1a75bb elementor-section-boxed elementor-section-height-default elementor-section-height-default\" data-id=\"3d1a75bb\" data-element_type=\"section\" data-e-type=\"section\">\n\t\t\t\t\t\t<div class=\"elementor-container elementor-column-gap-default\">\n\t\t\t\t\t<div class=\"elementor-column elementor-col-100 elementor-top-column elementor-element elementor-element-450a91d9\" data-id=\"450a91d9\" data-element_type=\"column\" data-e-type=\"column\">\n\t\t\t<div class=\"elementor-widget-wrap elementor-element-populated\">\n\t\t\t\t\t\t<div class=\"elementor-element elementor-element-15acf581 elementor-widget elementor-widget-image\" data-id=\"15acf581\" data-element_type=\"widget\" data-e-type=\"widget\" data-widget_type=\"image.default\">\n\t\t\t\t<div class=\"elementor-widget-container\">\n\t\t\t\t\t\t\t\t\t\t\t\t<figure class=\"wp-caption\">\n\t\t\t\t\t\t\t\t\t\t<img fetchpriority=\"high\" decoding=\"async\" width=\"768\" height=\"512\" src=\"https:\/\/www.elturistatranquil.com\/wp-content\/uploads\/F01-Vejer-de-la-Frontera-Cadiz-Google-earth-2022-10-05.jpg\" class=\"attachment-large size-large wp-image-43387\" alt=\"Vejer de la Frontera, Cadiz (Google earth 2022-10-05)\" srcset=\"https:\/\/www.elturistatranquil.com\/wp-content\/uploads\/F01-Vejer-de-la-Frontera-Cadiz-Google-earth-2022-10-05.jpg 768w, https:\/\/www.elturistatranquil.com\/wp-content\/uploads\/F01-Vejer-de-la-Frontera-Cadiz-Google-earth-2022-10-05-339x226.jpg 339w\" sizes=\"(max-width: 768px) 100vw, 768px\" \/>\t\t\t\t\t\t\t\t\t\t\t<figcaption class=\"widget-image-caption wp-caption-text\">Vejer de la Frontera (Google earth 2022-10-05)<\/figcaption>\n\t\t\t\t\t\t\t\t\t\t<\/figure>\n\t\t\t\t\t\t\t\t\t<\/div>\n\t\t\t\t<\/div>\n\t\t\t\t<div class=\"elementor-element elementor-element-314090a5 elementor-widget elementor-widget-spacer\" data-id=\"314090a5\" data-element_type=\"widget\" data-e-type=\"widget\" data-widget_type=\"spacer.default\">\n\t\t\t\t<div class=\"elementor-widget-container\">\n\t\t\t\t\t\t\t<div class=\"elementor-spacer\">\n\t\t\t<div class=\"elementor-spacer-inner\"><\/div>\n\t\t<\/div>\n\t\t\t\t\t\t<\/div>\n\t\t\t\t<\/div>\n\t\t\t\t<div class=\"elementor-element elementor-element-182e37df elementor-widget elementor-widget-heading\" data-id=\"182e37df\" data-element_type=\"widget\" data-e-type=\"widget\" data-widget_type=\"heading.default\">\n\t\t\t\t<div class=\"elementor-widget-container\">\n\t\t\t\t\t<h2 class=\"elementor-heading-title elementor-size-default\">Vejer de la Frontera. La Landa. Cadis<\/h2>\t\t\t\t<\/div>\n\t\t\t\t<\/div>\n\t\t\t\t<section class=\"elementor-section elementor-inner-section elementor-element elementor-element-106bf8ea elementor-section-boxed elementor-section-height-default elementor-section-height-default\" data-id=\"106bf8ea\" data-element_type=\"section\" data-e-type=\"section\" data-settings=\"{&quot;background_background&quot;:&quot;classic&quot;}\">\n\t\t\t\t\t\t\t<div class=\"elementor-background-overlay\"><\/div>\n\t\t\t\t\t\t\t<div class=\"elementor-container elementor-column-gap-default\">\n\t\t\t\t\t<div class=\"elementor-column elementor-col-100 elementor-inner-column elementor-element elementor-element-539f6763\" data-id=\"539f6763\" data-element_type=\"column\" data-e-type=\"column\" data-settings=\"{&quot;background_background&quot;:&quot;classic&quot;}\">\n\t\t\t<div class=\"elementor-widget-wrap elementor-element-populated\">\n\t\t\t\t\t\t<div class=\"elementor-element elementor-element-cf43a02 elementor-widget elementor-widget-text-editor\" data-id=\"cf43a02\" data-element_type=\"widget\" data-e-type=\"widget\" data-widget_type=\"text-editor.default\">\n\t\t\t\t<div class=\"elementor-widget-container\">\n\t\t\t\t\t\t\t\t\t<p>Comarca: La Janda. Prov\u00edncia: Cadis. Com. Aut\u00f2noma: Andalusia<\/p><p>Coordenades: 36\u00b015\u203208\u2033N 5\u00b057\u203248\u2033O. Altitud: 168 msnm. Poblaci\u00f3: 12.572 habitants en el municipi, 9.042 habitants en la localitat (2021)<\/p><p>Web: <a href=\"https:\/\/www.vejer.es\/es\/\" target=\"_blank\" rel=\"noopener\">ayuntamiento<\/a><\/p><p><em>Centre hist\u00f2ric de Vejer de la Frontera, B\u00e9 d\u2019Inter\u00e8s Cultural (BIC)<\/em><\/p><p>Visita: 2021<\/p>\t\t\t\t\t\t\t\t<\/div>\n\t\t\t\t<\/div>\n\t\t\t\t\t<\/div>\n\t\t<\/div>\n\t\t\t\t\t<\/div>\n\t\t<\/section>\n\t\t\t\t<div class=\"elementor-element elementor-element-867b2ef elementor-widget elementor-widget-image\" data-id=\"867b2ef\" data-element_type=\"widget\" data-e-type=\"widget\" data-widget_type=\"image.default\">\n\t\t\t\t<div class=\"elementor-widget-container\">\n\t\t\t\t\t\t\t\t\t\t\t\t<figure class=\"wp-caption\">\n\t\t\t\t\t\t\t\t\t\t<img decoding=\"async\" width=\"768\" height=\"512\" src=\"https:\/\/www.elturistatranquil.com\/wp-content\/uploads\/F02c-Vejer-de-la-Frontera-Cadiz-Google-maps-2022-10-04.jpg\" class=\"attachment-medium_large size-medium_large wp-image-43822\" alt=\"Vejer de la Frontera, Cadiz (Google maps 2022-10-04)\" srcset=\"https:\/\/www.elturistatranquil.com\/wp-content\/uploads\/F02c-Vejer-de-la-Frontera-Cadiz-Google-maps-2022-10-04.jpg 768w, https:\/\/www.elturistatranquil.com\/wp-content\/uploads\/F02c-Vejer-de-la-Frontera-Cadiz-Google-maps-2022-10-04-339x226.jpg 339w\" sizes=\"(max-width: 768px) 100vw, 768px\" \/>\t\t\t\t\t\t\t\t\t\t\t<figcaption class=\"widget-image-caption wp-caption-text\">Mapa de situaci\u00f3 de Vejer de la Frontera (Google maps 2022-10-04)<\/figcaption>\n\t\t\t\t\t\t\t\t\t\t<\/figure>\n\t\t\t\t\t\t\t\t\t<\/div>\n\t\t\t\t<\/div>\n\t\t\t\t<section class=\"elementor-section elementor-inner-section elementor-element elementor-element-4b344fd4 elementor-section-boxed elementor-section-height-default elementor-section-height-default\" data-id=\"4b344fd4\" data-element_type=\"section\" data-e-type=\"section\" data-settings=\"{&quot;background_background&quot;:&quot;classic&quot;}\">\n\t\t\t\t\t\t<div class=\"elementor-container elementor-column-gap-default\">\n\t\t\t\t\t<div class=\"elementor-column elementor-col-100 elementor-inner-column elementor-element elementor-element-ec4cdcd\" data-id=\"ec4cdcd\" data-element_type=\"column\" data-e-type=\"column\">\n\t\t\t<div class=\"elementor-widget-wrap elementor-element-populated\">\n\t\t\t\t\t\t<div class=\"elementor-element elementor-element-6973eba7 elementor-widget elementor-widget-text-editor\" data-id=\"6973eba7\" data-element_type=\"widget\" data-e-type=\"widget\" data-widget_type=\"text-editor.default\">\n\t\t\t\t<div class=\"elementor-widget-container\">\n\t\t\t\t\t\t\t\t\t<p style=\"text-align: center;\"><strong>\u00cdndex<\/strong><\/p>\t\t\t\t\t\t\t\t<\/div>\n\t\t\t\t<\/div>\n\t\t\t\t<div class=\"elementor-element elementor-element-75c87c5b elementor-widget elementor-widget-text-editor\" data-id=\"75c87c5b\" data-element_type=\"widget\" data-e-type=\"widget\" data-widget_type=\"text-editor.default\">\n\t\t\t\t<div class=\"elementor-widget-container\">\n\t\t\t\t\t\t\t\t\t<p><a href=\"https:\/\/www.elturistatranquil.com\/ca\/vejer-de-la-frontera-cadis\/#c7701\" target=\"_blank\" rel=\"noopener\">Vejer de la Frontera. La Landa. Cadis<\/a><\/p><p><a href=\"https:\/\/www.elturistatranquil.com\/ca\/vejer-de-la-frontera-cadis\/#c7702\" target=\"_blank\" rel=\"noopener\">El territori<\/a><\/p><p><a href=\"https:\/\/www.elturistatranquil.com\/ca\/vejer-de-la-frontera-cadis\/#c7703\" target=\"_blank\" rel=\"noopener\">Una mica d&#8217;hist\u00f2ria<\/a><\/p><p><a href=\"https:\/\/www.elturistatranquil.com\/ca\/vejer-de-la-frontera-cadis\/#c7704\" target=\"_blank\" rel=\"noopener\">Elements d&#8217;urbanisme i arquitectura popular<\/a><\/p><p><a href=\"https:\/\/www.elturistatranquil.com\/ca\/vejer-de-la-frontera-cadis\/#c7705\" target=\"_blank\" rel=\"noopener\">La visita a Vejer de la Frontera<\/a><\/p><p><a href=\"https:\/\/www.elturistatranquil.com\/ca\/vejer-de-la-frontera-cadis\/#c7706\" target=\"_blank\" rel=\"noopener\">Recorrent la muralla urbana<\/a><\/p><p style=\"padding-left: 40px;\"><a href=\"https:\/\/www.elturistatranquil.com\/ca\/vejer-de-la-frontera-cadis\/#c7707\" target=\"_blank\" rel=\"noopener\">Mirador de La Cobijada, Arc de Santa Catalina i Arc de Puerta Cerrada<\/a><\/p><p style=\"padding-left: 40px;\"><a href=\"https:\/\/www.elturistatranquil.com\/ca\/vejer-de-la-frontera-cadis\/#c7708\" target=\"_blank\" rel=\"noopener\">Torre de Sant Joan<\/a><\/p><p style=\"padding-left: 40px;\"><a href=\"https:\/\/www.elturistatranquil.com\/ca\/vejer-de-la-frontera-cadis\/#c7709\" target=\"_blank\" rel=\"noopener\">Ajuntament Vell i Ajuntament Nou<\/a><\/p><p style=\"padding-left: 40px;\"><a href=\"https:\/\/www.elturistatranquil.com\/ca\/vejer-de-la-frontera-cadis\/#c7710\" target=\"_blank\" rel=\"noopener\">Pla\u00e7a de Espa\u00f1a o dels Pescaitos<\/a><\/p><p style=\"padding-left: 40px;\"><a href=\"https:\/\/www.elturistatranquil.com\/ca\/vejer-de-la-frontera-cadis\/#c7711\" target=\"_blank\" rel=\"noopener\">Arc de la Vila<\/a><\/p><p style=\"padding-left: 40px;\"><a href=\"https:\/\/www.elturistatranquil.com\/ca\/vejer-de-la-frontera-cadis\/#c7712\" target=\"_blank\" rel=\"noopener\">Torre del Mayorazgo<\/a><\/p><p style=\"padding-left: 40px;\"><a href=\"https:\/\/www.elturistatranquil.com\/ca\/vejer-de-la-frontera-cadis\/#c7713\" target=\"_blank\" rel=\"noopener\">Esgl\u00e9sia del convent de la Merc\u00e8<\/a><\/p><p style=\"padding-left: 40px;\"><a href=\"https:\/\/www.elturistatranquil.com\/ca\/vejer-de-la-frontera-cadis\/#c7714\" target=\"_blank\" rel=\"noopener\">Recinte de Sancho IV, Arc de Sancho IV i Casa del Mayorazgo<\/a><\/p><p style=\"padding-left: 40px;\"><a href=\"https:\/\/www.elturistatranquil.com\/ca\/vejer-de-la-frontera-cadis\/#c7715\" target=\"_blank\" rel=\"noopener\">Passeig de la Corredera i mirador<\/a><\/p><p style=\"padding-left: 40px;\"><a href=\"https:\/\/www.elturistatranquil.com\/ca\/vejer-de-la-frontera-cadis\/#c7716\" target=\"_blank\" rel=\"noopener\">Antic Cinema Corredera, seu d&#8217;Electravillariezo i resid\u00e8ncia dels comtes de Bornos y Villariezo<\/a><\/p><p style=\"padding-left: 40px;\"><a href=\"https:\/\/www.elturistatranquil.com\/ca\/vejer-de-la-frontera-cadis\/#c7717\" target=\"_blank\" rel=\"noopener\">Torre Corredera<\/a><\/p><p style=\"padding-left: 40px;\"><a href=\"https:\/\/www.elturistatranquil.com\/ca\/vejer-de-la-frontera-cadis\/#c7718\" target=\"_blank\" rel=\"noopener\">Antic convent de San Francisco<\/a><\/p><p><a href=\"https:\/\/www.elturistatranquil.com\/ca\/vejer-de-la-frontera-cadis\/#c7719\" target=\"_blank\" rel=\"noopener\">Recorregut pel centre hist\u00f2ric<\/a><\/p><p style=\"padding-left: 40px;\"><a href=\"https:\/\/www.elturistatranquil.com\/ca\/vejer-de-la-frontera-cadis\/#c7720\" target=\"_blank\" rel=\"noopener\">Arcs del carrer\u00f3 de les Monges<\/a><\/p><p style=\"padding-left: 40px;\"><a href=\"https:\/\/www.elturistatranquil.com\/ca\/vejer-de-la-frontera-cadis\/#c7721\" target=\"_blank\" rel=\"noopener\">Convent de las Concepcionistas \/ Museu d&#8217;Arts i Costums Populars<\/a><\/p><p style=\"padding-left: 40px;\"><a href=\"https:\/\/www.elturistatranquil.com\/ca\/vejer-de-la-frontera-cadis\/#c7722\" target=\"_blank\" rel=\"noopener\">Castell de Vejer<\/a><\/p><p style=\"padding-left: 40px;\"><a href=\"https:\/\/www.elturistatranquil.com\/ca\/vejer-de-la-frontera-cadis\/#c7723\" target=\"_blank\" rel=\"noopener\">Esgl\u00e9sia parroquial del Divino Salvador i viacrucis<\/a><\/p><p style=\"padding-left: 40px;\"><a href=\"https:\/\/www.elturistatranquil.com\/ca\/vejer-de-la-frontera-cadis\/#c7724\" target=\"_blank\" rel=\"noopener\">Muralla urbana, Arc de la Segur, Baluard i P\u00f2sit<\/a><\/p><p style=\"padding-left: 40px;\"><a href=\"https:\/\/www.elturistatranquil.com\/ca\/vejer-de-la-frontera-cadis\/#c7725\" target=\"_blank\" rel=\"noopener\">Casa del Marqu\u00e8s de Tamar\u00f3n \/ Museu de Vejer<\/a><\/p><p style=\"padding-left: 40px;\"><a href=\"https:\/\/www.elturistatranquil.com\/ca\/vejer-de-la-frontera-cadis\/#c7726\" target=\"_blank\" rel=\"noopener\">Expansi\u00f3 urbana del segle XVI<\/a><\/p><p><a href=\"https:\/\/www.elturistatranquil.com\/ca\/vejer-de-la-frontera-cadis\/#c7727\" target=\"_blank\" rel=\"noopener\">Molins de vent del Parc Municipal Hazas de Suerte<\/a><\/p><p><a href=\"https:\/\/www.elturistatranquil.com\/ca\/vejer-de-la-frontera-cadis\/#c7728\" target=\"_blank\" rel=\"noopener\">Fi de la visita<\/a><\/p><p><a href=\"https:\/\/www.elturistatranquil.com\/ca\/vejer-de-la-frontera-cadis\/#c7729\" target=\"_blank\" rel=\"noopener\">Bases d&#8217;informaci\u00f3<\/a><\/p>\t\t\t\t\t\t\t\t<\/div>\n\t\t\t\t<\/div>\n\t\t\t\t\t<\/div>\n\t\t<\/div>\n\t\t\t\t\t<\/div>\n\t\t<\/section>\n\t\t\t\t<div class=\"elementor-element elementor-element-7e4b988e elementor-widget elementor-widget-spacer\" data-id=\"7e4b988e\" data-element_type=\"widget\" data-e-type=\"widget\" data-widget_type=\"spacer.default\">\n\t\t\t\t<div class=\"elementor-widget-container\">\n\t\t\t\t\t\t\t<div class=\"elementor-spacer\">\n\t\t\t<div class=\"elementor-spacer-inner\"><\/div>\n\t\t<\/div>\n\t\t\t\t\t\t<\/div>\n\t\t\t\t<\/div>\n\t\t\t\t<div class=\"elementor-element elementor-element-7d41e677 elementor-widget elementor-widget-menu-anchor\" data-id=\"7d41e677\" data-element_type=\"widget\" data-e-type=\"widget\" data-widget_type=\"menu-anchor.default\">\n\t\t\t\t<div class=\"elementor-widget-container\">\n\t\t\t\t\t\t\t<div class=\"elementor-menu-anchor\" id=\"c7701\"><\/div>\n\t\t\t\t\t\t<\/div>\n\t\t\t\t<\/div>\n\t\t\t\t<div class=\"elementor-element elementor-element-f8f60bd elementor-widget elementor-widget-spacer\" data-id=\"f8f60bd\" data-element_type=\"widget\" data-e-type=\"widget\" data-widget_type=\"spacer.default\">\n\t\t\t\t<div class=\"elementor-widget-container\">\n\t\t\t\t\t\t\t<div class=\"elementor-spacer\">\n\t\t\t<div class=\"elementor-spacer-inner\"><\/div>\n\t\t<\/div>\n\t\t\t\t\t\t<\/div>\n\t\t\t\t<\/div>\n\t\t\t\t<div class=\"elementor-element elementor-element-54b71e8 elementor-widget elementor-widget-heading\" data-id=\"54b71e8\" data-element_type=\"widget\" data-e-type=\"widget\" data-widget_type=\"heading.default\">\n\t\t\t\t<div class=\"elementor-widget-container\">\n\t\t\t\t\t<h2 class=\"elementor-heading-title elementor-size-default\">Vejer de la Frontera. La Landa. Cadis <\/h2>\t\t\t\t<\/div>\n\t\t\t\t<\/div>\n\t\t\t\t<div class=\"elementor-element elementor-element-cccd3cc elementor-widget elementor-widget-menu-anchor\" data-id=\"cccd3cc\" data-element_type=\"widget\" data-e-type=\"widget\" data-widget_type=\"menu-anchor.default\">\n\t\t\t\t<div class=\"elementor-widget-container\">\n\t\t\t\t\t\t\t<div class=\"elementor-menu-anchor\" id=\"c7702\"><\/div>\n\t\t\t\t\t\t<\/div>\n\t\t\t\t<\/div>\n\t\t\t\t<div class=\"elementor-element elementor-element-277333ac elementor-widget elementor-widget-text-editor\" data-id=\"277333ac\" data-element_type=\"widget\" data-e-type=\"widget\" data-widget_type=\"text-editor.default\">\n\t\t\t\t<div class=\"elementor-widget-container\">\n\t\t\t\t\t\t\t\t\t<p>Tot i que el terme municipal de <strong>Vejer de la Frontera<\/strong> arriba fins al mar a la <strong>platja del Palmar<\/strong>, la ciutat s&#8217;assenta a l&#8217;interior, a uns vuit quil\u00f2metres de la costa, sobre un monticle que arriba a veure el mar.<\/p><p>Un poble blanc, amb una important hist\u00f2ria medieval en el seu haver, amb un important paper com a terra de frontera, com el seu nom reflecteix, que mereixia dedicar-hi un dia de visita. I a escassos 20 quil\u00f2metres de <a href=\"https:\/\/www.elturistatranquil.com\/ca\/conil-home-suite-estudis-i-apartaments-de-disseny-costa-de-la-luz\/\" target=\"_blank\" rel=\"noopener\">Conil Home Suite<\/a> o els <a href=\"https:\/\/www.elturistatranquil.com\/ca\/apartamentos-la-jabega-conil-costa-de-la-luz\/\" target=\"_blank\" rel=\"noopener\">Apartaments La J\u00e1bega Conil<\/a>.<\/p>\t\t\t\t\t\t\t\t<\/div>\n\t\t\t\t<\/div>\n\t\t\t\t<div class=\"elementor-element elementor-element-32fd5060 elementor-widget elementor-widget-heading\" data-id=\"32fd5060\" data-element_type=\"widget\" data-e-type=\"widget\" data-widget_type=\"heading.default\">\n\t\t\t\t<div class=\"elementor-widget-container\">\n\t\t\t\t\t<h2 class=\"elementor-heading-title elementor-size-default\">El territori\n<\/h2>\t\t\t\t<\/div>\n\t\t\t\t<\/div>\n\t\t\t\t<div class=\"elementor-element elementor-element-90b4a49 elementor-widget elementor-widget-text-editor\" data-id=\"90b4a49\" data-element_type=\"widget\" data-e-type=\"widget\" data-widget_type=\"text-editor.default\">\n\t\t\t\t<div class=\"elementor-widget-container\">\n\t\t\t\t\t\t\t\t\t<p><strong>Vejer de la Frontera<\/strong> es troba situada al Sud Oest de la prov\u00edncia de Cadis, a la comarca de la Janda, limitant amb l&#8217;Atl\u00e0ntic, Conil, Chiclana, Medina Sidonia, Tarifa i Barbate.<\/p><p>\u00c9s una zona eminentment rural, amb la doble condici\u00f3 de camp i de litoral, amb fonts de renda tradicionalment lligades al sector primari, agrari i pesquer, amb un ric patrimoni cultural i natural que est\u00e0 sent potenciat com a valor tur\u00edstic, integrat a la <a href=\"https:\/\/guiadigital.iaph.es\/sites\/default\/canales\/conoce-el-patrimonio\/guia-digital\/textos-e\/Demarcacion_Litoral_de_Cadiz_y_Estrecho\/paisaje\/index.html\" target=\"_blank\" rel=\"noopener\">Demarcaci\u00f3n Paisaj\u00edstica de Litoral de C\u00e1diz \u2013 Estrecho.<\/a><\/p><p>La posici\u00f3 del nucli \u00e9s estrat\u00e8gica, a tocar de la cru\u00eflla de la carretera N-340 (Cadis-Algeciras) amb la via que uneix el litoral i l&#8217;interior (Barbate-Medina-Arcos), i per assentar-se sobre una escarpada tur\u00f3 amb una situaci\u00f3 privilegiada per al domini visual de les dues rutes i de la vall del riu Barbate.<\/p>\t\t\t\t\t\t\t\t<\/div>\n\t\t\t\t<\/div>\n\t\t\t\t<div class=\"elementor-element elementor-element-26a4dfc7 elementor-widget elementor-widget-image\" data-id=\"26a4dfc7\" data-element_type=\"widget\" data-e-type=\"widget\" data-widget_type=\"image.default\">\n\t\t\t\t<div class=\"elementor-widget-container\">\n\t\t\t\t\t\t\t\t\t\t\t\t<figure class=\"wp-caption\">\n\t\t\t\t\t\t\t\t\t\t<img decoding=\"async\" width=\"768\" height=\"512\" src=\"https:\/\/www.elturistatranquil.com\/wp-content\/uploads\/F03a-Vejer-de-la-Frontera-Cadiz.jpg\" class=\"attachment-large size-large wp-image-43391\" alt=\"Vejer de la Frontera, Cadiz\" srcset=\"https:\/\/www.elturistatranquil.com\/wp-content\/uploads\/F03a-Vejer-de-la-Frontera-Cadiz.jpg 768w, https:\/\/www.elturistatranquil.com\/wp-content\/uploads\/F03a-Vejer-de-la-Frontera-Cadiz-339x226.jpg 339w\" sizes=\"(max-width: 768px) 100vw, 768px\" \/>\t\t\t\t\t\t\t\t\t\t\t<figcaption class=\"widget-image-caption wp-caption-text\"><\/figcaption>\n\t\t\t\t\t\t\t\t\t\t<\/figure>\n\t\t\t\t\t\t\t\t\t<\/div>\n\t\t\t\t<\/div>\n\t\t\t\t<div class=\"elementor-element elementor-element-fcd70d3 elementor-widget elementor-widget-text-editor\" data-id=\"fcd70d3\" data-element_type=\"widget\" data-e-type=\"widget\" data-widget_type=\"text-editor.default\">\n\t\t\t\t<div class=\"elementor-widget-container\">\n\t\t\t\t\t\t\t\t\t<p>El municipi, amb un total de 12.572 habitants (2021), compr\u00e8n deu nuclis de poblaci\u00f3. El nucli de Vejer acull 9.042 habitants, mentre els restants 3.530 habitants es disseminen per la resta del terme municipal.<\/p><p>El conjunt muntany\u00f3s que s&#8217;est\u00e9n de sud a nord, va ser una important zona fronterera als segles XIII i XIV entre el regne de Castella i el regne de Granada i els meren\u00eds.<\/p>\t\t\t\t\t\t\t\t<\/div>\n\t\t\t\t<\/div>\n\t\t\t\t<div class=\"elementor-element elementor-element-6fb7370 elementor-widget elementor-widget-menu-anchor\" data-id=\"6fb7370\" data-element_type=\"widget\" data-e-type=\"widget\" data-widget_type=\"menu-anchor.default\">\n\t\t\t\t<div class=\"elementor-widget-container\">\n\t\t\t\t\t\t\t<div class=\"elementor-menu-anchor\" id=\"c7703\"><\/div>\n\t\t\t\t\t\t<\/div>\n\t\t\t\t<\/div>\n\t\t\t\t<div class=\"elementor-element elementor-element-a6153bb elementor-widget elementor-widget-image\" data-id=\"a6153bb\" data-element_type=\"widget\" data-e-type=\"widget\" data-widget_type=\"image.default\">\n\t\t\t\t<div class=\"elementor-widget-container\">\n\t\t\t\t\t\t\t\t\t\t\t\t<figure class=\"wp-caption\">\n\t\t\t\t\t\t\t\t\t\t<img loading=\"lazy\" decoding=\"async\" width=\"768\" height=\"511\" src=\"https:\/\/www.elturistatranquil.com\/wp-content\/uploads\/F03b-Vejer-de-la-Frontera-Cadiz-Google-earth-2022-10-13.jpg\" class=\"attachment-large size-large wp-image-43393\" alt=\"Vejer de la Frontera, Cadiz (Google earth 2022-10-13\" srcset=\"https:\/\/www.elturistatranquil.com\/wp-content\/uploads\/F03b-Vejer-de-la-Frontera-Cadiz-Google-earth-2022-10-13.jpg 768w, https:\/\/www.elturistatranquil.com\/wp-content\/uploads\/F03b-Vejer-de-la-Frontera-Cadiz-Google-earth-2022-10-13-339x226.jpg 339w\" sizes=\"(max-width: 768px) 100vw, 768px\" \/>\t\t\t\t\t\t\t\t\t\t\t<figcaption class=\"widget-image-caption wp-caption-text\">Vejer de la Frontera, Cadiz (Google earth 2022-10-13)<\/figcaption>\n\t\t\t\t\t\t\t\t\t\t<\/figure>\n\t\t\t\t\t\t\t\t\t<\/div>\n\t\t\t\t<\/div>\n\t\t\t\t<div class=\"elementor-element elementor-element-1db9e13 elementor-widget elementor-widget-heading\" data-id=\"1db9e13\" data-element_type=\"widget\" data-e-type=\"widget\" data-widget_type=\"heading.default\">\n\t\t\t\t<div class=\"elementor-widget-container\">\n\t\t\t\t\t<h2 class=\"elementor-heading-title elementor-size-default\">Una mica d'hist\u00f2ria<\/h2>\t\t\t\t<\/div>\n\t\t\t\t<\/div>\n\t\t\t\t<div class=\"elementor-element elementor-element-abf4b1e elementor-widget elementor-widget-text-editor\" data-id=\"abf4b1e\" data-element_type=\"widget\" data-e-type=\"widget\" data-widget_type=\"text-editor.default\">\n\t\t\t\t<div class=\"elementor-widget-container\">\n\t\t\t\t\t\t\t\t\t<p>Aquesta zona m\u00e9s meridional de la Pen\u00ednsula Ib\u00e8rica i punt de trobada del mar Mediterrani amb l&#8217;oce\u00e0 Atl\u00e0ntic ha estat habitada des de temps remots.<\/p><p>En concret, l&#8217;actual Vejer seria conegut com a <em>Besaro<\/em>, top\u00f2nim d&#8217;origen c\u00e8ltic que m\u00e9s tard va evolucionar a l&#8217;\u00e0rab <em>Baixir<\/em> o <em>Bashir <\/em>\u00a0i al roman\u00e7 <em>Beier<\/em>, del qual ha derivat Vejer.<\/p><p>Les primeres restes recollides al terme municipal es remunten al Paleol\u00edtic, fa uns 500.000 anys. Sota les muralles s&#8217;han trobat restes arqueol\u00f2giques de l&#8217;Edat del Bronze, aix\u00ed com d&#8217;\u00e8poca tart\u00e8sica que daten del segle VII aC.<\/p><p>Fenicis, cartaginesos i despr\u00e9s romans van deixar empremtes del seu pas per aquestes terres. Com a ciutat fortificada sembla documentar-se en \u00e8poca romana.<\/p><p>Per\u00f2 ser\u00e0 a partir de l&#8217;any 711 que pren forma el Vejer de la Frontera que ha arribat fins a nosaltres.<\/p><p>En efecte, despr\u00e9s de la batalla del Guadalete (o de la Janda) de l&#8217;any 711, on les tropes de Tariq ibn Zizad vencen les del rei visigot Rodrigo, que va tenir, lloc a les proximitats.<\/p><p>Els \u00e0rabs van mostrar la seva prefer\u00e8ncia per establir els seus assentaments sobre l&#8217;estructura d&#8217;assentaments de poblaci\u00f3, defensius i de vigil\u00e0ncia romans i visigots, en comptar amb una poblaci\u00f3 hispanovisigoda acollida a les Capitulacions.<\/p><p>\u00c9s el que va passar a <em>Bashir<\/em>, a partir del moment del qual va experimentar la seva major esplendor, durant cinc segles i mig, fins a passar a mans cristianes al segle XIII.<\/p><p>En el per\u00edode musulm\u00e0, la vila i pla\u00e7a forta de Vejer queda ubicada a la part m\u00e9s meridional de la cora de Sidonia, constituint el seu territori una zona de contacte amb la cora d&#8217;Algesires.<\/p><p>En aquest llarg per\u00edode hist\u00f2ric cal situar la consolidaci\u00f3 del seu castell, la construcci\u00f3 de gran part del seu recinte emmurallat, portes i torres, i gran part de la trama urbana actual, a m\u00e9s de la construcci\u00f3 de nombrosos llogarets i altres intervencions al medi , com van ser els molins d&#8217;aigua, les s\u00e8quies i targetes de les hortes, els aljubs, trulls, etc.<\/p>\t\t\t\t\t\t\t\t<\/div>\n\t\t\t\t<\/div>\n\t\t\t\t<div class=\"elementor-element elementor-element-abb8baf elementor-widget elementor-widget-image\" data-id=\"abb8baf\" data-element_type=\"widget\" data-e-type=\"widget\" data-widget_type=\"image.default\">\n\t\t\t\t<div class=\"elementor-widget-container\">\n\t\t\t\t\t\t\t\t\t\t\t\t<figure class=\"wp-caption\">\n\t\t\t\t\t\t\t\t\t\t<img loading=\"lazy\" decoding=\"async\" width=\"768\" height=\"512\" src=\"https:\/\/www.elturistatranquil.com\/wp-content\/uploads\/F04-Vejer-de-la-Frontera-Cadiz.jpg\" class=\"attachment-large size-large wp-image-43395\" alt=\"Vejer de la Frontera, Cadiz\" srcset=\"https:\/\/www.elturistatranquil.com\/wp-content\/uploads\/F04-Vejer-de-la-Frontera-Cadiz.jpg 768w, https:\/\/www.elturistatranquil.com\/wp-content\/uploads\/F04-Vejer-de-la-Frontera-Cadiz-339x226.jpg 339w\" sizes=\"(max-width: 768px) 100vw, 768px\" \/>\t\t\t\t\t\t\t\t\t\t\t<figcaption class=\"widget-image-caption wp-caption-text\"><\/figcaption>\n\t\t\t\t\t\t\t\t\t\t<\/figure>\n\t\t\t\t\t\t\t\t\t<\/div>\n\t\t\t\t<\/div>\n\t\t\t\t<div class=\"elementor-element elementor-element-62a9040 elementor-widget elementor-widget-text-editor\" data-id=\"62a9040\" data-element_type=\"widget\" data-e-type=\"widget\" data-widget_type=\"text-editor.default\">\n\t\t\t\t<div class=\"elementor-widget-container\">\n\t\t\t\t\t\t\t\t\t<p>L&#8217;any 1250 es produeix la primera conquesta cristiana de Vejer per Fernando III.<\/p><p>El 1264 retorna a domini musulm\u00e0 per una revolta de la poblaci\u00f3 mud\u00e8jar, sent reconquerida per Alfonso X el 6 d&#8217;agost de 1266, amb la posterior expulsi\u00f3 dels mud\u00e8jars en 1285.<\/p><p>Durant els dos segles seg\u00fcents es va produir una pr\u00e0ctica estabilitzaci\u00f3 de la frontera amb el regne nassarita de Granada, sobretot a causa de la pres\u00e8ncia dels merinis en aquest per\u00edode. Per aix\u00f2, Vejer va continuar jugant un important paper estrat\u00e8gic que al llarg de la Baixa Edat Mitjana. En aquests anys la l\u00ednia fronterera de l&#8217;estret estava defensada des de les places d&#8217;Alcal\u00e1 de los Gazules, Medina Sidonia, Vejer de la Frontera i Arcos de la Frontera.<\/p>\t\t\t\t\t\t\t\t<\/div>\n\t\t\t\t<\/div>\n\t\t\t\t<div class=\"elementor-element elementor-element-32110ad elementor-widget elementor-widget-image\" data-id=\"32110ad\" data-element_type=\"widget\" data-e-type=\"widget\" data-widget_type=\"image.default\">\n\t\t\t\t<div class=\"elementor-widget-container\">\n\t\t\t\t\t\t\t\t\t\t\t\t<figure class=\"wp-caption\">\n\t\t\t\t\t\t\t\t\t\t<img loading=\"lazy\" decoding=\"async\" width=\"768\" height=\"459\" src=\"https:\/\/www.elturistatranquil.com\/wp-content\/uploads\/F05-Reino-de-Granada.jpg\" class=\"attachment-large size-large wp-image-43397\" alt=\"Reino de Granada\" srcset=\"https:\/\/www.elturistatranquil.com\/wp-content\/uploads\/F05-Reino-de-Granada.jpg 768w, https:\/\/www.elturistatranquil.com\/wp-content\/uploads\/F05-Reino-de-Granada-339x203.jpg 339w\" sizes=\"(max-width: 768px) 100vw, 768px\" \/>\t\t\t\t\t\t\t\t\t\t\t<figcaption class=\"widget-image-caption wp-caption-text\">Frontera amb el Regne de Granada entre 1292 i 1462<\/figcaption>\n\t\t\t\t\t\t\t\t\t\t<\/figure>\n\t\t\t\t\t\t\t\t\t<\/div>\n\t\t\t\t<\/div>\n\t\t\t\t<div class=\"elementor-element elementor-element-6148156 elementor-widget elementor-widget-text-editor\" data-id=\"6148156\" data-element_type=\"widget\" data-e-type=\"widget\" data-widget_type=\"text-editor.default\">\n\t\t\t\t<div class=\"elementor-widget-container\">\n\t\t\t\t\t\t\t\t\t<p>Des de 1250 en qu\u00e8 Fernando III conquereix Vejer de la Frontera fins a mitjans del segle XIV, s&#8217;efectuen dos repartiments de terres als assentats segons la categoria sociomilitar d&#8217;aquests. Els repartiments garantien l&#8217;ocupaci\u00f3 del territori acabat de conquerir.<\/p><p>L&#8217;any 1285, Sancho IV concedeix a l&#8217;Ordre Militar de Sant Jaume el senyoriu sobre Vejer i altres places del voltant.<\/p><p>Despr\u00e9s d&#8217;una segona repoblaci\u00f3 en temps de Fernando IV, aquest concedeix el senyoriu jurisdiccional sobre la vila de Vejer a Alonso P\u00e9rez de Guzm\u00e1n El Bueno, a condici\u00f3 que mantingu\u00e9s els privilegis concedits inicialment als ve\u00efns. Durant tot el segle XIV, el Consell de la vila s&#8217;encarrega d&#8217;efectuar els repartiments de terres que van quedant buides entre els nous assentats ja que la repoblaci\u00f3 d&#8217;aquesta zona va ser for\u00e7a lenta i irregular. Hereus posteriors van ser els ducs de Medina Sidonia, que van mantenir el seu domini durant els segles XV-XVI.<\/p><p>Els drets reials atorgats als habitants de Vejer, van ser respectats pels successors de P\u00e9rez de Guzm\u00e1n fins al segle XVI, quan els ducs de Medina Sidonia van actuar contra ells, especialment els b\u00e9ns comunals que es distribu\u00efen segons les <strong>hazas de suerte<\/strong> (feixes de sort).<\/p><p>Despr\u00e9s de la conquesta del Regne de Granada el 1492, Vejer durant el segle XVI mostra una forta expansi\u00f3. La ciutat s&#8217;est\u00e9n fora del recinte emmurallat, ocupant el segon tur\u00f3. Es creen altres barris o carrers d&#8217;oficis com la dels guixers, llaners, pica pedrers, surers&#8230;<\/p><p>Una fita important en la seva transformaci\u00f3 urbana la marca el terratr\u00e8mol del 12 d&#8217;abril de 1773. Aquest sisme, que degu\u00e9 tenir el seu epicentre proper al nucli urb\u00e0, ocasiona nombrosos danys al caseriu de Vejer i algunes petites alteracions en la seva trama urbana. Assenyala, en l&#8217;aspecte urban\u00edstic, el final d&#8217;una \u00e8poca i el naixement del Vejer contemporani.<\/p><p>Al tr\u00e0nsit al segle XIX el cas antic \u00e9s abandonat per part de la vella noblesa local i la lenta ocupaci\u00f3 d&#8217;antigues cases-palaus per part d&#8217;aquest nou grup social de grans propietaris de la terra, que adquireixen les cases m\u00e9s principals o inverteixen crescudes sumes en l&#8217;edificaci\u00f3 de nova planta de nombrosos habitatges on sol perviure el pati central i la casa de camp o zona de servei per a les eines de cultiu i animals de c\u00e0rrega. Per\u00f2, alhora, s&#8217;importen estils regionalistes de moda o es percep la influ\u00e8ncia del modernisme en reixes i balcons, que s&#8217;insereixen a l&#8217;entramat antic sense grans contrastos.<\/p><p>La batalla naval de Trafalgar, el 22 d&#8217;octubre del 1805, va commoure els sentiments humanitaris dels habitants de Vejer, com ho recorda una l\u00e0pida al carrer Trafalgar.<\/p>\t\t\t\t\t\t\t\t<\/div>\n\t\t\t\t<\/div>\n\t\t\t\t<div class=\"elementor-element elementor-element-1390a28 elementor-widget elementor-widget-image\" data-id=\"1390a28\" data-element_type=\"widget\" data-e-type=\"widget\" data-widget_type=\"image.default\">\n\t\t\t\t<div class=\"elementor-widget-container\">\n\t\t\t\t\t\t\t\t\t\t\t\t<figure class=\"wp-caption\">\n\t\t\t\t\t\t\t\t\t\t<img loading=\"lazy\" decoding=\"async\" width=\"768\" height=\"511\" src=\"https:\/\/www.elturistatranquil.com\/wp-content\/uploads\/F06-Vejer-de-la-Frontera-Cadiz.jpg\" class=\"attachment-large size-large wp-image-43399\" alt=\"Vejer de la Frontera, Cadiz\" srcset=\"https:\/\/www.elturistatranquil.com\/wp-content\/uploads\/F06-Vejer-de-la-Frontera-Cadiz.jpg 768w, https:\/\/www.elturistatranquil.com\/wp-content\/uploads\/F06-Vejer-de-la-Frontera-Cadiz-339x226.jpg 339w\" sizes=\"(max-width: 768px) 100vw, 768px\" \/>\t\t\t\t\t\t\t\t\t\t\t<figcaption class=\"widget-image-caption wp-caption-text\"><\/figcaption>\n\t\t\t\t\t\t\t\t\t\t<\/figure>\n\t\t\t\t\t\t\t\t\t<\/div>\n\t\t\t\t<\/div>\n\t\t\t\t<div class=\"elementor-element elementor-element-58a979f elementor-widget elementor-widget-text-editor\" data-id=\"58a979f\" data-element_type=\"widget\" data-e-type=\"widget\" data-widget_type=\"text-editor.default\">\n\t\t\t\t<div class=\"elementor-widget-container\">\n\t\t\t\t\t\t\t\t\t<p>L&#8217;any 1877, el rei Alfonso XII li va concedir el t\u00edtol de ciutat.<\/p><p>Passat el per\u00edode convuls de la Guerra Civil, Vejer assoleix un m\u00e0xim de poblaci\u00f3 el 1960 amb 13.553 habitants al municipi que, despr\u00e9s d&#8217;un lleuger descens als anys 70-80, s&#8217;estabilitza al voltant dels 12.600 habitants, quedant manifesta l&#8217;abs\u00e8ncia de l&#8217;efecte emigratori.<\/p><p>L&#8217;estructura agr\u00edcola-ramadera derivada de la figura de les <em>feixes de sort<\/em> que explico a continuaci\u00f3, refor\u00e7ada pel turisme fa que en els darrers decennis la ciutat hagi mostrat un fort impuls renovador com reflecteix la comparaci\u00f3 d&#8217;aquestes dues fotografies que les separen uns 60 anys.<\/p>\t\t\t\t\t\t\t\t<\/div>\n\t\t\t\t<\/div>\n\t\t\t\t<div class=\"elementor-element elementor-element-2555f9b elementor-widget elementor-widget-image\" data-id=\"2555f9b\" data-element_type=\"widget\" data-e-type=\"widget\" data-widget_type=\"image.default\">\n\t\t\t\t<div class=\"elementor-widget-container\">\n\t\t\t\t\t\t\t\t\t\t\t\t<figure class=\"wp-caption\">\n\t\t\t\t\t\t\t\t\t\t<img loading=\"lazy\" decoding=\"async\" width=\"768\" height=\"512\" src=\"https:\/\/www.elturistatranquil.com\/wp-content\/uploads\/F07-Vejer-de-la-Frontera-Cadi-foto-antigua-Flores-vol-IV.jpg\" class=\"attachment-large size-large wp-image-43401\" alt=\"Vejer de la Frontera, Cadi, foto antigua Flores vol IV\" srcset=\"https:\/\/www.elturistatranquil.com\/wp-content\/uploads\/F07-Vejer-de-la-Frontera-Cadi-foto-antigua-Flores-vol-IV.jpg 768w, https:\/\/www.elturistatranquil.com\/wp-content\/uploads\/F07-Vejer-de-la-Frontera-Cadi-foto-antigua-Flores-vol-IV-339x226.jpg 339w\" sizes=\"(max-width: 768px) 100vw, 768px\" \/>\t\t\t\t\t\t\t\t\t\t\t<figcaption class=\"widget-image-caption wp-caption-text\">Vejer de la Frontera als anys 60<\/figcaption>\n\t\t\t\t\t\t\t\t\t\t<\/figure>\n\t\t\t\t\t\t\t\t\t<\/div>\n\t\t\t\t<\/div>\n\t\t\t\t<div class=\"elementor-element elementor-element-eca2a4d elementor-widget elementor-widget-image\" data-id=\"eca2a4d\" data-element_type=\"widget\" data-e-type=\"widget\" data-widget_type=\"image.default\">\n\t\t\t\t<div class=\"elementor-widget-container\">\n\t\t\t\t\t\t\t\t\t\t\t\t<figure class=\"wp-caption\">\n\t\t\t\t\t\t\t\t\t\t<img loading=\"lazy\" decoding=\"async\" width=\"768\" height=\"511\" src=\"https:\/\/www.elturistatranquil.com\/wp-content\/uploads\/F08-Vejer-de-la-Frontera-Cadiz.jpg\" class=\"attachment-large size-large wp-image-43403\" alt=\"Vejer de la Frontera, Cadiz\" srcset=\"https:\/\/www.elturistatranquil.com\/wp-content\/uploads\/F08-Vejer-de-la-Frontera-Cadiz.jpg 768w, https:\/\/www.elturistatranquil.com\/wp-content\/uploads\/F08-Vejer-de-la-Frontera-Cadiz-339x226.jpg 339w\" sizes=\"(max-width: 768px) 100vw, 768px\" \/>\t\t\t\t\t\t\t\t\t\t\t<figcaption class=\"widget-image-caption wp-caption-text\">Vejer de la Frontera a l\u2019any 2021<\/figcaption>\n\t\t\t\t\t\t\t\t\t\t<\/figure>\n\t\t\t\t\t\t\t\t\t<\/div>\n\t\t\t\t<\/div>\n\t\t\t\t<div class=\"elementor-element elementor-element-5113c747 elementor-widget elementor-widget-heading\" data-id=\"5113c747\" data-element_type=\"widget\" data-e-type=\"widget\" data-widget_type=\"heading.default\">\n\t\t\t\t<div class=\"elementor-widget-container\">\n\t\t\t\t\t<h4 class=\"elementor-heading-title elementor-size-default\">Hazas de suerte (feixes de sort)<\/h4>\t\t\t\t<\/div>\n\t\t\t\t<\/div>\n\t\t\t\t<div class=\"elementor-element elementor-element-3f415b6 elementor-widget elementor-widget-text-editor\" data-id=\"3f415b6\" data-element_type=\"widget\" data-e-type=\"widget\" data-widget_type=\"text-editor.default\">\n\t\t\t\t<div class=\"elementor-widget-container\">\n\t\t\t\t\t\t\t\t\t<p>El primer conflicte entre el Duc de Medina Sidonia i els ve\u00efns de Vejer sorgeix quan la Casa Ducal, fent \u00fas del seu dret sobre el senyoriu, comen\u00e7a a arrendar les terres del com\u00fa.<\/p><p>La distribuci\u00f3 i aprofitament dels b\u00e9ns comunals a Vejer de la Frontera es concreta en el sorteig de les <em>hazas de suerte<\/em> \u00a0(feixes de sort). Aquestes s\u00f3n porcions de terra de labor de forma rectangular, d&#8217;unes 25 faneques, de mitjana. S\u00f3n terres de sec\u00e0.<\/p><p>En els plets que es van plantejar el 1542 i 1568, en qu\u00e8 es va arribar a mantenir aquesta figura comunal, va destacar la figura de Juan Relinque. En el recorregut per la ciutat tindrem ocasi\u00f3 de trobar-nos amb la seva pres\u00e8ncia a trav\u00e9s dels homenatges que els ve\u00efns li han dedicat.<\/p>\t\t\t\t\t\t\t\t<\/div>\n\t\t\t\t<\/div>\n\t\t\t\t<div class=\"elementor-element elementor-element-2627c22 elementor-widget elementor-widget-image\" data-id=\"2627c22\" data-element_type=\"widget\" data-e-type=\"widget\" data-widget_type=\"image.default\">\n\t\t\t\t<div class=\"elementor-widget-container\">\n\t\t\t\t\t\t\t\t\t\t\t\t<figure class=\"wp-caption\">\n\t\t\t\t\t\t\t\t\t\t<img loading=\"lazy\" decoding=\"async\" width=\"768\" height=\"512\" src=\"https:\/\/www.elturistatranquil.com\/wp-content\/uploads\/F09-Vejer-de-la-Frontera-Cadiz.jpg\" class=\"attachment-large size-large wp-image-43405\" alt=\"Vejer de la Frontera, Cadiz\" srcset=\"https:\/\/www.elturistatranquil.com\/wp-content\/uploads\/F09-Vejer-de-la-Frontera-Cadiz.jpg 768w, https:\/\/www.elturistatranquil.com\/wp-content\/uploads\/F09-Vejer-de-la-Frontera-Cadiz-339x226.jpg 339w\" sizes=\"(max-width: 768px) 100vw, 768px\" \/>\t\t\t\t\t\t\t\t\t\t\t<figcaption class=\"widget-image-caption wp-caption-text\"><\/figcaption>\n\t\t\t\t\t\t\t\t\t\t<\/figure>\n\t\t\t\t\t\t\t\t\t<\/div>\n\t\t\t\t<\/div>\n\t\t\t\t<div class=\"elementor-element elementor-element-d6c4548 elementor-widget elementor-widget-menu-anchor\" data-id=\"d6c4548\" data-element_type=\"widget\" data-e-type=\"widget\" data-widget_type=\"menu-anchor.default\">\n\t\t\t\t<div class=\"elementor-widget-container\">\n\t\t\t\t\t\t\t<div class=\"elementor-menu-anchor\" id=\"c7704\"><\/div>\n\t\t\t\t\t\t<\/div>\n\t\t\t\t<\/div>\n\t\t\t\t<div class=\"elementor-element elementor-element-8013b61 elementor-widget elementor-widget-text-editor\" data-id=\"8013b61\" data-element_type=\"widget\" data-e-type=\"widget\" data-widget_type=\"text-editor.default\">\n\t\t\t\t<div class=\"elementor-widget-container\">\n\t\t\t\t\t\t\t\t\t<p>Les feixes de la sort, igual que altres b\u00e9ns comunals, tamb\u00e9 van veure amena\u00e7ats la seva continu\u00eftat per l&#8217;aplicaci\u00f3 de les lleis desamortitzadores del segle XIX, encara que finalment no es van arribar a veure afectades.<\/p><p>La peculiaritat d\u2019aquests b\u00e9ns deriva del fet de la seva influ\u00e8ncia en l\u2019estructura socioecon\u00f2mica de la poblaci\u00f3. Per a <em>Barrag\u00e1n et al.<\/em>, els intents per evitar l&#8217;acumulaci\u00f3 de terres a les mans dels terratinents s&#8217;han dirigit, fonamentalment, cap a la consolidaci\u00f3 i estabilitzaci\u00f3 d&#8217;una classe de petits i mitjans propietaris que esmorte\u00eds les extremes difer\u00e8ncies de classe. Aix\u00f2 explicaria que no es documenta ni coneix cap tipus de moviment revolucionari jornaler a Vejer de la Frontera, dels molts que han tingut lloc al camp andal\u00fas, i en segon lloc, el fenomen migratori a penes va afectar el volum de poblaci\u00f3.<\/p><p>Per aix\u00f2, les caracter\u00edstiques peculiars d&#8217;aquests b\u00e9ns comunals no nom\u00e9s tenen una significaci\u00f3 econ\u00f2mica i social, sin\u00f3 que compleixen una funci\u00f3 simb\u00f2lica en convertir-se en un senyal d&#8217;identitat de la comunitat.<\/p>\t\t\t\t\t\t\t\t<\/div>\n\t\t\t\t<\/div>\n\t\t\t\t<div class=\"elementor-element elementor-element-a807a0d elementor-widget elementor-widget-heading\" data-id=\"a807a0d\" data-element_type=\"widget\" data-e-type=\"widget\" data-widget_type=\"heading.default\">\n\t\t\t\t<div class=\"elementor-widget-container\">\n\t\t\t\t\t<h2 class=\"elementor-heading-title elementor-size-default\">Elements d'urbanisme i arquitectura popular<\/h2>\t\t\t\t<\/div>\n\t\t\t\t<\/div>\n\t\t\t\t<div class=\"elementor-element elementor-element-942c93e elementor-widget elementor-widget-text-editor\" data-id=\"942c93e\" data-element_type=\"widget\" data-e-type=\"widget\" data-widget_type=\"text-editor.default\">\n\t\t\t\t<div class=\"elementor-widget-container\">\n\t\t\t\t\t\t\t\t\t<p>El nucli antic es localitza en dos petits turons orientats d&#8217;est a oest. Al tur\u00f3 de llevant s&#8217;assenta el recinte emmurallat, amb el castell situat a una altitud de 193 msnm.<\/p><p>L&#8217;urbanisme del recinte emmurallat i dels ravals t\u00e9 l&#8217;origen en el per\u00edode musulm\u00e0 i respon a les caracter\u00edstiques generals. Uns carrers transversals o radials, de tra\u00e7at sinu\u00f3s que enllacen les portes o entrades del recinte murat. D&#8217;elles arrenquen altres carrers secundaris, estrets que es torcen, dels quals, al seu torn, poden partir carrerons cecs, sense sortida, el fons dels quals fa de pati ve\u00efnal. El resultat s\u00f3n illes irregulars i un urbanisme que s&#8217;acostuma a qualificar de \u201claber\u00edntic\u201d. Cal tenir en compte l&#8217;orografia del terreny quan, com a Vejer, el conjunt urb\u00e0 s&#8217;escampa sobre els vessants d&#8217;un monticle.<\/p><p>Els carrers encara que no sent rectes, mantenen alineaci\u00f3 de l&#8217;edificaci\u00f3, i no es manifesten vols, reculades o elements sortints sobre l&#8217;espai p\u00fablic.<\/p><p>Tamb\u00e9 apareix sovint a la mateixa illa accessos per dos carrers diferents a diferent cota, cosa que produeix una morfologia d&#8217;edificacions esglaonades.<\/p>\t\t\t\t\t\t\t\t<\/div>\n\t\t\t\t<\/div>\n\t\t\t\t<div class=\"elementor-element elementor-element-327271d elementor-widget elementor-widget-image\" data-id=\"327271d\" data-element_type=\"widget\" data-e-type=\"widget\" data-widget_type=\"image.default\">\n\t\t\t\t<div class=\"elementor-widget-container\">\n\t\t\t\t\t\t\t\t\t\t\t\t<figure class=\"wp-caption\">\n\t\t\t\t\t\t\t\t\t\t<img loading=\"lazy\" decoding=\"async\" width=\"768\" height=\"511\" src=\"https:\/\/www.elturistatranquil.com\/wp-content\/uploads\/F10-Vejer-de-la-Frontera-Cadiz.jpg\" class=\"attachment-large size-large wp-image-43407\" alt=\"Vejer de la Frontera, Cadiz\" srcset=\"https:\/\/www.elturistatranquil.com\/wp-content\/uploads\/F10-Vejer-de-la-Frontera-Cadiz.jpg 768w, https:\/\/www.elturistatranquil.com\/wp-content\/uploads\/F10-Vejer-de-la-Frontera-Cadiz-339x226.jpg 339w\" sizes=\"(max-width: 768px) 100vw, 768px\" \/>\t\t\t\t\t\t\t\t\t\t\t<figcaption class=\"widget-image-caption wp-caption-text\"><\/figcaption>\n\t\t\t\t\t\t\t\t\t\t<\/figure>\n\t\t\t\t\t\t\t\t\t<\/div>\n\t\t\t\t<\/div>\n\t\t\t\t<div class=\"elementor-element elementor-element-58010e3 elementor-widget elementor-widget-image\" data-id=\"58010e3\" data-element_type=\"widget\" data-e-type=\"widget\" data-widget_type=\"image.default\">\n\t\t\t\t<div class=\"elementor-widget-container\">\n\t\t\t\t\t\t\t\t\t\t\t\t<figure class=\"wp-caption\">\n\t\t\t\t\t\t\t\t\t\t<img loading=\"lazy\" decoding=\"async\" width=\"768\" height=\"511\" src=\"https:\/\/www.elturistatranquil.com\/wp-content\/uploads\/F11-Vejer-de-la-Frontera-Cadiz.jpg\" class=\"attachment-large size-large wp-image-43409\" alt=\"Vejer de la Frontera, Cadiz\" srcset=\"https:\/\/www.elturistatranquil.com\/wp-content\/uploads\/F11-Vejer-de-la-Frontera-Cadiz.jpg 768w, https:\/\/www.elturistatranquil.com\/wp-content\/uploads\/F11-Vejer-de-la-Frontera-Cadiz-339x226.jpg 339w\" sizes=\"(max-width: 768px) 100vw, 768px\" \/>\t\t\t\t\t\t\t\t\t\t\t<figcaption class=\"widget-image-caption wp-caption-text\"><\/figcaption>\n\t\t\t\t\t\t\t\t\t\t<\/figure>\n\t\t\t\t\t\t\t\t\t<\/div>\n\t\t\t\t<\/div>\n\t\t\t\t<div class=\"elementor-element elementor-element-7fa0384 elementor-widget elementor-widget-image\" data-id=\"7fa0384\" data-element_type=\"widget\" data-e-type=\"widget\" data-widget_type=\"image.default\">\n\t\t\t\t<div class=\"elementor-widget-container\">\n\t\t\t\t\t\t\t\t\t\t\t\t<figure class=\"wp-caption\">\n\t\t\t\t\t\t\t\t\t\t<img loading=\"lazy\" decoding=\"async\" width=\"768\" height=\"511\" src=\"https:\/\/www.elturistatranquil.com\/wp-content\/uploads\/F12-Vejer-de-la-Frontera-Cadiz.jpg\" class=\"attachment-large size-large wp-image-43411\" alt=\"Vejer de la Frontera, Cadiz\" srcset=\"https:\/\/www.elturistatranquil.com\/wp-content\/uploads\/F12-Vejer-de-la-Frontera-Cadiz.jpg 768w, https:\/\/www.elturistatranquil.com\/wp-content\/uploads\/F12-Vejer-de-la-Frontera-Cadiz-339x226.jpg 339w\" sizes=\"(max-width: 768px) 100vw, 768px\" \/>\t\t\t\t\t\t\t\t\t\t\t<figcaption class=\"widget-image-caption wp-caption-text\"><\/figcaption>\n\t\t\t\t\t\t\t\t\t\t<\/figure>\n\t\t\t\t\t\t\t\t\t<\/div>\n\t\t\t\t<\/div>\n\t\t\t\t<div class=\"elementor-element elementor-element-49e5efd elementor-widget elementor-widget-image\" data-id=\"49e5efd\" data-element_type=\"widget\" data-e-type=\"widget\" data-widget_type=\"image.default\">\n\t\t\t\t<div class=\"elementor-widget-container\">\n\t\t\t\t\t\t\t\t\t\t\t\t<figure class=\"wp-caption\">\n\t\t\t\t\t\t\t\t\t\t<img loading=\"lazy\" decoding=\"async\" width=\"768\" height=\"511\" src=\"https:\/\/www.elturistatranquil.com\/wp-content\/uploads\/F13-Vejer-de-la-Frontera-Cadiz.jpg\" class=\"attachment-large size-large wp-image-43413\" alt=\"Vejer de la Frontera, Cadiz\" srcset=\"https:\/\/www.elturistatranquil.com\/wp-content\/uploads\/F13-Vejer-de-la-Frontera-Cadiz.jpg 768w, https:\/\/www.elturistatranquil.com\/wp-content\/uploads\/F13-Vejer-de-la-Frontera-Cadiz-339x226.jpg 339w\" sizes=\"(max-width: 768px) 100vw, 768px\" \/>\t\t\t\t\t\t\t\t\t\t\t<figcaption class=\"widget-image-caption wp-caption-text\"><\/figcaption>\n\t\t\t\t\t\t\t\t\t\t<\/figure>\n\t\t\t\t\t\t\t\t\t<\/div>\n\t\t\t\t<\/div>\n\t\t\t\t<div class=\"elementor-element elementor-element-bf85c26 elementor-widget elementor-widget-text-editor\" data-id=\"bf85c26\" data-element_type=\"widget\" data-e-type=\"widget\" data-widget_type=\"text-editor.default\">\n\t\t\t\t<div class=\"elementor-widget-container\">\n\t\t\t\t\t\t\t\t\t<p>Les bifurcacions s\u00f3n t\u00edpiques de l&#8217;entramat viari. En aquests exemples veiem com s\u00f3n funcionals a la topografia del terreny.<\/p>\t\t\t\t\t\t\t\t<\/div>\n\t\t\t\t<\/div>\n\t\t\t\t<div class=\"elementor-element elementor-element-004f8ca elementor-widget elementor-widget-image\" data-id=\"004f8ca\" data-element_type=\"widget\" data-e-type=\"widget\" data-widget_type=\"image.default\">\n\t\t\t\t<div class=\"elementor-widget-container\">\n\t\t\t\t\t\t\t\t\t\t\t\t<figure class=\"wp-caption\">\n\t\t\t\t\t\t\t\t\t\t<img loading=\"lazy\" decoding=\"async\" width=\"768\" height=\"511\" src=\"https:\/\/www.elturistatranquil.com\/wp-content\/uploads\/F14-Vejer-de-la-Frontera-Cadiz.jpg\" class=\"attachment-large size-large wp-image-43415\" alt=\"Vejer de la Frontera, Cadiz\" srcset=\"https:\/\/www.elturistatranquil.com\/wp-content\/uploads\/F14-Vejer-de-la-Frontera-Cadiz.jpg 768w, https:\/\/www.elturistatranquil.com\/wp-content\/uploads\/F14-Vejer-de-la-Frontera-Cadiz-339x226.jpg 339w\" sizes=\"(max-width: 768px) 100vw, 768px\" \/>\t\t\t\t\t\t\t\t\t\t\t<figcaption class=\"widget-image-caption wp-caption-text\"><\/figcaption>\n\t\t\t\t\t\t\t\t\t\t<\/figure>\n\t\t\t\t\t\t\t\t\t<\/div>\n\t\t\t\t<\/div>\n\t\t\t\t<div class=\"elementor-element elementor-element-a805e05 elementor-widget elementor-widget-image\" data-id=\"a805e05\" data-element_type=\"widget\" data-e-type=\"widget\" data-widget_type=\"image.default\">\n\t\t\t\t<div class=\"elementor-widget-container\">\n\t\t\t\t\t\t\t\t\t\t\t\t<figure class=\"wp-caption\">\n\t\t\t\t\t\t\t\t\t\t<img loading=\"lazy\" decoding=\"async\" width=\"768\" height=\"511\" src=\"https:\/\/www.elturistatranquil.com\/wp-content\/uploads\/F15-Vejer-de-la-Frontera-Cadiz.jpg\" class=\"attachment-large size-large wp-image-43417\" alt=\"Vejer de la Frontera, Cadiz\" srcset=\"https:\/\/www.elturistatranquil.com\/wp-content\/uploads\/F15-Vejer-de-la-Frontera-Cadiz.jpg 768w, https:\/\/www.elturistatranquil.com\/wp-content\/uploads\/F15-Vejer-de-la-Frontera-Cadiz-339x226.jpg 339w\" sizes=\"(max-width: 768px) 100vw, 768px\" \/>\t\t\t\t\t\t\t\t\t\t\t<figcaption class=\"widget-image-caption wp-caption-text\"><\/figcaption>\n\t\t\t\t\t\t\t\t\t\t<\/figure>\n\t\t\t\t\t\t\t\t\t<\/div>\n\t\t\t\t<\/div>\n\t\t\t\t<div class=\"elementor-element elementor-element-1b45365 elementor-widget elementor-widget-text-editor\" data-id=\"1b45365\" data-element_type=\"widget\" data-e-type=\"widget\" data-widget_type=\"text-editor.default\">\n\t\t\t\t<div class=\"elementor-widget-container\">\n\t\t\t\t\t\t\t\t\t<p>Els arcs i els arquets parlen tamb\u00e9 de l&#8217;origen isl\u00e0mic.<\/p>\t\t\t\t\t\t\t\t<\/div>\n\t\t\t\t<\/div>\n\t\t\t\t<div class=\"elementor-element elementor-element-a065e3b elementor-widget elementor-widget-image\" data-id=\"a065e3b\" data-element_type=\"widget\" data-e-type=\"widget\" data-widget_type=\"image.default\">\n\t\t\t\t<div class=\"elementor-widget-container\">\n\t\t\t\t\t\t\t\t\t\t\t\t<figure class=\"wp-caption\">\n\t\t\t\t\t\t\t\t\t\t<img loading=\"lazy\" decoding=\"async\" width=\"768\" height=\"511\" src=\"https:\/\/www.elturistatranquil.com\/wp-content\/uploads\/F16-Vejer-de-la-Frontera-Cadiz.jpg\" class=\"attachment-large size-large wp-image-43419\" alt=\"Vejer de la Frontera, Cadiz\" srcset=\"https:\/\/www.elturistatranquil.com\/wp-content\/uploads\/F16-Vejer-de-la-Frontera-Cadiz.jpg 768w, https:\/\/www.elturistatranquil.com\/wp-content\/uploads\/F16-Vejer-de-la-Frontera-Cadiz-339x226.jpg 339w\" sizes=\"(max-width: 768px) 100vw, 768px\" \/>\t\t\t\t\t\t\t\t\t\t\t<figcaption class=\"widget-image-caption wp-caption-text\"><\/figcaption>\n\t\t\t\t\t\t\t\t\t\t<\/figure>\n\t\t\t\t\t\t\t\t\t<\/div>\n\t\t\t\t<\/div>\n\t\t\t\t<div class=\"elementor-element elementor-element-7443d51 elementor-widget elementor-widget-text-editor\" data-id=\"7443d51\" data-element_type=\"widget\" data-e-type=\"widget\" data-widget_type=\"text-editor.default\">\n\t\t\t\t<div class=\"elementor-widget-container\">\n\t\t\t\t\t\t\t\t\t<p>De les tipologies andaluses de cobertes de teula i de terrat, Vejer de la Frontera s&#8217;inclou al grup de les de terrassa amb rajola accessible des de l&#8217;interior, i utilitzada com a sortida moltes vegades enjardinada o com a zona d&#8217;estenedor per assecar la bugada. Mentre que els accessos a les terrasses poden estar coberts per teulades de teula corba.<\/p><p>El resultat \u00e9s un conjunt \u201cc\u00fabic\u201d d&#8217;edificis amalgamats.<\/p>\t\t\t\t\t\t\t\t<\/div>\n\t\t\t\t<\/div>\n\t\t\t\t<div class=\"elementor-element elementor-element-b0ce4fa elementor-widget elementor-widget-image\" data-id=\"b0ce4fa\" data-element_type=\"widget\" data-e-type=\"widget\" data-widget_type=\"image.default\">\n\t\t\t\t<div class=\"elementor-widget-container\">\n\t\t\t\t\t\t\t\t\t\t\t\t<figure class=\"wp-caption\">\n\t\t\t\t\t\t\t\t\t\t<img loading=\"lazy\" decoding=\"async\" width=\"768\" height=\"512\" src=\"https:\/\/www.elturistatranquil.com\/wp-content\/uploads\/F17-Vejer-de-la-Frontera-Cadiz.jpg\" class=\"attachment-large size-large wp-image-43421\" alt=\"Vejer de la Frontera, Cadiz\" srcset=\"https:\/\/www.elturistatranquil.com\/wp-content\/uploads\/F17-Vejer-de-la-Frontera-Cadiz.jpg 768w, https:\/\/www.elturistatranquil.com\/wp-content\/uploads\/F17-Vejer-de-la-Frontera-Cadiz-339x226.jpg 339w\" sizes=\"(max-width: 768px) 100vw, 768px\" \/>\t\t\t\t\t\t\t\t\t\t\t<figcaption class=\"widget-image-caption wp-caption-text\"><\/figcaption>\n\t\t\t\t\t\t\t\t\t\t<\/figure>\n\t\t\t\t\t\t\t\t\t<\/div>\n\t\t\t\t<\/div>\n\t\t\t\t<div class=\"elementor-element elementor-element-181d16f elementor-widget elementor-widget-text-editor\" data-id=\"181d16f\" data-element_type=\"widget\" data-e-type=\"widget\" data-widget_type=\"text-editor.default\">\n\t\t\t\t<div class=\"elementor-widget-container\">\n\t\t\t\t\t\t\t\t\t<p>Com s&#8217;ha anat veient a les fotografies anteriors, ens trobem amb un element t\u00edpic de l&#8217;arquitectura, popular andalusa, el regnat de la cal\u00e7.<\/p><p>Suposo que les normes urban\u00edstiques han d&#8217;obligar a mantenir el color blanc de les fa\u00e7anes dels edificis, que en fa <strong>pobles blancs<\/strong>.<\/p><p>Si prestem atenci\u00f3 a les perspectives generals d&#8217;aquestes localitats (com tamb\u00e9 podem observar a <a href=\"https:\/\/www.elturistatranquil.com\/ca\/conil-de-la-frontera-cadis\/\" target=\"_blank\" rel=\"noopener\">Conil de la Frontera<\/a>, <a href=\"https:\/\/www.elturistatranquil.com\/ca\/mojacar-i-museu-casa-de-la-canana-almeria\/\" target=\"_blank\" rel=\"noopener\">Moj\u00e1car<\/a>, <a href=\"https:\/\/www.elturistatranquil.com\/ca\/parc-natural-del-cabo-de-gata-nijar-almeria\/\" target=\"_blank\" rel=\"noopener\">Cabo de Gata<\/a>, <a href=\"https:\/\/www.elturistatranquil.com\/ca\/montefrio-granada\/\" target=\"_blank\" rel=\"noopener\">Montefr\u00edo<\/a> o <a href=\"https:\/\/www.elturistatranquil.com\/ca\/almedinilla\/\" target=\"_blank\" rel=\"noopener\">Almedinilla<\/a>. presentades en aquest <em>Blog<\/em>), constatem que la uniformitat del blanc atorga homogene\u00eftat i bellesa al conjunt, dissimulant la incorporaci\u00f3 d\u2019edificis m\u00e9s recents d\u2019arquitectura anodina desvinculada de l\u2019arquitectura tradicional, i amb volumetries desmesurades en relaci\u00f3 al conjunt.<\/p>\t\t\t\t\t\t\t\t<\/div>\n\t\t\t\t<\/div>\n\t\t\t\t<div class=\"elementor-element elementor-element-5ca0736 elementor-widget elementor-widget-image\" data-id=\"5ca0736\" data-element_type=\"widget\" data-e-type=\"widget\" data-widget_type=\"image.default\">\n\t\t\t\t<div class=\"elementor-widget-container\">\n\t\t\t\t\t\t\t\t\t\t\t\t<figure class=\"wp-caption\">\n\t\t\t\t\t\t\t\t\t\t<img loading=\"lazy\" decoding=\"async\" width=\"768\" height=\"512\" src=\"https:\/\/www.elturistatranquil.com\/wp-content\/uploads\/F18-Vejer-de-la-Frontera-Cadiz.jpg\" class=\"attachment-large size-large wp-image-43423\" alt=\"Vejer de la Frontera, Cadiz\" srcset=\"https:\/\/www.elturistatranquil.com\/wp-content\/uploads\/F18-Vejer-de-la-Frontera-Cadiz.jpg 768w, https:\/\/www.elturistatranquil.com\/wp-content\/uploads\/F18-Vejer-de-la-Frontera-Cadiz-339x226.jpg 339w\" sizes=\"(max-width: 768px) 100vw, 768px\" \/>\t\t\t\t\t\t\t\t\t\t\t<figcaption class=\"widget-image-caption wp-caption-text\"><\/figcaption>\n\t\t\t\t\t\t\t\t\t\t<\/figure>\n\t\t\t\t\t\t\t\t\t<\/div>\n\t\t\t\t<\/div>\n\t\t\t\t<div class=\"elementor-element elementor-element-218877a elementor-widget elementor-widget-text-editor\" data-id=\"218877a\" data-element_type=\"widget\" data-e-type=\"widget\" data-widget_type=\"text-editor.default\">\n\t\t\t\t<div class=\"elementor-widget-container\">\n\t\t\t\t\t\t\t\t\t<p>Per a Carlos Flores (vol. IV, p. 55) \u201cLes reixes a nivell de carrer -amb pedr\u00eds que exteriorment serveix com a s\u00f2col i interiorment constitueix un efica\u00e7 seient- suposen una alternativa a la casa \u00e0rab introvertida, tancada a l&#8217;exterior i oberta nom\u00e9s cap a si mateixa, mostrant b\u00e9 a les clares que, a difer\u00e8ncia dels seus avantpassats \u00e0rabs, l&#8217;andal\u00fas de les darreres cent\u00faries se sent interessat pel que li pot oferir l&#8217;escena urbana.\u201d<\/p><p>A m\u00e9s del pedr\u00eds, les reixes es cobreixen per un guardapols superior.<\/p>\t\t\t\t\t\t\t\t<\/div>\n\t\t\t\t<\/div>\n\t\t\t\t<div class=\"elementor-element elementor-element-995bbfd elementor-widget elementor-widget-image\" data-id=\"995bbfd\" data-element_type=\"widget\" data-e-type=\"widget\" data-widget_type=\"image.default\">\n\t\t\t\t<div class=\"elementor-widget-container\">\n\t\t\t\t\t\t\t\t\t\t\t\t<figure class=\"wp-caption\">\n\t\t\t\t\t\t\t\t\t\t<img loading=\"lazy\" decoding=\"async\" width=\"768\" height=\"512\" src=\"https:\/\/www.elturistatranquil.com\/wp-content\/uploads\/F19-Vejer-de-la-Frontera-Cadiz.jpg\" class=\"attachment-large size-large wp-image-43425\" alt=\"Vejer de la Frontera, Cadiz\" srcset=\"https:\/\/www.elturistatranquil.com\/wp-content\/uploads\/F19-Vejer-de-la-Frontera-Cadiz.jpg 768w, https:\/\/www.elturistatranquil.com\/wp-content\/uploads\/F19-Vejer-de-la-Frontera-Cadiz-339x226.jpg 339w\" sizes=\"(max-width: 768px) 100vw, 768px\" \/>\t\t\t\t\t\t\t\t\t\t\t<figcaption class=\"widget-image-caption wp-caption-text\"><\/figcaption>\n\t\t\t\t\t\t\t\t\t\t<\/figure>\n\t\t\t\t\t\t\t\t\t<\/div>\n\t\t\t\t<\/div>\n\t\t\t\t<div class=\"elementor-element elementor-element-30c7d93 elementor-widget elementor-widget-image\" data-id=\"30c7d93\" data-element_type=\"widget\" data-e-type=\"widget\" data-widget_type=\"image.default\">\n\t\t\t\t<div class=\"elementor-widget-container\">\n\t\t\t\t\t\t\t\t\t\t\t\t<figure class=\"wp-caption\">\n\t\t\t\t\t\t\t\t\t\t<img loading=\"lazy\" decoding=\"async\" width=\"768\" height=\"511\" src=\"https:\/\/www.elturistatranquil.com\/wp-content\/uploads\/F20-Vejer-de-la-Frontera-Cadiz.jpg\" class=\"attachment-large size-large wp-image-43427\" alt=\"Vejer de la Frontera, Cadiz\" srcset=\"https:\/\/www.elturistatranquil.com\/wp-content\/uploads\/F20-Vejer-de-la-Frontera-Cadiz.jpg 768w, https:\/\/www.elturistatranquil.com\/wp-content\/uploads\/F20-Vejer-de-la-Frontera-Cadiz-339x226.jpg 339w\" sizes=\"(max-width: 768px) 100vw, 768px\" \/>\t\t\t\t\t\t\t\t\t\t\t<figcaption class=\"widget-image-caption wp-caption-text\"><\/figcaption>\n\t\t\t\t\t\t\t\t\t\t<\/figure>\n\t\t\t\t\t\t\t\t\t<\/div>\n\t\t\t\t<\/div>\n\t\t\t\t<div class=\"elementor-element elementor-element-09152e1 elementor-widget elementor-widget-image\" data-id=\"09152e1\" data-element_type=\"widget\" data-e-type=\"widget\" data-widget_type=\"image.default\">\n\t\t\t\t<div class=\"elementor-widget-container\">\n\t\t\t\t\t\t\t\t\t\t\t\t<figure class=\"wp-caption\">\n\t\t\t\t\t\t\t\t\t\t<img loading=\"lazy\" decoding=\"async\" width=\"768\" height=\"512\" src=\"https:\/\/www.elturistatranquil.com\/wp-content\/uploads\/F21-Vejer-de-la-Frontera-Cadiz.jpg\" class=\"attachment-large size-large wp-image-43429\" alt=\"Vejer de la Frontera, Cadiz\" srcset=\"https:\/\/www.elturistatranquil.com\/wp-content\/uploads\/F21-Vejer-de-la-Frontera-Cadiz.jpg 768w, https:\/\/www.elturistatranquil.com\/wp-content\/uploads\/F21-Vejer-de-la-Frontera-Cadiz-339x226.jpg 339w\" sizes=\"(max-width: 768px) 100vw, 768px\" \/>\t\t\t\t\t\t\t\t\t\t\t<figcaption class=\"widget-image-caption wp-caption-text\"><\/figcaption>\n\t\t\t\t\t\t\t\t\t\t<\/figure>\n\t\t\t\t\t\t\t\t\t<\/div>\n\t\t\t\t<\/div>\n\t\t\t\t<div class=\"elementor-element elementor-element-e82bd56 elementor-widget elementor-widget-text-editor\" data-id=\"e82bd56\" data-element_type=\"widget\" data-e-type=\"widget\" data-widget_type=\"text-editor.default\">\n\t\t\t\t<div class=\"elementor-widget-container\">\n\t\t\t\t\t\t\t\t\t<p>La llum i la ventilaci\u00f3 de la resta d&#8217;habitacions es produeix a trav\u00e9s de petites finestretes enreixades, que es distribueixen a les fa\u00e7anes de manera funcional a la distribuci\u00f3 interior de l&#8217;habitatge, oferint a l&#8217;exterior la imatge d&#8217;un escaquer irregular de gran bellesa est\u00e8tica.<\/p><p>La cultura de l&#8217;espart pot ser encara usada com a cobriment de portes i finestres.<\/p>\t\t\t\t\t\t\t\t<\/div>\n\t\t\t\t<\/div>\n\t\t\t\t<div class=\"elementor-element elementor-element-3c17126 elementor-widget elementor-widget-image\" data-id=\"3c17126\" data-element_type=\"widget\" data-e-type=\"widget\" data-widget_type=\"image.default\">\n\t\t\t\t<div class=\"elementor-widget-container\">\n\t\t\t\t\t\t\t\t\t\t\t\t<figure class=\"wp-caption\">\n\t\t\t\t\t\t\t\t\t\t<img loading=\"lazy\" decoding=\"async\" width=\"768\" height=\"511\" src=\"https:\/\/www.elturistatranquil.com\/wp-content\/uploads\/F22-Vejer-de-la-Frontera-Cadiz.jpg\" class=\"attachment-large size-large wp-image-43431\" alt=\"Vejer de la Frontera, Cadiz\" srcset=\"https:\/\/www.elturistatranquil.com\/wp-content\/uploads\/F22-Vejer-de-la-Frontera-Cadiz.jpg 768w, https:\/\/www.elturistatranquil.com\/wp-content\/uploads\/F22-Vejer-de-la-Frontera-Cadiz-339x226.jpg 339w\" sizes=\"(max-width: 768px) 100vw, 768px\" \/>\t\t\t\t\t\t\t\t\t\t\t<figcaption class=\"widget-image-caption wp-caption-text\"><\/figcaption>\n\t\t\t\t\t\t\t\t\t\t<\/figure>\n\t\t\t\t\t\t\t\t\t<\/div>\n\t\t\t\t<\/div>\n\t\t\t\t<div class=\"elementor-element elementor-element-1b318b5 elementor-widget elementor-widget-image\" data-id=\"1b318b5\" data-element_type=\"widget\" data-e-type=\"widget\" data-widget_type=\"image.default\">\n\t\t\t\t<div class=\"elementor-widget-container\">\n\t\t\t\t\t\t\t\t\t\t\t\t<figure class=\"wp-caption\">\n\t\t\t\t\t\t\t\t\t\t<img loading=\"lazy\" decoding=\"async\" width=\"768\" height=\"511\" src=\"https:\/\/www.elturistatranquil.com\/wp-content\/uploads\/F23-Vejer-de-la-Frontera-Cadiz.jpg\" class=\"attachment-large size-large wp-image-43433\" alt=\"Vejer de la Frontera, Cadiz\" srcset=\"https:\/\/www.elturistatranquil.com\/wp-content\/uploads\/F23-Vejer-de-la-Frontera-Cadiz.jpg 768w, https:\/\/www.elturistatranquil.com\/wp-content\/uploads\/F23-Vejer-de-la-Frontera-Cadiz-339x226.jpg 339w\" sizes=\"(max-width: 768px) 100vw, 768px\" \/>\t\t\t\t\t\t\t\t\t\t\t<figcaption class=\"widget-image-caption wp-caption-text\"><\/figcaption>\n\t\t\t\t\t\t\t\t\t\t<\/figure>\n\t\t\t\t\t\t\t\t\t<\/div>\n\t\t\t\t<\/div>\n\t\t\t\t<div class=\"elementor-element elementor-element-57d6e42 elementor-widget elementor-widget-text-editor\" data-id=\"57d6e42\" data-element_type=\"widget\" data-e-type=\"widget\" data-widget_type=\"text-editor.default\">\n\t\t\t\t<div class=\"elementor-widget-container\">\n\t\t\t\t\t\t\t\t\t<p>Un dels elements de la casa gaditana que es reflecteixen a Vejer \u00e9s el pati. Poden ser patis com a centre de l&#8217;habitatge unifamiliar, o com a espai com\u00fa a diversos habitatges o corrals, als quals s&#8217;accedeix a trav\u00e9s d&#8217;un vest\u00edbul. Solen ser de dues altures, amb els acabats molt sobris.<\/p>\t\t\t\t\t\t\t\t<\/div>\n\t\t\t\t<\/div>\n\t\t\t\t<div class=\"elementor-element elementor-element-bfdfa14 elementor-widget elementor-widget-image\" data-id=\"bfdfa14\" data-element_type=\"widget\" data-e-type=\"widget\" data-widget_type=\"image.default\">\n\t\t\t\t<div class=\"elementor-widget-container\">\n\t\t\t\t\t\t\t\t\t\t\t\t<figure class=\"wp-caption\">\n\t\t\t\t\t\t\t\t\t\t<img loading=\"lazy\" decoding=\"async\" width=\"768\" height=\"511\" src=\"https:\/\/www.elturistatranquil.com\/wp-content\/uploads\/F24-Vejer-de-la-Frontera-Cadiz.jpg\" class=\"attachment-large size-large wp-image-43435\" alt=\"Vejer de la Frontera, Cadiz\" srcset=\"https:\/\/www.elturistatranquil.com\/wp-content\/uploads\/F24-Vejer-de-la-Frontera-Cadiz.jpg 768w, https:\/\/www.elturistatranquil.com\/wp-content\/uploads\/F24-Vejer-de-la-Frontera-Cadiz-339x226.jpg 339w\" sizes=\"(max-width: 768px) 100vw, 768px\" \/>\t\t\t\t\t\t\t\t\t\t\t<figcaption class=\"widget-image-caption wp-caption-text\"><\/figcaption>\n\t\t\t\t\t\t\t\t\t\t<\/figure>\n\t\t\t\t\t\t\t\t\t<\/div>\n\t\t\t\t<\/div>\n\t\t\t\t<div class=\"elementor-element elementor-element-db100b9 elementor-widget elementor-widget-image\" data-id=\"db100b9\" data-element_type=\"widget\" data-e-type=\"widget\" data-widget_type=\"image.default\">\n\t\t\t\t<div class=\"elementor-widget-container\">\n\t\t\t\t\t\t\t\t\t\t\t\t<figure class=\"wp-caption\">\n\t\t\t\t\t\t\t\t\t\t<img loading=\"lazy\" decoding=\"async\" width=\"768\" height=\"512\" src=\"https:\/\/www.elturistatranquil.com\/wp-content\/uploads\/F25-Vejer-de-la-Frontera-Cadiz.jpg\" class=\"attachment-large size-large wp-image-43437\" alt=\"Vejer de la Frontera, Cadiz\" srcset=\"https:\/\/www.elturistatranquil.com\/wp-content\/uploads\/F25-Vejer-de-la-Frontera-Cadiz.jpg 768w, https:\/\/www.elturistatranquil.com\/wp-content\/uploads\/F25-Vejer-de-la-Frontera-Cadiz-339x226.jpg 339w\" sizes=\"(max-width: 768px) 100vw, 768px\" \/>\t\t\t\t\t\t\t\t\t\t\t<figcaption class=\"widget-image-caption wp-caption-text\"><\/figcaption>\n\t\t\t\t\t\t\t\t\t\t<\/figure>\n\t\t\t\t\t\t\t\t\t<\/div>\n\t\t\t\t<\/div>\n\t\t\t\t<div class=\"elementor-element elementor-element-1245f55 elementor-widget elementor-widget-menu-anchor\" data-id=\"1245f55\" data-element_type=\"widget\" data-e-type=\"widget\" data-widget_type=\"menu-anchor.default\">\n\t\t\t\t<div class=\"elementor-widget-container\">\n\t\t\t\t\t\t\t<div class=\"elementor-menu-anchor\" id=\"c7705\"><\/div>\n\t\t\t\t\t\t<\/div>\n\t\t\t\t<\/div>\n\t\t\t\t<div class=\"elementor-element elementor-element-b0bfa34 elementor-widget elementor-widget-image\" data-id=\"b0bfa34\" data-element_type=\"widget\" data-e-type=\"widget\" data-widget_type=\"image.default\">\n\t\t\t\t<div class=\"elementor-widget-container\">\n\t\t\t\t\t\t\t\t\t\t\t\t<figure class=\"wp-caption\">\n\t\t\t\t\t\t\t\t\t\t<img loading=\"lazy\" decoding=\"async\" width=\"768\" height=\"511\" src=\"https:\/\/www.elturistatranquil.com\/wp-content\/uploads\/F26-Vejer-de-la-Frontera-Cadiz.jpg\" class=\"attachment-large size-large wp-image-43442\" alt=\"Vejer de la Frontera, Cadiz\" srcset=\"https:\/\/www.elturistatranquil.com\/wp-content\/uploads\/F26-Vejer-de-la-Frontera-Cadiz.jpg 768w, https:\/\/www.elturistatranquil.com\/wp-content\/uploads\/F26-Vejer-de-la-Frontera-Cadiz-339x226.jpg 339w\" sizes=\"(max-width: 768px) 100vw, 768px\" \/>\t\t\t\t\t\t\t\t\t\t\t<figcaption class=\"widget-image-caption wp-caption-text\"><\/figcaption>\n\t\t\t\t\t\t\t\t\t\t<\/figure>\n\t\t\t\t\t\t\t\t\t<\/div>\n\t\t\t\t<\/div>\n\t\t\t\t<div class=\"elementor-element elementor-element-2298f1c elementor-widget elementor-widget-heading\" data-id=\"2298f1c\" data-element_type=\"widget\" data-e-type=\"widget\" data-widget_type=\"heading.default\">\n\t\t\t\t<div class=\"elementor-widget-container\">\n\t\t\t\t\t<h2 class=\"elementor-heading-title elementor-size-default\">La visita a Vejer de la Frontera<\/h2>\t\t\t\t<\/div>\n\t\t\t\t<\/div>\n\t\t\t\t<div class=\"elementor-element elementor-element-5a2849f elementor-widget elementor-widget-text-editor\" data-id=\"5a2849f\" data-element_type=\"widget\" data-e-type=\"widget\" data-widget_type=\"text-editor.default\">\n\t\t\t\t<div class=\"elementor-widget-container\">\n\t\t\t\t\t\t\t\t\t<p>La visita la farem en dos recorreguts. El primer, seguint el tra\u00e7at de la muralla des de l&#8217;arc de Santa Catalina, fins a tornar a aquest punt. El segon recorregut continuar\u00e0 endinsar-nos al nucli hist\u00f2ric. Finalitzat el passeig per la ciutat, ens despla\u00e7arem a una de les zones de molins de vent.<\/p><p>El tra\u00e7at en vermell representa una delimitaci\u00f3 estimada del recinte emmurallat, dibuixat seguint les traces que encara perviuen.<\/p>\t\t\t\t\t\t\t\t<\/div>\n\t\t\t\t<\/div>\n\t\t\t\t<div class=\"elementor-element elementor-element-3c021cc elementor-widget elementor-widget-image\" data-id=\"3c021cc\" data-element_type=\"widget\" data-e-type=\"widget\" data-widget_type=\"image.default\">\n\t\t\t\t<div class=\"elementor-widget-container\">\n\t\t\t\t\t\t\t\t\t\t\t\t<figure class=\"wp-caption\">\n\t\t\t\t\t\t\t\t\t\t<img loading=\"lazy\" decoding=\"async\" width=\"768\" height=\"511\" src=\"https:\/\/www.elturistatranquil.com\/wp-content\/uploads\/F27-Muralla-Vejer-de-la-Frontera-Cadiz-Google-earth-2022-10-1.jpg\" class=\"attachment-large size-large wp-image-43444\" alt=\"Muralla, Vejer de la Frontera, Cadiz (Google earth 2022-10-1\" srcset=\"https:\/\/www.elturistatranquil.com\/wp-content\/uploads\/F27-Muralla-Vejer-de-la-Frontera-Cadiz-Google-earth-2022-10-1.jpg 768w, https:\/\/www.elturistatranquil.com\/wp-content\/uploads\/F27-Muralla-Vejer-de-la-Frontera-Cadiz-Google-earth-2022-10-1-339x226.jpg 339w\" sizes=\"(max-width: 768px) 100vw, 768px\" \/>\t\t\t\t\t\t\t\t\t\t\t<figcaption class=\"widget-image-caption wp-caption-text\">(Google earth 2022-10-13)<\/figcaption>\n\t\t\t\t\t\t\t\t\t\t<\/figure>\n\t\t\t\t\t\t\t\t\t<\/div>\n\t\t\t\t<\/div>\n\t\t\t\t<div class=\"elementor-element elementor-element-61ce434 elementor-widget elementor-widget-image\" data-id=\"61ce434\" data-element_type=\"widget\" data-e-type=\"widget\" data-widget_type=\"image.default\">\n\t\t\t\t<div class=\"elementor-widget-container\">\n\t\t\t\t\t\t\t\t\t\t\t\t<figure class=\"wp-caption\">\n\t\t\t\t\t\t\t\t\t\t<img loading=\"lazy\" decoding=\"async\" width=\"768\" height=\"512\" src=\"https:\/\/www.elturistatranquil.com\/wp-content\/uploads\/F28-Vejer-de-la-Frontera-Cadiz-Google-earth-2022-10-21.jpg\" class=\"attachment-large size-large wp-image-43449\" alt=\"Vejer de la Frontera, Cadiz (Google earth 2022-10-21)\" srcset=\"https:\/\/www.elturistatranquil.com\/wp-content\/uploads\/F28-Vejer-de-la-Frontera-Cadiz-Google-earth-2022-10-21.jpg 768w, https:\/\/www.elturistatranquil.com\/wp-content\/uploads\/F28-Vejer-de-la-Frontera-Cadiz-Google-earth-2022-10-21-339x226.jpg 339w\" sizes=\"(max-width: 768px) 100vw, 768px\" \/>\t\t\t\t\t\t\t\t\t\t\t<figcaption class=\"widget-image-caption wp-caption-text\">Muralla, castell i llocs monumentals (Google maps 2022-10-20)<\/figcaption>\n\t\t\t\t\t\t\t\t\t\t<\/figure>\n\t\t\t\t\t\t\t\t\t<\/div>\n\t\t\t\t<\/div>\n\t\t\t\t<div class=\"elementor-element elementor-element-e4b55b8 elementor-widget elementor-widget-text-editor\" data-id=\"e4b55b8\" data-element_type=\"widget\" data-e-type=\"widget\" data-widget_type=\"text-editor.default\">\n\t\t\t\t<div class=\"elementor-widget-container\">\n\t\t\t\t\t\t\t\t\t<p>Un cop aparcat el cotxe al p\u00e0rquing de la <strong>pla\u00e7a de la Paz<\/strong> (<strong>PK<\/strong>), iniciem el recorregut per la ciutat, per la qual cosa haurem de pujar fins a dalt del tur\u00f3 pel <strong>carrer Almaraz<\/strong>.<\/p><p>Se&#8217;ns ofereixen les primeres imatges del caseriu a les seves fa\u00e7anes \u201cc\u00fabiques\u201d irregulars i en la seva perspectiva de conjunt bigarrat de la part de l&#8217;eixample sobre el segon tur\u00f3.<\/p>\t\t\t\t\t\t\t\t<\/div>\n\t\t\t\t<\/div>\n\t\t\t\t<div class=\"elementor-element elementor-element-534fef7 elementor-widget elementor-widget-image\" data-id=\"534fef7\" data-element_type=\"widget\" data-e-type=\"widget\" data-widget_type=\"image.default\">\n\t\t\t\t<div class=\"elementor-widget-container\">\n\t\t\t\t\t\t\t\t\t\t\t\t<figure class=\"wp-caption\">\n\t\t\t\t\t\t\t\t\t\t<img loading=\"lazy\" decoding=\"async\" width=\"768\" height=\"511\" src=\"https:\/\/www.elturistatranquil.com\/wp-content\/uploads\/F29-Vejer-de-la-Frontera-Cadiz.jpg\" class=\"attachment-large size-large wp-image-43454\" alt=\"Vejer de la Frontera, Cadiz\" srcset=\"https:\/\/www.elturistatranquil.com\/wp-content\/uploads\/F29-Vejer-de-la-Frontera-Cadiz.jpg 768w, https:\/\/www.elturistatranquil.com\/wp-content\/uploads\/F29-Vejer-de-la-Frontera-Cadiz-339x226.jpg 339w\" sizes=\"(max-width: 768px) 100vw, 768px\" \/>\t\t\t\t\t\t\t\t\t\t\t<figcaption class=\"widget-image-caption wp-caption-text\"><\/figcaption>\n\t\t\t\t\t\t\t\t\t\t<\/figure>\n\t\t\t\t\t\t\t\t\t<\/div>\n\t\t\t\t<\/div>\n\t\t\t\t<div class=\"elementor-element elementor-element-4417ef5 elementor-widget elementor-widget-image\" data-id=\"4417ef5\" data-element_type=\"widget\" data-e-type=\"widget\" data-widget_type=\"image.default\">\n\t\t\t\t<div class=\"elementor-widget-container\">\n\t\t\t\t\t\t\t\t\t\t\t\t<figure class=\"wp-caption\">\n\t\t\t\t\t\t\t\t\t\t<img loading=\"lazy\" decoding=\"async\" width=\"768\" height=\"512\" src=\"https:\/\/www.elturistatranquil.com\/wp-content\/uploads\/F30-Vejer-de-la-Frontera-Cadiz.jpg\" class=\"attachment-large size-large wp-image-43456\" alt=\"Una vez aparcado el coche en el parking de la plaza de la Paz (PK), iniciamos el recorrido por la ciudad, para lo que deberemos ascender hasta lo alto de la colina por la calle Almaraz. Se nos ofrecen las primeras im\u00e1genes del caser\u00edo en sus fachadas \u201cc\u00fabicas\u201d irregulares y en su perspectiva de conjunto abigarrado de la parte del ensanche sobre la segunda colina.\" srcset=\"https:\/\/www.elturistatranquil.com\/wp-content\/uploads\/F30-Vejer-de-la-Frontera-Cadiz.jpg 768w, https:\/\/www.elturistatranquil.com\/wp-content\/uploads\/F30-Vejer-de-la-Frontera-Cadiz-339x226.jpg 339w\" sizes=\"(max-width: 768px) 100vw, 768px\" \/>\t\t\t\t\t\t\t\t\t\t\t<figcaption class=\"widget-image-caption wp-caption-text\"><\/figcaption>\n\t\t\t\t\t\t\t\t\t\t<\/figure>\n\t\t\t\t\t\t\t\t\t<\/div>\n\t\t\t\t<\/div>\n\t\t\t\t<div class=\"elementor-element elementor-element-0414541 elementor-widget elementor-widget-text-editor\" data-id=\"0414541\" data-element_type=\"widget\" data-e-type=\"widget\" data-widget_type=\"text-editor.default\">\n\t\t\t\t<div class=\"elementor-widget-container\">\n\t\t\t\t\t\t\t\t\t<p>Les darreres escales ens situen davant de l&#8217;<strong>arc de Santa Catalina<\/strong> (<strong>1<\/strong>).<\/p>\t\t\t\t\t\t\t\t<\/div>\n\t\t\t\t<\/div>\n\t\t\t\t<div class=\"elementor-element elementor-element-4da22f3 elementor-widget elementor-widget-menu-anchor\" data-id=\"4da22f3\" data-element_type=\"widget\" data-e-type=\"widget\" data-widget_type=\"menu-anchor.default\">\n\t\t\t\t<div class=\"elementor-widget-container\">\n\t\t\t\t\t\t\t<div class=\"elementor-menu-anchor\" id=\"c7706\"><\/div>\n\t\t\t\t\t\t<\/div>\n\t\t\t\t<\/div>\n\t\t\t\t<div class=\"elementor-element elementor-element-b55380a elementor-widget elementor-widget-image\" data-id=\"b55380a\" data-element_type=\"widget\" data-e-type=\"widget\" data-widget_type=\"image.default\">\n\t\t\t\t<div class=\"elementor-widget-container\">\n\t\t\t\t\t\t\t\t\t\t\t\t<figure class=\"wp-caption\">\n\t\t\t\t\t\t\t\t\t\t<img loading=\"lazy\" decoding=\"async\" width=\"768\" height=\"511\" src=\"https:\/\/www.elturistatranquil.com\/wp-content\/uploads\/F31-Vejer-de-la-Frontera-Cadiz.jpg\" class=\"attachment-large size-large wp-image-43461\" alt=\"Vejer de la Frontera, Cadiz\" srcset=\"https:\/\/www.elturistatranquil.com\/wp-content\/uploads\/F31-Vejer-de-la-Frontera-Cadiz.jpg 768w, https:\/\/www.elturistatranquil.com\/wp-content\/uploads\/F31-Vejer-de-la-Frontera-Cadiz-339x226.jpg 339w\" sizes=\"(max-width: 768px) 100vw, 768px\" \/>\t\t\t\t\t\t\t\t\t\t\t<figcaption class=\"widget-image-caption wp-caption-text\"><\/figcaption>\n\t\t\t\t\t\t\t\t\t\t<\/figure>\n\t\t\t\t\t\t\t\t\t<\/div>\n\t\t\t\t<\/div>\n\t\t\t\t<div class=\"elementor-element elementor-element-fbcb63f elementor-widget elementor-widget-heading\" data-id=\"fbcb63f\" data-element_type=\"widget\" data-e-type=\"widget\" data-widget_type=\"heading.default\">\n\t\t\t\t<div class=\"elementor-widget-container\">\n\t\t\t\t\t<h2 class=\"elementor-heading-title elementor-size-default\">Recorrent la muralla urbana<\/h2>\t\t\t\t<\/div>\n\t\t\t\t<\/div>\n\t\t\t\t<div class=\"elementor-element elementor-element-b6d596e elementor-widget elementor-widget-menu-anchor\" data-id=\"b6d596e\" data-element_type=\"widget\" data-e-type=\"widget\" data-widget_type=\"menu-anchor.default\">\n\t\t\t\t<div class=\"elementor-widget-container\">\n\t\t\t\t\t\t\t<div class=\"elementor-menu-anchor\" id=\"c7707\"><\/div>\n\t\t\t\t\t\t<\/div>\n\t\t\t\t<\/div>\n\t\t\t\t<div class=\"elementor-element elementor-element-d5712f5 elementor-widget elementor-widget-text-editor\" data-id=\"d5712f5\" data-element_type=\"widget\" data-e-type=\"widget\" data-widget_type=\"text-editor.default\">\n\t\t\t\t<div class=\"elementor-widget-container\">\n\t\t\t\t\t\t\t\t\t<p>L&#8217;itinerari per les traces de la muralla ens portar\u00e0 per les quatre portes o arcs hist\u00f2rics &#8211;<strong>Arc de la Segur<\/strong>, <strong>Arc de Sancho IV<\/strong>, <strong>Arc de la Vila<\/strong> i <strong>Arc de Puerta Cerrada<\/strong>-, a m\u00e9s de l&#8217;<strong>arc de Santa Catalina<\/strong>), i per tres torres de la muralla &#8211;<strong>Torre de San Juan<\/strong>, <strong>Torre del Mayorazgo<\/strong> i <strong>Torre de la Corredera<\/strong>-.<\/p><p>Al recorregut veurem ja algun dels edificis emblem\u00e0tics de la ciutat.<\/p>\t\t\t\t\t\t\t\t<\/div>\n\t\t\t\t<\/div>\n\t\t\t\t<div class=\"elementor-element elementor-element-58ae99ea elementor-widget elementor-widget-heading\" data-id=\"58ae99ea\" data-element_type=\"widget\" data-e-type=\"widget\" data-widget_type=\"heading.default\">\n\t\t\t\t<div class=\"elementor-widget-container\">\n\t\t\t\t\t<h3 class=\"elementor-heading-title elementor-size-default\">Mirador de La Cobijada, Arc de Santa Catalina i Arc de Puerta Cerrada<\/h3>\t\t\t\t<\/div>\n\t\t\t\t<\/div>\n\t\t\t\t<div class=\"elementor-element elementor-element-559147d elementor-widget elementor-widget-text-editor\" data-id=\"559147d\" data-element_type=\"widget\" data-e-type=\"widget\" data-widget_type=\"text-editor.default\">\n\t\t\t\t<div class=\"elementor-widget-container\">\n\t\t\t\t\t\t\t\t\t<p>El <strong>mirador<\/strong> (<strong>1<\/strong>), que s&#8217;obre davant de l&#8217;arc de Santa Catalina acull una imatge que els darrers anys s&#8217;ha convertit en ic\u00f2nica i representativa de Vejer. Es tracta de <strong>La Cobijada<\/strong>, una dona tapada o \u201ccobijada\u201d embolicada en un mantell negre, observant el m\u00f3n amb un sol ull a l&#8217;abric de les seves \u00e0mplies vestidures, est\u00e0 encarnada en una escultura a mida natural.<\/p><p>Encara que a molts llocs es llegeix que aquest vestit negre que deixa veure \u00fanicament un ull de la dona t\u00e9 un origen musulm\u00e0, aquest origen \u00e9s discutible i est\u00e0 avui en dubte, com comenta Irene Seco en relaci\u00f3 amb les explicacions dels viatgers rom\u00e0ntics, com Richard Ford, sobre els paral\u00b7lelismes musulmans del vestit vejeriego. No nom\u00e9s s&#8217;assumien com a v\u00e0lids en aquells moments, sin\u00f3 que encara segueixen sent emprats per bona part dels que escriuen sobre el tema. Certament les dones musulmanes que apareixen en certes imatges de finals del segle XIX i principis del segle XX recorden en la seva forma de cobrir-se a les <em>cobijadas<\/em>, si b\u00e9 les peces d&#8217;indument\u00e0ria que porten no s\u00f3n del mateix patr\u00f3.<\/p><p>Sembla que l&#8217;origen d&#8217;aquesta pe\u00e7a que cobreix la dona \u00e9s posterior a la pres\u00e8ncia musulmana. Es remunta als <a href=\"https:\/\/dialnet.unirioja.es\/descarga\/articulo\/5089566.pdf\" target=\"_blank\" rel=\"noopener\">segles XVII i XVIII<\/a>\u00a0i no era patrimoni exclusiu de Vejer.<\/p><p>Actualment utilitzen aquest vestit la <strong>Cobijda Mayor<\/strong> i la seva cort de dames <em>cobijadas<\/em> a les Festes Patronals.<\/p>\t\t\t\t\t\t\t\t<\/div>\n\t\t\t\t<\/div>\n\t\t\t\t<div class=\"elementor-element elementor-element-38557bf elementor-widget elementor-widget-image\" data-id=\"38557bf\" data-element_type=\"widget\" data-e-type=\"widget\" data-widget_type=\"image.default\">\n\t\t\t\t<div class=\"elementor-widget-container\">\n\t\t\t\t\t\t\t\t\t\t\t\t<figure class=\"wp-caption\">\n\t\t\t\t\t\t\t\t\t\t<img loading=\"lazy\" decoding=\"async\" width=\"768\" height=\"511\" src=\"https:\/\/www.elturistatranquil.com\/wp-content\/uploads\/F32-La-Cobijada-Vejer-de-la-Frontera-Cadiz.jpg\" class=\"attachment-large size-large wp-image-43463\" alt=\"La Cobijada, Vejer de la Frontera, Cadiz\" srcset=\"https:\/\/www.elturistatranquil.com\/wp-content\/uploads\/F32-La-Cobijada-Vejer-de-la-Frontera-Cadiz.jpg 768w, https:\/\/www.elturistatranquil.com\/wp-content\/uploads\/F32-La-Cobijada-Vejer-de-la-Frontera-Cadiz-339x226.jpg 339w\" sizes=\"(max-width: 768px) 100vw, 768px\" \/>\t\t\t\t\t\t\t\t\t\t\t<figcaption class=\"widget-image-caption wp-caption-text\"><\/figcaption>\n\t\t\t\t\t\t\t\t\t\t<\/figure>\n\t\t\t\t\t\t\t\t\t<\/div>\n\t\t\t\t<\/div>\n\t\t\t\t<div class=\"elementor-element elementor-element-883c054 elementor-widget elementor-widget-image\" data-id=\"883c054\" data-element_type=\"widget\" data-e-type=\"widget\" data-widget_type=\"image.default\">\n\t\t\t\t<div class=\"elementor-widget-container\">\n\t\t\t\t\t\t\t\t\t\t\t\t<figure class=\"wp-caption\">\n\t\t\t\t\t\t\t\t\t\t<img loading=\"lazy\" decoding=\"async\" width=\"768\" height=\"512\" src=\"https:\/\/www.elturistatranquil.com\/wp-content\/uploads\/F33-Vestida-de-Cobijada-Fotografia-Paco-Puentes-El-Pais.jpg\" class=\"attachment-large size-large wp-image-43465\" alt=\"Vestida de Cobijada (Fotograf\u00eda-Paco Puentes-El Pa\u00eds)\" srcset=\"https:\/\/www.elturistatranquil.com\/wp-content\/uploads\/F33-Vestida-de-Cobijada-Fotografia-Paco-Puentes-El-Pais.jpg 768w, https:\/\/www.elturistatranquil.com\/wp-content\/uploads\/F33-Vestida-de-Cobijada-Fotografia-Paco-Puentes-El-Pais-339x226.jpg 339w\" sizes=\"(max-width: 768px) 100vw, 768px\" \/>\t\t\t\t\t\t\t\t\t\t\t<figcaption class=\"widget-image-caption wp-caption-text\">(Foto: <a href=\"https:\/\/elpais.com\/elpais\/2017\/08\/20\/album\/1503229872_492588.html#foto_gal_12\" target=\"_blank\" rel=\"noopener\">Paco Puentes\/El Pa\u00eds<\/a>)<\/figcaption>\n\t\t\t\t\t\t\t\t\t\t<\/figure>\n\t\t\t\t\t\t\t\t\t<\/div>\n\t\t\t\t<\/div>\n\t\t\t\t<div class=\"elementor-element elementor-element-67842d5 elementor-widget elementor-widget-text-editor\" data-id=\"67842d5\" data-element_type=\"widget\" data-e-type=\"widget\" data-widget_type=\"text-editor.default\">\n\t\t\t\t<div class=\"elementor-widget-container\">\n\t\t\t\t\t\t\t\t\t<p>El lloc \u00e9s un espl\u00e8ndid mirador sobre l&#8217;eixample que es va expandir pel segon tur\u00f3 i que forma una unitat paisatg\u00edstica amb el barri antic, at\u00e8s que el seu urbanisme i estil constructiu t\u00e9 les mateixes traces que a la ciutat emmurallada, malgrat haver-se constru\u00eft en \u00e8poca cristiana avan\u00e7ada.<\/p>\t\t\t\t\t\t\t\t<\/div>\n\t\t\t\t<\/div>\n\t\t\t\t<div class=\"elementor-element elementor-element-68c6b59 elementor-widget elementor-widget-image\" data-id=\"68c6b59\" data-element_type=\"widget\" data-e-type=\"widget\" data-widget_type=\"image.default\">\n\t\t\t\t<div class=\"elementor-widget-container\">\n\t\t\t\t\t\t\t\t\t\t\t\t<figure class=\"wp-caption\">\n\t\t\t\t\t\t\t\t\t\t<img loading=\"lazy\" decoding=\"async\" width=\"768\" height=\"512\" src=\"https:\/\/www.elturistatranquil.com\/wp-content\/uploads\/F34-Vejer-de-la-Frontera-Cadiz.jpg\" class=\"attachment-large size-large wp-image-43467\" alt=\"Vejer de la Frontera, Cadiz\" srcset=\"https:\/\/www.elturistatranquil.com\/wp-content\/uploads\/F34-Vejer-de-la-Frontera-Cadiz.jpg 768w, https:\/\/www.elturistatranquil.com\/wp-content\/uploads\/F34-Vejer-de-la-Frontera-Cadiz-339x226.jpg 339w\" sizes=\"(max-width: 768px) 100vw, 768px\" \/>\t\t\t\t\t\t\t\t\t\t\t<figcaption class=\"widget-image-caption wp-caption-text\"><\/figcaption>\n\t\t\t\t\t\t\t\t\t\t<\/figure>\n\t\t\t\t\t\t\t\t\t<\/div>\n\t\t\t\t<\/div>\n\t\t\t\t<div class=\"elementor-element elementor-element-1ddf031 elementor-widget elementor-widget-heading\" data-id=\"1ddf031\" data-element_type=\"widget\" data-e-type=\"widget\" data-widget_type=\"heading.default\">\n\t\t\t\t<div class=\"elementor-widget-container\">\n\t\t\t\t\t<h4 class=\"elementor-heading-title elementor-size-default\">Carrer Juder\u00eda <\/h4>\t\t\t\t<\/div>\n\t\t\t\t<\/div>\n\t\t\t\t<div class=\"elementor-element elementor-element-3e9b77e elementor-widget elementor-widget-text-editor\" data-id=\"3e9b77e\" data-element_type=\"widget\" data-e-type=\"widget\" data-widget_type=\"text-editor.default\">\n\t\t\t\t<div class=\"elementor-widget-container\">\n\t\t\t\t\t\t\t\t\t<p>Entrem al recinte medieval per l&#8217;<strong>arc de Santa Catalina<\/strong> (<strong>1<\/strong>) tenint en compte que no es tracta d&#8217;una entrada medieval, sin\u00f3 que va ser oberta a la muralla al segle XIII per facilitar l&#8217;acc\u00e9s amb el barri del call. L\u2019obertura de la porta \u00e9s un simple arc de mig punt, sense cap mena de decoraci\u00f3.<\/p><p>S&#8217;aprecia el gruix de la muralla, d&#8217;uns dos metres, constru\u00efda de ma\u00e7oneria de pedra, cal\u00e7 i sorra i carreuons, i en alguns trams de carreus.<\/p>\t\t\t\t\t\t\t\t<\/div>\n\t\t\t\t<\/div>\n\t\t\t\t<div class=\"elementor-element elementor-element-bdff7f2 elementor-widget elementor-widget-image\" data-id=\"bdff7f2\" data-element_type=\"widget\" data-e-type=\"widget\" data-widget_type=\"image.default\">\n\t\t\t\t<div class=\"elementor-widget-container\">\n\t\t\t\t\t\t\t\t\t\t\t\t<figure class=\"wp-caption\">\n\t\t\t\t\t\t\t\t\t\t<img loading=\"lazy\" decoding=\"async\" width=\"768\" height=\"512\" src=\"https:\/\/www.elturistatranquil.com\/wp-content\/uploads\/F35-Arco-de-Santa-Catalina-Vejer-de-la-Frontera-Cadiz.jpg\" class=\"attachment-large size-large wp-image-43469\" alt=\"Arco de Santa Catalina, Vejer de la Frontera, Cadiz\" srcset=\"https:\/\/www.elturistatranquil.com\/wp-content\/uploads\/F35-Arco-de-Santa-Catalina-Vejer-de-la-Frontera-Cadiz.jpg 768w, https:\/\/www.elturistatranquil.com\/wp-content\/uploads\/F35-Arco-de-Santa-Catalina-Vejer-de-la-Frontera-Cadiz-339x226.jpg 339w\" sizes=\"(max-width: 768px) 100vw, 768px\" \/>\t\t\t\t\t\t\t\t\t\t\t<figcaption class=\"widget-image-caption wp-caption-text\"><\/figcaption>\n\t\t\t\t\t\t\t\t\t\t<\/figure>\n\t\t\t\t\t\t\t\t\t<\/div>\n\t\t\t\t<\/div>\n\t\t\t\t<div class=\"elementor-element elementor-element-137755d elementor-widget elementor-widget-text-editor\" data-id=\"137755d\" data-element_type=\"widget\" data-e-type=\"widget\" data-widget_type=\"text-editor.default\">\n\t\t\t\t<div class=\"elementor-widget-container\">\n\t\t\t\t\t\t\t\t\t<p>El carrer <strong>de la Juder\u00eda<\/strong> \u00a0recorre l&#8217;interior de la muralla, essent un dels pocs trams on \u00e9s visible el mur, al qual no es van acoblar construccions posteriors.<\/p><p>Com el nom del carrer assenyala, aquesta zona urbana corresponia al barri jueu de la vila.<\/p>\t\t\t\t\t\t\t\t<\/div>\n\t\t\t\t<\/div>\n\t\t\t\t<div class=\"elementor-element elementor-element-1f463a8 elementor-widget elementor-widget-image\" data-id=\"1f463a8\" data-element_type=\"widget\" data-e-type=\"widget\" data-widget_type=\"image.default\">\n\t\t\t\t<div class=\"elementor-widget-container\">\n\t\t\t\t\t\t\t\t\t\t\t\t<figure class=\"wp-caption\">\n\t\t\t\t\t\t\t\t\t\t<img loading=\"lazy\" decoding=\"async\" width=\"768\" height=\"511\" src=\"https:\/\/www.elturistatranquil.com\/wp-content\/uploads\/F36-Vejer-de-la-Frontera-Cadiz.jpg\" class=\"attachment-large size-large wp-image-43471\" alt=\"Vejer de la Frontera, Cadiz\" srcset=\"https:\/\/www.elturistatranquil.com\/wp-content\/uploads\/F36-Vejer-de-la-Frontera-Cadiz.jpg 768w, https:\/\/www.elturistatranquil.com\/wp-content\/uploads\/F36-Vejer-de-la-Frontera-Cadiz-339x226.jpg 339w\" sizes=\"(max-width: 768px) 100vw, 768px\" \/>\t\t\t\t\t\t\t\t\t\t\t<figcaption class=\"widget-image-caption wp-caption-text\"><\/figcaption>\n\t\t\t\t\t\t\t\t\t\t<\/figure>\n\t\t\t\t\t\t\t\t\t<\/div>\n\t\t\t\t<\/div>\n\t\t\t\t<div class=\"elementor-element elementor-element-92a92a5 elementor-widget elementor-widget-text-editor\" data-id=\"92a92a5\" data-element_type=\"widget\" data-e-type=\"widget\" data-widget_type=\"text-editor.default\">\n\t\t\t\t<div class=\"elementor-widget-container\">\n\t\t\t\t\t\t\t\t\t<p>El gruixut mur emmerletat era recorregut per un cam\u00ed de ronda amb merlets piramidals amb esper\u00f3.<\/p>\t\t\t\t\t\t\t\t<\/div>\n\t\t\t\t<\/div>\n\t\t\t\t<div class=\"elementor-element elementor-element-bf791c0 elementor-widget elementor-widget-image\" data-id=\"bf791c0\" data-element_type=\"widget\" data-e-type=\"widget\" data-widget_type=\"image.default\">\n\t\t\t\t<div class=\"elementor-widget-container\">\n\t\t\t\t\t\t\t\t\t\t\t\t<figure class=\"wp-caption\">\n\t\t\t\t\t\t\t\t\t\t<img loading=\"lazy\" decoding=\"async\" width=\"474\" height=\"570\" src=\"https:\/\/www.elturistatranquil.com\/wp-content\/uploads\/F37-Puerta-Cerrada-Vejer-de-la-Frontera-Cadiz.jpg\" class=\"attachment-large size-large wp-image-43473\" alt=\"Puerta Cerrada, Vejer de la Frontera, Cadiz\" srcset=\"https:\/\/www.elturistatranquil.com\/wp-content\/uploads\/F37-Puerta-Cerrada-Vejer-de-la-Frontera-Cadiz.jpg 474w, https:\/\/www.elturistatranquil.com\/wp-content\/uploads\/F37-Puerta-Cerrada-Vejer-de-la-Frontera-Cadiz-188x226.jpg 188w\" sizes=\"(max-width: 474px) 100vw, 474px\" \/>\t\t\t\t\t\t\t\t\t\t\t<figcaption class=\"widget-image-caption wp-caption-text\"><\/figcaption>\n\t\t\t\t\t\t\t\t\t\t<\/figure>\n\t\t\t\t\t\t\t\t\t<\/div>\n\t\t\t\t<\/div>\n\t\t\t\t<div class=\"elementor-element elementor-element-540f117 elementor-widget elementor-widget-text-editor\" data-id=\"540f117\" data-element_type=\"widget\" data-e-type=\"widget\" data-widget_type=\"text-editor.default\">\n\t\t\t\t<div class=\"elementor-widget-container\">\n\t\t\t\t\t\t\t\t\t<p>Iniciant el recorregut de la muralla en el sentit invers a les agulles del rellotge, cap a la dreta a uns 30 metres se situa la <strong>porta Cerrada<\/strong>, <strong>porta del Sud<\/strong> o <strong>de Berberia<\/strong> (<strong>2<\/strong>), dels segles X-XII. Se l&#8217;anomena aix\u00ed perqu\u00e8 va estar tapiada durant els segles XV-XVII pel seu enclavament al call i per impedir l&#8217;acc\u00e9s de pirates barbarescos que en aquells temps assolaven les costes atl\u00e0ntiques.<\/p>\t\t\t\t\t\t\t\t<\/div>\n\t\t\t\t<\/div>\n\t\t\t\t<div class=\"elementor-element elementor-element-7a60633 elementor-widget elementor-widget-image\" data-id=\"7a60633\" data-element_type=\"widget\" data-e-type=\"widget\" data-widget_type=\"image.default\">\n\t\t\t\t<div class=\"elementor-widget-container\">\n\t\t\t\t\t\t\t\t\t\t\t\t<figure class=\"wp-caption\">\n\t\t\t\t\t\t\t\t\t\t<img loading=\"lazy\" decoding=\"async\" width=\"768\" height=\"511\" src=\"https:\/\/www.elturistatranquil.com\/wp-content\/uploads\/F38-Puerta-Cerrada-Vejer-de-la-Frontera-Cadiz.jpg\" class=\"attachment-large size-large wp-image-43475\" alt=\"Puerta Cerrada, Vejer de la Frontera, Cadiz\" srcset=\"https:\/\/www.elturistatranquil.com\/wp-content\/uploads\/F38-Puerta-Cerrada-Vejer-de-la-Frontera-Cadiz.jpg 768w, https:\/\/www.elturistatranquil.com\/wp-content\/uploads\/F38-Puerta-Cerrada-Vejer-de-la-Frontera-Cadiz-339x226.jpg 339w\" sizes=\"(max-width: 768px) 100vw, 768px\" \/>\t\t\t\t\t\t\t\t\t\t\t<figcaption class=\"widget-image-caption wp-caption-text\"><\/figcaption>\n\t\t\t\t\t\t\t\t\t\t<\/figure>\n\t\t\t\t\t\t\t\t\t<\/div>\n\t\t\t\t<\/div>\n\t\t\t\t<div class=\"elementor-element elementor-element-a401be0 elementor-widget elementor-widget-image\" data-id=\"a401be0\" data-element_type=\"widget\" data-e-type=\"widget\" data-widget_type=\"image.default\">\n\t\t\t\t<div class=\"elementor-widget-container\">\n\t\t\t\t\t\t\t\t\t\t\t\t<figure class=\"wp-caption\">\n\t\t\t\t\t\t\t\t\t\t<img loading=\"lazy\" decoding=\"async\" width=\"768\" height=\"511\" src=\"https:\/\/www.elturistatranquil.com\/wp-content\/uploads\/F39-Puerta-Cerrada-Vejer-de-la-Frontera-Cadiz.jpg\" class=\"attachment-large size-large wp-image-43477\" alt=\"Puerta Cerrada, Vejer de la Frontera, Cadiz\" srcset=\"https:\/\/www.elturistatranquil.com\/wp-content\/uploads\/F39-Puerta-Cerrada-Vejer-de-la-Frontera-Cadiz.jpg 768w, https:\/\/www.elturistatranquil.com\/wp-content\/uploads\/F39-Puerta-Cerrada-Vejer-de-la-Frontera-Cadiz-339x226.jpg 339w\" sizes=\"(max-width: 768px) 100vw, 768px\" \/>\t\t\t\t\t\t\t\t\t\t\t<figcaption class=\"widget-image-caption wp-caption-text\"><\/figcaption>\n\t\t\t\t\t\t\t\t\t\t<\/figure>\n\t\t\t\t\t\t\t\t\t<\/div>\n\t\t\t\t<\/div>\n\t\t\t\t<div class=\"elementor-element elementor-element-68bc764 elementor-widget elementor-widget-heading\" data-id=\"68bc764\" data-element_type=\"widget\" data-e-type=\"widget\" data-widget_type=\"heading.default\">\n\t\t\t\t<div class=\"elementor-widget-container\">\n\t\t\t\t\t<h4 class=\"elementor-heading-title elementor-size-default\">Carrer Castillo<\/h4>\t\t\t\t<\/div>\n\t\t\t\t<\/div>\n\t\t\t\t<div class=\"elementor-element elementor-element-c12620f elementor-widget elementor-widget-text-editor\" data-id=\"c12620f\" data-element_type=\"widget\" data-e-type=\"widget\" data-widget_type=\"text-editor.default\">\n\t\t\t\t<div class=\"elementor-widget-container\">\n\t\t\t\t\t\t\t\t\t<p>Davant la porta puja el <strong>carrer Castillo<\/strong> que, com el seu nom vol assenyalar, puja sinuosament fins a la porta del castell.<\/p>\t\t\t\t\t\t\t\t<\/div>\n\t\t\t\t<\/div>\n\t\t\t\t<div class=\"elementor-element elementor-element-df75490 elementor-widget elementor-widget-image\" data-id=\"df75490\" data-element_type=\"widget\" data-e-type=\"widget\" data-widget_type=\"image.default\">\n\t\t\t\t<div class=\"elementor-widget-container\">\n\t\t\t\t\t\t\t\t\t\t\t\t<figure class=\"wp-caption\">\n\t\t\t\t\t\t\t\t\t\t<img loading=\"lazy\" decoding=\"async\" width=\"768\" height=\"511\" src=\"https:\/\/www.elturistatranquil.com\/wp-content\/uploads\/F11-Vejer-de-la-Frontera-Cadiz.jpg\" class=\"attachment-large size-large wp-image-43409\" alt=\"Vejer de la Frontera, Cadiz\" srcset=\"https:\/\/www.elturistatranquil.com\/wp-content\/uploads\/F11-Vejer-de-la-Frontera-Cadiz.jpg 768w, https:\/\/www.elturistatranquil.com\/wp-content\/uploads\/F11-Vejer-de-la-Frontera-Cadiz-339x226.jpg 339w\" sizes=\"(max-width: 768px) 100vw, 768px\" \/>\t\t\t\t\t\t\t\t\t\t\t<figcaption class=\"widget-image-caption wp-caption-text\"><\/figcaption>\n\t\t\t\t\t\t\t\t\t\t<\/figure>\n\t\t\t\t\t\t\t\t\t<\/div>\n\t\t\t\t<\/div>\n\t\t\t\t<div class=\"elementor-element elementor-element-4994f2e elementor-widget elementor-widget-heading\" data-id=\"4994f2e\" data-element_type=\"widget\" data-e-type=\"widget\" data-widget_type=\"heading.default\">\n\t\t\t\t<div class=\"elementor-widget-container\">\n\t\t\t\t\t<h4 class=\"elementor-heading-title elementor-size-default\">Carrer Mes\u00f3n de \u00c1nimas<\/h4>\t\t\t\t<\/div>\n\t\t\t\t<\/div>\n\t\t\t\t<div class=\"elementor-element elementor-element-95aadb5 elementor-widget elementor-widget-text-editor\" data-id=\"95aadb5\" data-element_type=\"widget\" data-e-type=\"widget\" data-widget_type=\"text-editor.default\">\n\t\t\t\t<div class=\"elementor-widget-container\">\n\t\t\t\t\t\t\t\t\t<p>A la continuaci\u00f3 del carrer comencen a adossar-se edificacions al mur interior seguint el <strong>carrer Mes\u00f3n de \u00c1nimas<\/strong>, que s&#8217;endinsar\u00e0 zigzaguejant cap a l&#8217;interior del recinte.<\/p>\t\t\t\t\t\t\t\t<\/div>\n\t\t\t\t<\/div>\n\t\t\t\t<div class=\"elementor-element elementor-element-724596d elementor-widget elementor-widget-image\" data-id=\"724596d\" data-element_type=\"widget\" data-e-type=\"widget\" data-widget_type=\"image.default\">\n\t\t\t\t<div class=\"elementor-widget-container\">\n\t\t\t\t\t\t\t\t\t\t\t\t<figure class=\"wp-caption\">\n\t\t\t\t\t\t\t\t\t\t<img loading=\"lazy\" decoding=\"async\" width=\"768\" height=\"511\" src=\"https:\/\/www.elturistatranquil.com\/wp-content\/uploads\/F41-Puerta-Cerrada-Vejer-de-la-Frontera-Cadiz.jpg\" class=\"attachment-large size-large wp-image-43479\" alt=\"Puerta Cerrada, Vejer de la Frontera, Cadiz\" srcset=\"https:\/\/www.elturistatranquil.com\/wp-content\/uploads\/F41-Puerta-Cerrada-Vejer-de-la-Frontera-Cadiz.jpg 768w, https:\/\/www.elturistatranquil.com\/wp-content\/uploads\/F41-Puerta-Cerrada-Vejer-de-la-Frontera-Cadiz-339x226.jpg 339w\" sizes=\"(max-width: 768px) 100vw, 768px\" \/>\t\t\t\t\t\t\t\t\t\t\t<figcaption class=\"widget-image-caption wp-caption-text\"><\/figcaption>\n\t\t\t\t\t\t\t\t\t\t<\/figure>\n\t\t\t\t\t\t\t\t\t<\/div>\n\t\t\t\t<\/div>\n\t\t\t\t<div class=\"elementor-element elementor-element-afa7a31 elementor-widget elementor-widget-heading\" data-id=\"afa7a31\" data-element_type=\"widget\" data-e-type=\"widget\" data-widget_type=\"heading.default\">\n\t\t\t\t<div class=\"elementor-widget-container\">\n\t\t\t\t\t<h4 class=\"elementor-heading-title elementor-size-default\">Carrer Trafalgar<\/h4>\t\t\t\t<\/div>\n\t\t\t\t<\/div>\n\t\t\t\t<div class=\"elementor-element elementor-element-93ac02d elementor-widget elementor-widget-text-editor\" data-id=\"93ac02d\" data-element_type=\"widget\" data-e-type=\"widget\" data-widget_type=\"text-editor.default\">\n\t\t\t\t<div class=\"elementor-widget-container\">\n\t\t\t\t\t\t\t\t\t<p>Sortint per la porta Cerrada el <strong>carrer Trafalgar<\/strong> mostra el mur exterior que, al cap de pocs metres comen\u00e7a a ser substitu\u00eft per cases. Algunes restes de muralla romanen a l&#8217;interior de l&#8217;illa, sense ser visibles des de l&#8217;exterior.<\/p><p>El carrer Trafalgar est\u00e0 dedicat a la mem\u00f2ria dels homes i dones d&#8217;aquestes costes que solid\u00e0riament van soc\u00f3rrer les v\u00edctimes de la batalla de Trafalgar (1805) i que Benito P\u00e9rez Gald\u00f3s va glossar a l&#8217;Episodi Nacional: Trafalgar, amb les paraules seg\u00fcents: \u201c\u2026 <em>debo decir que jam\u00e1s vecindario alguno ha tomado con tanto empe\u00f1o el auxilio de los heridos, no distinguiendo entre nacionales y enemigos, antes bien equiparando todos bajo el amplio pabell\u00f3n de la caridad<\/em>.\u201d<\/p>\t\t\t\t\t\t\t\t<\/div>\n\t\t\t\t<\/div>\n\t\t\t\t<div class=\"elementor-element elementor-element-bbf2e87 elementor-widget elementor-widget-image\" data-id=\"bbf2e87\" data-element_type=\"widget\" data-e-type=\"widget\" data-widget_type=\"image.default\">\n\t\t\t\t<div class=\"elementor-widget-container\">\n\t\t\t\t\t\t\t\t\t\t\t\t<figure class=\"wp-caption\">\n\t\t\t\t\t\t\t\t\t\t<img loading=\"lazy\" decoding=\"async\" width=\"768\" height=\"511\" src=\"https:\/\/www.elturistatranquil.com\/wp-content\/uploads\/F42-Puerta-Cerrada-Vejer-de-la-Frontera-Cadiz.jpg\" class=\"attachment-large size-large wp-image-43481\" alt=\"Puerta Cerrada, Vejer de la Frontera, Cadiz\" srcset=\"https:\/\/www.elturistatranquil.com\/wp-content\/uploads\/F42-Puerta-Cerrada-Vejer-de-la-Frontera-Cadiz.jpg 768w, https:\/\/www.elturistatranquil.com\/wp-content\/uploads\/F42-Puerta-Cerrada-Vejer-de-la-Frontera-Cadiz-339x226.jpg 339w\" sizes=\"(max-width: 768px) 100vw, 768px\" \/>\t\t\t\t\t\t\t\t\t\t\t<figcaption class=\"widget-image-caption wp-caption-text\"><\/figcaption>\n\t\t\t\t\t\t\t\t\t\t<\/figure>\n\t\t\t\t\t\t\t\t\t<\/div>\n\t\t\t\t<\/div>\n\t\t\t\t<div class=\"elementor-element elementor-element-d2aa188 elementor-widget elementor-widget-image\" data-id=\"d2aa188\" data-element_type=\"widget\" data-e-type=\"widget\" data-widget_type=\"image.default\">\n\t\t\t\t<div class=\"elementor-widget-container\">\n\t\t\t\t\t\t\t\t\t\t\t\t<figure class=\"wp-caption\">\n\t\t\t\t\t\t\t\t\t\t<img loading=\"lazy\" decoding=\"async\" width=\"768\" height=\"512\" src=\"https:\/\/www.elturistatranquil.com\/wp-content\/uploads\/F43-Puerta-Cerrada-Vejer-de-la-Frontera-Cadiz.jpg\" class=\"attachment-large size-large wp-image-43483\" alt=\"Puerta Cerrada, Vejer de la Frontera, Cadiz\" srcset=\"https:\/\/www.elturistatranquil.com\/wp-content\/uploads\/F43-Puerta-Cerrada-Vejer-de-la-Frontera-Cadiz.jpg 768w, https:\/\/www.elturistatranquil.com\/wp-content\/uploads\/F43-Puerta-Cerrada-Vejer-de-la-Frontera-Cadiz-339x226.jpg 339w\" sizes=\"(max-width: 768px) 100vw, 768px\" \/>\t\t\t\t\t\t\t\t\t\t\t<figcaption class=\"widget-image-caption wp-caption-text\"><\/figcaption>\n\t\t\t\t\t\t\t\t\t\t<\/figure>\n\t\t\t\t\t\t\t\t\t<\/div>\n\t\t\t\t<\/div>\n\t\t\t\t<div class=\"elementor-element elementor-element-876fa6a elementor-widget elementor-widget-image\" data-id=\"876fa6a\" data-element_type=\"widget\" data-e-type=\"widget\" data-widget_type=\"image.default\">\n\t\t\t\t<div class=\"elementor-widget-container\">\n\t\t\t\t\t\t\t\t\t\t\t\t<figure class=\"wp-caption\">\n\t\t\t\t\t\t\t\t\t\t<img loading=\"lazy\" decoding=\"async\" width=\"768\" height=\"511\" src=\"https:\/\/www.elturistatranquil.com\/wp-content\/uploads\/F13-Vejer-de-la-Frontera-Cadiz.jpg\" class=\"attachment-large size-large wp-image-43413\" alt=\"Vejer de la Frontera, Cadiz\" srcset=\"https:\/\/www.elturistatranquil.com\/wp-content\/uploads\/F13-Vejer-de-la-Frontera-Cadiz.jpg 768w, https:\/\/www.elturistatranquil.com\/wp-content\/uploads\/F13-Vejer-de-la-Frontera-Cadiz-339x226.jpg 339w\" sizes=\"(max-width: 768px) 100vw, 768px\" \/>\t\t\t\t\t\t\t\t\t\t\t<figcaption class=\"widget-image-caption wp-caption-text\"><\/figcaption>\n\t\t\t\t\t\t\t\t\t\t<\/figure>\n\t\t\t\t\t\t\t\t\t<\/div>\n\t\t\t\t<\/div>\n\t\t\t\t<div class=\"elementor-element elementor-element-638ca5a elementor-widget elementor-widget-image\" data-id=\"638ca5a\" data-element_type=\"widget\" data-e-type=\"widget\" data-widget_type=\"image.default\">\n\t\t\t\t<div class=\"elementor-widget-container\">\n\t\t\t\t\t\t\t\t\t\t\t\t<figure class=\"wp-caption\">\n\t\t\t\t\t\t\t\t\t\t<img loading=\"lazy\" decoding=\"async\" width=\"768\" height=\"511\" src=\"https:\/\/www.elturistatranquil.com\/wp-content\/uploads\/F14-Vejer-de-la-Frontera-Cadiz.jpg\" class=\"attachment-large size-large wp-image-43415\" alt=\"Vejer de la Frontera, Cadiz\" srcset=\"https:\/\/www.elturistatranquil.com\/wp-content\/uploads\/F14-Vejer-de-la-Frontera-Cadiz.jpg 768w, https:\/\/www.elturistatranquil.com\/wp-content\/uploads\/F14-Vejer-de-la-Frontera-Cadiz-339x226.jpg 339w\" sizes=\"(max-width: 768px) 100vw, 768px\" \/>\t\t\t\t\t\t\t\t\t\t\t<figcaption class=\"widget-image-caption wp-caption-text\"><\/figcaption>\n\t\t\t\t\t\t\t\t\t\t<\/figure>\n\t\t\t\t\t\t\t\t\t<\/div>\n\t\t\t\t<\/div>\n\t\t\t\t<div class=\"elementor-element elementor-element-a70ae05 elementor-widget elementor-widget-heading\" data-id=\"a70ae05\" data-element_type=\"widget\" data-e-type=\"widget\" data-widget_type=\"heading.default\">\n\t\t\t\t<div class=\"elementor-widget-container\">\n\t\t\t\t\t<h4 class=\"elementor-heading-title elementor-size-default\">Carrer Encarnaci\u00f3n<\/h4>\t\t\t\t<\/div>\n\t\t\t\t<\/div>\n\t\t\t\t<div class=\"elementor-element elementor-element-1a7b52b elementor-widget elementor-widget-text-editor\" data-id=\"1a7b52b\" data-element_type=\"widget\" data-e-type=\"widget\" data-widget_type=\"text-editor.default\">\n\t\t\t\t<div class=\"elementor-widget-container\">\n\t\t\t\t\t\t\t\t\t<p>El <strong>carrer Encarnaci\u00f3n<\/strong> constitueix un dels eixos transversals de la trama urbana. S&#8217;hi pot observar un dels arquets de probable origen isl\u00e0mic.<\/p>\t\t\t\t\t\t\t\t<\/div>\n\t\t\t\t<\/div>\n\t\t\t\t<div class=\"elementor-element elementor-element-9bdaeab elementor-widget elementor-widget-menu-anchor\" data-id=\"9bdaeab\" data-element_type=\"widget\" data-e-type=\"widget\" data-widget_type=\"menu-anchor.default\">\n\t\t\t\t<div class=\"elementor-widget-container\">\n\t\t\t\t\t\t\t<div class=\"elementor-menu-anchor\" id=\"c7708\"><\/div>\n\t\t\t\t\t\t<\/div>\n\t\t\t\t<\/div>\n\t\t\t\t<div class=\"elementor-element elementor-element-9c4d2e1 elementor-widget elementor-widget-image\" data-id=\"9c4d2e1\" data-element_type=\"widget\" data-e-type=\"widget\" data-widget_type=\"image.default\">\n\t\t\t\t<div class=\"elementor-widget-container\">\n\t\t\t\t\t\t\t\t\t\t\t\t<figure class=\"wp-caption\">\n\t\t\t\t\t\t\t\t\t\t<img loading=\"lazy\" decoding=\"async\" width=\"768\" height=\"511\" src=\"https:\/\/www.elturistatranquil.com\/wp-content\/uploads\/F16-Vejer-de-la-Frontera-Cadiz.jpg\" class=\"attachment-large size-large wp-image-43419\" alt=\"Vejer de la Frontera, Cadiz\" srcset=\"https:\/\/www.elturistatranquil.com\/wp-content\/uploads\/F16-Vejer-de-la-Frontera-Cadiz.jpg 768w, https:\/\/www.elturistatranquil.com\/wp-content\/uploads\/F16-Vejer-de-la-Frontera-Cadiz-339x226.jpg 339w\" sizes=\"(max-width: 768px) 100vw, 768px\" \/>\t\t\t\t\t\t\t\t\t\t\t<figcaption class=\"widget-image-caption wp-caption-text\"><\/figcaption>\n\t\t\t\t\t\t\t\t\t\t<\/figure>\n\t\t\t\t\t\t\t\t\t<\/div>\n\t\t\t\t<\/div>\n\t\t\t\t<div class=\"elementor-element elementor-element-24347f1 elementor-widget elementor-widget-heading\" data-id=\"24347f1\" data-element_type=\"widget\" data-e-type=\"widget\" data-widget_type=\"heading.default\">\n\t\t\t\t<div class=\"elementor-widget-container\">\n\t\t\t\t\t<h3 class=\"elementor-heading-title elementor-size-default\">Torre de San Juan<\/h3>\t\t\t\t<\/div>\n\t\t\t\t<\/div>\n\t\t\t\t<div class=\"elementor-element elementor-element-cc6d547 elementor-widget elementor-widget-heading\" data-id=\"cc6d547\" data-element_type=\"widget\" data-e-type=\"widget\" data-widget_type=\"heading.default\">\n\t\t\t\t<div class=\"elementor-widget-container\">\n\t\t\t\t\t<h4 class=\"elementor-heading-title elementor-size-default\">Carrer San Juan<\/h4>\t\t\t\t<\/div>\n\t\t\t\t<\/div>\n\t\t\t\t<div class=\"elementor-element elementor-element-876328a elementor-widget elementor-widget-text-editor\" data-id=\"876328a\" data-element_type=\"widget\" data-e-type=\"widget\" data-widget_type=\"text-editor.default\">\n\t\t\t\t<div class=\"elementor-widget-container\">\n\t\t\t\t\t\t\t\t\t<p>Abans d&#8217;arribar al <strong>carrer de San Juan<\/strong>, la muralla girava per agafar la direcci\u00f3 nord. La <strong>torre de San Juan<\/strong> <strong>(3<\/strong>), que havia de correspondre al punt de gir, \u00e9s possible veure-la al mig de les cases.<\/p>\t\t\t\t\t\t\t\t<\/div>\n\t\t\t\t<\/div>\n\t\t\t\t<div class=\"elementor-element elementor-element-fa476da elementor-widget elementor-widget-image\" data-id=\"fa476da\" data-element_type=\"widget\" data-e-type=\"widget\" data-widget_type=\"image.default\">\n\t\t\t\t<div class=\"elementor-widget-container\">\n\t\t\t\t\t\t\t\t\t\t\t\t<figure class=\"wp-caption\">\n\t\t\t\t\t\t\t\t\t\t<img loading=\"lazy\" decoding=\"async\" width=\"768\" height=\"511\" src=\"https:\/\/www.elturistatranquil.com\/wp-content\/uploads\/F47-Torre-de-San-Juan-Vejer-de-la-Frontera-Cadiz.jpg\" class=\"attachment-large size-large wp-image-43485\" alt=\"Torre de San Juan, Vejer de la Frontera, Cadiz\" srcset=\"https:\/\/www.elturistatranquil.com\/wp-content\/uploads\/F47-Torre-de-San-Juan-Vejer-de-la-Frontera-Cadiz.jpg 768w, https:\/\/www.elturistatranquil.com\/wp-content\/uploads\/F47-Torre-de-San-Juan-Vejer-de-la-Frontera-Cadiz-339x226.jpg 339w\" sizes=\"(max-width: 768px) 100vw, 768px\" \/>\t\t\t\t\t\t\t\t\t\t\t<figcaption class=\"widget-image-caption wp-caption-text\"><\/figcaption>\n\t\t\t\t\t\t\t\t\t\t<\/figure>\n\t\t\t\t\t\t\t\t\t<\/div>\n\t\t\t\t<\/div>\n\t\t\t\t<div class=\"elementor-element elementor-element-cb91116 elementor-widget elementor-widget-text-editor\" data-id=\"cb91116\" data-element_type=\"widget\" data-e-type=\"widget\" data-widget_type=\"text-editor.default\">\n\t\t\t\t<div class=\"elementor-widget-container\">\n\t\t\t\t\t\t\t\t\t<p>El carrer San Juan segueix per la part exterior de la muralla. En arribar a la conflu\u00e8ncia del <strong>carrer Bodega de Triana<\/strong> tenim un exemple de bifurcaci\u00f3 t\u00edpica de l&#8217;urbanisme en pendent, que serveix per adaptar-se a l&#8217;orografia del terreny.<\/p>\t\t\t\t\t\t\t\t<\/div>\n\t\t\t\t<\/div>\n\t\t\t\t<div class=\"elementor-element elementor-element-c8fd980 elementor-widget elementor-widget-menu-anchor\" data-id=\"c8fd980\" data-element_type=\"widget\" data-e-type=\"widget\" data-widget_type=\"menu-anchor.default\">\n\t\t\t\t<div class=\"elementor-widget-container\">\n\t\t\t\t\t\t\t<div class=\"elementor-menu-anchor\" id=\"c7709\"><\/div>\n\t\t\t\t\t\t<\/div>\n\t\t\t\t<\/div>\n\t\t\t\t<div class=\"elementor-element elementor-element-9a2d220 elementor-widget elementor-widget-image\" data-id=\"9a2d220\" data-element_type=\"widget\" data-e-type=\"widget\" data-widget_type=\"image.default\">\n\t\t\t\t<div class=\"elementor-widget-container\">\n\t\t\t\t\t\t\t\t\t\t\t\t<figure class=\"wp-caption\">\n\t\t\t\t\t\t\t\t\t\t<img loading=\"lazy\" decoding=\"async\" width=\"768\" height=\"511\" src=\"https:\/\/www.elturistatranquil.com\/wp-content\/uploads\/F15-Vejer-de-la-Frontera-Cadiz.jpg\" class=\"attachment-large size-large wp-image-43417\" alt=\"Vejer de la Frontera, Cadiz\" srcset=\"https:\/\/www.elturistatranquil.com\/wp-content\/uploads\/F15-Vejer-de-la-Frontera-Cadiz.jpg 768w, https:\/\/www.elturistatranquil.com\/wp-content\/uploads\/F15-Vejer-de-la-Frontera-Cadiz-339x226.jpg 339w\" sizes=\"(max-width: 768px) 100vw, 768px\" \/>\t\t\t\t\t\t\t\t\t\t\t<figcaption class=\"widget-image-caption wp-caption-text\"><\/figcaption>\n\t\t\t\t\t\t\t\t\t\t<\/figure>\n\t\t\t\t\t\t\t\t\t<\/div>\n\t\t\t\t<\/div>\n\t\t\t\t<div class=\"elementor-element elementor-element-9927ce8 elementor-widget elementor-widget-heading\" data-id=\"9927ce8\" data-element_type=\"widget\" data-e-type=\"widget\" data-widget_type=\"heading.default\">\n\t\t\t\t<div class=\"elementor-widget-container\">\n\t\t\t\t\t<h3 class=\"elementor-heading-title elementor-size-default\">Ajuntament Vell i Ajuntament Nou<\/h3>\t\t\t\t<\/div>\n\t\t\t\t<\/div>\n\t\t\t\t<div class=\"elementor-element elementor-element-57ac07b elementor-widget elementor-widget-heading\" data-id=\"57ac07b\" data-element_type=\"widget\" data-e-type=\"widget\" data-widget_type=\"heading.default\">\n\t\t\t\t<div class=\"elementor-widget-container\">\n\t\t\t\t\t<h4 class=\"elementor-heading-title elementor-size-default\">Placeta Antiguos Comedores<\/h4>\t\t\t\t<\/div>\n\t\t\t\t<\/div>\n\t\t\t\t<div class=\"elementor-element elementor-element-a719e5b elementor-widget elementor-widget-text-editor\" data-id=\"a719e5b\" data-element_type=\"widget\" data-e-type=\"widget\" data-widget_type=\"text-editor.default\">\n\t\t\t\t<div class=\"elementor-widget-container\">\n\t\t\t\t\t\t\t\t\t<p>A la <strong>placeta Antiguos Comedores<\/strong> s&#8217;ubicava l&#8217; <strong>antic Ajuntament<\/strong> (<strong>4<\/strong>).<\/p>\t\t\t\t\t\t\t\t<\/div>\n\t\t\t\t<\/div>\n\t\t\t\t<div class=\"elementor-element elementor-element-36b909e elementor-widget elementor-widget-image\" data-id=\"36b909e\" data-element_type=\"widget\" data-e-type=\"widget\" data-widget_type=\"image.default\">\n\t\t\t\t<div class=\"elementor-widget-container\">\n\t\t\t\t\t\t\t\t\t\t\t\t<figure class=\"wp-caption\">\n\t\t\t\t\t\t\t\t\t\t<img loading=\"lazy\" decoding=\"async\" width=\"768\" height=\"512\" src=\"https:\/\/www.elturistatranquil.com\/wp-content\/uploads\/F49-Ayuntamiento-ViejoVejer-de-la-Frontera-Cadiz.jpg\" class=\"attachment-large size-large wp-image-43487\" alt=\"Ayuntamiento Viejo,Vejer de la Frontera, Cadiz\" srcset=\"https:\/\/www.elturistatranquil.com\/wp-content\/uploads\/F49-Ayuntamiento-ViejoVejer-de-la-Frontera-Cadiz.jpg 768w, https:\/\/www.elturistatranquil.com\/wp-content\/uploads\/F49-Ayuntamiento-ViejoVejer-de-la-Frontera-Cadiz-339x226.jpg 339w\" sizes=\"(max-width: 768px) 100vw, 768px\" \/>\t\t\t\t\t\t\t\t\t\t\t<figcaption class=\"widget-image-caption wp-caption-text\"><\/figcaption>\n\t\t\t\t\t\t\t\t\t\t<\/figure>\n\t\t\t\t\t\t\t\t\t<\/div>\n\t\t\t\t<\/div>\n\t\t\t\t<div class=\"elementor-element elementor-element-29371a7 elementor-widget elementor-widget-image\" data-id=\"29371a7\" data-element_type=\"widget\" data-e-type=\"widget\" data-widget_type=\"image.default\">\n\t\t\t\t<div class=\"elementor-widget-container\">\n\t\t\t\t\t\t\t\t\t\t\t\t<figure class=\"wp-caption\">\n\t\t\t\t\t\t\t\t\t\t<img loading=\"lazy\" decoding=\"async\" width=\"768\" height=\"512\" src=\"https:\/\/www.elturistatranquil.com\/wp-content\/uploads\/F50-Ayuntamiento-ViejoVejer-de-la-Frontera-Cadiz.jpg\" class=\"attachment-large size-large wp-image-43489\" alt=\"Ayuntamiento Viejo,Vejer de la Frontera, Cadiz\" srcset=\"https:\/\/www.elturistatranquil.com\/wp-content\/uploads\/F50-Ayuntamiento-ViejoVejer-de-la-Frontera-Cadiz.jpg 768w, https:\/\/www.elturistatranquil.com\/wp-content\/uploads\/F50-Ayuntamiento-ViejoVejer-de-la-Frontera-Cadiz-339x226.jpg 339w\" sizes=\"(max-width: 768px) 100vw, 768px\" \/>\t\t\t\t\t\t\t\t\t\t\t<figcaption class=\"widget-image-caption wp-caption-text\"><\/figcaption>\n\t\t\t\t\t\t\t\t\t\t<\/figure>\n\t\t\t\t\t\t\t\t\t<\/div>\n\t\t\t\t<\/div>\n\t\t\t\t<div class=\"elementor-element elementor-element-2aaf780 elementor-widget elementor-widget-text-editor\" data-id=\"2aaf780\" data-element_type=\"widget\" data-e-type=\"widget\" data-widget_type=\"text-editor.default\">\n\t\t\t\t<div class=\"elementor-widget-container\">\n\t\t\t\t\t\t\t\t\t<p>L\u00b4entrada a la pla\u00e7a de Espa\u00f1a pel carrer San Juan s\u00b4efectua al costat de l\u00b4edifici de l\u00b4<strong>Ajuntament nou<\/strong> (<strong>5<\/strong>).<\/p>\t\t\t\t\t\t\t\t<\/div>\n\t\t\t\t<\/div>\n\t\t\t\t<div class=\"elementor-element elementor-element-08f06dd elementor-widget elementor-widget-image\" data-id=\"08f06dd\" data-element_type=\"widget\" data-e-type=\"widget\" data-widget_type=\"image.default\">\n\t\t\t\t<div class=\"elementor-widget-container\">\n\t\t\t\t\t\t\t\t\t\t\t\t<figure class=\"wp-caption\">\n\t\t\t\t\t\t\t\t\t\t<img loading=\"lazy\" decoding=\"async\" width=\"768\" height=\"511\" src=\"https:\/\/www.elturistatranquil.com\/wp-content\/uploads\/F51-Ayuntamiento-NuevoVejer-de-la-Frontera-Cadiz.jpg\" class=\"attachment-large size-large wp-image-43491\" alt=\"Ayuntamiento Nuevo,Vejer de la Frontera, Cadiz\" srcset=\"https:\/\/www.elturistatranquil.com\/wp-content\/uploads\/F51-Ayuntamiento-NuevoVejer-de-la-Frontera-Cadiz.jpg 768w, https:\/\/www.elturistatranquil.com\/wp-content\/uploads\/F51-Ayuntamiento-NuevoVejer-de-la-Frontera-Cadiz-339x226.jpg 339w\" sizes=\"(max-width: 768px) 100vw, 768px\" \/>\t\t\t\t\t\t\t\t\t\t\t<figcaption class=\"widget-image-caption wp-caption-text\"><\/figcaption>\n\t\t\t\t\t\t\t\t\t\t<\/figure>\n\t\t\t\t\t\t\t\t\t<\/div>\n\t\t\t\t<\/div>\n\t\t\t\t<div class=\"elementor-element elementor-element-1932b94 elementor-widget elementor-widget-text-editor\" data-id=\"1932b94\" data-element_type=\"widget\" data-e-type=\"widget\" data-widget_type=\"text-editor.default\">\n\t\t\t\t<div class=\"elementor-widget-container\">\n\t\t\t\t\t\t\t\t\t<p>Ocupa la posici\u00f3 elevada de la pla\u00e7a. Va ser reconstru\u00eft a mitjans segle XIX i despr\u00e9s ampliat amb pisos superiors, coronat amb un rellotge.<\/p>\t\t\t\t\t\t\t\t<\/div>\n\t\t\t\t<\/div>\n\t\t\t\t<div class=\"elementor-element elementor-element-be279c2 elementor-widget elementor-widget-menu-anchor\" data-id=\"be279c2\" data-element_type=\"widget\" data-e-type=\"widget\" data-widget_type=\"menu-anchor.default\">\n\t\t\t\t<div class=\"elementor-widget-container\">\n\t\t\t\t\t\t\t<div class=\"elementor-menu-anchor\" id=\"c7710\"><\/div>\n\t\t\t\t\t\t<\/div>\n\t\t\t\t<\/div>\n\t\t\t\t<div class=\"elementor-element elementor-element-01cd50c elementor-widget elementor-widget-image\" data-id=\"01cd50c\" data-element_type=\"widget\" data-e-type=\"widget\" data-widget_type=\"image.default\">\n\t\t\t\t<div class=\"elementor-widget-container\">\n\t\t\t\t\t\t\t\t\t\t\t\t<figure class=\"wp-caption\">\n\t\t\t\t\t\t\t\t\t\t<img loading=\"lazy\" decoding=\"async\" width=\"768\" height=\"511\" src=\"https:\/\/www.elturistatranquil.com\/wp-content\/uploads\/F52-Ayuntamiento-NuevoVejer-de-la-Frontera-Cadiz.jpg\" class=\"attachment-large size-large wp-image-43493\" alt=\"Ayuntamiento Nuevo,Vejer de la Frontera, Cadiz\" srcset=\"https:\/\/www.elturistatranquil.com\/wp-content\/uploads\/F52-Ayuntamiento-NuevoVejer-de-la-Frontera-Cadiz.jpg 768w, https:\/\/www.elturistatranquil.com\/wp-content\/uploads\/F52-Ayuntamiento-NuevoVejer-de-la-Frontera-Cadiz-339x226.jpg 339w\" sizes=\"(max-width: 768px) 100vw, 768px\" \/>\t\t\t\t\t\t\t\t\t\t\t<figcaption class=\"widget-image-caption wp-caption-text\"><\/figcaption>\n\t\t\t\t\t\t\t\t\t\t<\/figure>\n\t\t\t\t\t\t\t\t\t<\/div>\n\t\t\t\t<\/div>\n\t\t\t\t<div class=\"elementor-element elementor-element-5ce647a elementor-widget elementor-widget-heading\" data-id=\"5ce647a\" data-element_type=\"widget\" data-e-type=\"widget\" data-widget_type=\"heading.default\">\n\t\t\t\t<div class=\"elementor-widget-container\">\n\t\t\t\t\t<h3 class=\"elementor-heading-title elementor-size-default\">Pla\u00e7a de Espa\u00f1a o de los Pescaitos<\/h3>\t\t\t\t<\/div>\n\t\t\t\t<\/div>\n\t\t\t\t<div class=\"elementor-element elementor-element-6da57bc elementor-widget elementor-widget-text-editor\" data-id=\"6da57bc\" data-element_type=\"widget\" data-e-type=\"widget\" data-widget_type=\"text-editor.default\">\n\t\t\t\t<div class=\"elementor-widget-container\">\n\t\t\t\t\t\t\t\t\t<p>La <strong>pla\u00e7a<\/strong> <strong>de Espa\u00f1a<\/strong> o <strong>pla\u00e7a de los Pescaitos<\/strong> (<strong>7<\/strong>) queda emmarcada pel buit que deixava la muralla que en aquest punt girava 90<sup>o<\/sup>. L\u2019interior de la pla\u00e7a compensa el desnivell del terreny en aquesta zona.<\/p>\t\t\t\t\t\t\t\t<\/div>\n\t\t\t\t<\/div>\n\t\t\t\t<div class=\"elementor-element elementor-element-070fb79 elementor-widget elementor-widget-menu-anchor\" data-id=\"070fb79\" data-element_type=\"widget\" data-e-type=\"widget\" data-widget_type=\"menu-anchor.default\">\n\t\t\t\t<div class=\"elementor-widget-container\">\n\t\t\t\t\t\t\t<div class=\"elementor-menu-anchor\" id=\"c7711\"><\/div>\n\t\t\t\t\t\t<\/div>\n\t\t\t\t<\/div>\n\t\t\t\t<div class=\"elementor-element elementor-element-243c83d elementor-widget elementor-widget-image\" data-id=\"243c83d\" data-element_type=\"widget\" data-e-type=\"widget\" data-widget_type=\"image.default\">\n\t\t\t\t<div class=\"elementor-widget-container\">\n\t\t\t\t\t\t\t\t\t\t\t\t<figure class=\"wp-caption\">\n\t\t\t\t\t\t\t\t\t\t<img loading=\"lazy\" decoding=\"async\" width=\"768\" height=\"512\" src=\"https:\/\/www.elturistatranquil.com\/wp-content\/uploads\/F53-Plaza-de-Espana-Vejer-de-la-Frontera-Cadiz.jpg\" class=\"attachment-large size-large wp-image-43501\" alt=\"Plaza de Espa\u00f1a, Vejer de la Frontera, Cadiz\" srcset=\"https:\/\/www.elturistatranquil.com\/wp-content\/uploads\/F53-Plaza-de-Espana-Vejer-de-la-Frontera-Cadiz.jpg 768w, https:\/\/www.elturistatranquil.com\/wp-content\/uploads\/F53-Plaza-de-Espana-Vejer-de-la-Frontera-Cadiz-339x226.jpg 339w\" sizes=\"(max-width: 768px) 100vw, 768px\" \/>\t\t\t\t\t\t\t\t\t\t\t<figcaption class=\"widget-image-caption wp-caption-text\"><\/figcaption>\n\t\t\t\t\t\t\t\t\t\t<\/figure>\n\t\t\t\t\t\t\t\t\t<\/div>\n\t\t\t\t<\/div>\n\t\t\t\t<div class=\"elementor-element elementor-element-3e4edb4 elementor-widget elementor-widget-heading\" data-id=\"3e4edb4\" data-element_type=\"widget\" data-e-type=\"widget\" data-widget_type=\"heading.default\">\n\t\t\t\t<div class=\"elementor-widget-container\">\n\t\t\t\t\t<h3 class=\"elementor-heading-title elementor-size-default\"> Arc de la Villa<\/h3>\t\t\t\t<\/div>\n\t\t\t\t<\/div>\n\t\t\t\t<div class=\"elementor-element elementor-element-a762019 elementor-widget elementor-widget-text-editor\" data-id=\"a762019\" data-element_type=\"widget\" data-e-type=\"widget\" data-widget_type=\"text-editor.default\">\n\t\t\t\t<div class=\"elementor-widget-container\">\n\t\t\t\t\t\t\t\t\t<p>Al punt de gir de la muralla se situava l&#8217;<strong>arc de la Villa<\/strong> (<strong>6<\/strong>), una de les portes principals. Des d&#8217;aquesta posici\u00f3 es poden observar restes de la muralla a l&#8217;interior del caseriu.<\/p>\t\t\t\t\t\t\t\t<\/div>\n\t\t\t\t<\/div>\n\t\t\t\t<div class=\"elementor-element elementor-element-9d16346 elementor-widget elementor-widget-image\" data-id=\"9d16346\" data-element_type=\"widget\" data-e-type=\"widget\" data-widget_type=\"image.default\">\n\t\t\t\t<div class=\"elementor-widget-container\">\n\t\t\t\t\t\t\t\t\t\t\t\t<figure class=\"wp-caption\">\n\t\t\t\t\t\t\t\t\t\t<img loading=\"lazy\" decoding=\"async\" width=\"768\" height=\"511\" src=\"https:\/\/www.elturistatranquil.com\/wp-content\/uploads\/F53-Puerta-de-la-villa-Vejer-de-la-Frontera-Cadiz.jpg\" class=\"attachment-large size-large wp-image-43503\" alt=\"Arco de la villa, Vejer de la Frontera, Cadiz\" srcset=\"https:\/\/www.elturistatranquil.com\/wp-content\/uploads\/F53-Puerta-de-la-villa-Vejer-de-la-Frontera-Cadiz.jpg 768w, https:\/\/www.elturistatranquil.com\/wp-content\/uploads\/F53-Puerta-de-la-villa-Vejer-de-la-Frontera-Cadiz-339x226.jpg 339w\" sizes=\"(max-width: 768px) 100vw, 768px\" \/>\t\t\t\t\t\t\t\t\t\t\t<figcaption class=\"widget-image-caption wp-caption-text\"><\/figcaption>\n\t\t\t\t\t\t\t\t\t\t<\/figure>\n\t\t\t\t\t\t\t\t\t<\/div>\n\t\t\t\t<\/div>\n\t\t\t\t<div class=\"elementor-element elementor-element-39b8037 elementor-widget elementor-widget-image\" data-id=\"39b8037\" data-element_type=\"widget\" data-e-type=\"widget\" data-widget_type=\"image.default\">\n\t\t\t\t<div class=\"elementor-widget-container\">\n\t\t\t\t\t\t\t\t\t\t\t\t<figure class=\"wp-caption\">\n\t\t\t\t\t\t\t\t\t\t<img loading=\"lazy\" decoding=\"async\" width=\"768\" height=\"511\" src=\"https:\/\/www.elturistatranquil.com\/wp-content\/uploads\/F55-Plaza-de-Espana-Vejer-de-la-Frontera-Cadiz.jpg\" class=\"attachment-large size-large wp-image-43508\" alt=\"Plaza de Espa\u00f1a, Vejer de la Frontera, Cadiz\" srcset=\"https:\/\/www.elturistatranquil.com\/wp-content\/uploads\/F55-Plaza-de-Espana-Vejer-de-la-Frontera-Cadiz.jpg 768w, https:\/\/www.elturistatranquil.com\/wp-content\/uploads\/F55-Plaza-de-Espana-Vejer-de-la-Frontera-Cadiz-339x226.jpg 339w\" sizes=\"(max-width: 768px) 100vw, 768px\" \/>\t\t\t\t\t\t\t\t\t\t\t<figcaption class=\"widget-image-caption wp-caption-text\"><\/figcaption>\n\t\t\t\t\t\t\t\t\t\t<\/figure>\n\t\t\t\t\t\t\t\t\t<\/div>\n\t\t\t\t<\/div>\n\t\t\t\t<div class=\"elementor-element elementor-element-326b86f elementor-widget elementor-widget-text-editor\" data-id=\"326b86f\" data-element_type=\"widget\" data-e-type=\"widget\" data-widget_type=\"text-editor.default\">\n\t\t\t\t<div class=\"elementor-widget-container\">\n\t\t\t\t\t\t\t\t\t<p>El nom popular de <strong>pla\u00e7a de los Pescaitos<\/strong> es deu als que poblen la font central.<\/p><p>Aquest espai urb\u00e0 t\u00e9 els seus or\u00edgens al segle XVI quan la ciutat es va estendre fora del recinte emmurallat. Fins a finals del XVII va acollir festejos taurins per iniciativa dels gentilhomes i cavallers de Vejer. El 1954 es va construir la citada font, seguint patrons de l&#8217;Exposici\u00f3 Iberoamericana de Sevilla de 1929, amb ma\u00f3 vist i cer\u00e0mica. La font queda flanquejada per una s\u00e8rie de bancs i palmeres.<\/p>\t\t\t\t\t\t\t\t<\/div>\n\t\t\t\t<\/div>\n\t\t\t\t<div class=\"elementor-element elementor-element-c4e2d46 elementor-widget elementor-widget-image\" data-id=\"c4e2d46\" data-element_type=\"widget\" data-e-type=\"widget\" data-widget_type=\"image.default\">\n\t\t\t\t<div class=\"elementor-widget-container\">\n\t\t\t\t\t\t\t\t\t\t\t\t<figure class=\"wp-caption\">\n\t\t\t\t\t\t\t\t\t\t<img loading=\"lazy\" decoding=\"async\" width=\"768\" height=\"512\" src=\"https:\/\/www.elturistatranquil.com\/wp-content\/uploads\/F56-Plaza-de-Espana-Vejer-de-la-Frontera-Cadiz.jpg\" class=\"attachment-large size-large wp-image-43510\" alt=\"Plaza de Espa\u00f1a, Vejer de la Frontera, Cadiz\" srcset=\"https:\/\/www.elturistatranquil.com\/wp-content\/uploads\/F56-Plaza-de-Espana-Vejer-de-la-Frontera-Cadiz.jpg 768w, https:\/\/www.elturistatranquil.com\/wp-content\/uploads\/F56-Plaza-de-Espana-Vejer-de-la-Frontera-Cadiz-339x226.jpg 339w\" sizes=\"(max-width: 768px) 100vw, 768px\" \/>\t\t\t\t\t\t\t\t\t\t\t<figcaption class=\"widget-image-caption wp-caption-text\"><\/figcaption>\n\t\t\t\t\t\t\t\t\t\t<\/figure>\n\t\t\t\t\t\t\t\t\t<\/div>\n\t\t\t\t<\/div>\n\t\t\t\t<div class=\"elementor-element elementor-element-df716e6 elementor-widget elementor-widget-image\" data-id=\"df716e6\" data-element_type=\"widget\" data-e-type=\"widget\" data-widget_type=\"image.default\">\n\t\t\t\t<div class=\"elementor-widget-container\">\n\t\t\t\t\t\t\t\t\t\t\t\t<figure class=\"wp-caption\">\n\t\t\t\t\t\t\t\t\t\t<img loading=\"lazy\" decoding=\"async\" width=\"768\" height=\"512\" src=\"https:\/\/www.elturistatranquil.com\/wp-content\/uploads\/F57-Plaza-de-Espana-Vejer-de-la-Frontera-Cadiz.jpg\" class=\"attachment-large size-large wp-image-43512\" alt=\"Plaza de Espa\u00f1a, Vejer de la Frontera, Cadiz\" srcset=\"https:\/\/www.elturistatranquil.com\/wp-content\/uploads\/F57-Plaza-de-Espana-Vejer-de-la-Frontera-Cadiz.jpg 768w, https:\/\/www.elturistatranquil.com\/wp-content\/uploads\/F57-Plaza-de-Espana-Vejer-de-la-Frontera-Cadiz-339x226.jpg 339w\" sizes=\"(max-width: 768px) 100vw, 768px\" \/>\t\t\t\t\t\t\t\t\t\t\t<figcaption class=\"widget-image-caption wp-caption-text\"><\/figcaption>\n\t\t\t\t\t\t\t\t\t\t<\/figure>\n\t\t\t\t\t\t\t\t\t<\/div>\n\t\t\t\t<\/div>\n\t\t\t\t<div class=\"elementor-element elementor-element-d00b24b elementor-widget elementor-widget-text-editor\" data-id=\"d00b24b\" data-element_type=\"widget\" data-e-type=\"widget\" data-widget_type=\"text-editor.default\">\n\t\t\t\t<div class=\"elementor-widget-container\">\n\t\t\t\t\t\t\t\t\t<p>Al costat est de la pla\u00e7a, l&#8217;actual hotel El Jard\u00edn del Califa, correspon a l&#8217;edifici de la <strong>Cilla vella<\/strong> (<strong>8<\/strong>) que era la seu administrativa de la cilla decimal de l&#8217;Esgl\u00e9sia vejeriega i graner i magatzem dels delmes que els ve\u00efns de la vila havien de pagar anualment a l&#8217;Esgl\u00e9sia. L&#8217;edificaci\u00f3 es va haver d&#8217;iniciar a principis del segle XVI.<\/p><p>Destaca la portada barroca amb columnes salom\u00f2niques i un gran fris sota el balc\u00f3.<\/p>\t\t\t\t\t\t\t\t<\/div>\n\t\t\t\t<\/div>\n\t\t\t\t<div class=\"elementor-element elementor-element-00c61ba elementor-widget elementor-widget-image\" data-id=\"00c61ba\" data-element_type=\"widget\" data-e-type=\"widget\" data-widget_type=\"image.default\">\n\t\t\t\t<div class=\"elementor-widget-container\">\n\t\t\t\t\t\t\t\t\t\t\t\t<figure class=\"wp-caption\">\n\t\t\t\t\t\t\t\t\t\t<img loading=\"lazy\" decoding=\"async\" width=\"768\" height=\"512\" src=\"https:\/\/www.elturistatranquil.com\/wp-content\/uploads\/F58-Cilla-vieja-Vejer-de-la-Frontera-Cadiz.jpg\" class=\"attachment-large size-large wp-image-43514\" alt=\"Cilla vieja, Vejer de la Frontera, Cadiz\" srcset=\"https:\/\/www.elturistatranquil.com\/wp-content\/uploads\/F58-Cilla-vieja-Vejer-de-la-Frontera-Cadiz.jpg 768w, https:\/\/www.elturistatranquil.com\/wp-content\/uploads\/F58-Cilla-vieja-Vejer-de-la-Frontera-Cadiz-339x226.jpg 339w\" sizes=\"(max-width: 768px) 100vw, 768px\" \/>\t\t\t\t\t\t\t\t\t\t\t<figcaption class=\"widget-image-caption wp-caption-text\"><\/figcaption>\n\t\t\t\t\t\t\t\t\t\t<\/figure>\n\t\t\t\t\t\t\t\t\t<\/div>\n\t\t\t\t<\/div>\n\t\t\t\t<div class=\"elementor-element elementor-element-f36634a elementor-widget elementor-widget-menu-anchor\" data-id=\"f36634a\" data-element_type=\"widget\" data-e-type=\"widget\" data-widget_type=\"menu-anchor.default\">\n\t\t\t\t<div class=\"elementor-widget-container\">\n\t\t\t\t\t\t\t<div class=\"elementor-menu-anchor\" id=\"c7712\"><\/div>\n\t\t\t\t\t\t<\/div>\n\t\t\t\t<\/div>\n\t\t\t\t<div class=\"elementor-element elementor-element-078fd95 elementor-widget elementor-widget-image\" data-id=\"078fd95\" data-element_type=\"widget\" data-e-type=\"widget\" data-widget_type=\"image.default\">\n\t\t\t\t<div class=\"elementor-widget-container\">\n\t\t\t\t\t\t\t\t\t\t\t\t<figure class=\"wp-caption\">\n\t\t\t\t\t\t\t\t\t\t<img loading=\"lazy\" decoding=\"async\" width=\"768\" height=\"511\" src=\"https:\/\/www.elturistatranquil.com\/wp-content\/uploads\/F59-Cilla-vieja-Vejer-de-la-Frontera-Cadiz.jpg\" class=\"attachment-large size-large wp-image-43516\" alt=\"Cilla vieja, Vejer de la Frontera, Cadiz\" srcset=\"https:\/\/www.elturistatranquil.com\/wp-content\/uploads\/F59-Cilla-vieja-Vejer-de-la-Frontera-Cadiz.jpg 768w, https:\/\/www.elturistatranquil.com\/wp-content\/uploads\/F59-Cilla-vieja-Vejer-de-la-Frontera-Cadiz-339x226.jpg 339w\" sizes=\"(max-width: 768px) 100vw, 768px\" \/>\t\t\t\t\t\t\t\t\t\t\t<figcaption class=\"widget-image-caption wp-caption-text\"><\/figcaption>\n\t\t\t\t\t\t\t\t\t\t<\/figure>\n\t\t\t\t\t\t\t\t\t<\/div>\n\t\t\t\t<\/div>\n\t\t\t\t<div class=\"elementor-element elementor-element-0ddf617 elementor-widget elementor-widget-heading\" data-id=\"0ddf617\" data-element_type=\"widget\" data-e-type=\"widget\" data-widget_type=\"heading.default\">\n\t\t\t\t<div class=\"elementor-widget-container\">\n\t\t\t\t\t<h3 class=\"elementor-heading-title elementor-size-default\">Torre del Mayorazgo<\/h3>\t\t\t\t<\/div>\n\t\t\t\t<\/div>\n\t\t\t\t<div class=\"elementor-element elementor-element-aca3556 elementor-widget elementor-widget-heading\" data-id=\"aca3556\" data-element_type=\"widget\" data-e-type=\"widget\" data-widget_type=\"heading.default\">\n\t\t\t\t<div class=\"elementor-widget-container\">\n\t\t\t\t\t<h4 class=\"elementor-heading-title elementor-size-default\">Carrer Merced<\/h4>\t\t\t\t<\/div>\n\t\t\t\t<\/div>\n\t\t\t\t<div class=\"elementor-element elementor-element-575795d elementor-widget elementor-widget-text-editor\" data-id=\"575795d\" data-element_type=\"widget\" data-e-type=\"widget\" data-widget_type=\"text-editor.default\">\n\t\t\t\t<div class=\"elementor-widget-container\">\n\t\t\t\t\t\t\t\t\t<p>Cap a l&#8217;est s&#8217;obre el <strong>carrer Merced<\/strong>. Destaca la <strong>torre del Mayorazgo<\/strong> (<strong>9<\/strong>), tamb\u00e9 anomenada <strong>torre de l&#8217;Homenatge<\/strong>, que forma part de la <strong>casa del Mayorazgo<\/strong>.<\/p>\t\t\t\t\t\t\t\t<\/div>\n\t\t\t\t<\/div>\n\t\t\t\t<div class=\"elementor-element elementor-element-f5204ed elementor-widget elementor-widget-menu-anchor\" data-id=\"f5204ed\" data-element_type=\"widget\" data-e-type=\"widget\" data-widget_type=\"menu-anchor.default\">\n\t\t\t\t<div class=\"elementor-widget-container\">\n\t\t\t\t\t\t\t<div class=\"elementor-menu-anchor\" id=\"c7713\"><\/div>\n\t\t\t\t\t\t<\/div>\n\t\t\t\t<\/div>\n\t\t\t\t<div class=\"elementor-element elementor-element-53c1ade elementor-widget elementor-widget-image\" data-id=\"53c1ade\" data-element_type=\"widget\" data-e-type=\"widget\" data-widget_type=\"image.default\">\n\t\t\t\t<div class=\"elementor-widget-container\">\n\t\t\t\t\t\t\t\t\t\t\t\t<figure class=\"wp-caption\">\n\t\t\t\t\t\t\t\t\t\t<img loading=\"lazy\" decoding=\"async\" width=\"768\" height=\"511\" src=\"https:\/\/www.elturistatranquil.com\/wp-content\/uploads\/F61-Torre-del-moyorazgo-Vejer-de-la-Frontera-Cadiz.jpg\" class=\"attachment-large size-large wp-image-43521\" alt=\"Torre del mayorazgo, Vejer de la Frontera, Cadiz\" srcset=\"https:\/\/www.elturistatranquil.com\/wp-content\/uploads\/F61-Torre-del-moyorazgo-Vejer-de-la-Frontera-Cadiz.jpg 768w, https:\/\/www.elturistatranquil.com\/wp-content\/uploads\/F61-Torre-del-moyorazgo-Vejer-de-la-Frontera-Cadiz-339x226.jpg 339w\" sizes=\"(max-width: 768px) 100vw, 768px\" \/>\t\t\t\t\t\t\t\t\t\t\t<figcaption class=\"widget-image-caption wp-caption-text\"><\/figcaption>\n\t\t\t\t\t\t\t\t\t\t<\/figure>\n\t\t\t\t\t\t\t\t\t<\/div>\n\t\t\t\t<\/div>\n\t\t\t\t<div class=\"elementor-element elementor-element-a168830 elementor-widget elementor-widget-heading\" data-id=\"a168830\" data-element_type=\"widget\" data-e-type=\"widget\" data-widget_type=\"heading.default\">\n\t\t\t\t<div class=\"elementor-widget-container\">\n\t\t\t\t\t<h3 class=\"elementor-heading-title elementor-size-default\">Esgl\u00e9sia del convent de la Merced<\/h3>\t\t\t\t<\/div>\n\t\t\t\t<\/div>\n\t\t\t\t<div class=\"elementor-element elementor-element-d2d91c5 elementor-widget elementor-widget-text-editor\" data-id=\"d2d91c5\" data-element_type=\"widget\" data-e-type=\"widget\" data-widget_type=\"text-editor.default\">\n\t\t\t\t<div class=\"elementor-widget-container\">\n\t\t\t\t\t\t\t\t\t<p>L&#8217;<strong>esgl\u00e9sia de la Merced<\/strong> (<strong>10<\/strong>) formava part de l&#8217;antic convent de la Merc\u00e8 de Santa Caterina, obert al culte el 1646, i rehabilitada el 1990.<\/p><p>El temple \u00e9s de nau coberta amb volta de mig can\u00f3 amb dues entrades. La portada lateral d&#8217;arc mig punt amb ornamentaci\u00f3 de pilastres, entaulament i senzill front\u00f3 partit per l&#8217;escut de l&#8217;ordre de la Merc\u00e8. La portada principal, avui clausurada, era al mur tester als peus del temple. Era igualment de mig punt i presentava cap a l&#8217;exterior una ornamentaci\u00f3 de pilastres i entaulament simple. A la dreta d&#8217;aquest mur descansa la cadireta de dos cossos, edificada a finals del S. XVIII.<\/p><p>Al mur lateral destaca un relleu petri del segle XX que representa una dona aixoplugada, amb el vestit t\u00edpic vejeriego de <em>cobijada<\/em>, compost de saia i mantell. En aquest cas, sembla que la porta de ferradura de fons vol remetre el seu origen a \u00e8poca musulmana, com ja he dit origen discutible.<\/p><p>El convent i l&#8217;esgl\u00e9sia estan ocupats actualment per una escola.<\/p>\t\t\t\t\t\t\t\t<\/div>\n\t\t\t\t<\/div>\n\t\t\t\t<div class=\"elementor-element elementor-element-cd72075 elementor-widget elementor-widget-image\" data-id=\"cd72075\" data-element_type=\"widget\" data-e-type=\"widget\" data-widget_type=\"image.default\">\n\t\t\t\t<div class=\"elementor-widget-container\">\n\t\t\t\t\t\t\t\t\t\t\t\t<figure class=\"wp-caption\">\n\t\t\t\t\t\t\t\t\t\t<img loading=\"lazy\" decoding=\"async\" width=\"768\" height=\"512\" src=\"https:\/\/www.elturistatranquil.com\/wp-content\/uploads\/F62-Iglesia-de-la-Merded-Vejer-de-la-Frontera-Cadiz.jpg\" class=\"attachment-large size-large wp-image-43523\" alt=\"Iglesia de la Merded,, Vejer de la Frontera, Cadiz\" srcset=\"https:\/\/www.elturistatranquil.com\/wp-content\/uploads\/F62-Iglesia-de-la-Merded-Vejer-de-la-Frontera-Cadiz.jpg 768w, https:\/\/www.elturistatranquil.com\/wp-content\/uploads\/F62-Iglesia-de-la-Merded-Vejer-de-la-Frontera-Cadiz-339x226.jpg 339w\" sizes=\"(max-width: 768px) 100vw, 768px\" \/>\t\t\t\t\t\t\t\t\t\t\t<figcaption class=\"widget-image-caption wp-caption-text\"><\/figcaption>\n\t\t\t\t\t\t\t\t\t\t<\/figure>\n\t\t\t\t\t\t\t\t\t<\/div>\n\t\t\t\t<\/div>\n\t\t\t\t<div class=\"elementor-element elementor-element-f224a90 elementor-widget elementor-widget-menu-anchor\" data-id=\"f224a90\" data-element_type=\"widget\" data-e-type=\"widget\" data-widget_type=\"menu-anchor.default\">\n\t\t\t\t<div class=\"elementor-widget-container\">\n\t\t\t\t\t\t\t<div class=\"elementor-menu-anchor\" id=\"c7714\"><\/div>\n\t\t\t\t\t\t<\/div>\n\t\t\t\t<\/div>\n\t\t\t\t<div class=\"elementor-element elementor-element-bc96e07 elementor-widget elementor-widget-image\" data-id=\"bc96e07\" data-element_type=\"widget\" data-e-type=\"widget\" data-widget_type=\"image.default\">\n\t\t\t\t<div class=\"elementor-widget-container\">\n\t\t\t\t\t\t\t\t\t\t\t\t<figure class=\"wp-caption\">\n\t\t\t\t\t\t\t\t\t\t<img loading=\"lazy\" decoding=\"async\" width=\"768\" height=\"511\" src=\"https:\/\/www.elturistatranquil.com\/wp-content\/uploads\/F63-Iglesia-de-la-Merded-Vejer-de-la-Frontera-Cadiz.jpg\" class=\"attachment-large size-large wp-image-43525\" alt=\"Iglesia de la Merded,, Vejer de la Frontera, Cadiz\" srcset=\"https:\/\/www.elturistatranquil.com\/wp-content\/uploads\/F63-Iglesia-de-la-Merded-Vejer-de-la-Frontera-Cadiz.jpg 768w, https:\/\/www.elturistatranquil.com\/wp-content\/uploads\/F63-Iglesia-de-la-Merded-Vejer-de-la-Frontera-Cadiz-339x226.jpg 339w\" sizes=\"(max-width: 768px) 100vw, 768px\" \/>\t\t\t\t\t\t\t\t\t\t\t<figcaption class=\"widget-image-caption wp-caption-text\"><\/figcaption>\n\t\t\t\t\t\t\t\t\t\t<\/figure>\n\t\t\t\t\t\t\t\t\t<\/div>\n\t\t\t\t<\/div>\n\t\t\t\t<div class=\"elementor-element elementor-element-af7916b elementor-widget elementor-widget-heading\" data-id=\"af7916b\" data-element_type=\"widget\" data-e-type=\"widget\" data-widget_type=\"heading.default\">\n\t\t\t\t<div class=\"elementor-widget-container\">\n\t\t\t\t\t<h3 class=\"elementor-heading-title elementor-size-default\">Recinte de Sancho IV, Arc de Sancho IV i Casa del Mayorazgo<\/h3>\t\t\t\t<\/div>\n\t\t\t\t<\/div>\n\t\t\t\t<div class=\"elementor-element elementor-element-fd8b748 elementor-widget elementor-widget-text-editor\" data-id=\"fd8b748\" data-element_type=\"widget\" data-e-type=\"widget\" data-widget_type=\"text-editor.default\">\n\t\t\t\t<div class=\"elementor-widget-container\">\n\t\t\t\t\t\t\t\t\t<p>El <strong>recinte de Sancho IV<\/strong> (<strong>12<\/strong>), situat a l&#8217;extrem nord-oriental del recinte emmurallat, queda definit per la torre del Mayorazgo, la torre i l&#8217;arc de Sancho IV i la casa del Mayorazgo, configurant un petit recinte defensiu.<\/p><p>La torre que dona al sud, coneguda com a torre del Mayorazgo adquireix majors proporcions i altura i es corona amb un petit terrat amb espadanya. Des de la seva altura es veuen clarament els aiguamolls i cala de Barbate, cosa que sembla justificar la seva funci\u00f3 defensiva i de guaita.<\/p>\t\t\t\t\t\t\t\t<\/div>\n\t\t\t\t<\/div>\n\t\t\t\t<div class=\"elementor-element elementor-element-25247ca elementor-widget elementor-widget-image\" data-id=\"25247ca\" data-element_type=\"widget\" data-e-type=\"widget\" data-widget_type=\"image.default\">\n\t\t\t\t<div class=\"elementor-widget-container\">\n\t\t\t\t\t\t\t\t\t\t\t\t<figure class=\"wp-caption\">\n\t\t\t\t\t\t\t\t\t\t<img loading=\"lazy\" decoding=\"async\" width=\"547\" height=\"570\" src=\"https:\/\/www.elturistatranquil.com\/wp-content\/uploads\/F64-Torre-del-mayorazgo-Vejer-de-la-Frontera-Cadiz.jpg\" class=\"attachment-large size-large wp-image-43527\" alt=\"Torre del mayorazgo, Vejer de la Frontera, Cadiz\" srcset=\"https:\/\/www.elturistatranquil.com\/wp-content\/uploads\/F64-Torre-del-mayorazgo-Vejer-de-la-Frontera-Cadiz.jpg 547w, https:\/\/www.elturistatranquil.com\/wp-content\/uploads\/F64-Torre-del-mayorazgo-Vejer-de-la-Frontera-Cadiz-217x226.jpg 217w\" sizes=\"(max-width: 547px) 100vw, 547px\" \/>\t\t\t\t\t\t\t\t\t\t\t<figcaption class=\"widget-image-caption wp-caption-text\"><\/figcaption>\n\t\t\t\t\t\t\t\t\t\t<\/figure>\n\t\t\t\t\t\t\t\t\t<\/div>\n\t\t\t\t<\/div>\n\t\t\t\t<div class=\"elementor-element elementor-element-5fd9e40 elementor-widget elementor-widget-image\" data-id=\"5fd9e40\" data-element_type=\"widget\" data-e-type=\"widget\" data-widget_type=\"image.default\">\n\t\t\t\t<div class=\"elementor-widget-container\">\n\t\t\t\t\t\t\t\t\t\t\t\t<figure class=\"wp-caption\">\n\t\t\t\t\t\t\t\t\t\t<img loading=\"lazy\" decoding=\"async\" width=\"768\" height=\"511\" src=\"https:\/\/www.elturistatranquil.com\/wp-content\/uploads\/F65-Recinto-y-puerta-de-Sancho-IV-Vejer-de-la-Frontera-Cadiz.jpg\" class=\"attachment-large size-large wp-image-43529\" alt=\"Recinto y puerta de Sancho IV,, Vejer de la Frontera, Cadiz\" srcset=\"https:\/\/www.elturistatranquil.com\/wp-content\/uploads\/F65-Recinto-y-puerta-de-Sancho-IV-Vejer-de-la-Frontera-Cadiz.jpg 768w, https:\/\/www.elturistatranquil.com\/wp-content\/uploads\/F65-Recinto-y-puerta-de-Sancho-IV-Vejer-de-la-Frontera-Cadiz-339x226.jpg 339w\" sizes=\"(max-width: 768px) 100vw, 768px\" \/>\t\t\t\t\t\t\t\t\t\t\t<figcaption class=\"widget-image-caption wp-caption-text\"><\/figcaption>\n\t\t\t\t\t\t\t\t\t\t<\/figure>\n\t\t\t\t\t\t\t\t\t<\/div>\n\t\t\t\t<\/div>\n\t\t\t\t<div class=\"elementor-element elementor-element-efd385d elementor-widget elementor-widget-image\" data-id=\"efd385d\" data-element_type=\"widget\" data-e-type=\"widget\" data-widget_type=\"image.default\">\n\t\t\t\t<div class=\"elementor-widget-container\">\n\t\t\t\t\t\t\t\t\t\t\t\t<figure class=\"wp-caption\">\n\t\t\t\t\t\t\t\t\t\t<img loading=\"lazy\" decoding=\"async\" width=\"768\" height=\"511\" src=\"https:\/\/www.elturistatranquil.com\/wp-content\/uploads\/F66-Recinto-y-puerta-de-Sancho-IV-Vejer-de-la-Frontera-Cadiz.jpg\" class=\"attachment-large size-large wp-image-43534\" alt=\"Recinto y puerta de Sancho IV,, Vejer de la Frontera, Cadiz\" srcset=\"https:\/\/www.elturistatranquil.com\/wp-content\/uploads\/F66-Recinto-y-puerta-de-Sancho-IV-Vejer-de-la-Frontera-Cadiz.jpg 768w, https:\/\/www.elturistatranquil.com\/wp-content\/uploads\/F66-Recinto-y-puerta-de-Sancho-IV-Vejer-de-la-Frontera-Cadiz-339x226.jpg 339w\" sizes=\"(max-width: 768px) 100vw, 768px\" \/>\t\t\t\t\t\t\t\t\t\t\t<figcaption class=\"widget-image-caption wp-caption-text\"><\/figcaption>\n\t\t\t\t\t\t\t\t\t\t<\/figure>\n\t\t\t\t\t\t\t\t\t<\/div>\n\t\t\t\t<\/div>\n\t\t\t\t<div class=\"elementor-element elementor-element-abbfdc9 elementor-widget elementor-widget-image\" data-id=\"abbfdc9\" data-element_type=\"widget\" data-e-type=\"widget\" data-widget_type=\"image.default\">\n\t\t\t\t<div class=\"elementor-widget-container\">\n\t\t\t\t\t\t\t\t\t\t\t\t<figure class=\"wp-caption\">\n\t\t\t\t\t\t\t\t\t\t<img loading=\"lazy\" decoding=\"async\" width=\"768\" height=\"511\" src=\"https:\/\/www.elturistatranquil.com\/wp-content\/uploads\/F67-Recinto-y-puerta-de-Sancho-IV-Vejer-de-la-Frontera-Cadiz.jpg\" class=\"attachment-large size-large wp-image-43536\" alt=\"Recinto y puerta de Sancho IV,, Vejer de la Frontera, Cadiz\" srcset=\"https:\/\/www.elturistatranquil.com\/wp-content\/uploads\/F67-Recinto-y-puerta-de-Sancho-IV-Vejer-de-la-Frontera-Cadiz.jpg 768w, https:\/\/www.elturistatranquil.com\/wp-content\/uploads\/F67-Recinto-y-puerta-de-Sancho-IV-Vejer-de-la-Frontera-Cadiz-339x226.jpg 339w\" sizes=\"(max-width: 768px) 100vw, 768px\" \/>\t\t\t\t\t\t\t\t\t\t\t<figcaption class=\"widget-image-caption wp-caption-text\"><\/figcaption>\n\t\t\t\t\t\t\t\t\t\t<\/figure>\n\t\t\t\t\t\t\t\t\t<\/div>\n\t\t\t\t<\/div>\n\t\t\t\t<div class=\"elementor-element elementor-element-82edaec elementor-widget elementor-widget-text-editor\" data-id=\"82edaec\" data-element_type=\"widget\" data-e-type=\"widget\" data-widget_type=\"text-editor.default\">\n\t\t\t\t<div class=\"elementor-widget-container\">\n\t\t\t\t\t\t\t\t\t<p>A la cara nord del casc, mirant cap a Medina Sidonia, es troba l&#8217;<strong>arc de Sancho IV<\/strong> (<strong>11<\/strong>), possiblement la porta m\u00e9s antiga de la muralla, coneguda en altres temps com a arc de Naveda. Recorda el rei conqueridor de la vila el 1264.<\/p>\t\t\t\t\t\t\t\t<\/div>\n\t\t\t\t<\/div>\n\t\t\t\t<div class=\"elementor-element elementor-element-d8fe114 elementor-widget elementor-widget-image\" data-id=\"d8fe114\" data-element_type=\"widget\" data-e-type=\"widget\" data-widget_type=\"image.default\">\n\t\t\t\t<div class=\"elementor-widget-container\">\n\t\t\t\t\t\t\t\t\t\t\t\t<figure class=\"wp-caption\">\n\t\t\t\t\t\t\t\t\t\t<img loading=\"lazy\" decoding=\"async\" width=\"768\" height=\"511\" src=\"https:\/\/www.elturistatranquil.com\/wp-content\/uploads\/F68-Recinto-y-puerta-de-Sancho-IV-Vejer-de-la-Frontera-Cadiz.jpg\" class=\"attachment-large size-large wp-image-43538\" alt=\"Recinto y puerta de Sancho IV,, Vejer de la Frontera, Cadiz\" srcset=\"https:\/\/www.elturistatranquil.com\/wp-content\/uploads\/F68-Recinto-y-puerta-de-Sancho-IV-Vejer-de-la-Frontera-Cadiz.jpg 768w, https:\/\/www.elturistatranquil.com\/wp-content\/uploads\/F68-Recinto-y-puerta-de-Sancho-IV-Vejer-de-la-Frontera-Cadiz-339x226.jpg 339w\" sizes=\"(max-width: 768px) 100vw, 768px\" \/>\t\t\t\t\t\t\t\t\t\t\t<figcaption class=\"widget-image-caption wp-caption-text\"><\/figcaption>\n\t\t\t\t\t\t\t\t\t\t<\/figure>\n\t\t\t\t\t\t\t\t\t<\/div>\n\t\t\t\t<\/div>\n\t\t\t\t<div class=\"elementor-element elementor-element-0e9d684 elementor-widget elementor-widget-text-editor\" data-id=\"0e9d684\" data-element_type=\"widget\" data-e-type=\"widget\" data-widget_type=\"text-editor.default\">\n\t\t\t\t<div class=\"elementor-widget-container\">\n\t\t\t\t\t\t\t\t\t<p>Al costat de l&#8217;entrada, el poble de Vejer ha volgut dedicar un monument a Juan Relinque, defensor al segle XVI de les <em>Hazas de Suerte<\/em>, del qual ja he parlat.<\/p>\t\t\t\t\t\t\t\t<\/div>\n\t\t\t\t<\/div>\n\t\t\t\t<div class=\"elementor-element elementor-element-02b585a elementor-widget elementor-widget-image\" data-id=\"02b585a\" data-element_type=\"widget\" data-e-type=\"widget\" data-widget_type=\"image.default\">\n\t\t\t\t<div class=\"elementor-widget-container\">\n\t\t\t\t\t\t\t\t\t\t\t\t<figure class=\"wp-caption\">\n\t\t\t\t\t\t\t\t\t\t<img loading=\"lazy\" decoding=\"async\" width=\"466\" height=\"570\" src=\"https:\/\/www.elturistatranquil.com\/wp-content\/uploads\/F69-Recinto-y-puerta-de-Sancho-IV-Vejer-de-la-Frontera-Cadiz.jpg\" class=\"attachment-large size-large wp-image-43540\" alt=\"Recinto y puerta de Sancho IV,, Vejer de la Frontera, Cadiz\" srcset=\"https:\/\/www.elturistatranquil.com\/wp-content\/uploads\/F69-Recinto-y-puerta-de-Sancho-IV-Vejer-de-la-Frontera-Cadiz.jpg 466w, https:\/\/www.elturistatranquil.com\/wp-content\/uploads\/F69-Recinto-y-puerta-de-Sancho-IV-Vejer-de-la-Frontera-Cadiz-185x226.jpg 185w\" sizes=\"(max-width: 466px) 100vw, 466px\" \/>\t\t\t\t\t\t\t\t\t\t\t<figcaption class=\"widget-image-caption wp-caption-text\"><\/figcaption>\n\t\t\t\t\t\t\t\t\t\t<\/figure>\n\t\t\t\t\t\t\t\t\t<\/div>\n\t\t\t\t<\/div>\n\t\t\t\t<div class=\"elementor-element elementor-element-6e834b8 elementor-widget elementor-widget-text-editor\" data-id=\"6e834b8\" data-element_type=\"widget\" data-e-type=\"widget\" data-widget_type=\"text-editor.default\">\n\t\t\t\t<div class=\"elementor-widget-container\">\n\t\t\t\t\t\t\t\t\t<p>Darrera de la porta de Sancho IV es troba la ja citada <strong>casa del Mayorazgo<\/strong> (<strong>12<\/strong>) sobre el recinte de Sancho IV. Fundada per D. Antonio dels Cameros Mendoza, membre d&#8217;una fam\u00edlia hidalaga vejeriega.<\/p><p>Aquesta casa pairal del segle XVIII t\u00e9 a la fa\u00e7ana una portada amb dues pilastres barroques, motllures i baquetons mixtilinis i un balc\u00f3 amb tancament i teulada volada sobre la portada.<\/p><p>L\u00b4interior s\u00b4organitza al voltant de dos patis. Al primer pati hi vivien els senyors, i consta de dos cossos amb arcs sobre columnes. El segon acull depend\u00e8ncies pr\u00f2pies de l&#8217;\u00e0rea de servei, com quadres, aljubs, safareigs i habitacions dels servents.<\/p><p>Les refer\u00e8ncies indiquen que actualment es correspon amb una casa de ve\u00efns. Aquesta casa particular \u00e9s oberta a visites dels patis enjardinats i de la torre del Mayorazgo.<\/p>\t\t\t\t\t\t\t\t<\/div>\n\t\t\t\t<\/div>\n\t\t\t\t<div class=\"elementor-element elementor-element-f9e577f elementor-widget elementor-widget-image\" data-id=\"f9e577f\" data-element_type=\"widget\" data-e-type=\"widget\" data-widget_type=\"image.default\">\n\t\t\t\t<div class=\"elementor-widget-container\">\n\t\t\t\t\t\t\t\t\t\t\t\t<figure class=\"wp-caption\">\n\t\t\t\t\t\t\t\t\t\t<img loading=\"lazy\" decoding=\"async\" width=\"768\" height=\"511\" src=\"https:\/\/www.elturistatranquil.com\/wp-content\/uploads\/F70-Casa-del-mayorazgo-Vejer-de-la-Frontera-Cadiz.jpg\" class=\"attachment-large size-large wp-image-43542\" alt=\"Casa del mayorazgo, Vejer de la Frontera, Cadiz\" srcset=\"https:\/\/www.elturistatranquil.com\/wp-content\/uploads\/F70-Casa-del-mayorazgo-Vejer-de-la-Frontera-Cadiz.jpg 768w, https:\/\/www.elturistatranquil.com\/wp-content\/uploads\/F70-Casa-del-mayorazgo-Vejer-de-la-Frontera-Cadiz-339x226.jpg 339w\" sizes=\"(max-width: 768px) 100vw, 768px\" \/>\t\t\t\t\t\t\t\t\t\t\t<figcaption class=\"widget-image-caption wp-caption-text\"><\/figcaption>\n\t\t\t\t\t\t\t\t\t\t<\/figure>\n\t\t\t\t\t\t\t\t\t<\/div>\n\t\t\t\t<\/div>\n\t\t\t\t<div class=\"elementor-element elementor-element-38cac41 elementor-widget elementor-widget-text-editor\" data-id=\"38cac41\" data-element_type=\"widget\" data-e-type=\"widget\" data-widget_type=\"text-editor.default\">\n\t\t\t\t<div class=\"elementor-widget-container\">\n\t\t\t\t\t\t\t\t\t<p>Des del vest\u00edbul d&#8217;entrada s&#8217;accedeix al pati principal.<\/p>\t\t\t\t\t\t\t\t<\/div>\n\t\t\t\t<\/div>\n\t\t\t\t<div class=\"elementor-element elementor-element-f1b0807 elementor-widget elementor-widget-image\" data-id=\"f1b0807\" data-element_type=\"widget\" data-e-type=\"widget\" data-widget_type=\"image.default\">\n\t\t\t\t<div class=\"elementor-widget-container\">\n\t\t\t\t\t\t\t\t\t\t\t\t<figure class=\"wp-caption\">\n\t\t\t\t\t\t\t\t\t\t<img loading=\"lazy\" decoding=\"async\" width=\"768\" height=\"512\" src=\"https:\/\/www.elturistatranquil.com\/wp-content\/uploads\/F71-Casa-del-mayorazgo-Vejer-de-la-Frontera-Cadiz.jpg\" class=\"attachment-large size-large wp-image-43547\" alt=\"Casa del mayorazgo, Vejer de la Frontera, Cadiz\" srcset=\"https:\/\/www.elturistatranquil.com\/wp-content\/uploads\/F71-Casa-del-mayorazgo-Vejer-de-la-Frontera-Cadiz.jpg 768w, https:\/\/www.elturistatranquil.com\/wp-content\/uploads\/F71-Casa-del-mayorazgo-Vejer-de-la-Frontera-Cadiz-339x226.jpg 339w\" sizes=\"(max-width: 768px) 100vw, 768px\" \/>\t\t\t\t\t\t\t\t\t\t\t<figcaption class=\"widget-image-caption wp-caption-text\"><\/figcaption>\n\t\t\t\t\t\t\t\t\t\t<\/figure>\n\t\t\t\t\t\t\t\t\t<\/div>\n\t\t\t\t<\/div>\n\t\t\t\t<div class=\"elementor-element elementor-element-f0de4ac elementor-widget elementor-widget-text-editor\" data-id=\"f0de4ac\" data-element_type=\"widget\" data-e-type=\"widget\" data-widget_type=\"text-editor.default\">\n\t\t\t\t<div class=\"elementor-widget-container\">\n\t\t\t\t\t\t\t\t\t<p>El pati porticat \u00e9s de columnes de marbre emblanquinat d&#8217;arcs carpanells. T\u00e9 dos nivells coberts. Tot d&#8217;una blancor immaculada.<\/p>\t\t\t\t\t\t\t\t<\/div>\n\t\t\t\t<\/div>\n\t\t\t\t<div class=\"elementor-element elementor-element-96e6b6f elementor-widget elementor-widget-image\" data-id=\"96e6b6f\" data-element_type=\"widget\" data-e-type=\"widget\" data-widget_type=\"image.default\">\n\t\t\t\t<div class=\"elementor-widget-container\">\n\t\t\t\t\t\t\t\t\t\t\t\t<figure class=\"wp-caption\">\n\t\t\t\t\t\t\t\t\t\t<img loading=\"lazy\" decoding=\"async\" width=\"768\" height=\"512\" src=\"https:\/\/www.elturistatranquil.com\/wp-content\/uploads\/F72-Casa-del-mayorazgo-Vejer-de-la-Frontera-Cadiz.jpg\" class=\"attachment-large size-large wp-image-43549\" alt=\"Casa del mayorazgo, Vejer de la Frontera, Cadiz\" srcset=\"https:\/\/www.elturistatranquil.com\/wp-content\/uploads\/F72-Casa-del-mayorazgo-Vejer-de-la-Frontera-Cadiz.jpg 768w, https:\/\/www.elturistatranquil.com\/wp-content\/uploads\/F72-Casa-del-mayorazgo-Vejer-de-la-Frontera-Cadiz-339x226.jpg 339w\" sizes=\"(max-width: 768px) 100vw, 768px\" \/>\t\t\t\t\t\t\t\t\t\t\t<figcaption class=\"widget-image-caption wp-caption-text\"><\/figcaption>\n\t\t\t\t\t\t\t\t\t\t<\/figure>\n\t\t\t\t\t\t\t\t\t<\/div>\n\t\t\t\t<\/div>\n\t\t\t\t<div class=\"elementor-element elementor-element-cb04dc7 elementor-widget elementor-widget-text-editor\" data-id=\"cb04dc7\" data-element_type=\"widget\" data-e-type=\"widget\" data-widget_type=\"text-editor.default\">\n\t\t\t\t<div class=\"elementor-widget-container\">\n\t\t\t\t\t\t\t\t\t<p>El pati principal porta a trav\u00e9s d&#8217;un passad\u00eds a un segon pati que serveix de servei. Tamb\u00e9 porticat cobert per una terrassa. T\u00e9 l&#8217;inter\u00e8s que es troba acoblat a la muralla i que, als dos costats que donen al carrer, corresponen al cam\u00ed de ronda de la muralla i l&#8217;acc\u00e9s a la torre del Mayorazgo.<\/p><p>El pati \u00e9s un assidu participant del <strong>Concurs de Patis i Fa\u00e7anes de Vejer<\/strong>, en qu\u00e8 acostuma a guanyar el <strong>primer Premi de Patis Antics<\/strong>. \u00c9s un espectacle floral digne d\u00b4admirar.<\/p>\t\t\t\t\t\t\t\t<\/div>\n\t\t\t\t<\/div>\n\t\t\t\t<div class=\"elementor-element elementor-element-6edc686 elementor-widget elementor-widget-image\" data-id=\"6edc686\" data-element_type=\"widget\" data-e-type=\"widget\" data-widget_type=\"image.default\">\n\t\t\t\t<div class=\"elementor-widget-container\">\n\t\t\t\t\t\t\t\t\t\t\t\t<figure class=\"wp-caption\">\n\t\t\t\t\t\t\t\t\t\t<img loading=\"lazy\" decoding=\"async\" width=\"768\" height=\"512\" src=\"https:\/\/www.elturistatranquil.com\/wp-content\/uploads\/F73-Casa-del-mayorazgo-Vejer-de-la-Frontera-Cadiz.jpg\" class=\"attachment-large size-large wp-image-43551\" alt=\"Casa del mayorazgo, Vejer de la Frontera, Cadiz\" srcset=\"https:\/\/www.elturistatranquil.com\/wp-content\/uploads\/F73-Casa-del-mayorazgo-Vejer-de-la-Frontera-Cadiz.jpg 768w, https:\/\/www.elturistatranquil.com\/wp-content\/uploads\/F73-Casa-del-mayorazgo-Vejer-de-la-Frontera-Cadiz-339x226.jpg 339w\" sizes=\"(max-width: 768px) 100vw, 768px\" \/>\t\t\t\t\t\t\t\t\t\t\t<figcaption class=\"widget-image-caption wp-caption-text\"><\/figcaption>\n\t\t\t\t\t\t\t\t\t\t<\/figure>\n\t\t\t\t\t\t\t\t\t<\/div>\n\t\t\t\t<\/div>\n\t\t\t\t<div class=\"elementor-element elementor-element-3c966df elementor-widget elementor-widget-text-editor\" data-id=\"3c966df\" data-element_type=\"widget\" data-e-type=\"widget\" data-widget_type=\"text-editor.default\">\n\t\t\t\t<div class=\"elementor-widget-container\">\n\t\t\t\t\t\t\t\t\t<p>Com que \u00e9s el pati de serveis, podem observar un safareig sota l&#8217;arc de l&#8217;escala.<\/p>\t\t\t\t\t\t\t\t<\/div>\n\t\t\t\t<\/div>\n\t\t\t\t<div class=\"elementor-element elementor-element-71c7084 elementor-widget elementor-widget-image\" data-id=\"71c7084\" data-element_type=\"widget\" data-e-type=\"widget\" data-widget_type=\"image.default\">\n\t\t\t\t<div class=\"elementor-widget-container\">\n\t\t\t\t\t\t\t\t\t\t\t\t<figure class=\"wp-caption\">\n\t\t\t\t\t\t\t\t\t\t<img loading=\"lazy\" decoding=\"async\" width=\"768\" height=\"512\" src=\"https:\/\/www.elturistatranquil.com\/wp-content\/uploads\/F74-Casa-del-mayorazgo-Vejer-de-la-Frontera-Cadiz.jpg\" class=\"attachment-large size-large wp-image-43553\" alt=\"Casa del mayorazgo, Vejer de la Frontera, Cadiz\" srcset=\"https:\/\/www.elturistatranquil.com\/wp-content\/uploads\/F74-Casa-del-mayorazgo-Vejer-de-la-Frontera-Cadiz.jpg 768w, https:\/\/www.elturistatranquil.com\/wp-content\/uploads\/F74-Casa-del-mayorazgo-Vejer-de-la-Frontera-Cadiz-339x226.jpg 339w\" sizes=\"(max-width: 768px) 100vw, 768px\" \/>\t\t\t\t\t\t\t\t\t\t\t<figcaption class=\"widget-image-caption wp-caption-text\"><\/figcaption>\n\t\t\t\t\t\t\t\t\t\t<\/figure>\n\t\t\t\t\t\t\t\t\t<\/div>\n\t\t\t\t<\/div>\n\t\t\t\t<div class=\"elementor-element elementor-element-7cfea77 elementor-widget elementor-widget-image\" data-id=\"7cfea77\" data-element_type=\"widget\" data-e-type=\"widget\" data-widget_type=\"image.default\">\n\t\t\t\t<div class=\"elementor-widget-container\">\n\t\t\t\t\t\t\t\t\t\t\t\t<figure class=\"wp-caption\">\n\t\t\t\t\t\t\t\t\t\t<img loading=\"lazy\" decoding=\"async\" width=\"768\" height=\"512\" src=\"https:\/\/www.elturistatranquil.com\/wp-content\/uploads\/F75-Casa-del-mayorazgo-Vejer-de-la-Frontera-Cadiz.jpg\" class=\"attachment-large size-large wp-image-43555\" alt=\"Casa del mayorazgo, Vejer de la Frontera, Cadiz\" srcset=\"https:\/\/www.elturistatranquil.com\/wp-content\/uploads\/F75-Casa-del-mayorazgo-Vejer-de-la-Frontera-Cadiz.jpg 768w, https:\/\/www.elturistatranquil.com\/wp-content\/uploads\/F75-Casa-del-mayorazgo-Vejer-de-la-Frontera-Cadiz-339x226.jpg 339w\" sizes=\"(max-width: 768px) 100vw, 768px\" \/>\t\t\t\t\t\t\t\t\t\t\t<figcaption class=\"widget-image-caption wp-caption-text\"><\/figcaption>\n\t\t\t\t\t\t\t\t\t\t<\/figure>\n\t\t\t\t\t\t\t\t\t<\/div>\n\t\t\t\t<\/div>\n\t\t\t\t<div class=\"elementor-element elementor-element-dbd7762 elementor-widget elementor-widget-image\" data-id=\"dbd7762\" data-element_type=\"widget\" data-e-type=\"widget\" data-widget_type=\"image.default\">\n\t\t\t\t<div class=\"elementor-widget-container\">\n\t\t\t\t\t\t\t\t\t\t\t\t<figure class=\"wp-caption\">\n\t\t\t\t\t\t\t\t\t\t<img loading=\"lazy\" decoding=\"async\" width=\"768\" height=\"512\" src=\"https:\/\/www.elturistatranquil.com\/wp-content\/uploads\/F76-Casa-del-mayorazgo-Vejer-de-la-Frontera-Cadiz.jpg\" class=\"attachment-large size-large wp-image-43560\" alt=\"Casa del mayorazgo, Vejer de la Frontera, Cadiz\" srcset=\"https:\/\/www.elturistatranquil.com\/wp-content\/uploads\/F76-Casa-del-mayorazgo-Vejer-de-la-Frontera-Cadiz.jpg 768w, https:\/\/www.elturistatranquil.com\/wp-content\/uploads\/F76-Casa-del-mayorazgo-Vejer-de-la-Frontera-Cadiz-339x226.jpg 339w\" sizes=\"(max-width: 768px) 100vw, 768px\" \/>\t\t\t\t\t\t\t\t\t\t\t<figcaption class=\"widget-image-caption wp-caption-text\"><\/figcaption>\n\t\t\t\t\t\t\t\t\t\t<\/figure>\n\t\t\t\t\t\t\t\t\t<\/div>\n\t\t\t\t<\/div>\n\t\t\t\t<div class=\"elementor-element elementor-element-17cb36a elementor-widget elementor-widget-text-editor\" data-id=\"17cb36a\" data-element_type=\"widget\" data-e-type=\"widget\" data-widget_type=\"text-editor.default\">\n\t\t\t\t<div class=\"elementor-widget-container\">\n\t\t\t\t\t\t\t\t\t<p>La torre del Mayorazgo t\u00e9 una espadanya i posseeix cambra voltada a l&#8217;al\u00e7ada del cam\u00ed de ronda. El cam\u00ed de ronda havia de connectar-se amb la Porta de la Vila (a l&#8217;est) i la Porta de Sancho IV (al nord).<\/p>\t\t\t\t\t\t\t\t<\/div>\n\t\t\t\t<\/div>\n\t\t\t\t<div class=\"elementor-element elementor-element-d14cdf0 elementor-widget elementor-widget-image\" data-id=\"d14cdf0\" data-element_type=\"widget\" data-e-type=\"widget\" data-widget_type=\"image.default\">\n\t\t\t\t<div class=\"elementor-widget-container\">\n\t\t\t\t\t\t\t\t\t\t\t\t<figure class=\"wp-caption\">\n\t\t\t\t\t\t\t\t\t\t<img loading=\"lazy\" decoding=\"async\" width=\"768\" height=\"512\" src=\"https:\/\/www.elturistatranquil.com\/wp-content\/uploads\/F77-Casa-del-mayorazgo-Vejer-de-la-Frontera-Cadiz.jpg\" class=\"attachment-large size-large wp-image-43562\" alt=\"Casa del mayorazgo, Vejer de la Frontera, Cadiz\" srcset=\"https:\/\/www.elturistatranquil.com\/wp-content\/uploads\/F77-Casa-del-mayorazgo-Vejer-de-la-Frontera-Cadiz.jpg 768w, https:\/\/www.elturistatranquil.com\/wp-content\/uploads\/F77-Casa-del-mayorazgo-Vejer-de-la-Frontera-Cadiz-339x226.jpg 339w\" sizes=\"(max-width: 768px) 100vw, 768px\" \/>\t\t\t\t\t\t\t\t\t\t\t<figcaption class=\"widget-image-caption wp-caption-text\"><\/figcaption>\n\t\t\t\t\t\t\t\t\t\t<\/figure>\n\t\t\t\t\t\t\t\t\t<\/div>\n\t\t\t\t<\/div>\n\t\t\t\t<div class=\"elementor-element elementor-element-25c642f elementor-widget elementor-widget-text-editor\" data-id=\"25c642f\" data-element_type=\"widget\" data-e-type=\"widget\" data-widget_type=\"text-editor.default\">\n\t\t\t\t<div class=\"elementor-widget-container\">\n\t\t\t\t\t\t\t\t\t<p>El cam\u00ed de ronda del costat de llevant vers la torre nord, amb els merlets piramidals, i el mur per l&#8217;exterior.<\/p>\t\t\t\t\t\t\t\t<\/div>\n\t\t\t\t<\/div>\n\t\t\t\t<div class=\"elementor-element elementor-element-e939dca elementor-widget elementor-widget-image\" data-id=\"e939dca\" data-element_type=\"widget\" data-e-type=\"widget\" data-widget_type=\"image.default\">\n\t\t\t\t<div class=\"elementor-widget-container\">\n\t\t\t\t\t\t\t\t\t\t\t\t<figure class=\"wp-caption\">\n\t\t\t\t\t\t\t\t\t\t<img loading=\"lazy\" decoding=\"async\" width=\"768\" height=\"511\" src=\"https:\/\/www.elturistatranquil.com\/wp-content\/uploads\/F78-Casa-del-mayorazgo-Vejer-de-la-Frontera-Cadiz.jpg\" class=\"attachment-large size-large wp-image-43564\" alt=\"Casa del mayorazgo, Vejer de la Frontera, Cadiz\" srcset=\"https:\/\/www.elturistatranquil.com\/wp-content\/uploads\/F78-Casa-del-mayorazgo-Vejer-de-la-Frontera-Cadiz.jpg 768w, https:\/\/www.elturistatranquil.com\/wp-content\/uploads\/F78-Casa-del-mayorazgo-Vejer-de-la-Frontera-Cadiz-339x226.jpg 339w\" sizes=\"(max-width: 768px) 100vw, 768px\" \/>\t\t\t\t\t\t\t\t\t\t\t<figcaption class=\"widget-image-caption wp-caption-text\"><\/figcaption>\n\t\t\t\t\t\t\t\t\t\t<\/figure>\n\t\t\t\t\t\t\t\t\t<\/div>\n\t\t\t\t<\/div>\n\t\t\t\t<div class=\"elementor-element elementor-element-1fab91e elementor-widget elementor-widget-image\" data-id=\"1fab91e\" data-element_type=\"widget\" data-e-type=\"widget\" data-widget_type=\"image.default\">\n\t\t\t\t<div class=\"elementor-widget-container\">\n\t\t\t\t\t\t\t\t\t\t\t\t<figure class=\"wp-caption\">\n\t\t\t\t\t\t\t\t\t\t<img loading=\"lazy\" decoding=\"async\" width=\"768\" height=\"511\" src=\"https:\/\/www.elturistatranquil.com\/wp-content\/uploads\/F79-Casa-del-mayorazgo-Vejer-de-la-Frontera-Cadiz.jpg\" class=\"attachment-large size-large wp-image-43566\" alt=\"Casa del mayorazgo, Vejer de la Frontera, Cadiz\" srcset=\"https:\/\/www.elturistatranquil.com\/wp-content\/uploads\/F79-Casa-del-mayorazgo-Vejer-de-la-Frontera-Cadiz.jpg 768w, https:\/\/www.elturistatranquil.com\/wp-content\/uploads\/F79-Casa-del-mayorazgo-Vejer-de-la-Frontera-Cadiz-339x226.jpg 339w\" sizes=\"(max-width: 768px) 100vw, 768px\" \/>\t\t\t\t\t\t\t\t\t\t\t<figcaption class=\"widget-image-caption wp-caption-text\"><\/figcaption>\n\t\t\t\t\t\t\t\t\t\t<\/figure>\n\t\t\t\t\t\t\t\t\t<\/div>\n\t\t\t\t<\/div>\n\t\t\t\t<div class=\"elementor-element elementor-element-f204fec elementor-widget elementor-widget-text-editor\" data-id=\"f204fec\" data-element_type=\"widget\" data-e-type=\"widget\" data-widget_type=\"text-editor.default\">\n\t\t\t\t<div class=\"elementor-widget-container\">\n\t\t\t\t\t\t\t\t\t<p>La torre del Mayorazgo des de l&#8217;interior, amb la tronera.<\/p>\t\t\t\t\t\t\t\t<\/div>\n\t\t\t\t<\/div>\n\t\t\t\t<div class=\"elementor-element elementor-element-e2d4e10 elementor-widget elementor-widget-image\" data-id=\"e2d4e10\" data-element_type=\"widget\" data-e-type=\"widget\" data-widget_type=\"image.default\">\n\t\t\t\t<div class=\"elementor-widget-container\">\n\t\t\t\t\t\t\t\t\t\t\t\t<figure class=\"wp-caption\">\n\t\t\t\t\t\t\t\t\t\t<img loading=\"lazy\" decoding=\"async\" width=\"768\" height=\"511\" src=\"https:\/\/www.elturistatranquil.com\/wp-content\/uploads\/F80-Torre-del-mayorazgo-Vejer-de-la-Frontera-Cadiz.jpg\" class=\"attachment-large size-large wp-image-43568\" alt=\"Torre del mayorazgo, Vejer de la Frontera, Cadiz\" srcset=\"https:\/\/www.elturistatranquil.com\/wp-content\/uploads\/F80-Torre-del-mayorazgo-Vejer-de-la-Frontera-Cadiz.jpg 768w, https:\/\/www.elturistatranquil.com\/wp-content\/uploads\/F80-Torre-del-mayorazgo-Vejer-de-la-Frontera-Cadiz-339x226.jpg 339w\" sizes=\"(max-width: 768px) 100vw, 768px\" \/>\t\t\t\t\t\t\t\t\t\t\t<figcaption class=\"widget-image-caption wp-caption-text\"><\/figcaption>\n\t\t\t\t\t\t\t\t\t\t<\/figure>\n\t\t\t\t\t\t\t\t\t<\/div>\n\t\t\t\t<\/div>\n\t\t\t\t<div class=\"elementor-element elementor-element-61a33e0 elementor-widget elementor-widget-image\" data-id=\"61a33e0\" data-element_type=\"widget\" data-e-type=\"widget\" data-widget_type=\"image.default\">\n\t\t\t\t<div class=\"elementor-widget-container\">\n\t\t\t\t\t\t\t\t\t\t\t\t<figure class=\"wp-caption\">\n\t\t\t\t\t\t\t\t\t\t<img loading=\"lazy\" decoding=\"async\" width=\"768\" height=\"512\" src=\"https:\/\/www.elturistatranquil.com\/wp-content\/uploads\/F81-Torre-del-mayorazgo-Vejer-de-la-Frontera-Cadiz.jpg\" class=\"attachment-large size-large wp-image-43573\" alt=\"Torre del mayorazgo, Vejer de la Frontera, Cadiz\" srcset=\"https:\/\/www.elturistatranquil.com\/wp-content\/uploads\/F81-Torre-del-mayorazgo-Vejer-de-la-Frontera-Cadiz.jpg 768w, https:\/\/www.elturistatranquil.com\/wp-content\/uploads\/F81-Torre-del-mayorazgo-Vejer-de-la-Frontera-Cadiz-339x226.jpg 339w\" sizes=\"(max-width: 768px) 100vw, 768px\" \/>\t\t\t\t\t\t\t\t\t\t\t<figcaption class=\"widget-image-caption wp-caption-text\"><\/figcaption>\n\t\t\t\t\t\t\t\t\t\t<\/figure>\n\t\t\t\t\t\t\t\t\t<\/div>\n\t\t\t\t<\/div>\n\t\t\t\t<div class=\"elementor-element elementor-element-c0d909e elementor-widget elementor-widget-text-editor\" data-id=\"c0d909e\" data-element_type=\"widget\" data-e-type=\"widget\" data-widget_type=\"text-editor.default\">\n\t\t\t\t<div class=\"elementor-widget-container\">\n\t\t\t\t\t\t\t\t\t<p>Des d&#8217;ella es contemplen espl\u00e8ndides vistes de la pla\u00e7a d&#8217;Espanya, del conjunt urb\u00e0 i tamb\u00e9 dels voltants, des de la costa de Zahara i el parc natural de la Bre\u00f1a, fins a les Marismas de Barbate.<\/p><p>Entre el caseriu sobresurt part de la muralla cap a la porta de la Vila, i del costat de llevant sobre el carrer San Juan per on hem vingut.<\/p>\t\t\t\t\t\t\t\t<\/div>\n\t\t\t\t<\/div>\n\t\t\t\t<div class=\"elementor-element elementor-element-676e80a elementor-widget elementor-widget-image\" data-id=\"676e80a\" data-element_type=\"widget\" data-e-type=\"widget\" data-widget_type=\"image.default\">\n\t\t\t\t<div class=\"elementor-widget-container\">\n\t\t\t\t\t\t\t\t\t\t\t\t<figure class=\"wp-caption\">\n\t\t\t\t\t\t\t\t\t\t<img loading=\"lazy\" decoding=\"async\" width=\"768\" height=\"512\" src=\"https:\/\/www.elturistatranquil.com\/wp-content\/uploads\/F82-Casa-del-mayorazgo-Vejer-de-la-Frontera-Cadiz.jpg\" class=\"attachment-large size-large wp-image-43575\" alt=\"Casa del mayorazgo, Vejer de la Frontera, Cadiz\" srcset=\"https:\/\/www.elturistatranquil.com\/wp-content\/uploads\/F82-Casa-del-mayorazgo-Vejer-de-la-Frontera-Cadiz.jpg 768w, https:\/\/www.elturistatranquil.com\/wp-content\/uploads\/F82-Casa-del-mayorazgo-Vejer-de-la-Frontera-Cadiz-339x226.jpg 339w\" sizes=\"(max-width: 768px) 100vw, 768px\" \/>\t\t\t\t\t\t\t\t\t\t\t<figcaption class=\"widget-image-caption wp-caption-text\"><\/figcaption>\n\t\t\t\t\t\t\t\t\t\t<\/figure>\n\t\t\t\t\t\t\t\t\t<\/div>\n\t\t\t\t<\/div>\n\t\t\t\t<div class=\"elementor-element elementor-element-1acdfd6 elementor-widget elementor-widget-image\" data-id=\"1acdfd6\" data-element_type=\"widget\" data-e-type=\"widget\" data-widget_type=\"image.default\">\n\t\t\t\t<div class=\"elementor-widget-container\">\n\t\t\t\t\t\t\t\t\t\t\t\t<figure class=\"wp-caption\">\n\t\t\t\t\t\t\t\t\t\t<img loading=\"lazy\" decoding=\"async\" width=\"768\" height=\"512\" src=\"https:\/\/www.elturistatranquil.com\/wp-content\/uploads\/F83-Casa-del-mayorazgo-Vejer-de-la-Frontera-Cadiz.jpg\" class=\"attachment-large size-large wp-image-43577\" alt=\"Casa del mayorazgo, Vejer de la Frontera, Cadiz\" srcset=\"https:\/\/www.elturistatranquil.com\/wp-content\/uploads\/F83-Casa-del-mayorazgo-Vejer-de-la-Frontera-Cadiz.jpg 768w, https:\/\/www.elturistatranquil.com\/wp-content\/uploads\/F83-Casa-del-mayorazgo-Vejer-de-la-Frontera-Cadiz-339x226.jpg 339w\" sizes=\"(max-width: 768px) 100vw, 768px\" \/>\t\t\t\t\t\t\t\t\t\t\t<figcaption class=\"widget-image-caption wp-caption-text\"><\/figcaption>\n\t\t\t\t\t\t\t\t\t\t<\/figure>\n\t\t\t\t\t\t\t\t\t<\/div>\n\t\t\t\t<\/div>\n\t\t\t\t<div class=\"elementor-element elementor-element-60df362 elementor-widget elementor-widget-image\" data-id=\"60df362\" data-element_type=\"widget\" data-e-type=\"widget\" data-widget_type=\"image.default\">\n\t\t\t\t<div class=\"elementor-widget-container\">\n\t\t\t\t\t\t\t\t\t\t\t\t<figure class=\"wp-caption\">\n\t\t\t\t\t\t\t\t\t\t<img loading=\"lazy\" decoding=\"async\" width=\"768\" height=\"512\" src=\"https:\/\/www.elturistatranquil.com\/wp-content\/uploads\/F84-Casa-del-mayorazgo-Vejer-de-la-Frontera-Cadiz.jpg\" class=\"attachment-large size-large wp-image-43579\" alt=\"Casa del mayorazgo, Vejer de la Frontera, Cadiz\" srcset=\"https:\/\/www.elturistatranquil.com\/wp-content\/uploads\/F84-Casa-del-mayorazgo-Vejer-de-la-Frontera-Cadiz.jpg 768w, https:\/\/www.elturistatranquil.com\/wp-content\/uploads\/F84-Casa-del-mayorazgo-Vejer-de-la-Frontera-Cadiz-339x226.jpg 339w\" sizes=\"(max-width: 768px) 100vw, 768px\" \/>\t\t\t\t\t\t\t\t\t\t\t<figcaption class=\"widget-image-caption wp-caption-text\"><\/figcaption>\n\t\t\t\t\t\t\t\t\t\t<\/figure>\n\t\t\t\t\t\t\t\t\t<\/div>\n\t\t\t\t<\/div>\n\t\t\t\t<div class=\"elementor-element elementor-element-d4df476 elementor-widget elementor-widget-text-editor\" data-id=\"d4df476\" data-element_type=\"widget\" data-e-type=\"widget\" data-widget_type=\"text-editor.default\">\n\t\t\t\t<div class=\"elementor-widget-container\">\n\t\t\t\t\t\t\t\t\t<p>Perspectiva sobre el convent de la Merced.<\/p>\t\t\t\t\t\t\t\t<\/div>\n\t\t\t\t<\/div>\n\t\t\t\t<div class=\"elementor-element elementor-element-20e13c3 elementor-widget elementor-widget-menu-anchor\" data-id=\"20e13c3\" data-element_type=\"widget\" data-e-type=\"widget\" data-widget_type=\"menu-anchor.default\">\n\t\t\t\t<div class=\"elementor-widget-container\">\n\t\t\t\t\t\t\t<div class=\"elementor-menu-anchor\" id=\"c7715\"><\/div>\n\t\t\t\t\t\t<\/div>\n\t\t\t\t<\/div>\n\t\t\t\t<div class=\"elementor-element elementor-element-60b9d2d elementor-widget elementor-widget-image\" data-id=\"60b9d2d\" data-element_type=\"widget\" data-e-type=\"widget\" data-widget_type=\"image.default\">\n\t\t\t\t<div class=\"elementor-widget-container\">\n\t\t\t\t\t\t\t\t\t\t\t\t<figure class=\"wp-caption\">\n\t\t\t\t\t\t\t\t\t\t<img loading=\"lazy\" decoding=\"async\" width=\"768\" height=\"511\" src=\"https:\/\/www.elturistatranquil.com\/wp-content\/uploads\/F85-Casa-del-mayorazgo-Vejer-de-la-Frontera-Cadiz.jpg\" class=\"attachment-large size-large wp-image-43581\" alt=\"Casa del mayorazgo, Vejer de la Frontera, Cadiz\" srcset=\"https:\/\/www.elturistatranquil.com\/wp-content\/uploads\/F85-Casa-del-mayorazgo-Vejer-de-la-Frontera-Cadiz.jpg 768w, https:\/\/www.elturistatranquil.com\/wp-content\/uploads\/F85-Casa-del-mayorazgo-Vejer-de-la-Frontera-Cadiz-339x226.jpg 339w\" sizes=\"(max-width: 768px) 100vw, 768px\" \/>\t\t\t\t\t\t\t\t\t\t\t<figcaption class=\"widget-image-caption wp-caption-text\"><\/figcaption>\n\t\t\t\t\t\t\t\t\t\t<\/figure>\n\t\t\t\t\t\t\t\t\t<\/div>\n\t\t\t\t<\/div>\n\t\t\t\t<div class=\"elementor-element elementor-element-4950fd2 elementor-widget elementor-widget-heading\" data-id=\"4950fd2\" data-element_type=\"widget\" data-e-type=\"widget\" data-widget_type=\"heading.default\">\n\t\t\t\t<div class=\"elementor-widget-container\">\n\t\t\t\t\t<h3 class=\"elementor-heading-title elementor-size-default\">Passeig de la Corredera i mirador<\/h3>\t\t\t\t<\/div>\n\t\t\t\t<\/div>\n\t\t\t\t<div class=\"elementor-element elementor-element-540d897 elementor-widget elementor-widget-menu-anchor\" data-id=\"540d897\" data-element_type=\"widget\" data-e-type=\"widget\" data-widget_type=\"menu-anchor.default\">\n\t\t\t\t<div class=\"elementor-widget-container\">\n\t\t\t\t\t\t\t<div class=\"elementor-menu-anchor\" id=\"c7716\"><\/div>\n\t\t\t\t\t\t<\/div>\n\t\t\t\t<\/div>\n\t\t\t\t<div class=\"elementor-element elementor-element-e54baa4 elementor-widget elementor-widget-text-editor\" data-id=\"e54baa4\" data-element_type=\"widget\" data-e-type=\"widget\" data-widget_type=\"text-editor.default\">\n\t\t\t\t<div class=\"elementor-widget-container\">\n\t\t\t\t\t\t\t\t\t<p>La continuaci\u00f3 del recorregut porta al <strong>carrer o passeig de la Corredera<\/strong> (<strong>15<\/strong>), que constitueix un espl\u00e8ndid passeig que segueix per l&#8217;exterior del llen\u00e7 nord de la muralla, alhora que \u00e9s un espl\u00e8ndid mirador amb excel\u00b7lents vistes que abasten pedanies de Vejer, com Santa Luc\u00eda o La Muela, el riu Barbate, o la llacuna de la Janda, albirant-se Medina Sidonia i fins i tot Alcal\u00e1 de los Gazules.<\/p>\t\t\t\t\t\t\t\t<\/div>\n\t\t\t\t<\/div>\n\t\t\t\t<div class=\"elementor-element elementor-element-5675425 elementor-widget elementor-widget-heading\" data-id=\"5675425\" data-element_type=\"widget\" data-e-type=\"widget\" data-widget_type=\"heading.default\">\n\t\t\t\t<div class=\"elementor-widget-container\">\n\t\t\t\t\t<h3 class=\"elementor-heading-title elementor-size-default\">Antic Cinema Corredera, seu d'Electravillariezo i resid\u00e8ncia dels comtes de Bornos i Villariezo<\/h3>\t\t\t\t<\/div>\n\t\t\t\t<\/div>\n\t\t\t\t<div class=\"elementor-element elementor-element-60888ca elementor-widget elementor-widget-text-editor\" data-id=\"60888ca\" data-element_type=\"widget\" data-e-type=\"widget\" data-widget_type=\"text-editor.default\">\n\t\t\t\t<div class=\"elementor-widget-container\">\n\t\t\t\t\t\t\t\t\t<p>Al primer tram, en dues construccions contig\u00fces sobre el costat exterior, es troba primer el lloc que va ocupar l&#8217;<strong>antic Cine Corredera<\/strong> (<strong>13<\/strong>). Com a record, s&#8217;ha col\u00b7locat, com a monument, un <strong>projector de pel\u00b7l\u00edcules<\/strong> que va pert\u00e0nyer al cinema.<\/p>\t\t\t\t\t\t\t\t<\/div>\n\t\t\t\t<\/div>\n\t\t\t\t<div class=\"elementor-element elementor-element-e86afc8 elementor-widget elementor-widget-image\" data-id=\"e86afc8\" data-element_type=\"widget\" data-e-type=\"widget\" data-widget_type=\"image.default\">\n\t\t\t\t<div class=\"elementor-widget-container\">\n\t\t\t\t\t\t\t\t\t\t\t\t<figure class=\"wp-caption\">\n\t\t\t\t\t\t\t\t\t\t<img loading=\"lazy\" decoding=\"async\" width=\"768\" height=\"511\" src=\"https:\/\/www.elturistatranquil.com\/wp-content\/uploads\/F86-Vejer-de-la-Frontera-Cadiz.jpg\" class=\"attachment-large size-large wp-image-43586\" alt=\"Vejer de la Frontera, Cadiz\" srcset=\"https:\/\/www.elturistatranquil.com\/wp-content\/uploads\/F86-Vejer-de-la-Frontera-Cadiz.jpg 768w, https:\/\/www.elturistatranquil.com\/wp-content\/uploads\/F86-Vejer-de-la-Frontera-Cadiz-339x226.jpg 339w\" sizes=\"(max-width: 768px) 100vw, 768px\" \/>\t\t\t\t\t\t\t\t\t\t\t<figcaption class=\"widget-image-caption wp-caption-text\"><\/figcaption>\n\t\t\t\t\t\t\t\t\t\t<\/figure>\n\t\t\t\t\t\t\t\t\t<\/div>\n\t\t\t\t<\/div>\n\t\t\t\t<div class=\"elementor-element elementor-element-b1d46e1 elementor-widget elementor-widget-text-editor\" data-id=\"b1d46e1\" data-element_type=\"widget\" data-e-type=\"widget\" data-widget_type=\"text-editor.default\">\n\t\t\t\t<div class=\"elementor-widget-container\">\n\t\t\t\t\t\t\t\t\t<p>A l&#8217;edifici del costat, d&#8217;una planta, una l\u00e0pida commemorativa ens informa que \u201c<em>Este edificio fue <strong>sede de \u201cElectravillariezo\u201d y residencia de los condes de Bornos y Villariezo<\/strong> (<strong>14<\/strong>), qui\u00e9nes en 1906 hicieron de Vejer uno de los primeros municipios de Andaluc\u00eda en contar con electricidad y agua corriente<\/em>.\u201d<\/p>\t\t\t\t\t\t\t\t<\/div>\n\t\t\t\t<\/div>\n\t\t\t\t<div class=\"elementor-element elementor-element-f399675 elementor-widget elementor-widget-image\" data-id=\"f399675\" data-element_type=\"widget\" data-e-type=\"widget\" data-widget_type=\"image.default\">\n\t\t\t\t<div class=\"elementor-widget-container\">\n\t\t\t\t\t\t\t\t\t\t\t\t<figure class=\"wp-caption\">\n\t\t\t\t\t\t\t\t\t\t<img loading=\"lazy\" decoding=\"async\" width=\"768\" height=\"511\" src=\"https:\/\/www.elturistatranquil.com\/wp-content\/uploads\/F87-Vejer-de-la-Frontera-Cadiz.jpg\" class=\"attachment-large size-large wp-image-43588\" alt=\"Vejer de la Frontera, Cadiz\" srcset=\"https:\/\/www.elturistatranquil.com\/wp-content\/uploads\/F87-Vejer-de-la-Frontera-Cadiz.jpg 768w, https:\/\/www.elturistatranquil.com\/wp-content\/uploads\/F87-Vejer-de-la-Frontera-Cadiz-339x226.jpg 339w\" sizes=\"(max-width: 768px) 100vw, 768px\" \/>\t\t\t\t\t\t\t\t\t\t\t<figcaption class=\"widget-image-caption wp-caption-text\"><\/figcaption>\n\t\t\t\t\t\t\t\t\t\t<\/figure>\n\t\t\t\t\t\t\t\t\t<\/div>\n\t\t\t\t<\/div>\n\t\t\t\t<div class=\"elementor-element elementor-element-b6b6e78 elementor-widget elementor-widget-menu-anchor\" data-id=\"b6b6e78\" data-element_type=\"widget\" data-e-type=\"widget\" data-widget_type=\"menu-anchor.default\">\n\t\t\t\t<div class=\"elementor-widget-container\">\n\t\t\t\t\t\t\t<div class=\"elementor-menu-anchor\" id=\"c7717\"><\/div>\n\t\t\t\t\t\t<\/div>\n\t\t\t\t<\/div>\n\t\t\t\t<div class=\"elementor-element elementor-element-818c9c2 elementor-widget elementor-widget-text-editor\" data-id=\"818c9c2\" data-element_type=\"widget\" data-e-type=\"widget\" data-widget_type=\"text-editor.default\">\n\t\t\t\t<div class=\"elementor-widget-container\">\n\t\t\t\t\t\t\t\t\t<p>Prosseguint, al llarg del passeig, podem observar en segon terme diferents fragments i elements de la muralla, encaixada dins el caseriu.<\/p>\t\t\t\t\t\t\t\t<\/div>\n\t\t\t\t<\/div>\n\t\t\t\t<div class=\"elementor-element elementor-element-1dbaf57 elementor-widget elementor-widget-heading\" data-id=\"1dbaf57\" data-element_type=\"widget\" data-e-type=\"widget\" data-widget_type=\"heading.default\">\n\t\t\t\t<div class=\"elementor-widget-container\">\n\t\t\t\t\t<h3 class=\"elementor-heading-title elementor-size-default\">Torre Corredera<\/h3>\t\t\t\t<\/div>\n\t\t\t\t<\/div>\n\t\t\t\t<div class=\"elementor-element elementor-element-6dcddca elementor-widget elementor-widget-text-editor\" data-id=\"6dcddca\" data-element_type=\"widget\" data-e-type=\"widget\" data-widget_type=\"text-editor.default\">\n\t\t\t\t<div class=\"elementor-widget-container\">\n\t\t\t\t\t\t\t\t\t<p>L&#8217;element m\u00e9s destacable correspon a la imponent <strong>torre Corredera<\/strong> (<strong>16<\/strong>), que dona nom al passeig. Destaca el seu carreu i la seva altura. Va ser reformada al segle XV, quan el duc D. Enrique de Guzm\u00e1n va emprendre importants obres a la fortalesa de Vejer.<\/p><p>Es tracta d&#8217;una obra de caracter\u00edstiques mud\u00e8jars a la qual es van restituir els merlets el 1974,<\/p>\t\t\t\t\t\t\t\t<\/div>\n\t\t\t\t<\/div>\n\t\t\t\t<div class=\"elementor-element elementor-element-bd01501 elementor-widget elementor-widget-image\" data-id=\"bd01501\" data-element_type=\"widget\" data-e-type=\"widget\" data-widget_type=\"image.default\">\n\t\t\t\t<div class=\"elementor-widget-container\">\n\t\t\t\t\t\t\t\t\t\t\t\t<figure class=\"wp-caption\">\n\t\t\t\t\t\t\t\t\t\t<img loading=\"lazy\" decoding=\"async\" width=\"768\" height=\"511\" src=\"https:\/\/www.elturistatranquil.com\/wp-content\/uploads\/F88-Torre-Corredera-Vejer-de-la-Frontera-Cadiz.jpg\" class=\"attachment-large size-large wp-image-43590\" alt=\"Torre Corredera, Vejer de la Frontera, Cadiz\" srcset=\"https:\/\/www.elturistatranquil.com\/wp-content\/uploads\/F88-Torre-Corredera-Vejer-de-la-Frontera-Cadiz.jpg 768w, https:\/\/www.elturistatranquil.com\/wp-content\/uploads\/F88-Torre-Corredera-Vejer-de-la-Frontera-Cadiz-339x226.jpg 339w\" sizes=\"(max-width: 768px) 100vw, 768px\" \/>\t\t\t\t\t\t\t\t\t\t\t<figcaption class=\"widget-image-caption wp-caption-text\"><\/figcaption>\n\t\t\t\t\t\t\t\t\t\t<\/figure>\n\t\t\t\t\t\t\t\t\t<\/div>\n\t\t\t\t<\/div>\n\t\t\t\t<div class=\"elementor-element elementor-element-c71678b elementor-widget elementor-widget-text-editor\" data-id=\"c71678b\" data-element_type=\"widget\" data-e-type=\"widget\" data-widget_type=\"text-editor.default\">\n\t\t\t\t<div class=\"elementor-widget-container\">\n\t\t\t\t\t\t\t\t\t<p>Al llarg del passeig sobresurten entre les edificacions diferents fragments de la muralla urbana nord (<strong>17<\/strong>).<\/p>\t\t\t\t\t\t\t\t<\/div>\n\t\t\t\t<\/div>\n\t\t\t\t<div class=\"elementor-element elementor-element-d171189 elementor-widget elementor-widget-image\" data-id=\"d171189\" data-element_type=\"widget\" data-e-type=\"widget\" data-widget_type=\"image.default\">\n\t\t\t\t<div class=\"elementor-widget-container\">\n\t\t\t\t\t\t\t\t\t\t\t\t<figure class=\"wp-caption\">\n\t\t\t\t\t\t\t\t\t\t<img loading=\"lazy\" decoding=\"async\" width=\"768\" height=\"512\" src=\"https:\/\/www.elturistatranquil.com\/wp-content\/uploads\/F89-Muralla-paseo-de-la-Corredera-Vejer-de-la-Frontera-Cadiz.jpg\" class=\"attachment-large size-large wp-image-43592\" alt=\"Muralla paseo de la Corredera, Vejer de la Frontera, Cadiz\" srcset=\"https:\/\/www.elturistatranquil.com\/wp-content\/uploads\/F89-Muralla-paseo-de-la-Corredera-Vejer-de-la-Frontera-Cadiz.jpg 768w, https:\/\/www.elturistatranquil.com\/wp-content\/uploads\/F89-Muralla-paseo-de-la-Corredera-Vejer-de-la-Frontera-Cadiz-339x226.jpg 339w\" sizes=\"(max-width: 768px) 100vw, 768px\" \/>\t\t\t\t\t\t\t\t\t\t\t<figcaption class=\"widget-image-caption wp-caption-text\"><\/figcaption>\n\t\t\t\t\t\t\t\t\t\t<\/figure>\n\t\t\t\t\t\t\t\t\t<\/div>\n\t\t\t\t<\/div>\n\t\t\t\t<div class=\"elementor-element elementor-element-e0bbfaf elementor-widget elementor-widget-text-editor\" data-id=\"e0bbfaf\" data-element_type=\"widget\" data-e-type=\"widget\" data-widget_type=\"text-editor.default\">\n\t\t\t\t<div class=\"elementor-widget-container\">\n\t\t\t\t\t\t\t\t\t<p>Aquesta torre circular correspon al punt on es va ampliar el recinte emmurallat amb un baluard.<\/p>\t\t\t\t\t\t\t\t<\/div>\n\t\t\t\t<\/div>\n\t\t\t\t<div class=\"elementor-element elementor-element-031bf39 elementor-widget elementor-widget-image\" data-id=\"031bf39\" data-element_type=\"widget\" data-e-type=\"widget\" data-widget_type=\"image.default\">\n\t\t\t\t<div class=\"elementor-widget-container\">\n\t\t\t\t\t\t\t\t\t\t\t\t<figure class=\"wp-caption\">\n\t\t\t\t\t\t\t\t\t\t<img loading=\"lazy\" decoding=\"async\" width=\"768\" height=\"511\" src=\"https:\/\/www.elturistatranquil.com\/wp-content\/uploads\/F90-Muralla-paseo-de-la-Corredera-Vejer-de-la-Frontera-Cadiz.jpg\" class=\"attachment-large size-large wp-image-43594\" alt=\"Muralla paseo de la Corredera, Vejer de la Frontera, Cadiz\" srcset=\"https:\/\/www.elturistatranquil.com\/wp-content\/uploads\/F90-Muralla-paseo-de-la-Corredera-Vejer-de-la-Frontera-Cadiz.jpg 768w, https:\/\/www.elturistatranquil.com\/wp-content\/uploads\/F90-Muralla-paseo-de-la-Corredera-Vejer-de-la-Frontera-Cadiz-339x226.jpg 339w\" sizes=\"(max-width: 768px) 100vw, 768px\" \/>\t\t\t\t\t\t\t\t\t\t\t<figcaption class=\"widget-image-caption wp-caption-text\"><\/figcaption>\n\t\t\t\t\t\t\t\t\t\t<\/figure>\n\t\t\t\t\t\t\t\t\t<\/div>\n\t\t\t\t<\/div>\n\t\t\t\t<div class=\"elementor-element elementor-element-b959846 elementor-widget elementor-widget-text-editor\" data-id=\"b959846\" data-element_type=\"widget\" data-e-type=\"widget\" data-widget_type=\"text-editor.default\">\n\t\t\t\t<div class=\"elementor-widget-container\">\n\t\t\t\t\t\t\t\t\t<p>Muralles del Baluard.<\/p>\t\t\t\t\t\t\t\t<\/div>\n\t\t\t\t<\/div>\n\t\t\t\t<div class=\"elementor-element elementor-element-c783dce elementor-widget elementor-widget-image\" data-id=\"c783dce\" data-element_type=\"widget\" data-e-type=\"widget\" data-widget_type=\"image.default\">\n\t\t\t\t<div class=\"elementor-widget-container\">\n\t\t\t\t\t\t\t\t\t\t\t\t<figure class=\"wp-caption\">\n\t\t\t\t\t\t\t\t\t\t<img loading=\"lazy\" decoding=\"async\" width=\"768\" height=\"511\" src=\"https:\/\/www.elturistatranquil.com\/wp-content\/uploads\/F91-Muralla-paseo-de-la-Corredera-Vejer-de-la-Frontera-Cadiz.jpg\" class=\"attachment-large size-large wp-image-43599\" alt=\"Muralla paseo de la Corredera, Vejer de la Frontera, Cadiz\" srcset=\"https:\/\/www.elturistatranquil.com\/wp-content\/uploads\/F91-Muralla-paseo-de-la-Corredera-Vejer-de-la-Frontera-Cadiz.jpg 768w, https:\/\/www.elturistatranquil.com\/wp-content\/uploads\/F91-Muralla-paseo-de-la-Corredera-Vejer-de-la-Frontera-Cadiz-339x226.jpg 339w\" sizes=\"(max-width: 768px) 100vw, 768px\" \/>\t\t\t\t\t\t\t\t\t\t\t<figcaption class=\"widget-image-caption wp-caption-text\"><\/figcaption>\n\t\t\t\t\t\t\t\t\t\t<\/figure>\n\t\t\t\t\t\t\t\t\t<\/div>\n\t\t\t\t<\/div>\n\t\t\t\t<div class=\"elementor-element elementor-element-f9ef658 elementor-widget elementor-widget-image\" data-id=\"f9ef658\" data-element_type=\"widget\" data-e-type=\"widget\" data-widget_type=\"image.default\">\n\t\t\t\t<div class=\"elementor-widget-container\">\n\t\t\t\t\t\t\t\t\t\t\t\t<figure class=\"wp-caption\">\n\t\t\t\t\t\t\t\t\t\t<img loading=\"lazy\" decoding=\"async\" width=\"768\" height=\"511\" src=\"https:\/\/www.elturistatranquil.com\/wp-content\/uploads\/F92-Muralla-paseo-de-la-Corredera-Vejer-de-la-Frontera-Cadiz.jpg\" class=\"attachment-large size-large wp-image-43601\" alt=\"Muralla paseo de la Corredera, Vejer de la Frontera, Cadiz\" srcset=\"https:\/\/www.elturistatranquil.com\/wp-content\/uploads\/F92-Muralla-paseo-de-la-Corredera-Vejer-de-la-Frontera-Cadiz.jpg 768w, https:\/\/www.elturistatranquil.com\/wp-content\/uploads\/F92-Muralla-paseo-de-la-Corredera-Vejer-de-la-Frontera-Cadiz-339x226.jpg 339w\" sizes=\"(max-width: 768px) 100vw, 768px\" \/>\t\t\t\t\t\t\t\t\t\t\t<figcaption class=\"widget-image-caption wp-caption-text\"><\/figcaption>\n\t\t\t\t\t\t\t\t\t\t<\/figure>\n\t\t\t\t\t\t\t\t\t<\/div>\n\t\t\t\t<\/div>\n\t\t\t\t<div class=\"elementor-element elementor-element-5ae9218 elementor-widget elementor-widget-text-editor\" data-id=\"5ae9218\" data-element_type=\"widget\" data-e-type=\"widget\" data-widget_type=\"text-editor.default\">\n\t\t\t\t<div class=\"elementor-widget-container\">\n\t\t\t\t\t\t\t\t\t<p>Com he indicat, el passeig de la Corredera, a m\u00e9s de ser un magn\u00edfic passeig, constitueix un mirador perfecte sobre l&#8217;horitz\u00f3 nord de part de la comarca de La Janda.<\/p>\t\t\t\t\t\t\t\t<\/div>\n\t\t\t\t<\/div>\n\t\t\t\t<div class=\"elementor-element elementor-element-fced330 elementor-widget elementor-widget-image\" data-id=\"fced330\" data-element_type=\"widget\" data-e-type=\"widget\" data-widget_type=\"image.default\">\n\t\t\t\t<div class=\"elementor-widget-container\">\n\t\t\t\t\t\t\t\t\t\t\t\t<figure class=\"wp-caption\">\n\t\t\t\t\t\t\t\t\t\t<img loading=\"lazy\" decoding=\"async\" width=\"768\" height=\"511\" src=\"https:\/\/www.elturistatranquil.com\/wp-content\/uploads\/F93-Paseo-de-la-Corredera-Vejer-de-la-Frontera-Cadiz.jpg\" class=\"attachment-large size-large wp-image-43603\" alt=\"Paseo de la Corredera, Vejer de la Frontera, Cadiz\" srcset=\"https:\/\/www.elturistatranquil.com\/wp-content\/uploads\/F93-Paseo-de-la-Corredera-Vejer-de-la-Frontera-Cadiz.jpg 768w, https:\/\/www.elturistatranquil.com\/wp-content\/uploads\/F93-Paseo-de-la-Corredera-Vejer-de-la-Frontera-Cadiz-339x226.jpg 339w\" sizes=\"(max-width: 768px) 100vw, 768px\" \/>\t\t\t\t\t\t\t\t\t\t\t<figcaption class=\"widget-image-caption wp-caption-text\"><\/figcaption>\n\t\t\t\t\t\t\t\t\t\t<\/figure>\n\t\t\t\t\t\t\t\t\t<\/div>\n\t\t\t\t<\/div>\n\t\t\t\t<div class=\"elementor-element elementor-element-b38732e elementor-widget elementor-widget-image\" data-id=\"b38732e\" data-element_type=\"widget\" data-e-type=\"widget\" data-widget_type=\"image.default\">\n\t\t\t\t<div class=\"elementor-widget-container\">\n\t\t\t\t\t\t\t\t\t\t\t\t<figure class=\"wp-caption\">\n\t\t\t\t\t\t\t\t\t\t<img loading=\"lazy\" decoding=\"async\" width=\"768\" height=\"512\" src=\"https:\/\/www.elturistatranquil.com\/wp-content\/uploads\/F94-Paseo-de-la-Corredera-Vejer-de-la-Frontera-Cadiz.jpg\" class=\"attachment-large size-large wp-image-43605\" alt=\"Paseo de la Corredera, Vejer de la Frontera, Cadiz\" srcset=\"https:\/\/www.elturistatranquil.com\/wp-content\/uploads\/F94-Paseo-de-la-Corredera-Vejer-de-la-Frontera-Cadiz.jpg 768w, https:\/\/www.elturistatranquil.com\/wp-content\/uploads\/F94-Paseo-de-la-Corredera-Vejer-de-la-Frontera-Cadiz-339x226.jpg 339w\" sizes=\"(max-width: 768px) 100vw, 768px\" \/>\t\t\t\t\t\t\t\t\t\t\t<figcaption class=\"widget-image-caption wp-caption-text\"><\/figcaption>\n\t\t\t\t\t\t\t\t\t\t<\/figure>\n\t\t\t\t\t\t\t\t\t<\/div>\n\t\t\t\t<\/div>\n\t\t\t\t<div class=\"elementor-element elementor-element-484a650 elementor-widget elementor-widget-image\" data-id=\"484a650\" data-element_type=\"widget\" data-e-type=\"widget\" data-widget_type=\"image.default\">\n\t\t\t\t<div class=\"elementor-widget-container\">\n\t\t\t\t\t\t\t\t\t\t\t\t<figure class=\"wp-caption\">\n\t\t\t\t\t\t\t\t\t\t<img loading=\"lazy\" decoding=\"async\" width=\"768\" height=\"512\" src=\"https:\/\/www.elturistatranquil.com\/wp-content\/uploads\/F95-Paseo-de-la-Corredera-Vejer-de-la-Frontera-Cadiz.jpg\" class=\"attachment-large size-large wp-image-43607\" alt=\"Paseo de la Corredera, Vejer de la Frontera, Cadiz\" srcset=\"https:\/\/www.elturistatranquil.com\/wp-content\/uploads\/F95-Paseo-de-la-Corredera-Vejer-de-la-Frontera-Cadiz.jpg 768w, https:\/\/www.elturistatranquil.com\/wp-content\/uploads\/F95-Paseo-de-la-Corredera-Vejer-de-la-Frontera-Cadiz-339x226.jpg 339w\" sizes=\"(max-width: 768px) 100vw, 768px\" \/>\t\t\t\t\t\t\t\t\t\t\t<figcaption class=\"widget-image-caption wp-caption-text\"><\/figcaption>\n\t\t\t\t\t\t\t\t\t\t<\/figure>\n\t\t\t\t\t\t\t\t\t<\/div>\n\t\t\t\t<\/div>\n\t\t\t\t<div class=\"elementor-element elementor-element-74095bc elementor-widget elementor-widget-image\" data-id=\"74095bc\" data-element_type=\"widget\" data-e-type=\"widget\" data-widget_type=\"image.default\">\n\t\t\t\t<div class=\"elementor-widget-container\">\n\t\t\t\t\t\t\t\t\t\t\t\t<figure class=\"wp-caption\">\n\t\t\t\t\t\t\t\t\t\t<img loading=\"lazy\" decoding=\"async\" width=\"768\" height=\"512\" src=\"https:\/\/www.elturistatranquil.com\/wp-content\/uploads\/F96-Paseo-de-la-Corredera-Vejer-de-la-Frontera-Cadiz.jpg\" class=\"attachment-large size-large wp-image-43612\" alt=\"Paseo de la Corredera, Vejer de la Frontera, Cadiz\" srcset=\"https:\/\/www.elturistatranquil.com\/wp-content\/uploads\/F96-Paseo-de-la-Corredera-Vejer-de-la-Frontera-Cadiz.jpg 768w, https:\/\/www.elturistatranquil.com\/wp-content\/uploads\/F96-Paseo-de-la-Corredera-Vejer-de-la-Frontera-Cadiz-339x226.jpg 339w\" sizes=\"(max-width: 768px) 100vw, 768px\" \/>\t\t\t\t\t\t\t\t\t\t\t<figcaption class=\"widget-image-caption wp-caption-text\"><\/figcaption>\n\t\t\t\t\t\t\t\t\t\t<\/figure>\n\t\t\t\t\t\t\t\t\t<\/div>\n\t\t\t\t<\/div>\n\t\t\t\t<div class=\"elementor-element elementor-element-9d82f68 elementor-widget elementor-widget-text-editor\" data-id=\"9d82f68\" data-element_type=\"widget\" data-e-type=\"widget\" data-widget_type=\"text-editor.default\">\n\t\t\t\t<div class=\"elementor-widget-container\">\n\t\t\t\t\t\t\t\t\t<p>Incl\u00f2s un dels molins de vent que envolten Vejer.<\/p>\t\t\t\t\t\t\t\t<\/div>\n\t\t\t\t<\/div>\n\t\t\t\t<div class=\"elementor-element elementor-element-8c74862 elementor-widget elementor-widget-image\" data-id=\"8c74862\" data-element_type=\"widget\" data-e-type=\"widget\" data-widget_type=\"image.default\">\n\t\t\t\t<div class=\"elementor-widget-container\">\n\t\t\t\t\t\t\t\t\t\t\t\t<figure class=\"wp-caption\">\n\t\t\t\t\t\t\t\t\t\t<img loading=\"lazy\" decoding=\"async\" width=\"768\" height=\"511\" src=\"https:\/\/www.elturistatranquil.com\/wp-content\/uploads\/F97-Molino-Paseo-de-la-Corredera-Vejer-de-la-Frontera-Cadiz.jpg\" class=\"attachment-large size-large wp-image-43614\" alt=\"Molino, Paseo de la Corredera, Vejer de la Frontera, Cadiz\" srcset=\"https:\/\/www.elturistatranquil.com\/wp-content\/uploads\/F97-Molino-Paseo-de-la-Corredera-Vejer-de-la-Frontera-Cadiz.jpg 768w, https:\/\/www.elturistatranquil.com\/wp-content\/uploads\/F97-Molino-Paseo-de-la-Corredera-Vejer-de-la-Frontera-Cadiz-339x226.jpg 339w\" sizes=\"(max-width: 768px) 100vw, 768px\" \/>\t\t\t\t\t\t\t\t\t\t\t<figcaption class=\"widget-image-caption wp-caption-text\"><\/figcaption>\n\t\t\t\t\t\t\t\t\t\t<\/figure>\n\t\t\t\t\t\t\t\t\t<\/div>\n\t\t\t\t<\/div>\n\t\t\t\t<div class=\"elementor-element elementor-element-8441e67 elementor-widget elementor-widget-heading\" data-id=\"8441e67\" data-element_type=\"widget\" data-e-type=\"widget\" data-widget_type=\"heading.default\">\n\t\t\t\t<div class=\"elementor-widget-container\">\n\t\t\t\t\t<h4 class=\"elementor-heading-title elementor-size-default\">Carrer Plazuela<\/h4>\t\t\t\t<\/div>\n\t\t\t\t<\/div>\n\t\t\t\t<div class=\"elementor-element elementor-element-f03ed76 elementor-widget elementor-widget-text-editor\" data-id=\"f03ed76\" data-element_type=\"widget\" data-e-type=\"widget\" data-widget_type=\"text-editor.default\">\n\t\t\t\t<div class=\"elementor-widget-container\">\n\t\t\t\t\t\t\t\t\t<p>Ens endinsem pel <strong>carrer Plazuela<\/strong>, en direcci\u00f3 sud, que constitueix el lleuger t\u00e0lveg que enlla\u00e7a els dos turons de poblament hist\u00f2ric. A l&#8217;esquerra, en direcci\u00f3 a llevant, el recinte emmurallat, a la dreta l&#8217;eixample extramurs que va ocupar el segon tur\u00f3.<\/p><p>Es considera que aquest ha estat i \u00e9s un espai singular, un lloc de pas, de trobada amb amics, el lloc on s&#8217;emparaulaven contractes, on els agricultors buscaven peons&#8230; \u00e9s l&#8217;escenari de les principals manifestacions o concentracions del poble i per ella passen les processons religioses, les cavalcades del Carnaval i de la Fira, els correbous cada Diumenge de Resurrecci\u00f3, etc.<\/p>\t\t\t\t\t\t\t\t<\/div>\n\t\t\t\t<\/div>\n\t\t\t\t<div class=\"elementor-element elementor-element-a1b39c1 elementor-widget elementor-widget-menu-anchor\" data-id=\"a1b39c1\" data-element_type=\"widget\" data-e-type=\"widget\" data-widget_type=\"menu-anchor.default\">\n\t\t\t\t<div class=\"elementor-widget-container\">\n\t\t\t\t\t\t\t<div class=\"elementor-menu-anchor\" id=\"c7718\"><\/div>\n\t\t\t\t\t\t<\/div>\n\t\t\t\t<\/div>\n\t\t\t\t<div class=\"elementor-element elementor-element-0b9ccce elementor-widget elementor-widget-image\" data-id=\"0b9ccce\" data-element_type=\"widget\" data-e-type=\"widget\" data-widget_type=\"image.default\">\n\t\t\t\t<div class=\"elementor-widget-container\">\n\t\t\t\t\t\t\t\t\t\t\t\t<figure class=\"wp-caption\">\n\t\t\t\t\t\t\t\t\t\t<img loading=\"lazy\" decoding=\"async\" width=\"768\" height=\"511\" src=\"https:\/\/www.elturistatranquil.com\/wp-content\/uploads\/F98-Vejer-de-la-Frontera-Cadiz.jpg\" class=\"attachment-large size-large wp-image-43616\" alt=\"Vejer de la Frontera, Cadiz\" srcset=\"https:\/\/www.elturistatranquil.com\/wp-content\/uploads\/F98-Vejer-de-la-Frontera-Cadiz.jpg 768w, https:\/\/www.elturistatranquil.com\/wp-content\/uploads\/F98-Vejer-de-la-Frontera-Cadiz-339x226.jpg 339w\" sizes=\"(max-width: 768px) 100vw, 768px\" \/>\t\t\t\t\t\t\t\t\t\t\t<figcaption class=\"widget-image-caption wp-caption-text\"><\/figcaption>\n\t\t\t\t\t\t\t\t\t\t<\/figure>\n\t\t\t\t\t\t\t\t\t<\/div>\n\t\t\t\t<\/div>\n\t\t\t\t<div class=\"elementor-element elementor-element-029ba55 elementor-widget elementor-widget-heading\" data-id=\"029ba55\" data-element_type=\"widget\" data-e-type=\"widget\" data-widget_type=\"heading.default\">\n\t\t\t\t<div class=\"elementor-widget-container\">\n\t\t\t\t\t<h3 class=\"elementor-heading-title elementor-size-default\">Antic convent de San Francisco<\/h3>\t\t\t\t<\/div>\n\t\t\t\t<\/div>\n\t\t\t\t<div class=\"elementor-element elementor-element-acbfbe1 elementor-widget elementor-widget-text-editor\" data-id=\"acbfbe1\" data-element_type=\"widget\" data-e-type=\"widget\" data-widget_type=\"text-editor.default\">\n\t\t\t\t<div class=\"elementor-widget-container\">\n\t\t\t\t\t\t\t\t\t<p>Presideix la <strong>Plazuela<\/strong> l&#8217;antic <strong>convent de San Francisco<\/strong> (<strong>18<\/strong>), un gran edifici amb esgl\u00e9sia i claustre, constru\u00eft a la segona meitat del XVII.<\/p><p>Despr\u00e9s de la desamortitzaci\u00f3 de Mendiz\u00e1bal el 1836, el convent, va tenir diversos usos. Actualment les seves instal\u00b7lacions es reparteixen entre un hotel -que ocupa l&#8217;esgl\u00e9sia-, un cinema i un mercat gurmet a la zona del claustre.<\/p><p>Quan resseguim el carrer Juan Relinque podrem observar la porta d&#8217;entrada al temple.<\/p>\t\t\t\t\t\t\t\t<\/div>\n\t\t\t\t<\/div>\n\t\t\t\t<div class=\"elementor-element elementor-element-9903e0d elementor-widget elementor-widget-image\" data-id=\"9903e0d\" data-element_type=\"widget\" data-e-type=\"widget\" data-widget_type=\"image.default\">\n\t\t\t\t<div class=\"elementor-widget-container\">\n\t\t\t\t\t\t\t\t\t\t\t\t<figure class=\"wp-caption\">\n\t\t\t\t\t\t\t\t\t\t<img loading=\"lazy\" decoding=\"async\" width=\"768\" height=\"512\" src=\"https:\/\/www.elturistatranquil.com\/wp-content\/uploads\/F99-Convento-de-San-Francisco-Vejer-de-la-Frontera-Cadiz.jpg\" class=\"attachment-large size-large wp-image-43618\" alt=\"Convento de San Francisco, Vejer de la Frontera, Cadiz\" srcset=\"https:\/\/www.elturistatranquil.com\/wp-content\/uploads\/F99-Convento-de-San-Francisco-Vejer-de-la-Frontera-Cadiz.jpg 768w, https:\/\/www.elturistatranquil.com\/wp-content\/uploads\/F99-Convento-de-San-Francisco-Vejer-de-la-Frontera-Cadiz-339x226.jpg 339w\" sizes=\"(max-width: 768px) 100vw, 768px\" \/>\t\t\t\t\t\t\t\t\t\t\t<figcaption class=\"widget-image-caption wp-caption-text\"><\/figcaption>\n\t\t\t\t\t\t\t\t\t\t<\/figure>\n\t\t\t\t\t\t\t\t\t<\/div>\n\t\t\t\t<\/div>\n\t\t\t\t<div class=\"elementor-element elementor-element-c105f96 elementor-widget elementor-widget-heading\" data-id=\"c105f96\" data-element_type=\"widget\" data-e-type=\"widget\" data-widget_type=\"heading.default\">\n\t\t\t\t<div class=\"elementor-widget-container\">\n\t\t\t\t\t<h4 class=\"elementor-heading-title elementor-size-default\">Carrer Juan Bueno<\/h4>\t\t\t\t<\/div>\n\t\t\t\t<\/div>\n\t\t\t\t<div class=\"elementor-element elementor-element-15873a9 elementor-widget elementor-widget-text-editor\" data-id=\"15873a9\" data-element_type=\"widget\" data-e-type=\"widget\" data-widget_type=\"text-editor.default\">\n\t\t\t\t<div class=\"elementor-widget-container\">\n\t\t\t\t\t\t\t\t\t<p>A la segona part del recorregut tornarem a passar per aquest punt. En aquest moment ens endinsem al <strong>carrer Juan Bueno<\/strong>, el qual segueix el recorregut exterior de la muralla.<\/p>\t\t\t\t\t\t\t\t<\/div>\n\t\t\t\t<\/div>\n\t\t\t\t<div class=\"elementor-element elementor-element-3edfaac elementor-widget elementor-widget-image\" data-id=\"3edfaac\" data-element_type=\"widget\" data-e-type=\"widget\" data-widget_type=\"image.default\">\n\t\t\t\t<div class=\"elementor-widget-container\">\n\t\t\t\t\t\t\t\t\t\t\t\t<figure class=\"wp-caption\">\n\t\t\t\t\t\t\t\t\t\t<img loading=\"lazy\" decoding=\"async\" width=\"768\" height=\"511\" src=\"https:\/\/www.elturistatranquil.com\/wp-content\/uploads\/F100-Vejer-de-la-Frontera-Cadiz.jpg\" class=\"attachment-large size-large wp-image-43620\" alt=\"Convento de San Francisco, Vejer de la Frontera, Cadiz\" srcset=\"https:\/\/www.elturistatranquil.com\/wp-content\/uploads\/F100-Vejer-de-la-Frontera-Cadiz.jpg 768w, https:\/\/www.elturistatranquil.com\/wp-content\/uploads\/F100-Vejer-de-la-Frontera-Cadiz-339x226.jpg 339w\" sizes=\"(max-width: 768px) 100vw, 768px\" \/>\t\t\t\t\t\t\t\t\t\t\t<figcaption class=\"widget-image-caption wp-caption-text\"><\/figcaption>\n\t\t\t\t\t\t\t\t\t\t<\/figure>\n\t\t\t\t\t\t\t\t\t<\/div>\n\t\t\t\t<\/div>\n\t\t\t\t<div class=\"elementor-element elementor-element-b82ef8e elementor-widget elementor-widget-text-editor\" data-id=\"b82ef8e\" data-element_type=\"widget\" data-e-type=\"widget\" data-widget_type=\"text-editor.default\">\n\t\t\t\t<div class=\"elementor-widget-container\">\n\t\t\t\t\t\t\t\t\t<p>Aqu\u00ed podrem apreciar alguns detalls de la cultura popular, com aquestes rajoles comercials.<\/p>\t\t\t\t\t\t\t\t<\/div>\n\t\t\t\t<\/div>\n\t\t\t\t<div class=\"elementor-element elementor-element-ed7fb61 elementor-widget elementor-widget-image\" data-id=\"ed7fb61\" data-element_type=\"widget\" data-e-type=\"widget\" data-widget_type=\"image.default\">\n\t\t\t\t<div class=\"elementor-widget-container\">\n\t\t\t\t\t\t\t\t\t\t\t\t<figure class=\"wp-caption\">\n\t\t\t\t\t\t\t\t\t\t<img loading=\"lazy\" decoding=\"async\" width=\"768\" height=\"512\" src=\"https:\/\/www.elturistatranquil.com\/wp-content\/uploads\/F101-Vejer-de-la-Frontera-Cadiz.jpg\" class=\"attachment-large size-large wp-image-43625\" alt=\"Convento de San Francisco, Vejer de la Frontera, Cadiz\" srcset=\"https:\/\/www.elturistatranquil.com\/wp-content\/uploads\/F101-Vejer-de-la-Frontera-Cadiz.jpg 768w, https:\/\/www.elturistatranquil.com\/wp-content\/uploads\/F101-Vejer-de-la-Frontera-Cadiz-339x226.jpg 339w\" sizes=\"(max-width: 768px) 100vw, 768px\" \/>\t\t\t\t\t\t\t\t\t\t\t<figcaption class=\"widget-image-caption wp-caption-text\"><\/figcaption>\n\t\t\t\t\t\t\t\t\t\t<\/figure>\n\t\t\t\t\t\t\t\t\t<\/div>\n\t\t\t\t<\/div>\n\t\t\t\t<div class=\"elementor-element elementor-element-c14bf7b elementor-widget elementor-widget-text-editor\" data-id=\"c14bf7b\" data-element_type=\"widget\" data-e-type=\"widget\" data-widget_type=\"text-editor.default\">\n\t\t\t\t<div class=\"elementor-widget-container\">\n\t\t\t\t\t\t\t\t\t<p>El carrer s&#8217;acaba al punt d&#8217;arrencada, al costat de l&#8217;arc de la Concepci\u00f3.<\/p>\t\t\t\t\t\t\t\t<\/div>\n\t\t\t\t<\/div>\n\t\t\t\t<div class=\"elementor-element elementor-element-5a8237f elementor-widget elementor-widget-image\" data-id=\"5a8237f\" data-element_type=\"widget\" data-e-type=\"widget\" data-widget_type=\"image.default\">\n\t\t\t\t<div class=\"elementor-widget-container\">\n\t\t\t\t\t\t\t\t\t\t\t\t<figure class=\"wp-caption\">\n\t\t\t\t\t\t\t\t\t\t<img loading=\"lazy\" decoding=\"async\" width=\"768\" height=\"511\" src=\"https:\/\/www.elturistatranquil.com\/wp-content\/uploads\/F102-Arco-de-Santa-Catalina-Vejer-de-la-Frontera-Cadiz.jpg\" class=\"attachment-large size-large wp-image-43627\" alt=\"Convento de San Francisco, Vejer de la Frontera, Cadiz\" srcset=\"https:\/\/www.elturistatranquil.com\/wp-content\/uploads\/F102-Arco-de-Santa-Catalina-Vejer-de-la-Frontera-Cadiz.jpg 768w, https:\/\/www.elturistatranquil.com\/wp-content\/uploads\/F102-Arco-de-Santa-Catalina-Vejer-de-la-Frontera-Cadiz-339x226.jpg 339w\" sizes=\"(max-width: 768px) 100vw, 768px\" \/>\t\t\t\t\t\t\t\t\t\t\t<figcaption class=\"widget-image-caption wp-caption-text\"><\/figcaption>\n\t\t\t\t\t\t\t\t\t\t<\/figure>\n\t\t\t\t\t\t\t\t\t<\/div>\n\t\t\t\t<\/div>\n\t\t\t\t<div class=\"elementor-element elementor-element-1924af2 elementor-widget elementor-widget-menu-anchor\" data-id=\"1924af2\" data-element_type=\"widget\" data-e-type=\"widget\" data-widget_type=\"menu-anchor.default\">\n\t\t\t\t<div class=\"elementor-widget-container\">\n\t\t\t\t\t\t\t<div class=\"elementor-menu-anchor\" id=\"c7719\"><\/div>\n\t\t\t\t\t\t<\/div>\n\t\t\t\t<\/div>\n\t\t\t\t<div class=\"elementor-element elementor-element-6653289 elementor-widget elementor-widget-image\" data-id=\"6653289\" data-element_type=\"widget\" data-e-type=\"widget\" data-widget_type=\"image.default\">\n\t\t\t\t<div class=\"elementor-widget-container\">\n\t\t\t\t\t\t\t\t\t\t\t\t<figure class=\"wp-caption\">\n\t\t\t\t\t\t\t\t\t\t<img loading=\"lazy\" decoding=\"async\" width=\"768\" height=\"511\" src=\"https:\/\/www.elturistatranquil.com\/wp-content\/uploads\/F103-Arco-de-Santa-Catalina-Vejer-de-la-Frontera-Cadiz.jpg\" class=\"attachment-large size-large wp-image-43629\" alt=\"Arco de Santa Catalina, Vejer de la Frontera, Cadiz\" srcset=\"https:\/\/www.elturistatranquil.com\/wp-content\/uploads\/F103-Arco-de-Santa-Catalina-Vejer-de-la-Frontera-Cadiz.jpg 768w, https:\/\/www.elturistatranquil.com\/wp-content\/uploads\/F103-Arco-de-Santa-Catalina-Vejer-de-la-Frontera-Cadiz-339x226.jpg 339w\" sizes=\"(max-width: 768px) 100vw, 768px\" \/>\t\t\t\t\t\t\t\t\t\t\t<figcaption class=\"widget-image-caption wp-caption-text\"><\/figcaption>\n\t\t\t\t\t\t\t\t\t\t<\/figure>\n\t\t\t\t\t\t\t\t\t<\/div>\n\t\t\t\t<\/div>\n\t\t\t\t<div class=\"elementor-element elementor-element-dd44521 elementor-widget elementor-widget-heading\" data-id=\"dd44521\" data-element_type=\"widget\" data-e-type=\"widget\" data-widget_type=\"heading.default\">\n\t\t\t\t<div class=\"elementor-widget-container\">\n\t\t\t\t\t<h2 class=\"elementor-heading-title elementor-size-default\">Recorregut pel centre hist\u00f2ric<\/h2>\t\t\t\t<\/div>\n\t\t\t\t<\/div>\n\t\t\t\t<div class=\"elementor-element elementor-element-b656c9f elementor-widget elementor-widget-text-editor\" data-id=\"b656c9f\" data-element_type=\"widget\" data-e-type=\"widget\" data-widget_type=\"text-editor.default\">\n\t\t\t\t<div class=\"elementor-widget-container\">\n\t\t\t\t\t\t\t\t\t<p>Tornem a creuar l&#8217;arc de la Concepci\u00f3, per\u00f2 aquesta vegada a l&#8217;esquerra al <strong>barri de la Juder\u00eda <\/strong>(el Call)\u00a0(<strong>19<\/strong>), pel <strong>carrer Juder\u00eda<\/strong>. En aquest carrer les cases no es van adossar al mur.<\/p>\t\t\t\t\t\t\t\t<\/div>\n\t\t\t\t<\/div>\n\t\t\t\t<div class=\"elementor-element elementor-element-72b9c0f elementor-widget elementor-widget-heading\" data-id=\"72b9c0f\" data-element_type=\"widget\" data-e-type=\"widget\" data-widget_type=\"heading.default\">\n\t\t\t\t<div class=\"elementor-widget-container\">\n\t\t\t\t\t<h4 class=\"elementor-heading-title elementor-size-default\">Carrer Juder\u00eda<\/h4>\t\t\t\t<\/div>\n\t\t\t\t<\/div>\n\t\t\t\t<div class=\"elementor-element elementor-element-d342d70 elementor-widget elementor-widget-image\" data-id=\"d342d70\" data-element_type=\"widget\" data-e-type=\"widget\" data-widget_type=\"image.default\">\n\t\t\t\t<div class=\"elementor-widget-container\">\n\t\t\t\t\t\t\t\t\t\t\t\t<figure class=\"wp-caption\">\n\t\t\t\t\t\t\t\t\t\t<img loading=\"lazy\" decoding=\"async\" width=\"768\" height=\"511\" src=\"https:\/\/www.elturistatranquil.com\/wp-content\/uploads\/F104-Vejer-de-la-Frontera-Cadiz.jpg\" class=\"attachment-large size-large wp-image-43634\" alt=\"Vejer de la Frontera, Cadiz\" srcset=\"https:\/\/www.elturistatranquil.com\/wp-content\/uploads\/F104-Vejer-de-la-Frontera-Cadiz.jpg 768w, https:\/\/www.elturistatranquil.com\/wp-content\/uploads\/F104-Vejer-de-la-Frontera-Cadiz-339x226.jpg 339w\" sizes=\"(max-width: 768px) 100vw, 768px\" \/>\t\t\t\t\t\t\t\t\t\t\t<figcaption class=\"widget-image-caption wp-caption-text\"><\/figcaption>\n\t\t\t\t\t\t\t\t\t\t<\/figure>\n\t\t\t\t\t\t\t\t\t<\/div>\n\t\t\t\t<\/div>\n\t\t\t\t<div class=\"elementor-element elementor-element-67a37c0 elementor-widget elementor-widget-text-editor\" data-id=\"67a37c0\" data-element_type=\"widget\" data-e-type=\"widget\" data-widget_type=\"text-editor.default\">\n\t\t\t\t<div class=\"elementor-widget-container\">\n\t\t\t\t\t\t\t\t\t<p>Aqu\u00ed podrem contemplar un altre dels jardins interiors, en un pati de casa popular. Aquest pati est\u00e0 abonat al <strong>segon Premi de Patis Antics<\/strong>.<\/p>\t\t\t\t\t\t\t\t<\/div>\n\t\t\t\t<\/div>\n\t\t\t\t<div class=\"elementor-element elementor-element-c7a9edf elementor-widget elementor-widget-image\" data-id=\"c7a9edf\" data-element_type=\"widget\" data-e-type=\"widget\" data-widget_type=\"image.default\">\n\t\t\t\t<div class=\"elementor-widget-container\">\n\t\t\t\t\t\t\t\t\t\t\t\t<figure class=\"wp-caption\">\n\t\t\t\t\t\t\t\t\t\t<img loading=\"lazy\" decoding=\"async\" width=\"768\" height=\"512\" src=\"https:\/\/www.elturistatranquil.com\/wp-content\/uploads\/F105-Vejer-de-la-Frontera-Cadiz.jpg\" class=\"attachment-large size-large wp-image-43639\" alt=\"Vejer de la Frontera, Cadiz\" srcset=\"https:\/\/www.elturistatranquil.com\/wp-content\/uploads\/F105-Vejer-de-la-Frontera-Cadiz.jpg 768w, https:\/\/www.elturistatranquil.com\/wp-content\/uploads\/F105-Vejer-de-la-Frontera-Cadiz-339x226.jpg 339w\" sizes=\"(max-width: 768px) 100vw, 768px\" \/>\t\t\t\t\t\t\t\t\t\t\t<figcaption class=\"widget-image-caption wp-caption-text\"><\/figcaption>\n\t\t\t\t\t\t\t\t\t\t<\/figure>\n\t\t\t\t\t\t\t\t\t<\/div>\n\t\t\t\t<\/div>\n\t\t\t\t<div class=\"elementor-element elementor-element-27ef9c0 elementor-widget elementor-widget-menu-anchor\" data-id=\"27ef9c0\" data-element_type=\"widget\" data-e-type=\"widget\" data-widget_type=\"menu-anchor.default\">\n\t\t\t\t<div class=\"elementor-widget-container\">\n\t\t\t\t\t\t\t<div class=\"elementor-menu-anchor\" id=\"c7720\"><\/div>\n\t\t\t\t\t\t<\/div>\n\t\t\t\t<\/div>\n\t\t\t\t<div class=\"elementor-element elementor-element-37a246d elementor-widget elementor-widget-image\" data-id=\"37a246d\" data-element_type=\"widget\" data-e-type=\"widget\" data-widget_type=\"image.default\">\n\t\t\t\t<div class=\"elementor-widget-container\">\n\t\t\t\t\t\t\t\t\t\t\t\t<figure class=\"wp-caption\">\n\t\t\t\t\t\t\t\t\t\t<img loading=\"lazy\" decoding=\"async\" width=\"768\" height=\"512\" src=\"https:\/\/www.elturistatranquil.com\/wp-content\/uploads\/F106-Vejer-de-la-Frontera-Cadiz.jpg\" class=\"attachment-large size-large wp-image-43641\" alt=\"Vejer de la Frontera, Cadiz\" srcset=\"https:\/\/www.elturistatranquil.com\/wp-content\/uploads\/F106-Vejer-de-la-Frontera-Cadiz.jpg 768w, https:\/\/www.elturistatranquil.com\/wp-content\/uploads\/F106-Vejer-de-la-Frontera-Cadiz-339x226.jpg 339w\" sizes=\"(max-width: 768px) 100vw, 768px\" \/>\t\t\t\t\t\t\t\t\t\t\t<figcaption class=\"widget-image-caption wp-caption-text\"><\/figcaption>\n\t\t\t\t\t\t\t\t\t\t<\/figure>\n\t\t\t\t\t\t\t\t\t<\/div>\n\t\t\t\t<\/div>\n\t\t\t\t<div class=\"elementor-element elementor-element-af1b5b6 elementor-widget elementor-widget-heading\" data-id=\"af1b5b6\" data-element_type=\"widget\" data-e-type=\"widget\" data-widget_type=\"heading.default\">\n\t\t\t\t<div class=\"elementor-widget-container\">\n\t\t\t\t\t<h3 class=\"elementor-heading-title elementor-size-default\">Arcs del carrer\u00f3 de las Monjas <\/h3>\t\t\t\t<\/div>\n\t\t\t\t<\/div>\n\t\t\t\t<div class=\"elementor-element elementor-element-5d12498 elementor-widget elementor-widget-text-editor\" data-id=\"5d12498\" data-element_type=\"widget\" data-e-type=\"widget\" data-widget_type=\"text-editor.default\">\n\t\t\t\t<div class=\"elementor-widget-container\">\n\t\t\t\t\t\t\t\t\t<p>El carrer acaba en un dels punts m\u00e9s fotog\u00e8nics de Vejer. Es tracta dels <strong>arcs del carrer\u00f3 de las Monjas<\/strong> (<strong>20<\/strong>).<\/p><p>De fet, es tracta dels arcs d&#8217;uns contraforts que van construir per consolidar l&#8217;esgl\u00e9sia de les Concepcionistes. Despr\u00e9s del terratr\u00e8mol de 1773, els danys causats van fer prec\u00eds consolidar aquest costat del temple, per a la qual cosa es van construir quatre contraforts. El pas interior que s&#8217;habilit\u00e0 ofereix una perspectiva fotog\u00e8nica sobre l&#8217;exterior del caseriu. Pel costat exterior, els contraforts es van integrar en el teixit urb\u00e0, cosa que li dona la forma de carrer\u00f3.<\/p>\t\t\t\t\t\t\t\t<\/div>\n\t\t\t\t<\/div>\n\t\t\t\t<div class=\"elementor-element elementor-element-6cd2cb4 elementor-widget elementor-widget-image\" data-id=\"6cd2cb4\" data-element_type=\"widget\" data-e-type=\"widget\" data-widget_type=\"image.default\">\n\t\t\t\t<div class=\"elementor-widget-container\">\n\t\t\t\t\t\t\t\t\t\t\t\t<figure class=\"wp-caption\">\n\t\t\t\t\t\t\t\t\t\t<img loading=\"lazy\" decoding=\"async\" width=\"768\" height=\"511\" src=\"https:\/\/www.elturistatranquil.com\/wp-content\/uploads\/F107-Callejon-de-las-Monjas-Vejer-de-la-Frontera-Cadiz.jpg\" class=\"attachment-large size-large wp-image-43643\" alt=\"Callejon de las Monjas, Vejer de la Frontera, Cadiz\" srcset=\"https:\/\/www.elturistatranquil.com\/wp-content\/uploads\/F107-Callejon-de-las-Monjas-Vejer-de-la-Frontera-Cadiz.jpg 768w, https:\/\/www.elturistatranquil.com\/wp-content\/uploads\/F107-Callejon-de-las-Monjas-Vejer-de-la-Frontera-Cadiz-339x226.jpg 339w\" sizes=\"(max-width: 768px) 100vw, 768px\" \/>\t\t\t\t\t\t\t\t\t\t\t<figcaption class=\"widget-image-caption wp-caption-text\"><\/figcaption>\n\t\t\t\t\t\t\t\t\t\t<\/figure>\n\t\t\t\t\t\t\t\t\t<\/div>\n\t\t\t\t<\/div>\n\t\t\t\t<div class=\"elementor-element elementor-element-2bc03e0 elementor-widget elementor-widget-menu-anchor\" data-id=\"2bc03e0\" data-element_type=\"widget\" data-e-type=\"widget\" data-widget_type=\"menu-anchor.default\">\n\t\t\t\t<div class=\"elementor-widget-container\">\n\t\t\t\t\t\t\t<div class=\"elementor-menu-anchor\" id=\"c7721\"><\/div>\n\t\t\t\t\t\t<\/div>\n\t\t\t\t<\/div>\n\t\t\t\t<div class=\"elementor-element elementor-element-f8db444 elementor-widget elementor-widget-image\" data-id=\"f8db444\" data-element_type=\"widget\" data-e-type=\"widget\" data-widget_type=\"image.default\">\n\t\t\t\t<div class=\"elementor-widget-container\">\n\t\t\t\t\t\t\t\t\t\t\t\t<figure class=\"wp-caption\">\n\t\t\t\t\t\t\t\t\t\t<img loading=\"lazy\" decoding=\"async\" width=\"768\" height=\"511\" src=\"https:\/\/www.elturistatranquil.com\/wp-content\/uploads\/F108-Callejon-de-las-Monjas-Vejer-de-la-Frontera-Cadiz.jpg\" class=\"attachment-large size-large wp-image-43645\" alt=\"Callejon de las Monjas, Vejer de la Frontera, Cadiz\" srcset=\"https:\/\/www.elturistatranquil.com\/wp-content\/uploads\/F108-Callejon-de-las-Monjas-Vejer-de-la-Frontera-Cadiz.jpg 768w, https:\/\/www.elturistatranquil.com\/wp-content\/uploads\/F108-Callejon-de-las-Monjas-Vejer-de-la-Frontera-Cadiz-339x226.jpg 339w\" sizes=\"(max-width: 768px) 100vw, 768px\" \/>\t\t\t\t\t\t\t\t\t\t\t<figcaption class=\"widget-image-caption wp-caption-text\"><\/figcaption>\n\t\t\t\t\t\t\t\t\t\t<\/figure>\n\t\t\t\t\t\t\t\t\t<\/div>\n\t\t\t\t<\/div>\n\t\t\t\t<div class=\"elementor-element elementor-element-060d00a elementor-widget elementor-widget-heading\" data-id=\"060d00a\" data-element_type=\"widget\" data-e-type=\"widget\" data-widget_type=\"heading.default\">\n\t\t\t\t<div class=\"elementor-widget-container\">\n\t\t\t\t\t<h3 class=\"elementor-heading-title elementor-size-default\">Convent de las Concepcionistas \/ Museu d\u2019Artes i Costums Populars <\/h3>\t\t\t\t<\/div>\n\t\t\t\t<\/div>\n\t\t\t\t<div class=\"elementor-element elementor-element-38ea30d elementor-widget elementor-widget-text-editor\" data-id=\"38ea30d\" data-element_type=\"widget\" data-e-type=\"widget\" data-widget_type=\"text-editor.default\">\n\t\t\t\t<div class=\"elementor-widget-container\">\n\t\t\t\t\t\t\t\t\t<p>Al <strong>carrer Ram\u00f3n y Cajal<\/strong> hi ha l&#8217;<strong>antic convent de las Concepcionistas<\/strong> (<strong>21<\/strong>). El va fer construir el Juan de Amaya \u201cEl Viejol\u201d i la seva esposa la Beatriz de Villavicencio el 1552. En la desamortitzaci\u00f3 del XIX va passar a mans privades i a finals del segle XX va ser donat a l&#8217;Ajuntament de Vejer, sent restaurat.<\/p><p>Als peus del temple, la portada d&#8217;estil renaixentista, amb arc de mig punt entre dues pilastres de fust enfonsat i decorats amb rosasses i un capitell compost i un front\u00f3 amb una forn\u00edcula a la part superior.<\/p><p>L\u00b4interior d\u00b4una sola nau, amb tres capelles al costat de l\u00b4evangeli.<\/p>\t\t\t\t\t\t\t\t<\/div>\n\t\t\t\t<\/div>\n\t\t\t\t<div class=\"elementor-element elementor-element-27cfdaf elementor-widget elementor-widget-image\" data-id=\"27cfdaf\" data-element_type=\"widget\" data-e-type=\"widget\" data-widget_type=\"image.default\">\n\t\t\t\t<div class=\"elementor-widget-container\">\n\t\t\t\t\t\t\t\t\t\t\t\t<figure class=\"wp-caption\">\n\t\t\t\t\t\t\t\t\t\t<img loading=\"lazy\" decoding=\"async\" width=\"768\" height=\"512\" src=\"https:\/\/www.elturistatranquil.com\/wp-content\/uploads\/F109-Convento-de-las-concepcionistas-Vejer-de-la-Frontera-Cadiz.jpg\" class=\"attachment-large size-large wp-image-43647\" alt=\"Convento de las concepcionistas, Vejer de la Frontera, Cadiz\" srcset=\"https:\/\/www.elturistatranquil.com\/wp-content\/uploads\/F109-Convento-de-las-concepcionistas-Vejer-de-la-Frontera-Cadiz.jpg 768w, https:\/\/www.elturistatranquil.com\/wp-content\/uploads\/F109-Convento-de-las-concepcionistas-Vejer-de-la-Frontera-Cadiz-339x226.jpg 339w\" sizes=\"(max-width: 768px) 100vw, 768px\" \/>\t\t\t\t\t\t\t\t\t\t\t<figcaption class=\"widget-image-caption wp-caption-text\"><\/figcaption>\n\t\t\t\t\t\t\t\t\t\t<\/figure>\n\t\t\t\t\t\t\t\t\t<\/div>\n\t\t\t\t<\/div>\n\t\t\t\t<div class=\"elementor-element elementor-element-6626fef elementor-widget elementor-widget-image\" data-id=\"6626fef\" data-element_type=\"widget\" data-e-type=\"widget\" data-widget_type=\"image.default\">\n\t\t\t\t<div class=\"elementor-widget-container\">\n\t\t\t\t\t\t\t\t\t\t\t\t<figure class=\"wp-caption\">\n\t\t\t\t\t\t\t\t\t\t<img loading=\"lazy\" decoding=\"async\" width=\"768\" height=\"512\" src=\"https:\/\/www.elturistatranquil.com\/wp-content\/uploads\/F110-Convento-de-las-concepcionistas-Vejer-de-la-Frontera-Cadiz.jpg\" class=\"attachment-large size-large wp-image-43649\" alt=\"Convento de las concepcionistas, Vejer de la Frontera, Cadiz\" srcset=\"https:\/\/www.elturistatranquil.com\/wp-content\/uploads\/F110-Convento-de-las-concepcionistas-Vejer-de-la-Frontera-Cadiz.jpg 768w, https:\/\/www.elturistatranquil.com\/wp-content\/uploads\/F110-Convento-de-las-concepcionistas-Vejer-de-la-Frontera-Cadiz-339x226.jpg 339w\" sizes=\"(max-width: 768px) 100vw, 768px\" \/>\t\t\t\t\t\t\t\t\t\t\t<figcaption class=\"widget-image-caption wp-caption-text\"><\/figcaption>\n\t\t\t\t\t\t\t\t\t\t<\/figure>\n\t\t\t\t\t\t\t\t\t<\/div>\n\t\t\t\t<\/div>\n\t\t\t\t<div class=\"elementor-element elementor-element-b7e7190 elementor-widget elementor-widget-text-editor\" data-id=\"b7e7190\" data-element_type=\"widget\" data-e-type=\"widget\" data-widget_type=\"text-editor.default\">\n\t\t\t\t<div class=\"elementor-widget-container\">\n\t\t\t\t\t\t\t\t\t<p>Actualment acull el <strong>Museu d\u2019Artes i Costums Populars<\/strong>.<\/p>\t\t\t\t\t\t\t\t<\/div>\n\t\t\t\t<\/div>\n\t\t\t\t<div class=\"elementor-element elementor-element-e05bd5a elementor-widget elementor-widget-image\" data-id=\"e05bd5a\" data-element_type=\"widget\" data-e-type=\"widget\" data-widget_type=\"image.default\">\n\t\t\t\t<div class=\"elementor-widget-container\">\n\t\t\t\t\t\t\t\t\t\t\t\t<figure class=\"wp-caption\">\n\t\t\t\t\t\t\t\t\t\t<img loading=\"lazy\" decoding=\"async\" width=\"768\" height=\"512\" src=\"https:\/\/www.elturistatranquil.com\/wp-content\/uploads\/F111-Museo-de-Artes-y-Costumbres-Populares-Vejer-de-la-Frontera-Cadiz.jpg\" class=\"attachment-large size-large wp-image-43654\" alt=\"Museo de Artes y Costumbres Populares, Vejer de la Frontera, Cadiz\" srcset=\"https:\/\/www.elturistatranquil.com\/wp-content\/uploads\/F111-Museo-de-Artes-y-Costumbres-Populares-Vejer-de-la-Frontera-Cadiz.jpg 768w, https:\/\/www.elturistatranquil.com\/wp-content\/uploads\/F111-Museo-de-Artes-y-Costumbres-Populares-Vejer-de-la-Frontera-Cadiz-339x226.jpg 339w\" sizes=\"(max-width: 768px) 100vw, 768px\" \/>\t\t\t\t\t\t\t\t\t\t\t<figcaption class=\"widget-image-caption wp-caption-text\"><\/figcaption>\n\t\t\t\t\t\t\t\t\t\t<\/figure>\n\t\t\t\t\t\t\t\t\t<\/div>\n\t\t\t\t<\/div>\n\t\t\t\t<div class=\"elementor-element elementor-element-a8e50bb elementor-widget elementor-widget-image\" data-id=\"a8e50bb\" data-element_type=\"widget\" data-e-type=\"widget\" data-widget_type=\"image.default\">\n\t\t\t\t<div class=\"elementor-widget-container\">\n\t\t\t\t\t\t\t\t\t\t\t\t<figure class=\"wp-caption\">\n\t\t\t\t\t\t\t\t\t\t<img loading=\"lazy\" decoding=\"async\" width=\"768\" height=\"512\" src=\"https:\/\/www.elturistatranquil.com\/wp-content\/uploads\/F112-Museo-de-Artes-y-Costumbres-Populares-Vejer-de-la-Frontera-Cadiz.jpg\" class=\"attachment-large size-large wp-image-43656\" alt=\"Museo de Artes y Costumbres Populares, Vejer de la Frontera, Cadiz\" srcset=\"https:\/\/www.elturistatranquil.com\/wp-content\/uploads\/F112-Museo-de-Artes-y-Costumbres-Populares-Vejer-de-la-Frontera-Cadiz.jpg 768w, https:\/\/www.elturistatranquil.com\/wp-content\/uploads\/F112-Museo-de-Artes-y-Costumbres-Populares-Vejer-de-la-Frontera-Cadiz-339x226.jpg 339w\" sizes=\"(max-width: 768px) 100vw, 768px\" \/>\t\t\t\t\t\t\t\t\t\t\t<figcaption class=\"widget-image-caption wp-caption-text\"><\/figcaption>\n\t\t\t\t\t\t\t\t\t\t<\/figure>\n\t\t\t\t\t\t\t\t\t<\/div>\n\t\t\t\t<\/div>\n\t\t\t\t<div class=\"elementor-element elementor-element-a749243 elementor-widget elementor-widget-image\" data-id=\"a749243\" data-element_type=\"widget\" data-e-type=\"widget\" data-widget_type=\"image.default\">\n\t\t\t\t<div class=\"elementor-widget-container\">\n\t\t\t\t\t\t\t\t\t\t\t\t<figure class=\"wp-caption\">\n\t\t\t\t\t\t\t\t\t\t<img loading=\"lazy\" decoding=\"async\" width=\"768\" height=\"512\" src=\"https:\/\/www.elturistatranquil.com\/wp-content\/uploads\/F113-Museo-de-Artes-y-Costumbres-Populares-Vejer-de-la-Frontera-Cadiz.jpg\" class=\"attachment-large size-large wp-image-43658\" alt=\"Museo de Artes y Costumbres Populares, Vejer de la Frontera, Cadiz\" srcset=\"https:\/\/www.elturistatranquil.com\/wp-content\/uploads\/F113-Museo-de-Artes-y-Costumbres-Populares-Vejer-de-la-Frontera-Cadiz.jpg 768w, https:\/\/www.elturistatranquil.com\/wp-content\/uploads\/F113-Museo-de-Artes-y-Costumbres-Populares-Vejer-de-la-Frontera-Cadiz-339x226.jpg 339w\" sizes=\"(max-width: 768px) 100vw, 768px\" \/>\t\t\t\t\t\t\t\t\t\t\t<figcaption class=\"widget-image-caption wp-caption-text\"><\/figcaption>\n\t\t\t\t\t\t\t\t\t\t<\/figure>\n\t\t\t\t\t\t\t\t\t<\/div>\n\t\t\t\t<\/div>\n\t\t\t\t<div class=\"elementor-element elementor-element-1de6437 elementor-widget elementor-widget-image\" data-id=\"1de6437\" data-element_type=\"widget\" data-e-type=\"widget\" data-widget_type=\"image.default\">\n\t\t\t\t<div class=\"elementor-widget-container\">\n\t\t\t\t\t\t\t\t\t\t\t\t<figure class=\"wp-caption\">\n\t\t\t\t\t\t\t\t\t\t<img loading=\"lazy\" decoding=\"async\" width=\"768\" height=\"512\" src=\"https:\/\/www.elturistatranquil.com\/wp-content\/uploads\/F114-Museo-de-Artes-y-Costumbres-Populares-Vejer-de-la-Frontera-Cadiz.jpg\" class=\"attachment-large size-large wp-image-43660\" alt=\"Museo de Artes y Costumbres Populares, Vejer de la Frontera, Cadiz\" srcset=\"https:\/\/www.elturistatranquil.com\/wp-content\/uploads\/F114-Museo-de-Artes-y-Costumbres-Populares-Vejer-de-la-Frontera-Cadiz.jpg 768w, https:\/\/www.elturistatranquil.com\/wp-content\/uploads\/F114-Museo-de-Artes-y-Costumbres-Populares-Vejer-de-la-Frontera-Cadiz-339x226.jpg 339w\" sizes=\"(max-width: 768px) 100vw, 768px\" \/>\t\t\t\t\t\t\t\t\t\t\t<figcaption class=\"widget-image-caption wp-caption-text\"><\/figcaption>\n\t\t\t\t\t\t\t\t\t\t<\/figure>\n\t\t\t\t\t\t\t\t\t<\/div>\n\t\t\t\t<\/div>\n\t\t\t\t<div class=\"elementor-element elementor-element-b16ebce elementor-widget elementor-widget-text-editor\" data-id=\"b16ebce\" data-element_type=\"widget\" data-e-type=\"widget\" data-widget_type=\"text-editor.default\">\n\t\t\t\t<div class=\"elementor-widget-container\">\n\t\t\t\t\t\t\t\t\t<p>Sota el presbiteri hi ha la cripta.<\/p>\t\t\t\t\t\t\t\t<\/div>\n\t\t\t\t<\/div>\n\t\t\t\t<div class=\"elementor-element elementor-element-955a62d elementor-widget elementor-widget-menu-anchor\" data-id=\"955a62d\" data-element_type=\"widget\" data-e-type=\"widget\" data-widget_type=\"menu-anchor.default\">\n\t\t\t\t<div class=\"elementor-widget-container\">\n\t\t\t\t\t\t\t<div class=\"elementor-menu-anchor\" id=\"c7722\"><\/div>\n\t\t\t\t\t\t<\/div>\n\t\t\t\t<\/div>\n\t\t\t\t<div class=\"elementor-element elementor-element-cf9039b elementor-widget elementor-widget-image\" data-id=\"cf9039b\" data-element_type=\"widget\" data-e-type=\"widget\" data-widget_type=\"image.default\">\n\t\t\t\t<div class=\"elementor-widget-container\">\n\t\t\t\t\t\t\t\t\t\t\t\t<figure class=\"wp-caption\">\n\t\t\t\t\t\t\t\t\t\t<img loading=\"lazy\" decoding=\"async\" width=\"768\" height=\"512\" src=\"https:\/\/www.elturistatranquil.com\/wp-content\/uploads\/F115-Convento-de-las-concepcionistas-Vejer-de-la-Frontera-Cadiz.jpg\" class=\"attachment-large size-large wp-image-43665\" alt=\"Convento de las concepcionistas, Vejer de la Frontera, Cadiz\" srcset=\"https:\/\/www.elturistatranquil.com\/wp-content\/uploads\/F115-Convento-de-las-concepcionistas-Vejer-de-la-Frontera-Cadiz.jpg 768w, https:\/\/www.elturistatranquil.com\/wp-content\/uploads\/F115-Convento-de-las-concepcionistas-Vejer-de-la-Frontera-Cadiz-339x226.jpg 339w\" sizes=\"(max-width: 768px) 100vw, 768px\" \/>\t\t\t\t\t\t\t\t\t\t\t<figcaption class=\"widget-image-caption wp-caption-text\"><\/figcaption>\n\t\t\t\t\t\t\t\t\t\t<\/figure>\n\t\t\t\t\t\t\t\t\t<\/div>\n\t\t\t\t<\/div>\n\t\t\t\t<div class=\"elementor-element elementor-element-323c7fb elementor-widget elementor-widget-heading\" data-id=\"323c7fb\" data-element_type=\"widget\" data-e-type=\"widget\" data-widget_type=\"heading.default\">\n\t\t\t\t<div class=\"elementor-widget-container\">\n\t\t\t\t\t<h3 class=\"elementor-heading-title elementor-size-default\">Castell de Vejer<\/h3>\t\t\t\t<\/div>\n\t\t\t\t<\/div>\n\t\t\t\t<div class=\"elementor-element elementor-element-3b6026f elementor-widget elementor-widget-text-editor\" data-id=\"3b6026f\" data-element_type=\"widget\" data-e-type=\"widget\" data-widget_type=\"text-editor.default\">\n\t\t\t\t<div class=\"elementor-widget-container\">\n\t\t\t\t\t\t\t\t\t<p>A uns cent metres del convent s&#8217;enlaira el <strong>Castell<\/strong> (<strong>22<\/strong>), d&#8217;\u00e8poca andalusina. \u00c9s poc visible des de l&#8217;interior de la ciutat, ja que nom\u00e9s un petit fragment de fa\u00e7ana \u00e9s a la vista, at\u00e8s que sobretot el seu entorn s&#8217;han adossat construccions que l&#8217;amaguen. En no posseir elevades torres, tamb\u00e9 la seva pres\u00e8ncia \u00e9s discreta des de la dist\u00e0ncia.<\/p><p>El castell, igual que l&#8217;esgl\u00e9sia parroquial, es va construir a la cota m\u00e9s elevada de la poblaci\u00f3. Els seus primers llen\u00e7os, datats cap als segles X i XI, a l&#8217;\u00e8poca del primer Califat de C\u00f2rdova, van ser reedificats amb posterioritat. La planta \u00e9s rectangular de 74 x 22 metres, amb tres torres rectangulars de poca al\u00e7ada. Dividit internament en dues meitats, amb un pati d&#8217;armes i una zona destinada a habitatge, probablement constru\u00efda als segles XVI i XVII, actualment de propietat privada.<\/p><p>Se&#8217;l considera un castell menor per tenir nom\u00e9s una porta d&#8217;acc\u00e9s. La porta musulmana presenta un cl\u00e0ssic arc conopial del segle XI i constitueix un dels elements m\u00e9s destacats de l&#8217;edifici actual.<\/p><p>Durant la nostra estada no era visitable.<\/p>\t\t\t\t\t\t\t\t<\/div>\n\t\t\t\t<\/div>\n\t\t\t\t<div class=\"elementor-element elementor-element-715d5e5 elementor-widget elementor-widget-image\" data-id=\"715d5e5\" data-element_type=\"widget\" data-e-type=\"widget\" data-widget_type=\"image.default\">\n\t\t\t\t<div class=\"elementor-widget-container\">\n\t\t\t\t\t\t\t\t\t\t\t\t<figure class=\"wp-caption\">\n\t\t\t\t\t\t\t\t\t\t<img loading=\"lazy\" decoding=\"async\" width=\"768\" height=\"511\" src=\"https:\/\/www.elturistatranquil.com\/wp-content\/uploads\/F116-Vejer-de-la-Frontera-Cadiz.jpg\" class=\"attachment-large size-large wp-image-43667\" alt=\"Castillo de Vejer de la Frontera, Cadiz\" srcset=\"https:\/\/www.elturistatranquil.com\/wp-content\/uploads\/F116-Vejer-de-la-Frontera-Cadiz.jpg 768w, https:\/\/www.elturistatranquil.com\/wp-content\/uploads\/F116-Vejer-de-la-Frontera-Cadiz-339x226.jpg 339w\" sizes=\"(max-width: 768px) 100vw, 768px\" \/>\t\t\t\t\t\t\t\t\t\t\t<figcaption class=\"widget-image-caption wp-caption-text\"><\/figcaption>\n\t\t\t\t\t\t\t\t\t\t<\/figure>\n\t\t\t\t\t\t\t\t\t<\/div>\n\t\t\t\t<\/div>\n\t\t\t\t<section class=\"elementor-section elementor-inner-section elementor-element elementor-element-0667852 elementor-section-boxed elementor-section-height-default elementor-section-height-default\" data-id=\"0667852\" data-element_type=\"section\" data-e-type=\"section\">\n\t\t\t\t\t\t<div class=\"elementor-container elementor-column-gap-default\">\n\t\t\t\t\t<div class=\"elementor-column elementor-col-50 elementor-inner-column elementor-element elementor-element-8fea24a\" data-id=\"8fea24a\" data-element_type=\"column\" data-e-type=\"column\">\n\t\t\t<div class=\"elementor-widget-wrap elementor-element-populated\">\n\t\t\t\t\t\t<div class=\"elementor-element elementor-element-6cd946a elementor-widget elementor-widget-image\" data-id=\"6cd946a\" data-element_type=\"widget\" data-e-type=\"widget\" data-widget_type=\"image.default\">\n\t\t\t\t<div class=\"elementor-widget-container\">\n\t\t\t\t\t\t\t\t\t\t\t\t\t\t\t<img loading=\"lazy\" decoding=\"async\" width=\"380\" height=\"574\" src=\"https:\/\/www.elturistatranquil.com\/wp-content\/uploads\/F117m-Castillo-Vejer-de-la-Frontera-Cadiz.jpg\" class=\"attachment-large size-large wp-image-43669\" alt=\"Castillo de Vejer de la Frontera, Cadiz\" srcset=\"https:\/\/www.elturistatranquil.com\/wp-content\/uploads\/F117m-Castillo-Vejer-de-la-Frontera-Cadiz.jpg 380w, https:\/\/www.elturistatranquil.com\/wp-content\/uploads\/F117m-Castillo-Vejer-de-la-Frontera-Cadiz-150x226.jpg 150w\" sizes=\"(max-width: 380px) 100vw, 380px\" \/>\t\t\t\t\t\t\t\t\t\t\t\t\t\t\t<\/div>\n\t\t\t\t<\/div>\n\t\t\t\t\t<\/div>\n\t\t<\/div>\n\t\t\t\t<div class=\"elementor-column elementor-col-50 elementor-inner-column elementor-element elementor-element-52f29c2\" data-id=\"52f29c2\" data-element_type=\"column\" data-e-type=\"column\">\n\t\t\t<div class=\"elementor-widget-wrap elementor-element-populated\">\n\t\t\t\t\t\t<div class=\"elementor-element elementor-element-9913eb1 elementor-widget elementor-widget-image\" data-id=\"9913eb1\" data-element_type=\"widget\" data-e-type=\"widget\" data-widget_type=\"image.default\">\n\t\t\t\t<div class=\"elementor-widget-container\">\n\t\t\t\t\t\t\t\t\t\t\t\t<figure class=\"wp-caption\">\n\t\t\t\t\t\t\t\t\t\t<img loading=\"lazy\" decoding=\"async\" width=\"380\" height=\"570\" src=\"https:\/\/www.elturistatranquil.com\/wp-content\/uploads\/F117n-Castillo-Vejer-de-la-Frontera-Cadiz-Foto-Turismo-de-Vejer.jpg\" class=\"attachment-large size-large wp-image-43671\" alt=\"Castillo de Vejer de la Frontera, Cadiz\" srcset=\"https:\/\/www.elturistatranquil.com\/wp-content\/uploads\/F117n-Castillo-Vejer-de-la-Frontera-Cadiz-Foto-Turismo-de-Vejer.jpg 380w, https:\/\/www.elturistatranquil.com\/wp-content\/uploads\/F117n-Castillo-Vejer-de-la-Frontera-Cadiz-Foto-Turismo-de-Vejer-151x226.jpg 151w\" sizes=\"(max-width: 380px) 100vw, 380px\" \/>\t\t\t\t\t\t\t\t\t\t\t<figcaption class=\"widget-image-caption wp-caption-text\">(Foto Turismo de Vejer)<\/figcaption>\n\t\t\t\t\t\t\t\t\t\t<\/figure>\n\t\t\t\t\t\t\t\t\t<\/div>\n\t\t\t\t<\/div>\n\t\t\t\t\t<\/div>\n\t\t<\/div>\n\t\t\t\t\t<\/div>\n\t\t<\/section>\n\t\t\t\t<div class=\"elementor-element elementor-element-7fa2e2f elementor-widget elementor-widget-heading\" data-id=\"7fa2e2f\" data-element_type=\"widget\" data-e-type=\"widget\" data-widget_type=\"heading.default\">\n\t\t\t\t<div class=\"elementor-widget-container\">\n\t\t\t\t\t<h4 class=\"elementor-heading-title elementor-size-default\">Carrer Ram\u00f3n y Cajal<\/h4>\t\t\t\t<\/div>\n\t\t\t\t<\/div>\n\t\t\t\t<div class=\"elementor-element elementor-element-f42a4ce elementor-widget elementor-widget-text-editor\" data-id=\"f42a4ce\" data-element_type=\"widget\" data-e-type=\"widget\" data-widget_type=\"text-editor.default\">\n\t\t\t\t<div class=\"elementor-widget-container\">\n\t\t\t\t\t\t\t\t\t<p>Tornant al carrer Ramon i Cajal, passant al costat del que fou claustre del convent, ens encaminem a l&#8217;Esgl\u00e9sia parroquial del Divino Salvador.<\/p>\t\t\t\t\t\t\t\t<\/div>\n\t\t\t\t<\/div>\n\t\t\t\t<div class=\"elementor-element elementor-element-1926d8a elementor-widget elementor-widget-menu-anchor\" data-id=\"1926d8a\" data-element_type=\"widget\" data-e-type=\"widget\" data-widget_type=\"menu-anchor.default\">\n\t\t\t\t<div class=\"elementor-widget-container\">\n\t\t\t\t\t\t\t<div class=\"elementor-menu-anchor\" id=\"c7723\"><\/div>\n\t\t\t\t\t\t<\/div>\n\t\t\t\t<\/div>\n\t\t\t\t<div class=\"elementor-element elementor-element-06f827e elementor-widget elementor-widget-image\" data-id=\"06f827e\" data-element_type=\"widget\" data-e-type=\"widget\" data-widget_type=\"image.default\">\n\t\t\t\t<div class=\"elementor-widget-container\">\n\t\t\t\t\t\t\t\t\t\t\t\t<figure class=\"wp-caption\">\n\t\t\t\t\t\t\t\t\t\t<img loading=\"lazy\" decoding=\"async\" width=\"768\" height=\"511\" src=\"https:\/\/www.elturistatranquil.com\/wp-content\/uploads\/F118-Vejer-de-la-Frontera-Cadiz.jpg\" class=\"attachment-large size-large wp-image-43676\" alt=\"Vejer de la Frontera, Cadiz\" srcset=\"https:\/\/www.elturistatranquil.com\/wp-content\/uploads\/F118-Vejer-de-la-Frontera-Cadiz.jpg 768w, https:\/\/www.elturistatranquil.com\/wp-content\/uploads\/F118-Vejer-de-la-Frontera-Cadiz-339x226.jpg 339w\" sizes=\"(max-width: 768px) 100vw, 768px\" \/>\t\t\t\t\t\t\t\t\t\t\t<figcaption class=\"widget-image-caption wp-caption-text\"><\/figcaption>\n\t\t\t\t\t\t\t\t\t\t<\/figure>\n\t\t\t\t\t\t\t\t\t<\/div>\n\t\t\t\t<\/div>\n\t\t\t\t<div class=\"elementor-element elementor-element-940eaf7 elementor-widget elementor-widget-heading\" data-id=\"940eaf7\" data-element_type=\"widget\" data-e-type=\"widget\" data-widget_type=\"heading.default\">\n\t\t\t\t<div class=\"elementor-widget-container\">\n\t\t\t\t\t<h2 class=\"elementor-heading-title elementor-size-default\">Esgl\u00e9sia parroquial del Divino Salvador i viacrucis<\/h2>\t\t\t\t<\/div>\n\t\t\t\t<\/div>\n\t\t\t\t<div class=\"elementor-element elementor-element-712fad0 elementor-widget elementor-widget-text-editor\" data-id=\"712fad0\" data-element_type=\"widget\" data-e-type=\"widget\" data-widget_type=\"text-editor.default\">\n\t\t\t\t<div class=\"elementor-widget-container\">\n\t\t\t\t\t\t\t\t\t<p>Entrant a la <strong>placeta del Pare \u00c1ngel<\/strong>, ens encarem amb l&#8217;<strong>esgl\u00e9sia parroquial del Divino Salvador<\/strong> (<strong>23<\/strong>). Observem la porta lateral del costat de l&#8217;ep\u00edstola d&#8217;acompanyada de la torre campanar (<strong>c<\/strong>). El nom de l&#8217;esgl\u00e9sia commemora el dia de Sant Salvador, el 6 d&#8217;agost del 1264, en qu\u00e8 Alfons X va conquerir aquest territori i la poblaci\u00f3 va passar a mans cristianes definitivament.<\/p>\t\t\t\t\t\t\t\t<\/div>\n\t\t\t\t<\/div>\n\t\t\t\t<div class=\"elementor-element elementor-element-c19f28e elementor-widget elementor-widget-image\" data-id=\"c19f28e\" data-element_type=\"widget\" data-e-type=\"widget\" data-widget_type=\"image.default\">\n\t\t\t\t<div class=\"elementor-widget-container\">\n\t\t\t\t\t\t\t\t\t\t\t\t<figure class=\"wp-caption\">\n\t\t\t\t\t\t\t\t\t\t<img loading=\"lazy\" decoding=\"async\" width=\"768\" height=\"511\" src=\"https:\/\/www.elturistatranquil.com\/wp-content\/uploads\/F119-Iglesia-Divino-Salvador-Vejer-de-la-Frontera-CadizGoogle-earth-2022-10-19.jpg\" class=\"attachment-large size-large wp-image-43678\" alt=\"Iglesia Divino Salvador, Vejer de la Frontera, Cadiz(Google earth 2022-10-19)\" srcset=\"https:\/\/www.elturistatranquil.com\/wp-content\/uploads\/F119-Iglesia-Divino-Salvador-Vejer-de-la-Frontera-CadizGoogle-earth-2022-10-19.jpg 768w, https:\/\/www.elturistatranquil.com\/wp-content\/uploads\/F119-Iglesia-Divino-Salvador-Vejer-de-la-Frontera-CadizGoogle-earth-2022-10-19-339x226.jpg 339w\" sizes=\"(max-width: 768px) 100vw, 768px\" \/>\t\t\t\t\t\t\t\t\t\t\t<figcaption class=\"widget-image-caption wp-caption-text\">(Google earth 2022-10-19)<\/figcaption>\n\t\t\t\t\t\t\t\t\t\t<\/figure>\n\t\t\t\t\t\t\t\t\t<\/div>\n\t\t\t\t<\/div>\n\t\t\t\t<div class=\"elementor-element elementor-element-1f5f0aa elementor-widget elementor-widget-text-editor\" data-id=\"1f5f0aa\" data-element_type=\"widget\" data-e-type=\"widget\" data-widget_type=\"text-editor.default\">\n\t\t\t\t<div class=\"elementor-widget-container\">\n\t\t\t\t\t\t\t\t\t<p>Assentada en un dels punts m\u00e9s elevats, la seva torre \u00e9s visible des de qualsevol punt que s&#8217;observi el caseriu.<\/p>\t\t\t\t\t\t\t\t<\/div>\n\t\t\t\t<\/div>\n\t\t\t\t<div class=\"elementor-element elementor-element-488323d elementor-widget elementor-widget-image\" data-id=\"488323d\" data-element_type=\"widget\" data-e-type=\"widget\" data-widget_type=\"image.default\">\n\t\t\t\t<div class=\"elementor-widget-container\">\n\t\t\t\t\t\t\t\t\t\t\t\t<figure class=\"wp-caption\">\n\t\t\t\t\t\t\t\t\t\t<img loading=\"lazy\" decoding=\"async\" width=\"768\" height=\"512\" src=\"https:\/\/www.elturistatranquil.com\/wp-content\/uploads\/F120-Iglesia-Divino-Salvador-Vejer-de-la-Frontera-Cadiz.jpg\" class=\"attachment-large size-large wp-image-43683\" alt=\"Iglesia Divino Salvador, Vejer de la Frontera, Cadiz(Google earth 2022-10-19)\" srcset=\"https:\/\/www.elturistatranquil.com\/wp-content\/uploads\/F120-Iglesia-Divino-Salvador-Vejer-de-la-Frontera-Cadiz.jpg 768w, https:\/\/www.elturistatranquil.com\/wp-content\/uploads\/F120-Iglesia-Divino-Salvador-Vejer-de-la-Frontera-Cadiz-339x226.jpg 339w\" sizes=\"(max-width: 768px) 100vw, 768px\" \/>\t\t\t\t\t\t\t\t\t\t\t<figcaption class=\"widget-image-caption wp-caption-text\"><\/figcaption>\n\t\t\t\t\t\t\t\t\t\t<\/figure>\n\t\t\t\t\t\t\t\t\t<\/div>\n\t\t\t\t<\/div>\n\t\t\t\t<div class=\"elementor-element elementor-element-31eac9a elementor-widget elementor-widget-text-editor\" data-id=\"31eac9a\" data-element_type=\"widget\" data-e-type=\"widget\" data-widget_type=\"text-editor.default\">\n\t\t\t\t<div class=\"elementor-widget-container\">\n\t\t\t\t\t\t\t\t\t<p>El temple est\u00e0 format per dos cossos ben diferenciats, un d&#8217;estil g\u00f2tic-mud\u00e8jar del segle XIV-XV i una ampliaci\u00f3 g\u00f2tic-tardana del segle XVII. Segons la tradici\u00f3, el conjunt arquitect\u00f2nic es va edificar sobre l&#8217;anterior mesquita.<\/p><p>La presentaci\u00f3 de l&#8217;exterior de l&#8217;esgl\u00e9sia la iniciar\u00e9 per l&#8217;entrada principal pels peus del temple (<strong>a<\/strong>). Aquesta part correspon a l&#8217;ampliaci\u00f3 del primer ter\u00e7 del segle xvii.<\/p><p>A semblan\u00e7a de com es va fer a la catedral de Sevilla i en altres de l&#8217;\u00e8poca, va comen\u00e7ar a edificar-se la remodelaci\u00f3 pels peus amb la idea de reempla\u00e7ar l&#8217;esgl\u00e9sia primitiva que s&#8217;anava demolint avan\u00e7ant cap a la cap\u00e7alera.<\/p>\t\t\t\t\t\t\t\t<\/div>\n\t\t\t\t<\/div>\n\t\t\t\t<div class=\"elementor-element elementor-element-cca31a7 elementor-widget elementor-widget-image\" data-id=\"cca31a7\" data-element_type=\"widget\" data-e-type=\"widget\" data-widget_type=\"image.default\">\n\t\t\t\t<div class=\"elementor-widget-container\">\n\t\t\t\t\t\t\t\t\t\t\t\t<figure class=\"wp-caption\">\n\t\t\t\t\t\t\t\t\t\t<img loading=\"lazy\" decoding=\"async\" width=\"768\" height=\"512\" src=\"https:\/\/www.elturistatranquil.com\/wp-content\/uploads\/F121-Iglesia-Divino-Salvador-Vejer-de-la-Frontera-Cadiz.jpg\" class=\"attachment-large size-large wp-image-43685\" alt=\"Iglesia Divino Salvador, Vejer de la Frontera, Cadiz(Google earth 2022-10-19)\" srcset=\"https:\/\/www.elturistatranquil.com\/wp-content\/uploads\/F121-Iglesia-Divino-Salvador-Vejer-de-la-Frontera-Cadiz.jpg 768w, https:\/\/www.elturistatranquil.com\/wp-content\/uploads\/F121-Iglesia-Divino-Salvador-Vejer-de-la-Frontera-Cadiz-339x226.jpg 339w\" sizes=\"(max-width: 768px) 100vw, 768px\" \/>\t\t\t\t\t\t\t\t\t\t\t<figcaption class=\"widget-image-caption wp-caption-text\"><\/figcaption>\n\t\t\t\t\t\t\t\t\t\t<\/figure>\n\t\t\t\t\t\t\t\t\t<\/div>\n\t\t\t\t<\/div>\n\t\t\t\t<div class=\"elementor-element elementor-element-37815a0 elementor-widget elementor-widget-text-editor\" data-id=\"37815a0\" data-element_type=\"widget\" data-e-type=\"widget\" data-widget_type=\"text-editor.default\">\n\t\t\t\t<div class=\"elementor-widget-container\">\n\t\t\t\t\t\t\t\t\t<p>La portada principal (<strong>a<\/strong>) oberta als peus del temple \u00e9s amb llinda i es remata amb un \u00f2cul o rosassa superior. Va quedar sense concloure com la major part dels pinacles. A la d\u00e8cada dels setanta del segle passat es va realitzar una portada senzilla en pedra d&#8217;estil ecl\u00e8ctic.<\/p>\t\t\t\t\t\t\t\t<\/div>\n\t\t\t\t<\/div>\n\t\t\t\t<div class=\"elementor-element elementor-element-03b2d39 elementor-widget elementor-widget-image\" data-id=\"03b2d39\" data-element_type=\"widget\" data-e-type=\"widget\" data-widget_type=\"image.default\">\n\t\t\t\t<div class=\"elementor-widget-container\">\n\t\t\t\t\t\t\t\t\t\t\t\t<figure class=\"wp-caption\">\n\t\t\t\t\t\t\t\t\t\t<img loading=\"lazy\" decoding=\"async\" width=\"768\" height=\"560\" src=\"https:\/\/www.elturistatranquil.com\/wp-content\/uploads\/F122-Iglesia-Divino-Salvador-Vejer-de-la-Frontera-Cadiz.jpg\" class=\"attachment-large size-large wp-image-43687\" alt=\"Iglesia Divino Salvador, Vejer de la Frontera, Cadiz(Google earth 2022-10-19)\" srcset=\"https:\/\/www.elturistatranquil.com\/wp-content\/uploads\/F122-Iglesia-Divino-Salvador-Vejer-de-la-Frontera-Cadiz.jpg 768w, https:\/\/www.elturistatranquil.com\/wp-content\/uploads\/F122-Iglesia-Divino-Salvador-Vejer-de-la-Frontera-Cadiz-310x226.jpg 310w\" sizes=\"(max-width: 768px) 100vw, 768px\" \/>\t\t\t\t\t\t\t\t\t\t\t<figcaption class=\"widget-image-caption wp-caption-text\"><\/figcaption>\n\t\t\t\t\t\t\t\t\t\t<\/figure>\n\t\t\t\t\t\t\t\t\t<\/div>\n\t\t\t\t<\/div>\n\t\t\t\t<div class=\"elementor-element elementor-element-74d07ee elementor-widget elementor-widget-text-editor\" data-id=\"74d07ee\" data-element_type=\"widget\" data-e-type=\"widget\" data-widget_type=\"text-editor.default\">\n\t\t\t\t<div class=\"elementor-widget-container\">\n\t\t\t\t\t\t\t\t\t<p>Si ens dirigim cap a la portada del costat de l&#8217;ep\u00edstola a la placeta del Padre \u00c1ngel, passem per un carrer\u00f3 (<strong>b<\/strong>), presidit per la torre campanar, sobresurten els potents contraforts g\u00f2tics exteriors i un enrajolat cer\u00e0mic del segle XX amb la imatge de la nostra Senyora la Verge de l&#8217;Oliva, patrona de la ciutat.<\/p>\t\t\t\t\t\t\t\t<\/div>\n\t\t\t\t<\/div>\n\t\t\t\t<div class=\"elementor-element elementor-element-60fadcb elementor-widget elementor-widget-image\" data-id=\"60fadcb\" data-element_type=\"widget\" data-e-type=\"widget\" data-widget_type=\"image.default\">\n\t\t\t\t<div class=\"elementor-widget-container\">\n\t\t\t\t\t\t\t\t\t\t\t\t<figure class=\"wp-caption\">\n\t\t\t\t\t\t\t\t\t\t<img loading=\"lazy\" decoding=\"async\" width=\"768\" height=\"512\" src=\"https:\/\/www.elturistatranquil.com\/wp-content\/uploads\/F123-Iglesia-Divino-Salvador-Vejer-de-la-Frontera-Cadiz.jpg\" class=\"attachment-large size-large wp-image-43689\" alt=\"Iglesia Divino Salvador, Vejer de la Frontera, Cadiz(Google earth 2022-10-19)\" srcset=\"https:\/\/www.elturistatranquil.com\/wp-content\/uploads\/F123-Iglesia-Divino-Salvador-Vejer-de-la-Frontera-Cadiz.jpg 768w, https:\/\/www.elturistatranquil.com\/wp-content\/uploads\/F123-Iglesia-Divino-Salvador-Vejer-de-la-Frontera-Cadiz-339x226.jpg 339w\" sizes=\"(max-width: 768px) 100vw, 768px\" \/>\t\t\t\t\t\t\t\t\t\t\t<figcaption class=\"widget-image-caption wp-caption-text\"><\/figcaption>\n\t\t\t\t\t\t\t\t\t\t<\/figure>\n\t\t\t\t\t\t\t\t\t<\/div>\n\t\t\t\t<\/div>\n\t\t\t\t<div class=\"elementor-element elementor-element-5f4ba59 elementor-widget elementor-widget-image\" data-id=\"5f4ba59\" data-element_type=\"widget\" data-e-type=\"widget\" data-widget_type=\"image.default\">\n\t\t\t\t<div class=\"elementor-widget-container\">\n\t\t\t\t\t\t\t\t\t\t\t\t<figure class=\"wp-caption\">\n\t\t\t\t\t\t\t\t\t\t<img loading=\"lazy\" decoding=\"async\" width=\"768\" height=\"511\" src=\"https:\/\/www.elturistatranquil.com\/wp-content\/uploads\/F124-Iglesia-Divino-Salvador-Vejer-de-la-Frontera-Cadiz.jpg\" class=\"attachment-large size-large wp-image-43694\" alt=\"Iglesia Divino Salvador, Vejer de la Frontera, Cadiz(Google earth 2022-10-19)\" srcset=\"https:\/\/www.elturistatranquil.com\/wp-content\/uploads\/F124-Iglesia-Divino-Salvador-Vejer-de-la-Frontera-Cadiz.jpg 768w, https:\/\/www.elturistatranquil.com\/wp-content\/uploads\/F124-Iglesia-Divino-Salvador-Vejer-de-la-Frontera-Cadiz-339x226.jpg 339w\" sizes=\"(max-width: 768px) 100vw, 768px\" \/>\t\t\t\t\t\t\t\t\t\t\t<figcaption class=\"widget-image-caption wp-caption-text\"><\/figcaption>\n\t\t\t\t\t\t\t\t\t\t<\/figure>\n\t\t\t\t\t\t\t\t\t<\/div>\n\t\t\t\t<\/div>\n\t\t\t\t<div class=\"elementor-element elementor-element-7e5de3e elementor-widget elementor-widget-text-editor\" data-id=\"7e5de3e\" data-element_type=\"widget\" data-e-type=\"widget\" data-widget_type=\"text-editor.default\">\n\t\t\t\t<div class=\"elementor-widget-container\">\n\t\t\t\t\t\t\t\t\t<p>El costat de l&#8217;ep\u00edstola entronca amb la part antiga g\u00f2tic-mud\u00e8jar, on sobresurt la torre campanar (<strong>c<\/strong>).<\/p><p>Aquest cos \u00e9s de planta basilical de tres naus, amb absis rectangular. T\u00e9 menor al\u00e7ada que a la part renovada.<\/p><p>La portada se situa en un cos sortit. \u00c9s una senzilla porta d&#8217;arc carpanell de carreu i grans dovelles, protegit per una teulada.<\/p>\t\t\t\t\t\t\t\t<\/div>\n\t\t\t\t<\/div>\n\t\t\t\t<div class=\"elementor-element elementor-element-5efd639 elementor-widget elementor-widget-image\" data-id=\"5efd639\" data-element_type=\"widget\" data-e-type=\"widget\" data-widget_type=\"image.default\">\n\t\t\t\t<div class=\"elementor-widget-container\">\n\t\t\t\t\t\t\t\t\t\t\t\t<figure class=\"wp-caption\">\n\t\t\t\t\t\t\t\t\t\t<img loading=\"lazy\" decoding=\"async\" width=\"768\" height=\"530\" src=\"https:\/\/www.elturistatranquil.com\/wp-content\/uploads\/F125-Iglesia-Divino-Salvador-Vejer-de-la-Frontera-Cadiz.jpg\" class=\"attachment-large size-large wp-image-43696\" alt=\"Iglesia Divino Salvador, Vejer de la Frontera, Cadiz(Google earth 2022-10-19)\" srcset=\"https:\/\/www.elturistatranquil.com\/wp-content\/uploads\/F125-Iglesia-Divino-Salvador-Vejer-de-la-Frontera-Cadiz.jpg 768w, https:\/\/www.elturistatranquil.com\/wp-content\/uploads\/F125-Iglesia-Divino-Salvador-Vejer-de-la-Frontera-Cadiz-327x226.jpg 327w\" sizes=\"(max-width: 768px) 100vw, 768px\" \/>\t\t\t\t\t\t\t\t\t\t\t<figcaption class=\"widget-image-caption wp-caption-text\"><\/figcaption>\n\t\t\t\t\t\t\t\t\t\t<\/figure>\n\t\t\t\t\t\t\t\t\t<\/div>\n\t\t\t\t<\/div>\n\t\t\t\t<div class=\"elementor-element elementor-element-84a1496 elementor-widget elementor-widget-image\" data-id=\"84a1496\" data-element_type=\"widget\" data-e-type=\"widget\" data-widget_type=\"image.default\">\n\t\t\t\t<div class=\"elementor-widget-container\">\n\t\t\t\t\t\t\t\t\t\t\t\t<figure class=\"wp-caption\">\n\t\t\t\t\t\t\t\t\t\t<img loading=\"lazy\" decoding=\"async\" width=\"768\" height=\"511\" src=\"https:\/\/www.elturistatranquil.com\/wp-content\/uploads\/F126-Iglesia-Divino-Salvador-Vejer-de-la-Frontera-Cadiz.jpg\" class=\"attachment-large size-large wp-image-43698\" alt=\"Iglesia Divino Salvador, Vejer de la Frontera, Cadiz(Google earth 2022-10-19)\" srcset=\"https:\/\/www.elturistatranquil.com\/wp-content\/uploads\/F126-Iglesia-Divino-Salvador-Vejer-de-la-Frontera-Cadiz.jpg 768w, https:\/\/www.elturistatranquil.com\/wp-content\/uploads\/F126-Iglesia-Divino-Salvador-Vejer-de-la-Frontera-Cadiz-339x226.jpg 339w\" sizes=\"(max-width: 768px) 100vw, 768px\" \/>\t\t\t\t\t\t\t\t\t\t\t<figcaption class=\"widget-image-caption wp-caption-text\"><\/figcaption>\n\t\t\t\t\t\t\t\t\t\t<\/figure>\n\t\t\t\t\t\t\t\t\t<\/div>\n\t\t\t\t<\/div>\n\t\t\t\t<div class=\"elementor-element elementor-element-758eb7d elementor-widget elementor-widget-text-editor\" data-id=\"758eb7d\" data-element_type=\"widget\" data-e-type=\"widget\" data-widget_type=\"text-editor.default\">\n\t\t\t\t<div class=\"elementor-widget-container\">\n\t\t\t\t\t\t\t\t\t<p>La torre campanar, amb f\u00e0brica de carreus, forma part del conjunt g\u00f2tic-mud\u00e8jar, i cal suposar que tindria el seu origen el minaret de la primitiva mesquita major.<\/p><p>El cos superior i l\u2019agulla amb rajoles de la torre, que va substituir un altre anterior m\u00e9s elevat, s\u00f3n posteriors del segle. XVIII, despr\u00e9s de patir els efectes dels terratr\u00e8mols.<\/p>\t\t\t\t\t\t\t\t<\/div>\n\t\t\t\t<\/div>\n\t\t\t\t<div class=\"elementor-element elementor-element-12478f8 elementor-widget elementor-widget-image\" data-id=\"12478f8\" data-element_type=\"widget\" data-e-type=\"widget\" data-widget_type=\"image.default\">\n\t\t\t\t<div class=\"elementor-widget-container\">\n\t\t\t\t\t\t\t\t\t\t\t\t<figure class=\"wp-caption\">\n\t\t\t\t\t\t\t\t\t\t<img loading=\"lazy\" decoding=\"async\" width=\"768\" height=\"511\" src=\"https:\/\/www.elturistatranquil.com\/wp-content\/uploads\/F127-Iglesia-Divino-Salvador-Vejer-de-la-Frontera-Cadiz.jpg\" class=\"attachment-large size-large wp-image-43700\" alt=\"Iglesia Divino Salvador, Vejer de la Frontera, Cadiz\" srcset=\"https:\/\/www.elturistatranquil.com\/wp-content\/uploads\/F127-Iglesia-Divino-Salvador-Vejer-de-la-Frontera-Cadiz.jpg 768w, https:\/\/www.elturistatranquil.com\/wp-content\/uploads\/F127-Iglesia-Divino-Salvador-Vejer-de-la-Frontera-Cadiz-339x226.jpg 339w\" sizes=\"(max-width: 768px) 100vw, 768px\" \/>\t\t\t\t\t\t\t\t\t\t\t<figcaption class=\"widget-image-caption wp-caption-text\"><\/figcaption>\n\t\t\t\t\t\t\t\t\t\t<\/figure>\n\t\t\t\t\t\t\t\t\t<\/div>\n\t\t\t\t<\/div>\n\t\t\t\t<div class=\"elementor-element elementor-element-786b644 elementor-widget elementor-widget-text-editor\" data-id=\"786b644\" data-element_type=\"widget\" data-e-type=\"widget\" data-widget_type=\"text-editor.default\">\n\t\t\t\t<div class=\"elementor-widget-container\">\n\t\t\t\t\t\t\t\t\t<p>L&#8217;absis (<strong>d<\/strong>) recte est\u00e0 refor\u00e7at amb grans contraforts.<\/p><p>Una s\u00e8rie d&#8217;edificacions s&#8217;adossen a l&#8217;extrem nord-est.<\/p>\t\t\t\t\t\t\t\t<\/div>\n\t\t\t\t<\/div>\n\t\t\t\t<div class=\"elementor-element elementor-element-cdb04e9 elementor-widget elementor-widget-image\" data-id=\"cdb04e9\" data-element_type=\"widget\" data-e-type=\"widget\" data-widget_type=\"image.default\">\n\t\t\t\t<div class=\"elementor-widget-container\">\n\t\t\t\t\t\t\t\t\t\t\t\t<figure class=\"wp-caption\">\n\t\t\t\t\t\t\t\t\t\t<img loading=\"lazy\" decoding=\"async\" width=\"768\" height=\"512\" src=\"https:\/\/www.elturistatranquil.com\/wp-content\/uploads\/F128-Iglesia-Divino-Salvador-Vejer-de-la-Frontera-Cadiz.jpg\" class=\"attachment-large size-large wp-image-43702\" alt=\"Iglesia Divino Salvador, Vejer de la Frontera, Cadiz\" srcset=\"https:\/\/www.elturistatranquil.com\/wp-content\/uploads\/F128-Iglesia-Divino-Salvador-Vejer-de-la-Frontera-Cadiz.jpg 768w, https:\/\/www.elturistatranquil.com\/wp-content\/uploads\/F128-Iglesia-Divino-Salvador-Vejer-de-la-Frontera-Cadiz-339x226.jpg 339w\" sizes=\"(max-width: 768px) 100vw, 768px\" \/>\t\t\t\t\t\t\t\t\t\t\t<figcaption class=\"widget-image-caption wp-caption-text\"><\/figcaption>\n\t\t\t\t\t\t\t\t\t\t<\/figure>\n\t\t\t\t\t\t\t\t\t<\/div>\n\t\t\t\t<\/div>\n\t\t\t\t<div class=\"elementor-element elementor-element-3dbabbd elementor-widget elementor-widget-text-editor\" data-id=\"3dbabbd\" data-element_type=\"widget\" data-e-type=\"widget\" data-widget_type=\"text-editor.default\">\n\t\t\t\t<div class=\"elementor-widget-container\">\n\t\t\t\t\t\t\t\t\t<p>Des de la perspectiva a l&#8217;absis des del <strong>carrer Castrill\u00f3n<\/strong>, sobre el mur d&#8217;una casa particular hi ha una de les creus de l&#8217;<strong>antic viacrucis de Vejer<\/strong> (<strong>24<\/strong>) que es desenvolupava als segles XVII-XVIII. Concretament, es tractava de la quarta estaci\u00f3.<\/p>\t\t\t\t\t\t\t\t<\/div>\n\t\t\t\t<\/div>\n\t\t\t\t<div class=\"elementor-element elementor-element-8b43f48 elementor-widget elementor-widget-menu-anchor\" data-id=\"8b43f48\" data-element_type=\"widget\" data-e-type=\"widget\" data-widget_type=\"menu-anchor.default\">\n\t\t\t\t<div class=\"elementor-widget-container\">\n\t\t\t\t\t\t\t<div class=\"elementor-menu-anchor\" id=\"c7724\"><\/div>\n\t\t\t\t\t\t<\/div>\n\t\t\t\t<\/div>\n\t\t\t\t<div class=\"elementor-element elementor-element-cec1b7d elementor-widget elementor-widget-image\" data-id=\"cec1b7d\" data-element_type=\"widget\" data-e-type=\"widget\" data-widget_type=\"image.default\">\n\t\t\t\t<div class=\"elementor-widget-container\">\n\t\t\t\t\t\t\t\t\t\t\t\t<figure class=\"wp-caption\">\n\t\t\t\t\t\t\t\t\t\t<img loading=\"lazy\" decoding=\"async\" width=\"768\" height=\"512\" src=\"https:\/\/www.elturistatranquil.com\/wp-content\/uploads\/F129-Via-Crucis-Vejer-de-la-Frontera-Cadiz.jpg\" class=\"attachment-large size-large wp-image-43704\" alt=\"Via Crucis, Vejer de la Frontera, Cadiz\" srcset=\"https:\/\/www.elturistatranquil.com\/wp-content\/uploads\/F129-Via-Crucis-Vejer-de-la-Frontera-Cadiz.jpg 768w, https:\/\/www.elturistatranquil.com\/wp-content\/uploads\/F129-Via-Crucis-Vejer-de-la-Frontera-Cadiz-339x226.jpg 339w\" sizes=\"(max-width: 768px) 100vw, 768px\" \/>\t\t\t\t\t\t\t\t\t\t\t<figcaption class=\"widget-image-caption wp-caption-text\"><\/figcaption>\n\t\t\t\t\t\t\t\t\t\t<\/figure>\n\t\t\t\t\t\t\t\t\t<\/div>\n\t\t\t\t<\/div>\n\t\t\t\t<div class=\"elementor-element elementor-element-24f0914 elementor-widget elementor-widget-heading\" data-id=\"24f0914\" data-element_type=\"widget\" data-e-type=\"widget\" data-widget_type=\"heading.default\">\n\t\t\t\t<div class=\"elementor-widget-container\">\n\t\t\t\t\t<h3 class=\"elementor-heading-title elementor-size-default\">Muralla urbana, Arc de la Segur, Baluard i P\u00f2sit<\/h3>\t\t\t\t<\/div>\n\t\t\t\t<\/div>\n\t\t\t\t<div class=\"elementor-element elementor-element-275e456 elementor-widget elementor-widget-heading\" data-id=\"275e456\" data-element_type=\"widget\" data-e-type=\"widget\" data-widget_type=\"heading.default\">\n\t\t\t\t<div class=\"elementor-widget-container\">\n\t\t\t\t\t<h4 class=\"elementor-heading-title elementor-size-default\">Carrer Marqu\u00e9s de Tamar\u00f3n<\/h4>\t\t\t\t<\/div>\n\t\t\t\t<\/div>\n\t\t\t\t<div class=\"elementor-element elementor-element-3360654 elementor-widget elementor-widget-text-editor\" data-id=\"3360654\" data-element_type=\"widget\" data-e-type=\"widget\" data-widget_type=\"text-editor.default\">\n\t\t\t\t<div class=\"elementor-widget-container\">\n\t\t\t\t\t\t\t\t\t<p>Continuem envoltant l&#8217;esgl\u00e9sia del Divino Salvador cap al costat nord, entrant al <strong>carrer Marqu\u00e9s de Tamar\u00f3n<\/strong> (<strong>25<\/strong>).<\/p><p>Aqu\u00ed entrem en contacte amb la muralla nord, la que se situa sobre el passeig de la Corredera.<\/p>\t\t\t\t\t\t\t\t<\/div>\n\t\t\t\t<\/div>\n\t\t\t\t<div class=\"elementor-element elementor-element-2cef7cf elementor-widget elementor-widget-image\" data-id=\"2cef7cf\" data-element_type=\"widget\" data-e-type=\"widget\" data-widget_type=\"image.default\">\n\t\t\t\t<div class=\"elementor-widget-container\">\n\t\t\t\t\t\t\t\t\t\t\t\t<figure class=\"wp-caption\">\n\t\t\t\t\t\t\t\t\t\t<img loading=\"lazy\" decoding=\"async\" width=\"768\" height=\"512\" src=\"https:\/\/www.elturistatranquil.com\/wp-content\/uploads\/F130-Vejer-de-la-Frontera-Cadiz.jpg\" class=\"attachment-large size-large wp-image-43706\" alt=\"Vejer de la Frontera, Cadiz\" srcset=\"https:\/\/www.elturistatranquil.com\/wp-content\/uploads\/F130-Vejer-de-la-Frontera-Cadiz.jpg 768w, https:\/\/www.elturistatranquil.com\/wp-content\/uploads\/F130-Vejer-de-la-Frontera-Cadiz-339x226.jpg 339w\" sizes=\"(max-width: 768px) 100vw, 768px\" \/>\t\t\t\t\t\t\t\t\t\t\t<figcaption class=\"widget-image-caption wp-caption-text\"><\/figcaption>\n\t\t\t\t\t\t\t\t\t\t<\/figure>\n\t\t\t\t\t\t\t\t\t<\/div>\n\t\t\t\t<\/div>\n\t\t\t\t<div class=\"elementor-element elementor-element-26babdc elementor-widget elementor-widget-text-editor\" data-id=\"26babdc\" data-element_type=\"widget\" data-e-type=\"widget\" data-widget_type=\"text-editor.default\">\n\t\t\t\t<div class=\"elementor-widget-container\">\n\t\t\t\t\t\t\t\t\t<p>Constitueix un espai ampli entre el lateral de l&#8217;evangeli de l&#8217;esgl\u00e9sia (<strong>e<\/strong>), amb les edificacions adjuntes, i la muralla exterior.<\/p>\t\t\t\t\t\t\t\t<\/div>\n\t\t\t\t<\/div>\n\t\t\t\t<div class=\"elementor-element elementor-element-4816e23 elementor-widget elementor-widget-image\" data-id=\"4816e23\" data-element_type=\"widget\" data-e-type=\"widget\" data-widget_type=\"image.default\">\n\t\t\t\t<div class=\"elementor-widget-container\">\n\t\t\t\t\t\t\t\t\t\t\t\t<figure class=\"wp-caption\">\n\t\t\t\t\t\t\t\t\t\t<img loading=\"lazy\" decoding=\"async\" width=\"768\" height=\"512\" src=\"https:\/\/www.elturistatranquil.com\/wp-content\/uploads\/F131-Vejer-de-la-Frontera-Cadiz.jpg\" class=\"attachment-large size-large wp-image-43708\" alt=\"Vejer de la Frontera, Cadiz\" srcset=\"https:\/\/www.elturistatranquil.com\/wp-content\/uploads\/F131-Vejer-de-la-Frontera-Cadiz.jpg 768w, https:\/\/www.elturistatranquil.com\/wp-content\/uploads\/F131-Vejer-de-la-Frontera-Cadiz-339x226.jpg 339w\" sizes=\"(max-width: 768px) 100vw, 768px\" \/>\t\t\t\t\t\t\t\t\t\t\t<figcaption class=\"widget-image-caption wp-caption-text\"><\/figcaption>\n\t\t\t\t\t\t\t\t\t\t<\/figure>\n\t\t\t\t\t\t\t\t\t<\/div>\n\t\t\t\t<\/div>\n\t\t\t\t<div class=\"elementor-element elementor-element-9bda1a1 elementor-widget elementor-widget-text-editor\" data-id=\"9bda1a1\" data-element_type=\"widget\" data-e-type=\"widget\" data-widget_type=\"text-editor.default\">\n\t\t\t\t<div class=\"elementor-widget-container\">\n\t\t\t\t\t\t\t\t\t<p>En aquest punt s&#8217;accediria al baluard per la porta de la Segur. Primer dirigim-nos pel lateral de l&#8217;esgl\u00e9sia fins trobar la porta dels peus del temple (<strong>f<\/strong>, <strong>a<\/strong>) on hem iniciat aquest circuit.<\/p>\t\t\t\t\t\t\t\t<\/div>\n\t\t\t\t<\/div>\n\t\t\t\t<div class=\"elementor-element elementor-element-19a3712 elementor-widget elementor-widget-image\" data-id=\"19a3712\" data-element_type=\"widget\" data-e-type=\"widget\" data-widget_type=\"image.default\">\n\t\t\t\t<div class=\"elementor-widget-container\">\n\t\t\t\t\t\t\t\t\t\t\t\t<figure class=\"wp-caption\">\n\t\t\t\t\t\t\t\t\t\t<img loading=\"lazy\" decoding=\"async\" width=\"768\" height=\"512\" src=\"https:\/\/www.elturistatranquil.com\/wp-content\/uploads\/F132-Vejer-de-la-Frontera-Cadiz.jpg\" class=\"attachment-large size-large wp-image-43710\" alt=\"Vejer de la Frontera, Cadiz\" srcset=\"https:\/\/www.elturistatranquil.com\/wp-content\/uploads\/F132-Vejer-de-la-Frontera-Cadiz.jpg 768w, https:\/\/www.elturistatranquil.com\/wp-content\/uploads\/F132-Vejer-de-la-Frontera-Cadiz-339x226.jpg 339w\" sizes=\"(max-width: 768px) 100vw, 768px\" \/>\t\t\t\t\t\t\t\t\t\t\t<figcaption class=\"widget-image-caption wp-caption-text\"><\/figcaption>\n\t\t\t\t\t\t\t\t\t\t<\/figure>\n\t\t\t\t\t\t\t\t\t<\/div>\n\t\t\t\t<\/div>\n\t\t\t\t<div class=\"elementor-element elementor-element-e046201 elementor-widget elementor-widget-image\" data-id=\"e046201\" data-element_type=\"widget\" data-e-type=\"widget\" data-widget_type=\"image.default\">\n\t\t\t\t<div class=\"elementor-widget-container\">\n\t\t\t\t\t\t\t\t\t\t\t\t<figure class=\"wp-caption\">\n\t\t\t\t\t\t\t\t\t\t<img loading=\"lazy\" decoding=\"async\" width=\"768\" height=\"512\" src=\"https:\/\/www.elturistatranquil.com\/wp-content\/uploads\/F133-Vejer-de-la-Frontera-Cadiz.jpg\" class=\"attachment-large size-large wp-image-43712\" alt=\"Vejer de la Frontera, Cadiz\" srcset=\"https:\/\/www.elturistatranquil.com\/wp-content\/uploads\/F133-Vejer-de-la-Frontera-Cadiz.jpg 768w, https:\/\/www.elturistatranquil.com\/wp-content\/uploads\/F133-Vejer-de-la-Frontera-Cadiz-339x226.jpg 339w\" sizes=\"(max-width: 768px) 100vw, 768px\" \/>\t\t\t\t\t\t\t\t\t\t\t<figcaption class=\"widget-image-caption wp-caption-text\"><\/figcaption>\n\t\t\t\t\t\t\t\t\t\t<\/figure>\n\t\t\t\t\t\t\t\t\t<\/div>\n\t\t\t\t<\/div>\n\t\t\t\t<div class=\"elementor-element elementor-element-0bce214 elementor-widget elementor-widget-text-editor\" data-id=\"0bce214\" data-element_type=\"widget\" data-e-type=\"widget\" data-widget_type=\"text-editor.default\">\n\t\t\t\t<div class=\"elementor-widget-container\">\n\t\t\t\t\t\t\t\t\t<p>Quan va perdre la seva funci\u00f3 defensiva es va instal\u00b7lar l&#8217; <strong>antic P\u00f2sit Municipal<\/strong> o \u201c<strong>panera<\/strong>\u201d (<strong>27<\/strong>). Es va adossar sobre el final de la muralla interior del baluard, al costat de la torrassa circular del baluard d&#8217;aquest costat. Deu ser obra del segle XVII, en una edificaci\u00f3 de dues al\u00e7ades.<\/p>\t\t\t\t\t\t\t\t<\/div>\n\t\t\t\t<\/div>\n\t\t\t\t<div class=\"elementor-element elementor-element-e777581 elementor-widget elementor-widget-image\" data-id=\"e777581\" data-element_type=\"widget\" data-e-type=\"widget\" data-widget_type=\"image.default\">\n\t\t\t\t<div class=\"elementor-widget-container\">\n\t\t\t\t\t\t\t\t\t\t\t\t<figure class=\"wp-caption\">\n\t\t\t\t\t\t\t\t\t\t<img loading=\"lazy\" decoding=\"async\" width=\"768\" height=\"512\" src=\"https:\/\/www.elturistatranquil.com\/wp-content\/uploads\/F134-Vejer-de-la-Frontera-Cadiz.jpg\" class=\"attachment-large size-large wp-image-43714\" alt=\"Vejer de la Frontera, Cadiz\" srcset=\"https:\/\/www.elturistatranquil.com\/wp-content\/uploads\/F134-Vejer-de-la-Frontera-Cadiz.jpg 768w, https:\/\/www.elturistatranquil.com\/wp-content\/uploads\/F134-Vejer-de-la-Frontera-Cadiz-339x226.jpg 339w\" sizes=\"(max-width: 768px) 100vw, 768px\" \/>\t\t\t\t\t\t\t\t\t\t\t<figcaption class=\"widget-image-caption wp-caption-text\"><\/figcaption>\n\t\t\t\t\t\t\t\t\t\t<\/figure>\n\t\t\t\t\t\t\t\t\t<\/div>\n\t\t\t\t<\/div>\n\t\t\t\t<div class=\"elementor-element elementor-element-b99b4dd elementor-widget elementor-widget-image\" data-id=\"b99b4dd\" data-element_type=\"widget\" data-e-type=\"widget\" data-widget_type=\"image.default\">\n\t\t\t\t<div class=\"elementor-widget-container\">\n\t\t\t\t\t\t\t\t\t\t\t\t<figure class=\"wp-caption\">\n\t\t\t\t\t\t\t\t\t\t<img loading=\"lazy\" decoding=\"async\" width=\"768\" height=\"512\" src=\"https:\/\/www.elturistatranquil.com\/wp-content\/uploads\/F135-Arco-de-la-Segur-Vejer-de-la-Frontera-Cadiz.jpg\" class=\"attachment-large size-large wp-image-43719\" alt=\"Vejer de la Frontera, Cadiz\" srcset=\"https:\/\/www.elturistatranquil.com\/wp-content\/uploads\/F135-Arco-de-la-Segur-Vejer-de-la-Frontera-Cadiz.jpg 768w, https:\/\/www.elturistatranquil.com\/wp-content\/uploads\/F135-Arco-de-la-Segur-Vejer-de-la-Frontera-Cadiz-339x226.jpg 339w\" sizes=\"(max-width: 768px) 100vw, 768px\" \/>\t\t\t\t\t\t\t\t\t\t\t<figcaption class=\"widget-image-caption wp-caption-text\"><\/figcaption>\n\t\t\t\t\t\t\t\t\t\t<\/figure>\n\t\t\t\t\t\t\t\t\t<\/div>\n\t\t\t\t<\/div>\n\t\t\t\t<div class=\"elementor-element elementor-element-bf135cd elementor-widget elementor-widget-text-editor\" data-id=\"bf135cd\" data-element_type=\"widget\" data-e-type=\"widget\" data-widget_type=\"text-editor.default\">\n\t\t\t\t<div class=\"elementor-widget-container\">\n\t\t\t\t\t\t\t\t\t<p>Tornem a l&#8217;<strong>arc de la Segur<\/strong> (<strong>26<\/strong>), el qual forma part d&#8217;un conjunt defensiu anomenat <strong>baluard de Segur<\/strong>. Seria edificada a finals del segle XV sobre la porta de ponent del segle X-XII.<\/p><p>La seva construcci\u00f3 al segle XV \u00e9s deguda a don Enrique P\u00e9rez de Guzm\u00e1n, II Duc de Medina Sidonia. El baluard era un recinte menor amb torres cil\u00edndriques, englobant al seu interior el palau del Marqu\u00e8s de Tamar\u00f3n.<\/p><p>Formava un recinte poligonal irregular amb dues portes. Una que comunicava amb l&#8217;exterior a trav\u00e9s de la <strong>porta del Postigo<\/strong>, mentre que a la vila s&#8217;hi accedia per la porta de la Segur.<\/p><p>A la banda esquerra de la cara interior es conserva l&#8217;escut dels Mendoza, i sobre aquest una segur o destral romana.<\/p>\t\t\t\t\t\t\t\t<\/div>\n\t\t\t\t<\/div>\n\t\t\t\t<div class=\"elementor-element elementor-element-f2b57eb elementor-widget elementor-widget-image\" data-id=\"f2b57eb\" data-element_type=\"widget\" data-e-type=\"widget\" data-widget_type=\"image.default\">\n\t\t\t\t<div class=\"elementor-widget-container\">\n\t\t\t\t\t\t\t\t\t\t\t\t<figure class=\"wp-caption\">\n\t\t\t\t\t\t\t\t\t\t<img loading=\"lazy\" decoding=\"async\" width=\"768\" height=\"511\" src=\"https:\/\/www.elturistatranquil.com\/wp-content\/uploads\/F136-Arco-de-la-Segur-Vejer-de-la-Frontera-Cadiz.jpg\" class=\"attachment-large size-large wp-image-43721\" alt=\"Arco de la Segur, Vejer de la Frontera, Cadiz\" srcset=\"https:\/\/www.elturistatranquil.com\/wp-content\/uploads\/F136-Arco-de-la-Segur-Vejer-de-la-Frontera-Cadiz.jpg 768w, https:\/\/www.elturistatranquil.com\/wp-content\/uploads\/F136-Arco-de-la-Segur-Vejer-de-la-Frontera-Cadiz-339x226.jpg 339w\" sizes=\"(max-width: 768px) 100vw, 768px\" \/>\t\t\t\t\t\t\t\t\t\t\t<figcaption class=\"widget-image-caption wp-caption-text\"><\/figcaption>\n\t\t\t\t\t\t\t\t\t\t<\/figure>\n\t\t\t\t\t\t\t\t\t<\/div>\n\t\t\t\t<\/div>\n\t\t\t\t<div class=\"elementor-element elementor-element-0be2a95 elementor-widget elementor-widget-text-editor\" data-id=\"0be2a95\" data-element_type=\"widget\" data-e-type=\"widget\" data-widget_type=\"text-editor.default\">\n\t\t\t\t<div class=\"elementor-widget-container\">\n\t\t\t\t\t\t\t\t\t<p>La l\u00e0pida situada sobre la porta est\u00e0 dedicada a Juan Relinque, que he reprodu\u00eft a la introducci\u00f3 hist\u00f2rica.<\/p><p>Vista de l&#8217;arc de la Segur des de l&#8217;interior del baluard.<\/p>\t\t\t\t\t\t\t\t<\/div>\n\t\t\t\t<\/div>\n\t\t\t\t<div class=\"elementor-element elementor-element-fe42108 elementor-widget elementor-widget-image\" data-id=\"fe42108\" data-element_type=\"widget\" data-e-type=\"widget\" data-widget_type=\"image.default\">\n\t\t\t\t<div class=\"elementor-widget-container\">\n\t\t\t\t\t\t\t\t\t\t\t\t<figure class=\"wp-caption\">\n\t\t\t\t\t\t\t\t\t\t<img loading=\"lazy\" decoding=\"async\" width=\"768\" height=\"512\" src=\"https:\/\/www.elturistatranquil.com\/wp-content\/uploads\/F137-Arco-de-la-Segur-Vejer-de-la-Frontera-Cadiz.jpg\" class=\"attachment-large size-large wp-image-43723\" alt=\"Arco de la Segur, Vejer de la Frontera, Cadiz\" srcset=\"https:\/\/www.elturistatranquil.com\/wp-content\/uploads\/F137-Arco-de-la-Segur-Vejer-de-la-Frontera-Cadiz.jpg 768w, https:\/\/www.elturistatranquil.com\/wp-content\/uploads\/F137-Arco-de-la-Segur-Vejer-de-la-Frontera-Cadiz-339x226.jpg 339w\" sizes=\"(max-width: 768px) 100vw, 768px\" \/>\t\t\t\t\t\t\t\t\t\t\t<figcaption class=\"widget-image-caption wp-caption-text\"><\/figcaption>\n\t\t\t\t\t\t\t\t\t\t<\/figure>\n\t\t\t\t\t\t\t\t\t<\/div>\n\t\t\t\t<\/div>\n\t\t\t\t<div class=\"elementor-element elementor-element-20642c9 elementor-widget elementor-widget-menu-anchor\" data-id=\"20642c9\" data-element_type=\"widget\" data-e-type=\"widget\" data-widget_type=\"menu-anchor.default\">\n\t\t\t\t<div class=\"elementor-widget-container\">\n\t\t\t\t\t\t\t<div class=\"elementor-menu-anchor\" id=\"c7725\"><\/div>\n\t\t\t\t\t\t<\/div>\n\t\t\t\t<\/div>\n\t\t\t\t<div class=\"elementor-element elementor-element-fd3443b elementor-widget elementor-widget-text-editor\" data-id=\"fd3443b\" data-element_type=\"widget\" data-e-type=\"widget\" data-widget_type=\"text-editor.default\">\n\t\t\t\t<div class=\"elementor-widget-container\">\n\t\t\t\t\t\t\t\t\t<p>Al comen\u00e7ament del segle XIX, es devia enderrocar la muralla del baluard que anava des de la torrassa cil\u00edndrica de l&#8217;Esgl\u00e9sia al mur nord-oest fronterer de la Casa de Tamar\u00f3n, amb la porta exterior.<\/p>\t\t\t\t\t\t\t\t<\/div>\n\t\t\t\t<\/div>\n\t\t\t\t<div class=\"elementor-element elementor-element-57421fc elementor-widget elementor-widget-heading\" data-id=\"57421fc\" data-element_type=\"widget\" data-e-type=\"widget\" data-widget_type=\"heading.default\">\n\t\t\t\t<div class=\"elementor-widget-container\">\n\t\t\t\t\t<h3 class=\"elementor-heading-title elementor-size-default\">Casa del Marqu\u00e9s de Tamar\u00f3n \/ Museu de Vejer<\/h3>\t\t\t\t<\/div>\n\t\t\t\t<\/div>\n\t\t\t\t<div class=\"elementor-element elementor-element-36eb4ac elementor-widget elementor-widget-text-editor\" data-id=\"36eb4ac\" data-element_type=\"widget\" data-e-type=\"widget\" data-widget_type=\"text-editor.default\">\n\t\t\t\t<div class=\"elementor-widget-container\">\n\t\t\t\t\t\t\t\t\t<p>En aquest espai ben protegit del baluard cap al 1730 van aixecar les seves cases principals els Ahumadas i Mendoza, vescomtes de les Torres Luz\u00f3n. Amb el temps, a principis de segle XIX, seria palau del marqu\u00e8s de Tamar\u00f3n (<strong>28<\/strong>).<\/p>\t\t\t\t\t\t\t\t<\/div>\n\t\t\t\t<\/div>\n\t\t\t\t<div class=\"elementor-element elementor-element-0b3296a elementor-widget elementor-widget-image\" data-id=\"0b3296a\" data-element_type=\"widget\" data-e-type=\"widget\" data-widget_type=\"image.default\">\n\t\t\t\t<div class=\"elementor-widget-container\">\n\t\t\t\t\t\t\t\t\t\t\t\t<figure class=\"wp-caption\">\n\t\t\t\t\t\t\t\t\t\t<img loading=\"lazy\" decoding=\"async\" width=\"768\" height=\"512\" src=\"https:\/\/www.elturistatranquil.com\/wp-content\/uploads\/F138-Arco-de-la-Segur-Vejer-de-la-Frontera-Cadiz.jpg\" class=\"attachment-large size-large wp-image-43725\" alt=\"Baluarte, Arco de la Segur, Vejer de la Frontera, Cadiz\" srcset=\"https:\/\/www.elturistatranquil.com\/wp-content\/uploads\/F138-Arco-de-la-Segur-Vejer-de-la-Frontera-Cadiz.jpg 768w, https:\/\/www.elturistatranquil.com\/wp-content\/uploads\/F138-Arco-de-la-Segur-Vejer-de-la-Frontera-Cadiz-339x226.jpg 339w\" sizes=\"(max-width: 768px) 100vw, 768px\" \/>\t\t\t\t\t\t\t\t\t\t\t<figcaption class=\"widget-image-caption wp-caption-text\"><\/figcaption>\n\t\t\t\t\t\t\t\t\t\t<\/figure>\n\t\t\t\t\t\t\t\t\t<\/div>\n\t\t\t\t<\/div>\n\t\t\t\t<div class=\"elementor-element elementor-element-6302414 elementor-widget elementor-widget-text-editor\" data-id=\"6302414\" data-element_type=\"widget\" data-e-type=\"widget\" data-widget_type=\"text-editor.default\">\n\t\t\t\t<div class=\"elementor-widget-container\">\n\t\t\t\t\t\t\t\t\t<p>La fa\u00e7ana es compon d&#8217;una planta baixa i entreplanta p\u00e8tria, amb pilastres que n&#8217;emmarquen l&#8217;acc\u00e9s i els finestrals, que contrasta amb la planta superior emblanquinada.<\/p><p>Des dels anys 40 del segle passat va deixar de ser resid\u00e8ncia de la fam\u00edlia Tamar\u00f3n, havent tingut diversos usos. Actualment est\u00e0 destinat a <strong>Museu de Vejer<\/strong>.<\/p>\t\t\t\t\t\t\t\t<\/div>\n\t\t\t\t<\/div>\n\t\t\t\t<div class=\"elementor-element elementor-element-0c5ca4d elementor-widget elementor-widget-image\" data-id=\"0c5ca4d\" data-element_type=\"widget\" data-e-type=\"widget\" data-widget_type=\"image.default\">\n\t\t\t\t<div class=\"elementor-widget-container\">\n\t\t\t\t\t\t\t\t\t\t\t\t<figure class=\"wp-caption\">\n\t\t\t\t\t\t\t\t\t\t<img loading=\"lazy\" decoding=\"async\" width=\"768\" height=\"512\" src=\"https:\/\/www.elturistatranquil.com\/wp-content\/uploads\/F139-Casa-Marques-de-Tamaron-Vejer-de-la-Frontera-Cadiz.jpg\" class=\"attachment-large size-large wp-image-43727\" alt=\"Casa Marques de Tamaron, Vejer de la Frontera, Cadiz\" srcset=\"https:\/\/www.elturistatranquil.com\/wp-content\/uploads\/F139-Casa-Marques-de-Tamaron-Vejer-de-la-Frontera-Cadiz.jpg 768w, https:\/\/www.elturistatranquil.com\/wp-content\/uploads\/F139-Casa-Marques-de-Tamaron-Vejer-de-la-Frontera-Cadiz-339x226.jpg 339w\" sizes=\"(max-width: 768px) 100vw, 768px\" \/>\t\t\t\t\t\t\t\t\t\t\t<figcaption class=\"widget-image-caption wp-caption-text\"><\/figcaption>\n\t\t\t\t\t\t\t\t\t\t<\/figure>\n\t\t\t\t\t\t\t\t\t<\/div>\n\t\t\t\t<\/div>\n\t\t\t\t<div class=\"elementor-element elementor-element-0b0c9b1 elementor-widget elementor-widget-heading\" data-id=\"0b0c9b1\" data-element_type=\"widget\" data-e-type=\"widget\" data-widget_type=\"heading.default\">\n\t\t\t\t<div class=\"elementor-widget-container\">\n\t\t\t\t\t<h4 class=\"elementor-heading-title elementor-size-default\">Carrer Nuestra Se\u00f1ora de la Oliva<\/h4>\t\t\t\t<\/div>\n\t\t\t\t<\/div>\n\t\t\t\t<div class=\"elementor-element elementor-element-97db31d elementor-widget elementor-widget-text-editor\" data-id=\"97db31d\" data-element_type=\"widget\" data-e-type=\"widget\" data-widget_type=\"text-editor.default\">\n\t\t\t\t<div class=\"elementor-widget-container\">\n\t\t\t\t\t\t\t\t\t<p>Sortim del que seria recinte del baluard per entrar al <strong>carrer<\/strong> <strong>Nuestra Se\u00f1ora de la Oliva<\/strong>, que ens porta novament al carrer Plazuela, davant del convent de San Francisco.<\/p>\t\t\t\t\t\t\t\t<\/div>\n\t\t\t\t<\/div>\n\t\t\t\t<div class=\"elementor-element elementor-element-bb12ec0 elementor-widget elementor-widget-image\" data-id=\"bb12ec0\" data-element_type=\"widget\" data-e-type=\"widget\" data-widget_type=\"image.default\">\n\t\t\t\t<div class=\"elementor-widget-container\">\n\t\t\t\t\t\t\t\t\t\t\t\t<figure class=\"wp-caption\">\n\t\t\t\t\t\t\t\t\t\t<img loading=\"lazy\" decoding=\"async\" width=\"768\" height=\"512\" src=\"https:\/\/www.elturistatranquil.com\/wp-content\/uploads\/F140-Casa-Marques-de-Tamaron-Vejer-de-la-Frontera-Cadiz.jpg\" class=\"attachment-large size-large wp-image-43732\" alt=\"Casa Marques de Tamaron, Vejer de la Frontera, Cadiz\" srcset=\"https:\/\/www.elturistatranquil.com\/wp-content\/uploads\/F140-Casa-Marques-de-Tamaron-Vejer-de-la-Frontera-Cadiz.jpg 768w, https:\/\/www.elturistatranquil.com\/wp-content\/uploads\/F140-Casa-Marques-de-Tamaron-Vejer-de-la-Frontera-Cadiz-339x226.jpg 339w\" sizes=\"(max-width: 768px) 100vw, 768px\" \/>\t\t\t\t\t\t\t\t\t\t\t<figcaption class=\"widget-image-caption wp-caption-text\"><\/figcaption>\n\t\t\t\t\t\t\t\t\t\t<\/figure>\n\t\t\t\t\t\t\t\t\t<\/div>\n\t\t\t\t<\/div>\n\t\t\t\t<div class=\"elementor-element elementor-element-bd6ec13 elementor-widget elementor-widget-image\" data-id=\"bd6ec13\" data-element_type=\"widget\" data-e-type=\"widget\" data-widget_type=\"image.default\">\n\t\t\t\t<div class=\"elementor-widget-container\">\n\t\t\t\t\t\t\t\t\t\t\t\t<figure class=\"wp-caption\">\n\t\t\t\t\t\t\t\t\t\t<img loading=\"lazy\" decoding=\"async\" width=\"768\" height=\"512\" src=\"https:\/\/www.elturistatranquil.com\/wp-content\/uploads\/F141-Vejer-de-la-Frontera-Cadiz.jpg\" class=\"attachment-large size-large wp-image-43734\" alt=\"Vejer de la Frontera, Cadiz\" srcset=\"https:\/\/www.elturistatranquil.com\/wp-content\/uploads\/F141-Vejer-de-la-Frontera-Cadiz.jpg 768w, https:\/\/www.elturistatranquil.com\/wp-content\/uploads\/F141-Vejer-de-la-Frontera-Cadiz-339x226.jpg 339w\" sizes=\"(max-width: 768px) 100vw, 768px\" \/>\t\t\t\t\t\t\t\t\t\t\t<figcaption class=\"widget-image-caption wp-caption-text\"><\/figcaption>\n\t\t\t\t\t\t\t\t\t\t<\/figure>\n\t\t\t\t\t\t\t\t\t<\/div>\n\t\t\t\t<\/div>\n\t\t\t\t<div class=\"elementor-element elementor-element-e944316 elementor-widget elementor-widget-menu-anchor\" data-id=\"e944316\" data-element_type=\"widget\" data-e-type=\"widget\" data-widget_type=\"menu-anchor.default\">\n\t\t\t\t<div class=\"elementor-widget-container\">\n\t\t\t\t\t\t\t<div class=\"elementor-menu-anchor\" id=\"c7726\"><\/div>\n\t\t\t\t\t\t<\/div>\n\t\t\t\t<\/div>\n\t\t\t\t<div class=\"elementor-element elementor-element-f7b2f6c elementor-widget elementor-widget-image\" data-id=\"f7b2f6c\" data-element_type=\"widget\" data-e-type=\"widget\" data-widget_type=\"image.default\">\n\t\t\t\t<div class=\"elementor-widget-container\">\n\t\t\t\t\t\t\t\t\t\t\t\t<figure class=\"wp-caption\">\n\t\t\t\t\t\t\t\t\t\t<img loading=\"lazy\" decoding=\"async\" width=\"768\" height=\"512\" src=\"https:\/\/www.elturistatranquil.com\/wp-content\/uploads\/F142-Vejer-de-la-Frontera-Cadiz.jpg\" class=\"attachment-large size-large wp-image-43736\" alt=\"Vejer de la Frontera, Cadiz\" srcset=\"https:\/\/www.elturistatranquil.com\/wp-content\/uploads\/F142-Vejer-de-la-Frontera-Cadiz.jpg 768w, https:\/\/www.elturistatranquil.com\/wp-content\/uploads\/F142-Vejer-de-la-Frontera-Cadiz-339x226.jpg 339w\" sizes=\"(max-width: 768px) 100vw, 768px\" \/>\t\t\t\t\t\t\t\t\t\t\t<figcaption class=\"widget-image-caption wp-caption-text\"><\/figcaption>\n\t\t\t\t\t\t\t\t\t\t<\/figure>\n\t\t\t\t\t\t\t\t\t<\/div>\n\t\t\t\t<\/div>\n\t\t\t\t<div class=\"elementor-element elementor-element-a797fd7 elementor-widget elementor-widget-heading\" data-id=\"a797fd7\" data-element_type=\"widget\" data-e-type=\"widget\" data-widget_type=\"heading.default\">\n\t\t\t\t<div class=\"elementor-widget-container\">\n\t\t\t\t\t<h3 class=\"elementor-heading-title elementor-size-default\">Expansi\u00f3 urbana del segle XVI<\/h3>\t\t\t\t<\/div>\n\t\t\t\t<\/div>\n\t\t\t\t<div class=\"elementor-element elementor-element-445bc8c elementor-widget elementor-widget-heading\" data-id=\"445bc8c\" data-element_type=\"widget\" data-e-type=\"widget\" data-widget_type=\"heading.default\">\n\t\t\t\t<div class=\"elementor-widget-container\">\n\t\t\t\t\t<h4 class=\"elementor-heading-title elementor-size-default\">La Plazuela i carrer Juan Relinque<\/h4>\t\t\t\t<\/div>\n\t\t\t\t<\/div>\n\t\t\t\t<div class=\"elementor-element elementor-element-6daef82 elementor-widget elementor-widget-image\" data-id=\"6daef82\" data-element_type=\"widget\" data-e-type=\"widget\" data-widget_type=\"image.default\">\n\t\t\t\t<div class=\"elementor-widget-container\">\n\t\t\t\t\t\t\t\t\t\t\t\t<figure class=\"wp-caption\">\n\t\t\t\t\t\t\t\t\t\t<img loading=\"lazy\" decoding=\"async\" width=\"768\" height=\"512\" src=\"https:\/\/www.elturistatranquil.com\/wp-content\/uploads\/F143-Vejer-de-la-Frontera-Cadiz.jpg\" class=\"attachment-large size-large wp-image-43738\" alt=\"Vejer de la Frontera, Cadiz\" srcset=\"https:\/\/www.elturistatranquil.com\/wp-content\/uploads\/F143-Vejer-de-la-Frontera-Cadiz.jpg 768w, https:\/\/www.elturistatranquil.com\/wp-content\/uploads\/F143-Vejer-de-la-Frontera-Cadiz-339x226.jpg 339w\" sizes=\"(max-width: 768px) 100vw, 768px\" \/>\t\t\t\t\t\t\t\t\t\t\t<figcaption class=\"widget-image-caption wp-caption-text\"><\/figcaption>\n\t\t\t\t\t\t\t\t\t\t<\/figure>\n\t\t\t\t\t\t\t\t\t<\/div>\n\t\t\t\t<\/div>\n\t\t\t\t<div class=\"elementor-element elementor-element-4ba63f6 elementor-widget elementor-widget-text-editor\" data-id=\"4ba63f6\" data-element_type=\"widget\" data-e-type=\"widget\" data-widget_type=\"text-editor.default\">\n\t\t\t\t<div class=\"elementor-widget-container\">\n\t\t\t\t\t\t\t\t\t<p>Travessem el carrer Plazuela i ens endinsarem pel carrer <strong>Juan Relinque<\/strong> m\u00e9s conegut com a <strong>calle Alta<\/strong>, cap a l&#8217;interior de l&#8217; <strong>expansi\u00f3 urbana del segle XVI<\/strong> (29), al costat del <strong>t\u00e0lveg de la Hoya<\/strong> i els seus carrers lim\u00edtrofs.<\/p><p>En un recorregut breu per l&#8217;eixample podrem admirar bells exemples d&#8217;urbanisme i arquitectura popular.<\/p>\t\t\t\t\t\t\t\t<\/div>\n\t\t\t\t<\/div>\n\t\t\t\t<div class=\"elementor-element elementor-element-685d533 elementor-widget elementor-widget-image\" data-id=\"685d533\" data-element_type=\"widget\" data-e-type=\"widget\" data-widget_type=\"image.default\">\n\t\t\t\t<div class=\"elementor-widget-container\">\n\t\t\t\t\t\t\t\t\t\t\t\t<figure class=\"wp-caption\">\n\t\t\t\t\t\t\t\t\t\t<img loading=\"lazy\" decoding=\"async\" width=\"768\" height=\"511\" src=\"https:\/\/www.elturistatranquil.com\/wp-content\/uploads\/F144-Vejer-de-la-Frontera-Cadiz.jpg\" class=\"attachment-large size-large wp-image-43743\" alt=\"Vejer de la Frontera, Cadiz\" srcset=\"https:\/\/www.elturistatranquil.com\/wp-content\/uploads\/F144-Vejer-de-la-Frontera-Cadiz.jpg 768w, https:\/\/www.elturistatranquil.com\/wp-content\/uploads\/F144-Vejer-de-la-Frontera-Cadiz-339x226.jpg 339w\" sizes=\"(max-width: 768px) 100vw, 768px\" \/>\t\t\t\t\t\t\t\t\t\t\t<figcaption class=\"widget-image-caption wp-caption-text\"><\/figcaption>\n\t\t\t\t\t\t\t\t\t\t<\/figure>\n\t\t\t\t\t\t\t\t\t<\/div>\n\t\t\t\t<\/div>\n\t\t\t\t<div class=\"elementor-element elementor-element-797763b elementor-widget elementor-widget-text-editor\" data-id=\"797763b\" data-element_type=\"widget\" data-e-type=\"widget\" data-widget_type=\"text-editor.default\">\n\t\t\t\t<div class=\"elementor-widget-container\">\n\t\t\t\t\t\t\t\t\t<p>Primer fixem-nos al carrer Juan Relinque a la porta d&#8217;acc\u00e9s principal al temple del convent dels Franciscans (<strong>18<\/strong>). Est\u00e0 formada per una portada de pedra d\u00b4un arc de mig punt, emmarcat per pilastres i coronat per una \u00e0mplia cornisa sobre la qual es disposa de forma sim\u00e8trica un balc\u00f3.<\/p>\t\t\t\t\t\t\t\t<\/div>\n\t\t\t\t<\/div>\n\t\t\t\t<div class=\"elementor-element elementor-element-3d9d0c7 elementor-widget elementor-widget-image\" data-id=\"3d9d0c7\" data-element_type=\"widget\" data-e-type=\"widget\" data-widget_type=\"image.default\">\n\t\t\t\t<div class=\"elementor-widget-container\">\n\t\t\t\t\t\t\t\t\t\t\t\t<figure class=\"wp-caption\">\n\t\t\t\t\t\t\t\t\t\t<img loading=\"lazy\" decoding=\"async\" width=\"380\" height=\"570\" src=\"https:\/\/www.elturistatranquil.com\/wp-content\/uploads\/F145-Convento-de-San-Francisco-Vejer-de-la-Frontera-Cadiz.jpg\" class=\"attachment-large size-large wp-image-43745\" alt=\"Convento de San Francisco, Vejer de la Frontera, Cadiz\" srcset=\"https:\/\/www.elturistatranquil.com\/wp-content\/uploads\/F145-Convento-de-San-Francisco-Vejer-de-la-Frontera-Cadiz.jpg 380w, https:\/\/www.elturistatranquil.com\/wp-content\/uploads\/F145-Convento-de-San-Francisco-Vejer-de-la-Frontera-Cadiz-151x226.jpg 151w\" sizes=\"(max-width: 380px) 100vw, 380px\" \/>\t\t\t\t\t\t\t\t\t\t\t<figcaption class=\"widget-image-caption wp-caption-text\"><\/figcaption>\n\t\t\t\t\t\t\t\t\t\t<\/figure>\n\t\t\t\t\t\t\t\t\t<\/div>\n\t\t\t\t<\/div>\n\t\t\t\t<div class=\"elementor-element elementor-element-545f465 elementor-widget elementor-widget-text-editor\" data-id=\"545f465\" data-element_type=\"widget\" data-e-type=\"widget\" data-widget_type=\"text-editor.default\">\n\t\t\t\t<div class=\"elementor-widget-container\">\n\t\t\t\t\t\t\t\t\t<p>A la remodelaci\u00f3 del convent, una \u00e0mplia arcada dona acc\u00e9s al mercat d&#8217;abastaments, que aprofita el claustre del convent.<\/p>\t\t\t\t\t\t\t\t<\/div>\n\t\t\t\t<\/div>\n\t\t\t\t<div class=\"elementor-element elementor-element-4ae511d elementor-widget elementor-widget-image\" data-id=\"4ae511d\" data-element_type=\"widget\" data-e-type=\"widget\" data-widget_type=\"image.default\">\n\t\t\t\t<div class=\"elementor-widget-container\">\n\t\t\t\t\t\t\t\t\t\t\t\t<figure class=\"wp-caption\">\n\t\t\t\t\t\t\t\t\t\t<img loading=\"lazy\" decoding=\"async\" width=\"768\" height=\"511\" src=\"https:\/\/www.elturistatranquil.com\/wp-content\/uploads\/F146-Vejer-de-la-Frontera-Cadiz.jpg\" class=\"attachment-large size-large wp-image-43747\" alt=\"Vejer de la Frontera, Cadiz\" srcset=\"https:\/\/www.elturistatranquil.com\/wp-content\/uploads\/F146-Vejer-de-la-Frontera-Cadiz.jpg 768w, https:\/\/www.elturistatranquil.com\/wp-content\/uploads\/F146-Vejer-de-la-Frontera-Cadiz-339x226.jpg 339w\" sizes=\"(max-width: 768px) 100vw, 768px\" \/>\t\t\t\t\t\t\t\t\t\t\t<figcaption class=\"widget-image-caption wp-caption-text\"><\/figcaption>\n\t\t\t\t\t\t\t\t\t\t<\/figure>\n\t\t\t\t\t\t\t\t\t<\/div>\n\t\t\t\t<\/div>\n\t\t\t\t<div class=\"elementor-element elementor-element-be35174 elementor-widget elementor-widget-text-editor\" data-id=\"be35174\" data-element_type=\"widget\" data-e-type=\"widget\" data-widget_type=\"text-editor.default\">\n\t\t\t\t<div class=\"elementor-widget-container\">\n\t\t\t\t\t\t\t\t\t<p>Els condicionants del relleu del terreny ens fan veure que l&#8217;urbanisme d&#8217;\u00e8poca moderna ha de seguir el mateix model \u201cmusulm\u00e0\u201d de la part vella: sinuositats, bifurcacions, arracades, escales\u2026<\/p>\t\t\t\t\t\t\t\t<\/div>\n\t\t\t\t<\/div>\n\t\t\t\t<div class=\"elementor-element elementor-element-92d4ada elementor-widget elementor-widget-image\" data-id=\"92d4ada\" data-element_type=\"widget\" data-e-type=\"widget\" data-widget_type=\"image.default\">\n\t\t\t\t<div class=\"elementor-widget-container\">\n\t\t\t\t\t\t\t\t\t\t\t\t<figure class=\"wp-caption\">\n\t\t\t\t\t\t\t\t\t\t<img loading=\"lazy\" decoding=\"async\" width=\"768\" height=\"512\" src=\"https:\/\/www.elturistatranquil.com\/wp-content\/uploads\/F147-Vejer-de-la-Frontera-Cadiz.jpg\" class=\"attachment-large size-large wp-image-43749\" alt=\"Vejer de la Frontera, Cadiz\" srcset=\"https:\/\/www.elturistatranquil.com\/wp-content\/uploads\/F147-Vejer-de-la-Frontera-Cadiz.jpg 768w, https:\/\/www.elturistatranquil.com\/wp-content\/uploads\/F147-Vejer-de-la-Frontera-Cadiz-339x226.jpg 339w\" sizes=\"(max-width: 768px) 100vw, 768px\" \/>\t\t\t\t\t\t\t\t\t\t\t<figcaption class=\"widget-image-caption wp-caption-text\"><\/figcaption>\n\t\t\t\t\t\t\t\t\t\t<\/figure>\n\t\t\t\t\t\t\t\t\t<\/div>\n\t\t\t\t<\/div>\n\t\t\t\t<div class=\"elementor-element elementor-element-8e94b66 elementor-widget elementor-widget-image\" data-id=\"8e94b66\" data-element_type=\"widget\" data-e-type=\"widget\" data-widget_type=\"image.default\">\n\t\t\t\t<div class=\"elementor-widget-container\">\n\t\t\t\t\t\t\t\t\t\t\t\t<figure class=\"wp-caption\">\n\t\t\t\t\t\t\t\t\t\t<img loading=\"lazy\" decoding=\"async\" width=\"768\" height=\"511\" src=\"https:\/\/www.elturistatranquil.com\/wp-content\/uploads\/F148-Vejer-de-la-Frontera-Cadiz.jpg\" class=\"attachment-large size-large wp-image-43751\" alt=\"Vejer de la Frontera, Cadiz\" srcset=\"https:\/\/www.elturistatranquil.com\/wp-content\/uploads\/F148-Vejer-de-la-Frontera-Cadiz.jpg 768w, https:\/\/www.elturistatranquil.com\/wp-content\/uploads\/F148-Vejer-de-la-Frontera-Cadiz-339x226.jpg 339w\" sizes=\"(max-width: 768px) 100vw, 768px\" \/>\t\t\t\t\t\t\t\t\t\t\t<figcaption class=\"widget-image-caption wp-caption-text\"><\/figcaption>\n\t\t\t\t\t\t\t\t\t\t<\/figure>\n\t\t\t\t\t\t\t\t\t<\/div>\n\t\t\t\t<\/div>\n\t\t\t\t<div class=\"elementor-element elementor-element-a815572 elementor-widget elementor-widget-image\" data-id=\"a815572\" data-element_type=\"widget\" data-e-type=\"widget\" data-widget_type=\"image.default\">\n\t\t\t\t<div class=\"elementor-widget-container\">\n\t\t\t\t\t\t\t\t\t\t\t\t<figure class=\"wp-caption\">\n\t\t\t\t\t\t\t\t\t\t<img loading=\"lazy\" decoding=\"async\" width=\"768\" height=\"511\" src=\"https:\/\/www.elturistatranquil.com\/wp-content\/uploads\/F149-Vejer-de-la-Frontera-Cadiz.jpg\" class=\"attachment-large size-large wp-image-43753\" alt=\"Vejer de la Frontera, Cadiz\" srcset=\"https:\/\/www.elturistatranquil.com\/wp-content\/uploads\/F149-Vejer-de-la-Frontera-Cadiz.jpg 768w, https:\/\/www.elturistatranquil.com\/wp-content\/uploads\/F149-Vejer-de-la-Frontera-Cadiz-339x226.jpg 339w\" sizes=\"(max-width: 768px) 100vw, 768px\" \/>\t\t\t\t\t\t\t\t\t\t\t<figcaption class=\"widget-image-caption wp-caption-text\"><\/figcaption>\n\t\t\t\t\t\t\t\t\t\t<\/figure>\n\t\t\t\t\t\t\t\t\t<\/div>\n\t\t\t\t<\/div>\n\t\t\t\t<div class=\"elementor-element elementor-element-6ce2b3e elementor-widget elementor-widget-menu-anchor\" data-id=\"6ce2b3e\" data-element_type=\"widget\" data-e-type=\"widget\" data-widget_type=\"menu-anchor.default\">\n\t\t\t\t<div class=\"elementor-widget-container\">\n\t\t\t\t\t\t\t<div class=\"elementor-menu-anchor\" id=\"c7727\"><\/div>\n\t\t\t\t\t\t<\/div>\n\t\t\t\t<\/div>\n\t\t\t\t<div class=\"elementor-element elementor-element-4f06faa elementor-widget elementor-widget-text-editor\" data-id=\"4f06faa\" data-element_type=\"widget\" data-e-type=\"widget\" data-widget_type=\"text-editor.default\">\n\t\t\t\t<div class=\"elementor-widget-container\">\n\t\t\t\t\t\t\t\t\t<p>Hem de deixar la visita a la ciutat en aquest punt, per\u00f2 no podem marxar sense acostar-nos a algun dels molins de vent que conformen el paisatge de Vejer de la Frontera.<\/p>\t\t\t\t\t\t\t\t<\/div>\n\t\t\t\t<\/div>\n\t\t\t\t<div class=\"elementor-element elementor-element-6fa5dca elementor-widget elementor-widget-heading\" data-id=\"6fa5dca\" data-element_type=\"widget\" data-e-type=\"widget\" data-widget_type=\"heading.default\">\n\t\t\t\t<div class=\"elementor-widget-container\">\n\t\t\t\t\t<h3 class=\"elementor-heading-title elementor-size-default\">Molins de vent del Parc Municipal Hazas de Suerte<\/h3>\t\t\t\t<\/div>\n\t\t\t\t<\/div>\n\t\t\t\t<div class=\"elementor-element elementor-element-751df06 elementor-widget elementor-widget-text-editor\" data-id=\"751df06\" data-element_type=\"widget\" data-e-type=\"widget\" data-widget_type=\"text-editor.default\">\n\t\t\t\t<div class=\"elementor-widget-container\">\n\t\t\t\t\t\t\t\t\t<p>Per veure&#8217;ls ens dirigim al <strong>Parc Municipal Hazas de Suerte<\/strong> (<strong>30<\/strong>), tamb\u00e9 anomenat <strong>parc del Vent<\/strong>, o <strong>recinte de les Tres Avemaries<\/strong>, amb els <strong>molins<\/strong> <strong>San Jos\u00e9<\/strong>, <strong>San Francisco<\/strong> i <strong>San Antonio<\/strong>.<\/p><p>Aqu\u00ed es constata que els vejeriegos han sabut aprofitar el vent que la seva posici\u00f3 elevada els ofereix per instal\u00b7lar des del segle XIX molins de vent a diferents punts dels voltants de la ciutat. Se&#8217;n conserven set. Amb ells es complementaven els molins hidr\u00e0ulics sobre el riu Barbate.<\/p><p>S\u00f3n molins de tipus mediterrani, de planta circular amb estructura cil\u00edndrica lleugerament troncoc\u00f2nica i coberta c\u00f2nica de xapa de zinc. Es divideix en dues plantes comunicades per una escala tipus cargol. Dos mantenen la integritat de les aspes i la cua.<\/p>\t\t\t\t\t\t\t\t<\/div>\n\t\t\t\t<\/div>\n\t\t\t\t<div class=\"elementor-element elementor-element-6df6b8d elementor-widget elementor-widget-image\" data-id=\"6df6b8d\" data-element_type=\"widget\" data-e-type=\"widget\" data-widget_type=\"image.default\">\n\t\t\t\t<div class=\"elementor-widget-container\">\n\t\t\t\t\t\t\t\t\t\t\t\t<figure class=\"wp-caption\">\n\t\t\t\t\t\t\t\t\t\t<img loading=\"lazy\" decoding=\"async\" width=\"768\" height=\"512\" src=\"https:\/\/www.elturistatranquil.com\/wp-content\/uploads\/F150-Molinos-de-viento-Vejer-de-la-Frontera-Cadiz.jpg\" class=\"attachment-large size-large wp-image-43758\" alt=\"Molinos de viento, Vejer de la Frontera, Cadiz\" srcset=\"https:\/\/www.elturistatranquil.com\/wp-content\/uploads\/F150-Molinos-de-viento-Vejer-de-la-Frontera-Cadiz.jpg 768w, https:\/\/www.elturistatranquil.com\/wp-content\/uploads\/F150-Molinos-de-viento-Vejer-de-la-Frontera-Cadiz-339x226.jpg 339w\" sizes=\"(max-width: 768px) 100vw, 768px\" \/>\t\t\t\t\t\t\t\t\t\t\t<figcaption class=\"widget-image-caption wp-caption-text\"><\/figcaption>\n\t\t\t\t\t\t\t\t\t\t<\/figure>\n\t\t\t\t\t\t\t\t\t<\/div>\n\t\t\t\t<\/div>\n\t\t\t\t<div class=\"elementor-element elementor-element-e2fdea6 elementor-widget elementor-widget-image\" data-id=\"e2fdea6\" data-element_type=\"widget\" data-e-type=\"widget\" data-widget_type=\"image.default\">\n\t\t\t\t<div class=\"elementor-widget-container\">\n\t\t\t\t\t\t\t\t\t\t\t\t<figure class=\"wp-caption\">\n\t\t\t\t\t\t\t\t\t\t<img loading=\"lazy\" decoding=\"async\" width=\"768\" height=\"512\" src=\"https:\/\/www.elturistatranquil.com\/wp-content\/uploads\/F151-Molinos-de-viento-Vejer-de-la-Frontera-Cadiz.jpg\" class=\"attachment-large size-large wp-image-43760\" alt=\"Molinos de viento, Vejer de la Frontera, Cadiz\" srcset=\"https:\/\/www.elturistatranquil.com\/wp-content\/uploads\/F151-Molinos-de-viento-Vejer-de-la-Frontera-Cadiz.jpg 768w, https:\/\/www.elturistatranquil.com\/wp-content\/uploads\/F151-Molinos-de-viento-Vejer-de-la-Frontera-Cadiz-339x226.jpg 339w\" sizes=\"(max-width: 768px) 100vw, 768px\" \/>\t\t\t\t\t\t\t\t\t\t\t<figcaption class=\"widget-image-caption wp-caption-text\"><\/figcaption>\n\t\t\t\t\t\t\t\t\t\t<\/figure>\n\t\t\t\t\t\t\t\t\t<\/div>\n\t\t\t\t<\/div>\n\t\t\t\t<div class=\"elementor-element elementor-element-5439cce elementor-widget elementor-widget-image\" data-id=\"5439cce\" data-element_type=\"widget\" data-e-type=\"widget\" data-widget_type=\"image.default\">\n\t\t\t\t<div class=\"elementor-widget-container\">\n\t\t\t\t\t\t\t\t\t\t\t\t<figure class=\"wp-caption\">\n\t\t\t\t\t\t\t\t\t\t<img loading=\"lazy\" decoding=\"async\" width=\"768\" height=\"512\" src=\"https:\/\/www.elturistatranquil.com\/wp-content\/uploads\/F152-Molinos-de-viento-Vejer-de-la-Frontera-Cadiz.jpg\" class=\"attachment-large size-large wp-image-43762\" alt=\"Molinos de viento, Vejer de la Frontera, Cadiz\" srcset=\"https:\/\/www.elturistatranquil.com\/wp-content\/uploads\/F152-Molinos-de-viento-Vejer-de-la-Frontera-Cadiz.jpg 768w, https:\/\/www.elturistatranquil.com\/wp-content\/uploads\/F152-Molinos-de-viento-Vejer-de-la-Frontera-Cadiz-339x226.jpg 339w\" sizes=\"(max-width: 768px) 100vw, 768px\" \/>\t\t\t\t\t\t\t\t\t\t\t<figcaption class=\"widget-image-caption wp-caption-text\"><\/figcaption>\n\t\t\t\t\t\t\t\t\t\t<\/figure>\n\t\t\t\t\t\t\t\t\t<\/div>\n\t\t\t\t<\/div>\n\t\t\t\t<div class=\"elementor-element elementor-element-42bb9ad elementor-widget elementor-widget-image\" data-id=\"42bb9ad\" data-element_type=\"widget\" data-e-type=\"widget\" data-widget_type=\"image.default\">\n\t\t\t\t<div class=\"elementor-widget-container\">\n\t\t\t\t\t\t\t\t\t\t\t\t<figure class=\"wp-caption\">\n\t\t\t\t\t\t\t\t\t\t<img loading=\"lazy\" decoding=\"async\" width=\"768\" height=\"512\" src=\"https:\/\/www.elturistatranquil.com\/wp-content\/uploads\/F153-Molinos-de-viento-Vejer-de-la-Frontera-Cadiz.jpg\" class=\"attachment-large size-large wp-image-43767\" alt=\"Molinos de viento, Vejer de la Frontera, Cadiz\" srcset=\"https:\/\/www.elturistatranquil.com\/wp-content\/uploads\/F153-Molinos-de-viento-Vejer-de-la-Frontera-Cadiz.jpg 768w, https:\/\/www.elturistatranquil.com\/wp-content\/uploads\/F153-Molinos-de-viento-Vejer-de-la-Frontera-Cadiz-339x226.jpg 339w\" sizes=\"(max-width: 768px) 100vw, 768px\" \/>\t\t\t\t\t\t\t\t\t\t\t<figcaption class=\"widget-image-caption wp-caption-text\"><\/figcaption>\n\t\t\t\t\t\t\t\t\t\t<\/figure>\n\t\t\t\t\t\t\t\t\t<\/div>\n\t\t\t\t<\/div>\n\t\t\t\t<div class=\"elementor-element elementor-element-a9f2930 elementor-widget elementor-widget-text-editor\" data-id=\"a9f2930\" data-element_type=\"widget\" data-e-type=\"widget\" data-widget_type=\"text-editor.default\">\n\t\t\t\t<div class=\"elementor-widget-container\">\n\t\t\t\t\t\t\t\t\t<p>Tamb\u00e9 s\u00f3n visibles un punt de subjecci\u00f3 de la cua, aix\u00ed com pedres de mol\u00ed.<\/p>\t\t\t\t\t\t\t\t<\/div>\n\t\t\t\t<\/div>\n\t\t\t\t<section class=\"elementor-section elementor-inner-section elementor-element elementor-element-2c45da8 elementor-section-boxed elementor-section-height-default elementor-section-height-default\" data-id=\"2c45da8\" data-element_type=\"section\" data-e-type=\"section\">\n\t\t\t\t\t\t<div class=\"elementor-container elementor-column-gap-default\">\n\t\t\t\t\t<div class=\"elementor-column elementor-col-50 elementor-inner-column elementor-element elementor-element-68b6f62\" data-id=\"68b6f62\" data-element_type=\"column\" data-e-type=\"column\">\n\t\t\t<div class=\"elementor-widget-wrap elementor-element-populated\">\n\t\t\t\t\t\t<div class=\"elementor-element elementor-element-e9b5777 elementor-widget elementor-widget-image\" data-id=\"e9b5777\" data-element_type=\"widget\" data-e-type=\"widget\" data-widget_type=\"image.default\">\n\t\t\t\t<div class=\"elementor-widget-container\">\n\t\t\t\t\t\t\t\t\t\t\t\t\t\t\t<img loading=\"lazy\" decoding=\"async\" width=\"380\" height=\"380\" src=\"https:\/\/www.elturistatranquil.com\/wp-content\/uploads\/F154m-Molinos-de-viento-Vejer-de-la-Frontera-Cadiz.jpg\" class=\"attachment-large size-large wp-image-43769\" alt=\"Molinos de viento, Vejer de la Frontera, Cadiz\" srcset=\"https:\/\/www.elturistatranquil.com\/wp-content\/uploads\/F154m-Molinos-de-viento-Vejer-de-la-Frontera-Cadiz.jpg 380w, https:\/\/www.elturistatranquil.com\/wp-content\/uploads\/F154m-Molinos-de-viento-Vejer-de-la-Frontera-Cadiz-226x226.jpg 226w\" sizes=\"(max-width: 380px) 100vw, 380px\" \/>\t\t\t\t\t\t\t\t\t\t\t\t\t\t\t<\/div>\n\t\t\t\t<\/div>\n\t\t\t\t\t<\/div>\n\t\t<\/div>\n\t\t\t\t<div class=\"elementor-column elementor-col-50 elementor-inner-column elementor-element elementor-element-1602129\" data-id=\"1602129\" data-element_type=\"column\" data-e-type=\"column\">\n\t\t\t<div class=\"elementor-widget-wrap elementor-element-populated\">\n\t\t\t\t\t\t<div class=\"elementor-element elementor-element-4213ab3 elementor-widget elementor-widget-image\" data-id=\"4213ab3\" data-element_type=\"widget\" data-e-type=\"widget\" data-widget_type=\"image.default\">\n\t\t\t\t<div class=\"elementor-widget-container\">\n\t\t\t\t\t\t\t\t\t\t\t\t\t\t\t<img loading=\"lazy\" decoding=\"async\" width=\"380\" height=\"380\" src=\"https:\/\/www.elturistatranquil.com\/wp-content\/uploads\/F154n-Molinos-de-viento-Vejer-de-la-Frontera-Cadiz.jpg\" class=\"attachment-large size-large wp-image-43771\" alt=\"Molinos de viento, Vejer de la Frontera, Cadiz\" srcset=\"https:\/\/www.elturistatranquil.com\/wp-content\/uploads\/F154n-Molinos-de-viento-Vejer-de-la-Frontera-Cadiz.jpg 380w, https:\/\/www.elturistatranquil.com\/wp-content\/uploads\/F154n-Molinos-de-viento-Vejer-de-la-Frontera-Cadiz-226x226.jpg 226w\" sizes=\"(max-width: 380px) 100vw, 380px\" \/>\t\t\t\t\t\t\t\t\t\t\t\t\t\t\t<\/div>\n\t\t\t\t<\/div>\n\t\t\t\t\t<\/div>\n\t\t<\/div>\n\t\t\t\t\t<\/div>\n\t\t<\/section>\n\t\t\t\t<div class=\"elementor-element elementor-element-ccfe835 elementor-widget elementor-widget-menu-anchor\" data-id=\"ccfe835\" data-element_type=\"widget\" data-e-type=\"widget\" data-widget_type=\"menu-anchor.default\">\n\t\t\t\t<div class=\"elementor-widget-container\">\n\t\t\t\t\t\t\t<div class=\"elementor-menu-anchor\" id=\"c7728\"><\/div>\n\t\t\t\t\t\t<\/div>\n\t\t\t\t<\/div>\n\t\t\t\t<div class=\"elementor-element elementor-element-2e05877 elementor-widget elementor-widget-heading\" data-id=\"2e05877\" data-element_type=\"widget\" data-e-type=\"widget\" data-widget_type=\"heading.default\">\n\t\t\t\t<div class=\"elementor-widget-container\">\n\t\t\t\t\t<h2 class=\"elementor-heading-title elementor-size-default\">Fi de la visita<\/h2>\t\t\t\t<\/div>\n\t\t\t\t<\/div>\n\t\t\t\t<div class=\"elementor-element elementor-element-af41505 elementor-widget elementor-widget-menu-anchor\" data-id=\"af41505\" data-element_type=\"widget\" data-e-type=\"widget\" data-widget_type=\"menu-anchor.default\">\n\t\t\t\t<div class=\"elementor-widget-container\">\n\t\t\t\t\t\t\t<div class=\"elementor-menu-anchor\" id=\"c7729\"><\/div>\n\t\t\t\t\t\t<\/div>\n\t\t\t\t<\/div>\n\t\t\t\t<div class=\"elementor-element elementor-element-b513fdd elementor-widget elementor-widget-text-editor\" data-id=\"b513fdd\" data-element_type=\"widget\" data-e-type=\"widget\" data-widget_type=\"text-editor.default\">\n\t\t\t\t<div class=\"elementor-widget-container\">\n\t\t\t\t\t\t\t\t\t<p>Un espectacular poble blanc de Cadis sobre el cim d\u2019un tur\u00f3 s\u2019imposa al viatger quan circula per la N-340. Ocupat des de temps immemorial, els andalusins van deixar la seva imperible empremta que ha perviscut fins als nostres dies.<\/p><p>En els darrers decennis, la localitat s&#8217;ha revitalitzat, i encara que alguns edificis nous segueixen la tend\u00e8ncia de l&#8217;arquitectura anodina sense personalitat, el blanc de la cal\u00e7 que ho inunda tot, arriba a mimetitzar-les amb el paisatge urb\u00e0.<\/p><p>Penso que l&#8217;inter\u00e8s per aprofitar el seu potencial tur\u00edstic, i la m\u00e0 de l&#8217;Administraci\u00f3 que ha d&#8217;haver adoptat algunes mesures de protecci\u00f3, converteixen aquesta ciutat en un enclavament digne de ser visitat.<\/p><p>Rec\u00f3rrer els seus carrers no decep, ja que ofereixen un aire de naturalitat i de ser un espai viscut. No com l&#8217;artificialitat amb qu\u00e8 s&#8217;han fet altres reconstruccions per al turisme.<\/p><p>Amb tots els problemes que segur que ha de tenir una \u201cvila medieval\u201d com Vejer de la Frontera, a mi, com a viatger i espectador de les \u201cpedres de la hist\u00f2ria\u201d que ens expliquen aquests llocs, m&#8217;ha ofert la sensaci\u00f3 d&#8217;un lloc viu i din\u00e0mic i de gran bellesa; no mort i de cartr\u00f3-pedra.<\/p>\t\t\t\t\t\t\t\t<\/div>\n\t\t\t\t<\/div>\n\t\t\t\t<div class=\"elementor-element elementor-element-c744105 elementor-widget elementor-widget-heading\" data-id=\"c744105\" data-element_type=\"widget\" data-e-type=\"widget\" data-widget_type=\"heading.default\">\n\t\t\t\t<div class=\"elementor-widget-container\">\n\t\t\t\t\t<h2 class=\"elementor-heading-title elementor-size-default\">Bases d\u2019informaci\u00f3<\/h2>\t\t\t\t<\/div>\n\t\t\t\t<\/div>\n\t\t\t\t<div class=\"elementor-element elementor-element-ef735eb elementor-widget elementor-widget-text-editor\" data-id=\"ef735eb\" data-element_type=\"widget\" data-e-type=\"widget\" data-widget_type=\"text-editor.default\">\n\t\t\t\t<div class=\"elementor-widget-container\">\n\t\t\t\t\t\t\t\t\t<p><strong>Webs<\/strong><\/p><p><a href=\"https:\/\/www.vejer.es\/es\/\" target=\"_blank\" rel=\"noopener\">ayuntamiento<\/a><\/p><p><a href=\"https:\/\/turismovejer.es\/\" target=\"_blank\" rel=\"noopener\">turismovejer<\/a><\/p><p><a href=\"https:\/\/www.vejerdelafrontera.org\/#\" target=\"_blank\" rel=\"noopener\">guiadeturismodevejer<\/a><\/p><p><a href=\"https:\/\/es.wikipedia.org\/wiki\/Vejer_de_la_Frontera\" target=\"_blank\" rel=\"noopener\">wikipedia<\/a><\/p><p><a href=\"https:\/\/www.andalucia.org\/en\/vejer-de-la-frontera\" target=\"_blank\" rel=\"noopener\">andalucia.org<\/a><\/p><p><a href=\"https:\/\/cadizturismo.com\/es\/municipios\/vejer-de-la-frontera\" target=\"_blank\" rel=\"noopener\">cadizturismo<\/a><\/p><p><a href=\"https:\/\/guiadigital.iaph.es\/municipio\/1802\/vejer-de-la-frontera\" target=\"_blank\" rel=\"noopener\">patrimonioguiadigital<\/a><\/p><p><a href=\"https:\/\/andaluciarustica.com\/vejer-de-la-frontera.htm\" target=\"_blank\" rel=\"noopener\">andaluciarustica<\/a><\/p><p><a href=\"http:\/\/www.spainviajes.com\/que-ver-en-cadiz\/vejer-de-la-frontera\" target=\"_blank\" rel=\"noopener\">spainviajes<\/a><\/p><p><a href=\"https:\/\/www.monumentalnet.org\/monumentos.php?cc=1&amp;cn=Andaluc%C3%ADa&amp;pc=11&amp;pn=C%C3%A1diz&amp;mc=11039&amp;mn=Vejer+de+la+Frontera\" target=\"_blank\" rel=\"noopener\">monumentalnet<\/a><\/p><p><a href=\"https:\/\/www.castillosnet.org\/fortificacion.php?r=CA-CAS-168&amp;n=Castillo+de+Vejer+de+la+Frontera\" target=\"_blank\" rel=\"noopener\">castillosnet<\/a><\/p><p><strong>Webs academic<\/strong><\/p><p>Juan Abell\u00e1n P\u00e9rez (2005): <a href=\"https:\/\/www.researchgate.net\/publication\/303880736_LOS_ORIGENES_DE_VEJER_DE_LA_FRONTERA#read\" target=\"_blank\" rel=\"noopener\"><em>Los or\u00edgenes de Vejer de la Frontera<\/em><\/a><\/p><p>Juan Abell\u00e1n P\u00e9rez (2005): <a href=\"https:\/\/rodin.uca.es\/bitstream\/handle\/10498\/10531\/17211876.pdf\" target=\"_blank\" rel=\"noopener\"><em>La puerta musulmana del castillo de Vejer de la Frontera<\/em><\/a><\/p><p>Juan Abell\u00e1n P\u00e9rez (2017): <a href=\"https:\/\/digibug.ugr.es\/bitstream\/handle\/10481\/63063\/numero19%281%29completo.pdf?sequence=1&amp;isAllowed=y#page=34\" target=\"_blank\" rel=\"noopener\"><em>El ajuar de las viviendas vejeriegas en la primera mitad del siglo XVI: la cocina<\/em><\/a><\/p><p>Juan Abellan P\u00e9rez (2019): <a href=\"http:\/\/epccm.es\/index.php?journal=epccm&amp;page=article&amp;op=viewFile&amp;path[]=549&amp;path[]=432\" target=\"_blank\" rel=\"noopener\"><em>El mobiliario de las\u00a0 viviendas vejeriegas en la primera mitad del siglo XVI <\/em><\/a><\/p><p>Montserrat Barrag\u00e1n Jan\u00e9, Natividad Nevado Rodr\u00edguez, Concepci\u00f3n Wenger Pastor (1993): <a href=\"https:\/\/www.researchgate.net\/profile\/Jose-Pascual-Fernandez\/publication\/282327624_Procesos_de_apropiacion_y_gestion_de_recursos_comunales\/links\/5901b9520f7e9bcf6547578a\/Procesos-de-apropiacion-y-gestion-de-recursos-comunales.pdf#page=87\" target=\"_blank\" rel=\"noopener\"><em>Las Hazas de suerte de Vejer de la Frontera<\/em><\/a><\/p><p>Antonio G\u00e1miz Gordo (dibujos), \u00c1ngeles Mar\u00eda V\u00e9lez Melero (textos) (2016): <a href=\"https:\/\/idus.us.es\/bitstream\/handle\/11441\/45046\/1\/Vejer.%20Laberinto%20de%20cal-GAMIZ-VELEZ-2016.pdf?sequence=1\" target=\"_blank\" rel=\"noopener\"><em>Vejer. Laberinto de cal<\/em><\/a><\/p><p>Antonio G\u00e1miz Gordo y Antonio Mu\u00f1oz Rodr\u00edguez (2008): <a href=\"https:\/\/idus.us.es\/bitstream\/handle\/11441\/25258\/FOTOGRAF%C3%8DAS%20DE%20VEJER%20DE%20J.%20LAURENT.pdf?sequence=1&amp;isAllowed=y\" target=\"_blank\" rel=\"noopener\"><em>Las fotograf\u00edas de Vejer de j. Laurent (1867 y 1879). Estudio cr\u00edtico<\/em><\/a><\/p><p>Lorenzo Garc\u00eda Manzorro (2018): <a href=\"https:\/\/idus.us.es\/bitstream\/handle\/11441\/92797\/Las_Hazas_de_Suerte_de_Vejer_de_la_Frontera.pdf?sequence=1&amp;isAllowed=y\" target=\"_blank\" rel=\"noopener\"><em>Las Hazas de Suerte de Vejer de la Frontera: Una Historia Econ\u00f3mica (1568-2016)<\/em><\/a><\/p><p>Francisco Garc\u00eda Fitz: <a href=\"https:\/\/dialnet.unirioja.es\/descarga\/articulo\/2241617.pdf\" target=\"_blank\" rel=\"noopener\"><em>La frontera castellano-granadina a fines del siglo XIII<\/em><\/a><\/p>\t\t\t\t\t\t\t\t<\/div>\n\t\t\t\t<\/div>\n\t\t\t\t\t<\/div>\n\t\t<\/div>\n\t\t\t\t\t<\/div>\n\t\t<\/section>\n\t\t\t\t<\/div>\n\t\t","protected":false},"excerpt":{"rendered":"<p>Vejer de la Frontera (Cadis) \u00e9s un espectacular poble blanc sobre el cim d&#8217;un tur\u00f3 s&#8217;imposa al viatger. Ocupat des de temps immemorial, els andalusins van deixar la seva imperible &#8230; <a title=\"Vejer de la Frontera (Cadis)\" class=\"read-more\" href=\"https:\/\/www.elturistatranquil.com\/ca\/vejer-de-la-frontera-cadis\/\" aria-label=\"M\u00e9s informaci\u00f3 sobre Vejer de la Frontera (Cadis)\">[ &#8230; ]<\/a><\/p>\n","protected":false},"author":1,"featured_media":43776,"comment_status":"open","ping_status":"closed","sticky":false,"template":"","format":"standard","meta":{"footnotes":""},"categories":[70,71,72,214,76,145,81,83,86,92,95,100,159,139,152,110],"tags":[],"class_list":["post-43800","post","type-post","status-publish","format-standard","has-post-thumbnail","hentry","category-arquitectura-civil-ca","category-arquitectura-popular-ca","category-arquitectura-religiosa-ca","category-cadis","category-ciutat","category-edat-mitjana","category-etnografia-ca","category-historia-ca","category-islamic","category-museus","category-paisatge","category-pobles-i-ciutats-amb-interes","category-recintes-emmurallats","category-segle-xvi-xvii","category-urbanisme","category-vila","infinite-scroll-item","generate-columns","tablet-grid-50","mobile-grid-100","grid-parent","grid-50","no-featured-image-padding"],"yoast_head":"<!-- This site is optimized with the Yoast SEO plugin v27.4 - https:\/\/yoast.com\/product\/yoast-seo-wordpress\/ -->\n<title>Vejer de la Frontera (Cadis) - El turista tranquil<\/title>\n<meta name=\"description\" content=\"Vejer de la Frontera (Cadis) \u00e9s un espectacular poble blanc sobre el cim d&#039;un tur\u00f3 s&#039;imposa al viatger. Ocupat des de temps immemorial, els andalusins van deixar la seva imperible empremta que ha perviscut fins als nostres dies en una localitat viva i din\u00e0mica.\" \/>\n<meta name=\"robots\" content=\"index, follow, max-snippet:-1, max-image-preview:large, max-video-preview:-1\" \/>\n<link rel=\"canonical\" href=\"https:\/\/www.elturistatranquil.com\/ca\/vejer-de-la-frontera-cadis\/\" \/>\n<meta property=\"og:locale\" content=\"ca_ES\" \/>\n<meta property=\"og:type\" content=\"article\" \/>\n<meta property=\"og:title\" content=\"Vejer de la Frontera (Cadis) - El turista tranquil\" \/>\n<meta property=\"og:description\" content=\"Vejer de la Frontera (Cadis) \u00e9s un espectacular poble blanc sobre el cim d&#039;un tur\u00f3 s&#039;imposa al viatger. Ocupat des de temps immemorial, els andalusins van deixar la seva imperible empremta que ha perviscut fins als nostres dies en una localitat viva i din\u00e0mica.\" \/>\n<meta property=\"og:url\" content=\"https:\/\/www.elturistatranquil.com\/ca\/vejer-de-la-frontera-cadis\/\" \/>\n<meta property=\"og:site_name\" content=\"El turista tranquil\" \/>\n<meta property=\"article:publisher\" content=\"https:\/\/www.facebook.com\/elturistatranquilo\/\" \/>\n<meta property=\"article:published_time\" content=\"2022-10-22T18:16:25+00:00\" \/>\n<meta property=\"article:modified_time\" content=\"2022-10-26T13:44:14+00:00\" \/>\n<meta property=\"og:image\" content=\"https:\/\/www.elturistatranquil.com\/wp-content\/uploads\/F00-Vejer-de-la-Frontera-Cadiz.jpg\" \/>\n\t<meta property=\"og:image:width\" content=\"768\" \/>\n\t<meta property=\"og:image:height\" content=\"512\" \/>\n\t<meta property=\"og:image:type\" content=\"image\/jpeg\" \/>\n<meta name=\"author\" content=\"admin\" \/>\n<meta name=\"twitter:card\" content=\"summary_large_image\" \/>\n<meta name=\"twitter:label1\" content=\"Escrit per\" \/>\n\t<meta name=\"twitter:data1\" content=\"admin\" \/>\n\t<meta name=\"twitter:label2\" content=\"Temps estimat de lectura\" \/>\n\t<meta name=\"twitter:data2\" content=\"72 minuts\" \/>\n<script type=\"application\/ld+json\" class=\"yoast-schema-graph\">{\"@context\":\"https:\\\/\\\/schema.org\",\"@graph\":[{\"@type\":\"Article\",\"@id\":\"https:\\\/\\\/www.elturistatranquil.com\\\/ca\\\/vejer-de-la-frontera-cadis\\\/#article\",\"isPartOf\":{\"@id\":\"https:\\\/\\\/www.elturistatranquil.com\\\/ca\\\/vejer-de-la-frontera-cadis\\\/\"},\"author\":{\"name\":\"admin\",\"@id\":\"https:\\\/\\\/www.elturistatranquil.com\\\/ca\\\/#\\\/schema\\\/person\\\/16f607c3079b96ed0c530a52e6b58bb5\"},\"headline\":\"Vejer de la Frontera (Cadis)\",\"datePublished\":\"2022-10-22T18:16:25+00:00\",\"dateModified\":\"2022-10-26T13:44:14+00:00\",\"mainEntityOfPage\":{\"@id\":\"https:\\\/\\\/www.elturistatranquil.com\\\/ca\\\/vejer-de-la-frontera-cadis\\\/\"},\"wordCount\":7951,\"commentCount\":0,\"image\":{\"@id\":\"https:\\\/\\\/www.elturistatranquil.com\\\/ca\\\/vejer-de-la-frontera-cadis\\\/#primaryimage\"},\"thumbnailUrl\":\"https:\\\/\\\/www.elturistatranquil.com\\\/wp-content\\\/uploads\\\/F00-Vejer-de-la-Frontera-Cadiz.jpg\",\"articleSection\":[\"Arquitectura civil\",\"Arquitectura popular\",\"Arquitectura religiosa\",\"Cadis\",\"Ciutat\",\"Edat mitjana\",\"Etnografia\",\"Hist\u00f2ria\",\"Isl\u00e0mic\",\"Museus\",\"Paisatge\",\"Pobles i ciutats amb inter\u00e9s\",\"Recintes emmurallats\",\"Segle XVI-XVII\",\"Urbanisme\",\"Vila\"],\"inLanguage\":\"ca\",\"potentialAction\":[{\"@type\":\"CommentAction\",\"name\":\"Comment\",\"target\":[\"https:\\\/\\\/www.elturistatranquil.com\\\/ca\\\/vejer-de-la-frontera-cadis\\\/#respond\"]}]},{\"@type\":\"WebPage\",\"@id\":\"https:\\\/\\\/www.elturistatranquil.com\\\/ca\\\/vejer-de-la-frontera-cadis\\\/\",\"url\":\"https:\\\/\\\/www.elturistatranquil.com\\\/ca\\\/vejer-de-la-frontera-cadis\\\/\",\"name\":\"Vejer de la Frontera (Cadis) - El turista tranquil\",\"isPartOf\":{\"@id\":\"https:\\\/\\\/www.elturistatranquil.com\\\/ca\\\/#website\"},\"primaryImageOfPage\":{\"@id\":\"https:\\\/\\\/www.elturistatranquil.com\\\/ca\\\/vejer-de-la-frontera-cadis\\\/#primaryimage\"},\"image\":{\"@id\":\"https:\\\/\\\/www.elturistatranquil.com\\\/ca\\\/vejer-de-la-frontera-cadis\\\/#primaryimage\"},\"thumbnailUrl\":\"https:\\\/\\\/www.elturistatranquil.com\\\/wp-content\\\/uploads\\\/F00-Vejer-de-la-Frontera-Cadiz.jpg\",\"datePublished\":\"2022-10-22T18:16:25+00:00\",\"dateModified\":\"2022-10-26T13:44:14+00:00\",\"author\":{\"@id\":\"https:\\\/\\\/www.elturistatranquil.com\\\/ca\\\/#\\\/schema\\\/person\\\/16f607c3079b96ed0c530a52e6b58bb5\"},\"description\":\"Vejer de la Frontera (Cadis) \u00e9s un espectacular poble blanc sobre el cim d'un tur\u00f3 s'imposa al viatger. Ocupat des de temps immemorial, els andalusins van deixar la seva imperible empremta que ha perviscut fins als nostres dies en una localitat viva i din\u00e0mica.\",\"breadcrumb\":{\"@id\":\"https:\\\/\\\/www.elturistatranquil.com\\\/ca\\\/vejer-de-la-frontera-cadis\\\/#breadcrumb\"},\"inLanguage\":\"ca\",\"potentialAction\":[{\"@type\":\"ReadAction\",\"target\":[\"https:\\\/\\\/www.elturistatranquil.com\\\/ca\\\/vejer-de-la-frontera-cadis\\\/\"]}]},{\"@type\":\"ImageObject\",\"inLanguage\":\"ca\",\"@id\":\"https:\\\/\\\/www.elturistatranquil.com\\\/ca\\\/vejer-de-la-frontera-cadis\\\/#primaryimage\",\"url\":\"https:\\\/\\\/www.elturistatranquil.com\\\/wp-content\\\/uploads\\\/F00-Vejer-de-la-Frontera-Cadiz.jpg\",\"contentUrl\":\"https:\\\/\\\/www.elturistatranquil.com\\\/wp-content\\\/uploads\\\/F00-Vejer-de-la-Frontera-Cadiz.jpg\",\"width\":768,\"height\":512,\"caption\":\"Vejer de la Frontera, Cadiz\"},{\"@type\":\"BreadcrumbList\",\"@id\":\"https:\\\/\\\/www.elturistatranquil.com\\\/ca\\\/vejer-de-la-frontera-cadis\\\/#breadcrumb\",\"itemListElement\":[{\"@type\":\"ListItem\",\"position\":1,\"name\":\"Portada\",\"item\":\"https:\\\/\\\/www.elturistatranquil.com\\\/ca\\\/\"},{\"@type\":\"ListItem\",\"position\":2,\"name\":\"Vejer de la Frontera (Cadis)\"}]},{\"@type\":\"WebSite\",\"@id\":\"https:\\\/\\\/www.elturistatranquil.com\\\/ca\\\/#website\",\"url\":\"https:\\\/\\\/www.elturistatranquil.com\\\/ca\\\/\",\"name\":\"El turista tranquil\",\"description\":\"Blog de viatges\",\"potentialAction\":[{\"@type\":\"SearchAction\",\"target\":{\"@type\":\"EntryPoint\",\"urlTemplate\":\"https:\\\/\\\/www.elturistatranquil.com\\\/ca\\\/?s={search_term_string}\"},\"query-input\":{\"@type\":\"PropertyValueSpecification\",\"valueRequired\":true,\"valueName\":\"search_term_string\"}}],\"inLanguage\":\"ca\"},{\"@type\":\"Person\",\"@id\":\"https:\\\/\\\/www.elturistatranquil.com\\\/ca\\\/#\\\/schema\\\/person\\\/16f607c3079b96ed0c530a52e6b58bb5\",\"name\":\"admin\",\"image\":{\"@type\":\"ImageObject\",\"inLanguage\":\"ca\",\"@id\":\"https:\\\/\\\/secure.gravatar.com\\\/avatar\\\/1fbaf22aee75fcbb29a2f97b107f95d25d3a19b7c3416105be10269872673e8d?s=96&d=mm&r=g\",\"url\":\"https:\\\/\\\/secure.gravatar.com\\\/avatar\\\/1fbaf22aee75fcbb29a2f97b107f95d25d3a19b7c3416105be10269872673e8d?s=96&d=mm&r=g\",\"contentUrl\":\"https:\\\/\\\/secure.gravatar.com\\\/avatar\\\/1fbaf22aee75fcbb29a2f97b107f95d25d3a19b7c3416105be10269872673e8d?s=96&d=mm&r=g\",\"caption\":\"admin\"}}]}<\/script>\n<!-- \/ Yoast SEO plugin. -->","yoast_head_json":{"title":"Vejer de la Frontera (Cadis) - El turista tranquil","description":"Vejer de la Frontera (Cadis) \u00e9s un espectacular poble blanc sobre el cim d'un tur\u00f3 s'imposa al viatger. Ocupat des de temps immemorial, els andalusins van deixar la seva imperible empremta que ha perviscut fins als nostres dies en una localitat viva i din\u00e0mica.","robots":{"index":"index","follow":"follow","max-snippet":"max-snippet:-1","max-image-preview":"max-image-preview:large","max-video-preview":"max-video-preview:-1"},"canonical":"https:\/\/www.elturistatranquil.com\/ca\/vejer-de-la-frontera-cadis\/","og_locale":"ca_ES","og_type":"article","og_title":"Vejer de la Frontera (Cadis) - El turista tranquil","og_description":"Vejer de la Frontera (Cadis) \u00e9s un espectacular poble blanc sobre el cim d'un tur\u00f3 s'imposa al viatger. Ocupat des de temps immemorial, els andalusins van deixar la seva imperible empremta que ha perviscut fins als nostres dies en una localitat viva i din\u00e0mica.","og_url":"https:\/\/www.elturistatranquil.com\/ca\/vejer-de-la-frontera-cadis\/","og_site_name":"El turista tranquil","article_publisher":"https:\/\/www.facebook.com\/elturistatranquilo\/","article_published_time":"2022-10-22T18:16:25+00:00","article_modified_time":"2022-10-26T13:44:14+00:00","og_image":[{"width":768,"height":512,"url":"https:\/\/www.elturistatranquil.com\/wp-content\/uploads\/F00-Vejer-de-la-Frontera-Cadiz.jpg","type":"image\/jpeg"}],"author":"admin","twitter_card":"summary_large_image","twitter_misc":{"Escrit per":"admin","Temps estimat de lectura":"72 minuts"},"schema":{"@context":"https:\/\/schema.org","@graph":[{"@type":"Article","@id":"https:\/\/www.elturistatranquil.com\/ca\/vejer-de-la-frontera-cadis\/#article","isPartOf":{"@id":"https:\/\/www.elturistatranquil.com\/ca\/vejer-de-la-frontera-cadis\/"},"author":{"name":"admin","@id":"https:\/\/www.elturistatranquil.com\/ca\/#\/schema\/person\/16f607c3079b96ed0c530a52e6b58bb5"},"headline":"Vejer de la Frontera (Cadis)","datePublished":"2022-10-22T18:16:25+00:00","dateModified":"2022-10-26T13:44:14+00:00","mainEntityOfPage":{"@id":"https:\/\/www.elturistatranquil.com\/ca\/vejer-de-la-frontera-cadis\/"},"wordCount":7951,"commentCount":0,"image":{"@id":"https:\/\/www.elturistatranquil.com\/ca\/vejer-de-la-frontera-cadis\/#primaryimage"},"thumbnailUrl":"https:\/\/www.elturistatranquil.com\/wp-content\/uploads\/F00-Vejer-de-la-Frontera-Cadiz.jpg","articleSection":["Arquitectura civil","Arquitectura popular","Arquitectura religiosa","Cadis","Ciutat","Edat mitjana","Etnografia","Hist\u00f2ria","Isl\u00e0mic","Museus","Paisatge","Pobles i ciutats amb inter\u00e9s","Recintes emmurallats","Segle XVI-XVII","Urbanisme","Vila"],"inLanguage":"ca","potentialAction":[{"@type":"CommentAction","name":"Comment","target":["https:\/\/www.elturistatranquil.com\/ca\/vejer-de-la-frontera-cadis\/#respond"]}]},{"@type":"WebPage","@id":"https:\/\/www.elturistatranquil.com\/ca\/vejer-de-la-frontera-cadis\/","url":"https:\/\/www.elturistatranquil.com\/ca\/vejer-de-la-frontera-cadis\/","name":"Vejer de la Frontera (Cadis) - El turista tranquil","isPartOf":{"@id":"https:\/\/www.elturistatranquil.com\/ca\/#website"},"primaryImageOfPage":{"@id":"https:\/\/www.elturistatranquil.com\/ca\/vejer-de-la-frontera-cadis\/#primaryimage"},"image":{"@id":"https:\/\/www.elturistatranquil.com\/ca\/vejer-de-la-frontera-cadis\/#primaryimage"},"thumbnailUrl":"https:\/\/www.elturistatranquil.com\/wp-content\/uploads\/F00-Vejer-de-la-Frontera-Cadiz.jpg","datePublished":"2022-10-22T18:16:25+00:00","dateModified":"2022-10-26T13:44:14+00:00","author":{"@id":"https:\/\/www.elturistatranquil.com\/ca\/#\/schema\/person\/16f607c3079b96ed0c530a52e6b58bb5"},"description":"Vejer de la Frontera (Cadis) \u00e9s un espectacular poble blanc sobre el cim d'un tur\u00f3 s'imposa al viatger. Ocupat des de temps immemorial, els andalusins van deixar la seva imperible empremta que ha perviscut fins als nostres dies en una localitat viva i din\u00e0mica.","breadcrumb":{"@id":"https:\/\/www.elturistatranquil.com\/ca\/vejer-de-la-frontera-cadis\/#breadcrumb"},"inLanguage":"ca","potentialAction":[{"@type":"ReadAction","target":["https:\/\/www.elturistatranquil.com\/ca\/vejer-de-la-frontera-cadis\/"]}]},{"@type":"ImageObject","inLanguage":"ca","@id":"https:\/\/www.elturistatranquil.com\/ca\/vejer-de-la-frontera-cadis\/#primaryimage","url":"https:\/\/www.elturistatranquil.com\/wp-content\/uploads\/F00-Vejer-de-la-Frontera-Cadiz.jpg","contentUrl":"https:\/\/www.elturistatranquil.com\/wp-content\/uploads\/F00-Vejer-de-la-Frontera-Cadiz.jpg","width":768,"height":512,"caption":"Vejer de la Frontera, Cadiz"},{"@type":"BreadcrumbList","@id":"https:\/\/www.elturistatranquil.com\/ca\/vejer-de-la-frontera-cadis\/#breadcrumb","itemListElement":[{"@type":"ListItem","position":1,"name":"Portada","item":"https:\/\/www.elturistatranquil.com\/ca\/"},{"@type":"ListItem","position":2,"name":"Vejer de la Frontera (Cadis)"}]},{"@type":"WebSite","@id":"https:\/\/www.elturistatranquil.com\/ca\/#website","url":"https:\/\/www.elturistatranquil.com\/ca\/","name":"El turista tranquil","description":"Blog de viatges","potentialAction":[{"@type":"SearchAction","target":{"@type":"EntryPoint","urlTemplate":"https:\/\/www.elturistatranquil.com\/ca\/?s={search_term_string}"},"query-input":{"@type":"PropertyValueSpecification","valueRequired":true,"valueName":"search_term_string"}}],"inLanguage":"ca"},{"@type":"Person","@id":"https:\/\/www.elturistatranquil.com\/ca\/#\/schema\/person\/16f607c3079b96ed0c530a52e6b58bb5","name":"admin","image":{"@type":"ImageObject","inLanguage":"ca","@id":"https:\/\/secure.gravatar.com\/avatar\/1fbaf22aee75fcbb29a2f97b107f95d25d3a19b7c3416105be10269872673e8d?s=96&d=mm&r=g","url":"https:\/\/secure.gravatar.com\/avatar\/1fbaf22aee75fcbb29a2f97b107f95d25d3a19b7c3416105be10269872673e8d?s=96&d=mm&r=g","contentUrl":"https:\/\/secure.gravatar.com\/avatar\/1fbaf22aee75fcbb29a2f97b107f95d25d3a19b7c3416105be10269872673e8d?s=96&d=mm&r=g","caption":"admin"}}]}},"_links":{"self":[{"href":"https:\/\/www.elturistatranquil.com\/ca\/wp-json\/wp\/v2\/posts\/43800","targetHints":{"allow":["GET"]}}],"collection":[{"href":"https:\/\/www.elturistatranquil.com\/ca\/wp-json\/wp\/v2\/posts"}],"about":[{"href":"https:\/\/www.elturistatranquil.com\/ca\/wp-json\/wp\/v2\/types\/post"}],"author":[{"embeddable":true,"href":"https:\/\/www.elturistatranquil.com\/ca\/wp-json\/wp\/v2\/users\/1"}],"replies":[{"embeddable":true,"href":"https:\/\/www.elturistatranquil.com\/ca\/wp-json\/wp\/v2\/comments?post=43800"}],"version-history":[{"count":5,"href":"https:\/\/www.elturistatranquil.com\/ca\/wp-json\/wp\/v2\/posts\/43800\/revisions"}],"predecessor-version":[{"id":43845,"href":"https:\/\/www.elturistatranquil.com\/ca\/wp-json\/wp\/v2\/posts\/43800\/revisions\/43845"}],"wp:featuredmedia":[{"embeddable":true,"href":"https:\/\/www.elturistatranquil.com\/ca\/wp-json\/wp\/v2\/media\/43776"}],"wp:attachment":[{"href":"https:\/\/www.elturistatranquil.com\/ca\/wp-json\/wp\/v2\/media?parent=43800"}],"wp:term":[{"taxonomy":"category","embeddable":true,"href":"https:\/\/www.elturistatranquil.com\/ca\/wp-json\/wp\/v2\/categories?post=43800"},{"taxonomy":"post_tag","embeddable":true,"href":"https:\/\/www.elturistatranquil.com\/ca\/wp-json\/wp\/v2\/tags?post=43800"}],"curies":[{"name":"wp","href":"https:\/\/api.w.org\/{rel}","templated":true}]}}