{"id":44393,"date":"2022-11-19T10:33:48","date_gmt":"2022-11-19T09:33:48","guid":{"rendered":"https:\/\/www.elturistatranquil.com\/?p=44393"},"modified":"2022-11-19T10:54:26","modified_gmt":"2022-11-19T09:54:26","slug":"castell-de-penafiel-i-museu-del-vi-valladolid","status":"publish","type":"post","link":"https:\/\/www.elturistatranquil.com\/ca\/castell-de-penafiel-i-museu-del-vi-valladolid\/","title":{"rendered":"Castell de Pe\u00f1afiel i Museu del Vi (Valladolid)"},"content":{"rendered":"\t\t<div data-elementor-type=\"wp-post\" data-elementor-id=\"44393\" class=\"elementor elementor-44393 elementor-44104\" data-elementor-post-type=\"post\">\n\t\t\t\t\t\t<section class=\"elementor-section elementor-top-section elementor-element elementor-element-42beaf22 elementor-section-boxed elementor-section-height-default elementor-section-height-default\" data-id=\"42beaf22\" data-element_type=\"section\" data-e-type=\"section\">\n\t\t\t\t\t\t<div class=\"elementor-container elementor-column-gap-default\">\n\t\t\t\t\t<div class=\"elementor-column elementor-col-100 elementor-top-column elementor-element elementor-element-607ae5bb\" data-id=\"607ae5bb\" data-element_type=\"column\" data-e-type=\"column\">\n\t\t\t<div class=\"elementor-widget-wrap elementor-element-populated\">\n\t\t\t\t\t\t<section class=\"elementor-section elementor-inner-section elementor-element elementor-element-54e386b5 elementor-section-content-middle elementor-section-boxed elementor-section-height-default elementor-section-height-default\" data-id=\"54e386b5\" data-element_type=\"section\" data-e-type=\"section\">\n\t\t\t\t\t\t<div class=\"elementor-container elementor-column-gap-default\">\n\t\t\t\t\t<div class=\"elementor-column elementor-col-100 elementor-inner-column elementor-element elementor-element-5c2e4115\" data-id=\"5c2e4115\" data-element_type=\"column\" data-e-type=\"column\">\n\t\t\t<div class=\"elementor-widget-wrap elementor-element-populated\">\n\t\t\t\t\t\t<div class=\"elementor-element elementor-element-3adc5480 elementor-widget elementor-widget-text-editor\" data-id=\"3adc5480\" data-element_type=\"widget\" data-e-type=\"widget\" data-widget_type=\"text-editor.default\">\n\t\t\t\t<div class=\"elementor-widget-container\">\n\t\t\t\t\t\t\t\t\t<p>El <em>Castell de Pe\u00f1afiel<\/em> \u2013 <em>Museu del Vi<\/em> (Valladolid) es conserva en condicions immillorables des de l&#8217;Alta Edat Mitjana, ara reconvertit com a pe\u00e7a tur\u00edstica i museu d&#8217;una de les excel\u00b7l\u00e8ncies del territori: el vi.<\/p>\t\t\t\t\t\t\t\t<\/div>\n\t\t\t\t<\/div>\n\t\t\t\t\t<\/div>\n\t\t<\/div>\n\t\t\t\t\t<\/div>\n\t\t<\/section>\n\t\t\t\t<div class=\"elementor-element elementor-element-12adcc2f elementor-widget elementor-widget-heading\" data-id=\"12adcc2f\" data-element_type=\"widget\" data-e-type=\"widget\" data-widget_type=\"heading.default\">\n\t\t\t\t<div class=\"elementor-widget-container\">\n\t\t\t\t\t<h1 class=\"elementor-heading-title elementor-size-default\">Castell de Pe\u00f1afiel i Museu del Vi (Valladolid)<\/h1>\t\t\t\t<\/div>\n\t\t\t\t<\/div>\n\t\t\t\t\t<\/div>\n\t\t<\/div>\n\t\t\t\t\t<\/div>\n\t\t<\/section>\n\t\t\t\t<section class=\"elementor-section elementor-top-section elementor-element elementor-element-1cd8113e elementor-section-boxed elementor-section-height-default elementor-section-height-default\" data-id=\"1cd8113e\" data-element_type=\"section\" data-e-type=\"section\">\n\t\t\t\t\t\t<div class=\"elementor-container elementor-column-gap-default\">\n\t\t\t\t\t<div class=\"elementor-column elementor-col-100 elementor-top-column elementor-element elementor-element-48142475\" data-id=\"48142475\" data-element_type=\"column\" data-e-type=\"column\">\n\t\t\t<div class=\"elementor-widget-wrap elementor-element-populated\">\n\t\t\t\t\t\t<div class=\"elementor-element elementor-element-1d56cfcf elementor-widget elementor-widget-image\" data-id=\"1d56cfcf\" data-element_type=\"widget\" data-e-type=\"widget\" data-widget_type=\"image.default\">\n\t\t\t\t<div class=\"elementor-widget-container\">\n\t\t\t\t\t\t\t\t\t\t\t\t<figure class=\"wp-caption\">\n\t\t\t\t\t\t\t\t\t\t<img fetchpriority=\"high\" decoding=\"async\" width=\"768\" height=\"512\" src=\"https:\/\/www.elturistatranquil.com\/wp-content\/uploads\/F01-Penafiel-Valladolid-Google-earth-2022-11-04.jpg\" class=\"attachment-large size-large wp-image-44121\" alt=\"Pe\u00f1afiel, Valladolid (Google earth 2022-11-04)\" srcset=\"https:\/\/www.elturistatranquil.com\/wp-content\/uploads\/F01-Penafiel-Valladolid-Google-earth-2022-11-04.jpg 768w, https:\/\/www.elturistatranquil.com\/wp-content\/uploads\/F01-Penafiel-Valladolid-Google-earth-2022-11-04-339x226.jpg 339w\" sizes=\"(max-width: 768px) 100vw, 768px\" \/>\t\t\t\t\t\t\t\t\t\t\t<figcaption class=\"widget-image-caption wp-caption-text\">Pe\u00f1afiel i Castell (Google maps 2022-11-04)<\/figcaption>\n\t\t\t\t\t\t\t\t\t\t<\/figure>\n\t\t\t\t\t\t\t\t\t<\/div>\n\t\t\t\t<\/div>\n\t\t\t\t<div class=\"elementor-element elementor-element-5be27f24 elementor-widget elementor-widget-spacer\" data-id=\"5be27f24\" data-element_type=\"widget\" data-e-type=\"widget\" data-widget_type=\"spacer.default\">\n\t\t\t\t<div class=\"elementor-widget-container\">\n\t\t\t\t\t\t\t<div class=\"elementor-spacer\">\n\t\t\t<div class=\"elementor-spacer-inner\"><\/div>\n\t\t<\/div>\n\t\t\t\t\t\t<\/div>\n\t\t\t\t<\/div>\n\t\t\t\t<section class=\"elementor-section elementor-inner-section elementor-element elementor-element-3cb9fe82 elementor-section-boxed elementor-section-height-default elementor-section-height-default\" data-id=\"3cb9fe82\" data-element_type=\"section\" data-e-type=\"section\" data-settings=\"{&quot;background_background&quot;:&quot;classic&quot;}\">\n\t\t\t\t\t\t\t<div class=\"elementor-background-overlay\"><\/div>\n\t\t\t\t\t\t\t<div class=\"elementor-container elementor-column-gap-default\">\n\t\t\t\t\t<div class=\"elementor-column elementor-col-100 elementor-inner-column elementor-element elementor-element-58cc9bcf\" data-id=\"58cc9bcf\" data-element_type=\"column\" data-e-type=\"column\" data-settings=\"{&quot;background_background&quot;:&quot;classic&quot;}\">\n\t\t\t<div class=\"elementor-widget-wrap elementor-element-populated\">\n\t\t\t\t\t\t<div class=\"elementor-element elementor-element-4d553c6a elementor-widget elementor-widget-text-editor\" data-id=\"4d553c6a\" data-element_type=\"widget\" data-e-type=\"widget\" data-widget_type=\"text-editor.default\">\n\t\t\t\t<div class=\"elementor-widget-container\">\n\t\t\t\t\t\t\t\t\t<p>Municipi: Pe\u00f1afiel. Comarca: Campo de Pe\u00f1afiel. Prov\u00edncia: Valladolid. Com. Aut\u00f2noma: Castilla y Le\u00f3n<\/p><p>Coordenades: 41\u00b035\u203248\u2033N 4\u00b006\u203252\u2033O. Altitud: 853 msnm. Poblaci\u00f3: 5.068 habitants en el municipi (2021)<\/p><p>Web: <a href=\"https:\/\/www.turismopenafiel.es\/recurso.php?id=1\" target=\"_blank\" rel=\"noopener\">turismodepe\u00f1afie<\/a>l<\/p><p><em>B\u00e9 d&#8217;Inter\u00e8s Cultural (BIC): Monument<\/em><\/p><p>\u00daltima visita: 2021<\/p>\t\t\t\t\t\t\t\t<\/div>\n\t\t\t\t<\/div>\n\t\t\t\t\t<\/div>\n\t\t<\/div>\n\t\t\t\t\t<\/div>\n\t\t<\/section>\n\t\t\t\t<div class=\"elementor-element elementor-element-5088cb87 elementor-widget elementor-widget-image\" data-id=\"5088cb87\" data-element_type=\"widget\" data-e-type=\"widget\" data-widget_type=\"image.default\">\n\t\t\t\t<div class=\"elementor-widget-container\">\n\t\t\t\t\t\t\t\t\t\t\t\t<figure class=\"wp-caption\">\n\t\t\t\t\t\t\t\t\t\t<img decoding=\"async\" width=\"768\" height=\"512\" src=\"https:\/\/www.elturistatranquil.com\/wp-content\/uploads\/F02c-Castillo-de-Penafiel-Valladolid-Google-maps-2022-11-07.jpg\" class=\"attachment-medium_large size-medium_large wp-image-44404\" alt=\"Castell de Pe\u00f1afiel, Valladolid (Google-maps-2022-11-07)\" srcset=\"https:\/\/www.elturistatranquil.com\/wp-content\/uploads\/F02c-Castillo-de-Penafiel-Valladolid-Google-maps-2022-11-07.jpg 768w, https:\/\/www.elturistatranquil.com\/wp-content\/uploads\/F02c-Castillo-de-Penafiel-Valladolid-Google-maps-2022-11-07-339x226.jpg 339w\" sizes=\"(max-width: 768px) 100vw, 768px\" \/>\t\t\t\t\t\t\t\t\t\t\t<figcaption class=\"widget-image-caption wp-caption-text\">Mapa de situaci\u00f3 del Castell de Pe\u00f1afiel (Google earth 2022-11-07)<\/figcaption>\n\t\t\t\t\t\t\t\t\t\t<\/figure>\n\t\t\t\t\t\t\t\t\t<\/div>\n\t\t\t\t<\/div>\n\t\t\t\t<div class=\"elementor-element elementor-element-43a6f130 elementor-widget elementor-widget-spacer\" data-id=\"43a6f130\" data-element_type=\"widget\" data-e-type=\"widget\" data-widget_type=\"spacer.default\">\n\t\t\t\t<div class=\"elementor-widget-container\">\n\t\t\t\t\t\t\t<div class=\"elementor-spacer\">\n\t\t\t<div class=\"elementor-spacer-inner\"><\/div>\n\t\t<\/div>\n\t\t\t\t\t\t<\/div>\n\t\t\t\t<\/div>\n\t\t\t\t<div class=\"elementor-element elementor-element-a12beab elementor-toc--minimized-on-tablet elementor-widget elementor-widget-table-of-contents\" data-id=\"a12beab\" data-element_type=\"widget\" data-e-type=\"widget\" data-settings=\"{&quot;headings_by_tags&quot;:[&quot;h2&quot;,&quot;h3&quot;,&quot;h4&quot;],&quot;marker_view&quot;:&quot;bullets&quot;,&quot;icon&quot;:{&quot;value&quot;:&quot;&quot;,&quot;library&quot;:&quot;&quot;},&quot;no_headings_message&quot;:&quot;No s&#039;ha trobat cap encap\\u00e7alament en aquesta p\\u00e0gina.&quot;,&quot;minimize_box&quot;:&quot;yes&quot;,&quot;minimized_on&quot;:&quot;tablet&quot;,&quot;hierarchical_view&quot;:&quot;yes&quot;,&quot;min_height&quot;:{&quot;unit&quot;:&quot;px&quot;,&quot;size&quot;:&quot;&quot;,&quot;sizes&quot;:[]},&quot;min_height_tablet&quot;:{&quot;unit&quot;:&quot;px&quot;,&quot;size&quot;:&quot;&quot;,&quot;sizes&quot;:[]},&quot;min_height_mobile&quot;:{&quot;unit&quot;:&quot;px&quot;,&quot;size&quot;:&quot;&quot;,&quot;sizes&quot;:[]}}\" data-widget_type=\"table-of-contents.default\">\n\t\t\t\t<div class=\"elementor-widget-container\">\n\t\t\t\t\t\t\t\t\t<div class=\"elementor-toc__header\">\n\t\t\t\t\t\t<h4 class=\"elementor-toc__header-title\">\n\t\t\t\t\u00cdndex\t\t\t<\/h4>\n\t\t\t\t\t\t\t\t\t\t<div class=\"elementor-toc__toggle-button elementor-toc__toggle-button--expand\" role=\"button\" tabindex=\"0\" aria-controls=\"elementor-toc__a12beab\" aria-expanded=\"true\" aria-label=\"Open table of contents\"><i aria-hidden=\"true\" class=\"fas fa-chevron-down\"><\/i><\/div>\n\t\t\t\t<div class=\"elementor-toc__toggle-button elementor-toc__toggle-button--collapse\" role=\"button\" tabindex=\"0\" aria-controls=\"elementor-toc__a12beab\" aria-expanded=\"true\" aria-label=\"Close table of contents\"><i aria-hidden=\"true\" class=\"fas fa-chevron-up\"><\/i><\/div>\n\t\t\t\t\t<\/div>\n\t\t\t\t<div id=\"elementor-toc__a12beab\" class=\"elementor-toc__body\">\n\t\t\t<div class=\"elementor-toc__spinner-container\">\n\t\t\t\t<i class=\"elementor-toc__spinner eicon-animation-spin eicon-loading\" aria-hidden=\"true\"><\/i>\t\t\t<\/div>\n\t\t<\/div>\n\t\t\t\t\t\t<\/div>\n\t\t\t\t<\/div>\n\t\t\t\t<div class=\"elementor-element elementor-element-384002a3 elementor-widget elementor-widget-menu-anchor\" data-id=\"384002a3\" data-element_type=\"widget\" data-e-type=\"widget\" data-widget_type=\"menu-anchor.default\">\n\t\t\t\t<div class=\"elementor-widget-container\">\n\t\t\t\t\t\t\t<div class=\"elementor-menu-anchor\" id=\"a0101-EnlaceaunpuntodentrodelPost\"><\/div>\n\t\t\t\t\t\t<\/div>\n\t\t\t\t<\/div>\n\t\t\t\t<div class=\"elementor-element elementor-element-2621dd5b elementor-widget elementor-widget-spacer\" data-id=\"2621dd5b\" data-element_type=\"widget\" data-e-type=\"widget\" data-widget_type=\"spacer.default\">\n\t\t\t\t<div class=\"elementor-widget-container\">\n\t\t\t\t\t\t\t<div class=\"elementor-spacer\">\n\t\t\t<div class=\"elementor-spacer-inner\"><\/div>\n\t\t<\/div>\n\t\t\t\t\t\t<\/div>\n\t\t\t\t<\/div>\n\t\t\t\t<div class=\"elementor-element elementor-element-476bc575 elementor-widget elementor-widget-heading\" data-id=\"476bc575\" data-element_type=\"widget\" data-e-type=\"widget\" data-widget_type=\"heading.default\">\n\t\t\t\t<div class=\"elementor-widget-container\">\n\t\t\t\t\t<h2 class=\"elementor-heading-title elementor-size-default\">Castell de Pe\u00f1afiel i Museu del Vi. Campo de Pe\u00f1afiel.  Valladolid<\/h2>\t\t\t\t<\/div>\n\t\t\t\t<\/div>\n\t\t\t\t<div class=\"elementor-element elementor-element-49586f22 elementor-widget elementor-widget-text-editor\" data-id=\"49586f22\" data-element_type=\"widget\" data-e-type=\"widget\" data-widget_type=\"text-editor.default\">\n\t\t\t\t<div class=\"elementor-widget-container\">\n\t\t\t\t\t\t\t\t\t<p>El <strong>castell de Pe\u00f1afiel<\/strong> s&#8217;al\u00e7a com una de les construccions militars m\u00e9s impressionants i imponents, i ben conservades, de tota la Pen\u00ednsula, al mig de la Meseta Nord, a la vall del Duero.<\/p><p>Per la seva posici\u00f3, se l&#8217;observa dominant sobre tot l&#8217;entorn en qualsevol de les direccions en que ens hi apropem, des de quil\u00f2metres de dist\u00e0ncia.<\/p><p>La seva planta de calc\u00e0ria blanca ressalta i resplendeix, sobretot sota els reflexos del Sol.<\/p><p>Si s&#8217;est\u00e0 fent turisme, la seva localitzaci\u00f3 al costat del lloc de pas de l&#8217;autovia del Duero A-11, d&#8217;Aranda del Duero a Valladolid, aix\u00ed com la seva posici\u00f3 a la zona vin\u00edcola de la Ribera del Duero, fa gaireb\u00e9 imprescindible aturar-se i pujar a mirar les muralles del castell, ni que sigui per part exterior.<\/p><p>\u00c9s la que m&#8217;ha succe\u00eft a mi, i per aix\u00f2 les fotografies d&#8217;aquest <em>Post<\/em> corresponen a diverses visites entre el 2016 i el 2021. Aix\u00f2 explica les difer\u00e8ncies de les condicions clim\u00e0tiques i de lluminositat que s&#8217;observar\u00e0 entre elles.<\/p>\t\t\t\t\t\t\t\t<\/div>\n\t\t\t\t<\/div>\n\t\t\t\t<div class=\"elementor-element elementor-element-5c8bbfe0 elementor-widget elementor-widget-heading\" data-id=\"5c8bbfe0\" data-element_type=\"widget\" data-e-type=\"widget\" data-widget_type=\"heading.default\">\n\t\t\t\t<div class=\"elementor-widget-container\">\n\t\t\t\t\t<h2 class=\"elementor-heading-title elementor-size-default\">El territori<\/h2>\t\t\t\t<\/div>\n\t\t\t\t<\/div>\n\t\t\t\t<div class=\"elementor-element elementor-element-9eb4c4a elementor-widget elementor-widget-text-editor\" data-id=\"9eb4c4a\" data-element_type=\"widget\" data-e-type=\"widget\" data-widget_type=\"text-editor.default\">\n\t\t\t\t<div class=\"elementor-widget-container\">\n\t\t\t\t\t\t\t\t\t<p>Com es veu clarament al mapa de situaci\u00f3 de l&#8217;inici de <em>Post<\/em>, Pe\u00f1afiel es troba al bell mig de la Meseta Nord i de la vall del Duero. Si relacionem la posici\u00f3 amb el conjunt de mapes que s&#8217;ofereixen al <em>Post<\/em> <a href=\"https:\/\/www.elturistatranquil.com\/ca\/estructures-territorials-a-lespanya-peninsular\/\" target=\"_blank\" rel=\"noopener\">Estructures territorials a l\u2019Espanya peninsular<\/a>, podrem fer-nos una idea dels condicionants geogr\u00e0fics i hist\u00f2rics m\u00e9s rellevants en qu\u00e8 es troba emmarcat.<\/p><p>El castell de Pe\u00f1afiel domina les valls del Durat\u00f3n i el rierol Botijas a la seva conflu\u00e8ncia amb el Duero. Situada la fortificaci\u00f3 sobre un tur\u00f3 testimoni que s&#8217;enlaira 110 metres sobre el Durat\u00f3n i visualment dominant sobre l&#8217;\u00e0mplia extensi\u00f3 de la Meseta, com observarem en el moment en qu\u00e8 pugem a la torre de l&#8217;homenatge, van fer cobejable el domini d&#8217;aquest punt per musulmans i cristians durant els segles de disputa a la frontera del Duero.<\/p>\t\t\t\t\t\t\t\t<\/div>\n\t\t\t\t<\/div>\n\t\t\t\t<div class=\"elementor-element elementor-element-288301d6 elementor-widget elementor-widget-image\" data-id=\"288301d6\" data-element_type=\"widget\" data-e-type=\"widget\" data-widget_type=\"image.default\">\n\t\t\t\t<div class=\"elementor-widget-container\">\n\t\t\t\t\t\t\t\t\t\t\t\t<figure class=\"wp-caption\">\n\t\t\t\t\t\t\t\t\t\t<img decoding=\"async\" width=\"768\" height=\"513\" src=\"https:\/\/www.elturistatranquil.com\/wp-content\/uploads\/F03-Panafiel-y-el-Rio-Duero-Google-maps-2022-11-11.jpg\" class=\"attachment-large size-large wp-image-44125\" alt=\"Pa\u00f1afiel y el Rio Duero (Google-maps-2022-11-11)\" srcset=\"https:\/\/www.elturistatranquil.com\/wp-content\/uploads\/F03-Panafiel-y-el-Rio-Duero-Google-maps-2022-11-11.jpg 768w, https:\/\/www.elturistatranquil.com\/wp-content\/uploads\/F03-Panafiel-y-el-Rio-Duero-Google-maps-2022-11-11-339x226.jpg 339w\" sizes=\"(max-width: 768px) 100vw, 768px\" \/>\t\t\t\t\t\t\t\t\t\t\t<figcaption class=\"widget-image-caption wp-caption-text\">Castell de Pe\u00f1afiel sobre el riu Duero (Google maps 2022-11-11)<\/figcaption>\n\t\t\t\t\t\t\t\t\t\t<\/figure>\n\t\t\t\t\t\t\t\t\t<\/div>\n\t\t\t\t<\/div>\n\t\t\t\t<div class=\"elementor-element elementor-element-4909de30 elementor-widget elementor-widget-text-editor\" data-id=\"4909de30\" data-element_type=\"widget\" data-e-type=\"widget\" data-widget_type=\"text-editor.default\">\n\t\t\t\t<div class=\"elementor-widget-container\">\n\t\t\t\t\t\t\t\t\t<p>La forma allargada del tur\u00f3 testimoni on s&#8217;assenta i la ubicaci\u00f3 de la torre de l&#8217;homenatge li d\u00f3na una forma similar a un vaixell i el converteix en la icona de la regi\u00f3 gr\u00e0cies tamb\u00e9 al seu bon estat de conservaci\u00f3 que fa que tamb\u00e9 es conegui aquesta fortificaci\u00f3 com <em>Buque de Castilla.<\/em><\/p>\t\t\t\t\t\t\t\t<\/div>\n\t\t\t\t<\/div>\n\t\t\t\t<div class=\"elementor-element elementor-element-5f79673 elementor-widget elementor-widget-heading\" data-id=\"5f79673\" data-element_type=\"widget\" data-e-type=\"widget\" data-widget_type=\"heading.default\">\n\t\t\t\t<div class=\"elementor-widget-container\">\n\t\t\t\t\t<h2 class=\"elementor-heading-title elementor-size-default\">Una mica d'hist\u00f2ria<\/h2>\t\t\t\t<\/div>\n\t\t\t\t<\/div>\n\t\t\t\t<div class=\"elementor-element elementor-element-fa2598c elementor-widget elementor-widget-text-editor\" data-id=\"fa2598c\" data-element_type=\"widget\" data-e-type=\"widget\" data-widget_type=\"text-editor.default\">\n\t\t\t\t<div class=\"elementor-widget-container\">\n\t\t\t\t\t\t\t\t\t<p>El primer poblament del tur\u00f3 del que hi ha troballes arqueol\u00f2giques es remunta a l&#8217;Edat del Bronze (1800-700 aC). Tamb\u00e9 hi ha testimonis espor\u00e0dics d&#8217;ocupaci\u00f3 a l&#8217;Edat del Ferro (des del 700 aC) per poblacions vaccees. Van haver de ser poblats petits atesa la limitaci\u00f3 de la superf\u00edcie del tur\u00f3 (200 per 30 metres).<\/p><p>Quan s&#8217;ha de situar realment l&#8217;origen de l&#8217;ocupaci\u00f3 militar del tur\u00f3 que ha perdurat fins als nostres dies, \u00e9s a l&#8217;Edat Mitjana, despr\u00e9s de la conquesta musulmana de la Pen\u00ednsula, i especialment als segles IX i X quan la frontera se situa a la zona del riu Duero.<\/p><p>Amb l\u2019aven\u00e7 del regne de Lle\u00f3 es produeix la fundaci\u00f3 i repoblaci\u00f3 de nuclis antics a la Vall del Duero, amb la primera repoblaci\u00f3 de Pe\u00f1afiel. L&#8217;exist\u00e8ncia d&#8217;un pont rom\u00e0 a Pe\u00f1afiel fa pensar que s&#8217;utilitz\u00e9s el tur\u00f3 com a lloc de guaita i defensa.<\/p><p>La primera not\u00edcia de l&#8217;exist\u00e8ncia d&#8217;un castell a Pe\u00f1afiel \u00e9s de l&#8217;any 943, durant el regnat de Lle\u00f3 per Ramiro II, atribuint-se el seu senyoriu al comte Assur.<\/p><p>L&#8217;any 983 els musulmans recuperen Pe\u00f1afiel per part d&#8217;Almansor, que el mant\u00e9 fins al 1013 quan \u00e9s reconquerit pel comte castell\u00e0 Sancho Garc\u00eda, que mana aixecar una fortalesa.<\/p><p>Aquest moment es pot considerar el de la fundaci\u00f3 de Pe\u00f1afiel en ser-li atorgat un fur amb qu\u00e8 es pret\u00e9n repoblar la vila i la seva terra. Aquesta circumst\u00e0ncia fa que la primera fortalesa pugui ser considerada com a castell de repoblaci\u00f3 d&#8217;origen reial en una comunitat de reialenc. Aquesta condici\u00f3 es mantindr\u00e0 fins a l&#8217;any 1282.<\/p>\t\t\t\t\t\t\t\t<\/div>\n\t\t\t\t<\/div>\n\t\t\t\t<div class=\"elementor-element elementor-element-4467979 elementor-widget elementor-widget-image\" data-id=\"4467979\" data-element_type=\"widget\" data-e-type=\"widget\" data-widget_type=\"image.default\">\n\t\t\t\t<div class=\"elementor-widget-container\">\n\t\t\t\t\t\t\t\t\t\t\t\t<figure class=\"wp-caption\">\n\t\t\t\t\t\t\t\t\t\t<img loading=\"lazy\" decoding=\"async\" width=\"768\" height=\"344\" src=\"https:\/\/www.elturistatranquil.com\/wp-content\/uploads\/F04-Plano-imaginado-de-Penafiel-en-el-siglo-XI.-Dibujo-de-J.-Jose-Moral-Daza.jpg\" class=\"attachment-large size-large wp-image-44127\" alt=\"Plano imaginado de Pe\u00f1afiel en el siglo XI. Dibujo de J. Jose Moral Daza\" srcset=\"https:\/\/www.elturistatranquil.com\/wp-content\/uploads\/F04-Plano-imaginado-de-Penafiel-en-el-siglo-XI.-Dibujo-de-J.-Jose-Moral-Daza.jpg 768w, https:\/\/www.elturistatranquil.com\/wp-content\/uploads\/F04-Plano-imaginado-de-Penafiel-en-el-siglo-XI.-Dibujo-de-J.-Jose-Moral-Daza-339x152.jpg 339w\" sizes=\"(max-width: 768px) 100vw, 768px\" \/>\t\t\t\t\t\t\t\t\t\t\t<figcaption class=\"widget-image-caption wp-caption-text\">Pl\u00e0nol imaginat  de Pe\u00f1afiel en el siglo XI. <a href=\"http:\/\/www.penafieltorredelagua.com\/wp-content\/uploads\/2017\/08\/Boletin-n%C2%BA-11-especial-castillo.pdf\" target=\"_blank\" rel=\"noopener\">Dibuix de J. Jos\u00e9 Moral Daza<\/a>, p. 49<\/figcaption>\n\t\t\t\t\t\t\t\t\t\t<\/figure>\n\t\t\t\t\t\t\t\t\t<\/div>\n\t\t\t\t<\/div>\n\t\t\t\t<div class=\"elementor-element elementor-element-fd8abe2 elementor-widget elementor-widget-text-editor\" data-id=\"fd8abe2\" data-element_type=\"widget\" data-e-type=\"widget\" data-widget_type=\"text-editor.default\">\n\t\t\t\t<div class=\"elementor-widget-container\">\n\t\t\t\t\t\t\t\t\t<p>Durant aquest per\u00edode, el 1112, el castell ser\u00e0 escenari dels conflictes entre Alfons I el Batallador i les tropes de la seva esposa Urraca I, i posteriorment pel seu sogre Alfonso VI.<\/p><p>L&#8217;any 1282, deixa de ser vila de reialenc quan el pr\u00edncep Sancho (el que seria rei sota el nom de Sancho IV el Bravo) va atorgar la vila de Pe\u00f1afiel a l&#8217;infant don Manuel de Castella (germ\u00e0 del rei Alfonso X) com a donaci\u00f3 per el naixement de don Juan Manuel. En altres llocs es llegeix que la donaci\u00f3 va ser per part del rei Alfons X.<\/p><p>Despr\u00e9s de la mort de don Manuel un any m\u00e9s tard, hereta les seves possessions el seu fill l&#8217;infant don Juan Manuel.<\/p><p>Amb els anys, don Juan Manuel, acumula un gran senyoriu del qual forma part Pe\u00f1afiel, que s&#8217;allarga fins al segle XV.<\/p><p>A partir de 1307, l&#8217;infant don Juan Manuel reconstrueix el castell i les muralles de la vila. Presumiblement, el castell de Pe\u00f1afiel tindria una forma i una disposici\u00f3 molt semblant a l&#8217;actual.<\/p><p>Quan ja des de finals segle XIII la frontera s&#8217;ha consolidat en terres andaluses, les terres del Duero hauran perdut el car\u00e0cter defensiu davant dels musulmans, el paper dels castells passa a integrar-se a les intrigues entre la noblesa i d&#8217;aquesta amb la Corona. Continua sent necessari el seu paper militar, per\u00f2, sobretot, tindran una funci\u00f3 de representaci\u00f3 del poder a l&#8217;etapa feudal del Regne de Castella.<\/p><p>Despr\u00e9s de la mort de don Juan Manuel el 1348, les seves possessions van passar a la seva filla Juana. En convertir-se Juana en reina consort, pel seu matrimoni amb Enrique II \u201cel Fratricida o el de les mercedes\u201d, la vila amb el castell s&#8217;incorpora a la corona despr\u00e9s de la seva mort el 1381. En aquell moment, Pe\u00f1afiel era una de les fortaleses m\u00e9s poderoses del regne.<\/p><p>El 1390 el rei Juan I, fill de Juana Manuel, concedeix al seu fill segon, Fernando, conegut m\u00e9s endavant com a Ferran d&#8217;Antequera i Ferran I d&#8217;Arag\u00f3, la vila i el castell de Pe\u00f1afiel, que el 1406 procedeix a la seva restauraci\u00f3.<\/p><p>Despr\u00e9s de la mort d&#8217;aquest darrer el 1416 l&#8217;hereta Joan d&#8217;Arag\u00f3, que s&#8217;al\u00e7a contra Juan II de Castella, que pren la fortalesa i n&#8217;ordena l&#8217;enderrocament el 1444, sent executat pels ve\u00efns del poble.<\/p>\t\t\t\t\t\t\t\t<\/div>\n\t\t\t\t<\/div>\n\t\t\t\t<div class=\"elementor-element elementor-element-70a3d9f elementor-widget elementor-widget-image\" data-id=\"70a3d9f\" data-element_type=\"widget\" data-e-type=\"widget\" data-widget_type=\"image.default\">\n\t\t\t\t<div class=\"elementor-widget-container\">\n\t\t\t\t\t\t\t\t\t\t\t\t<figure class=\"wp-caption\">\n\t\t\t\t\t\t\t\t\t\t<img loading=\"lazy\" decoding=\"async\" width=\"768\" height=\"512\" src=\"https:\/\/www.elturistatranquil.com\/wp-content\/uploads\/F05-Plano-imaginado-de-Penafiel-en-el-siglo-XV.-Dibujo-de-J.-Jose-Moral-Daza-1.jpg\" class=\"attachment-large size-large wp-image-44376\" alt=\"Plano imaginado de Pe\u00f1afiel en el siglo XV. Dibujo de J. Jose Moral Daza\" srcset=\"https:\/\/www.elturistatranquil.com\/wp-content\/uploads\/F05-Plano-imaginado-de-Penafiel-en-el-siglo-XV.-Dibujo-de-J.-Jose-Moral-Daza-1.jpg 768w, https:\/\/www.elturistatranquil.com\/wp-content\/uploads\/F05-Plano-imaginado-de-Penafiel-en-el-siglo-XV.-Dibujo-de-J.-Jose-Moral-Daza-1-339x226.jpg 339w\" sizes=\"(max-width: 768px) 100vw, 768px\" \/>\t\t\t\t\t\t\t\t\t\t\t<figcaption class=\"widget-image-caption wp-caption-text\">Pl\u00e0nol imaginat  de Pe\u00f1afiel en el siglo XV. <a href=\"http:\/\/www.penafieltorredelagua.com\/wp-content\/uploads\/2017\/08\/Boletin-n%C2%BA-11-especial-castillo.pdf\" target=\"_blank\" rel=\"noopener\">Dibuix de J. Jos\u00e9 Moral Daza<\/a>, p. 51<\/figcaption>\n\t\t\t\t\t\t\t\t\t\t<\/figure>\n\t\t\t\t\t\t\t\t\t<\/div>\n\t\t\t\t<\/div>\n\t\t\t\t<div class=\"elementor-element elementor-element-a389b32 elementor-widget elementor-widget-text-editor\" data-id=\"a389b32\" data-element_type=\"widget\" data-e-type=\"widget\" data-widget_type=\"text-editor.default\">\n\t\t\t\t<div class=\"elementor-widget-container\">\n\t\t\t\t\t\t\t\t\t<p>El 21 de juliol de 1448, el pr\u00edncep Enrique, futur rei Enrique IV, va concedir Pe\u00f1afiel a Pedro Gir\u00f3n de Acu\u00f1a Pacheco noble i mestre de l&#8217;Orde de Calatrava, amb la prohibici\u00f3 de reconstruir el castell. No obstant aix\u00f2, el 1456 s&#8217;aixeca aquesta prohibici\u00f3 i aquell mateix any comencen les obres del nou castell, rehabilitant-se la torre de l&#8217;homenatge on Pedro Gir\u00f3n col\u00b7loca els blasons de la fam\u00edlia a les quatre cares de la torre.<\/p><p>La nova fortalesa \u00e9s la que ha arribat fins als nostres dies. Forma part dels castells-palau senyorials que es van construir en aquest per\u00edode (<a href=\"https:\/\/www.elturistatranquil.com\/ca\/castell-dampudia-palencia\/\" target=\"_blank\" rel=\"noopener\">Castell d\u2019Ampudia<\/a>, <a href=\"https:\/\/www.elturistatranquil.com\/ca\/castell-de-encinas-de-esgueva-valladolid\/\" target=\"_blank\" rel=\"noopener\">Castell de Encinas de Esgueva<\/a>, <a href=\"https:\/\/www.elturistatranquil.com\/ca\/castells-de-guadamur-i-polan-toledo\/#b6303\" target=\"_blank\" rel=\"noopener\">Castell de Guadamur<\/a>,\u00a0<a href=\"https:\/\/www.elturistatranquil.com\/ca\/castell-de-belmonte-conca\/\" target=\"_blank\" rel=\"noopener\">Castell de Belmonte<\/a>, entre d&#8217;altres) i es pressuposa que fou obra de l&#8217;arquitecte Juan Guas.Els Reis Cat\u00f2lics confirmaran la donaci\u00f3 a Juan T\u00e9llez de Gir\u00f3n. Per la seva banda el rei Felipe II concedeix als T\u00e9llez-Gir\u00f3n el t\u00edtol de Ducs d&#8217;Osuna, perllongant-se la possessi\u00f3 del castell fins al segle XIX.<\/p><p>Al llarg de l&#8217;Edat Moderna Pe\u00f1afiel, allunyada de les grans rutes comercials, esdev\u00e9 a poc a poc un senyoriu perif\u00e8ric. En les visites a la vila, progressivament m\u00e9s rares, no s&#8217;allotgen al castell, sin\u00f3 en un nou palau, modest en proporcions i materials, que es fan construir al cor de la poblaci\u00f3. El castell, progressivament abandonat, va comen\u00e7ar la seva ru\u00efna, patint un incendi el 1755.<\/p><p>Durant el segle XIX, el castell viur\u00e0 diversos moments d&#8217;activitat militar.<\/p><p>Primer entre 1809 i 1812 com a guarnici\u00f3 de l&#8217;ex\u00e8rcit franc\u00e8s durant la Guerra del Franc\u00e8s. A l&#8217;espoliaci\u00f3 es van emportar totes les reixes, excepte una de la torre de l&#8217;homenatge que no van poder arrencar i \u00e9s l&#8217;\u00fanica que encara es conserva.<\/p><p>Despr\u00e9s, durant la Primera Guerra Carlina (1833-1840), la fortalesa va ser caserna d&#8217;una guarnici\u00f3 governamental amb la realitzaci\u00f3 d&#8217;importants obres de refor\u00e7 i noves fortificacions a les depend\u00e8ncies, murs i accessos.<\/p><p>La fallida el 1884 del Ducat d&#8217;Osuna sembla que va deixar el castell sense propietaris oficials durant llargues d\u00e8cades, produint-se l&#8217;espoliaci\u00f3 de carreus pels ve\u00efns.<\/p><p>El 1917 \u00e9s declarat Monument Nacional, i no ser\u00e0 fins als anys 1931-1934 que es produeixin les primeres intervencions de restauraci\u00f3 del castell que es trobava en estat d&#8217;aband\u00f3 absolut.<\/p><p>Durant la Guerra Civil va recuperar parcialment la seva funci\u00f3 militar, com a pres\u00f3 dels revoltats, com a bateries antia\u00e8ries italianes i com a lloc de radiocomunicacions i de control dels moviments aeris sobre l&#8217;ex\u00e8rcit republic\u00e0 per part dels alemanys.<\/p><p>El 1957 passa a titularitat de l&#8217;Ajuntament, que el cedeix temporalment a la Diputaci\u00f3 de Valladolid, la qual instal\u00b7la el Museu Provincial del Vi inaugurat el 1999.<\/p><p>En aquest darrer per\u00edode el castell s&#8217;ha rehabilitat i obert al p\u00fablic, continuant-se actualment les obres de restauraci\u00f3 del costat nord del recinte per adequar-les com a pati.<\/p>\t\t\t\t\t\t\t\t<\/div>\n\t\t\t\t<\/div>\n\t\t\t\t<div class=\"elementor-element elementor-element-2afec32 elementor-widget elementor-widget-heading\" data-id=\"2afec32\" data-element_type=\"widget\" data-e-type=\"widget\" data-widget_type=\"heading.default\">\n\t\t\t\t<div class=\"elementor-widget-container\">\n\t\t\t\t\t<h2 class=\"elementor-heading-title elementor-size-default\">La visita al Castell de Pe\u00f1afiel<\/h2>\t\t\t\t<\/div>\n\t\t\t\t<\/div>\n\t\t\t\t<div class=\"elementor-element elementor-element-986ff2e elementor-widget elementor-widget-image\" data-id=\"986ff2e\" data-element_type=\"widget\" data-e-type=\"widget\" data-widget_type=\"image.default\">\n\t\t\t\t<div class=\"elementor-widget-container\">\n\t\t\t\t\t\t\t\t\t\t\t\t<figure class=\"wp-caption\">\n\t\t\t\t\t\t\t\t\t\t<img loading=\"lazy\" decoding=\"async\" width=\"768\" height=\"512\" src=\"https:\/\/www.elturistatranquil.com\/wp-content\/uploads\/F06-Castillo-de-Penafiel-Valladolid-Google-earth-2022-11-04.jpg\" class=\"attachment-large size-large wp-image-44134\" alt=\"Castillo de Pe\u00f1afiel, Valladolid (Google earth 2022-11-04)\" srcset=\"https:\/\/www.elturistatranquil.com\/wp-content\/uploads\/F06-Castillo-de-Penafiel-Valladolid-Google-earth-2022-11-04.jpg 768w, https:\/\/www.elturistatranquil.com\/wp-content\/uploads\/F06-Castillo-de-Penafiel-Valladolid-Google-earth-2022-11-04-339x226.jpg 339w\" sizes=\"(max-width: 768px) 100vw, 768px\" \/>\t\t\t\t\t\t\t\t\t\t\t<figcaption class=\"widget-image-caption wp-caption-text\">Castell de Pe\u00f1afiel (Google earth 2022-11-04)<\/figcaption>\n\t\t\t\t\t\t\t\t\t\t<\/figure>\n\t\t\t\t\t\t\t\t\t<\/div>\n\t\t\t\t<\/div>\n\t\t\t\t<div class=\"elementor-element elementor-element-9f6592b elementor-widget elementor-widget-image\" data-id=\"9f6592b\" data-element_type=\"widget\" data-e-type=\"widget\" data-widget_type=\"image.default\">\n\t\t\t\t<div class=\"elementor-widget-container\">\n\t\t\t\t\t\t\t\t\t\t\t\t<figure class=\"wp-caption\">\n\t\t\t\t\t\t\t\t\t\t<img loading=\"lazy\" decoding=\"async\" width=\"768\" height=\"512\" src=\"https:\/\/www.elturistatranquil.com\/wp-content\/uploads\/F07-Castillo-de-Penafiel-Valladolid.jpg\" class=\"attachment-large size-large wp-image-44136\" alt=\"Planta, Castillo de Pe\u00f1afiel, Valladolid\" srcset=\"https:\/\/www.elturistatranquil.com\/wp-content\/uploads\/F07-Castillo-de-Penafiel-Valladolid.jpg 768w, https:\/\/www.elturistatranquil.com\/wp-content\/uploads\/F07-Castillo-de-Penafiel-Valladolid-339x226.jpg 339w\" sizes=\"(max-width: 768px) 100vw, 768px\" \/>\t\t\t\t\t\t\t\t\t\t\t<figcaption class=\"widget-image-caption wp-caption-text\"><\/figcaption>\n\t\t\t\t\t\t\t\t\t\t<\/figure>\n\t\t\t\t\t\t\t\t\t<\/div>\n\t\t\t\t<\/div>\n\t\t\t\t<div class=\"elementor-element elementor-element-ba1c15a elementor-widget elementor-widget-text-editor\" data-id=\"ba1c15a\" data-element_type=\"widget\" data-e-type=\"widget\" data-widget_type=\"text-editor.default\">\n\t\t\t\t<div class=\"elementor-widget-container\">\n\t\t\t\t\t\t\t\t\t<p>Com ja he assenyalat, el castell que adequadament rehabilitat observarem a la visita correspon fonamentalment a la reconstrucci\u00f3 que va efectuar don Pedro Gir\u00f3n sota traces que podrien ser de Juan Guas.<\/p><p>De les primeres construccions dels segles X i XII, constru\u00efts per Sancho Garc\u00eda i don Juan Manuel, nom\u00e9s se&#8217;n conserva els baixos del mur exterior de la contramuralla, on se situa la porta d&#8217;entrada a la lli\u00e7a (<strong>7<\/strong>) i al recinte fortificat.<\/p><p>El <strong>Castell de Pe\u00f1afiel<\/strong> s&#8217;al\u00e7a sobre un tur\u00f3 testimoni a 110 metres sobre el nivell del riu Durat\u00f3n. El riu delimitava a l&#8217;oest la vora de la vila de Pe\u00f1afiel, mentre que per l&#8217;est transcorre el rierol Botijas.<\/p><p>Ja des de la llunyania, el castell sobre el tur\u00f3 de la vall del Duero, \u00e9s perfectament visible, cosa que significa que, des d&#8217;ell, i des de dalt de la torre de l&#8217;homenatge, es t\u00e9 un domini visual de gran abast.<\/p><p>El tur\u00f3 presenta una superf\u00edcie plana i allargada d&#8217;una mica m\u00e9s de 200 metres de llargada per uns 35 m\u00e0xim d&#8217;amplada, en una orientaci\u00f3 nord-oest sud-est. Al perfil d&#8217;aquesta superf\u00edcie es va adaptar la forma del castell, on l&#8217;edificaci\u00f3 en planta ofereix una forma singular de navili, amb la punta de la \u201cproa\u201d orientada a nord-oest.<\/p>\t\t\t\t\t\t\t\t<\/div>\n\t\t\t\t<\/div>\n\t\t\t\t<div class=\"elementor-element elementor-element-471bddb1 elementor-widget elementor-widget-heading\" data-id=\"471bddb1\" data-element_type=\"widget\" data-e-type=\"widget\" data-widget_type=\"heading.default\">\n\t\t\t\t<div class=\"elementor-widget-container\">\n\t\t\t\t\t<h3 class=\"elementor-heading-title elementor-size-default\">Tipologia del castell<\/h3>\t\t\t\t<\/div>\n\t\t\t\t<\/div>\n\t\t\t\t<div class=\"elementor-element elementor-element-6280155 elementor-widget elementor-widget-text-editor\" data-id=\"6280155\" data-element_type=\"widget\" data-e-type=\"widget\" data-widget_type=\"text-editor.default\">\n\t\t\t\t<div class=\"elementor-widget-container\">\n\t\t\t\t\t\t\t\t\t<p>En la seva <strong><a href=\"https:\/\/www.elturistatranquil.com\/ca\/els-castells-medievals-a-espanya-tipologies\/\" target=\"_blank\" rel=\"noopener\">\u00a0tipologia<\/a><\/strong>, es tracta d&#8217;un castell amb tanca, situat en un lateral d&#8217;aquesta dalt d&#8217;un tur\u00f3 testimoni, en part roquer. A l&#8217;origen va ser un castell de repoblaci\u00f3, posteriorment, a l&#8217;etapa d&#8217;Almansor, de tipus de frontera militar, per retornar a la seva funci\u00f3 repobladora amb don Juan Manuel. Allunyada la frontera musulmana cap al sud, va passar a jugar un paper en les lluites interiors als regnes cristians. Al segle XV \u00e9s reconstru\u00eft com a castell senyorial. A partir del segle XVI entra en decad\u00e8ncia en allunyar-se els interessos de la noblesa cap a la capital del Regne.<\/p><p>La seva forma \u00e9s d\u2019adaptaci\u00f3 al terreny, amb planta irregular allargada. Adossada al mur de ponent a la part central, una gran torre de l&#8217;homenatge divideix el recinte en dos.<\/p><p>Tota la muralla del castell, amb cam\u00ed de ronda, est\u00e0 envoltada per una avantmuralla amb lli\u00e7a. La f\u00e0brica \u00e9s de carreuat de pedra calc\u00e0ria de Campaspero, d&#8217;alta qualitat de llaurat. Presenta una \u00fanica porta d&#8217;entrada (<strong>7<\/strong>) a la zona central de llevant, i una poterna (al v\u00e8rtex nord).<\/p><p>L&#8217;estil arquitect\u00f2nic de la darrera reforma entroncaria amb el g\u00f2tic italianitzant a trav\u00e9s de l&#8217;arquitecte Juan Guas. Uns l&#8217;adscriuen a l&#8217;escola castellana de castells, i altres a l&#8217;escola de Valladolid.<\/p><p>Com assenyala <a href=\"https:\/\/gladius.revistas.csic.es\/index.php\/gladius\/article\/view\/190\/192\" target=\"_blank\" rel=\"noopener\">Lorenzo Villena<\/a> (pp. 104-105) la major part dels elements afegits als castells senyorials seran purament decoratius, perseguint impressionar els estranys i assolir belles l\u00ednies art\u00edstiques. Aix\u00ed els castells de la meitat del segle XV es caracteritzen per les altives i esveltes torres de l&#8217;homenatge, les guaites i les torretes, les cintes de matacans (moltes vegades falsos) i el c\u00famul d&#8217;elements decoratius que augmenten la imponent i majestuosa grandesa. No obstant aix\u00f2, algunes d&#8217;aquestes construccions senyorials com Coca, <a href=\"https:\/\/www.elturistatranquil.com\/ca\/castells-de-guadamur-i-polan-toledo\/#b6303\" target=\"_blank\" rel=\"noopener\">Guadamur<\/a>, Pe\u00f1afiel, Val\u00e8ncia de Joan o Portillo s\u00f3n encara fortes fortaleses de guerra.<\/p><p>El seu estat actual \u00e9s exteriorment \u00edntegre, amb perfecta conservaci\u00f3 de tots els murs i de la torre de l&#8217;homenatge. Les construccions interiors han desaparegut. A la banda sud el pati est\u00e0 ocupat per un edifici exempt modern dedicat a Museu del Vi. El costat nord est\u00e0 en proc\u00e9s de rehabilitaci\u00f3.<\/p>\t\t\t\t\t\t\t\t<\/div>\n\t\t\t\t<\/div>\n\t\t\t\t<div class=\"elementor-element elementor-element-9a8ade6 elementor-widget elementor-widget-heading\" data-id=\"9a8ade6\" data-element_type=\"widget\" data-e-type=\"widget\" data-widget_type=\"heading.default\">\n\t\t\t\t<div class=\"elementor-widget-container\">\n\t\t\t\t\t<h3 class=\"elementor-heading-title elementor-size-default\">La pres\u00e8ncia del castell sobre el territori<\/h3>\t\t\t\t<\/div>\n\t\t\t\t<\/div>\n\t\t\t\t<div class=\"elementor-element elementor-element-ffd0130 elementor-widget elementor-widget-text-editor\" data-id=\"ffd0130\" data-element_type=\"widget\" data-e-type=\"widget\" data-widget_type=\"text-editor.default\">\n\t\t\t\t<div class=\"elementor-widget-container\">\n\t\t\t\t\t\t\t\t\t<p>Si alguna cosa caracteritza la majoria dels castells de frontera \u00e9s la seva localitzaci\u00f3 en punts elevats des dels quals controlar el territori circumdant, aix\u00ed com les vies de comunicaci\u00f3.<\/p><p>Aquesta pres\u00e8ncia visible a quil\u00f2metres de dist\u00e0ncia es compleix sobradament a Pe\u00f1afiel. L&#8217;erosi\u00f3 que el riu Duero i els seus afluents, en el nostre cas el riu Durat\u00f3n i el rierol Botijas, van deixar un tur\u00f3 testimoni allargat sobresortint uns cent metres. Aquell era el lloc idoni perqu\u00e8 des dels primers moments de la nostra hist\u00f2ria es localitz\u00e9s a la seva c\u00faspide alguna forma de fortificaci\u00f3 i nucli de vigil\u00e0ncia.<\/p><p>Les fotografies seg\u00fcents ens mostren el castell al cap d\u2019amunt del tur\u00f3 des de diferents angles, sempre dominant sobre el territori.<\/p><p>Perspectiva del castell des del costat est.<\/p>\t\t\t\t\t\t\t\t<\/div>\n\t\t\t\t<\/div>\n\t\t\t\t<div class=\"elementor-element elementor-element-45681e3 elementor-widget elementor-widget-image\" data-id=\"45681e3\" data-element_type=\"widget\" data-e-type=\"widget\" data-widget_type=\"image.default\">\n\t\t\t\t<div class=\"elementor-widget-container\">\n\t\t\t\t\t\t\t\t\t\t\t\t<figure class=\"wp-caption\">\n\t\t\t\t\t\t\t\t\t\t<img loading=\"lazy\" decoding=\"async\" width=\"768\" height=\"512\" src=\"https:\/\/www.elturistatranquil.com\/wp-content\/uploads\/F08-Castillo-de-Penafiel-Valladolid.jpg\" class=\"attachment-large size-large wp-image-44138\" alt=\"Castillo de Pe\u00f1afiel, Valladolid\" srcset=\"https:\/\/www.elturistatranquil.com\/wp-content\/uploads\/F08-Castillo-de-Penafiel-Valladolid.jpg 768w, https:\/\/www.elturistatranquil.com\/wp-content\/uploads\/F08-Castillo-de-Penafiel-Valladolid-339x226.jpg 339w\" sizes=\"(max-width: 768px) 100vw, 768px\" \/>\t\t\t\t\t\t\t\t\t\t\t<figcaption class=\"widget-image-caption wp-caption-text\"><\/figcaption>\n\t\t\t\t\t\t\t\t\t\t<\/figure>\n\t\t\t\t\t\t\t\t\t<\/div>\n\t\t\t\t<\/div>\n\t\t\t\t<div class=\"elementor-element elementor-element-d8ce7cc elementor-widget elementor-widget-image\" data-id=\"d8ce7cc\" data-element_type=\"widget\" data-e-type=\"widget\" data-widget_type=\"image.default\">\n\t\t\t\t<div class=\"elementor-widget-container\">\n\t\t\t\t\t\t\t\t\t\t\t\t<figure class=\"wp-caption\">\n\t\t\t\t\t\t\t\t\t\t<img loading=\"lazy\" decoding=\"async\" width=\"768\" height=\"512\" src=\"https:\/\/www.elturistatranquil.com\/wp-content\/uploads\/F09-Castillo-de-Penafiel-Valladolid.jpg\" class=\"attachment-large size-large wp-image-44140\" alt=\"Castillo de Pe\u00f1afiel, Valladolid\" srcset=\"https:\/\/www.elturistatranquil.com\/wp-content\/uploads\/F09-Castillo-de-Penafiel-Valladolid.jpg 768w, https:\/\/www.elturistatranquil.com\/wp-content\/uploads\/F09-Castillo-de-Penafiel-Valladolid-339x226.jpg 339w\" sizes=\"(max-width: 768px) 100vw, 768px\" \/>\t\t\t\t\t\t\t\t\t\t\t<figcaption class=\"widget-image-caption wp-caption-text\"><\/figcaption>\n\t\t\t\t\t\t\t\t\t\t<\/figure>\n\t\t\t\t\t\t\t\t\t<\/div>\n\t\t\t\t<\/div>\n\t\t\t\t<div class=\"elementor-element elementor-element-54013a6 elementor-widget elementor-widget-text-editor\" data-id=\"54013a6\" data-element_type=\"widget\" data-e-type=\"widget\" data-widget_type=\"text-editor.default\">\n\t\t\t\t<div class=\"elementor-widget-container\">\n\t\t\t\t\t\t\t\t\t<p>Entre les muralles del castell sobresurt imponent al centre la torre de l&#8217;homenatge (<strong>1<\/strong>).<\/p>\t\t\t\t\t\t\t\t<\/div>\n\t\t\t\t<\/div>\n\t\t\t\t<div class=\"elementor-element elementor-element-14dee96 elementor-widget elementor-widget-image\" data-id=\"14dee96\" data-element_type=\"widget\" data-e-type=\"widget\" data-widget_type=\"image.default\">\n\t\t\t\t<div class=\"elementor-widget-container\">\n\t\t\t\t\t\t\t\t\t\t\t\t<figure class=\"wp-caption\">\n\t\t\t\t\t\t\t\t\t\t<img loading=\"lazy\" decoding=\"async\" width=\"768\" height=\"512\" src=\"https:\/\/www.elturistatranquil.com\/wp-content\/uploads\/F10-Castillo-de-Penafiel-Valladolid.jpg\" class=\"attachment-large size-large wp-image-44142\" alt=\"Castillo de Pe\u00f1afiel, Valladolid\" srcset=\"https:\/\/www.elturistatranquil.com\/wp-content\/uploads\/F10-Castillo-de-Penafiel-Valladolid.jpg 768w, https:\/\/www.elturistatranquil.com\/wp-content\/uploads\/F10-Castillo-de-Penafiel-Valladolid-339x226.jpg 339w\" sizes=\"(max-width: 768px) 100vw, 768px\" \/>\t\t\t\t\t\t\t\t\t\t\t<figcaption class=\"widget-image-caption wp-caption-text\"><\/figcaption>\n\t\t\t\t\t\t\t\t\t\t<\/figure>\n\t\t\t\t\t\t\t\t\t<\/div>\n\t\t\t\t<\/div>\n\t\t\t\t<div class=\"elementor-element elementor-element-86c6c59 elementor-widget elementor-widget-text-editor\" data-id=\"86c6c59\" data-element_type=\"widget\" data-e-type=\"widget\" data-widget_type=\"text-editor.default\">\n\t\t\t\t<div class=\"elementor-widget-container\">\n\t\t\t\t\t\t\t\t\t<p>La \u201cproa\u201d de l&#8217;extrem nord (<strong>5<\/strong>).<\/p>\t\t\t\t\t\t\t\t<\/div>\n\t\t\t\t<\/div>\n\t\t\t\t<div class=\"elementor-element elementor-element-a04f1a7 elementor-widget elementor-widget-image\" data-id=\"a04f1a7\" data-element_type=\"widget\" data-e-type=\"widget\" data-widget_type=\"image.default\">\n\t\t\t\t<div class=\"elementor-widget-container\">\n\t\t\t\t\t\t\t\t\t\t\t\t<figure class=\"wp-caption\">\n\t\t\t\t\t\t\t\t\t\t<img loading=\"lazy\" decoding=\"async\" width=\"768\" height=\"512\" src=\"https:\/\/www.elturistatranquil.com\/wp-content\/uploads\/F11-Castillo-de-Penafiel-Valladolid.jpg\" class=\"attachment-large size-large wp-image-44147\" alt=\"Castillo de Pe\u00f1afiel, Valladolid\" srcset=\"https:\/\/www.elturistatranquil.com\/wp-content\/uploads\/F11-Castillo-de-Penafiel-Valladolid.jpg 768w, https:\/\/www.elturistatranquil.com\/wp-content\/uploads\/F11-Castillo-de-Penafiel-Valladolid-339x226.jpg 339w\" sizes=\"(max-width: 768px) 100vw, 768px\" \/>\t\t\t\t\t\t\t\t\t\t\t<figcaption class=\"widget-image-caption wp-caption-text\"><\/figcaption>\n\t\t\t\t\t\t\t\t\t\t<\/figure>\n\t\t\t\t\t\t\t\t\t<\/div>\n\t\t\t\t<\/div>\n\t\t\t\t<div class=\"elementor-element elementor-element-0884035 elementor-widget elementor-widget-text-editor\" data-id=\"0884035\" data-element_type=\"widget\" data-e-type=\"widget\" data-widget_type=\"text-editor.default\">\n\t\t\t\t<div class=\"elementor-widget-container\">\n\t\t\t\t\t\t\t\t\t<p>El costat de ponent imposant-se sobre el caseriu de Pe\u00f1afiel vist des de la <strong>pla\u00e7a del Coso<\/strong>. La torre de l&#8217;homenatge recolzant-se a la muralla.<\/p>\t\t\t\t\t\t\t\t<\/div>\n\t\t\t\t<\/div>\n\t\t\t\t<div class=\"elementor-element elementor-element-91bf152 elementor-widget elementor-widget-image\" data-id=\"91bf152\" data-element_type=\"widget\" data-e-type=\"widget\" data-widget_type=\"image.default\">\n\t\t\t\t<div class=\"elementor-widget-container\">\n\t\t\t\t\t\t\t\t\t\t\t\t<figure class=\"wp-caption\">\n\t\t\t\t\t\t\t\t\t\t<img loading=\"lazy\" decoding=\"async\" width=\"768\" height=\"512\" src=\"https:\/\/www.elturistatranquil.com\/wp-content\/uploads\/F12-Castillo-de-Penafiel-Valladolid.jpg\" class=\"attachment-large size-large wp-image-44149\" alt=\"Castillo de Pe\u00f1afiel, Valladolid\" srcset=\"https:\/\/www.elturistatranquil.com\/wp-content\/uploads\/F12-Castillo-de-Penafiel-Valladolid.jpg 768w, https:\/\/www.elturistatranquil.com\/wp-content\/uploads\/F12-Castillo-de-Penafiel-Valladolid-339x226.jpg 339w\" sizes=\"(max-width: 768px) 100vw, 768px\" \/>\t\t\t\t\t\t\t\t\t\t\t<figcaption class=\"widget-image-caption wp-caption-text\"><\/figcaption>\n\t\t\t\t\t\t\t\t\t\t<\/figure>\n\t\t\t\t\t\t\t\t\t<\/div>\n\t\t\t\t<\/div>\n\t\t\t\t<div class=\"elementor-element elementor-element-45fd844 elementor-widget elementor-widget-text-editor\" data-id=\"45fd844\" data-element_type=\"widget\" data-e-type=\"widget\" data-widget_type=\"text-editor.default\">\n\t\t\t\t<div class=\"elementor-widget-container\">\n\t\t\t\t\t\t\t\t\t<p>La perspectiva des del sud ens mostra la \u201cpopa\u201d del vaixell (<strong>4<\/strong>).<\/p>\t\t\t\t\t\t\t\t<\/div>\n\t\t\t\t<\/div>\n\t\t\t\t<div class=\"elementor-element elementor-element-2c430e8 elementor-widget elementor-widget-image\" data-id=\"2c430e8\" data-element_type=\"widget\" data-e-type=\"widget\" data-widget_type=\"image.default\">\n\t\t\t\t<div class=\"elementor-widget-container\">\n\t\t\t\t\t\t\t\t\t\t\t\t<figure class=\"wp-caption\">\n\t\t\t\t\t\t\t\t\t\t<img loading=\"lazy\" decoding=\"async\" width=\"768\" height=\"512\" src=\"https:\/\/www.elturistatranquil.com\/wp-content\/uploads\/F13-Castillo-de-Penafiel-Valladolid.jpg\" class=\"attachment-large size-large wp-image-44151\" alt=\"Castillo de Pe\u00f1afiel, Valladolid\" srcset=\"https:\/\/www.elturistatranquil.com\/wp-content\/uploads\/F13-Castillo-de-Penafiel-Valladolid.jpg 768w, https:\/\/www.elturistatranquil.com\/wp-content\/uploads\/F13-Castillo-de-Penafiel-Valladolid-339x226.jpg 339w\" sizes=\"(max-width: 768px) 100vw, 768px\" \/>\t\t\t\t\t\t\t\t\t\t\t<figcaption class=\"widget-image-caption wp-caption-text\"><\/figcaption>\n\t\t\t\t\t\t\t\t\t\t<\/figure>\n\t\t\t\t\t\t\t\t\t<\/div>\n\t\t\t\t<\/div>\n\t\t\t\t<div class=\"elementor-element elementor-element-9e894b5 elementor-widget elementor-widget-heading\" data-id=\"9e894b5\" data-element_type=\"widget\" data-e-type=\"widget\" data-widget_type=\"heading.default\">\n\t\t\t\t<div class=\"elementor-widget-container\">\n\t\t\t\t\t<h4 class=\"elementor-heading-title elementor-size-default\">La contramuralla i la muralla: l'entrada i la lli\u00e7a<\/h4>\t\t\t\t<\/div>\n\t\t\t\t<\/div>\n\t\t\t\t<div class=\"elementor-element elementor-element-4030581 elementor-widget elementor-widget-text-editor\" data-id=\"4030581\" data-element_type=\"widget\" data-e-type=\"widget\" data-widget_type=\"text-editor.default\">\n\t\t\t\t<div class=\"elementor-widget-container\">\n\t\t\t\t\t\t\t\t\t<p>El conjunt \u00e9s un recinte format per muralla i torre de l&#8217;homenatge, tot envoltat d&#8217;una avantmuralla o contramuralla amb lli\u00e7a (<strong>6<\/strong>). Dels extrems del recinte partia la tanca que envoltava tota la vila fins al l\u00edmit del riu Durat\u00f3n.<\/p><p>El recinte exterior t\u00e9 unes dimensions d&#8217;uns 210 metres per 35 a la part m\u00e9s ampla, mentre que l&#8217;edifici del castell pr\u00f2piament en sentit estricte \u00e9s un recinte d&#8217;uns 200 per 28 metres<\/p><p>L&#8217;avantmuralla exterior \u00e9s l&#8217;obra m\u00e9s antiga que es conserva, i sembla procedir del segle X d&#8217;\u00e8poca de la conquesta per Sancho Garc\u00eda, reconstru\u00efda a partir del 1307 per don Juan Manuel, quan es va fer c\u00e0rrec de Pe\u00f1afiel. Envolta tot el castell.<\/p><p>L&#8217;avantmuralla actual \u00e9s de poca al\u00e7ada i sense cap element constructiu defensiu, cosa que porta a la conclusi\u00f3 que havia de ser m\u00e9s alta per protegir els defensors i, probablement, amb merlets com a la muralla del castell.<\/p>\t\t\t\t\t\t\t\t<\/div>\n\t\t\t\t<\/div>\n\t\t\t\t<div class=\"elementor-element elementor-element-0950e4c elementor-widget elementor-widget-image\" data-id=\"0950e4c\" data-element_type=\"widget\" data-e-type=\"widget\" data-widget_type=\"image.default\">\n\t\t\t\t<div class=\"elementor-widget-container\">\n\t\t\t\t\t\t\t\t\t\t\t\t<figure class=\"wp-caption\">\n\t\t\t\t\t\t\t\t\t\t<img loading=\"lazy\" decoding=\"async\" width=\"768\" height=\"512\" src=\"https:\/\/www.elturistatranquil.com\/wp-content\/uploads\/F14-Castillo-de-Penafiel-Valladolid.jpg\" class=\"attachment-large size-large wp-image-44153\" alt=\"Castillo de Pe\u00f1afiel, Valladolid\" srcset=\"https:\/\/www.elturistatranquil.com\/wp-content\/uploads\/F14-Castillo-de-Penafiel-Valladolid.jpg 768w, https:\/\/www.elturistatranquil.com\/wp-content\/uploads\/F14-Castillo-de-Penafiel-Valladolid-339x226.jpg 339w\" sizes=\"(max-width: 768px) 100vw, 768px\" \/>\t\t\t\t\t\t\t\t\t\t\t<figcaption class=\"widget-image-caption wp-caption-text\"><\/figcaption>\n\t\t\t\t\t\t\t\t\t\t<\/figure>\n\t\t\t\t\t\t\t\t\t<\/div>\n\t\t\t\t<\/div>\n\t\t\t\t<div class=\"elementor-element elementor-element-f9dd526 elementor-widget elementor-widget-text-editor\" data-id=\"f9dd526\" data-element_type=\"widget\" data-e-type=\"widget\" data-widget_type=\"text-editor.default\">\n\t\t\t\t<div class=\"elementor-widget-container\">\n\t\t\t\t\t\t\t\t\t<p>Al centre del costat de llevant hi ha l&#8217;\u00fanica porta d&#8217;entrada (<strong>7<\/strong>) que t\u00e9 el castell. Adopta una posici\u00f3 gaireb\u00e9 perpendicular al mur, de manera que havia de facilitar la seva defensa en cas d&#8217;entrada de l&#8217;enemic per ella.<\/p><p>T\u00e9 forma d&#8217;arc de mig punt amb dovelles i tambors circulars defensius a cada costat. Les m\u00e8nsules sobre la porta indiquen que a sobre se situava un matac\u00e0.<\/p><p>Els tambors podrien acabar de manera similar a les torretes emmerletades que s&#8217;observen al fons sobre la muralla. Aix\u00f2 ens fa veure com m\u00e9s elevat hauria de ser l&#8217;avantmuralla.<\/p>\t\t\t\t\t\t\t\t<\/div>\n\t\t\t\t<\/div>\n\t\t\t\t<div class=\"elementor-element elementor-element-df1f2c3 elementor-widget elementor-widget-image\" data-id=\"df1f2c3\" data-element_type=\"widget\" data-e-type=\"widget\" data-widget_type=\"image.default\">\n\t\t\t\t<div class=\"elementor-widget-container\">\n\t\t\t\t\t\t\t\t\t\t\t\t<figure class=\"wp-caption\">\n\t\t\t\t\t\t\t\t\t\t<img loading=\"lazy\" decoding=\"async\" width=\"768\" height=\"512\" src=\"https:\/\/www.elturistatranquil.com\/wp-content\/uploads\/F15-Castillo-de-Penafiel-Valladolid.jpg\" class=\"attachment-large size-large wp-image-44155\" alt=\"Castillo de Pe\u00f1afiel, Valladolid\" srcset=\"https:\/\/www.elturistatranquil.com\/wp-content\/uploads\/F15-Castillo-de-Penafiel-Valladolid.jpg 768w, https:\/\/www.elturistatranquil.com\/wp-content\/uploads\/F15-Castillo-de-Penafiel-Valladolid-339x226.jpg 339w\" sizes=\"(max-width: 768px) 100vw, 768px\" \/>\t\t\t\t\t\t\t\t\t\t\t<figcaption class=\"widget-image-caption wp-caption-text\"><\/figcaption>\n\t\t\t\t\t\t\t\t\t\t<\/figure>\n\t\t\t\t\t\t\t\t\t<\/div>\n\t\t\t\t<\/div>\n\t\t\t\t<div class=\"elementor-element elementor-element-0589c5a elementor-widget elementor-widget-text-editor\" data-id=\"0589c5a\" data-element_type=\"widget\" data-e-type=\"widget\" data-widget_type=\"text-editor.default\">\n\t\t\t\t<div class=\"elementor-widget-container\">\n\t\t\t\t\t\t\t\t\t<p>L\u2019avantmuralla deixa veure l\u2019estructura de la muralla del castell. Formen llen\u00e7os rectilinis amb escarpa i merlets, en els quals s&#8217;intercalen cubs semicirculars massissos tamb\u00e9 emmerletats. S&#8217;observen de dos tipus: uns m\u00e9s grans de di\u00e0metre, amb matacans i troneres de pal (<strong>9<\/strong>), alternats amb altres de menor di\u00e0metre sense matac\u00e0 (<strong>10<\/strong>).<\/p><p>Les dues imatges seg\u00fcents corresponen a l&#8217;avantmur i la muralla del castell de la part sud pel costat de llevant.<\/p>\t\t\t\t\t\t\t\t<\/div>\n\t\t\t\t<\/div>\n\t\t\t\t<div class=\"elementor-element elementor-element-ca0e456 elementor-widget elementor-widget-image\" data-id=\"ca0e456\" data-element_type=\"widget\" data-e-type=\"widget\" data-widget_type=\"image.default\">\n\t\t\t\t<div class=\"elementor-widget-container\">\n\t\t\t\t\t\t\t\t\t\t\t\t<figure class=\"wp-caption\">\n\t\t\t\t\t\t\t\t\t\t<img loading=\"lazy\" decoding=\"async\" width=\"768\" height=\"512\" src=\"https:\/\/www.elturistatranquil.com\/wp-content\/uploads\/F16-Castillo-de-Penafiel-Valladolid.jpg\" class=\"attachment-large size-large wp-image-44157\" alt=\"Castillo de Pe\u00f1afiel, Valladolid\" srcset=\"https:\/\/www.elturistatranquil.com\/wp-content\/uploads\/F16-Castillo-de-Penafiel-Valladolid.jpg 768w, https:\/\/www.elturistatranquil.com\/wp-content\/uploads\/F16-Castillo-de-Penafiel-Valladolid-339x226.jpg 339w\" sizes=\"(max-width: 768px) 100vw, 768px\" \/>\t\t\t\t\t\t\t\t\t\t\t<figcaption class=\"widget-image-caption wp-caption-text\"><\/figcaption>\n\t\t\t\t\t\t\t\t\t\t<\/figure>\n\t\t\t\t\t\t\t\t\t<\/div>\n\t\t\t\t<\/div>\n\t\t\t\t<div class=\"elementor-element elementor-element-0273f19 elementor-widget elementor-widget-image\" data-id=\"0273f19\" data-element_type=\"widget\" data-e-type=\"widget\" data-widget_type=\"image.default\">\n\t\t\t\t<div class=\"elementor-widget-container\">\n\t\t\t\t\t\t\t\t\t\t\t\t<figure class=\"wp-caption\">\n\t\t\t\t\t\t\t\t\t\t<img loading=\"lazy\" decoding=\"async\" width=\"768\" height=\"511\" src=\"https:\/\/www.elturistatranquil.com\/wp-content\/uploads\/F17-Castillo-de-Penafiel-Valladolid.jpg\" class=\"attachment-large size-large wp-image-44162\" alt=\"Castillo de Pe\u00f1afiel, Valladolid\" srcset=\"https:\/\/www.elturistatranquil.com\/wp-content\/uploads\/F17-Castillo-de-Penafiel-Valladolid.jpg 768w, https:\/\/www.elturistatranquil.com\/wp-content\/uploads\/F17-Castillo-de-Penafiel-Valladolid-339x226.jpg 339w\" sizes=\"(max-width: 768px) 100vw, 768px\" \/>\t\t\t\t\t\t\t\t\t\t\t<figcaption class=\"widget-image-caption wp-caption-text\"><\/figcaption>\n\t\t\t\t\t\t\t\t\t\t<\/figure>\n\t\t\t\t\t\t\t\t\t<\/div>\n\t\t\t\t<\/div>\n\t\t\t\t<div class=\"elementor-element elementor-element-e9a22c0 elementor-widget elementor-widget-text-editor\" data-id=\"e9a22c0\" data-element_type=\"widget\" data-e-type=\"widget\" data-widget_type=\"text-editor.default\">\n\t\t\t\t<div class=\"elementor-widget-container\">\n\t\t\t\t\t\t\t\t\t<p>Avan\u00e7ant una perspectiva des de la torre de l&#8217;homenatge es pot veure la forma constructiva d&#8217;ambd\u00f3s tipus de cubs. Tots dos tipus s\u00f3n cubs massissos, excepte les torres dels extrems.<\/p><p>Als cubs grans (<strong>9<\/strong>) s&#8217;observa que es tracta d&#8217;un fals matac\u00e0, ja que no t\u00e9 obertura cap a la part baixa; la pres\u00e8ncia de troneres permetria allotjar armes de foc, cosa que no permeten els cubs petits (<strong>10<\/strong>).<\/p>\t\t\t\t\t\t\t\t<\/div>\n\t\t\t\t<\/div>\n\t\t\t\t<div class=\"elementor-element elementor-element-09355ed elementor-widget elementor-widget-image\" data-id=\"09355ed\" data-element_type=\"widget\" data-e-type=\"widget\" data-widget_type=\"image.default\">\n\t\t\t\t<div class=\"elementor-widget-container\">\n\t\t\t\t\t\t\t\t\t\t\t\t<figure class=\"wp-caption\">\n\t\t\t\t\t\t\t\t\t\t<img loading=\"lazy\" decoding=\"async\" width=\"768\" height=\"511\" src=\"https:\/\/www.elturistatranquil.com\/wp-content\/uploads\/F18-Castillo-de-Penafiel-Valladolid.jpg\" class=\"attachment-large size-large wp-image-44164\" alt=\"Castillo de Pe\u00f1afiel, Valladolid\" srcset=\"https:\/\/www.elturistatranquil.com\/wp-content\/uploads\/F18-Castillo-de-Penafiel-Valladolid.jpg 768w, https:\/\/www.elturistatranquil.com\/wp-content\/uploads\/F18-Castillo-de-Penafiel-Valladolid-339x226.jpg 339w\" sizes=\"(max-width: 768px) 100vw, 768px\" \/>\t\t\t\t\t\t\t\t\t\t\t<figcaption class=\"widget-image-caption wp-caption-text\"><\/figcaption>\n\t\t\t\t\t\t\t\t\t\t<\/figure>\n\t\t\t\t\t\t\t\t\t<\/div>\n\t\t\t\t<\/div>\n\t\t\t\t<div class=\"elementor-element elementor-element-38c2626 elementor-widget elementor-widget-image\" data-id=\"38c2626\" data-element_type=\"widget\" data-e-type=\"widget\" data-widget_type=\"image.default\">\n\t\t\t\t<div class=\"elementor-widget-container\">\n\t\t\t\t\t\t\t\t\t\t\t\t<figure class=\"wp-caption\">\n\t\t\t\t\t\t\t\t\t\t<img loading=\"lazy\" decoding=\"async\" width=\"768\" height=\"512\" src=\"https:\/\/www.elturistatranquil.com\/wp-content\/uploads\/F19-Castillo-de-Penafiel-Valladolid.jpg\" class=\"attachment-large size-large wp-image-44166\" alt=\"Castillo de Pe\u00f1afiel, Valladolid\" srcset=\"https:\/\/www.elturistatranquil.com\/wp-content\/uploads\/F19-Castillo-de-Penafiel-Valladolid.jpg 768w, https:\/\/www.elturistatranquil.com\/wp-content\/uploads\/F19-Castillo-de-Penafiel-Valladolid-339x226.jpg 339w\" sizes=\"(max-width: 768px) 100vw, 768px\" \/>\t\t\t\t\t\t\t\t\t\t\t<figcaption class=\"widget-image-caption wp-caption-text\"><\/figcaption>\n\t\t\t\t\t\t\t\t\t\t<\/figure>\n\t\t\t\t\t\t\t\t\t<\/div>\n\t\t\t\t<\/div>\n\t\t\t\t<div class=\"elementor-element elementor-element-7f5b945 elementor-widget elementor-widget-text-editor\" data-id=\"7f5b945\" data-element_type=\"widget\" data-e-type=\"widget\" data-widget_type=\"text-editor.default\">\n\t\t\t\t<div class=\"elementor-widget-container\">\n\t\t\t\t\t\t\t\t\t<p>L&#8217;extrem sud, la \u201cpopa del vaixell\u201d, forma una estreta franja on s&#8217;insereix una gran torrassa central (<strong>4<\/strong>) i dues cantoneres del tipus petit.<\/p>\t\t\t\t\t\t\t\t<\/div>\n\t\t\t\t<\/div>\n\t\t\t\t<div class=\"elementor-element elementor-element-ebc0665 elementor-widget elementor-widget-image\" data-id=\"ebc0665\" data-element_type=\"widget\" data-e-type=\"widget\" data-widget_type=\"image.default\">\n\t\t\t\t<div class=\"elementor-widget-container\">\n\t\t\t\t\t\t\t\t\t\t\t\t<figure class=\"wp-caption\">\n\t\t\t\t\t\t\t\t\t\t<img loading=\"lazy\" decoding=\"async\" width=\"768\" height=\"512\" src=\"https:\/\/www.elturistatranquil.com\/wp-content\/uploads\/F20-Castillo-de-Penafiel-Valladolid.jpg\" class=\"attachment-large size-large wp-image-44168\" alt=\"Castillo de Pe\u00f1afiel, Valladolid\" srcset=\"https:\/\/www.elturistatranquil.com\/wp-content\/uploads\/F20-Castillo-de-Penafiel-Valladolid.jpg 768w, https:\/\/www.elturistatranquil.com\/wp-content\/uploads\/F20-Castillo-de-Penafiel-Valladolid-339x226.jpg 339w\" sizes=\"(max-width: 768px) 100vw, 768px\" \/>\t\t\t\t\t\t\t\t\t\t\t<figcaption class=\"widget-image-caption wp-caption-text\"><\/figcaption>\n\t\t\t\t\t\t\t\t\t\t<\/figure>\n\t\t\t\t\t\t\t\t\t<\/div>\n\t\t\t\t<\/div>\n\t\t\t\t<div class=\"elementor-element elementor-element-e4b72a9 elementor-widget elementor-widget-image\" data-id=\"e4b72a9\" data-element_type=\"widget\" data-e-type=\"widget\" data-widget_type=\"image.default\">\n\t\t\t\t<div class=\"elementor-widget-container\">\n\t\t\t\t\t\t\t\t\t\t\t\t<figure class=\"wp-caption\">\n\t\t\t\t\t\t\t\t\t\t<img loading=\"lazy\" decoding=\"async\" width=\"768\" height=\"563\" src=\"https:\/\/www.elturistatranquil.com\/wp-content\/uploads\/F21-Castillo-de-Penafiel-Valladolid.jpg\" class=\"attachment-large size-large wp-image-44173\" alt=\"Castillo de Pe\u00f1afiel, Valladolid\" srcset=\"https:\/\/www.elturistatranquil.com\/wp-content\/uploads\/F21-Castillo-de-Penafiel-Valladolid.jpg 768w, https:\/\/www.elturistatranquil.com\/wp-content\/uploads\/F21-Castillo-de-Penafiel-Valladolid-308x226.jpg 308w\" sizes=\"(max-width: 768px) 100vw, 768px\" \/>\t\t\t\t\t\t\t\t\t\t\t<figcaption class=\"widget-image-caption wp-caption-text\"><\/figcaption>\n\t\t\t\t\t\t\t\t\t\t<\/figure>\n\t\t\t\t\t\t\t\t\t<\/div>\n\t\t\t\t<\/div>\n\t\t\t\t<div class=\"elementor-element elementor-element-bfa4e9c elementor-widget elementor-widget-image\" data-id=\"bfa4e9c\" data-element_type=\"widget\" data-e-type=\"widget\" data-widget_type=\"image.default\">\n\t\t\t\t<div class=\"elementor-widget-container\">\n\t\t\t\t\t\t\t\t\t\t\t\t<figure class=\"wp-caption\">\n\t\t\t\t\t\t\t\t\t\t<img loading=\"lazy\" decoding=\"async\" width=\"768\" height=\"512\" src=\"https:\/\/www.elturistatranquil.com\/wp-content\/uploads\/F22-Castillo-de-Penafiel-Valladolid.jpg\" class=\"attachment-large size-large wp-image-44175\" alt=\"Castillo de Pe\u00f1afiel, Valladolid\" srcset=\"https:\/\/www.elturistatranquil.com\/wp-content\/uploads\/F22-Castillo-de-Penafiel-Valladolid.jpg 768w, https:\/\/www.elturistatranquil.com\/wp-content\/uploads\/F22-Castillo-de-Penafiel-Valladolid-339x226.jpg 339w\" sizes=\"(max-width: 768px) 100vw, 768px\" \/>\t\t\t\t\t\t\t\t\t\t\t<figcaption class=\"widget-image-caption wp-caption-text\"><\/figcaption>\n\t\t\t\t\t\t\t\t\t\t<\/figure>\n\t\t\t\t\t\t\t\t\t<\/div>\n\t\t\t\t<\/div>\n\t\t\t\t<div class=\"elementor-element elementor-element-c2fd117 elementor-widget elementor-widget-text-editor\" data-id=\"c2fd117\" data-element_type=\"widget\" data-e-type=\"widget\" data-widget_type=\"text-editor.default\">\n\t\t\t\t<div class=\"elementor-widget-container\">\n\t\t\t\t\t\t\t\t\t<p>A la \u201cproa\u201d a l&#8217;extrem nord (<strong>5<\/strong>), una petita porta dif\u00edcil d&#8217;apreciar des de baix, fa la funci\u00f3 de poterna (<strong>8<\/strong>). Correspondria a la segona \u00fanica sortida a l&#8217;exterior del castell, ara tapiada.<\/p>\t\t\t\t\t\t\t\t<\/div>\n\t\t\t\t<\/div>\n\t\t\t\t<div class=\"elementor-element elementor-element-aca0c33 elementor-widget elementor-widget-image\" data-id=\"aca0c33\" data-element_type=\"widget\" data-e-type=\"widget\" data-widget_type=\"image.default\">\n\t\t\t\t<div class=\"elementor-widget-container\">\n\t\t\t\t\t\t\t\t\t\t\t\t<figure class=\"wp-caption\">\n\t\t\t\t\t\t\t\t\t\t<img loading=\"lazy\" decoding=\"async\" width=\"768\" height=\"510\" src=\"https:\/\/www.elturistatranquil.com\/wp-content\/uploads\/F23-Castillo-de-Penafiel-Valladolid.jpg\" class=\"attachment-large size-large wp-image-44177\" alt=\"Castillo de Pe\u00f1afiel, Valladolid\" srcset=\"https:\/\/www.elturistatranquil.com\/wp-content\/uploads\/F23-Castillo-de-Penafiel-Valladolid.jpg 768w, https:\/\/www.elturistatranquil.com\/wp-content\/uploads\/F23-Castillo-de-Penafiel-Valladolid-339x226.jpg 339w\" sizes=\"(max-width: 768px) 100vw, 768px\" \/>\t\t\t\t\t\t\t\t\t\t\t<figcaption class=\"widget-image-caption wp-caption-text\"><\/figcaption>\n\t\t\t\t\t\t\t\t\t\t<\/figure>\n\t\t\t\t\t\t\t\t\t<\/div>\n\t\t\t\t<\/div>\n\t\t\t\t<div class=\"elementor-element elementor-element-1dc1a58 elementor-widget elementor-widget-heading\" data-id=\"1dc1a58\" data-element_type=\"widget\" data-e-type=\"widget\" data-widget_type=\"heading.default\">\n\t\t\t\t<div class=\"elementor-widget-container\">\n\t\t\t\t\t<h3 class=\"elementor-heading-title elementor-size-default\">L'interior del castell<\/h3>\t\t\t\t<\/div>\n\t\t\t\t<\/div>\n\t\t\t\t<div class=\"elementor-element elementor-element-0074f87 elementor-widget elementor-widget-text-editor\" data-id=\"0074f87\" data-element_type=\"widget\" data-e-type=\"widget\" data-widget_type=\"text-editor.default\">\n\t\t\t\t<div class=\"elementor-widget-container\">\n\t\t\t\t\t\t\t\t\t<p>La segona formaci\u00f3 de muralles que delimita el recinte interior de la fortalesa, est\u00e0 constitu\u00efda pels 28 cubs emmerletats de les dues dimensions diferents que hem observat amb anterioritat, i que s&#8217;intercalen equidistantment en el tancament prolongat, definint una successi\u00f3 de cortines tamb\u00e9 emmerletades i transitables a la seva cimera a trav\u00e9s d&#8217;un cam\u00ed de ronda.<\/p>\t\t\t\t\t\t\t\t<\/div>\n\t\t\t\t<\/div>\n\t\t\t\t<div class=\"elementor-element elementor-element-e294e61 elementor-widget elementor-widget-heading\" data-id=\"e294e61\" data-element_type=\"widget\" data-e-type=\"widget\" data-widget_type=\"heading.default\">\n\t\t\t\t<div class=\"elementor-widget-container\">\n\t\t\t\t\t<h4 class=\"elementor-heading-title elementor-size-default\">Entrada al castell i a la torre de l\u00b4homenatge<\/h4>\t\t\t\t<\/div>\n\t\t\t\t<\/div>\n\t\t\t\t<div class=\"elementor-element elementor-element-a48df54 elementor-widget elementor-widget-text-editor\" data-id=\"a48df54\" data-element_type=\"widget\" data-e-type=\"widget\" data-widget_type=\"text-editor.default\">\n\t\t\t\t<div class=\"elementor-widget-container\">\n\t\t\t\t\t\t\t\t\t<p>Passada la porta d\u00b4entrada (<strong>7<\/strong>) i pujades les escales d\u00b4acc\u00e9s, una lli\u00e7a d\u00b4uns 6 metres d\u00b4ample envolta tot el per\u00edmetre de la muralla interior. S&#8217;han de rec\u00f3rrer uns 25 metres en direcci\u00f3 nord fins a assolir la porta d&#8217;acc\u00e9s (<strong>11<\/strong>) a l&#8217;interior de la fortalesa. Una porta d&#8217;arc escarser amb dovelles, flanquejada amb dues torrasses de defensa i les m\u00e8nsules d&#8217;un matac\u00e0 sobre ella.<\/p>\t\t\t\t\t\t\t\t<\/div>\n\t\t\t\t<\/div>\n\t\t\t\t<div class=\"elementor-element elementor-element-dbbe420 elementor-widget elementor-widget-image\" data-id=\"dbbe420\" data-element_type=\"widget\" data-e-type=\"widget\" data-widget_type=\"image.default\">\n\t\t\t\t<div class=\"elementor-widget-container\">\n\t\t\t\t\t\t\t\t\t\t\t\t<figure class=\"wp-caption\">\n\t\t\t\t\t\t\t\t\t\t<img loading=\"lazy\" decoding=\"async\" width=\"768\" height=\"512\" src=\"https:\/\/www.elturistatranquil.com\/wp-content\/uploads\/F24-Castillo-de-Penafiel-Valladolid.jpg\" class=\"attachment-large size-large wp-image-44179\" alt=\"Castillo de Pe\u00f1afiel, Valladolid\" srcset=\"https:\/\/www.elturistatranquil.com\/wp-content\/uploads\/F24-Castillo-de-Penafiel-Valladolid.jpg 768w, https:\/\/www.elturistatranquil.com\/wp-content\/uploads\/F24-Castillo-de-Penafiel-Valladolid-339x226.jpg 339w\" sizes=\"(max-width: 768px) 100vw, 768px\" \/>\t\t\t\t\t\t\t\t\t\t\t<figcaption class=\"widget-image-caption wp-caption-text\"><\/figcaption>\n\t\t\t\t\t\t\t\t\t\t<\/figure>\n\t\t\t\t\t\t\t\t\t<\/div>\n\t\t\t\t<\/div>\n\t\t\t\t<div class=\"elementor-element elementor-element-dd50119 elementor-widget elementor-widget-image\" data-id=\"dd50119\" data-element_type=\"widget\" data-e-type=\"widget\" data-widget_type=\"image.default\">\n\t\t\t\t<div class=\"elementor-widget-container\">\n\t\t\t\t\t\t\t\t\t\t\t\t<figure class=\"wp-caption\">\n\t\t\t\t\t\t\t\t\t\t<img loading=\"lazy\" decoding=\"async\" width=\"768\" height=\"511\" src=\"https:\/\/www.elturistatranquil.com\/wp-content\/uploads\/F25-Castillo-de-Penafiel-Valladolid.jpg\" class=\"attachment-large size-large wp-image-44184\" alt=\"Castillo de Pe\u00f1afiel, Valladolid\" srcset=\"https:\/\/www.elturistatranquil.com\/wp-content\/uploads\/F25-Castillo-de-Penafiel-Valladolid.jpg 768w, https:\/\/www.elturistatranquil.com\/wp-content\/uploads\/F25-Castillo-de-Penafiel-Valladolid-339x226.jpg 339w\" sizes=\"(max-width: 768px) 100vw, 768px\" \/>\t\t\t\t\t\t\t\t\t\t\t<figcaption class=\"widget-image-caption wp-caption-text\"><\/figcaption>\n\t\t\t\t\t\t\t\t\t\t<\/figure>\n\t\t\t\t\t\t\t\t\t<\/div>\n\t\t\t\t<\/div>\n\t\t\t\t<div class=\"elementor-element elementor-element-1373003 elementor-widget elementor-widget-text-editor\" data-id=\"1373003\" data-element_type=\"widget\" data-e-type=\"widget\" data-widget_type=\"text-editor.default\">\n\t\t\t\t<div class=\"elementor-widget-container\">\n\t\t\t\t\t\t\t\t\t<p>Si recorr\u00edem la lli\u00e7a, m\u00e9s al nord, i passat el mur defensiu (<strong>12<\/strong>) de la torre de l&#8217;homenatge al costat de llevant, un portell (<strong>13<\/strong>) permetia accedir a l&#8217;interior del costat nord. Per la seva banda, al l\u00edmit de la \u201cproa\u201d, des de la lli\u00e7a s&#8217;obria una poterna (<strong>8<\/strong>), ara tapiada.<\/p><p>El recinte interior est\u00e0 dividit longitudinalment en tres parts. Al centre, adossat a la muralla de ponent, el recinte fortificat de la torre de l&#8217;homenatge (<strong>1<\/strong>), que delimita dos grans espais, un a cada costat. El costat sud (<strong>2<\/strong>), a qu\u00e8 s&#8217;accedeix per la portada d&#8217;acc\u00e9s, donava pas a l&#8217;entrada a la fortificaci\u00f3 de la torre de l&#8217;homenatge (<strong>14<\/strong>) i a un espai rectangular fins a l&#8217;extrem sud (<strong>2<\/strong>), que era el destinat a les cavallerisses i guarnicions.<\/p><p>Per la seva banda, el costat nord (<strong>3<\/strong>) forma un \u00e0mbit triangular m\u00e9s protegit. S&#8217;hi arriba a trav\u00e9s del pati interior de la fortificaci\u00f3 de la torre (<strong>15<\/strong>), envoltant-la exteriorment pel costat de llevant, fins a assolir l\u2019espai triangular (<strong>3<\/strong>) on s&#8217;ubicaven els aljubs (<strong>17<\/strong>) i magatzems (<strong>16<\/strong>). Un portell (<strong>13<\/strong>) permetia accedir directament a aquesta zona des de la lli\u00e7a.<\/p>\t\t\t\t\t\t\t\t<\/div>\n\t\t\t\t<\/div>\n\t\t\t\t<div class=\"elementor-element elementor-element-74fd47f elementor-widget elementor-widget-image\" data-id=\"74fd47f\" data-element_type=\"widget\" data-e-type=\"widget\" data-widget_type=\"image.default\">\n\t\t\t\t<div class=\"elementor-widget-container\">\n\t\t\t\t\t\t\t\t\t\t\t\t<figure class=\"wp-caption\">\n\t\t\t\t\t\t\t\t\t\t<img loading=\"lazy\" decoding=\"async\" width=\"768\" height=\"511\" src=\"https:\/\/www.elturistatranquil.com\/wp-content\/uploads\/F26-Castillo-de-Penafiel-Valladolid.jpg\" class=\"attachment-large size-large wp-image-44186\" alt=\"Castillo de Pe\u00f1afiel, Valladolid\" srcset=\"https:\/\/www.elturistatranquil.com\/wp-content\/uploads\/F26-Castillo-de-Penafiel-Valladolid.jpg 768w, https:\/\/www.elturistatranquil.com\/wp-content\/uploads\/F26-Castillo-de-Penafiel-Valladolid-339x226.jpg 339w\" sizes=\"(max-width: 768px) 100vw, 768px\" \/>\t\t\t\t\t\t\t\t\t\t\t<figcaption class=\"widget-image-caption wp-caption-text\"><\/figcaption>\n\t\t\t\t\t\t\t\t\t\t<\/figure>\n\t\t\t\t\t\t\t\t\t<\/div>\n\t\t\t\t<\/div>\n\t\t\t\t<div class=\"elementor-element elementor-element-3d1a0f4 elementor-widget elementor-widget-text-editor\" data-id=\"3d1a0f4\" data-element_type=\"widget\" data-e-type=\"widget\" data-widget_type=\"text-editor.default\">\n\t\t\t\t<div class=\"elementor-widget-container\">\n\t\t\t\t\t\t\t\t\t<p>La porta (<strong>14<\/strong>) per la qual s&#8217;entra a la zona sud queda tancada per un gruixut mur de carreuat amb una porta d&#8217;arc de mig punt amb dovelles i un fossat sec, que s&#8217;havia de passar a trav\u00e9s d&#8217;un pont llevad\u00eds, per entrar al pati de la torre de l&#8217;homenatge (<strong>15<\/strong>).<\/p><p>S&#8217;aconseguia, aix\u00ed, que la torre de l&#8217;homenatge constitu\u00eds un segon recinte fortificat independent dins l&#8217;altre. Nom\u00e9s des d\u00b4aquest pati es podia accedir al cam\u00ed de ronda per una escala de pedra i, des del cam\u00ed de ronda a l\u00b4interior de la torre de l\u00b4homenatge.<\/p>\t\t\t\t\t\t\t\t<\/div>\n\t\t\t\t<\/div>\n\t\t\t\t<div class=\"elementor-element elementor-element-7cda087 elementor-widget elementor-widget-image\" data-id=\"7cda087\" data-element_type=\"widget\" data-e-type=\"widget\" data-widget_type=\"image.default\">\n\t\t\t\t<div class=\"elementor-widget-container\">\n\t\t\t\t\t\t\t\t\t\t\t\t<figure class=\"wp-caption\">\n\t\t\t\t\t\t\t\t\t\t<img loading=\"lazy\" decoding=\"async\" width=\"768\" height=\"511\" src=\"https:\/\/www.elturistatranquil.com\/wp-content\/uploads\/F27-Castillo-de-Penafiel-Valladolid.jpg\" class=\"attachment-large size-large wp-image-44188\" alt=\"Castillo de Pe\u00f1afiel, Valladolid\" srcset=\"https:\/\/www.elturistatranquil.com\/wp-content\/uploads\/F27-Castillo-de-Penafiel-Valladolid.jpg 768w, https:\/\/www.elturistatranquil.com\/wp-content\/uploads\/F27-Castillo-de-Penafiel-Valladolid-339x226.jpg 339w\" sizes=\"(max-width: 768px) 100vw, 768px\" \/>\t\t\t\t\t\t\t\t\t\t\t<figcaption class=\"widget-image-caption wp-caption-text\"><\/figcaption>\n\t\t\t\t\t\t\t\t\t\t<\/figure>\n\t\t\t\t\t\t\t\t\t<\/div>\n\t\t\t\t<\/div>\n\t\t\t\t<div class=\"elementor-element elementor-element-ef7900c elementor-widget elementor-widget-image\" data-id=\"ef7900c\" data-element_type=\"widget\" data-e-type=\"widget\" data-widget_type=\"image.default\">\n\t\t\t\t<div class=\"elementor-widget-container\">\n\t\t\t\t\t\t\t\t\t\t\t\t<figure class=\"wp-caption\">\n\t\t\t\t\t\t\t\t\t\t<img loading=\"lazy\" decoding=\"async\" width=\"768\" height=\"511\" src=\"https:\/\/www.elturistatranquil.com\/wp-content\/uploads\/F28-Castillo-de-Penafiel-Valladolid.jpg\" class=\"attachment-large size-large wp-image-44190\" alt=\"Castillo de Pe\u00f1afiel, Valladolid\" srcset=\"https:\/\/www.elturistatranquil.com\/wp-content\/uploads\/F28-Castillo-de-Penafiel-Valladolid.jpg 768w, https:\/\/www.elturistatranquil.com\/wp-content\/uploads\/F28-Castillo-de-Penafiel-Valladolid-339x226.jpg 339w\" sizes=\"(max-width: 768px) 100vw, 768px\" \/>\t\t\t\t\t\t\t\t\t\t\t<figcaption class=\"widget-image-caption wp-caption-text\"><\/figcaption>\n\t\t\t\t\t\t\t\t\t\t<\/figure>\n\t\t\t\t\t\t\t\t\t<\/div>\n\t\t\t\t<\/div>\n\t\t\t\t<div class=\"elementor-element elementor-element-ac3de68 elementor-widget elementor-widget-text-editor\" data-id=\"ac3de68\" data-element_type=\"widget\" data-e-type=\"widget\" data-widget_type=\"text-editor.default\">\n\t\t\t\t<div class=\"elementor-widget-container\">\n\t\t\t\t\t\t\t\t\t<p>La porta del pont llevad\u00eds tamb\u00e9 estava protegida per un matac\u00e0 del qual, com a les dues portes anteriors, nom\u00e9s queden les m\u00e8nsules.<\/p>\t\t\t\t\t\t\t\t<\/div>\n\t\t\t\t<\/div>\n\t\t\t\t<div class=\"elementor-element elementor-element-a0e9fe6 elementor-widget elementor-widget-image\" data-id=\"a0e9fe6\" data-element_type=\"widget\" data-e-type=\"widget\" data-widget_type=\"image.default\">\n\t\t\t\t<div class=\"elementor-widget-container\">\n\t\t\t\t\t\t\t\t\t\t\t\t<figure class=\"wp-caption\">\n\t\t\t\t\t\t\t\t\t\t<img loading=\"lazy\" decoding=\"async\" width=\"380\" height=\"570\" src=\"https:\/\/www.elturistatranquil.com\/wp-content\/uploads\/F29-Castillo-de-Penafiel-Valladolid.jpg\" class=\"attachment-large size-large wp-image-44192\" alt=\"Castillo de Pe\u00f1afiel, Valladolid\" srcset=\"https:\/\/www.elturistatranquil.com\/wp-content\/uploads\/F29-Castillo-de-Penafiel-Valladolid.jpg 380w, https:\/\/www.elturistatranquil.com\/wp-content\/uploads\/F29-Castillo-de-Penafiel-Valladolid-151x226.jpg 151w\" sizes=\"(max-width: 380px) 100vw, 380px\" \/>\t\t\t\t\t\t\t\t\t\t\t<figcaption class=\"widget-image-caption wp-caption-text\"><\/figcaption>\n\t\t\t\t\t\t\t\t\t\t<\/figure>\n\t\t\t\t\t\t\t\t\t<\/div>\n\t\t\t\t<\/div>\n\t\t\t\t<div class=\"elementor-element elementor-element-80c433a elementor-widget elementor-widget-text-editor\" data-id=\"80c433a\" data-element_type=\"widget\" data-e-type=\"widget\" data-widget_type=\"text-editor.default\">\n\t\t\t\t<div class=\"elementor-widget-container\">\n\t\t\t\t\t\t\t\t\t<p>El fossat, tamb\u00e9 de carreuat, amb escarpa i contraescarpa.<\/p>\t\t\t\t\t\t\t\t<\/div>\n\t\t\t\t<\/div>\n\t\t\t\t<div class=\"elementor-element elementor-element-931cda0 elementor-widget elementor-widget-image\" data-id=\"931cda0\" data-element_type=\"widget\" data-e-type=\"widget\" data-widget_type=\"image.default\">\n\t\t\t\t<div class=\"elementor-widget-container\">\n\t\t\t\t\t\t\t\t\t\t\t\t<figure class=\"wp-caption\">\n\t\t\t\t\t\t\t\t\t\t<img loading=\"lazy\" decoding=\"async\" width=\"768\" height=\"511\" src=\"https:\/\/www.elturistatranquil.com\/wp-content\/uploads\/F30-Castillo-de-Penafiel-Valladolid.jpg\" class=\"attachment-large size-large wp-image-44194\" alt=\"Castillo de Pe\u00f1afiel, Valladolid\" srcset=\"https:\/\/www.elturistatranquil.com\/wp-content\/uploads\/F30-Castillo-de-Penafiel-Valladolid.jpg 768w, https:\/\/www.elturistatranquil.com\/wp-content\/uploads\/F30-Castillo-de-Penafiel-Valladolid-339x226.jpg 339w\" sizes=\"(max-width: 768px) 100vw, 768px\" \/>\t\t\t\t\t\t\t\t\t\t\t<figcaption class=\"widget-image-caption wp-caption-text\"><\/figcaption>\n\t\t\t\t\t\t\t\t\t\t<\/figure>\n\t\t\t\t\t\t\t\t\t<\/div>\n\t\t\t\t<\/div>\n\t\t\t\t<div class=\"elementor-element elementor-element-e7614fb elementor-widget elementor-widget-image\" data-id=\"e7614fb\" data-element_type=\"widget\" data-e-type=\"widget\" data-widget_type=\"image.default\">\n\t\t\t\t<div class=\"elementor-widget-container\">\n\t\t\t\t\t\t\t\t\t\t\t\t<figure class=\"wp-caption\">\n\t\t\t\t\t\t\t\t\t\t<img loading=\"lazy\" decoding=\"async\" width=\"768\" height=\"511\" src=\"https:\/\/www.elturistatranquil.com\/wp-content\/uploads\/F31-Castillo-de-Penafiel-Valladolid.jpg\" class=\"attachment-large size-large wp-image-44199\" alt=\"Castillo de Pe\u00f1afiel, Valladolid\" srcset=\"https:\/\/www.elturistatranquil.com\/wp-content\/uploads\/F31-Castillo-de-Penafiel-Valladolid.jpg 768w, https:\/\/www.elturistatranquil.com\/wp-content\/uploads\/F31-Castillo-de-Penafiel-Valladolid-339x226.jpg 339w\" sizes=\"(max-width: 768px) 100vw, 768px\" \/>\t\t\t\t\t\t\t\t\t\t\t<figcaption class=\"widget-image-caption wp-caption-text\"><\/figcaption>\n\t\t\t\t\t\t\t\t\t\t<\/figure>\n\t\t\t\t\t\t\t\t\t<\/div>\n\t\t\t\t<\/div>\n\t\t\t\t<div class=\"elementor-element elementor-element-4d5bc18 elementor-widget elementor-widget-text-editor\" data-id=\"4d5bc18\" data-element_type=\"widget\" data-e-type=\"widget\" data-widget_type=\"text-editor.default\">\n\t\t\t\t<div class=\"elementor-widget-container\">\n\t\t\t\t\t\t\t\t\t<p>Per darrere s&#8217;enlaira la torre de l&#8217;homenatge, amb l\u2019\u00fanica porta d&#8217;entrada pel segon nivell.<\/p>\t\t\t\t\t\t\t\t<\/div>\n\t\t\t\t<\/div>\n\t\t\t\t<div class=\"elementor-element elementor-element-97c08aa elementor-widget elementor-widget-image\" data-id=\"97c08aa\" data-element_type=\"widget\" data-e-type=\"widget\" data-widget_type=\"image.default\">\n\t\t\t\t<div class=\"elementor-widget-container\">\n\t\t\t\t\t\t\t\t\t\t\t\t<figure class=\"wp-caption\">\n\t\t\t\t\t\t\t\t\t\t<img loading=\"lazy\" decoding=\"async\" width=\"768\" height=\"576\" src=\"https:\/\/www.elturistatranquil.com\/wp-content\/uploads\/F32-Castillo-de-Penafiel-Valladolid.jpg\" class=\"attachment-large size-large wp-image-44201\" alt=\"Castillo de Pe\u00f1afiel, Valladolid\" srcset=\"https:\/\/www.elturistatranquil.com\/wp-content\/uploads\/F32-Castillo-de-Penafiel-Valladolid.jpg 768w, https:\/\/www.elturistatranquil.com\/wp-content\/uploads\/F32-Castillo-de-Penafiel-Valladolid-301x226.jpg 301w\" sizes=\"(max-width: 768px) 100vw, 768px\" \/>\t\t\t\t\t\t\t\t\t\t\t<figcaption class=\"widget-image-caption wp-caption-text\"><\/figcaption>\n\t\t\t\t\t\t\t\t\t\t<\/figure>\n\t\t\t\t\t\t\t\t\t<\/div>\n\t\t\t\t<\/div>\n\t\t\t\t<div class=\"elementor-element elementor-element-9897490 elementor-widget elementor-widget-heading\" data-id=\"9897490\" data-element_type=\"widget\" data-e-type=\"widget\" data-widget_type=\"heading.default\">\n\t\t\t\t<div class=\"elementor-widget-container\">\n\t\t\t\t\t<h4 class=\"elementor-heading-title elementor-size-default\">Costat sud \u2013 terrassa del Museu<\/h4>\t\t\t\t<\/div>\n\t\t\t\t<\/div>\n\t\t\t\t<div class=\"elementor-element elementor-element-2e344d6 elementor-widget elementor-widget-text-editor\" data-id=\"2e344d6\" data-element_type=\"widget\" data-e-type=\"widget\" data-widget_type=\"text-editor.default\">\n\t\t\t\t<div class=\"elementor-widget-container\">\n\t\t\t\t\t\t\t\t\t<p>La zona sud (<strong>2<\/strong>) que s&#8217;est\u00e9n a l&#8217;esquerra de l&#8217;entrada al recinte, davant de la porta d&#8217;acc\u00e9s a la torre de l&#8217;homenatge, era la m\u00e9s accessible des de l&#8217;exterior i, per aix\u00f2, estava destinada a cavallerisses i guarnicions.<\/p><p>En aquesta part de la muralla se situen 14 tambors, 1 cub major a l&#8217;extrem, 4 cubs grans i 9 cubs petits, dos cantoners al costat sud.<\/p><p>D&#8217;aquesta banda sud no en queda cap edificaci\u00f3, nom\u00e9s els murs interiors de la muralla, deixant un espai rectangular (2) lleugerament corbat d&#8217;uns 70 per 12 metres.<\/p><p>Amb la darrera reforma es va decidir destinar aquest gran espai rectangular a ubicar el <strong>Museu Provincial del Vi de Valladolid<\/strong>, inaugurat el 1999.<\/p><p>Es va deixar un vest\u00edbul descobert (<strong>14<\/strong>) que fa les funcions de zona de recepci\u00f3 i d\u2019inici dels recorreguts de la visita al castell i al museu.<\/p>\t\t\t\t\t\t\t\t<\/div>\n\t\t\t\t<\/div>\n\t\t\t\t<div class=\"elementor-element elementor-element-7b88136 elementor-widget elementor-widget-image\" data-id=\"7b88136\" data-element_type=\"widget\" data-e-type=\"widget\" data-widget_type=\"image.default\">\n\t\t\t\t<div class=\"elementor-widget-container\">\n\t\t\t\t\t\t\t\t\t\t\t\t<figure class=\"wp-caption\">\n\t\t\t\t\t\t\t\t\t\t<img loading=\"lazy\" decoding=\"async\" width=\"768\" height=\"512\" src=\"https:\/\/www.elturistatranquil.com\/wp-content\/uploads\/F33-Castillo-de-Penafiel-Valladolid.jpg\" class=\"attachment-large size-large wp-image-44203\" alt=\"Castillo de Pe\u00f1afiel, Valladolid\" srcset=\"https:\/\/www.elturistatranquil.com\/wp-content\/uploads\/F33-Castillo-de-Penafiel-Valladolid.jpg 768w, https:\/\/www.elturistatranquil.com\/wp-content\/uploads\/F33-Castillo-de-Penafiel-Valladolid-339x226.jpg 339w\" sizes=\"(max-width: 768px) 100vw, 768px\" \/>\t\t\t\t\t\t\t\t\t\t\t<figcaption class=\"widget-image-caption wp-caption-text\"><\/figcaption>\n\t\t\t\t\t\t\t\t\t\t<\/figure>\n\t\t\t\t\t\t\t\t\t<\/div>\n\t\t\t\t<\/div>\n\t\t\t\t<div class=\"elementor-element elementor-element-4cc5f57 elementor-widget elementor-widget-text-editor\" data-id=\"4cc5f57\" data-element_type=\"widget\" data-e-type=\"widget\" data-widget_type=\"text-editor.default\">\n\t\t\t\t<div class=\"elementor-widget-container\">\n\t\t\t\t\t\t\t\t\t<p>L&#8217;edifici del museu del vi consisteix en un gran cub d&#8217;estructura exempta, que deixa visibles tots els murs interiors del castell, com veurem en visitar el museu. El sostre del museu \u00e9s una gran terrassa transitable a l&#8217;al\u00e7ada del cam\u00ed de ronda.<\/p>\t\t\t\t\t\t\t\t<\/div>\n\t\t\t\t<\/div>\n\t\t\t\t<div class=\"elementor-element elementor-element-41edda3 elementor-widget elementor-widget-image\" data-id=\"41edda3\" data-element_type=\"widget\" data-e-type=\"widget\" data-widget_type=\"image.default\">\n\t\t\t\t<div class=\"elementor-widget-container\">\n\t\t\t\t\t\t\t\t\t\t\t\t<figure class=\"wp-caption\">\n\t\t\t\t\t\t\t\t\t\t<img loading=\"lazy\" decoding=\"async\" width=\"768\" height=\"512\" src=\"https:\/\/www.elturistatranquil.com\/wp-content\/uploads\/F34-Castillo-de-Penafiel-Valladolid.jpg\" class=\"attachment-large size-large wp-image-44205\" alt=\"Castillo de Pe\u00f1afiel, Valladolid\" srcset=\"https:\/\/www.elturistatranquil.com\/wp-content\/uploads\/F34-Castillo-de-Penafiel-Valladolid.jpg 768w, https:\/\/www.elturistatranquil.com\/wp-content\/uploads\/F34-Castillo-de-Penafiel-Valladolid-339x226.jpg 339w\" sizes=\"(max-width: 768px) 100vw, 768px\" \/>\t\t\t\t\t\t\t\t\t\t\t<figcaption class=\"widget-image-caption wp-caption-text\"><\/figcaption>\n\t\t\t\t\t\t\t\t\t\t<\/figure>\n\t\t\t\t\t\t\t\t\t<\/div>\n\t\t\t\t<\/div>\n\t\t\t\t<div class=\"elementor-element elementor-element-3c7e085 elementor-widget elementor-widget-text-editor\" data-id=\"3c7e085\" data-element_type=\"widget\" data-e-type=\"widget\" data-widget_type=\"text-editor.default\">\n\t\t\t\t<div class=\"elementor-widget-container\">\n\t\t\t\t\t\t\t\t\t<p>Passat el pont del fossat, al pati s&#8217;enlaira una escala exterior de pedra, l&#8217;\u00fanica que porta fins al cam\u00ed de ronda, a la terrassa i l&#8217;entrada de la torre.<\/p><p>Passejar per la terrassa permet acostar-se a la part superior dels 11 cubs semicirculars de mida diferent, que refor\u00e7aven la muralla.<\/p>\t\t\t\t\t\t\t\t<\/div>\n\t\t\t\t<\/div>\n\t\t\t\t<div class=\"elementor-element elementor-element-a699d49 elementor-widget elementor-widget-image\" data-id=\"a699d49\" data-element_type=\"widget\" data-e-type=\"widget\" data-widget_type=\"image.default\">\n\t\t\t\t<div class=\"elementor-widget-container\">\n\t\t\t\t\t\t\t\t\t\t\t\t<figure class=\"wp-caption\">\n\t\t\t\t\t\t\t\t\t\t<img loading=\"lazy\" decoding=\"async\" width=\"768\" height=\"512\" src=\"https:\/\/www.elturistatranquil.com\/wp-content\/uploads\/F35-Castillo-de-Penafiel-Valladolid.jpg\" class=\"attachment-large size-large wp-image-44207\" alt=\"Castillo de Pe\u00f1afiel, Valladolid\" srcset=\"https:\/\/www.elturistatranquil.com\/wp-content\/uploads\/F35-Castillo-de-Penafiel-Valladolid.jpg 768w, https:\/\/www.elturistatranquil.com\/wp-content\/uploads\/F35-Castillo-de-Penafiel-Valladolid-339x226.jpg 339w\" sizes=\"(max-width: 768px) 100vw, 768px\" \/>\t\t\t\t\t\t\t\t\t\t\t<figcaption class=\"widget-image-caption wp-caption-text\"><\/figcaption>\n\t\t\t\t\t\t\t\t\t\t<\/figure>\n\t\t\t\t\t\t\t\t\t<\/div>\n\t\t\t\t<\/div>\n\t\t\t\t<div class=\"elementor-element elementor-element-27ee93a elementor-widget elementor-widget-image\" data-id=\"27ee93a\" data-element_type=\"widget\" data-e-type=\"widget\" data-widget_type=\"image.default\">\n\t\t\t\t<div class=\"elementor-widget-container\">\n\t\t\t\t\t\t\t\t\t\t\t\t<figure class=\"wp-caption\">\n\t\t\t\t\t\t\t\t\t\t<img loading=\"lazy\" decoding=\"async\" width=\"768\" height=\"511\" src=\"https:\/\/www.elturistatranquil.com\/wp-content\/uploads\/F36-Castillo-de-Penafiel-Valladolid.jpg\" class=\"attachment-large size-large wp-image-44212\" alt=\"Castillo de Pe\u00f1afiel, Valladolid\" srcset=\"https:\/\/www.elturistatranquil.com\/wp-content\/uploads\/F36-Castillo-de-Penafiel-Valladolid.jpg 768w, https:\/\/www.elturistatranquil.com\/wp-content\/uploads\/F36-Castillo-de-Penafiel-Valladolid-339x226.jpg 339w\" sizes=\"(max-width: 768px) 100vw, 768px\" \/>\t\t\t\t\t\t\t\t\t\t\t<figcaption class=\"widget-image-caption wp-caption-text\"><\/figcaption>\n\t\t\t\t\t\t\t\t\t\t<\/figure>\n\t\t\t\t\t\t\t\t\t<\/div>\n\t\t\t\t<\/div>\n\t\t\t\t<div class=\"elementor-element elementor-element-f4c4864 elementor-widget elementor-widget-image\" data-id=\"f4c4864\" data-element_type=\"widget\" data-e-type=\"widget\" data-widget_type=\"image.default\">\n\t\t\t\t<div class=\"elementor-widget-container\">\n\t\t\t\t\t\t\t\t\t\t\t\t<figure class=\"wp-caption\">\n\t\t\t\t\t\t\t\t\t\t<img loading=\"lazy\" decoding=\"async\" width=\"768\" height=\"511\" src=\"https:\/\/www.elturistatranquil.com\/wp-content\/uploads\/F37-Castillo-de-Penafiel-Valladolid.jpg\" class=\"attachment-large size-large wp-image-44214\" alt=\"Castillo de Pe\u00f1afiel, Valladolid\" srcset=\"https:\/\/www.elturistatranquil.com\/wp-content\/uploads\/F37-Castillo-de-Penafiel-Valladolid.jpg 768w, https:\/\/www.elturistatranquil.com\/wp-content\/uploads\/F37-Castillo-de-Penafiel-Valladolid-339x226.jpg 339w\" sizes=\"(max-width: 768px) 100vw, 768px\" \/>\t\t\t\t\t\t\t\t\t\t\t<figcaption class=\"widget-image-caption wp-caption-text\"><\/figcaption>\n\t\t\t\t\t\t\t\t\t\t<\/figure>\n\t\t\t\t\t\t\t\t\t<\/div>\n\t\t\t\t<\/div>\n\t\t\t\t<div class=\"elementor-element elementor-element-617fa79 elementor-widget elementor-widget-text-editor\" data-id=\"617fa79\" data-element_type=\"widget\" data-e-type=\"widget\" data-widget_type=\"text-editor.default\">\n\t\t\t\t<div class=\"elementor-widget-container\">\n\t\t\t\t\t\t\t\t\t<p>Crida l&#8217;atenci\u00f3, i no soc el primer a observar-ho, la difer\u00e8ncia de materials entre els carreus de pedra calc\u00e0ria i els de conglomerat.<\/p>\t\t\t\t\t\t\t\t<\/div>\n\t\t\t\t<\/div>\n\t\t\t\t<div class=\"elementor-element elementor-element-bfaec43 elementor-widget elementor-widget-image\" data-id=\"bfaec43\" data-element_type=\"widget\" data-e-type=\"widget\" data-widget_type=\"image.default\">\n\t\t\t\t<div class=\"elementor-widget-container\">\n\t\t\t\t\t\t\t\t\t\t\t\t<figure class=\"wp-caption\">\n\t\t\t\t\t\t\t\t\t\t<img loading=\"lazy\" decoding=\"async\" width=\"768\" height=\"511\" src=\"https:\/\/www.elturistatranquil.com\/wp-content\/uploads\/F38-Castillo-de-Penafiel-Valladolid-b.jpg\" class=\"attachment-large size-large wp-image-44400\" alt=\"Castillo de Pe\u00f1afiel, Valladolid b\" srcset=\"https:\/\/www.elturistatranquil.com\/wp-content\/uploads\/F38-Castillo-de-Penafiel-Valladolid-b.jpg 768w, https:\/\/www.elturistatranquil.com\/wp-content\/uploads\/F38-Castillo-de-Penafiel-Valladolid-b-339x226.jpg 339w\" sizes=\"(max-width: 768px) 100vw, 768px\" \/>\t\t\t\t\t\t\t\t\t\t\t<figcaption class=\"widget-image-caption wp-caption-text\"><\/figcaption>\n\t\t\t\t\t\t\t\t\t\t<\/figure>\n\t\t\t\t\t\t\t\t\t<\/div>\n\t\t\t\t<\/div>\n\t\t\t\t<div class=\"elementor-element elementor-element-c8589aa elementor-widget elementor-widget-text-editor\" data-id=\"c8589aa\" data-element_type=\"widget\" data-e-type=\"widget\" data-widget_type=\"text-editor.default\">\n\t\t\t\t<div class=\"elementor-widget-container\">\n\t\t\t\t\t\t\t\t\t<p>El cub m\u00e9s gran d&#8217;aquest costat (<strong>4<\/strong>), igual que el del costat oposat (<strong>5<\/strong>), contenen un recinte interior amb una escotilla al terra de la terrassa i acc\u00e9s a un nivell inferior. Aquests recintes podien fer-se servir com a masmorres.<\/p>\t\t\t\t\t\t\t\t<\/div>\n\t\t\t\t<\/div>\n\t\t\t\t<div class=\"elementor-element elementor-element-fe7fd4c elementor-widget elementor-widget-image\" data-id=\"fe7fd4c\" data-element_type=\"widget\" data-e-type=\"widget\" data-widget_type=\"image.default\">\n\t\t\t\t<div class=\"elementor-widget-container\">\n\t\t\t\t\t\t\t\t\t\t\t\t<figure class=\"wp-caption\">\n\t\t\t\t\t\t\t\t\t\t<img loading=\"lazy\" decoding=\"async\" width=\"768\" height=\"511\" src=\"https:\/\/www.elturistatranquil.com\/wp-content\/uploads\/F39-Castillo-de-Penafiel-Valladolid.jpg\" class=\"attachment-large size-large wp-image-44218\" alt=\"Castillo de Pe\u00f1afiel, Valladolid\" srcset=\"https:\/\/www.elturistatranquil.com\/wp-content\/uploads\/F39-Castillo-de-Penafiel-Valladolid.jpg 768w, https:\/\/www.elturistatranquil.com\/wp-content\/uploads\/F39-Castillo-de-Penafiel-Valladolid-339x226.jpg 339w\" sizes=\"(max-width: 768px) 100vw, 768px\" \/>\t\t\t\t\t\t\t\t\t\t\t<figcaption class=\"widget-image-caption wp-caption-text\"><\/figcaption>\n\t\t\t\t\t\t\t\t\t\t<\/figure>\n\t\t\t\t\t\t\t\t\t<\/div>\n\t\t\t\t<\/div>\n\t\t\t\t<div class=\"elementor-element elementor-element-916f105 elementor-widget elementor-widget-text-editor\" data-id=\"916f105\" data-element_type=\"widget\" data-e-type=\"widget\" data-widget_type=\"text-editor.default\">\n\t\t\t\t<div class=\"elementor-widget-container\">\n\t\t\t\t\t\t\t\t\t<p>Troneres i espitlleres de la part superior dels cubs i torres.<\/p>\t\t\t\t\t\t\t\t<\/div>\n\t\t\t\t<\/div>\n\t\t\t\t<section class=\"elementor-section elementor-inner-section elementor-element elementor-element-97b289c elementor-section-boxed elementor-section-height-default elementor-section-height-default\" data-id=\"97b289c\" data-element_type=\"section\" data-e-type=\"section\">\n\t\t\t\t\t\t<div class=\"elementor-container elementor-column-gap-default\">\n\t\t\t\t\t<div class=\"elementor-column elementor-col-50 elementor-inner-column elementor-element elementor-element-9f8d414\" data-id=\"9f8d414\" data-element_type=\"column\" data-e-type=\"column\">\n\t\t\t<div class=\"elementor-widget-wrap elementor-element-populated\">\n\t\t\t\t\t\t<div class=\"elementor-element elementor-element-b288f6d elementor-widget elementor-widget-image\" data-id=\"b288f6d\" data-element_type=\"widget\" data-e-type=\"widget\" data-widget_type=\"image.default\">\n\t\t\t\t<div class=\"elementor-widget-container\">\n\t\t\t\t\t\t\t\t\t\t\t\t\t\t\t<img loading=\"lazy\" decoding=\"async\" width=\"380\" height=\"380\" src=\"https:\/\/www.elturistatranquil.com\/wp-content\/uploads\/F40m-Castillo-de-Penafiel-Valladolid.jpg\" class=\"attachment-large size-large wp-image-44220\" alt=\"Castillo de Pe\u00f1afiel, Valladolid\" srcset=\"https:\/\/www.elturistatranquil.com\/wp-content\/uploads\/F40m-Castillo-de-Penafiel-Valladolid.jpg 380w, https:\/\/www.elturistatranquil.com\/wp-content\/uploads\/F40m-Castillo-de-Penafiel-Valladolid-226x226.jpg 226w\" sizes=\"(max-width: 380px) 100vw, 380px\" \/>\t\t\t\t\t\t\t\t\t\t\t\t\t\t\t<\/div>\n\t\t\t\t<\/div>\n\t\t\t\t\t<\/div>\n\t\t<\/div>\n\t\t\t\t<div class=\"elementor-column elementor-col-50 elementor-inner-column elementor-element elementor-element-943d0ad\" data-id=\"943d0ad\" data-element_type=\"column\" data-e-type=\"column\">\n\t\t\t<div class=\"elementor-widget-wrap elementor-element-populated\">\n\t\t\t\t\t\t<div class=\"elementor-element elementor-element-5359dd8 elementor-widget elementor-widget-image\" data-id=\"5359dd8\" data-element_type=\"widget\" data-e-type=\"widget\" data-widget_type=\"image.default\">\n\t\t\t\t<div class=\"elementor-widget-container\">\n\t\t\t\t\t\t\t\t\t\t\t\t\t\t\t<img loading=\"lazy\" decoding=\"async\" width=\"380\" height=\"380\" src=\"https:\/\/www.elturistatranquil.com\/wp-content\/uploads\/F40n-Castillo-de-Penafiel-Valladolid.jpg\" class=\"attachment-large size-large wp-image-44225\" alt=\"Castillo de Pe\u00f1afiel, Valladolid\" srcset=\"https:\/\/www.elturistatranquil.com\/wp-content\/uploads\/F40n-Castillo-de-Penafiel-Valladolid.jpg 380w, https:\/\/www.elturistatranquil.com\/wp-content\/uploads\/F40n-Castillo-de-Penafiel-Valladolid-226x226.jpg 226w\" sizes=\"(max-width: 380px) 100vw, 380px\" \/>\t\t\t\t\t\t\t\t\t\t\t\t\t\t\t<\/div>\n\t\t\t\t<\/div>\n\t\t\t\t\t<\/div>\n\t\t<\/div>\n\t\t\t\t\t<\/div>\n\t\t<\/section>\n\t\t\t\t<div class=\"elementor-element elementor-element-72cf680 elementor-widget elementor-widget-text-editor\" data-id=\"72cf680\" data-element_type=\"widget\" data-e-type=\"widget\" data-widget_type=\"text-editor.default\">\n\t\t\t\t<div class=\"elementor-widget-container\">\n\t\t\t\t\t\t\t\t\t<p>\u00a0<\/p><p>Des d\u00b4aqu\u00ed podem apreciar un dels elements significatius d\u00b4un castell de tur\u00f3: el domini visual sobre l\u00b4entorn. La Meseta Nord es fa present sense cap tipus d&#8217;elevaci\u00f3 que trenqui l&#8217;horitzontalitat de l&#8217;horitz\u00f3, i mai m\u00e9s b\u00e9 aplicada la redund\u00e0ncia.<\/p>\t\t\t\t\t\t\t\t<\/div>\n\t\t\t\t<\/div>\n\t\t\t\t<div class=\"elementor-element elementor-element-a73ad58 elementor-widget elementor-widget-image\" data-id=\"a73ad58\" data-element_type=\"widget\" data-e-type=\"widget\" data-widget_type=\"image.default\">\n\t\t\t\t<div class=\"elementor-widget-container\">\n\t\t\t\t\t\t\t\t\t\t\t\t<figure class=\"wp-caption\">\n\t\t\t\t\t\t\t\t\t\t<img loading=\"lazy\" decoding=\"async\" width=\"768\" height=\"512\" src=\"https:\/\/www.elturistatranquil.com\/wp-content\/uploads\/F41-Castillo-de-Penafiel-Valladolid.jpg\" class=\"attachment-large size-large wp-image-44227\" alt=\"Castillo de Pe\u00f1afiel, Valladolid\" srcset=\"https:\/\/www.elturistatranquil.com\/wp-content\/uploads\/F41-Castillo-de-Penafiel-Valladolid.jpg 768w, https:\/\/www.elturistatranquil.com\/wp-content\/uploads\/F41-Castillo-de-Penafiel-Valladolid-339x226.jpg 339w\" sizes=\"(max-width: 768px) 100vw, 768px\" \/>\t\t\t\t\t\t\t\t\t\t\t<figcaption class=\"widget-image-caption wp-caption-text\"><\/figcaption>\n\t\t\t\t\t\t\t\t\t\t<\/figure>\n\t\t\t\t\t\t\t\t\t<\/div>\n\t\t\t\t<\/div>\n\t\t\t\t<div class=\"elementor-element elementor-element-5d5fb7b elementor-widget elementor-widget-image\" data-id=\"5d5fb7b\" data-element_type=\"widget\" data-e-type=\"widget\" data-widget_type=\"image.default\">\n\t\t\t\t<div class=\"elementor-widget-container\">\n\t\t\t\t\t\t\t\t\t\t\t\t<figure class=\"wp-caption\">\n\t\t\t\t\t\t\t\t\t\t<img loading=\"lazy\" decoding=\"async\" width=\"768\" height=\"512\" src=\"https:\/\/www.elturistatranquil.com\/wp-content\/uploads\/F42-Castillo-de-Penafiel-Valladolid.jpg\" class=\"attachment-large size-large wp-image-44229\" alt=\"Castillo de Pe\u00f1afiel, Valladolid\" srcset=\"https:\/\/www.elturistatranquil.com\/wp-content\/uploads\/F42-Castillo-de-Penafiel-Valladolid.jpg 768w, https:\/\/www.elturistatranquil.com\/wp-content\/uploads\/F42-Castillo-de-Penafiel-Valladolid-339x226.jpg 339w\" sizes=\"(max-width: 768px) 100vw, 768px\" \/>\t\t\t\t\t\t\t\t\t\t\t<figcaption class=\"widget-image-caption wp-caption-text\"><\/figcaption>\n\t\t\t\t\t\t\t\t\t\t<\/figure>\n\t\t\t\t\t\t\t\t\t<\/div>\n\t\t\t\t<\/div>\n\t\t\t\t<div class=\"elementor-element elementor-element-efdb24d elementor-widget elementor-widget-heading\" data-id=\"efdb24d\" data-element_type=\"widget\" data-e-type=\"widget\" data-widget_type=\"heading.default\">\n\t\t\t\t<div class=\"elementor-widget-container\">\n\t\t\t\t\t<h3 class=\"elementor-heading-title elementor-size-default\">La torre de l'homenatge<\/h3>\t\t\t\t<\/div>\n\t\t\t\t<\/div>\n\t\t\t\t<div class=\"elementor-element elementor-element-f19bfac elementor-widget elementor-widget-text-editor\" data-id=\"f19bfac\" data-element_type=\"widget\" data-e-type=\"widget\" data-widget_type=\"text-editor.default\">\n\t\t\t\t<div class=\"elementor-widget-container\">\n\t\t\t\t\t\t\t\t\t<p>Seguint el cam\u00ed de ronda ens dirigim a l&#8217;entrada a la torre de l&#8217;homenatge per l&#8217;\u00fanic acc\u00e9s que existia quan es va construir la fortalesa a trav\u00e9s d&#8217;un portell a la planta interm\u00e8dia (<strong>18<\/strong>).<\/p><p>Assenyalem que als castells que es van construir a l&#8217;Edat Mitjana l&#8217;entrada a la torre de l&#8217;homenatge se situava estrat\u00e8gicament a un nivell superior, sense cap entrada arran de terra, usualment a trav\u00e9s del cam\u00ed de ronda. Va ser quan van perdre la funci\u00f3 militar que, per facilitar l&#8217;acc\u00e9s a la torre, es van obrir portes per la part inferior, com s&#8217;ha fet a Pe\u00f1afiel. (Veure, per exemple, el <a href=\"https:\/\/www.elturistatranquil.com\/ca\/castell-de-penarroya-ciudad-real\/#b5506\" target=\"_blank\" rel=\"noopener\">castell de Pe\u00f1arroya<\/a>).<\/p><p>Tot i que la seva planta no respon a l&#8217;arquetip de l&#8217;Escola de Valladolid, la torre de l&#8217;homenatge que separa els dos patis, s&#8217;ajusta a aquest model.<\/p><p>De planta rectangular, 14 per 20 metres de base, 35 metres d&#8217;al\u00e7ada i 3,5 metres de gruix,<\/p><p>L\u00b4interior est\u00e0 format per tres plantes; la interior i la superior amb voltes i la interm\u00e8dia amb sostre de fusta.<\/p>\t\t\t\t\t\t\t\t<\/div>\n\t\t\t\t<\/div>\n\t\t\t\t<div class=\"elementor-element elementor-element-666659a elementor-widget elementor-widget-image\" data-id=\"666659a\" data-element_type=\"widget\" data-e-type=\"widget\" data-widget_type=\"image.default\">\n\t\t\t\t<div class=\"elementor-widget-container\">\n\t\t\t\t\t\t\t\t\t\t\t\t<figure class=\"wp-caption\">\n\t\t\t\t\t\t\t\t\t\t<img loading=\"lazy\" decoding=\"async\" width=\"380\" height=\"380\" src=\"https:\/\/www.elturistatranquil.com\/wp-content\/uploads\/F43-Castillo-de-Penafiel-Valladolid.jpg\" class=\"attachment-large size-large wp-image-44231\" alt=\"Castillo de Pe\u00f1afiel, Valladolid\" srcset=\"https:\/\/www.elturistatranquil.com\/wp-content\/uploads\/F43-Castillo-de-Penafiel-Valladolid.jpg 380w, https:\/\/www.elturistatranquil.com\/wp-content\/uploads\/F43-Castillo-de-Penafiel-Valladolid-226x226.jpg 226w\" sizes=\"(max-width: 380px) 100vw, 380px\" \/>\t\t\t\t\t\t\t\t\t\t\t<figcaption class=\"widget-image-caption wp-caption-text\"><\/figcaption>\n\t\t\t\t\t\t\t\t\t\t<\/figure>\n\t\t\t\t\t\t\t\t\t<\/div>\n\t\t\t\t<\/div>\n\t\t\t\t<div class=\"elementor-element elementor-element-c7cc6f8 elementor-widget elementor-widget-text-editor\" data-id=\"c7cc6f8\" data-element_type=\"widget\" data-e-type=\"widget\" data-widget_type=\"text-editor.default\">\n\t\t\t\t<div class=\"elementor-widget-container\">\n\t\t\t\t\t\t\t\t\t<p>La planta inferior, o soterrani, amb volta de pedra, sense comunicaci\u00f3 amb l&#8217;exterior, servia de magatzem.<\/p><p>La planta interm\u00e8dia, o principal, presenta el sostre de fusta, seria la sala de recepci\u00f3.<\/p><p>La planta superior, amb sostre de volta de pedra que serveix de terrassa de la torre.<\/p><p>L&#8217;acc\u00e9s a les diferents plantes i a la terrassa es fa per una escala de cargol quadrada de pedra que s&#8217;enfila per l&#8217;interior d&#8217;un dels murs laterals de la torre.<\/p>\t\t\t\t\t\t\t\t<\/div>\n\t\t\t\t<\/div>\n\t\t\t\t<div class=\"elementor-element elementor-element-ef3f3ba elementor-widget elementor-widget-image\" data-id=\"ef3f3ba\" data-element_type=\"widget\" data-e-type=\"widget\" data-widget_type=\"image.default\">\n\t\t\t\t<div class=\"elementor-widget-container\">\n\t\t\t\t\t\t\t\t\t\t\t\t<figure class=\"wp-caption\">\n\t\t\t\t\t\t\t\t\t\t<img loading=\"lazy\" decoding=\"async\" width=\"768\" height=\"511\" src=\"https:\/\/www.elturistatranquil.com\/wp-content\/uploads\/F44-Castillo-de-Penafiel-Valladolid.jpg\" class=\"attachment-large size-large wp-image-44233\" alt=\"Castillo de Pe\u00f1afiel, Valladolid\" srcset=\"https:\/\/www.elturistatranquil.com\/wp-content\/uploads\/F44-Castillo-de-Penafiel-Valladolid.jpg 768w, https:\/\/www.elturistatranquil.com\/wp-content\/uploads\/F44-Castillo-de-Penafiel-Valladolid-339x226.jpg 339w\" sizes=\"(max-width: 768px) 100vw, 768px\" \/>\t\t\t\t\t\t\t\t\t\t\t<figcaption class=\"widget-image-caption wp-caption-text\"><\/figcaption>\n\t\t\t\t\t\t\t\t\t\t<\/figure>\n\t\t\t\t\t\t\t\t\t<\/div>\n\t\t\t\t<\/div>\n\t\t\t\t<div class=\"elementor-element elementor-element-1d7bd4b elementor-widget elementor-widget-text-editor\" data-id=\"1d7bd4b\" data-element_type=\"widget\" data-e-type=\"widget\" data-widget_type=\"text-editor.default\">\n\t\t\t\t<div class=\"elementor-widget-container\">\n\t\t\t\t\t\t\t\t\t<p>Un element d&#8217;estrat\u00e8gia constructiva defensiva consistia que les torres de l&#8217;homenatge, com a \u00faltim reducte de resist\u00e8ncia en cas d&#8217;assalt, no tenien cap entrada a nivell del terra, sin\u00f3 que s&#8217;entrava per un nivell superior, sent el cam\u00ed de ronda un lloc usual per situar l\u2019\u00fanica porta d\u2019acc\u00e9s a la torre.<\/p><p>La torre es corona amb vuit garitons sobre lampetes als angles i centres de llen\u00e7 de muralla, aix\u00ed com merlets i matacans.<\/p><p>El fet que a la segona i tercera plantes hi hagi grans finestrals amb bancs correguts a cada costat, tancats amb gruixudes reixes, demostra que aquestes plantes estaven pensades m\u00e9s aviat per ser ocupades pels senyors i no tant com a espais defensius. La primera planta no presenta obertures.<\/p><p>A la fotografia, la cara nord des del costat nord.<\/p>\t\t\t\t\t\t\t\t<\/div>\n\t\t\t\t<\/div>\n\t\t\t\t<div class=\"elementor-element elementor-element-a964be6 elementor-widget elementor-widget-image\" data-id=\"a964be6\" data-element_type=\"widget\" data-e-type=\"widget\" data-widget_type=\"image.default\">\n\t\t\t\t<div class=\"elementor-widget-container\">\n\t\t\t\t\t\t\t\t\t\t\t\t<figure class=\"wp-caption\">\n\t\t\t\t\t\t\t\t\t\t<img loading=\"lazy\" decoding=\"async\" width=\"768\" height=\"512\" src=\"https:\/\/www.elturistatranquil.com\/wp-content\/uploads\/F45-Castillo-de-Penafiel-Valladolid.jpg\" class=\"attachment-large size-large wp-image-44238\" alt=\"Castillo de Pe\u00f1afiel, Valladolid\" srcset=\"https:\/\/www.elturistatranquil.com\/wp-content\/uploads\/F45-Castillo-de-Penafiel-Valladolid.jpg 768w, https:\/\/www.elturistatranquil.com\/wp-content\/uploads\/F45-Castillo-de-Penafiel-Valladolid-339x226.jpg 339w\" sizes=\"(max-width: 768px) 100vw, 768px\" \/>\t\t\t\t\t\t\t\t\t\t\t<figcaption class=\"widget-image-caption wp-caption-text\"><\/figcaption>\n\t\t\t\t\t\t\t\t\t\t<\/figure>\n\t\t\t\t\t\t\t\t\t<\/div>\n\t\t\t\t<\/div>\n\t\t\t\t<div class=\"elementor-element elementor-element-2e877d6 elementor-widget elementor-widget-text-editor\" data-id=\"2e877d6\" data-element_type=\"widget\" data-e-type=\"widget\" data-widget_type=\"text-editor.default\">\n\t\t\t\t<div class=\"elementor-widget-container\">\n\t\t\t\t\t\t\t\t\t<p>A la reconstrucci\u00f3 efectuada pels Gir\u00f3n, van incorporar el seu escut a cadascuna dels quatre murs de la torre. L&#8217;escut cont\u00e9 els lleons i castells del regne, m\u00e9s, a la part baixa, una representaci\u00f3 esquem\u00e0tica dels parracs (girones, jirones) de tela que donen nom a l&#8217;estirp..<\/p><p>A la foto un dels escuts sota la lampeta d&#8217;un garit\u00f3 t\u00edpic de l&#8217;estil de construcci\u00f3 dels castell-palau del segle XV.<\/p>\t\t\t\t\t\t\t\t<\/div>\n\t\t\t\t<\/div>\n\t\t\t\t<div class=\"elementor-element elementor-element-cd7e6de elementor-widget elementor-widget-image\" data-id=\"cd7e6de\" data-element_type=\"widget\" data-e-type=\"widget\" data-widget_type=\"image.default\">\n\t\t\t\t<div class=\"elementor-widget-container\">\n\t\t\t\t\t\t\t\t\t\t\t\t<figure class=\"wp-caption\">\n\t\t\t\t\t\t\t\t\t\t<img loading=\"lazy\" decoding=\"async\" width=\"768\" height=\"511\" src=\"https:\/\/www.elturistatranquil.com\/wp-content\/uploads\/F46-Castillo-de-Penafiel-Valladolid.jpg\" class=\"attachment-large size-large wp-image-44240\" alt=\"Castillo de Pe\u00f1afiel, Valladolid\" srcset=\"https:\/\/www.elturistatranquil.com\/wp-content\/uploads\/F46-Castillo-de-Penafiel-Valladolid.jpg 768w, https:\/\/www.elturistatranquil.com\/wp-content\/uploads\/F46-Castillo-de-Penafiel-Valladolid-339x226.jpg 339w\" sizes=\"(max-width: 768px) 100vw, 768px\" \/>\t\t\t\t\t\t\t\t\t\t\t<figcaption class=\"widget-image-caption wp-caption-text\"><\/figcaption>\n\t\t\t\t\t\t\t\t\t\t<\/figure>\n\t\t\t\t\t\t\t\t\t<\/div>\n\t\t\t\t<\/div>\n\t\t\t\t<div class=\"elementor-element elementor-element-e30324c elementor-widget elementor-widget-image\" data-id=\"e30324c\" data-element_type=\"widget\" data-e-type=\"widget\" data-widget_type=\"image.default\">\n\t\t\t\t<div class=\"elementor-widget-container\">\n\t\t\t\t\t\t\t\t\t\t\t\t<figure class=\"wp-caption\">\n\t\t\t\t\t\t\t\t\t\t<img loading=\"lazy\" decoding=\"async\" width=\"768\" height=\"512\" src=\"https:\/\/www.elturistatranquil.com\/wp-content\/uploads\/F47-Castillo-de-Penafiel-Valladolid.jpg\" class=\"attachment-large size-large wp-image-44242\" alt=\"Castillo de Pe\u00f1afiel, Valladolid\" srcset=\"https:\/\/www.elturistatranquil.com\/wp-content\/uploads\/F47-Castillo-de-Penafiel-Valladolid.jpg 768w, https:\/\/www.elturistatranquil.com\/wp-content\/uploads\/F47-Castillo-de-Penafiel-Valladolid-339x226.jpg 339w\" sizes=\"(max-width: 768px) 100vw, 768px\" \/>\t\t\t\t\t\t\t\t\t\t\t<figcaption class=\"widget-image-caption wp-caption-text\"><\/figcaption>\n\t\t\t\t\t\t\t\t\t\t<\/figure>\n\t\t\t\t\t\t\t\t\t<\/div>\n\t\t\t\t<\/div>\n\t\t\t\t<div class=\"elementor-element elementor-element-5a82833 elementor-widget elementor-widget-text-editor\" data-id=\"5a82833\" data-element_type=\"widget\" data-e-type=\"widget\" data-widget_type=\"text-editor.default\">\n\t\t\t\t<div class=\"elementor-widget-container\">\n\t\t\t\t\t\t\t\t\t<p>La porta d&#8217;entrada (<strong>18<\/strong>) a la torre de l&#8217;homenatge se situa a la segona planta des del cam\u00ed de ronda. Protegida per una doble porta, al cub i al mur. Observeu la petita dimensi\u00f3 de la porta, per fer m\u00e9s f\u00e0cil la seva defensa.<\/p><p>De fet, la torre de l&#8217;homenatge est\u00e0 organitzada com una fortalesa exempta, ja que, com s\u2019ha dit, la seva \u00fanica entrada \u00e9s aquesta estreta obertura a la segona planta o interm\u00e8dia.<\/p>\t\t\t\t\t\t\t\t<\/div>\n\t\t\t\t<\/div>\n\t\t\t\t<div class=\"elementor-element elementor-element-cbd1f8d elementor-widget elementor-widget-image\" data-id=\"cbd1f8d\" data-element_type=\"widget\" data-e-type=\"widget\" data-widget_type=\"image.default\">\n\t\t\t\t<div class=\"elementor-widget-container\">\n\t\t\t\t\t\t\t\t\t\t\t\t<figure class=\"wp-caption\">\n\t\t\t\t\t\t\t\t\t\t<img loading=\"lazy\" decoding=\"async\" width=\"768\" height=\"512\" src=\"https:\/\/www.elturistatranquil.com\/wp-content\/uploads\/F48-Castillo-de-Penafiel-Valladolid.jpg\" class=\"attachment-large size-large wp-image-44247\" alt=\"Castillo de Pe\u00f1afiel, Valladolid\" srcset=\"https:\/\/www.elturistatranquil.com\/wp-content\/uploads\/F48-Castillo-de-Penafiel-Valladolid.jpg 768w, https:\/\/www.elturistatranquil.com\/wp-content\/uploads\/F48-Castillo-de-Penafiel-Valladolid-339x226.jpg 339w\" sizes=\"(max-width: 768px) 100vw, 768px\" \/>\t\t\t\t\t\t\t\t\t\t\t<figcaption class=\"widget-image-caption wp-caption-text\"><\/figcaption>\n\t\t\t\t\t\t\t\t\t\t<\/figure>\n\t\t\t\t\t\t\t\t\t<\/div>\n\t\t\t\t<\/div>\n\t\t\t\t<div class=\"elementor-element elementor-element-4c64f07 elementor-widget elementor-widget-text-editor\" data-id=\"4c64f07\" data-element_type=\"widget\" data-e-type=\"widget\" data-widget_type=\"text-editor.default\">\n\t\t\t\t<div class=\"elementor-widget-container\">\n\t\t\t\t\t\t\t\t\t<p>El sal\u00f3 de la planta interm\u00e8dia t\u00e9 dos amplis finestrals amb bancs correguts de pedra, aix\u00ed com una llar.<\/p>\t\t\t\t\t\t\t\t<\/div>\n\t\t\t\t<\/div>\n\t\t\t\t<div class=\"elementor-element elementor-element-0592da3 elementor-widget elementor-widget-image\" data-id=\"0592da3\" data-element_type=\"widget\" data-e-type=\"widget\" data-widget_type=\"image.default\">\n\t\t\t\t<div class=\"elementor-widget-container\">\n\t\t\t\t\t\t\t\t\t\t\t\t<figure class=\"wp-caption\">\n\t\t\t\t\t\t\t\t\t\t<img loading=\"lazy\" decoding=\"async\" width=\"768\" height=\"512\" src=\"https:\/\/www.elturistatranquil.com\/wp-content\/uploads\/F49-Castillo-de-Penafiel-Valladolid.jpg\" class=\"attachment-large size-large wp-image-44249\" alt=\"Castillo de Pe\u00f1afiel, Valladolid\" srcset=\"https:\/\/www.elturistatranquil.com\/wp-content\/uploads\/F49-Castillo-de-Penafiel-Valladolid.jpg 768w, https:\/\/www.elturistatranquil.com\/wp-content\/uploads\/F49-Castillo-de-Penafiel-Valladolid-339x226.jpg 339w\" sizes=\"(max-width: 768px) 100vw, 768px\" \/>\t\t\t\t\t\t\t\t\t\t\t<figcaption class=\"widget-image-caption wp-caption-text\"><\/figcaption>\n\t\t\t\t\t\t\t\t\t\t<\/figure>\n\t\t\t\t\t\t\t\t\t<\/div>\n\t\t\t\t<\/div>\n\t\t\t\t<div class=\"elementor-element elementor-element-b1035ad elementor-widget elementor-widget-image\" data-id=\"b1035ad\" data-element_type=\"widget\" data-e-type=\"widget\" data-widget_type=\"image.default\">\n\t\t\t\t<div class=\"elementor-widget-container\">\n\t\t\t\t\t\t\t\t\t\t\t\t<figure class=\"wp-caption\">\n\t\t\t\t\t\t\t\t\t\t<img loading=\"lazy\" decoding=\"async\" width=\"768\" height=\"512\" src=\"https:\/\/www.elturistatranquil.com\/wp-content\/uploads\/F50-Castillo-de-Penafiel-Valladolid.jpg\" class=\"attachment-large size-large wp-image-44254\" alt=\"Castillo de Pe\u00f1afiel, Valladolid\" srcset=\"https:\/\/www.elturistatranquil.com\/wp-content\/uploads\/F50-Castillo-de-Penafiel-Valladolid.jpg 768w, https:\/\/www.elturistatranquil.com\/wp-content\/uploads\/F50-Castillo-de-Penafiel-Valladolid-339x226.jpg 339w\" sizes=\"(max-width: 768px) 100vw, 768px\" \/>\t\t\t\t\t\t\t\t\t\t\t<figcaption class=\"widget-image-caption wp-caption-text\"><\/figcaption>\n\t\t\t\t\t\t\t\t\t\t<\/figure>\n\t\t\t\t\t\t\t\t\t<\/div>\n\t\t\t\t<\/div>\n\t\t\t\t<div class=\"elementor-element elementor-element-89490c8 elementor-widget elementor-widget-image\" data-id=\"89490c8\" data-element_type=\"widget\" data-e-type=\"widget\" data-widget_type=\"image.default\">\n\t\t\t\t<div class=\"elementor-widget-container\">\n\t\t\t\t\t\t\t\t\t\t\t\t<figure class=\"wp-caption\">\n\t\t\t\t\t\t\t\t\t\t<img loading=\"lazy\" decoding=\"async\" width=\"768\" height=\"511\" src=\"https:\/\/www.elturistatranquil.com\/wp-content\/uploads\/F51-Castillo-de-Penafiel-Valladolid-1.jpg\" class=\"attachment-large size-large wp-image-44256\" alt=\"Castillo de Pe\u00f1afiel, Valladolid\" srcset=\"https:\/\/www.elturistatranquil.com\/wp-content\/uploads\/F51-Castillo-de-Penafiel-Valladolid-1.jpg 768w, https:\/\/www.elturistatranquil.com\/wp-content\/uploads\/F51-Castillo-de-Penafiel-Valladolid-1-339x226.jpg 339w\" sizes=\"(max-width: 768px) 100vw, 768px\" \/>\t\t\t\t\t\t\t\t\t\t\t<figcaption class=\"widget-image-caption wp-caption-text\"><\/figcaption>\n\t\t\t\t\t\t\t\t\t\t<\/figure>\n\t\t\t\t\t\t\t\t\t<\/div>\n\t\t\t\t<\/div>\n\t\t\t\t<div class=\"elementor-element elementor-element-09097e2 elementor-widget elementor-widget-image\" data-id=\"09097e2\" data-element_type=\"widget\" data-e-type=\"widget\" data-widget_type=\"image.default\">\n\t\t\t\t<div class=\"elementor-widget-container\">\n\t\t\t\t\t\t\t\t\t\t\t\t<figure class=\"wp-caption\">\n\t\t\t\t\t\t\t\t\t\t<img loading=\"lazy\" decoding=\"async\" width=\"768\" height=\"511\" src=\"https:\/\/www.elturistatranquil.com\/wp-content\/uploads\/F52-Castillo-de-Penafiel-Valladolid.jpg\" class=\"attachment-large size-large wp-image-44258\" alt=\"Castillo de Pe\u00f1afiel, Valladolid\" srcset=\"https:\/\/www.elturistatranquil.com\/wp-content\/uploads\/F52-Castillo-de-Penafiel-Valladolid.jpg 768w, https:\/\/www.elturistatranquil.com\/wp-content\/uploads\/F52-Castillo-de-Penafiel-Valladolid-339x226.jpg 339w\" sizes=\"(max-width: 768px) 100vw, 768px\" \/>\t\t\t\t\t\t\t\t\t\t\t<figcaption class=\"widget-image-caption wp-caption-text\"><\/figcaption>\n\t\t\t\t\t\t\t\t\t\t<\/figure>\n\t\t\t\t\t\t\t\t\t<\/div>\n\t\t\t\t<\/div>\n\t\t\t\t<div class=\"elementor-element elementor-element-110a771 elementor-widget elementor-widget-image\" data-id=\"110a771\" data-element_type=\"widget\" data-e-type=\"widget\" data-widget_type=\"image.default\">\n\t\t\t\t<div class=\"elementor-widget-container\">\n\t\t\t\t\t\t\t\t\t\t\t\t<figure class=\"wp-caption\">\n\t\t\t\t\t\t\t\t\t\t<img loading=\"lazy\" decoding=\"async\" width=\"768\" height=\"511\" src=\"https:\/\/www.elturistatranquil.com\/wp-content\/uploads\/F53-Castillo-de-Penafiel-Valladolid.jpg\" class=\"attachment-large size-large wp-image-44260\" alt=\"Castillo de Pe\u00f1afiel, Valladolid\" srcset=\"https:\/\/www.elturistatranquil.com\/wp-content\/uploads\/F53-Castillo-de-Penafiel-Valladolid.jpg 768w, https:\/\/www.elturistatranquil.com\/wp-content\/uploads\/F53-Castillo-de-Penafiel-Valladolid-339x226.jpg 339w\" sizes=\"(max-width: 768px) 100vw, 768px\" \/>\t\t\t\t\t\t\t\t\t\t\t<figcaption class=\"widget-image-caption wp-caption-text\"><\/figcaption>\n\t\t\t\t\t\t\t\t\t\t<\/figure>\n\t\t\t\t\t\t\t\t\t<\/div>\n\t\t\t\t<\/div>\n\t\t\t\t<div class=\"elementor-element elementor-element-81cbfbf elementor-widget elementor-widget-text-editor\" data-id=\"81cbfbf\" data-element_type=\"widget\" data-e-type=\"widget\" data-widget_type=\"text-editor.default\">\n\t\t\t\t<div class=\"elementor-widget-container\">\n\t\t\t\t\t\t\t\t\t<p>Pujant per l&#8217;escala cap a la planta superior apareix una latrina.<\/p>\t\t\t\t\t\t\t\t<\/div>\n\t\t\t\t<\/div>\n\t\t\t\t<div class=\"elementor-element elementor-element-e51c478 elementor-widget elementor-widget-image\" data-id=\"e51c478\" data-element_type=\"widget\" data-e-type=\"widget\" data-widget_type=\"image.default\">\n\t\t\t\t<div class=\"elementor-widget-container\">\n\t\t\t\t\t\t\t\t\t\t\t\t<figure class=\"wp-caption\">\n\t\t\t\t\t\t\t\t\t\t<img loading=\"lazy\" decoding=\"async\" width=\"768\" height=\"512\" src=\"https:\/\/www.elturistatranquil.com\/wp-content\/uploads\/F54-Castillo-de-Penafiel-Valladolid.jpg\" class=\"attachment-large size-large wp-image-44265\" alt=\"Castillo de Pe\u00f1afiel, Valladolid\" srcset=\"https:\/\/www.elturistatranquil.com\/wp-content\/uploads\/F54-Castillo-de-Penafiel-Valladolid.jpg 768w, https:\/\/www.elturistatranquil.com\/wp-content\/uploads\/F54-Castillo-de-Penafiel-Valladolid-339x226.jpg 339w\" sizes=\"(max-width: 768px) 100vw, 768px\" \/>\t\t\t\t\t\t\t\t\t\t\t<figcaption class=\"widget-image-caption wp-caption-text\"><\/figcaption>\n\t\t\t\t\t\t\t\t\t\t<\/figure>\n\t\t\t\t\t\t\t\t\t<\/div>\n\t\t\t\t<\/div>\n\t\t\t\t<div class=\"elementor-element elementor-element-abecf05 elementor-widget elementor-widget-text-editor\" data-id=\"abecf05\" data-element_type=\"widget\" data-e-type=\"widget\" data-widget_type=\"text-editor.default\">\n\t\t\t\t<div class=\"elementor-widget-container\">\n\t\t\t\t\t\t\t\t\t<p>Aquesta \u00faltima planta t\u00e9 el terra de fusta i el sostre voltat que correspon a la terrassa de la torre. Acull la biblioteca i les oficines del Museu del Vi.<\/p>\t\t\t\t\t\t\t\t<\/div>\n\t\t\t\t<\/div>\n\t\t\t\t<div class=\"elementor-element elementor-element-47650b1 elementor-widget elementor-widget-image\" data-id=\"47650b1\" data-element_type=\"widget\" data-e-type=\"widget\" data-widget_type=\"image.default\">\n\t\t\t\t<div class=\"elementor-widget-container\">\n\t\t\t\t\t\t\t\t\t\t\t\t<figure class=\"wp-caption\">\n\t\t\t\t\t\t\t\t\t\t<img loading=\"lazy\" decoding=\"async\" width=\"768\" height=\"511\" src=\"https:\/\/www.elturistatranquil.com\/wp-content\/uploads\/F55-Castillo-de-Penafiel-Valladolid.jpg\" class=\"attachment-large size-large wp-image-44267\" alt=\"Castillo de Pe\u00f1afiel, Valladolid\" srcset=\"https:\/\/www.elturistatranquil.com\/wp-content\/uploads\/F55-Castillo-de-Penafiel-Valladolid.jpg 768w, https:\/\/www.elturistatranquil.com\/wp-content\/uploads\/F55-Castillo-de-Penafiel-Valladolid-339x226.jpg 339w\" sizes=\"(max-width: 768px) 100vw, 768px\" \/>\t\t\t\t\t\t\t\t\t\t\t<figcaption class=\"widget-image-caption wp-caption-text\"><\/figcaption>\n\t\t\t\t\t\t\t\t\t\t<\/figure>\n\t\t\t\t\t\t\t\t\t<\/div>\n\t\t\t\t<\/div>\n\t\t\t\t<div class=\"elementor-element elementor-element-e4a4157 elementor-widget elementor-widget-image\" data-id=\"e4a4157\" data-element_type=\"widget\" data-e-type=\"widget\" data-widget_type=\"image.default\">\n\t\t\t\t<div class=\"elementor-widget-container\">\n\t\t\t\t\t\t\t\t\t\t\t\t<figure class=\"wp-caption\">\n\t\t\t\t\t\t\t\t\t\t<img loading=\"lazy\" decoding=\"async\" width=\"768\" height=\"511\" src=\"https:\/\/www.elturistatranquil.com\/wp-content\/uploads\/F56-Castillo-de-Penafiel-Valladolid.jpg\" class=\"attachment-large size-large wp-image-44269\" alt=\"Castillo de Pe\u00f1afiel, Valladolid\" srcset=\"https:\/\/www.elturistatranquil.com\/wp-content\/uploads\/F56-Castillo-de-Penafiel-Valladolid.jpg 768w, https:\/\/www.elturistatranquil.com\/wp-content\/uploads\/F56-Castillo-de-Penafiel-Valladolid-339x226.jpg 339w\" sizes=\"(max-width: 768px) 100vw, 768px\" \/>\t\t\t\t\t\t\t\t\t\t\t<figcaption class=\"widget-image-caption wp-caption-text\"><\/figcaption>\n\t\t\t\t\t\t\t\t\t\t<\/figure>\n\t\t\t\t\t\t\t\t\t<\/div>\n\t\t\t\t<\/div>\n\t\t\t\t<div class=\"elementor-element elementor-element-c80b12f elementor-widget elementor-widget-text-editor\" data-id=\"c80b12f\" data-element_type=\"widget\" data-e-type=\"widget\" data-widget_type=\"text-editor.default\">\n\t\t\t\t<div class=\"elementor-widget-container\">\n\t\t\t\t\t\t\t\t\t<p>Banc corregut de pedra adossat a la paret del finestral.<\/p>\t\t\t\t\t\t\t\t<\/div>\n\t\t\t\t<\/div>\n\t\t\t\t<div class=\"elementor-element elementor-element-668f7f7 elementor-widget elementor-widget-image\" data-id=\"668f7f7\" data-element_type=\"widget\" data-e-type=\"widget\" data-widget_type=\"image.default\">\n\t\t\t\t<div class=\"elementor-widget-container\">\n\t\t\t\t\t\t\t\t\t\t\t\t<figure class=\"wp-caption\">\n\t\t\t\t\t\t\t\t\t\t<img loading=\"lazy\" decoding=\"async\" width=\"768\" height=\"511\" src=\"https:\/\/www.elturistatranquil.com\/wp-content\/uploads\/F57-Castillo-de-Penafiel-Valladolid.jpg\" class=\"attachment-large size-large wp-image-44271\" alt=\"Castillo de Pe\u00f1afiel, Valladolid\" srcset=\"https:\/\/www.elturistatranquil.com\/wp-content\/uploads\/F57-Castillo-de-Penafiel-Valladolid.jpg 768w, https:\/\/www.elturistatranquil.com\/wp-content\/uploads\/F57-Castillo-de-Penafiel-Valladolid-339x226.jpg 339w\" sizes=\"(max-width: 768px) 100vw, 768px\" \/>\t\t\t\t\t\t\t\t\t\t\t<figcaption class=\"widget-image-caption wp-caption-text\"><\/figcaption>\n\t\t\t\t\t\t\t\t\t\t<\/figure>\n\t\t\t\t\t\t\t\t\t<\/div>\n\t\t\t\t<\/div>\n\t\t\t\t<div class=\"elementor-element elementor-element-715eb80 elementor-widget elementor-widget-heading\" data-id=\"715eb80\" data-element_type=\"widget\" data-e-type=\"widget\" data-widget_type=\"heading.default\">\n\t\t\t\t<div class=\"elementor-widget-container\">\n\t\t\t\t\t<h4 class=\"elementor-heading-title elementor-size-default\">Costat nord<\/h4>\t\t\t\t<\/div>\n\t\t\t\t<\/div>\n\t\t\t\t<div class=\"elementor-element elementor-element-927b5a8 elementor-widget elementor-widget-text-editor\" data-id=\"927b5a8\" data-element_type=\"widget\" data-e-type=\"widget\" data-widget_type=\"text-editor.default\">\n\t\t\t\t<div class=\"elementor-widget-container\">\n\t\t\t\t\t\t\t\t\t<p>Com \u00e9s habitual, la pujada a la torre de l&#8217;homenatge en justifica la construcci\u00f3 des de la perspectiva de la funci\u00f3 d&#8217;observaci\u00f3 estrat\u00e8gica del territori que l&#8217;envolta i de vigil\u00e0ncia sobre el mateix castell.<\/p><p>En relaci\u00f3 amb el castell podem veure amb claredat les estructures dels dos costats<\/p><p>Al costat nord (<strong>3<\/strong>), on hi havia els aljubs i els magatzems. Aquesta zona estava en proc\u00e9s de rehabilitaci\u00f3 i s&#8217;est\u00e0 adequant com a pati.<\/p>\t\t\t\t\t\t\t\t<\/div>\n\t\t\t\t<\/div>\n\t\t\t\t<div class=\"elementor-element elementor-element-7e16859 elementor-widget elementor-widget-image\" data-id=\"7e16859\" data-element_type=\"widget\" data-e-type=\"widget\" data-widget_type=\"image.default\">\n\t\t\t\t<div class=\"elementor-widget-container\">\n\t\t\t\t\t\t\t\t\t\t\t\t<figure class=\"wp-caption\">\n\t\t\t\t\t\t\t\t\t\t<img loading=\"lazy\" decoding=\"async\" width=\"768\" height=\"512\" src=\"https:\/\/www.elturistatranquil.com\/wp-content\/uploads\/F58-Castillo-de-Penafiel-Valladolid.jpg\" class=\"attachment-large size-large wp-image-44273\" alt=\"Castillo de Pe\u00f1afiel, Valladolid\" srcset=\"https:\/\/www.elturistatranquil.com\/wp-content\/uploads\/F58-Castillo-de-Penafiel-Valladolid.jpg 768w, https:\/\/www.elturistatranquil.com\/wp-content\/uploads\/F58-Castillo-de-Penafiel-Valladolid-339x226.jpg 339w\" sizes=\"(max-width: 768px) 100vw, 768px\" \/>\t\t\t\t\t\t\t\t\t\t\t<figcaption class=\"widget-image-caption wp-caption-text\"><\/figcaption>\n\t\t\t\t\t\t\t\t\t\t<\/figure>\n\t\t\t\t\t\t\t\t\t<\/div>\n\t\t\t\t<\/div>\n\t\t\t\t<div class=\"elementor-element elementor-element-f9b5ff5 elementor-widget elementor-widget-image\" data-id=\"f9b5ff5\" data-element_type=\"widget\" data-e-type=\"widget\" data-widget_type=\"image.default\">\n\t\t\t\t<div class=\"elementor-widget-container\">\n\t\t\t\t\t\t\t\t\t\t\t\t<figure class=\"wp-caption\">\n\t\t\t\t\t\t\t\t\t\t<img loading=\"lazy\" decoding=\"async\" width=\"768\" height=\"511\" src=\"https:\/\/www.elturistatranquil.com\/wp-content\/uploads\/F59-Castillo-de-Penafiel-Valladolid.jpg\" class=\"attachment-large size-large wp-image-44275\" alt=\"Castillo de Pe\u00f1afiel, Valladolid\" srcset=\"https:\/\/www.elturistatranquil.com\/wp-content\/uploads\/F59-Castillo-de-Penafiel-Valladolid.jpg 768w, https:\/\/www.elturistatranquil.com\/wp-content\/uploads\/F59-Castillo-de-Penafiel-Valladolid-339x226.jpg 339w\" sizes=\"(max-width: 768px) 100vw, 768px\" \/>\t\t\t\t\t\t\t\t\t\t\t<figcaption class=\"widget-image-caption wp-caption-text\"><\/figcaption>\n\t\t\t\t\t\t\t\t\t\t<\/figure>\n\t\t\t\t\t\t\t\t\t<\/div>\n\t\t\t\t<\/div>\n\t\t\t\t<div class=\"elementor-element elementor-element-fc49793 elementor-widget elementor-widget-text-editor\" data-id=\"fc49793\" data-element_type=\"widget\" data-e-type=\"widget\" data-widget_type=\"text-editor.default\">\n\t\t\t\t<div class=\"elementor-widget-container\">\n\t\t\t\t\t\t\t\t\t<p>Sobre el costat sud (<strong>2<\/strong>) s&#8217;observa clarament la construcci\u00f3 encaixada que acull el Museu del Vi.<\/p>\t\t\t\t\t\t\t\t<\/div>\n\t\t\t\t<\/div>\n\t\t\t\t<div class=\"elementor-element elementor-element-1ea8d09 elementor-widget elementor-widget-image\" data-id=\"1ea8d09\" data-element_type=\"widget\" data-e-type=\"widget\" data-widget_type=\"image.default\">\n\t\t\t\t<div class=\"elementor-widget-container\">\n\t\t\t\t\t\t\t\t\t\t\t\t<figure class=\"wp-caption\">\n\t\t\t\t\t\t\t\t\t\t<img loading=\"lazy\" decoding=\"async\" width=\"768\" height=\"512\" src=\"https:\/\/www.elturistatranquil.com\/wp-content\/uploads\/F60-Castillo-de-Penafiel-Valladolid.jpg\" class=\"attachment-large size-large wp-image-44280\" alt=\"Castillo de Pe\u00f1afiel, Valladolid\" srcset=\"https:\/\/www.elturistatranquil.com\/wp-content\/uploads\/F60-Castillo-de-Penafiel-Valladolid.jpg 768w, https:\/\/www.elturistatranquil.com\/wp-content\/uploads\/F60-Castillo-de-Penafiel-Valladolid-339x226.jpg 339w\" sizes=\"(max-width: 768px) 100vw, 768px\" \/>\t\t\t\t\t\t\t\t\t\t\t<figcaption class=\"widget-image-caption wp-caption-text\"><\/figcaption>\n\t\t\t\t\t\t\t\t\t\t<\/figure>\n\t\t\t\t\t\t\t\t\t<\/div>\n\t\t\t\t<\/div>\n\t\t\t\t<div class=\"elementor-element elementor-element-d092fab elementor-widget elementor-widget-heading\" data-id=\"d092fab\" data-element_type=\"widget\" data-e-type=\"widget\" data-widget_type=\"heading.default\">\n\t\t\t\t<div class=\"elementor-widget-container\">\n\t\t\t\t\t<h4 class=\"elementor-heading-title elementor-size-default\">El domini sobre l'entorn<\/h4>\t\t\t\t<\/div>\n\t\t\t\t<\/div>\n\t\t\t\t<div class=\"elementor-element elementor-element-5dc22aa elementor-widget elementor-widget-text-editor\" data-id=\"5dc22aa\" data-element_type=\"widget\" data-e-type=\"widget\" data-widget_type=\"text-editor.default\">\n\t\t\t\t<div class=\"elementor-widget-container\">\n\t\t\t\t\t\t\t\t\t<p>Sobre l&#8217;horitz\u00f3, en un recorregut circular, la vall del Duero i la plana de la Meseta Nord.<\/p>\t\t\t\t\t\t\t\t<\/div>\n\t\t\t\t<\/div>\n\t\t\t\t<div class=\"elementor-element elementor-element-c642c70 elementor-widget elementor-widget-image\" data-id=\"c642c70\" data-element_type=\"widget\" data-e-type=\"widget\" data-widget_type=\"image.default\">\n\t\t\t\t<div class=\"elementor-widget-container\">\n\t\t\t\t\t\t\t\t\t\t\t\t<figure class=\"wp-caption\">\n\t\t\t\t\t\t\t\t\t\t<img loading=\"lazy\" decoding=\"async\" width=\"768\" height=\"512\" src=\"https:\/\/www.elturistatranquil.com\/wp-content\/uploads\/F61-Castillo-de-Penafiel-Valladolid.jpg\" class=\"attachment-large size-large wp-image-44282\" alt=\"Castillo de Pe\u00f1afiel, Valladolid\" srcset=\"https:\/\/www.elturistatranquil.com\/wp-content\/uploads\/F61-Castillo-de-Penafiel-Valladolid.jpg 768w, https:\/\/www.elturistatranquil.com\/wp-content\/uploads\/F61-Castillo-de-Penafiel-Valladolid-339x226.jpg 339w\" sizes=\"(max-width: 768px) 100vw, 768px\" \/>\t\t\t\t\t\t\t\t\t\t\t<figcaption class=\"widget-image-caption wp-caption-text\"><\/figcaption>\n\t\t\t\t\t\t\t\t\t\t<\/figure>\n\t\t\t\t\t\t\t\t\t<\/div>\n\t\t\t\t<\/div>\n\t\t\t\t<div class=\"elementor-element elementor-element-67ab37b elementor-widget elementor-widget-image\" data-id=\"67ab37b\" data-element_type=\"widget\" data-e-type=\"widget\" data-widget_type=\"image.default\">\n\t\t\t\t<div class=\"elementor-widget-container\">\n\t\t\t\t\t\t\t\t\t\t\t\t<figure class=\"wp-caption\">\n\t\t\t\t\t\t\t\t\t\t<img loading=\"lazy\" decoding=\"async\" width=\"768\" height=\"512\" src=\"https:\/\/www.elturistatranquil.com\/wp-content\/uploads\/F62a-Castillo-de-Penafiel-Valladolid.jpg\" class=\"attachment-large size-large wp-image-44284\" alt=\"Castillo de Pe\u00f1afiel, Valladolid\" srcset=\"https:\/\/www.elturistatranquil.com\/wp-content\/uploads\/F62a-Castillo-de-Penafiel-Valladolid.jpg 768w, https:\/\/www.elturistatranquil.com\/wp-content\/uploads\/F62a-Castillo-de-Penafiel-Valladolid-339x226.jpg 339w\" sizes=\"(max-width: 768px) 100vw, 768px\" \/>\t\t\t\t\t\t\t\t\t\t\t<figcaption class=\"widget-image-caption wp-caption-text\"><\/figcaption>\n\t\t\t\t\t\t\t\t\t\t<\/figure>\n\t\t\t\t\t\t\t\t\t<\/div>\n\t\t\t\t<\/div>\n\t\t\t\t<div class=\"elementor-element elementor-element-41c6213 elementor-widget elementor-widget-text-editor\" data-id=\"41c6213\" data-element_type=\"widget\" data-e-type=\"widget\" data-widget_type=\"text-editor.default\">\n\t\t\t\t<div class=\"elementor-widget-container\">\n\t\t\t\t\t\t\t\t\t<p>Als seus peus el caseriu de Pe\u00f1afiel, amb la franja de vegetaci\u00f3 de ribera que assenyala el curs del riu Durat\u00f3n, el qual havia estat el l\u00edmit de la tanca medieval per ponent.<\/p>\t\t\t\t\t\t\t\t<\/div>\n\t\t\t\t<\/div>\n\t\t\t\t<div class=\"elementor-element elementor-element-55df52c elementor-widget elementor-widget-image\" data-id=\"55df52c\" data-element_type=\"widget\" data-e-type=\"widget\" data-widget_type=\"image.default\">\n\t\t\t\t<div class=\"elementor-widget-container\">\n\t\t\t\t\t\t\t\t\t\t\t\t<figure class=\"wp-caption\">\n\t\t\t\t\t\t\t\t\t\t<img decoding=\"async\" src=\"https:\/\/www.elturistatranquil.com\/wp-content\/uploads\/F62b-Castillo-de-Penafiel-Valladolid-1.jpg\" title=\"\" alt=\"Castillo de Pe\u00f1afiel, Valladolid\" loading=\"lazy\" \/>\t\t\t\t\t\t\t\t\t\t\t<figcaption class=\"widget-image-caption wp-caption-text\"><\/figcaption>\n\t\t\t\t\t\t\t\t\t\t<\/figure>\n\t\t\t\t\t\t\t\t\t<\/div>\n\t\t\t\t<\/div>\n\t\t\t\t<div class=\"elementor-element elementor-element-32896aa elementor-widget elementor-widget-text-editor\" data-id=\"32896aa\" data-element_type=\"widget\" data-e-type=\"widget\" data-widget_type=\"text-editor.default\">\n\t\t\t\t<div class=\"elementor-widget-container\">\n\t\t\t\t\t\t\t\t\t<p>A l&#8217;esquerra, la pla\u00e7a del Coso i, al centre al fons, el convent de San Pablo, constru\u00eft sobre l&#8217;alc\u00e0sser d&#8217;Alfonso X.<\/p>\t\t\t\t\t\t\t\t<\/div>\n\t\t\t\t<\/div>\n\t\t\t\t<div class=\"elementor-element elementor-element-868e991 elementor-widget elementor-widget-image\" data-id=\"868e991\" data-element_type=\"widget\" data-e-type=\"widget\" data-widget_type=\"image.default\">\n\t\t\t\t<div class=\"elementor-widget-container\">\n\t\t\t\t\t\t\t\t\t\t\t\t<figure class=\"wp-caption\">\n\t\t\t\t\t\t\t\t\t\t<img loading=\"lazy\" decoding=\"async\" width=\"768\" height=\"512\" src=\"https:\/\/www.elturistatranquil.com\/wp-content\/uploads\/F62c-Castillo-de-Penafiel-Valladolid.jpg\" class=\"attachment-large size-large wp-image-44296\" alt=\"Castillo de Pe\u00f1afiel, Valladolid\" srcset=\"https:\/\/www.elturistatranquil.com\/wp-content\/uploads\/F62c-Castillo-de-Penafiel-Valladolid.jpg 768w, https:\/\/www.elturistatranquil.com\/wp-content\/uploads\/F62c-Castillo-de-Penafiel-Valladolid-339x226.jpg 339w\" sizes=\"(max-width: 768px) 100vw, 768px\" \/>\t\t\t\t\t\t\t\t\t\t\t<figcaption class=\"widget-image-caption wp-caption-text\"><\/figcaption>\n\t\t\t\t\t\t\t\t\t\t<\/figure>\n\t\t\t\t\t\t\t\t\t<\/div>\n\t\t\t\t<\/div>\n\t\t\t\t<div class=\"elementor-element elementor-element-225d1b2 elementor-widget elementor-widget-image\" data-id=\"225d1b2\" data-element_type=\"widget\" data-e-type=\"widget\" data-widget_type=\"image.default\">\n\t\t\t\t<div class=\"elementor-widget-container\">\n\t\t\t\t\t\t\t\t\t\t\t\t<figure class=\"wp-caption\">\n\t\t\t\t\t\t\t\t\t\t<img loading=\"lazy\" decoding=\"async\" width=\"768\" height=\"511\" src=\"https:\/\/www.elturistatranquil.com\/wp-content\/uploads\/F63-Castillo-de-Penafiel-Valladolid.jpg\" class=\"attachment-large size-large wp-image-44298\" alt=\"El domini sobre l&#039;entorn\" srcset=\"https:\/\/www.elturistatranquil.com\/wp-content\/uploads\/F63-Castillo-de-Penafiel-Valladolid.jpg 768w, https:\/\/www.elturistatranquil.com\/wp-content\/uploads\/F63-Castillo-de-Penafiel-Valladolid-339x226.jpg 339w\" sizes=\"(max-width: 768px) 100vw, 768px\" \/>\t\t\t\t\t\t\t\t\t\t\t<figcaption class=\"widget-image-caption wp-caption-text\"><\/figcaption>\n\t\t\t\t\t\t\t\t\t\t<\/figure>\n\t\t\t\t\t\t\t\t\t<\/div>\n\t\t\t\t<\/div>\n\t\t\t\t<div class=\"elementor-element elementor-element-a132560 elementor-widget elementor-widget-image\" data-id=\"a132560\" data-element_type=\"widget\" data-e-type=\"widget\" data-widget_type=\"image.default\">\n\t\t\t\t<div class=\"elementor-widget-container\">\n\t\t\t\t\t\t\t\t\t\t\t\t<figure class=\"wp-caption\">\n\t\t\t\t\t\t\t\t\t\t<img loading=\"lazy\" decoding=\"async\" width=\"768\" height=\"511\" src=\"https:\/\/www.elturistatranquil.com\/wp-content\/uploads\/F64-Castillo-de-Penafiel-Valladolid.jpg\" class=\"attachment-large size-large wp-image-44300\" alt=\"El domini sobre l&#039;entorn\" srcset=\"https:\/\/www.elturistatranquil.com\/wp-content\/uploads\/F64-Castillo-de-Penafiel-Valladolid.jpg 768w, https:\/\/www.elturistatranquil.com\/wp-content\/uploads\/F64-Castillo-de-Penafiel-Valladolid-339x226.jpg 339w\" sizes=\"(max-width: 768px) 100vw, 768px\" \/>\t\t\t\t\t\t\t\t\t\t\t<figcaption class=\"widget-image-caption wp-caption-text\"><\/figcaption>\n\t\t\t\t\t\t\t\t\t\t<\/figure>\n\t\t\t\t\t\t\t\t\t<\/div>\n\t\t\t\t<\/div>\n\t\t\t\t<div class=\"elementor-element elementor-element-6c6dcf8 elementor-widget elementor-widget-text-editor\" data-id=\"6c6dcf8\" data-element_type=\"widget\" data-e-type=\"widget\" data-widget_type=\"text-editor.default\">\n\t\t\t\t<div class=\"elementor-widget-container\">\n\t\t\t\t\t\t\t\t\t<p>Cap al nord destaca l&#8217;edifici del Bodegas Protos. El modern celler de l&#8217;any 2008, amb una superf\u00edcie de 19.450 m2, \u00e9s obra dels arquitectes Rogers Stirk Harbour + Partners i Alonso Balaguer i Arquitectes Associats.<\/p>\t\t\t\t\t\t\t\t<\/div>\n\t\t\t\t<\/div>\n\t\t\t\t<div class=\"elementor-element elementor-element-7862c1a elementor-widget elementor-widget-image\" data-id=\"7862c1a\" data-element_type=\"widget\" data-e-type=\"widget\" data-widget_type=\"image.default\">\n\t\t\t\t<div class=\"elementor-widget-container\">\n\t\t\t\t\t\t\t\t\t\t\t\t<figure class=\"wp-caption\">\n\t\t\t\t\t\t\t\t\t\t<img loading=\"lazy\" decoding=\"async\" width=\"768\" height=\"512\" src=\"https:\/\/www.elturistatranquil.com\/wp-content\/uploads\/F65-Castillo-de-Penafiel-Valladolid.jpg\" class=\"attachment-large size-large wp-image-44305\" alt=\"Castillo de Pe\u00f1afiel, Valladolid\" srcset=\"https:\/\/www.elturistatranquil.com\/wp-content\/uploads\/F65-Castillo-de-Penafiel-Valladolid.jpg 768w, https:\/\/www.elturistatranquil.com\/wp-content\/uploads\/F65-Castillo-de-Penafiel-Valladolid-339x226.jpg 339w\" sizes=\"(max-width: 768px) 100vw, 768px\" \/>\t\t\t\t\t\t\t\t\t\t\t<figcaption class=\"widget-image-caption wp-caption-text\"><\/figcaption>\n\t\t\t\t\t\t\t\t\t\t<\/figure>\n\t\t\t\t\t\t\t\t\t<\/div>\n\t\t\t\t<\/div>\n\t\t\t\t<div class=\"elementor-element elementor-element-9dc1277 elementor-widget elementor-widget-image\" data-id=\"9dc1277\" data-element_type=\"widget\" data-e-type=\"widget\" data-widget_type=\"image.default\">\n\t\t\t\t<div class=\"elementor-widget-container\">\n\t\t\t\t\t\t\t\t\t\t\t\t<figure class=\"wp-caption\">\n\t\t\t\t\t\t\t\t\t\t<img loading=\"lazy\" decoding=\"async\" width=\"768\" height=\"512\" src=\"https:\/\/www.elturistatranquil.com\/wp-content\/uploads\/F66-Bodegas-Protos-Penafiel-Valladolid.jpg\" class=\"attachment-large size-large wp-image-44378\" alt=\"Bodegas Protos, Pe\u00f1afiel, Valladolid\" srcset=\"https:\/\/www.elturistatranquil.com\/wp-content\/uploads\/F66-Bodegas-Protos-Penafiel-Valladolid.jpg 768w, https:\/\/www.elturistatranquil.com\/wp-content\/uploads\/F66-Bodegas-Protos-Penafiel-Valladolid-339x226.jpg 339w\" sizes=\"(max-width: 768px) 100vw, 768px\" \/>\t\t\t\t\t\t\t\t\t\t\t<figcaption class=\"widget-image-caption wp-caption-text\"><\/figcaption>\n\t\t\t\t\t\t\t\t\t\t<\/figure>\n\t\t\t\t\t\t\t\t\t<\/div>\n\t\t\t\t<\/div>\n\t\t\t\t<div class=\"elementor-element elementor-element-8e05e00 elementor-widget elementor-widget-image\" data-id=\"8e05e00\" data-element_type=\"widget\" data-e-type=\"widget\" data-widget_type=\"image.default\">\n\t\t\t\t<div class=\"elementor-widget-container\">\n\t\t\t\t\t\t\t\t\t\t\t\t<figure class=\"wp-caption\">\n\t\t\t\t\t\t\t\t\t\t<img loading=\"lazy\" decoding=\"async\" width=\"768\" height=\"512\" src=\"https:\/\/www.elturistatranquil.com\/wp-content\/uploads\/F67-Castillo-de-Penafiel-Valladolid.jpg\" class=\"attachment-large size-large wp-image-44309\" alt=\"Castillo de Pe\u00f1afiel, Valladolid\" srcset=\"https:\/\/www.elturistatranquil.com\/wp-content\/uploads\/F67-Castillo-de-Penafiel-Valladolid.jpg 768w, https:\/\/www.elturistatranquil.com\/wp-content\/uploads\/F67-Castillo-de-Penafiel-Valladolid-339x226.jpg 339w\" sizes=\"(max-width: 768px) 100vw, 768px\" \/>\t\t\t\t\t\t\t\t\t\t\t<figcaption class=\"widget-image-caption wp-caption-text\"><\/figcaption>\n\t\t\t\t\t\t\t\t\t\t<\/figure>\n\t\t\t\t\t\t\t\t\t<\/div>\n\t\t\t\t<\/div>\n\t\t\t\t<div class=\"elementor-element elementor-element-22d8a5b elementor-widget elementor-widget-text-editor\" data-id=\"22d8a5b\" data-element_type=\"widget\" data-e-type=\"widget\" data-widget_type=\"text-editor.default\">\n\t\t\t\t<div class=\"elementor-widget-container\">\n\t\t\t\t\t\t\t\t\t<p>Descendint, alguna sagetera i una finestra aporten il\u00b7luminaci\u00f3 en el recorregut per l&#8217;escala, oferint alhora espl\u00e8ndides imatges sobre l&#8217;entorn.<\/p>\t\t\t\t\t\t\t\t<\/div>\n\t\t\t\t<\/div>\n\t\t\t\t<div class=\"elementor-element elementor-element-acc81d3 elementor-widget elementor-widget-image\" data-id=\"acc81d3\" data-element_type=\"widget\" data-e-type=\"widget\" data-widget_type=\"image.default\">\n\t\t\t\t<div class=\"elementor-widget-container\">\n\t\t\t\t\t\t\t\t\t\t\t\t<figure class=\"wp-caption\">\n\t\t\t\t\t\t\t\t\t\t<img loading=\"lazy\" decoding=\"async\" width=\"768\" height=\"511\" src=\"https:\/\/www.elturistatranquil.com\/wp-content\/uploads\/F68-Castillo-de-Penafiel-Valladolid.jpg\" class=\"attachment-large size-large wp-image-44314\" alt=\"Castillo de Pe\u00f1afiel, Valladolid\" srcset=\"https:\/\/www.elturistatranquil.com\/wp-content\/uploads\/F68-Castillo-de-Penafiel-Valladolid.jpg 768w, https:\/\/www.elturistatranquil.com\/wp-content\/uploads\/F68-Castillo-de-Penafiel-Valladolid-339x226.jpg 339w\" sizes=\"(max-width: 768px) 100vw, 768px\" \/>\t\t\t\t\t\t\t\t\t\t\t<figcaption class=\"widget-image-caption wp-caption-text\"><\/figcaption>\n\t\t\t\t\t\t\t\t\t\t<\/figure>\n\t\t\t\t\t\t\t\t\t<\/div>\n\t\t\t\t<\/div>\n\t\t\t\t<div class=\"elementor-element elementor-element-01b88ff elementor-widget elementor-widget-text-editor\" data-id=\"01b88ff\" data-element_type=\"widget\" data-e-type=\"widget\" data-widget_type=\"text-editor.default\">\n\t\t\t\t<div class=\"elementor-widget-container\">\n\t\t\t\t\t\t\t\t\t<p>El que va ser el soterrani per a magatzem s&#8217;ha destinat a sala de tasts de vins, amb pres\u00e8ncia de tots els vins de la prov\u00edncia de Valladolid.<\/p><p>Com he assenyalat, es va obrir un acc\u00e9s directe al pati del castell, cosa que facilita l&#8217;accessibilitat i l&#8217;\u00fas d&#8217;aquesta sala, encara que trencar l&#8217;aspecte de fortalesa inexpugnable d&#8217;una torre de l&#8217;homenatge.<\/p>\t\t\t\t\t\t\t\t<\/div>\n\t\t\t\t<\/div>\n\t\t\t\t<div class=\"elementor-element elementor-element-4f063c2 elementor-widget elementor-widget-image\" data-id=\"4f063c2\" data-element_type=\"widget\" data-e-type=\"widget\" data-widget_type=\"image.default\">\n\t\t\t\t<div class=\"elementor-widget-container\">\n\t\t\t\t\t\t\t\t\t\t\t\t<figure class=\"wp-caption\">\n\t\t\t\t\t\t\t\t\t\t<img loading=\"lazy\" decoding=\"async\" width=\"768\" height=\"511\" src=\"https:\/\/www.elturistatranquil.com\/wp-content\/uploads\/F69-Castillo-de-Penafiel-Valladolid.jpg\" class=\"attachment-large size-large wp-image-44316\" alt=\"Castillo de Pe\u00f1afiel, Valladolid\" srcset=\"https:\/\/www.elturistatranquil.com\/wp-content\/uploads\/F69-Castillo-de-Penafiel-Valladolid.jpg 768w, https:\/\/www.elturistatranquil.com\/wp-content\/uploads\/F69-Castillo-de-Penafiel-Valladolid-339x226.jpg 339w\" sizes=\"(max-width: 768px) 100vw, 768px\" \/>\t\t\t\t\t\t\t\t\t\t\t<figcaption class=\"widget-image-caption wp-caption-text\"><\/figcaption>\n\t\t\t\t\t\t\t\t\t\t<\/figure>\n\t\t\t\t\t\t\t\t\t<\/div>\n\t\t\t\t<\/div>\n\t\t\t\t<div class=\"elementor-element elementor-element-de45406 elementor-widget elementor-widget-text-editor\" data-id=\"de45406\" data-element_type=\"widget\" data-e-type=\"widget\" data-widget_type=\"text-editor.default\">\n\t\t\t\t<div class=\"elementor-widget-container\">\n\t\t\t\t\t\t\t\t\t<p>Com sabem, el sostre de la planta \u00e9s una volta de pedra.<\/p>\t\t\t\t\t\t\t\t<\/div>\n\t\t\t\t<\/div>\n\t\t\t\t<div class=\"elementor-element elementor-element-a071770 elementor-widget elementor-widget-image\" data-id=\"a071770\" data-element_type=\"widget\" data-e-type=\"widget\" data-widget_type=\"image.default\">\n\t\t\t\t<div class=\"elementor-widget-container\">\n\t\t\t\t\t\t\t\t\t\t\t\t<figure class=\"wp-caption\">\n\t\t\t\t\t\t\t\t\t\t<img loading=\"lazy\" decoding=\"async\" width=\"768\" height=\"511\" src=\"https:\/\/www.elturistatranquil.com\/wp-content\/uploads\/F70-Castillo-de-Penafiel-Valladolid.jpg\" class=\"attachment-large size-large wp-image-44318\" alt=\"Castillo de Pe\u00f1afiel, Valladolid\" srcset=\"https:\/\/www.elturistatranquil.com\/wp-content\/uploads\/F70-Castillo-de-Penafiel-Valladolid.jpg 768w, https:\/\/www.elturistatranquil.com\/wp-content\/uploads\/F70-Castillo-de-Penafiel-Valladolid-339x226.jpg 339w\" sizes=\"(max-width: 768px) 100vw, 768px\" \/>\t\t\t\t\t\t\t\t\t\t\t<figcaption class=\"widget-image-caption wp-caption-text\"><\/figcaption>\n\t\t\t\t\t\t\t\t\t\t<\/figure>\n\t\t\t\t\t\t\t\t\t<\/div>\n\t\t\t\t<\/div>\n\t\t\t\t<div class=\"elementor-element elementor-element-903a522 elementor-widget elementor-widget-text-editor\" data-id=\"903a522\" data-element_type=\"widget\" data-e-type=\"widget\" data-widget_type=\"text-editor.default\">\n\t\t\t\t<div class=\"elementor-widget-container\">\n\t\t\t\t\t\t\t\t\t<p>Aqu\u00ed s&#8217;acaba el recorregut de la visita, obligat\u00f2riament guiada, pel castell hist\u00f2ric. Ara podrem visitar el Museu Provincial del Vi.<\/p>\t\t\t\t\t\t\t\t<\/div>\n\t\t\t\t<\/div>\n\t\t\t\t<div class=\"elementor-element elementor-element-edd7197 elementor-widget elementor-widget-heading\" data-id=\"edd7197\" data-element_type=\"widget\" data-e-type=\"widget\" data-widget_type=\"heading.default\">\n\t\t\t\t<div class=\"elementor-widget-container\">\n\t\t\t\t\t<h2 class=\"elementor-heading-title elementor-size-default\">Museu Provincial del Vi de Valladolid<\/h2>\t\t\t\t<\/div>\n\t\t\t\t<\/div>\n\t\t\t\t<div class=\"elementor-element elementor-element-f91ceb9 elementor-widget elementor-widget-image\" data-id=\"f91ceb9\" data-element_type=\"widget\" data-e-type=\"widget\" data-widget_type=\"image.default\">\n\t\t\t\t<div class=\"elementor-widget-container\">\n\t\t\t\t\t\t\t\t\t\t\t\t<figure class=\"wp-caption\">\n\t\t\t\t\t\t\t\t\t\t<img loading=\"lazy\" decoding=\"async\" width=\"768\" height=\"512\" src=\"https:\/\/www.elturistatranquil.com\/wp-content\/uploads\/F71-Castillo-de-Penafiel-Valladolid.-Escultura-de-Julio-Galan.jpg\" class=\"attachment-large size-large wp-image-44320\" alt=\"Museo del vino. Castillo de Pe\u00f1afiel, Valladolid\" srcset=\"https:\/\/www.elturistatranquil.com\/wp-content\/uploads\/F71-Castillo-de-Penafiel-Valladolid.-Escultura-de-Julio-Galan.jpg 768w, https:\/\/www.elturistatranquil.com\/wp-content\/uploads\/F71-Castillo-de-Penafiel-Valladolid.-Escultura-de-Julio-Galan-339x226.jpg 339w\" sizes=\"(max-width: 768px) 100vw, 768px\" \/>\t\t\t\t\t\t\t\t\t\t\t<figcaption class=\"widget-image-caption wp-caption-text\">Escultura de Julio Gal\u00e1n<\/figcaption>\n\t\t\t\t\t\t\t\t\t\t<\/figure>\n\t\t\t\t\t\t\t\t\t<\/div>\n\t\t\t\t<\/div>\n\t\t\t\t<div class=\"elementor-element elementor-element-e4dd6bd elementor-widget elementor-widget-text-editor\" data-id=\"e4dd6bd\" data-element_type=\"widget\" data-e-type=\"widget\" data-widget_type=\"text-editor.default\">\n\t\t\t\t<div class=\"elementor-widget-container\">\n\t\t\t\t\t\t\t\t\t<p>La construcci\u00f3 muse\u00edstica \u00e9s una edificaci\u00f3 sobre una estructura exempta, que no modifica el mur interior de la fortalesa i permet observar-lo a tot el recorregut.<\/p><p>Com s&#8217;assenyala en una informaci\u00f3 muse\u00edstica, el museu gaireb\u00e9 no toca els paraments de pedra, s&#8217;instal\u00b7la com una construcci\u00f3 exempta composta per pilars i bigues d&#8217;acer i forjats de fusta, materials que estableixen una clara diferenciaci\u00f3 amb els murs que des del segle XV conformen el pati del castell. A m\u00e9s, la ubicaci\u00f3 d&#8217;aquest Museu al pati no trenca la tipologia de pati obert, ja que des dels seus inicis aquest pati albergava pavellons per a soldats i cavallerisses.<\/p><p>El projecte muse\u00edstic es presenta als dos nivells de l&#8217;edificaci\u00f3 a trav\u00e9s de v\u00eddeos, panells, un taulell d&#8217;aromes, mapes, recreacions\u2026 per poder viatjar a trav\u00e9s de la hist\u00f2ria del vi, aprendre de la vinya, la crian\u00e7a i reserva, la mitologia, hist\u00f2ria, festes, arquitectura popular, denominacions d&#8217;origen, gastronomia\u2026<\/p>\t\t\t\t\t\t\t\t<\/div>\n\t\t\t\t<\/div>\n\t\t\t\t<div class=\"elementor-element elementor-element-6d3f720 elementor-widget elementor-widget-image\" data-id=\"6d3f720\" data-element_type=\"widget\" data-e-type=\"widget\" data-widget_type=\"image.default\">\n\t\t\t\t<div class=\"elementor-widget-container\">\n\t\t\t\t\t\t\t\t\t\t\t\t<figure class=\"wp-caption\">\n\t\t\t\t\t\t\t\t\t\t<img loading=\"lazy\" decoding=\"async\" width=\"768\" height=\"512\" src=\"https:\/\/www.elturistatranquil.com\/wp-content\/uploads\/F72-Museo-del-vino.-Castillo-de-Penafiel-Valladolid.jpg\" class=\"attachment-large size-large wp-image-44326\" alt=\"Museo del vino. Castillo de Pe\u00f1afiel, Valladolid\" srcset=\"https:\/\/www.elturistatranquil.com\/wp-content\/uploads\/F72-Museo-del-vino.-Castillo-de-Penafiel-Valladolid.jpg 768w, https:\/\/www.elturistatranquil.com\/wp-content\/uploads\/F72-Museo-del-vino.-Castillo-de-Penafiel-Valladolid-339x226.jpg 339w\" sizes=\"(max-width: 768px) 100vw, 768px\" \/>\t\t\t\t\t\t\t\t\t\t\t<figcaption class=\"widget-image-caption wp-caption-text\"><\/figcaption>\n\t\t\t\t\t\t\t\t\t\t<\/figure>\n\t\t\t\t\t\t\t\t\t<\/div>\n\t\t\t\t<\/div>\n\t\t\t\t<div class=\"elementor-element elementor-element-f2b0374 elementor-widget elementor-widget-text-editor\" data-id=\"f2b0374\" data-element_type=\"widget\" data-e-type=\"widget\" data-widget_type=\"text-editor.default\">\n\t\t\t\t<div class=\"elementor-widget-container\">\n\t\t\t\t\t\t\t\t\t<p>Una maqueta del castell presideix la recepci\u00f3.<\/p>\t\t\t\t\t\t\t\t<\/div>\n\t\t\t\t<\/div>\n\t\t\t\t<div class=\"elementor-element elementor-element-a58c694 elementor-widget elementor-widget-image\" data-id=\"a58c694\" data-element_type=\"widget\" data-e-type=\"widget\" data-widget_type=\"image.default\">\n\t\t\t\t<div class=\"elementor-widget-container\">\n\t\t\t\t\t\t\t\t\t\t\t\t<figure class=\"wp-caption\">\n\t\t\t\t\t\t\t\t\t\t<img loading=\"lazy\" decoding=\"async\" width=\"768\" height=\"512\" src=\"https:\/\/www.elturistatranquil.com\/wp-content\/uploads\/F73-Museo-del-vino.-Castillo-de-Penafiel-Valladolid.jpg\" class=\"attachment-large size-large wp-image-44322\" alt=\"Museo del vino. Castillo de Pe\u00f1afiel, Valladolid\" srcset=\"https:\/\/www.elturistatranquil.com\/wp-content\/uploads\/F73-Museo-del-vino.-Castillo-de-Penafiel-Valladolid.jpg 768w, https:\/\/www.elturistatranquil.com\/wp-content\/uploads\/F73-Museo-del-vino.-Castillo-de-Penafiel-Valladolid-339x226.jpg 339w\" sizes=\"(max-width: 768px) 100vw, 768px\" \/>\t\t\t\t\t\t\t\t\t\t\t<figcaption class=\"widget-image-caption wp-caption-text\"><\/figcaption>\n\t\t\t\t\t\t\t\t\t\t<\/figure>\n\t\t\t\t\t\t\t\t\t<\/div>\n\t\t\t\t<\/div>\n\t\t\t\t<div class=\"elementor-element elementor-element-c67ba2d elementor-widget elementor-widget-image\" data-id=\"c67ba2d\" data-element_type=\"widget\" data-e-type=\"widget\" data-widget_type=\"image.default\">\n\t\t\t\t<div class=\"elementor-widget-container\">\n\t\t\t\t\t\t\t\t\t\t\t\t<figure class=\"wp-caption\">\n\t\t\t\t\t\t\t\t\t\t<img loading=\"lazy\" decoding=\"async\" width=\"768\" height=\"511\" src=\"https:\/\/www.elturistatranquil.com\/wp-content\/uploads\/F74-Museo-del-vino.-Castillo-de-Penafiel-Valladolid.jpg\" class=\"attachment-large size-large wp-image-44324\" alt=\"Museo del vino. Castillo de Pe\u00f1afiel, Valladolid\" srcset=\"https:\/\/www.elturistatranquil.com\/wp-content\/uploads\/F74-Museo-del-vino.-Castillo-de-Penafiel-Valladolid.jpg 768w, https:\/\/www.elturistatranquil.com\/wp-content\/uploads\/F74-Museo-del-vino.-Castillo-de-Penafiel-Valladolid-339x226.jpg 339w\" sizes=\"(max-width: 768px) 100vw, 768px\" \/>\t\t\t\t\t\t\t\t\t\t\t<figcaption class=\"widget-image-caption wp-caption-text\"><\/figcaption>\n\t\t\t\t\t\t\t\t\t\t<\/figure>\n\t\t\t\t\t\t\t\t\t<\/div>\n\t\t\t\t<\/div>\n\t\t\t\t<div class=\"elementor-element elementor-element-1bc1dee elementor-widget elementor-widget-text-editor\" data-id=\"1bc1dee\" data-element_type=\"widget\" data-e-type=\"widget\" data-widget_type=\"text-editor.default\">\n\t\t\t\t<div class=\"elementor-widget-container\">\n\t\t\t\t\t\t\t\t\t<p>Als murs es poden observar els metxinals que van haver de correspondre a suports de les construccions medievals de cavallerisses i allotjaments.<\/p>\t\t\t\t\t\t\t\t<\/div>\n\t\t\t\t<\/div>\n\t\t\t\t<div class=\"elementor-element elementor-element-a3aeefc elementor-widget elementor-widget-image\" data-id=\"a3aeefc\" data-element_type=\"widget\" data-e-type=\"widget\" data-widget_type=\"image.default\">\n\t\t\t\t<div class=\"elementor-widget-container\">\n\t\t\t\t\t\t\t\t\t\t\t\t<figure class=\"wp-caption\">\n\t\t\t\t\t\t\t\t\t\t<img loading=\"lazy\" decoding=\"async\" width=\"768\" height=\"512\" src=\"https:\/\/www.elturistatranquil.com\/wp-content\/uploads\/F75-Museo-del-vino.-Castillo-de-Penafiel-Valladolid.jpg\" class=\"attachment-large size-large wp-image-44328\" alt=\"Museo del vino. Castillo de Pe\u00f1afiel, Valladolid\" srcset=\"https:\/\/www.elturistatranquil.com\/wp-content\/uploads\/F75-Museo-del-vino.-Castillo-de-Penafiel-Valladolid.jpg 768w, https:\/\/www.elturistatranquil.com\/wp-content\/uploads\/F75-Museo-del-vino.-Castillo-de-Penafiel-Valladolid-339x226.jpg 339w\" sizes=\"(max-width: 768px) 100vw, 768px\" \/>\t\t\t\t\t\t\t\t\t\t\t<figcaption class=\"widget-image-caption wp-caption-text\"><\/figcaption>\n\t\t\t\t\t\t\t\t\t\t<\/figure>\n\t\t\t\t\t\t\t\t\t<\/div>\n\t\t\t\t<\/div>\n\t\t\t\t<div class=\"elementor-element elementor-element-08a3bd7 elementor-widget elementor-widget-image\" data-id=\"08a3bd7\" data-element_type=\"widget\" data-e-type=\"widget\" data-widget_type=\"image.default\">\n\t\t\t\t<div class=\"elementor-widget-container\">\n\t\t\t\t\t\t\t\t\t\t\t\t<figure class=\"wp-caption\">\n\t\t\t\t\t\t\t\t\t\t<img loading=\"lazy\" decoding=\"async\" width=\"768\" height=\"512\" src=\"https:\/\/www.elturistatranquil.com\/wp-content\/uploads\/F76-Museo-del-vino.-Castillo-de-Penafiel-Valladolid.jpg\" class=\"attachment-large size-large wp-image-44330\" alt=\"Museo del vino. Castillo de Pe\u00f1afiel, Valladolid\" srcset=\"https:\/\/www.elturistatranquil.com\/wp-content\/uploads\/F76-Museo-del-vino.-Castillo-de-Penafiel-Valladolid.jpg 768w, https:\/\/www.elturistatranquil.com\/wp-content\/uploads\/F76-Museo-del-vino.-Castillo-de-Penafiel-Valladolid-339x226.jpg 339w\" sizes=\"(max-width: 768px) 100vw, 768px\" \/>\t\t\t\t\t\t\t\t\t\t\t<figcaption class=\"widget-image-caption wp-caption-text\"><\/figcaption>\n\t\t\t\t\t\t\t\t\t\t<\/figure>\n\t\t\t\t\t\t\t\t\t<\/div>\n\t\t\t\t<\/div>\n\t\t\t\t<div class=\"elementor-element elementor-element-741d579 elementor-widget elementor-widget-image\" data-id=\"741d579\" data-element_type=\"widget\" data-e-type=\"widget\" data-widget_type=\"image.default\">\n\t\t\t\t<div class=\"elementor-widget-container\">\n\t\t\t\t\t\t\t\t\t\t\t\t<figure class=\"wp-caption\">\n\t\t\t\t\t\t\t\t\t\t<img loading=\"lazy\" decoding=\"async\" width=\"768\" height=\"576\" src=\"https:\/\/www.elturistatranquil.com\/wp-content\/uploads\/F77-Museo-del-vino.-Castillo-de-Penafiel-Valladolid.jpg\" class=\"attachment-large size-large wp-image-44332\" alt=\"Museo del vino. Castillo de Pe\u00f1afiel, Valladolid\" srcset=\"https:\/\/www.elturistatranquil.com\/wp-content\/uploads\/F77-Museo-del-vino.-Castillo-de-Penafiel-Valladolid.jpg 768w, https:\/\/www.elturistatranquil.com\/wp-content\/uploads\/F77-Museo-del-vino.-Castillo-de-Penafiel-Valladolid-301x226.jpg 301w\" sizes=\"(max-width: 768px) 100vw, 768px\" \/>\t\t\t\t\t\t\t\t\t\t\t<figcaption class=\"widget-image-caption wp-caption-text\"><\/figcaption>\n\t\t\t\t\t\t\t\t\t\t<\/figure>\n\t\t\t\t\t\t\t\t\t<\/div>\n\t\t\t\t<\/div>\n\t\t\t\t<div class=\"elementor-element elementor-element-37e2f20 elementor-widget elementor-widget-image\" data-id=\"37e2f20\" data-element_type=\"widget\" data-e-type=\"widget\" data-widget_type=\"image.default\">\n\t\t\t\t<div class=\"elementor-widget-container\">\n\t\t\t\t\t\t\t\t\t\t\t\t<figure class=\"wp-caption\">\n\t\t\t\t\t\t\t\t\t\t<img loading=\"lazy\" decoding=\"async\" width=\"768\" height=\"512\" src=\"https:\/\/www.elturistatranquil.com\/wp-content\/uploads\/F78-Museo-del-vino.-Castillo-de-Penafiel-Valladolid.jpg\" class=\"attachment-large size-large wp-image-44334\" alt=\"Museo del vino. Castillo de Pe\u00f1afiel, Valladolid\" srcset=\"https:\/\/www.elturistatranquil.com\/wp-content\/uploads\/F78-Museo-del-vino.-Castillo-de-Penafiel-Valladolid.jpg 768w, https:\/\/www.elturistatranquil.com\/wp-content\/uploads\/F78-Museo-del-vino.-Castillo-de-Penafiel-Valladolid-339x226.jpg 339w\" sizes=\"(max-width: 768px) 100vw, 768px\" \/>\t\t\t\t\t\t\t\t\t\t\t<figcaption class=\"widget-image-caption wp-caption-text\"><\/figcaption>\n\t\t\t\t\t\t\t\t\t\t<\/figure>\n\t\t\t\t\t\t\t\t\t<\/div>\n\t\t\t\t<\/div>\n\t\t\t\t<div class=\"elementor-element elementor-element-f1332bf elementor-widget elementor-widget-image\" data-id=\"f1332bf\" data-element_type=\"widget\" data-e-type=\"widget\" data-widget_type=\"image.default\">\n\t\t\t\t<div class=\"elementor-widget-container\">\n\t\t\t\t\t\t\t\t\t\t\t\t<figure class=\"wp-caption\">\n\t\t\t\t\t\t\t\t\t\t<img loading=\"lazy\" decoding=\"async\" width=\"768\" height=\"512\" src=\"https:\/\/www.elturistatranquil.com\/wp-content\/uploads\/F79-Museo-del-vino.-Castillo-de-Penafiel-Valladolid.jpg\" class=\"attachment-large size-large wp-image-44339\" alt=\"Museo del vino. Castillo de Pe\u00f1afiel, Valladolid\" srcset=\"https:\/\/www.elturistatranquil.com\/wp-content\/uploads\/F79-Museo-del-vino.-Castillo-de-Penafiel-Valladolid.jpg 768w, https:\/\/www.elturistatranquil.com\/wp-content\/uploads\/F79-Museo-del-vino.-Castillo-de-Penafiel-Valladolid-339x226.jpg 339w\" sizes=\"(max-width: 768px) 100vw, 768px\" \/>\t\t\t\t\t\t\t\t\t\t\t<figcaption class=\"widget-image-caption wp-caption-text\"><\/figcaption>\n\t\t\t\t\t\t\t\t\t\t<\/figure>\n\t\t\t\t\t\t\t\t\t<\/div>\n\t\t\t\t<\/div>\n\t\t\t\t<div class=\"elementor-element elementor-element-c2e932a elementor-widget elementor-widget-image\" data-id=\"c2e932a\" data-element_type=\"widget\" data-e-type=\"widget\" data-widget_type=\"image.default\">\n\t\t\t\t<div class=\"elementor-widget-container\">\n\t\t\t\t\t\t\t\t\t\t\t\t<figure class=\"wp-caption\">\n\t\t\t\t\t\t\t\t\t\t<img loading=\"lazy\" decoding=\"async\" width=\"768\" height=\"512\" src=\"https:\/\/www.elturistatranquil.com\/wp-content\/uploads\/F80-Museo-del-vino.-Castillo-de-Penafiel-Valladolid.jpg\" class=\"attachment-large size-large wp-image-44341\" alt=\"Museo del vino. Castillo de Pe\u00f1afiel, Valladolid\" srcset=\"https:\/\/www.elturistatranquil.com\/wp-content\/uploads\/F80-Museo-del-vino.-Castillo-de-Penafiel-Valladolid.jpg 768w, https:\/\/www.elturistatranquil.com\/wp-content\/uploads\/F80-Museo-del-vino.-Castillo-de-Penafiel-Valladolid-339x226.jpg 339w\" sizes=\"(max-width: 768px) 100vw, 768px\" \/>\t\t\t\t\t\t\t\t\t\t\t<figcaption class=\"widget-image-caption wp-caption-text\"><\/figcaption>\n\t\t\t\t\t\t\t\t\t\t<\/figure>\n\t\t\t\t\t\t\t\t\t<\/div>\n\t\t\t\t<\/div>\n\t\t\t\t<div class=\"elementor-element elementor-element-d4a110e elementor-widget elementor-widget-image\" data-id=\"d4a110e\" data-element_type=\"widget\" data-e-type=\"widget\" data-widget_type=\"image.default\">\n\t\t\t\t<div class=\"elementor-widget-container\">\n\t\t\t\t\t\t\t\t\t\t\t\t<figure class=\"wp-caption\">\n\t\t\t\t\t\t\t\t\t\t<img loading=\"lazy\" decoding=\"async\" width=\"768\" height=\"512\" src=\"https:\/\/www.elturistatranquil.com\/wp-content\/uploads\/F82-Museo-del-vino.-Castillo-de-Penafiel-Valladolid.jpg\" class=\"attachment-large size-large wp-image-44343\" alt=\"Museo del vino. Castillo de Pe\u00f1afiel, Valladolid\" srcset=\"https:\/\/www.elturistatranquil.com\/wp-content\/uploads\/F82-Museo-del-vino.-Castillo-de-Penafiel-Valladolid.jpg 768w, https:\/\/www.elturistatranquil.com\/wp-content\/uploads\/F82-Museo-del-vino.-Castillo-de-Penafiel-Valladolid-339x226.jpg 339w\" sizes=\"(max-width: 768px) 100vw, 768px\" \/>\t\t\t\t\t\t\t\t\t\t\t<figcaption class=\"widget-image-caption wp-caption-text\"><\/figcaption>\n\t\t\t\t\t\t\t\t\t\t<\/figure>\n\t\t\t\t\t\t\t\t\t<\/div>\n\t\t\t\t<\/div>\n\t\t\t\t<div class=\"elementor-element elementor-element-07ffe5c elementor-widget elementor-widget-image\" data-id=\"07ffe5c\" data-element_type=\"widget\" data-e-type=\"widget\" data-widget_type=\"image.default\">\n\t\t\t\t<div class=\"elementor-widget-container\">\n\t\t\t\t\t\t\t\t\t\t\t\t<figure class=\"wp-caption\">\n\t\t\t\t\t\t\t\t\t\t<img loading=\"lazy\" decoding=\"async\" width=\"768\" height=\"512\" src=\"https:\/\/www.elturistatranquil.com\/wp-content\/uploads\/F83-Museo-del-vino.-Castillo-de-Penafiel-Valladolid.jpg\" class=\"attachment-large size-large wp-image-44345\" alt=\"Museo del vino. Castillo de Pe\u00f1afiel, Valladolid\" srcset=\"https:\/\/www.elturistatranquil.com\/wp-content\/uploads\/F83-Museo-del-vino.-Castillo-de-Penafiel-Valladolid.jpg 768w, https:\/\/www.elturistatranquil.com\/wp-content\/uploads\/F83-Museo-del-vino.-Castillo-de-Penafiel-Valladolid-339x226.jpg 339w\" sizes=\"(max-width: 768px) 100vw, 768px\" \/>\t\t\t\t\t\t\t\t\t\t\t<figcaption class=\"widget-image-caption wp-caption-text\"><\/figcaption>\n\t\t\t\t\t\t\t\t\t\t<\/figure>\n\t\t\t\t\t\t\t\t\t<\/div>\n\t\t\t\t<\/div>\n\t\t\t\t<div class=\"elementor-element elementor-element-7d4ea53 elementor-widget elementor-widget-image\" data-id=\"7d4ea53\" data-element_type=\"widget\" data-e-type=\"widget\" data-widget_type=\"image.default\">\n\t\t\t\t<div class=\"elementor-widget-container\">\n\t\t\t\t\t\t\t\t\t\t\t\t<figure class=\"wp-caption\">\n\t\t\t\t\t\t\t\t\t\t<img loading=\"lazy\" decoding=\"async\" width=\"768\" height=\"512\" src=\"https:\/\/www.elturistatranquil.com\/wp-content\/uploads\/F81-Museo-del-vino.-Castillo-de-Penafiel-Valladolid.jpg\" class=\"attachment-large size-large wp-image-44380\" alt=\"Museo del vino. Castillo de Pe\u00f1afiel, Valladolid\" srcset=\"https:\/\/www.elturistatranquil.com\/wp-content\/uploads\/F81-Museo-del-vino.-Castillo-de-Penafiel-Valladolid.jpg 768w, https:\/\/www.elturistatranquil.com\/wp-content\/uploads\/F81-Museo-del-vino.-Castillo-de-Penafiel-Valladolid-339x226.jpg 339w\" sizes=\"(max-width: 768px) 100vw, 768px\" \/>\t\t\t\t\t\t\t\t\t\t\t<figcaption class=\"widget-image-caption wp-caption-text\"><\/figcaption>\n\t\t\t\t\t\t\t\t\t\t<\/figure>\n\t\t\t\t\t\t\t\t\t<\/div>\n\t\t\t\t<\/div>\n\t\t\t\t<div class=\"elementor-element elementor-element-6fdc878 elementor-widget elementor-widget-image\" data-id=\"6fdc878\" data-element_type=\"widget\" data-e-type=\"widget\" data-widget_type=\"image.default\">\n\t\t\t\t<div class=\"elementor-widget-container\">\n\t\t\t\t\t\t\t\t\t\t\t\t<figure class=\"wp-caption\">\n\t\t\t\t\t\t\t\t\t\t<img loading=\"lazy\" decoding=\"async\" width=\"768\" height=\"512\" src=\"https:\/\/www.elturistatranquil.com\/wp-content\/uploads\/F84-Museo-del-vino.-Castillo-de-Penafiel-Valladolid.jpg\" class=\"attachment-large size-large wp-image-44350\" alt=\"Museo del vino. Castillo de Pe\u00f1afiel, Valladolid\" srcset=\"https:\/\/www.elturistatranquil.com\/wp-content\/uploads\/F84-Museo-del-vino.-Castillo-de-Penafiel-Valladolid.jpg 768w, https:\/\/www.elturistatranquil.com\/wp-content\/uploads\/F84-Museo-del-vino.-Castillo-de-Penafiel-Valladolid-339x226.jpg 339w\" sizes=\"(max-width: 768px) 100vw, 768px\" \/>\t\t\t\t\t\t\t\t\t\t\t<figcaption class=\"widget-image-caption wp-caption-text\"><\/figcaption>\n\t\t\t\t\t\t\t\t\t\t<\/figure>\n\t\t\t\t\t\t\t\t\t<\/div>\n\t\t\t\t<\/div>\n\t\t\t\t<section class=\"elementor-section elementor-inner-section elementor-element elementor-element-efc4da6 elementor-section-boxed elementor-section-height-default elementor-section-height-default\" data-id=\"efc4da6\" data-element_type=\"section\" data-e-type=\"section\">\n\t\t\t\t\t\t<div class=\"elementor-container elementor-column-gap-default\">\n\t\t\t\t\t<div class=\"elementor-column elementor-col-50 elementor-inner-column elementor-element elementor-element-52f02bb\" data-id=\"52f02bb\" data-element_type=\"column\" data-e-type=\"column\">\n\t\t\t<div class=\"elementor-widget-wrap elementor-element-populated\">\n\t\t\t\t\t\t<div class=\"elementor-element elementor-element-669fa79 elementor-widget elementor-widget-image\" data-id=\"669fa79\" data-element_type=\"widget\" data-e-type=\"widget\" data-widget_type=\"image.default\">\n\t\t\t\t<div class=\"elementor-widget-container\">\n\t\t\t\t\t\t\t\t\t\t\t\t\t\t\t<img loading=\"lazy\" decoding=\"async\" width=\"380\" height=\"380\" src=\"https:\/\/www.elturistatranquil.com\/wp-content\/uploads\/F85m-Museo-del-vino.-Castillo-de-Penafiel-Valladolid.jpg\" class=\"attachment-large size-large wp-image-44352\" alt=\"Museo del vino. Castillo de Pe\u00f1afiel, Valladolid\" srcset=\"https:\/\/www.elturistatranquil.com\/wp-content\/uploads\/F85m-Museo-del-vino.-Castillo-de-Penafiel-Valladolid.jpg 380w, https:\/\/www.elturistatranquil.com\/wp-content\/uploads\/F85m-Museo-del-vino.-Castillo-de-Penafiel-Valladolid-226x226.jpg 226w\" sizes=\"(max-width: 380px) 100vw, 380px\" \/>\t\t\t\t\t\t\t\t\t\t\t\t\t\t\t<\/div>\n\t\t\t\t<\/div>\n\t\t\t\t\t<\/div>\n\t\t<\/div>\n\t\t\t\t<div class=\"elementor-column elementor-col-50 elementor-inner-column elementor-element elementor-element-dd442f5\" data-id=\"dd442f5\" data-element_type=\"column\" data-e-type=\"column\">\n\t\t\t<div class=\"elementor-widget-wrap elementor-element-populated\">\n\t\t\t\t\t\t<div class=\"elementor-element elementor-element-a0e3bf3 elementor-widget elementor-widget-image\" data-id=\"a0e3bf3\" data-element_type=\"widget\" data-e-type=\"widget\" data-widget_type=\"image.default\">\n\t\t\t\t<div class=\"elementor-widget-container\">\n\t\t\t\t\t\t\t\t\t\t\t\t\t\t\t<img loading=\"lazy\" decoding=\"async\" width=\"380\" height=\"380\" src=\"https:\/\/www.elturistatranquil.com\/wp-content\/uploads\/F85n-Museo-del-vino.-Castillo-de-Penafiel-Valladolid.jpg\" class=\"attachment-large size-large wp-image-44357\" alt=\"Museo del vino. Castillo de Pe\u00f1afiel, Valladolid\" srcset=\"https:\/\/www.elturistatranquil.com\/wp-content\/uploads\/F85n-Museo-del-vino.-Castillo-de-Penafiel-Valladolid.jpg 380w, https:\/\/www.elturistatranquil.com\/wp-content\/uploads\/F85n-Museo-del-vino.-Castillo-de-Penafiel-Valladolid-226x226.jpg 226w\" sizes=\"(max-width: 380px) 100vw, 380px\" \/>\t\t\t\t\t\t\t\t\t\t\t\t\t\t\t<\/div>\n\t\t\t\t<\/div>\n\t\t\t\t\t<\/div>\n\t\t<\/div>\n\t\t\t\t\t<\/div>\n\t\t<\/section>\n\t\t\t\t<section class=\"elementor-section elementor-inner-section elementor-element elementor-element-d439e0a elementor-section-boxed elementor-section-height-default elementor-section-height-default\" data-id=\"d439e0a\" data-element_type=\"section\" data-e-type=\"section\">\n\t\t\t\t\t\t<div class=\"elementor-container elementor-column-gap-default\">\n\t\t\t\t\t<div class=\"elementor-column elementor-col-50 elementor-inner-column elementor-element elementor-element-a2e7fea\" data-id=\"a2e7fea\" data-element_type=\"column\" data-e-type=\"column\">\n\t\t\t<div class=\"elementor-widget-wrap elementor-element-populated\">\n\t\t\t\t\t\t<div class=\"elementor-element elementor-element-afcdb1b elementor-widget elementor-widget-image\" data-id=\"afcdb1b\" data-element_type=\"widget\" data-e-type=\"widget\" data-widget_type=\"image.default\">\n\t\t\t\t<div class=\"elementor-widget-container\">\n\t\t\t\t\t\t\t\t\t\t\t\t\t\t\t<img loading=\"lazy\" decoding=\"async\" width=\"380\" height=\"380\" src=\"https:\/\/www.elturistatranquil.com\/wp-content\/uploads\/F85o-Museo-del-vino.-Castillo-de-Penafiel-Valladolid.jpg\" class=\"attachment-large size-large wp-image-44359\" alt=\"Museo del vino. Castillo de Pe\u00f1afiel, Valladolid\" srcset=\"https:\/\/www.elturistatranquil.com\/wp-content\/uploads\/F85o-Museo-del-vino.-Castillo-de-Penafiel-Valladolid.jpg 380w, https:\/\/www.elturistatranquil.com\/wp-content\/uploads\/F85o-Museo-del-vino.-Castillo-de-Penafiel-Valladolid-226x226.jpg 226w\" sizes=\"(max-width: 380px) 100vw, 380px\" \/>\t\t\t\t\t\t\t\t\t\t\t\t\t\t\t<\/div>\n\t\t\t\t<\/div>\n\t\t\t\t\t<\/div>\n\t\t<\/div>\n\t\t\t\t<div class=\"elementor-column elementor-col-50 elementor-inner-column elementor-element elementor-element-722aaaf\" data-id=\"722aaaf\" data-element_type=\"column\" data-e-type=\"column\">\n\t\t\t<div class=\"elementor-widget-wrap elementor-element-populated\">\n\t\t\t\t\t\t<div class=\"elementor-element elementor-element-11867f9 elementor-widget elementor-widget-image\" data-id=\"11867f9\" data-element_type=\"widget\" data-e-type=\"widget\" data-widget_type=\"image.default\">\n\t\t\t\t<div class=\"elementor-widget-container\">\n\t\t\t\t\t\t\t\t\t\t\t\t\t\t\t<img loading=\"lazy\" decoding=\"async\" width=\"380\" height=\"380\" src=\"https:\/\/www.elturistatranquil.com\/wp-content\/uploads\/F85p-Museo-del-vino.-Castillo-de-Penafiel-Valladolid.jpg\" class=\"attachment-large size-large wp-image-44361\" alt=\"Museo del vino. Castillo de Pe\u00f1afiel, Valladolid\" srcset=\"https:\/\/www.elturistatranquil.com\/wp-content\/uploads\/F85p-Museo-del-vino.-Castillo-de-Penafiel-Valladolid.jpg 380w, https:\/\/www.elturistatranquil.com\/wp-content\/uploads\/F85p-Museo-del-vino.-Castillo-de-Penafiel-Valladolid-226x226.jpg 226w\" sizes=\"(max-width: 380px) 100vw, 380px\" \/>\t\t\t\t\t\t\t\t\t\t\t\t\t\t\t<\/div>\n\t\t\t\t<\/div>\n\t\t\t\t\t<\/div>\n\t\t<\/div>\n\t\t\t\t\t<\/div>\n\t\t<\/section>\n\t\t\t\t<div class=\"elementor-element elementor-element-ee768f4 elementor-widget elementor-widget-image\" data-id=\"ee768f4\" data-element_type=\"widget\" data-e-type=\"widget\" data-widget_type=\"image.default\">\n\t\t\t\t<div class=\"elementor-widget-container\">\n\t\t\t\t\t\t\t\t\t\t\t\t<figure class=\"wp-caption\">\n\t\t\t\t\t\t\t\t\t\t<img loading=\"lazy\" decoding=\"async\" width=\"768\" height=\"512\" src=\"https:\/\/www.elturistatranquil.com\/wp-content\/uploads\/F86-Museo-del-vino.-Castillo-de-Penafiel-Valladolid-1.jpg\" class=\"attachment-large size-large wp-image-44382\" alt=\"Museo del vino. Castillo de Pe\u00f1afiel, Valladolid\" srcset=\"https:\/\/www.elturistatranquil.com\/wp-content\/uploads\/F86-Museo-del-vino.-Castillo-de-Penafiel-Valladolid-1.jpg 768w, https:\/\/www.elturistatranquil.com\/wp-content\/uploads\/F86-Museo-del-vino.-Castillo-de-Penafiel-Valladolid-1-339x226.jpg 339w\" sizes=\"(max-width: 768px) 100vw, 768px\" \/>\t\t\t\t\t\t\t\t\t\t\t<figcaption class=\"widget-image-caption wp-caption-text\"><\/figcaption>\n\t\t\t\t\t\t\t\t\t\t<\/figure>\n\t\t\t\t\t\t\t\t\t<\/div>\n\t\t\t\t<\/div>\n\t\t\t\t<div class=\"elementor-element elementor-element-b87c9a8 elementor-widget elementor-widget-text-editor\" data-id=\"b87c9a8\" data-element_type=\"widget\" data-e-type=\"widget\" data-widget_type=\"text-editor.default\">\n\t\t\t\t<div class=\"elementor-widget-container\">\n\t\t\t\t\t\t\t\t\t<p>Estem davant de l&#8217;interior del mur sud, amb un acc\u00e9s al cub major d\u2019aquest costat.<\/p><p>Una carpa, amb el nom \u201cLa C\u00fapula el alma del vino\u201d est\u00e0 destinada a una projecci\u00f3 de tot el proc\u00e9s del vi. Per motius sanitaris estava clausurada.<\/p>\t\t\t\t\t\t\t\t<\/div>\n\t\t\t\t<\/div>\n\t\t\t\t<div class=\"elementor-element elementor-element-0a119e2 elementor-widget elementor-widget-image\" data-id=\"0a119e2\" data-element_type=\"widget\" data-e-type=\"widget\" data-widget_type=\"image.default\">\n\t\t\t\t<div class=\"elementor-widget-container\">\n\t\t\t\t\t\t\t\t\t\t\t\t<figure class=\"wp-caption\">\n\t\t\t\t\t\t\t\t\t\t<img loading=\"lazy\" decoding=\"async\" width=\"768\" height=\"512\" src=\"https:\/\/www.elturistatranquil.com\/wp-content\/uploads\/F87-Museo-del-vino.-Castillo-de-Penafiel-Valladolid.jpg\" class=\"attachment-large size-large wp-image-44368\" alt=\"Museo del vino. Castillo de Pe\u00f1afiel, Valladolid\" srcset=\"https:\/\/www.elturistatranquil.com\/wp-content\/uploads\/F87-Museo-del-vino.-Castillo-de-Penafiel-Valladolid.jpg 768w, https:\/\/www.elturistatranquil.com\/wp-content\/uploads\/F87-Museo-del-vino.-Castillo-de-Penafiel-Valladolid-339x226.jpg 339w\" sizes=\"(max-width: 768px) 100vw, 768px\" \/>\t\t\t\t\t\t\t\t\t\t\t<figcaption class=\"widget-image-caption wp-caption-text\"><\/figcaption>\n\t\t\t\t\t\t\t\t\t\t<\/figure>\n\t\t\t\t\t\t\t\t\t<\/div>\n\t\t\t\t<\/div>\n\t\t\t\t<div class=\"elementor-element elementor-element-6e6768f elementor-widget elementor-widget-heading\" data-id=\"6e6768f\" data-element_type=\"widget\" data-e-type=\"widget\" data-widget_type=\"heading.default\">\n\t\t\t\t<div class=\"elementor-widget-container\">\n\t\t\t\t\t<h2 class=\"elementor-heading-title elementor-size-default\">Fi de la visita<\/h2>\t\t\t\t<\/div>\n\t\t\t\t<\/div>\n\t\t\t\t<div class=\"elementor-element elementor-element-1209e06 elementor-widget elementor-widget-text-editor\" data-id=\"1209e06\" data-element_type=\"widget\" data-e-type=\"widget\" data-widget_type=\"text-editor.default\">\n\t\t\t\t<div class=\"elementor-widget-container\">\n\t\t\t\t\t\t\t\t\t<p>Hem visitat un dels castells exteriorment m\u00e9s complets i m\u00e9s ben conservats d&#8217;Espanya.<\/p><p>Des de l&#8217;Alta Edat Mitjana, el castell de Pe\u00f1afiel ha passat per totes les fases de readaptaci\u00f3 als processos hist\u00f2rics que es van produir a la Pen\u00ednsula despr\u00e9s de l&#8217;arribada musulmana: frontera, senyoriu, palau i, fins acabar, de moment, com a pe\u00e7a tur\u00edstica i museu d\u00b4una de les excel\u00b7l\u00e8ncies del territori: el vi.<\/p><p>Passar pel seu costat exerceix un influx tan potent que \u00e9s molt dif\u00edcil resistir-se a pujar fins a les muralles i, encara que nom\u00e9s sigui, admirar-lo des de l&#8217;exterior.<\/p>\t\t\t\t\t\t\t\t<\/div>\n\t\t\t\t<\/div>\n\t\t\t\t<div class=\"elementor-element elementor-element-b77ec26 elementor-widget elementor-widget-heading\" data-id=\"b77ec26\" data-element_type=\"widget\" data-e-type=\"widget\" data-widget_type=\"heading.default\">\n\t\t\t\t<div class=\"elementor-widget-container\">\n\t\t\t\t\t<h2 class=\"elementor-heading-title elementor-size-default\">Bases d'informaci\u00f3<\/h2>\t\t\t\t<\/div>\n\t\t\t\t<\/div>\n\t\t\t\t<div class=\"elementor-element elementor-element-9e69c3d elementor-widget elementor-widget-text-editor\" data-id=\"9e69c3d\" data-element_type=\"widget\" data-e-type=\"widget\" data-widget_type=\"text-editor.default\">\n\t\t\t\t<div class=\"elementor-widget-container\">\n\t\t\t\t\t\t\t\t\t<p><strong>Webs<\/strong><\/p><p><a href=\"https:\/\/www.penafiel.es\/\" target=\"_blank\" rel=\"noopener\">ayuntamiento<\/a><\/p><p><a href=\"https:\/\/es.wikipedia.org\/wiki\/Castillo_de_Pe%C3%B1afiel\" target=\"_blank\" rel=\"noopener\">wikipedia<\/a><\/p><p><a href=\"http:\/\/www.provinciadevalladolid.com\/es\/penafiel\/castillo-penafiel\" target=\"_blank\" rel=\"noopener\">turismovalladolid<\/a><\/p><p><a href=\"https:\/\/www.rutadelvinoriberadelduero.es\/es\/rural-recurso-cultural-monumento-castillo\/castillo-penafiel\" target=\"_blank\" rel=\"noopener\">rutadelvino<\/a><\/p><p><a href=\"https:\/\/servicios.jcyl.es\/pweb\/datos.do?numero=15070&amp;tipo=Inmueble&amp;ruta=\" target=\"_blank\" rel=\"noopener\">patrimoniocastillayleon<\/a><\/p><p><a href=\"https:\/\/castillosmedievales.org\/espana\/castilla-y-leon\/castillo-de-penafiel\/\" target=\"_blank\" rel=\"noopener\">castillosmedievales<\/a><\/p><p><a href=\"https:\/\/megaconstrucciones.net\/?construccion=castillo-penafiel\" target=\"_blank\" rel=\"noopener\">megaconstrucciones<\/a><\/p><p><a href=\"https:\/\/www.xn--castillosdeespaa-lub.es\/es\/content\/penafiel-castillo-de-0\" target=\"_blank\" rel=\"noopener\">castillosdeespa\u00f1a<\/a><\/p><p><strong>Webs academic<\/strong><\/p><p>Asociaci\u00f3n Hist\u00f3rico-Cultural Torre del Agua de Pe\u00f1afiel (2017): <a href=\"http:\/\/www.penafieltorredelagua.com\/wp-content\/uploads\/2017\/08\/Boletin-n%C2%BA-11-especial-castillo.pdf\" target=\"_blank\" rel=\"noopener\"><em>Bolet\u00edn informativo n\u00ba 11<\/em><\/a><\/p><p>Jos\u00e9 de Pazos y Vela-Hidalgo (1880): <a href=\"https:\/\/bibliotecadigital.jcyl.es\/i18n\/catalogo_imagenes\/grupo.cmd?path=10067272\" target=\"_blank\" rel=\"noopener\"><em>Pe\u00f1afiel. Memoria hist\u00f3rica<\/em><\/a><\/p><p>Arturo Balado Pach\u00f3n, Consuelo Escribano <a href=\"https:\/\/es.slideshare.net\/jawaes\/castillos-de-la-frontera-libro\" target=\"_blank\" rel=\"noopener\">Velasco:\u00a0 <em>Castillos de las Fronteras<\/em><\/a><\/p><p>Diputaci\u00f3n de Valladolid: <a href=\"http:\/\/www.provinciadevalladolid.com\/turval-client\/cm\/gallery\/Folletos%20General\/Otros%20folletos\/Folletos%20pdf\/Guia_Castillos.pdf\" target=\"_blank\" rel=\"noopener\"><em>Gu\u00eda de los Castillos en la provincia de Valladolid<\/em><\/a><\/p><p>Leonardo Villena: <a href=\"https:\/\/gladius.revistas.csic.es\/index.php\/gladius\/article\/view\/190\/192\" target=\"_blank\" rel=\"noopener\"><em>El Castillo Espa\u00f1ol<\/em><\/a><\/p><p>Jos\u00e9 Miguel Mu\u00f1oz Jim\u00e9nez: <a href=\"https:\/\/rio.upo.es\/xmlui\/bitstream\/handle\/10433\/9977\/3070-Texto%20del%20art%c3%adculo-9445-1-10-20180311.pdf?sequence=1&amp;isAllowed=y\" target=\"_blank\" rel=\"noopener\"><em>Castillos se\u00f1oriales nobiliarios y episcopales en Castilla-La Mancha (siglos XIV y XV)<\/em><\/a><\/p><p>Fernando Cobos Guerra, Manuel Retuerce Velasco (2011): <a href=\"https:\/\/www.jcyl.es\/jcyl\/patrimoniocultural\/fortificada\/pdf\/arquitectura_fortificada.pdf\" target=\"_blank\" rel=\"noopener\"><em>Metodolog\u00eda, valoraci\u00f3n y criterios de intervenci\u00f3n en la arquitectura fortificada de Castilla y Le\u00f3n<\/em><\/a><\/p>\t\t\t\t\t\t\t\t<\/div>\n\t\t\t\t<\/div>\n\t\t\t\t\t<\/div>\n\t\t<\/div>\n\t\t\t\t\t<\/div>\n\t\t<\/section>\n\t\t\t\t<\/div>\n\t\t","protected":false},"excerpt":{"rendered":"<p>El Castell de Pe\u00f1afiel \u2013 Museu del Vi (Valladolid) es conserva en condicions immillorables des de l&#8217;Alta Edat Mitjana, ara reconvertit com a pe\u00e7a tur\u00edstica i museu d&#8217;una de les &#8230; <a title=\"Castell de Pe\u00f1afiel i Museu del Vi (Valladolid)\" class=\"read-more\" href=\"https:\/\/www.elturistatranquil.com\/ca\/castell-de-penafiel-i-museu-del-vi-valladolid\/\" aria-label=\"M\u00e9s informaci\u00f3 sobre Castell de Pe\u00f1afiel i Museu del Vi (Valladolid)\">[ &#8230; ]<\/a><\/p>\n","protected":false},"author":1,"featured_media":44140,"comment_status":"open","ping_status":"closed","sticky":false,"template":"","format":"standard","meta":{"footnotes":""},"categories":[75,145,83,87,92,95,139,210,110],"tags":[],"class_list":["post-44393","post","type-post","status-publish","format-standard","has-post-thumbnail","hentry","category-castells","category-edat-mitjana","category-historia-ca","category-joies-al-territori","category-museus","category-paisatge","category-segle-xvi-xvii","category-valladolid-ca","category-vila","infinite-scroll-item","generate-columns","tablet-grid-50","mobile-grid-100","grid-parent","grid-50","no-featured-image-padding"],"yoast_head":"<!-- This site is optimized with the Yoast SEO plugin v27.4 - https:\/\/yoast.com\/product\/yoast-seo-wordpress\/ -->\n<title>Castell de Pe\u00f1afiel i Museu del Vi (Valladolid) - El turista tranquil<\/title>\n<meta name=\"description\" content=\"El Castell de Pe\u00f1afiel \u2013 Museu del Vi (Valladolid) es conserva en condicions immillorables des de l&#039;Alta Edat Mitjana, ara reconvertit com a pe\u00e7a tur\u00edstica i museu d&#039;una de les excel\u00b7l\u00e8ncies del territori: el vi.\" \/>\n<meta name=\"robots\" content=\"index, follow, max-snippet:-1, max-image-preview:large, max-video-preview:-1\" \/>\n<link rel=\"canonical\" href=\"https:\/\/www.elturistatranquil.com\/ca\/castell-de-penafiel-i-museu-del-vi-valladolid\/\" \/>\n<meta property=\"og:locale\" content=\"ca_ES\" \/>\n<meta property=\"og:type\" content=\"article\" \/>\n<meta property=\"og:title\" content=\"Castell de Pe\u00f1afiel i Museu del Vi (Valladolid) - El turista tranquil\" \/>\n<meta property=\"og:description\" content=\"El Castell de Pe\u00f1afiel \u2013 Museu del Vi (Valladolid) es conserva en condicions immillorables des de l&#039;Alta Edat Mitjana, ara reconvertit com a pe\u00e7a tur\u00edstica i museu d&#039;una de les excel\u00b7l\u00e8ncies del territori: el vi.\" \/>\n<meta property=\"og:url\" content=\"https:\/\/www.elturistatranquil.com\/ca\/castell-de-penafiel-i-museu-del-vi-valladolid\/\" \/>\n<meta property=\"og:site_name\" content=\"El turista tranquil\" \/>\n<meta property=\"article:publisher\" content=\"https:\/\/www.facebook.com\/elturistatranquilo\/\" \/>\n<meta property=\"article:published_time\" content=\"2022-11-19T09:33:48+00:00\" \/>\n<meta property=\"article:modified_time\" content=\"2022-11-19T09:54:26+00:00\" \/>\n<meta property=\"og:image\" content=\"https:\/\/www.elturistatranquil.com\/wp-content\/uploads\/F09-Castillo-de-Penafiel-Valladolid.jpg\" \/>\n\t<meta property=\"og:image:width\" content=\"768\" \/>\n\t<meta property=\"og:image:height\" content=\"512\" \/>\n\t<meta property=\"og:image:type\" content=\"image\/jpeg\" \/>\n<meta name=\"author\" content=\"admin\" \/>\n<meta name=\"twitter:card\" content=\"summary_large_image\" \/>\n<meta name=\"twitter:label1\" content=\"Escrit per\" \/>\n\t<meta name=\"twitter:data1\" content=\"admin\" \/>\n\t<meta name=\"twitter:label2\" content=\"Temps estimat de lectura\" \/>\n\t<meta name=\"twitter:data2\" content=\"47 minuts\" \/>\n<script type=\"application\/ld+json\" class=\"yoast-schema-graph\">{\"@context\":\"https:\\\/\\\/schema.org\",\"@graph\":[{\"@type\":\"Article\",\"@id\":\"https:\\\/\\\/www.elturistatranquil.com\\\/ca\\\/castell-de-penafiel-i-museu-del-vi-valladolid\\\/#article\",\"isPartOf\":{\"@id\":\"https:\\\/\\\/www.elturistatranquil.com\\\/ca\\\/castell-de-penafiel-i-museu-del-vi-valladolid\\\/\"},\"author\":{\"name\":\"admin\",\"@id\":\"https:\\\/\\\/www.elturistatranquil.com\\\/ca\\\/#\\\/schema\\\/person\\\/16f607c3079b96ed0c530a52e6b58bb5\"},\"headline\":\"Castell de Pe\u00f1afiel i Museu del Vi (Valladolid)\",\"datePublished\":\"2022-11-19T09:33:48+00:00\",\"dateModified\":\"2022-11-19T09:54:26+00:00\",\"mainEntityOfPage\":{\"@id\":\"https:\\\/\\\/www.elturistatranquil.com\\\/ca\\\/castell-de-penafiel-i-museu-del-vi-valladolid\\\/\"},\"wordCount\":5480,\"commentCount\":0,\"image\":{\"@id\":\"https:\\\/\\\/www.elturistatranquil.com\\\/ca\\\/castell-de-penafiel-i-museu-del-vi-valladolid\\\/#primaryimage\"},\"thumbnailUrl\":\"https:\\\/\\\/www.elturistatranquil.com\\\/wp-content\\\/uploads\\\/F09-Castillo-de-Penafiel-Valladolid.jpg\",\"articleSection\":[\"Castells, Muralles\",\"Edat mitjana\",\"Hist\u00f2ria\",\"Joies al territori\",\"Museus\",\"Paisatge\",\"Segle XVI-XVII\",\"Valladolid\",\"Vila\"],\"inLanguage\":\"ca\",\"potentialAction\":[{\"@type\":\"CommentAction\",\"name\":\"Comment\",\"target\":[\"https:\\\/\\\/www.elturistatranquil.com\\\/ca\\\/castell-de-penafiel-i-museu-del-vi-valladolid\\\/#respond\"]}]},{\"@type\":\"WebPage\",\"@id\":\"https:\\\/\\\/www.elturistatranquil.com\\\/ca\\\/castell-de-penafiel-i-museu-del-vi-valladolid\\\/\",\"url\":\"https:\\\/\\\/www.elturistatranquil.com\\\/ca\\\/castell-de-penafiel-i-museu-del-vi-valladolid\\\/\",\"name\":\"Castell de Pe\u00f1afiel i Museu del Vi (Valladolid) - El turista tranquil\",\"isPartOf\":{\"@id\":\"https:\\\/\\\/www.elturistatranquil.com\\\/ca\\\/#website\"},\"primaryImageOfPage\":{\"@id\":\"https:\\\/\\\/www.elturistatranquil.com\\\/ca\\\/castell-de-penafiel-i-museu-del-vi-valladolid\\\/#primaryimage\"},\"image\":{\"@id\":\"https:\\\/\\\/www.elturistatranquil.com\\\/ca\\\/castell-de-penafiel-i-museu-del-vi-valladolid\\\/#primaryimage\"},\"thumbnailUrl\":\"https:\\\/\\\/www.elturistatranquil.com\\\/wp-content\\\/uploads\\\/F09-Castillo-de-Penafiel-Valladolid.jpg\",\"datePublished\":\"2022-11-19T09:33:48+00:00\",\"dateModified\":\"2022-11-19T09:54:26+00:00\",\"author\":{\"@id\":\"https:\\\/\\\/www.elturistatranquil.com\\\/ca\\\/#\\\/schema\\\/person\\\/16f607c3079b96ed0c530a52e6b58bb5\"},\"description\":\"El Castell de Pe\u00f1afiel \u2013 Museu del Vi (Valladolid) es conserva en condicions immillorables des de l'Alta Edat Mitjana, ara reconvertit com a pe\u00e7a tur\u00edstica i museu d'una de les excel\u00b7l\u00e8ncies del territori: el vi.\",\"breadcrumb\":{\"@id\":\"https:\\\/\\\/www.elturistatranquil.com\\\/ca\\\/castell-de-penafiel-i-museu-del-vi-valladolid\\\/#breadcrumb\"},\"inLanguage\":\"ca\",\"potentialAction\":[{\"@type\":\"ReadAction\",\"target\":[\"https:\\\/\\\/www.elturistatranquil.com\\\/ca\\\/castell-de-penafiel-i-museu-del-vi-valladolid\\\/\"]}]},{\"@type\":\"ImageObject\",\"inLanguage\":\"ca\",\"@id\":\"https:\\\/\\\/www.elturistatranquil.com\\\/ca\\\/castell-de-penafiel-i-museu-del-vi-valladolid\\\/#primaryimage\",\"url\":\"https:\\\/\\\/www.elturistatranquil.com\\\/wp-content\\\/uploads\\\/F09-Castillo-de-Penafiel-Valladolid.jpg\",\"contentUrl\":\"https:\\\/\\\/www.elturistatranquil.com\\\/wp-content\\\/uploads\\\/F09-Castillo-de-Penafiel-Valladolid.jpg\",\"width\":768,\"height\":512,\"caption\":\"Castillo de Pe\u00f1afiel, Valladolid\"},{\"@type\":\"BreadcrumbList\",\"@id\":\"https:\\\/\\\/www.elturistatranquil.com\\\/ca\\\/castell-de-penafiel-i-museu-del-vi-valladolid\\\/#breadcrumb\",\"itemListElement\":[{\"@type\":\"ListItem\",\"position\":1,\"name\":\"Portada\",\"item\":\"https:\\\/\\\/www.elturistatranquil.com\\\/ca\\\/\"},{\"@type\":\"ListItem\",\"position\":2,\"name\":\"Castell de Pe\u00f1afiel i Museu del Vi (Valladolid)\"}]},{\"@type\":\"WebSite\",\"@id\":\"https:\\\/\\\/www.elturistatranquil.com\\\/ca\\\/#website\",\"url\":\"https:\\\/\\\/www.elturistatranquil.com\\\/ca\\\/\",\"name\":\"El turista tranquil\",\"description\":\"Blog de viatges\",\"potentialAction\":[{\"@type\":\"SearchAction\",\"target\":{\"@type\":\"EntryPoint\",\"urlTemplate\":\"https:\\\/\\\/www.elturistatranquil.com\\\/ca\\\/?s={search_term_string}\"},\"query-input\":{\"@type\":\"PropertyValueSpecification\",\"valueRequired\":true,\"valueName\":\"search_term_string\"}}],\"inLanguage\":\"ca\"},{\"@type\":\"Person\",\"@id\":\"https:\\\/\\\/www.elturistatranquil.com\\\/ca\\\/#\\\/schema\\\/person\\\/16f607c3079b96ed0c530a52e6b58bb5\",\"name\":\"admin\",\"image\":{\"@type\":\"ImageObject\",\"inLanguage\":\"ca\",\"@id\":\"https:\\\/\\\/secure.gravatar.com\\\/avatar\\\/1fbaf22aee75fcbb29a2f97b107f95d25d3a19b7c3416105be10269872673e8d?s=96&d=mm&r=g\",\"url\":\"https:\\\/\\\/secure.gravatar.com\\\/avatar\\\/1fbaf22aee75fcbb29a2f97b107f95d25d3a19b7c3416105be10269872673e8d?s=96&d=mm&r=g\",\"contentUrl\":\"https:\\\/\\\/secure.gravatar.com\\\/avatar\\\/1fbaf22aee75fcbb29a2f97b107f95d25d3a19b7c3416105be10269872673e8d?s=96&d=mm&r=g\",\"caption\":\"admin\"}}]}<\/script>\n<!-- \/ Yoast SEO plugin. -->","yoast_head_json":{"title":"Castell de Pe\u00f1afiel i Museu del Vi (Valladolid) - El turista tranquil","description":"El Castell de Pe\u00f1afiel \u2013 Museu del Vi (Valladolid) es conserva en condicions immillorables des de l'Alta Edat Mitjana, ara reconvertit com a pe\u00e7a tur\u00edstica i museu d'una de les excel\u00b7l\u00e8ncies del territori: el vi.","robots":{"index":"index","follow":"follow","max-snippet":"max-snippet:-1","max-image-preview":"max-image-preview:large","max-video-preview":"max-video-preview:-1"},"canonical":"https:\/\/www.elturistatranquil.com\/ca\/castell-de-penafiel-i-museu-del-vi-valladolid\/","og_locale":"ca_ES","og_type":"article","og_title":"Castell de Pe\u00f1afiel i Museu del Vi (Valladolid) - El turista tranquil","og_description":"El Castell de Pe\u00f1afiel \u2013 Museu del Vi (Valladolid) es conserva en condicions immillorables des de l'Alta Edat Mitjana, ara reconvertit com a pe\u00e7a tur\u00edstica i museu d'una de les excel\u00b7l\u00e8ncies del territori: el vi.","og_url":"https:\/\/www.elturistatranquil.com\/ca\/castell-de-penafiel-i-museu-del-vi-valladolid\/","og_site_name":"El turista tranquil","article_publisher":"https:\/\/www.facebook.com\/elturistatranquilo\/","article_published_time":"2022-11-19T09:33:48+00:00","article_modified_time":"2022-11-19T09:54:26+00:00","og_image":[{"width":768,"height":512,"url":"https:\/\/www.elturistatranquil.com\/wp-content\/uploads\/F09-Castillo-de-Penafiel-Valladolid.jpg","type":"image\/jpeg"}],"author":"admin","twitter_card":"summary_large_image","twitter_misc":{"Escrit per":"admin","Temps estimat de lectura":"47 minuts"},"schema":{"@context":"https:\/\/schema.org","@graph":[{"@type":"Article","@id":"https:\/\/www.elturistatranquil.com\/ca\/castell-de-penafiel-i-museu-del-vi-valladolid\/#article","isPartOf":{"@id":"https:\/\/www.elturistatranquil.com\/ca\/castell-de-penafiel-i-museu-del-vi-valladolid\/"},"author":{"name":"admin","@id":"https:\/\/www.elturistatranquil.com\/ca\/#\/schema\/person\/16f607c3079b96ed0c530a52e6b58bb5"},"headline":"Castell de Pe\u00f1afiel i Museu del Vi (Valladolid)","datePublished":"2022-11-19T09:33:48+00:00","dateModified":"2022-11-19T09:54:26+00:00","mainEntityOfPage":{"@id":"https:\/\/www.elturistatranquil.com\/ca\/castell-de-penafiel-i-museu-del-vi-valladolid\/"},"wordCount":5480,"commentCount":0,"image":{"@id":"https:\/\/www.elturistatranquil.com\/ca\/castell-de-penafiel-i-museu-del-vi-valladolid\/#primaryimage"},"thumbnailUrl":"https:\/\/www.elturistatranquil.com\/wp-content\/uploads\/F09-Castillo-de-Penafiel-Valladolid.jpg","articleSection":["Castells, Muralles","Edat mitjana","Hist\u00f2ria","Joies al territori","Museus","Paisatge","Segle XVI-XVII","Valladolid","Vila"],"inLanguage":"ca","potentialAction":[{"@type":"CommentAction","name":"Comment","target":["https:\/\/www.elturistatranquil.com\/ca\/castell-de-penafiel-i-museu-del-vi-valladolid\/#respond"]}]},{"@type":"WebPage","@id":"https:\/\/www.elturistatranquil.com\/ca\/castell-de-penafiel-i-museu-del-vi-valladolid\/","url":"https:\/\/www.elturistatranquil.com\/ca\/castell-de-penafiel-i-museu-del-vi-valladolid\/","name":"Castell de Pe\u00f1afiel i Museu del Vi (Valladolid) - El turista tranquil","isPartOf":{"@id":"https:\/\/www.elturistatranquil.com\/ca\/#website"},"primaryImageOfPage":{"@id":"https:\/\/www.elturistatranquil.com\/ca\/castell-de-penafiel-i-museu-del-vi-valladolid\/#primaryimage"},"image":{"@id":"https:\/\/www.elturistatranquil.com\/ca\/castell-de-penafiel-i-museu-del-vi-valladolid\/#primaryimage"},"thumbnailUrl":"https:\/\/www.elturistatranquil.com\/wp-content\/uploads\/F09-Castillo-de-Penafiel-Valladolid.jpg","datePublished":"2022-11-19T09:33:48+00:00","dateModified":"2022-11-19T09:54:26+00:00","author":{"@id":"https:\/\/www.elturistatranquil.com\/ca\/#\/schema\/person\/16f607c3079b96ed0c530a52e6b58bb5"},"description":"El Castell de Pe\u00f1afiel \u2013 Museu del Vi (Valladolid) es conserva en condicions immillorables des de l'Alta Edat Mitjana, ara reconvertit com a pe\u00e7a tur\u00edstica i museu d'una de les excel\u00b7l\u00e8ncies del territori: el vi.","breadcrumb":{"@id":"https:\/\/www.elturistatranquil.com\/ca\/castell-de-penafiel-i-museu-del-vi-valladolid\/#breadcrumb"},"inLanguage":"ca","potentialAction":[{"@type":"ReadAction","target":["https:\/\/www.elturistatranquil.com\/ca\/castell-de-penafiel-i-museu-del-vi-valladolid\/"]}]},{"@type":"ImageObject","inLanguage":"ca","@id":"https:\/\/www.elturistatranquil.com\/ca\/castell-de-penafiel-i-museu-del-vi-valladolid\/#primaryimage","url":"https:\/\/www.elturistatranquil.com\/wp-content\/uploads\/F09-Castillo-de-Penafiel-Valladolid.jpg","contentUrl":"https:\/\/www.elturistatranquil.com\/wp-content\/uploads\/F09-Castillo-de-Penafiel-Valladolid.jpg","width":768,"height":512,"caption":"Castillo de Pe\u00f1afiel, Valladolid"},{"@type":"BreadcrumbList","@id":"https:\/\/www.elturistatranquil.com\/ca\/castell-de-penafiel-i-museu-del-vi-valladolid\/#breadcrumb","itemListElement":[{"@type":"ListItem","position":1,"name":"Portada","item":"https:\/\/www.elturistatranquil.com\/ca\/"},{"@type":"ListItem","position":2,"name":"Castell de Pe\u00f1afiel i Museu del Vi (Valladolid)"}]},{"@type":"WebSite","@id":"https:\/\/www.elturistatranquil.com\/ca\/#website","url":"https:\/\/www.elturistatranquil.com\/ca\/","name":"El turista tranquil","description":"Blog de viatges","potentialAction":[{"@type":"SearchAction","target":{"@type":"EntryPoint","urlTemplate":"https:\/\/www.elturistatranquil.com\/ca\/?s={search_term_string}"},"query-input":{"@type":"PropertyValueSpecification","valueRequired":true,"valueName":"search_term_string"}}],"inLanguage":"ca"},{"@type":"Person","@id":"https:\/\/www.elturistatranquil.com\/ca\/#\/schema\/person\/16f607c3079b96ed0c530a52e6b58bb5","name":"admin","image":{"@type":"ImageObject","inLanguage":"ca","@id":"https:\/\/secure.gravatar.com\/avatar\/1fbaf22aee75fcbb29a2f97b107f95d25d3a19b7c3416105be10269872673e8d?s=96&d=mm&r=g","url":"https:\/\/secure.gravatar.com\/avatar\/1fbaf22aee75fcbb29a2f97b107f95d25d3a19b7c3416105be10269872673e8d?s=96&d=mm&r=g","contentUrl":"https:\/\/secure.gravatar.com\/avatar\/1fbaf22aee75fcbb29a2f97b107f95d25d3a19b7c3416105be10269872673e8d?s=96&d=mm&r=g","caption":"admin"}}]}},"_links":{"self":[{"href":"https:\/\/www.elturistatranquil.com\/ca\/wp-json\/wp\/v2\/posts\/44393","targetHints":{"allow":["GET"]}}],"collection":[{"href":"https:\/\/www.elturistatranquil.com\/ca\/wp-json\/wp\/v2\/posts"}],"about":[{"href":"https:\/\/www.elturistatranquil.com\/ca\/wp-json\/wp\/v2\/types\/post"}],"author":[{"embeddable":true,"href":"https:\/\/www.elturistatranquil.com\/ca\/wp-json\/wp\/v2\/users\/1"}],"replies":[{"embeddable":true,"href":"https:\/\/www.elturistatranquil.com\/ca\/wp-json\/wp\/v2\/comments?post=44393"}],"version-history":[{"count":5,"href":"https:\/\/www.elturistatranquil.com\/ca\/wp-json\/wp\/v2\/posts\/44393\/revisions"}],"predecessor-version":[{"id":44434,"href":"https:\/\/www.elturistatranquil.com\/ca\/wp-json\/wp\/v2\/posts\/44393\/revisions\/44434"}],"wp:featuredmedia":[{"embeddable":true,"href":"https:\/\/www.elturistatranquil.com\/ca\/wp-json\/wp\/v2\/media\/44140"}],"wp:attachment":[{"href":"https:\/\/www.elturistatranquil.com\/ca\/wp-json\/wp\/v2\/media?parent=44393"}],"wp:term":[{"taxonomy":"category","embeddable":true,"href":"https:\/\/www.elturistatranquil.com\/ca\/wp-json\/wp\/v2\/categories?post=44393"},{"taxonomy":"post_tag","embeddable":true,"href":"https:\/\/www.elturistatranquil.com\/ca\/wp-json\/wp\/v2\/tags?post=44393"}],"curies":[{"name":"wp","href":"https:\/\/api.w.org\/{rel}","templated":true}]}}