{"id":45925,"date":"2023-03-23T22:46:32","date_gmt":"2023-03-23T21:46:32","guid":{"rendered":"https:\/\/www.elturistatranquil.com\/?p=45925"},"modified":"2025-11-30T13:37:11","modified_gmt":"2025-11-30T12:37:11","slug":"ciutat-romana-de-baelo-claudia-cadis","status":"publish","type":"post","link":"https:\/\/www.elturistatranquil.com\/ca\/ciutat-romana-de-baelo-claudia-cadis\/","title":{"rendered":"Ciutat romana de Baelo Claudia (Cadis)"},"content":{"rendered":"\t\t<div data-elementor-type=\"wp-post\" data-elementor-id=\"45925\" class=\"elementor elementor-45925 elementor-45533\" data-elementor-post-type=\"post\">\n\t\t\t\t\t\t<section class=\"elementor-section elementor-top-section elementor-element elementor-element-35a9a6d elementor-section-boxed elementor-section-height-default elementor-section-height-default\" data-id=\"35a9a6d\" data-element_type=\"section\" data-e-type=\"section\">\n\t\t\t\t\t\t<div class=\"elementor-container elementor-column-gap-default\">\n\t\t\t\t\t<div class=\"elementor-column elementor-col-100 elementor-top-column elementor-element elementor-element-ed6c1cf\" data-id=\"ed6c1cf\" data-element_type=\"column\" data-e-type=\"column\">\n\t\t\t<div class=\"elementor-widget-wrap elementor-element-populated\">\n\t\t\t\t\t\t<section class=\"elementor-section elementor-inner-section elementor-element elementor-element-37249f00 elementor-section-content-middle elementor-section-boxed elementor-section-height-default elementor-section-height-default\" data-id=\"37249f00\" data-element_type=\"section\" data-e-type=\"section\">\n\t\t\t\t\t\t<div class=\"elementor-container elementor-column-gap-default\">\n\t\t\t\t\t<div class=\"elementor-column elementor-col-100 elementor-inner-column elementor-element elementor-element-6b8b85f1\" data-id=\"6b8b85f1\" data-element_type=\"column\" data-e-type=\"column\">\n\t\t\t<div class=\"elementor-widget-wrap elementor-element-populated\">\n\t\t\t\t\t\t<div class=\"elementor-element elementor-element-5cdc74e3 elementor-widget elementor-widget-text-editor\" data-id=\"5cdc74e3\" data-element_type=\"widget\" data-e-type=\"widget\" data-widget_type=\"text-editor.default\">\n\t\t\t\t<div class=\"elementor-widget-container\">\n\t\t\t\t\t\t\t\t\t<p><em>Baelo Claudia<\/em> (Cadis) ens ofereix una imatge completa de l&#8217;urbanisme d&#8217;una ciutat hispanoromana fabril i mar\u00edtim comercial.<\/p>\t\t\t\t\t\t\t\t<\/div>\n\t\t\t\t<\/div>\n\t\t\t\t\t<\/div>\n\t\t<\/div>\n\t\t\t\t\t<\/div>\n\t\t<\/section>\n\t\t\t\t<div class=\"elementor-element elementor-element-28fa7091 elementor-widget elementor-widget-heading\" data-id=\"28fa7091\" data-element_type=\"widget\" data-e-type=\"widget\" data-widget_type=\"heading.default\">\n\t\t\t\t<div class=\"elementor-widget-container\">\n\t\t\t\t\t<h1 class=\"elementor-heading-title elementor-size-default\">Ciutat romana de Baelo Claudia (Cadis)<\/h1>\t\t\t\t<\/div>\n\t\t\t\t<\/div>\n\t\t\t\t\t<\/div>\n\t\t<\/div>\n\t\t\t\t\t<\/div>\n\t\t<\/section>\n\t\t\t\t<section class=\"elementor-section elementor-top-section elementor-element elementor-element-6cc86728 elementor-section-boxed elementor-section-height-default elementor-section-height-default\" data-id=\"6cc86728\" data-element_type=\"section\" data-e-type=\"section\">\n\t\t\t\t\t\t<div class=\"elementor-container elementor-column-gap-default\">\n\t\t\t\t\t<div class=\"elementor-column elementor-col-100 elementor-top-column elementor-element elementor-element-251620e3\" data-id=\"251620e3\" data-element_type=\"column\" data-e-type=\"column\">\n\t\t\t<div class=\"elementor-widget-wrap elementor-element-populated\">\n\t\t\t\t\t\t<div class=\"elementor-element elementor-element-1a13da49 elementor-widget elementor-widget-image\" data-id=\"1a13da49\" data-element_type=\"widget\" data-e-type=\"widget\" data-widget_type=\"image.default\">\n\t\t\t\t<div class=\"elementor-widget-container\">\n\t\t\t\t\t\t\t\t\t\t\t\t<figure class=\"wp-caption\">\n\t\t\t\t\t\t\t\t\t\t<img fetchpriority=\"high\" decoding=\"async\" width=\"768\" height=\"512\" src=\"https:\/\/www.elturistatranquil.com\/wp-content\/uploads\/F01-Baelo-Claudia-Cadiz-Google-earth-2023-03-12-1.jpg\" class=\"attachment-large size-large wp-image-45573\" alt=\"Baelo Claudia, Cadiz (Google -earth 2023-03-12)\" srcset=\"https:\/\/www.elturistatranquil.com\/wp-content\/uploads\/F01-Baelo-Claudia-Cadiz-Google-earth-2023-03-12-1.jpg 768w, https:\/\/www.elturistatranquil.com\/wp-content\/uploads\/F01-Baelo-Claudia-Cadiz-Google-earth-2023-03-12-1-339x226.jpg 339w\" sizes=\"(max-width: 768px) 100vw, 768px\" \/>\t\t\t\t\t\t\t\t\t\t\t<figcaption class=\"widget-image-caption wp-caption-text\">Baelo Claudia (Google earth 2023-03-12)<\/figcaption>\n\t\t\t\t\t\t\t\t\t\t<\/figure>\n\t\t\t\t\t\t\t\t\t<\/div>\n\t\t\t\t<\/div>\n\t\t\t\t<div class=\"elementor-element elementor-element-4f02f181 elementor-widget elementor-widget-spacer\" data-id=\"4f02f181\" data-element_type=\"widget\" data-e-type=\"widget\" data-widget_type=\"spacer.default\">\n\t\t\t\t<div class=\"elementor-widget-container\">\n\t\t\t\t\t\t\t<div class=\"elementor-spacer\">\n\t\t\t<div class=\"elementor-spacer-inner\"><\/div>\n\t\t<\/div>\n\t\t\t\t\t\t<\/div>\n\t\t\t\t<\/div>\n\t\t\t\t<section class=\"elementor-section elementor-inner-section elementor-element elementor-element-3e630974 elementor-section-boxed elementor-section-height-default elementor-section-height-default\" data-id=\"3e630974\" data-element_type=\"section\" data-e-type=\"section\" data-settings=\"{&quot;background_background&quot;:&quot;classic&quot;}\">\n\t\t\t\t\t\t\t<div class=\"elementor-background-overlay\"><\/div>\n\t\t\t\t\t\t\t<div class=\"elementor-container elementor-column-gap-default\">\n\t\t\t\t\t<div class=\"elementor-column elementor-col-100 elementor-inner-column elementor-element elementor-element-10ef67a2\" data-id=\"10ef67a2\" data-element_type=\"column\" data-e-type=\"column\" data-settings=\"{&quot;background_background&quot;:&quot;classic&quot;}\">\n\t\t\t<div class=\"elementor-widget-wrap elementor-element-populated\">\n\t\t\t\t\t\t<div class=\"elementor-element elementor-element-1bdf0f6e elementor-widget elementor-widget-text-editor\" data-id=\"1bdf0f6e\" data-element_type=\"widget\" data-e-type=\"widget\" data-widget_type=\"text-editor.default\">\n\t\t\t\t<div class=\"elementor-widget-container\">\n\t\t\t\t\t\t\t\t\t<p>Paratge: Ensenada de Bolonia. Municipi: Tarifa. Comarca: Campo de Gibraltar. Prov\u00edncia: C\u00e1diz. Com. Aut\u00f2noma: Andalusia<\/p><p>Coordenades: 36\u00b005\u203224\u2033N 5\u00b046\u203229\u2033O. Altitud: nivell del mar<\/p><p>Web: <a href=\"https:\/\/www.museosdeandalucia.es\/web\/conjuntoarqueologicobaeloclaudia\" target=\"_blank\" rel=\"noopener\">museosdeandalucia<\/a><\/p><p><em>B\u00e9 d&#8217;Inter\u00e8s Cultural (BIC): Zona arqueol\u00f2gica<\/em><\/p><p>Visita: 2021<\/p>\t\t\t\t\t\t\t\t<\/div>\n\t\t\t\t<\/div>\n\t\t\t\t\t<\/div>\n\t\t<\/div>\n\t\t\t\t\t<\/div>\n\t\t<\/section>\n\t\t\t\t<div class=\"elementor-element elementor-element-45c9b4ea elementor-widget elementor-widget-image\" data-id=\"45c9b4ea\" data-element_type=\"widget\" data-e-type=\"widget\" data-widget_type=\"image.default\">\n\t\t\t\t<div class=\"elementor-widget-container\">\n\t\t\t\t\t\t\t\t\t\t\t\t<figure class=\"wp-caption\">\n\t\t\t\t\t\t\t\t\t\t<img decoding=\"async\" width=\"768\" height=\"512\" src=\"https:\/\/www.elturistatranquil.com\/wp-content\/uploads\/F02c-Mapa-de-situacio-de-Baelo-Claudia-CadizGoogle-maps-2023-03-12.jpg\" class=\"attachment-medium_large size-medium_large wp-image-45934\" alt=\"Mapa de situaci\u00f3 de Baelo Claudia, Cadiz(Google maps 2023-03-12)\" srcset=\"https:\/\/www.elturistatranquil.com\/wp-content\/uploads\/F02c-Mapa-de-situacio-de-Baelo-Claudia-CadizGoogle-maps-2023-03-12.jpg 768w, https:\/\/www.elturistatranquil.com\/wp-content\/uploads\/F02c-Mapa-de-situacio-de-Baelo-Claudia-CadizGoogle-maps-2023-03-12-339x226.jpg 339w\" sizes=\"(max-width: 768px) 100vw, 768px\" \/>\t\t\t\t\t\t\t\t\t\t\t<figcaption class=\"widget-image-caption wp-caption-text\">Mapa de situaci\u00f3 de Baelo Claudia (Google maps 2023-03-12)<\/figcaption>\n\t\t\t\t\t\t\t\t\t\t<\/figure>\n\t\t\t\t\t\t\t\t\t<\/div>\n\t\t\t\t<\/div>\n\t\t\t\t<div class=\"elementor-element elementor-element-2cd9592 elementor-widget elementor-widget-spacer\" data-id=\"2cd9592\" data-element_type=\"widget\" data-e-type=\"widget\" data-widget_type=\"spacer.default\">\n\t\t\t\t<div class=\"elementor-widget-container\">\n\t\t\t\t\t\t\t<div class=\"elementor-spacer\">\n\t\t\t<div class=\"elementor-spacer-inner\"><\/div>\n\t\t<\/div>\n\t\t\t\t\t\t<\/div>\n\t\t\t\t<\/div>\n\t\t\t\t<div class=\"elementor-element elementor-element-78966d4a elementor-toc--minimized-on-tablet elementor-widget elementor-widget-table-of-contents\" data-id=\"78966d4a\" data-element_type=\"widget\" data-e-type=\"widget\" data-settings=\"{&quot;headings_by_tags&quot;:[&quot;h2&quot;,&quot;h3&quot;,&quot;h4&quot;],&quot;marker_view&quot;:&quot;bullets&quot;,&quot;icon&quot;:{&quot;value&quot;:&quot;&quot;,&quot;library&quot;:&quot;&quot;},&quot;no_headings_message&quot;:&quot;No se ha encontrado ning\\u00fan encabezado en esta p\\u00e1gina.&quot;,&quot;minimize_box&quot;:&quot;yes&quot;,&quot;minimized_on&quot;:&quot;tablet&quot;,&quot;hierarchical_view&quot;:&quot;yes&quot;,&quot;min_height&quot;:{&quot;unit&quot;:&quot;px&quot;,&quot;size&quot;:&quot;&quot;,&quot;sizes&quot;:[]},&quot;min_height_tablet&quot;:{&quot;unit&quot;:&quot;px&quot;,&quot;size&quot;:&quot;&quot;,&quot;sizes&quot;:[]},&quot;min_height_mobile&quot;:{&quot;unit&quot;:&quot;px&quot;,&quot;size&quot;:&quot;&quot;,&quot;sizes&quot;:[]}}\" data-widget_type=\"table-of-contents.default\">\n\t\t\t\t<div class=\"elementor-widget-container\">\n\t\t\t\t\t\t\t\t\t<div class=\"elementor-toc__header\">\n\t\t\t\t\t\t<h4 class=\"elementor-toc__header-title\">\n\t\t\t\t\u00cdndex\t\t\t<\/h4>\n\t\t\t\t\t\t\t\t\t\t<div class=\"elementor-toc__toggle-button elementor-toc__toggle-button--expand\" role=\"button\" tabindex=\"0\" aria-controls=\"elementor-toc__78966d4a\" aria-expanded=\"true\" aria-label=\"Open table of contents\"><i aria-hidden=\"true\" class=\"fas fa-chevron-down\"><\/i><\/div>\n\t\t\t\t<div class=\"elementor-toc__toggle-button elementor-toc__toggle-button--collapse\" role=\"button\" tabindex=\"0\" aria-controls=\"elementor-toc__78966d4a\" aria-expanded=\"true\" aria-label=\"Close table of contents\"><i aria-hidden=\"true\" class=\"fas fa-chevron-up\"><\/i><\/div>\n\t\t\t\t\t<\/div>\n\t\t\t\t<div id=\"elementor-toc__78966d4a\" class=\"elementor-toc__body\">\n\t\t\t<div class=\"elementor-toc__spinner-container\">\n\t\t\t\t<i class=\"elementor-toc__spinner eicon-animation-spin eicon-loading\" aria-hidden=\"true\"><\/i>\t\t\t<\/div>\n\t\t<\/div>\n\t\t\t\t\t\t<\/div>\n\t\t\t\t<\/div>\n\t\t\t\t<div class=\"elementor-element elementor-element-1570bdad elementor-widget elementor-widget-menu-anchor\" data-id=\"1570bdad\" data-element_type=\"widget\" data-e-type=\"widget\" data-widget_type=\"menu-anchor.default\">\n\t\t\t\t<div class=\"elementor-widget-container\">\n\t\t\t\t\t\t\t<div class=\"elementor-menu-anchor\" id=\"a0101-EnlaceaunpuntodentrodelPost\"><\/div>\n\t\t\t\t\t\t<\/div>\n\t\t\t\t<\/div>\n\t\t\t\t<div class=\"elementor-element elementor-element-1dceca26 elementor-widget elementor-widget-spacer\" data-id=\"1dceca26\" data-element_type=\"widget\" data-e-type=\"widget\" data-widget_type=\"spacer.default\">\n\t\t\t\t<div class=\"elementor-widget-container\">\n\t\t\t\t\t\t\t<div class=\"elementor-spacer\">\n\t\t\t<div class=\"elementor-spacer-inner\"><\/div>\n\t\t<\/div>\n\t\t\t\t\t\t<\/div>\n\t\t\t\t<\/div>\n\t\t\t\t<div class=\"elementor-element elementor-element-6a4f5f6c elementor-widget elementor-widget-heading\" data-id=\"6a4f5f6c\" data-element_type=\"widget\" data-e-type=\"widget\" data-widget_type=\"heading.default\">\n\t\t\t\t<div class=\"elementor-widget-container\">\n\t\t\t\t\t<h2 class=\"elementor-heading-title elementor-size-default\">Ciutat romana de Baelo Claudia. Campo de Gibraltar. Cadis<\/h2>\t\t\t\t<\/div>\n\t\t\t\t<\/div>\n\t\t\t\t<div class=\"elementor-element elementor-element-59ca8806 elementor-widget elementor-widget-text-editor\" data-id=\"59ca8806\" data-element_type=\"widget\" data-e-type=\"widget\" data-widget_type=\"text-editor.default\">\n\t\t\t\t<div class=\"elementor-widget-container\">\n\t\t\t\t\t\t\t\t\t<p>Conjunts arqueol\u00f2gics com el de <strong>Baelo Claudia<\/strong>, que no van ser ocupats despr\u00e9s del seu abandonament, s\u00f3n especialment interessants perqu\u00e8 permeten con\u00e8ixer amb exactitud quina era la seva estructura urbana, sense que s&#8217;hagin superposat modificacions d&#8217;altres etapes hist\u00f2riques posteriors.<\/p><p>En el cas de Baelo Claudia, va ser abandonada en \u00e8poca tardorromana visigoda al segle VII, i no va tenir reocupaci\u00f3 posterior significativa, cosa que ens permet endinsar-nos en l&#8217;urbanisme rom\u00e0 vitruvi\u00e0 de la ciutat romana.<\/p><p>En aquest<em> Blog<\/em> he tingut ocasi\u00f3 de mostrar alguns dels jaciments arqueol\u00f2gics amb aquesta caracter\u00edstica de perman\u00e8ncia estructural fins a l&#8217;actualitat com: <a href=\"https:\/\/www.elturistatranquil.com\/ca\/poblat-iber-dullastret\/\" target=\"_blank\" rel=\"noopener\">Ullastret<\/a>, <a href=\"https:\/\/www.elturistatranquil.com\/ca\/poblat-iber-turo-rodo\/\" target=\"_blank\" rel=\"noopener\">Tur\u00f3 Rod\u00f3<\/a>, <a href=\"https:\/\/www.elturistatranquil.com\/ca\/poblat-iber-de-castell\/\" target=\"_blank\" rel=\"noopener\">Castell<\/a>, <a href=\"https:\/\/www.elturistatranquil.com\/ca\/poblat-iber-de-sant-sebastia-de-la-guarda-i-conjunt-monumental\/\" target=\"_blank\" rel=\"noopener\">Sant Sebasti\u00e0<\/a>, <a href=\"https:\/\/www.elturistatranquil.com\/ca\/poblat-iber-de-el-cerro-de-la-cruz\/\" target=\"_blank\" rel=\"noopener\">Cerro de la Cruz<\/a>, <a href=\"https:\/\/www.elturistatranquil.com\/ca\/empuries-i-sant-marti-dempuries-girona\/\" target=\"_blank\" rel=\"noopener\">Emp\u00faries<\/a>, <a href=\"https:\/\/www.elturistatranquil.com\/ca\/ciutat-romana-de-segobriga-conca\/\" target=\"_blank\" rel=\"noopener\">Seg\u00f2briga<\/a> o <a href=\"https:\/\/www.elturistatranquil.com\/ca\/recopolis-ciutat-visigoda-guadalajara\/\" target=\"_blank\" rel=\"noopener\">Rec\u00f2polis<\/a>.<\/p><p>Des de <a href=\"https:\/\/www.elturistatranquil.com\/ca\/conil-home-suite-estudis-i-apartaments-de-disseny-costa-de-la-luz\/\" target=\"_blank\" rel=\"noopener\">Conil Home Suit<\/a> \/ <a href=\"https:\/\/www.elturistatranquil.com\/ca\/apartamentos-la-jabega-conil-costa-de-la-luz\/\" target=\"_blank\" rel=\"noopener\">Apartaments La J\u00e1bega Conil<\/a> era una sortida molt interessant, quasi obligada.<\/p>\t\t\t\t\t\t\t\t<\/div>\n\t\t\t\t<\/div>\n\t\t\t\t<div class=\"elementor-element elementor-element-2bfff8a5 elementor-widget elementor-widget-heading\" data-id=\"2bfff8a5\" data-element_type=\"widget\" data-e-type=\"widget\" data-widget_type=\"heading.default\">\n\t\t\t\t<div class=\"elementor-widget-container\">\n\t\t\t\t\t<h2 class=\"elementor-heading-title elementor-size-default\">Baelo Claudia i el seu territori<\/h2>\t\t\t\t<\/div>\n\t\t\t\t<\/div>\n\t\t\t\t<div class=\"elementor-element elementor-element-1021901d elementor-widget elementor-widget-text-editor\" data-id=\"1021901d\" data-element_type=\"widget\" data-e-type=\"widget\" data-widget_type=\"text-editor.default\">\n\t\t\t\t<div class=\"elementor-widget-container\">\n\t\t\t\t\t\t\t\t\t<p>Baelo Claudia \u00e9s un lloc arqueol\u00f2gic ubicat a la costa atl\u00e0ntica de la Pen\u00ednsula, al municipi de <a href=\"https:\/\/www.elturistatranquil.com\/ca\/tarifa-cadis\/\" target=\"_blank\" rel=\"noopener\">Tarifa<\/a>, a la prov\u00edncia de Cadis. Va ser una ciutat romana que va subsistir entre els segles II aC. i VII d.C.<\/p><p>Ubicada a la cala de Bolonia i encarada a l&#8217;altra banda de l&#8217;Estret de Gibraltar amb qu\u00e8 era la important ciutat de <em>Tingis<\/em> (l&#8217;actual T\u00e0nger). La cala quedava protegida al ponent pel Cap Camarinal ia llevant per Punta Paloma, formant un port natural que la va convertir en un important port comercial.<\/p><p>La ciutat es trobava en un entorn de sismicitat activa, de manera que va patir diversos terratr\u00e8mols dels quals dos \u2013als anys 40 i 199 dC\u2013 van tenir efectes devastadors sobre Baelo.<\/p><p>Va formar part important del que el professor Miguel Taradell va qualificar com a \u201cCercle de l&#8217;Estret\u201d, conjunt de ciutats que van formar un potent conjunt geopol\u00edtic i comercial, en qu\u00e8 va estar inserit Baelo Claudia.<\/p>\t\t\t\t\t\t\t\t<\/div>\n\t\t\t\t<\/div>\n\t\t\t\t<div class=\"elementor-element elementor-element-64fdbbf0 elementor-widget elementor-widget-image\" data-id=\"64fdbbf0\" data-element_type=\"widget\" data-e-type=\"widget\" data-widget_type=\"image.default\">\n\t\t\t\t<div class=\"elementor-widget-container\">\n\t\t\t\t\t\t\t\t\t\t\t\t<figure class=\"wp-caption\">\n\t\t\t\t\t\t\t\t\t\t<img decoding=\"async\" width=\"768\" height=\"513\" src=\"https:\/\/www.elturistatranquil.com\/wp-content\/uploads\/F03-Circulo-del-Estrecho-1.jpg\" class=\"attachment-large size-large wp-image-45580\" alt=\"Circulo del Estrecho\" srcset=\"https:\/\/www.elturistatranquil.com\/wp-content\/uploads\/F03-Circulo-del-Estrecho-1.jpg 768w, https:\/\/www.elturistatranquil.com\/wp-content\/uploads\/F03-Circulo-del-Estrecho-1-339x226.jpg 339w\" sizes=\"(max-width: 768px) 100vw, 768px\" \/>\t\t\t\t\t\t\t\t\t\t\t<figcaption class=\"widget-image-caption wp-caption-text\">Fotograma de la confer\u00e8ncia sobre Baelo Claudia del <a href=\"https:\/\/www.youtube.com\/watch?v=VyGLOjkhHGI\" target=\"_blank\" rel=\"noopener\">professor Dar\u00edo Bernal Casasola<\/a><\/figcaption>\n\t\t\t\t\t\t\t\t\t\t<\/figure>\n\t\t\t\t\t\t\t\t\t<\/div>\n\t\t\t\t<\/div>\n\t\t\t\t<div class=\"elementor-element elementor-element-cb7e06e elementor-widget elementor-widget-text-editor\" data-id=\"cb7e06e\" data-element_type=\"widget\" data-e-type=\"widget\" data-widget_type=\"text-editor.default\">\n\t\t\t\t<div class=\"elementor-widget-container\">\n\t\t\t\t\t\t\t\t\t<p>Un altre factor important que explica la localitzaci\u00f3 de Baelo Claudia era la pres\u00e8ncia de recursos naturals a la zona, com el peix (tonyina i producci\u00f3 de <em>garum<\/em>, un condiment elaborat a partir de la fermentaci\u00f3 de la tonyina i sal, molt apreciat a l&#8217;antiga Roma) , el blat, l&#8217;oli d&#8217;oliva, el vi, i la disponibilitat de produir sal i la terrisseria a l\u2019entorn per construir \u00e0mfores, els quals van permetre el desenvolupament d&#8217;una pr\u00f2spera economia d&#8217;exportaci\u00f3.<\/p><p>Baelo Claudia era coneguda per produir un dels millors <em>garums <\/em>de l&#8217;Imperi Rom\u00e0, i exportava aquest producte a diferents regions de l&#8217;Imperi, incloent It\u00e0lia, \u00c0frica del Nord i la costa mediterr\u00e0nia d&#8217;Espanya.<\/p><p>Si relacionem la posici\u00f3 de Baelo Claudia al mapa de situaci\u00f3 del principi del text, amb el conjunt de mapes que s&#8217;ofereixen al <em>Post<\/em> <a href=\"https:\/\/www.elturistatranquil.com\/ca\/estructures-territorials-a-lespanya-peninsular\/\" target=\"_blank\" rel=\"noopener\">Estructures territorials a l&#8217;Espanya peninsular<\/a>, podrem fer-nos una idea dels condicionants geogr\u00e0fics i hist\u00f2rics m\u00e9s rellevants en qu\u00e8 es trobava emmarcada la ciutat hispanoromana.<\/p>\t\t\t\t\t\t\t\t<\/div>\n\t\t\t\t<\/div>\n\t\t\t\t<div class=\"elementor-element elementor-element-2e24635 elementor-widget elementor-widget-heading\" data-id=\"2e24635\" data-element_type=\"widget\" data-e-type=\"widget\" data-widget_type=\"heading.default\">\n\t\t\t\t<div class=\"elementor-widget-container\">\n\t\t\t\t\t<h2 class=\"elementor-heading-title elementor-size-default\">Una mica d'hist\u00f2ria<\/h2>\t\t\t\t<\/div>\n\t\t\t\t<\/div>\n\t\t\t\t<div class=\"elementor-element elementor-element-bd8759d elementor-widget elementor-widget-text-editor\" data-id=\"bd8759d\" data-element_type=\"widget\" data-e-type=\"widget\" data-widget_type=\"text-editor.default\">\n\t\t\t\t<div class=\"elementor-widget-container\">\n\t\t\t\t\t\t\t\t\t<p>Al territori dels turdetans, entre els segles VI-III aC. poblat de col\u00f2nies fen\u00edcies, els cartaginesos estableixen el seu domini, fins que al segle III aC. els romans conquisten la regi\u00f3 i assenten un port comercial a la costa, conegut com &#8220;<em>Portus Gaditanus<\/em>&#8220;.<\/p><p>Al segle II aC. sobre els anys 150-140 aC., en \u00e8poca rom\u00e0-republicana, \u00e9s quan es funda la ciutat de Baelo, que es creu que prov\u00e9 de la paraula fen\u00edcia &#8220;<em>ba&#8217;al<\/em>&#8220;, que significa &#8220;senyor&#8221; o &#8220;d\u00e9u&#8221;, tenint en compte que durant molt de temps els romans conviuran amb pobladors fenicip\u00fanics.<\/p><p>De la primera ciutat no en queden evid\u00e8ncies superficials ja que, sobre d\u2019ella, es va urbanitzar i va construir la ciutat vitruviana que ha arribat als nostres dies. Pels tasts arqueol\u00f2gics, es considera que el primer nucli podria haver ocupat la part ombrejada representada al pl\u00e0nol seg\u00fcent.<\/p>\t\t\t\t\t\t\t\t<\/div>\n\t\t\t\t<\/div>\n\t\t\t\t<div class=\"elementor-element elementor-element-1f2d7bb elementor-widget elementor-widget-image\" data-id=\"1f2d7bb\" data-element_type=\"widget\" data-e-type=\"widget\" data-widget_type=\"image.default\">\n\t\t\t\t<div class=\"elementor-widget-container\">\n\t\t\t\t\t\t\t\t\t\t\t\t<figure class=\"wp-caption\">\n\t\t\t\t\t\t\t\t\t\t<img loading=\"lazy\" decoding=\"async\" width=\"571\" height=\"590\" src=\"https:\/\/www.elturistatranquil.com\/wp-content\/uploads\/F04-Baelo-Claudia-Cadiz-1.jpg\" class=\"attachment-large size-large wp-image-45582\" alt=\"Baelo Claudia, Cadiz\" srcset=\"https:\/\/www.elturistatranquil.com\/wp-content\/uploads\/F04-Baelo-Claudia-Cadiz-1.jpg 571w, https:\/\/www.elturistatranquil.com\/wp-content\/uploads\/F04-Baelo-Claudia-Cadiz-1-219x226.jpg 219w\" sizes=\"(max-width: 571px) 100vw, 571px\" \/>\t\t\t\t\t\t\t\t\t\t\t<figcaption class=\"widget-image-caption wp-caption-text\"><\/figcaption>\n\t\t\t\t\t\t\t\t\t\t<\/figure>\n\t\t\t\t\t\t\t\t\t<\/div>\n\t\t\t\t<\/div>\n\t\t\t\t<div class=\"elementor-element elementor-element-ec82bf6 elementor-widget elementor-widget-text-editor\" data-id=\"ec82bf6\" data-element_type=\"widget\" data-e-type=\"widget\" data-widget_type=\"text-editor.default\">\n\t\t\t\t<div class=\"elementor-widget-container\">\n\t\t\t\t\t\t\t\t\t<p>La ciutat comen\u00e7a a prosperar al segle I aC. gr\u00e0cies al comer\u00e7 de productes locals, especialment salaons i <em>garum<\/em> (principalment de tonyina), i es construeixen importants edificis p\u00fablics com el teatre, el f\u00f2rum i el temple.<\/p><p>A finals del segle I aC, amb August, \u00e9s quan es realitza la reorganitzaci\u00f3 urban\u00edstica que dona a Baelo la forma d&#8217;una t\u00edpica ciutat romana: recinte emmurallat, planta ortogonal, construcci\u00f3 del f\u00f2rum, el port i les termes. La ciutat t\u00e9 una poblaci\u00f3 d&#8217;aproximadament 5.000 habitants.<\/p><p>Aquesta transformaci\u00f3 important sembla estar relacionada amb un canvi d&#8217;estatus: la concessi\u00f3 del dret llat\u00ed que va convertir la ciutat en <em>oppidum Latinum Baelo<\/em>. El desenvolupament econ\u00f2mic de la ciutat va propiciar, sens dubte, el canvi de la seva arquitectura.<\/p><p>Un primer terratr\u00e8mol censat a l&#8217;any 40 dC. va causar greus danys a la ciutat, incloent la destrucci\u00f3 d&#8217;alguns edificis i estructures p\u00fabliques.<\/p><p>A la reconstrucci\u00f3 va ser essencial el paper de l&#8217;emperador Claudi, reconstruint-se el conjunt monumental complet que va modificar especialment l&#8217;estructura del F\u00f2rum edificat anys abans sota August, aix\u00ed com un nou port i ordenant la construcci\u00f3 d&#8217;instal\u00b7lacions per a la producci\u00f3 i l&#8217;emmagatzematge de <em>garum<\/em>, que encara hauria impulsat m\u00e9s l&#8217;economia de la ciutat. Al mateix temps, li concedeix l&#8217;estatut de <em>municipium rom\u00e0<\/em>. Aquest moment coincideix amb l&#8217;etapa de m\u00e9s esplendor urb\u00e0 i econ\u00f2mic.<\/p><p>Sembla que en agra\u00efment a <strong>Baelo<\/strong> li van afegir el <strong>Claudia<\/strong>, nom amb qu\u00e8 la coneixem actualment.<\/p><p>Aquesta reconstrucci\u00f3 de la segona meitat del segle I \u00e9s la que \u00e9s visible i que es visita actualment.<\/p><p>Un segon terratr\u00e8mol a l&#8217;any 260 va ser encara m\u00e9s devastador, i es creu que va causar la destrucci\u00f3 gaireb\u00e9 completa de la ciutat. Per exemple, destrueix la bas\u00edlica, que es desploma sobre si mateixa. Ser\u00e0 en aquest per\u00edode quan el teatre perd la funci\u00f3.<\/p><p>El segle III marca l&#8217;inici dels efectes de les crisis econ\u00f2miques i la inseguretat mar\u00edtima, i quan Baelo Claudia comen\u00e7a a declinar i disminueix la seva poblaci\u00f3.<\/p><p>Es mant\u00e9 certa activitat industrial, fins que al segle IV es reaprofita l&#8217;espai urb\u00e0, aixecant-se un poblat d&#8217;edificis humils que no tenien res a veure amb l&#8217;esplendor passat, i modificant majorit\u00e0riament l&#8217;antic tra\u00e7at de la ciutat.<\/p><p>D&#8217;aquesta manera, les ind\u00fastries de salaons van seguir funcionant i l&#8217;activitat de Baelo es va allargar fins passats uns tres-cents anys, quan va ser definitivament abandonada al segle VII, i va quedar coberta de camps i hortes amb el pas dels anys.<\/p><p>Sembla que, en \u00e8poca medieval, despr\u00e9s de la reconquesta d&#8217;aquestes terres, Baelo Claudia va tenir una certa ocupaci\u00f3, aix\u00ed com tamb\u00e9 en \u00e8poca moderna, per\u00f2 van ser ocupacions molt puntuals que no van afectar significativament el jaciment.<\/p><p>Baelo Claudia \u00e9s redescoberta arqueol\u00f2gicament a finals del segle XIX, i ser\u00e0 a parir de la d\u00e8cada de 1920 que s&#8217;inicien campanyes de restauraci\u00f3 i conservaci\u00f3 de les restes arqueol\u00f2giques, convertint-se en un dels jaciments hispanoromans m\u00e9s importants de la Pen\u00ednsula Ib\u00e8rica.<\/p><p>A la Guia oficial del complex arqueol\u00f2gic es reprodueix aquesta fotografia de principis del segle XX, d&#8217;abans d&#8217;iniciar-se les excavacions, on es veu l&#8217;estat previ del lloc.<\/p>\t\t\t\t\t\t\t\t<\/div>\n\t\t\t\t<\/div>\n\t\t\t\t<div class=\"elementor-element elementor-element-55125d4 elementor-widget elementor-widget-image\" data-id=\"55125d4\" data-element_type=\"widget\" data-e-type=\"widget\" data-widget_type=\"image.default\">\n\t\t\t\t<div class=\"elementor-widget-container\">\n\t\t\t\t\t\t\t\t\t\t\t\t<figure class=\"wp-caption\">\n\t\t\t\t\t\t\t\t\t\t<img loading=\"lazy\" decoding=\"async\" width=\"431\" height=\"590\" src=\"https:\/\/www.elturistatranquil.com\/wp-content\/uploads\/F05-Baelo-Claudia-Cadiz-A-principios-del-s-XX.-Foto-Guia-Oficial-1.jpg\" class=\"attachment-large size-large wp-image-45584\" alt=\"Baelo Claudia, Cadiz A principios del s XX. Foto Guia Oficial\" srcset=\"https:\/\/www.elturistatranquil.com\/wp-content\/uploads\/F05-Baelo-Claudia-Cadiz-A-principios-del-s-XX.-Foto-Guia-Oficial-1.jpg 431w, https:\/\/www.elturistatranquil.com\/wp-content\/uploads\/F05-Baelo-Claudia-Cadiz-A-principios-del-s-XX.-Foto-Guia-Oficial-1-165x226.jpg 165w\" sizes=\"(max-width: 431px) 100vw, 431px\" \/>\t\t\t\t\t\t\t\t\t\t\t<figcaption class=\"widget-image-caption wp-caption-text\">El peu de la fotografia a la Guia oficial diu: Excavaci\u00f3 per la Casa de Vel\u00e1zquez. Aquesta incre\u00efblement interessant fotografia mostra l'estat de les \"ru\u00efnes de Bolonia\", com se les coneixia a la ciutat, poc abans que comencessin els treballs arqueol\u00f2gics de la Casa de Vel\u00e1zquez. Encara quedaven enterrats el F\u00f2rum, aix\u00ed com les Termes, el Decumano M\u00e1ximo i la majoria dels elements urbans ara desenterrats. A m\u00e9s, la factoria de sala\u00f3 excavada el 1917 quedava oculta a causa de la sorra de la platja que la cobria. La vila de Bolonia encara ocupava bona part de la zona baixa i l'antic cam\u00ed militar partia en dues les ru\u00efnes de la ciutat.<\/figcaption>\n\t\t\t\t\t\t\t\t\t\t<\/figure>\n\t\t\t\t\t\t\t\t\t<\/div>\n\t\t\t\t<\/div>\n\t\t\t\t<div class=\"elementor-element elementor-element-83c26bf elementor-widget elementor-widget-text-editor\" data-id=\"83c26bf\" data-element_type=\"widget\" data-e-type=\"widget\" data-widget_type=\"text-editor.default\">\n\t\t\t\t<div class=\"elementor-widget-container\">\n\t\t\t\t\t\t\t\t\t<p>Declarat <em>B\u00e9 d\u2019Inter\u00e8s Cultural<\/em> (<em>BIC<\/em>), la Junta d\u2019Andalusia el considera un <em>Conjunt Arqueol\u00f2gic<\/em>, figura de m\u00e0xima categoria.<\/p><p>Per \u00faltim, una consideraci\u00f3 de gran transcend\u00e8ncia per a la perviv\u00e8ncia del jaciment. En no ser aprofitada Baelo Claudia com a pedrera per construir altres ciutats o recintes, com s\u00ed que va succeir en altres llocs (p.e. a <a href=\"https:\/\/www.elturistatranquil.com\/ca\/ciutat-romana-de-segobriga-conca\/\" target=\"_blank\" rel=\"noopener\">Seg\u00f3briga<\/a> o <a href=\"https:\/\/www.elturistatranquil.com\/ca\/recopolis-ciutat-visigoda-guadalajara\/\" target=\"_blank\" rel=\"noopener\">Rec\u00f3polis<\/a>) s&#8217;ha pogut recuperar soterrats gran part de restes arqueol\u00f2giques, per exemple, les columnes de la bas\u00edlica.<\/p>\t\t\t\t\t\t\t\t<\/div>\n\t\t\t\t<\/div>\n\t\t\t\t<div class=\"elementor-element elementor-element-99ca534 elementor-widget elementor-widget-heading\" data-id=\"99ca534\" data-element_type=\"widget\" data-e-type=\"widget\" data-widget_type=\"heading.default\">\n\t\t\t\t<div class=\"elementor-widget-container\">\n\t\t\t\t\t<h2 class=\"elementor-heading-title elementor-size-default\">Urbanisme<\/h2>\t\t\t\t<\/div>\n\t\t\t\t<\/div>\n\t\t\t\t<div class=\"elementor-element elementor-element-4599e40 elementor-widget elementor-widget-text-editor\" data-id=\"4599e40\" data-element_type=\"widget\" data-e-type=\"widget\" data-widget_type=\"text-editor.default\">\n\t\t\t\t<div class=\"elementor-widget-container\">\n\t\t\t\t\t\t\t\t\t<p>Ciutat amb un urbanisme que segueix els c\u00e0nons cl\u00e0ssics dissenyats per Vitruvi. Baelo Claudia \u00e9s una de les ciutats de la Hisp\u00e0nia que cont\u00e9 la major part de tots els elements de l&#8217;urbanisme cl\u00e0ssic: tra\u00e7at ortogonal, amb <em>decumanus<\/em> i <em>cardus<\/em> perpendiculars, formant <em>insulas<\/em>, que no s\u00f3n de dimensions regulars; f\u00f2rum; grans edificis p\u00fablics; muralles; o sistemes d&#8217;aq\u00fceductes i claveguerams.<\/p><p>En concret, la figura urbana de Baelo Claudia t\u00e9 una forma entre trapezi allargat i triangle is\u00f2sceles, adaptada a la topografia del terreny. La zona sud t\u00e9 forma de quadrat, trencat a l&#8217;extrem sud-oest per adaptar-se al curs de la riera de Las Villas, ocupant una plana de suau pendent, mentre que l&#8217;extensi\u00f3 cap al nord adopta la forma triangle rectangle amb la hipotenusa al costat de llevant adaptada a la carena a partir de la l\u00ednia en qu\u00e8 el terreny s&#8217;eleva m\u00e9s bruscament.<\/p>\t\t\t\t\t\t\t\t<\/div>\n\t\t\t\t<\/div>\n\t\t\t\t<div class=\"elementor-element elementor-element-14806b7 elementor-widget elementor-widget-image\" data-id=\"14806b7\" data-element_type=\"widget\" data-e-type=\"widget\" data-widget_type=\"image.default\">\n\t\t\t\t<div class=\"elementor-widget-container\">\n\t\t\t\t\t\t\t\t\t\t\t\t<figure class=\"wp-caption\">\n\t\t\t\t\t\t\t\t\t\t<img loading=\"lazy\" decoding=\"async\" width=\"459\" height=\"590\" src=\"https:\/\/www.elturistatranquil.com\/wp-content\/uploads\/F06-Baelo-Claudia-Cadiz.-Plano-de-Myriam-Fincker-1.jpg\" class=\"attachment-large size-large wp-image-45586\" alt=\"Baelo Claudia, Cadiz. Plano de Myriam Fincker\" srcset=\"https:\/\/www.elturistatranquil.com\/wp-content\/uploads\/F06-Baelo-Claudia-Cadiz.-Plano-de-Myriam-Fincker-1.jpg 459w, https:\/\/www.elturistatranquil.com\/wp-content\/uploads\/F06-Baelo-Claudia-Cadiz.-Plano-de-Myriam-Fincker-1-176x226.jpg 176w\" sizes=\"(max-width: 459px) 100vw, 459px\" \/>\t\t\t\t\t\t\t\t\t\t\t<figcaption class=\"widget-image-caption wp-caption-text\">Pl\u00e0nol de Myriam Fincker<\/figcaption>\n\t\t\t\t\t\t\t\t\t\t<\/figure>\n\t\t\t\t\t\t\t\t\t<\/div>\n\t\t\t\t<\/div>\n\t\t\t\t<div class=\"elementor-element elementor-element-7df35d2 elementor-widget elementor-widget-text-editor\" data-id=\"7df35d2\" data-element_type=\"widget\" data-e-type=\"widget\" data-widget_type=\"text-editor.default\">\n\t\t\t\t<div class=\"elementor-widget-container\">\n\t\t\t\t\t\t\t\t\t<p>Quatre aq\u00fceductes subministraven l&#8217;aigua a la ciutat.<\/p><p>El port estava situat fora de les muralles. No hi ha evid\u00e8ncies f\u00edsiques, d&#8217;una banda, perqu\u00e8 s&#8217;ha produ\u00eft la modificaci\u00f3 de la l\u00ednia de costa i, de l&#8217;altra, per la suposici\u00f3 que les estructures portu\u00e0ries eren de fusta i, com a material perenne, no s&#8217;han conservat.<\/p><p>A la cantonada sud-occidental, fora murs, i a l&#8217;altra banda del rierol Las Villas es va al\u00e7ar el <em>suburbium<\/em> occidental. S&#8217;hi han trobat les denominades <strong>Termes Mar\u00edtimes<\/strong>, del segle II.<\/p><p>Tamb\u00e9 s\u00f3n importants les necr\u00f2polis, per\u00f2 no formen part del circuit de la visita.<\/p><p>Com a s\u00edntesi, el gran inter\u00e8s de Baelo Claudia \u00e9s que permet visualitzar completament l&#8217;urbanisme cl\u00e0ssic del model de ciutat hispanoromana en la concepci\u00f3 vitruviana.<\/p><p>La maqueta que s&#8217;exposa al Museu com a recreaci\u00f3 de Baelo Claudia ofereix una imatge del que va poder ser a la seva \u00e8poca d&#8217;esplendor.<\/p>\t\t\t\t\t\t\t\t<\/div>\n\t\t\t\t<\/div>\n\t\t\t\t<div class=\"elementor-element elementor-element-c361397 elementor-widget elementor-widget-image\" data-id=\"c361397\" data-element_type=\"widget\" data-e-type=\"widget\" data-widget_type=\"image.default\">\n\t\t\t\t<div class=\"elementor-widget-container\">\n\t\t\t\t\t\t\t\t\t\t\t\t<figure class=\"wp-caption\">\n\t\t\t\t\t\t\t\t\t\t<img loading=\"lazy\" decoding=\"async\" width=\"768\" height=\"578\" src=\"https:\/\/www.elturistatranquil.com\/wp-content\/uploads\/F07-Maqueta-de-Baelo-Claudia-Cadiz.jpg\" class=\"attachment-large size-large wp-image-45588\" alt=\"Maqueta de Baelo Claudia, Cadiz\" srcset=\"https:\/\/www.elturistatranquil.com\/wp-content\/uploads\/F07-Maqueta-de-Baelo-Claudia-Cadiz.jpg 768w, https:\/\/www.elturistatranquil.com\/wp-content\/uploads\/F07-Maqueta-de-Baelo-Claudia-Cadiz-300x226.jpg 300w\" sizes=\"(max-width: 768px) 100vw, 768px\" \/>\t\t\t\t\t\t\t\t\t\t\t<figcaption class=\"widget-image-caption wp-caption-text\"><\/figcaption>\n\t\t\t\t\t\t\t\t\t\t<\/figure>\n\t\t\t\t\t\t\t\t\t<\/div>\n\t\t\t\t<\/div>\n\t\t\t\t<div class=\"elementor-element elementor-element-261b325 elementor-widget elementor-widget-heading\" data-id=\"261b325\" data-element_type=\"widget\" data-e-type=\"widget\" data-widget_type=\"heading.default\">\n\t\t\t\t<div class=\"elementor-widget-container\">\n\t\t\t\t\t<h2 class=\"elementor-heading-title elementor-size-default\">La visita a Baelo Claudia<\/h2>\t\t\t\t<\/div>\n\t\t\t\t<\/div>\n\t\t\t\t<div class=\"elementor-element elementor-element-1f05502 elementor-widget elementor-widget-image\" data-id=\"1f05502\" data-element_type=\"widget\" data-e-type=\"widget\" data-widget_type=\"image.default\">\n\t\t\t\t<div class=\"elementor-widget-container\">\n\t\t\t\t\t\t\t\t\t\t\t\t<figure class=\"wp-caption\">\n\t\t\t\t\t\t\t\t\t\t<img loading=\"lazy\" decoding=\"async\" width=\"768\" height=\"512\" src=\"https:\/\/www.elturistatranquil.com\/wp-content\/uploads\/F08a-Baelo-Claudia-Cadiz.jpg\" class=\"attachment-large size-large wp-image-45593\" alt=\"Baelo Claudia, Cadiz\" srcset=\"https:\/\/www.elturistatranquil.com\/wp-content\/uploads\/F08a-Baelo-Claudia-Cadiz.jpg 768w, https:\/\/www.elturistatranquil.com\/wp-content\/uploads\/F08a-Baelo-Claudia-Cadiz-339x226.jpg 339w\" sizes=\"(max-width: 768px) 100vw, 768px\" \/>\t\t\t\t\t\t\t\t\t\t\t<figcaption class=\"widget-image-caption wp-caption-text\"><\/figcaption>\n\t\t\t\t\t\t\t\t\t\t<\/figure>\n\t\t\t\t\t\t\t\t\t<\/div>\n\t\t\t\t<\/div>\n\t\t\t\t<div class=\"elementor-element elementor-element-2f171b3 elementor-widget elementor-widget-text-editor\" data-id=\"2f171b3\" data-element_type=\"widget\" data-e-type=\"widget\" data-widget_type=\"text-editor.default\">\n\t\t\t\t<div class=\"elementor-widget-container\">\n\t\t\t\t\t\t\t\t\t<p>L&#8217;itinerari que se segueix a la visita ha estat dissenyat seguint un recorregut pel patr\u00f3 dels carrers romans.<\/p><p>El punt de recepci\u00f3 se situa al Museu, un edifici de nova planta, dissenyat per l&#8217;arquitecte Guillermo V\u00e1zquez Consuegra. Una arquitectura minimalista, de dues plantes, tota blanca, que no interfereix en l&#8217;est\u00e8tica del jaciment. Es troba a uns 100 metres de la muralla de llevant, amb l&#8217;encert de seguir la l\u00ednia del tra\u00e7at del que anomenen decumano del teatre. Com veurem, un gran i magn\u00edfic finestral ofereix una perspectiva sobre el conjunt del jaciment.<\/p><p>Podeu comen\u00e7ar amb una visita informativa sobre el jaciment al Museu, o deixar-la per al final. Al <em>Post<\/em> he optat per presentar el Museu al final.<\/p><p>Des del punt d&#8217;inici de recorregut (<strong>0<\/strong>), a tocar del <strong>Museu<\/strong>, ens ofereix una primera perspectiva del lateral de llevant, amb la muralla en primer terme.<\/p>\t\t\t\t\t\t\t\t<\/div>\n\t\t\t\t<\/div>\n\t\t\t\t<div class=\"elementor-element elementor-element-421f0e8 elementor-widget elementor-widget-image\" data-id=\"421f0e8\" data-element_type=\"widget\" data-e-type=\"widget\" data-widget_type=\"image.default\">\n\t\t\t\t<div class=\"elementor-widget-container\">\n\t\t\t\t\t\t\t\t\t\t\t\t<figure class=\"wp-caption\">\n\t\t\t\t\t\t\t\t\t\t<img loading=\"lazy\" decoding=\"async\" width=\"768\" height=\"511\" src=\"https:\/\/www.elturistatranquil.com\/wp-content\/uploads\/F08b-Baelo-Claudia-Cadiz.jpg\" class=\"attachment-large size-large wp-image-45595\" alt=\"Baelo Claudia, Cadiz\" srcset=\"https:\/\/www.elturistatranquil.com\/wp-content\/uploads\/F08b-Baelo-Claudia-Cadiz.jpg 768w, https:\/\/www.elturistatranquil.com\/wp-content\/uploads\/F08b-Baelo-Claudia-Cadiz-339x226.jpg 339w\" sizes=\"(max-width: 768px) 100vw, 768px\" \/>\t\t\t\t\t\t\t\t\t\t\t<figcaption class=\"widget-image-caption wp-caption-text\"><\/figcaption>\n\t\t\t\t\t\t\t\t\t\t<\/figure>\n\t\t\t\t\t\t\t\t\t<\/div>\n\t\t\t\t<\/div>\n\t\t\t\t<div class=\"elementor-element elementor-element-350a4a4 elementor-widget elementor-widget-text-editor\" data-id=\"350a4a4\" data-element_type=\"widget\" data-e-type=\"widget\" data-widget_type=\"text-editor.default\">\n\t\t\t\t<div class=\"elementor-widget-container\">\n\t\t\t\t\t\t\t\t\t<p>Destaquem com al fons s&#8217;eleva la <strong>duna de Bolonia<\/strong>, declarada <em>Monument Natural<\/em> el 2001. \u00c9s una duna formada pels vents dominants de llevant que arrosseguen la sorra de la platja de Bolonia tur\u00f3 amunt, formant una duna d&#8217;uns 30 metres d&#8217;al\u00e7ada i m\u00e9s de 200 metres d&#8217;amplada.<\/p>\t\t\t\t\t\t\t\t<\/div>\n\t\t\t\t<\/div>\n\t\t\t\t<div class=\"elementor-element elementor-element-544eee79 elementor-widget elementor-widget-heading\" data-id=\"544eee79\" data-element_type=\"widget\" data-e-type=\"widget\" data-widget_type=\"heading.default\">\n\t\t\t\t<div class=\"elementor-widget-container\">\n\t\t\t\t\t<h3 class=\"elementor-heading-title elementor-size-default\">Aq\u00fceducte, Muralla oriental i Porta de Carteia<\/h3>\t\t\t\t<\/div>\n\t\t\t\t<\/div>\n\t\t\t\t<div class=\"elementor-element elementor-element-39e9014 elementor-widget elementor-widget-image\" data-id=\"39e9014\" data-element_type=\"widget\" data-e-type=\"widget\" data-widget_type=\"image.default\">\n\t\t\t\t<div class=\"elementor-widget-container\">\n\t\t\t\t\t\t\t\t\t\t\t\t<figure class=\"wp-caption\">\n\t\t\t\t\t\t\t\t\t\t<img loading=\"lazy\" decoding=\"async\" width=\"768\" height=\"512\" src=\"https:\/\/www.elturistatranquil.com\/wp-content\/uploads\/F09-Baelo-Claudia-Cadiz-Google-earth-2023-03-12.jpg\" class=\"attachment-large size-large wp-image-45597\" alt=\"Baelo Claudia, Cadiz (Google -earth 2023-03-12)\" srcset=\"https:\/\/www.elturistatranquil.com\/wp-content\/uploads\/F09-Baelo-Claudia-Cadiz-Google-earth-2023-03-12.jpg 768w, https:\/\/www.elturistatranquil.com\/wp-content\/uploads\/F09-Baelo-Claudia-Cadiz-Google-earth-2023-03-12-339x226.jpg 339w\" sizes=\"(max-width: 768px) 100vw, 768px\" \/>\t\t\t\t\t\t\t\t\t\t\t<figcaption class=\"widget-image-caption wp-caption-text\">(Google earth 2023-03-12)<\/figcaption>\n\t\t\t\t\t\t\t\t\t\t<\/figure>\n\t\t\t\t\t\t\t\t\t<\/div>\n\t\t\t\t<\/div>\n\t\t\t\t<div class=\"elementor-element elementor-element-3c7a272 elementor-widget elementor-widget-text-editor\" data-id=\"3c7a272\" data-element_type=\"widget\" data-e-type=\"widget\" data-widget_type=\"text-editor.default\">\n\t\t\t\t<div class=\"elementor-widget-container\">\n\t\t\t\t\t\t\t\t\t<p>Del <strong>Museu<\/strong> (<strong>0<\/strong>), situat a menys de 100 metres de la part nord-oriental del Conjunt Arqueol\u00f2gic, surt el recorregut. Observeu com l&#8217;edifici de nova planta t\u00e9 l&#8217;encert d&#8217;haver estat dissenyat seguint la continu\u00eftat del tra\u00e7at del decumano del teatre.<\/p><p>Es passa pel costat de l&#8217;<strong>aq\u00fceducte<\/strong> (<strong>1<\/strong>) per, tot seguit, rec\u00f3rrer la muralla de llevant per l&#8217;exterior fins a la porta de Carteia.<\/p><p>Com a refer\u00e8ncia, la l\u00ednia groga reflecteix el decumanus m\u00e0xim que arrenca en aquesta porta.<\/p>\t\t\t\t\t\t\t\t<\/div>\n\t\t\t\t<\/div>\n\t\t\t\t<div class=\"elementor-element elementor-element-5f7ce742 elementor-widget elementor-widget-heading\" data-id=\"5f7ce742\" data-element_type=\"widget\" data-e-type=\"widget\" data-widget_type=\"heading.default\">\n\t\t\t\t<div class=\"elementor-widget-container\">\n\t\t\t\t\t<h4 class=\"elementor-heading-title elementor-size-default\">Aq\u00fceducte de Punta Paloma<\/h4>\t\t\t\t<\/div>\n\t\t\t\t<\/div>\n\t\t\t\t<div class=\"elementor-element elementor-element-943349d elementor-widget elementor-widget-text-editor\" data-id=\"943349d\" data-element_type=\"widget\" data-e-type=\"widget\" data-widget_type=\"text-editor.default\">\n\t\t\t\t<div class=\"elementor-widget-container\">\n\t\t\t\t\t\t\t\t\t<p>Per salvar el torrent de la Chorrera, l&#8217;<strong>aq\u00fceducte de Punta Paloma<\/strong> (<strong>1<\/strong>) es recolza en arcuacions d&#8217;arcs de mig punt.<\/p>\t\t\t\t\t\t\t\t<\/div>\n\t\t\t\t<\/div>\n\t\t\t\t<div class=\"elementor-element elementor-element-4588852 elementor-widget elementor-widget-image\" data-id=\"4588852\" data-element_type=\"widget\" data-e-type=\"widget\" data-widget_type=\"image.default\">\n\t\t\t\t<div class=\"elementor-widget-container\">\n\t\t\t\t\t\t\t\t\t\t\t\t<figure class=\"wp-caption\">\n\t\t\t\t\t\t\t\t\t\t<img loading=\"lazy\" decoding=\"async\" width=\"768\" height=\"511\" src=\"https:\/\/www.elturistatranquil.com\/wp-content\/uploads\/F10-Baelo-Claudia-Cadiz.jpg\" class=\"attachment-large size-large wp-image-45599\" alt=\"Baelo Claudia, Cadiz\" srcset=\"https:\/\/www.elturistatranquil.com\/wp-content\/uploads\/F10-Baelo-Claudia-Cadiz.jpg 768w, https:\/\/www.elturistatranquil.com\/wp-content\/uploads\/F10-Baelo-Claudia-Cadiz-339x226.jpg 339w\" sizes=\"(max-width: 768px) 100vw, 768px\" \/>\t\t\t\t\t\t\t\t\t\t\t<figcaption class=\"widget-image-caption wp-caption-text\"><\/figcaption>\n\t\t\t\t\t\t\t\t\t\t<\/figure>\n\t\t\t\t\t\t\t\t\t<\/div>\n\t\t\t\t<\/div>\n\t\t\t\t<div class=\"elementor-element elementor-element-0eb0ce2 elementor-widget elementor-widget-image\" data-id=\"0eb0ce2\" data-element_type=\"widget\" data-e-type=\"widget\" data-widget_type=\"image.default\">\n\t\t\t\t<div class=\"elementor-widget-container\">\n\t\t\t\t\t\t\t\t\t\t\t\t<figure class=\"wp-caption\">\n\t\t\t\t\t\t\t\t\t\t<img loading=\"lazy\" decoding=\"async\" width=\"768\" height=\"511\" src=\"https:\/\/www.elturistatranquil.com\/wp-content\/uploads\/F11-Baelo-Claudia-Cadiz.jpg\" class=\"attachment-large size-large wp-image-45601\" alt=\"Baelo Claudia, Cadiz\" srcset=\"https:\/\/www.elturistatranquil.com\/wp-content\/uploads\/F11-Baelo-Claudia-Cadiz.jpg 768w, https:\/\/www.elturistatranquil.com\/wp-content\/uploads\/F11-Baelo-Claudia-Cadiz-339x226.jpg 339w\" sizes=\"(max-width: 768px) 100vw, 768px\" \/>\t\t\t\t\t\t\t\t\t\t\t<figcaption class=\"widget-image-caption wp-caption-text\"><\/figcaption>\n\t\t\t\t\t\t\t\t\t\t<\/figure>\n\t\t\t\t\t\t\t\t\t<\/div>\n\t\t\t\t<\/div>\n\t\t\t\t<div class=\"elementor-element elementor-element-b19ba61 elementor-widget elementor-widget-heading\" data-id=\"b19ba61\" data-element_type=\"widget\" data-e-type=\"widget\" data-widget_type=\"heading.default\">\n\t\t\t\t<div class=\"elementor-widget-container\">\n\t\t\t\t\t<h4 class=\"elementor-heading-title elementor-size-default\">Muralla oriental <\/h4>\t\t\t\t<\/div>\n\t\t\t\t<\/div>\n\t\t\t\t<div class=\"elementor-element elementor-element-cd1a8a7 elementor-widget elementor-widget-text-editor\" data-id=\"cd1a8a7\" data-element_type=\"widget\" data-e-type=\"widget\" data-widget_type=\"text-editor.default\">\n\t\t\t\t<div class=\"elementor-widget-container\">\n\t\t\t\t\t\t\t\t\t<p>La major part de Baelo va estar protegida per una <strong>muralla<\/strong> (<strong>3<\/strong>, <strong>24<\/strong>) el tra\u00e7at de la qual continua sent perceptible en diversos punts. Les restes millor conservades arriben avui a altura entre dos i quatre metres.<\/p><p>El per\u00edmetre original devia mesurar uns 1.400 metres, amb 5 portes, unes 40 torres de vigil\u00e0ncia, de les quals hi ha actualment 8 excavades.<\/p><p>Es tracta del que es considera una muralla de prestigi que es construeix en \u00e8poca d&#8217;August, ja que no havia de tenir car\u00e0cter defensiu sin\u00f3 de representaci\u00f3, com mostren la seva f\u00e0brica amb carreus encoixinats. Una part (<strong>24<\/strong>) va haver d&#8217;esfondrar-se amb els terratr\u00e8mols i es va reconstruir, per\u00f2 menys ostentosa d&#8217;<em>opus incertum<\/em> (de carreus irregulars).<\/p><p>En els darrers temps s&#8217;ha identificat una tercera porta principal al nord de la ciutat (Puerta de Asido), que comunica amb les poblacions del nord <em>Lascuta<\/em> (Mesa de Ortega, cerca de Alcal\u00e1 de los Gazules) y <em>Asido <\/em>(Medina Sidonia).<\/p><p>El recorregut segueix per la part exterior de la muralla, des d&#8217;una <strong>porta<\/strong> (<strong>2<\/strong>), que es considera auxiliar, al final del decumanus del teatre, fins a la porta principal de Carteia.<\/p><p>L&#8217;al\u00e7ada que queda dels murs \u00e9s inferior als dos metres, per\u00f2 s\u00f3n perfectament visibles les bases de les tres torres que separa les dues portes.<\/p>\t\t\t\t\t\t\t\t<\/div>\n\t\t\t\t<\/div>\n\t\t\t\t<div class=\"elementor-element elementor-element-24d13fa elementor-widget elementor-widget-image\" data-id=\"24d13fa\" data-element_type=\"widget\" data-e-type=\"widget\" data-widget_type=\"image.default\">\n\t\t\t\t<div class=\"elementor-widget-container\">\n\t\t\t\t\t\t\t\t\t\t\t\t<figure class=\"wp-caption\">\n\t\t\t\t\t\t\t\t\t\t<img loading=\"lazy\" decoding=\"async\" width=\"768\" height=\"512\" src=\"https:\/\/www.elturistatranquil.com\/wp-content\/uploads\/F12-Baelo-Claudia-Cadiz.jpg\" class=\"attachment-large size-large wp-image-45606\" alt=\"Baelo Claudia, Cadiz\" srcset=\"https:\/\/www.elturistatranquil.com\/wp-content\/uploads\/F12-Baelo-Claudia-Cadiz.jpg 768w, https:\/\/www.elturistatranquil.com\/wp-content\/uploads\/F12-Baelo-Claudia-Cadiz-339x226.jpg 339w\" sizes=\"(max-width: 768px) 100vw, 768px\" \/>\t\t\t\t\t\t\t\t\t\t\t<figcaption class=\"widget-image-caption wp-caption-text\"><\/figcaption>\n\t\t\t\t\t\t\t\t\t\t<\/figure>\n\t\t\t\t\t\t\t\t\t<\/div>\n\t\t\t\t<\/div>\n\t\t\t\t<div class=\"elementor-element elementor-element-0470298 elementor-widget elementor-widget-image\" data-id=\"0470298\" data-element_type=\"widget\" data-e-type=\"widget\" data-widget_type=\"image.default\">\n\t\t\t\t<div class=\"elementor-widget-container\">\n\t\t\t\t\t\t\t\t\t\t\t\t<figure class=\"wp-caption\">\n\t\t\t\t\t\t\t\t\t\t<img loading=\"lazy\" decoding=\"async\" width=\"768\" height=\"511\" src=\"https:\/\/www.elturistatranquil.com\/wp-content\/uploads\/F13-Baelo-Claudia-Cadiz.jpg\" class=\"attachment-large size-large wp-image-45608\" alt=\"\" srcset=\"https:\/\/www.elturistatranquil.com\/wp-content\/uploads\/F13-Baelo-Claudia-Cadiz.jpg 768w, https:\/\/www.elturistatranquil.com\/wp-content\/uploads\/F13-Baelo-Claudia-Cadiz-339x226.jpg 339w\" sizes=\"(max-width: 768px) 100vw, 768px\" \/>\t\t\t\t\t\t\t\t\t\t\t<figcaption class=\"widget-image-caption wp-caption-text\"><\/figcaption>\n\t\t\t\t\t\t\t\t\t\t<\/figure>\n\t\t\t\t\t\t\t\t\t<\/div>\n\t\t\t\t<\/div>\n\t\t\t\t<div class=\"elementor-element elementor-element-cae0434 elementor-widget elementor-widget-image\" data-id=\"cae0434\" data-element_type=\"widget\" data-e-type=\"widget\" data-widget_type=\"image.default\">\n\t\t\t\t<div class=\"elementor-widget-container\">\n\t\t\t\t\t\t\t\t\t\t\t\t<figure class=\"wp-caption\">\n\t\t\t\t\t\t\t\t\t\t<img loading=\"lazy\" decoding=\"async\" width=\"768\" height=\"512\" src=\"https:\/\/www.elturistatranquil.com\/wp-content\/uploads\/F14-Baelo-Claudia-Cadiz.jpg\" class=\"attachment-large size-large wp-image-45610\" alt=\"Baelo Claudia, Cadiz\" srcset=\"https:\/\/www.elturistatranquil.com\/wp-content\/uploads\/F14-Baelo-Claudia-Cadiz.jpg 768w, https:\/\/www.elturistatranquil.com\/wp-content\/uploads\/F14-Baelo-Claudia-Cadiz-339x226.jpg 339w\" sizes=\"(max-width: 768px) 100vw, 768px\" \/>\t\t\t\t\t\t\t\t\t\t\t<figcaption class=\"widget-image-caption wp-caption-text\"><\/figcaption>\n\t\t\t\t\t\t\t\t\t\t<\/figure>\n\t\t\t\t\t\t\t\t\t<\/div>\n\t\t\t\t<\/div>\n\t\t\t\t<div class=\"elementor-element elementor-element-af6cef9 elementor-widget elementor-widget-image\" data-id=\"af6cef9\" data-element_type=\"widget\" data-e-type=\"widget\" data-widget_type=\"image.default\">\n\t\t\t\t<div class=\"elementor-widget-container\">\n\t\t\t\t\t\t\t\t\t\t\t\t<figure class=\"wp-caption\">\n\t\t\t\t\t\t\t\t\t\t<img loading=\"lazy\" decoding=\"async\" width=\"768\" height=\"512\" src=\"https:\/\/www.elturistatranquil.com\/wp-content\/uploads\/F15-Baelo-Claudia-Cadiz.jpg\" class=\"attachment-large size-large wp-image-45612\" alt=\"Baelo Claudia, Cadiz\" srcset=\"https:\/\/www.elturistatranquil.com\/wp-content\/uploads\/F15-Baelo-Claudia-Cadiz.jpg 768w, https:\/\/www.elturistatranquil.com\/wp-content\/uploads\/F15-Baelo-Claudia-Cadiz-339x226.jpg 339w\" sizes=\"(max-width: 768px) 100vw, 768px\" \/>\t\t\t\t\t\t\t\t\t\t\t<figcaption class=\"widget-image-caption wp-caption-text\"><\/figcaption>\n\t\t\t\t\t\t\t\t\t\t<\/figure>\n\t\t\t\t\t\t\t\t\t<\/div>\n\t\t\t\t<\/div>\n\t\t\t\t<div class=\"elementor-element elementor-element-2905524 elementor-widget elementor-widget-heading\" data-id=\"2905524\" data-element_type=\"widget\" data-e-type=\"widget\" data-widget_type=\"heading.default\">\n\t\t\t\t<div class=\"elementor-widget-container\">\n\t\t\t\t\t<h4 class=\"elementor-heading-title elementor-size-default\">Porta de Carteia i Decumanus maximus<\/h4>\t\t\t\t<\/div>\n\t\t\t\t<\/div>\n\t\t\t\t<div class=\"elementor-element elementor-element-c869675 elementor-widget elementor-widget-text-editor\" data-id=\"c869675\" data-element_type=\"widget\" data-e-type=\"widget\" data-widget_type=\"text-editor.default\">\n\t\t\t\t<div class=\"elementor-widget-container\">\n\t\t\t\t\t\t\t\t\t<p>Per la <strong>porta de Carteia<\/strong> (San Roque) (<strong>4<\/strong>) s&#8217;entrava al <strong>decumanus m\u00e0xim<\/strong> (<em>decumanus maximus<\/em>) (<strong>5a<\/strong>, <strong>5b<\/strong>), senyalitzat en groc.<\/p>\t\t\t\t\t\t\t\t<\/div>\n\t\t\t\t<\/div>\n\t\t\t\t<div class=\"elementor-element elementor-element-b9389de elementor-widget elementor-widget-image\" data-id=\"b9389de\" data-element_type=\"widget\" data-e-type=\"widget\" data-widget_type=\"image.default\">\n\t\t\t\t<div class=\"elementor-widget-container\">\n\t\t\t\t\t\t\t\t\t\t\t\t<figure class=\"wp-caption\">\n\t\t\t\t\t\t\t\t\t\t<img loading=\"lazy\" decoding=\"async\" width=\"768\" height=\"512\" src=\"https:\/\/www.elturistatranquil.com\/wp-content\/uploads\/F16-Baelo-Claudia-Cadiz-Google-earth-2023-03-12.jpg\" class=\"attachment-large size-large wp-image-45617\" alt=\"Baelo Claudia, Cadiz (Google -earth 2023-03-12)\" srcset=\"https:\/\/www.elturistatranquil.com\/wp-content\/uploads\/F16-Baelo-Claudia-Cadiz-Google-earth-2023-03-12.jpg 768w, https:\/\/www.elturistatranquil.com\/wp-content\/uploads\/F16-Baelo-Claudia-Cadiz-Google-earth-2023-03-12-339x226.jpg 339w\" sizes=\"(max-width: 768px) 100vw, 768px\" \/>\t\t\t\t\t\t\t\t\t\t\t<figcaption class=\"widget-image-caption wp-caption-text\">(Google earth 2023-03-12)<\/figcaption>\n\t\t\t\t\t\t\t\t\t\t<\/figure>\n\t\t\t\t\t\t\t\t\t<\/div>\n\t\t\t\t<\/div>\n\t\t\t\t<div class=\"elementor-element elementor-element-021d21c elementor-widget elementor-widget-text-editor\" data-id=\"021d21c\" data-element_type=\"widget\" data-e-type=\"widget\" data-widget_type=\"text-editor.default\">\n\t\t\t\t<div class=\"elementor-widget-container\">\n\t\t\t\t\t\t\t\t\t<p>\u00c9s perfectament visible l\u2019encoixinat dels carreus per donar prestigi a la construcci\u00f3. Com \u00e9s propi de l&#8217;arquitectura romana, havia de quedar tancada per un arc de mig punt.<\/p>\t\t\t\t\t\t\t\t<\/div>\n\t\t\t\t<\/div>\n\t\t\t\t<div class=\"elementor-element elementor-element-48a65fc elementor-widget elementor-widget-image\" data-id=\"48a65fc\" data-element_type=\"widget\" data-e-type=\"widget\" data-widget_type=\"image.default\">\n\t\t\t\t<div class=\"elementor-widget-container\">\n\t\t\t\t\t\t\t\t\t\t\t\t<figure class=\"wp-caption\">\n\t\t\t\t\t\t\t\t\t\t<img loading=\"lazy\" decoding=\"async\" width=\"768\" height=\"511\" src=\"https:\/\/www.elturistatranquil.com\/wp-content\/uploads\/F17-Baelo-Claudia-Cadiz.jpg\" class=\"attachment-large size-large wp-image-45619\" alt=\"Baelo Claudia, Cadiz (Google -earth 2023-03-12)\" srcset=\"https:\/\/www.elturistatranquil.com\/wp-content\/uploads\/F17-Baelo-Claudia-Cadiz.jpg 768w, https:\/\/www.elturistatranquil.com\/wp-content\/uploads\/F17-Baelo-Claudia-Cadiz-339x226.jpg 339w\" sizes=\"(max-width: 768px) 100vw, 768px\" \/>\t\t\t\t\t\t\t\t\t\t\t<figcaption class=\"widget-image-caption wp-caption-text\"><\/figcaption>\n\t\t\t\t\t\t\t\t\t\t<\/figure>\n\t\t\t\t\t\t\t\t\t<\/div>\n\t\t\t\t<\/div>\n\t\t\t\t<div class=\"elementor-element elementor-element-9c32008 elementor-widget elementor-widget-text-editor\" data-id=\"9c32008\" data-element_type=\"widget\" data-e-type=\"widget\" data-widget_type=\"text-editor.default\">\n\t\t\t\t<div class=\"elementor-widget-container\">\n\t\t\t\t\t\t\t\t\t<p>El <strong>decumanus m\u00e0xim<\/strong> t\u00e9 una longitud d&#8217;uns 275 metres. Conserva a la major part del seu recorregut el paviment original de <em>summa crustae<\/em> (paviment de grans lloses de pedra).<\/p>\t\t\t\t\t\t\t\t<\/div>\n\t\t\t\t<\/div>\n\t\t\t\t<div class=\"elementor-element elementor-element-714aa76 elementor-widget elementor-widget-image\" data-id=\"714aa76\" data-element_type=\"widget\" data-e-type=\"widget\" data-widget_type=\"image.default\">\n\t\t\t\t<div class=\"elementor-widget-container\">\n\t\t\t\t\t\t\t\t\t\t\t\t<figure class=\"wp-caption\">\n\t\t\t\t\t\t\t\t\t\t<img loading=\"lazy\" decoding=\"async\" width=\"768\" height=\"511\" src=\"https:\/\/www.elturistatranquil.com\/wp-content\/uploads\/F18-Baelo-Claudia-Cadiz.jpg\" class=\"attachment-large size-large wp-image-45621\" alt=\"Baelo Claudia, Cadiz\" srcset=\"https:\/\/www.elturistatranquil.com\/wp-content\/uploads\/F18-Baelo-Claudia-Cadiz.jpg 768w, https:\/\/www.elturistatranquil.com\/wp-content\/uploads\/F18-Baelo-Claudia-Cadiz-339x226.jpg 339w\" sizes=\"(max-width: 768px) 100vw, 768px\" \/>\t\t\t\t\t\t\t\t\t\t\t<figcaption class=\"widget-image-caption wp-caption-text\"><\/figcaption>\n\t\t\t\t\t\t\t\t\t\t<\/figure>\n\t\t\t\t\t\t\t\t\t<\/div>\n\t\t\t\t<\/div>\n\t\t\t\t<div class=\"elementor-element elementor-element-111ed2d elementor-widget elementor-widget-image\" data-id=\"111ed2d\" data-element_type=\"widget\" data-e-type=\"widget\" data-widget_type=\"image.default\">\n\t\t\t\t<div class=\"elementor-widget-container\">\n\t\t\t\t\t\t\t\t\t\t\t\t<figure class=\"wp-caption\">\n\t\t\t\t\t\t\t\t\t\t<img loading=\"lazy\" decoding=\"async\" width=\"768\" height=\"512\" src=\"https:\/\/www.elturistatranquil.com\/wp-content\/uploads\/F19-Baelo-Claudia-Cadiz.jpg\" class=\"attachment-large size-large wp-image-45623\" alt=\"Baelo Claudia, Cadiz\" srcset=\"https:\/\/www.elturistatranquil.com\/wp-content\/uploads\/F19-Baelo-Claudia-Cadiz.jpg 768w, https:\/\/www.elturistatranquil.com\/wp-content\/uploads\/F19-Baelo-Claudia-Cadiz-339x226.jpg 339w\" sizes=\"(max-width: 768px) 100vw, 768px\" \/>\t\t\t\t\t\t\t\t\t\t\t<figcaption class=\"widget-image-caption wp-caption-text\"><\/figcaption>\n\t\t\t\t\t\t\t\t\t\t<\/figure>\n\t\t\t\t\t\t\t\t\t<\/div>\n\t\t\t\t<\/div>\n\t\t\t\t<div class=\"elementor-element elementor-element-559e3b5 elementor-widget elementor-widget-text-editor\" data-id=\"559e3b5\" data-element_type=\"widget\" data-e-type=\"widget\" data-widget_type=\"text-editor.default\">\n\t\t\t\t<div class=\"elementor-widget-container\">\n\t\t\t\t\t\t\t\t\t<p>En arribar a la cantonada de la zona del f\u00f2rum una construcci\u00f3 (<strong>6<\/strong>), cal suposar que constru\u00efda posteriorment, s&#8217;endinsa a la cal\u00e7ada i interromp la continu\u00eftat del carrer.<\/p>\t\t\t\t\t\t\t\t<\/div>\n\t\t\t\t<\/div>\n\t\t\t\t<div class=\"elementor-element elementor-element-e607327 elementor-widget elementor-widget-image\" data-id=\"e607327\" data-element_type=\"widget\" data-e-type=\"widget\" data-widget_type=\"image.default\">\n\t\t\t\t<div class=\"elementor-widget-container\">\n\t\t\t\t\t\t\t\t\t\t\t\t<figure class=\"wp-caption\">\n\t\t\t\t\t\t\t\t\t\t<img loading=\"lazy\" decoding=\"async\" width=\"768\" height=\"511\" src=\"https:\/\/www.elturistatranquil.com\/wp-content\/uploads\/F20-Baelo-Claudia-Cadiz.jpg\" class=\"attachment-large size-large wp-image-45628\" alt=\"Baelo Claudia, Cadiz\" srcset=\"https:\/\/www.elturistatranquil.com\/wp-content\/uploads\/F20-Baelo-Claudia-Cadiz.jpg 768w, https:\/\/www.elturistatranquil.com\/wp-content\/uploads\/F20-Baelo-Claudia-Cadiz-339x226.jpg 339w\" sizes=\"(max-width: 768px) 100vw, 768px\" \/>\t\t\t\t\t\t\t\t\t\t\t<figcaption class=\"widget-image-caption wp-caption-text\"><\/figcaption>\n\t\t\t\t\t\t\t\t\t\t<\/figure>\n\t\t\t\t\t\t\t\t\t<\/div>\n\t\t\t\t<\/div>\n\t\t\t\t<div class=\"elementor-element elementor-element-bc335dc elementor-widget elementor-widget-text-editor\" data-id=\"bc335dc\" data-element_type=\"widget\" data-e-type=\"widget\" data-widget_type=\"text-editor.default\">\n\t\t\t\t<div class=\"elementor-widget-container\">\n\t\t\t\t\t\t\t\t\t<p>A l&#8217;habitaci\u00f3 de la cantonada, l&#8217;excavaci\u00f3 arqueol\u00f2gica ha fet apar\u00e8ixer el canal d&#8217;una claveguera que la travessa en diagonal, procedent de la zona del f\u00f2rum.<\/p>\t\t\t\t\t\t\t\t<\/div>\n\t\t\t\t<\/div>\n\t\t\t\t<div class=\"elementor-element elementor-element-cce905d elementor-widget elementor-widget-image\" data-id=\"cce905d\" data-element_type=\"widget\" data-e-type=\"widget\" data-widget_type=\"image.default\">\n\t\t\t\t<div class=\"elementor-widget-container\">\n\t\t\t\t\t\t\t\t\t\t\t\t<figure class=\"wp-caption\">\n\t\t\t\t\t\t\t\t\t\t<img loading=\"lazy\" decoding=\"async\" width=\"768\" height=\"511\" src=\"https:\/\/www.elturistatranquil.com\/wp-content\/uploads\/F21-Baelo-Claudia-Cadiz.jpg\" class=\"attachment-large size-large wp-image-45630\" alt=\"Baelo Claudia, Cadiz\" srcset=\"https:\/\/www.elturistatranquil.com\/wp-content\/uploads\/F21-Baelo-Claudia-Cadiz.jpg 768w, https:\/\/www.elturistatranquil.com\/wp-content\/uploads\/F21-Baelo-Claudia-Cadiz-339x226.jpg 339w\" sizes=\"(max-width: 768px) 100vw, 768px\" \/>\t\t\t\t\t\t\t\t\t\t\t<figcaption class=\"widget-image-caption wp-caption-text\"><\/figcaption>\n\t\t\t\t\t\t\t\t\t\t<\/figure>\n\t\t\t\t\t\t\t\t\t<\/div>\n\t\t\t\t<\/div>\n\t\t\t\t<div class=\"elementor-element elementor-element-d90b239 elementor-widget elementor-widget-text-editor\" data-id=\"d90b239\" data-element_type=\"widget\" data-e-type=\"widget\" data-widget_type=\"text-editor.default\">\n\t\t\t\t<div class=\"elementor-widget-container\">\n\t\t\t\t\t\t\t\t\t<p>En aquest punt el recinte arqueol\u00f2gic s&#8217;interromp, quedant a l&#8217;altra banda de la tanca el que seria la continuaci\u00f3 de la muralla fins a la platja ocupada per instal\u00b7lacions d&#8217;oci privades.<\/p><p>Tamb\u00e9 aqu\u00ed hi ha una de les necr\u00f2polis, no visitable.<\/p><p>Com a conseq\u00fc\u00e8ncia, el recorregut gira a l\u2019esquerra en direcci\u00f3 a la zona portu\u00e0ria.<\/p>\t\t\t\t\t\t\t\t<\/div>\n\t\t\t\t<\/div>\n\t\t\t\t<div class=\"elementor-element elementor-element-0c57025 elementor-widget elementor-widget-heading\" data-id=\"0c57025\" data-element_type=\"widget\" data-e-type=\"widget\" data-widget_type=\"heading.default\">\n\t\t\t\t<div class=\"elementor-widget-container\">\n\t\t\t\t\t<h3 class=\"elementor-heading-title elementor-size-default\">Zona portu\u00e0ria i factories de sala\u00f3<\/h3>\t\t\t\t<\/div>\n\t\t\t\t<\/div>\n\t\t\t\t<div class=\"elementor-element elementor-element-949b023 elementor-widget elementor-widget-image\" data-id=\"949b023\" data-element_type=\"widget\" data-e-type=\"widget\" data-widget_type=\"image.default\">\n\t\t\t\t<div class=\"elementor-widget-container\">\n\t\t\t\t\t\t\t\t\t\t\t\t<figure class=\"wp-caption\">\n\t\t\t\t\t\t\t\t\t\t<img loading=\"lazy\" decoding=\"async\" width=\"768\" height=\"512\" src=\"https:\/\/www.elturistatranquil.com\/wp-content\/uploads\/F22-Baelo-Claudia-Cadiz-Google-earth-2023-03-12.jpg\" class=\"attachment-large size-large wp-image-45632\" alt=\"Baelo Claudia, Cadiz (Google -earth 2023-03-12)\" srcset=\"https:\/\/www.elturistatranquil.com\/wp-content\/uploads\/F22-Baelo-Claudia-Cadiz-Google-earth-2023-03-12.jpg 768w, https:\/\/www.elturistatranquil.com\/wp-content\/uploads\/F22-Baelo-Claudia-Cadiz-Google-earth-2023-03-12-339x226.jpg 339w\" sizes=\"(max-width: 768px) 100vw, 768px\" \/>\t\t\t\t\t\t\t\t\t\t\t<figcaption class=\"widget-image-caption wp-caption-text\">(Google earth 2023-03-12)<\/figcaption>\n\t\t\t\t\t\t\t\t\t\t<\/figure>\n\t\t\t\t\t\t\t\t\t<\/div>\n\t\t\t\t<\/div>\n\t\t\t\t<div class=\"elementor-element elementor-element-a674a1a elementor-widget elementor-widget-text-editor\" data-id=\"a674a1a\" data-element_type=\"widget\" data-e-type=\"widget\" data-widget_type=\"text-editor.default\">\n\t\t\t\t<div class=\"elementor-widget-container\">\n\t\t\t\t\t\t\t\t\t<p>En aquesta zona es distingiran tres elements: una \u00e0rea residencial; les factories de sala\u00f3; i l\u2019acc\u00e9s a la zona portu\u00e0ria exterior a la muralla.<\/p>\t\t\t\t\t\t\t\t<\/div>\n\t\t\t\t<\/div>\n\t\t\t\t<div class=\"elementor-element elementor-element-f52ba78 elementor-widget elementor-widget-heading\" data-id=\"f52ba78\" data-element_type=\"widget\" data-e-type=\"widget\" data-widget_type=\"heading.default\">\n\t\t\t\t<div class=\"elementor-widget-container\">\n\t\t\t\t\t<h3 class=\"elementor-heading-title elementor-size-default\">\u00c0rea residencial del port<\/h3>\t\t\t\t<\/div>\n\t\t\t\t<\/div>\n\t\t\t\t<div class=\"elementor-element elementor-element-1977fd7 elementor-widget elementor-widget-text-editor\" data-id=\"1977fd7\" data-element_type=\"widget\" data-e-type=\"widget\" data-widget_type=\"text-editor.default\">\n\t\t\t\t<div class=\"elementor-widget-container\">\n\t\t\t\t\t\t\t\t\t<p>El carrer pel qual s&#8217;entra se l&#8217;anomena actualment com a <strong>cardo de les Columnes<\/strong>. A l&#8217;extrem sud, al costat de la muralla de mar, hi havia a principis del segle II de la nostra era dues grans cases privades &#8211;<em>domus<\/em>&#8211; de similar qualitat i estructura interna: la <strong>casa del Rellotge de Sol<\/strong> (<strong>7<\/strong>) i la <strong>casa de l&#8217;Oest<\/strong> (<strong>8<\/strong>). Tenien superf\u00edcies semblants, uns 500 metres quadrats amb pis superior. S&#8217;organitzaven al voltant d&#8217;un pati, al voltant del qual hi havia habitacions amb parets estucades i decorades amb motius pintats de tipus vegetal i geom\u00e8tric. La fa\u00e7ana orientada al carrer principal presentava una galeria suportada per columnes que acollia botigues (<em>tabernae<\/em>).<\/p><p>Aquests habitatges van poder pert\u00e0nyer als diferents comerciants o propietaris de la factoria de sala\u00f3.<\/p><p>El recorregut senyalitzat no permetia accedir-hi.<\/p>\t\t\t\t\t\t\t\t<\/div>\n\t\t\t\t<\/div>\n\t\t\t\t<div class=\"elementor-element elementor-element-57a8b5d elementor-widget elementor-widget-image\" data-id=\"57a8b5d\" data-element_type=\"widget\" data-e-type=\"widget\" data-widget_type=\"image.default\">\n\t\t\t\t<div class=\"elementor-widget-container\">\n\t\t\t\t\t\t\t\t\t\t\t\t<figure class=\"wp-caption\">\n\t\t\t\t\t\t\t\t\t\t<img loading=\"lazy\" decoding=\"async\" width=\"768\" height=\"512\" src=\"https:\/\/www.elturistatranquil.com\/wp-content\/uploads\/F23-Baelo-Claudia-Cadiz.jpg\" class=\"attachment-large size-large wp-image-45634\" alt=\"Baelo Claudia, Cadiz\" srcset=\"https:\/\/www.elturistatranquil.com\/wp-content\/uploads\/F23-Baelo-Claudia-Cadiz.jpg 768w, https:\/\/www.elturistatranquil.com\/wp-content\/uploads\/F23-Baelo-Claudia-Cadiz-339x226.jpg 339w\" sizes=\"(max-width: 768px) 100vw, 768px\" \/>\t\t\t\t\t\t\t\t\t\t\t<figcaption class=\"widget-image-caption wp-caption-text\"><\/figcaption>\n\t\t\t\t\t\t\t\t\t\t<\/figure>\n\t\t\t\t\t\t\t\t\t<\/div>\n\t\t\t\t<\/div>\n\t\t\t\t<div class=\"elementor-element elementor-element-9431d4d elementor-widget elementor-widget-text-editor\" data-id=\"9431d4d\" data-element_type=\"widget\" data-e-type=\"widget\" data-widget_type=\"text-editor.default\">\n\t\t\t\t<div class=\"elementor-widget-container\">\n\t\t\t\t\t\t\t\t\t<p>A la casa del costat est es va trobar un rellotge de sol, del qual una c\u00f2pia s&#8217;exposa al Museu, per aix\u00f2 el nom que se li ha donat.<\/p>\t\t\t\t\t\t\t\t<\/div>\n\t\t\t\t<\/div>\n\t\t\t\t<div class=\"elementor-element elementor-element-2b55ba8 elementor-widget elementor-widget-image\" data-id=\"2b55ba8\" data-element_type=\"widget\" data-e-type=\"widget\" data-widget_type=\"image.default\">\n\t\t\t\t<div class=\"elementor-widget-container\">\n\t\t\t\t\t\t\t\t\t\t\t\t<figure class=\"wp-caption\">\n\t\t\t\t\t\t\t\t\t\t<img loading=\"lazy\" decoding=\"async\" width=\"768\" height=\"511\" src=\"https:\/\/www.elturistatranquil.com\/wp-content\/uploads\/F24-Baelo-Claudia-Cadiz.jpg\" class=\"attachment-large size-large wp-image-45639\" alt=\"Baelo Claudia, Cadiz\" srcset=\"https:\/\/www.elturistatranquil.com\/wp-content\/uploads\/F24-Baelo-Claudia-Cadiz.jpg 768w, https:\/\/www.elturistatranquil.com\/wp-content\/uploads\/F24-Baelo-Claudia-Cadiz-339x226.jpg 339w\" sizes=\"(max-width: 768px) 100vw, 768px\" \/>\t\t\t\t\t\t\t\t\t\t\t<figcaption class=\"widget-image-caption wp-caption-text\"><\/figcaption>\n\t\t\t\t\t\t\t\t\t\t<\/figure>\n\t\t\t\t\t\t\t\t\t<\/div>\n\t\t\t\t<\/div>\n\t\t\t\t<div class=\"elementor-element elementor-element-5485bf8 elementor-widget elementor-widget-image\" data-id=\"5485bf8\" data-element_type=\"widget\" data-e-type=\"widget\" data-widget_type=\"image.default\">\n\t\t\t\t<div class=\"elementor-widget-container\">\n\t\t\t\t\t\t\t\t\t\t\t\t<figure class=\"wp-caption\">\n\t\t\t\t\t\t\t\t\t\t<img loading=\"lazy\" decoding=\"async\" width=\"768\" height=\"512\" src=\"https:\/\/www.elturistatranquil.com\/wp-content\/uploads\/F25-Baelo-Claudia-Cadiz.jpg\" class=\"attachment-large size-large wp-image-45641\" alt=\"Baelo Claudia, Cadiz\" srcset=\"https:\/\/www.elturistatranquil.com\/wp-content\/uploads\/F25-Baelo-Claudia-Cadiz.jpg 768w, https:\/\/www.elturistatranquil.com\/wp-content\/uploads\/F25-Baelo-Claudia-Cadiz-339x226.jpg 339w\" sizes=\"(max-width: 768px) 100vw, 768px\" \/>\t\t\t\t\t\t\t\t\t\t\t<figcaption class=\"widget-image-caption wp-caption-text\"><\/figcaption>\n\t\t\t\t\t\t\t\t\t\t<\/figure>\n\t\t\t\t\t\t\t\t\t<\/div>\n\t\t\t\t<\/div>\n\t\t\t\t<div class=\"elementor-element elementor-element-fdd7720 elementor-widget elementor-widget-text-editor\" data-id=\"fdd7720\" data-element_type=\"widget\" data-e-type=\"widget\" data-widget_type=\"text-editor.default\">\n\t\t\t\t<div class=\"elementor-widget-container\">\n\t\t\t\t\t\t\t\t\t<p>Aquestes dues <em>domus<\/em> es troben inserides enmig de les factories de sala\u00f3.<\/p>\t\t\t\t\t\t\t\t<\/div>\n\t\t\t\t<\/div>\n\t\t\t\t<div class=\"elementor-element elementor-element-3494b5a elementor-widget elementor-widget-heading\" data-id=\"3494b5a\" data-element_type=\"widget\" data-e-type=\"widget\" data-widget_type=\"heading.default\">\n\t\t\t\t<div class=\"elementor-widget-container\">\n\t\t\t\t\t<h4 class=\"elementor-heading-title elementor-size-default\">Factories de sala\u00f3<\/h4>\t\t\t\t<\/div>\n\t\t\t\t<\/div>\n\t\t\t\t<div class=\"elementor-element elementor-element-a412bb4 elementor-widget elementor-widget-text-editor\" data-id=\"a412bb4\" data-element_type=\"widget\" data-e-type=\"widget\" data-widget_type=\"text-editor.default\">\n\t\t\t\t<div class=\"elementor-widget-container\">\n\t\t\t\t\t\t\t\t\t<p>Quan es va tra\u00e7ar la planificaci\u00f3 urbana en \u00e8poca d&#8217;August, les <strong><em>cet\u00e0ries<\/em><\/strong> (<em>f\u00e0briques de sala\u00f3<\/em>) (<strong>9<\/strong>) es van situar a l&#8217;interior de la ciutat, com a factories urbanes protegides per les muralles.<\/p><p>Al pl\u00e0nol, en blau i marr\u00f3 les factories excavades; en vermell un comer\u00e7 de peix.<\/p>\t\t\t\t\t\t\t\t<\/div>\n\t\t\t\t<\/div>\n\t\t\t\t<div class=\"elementor-element elementor-element-ea40fab elementor-widget elementor-widget-image\" data-id=\"ea40fab\" data-element_type=\"widget\" data-e-type=\"widget\" data-widget_type=\"image.default\">\n\t\t\t\t<div class=\"elementor-widget-container\">\n\t\t\t\t\t\t\t\t\t\t\t\t<figure class=\"wp-caption\">\n\t\t\t\t\t\t\t\t\t\t<img loading=\"lazy\" decoding=\"async\" width=\"768\" height=\"512\" src=\"https:\/\/www.elturistatranquil.com\/wp-content\/uploads\/F26-Baelo-Claudia-Cadiz.-Fotograma-de-la-conferencia-sobre-Baelo-Claudia-del-profesor-Dario-Bernal-Casasola.jpg\" class=\"attachment-large size-large wp-image-45643\" alt=\"Baelo Claudia, Cadiz. Fotograma-de-la-conferencia-sobre-Baelo-Claudia-del-profesor-Dar\u00edo-Bernal-Casasola\" srcset=\"https:\/\/www.elturistatranquil.com\/wp-content\/uploads\/F26-Baelo-Claudia-Cadiz.-Fotograma-de-la-conferencia-sobre-Baelo-Claudia-del-profesor-Dario-Bernal-Casasola.jpg 768w, https:\/\/www.elturistatranquil.com\/wp-content\/uploads\/F26-Baelo-Claudia-Cadiz.-Fotograma-de-la-conferencia-sobre-Baelo-Claudia-del-profesor-Dario-Bernal-Casasola-339x226.jpg 339w\" sizes=\"(max-width: 768px) 100vw, 768px\" \/>\t\t\t\t\t\t\t\t\t\t\t<figcaption class=\"widget-image-caption wp-caption-text\">Fotograma de la confer\u00e8ncia sobre Baelo Claudia del <a href=\"https:\/\/www.youtube.com\/watch?v=VyGLOjkhHGI\" target=\"_blank\" rel=\"noopener\">professor Dar\u00edo Bernal Casasola<\/a><\/figcaption>\n\t\t\t\t\t\t\t\t\t\t<\/figure>\n\t\t\t\t\t\t\t\t\t<\/div>\n\t\t\t\t<\/div>\n\t\t\t\t<div class=\"elementor-element elementor-element-1100d47 elementor-widget elementor-widget-text-editor\" data-id=\"1100d47\" data-element_type=\"widget\" data-e-type=\"widget\" data-widget_type=\"text-editor.default\">\n\t\t\t\t<div class=\"elementor-widget-container\">\n\t\t\t\t\t\t\t\t\t<p>Ja a finals del segle II aC, quan encara no havia acabat la conquesta romana de la Pen\u00ednsula, Baelo era un dels principals centres exportadors de sala\u00f3 de Mediterrani, gr\u00e0cies a la t\u00e8cnica heretada de la pres\u00e8ncia p\u00fanica.<\/p><p>La pesca de la tonyina en almadrava i el seu posterior tractament de conservaci\u00f3 a sala\u00f3 va constituir una ind\u00fastria florent a tota la costa gaditana i va ser causa fonamental per a la prosperitat de la ciutat de Baelo. Aquesta, activitat que t\u00e9 el seu origen en \u00e8poca fen\u00edcia i p\u00fanica, assol\u00ed un gran desenvolupament al m\u00f3n rom\u00e0.<\/p><p>La import\u00e0ncia de la producci\u00f3 i el comer\u00e7 de sala\u00f3 es constata en el fet que a tots els jaciments de l&#8217;imperi romans s&#8217;han trobat \u00e0mfores de sala\u00f3 gaditans.<\/p><p>La ubicaci\u00f3 geogr\u00e0fica d&#8217;una factoria de sala\u00f3 no era una cosa arbitr\u00e0ria, sin\u00f3 que havia de respondre a una s\u00e8rie de circumst\u00e0ncies per a l&#8217;elaboraci\u00f3 adequada del producte que es compleixen puntualment a Baelo, \u00e9s a dir: abund\u00e0ncia de tonyina; proximitat d&#8217;aigua dol\u00e7a, necess\u00e0ria per netejar el peix i preparar la salmorra; proximitat de salines, que \u00e9s possible que fins a \u00e8poca d&#8217;Augusto Baelo s&#8217;us\u00e9s les salines de la Badia de Cadis; proximitat de terrissaires, que procedien de Cadis, Algesires i la costa africana. Podeu imaginar f\u00e0cilment la gran quantitat d&#8217;\u00e0mfores necess\u00e0ries mensualment per a l&#8217;exportaci\u00f3 del peix i el <em>garum<\/em>.<\/p><p>Per la seva banda, els edificis destinats a factoria tenien dues \u00e0rees principals: una de preparaci\u00f3 -neteja i trossejat del peix- i una altra de processat -piletes per a sala\u00f3-. Aquest conjunt industrial es va mantenir actiu des del segle II aC. fins probablement a principis del segle VII de la nostra era en \u00e8poca visigoda.<\/p><p>La pesca de la tonyina, de maig a setembre, es practicava mitjan\u00e7ant xarxes fixes similars a les actuals d&#8217;almadrava. L&#8217;activitat es feia com a explotaci\u00f3 industrial requerint una m\u00e0 d&#8217;obra abundant de car\u00e0cter temporer.<\/p><p>El <em>garum<\/em> era un condiment molt apreciat a l&#8217;antiga Roma, elaborat a partir de la fermentaci\u00f3 de peix i sal. Baelo Claudia era coneguda per produir un dels millors <em>garum<\/em> de l&#8217;Imperi Rom\u00e0.<\/p>\t\t\t\t\t\t\t\t<\/div>\n\t\t\t\t<\/div>\n\t\t\t\t<div class=\"elementor-element elementor-element-b738277 elementor-widget elementor-widget-image\" data-id=\"b738277\" data-element_type=\"widget\" data-e-type=\"widget\" data-widget_type=\"image.default\">\n\t\t\t\t<div class=\"elementor-widget-container\">\n\t\t\t\t\t\t\t\t\t\t\t\t<figure class=\"wp-caption\">\n\t\t\t\t\t\t\t\t\t\t<img loading=\"lazy\" decoding=\"async\" width=\"768\" height=\"512\" src=\"https:\/\/www.elturistatranquil.com\/wp-content\/uploads\/F27-Baelo-Claudia-Cadiz.jpg\" class=\"attachment-large size-large wp-image-45645\" alt=\"Baelo Claudia, Cadiz\" srcset=\"https:\/\/www.elturistatranquil.com\/wp-content\/uploads\/F27-Baelo-Claudia-Cadiz.jpg 768w, https:\/\/www.elturistatranquil.com\/wp-content\/uploads\/F27-Baelo-Claudia-Cadiz-339x226.jpg 339w\" sizes=\"(max-width: 768px) 100vw, 768px\" \/>\t\t\t\t\t\t\t\t\t\t\t<figcaption class=\"widget-image-caption wp-caption-text\"><\/figcaption>\n\t\t\t\t\t\t\t\t\t\t<\/figure>\n\t\t\t\t\t\t\t\t\t<\/div>\n\t\t\t\t<\/div>\n\t\t\t\t<div class=\"elementor-element elementor-element-966d7c4 elementor-widget elementor-widget-image\" data-id=\"966d7c4\" data-element_type=\"widget\" data-e-type=\"widget\" data-widget_type=\"image.default\">\n\t\t\t\t<div class=\"elementor-widget-container\">\n\t\t\t\t\t\t\t\t\t\t\t\t<figure class=\"wp-caption\">\n\t\t\t\t\t\t\t\t\t\t<img loading=\"lazy\" decoding=\"async\" width=\"768\" height=\"511\" src=\"https:\/\/www.elturistatranquil.com\/wp-content\/uploads\/F28-Baelo-Claudia-Cadiz.jpg\" class=\"attachment-large size-large wp-image-45650\" alt=\"Baelo Claudia, Cadiz\" srcset=\"https:\/\/www.elturistatranquil.com\/wp-content\/uploads\/F28-Baelo-Claudia-Cadiz.jpg 768w, https:\/\/www.elturistatranquil.com\/wp-content\/uploads\/F28-Baelo-Claudia-Cadiz-339x226.jpg 339w\" sizes=\"(max-width: 768px) 100vw, 768px\" \/>\t\t\t\t\t\t\t\t\t\t\t<figcaption class=\"widget-image-caption wp-caption-text\"><\/figcaption>\n\t\t\t\t\t\t\t\t\t\t<\/figure>\n\t\t\t\t\t\t\t\t\t<\/div>\n\t\t\t\t<\/div>\n\t\t\t\t<div class=\"elementor-element elementor-element-6417c81 elementor-widget elementor-widget-image\" data-id=\"6417c81\" data-element_type=\"widget\" data-e-type=\"widget\" data-widget_type=\"image.default\">\n\t\t\t\t<div class=\"elementor-widget-container\">\n\t\t\t\t\t\t\t\t\t\t\t\t<figure class=\"wp-caption\">\n\t\t\t\t\t\t\t\t\t\t<img loading=\"lazy\" decoding=\"async\" width=\"768\" height=\"511\" src=\"https:\/\/www.elturistatranquil.com\/wp-content\/uploads\/F29-Baelo-Claudia-Cadiz.jpg\" class=\"attachment-large size-large wp-image-45652\" alt=\"Baelo Claudia, Cadiz\" srcset=\"https:\/\/www.elturistatranquil.com\/wp-content\/uploads\/F29-Baelo-Claudia-Cadiz.jpg 768w, https:\/\/www.elturistatranquil.com\/wp-content\/uploads\/F29-Baelo-Claudia-Cadiz-339x226.jpg 339w\" sizes=\"(max-width: 768px) 100vw, 768px\" \/>\t\t\t\t\t\t\t\t\t\t\t<figcaption class=\"widget-image-caption wp-caption-text\"><\/figcaption>\n\t\t\t\t\t\t\t\t\t\t<\/figure>\n\t\t\t\t\t\t\t\t\t<\/div>\n\t\t\t\t<\/div>\n\t\t\t\t<div class=\"elementor-element elementor-element-db6c669 elementor-widget elementor-widget-image\" data-id=\"db6c669\" data-element_type=\"widget\" data-e-type=\"widget\" data-widget_type=\"image.default\">\n\t\t\t\t<div class=\"elementor-widget-container\">\n\t\t\t\t\t\t\t\t\t\t\t\t<figure class=\"wp-caption\">\n\t\t\t\t\t\t\t\t\t\t<img loading=\"lazy\" decoding=\"async\" width=\"768\" height=\"511\" src=\"https:\/\/www.elturistatranquil.com\/wp-content\/uploads\/F30-Baelo-Claudia-Cadiz.jpg\" class=\"attachment-large size-large wp-image-45654\" alt=\"Baelo Claudia, Cadiz\" srcset=\"https:\/\/www.elturistatranquil.com\/wp-content\/uploads\/F30-Baelo-Claudia-Cadiz.jpg 768w, https:\/\/www.elturistatranquil.com\/wp-content\/uploads\/F30-Baelo-Claudia-Cadiz-339x226.jpg 339w\" sizes=\"(max-width: 768px) 100vw, 768px\" \/>\t\t\t\t\t\t\t\t\t\t\t<figcaption class=\"widget-image-caption wp-caption-text\"><\/figcaption>\n\t\t\t\t\t\t\t\t\t\t<\/figure>\n\t\t\t\t\t\t\t\t\t<\/div>\n\t\t\t\t<\/div>\n\t\t\t\t<div class=\"elementor-element elementor-element-80fa267 elementor-widget elementor-widget-image\" data-id=\"80fa267\" data-element_type=\"widget\" data-e-type=\"widget\" data-widget_type=\"image.default\">\n\t\t\t\t<div class=\"elementor-widget-container\">\n\t\t\t\t\t\t\t\t\t\t\t\t<figure class=\"wp-caption\">\n\t\t\t\t\t\t\t\t\t\t<img loading=\"lazy\" decoding=\"async\" width=\"768\" height=\"512\" src=\"https:\/\/www.elturistatranquil.com\/wp-content\/uploads\/F31-Baelo-Claudia-Cadiz.jpg\" class=\"attachment-large size-large wp-image-45656\" alt=\"Baelo Claudia, Cadiz\" srcset=\"https:\/\/www.elturistatranquil.com\/wp-content\/uploads\/F31-Baelo-Claudia-Cadiz.jpg 768w, https:\/\/www.elturistatranquil.com\/wp-content\/uploads\/F31-Baelo-Claudia-Cadiz-339x226.jpg 339w\" sizes=\"(max-width: 768px) 100vw, 768px\" \/>\t\t\t\t\t\t\t\t\t\t\t<figcaption class=\"widget-image-caption wp-caption-text\"><\/figcaption>\n\t\t\t\t\t\t\t\t\t\t<\/figure>\n\t\t\t\t\t\t\t\t\t<\/div>\n\t\t\t\t<\/div>\n\t\t\t\t<div class=\"elementor-element elementor-element-0e3a75a elementor-widget elementor-widget-image\" data-id=\"0e3a75a\" data-element_type=\"widget\" data-e-type=\"widget\" data-widget_type=\"image.default\">\n\t\t\t\t<div class=\"elementor-widget-container\">\n\t\t\t\t\t\t\t\t\t\t\t\t<figure class=\"wp-caption\">\n\t\t\t\t\t\t\t\t\t\t<img loading=\"lazy\" decoding=\"async\" width=\"768\" height=\"512\" src=\"https:\/\/www.elturistatranquil.com\/wp-content\/uploads\/F32-Baelo-Claudia-Cadiz.jpg\" class=\"attachment-large size-large wp-image-45661\" alt=\"Baelo Claudia, Cadiz\" srcset=\"https:\/\/www.elturistatranquil.com\/wp-content\/uploads\/F32-Baelo-Claudia-Cadiz.jpg 768w, https:\/\/www.elturistatranquil.com\/wp-content\/uploads\/F32-Baelo-Claudia-Cadiz-339x226.jpg 339w\" sizes=\"(max-width: 768px) 100vw, 768px\" \/>\t\t\t\t\t\t\t\t\t\t\t<figcaption class=\"widget-image-caption wp-caption-text\"><\/figcaption>\n\t\t\t\t\t\t\t\t\t\t<\/figure>\n\t\t\t\t\t\t\t\t\t<\/div>\n\t\t\t\t<\/div>\n\t\t\t\t<div class=\"elementor-element elementor-element-992cb5c elementor-widget elementor-widget-heading\" data-id=\"992cb5c\" data-element_type=\"widget\" data-e-type=\"widget\" data-widget_type=\"heading.default\">\n\t\t\t\t<div class=\"elementor-widget-container\">\n\t\t\t\t\t<h4 class=\"elementor-heading-title elementor-size-default\">\u00c0rea portu\u00e0ria<\/h4>\t\t\t\t<\/div>\n\t\t\t\t<\/div>\n\t\t\t\t<div class=\"elementor-element elementor-element-d0ce189 elementor-widget elementor-widget-text-editor\" data-id=\"d0ce189\" data-element_type=\"widget\" data-e-type=\"widget\" data-widget_type=\"text-editor.default\">\n\t\t\t\t<div class=\"elementor-widget-container\">\n\t\t\t\t\t\t\t\t\t<p>En \u00e8poca romana Baelo era un lloc on es concentrava el comer\u00e7 mar\u00edtim. Va ser el port d&#8217;uni\u00f3 amb la ve\u00efna <em>Tingis<\/em>, l&#8217;actual T\u00e0nger, per la qual cosa la seva relaci\u00f3 amb el nord d&#8217;\u00c0frica era cont\u00ednua, essent un dels factors principals del desenvolupament urb\u00e0. Aquest sector del <strong>port<\/strong> (<strong>10<\/strong>) combina les activitats de tractament del peix, l&#8217;embarcament i el comer\u00e7.<\/p><p>La imatge seg\u00fcent representa una recreaci\u00f3 d&#8217;aquesta part on es mostra una factoria a l&#8217;interior, la porta de la muralla, que encara est\u00e0 dempeus, i la zona portu\u00e0ria, amb els molls d&#8217;atracament que se suposa que havien de ser de fusta, material perdurable que no ha arribat fins als nostres dies.<\/p>\t\t\t\t\t\t\t\t<\/div>\n\t\t\t\t<\/div>\n\t\t\t\t<div class=\"elementor-element elementor-element-742d085 elementor-widget elementor-widget-image\" data-id=\"742d085\" data-element_type=\"widget\" data-e-type=\"widget\" data-widget_type=\"image.default\">\n\t\t\t\t<div class=\"elementor-widget-container\">\n\t\t\t\t\t\t\t\t\t\t\t\t<figure class=\"wp-caption\">\n\t\t\t\t\t\t\t\t\t\t<img loading=\"lazy\" decoding=\"async\" width=\"768\" height=\"576\" src=\"https:\/\/www.elturistatranquil.com\/wp-content\/uploads\/F33-Baelo-Claudia_-recreacion.-Exposicion-temporal-en-el-Museo-Los-secretos-del-Garum.jpg\" class=\"attachment-large size-large wp-image-45663\" alt=\"Baelo-Claudia_-recreacion.-Exposici\u00f3n-temporal-en-el-Museo--Los-secretos-del-Garum\" srcset=\"https:\/\/www.elturistatranquil.com\/wp-content\/uploads\/F33-Baelo-Claudia_-recreacion.-Exposicion-temporal-en-el-Museo-Los-secretos-del-Garum.jpg 768w, https:\/\/www.elturistatranquil.com\/wp-content\/uploads\/F33-Baelo-Claudia_-recreacion.-Exposicion-temporal-en-el-Museo-Los-secretos-del-Garum-301x226.jpg 301w\" sizes=\"(max-width: 768px) 100vw, 768px\" \/>\t\t\t\t\t\t\t\t\t\t\t<figcaption class=\"widget-image-caption wp-caption-text\">Recreaci\u00f3 de la zona portu\u00e0ria a l'exposici\u00f3 temporal al Museu: \u201cBaelo Claudia: Els secrets del Garum\u201d<\/figcaption>\n\t\t\t\t\t\t\t\t\t\t<\/figure>\n\t\t\t\t\t\t\t\t\t<\/div>\n\t\t\t\t<\/div>\n\t\t\t\t<div class=\"elementor-element elementor-element-fca4c81 elementor-widget elementor-widget-image\" data-id=\"fca4c81\" data-element_type=\"widget\" data-e-type=\"widget\" data-widget_type=\"image.default\">\n\t\t\t\t<div class=\"elementor-widget-container\">\n\t\t\t\t\t\t\t\t\t\t\t\t<figure class=\"wp-caption\">\n\t\t\t\t\t\t\t\t\t\t<img loading=\"lazy\" decoding=\"async\" width=\"768\" height=\"511\" src=\"https:\/\/www.elturistatranquil.com\/wp-content\/uploads\/F34-Baelo-Claudia-Cadiz.jpg\" class=\"attachment-large size-large wp-image-45665\" alt=\"Baelo Claudia, Cadiz\" srcset=\"https:\/\/www.elturistatranquil.com\/wp-content\/uploads\/F34-Baelo-Claudia-Cadiz.jpg 768w, https:\/\/www.elturistatranquil.com\/wp-content\/uploads\/F34-Baelo-Claudia-Cadiz-339x226.jpg 339w\" sizes=\"(max-width: 768px) 100vw, 768px\" \/>\t\t\t\t\t\t\t\t\t\t\t<figcaption class=\"widget-image-caption wp-caption-text\"><\/figcaption>\n\t\t\t\t\t\t\t\t\t\t<\/figure>\n\t\t\t\t\t\t\t\t\t<\/div>\n\t\t\t\t<\/div>\n\t\t\t\t<div class=\"elementor-element elementor-element-dc8c39b elementor-widget elementor-widget-image\" data-id=\"dc8c39b\" data-element_type=\"widget\" data-e-type=\"widget\" data-widget_type=\"image.default\">\n\t\t\t\t<div class=\"elementor-widget-container\">\n\t\t\t\t\t\t\t\t\t\t\t\t<figure class=\"wp-caption\">\n\t\t\t\t\t\t\t\t\t\t<img loading=\"lazy\" decoding=\"async\" width=\"768\" height=\"512\" src=\"https:\/\/www.elturistatranquil.com\/wp-content\/uploads\/F35-Baelo-Claudia-Cadiz.jpg\" class=\"attachment-large size-large wp-image-45667\" alt=\"Baelo Claudia, Cadiz\" srcset=\"https:\/\/www.elturistatranquil.com\/wp-content\/uploads\/F35-Baelo-Claudia-Cadiz.jpg 768w, https:\/\/www.elturistatranquil.com\/wp-content\/uploads\/F35-Baelo-Claudia-Cadiz-339x226.jpg 339w\" sizes=\"(max-width: 768px) 100vw, 768px\" \/>\t\t\t\t\t\t\t\t\t\t\t<figcaption class=\"widget-image-caption wp-caption-text\"><\/figcaption>\n\t\t\t\t\t\t\t\t\t\t<\/figure>\n\t\t\t\t\t\t\t\t\t<\/div>\n\t\t\t\t<\/div>\n\t\t\t\t<div class=\"elementor-element elementor-element-b9fb917 elementor-widget elementor-widget-text-editor\" data-id=\"b9fb917\" data-element_type=\"widget\" data-e-type=\"widget\" data-widget_type=\"text-editor.default\">\n\t\t\t\t<div class=\"elementor-widget-container\">\n\t\t\t\t\t\t\t\t\t<p>Prosseguim el recorregut en direcci\u00f3 nord pel cardo del f\u00f2rum cap a aquesta zona.<\/p>\t\t\t\t\t\t\t\t<\/div>\n\t\t\t\t<\/div>\n\t\t\t\t<div class=\"elementor-element elementor-element-44636a6 elementor-widget elementor-widget-heading\" data-id=\"44636a6\" data-element_type=\"widget\" data-e-type=\"widget\" data-widget_type=\"heading.default\">\n\t\t\t\t<div class=\"elementor-widget-container\">\n\t\t\t\t\t<h3 class=\"elementor-heading-title elementor-size-default\">Zona del F\u00f2rum<\/h3>\t\t\t\t<\/div>\n\t\t\t\t<\/div>\n\t\t\t\t<div class=\"elementor-element elementor-element-7447f3b elementor-widget elementor-widget-image\" data-id=\"7447f3b\" data-element_type=\"widget\" data-e-type=\"widget\" data-widget_type=\"image.default\">\n\t\t\t\t<div class=\"elementor-widget-container\">\n\t\t\t\t\t\t\t\t\t\t\t\t<figure class=\"wp-caption\">\n\t\t\t\t\t\t\t\t\t\t<img loading=\"lazy\" decoding=\"async\" width=\"768\" height=\"512\" src=\"https:\/\/www.elturistatranquil.com\/wp-content\/uploads\/F36-Baelo-Claudia-Cadiz-Google-earth-2023-03-12.jpg\" class=\"attachment-large size-large wp-image-45672\" alt=\"Baelo Claudia, Cadiz (Google -earth 2023-03-12)\" srcset=\"https:\/\/www.elturistatranquil.com\/wp-content\/uploads\/F36-Baelo-Claudia-Cadiz-Google-earth-2023-03-12.jpg 768w, https:\/\/www.elturistatranquil.com\/wp-content\/uploads\/F36-Baelo-Claudia-Cadiz-Google-earth-2023-03-12-339x226.jpg 339w\" sizes=\"(max-width: 768px) 100vw, 768px\" \/>\t\t\t\t\t\t\t\t\t\t\t<figcaption class=\"widget-image-caption wp-caption-text\">(Google earth 2023-03-14<\/figcaption>\n\t\t\t\t\t\t\t\t\t\t<\/figure>\n\t\t\t\t\t\t\t\t\t<\/div>\n\t\t\t\t<\/div>\n\t\t\t\t<div class=\"elementor-element elementor-element-bc16515 elementor-widget elementor-widget-text-editor\" data-id=\"bc16515\" data-element_type=\"widget\" data-e-type=\"widget\" data-widget_type=\"text-editor.default\">\n\t\t\t\t<div class=\"elementor-widget-container\">\n\t\t\t\t\t\t\t\t\t<p>Com se sap, el f\u00f2rum constitueix la zona central d&#8217;una ciutat romana. Forma una gran pla\u00e7a, generalment rectangular porticada, on, al seu voltant s&#8217;aglutinen els edificis p\u00fablics i religiosos m\u00e9s importants.<\/p>\t\t\t\t\t\t\t\t<\/div>\n\t\t\t\t<\/div>\n\t\t\t\t<div class=\"elementor-element elementor-element-288fcdc elementor-widget elementor-widget-image\" data-id=\"288fcdc\" data-element_type=\"widget\" data-e-type=\"widget\" data-widget_type=\"image.default\">\n\t\t\t\t<div class=\"elementor-widget-container\">\n\t\t\t\t\t\t\t\t\t\t\t\t<figure class=\"wp-caption\">\n\t\t\t\t\t\t\t\t\t\t<img loading=\"lazy\" decoding=\"async\" width=\"768\" height=\"511\" src=\"https:\/\/www.elturistatranquil.com\/wp-content\/uploads\/F37-Baelo-Claudia-Cadiz.jpg\" class=\"attachment-large size-large wp-image-45674\" alt=\"Baelo Claudia, Cadiz\" srcset=\"https:\/\/www.elturistatranquil.com\/wp-content\/uploads\/F37-Baelo-Claudia-Cadiz.jpg 768w, https:\/\/www.elturistatranquil.com\/wp-content\/uploads\/F37-Baelo-Claudia-Cadiz-339x226.jpg 339w\" sizes=\"(max-width: 768px) 100vw, 768px\" \/>\t\t\t\t\t\t\t\t\t\t\t<figcaption class=\"widget-image-caption wp-caption-text\"><\/figcaption>\n\t\t\t\t\t\t\t\t\t\t<\/figure>\n\t\t\t\t\t\t\t\t\t<\/div>\n\t\t\t\t<\/div>\n\t\t\t\t<div class=\"elementor-element elementor-element-33ec4dd elementor-widget elementor-widget-text-editor\" data-id=\"33ec4dd\" data-element_type=\"widget\" data-e-type=\"widget\" data-widget_type=\"text-editor.default\">\n\t\t\t\t<div class=\"elementor-widget-container\">\n\t\t\t\t\t\t\t\t\t<p>Les dues imatges seg\u00fcents mostren dues perspectives oposades de la zona del f\u00f2rum. La primera, des del sud, amb les columnes de la bas\u00edlica a primer terme, i al fons a l&#8217;esquerra el teatre. La segona, des del teatre, amb la pla\u00e7a a primer terme.<\/p>\t\t\t\t\t\t\t\t<\/div>\n\t\t\t\t<\/div>\n\t\t\t\t<div class=\"elementor-element elementor-element-abca07d elementor-widget elementor-widget-image\" data-id=\"abca07d\" data-element_type=\"widget\" data-e-type=\"widget\" data-widget_type=\"image.default\">\n\t\t\t\t<div class=\"elementor-widget-container\">\n\t\t\t\t\t\t\t\t\t\t\t\t<figure class=\"wp-caption\">\n\t\t\t\t\t\t\t\t\t\t<img loading=\"lazy\" decoding=\"async\" width=\"768\" height=\"511\" src=\"https:\/\/www.elturistatranquil.com\/wp-content\/uploads\/F38-Baelo-Claudia-Cadiz.jpg\" class=\"attachment-large size-large wp-image-45676\" alt=\"Baelo Claudia, Cadiz\" srcset=\"https:\/\/www.elturistatranquil.com\/wp-content\/uploads\/F38-Baelo-Claudia-Cadiz.jpg 768w, https:\/\/www.elturistatranquil.com\/wp-content\/uploads\/F38-Baelo-Claudia-Cadiz-339x226.jpg 339w\" sizes=\"(max-width: 768px) 100vw, 768px\" \/>\t\t\t\t\t\t\t\t\t\t\t<figcaption class=\"widget-image-caption wp-caption-text\"><\/figcaption>\n\t\t\t\t\t\t\t\t\t\t<\/figure>\n\t\t\t\t\t\t\t\t\t<\/div>\n\t\t\t\t<\/div>\n\t\t\t\t<div class=\"elementor-element elementor-element-e16b160 elementor-widget elementor-widget-image\" data-id=\"e16b160\" data-element_type=\"widget\" data-e-type=\"widget\" data-widget_type=\"image.default\">\n\t\t\t\t<div class=\"elementor-widget-container\">\n\t\t\t\t\t\t\t\t\t\t\t\t<figure class=\"wp-caption\">\n\t\t\t\t\t\t\t\t\t\t<img loading=\"lazy\" decoding=\"async\" width=\"768\" height=\"512\" src=\"https:\/\/www.elturistatranquil.com\/wp-content\/uploads\/F39-Baelo-Claudia-Cadiz.jpg\" class=\"attachment-large size-large wp-image-45678\" alt=\"Baelo Claudia, Cadiz\" srcset=\"https:\/\/www.elturistatranquil.com\/wp-content\/uploads\/F39-Baelo-Claudia-Cadiz.jpg 768w, https:\/\/www.elturistatranquil.com\/wp-content\/uploads\/F39-Baelo-Claudia-Cadiz-339x226.jpg 339w\" sizes=\"(max-width: 768px) 100vw, 768px\" \/>\t\t\t\t\t\t\t\t\t\t\t<figcaption class=\"widget-image-caption wp-caption-text\"><\/figcaption>\n\t\t\t\t\t\t\t\t\t\t<\/figure>\n\t\t\t\t\t\t\t\t\t<\/div>\n\t\t\t\t<\/div>\n\t\t\t\t<div class=\"elementor-element elementor-element-57ab422 elementor-widget elementor-widget-heading\" data-id=\"57ab422\" data-element_type=\"widget\" data-e-type=\"widget\" data-widget_type=\"heading.default\">\n\t\t\t\t<div class=\"elementor-widget-container\">\n\t\t\t\t\t<h4 class=\"elementor-heading-title elementor-size-default\">Pla\u00e7a meridional<\/h4>\t\t\t\t<\/div>\n\t\t\t\t<\/div>\n\t\t\t\t<div class=\"elementor-element elementor-element-99e54a4 elementor-widget elementor-widget-text-editor\" data-id=\"99e54a4\" data-element_type=\"widget\" data-e-type=\"widget\" data-widget_type=\"text-editor.default\">\n\t\t\t\t<div class=\"elementor-widget-container\">\n\t\t\t\t\t\t\t\t\t<p>Es recupera el contacte amb el decumanus m\u00e0xim des d&#8217;on caldr\u00e0 pujar una escalinata de tres esglaons que ens situa a la <strong>pla\u00e7a meridional del F\u00f2rum<\/strong> (<strong>11<\/strong>).<\/p>\t\t\t\t\t\t\t\t<\/div>\n\t\t\t\t<\/div>\n\t\t\t\t<div class=\"elementor-element elementor-element-d6f9d22 elementor-widget elementor-widget-image\" data-id=\"d6f9d22\" data-element_type=\"widget\" data-e-type=\"widget\" data-widget_type=\"image.default\">\n\t\t\t\t<div class=\"elementor-widget-container\">\n\t\t\t\t\t\t\t\t\t\t\t\t<figure class=\"wp-caption\">\n\t\t\t\t\t\t\t\t\t\t<img loading=\"lazy\" decoding=\"async\" width=\"768\" height=\"511\" src=\"https:\/\/www.elturistatranquil.com\/wp-content\/uploads\/F40-Baelo-Claudia-Cadiz.jpg\" class=\"attachment-large size-large wp-image-45683\" alt=\"Baelo Claudia, Cadiz\" srcset=\"https:\/\/www.elturistatranquil.com\/wp-content\/uploads\/F40-Baelo-Claudia-Cadiz.jpg 768w, https:\/\/www.elturistatranquil.com\/wp-content\/uploads\/F40-Baelo-Claudia-Cadiz-339x226.jpg 339w\" sizes=\"(max-width: 768px) 100vw, 768px\" \/>\t\t\t\t\t\t\t\t\t\t\t<figcaption class=\"widget-image-caption wp-caption-text\"><\/figcaption>\n\t\t\t\t\t\t\t\t\t\t<\/figure>\n\t\t\t\t\t\t\t\t\t<\/div>\n\t\t\t\t<\/div>\n\t\t\t\t<div class=\"elementor-element elementor-element-80bad6e elementor-widget elementor-widget-text-editor\" data-id=\"80bad6e\" data-element_type=\"widget\" data-e-type=\"widget\" data-widget_type=\"text-editor.default\">\n\t\t\t\t<div class=\"elementor-widget-container\">\n\t\t\t\t\t\t\t\t\t<p>Ambd\u00f3s costats de la pla\u00e7a estan ocupats per edificacions.<\/p>\t\t\t\t\t\t\t\t<\/div>\n\t\t\t\t<\/div>\n\t\t\t\t<div class=\"elementor-element elementor-element-5bd5a3a elementor-widget elementor-widget-image\" data-id=\"5bd5a3a\" data-element_type=\"widget\" data-e-type=\"widget\" data-widget_type=\"image.default\">\n\t\t\t\t<div class=\"elementor-widget-container\">\n\t\t\t\t\t\t\t\t\t\t\t\t<figure class=\"wp-caption\">\n\t\t\t\t\t\t\t\t\t\t<img loading=\"lazy\" decoding=\"async\" width=\"768\" height=\"512\" src=\"https:\/\/www.elturistatranquil.com\/wp-content\/uploads\/F41-Baelo-Claudia-Cadiz.jpg\" class=\"attachment-large size-large wp-image-45685\" alt=\"Baelo Claudia, Cadiz\" srcset=\"https:\/\/www.elturistatranquil.com\/wp-content\/uploads\/F41-Baelo-Claudia-Cadiz.jpg 768w, https:\/\/www.elturistatranquil.com\/wp-content\/uploads\/F41-Baelo-Claudia-Cadiz-339x226.jpg 339w\" sizes=\"(max-width: 768px) 100vw, 768px\" \/>\t\t\t\t\t\t\t\t\t\t\t<figcaption class=\"widget-image-caption wp-caption-text\"><\/figcaption>\n\t\t\t\t\t\t\t\t\t\t<\/figure>\n\t\t\t\t\t\t\t\t\t<\/div>\n\t\t\t\t<\/div>\n\t\t\t\t<div class=\"elementor-element elementor-element-198fa95 elementor-widget elementor-widget-text-editor\" data-id=\"198fa95\" data-element_type=\"widget\" data-e-type=\"widget\" data-widget_type=\"text-editor.default\">\n\t\t\t\t<div class=\"elementor-widget-container\">\n\t\t\t\t\t\t\t\t\t<p>A ponent un edifici adossat a la bas\u00edlica i orientat al decumanus pel qual s&#8217;hi accedia. De planta rectangular amb vest\u00edbul amb dues escales que conduirien a un pis superior. Podria haver estat la seu d&#8217;alguna corporaci\u00f3 o despatxos de l&#8217;administraci\u00f3 comercial de la ciutat, encara que recentment s&#8217;ha interpretat tamb\u00e9 com la C\u00faria.<\/p><p>A la zona de llevant de la pla\u00e7a hi ha una altra construcci\u00f3 amb tres habitacions, la central en forma d&#8217;absis, que possiblement estarien obertes a la pla\u00e7a ja que el seu enllosat \u00e9s el mateix.<\/p>\t\t\t\t\t\t\t\t<\/div>\n\t\t\t\t<\/div>\n\t\t\t\t<div class=\"elementor-element elementor-element-98d330d elementor-widget elementor-widget-image\" data-id=\"98d330d\" data-element_type=\"widget\" data-e-type=\"widget\" data-widget_type=\"image.default\">\n\t\t\t\t<div class=\"elementor-widget-container\">\n\t\t\t\t\t\t\t\t\t\t\t\t<figure class=\"wp-caption\">\n\t\t\t\t\t\t\t\t\t\t<img loading=\"lazy\" decoding=\"async\" width=\"768\" height=\"512\" src=\"https:\/\/www.elturistatranquil.com\/wp-content\/uploads\/F42-Baelo-Claudia-Cadiz.jpg\" class=\"attachment-large size-large wp-image-45687\" alt=\"Baelo Claudia, Cadiz\" srcset=\"https:\/\/www.elturistatranquil.com\/wp-content\/uploads\/F42-Baelo-Claudia-Cadiz.jpg 768w, https:\/\/www.elturistatranquil.com\/wp-content\/uploads\/F42-Baelo-Claudia-Cadiz-339x226.jpg 339w\" sizes=\"(max-width: 768px) 100vw, 768px\" \/>\t\t\t\t\t\t\t\t\t\t\t<figcaption class=\"widget-image-caption wp-caption-text\"><\/figcaption>\n\t\t\t\t\t\t\t\t\t\t<\/figure>\n\t\t\t\t\t\t\t\t\t<\/div>\n\t\t\t\t<\/div>\n\t\t\t\t<div class=\"elementor-element elementor-element-bb4c908 elementor-widget elementor-widget-heading\" data-id=\"bb4c908\" data-element_type=\"widget\" data-e-type=\"widget\" data-widget_type=\"heading.default\">\n\t\t\t\t<div class=\"elementor-widget-container\">\n\t\t\t\t\t<h4 class=\"elementor-heading-title elementor-size-default\">Bas\u00edlica<\/h4>\t\t\t\t<\/div>\n\t\t\t\t<\/div>\n\t\t\t\t<div class=\"elementor-element elementor-element-30d1a57 elementor-widget elementor-widget-text-editor\" data-id=\"30d1a57\" data-element_type=\"widget\" data-e-type=\"widget\" data-widget_type=\"text-editor.default\">\n\t\t\t\t<div class=\"elementor-widget-container\">\n\t\t\t\t\t\t\t\t\t<p>Tot el frontal d&#8217;aquesta pla\u00e7a exterior est\u00e0 ocupat per la <strong>bas\u00edlica<\/strong> (<strong>13<\/strong>), a la que s&#8217;accedeix des d&#8217;aquesta banda per un \u00fanic acc\u00e9s a la part central.<\/p>\t\t\t\t\t\t\t\t<\/div>\n\t\t\t\t<\/div>\n\t\t\t\t<div class=\"elementor-element elementor-element-e4e8c7a elementor-widget elementor-widget-image\" data-id=\"e4e8c7a\" data-element_type=\"widget\" data-e-type=\"widget\" data-widget_type=\"image.default\">\n\t\t\t\t<div class=\"elementor-widget-container\">\n\t\t\t\t\t\t\t\t\t\t\t\t<figure class=\"wp-caption\">\n\t\t\t\t\t\t\t\t\t\t<img loading=\"lazy\" decoding=\"async\" width=\"768\" height=\"512\" src=\"https:\/\/www.elturistatranquil.com\/wp-content\/uploads\/F43-Baelo-Claudia-Cadiz.jpg\" class=\"attachment-large size-large wp-image-45689\" alt=\"Baelo Claudia, Cadiz\" srcset=\"https:\/\/www.elturistatranquil.com\/wp-content\/uploads\/F43-Baelo-Claudia-Cadiz.jpg 768w, https:\/\/www.elturistatranquil.com\/wp-content\/uploads\/F43-Baelo-Claudia-Cadiz-339x226.jpg 339w\" sizes=\"(max-width: 768px) 100vw, 768px\" \/>\t\t\t\t\t\t\t\t\t\t\t<figcaption class=\"widget-image-caption wp-caption-text\"><\/figcaption>\n\t\t\t\t\t\t\t\t\t\t<\/figure>\n\t\t\t\t\t\t\t\t\t<\/div>\n\t\t\t\t<\/div>\n\t\t\t\t<div class=\"elementor-element elementor-element-d406381 elementor-widget elementor-widget-text-editor\" data-id=\"d406381\" data-element_type=\"widget\" data-e-type=\"widget\" data-widget_type=\"text-editor.default\">\n\t\t\t\t<div class=\"elementor-widget-container\">\n\t\t\t\t\t\t\t\t\t<p>El lateral septentrional de la bas\u00edlica ocupava tot el costat sud del F\u00f2rum, amb el qu\u00e8 es comunicava per tres portes. A la fotografia \u00e9s visible la porta de la dreta.<\/p>\t\t\t\t\t\t\t\t<\/div>\n\t\t\t\t<\/div>\n\t\t\t\t<div class=\"elementor-element elementor-element-3bb8a3f elementor-widget elementor-widget-image\" data-id=\"3bb8a3f\" data-element_type=\"widget\" data-e-type=\"widget\" data-widget_type=\"image.default\">\n\t\t\t\t<div class=\"elementor-widget-container\">\n\t\t\t\t\t\t\t\t\t\t\t\t<figure class=\"wp-caption\">\n\t\t\t\t\t\t\t\t\t\t<img loading=\"lazy\" decoding=\"async\" width=\"768\" height=\"512\" src=\"https:\/\/www.elturistatranquil.com\/wp-content\/uploads\/F44-Baelo-Claudia-Cadiz.jpg\" class=\"attachment-large size-large wp-image-45696\" alt=\"Baelo Claudia, Cadiz\" srcset=\"https:\/\/www.elturistatranquil.com\/wp-content\/uploads\/F44-Baelo-Claudia-Cadiz.jpg 768w, https:\/\/www.elturistatranquil.com\/wp-content\/uploads\/F44-Baelo-Claudia-Cadiz-339x226.jpg 339w\" sizes=\"(max-width: 768px) 100vw, 768px\" \/>\t\t\t\t\t\t\t\t\t\t\t<figcaption class=\"widget-image-caption wp-caption-text\"><\/figcaption>\n\t\t\t\t\t\t\t\t\t\t<\/figure>\n\t\t\t\t\t\t\t\t\t<\/div>\n\t\t\t\t<\/div>\n\t\t\t\t<div class=\"elementor-element elementor-element-f13de10 elementor-widget elementor-widget-text-editor\" data-id=\"f13de10\" data-element_type=\"widget\" data-e-type=\"widget\" data-widget_type=\"text-editor.default\">\n\t\t\t\t<div class=\"elementor-widget-container\">\n\t\t\t\t\t\t\t\t\t<p>Constru\u00efda al segle I dC, la bas\u00edlica era la seu local de l&#8217;administraci\u00f3 de just\u00edcia i un dels grans edificis p\u00fablics de Baelo.<\/p><p>De planta rectangular, comptava amb un \u00fanic espai amb columnes que sostenien un segon pis amb una galeria oberta al pati central, on es desenvolupava l&#8217;activitat quotidiana de jutges i magistrats. Una est\u00e0tua colossal de l&#8217;emperador Traj\u00e0, disposada sobre un pedestal revestit de lloses de marbre, presidia la sala. La bas\u00edlica va ser destru\u00efda pel gran terratr\u00e8mol que va afectar la ciutat al comen\u00e7ament del segle III dC.<\/p><p>L&#8217;est\u00e0tua original de Traj\u00e0 es troba al Museu de Cadis, i aqu\u00ed se n&#8217;ha disposat una c\u00f2pia.<\/p>\t\t\t\t\t\t\t\t<\/div>\n\t\t\t\t<\/div>\n\t\t\t\t<div class=\"elementor-element elementor-element-ab14379 elementor-widget elementor-widget-image\" data-id=\"ab14379\" data-element_type=\"widget\" data-e-type=\"widget\" data-widget_type=\"image.default\">\n\t\t\t\t<div class=\"elementor-widget-container\">\n\t\t\t\t\t\t\t\t\t\t\t\t<figure class=\"wp-caption\">\n\t\t\t\t\t\t\t\t\t\t<img loading=\"lazy\" decoding=\"async\" width=\"768\" height=\"512\" src=\"https:\/\/www.elturistatranquil.com\/wp-content\/uploads\/F45-Baelo-Claudia-Cadiz.jpg\" class=\"attachment-large size-large wp-image-45698\" alt=\"Baelo Claudia, Cadiz\" srcset=\"https:\/\/www.elturistatranquil.com\/wp-content\/uploads\/F45-Baelo-Claudia-Cadiz.jpg 768w, https:\/\/www.elturistatranquil.com\/wp-content\/uploads\/F45-Baelo-Claudia-Cadiz-339x226.jpg 339w\" sizes=\"(max-width: 768px) 100vw, 768px\" \/>\t\t\t\t\t\t\t\t\t\t\t<figcaption class=\"widget-image-caption wp-caption-text\"><\/figcaption>\n\t\t\t\t\t\t\t\t\t\t<\/figure>\n\t\t\t\t\t\t\t\t\t<\/div>\n\t\t\t\t<\/div>\n\t\t\t\t<div class=\"elementor-element elementor-element-b36c2ce elementor-widget elementor-widget-text-editor\" data-id=\"b36c2ce\" data-element_type=\"widget\" data-e-type=\"widget\" data-widget_type=\"text-editor.default\">\n\t\t\t\t<div class=\"elementor-widget-container\">\n\t\t\t\t\t\t\t\t\t<p>Les columnes eren d&#8217;ordre d\u00f2ric. S&#8217;observa que el material amb el que van ser constru\u00efdes era de gresos conx\u00edfers (roca ostionera) procedents de pedreres de l&#8217;entorn.<\/p>\t\t\t\t\t\t\t\t<\/div>\n\t\t\t\t<\/div>\n\t\t\t\t<div class=\"elementor-element elementor-element-98274f6 elementor-widget elementor-widget-image\" data-id=\"98274f6\" data-element_type=\"widget\" data-e-type=\"widget\" data-widget_type=\"image.default\">\n\t\t\t\t<div class=\"elementor-widget-container\">\n\t\t\t\t\t\t\t\t\t\t\t\t<figure class=\"wp-caption\">\n\t\t\t\t\t\t\t\t\t\t<img loading=\"lazy\" decoding=\"async\" width=\"768\" height=\"511\" src=\"https:\/\/www.elturistatranquil.com\/wp-content\/uploads\/F46-Baelo-Claudia-Cadiz.jpg\" class=\"attachment-large size-large wp-image-45700\" alt=\"Baelo Claudia, Cadiz\" srcset=\"https:\/\/www.elturistatranquil.com\/wp-content\/uploads\/F46-Baelo-Claudia-Cadiz.jpg 768w, https:\/\/www.elturistatranquil.com\/wp-content\/uploads\/F46-Baelo-Claudia-Cadiz-339x226.jpg 339w\" sizes=\"(max-width: 768px) 100vw, 768px\" \/>\t\t\t\t\t\t\t\t\t\t\t<figcaption class=\"widget-image-caption wp-caption-text\"><\/figcaption>\n\t\t\t\t\t\t\t\t\t\t<\/figure>\n\t\t\t\t\t\t\t\t\t<\/div>\n\t\t\t\t<\/div>\n\t\t\t\t<div class=\"elementor-element elementor-element-72ce52c elementor-widget elementor-widget-heading\" data-id=\"72ce52c\" data-element_type=\"widget\" data-e-type=\"widget\" data-widget_type=\"heading.default\">\n\t\t\t\t<div class=\"elementor-widget-container\">\n\t\t\t\t\t<h4 class=\"elementor-heading-title elementor-size-default\">Pla\u00e7a del F\u00f2rum<\/h4>\t\t\t\t<\/div>\n\t\t\t\t<\/div>\n\t\t\t\t<div class=\"elementor-element elementor-element-f02896f elementor-widget elementor-widget-text-editor\" data-id=\"f02896f\" data-element_type=\"widget\" data-e-type=\"widget\" data-widget_type=\"text-editor.default\">\n\t\t\t\t<div class=\"elementor-widget-container\">\n\t\t\t\t\t\t\t\t\t<p>El <strong>F\u00f2rum<\/strong> (<em>forum<\/em>) (<strong>12<\/strong>) de Baelo, aut\u00e8ntic cor de la ciutat, datat al segle I dC, constava d&#8217;una gran pla\u00e7a pavimentada de 37 x 30 metres, porticada als costats est i oest, al voltant de la qual situaven la majoria dels edificis de car\u00e0cter oficial: bas\u00edlica, mercat i temples.<\/p><p>Com acabem de veure, al costat meridional s&#8217;al\u00e7ava la bas\u00edlica.<\/p>\t\t\t\t\t\t\t\t<\/div>\n\t\t\t\t<\/div>\n\t\t\t\t<div class=\"elementor-element elementor-element-41a2356 elementor-widget elementor-widget-image\" data-id=\"41a2356\" data-element_type=\"widget\" data-e-type=\"widget\" data-widget_type=\"image.default\">\n\t\t\t\t<div class=\"elementor-widget-container\">\n\t\t\t\t\t\t\t\t\t\t\t\t<figure class=\"wp-caption\">\n\t\t\t\t\t\t\t\t\t\t<img loading=\"lazy\" decoding=\"async\" width=\"768\" height=\"438\" src=\"https:\/\/www.elturistatranquil.com\/wp-content\/uploads\/F47-Baelo-Claudia-Cadiz.jpg\" class=\"attachment-large size-large wp-image-45702\" alt=\"Baelo Claudia, Cadiz\" srcset=\"https:\/\/www.elturistatranquil.com\/wp-content\/uploads\/F47-Baelo-Claudia-Cadiz.jpg 768w, https:\/\/www.elturistatranquil.com\/wp-content\/uploads\/F47-Baelo-Claudia-Cadiz-339x193.jpg 339w\" sizes=\"(max-width: 768px) 100vw, 768px\" \/>\t\t\t\t\t\t\t\t\t\t\t<figcaption class=\"widget-image-caption wp-caption-text\"><\/figcaption>\n\t\t\t\t\t\t\t\t\t\t<\/figure>\n\t\t\t\t\t\t\t\t\t<\/div>\n\t\t\t\t<\/div>\n\t\t\t\t<div class=\"elementor-element elementor-element-a70300f elementor-widget elementor-widget-text-editor\" data-id=\"a70300f\" data-element_type=\"widget\" data-e-type=\"widget\" data-widget_type=\"text-editor.default\">\n\t\t\t\t<div class=\"elementor-widget-container\">\n\t\t\t\t\t\t\t\t\t<p>Al davant, al sector nord del F\u00f2rum, una terrassa elevada sobre la pla\u00e7a i utilitzada com a <strong>tribuna orat\u00f2ria<\/strong> (<em>rostra<\/em>) (<strong>13<\/strong>). Darrere d&#8217;aquesta, hi havia una font monumental revestida de marbre. A banda i banda es localitzen les escalinates que donen acc\u00e9s a la plataforma dels Temples, i a continuaci\u00f3 dos <em>sacella<\/em> (temples de redu\u00efdes dimensions), dedicats probablement al culte imperial.<\/p>\t\t\t\t\t\t\t\t<\/div>\n\t\t\t\t<\/div>\n\t\t\t\t<div class=\"elementor-element elementor-element-55296e2 elementor-widget elementor-widget-image\" data-id=\"55296e2\" data-element_type=\"widget\" data-e-type=\"widget\" data-widget_type=\"image.default\">\n\t\t\t\t<div class=\"elementor-widget-container\">\n\t\t\t\t\t\t\t\t\t\t\t\t<figure class=\"wp-caption\">\n\t\t\t\t\t\t\t\t\t\t<img loading=\"lazy\" decoding=\"async\" width=\"768\" height=\"512\" src=\"https:\/\/www.elturistatranquil.com\/wp-content\/uploads\/F48-Baelo-Claudia-Cadiz.jpg\" class=\"attachment-large size-large wp-image-45707\" alt=\"Baelo Claudia, Cadiz\" srcset=\"https:\/\/www.elturistatranquil.com\/wp-content\/uploads\/F48-Baelo-Claudia-Cadiz.jpg 768w, https:\/\/www.elturistatranquil.com\/wp-content\/uploads\/F48-Baelo-Claudia-Cadiz-339x226.jpg 339w\" sizes=\"(max-width: 768px) 100vw, 768px\" \/>\t\t\t\t\t\t\t\t\t\t\t<figcaption class=\"widget-image-caption wp-caption-text\"><\/figcaption>\n\t\t\t\t\t\t\t\t\t\t<\/figure>\n\t\t\t\t\t\t\t\t\t<\/div>\n\t\t\t\t<\/div>\n\t\t\t\t<div class=\"elementor-element elementor-element-9dfb51b elementor-widget elementor-widget-text-editor\" data-id=\"9dfb51b\" data-element_type=\"widget\" data-e-type=\"widget\" data-widget_type=\"text-editor.default\">\n\t\t\t\t<div class=\"elementor-widget-container\">\n\t\t\t\t\t\t\t\t\t<p>Al costat de ponent s&#8217;al\u00e7aven de nord a sud quatre edificacions.<\/p>\t\t\t\t\t\t\t\t<\/div>\n\t\t\t\t<\/div>\n\t\t\t\t<div class=\"elementor-element elementor-element-7f8bc37 elementor-widget elementor-widget-image\" data-id=\"7f8bc37\" data-element_type=\"widget\" data-e-type=\"widget\" data-widget_type=\"image.default\">\n\t\t\t\t<div class=\"elementor-widget-container\">\n\t\t\t\t\t\t\t\t\t\t\t\t<figure class=\"wp-caption\">\n\t\t\t\t\t\t\t\t\t\t<img loading=\"lazy\" decoding=\"async\" width=\"768\" height=\"511\" src=\"https:\/\/www.elturistatranquil.com\/wp-content\/uploads\/F49-Baelo-Claudia-Cadiz.jpg\" class=\"attachment-large size-large wp-image-45709\" alt=\"Baelo Claudia, Cadiz\" srcset=\"https:\/\/www.elturistatranquil.com\/wp-content\/uploads\/F49-Baelo-Claudia-Cadiz.jpg 768w, https:\/\/www.elturistatranquil.com\/wp-content\/uploads\/F49-Baelo-Claudia-Cadiz-339x226.jpg 339w\" sizes=\"(max-width: 768px) 100vw, 768px\" \/>\t\t\t\t\t\t\t\t\t\t\t<figcaption class=\"widget-image-caption wp-caption-text\"><\/figcaption>\n\t\t\t\t\t\t\t\t\t\t<\/figure>\n\t\t\t\t\t\t\t\t\t<\/div>\n\t\t\t\t<\/div>\n\t\t\t\t<div class=\"elementor-element elementor-element-f69ad34 elementor-widget elementor-widget-text-editor\" data-id=\"f69ad34\" data-element_type=\"widget\" data-e-type=\"widget\" data-widget_type=\"text-editor.default\">\n\t\t\t\t<div class=\"elementor-widget-container\">\n\t\t\t\t\t\t\t\t\t<p>Una sala de grans dimensions (<strong>15<\/strong>), al fons de la qual s&#8217;adverteixen restes d&#8217;un s\u00f2col que podria servir de tribuna o pedestal (base d&#8217;una est\u00e0tua); que va poder ser un lloc utilitzat pels magistrats com a local complementari de la c\u00faria, o la <em>schola<\/em> d&#8217;alguna associaci\u00f3 de ciutadans.<\/p><p>La <strong>c\u00faria<\/strong> (<strong>16<\/strong>), seu de reuni\u00f3 dels decurions.<\/p><p>Entre la <em>schola<\/em> i la c\u00faria un carrer connectava la pla\u00e7a del F\u00f2rum amb el costat occidental de la ciutat. A l&#8217;esquerra el solar de la schola, i a la dreta el de la c\u00faria.<\/p>\t\t\t\t\t\t\t\t<\/div>\n\t\t\t\t<\/div>\n\t\t\t\t<div class=\"elementor-element elementor-element-35b6b81 elementor-widget elementor-widget-image\" data-id=\"35b6b81\" data-element_type=\"widget\" data-e-type=\"widget\" data-widget_type=\"image.default\">\n\t\t\t\t<div class=\"elementor-widget-container\">\n\t\t\t\t\t\t\t\t\t\t\t\t<figure class=\"wp-caption\">\n\t\t\t\t\t\t\t\t\t\t<img loading=\"lazy\" decoding=\"async\" width=\"768\" height=\"512\" src=\"https:\/\/www.elturistatranquil.com\/wp-content\/uploads\/F50-Baelo-Claudia-Cadiz.jpg\" class=\"attachment-large size-large wp-image-45711\" alt=\"Baelo Claudia, Cadiz\" srcset=\"https:\/\/www.elturistatranquil.com\/wp-content\/uploads\/F50-Baelo-Claudia-Cadiz.jpg 768w, https:\/\/www.elturistatranquil.com\/wp-content\/uploads\/F50-Baelo-Claudia-Cadiz-339x226.jpg 339w\" sizes=\"(max-width: 768px) 100vw, 768px\" \/>\t\t\t\t\t\t\t\t\t\t\t<figcaption class=\"widget-image-caption wp-caption-text\"><\/figcaption>\n\t\t\t\t\t\t\t\t\t\t<\/figure>\n\t\t\t\t\t\t\t\t\t<\/div>\n\t\t\t\t<\/div>\n\t\t\t\t<div class=\"elementor-element elementor-element-f1bbb19 elementor-widget elementor-widget-image\" data-id=\"f1bbb19\" data-element_type=\"widget\" data-e-type=\"widget\" data-widget_type=\"image.default\">\n\t\t\t\t<div class=\"elementor-widget-container\">\n\t\t\t\t\t\t\t\t\t\t\t\t<figure class=\"wp-caption\">\n\t\t\t\t\t\t\t\t\t\t<img loading=\"lazy\" decoding=\"async\" width=\"768\" height=\"512\" src=\"https:\/\/www.elturistatranquil.com\/wp-content\/uploads\/F51-Baelo-Claudia-Cadiz.jpg\" class=\"attachment-large size-large wp-image-45713\" alt=\"Baelo Claudia, Cadiz\" srcset=\"https:\/\/www.elturistatranquil.com\/wp-content\/uploads\/F51-Baelo-Claudia-Cadiz.jpg 768w, https:\/\/www.elturistatranquil.com\/wp-content\/uploads\/F51-Baelo-Claudia-Cadiz-339x226.jpg 339w\" sizes=\"(max-width: 768px) 100vw, 768px\" \/>\t\t\t\t\t\t\t\t\t\t\t<figcaption class=\"widget-image-caption wp-caption-text\"><\/figcaption>\n\t\t\t\t\t\t\t\t\t\t<\/figure>\n\t\t\t\t\t\t\t\t\t<\/div>\n\t\t\t\t<\/div>\n\t\t\t\t<div class=\"elementor-element elementor-element-8929829 elementor-widget elementor-widget-text-editor\" data-id=\"8929829\" data-element_type=\"widget\" data-e-type=\"widget\" data-widget_type=\"text-editor.default\">\n\t\t\t\t<div class=\"elementor-widget-container\">\n\t\t\t\t\t\t\t\t\t<p>El <strong><em>tabularium<\/em><\/strong> (arxiu municipal) (<strong>17<\/strong>), lloc destinat a guardar l&#8217;arxiu de la ciutat.<\/p>\t\t\t\t\t\t\t\t<\/div>\n\t\t\t\t<\/div>\n\t\t\t\t<div class=\"elementor-element elementor-element-79296ff elementor-widget elementor-widget-image\" data-id=\"79296ff\" data-element_type=\"widget\" data-e-type=\"widget\" data-widget_type=\"image.default\">\n\t\t\t\t<div class=\"elementor-widget-container\">\n\t\t\t\t\t\t\t\t\t\t\t\t<figure class=\"wp-caption\">\n\t\t\t\t\t\t\t\t\t\t<img loading=\"lazy\" decoding=\"async\" width=\"768\" height=\"512\" src=\"https:\/\/www.elturistatranquil.com\/wp-content\/uploads\/F52-Baelo-Claudia-Cadiz.jpg\" class=\"attachment-large size-large wp-image-45718\" alt=\"Baelo Claudia, Cadiz\" srcset=\"https:\/\/www.elturistatranquil.com\/wp-content\/uploads\/F52-Baelo-Claudia-Cadiz.jpg 768w, https:\/\/www.elturistatranquil.com\/wp-content\/uploads\/F52-Baelo-Claudia-Cadiz-339x226.jpg 339w\" sizes=\"(max-width: 768px) 100vw, 768px\" \/>\t\t\t\t\t\t\t\t\t\t\t<figcaption class=\"widget-image-caption wp-caption-text\"><\/figcaption>\n\t\t\t\t\t\t\t\t\t\t<\/figure>\n\t\t\t\t\t\t\t\t\t<\/div>\n\t\t\t\t<\/div>\n\t\t\t\t<div class=\"elementor-element elementor-element-87c16e4 elementor-widget elementor-widget-text-editor\" data-id=\"87c16e4\" data-element_type=\"widget\" data-e-type=\"widget\" data-widget_type=\"text-editor.default\">\n\t\t\t\t<div class=\"elementor-widget-container\">\n\t\t\t\t\t\t\t\t\t<p>I la <strong>sala de votacions<\/strong> (<strong>18<\/strong>). Els ciutadans lliures de la ciutat formaven l&#8217;assemblea del poble (<em>populus<\/em>), que es reunia en comicis (<em>comitia<\/em>), elegia els magistrats i participava en algunes decisions. Com que els comicis se celebraven probablement al f\u00f2rum, no \u00e9s estrany que s&#8217;habilit\u00e9s una sala per a les necessitats derivades d&#8217;aquestes assemblees.<\/p><p>El lateral de llevant del F\u00f2rum en un primer moment va estar destinat a construccions de car\u00e0cter comercial o <strong><em>tabernae<\/em> <\/strong>(<strong>19<\/strong>). Daten de l&#8217;\u00e8poca d&#8217;August i van estar en funcionament fins que es va construir el <em>macellum<\/em> o mercat.<\/p><p>S\u00f3n sis habitacions de forma allargada i dimensions semblants, i ocupaven gaireb\u00e9 tot el p\u00f2rtic est. A trav\u00e9s de les clavegueres que s&#8217;aprecien en algunes es pot interpretar que es dedicaven a la venda de carn o peix.<\/p>\t\t\t\t\t\t\t\t<\/div>\n\t\t\t\t<\/div>\n\t\t\t\t<div class=\"elementor-element elementor-element-1fa16c1 elementor-widget elementor-widget-image\" data-id=\"1fa16c1\" data-element_type=\"widget\" data-e-type=\"widget\" data-widget_type=\"image.default\">\n\t\t\t\t<div class=\"elementor-widget-container\">\n\t\t\t\t\t\t\t\t\t\t\t\t<figure class=\"wp-caption\">\n\t\t\t\t\t\t\t\t\t\t<img loading=\"lazy\" decoding=\"async\" width=\"768\" height=\"511\" src=\"https:\/\/www.elturistatranquil.com\/wp-content\/uploads\/F53-Baelo-Claudia-Cadiz.jpg\" class=\"attachment-large size-large wp-image-45720\" alt=\"Baelo Claudia, Cadiz\" srcset=\"https:\/\/www.elturistatranquil.com\/wp-content\/uploads\/F53-Baelo-Claudia-Cadiz.jpg 768w, https:\/\/www.elturistatranquil.com\/wp-content\/uploads\/F53-Baelo-Claudia-Cadiz-339x226.jpg 339w\" sizes=\"(max-width: 768px) 100vw, 768px\" \/>\t\t\t\t\t\t\t\t\t\t\t<figcaption class=\"widget-image-caption wp-caption-text\"><\/figcaption>\n\t\t\t\t\t\t\t\t\t\t<\/figure>\n\t\t\t\t\t\t\t\t\t<\/div>\n\t\t\t\t<\/div>\n\t\t\t\t<div class=\"elementor-element elementor-element-950c8ca elementor-widget elementor-widget-text-editor\" data-id=\"950c8ca\" data-element_type=\"widget\" data-e-type=\"widget\" data-widget_type=\"text-editor.default\">\n\t\t\t\t<div class=\"elementor-widget-container\">\n\t\t\t\t\t\t\t\t\t<p>L&#8217;enllosat monumental de la pla\u00e7a es correspon amb aquests moments.<\/p><p>La perspectiva de la pla\u00e7a es tancava pel costat nord amb els tres temples dedicats a la <em>triada capitalina<\/em>. Com a espai de representaci\u00f3, dominaven la pla\u00e7a des de la seva posici\u00f3 elevada, en haver-se constru\u00eft al vessant de l&#8217;elevaci\u00f3 que el terreny presenta des de la font.<\/p><p>Deixo la presentaci\u00f3 d&#8217;aquesta zona per al final del recorregut, quan hi arribem des del teatre.<\/p>\t\t\t\t\t\t\t\t<\/div>\n\t\t\t\t<\/div>\n\t\t\t\t<div class=\"elementor-element elementor-element-45acf4b elementor-widget elementor-widget-heading\" data-id=\"45acf4b\" data-element_type=\"widget\" data-e-type=\"widget\" data-widget_type=\"heading.default\">\n\t\t\t\t<div class=\"elementor-widget-container\">\n\t\t\t\t\t<h3 class=\"elementor-heading-title elementor-size-default\">Decumanus maximus fins a la porta de Gades<\/h3>\t\t\t\t<\/div>\n\t\t\t\t<\/div>\n\t\t\t\t<div class=\"elementor-element elementor-element-e288420 elementor-widget elementor-widget-image\" data-id=\"e288420\" data-element_type=\"widget\" data-e-type=\"widget\" data-widget_type=\"image.default\">\n\t\t\t\t<div class=\"elementor-widget-container\">\n\t\t\t\t\t\t\t\t\t\t\t\t<figure class=\"wp-caption\">\n\t\t\t\t\t\t\t\t\t\t<img loading=\"lazy\" decoding=\"async\" width=\"768\" height=\"512\" src=\"https:\/\/www.elturistatranquil.com\/wp-content\/uploads\/F54-Baelo-Claudia-Cadiz-Google-earth-2023-03-12.jpg\" class=\"attachment-large size-large wp-image-45722\" alt=\"Baelo Claudia, Cadiz (Google -earth 2023-03-12)\" srcset=\"https:\/\/www.elturistatranquil.com\/wp-content\/uploads\/F54-Baelo-Claudia-Cadiz-Google-earth-2023-03-12.jpg 768w, https:\/\/www.elturistatranquil.com\/wp-content\/uploads\/F54-Baelo-Claudia-Cadiz-Google-earth-2023-03-12-339x226.jpg 339w\" sizes=\"(max-width: 768px) 100vw, 768px\" \/>\t\t\t\t\t\t\t\t\t\t\t<figcaption class=\"widget-image-caption wp-caption-text\">(Google earth 2023-03-12)<\/figcaption>\n\t\t\t\t\t\t\t\t\t\t<\/figure>\n\t\t\t\t\t\t\t\t\t<\/div>\n\t\t\t\t<\/div>\n\t\t\t\t<div class=\"elementor-element elementor-element-0b07da2 elementor-widget elementor-widget-text-editor\" data-id=\"0b07da2\" data-element_type=\"widget\" data-e-type=\"widget\" data-widget_type=\"text-editor.default\">\n\t\t\t\t<div class=\"elementor-widget-container\">\n\t\t\t\t\t\t\t\t\t<p>Com ja s&#8217;ha indicat, el <strong>decumanus m\u00e0xim<\/strong> (<strong>5b<\/strong>) conserva el seu enllosat original. L&#8217;ondulaci\u00f3 del paviment es considera que reflecteix els terratr\u00e8mols que va patir la ciutat.<\/p>\t\t\t\t\t\t\t\t<\/div>\n\t\t\t\t<\/div>\n\t\t\t\t<div class=\"elementor-element elementor-element-781abe4 elementor-widget elementor-widget-image\" data-id=\"781abe4\" data-element_type=\"widget\" data-e-type=\"widget\" data-widget_type=\"image.default\">\n\t\t\t\t<div class=\"elementor-widget-container\">\n\t\t\t\t\t\t\t\t\t\t\t\t<figure class=\"wp-caption\">\n\t\t\t\t\t\t\t\t\t\t<img loading=\"lazy\" decoding=\"async\" width=\"768\" height=\"511\" src=\"https:\/\/www.elturistatranquil.com\/wp-content\/uploads\/F55-Baelo-Claudia-Cadiz.jpg\" class=\"attachment-large size-large wp-image-45724\" alt=\"Baelo Claudia, Cadiz\" srcset=\"https:\/\/www.elturistatranquil.com\/wp-content\/uploads\/F55-Baelo-Claudia-Cadiz.jpg 768w, https:\/\/www.elturistatranquil.com\/wp-content\/uploads\/F55-Baelo-Claudia-Cadiz-339x226.jpg 339w\" sizes=\"(max-width: 768px) 100vw, 768px\" \/>\t\t\t\t\t\t\t\t\t\t\t<figcaption class=\"widget-image-caption wp-caption-text\"><\/figcaption>\n\t\t\t\t\t\t\t\t\t\t<\/figure>\n\t\t\t\t\t\t\t\t\t<\/div>\n\t\t\t\t<\/div>\n\t\t\t\t<div class=\"elementor-element elementor-element-7be9a49 elementor-widget elementor-widget-text-editor\" data-id=\"7be9a49\" data-element_type=\"widget\" data-e-type=\"widget\" data-widget_type=\"text-editor.default\">\n\t\t\t\t<div class=\"elementor-widget-container\">\n\t\t\t\t\t\t\t\t\t<p>Ens dirigim cap a ponent fins a la porta de Gades partint des de la pla\u00e7a meridional del F\u00f2rum.<\/p><p>En aquest recorregut, nom\u00e9s es troben restes arqueol\u00f2giques al costat nord del decumanus. Cal tenir en compte que tota aquesta zona sud fins a la zona mar\u00edtima va ser l&#8217;\u00fanica que va ser ocupada als segles posteriors a l&#8217;aband\u00f3 de la ciutat. Algunes d&#8217;aquestes construccions han perviscut fins a mitjans segle passat, com ha quedat reflectit a la fotografia hist\u00f2rica del principi d&#8217;aquest <em>Post<\/em>. Per tant, nom\u00e9s es tenen refer\u00e8ncies arqueol\u00f2giques del costat nord, el costat dret en el sentit en qu\u00e8 ens despla\u00e7arem.<\/p>\t\t\t\t\t\t\t\t<\/div>\n\t\t\t\t<\/div>\n\t\t\t\t<div class=\"elementor-element elementor-element-6a74c75 elementor-widget elementor-widget-heading\" data-id=\"6a74c75\" data-element_type=\"widget\" data-e-type=\"widget\" data-widget_type=\"heading.default\">\n\t\t\t\t<div class=\"elementor-widget-container\">\n\t\t\t\t\t<h4 class=\"elementor-heading-title elementor-size-default\">Macellum (mercat) i cardo del Mercat<\/h4>\t\t\t\t<\/div>\n\t\t\t\t<\/div>\n\t\t\t\t<div class=\"elementor-element elementor-element-9434596 elementor-widget elementor-widget-text-editor\" data-id=\"9434596\" data-element_type=\"widget\" data-e-type=\"widget\" data-widget_type=\"text-editor.default\">\n\t\t\t\t<div class=\"elementor-widget-container\">\n\t\t\t\t\t\t\t\t\t<p>A la cantonada sud-oest de la gran illa del f\u00f2rum es va construir un <strong><em>macellum<\/em><\/strong> (mercat) (<strong>20<\/strong>). Un carrer de vianants entre la pla\u00e7a meridional i el costat occidental de la bas\u00edlica i el mercat donava acc\u00e9s als p\u00f2rtics del f\u00f2rum.<\/p>\t\t\t\t\t\t\t\t<\/div>\n\t\t\t\t<\/div>\n\t\t\t\t<div class=\"elementor-element elementor-element-f05e473 elementor-widget elementor-widget-image\" data-id=\"f05e473\" data-element_type=\"widget\" data-e-type=\"widget\" data-widget_type=\"image.default\">\n\t\t\t\t<div class=\"elementor-widget-container\">\n\t\t\t\t\t\t\t\t\t\t\t\t<figure class=\"wp-caption\">\n\t\t\t\t\t\t\t\t\t\t<img loading=\"lazy\" decoding=\"async\" width=\"768\" height=\"511\" src=\"https:\/\/www.elturistatranquil.com\/wp-content\/uploads\/F56-Baelo-Claudia-Cadiz.jpg\" class=\"attachment-large size-large wp-image-45726\" alt=\"Baelo Claudia, Cadiz\" srcset=\"https:\/\/www.elturistatranquil.com\/wp-content\/uploads\/F56-Baelo-Claudia-Cadiz.jpg 768w, https:\/\/www.elturistatranquil.com\/wp-content\/uploads\/F56-Baelo-Claudia-Cadiz-339x226.jpg 339w\" sizes=\"(max-width: 768px) 100vw, 768px\" \/>\t\t\t\t\t\t\t\t\t\t\t<figcaption class=\"widget-image-caption wp-caption-text\"><\/figcaption>\n\t\t\t\t\t\t\t\t\t\t<\/figure>\n\t\t\t\t\t\t\t\t\t<\/div>\n\t\t\t\t<\/div>\n\t\t\t\t<div class=\"elementor-element elementor-element-e98f62f elementor-widget elementor-widget-text-editor\" data-id=\"e98f62f\" data-element_type=\"widget\" data-e-type=\"widget\" data-widget_type=\"text-editor.default\">\n\t\t\t\t<div class=\"elementor-widget-container\">\n\t\t\t\t\t\t\t\t\t<p>Es va construir a finals del segle I dC. per substituir les <em>tabernae<\/em> del f\u00f2rum. Era un edifici rectangular d&#8217;uns 30 x 23 metres. Allotjava catorze botigues, i estava envoltat, menys pel costat nord, per tres p\u00f2rtics de amplada diferent.<\/p>\t\t\t\t\t\t\t\t<\/div>\n\t\t\t\t<\/div>\n\t\t\t\t<div class=\"elementor-element elementor-element-5c061f1 elementor-widget elementor-widget-image\" data-id=\"5c061f1\" data-element_type=\"widget\" data-e-type=\"widget\" data-widget_type=\"image.default\">\n\t\t\t\t<div class=\"elementor-widget-container\">\n\t\t\t\t\t\t\t\t\t\t\t\t<figure class=\"wp-caption\">\n\t\t\t\t\t\t\t\t\t\t<img loading=\"lazy\" decoding=\"async\" width=\"768\" height=\"511\" src=\"https:\/\/www.elturistatranquil.com\/wp-content\/uploads\/F57-Baelo-Claudia-Cadiz.jpg\" class=\"attachment-large size-large wp-image-45728\" alt=\"Baelo Claudia, Cadiz\" srcset=\"https:\/\/www.elturistatranquil.com\/wp-content\/uploads\/F57-Baelo-Claudia-Cadiz.jpg 768w, https:\/\/www.elturistatranquil.com\/wp-content\/uploads\/F57-Baelo-Claudia-Cadiz-339x226.jpg 339w\" sizes=\"(max-width: 768px) 100vw, 768px\" \/>\t\t\t\t\t\t\t\t\t\t\t<figcaption class=\"widget-image-caption wp-caption-text\">Aquesta fotografia ens permet apreciar la qualitat de la senyalitzaci\u00f3 de qu\u00e8 s'ha dotat al recinte<\/figcaption>\n\t\t\t\t\t\t\t\t\t\t<\/figure>\n\t\t\t\t\t\t\t\t\t<\/div>\n\t\t\t\t<\/div>\n\t\t\t\t<div class=\"elementor-element elementor-element-a1a9afa elementor-widget elementor-widget-text-editor\" data-id=\"a1a9afa\" data-element_type=\"widget\" data-e-type=\"widget\" data-widget_type=\"text-editor.default\">\n\t\t\t\t<div class=\"elementor-widget-container\">\n\t\t\t\t\t\t\t\t\t<p>Vista des de la part posterior.<\/p>\t\t\t\t\t\t\t\t<\/div>\n\t\t\t\t<\/div>\n\t\t\t\t<div class=\"elementor-element elementor-element-03e1dac elementor-widget elementor-widget-image\" data-id=\"03e1dac\" data-element_type=\"widget\" data-e-type=\"widget\" data-widget_type=\"image.default\">\n\t\t\t\t<div class=\"elementor-widget-container\">\n\t\t\t\t\t\t\t\t\t\t\t\t<figure class=\"wp-caption\">\n\t\t\t\t\t\t\t\t\t\t<img loading=\"lazy\" decoding=\"async\" width=\"768\" height=\"512\" src=\"https:\/\/www.elturistatranquil.com\/wp-content\/uploads\/F58-Baelo-Claudia-Cadiz.jpg\" class=\"attachment-large size-large wp-image-45733\" alt=\"Baelo Claudia, Cadiz\" srcset=\"https:\/\/www.elturistatranquil.com\/wp-content\/uploads\/F58-Baelo-Claudia-Cadiz.jpg 768w, https:\/\/www.elturistatranquil.com\/wp-content\/uploads\/F58-Baelo-Claudia-Cadiz-339x226.jpg 339w\" sizes=\"(max-width: 768px) 100vw, 768px\" \/>\t\t\t\t\t\t\t\t\t\t\t<figcaption class=\"widget-image-caption wp-caption-text\"><\/figcaption>\n\t\t\t\t\t\t\t\t\t\t<\/figure>\n\t\t\t\t\t\t\t\t\t<\/div>\n\t\t\t\t<\/div>\n\t\t\t\t<div class=\"elementor-element elementor-element-9c3eed7 elementor-widget elementor-widget-text-editor\" data-id=\"9c3eed7\" data-element_type=\"widget\" data-e-type=\"widget\" data-widget_type=\"text-editor.default\">\n\t\t\t\t<div class=\"elementor-widget-container\">\n\t\t\t\t\t\t\t\t\t<p>De la cantonada del mercat partia un primer carrer que se l&#8217;anomena actualment com a cardo del mercat. A la fotografia, a la dreta l&#8217;interior del mercat.<\/p>\t\t\t\t\t\t\t\t<\/div>\n\t\t\t\t<\/div>\n\t\t\t\t<div class=\"elementor-element elementor-element-373b99d elementor-widget elementor-widget-image\" data-id=\"373b99d\" data-element_type=\"widget\" data-e-type=\"widget\" data-widget_type=\"image.default\">\n\t\t\t\t<div class=\"elementor-widget-container\">\n\t\t\t\t\t\t\t\t\t\t\t\t<figure class=\"wp-caption\">\n\t\t\t\t\t\t\t\t\t\t<img loading=\"lazy\" decoding=\"async\" width=\"768\" height=\"511\" src=\"https:\/\/www.elturistatranquil.com\/wp-content\/uploads\/F59-Baelo-Claudia-Cadiz.jpg\" class=\"attachment-large size-large wp-image-45735\" alt=\"Baelo Claudia, Cadiz\" srcset=\"https:\/\/www.elturistatranquil.com\/wp-content\/uploads\/F59-Baelo-Claudia-Cadiz.jpg 768w, https:\/\/www.elturistatranquil.com\/wp-content\/uploads\/F59-Baelo-Claudia-Cadiz-339x226.jpg 339w\" sizes=\"(max-width: 768px) 100vw, 768px\" \/>\t\t\t\t\t\t\t\t\t\t\t<figcaption class=\"widget-image-caption wp-caption-text\"><\/figcaption>\n\t\t\t\t\t\t\t\t\t\t<\/figure>\n\t\t\t\t\t\t\t\t\t<\/div>\n\t\t\t\t<\/div>\n\t\t\t\t<div class=\"elementor-element elementor-element-39bc243 elementor-widget elementor-widget-text-editor\" data-id=\"39bc243\" data-element_type=\"widget\" data-e-type=\"widget\" data-widget_type=\"text-editor.default\">\n\t\t\t\t<div class=\"elementor-widget-container\">\n\t\t\t\t\t\t\t\t\t<p>Va estar en \u00fas poc m\u00e9s d&#8217;un segle. Primer van ser abandonades les botigues interiors despr\u00e9s de l&#8217;esfondrament de les sostres a finals del segle II; despr\u00e9s el pati i per \u00faltim les botigues de la fa\u00e7ana, durant la segona meitat del segle III. Amb la part del darrere convertida en abocador, va romandre en ru\u00efnes fins a mitjans segle IV. Sobre l&#8217;antic mercat es van aixecar dues cases.<\/p>\t\t\t\t\t\t\t\t<\/div>\n\t\t\t\t<\/div>\n\t\t\t\t<div class=\"elementor-element elementor-element-f4e413f elementor-widget elementor-widget-heading\" data-id=\"f4e413f\" data-element_type=\"widget\" data-e-type=\"widget\" data-widget_type=\"heading.default\">\n\t\t\t\t<div class=\"elementor-widget-container\">\n\t\t\t\t\t<h4 class=\"elementor-heading-title elementor-size-default\">Cardus del mercat, cardus de les botigues i cardus del teatre<\/h4>\t\t\t\t<\/div>\n\t\t\t\t<\/div>\n\t\t\t\t<div class=\"elementor-element elementor-element-a03bd67 elementor-widget elementor-widget-text-editor\" data-id=\"a03bd67\" data-element_type=\"widget\" data-e-type=\"widget\" data-widget_type=\"text-editor.default\">\n\t\t\t\t<div class=\"elementor-widget-container\">\n\t\t\t\t\t\t\t\t\t<p>Seguint el decumano m\u00e0xim en direcci\u00f3 a ponent (<strong>5b<\/strong>) A partir del <strong>cardo del mercat<\/strong> parteixen dos carrers m\u00e9s en direcci\u00f3 al nord de la ciutat, on aquesta es va elevant cap a la muntanya.<\/p><p>En aquest tram es localitzaven cases (<em>domus<\/em>) i sobretot botigues (<em>tabernae<\/em>) amb galeries porxades (<em>porticus<\/em>). Aquestes tendes eren de petites dimensions i generalment constaven de dos pisos. A la planta inferior hi havia un taulell donant directament al p\u00f2rtic i una petita porta d&#8217;acc\u00e9s. La planta superior podia ser la zona d\u2019emmagatzematge i fins i tot l\u2019habitatge del comerciant.<\/p><p>El <strong>cardo de les botigues<\/strong> s&#8217;aprecia com una part poc excavada arqueol\u00f2gicament. La part final es correspon amb l&#8217;angle oriental del teatre.<\/p>\t\t\t\t\t\t\t\t<\/div>\n\t\t\t\t<\/div>\n\t\t\t\t<div class=\"elementor-element elementor-element-3dec309 elementor-widget elementor-widget-image\" data-id=\"3dec309\" data-element_type=\"widget\" data-e-type=\"widget\" data-widget_type=\"image.default\">\n\t\t\t\t<div class=\"elementor-widget-container\">\n\t\t\t\t\t\t\t\t\t\t\t\t<figure class=\"wp-caption\">\n\t\t\t\t\t\t\t\t\t\t<img loading=\"lazy\" decoding=\"async\" width=\"768\" height=\"511\" src=\"https:\/\/www.elturistatranquil.com\/wp-content\/uploads\/F60-Baelo-Claudia-Cadiz.jpg\" class=\"attachment-large size-large wp-image-45737\" alt=\"Baelo Claudia, Cadiz\" srcset=\"https:\/\/www.elturistatranquil.com\/wp-content\/uploads\/F60-Baelo-Claudia-Cadiz.jpg 768w, https:\/\/www.elturistatranquil.com\/wp-content\/uploads\/F60-Baelo-Claudia-Cadiz-339x226.jpg 339w\" sizes=\"(max-width: 768px) 100vw, 768px\" \/>\t\t\t\t\t\t\t\t\t\t\t<figcaption class=\"widget-image-caption wp-caption-text\"><\/figcaption>\n\t\t\t\t\t\t\t\t\t\t<\/figure>\n\t\t\t\t\t\t\t\t\t<\/div>\n\t\t\t\t<\/div>\n\t\t\t\t<div class=\"elementor-element elementor-element-bc0f9a5 elementor-widget elementor-widget-image\" data-id=\"bc0f9a5\" data-element_type=\"widget\" data-e-type=\"widget\" data-widget_type=\"image.default\">\n\t\t\t\t<div class=\"elementor-widget-container\">\n\t\t\t\t\t\t\t\t\t\t\t\t<figure class=\"wp-caption\">\n\t\t\t\t\t\t\t\t\t\t<img loading=\"lazy\" decoding=\"async\" width=\"768\" height=\"511\" src=\"https:\/\/www.elturistatranquil.com\/wp-content\/uploads\/F61-Baelo-Claudia-Cadiz.jpg\" class=\"attachment-large size-large wp-image-45739\" alt=\"Baelo Claudia, Cadiz\" srcset=\"https:\/\/www.elturistatranquil.com\/wp-content\/uploads\/F61-Baelo-Claudia-Cadiz.jpg 768w, https:\/\/www.elturistatranquil.com\/wp-content\/uploads\/F61-Baelo-Claudia-Cadiz-339x226.jpg 339w\" sizes=\"(max-width: 768px) 100vw, 768px\" \/>\t\t\t\t\t\t\t\t\t\t\t<figcaption class=\"widget-image-caption wp-caption-text\"><\/figcaption>\n\t\t\t\t\t\t\t\t\t\t<\/figure>\n\t\t\t\t\t\t\t\t\t<\/div>\n\t\t\t\t<\/div>\n\t\t\t\t<div class=\"elementor-element elementor-element-0b74cc1 elementor-widget elementor-widget-text-editor\" data-id=\"0b74cc1\" data-element_type=\"widget\" data-e-type=\"widget\" data-widget_type=\"text-editor.default\">\n\t\t\t\t<div class=\"elementor-widget-container\">\n\t\t\t\t\t\t\t\t\t<p>El carrer seg\u00fcent es correspon amb el <strong>cardo del teatre<\/strong>, que es dirigeix a la part central de l&#8217;edifici del teatre. Se l&#8217;observa com un carrer important atesa la seva amplada.<\/p>\t\t\t\t\t\t\t\t<\/div>\n\t\t\t\t<\/div>\n\t\t\t\t<div class=\"elementor-element elementor-element-a685681 elementor-widget elementor-widget-image\" data-id=\"a685681\" data-element_type=\"widget\" data-e-type=\"widget\" data-widget_type=\"image.default\">\n\t\t\t\t<div class=\"elementor-widget-container\">\n\t\t\t\t\t\t\t\t\t\t\t\t<figure class=\"wp-caption\">\n\t\t\t\t\t\t\t\t\t\t<img loading=\"lazy\" decoding=\"async\" width=\"768\" height=\"511\" src=\"https:\/\/www.elturistatranquil.com\/wp-content\/uploads\/F62-Baelo-Claudia-Cadiz.jpg\" class=\"attachment-large size-large wp-image-45744\" alt=\"Baelo Claudia, Cadiz\" srcset=\"https:\/\/www.elturistatranquil.com\/wp-content\/uploads\/F62-Baelo-Claudia-Cadiz.jpg 768w, https:\/\/www.elturistatranquil.com\/wp-content\/uploads\/F62-Baelo-Claudia-Cadiz-339x226.jpg 339w\" sizes=\"(max-width: 768px) 100vw, 768px\" \/>\t\t\t\t\t\t\t\t\t\t\t<figcaption class=\"widget-image-caption wp-caption-text\"><\/figcaption>\n\t\t\t\t\t\t\t\t\t\t<\/figure>\n\t\t\t\t\t\t\t\t\t<\/div>\n\t\t\t\t<\/div>\n\t\t\t\t<div class=\"elementor-element elementor-element-055f90f elementor-widget elementor-widget-image\" data-id=\"055f90f\" data-element_type=\"widget\" data-e-type=\"widget\" data-widget_type=\"image.default\">\n\t\t\t\t<div class=\"elementor-widget-container\">\n\t\t\t\t\t\t\t\t\t\t\t\t<figure class=\"wp-caption\">\n\t\t\t\t\t\t\t\t\t\t<img loading=\"lazy\" decoding=\"async\" width=\"768\" height=\"511\" src=\"https:\/\/www.elturistatranquil.com\/wp-content\/uploads\/F63-Baelo-Claudia-Cadiz.jpg\" class=\"attachment-large size-large wp-image-45746\" alt=\"Baelo Claudia, Cadiz\" srcset=\"https:\/\/www.elturistatranquil.com\/wp-content\/uploads\/F63-Baelo-Claudia-Cadiz.jpg 768w, https:\/\/www.elturistatranquil.com\/wp-content\/uploads\/F63-Baelo-Claudia-Cadiz-339x226.jpg 339w\" sizes=\"(max-width: 768px) 100vw, 768px\" \/>\t\t\t\t\t\t\t\t\t\t\t<figcaption class=\"widget-image-caption wp-caption-text\"><\/figcaption>\n\t\t\t\t\t\t\t\t\t\t<\/figure>\n\t\t\t\t\t\t\t\t\t<\/div>\n\t\t\t\t<\/div>\n\t\t\t\t<div class=\"elementor-element elementor-element-b764fd8 elementor-widget elementor-widget-text-editor\" data-id=\"b764fd8\" data-element_type=\"widget\" data-e-type=\"widget\" data-widget_type=\"text-editor.default\">\n\t\t\t\t<div class=\"elementor-widget-container\">\n\t\t\t\t\t\t\t\t\t<p>Arribem a la <strong>porta de Gades<\/strong> (Cadis) (<strong>21<\/strong>), final de la trama urbana interior.<\/p><p>Presenta un aspecte id\u00e8ntic a la base les torres que la porta oposada, la de Carteia. Correspon a la base de l&#8217;arcada d&#8217;entrada a trav\u00e9s de la muralla.<\/p>\t\t\t\t\t\t\t\t<\/div>\n\t\t\t\t<\/div>\n\t\t\t\t<div class=\"elementor-element elementor-element-5406905 elementor-widget elementor-widget-image\" data-id=\"5406905\" data-element_type=\"widget\" data-e-type=\"widget\" data-widget_type=\"image.default\">\n\t\t\t\t<div class=\"elementor-widget-container\">\n\t\t\t\t\t\t\t\t\t\t\t\t<figure class=\"wp-caption\">\n\t\t\t\t\t\t\t\t\t\t<img loading=\"lazy\" decoding=\"async\" width=\"768\" height=\"511\" src=\"https:\/\/www.elturistatranquil.com\/wp-content\/uploads\/F64-Baelo-Claudia-Cadiz.jpg\" class=\"attachment-large size-large wp-image-45748\" alt=\"Baelo Claudia, Cadiz\" srcset=\"https:\/\/www.elturistatranquil.com\/wp-content\/uploads\/F64-Baelo-Claudia-Cadiz.jpg 768w, https:\/\/www.elturistatranquil.com\/wp-content\/uploads\/F64-Baelo-Claudia-Cadiz-339x226.jpg 339w\" sizes=\"(max-width: 768px) 100vw, 768px\" \/>\t\t\t\t\t\t\t\t\t\t\t<figcaption class=\"widget-image-caption wp-caption-text\"><\/figcaption>\n\t\t\t\t\t\t\t\t\t\t<\/figure>\n\t\t\t\t\t\t\t\t\t<\/div>\n\t\t\t\t<\/div>\n\t\t\t\t<div class=\"elementor-element elementor-element-c4583fd elementor-widget elementor-widget-image\" data-id=\"c4583fd\" data-element_type=\"widget\" data-e-type=\"widget\" data-widget_type=\"image.default\">\n\t\t\t\t<div class=\"elementor-widget-container\">\n\t\t\t\t\t\t\t\t\t\t\t\t<figure class=\"wp-caption\">\n\t\t\t\t\t\t\t\t\t\t<img loading=\"lazy\" decoding=\"async\" width=\"768\" height=\"512\" src=\"https:\/\/www.elturistatranquil.com\/wp-content\/uploads\/F65-Baelo-Claudia-Cadiz.jpg\" class=\"attachment-large size-large wp-image-45750\" alt=\"Baelo Claudia, Cadiz\" srcset=\"https:\/\/www.elturistatranquil.com\/wp-content\/uploads\/F65-Baelo-Claudia-Cadiz.jpg 768w, https:\/\/www.elturistatranquil.com\/wp-content\/uploads\/F65-Baelo-Claudia-Cadiz-339x226.jpg 339w\" sizes=\"(max-width: 768px) 100vw, 768px\" \/>\t\t\t\t\t\t\t\t\t\t\t<figcaption class=\"widget-image-caption wp-caption-text\"><\/figcaption>\n\t\t\t\t\t\t\t\t\t\t<\/figure>\n\t\t\t\t\t\t\t\t\t<\/div>\n\t\t\t\t<\/div>\n\t\t\t\t<div class=\"elementor-element elementor-element-bb95dec elementor-widget elementor-widget-text-editor\" data-id=\"bb95dec\" data-element_type=\"widget\" data-e-type=\"widget\" data-widget_type=\"text-editor.default\">\n\t\t\t\t<div class=\"elementor-widget-container\">\n\t\t\t\t\t\t\t\t\t<p>Al recorregut pel decumano es poden observar diversos elements tallats en pedra.<\/p><p>Les restes d\u2019un gran capitell.<\/p>\t\t\t\t\t\t\t\t<\/div>\n\t\t\t\t<\/div>\n\t\t\t\t<div class=\"elementor-element elementor-element-04587ae elementor-widget elementor-widget-image\" data-id=\"04587ae\" data-element_type=\"widget\" data-e-type=\"widget\" data-widget_type=\"image.default\">\n\t\t\t\t<div class=\"elementor-widget-container\">\n\t\t\t\t\t\t\t\t\t\t\t\t<figure class=\"wp-caption\">\n\t\t\t\t\t\t\t\t\t\t<img loading=\"lazy\" decoding=\"async\" width=\"768\" height=\"511\" src=\"https:\/\/www.elturistatranquil.com\/wp-content\/uploads\/F66-Baelo-Claudia-Cadiz.jpg\" class=\"attachment-large size-large wp-image-45755\" alt=\"Baelo Claudia, Cadiz\" srcset=\"https:\/\/www.elturistatranquil.com\/wp-content\/uploads\/F66-Baelo-Claudia-Cadiz.jpg 768w, https:\/\/www.elturistatranquil.com\/wp-content\/uploads\/F66-Baelo-Claudia-Cadiz-339x226.jpg 339w\" sizes=\"(max-width: 768px) 100vw, 768px\" \/>\t\t\t\t\t\t\t\t\t\t\t<figcaption class=\"widget-image-caption wp-caption-text\"><\/figcaption>\n\t\t\t\t\t\t\t\t\t\t<\/figure>\n\t\t\t\t\t\t\t\t\t<\/div>\n\t\t\t\t<\/div>\n\t\t\t\t<div class=\"elementor-element elementor-element-036b97a elementor-widget elementor-widget-text-editor\" data-id=\"036b97a\" data-element_type=\"widget\" data-e-type=\"widget\" data-widget_type=\"text-editor.default\">\n\t\t\t\t<div class=\"elementor-widget-container\">\n\t\t\t\t\t\t\t\t\t<p>Tamb\u00e9 un<em> labrum<\/em> o pileta, d&#8217;unes termes del que se&#8217;n desconeix la ubicaci\u00f3.<\/p>\t\t\t\t\t\t\t\t<\/div>\n\t\t\t\t<\/div>\n\t\t\t\t<div class=\"elementor-element elementor-element-ee103dc elementor-widget elementor-widget-image\" data-id=\"ee103dc\" data-element_type=\"widget\" data-e-type=\"widget\" data-widget_type=\"image.default\">\n\t\t\t\t<div class=\"elementor-widget-container\">\n\t\t\t\t\t\t\t\t\t\t\t\t<figure class=\"wp-caption\">\n\t\t\t\t\t\t\t\t\t\t<img loading=\"lazy\" decoding=\"async\" width=\"768\" height=\"511\" src=\"https:\/\/www.elturistatranquil.com\/wp-content\/uploads\/F67-Baelo-Claudia-Cadiz.jpg\" class=\"attachment-large size-large wp-image-45757\" alt=\"Baelo Claudia, Cadiz\" srcset=\"https:\/\/www.elturistatranquil.com\/wp-content\/uploads\/F67-Baelo-Claudia-Cadiz.jpg 768w, https:\/\/www.elturistatranquil.com\/wp-content\/uploads\/F67-Baelo-Claudia-Cadiz-339x226.jpg 339w\" sizes=\"(max-width: 768px) 100vw, 768px\" \/>\t\t\t\t\t\t\t\t\t\t\t<figcaption class=\"widget-image-caption wp-caption-text\"><\/figcaption>\n\t\t\t\t\t\t\t\t\t\t<\/figure>\n\t\t\t\t\t\t\t\t\t<\/div>\n\t\t\t\t<\/div>\n\t\t\t\t<div class=\"elementor-element elementor-element-d4ec54b elementor-widget elementor-widget-heading\" data-id=\"d4ec54b\" data-element_type=\"widget\" data-e-type=\"widget\" data-widget_type=\"heading.default\">\n\t\t\t\t<div class=\"elementor-widget-container\">\n\t\t\t\t\t<h3 class=\"elementor-heading-title elementor-size-default\">Termes<\/h3>\t\t\t\t<\/div>\n\t\t\t\t<\/div>\n\t\t\t\t<div class=\"elementor-element elementor-element-5507bec elementor-widget elementor-widget-text-editor\" data-id=\"5507bec\" data-element_type=\"widget\" data-e-type=\"widget\" data-widget_type=\"text-editor.default\">\n\t\t\t\t<div class=\"elementor-widget-container\">\n\t\t\t\t\t\t\t\t\t<p>Adossada al cardo del teatre es van construir unes <strong>termes<\/strong> (<strong>22<\/strong>).<\/p><p>Com \u00e9s conegut, les termes complien una funci\u00f3 higi\u00e8nica al m\u00f3n rom\u00e0, per\u00f2 tamb\u00e9 eren un espai d&#8217;oci i d&#8217;esbarjo, de relaci\u00f3 amb els altres ciutadans, on es dialogava, es feia gimn\u00e0stica i es prenien banys. Estaven formades pel <em>tepidarium<\/em> o sala t\u00e8bia, la <em>cella soliaris<\/em>, on prenien un bany calent; finalment, una sala temperada per fer ablucions i prendre un bany fred al <em>frigidarium<\/em>. Tamb\u00e9 era usual que disposessin de la <em>palaestra<\/em>, un \u00e0mbit obert a l&#8217;aire lliure on practicar esport. La palestra podria haver estat situada a l&#8217;esplanada a ponent, des d&#8217;on s&#8217;observen actualment les termes.<\/p><p>A Baelo Claudia. aquestes termes es van construir sota el per\u00edode d&#8217;Adri\u00e0, a la primera meitat del segle II dC. i es van abandonar al segle IV d.C. Posteriorment van arribar fins i tot a utilitzar-se com a zona d&#8217;enterrament.<\/p><p>Es desconeix si van ser banys privats o p\u00fablics.<\/p><p>Sembla que hi va haver altres termes a la ciutat. Unes per sobre de la zona dels temples i altres a l&#8217;exterior, passat la riera de Las Villas, que passa per davant l&#8217;aquesta porta de Gades.<\/p>\t\t\t\t\t\t\t\t<\/div>\n\t\t\t\t<\/div>\n\t\t\t\t<div class=\"elementor-element elementor-element-2ff07fc elementor-widget elementor-widget-image\" data-id=\"2ff07fc\" data-element_type=\"widget\" data-e-type=\"widget\" data-widget_type=\"image.default\">\n\t\t\t\t<div class=\"elementor-widget-container\">\n\t\t\t\t\t\t\t\t\t\t\t\t<figure class=\"wp-caption\">\n\t\t\t\t\t\t\t\t\t\t<img loading=\"lazy\" decoding=\"async\" width=\"768\" height=\"512\" src=\"https:\/\/www.elturistatranquil.com\/wp-content\/uploads\/F68-Baelo-Claudia-Cadiz.jpg\" class=\"attachment-large size-large wp-image-45759\" alt=\"Baelo Claudia, Cadiz\" srcset=\"https:\/\/www.elturistatranquil.com\/wp-content\/uploads\/F68-Baelo-Claudia-Cadiz.jpg 768w, https:\/\/www.elturistatranquil.com\/wp-content\/uploads\/F68-Baelo-Claudia-Cadiz-339x226.jpg 339w\" sizes=\"(max-width: 768px) 100vw, 768px\" \/>\t\t\t\t\t\t\t\t\t\t\t<figcaption class=\"widget-image-caption wp-caption-text\"><\/figcaption>\n\t\t\t\t\t\t\t\t\t\t<\/figure>\n\t\t\t\t\t\t\t\t\t<\/div>\n\t\t\t\t<\/div>\n\t\t\t\t<div class=\"elementor-element elementor-element-fb74598 elementor-widget elementor-widget-image\" data-id=\"fb74598\" data-element_type=\"widget\" data-e-type=\"widget\" data-widget_type=\"image.default\">\n\t\t\t\t<div class=\"elementor-widget-container\">\n\t\t\t\t\t\t\t\t\t\t\t\t<figure class=\"wp-caption\">\n\t\t\t\t\t\t\t\t\t\t<img loading=\"lazy\" decoding=\"async\" width=\"768\" height=\"511\" src=\"https:\/\/www.elturistatranquil.com\/wp-content\/uploads\/F69-Baelo-Claudia-Cadiz.jpg\" class=\"attachment-large size-large wp-image-45761\" alt=\"Baelo Claudia, Cadiz\" srcset=\"https:\/\/www.elturistatranquil.com\/wp-content\/uploads\/F69-Baelo-Claudia-Cadiz.jpg 768w, https:\/\/www.elturistatranquil.com\/wp-content\/uploads\/F69-Baelo-Claudia-Cadiz-339x226.jpg 339w\" sizes=\"(max-width: 768px) 100vw, 768px\" \/>\t\t\t\t\t\t\t\t\t\t\t<figcaption class=\"widget-image-caption wp-caption-text\"><\/figcaption>\n\t\t\t\t\t\t\t\t\t\t<\/figure>\n\t\t\t\t\t\t\t\t\t<\/div>\n\t\t\t\t<\/div>\n\t\t\t\t<div class=\"elementor-element elementor-element-2ee1a2c elementor-widget elementor-widget-image\" data-id=\"2ee1a2c\" data-element_type=\"widget\" data-e-type=\"widget\" data-widget_type=\"image.default\">\n\t\t\t\t<div class=\"elementor-widget-container\">\n\t\t\t\t\t\t\t\t\t\t\t\t<figure class=\"wp-caption\">\n\t\t\t\t\t\t\t\t\t\t<img loading=\"lazy\" decoding=\"async\" width=\"768\" height=\"511\" src=\"https:\/\/www.elturistatranquil.com\/wp-content\/uploads\/F70-Baelo-Claudia-Cadiz.jpg\" class=\"attachment-large size-large wp-image-45766\" alt=\"Baelo Claudia, Cadiz\" srcset=\"https:\/\/www.elturistatranquil.com\/wp-content\/uploads\/F70-Baelo-Claudia-Cadiz.jpg 768w, https:\/\/www.elturistatranquil.com\/wp-content\/uploads\/F70-Baelo-Claudia-Cadiz-339x226.jpg 339w\" sizes=\"(max-width: 768px) 100vw, 768px\" \/>\t\t\t\t\t\t\t\t\t\t\t<figcaption class=\"widget-image-caption wp-caption-text\"><\/figcaption>\n\t\t\t\t\t\t\t\t\t\t<\/figure>\n\t\t\t\t\t\t\t\t\t<\/div>\n\t\t\t\t<\/div>\n\t\t\t\t<div class=\"elementor-element elementor-element-177c803 elementor-widget elementor-widget-image\" data-id=\"177c803\" data-element_type=\"widget\" data-e-type=\"widget\" data-widget_type=\"image.default\">\n\t\t\t\t<div class=\"elementor-widget-container\">\n\t\t\t\t\t\t\t\t\t\t\t\t<figure class=\"wp-caption\">\n\t\t\t\t\t\t\t\t\t\t<img loading=\"lazy\" decoding=\"async\" width=\"768\" height=\"511\" src=\"https:\/\/www.elturistatranquil.com\/wp-content\/uploads\/F71-Baelo-Claudia-Cadiz.jpg\" class=\"attachment-large size-large wp-image-45768\" alt=\"Baelo Claudia, Cadiz\" srcset=\"https:\/\/www.elturistatranquil.com\/wp-content\/uploads\/F71-Baelo-Claudia-Cadiz.jpg 768w, https:\/\/www.elturistatranquil.com\/wp-content\/uploads\/F71-Baelo-Claudia-Cadiz-339x226.jpg 339w\" sizes=\"(max-width: 768px) 100vw, 768px\" \/>\t\t\t\t\t\t\t\t\t\t\t<figcaption class=\"widget-image-caption wp-caption-text\"><\/figcaption>\n\t\t\t\t\t\t\t\t\t\t<\/figure>\n\t\t\t\t\t\t\t\t\t<\/div>\n\t\t\t\t<\/div>\n\t\t\t\t<div class=\"elementor-element elementor-element-705a81e elementor-widget elementor-widget-image\" data-id=\"705a81e\" data-element_type=\"widget\" data-e-type=\"widget\" data-widget_type=\"image.default\">\n\t\t\t\t<div class=\"elementor-widget-container\">\n\t\t\t\t\t\t\t\t\t\t\t\t<figure class=\"wp-caption\">\n\t\t\t\t\t\t\t\t\t\t<img loading=\"lazy\" decoding=\"async\" width=\"768\" height=\"511\" src=\"https:\/\/www.elturistatranquil.com\/wp-content\/uploads\/F72-Baelo-Claudia-Cadiz.jpg\" class=\"attachment-large size-large wp-image-45770\" alt=\"Baelo Claudia, Cadiz\" srcset=\"https:\/\/www.elturistatranquil.com\/wp-content\/uploads\/F72-Baelo-Claudia-Cadiz.jpg 768w, https:\/\/www.elturistatranquil.com\/wp-content\/uploads\/F72-Baelo-Claudia-Cadiz-339x226.jpg 339w\" sizes=\"(max-width: 768px) 100vw, 768px\" \/>\t\t\t\t\t\t\t\t\t\t\t<figcaption class=\"widget-image-caption wp-caption-text\"><\/figcaption>\n\t\t\t\t\t\t\t\t\t\t<\/figure>\n\t\t\t\t\t\t\t\t\t<\/div>\n\t\t\t\t<\/div>\n\t\t\t\t<div class=\"elementor-element elementor-element-f21a4b2 elementor-widget elementor-widget-image\" data-id=\"f21a4b2\" data-element_type=\"widget\" data-e-type=\"widget\" data-widget_type=\"image.default\">\n\t\t\t\t<div class=\"elementor-widget-container\">\n\t\t\t\t\t\t\t\t\t\t\t\t<figure class=\"wp-caption\">\n\t\t\t\t\t\t\t\t\t\t<img loading=\"lazy\" decoding=\"async\" width=\"768\" height=\"511\" src=\"https:\/\/www.elturistatranquil.com\/wp-content\/uploads\/F73-Baelo-Claudia-Cadiz.jpg\" class=\"attachment-large size-large wp-image-45772\" alt=\"Baelo Claudia, Cadiz\" srcset=\"https:\/\/www.elturistatranquil.com\/wp-content\/uploads\/F73-Baelo-Claudia-Cadiz.jpg 768w, https:\/\/www.elturistatranquil.com\/wp-content\/uploads\/F73-Baelo-Claudia-Cadiz-339x226.jpg 339w\" sizes=\"(max-width: 768px) 100vw, 768px\" \/>\t\t\t\t\t\t\t\t\t\t\t<figcaption class=\"widget-image-caption wp-caption-text\"><\/figcaption>\n\t\t\t\t\t\t\t\t\t\t<\/figure>\n\t\t\t\t\t\t\t\t\t<\/div>\n\t\t\t\t<\/div>\n\t\t\t\t<div class=\"elementor-element elementor-element-e64f6b9 elementor-widget elementor-widget-image\" data-id=\"e64f6b9\" data-element_type=\"widget\" data-e-type=\"widget\" data-widget_type=\"image.default\">\n\t\t\t\t<div class=\"elementor-widget-container\">\n\t\t\t\t\t\t\t\t\t\t\t\t<figure class=\"wp-caption\">\n\t\t\t\t\t\t\t\t\t\t<img loading=\"lazy\" decoding=\"async\" width=\"768\" height=\"511\" src=\"https:\/\/www.elturistatranquil.com\/wp-content\/uploads\/F74-Baelo-Claudia-Cadiz.jpg\" class=\"attachment-large size-large wp-image-45777\" alt=\"Baelo Claudia, Cadiz\" srcset=\"https:\/\/www.elturistatranquil.com\/wp-content\/uploads\/F74-Baelo-Claudia-Cadiz.jpg 768w, https:\/\/www.elturistatranquil.com\/wp-content\/uploads\/F74-Baelo-Claudia-Cadiz-339x226.jpg 339w\" sizes=\"(max-width: 768px) 100vw, 768px\" \/>\t\t\t\t\t\t\t\t\t\t\t<figcaption class=\"widget-image-caption wp-caption-text\"><\/figcaption>\n\t\t\t\t\t\t\t\t\t\t<\/figure>\n\t\t\t\t\t\t\t\t\t<\/div>\n\t\t\t\t<\/div>\n\t\t\t\t<div class=\"elementor-element elementor-element-bb2c662 elementor-widget elementor-widget-image\" data-id=\"bb2c662\" data-element_type=\"widget\" data-e-type=\"widget\" data-widget_type=\"image.default\">\n\t\t\t\t<div class=\"elementor-widget-container\">\n\t\t\t\t\t\t\t\t\t\t\t\t<figure class=\"wp-caption\">\n\t\t\t\t\t\t\t\t\t\t<img loading=\"lazy\" decoding=\"async\" width=\"768\" height=\"511\" src=\"https:\/\/www.elturistatranquil.com\/wp-content\/uploads\/F75-Baelo-Claudia-Cadiz.jpg\" class=\"attachment-large size-large wp-image-45779\" alt=\"Baelo Claudia, Cadiz\" srcset=\"https:\/\/www.elturistatranquil.com\/wp-content\/uploads\/F75-Baelo-Claudia-Cadiz.jpg 768w, https:\/\/www.elturistatranquil.com\/wp-content\/uploads\/F75-Baelo-Claudia-Cadiz-339x226.jpg 339w\" sizes=\"(max-width: 768px) 100vw, 768px\" \/>\t\t\t\t\t\t\t\t\t\t\t<figcaption class=\"widget-image-caption wp-caption-text\"><\/figcaption>\n\t\t\t\t\t\t\t\t\t\t<\/figure>\n\t\t\t\t\t\t\t\t\t<\/div>\n\t\t\t\t<\/div>\n\t\t\t\t<div class=\"elementor-element elementor-element-51e1daa elementor-widget elementor-widget-text-editor\" data-id=\"51e1daa\" data-element_type=\"widget\" data-e-type=\"widget\" data-widget_type=\"text-editor.default\">\n\t\t\t\t<div class=\"elementor-widget-container\">\n\t\t\t\t\t\t\t\t\t<p>Al recorregut cap al teatre s&#8217;observa la disposici\u00f3 d&#8217;aquestes l\u00e0pides que semblen procedir d&#8217;una necr\u00f2polis, per\u00f2 sobre les quals no es proporciona informaci\u00f3 i la seva col\u00b7locaci\u00f3 sembla arbitr\u00e0ria o est\u00e8tica.<\/p>\t\t\t\t\t\t\t\t<\/div>\n\t\t\t\t<\/div>\n\t\t\t\t<div class=\"elementor-element elementor-element-3bc31ca elementor-widget elementor-widget-image\" data-id=\"3bc31ca\" data-element_type=\"widget\" data-e-type=\"widget\" data-widget_type=\"image.default\">\n\t\t\t\t<div class=\"elementor-widget-container\">\n\t\t\t\t\t\t\t\t\t\t\t\t<figure class=\"wp-caption\">\n\t\t\t\t\t\t\t\t\t\t<img loading=\"lazy\" decoding=\"async\" width=\"768\" height=\"511\" src=\"https:\/\/www.elturistatranquil.com\/wp-content\/uploads\/F76-Baelo-Claudia-Cadiz.jpg\" class=\"attachment-large size-large wp-image-45781\" alt=\"Baelo Claudia, Cadiz\" srcset=\"https:\/\/www.elturistatranquil.com\/wp-content\/uploads\/F76-Baelo-Claudia-Cadiz.jpg 768w, https:\/\/www.elturistatranquil.com\/wp-content\/uploads\/F76-Baelo-Claudia-Cadiz-339x226.jpg 339w\" sizes=\"(max-width: 768px) 100vw, 768px\" \/>\t\t\t\t\t\t\t\t\t\t\t<figcaption class=\"widget-image-caption wp-caption-text\"><\/figcaption>\n\t\t\t\t\t\t\t\t\t\t<\/figure>\n\t\t\t\t\t\t\t\t\t<\/div>\n\t\t\t\t<\/div>\n\t\t\t\t<div class=\"elementor-element elementor-element-aaf1eb2 elementor-widget elementor-widget-heading\" data-id=\"aaf1eb2\" data-element_type=\"widget\" data-e-type=\"widget\" data-widget_type=\"heading.default\">\n\t\t\t\t<div class=\"elementor-widget-container\">\n\t\t\t\t\t<h3 class=\"elementor-heading-title elementor-size-default\">Teatre<\/h3>\t\t\t\t<\/div>\n\t\t\t\t<\/div>\n\t\t\t\t<div class=\"elementor-element elementor-element-6cf06e3 elementor-widget elementor-widget-text-editor\" data-id=\"6cf06e3\" data-element_type=\"widget\" data-e-type=\"widget\" data-widget_type=\"text-editor.default\">\n\t\t\t\t<div class=\"elementor-widget-container\">\n\t\t\t\t\t\t\t\t\t<p>Pujant pel cardo del teatre arribarem a la part central de l&#8217;edifici de l&#8217;escenari del teatre. El mur havia de ser de gran monumentalitat des d&#8217;aquesta perspectiva.<\/p>\t\t\t\t\t\t\t\t<\/div>\n\t\t\t\t<\/div>\n\t\t\t\t<div class=\"elementor-element elementor-element-8c27a7f elementor-widget elementor-widget-image\" data-id=\"8c27a7f\" data-element_type=\"widget\" data-e-type=\"widget\" data-widget_type=\"image.default\">\n\t\t\t\t<div class=\"elementor-widget-container\">\n\t\t\t\t\t\t\t\t\t\t\t\t<figure class=\"wp-caption\">\n\t\t\t\t\t\t\t\t\t\t<img loading=\"lazy\" decoding=\"async\" width=\"768\" height=\"511\" src=\"https:\/\/www.elturistatranquil.com\/wp-content\/uploads\/F77-Teatro-de-Baelo-Claudia-Cadiz-Google-earth-2023-03-12.jpg\" class=\"attachment-large size-large wp-image-45783\" alt=\"Teatro de Baelo Claudia, Cadiz (Google -earth 2023-03-12)\" srcset=\"https:\/\/www.elturistatranquil.com\/wp-content\/uploads\/F77-Teatro-de-Baelo-Claudia-Cadiz-Google-earth-2023-03-12.jpg 768w, https:\/\/www.elturistatranquil.com\/wp-content\/uploads\/F77-Teatro-de-Baelo-Claudia-Cadiz-Google-earth-2023-03-12-339x226.jpg 339w\" sizes=\"(max-width: 768px) 100vw, 768px\" \/>\t\t\t\t\t\t\t\t\t\t\t<figcaption class=\"widget-image-caption wp-caption-text\">(Google earth 2023-03-12)<\/figcaption>\n\t\t\t\t\t\t\t\t\t\t<\/figure>\n\t\t\t\t\t\t\t\t\t<\/div>\n\t\t\t\t<\/div>\n\t\t\t\t<div class=\"elementor-element elementor-element-e62aac5 elementor-widget elementor-widget-image\" data-id=\"e62aac5\" data-element_type=\"widget\" data-e-type=\"widget\" data-widget_type=\"image.default\">\n\t\t\t\t<div class=\"elementor-widget-container\">\n\t\t\t\t\t\t\t\t\t\t\t\t<figure class=\"wp-caption\">\n\t\t\t\t\t\t\t\t\t\t<img loading=\"lazy\" decoding=\"async\" width=\"768\" height=\"511\" src=\"https:\/\/www.elturistatranquil.com\/wp-content\/uploads\/F78-Baelo-Claudia-Cadiz.jpg\" class=\"attachment-large size-large wp-image-45785\" alt=\"Teatro de Baelo Claudia, Cadiz\" srcset=\"https:\/\/www.elturistatranquil.com\/wp-content\/uploads\/F78-Baelo-Claudia-Cadiz.jpg 768w, https:\/\/www.elturistatranquil.com\/wp-content\/uploads\/F78-Baelo-Claudia-Cadiz-339x226.jpg 339w\" sizes=\"(max-width: 768px) 100vw, 768px\" \/>\t\t\t\t\t\t\t\t\t\t\t<figcaption class=\"widget-image-caption wp-caption-text\"><\/figcaption>\n\t\t\t\t\t\t\t\t\t\t<\/figure>\n\t\t\t\t\t\t\t\t\t<\/div>\n\t\t\t\t<\/div>\n\t\t\t\t<div class=\"elementor-element elementor-element-c113706 elementor-widget elementor-widget-image\" data-id=\"c113706\" data-element_type=\"widget\" data-e-type=\"widget\" data-widget_type=\"image.default\">\n\t\t\t\t<div class=\"elementor-widget-container\">\n\t\t\t\t\t\t\t\t\t\t\t\t<figure class=\"wp-caption\">\n\t\t\t\t\t\t\t\t\t\t<img loading=\"lazy\" decoding=\"async\" width=\"768\" height=\"511\" src=\"https:\/\/www.elturistatranquil.com\/wp-content\/uploads\/F79-Teatro-de-Baelo-Claudia-Cadiz.jpg\" class=\"attachment-large size-large wp-image-45787\" alt=\"Teatro de Baelo Claudia, Cadiz\" srcset=\"https:\/\/www.elturistatranquil.com\/wp-content\/uploads\/F79-Teatro-de-Baelo-Claudia-Cadiz.jpg 768w, https:\/\/www.elturistatranquil.com\/wp-content\/uploads\/F79-Teatro-de-Baelo-Claudia-Cadiz-339x226.jpg 339w\" sizes=\"(max-width: 768px) 100vw, 768px\" \/>\t\t\t\t\t\t\t\t\t\t\t<figcaption class=\"widget-image-caption wp-caption-text\"><\/figcaption>\n\t\t\t\t\t\t\t\t\t\t<\/figure>\n\t\t\t\t\t\t\t\t\t<\/div>\n\t\t\t\t<\/div>\n\t\t\t\t<div class=\"elementor-element elementor-element-157b676 elementor-widget elementor-widget-text-editor\" data-id=\"157b676\" data-element_type=\"widget\" data-e-type=\"widget\" data-widget_type=\"text-editor.default\">\n\t\t\t\t<div class=\"elementor-widget-container\">\n\t\t\t\t\t\t\t\t\t<p>Ens haurem de conformar amb visualitzar-lo des de l&#8217;exterior, ja que no es permet l&#8217;acc\u00e9s al recinte.<\/p><p>La comparaci\u00f3 de fotografies mostra l&#8217;estat abans i despr\u00e9s de la recuperaci\u00f3 arqueol\u00f2gica.<\/p>\t\t\t\t\t\t\t\t<\/div>\n\t\t\t\t<\/div>\n\t\t\t\t<div class=\"elementor-element elementor-element-e9b0fc8 elementor-widget elementor-widget-image\" data-id=\"e9b0fc8\" data-element_type=\"widget\" data-e-type=\"widget\" data-widget_type=\"image.default\">\n\t\t\t\t<div class=\"elementor-widget-container\">\n\t\t\t\t\t\t\t\t\t\t\t\t<figure class=\"wp-caption\">\n\t\t\t\t\t\t\t\t\t\t<img loading=\"lazy\" decoding=\"async\" width=\"768\" height=\"511\" src=\"https:\/\/www.elturistatranquil.com\/wp-content\/uploads\/F81-Teatro-de-Baelo-Claudia-Cadiz.jpg\" class=\"attachment-large size-large wp-image-45789\" alt=\"Teatro de Baelo Claudia, Cadiz\" srcset=\"https:\/\/www.elturistatranquil.com\/wp-content\/uploads\/F81-Teatro-de-Baelo-Claudia-Cadiz.jpg 768w, https:\/\/www.elturistatranquil.com\/wp-content\/uploads\/F81-Teatro-de-Baelo-Claudia-Cadiz-339x226.jpg 339w\" sizes=\"(max-width: 768px) 100vw, 768px\" \/>\t\t\t\t\t\t\t\t\t\t\t<figcaption class=\"widget-image-caption wp-caption-text\"><\/figcaption>\n\t\t\t\t\t\t\t\t\t\t<\/figure>\n\t\t\t\t\t\t\t\t\t<\/div>\n\t\t\t\t<\/div>\n\t\t\t\t<div class=\"elementor-element elementor-element-f69fb83 elementor-widget elementor-widget-text-editor\" data-id=\"f69fb83\" data-element_type=\"widget\" data-e-type=\"widget\" data-widget_type=\"text-editor.default\">\n\t\t\t\t<div class=\"elementor-widget-container\">\n\t\t\t\t\t\t\t\t\t<p>El <strong>teatre<\/strong> (<strong>23<\/strong>) \u00e9s l\u00b4edifici m\u00e9s monumental de la ciutat. Es va ubicar dins del recinte urb\u00e0 a la zona de m\u00e9s desnivell, de cara al mar, just a la l\u00ednia entre la ciutat alta i la ciutat baixa. Apartat del centre monumental, prop de la muralla oest, integrant-se plenament al tra\u00e7at ortogonal de la ciutat, ja que el seu eix de simetria correspon amb tota exactitud amb l&#8217;eix d&#8217;un cardo, i la fa\u00e7ana discorre paral\u00b7lela al decumano.<\/p><p>Amb tota probabilitat es va buscar el lloc apropiat per aprofitar el pendent natural del terreny i inserir la graderia, pr\u00e0ctica habitual a l&#8217;arquitectura romana.<\/p><p>Es va construir entre els anys 60-70 dC., a finals de l&#8217;\u00e8poca de Ner\u00f3 o a principis de la de Vespasi\u00e0. Va ser abandonat al segle III i despr\u00e9s ocupat de nou per habitatges i per una necr\u00f2polis cristiana, des de mitjans del segle IV fins al VII.<\/p><p>De forma semicircular t\u00e9 un di\u00e0metre d&#8217;uns 70 metres.<\/p>\t\t\t\t\t\t\t\t<\/div>\n\t\t\t\t<\/div>\n\t\t\t\t<div class=\"elementor-element elementor-element-ca300b7 elementor-widget elementor-widget-image\" data-id=\"ca300b7\" data-element_type=\"widget\" data-e-type=\"widget\" data-widget_type=\"image.default\">\n\t\t\t\t<div class=\"elementor-widget-container\">\n\t\t\t\t\t\t\t\t\t\t\t\t<figure class=\"wp-caption\">\n\t\t\t\t\t\t\t\t\t\t<img loading=\"lazy\" decoding=\"async\" width=\"768\" height=\"512\" src=\"https:\/\/www.elturistatranquil.com\/wp-content\/uploads\/F82-Teatro-de-Baelo-Claudia-Cadiz.jpg\" class=\"attachment-large size-large wp-image-45791\" alt=\"Teatro de Baelo Claudia, Cadiz\" srcset=\"https:\/\/www.elturistatranquil.com\/wp-content\/uploads\/F82-Teatro-de-Baelo-Claudia-Cadiz.jpg 768w, https:\/\/www.elturistatranquil.com\/wp-content\/uploads\/F82-Teatro-de-Baelo-Claudia-Cadiz-339x226.jpg 339w\" sizes=\"(max-width: 768px) 100vw, 768px\" \/>\t\t\t\t\t\t\t\t\t\t\t<figcaption class=\"widget-image-caption wp-caption-text\"><\/figcaption>\n\t\t\t\t\t\t\t\t\t\t<\/figure>\n\t\t\t\t\t\t\t\t\t<\/div>\n\t\t\t\t<\/div>\n\t\t\t\t<div class=\"elementor-element elementor-element-98cde03 elementor-widget elementor-widget-text-editor\" data-id=\"98cde03\" data-element_type=\"widget\" data-e-type=\"widget\" data-widget_type=\"text-editor.default\">\n\t\t\t\t<div class=\"elementor-widget-container\">\n\t\t\t\t\t\t\t\t\t<p>El mur exterior presenta nou entrades voltades que donen acc\u00e9s als diferents nivells de la graderia (<em>cavea<\/em>). El p\u00fablic accedia a les diferents zones segons la condici\u00f3 social a trav\u00e9s de portes o <em>vomit\u00f2ria<\/em>.<\/p><p>L&#8217;<em>orchestra<\/em> era accessible des de les portes laterals. Estava limitada al sud per l&#8217;escenari, construcci\u00f3 rectangular que es recolzava a les <em>parascaenia<\/em> o vest\u00edbuls laterals. El <em>pulpitum<\/em> separa l&#8217;orchestra de l&#8217;escenari i estava revestit de marbre i estucs pintats. El mur de l&#8217;escena, <em>scaena<\/em>, tenia cinc portes que facilitaven el moviment dels actors.<\/p>\t\t\t\t\t\t\t\t<\/div>\n\t\t\t\t<\/div>\n\t\t\t\t<div class=\"elementor-element elementor-element-ad5fea8 elementor-widget elementor-widget-image\" data-id=\"ad5fea8\" data-element_type=\"widget\" data-e-type=\"widget\" data-widget_type=\"image.default\">\n\t\t\t\t<div class=\"elementor-widget-container\">\n\t\t\t\t\t\t\t\t\t\t\t\t<figure class=\"wp-caption\">\n\t\t\t\t\t\t\t\t\t\t<img loading=\"lazy\" decoding=\"async\" width=\"768\" height=\"512\" src=\"https:\/\/www.elturistatranquil.com\/wp-content\/uploads\/F83-Teatro-de-Baelo-Claudia-Cadiz.jpg\" class=\"attachment-large size-large wp-image-45796\" alt=\"Teatro de Baelo Claudia, Cadiz\" srcset=\"https:\/\/www.elturistatranquil.com\/wp-content\/uploads\/F83-Teatro-de-Baelo-Claudia-Cadiz.jpg 768w, https:\/\/www.elturistatranquil.com\/wp-content\/uploads\/F83-Teatro-de-Baelo-Claudia-Cadiz-339x226.jpg 339w\" sizes=\"(max-width: 768px) 100vw, 768px\" \/>\t\t\t\t\t\t\t\t\t\t\t<figcaption class=\"widget-image-caption wp-caption-text\"><\/figcaption>\n\t\t\t\t\t\t\t\t\t\t<\/figure>\n\t\t\t\t\t\t\t\t\t<\/div>\n\t\t\t\t<\/div>\n\t\t\t\t<div class=\"elementor-element elementor-element-64866bc elementor-widget elementor-widget-text-editor\" data-id=\"64866bc\" data-element_type=\"widget\" data-e-type=\"widget\" data-widget_type=\"text-editor.default\">\n\t\t\t\t<div class=\"elementor-widget-container\">\n\t\t\t\t\t\t\t\t\t<p>El teatre est\u00e0 condicionat actualment amb unes grades desmuntables que permeten poder fer espectacles.<\/p>\t\t\t\t\t\t\t\t<\/div>\n\t\t\t\t<\/div>\n\t\t\t\t<div class=\"elementor-element elementor-element-83ec083 elementor-widget elementor-widget-image\" data-id=\"83ec083\" data-element_type=\"widget\" data-e-type=\"widget\" data-widget_type=\"image.default\">\n\t\t\t\t<div class=\"elementor-widget-container\">\n\t\t\t\t\t\t\t\t\t\t\t\t<figure class=\"wp-caption\">\n\t\t\t\t\t\t\t\t\t\t<img loading=\"lazy\" decoding=\"async\" width=\"768\" height=\"511\" src=\"https:\/\/www.elturistatranquil.com\/wp-content\/uploads\/F84-Teatro-de-Baelo-Claudia-Cadiz.jpg\" class=\"attachment-large size-large wp-image-45798\" alt=\"Teatro de Baelo Claudia, Cadiz\" srcset=\"https:\/\/www.elturistatranquil.com\/wp-content\/uploads\/F84-Teatro-de-Baelo-Claudia-Cadiz.jpg 768w, https:\/\/www.elturistatranquil.com\/wp-content\/uploads\/F84-Teatro-de-Baelo-Claudia-Cadiz-339x226.jpg 339w\" sizes=\"(max-width: 768px) 100vw, 768px\" \/>\t\t\t\t\t\t\t\t\t\t\t<figcaption class=\"widget-image-caption wp-caption-text\"><\/figcaption>\n\t\t\t\t\t\t\t\t\t\t<\/figure>\n\t\t\t\t\t\t\t\t\t<\/div>\n\t\t\t\t<\/div>\n\t\t\t\t<div class=\"elementor-element elementor-element-3820b8a elementor-widget elementor-widget-image\" data-id=\"3820b8a\" data-element_type=\"widget\" data-e-type=\"widget\" data-widget_type=\"image.default\">\n\t\t\t\t<div class=\"elementor-widget-container\">\n\t\t\t\t\t\t\t\t\t\t\t\t<figure class=\"wp-caption\">\n\t\t\t\t\t\t\t\t\t\t<img loading=\"lazy\" decoding=\"async\" width=\"768\" height=\"512\" src=\"https:\/\/www.elturistatranquil.com\/wp-content\/uploads\/F85-Teatro-de-Baelo-Claudia-Cadiz.jpg\" class=\"attachment-large size-large wp-image-45800\" alt=\"Teatro de Baelo Claudia, Cadiz\" srcset=\"https:\/\/www.elturistatranquil.com\/wp-content\/uploads\/F85-Teatro-de-Baelo-Claudia-Cadiz.jpg 768w, https:\/\/www.elturistatranquil.com\/wp-content\/uploads\/F85-Teatro-de-Baelo-Claudia-Cadiz-339x226.jpg 339w\" sizes=\"(max-width: 768px) 100vw, 768px\" \/>\t\t\t\t\t\t\t\t\t\t\t<figcaption class=\"widget-image-caption wp-caption-text\"><\/figcaption>\n\t\t\t\t\t\t\t\t\t\t<\/figure>\n\t\t\t\t\t\t\t\t\t<\/div>\n\t\t\t\t<\/div>\n\t\t\t\t<div class=\"elementor-element elementor-element-a1b0ed9 elementor-widget elementor-widget-image\" data-id=\"a1b0ed9\" data-element_type=\"widget\" data-e-type=\"widget\" data-widget_type=\"image.default\">\n\t\t\t\t<div class=\"elementor-widget-container\">\n\t\t\t\t\t\t\t\t\t\t\t\t<figure class=\"wp-caption\">\n\t\t\t\t\t\t\t\t\t\t<img loading=\"lazy\" decoding=\"async\" width=\"768\" height=\"511\" src=\"https:\/\/www.elturistatranquil.com\/wp-content\/uploads\/F86-Teatro-de-Baelo-Claudia-Cadiz.jpg\" class=\"attachment-large size-large wp-image-45802\" alt=\"Teatro de Baelo Claudia, Cadiz\" srcset=\"https:\/\/www.elturistatranquil.com\/wp-content\/uploads\/F86-Teatro-de-Baelo-Claudia-Cadiz.jpg 768w, https:\/\/www.elturistatranquil.com\/wp-content\/uploads\/F86-Teatro-de-Baelo-Claudia-Cadiz-339x226.jpg 339w\" sizes=\"(max-width: 768px) 100vw, 768px\" \/>\t\t\t\t\t\t\t\t\t\t\t<figcaption class=\"widget-image-caption wp-caption-text\"><\/figcaption>\n\t\t\t\t\t\t\t\t\t\t<\/figure>\n\t\t\t\t\t\t\t\t\t<\/div>\n\t\t\t\t<\/div>\n\t\t\t\t<div class=\"elementor-element elementor-element-14c5300 elementor-widget elementor-widget-image\" data-id=\"14c5300\" data-element_type=\"widget\" data-e-type=\"widget\" data-widget_type=\"image.default\">\n\t\t\t\t<div class=\"elementor-widget-container\">\n\t\t\t\t\t\t\t\t\t\t\t\t<figure class=\"wp-caption\">\n\t\t\t\t\t\t\t\t\t\t<img loading=\"lazy\" decoding=\"async\" width=\"768\" height=\"511\" src=\"https:\/\/www.elturistatranquil.com\/wp-content\/uploads\/F87-Teatro-de-Baelo-Claudia-Cadiz.jpg\" class=\"attachment-large size-large wp-image-45807\" alt=\"Teatro de Baelo Claudia, Cadiz\" srcset=\"https:\/\/www.elturistatranquil.com\/wp-content\/uploads\/F87-Teatro-de-Baelo-Claudia-Cadiz.jpg 768w, https:\/\/www.elturistatranquil.com\/wp-content\/uploads\/F87-Teatro-de-Baelo-Claudia-Cadiz-339x226.jpg 339w\" sizes=\"(max-width: 768px) 100vw, 768px\" \/>\t\t\t\t\t\t\t\t\t\t\t<figcaption class=\"widget-image-caption wp-caption-text\"><\/figcaption>\n\t\t\t\t\t\t\t\t\t\t<\/figure>\n\t\t\t\t\t\t\t\t\t<\/div>\n\t\t\t\t<\/div>\n\t\t\t\t<div class=\"elementor-element elementor-element-fe12fce elementor-widget elementor-widget-image\" data-id=\"fe12fce\" data-element_type=\"widget\" data-e-type=\"widget\" data-widget_type=\"image.default\">\n\t\t\t\t<div class=\"elementor-widget-container\">\n\t\t\t\t\t\t\t\t\t\t\t\t<figure class=\"wp-caption\">\n\t\t\t\t\t\t\t\t\t\t<img loading=\"lazy\" decoding=\"async\" width=\"768\" height=\"512\" src=\"https:\/\/www.elturistatranquil.com\/wp-content\/uploads\/F88-Teatro-de-Baelo-Claudia-Cadiz.jpg\" class=\"attachment-large size-large wp-image-45809\" alt=\"Teatro de Baelo Claudia, Cadiz\" srcset=\"https:\/\/www.elturistatranquil.com\/wp-content\/uploads\/F88-Teatro-de-Baelo-Claudia-Cadiz.jpg 768w, https:\/\/www.elturistatranquil.com\/wp-content\/uploads\/F88-Teatro-de-Baelo-Claudia-Cadiz-339x226.jpg 339w\" sizes=\"(max-width: 768px) 100vw, 768px\" \/>\t\t\t\t\t\t\t\t\t\t\t<figcaption class=\"widget-image-caption wp-caption-text\"><\/figcaption>\n\t\t\t\t\t\t\t\t\t\t<\/figure>\n\t\t\t\t\t\t\t\t\t<\/div>\n\t\t\t\t<\/div>\n\t\t\t\t<div class=\"elementor-element elementor-element-ca1a079 elementor-widget elementor-widget-image\" data-id=\"ca1a079\" data-element_type=\"widget\" data-e-type=\"widget\" data-widget_type=\"image.default\">\n\t\t\t\t<div class=\"elementor-widget-container\">\n\t\t\t\t\t\t\t\t\t\t\t\t<figure class=\"wp-caption\">\n\t\t\t\t\t\t\t\t\t\t<img loading=\"lazy\" decoding=\"async\" width=\"768\" height=\"511\" src=\"https:\/\/www.elturistatranquil.com\/wp-content\/uploads\/F89-Teatro-de-Baelo-Claudia-Cadiz.jpg\" class=\"attachment-large size-large wp-image-45811\" alt=\"Teatro de Baelo Claudia, Cadiz\" srcset=\"https:\/\/www.elturistatranquil.com\/wp-content\/uploads\/F89-Teatro-de-Baelo-Claudia-Cadiz.jpg 768w, https:\/\/www.elturistatranquil.com\/wp-content\/uploads\/F89-Teatro-de-Baelo-Claudia-Cadiz-339x226.jpg 339w\" sizes=\"(max-width: 768px) 100vw, 768px\" \/>\t\t\t\t\t\t\t\t\t\t\t<figcaption class=\"widget-image-caption wp-caption-text\"><\/figcaption>\n\t\t\t\t\t\t\t\t\t\t<\/figure>\n\t\t\t\t\t\t\t\t\t<\/div>\n\t\t\t\t<\/div>\n\t\t\t\t<div class=\"elementor-element elementor-element-1286ba3 elementor-widget elementor-widget-image\" data-id=\"1286ba3\" data-element_type=\"widget\" data-e-type=\"widget\" data-widget_type=\"image.default\">\n\t\t\t\t<div class=\"elementor-widget-container\">\n\t\t\t\t\t\t\t\t\t\t\t\t<figure class=\"wp-caption\">\n\t\t\t\t\t\t\t\t\t\t<img loading=\"lazy\" decoding=\"async\" width=\"768\" height=\"511\" src=\"https:\/\/www.elturistatranquil.com\/wp-content\/uploads\/F90-Teatro-de-Baelo-Claudia-Cadiz.jpg\" class=\"attachment-large size-large wp-image-45813\" alt=\"Teatro de Baelo Claudia, Cadiz\" srcset=\"https:\/\/www.elturistatranquil.com\/wp-content\/uploads\/F90-Teatro-de-Baelo-Claudia-Cadiz.jpg 768w, https:\/\/www.elturistatranquil.com\/wp-content\/uploads\/F90-Teatro-de-Baelo-Claudia-Cadiz-339x226.jpg 339w\" sizes=\"(max-width: 768px) 100vw, 768px\" \/>\t\t\t\t\t\t\t\t\t\t\t<figcaption class=\"widget-image-caption wp-caption-text\"><\/figcaption>\n\t\t\t\t\t\t\t\t\t\t<\/figure>\n\t\t\t\t\t\t\t\t\t<\/div>\n\t\t\t\t<\/div>\n\t\t\t\t<div class=\"elementor-element elementor-element-9e3dbed elementor-widget elementor-widget-image\" data-id=\"9e3dbed\" data-element_type=\"widget\" data-e-type=\"widget\" data-widget_type=\"image.default\">\n\t\t\t\t<div class=\"elementor-widget-container\">\n\t\t\t\t\t\t\t\t\t\t\t\t<figure class=\"wp-caption\">\n\t\t\t\t\t\t\t\t\t\t<img loading=\"lazy\" decoding=\"async\" width=\"768\" height=\"511\" src=\"https:\/\/www.elturistatranquil.com\/wp-content\/uploads\/F91-Teatro-de-Baelo-Claudia-Cadiz.jpg\" class=\"attachment-large size-large wp-image-45818\" alt=\"Teatro de Baelo Claudia, Cadiz\" srcset=\"https:\/\/www.elturistatranquil.com\/wp-content\/uploads\/F91-Teatro-de-Baelo-Claudia-Cadiz.jpg 768w, https:\/\/www.elturistatranquil.com\/wp-content\/uploads\/F91-Teatro-de-Baelo-Claudia-Cadiz-339x226.jpg 339w\" sizes=\"(max-width: 768px) 100vw, 768px\" \/>\t\t\t\t\t\t\t\t\t\t\t<figcaption class=\"widget-image-caption wp-caption-text\"><\/figcaption>\n\t\t\t\t\t\t\t\t\t\t<\/figure>\n\t\t\t\t\t\t\t\t\t<\/div>\n\t\t\t\t<\/div>\n\t\t\t\t<div class=\"elementor-element elementor-element-84046e5 elementor-widget elementor-widget-text-editor\" data-id=\"84046e5\" data-element_type=\"widget\" data-e-type=\"widget\" data-widget_type=\"text-editor.default\">\n\t\t\t\t<div class=\"elementor-widget-container\">\n\t\t\t\t\t\t\t\t\t<p>Observant els detalls del conjunt podem veure imatges com ara el tallat de les peces de roca, o mostres del formig\u00f3 rom\u00e0.<\/p>\t\t\t\t\t\t\t\t<\/div>\n\t\t\t\t<\/div>\n\t\t\t\t<div class=\"elementor-element elementor-element-a38f1f5 elementor-widget elementor-widget-image\" data-id=\"a38f1f5\" data-element_type=\"widget\" data-e-type=\"widget\" data-widget_type=\"image.default\">\n\t\t\t\t<div class=\"elementor-widget-container\">\n\t\t\t\t\t\t\t\t\t\t\t\t<figure class=\"wp-caption\">\n\t\t\t\t\t\t\t\t\t\t<img loading=\"lazy\" decoding=\"async\" width=\"768\" height=\"512\" src=\"https:\/\/www.elturistatranquil.com\/wp-content\/uploads\/F92-Teatro-de-Baelo-Claudia-Cadiz.jpg\" class=\"attachment-large size-large wp-image-45820\" alt=\"Teatro de Baelo Claudia, Cadiz\" srcset=\"https:\/\/www.elturistatranquil.com\/wp-content\/uploads\/F92-Teatro-de-Baelo-Claudia-Cadiz.jpg 768w, https:\/\/www.elturistatranquil.com\/wp-content\/uploads\/F92-Teatro-de-Baelo-Claudia-Cadiz-339x226.jpg 339w\" sizes=\"(max-width: 768px) 100vw, 768px\" \/>\t\t\t\t\t\t\t\t\t\t\t<figcaption class=\"widget-image-caption wp-caption-text\"><\/figcaption>\n\t\t\t\t\t\t\t\t\t\t<\/figure>\n\t\t\t\t\t\t\t\t\t<\/div>\n\t\t\t\t<\/div>\n\t\t\t\t<div class=\"elementor-element elementor-element-32da482 elementor-widget elementor-widget-image\" data-id=\"32da482\" data-element_type=\"widget\" data-e-type=\"widget\" data-widget_type=\"image.default\">\n\t\t\t\t<div class=\"elementor-widget-container\">\n\t\t\t\t\t\t\t\t\t\t\t\t<figure class=\"wp-caption\">\n\t\t\t\t\t\t\t\t\t\t<img loading=\"lazy\" decoding=\"async\" width=\"768\" height=\"512\" src=\"https:\/\/www.elturistatranquil.com\/wp-content\/uploads\/F93-Teatro-de-Baelo-Claudia-Cadiz.jpg\" class=\"attachment-large size-large wp-image-45822\" alt=\"Teatro de Baelo Claudia, Cadiz\" srcset=\"https:\/\/www.elturistatranquil.com\/wp-content\/uploads\/F93-Teatro-de-Baelo-Claudia-Cadiz.jpg 768w, https:\/\/www.elturistatranquil.com\/wp-content\/uploads\/F93-Teatro-de-Baelo-Claudia-Cadiz-339x226.jpg 339w\" sizes=\"(max-width: 768px) 100vw, 768px\" \/>\t\t\t\t\t\t\t\t\t\t\t<figcaption class=\"widget-image-caption wp-caption-text\"><\/figcaption>\n\t\t\t\t\t\t\t\t\t\t<\/figure>\n\t\t\t\t\t\t\t\t\t<\/div>\n\t\t\t\t<\/div>\n\t\t\t\t<div class=\"elementor-element elementor-element-f293f41 elementor-widget elementor-widget-heading\" data-id=\"f293f41\" data-element_type=\"widget\" data-e-type=\"widget\" data-widget_type=\"heading.default\">\n\t\t\t\t<div class=\"elementor-widget-container\">\n\t\t\t\t\t<h4 class=\"elementor-heading-title elementor-size-default\">Restes de la muralla de ponent<\/h4>\t\t\t\t<\/div>\n\t\t\t\t<\/div>\n\t\t\t\t<div class=\"elementor-element elementor-element-fa89d71 elementor-widget elementor-widget-text-editor\" data-id=\"fa89d71\" data-element_type=\"widget\" data-e-type=\"widget\" data-widget_type=\"text-editor.default\">\n\t\t\t\t<div class=\"elementor-widget-container\">\n\t\t\t\t\t\t\t\t\t<p>Al costat del teatre s&#8217;aprecien restes de la <strong>muralla de ponent<\/strong> (<strong>24<\/strong>), a la qual estava adossat.<\/p>\t\t\t\t\t\t\t\t<\/div>\n\t\t\t\t<\/div>\n\t\t\t\t<div class=\"elementor-element elementor-element-8f6f2da elementor-widget elementor-widget-image\" data-id=\"8f6f2da\" data-element_type=\"widget\" data-e-type=\"widget\" data-widget_type=\"image.default\">\n\t\t\t\t<div class=\"elementor-widget-container\">\n\t\t\t\t\t\t\t\t\t\t\t\t<figure class=\"wp-caption\">\n\t\t\t\t\t\t\t\t\t\t<img loading=\"lazy\" decoding=\"async\" width=\"768\" height=\"512\" src=\"https:\/\/www.elturistatranquil.com\/wp-content\/uploads\/F94-Baelo-Claudia-Cadiz.jpg\" class=\"attachment-large size-large wp-image-45824\" alt=\"Baelo Claudia, Cadiz\" srcset=\"https:\/\/www.elturistatranquil.com\/wp-content\/uploads\/F94-Baelo-Claudia-Cadiz.jpg 768w, https:\/\/www.elturistatranquil.com\/wp-content\/uploads\/F94-Baelo-Claudia-Cadiz-339x226.jpg 339w\" sizes=\"(max-width: 768px) 100vw, 768px\" \/>\t\t\t\t\t\t\t\t\t\t\t<figcaption class=\"widget-image-caption wp-caption-text\"><\/figcaption>\n\t\t\t\t\t\t\t\t\t\t<\/figure>\n\t\t\t\t\t\t\t\t\t<\/div>\n\t\t\t\t<\/div>\n\t\t\t\t<div class=\"elementor-element elementor-element-df6af5d elementor-widget elementor-widget-heading\" data-id=\"df6af5d\" data-element_type=\"widget\" data-e-type=\"widget\" data-widget_type=\"heading.default\">\n\t\t\t\t<div class=\"elementor-widget-container\">\n\t\t\t\t\t<h3 class=\"elementor-heading-title elementor-size-default\">\u00c0rea dels temples<\/h3>\t\t\t\t<\/div>\n\t\t\t\t<\/div>\n\t\t\t\t<div class=\"elementor-element elementor-element-1f7c154 elementor-widget elementor-widget-image\" data-id=\"1f7c154\" data-element_type=\"widget\" data-e-type=\"widget\" data-widget_type=\"image.default\">\n\t\t\t\t<div class=\"elementor-widget-container\">\n\t\t\t\t\t\t\t\t\t\t\t\t<figure class=\"wp-caption\">\n\t\t\t\t\t\t\t\t\t\t<img loading=\"lazy\" decoding=\"async\" width=\"768\" height=\"512\" src=\"https:\/\/www.elturistatranquil.com\/wp-content\/uploads\/F95-Templos-de-Baelo-Claudia-Cadiz-Google-earth-2023-03-12.jpg\" class=\"attachment-large size-large wp-image-45829\" alt=\"Templos de Baelo Claudia, Cadiz (Google -earth 2023-03-12)\" srcset=\"https:\/\/www.elturistatranquil.com\/wp-content\/uploads\/F95-Templos-de-Baelo-Claudia-Cadiz-Google-earth-2023-03-12.jpg 768w, https:\/\/www.elturistatranquil.com\/wp-content\/uploads\/F95-Templos-de-Baelo-Claudia-Cadiz-Google-earth-2023-03-12-339x226.jpg 339w\" sizes=\"(max-width: 768px) 100vw, 768px\" \/>\t\t\t\t\t\t\t\t\t\t\t<figcaption class=\"widget-image-caption wp-caption-text\">(Google earth 2023-03-12)<\/figcaption>\n\t\t\t\t\t\t\t\t\t\t<\/figure>\n\t\t\t\t\t\t\t\t\t<\/div>\n\t\t\t\t<\/div>\n\t\t\t\t<div class=\"elementor-element elementor-element-3756057 elementor-widget elementor-widget-text-editor\" data-id=\"3756057\" data-element_type=\"widget\" data-e-type=\"widget\" data-widget_type=\"text-editor.default\">\n\t\t\t\t<div class=\"elementor-widget-container\">\n\t\t\t\t\t\t\t\t\t<p>Despla\u00e7ant-nos cap a llevant pel decumano del teatre s&#8217;arriba a l&#8217;\u00e0rea dels temples que hav\u00edem indicat que se situava de manera elevada i dominant sobre la pla\u00e7a del F\u00f2rum.<\/p><p>Tot i que alguns investigadors plategen els seus dubtes, es considera que els tres temples que s&#8217;emplacen en aquest punt constitueixen una <strong>Tr\u00edade Capitolina<\/strong> a semblan\u00e7a de la de Roma, l&#8217;origen de la tr\u00edada de la qual es troba en el per\u00edode etrusc.<\/p><p>A m\u00e9s, al costat de llevant, s&#8217;al\u00e7\u00e0 posteriorment un <strong>temple dedicat a Isis<\/strong>.<\/p>\t\t\t\t\t\t\t\t<\/div>\n\t\t\t\t<\/div>\n\t\t\t\t<div class=\"elementor-element elementor-element-5144645 elementor-widget elementor-widget-heading\" data-id=\"5144645\" data-element_type=\"widget\" data-e-type=\"widget\" data-widget_type=\"heading.default\">\n\t\t\t\t<div class=\"elementor-widget-container\">\n\t\t\t\t\t<h4 class=\"elementor-heading-title elementor-size-default\">Temples de Juno, J\u00fapiter i Minerva<\/h4>\t\t\t\t<\/div>\n\t\t\t\t<\/div>\n\t\t\t\t<div class=\"elementor-element elementor-element-3f1f7e7 elementor-widget elementor-widget-text-editor\" data-id=\"3f1f7e7\" data-element_type=\"widget\" data-e-type=\"widget\" data-widget_type=\"text-editor.default\">\n\t\t\t\t<div class=\"elementor-widget-container\">\n\t\t\t\t\t\t\t\t\t<p>Els <strong>tres temples<\/strong> que s&#8217;alcen en aquesta esplanada, dominant la pla\u00e7a del F\u00f2rum, estan dedicats a J\u00fapiter, Minerva i Juno. Constitueix el gran centre religi\u00f3s de Baelo.<\/p><p>Des de l&#8217;esplanada del F\u00f2rum s&#8217;enfilava per les dues escales al costat de la tribuna d&#8217;oradors fins a una nova esplanada rectangular de la qual partien les escalinates cap a cadascun dels tres temples.<\/p>\t\t\t\t\t\t\t\t<\/div>\n\t\t\t\t<\/div>\n\t\t\t\t<div class=\"elementor-element elementor-element-f2d52a4 elementor-widget elementor-widget-image\" data-id=\"f2d52a4\" data-element_type=\"widget\" data-e-type=\"widget\" data-widget_type=\"image.default\">\n\t\t\t\t<div class=\"elementor-widget-container\">\n\t\t\t\t\t\t\t\t\t\t\t\t<figure class=\"wp-caption\">\n\t\t\t\t\t\t\t\t\t\t<img loading=\"lazy\" decoding=\"async\" width=\"768\" height=\"512\" src=\"https:\/\/www.elturistatranquil.com\/wp-content\/uploads\/F96-Baelo-Claudia-Cadiz.jpg\" class=\"attachment-large size-large wp-image-45831\" alt=\"Baelo Claudia, Cadiz\" srcset=\"https:\/\/www.elturistatranquil.com\/wp-content\/uploads\/F96-Baelo-Claudia-Cadiz.jpg 768w, https:\/\/www.elturistatranquil.com\/wp-content\/uploads\/F96-Baelo-Claudia-Cadiz-339x226.jpg 339w\" sizes=\"(max-width: 768px) 100vw, 768px\" \/>\t\t\t\t\t\t\t\t\t\t\t<figcaption class=\"widget-image-caption wp-caption-text\"><\/figcaption>\n\t\t\t\t\t\t\t\t\t\t<\/figure>\n\t\t\t\t\t\t\t\t\t<\/div>\n\t\t\t\t<\/div>\n\t\t\t\t<div class=\"elementor-element elementor-element-b5995bd elementor-widget elementor-widget-text-editor\" data-id=\"b5995bd\" data-element_type=\"widget\" data-e-type=\"widget\" data-widget_type=\"text-editor.default\">\n\t\t\t\t<div class=\"elementor-widget-container\">\n\t\t\t\t\t\t\t\t\t<p>Es tracta de tres edificis independents, de caracter\u00edstiques semblants.<\/p><p>Cada temple disposava d&#8217;un potent basament o <em>p\u00f2dium<\/em> amb una escala frontal de dotze esglaons, sobre el qual se situava el p\u00f2rtic que precedia la <em>cella<\/em>, estada rectangular reservada a la divinitat. El p\u00f2rtic estava suportat per 6 columna i les celles amb 9 pilastres. Els capitells corintis decorats amb estuc.<\/p><p>Al centre, el <strong>temple de J\u00fapiter<\/strong> (<strong>24<\/strong>), l&#8217;escalinata del qual es troba completament reconstru\u00efda. Sembla que els historiadors encara no han sabut trobar l&#8217;explicaci\u00f3 de perqu\u00e8 el temple de J\u00fapiter, el m\u00e9s important, era una mica m\u00e9s estret que els altres dos laterals.<\/p>\t\t\t\t\t\t\t\t<\/div>\n\t\t\t\t<\/div>\n\t\t\t\t<div class=\"elementor-element elementor-element-0e5d9b8 elementor-widget elementor-widget-image\" data-id=\"0e5d9b8\" data-element_type=\"widget\" data-e-type=\"widget\" data-widget_type=\"image.default\">\n\t\t\t\t<div class=\"elementor-widget-container\">\n\t\t\t\t\t\t\t\t\t\t\t\t<figure class=\"wp-caption\">\n\t\t\t\t\t\t\t\t\t\t<img loading=\"lazy\" decoding=\"async\" width=\"768\" height=\"512\" src=\"https:\/\/www.elturistatranquil.com\/wp-content\/uploads\/F97-Templos-de-Baelo-Claudia-Cadiz.jpg\" class=\"attachment-large size-large wp-image-45833\" alt=\"Templos de Baelo Claudia, Cadiz\" srcset=\"https:\/\/www.elturistatranquil.com\/wp-content\/uploads\/F97-Templos-de-Baelo-Claudia-Cadiz.jpg 768w, https:\/\/www.elturistatranquil.com\/wp-content\/uploads\/F97-Templos-de-Baelo-Claudia-Cadiz-339x226.jpg 339w\" sizes=\"(max-width: 768px) 100vw, 768px\" \/>\t\t\t\t\t\t\t\t\t\t\t<figcaption class=\"widget-image-caption wp-caption-text\"><\/figcaption>\n\t\t\t\t\t\t\t\t\t\t<\/figure>\n\t\t\t\t\t\t\t\t\t<\/div>\n\t\t\t\t<\/div>\n\t\t\t\t<div class=\"elementor-element elementor-element-2cc8f88 elementor-widget elementor-widget-text-editor\" data-id=\"2cc8f88\" data-element_type=\"widget\" data-e-type=\"widget\" data-widget_type=\"text-editor.default\">\n\t\t\t\t<div class=\"elementor-widget-container\">\n\t\t\t\t\t\t\t\t\t<p>Les fa\u00e7anes es componien amb columnes d&#8217;ordre corinti i pilastres adossades als murs de la <em>cella<\/em>. Davant dels temples es localitzava un altar com\u00fa.<\/p><p>Fragments de les columnes del p\u00f2rtic.<\/p>\t\t\t\t\t\t\t\t<\/div>\n\t\t\t\t<\/div>\n\t\t\t\t<div class=\"elementor-element elementor-element-34fb222 elementor-widget elementor-widget-image\" data-id=\"34fb222\" data-element_type=\"widget\" data-e-type=\"widget\" data-widget_type=\"image.default\">\n\t\t\t\t<div class=\"elementor-widget-container\">\n\t\t\t\t\t\t\t\t\t\t\t\t<figure class=\"wp-caption\">\n\t\t\t\t\t\t\t\t\t\t<img loading=\"lazy\" decoding=\"async\" width=\"768\" height=\"511\" src=\"https:\/\/www.elturistatranquil.com\/wp-content\/uploads\/F98-Templos-de-Baelo-Claudia-Cadiz.jpg\" class=\"attachment-large size-large wp-image-45835\" alt=\"Templos de Baelo Claudia, Cadiz\" srcset=\"https:\/\/www.elturistatranquil.com\/wp-content\/uploads\/F98-Templos-de-Baelo-Claudia-Cadiz.jpg 768w, https:\/\/www.elturistatranquil.com\/wp-content\/uploads\/F98-Templos-de-Baelo-Claudia-Cadiz-339x226.jpg 339w\" sizes=\"(max-width: 768px) 100vw, 768px\" \/>\t\t\t\t\t\t\t\t\t\t\t<figcaption class=\"widget-image-caption wp-caption-text\"><\/figcaption>\n\t\t\t\t\t\t\t\t\t\t<\/figure>\n\t\t\t\t\t\t\t\t\t<\/div>\n\t\t\t\t<\/div>\n\t\t\t\t<div class=\"elementor-element elementor-element-486112a elementor-widget elementor-widget-text-editor\" data-id=\"486112a\" data-element_type=\"widget\" data-e-type=\"widget\" data-widget_type=\"text-editor.default\">\n\t\t\t\t<div class=\"elementor-widget-container\">\n\t\t\t\t\t\t\t\t\t<p>La part posterior de terra fosca correspondria a la zona que ocupava la <em>cella<\/em> de J\u00fapiter.<\/p>\t\t\t\t\t\t\t\t<\/div>\n\t\t\t\t<\/div>\n\t\t\t\t<div class=\"elementor-element elementor-element-9bba76a elementor-widget elementor-widget-image\" data-id=\"9bba76a\" data-element_type=\"widget\" data-e-type=\"widget\" data-widget_type=\"image.default\">\n\t\t\t\t<div class=\"elementor-widget-container\">\n\t\t\t\t\t\t\t\t\t\t\t\t<figure class=\"wp-caption\">\n\t\t\t\t\t\t\t\t\t\t<img loading=\"lazy\" decoding=\"async\" width=\"768\" height=\"511\" src=\"https:\/\/www.elturistatranquil.com\/wp-content\/uploads\/F99-Templos-de-Baelo-Claudia-Cadiz.jpg\" class=\"attachment-large size-large wp-image-45840\" alt=\"Templos de Baelo Claudia, Cadiz\" srcset=\"https:\/\/www.elturistatranquil.com\/wp-content\/uploads\/F99-Templos-de-Baelo-Claudia-Cadiz.jpg 768w, https:\/\/www.elturistatranquil.com\/wp-content\/uploads\/F99-Templos-de-Baelo-Claudia-Cadiz-339x226.jpg 339w\" sizes=\"(max-width: 768px) 100vw, 768px\" \/>\t\t\t\t\t\t\t\t\t\t\t<figcaption class=\"widget-image-caption wp-caption-text\"><\/figcaption>\n\t\t\t\t\t\t\t\t\t\t<\/figure>\n\t\t\t\t\t\t\t\t\t<\/div>\n\t\t\t\t<\/div>\n\t\t\t\t<div class=\"elementor-element elementor-element-e9258e3 elementor-widget elementor-widget-text-editor\" data-id=\"e9258e3\" data-element_type=\"widget\" data-e-type=\"widget\" data-widget_type=\"text-editor.default\">\n\t\t\t\t<div class=\"elementor-widget-container\">\n\t\t\t\t\t\t\t\t\t<p>Els temples estaven separats entre si per estrets passatges.<\/p>\t\t\t\t\t\t\t\t<\/div>\n\t\t\t\t<\/div>\n\t\t\t\t<div class=\"elementor-element elementor-element-a9057cd elementor-widget elementor-widget-image\" data-id=\"a9057cd\" data-element_type=\"widget\" data-e-type=\"widget\" data-widget_type=\"image.default\">\n\t\t\t\t<div class=\"elementor-widget-container\">\n\t\t\t\t\t\t\t\t\t\t\t\t<figure class=\"wp-caption\">\n\t\t\t\t\t\t\t\t\t\t<img loading=\"lazy\" decoding=\"async\" width=\"768\" height=\"511\" src=\"https:\/\/www.elturistatranquil.com\/wp-content\/uploads\/F100-Templos-de-Baelo-Claudia-Cadiz.jpg\" class=\"attachment-large size-large wp-image-45842\" alt=\"Templos de Baelo Claudia, Cadiz\" srcset=\"https:\/\/www.elturistatranquil.com\/wp-content\/uploads\/F100-Templos-de-Baelo-Claudia-Cadiz.jpg 768w, https:\/\/www.elturistatranquil.com\/wp-content\/uploads\/F100-Templos-de-Baelo-Claudia-Cadiz-339x226.jpg 339w\" sizes=\"(max-width: 768px) 100vw, 768px\" \/>\t\t\t\t\t\t\t\t\t\t\t<figcaption class=\"widget-image-caption wp-caption-text\"><\/figcaption>\n\t\t\t\t\t\t\t\t\t\t<\/figure>\n\t\t\t\t\t\t\t\t\t<\/div>\n\t\t\t\t<\/div>\n\t\t\t\t<div class=\"elementor-element elementor-element-4a69621 elementor-widget elementor-widget-text-editor\" data-id=\"4a69621\" data-element_type=\"widget\" data-e-type=\"widget\" data-widget_type=\"text-editor.default\">\n\t\t\t\t<div class=\"elementor-widget-container\">\n\t\t\t\t\t\t\t\t\t<p>Restes de l\u2019\u00e0rea corresponent al <strong>temple de Minerva<\/strong> (<strong>25<\/strong>), a la dreta del de J\u00fapiter.<\/p>\t\t\t\t\t\t\t\t<\/div>\n\t\t\t\t<\/div>\n\t\t\t\t<div class=\"elementor-element elementor-element-944a6a7 elementor-widget elementor-widget-image\" data-id=\"944a6a7\" data-element_type=\"widget\" data-e-type=\"widget\" data-widget_type=\"image.default\">\n\t\t\t\t<div class=\"elementor-widget-container\">\n\t\t\t\t\t\t\t\t\t\t\t\t<figure class=\"wp-caption\">\n\t\t\t\t\t\t\t\t\t\t<img loading=\"lazy\" decoding=\"async\" width=\"768\" height=\"511\" src=\"https:\/\/www.elturistatranquil.com\/wp-content\/uploads\/F101-Templos-de-Baelo-Claudia-Cadiz.jpg\" class=\"attachment-large size-large wp-image-45844\" alt=\"Los templos estaban separados entre s\u00ed por estrechos pasajes.\" srcset=\"https:\/\/www.elturistatranquil.com\/wp-content\/uploads\/F101-Templos-de-Baelo-Claudia-Cadiz.jpg 768w, https:\/\/www.elturistatranquil.com\/wp-content\/uploads\/F101-Templos-de-Baelo-Claudia-Cadiz-339x226.jpg 339w\" sizes=\"(max-width: 768px) 100vw, 768px\" \/>\t\t\t\t\t\t\t\t\t\t\t<figcaption class=\"widget-image-caption wp-caption-text\"><\/figcaption>\n\t\t\t\t\t\t\t\t\t\t<\/figure>\n\t\t\t\t\t\t\t\t\t<\/div>\n\t\t\t\t<\/div>\n\t\t\t\t<div class=\"elementor-element elementor-element-1c2c910 elementor-widget elementor-widget-text-editor\" data-id=\"1c2c910\" data-element_type=\"widget\" data-e-type=\"widget\" data-widget_type=\"text-editor.default\">\n\t\t\t\t<div class=\"elementor-widget-container\">\n\t\t\t\t\t\t\t\t\t<p>El <strong>temple de Juno<\/strong> (<strong>26<\/strong>) estaria a l&#8217;esquerra.<\/p>\t\t\t\t\t\t\t\t<\/div>\n\t\t\t\t<\/div>\n\t\t\t\t<div class=\"elementor-element elementor-element-f5ad7f7 elementor-widget elementor-widget-image\" data-id=\"f5ad7f7\" data-element_type=\"widget\" data-e-type=\"widget\" data-widget_type=\"image.default\">\n\t\t\t\t<div class=\"elementor-widget-container\">\n\t\t\t\t\t\t\t\t\t\t\t\t<figure class=\"wp-caption\">\n\t\t\t\t\t\t\t\t\t\t<img loading=\"lazy\" decoding=\"async\" width=\"768\" height=\"511\" src=\"https:\/\/www.elturistatranquil.com\/wp-content\/uploads\/F102-Templos-de-Baelo-Claudia-Cadiz.jpg\" class=\"attachment-large size-large wp-image-45848\" alt=\"Templos de  Baelo Claudia, Cadiz\" srcset=\"https:\/\/www.elturistatranquil.com\/wp-content\/uploads\/F102-Templos-de-Baelo-Claudia-Cadiz.jpg 768w, https:\/\/www.elturistatranquil.com\/wp-content\/uploads\/F102-Templos-de-Baelo-Claudia-Cadiz-339x226.jpg 339w\" sizes=\"(max-width: 768px) 100vw, 768px\" \/>\t\t\t\t\t\t\t\t\t\t\t<figcaption class=\"widget-image-caption wp-caption-text\"><\/figcaption>\n\t\t\t\t\t\t\t\t\t\t<\/figure>\n\t\t\t\t\t\t\t\t\t<\/div>\n\t\t\t\t<\/div>\n\t\t\t\t<div class=\"elementor-element elementor-element-34521be elementor-widget elementor-widget-text-editor\" data-id=\"34521be\" data-element_type=\"widget\" data-e-type=\"widget\" data-widget_type=\"text-editor.default\">\n\t\t\t\t<div class=\"elementor-widget-container\">\n\t\t\t\t\t\t\t\t\t<p>El senyor absolut del temple era J\u00fapiter \u00d2ptim M\u00e0xim, les deesses l&#8217;acompanyen com a meres hostes acollides a casa seva.<\/p><p>Tot i que hi ha indicis de construccions anteriors d&#8217;\u00e8poca d&#8217;August, els temples visibles avui a Baelo es poden datar cap a l&#8217;\u00e8poca de Ner\u00f3 (60-70 dC).<\/p><p>En aquesta \u00e0rea sagrada tamb\u00e9 es va donar culte de l&#8217;emperador. La imatge imperial va ocupar un lloc a la <em>cella<\/em> de J\u00fapiter, just al costat del d\u00e9u. Entre els anys 65 i 75 dC, es va aixecar al peu dels temples una galeria de retrats dels emperadors.<\/p>\t\t\t\t\t\t\t\t<\/div>\n\t\t\t\t<\/div>\n\t\t\t\t<div class=\"elementor-element elementor-element-edfd056 elementor-widget elementor-widget-image\" data-id=\"edfd056\" data-element_type=\"widget\" data-e-type=\"widget\" data-widget_type=\"image.default\">\n\t\t\t\t<div class=\"elementor-widget-container\">\n\t\t\t\t\t\t\t\t\t\t\t\t<figure class=\"wp-caption\">\n\t\t\t\t\t\t\t\t\t\t<img loading=\"lazy\" decoding=\"async\" width=\"768\" height=\"511\" src=\"https:\/\/www.elturistatranquil.com\/wp-content\/uploads\/F103-Templos-de-Baelo-Claudia-Cadiz.jpg\" class=\"attachment-large size-large wp-image-45850\" alt=\"Templos de  Baelo Claudia, Cadiz\" srcset=\"https:\/\/www.elturistatranquil.com\/wp-content\/uploads\/F103-Templos-de-Baelo-Claudia-Cadiz.jpg 768w, https:\/\/www.elturistatranquil.com\/wp-content\/uploads\/F103-Templos-de-Baelo-Claudia-Cadiz-339x226.jpg 339w\" sizes=\"(max-width: 768px) 100vw, 768px\" \/>\t\t\t\t\t\t\t\t\t\t\t<figcaption class=\"widget-image-caption wp-caption-text\"><\/figcaption>\n\t\t\t\t\t\t\t\t\t\t<\/figure>\n\t\t\t\t\t\t\t\t\t<\/div>\n\t\t\t\t<\/div>\n\t\t\t\t<div class=\"elementor-element elementor-element-0e584e2 elementor-widget elementor-widget-heading\" data-id=\"0e584e2\" data-element_type=\"widget\" data-e-type=\"widget\" data-widget_type=\"heading.default\">\n\t\t\t\t<div class=\"elementor-widget-container\">\n\t\t\t\t\t<h4 class=\"elementor-heading-title elementor-size-default\">Temple d\u2019Isis<\/h4>\t\t\t\t<\/div>\n\t\t\t\t<\/div>\n\t\t\t\t<div class=\"elementor-element elementor-element-e670044 elementor-widget elementor-widget-text-editor\" data-id=\"e670044\" data-element_type=\"widget\" data-e-type=\"widget\" data-widget_type=\"text-editor.default\">\n\t\t\t\t<div class=\"elementor-widget-container\">\n\t\t\t\t\t\t\t\t\t<p>A partir del segle I dC. a Roma s&#8217;introdueixen cultes d&#8217;origen oriental. Entre aquests destaca el d&#8217;Isis, amb cerim\u00f2nies rituals reservades als fidels iniciats.<\/p><p>El <strong>temple d&#8217;Isis<\/strong> (<strong>27<\/strong>) es va localitzar al costat del Capitoli, a l&#8217;espai religi\u00f3s preferent de Baelo. Consta de dos \u00e0mbits funcionals diferenciats, un de p\u00fablic destinat al culte i un altre de privat d&#8217;\u00fas dom\u00e8stic.<\/p>\t\t\t\t\t\t\t\t<\/div>\n\t\t\t\t<\/div>\n\t\t\t\t<div class=\"elementor-element elementor-element-45b7445 elementor-widget elementor-widget-image\" data-id=\"45b7445\" data-element_type=\"widget\" data-e-type=\"widget\" data-widget_type=\"image.default\">\n\t\t\t\t<div class=\"elementor-widget-container\">\n\t\t\t\t\t\t\t\t\t\t\t\t<figure class=\"wp-caption\">\n\t\t\t\t\t\t\t\t\t\t<img loading=\"lazy\" decoding=\"async\" width=\"768\" height=\"511\" src=\"https:\/\/www.elturistatranquil.com\/wp-content\/uploads\/F104-Templos-de-Baelo-Claudia-Cadiz.jpg\" class=\"attachment-large size-large wp-image-45855\" alt=\"Templos de  Baelo Claudia, Cadiz\" srcset=\"https:\/\/www.elturistatranquil.com\/wp-content\/uploads\/F104-Templos-de-Baelo-Claudia-Cadiz.jpg 768w, https:\/\/www.elturistatranquil.com\/wp-content\/uploads\/F104-Templos-de-Baelo-Claudia-Cadiz-339x226.jpg 339w\" sizes=\"(max-width: 768px) 100vw, 768px\" \/>\t\t\t\t\t\t\t\t\t\t\t<figcaption class=\"widget-image-caption wp-caption-text\"><\/figcaption>\n\t\t\t\t\t\t\t\t\t\t<\/figure>\n\t\t\t\t\t\t\t\t\t<\/div>\n\t\t\t\t<\/div>\n\t\t\t\t<div class=\"elementor-element elementor-element-3e84223 elementor-widget elementor-widget-text-editor\" data-id=\"3e84223\" data-element_type=\"widget\" data-e-type=\"widget\" data-widget_type=\"text-editor.default\">\n\t\t\t\t<div class=\"elementor-widget-container\">\n\t\t\t\t\t\t\t\t\t<p>El temple d\u2019 Isis en primer terme.<\/p>\t\t\t\t\t\t\t\t<\/div>\n\t\t\t\t<\/div>\n\t\t\t\t<div class=\"elementor-element elementor-element-9b990b3 elementor-widget elementor-widget-image\" data-id=\"9b990b3\" data-element_type=\"widget\" data-e-type=\"widget\" data-widget_type=\"image.default\">\n\t\t\t\t<div class=\"elementor-widget-container\">\n\t\t\t\t\t\t\t\t\t\t\t\t<figure class=\"wp-caption\">\n\t\t\t\t\t\t\t\t\t\t<img loading=\"lazy\" decoding=\"async\" width=\"768\" height=\"512\" src=\"https:\/\/www.elturistatranquil.com\/wp-content\/uploads\/F105-Templos-de-Baelo-Claudia-Cadiz.jpg\" class=\"attachment-large size-large wp-image-45857\" alt=\"Templos de  Baelo Claudia, Cadiz\" srcset=\"https:\/\/www.elturistatranquil.com\/wp-content\/uploads\/F105-Templos-de-Baelo-Claudia-Cadiz.jpg 768w, https:\/\/www.elturistatranquil.com\/wp-content\/uploads\/F105-Templos-de-Baelo-Claudia-Cadiz-339x226.jpg 339w\" sizes=\"(max-width: 768px) 100vw, 768px\" \/>\t\t\t\t\t\t\t\t\t\t\t<figcaption class=\"widget-image-caption wp-caption-text\"><\/figcaption>\n\t\t\t\t\t\t\t\t\t\t<\/figure>\n\t\t\t\t\t\t\t\t\t<\/div>\n\t\t\t\t<\/div>\n\t\t\t\t<div class=\"elementor-element elementor-element-d822eb8 elementor-widget elementor-widget-text-editor\" data-id=\"d822eb8\" data-element_type=\"widget\" data-e-type=\"widget\" data-widget_type=\"text-editor.default\">\n\t\t\t\t<div class=\"elementor-widget-container\">\n\t\t\t\t\t\t\t\t\t<p>En aquest punt finalitza el recorregut pel conjunt arqueol\u00f2gic de Baelo Claudia.<\/p><p>Si fem una \u00faltima mirada de conjunt disposem ja de tots els elements per interpretar la ciutat i la seva inserci\u00f3 en un entorn natural on el mar era la seva ra\u00f3 de ser, com a prove\u00efdor de recursos i com a enclavament per al transport mar\u00edtim.<\/p><p>No oblidem que nom\u00e9s fins a cent\u00faries recents, era molt m\u00e9s f\u00e0cil el transport mar\u00edtim que pels camins i cal\u00e7ades. En el nostre cas, era molt m\u00e9s f\u00e0cil proveir-se i comercien amb<em> Tingis<\/em> (T\u00e0nger), a l&#8217;altra banda de l&#8217;Estret, que amb les localitats de l&#8217;interior del territori, cosa que explica, per exemple, que es fessin servir maons de <em>Tingis<\/em> per a la construcci\u00f3.<\/p><p>M&#8217;agrada reflectir aquest fet dient que el mar ha estat \u201cl&#8217;autopista de la hist\u00f2ria\u201d.<\/p>\t\t\t\t\t\t\t\t<\/div>\n\t\t\t\t<\/div>\n\t\t\t\t<div class=\"elementor-element elementor-element-30da8b4 elementor-widget elementor-widget-image\" data-id=\"30da8b4\" data-element_type=\"widget\" data-e-type=\"widget\" data-widget_type=\"image.default\">\n\t\t\t\t<div class=\"elementor-widget-container\">\n\t\t\t\t\t\t\t\t\t\t\t\t<figure class=\"wp-caption\">\n\t\t\t\t\t\t\t\t\t\t<img loading=\"lazy\" decoding=\"async\" width=\"768\" height=\"512\" src=\"https:\/\/www.elturistatranquil.com\/wp-content\/uploads\/F106-Templos-de-Baelo-Claudia-Cadiz.jpg\" class=\"attachment-large size-large wp-image-45859\" alt=\"Templos de  Baelo Claudia, Cadiz\" srcset=\"https:\/\/www.elturistatranquil.com\/wp-content\/uploads\/F106-Templos-de-Baelo-Claudia-Cadiz.jpg 768w, https:\/\/www.elturistatranquil.com\/wp-content\/uploads\/F106-Templos-de-Baelo-Claudia-Cadiz-339x226.jpg 339w\" sizes=\"(max-width: 768px) 100vw, 768px\" \/>\t\t\t\t\t\t\t\t\t\t\t<figcaption class=\"widget-image-caption wp-caption-text\"><\/figcaption>\n\t\t\t\t\t\t\t\t\t\t<\/figure>\n\t\t\t\t\t\t\t\t\t<\/div>\n\t\t\t\t<\/div>\n\t\t\t\t<div class=\"elementor-element elementor-element-6020619 elementor-widget elementor-widget-heading\" data-id=\"6020619\" data-element_type=\"widget\" data-e-type=\"widget\" data-widget_type=\"heading.default\">\n\t\t\t\t<div class=\"elementor-widget-container\">\n\t\t\t\t\t<h2 class=\"elementor-heading-title elementor-size-default\">Museu i Centre d'Interpretaci\u00f3 de Baelo Claudia<\/h2>\t\t\t\t<\/div>\n\t\t\t\t<\/div>\n\t\t\t\t<div class=\"elementor-element elementor-element-4e8fb16 elementor-widget elementor-widget-text-editor\" data-id=\"4e8fb16\" data-element_type=\"widget\" data-e-type=\"widget\" data-widget_type=\"text-editor.default\">\n\t\t\t\t<div class=\"elementor-widget-container\">\n\t\t\t\t\t\t\t\t\t<p>He deixat per al final la presentaci\u00f3 <strong>del Museu com a Seu Institucional del Conjunt Arqueol\u00f2gic de Baelo Claudia<\/strong> (<strong>0<\/strong>).<\/p><p>\u00c9s un edifici de nova planta, obra de l&#8217;arquitecte Guillermo V\u00e1zquez Consuegra, inaugurat l&#8217;any 2007.<\/p>\t\t\t\t\t\t\t\t<\/div>\n\t\t\t\t<\/div>\n\t\t\t\t<div class=\"elementor-element elementor-element-32d852c elementor-widget elementor-widget-image\" data-id=\"32d852c\" data-element_type=\"widget\" data-e-type=\"widget\" data-widget_type=\"image.default\">\n\t\t\t\t<div class=\"elementor-widget-container\">\n\t\t\t\t\t\t\t\t\t\t\t\t<figure class=\"wp-caption\">\n\t\t\t\t\t\t\t\t\t\t<img loading=\"lazy\" decoding=\"async\" width=\"768\" height=\"511\" src=\"https:\/\/www.elturistatranquil.com\/wp-content\/uploads\/F107-Baelo-Claudia-Cadiz.jpg\" class=\"attachment-large size-large wp-image-45864\" alt=\"Baelo Claudia, Cadiz\" srcset=\"https:\/\/www.elturistatranquil.com\/wp-content\/uploads\/F107-Baelo-Claudia-Cadiz.jpg 768w, https:\/\/www.elturistatranquil.com\/wp-content\/uploads\/F107-Baelo-Claudia-Cadiz-339x226.jpg 339w\" sizes=\"(max-width: 768px) 100vw, 768px\" \/>\t\t\t\t\t\t\t\t\t\t\t<figcaption class=\"widget-image-caption wp-caption-text\"><\/figcaption>\n\t\t\t\t\t\t\t\t\t\t<\/figure>\n\t\t\t\t\t\t\t\t\t<\/div>\n\t\t\t\t<\/div>\n\t\t\t\t<div class=\"elementor-element elementor-element-239b9ac elementor-widget elementor-widget-text-editor\" data-id=\"239b9ac\" data-element_type=\"widget\" data-e-type=\"widget\" data-widget_type=\"text-editor.default\">\n\t\t\t\t<div class=\"elementor-widget-container\">\n\t\t\t\t\t\t\t\t\t<p>Edifici d\u00b4arquitectura minimalista de dues plantes, que combina les parets exteriors de pedra amb arrebossat blanc. Tamb\u00e9 aprofita el pendent del terreny perqu\u00e8 per la cara nord nom\u00e9s sobresurti una planta.<\/p>\t\t\t\t\t\t\t\t<\/div>\n\t\t\t\t<\/div>\n\t\t\t\t<div class=\"elementor-element elementor-element-b3806b7 elementor-widget elementor-widget-image\" data-id=\"b3806b7\" data-element_type=\"widget\" data-e-type=\"widget\" data-widget_type=\"image.default\">\n\t\t\t\t<div class=\"elementor-widget-container\">\n\t\t\t\t\t\t\t\t\t\t\t\t<figure class=\"wp-caption\">\n\t\t\t\t\t\t\t\t\t\t<img loading=\"lazy\" decoding=\"async\" width=\"768\" height=\"511\" src=\"https:\/\/www.elturistatranquil.com\/wp-content\/uploads\/F108-Baelo-Claudia-Cadiz.jpg\" class=\"attachment-large size-large wp-image-45866\" alt=\"Baelo Claudia, Cadiz\" srcset=\"https:\/\/www.elturistatranquil.com\/wp-content\/uploads\/F108-Baelo-Claudia-Cadiz.jpg 768w, https:\/\/www.elturistatranquil.com\/wp-content\/uploads\/F108-Baelo-Claudia-Cadiz-339x226.jpg 339w\" sizes=\"(max-width: 768px) 100vw, 768px\" \/>\t\t\t\t\t\t\t\t\t\t\t<figcaption class=\"widget-image-caption wp-caption-text\"><\/figcaption>\n\t\t\t\t\t\t\t\t\t\t<\/figure>\n\t\t\t\t\t\t\t\t\t<\/div>\n\t\t\t\t<\/div>\n\t\t\t\t<div class=\"elementor-element elementor-element-85836be elementor-widget elementor-widget-text-editor\" data-id=\"85836be\" data-element_type=\"widget\" data-e-type=\"widget\" data-widget_type=\"text-editor.default\">\n\t\t\t\t<div class=\"elementor-widget-container\">\n\t\t\t\t\t\t\t\t\t<p>Una construcci\u00f3 que no interfereix en el paisatge, sin\u00f3 que des del seu interior no fa res m\u00e9s que ressaltar-ho. Alhora, ja he assenyalat en un altre moment, que considero un encert fer coincidir la seva disposici\u00f3 amb les direccions de l&#8217;entramat urb\u00e0 de la ciutat, tot i que se n&#8217;estigui allunyat.<\/p>\t\t\t\t\t\t\t\t<\/div>\n\t\t\t\t<\/div>\n\t\t\t\t<div class=\"elementor-element elementor-element-552145c elementor-widget elementor-widget-image\" data-id=\"552145c\" data-element_type=\"widget\" data-e-type=\"widget\" data-widget_type=\"image.default\">\n\t\t\t\t<div class=\"elementor-widget-container\">\n\t\t\t\t\t\t\t\t\t\t\t\t<figure class=\"wp-caption\">\n\t\t\t\t\t\t\t\t\t\t<img loading=\"lazy\" decoding=\"async\" width=\"768\" height=\"511\" src=\"https:\/\/www.elturistatranquil.com\/wp-content\/uploads\/F109-Baelo-Claudia-Cadiz.jpg\" class=\"attachment-large size-large wp-image-45868\" alt=\"Baelo Claudia, Cadiz\" srcset=\"https:\/\/www.elturistatranquil.com\/wp-content\/uploads\/F109-Baelo-Claudia-Cadiz.jpg 768w, https:\/\/www.elturistatranquil.com\/wp-content\/uploads\/F109-Baelo-Claudia-Cadiz-339x226.jpg 339w\" sizes=\"(max-width: 768px) 100vw, 768px\" \/>\t\t\t\t\t\t\t\t\t\t\t<figcaption class=\"widget-image-caption wp-caption-text\"><\/figcaption>\n\t\t\t\t\t\t\t\t\t\t<\/figure>\n\t\t\t\t\t\t\t\t\t<\/div>\n\t\t\t\t<\/div>\n\t\t\t\t<div class=\"elementor-element elementor-element-8769599 elementor-widget elementor-widget-image\" data-id=\"8769599\" data-element_type=\"widget\" data-e-type=\"widget\" data-widget_type=\"image.default\">\n\t\t\t\t<div class=\"elementor-widget-container\">\n\t\t\t\t\t\t\t\t\t\t\t\t<figure class=\"wp-caption\">\n\t\t\t\t\t\t\t\t\t\t<img loading=\"lazy\" decoding=\"async\" width=\"768\" height=\"511\" src=\"https:\/\/www.elturistatranquil.com\/wp-content\/uploads\/F110-Baelo-Claudia-Cadiz.jpg\" class=\"attachment-large size-large wp-image-45870\" alt=\"Baelo Claudia, Cadiz\" srcset=\"https:\/\/www.elturistatranquil.com\/wp-content\/uploads\/F110-Baelo-Claudia-Cadiz.jpg 768w, https:\/\/www.elturistatranquil.com\/wp-content\/uploads\/F110-Baelo-Claudia-Cadiz-339x226.jpg 339w\" sizes=\"(max-width: 768px) 100vw, 768px\" \/>\t\t\t\t\t\t\t\t\t\t\t<figcaption class=\"widget-image-caption wp-caption-text\"><\/figcaption>\n\t\t\t\t\t\t\t\t\t\t<\/figure>\n\t\t\t\t\t\t\t\t\t<\/div>\n\t\t\t\t<\/div>\n\t\t\t\t<div class=\"elementor-element elementor-element-cc5418d elementor-widget elementor-widget-image\" data-id=\"cc5418d\" data-element_type=\"widget\" data-e-type=\"widget\" data-widget_type=\"image.default\">\n\t\t\t\t<div class=\"elementor-widget-container\">\n\t\t\t\t\t\t\t\t\t\t\t\t<figure class=\"wp-caption\">\n\t\t\t\t\t\t\t\t\t\t<img loading=\"lazy\" decoding=\"async\" width=\"768\" height=\"512\" src=\"https:\/\/www.elturistatranquil.com\/wp-content\/uploads\/F111-Baelo-Claudia-Cadiz.jpg\" class=\"attachment-large size-large wp-image-45872\" alt=\"Baelo Claudia, Cadiz\" srcset=\"https:\/\/www.elturistatranquil.com\/wp-content\/uploads\/F111-Baelo-Claudia-Cadiz.jpg 768w, https:\/\/www.elturistatranquil.com\/wp-content\/uploads\/F111-Baelo-Claudia-Cadiz-339x226.jpg 339w\" sizes=\"(max-width: 768px) 100vw, 768px\" \/>\t\t\t\t\t\t\t\t\t\t\t<figcaption class=\"widget-image-caption wp-caption-text\"><\/figcaption>\n\t\t\t\t\t\t\t\t\t\t<\/figure>\n\t\t\t\t\t\t\t\t\t<\/div>\n\t\t\t\t<\/div>\n\t\t\t\t<div class=\"elementor-element elementor-element-a27e17a elementor-widget elementor-widget-image\" data-id=\"a27e17a\" data-element_type=\"widget\" data-e-type=\"widget\" data-widget_type=\"image.default\">\n\t\t\t\t<div class=\"elementor-widget-container\">\n\t\t\t\t\t\t\t\t\t\t\t\t<figure class=\"wp-caption\">\n\t\t\t\t\t\t\t\t\t\t<img loading=\"lazy\" decoding=\"async\" width=\"768\" height=\"512\" src=\"https:\/\/www.elturistatranquil.com\/wp-content\/uploads\/F112-Baelo-Claudia-Cadiz.jpg\" class=\"attachment-large size-large wp-image-45877\" alt=\"Baelo Claudia, Cadiz\" srcset=\"https:\/\/www.elturistatranquil.com\/wp-content\/uploads\/F112-Baelo-Claudia-Cadiz.jpg 768w, https:\/\/www.elturistatranquil.com\/wp-content\/uploads\/F112-Baelo-Claudia-Cadiz-339x226.jpg 339w\" sizes=\"(max-width: 768px) 100vw, 768px\" \/>\t\t\t\t\t\t\t\t\t\t\t<figcaption class=\"widget-image-caption wp-caption-text\"><\/figcaption>\n\t\t\t\t\t\t\t\t\t\t<\/figure>\n\t\t\t\t\t\t\t\t\t<\/div>\n\t\t\t\t<\/div>\n\t\t\t\t<div class=\"elementor-element elementor-element-605fae7 elementor-widget elementor-widget-image\" data-id=\"605fae7\" data-element_type=\"widget\" data-e-type=\"widget\" data-widget_type=\"image.default\">\n\t\t\t\t<div class=\"elementor-widget-container\">\n\t\t\t\t\t\t\t\t\t\t\t\t<figure class=\"wp-caption\">\n\t\t\t\t\t\t\t\t\t\t<img loading=\"lazy\" decoding=\"async\" width=\"768\" height=\"512\" src=\"https:\/\/www.elturistatranquil.com\/wp-content\/uploads\/F113-Baelo-Claudia-Cadiz.jpg\" class=\"attachment-large size-large wp-image-45879\" alt=\"Baelo Claudia, Cadiz\" srcset=\"https:\/\/www.elturistatranquil.com\/wp-content\/uploads\/F113-Baelo-Claudia-Cadiz.jpg 768w, https:\/\/www.elturistatranquil.com\/wp-content\/uploads\/F113-Baelo-Claudia-Cadiz-339x226.jpg 339w\" sizes=\"(max-width: 768px) 100vw, 768px\" \/>\t\t\t\t\t\t\t\t\t\t\t<figcaption class=\"widget-image-caption wp-caption-text\"><\/figcaption>\n\t\t\t\t\t\t\t\t\t\t<\/figure>\n\t\t\t\t\t\t\t\t\t<\/div>\n\t\t\t\t<\/div>\n\t\t\t\t<div class=\"elementor-element elementor-element-07e00dc elementor-widget elementor-widget-text-editor\" data-id=\"07e00dc\" data-element_type=\"widget\" data-e-type=\"widget\" data-widget_type=\"text-editor.default\">\n\t\t\t\t<div class=\"elementor-widget-container\">\n\t\t\t\t\t\t\t\t\t<p>El passad\u00eds final que condueix a la planta baixa constitueix un gran finestral-mirador sobre el conjunt arqueol\u00f2gic, amb el mar i la duna de Bolonia de fons.<\/p>\t\t\t\t\t\t\t\t<\/div>\n\t\t\t\t<\/div>\n\t\t\t\t<div class=\"elementor-element elementor-element-6cd7bac elementor-widget elementor-widget-image\" data-id=\"6cd7bac\" data-element_type=\"widget\" data-e-type=\"widget\" data-widget_type=\"image.default\">\n\t\t\t\t<div class=\"elementor-widget-container\">\n\t\t\t\t\t\t\t\t\t\t\t\t<figure class=\"wp-caption\">\n\t\t\t\t\t\t\t\t\t\t<img loading=\"lazy\" decoding=\"async\" width=\"768\" height=\"370\" src=\"https:\/\/www.elturistatranquil.com\/wp-content\/uploads\/F114-Baelo-Claudia-Cadiz.jpg\" class=\"attachment-large size-large wp-image-45881\" alt=\"Baelo Claudia, Cadiz\" srcset=\"https:\/\/www.elturistatranquil.com\/wp-content\/uploads\/F114-Baelo-Claudia-Cadiz.jpg 768w, https:\/\/www.elturistatranquil.com\/wp-content\/uploads\/F114-Baelo-Claudia-Cadiz-339x163.jpg 339w\" sizes=\"(max-width: 768px) 100vw, 768px\" \/>\t\t\t\t\t\t\t\t\t\t\t<figcaption class=\"widget-image-caption wp-caption-text\"><\/figcaption>\n\t\t\t\t\t\t\t\t\t\t<\/figure>\n\t\t\t\t\t\t\t\t\t<\/div>\n\t\t\t\t<\/div>\n\t\t\t\t<div class=\"elementor-element elementor-element-3683bf8 elementor-widget elementor-widget-text-editor\" data-id=\"3683bf8\" data-element_type=\"widget\" data-e-type=\"widget\" data-widget_type=\"text-editor.default\">\n\t\t\t\t<div class=\"elementor-widget-container\">\n\t\t\t\t\t\t\t\t\t<p>Peces originals o reproduccions van il\u00b7lustrant la hist\u00f2ria i les caracter\u00edstiques del jaciment.<\/p>\t\t\t\t\t\t\t\t<\/div>\n\t\t\t\t<\/div>\n\t\t\t\t<div class=\"elementor-element elementor-element-b90234f elementor-widget elementor-widget-image\" data-id=\"b90234f\" data-element_type=\"widget\" data-e-type=\"widget\" data-widget_type=\"image.default\">\n\t\t\t\t<div class=\"elementor-widget-container\">\n\t\t\t\t\t\t\t\t\t\t\t\t<figure class=\"wp-caption\">\n\t\t\t\t\t\t\t\t\t\t<img loading=\"lazy\" decoding=\"async\" width=\"768\" height=\"512\" src=\"https:\/\/www.elturistatranquil.com\/wp-content\/uploads\/F115-Baelo-Claudia-Cadiz.jpg\" class=\"attachment-large size-large wp-image-45886\" alt=\"Baelo Claudia, Cadiz\" srcset=\"https:\/\/www.elturistatranquil.com\/wp-content\/uploads\/F115-Baelo-Claudia-Cadiz.jpg 768w, https:\/\/www.elturistatranquil.com\/wp-content\/uploads\/F115-Baelo-Claudia-Cadiz-339x226.jpg 339w\" sizes=\"(max-width: 768px) 100vw, 768px\" \/>\t\t\t\t\t\t\t\t\t\t\t<figcaption class=\"widget-image-caption wp-caption-text\"><\/figcaption>\n\t\t\t\t\t\t\t\t\t\t<\/figure>\n\t\t\t\t\t\t\t\t\t<\/div>\n\t\t\t\t<\/div>\n\t\t\t\t<div class=\"elementor-element elementor-element-6990aa9 elementor-widget elementor-widget-image\" data-id=\"6990aa9\" data-element_type=\"widget\" data-e-type=\"widget\" data-widget_type=\"image.default\">\n\t\t\t\t<div class=\"elementor-widget-container\">\n\t\t\t\t\t\t\t\t\t\t\t\t<figure class=\"wp-caption\">\n\t\t\t\t\t\t\t\t\t\t<img loading=\"lazy\" decoding=\"async\" width=\"768\" height=\"512\" src=\"https:\/\/www.elturistatranquil.com\/wp-content\/uploads\/F116-Baelo-Claudia-Cadiz.jpg\" class=\"attachment-large size-large wp-image-45888\" alt=\"Baelo Claudia, Cadiz\" srcset=\"https:\/\/www.elturistatranquil.com\/wp-content\/uploads\/F116-Baelo-Claudia-Cadiz.jpg 768w, https:\/\/www.elturistatranquil.com\/wp-content\/uploads\/F116-Baelo-Claudia-Cadiz-339x226.jpg 339w\" sizes=\"(max-width: 768px) 100vw, 768px\" \/>\t\t\t\t\t\t\t\t\t\t\t<figcaption class=\"widget-image-caption wp-caption-text\"><\/figcaption>\n\t\t\t\t\t\t\t\t\t\t<\/figure>\n\t\t\t\t\t\t\t\t\t<\/div>\n\t\t\t\t<\/div>\n\t\t\t\t<div class=\"elementor-element elementor-element-c7171f7 elementor-widget elementor-widget-text-editor\" data-id=\"c7171f7\" data-element_type=\"widget\" data-e-type=\"widget\" data-widget_type=\"text-editor.default\">\n\t\t\t\t<div class=\"elementor-widget-container\">\n\t\t\t\t\t\t\t\t\t<p>Escultura femenina localitzada a la necr\u00f2polis al costat de la porta de Carteia.<\/p><p>Escultures de silens recolzats abra\u00e7ant sengles odres. C\u00f2pia, originals al Museu de Cadis, de marbre, de finals de segle I dC, trobat a les fonts del <em>pulpium<\/em> del teatre.<\/p>\t\t\t\t\t\t\t\t<\/div>\n\t\t\t\t<\/div>\n\t\t\t\t<div class=\"elementor-element elementor-element-b13bc7e elementor-widget elementor-widget-image\" data-id=\"b13bc7e\" data-element_type=\"widget\" data-e-type=\"widget\" data-widget_type=\"image.default\">\n\t\t\t\t<div class=\"elementor-widget-container\">\n\t\t\t\t\t\t\t\t\t\t\t\t<figure class=\"wp-caption\">\n\t\t\t\t\t\t\t\t\t\t<img loading=\"lazy\" decoding=\"async\" width=\"768\" height=\"512\" src=\"https:\/\/www.elturistatranquil.com\/wp-content\/uploads\/F117-Baelo-Claudia-Cadiz.jpg\" class=\"attachment-large size-large wp-image-45893\" alt=\"Baelo Claudia, Cadiz\" srcset=\"https:\/\/www.elturistatranquil.com\/wp-content\/uploads\/F117-Baelo-Claudia-Cadiz.jpg 768w, https:\/\/www.elturistatranquil.com\/wp-content\/uploads\/F117-Baelo-Claudia-Cadiz-339x226.jpg 339w\" sizes=\"(max-width: 768px) 100vw, 768px\" \/>\t\t\t\t\t\t\t\t\t\t\t<figcaption class=\"widget-image-caption wp-caption-text\"><\/figcaption>\n\t\t\t\t\t\t\t\t\t\t<\/figure>\n\t\t\t\t\t\t\t\t\t<\/div>\n\t\t\t\t<\/div>\n\t\t\t\t<div class=\"elementor-element elementor-element-8354bea elementor-widget elementor-widget-text-editor\" data-id=\"8354bea\" data-element_type=\"widget\" data-e-type=\"widget\" data-widget_type=\"text-editor.default\">\n\t\t\t\t<div class=\"elementor-widget-container\">\n\t\t\t\t\t\t\t\t\t<p>Les \u00e0mfores eren essencials en el transport de sala\u00f3 i <em>garum<\/em>.<\/p>\t\t\t\t\t\t\t\t<\/div>\n\t\t\t\t<\/div>\n\t\t\t\t<div class=\"elementor-element elementor-element-b95b5ad elementor-widget elementor-widget-image\" data-id=\"b95b5ad\" data-element_type=\"widget\" data-e-type=\"widget\" data-widget_type=\"image.default\">\n\t\t\t\t<div class=\"elementor-widget-container\">\n\t\t\t\t\t\t\t\t\t\t\t\t<figure class=\"wp-caption\">\n\t\t\t\t\t\t\t\t\t\t<img loading=\"lazy\" decoding=\"async\" width=\"768\" height=\"392\" src=\"https:\/\/www.elturistatranquil.com\/wp-content\/uploads\/F118-Baelo-Claudia-Cadiz.jpg\" class=\"attachment-large size-large wp-image-45895\" alt=\"Baelo Claudia, Cadiz\" srcset=\"https:\/\/www.elturistatranquil.com\/wp-content\/uploads\/F118-Baelo-Claudia-Cadiz.jpg 768w, https:\/\/www.elturistatranquil.com\/wp-content\/uploads\/F118-Baelo-Claudia-Cadiz-339x173.jpg 339w\" sizes=\"(max-width: 768px) 100vw, 768px\" \/>\t\t\t\t\t\t\t\t\t\t\t<figcaption class=\"widget-image-caption wp-caption-text\"><\/figcaption>\n\t\t\t\t\t\t\t\t\t\t<\/figure>\n\t\t\t\t\t\t\t\t\t<\/div>\n\t\t\t\t<\/div>\n\t\t\t\t<div class=\"elementor-element elementor-element-b8e00a7 elementor-widget elementor-widget-text-editor\" data-id=\"b8e00a7\" data-element_type=\"widget\" data-e-type=\"widget\" data-widget_type=\"text-editor.default\">\n\t\t\t\t<div class=\"elementor-widget-container\">\n\t\t\t\t\t\t\t\t\t<p>Rellotge de sol. L&#8217;original al Museu Arqueol\u00f2gic Nacional de Madrid. En marbre del segle I dC., trobat a la que s\u2019ha denominat casa del Rellotge de Sol, a la zona portu\u00e0ria (<strong>7<\/strong>).<\/p>\t\t\t\t\t\t\t\t<\/div>\n\t\t\t\t<\/div>\n\t\t\t\t<div class=\"elementor-element elementor-element-fa3daec elementor-widget elementor-widget-image\" data-id=\"fa3daec\" data-element_type=\"widget\" data-e-type=\"widget\" data-widget_type=\"image.default\">\n\t\t\t\t<div class=\"elementor-widget-container\">\n\t\t\t\t\t\t\t\t\t\t\t\t<figure class=\"wp-caption\">\n\t\t\t\t\t\t\t\t\t\t<img loading=\"lazy\" decoding=\"async\" width=\"768\" height=\"512\" src=\"https:\/\/www.elturistatranquil.com\/wp-content\/uploads\/F119-Baelo-Claudia-Cadiz.jpg\" class=\"attachment-large size-large wp-image-45897\" alt=\"Reloj de Sol. Baelo Claudia, Cadiz\" srcset=\"https:\/\/www.elturistatranquil.com\/wp-content\/uploads\/F119-Baelo-Claudia-Cadiz.jpg 768w, https:\/\/www.elturistatranquil.com\/wp-content\/uploads\/F119-Baelo-Claudia-Cadiz-339x226.jpg 339w\" sizes=\"(max-width: 768px) 100vw, 768px\" \/>\t\t\t\t\t\t\t\t\t\t\t<figcaption class=\"widget-image-caption wp-caption-text\"><\/figcaption>\n\t\t\t\t\t\t\t\t\t\t<\/figure>\n\t\t\t\t\t\t\t\t\t<\/div>\n\t\t\t\t<\/div>\n\t\t\t\t<div class=\"elementor-element elementor-element-272116b elementor-widget elementor-widget-image\" data-id=\"272116b\" data-element_type=\"widget\" data-e-type=\"widget\" data-widget_type=\"image.default\">\n\t\t\t\t<div class=\"elementor-widget-container\">\n\t\t\t\t\t\t\t\t\t\t\t\t<figure class=\"wp-caption\">\n\t\t\t\t\t\t\t\t\t\t<img loading=\"lazy\" decoding=\"async\" width=\"768\" height=\"512\" src=\"https:\/\/www.elturistatranquil.com\/wp-content\/uploads\/F120-Baelo-Claudia-Cadiz.jpg\" class=\"attachment-large size-large wp-image-45899\" alt=\"Baelo Claudia, Cadiz\" srcset=\"https:\/\/www.elturistatranquil.com\/wp-content\/uploads\/F120-Baelo-Claudia-Cadiz.jpg 768w, https:\/\/www.elturistatranquil.com\/wp-content\/uploads\/F120-Baelo-Claudia-Cadiz-339x226.jpg 339w\" sizes=\"(max-width: 768px) 100vw, 768px\" \/>\t\t\t\t\t\t\t\t\t\t\t<figcaption class=\"widget-image-caption wp-caption-text\"><\/figcaption>\n\t\t\t\t\t\t\t\t\t\t<\/figure>\n\t\t\t\t\t\t\t\t\t<\/div>\n\t\t\t\t<\/div>\n\t\t\t\t<div class=\"elementor-element elementor-element-65ae488 elementor-widget elementor-widget-image\" data-id=\"65ae488\" data-element_type=\"widget\" data-e-type=\"widget\" data-widget_type=\"image.default\">\n\t\t\t\t<div class=\"elementor-widget-container\">\n\t\t\t\t\t\t\t\t\t\t\t\t<figure class=\"wp-caption\">\n\t\t\t\t\t\t\t\t\t\t<img loading=\"lazy\" decoding=\"async\" width=\"768\" height=\"512\" src=\"https:\/\/www.elturistatranquil.com\/wp-content\/uploads\/F121-Baelo-Claudia-Cadiz.jpg\" class=\"attachment-large size-large wp-image-45901\" alt=\"Baelo Claudia, Cadiz\" srcset=\"https:\/\/www.elturistatranquil.com\/wp-content\/uploads\/F121-Baelo-Claudia-Cadiz.jpg 768w, https:\/\/www.elturistatranquil.com\/wp-content\/uploads\/F121-Baelo-Claudia-Cadiz-339x226.jpg 339w\" sizes=\"(max-width: 768px) 100vw, 768px\" \/>\t\t\t\t\t\t\t\t\t\t\t<figcaption class=\"widget-image-caption wp-caption-text\"><\/figcaption>\n\t\t\t\t\t\t\t\t\t\t<\/figure>\n\t\t\t\t\t\t\t\t\t<\/div>\n\t\t\t\t<\/div>\n\t\t\t\t<div class=\"elementor-element elementor-element-64e0f7c elementor-widget elementor-widget-text-editor\" data-id=\"64e0f7c\" data-element_type=\"widget\" data-e-type=\"widget\" data-widget_type=\"text-editor.default\">\n\t\t\t\t<div class=\"elementor-widget-container\">\n\t\t\t\t\t\t\t\t\t<p>Escultura romana, c\u00f2pia del <em>Dor\u00edfor<\/em> de Policlet. En marbre del segle II dC.<\/p>\t\t\t\t\t\t\t\t<\/div>\n\t\t\t\t<\/div>\n\t\t\t\t<div class=\"elementor-element elementor-element-4662f98 elementor-widget elementor-widget-image\" data-id=\"4662f98\" data-element_type=\"widget\" data-e-type=\"widget\" data-widget_type=\"image.default\">\n\t\t\t\t<div class=\"elementor-widget-container\">\n\t\t\t\t\t\t\t\t\t\t\t\t<figure class=\"wp-caption\">\n\t\t\t\t\t\t\t\t\t\t<img loading=\"lazy\" decoding=\"async\" width=\"768\" height=\"512\" src=\"https:\/\/www.elturistatranquil.com\/wp-content\/uploads\/F122-Baelo-Claudia-Cadiz.jpg\" class=\"attachment-large size-large wp-image-45903\" alt=\"Baelo Claudia, Cadiz\" srcset=\"https:\/\/www.elturistatranquil.com\/wp-content\/uploads\/F122-Baelo-Claudia-Cadiz.jpg 768w, https:\/\/www.elturistatranquil.com\/wp-content\/uploads\/F122-Baelo-Claudia-Cadiz-339x226.jpg 339w\" sizes=\"(max-width: 768px) 100vw, 768px\" \/>\t\t\t\t\t\t\t\t\t\t\t<figcaption class=\"widget-image-caption wp-caption-text\"><\/figcaption>\n\t\t\t\t\t\t\t\t\t\t<\/figure>\n\t\t\t\t\t\t\t\t\t<\/div>\n\t\t\t\t<\/div>\n\t\t\t\t<div class=\"elementor-element elementor-element-4d08d60 elementor-widget elementor-widget-text-editor\" data-id=\"4d08d60\" data-element_type=\"widget\" data-e-type=\"widget\" data-widget_type=\"text-editor.default\">\n\t\t\t\t<div class=\"elementor-widget-container\">\n\t\t\t\t\t\t\t\t\t<p>Per \u00faltim, unes sales per a exposicions temporals. Durant la nostra visita dedicada al \u201c<em>Garum<\/em>\u201d.<\/p>\t\t\t\t\t\t\t\t<\/div>\n\t\t\t\t<\/div>\n\t\t\t\t<div class=\"elementor-element elementor-element-508388b elementor-widget elementor-widget-image\" data-id=\"508388b\" data-element_type=\"widget\" data-e-type=\"widget\" data-widget_type=\"image.default\">\n\t\t\t\t<div class=\"elementor-widget-container\">\n\t\t\t\t\t\t\t\t\t\t\t\t<figure class=\"wp-caption\">\n\t\t\t\t\t\t\t\t\t\t<img loading=\"lazy\" decoding=\"async\" width=\"768\" height=\"512\" src=\"https:\/\/www.elturistatranquil.com\/wp-content\/uploads\/F123-Baelo-Claudia-Cadiz.jpg\" class=\"attachment-large size-large wp-image-45905\" alt=\"Baelo Claudia, Cadiz\" srcset=\"https:\/\/www.elturistatranquil.com\/wp-content\/uploads\/F123-Baelo-Claudia-Cadiz.jpg 768w, https:\/\/www.elturistatranquil.com\/wp-content\/uploads\/F123-Baelo-Claudia-Cadiz-339x226.jpg 339w\" sizes=\"(max-width: 768px) 100vw, 768px\" \/>\t\t\t\t\t\t\t\t\t\t\t<figcaption class=\"widget-image-caption wp-caption-text\"><\/figcaption>\n\t\t\t\t\t\t\t\t\t\t<\/figure>\n\t\t\t\t\t\t\t\t\t<\/div>\n\t\t\t\t<\/div>\n\t\t\t\t<div class=\"elementor-element elementor-element-2a6049c elementor-widget elementor-widget-image\" data-id=\"2a6049c\" data-element_type=\"widget\" data-e-type=\"widget\" data-widget_type=\"image.default\">\n\t\t\t\t<div class=\"elementor-widget-container\">\n\t\t\t\t\t\t\t\t\t\t\t\t<figure class=\"wp-caption\">\n\t\t\t\t\t\t\t\t\t\t<img loading=\"lazy\" decoding=\"async\" width=\"768\" height=\"512\" src=\"https:\/\/www.elturistatranquil.com\/wp-content\/uploads\/F124-Baelo-Claudia-Cadiz.jpg\" class=\"attachment-large size-large wp-image-45907\" alt=\"Baelo Claudia, Cadiz\" srcset=\"https:\/\/www.elturistatranquil.com\/wp-content\/uploads\/F124-Baelo-Claudia-Cadiz.jpg 768w, https:\/\/www.elturistatranquil.com\/wp-content\/uploads\/F124-Baelo-Claudia-Cadiz-339x226.jpg 339w\" sizes=\"(max-width: 768px) 100vw, 768px\" \/>\t\t\t\t\t\t\t\t\t\t\t<figcaption class=\"widget-image-caption wp-caption-text\"><\/figcaption>\n\t\t\t\t\t\t\t\t\t\t<\/figure>\n\t\t\t\t\t\t\t\t\t<\/div>\n\t\t\t\t<\/div>\n\t\t\t\t<div class=\"elementor-element elementor-element-bb97ee0 elementor-widget elementor-widget-image\" data-id=\"bb97ee0\" data-element_type=\"widget\" data-e-type=\"widget\" data-widget_type=\"image.default\">\n\t\t\t\t<div class=\"elementor-widget-container\">\n\t\t\t\t\t\t\t\t\t\t\t\t<figure class=\"wp-caption\">\n\t\t\t\t\t\t\t\t\t\t<img loading=\"lazy\" decoding=\"async\" width=\"768\" height=\"512\" src=\"https:\/\/www.elturistatranquil.com\/wp-content\/uploads\/F125-Baelo-Claudia-Cadiz.jpg\" class=\"attachment-large size-large wp-image-45909\" alt=\"Baelo Claudia, Cadiz\" srcset=\"https:\/\/www.elturistatranquil.com\/wp-content\/uploads\/F125-Baelo-Claudia-Cadiz.jpg 768w, https:\/\/www.elturistatranquil.com\/wp-content\/uploads\/F125-Baelo-Claudia-Cadiz-339x226.jpg 339w\" sizes=\"(max-width: 768px) 100vw, 768px\" \/>\t\t\t\t\t\t\t\t\t\t\t<figcaption class=\"widget-image-caption wp-caption-text\"><\/figcaption>\n\t\t\t\t\t\t\t\t\t\t<\/figure>\n\t\t\t\t\t\t\t\t\t<\/div>\n\t\t\t\t<\/div>\n\t\t\t\t<div class=\"elementor-element elementor-element-824c1c7 elementor-widget elementor-widget-heading\" data-id=\"824c1c7\" data-element_type=\"widget\" data-e-type=\"widget\" data-widget_type=\"heading.default\">\n\t\t\t\t<div class=\"elementor-widget-container\">\n\t\t\t\t\t<h2 class=\"elementor-heading-title elementor-size-default\">Fi de la visita<\/h2>\t\t\t\t<\/div>\n\t\t\t\t<\/div>\n\t\t\t\t<div class=\"elementor-element elementor-element-c7e9e19 elementor-widget elementor-widget-text-editor\" data-id=\"c7e9e19\" data-element_type=\"widget\" data-e-type=\"widget\" data-widget_type=\"text-editor.default\">\n\t\t\t\t<div class=\"elementor-widget-container\">\n\t\t\t\t\t\t\t\t\t<p>Des del punt de vista d&#8217;una visi\u00f3 total de la ciutat hispanoromana, \u00e9s una ll\u00e0stima que l&#8217;angle sud-est del recinte estigui ocupat per construccions privades posteriors.<\/p><p>Aix\u00f2 ens impedeix apreciar en la seva magnitud veritable el volum del tra\u00e7at urb\u00e0 d&#8217;\u00e8poca augusta i del front portuari.<\/p><p>\u00c9s molt probable que ja no hi hagi restes arqueol\u00f2giques, arrasades per les construccions posteriors fins a les actuals, per\u00f2 amb una senyalitzaci\u00f3 adequada, es disposaria de tot el front mar\u00edtim de la ciutat, per constatar visualment la import\u00e0ncia d&#8217;aquest port comercial i pesquer.<\/p><p>Tot i aix\u00f2, des de la meva profana perspectiva, he de destacar la perfecta planificaci\u00f3, senyalitzaci\u00f3 i informaci\u00f3, de gran qualitat, al llarg del recorregut, que altres enclavaments arqueol\u00f2gics hauria de prendre nota.<\/p><p>De la mateixa manera, per mi, tant l&#8217;estructura arquitect\u00f2nica com la disposici\u00f3 de l&#8217;edifici de recepci\u00f3 i muse\u00edstic mereix un excel\u00b7lent, com he comentat al llarg del <em>Post<\/em>.<\/p>\t\t\t\t\t\t\t\t<\/div>\n\t\t\t\t<\/div>\n\t\t\t\t<div class=\"elementor-element elementor-element-de45609 elementor-widget elementor-widget-heading\" data-id=\"de45609\" data-element_type=\"widget\" data-e-type=\"widget\" data-widget_type=\"heading.default\">\n\t\t\t\t<div class=\"elementor-widget-container\">\n\t\t\t\t\t<h2 class=\"elementor-heading-title elementor-size-default\">Bases d\u2019informaci\u00f3<\/h2>\t\t\t\t<\/div>\n\t\t\t\t<\/div>\n\t\t\t\t<div class=\"elementor-element elementor-element-42dca5ac elementor-widget elementor-widget-text-editor\" data-id=\"42dca5ac\" data-element_type=\"widget\" data-e-type=\"widget\" data-widget_type=\"text-editor.default\">\n\t\t\t\t<div class=\"elementor-widget-container\">\n\t\t\t\t\t\t\t\t\t<p><strong>Webs<\/strong><\/p><p><a href=\"https:\/\/www.museosdeandalucia.es\/web\/conjuntoarqueologicobaeloclaudia\/propuestas-de-recorrido\" target=\"_blank\" rel=\"noopener\">museos-de-andalucia<\/a><\/p><p><a href=\"https:\/\/es.wikipedia.org\/wiki\/Baelo_Claudia\" target=\"_blank\" rel=\"noopener\">wikipedia<\/a><\/p><p><a href=\"https:\/\/www.monumentalnet.org\/monumento.php?r=CA-CAS-161&amp;n=Baelo+Claudia\" target=\"_blank\" rel=\"noopener\">monumentalnet<\/a><\/p><p><a href=\"https:\/\/sites.google.com\/site\/guiaarqueologicadeandalucia\/3-yacimientos\/c%C3%A1diz\/baelo-claudia\" target=\"_blank\" rel=\"noopener\">guia-arqueologica-de-andalucia<\/a><\/p><p><a href=\"https:\/\/artsandculture.google.com\/story\/ywXBn_eApmYnLg?hl=es\" target=\"_blank\" rel=\"noopener\">conservar-mantener-difundir Baelo Claudia<\/a><\/p><p><a href=\"http:\/\/www.redjaen.es\/francis\/?m=b\" target=\"_blank\" rel=\"noopener\">redjaen<\/a><\/p><p><strong>Webs academic<\/strong><\/p><p>\u00c1ngel Mu\u00f1oz Vicente y Jos\u00e9 \u00c1ngel Exp\u00f3sito \u00c1lvarez (2017). <a href=\"http:\/\/www.man.es\/man\/fr\/dam\/jcr:1752000a-e196-49bb-9405-9ec9da2354bf\/man-bol-2017-35-010.pdf\" target=\"_blank\" rel=\"noopener\"><em>El Conjunto Arqueol\u00f3gico de Baelo Claudia y su museo monogr\u00e1fico . Breves notas historiogr\u00e1ficas y de gesti\u00f3n<\/em><\/a><\/p><p>Luc\u00eda Marina Zamorano (2020). <a href=\"https:\/\/idus.us.es\/bitstream\/handle\/11441\/102782\/MARINA_ZAMORANO_L%28179%29.pdf?sequence=1&amp;isAllowed=y\" target=\"_blank\" rel=\"noopener\"><em>El Conjunto Arqueol\u00f3gico de Baelo Claudia: historia del monumento y an\u00e1lisis de su gesti\u00f3n<\/em> <\/a>(Trabajo Fin de Grado)<\/p><p>Alonso Villalobos, Carlos y Garc\u00eda Vargas, Enrique Alberto (2003).\u00a0\u00a0 <a href=\"https:\/\/dialnet.unirioja.es\/descarga\/articulo\/625717.pdf\" target=\"_blank\" rel=\"noopener\"><em>Geopol\u00edtica imperial romana en el Estrecho de Gibraltar: el an\u00e1lisis geoarqueol\u00f3gico del puerto de &#8220;Baelo Claudia&#8221; y el emplazamiento de &#8220;Mellaria&#8221; (Tarifa, C\u00e1diz)<\/em><\/a><\/p><p>Manuel Bendala Gal\u00e1n (2010). <a href=\"https:\/\/journals.openedition.org\/pallas\/13208\" target=\"_blank\" rel=\"noopener\"><em>Baelo Claudia y su personalidad ciudadana y urbana Di\u00e1logo desde el estudio y la amistad<\/em><\/a><\/p><p>Francisco Javier Rojas Pichardo (2009). <a href=\"https:\/\/dialnet.unirioja.es\/descarga\/articulo\/3010275.pdf\" target=\"_blank\" rel=\"noopener\"><em>Bibliograf\u00eda para el conocimiento de la ciudad hispanorromana Baelo Claudia<\/em><\/a><\/p><p>Baelo Claudia. <a href=\"https:\/\/www.juntadeandalucia.es\/educacion\/vscripts\/wbi\/w\/rec\/3213.pdf\" target=\"_blank\" rel=\"noopener\"><em>Cuaderno del profesorado<\/em><\/a><\/p><p>Barrera Rodr\u00edguez, Manuel et. alt. (2013).\u00a0 <a href=\"https:\/\/redined.educacion.gob.es\/xmlui\/handle\/11162\/172434\" target=\"_blank\" rel=\"noopener\"><em>Baelo Claudia, una reconstrucci\u00f3n virtual<\/em><\/a><\/p><p>Casa de Velazquez: <a href=\"https:\/\/www.casadevelazquez.org\/es\/la-casa\/buscar\/\" target=\"_blank\" rel=\"noopener\"><em>Fondo documental Baelo Claudia<\/em><\/a><\/p><p><strong>V\u00eddeo<\/strong><\/p><p>Casa de Vel\u00e1zquez. <a href=\"https:\/\/www.casadevelazquez.org\/es\/novedad\/estreno-del-documental-belo3d-baelo-claudia-100-anos-de-excavaciones-arqueologicas-y-estudios-ar\/\" target=\"_blank\" rel=\"noopener\"><em>Documental BELO3D. Baelo Claudia, 100 a\u00f1os de excavaciones arqueol\u00f3gicas y estudios arquitect\u00f3nicos<\/em><\/a><\/p><p><strong>Videoconfer\u00e8ncia<\/strong><\/p><p><strong>\u00a0<\/strong>Confer\u00e8ncia\u00a8: <a href=\"https:\/\/www.youtube.com\/watch?v=VyGLOjkhHGI\" target=\"_blank\" rel=\"noopener\">Professor Dar\u00edo Bernal Casasola. <em>Baelo Claudia<\/em><\/a><\/p>\t\t\t\t\t\t\t\t<\/div>\n\t\t\t\t<\/div>\n\t\t\t\t\t<\/div>\n\t\t<\/div>\n\t\t\t\t\t<\/div>\n\t\t<\/section>\n\t\t\t\t<\/div>\n\t\t","protected":false},"excerpt":{"rendered":"<p>Baelo Claudia (Cadis) ens ofereix una imatge completa de l&#8217;urbanisme d&#8217;una ciutat hispanoromana fabril i mar\u00edtim comercial. Ciutat romana de Baelo Claudia (Cadis) Baelo Claudia (Google earth 2023-03-12) Paratge: Ensenada &#8230; <a title=\"Ciutat romana de Baelo Claudia (Cadis)\" class=\"read-more\" href=\"https:\/\/www.elturistatranquil.com\/ca\/ciutat-romana-de-baelo-claudia-cadis\/\" aria-label=\"M\u00e9s informaci\u00f3 sobre Ciutat romana de Baelo Claudia (Cadis)\">[ &#8230; ]<\/a><\/p>\n","protected":false},"author":1,"featured_media":45917,"comment_status":"open","ping_status":"closed","sticky":false,"template":"","format":"standard","meta":{"footnotes":""},"categories":[249,214,83,87,92,95,197,69,103,152],"tags":[],"class_list":["post-45925","post","type-post","status-publish","format-standard","has-post-thumbnail","hentry","category-assentments-programats","category-cadis","category-historia-ca","category-joies-al-territori","category-museus","category-paisatge","category-parc-natural","category-arqueologia-industrial-ca","category-roma","category-urbanisme","infinite-scroll-item","generate-columns","tablet-grid-50","mobile-grid-100","grid-parent","grid-50","no-featured-image-padding"],"yoast_head":"<!-- This site is optimized with the Yoast SEO plugin v27.4 - https:\/\/yoast.com\/product\/yoast-seo-wordpress\/ -->\n<title>Ciutat romana de Baelo Claudia (Cadis) - El turista tranquil<\/title>\n<meta name=\"description\" content=\"Baelo Claudia (Cadis) ens ofereix una imatge completa de l&#039;urbanisme d&#039;una ciutat hispanoromana fabril i mar\u00edtim comercial.\" \/>\n<meta name=\"robots\" content=\"index, follow, max-snippet:-1, max-image-preview:large, max-video-preview:-1\" \/>\n<link rel=\"canonical\" href=\"https:\/\/www.elturistatranquil.com\/ca\/ciutat-romana-de-baelo-claudia-cadis\/\" \/>\n<meta property=\"og:locale\" content=\"ca_ES\" \/>\n<meta property=\"og:type\" content=\"article\" \/>\n<meta property=\"og:title\" content=\"Ciutat romana de Baelo Claudia (Cadis) - El turista tranquil\" \/>\n<meta property=\"og:description\" content=\"Baelo Claudia (Cadis) ens ofereix una imatge completa de l&#039;urbanisme d&#039;una ciutat hispanoromana fabril i mar\u00edtim comercial.\" \/>\n<meta property=\"og:url\" content=\"https:\/\/www.elturistatranquil.com\/ca\/ciutat-romana-de-baelo-claudia-cadis\/\" \/>\n<meta property=\"og:site_name\" content=\"El turista tranquil\" \/>\n<meta property=\"article:publisher\" content=\"https:\/\/www.facebook.com\/elturistatranquilo\/\" \/>\n<meta property=\"article:published_time\" content=\"2023-03-23T21:46:32+00:00\" \/>\n<meta property=\"article:modified_time\" content=\"2025-11-30T12:37:11+00:00\" \/>\n<meta property=\"og:image\" content=\"https:\/\/www.elturistatranquil.com\/wp-content\/uploads\/F00a-Baelo-Claudia-Cadiz.jpg\" \/>\n\t<meta property=\"og:image:width\" content=\"768\" \/>\n\t<meta property=\"og:image:height\" content=\"512\" \/>\n\t<meta property=\"og:image:type\" content=\"image\/jpeg\" \/>\n<meta name=\"author\" content=\"admin\" \/>\n<meta name=\"twitter:card\" content=\"summary_large_image\" \/>\n<meta name=\"twitter:label1\" content=\"Escrit per\" \/>\n\t<meta name=\"twitter:data1\" content=\"admin\" \/>\n\t<meta name=\"twitter:label2\" content=\"Temps estimat de lectura\" \/>\n\t<meta name=\"twitter:data2\" content=\"61 minuts\" \/>\n<script type=\"application\/ld+json\" class=\"yoast-schema-graph\">{\"@context\":\"https:\\\/\\\/schema.org\",\"@graph\":[{\"@type\":\"Article\",\"@id\":\"https:\\\/\\\/www.elturistatranquil.com\\\/ca\\\/ciutat-romana-de-baelo-claudia-cadis\\\/#article\",\"isPartOf\":{\"@id\":\"https:\\\/\\\/www.elturistatranquil.com\\\/ca\\\/ciutat-romana-de-baelo-claudia-cadis\\\/\"},\"author\":{\"name\":\"admin\",\"@id\":\"https:\\\/\\\/www.elturistatranquil.com\\\/ca\\\/#\\\/schema\\\/person\\\/16f607c3079b96ed0c530a52e6b58bb5\"},\"headline\":\"Ciutat romana de Baelo Claudia (Cadis)\",\"datePublished\":\"2023-03-23T21:46:32+00:00\",\"dateModified\":\"2025-11-30T12:37:11+00:00\",\"mainEntityOfPage\":{\"@id\":\"https:\\\/\\\/www.elturistatranquil.com\\\/ca\\\/ciutat-romana-de-baelo-claudia-cadis\\\/\"},\"wordCount\":7086,\"commentCount\":0,\"image\":{\"@id\":\"https:\\\/\\\/www.elturistatranquil.com\\\/ca\\\/ciutat-romana-de-baelo-claudia-cadis\\\/#primaryimage\"},\"thumbnailUrl\":\"https:\\\/\\\/www.elturistatranquil.com\\\/wp-content\\\/uploads\\\/F00a-Baelo-Claudia-Cadiz.jpg\",\"articleSection\":[\"Assentaments programats\",\"Cadis\",\"Hist\u00f2ria\",\"Joies al territori\",\"Museus\",\"Paisatge\",\"Parc natural\",\"Patrimoni econ\u00f2mic\\\/productiu\",\"Rom\u00e0\",\"Urbanisme\"],\"inLanguage\":\"ca\",\"potentialAction\":[{\"@type\":\"CommentAction\",\"name\":\"Comment\",\"target\":[\"https:\\\/\\\/www.elturistatranquil.com\\\/ca\\\/ciutat-romana-de-baelo-claudia-cadis\\\/#respond\"]}]},{\"@type\":\"WebPage\",\"@id\":\"https:\\\/\\\/www.elturistatranquil.com\\\/ca\\\/ciutat-romana-de-baelo-claudia-cadis\\\/\",\"url\":\"https:\\\/\\\/www.elturistatranquil.com\\\/ca\\\/ciutat-romana-de-baelo-claudia-cadis\\\/\",\"name\":\"Ciutat romana de Baelo Claudia (Cadis) - El turista tranquil\",\"isPartOf\":{\"@id\":\"https:\\\/\\\/www.elturistatranquil.com\\\/ca\\\/#website\"},\"primaryImageOfPage\":{\"@id\":\"https:\\\/\\\/www.elturistatranquil.com\\\/ca\\\/ciutat-romana-de-baelo-claudia-cadis\\\/#primaryimage\"},\"image\":{\"@id\":\"https:\\\/\\\/www.elturistatranquil.com\\\/ca\\\/ciutat-romana-de-baelo-claudia-cadis\\\/#primaryimage\"},\"thumbnailUrl\":\"https:\\\/\\\/www.elturistatranquil.com\\\/wp-content\\\/uploads\\\/F00a-Baelo-Claudia-Cadiz.jpg\",\"datePublished\":\"2023-03-23T21:46:32+00:00\",\"dateModified\":\"2025-11-30T12:37:11+00:00\",\"author\":{\"@id\":\"https:\\\/\\\/www.elturistatranquil.com\\\/ca\\\/#\\\/schema\\\/person\\\/16f607c3079b96ed0c530a52e6b58bb5\"},\"description\":\"Baelo Claudia (Cadis) ens ofereix una imatge completa de l'urbanisme d'una ciutat hispanoromana fabril i mar\u00edtim comercial.\",\"breadcrumb\":{\"@id\":\"https:\\\/\\\/www.elturistatranquil.com\\\/ca\\\/ciutat-romana-de-baelo-claudia-cadis\\\/#breadcrumb\"},\"inLanguage\":\"ca\",\"potentialAction\":[{\"@type\":\"ReadAction\",\"target\":[\"https:\\\/\\\/www.elturistatranquil.com\\\/ca\\\/ciutat-romana-de-baelo-claudia-cadis\\\/\"]}]},{\"@type\":\"ImageObject\",\"inLanguage\":\"ca\",\"@id\":\"https:\\\/\\\/www.elturistatranquil.com\\\/ca\\\/ciutat-romana-de-baelo-claudia-cadis\\\/#primaryimage\",\"url\":\"https:\\\/\\\/www.elturistatranquil.com\\\/wp-content\\\/uploads\\\/F00a-Baelo-Claudia-Cadiz.jpg\",\"contentUrl\":\"https:\\\/\\\/www.elturistatranquil.com\\\/wp-content\\\/uploads\\\/F00a-Baelo-Claudia-Cadiz.jpg\",\"width\":768,\"height\":512,\"caption\":\"Baelo Claudia, Cadiz\"},{\"@type\":\"BreadcrumbList\",\"@id\":\"https:\\\/\\\/www.elturistatranquil.com\\\/ca\\\/ciutat-romana-de-baelo-claudia-cadis\\\/#breadcrumb\",\"itemListElement\":[{\"@type\":\"ListItem\",\"position\":1,\"name\":\"Portada\",\"item\":\"https:\\\/\\\/www.elturistatranquil.com\\\/ca\\\/\"},{\"@type\":\"ListItem\",\"position\":2,\"name\":\"Ciutat romana de Baelo Claudia (Cadis)\"}]},{\"@type\":\"WebSite\",\"@id\":\"https:\\\/\\\/www.elturistatranquil.com\\\/ca\\\/#website\",\"url\":\"https:\\\/\\\/www.elturistatranquil.com\\\/ca\\\/\",\"name\":\"El turista tranquil\",\"description\":\"Blog de viatges\",\"potentialAction\":[{\"@type\":\"SearchAction\",\"target\":{\"@type\":\"EntryPoint\",\"urlTemplate\":\"https:\\\/\\\/www.elturistatranquil.com\\\/ca\\\/?s={search_term_string}\"},\"query-input\":{\"@type\":\"PropertyValueSpecification\",\"valueRequired\":true,\"valueName\":\"search_term_string\"}}],\"inLanguage\":\"ca\"},{\"@type\":\"Person\",\"@id\":\"https:\\\/\\\/www.elturistatranquil.com\\\/ca\\\/#\\\/schema\\\/person\\\/16f607c3079b96ed0c530a52e6b58bb5\",\"name\":\"admin\",\"image\":{\"@type\":\"ImageObject\",\"inLanguage\":\"ca\",\"@id\":\"https:\\\/\\\/secure.gravatar.com\\\/avatar\\\/1fbaf22aee75fcbb29a2f97b107f95d25d3a19b7c3416105be10269872673e8d?s=96&d=mm&r=g\",\"url\":\"https:\\\/\\\/secure.gravatar.com\\\/avatar\\\/1fbaf22aee75fcbb29a2f97b107f95d25d3a19b7c3416105be10269872673e8d?s=96&d=mm&r=g\",\"contentUrl\":\"https:\\\/\\\/secure.gravatar.com\\\/avatar\\\/1fbaf22aee75fcbb29a2f97b107f95d25d3a19b7c3416105be10269872673e8d?s=96&d=mm&r=g\",\"caption\":\"admin\"}}]}<\/script>\n<!-- \/ Yoast SEO plugin. -->","yoast_head_json":{"title":"Ciutat romana de Baelo Claudia (Cadis) - El turista tranquil","description":"Baelo Claudia (Cadis) ens ofereix una imatge completa de l'urbanisme d'una ciutat hispanoromana fabril i mar\u00edtim comercial.","robots":{"index":"index","follow":"follow","max-snippet":"max-snippet:-1","max-image-preview":"max-image-preview:large","max-video-preview":"max-video-preview:-1"},"canonical":"https:\/\/www.elturistatranquil.com\/ca\/ciutat-romana-de-baelo-claudia-cadis\/","og_locale":"ca_ES","og_type":"article","og_title":"Ciutat romana de Baelo Claudia (Cadis) - El turista tranquil","og_description":"Baelo Claudia (Cadis) ens ofereix una imatge completa de l'urbanisme d'una ciutat hispanoromana fabril i mar\u00edtim comercial.","og_url":"https:\/\/www.elturistatranquil.com\/ca\/ciutat-romana-de-baelo-claudia-cadis\/","og_site_name":"El turista tranquil","article_publisher":"https:\/\/www.facebook.com\/elturistatranquilo\/","article_published_time":"2023-03-23T21:46:32+00:00","article_modified_time":"2025-11-30T12:37:11+00:00","og_image":[{"width":768,"height":512,"url":"https:\/\/www.elturistatranquil.com\/wp-content\/uploads\/F00a-Baelo-Claudia-Cadiz.jpg","type":"image\/jpeg"}],"author":"admin","twitter_card":"summary_large_image","twitter_misc":{"Escrit per":"admin","Temps estimat de lectura":"61 minuts"},"schema":{"@context":"https:\/\/schema.org","@graph":[{"@type":"Article","@id":"https:\/\/www.elturistatranquil.com\/ca\/ciutat-romana-de-baelo-claudia-cadis\/#article","isPartOf":{"@id":"https:\/\/www.elturistatranquil.com\/ca\/ciutat-romana-de-baelo-claudia-cadis\/"},"author":{"name":"admin","@id":"https:\/\/www.elturistatranquil.com\/ca\/#\/schema\/person\/16f607c3079b96ed0c530a52e6b58bb5"},"headline":"Ciutat romana de Baelo Claudia (Cadis)","datePublished":"2023-03-23T21:46:32+00:00","dateModified":"2025-11-30T12:37:11+00:00","mainEntityOfPage":{"@id":"https:\/\/www.elturistatranquil.com\/ca\/ciutat-romana-de-baelo-claudia-cadis\/"},"wordCount":7086,"commentCount":0,"image":{"@id":"https:\/\/www.elturistatranquil.com\/ca\/ciutat-romana-de-baelo-claudia-cadis\/#primaryimage"},"thumbnailUrl":"https:\/\/www.elturistatranquil.com\/wp-content\/uploads\/F00a-Baelo-Claudia-Cadiz.jpg","articleSection":["Assentaments programats","Cadis","Hist\u00f2ria","Joies al territori","Museus","Paisatge","Parc natural","Patrimoni econ\u00f2mic\/productiu","Rom\u00e0","Urbanisme"],"inLanguage":"ca","potentialAction":[{"@type":"CommentAction","name":"Comment","target":["https:\/\/www.elturistatranquil.com\/ca\/ciutat-romana-de-baelo-claudia-cadis\/#respond"]}]},{"@type":"WebPage","@id":"https:\/\/www.elturistatranquil.com\/ca\/ciutat-romana-de-baelo-claudia-cadis\/","url":"https:\/\/www.elturistatranquil.com\/ca\/ciutat-romana-de-baelo-claudia-cadis\/","name":"Ciutat romana de Baelo Claudia (Cadis) - El turista tranquil","isPartOf":{"@id":"https:\/\/www.elturistatranquil.com\/ca\/#website"},"primaryImageOfPage":{"@id":"https:\/\/www.elturistatranquil.com\/ca\/ciutat-romana-de-baelo-claudia-cadis\/#primaryimage"},"image":{"@id":"https:\/\/www.elturistatranquil.com\/ca\/ciutat-romana-de-baelo-claudia-cadis\/#primaryimage"},"thumbnailUrl":"https:\/\/www.elturistatranquil.com\/wp-content\/uploads\/F00a-Baelo-Claudia-Cadiz.jpg","datePublished":"2023-03-23T21:46:32+00:00","dateModified":"2025-11-30T12:37:11+00:00","author":{"@id":"https:\/\/www.elturistatranquil.com\/ca\/#\/schema\/person\/16f607c3079b96ed0c530a52e6b58bb5"},"description":"Baelo Claudia (Cadis) ens ofereix una imatge completa de l'urbanisme d'una ciutat hispanoromana fabril i mar\u00edtim comercial.","breadcrumb":{"@id":"https:\/\/www.elturistatranquil.com\/ca\/ciutat-romana-de-baelo-claudia-cadis\/#breadcrumb"},"inLanguage":"ca","potentialAction":[{"@type":"ReadAction","target":["https:\/\/www.elturistatranquil.com\/ca\/ciutat-romana-de-baelo-claudia-cadis\/"]}]},{"@type":"ImageObject","inLanguage":"ca","@id":"https:\/\/www.elturistatranquil.com\/ca\/ciutat-romana-de-baelo-claudia-cadis\/#primaryimage","url":"https:\/\/www.elturistatranquil.com\/wp-content\/uploads\/F00a-Baelo-Claudia-Cadiz.jpg","contentUrl":"https:\/\/www.elturistatranquil.com\/wp-content\/uploads\/F00a-Baelo-Claudia-Cadiz.jpg","width":768,"height":512,"caption":"Baelo Claudia, Cadiz"},{"@type":"BreadcrumbList","@id":"https:\/\/www.elturistatranquil.com\/ca\/ciutat-romana-de-baelo-claudia-cadis\/#breadcrumb","itemListElement":[{"@type":"ListItem","position":1,"name":"Portada","item":"https:\/\/www.elturistatranquil.com\/ca\/"},{"@type":"ListItem","position":2,"name":"Ciutat romana de Baelo Claudia (Cadis)"}]},{"@type":"WebSite","@id":"https:\/\/www.elturistatranquil.com\/ca\/#website","url":"https:\/\/www.elturistatranquil.com\/ca\/","name":"El turista tranquil","description":"Blog de viatges","potentialAction":[{"@type":"SearchAction","target":{"@type":"EntryPoint","urlTemplate":"https:\/\/www.elturistatranquil.com\/ca\/?s={search_term_string}"},"query-input":{"@type":"PropertyValueSpecification","valueRequired":true,"valueName":"search_term_string"}}],"inLanguage":"ca"},{"@type":"Person","@id":"https:\/\/www.elturistatranquil.com\/ca\/#\/schema\/person\/16f607c3079b96ed0c530a52e6b58bb5","name":"admin","image":{"@type":"ImageObject","inLanguage":"ca","@id":"https:\/\/secure.gravatar.com\/avatar\/1fbaf22aee75fcbb29a2f97b107f95d25d3a19b7c3416105be10269872673e8d?s=96&d=mm&r=g","url":"https:\/\/secure.gravatar.com\/avatar\/1fbaf22aee75fcbb29a2f97b107f95d25d3a19b7c3416105be10269872673e8d?s=96&d=mm&r=g","contentUrl":"https:\/\/secure.gravatar.com\/avatar\/1fbaf22aee75fcbb29a2f97b107f95d25d3a19b7c3416105be10269872673e8d?s=96&d=mm&r=g","caption":"admin"}}]}},"_links":{"self":[{"href":"https:\/\/www.elturistatranquil.com\/ca\/wp-json\/wp\/v2\/posts\/45925","targetHints":{"allow":["GET"]}}],"collection":[{"href":"https:\/\/www.elturistatranquil.com\/ca\/wp-json\/wp\/v2\/posts"}],"about":[{"href":"https:\/\/www.elturistatranquil.com\/ca\/wp-json\/wp\/v2\/types\/post"}],"author":[{"embeddable":true,"href":"https:\/\/www.elturistatranquil.com\/ca\/wp-json\/wp\/v2\/users\/1"}],"replies":[{"embeddable":true,"href":"https:\/\/www.elturistatranquil.com\/ca\/wp-json\/wp\/v2\/comments?post=45925"}],"version-history":[{"count":8,"href":"https:\/\/www.elturistatranquil.com\/ca\/wp-json\/wp\/v2\/posts\/45925\/revisions"}],"predecessor-version":[{"id":62892,"href":"https:\/\/www.elturistatranquil.com\/ca\/wp-json\/wp\/v2\/posts\/45925\/revisions\/62892"}],"wp:featuredmedia":[{"embeddable":true,"href":"https:\/\/www.elturistatranquil.com\/ca\/wp-json\/wp\/v2\/media\/45917"}],"wp:attachment":[{"href":"https:\/\/www.elturistatranquil.com\/ca\/wp-json\/wp\/v2\/media?parent=45925"}],"wp:term":[{"taxonomy":"category","embeddable":true,"href":"https:\/\/www.elturistatranquil.com\/ca\/wp-json\/wp\/v2\/categories?post=45925"},{"taxonomy":"post_tag","embeddable":true,"href":"https:\/\/www.elturistatranquil.com\/ca\/wp-json\/wp\/v2\/tags?post=45925"}],"curies":[{"name":"wp","href":"https:\/\/api.w.org\/{rel}","templated":true}]}}