{"id":46299,"date":"2023-04-22T10:20:13","date_gmt":"2023-04-22T08:20:13","guid":{"rendered":"https:\/\/www.elturistatranquil.com\/?p=46299"},"modified":"2024-03-18T12:41:40","modified_gmt":"2024-03-18T11:41:40","slug":"ermita-de-sant-saturi-soria","status":"publish","type":"post","link":"https:\/\/www.elturistatranquil.com\/ca\/ermita-de-sant-saturi-soria\/","title":{"rendered":"Ermita de Sant Saturi (S\u00f2ria)"},"content":{"rendered":"\t\t<div data-elementor-type=\"wp-post\" data-elementor-id=\"46299\" class=\"elementor elementor-46299 elementor-46168\" data-elementor-post-type=\"post\">\n\t\t\t\t\t\t<section class=\"elementor-section elementor-top-section elementor-element elementor-element-317c824f elementor-section-boxed elementor-section-height-default elementor-section-height-default\" data-id=\"317c824f\" data-element_type=\"section\" data-e-type=\"section\">\n\t\t\t\t\t\t<div class=\"elementor-container elementor-column-gap-default\">\n\t\t\t\t\t<div class=\"elementor-column elementor-col-100 elementor-top-column elementor-element elementor-element-45b5ec12\" data-id=\"45b5ec12\" data-element_type=\"column\" data-e-type=\"column\">\n\t\t\t<div class=\"elementor-widget-wrap elementor-element-populated\">\n\t\t\t\t\t\t<section class=\"elementor-section elementor-inner-section elementor-element elementor-element-658a5e65 elementor-section-content-middle elementor-section-boxed elementor-section-height-default elementor-section-height-default\" data-id=\"658a5e65\" data-element_type=\"section\" data-e-type=\"section\">\n\t\t\t\t\t\t<div class=\"elementor-container elementor-column-gap-default\">\n\t\t\t\t\t<div class=\"elementor-column elementor-col-100 elementor-inner-column elementor-element elementor-element-405daf7b\" data-id=\"405daf7b\" data-element_type=\"column\" data-e-type=\"column\">\n\t\t\t<div class=\"elementor-widget-wrap elementor-element-populated\">\n\t\t\t\t\t\t<div class=\"elementor-element elementor-element-7dcbe16d elementor-widget elementor-widget-text-editor\" data-id=\"7dcbe16d\" data-element_type=\"widget\" data-e-type=\"widget\" data-widget_type=\"text-editor.default\">\n\t\t\t\t<div class=\"elementor-widget-container\">\n\t\t\t\t\t\t\t\t\t<p>L&#8217;<em>Ermita de Sant Saturi<\/em>, a tocar de la ciutat de S\u00f2ria, ofereix el triple al\u00b7licient d&#8217;una cova erem\u00edtica i d\u2019un temple barroc, en un marc natural incomparable en un roquer al costat del ser\u00e8 riu Duero.<\/p>\t\t\t\t\t\t\t\t<\/div>\n\t\t\t\t<\/div>\n\t\t\t\t\t<\/div>\n\t\t<\/div>\n\t\t\t\t\t<\/div>\n\t\t<\/section>\n\t\t\t\t<div class=\"elementor-element elementor-element-189b5354 elementor-widget elementor-widget-heading\" data-id=\"189b5354\" data-element_type=\"widget\" data-e-type=\"widget\" data-widget_type=\"heading.default\">\n\t\t\t\t<div class=\"elementor-widget-container\">\n\t\t\t\t\t<h1 class=\"elementor-heading-title elementor-size-default\">Ermita de Sant Saturi (S\u00f2ria)<\/h1>\t\t\t\t<\/div>\n\t\t\t\t<\/div>\n\t\t\t\t\t<\/div>\n\t\t<\/div>\n\t\t\t\t\t<\/div>\n\t\t<\/section>\n\t\t\t\t<section class=\"elementor-section elementor-top-section elementor-element elementor-element-7ea08e27 elementor-section-boxed elementor-section-height-default elementor-section-height-default\" data-id=\"7ea08e27\" data-element_type=\"section\" data-e-type=\"section\">\n\t\t\t\t\t\t<div class=\"elementor-container elementor-column-gap-default\">\n\t\t\t\t\t<div class=\"elementor-column elementor-col-100 elementor-top-column elementor-element elementor-element-6080ca20\" data-id=\"6080ca20\" data-element_type=\"column\" data-e-type=\"column\">\n\t\t\t<div class=\"elementor-widget-wrap elementor-element-populated\">\n\t\t\t\t\t\t<div class=\"elementor-element elementor-element-2f27b31f elementor-widget elementor-widget-image\" data-id=\"2f27b31f\" data-element_type=\"widget\" data-e-type=\"widget\" data-widget_type=\"image.default\">\n\t\t\t\t<div class=\"elementor-widget-container\">\n\t\t\t\t\t\t\t\t\t\t\t\t<figure class=\"wp-caption\">\n\t\t\t\t\t\t\t\t\t\t<img fetchpriority=\"high\" decoding=\"async\" width=\"768\" height=\"511\" src=\"https:\/\/www.elturistatranquil.com\/wp-content\/uploads\/F01-Ermita-de-San-Saturio-Soria.jpg\" class=\"attachment-large size-large wp-image-46170\" alt=\"Ermita de San Saturio, Soria\" srcset=\"https:\/\/www.elturistatranquil.com\/wp-content\/uploads\/F01-Ermita-de-San-Saturio-Soria.jpg 768w, https:\/\/www.elturistatranquil.com\/wp-content\/uploads\/F01-Ermita-de-San-Saturio-Soria-339x226.jpg 339w\" sizes=\"(max-width: 768px) 100vw, 768px\" \/>\t\t\t\t\t\t\t\t\t\t\t<figcaption class=\"widget-image-caption wp-caption-text\"><\/figcaption>\n\t\t\t\t\t\t\t\t\t\t<\/figure>\n\t\t\t\t\t\t\t\t\t<\/div>\n\t\t\t\t<\/div>\n\t\t\t\t<div class=\"elementor-element elementor-element-3066846a elementor-widget elementor-widget-spacer\" data-id=\"3066846a\" data-element_type=\"widget\" data-e-type=\"widget\" data-widget_type=\"spacer.default\">\n\t\t\t\t<div class=\"elementor-widget-container\">\n\t\t\t\t\t\t\t<div class=\"elementor-spacer\">\n\t\t\t<div class=\"elementor-spacer-inner\"><\/div>\n\t\t<\/div>\n\t\t\t\t\t\t<\/div>\n\t\t\t\t<\/div>\n\t\t\t\t<section class=\"elementor-section elementor-inner-section elementor-element elementor-element-4df4b263 elementor-section-boxed elementor-section-height-default elementor-section-height-default\" data-id=\"4df4b263\" data-element_type=\"section\" data-e-type=\"section\" data-settings=\"{&quot;background_background&quot;:&quot;classic&quot;}\">\n\t\t\t\t\t\t\t<div class=\"elementor-background-overlay\"><\/div>\n\t\t\t\t\t\t\t<div class=\"elementor-container elementor-column-gap-default\">\n\t\t\t\t\t<div class=\"elementor-column elementor-col-100 elementor-inner-column elementor-element elementor-element-2eb9a80f\" data-id=\"2eb9a80f\" data-element_type=\"column\" data-e-type=\"column\" data-settings=\"{&quot;background_background&quot;:&quot;classic&quot;}\">\n\t\t\t<div class=\"elementor-widget-wrap elementor-element-populated\">\n\t\t\t\t\t\t<div class=\"elementor-element elementor-element-3dcf3db3 elementor-widget elementor-widget-text-editor\" data-id=\"3dcf3db3\" data-element_type=\"widget\" data-e-type=\"widget\" data-widget_type=\"text-editor.default\">\n\t\t\t\t<div class=\"elementor-widget-container\">\n\t\t\t\t\t\t\t\t\t<p>Municipi: S\u00f2ria. Comarca: Comarca de S\u00f2ria. Prov\u00edncia: S\u00f2ria. Com. Aut\u00f2noma: Castilla y Le\u00f3n<\/p><p>Coordenades: 41\u00b045\u203213\u2033N 2\u00b027\u203226\u2033O. Altitud:\u00a0 1.013 msnm<\/p><p>Web: <a href=\"https:\/\/www.soria.es\/turismo\/san-saturio\" target=\"_blank\" rel=\"noopener\">soriaturismo<\/a><\/p><p>Visita: 2021<\/p>\t\t\t\t\t\t\t\t<\/div>\n\t\t\t\t<\/div>\n\t\t\t\t\t<\/div>\n\t\t<\/div>\n\t\t\t\t\t<\/div>\n\t\t<\/section>\n\t\t\t\t<div class=\"elementor-element elementor-element-39b61eab elementor-widget elementor-widget-image\" data-id=\"39b61eab\" data-element_type=\"widget\" data-e-type=\"widget\" data-widget_type=\"image.default\">\n\t\t\t\t<div class=\"elementor-widget-container\">\n\t\t\t\t\t\t\t\t\t\t\t\t<figure class=\"wp-caption\">\n\t\t\t\t\t\t\t\t\t\t<img decoding=\"async\" width=\"768\" height=\"512\" src=\"https:\/\/www.elturistatranquil.com\/wp-content\/uploads\/F02c-Mapa-de-situacio-de-lErmita-de-San-Saturio-SoriaGoogle-maps-2023-04-12.jpg\" class=\"attachment-medium_large size-medium_large wp-image-46301\" alt=\"Mapa de situaci\u00f3 Soria (Google maps 2023-04-12)\" srcset=\"https:\/\/www.elturistatranquil.com\/wp-content\/uploads\/F02c-Mapa-de-situacio-de-lErmita-de-San-Saturio-SoriaGoogle-maps-2023-04-12.jpg 768w, https:\/\/www.elturistatranquil.com\/wp-content\/uploads\/F02c-Mapa-de-situacio-de-lErmita-de-San-Saturio-SoriaGoogle-maps-2023-04-12-339x226.jpg 339w\" sizes=\"(max-width: 768px) 100vw, 768px\" \/>\t\t\t\t\t\t\t\t\t\t\t<figcaption class=\"widget-image-caption wp-caption-text\">Mapa de situaci\u00f3n de la Ermita de San Saturio (Google maps 2023-04-12)<\/figcaption>\n\t\t\t\t\t\t\t\t\t\t<\/figure>\n\t\t\t\t\t\t\t\t\t<\/div>\n\t\t\t\t<\/div>\n\t\t\t\t<div class=\"elementor-element elementor-element-75ff750f elementor-widget elementor-widget-spacer\" data-id=\"75ff750f\" data-element_type=\"widget\" data-e-type=\"widget\" data-widget_type=\"spacer.default\">\n\t\t\t\t<div class=\"elementor-widget-container\">\n\t\t\t\t\t\t\t<div class=\"elementor-spacer\">\n\t\t\t<div class=\"elementor-spacer-inner\"><\/div>\n\t\t<\/div>\n\t\t\t\t\t\t<\/div>\n\t\t\t\t<\/div>\n\t\t\t\t<div class=\"elementor-element elementor-element-62534eb9 elementor-toc--minimized-on-tablet elementor-widget elementor-widget-table-of-contents\" data-id=\"62534eb9\" data-element_type=\"widget\" data-e-type=\"widget\" data-settings=\"{&quot;headings_by_tags&quot;:[&quot;h2&quot;,&quot;h3&quot;,&quot;h4&quot;],&quot;marker_view&quot;:&quot;bullets&quot;,&quot;icon&quot;:{&quot;value&quot;:&quot;&quot;,&quot;library&quot;:&quot;&quot;},&quot;no_headings_message&quot;:&quot;No s&#039;ha trobat cap encap\\u00e7alament en aquesta p\\u00e0gina.&quot;,&quot;minimize_box&quot;:&quot;yes&quot;,&quot;minimized_on&quot;:&quot;tablet&quot;,&quot;hierarchical_view&quot;:&quot;yes&quot;,&quot;min_height&quot;:{&quot;unit&quot;:&quot;px&quot;,&quot;size&quot;:&quot;&quot;,&quot;sizes&quot;:[]},&quot;min_height_tablet&quot;:{&quot;unit&quot;:&quot;px&quot;,&quot;size&quot;:&quot;&quot;,&quot;sizes&quot;:[]},&quot;min_height_mobile&quot;:{&quot;unit&quot;:&quot;px&quot;,&quot;size&quot;:&quot;&quot;,&quot;sizes&quot;:[]}}\" data-widget_type=\"table-of-contents.default\">\n\t\t\t\t<div class=\"elementor-widget-container\">\n\t\t\t\t\t\t\t\t\t<div class=\"elementor-toc__header\">\n\t\t\t\t\t\t<h4 class=\"elementor-toc__header-title\">\n\t\t\t\t\u00cdndex\t\t\t<\/h4>\n\t\t\t\t\t\t\t\t\t\t<div class=\"elementor-toc__toggle-button elementor-toc__toggle-button--expand\" role=\"button\" tabindex=\"0\" aria-controls=\"elementor-toc__62534eb9\" aria-expanded=\"true\" aria-label=\"Open table of contents\"><i aria-hidden=\"true\" class=\"fas fa-chevron-down\"><\/i><\/div>\n\t\t\t\t<div class=\"elementor-toc__toggle-button elementor-toc__toggle-button--collapse\" role=\"button\" tabindex=\"0\" aria-controls=\"elementor-toc__62534eb9\" aria-expanded=\"true\" aria-label=\"Close table of contents\"><i aria-hidden=\"true\" class=\"fas fa-chevron-up\"><\/i><\/div>\n\t\t\t\t\t<\/div>\n\t\t\t\t<div id=\"elementor-toc__62534eb9\" class=\"elementor-toc__body\">\n\t\t\t<div class=\"elementor-toc__spinner-container\">\n\t\t\t\t<i class=\"elementor-toc__spinner eicon-animation-spin eicon-loading\" aria-hidden=\"true\"><\/i>\t\t\t<\/div>\n\t\t<\/div>\n\t\t\t\t\t\t<\/div>\n\t\t\t\t<\/div>\n\t\t\t\t<div class=\"elementor-element elementor-element-7ca492ef elementor-widget elementor-widget-menu-anchor\" data-id=\"7ca492ef\" data-element_type=\"widget\" data-e-type=\"widget\" data-widget_type=\"menu-anchor.default\">\n\t\t\t\t<div class=\"elementor-widget-container\">\n\t\t\t\t\t\t\t<div class=\"elementor-menu-anchor\" id=\"a0101-EnlaceaunpuntodentrodelPost\"><\/div>\n\t\t\t\t\t\t<\/div>\n\t\t\t\t<\/div>\n\t\t\t\t<div class=\"elementor-element elementor-element-3b15f916 elementor-widget elementor-widget-spacer\" data-id=\"3b15f916\" data-element_type=\"widget\" data-e-type=\"widget\" data-widget_type=\"spacer.default\">\n\t\t\t\t<div class=\"elementor-widget-container\">\n\t\t\t\t\t\t\t<div class=\"elementor-spacer\">\n\t\t\t<div class=\"elementor-spacer-inner\"><\/div>\n\t\t<\/div>\n\t\t\t\t\t\t<\/div>\n\t\t\t\t<\/div>\n\t\t\t\t<div class=\"elementor-element elementor-element-6e534c63 elementor-widget elementor-widget-heading\" data-id=\"6e534c63\" data-element_type=\"widget\" data-e-type=\"widget\" data-widget_type=\"heading.default\">\n\t\t\t\t<div class=\"elementor-widget-container\">\n\t\t\t\t\t<h2 class=\"elementor-heading-title elementor-size-default\">Ermita de Sant Saturi. S\u00f2ria<\/h2>\t\t\t\t<\/div>\n\t\t\t\t<\/div>\n\t\t\t\t<div class=\"elementor-element elementor-element-46b01b56 elementor-widget elementor-widget-text-editor\" data-id=\"46b01b56\" data-element_type=\"widget\" data-e-type=\"widget\" data-widget_type=\"text-editor.default\">\n\t\t\t\t<div class=\"elementor-widget-container\">\n\t\t\t\t\t\t\t\t\t<p>L&#8217;Ermita de Sant Saturi \u00e9s un dels llocs m\u00e9s emblem\u00e0tics de la ciutat de S\u00f2ria, a Espanya. Es troba ubicada sobre una cova natural, a la vora del riu Duero, i el seu origen es remunta al segle VI.<\/p><p>No \u00e9s f\u00e0cil trobar les coves que van acollir els eremites al seu retir. Per aix\u00f2, \u00e9s de gran inter\u00e8s la visita a l&#8217;Ermita de Sant Saturi, ja que permet poder fer un exercici d&#8217;imaginaci\u00f3 per traslladar-se a l&#8217;ambient de les condicions d&#8217;habitabilitat en qu\u00e8 s&#8217;integraven.<\/p><p>Com veurem, la construcci\u00f3 posterior de l&#8217;edifici de l&#8217;ermita no va afectar la cova en si, encara que, com no podia ser d&#8217;una altra manera, s&#8217;hagin anat introduint amb el temps algunes reformes per facilitar-ne l&#8217;acc\u00e9s, com el pavimentat de la cova, o alguna escala interior. Tot i aix\u00ed, repeteixo, el context permet fer volar la imaginaci\u00f3.<\/p>\t\t\t\t\t\t\t\t<\/div>\n\t\t\t\t<\/div>\n\t\t\t\t<div class=\"elementor-element elementor-element-19590984 elementor-widget elementor-widget-heading\" data-id=\"19590984\" data-element_type=\"widget\" data-e-type=\"widget\" data-widget_type=\"heading.default\">\n\t\t\t\t<div class=\"elementor-widget-container\">\n\t\t\t\t\t<h5 class=\"elementor-heading-title elementor-size-default\">La tradici\u00f3 erem\u00edtica<\/h5>\t\t\t\t<\/div>\n\t\t\t\t<\/div>\n\t\t\t\t<div class=\"elementor-element elementor-element-99dd075 elementor-widget elementor-widget-text-editor\" data-id=\"99dd075\" data-element_type=\"widget\" data-e-type=\"widget\" data-widget_type=\"text-editor.default\">\n\t\t\t\t<div class=\"elementor-widget-container\">\n\t\t\t\t\t\t\t\t\t<p>Els eremites, tamb\u00e9 coneguts com a anacoretes, s\u00f3n persones que decideixen viure soles a la recerca d&#8217;una vida de contemplaci\u00f3 i preg\u00e0ria. L&#8217;origen dels eremites es remunta als primers segles del cristianisme a Egipte i S\u00edria, quan alguns cristians van decidir retirar-se al desert a la recerca d&#8217;una vida de m\u00e9s austeritat i dedicaci\u00f3 a D\u00e9u.<\/p><p>La figura de l&#8217;eremita va tenir una gran influ\u00e8ncia a l&#8217;Edat Mitjana, especialment a Europa, on molts homes i dones es retiraven a les muntanyes o a llocs solitaris per portar una vida de contemplaci\u00f3 i oraci\u00f3. Molts d&#8217;aquests eremites vivien a coves o petites cabanes, dedicant el seu temps a la meditaci\u00f3 i a la recerca de la perfecci\u00f3 espiritual.<\/p>\t\t\t\t\t\t\t\t<\/div>\n\t\t\t\t<\/div>\n\t\t\t\t<div class=\"elementor-element elementor-element-3fc4a446 elementor-widget elementor-widget-heading\" data-id=\"3fc4a446\" data-element_type=\"widget\" data-e-type=\"widget\" data-widget_type=\"heading.default\">\n\t\t\t\t<div class=\"elementor-widget-container\">\n\t\t\t\t\t<h2 class=\"elementor-heading-title elementor-size-default\">Una mica d'hist\u00f2ria<\/h2>\t\t\t\t<\/div>\n\t\t\t\t<\/div>\n\t\t\t\t<div class=\"elementor-element elementor-element-c1ded6c elementor-widget elementor-widget-text-editor\" data-id=\"c1ded6c\" data-element_type=\"widget\" data-e-type=\"widget\" data-widget_type=\"text-editor.default\">\n\t\t\t\t<div class=\"elementor-widget-container\">\n\t\t\t\t\t\t\t\t\t<p>Aquest \u00e9s el cas del qui va arribar a ser <strong>Sant Saturi<\/strong> que, segons la tradici\u00f3, va ser un ermit\u00e0 que va viure a la cova on ara hi ha l&#8217;ermita. Nascut al voltant de l&#8217;any 493, alguns creuen que a S\u00f2ria i altres a Saragossa.<\/p><p>L&#8217;any 532, despr\u00e9s de la mort dels seus pares, va decidir renunciar a la seva her\u00e8ncia, repartint-la entre els pobres, i dedicar-se a la vida erem\u00edtica a la cova que avui dia porta el seu nom a S\u00f2ria, on es va establir i viure la resta de la seva vida, dedicat a la preg\u00e0ria i la penit\u00e8ncia, morint l&#8217;any 568.<\/p><p>Els darrers set anys va tenir un deixeble anomenat Prudenci, natural d&#8217;Armentia (\u00c0laba), que arribaria a ser bisbe de Tarazona (Saragossa) i que \u00e9s tamb\u00e9 venerat com a sant. Tamb\u00e9 s&#8217;esmenta que Sant Saturi va realitzar diversos miracles en vida, com ara la curaci\u00f3 de malalts i l&#8217;alliberament de persones posse\u00efdes pel dimoni.<\/p><p>Despr\u00e9s de la seva mort, la cova es va convertir en lloc de pelegrinatge i va comen\u00e7ar a construir-se una petita ermita sobre ella que, durant l&#8217;Edat Mitjana, va ser lloc de culte i pelegrinatge molt popular entre els habitants de la regi\u00f3.<\/p><p>Les primeres dades que deixen const\u00e0ncia de l&#8217;exist\u00e8ncia d&#8217;un oratori de Sant Miquel que despr\u00e9s va passar a anomenar-se Sant Saturi, daten de l&#8217;any 1148. Posteriorment es van fer algunes reparacions i a causa del perill d&#8217;enfonsament L&#8217;Ajuntament va decidir el 1553 la seva reparaci\u00f3.<\/p><p>Per un nou perill d&#8217;enfonsament, l&#8217;any 1694 es va decidir reedificar l&#8217;ermita de nova planta, que correspon a l&#8217;edifici actual, i va acabar-se el 1704. La construcci\u00f3 va ser encarregada a Juli\u00e1n i Domingo Izaguirre sota el comandament i tra\u00e7a de Juan Antonio Zapata, responsable de les pintures de l&#8217;interior. Segons consta, es van fer servir vuit carretes de pedres de l&#8217;esgl\u00e9sia de Santa Maria de Calata\u00f1azor.<\/p>\t\t\t\t\t\t\t\t<\/div>\n\t\t\t\t<\/div>\n\t\t\t\t<div class=\"elementor-element elementor-element-624353c4 elementor-widget elementor-widget-image\" data-id=\"624353c4\" data-element_type=\"widget\" data-e-type=\"widget\" data-widget_type=\"image.default\">\n\t\t\t\t<div class=\"elementor-widget-container\">\n\t\t\t\t\t\t\t\t\t\t\t\t<figure class=\"wp-caption\">\n\t\t\t\t\t\t\t\t\t\t<img decoding=\"async\" width=\"393\" height=\"590\" src=\"https:\/\/www.elturistatranquil.com\/wp-content\/uploads\/F02b-Dibujo-de-la-ermita-de-San-Saturio-de-Valeriano-Becquer-1876-Fuente-elige-soria.jpg\" class=\"attachment-large size-large wp-image-46182\" alt=\"Dibujo de la ermita de San Saturio de Valeriano Becquer, 1876 (Fuente-elige-soria)\" srcset=\"https:\/\/www.elturistatranquil.com\/wp-content\/uploads\/F02b-Dibujo-de-la-ermita-de-San-Saturio-de-Valeriano-Becquer-1876-Fuente-elige-soria.jpg 393w, https:\/\/www.elturistatranquil.com\/wp-content\/uploads\/F02b-Dibujo-de-la-ermita-de-San-Saturio-de-Valeriano-Becquer-1876-Fuente-elige-soria-151x226.jpg 151w\" sizes=\"(max-width: 393px) 100vw, 393px\" \/>\t\t\t\t\t\t\t\t\t\t\t<figcaption class=\"widget-image-caption wp-caption-text\"><em>Dibuix de l'Ermita de Sant Saturi dibuixat per Valeriano B\u00e9cquer que acompanyava un escrit de Gustavo Adolfo B\u00e9cquer, publicat el 31 d'agost de 1876 a \u201cEl Museo Universal\u201d (Font: <\/em><a href=\"https:\/\/elige.soria.es\/san-saturio-dibujado-y-descrito-por-los-becquer\/\" target=\"_blank\" rel=\"noopener\">elige.soria<\/a><em>\u201d)<\/em><\/figcaption>\n\t\t\t\t\t\t\t\t\t\t<\/figure>\n\t\t\t\t\t\t\t\t\t<\/div>\n\t\t\t\t<\/div>\n\t\t\t\t<div class=\"elementor-element elementor-element-7f2e89b7 elementor-widget elementor-widget-text-editor\" data-id=\"7f2e89b7\" data-element_type=\"widget\" data-e-type=\"widget\" data-widget_type=\"text-editor.default\">\n\t\t\t\t<div class=\"elementor-widget-container\">\n\t\t\t\t\t\t\t\t\t<p>A mitjans segle XVIII, el papa Benet XIV va legitimar la canonitzaci\u00f3 de Sant Saturi, que es celebrava fundada en el leg\u00edtim dret de la tradici\u00f3 i dels costums.<\/p><p>Al segle XVIII es va construir l&#8217;espadanya de tres obertures, i al XIX es van afegir diverses capelles laterals.<\/p><p>Durant l&#8217;ocupaci\u00f3 francesa es va utilitzar la cova com a polvor\u00ed.<\/p><p>En diversos moments va caldre la consolidaci\u00f3 del conjunt en produir-se moviments del terreny.<\/p><p>Actualment, l&#8217;ermita de Sant Saturi continua sent un lloc de gran inter\u00e8s religi\u00f3s i tur\u00edstic a la ciutat de S\u00f2ria. Cada any, al mes d&#8217;octubre, se celebra una romeria en honor del Sant.<\/p>\t\t\t\t\t\t\t\t<\/div>\n\t\t\t\t<\/div>\n\t\t\t\t<div class=\"elementor-element elementor-element-3eada7f elementor-widget elementor-widget-heading\" data-id=\"3eada7f\" data-element_type=\"widget\" data-e-type=\"widget\" data-widget_type=\"heading.default\">\n\t\t\t\t<div class=\"elementor-widget-container\">\n\t\t\t\t\t<h2 class=\"elementor-heading-title elementor-size-default\">La visita a l'ermita de Sant Saturi<\/h2>\t\t\t\t<\/div>\n\t\t\t\t<\/div>\n\t\t\t\t<div class=\"elementor-element elementor-element-06e663e elementor-widget elementor-widget-image\" data-id=\"06e663e\" data-element_type=\"widget\" data-e-type=\"widget\" data-widget_type=\"image.default\">\n\t\t\t\t<div class=\"elementor-widget-container\">\n\t\t\t\t\t\t\t\t\t\t\t\t<figure class=\"wp-caption\">\n\t\t\t\t\t\t\t\t\t\t<img loading=\"lazy\" decoding=\"async\" width=\"768\" height=\"512\" src=\"https:\/\/www.elturistatranquil.com\/wp-content\/uploads\/F03-Localizacion-de-la-Ermita-de-San-Saturio-SoriaGoogle-maps-2023-04-12.jpg\" class=\"attachment-large size-large wp-image-46184\" alt=\"Localizaci\u00f3n de la Ermita de San Saturio, Soria(Google maps 2023-04-12)\" srcset=\"https:\/\/www.elturistatranquil.com\/wp-content\/uploads\/F03-Localizacion-de-la-Ermita-de-San-Saturio-SoriaGoogle-maps-2023-04-12.jpg 768w, https:\/\/www.elturistatranquil.com\/wp-content\/uploads\/F03-Localizacion-de-la-Ermita-de-San-Saturio-SoriaGoogle-maps-2023-04-12-339x226.jpg 339w\" sizes=\"(max-width: 768px) 100vw, 768px\" \/>\t\t\t\t\t\t\t\t\t\t\t<figcaption class=\"widget-image-caption wp-caption-text\">Localitzaci\u00f3 de l'ermita de Sant Saturi i del monestir de Sant Polo, S\u00f2ria (Google earth 2023-04-13)<\/figcaption>\n\t\t\t\t\t\t\t\t\t\t<\/figure>\n\t\t\t\t\t\t\t\t\t<\/div>\n\t\t\t\t<\/div>\n\t\t\t\t<div class=\"elementor-element elementor-element-71bd79d4 elementor-widget elementor-widget-heading\" data-id=\"71bd79d4\" data-element_type=\"widget\" data-e-type=\"widget\" data-widget_type=\"heading.default\">\n\t\t\t\t<div class=\"elementor-widget-container\">\n\t\t\t\t\t<h3 class=\"elementor-heading-title elementor-size-default\">Plantes del conjunt de la cova i l\u2019ermita<\/h3>\t\t\t\t<\/div>\n\t\t\t\t<\/div>\n\t\t\t\t<div class=\"elementor-element elementor-element-3fd6105 elementor-widget elementor-widget-image\" data-id=\"3fd6105\" data-element_type=\"widget\" data-e-type=\"widget\" data-widget_type=\"image.default\">\n\t\t\t\t<div class=\"elementor-widget-container\">\n\t\t\t\t\t\t\t\t\t\t\t\t<figure class=\"wp-caption\">\n\t\t\t\t\t\t\t\t\t\t<img loading=\"lazy\" decoding=\"async\" width=\"768\" height=\"513\" src=\"https:\/\/www.elturistatranquil.com\/wp-content\/uploads\/f03a-Vista-satelite-de-la-Ermita-de-San-Saturio-Soria.jpg\" class=\"attachment-large size-large wp-image-46186\" alt=\"Vista satelite de la Ermita de San Saturio, Soria\" srcset=\"https:\/\/www.elturistatranquil.com\/wp-content\/uploads\/f03a-Vista-satelite-de-la-Ermita-de-San-Saturio-Soria.jpg 768w, https:\/\/www.elturistatranquil.com\/wp-content\/uploads\/f03a-Vista-satelite-de-la-Ermita-de-San-Saturio-Soria-339x226.jpg 339w\" sizes=\"(max-width: 768px) 100vw, 768px\" \/>\t\t\t\t\t\t\t\t\t\t\t<figcaption class=\"widget-image-caption wp-caption-text\"><\/figcaption>\n\t\t\t\t\t\t\t\t\t\t<\/figure>\n\t\t\t\t\t\t\t\t\t<\/div>\n\t\t\t\t<\/div>\n\t\t\t\t<div class=\"elementor-element elementor-element-27a0fc4 elementor-widget elementor-widget-image\" data-id=\"27a0fc4\" data-element_type=\"widget\" data-e-type=\"widget\" data-widget_type=\"image.default\">\n\t\t\t\t<div class=\"elementor-widget-container\">\n\t\t\t\t\t\t\t\t\t\t\t\t<figure class=\"wp-caption\">\n\t\t\t\t\t\t\t\t\t\t<img loading=\"lazy\" decoding=\"async\" width=\"768\" height=\"513\" src=\"https:\/\/www.elturistatranquil.com\/wp-content\/uploads\/F03b-Plantas-Ermita-de-San-Saturio-Soria.-Fuente-Elige-Soria.jpg\" class=\"attachment-large size-large wp-image-46191\" alt=\"Plantas Ermita de San Saturio, Soria. Fuente Elige Soria\" srcset=\"https:\/\/www.elturistatranquil.com\/wp-content\/uploads\/F03b-Plantas-Ermita-de-San-Saturio-Soria.-Fuente-Elige-Soria.jpg 768w, https:\/\/www.elturistatranquil.com\/wp-content\/uploads\/F03b-Plantas-Ermita-de-San-Saturio-Soria.-Fuente-Elige-Soria-339x226.jpg 339w\" sizes=\"(max-width: 768px) 100vw, 768px\" \/>\t\t\t\t\t\t\t\t\t\t\t<figcaption class=\"widget-image-caption wp-caption-text\">Planta de la cova. B. Grutes que s'expandeixen des de la cova. C. Ascens des de la cova, a la capella de Sant Miquel, i fins a la planta superior on s'al\u00e7a l'ermita<\/figcaption>\n\t\t\t\t\t\t\t\t\t\t<\/figure>\n\t\t\t\t\t\t\t\t\t<\/div>\n\t\t\t\t<\/div>\n\t\t\t\t<div class=\"elementor-element elementor-element-8ad8a39 elementor-widget elementor-widget-image\" data-id=\"8ad8a39\" data-element_type=\"widget\" data-e-type=\"widget\" data-widget_type=\"image.default\">\n\t\t\t\t<div class=\"elementor-widget-container\">\n\t\t\t\t\t\t\t\t\t\t\t\t<figure class=\"wp-caption\">\n\t\t\t\t\t\t\t\t\t\t<img loading=\"lazy\" decoding=\"async\" width=\"768\" height=\"512\" src=\"https:\/\/www.elturistatranquil.com\/wp-content\/uploads\/F03c-Plantas-Ermita-de-San-Saturio-Soria.-Fuente-Elige-Soria.jpg\" class=\"attachment-large size-large wp-image-46193\" alt=\"Plantas Ermita de San Saturio, Soria. Fuente Elige Soria\" srcset=\"https:\/\/www.elturistatranquil.com\/wp-content\/uploads\/F03c-Plantas-Ermita-de-San-Saturio-Soria.-Fuente-Elige-Soria.jpg 768w, https:\/\/www.elturistatranquil.com\/wp-content\/uploads\/F03c-Plantas-Ermita-de-San-Saturio-Soria.-Fuente-Elige-Soria-339x226.jpg 339w\" sizes=\"(max-width: 768px) 100vw, 768px\" \/>\t\t\t\t\t\t\t\t\t\t\t<figcaption class=\"widget-image-caption wp-caption-text\"><em>D. Construccions de l\u2019Ermita i accessos. Cartel\u00b7la dels pl\u00e0nols: 1. Cova dels ratpenats. 2. Mur de contenci\u00f3 de terres. 3. Coves (de l'Os i del Fangal). 4. Estacionament de vehicles, 5. Reixa d\u2019entrada. 6. T\u00fanel natural. 7. Vitrall art\u00edstic. 8. Escala interior. 9. Sala del Cabildo de los Heros. 10. Transformador. 11. Capella de Sant Miquel. 12. Primitiu enterrament de Sant Saturi. 13. Llanterna. 14. Habitatge per a capellans. 15. Finestra de la miraculosa caiguda de Romualdo Barranco. 16. Teulades inferiors. 17. Sales. 18. Sagristia-Cambril. 19. Capella principal. 20. Portal. 21. P\u00f2rtic del campanar. 22. Cova tapiada del celler. 23. Escalinata exterior. (Font<\/em><em>: <\/em><a href=\"https:\/\/elige.soria.es\/san-saturio-ermita-y-culto-segun-nicolas-rabal\/\" target=\"_blank\" rel=\"noopener\">eligeSoria<\/a><em>)<\/em><\/figcaption>\n\t\t\t\t\t\t\t\t\t\t<\/figure>\n\t\t\t\t\t\t\t\t\t<\/div>\n\t\t\t\t<\/div>\n\t\t\t\t<div class=\"elementor-element elementor-element-b4bcf02 elementor-widget elementor-widget-text-editor\" data-id=\"b4bcf02\" data-element_type=\"widget\" data-e-type=\"widget\" data-widget_type=\"text-editor.default\">\n\t\t\t\t<div class=\"elementor-widget-container\">\n\t\t\t\t\t\t\t\t\t<p>L&#8217;<strong>Ermita de Sant Saturi<\/strong>, patr\u00f3 de S\u00f2ria, \u00e9s un dels llocs m\u00e9s emblem\u00e0tics de la ciutat i es troba en un entorn natural privilegiat, sobre el riu Duero.<\/p><p>Actualment s&#8217;hi accedeix des de dos punts.<\/p><p>Pel costat esquerre del riu, des de la carretera N-340, travessant el monestir templer de San Polo, i recorrent una mica m\u00e9s d&#8217;un quil\u00f2metre d&#8217;albereda, seguint un magn\u00edfic paisatge pel marge del Duero immortalitzat per Antonio Machado.<\/p><p><em>Estos chopos del r\u00edo, que acompa\u00f1an<br \/>con el sonido de sus hojas secas<br \/>el son del agua cuando el viento sopla,<br \/>tienen en sus cortezas<br \/>grabadas iniciales que son nombres<br \/>de enamorados, cifras que son fechas.<\/em><\/p>\t\t\t\t\t\t\t\t<\/div>\n\t\t\t\t<\/div>\n\t\t\t\t<div class=\"elementor-element elementor-element-ed4b835 elementor-widget elementor-widget-image\" data-id=\"ed4b835\" data-element_type=\"widget\" data-e-type=\"widget\" data-widget_type=\"image.default\">\n\t\t\t\t<div class=\"elementor-widget-container\">\n\t\t\t\t\t\t\t\t\t\t\t\t<figure class=\"wp-caption\">\n\t\t\t\t\t\t\t\t\t\t<img loading=\"lazy\" decoding=\"async\" width=\"768\" height=\"511\" src=\"https:\/\/www.elturistatranquil.com\/wp-content\/uploads\/F04-Rio-Duero-Ermita-de-San-Saturio-Soria.jpg\" class=\"attachment-large size-large wp-image-46195\" alt=\"Rio Duero, Ermita de San Saturio, Soria\" srcset=\"https:\/\/www.elturistatranquil.com\/wp-content\/uploads\/F04-Rio-Duero-Ermita-de-San-Saturio-Soria.jpg 768w, https:\/\/www.elturistatranquil.com\/wp-content\/uploads\/F04-Rio-Duero-Ermita-de-San-Saturio-Soria-339x226.jpg 339w\" sizes=\"(max-width: 768px) 100vw, 768px\" \/>\t\t\t\t\t\t\t\t\t\t\t<figcaption class=\"widget-image-caption wp-caption-text\"><\/figcaption>\n\t\t\t\t\t\t\t\t\t\t<\/figure>\n\t\t\t\t\t\t\t\t\t<\/div>\n\t\t\t\t<\/div>\n\t\t\t\t<div class=\"elementor-element elementor-element-60513b6 elementor-widget elementor-widget-image\" data-id=\"60513b6\" data-element_type=\"widget\" data-e-type=\"widget\" data-widget_type=\"image.default\">\n\t\t\t\t<div class=\"elementor-widget-container\">\n\t\t\t\t\t\t\t\t\t\t\t\t<figure class=\"wp-caption\">\n\t\t\t\t\t\t\t\t\t\t<img loading=\"lazy\" decoding=\"async\" width=\"768\" height=\"511\" src=\"https:\/\/www.elturistatranquil.com\/wp-content\/uploads\/F05-Rio-Duero-Ermita-de-San-Saturio-Soria.jpg\" class=\"attachment-large size-large wp-image-46197\" alt=\"Rio Duero, Ermita de San Saturio, Soria\" srcset=\"https:\/\/www.elturistatranquil.com\/wp-content\/uploads\/F05-Rio-Duero-Ermita-de-San-Saturio-Soria.jpg 768w, https:\/\/www.elturistatranquil.com\/wp-content\/uploads\/F05-Rio-Duero-Ermita-de-San-Saturio-Soria-339x226.jpg 339w\" sizes=\"(max-width: 768px) 100vw, 768px\" \/>\t\t\t\t\t\t\t\t\t\t\t<figcaption class=\"widget-image-caption wp-caption-text\"><\/figcaption>\n\t\t\t\t\t\t\t\t\t\t<\/figure>\n\t\t\t\t\t\t\t\t\t<\/div>\n\t\t\t\t<\/div>\n\t\t\t\t<div class=\"elementor-element elementor-element-ac620c0 elementor-widget elementor-widget-text-editor\" data-id=\"ac620c0\" data-element_type=\"widget\" data-e-type=\"widget\" data-widget_type=\"text-editor.default\">\n\t\t\t\t<div class=\"elementor-widget-container\">\n\t\t\t\t\t\t\t\t\t<p>Des del marge dret del Duero a trav\u00e9s d&#8217;una passarel\u00b7la de vianants fins als peus de l&#8217;ermita.<\/p>\t\t\t\t\t\t\t\t<\/div>\n\t\t\t\t<\/div>\n\t\t\t\t<div class=\"elementor-element elementor-element-94b123f elementor-widget elementor-widget-heading\" data-id=\"94b123f\" data-element_type=\"widget\" data-e-type=\"widget\" data-widget_type=\"heading.default\">\n\t\t\t\t<div class=\"elementor-widget-container\">\n\t\t\t\t\t<h3 class=\"elementor-heading-title elementor-size-default\">L\u2019exterior<\/h3>\t\t\t\t<\/div>\n\t\t\t\t<\/div>\n\t\t\t\t<div class=\"elementor-element elementor-element-d25c31f elementor-widget elementor-widget-text-editor\" data-id=\"d25c31f\" data-element_type=\"widget\" data-e-type=\"widget\" data-widget_type=\"text-editor.default\">\n\t\t\t\t<div class=\"elementor-widget-container\">\n\t\t\t\t\t\t\t\t\t<p>L&#8217;exterior \u00e9s superb, amb el temple del segle XVII adossat al vessant de la muntanya de la serra de Santa Anna, sobre el marge esquerre del Duero, i enfilat sobre un penyal.<\/p>\t\t\t\t\t\t\t\t<\/div>\n\t\t\t\t<\/div>\n\t\t\t\t<div class=\"elementor-element elementor-element-5a2c680 elementor-widget elementor-widget-image\" data-id=\"5a2c680\" data-element_type=\"widget\" data-e-type=\"widget\" data-widget_type=\"image.default\">\n\t\t\t\t<div class=\"elementor-widget-container\">\n\t\t\t\t\t\t\t\t\t\t\t\t<figure class=\"wp-caption\">\n\t\t\t\t\t\t\t\t\t\t<img loading=\"lazy\" decoding=\"async\" width=\"768\" height=\"512\" src=\"https:\/\/www.elturistatranquil.com\/wp-content\/uploads\/F06-Rio-Duero-Ermita-de-San-Saturio-Soria.jpg\" class=\"attachment-large size-large wp-image-46199\" alt=\"Rio Duero, Ermita de San Saturio, Soria\" srcset=\"https:\/\/www.elturistatranquil.com\/wp-content\/uploads\/F06-Rio-Duero-Ermita-de-San-Saturio-Soria.jpg 768w, https:\/\/www.elturistatranquil.com\/wp-content\/uploads\/F06-Rio-Duero-Ermita-de-San-Saturio-Soria-339x226.jpg 339w\" sizes=\"(max-width: 768px) 100vw, 768px\" \/>\t\t\t\t\t\t\t\t\t\t\t<figcaption class=\"widget-image-caption wp-caption-text\"><\/figcaption>\n\t\t\t\t\t\t\t\t\t\t<\/figure>\n\t\t\t\t\t\t\t\t\t<\/div>\n\t\t\t\t<\/div>\n\t\t\t\t<div class=\"elementor-element elementor-element-02c546c elementor-widget elementor-widget-text-editor\" data-id=\"02c546c\" data-element_type=\"widget\" data-e-type=\"widget\" data-widget_type=\"text-editor.default\">\n\t\t\t\t<div class=\"elementor-widget-container\">\n\t\t\t\t\t\t\t\t\t<p>Sobre la base rocosa que aixopluga la cova, es va al\u00e7ar al segle XVII un edifici barroc. Un bloc c\u00fabic amb habitacions (a la dreta de la imatge) a la zona sud-oest, acompanyat a la zona nord-est del temple o capella, de forma octogonal, amb c\u00fapula, llanterna i espadanya.<\/p>\t\t\t\t\t\t\t\t<\/div>\n\t\t\t\t<\/div>\n\t\t\t\t<div class=\"elementor-element elementor-element-630e54d elementor-widget elementor-widget-image\" data-id=\"630e54d\" data-element_type=\"widget\" data-e-type=\"widget\" data-widget_type=\"image.default\">\n\t\t\t\t<div class=\"elementor-widget-container\">\n\t\t\t\t\t\t\t\t\t\t\t\t<figure class=\"wp-caption\">\n\t\t\t\t\t\t\t\t\t\t<img loading=\"lazy\" decoding=\"async\" width=\"768\" height=\"511\" src=\"https:\/\/www.elturistatranquil.com\/wp-content\/uploads\/F07-Ermita-de-San-Saturio-Soria.jpg\" class=\"attachment-large size-large wp-image-46201\" alt=\"Ermita de San Saturio, Soria\" srcset=\"https:\/\/www.elturistatranquil.com\/wp-content\/uploads\/F07-Ermita-de-San-Saturio-Soria.jpg 768w, https:\/\/www.elturistatranquil.com\/wp-content\/uploads\/F07-Ermita-de-San-Saturio-Soria-339x226.jpg 339w\" sizes=\"(max-width: 768px) 100vw, 768px\" \/>\t\t\t\t\t\t\t\t\t\t\t<figcaption class=\"widget-image-caption wp-caption-text\"><\/figcaption>\n\t\t\t\t\t\t\t\t\t\t<\/figure>\n\t\t\t\t\t\t\t\t\t<\/div>\n\t\t\t\t<\/div>\n\t\t\t\t<div class=\"elementor-element elementor-element-5002262 elementor-widget elementor-widget-text-editor\" data-id=\"5002262\" data-element_type=\"widget\" data-e-type=\"widget\" data-widget_type=\"text-editor.default\">\n\t\t\t\t<div class=\"elementor-widget-container\">\n\t\t\t\t\t\t\t\t\t<p>A m\u00e9s de la llanterna sobre la c\u00fapula del temple, a l&#8217;exterior del lateral de l&#8217;evangeli, sobre l&#8217;atri d&#8217;entrada, es culmina amb una espadanya de tres obertures per campanes.<\/p>\t\t\t\t\t\t\t\t<\/div>\n\t\t\t\t<\/div>\n\t\t\t\t<div class=\"elementor-element elementor-element-e603bd2 elementor-widget elementor-widget-image\" data-id=\"e603bd2\" data-element_type=\"widget\" data-e-type=\"widget\" data-widget_type=\"image.default\">\n\t\t\t\t<div class=\"elementor-widget-container\">\n\t\t\t\t\t\t\t\t\t\t\t\t<figure class=\"wp-caption\">\n\t\t\t\t\t\t\t\t\t\t<img loading=\"lazy\" decoding=\"async\" width=\"768\" height=\"511\" src=\"https:\/\/www.elturistatranquil.com\/wp-content\/uploads\/F08-Ermita-de-San-Saturio-Soria.jpg\" class=\"attachment-large size-large wp-image-46203\" alt=\"Ermita de San Saturio, Soria\" srcset=\"https:\/\/www.elturistatranquil.com\/wp-content\/uploads\/F08-Ermita-de-San-Saturio-Soria.jpg 768w, https:\/\/www.elturistatranquil.com\/wp-content\/uploads\/F08-Ermita-de-San-Saturio-Soria-339x226.jpg 339w\" sizes=\"(max-width: 768px) 100vw, 768px\" \/>\t\t\t\t\t\t\t\t\t\t\t<figcaption class=\"widget-image-caption wp-caption-text\"><\/figcaption>\n\t\t\t\t\t\t\t\t\t\t<\/figure>\n\t\t\t\t\t\t\t\t\t<\/div>\n\t\t\t\t<\/div>\n\t\t\t\t<div class=\"elementor-element elementor-element-6072055 elementor-widget elementor-widget-image\" data-id=\"6072055\" data-element_type=\"widget\" data-e-type=\"widget\" data-widget_type=\"image.default\">\n\t\t\t\t<div class=\"elementor-widget-container\">\n\t\t\t\t\t\t\t\t\t\t\t\t<figure class=\"wp-caption\">\n\t\t\t\t\t\t\t\t\t\t<img loading=\"lazy\" decoding=\"async\" width=\"768\" height=\"511\" src=\"https:\/\/www.elturistatranquil.com\/wp-content\/uploads\/F09-Ermita-de-San-Saturio-Soria.jpg\" class=\"attachment-large size-large wp-image-46208\" alt=\"Ermita de San Saturio, Soria\" srcset=\"https:\/\/www.elturistatranquil.com\/wp-content\/uploads\/F09-Ermita-de-San-Saturio-Soria.jpg 768w, https:\/\/www.elturistatranquil.com\/wp-content\/uploads\/F09-Ermita-de-San-Saturio-Soria-339x226.jpg 339w\" sizes=\"(max-width: 768px) 100vw, 768px\" \/>\t\t\t\t\t\t\t\t\t\t\t<figcaption class=\"widget-image-caption wp-caption-text\"><\/figcaption>\n\t\t\t\t\t\t\t\t\t\t<\/figure>\n\t\t\t\t\t\t\t\t\t<\/div>\n\t\t\t\t<\/div>\n\t\t\t\t<div class=\"elementor-element elementor-element-5cf338f elementor-widget elementor-widget-heading\" data-id=\"5cf338f\" data-element_type=\"widget\" data-e-type=\"widget\" data-widget_type=\"heading.default\">\n\t\t\t\t<div class=\"elementor-widget-container\">\n\t\t\t\t\t<h3 class=\"elementor-heading-title elementor-size-default\">La cova<\/h3>\t\t\t\t<\/div>\n\t\t\t\t<\/div>\n\t\t\t\t<div class=\"elementor-element elementor-element-23b70ce elementor-widget elementor-widget-text-editor\" data-id=\"23b70ce\" data-element_type=\"widget\" data-e-type=\"widget\" data-widget_type=\"text-editor.default\">\n\t\t\t\t<div class=\"elementor-widget-container\">\n\t\t\t\t\t\t\t\t\t<p>A la visita, l&#8217;acc\u00e9s (<strong>4<\/strong>) per la planta (<strong>A<\/strong>) s&#8217;efectua a trav\u00e9s de la cova natural (<strong>6<\/strong>) on Sant Saturi, l&#8217;eremita que dona nom a l&#8217;ermita, va viure en solitud i contemplaci\u00f3 durant gran part de la vida .<\/p><p>El fons de la gruta est\u00e0 decorat i il\u00b7luminat amb un vitrall (<strong>7<\/strong>) que representa Sant Saturi al costat del seu deixeble Sant Prudenci.<\/p>\t\t\t\t\t\t\t\t<\/div>\n\t\t\t\t<\/div>\n\t\t\t\t<div class=\"elementor-element elementor-element-1223093 elementor-widget elementor-widget-image\" data-id=\"1223093\" data-element_type=\"widget\" data-e-type=\"widget\" data-widget_type=\"image.default\">\n\t\t\t\t<div class=\"elementor-widget-container\">\n\t\t\t\t\t\t\t\t\t\t\t\t<figure class=\"wp-caption\">\n\t\t\t\t\t\t\t\t\t\t<img loading=\"lazy\" decoding=\"async\" width=\"768\" height=\"511\" src=\"https:\/\/www.elturistatranquil.com\/wp-content\/uploads\/F10-Ermita-de-San-Saturio-Soria.jpg\" class=\"attachment-large size-large wp-image-46210\" alt=\"Ermita de San Saturio, Soria\" srcset=\"https:\/\/www.elturistatranquil.com\/wp-content\/uploads\/F10-Ermita-de-San-Saturio-Soria.jpg 768w, https:\/\/www.elturistatranquil.com\/wp-content\/uploads\/F10-Ermita-de-San-Saturio-Soria-339x226.jpg 339w\" sizes=\"(max-width: 768px) 100vw, 768px\" \/>\t\t\t\t\t\t\t\t\t\t\t<figcaption class=\"widget-image-caption wp-caption-text\"><\/figcaption>\n\t\t\t\t\t\t\t\t\t\t<\/figure>\n\t\t\t\t\t\t\t\t\t<\/div>\n\t\t\t\t<\/div>\n\t\t\t\t<div class=\"elementor-element elementor-element-3aad069 elementor-widget elementor-widget-image\" data-id=\"3aad069\" data-element_type=\"widget\" data-e-type=\"widget\" data-widget_type=\"image.default\">\n\t\t\t\t<div class=\"elementor-widget-container\">\n\t\t\t\t\t\t\t\t\t\t\t\t<figure class=\"wp-caption\">\n\t\t\t\t\t\t\t\t\t\t<img loading=\"lazy\" decoding=\"async\" width=\"768\" height=\"512\" src=\"https:\/\/www.elturistatranquil.com\/wp-content\/uploads\/F11-Ermita-de-San-Saturio-Soria.jpg\" class=\"attachment-large size-large wp-image-46212\" alt=\"Ermita de San Saturio, Soria\" srcset=\"https:\/\/www.elturistatranquil.com\/wp-content\/uploads\/F11-Ermita-de-San-Saturio-Soria.jpg 768w, https:\/\/www.elturistatranquil.com\/wp-content\/uploads\/F11-Ermita-de-San-Saturio-Soria-339x226.jpg 339w\" sizes=\"(max-width: 768px) 100vw, 768px\" \/>\t\t\t\t\t\t\t\t\t\t\t<figcaption class=\"widget-image-caption wp-caption-text\"><\/figcaption>\n\t\t\t\t\t\t\t\t\t\t<\/figure>\n\t\t\t\t\t\t\t\t\t<\/div>\n\t\t\t\t<\/div>\n\t\t\t\t<div class=\"elementor-element elementor-element-aa40704 elementor-widget elementor-widget-text-editor\" data-id=\"aa40704\" data-element_type=\"widget\" data-e-type=\"widget\" data-widget_type=\"text-editor.default\">\n\t\t\t\t<div class=\"elementor-widget-container\">\n\t\t\t\t\t\t\t\t\t<p>De la gran cavitat parteixen diverses grutes (planta <strong>B<\/strong>).<\/p>\t\t\t\t\t\t\t\t<\/div>\n\t\t\t\t<\/div>\n\t\t\t\t<div class=\"elementor-element elementor-element-e4267f1 elementor-widget elementor-widget-image\" data-id=\"e4267f1\" data-element_type=\"widget\" data-e-type=\"widget\" data-widget_type=\"image.default\">\n\t\t\t\t<div class=\"elementor-widget-container\">\n\t\t\t\t\t\t\t\t\t\t\t\t<figure class=\"wp-caption\">\n\t\t\t\t\t\t\t\t\t\t<img loading=\"lazy\" decoding=\"async\" width=\"768\" height=\"512\" src=\"https:\/\/www.elturistatranquil.com\/wp-content\/uploads\/F12-Ermita-de-San-Saturio-Soria.jpg\" class=\"attachment-large size-large wp-image-46214\" alt=\"Ermita de San Saturio, Soria\" srcset=\"https:\/\/www.elturistatranquil.com\/wp-content\/uploads\/F12-Ermita-de-San-Saturio-Soria.jpg 768w, https:\/\/www.elturistatranquil.com\/wp-content\/uploads\/F12-Ermita-de-San-Saturio-Soria-339x226.jpg 339w\" sizes=\"(max-width: 768px) 100vw, 768px\" \/>\t\t\t\t\t\t\t\t\t\t\t<figcaption class=\"widget-image-caption wp-caption-text\"><\/figcaption>\n\t\t\t\t\t\t\t\t\t\t<\/figure>\n\t\t\t\t\t\t\t\t\t<\/div>\n\t\t\t\t<\/div>\n\t\t\t\t<div class=\"elementor-element elementor-element-72f3be8 elementor-widget elementor-widget-text-editor\" data-id=\"72f3be8\" data-element_type=\"widget\" data-e-type=\"widget\" data-widget_type=\"text-editor.default\">\n\t\t\t\t<div class=\"elementor-widget-container\">\n\t\t\t\t\t\t\t\t\t<p>Per la cavitat de la dreta del vitrall, ara amb format de porta, es va ascendint per una gruta natural, per\u00f2 que al llarg del temps ha anat sent modificada, com veurem tot seguit. A l&#8217;origen, era l&#8217;\u00fanic acc\u00e9s als nivells superiors. M\u00e9s endavant, en construir l&#8217;ermita, per l&#8217;exterior es van construir escalinates que s\u00f3n les que menen a la porta del temple i de les depend\u00e8ncies annexes.<\/p>\t\t\t\t\t\t\t\t<\/div>\n\t\t\t\t<\/div>\n\t\t\t\t<div class=\"elementor-element elementor-element-c98c61e elementor-widget elementor-widget-image\" data-id=\"c98c61e\" data-element_type=\"widget\" data-e-type=\"widget\" data-widget_type=\"image.default\">\n\t\t\t\t<div class=\"elementor-widget-container\">\n\t\t\t\t\t\t\t\t\t\t\t\t<figure class=\"wp-caption\">\n\t\t\t\t\t\t\t\t\t\t<img loading=\"lazy\" decoding=\"async\" width=\"768\" height=\"576\" src=\"https:\/\/www.elturistatranquil.com\/wp-content\/uploads\/F13-Ermita-de-San-Saturio-Soria.jpg\" class=\"attachment-large size-large wp-image-46216\" alt=\"Ermita de San Saturio, Soria\" srcset=\"https:\/\/www.elturistatranquil.com\/wp-content\/uploads\/F13-Ermita-de-San-Saturio-Soria.jpg 768w, https:\/\/www.elturistatranquil.com\/wp-content\/uploads\/F13-Ermita-de-San-Saturio-Soria-301x226.jpg 301w\" sizes=\"(max-width: 768px) 100vw, 768px\" \/>\t\t\t\t\t\t\t\t\t\t\t<figcaption class=\"widget-image-caption wp-caption-text\"><\/figcaption>\n\t\t\t\t\t\t\t\t\t\t<\/figure>\n\t\t\t\t\t\t\t\t\t<\/div>\n\t\t\t\t<\/div>\n\t\t\t\t<div class=\"elementor-element elementor-element-e835ca8 elementor-widget elementor-widget-image\" data-id=\"e835ca8\" data-element_type=\"widget\" data-e-type=\"widget\" data-widget_type=\"image.default\">\n\t\t\t\t<div class=\"elementor-widget-container\">\n\t\t\t\t\t\t\t\t\t\t\t\t<figure class=\"wp-caption\">\n\t\t\t\t\t\t\t\t\t\t<img loading=\"lazy\" decoding=\"async\" width=\"768\" height=\"512\" src=\"https:\/\/www.elturistatranquil.com\/wp-content\/uploads\/F14a-Ermita-de-San-Saturio-Soria.jpg\" class=\"attachment-large size-large wp-image-46221\" alt=\"Ermita de San Saturio, Soria\" srcset=\"https:\/\/www.elturistatranquil.com\/wp-content\/uploads\/F14a-Ermita-de-San-Saturio-Soria.jpg 768w, https:\/\/www.elturistatranquil.com\/wp-content\/uploads\/F14a-Ermita-de-San-Saturio-Soria-339x226.jpg 339w\" sizes=\"(max-width: 768px) 100vw, 768px\" \/>\t\t\t\t\t\t\t\t\t\t\t<figcaption class=\"widget-image-caption wp-caption-text\"><\/figcaption>\n\t\t\t\t\t\t\t\t\t\t<\/figure>\n\t\t\t\t\t\t\t\t\t<\/div>\n\t\t\t\t<\/div>\n\t\t\t\t<div class=\"elementor-element elementor-element-439a43d elementor-widget elementor-widget-text-editor\" data-id=\"439a43d\" data-element_type=\"widget\" data-e-type=\"widget\" data-widget_type=\"text-editor.default\">\n\t\t\t\t<div class=\"elementor-widget-container\">\n\t\t\t\t\t\t\t\t\t<p>Un vitrall reprodueix la relaci\u00f3 de Saturi amb Prudenci.<\/p>\t\t\t\t\t\t\t\t<\/div>\n\t\t\t\t<\/div>\n\t\t\t\t<div class=\"elementor-element elementor-element-4348d85 elementor-widget elementor-widget-image\" data-id=\"4348d85\" data-element_type=\"widget\" data-e-type=\"widget\" data-widget_type=\"image.default\">\n\t\t\t\t<div class=\"elementor-widget-container\">\n\t\t\t\t\t\t\t\t\t\t\t\t<figure class=\"wp-caption\">\n\t\t\t\t\t\t\t\t\t\t<img loading=\"lazy\" decoding=\"async\" width=\"768\" height=\"512\" src=\"https:\/\/www.elturistatranquil.com\/wp-content\/uploads\/F14b-Ermita-de-San-Saturio-Soria.jpg\" class=\"attachment-large size-large wp-image-46223\" alt=\"Ermita de San Saturio, Soria\" srcset=\"https:\/\/www.elturistatranquil.com\/wp-content\/uploads\/F14b-Ermita-de-San-Saturio-Soria.jpg 768w, https:\/\/www.elturistatranquil.com\/wp-content\/uploads\/F14b-Ermita-de-San-Saturio-Soria-339x226.jpg 339w\" sizes=\"(max-width: 768px) 100vw, 768px\" \/>\t\t\t\t\t\t\t\t\t\t\t<figcaption class=\"widget-image-caption wp-caption-text\"><\/figcaption>\n\t\t\t\t\t\t\t\t\t\t<\/figure>\n\t\t\t\t\t\t\t\t\t<\/div>\n\t\t\t\t<\/div>\n\t\t\t\t<div class=\"elementor-element elementor-element-adac1fb elementor-widget elementor-widget-heading\" data-id=\"adac1fb\" data-element_type=\"widget\" data-e-type=\"widget\" data-widget_type=\"heading.default\">\n\t\t\t\t<div class=\"elementor-widget-container\">\n\t\t\t\t\t<h5 class=\"elementor-heading-title elementor-size-default\">Sala del Cabildo de los Heros<\/h5>\t\t\t\t<\/div>\n\t\t\t\t<\/div>\n\t\t\t\t<div class=\"elementor-element elementor-element-0d5eaa6 elementor-widget elementor-widget-text-editor\" data-id=\"0d5eaa6\" data-element_type=\"widget\" data-e-type=\"widget\" data-widget_type=\"text-editor.default\">\n\t\t\t\t<div class=\"elementor-widget-container\">\n\t\t\t\t\t\t\t\t\t<p>Al segle XVII es va construir al fons de la cova, separat d&#8217;aquesta per una porta, la sala (<strong>9<\/strong>) on el Cabildo de los Heros, una mena de Tribunal de les Aig\u00fces o germanor de car\u00e0cter agr\u00edcola, celebrava les seves reunions certs dies de l&#8217;any .<\/p><p>Uns seients de pedra carreu permeten reunir-se una vintena de persones.<\/p>\t\t\t\t\t\t\t\t<\/div>\n\t\t\t\t<\/div>\n\t\t\t\t<div class=\"elementor-element elementor-element-f4551b6 elementor-widget elementor-widget-image\" data-id=\"f4551b6\" data-element_type=\"widget\" data-e-type=\"widget\" data-widget_type=\"image.default\">\n\t\t\t\t<div class=\"elementor-widget-container\">\n\t\t\t\t\t\t\t\t\t\t\t\t<figure class=\"wp-caption\">\n\t\t\t\t\t\t\t\t\t\t<img loading=\"lazy\" decoding=\"async\" width=\"768\" height=\"512\" src=\"https:\/\/www.elturistatranquil.com\/wp-content\/uploads\/F15-Ermita-de-San-Saturio-Soria.jpg\" class=\"attachment-large size-large wp-image-46225\" alt=\"Ermita de San Saturio, Soria\" srcset=\"https:\/\/www.elturistatranquil.com\/wp-content\/uploads\/F15-Ermita-de-San-Saturio-Soria.jpg 768w, https:\/\/www.elturistatranquil.com\/wp-content\/uploads\/F15-Ermita-de-San-Saturio-Soria-339x226.jpg 339w\" sizes=\"(max-width: 768px) 100vw, 768px\" \/>\t\t\t\t\t\t\t\t\t\t\t<figcaption class=\"widget-image-caption wp-caption-text\"><\/figcaption>\n\t\t\t\t\t\t\t\t\t\t<\/figure>\n\t\t\t\t\t\t\t\t\t<\/div>\n\t\t\t\t<\/div>\n\t\t\t\t<div class=\"elementor-element elementor-element-0aae4db elementor-widget elementor-widget-text-editor\" data-id=\"0aae4db\" data-element_type=\"widget\" data-e-type=\"widget\" data-widget_type=\"text-editor.default\">\n\t\t\t\t<div class=\"elementor-widget-container\">\n\t\t\t\t\t\t\t\t\t<p>Unes escales (<strong>8<\/strong>) excavades a la roca porten a la capella de Sant Miquel (planta <strong>C<\/strong>).<\/p><p>Amb la reconstrucci\u00f3 del 1697, es va establir l&#8217;entrada a l&#8217;ermita directament pel fons del temple.<\/p>\t\t\t\t\t\t\t\t<\/div>\n\t\t\t\t<\/div>\n\t\t\t\t<div class=\"elementor-element elementor-element-eee9c0a elementor-widget elementor-widget-image\" data-id=\"eee9c0a\" data-element_type=\"widget\" data-e-type=\"widget\" data-widget_type=\"image.default\">\n\t\t\t\t<div class=\"elementor-widget-container\">\n\t\t\t\t\t\t\t\t\t\t\t\t<figure class=\"wp-caption\">\n\t\t\t\t\t\t\t\t\t\t<img loading=\"lazy\" decoding=\"async\" width=\"768\" height=\"512\" src=\"https:\/\/www.elturistatranquil.com\/wp-content\/uploads\/F16-Ermita-de-San-Saturio-Soria.jpg\" class=\"attachment-large size-large wp-image-46230\" alt=\"Ermita de San Saturio, Soria\" srcset=\"https:\/\/www.elturistatranquil.com\/wp-content\/uploads\/F16-Ermita-de-San-Saturio-Soria.jpg 768w, https:\/\/www.elturistatranquil.com\/wp-content\/uploads\/F16-Ermita-de-San-Saturio-Soria-339x226.jpg 339w\" sizes=\"(max-width: 768px) 100vw, 768px\" \/>\t\t\t\t\t\t\t\t\t\t\t<figcaption class=\"widget-image-caption wp-caption-text\"><\/figcaption>\n\t\t\t\t\t\t\t\t\t\t<\/figure>\n\t\t\t\t\t\t\t\t\t<\/div>\n\t\t\t\t<\/div>\n\t\t\t\t<div class=\"elementor-element elementor-element-6e297e3 elementor-widget elementor-widget-heading\" data-id=\"6e297e3\" data-element_type=\"widget\" data-e-type=\"widget\" data-widget_type=\"heading.default\">\n\t\t\t\t<div class=\"elementor-widget-container\">\n\t\t\t\t\t<h5 class=\"elementor-heading-title elementor-size-default\">Capella de Sant Miquel<\/h5>\t\t\t\t<\/div>\n\t\t\t\t<\/div>\n\t\t\t\t<div class=\"elementor-element elementor-element-111462e elementor-widget elementor-widget-text-editor\" data-id=\"111462e\" data-element_type=\"widget\" data-e-type=\"widget\" data-widget_type=\"text-editor.default\">\n\t\t\t\t<div class=\"elementor-widget-container\">\n\t\t\t\t\t\t\t\t\t<p>Un t\u00fanel a la cova (<strong>8<\/strong>), cal suposar que d&#8217;origen natural, encara que re excavat, puja fins a una capella rupestre, anomenada capella de Sant Miquel (<strong>11<\/strong>).<\/p>\t\t\t\t\t\t\t\t<\/div>\n\t\t\t\t<\/div>\n\t\t\t\t<div class=\"elementor-element elementor-element-568de76 elementor-widget elementor-widget-image\" data-id=\"568de76\" data-element_type=\"widget\" data-e-type=\"widget\" data-widget_type=\"image.default\">\n\t\t\t\t<div class=\"elementor-widget-container\">\n\t\t\t\t\t\t\t\t\t\t\t\t<figure class=\"wp-caption\">\n\t\t\t\t\t\t\t\t\t\t<img loading=\"lazy\" decoding=\"async\" width=\"768\" height=\"512\" src=\"https:\/\/www.elturistatranquil.com\/wp-content\/uploads\/F17-Ermita-de-San-Saturio-Soria.jpg\" class=\"attachment-large size-large wp-image-46232\" alt=\"Ermita de San Saturio, Soria\" srcset=\"https:\/\/www.elturistatranquil.com\/wp-content\/uploads\/F17-Ermita-de-San-Saturio-Soria.jpg 768w, https:\/\/www.elturistatranquil.com\/wp-content\/uploads\/F17-Ermita-de-San-Saturio-Soria-339x226.jpg 339w\" sizes=\"(max-width: 768px) 100vw, 768px\" \/>\t\t\t\t\t\t\t\t\t\t\t<figcaption class=\"widget-image-caption wp-caption-text\"><\/figcaption>\n\t\t\t\t\t\t\t\t\t\t<\/figure>\n\t\t\t\t\t\t\t\t\t<\/div>\n\t\t\t\t<\/div>\n\t\t\t\t<div class=\"elementor-element elementor-element-130a30b elementor-widget elementor-widget-text-editor\" data-id=\"130a30b\" data-element_type=\"widget\" data-e-type=\"widget\" data-widget_type=\"text-editor.default\">\n\t\t\t\t<div class=\"elementor-widget-container\">\n\t\t\t\t\t\t\t\t\t<p>Una imatge de l&#8217;Arc\u00e0ngel Sant Miquel presideix el lloc on probablement va habitar i pregar Sant Saturi. En aquest lloc, a la dreta a terra, va ser on Saturi va ser enterrat a la seva mort per Prudenci, segons informa la l\u00e0pida (<strong>12<\/strong>).<\/p>\t\t\t\t\t\t\t\t<\/div>\n\t\t\t\t<\/div>\n\t\t\t\t<div class=\"elementor-element elementor-element-cc3f8b6 elementor-widget elementor-widget-image\" data-id=\"cc3f8b6\" data-element_type=\"widget\" data-e-type=\"widget\" data-widget_type=\"image.default\">\n\t\t\t\t<div class=\"elementor-widget-container\">\n\t\t\t\t\t\t\t\t\t\t\t\t<figure class=\"wp-caption\">\n\t\t\t\t\t\t\t\t\t\t<img loading=\"lazy\" decoding=\"async\" width=\"768\" height=\"512\" src=\"https:\/\/www.elturistatranquil.com\/wp-content\/uploads\/F18-Ermita-de-San-Saturio-Soria.jpg\" class=\"attachment-large size-large wp-image-46234\" alt=\"Ermita de San Saturio, Soria\" srcset=\"https:\/\/www.elturistatranquil.com\/wp-content\/uploads\/F18-Ermita-de-San-Saturio-Soria.jpg 768w, https:\/\/www.elturistatranquil.com\/wp-content\/uploads\/F18-Ermita-de-San-Saturio-Soria-339x226.jpg 339w\" sizes=\"(max-width: 768px) 100vw, 768px\" \/>\t\t\t\t\t\t\t\t\t\t\t<figcaption class=\"widget-image-caption wp-caption-text\"><\/figcaption>\n\t\t\t\t\t\t\t\t\t\t<\/figure>\n\t\t\t\t\t\t\t\t\t<\/div>\n\t\t\t\t<\/div>\n\t\t\t\t<div class=\"elementor-element elementor-element-0b9d76a elementor-widget elementor-widget-text-editor\" data-id=\"0b9d76a\" data-element_type=\"widget\" data-e-type=\"widget\" data-widget_type=\"text-editor.default\">\n\t\t\t\t<div class=\"elementor-widget-container\">\n\t\t\t\t\t\t\t\t\t<p>L&#8217;altar dedicat a l&#8217;arc\u00e0ngel Sant Miquel, per qui sentia devoci\u00f3 Saturi, i a qui estava dedicada la primera ermita.<\/p>\t\t\t\t\t\t\t\t<\/div>\n\t\t\t\t<\/div>\n\t\t\t\t<div class=\"elementor-element elementor-element-1a5940d elementor-widget elementor-widget-image\" data-id=\"1a5940d\" data-element_type=\"widget\" data-e-type=\"widget\" data-widget_type=\"image.default\">\n\t\t\t\t<div class=\"elementor-widget-container\">\n\t\t\t\t\t\t\t\t\t\t\t\t<figure class=\"wp-caption\">\n\t\t\t\t\t\t\t\t\t\t<img loading=\"lazy\" decoding=\"async\" width=\"768\" height=\"512\" src=\"https:\/\/www.elturistatranquil.com\/wp-content\/uploads\/F20-Ermita-de-San-Saturio-Soria.jpg\" class=\"attachment-large size-large wp-image-46238\" alt=\"Ermita de San Saturio, Soria\" srcset=\"https:\/\/www.elturistatranquil.com\/wp-content\/uploads\/F20-Ermita-de-San-Saturio-Soria.jpg 768w, https:\/\/www.elturistatranquil.com\/wp-content\/uploads\/F20-Ermita-de-San-Saturio-Soria-339x226.jpg 339w\" sizes=\"(max-width: 768px) 100vw, 768px\" \/>\t\t\t\t\t\t\t\t\t\t\t<figcaption class=\"widget-image-caption wp-caption-text\"><\/figcaption>\n\t\t\t\t\t\t\t\t\t\t<\/figure>\n\t\t\t\t\t\t\t\t\t<\/div>\n\t\t\t\t<\/div>\n\t\t\t\t<div class=\"elementor-element elementor-element-5ceeb76 elementor-widget elementor-widget-image\" data-id=\"5ceeb76\" data-element_type=\"widget\" data-e-type=\"widget\" data-widget_type=\"image.default\">\n\t\t\t\t<div class=\"elementor-widget-container\">\n\t\t\t\t\t\t\t\t\t\t\t\t<figure class=\"wp-caption\">\n\t\t\t\t\t\t\t\t\t\t<img loading=\"lazy\" decoding=\"async\" width=\"768\" height=\"512\" src=\"https:\/\/www.elturistatranquil.com\/wp-content\/uploads\/F19-Ermita-de-San-Saturio-Soria.jpg\" class=\"attachment-large size-large wp-image-46236\" alt=\"Ermita de San Saturio, Soria\" srcset=\"https:\/\/www.elturistatranquil.com\/wp-content\/uploads\/F19-Ermita-de-San-Saturio-Soria.jpg 768w, https:\/\/www.elturistatranquil.com\/wp-content\/uploads\/F19-Ermita-de-San-Saturio-Soria-339x226.jpg 339w\" sizes=\"(max-width: 768px) 100vw, 768px\" \/>\t\t\t\t\t\t\t\t\t\t\t<figcaption class=\"widget-image-caption wp-caption-text\"><\/figcaption>\n\t\t\t\t\t\t\t\t\t\t<\/figure>\n\t\t\t\t\t\t\t\t\t<\/div>\n\t\t\t\t<\/div>\n\t\t\t\t<div class=\"elementor-element elementor-element-d2bc49c elementor-widget elementor-widget-text-editor\" data-id=\"d2bc49c\" data-element_type=\"widget\" data-e-type=\"widget\" data-widget_type=\"text-editor.default\">\n\t\t\t\t<div class=\"elementor-widget-container\">\n\t\t\t\t\t\t\t\t\t<p>L&#8217;\u00f2cul per sobre de la imatge de Sant Saturi era una obertura a la roca que il\u00b7luminava de forma natural aquesta estan\u00e7a.<\/p>\t\t\t\t\t\t\t\t<\/div>\n\t\t\t\t<\/div>\n\t\t\t\t<div class=\"elementor-element elementor-element-c819d3a elementor-widget elementor-widget-image\" data-id=\"c819d3a\" data-element_type=\"widget\" data-e-type=\"widget\" data-widget_type=\"image.default\">\n\t\t\t\t<div class=\"elementor-widget-container\">\n\t\t\t\t\t\t\t\t\t\t\t\t<figure class=\"wp-caption\">\n\t\t\t\t\t\t\t\t\t\t<img loading=\"lazy\" decoding=\"async\" width=\"768\" height=\"512\" src=\"https:\/\/www.elturistatranquil.com\/wp-content\/uploads\/F21-Ermita-de-San-Saturio-Soria.jpg\" class=\"attachment-large size-large wp-image-46240\" alt=\"Ermita de San Saturio, Soria\" srcset=\"https:\/\/www.elturistatranquil.com\/wp-content\/uploads\/F21-Ermita-de-San-Saturio-Soria.jpg 768w, https:\/\/www.elturistatranquil.com\/wp-content\/uploads\/F21-Ermita-de-San-Saturio-Soria-339x226.jpg 339w\" sizes=\"(max-width: 768px) 100vw, 768px\" \/>\t\t\t\t\t\t\t\t\t\t\t<figcaption class=\"widget-image-caption wp-caption-text\"><\/figcaption>\n\t\t\t\t\t\t\t\t\t\t<\/figure>\n\t\t\t\t\t\t\t\t\t<\/div>\n\t\t\t\t<\/div>\n\t\t\t\t<div class=\"elementor-element elementor-element-33e13a6 elementor-widget elementor-widget-heading\" data-id=\"33e13a6\" data-element_type=\"widget\" data-e-type=\"widget\" data-widget_type=\"heading.default\">\n\t\t\t\t<div class=\"elementor-widget-container\">\n\t\t\t\t\t<h5 class=\"elementor-heading-title elementor-size-default\">Finestra amb vitrall<\/h5>\t\t\t\t<\/div>\n\t\t\t\t<\/div>\n\t\t\t\t<div class=\"elementor-element elementor-element-2566770 elementor-widget elementor-widget-text-editor\" data-id=\"2566770\" data-element_type=\"widget\" data-e-type=\"widget\" data-widget_type=\"text-editor.default\">\n\t\t\t\t<div class=\"elementor-widget-container\">\n\t\t\t\t\t\t\t\t\t<p>Al recorregut, en una finestra sobre la vall del Duero, cont\u00e9 un vitrall (<strong>15<\/strong>) que explica un dels miracles que s&#8217;atribueixen a Sant Saturi i diu: \u201c<em>Romualdo Barranco, natural de Carbonera. ni\u00f1o de 6 a\u00f1os y medio, habiendo ca\u00eddo desde esta ventana hasta cerca de la orilla del Duero, fue hallado, puesto de rodillas, sin haber recibido lesi\u00f3n alguna por intercesi\u00f3n del Santo. A\u00f1o 1772. (La veneciana SA Zaragoza 1943)<\/em>\u201d.<\/p>\t\t\t\t\t\t\t\t<\/div>\n\t\t\t\t<\/div>\n\t\t\t\t<div class=\"elementor-element elementor-element-174cf41 elementor-widget elementor-widget-image\" data-id=\"174cf41\" data-element_type=\"widget\" data-e-type=\"widget\" data-widget_type=\"image.default\">\n\t\t\t\t<div class=\"elementor-widget-container\">\n\t\t\t\t\t\t\t\t\t\t\t\t<figure class=\"wp-caption\">\n\t\t\t\t\t\t\t\t\t\t<img loading=\"lazy\" decoding=\"async\" width=\"768\" height=\"512\" src=\"https:\/\/www.elturistatranquil.com\/wp-content\/uploads\/F22-Ermita-de-San-Saturio-Soria.jpg\" class=\"attachment-large size-large wp-image-46245\" alt=\"Ermita de San Saturio, Soria\" srcset=\"https:\/\/www.elturistatranquil.com\/wp-content\/uploads\/F22-Ermita-de-San-Saturio-Soria.jpg 768w, https:\/\/www.elturistatranquil.com\/wp-content\/uploads\/F22-Ermita-de-San-Saturio-Soria-339x226.jpg 339w\" sizes=\"(max-width: 768px) 100vw, 768px\" \/>\t\t\t\t\t\t\t\t\t\t\t<figcaption class=\"widget-image-caption wp-caption-text\"><\/figcaption>\n\t\t\t\t\t\t\t\t\t\t<\/figure>\n\t\t\t\t\t\t\t\t\t<\/div>\n\t\t\t\t<\/div>\n\t\t\t\t<div class=\"elementor-element elementor-element-0203e44 elementor-widget elementor-widget-heading\" data-id=\"0203e44\" data-element_type=\"widget\" data-e-type=\"widget\" data-widget_type=\"heading.default\">\n\t\t\t\t<div class=\"elementor-widget-container\">\n\t\t\t\t\t<h3 class=\"elementor-heading-title elementor-size-default\">L\u2019ermita<\/h3>\t\t\t\t<\/div>\n\t\t\t\t<\/div>\n\t\t\t\t<div class=\"elementor-element elementor-element-26f9f13 elementor-widget elementor-widget-text-editor\" data-id=\"26f9f13\" data-element_type=\"widget\" data-e-type=\"widget\" data-widget_type=\"text-editor.default\">\n\t\t\t\t<div class=\"elementor-widget-container\">\n\t\t\t\t\t\t\t\t\t<p>Arribem al nivell superior (<strong>D<\/strong>), on es troben les edificacions constru\u00efdes sobre el penyal que corresponen al temple i a les construccions auxiliars de l&#8217;ermita.<\/p>\t\t\t\t\t\t\t\t<\/div>\n\t\t\t\t<\/div>\n\t\t\t\t<div class=\"elementor-element elementor-element-e0c25df elementor-widget elementor-widget-heading\" data-id=\"e0c25df\" data-element_type=\"widget\" data-e-type=\"widget\" data-widget_type=\"heading.default\">\n\t\t\t\t<div class=\"elementor-widget-container\">\n\t\t\t\t\t<h5 class=\"elementor-heading-title elementor-size-default\">Sales capitulars i sala de Sant Saturi<\/h5>\t\t\t\t<\/div>\n\t\t\t\t<\/div>\n\t\t\t\t<div class=\"elementor-element elementor-element-d5711eb elementor-widget elementor-widget-text-editor\" data-id=\"d5711eb\" data-element_type=\"widget\" data-e-type=\"widget\" data-widget_type=\"text-editor.default\">\n\t\t\t\t<div class=\"elementor-widget-container\">\n\t\t\t\t\t\t\t\t\t<p>Dues sales capitulars (<strong>17<\/strong>) eren l\u2019habitatge dels antics capellans., despr\u00e9s reservada per als canonges de la Col\u00b7legiata o els capitulars de l&#8217;Ajuntament.<\/p>\t\t\t\t\t\t\t\t<\/div>\n\t\t\t\t<\/div>\n\t\t\t\t<div class=\"elementor-element elementor-element-621f935 elementor-widget elementor-widget-image\" data-id=\"621f935\" data-element_type=\"widget\" data-e-type=\"widget\" data-widget_type=\"image.default\">\n\t\t\t\t<div class=\"elementor-widget-container\">\n\t\t\t\t\t\t\t\t\t\t\t\t<figure class=\"wp-caption\">\n\t\t\t\t\t\t\t\t\t\t<img loading=\"lazy\" decoding=\"async\" width=\"768\" height=\"512\" src=\"https:\/\/www.elturistatranquil.com\/wp-content\/uploads\/F23-Ermita-de-San-Saturio-Soria.jpg\" class=\"attachment-large size-large wp-image-46247\" alt=\"Ermita de San Saturio, Soria\" srcset=\"https:\/\/www.elturistatranquil.com\/wp-content\/uploads\/F23-Ermita-de-San-Saturio-Soria.jpg 768w, https:\/\/www.elturistatranquil.com\/wp-content\/uploads\/F23-Ermita-de-San-Saturio-Soria-339x226.jpg 339w\" sizes=\"(max-width: 768px) 100vw, 768px\" \/>\t\t\t\t\t\t\t\t\t\t\t<figcaption class=\"widget-image-caption wp-caption-text\"><\/figcaption>\n\t\t\t\t\t\t\t\t\t\t<\/figure>\n\t\t\t\t\t\t\t\t\t<\/div>\n\t\t\t\t<\/div>\n\t\t\t\t<div class=\"elementor-element elementor-element-fe5d182 elementor-widget elementor-widget-image\" data-id=\"fe5d182\" data-element_type=\"widget\" data-e-type=\"widget\" data-widget_type=\"image.default\">\n\t\t\t\t<div class=\"elementor-widget-container\">\n\t\t\t\t\t\t\t\t\t\t\t\t<figure class=\"wp-caption\">\n\t\t\t\t\t\t\t\t\t\t<img loading=\"lazy\" decoding=\"async\" width=\"768\" height=\"512\" src=\"https:\/\/www.elturistatranquil.com\/wp-content\/uploads\/F24-Ermita-de-San-Saturio-Soria.jpg\" class=\"attachment-large size-large wp-image-46249\" alt=\"Ermita de San Saturio, Soria\" srcset=\"https:\/\/www.elturistatranquil.com\/wp-content\/uploads\/F24-Ermita-de-San-Saturio-Soria.jpg 768w, https:\/\/www.elturistatranquil.com\/wp-content\/uploads\/F24-Ermita-de-San-Saturio-Soria-339x226.jpg 339w\" sizes=\"(max-width: 768px) 100vw, 768px\" \/>\t\t\t\t\t\t\t\t\t\t\t<figcaption class=\"widget-image-caption wp-caption-text\"><\/figcaption>\n\t\t\t\t\t\t\t\t\t\t<\/figure>\n\t\t\t\t\t\t\t\t\t<\/div>\n\t\t\t\t<\/div>\n\t\t\t\t<div class=\"elementor-element elementor-element-2c12d44 elementor-widget elementor-widget-image\" data-id=\"2c12d44\" data-element_type=\"widget\" data-e-type=\"widget\" data-widget_type=\"image.default\">\n\t\t\t\t<div class=\"elementor-widget-container\">\n\t\t\t\t\t\t\t\t\t\t\t\t<figure class=\"wp-caption\">\n\t\t\t\t\t\t\t\t\t\t<img loading=\"lazy\" decoding=\"async\" width=\"768\" height=\"512\" src=\"https:\/\/www.elturistatranquil.com\/wp-content\/uploads\/F25-Ermita-de-San-Saturio-Soria.jpg\" class=\"attachment-large size-large wp-image-46251\" alt=\"Ermita de San Saturio, Soria\" srcset=\"https:\/\/www.elturistatranquil.com\/wp-content\/uploads\/F25-Ermita-de-San-Saturio-Soria.jpg 768w, https:\/\/www.elturistatranquil.com\/wp-content\/uploads\/F25-Ermita-de-San-Saturio-Soria-339x226.jpg 339w\" sizes=\"(max-width: 768px) 100vw, 768px\" \/>\t\t\t\t\t\t\t\t\t\t\t<figcaption class=\"widget-image-caption wp-caption-text\"><\/figcaption>\n\t\t\t\t\t\t\t\t\t\t<\/figure>\n\t\t\t\t\t\t\t\t\t<\/div>\n\t\t\t\t<\/div>\n\t\t\t\t<div class=\"elementor-element elementor-element-f68d3ee elementor-widget elementor-widget-text-editor\" data-id=\"f68d3ee\" data-element_type=\"widget\" data-e-type=\"widget\" data-widget_type=\"text-editor.default\">\n\t\t\t\t<div class=\"elementor-widget-container\">\n\t\t\t\t\t\t\t\t\t<p>Fins fa pocs anys, el santuari va estar cuidat per un santer. Des de sempre l&#8217;ermita de Sant Saturi s&#8217;ha vinculat amb el seu santer, una figura l&#8217;exist\u00e8ncia de la qual es remunta, si m\u00e9s no, al segle XVI, segons la documentaci\u00f3 conservada a la cocatedral de Sant Pere. Residia a l&#8217;ermita, i tenia un salari i obligacions, entre les quals rec\u00f3rrer cada setmana la ciutat de S\u00f2ria sol\u00b7licitant \u00f2bols per al manteniment de l&#8217;ermita, i havia de vestir una saia d&#8217;ermit\u00e0, tot i que era un empleat contractat.<\/p><p>Actualment la vigil\u00e0ncia i la cura del lloc corre a c\u00e0rrec d&#8217;un funcionari contractat per l&#8217;Ajuntament, sense que hagi de vestir saia.<\/p><p>L&#8217;habitaci\u00f3 era la resid\u00e8ncia del santer.<\/p>\t\t\t\t\t\t\t\t<\/div>\n\t\t\t\t<\/div>\n\t\t\t\t<div class=\"elementor-element elementor-element-57ff4fc elementor-widget elementor-widget-image\" data-id=\"57ff4fc\" data-element_type=\"widget\" data-e-type=\"widget\" data-widget_type=\"image.default\">\n\t\t\t\t<div class=\"elementor-widget-container\">\n\t\t\t\t\t\t\t\t\t\t\t\t<figure class=\"wp-caption\">\n\t\t\t\t\t\t\t\t\t\t<img loading=\"lazy\" decoding=\"async\" width=\"768\" height=\"512\" src=\"https:\/\/www.elturistatranquil.com\/wp-content\/uploads\/F26-Ermita-de-San-Saturio-Soria.jpg\" class=\"attachment-large size-large wp-image-46256\" alt=\"Ermita de San Saturio, Soria\" srcset=\"https:\/\/www.elturistatranquil.com\/wp-content\/uploads\/F26-Ermita-de-San-Saturio-Soria.jpg 768w, https:\/\/www.elturistatranquil.com\/wp-content\/uploads\/F26-Ermita-de-San-Saturio-Soria-339x226.jpg 339w\" sizes=\"(max-width: 768px) 100vw, 768px\" \/>\t\t\t\t\t\t\t\t\t\t\t<figcaption class=\"widget-image-caption wp-caption-text\"><\/figcaption>\n\t\t\t\t\t\t\t\t\t\t<\/figure>\n\t\t\t\t\t\t\t\t\t<\/div>\n\t\t\t\t<\/div>\n\t\t\t\t<div class=\"elementor-element elementor-element-d3d0864 elementor-widget elementor-widget-heading\" data-id=\"d3d0864\" data-element_type=\"widget\" data-e-type=\"widget\" data-widget_type=\"heading.default\">\n\t\t\t\t<div class=\"elementor-widget-container\">\n\t\t\t\t\t<h5 class=\"elementor-heading-title elementor-size-default\">Sagristia<\/h5>\t\t\t\t<\/div>\n\t\t\t\t<\/div>\n\t\t\t\t<div class=\"elementor-element elementor-element-a4463fa elementor-widget elementor-widget-text-editor\" data-id=\"a4463fa\" data-element_type=\"widget\" data-e-type=\"widget\" data-widget_type=\"text-editor.default\">\n\t\t\t\t<div class=\"elementor-widget-container\">\n\t\t\t\t\t\t\t\t\t<p>Un retaule barroc ocupa avui l&#8217;espai on s&#8217;aixecava l&#8217;altar documentat al segle XVIII com a \u201ccambril del Sant Crist\u201d.<\/p>\t\t\t\t\t\t\t\t<\/div>\n\t\t\t\t<\/div>\n\t\t\t\t<div class=\"elementor-element elementor-element-8b3de65 elementor-widget elementor-widget-image\" data-id=\"8b3de65\" data-element_type=\"widget\" data-e-type=\"widget\" data-widget_type=\"image.default\">\n\t\t\t\t<div class=\"elementor-widget-container\">\n\t\t\t\t\t\t\t\t\t\t\t\t<figure class=\"wp-caption\">\n\t\t\t\t\t\t\t\t\t\t<img loading=\"lazy\" decoding=\"async\" width=\"768\" height=\"512\" src=\"https:\/\/www.elturistatranquil.com\/wp-content\/uploads\/F27-Ermita-de-San-Saturio-Soria.jpg\" class=\"attachment-large size-large wp-image-46258\" alt=\"Ermita de San Saturio, Soria\" srcset=\"https:\/\/www.elturistatranquil.com\/wp-content\/uploads\/F27-Ermita-de-San-Saturio-Soria.jpg 768w, https:\/\/www.elturistatranquil.com\/wp-content\/uploads\/F27-Ermita-de-San-Saturio-Soria-339x226.jpg 339w\" sizes=\"(max-width: 768px) 100vw, 768px\" \/>\t\t\t\t\t\t\t\t\t\t\t<figcaption class=\"widget-image-caption wp-caption-text\"><\/figcaption>\n\t\t\t\t\t\t\t\t\t\t<\/figure>\n\t\t\t\t\t\t\t\t\t<\/div>\n\t\t\t\t<\/div>\n\t\t\t\t<div class=\"elementor-element elementor-element-afaafd6 elementor-widget elementor-widget-heading\" data-id=\"afaafd6\" data-element_type=\"widget\" data-e-type=\"widget\" data-widget_type=\"heading.default\">\n\t\t\t\t<div class=\"elementor-widget-container\">\n\t\t\t\t\t<h5 class=\"elementor-heading-title elementor-size-default\">Temple de l'ermita<\/h5>\t\t\t\t<\/div>\n\t\t\t\t<\/div>\n\t\t\t\t<div class=\"elementor-element elementor-element-657826d elementor-widget elementor-widget-text-editor\" data-id=\"657826d\" data-element_type=\"widget\" data-e-type=\"widget\" data-widget_type=\"text-editor.default\">\n\t\t\t\t<div class=\"elementor-widget-container\">\n\t\t\t\t\t\t\t\t\t<p>El temple de l&#8217;ermita t\u00e9 forma octogonal amb base el\u00b7l\u00edptica, amb c\u00fapula i llanterna, i es correspon clarament amb l&#8217;estil barroc.<\/p><p>\u00c9s dels pocs temples que no segueixen la norma can\u00f2nica de tenir l&#8217;altar orientat a llevant. Ja sabem que aquests casos excepcionals acostumen a estar condicionats per les circumst\u00e0ncies del terreny, com \u00e9s aquest cas.<\/p><p>Tot i aix\u00ed, cal pensar que l&#8217;orientaci\u00f3 sud-oest de l&#8217;altar ve a m\u00e9s condicionada perqu\u00e8 la sagristia est\u00e0 ubicada a continuaci\u00f3 del cap del temple, de manera que l&#8217;acc\u00e9s del sacerdot fins a l&#8217;altar \u00e9s el de menor recorregut, en entrar per la porta lateral esquerra.<\/p>\t\t\t\t\t\t\t\t<\/div>\n\t\t\t\t<\/div>\n\t\t\t\t<div class=\"elementor-element elementor-element-7503c93 elementor-widget elementor-widget-image\" data-id=\"7503c93\" data-element_type=\"widget\" data-e-type=\"widget\" data-widget_type=\"image.default\">\n\t\t\t\t<div class=\"elementor-widget-container\">\n\t\t\t\t\t\t\t\t\t\t\t\t<figure class=\"wp-caption\">\n\t\t\t\t\t\t\t\t\t\t<img loading=\"lazy\" decoding=\"async\" width=\"768\" height=\"576\" src=\"https:\/\/www.elturistatranquil.com\/wp-content\/uploads\/F28-Ermita-de-San-Saturio-Soria.jpg\" class=\"attachment-large size-large wp-image-46260\" alt=\"Ermita de San Saturio, Soria\" srcset=\"https:\/\/www.elturistatranquil.com\/wp-content\/uploads\/F28-Ermita-de-San-Saturio-Soria.jpg 768w, https:\/\/www.elturistatranquil.com\/wp-content\/uploads\/F28-Ermita-de-San-Saturio-Soria-301x226.jpg 301w\" sizes=\"(max-width: 768px) 100vw, 768px\" \/>\t\t\t\t\t\t\t\t\t\t\t<figcaption class=\"widget-image-caption wp-caption-text\"><\/figcaption>\n\t\t\t\t\t\t\t\t\t\t<\/figure>\n\t\t\t\t\t\t\t\t\t<\/div>\n\t\t\t\t<\/div>\n\t\t\t\t<div class=\"elementor-element elementor-element-cde508d elementor-widget elementor-widget-text-editor\" data-id=\"cde508d\" data-element_type=\"widget\" data-e-type=\"widget\" data-widget_type=\"text-editor.default\">\n\t\t\t\t<div class=\"elementor-widget-container\">\n\t\t\t\t\t\t\t\t\t<p>Per a m\u00e9s identificaci\u00f3 de l&#8217;estil barroc, trobem un trompe-l\u2019oeil pintat a la dreta de l&#8217;altar per aportar una imatge de simetria respecte a la porta d&#8217;entrada al recinte pel costat esquerre de l&#8217;evangeli i des de la sagristia.<\/p>\t\t\t\t\t\t\t\t<\/div>\n\t\t\t\t<\/div>\n\t\t\t\t<div class=\"elementor-element elementor-element-43156ab elementor-widget elementor-widget-image\" data-id=\"43156ab\" data-element_type=\"widget\" data-e-type=\"widget\" data-widget_type=\"image.default\">\n\t\t\t\t<div class=\"elementor-widget-container\">\n\t\t\t\t\t\t\t\t\t\t\t\t<figure class=\"wp-caption\">\n\t\t\t\t\t\t\t\t\t\t<img loading=\"lazy\" decoding=\"async\" width=\"443\" height=\"590\" src=\"https:\/\/www.elturistatranquil.com\/wp-content\/uploads\/F29-Ermita-de-San-Saturio-Soria.jpg\" class=\"attachment-large size-large wp-image-46262\" alt=\"Ermita de San Saturio, Soria\" srcset=\"https:\/\/www.elturistatranquil.com\/wp-content\/uploads\/F29-Ermita-de-San-Saturio-Soria.jpg 443w, https:\/\/www.elturistatranquil.com\/wp-content\/uploads\/F29-Ermita-de-San-Saturio-Soria-170x226.jpg 170w\" sizes=\"(max-width: 443px) 100vw, 443px\" \/>\t\t\t\t\t\t\t\t\t\t\t<figcaption class=\"widget-image-caption wp-caption-text\"><\/figcaption>\n\t\t\t\t\t\t\t\t\t\t<\/figure>\n\t\t\t\t\t\t\t\t\t<\/div>\n\t\t\t\t<\/div>\n\t\t\t\t<div class=\"elementor-element elementor-element-605134c elementor-widget elementor-widget-text-editor\" data-id=\"605134c\" data-element_type=\"widget\" data-e-type=\"widget\" data-widget_type=\"text-editor.default\">\n\t\t\t\t<div class=\"elementor-widget-container\">\n\t\t\t\t\t\t\t\t\t<p>El retaule major est\u00e0 presidit per la imatge de Sant Saturi en bust reliquiari. L&#8217;original era de 1703, per\u00f2 va ser espoliat pels francesos. L&#8217;actual \u00e9s del 1813.<\/p>\t\t\t\t\t\t\t\t<\/div>\n\t\t\t\t<\/div>\n\t\t\t\t<div class=\"elementor-element elementor-element-f7d29b6 elementor-widget elementor-widget-image\" data-id=\"f7d29b6\" data-element_type=\"widget\" data-e-type=\"widget\" data-widget_type=\"image.default\">\n\t\t\t\t<div class=\"elementor-widget-container\">\n\t\t\t\t\t\t\t\t\t\t\t\t<figure class=\"wp-caption\">\n\t\t\t\t\t\t\t\t\t\t<img loading=\"lazy\" decoding=\"async\" width=\"443\" height=\"590\" src=\"https:\/\/www.elturistatranquil.com\/wp-content\/uploads\/F30-Ermita-de-San-Saturio-Soria.jpg\" class=\"attachment-large size-large wp-image-46264\" alt=\"Ermita de San Saturio, Soria\" srcset=\"https:\/\/www.elturistatranquil.com\/wp-content\/uploads\/F30-Ermita-de-San-Saturio-Soria.jpg 443w, https:\/\/www.elturistatranquil.com\/wp-content\/uploads\/F30-Ermita-de-San-Saturio-Soria-170x226.jpg 170w\" sizes=\"(max-width: 443px) 100vw, 443px\" \/>\t\t\t\t\t\t\t\t\t\t\t<figcaption class=\"widget-image-caption wp-caption-text\"><\/figcaption>\n\t\t\t\t\t\t\t\t\t\t<\/figure>\n\t\t\t\t\t\t\t\t\t<\/div>\n\t\t\t\t<\/div>\n\t\t\t\t<div class=\"elementor-element elementor-element-ef96646 elementor-widget elementor-widget-text-editor\" data-id=\"ef96646\" data-element_type=\"widget\" data-e-type=\"widget\" data-widget_type=\"text-editor.default\">\n\t\t\t\t<div class=\"elementor-widget-container\">\n\t\t\t\t\t\t\t\t\t<p>Dibuix del bust reliquiari de Sant Saturi el 1774.<\/p>\t\t\t\t\t\t\t\t<\/div>\n\t\t\t\t<\/div>\n\t\t\t\t<div class=\"elementor-element elementor-element-d40c9b2 elementor-widget elementor-widget-image\" data-id=\"d40c9b2\" data-element_type=\"widget\" data-e-type=\"widget\" data-widget_type=\"image.default\">\n\t\t\t\t<div class=\"elementor-widget-container\">\n\t\t\t\t\t\t\t\t\t\t\t\t<figure class=\"wp-caption\">\n\t\t\t\t\t\t\t\t\t\t<img loading=\"lazy\" decoding=\"async\" width=\"416\" height=\"590\" src=\"https:\/\/www.elturistatranquil.com\/wp-content\/uploads\/F31a-San-Saturio-Soria.jpg\" class=\"attachment-large size-large wp-image-46269\" alt=\"San Saturio, Soria\" srcset=\"https:\/\/www.elturistatranquil.com\/wp-content\/uploads\/F31a-San-Saturio-Soria.jpg 416w, https:\/\/www.elturistatranquil.com\/wp-content\/uploads\/F31a-San-Saturio-Soria-159x226.jpg 159w\" sizes=\"(max-width: 416px) 100vw, 416px\" \/>\t\t\t\t\t\t\t\t\t\t\t<figcaption class=\"widget-image-caption wp-caption-text\"><\/figcaption>\n\t\t\t\t\t\t\t\t\t\t<\/figure>\n\t\t\t\t\t\t\t\t\t<\/div>\n\t\t\t\t<\/div>\n\t\t\t\t<div class=\"elementor-element elementor-element-f5d0c2c elementor-widget elementor-widget-image\" data-id=\"f5d0c2c\" data-element_type=\"widget\" data-e-type=\"widget\" data-widget_type=\"image.default\">\n\t\t\t\t<div class=\"elementor-widget-container\">\n\t\t\t\t\t\t\t\t\t\t\t\t<figure class=\"wp-caption\">\n\t\t\t\t\t\t\t\t\t\t<img loading=\"lazy\" decoding=\"async\" width=\"768\" height=\"512\" src=\"https:\/\/www.elturistatranquil.com\/wp-content\/uploads\/F31b-Ermita-de-San-Saturio-Soria.jpg\" class=\"attachment-large size-large wp-image-46271\" alt=\"Ermita de San Saturio, Soria\" srcset=\"https:\/\/www.elturistatranquil.com\/wp-content\/uploads\/F31b-Ermita-de-San-Saturio-Soria.jpg 768w, https:\/\/www.elturistatranquil.com\/wp-content\/uploads\/F31b-Ermita-de-San-Saturio-Soria-339x226.jpg 339w\" sizes=\"(max-width: 768px) 100vw, 768px\" \/>\t\t\t\t\t\t\t\t\t\t\t<figcaption class=\"widget-image-caption wp-caption-text\"><\/figcaption>\n\t\t\t\t\t\t\t\t\t\t<\/figure>\n\t\t\t\t\t\t\t\t\t<\/div>\n\t\t\t\t<\/div>\n\t\t\t\t<div class=\"elementor-element elementor-element-11554c3 elementor-widget elementor-widget-text-editor\" data-id=\"11554c3\" data-element_type=\"widget\" data-e-type=\"widget\" data-widget_type=\"text-editor.default\">\n\t\t\t\t<div class=\"elementor-widget-container\">\n\t\t\t\t\t\t\t\t\t<p>C\u00fapula i parets laterals estan cobertes per frescos d&#8217;Antonio Zapata, del 1704-1705, que narren la vida de Sant Saturi i altres sants eremites.<\/p><p>El sostre octogonal-el\u00b7l\u00edptic representa imatges d&#8217;anacoretes importants en la hist\u00f2ria de l&#8217;eremitisme.<\/p>\t\t\t\t\t\t\t\t<\/div>\n\t\t\t\t<\/div>\n\t\t\t\t<div class=\"elementor-element elementor-element-9b6dac3 elementor-widget elementor-widget-image\" data-id=\"9b6dac3\" data-element_type=\"widget\" data-e-type=\"widget\" data-widget_type=\"image.default\">\n\t\t\t\t<div class=\"elementor-widget-container\">\n\t\t\t\t\t\t\t\t\t\t\t\t<figure class=\"wp-caption\">\n\t\t\t\t\t\t\t\t\t\t<img loading=\"lazy\" decoding=\"async\" width=\"768\" height=\"576\" src=\"https:\/\/www.elturistatranquil.com\/wp-content\/uploads\/F32-Ermita-de-San-Saturio-Soria.jpg\" class=\"attachment-large size-large wp-image-46276\" alt=\"Ermita de San Saturio, Soria\" srcset=\"https:\/\/www.elturistatranquil.com\/wp-content\/uploads\/F32-Ermita-de-San-Saturio-Soria.jpg 768w, https:\/\/www.elturistatranquil.com\/wp-content\/uploads\/F32-Ermita-de-San-Saturio-Soria-301x226.jpg 301w\" sizes=\"(max-width: 768px) 100vw, 768px\" \/>\t\t\t\t\t\t\t\t\t\t\t<figcaption class=\"widget-image-caption wp-caption-text\"><\/figcaption>\n\t\t\t\t\t\t\t\t\t\t<\/figure>\n\t\t\t\t\t\t\t\t\t<\/div>\n\t\t\t\t<\/div>\n\t\t\t\t<div class=\"elementor-element elementor-element-4894391 elementor-widget elementor-widget-image\" data-id=\"4894391\" data-element_type=\"widget\" data-e-type=\"widget\" data-widget_type=\"image.default\">\n\t\t\t\t<div class=\"elementor-widget-container\">\n\t\t\t\t\t\t\t\t\t\t\t\t<figure class=\"wp-caption\">\n\t\t\t\t\t\t\t\t\t\t<img loading=\"lazy\" decoding=\"async\" width=\"768\" height=\"576\" src=\"https:\/\/www.elturistatranquil.com\/wp-content\/uploads\/F33-Ermita-de-San-Saturio-Soria.jpg\" class=\"attachment-large size-large wp-image-46278\" alt=\"Ermita de San Saturio, Soria\" srcset=\"https:\/\/www.elturistatranquil.com\/wp-content\/uploads\/F33-Ermita-de-San-Saturio-Soria.jpg 768w, https:\/\/www.elturistatranquil.com\/wp-content\/uploads\/F33-Ermita-de-San-Saturio-Soria-301x226.jpg 301w\" sizes=\"(max-width: 768px) 100vw, 768px\" \/>\t\t\t\t\t\t\t\t\t\t\t<figcaption class=\"widget-image-caption wp-caption-text\"><\/figcaption>\n\t\t\t\t\t\t\t\t\t\t<\/figure>\n\t\t\t\t\t\t\t\t\t<\/div>\n\t\t\t\t<\/div>\n\t\t\t\t<div class=\"elementor-element elementor-element-6d39f57 elementor-widget elementor-widget-text-editor\" data-id=\"6d39f57\" data-element_type=\"widget\" data-e-type=\"widget\" data-widget_type=\"text-editor.default\">\n\t\t\t\t<div class=\"elementor-widget-container\">\n\t\t\t\t\t\t\t\t\t<p>Mentre que a les parets es representa escenes de la vida de Sant Saturi. A la imatge, el moment en qu\u00e8 el sant reparteix les seves riqueses entre els pobres.<\/p>\t\t\t\t\t\t\t\t<\/div>\n\t\t\t\t<\/div>\n\t\t\t\t<div class=\"elementor-element elementor-element-d0a84bd elementor-widget elementor-widget-image\" data-id=\"d0a84bd\" data-element_type=\"widget\" data-e-type=\"widget\" data-widget_type=\"image.default\">\n\t\t\t\t<div class=\"elementor-widget-container\">\n\t\t\t\t\t\t\t\t\t\t\t\t<figure class=\"wp-caption\">\n\t\t\t\t\t\t\t\t\t\t<img loading=\"lazy\" decoding=\"async\" width=\"768\" height=\"576\" src=\"https:\/\/www.elturistatranquil.com\/wp-content\/uploads\/F34-Ermita-de-San-Saturio-Soria.jpg\" class=\"attachment-large size-large wp-image-46280\" alt=\"Ermita de San Saturio, Soria\" srcset=\"https:\/\/www.elturistatranquil.com\/wp-content\/uploads\/F34-Ermita-de-San-Saturio-Soria.jpg 768w, https:\/\/www.elturistatranquil.com\/wp-content\/uploads\/F34-Ermita-de-San-Saturio-Soria-301x226.jpg 301w\" sizes=\"(max-width: 768px) 100vw, 768px\" \/>\t\t\t\t\t\t\t\t\t\t\t<figcaption class=\"widget-image-caption wp-caption-text\"><\/figcaption>\n\t\t\t\t\t\t\t\t\t\t<\/figure>\n\t\t\t\t\t\t\t\t\t<\/div>\n\t\t\t\t<\/div>\n\t\t\t\t<div class=\"elementor-element elementor-element-a09c7af elementor-widget elementor-widget-heading\" data-id=\"a09c7af\" data-element_type=\"widget\" data-e-type=\"widget\" data-widget_type=\"heading.default\">\n\t\t\t\t<div class=\"elementor-widget-container\">\n\t\t\t\t\t<h5 class=\"elementor-heading-title elementor-size-default\">Portada de l\u2019ermita<\/h5>\t\t\t\t<\/div>\n\t\t\t\t<\/div>\n\t\t\t\t<div class=\"elementor-element elementor-element-b3c1942 elementor-widget elementor-widget-text-editor\" data-id=\"b3c1942\" data-element_type=\"widget\" data-e-type=\"widget\" data-widget_type=\"text-editor.default\">\n\t\t\t\t<div class=\"elementor-widget-container\">\n\t\t\t\t\t\t\t\t\t<p>El final del recorregut de la visita es fa per la porta d&#8217;entrada al santuari.<\/p><p>A la dreta, un arc de mig punt dona pas a un atri on una portada d&#8217;estil arc de triomf \u00e9s l&#8217;entrada al temple.<\/p><p>A l&#8217;esquerra, per una portada amb dues columnes que suporten una llinda de fusta, s&#8217;accedeix a les depend\u00e8ncies monacals per on hem anat ascendint.<\/p>\t\t\t\t\t\t\t\t<\/div>\n\t\t\t\t<\/div>\n\t\t\t\t<div class=\"elementor-element elementor-element-394ab1e elementor-widget elementor-widget-menu-anchor\" data-id=\"394ab1e\" data-element_type=\"widget\" data-e-type=\"widget\" data-widget_type=\"menu-anchor.default\">\n\t\t\t\t<div class=\"elementor-widget-container\">\n\t\t\t\t\t\t\t<div class=\"elementor-menu-anchor\" id=\"b7610\"><\/div>\n\t\t\t\t\t\t<\/div>\n\t\t\t\t<\/div>\n\t\t\t\t<div class=\"elementor-element elementor-element-2dfe768 elementor-widget elementor-widget-image\" data-id=\"2dfe768\" data-element_type=\"widget\" data-e-type=\"widget\" data-widget_type=\"image.default\">\n\t\t\t\t<div class=\"elementor-widget-container\">\n\t\t\t\t\t\t\t\t\t\t\t\t<figure class=\"wp-caption\">\n\t\t\t\t\t\t\t\t\t\t<img loading=\"lazy\" decoding=\"async\" width=\"768\" height=\"576\" src=\"https:\/\/www.elturistatranquil.com\/wp-content\/uploads\/F35-Ermita-de-San-Saturio-Soria.jpg\" class=\"attachment-large size-large wp-image-46285\" alt=\"Ermita de San Saturio, Soria\" srcset=\"https:\/\/www.elturistatranquil.com\/wp-content\/uploads\/F35-Ermita-de-San-Saturio-Soria.jpg 768w, https:\/\/www.elturistatranquil.com\/wp-content\/uploads\/F35-Ermita-de-San-Saturio-Soria-301x226.jpg 301w\" sizes=\"(max-width: 768px) 100vw, 768px\" \/>\t\t\t\t\t\t\t\t\t\t\t<figcaption class=\"widget-image-caption wp-caption-text\"><\/figcaption>\n\t\t\t\t\t\t\t\t\t\t<\/figure>\n\t\t\t\t\t\t\t\t\t<\/div>\n\t\t\t\t<\/div>\n\t\t\t\t<div class=\"elementor-element elementor-element-52c799e elementor-widget elementor-widget-heading\" data-id=\"52c799e\" data-element_type=\"widget\" data-e-type=\"widget\" data-widget_type=\"heading.default\">\n\t\t\t\t<div class=\"elementor-widget-container\">\n\t\t\t\t\t<h2 class=\"elementor-heading-title elementor-size-default\">Monestir de San Polo<\/h2>\t\t\t\t<\/div>\n\t\t\t\t<\/div>\n\t\t\t\t<div class=\"elementor-element elementor-element-b89c890 elementor-widget elementor-widget-text-editor\" data-id=\"b89c890\" data-element_type=\"widget\" data-e-type=\"widget\" data-widget_type=\"text-editor.default\">\n\t\t\t\t<div class=\"elementor-widget-container\">\n\t\t\t\t\t\t\t\t\t<p>De tornada a la carretera, tornem a passar pel que queda del <strong>monestir de San Polo<\/strong>.<\/p><p>Aquest monestir d&#8217;origen templer es va fundar sota el regnat d&#8217;Alfonso el Batallador. Se suposa habitat fins a 1312, any en qu\u00e8 l&#8217;Orde del Temple va ser suprimida i totes les seves propietats van passar a mans del Rei, que posteriorment les va haver de vendre a alguns nobles.<\/p><p>Se sap que aquest lloc va estar en plets fins que es va dictar sent\u00e8ncia final a favor del Duc Fern\u00e1n N\u00fa\u00f1ez i els seus descendents. Actualment \u00e9s d\u2019\u00fas particular.<\/p><p>Del monestir nom\u00e9s romanen l&#8217;esgl\u00e9sia, d&#8217;una sola nau, i alguns llen\u00e7os dels murs, per\u00f2 fan de digne i solemne acc\u00e9s al paratge que condueix a l&#8217;ermita.<\/p>\t\t\t\t\t\t\t\t<\/div>\n\t\t\t\t<\/div>\n\t\t\t\t<div class=\"elementor-element elementor-element-355d9fc elementor-widget elementor-widget-image\" data-id=\"355d9fc\" data-element_type=\"widget\" data-e-type=\"widget\" data-widget_type=\"image.default\">\n\t\t\t\t<div class=\"elementor-widget-container\">\n\t\t\t\t\t\t\t\t\t\t\t\t<figure class=\"wp-caption\">\n\t\t\t\t\t\t\t\t\t\t<img loading=\"lazy\" decoding=\"async\" width=\"768\" height=\"494\" src=\"https:\/\/www.elturistatranquil.com\/wp-content\/uploads\/F36-Monasterio-de-San-Polo-Soria.jpg\" class=\"attachment-large size-large wp-image-46287\" alt=\"Ermita de San Saturio, Soria\" srcset=\"https:\/\/www.elturistatranquil.com\/wp-content\/uploads\/F36-Monasterio-de-San-Polo-Soria.jpg 768w, https:\/\/www.elturistatranquil.com\/wp-content\/uploads\/F36-Monasterio-de-San-Polo-Soria-339x218.jpg 339w\" sizes=\"(max-width: 768px) 100vw, 768px\" \/>\t\t\t\t\t\t\t\t\t\t\t<figcaption class=\"widget-image-caption wp-caption-text\"><\/figcaption>\n\t\t\t\t\t\t\t\t\t\t<\/figure>\n\t\t\t\t\t\t\t\t\t<\/div>\n\t\t\t\t<\/div>\n\t\t\t\t<div class=\"elementor-element elementor-element-f82a68d elementor-widget elementor-widget-image\" data-id=\"f82a68d\" data-element_type=\"widget\" data-e-type=\"widget\" data-widget_type=\"image.default\">\n\t\t\t\t<div class=\"elementor-widget-container\">\n\t\t\t\t\t\t\t\t\t\t\t\t<figure class=\"wp-caption\">\n\t\t\t\t\t\t\t\t\t\t<img loading=\"lazy\" decoding=\"async\" width=\"768\" height=\"511\" src=\"https:\/\/www.elturistatranquil.com\/wp-content\/uploads\/F37-Monasterio-de-San-Polo-Soria.jpg\" class=\"attachment-large size-large wp-image-46289\" alt=\"Ermita de San Saturio, Soria\" srcset=\"https:\/\/www.elturistatranquil.com\/wp-content\/uploads\/F37-Monasterio-de-San-Polo-Soria.jpg 768w, https:\/\/www.elturistatranquil.com\/wp-content\/uploads\/F37-Monasterio-de-San-Polo-Soria-339x226.jpg 339w\" sizes=\"(max-width: 768px) 100vw, 768px\" \/>\t\t\t\t\t\t\t\t\t\t\t<figcaption class=\"widget-image-caption wp-caption-text\"><\/figcaption>\n\t\t\t\t\t\t\t\t\t\t<\/figure>\n\t\t\t\t\t\t\t\t\t<\/div>\n\t\t\t\t<\/div>\n\t\t\t\t<div class=\"elementor-element elementor-element-153a955 elementor-widget elementor-widget-heading\" data-id=\"153a955\" data-element_type=\"widget\" data-e-type=\"widget\" data-widget_type=\"heading.default\">\n\t\t\t\t<div class=\"elementor-widget-container\">\n\t\t\t\t\t<h2 class=\"elementor-heading-title elementor-size-default\">Fi de la visita<\/h2>\t\t\t\t<\/div>\n\t\t\t\t<\/div>\n\t\t\t\t<div class=\"elementor-element elementor-element-4abf672 elementor-widget elementor-widget-text-editor\" data-id=\"4abf672\" data-element_type=\"widget\" data-e-type=\"widget\" data-widget_type=\"text-editor.default\">\n\t\t\t\t<div class=\"elementor-widget-container\">\n\t\t\t\t\t\t\t\t\t<p>Una visita a la <strong>Cova-Ermita de Sant Saturi<\/strong> presenta com a m\u00ednim tres grans al\u00b7licients.<\/p><p>Un recorregut tranquil i ser\u00e8 per l&#8217;albereda del riu Duero.<\/p><p>Tenir acc\u00e9s a l&#8217;imaginari de les condicions de vida dels anacoretes de la primera meitat del primer mil\u00b7lenni de la nostra era.<\/p><p>A m\u00e9s, la construcci\u00f3 posterior de l&#8217;ermita, sobreposada a la cova, ens situa alhora en l&#8217;ambient del barroc d&#8217;apel\u00b7laci\u00f3 a la religiositat pels sentiments, programada per la Contrareforma despr\u00e9s del Concili de Trento.<\/p>\t\t\t\t\t\t\t\t<\/div>\n\t\t\t\t<\/div>\n\t\t\t\t<div class=\"elementor-element elementor-element-656543a elementor-widget elementor-widget-heading\" data-id=\"656543a\" data-element_type=\"widget\" data-e-type=\"widget\" data-widget_type=\"heading.default\">\n\t\t\t\t<div class=\"elementor-widget-container\">\n\t\t\t\t\t<h2 class=\"elementor-heading-title elementor-size-default\">Bases d\u2019informaci\u00f3<\/h2>\t\t\t\t<\/div>\n\t\t\t\t<\/div>\n\t\t\t\t<div class=\"elementor-element elementor-element-20da092 elementor-widget elementor-widget-text-editor\" data-id=\"20da092\" data-element_type=\"widget\" data-e-type=\"widget\" data-widget_type=\"text-editor.default\">\n\t\t\t\t<div class=\"elementor-widget-container\">\n\t\t\t\t\t\t\t\t\t<p><strong>Webs<\/strong><\/p><p><a href=\"https:\/\/www.soria.es\/turismo\/san-saturio\" target=\"_blank\" rel=\"noopener\">ayuntamiento<\/a><\/p><p><a href=\"https:\/\/elige.soria.es\/historia-y-arte-de-la-ermita-de-san-saturio\/\" target=\"_blank\" rel=\"noopener\">eligeSoria 1<\/a><\/p><p><a href=\"https:\/\/elige.soria.es\/san-saturio-ermita-y-culto-segun-nicolas-rabal\/\" target=\"_blank\" rel=\"noopener\">eligeSoria 2<\/a><\/p><p><a href=\"https:\/\/es.wikipedia.org\/wiki\/Ermita_de_San_Saturio_(Soria)\" target=\"_blank\" rel=\"noopener\">wikipedia<\/a><\/p><p><a href=\"https:\/\/www.sorianitelaimaginas.com\/monumentos\/ermita-de-san-saturio\/\" target=\"_blank\" rel=\"noopener\">sorianitelaimaginas<\/a><\/p><p><a href=\"https:\/\/www.turismocastillayleon.com\/es\/arte-cultura-patrimonio\/monumentos\/iglesias-ermitas\/ermita-san-saturio\" target=\"_blank\" rel=\"noopener\">turismocastillayleon<\/a><\/p><p><a href=\"https:\/\/www.turismosoria.es\/que-ver\/monumentos\/ermita-de-san-saturio\/\" target=\"_blank\" rel=\"noopener\">turismosoria<\/a><\/p><p><a href=\"https:\/\/patrimoniocultural.jcyl.es\/web\/es\/ermita-saturio-soria.html\" target=\"_blank\" rel=\"noopener\">patrimonioculturalcyl<\/a><\/p><p><a href=\"https:\/\/www.arteguias.com\/ermita\/ermitasansaturio.htm\" target=\"_blank\" rel=\"noopener\">arteguias<\/a><\/p>\t\t\t\t\t\t\t\t<\/div>\n\t\t\t\t<\/div>\n\t\t\t\t\t<\/div>\n\t\t<\/div>\n\t\t\t\t\t<\/div>\n\t\t<\/section>\n\t\t\t\t<\/div>\n\t\t","protected":false},"excerpt":{"rendered":"<p>L&#8217;Ermita de Sant Saturi, a tocar de la ciutat de S\u00f2ria, ofereix el triple al\u00b7licient d&#8217;una cova erem\u00edtica i d\u2019un temple barroc, en un marc natural incomparable en un roquer &#8230; <a title=\"Ermita de Sant Saturi (S\u00f2ria)\" class=\"read-more\" href=\"https:\/\/www.elturistatranquil.com\/ca\/ermita-de-sant-saturi-soria\/\" aria-label=\"M\u00e9s informaci\u00f3 sobre Ermita de Sant Saturi (S\u00f2ria)\">[ &#8230; ]<\/a><\/p>\n","protected":false},"author":1,"featured_media":46170,"comment_status":"open","ping_status":"closed","sticky":false,"template":"","format":"standard","meta":{"footnotes":""},"categories":[72,74,145,83,87,95,139,192],"tags":[],"class_list":["post-46299","post","type-post","status-publish","format-standard","has-post-thumbnail","hentry","category-arquitectura-religiosa-ca","category-barroc","category-edat-mitjana","category-historia-ca","category-joies-al-territori","category-paisatge","category-segle-xvi-xvii","category-soria-ca","infinite-scroll-item","generate-columns","tablet-grid-50","mobile-grid-100","grid-parent","grid-50","no-featured-image-padding"],"yoast_head":"<!-- This site is optimized with the Yoast SEO plugin v27.4 - https:\/\/yoast.com\/product\/yoast-seo-wordpress\/ -->\n<title>Ermita de Sant Saturi (S\u00f2ria) - El turista tranquil<\/title>\n<meta name=\"description\" content=\"L&#039;Ermita de Sant Saturi, a tocar de la ciutat de S\u00f2ria, ofereix el triple al\u00b7licient d&#039;una cova erem\u00edtica i d\u2019un temple barroc, en un marc natural incomparable en un roquer al costat del ser\u00e8 riu Duero.\" \/>\n<meta name=\"robots\" content=\"index, follow, max-snippet:-1, max-image-preview:large, max-video-preview:-1\" \/>\n<link rel=\"canonical\" href=\"https:\/\/www.elturistatranquil.com\/ca\/ermita-de-sant-saturi-soria\/\" \/>\n<meta property=\"og:locale\" content=\"ca_ES\" \/>\n<meta property=\"og:type\" content=\"article\" \/>\n<meta property=\"og:title\" content=\"Ermita de Sant Saturi (S\u00f2ria) - El turista tranquil\" \/>\n<meta property=\"og:description\" content=\"L&#039;Ermita de Sant Saturi, a tocar de la ciutat de S\u00f2ria, ofereix el triple al\u00b7licient d&#039;una cova erem\u00edtica i d\u2019un temple barroc, en un marc natural incomparable en un roquer al costat del ser\u00e8 riu Duero.\" \/>\n<meta property=\"og:url\" content=\"https:\/\/www.elturistatranquil.com\/ca\/ermita-de-sant-saturi-soria\/\" \/>\n<meta property=\"og:site_name\" content=\"El turista tranquil\" \/>\n<meta property=\"article:publisher\" content=\"https:\/\/www.facebook.com\/elturistatranquilo\/\" \/>\n<meta property=\"article:published_time\" content=\"2023-04-22T08:20:13+00:00\" \/>\n<meta property=\"article:modified_time\" content=\"2024-03-18T11:41:40+00:00\" \/>\n<meta property=\"og:image\" content=\"https:\/\/www.elturistatranquil.com\/wp-content\/uploads\/F01-Ermita-de-San-Saturio-Soria.jpg\" \/>\n\t<meta property=\"og:image:width\" content=\"768\" \/>\n\t<meta property=\"og:image:height\" content=\"511\" \/>\n\t<meta property=\"og:image:type\" content=\"image\/jpeg\" \/>\n<meta name=\"author\" content=\"admin\" \/>\n<meta name=\"twitter:card\" content=\"summary_large_image\" \/>\n<meta name=\"twitter:label1\" content=\"Escrit per\" \/>\n\t<meta name=\"twitter:data1\" content=\"admin\" \/>\n\t<meta name=\"twitter:label2\" content=\"Temps estimat de lectura\" \/>\n\t<meta name=\"twitter:data2\" content=\"22 minuts\" \/>\n<script type=\"application\/ld+json\" class=\"yoast-schema-graph\">{\"@context\":\"https:\\\/\\\/schema.org\",\"@graph\":[{\"@type\":\"Article\",\"@id\":\"https:\\\/\\\/www.elturistatranquil.com\\\/ca\\\/ermita-de-sant-saturi-soria\\\/#article\",\"isPartOf\":{\"@id\":\"https:\\\/\\\/www.elturistatranquil.com\\\/ca\\\/ermita-de-sant-saturi-soria\\\/\"},\"author\":{\"name\":\"admin\",\"@id\":\"https:\\\/\\\/www.elturistatranquil.com\\\/ca\\\/#\\\/schema\\\/person\\\/16f607c3079b96ed0c530a52e6b58bb5\"},\"headline\":\"Ermita de Sant Saturi (S\u00f2ria)\",\"datePublished\":\"2023-04-22T08:20:13+00:00\",\"dateModified\":\"2024-03-18T11:41:40+00:00\",\"mainEntityOfPage\":{\"@id\":\"https:\\\/\\\/www.elturistatranquil.com\\\/ca\\\/ermita-de-sant-saturi-soria\\\/\"},\"wordCount\":2581,\"commentCount\":0,\"image\":{\"@id\":\"https:\\\/\\\/www.elturistatranquil.com\\\/ca\\\/ermita-de-sant-saturi-soria\\\/#primaryimage\"},\"thumbnailUrl\":\"https:\\\/\\\/www.elturistatranquil.com\\\/wp-content\\\/uploads\\\/F01-Ermita-de-San-Saturio-Soria.jpg\",\"articleSection\":[\"Arquitectura religiosa\",\"Barroc\",\"Edat mitjana\",\"Hist\u00f2ria\",\"Joies al territori\",\"Paisatge\",\"Segle XVI-XVII\",\"S\u00f2ria\"],\"inLanguage\":\"ca\",\"potentialAction\":[{\"@type\":\"CommentAction\",\"name\":\"Comment\",\"target\":[\"https:\\\/\\\/www.elturistatranquil.com\\\/ca\\\/ermita-de-sant-saturi-soria\\\/#respond\"]}]},{\"@type\":\"WebPage\",\"@id\":\"https:\\\/\\\/www.elturistatranquil.com\\\/ca\\\/ermita-de-sant-saturi-soria\\\/\",\"url\":\"https:\\\/\\\/www.elturistatranquil.com\\\/ca\\\/ermita-de-sant-saturi-soria\\\/\",\"name\":\"Ermita de Sant Saturi (S\u00f2ria) - El turista tranquil\",\"isPartOf\":{\"@id\":\"https:\\\/\\\/www.elturistatranquil.com\\\/ca\\\/#website\"},\"primaryImageOfPage\":{\"@id\":\"https:\\\/\\\/www.elturistatranquil.com\\\/ca\\\/ermita-de-sant-saturi-soria\\\/#primaryimage\"},\"image\":{\"@id\":\"https:\\\/\\\/www.elturistatranquil.com\\\/ca\\\/ermita-de-sant-saturi-soria\\\/#primaryimage\"},\"thumbnailUrl\":\"https:\\\/\\\/www.elturistatranquil.com\\\/wp-content\\\/uploads\\\/F01-Ermita-de-San-Saturio-Soria.jpg\",\"datePublished\":\"2023-04-22T08:20:13+00:00\",\"dateModified\":\"2024-03-18T11:41:40+00:00\",\"author\":{\"@id\":\"https:\\\/\\\/www.elturistatranquil.com\\\/ca\\\/#\\\/schema\\\/person\\\/16f607c3079b96ed0c530a52e6b58bb5\"},\"description\":\"L'Ermita de Sant Saturi, a tocar de la ciutat de S\u00f2ria, ofereix el triple al\u00b7licient d'una cova erem\u00edtica i d\u2019un temple barroc, en un marc natural incomparable en un roquer al costat del ser\u00e8 riu Duero.\",\"breadcrumb\":{\"@id\":\"https:\\\/\\\/www.elturistatranquil.com\\\/ca\\\/ermita-de-sant-saturi-soria\\\/#breadcrumb\"},\"inLanguage\":\"ca\",\"potentialAction\":[{\"@type\":\"ReadAction\",\"target\":[\"https:\\\/\\\/www.elturistatranquil.com\\\/ca\\\/ermita-de-sant-saturi-soria\\\/\"]}]},{\"@type\":\"ImageObject\",\"inLanguage\":\"ca\",\"@id\":\"https:\\\/\\\/www.elturistatranquil.com\\\/ca\\\/ermita-de-sant-saturi-soria\\\/#primaryimage\",\"url\":\"https:\\\/\\\/www.elturistatranquil.com\\\/wp-content\\\/uploads\\\/F01-Ermita-de-San-Saturio-Soria.jpg\",\"contentUrl\":\"https:\\\/\\\/www.elturistatranquil.com\\\/wp-content\\\/uploads\\\/F01-Ermita-de-San-Saturio-Soria.jpg\",\"width\":768,\"height\":511,\"caption\":\"Ermita de San Saturio, Soria\"},{\"@type\":\"BreadcrumbList\",\"@id\":\"https:\\\/\\\/www.elturistatranquil.com\\\/ca\\\/ermita-de-sant-saturi-soria\\\/#breadcrumb\",\"itemListElement\":[{\"@type\":\"ListItem\",\"position\":1,\"name\":\"Portada\",\"item\":\"https:\\\/\\\/www.elturistatranquil.com\\\/ca\\\/\"},{\"@type\":\"ListItem\",\"position\":2,\"name\":\"Ermita de Sant Saturi (S\u00f2ria)\"}]},{\"@type\":\"WebSite\",\"@id\":\"https:\\\/\\\/www.elturistatranquil.com\\\/ca\\\/#website\",\"url\":\"https:\\\/\\\/www.elturistatranquil.com\\\/ca\\\/\",\"name\":\"El turista tranquil\",\"description\":\"Blog de viatges\",\"potentialAction\":[{\"@type\":\"SearchAction\",\"target\":{\"@type\":\"EntryPoint\",\"urlTemplate\":\"https:\\\/\\\/www.elturistatranquil.com\\\/ca\\\/?s={search_term_string}\"},\"query-input\":{\"@type\":\"PropertyValueSpecification\",\"valueRequired\":true,\"valueName\":\"search_term_string\"}}],\"inLanguage\":\"ca\"},{\"@type\":\"Person\",\"@id\":\"https:\\\/\\\/www.elturistatranquil.com\\\/ca\\\/#\\\/schema\\\/person\\\/16f607c3079b96ed0c530a52e6b58bb5\",\"name\":\"admin\",\"image\":{\"@type\":\"ImageObject\",\"inLanguage\":\"ca\",\"@id\":\"https:\\\/\\\/secure.gravatar.com\\\/avatar\\\/1fbaf22aee75fcbb29a2f97b107f95d25d3a19b7c3416105be10269872673e8d?s=96&d=mm&r=g\",\"url\":\"https:\\\/\\\/secure.gravatar.com\\\/avatar\\\/1fbaf22aee75fcbb29a2f97b107f95d25d3a19b7c3416105be10269872673e8d?s=96&d=mm&r=g\",\"contentUrl\":\"https:\\\/\\\/secure.gravatar.com\\\/avatar\\\/1fbaf22aee75fcbb29a2f97b107f95d25d3a19b7c3416105be10269872673e8d?s=96&d=mm&r=g\",\"caption\":\"admin\"}}]}<\/script>\n<!-- \/ Yoast SEO plugin. -->","yoast_head_json":{"title":"Ermita de Sant Saturi (S\u00f2ria) - El turista tranquil","description":"L'Ermita de Sant Saturi, a tocar de la ciutat de S\u00f2ria, ofereix el triple al\u00b7licient d'una cova erem\u00edtica i d\u2019un temple barroc, en un marc natural incomparable en un roquer al costat del ser\u00e8 riu Duero.","robots":{"index":"index","follow":"follow","max-snippet":"max-snippet:-1","max-image-preview":"max-image-preview:large","max-video-preview":"max-video-preview:-1"},"canonical":"https:\/\/www.elturistatranquil.com\/ca\/ermita-de-sant-saturi-soria\/","og_locale":"ca_ES","og_type":"article","og_title":"Ermita de Sant Saturi (S\u00f2ria) - El turista tranquil","og_description":"L'Ermita de Sant Saturi, a tocar de la ciutat de S\u00f2ria, ofereix el triple al\u00b7licient d'una cova erem\u00edtica i d\u2019un temple barroc, en un marc natural incomparable en un roquer al costat del ser\u00e8 riu Duero.","og_url":"https:\/\/www.elturistatranquil.com\/ca\/ermita-de-sant-saturi-soria\/","og_site_name":"El turista tranquil","article_publisher":"https:\/\/www.facebook.com\/elturistatranquilo\/","article_published_time":"2023-04-22T08:20:13+00:00","article_modified_time":"2024-03-18T11:41:40+00:00","og_image":[{"width":768,"height":511,"url":"https:\/\/www.elturistatranquil.com\/wp-content\/uploads\/F01-Ermita-de-San-Saturio-Soria.jpg","type":"image\/jpeg"}],"author":"admin","twitter_card":"summary_large_image","twitter_misc":{"Escrit per":"admin","Temps estimat de lectura":"22 minuts"},"schema":{"@context":"https:\/\/schema.org","@graph":[{"@type":"Article","@id":"https:\/\/www.elturistatranquil.com\/ca\/ermita-de-sant-saturi-soria\/#article","isPartOf":{"@id":"https:\/\/www.elturistatranquil.com\/ca\/ermita-de-sant-saturi-soria\/"},"author":{"name":"admin","@id":"https:\/\/www.elturistatranquil.com\/ca\/#\/schema\/person\/16f607c3079b96ed0c530a52e6b58bb5"},"headline":"Ermita de Sant Saturi (S\u00f2ria)","datePublished":"2023-04-22T08:20:13+00:00","dateModified":"2024-03-18T11:41:40+00:00","mainEntityOfPage":{"@id":"https:\/\/www.elturistatranquil.com\/ca\/ermita-de-sant-saturi-soria\/"},"wordCount":2581,"commentCount":0,"image":{"@id":"https:\/\/www.elturistatranquil.com\/ca\/ermita-de-sant-saturi-soria\/#primaryimage"},"thumbnailUrl":"https:\/\/www.elturistatranquil.com\/wp-content\/uploads\/F01-Ermita-de-San-Saturio-Soria.jpg","articleSection":["Arquitectura religiosa","Barroc","Edat mitjana","Hist\u00f2ria","Joies al territori","Paisatge","Segle XVI-XVII","S\u00f2ria"],"inLanguage":"ca","potentialAction":[{"@type":"CommentAction","name":"Comment","target":["https:\/\/www.elturistatranquil.com\/ca\/ermita-de-sant-saturi-soria\/#respond"]}]},{"@type":"WebPage","@id":"https:\/\/www.elturistatranquil.com\/ca\/ermita-de-sant-saturi-soria\/","url":"https:\/\/www.elturistatranquil.com\/ca\/ermita-de-sant-saturi-soria\/","name":"Ermita de Sant Saturi (S\u00f2ria) - El turista tranquil","isPartOf":{"@id":"https:\/\/www.elturistatranquil.com\/ca\/#website"},"primaryImageOfPage":{"@id":"https:\/\/www.elturistatranquil.com\/ca\/ermita-de-sant-saturi-soria\/#primaryimage"},"image":{"@id":"https:\/\/www.elturistatranquil.com\/ca\/ermita-de-sant-saturi-soria\/#primaryimage"},"thumbnailUrl":"https:\/\/www.elturistatranquil.com\/wp-content\/uploads\/F01-Ermita-de-San-Saturio-Soria.jpg","datePublished":"2023-04-22T08:20:13+00:00","dateModified":"2024-03-18T11:41:40+00:00","author":{"@id":"https:\/\/www.elturistatranquil.com\/ca\/#\/schema\/person\/16f607c3079b96ed0c530a52e6b58bb5"},"description":"L'Ermita de Sant Saturi, a tocar de la ciutat de S\u00f2ria, ofereix el triple al\u00b7licient d'una cova erem\u00edtica i d\u2019un temple barroc, en un marc natural incomparable en un roquer al costat del ser\u00e8 riu Duero.","breadcrumb":{"@id":"https:\/\/www.elturistatranquil.com\/ca\/ermita-de-sant-saturi-soria\/#breadcrumb"},"inLanguage":"ca","potentialAction":[{"@type":"ReadAction","target":["https:\/\/www.elturistatranquil.com\/ca\/ermita-de-sant-saturi-soria\/"]}]},{"@type":"ImageObject","inLanguage":"ca","@id":"https:\/\/www.elturistatranquil.com\/ca\/ermita-de-sant-saturi-soria\/#primaryimage","url":"https:\/\/www.elturistatranquil.com\/wp-content\/uploads\/F01-Ermita-de-San-Saturio-Soria.jpg","contentUrl":"https:\/\/www.elturistatranquil.com\/wp-content\/uploads\/F01-Ermita-de-San-Saturio-Soria.jpg","width":768,"height":511,"caption":"Ermita de San Saturio, Soria"},{"@type":"BreadcrumbList","@id":"https:\/\/www.elturistatranquil.com\/ca\/ermita-de-sant-saturi-soria\/#breadcrumb","itemListElement":[{"@type":"ListItem","position":1,"name":"Portada","item":"https:\/\/www.elturistatranquil.com\/ca\/"},{"@type":"ListItem","position":2,"name":"Ermita de Sant Saturi (S\u00f2ria)"}]},{"@type":"WebSite","@id":"https:\/\/www.elturistatranquil.com\/ca\/#website","url":"https:\/\/www.elturistatranquil.com\/ca\/","name":"El turista tranquil","description":"Blog de viatges","potentialAction":[{"@type":"SearchAction","target":{"@type":"EntryPoint","urlTemplate":"https:\/\/www.elturistatranquil.com\/ca\/?s={search_term_string}"},"query-input":{"@type":"PropertyValueSpecification","valueRequired":true,"valueName":"search_term_string"}}],"inLanguage":"ca"},{"@type":"Person","@id":"https:\/\/www.elturistatranquil.com\/ca\/#\/schema\/person\/16f607c3079b96ed0c530a52e6b58bb5","name":"admin","image":{"@type":"ImageObject","inLanguage":"ca","@id":"https:\/\/secure.gravatar.com\/avatar\/1fbaf22aee75fcbb29a2f97b107f95d25d3a19b7c3416105be10269872673e8d?s=96&d=mm&r=g","url":"https:\/\/secure.gravatar.com\/avatar\/1fbaf22aee75fcbb29a2f97b107f95d25d3a19b7c3416105be10269872673e8d?s=96&d=mm&r=g","contentUrl":"https:\/\/secure.gravatar.com\/avatar\/1fbaf22aee75fcbb29a2f97b107f95d25d3a19b7c3416105be10269872673e8d?s=96&d=mm&r=g","caption":"admin"}}]}},"_links":{"self":[{"href":"https:\/\/www.elturistatranquil.com\/ca\/wp-json\/wp\/v2\/posts\/46299","targetHints":{"allow":["GET"]}}],"collection":[{"href":"https:\/\/www.elturistatranquil.com\/ca\/wp-json\/wp\/v2\/posts"}],"about":[{"href":"https:\/\/www.elturistatranquil.com\/ca\/wp-json\/wp\/v2\/types\/post"}],"author":[{"embeddable":true,"href":"https:\/\/www.elturistatranquil.com\/ca\/wp-json\/wp\/v2\/users\/1"}],"replies":[{"embeddable":true,"href":"https:\/\/www.elturistatranquil.com\/ca\/wp-json\/wp\/v2\/comments?post=46299"}],"version-history":[{"count":5,"href":"https:\/\/www.elturistatranquil.com\/ca\/wp-json\/wp\/v2\/posts\/46299\/revisions"}],"predecessor-version":[{"id":51554,"href":"https:\/\/www.elturistatranquil.com\/ca\/wp-json\/wp\/v2\/posts\/46299\/revisions\/51554"}],"wp:featuredmedia":[{"embeddable":true,"href":"https:\/\/www.elturistatranquil.com\/ca\/wp-json\/wp\/v2\/media\/46170"}],"wp:attachment":[{"href":"https:\/\/www.elturistatranquil.com\/ca\/wp-json\/wp\/v2\/media?parent=46299"}],"wp:term":[{"taxonomy":"category","embeddable":true,"href":"https:\/\/www.elturistatranquil.com\/ca\/wp-json\/wp\/v2\/categories?post=46299"},{"taxonomy":"post_tag","embeddable":true,"href":"https:\/\/www.elturistatranquil.com\/ca\/wp-json\/wp\/v2\/tags?post=46299"}],"curies":[{"name":"wp","href":"https:\/\/api.w.org\/{rel}","templated":true}]}}