{"id":46536,"date":"2023-05-06T10:45:11","date_gmt":"2023-05-06T08:45:11","guid":{"rendered":"https:\/\/www.elturistatranquil.com\/?p=46536"},"modified":"2023-05-06T12:14:15","modified_gmt":"2023-05-06T10:14:15","slug":"cases-cova-i-silos-a-la-mancha","status":"publish","type":"post","link":"https:\/\/www.elturistatranquil.com\/ca\/cases-cova-i-silos-a-la-mancha\/","title":{"rendered":"Cases-cova i \u201csilos\u201d a La Mancha"},"content":{"rendered":"\t\t<div data-elementor-type=\"wp-post\" data-elementor-id=\"46536\" class=\"elementor elementor-46536 elementor-46323\" data-elementor-post-type=\"post\">\n\t\t\t\t\t\t<section class=\"elementor-section elementor-top-section elementor-element elementor-element-baef1ee elementor-section-boxed elementor-section-height-default elementor-section-height-default\" data-id=\"baef1ee\" data-element_type=\"section\" data-e-type=\"section\">\n\t\t\t\t\t\t<div class=\"elementor-container elementor-column-gap-default\">\n\t\t\t\t\t<div class=\"elementor-column elementor-col-100 elementor-top-column elementor-element elementor-element-6e2bf7d9\" data-id=\"6e2bf7d9\" data-element_type=\"column\" data-e-type=\"column\">\n\t\t\t<div class=\"elementor-widget-wrap elementor-element-populated\">\n\t\t\t\t\t\t<section class=\"elementor-section elementor-inner-section elementor-element elementor-element-1f255e07 elementor-section-content-middle elementor-section-boxed elementor-section-height-default elementor-section-height-default\" data-id=\"1f255e07\" data-element_type=\"section\" data-e-type=\"section\">\n\t\t\t\t\t\t<div class=\"elementor-container elementor-column-gap-default\">\n\t\t\t\t\t<div class=\"elementor-column elementor-col-100 elementor-inner-column elementor-element elementor-element-3e8d23a2\" data-id=\"3e8d23a2\" data-element_type=\"column\" data-e-type=\"column\">\n\t\t\t<div class=\"elementor-widget-wrap elementor-element-populated\">\n\t\t\t\t\t\t<div class=\"elementor-element elementor-element-64ebd636 elementor-widget elementor-widget-text-editor\" data-id=\"64ebd636\" data-element_type=\"widget\" data-e-type=\"widget\" data-widget_type=\"text-editor.default\">\n\t\t\t\t<div class=\"elementor-widget-container\">\n\t\t\t\t\t\t\t\t\t<p>Habitatges sota terra, en forma de cases-cova o \u201csilos\u201d, \u00e9s el que visitarem a la zona de La Mancha, al Campo de Criptana i Villaca\u00f1as, a mes del <em>Museu Etnogr\u00e0fic del Silo.<\/em><\/p>\t\t\t\t\t\t\t\t<\/div>\n\t\t\t\t<\/div>\n\t\t\t\t\t<\/div>\n\t\t<\/div>\n\t\t\t\t\t<\/div>\n\t\t<\/section>\n\t\t\t\t<div class=\"elementor-element elementor-element-731fc451 elementor-widget elementor-widget-heading\" data-id=\"731fc451\" data-element_type=\"widget\" data-e-type=\"widget\" data-widget_type=\"heading.default\">\n\t\t\t\t<div class=\"elementor-widget-container\">\n\t\t\t\t\t<h1 class=\"elementor-heading-title elementor-size-default\">Cases-cova i \u201csilos\u201d a La Mancha<\/h1>\t\t\t\t<\/div>\n\t\t\t\t<\/div>\n\t\t\t\t\t<\/div>\n\t\t<\/div>\n\t\t\t\t\t<\/div>\n\t\t<\/section>\n\t\t\t\t<section class=\"elementor-section elementor-top-section elementor-element elementor-element-38a15145 elementor-section-boxed elementor-section-height-default elementor-section-height-default\" data-id=\"38a15145\" data-element_type=\"section\" data-e-type=\"section\">\n\t\t\t\t\t\t<div class=\"elementor-container elementor-column-gap-default\">\n\t\t\t\t\t<div class=\"elementor-column elementor-col-100 elementor-top-column elementor-element elementor-element-129abe4e\" data-id=\"129abe4e\" data-element_type=\"column\" data-e-type=\"column\">\n\t\t\t<div class=\"elementor-widget-wrap elementor-element-populated\">\n\t\t\t\t\t\t<div class=\"elementor-element elementor-element-571d1be1 elementor-widget elementor-widget-image\" data-id=\"571d1be1\" data-element_type=\"widget\" data-e-type=\"widget\" data-widget_type=\"image.default\">\n\t\t\t\t<div class=\"elementor-widget-container\">\n\t\t\t\t\t\t\t\t\t\t\t\t<figure class=\"wp-caption\">\n\t\t\t\t\t\t\t\t\t\t<img fetchpriority=\"high\" decoding=\"async\" width=\"768\" height=\"512\" src=\"https:\/\/www.elturistatranquil.com\/wp-content\/uploads\/F00-Casa-cueva-de-la-Pastora-Marcela-Campo-de-Criptana-Ciudad-Real.jpg\" class=\"attachment-large size-large wp-image-46339\" alt=\"Casa-cueva de la Pastora Marcela, Campo de Criptana, Ciudad Real\" srcset=\"https:\/\/www.elturistatranquil.com\/wp-content\/uploads\/F00-Casa-cueva-de-la-Pastora-Marcela-Campo-de-Criptana-Ciudad-Real.jpg 768w, https:\/\/www.elturistatranquil.com\/wp-content\/uploads\/F00-Casa-cueva-de-la-Pastora-Marcela-Campo-de-Criptana-Ciudad-Real-339x226.jpg 339w\" sizes=\"(max-width: 768px) 100vw, 768px\" \/>\t\t\t\t\t\t\t\t\t\t\t<figcaption class=\"widget-image-caption wp-caption-text\">Casa-cova de la Pastora Marcela a Campo de Criptana<\/figcaption>\n\t\t\t\t\t\t\t\t\t\t<\/figure>\n\t\t\t\t\t\t\t\t\t<\/div>\n\t\t\t\t<\/div>\n\t\t\t\t<div class=\"elementor-element elementor-element-4104c034 elementor-widget elementor-widget-spacer\" data-id=\"4104c034\" data-element_type=\"widget\" data-e-type=\"widget\" data-widget_type=\"spacer.default\">\n\t\t\t\t<div class=\"elementor-widget-container\">\n\t\t\t\t\t\t\t<div class=\"elementor-spacer\">\n\t\t\t<div class=\"elementor-spacer-inner\"><\/div>\n\t\t<\/div>\n\t\t\t\t\t\t<\/div>\n\t\t\t\t<\/div>\n\t\t\t\t<section class=\"elementor-section elementor-inner-section elementor-element elementor-element-70868b32 elementor-section-boxed elementor-section-height-default elementor-section-height-default\" data-id=\"70868b32\" data-element_type=\"section\" data-e-type=\"section\" data-settings=\"{&quot;background_background&quot;:&quot;classic&quot;}\">\n\t\t\t\t\t\t\t<div class=\"elementor-background-overlay\"><\/div>\n\t\t\t\t\t\t\t<div class=\"elementor-container elementor-column-gap-default\">\n\t\t\t\t\t<div class=\"elementor-column elementor-col-100 elementor-inner-column elementor-element elementor-element-42746d6a\" data-id=\"42746d6a\" data-element_type=\"column\" data-e-type=\"column\" data-settings=\"{&quot;background_background&quot;:&quot;classic&quot;}\">\n\t\t\t<div class=\"elementor-widget-wrap elementor-element-populated\">\n\t\t\t\t\t\t<div class=\"elementor-element elementor-element-52ccc06f elementor-widget elementor-widget-text-editor\" data-id=\"52ccc06f\" data-element_type=\"widget\" data-e-type=\"widget\" data-widget_type=\"text-editor.default\">\n\t\t\t\t<div class=\"elementor-widget-container\">\n\t\t\t\t\t\t\t\t\t<p>Casa-cova. Municipi: Campo de Criptana. Comarca: La Mancha. Prov\u00edncia: Ciudad Real. Com. Aut\u00f2noma: Castilla-La Mancha. Coordenades: 39\u00b024&#8217;26.9&#8243;N 3\u00b007&#8217;28.6&#8243;W. Altitud:707 msnm. Poblaci\u00f3: 13.142 habitants (2022)<\/p><p>Web: <a href=\"https:\/\/www.tierradegigantes.es\/\" target=\"_blank\" rel=\"noopener\">ayuntamientoturismo<\/a><\/p><p>Silo. Municipi: Villaca\u00f1as. Comarca: La Mancha. Prov\u00edncia: Toledo. Com. Aut\u00f2noma: Castilla-La Mancha. Coordenades: 39\u00b037&#8217;41.4&#8243;N 3\u00b020&#8217;28.4&#8243;W. Altitud: 664 msnm. Poblaci\u00f3: 9.418 habitants (2022)<\/p><p>Web: <a href=\"https:\/\/www.aytovillacanas.com\/turismo-y-festejos\/%C2%BFque-hacer-en-villaca%C3%B1as\/museo-municipal-del-silo\" target=\"_blank\" rel=\"noopener\">museomunicipaldelsilo<\/a><\/p><p><em>B\u00e9 d\u2019Inter\u00e9s Cultural (BIC)<\/em><\/p><p>Visita: 2022<\/p>\t\t\t\t\t\t\t\t<\/div>\n\t\t\t\t<\/div>\n\t\t\t\t\t<\/div>\n\t\t<\/div>\n\t\t\t\t\t<\/div>\n\t\t<\/section>\n\t\t\t\t<div class=\"elementor-element elementor-element-52cd9f3f elementor-widget elementor-widget-image\" data-id=\"52cd9f3f\" data-element_type=\"widget\" data-e-type=\"widget\" data-widget_type=\"image.default\">\n\t\t\t\t<div class=\"elementor-widget-container\">\n\t\t\t\t\t\t\t\t\t\t\t\t<figure class=\"wp-caption\">\n\t\t\t\t\t\t\t\t\t\t<img decoding=\"async\" width=\"768\" height=\"512\" src=\"https:\/\/www.elturistatranquil.com\/wp-content\/uploads\/F02c-Mapa-de-situacio-Google-maps-2023-04-21.jpg\" class=\"attachment-medium_large size-medium_large wp-image-46545\" alt=\"Mapa de situaci\u00f3 (Google maps 2023-04-21)\" srcset=\"https:\/\/www.elturistatranquil.com\/wp-content\/uploads\/F02c-Mapa-de-situacio-Google-maps-2023-04-21.jpg 768w, https:\/\/www.elturistatranquil.com\/wp-content\/uploads\/F02c-Mapa-de-situacio-Google-maps-2023-04-21-339x226.jpg 339w\" sizes=\"(max-width: 768px) 100vw, 768px\" \/>\t\t\t\t\t\t\t\t\t\t\t<figcaption class=\"widget-image-caption wp-caption-text\">Mapa de situaci\u00f3 (Google maps 2023-04-21)<\/figcaption>\n\t\t\t\t\t\t\t\t\t\t<\/figure>\n\t\t\t\t\t\t\t\t\t<\/div>\n\t\t\t\t<\/div>\n\t\t\t\t<div class=\"elementor-element elementor-element-3913babe elementor-widget elementor-widget-spacer\" data-id=\"3913babe\" data-element_type=\"widget\" data-e-type=\"widget\" data-widget_type=\"spacer.default\">\n\t\t\t\t<div class=\"elementor-widget-container\">\n\t\t\t\t\t\t\t<div class=\"elementor-spacer\">\n\t\t\t<div class=\"elementor-spacer-inner\"><\/div>\n\t\t<\/div>\n\t\t\t\t\t\t<\/div>\n\t\t\t\t<\/div>\n\t\t\t\t<div class=\"elementor-element elementor-element-708d488a elementor-toc--minimized-on-tablet elementor-widget elementor-widget-table-of-contents\" data-id=\"708d488a\" data-element_type=\"widget\" data-e-type=\"widget\" data-settings=\"{&quot;headings_by_tags&quot;:[&quot;h2&quot;,&quot;h3&quot;,&quot;h4&quot;],&quot;marker_view&quot;:&quot;bullets&quot;,&quot;icon&quot;:{&quot;value&quot;:&quot;&quot;,&quot;library&quot;:&quot;&quot;},&quot;no_headings_message&quot;:&quot;No s&#039;ha trobat cap encap\\u00e7alament en aquesta p\\u00e0gina.&quot;,&quot;minimize_box&quot;:&quot;yes&quot;,&quot;minimized_on&quot;:&quot;tablet&quot;,&quot;hierarchical_view&quot;:&quot;yes&quot;,&quot;min_height&quot;:{&quot;unit&quot;:&quot;px&quot;,&quot;size&quot;:&quot;&quot;,&quot;sizes&quot;:[]},&quot;min_height_tablet&quot;:{&quot;unit&quot;:&quot;px&quot;,&quot;size&quot;:&quot;&quot;,&quot;sizes&quot;:[]},&quot;min_height_mobile&quot;:{&quot;unit&quot;:&quot;px&quot;,&quot;size&quot;:&quot;&quot;,&quot;sizes&quot;:[]}}\" data-widget_type=\"table-of-contents.default\">\n\t\t\t\t<div class=\"elementor-widget-container\">\n\t\t\t\t\t\t\t\t\t<div class=\"elementor-toc__header\">\n\t\t\t\t\t\t<h4 class=\"elementor-toc__header-title\">\n\t\t\t\t\u00cdndex\t\t\t<\/h4>\n\t\t\t\t\t\t\t\t\t\t<div class=\"elementor-toc__toggle-button elementor-toc__toggle-button--expand\" role=\"button\" tabindex=\"0\" aria-controls=\"elementor-toc__708d488a\" aria-expanded=\"true\" aria-label=\"Open table of contents\"><i aria-hidden=\"true\" class=\"fas fa-chevron-down\"><\/i><\/div>\n\t\t\t\t<div class=\"elementor-toc__toggle-button elementor-toc__toggle-button--collapse\" role=\"button\" tabindex=\"0\" aria-controls=\"elementor-toc__708d488a\" aria-expanded=\"true\" aria-label=\"Close table of contents\"><i aria-hidden=\"true\" class=\"fas fa-chevron-up\"><\/i><\/div>\n\t\t\t\t\t<\/div>\n\t\t\t\t<div id=\"elementor-toc__708d488a\" class=\"elementor-toc__body\">\n\t\t\t<div class=\"elementor-toc__spinner-container\">\n\t\t\t\t<i class=\"elementor-toc__spinner eicon-animation-spin eicon-loading\" aria-hidden=\"true\"><\/i>\t\t\t<\/div>\n\t\t<\/div>\n\t\t\t\t\t\t<\/div>\n\t\t\t\t<\/div>\n\t\t\t\t<div class=\"elementor-element elementor-element-f92ed7 elementor-widget elementor-widget-menu-anchor\" data-id=\"f92ed7\" data-element_type=\"widget\" data-e-type=\"widget\" data-widget_type=\"menu-anchor.default\">\n\t\t\t\t<div class=\"elementor-widget-container\">\n\t\t\t\t\t\t\t<div class=\"elementor-menu-anchor\" id=\"a0101-EnlaceaunpuntodentrodelPost\"><\/div>\n\t\t\t\t\t\t<\/div>\n\t\t\t\t<\/div>\n\t\t\t\t<div class=\"elementor-element elementor-element-5a363a6f elementor-widget elementor-widget-spacer\" data-id=\"5a363a6f\" data-element_type=\"widget\" data-e-type=\"widget\" data-widget_type=\"spacer.default\">\n\t\t\t\t<div class=\"elementor-widget-container\">\n\t\t\t\t\t\t\t<div class=\"elementor-spacer\">\n\t\t\t<div class=\"elementor-spacer-inner\"><\/div>\n\t\t<\/div>\n\t\t\t\t\t\t<\/div>\n\t\t\t\t<\/div>\n\t\t\t\t<div class=\"elementor-element elementor-element-472360da elementor-widget elementor-widget-heading\" data-id=\"472360da\" data-element_type=\"widget\" data-e-type=\"widget\" data-widget_type=\"heading.default\">\n\t\t\t\t<div class=\"elementor-widget-container\">\n\t\t\t\t\t<h2 class=\"elementor-heading-title elementor-size-default\">Casas-cova i \u201csilos\u201d a La Mancha<\/h2>\t\t\t\t<\/div>\n\t\t\t\t<\/div>\n\t\t\t\t<div class=\"elementor-element elementor-element-4ebee9a0 elementor-widget elementor-widget-text-editor\" data-id=\"4ebee9a0\" data-element_type=\"widget\" data-e-type=\"widget\" data-widget_type=\"text-editor.default\">\n\t\t\t\t<div class=\"elementor-widget-container\">\n\t\t\t\t\t\t\t\t\t<p>Al Post dedicat a l&#8217; <a href=\"https:\/\/www.elturistatranquil.com\/ca\/ermita-de-sant-saturi-soria\/\" target=\"_blank\" rel=\"noopener\">Ermita de Sant Saturi<\/a> v\u00e8iem que hi ha persones que trien viure en una gruta per devoci\u00f3; en altres circumst\u00e0ncies hi ha persones que es veuen obligades a construir una cova per poder disposar d&#8217;allotjament quan els recursos econ\u00f2mics s\u00f3n escassos o, m\u00e9s ben dit, quan la for\u00e7a de la necessitat porta a viure en aquestes condicions.<\/p>\t\t\t\t\t\t\t\t<\/div>\n\t\t\t\t<\/div>\n\t\t\t\t<div class=\"elementor-element elementor-element-93aaa24 elementor-widget elementor-widget-heading\" data-id=\"93aaa24\" data-element_type=\"widget\" data-e-type=\"widget\" data-widget_type=\"heading.default\">\n\t\t\t\t<div class=\"elementor-widget-container\">\n\t\t\t\t\t<h4 class=\"elementor-heading-title elementor-size-default\">H\u00e0bitats troglod\u00edtics<\/h4>\t\t\t\t<\/div>\n\t\t\t\t<\/div>\n\t\t\t\t<div class=\"elementor-element elementor-element-a725f84 elementor-widget elementor-widget-text-editor\" data-id=\"a725f84\" data-element_type=\"widget\" data-e-type=\"widget\" data-widget_type=\"text-editor.default\">\n\t\t\t\t<div class=\"elementor-widget-container\">\n\t\t\t\t\t\t\t\t\t<p>Des de temps prehist\u00f2rics les coves i abrics han tingut una \u00e0mplia varietat de funcions i usos, tant pel seu valor pr\u00e0ctic com pel seu valor simb\u00f2lic i cultural.<\/p><p>En un primer \u00fas a la prehist\u00f2ria van ser aprofitades en el seu estat natural com a refugi i lloc d&#8217;habitaci\u00f3 i, possiblement, com a llocs simb\u00f2lics, de culte o enterrament. En moltes d&#8217;elles l&#8217;home va deixar dibuixades a les parets les primeres representacions pict\u00f2riques (<a href=\"https:\/\/www.elturistatranquil.com\/ca\/cueva-de-la-pileta\/\" target=\"_blank\" rel=\"noopener\">cova de la Pileta<\/a>, <a href=\"https:\/\/www.elturistatranquil.com\/ca\/bezas,-valdecuenca,-abrics-de-tormon-i-tormon-terol\/#c21s06\" target=\"_blank\" rel=\"noopener\">Abrics de Torm\u00f3n<\/a>, <a href=\"https:\/\/www.elturistatranquil.com\/ca\/hotel-rural-mas-el-cuquello-maestrat\/#a2601\" target=\"_blank\" rel=\"noopener\">barranc de la Valltorta<\/a>).<\/p><p>En algunes cultures, les coves tamb\u00e9 han estat utilitzades per alguns grups religiosos i eremites com a llocs de retir i a\u00efllament, a la recerca de la il\u00b7luminaci\u00f3 espiritual i la connexi\u00f3 amb el div\u00ed (<a href=\"https:\/\/www.elturistatranquil.com\/ca\/ermita-de-sant-saturi-soria\/\" target=\"_blank\" rel=\"noopener\">cova de Sant Saturi<\/a>, <a href=\"https:\/\/www.elturistatranquil.com\/ca\/monestir-de-san-juan-de-la-pena-jacetania\/\" target=\"_blank\" rel=\"noopener\">San Juan de la Pe\u00f1a<\/a>), o com llocs esot\u00e8rics (<a href=\"https:\/\/www.elturistatranquil.com\/ca\/zugarramurdi-la-cova-i-les-bruixes-navarra\/\" target=\"_blank\" rel=\"noopener\">Zugarramurdi<\/a>).<\/p><p>En el seu estat natural tamb\u00e9 han servit com a lloc d&#8217;emmagatzematge i\/o de producci\u00f3 agr\u00e0ria, per l&#8217;estabilitat i les caracter\u00edstiques especials de les condicions ambientals de temperatura i humitat, tant per conservar aliments, com per produir-los (formatges, vi, xampinyons) (<a href=\"https:\/\/www.elturistatranquil.com\/ca\/bocairent-valencia\/\" target=\"_blank\" rel=\"noopener\">Bocairent<\/a>).<\/p><p>Actualment, moltes coves i grutes s\u00f3n utilitzades com a atraccions tur\u00edstiques, ja sigui per la seva bellesa natural (s\u00f3n molt apreciades les coves marines), el seu valor hist\u00f2ric o cultural, o per la pres\u00e8ncia de formacions geol\u00f2giques \u00faniques. Tamb\u00e9 n&#8217;hi ha habilitades com a atractiu d&#8217;oferta locacional o com establiments de restauraci\u00f3.<\/p>\t\t\t\t\t\t\t\t<\/div>\n\t\t\t\t<\/div>\n\t\t\t\t<div class=\"elementor-element elementor-element-6052e60e elementor-widget elementor-widget-heading\" data-id=\"6052e60e\" data-element_type=\"widget\" data-e-type=\"widget\" data-widget_type=\"heading.default\">\n\t\t\t\t<div class=\"elementor-widget-container\">\n\t\t\t\t\t<h4 class=\"elementor-heading-title elementor-size-default\">La construcci\u00f3 de coves<\/h4>\t\t\t\t<\/div>\n\t\t\t\t<\/div>\n\t\t\t\t<div class=\"elementor-element elementor-element-7122612 elementor-widget elementor-widget-text-editor\" data-id=\"7122612\" data-element_type=\"widget\" data-e-type=\"widget\" data-widget_type=\"text-editor.default\">\n\t\t\t\t<div class=\"elementor-widget-container\">\n\t\t\t\t\t\t\t\t\t<p>Per aprofitar-se de certs avantatges que oferien les coves, l&#8217;home tamb\u00e9 es va platejar crear coves artificials. En uns casos perforant el terreny en vessants de muntanyes, per\u00f2 tamb\u00e9 excavant cavitats subterr\u00e0nies sota els habitatges. Aquesta pr\u00e0ctica tenia lloc especialment en llocs on les caracter\u00edstiques geol\u00f2giques del terreny fossin les m\u00e9s favorables per a la seva construcci\u00f3, com ara roques sediment\u00e0ries f\u00e0cils d&#8217;excavar amb eines simples, estrats inclinats, zones de falles i fractures, roca volc\u00e0nica, abs\u00e8ncia d&#8217;aigua i una ubicaci\u00f3 segura i accessible.<\/p><p>Per exemple, a les zones productores de vi i cava, s\u00f3n caracter\u00edstics els subterranis, coves i caves, per a l&#8217;emmagatzematge i fermentaci\u00f3 del vi sota les cases o als voltants de les localitats (<a href=\"https:\/\/www.elturistatranquil.com\/ca\/belmonte-conca\/#c7524\" target=\"_blank\" rel=\"noopener\">Belmonte<\/a>, <a href=\"https:\/\/www.elturistatranquil.com\/ca\/castell-dampudia-palencia\/#b6511\" target=\"_blank\" rel=\"noopener\">Ampudia<\/a>, La Rioja, Pened\u00e8s, Fermoselle) .<\/p><p>Si observem els mapes que s&#8217;ofereixen al <em>Post<\/em> <a href=\"https:\/\/www.elturistatranquil.com\/ca\/estructures-territorials-a-l'espanya-peninsular\/#b4002b\">Estructures territorials a l\u2019Espanya peninsular<\/a>, les zones geol\u00f2giques de terrenys calcaris (representades en diferents graus de color verd al <a href=\"https:\/\/www.elturistatranquil.com\/ca\/estructures-territorials-a-l'espanya-peninsular\/#b4002b\">mapa geol\u00f2gic<\/a>), s\u00f3n les m\u00e9s propicis per trobar coves i grutes naturals, i on poder excavar-les.<\/p><p>La funci\u00f3 que ara m&#8217;interessa destacar \u00e9s la construcci\u00f3 de coves-casa com a soluci\u00f3 per disposar d&#8217;un habitatge per part de fam\u00edlies sense recursos. Es tracta d&#8217;una alternativa per fer front a una situaci\u00f3 extrema de necessitat d&#8217;aconseguir un allotjament al menor cost possible, ja que no requereix materials de construcci\u00f3 (o molt escassos) i que, quan es practica sobre el vessant d&#8217;una muntanya, tamb\u00e9 s\u2019evita haver de tenir un terreny en propietat. Un exemple d&#8217;aquesta situaci\u00f3 es va produir el l\u2019\u00e8poca de m\u00e0xims moviments migratoris interns a mitjans del segle XX. La precarietat residencial que va causar la implantaci\u00f3 de grans zones de barraques al voltant de grans ciutats va permetre que, per exemple a Sabadell, en el marge dels terrenys sedimentaris erosionats pel riu Ripoll, fam\u00edlies del sud d&#8217;Espanya, que coneixien m\u00e9s o menys les t\u00e8cniques de construcci\u00f3 de coves, les creessin al paratge que es coneixia com a coves de Can Puiggener.<\/p><p>Ja vam tenir ocasi\u00f3 al <em>Post<\/em> <a href=\"https:\/\/www.elturistatranquil.com\/ca\/cuevas-del-almanzora-(almeria)\/#c3713\" target=\"_blank\" rel=\"noopener\">Cuevas del Almanzora<\/a> de visitar una cova-habitatge adaptada com a museu.<\/p>\t\t\t\t\t\t\t\t<\/div>\n\t\t\t\t<\/div>\n\t\t\t\t<div class=\"elementor-element elementor-element-44d5cb4d elementor-widget elementor-widget-heading\" data-id=\"44d5cb4d\" data-element_type=\"widget\" data-e-type=\"widget\" data-widget_type=\"heading.default\">\n\t\t\t\t<div class=\"elementor-widget-container\">\n\t\t\t\t\t<h2 class=\"elementor-heading-title elementor-size-default\">El territori: Cases-cova i \u201csilos\u201d a La Mancha<\/h2>\t\t\t\t<\/div>\n\t\t\t\t<\/div>\n\t\t\t\t<div class=\"elementor-element elementor-element-61b00b15 elementor-widget elementor-widget-text-editor\" data-id=\"61b00b15\" data-element_type=\"widget\" data-e-type=\"widget\" data-widget_type=\"text-editor.default\">\n\t\t\t\t<div class=\"elementor-widget-container\">\n\t\t\t\t\t\t\t\t\t<p>En aquesta presentaci\u00f3 em despla\u00e7ar\u00e9 a dos punts de la zona manxega a les prov\u00edncies de Ciudad Real i Toledo, per observar les <strong>cases-cova del Albaic\u00edn<\/strong> a <strong>Campo de Criptana<\/strong> i les cases subterr\u00e0nies, o <strong><em>silos<\/em><\/strong> de <strong>Villaca\u00f1as<\/strong>, com se&#8217;ls anomena all\u00e0.<\/p><p>Evidentment, actualment n&#8217;han perdut l&#8217;\u00fas residencial original.<\/p><p>L&#8217;exposici\u00f3 que efectua <em>Carlos Flores<\/em> al volum III de la seva obra <em>Arquitectura popular espa\u00f1ola<\/em> sobre aquest tema de les cases-cova em servir\u00e0 de text de refer\u00e8ncia.<\/p><p>Mentre la Meseta Nord \u00e9s una zona pr\u00f2diga en coves utilitzades \u00fanicament, en general, per a la producci\u00f3 o conservaci\u00f3 del vi, a la Meseta Sud, llevant Mediterrani i Andalusia, la cova pot tenir tamb\u00e9 altres usos, per\u00f2 assoleix a m\u00e9s gran extensi\u00f3 la cova emprada com a casa-habitaci\u00f3, i una variant que la constitueixen els habitatges subterranis. Aix\u00ed, Flores considera com a t\u00edpicament manxegues -encara que ni de bon tros exclusives d&#8217;aquesta regi\u00f3-, les coves i els habitatges subterranis.<\/p><p>Per construir-les es tracta d\u2019excavar el terreny el necessari per aconseguir un cert nombre de recintes, ja sigui sobre la pendent d&#8217;un pujol o promontori, b\u00e9 sota el nivell del terra, que constituiran diverses habitacions enlla\u00e7ades entre si per petits t\u00fanels i galeries.<\/p><p>Les coves habitades i els habitatges subterranis, especialment aquests darrers, componen sovint estimables exemples d&#8217;arquitectura popular. Entre les unes i les altres hi ha difer\u00e8ncies essencials, ja que, si les coves eren, excepte excepcions, refugis d&#8217;un baix nivell d&#8217;habitabilitat i confort, les cases subterr\u00e0nies oferien magn\u00edfiques condicions, de vegades superiors a les de molts habitatges de la mateixa comarca.<\/p>\t\t\t\t\t\t\t\t<\/div>\n\t\t\t\t<\/div>\n\t\t\t\t<div class=\"elementor-element elementor-element-3ea37ee elementor-widget elementor-widget-heading\" data-id=\"3ea37ee\" data-element_type=\"widget\" data-e-type=\"widget\" data-widget_type=\"heading.default\">\n\t\t\t\t<div class=\"elementor-widget-container\">\n\t\t\t\t\t<h2 class=\"elementor-heading-title elementor-size-default\">Cases-cova al Campo de Criptana <\/h2>\t\t\t\t<\/div>\n\t\t\t\t<\/div>\n\t\t\t\t<div class=\"elementor-element elementor-element-1e95dc7 elementor-widget elementor-widget-text-editor\" data-id=\"1e95dc7\" data-element_type=\"widget\" data-e-type=\"widget\" data-widget_type=\"text-editor.default\">\n\t\t\t\t<div class=\"elementor-widget-container\">\n\t\t\t\t\t\t\t\t\t<p>Per visitar la <strong>casa-cova de la Pastora Marcela<\/strong>, aix\u00ed com l&#8217;interior d&#8217;un dels molins, cal adre\u00e7ar-se a l&#8217;<strong>Oficina d&#8217;Informaci\u00f3 Tur\u00edstica<\/strong>, ubicada al <strong>mol\u00ed Poyatos <\/strong>a la<strong> Serra dels Molins<\/strong>, (coordenades: 39.40869, -3.12379; tel\u00e8fon 926563931)<\/p><p>Seguint la visita a la <strong>casa-cova de la Pastora Marcela<\/strong>, podem veure el proc\u00e9s de construcci\u00f3 i l&#8217;estructura d&#8217;una casa-cova, de les moltes que es troben a La Mancha.<\/p><p>Les cases cova van comen\u00e7ar a perforar-se a Campo de Criptana a l&#8217;\u00faltim quart del segle XIX, quan el barri de l&#8217;Albaic\u00edn amb prou feines era una zona semi urbana sense consolidar ocupada per algunes coves i uns pocs edificis a\u00efllats. La localitat experimentava llavors un fort creixement demogr\u00e0fic que va obligar les fam\u00edlies amb menys recursos a construir espais habitables amb el menor cost possible. I ho van fer perforant l&#8217;aflorament de roca -calc\u00e0ries dolom\u00edtiques li\u00e0siques de l&#8217;Era Secund\u00e0ria- amb eines b\u00e0siques, al vessant sud de la Serra dels Molins i a tot el per\u00edmetre del Tur\u00f3 de la Pau. En aquest suport roc\u00f3s, f\u00e0cil d&#8217;excavar, van trobar l&#8217;estabilitat estructural i la impermeabilitat que necessitaven per crear un espai on poder viure i tirar endavant les seves fam\u00edlies.<\/p><p>El mapa seg\u00fcent mostra com les coves es van anar construint a la cara sud de la serra, al barri de l&#8217;Albaic\u00edn (albaic\u00edn de l&#8217;\u00e0rab i etimol\u00f2gicament significa \u201cbarri en pendent\u201d) de Camp de Criptana, tamb\u00e9 conegut com a Barri de las Cuestas, el que ens dona idea de vessant adequat per ser perforada. En aquesta posici\u00f3, les entrades se situaven orientades al migdia.<\/p><p>El cim de la serra servia com a lloc idoni on ubicar molins de vent, dels quals en queden deu, formant un dels empla\u00e7aments m\u00e9s interessants de molins de vent fariners de La Mancha.<\/p>\t\t\t\t\t\t\t\t<\/div>\n\t\t\t\t<\/div>\n\t\t\t\t<div class=\"elementor-element elementor-element-6286c6cd elementor-widget elementor-widget-image\" data-id=\"6286c6cd\" data-element_type=\"widget\" data-e-type=\"widget\" data-widget_type=\"image.default\">\n\t\t\t\t<div class=\"elementor-widget-container\">\n\t\t\t\t\t\t\t\t\t\t\t\t<figure class=\"wp-caption\">\n\t\t\t\t\t\t\t\t\t\t<img decoding=\"async\" width=\"768\" height=\"511\" src=\"https:\/\/www.elturistatranquil.com\/wp-content\/uploads\/F03-Barrio-del-Albaicin-Campo-de-Criptana-Ciudad-Real.jpg\" class=\"attachment-large size-large wp-image-46344\" alt=\"Barrio del Albaicin, Campo de Criptana, Ciudad Real\" srcset=\"https:\/\/www.elturistatranquil.com\/wp-content\/uploads\/F03-Barrio-del-Albaicin-Campo-de-Criptana-Ciudad-Real.jpg 768w, https:\/\/www.elturistatranquil.com\/wp-content\/uploads\/F03-Barrio-del-Albaicin-Campo-de-Criptana-Ciudad-Real-339x226.jpg 339w\" sizes=\"(max-width: 768px) 100vw, 768px\" \/>\t\t\t\t\t\t\t\t\t\t\t<figcaption class=\"widget-image-caption wp-caption-text\">Pl\u00e0nol de situaci\u00f3 de cases-cova inventariades al Cerro de la Paz i al Barri del 'Albaic\u00edn. A. Casa-cova de la Pastora Marcela; B. Cova-sitja del segle XVI; C. Mol\u00ed Poyatos, Oficina d'Informaci\u00f3 Tur\u00edstica<\/figcaption>\n\t\t\t\t\t\t\t\t\t\t<\/figure>\n\t\t\t\t\t\t\t\t\t<\/div>\n\t\t\t\t<\/div>\n\t\t\t\t<div class=\"elementor-element elementor-element-943d38e elementor-widget elementor-widget-text-editor\" data-id=\"943d38e\" data-element_type=\"widget\" data-e-type=\"widget\" data-widget_type=\"text-editor.default\">\n\t\t\t\t<div class=\"elementor-widget-container\">\n\t\t\t\t\t\t\t\t\t<p>S&#8217;estima que es conserven m\u00e9s de 300 coves, en un barri amb menys de 700 immobles, articulant un complex i dens entramat troglodita d&#8217;alt valor etnogr\u00e0fic i patrimonial, dins del declarat \u201cLloc Hist\u00f2ric\u201d format per la Serra dels Molins i el Tur\u00f3 de la Pau.<\/p><p>L&#8217;inici dels treballs per excavar i habilitar com a habitatge una cova comen\u00e7ava amb l&#8217;elecci\u00f3 d&#8217;un front de roca vist, preferiblement vertical, ja que aix\u00ed s&#8217;estalviaven haver-lo de preparar per conformar la fa\u00e7ana. Aquests fronts de roca, que treien el cap a la superf\u00edcie de forma natural, van afavorir l&#8217;alineament de les coves. Amb els materials extrets s&#8217;aterrava el terreny immediat a l&#8217;acc\u00e9s i, de mica en mica, la uni\u00f3 d&#8217;aquests pl\u00e0nols artificials va anar creant l&#8217;actual i intricada xarxa de carrer.<\/p><p>Tot i que cada casa-cova t\u00e9 una planta particular diferent de les altres, s&#8217;aprecien dos models d&#8217;estructura: les cases-cova de planta centralitzada, on totes les depend\u00e8ncies s&#8217;articulen al voltant d&#8217;una habitaci\u00f3 central, i les coves de planta allargada , amb un o diversos corredors m\u00e9s o menys lineals, i ramificacions a banda i banda.<\/p>\t\t\t\t\t\t\t\t<\/div>\n\t\t\t\t<\/div>\n\t\t\t\t<section class=\"elementor-section elementor-inner-section elementor-element elementor-element-2403298 elementor-section-boxed elementor-section-height-default elementor-section-height-default\" data-id=\"2403298\" data-element_type=\"section\" data-e-type=\"section\">\n\t\t\t\t\t\t<div class=\"elementor-container elementor-column-gap-default\">\n\t\t\t\t\t<div class=\"elementor-column elementor-col-50 elementor-inner-column elementor-element elementor-element-a9fcc85\" data-id=\"a9fcc85\" data-element_type=\"column\" data-e-type=\"column\">\n\t\t\t<div class=\"elementor-widget-wrap elementor-element-populated\">\n\t\t\t\t\t\t<div class=\"elementor-element elementor-element-145d28c elementor-widget elementor-widget-image\" data-id=\"145d28c\" data-element_type=\"widget\" data-e-type=\"widget\" data-widget_type=\"image.default\">\n\t\t\t\t<div class=\"elementor-widget-container\">\n\t\t\t\t\t\t\t\t\t\t\t\t\t\t\t<img loading=\"lazy\" decoding=\"async\" width=\"380\" height=\"380\" src=\"https:\/\/www.elturistatranquil.com\/wp-content\/uploads\/F04m-Casa-cueva-Campo-de-Criptana-Ciudad-Real.jpg\" class=\"attachment-large size-large wp-image-46346\" alt=\"Casa-cueva, Campo de Criptana, Ciudad Real\" srcset=\"https:\/\/www.elturistatranquil.com\/wp-content\/uploads\/F04m-Casa-cueva-Campo-de-Criptana-Ciudad-Real.jpg 380w, https:\/\/www.elturistatranquil.com\/wp-content\/uploads\/F04m-Casa-cueva-Campo-de-Criptana-Ciudad-Real-226x226.jpg 226w\" sizes=\"(max-width: 380px) 100vw, 380px\" \/>\t\t\t\t\t\t\t\t\t\t\t\t\t\t\t<\/div>\n\t\t\t\t<\/div>\n\t\t\t\t\t<\/div>\n\t\t<\/div>\n\t\t\t\t<div class=\"elementor-column elementor-col-50 elementor-inner-column elementor-element elementor-element-78d1886\" data-id=\"78d1886\" data-element_type=\"column\" data-e-type=\"column\">\n\t\t\t<div class=\"elementor-widget-wrap elementor-element-populated\">\n\t\t\t\t\t\t<div class=\"elementor-element elementor-element-c782315 elementor-widget elementor-widget-image\" data-id=\"c782315\" data-element_type=\"widget\" data-e-type=\"widget\" data-widget_type=\"image.default\">\n\t\t\t\t<div class=\"elementor-widget-container\">\n\t\t\t\t\t\t\t\t\t\t\t\t\t\t\t<img loading=\"lazy\" decoding=\"async\" width=\"380\" height=\"381\" src=\"https:\/\/www.elturistatranquil.com\/wp-content\/uploads\/F04n-Casa-cueva-Campo-de-Criptana-Ciudad-Real.jpg\" class=\"attachment-large size-large wp-image-46348\" alt=\"Casa-cueva, Campo de Criptana, Ciudad Real\" srcset=\"https:\/\/www.elturistatranquil.com\/wp-content\/uploads\/F04n-Casa-cueva-Campo-de-Criptana-Ciudad-Real.jpg 380w, https:\/\/www.elturistatranquil.com\/wp-content\/uploads\/F04n-Casa-cueva-Campo-de-Criptana-Ciudad-Real-225x226.jpg 225w\" sizes=\"(max-width: 380px) 100vw, 380px\" \/>\t\t\t\t\t\t\t\t\t\t\t\t\t\t\t<\/div>\n\t\t\t\t<\/div>\n\t\t\t\t\t<\/div>\n\t\t<\/div>\n\t\t\t\t\t<\/div>\n\t\t<\/section>\n\t\t\t\t<section class=\"elementor-section elementor-inner-section elementor-element elementor-element-a8cc862 elementor-section-boxed elementor-section-height-default elementor-section-height-default\" data-id=\"a8cc862\" data-element_type=\"section\" data-e-type=\"section\">\n\t\t\t\t\t\t<div class=\"elementor-container elementor-column-gap-default\">\n\t\t\t\t\t<div class=\"elementor-column elementor-col-50 elementor-inner-column elementor-element elementor-element-4f74a53\" data-id=\"4f74a53\" data-element_type=\"column\" data-e-type=\"column\">\n\t\t\t<div class=\"elementor-widget-wrap elementor-element-populated\">\n\t\t\t\t\t\t<div class=\"elementor-element elementor-element-e750100 elementor-widget elementor-widget-image\" data-id=\"e750100\" data-element_type=\"widget\" data-e-type=\"widget\" data-widget_type=\"image.default\">\n\t\t\t\t<div class=\"elementor-widget-container\">\n\t\t\t\t\t\t\t\t\t\t\t\t\t\t\t<img loading=\"lazy\" decoding=\"async\" width=\"380\" height=\"378\" src=\"https:\/\/www.elturistatranquil.com\/wp-content\/uploads\/F04o-Casa-cueva-Campo-de-Criptana-Ciudad-Realo.jpg\" class=\"attachment-large size-large wp-image-46350\" alt=\"Casa-cueva, Campo de Criptana, Ciudad Real\" srcset=\"https:\/\/www.elturistatranquil.com\/wp-content\/uploads\/F04o-Casa-cueva-Campo-de-Criptana-Ciudad-Realo.jpg 380w, https:\/\/www.elturistatranquil.com\/wp-content\/uploads\/F04o-Casa-cueva-Campo-de-Criptana-Ciudad-Realo-227x226.jpg 227w\" sizes=\"(max-width: 380px) 100vw, 380px\" \/>\t\t\t\t\t\t\t\t\t\t\t\t\t\t\t<\/div>\n\t\t\t\t<\/div>\n\t\t\t\t\t<\/div>\n\t\t<\/div>\n\t\t\t\t<div class=\"elementor-column elementor-col-50 elementor-inner-column elementor-element elementor-element-a242441\" data-id=\"a242441\" data-element_type=\"column\" data-e-type=\"column\">\n\t\t\t<div class=\"elementor-widget-wrap elementor-element-populated\">\n\t\t\t\t\t\t<div class=\"elementor-element elementor-element-25d6b6c elementor-widget elementor-widget-image\" data-id=\"25d6b6c\" data-element_type=\"widget\" data-e-type=\"widget\" data-widget_type=\"image.default\">\n\t\t\t\t<div class=\"elementor-widget-container\">\n\t\t\t\t\t\t\t\t\t\t\t\t\t\t\t<img loading=\"lazy\" decoding=\"async\" width=\"380\" height=\"380\" src=\"https:\/\/www.elturistatranquil.com\/wp-content\/uploads\/F04p-Casa-cueva-Campo-de-Criptana-Ciudad-Real.jpg\" class=\"attachment-large size-large wp-image-46352\" alt=\"Casa-cueva, Campo de Criptana, Ciudad Real\" srcset=\"https:\/\/www.elturistatranquil.com\/wp-content\/uploads\/F04p-Casa-cueva-Campo-de-Criptana-Ciudad-Real.jpg 380w, https:\/\/www.elturistatranquil.com\/wp-content\/uploads\/F04p-Casa-cueva-Campo-de-Criptana-Ciudad-Real-226x226.jpg 226w\" sizes=\"(max-width: 380px) 100vw, 380px\" \/>\t\t\t\t\t\t\t\t\t\t\t\t\t\t\t<\/div>\n\t\t\t\t<\/div>\n\t\t\t\t\t<\/div>\n\t\t<\/div>\n\t\t\t\t\t<\/div>\n\t\t<\/section>\n\t\t\t\t<div class=\"elementor-element elementor-element-707a087 elementor-widget elementor-widget-text-editor\" data-id=\"707a087\" data-element_type=\"widget\" data-e-type=\"widget\" data-widget_type=\"text-editor.default\">\n\t\t\t\t<div class=\"elementor-widget-container\">\n\t\t\t\t\t\t\t\t\t<p>\u00a0<\/p><p>L&#8217;obra principal, que es realitzava \u201csoltando panderos\u201d (desprenent blocs aprofitant l&#8217;estratificaci\u00f3 horitzontal de la roca mare). Amb l&#8217;\u00fas i el temps es van anar aixecant pilars, murs divisoris i envans de ma\u00e7oneria de pedra travada amb guix marr\u00f3, o de toves col\u00b7locades a panderete. Els elements sustentants o divisoris permetien assumir les necessitats canviants de cada fam\u00edlia troglodita alhora que mantenien la seguretat de l&#8217;h\u00e0bitat.<\/p><p>Els terres, originalment de terra piconada o fins i tot de roca viva i a diferents nivells. M\u00e9s endavant, es van cobrir per una capa de ciment brunyit que va aportar als habitants una millor qualitat de vida. El mateix proc\u00e9s van experimentar parets i voltes, encara que amb aquestes \u201cmillores\u201d, les coves van patir un enorme deteriorament, ja que la pedra va deixar de \u201crespirar\u201d en bona part.<\/p><p>Amb el temps, a les coves se&#8217;ls van associar patis davanters i edificacions en superf\u00edcie per sobre d&#8217;elles, que augmentava l&#8217;espai habitable, una tend\u00e8ncia constructiva relativament recent (anys 1960-70).<\/p><p>Les cases-cova del Tur\u00f3 de la Pau consten de dues plantes. Per sota, amb l&#8217;entrada encarada al migdia, la cova pr\u00f2piament dita excavada a la roca i el pati davant de l&#8217;entrada; per sobre una edificaci\u00f3 convencional associada, l&#8217;estructura de la qual \u00e9s de f\u00e0brica de t\u00e0pia i la seva coberta \u00e9s inclinada amb teula corba sobre estructura de fusta, que es convertir\u00e0 en la planta principal amb l&#8217;entrada pel costat septentrional, pel carrer oposat, i pel nivell superior. La nova fa\u00e7ana consta de t\u00e0pia emblanquinada amb s\u00f2col i brancals de la porta en color blau anyil.<\/p><p>Com que la cova est\u00e0 constru\u00efda una al costat de l&#8217;altra, les construccions superiors associades adossades les unes a les altres formen un continu que dona lloc a carrers i illes d&#8217;aparen\u00e7a convencional.<\/p>\t\t\t\t\t\t\t\t<\/div>\n\t\t\t\t<\/div>\n\t\t\t\t<div class=\"elementor-element elementor-element-42a6081 elementor-widget elementor-widget-heading\" data-id=\"42a6081\" data-element_type=\"widget\" data-e-type=\"widget\" data-widget_type=\"heading.default\">\n\t\t\t\t<div class=\"elementor-widget-container\">\n\t\t\t\t\t<h2 class=\"elementor-heading-title elementor-size-default\">La Casa-cova de la Pastora Marcela<\/h2>\t\t\t\t<\/div>\n\t\t\t\t<\/div>\n\t\t\t\t<div class=\"elementor-element elementor-element-f8163a5 elementor-widget elementor-widget-image\" data-id=\"f8163a5\" data-element_type=\"widget\" data-e-type=\"widget\" data-widget_type=\"image.default\">\n\t\t\t\t<div class=\"elementor-widget-container\">\n\t\t\t\t\t\t\t\t\t\t\t\t<figure class=\"wp-caption\">\n\t\t\t\t\t\t\t\t\t\t<img loading=\"lazy\" decoding=\"async\" width=\"768\" height=\"512\" src=\"https:\/\/www.elturistatranquil.com\/wp-content\/uploads\/F05-Casa-cueva-de-la-Pastora-Marcela-Campo-de-Criptana-Ciudad-Real.jpg\" class=\"attachment-large size-large wp-image-46357\" alt=\"Casa-cueva de la Pastora Marcela, Campo de Criptana, Ciudad Real\" srcset=\"https:\/\/www.elturistatranquil.com\/wp-content\/uploads\/F05-Casa-cueva-de-la-Pastora-Marcela-Campo-de-Criptana-Ciudad-Real.jpg 768w, https:\/\/www.elturistatranquil.com\/wp-content\/uploads\/F05-Casa-cueva-de-la-Pastora-Marcela-Campo-de-Criptana-Ciudad-Real-339x226.jpg 339w\" sizes=\"(max-width: 768px) 100vw, 768px\" \/>\t\t\t\t\t\t\t\t\t\t\t<figcaption class=\"widget-image-caption wp-caption-text\"><\/figcaption>\n\t\t\t\t\t\t\t\t\t\t<\/figure>\n\t\t\t\t\t\t\t\t\t<\/div>\n\t\t\t\t<\/div>\n\t\t\t\t<div class=\"elementor-element elementor-element-217ed0e elementor-widget elementor-widget-text-editor\" data-id=\"217ed0e\" data-element_type=\"widget\" data-e-type=\"widget\" data-widget_type=\"text-editor.default\">\n\t\t\t\t<div class=\"elementor-widget-container\">\n\t\t\t\t\t\t\t\t\t<p>El pl\u00e0nol de la planta de la <strong>casa cova de la Pastora Marcela<\/strong> mostra els dos nivells: la cova amb el pati que dona al <strong>carrer Pastora Marcela<\/strong>, i la superposici\u00f3 d&#8217;una edificaci\u00f3 associada de construcci\u00f3 convencional, on s&#8217;entra per la <strong>glorieta Verge de la Pau<\/strong>.<\/p><p>Al pl\u00e0nol, en tra\u00e7 negre la distribuci\u00f3 subterr\u00e0nia de la cova. En tra\u00e7os grisos, la construcci\u00f3 associada sobreposada amb forma de rectangle que formar\u00e0 l&#8217;alineaci\u00f3 del carrer davanter; la prolongaci\u00f3 de murs cap al sud tancar\u00e0 la part del darrere formant un pati al qual es baixa per una escala exterior; aqu\u00ed hi ha la primitiva entrada a la cova encarada al migdia. L&#8217;alineaci\u00f3 dels murs al nord i al sud amb altres cases-cova forma els carrers, representat per les l\u00ednies de punts en color.<\/p><p>Els edificis associats nom\u00e9s es desenvolupaven en una petita part de la planta de la cova, per la qual cosa els buits excavats solen depassar els l\u00edmits de parcel\u00b7laci\u00f3 en superf\u00edcie, i que, com s&#8217;observa al pl\u00e0nol, l&#8217;excavaci\u00f3 de la cova s&#8217;endinsa sota el pis de l&#8217;ample carrer que visualitzem a la fotografia.<\/p>\t\t\t\t\t\t\t\t<\/div>\n\t\t\t\t<\/div>\n\t\t\t\t<div class=\"elementor-element elementor-element-72407f2 elementor-widget elementor-widget-image\" data-id=\"72407f2\" data-element_type=\"widget\" data-e-type=\"widget\" data-widget_type=\"image.default\">\n\t\t\t\t<div class=\"elementor-widget-container\">\n\t\t\t\t\t\t\t\t\t\t\t\t<figure class=\"wp-caption\">\n\t\t\t\t\t\t\t\t\t\t<img loading=\"lazy\" decoding=\"async\" width=\"768\" height=\"511\" src=\"https:\/\/www.elturistatranquil.com\/wp-content\/uploads\/F06-Casa-cueva-de-la-Pastora-Marcela-Campo-de-Criptana-Ciudad-Real.jpg\" class=\"attachment-large size-large wp-image-46359\" alt=\"Casa-cueva de la Pastora Marcela, Campo de Criptana, Ciudad Real\" srcset=\"https:\/\/www.elturistatranquil.com\/wp-content\/uploads\/F06-Casa-cueva-de-la-Pastora-Marcela-Campo-de-Criptana-Ciudad-Real.jpg 768w, https:\/\/www.elturistatranquil.com\/wp-content\/uploads\/F06-Casa-cueva-de-la-Pastora-Marcela-Campo-de-Criptana-Ciudad-Real-339x226.jpg 339w\" sizes=\"(max-width: 768px) 100vw, 768px\" \/>\t\t\t\t\t\t\t\t\t\t\t<figcaption class=\"widget-image-caption wp-caption-text\"><\/figcaption>\n\t\t\t\t\t\t\t\t\t\t<\/figure>\n\t\t\t\t\t\t\t\t\t<\/div>\n\t\t\t\t<\/div>\n\t\t\t\t<div class=\"elementor-element elementor-element-4d7402f elementor-widget elementor-widget-text-editor\" data-id=\"4d7402f\" data-element_type=\"widget\" data-e-type=\"widget\" data-widget_type=\"text-editor.default\">\n\t\t\t\t<div class=\"elementor-widget-container\">\n\t\t\t\t\t\t\t\t\t<p>Les dues fotografies seg\u00fcents mostren l&#8217;entrada a casa per la planta superior i l&#8217;entrada al pati inferior, pel qual s&#8217;accedeix a la cova.<\/p>\t\t\t\t\t\t\t\t<\/div>\n\t\t\t\t<\/div>\n\t\t\t\t<div class=\"elementor-element elementor-element-d3f74c5 elementor-widget elementor-widget-image\" data-id=\"d3f74c5\" data-element_type=\"widget\" data-e-type=\"widget\" data-widget_type=\"image.default\">\n\t\t\t\t<div class=\"elementor-widget-container\">\n\t\t\t\t\t\t\t\t\t\t\t\t<figure class=\"wp-caption\">\n\t\t\t\t\t\t\t\t\t\t<img loading=\"lazy\" decoding=\"async\" width=\"768\" height=\"511\" src=\"https:\/\/www.elturistatranquil.com\/wp-content\/uploads\/F07-Casa-cueva-de-la-Pastora-Marcela-Campo-de-Criptana-Ciudad-Real.jpg\" class=\"attachment-large size-large wp-image-46361\" alt=\"Casa-cueva de la Pastora Marcela, Campo de Criptana, Ciudad Real\" srcset=\"https:\/\/www.elturistatranquil.com\/wp-content\/uploads\/F07-Casa-cueva-de-la-Pastora-Marcela-Campo-de-Criptana-Ciudad-Real.jpg 768w, https:\/\/www.elturistatranquil.com\/wp-content\/uploads\/F07-Casa-cueva-de-la-Pastora-Marcela-Campo-de-Criptana-Ciudad-Real-339x226.jpg 339w\" sizes=\"(max-width: 768px) 100vw, 768px\" \/>\t\t\t\t\t\t\t\t\t\t\t<figcaption class=\"widget-image-caption wp-caption-text\"><\/figcaption>\n\t\t\t\t\t\t\t\t\t\t<\/figure>\n\t\t\t\t\t\t\t\t\t<\/div>\n\t\t\t\t<\/div>\n\t\t\t\t<div class=\"elementor-element elementor-element-0e665b9 elementor-widget elementor-widget-image\" data-id=\"0e665b9\" data-element_type=\"widget\" data-e-type=\"widget\" data-widget_type=\"image.default\">\n\t\t\t\t<div class=\"elementor-widget-container\">\n\t\t\t\t\t\t\t\t\t\t\t\t<figure class=\"wp-caption\">\n\t\t\t\t\t\t\t\t\t\t<img loading=\"lazy\" decoding=\"async\" width=\"768\" height=\"511\" src=\"https:\/\/www.elturistatranquil.com\/wp-content\/uploads\/F08-Casa-cueva-de-la-Pastora-Marcela-Campo-de-Criptana-Ciudad-Real.jpg\" class=\"attachment-large size-large wp-image-46363\" alt=\"Casa-cueva de la Pastora Marcela, Campo de Criptana, Ciudad Real\" srcset=\"https:\/\/www.elturistatranquil.com\/wp-content\/uploads\/F08-Casa-cueva-de-la-Pastora-Marcela-Campo-de-Criptana-Ciudad-Real.jpg 768w, https:\/\/www.elturistatranquil.com\/wp-content\/uploads\/F08-Casa-cueva-de-la-Pastora-Marcela-Campo-de-Criptana-Ciudad-Real-339x226.jpg 339w\" sizes=\"(max-width: 768px) 100vw, 768px\" \/>\t\t\t\t\t\t\t\t\t\t\t<figcaption class=\"widget-image-caption wp-caption-text\"><\/figcaption>\n\t\t\t\t\t\t\t\t\t\t<\/figure>\n\t\t\t\t\t\t\t\t\t<\/div>\n\t\t\t\t<\/div>\n\t\t\t\t<div class=\"elementor-element elementor-element-f6f1945 elementor-widget elementor-widget-text-editor\" data-id=\"f6f1945\" data-element_type=\"widget\" data-e-type=\"widget\" data-widget_type=\"text-editor.default\">\n\t\t\t\t<div class=\"elementor-widget-container\">\n\t\t\t\t\t\t\t\t\t<p>Aquesta casa-cova \u00e9s actualment de titularitat p\u00fablica, i en els anys 1996-98 es va tenir l&#8217;encert de rehabilitar-la mantenint totalment la fesomia original, alhora que adaptant l&#8217;edificaci\u00f3 superior, ampliada amb altres cases, per a espai d&#8217;exposicions.<\/p><p>\u00c9s de planta centralitzada i est\u00e0 orientada al migdia. Les parets es troben en el seu estat natural, permetent apreciar la tasca del tall de la roca, i nom\u00e9s han estat tractades amb rentats de cal\u00e7 l\u00edquida &#8211;<em>enjalbegados<\/em>&#8211; que permeten la respiraci\u00f3 de la pedra alhora que higienitzen l&#8217;interior.<\/p><p>Per l&#8217;escala des del pis superior s&#8217;accedeix al pati (<strong>a<\/strong>), on hi ha la porta del carrer del darrere (<strong>b<\/strong>) i la porta de la cova (<strong>c<\/strong>).<\/p><p>Els baixos de l&#8217;edificaci\u00f3 lateral (<strong>d<\/strong>) s&#8217;aprofiten com a cobert que podria haver allotjat el ramat de la pastora.<\/p>\t\t\t\t\t\t\t\t<\/div>\n\t\t\t\t<\/div>\n\t\t\t\t<div class=\"elementor-element elementor-element-fd50924 elementor-widget elementor-widget-image\" data-id=\"fd50924\" data-element_type=\"widget\" data-e-type=\"widget\" data-widget_type=\"image.default\">\n\t\t\t\t<div class=\"elementor-widget-container\">\n\t\t\t\t\t\t\t\t\t\t\t\t<figure class=\"wp-caption\">\n\t\t\t\t\t\t\t\t\t\t<img loading=\"lazy\" decoding=\"async\" width=\"768\" height=\"512\" src=\"https:\/\/www.elturistatranquil.com\/wp-content\/uploads\/F09-Casa-cueva-de-la-Pastora-Marcela-Campo-de-Criptana-Ciudad-Real.jpg\" class=\"attachment-large size-large wp-image-46368\" alt=\"Casa-cueva de la Pastora Marcela, Campo de Criptana, Ciudad Real\" srcset=\"https:\/\/www.elturistatranquil.com\/wp-content\/uploads\/F09-Casa-cueva-de-la-Pastora-Marcela-Campo-de-Criptana-Ciudad-Real.jpg 768w, https:\/\/www.elturistatranquil.com\/wp-content\/uploads\/F09-Casa-cueva-de-la-Pastora-Marcela-Campo-de-Criptana-Ciudad-Real-339x226.jpg 339w\" sizes=\"(max-width: 768px) 100vw, 768px\" \/>\t\t\t\t\t\t\t\t\t\t\t<figcaption class=\"widget-image-caption wp-caption-text\"><\/figcaption>\n\t\t\t\t\t\t\t\t\t\t<\/figure>\n\t\t\t\t\t\t\t\t\t<\/div>\n\t\t\t\t<\/div>\n\t\t\t\t<div class=\"elementor-element elementor-element-57b9811 elementor-widget elementor-widget-image\" data-id=\"57b9811\" data-element_type=\"widget\" data-e-type=\"widget\" data-widget_type=\"image.default\">\n\t\t\t\t<div class=\"elementor-widget-container\">\n\t\t\t\t\t\t\t\t\t\t\t\t<figure class=\"wp-caption\">\n\t\t\t\t\t\t\t\t\t\t<img loading=\"lazy\" decoding=\"async\" width=\"768\" height=\"511\" src=\"https:\/\/www.elturistatranquil.com\/wp-content\/uploads\/F10-Casa-cueva-de-la-Pastora-Marcela-Campo-de-Criptana-Ciudad-Real.jpg\" class=\"attachment-large size-large wp-image-46370\" alt=\"Casa-cueva de la Pastora Marcela, Campo de Criptana, Ciudad Real\" srcset=\"https:\/\/www.elturistatranquil.com\/wp-content\/uploads\/F10-Casa-cueva-de-la-Pastora-Marcela-Campo-de-Criptana-Ciudad-Real.jpg 768w, https:\/\/www.elturistatranquil.com\/wp-content\/uploads\/F10-Casa-cueva-de-la-Pastora-Marcela-Campo-de-Criptana-Ciudad-Real-339x226.jpg 339w\" sizes=\"(max-width: 768px) 100vw, 768px\" \/>\t\t\t\t\t\t\t\t\t\t\t<figcaption class=\"widget-image-caption wp-caption-text\"><\/figcaption>\n\t\t\t\t\t\t\t\t\t\t<\/figure>\n\t\t\t\t\t\t\t\t\t<\/div>\n\t\t\t\t<\/div>\n\t\t\t\t<div class=\"elementor-element elementor-element-1c11339 elementor-widget elementor-widget-image\" data-id=\"1c11339\" data-element_type=\"widget\" data-e-type=\"widget\" data-widget_type=\"image.default\">\n\t\t\t\t<div class=\"elementor-widget-container\">\n\t\t\t\t\t\t\t\t\t\t\t\t<figure class=\"wp-caption\">\n\t\t\t\t\t\t\t\t\t\t<img loading=\"lazy\" decoding=\"async\" width=\"768\" height=\"512\" src=\"https:\/\/www.elturistatranquil.com\/wp-content\/uploads\/F11-Casa-cueva-de-la-Pastora-Marcela-Campo-de-Criptana-Ciudad-Real.jpg\" class=\"attachment-large size-large wp-image-46372\" alt=\"Casa-cueva de la Pastora Marcela, Campo de Criptana, Ciudad Real\" srcset=\"https:\/\/www.elturistatranquil.com\/wp-content\/uploads\/F11-Casa-cueva-de-la-Pastora-Marcela-Campo-de-Criptana-Ciudad-Real.jpg 768w, https:\/\/www.elturistatranquil.com\/wp-content\/uploads\/F11-Casa-cueva-de-la-Pastora-Marcela-Campo-de-Criptana-Ciudad-Real-339x226.jpg 339w\" sizes=\"(max-width: 768px) 100vw, 768px\" \/>\t\t\t\t\t\t\t\t\t\t\t<figcaption class=\"widget-image-caption wp-caption-text\"><\/figcaption>\n\t\t\t\t\t\t\t\t\t\t<\/figure>\n\t\t\t\t\t\t\t\t\t<\/div>\n\t\t\t\t<\/div>\n\t\t\t\t<div class=\"elementor-element elementor-element-01b0c3c elementor-widget elementor-widget-text-editor\" data-id=\"01b0c3c\" data-element_type=\"widget\" data-e-type=\"widget\" data-widget_type=\"text-editor.default\">\n\t\t\t\t<div class=\"elementor-widget-container\">\n\t\t\t\t\t\t\t\t\t<p>A la seva estructura interior de la casa-cova segueix fidelment el patr\u00f3 establert per la pr\u00e0ctica dels constructors.<\/p><p>Uns graons porten a una petita entrada (<strong>e<\/strong>) que dona pas a l&#8217;interior de la cova.<\/p>\t\t\t\t\t\t\t\t<\/div>\n\t\t\t\t<\/div>\n\t\t\t\t<div class=\"elementor-element elementor-element-1cc3051 elementor-widget elementor-widget-image\" data-id=\"1cc3051\" data-element_type=\"widget\" data-e-type=\"widget\" data-widget_type=\"image.default\">\n\t\t\t\t<div class=\"elementor-widget-container\">\n\t\t\t\t\t\t\t\t\t\t\t\t<figure class=\"wp-caption\">\n\t\t\t\t\t\t\t\t\t\t<img loading=\"lazy\" decoding=\"async\" width=\"768\" height=\"511\" src=\"https:\/\/www.elturistatranquil.com\/wp-content\/uploads\/F12-Casa-cueva-de-la-Pastora-Marcela-Campo-de-Criptana-Ciudad-Real.jpg\" class=\"attachment-large size-large wp-image-46374\" alt=\"Casa-cueva de la Pastora Marcela, Campo de Criptana, Ciudad Real\" srcset=\"https:\/\/www.elturistatranquil.com\/wp-content\/uploads\/F12-Casa-cueva-de-la-Pastora-Marcela-Campo-de-Criptana-Ciudad-Real.jpg 768w, https:\/\/www.elturistatranquil.com\/wp-content\/uploads\/F12-Casa-cueva-de-la-Pastora-Marcela-Campo-de-Criptana-Ciudad-Real-339x226.jpg 339w\" sizes=\"(max-width: 768px) 100vw, 768px\" \/>\t\t\t\t\t\t\t\t\t\t\t<figcaption class=\"widget-image-caption wp-caption-text\"><\/figcaption>\n\t\t\t\t\t\t\t\t\t\t<\/figure>\n\t\t\t\t\t\t\t\t\t<\/div>\n\t\t\t\t<\/div>\n\t\t\t\t<section class=\"elementor-section elementor-inner-section elementor-element elementor-element-2aa0447 elementor-section-boxed elementor-section-height-default elementor-section-height-default\" data-id=\"2aa0447\" data-element_type=\"section\" data-e-type=\"section\">\n\t\t\t\t\t\t<div class=\"elementor-container elementor-column-gap-default\">\n\t\t\t\t\t<div class=\"elementor-column elementor-col-50 elementor-inner-column elementor-element elementor-element-26588b6\" data-id=\"26588b6\" data-element_type=\"column\" data-e-type=\"column\">\n\t\t\t<div class=\"elementor-widget-wrap elementor-element-populated\">\n\t\t\t\t\t\t<div class=\"elementor-element elementor-element-563fc23 elementor-widget elementor-widget-image\" data-id=\"563fc23\" data-element_type=\"widget\" data-e-type=\"widget\" data-widget_type=\"image.default\">\n\t\t\t\t<div class=\"elementor-widget-container\">\n\t\t\t\t\t\t\t\t\t\t\t\t\t\t\t<img loading=\"lazy\" decoding=\"async\" width=\"380\" height=\"380\" src=\"https:\/\/www.elturistatranquil.com\/wp-content\/uploads\/F13m-Casa-cueva-de-la-Pastora-Marcela-Campo-de-Criptana-Ciudad-Real.jpg\" class=\"attachment-large size-large wp-image-46379\" alt=\"Casa-cueva de la Pastora Marcela, Campo de Criptana, Ciudad Real\" srcset=\"https:\/\/www.elturistatranquil.com\/wp-content\/uploads\/F13m-Casa-cueva-de-la-Pastora-Marcela-Campo-de-Criptana-Ciudad-Real.jpg 380w, https:\/\/www.elturistatranquil.com\/wp-content\/uploads\/F13m-Casa-cueva-de-la-Pastora-Marcela-Campo-de-Criptana-Ciudad-Real-226x226.jpg 226w\" sizes=\"(max-width: 380px) 100vw, 380px\" \/>\t\t\t\t\t\t\t\t\t\t\t\t\t\t\t<\/div>\n\t\t\t\t<\/div>\n\t\t\t\t\t<\/div>\n\t\t<\/div>\n\t\t\t\t<div class=\"elementor-column elementor-col-50 elementor-inner-column elementor-element elementor-element-591ec14\" data-id=\"591ec14\" data-element_type=\"column\" data-e-type=\"column\">\n\t\t\t<div class=\"elementor-widget-wrap elementor-element-populated\">\n\t\t\t\t\t\t<div class=\"elementor-element elementor-element-c3ad18b elementor-widget elementor-widget-image\" data-id=\"c3ad18b\" data-element_type=\"widget\" data-e-type=\"widget\" data-widget_type=\"image.default\">\n\t\t\t\t<div class=\"elementor-widget-container\">\n\t\t\t\t\t\t\t\t\t\t\t\t\t\t\t<img loading=\"lazy\" decoding=\"async\" width=\"380\" height=\"380\" src=\"https:\/\/www.elturistatranquil.com\/wp-content\/uploads\/F13n-Casa-cueva-de-la-Pastora-Marcela-Campo-de-Criptana-Ciudad-Real.jpg\" class=\"attachment-large size-large wp-image-46381\" alt=\"Casa-cueva de la Pastora Marcela, Campo de Criptana, Ciudad Real\" srcset=\"https:\/\/www.elturistatranquil.com\/wp-content\/uploads\/F13n-Casa-cueva-de-la-Pastora-Marcela-Campo-de-Criptana-Ciudad-Real.jpg 380w, https:\/\/www.elturistatranquil.com\/wp-content\/uploads\/F13n-Casa-cueva-de-la-Pastora-Marcela-Campo-de-Criptana-Ciudad-Real-226x226.jpg 226w\" sizes=\"(max-width: 380px) 100vw, 380px\" \/>\t\t\t\t\t\t\t\t\t\t\t\t\t\t\t<\/div>\n\t\t\t\t<\/div>\n\t\t\t\t\t<\/div>\n\t\t<\/div>\n\t\t\t\t\t<\/div>\n\t\t<\/section>\n\t\t\t\t<div class=\"elementor-element elementor-element-4c14898 elementor-widget elementor-widget-image\" data-id=\"4c14898\" data-element_type=\"widget\" data-e-type=\"widget\" data-widget_type=\"image.default\">\n\t\t\t\t<div class=\"elementor-widget-container\">\n\t\t\t\t\t\t\t\t\t\t\t\t<figure class=\"wp-caption\">\n\t\t\t\t\t\t\t\t\t\t<img loading=\"lazy\" decoding=\"async\" width=\"768\" height=\"511\" src=\"https:\/\/www.elturistatranquil.com\/wp-content\/uploads\/F14-Casa-cueva-de-la-Pastora-Marcela-Campo-de-Criptana-Ciudad-Real.jpg\" class=\"attachment-large size-large wp-image-46383\" alt=\"Casa-cueva de la Pastora Marcela, Campo de Criptana, Ciudad Real\" srcset=\"https:\/\/www.elturistatranquil.com\/wp-content\/uploads\/F14-Casa-cueva-de-la-Pastora-Marcela-Campo-de-Criptana-Ciudad-Real.jpg 768w, https:\/\/www.elturistatranquil.com\/wp-content\/uploads\/F14-Casa-cueva-de-la-Pastora-Marcela-Campo-de-Criptana-Ciudad-Real-339x226.jpg 339w\" sizes=\"(max-width: 768px) 100vw, 768px\" \/>\t\t\t\t\t\t\t\t\t\t\t<figcaption class=\"widget-image-caption wp-caption-text\"><\/figcaption>\n\t\t\t\t\t\t\t\t\t\t<\/figure>\n\t\t\t\t\t\t\t\t\t<\/div>\n\t\t\t\t<\/div>\n\t\t\t\t<div class=\"elementor-element elementor-element-8201d70 elementor-widget elementor-widget-text-editor\" data-id=\"8201d70\" data-element_type=\"widget\" data-e-type=\"widget\" data-widget_type=\"text-editor.default\">\n\t\t\t\t<div class=\"elementor-widget-container\">\n\t\t\t\t\t\t\t\t\t<p>A la part dreta de l\u2019entrada (<strong>f<\/strong>) una primera cavitat que servir\u00e0 de magatzem.<\/p>\t\t\t\t\t\t\t\t<\/div>\n\t\t\t\t<\/div>\n\t\t\t\t<div class=\"elementor-element elementor-element-9f4f263 elementor-widget elementor-widget-image\" data-id=\"9f4f263\" data-element_type=\"widget\" data-e-type=\"widget\" data-widget_type=\"image.default\">\n\t\t\t\t<div class=\"elementor-widget-container\">\n\t\t\t\t\t\t\t\t\t\t\t\t<figure class=\"wp-caption\">\n\t\t\t\t\t\t\t\t\t\t<img loading=\"lazy\" decoding=\"async\" width=\"768\" height=\"512\" src=\"https:\/\/www.elturistatranquil.com\/wp-content\/uploads\/F15a-Casa-cueva-de-la-Pastora-Marcela-Campo-de-Criptana-Ciudad-Real.jpg\" class=\"attachment-large size-large wp-image-46385\" alt=\"Casa-cueva de la Pastora Marcela, Campo de Criptana, Ciudad Real\" srcset=\"https:\/\/www.elturistatranquil.com\/wp-content\/uploads\/F15a-Casa-cueva-de-la-Pastora-Marcela-Campo-de-Criptana-Ciudad-Real.jpg 768w, https:\/\/www.elturistatranquil.com\/wp-content\/uploads\/F15a-Casa-cueva-de-la-Pastora-Marcela-Campo-de-Criptana-Ciudad-Real-339x226.jpg 339w\" sizes=\"(max-width: 768px) 100vw, 768px\" \/>\t\t\t\t\t\t\t\t\t\t\t<figcaption class=\"widget-image-caption wp-caption-text\"><\/figcaption>\n\t\t\t\t\t\t\t\t\t\t<\/figure>\n\t\t\t\t\t\t\t\t\t<\/div>\n\t\t\t\t<\/div>\n\t\t\t\t<div class=\"elementor-element elementor-element-2818a90 elementor-widget elementor-widget-image\" data-id=\"2818a90\" data-element_type=\"widget\" data-e-type=\"widget\" data-widget_type=\"image.default\">\n\t\t\t\t<div class=\"elementor-widget-container\">\n\t\t\t\t\t\t\t\t\t\t\t\t<figure class=\"wp-caption\">\n\t\t\t\t\t\t\t\t\t\t<img loading=\"lazy\" decoding=\"async\" width=\"768\" height=\"511\" src=\"https:\/\/www.elturistatranquil.com\/wp-content\/uploads\/F15b-Casa-cueva-de-la-Pastora-Marcela-Campo-de-Criptana-Ciudad-Real.jpg\" class=\"attachment-large size-large wp-image-46390\" alt=\"Casa-cueva de la Pastora Marcela, Campo de Criptana, Ciudad Real\" srcset=\"https:\/\/www.elturistatranquil.com\/wp-content\/uploads\/F15b-Casa-cueva-de-la-Pastora-Marcela-Campo-de-Criptana-Ciudad-Real.jpg 768w, https:\/\/www.elturistatranquil.com\/wp-content\/uploads\/F15b-Casa-cueva-de-la-Pastora-Marcela-Campo-de-Criptana-Ciudad-Real-339x226.jpg 339w\" sizes=\"(max-width: 768px) 100vw, 768px\" \/>\t\t\t\t\t\t\t\t\t\t\t<figcaption class=\"widget-image-caption wp-caption-text\"><\/figcaption>\n\t\t\t\t\t\t\t\t\t\t<\/figure>\n\t\t\t\t\t\t\t\t\t<\/div>\n\t\t\t\t<\/div>\n\t\t\t\t<div class=\"elementor-element elementor-element-45dd167 elementor-widget elementor-widget-image\" data-id=\"45dd167\" data-element_type=\"widget\" data-e-type=\"widget\" data-widget_type=\"image.default\">\n\t\t\t\t<div class=\"elementor-widget-container\">\n\t\t\t\t\t\t\t\t\t\t\t\t<figure class=\"wp-caption\">\n\t\t\t\t\t\t\t\t\t\t<img loading=\"lazy\" decoding=\"async\" width=\"768\" height=\"512\" src=\"https:\/\/www.elturistatranquil.com\/wp-content\/uploads\/F16-Casa-cueva-de-la-Pastora-Marcela-Campo-de-Criptana-Ciudad-Real.jpg\" class=\"attachment-large size-large wp-image-46392\" alt=\"Casa-cueva de la Pastora Marcela, Campo de Criptana, Ciudad Real\" srcset=\"https:\/\/www.elturistatranquil.com\/wp-content\/uploads\/F16-Casa-cueva-de-la-Pastora-Marcela-Campo-de-Criptana-Ciudad-Real.jpg 768w, https:\/\/www.elturistatranquil.com\/wp-content\/uploads\/F16-Casa-cueva-de-la-Pastora-Marcela-Campo-de-Criptana-Ciudad-Real-339x226.jpg 339w\" sizes=\"(max-width: 768px) 100vw, 768px\" \/>\t\t\t\t\t\t\t\t\t\t\t<figcaption class=\"widget-image-caption wp-caption-text\"><\/figcaption>\n\t\t\t\t\t\t\t\t\t\t<\/figure>\n\t\t\t\t\t\t\t\t\t<\/div>\n\t\t\t\t<\/div>\n\t\t\t\t<div class=\"elementor-element elementor-element-709f52e elementor-widget elementor-widget-text-editor\" data-id=\"709f52e\" data-element_type=\"widget\" data-e-type=\"widget\" data-widget_type=\"text-editor.default\">\n\t\t\t\t<div class=\"elementor-widget-container\">\n\t\t\t\t\t\t\t\t\t<p>S&#8217;entra en una sala central (<strong>g<\/strong>), que fa de cuina, menjador, zona de reuni\u00f3 i espai multi\u00fas a la vida del grup familiar, i que, com a distribu\u00efdor, s&#8217;obre als diferents espais: habitacions, quadra , rebost.<\/p><p>La cuina-sala principal, amb fog\u00f3, xemeneia i rebosteria (<strong>h<\/strong>), com \u00e9s habitual \u00e9s a prop de l&#8217;entrada, per facilitar la renovaci\u00f3 de l&#8217;aire. L&#8217;evacuaci\u00f3 del fum es fa a trav\u00e9s de la xemeneia de la cuina, excavada com una galeria vertical.<\/p>\t\t\t\t\t\t\t\t<\/div>\n\t\t\t\t<\/div>\n\t\t\t\t<div class=\"elementor-element elementor-element-53b7282 elementor-widget elementor-widget-image\" data-id=\"53b7282\" data-element_type=\"widget\" data-e-type=\"widget\" data-widget_type=\"image.default\">\n\t\t\t\t<div class=\"elementor-widget-container\">\n\t\t\t\t\t\t\t\t\t\t\t\t<figure class=\"wp-caption\">\n\t\t\t\t\t\t\t\t\t\t<img loading=\"lazy\" decoding=\"async\" width=\"768\" height=\"512\" src=\"https:\/\/www.elturistatranquil.com\/wp-content\/uploads\/F17-Casa-cueva-de-la-Pastora-Marcela-Campo-de-Criptana-Ciudad-Real.jpg\" class=\"attachment-large size-large wp-image-46394\" alt=\"Casa-cueva de la Pastora Marcela, Campo de Criptana, Ciudad Real\" srcset=\"https:\/\/www.elturistatranquil.com\/wp-content\/uploads\/F17-Casa-cueva-de-la-Pastora-Marcela-Campo-de-Criptana-Ciudad-Real.jpg 768w, https:\/\/www.elturistatranquil.com\/wp-content\/uploads\/F17-Casa-cueva-de-la-Pastora-Marcela-Campo-de-Criptana-Ciudad-Real-339x226.jpg 339w\" sizes=\"(max-width: 768px) 100vw, 768px\" \/>\t\t\t\t\t\t\t\t\t\t\t<figcaption class=\"widget-image-caption wp-caption-text\"><\/figcaption>\n\t\t\t\t\t\t\t\t\t\t<\/figure>\n\t\t\t\t\t\t\t\t\t<\/div>\n\t\t\t\t<\/div>\n\t\t\t\t<div class=\"elementor-element elementor-element-8f4e9a3 elementor-widget elementor-widget-text-editor\" data-id=\"8f4e9a3\" data-element_type=\"widget\" data-e-type=\"widget\" data-widget_type=\"text-editor.default\">\n\t\t\t\t<div class=\"elementor-widget-container\">\n\t\t\t\t\t\t\t\t\t<p>Al voltant de la cuina i, per tant, a la font principal de calor, es distribueixen les habitacions (<strong>i<\/strong>) i la fins i tot la quadra (<strong>j<\/strong>), prove\u00efda del seu pessebre corresponent.<\/p>\t\t\t\t\t\t\t\t<\/div>\n\t\t\t\t<\/div>\n\t\t\t\t<div class=\"elementor-element elementor-element-3a69074 elementor-widget elementor-widget-image\" data-id=\"3a69074\" data-element_type=\"widget\" data-e-type=\"widget\" data-widget_type=\"image.default\">\n\t\t\t\t<div class=\"elementor-widget-container\">\n\t\t\t\t\t\t\t\t\t\t\t\t<figure class=\"wp-caption\">\n\t\t\t\t\t\t\t\t\t\t<img loading=\"lazy\" decoding=\"async\" width=\"768\" height=\"512\" src=\"https:\/\/www.elturistatranquil.com\/wp-content\/uploads\/F18-Casa-cueva-de-la-Pastora-Marcela-Campo-de-Criptana-Ciudad-Real.jpg\" class=\"attachment-large size-large wp-image-46396\" alt=\"Casa-cueva de la Pastora Marcela, Campo de Criptana, Ciudad Real\" srcset=\"https:\/\/www.elturistatranquil.com\/wp-content\/uploads\/F18-Casa-cueva-de-la-Pastora-Marcela-Campo-de-Criptana-Ciudad-Real.jpg 768w, https:\/\/www.elturistatranquil.com\/wp-content\/uploads\/F18-Casa-cueva-de-la-Pastora-Marcela-Campo-de-Criptana-Ciudad-Real-339x226.jpg 339w\" sizes=\"(max-width: 768px) 100vw, 768px\" \/>\t\t\t\t\t\t\t\t\t\t\t<figcaption class=\"widget-image-caption wp-caption-text\"><\/figcaption>\n\t\t\t\t\t\t\t\t\t\t<\/figure>\n\t\t\t\t\t\t\t\t\t<\/div>\n\t\t\t\t<\/div>\n\t\t\t\t<div class=\"elementor-element elementor-element-b08f379 elementor-widget elementor-widget-text-editor\" data-id=\"b08f379\" data-element_type=\"widget\" data-e-type=\"widget\" data-widget_type=\"text-editor.default\">\n\t\t\t\t<div class=\"elementor-widget-container\">\n\t\t\t\t\t\t\t\t\t<p>Es conserva en la seva integritat aquest element aglutinant del conjunt, la xemeneia, que a altres cases han estat molt m\u00e9s castigades pel pas del temps. Al costat d&#8217;ella es penetra a l\u2019armari del rebost (<strong>h<\/strong>).<\/p>\t\t\t\t\t\t\t\t<\/div>\n\t\t\t\t<\/div>\n\t\t\t\t<div class=\"elementor-element elementor-element-9627114 elementor-widget elementor-widget-image\" data-id=\"9627114\" data-element_type=\"widget\" data-e-type=\"widget\" data-widget_type=\"image.default\">\n\t\t\t\t<div class=\"elementor-widget-container\">\n\t\t\t\t\t\t\t\t\t\t\t\t<figure class=\"wp-caption\">\n\t\t\t\t\t\t\t\t\t\t<img loading=\"lazy\" decoding=\"async\" width=\"768\" height=\"512\" src=\"https:\/\/www.elturistatranquil.com\/wp-content\/uploads\/F19-Casa-cueva-de-la-Pastora-Marcela-Campo-de-Criptana-Ciudad-Real.jpg\" class=\"attachment-large size-large wp-image-46401\" alt=\"Casa-cueva de la Pastora Marcela, Campo de Criptana, Ciudad Real\" srcset=\"https:\/\/www.elturistatranquil.com\/wp-content\/uploads\/F19-Casa-cueva-de-la-Pastora-Marcela-Campo-de-Criptana-Ciudad-Real.jpg 768w, https:\/\/www.elturistatranquil.com\/wp-content\/uploads\/F19-Casa-cueva-de-la-Pastora-Marcela-Campo-de-Criptana-Ciudad-Real-339x226.jpg 339w\" sizes=\"(max-width: 768px) 100vw, 768px\" \/>\t\t\t\t\t\t\t\t\t\t\t<figcaption class=\"widget-image-caption wp-caption-text\"><\/figcaption>\n\t\t\t\t\t\t\t\t\t\t<\/figure>\n\t\t\t\t\t\t\t\t\t<\/div>\n\t\t\t\t<\/div>\n\t\t\t\t<div class=\"elementor-element elementor-element-6253ee6 elementor-widget elementor-widget-text-editor\" data-id=\"6253ee6\" data-element_type=\"widget\" data-e-type=\"widget\" data-widget_type=\"text-editor.default\">\n\t\t\t\t<div class=\"elementor-widget-container\">\n\t\t\t\t\t\t\t\t\t<p>Les xemeneies s&#8217;obrien a l&#8217;exterior, passant en aquest cas per l&#8217;interior de la planta superior. En superf\u00edcie aquesta galeria vertical es projecta amb tirs d&#8217;obra coberts amb visera de teula que, alhora que treu el fum de l&#8217;interior de la cova, l&#8217;allunya de la mateixa i de les construccions properes. La de la foto correspon a una altra casa-cova.<\/p>\t\t\t\t\t\t\t\t<\/div>\n\t\t\t\t<\/div>\n\t\t\t\t<div class=\"elementor-element elementor-element-38360c1 elementor-widget elementor-widget-image\" data-id=\"38360c1\" data-element_type=\"widget\" data-e-type=\"widget\" data-widget_type=\"image.default\">\n\t\t\t\t<div class=\"elementor-widget-container\">\n\t\t\t\t\t\t\t\t\t\t\t\t<figure class=\"wp-caption\">\n\t\t\t\t\t\t\t\t\t\t<img loading=\"lazy\" decoding=\"async\" width=\"768\" height=\"511\" src=\"https:\/\/www.elturistatranquil.com\/wp-content\/uploads\/F20-Campo-de-Criptana-Ciudad-Real.jpg\" class=\"attachment-large size-large wp-image-46403\" alt=\"Casa-cueva de la Pastora Marcela, Campo de Criptana, Ciudad Real\" srcset=\"https:\/\/www.elturistatranquil.com\/wp-content\/uploads\/F20-Campo-de-Criptana-Ciudad-Real.jpg 768w, https:\/\/www.elturistatranquil.com\/wp-content\/uploads\/F20-Campo-de-Criptana-Ciudad-Real-339x226.jpg 339w\" sizes=\"(max-width: 768px) 100vw, 768px\" \/>\t\t\t\t\t\t\t\t\t\t\t<figcaption class=\"widget-image-caption wp-caption-text\"><\/figcaption>\n\t\t\t\t\t\t\t\t\t\t<\/figure>\n\t\t\t\t\t\t\t\t\t<\/div>\n\t\t\t\t<\/div>\n\t\t\t\t<div class=\"elementor-element elementor-element-a43a256 elementor-widget elementor-widget-text-editor\" data-id=\"a43a256\" data-element_type=\"widget\" data-e-type=\"widget\" data-widget_type=\"text-editor.default\">\n\t\t\t\t<div class=\"elementor-widget-container\">\n\t\t\t\t\t\t\t\t\t<p>Cap al fons s&#8217;obren els buits de les diferents habitacions (<strong>i<\/strong>). El mur de separaci\u00f3 d&#8217;aquestes dues habitacions \u00e9s constru\u00eft.<\/p><p>Rebost, pessebre i una escassa decoraci\u00f3 basada en breus zones pintades d&#8217;anyil, completen l&#8217;aspecte de la casa.<\/p>\t\t\t\t\t\t\t\t<\/div>\n\t\t\t\t<\/div>\n\t\t\t\t<div class=\"elementor-element elementor-element-3f95963 elementor-widget elementor-widget-image\" data-id=\"3f95963\" data-element_type=\"widget\" data-e-type=\"widget\" data-widget_type=\"image.default\">\n\t\t\t\t<div class=\"elementor-widget-container\">\n\t\t\t\t\t\t\t\t\t\t\t\t<figure class=\"wp-caption\">\n\t\t\t\t\t\t\t\t\t\t<img loading=\"lazy\" decoding=\"async\" width=\"768\" height=\"512\" src=\"https:\/\/www.elturistatranquil.com\/wp-content\/uploads\/F21-Casa-cueva-de-la-Pastora-Marcela-Campo-de-Criptana-Ciudad-Real.jpg\" class=\"attachment-large size-large wp-image-46405\" alt=\"Casa-cueva de la Pastora Marcela, Campo de Criptana, Ciudad Real\" srcset=\"https:\/\/www.elturistatranquil.com\/wp-content\/uploads\/F21-Casa-cueva-de-la-Pastora-Marcela-Campo-de-Criptana-Ciudad-Real.jpg 768w, https:\/\/www.elturistatranquil.com\/wp-content\/uploads\/F21-Casa-cueva-de-la-Pastora-Marcela-Campo-de-Criptana-Ciudad-Real-339x226.jpg 339w\" sizes=\"(max-width: 768px) 100vw, 768px\" \/>\t\t\t\t\t\t\t\t\t\t\t<figcaption class=\"widget-image-caption wp-caption-text\"><\/figcaption>\n\t\t\t\t\t\t\t\t\t\t<\/figure>\n\t\t\t\t\t\t\t\t\t<\/div>\n\t\t\t\t<\/div>\n\t\t\t\t<div class=\"elementor-element elementor-element-d5e193c elementor-widget elementor-widget-text-editor\" data-id=\"d5e193c\" data-element_type=\"widget\" data-e-type=\"widget\" data-widget_type=\"text-editor.default\">\n\t\t\t\t<div class=\"elementor-widget-container\">\n\t\t\t\t\t\t\t\t\t<p>Una primera habitaci\u00f3 (<strong>i1<\/strong>) al costat de la xemeneia, on s&#8217;ha col\u00b7locat un simple m\u00e0rfega.<\/p>\t\t\t\t\t\t\t\t<\/div>\n\t\t\t\t<\/div>\n\t\t\t\t<div class=\"elementor-element elementor-element-c561bea elementor-widget elementor-widget-image\" data-id=\"c561bea\" data-element_type=\"widget\" data-e-type=\"widget\" data-widget_type=\"image.default\">\n\t\t\t\t<div class=\"elementor-widget-container\">\n\t\t\t\t\t\t\t\t\t\t\t\t<figure class=\"wp-caption\">\n\t\t\t\t\t\t\t\t\t\t<img loading=\"lazy\" decoding=\"async\" width=\"768\" height=\"512\" src=\"https:\/\/www.elturistatranquil.com\/wp-content\/uploads\/F22-Casa-cueva-de-la-Pastora-Marcela-Campo-de-Criptana-Ciudad-Real.jpg\" class=\"attachment-large size-large wp-image-46407\" alt=\"Casa-cueva de la Pastora Marcela, Campo de Criptana, Ciudad Real\" srcset=\"https:\/\/www.elturistatranquil.com\/wp-content\/uploads\/F22-Casa-cueva-de-la-Pastora-Marcela-Campo-de-Criptana-Ciudad-Real.jpg 768w, https:\/\/www.elturistatranquil.com\/wp-content\/uploads\/F22-Casa-cueva-de-la-Pastora-Marcela-Campo-de-Criptana-Ciudad-Real-339x226.jpg 339w\" sizes=\"(max-width: 768px) 100vw, 768px\" \/>\t\t\t\t\t\t\t\t\t\t\t<figcaption class=\"widget-image-caption wp-caption-text\"><\/figcaption>\n\t\t\t\t\t\t\t\t\t\t<\/figure>\n\t\t\t\t\t\t\t\t\t<\/div>\n\t\t\t\t<\/div>\n\t\t\t\t<div class=\"elementor-element elementor-element-3ebb0b4 elementor-widget elementor-widget-image\" data-id=\"3ebb0b4\" data-element_type=\"widget\" data-e-type=\"widget\" data-widget_type=\"image.default\">\n\t\t\t\t<div class=\"elementor-widget-container\">\n\t\t\t\t\t\t\t\t\t\t\t\t<figure class=\"wp-caption\">\n\t\t\t\t\t\t\t\t\t\t<img loading=\"lazy\" decoding=\"async\" width=\"768\" height=\"512\" src=\"https:\/\/www.elturistatranquil.com\/wp-content\/uploads\/F23-Casa-cueva-de-la-Pastora-Marcela-Campo-de-Criptana-Ciudad-Real.jpg\" class=\"attachment-large size-large wp-image-46409\" alt=\"Casa-cueva de la Pastora Marcela, Campo de Criptana, Ciudad Real\" srcset=\"https:\/\/www.elturistatranquil.com\/wp-content\/uploads\/F23-Casa-cueva-de-la-Pastora-Marcela-Campo-de-Criptana-Ciudad-Real.jpg 768w, https:\/\/www.elturistatranquil.com\/wp-content\/uploads\/F23-Casa-cueva-de-la-Pastora-Marcela-Campo-de-Criptana-Ciudad-Real-339x226.jpg 339w\" sizes=\"(max-width: 768px) 100vw, 768px\" \/>\t\t\t\t\t\t\t\t\t\t\t<figcaption class=\"widget-image-caption wp-caption-text\"><\/figcaption>\n\t\t\t\t\t\t\t\t\t\t<\/figure>\n\t\t\t\t\t\t\t\t\t<\/div>\n\t\t\t\t<\/div>\n\t\t\t\t<div class=\"elementor-element elementor-element-d93874e elementor-widget elementor-widget-image\" data-id=\"d93874e\" data-element_type=\"widget\" data-e-type=\"widget\" data-widget_type=\"image.default\">\n\t\t\t\t<div class=\"elementor-widget-container\">\n\t\t\t\t\t\t\t\t\t\t\t\t<figure class=\"wp-caption\">\n\t\t\t\t\t\t\t\t\t\t<img fetchpriority=\"high\" decoding=\"async\" width=\"768\" height=\"512\" src=\"https:\/\/www.elturistatranquil.com\/wp-content\/uploads\/F00-Casa-cueva-de-la-Pastora-Marcela-Campo-de-Criptana-Ciudad-Real.jpg\" class=\"attachment-large size-large wp-image-46339\" alt=\"Casa-cueva de la Pastora Marcela, Campo de Criptana, Ciudad Real\" srcset=\"https:\/\/www.elturistatranquil.com\/wp-content\/uploads\/F00-Casa-cueva-de-la-Pastora-Marcela-Campo-de-Criptana-Ciudad-Real.jpg 768w, https:\/\/www.elturistatranquil.com\/wp-content\/uploads\/F00-Casa-cueva-de-la-Pastora-Marcela-Campo-de-Criptana-Ciudad-Real-339x226.jpg 339w\" sizes=\"(max-width: 768px) 100vw, 768px\" \/>\t\t\t\t\t\t\t\t\t\t\t<figcaption class=\"widget-image-caption wp-caption-text\"><\/figcaption>\n\t\t\t\t\t\t\t\t\t\t<\/figure>\n\t\t\t\t\t\t\t\t\t<\/div>\n\t\t\t\t<\/div>\n\t\t\t\t<div class=\"elementor-element elementor-element-32ea9a7 elementor-widget elementor-widget-text-editor\" data-id=\"32ea9a7\" data-element_type=\"widget\" data-e-type=\"widget\" data-widget_type=\"text-editor.default\">\n\t\t\t\t<div class=\"elementor-widget-container\">\n\t\t\t\t\t\t\t\t\t<p>Al fons una altra habitaci\u00f3, a la qual s&#8217;accedeix passant per un mur gruixut deixat a l&#8217;excavaci\u00f3 de la roca (<strong>i2<\/strong>). A la decoraci\u00f3 un altre simple m\u00e0rfega i un palanganer.<\/p>\t\t\t\t\t\t\t\t<\/div>\n\t\t\t\t<\/div>\n\t\t\t\t<div class=\"elementor-element elementor-element-96f521b elementor-widget elementor-widget-image\" data-id=\"96f521b\" data-element_type=\"widget\" data-e-type=\"widget\" data-widget_type=\"image.default\">\n\t\t\t\t<div class=\"elementor-widget-container\">\n\t\t\t\t\t\t\t\t\t\t\t\t<figure class=\"wp-caption\">\n\t\t\t\t\t\t\t\t\t\t<img loading=\"lazy\" decoding=\"async\" width=\"768\" height=\"512\" src=\"https:\/\/www.elturistatranquil.com\/wp-content\/uploads\/F25-Casa-cueva-de-la-Pastora-Marcela-Campo-de-Criptana-Ciudad-Real.jpg\" class=\"attachment-large size-large wp-image-46413\" alt=\"Casa-cueva de la Pastora Marcela, Campo de Criptana, Ciudad Real\" srcset=\"https:\/\/www.elturistatranquil.com\/wp-content\/uploads\/F25-Casa-cueva-de-la-Pastora-Marcela-Campo-de-Criptana-Ciudad-Real.jpg 768w, https:\/\/www.elturistatranquil.com\/wp-content\/uploads\/F25-Casa-cueva-de-la-Pastora-Marcela-Campo-de-Criptana-Ciudad-Real-339x226.jpg 339w\" sizes=\"(max-width: 768px) 100vw, 768px\" \/>\t\t\t\t\t\t\t\t\t\t\t<figcaption class=\"widget-image-caption wp-caption-text\"><\/figcaption>\n\t\t\t\t\t\t\t\t\t\t<\/figure>\n\t\t\t\t\t\t\t\t\t<\/div>\n\t\t\t\t<\/div>\n\t\t\t\t<div class=\"elementor-element elementor-element-eb4ee4d elementor-widget elementor-widget-image\" data-id=\"eb4ee4d\" data-element_type=\"widget\" data-e-type=\"widget\" data-widget_type=\"image.default\">\n\t\t\t\t<div class=\"elementor-widget-container\">\n\t\t\t\t\t\t\t\t\t\t\t\t<figure class=\"wp-caption\">\n\t\t\t\t\t\t\t\t\t\t<img loading=\"lazy\" decoding=\"async\" width=\"768\" height=\"512\" src=\"https:\/\/www.elturistatranquil.com\/wp-content\/uploads\/F26-Casa-cueva-de-la-Pastora-Marcela-Campo-de-Criptana-Ciudad-Real.jpg\" class=\"attachment-large size-large wp-image-46415\" alt=\"Casa-cueva de la Pastora Marcela, Campo de Criptana, Ciudad Real\" srcset=\"https:\/\/www.elturistatranquil.com\/wp-content\/uploads\/F26-Casa-cueva-de-la-Pastora-Marcela-Campo-de-Criptana-Ciudad-Real.jpg 768w, https:\/\/www.elturistatranquil.com\/wp-content\/uploads\/F26-Casa-cueva-de-la-Pastora-Marcela-Campo-de-Criptana-Ciudad-Real-339x226.jpg 339w\" sizes=\"(max-width: 768px) 100vw, 768px\" \/>\t\t\t\t\t\t\t\t\t\t\t<figcaption class=\"widget-image-caption wp-caption-text\"><\/figcaption>\n\t\t\t\t\t\t\t\t\t\t<\/figure>\n\t\t\t\t\t\t\t\t\t<\/div>\n\t\t\t\t<\/div>\n\t\t\t\t<div class=\"elementor-element elementor-element-729a6e3 elementor-widget elementor-widget-text-editor\" data-id=\"729a6e3\" data-element_type=\"widget\" data-e-type=\"widget\" data-widget_type=\"text-editor.default\">\n\t\t\t\t<div class=\"elementor-widget-container\">\n\t\t\t\t\t\t\t\t\t<p>Al costat a l&#8217;esquerra s&#8217;obre una habitaci\u00f3 doble (<strong>i3<\/strong>, <strong>i4<\/strong>) comunicades interiorment i separades per un dels murs de construcci\u00f3 i de refor\u00e7.<\/p>\t\t\t\t\t\t\t\t<\/div>\n\t\t\t\t<\/div>\n\t\t\t\t<div class=\"elementor-element elementor-element-bd4a024 elementor-widget elementor-widget-image\" data-id=\"bd4a024\" data-element_type=\"widget\" data-e-type=\"widget\" data-widget_type=\"image.default\">\n\t\t\t\t<div class=\"elementor-widget-container\">\n\t\t\t\t\t\t\t\t\t\t\t\t<figure class=\"wp-caption\">\n\t\t\t\t\t\t\t\t\t\t<img loading=\"lazy\" decoding=\"async\" width=\"768\" height=\"512\" src=\"https:\/\/www.elturistatranquil.com\/wp-content\/uploads\/F27-Casa-cueva-de-la-Pastora-Marcela-Campo-de-Criptana-Ciudad-Real.jpg\" class=\"attachment-large size-large wp-image-46420\" alt=\"Casa-cueva de la Pastora Marcela, Campo de Criptana, Ciudad Real\" srcset=\"https:\/\/www.elturistatranquil.com\/wp-content\/uploads\/F27-Casa-cueva-de-la-Pastora-Marcela-Campo-de-Criptana-Ciudad-Real.jpg 768w, https:\/\/www.elturistatranquil.com\/wp-content\/uploads\/F27-Casa-cueva-de-la-Pastora-Marcela-Campo-de-Criptana-Ciudad-Real-339x226.jpg 339w\" sizes=\"(max-width: 768px) 100vw, 768px\" \/>\t\t\t\t\t\t\t\t\t\t\t<figcaption class=\"widget-image-caption wp-caption-text\"><\/figcaption>\n\t\t\t\t\t\t\t\t\t\t<\/figure>\n\t\t\t\t\t\t\t\t\t<\/div>\n\t\t\t\t<\/div>\n\t\t\t\t<div class=\"elementor-element elementor-element-4f073ca elementor-widget elementor-widget-image\" data-id=\"4f073ca\" data-element_type=\"widget\" data-e-type=\"widget\" data-widget_type=\"image.default\">\n\t\t\t\t<div class=\"elementor-widget-container\">\n\t\t\t\t\t\t\t\t\t\t\t\t<figure class=\"wp-caption\">\n\t\t\t\t\t\t\t\t\t\t<img loading=\"lazy\" decoding=\"async\" width=\"768\" height=\"512\" src=\"https:\/\/www.elturistatranquil.com\/wp-content\/uploads\/F28-Casa-cueva-de-la-Pastora-Marcela-Campo-de-Criptana-Ciudad-Real.jpg\" class=\"attachment-large size-large wp-image-46422\" alt=\"Casa-cueva de la Pastora Marcela, Campo de Criptana, Ciudad Real\" srcset=\"https:\/\/www.elturistatranquil.com\/wp-content\/uploads\/F28-Casa-cueva-de-la-Pastora-Marcela-Campo-de-Criptana-Ciudad-Real.jpg 768w, https:\/\/www.elturistatranquil.com\/wp-content\/uploads\/F28-Casa-cueva-de-la-Pastora-Marcela-Campo-de-Criptana-Ciudad-Real-339x226.jpg 339w\" sizes=\"(max-width: 768px) 100vw, 768px\" \/>\t\t\t\t\t\t\t\t\t\t\t<figcaption class=\"widget-image-caption wp-caption-text\"><\/figcaption>\n\t\t\t\t\t\t\t\t\t\t<\/figure>\n\t\t\t\t\t\t\t\t\t<\/div>\n\t\t\t\t<\/div>\n\t\t\t\t<div class=\"elementor-element elementor-element-52a55e7 elementor-widget elementor-widget-image\" data-id=\"52a55e7\" data-element_type=\"widget\" data-e-type=\"widget\" data-widget_type=\"image.default\">\n\t\t\t\t<div class=\"elementor-widget-container\">\n\t\t\t\t\t\t\t\t\t\t\t\t<figure class=\"wp-caption\">\n\t\t\t\t\t\t\t\t\t\t<img loading=\"lazy\" decoding=\"async\" width=\"768\" height=\"512\" src=\"https:\/\/www.elturistatranquil.com\/wp-content\/uploads\/F29-Casa-cueva-de-la-Pastora-Marcela-Campo-de-Criptana-Ciudad-Real.jpg\" class=\"attachment-large size-large wp-image-46424\" alt=\"Casa-cueva de la Pastora Marcela, Campo de Criptana, Ciudad Real\" srcset=\"https:\/\/www.elturistatranquil.com\/wp-content\/uploads\/F29-Casa-cueva-de-la-Pastora-Marcela-Campo-de-Criptana-Ciudad-Real.jpg 768w, https:\/\/www.elturistatranquil.com\/wp-content\/uploads\/F29-Casa-cueva-de-la-Pastora-Marcela-Campo-de-Criptana-Ciudad-Real-339x226.jpg 339w\" sizes=\"(max-width: 768px) 100vw, 768px\" \/>\t\t\t\t\t\t\t\t\t\t\t<figcaption class=\"widget-image-caption wp-caption-text\"><\/figcaption>\n\t\t\t\t\t\t\t\t\t\t<\/figure>\n\t\t\t\t\t\t\t\t\t<\/div>\n\t\t\t\t<\/div>\n\t\t\t\t<div class=\"elementor-element elementor-element-24b57a0 elementor-widget elementor-widget-text-editor\" data-id=\"24b57a0\" data-element_type=\"widget\" data-e-type=\"widget\" data-widget_type=\"text-editor.default\">\n\t\t\t\t<div class=\"elementor-widget-container\">\n\t\t\t\t\t\t\t\t\t<p>Vista des de l\u2019interior cap a la sala-menjador.<\/p>\t\t\t\t\t\t\t\t<\/div>\n\t\t\t\t<\/div>\n\t\t\t\t<div class=\"elementor-element elementor-element-7ad4e64 elementor-widget elementor-widget-image\" data-id=\"7ad4e64\" data-element_type=\"widget\" data-e-type=\"widget\" data-widget_type=\"image.default\">\n\t\t\t\t<div class=\"elementor-widget-container\">\n\t\t\t\t\t\t\t\t\t\t\t\t<figure class=\"wp-caption\">\n\t\t\t\t\t\t\t\t\t\t<img loading=\"lazy\" decoding=\"async\" width=\"768\" height=\"512\" src=\"https:\/\/www.elturistatranquil.com\/wp-content\/uploads\/F30-Casa-cueva-de-la-Pastora-Marcela-Campo-de-Criptana-Ciudad-Real.jpg\" class=\"attachment-large size-large wp-image-46426\" alt=\"Casa-cueva de la Pastora Marcela, Campo de Criptana, Ciudad Real\" srcset=\"https:\/\/www.elturistatranquil.com\/wp-content\/uploads\/F30-Casa-cueva-de-la-Pastora-Marcela-Campo-de-Criptana-Ciudad-Real.jpg 768w, https:\/\/www.elturistatranquil.com\/wp-content\/uploads\/F30-Casa-cueva-de-la-Pastora-Marcela-Campo-de-Criptana-Ciudad-Real-339x226.jpg 339w\" sizes=\"(max-width: 768px) 100vw, 768px\" \/>\t\t\t\t\t\t\t\t\t\t\t<figcaption class=\"widget-image-caption wp-caption-text\"><\/figcaption>\n\t\t\t\t\t\t\t\t\t\t<\/figure>\n\t\t\t\t\t\t\t\t\t<\/div>\n\t\t\t\t<\/div>\n\t\t\t\t<div class=\"elementor-element elementor-element-38e7740 elementor-widget elementor-widget-text-editor\" data-id=\"38e7740\" data-element_type=\"widget\" data-e-type=\"widget\" data-widget_type=\"text-editor.default\">\n\t\t\t\t<div class=\"elementor-widget-container\">\n\t\t\t\t\t\t\t\t\t<p>Finalment, a la banda esquerra des de l&#8217;entrada un recinte doble que s&#8217;hauria de correspondre amb la quadra amb el pessebre (<strong>j1<\/strong>, <strong>j2<\/strong>). Els animals tamb\u00e9 aportaven calor, tot i els inconvenients que suposaven que les b\u00e8sties entressin per l\u2019entrada i travessessin la mateixa cuina i fessin les seves necessitats en aquesta o a l&#8217;habitaci\u00f3 del costat.<\/p>\t\t\t\t\t\t\t\t<\/div>\n\t\t\t\t<\/div>\n\t\t\t\t<div class=\"elementor-element elementor-element-39b5e41 elementor-widget elementor-widget-image\" data-id=\"39b5e41\" data-element_type=\"widget\" data-e-type=\"widget\" data-widget_type=\"image.default\">\n\t\t\t\t<div class=\"elementor-widget-container\">\n\t\t\t\t\t\t\t\t\t\t\t\t<figure class=\"wp-caption\">\n\t\t\t\t\t\t\t\t\t\t<img loading=\"lazy\" decoding=\"async\" width=\"768\" height=\"512\" src=\"https:\/\/www.elturistatranquil.com\/wp-content\/uploads\/F31-Casa-cueva-de-la-Pastora-Marcela-Campo-de-Criptana-Ciudad-Real.jpg\" class=\"attachment-large size-large wp-image-46431\" alt=\"Casa-cueva de la Pastora Marcela, Campo de Criptana, Ciudad Real\" srcset=\"https:\/\/www.elturistatranquil.com\/wp-content\/uploads\/F31-Casa-cueva-de-la-Pastora-Marcela-Campo-de-Criptana-Ciudad-Real.jpg 768w, https:\/\/www.elturistatranquil.com\/wp-content\/uploads\/F31-Casa-cueva-de-la-Pastora-Marcela-Campo-de-Criptana-Ciudad-Real-339x226.jpg 339w\" sizes=\"(max-width: 768px) 100vw, 768px\" \/>\t\t\t\t\t\t\t\t\t\t\t<figcaption class=\"widget-image-caption wp-caption-text\"><\/figcaption>\n\t\t\t\t\t\t\t\t\t\t<\/figure>\n\t\t\t\t\t\t\t\t\t<\/div>\n\t\t\t\t<\/div>\n\t\t\t\t<div class=\"elementor-element elementor-element-ec5c114 elementor-widget elementor-widget-image\" data-id=\"ec5c114\" data-element_type=\"widget\" data-e-type=\"widget\" data-widget_type=\"image.default\">\n\t\t\t\t<div class=\"elementor-widget-container\">\n\t\t\t\t\t\t\t\t\t\t\t\t<figure class=\"wp-caption\">\n\t\t\t\t\t\t\t\t\t\t<img loading=\"lazy\" decoding=\"async\" width=\"768\" height=\"512\" src=\"https:\/\/www.elturistatranquil.com\/wp-content\/uploads\/F32-Casa-cueva-de-la-Pastora-Marcela-Campo-de-Criptana-Ciudad-Real.jpg\" class=\"attachment-large size-large wp-image-46433\" alt=\"Casa-cueva de la Pastora Marcela, Campo de Criptana, Ciudad Real\" srcset=\"https:\/\/www.elturistatranquil.com\/wp-content\/uploads\/F32-Casa-cueva-de-la-Pastora-Marcela-Campo-de-Criptana-Ciudad-Real.jpg 768w, https:\/\/www.elturistatranquil.com\/wp-content\/uploads\/F32-Casa-cueva-de-la-Pastora-Marcela-Campo-de-Criptana-Ciudad-Real-339x226.jpg 339w\" sizes=\"(max-width: 768px) 100vw, 768px\" \/>\t\t\t\t\t\t\t\t\t\t\t<figcaption class=\"widget-image-caption wp-caption-text\"><\/figcaption>\n\t\t\t\t\t\t\t\t\t\t<\/figure>\n\t\t\t\t\t\t\t\t\t<\/div>\n\t\t\t\t<\/div>\n\t\t\t\t<div class=\"elementor-element elementor-element-1e4af93 elementor-widget elementor-widget-text-editor\" data-id=\"1e4af93\" data-element_type=\"widget\" data-e-type=\"widget\" data-widget_type=\"text-editor.default\">\n\t\t\t\t<div class=\"elementor-widget-container\">\n\t\t\t\t\t\t\t\t\t<p>L\u00b4edificaci\u00f3 sobreposada de construcci\u00f3 convencional \u00e9s d\u00b4una planta, amb coberta d\u00b4armadura de fusta a dues aig\u00fces i teula corba.<\/p><p>La rehabilitaci\u00f3 l&#8217;ha convertit en un espai di\u00e0fan, al qual s&#8217;ha enlla\u00e7at la casa annexa, per oferir un espai d&#8217;exposicions i activitats.<\/p>\t\t\t\t\t\t\t\t<\/div>\n\t\t\t\t<\/div>\n\t\t\t\t<div class=\"elementor-element elementor-element-e71cabb elementor-widget elementor-widget-image\" data-id=\"e71cabb\" data-element_type=\"widget\" data-e-type=\"widget\" data-widget_type=\"image.default\">\n\t\t\t\t<div class=\"elementor-widget-container\">\n\t\t\t\t\t\t\t\t\t\t\t\t<figure class=\"wp-caption\">\n\t\t\t\t\t\t\t\t\t\t<img loading=\"lazy\" decoding=\"async\" width=\"768\" height=\"511\" src=\"https:\/\/www.elturistatranquil.com\/wp-content\/uploads\/F33-Casa-cueva-de-la-Pastora-Marcela-Campo-de-Criptana-Ciudad-Real.jpg\" class=\"attachment-large size-large wp-image-46435\" alt=\"Casa-cueva de la Pastora Marcela, Campo de Criptana, Ciudad Real\" srcset=\"https:\/\/www.elturistatranquil.com\/wp-content\/uploads\/F33-Casa-cueva-de-la-Pastora-Marcela-Campo-de-Criptana-Ciudad-Real.jpg 768w, https:\/\/www.elturistatranquil.com\/wp-content\/uploads\/F33-Casa-cueva-de-la-Pastora-Marcela-Campo-de-Criptana-Ciudad-Real-339x226.jpg 339w\" sizes=\"(max-width: 768px) 100vw, 768px\" \/>\t\t\t\t\t\t\t\t\t\t\t<figcaption class=\"widget-image-caption wp-caption-text\"><\/figcaption>\n\t\t\t\t\t\t\t\t\t\t<\/figure>\n\t\t\t\t\t\t\t\t\t<\/div>\n\t\t\t\t<\/div>\n\t\t\t\t<div class=\"elementor-element elementor-element-f43f868 elementor-widget elementor-widget-image\" data-id=\"f43f868\" data-element_type=\"widget\" data-e-type=\"widget\" data-widget_type=\"image.default\">\n\t\t\t\t<div class=\"elementor-widget-container\">\n\t\t\t\t\t\t\t\t\t\t\t\t<figure class=\"wp-caption\">\n\t\t\t\t\t\t\t\t\t\t<img loading=\"lazy\" decoding=\"async\" width=\"768\" height=\"512\" src=\"https:\/\/www.elturistatranquil.com\/wp-content\/uploads\/F34-Casa-cueva-de-la-Pastora-Marcela-Campo-de-Criptana-Ciudad-Real.jpg\" class=\"attachment-large size-large wp-image-46437\" alt=\"Casa-cueva de la Pastora Marcela, Campo de Criptana, Ciudad Real\" srcset=\"https:\/\/www.elturistatranquil.com\/wp-content\/uploads\/F34-Casa-cueva-de-la-Pastora-Marcela-Campo-de-Criptana-Ciudad-Real.jpg 768w, https:\/\/www.elturistatranquil.com\/wp-content\/uploads\/F34-Casa-cueva-de-la-Pastora-Marcela-Campo-de-Criptana-Ciudad-Real-339x226.jpg 339w\" sizes=\"(max-width: 768px) 100vw, 768px\" \/>\t\t\t\t\t\t\t\t\t\t\t<figcaption class=\"widget-image-caption wp-caption-text\"><\/figcaption>\n\t\t\t\t\t\t\t\t\t\t<\/figure>\n\t\t\t\t\t\t\t\t\t<\/div>\n\t\t\t\t<\/div>\n\t\t\t\t<div class=\"elementor-element elementor-element-6984cff elementor-widget elementor-widget-text-editor\" data-id=\"6984cff\" data-element_type=\"widget\" data-e-type=\"widget\" data-widget_type=\"text-editor.default\">\n\t\t\t\t<div class=\"elementor-widget-container\">\n\t\t\t\t\t\t\t\t\t<p>El cavallet \u00e9s una joguina que vas trobant per tot arreu, fins i tot a les cases m\u00e9s humils.<\/p>\t\t\t\t\t\t\t\t<\/div>\n\t\t\t\t<\/div>\n\t\t\t\t<div class=\"elementor-element elementor-element-2ecd74b elementor-widget elementor-widget-image\" data-id=\"2ecd74b\" data-element_type=\"widget\" data-e-type=\"widget\" data-widget_type=\"image.default\">\n\t\t\t\t<div class=\"elementor-widget-container\">\n\t\t\t\t\t\t\t\t\t\t\t\t<figure class=\"wp-caption\">\n\t\t\t\t\t\t\t\t\t\t<img loading=\"lazy\" decoding=\"async\" width=\"768\" height=\"511\" src=\"https:\/\/www.elturistatranquil.com\/wp-content\/uploads\/F35-Casa-cueva-de-la-Pastora-Marcela-Campo-de-Criptana-Ciudad-Real.jpg\" class=\"attachment-large size-large wp-image-46439\" alt=\"Casa-cueva de la Pastora Marcela, Campo de Criptana, Ciudad Real\" srcset=\"https:\/\/www.elturistatranquil.com\/wp-content\/uploads\/F35-Casa-cueva-de-la-Pastora-Marcela-Campo-de-Criptana-Ciudad-Real.jpg 768w, https:\/\/www.elturistatranquil.com\/wp-content\/uploads\/F35-Casa-cueva-de-la-Pastora-Marcela-Campo-de-Criptana-Ciudad-Real-339x226.jpg 339w\" sizes=\"(max-width: 768px) 100vw, 768px\" \/>\t\t\t\t\t\t\t\t\t\t\t<figcaption class=\"widget-image-caption wp-caption-text\"><\/figcaption>\n\t\t\t\t\t\t\t\t\t\t<\/figure>\n\t\t\t\t\t\t\t\t\t<\/div>\n\t\t\t\t<\/div>\n\t\t\t\t<div class=\"elementor-element elementor-element-c388985 elementor-widget elementor-widget-text-editor\" data-id=\"c388985\" data-element_type=\"widget\" data-e-type=\"widget\" data-widget_type=\"text-editor.default\">\n\t\t\t\t<div class=\"elementor-widget-container\">\n\t\t\t\t\t\t\t\t\t<p>Unes espl\u00e8ndides fotografies de grans dimensions reflecteixen aspectes de la vida del Albaic\u00edn, probablement a mitjans del segle passat. Les fotografies s\u00f3n del fot\u00f2graf local <em>Isidro de las Heras<\/em>.<\/p>\t\t\t\t\t\t\t\t<\/div>\n\t\t\t\t<\/div>\n\t\t\t\t<div class=\"elementor-element elementor-element-9bcc00e elementor-widget elementor-widget-image\" data-id=\"9bcc00e\" data-element_type=\"widget\" data-e-type=\"widget\" data-widget_type=\"image.default\">\n\t\t\t\t<div class=\"elementor-widget-container\">\n\t\t\t\t\t\t\t\t\t\t\t\t<figure class=\"wp-caption\">\n\t\t\t\t\t\t\t\t\t\t<img loading=\"lazy\" decoding=\"async\" width=\"768\" height=\"512\" src=\"https:\/\/www.elturistatranquil.com\/wp-content\/uploads\/F36-Casa-cueva-de-la-Pastora-Marcela-Campo-de-Criptana-Ciudad-Real.jpg\" class=\"attachment-large size-large wp-image-46441\" alt=\"Casa-cueva de la Pastora Marcela, Campo de Criptana, Ciudad Real\" srcset=\"https:\/\/www.elturistatranquil.com\/wp-content\/uploads\/F36-Casa-cueva-de-la-Pastora-Marcela-Campo-de-Criptana-Ciudad-Real.jpg 768w, https:\/\/www.elturistatranquil.com\/wp-content\/uploads\/F36-Casa-cueva-de-la-Pastora-Marcela-Campo-de-Criptana-Ciudad-Real-339x226.jpg 339w\" sizes=\"(max-width: 768px) 100vw, 768px\" \/>\t\t\t\t\t\t\t\t\t\t\t<figcaption class=\"widget-image-caption wp-caption-text\"><\/figcaption>\n\t\t\t\t\t\t\t\t\t\t<\/figure>\n\t\t\t\t\t\t\t\t\t<\/div>\n\t\t\t\t<\/div>\n\t\t\t\t<div class=\"elementor-element elementor-element-9486267 elementor-widget elementor-widget-image\" data-id=\"9486267\" data-element_type=\"widget\" data-e-type=\"widget\" data-widget_type=\"image.default\">\n\t\t\t\t<div class=\"elementor-widget-container\">\n\t\t\t\t\t\t\t\t\t\t\t\t<figure class=\"wp-caption\">\n\t\t\t\t\t\t\t\t\t\t<img loading=\"lazy\" decoding=\"async\" width=\"768\" height=\"512\" src=\"https:\/\/www.elturistatranquil.com\/wp-content\/uploads\/F37-Casa-cueva-de-la-Pastora-Marcela-Campo-de-Criptana-Ciudad-Real.jpg\" class=\"attachment-large size-large wp-image-46446\" alt=\"Casa-cueva de la Pastora Marcela, Campo de Criptana, Ciudad Real\" srcset=\"https:\/\/www.elturistatranquil.com\/wp-content\/uploads\/F37-Casa-cueva-de-la-Pastora-Marcela-Campo-de-Criptana-Ciudad-Real.jpg 768w, https:\/\/www.elturistatranquil.com\/wp-content\/uploads\/F37-Casa-cueva-de-la-Pastora-Marcela-Campo-de-Criptana-Ciudad-Real-339x226.jpg 339w\" sizes=\"(max-width: 768px) 100vw, 768px\" \/>\t\t\t\t\t\t\t\t\t\t\t<figcaption class=\"widget-image-caption wp-caption-text\"><\/figcaption>\n\t\t\t\t\t\t\t\t\t\t<\/figure>\n\t\t\t\t\t\t\t\t\t<\/div>\n\t\t\t\t<\/div>\n\t\t\t\t<div class=\"elementor-element elementor-element-5079683 elementor-widget elementor-widget-image\" data-id=\"5079683\" data-element_type=\"widget\" data-e-type=\"widget\" data-widget_type=\"image.default\">\n\t\t\t\t<div class=\"elementor-widget-container\">\n\t\t\t\t\t\t\t\t\t\t\t\t<figure class=\"wp-caption\">\n\t\t\t\t\t\t\t\t\t\t<img loading=\"lazy\" decoding=\"async\" width=\"768\" height=\"511\" src=\"https:\/\/www.elturistatranquil.com\/wp-content\/uploads\/F38-Casa-cueva-de-la-Pastora-Marcela-Campo-de-Criptana-Ciudad-Real.jpg\" class=\"attachment-large size-large wp-image-46448\" alt=\"Casa-cueva de la Pastora Marcela, Campo de Criptana, Ciudad Real\" srcset=\"https:\/\/www.elturistatranquil.com\/wp-content\/uploads\/F38-Casa-cueva-de-la-Pastora-Marcela-Campo-de-Criptana-Ciudad-Real.jpg 768w, https:\/\/www.elturistatranquil.com\/wp-content\/uploads\/F38-Casa-cueva-de-la-Pastora-Marcela-Campo-de-Criptana-Ciudad-Real-339x226.jpg 339w\" sizes=\"(max-width: 768px) 100vw, 768px\" \/>\t\t\t\t\t\t\t\t\t\t\t<figcaption class=\"widget-image-caption wp-caption-text\"><\/figcaption>\n\t\t\t\t\t\t\t\t\t\t<\/figure>\n\t\t\t\t\t\t\t\t\t<\/div>\n\t\t\t\t<\/div>\n\t\t\t\t<div class=\"elementor-element elementor-element-0ca1ddb elementor-widget elementor-widget-image\" data-id=\"0ca1ddb\" data-element_type=\"widget\" data-e-type=\"widget\" data-widget_type=\"image.default\">\n\t\t\t\t<div class=\"elementor-widget-container\">\n\t\t\t\t\t\t\t\t\t\t\t\t<figure class=\"wp-caption\">\n\t\t\t\t\t\t\t\t\t\t<img loading=\"lazy\" decoding=\"async\" width=\"768\" height=\"511\" src=\"https:\/\/www.elturistatranquil.com\/wp-content\/uploads\/F39-Casa-cueva-de-la-Pastora-Marcela-Campo-de-Criptana-Ciudad-Real.jpg\" class=\"attachment-large size-large wp-image-46450\" alt=\"Casa-cueva de la Pastora Marcela, Campo de Criptana, Ciudad Real\" srcset=\"https:\/\/www.elturistatranquil.com\/wp-content\/uploads\/F39-Casa-cueva-de-la-Pastora-Marcela-Campo-de-Criptana-Ciudad-Real.jpg 768w, https:\/\/www.elturistatranquil.com\/wp-content\/uploads\/F39-Casa-cueva-de-la-Pastora-Marcela-Campo-de-Criptana-Ciudad-Real-339x226.jpg 339w\" sizes=\"(max-width: 768px) 100vw, 768px\" \/>\t\t\t\t\t\t\t\t\t\t\t<figcaption class=\"widget-image-caption wp-caption-text\"><\/figcaption>\n\t\t\t\t\t\t\t\t\t\t<\/figure>\n\t\t\t\t\t\t\t\t\t<\/div>\n\t\t\t\t<\/div>\n\t\t\t\t<div class=\"elementor-element elementor-element-0fc49c6 elementor-widget elementor-widget-image\" data-id=\"0fc49c6\" data-element_type=\"widget\" data-e-type=\"widget\" data-widget_type=\"image.default\">\n\t\t\t\t<div class=\"elementor-widget-container\">\n\t\t\t\t\t\t\t\t\t\t\t\t<figure class=\"wp-caption\">\n\t\t\t\t\t\t\t\t\t\t<img loading=\"lazy\" decoding=\"async\" width=\"768\" height=\"512\" src=\"https:\/\/www.elturistatranquil.com\/wp-content\/uploads\/F40-Casa-cueva-de-la-Pastora-Marcela-Campo-de-Criptana-Ciudad-Real.jpg\" class=\"attachment-large size-large wp-image-46452\" alt=\"Casa-cueva de la Pastora Marcela, Campo de Criptana, Ciudad Real\" srcset=\"https:\/\/www.elturistatranquil.com\/wp-content\/uploads\/F40-Casa-cueva-de-la-Pastora-Marcela-Campo-de-Criptana-Ciudad-Real.jpg 768w, https:\/\/www.elturistatranquil.com\/wp-content\/uploads\/F40-Casa-cueva-de-la-Pastora-Marcela-Campo-de-Criptana-Ciudad-Real-339x226.jpg 339w\" sizes=\"(max-width: 768px) 100vw, 768px\" \/>\t\t\t\t\t\t\t\t\t\t\t<figcaption class=\"widget-image-caption wp-caption-text\"><\/figcaption>\n\t\t\t\t\t\t\t\t\t\t<\/figure>\n\t\t\t\t\t\t\t\t\t<\/div>\n\t\t\t\t<\/div>\n\t\t\t\t<div class=\"elementor-element elementor-element-d33001d elementor-widget elementor-widget-text-editor\" data-id=\"d33001d\" data-element_type=\"widget\" data-e-type=\"widget\" data-widget_type=\"text-editor.default\">\n\t\t\t\t<div class=\"elementor-widget-container\">\n\t\t\t\t\t\t\t\t\t<p>Situats ja a l&#8217;exterior, no hem de deixar d&#8217;admirar les vistes que ens ofereix l&#8217;entorn.<\/p><p>Cap al sud, una panor\u00e0mica privilegiada sobre la poblaci\u00f3 de Campo de Criptana.<\/p>\t\t\t\t\t\t\t\t<\/div>\n\t\t\t\t<\/div>\n\t\t\t\t<div class=\"elementor-element elementor-element-b0adc82 elementor-widget elementor-widget-image\" data-id=\"b0adc82\" data-element_type=\"widget\" data-e-type=\"widget\" data-widget_type=\"image.default\">\n\t\t\t\t<div class=\"elementor-widget-container\">\n\t\t\t\t\t\t\t\t\t\t\t\t<figure class=\"wp-caption\">\n\t\t\t\t\t\t\t\t\t\t<img loading=\"lazy\" decoding=\"async\" width=\"768\" height=\"512\" src=\"https:\/\/www.elturistatranquil.com\/wp-content\/uploads\/F41-Campo-de-Criptana-Ciudad-Real.jpg\" class=\"attachment-large size-large wp-image-46457\" alt=\"Campo de Criptana, Ciudad Real\" srcset=\"https:\/\/www.elturistatranquil.com\/wp-content\/uploads\/F41-Campo-de-Criptana-Ciudad-Real.jpg 768w, https:\/\/www.elturistatranquil.com\/wp-content\/uploads\/F41-Campo-de-Criptana-Ciudad-Real-339x226.jpg 339w\" sizes=\"(max-width: 768px) 100vw, 768px\" \/>\t\t\t\t\t\t\t\t\t\t\t<figcaption class=\"widget-image-caption wp-caption-text\"><\/figcaption>\n\t\t\t\t\t\t\t\t\t\t<\/figure>\n\t\t\t\t\t\t\t\t\t<\/div>\n\t\t\t\t<\/div>\n\t\t\t\t<div class=\"elementor-element elementor-element-a908f43 elementor-widget elementor-widget-text-editor\" data-id=\"a908f43\" data-element_type=\"widget\" data-e-type=\"widget\" data-widget_type=\"text-editor.default\">\n\t\t\t\t<div class=\"elementor-widget-container\">\n\t\t\t\t\t\t\t\t\t<p>Des de la glorieta Verge de la Pau, arribem ja a veure els molins del tur\u00f3 dels molins de Campo de Criptana. En primer terme, el <strong>mol\u00ed Sardinero<\/strong>.<\/p>\t\t\t\t\t\t\t\t<\/div>\n\t\t\t\t<\/div>\n\t\t\t\t<div class=\"elementor-element elementor-element-714084d elementor-widget elementor-widget-image\" data-id=\"714084d\" data-element_type=\"widget\" data-e-type=\"widget\" data-widget_type=\"image.default\">\n\t\t\t\t<div class=\"elementor-widget-container\">\n\t\t\t\t\t\t\t\t\t\t\t\t<figure class=\"wp-caption\">\n\t\t\t\t\t\t\t\t\t\t<img loading=\"lazy\" decoding=\"async\" width=\"768\" height=\"512\" src=\"https:\/\/www.elturistatranquil.com\/wp-content\/uploads\/F42-Campo-de-Criptana-Ciudad-Real.jpg\" class=\"attachment-large size-large wp-image-46459\" alt=\"Campo de Criptana, Ciudad Real\" srcset=\"https:\/\/www.elturistatranquil.com\/wp-content\/uploads\/F42-Campo-de-Criptana-Ciudad-Real.jpg 768w, https:\/\/www.elturistatranquil.com\/wp-content\/uploads\/F42-Campo-de-Criptana-Ciudad-Real-339x226.jpg 339w\" sizes=\"(max-width: 768px) 100vw, 768px\" \/>\t\t\t\t\t\t\t\t\t\t\t<figcaption class=\"widget-image-caption wp-caption-text\"><\/figcaption>\n\t\t\t\t\t\t\t\t\t\t<\/figure>\n\t\t\t\t\t\t\t\t\t<\/div>\n\t\t\t\t<\/div>\n\t\t\t\t<div class=\"elementor-element elementor-element-312d42b elementor-widget elementor-widget-image\" data-id=\"312d42b\" data-element_type=\"widget\" data-e-type=\"widget\" data-widget_type=\"image.default\">\n\t\t\t\t<div class=\"elementor-widget-container\">\n\t\t\t\t\t\t\t\t\t\t\t\t<figure class=\"wp-caption\">\n\t\t\t\t\t\t\t\t\t\t<img loading=\"lazy\" decoding=\"async\" width=\"768\" height=\"512\" src=\"https:\/\/www.elturistatranquil.com\/wp-content\/uploads\/F43-Campo-de-Criptana-Ciudad-Real.jpg\" class=\"attachment-large size-large wp-image-46461\" alt=\"Campo de Criptana, Ciudad Real\" srcset=\"https:\/\/www.elturistatranquil.com\/wp-content\/uploads\/F43-Campo-de-Criptana-Ciudad-Real.jpg 768w, https:\/\/www.elturistatranquil.com\/wp-content\/uploads\/F43-Campo-de-Criptana-Ciudad-Real-339x226.jpg 339w\" sizes=\"(max-width: 768px) 100vw, 768px\" \/>\t\t\t\t\t\t\t\t\t\t\t<figcaption class=\"widget-image-caption wp-caption-text\"><\/figcaption>\n\t\t\t\t\t\t\t\t\t\t<\/figure>\n\t\t\t\t\t\t\t\t\t<\/div>\n\t\t\t\t<\/div>\n\t\t\t\t<div class=\"elementor-element elementor-element-0aaf5c8 elementor-widget elementor-widget-image\" data-id=\"0aaf5c8\" data-element_type=\"widget\" data-e-type=\"widget\" data-widget_type=\"image.default\">\n\t\t\t\t<div class=\"elementor-widget-container\">\n\t\t\t\t\t\t\t\t\t\t\t\t<figure class=\"wp-caption\">\n\t\t\t\t\t\t\t\t\t\t<img loading=\"lazy\" decoding=\"async\" width=\"768\" height=\"512\" src=\"https:\/\/www.elturistatranquil.com\/wp-content\/uploads\/F44-Campo-de-Criptana-Ciudad-Real.jpg\" class=\"attachment-large size-large wp-image-46463\" alt=\"Campo de Criptana, Ciudad Real\" srcset=\"https:\/\/www.elturistatranquil.com\/wp-content\/uploads\/F44-Campo-de-Criptana-Ciudad-Real.jpg 768w, https:\/\/www.elturistatranquil.com\/wp-content\/uploads\/F44-Campo-de-Criptana-Ciudad-Real-339x226.jpg 339w\" sizes=\"(max-width: 768px) 100vw, 768px\" \/>\t\t\t\t\t\t\t\t\t\t\t<figcaption class=\"widget-image-caption wp-caption-text\"><\/figcaption>\n\t\t\t\t\t\t\t\t\t\t<\/figure>\n\t\t\t\t\t\t\t\t\t<\/div>\n\t\t\t\t<\/div>\n\t\t\t\t<div class=\"elementor-element elementor-element-61875c1 elementor-widget elementor-widget-text-editor\" data-id=\"61875c1\" data-element_type=\"widget\" data-e-type=\"widget\" data-widget_type=\"text-editor.default\">\n\t\t\t\t<div class=\"elementor-widget-container\">\n\t\t\t\t\t\t\t\t\t<p>Pel cam\u00ed, tenim ocasi\u00f3 d&#8217;observar exteriorment altres mostres de coves, com la <strong>cova-sitja del segle XVI<\/strong> sota el <strong>mol\u00ed Infanto<\/strong>, com a magatzem de gra que posteriorment es molia als molins de vent.<\/p>\t\t\t\t\t\t\t\t<\/div>\n\t\t\t\t<\/div>\n\t\t\t\t<div class=\"elementor-element elementor-element-87954aa elementor-widget elementor-widget-image\" data-id=\"87954aa\" data-element_type=\"widget\" data-e-type=\"widget\" data-widget_type=\"image.default\">\n\t\t\t\t<div class=\"elementor-widget-container\">\n\t\t\t\t\t\t\t\t\t\t\t\t<figure class=\"wp-caption\">\n\t\t\t\t\t\t\t\t\t\t<img loading=\"lazy\" decoding=\"async\" width=\"768\" height=\"512\" src=\"https:\/\/www.elturistatranquil.com\/wp-content\/uploads\/F45-Campo-de-Criptana-Ciudad-Real.jpg\" class=\"attachment-large size-large wp-image-46465\" alt=\"Campo de Criptana, Ciudad Real\" srcset=\"https:\/\/www.elturistatranquil.com\/wp-content\/uploads\/F45-Campo-de-Criptana-Ciudad-Real.jpg 768w, https:\/\/www.elturistatranquil.com\/wp-content\/uploads\/F45-Campo-de-Criptana-Ciudad-Real-339x226.jpg 339w\" sizes=\"(max-width: 768px) 100vw, 768px\" \/>\t\t\t\t\t\t\t\t\t\t\t<figcaption class=\"widget-image-caption wp-caption-text\"><\/figcaption>\n\t\t\t\t\t\t\t\t\t\t<\/figure>\n\t\t\t\t\t\t\t\t\t<\/div>\n\t\t\t\t<\/div>\n\t\t\t\t<div class=\"elementor-element elementor-element-d8706f5 elementor-widget elementor-widget-image\" data-id=\"d8706f5\" data-element_type=\"widget\" data-e-type=\"widget\" data-widget_type=\"image.default\">\n\t\t\t\t<div class=\"elementor-widget-container\">\n\t\t\t\t\t\t\t\t\t\t\t\t<figure class=\"wp-caption\">\n\t\t\t\t\t\t\t\t\t\t<img loading=\"lazy\" decoding=\"async\" width=\"768\" height=\"511\" src=\"https:\/\/www.elturistatranquil.com\/wp-content\/uploads\/F46-Campo-de-Criptana-Ciudad-Real.jpg\" class=\"attachment-large size-large wp-image-46467\" alt=\"Campo de Criptana, Ciudad Real\" srcset=\"https:\/\/www.elturistatranquil.com\/wp-content\/uploads\/F46-Campo-de-Criptana-Ciudad-Real.jpg 768w, https:\/\/www.elturistatranquil.com\/wp-content\/uploads\/F46-Campo-de-Criptana-Ciudad-Real-339x226.jpg 339w\" sizes=\"(max-width: 768px) 100vw, 768px\" \/>\t\t\t\t\t\t\t\t\t\t\t<figcaption class=\"widget-image-caption wp-caption-text\"><\/figcaption>\n\t\t\t\t\t\t\t\t\t\t<\/figure>\n\t\t\t\t\t\t\t\t\t<\/div>\n\t\t\t\t<\/div>\n\t\t\t\t<div class=\"elementor-element elementor-element-d03ada3 elementor-widget elementor-widget-image\" data-id=\"d03ada3\" data-element_type=\"widget\" data-e-type=\"widget\" data-widget_type=\"image.default\">\n\t\t\t\t<div class=\"elementor-widget-container\">\n\t\t\t\t\t\t\t\t\t\t\t\t<figure class=\"wp-caption\">\n\t\t\t\t\t\t\t\t\t\t<img loading=\"lazy\" decoding=\"async\" width=\"768\" height=\"512\" src=\"https:\/\/www.elturistatranquil.com\/wp-content\/uploads\/F47-Campo-de-Criptana-Ciudad-Real.jpg\" class=\"attachment-large size-large wp-image-46469\" alt=\"Campo de Criptana, Ciudad Real\" srcset=\"https:\/\/www.elturistatranquil.com\/wp-content\/uploads\/F47-Campo-de-Criptana-Ciudad-Real.jpg 768w, https:\/\/www.elturistatranquil.com\/wp-content\/uploads\/F47-Campo-de-Criptana-Ciudad-Real-339x226.jpg 339w\" sizes=\"(max-width: 768px) 100vw, 768px\" \/>\t\t\t\t\t\t\t\t\t\t\t<figcaption class=\"widget-image-caption wp-caption-text\"><\/figcaption>\n\t\t\t\t\t\t\t\t\t\t<\/figure>\n\t\t\t\t\t\t\t\t\t<\/div>\n\t\t\t\t<\/div>\n\t\t\t\t<div class=\"elementor-element elementor-element-0fe3578 elementor-widget elementor-widget-heading\" data-id=\"0fe3578\" data-element_type=\"widget\" data-e-type=\"widget\" data-widget_type=\"heading.default\">\n\t\t\t\t<div class=\"elementor-widget-container\">\n\t\t\t\t\t<h2 class=\"elementor-heading-title elementor-size-default\">Els \u201csilos\u201d de Villaca\u00f1as<\/h2>\t\t\t\t<\/div>\n\t\t\t\t<\/div>\n\t\t\t\t<div class=\"elementor-element elementor-element-a7f80f1 elementor-widget elementor-widget-text-editor\" data-id=\"a7f80f1\" data-element_type=\"widget\" data-e-type=\"widget\" data-widget_type=\"text-editor.default\">\n\t\t\t\t<div class=\"elementor-widget-container\">\n\t\t\t\t\t\t\t\t\t<p><em>B\u00e9 d\u2019Inter\u00e9s Cultural (BIC)<\/em> (2004)<\/p>\t\t\t\t\t\t\t\t<\/div>\n\t\t\t\t<\/div>\n\t\t\t\t<div class=\"elementor-element elementor-element-6a3d8c5 elementor-widget elementor-widget-image\" data-id=\"6a3d8c5\" data-element_type=\"widget\" data-e-type=\"widget\" data-widget_type=\"image.default\">\n\t\t\t\t<div class=\"elementor-widget-container\">\n\t\t\t\t\t\t\t\t\t\t\t\t<figure class=\"wp-caption\">\n\t\t\t\t\t\t\t\t\t\t<img loading=\"lazy\" decoding=\"async\" width=\"768\" height=\"512\" src=\"https:\/\/www.elturistatranquil.com\/wp-content\/uploads\/F48-Silos-de-Villacanas-Toledo-Google-earth-2023-04-27.jpg\" class=\"attachment-large size-large wp-image-46471\" alt=\"Silos de Villaca\u00f1as, Toledo (Google earth 2023-04-27)\" srcset=\"https:\/\/www.elturistatranquil.com\/wp-content\/uploads\/F48-Silos-de-Villacanas-Toledo-Google-earth-2023-04-27.jpg 768w, https:\/\/www.elturistatranquil.com\/wp-content\/uploads\/F48-Silos-de-Villacanas-Toledo-Google-earth-2023-04-27-339x226.jpg 339w\" sizes=\"(max-width: 768px) 100vw, 768px\" \/>\t\t\t\t\t\t\t\t\t\t\t<figcaption class=\"widget-image-caption wp-caption-text\">\u201cSilos\u201d de Villaca\u00f1as (Google earth 2023-04-27)<\/figcaption>\n\t\t\t\t\t\t\t\t\t\t<\/figure>\n\t\t\t\t\t\t\t\t\t<\/div>\n\t\t\t\t<\/div>\n\t\t\t\t<div class=\"elementor-element elementor-element-979c86d elementor-widget elementor-widget-text-editor\" data-id=\"979c86d\" data-element_type=\"widget\" data-e-type=\"widget\" data-widget_type=\"text-editor.default\">\n\t\t\t\t<div class=\"elementor-widget-container\">\n\t\t\t\t\t\t\t\t\t<p>A l&#8217;extrem nord-occidental de la localitat de Villaca\u00f1as (Toledo), es troba la zona dels <strong><em>silos<\/em><\/strong>\u00a0i el <strong>museu Etnogr\u00e0fic del<\/strong> Silo (entrada pel carrer del Sol; coordenades: 39.628154, -3.341219.; tel\u00e8fon: 620 65 91 91).<\/p><p>M&#8217;havia de conformar amb una visita externa del camp de \u201csilos\u201d. Per sort, s\u00f3n perfectament visibles des dels carrers adjacents a trav\u00e9s d&#8217;un extens enreixat que tanca gran part de les instal\u00b7lacions, i des d&#8217;on \u00e9s possible fer fotografies. Les fotografies corresponents a l&#8217;interior del silo-museu que serveix de museu etnogr\u00e0fic corresponen a publicacions institucionals.<\/p><p>Els <em>silos<\/em> de Villaca\u00f1as, i tamb\u00e9 les de la ve\u00efna localitat de Madridejos, s\u00f3n habitatges subterr\u00e0nies -germanes de les llevantines de Paterna o Benimamet-, i responen a un concepte de casa m\u00e9s evolucionat que la cova que acabem de veure. Els existents a Villaca\u00f1as es consideren dels m\u00e9s interessants.<\/p><p>Aquests habitatges subterranis o <em>silos<\/em>, com s\u00f3n anomenats en ambd\u00f3s llocs, s\u00f3n construccions excavades sota un terreny pla, no al vessant d&#8217;un tur\u00f3 com les coves.<\/p><p>Consten d&#8217;una rampa d&#8217;acc\u00e9s o <em>ca\u00f1ada<\/em>, que \u00e9s la que condueix en descens des del nivell del carrer fins al nivell de l&#8217;habitatge.<\/p>\t\t\t\t\t\t\t\t<\/div>\n\t\t\t\t<\/div>\n\t\t\t\t<div class=\"elementor-element elementor-element-570700e elementor-widget elementor-widget-image\" data-id=\"570700e\" data-element_type=\"widget\" data-e-type=\"widget\" data-widget_type=\"image.default\">\n\t\t\t\t<div class=\"elementor-widget-container\">\n\t\t\t\t\t\t\t\t\t\t\t\t<figure class=\"wp-caption\">\n\t\t\t\t\t\t\t\t\t\t<img loading=\"lazy\" decoding=\"async\" width=\"768\" height=\"512\" src=\"https:\/\/www.elturistatranquil.com\/wp-content\/uploads\/F49-Silos-de-Villacanas-Toledo.jpg\" class=\"attachment-large size-large wp-image-46473\" alt=\"Silos de Villaca\u00f1as, Toledo\" srcset=\"https:\/\/www.elturistatranquil.com\/wp-content\/uploads\/F49-Silos-de-Villacanas-Toledo.jpg 768w, https:\/\/www.elturistatranquil.com\/wp-content\/uploads\/F49-Silos-de-Villacanas-Toledo-339x226.jpg 339w\" sizes=\"(max-width: 768px) 100vw, 768px\" \/>\t\t\t\t\t\t\t\t\t\t\t<figcaption class=\"widget-image-caption wp-caption-text\"><\/figcaption>\n\t\t\t\t\t\t\t\t\t\t<\/figure>\n\t\t\t\t\t\t\t\t\t<\/div>\n\t\t\t\t<\/div>\n\t\t\t\t<div class=\"elementor-element elementor-element-6b1eb5c elementor-widget elementor-widget-image\" data-id=\"6b1eb5c\" data-element_type=\"widget\" data-e-type=\"widget\" data-widget_type=\"image.default\">\n\t\t\t\t<div class=\"elementor-widget-container\">\n\t\t\t\t\t\t\t\t\t\t\t\t<figure class=\"wp-caption\">\n\t\t\t\t\t\t\t\t\t\t<img loading=\"lazy\" decoding=\"async\" width=\"768\" height=\"512\" src=\"https:\/\/www.elturistatranquil.com\/wp-content\/uploads\/F50a-Silos-de-Villacanas-Toledo.jpg\" class=\"attachment-large size-large wp-image-46475\" alt=\"Silos de Villaca\u00f1as, Toledo\" srcset=\"https:\/\/www.elturistatranquil.com\/wp-content\/uploads\/F50a-Silos-de-Villacanas-Toledo.jpg 768w, https:\/\/www.elturistatranquil.com\/wp-content\/uploads\/F50a-Silos-de-Villacanas-Toledo-339x226.jpg 339w\" sizes=\"(max-width: 768px) 100vw, 768px\" \/>\t\t\t\t\t\t\t\t\t\t\t<figcaption class=\"widget-image-caption wp-caption-text\"><\/figcaption>\n\t\t\t\t\t\t\t\t\t\t<\/figure>\n\t\t\t\t\t\t\t\t\t<\/div>\n\t\t\t\t<\/div>\n\t\t\t\t<div class=\"elementor-element elementor-element-5787aaf elementor-widget elementor-widget-image\" data-id=\"5787aaf\" data-element_type=\"widget\" data-e-type=\"widget\" data-widget_type=\"image.default\">\n\t\t\t\t<div class=\"elementor-widget-container\">\n\t\t\t\t\t\t\t\t\t\t\t\t<figure class=\"wp-caption\">\n\t\t\t\t\t\t\t\t\t\t<img loading=\"lazy\" decoding=\"async\" width=\"768\" height=\"512\" src=\"https:\/\/www.elturistatranquil.com\/wp-content\/uploads\/F50b-Silos-de-Villacanas-Toledo.jpg\" class=\"attachment-large size-large wp-image-46477\" alt=\"Silos de Villaca\u00f1as, Toledo\" srcset=\"https:\/\/www.elturistatranquil.com\/wp-content\/uploads\/F50b-Silos-de-Villacanas-Toledo.jpg 768w, https:\/\/www.elturistatranquil.com\/wp-content\/uploads\/F50b-Silos-de-Villacanas-Toledo-339x226.jpg 339w\" sizes=\"(max-width: 768px) 100vw, 768px\" \/>\t\t\t\t\t\t\t\t\t\t\t<figcaption class=\"widget-image-caption wp-caption-text\"><\/figcaption>\n\t\t\t\t\t\t\t\t\t\t<\/figure>\n\t\t\t\t\t\t\t\t\t<\/div>\n\t\t\t\t<\/div>\n\t\t\t\t<div class=\"elementor-element elementor-element-ec3cd2e elementor-widget elementor-widget-image\" data-id=\"ec3cd2e\" data-element_type=\"widget\" data-e-type=\"widget\" data-widget_type=\"image.default\">\n\t\t\t\t<div class=\"elementor-widget-container\">\n\t\t\t\t\t\t\t\t\t\t\t\t<figure class=\"wp-caption\">\n\t\t\t\t\t\t\t\t\t\t<img loading=\"lazy\" decoding=\"async\" width=\"768\" height=\"512\" src=\"https:\/\/www.elturistatranquil.com\/wp-content\/uploads\/F51-Silos-de-Villacanas-Toledo.jpg\" class=\"attachment-large size-large wp-image-46479\" alt=\"Silos de Villaca\u00f1as, Toledo\" srcset=\"https:\/\/www.elturistatranquil.com\/wp-content\/uploads\/F51-Silos-de-Villacanas-Toledo.jpg 768w, https:\/\/www.elturistatranquil.com\/wp-content\/uploads\/F51-Silos-de-Villacanas-Toledo-339x226.jpg 339w\" sizes=\"(max-width: 768px) 100vw, 768px\" \/>\t\t\t\t\t\t\t\t\t\t\t<figcaption class=\"widget-image-caption wp-caption-text\"><\/figcaption>\n\t\t\t\t\t\t\t\t\t\t<\/figure>\n\t\t\t\t\t\t\t\t\t<\/div>\n\t\t\t\t<\/div>\n\t\t\t\t<div class=\"elementor-element elementor-element-98bc85c elementor-widget elementor-widget-image\" data-id=\"98bc85c\" data-element_type=\"widget\" data-e-type=\"widget\" data-widget_type=\"image.default\">\n\t\t\t\t<div class=\"elementor-widget-container\">\n\t\t\t\t\t\t\t\t\t\t\t\t<figure class=\"wp-caption\">\n\t\t\t\t\t\t\t\t\t\t<img loading=\"lazy\" decoding=\"async\" width=\"768\" height=\"511\" src=\"https:\/\/www.elturistatranquil.com\/wp-content\/uploads\/F52-Silos-de-Villacanas-Toledo.jpg\" class=\"attachment-large size-large wp-image-46484\" alt=\"Silos de Villaca\u00f1as, Toledo\" srcset=\"https:\/\/www.elturistatranquil.com\/wp-content\/uploads\/F52-Silos-de-Villacanas-Toledo.jpg 768w, https:\/\/www.elturistatranquil.com\/wp-content\/uploads\/F52-Silos-de-Villacanas-Toledo-339x226.jpg 339w\" sizes=\"(max-width: 768px) 100vw, 768px\" \/>\t\t\t\t\t\t\t\t\t\t\t<figcaption class=\"widget-image-caption wp-caption-text\"><\/figcaption>\n\t\t\t\t\t\t\t\t\t\t<\/figure>\n\t\t\t\t\t\t\t\t\t<\/div>\n\t\t\t\t<\/div>\n\t\t\t\t<div class=\"elementor-element elementor-element-7d455fe elementor-widget elementor-widget-text-editor\" data-id=\"7d455fe\" data-element_type=\"widget\" data-e-type=\"widget\" data-widget_type=\"text-editor.default\">\n\t\t\t\t<div class=\"elementor-widget-container\">\n\t\t\t\t\t\t\t\t\t<p>A partir d\u00b4aquest punt, la casa excavada s\u00b4estructura amb un conjunt d\u00b4habitacions i passadissos distribu\u00efdors de plantes quadrangulars molt regulars.<\/p><p>Els pl\u00e0nols seg\u00fcents mostren la planta i els dos perfils d&#8217;un <em>silo<\/em> segons <em>Lorenzo Fern\u00e1ndez<\/em>.<\/p>\t\t\t\t\t\t\t\t<\/div>\n\t\t\t\t<\/div>\n\t\t\t\t<div class=\"elementor-element elementor-element-f380f5a elementor-widget elementor-widget-image\" data-id=\"f380f5a\" data-element_type=\"widget\" data-e-type=\"widget\" data-widget_type=\"image.default\">\n\t\t\t\t<div class=\"elementor-widget-container\">\n\t\t\t\t\t\t\t\t\t\t\t\t<figure class=\"wp-caption\">\n\t\t\t\t\t\t\t\t\t\t<img loading=\"lazy\" decoding=\"async\" width=\"768\" height=\"511\" src=\"https:\/\/www.elturistatranquil.com\/wp-content\/uploads\/F53-Silos-de-Villacanas-Toledo.jpg\" class=\"attachment-large size-large wp-image-46486\" alt=\"Silos de Villaca\u00f1as, Toledo\" srcset=\"https:\/\/www.elturistatranquil.com\/wp-content\/uploads\/F53-Silos-de-Villacanas-Toledo.jpg 768w, https:\/\/www.elturistatranquil.com\/wp-content\/uploads\/F53-Silos-de-Villacanas-Toledo-339x226.jpg 339w\" sizes=\"(max-width: 768px) 100vw, 768px\" \/>\t\t\t\t\t\t\t\t\t\t\t<figcaption class=\"widget-image-caption wp-caption-text\"><\/figcaption>\n\t\t\t\t\t\t\t\t\t\t<\/figure>\n\t\t\t\t\t\t\t\t\t<\/div>\n\t\t\t\t<\/div>\n\t\t\t\t<div class=\"elementor-element elementor-element-2e3c5e5 elementor-widget elementor-widget-image\" data-id=\"2e3c5e5\" data-element_type=\"widget\" data-e-type=\"widget\" data-widget_type=\"image.default\">\n\t\t\t\t<div class=\"elementor-widget-container\">\n\t\t\t\t\t\t\t\t\t\t\t\t<figure class=\"wp-caption\">\n\t\t\t\t\t\t\t\t\t\t<img loading=\"lazy\" decoding=\"async\" width=\"768\" height=\"564\" src=\"https:\/\/www.elturistatranquil.com\/wp-content\/uploads\/F54-Silos-de-Villacanas-Toledo.jpg\" class=\"attachment-large size-large wp-image-46488\" alt=\"Silos de Villaca\u00f1as, Toledo\" srcset=\"https:\/\/www.elturistatranquil.com\/wp-content\/uploads\/F54-Silos-de-Villacanas-Toledo.jpg 768w, https:\/\/www.elturistatranquil.com\/wp-content\/uploads\/F54-Silos-de-Villacanas-Toledo-308x226.jpg 308w\" sizes=\"(max-width: 768px) 100vw, 768px\" \/>\t\t\t\t\t\t\t\t\t\t\t<figcaption class=\"widget-image-caption wp-caption-text\"><\/figcaption>\n\t\t\t\t\t\t\t\t\t\t<\/figure>\n\t\t\t\t\t\t\t\t\t<\/div>\n\t\t\t\t<\/div>\n\t\t\t\t<div class=\"elementor-element elementor-element-1688c1d elementor-widget elementor-widget-text-editor\" data-id=\"1688c1d\" data-element_type=\"widget\" data-e-type=\"widget\" data-widget_type=\"text-editor.default\">\n\t\t\t\t<div class=\"elementor-widget-container\">\n\t\t\t\t\t\t\t\t\t<p>S&#8217;entra a la casa per la <em>ca\u00f1ad<\/em>a (<strong>a<\/strong>), una rampa, de pendent accentuat, que salva el desnivell que existeix des del carrer al pis de la casa, situats uns 3 metres per sota. En aquest passad\u00eds \u00e9s usual que en un lateral a la part baixa es trobi el brocal d&#8217;un pou (<strong>j<\/strong>), del qual aquests <em>silos<\/em> estan normalment prove\u00efdes. Tamb\u00e9, de vegades a un costat de la rampa s&#8217;excava un petit recinte prove\u00eft de porta de fusta i utilitzat com a galliner o conillera.<\/p><p>Sota la cintra (<strong>b<\/strong>) se situa la porta la qual, per evitar l&#8217;entrada d&#8217;aigua, disposa d&#8217;un desgu\u00e0s (<strong>d<\/strong>). L&#8217;entrada dona pas un vest\u00edbul o <em>portalejo<\/em> (<strong>c<\/strong>) que serveix de distribu\u00efdor per a les restants estances: cuina-menjador i rebost (<strong>e<\/strong>); habitacions (<strong>f<\/strong>). El recinte (<strong>f<\/strong>) de l&#8217;esquerra podria ser una quadra amb el seu pessebre, i en aquest cas a l&#8217;altra una llenyera (<strong>k<\/strong>). A la cuina una llar (<strong>g<\/strong>) amb la corresponent xemeneia (<strong>h<\/strong>).<\/p><p>El que atorga particularitat al paisatge exterior d&#8217;aquests subterranis \u00e9s el conjunt format per les xemeneies, les t\u00e0pies i les llumeneres (<strong>i<\/strong>) o pous de llum, que es practiquen al sostre d&#8217;algunes de les habitacions -i gaireb\u00e9 sense excepci\u00f3 sobre la quadra-, que proporcionen il\u00b7luminaci\u00f3 i ventilaci\u00f3.<\/p>\t\t\t\t\t\t\t\t<\/div>\n\t\t\t\t<\/div>\n\t\t\t\t<div class=\"elementor-element elementor-element-7271a45 elementor-widget elementor-widget-image\" data-id=\"7271a45\" data-element_type=\"widget\" data-e-type=\"widget\" data-widget_type=\"image.default\">\n\t\t\t\t<div class=\"elementor-widget-container\">\n\t\t\t\t\t\t\t\t\t\t\t\t<figure class=\"wp-caption\">\n\t\t\t\t\t\t\t\t\t\t<img loading=\"lazy\" decoding=\"async\" width=\"768\" height=\"512\" src=\"https:\/\/www.elturistatranquil.com\/wp-content\/uploads\/F55-Silos-de-Villacanas-Toledo.jpg\" class=\"attachment-large size-large wp-image-46490\" alt=\"Silos de Villaca\u00f1as, Toledo\" srcset=\"https:\/\/www.elturistatranquil.com\/wp-content\/uploads\/F55-Silos-de-Villacanas-Toledo.jpg 768w, https:\/\/www.elturistatranquil.com\/wp-content\/uploads\/F55-Silos-de-Villacanas-Toledo-339x226.jpg 339w\" sizes=\"(max-width: 768px) 100vw, 768px\" \/>\t\t\t\t\t\t\t\t\t\t\t<figcaption class=\"widget-image-caption wp-caption-text\"><\/figcaption>\n\t\t\t\t\t\t\t\t\t\t<\/figure>\n\t\t\t\t\t\t\t\t\t<\/div>\n\t\t\t\t<\/div>\n\t\t\t\t<div class=\"elementor-element elementor-element-a32f011 elementor-widget elementor-widget-text-editor\" data-id=\"a32f011\" data-element_type=\"widget\" data-e-type=\"widget\" data-widget_type=\"text-editor.default\">\n\t\t\t\t<div class=\"elementor-widget-container\">\n\t\t\t\t\t\t\t\t\t<p>Exteriorment, els pous d&#8217;il\u00b7luminaci\u00f3 s&#8217;obren sobre el terra prove\u00efts d&#8217;un petit anell exterior de protecci\u00f3 al voltant del buit per evitar sobretot que les aig\u00fces de pluja que escorren sobre el terreny passin a l&#8217;interior de l&#8217;habitatge. Aquest ressalt anular, blanquejat i acolorit com la resta de l\u2019habitatge. A la fotografia veiem que fins i tot poden disposar d&#8217;una tapadora.<\/p>\t\t\t\t\t\t\t\t<\/div>\n\t\t\t\t<\/div>\n\t\t\t\t<div class=\"elementor-element elementor-element-07772fd elementor-widget elementor-widget-image\" data-id=\"07772fd\" data-element_type=\"widget\" data-e-type=\"widget\" data-widget_type=\"image.default\">\n\t\t\t\t<div class=\"elementor-widget-container\">\n\t\t\t\t\t\t\t\t\t\t\t\t<figure class=\"wp-caption\">\n\t\t\t\t\t\t\t\t\t\t<img loading=\"lazy\" decoding=\"async\" width=\"768\" height=\"512\" src=\"https:\/\/www.elturistatranquil.com\/wp-content\/uploads\/F56-Silos-de-Villacanas-Toledo.jpg\" class=\"attachment-large size-large wp-image-46495\" alt=\"Silos de Villaca\u00f1as, Toledo\" srcset=\"https:\/\/www.elturistatranquil.com\/wp-content\/uploads\/F56-Silos-de-Villacanas-Toledo.jpg 768w, https:\/\/www.elturistatranquil.com\/wp-content\/uploads\/F56-Silos-de-Villacanas-Toledo-339x226.jpg 339w\" sizes=\"(max-width: 768px) 100vw, 768px\" \/>\t\t\t\t\t\t\t\t\t\t\t<figcaption class=\"widget-image-caption wp-caption-text\"><\/figcaption>\n\t\t\t\t\t\t\t\t\t\t<\/figure>\n\t\t\t\t\t\t\t\t\t<\/div>\n\t\t\t\t<\/div>\n\t\t\t\t<div class=\"elementor-element elementor-element-0241d05 elementor-widget elementor-widget-image\" data-id=\"0241d05\" data-element_type=\"widget\" data-e-type=\"widget\" data-widget_type=\"image.default\">\n\t\t\t\t<div class=\"elementor-widget-container\">\n\t\t\t\t\t\t\t\t\t\t\t\t<figure class=\"wp-caption\">\n\t\t\t\t\t\t\t\t\t\t<img loading=\"lazy\" decoding=\"async\" width=\"768\" height=\"512\" src=\"https:\/\/www.elturistatranquil.com\/wp-content\/uploads\/F57-Silos-de-Villacanas-Toledo.jpg\" class=\"attachment-large size-large wp-image-46497\" alt=\"Silos de Villaca\u00f1as, Toledo\" srcset=\"https:\/\/www.elturistatranquil.com\/wp-content\/uploads\/F57-Silos-de-Villacanas-Toledo.jpg 768w, https:\/\/www.elturistatranquil.com\/wp-content\/uploads\/F57-Silos-de-Villacanas-Toledo-339x226.jpg 339w\" sizes=\"(max-width: 768px) 100vw, 768px\" \/>\t\t\t\t\t\t\t\t\t\t\t<figcaption class=\"widget-image-caption wp-caption-text\"><\/figcaption>\n\t\t\t\t\t\t\t\t\t\t<\/figure>\n\t\t\t\t\t\t\t\t\t<\/div>\n\t\t\t\t<\/div>\n\t\t\t\t<div class=\"elementor-element elementor-element-d4c7f94 elementor-widget elementor-widget-text-editor\" data-id=\"d4c7f94\" data-element_type=\"widget\" data-e-type=\"widget\" data-widget_type=\"text-editor.default\">\n\t\t\t\t<div class=\"elementor-widget-container\">\n\t\t\t\t\t\t\t\t\t<p>L&#8217;extensi\u00f3 i complexitat d&#8217;aquests habitatges es reflecteix al pl\u00e0nol elaborat per Manuel de Ter\u00e1n, aix\u00ed com al de l&#8217;habitatge que acull el museu etnogr\u00e0fic.<\/p>\t\t\t\t\t\t\t\t<\/div>\n\t\t\t\t<\/div>\n\t\t\t\t<div class=\"elementor-element elementor-element-c43c5c4 elementor-widget elementor-widget-image\" data-id=\"c43c5c4\" data-element_type=\"widget\" data-e-type=\"widget\" data-widget_type=\"image.default\">\n\t\t\t\t<div class=\"elementor-widget-container\">\n\t\t\t\t\t\t\t\t\t\t\t\t<figure class=\"wp-caption\">\n\t\t\t\t\t\t\t\t\t\t<img loading=\"lazy\" decoding=\"async\" width=\"768\" height=\"512\" src=\"https:\/\/www.elturistatranquil.com\/wp-content\/uploads\/F58-Silos-de-Villacanas-Toledo.jpg\" class=\"attachment-large size-large wp-image-46499\" alt=\"Silos de Villaca\u00f1as, Toledo\" srcset=\"https:\/\/www.elturistatranquil.com\/wp-content\/uploads\/F58-Silos-de-Villacanas-Toledo.jpg 768w, https:\/\/www.elturistatranquil.com\/wp-content\/uploads\/F58-Silos-de-Villacanas-Toledo-339x226.jpg 339w\" sizes=\"(max-width: 768px) 100vw, 768px\" \/>\t\t\t\t\t\t\t\t\t\t\t<figcaption class=\"widget-image-caption wp-caption-text\">Habitatge subterr\u00e0nia a Villaca\u00f1as, Toledo, segons M. de Ter\u00e1n: 1 graner; 2 llar; 3 taula; 4 cambra d'estar; 5 claraboia; 6 paller; 7 dormitori; 8 embornal; 9 cuina; 10 llar; 11 cisterna; 12 habitaci\u00f3 d'estris; 13 claraboia; 14 quart d'arnesos; 15 quadra de mules; 16 porcellera; 17 llenyera; 18 paller; 19 claraboia; 20 fog\u00f3; 21 femer<\/figcaption>\n\t\t\t\t\t\t\t\t\t\t<\/figure>\n\t\t\t\t\t\t\t\t\t<\/div>\n\t\t\t\t<\/div>\n\t\t\t\t<div class=\"elementor-element elementor-element-03092fb elementor-widget elementor-widget-text-editor\" data-id=\"03092fb\" data-element_type=\"widget\" data-e-type=\"widget\" data-widget_type=\"text-editor.default\">\n\t\t\t\t<div class=\"elementor-widget-container\">\n\t\t\t\t\t\t\t\t\t<p>El resultat \u00e9s que, com ja he assenyalat, aquests habitatges subterranis- ofereixen magn\u00edfiques condicions, de vegades superiors a les de molts habitatges de l\u2019entorn.<\/p><p>Vist el conjunt des de diversos empla\u00e7aments ofereixen una imatge pl\u00e0stica de gran inter\u00e8s, amb la immaculada blancor dels emblanquinats combinat amb l&#8217;anyil que atorga una gran plasticitat al conjunt.<\/p>\t\t\t\t\t\t\t\t<\/div>\n\t\t\t\t<\/div>\n\t\t\t\t<div class=\"elementor-element elementor-element-1164722 elementor-widget elementor-widget-image\" data-id=\"1164722\" data-element_type=\"widget\" data-e-type=\"widget\" data-widget_type=\"image.default\">\n\t\t\t\t<div class=\"elementor-widget-container\">\n\t\t\t\t\t\t\t\t\t\t\t\t<figure class=\"wp-caption\">\n\t\t\t\t\t\t\t\t\t\t<img loading=\"lazy\" decoding=\"async\" width=\"768\" height=\"512\" src=\"https:\/\/www.elturistatranquil.com\/wp-content\/uploads\/F59-Silos-de-Villacanas-Toledo.jpg\" class=\"attachment-large size-large wp-image-46501\" alt=\"Silos de Villaca\u00f1as, Toledo\" srcset=\"https:\/\/www.elturistatranquil.com\/wp-content\/uploads\/F59-Silos-de-Villacanas-Toledo.jpg 768w, https:\/\/www.elturistatranquil.com\/wp-content\/uploads\/F59-Silos-de-Villacanas-Toledo-339x226.jpg 339w\" sizes=\"(max-width: 768px) 100vw, 768px\" \/>\t\t\t\t\t\t\t\t\t\t\t<figcaption class=\"widget-image-caption wp-caption-text\"><\/figcaption>\n\t\t\t\t\t\t\t\t\t\t<\/figure>\n\t\t\t\t\t\t\t\t\t<\/div>\n\t\t\t\t<\/div>\n\t\t\t\t<div class=\"elementor-element elementor-element-edd0e34 elementor-widget elementor-widget-image\" data-id=\"edd0e34\" data-element_type=\"widget\" data-e-type=\"widget\" data-widget_type=\"image.default\">\n\t\t\t\t<div class=\"elementor-widget-container\">\n\t\t\t\t\t\t\t\t\t\t\t\t<figure class=\"wp-caption\">\n\t\t\t\t\t\t\t\t\t\t<img loading=\"lazy\" decoding=\"async\" width=\"768\" height=\"512\" src=\"https:\/\/www.elturistatranquil.com\/wp-content\/uploads\/F60-Silos-de-Villacanas-Toledo.jpg\" class=\"attachment-large size-large wp-image-46506\" alt=\"Silos de Villaca\u00f1as, Toledo\" srcset=\"https:\/\/www.elturistatranquil.com\/wp-content\/uploads\/F60-Silos-de-Villacanas-Toledo.jpg 768w, https:\/\/www.elturistatranquil.com\/wp-content\/uploads\/F60-Silos-de-Villacanas-Toledo-339x226.jpg 339w\" sizes=\"(max-width: 768px) 100vw, 768px\" \/>\t\t\t\t\t\t\t\t\t\t\t<figcaption class=\"widget-image-caption wp-caption-text\"><\/figcaption>\n\t\t\t\t\t\t\t\t\t\t<\/figure>\n\t\t\t\t\t\t\t\t\t<\/div>\n\t\t\t\t<\/div>\n\t\t\t\t<div class=\"elementor-element elementor-element-97e5a05 elementor-widget elementor-widget-image\" data-id=\"97e5a05\" data-element_type=\"widget\" data-e-type=\"widget\" data-widget_type=\"image.default\">\n\t\t\t\t<div class=\"elementor-widget-container\">\n\t\t\t\t\t\t\t\t\t\t\t\t<figure class=\"wp-caption\">\n\t\t\t\t\t\t\t\t\t\t<img loading=\"lazy\" decoding=\"async\" width=\"768\" height=\"512\" src=\"https:\/\/www.elturistatranquil.com\/wp-content\/uploads\/F61-Silos-de-Villacanas-Toledo.jpg\" class=\"attachment-large size-large wp-image-46508\" alt=\"Silos de Villaca\u00f1as, Toledo\" srcset=\"https:\/\/www.elturistatranquil.com\/wp-content\/uploads\/F61-Silos-de-Villacanas-Toledo.jpg 768w, https:\/\/www.elturistatranquil.com\/wp-content\/uploads\/F61-Silos-de-Villacanas-Toledo-339x226.jpg 339w\" sizes=\"(max-width: 768px) 100vw, 768px\" \/>\t\t\t\t\t\t\t\t\t\t\t<figcaption class=\"widget-image-caption wp-caption-text\"><\/figcaption>\n\t\t\t\t\t\t\t\t\t\t<\/figure>\n\t\t\t\t\t\t\t\t\t<\/div>\n\t\t\t\t<\/div>\n\t\t\t\t<div class=\"elementor-element elementor-element-47cc182 elementor-widget elementor-widget-image\" data-id=\"47cc182\" data-element_type=\"widget\" data-e-type=\"widget\" data-widget_type=\"image.default\">\n\t\t\t\t<div class=\"elementor-widget-container\">\n\t\t\t\t\t\t\t\t\t\t\t\t<figure class=\"wp-caption\">\n\t\t\t\t\t\t\t\t\t\t<img loading=\"lazy\" decoding=\"async\" width=\"768\" height=\"512\" src=\"https:\/\/www.elturistatranquil.com\/wp-content\/uploads\/F62-Silos-de-Villacanas-Toledo.jpg\" class=\"attachment-large size-large wp-image-46510\" alt=\"Silos de Villaca\u00f1as, Toledo\" srcset=\"https:\/\/www.elturistatranquil.com\/wp-content\/uploads\/F62-Silos-de-Villacanas-Toledo.jpg 768w, https:\/\/www.elturistatranquil.com\/wp-content\/uploads\/F62-Silos-de-Villacanas-Toledo-339x226.jpg 339w\" sizes=\"(max-width: 768px) 100vw, 768px\" \/>\t\t\t\t\t\t\t\t\t\t\t<figcaption class=\"widget-image-caption wp-caption-text\"><\/figcaption>\n\t\t\t\t\t\t\t\t\t\t<\/figure>\n\t\t\t\t\t\t\t\t\t<\/div>\n\t\t\t\t<\/div>\n\t\t\t\t<div class=\"elementor-element elementor-element-4bc589d elementor-widget elementor-widget-image\" data-id=\"4bc589d\" data-element_type=\"widget\" data-e-type=\"widget\" data-widget_type=\"image.default\">\n\t\t\t\t<div class=\"elementor-widget-container\">\n\t\t\t\t\t\t\t\t\t\t\t\t<figure class=\"wp-caption\">\n\t\t\t\t\t\t\t\t\t\t<img loading=\"lazy\" decoding=\"async\" width=\"768\" height=\"512\" src=\"https:\/\/www.elturistatranquil.com\/wp-content\/uploads\/F63-Silos-de-Villacanas-Toledo.jpg\" class=\"attachment-large size-large wp-image-46512\" alt=\"Silos de Villaca\u00f1as, Toledo\" srcset=\"https:\/\/www.elturistatranquil.com\/wp-content\/uploads\/F63-Silos-de-Villacanas-Toledo.jpg 768w, https:\/\/www.elturistatranquil.com\/wp-content\/uploads\/F63-Silos-de-Villacanas-Toledo-339x226.jpg 339w\" sizes=\"(max-width: 768px) 100vw, 768px\" \/>\t\t\t\t\t\t\t\t\t\t\t<figcaption class=\"widget-image-caption wp-caption-text\"><\/figcaption>\n\t\t\t\t\t\t\t\t\t\t<\/figure>\n\t\t\t\t\t\t\t\t\t<\/div>\n\t\t\t\t<\/div>\n\t\t\t\t<div class=\"elementor-element elementor-element-2619b0f4 elementor-widget elementor-widget-heading\" data-id=\"2619b0f4\" data-element_type=\"widget\" data-e-type=\"widget\" data-widget_type=\"heading.default\">\n\t\t\t\t<div class=\"elementor-widget-container\">\n\t\t\t\t\t<h3 class=\"elementor-heading-title elementor-size-default\">Museu Etnogr\u00e0fic del Silo de Villaca\u00f1as<\/h3>\t\t\t\t<\/div>\n\t\t\t\t<\/div>\n\t\t\t\t<div class=\"elementor-element elementor-element-4782f3a elementor-widget elementor-widget-text-editor\" data-id=\"4782f3a\" data-element_type=\"widget\" data-e-type=\"widget\" data-widget_type=\"text-editor.default\">\n\t\t\t\t<div class=\"elementor-widget-container\">\n\t\t\t\t\t\t\t\t\t<p>El <strong>Museu Etnogr\u00e0fic del Silo<\/strong> de Villaca\u00f1as s&#8217;ubica en una casa-cova que ha estat condicionada per a aquest fi.<\/p>\t\t\t\t\t\t\t\t<\/div>\n\t\t\t\t<\/div>\n\t\t\t\t<div class=\"elementor-element elementor-element-9ca9499 elementor-widget elementor-widget-image\" data-id=\"9ca9499\" data-element_type=\"widget\" data-e-type=\"widget\" data-widget_type=\"image.default\">\n\t\t\t\t<div class=\"elementor-widget-container\">\n\t\t\t\t\t\t\t\t\t\t\t\t<figure class=\"wp-caption\">\n\t\t\t\t\t\t\t\t\t\t<img loading=\"lazy\" decoding=\"async\" width=\"768\" height=\"513\" src=\"https:\/\/www.elturistatranquil.com\/wp-content\/uploads\/F64-Museo-etnografico-del-Silo-de-Villacanas-Toledo.jpg\" class=\"attachment-large size-large wp-image-46514\" alt=\"Museo etnografico del Silo de Villaca\u00f1as, Toledo\" srcset=\"https:\/\/www.elturistatranquil.com\/wp-content\/uploads\/F64-Museo-etnografico-del-Silo-de-Villacanas-Toledo.jpg 768w, https:\/\/www.elturistatranquil.com\/wp-content\/uploads\/F64-Museo-etnografico-del-Silo-de-Villacanas-Toledo-339x226.jpg 339w\" sizes=\"(max-width: 768px) 100vw, 768px\" \/>\t\t\t\t\t\t\t\t\t\t\t<figcaption class=\"widget-image-caption wp-caption-text\"><\/figcaption>\n\t\t\t\t\t\t\t\t\t\t<\/figure>\n\t\t\t\t\t\t\t\t\t<\/div>\n\t\t\t\t<\/div>\n\t\t\t\t<div class=\"elementor-element elementor-element-0fdc8d8 elementor-widget elementor-widget-text-editor\" data-id=\"0fdc8d8\" data-element_type=\"widget\" data-e-type=\"widget\" data-widget_type=\"text-editor.default\">\n\t\t\t\t<div class=\"elementor-widget-container\">\n\t\t\t\t\t\t\t\t\t<p>Excavada a la roca calc\u00e0ria de la zona, la cova-museu compta amb diverses estances, incloent-hi un dormitori, una sala d&#8217;estar i una cuina, i s&#8217;exhibeix una col\u00b7lecci\u00f3 d&#8217;objectes relacionats amb la vida quotidiana de la regi\u00f3, aix\u00ed com amb la hist\u00f2ria i la cultura de Villaca\u00f1as.<\/p><p>Les fotografies institucionals mostren alguna de les estances de l&#8217;habitatge tal com s&#8217;han muse\u00eftzat.<\/p><p>A la primera fotografia, a banda i banda de l&#8217;acc\u00e9s o <em>ca\u00f1ada<\/em>, les obertures del brocal del pou i del galliner.<\/p>\t\t\t\t\t\t\t\t<\/div>\n\t\t\t\t<\/div>\n\t\t\t\t<section class=\"elementor-section elementor-inner-section elementor-element elementor-element-f35bc13 elementor-section-boxed elementor-section-height-default elementor-section-height-default\" data-id=\"f35bc13\" data-element_type=\"section\" data-e-type=\"section\">\n\t\t\t\t\t\t<div class=\"elementor-container elementor-column-gap-default\">\n\t\t\t\t\t<div class=\"elementor-column elementor-col-50 elementor-inner-column elementor-element elementor-element-3668c21\" data-id=\"3668c21\" data-element_type=\"column\" data-e-type=\"column\">\n\t\t\t<div class=\"elementor-widget-wrap elementor-element-populated\">\n\t\t\t\t\t\t<div class=\"elementor-element elementor-element-35c5b02 elementor-widget elementor-widget-image\" data-id=\"35c5b02\" data-element_type=\"widget\" data-e-type=\"widget\" data-widget_type=\"image.default\">\n\t\t\t\t<div class=\"elementor-widget-container\">\n\t\t\t\t\t\t\t\t\t\t\t\t\t\t\t<img loading=\"lazy\" decoding=\"async\" width=\"380\" height=\"570\" src=\"https:\/\/www.elturistatranquil.com\/wp-content\/uploads\/F65m-Museo-etnografico-del-Silo-de-Villacanas-Toledo.jpg\" class=\"attachment-large size-large wp-image-46516\" alt=\"Museo etnografico del Silo de Villaca\u00f1as, Toledo\" srcset=\"https:\/\/www.elturistatranquil.com\/wp-content\/uploads\/F65m-Museo-etnografico-del-Silo-de-Villacanas-Toledo.jpg 380w, https:\/\/www.elturistatranquil.com\/wp-content\/uploads\/F65m-Museo-etnografico-del-Silo-de-Villacanas-Toledo-151x226.jpg 151w\" sizes=\"(max-width: 380px) 100vw, 380px\" \/>\t\t\t\t\t\t\t\t\t\t\t\t\t\t\t<\/div>\n\t\t\t\t<\/div>\n\t\t\t\t\t<\/div>\n\t\t<\/div>\n\t\t\t\t<div class=\"elementor-column elementor-col-50 elementor-inner-column elementor-element elementor-element-68fe447\" data-id=\"68fe447\" data-element_type=\"column\" data-e-type=\"column\">\n\t\t\t<div class=\"elementor-widget-wrap elementor-element-populated\">\n\t\t\t\t\t\t<div class=\"elementor-element elementor-element-605eede elementor-widget elementor-widget-image\" data-id=\"605eede\" data-element_type=\"widget\" data-e-type=\"widget\" data-widget_type=\"image.default\">\n\t\t\t\t<div class=\"elementor-widget-container\">\n\t\t\t\t\t\t\t\t\t\t\t\t\t\t\t<img loading=\"lazy\" decoding=\"async\" width=\"380\" height=\"570\" src=\"https:\/\/www.elturistatranquil.com\/wp-content\/uploads\/F65n-Museo-etnografico-del-Silo-de-Villacanas-Toledo.jpg\" class=\"attachment-large size-large wp-image-46518\" alt=\"Museo etnografico del Silo de Villaca\u00f1as, Toledo\" srcset=\"https:\/\/www.elturistatranquil.com\/wp-content\/uploads\/F65n-Museo-etnografico-del-Silo-de-Villacanas-Toledo.jpg 380w, https:\/\/www.elturistatranquil.com\/wp-content\/uploads\/F65n-Museo-etnografico-del-Silo-de-Villacanas-Toledo-151x226.jpg 151w\" sizes=\"(max-width: 380px) 100vw, 380px\" \/>\t\t\t\t\t\t\t\t\t\t\t\t\t\t\t<\/div>\n\t\t\t\t<\/div>\n\t\t\t\t\t<\/div>\n\t\t<\/div>\n\t\t\t\t\t<\/div>\n\t\t<\/section>\n\t\t\t\t<section class=\"elementor-section elementor-inner-section elementor-element elementor-element-6859db1 elementor-section-boxed elementor-section-height-default elementor-section-height-default\" data-id=\"6859db1\" data-element_type=\"section\" data-e-type=\"section\">\n\t\t\t\t\t\t<div class=\"elementor-container elementor-column-gap-default\">\n\t\t\t\t\t<div class=\"elementor-column elementor-col-50 elementor-inner-column elementor-element elementor-element-c6b3285\" data-id=\"c6b3285\" data-element_type=\"column\" data-e-type=\"column\">\n\t\t\t<div class=\"elementor-widget-wrap elementor-element-populated\">\n\t\t\t\t\t\t<div class=\"elementor-element elementor-element-c8fc02c elementor-widget elementor-widget-image\" data-id=\"c8fc02c\" data-element_type=\"widget\" data-e-type=\"widget\" data-widget_type=\"image.default\">\n\t\t\t\t<div class=\"elementor-widget-container\">\n\t\t\t\t\t\t\t\t\t\t\t\t\t\t\t<img loading=\"lazy\" decoding=\"async\" width=\"380\" height=\"570\" src=\"https:\/\/www.elturistatranquil.com\/wp-content\/uploads\/F65o-Museo-etnografico-del-Silo-de-Villacanas-Toledo.jpg\" class=\"attachment-large size-large wp-image-46520\" alt=\"Museo etnografico del Silo de Villaca\u00f1as, Toledo\" srcset=\"https:\/\/www.elturistatranquil.com\/wp-content\/uploads\/F65o-Museo-etnografico-del-Silo-de-Villacanas-Toledo.jpg 380w, https:\/\/www.elturistatranquil.com\/wp-content\/uploads\/F65o-Museo-etnografico-del-Silo-de-Villacanas-Toledo-151x226.jpg 151w\" sizes=\"(max-width: 380px) 100vw, 380px\" \/>\t\t\t\t\t\t\t\t\t\t\t\t\t\t\t<\/div>\n\t\t\t\t<\/div>\n\t\t\t\t\t<\/div>\n\t\t<\/div>\n\t\t\t\t<div class=\"elementor-column elementor-col-50 elementor-inner-column elementor-element elementor-element-8e783d0\" data-id=\"8e783d0\" data-element_type=\"column\" data-e-type=\"column\">\n\t\t\t<div class=\"elementor-widget-wrap elementor-element-populated\">\n\t\t\t\t\t\t<div class=\"elementor-element elementor-element-5edac63 elementor-widget elementor-widget-image\" data-id=\"5edac63\" data-element_type=\"widget\" data-e-type=\"widget\" data-widget_type=\"image.default\">\n\t\t\t\t<div class=\"elementor-widget-container\">\n\t\t\t\t\t\t\t\t\t\t\t\t\t\t\t<img loading=\"lazy\" decoding=\"async\" width=\"380\" height=\"570\" src=\"https:\/\/www.elturistatranquil.com\/wp-content\/uploads\/F65p-Museo-etnografico-del-Silo-de-Villacanas-Toledo.jpg\" class=\"attachment-large size-large wp-image-46522\" alt=\"Museo etnografico del Silo de Villaca\u00f1as, Toledo\" srcset=\"https:\/\/www.elturistatranquil.com\/wp-content\/uploads\/F65p-Museo-etnografico-del-Silo-de-Villacanas-Toledo.jpg 380w, https:\/\/www.elturistatranquil.com\/wp-content\/uploads\/F65p-Museo-etnografico-del-Silo-de-Villacanas-Toledo-151x226.jpg 151w\" sizes=\"(max-width: 380px) 100vw, 380px\" \/>\t\t\t\t\t\t\t\t\t\t\t\t\t\t\t<\/div>\n\t\t\t\t<\/div>\n\t\t\t\t\t<\/div>\n\t\t<\/div>\n\t\t\t\t\t<\/div>\n\t\t<\/section>\n\t\t\t\t<div class=\"elementor-element elementor-element-8f4c936 elementor-widget elementor-widget-image\" data-id=\"8f4c936\" data-element_type=\"widget\" data-e-type=\"widget\" data-widget_type=\"image.default\">\n\t\t\t\t<div class=\"elementor-widget-container\">\n\t\t\t\t\t\t\t\t\t\t\t\t<figure class=\"wp-caption\">\n\t\t\t\t\t\t\t\t\t\t<img loading=\"lazy\" decoding=\"async\" width=\"768\" height=\"511\" src=\"https:\/\/www.elturistatranquil.com\/wp-content\/uploads\/F66-Museo-etnografico-del-Silo-de-Villacanas-Toledo.jpg\" class=\"attachment-large size-large wp-image-46524\" alt=\"Museo etnografico del Silo de Villaca\u00f1as, Toledo\" srcset=\"https:\/\/www.elturistatranquil.com\/wp-content\/uploads\/F66-Museo-etnografico-del-Silo-de-Villacanas-Toledo.jpg 768w, https:\/\/www.elturistatranquil.com\/wp-content\/uploads\/F66-Museo-etnografico-del-Silo-de-Villacanas-Toledo-339x226.jpg 339w\" sizes=\"(max-width: 768px) 100vw, 768px\" \/>\t\t\t\t\t\t\t\t\t\t\t<figcaption class=\"widget-image-caption wp-caption-text\"><\/figcaption>\n\t\t\t\t\t\t\t\t\t\t<\/figure>\n\t\t\t\t\t\t\t\t\t<\/div>\n\t\t\t\t<\/div>\n\t\t\t\t<div class=\"elementor-element elementor-element-2a77f96 elementor-widget elementor-widget-image\" data-id=\"2a77f96\" data-element_type=\"widget\" data-e-type=\"widget\" data-widget_type=\"image.default\">\n\t\t\t\t<div class=\"elementor-widget-container\">\n\t\t\t\t\t\t\t\t\t\t\t\t<figure class=\"wp-caption\">\n\t\t\t\t\t\t\t\t\t\t<img loading=\"lazy\" decoding=\"async\" width=\"768\" height=\"512\" src=\"https:\/\/www.elturistatranquil.com\/wp-content\/uploads\/F67-Museo-etnografico-del-Silo-de-Villacanas-Toledo.jpg\" class=\"attachment-large size-large wp-image-46526\" alt=\"Museo etnografico del Silo de Villaca\u00f1as, Toledo\" srcset=\"https:\/\/www.elturistatranquil.com\/wp-content\/uploads\/F67-Museo-etnografico-del-Silo-de-Villacanas-Toledo.jpg 768w, https:\/\/www.elturistatranquil.com\/wp-content\/uploads\/F67-Museo-etnografico-del-Silo-de-Villacanas-Toledo-339x226.jpg 339w\" sizes=\"(max-width: 768px) 100vw, 768px\" \/>\t\t\t\t\t\t\t\t\t\t\t<figcaption class=\"widget-image-caption wp-caption-text\"><\/figcaption>\n\t\t\t\t\t\t\t\t\t\t<\/figure>\n\t\t\t\t\t\t\t\t\t<\/div>\n\t\t\t\t<\/div>\n\t\t\t\t<div class=\"elementor-element elementor-element-540762a elementor-widget elementor-widget-heading\" data-id=\"540762a\" data-element_type=\"widget\" data-e-type=\"widget\" data-widget_type=\"heading.default\">\n\t\t\t\t<div class=\"elementor-widget-container\">\n\t\t\t\t\t<h2 class=\"elementor-heading-title elementor-size-default\">Fi de les visites<\/h2>\t\t\t\t<\/div>\n\t\t\t\t<\/div>\n\t\t\t\t<div class=\"elementor-element elementor-element-379ef9f elementor-widget elementor-widget-text-editor\" data-id=\"379ef9f\" data-element_type=\"widget\" data-e-type=\"widget\" data-widget_type=\"text-editor.default\">\n\t\t\t\t<div class=\"elementor-widget-container\">\n\t\t\t\t\t\t\t\t\t<p>Hem recorregut dos tipus de cases-cova que han estat en \u00fas fins a mitjans segle XX. Representen dos models diferents. Primerv la cova perforada al vessant d&#8217;una pendent per poder disposar d&#8217;un habitatge quan les condicions econ\u00f2miques de la fam\u00edlia eren prec\u00e0ries i les condicions geol\u00f2giques del terreny permetien una excavaci\u00f3 amb eines manuals simple.<\/p><p>El segon, m\u00e9s elaborat, construint cases subterr\u00e0nies que podien arribar a tenir millors condicions d\u2018habitabilitat que altres cases convencionals de la zona, a condici\u00f3 tamb\u00e9, de disposar de s\u00f2ls adients.<\/p><p>Sembla que, per fi, s&#8217;ha assolit un nivell econ\u00f2mic i social que fa innecessari aquest tipus d&#8217;habitaci\u00f3 i que possibilita condicions menys prec\u00e0ries.<\/p><p>Tots dos casos, entroncant amb les arrels de l&#8217;arquitectura popular, aquella elaborada directament pels usuaris, i amb la participaci\u00f3, nom\u00e9s la imprescindible, d&#8217;alguns artesans locals en algunes parts concretes que requerien una certa especialitzaci\u00f3.<\/p><p>Per\u00f2, pensant-hi una mica, veiem que aquests models d&#8217;arquitectura popular estan sent apropiats per l&#8217;arquitectura institucional, i apareixen com a antecedents d&#8217;un cert tipus de cases subterr\u00e0nies que es plantegen certs corrents de l&#8217;arquitectura ecol\u00f2gica actual.<\/p>\t\t\t\t\t\t\t\t<\/div>\n\t\t\t\t<\/div>\n\t\t\t\t<div class=\"elementor-element elementor-element-8238c9b elementor-widget elementor-widget-heading\" data-id=\"8238c9b\" data-element_type=\"widget\" data-e-type=\"widget\" data-widget_type=\"heading.default\">\n\t\t\t\t<div class=\"elementor-widget-container\">\n\t\t\t\t\t<h2 class=\"elementor-heading-title elementor-size-default\">Bases d\u2019informaci\u00f3<\/h2>\t\t\t\t<\/div>\n\t\t\t\t<\/div>\n\t\t\t\t<div class=\"elementor-element elementor-element-91b717b elementor-widget elementor-widget-text-editor\" data-id=\"91b717b\" data-element_type=\"widget\" data-e-type=\"widget\" data-widget_type=\"text-editor.default\">\n\t\t\t\t<div class=\"elementor-widget-container\">\n\t\t\t\t\t\t\t\t\t<p><strong>Webs<\/strong><\/p><p><strong>Casa-cova Campo de Criptana<\/strong><\/p><p><a href=\"https:\/\/www.tierradegigantes.es\/\" target=\"_blank\" rel=\"noopener\">oficinadeturismo<\/a><\/p><p><a href=\"https:\/\/www.campodecriptana.info\/turismo\/que-visitar\/monumentos\/casas-cueva\" target=\"_blank\" rel=\"noopener\">campodecriptana.info<\/a><\/p><p><a href=\"https:\/\/es.wikipedia.org\/wiki\/Campo_de_Criptana\" target=\"_blank\" rel=\"noopener\">wikipedia<\/a><\/p><p><a href=\"https:\/\/www.cmmedia.es\/play\/doplay\/conocimiento\/casas-cueva-campo-criptana.html\" target=\"_blank\" rel=\"noopener\">cmmedia<\/a><\/p><p><strong>Silos de Villaca\u00f1as<\/strong><\/p><p><a href=\"https:\/\/www.aytovillacanas.com\/turismo-y-festejos\/%C2%BFque-hacer-en-villaca%C3%B1as\/museo-municipal-del-silo\" target=\"_blank\" rel=\"noopener\">oficinadeturismo<\/a><\/p><p><a href=\"https:\/\/es.wikipedia.org\/wiki\/Silos_de_Villaca%C3%B1as\" target=\"_blank\" rel=\"noopener\">wikipedia<\/a><\/p><p><a href=\"http:\/\/www.turismocastillalamancha.es\/patrimonio\/museo-etnografico-del-silo-6661\/descripcion\/\" target=\"_blank\" rel=\"noopener\">turismocastillalamancha<\/a><\/p><p><a href=\"https:\/\/cultura.castillalamancha.es\/patrimonio\/catalogo-patrimonio-cultural\/silos-de-villacanas\" target=\"_blank\" rel=\"noopener\">patrimonio<\/a><\/p><p><a href=\"https:\/\/www.coam.org\/media\/Default%20Files\/fundacion\/biblioteca\/revista-arquitectura-100\/1946-1958\/docs\/revista-articulos\/revista-nacional-arquitectura-1950-n106-pagXIX.pdf\" target=\"_blank\" rel=\"noopener\">lossilosdevillaca\u00f1as<\/a><\/p><p><strong>Llibre<\/strong><\/p><p>Carlos Flores (1974). <em>Arquitectura popular espa\u00f1ola<\/em>. Ed. Aguilar. Volumen III, pp. 446 ss.<\/p>\t\t\t\t\t\t\t\t<\/div>\n\t\t\t\t<\/div>\n\t\t\t\t\t<\/div>\n\t\t<\/div>\n\t\t\t\t\t<\/div>\n\t\t<\/section>\n\t\t\t\t<\/div>\n\t\t","protected":false},"excerpt":{"rendered":"<p>Habitatges sota terra, en forma de cases-cova o \u201csilos\u201d, \u00e9s el que visitarem a la zona de La Mancha, al Campo de Criptana i Villaca\u00f1as, a mes del Museu Etnogr\u00e0fic &#8230; <a title=\"Cases-cova i \u201csilos\u201d a La Mancha\" class=\"read-more\" href=\"https:\/\/www.elturistatranquil.com\/ca\/cases-cova-i-silos-a-la-mancha\/\" aria-label=\"M\u00e9s informaci\u00f3 sobre Cases-cova i \u201csilos\u201d a La Mancha\">[ &#8230; ]<\/a><\/p>\n","protected":false},"author":1,"featured_media":46339,"comment_status":"open","ping_status":"closed","sticky":false,"template":"","format":"standard","meta":{"footnotes":""},"categories":[71,188,81,87,92,216],"tags":[],"class_list":["post-46536","post","type-post","status-publish","format-standard","has-post-thumbnail","hentry","category-arquitectura-popular-ca","category-ciudad-real-ca","category-etnografia-ca","category-joies-al-territori","category-museus","category-toledo-ca","infinite-scroll-item","generate-columns","tablet-grid-50","mobile-grid-100","grid-parent","grid-50","no-featured-image-padding"],"yoast_head":"<!-- This site is optimized with the Yoast SEO plugin v27.4 - https:\/\/yoast.com\/product\/yoast-seo-wordpress\/ -->\n<title>Cases-cova i \u201csilos\u201d a La Mancha - El turista tranquil<\/title>\n<meta name=\"description\" content=\"Habitatges sota terra, en forma de cases-cova o \u201csilos\u201d, \u00e9s el que visitarem a la zona de La Mancha, al Campo de Criptana i Villaca\u00f1as, a mes del Museu Etnogr\u00e0fic del \u201cSilo\u201d.\" \/>\n<meta name=\"robots\" content=\"index, follow, max-snippet:-1, max-image-preview:large, max-video-preview:-1\" \/>\n<link rel=\"canonical\" href=\"https:\/\/www.elturistatranquil.com\/ca\/cases-cova-i-silos-a-la-mancha\/\" \/>\n<meta property=\"og:locale\" content=\"ca_ES\" \/>\n<meta property=\"og:type\" content=\"article\" \/>\n<meta property=\"og:title\" content=\"Cases-cova i \u201csilos\u201d a La Mancha - El turista tranquil\" \/>\n<meta property=\"og:description\" content=\"Habitatges sota terra, en forma de cases-cova o \u201csilos\u201d, \u00e9s el que visitarem a la zona de La Mancha, al Campo de Criptana i Villaca\u00f1as, a mes del Museu Etnogr\u00e0fic del \u201cSilo\u201d.\" \/>\n<meta property=\"og:url\" content=\"https:\/\/www.elturistatranquil.com\/ca\/cases-cova-i-silos-a-la-mancha\/\" \/>\n<meta property=\"og:site_name\" content=\"El turista tranquil\" \/>\n<meta property=\"article:publisher\" content=\"https:\/\/www.facebook.com\/elturistatranquilo\/\" \/>\n<meta property=\"article:published_time\" content=\"2023-05-06T08:45:11+00:00\" \/>\n<meta property=\"article:modified_time\" content=\"2023-05-06T10:14:15+00:00\" \/>\n<meta property=\"og:image\" content=\"https:\/\/www.elturistatranquil.com\/wp-content\/uploads\/F00-Casa-cueva-de-la-Pastora-Marcela-Campo-de-Criptana-Ciudad-Real.jpg\" \/>\n\t<meta property=\"og:image:width\" content=\"768\" \/>\n\t<meta property=\"og:image:height\" content=\"512\" \/>\n\t<meta property=\"og:image:type\" content=\"image\/jpeg\" \/>\n<meta name=\"author\" content=\"admin\" \/>\n<meta name=\"twitter:card\" content=\"summary_large_image\" \/>\n<meta name=\"twitter:label1\" content=\"Escrit per\" \/>\n\t<meta name=\"twitter:data1\" content=\"admin\" \/>\n\t<meta name=\"twitter:label2\" content=\"Temps estimat de lectura\" \/>\n\t<meta name=\"twitter:data2\" content=\"36 minuts\" \/>\n<script type=\"application\/ld+json\" class=\"yoast-schema-graph\">{\"@context\":\"https:\\\/\\\/schema.org\",\"@graph\":[{\"@type\":\"Article\",\"@id\":\"https:\\\/\\\/www.elturistatranquil.com\\\/ca\\\/cases-cova-i-silos-a-la-mancha\\\/#article\",\"isPartOf\":{\"@id\":\"https:\\\/\\\/www.elturistatranquil.com\\\/ca\\\/cases-cova-i-silos-a-la-mancha\\\/\"},\"author\":{\"name\":\"admin\",\"@id\":\"https:\\\/\\\/www.elturistatranquil.com\\\/ca\\\/#\\\/schema\\\/person\\\/16f607c3079b96ed0c530a52e6b58bb5\"},\"headline\":\"Cases-cova i \u201csilos\u201d a La Mancha\",\"datePublished\":\"2023-05-06T08:45:11+00:00\",\"dateModified\":\"2023-05-06T10:14:15+00:00\",\"mainEntityOfPage\":{\"@id\":\"https:\\\/\\\/www.elturistatranquil.com\\\/ca\\\/cases-cova-i-silos-a-la-mancha\\\/\"},\"wordCount\":4115,\"commentCount\":0,\"image\":{\"@id\":\"https:\\\/\\\/www.elturistatranquil.com\\\/ca\\\/cases-cova-i-silos-a-la-mancha\\\/#primaryimage\"},\"thumbnailUrl\":\"https:\\\/\\\/www.elturistatranquil.com\\\/wp-content\\\/uploads\\\/F00-Casa-cueva-de-la-Pastora-Marcela-Campo-de-Criptana-Ciudad-Real.jpg\",\"articleSection\":[\"Arquitectura popular\",\"Ciudad Real\",\"Etnografia\",\"Joies al territori\",\"Museus\",\"Toledo\"],\"inLanguage\":\"ca\",\"potentialAction\":[{\"@type\":\"CommentAction\",\"name\":\"Comment\",\"target\":[\"https:\\\/\\\/www.elturistatranquil.com\\\/ca\\\/cases-cova-i-silos-a-la-mancha\\\/#respond\"]}]},{\"@type\":\"WebPage\",\"@id\":\"https:\\\/\\\/www.elturistatranquil.com\\\/ca\\\/cases-cova-i-silos-a-la-mancha\\\/\",\"url\":\"https:\\\/\\\/www.elturistatranquil.com\\\/ca\\\/cases-cova-i-silos-a-la-mancha\\\/\",\"name\":\"Cases-cova i \u201csilos\u201d a La Mancha - El turista tranquil\",\"isPartOf\":{\"@id\":\"https:\\\/\\\/www.elturistatranquil.com\\\/ca\\\/#website\"},\"primaryImageOfPage\":{\"@id\":\"https:\\\/\\\/www.elturistatranquil.com\\\/ca\\\/cases-cova-i-silos-a-la-mancha\\\/#primaryimage\"},\"image\":{\"@id\":\"https:\\\/\\\/www.elturistatranquil.com\\\/ca\\\/cases-cova-i-silos-a-la-mancha\\\/#primaryimage\"},\"thumbnailUrl\":\"https:\\\/\\\/www.elturistatranquil.com\\\/wp-content\\\/uploads\\\/F00-Casa-cueva-de-la-Pastora-Marcela-Campo-de-Criptana-Ciudad-Real.jpg\",\"datePublished\":\"2023-05-06T08:45:11+00:00\",\"dateModified\":\"2023-05-06T10:14:15+00:00\",\"author\":{\"@id\":\"https:\\\/\\\/www.elturistatranquil.com\\\/ca\\\/#\\\/schema\\\/person\\\/16f607c3079b96ed0c530a52e6b58bb5\"},\"description\":\"Habitatges sota terra, en forma de cases-cova o \u201csilos\u201d, \u00e9s el que visitarem a la zona de La Mancha, al Campo de Criptana i Villaca\u00f1as, a mes del Museu Etnogr\u00e0fic del \u201cSilo\u201d.\",\"breadcrumb\":{\"@id\":\"https:\\\/\\\/www.elturistatranquil.com\\\/ca\\\/cases-cova-i-silos-a-la-mancha\\\/#breadcrumb\"},\"inLanguage\":\"ca\",\"potentialAction\":[{\"@type\":\"ReadAction\",\"target\":[\"https:\\\/\\\/www.elturistatranquil.com\\\/ca\\\/cases-cova-i-silos-a-la-mancha\\\/\"]}]},{\"@type\":\"ImageObject\",\"inLanguage\":\"ca\",\"@id\":\"https:\\\/\\\/www.elturistatranquil.com\\\/ca\\\/cases-cova-i-silos-a-la-mancha\\\/#primaryimage\",\"url\":\"https:\\\/\\\/www.elturistatranquil.com\\\/wp-content\\\/uploads\\\/F00-Casa-cueva-de-la-Pastora-Marcela-Campo-de-Criptana-Ciudad-Real.jpg\",\"contentUrl\":\"https:\\\/\\\/www.elturistatranquil.com\\\/wp-content\\\/uploads\\\/F00-Casa-cueva-de-la-Pastora-Marcela-Campo-de-Criptana-Ciudad-Real.jpg\",\"width\":768,\"height\":512,\"caption\":\"Casa-cueva de la Pastora Marcela, Campo de Criptana, Ciudad Real\"},{\"@type\":\"BreadcrumbList\",\"@id\":\"https:\\\/\\\/www.elturistatranquil.com\\\/ca\\\/cases-cova-i-silos-a-la-mancha\\\/#breadcrumb\",\"itemListElement\":[{\"@type\":\"ListItem\",\"position\":1,\"name\":\"Portada\",\"item\":\"https:\\\/\\\/www.elturistatranquil.com\\\/ca\\\/\"},{\"@type\":\"ListItem\",\"position\":2,\"name\":\"Cases-cova i \u201csilos\u201d a La Mancha\"}]},{\"@type\":\"WebSite\",\"@id\":\"https:\\\/\\\/www.elturistatranquil.com\\\/ca\\\/#website\",\"url\":\"https:\\\/\\\/www.elturistatranquil.com\\\/ca\\\/\",\"name\":\"El turista tranquil\",\"description\":\"Blog de viatges\",\"potentialAction\":[{\"@type\":\"SearchAction\",\"target\":{\"@type\":\"EntryPoint\",\"urlTemplate\":\"https:\\\/\\\/www.elturistatranquil.com\\\/ca\\\/?s={search_term_string}\"},\"query-input\":{\"@type\":\"PropertyValueSpecification\",\"valueRequired\":true,\"valueName\":\"search_term_string\"}}],\"inLanguage\":\"ca\"},{\"@type\":\"Person\",\"@id\":\"https:\\\/\\\/www.elturistatranquil.com\\\/ca\\\/#\\\/schema\\\/person\\\/16f607c3079b96ed0c530a52e6b58bb5\",\"name\":\"admin\",\"image\":{\"@type\":\"ImageObject\",\"inLanguage\":\"ca\",\"@id\":\"https:\\\/\\\/secure.gravatar.com\\\/avatar\\\/1fbaf22aee75fcbb29a2f97b107f95d25d3a19b7c3416105be10269872673e8d?s=96&d=mm&r=g\",\"url\":\"https:\\\/\\\/secure.gravatar.com\\\/avatar\\\/1fbaf22aee75fcbb29a2f97b107f95d25d3a19b7c3416105be10269872673e8d?s=96&d=mm&r=g\",\"contentUrl\":\"https:\\\/\\\/secure.gravatar.com\\\/avatar\\\/1fbaf22aee75fcbb29a2f97b107f95d25d3a19b7c3416105be10269872673e8d?s=96&d=mm&r=g\",\"caption\":\"admin\"}}]}<\/script>\n<!-- \/ Yoast SEO plugin. -->","yoast_head_json":{"title":"Cases-cova i \u201csilos\u201d a La Mancha - El turista tranquil","description":"Habitatges sota terra, en forma de cases-cova o \u201csilos\u201d, \u00e9s el que visitarem a la zona de La Mancha, al Campo de Criptana i Villaca\u00f1as, a mes del Museu Etnogr\u00e0fic del \u201cSilo\u201d.","robots":{"index":"index","follow":"follow","max-snippet":"max-snippet:-1","max-image-preview":"max-image-preview:large","max-video-preview":"max-video-preview:-1"},"canonical":"https:\/\/www.elturistatranquil.com\/ca\/cases-cova-i-silos-a-la-mancha\/","og_locale":"ca_ES","og_type":"article","og_title":"Cases-cova i \u201csilos\u201d a La Mancha - El turista tranquil","og_description":"Habitatges sota terra, en forma de cases-cova o \u201csilos\u201d, \u00e9s el que visitarem a la zona de La Mancha, al Campo de Criptana i Villaca\u00f1as, a mes del Museu Etnogr\u00e0fic del \u201cSilo\u201d.","og_url":"https:\/\/www.elturistatranquil.com\/ca\/cases-cova-i-silos-a-la-mancha\/","og_site_name":"El turista tranquil","article_publisher":"https:\/\/www.facebook.com\/elturistatranquilo\/","article_published_time":"2023-05-06T08:45:11+00:00","article_modified_time":"2023-05-06T10:14:15+00:00","og_image":[{"width":768,"height":512,"url":"https:\/\/www.elturistatranquil.com\/wp-content\/uploads\/F00-Casa-cueva-de-la-Pastora-Marcela-Campo-de-Criptana-Ciudad-Real.jpg","type":"image\/jpeg"}],"author":"admin","twitter_card":"summary_large_image","twitter_misc":{"Escrit per":"admin","Temps estimat de lectura":"36 minuts"},"schema":{"@context":"https:\/\/schema.org","@graph":[{"@type":"Article","@id":"https:\/\/www.elturistatranquil.com\/ca\/cases-cova-i-silos-a-la-mancha\/#article","isPartOf":{"@id":"https:\/\/www.elturistatranquil.com\/ca\/cases-cova-i-silos-a-la-mancha\/"},"author":{"name":"admin","@id":"https:\/\/www.elturistatranquil.com\/ca\/#\/schema\/person\/16f607c3079b96ed0c530a52e6b58bb5"},"headline":"Cases-cova i \u201csilos\u201d a La Mancha","datePublished":"2023-05-06T08:45:11+00:00","dateModified":"2023-05-06T10:14:15+00:00","mainEntityOfPage":{"@id":"https:\/\/www.elturistatranquil.com\/ca\/cases-cova-i-silos-a-la-mancha\/"},"wordCount":4115,"commentCount":0,"image":{"@id":"https:\/\/www.elturistatranquil.com\/ca\/cases-cova-i-silos-a-la-mancha\/#primaryimage"},"thumbnailUrl":"https:\/\/www.elturistatranquil.com\/wp-content\/uploads\/F00-Casa-cueva-de-la-Pastora-Marcela-Campo-de-Criptana-Ciudad-Real.jpg","articleSection":["Arquitectura popular","Ciudad Real","Etnografia","Joies al territori","Museus","Toledo"],"inLanguage":"ca","potentialAction":[{"@type":"CommentAction","name":"Comment","target":["https:\/\/www.elturistatranquil.com\/ca\/cases-cova-i-silos-a-la-mancha\/#respond"]}]},{"@type":"WebPage","@id":"https:\/\/www.elturistatranquil.com\/ca\/cases-cova-i-silos-a-la-mancha\/","url":"https:\/\/www.elturistatranquil.com\/ca\/cases-cova-i-silos-a-la-mancha\/","name":"Cases-cova i \u201csilos\u201d a La Mancha - El turista tranquil","isPartOf":{"@id":"https:\/\/www.elturistatranquil.com\/ca\/#website"},"primaryImageOfPage":{"@id":"https:\/\/www.elturistatranquil.com\/ca\/cases-cova-i-silos-a-la-mancha\/#primaryimage"},"image":{"@id":"https:\/\/www.elturistatranquil.com\/ca\/cases-cova-i-silos-a-la-mancha\/#primaryimage"},"thumbnailUrl":"https:\/\/www.elturistatranquil.com\/wp-content\/uploads\/F00-Casa-cueva-de-la-Pastora-Marcela-Campo-de-Criptana-Ciudad-Real.jpg","datePublished":"2023-05-06T08:45:11+00:00","dateModified":"2023-05-06T10:14:15+00:00","author":{"@id":"https:\/\/www.elturistatranquil.com\/ca\/#\/schema\/person\/16f607c3079b96ed0c530a52e6b58bb5"},"description":"Habitatges sota terra, en forma de cases-cova o \u201csilos\u201d, \u00e9s el que visitarem a la zona de La Mancha, al Campo de Criptana i Villaca\u00f1as, a mes del Museu Etnogr\u00e0fic del \u201cSilo\u201d.","breadcrumb":{"@id":"https:\/\/www.elturistatranquil.com\/ca\/cases-cova-i-silos-a-la-mancha\/#breadcrumb"},"inLanguage":"ca","potentialAction":[{"@type":"ReadAction","target":["https:\/\/www.elturistatranquil.com\/ca\/cases-cova-i-silos-a-la-mancha\/"]}]},{"@type":"ImageObject","inLanguage":"ca","@id":"https:\/\/www.elturistatranquil.com\/ca\/cases-cova-i-silos-a-la-mancha\/#primaryimage","url":"https:\/\/www.elturistatranquil.com\/wp-content\/uploads\/F00-Casa-cueva-de-la-Pastora-Marcela-Campo-de-Criptana-Ciudad-Real.jpg","contentUrl":"https:\/\/www.elturistatranquil.com\/wp-content\/uploads\/F00-Casa-cueva-de-la-Pastora-Marcela-Campo-de-Criptana-Ciudad-Real.jpg","width":768,"height":512,"caption":"Casa-cueva de la Pastora Marcela, Campo de Criptana, Ciudad Real"},{"@type":"BreadcrumbList","@id":"https:\/\/www.elturistatranquil.com\/ca\/cases-cova-i-silos-a-la-mancha\/#breadcrumb","itemListElement":[{"@type":"ListItem","position":1,"name":"Portada","item":"https:\/\/www.elturistatranquil.com\/ca\/"},{"@type":"ListItem","position":2,"name":"Cases-cova i \u201csilos\u201d a La Mancha"}]},{"@type":"WebSite","@id":"https:\/\/www.elturistatranquil.com\/ca\/#website","url":"https:\/\/www.elturistatranquil.com\/ca\/","name":"El turista tranquil","description":"Blog de viatges","potentialAction":[{"@type":"SearchAction","target":{"@type":"EntryPoint","urlTemplate":"https:\/\/www.elturistatranquil.com\/ca\/?s={search_term_string}"},"query-input":{"@type":"PropertyValueSpecification","valueRequired":true,"valueName":"search_term_string"}}],"inLanguage":"ca"},{"@type":"Person","@id":"https:\/\/www.elturistatranquil.com\/ca\/#\/schema\/person\/16f607c3079b96ed0c530a52e6b58bb5","name":"admin","image":{"@type":"ImageObject","inLanguage":"ca","@id":"https:\/\/secure.gravatar.com\/avatar\/1fbaf22aee75fcbb29a2f97b107f95d25d3a19b7c3416105be10269872673e8d?s=96&d=mm&r=g","url":"https:\/\/secure.gravatar.com\/avatar\/1fbaf22aee75fcbb29a2f97b107f95d25d3a19b7c3416105be10269872673e8d?s=96&d=mm&r=g","contentUrl":"https:\/\/secure.gravatar.com\/avatar\/1fbaf22aee75fcbb29a2f97b107f95d25d3a19b7c3416105be10269872673e8d?s=96&d=mm&r=g","caption":"admin"}}]}},"_links":{"self":[{"href":"https:\/\/www.elturistatranquil.com\/ca\/wp-json\/wp\/v2\/posts\/46536","targetHints":{"allow":["GET"]}}],"collection":[{"href":"https:\/\/www.elturistatranquil.com\/ca\/wp-json\/wp\/v2\/posts"}],"about":[{"href":"https:\/\/www.elturistatranquil.com\/ca\/wp-json\/wp\/v2\/types\/post"}],"author":[{"embeddable":true,"href":"https:\/\/www.elturistatranquil.com\/ca\/wp-json\/wp\/v2\/users\/1"}],"replies":[{"embeddable":true,"href":"https:\/\/www.elturistatranquil.com\/ca\/wp-json\/wp\/v2\/comments?post=46536"}],"version-history":[{"count":5,"href":"https:\/\/www.elturistatranquil.com\/ca\/wp-json\/wp\/v2\/posts\/46536\/revisions"}],"predecessor-version":[{"id":46604,"href":"https:\/\/www.elturistatranquil.com\/ca\/wp-json\/wp\/v2\/posts\/46536\/revisions\/46604"}],"wp:featuredmedia":[{"embeddable":true,"href":"https:\/\/www.elturistatranquil.com\/ca\/wp-json\/wp\/v2\/media\/46339"}],"wp:attachment":[{"href":"https:\/\/www.elturistatranquil.com\/ca\/wp-json\/wp\/v2\/media?parent=46536"}],"wp:term":[{"taxonomy":"category","embeddable":true,"href":"https:\/\/www.elturistatranquil.com\/ca\/wp-json\/wp\/v2\/categories?post=46536"},{"taxonomy":"post_tag","embeddable":true,"href":"https:\/\/www.elturistatranquil.com\/ca\/wp-json\/wp\/v2\/tags?post=46536"}],"curies":[{"name":"wp","href":"https:\/\/api.w.org\/{rel}","templated":true}]}}