{"id":4663,"date":"2018-07-22T20:44:11","date_gmt":"2018-07-22T18:44:11","guid":{"rendered":"https:\/\/www.elturistatranquil.com\/?p=4663"},"modified":"2019-09-03T10:59:33","modified_gmt":"2019-09-03T08:59:33","slug":"el-querforadat-toloriu-i-bar","status":"publish","type":"post","link":"https:\/\/www.elturistatranquil.com\/ca\/el-querforadat-toloriu-i-bar\/","title":{"rendered":"El Querforadat, Toloriu i Bar (Lleida)"},"content":{"rendered":"\t\t<div data-elementor-type=\"wp-post\" data-elementor-id=\"4663\" class=\"elementor elementor-4663 elementor-4507 elementor-bc-flex-widget\" data-elementor-post-type=\"post\">\n\t\t\t\t\t\t<section class=\"elementor-section elementor-top-section elementor-element elementor-element-5a96252a elementor-section-boxed elementor-section-height-default elementor-section-height-default\" data-id=\"5a96252a\" data-element_type=\"section\" data-e-type=\"section\">\n\t\t\t\t\t\t<div class=\"elementor-container elementor-column-gap-default\">\n\t\t\t\t\t<div class=\"elementor-column elementor-col-100 elementor-top-column elementor-element elementor-element-60ac235a\" data-id=\"60ac235a\" data-element_type=\"column\" data-e-type=\"column\">\n\t\t\t<div class=\"elementor-widget-wrap elementor-element-populated\">\n\t\t\t\t\t\t<section class=\"elementor-section elementor-inner-section elementor-element elementor-element-10bc1f2 elementor-section-content-middle elementor-section-boxed elementor-section-height-default elementor-section-height-default\" data-id=\"10bc1f2\" data-element_type=\"section\" data-e-type=\"section\">\n\t\t\t\t\t\t<div class=\"elementor-container elementor-column-gap-default\">\n\t\t\t\t\t<div class=\"elementor-column elementor-col-100 elementor-inner-column elementor-element elementor-element-ca46a98\" data-id=\"ca46a98\" data-element_type=\"column\" data-e-type=\"column\">\n\t\t\t<div class=\"elementor-widget-wrap elementor-element-populated\">\n\t\t\t\t\t\t<div class=\"elementor-element elementor-element-44c58f41 elementor-widget elementor-widget-text-editor\" data-id=\"44c58f41\" data-element_type=\"widget\" data-e-type=\"widget\" data-widget_type=\"text-editor.default\">\n\t\t\t\t<div class=\"elementor-widget-container\">\n\t\t\t\t\t\t\t\t\t<p>Avui em passejar\u00e9 per tres poblets, <em>El Querforadat, Toloriu i Bar<\/em> (Lleida), a l\u2019ombra del mass\u00eds del Cad\u00ed, que conserven tot l\u2019encant de l\u2019arquitectura popular gens malmesa.<\/p>\t\t\t\t\t\t\t\t<\/div>\n\t\t\t\t<\/div>\n\t\t\t\t\t<\/div>\n\t\t<\/div>\n\t\t\t\t\t<\/div>\n\t\t<\/section>\n\t\t\t\t<div class=\"elementor-element elementor-element-1f6384e2 elementor-widget elementor-widget-heading\" data-id=\"1f6384e2\" data-element_type=\"widget\" data-e-type=\"widget\" data-widget_type=\"heading.default\">\n\t\t\t\t<div class=\"elementor-widget-container\">\n\t\t\t\t\t<h1 class=\"elementor-heading-title elementor-size-default\">El Querforadat, Toloriu i Bar<\/h1>\t\t\t\t<\/div>\n\t\t\t\t<\/div>\n\t\t\t\t\t<\/div>\n\t\t<\/div>\n\t\t\t\t\t<\/div>\n\t\t<\/section>\n\t\t\t\t<section class=\"elementor-section elementor-top-section elementor-element elementor-element-34b91fd elementor-section-boxed elementor-section-height-default elementor-section-height-default\" data-id=\"34b91fd\" data-element_type=\"section\" data-e-type=\"section\">\n\t\t\t\t\t\t<div class=\"elementor-container elementor-column-gap-default\">\n\t\t\t\t\t<div class=\"elementor-column elementor-col-100 elementor-top-column elementor-element elementor-element-780cbabc\" data-id=\"780cbabc\" data-element_type=\"column\" data-e-type=\"column\">\n\t\t\t<div class=\"elementor-widget-wrap elementor-element-populated\">\n\t\t\t\t\t\t<div class=\"elementor-element elementor-element-2f08fca elementor-widget elementor-widget-image\" data-id=\"2f08fca\" data-element_type=\"widget\" data-e-type=\"widget\" data-widget_type=\"image.default\">\n\t\t\t\t<div class=\"elementor-widget-container\">\n\t\t\t\t\t\t\t\t\t\t\t\t<figure class=\"wp-caption\">\n\t\t\t\t\t\t\t\t\t\t<img fetchpriority=\"high\" decoding=\"async\" width=\"768\" height=\"512\" src=\"https:\/\/www.elturistatranquil.com\/wp-content\/uploads\/F01-Mapa-situacio-Querforadat-Google-maps-2018-07-16-2-1-768x512.jpg\" class=\"attachment-medium_large size-medium_large wp-image-4667\" alt=\"\" srcset=\"https:\/\/www.elturistatranquil.com\/wp-content\/uploads\/F01-Mapa-situacio-Querforadat-Google-maps-2018-07-16-2-1-768x512.jpg 768w, https:\/\/www.elturistatranquil.com\/wp-content\/uploads\/F01-Mapa-situacio-Querforadat-Google-maps-2018-07-16-2-1.jpg 800w\" sizes=\"(max-width: 768px) 100vw, 768px\" \/>\t\t\t\t\t\t\t\t\t\t\t<figcaption class=\"widget-image-caption wp-caption-text\">Mapa de situaci\u00f3 (Google maps 2018-07-16)<\/figcaption>\n\t\t\t\t\t\t\t\t\t\t<\/figure>\n\t\t\t\t\t\t\t\t\t<\/div>\n\t\t\t\t<\/div>\n\t\t\t\t<div class=\"elementor-element elementor-element-604f3b68 elementor-widget elementor-widget-spacer\" data-id=\"604f3b68\" data-element_type=\"widget\" data-e-type=\"widget\" data-widget_type=\"spacer.default\">\n\t\t\t\t<div class=\"elementor-widget-container\">\n\t\t\t\t\t\t\t<div class=\"elementor-spacer\">\n\t\t\t<div class=\"elementor-spacer-inner\"><\/div>\n\t\t<\/div>\n\t\t\t\t\t\t<\/div>\n\t\t\t\t<\/div>\n\t\t\t\t<div class=\"elementor-element elementor-element-62f23226 elementor-widget elementor-widget-heading\" data-id=\"62f23226\" data-element_type=\"widget\" data-e-type=\"widget\" data-widget_type=\"heading.default\">\n\t\t\t\t<div class=\"elementor-widget-container\">\n\t\t\t\t\t<h2 class=\"elementor-heading-title elementor-size-default\">\nEl Querforadat, Toloriu i Bar (Alt Urgell, Lleida)<\/h2>\t\t\t\t<\/div>\n\t\t\t\t<\/div>\n\t\t\t\t<section class=\"elementor-section elementor-inner-section elementor-element elementor-element-14f4df0c elementor-section-boxed elementor-section-height-default elementor-section-height-default\" data-id=\"14f4df0c\" data-element_type=\"section\" data-e-type=\"section\" data-settings=\"{&quot;background_background&quot;:&quot;classic&quot;}\">\n\t\t\t\t\t\t<div class=\"elementor-container elementor-column-gap-default\">\n\t\t\t\t\t<div class=\"elementor-column elementor-col-100 elementor-inner-column elementor-element elementor-element-428156c3\" data-id=\"428156c3\" data-element_type=\"column\" data-e-type=\"column\" data-settings=\"{&quot;background_background&quot;:&quot;classic&quot;}\">\n\t\t\t<div class=\"elementor-widget-wrap elementor-element-populated\">\n\t\t\t\t\t\t<div class=\"elementor-element elementor-element-3a858fe6 elementor-widget elementor-widget-text-editor\" data-id=\"3a858fe6\" data-element_type=\"widget\" data-e-type=\"widget\" data-widget_type=\"text-editor.default\">\n\t\t\t\t<div class=\"elementor-widget-container\">\n\t\t\t\t\t\t\t\t\t<p>\u00a0<\/p><p>Ruta: 2018<\/p>\t\t\t\t\t\t\t\t<\/div>\n\t\t\t\t<\/div>\n\t\t\t\t\t<\/div>\n\t\t<\/div>\n\t\t\t\t\t<\/div>\n\t\t<\/section>\n\t\t\t\t<div class=\"elementor-element elementor-element-63d9f59f elementor-widget elementor-widget-image\" data-id=\"63d9f59f\" data-element_type=\"widget\" data-e-type=\"widget\" data-widget_type=\"image.default\">\n\t\t\t\t<div class=\"elementor-widget-container\">\n\t\t\t\t\t\t\t\t\t\t\t\t<figure class=\"wp-caption\">\n\t\t\t\t\t\t\t\t\t\t<img decoding=\"async\" width=\"768\" height=\"513\" src=\"https:\/\/www.elturistatranquil.com\/wp-content\/uploads\/F02-Ruta-Querforada-Toloriu-Bar-Google-maps-2018-07-16-1-1-768x513.jpg\" class=\"attachment-medium_large size-medium_large wp-image-4669\" alt=\"\" srcset=\"https:\/\/www.elturistatranquil.com\/wp-content\/uploads\/F02-Ruta-Querforada-Toloriu-Bar-Google-maps-2018-07-16-1-1-768x513.jpg 768w, https:\/\/www.elturistatranquil.com\/wp-content\/uploads\/F02-Ruta-Querforada-Toloriu-Bar-Google-maps-2018-07-16-1-1.jpg 800w\" sizes=\"(max-width: 768px) 100vw, 768px\" \/>\t\t\t\t\t\t\t\t\t\t\t<figcaption class=\"widget-image-caption wp-caption-text\">Mapa de situaci\u00f3 (Google maps 2018-07-16). Es pot observar el congost de Martinet entre el Pirineu al nord i la Serra del Cad\u00ed al sud. Cam\u00ed d\u2019entrada a la Cerdanya des de l\u2019Alt Urgell<\/figcaption>\n\t\t\t\t\t\t\t\t\t\t<\/figure>\n\t\t\t\t\t\t\t\t\t<\/div>\n\t\t\t\t<\/div>\n\t\t\t\t<div class=\"elementor-element elementor-element-647e2a1b elementor-widget elementor-widget-menu-anchor\" data-id=\"647e2a1b\" data-element_type=\"widget\" data-e-type=\"widget\" data-widget_type=\"menu-anchor.default\">\n\t\t\t\t<div class=\"elementor-widget-container\">\n\t\t\t\t\t\t\t<div class=\"elementor-menu-anchor\" id=\"c1201\"><\/div>\n\t\t\t\t\t\t<\/div>\n\t\t\t\t<\/div>\n\t\t\t\t<section class=\"elementor-section elementor-inner-section elementor-element elementor-element-43fe547a elementor-section-boxed elementor-section-height-default elementor-section-height-default\" data-id=\"43fe547a\" data-element_type=\"section\" data-e-type=\"section\" data-settings=\"{&quot;background_background&quot;:&quot;classic&quot;}\">\n\t\t\t\t\t\t<div class=\"elementor-container elementor-column-gap-default\">\n\t\t\t\t\t<div class=\"elementor-column elementor-col-100 elementor-inner-column elementor-element elementor-element-1a4be15e\" data-id=\"1a4be15e\" data-element_type=\"column\" data-e-type=\"column\">\n\t\t\t<div class=\"elementor-widget-wrap elementor-element-populated\">\n\t\t\t\t\t\t<div class=\"elementor-element elementor-element-f31b70b elementor-widget elementor-widget-text-editor\" data-id=\"f31b70b\" data-element_type=\"widget\" data-e-type=\"widget\" data-widget_type=\"text-editor.default\">\n\t\t\t\t<div class=\"elementor-widget-container\">\n\t\t\t\t\t\t\t\t\t<h6>\u00cdndex<\/h6>\t\t\t\t\t\t\t\t<\/div>\n\t\t\t\t<\/div>\n\t\t\t\t<div class=\"elementor-element elementor-element-7d180818 elementor-widget elementor-widget-text-editor\" data-id=\"7d180818\" data-element_type=\"widget\" data-e-type=\"widget\" data-widget_type=\"text-editor.default\">\n\t\t\t\t<div class=\"elementor-widget-container\">\n\t\t\t\t\t\t\t\t\t<p><a href=\"https:\/\/www.elturistatranquil.com\/ca\/el-querforadat-toloriu-i-bar\/#c1201\">Ruta el Querforadat, Toloriu i Bar<\/a><\/p>\t\t\t\t\t\t\t\t<\/div>\n\t\t\t\t<\/div>\n\t\t\t\t<div class=\"elementor-element elementor-element-5ea79364 elementor-widget elementor-widget-text-editor\" data-id=\"5ea79364\" data-element_type=\"widget\" data-e-type=\"widget\" data-widget_type=\"text-editor.default\">\n\t\t\t\t<div class=\"elementor-widget-container\">\n\t\t\t\t\t\t\t\t\t<p><a href=\"https:\/\/www.elturistatranquil.com\/ca\/el-querforadat-toloriu-i-bar\/#c1202\">El Querforadat<\/a><\/p>\t\t\t\t\t\t\t\t<\/div>\n\t\t\t\t<\/div>\n\t\t\t\t<div class=\"elementor-element elementor-element-67e77ea6 elementor-widget elementor-widget-text-editor\" data-id=\"67e77ea6\" data-element_type=\"widget\" data-e-type=\"widget\" data-widget_type=\"text-editor.default\">\n\t\t\t\t<div class=\"elementor-widget-container\">\n\t\t\t\t\t\t\t\t\t<p><a href=\"https:\/\/www.elturistatranquil.com\/ca\/el-querforadat-toloriu-i-bar\/#c1203\">Toloriu<\/a><\/p>\t\t\t\t\t\t\t\t<\/div>\n\t\t\t\t<\/div>\n\t\t\t\t<div class=\"elementor-element elementor-element-188f4d2c elementor-widget elementor-widget-text-editor\" data-id=\"188f4d2c\" data-element_type=\"widget\" data-e-type=\"widget\" data-widget_type=\"text-editor.default\">\n\t\t\t\t<div class=\"elementor-widget-container\">\n\t\t\t\t\t\t\t\t\t<p><a href=\"https:\/\/www.elturistatranquil.com\/ca\/el-querforadat-toloriu-i-bar\/#c1204\">Bar<\/a><\/p>\t\t\t\t\t\t\t\t<\/div>\n\t\t\t\t<\/div>\n\t\t\t\t<div class=\"elementor-element elementor-element-22c4d94b elementor-widget elementor-widget-text-editor\" data-id=\"22c4d94b\" data-element_type=\"widget\" data-e-type=\"widget\" data-widget_type=\"text-editor.default\">\n\t\t\t\t<div class=\"elementor-widget-container\">\n\t\t\t\t\t\t\t\t\t<p><a href=\"https:\/\/www.elturistatranquil.com\/ca\/el-querforadat-toloriu-i-bar\/#c1205\">Bases d\u2019informaci\u00f3<\/a><\/p>\t\t\t\t\t\t\t\t<\/div>\n\t\t\t\t<\/div>\n\t\t\t\t\t<\/div>\n\t\t<\/div>\n\t\t\t\t\t<\/div>\n\t\t<\/section>\n\t\t\t\t<div class=\"elementor-element elementor-element-4afe81b9 elementor-widget elementor-widget-spacer\" data-id=\"4afe81b9\" data-element_type=\"widget\" data-e-type=\"widget\" data-widget_type=\"spacer.default\">\n\t\t\t\t<div class=\"elementor-widget-container\">\n\t\t\t\t\t\t\t<div class=\"elementor-spacer\">\n\t\t\t<div class=\"elementor-spacer-inner\"><\/div>\n\t\t<\/div>\n\t\t\t\t\t\t<\/div>\n\t\t\t\t<\/div>\n\t\t\t\t<div class=\"elementor-element elementor-element-6a588697 elementor-widget elementor-widget-menu-anchor\" data-id=\"6a588697\" data-element_type=\"widget\" data-e-type=\"widget\" data-widget_type=\"menu-anchor.default\">\n\t\t\t\t<div class=\"elementor-widget-container\">\n\t\t\t\t\t\t\t<div class=\"elementor-menu-anchor\" id=\"a0101-EnlaceaunpuntodentrodelPost\"><\/div>\n\t\t\t\t\t\t<\/div>\n\t\t\t\t<\/div>\n\t\t\t\t<div class=\"elementor-element elementor-element-353e1997 elementor-widget elementor-widget-heading\" data-id=\"353e1997\" data-element_type=\"widget\" data-e-type=\"widget\" data-widget_type=\"heading.default\">\n\t\t\t\t<div class=\"elementor-widget-container\">\n\t\t\t\t\t<h2 class=\"elementor-heading-title elementor-size-default\">Ruta el Querforadat, Toloriu i Bar (Alt Urgell, Lleida)<\/h2>\t\t\t\t<\/div>\n\t\t\t\t<\/div>\n\t\t\t\t<div class=\"elementor-element elementor-element-39d84ac1 elementor-widget elementor-widget-text-editor\" data-id=\"39d84ac1\" data-element_type=\"widget\" data-e-type=\"widget\" data-widget_type=\"text-editor.default\">\n\t\t\t\t<div class=\"elementor-widget-container\">\n\t\t\t\t\t\t\t\t\t<p>Avui visitar\u00e9 el Querforadat, Toloriu i Bar, tres poblets -tres petites joies- de la comarca del l\u2019Alt Urgell, a la prov\u00edncia de Lleida, al llindar amb la comarca de La Cerdanya. Aquests tres pobles antigament pertanyien a la Cerdanya i avui estan integrats a la comarca de l&#8217;Alt Urgell. Malgrat aquesta adscripci\u00f3 administrativa, m\u2019atreviria a dir que tur\u00edsticament podem considerar-la com de\u00a0 La Cerdanya i, de fet, algunes informacions tur\u00edstiques aix\u00ed o fan.<\/p><p>El riu Segre, quan surt de la Cerdanya, s\u2019encaixa en la l\u00ednia de contacte del Pirineu amb el Prepirineu de la serra del Cad\u00ed, en el congost de Martinet, formant la subcomarca del Barid\u00e0, considerada la porta de la Cerdanya. Des del costat sud del riu el cam\u00ed s\u2019enfilar\u00e0 fins els peus de la paret nord de la serra del Cad\u00ed, on aquesta queda tallada en una impressionant i continua paret vertical, despullada de tota vegetaci\u00f3.<\/p>\t\t\t\t\t\t\t\t<\/div>\n\t\t\t\t<\/div>\n\t\t\t\t<div class=\"elementor-element elementor-element-5de94236 elementor-widget elementor-widget-menu-anchor\" data-id=\"5de94236\" data-element_type=\"widget\" data-e-type=\"widget\" data-widget_type=\"menu-anchor.default\">\n\t\t\t\t<div class=\"elementor-widget-container\">\n\t\t\t\t\t\t\t<div class=\"elementor-menu-anchor\" id=\"c1202\"><\/div>\n\t\t\t\t\t\t<\/div>\n\t\t\t\t<\/div>\n\t\t\t\t<div class=\"elementor-element elementor-element-7fe7f443 elementor-widget elementor-widget-text-editor\" data-id=\"7fe7f443\" data-element_type=\"widget\" data-e-type=\"widget\" data-widget_type=\"text-editor.default\">\n\t\t\t\t<div class=\"elementor-widget-container\">\n\t\t\t\t\t\t\t\t\t<p>Entre Martinet de Cerdanya i la Seu d\u2019Urgell (a 7 km de Martinet) es troba el desviament, en direcci\u00f3 sud, vers el Querforadat, Toloriu i Bar. Seran 11 km de carretera de muntanya en bon estat, fins arribar a el Querforadat.<\/p>\t\t\t\t\t\t\t\t<\/div>\n\t\t\t\t<\/div>\n\t\t\t\t<div class=\"elementor-element elementor-element-d9f36cb elementor-widget elementor-widget-heading\" data-id=\"d9f36cb\" data-element_type=\"widget\" data-e-type=\"widget\" data-widget_type=\"heading.default\">\n\t\t\t\t<div class=\"elementor-widget-container\">\n\t\t\t\t\t<h2 class=\"elementor-heading-title elementor-size-default\">El Querforadat<\/h2>\t\t\t\t<\/div>\n\t\t\t\t<\/div>\n\t\t\t\t<div class=\"elementor-element elementor-element-73f1a839 elementor-widget elementor-widget-text-editor\" data-id=\"73f1a839\" data-element_type=\"widget\" data-e-type=\"widget\" data-widget_type=\"text-editor.default\">\n\t\t\t\t<div class=\"elementor-widget-container\">\n\t\t\t\t\t\t\t\t\t<p>Municipi: Cava. Coordenades: 42<sup>o<\/sup>19&#8217;33&#8221; N, 1<sup>o<\/sup>38&#8217;14&#8221; E. Altitud: 1.380 msnm. Poblaci\u00f3: 16 habitants (2017)<\/p>\t\t\t\t\t\t\t\t<\/div>\n\t\t\t\t<\/div>\n\t\t\t\t<div class=\"elementor-element elementor-element-3ff92a48 elementor-widget elementor-widget-image\" data-id=\"3ff92a48\" data-element_type=\"widget\" data-e-type=\"widget\" data-widget_type=\"image.default\">\n\t\t\t\t<div class=\"elementor-widget-container\">\n\t\t\t\t\t\t\t\t\t\t\t\t<figure class=\"wp-caption\">\n\t\t\t\t\t\t\t\t\t\t<img decoding=\"async\" width=\"800\" height=\"465\" src=\"https:\/\/www.elturistatranquil.com\/wp-content\/uploads\/F03-Querforadat-Google-earth-2018-07-15-1-1.jpg\" class=\"attachment-large size-large wp-image-4671\" alt=\"\" srcset=\"https:\/\/www.elturistatranquil.com\/wp-content\/uploads\/F03-Querforadat-Google-earth-2018-07-15-1-1.jpg 800w, https:\/\/www.elturistatranquil.com\/wp-content\/uploads\/F03-Querforadat-Google-earth-2018-07-15-1-1-768x446.jpg 768w\" sizes=\"(max-width: 800px) 100vw, 800px\" \/>\t\t\t\t\t\t\t\t\t\t\t<figcaption class=\"widget-image-caption wp-caption-text\">El Querforadat (Google earth 2018-07-15)<\/figcaption>\n\t\t\t\t\t\t\t\t\t\t<\/figure>\n\t\t\t\t\t\t\t\t\t<\/div>\n\t\t\t\t<\/div>\n\t\t\t\t<div class=\"elementor-element elementor-element-5dc45281 elementor-widget elementor-widget-text-editor\" data-id=\"5dc45281\" data-element_type=\"widget\" data-e-type=\"widget\" data-widget_type=\"text-editor.default\">\n\t\t\t\t<div class=\"elementor-widget-container\">\n\t\t\t\t\t\t\t\t\t<p>Comen\u00e7ar\u00e9 la ruta anant a el Querforadat, el poble m\u00e9s allunyat i encimbellat als peus de la cara nord de la Serra del Cad\u00ed, per despr\u00e9s retornar descendint fins a la vall del Segre.<\/p><p>Com a molts altres poblets (vegeu <a href=\"https:\/\/www.elturistatranquil.com\/ca\/?elementor_library=els-casals-buergueda\" target=\"_blank\" rel=\"noopener\">Sant Jaume de Frontanya<\/a>), el turisme, en molts casos per part d\u2019antics residents que les han reconvertit en residencia secundaria per passar-hi part de l\u2019any un cop jubilats, ha perm\u00e8s mantenir i rehabilitar el poble i allunyar-lo de la ru\u00efna.<\/p><p>\u00c9s cert que ha perdut les activitats agr\u00edcoles i ramaderes, per\u00f2 a conservat el patrimoni arquitect\u00f2nic i resta un lloc exclusivament residencial. Les cases han estat rehabilitades i presenten un molt bon aspecte quasi totes, sense haver sofert transformacions que canviessin el seu car\u00e0cter, seguint el model actual de rehabilitaci\u00f3 amb pedra vista.<\/p><p>De fet, encara recordo la primera vegada en que vaig descobrir Querforadat, ja fa molts anys, quan encara hi residien pagesos que explicaven la duresa de la vida en aquest indret, i els seus problemes a l\u2019hivern quan quedaven incomunicats. Es va produir una mena d\u2019enamorament amb el lloc, que va fer que hi torni sempre que puc, i trobo que encara mant\u00e9 el seu encant, encara que ara sigui nom\u00e9s un poble tur\u00edstic.<\/p><p>Querforadat es troba al peu de la serra de Cad\u00ed per la seva cara nord, on mostra la nuesa de la seva paret septentrional, amb altituds superiors als 2.500 m. El poble est\u00e0 situat damunt la riba esquerra del\u00a0riu del Quer.<\/p><p>Documentat a la fi del segle XI en l&#8217;acte de fidelitat de Galaran Mir\u00f3 a Guillem Ramon I comte de Cerdanya. Els Pin\u00f3s ho tindran fins a mitjan segle XIV. Al segle XV, per matrimoni pass\u00e0 als Castro-Pin\u00f3s.<\/p><p>A l\u2019arribada, al final de la carretera, es troba un petit aparcament -si hi ha certa aflu\u00e8ncia de visitats pot ser un problema aparcar en tot el poble, i el poc espai esta ple de senyals de prohibit aparcar-, no es veu m\u00e9s que un roquer a l\u2019esquerra i unes poques cases a la dreta.<\/p>\t\t\t\t\t\t\t\t<\/div>\n\t\t\t\t<\/div>\n\t\t\t\t<div class=\"elementor-element elementor-element-6f8e3d1a elementor-widget elementor-widget-image\" data-id=\"6f8e3d1a\" data-element_type=\"widget\" data-e-type=\"widget\" data-widget_type=\"image.default\">\n\t\t\t\t<div class=\"elementor-widget-container\">\n\t\t\t\t\t\t\t\t\t\t\t\t\t\t\t<img loading=\"lazy\" decoding=\"async\" width=\"800\" height=\"533\" src=\"https:\/\/www.elturistatranquil.com\/wp-content\/uploads\/F04-El-Querforadat-1-1.jpg\" class=\"attachment-large size-large wp-image-4673\" alt=\"\" srcset=\"https:\/\/www.elturistatranquil.com\/wp-content\/uploads\/F04-El-Querforadat-1-1.jpg 800w, https:\/\/www.elturistatranquil.com\/wp-content\/uploads\/F04-El-Querforadat-1-1-768x512.jpg 768w\" sizes=\"(max-width: 800px) 100vw, 800px\" \/>\t\t\t\t\t\t\t\t\t\t\t\t\t\t\t<\/div>\n\t\t\t\t<\/div>\n\t\t\t\t<div class=\"elementor-element elementor-element-66606d4e elementor-widget elementor-widget-image\" data-id=\"66606d4e\" data-element_type=\"widget\" data-e-type=\"widget\" data-widget_type=\"image.default\">\n\t\t\t\t<div class=\"elementor-widget-container\">\n\t\t\t\t\t\t\t\t\t\t\t\t\t\t\t<img loading=\"lazy\" decoding=\"async\" width=\"800\" height=\"533\" src=\"https:\/\/www.elturistatranquil.com\/wp-content\/uploads\/F05-El-Querforadat-1-1.jpg\" class=\"attachment-large size-large wp-image-4675\" alt=\"\" srcset=\"https:\/\/www.elturistatranquil.com\/wp-content\/uploads\/F05-El-Querforadat-1-1.jpg 800w, https:\/\/www.elturistatranquil.com\/wp-content\/uploads\/F05-El-Querforadat-1-1-768x512.jpg 768w\" sizes=\"(max-width: 800px) 100vw, 800px\" \/>\t\t\t\t\t\t\t\t\t\t\t\t\t\t\t<\/div>\n\t\t\t\t<\/div>\n\t\t\t\t<div class=\"elementor-element elementor-element-1a362cdf elementor-widget elementor-widget-image\" data-id=\"1a362cdf\" data-element_type=\"widget\" data-e-type=\"widget\" data-widget_type=\"image.default\">\n\t\t\t\t<div class=\"elementor-widget-container\">\n\t\t\t\t\t\t\t\t\t\t\t\t\t\t\t<img loading=\"lazy\" decoding=\"async\" width=\"800\" height=\"533\" src=\"https:\/\/www.elturistatranquil.com\/wp-content\/uploads\/F06-El-Querforadat-1-1.jpg\" class=\"attachment-large size-large wp-image-4677\" alt=\"\" srcset=\"https:\/\/www.elturistatranquil.com\/wp-content\/uploads\/F06-El-Querforadat-1-1.jpg 800w, https:\/\/www.elturistatranquil.com\/wp-content\/uploads\/F06-El-Querforadat-1-1-768x512.jpg 768w\" sizes=\"(max-width: 800px) 100vw, 800px\" \/>\t\t\t\t\t\t\t\t\t\t\t\t\t\t\t<\/div>\n\t\t\t\t<\/div>\n\t\t\t\t<div class=\"elementor-element elementor-element-1f166aea elementor-widget elementor-widget-text-editor\" data-id=\"1f166aea\" data-element_type=\"widget\" data-e-type=\"widget\" data-widget_type=\"text-editor.default\">\n\t\t\t\t<div class=\"elementor-widget-container\">\n\t\t\t\t\t\t\t\t\t<p>El poble apareixer\u00e0 quan passem el roquer situat sobre la vesant que baixa cap el riu de Quer, que queda al fons de la vall.<\/p>\t\t\t\t\t\t\t\t<\/div>\n\t\t\t\t<\/div>\n\t\t\t\t<div class=\"elementor-element elementor-element-5d21d31b elementor-widget elementor-widget-image\" data-id=\"5d21d31b\" data-element_type=\"widget\" data-e-type=\"widget\" data-widget_type=\"image.default\">\n\t\t\t\t<div class=\"elementor-widget-container\">\n\t\t\t\t\t\t\t\t\t\t\t\t<figure class=\"wp-caption\">\n\t\t\t\t\t\t\t\t\t\t<img loading=\"lazy\" decoding=\"async\" width=\"800\" height=\"533\" src=\"https:\/\/www.elturistatranquil.com\/wp-content\/uploads\/F07-El-Querforadat-1.jpg\" class=\"attachment-large size-large wp-image-4679\" alt=\"\" srcset=\"https:\/\/www.elturistatranquil.com\/wp-content\/uploads\/F07-El-Querforadat-1.jpg 800w, https:\/\/www.elturistatranquil.com\/wp-content\/uploads\/F07-El-Querforadat-1-768x512.jpg 768w\" sizes=\"(max-width: 800px) 100vw, 800px\" \/>\t\t\t\t\t\t\t\t\t\t\t<figcaption class=\"widget-image-caption wp-caption-text\">El poble amb la cara nord del mass\u00eds del Cad\u00ed al fons<\/figcaption>\n\t\t\t\t\t\t\t\t\t\t<\/figure>\n\t\t\t\t\t\t\t\t\t<\/div>\n\t\t\t\t<\/div>\n\t\t\t\t<div class=\"elementor-element elementor-element-9b9b11b elementor-widget elementor-widget-text-editor\" data-id=\"9b9b11b\" data-element_type=\"widget\" data-e-type=\"widget\" data-widget_type=\"text-editor.default\">\n\t\t\t\t<div class=\"elementor-widget-container\">\n\t\t\t\t\t\t\t\t\t<p>Arribat a aquest punt se\u2019m present un dilema. Avan\u00e7ar pel carrer que porta a un pont, o descendir pel carrer que passa per sota del pont. Aquests dos carrers s\u00f3n, de fet, els dos \u00fanics del poble, amb petites ramificacions, un per la part alta i l\u2019altre per la baixa, Al final del seu recorregut tornen a trobar-se, el que permet fer un recorregut complet en forma diguem-ne circular.<\/p>\t\t\t\t\t\t\t\t<\/div>\n\t\t\t\t<\/div>\n\t\t\t\t<div class=\"elementor-element elementor-element-3ab49c0c elementor-widget elementor-widget-image\" data-id=\"3ab49c0c\" data-element_type=\"widget\" data-e-type=\"widget\" data-widget_type=\"image.default\">\n\t\t\t\t<div class=\"elementor-widget-container\">\n\t\t\t\t\t\t\t\t\t\t\t\t<figure class=\"wp-caption\">\n\t\t\t\t\t\t\t\t\t\t<img loading=\"lazy\" decoding=\"async\" width=\"800\" height=\"533\" src=\"https:\/\/www.elturistatranquil.com\/wp-content\/uploads\/F08-El-Querforadat-1.jpg\" class=\"attachment-large size-large wp-image-4681\" alt=\"\" srcset=\"https:\/\/www.elturistatranquil.com\/wp-content\/uploads\/F08-El-Querforadat-1.jpg 800w, https:\/\/www.elturistatranquil.com\/wp-content\/uploads\/F08-El-Querforadat-1-768x512.jpg 768w\" sizes=\"(max-width: 800px) 100vw, 800px\" \/>\t\t\t\t\t\t\t\t\t\t\t<figcaption class=\"widget-image-caption wp-caption-text\">Carrer de baixada<\/figcaption>\n\t\t\t\t\t\t\t\t\t\t<\/figure>\n\t\t\t\t\t\t\t\t\t<\/div>\n\t\t\t\t<\/div>\n\t\t\t\t<div class=\"elementor-element elementor-element-73d967fc elementor-widget elementor-widget-text-editor\" data-id=\"73d967fc\" data-element_type=\"widget\" data-e-type=\"widget\" data-widget_type=\"text-editor.default\">\n\t\t\t\t<div class=\"elementor-widget-container\">\n\t\t\t\t\t\t\t\t\t<p>Jo prefereixo seguir el carrer de dalt -carrer de Migdia-, el del pont, ja que permet veure en panor\u00e0mica el poble a mesura que avances.<\/p><p>Mirant avall podem observar el safareig p\u00fablic cl\u00e0ssic en aquests pobles.<\/p>\t\t\t\t\t\t\t\t<\/div>\n\t\t\t\t<\/div>\n\t\t\t\t<div class=\"elementor-element elementor-element-5f38a73f elementor-widget elementor-widget-image\" data-id=\"5f38a73f\" data-element_type=\"widget\" data-e-type=\"widget\" data-widget_type=\"image.default\">\n\t\t\t\t<div class=\"elementor-widget-container\">\n\t\t\t\t\t\t\t\t\t\t\t\t<figure class=\"wp-caption\">\n\t\t\t\t\t\t\t\t\t\t<img loading=\"lazy\" decoding=\"async\" width=\"800\" height=\"533\" src=\"https:\/\/www.elturistatranquil.com\/wp-content\/uploads\/F09-El-Querforadat-1.jpg\" class=\"attachment-large size-large wp-image-4683\" alt=\"\" srcset=\"https:\/\/www.elturistatranquil.com\/wp-content\/uploads\/F09-El-Querforadat-1.jpg 800w, https:\/\/www.elturistatranquil.com\/wp-content\/uploads\/F09-El-Querforadat-1-768x512.jpg 768w\" sizes=\"(max-width: 800px) 100vw, 800px\" \/>\t\t\t\t\t\t\t\t\t\t\t<figcaption class=\"widget-image-caption wp-caption-text\">Safareig comunitari<\/figcaption>\n\t\t\t\t\t\t\t\t\t\t<\/figure>\n\t\t\t\t\t\t\t\t\t<\/div>\n\t\t\t\t<\/div>\n\t\t\t\t<div class=\"elementor-element elementor-element-172a2907 elementor-widget elementor-widget-text-editor\" data-id=\"172a2907\" data-element_type=\"widget\" data-e-type=\"widget\" data-widget_type=\"text-editor.default\">\n\t\t\t\t<div class=\"elementor-widget-container\">\n\t\t\t\t\t\t\t\t\t<p>Veurem tamb\u00e9 l\u2019esgl\u00e9sia en mig de les cases.<\/p>\t\t\t\t\t\t\t\t<\/div>\n\t\t\t\t<\/div>\n\t\t\t\t<div class=\"elementor-element elementor-element-67e43c13 elementor-widget elementor-widget-image\" data-id=\"67e43c13\" data-element_type=\"widget\" data-e-type=\"widget\" data-widget_type=\"image.default\">\n\t\t\t\t<div class=\"elementor-widget-container\">\n\t\t\t\t\t\t\t\t\t\t\t\t\t\t\t<img loading=\"lazy\" decoding=\"async\" width=\"800\" height=\"533\" src=\"https:\/\/www.elturistatranquil.com\/wp-content\/uploads\/F10-El-Querforadat-1.jpg\" class=\"attachment-large size-large wp-image-4685\" alt=\"\" srcset=\"https:\/\/www.elturistatranquil.com\/wp-content\/uploads\/F10-El-Querforadat-1.jpg 800w, https:\/\/www.elturistatranquil.com\/wp-content\/uploads\/F10-El-Querforadat-1-768x512.jpg 768w\" sizes=\"(max-width: 800px) 100vw, 800px\" \/>\t\t\t\t\t\t\t\t\t\t\t\t\t\t\t<\/div>\n\t\t\t\t<\/div>\n\t\t\t\t<div class=\"elementor-element elementor-element-e3882c6 elementor-widget elementor-widget-text-editor\" data-id=\"e3882c6\" data-element_type=\"widget\" data-e-type=\"widget\" data-widget_type=\"text-editor.default\">\n\t\t\t\t<div class=\"elementor-widget-container\">\n\t\t\t\t\t\t\t\t\t<p>Avan\u00e7ant anem descobrint les espectaculars vistes, sobre la vall del Quer i sobre el Cad\u00ed.<\/p>\t\t\t\t\t\t\t\t<\/div>\n\t\t\t\t<\/div>\n\t\t\t\t<div class=\"elementor-element elementor-element-781f7d07 elementor-widget elementor-widget-image\" data-id=\"781f7d07\" data-element_type=\"widget\" data-e-type=\"widget\" data-widget_type=\"image.default\">\n\t\t\t\t<div class=\"elementor-widget-container\">\n\t\t\t\t\t\t\t\t\t\t\t\t\t\t\t<img loading=\"lazy\" decoding=\"async\" width=\"800\" height=\"533\" src=\"https:\/\/www.elturistatranquil.com\/wp-content\/uploads\/F11-El-Querforadat-1.jpg\" class=\"attachment-large size-large wp-image-4687\" alt=\"\" srcset=\"https:\/\/www.elturistatranquil.com\/wp-content\/uploads\/F11-El-Querforadat-1.jpg 800w, https:\/\/www.elturistatranquil.com\/wp-content\/uploads\/F11-El-Querforadat-1-768x512.jpg 768w\" sizes=\"(max-width: 800px) 100vw, 800px\" \/>\t\t\t\t\t\t\t\t\t\t\t\t\t\t\t<\/div>\n\t\t\t\t<\/div>\n\t\t\t\t<div class=\"elementor-element elementor-element-3abb05f8 elementor-widget elementor-widget-image\" data-id=\"3abb05f8\" data-element_type=\"widget\" data-e-type=\"widget\" data-widget_type=\"image.default\">\n\t\t\t\t<div class=\"elementor-widget-container\">\n\t\t\t\t\t\t\t\t\t\t\t\t\t\t\t<img loading=\"lazy\" decoding=\"async\" width=\"800\" height=\"533\" src=\"https:\/\/www.elturistatranquil.com\/wp-content\/uploads\/F12-El-Querforadat-1.jpg\" class=\"attachment-large size-large wp-image-4689\" alt=\"\" srcset=\"https:\/\/www.elturistatranquil.com\/wp-content\/uploads\/F12-El-Querforadat-1.jpg 800w, https:\/\/www.elturistatranquil.com\/wp-content\/uploads\/F12-El-Querforadat-1-768x512.jpg 768w\" sizes=\"(max-width: 800px) 100vw, 800px\" \/>\t\t\t\t\t\t\t\t\t\t\t\t\t\t\t<\/div>\n\t\t\t\t<\/div>\n\t\t\t\t<div class=\"elementor-element elementor-element-1c985bfb elementor-widget elementor-widget-image\" data-id=\"1c985bfb\" data-element_type=\"widget\" data-e-type=\"widget\" data-widget_type=\"image.default\">\n\t\t\t\t<div class=\"elementor-widget-container\">\n\t\t\t\t\t\t\t\t\t\t\t\t\t\t\t<img loading=\"lazy\" decoding=\"async\" width=\"800\" height=\"533\" src=\"https:\/\/www.elturistatranquil.com\/wp-content\/uploads\/F13-El-Querforadat-1.jpg\" class=\"attachment-large size-large wp-image-4691\" alt=\"\" srcset=\"https:\/\/www.elturistatranquil.com\/wp-content\/uploads\/F13-El-Querforadat-1.jpg 800w, https:\/\/www.elturistatranquil.com\/wp-content\/uploads\/F13-El-Querforadat-1-768x512.jpg 768w\" sizes=\"(max-width: 800px) 100vw, 800px\" \/>\t\t\t\t\t\t\t\t\t\t\t\t\t\t\t<\/div>\n\t\t\t\t<\/div>\n\t\t\t\t<div class=\"elementor-element elementor-element-7ae08188 elementor-widget elementor-widget-image\" data-id=\"7ae08188\" data-element_type=\"widget\" data-e-type=\"widget\" data-widget_type=\"image.default\">\n\t\t\t\t<div class=\"elementor-widget-container\">\n\t\t\t\t\t\t\t\t\t\t\t\t\t\t\t<img loading=\"lazy\" decoding=\"async\" width=\"800\" height=\"533\" src=\"https:\/\/www.elturistatranquil.com\/wp-content\/uploads\/F14-El-Querforadat-1.jpg\" class=\"attachment-large size-large wp-image-4693\" alt=\"\" srcset=\"https:\/\/www.elturistatranquil.com\/wp-content\/uploads\/F14-El-Querforadat-1.jpg 800w, https:\/\/www.elturistatranquil.com\/wp-content\/uploads\/F14-El-Querforadat-1-768x512.jpg 768w\" sizes=\"(max-width: 800px) 100vw, 800px\" \/>\t\t\t\t\t\t\t\t\t\t\t\t\t\t\t<\/div>\n\t\t\t\t<\/div>\n\t\t\t\t<div class=\"elementor-element elementor-element-32c50b39 elementor-widget elementor-widget-text-editor\" data-id=\"32c50b39\" data-element_type=\"widget\" data-e-type=\"widget\" data-widget_type=\"text-editor.default\">\n\t\t\t\t<div class=\"elementor-widget-container\">\n\t\t\t\t\t\t\t\t\t<p>Mirant enrere, i fixant l&#8217;atenci\u00f3 sobre l&#8217;entrada del poble, es descobreix que en al roquer hi ha unes edificacions que passen desapercebudes en entrar. S\u00f3n vestigis del castell. Despr\u00e9s m&#8217;aturar\u00e9.<\/p>\t\t\t\t\t\t\t\t<\/div>\n\t\t\t\t<\/div>\n\t\t\t\t<div class=\"elementor-element elementor-element-22839985 elementor-widget elementor-widget-image\" data-id=\"22839985\" data-element_type=\"widget\" data-e-type=\"widget\" data-widget_type=\"image.default\">\n\t\t\t\t<div class=\"elementor-widget-container\">\n\t\t\t\t\t\t\t\t\t\t\t\t<figure class=\"wp-caption\">\n\t\t\t\t\t\t\t\t\t\t<img loading=\"lazy\" decoding=\"async\" width=\"800\" height=\"533\" src=\"https:\/\/www.elturistatranquil.com\/wp-content\/uploads\/F15-El-Querforadat-1.jpg\" class=\"attachment-large size-large wp-image-4695\" alt=\"\" srcset=\"https:\/\/www.elturistatranquil.com\/wp-content\/uploads\/F15-El-Querforadat-1.jpg 800w, https:\/\/www.elturistatranquil.com\/wp-content\/uploads\/F15-El-Querforadat-1-768x512.jpg 768w\" sizes=\"(max-width: 800px) 100vw, 800px\" \/>\t\t\t\t\t\t\t\t\t\t\t<figcaption class=\"widget-image-caption wp-caption-text\">Entre la casa de l\u2019esquerra i el roquer \u00e9s el punt d\u2019entrada. Al roquer s\u2019hi troben vestigis del castell<\/figcaption>\n\t\t\t\t\t\t\t\t\t\t<\/figure>\n\t\t\t\t\t\t\t\t\t<\/div>\n\t\t\t\t<\/div>\n\t\t\t\t<div class=\"elementor-element elementor-element-60cd9251 elementor-widget elementor-widget-text-editor\" data-id=\"60cd9251\" data-element_type=\"widget\" data-e-type=\"widget\" data-widget_type=\"text-editor.default\">\n\t\t\t\t<div class=\"elementor-widget-container\">\n\t\t\t\t\t\t\t\t\t<p>Les \u00faltimes cases del poble per carrer del Migdia.<\/p>\t\t\t\t\t\t\t\t<\/div>\n\t\t\t\t<\/div>\n\t\t\t\t<div class=\"elementor-element elementor-element-22c411f8 elementor-widget elementor-widget-image\" data-id=\"22c411f8\" data-element_type=\"widget\" data-e-type=\"widget\" data-widget_type=\"image.default\">\n\t\t\t\t<div class=\"elementor-widget-container\">\n\t\t\t\t\t\t\t\t\t\t\t\t\t\t\t<img loading=\"lazy\" decoding=\"async\" width=\"800\" height=\"533\" src=\"https:\/\/www.elturistatranquil.com\/wp-content\/uploads\/F16-El-Querforadat-1.jpg\" class=\"attachment-large size-large wp-image-4697\" alt=\"\" srcset=\"https:\/\/www.elturistatranquil.com\/wp-content\/uploads\/F16-El-Querforadat-1.jpg 800w, https:\/\/www.elturistatranquil.com\/wp-content\/uploads\/F16-El-Querforadat-1-768x512.jpg 768w\" sizes=\"(max-width: 800px) 100vw, 800px\" \/>\t\t\t\t\t\t\t\t\t\t\t\t\t\t\t<\/div>\n\t\t\t\t<\/div>\n\t\t\t\t<div class=\"elementor-element elementor-element-518e2a9b elementor-widget elementor-widget-image\" data-id=\"518e2a9b\" data-element_type=\"widget\" data-e-type=\"widget\" data-widget_type=\"image.default\">\n\t\t\t\t<div class=\"elementor-widget-container\">\n\t\t\t\t\t\t\t\t\t\t\t\t\t\t\t<img loading=\"lazy\" decoding=\"async\" width=\"800\" height=\"533\" src=\"https:\/\/www.elturistatranquil.com\/wp-content\/uploads\/F17-El-Querforadat-1.jpg\" class=\"attachment-large size-large wp-image-4699\" alt=\"\" srcset=\"https:\/\/www.elturistatranquil.com\/wp-content\/uploads\/F17-El-Querforadat-1.jpg 800w, https:\/\/www.elturistatranquil.com\/wp-content\/uploads\/F17-El-Querforadat-1-768x512.jpg 768w\" sizes=\"(max-width: 800px) 100vw, 800px\" \/>\t\t\t\t\t\t\t\t\t\t\t\t\t\t\t<\/div>\n\t\t\t\t<\/div>\n\t\t\t\t<div class=\"elementor-element elementor-element-6313a8fa elementor-widget elementor-widget-text-editor\" data-id=\"6313a8fa\" data-element_type=\"widget\" data-e-type=\"widget\" data-widget_type=\"text-editor.default\">\n\t\t\t\t<div class=\"elementor-widget-container\">\n\t\t\t\t\t\t\t\t\t<p>Sobrepassades les cases, l\u2019espectacle de la natura \u00e9s impressionant, amb la paret nua del Cad\u00ed. Si el poble \u00e9s maco, la natura el guanya.<\/p>\t\t\t\t\t\t\t\t<\/div>\n\t\t\t\t<\/div>\n\t\t\t\t<div class=\"elementor-element elementor-element-32936a04 elementor-widget elementor-widget-image\" data-id=\"32936a04\" data-element_type=\"widget\" data-e-type=\"widget\" data-widget_type=\"image.default\">\n\t\t\t\t<div class=\"elementor-widget-container\">\n\t\t\t\t\t\t\t\t\t\t\t\t\t\t\t<img loading=\"lazy\" decoding=\"async\" width=\"800\" height=\"533\" src=\"https:\/\/www.elturistatranquil.com\/wp-content\/uploads\/F18-El-Cadi-des-de-Querforadat-1.jpg\" class=\"attachment-large size-large wp-image-4701\" alt=\"\" srcset=\"https:\/\/www.elturistatranquil.com\/wp-content\/uploads\/F18-El-Cadi-des-de-Querforadat-1.jpg 800w, https:\/\/www.elturistatranquil.com\/wp-content\/uploads\/F18-El-Cadi-des-de-Querforadat-1-768x512.jpg 768w\" sizes=\"(max-width: 800px) 100vw, 800px\" \/>\t\t\t\t\t\t\t\t\t\t\t\t\t\t\t<\/div>\n\t\t\t\t<\/div>\n\t\t\t\t<div class=\"elementor-element elementor-element-6e4fcfa7 elementor-widget elementor-widget-image\" data-id=\"6e4fcfa7\" data-element_type=\"widget\" data-e-type=\"widget\" data-widget_type=\"image.default\">\n\t\t\t\t<div class=\"elementor-widget-container\">\n\t\t\t\t\t\t\t\t\t\t\t\t\t\t\t<img loading=\"lazy\" decoding=\"async\" width=\"800\" height=\"533\" src=\"https:\/\/www.elturistatranquil.com\/wp-content\/uploads\/F19-El-Cadi-des-de-Querforadat.-1.jpg\" class=\"attachment-large size-large wp-image-4703\" alt=\"\" srcset=\"https:\/\/www.elturistatranquil.com\/wp-content\/uploads\/F19-El-Cadi-des-de-Querforadat.-1.jpg 800w, https:\/\/www.elturistatranquil.com\/wp-content\/uploads\/F19-El-Cadi-des-de-Querforadat.-1-768x512.jpg 768w\" sizes=\"(max-width: 800px) 100vw, 800px\" \/>\t\t\t\t\t\t\t\t\t\t\t\t\t\t\t<\/div>\n\t\t\t\t<\/div>\n\t\t\t\t<div class=\"elementor-element elementor-element-190b039b elementor-widget elementor-widget-text-editor\" data-id=\"190b039b\" data-element_type=\"widget\" data-e-type=\"widget\" data-widget_type=\"text-editor.default\">\n\t\t\t\t<div class=\"elementor-widget-container\">\n\t\t\t\t\t\t\t\t\t<p>Una font i una bassa apareix al peu de la muntanya. En aquest punt, vaig establir conversa amb un resident estacional molt amable i amant de la fotografia, i, segons ell, la font era d&#8217;\u00e8poca romana. Queda dit.<\/p>\t\t\t\t\t\t\t\t<\/div>\n\t\t\t\t<\/div>\n\t\t\t\t<div class=\"elementor-element elementor-element-6a2a51ac elementor-widget elementor-widget-image\" data-id=\"6a2a51ac\" data-element_type=\"widget\" data-e-type=\"widget\" data-widget_type=\"image.default\">\n\t\t\t\t<div class=\"elementor-widget-container\">\n\t\t\t\t\t\t\t\t\t\t\t\t\t\t\t<img loading=\"lazy\" decoding=\"async\" width=\"800\" height=\"533\" src=\"https:\/\/www.elturistatranquil.com\/wp-content\/uploads\/F20-El-Querforadat-1.jpg\" class=\"attachment-large size-large wp-image-4705\" alt=\"\" srcset=\"https:\/\/www.elturistatranquil.com\/wp-content\/uploads\/F20-El-Querforadat-1.jpg 800w, https:\/\/www.elturistatranquil.com\/wp-content\/uploads\/F20-El-Querforadat-1-768x512.jpg 768w\" sizes=\"(max-width: 800px) 100vw, 800px\" \/>\t\t\t\t\t\t\t\t\t\t\t\t\t\t\t<\/div>\n\t\t\t\t<\/div>\n\t\t\t\t<div class=\"elementor-element elementor-element-619ec14 elementor-widget elementor-widget-text-editor\" data-id=\"619ec14\" data-element_type=\"widget\" data-e-type=\"widget\" data-widget_type=\"text-editor.default\">\n\t\t\t\t<div class=\"elementor-widget-container\">\n\t\t\t\t\t\t\t\t\t<p>Retorno a l\u2019interior del poble, ara pel carrer de baix, carrer Bach, en direcci\u00f3 a l\u2019esgl\u00e9sia.<\/p>\t\t\t\t\t\t\t\t<\/div>\n\t\t\t\t<\/div>\n\t\t\t\t<div class=\"elementor-element elementor-element-74271bec elementor-widget elementor-widget-image\" data-id=\"74271bec\" data-element_type=\"widget\" data-e-type=\"widget\" data-widget_type=\"image.default\">\n\t\t\t\t<div class=\"elementor-widget-container\">\n\t\t\t\t\t\t\t\t\t\t\t\t\t\t\t<img loading=\"lazy\" decoding=\"async\" width=\"800\" height=\"533\" src=\"https:\/\/www.elturistatranquil.com\/wp-content\/uploads\/F21-El-Querforadat-1.jpg\" class=\"attachment-large size-large wp-image-4707\" alt=\"\" srcset=\"https:\/\/www.elturistatranquil.com\/wp-content\/uploads\/F21-El-Querforadat-1.jpg 800w, https:\/\/www.elturistatranquil.com\/wp-content\/uploads\/F21-El-Querforadat-1-768x512.jpg 768w\" sizes=\"(max-width: 800px) 100vw, 800px\" \/>\t\t\t\t\t\t\t\t\t\t\t\t\t\t\t<\/div>\n\t\t\t\t<\/div>\n\t\t\t\t<div class=\"elementor-element elementor-element-709ad4da elementor-widget elementor-widget-text-editor\" data-id=\"709ad4da\" data-element_type=\"widget\" data-e-type=\"widget\" data-widget_type=\"text-editor.default\">\n\t\t\t\t<div class=\"elementor-widget-container\">\n\t\t\t\t\t\t\t\t\t<p>L\u2019esgl\u00e9sia parroquial del Querforadat, del segle XVIII, \u00e9s dedicada a Sant Gen\u00eds, amb torre de base quadrada a la part posterior.<\/p>\t\t\t\t\t\t\t\t<\/div>\n\t\t\t\t<\/div>\n\t\t\t\t<div class=\"elementor-element elementor-element-2e213f35 elementor-widget elementor-widget-image\" data-id=\"2e213f35\" data-element_type=\"widget\" data-e-type=\"widget\" data-widget_type=\"image.default\">\n\t\t\t\t<div class=\"elementor-widget-container\">\n\t\t\t\t\t\t\t\t\t\t\t\t\t\t\t<img loading=\"lazy\" decoding=\"async\" width=\"800\" height=\"533\" src=\"https:\/\/www.elturistatranquil.com\/wp-content\/uploads\/F22-El-Querforadat-Esglesi-de-Sant-Genis-1.jpg\" class=\"attachment-large size-large wp-image-4709\" alt=\"\" srcset=\"https:\/\/www.elturistatranquil.com\/wp-content\/uploads\/F22-El-Querforadat-Esglesi-de-Sant-Genis-1.jpg 800w, https:\/\/www.elturistatranquil.com\/wp-content\/uploads\/F22-El-Querforadat-Esglesi-de-Sant-Genis-1-768x512.jpg 768w\" sizes=\"(max-width: 800px) 100vw, 800px\" \/>\t\t\t\t\t\t\t\t\t\t\t\t\t\t\t<\/div>\n\t\t\t\t<\/div>\n\t\t\t\t<div class=\"elementor-element elementor-element-6cfbb2d5 elementor-widget elementor-widget-image\" data-id=\"6cfbb2d5\" data-element_type=\"widget\" data-e-type=\"widget\" data-widget_type=\"image.default\">\n\t\t\t\t<div class=\"elementor-widget-container\">\n\t\t\t\t\t\t\t\t\t\t\t\t\t\t\t<img loading=\"lazy\" decoding=\"async\" width=\"800\" height=\"533\" src=\"https:\/\/www.elturistatranquil.com\/wp-content\/uploads\/F23-El-Querforadat-Esglesi-de-Sant-Genis-1.jpg\" class=\"attachment-large size-large wp-image-4711\" alt=\"\" srcset=\"https:\/\/www.elturistatranquil.com\/wp-content\/uploads\/F23-El-Querforadat-Esglesi-de-Sant-Genis-1.jpg 800w, https:\/\/www.elturistatranquil.com\/wp-content\/uploads\/F23-El-Querforadat-Esglesi-de-Sant-Genis-1-768x512.jpg 768w\" sizes=\"(max-width: 800px) 100vw, 800px\" \/>\t\t\t\t\t\t\t\t\t\t\t\t\t\t\t<\/div>\n\t\t\t\t<\/div>\n\t\t\t\t<div class=\"elementor-element elementor-element-1b1f976f elementor-widget elementor-widget-image\" data-id=\"1b1f976f\" data-element_type=\"widget\" data-e-type=\"widget\" data-widget_type=\"image.default\">\n\t\t\t\t<div class=\"elementor-widget-container\">\n\t\t\t\t\t\t\t\t\t\t\t\t\t\t\t<img loading=\"lazy\" decoding=\"async\" width=\"800\" height=\"533\" src=\"https:\/\/www.elturistatranquil.com\/wp-content\/uploads\/F24-El-Querforadat-Esglesi-de-Sant-Genis-1.jpg\" class=\"attachment-large size-large wp-image-4713\" alt=\"\" srcset=\"https:\/\/www.elturistatranquil.com\/wp-content\/uploads\/F24-El-Querforadat-Esglesi-de-Sant-Genis-1.jpg 800w, https:\/\/www.elturistatranquil.com\/wp-content\/uploads\/F24-El-Querforadat-Esglesi-de-Sant-Genis-1-768x512.jpg 768w\" sizes=\"(max-width: 800px) 100vw, 800px\" \/>\t\t\t\t\t\t\t\t\t\t\t\t\t\t\t<\/div>\n\t\t\t\t<\/div>\n\t\t\t\t<div class=\"elementor-element elementor-element-2fc222e4 elementor-widget elementor-widget-image\" data-id=\"2fc222e4\" data-element_type=\"widget\" data-e-type=\"widget\" data-widget_type=\"image.default\">\n\t\t\t\t<div class=\"elementor-widget-container\">\n\t\t\t\t\t\t\t\t\t\t\t\t\t\t\t<img loading=\"lazy\" decoding=\"async\" width=\"800\" height=\"533\" src=\"https:\/\/www.elturistatranquil.com\/wp-content\/uploads\/F25-El-Querforadat-Esglesi-de-Sant-Genis-1.jpg\" class=\"attachment-large size-large wp-image-4715\" alt=\"\" srcset=\"https:\/\/www.elturistatranquil.com\/wp-content\/uploads\/F25-El-Querforadat-Esglesi-de-Sant-Genis-1.jpg 800w, https:\/\/www.elturistatranquil.com\/wp-content\/uploads\/F25-El-Querforadat-Esglesi-de-Sant-Genis-1-768x512.jpg 768w\" sizes=\"(max-width: 800px) 100vw, 800px\" \/>\t\t\t\t\t\t\t\t\t\t\t\t\t\t\t<\/div>\n\t\t\t\t<\/div>\n\t\t\t\t<div class=\"elementor-element elementor-element-2de4516e elementor-widget elementor-widget-text-editor\" data-id=\"2de4516e\" data-element_type=\"widget\" data-e-type=\"widget\" data-widget_type=\"text-editor.default\">\n\t\t\t\t<div class=\"elementor-widget-container\">\n\t\t\t\t\t\t\t\t\t<p>Aprofito aquest moment per proposar de donar a les companyies el\u00e8ctriques, i, especialment a Telef\u00f3nica, el premi <strong>Antiprotecci\u00f3 del patrimoni urb\u00e0 i del turisme. <\/strong>Sembla que no hi millor indret que les parets de les esgl\u00e9sies i d\u2019edificis simb\u00f2lics per penjar els cables de les seves escomeses. Tant li fa si s\u00f3n Bens d\u2019Inter\u00e8s Cultural o no<\/p>\t\t\t\t\t\t\t\t<\/div>\n\t\t\t\t<\/div>\n\t\t\t\t<div class=\"elementor-element elementor-element-2e38d10b elementor-widget elementor-widget-image\" data-id=\"2e38d10b\" data-element_type=\"widget\" data-e-type=\"widget\" data-widget_type=\"image.default\">\n\t\t\t\t<div class=\"elementor-widget-container\">\n\t\t\t\t\t\t\t\t\t\t\t\t\t\t\t<img loading=\"lazy\" decoding=\"async\" width=\"800\" height=\"533\" src=\"https:\/\/www.elturistatranquil.com\/wp-content\/uploads\/F26-El-Querforadat-Esglesi-de-Sant-Genis-1.jpg\" class=\"attachment-large size-large wp-image-4717\" alt=\"\" srcset=\"https:\/\/www.elturistatranquil.com\/wp-content\/uploads\/F26-El-Querforadat-Esglesi-de-Sant-Genis-1.jpg 800w, https:\/\/www.elturistatranquil.com\/wp-content\/uploads\/F26-El-Querforadat-Esglesi-de-Sant-Genis-1-768x512.jpg 768w\" sizes=\"(max-width: 800px) 100vw, 800px\" \/>\t\t\t\t\t\t\t\t\t\t\t\t\t\t\t<\/div>\n\t\t\t\t<\/div>\n\t\t\t\t<div class=\"elementor-element elementor-element-18f9438b elementor-widget elementor-widget-text-editor\" data-id=\"18f9438b\" data-element_type=\"widget\" data-e-type=\"widget\" data-widget_type=\"text-editor.default\">\n\t\t\t\t<div class=\"elementor-widget-container\">\n\t\t\t\t\t\t\t\t\t<p>Passo per davant de safareig p\u00fablic i em dirigeixo a la zona del castell, aquella part que a l\u2019arribar havia quedat amagada pel roquer d\u2019entrada al poble.<\/p><p>El primer que es veu del que queda del castell es una edificaci\u00f3 en forma semicircular, per\u00f2 al avan\u00e7ar s\u2019observa que ha estat perllongada amb un edifici amb alguns elements que semblen defensius, com una obertura amb forma d\u2019espitllera.<\/p>\t\t\t\t\t\t\t\t<\/div>\n\t\t\t\t<\/div>\n\t\t\t\t<div class=\"elementor-element elementor-element-76c22eda elementor-widget elementor-widget-image\" data-id=\"76c22eda\" data-element_type=\"widget\" data-e-type=\"widget\" data-widget_type=\"image.default\">\n\t\t\t\t<div class=\"elementor-widget-container\">\n\t\t\t\t\t\t\t\t\t\t\t\t\t\t\t<img loading=\"lazy\" decoding=\"async\" width=\"800\" height=\"533\" src=\"https:\/\/www.elturistatranquil.com\/wp-content\/uploads\/F27-El-Querforadat-Castell-1.jpg\" class=\"attachment-large size-large wp-image-4719\" alt=\"\" srcset=\"https:\/\/www.elturistatranquil.com\/wp-content\/uploads\/F27-El-Querforadat-Castell-1.jpg 800w, https:\/\/www.elturistatranquil.com\/wp-content\/uploads\/F27-El-Querforadat-Castell-1-768x512.jpg 768w\" sizes=\"(max-width: 800px) 100vw, 800px\" \/>\t\t\t\t\t\t\t\t\t\t\t\t\t\t\t<\/div>\n\t\t\t\t<\/div>\n\t\t\t\t<div class=\"elementor-element elementor-element-2eaf0643 elementor-widget elementor-widget-image\" data-id=\"2eaf0643\" data-element_type=\"widget\" data-e-type=\"widget\" data-widget_type=\"image.default\">\n\t\t\t\t<div class=\"elementor-widget-container\">\n\t\t\t\t\t\t\t\t\t\t\t\t\t\t\t<img loading=\"lazy\" decoding=\"async\" width=\"800\" height=\"533\" src=\"https:\/\/www.elturistatranquil.com\/wp-content\/uploads\/F28-El-Querforadat-Castell-1.jpg\" class=\"attachment-large size-large wp-image-4721\" alt=\"\" srcset=\"https:\/\/www.elturistatranquil.com\/wp-content\/uploads\/F28-El-Querforadat-Castell-1.jpg 800w, https:\/\/www.elturistatranquil.com\/wp-content\/uploads\/F28-El-Querforadat-Castell-1-768x512.jpg 768w\" sizes=\"(max-width: 800px) 100vw, 800px\" \/>\t\t\t\t\t\t\t\t\t\t\t\t\t\t\t<\/div>\n\t\t\t\t<\/div>\n\t\t\t\t<div class=\"elementor-element elementor-element-379e5733 elementor-widget elementor-widget-image\" data-id=\"379e5733\" data-element_type=\"widget\" data-e-type=\"widget\" data-widget_type=\"image.default\">\n\t\t\t\t<div class=\"elementor-widget-container\">\n\t\t\t\t\t\t\t\t\t\t\t\t\t\t\t<img loading=\"lazy\" decoding=\"async\" width=\"800\" height=\"533\" src=\"https:\/\/www.elturistatranquil.com\/wp-content\/uploads\/F29-El-Querforadat-Castell-1.jpg\" class=\"attachment-large size-large wp-image-4723\" alt=\"\" srcset=\"https:\/\/www.elturistatranquil.com\/wp-content\/uploads\/F29-El-Querforadat-Castell-1.jpg 800w, https:\/\/www.elturistatranquil.com\/wp-content\/uploads\/F29-El-Querforadat-Castell-1-768x512.jpg 768w\" sizes=\"(max-width: 800px) 100vw, 800px\" \/>\t\t\t\t\t\t\t\t\t\t\t\t\t\t\t<\/div>\n\t\t\t\t<\/div>\n\t\t\t\t<div class=\"elementor-element elementor-element-6d42985a elementor-widget elementor-widget-image\" data-id=\"6d42985a\" data-element_type=\"widget\" data-e-type=\"widget\" data-widget_type=\"image.default\">\n\t\t\t\t<div class=\"elementor-widget-container\">\n\t\t\t\t\t\t\t\t\t\t\t\t<figure class=\"wp-caption\">\n\t\t\t\t\t\t\t\t\t\t<img loading=\"lazy\" decoding=\"async\" width=\"800\" height=\"533\" src=\"https:\/\/www.elturistatranquil.com\/wp-content\/uploads\/F30-El-Querforadat-Castell-1.jpg\" class=\"attachment-large size-large wp-image-4725\" alt=\"\" srcset=\"https:\/\/www.elturistatranquil.com\/wp-content\/uploads\/F30-El-Querforadat-Castell-1.jpg 800w, https:\/\/www.elturistatranquil.com\/wp-content\/uploads\/F30-El-Querforadat-Castell-1-768x512.jpg 768w\" sizes=\"(max-width: 800px) 100vw, 800px\" \/>\t\t\t\t\t\t\t\t\t\t\t<figcaption class=\"widget-image-caption wp-caption-text\">Obertura amb forma d\u2019espitllera<\/figcaption>\n\t\t\t\t\t\t\t\t\t\t<\/figure>\n\t\t\t\t\t\t\t\t\t<\/div>\n\t\t\t\t<\/div>\n\t\t\t\t<div class=\"elementor-element elementor-element-72a1cdcb elementor-widget elementor-widget-text-editor\" data-id=\"72a1cdcb\" data-element_type=\"widget\" data-e-type=\"widget\" data-widget_type=\"text-editor.default\">\n\t\t\t\t<div class=\"elementor-widget-container\">\n\t\t\t\t\t\t\t\t\t<p>Pel que sembla, aquesta construcci\u00f3 data de 1620.<\/p>\t\t\t\t\t\t\t\t<\/div>\n\t\t\t\t<\/div>\n\t\t\t\t<div class=\"elementor-element elementor-element-73910b9 elementor-widget elementor-widget-image\" data-id=\"73910b9\" data-element_type=\"widget\" data-e-type=\"widget\" data-widget_type=\"image.default\">\n\t\t\t\t<div class=\"elementor-widget-container\">\n\t\t\t\t\t\t\t\t\t\t\t\t\t\t\t<img loading=\"lazy\" decoding=\"async\" width=\"800\" height=\"533\" src=\"https:\/\/www.elturistatranquil.com\/wp-content\/uploads\/F31-El-Querforadat-Castell-1.jpg\" class=\"attachment-large size-large wp-image-4727\" alt=\"\" srcset=\"https:\/\/www.elturistatranquil.com\/wp-content\/uploads\/F31-El-Querforadat-Castell-1.jpg 800w, https:\/\/www.elturistatranquil.com\/wp-content\/uploads\/F31-El-Querforadat-Castell-1-768x512.jpg 768w\" sizes=\"(max-width: 800px) 100vw, 800px\" \/>\t\t\t\t\t\t\t\t\t\t\t\t\t\t\t<\/div>\n\t\t\t\t<\/div>\n\t\t\t\t<div class=\"elementor-element elementor-element-670548f6 elementor-widget elementor-widget-text-editor\" data-id=\"670548f6\" data-element_type=\"widget\" data-e-type=\"widget\" data-widget_type=\"text-editor.default\">\n\t\t\t\t<div class=\"elementor-widget-container\">\n\t\t\t\t\t\t\t\t\t<p>Pel que es comenta al web de\u00a0<a href=\"https:\/\/www.catalunyamedieval.es\/castell-del-quer-foradat-cava-alt-urgell\/\" target=\"_blank\" rel=\"noopener\">Catalu\u00f1a Medieval<\/a>, sembla l\u00f2gic pensar que el primitiu castell estigues sobre el roquer des del segle XI, com he assenyalat abans. El que sembla clar \u00e9s que correspondria a la tipologia de\u00a0<a href=\"https:\/\/www.elturistatranquil.com\/ca\/els-castells-medievals-a-espanya-tipologies\/\" target=\"_blank\" rel=\"noopener\">castell roquer de tur\u00f3<\/a>.<\/p>\t\t\t\t\t\t\t\t<\/div>\n\t\t\t\t<\/div>\n\t\t\t\t<div class=\"elementor-element elementor-element-4cd74274 elementor-widget elementor-widget-image\" data-id=\"4cd74274\" data-element_type=\"widget\" data-e-type=\"widget\" data-widget_type=\"image.default\">\n\t\t\t\t<div class=\"elementor-widget-container\">\n\t\t\t\t\t\t\t\t\t\t\t\t\t\t\t<img loading=\"lazy\" decoding=\"async\" width=\"367\" height=\"550\" src=\"https:\/\/www.elturistatranquil.com\/wp-content\/uploads\/F32-El-Querforadat-Castell-1.jpg\" class=\"attachment-large size-large wp-image-4729\" alt=\"\" \/>\t\t\t\t\t\t\t\t\t\t\t\t\t\t\t<\/div>\n\t\t\t\t<\/div>\n\t\t\t\t<div class=\"elementor-element elementor-element-5ad4981d elementor-widget elementor-widget-text-editor\" data-id=\"5ad4981d\" data-element_type=\"widget\" data-e-type=\"widget\" data-widget_type=\"text-editor.default\">\n\t\t\t\t<div class=\"elementor-widget-container\">\n\t\t\t\t\t\t\t\t\t<p>Si dirigim la mirada sobre el poble, \u00e9s des d\u2019on obtenim la millor perspectiva del conjunt de el Querforadat, amb el Cad\u00ed al darrera.<\/p>\t\t\t\t\t\t\t\t<\/div>\n\t\t\t\t<\/div>\n\t\t\t\t<div class=\"elementor-element elementor-element-e5ad2af elementor-widget elementor-widget-image\" data-id=\"e5ad2af\" data-element_type=\"widget\" data-e-type=\"widget\" data-widget_type=\"image.default\">\n\t\t\t\t<div class=\"elementor-widget-container\">\n\t\t\t\t\t\t\t\t\t\t\t\t\t\t\t<img loading=\"lazy\" decoding=\"async\" width=\"800\" height=\"533\" src=\"https:\/\/www.elturistatranquil.com\/wp-content\/uploads\/F33-El-Querforadat-1.jpg\" class=\"attachment-large size-large wp-image-4731\" alt=\"\" srcset=\"https:\/\/www.elturistatranquil.com\/wp-content\/uploads\/F33-El-Querforadat-1.jpg 800w, https:\/\/www.elturistatranquil.com\/wp-content\/uploads\/F33-El-Querforadat-1-768x512.jpg 768w\" sizes=\"(max-width: 800px) 100vw, 800px\" \/>\t\t\t\t\t\t\t\t\t\t\t\t\t\t\t<\/div>\n\t\t\t\t<\/div>\n\t\t\t\t<div class=\"elementor-element elementor-element-461e6b6e elementor-widget elementor-widget-text-editor\" data-id=\"461e6b6e\" data-element_type=\"widget\" data-e-type=\"widget\" data-widget_type=\"text-editor.default\">\n\t\t\t\t<div class=\"elementor-widget-container\">\n\t\t\t\t\t\t\t\t\t<p>Retorno a l\u2019aparcament i, davant meu, s\u2019obre la visi\u00f3 d\u2019un altre espectacle de la natura. Aquest cop s\u00f3n el Pirineus els que tanquen l\u2019horitz\u00f3, mentre a sota s\u2019obre cam\u00ed la vall del riu Quer.<\/p>\t\t\t\t\t\t\t\t<\/div>\n\t\t\t\t<\/div>\n\t\t\t\t<div class=\"elementor-element elementor-element-7e489645 elementor-widget elementor-widget-image\" data-id=\"7e489645\" data-element_type=\"widget\" data-e-type=\"widget\" data-widget_type=\"image.default\">\n\t\t\t\t<div class=\"elementor-widget-container\">\n\t\t\t\t\t\t\t\t\t\t\t\t\t\t\t<img loading=\"lazy\" decoding=\"async\" width=\"800\" height=\"533\" src=\"https:\/\/www.elturistatranquil.com\/wp-content\/uploads\/F34-Els-Pirineus-des-de-Querforadat-1.jpg\" class=\"attachment-large size-large wp-image-4733\" alt=\"\" srcset=\"https:\/\/www.elturistatranquil.com\/wp-content\/uploads\/F34-Els-Pirineus-des-de-Querforadat-1.jpg 800w, https:\/\/www.elturistatranquil.com\/wp-content\/uploads\/F34-Els-Pirineus-des-de-Querforadat-1-768x512.jpg 768w\" sizes=\"(max-width: 800px) 100vw, 800px\" \/>\t\t\t\t\t\t\t\t\t\t\t\t\t\t\t<\/div>\n\t\t\t\t<\/div>\n\t\t\t\t<div class=\"elementor-element elementor-element-5c428dff elementor-widget elementor-widget-text-editor\" data-id=\"5c428dff\" data-element_type=\"widget\" data-e-type=\"widget\" data-widget_type=\"text-editor.default\">\n\t\t\t\t<div class=\"elementor-widget-container\">\n\t\t\t\t\t\t\t\t\t<p>Agafo carretera avall, retrocedint 6 km, i em situo en un altipl\u00e0 sobre el riu Segre, per visitar dos poblets ben conservats, un d\u2019ells, \u201c<em>a on les bruixes hi fan el niu<\/em>\u201d.<\/p>\t\t\t\t\t\t\t\t<\/div>\n\t\t\t\t<\/div>\n\t\t\t\t<div class=\"elementor-element elementor-element-187ad357 elementor-widget elementor-widget-menu-anchor\" data-id=\"187ad357\" data-element_type=\"widget\" data-e-type=\"widget\" data-widget_type=\"menu-anchor.default\">\n\t\t\t\t<div class=\"elementor-widget-container\">\n\t\t\t\t\t\t\t<div class=\"elementor-menu-anchor\" id=\"c1203\"><\/div>\n\t\t\t\t\t\t<\/div>\n\t\t\t\t<\/div>\n\t\t\t\t<div class=\"elementor-element elementor-element-1435bf6b elementor-widget elementor-widget-image\" data-id=\"1435bf6b\" data-element_type=\"widget\" data-e-type=\"widget\" data-widget_type=\"image.default\">\n\t\t\t\t<div class=\"elementor-widget-container\">\n\t\t\t\t\t\t\t\t\t\t\t\t\t\t\t<img loading=\"lazy\" decoding=\"async\" width=\"800\" height=\"533\" src=\"https:\/\/www.elturistatranquil.com\/wp-content\/uploads\/F35-Toloriu-1.jpg\" class=\"attachment-large size-large wp-image-4735\" alt=\"\" srcset=\"https:\/\/www.elturistatranquil.com\/wp-content\/uploads\/F35-Toloriu-1.jpg 800w, https:\/\/www.elturistatranquil.com\/wp-content\/uploads\/F35-Toloriu-1-768x512.jpg 768w\" sizes=\"(max-width: 800px) 100vw, 800px\" \/>\t\t\t\t\t\t\t\t\t\t\t\t\t\t\t<\/div>\n\t\t\t\t<\/div>\n\t\t\t\t<div class=\"elementor-element elementor-element-10ccc692 elementor-widget elementor-widget-heading\" data-id=\"10ccc692\" data-element_type=\"widget\" data-e-type=\"widget\" data-widget_type=\"heading.default\">\n\t\t\t\t<div class=\"elementor-widget-container\">\n\t\t\t\t\t<h2 class=\"elementor-heading-title elementor-size-default\">Toloriu<\/h2>\t\t\t\t<\/div>\n\t\t\t\t<\/div>\n\t\t\t\t<div class=\"elementor-element elementor-element-44761656 elementor-widget elementor-widget-image\" data-id=\"44761656\" data-element_type=\"widget\" data-e-type=\"widget\" data-widget_type=\"image.default\">\n\t\t\t\t<div class=\"elementor-widget-container\">\n\t\t\t\t\t\t\t\t\t\t\t\t\t\t\t<img loading=\"lazy\" decoding=\"async\" width=\"800\" height=\"465\" src=\"https:\/\/www.elturistatranquil.com\/wp-content\/uploads\/F36-Toloriu-Google-earth-2018-07-15-1-1.jpg\" class=\"attachment-large size-large wp-image-4737\" alt=\"\" srcset=\"https:\/\/www.elturistatranquil.com\/wp-content\/uploads\/F36-Toloriu-Google-earth-2018-07-15-1-1.jpg 800w, https:\/\/www.elturistatranquil.com\/wp-content\/uploads\/F36-Toloriu-Google-earth-2018-07-15-1-1-768x446.jpg 768w\" sizes=\"(max-width: 800px) 100vw, 800px\" \/>\t\t\t\t\t\t\t\t\t\t\t\t\t\t\t<\/div>\n\t\t\t\t<\/div>\n\t\t\t\t<div class=\"elementor-element elementor-element-4bc66d68 elementor-widget elementor-widget-text-editor\" data-id=\"4bc66d68\" data-element_type=\"widget\" data-e-type=\"widget\" data-widget_type=\"text-editor.default\">\n\t\t\t\t<div class=\"elementor-widget-container\">\n\t\t\t\t\t\t\t\t\t<p>Municipi: El Pont de Bar. Comarca: Alt Urgell.<\/p><p>Coordenades: \u00a042<sup>o<\/sup> 21\u2019 46\u201dN, 1<sup>o<\/sup> 37\u2019 43\u201dE. Altitud: 1.240 msnm. Poblaci\u00f3 21 habitants (2017)<\/p><p>Situat en un altipl\u00e0 sobre el riu Segre tenim Toloriu &#8220;<a href=\"http:\/\/www.toloriu.com\/index.html\" target=\"_blank\" rel=\"noopener\"><em> a on les bruixes hi fan el niu<\/em><\/a> &#8221; segons diuen alguns.<\/p><p>Antiga baronia amb castell fortalesa que juntament amb els castells de la ve\u00efna Bar i el d\u2019Aristot, a l\u2019altre banda del riu,\u00a0 vigilaven i defensaven l\u2019entrada a la Cerdanya.<\/p><p>Aquests castells van pert\u00e0nyer a l&#8217;<a href=\"https:\/\/www.elturistatranquil.com\/ca\/esglesies-monestirs-i-ordres-religioses-a-ledat-mitjana\/\" target=\"_blank\" rel=\"noopener\">Ordre del Temple<\/a>.\u00a0Dintre del comptat de la Cerdanya la relaci\u00f3 dels barons Grau amb els Pin\u00f3s, fundadors de l&#8217;orde, va ser tan efectiva com participativa en croades i conquestes. M\u00e9s tard, els Grau van acompanyar com a capitans a Hernan Cort\u00e9s en la conquesta de M\u00e8xic.<\/p><p>D\u2019aqu\u00ed se\u2019n deriva que la poblaci\u00f3 de Toloriu estigui \u00edntimament lligada a la hist\u00f2ria de la princesa asteca Mar\u00eda Xipaguac\u00edn, filla de l&#8217;emperador Moctezuma, la qual, segons es diu, va arribar al poble del bracet de Joan Grau, bar\u00f3 de Toloriu que havia anat a fer les Am\u00e8riques amb Hern\u00e1n Cort\u00e9s. Diuen que les seues despulles reposen sota l&#8217;esgl\u00e9sia de Sant Jaume.<\/p><p>D\u2019aquest castell nom\u00e9s en queda una torre de defensa de les muralles, ja que el castell residencia dels Grau-Moctezuma va ser destru\u00eft el 1794 pels francesos. Correspondria a un <a href=\"https:\/\/www.elturistatranquil.com\/ca\/els-castells-medievals-a-espanya-tipologies\/\" target=\"_blank\" rel=\"noopener\">castell de plana<\/a>.<\/p>\t\t\t\t\t\t\t\t<\/div>\n\t\t\t\t<\/div>\n\t\t\t\t<div class=\"elementor-element elementor-element-1c2765a6 elementor-widget elementor-widget-image\" data-id=\"1c2765a6\" data-element_type=\"widget\" data-e-type=\"widget\" data-widget_type=\"image.default\">\n\t\t\t\t<div class=\"elementor-widget-container\">\n\t\t\t\t\t\t\t\t\t\t\t\t<figure class=\"wp-caption\">\n\t\t\t\t\t\t\t\t\t\t<img loading=\"lazy\" decoding=\"async\" width=\"800\" height=\"533\" src=\"https:\/\/www.elturistatranquil.com\/wp-content\/uploads\/F38-Toloriu-Torre-del-castell-1.jpg\" class=\"attachment-large size-large wp-image-4739\" alt=\"\" srcset=\"https:\/\/www.elturistatranquil.com\/wp-content\/uploads\/F38-Toloriu-Torre-del-castell-1.jpg 800w, https:\/\/www.elturistatranquil.com\/wp-content\/uploads\/F38-Toloriu-Torre-del-castell-1-768x512.jpg 768w\" sizes=\"(max-width: 800px) 100vw, 800px\" \/>\t\t\t\t\t\t\t\t\t\t\t<figcaption class=\"widget-image-caption wp-caption-text\">La torre de defensa \u00e9s l'\u00fanic vestigi que resta del castell <\/figcaption>\n\t\t\t\t\t\t\t\t\t\t<\/figure>\n\t\t\t\t\t\t\t\t\t<\/div>\n\t\t\t\t<\/div>\n\t\t\t\t<div class=\"elementor-element elementor-element-4f20012 elementor-widget elementor-widget-text-editor\" data-id=\"4f20012\" data-element_type=\"widget\" data-e-type=\"widget\" data-widget_type=\"text-editor.default\">\n\t\t\t\t<div class=\"elementor-widget-container\">\n\t\t\t\t\t\t\t\t\t<p>El primer contacte amb el poble es la font-abeurador-safareig, amb un format arquitect\u00f2nic semblant al que he vist a el Querforadat.<\/p>\t\t\t\t\t\t\t\t<\/div>\n\t\t\t\t<\/div>\n\t\t\t\t<div class=\"elementor-element elementor-element-2d9c3772 elementor-widget elementor-widget-image\" data-id=\"2d9c3772\" data-element_type=\"widget\" data-e-type=\"widget\" data-widget_type=\"image.default\">\n\t\t\t\t<div class=\"elementor-widget-container\">\n\t\t\t\t\t\t\t\t\t\t\t\t\t\t\t<img loading=\"lazy\" decoding=\"async\" width=\"800\" height=\"533\" src=\"https:\/\/www.elturistatranquil.com\/wp-content\/uploads\/F37-Toloriu-1.jpg\" class=\"attachment-large size-large wp-image-4741\" alt=\"\" srcset=\"https:\/\/www.elturistatranquil.com\/wp-content\/uploads\/F37-Toloriu-1.jpg 800w, https:\/\/www.elturistatranquil.com\/wp-content\/uploads\/F37-Toloriu-1-768x512.jpg 768w\" sizes=\"(max-width: 800px) 100vw, 800px\" \/>\t\t\t\t\t\t\t\t\t\t\t\t\t\t\t<\/div>\n\t\t\t\t<\/div>\n\t\t\t\t<div class=\"elementor-element elementor-element-2ce84aa5 elementor-widget elementor-widget-text-editor\" data-id=\"2ce84aa5\" data-element_type=\"widget\" data-e-type=\"widget\" data-widget_type=\"text-editor.default\">\n\t\t\t\t<div class=\"elementor-widget-container\">\n\t\t\t\t\t\t\t\t\t<p>Un poble ben cuidat, en el que encara queda alguna explotaci\u00f3 agr\u00e0ria. En el moment de la visita, el poble est\u00e0 tranquil i desert i dona goig i relax passejar-s\u2019hi.<\/p>\t\t\t\t\t\t\t\t<\/div>\n\t\t\t\t<\/div>\n\t\t\t\t<div class=\"elementor-element elementor-element-2e4c4c24 elementor-widget elementor-widget-image\" data-id=\"2e4c4c24\" data-element_type=\"widget\" data-e-type=\"widget\" data-widget_type=\"image.default\">\n\t\t\t\t<div class=\"elementor-widget-container\">\n\t\t\t\t\t\t\t\t\t\t\t\t\t\t\t<img loading=\"lazy\" decoding=\"async\" width=\"800\" height=\"533\" src=\"https:\/\/www.elturistatranquil.com\/wp-content\/uploads\/F39-Toloriu-1.jpg\" class=\"attachment-large size-large wp-image-4743\" alt=\"\" srcset=\"https:\/\/www.elturistatranquil.com\/wp-content\/uploads\/F39-Toloriu-1.jpg 800w, https:\/\/www.elturistatranquil.com\/wp-content\/uploads\/F39-Toloriu-1-768x512.jpg 768w\" sizes=\"(max-width: 800px) 100vw, 800px\" \/>\t\t\t\t\t\t\t\t\t\t\t\t\t\t\t<\/div>\n\t\t\t\t<\/div>\n\t\t\t\t<div class=\"elementor-element elementor-element-5ae153f7 elementor-widget elementor-widget-image\" data-id=\"5ae153f7\" data-element_type=\"widget\" data-e-type=\"widget\" data-widget_type=\"image.default\">\n\t\t\t\t<div class=\"elementor-widget-container\">\n\t\t\t\t\t\t\t\t\t\t\t\t\t\t\t<img loading=\"lazy\" decoding=\"async\" width=\"800\" height=\"533\" src=\"https:\/\/www.elturistatranquil.com\/wp-content\/uploads\/F40-Toloriu-1.jpg\" class=\"attachment-large size-large wp-image-4745\" alt=\"\" srcset=\"https:\/\/www.elturistatranquil.com\/wp-content\/uploads\/F40-Toloriu-1.jpg 800w, https:\/\/www.elturistatranquil.com\/wp-content\/uploads\/F40-Toloriu-1-768x512.jpg 768w\" sizes=\"(max-width: 800px) 100vw, 800px\" \/>\t\t\t\t\t\t\t\t\t\t\t\t\t\t\t<\/div>\n\t\t\t\t<\/div>\n\t\t\t\t<div class=\"elementor-element elementor-element-3d6f5777 elementor-widget elementor-widget-image\" data-id=\"3d6f5777\" data-element_type=\"widget\" data-e-type=\"widget\" data-widget_type=\"image.default\">\n\t\t\t\t<div class=\"elementor-widget-container\">\n\t\t\t\t\t\t\t\t\t\t\t\t\t\t\t<img loading=\"lazy\" decoding=\"async\" width=\"800\" height=\"533\" src=\"https:\/\/www.elturistatranquil.com\/wp-content\/uploads\/F41-Toloriu-1.jpg\" class=\"attachment-large size-large wp-image-4747\" alt=\"\" srcset=\"https:\/\/www.elturistatranquil.com\/wp-content\/uploads\/F41-Toloriu-1.jpg 800w, https:\/\/www.elturistatranquil.com\/wp-content\/uploads\/F41-Toloriu-1-768x512.jpg 768w\" sizes=\"(max-width: 800px) 100vw, 800px\" \/>\t\t\t\t\t\t\t\t\t\t\t\t\t\t\t<\/div>\n\t\t\t\t<\/div>\n\t\t\t\t<div class=\"elementor-element elementor-element-5eb8472f elementor-widget elementor-widget-image\" data-id=\"5eb8472f\" data-element_type=\"widget\" data-e-type=\"widget\" data-widget_type=\"image.default\">\n\t\t\t\t<div class=\"elementor-widget-container\">\n\t\t\t\t\t\t\t\t\t\t\t\t\t\t\t<img loading=\"lazy\" decoding=\"async\" width=\"800\" height=\"533\" src=\"https:\/\/www.elturistatranquil.com\/wp-content\/uploads\/F42-Toloriu-1.jpg\" class=\"attachment-large size-large wp-image-4749\" alt=\"\" srcset=\"https:\/\/www.elturistatranquil.com\/wp-content\/uploads\/F42-Toloriu-1.jpg 800w, https:\/\/www.elturistatranquil.com\/wp-content\/uploads\/F42-Toloriu-1-768x512.jpg 768w\" sizes=\"(max-width: 800px) 100vw, 800px\" \/>\t\t\t\t\t\t\t\t\t\t\t\t\t\t\t<\/div>\n\t\t\t\t<\/div>\n\t\t\t\t<div class=\"elementor-element elementor-element-2c0675ef elementor-widget elementor-widget-image\" data-id=\"2c0675ef\" data-element_type=\"widget\" data-e-type=\"widget\" data-widget_type=\"image.default\">\n\t\t\t\t<div class=\"elementor-widget-container\">\n\t\t\t\t\t\t\t\t\t\t\t\t\t\t\t<img loading=\"lazy\" decoding=\"async\" width=\"800\" height=\"533\" src=\"https:\/\/www.elturistatranquil.com\/wp-content\/uploads\/F43-Toloriu-1.jpg\" class=\"attachment-large size-large wp-image-4751\" alt=\"\" srcset=\"https:\/\/www.elturistatranquil.com\/wp-content\/uploads\/F43-Toloriu-1.jpg 800w, https:\/\/www.elturistatranquil.com\/wp-content\/uploads\/F43-Toloriu-1-768x512.jpg 768w\" sizes=\"(max-width: 800px) 100vw, 800px\" \/>\t\t\t\t\t\t\t\t\t\t\t\t\t\t\t<\/div>\n\t\t\t\t<\/div>\n\t\t\t\t<div class=\"elementor-element elementor-element-2da10e27 elementor-widget elementor-widget-text-editor\" data-id=\"2da10e27\" data-element_type=\"widget\" data-e-type=\"widget\" data-widget_type=\"text-editor.default\">\n\t\t\t\t<div class=\"elementor-widget-container\">\n\t\t\t\t\t\t\t\t\t<p>Deambulant pels carrers arribo a la pla\u00e7a de l&#8217;esgl\u00e9sia de Sant Jaume. En aquesta esgl\u00e9sia es diu que est\u00e0 enterrada la princesa asteca Maria Xipaguazin Moztezuma.<\/p><p>L\u2019esgl\u00e9sia ja s\u2019esmentava al segle IX, i sobre seu es va al\u00e7ar l\u2019actual edifici al segle XVI, de forma senzilla amb un cor (que ara no existeix) i el campanar, de base quadrada, a l&#8217;entrada. Durant la guerra interior (1936-39) es va enfonsar la teulada, que ha estat \u00a0restaurat amb un sostre sobreposat de forma moderna. Fora de culte, \u00e9s una grans sala que acull els actes culturals del poble.<\/p>\t\t\t\t\t\t\t\t<\/div>\n\t\t\t\t<\/div>\n\t\t\t\t<div class=\"elementor-element elementor-element-ccf8760 elementor-widget elementor-widget-image\" data-id=\"ccf8760\" data-element_type=\"widget\" data-e-type=\"widget\" data-widget_type=\"image.default\">\n\t\t\t\t<div class=\"elementor-widget-container\">\n\t\t\t\t\t\t\t\t\t\t\t\t\t\t\t<img loading=\"lazy\" decoding=\"async\" width=\"800\" height=\"533\" src=\"https:\/\/www.elturistatranquil.com\/wp-content\/uploads\/F44-Toloriu-Esglesia-de-Sant-Jaume-1.jpg\" class=\"attachment-large size-large wp-image-4755\" alt=\"\" srcset=\"https:\/\/www.elturistatranquil.com\/wp-content\/uploads\/F44-Toloriu-Esglesia-de-Sant-Jaume-1.jpg 800w, https:\/\/www.elturistatranquil.com\/wp-content\/uploads\/F44-Toloriu-Esglesia-de-Sant-Jaume-1-768x512.jpg 768w\" sizes=\"(max-width: 800px) 100vw, 800px\" \/>\t\t\t\t\t\t\t\t\t\t\t\t\t\t\t<\/div>\n\t\t\t\t<\/div>\n\t\t\t\t<div class=\"elementor-element elementor-element-623ab3a2 elementor-widget elementor-widget-image\" data-id=\"623ab3a2\" data-element_type=\"widget\" data-e-type=\"widget\" data-widget_type=\"image.default\">\n\t\t\t\t<div class=\"elementor-widget-container\">\n\t\t\t\t\t\t\t\t\t\t\t\t\t\t\t<img loading=\"lazy\" decoding=\"async\" width=\"367\" height=\"550\" src=\"https:\/\/www.elturistatranquil.com\/wp-content\/uploads\/F45-Toloriu-Esglesia-de-Sant-Jaume-1.jpg\" class=\"attachment-large size-large wp-image-4759\" alt=\"\" \/>\t\t\t\t\t\t\t\t\t\t\t\t\t\t\t<\/div>\n\t\t\t\t<\/div>\n\t\t\t\t<div class=\"elementor-element elementor-element-607f6280 elementor-widget elementor-widget-menu-anchor\" data-id=\"607f6280\" data-element_type=\"widget\" data-e-type=\"widget\" data-widget_type=\"menu-anchor.default\">\n\t\t\t\t<div class=\"elementor-widget-container\">\n\t\t\t\t\t\t\t<div class=\"elementor-menu-anchor\" id=\"c1204\"><\/div>\n\t\t\t\t\t\t<\/div>\n\t\t\t\t<\/div>\n\t\t\t\t<div class=\"elementor-element elementor-element-74b8b53d elementor-widget elementor-widget-image\" data-id=\"74b8b53d\" data-element_type=\"widget\" data-e-type=\"widget\" data-widget_type=\"image.default\">\n\t\t\t\t<div class=\"elementor-widget-container\">\n\t\t\t\t\t\t\t\t\t\t\t\t<figure class=\"wp-caption\">\n\t\t\t\t\t\t\t\t\t\t<img loading=\"lazy\" decoding=\"async\" width=\"800\" height=\"533\" src=\"https:\/\/www.elturistatranquil.com\/wp-content\/uploads\/F46-Toloriu-Esglesia-de-Sant-Jaume-1.jpg\" class=\"attachment-large size-large wp-image-4763\" alt=\"\" srcset=\"https:\/\/www.elturistatranquil.com\/wp-content\/uploads\/F46-Toloriu-Esglesia-de-Sant-Jaume-1.jpg 800w, https:\/\/www.elturistatranquil.com\/wp-content\/uploads\/F46-Toloriu-Esglesia-de-Sant-Jaume-1-768x512.jpg 768w\" sizes=\"(max-width: 800px) 100vw, 800px\" \/>\t\t\t\t\t\t\t\t\t\t\t<figcaption class=\"widget-image-caption wp-caption-text\">Absis. S'observa la superposici\u00f3 del sostre modern<\/figcaption>\n\t\t\t\t\t\t\t\t\t\t<\/figure>\n\t\t\t\t\t\t\t\t\t<\/div>\n\t\t\t\t<\/div>\n\t\t\t\t<div class=\"elementor-element elementor-element-63acb22b elementor-widget elementor-widget-heading\" data-id=\"63acb22b\" data-element_type=\"widget\" data-e-type=\"widget\" data-widget_type=\"heading.default\">\n\t\t\t\t<div class=\"elementor-widget-container\">\n\t\t\t\t\t<h2 class=\"elementor-heading-title elementor-size-default\">Bar<\/h2>\t\t\t\t<\/div>\n\t\t\t\t<\/div>\n\t\t\t\t<div class=\"elementor-element elementor-element-47c0e170 elementor-widget elementor-widget-image\" data-id=\"47c0e170\" data-element_type=\"widget\" data-e-type=\"widget\" data-widget_type=\"image.default\">\n\t\t\t\t<div class=\"elementor-widget-container\">\n\t\t\t\t\t\t\t\t\t\t\t\t<figure class=\"wp-caption\">\n\t\t\t\t\t\t\t\t\t\t<img loading=\"lazy\" decoding=\"async\" width=\"800\" height=\"465\" src=\"https:\/\/www.elturistatranquil.com\/wp-content\/uploads\/F47-Bar-Google-earth-2018-07-15-1.jpg\" class=\"attachment-large size-large wp-image-4767\" alt=\"\" srcset=\"https:\/\/www.elturistatranquil.com\/wp-content\/uploads\/F47-Bar-Google-earth-2018-07-15-1.jpg 800w, https:\/\/www.elturistatranquil.com\/wp-content\/uploads\/F47-Bar-Google-earth-2018-07-15-1-768x446.jpg 768w\" sizes=\"(max-width: 800px) 100vw, 800px\" \/>\t\t\t\t\t\t\t\t\t\t\t<figcaption class=\"widget-image-caption wp-caption-text\">Bar (Google earth 2018-07-15)<\/figcaption>\n\t\t\t\t\t\t\t\t\t\t<\/figure>\n\t\t\t\t\t\t\t\t\t<\/div>\n\t\t\t\t<\/div>\n\t\t\t\t<div class=\"elementor-element elementor-element-2d2ab648 elementor-widget elementor-widget-text-editor\" data-id=\"2d2ab648\" data-element_type=\"widget\" data-e-type=\"widget\" data-widget_type=\"text-editor.default\">\n\t\t\t\t<div class=\"elementor-widget-container\">\n\t\t\t\t\t\t\t\t\t<p>Municipi: El Pont de Bar. Comarca: Alt Urgell.<\/p><p>Coordenades: \u00a042<sup>o<\/sup> 21\u2019 30\u201dN, 1<sup>o<\/sup> 38\u2019 19\u201dE. Altitud: 1.161 msnm. Poblaci\u00f3: 30 habitants.<\/p>\t\t\t\t\t\t\t\t<\/div>\n\t\t\t\t<\/div>\n\t\t\t\t<div class=\"elementor-element elementor-element-68b82b1a elementor-widget elementor-widget-image\" data-id=\"68b82b1a\" data-element_type=\"widget\" data-e-type=\"widget\" data-widget_type=\"image.default\">\n\t\t\t\t<div class=\"elementor-widget-container\">\n\t\t\t\t\t\t\t\t\t\t\t\t\t\t\t<img loading=\"lazy\" decoding=\"async\" width=\"800\" height=\"533\" src=\"https:\/\/www.elturistatranquil.com\/wp-content\/uploads\/F48-Bar-1.jpg\" class=\"attachment-large size-large wp-image-4771\" alt=\"\" srcset=\"https:\/\/www.elturistatranquil.com\/wp-content\/uploads\/F48-Bar-1.jpg 800w, https:\/\/www.elturistatranquil.com\/wp-content\/uploads\/F48-Bar-1-768x512.jpg 768w\" sizes=\"(max-width: 800px) 100vw, 800px\" \/>\t\t\t\t\t\t\t\t\t\t\t\t\t\t\t<\/div>\n\t\t\t\t<\/div>\n\t\t\t\t<div class=\"elementor-element elementor-element-730555e9 elementor-widget elementor-widget-text-editor\" data-id=\"730555e9\" data-element_type=\"widget\" data-e-type=\"widget\" data-widget_type=\"text-editor.default\">\n\t\t\t\t<div class=\"elementor-widget-container\">\n\t\t\t\t\t\t\t\t\t<p>Poble edificat entorn de l\u2019antic Castell de Bar, del segle XII, totalment destru\u00eft i del que sols en resta un petit pany de mur\u00a0(<a href=\"https:\/\/www.elturistatranquil.com\/ca\/els-castells-medievals-a-espanya-tipologies\/\" target=\"_blank\" rel=\"noopener\">tipologia castell de tur\u00f3<\/a>).<\/p><p>Com ja he dit, juntament amb els castells de Toloriu i Aristot guardaven l\u2019entrada a la Cerdanya.<\/p><p>Aquesta construcci\u00f3, permet imaginar per on passava el tra\u00e7at de la muralla.<\/p>\t\t\t\t\t\t\t\t<\/div>\n\t\t\t\t<\/div>\n\t\t\t\t<div class=\"elementor-element elementor-element-3e5731cb elementor-widget elementor-widget-image\" data-id=\"3e5731cb\" data-element_type=\"widget\" data-e-type=\"widget\" data-widget_type=\"image.default\">\n\t\t\t\t<div class=\"elementor-widget-container\">\n\t\t\t\t\t\t\t\t\t\t\t\t\t\t\t<img loading=\"lazy\" decoding=\"async\" width=\"800\" height=\"533\" src=\"https:\/\/www.elturistatranquil.com\/wp-content\/uploads\/F49-Bar-1.jpg\" class=\"attachment-large size-large wp-image-4775\" alt=\"\" srcset=\"https:\/\/www.elturistatranquil.com\/wp-content\/uploads\/F49-Bar-1.jpg 800w, https:\/\/www.elturistatranquil.com\/wp-content\/uploads\/F49-Bar-1-768x512.jpg 768w\" sizes=\"(max-width: 800px) 100vw, 800px\" \/>\t\t\t\t\t\t\t\t\t\t\t\t\t\t\t<\/div>\n\t\t\t\t<\/div>\n\t\t\t\t<div class=\"elementor-element elementor-element-25ab71df elementor-widget elementor-widget-text-editor\" data-id=\"25ab71df\" data-element_type=\"widget\" data-e-type=\"widget\" data-widget_type=\"text-editor.default\">\n\t\t\t\t<div class=\"elementor-widget-container\">\n\t\t\t\t\t\t\t\t\t<p>Actualment, l\u2019element visual dominant es el campanar l\u2019esgl\u00e9sia<\/p>\t\t\t\t\t\t\t\t<\/div>\n\t\t\t\t<\/div>\n\t\t\t\t<div class=\"elementor-element elementor-element-154a9934 elementor-widget elementor-widget-image\" data-id=\"154a9934\" data-element_type=\"widget\" data-e-type=\"widget\" data-widget_type=\"image.default\">\n\t\t\t\t<div class=\"elementor-widget-container\">\n\t\t\t\t\t\t\t\t\t\t\t\t\t\t\t<img loading=\"lazy\" decoding=\"async\" width=\"800\" height=\"533\" src=\"https:\/\/www.elturistatranquil.com\/wp-content\/uploads\/F50-Bar-1-1.jpg\" class=\"attachment-large size-large wp-image-4779\" alt=\"\" srcset=\"https:\/\/www.elturistatranquil.com\/wp-content\/uploads\/F50-Bar-1-1.jpg 800w, https:\/\/www.elturistatranquil.com\/wp-content\/uploads\/F50-Bar-1-1-768x512.jpg 768w\" sizes=\"(max-width: 800px) 100vw, 800px\" \/>\t\t\t\t\t\t\t\t\t\t\t\t\t\t\t<\/div>\n\t\t\t\t<\/div>\n\t\t\t\t<div class=\"elementor-element elementor-element-760840a4 elementor-widget elementor-widget-text-editor\" data-id=\"760840a4\" data-element_type=\"widget\" data-e-type=\"widget\" data-widget_type=\"text-editor.default\">\n\t\t\t\t<div class=\"elementor-widget-container\">\n\t\t\t\t\t\t\t\t\t<p>Avan\u00e7ant carrer avall \u00e9s troba l\u2019antiga\u00a0 font-abeurador-safareig.<\/p>\t\t\t\t\t\t\t\t<\/div>\n\t\t\t\t<\/div>\n\t\t\t\t<div class=\"elementor-element elementor-element-145d63c1 elementor-widget elementor-widget-image\" data-id=\"145d63c1\" data-element_type=\"widget\" data-e-type=\"widget\" data-widget_type=\"image.default\">\n\t\t\t\t<div class=\"elementor-widget-container\">\n\t\t\t\t\t\t\t\t\t\t\t\t\t\t\t<img loading=\"lazy\" decoding=\"async\" width=\"800\" height=\"533\" src=\"https:\/\/www.elturistatranquil.com\/wp-content\/uploads\/F51-Bar-2.jpg\" class=\"attachment-large size-large wp-image-4785\" alt=\"\" srcset=\"https:\/\/www.elturistatranquil.com\/wp-content\/uploads\/F51-Bar-2.jpg 800w, https:\/\/www.elturistatranquil.com\/wp-content\/uploads\/F51-Bar-2-768x512.jpg 768w\" sizes=\"(max-width: 800px) 100vw, 800px\" \/>\t\t\t\t\t\t\t\t\t\t\t\t\t\t\t<\/div>\n\t\t\t\t<\/div>\n\t\t\t\t<div class=\"elementor-element elementor-element-5124508f elementor-widget elementor-widget-text-editor\" data-id=\"5124508f\" data-element_type=\"widget\" data-e-type=\"widget\" data-widget_type=\"text-editor.default\">\n\t\t\t\t<div class=\"elementor-widget-container\">\n\t\t\t\t\t\t\t\t\t<p>L\u2019esgl\u00e9sia de Sant Esteve de Bar, d\u2019origen rom\u00e0nic, probablement del segle IX, \u00e9s actualment de dif\u00edcil classificaci\u00f3, donades les modificacions sofertes, especialment al segle XIV, amb torre octogonal a la fa\u00e7ana, i cimbori.<\/p>\t\t\t\t\t\t\t\t<\/div>\n\t\t\t\t<\/div>\n\t\t\t\t<div class=\"elementor-element elementor-element-75539993 elementor-widget elementor-widget-image\" data-id=\"75539993\" data-element_type=\"widget\" data-e-type=\"widget\" data-widget_type=\"image.default\">\n\t\t\t\t<div class=\"elementor-widget-container\">\n\t\t\t\t\t\t\t\t\t\t\t\t\t\t\t<img loading=\"lazy\" decoding=\"async\" width=\"800\" height=\"533\" src=\"https:\/\/www.elturistatranquil.com\/wp-content\/uploads\/F52-Sant-Esteve-de-Bar-2.jpg\" class=\"attachment-large size-large wp-image-4789\" alt=\"\" srcset=\"https:\/\/www.elturistatranquil.com\/wp-content\/uploads\/F52-Sant-Esteve-de-Bar-2.jpg 800w, https:\/\/www.elturistatranquil.com\/wp-content\/uploads\/F52-Sant-Esteve-de-Bar-2-768x512.jpg 768w\" sizes=\"(max-width: 800px) 100vw, 800px\" \/>\t\t\t\t\t\t\t\t\t\t\t\t\t\t\t<\/div>\n\t\t\t\t<\/div>\n\t\t\t\t<div class=\"elementor-element elementor-element-127bbe60 elementor-widget elementor-widget-image\" data-id=\"127bbe60\" data-element_type=\"widget\" data-e-type=\"widget\" data-widget_type=\"image.default\">\n\t\t\t\t<div class=\"elementor-widget-container\">\n\t\t\t\t\t\t\t\t\t\t\t\t<figure class=\"wp-caption\">\n\t\t\t\t\t\t\t\t\t\t<img loading=\"lazy\" decoding=\"async\" width=\"800\" height=\"533\" src=\"https:\/\/www.elturistatranquil.com\/wp-content\/uploads\/F53-Sant-Esteve-de-Bar-2.jpg\" class=\"attachment-large size-large wp-image-4793\" alt=\"\" srcset=\"https:\/\/www.elturistatranquil.com\/wp-content\/uploads\/F53-Sant-Esteve-de-Bar-2.jpg 800w, https:\/\/www.elturistatranquil.com\/wp-content\/uploads\/F53-Sant-Esteve-de-Bar-2-768x512.jpg 768w\" sizes=\"(max-width: 800px) 100vw, 800px\" \/>\t\t\t\t\t\t\t\t\t\t\t<figcaption class=\"widget-image-caption wp-caption-text\">Observis el que deia de la manca de respecte en el cablejat<\/figcaption>\n\t\t\t\t\t\t\t\t\t\t<\/figure>\n\t\t\t\t\t\t\t\t\t<\/div>\n\t\t\t\t<\/div>\n\t\t\t\t<div class=\"elementor-element elementor-element-f8ba4b9 elementor-widget elementor-widget-image\" data-id=\"f8ba4b9\" data-element_type=\"widget\" data-e-type=\"widget\" data-widget_type=\"image.default\">\n\t\t\t\t<div class=\"elementor-widget-container\">\n\t\t\t\t\t\t\t\t\t\t\t\t\t\t\t<img loading=\"lazy\" decoding=\"async\" width=\"800\" height=\"533\" src=\"https:\/\/www.elturistatranquil.com\/wp-content\/uploads\/F54-Sant-Esteve-de-Bar-1.jpg\" class=\"attachment-large size-large wp-image-4795\" alt=\"\" srcset=\"https:\/\/www.elturistatranquil.com\/wp-content\/uploads\/F54-Sant-Esteve-de-Bar-1.jpg 800w, https:\/\/www.elturistatranquil.com\/wp-content\/uploads\/F54-Sant-Esteve-de-Bar-1-768x512.jpg 768w\" sizes=\"(max-width: 800px) 100vw, 800px\" \/>\t\t\t\t\t\t\t\t\t\t\t\t\t\t\t<\/div>\n\t\t\t\t<\/div>\n\t\t\t\t<div class=\"elementor-element elementor-element-528a8ff elementor-widget elementor-widget-image\" data-id=\"528a8ff\" data-element_type=\"widget\" data-e-type=\"widget\" data-widget_type=\"image.default\">\n\t\t\t\t<div class=\"elementor-widget-container\">\n\t\t\t\t\t\t\t\t\t\t\t\t<figure class=\"wp-caption\">\n\t\t\t\t\t\t\t\t\t\t<img loading=\"lazy\" decoding=\"async\" width=\"800\" height=\"533\" src=\"https:\/\/www.elturistatranquil.com\/wp-content\/uploads\/F55-Sant-Esteve-de-Bar-2.jpg\" class=\"attachment-large size-large wp-image-4801\" alt=\"\" srcset=\"https:\/\/www.elturistatranquil.com\/wp-content\/uploads\/F55-Sant-Esteve-de-Bar-2.jpg 800w, https:\/\/www.elturistatranquil.com\/wp-content\/uploads\/F55-Sant-Esteve-de-Bar-2-768x512.jpg 768w\" sizes=\"(max-width: 800px) 100vw, 800px\" \/>\t\t\t\t\t\t\t\t\t\t\t<figcaption class=\"widget-image-caption wp-caption-text\">Absis i cimbori<\/figcaption>\n\t\t\t\t\t\t\t\t\t\t<\/figure>\n\t\t\t\t\t\t\t\t\t<\/div>\n\t\t\t\t<\/div>\n\t\t\t\t<div class=\"elementor-element elementor-element-17712659 elementor-widget elementor-widget-text-editor\" data-id=\"17712659\" data-element_type=\"widget\" data-e-type=\"widget\" data-widget_type=\"text-editor.default\">\n\t\t\t\t<div class=\"elementor-widget-container\">\n\t\t\t\t\t\t\t\t\t<p>Es curiosa la bassa a l\u2019edifici davant de l\u2019esgl\u00e9sia, a la part inferior esquerra de la primera fotografia de l\u2019esgl\u00e9sia.<\/p>\t\t\t\t\t\t\t\t<\/div>\n\t\t\t\t<\/div>\n\t\t\t\t<div class=\"elementor-element elementor-element-705ff283 elementor-widget elementor-widget-image\" data-id=\"705ff283\" data-element_type=\"widget\" data-e-type=\"widget\" data-widget_type=\"image.default\">\n\t\t\t\t<div class=\"elementor-widget-container\">\n\t\t\t\t\t\t\t\t\t\t\t\t\t\t\t<img loading=\"lazy\" decoding=\"async\" width=\"800\" height=\"533\" src=\"https:\/\/www.elturistatranquil.com\/wp-content\/uploads\/F56-Bar-2.jpg\" class=\"attachment-large size-large wp-image-4805\" alt=\"\" srcset=\"https:\/\/www.elturistatranquil.com\/wp-content\/uploads\/F56-Bar-2.jpg 800w, https:\/\/www.elturistatranquil.com\/wp-content\/uploads\/F56-Bar-2-768x512.jpg 768w\" sizes=\"(max-width: 800px) 100vw, 800px\" \/>\t\t\t\t\t\t\t\t\t\t\t\t\t\t\t<\/div>\n\t\t\t\t<\/div>\n\t\t\t\t<div class=\"elementor-element elementor-element-66e4b90f elementor-widget elementor-widget-image\" data-id=\"66e4b90f\" data-element_type=\"widget\" data-e-type=\"widget\" data-widget_type=\"image.default\">\n\t\t\t\t<div class=\"elementor-widget-container\">\n\t\t\t\t\t\t\t\t\t\t\t\t\t\t\t<img loading=\"lazy\" decoding=\"async\" width=\"800\" height=\"533\" src=\"https:\/\/www.elturistatranquil.com\/wp-content\/uploads\/F57-Bar-2.jpg\" class=\"attachment-large size-large wp-image-4809\" alt=\"\" srcset=\"https:\/\/www.elturistatranquil.com\/wp-content\/uploads\/F57-Bar-2.jpg 800w, https:\/\/www.elturistatranquil.com\/wp-content\/uploads\/F57-Bar-2-768x512.jpg 768w\" sizes=\"(max-width: 800px) 100vw, 800px\" \/>\t\t\t\t\t\t\t\t\t\t\t\t\t\t\t<\/div>\n\t\t\t\t<\/div>\n\t\t\t\t<div class=\"elementor-element elementor-element-493d1785 elementor-widget elementor-widget-text-editor\" data-id=\"493d1785\" data-element_type=\"widget\" data-e-type=\"widget\" data-widget_type=\"text-editor.default\">\n\t\t\t\t<div class=\"elementor-widget-container\">\n\t\t\t\t\t\t\t\t\t<p>Acabo aquesta ruta i surto del poble de Bar. Davant meu se m\u2019ofereix una espl\u00e8ndida panor\u00e0mica del riu Segre\u00a0 i del congost de Martinet en direcci\u00f3 a la Cerdanya, que s\u2019obre al fons.<\/p>\t\t\t\t\t\t\t\t<\/div>\n\t\t\t\t<\/div>\n\t\t\t\t<div class=\"elementor-element elementor-element-49a36579 elementor-widget elementor-widget-image\" data-id=\"49a36579\" data-element_type=\"widget\" data-e-type=\"widget\" data-widget_type=\"image.default\">\n\t\t\t\t<div class=\"elementor-widget-container\">\n\t\t\t\t\t\t\t\t\t\t\t\t\t\t\t<img loading=\"lazy\" decoding=\"async\" width=\"800\" height=\"533\" src=\"https:\/\/www.elturistatranquil.com\/wp-content\/uploads\/F58-Congost-de-Martinet-i-la-Cerdanya-des-de-Bar-2.jpg\" class=\"attachment-large size-large wp-image-4812\" alt=\"\" srcset=\"https:\/\/www.elturistatranquil.com\/wp-content\/uploads\/F58-Congost-de-Martinet-i-la-Cerdanya-des-de-Bar-2.jpg 800w, https:\/\/www.elturistatranquil.com\/wp-content\/uploads\/F58-Congost-de-Martinet-i-la-Cerdanya-des-de-Bar-2-768x512.jpg 768w\" sizes=\"(max-width: 800px) 100vw, 800px\" \/>\t\t\t\t\t\t\t\t\t\t\t\t\t\t\t<\/div>\n\t\t\t\t<\/div>\n\t\t\t\t<div class=\"elementor-element elementor-element-1d95b5a8 elementor-widget elementor-widget-menu-anchor\" data-id=\"1d95b5a8\" data-element_type=\"widget\" data-e-type=\"widget\" data-widget_type=\"menu-anchor.default\">\n\t\t\t\t<div class=\"elementor-widget-container\">\n\t\t\t\t\t\t\t<div class=\"elementor-menu-anchor\" id=\"c1205\"><\/div>\n\t\t\t\t\t\t<\/div>\n\t\t\t\t<\/div>\n\t\t\t\t<div class=\"elementor-element elementor-element-7e9148a7 elementor-widget elementor-widget-text-editor\" data-id=\"7e9148a7\" data-element_type=\"widget\" data-e-type=\"widget\" data-widget_type=\"text-editor.default\">\n\t\t\t\t<div class=\"elementor-widget-container\">\n\t\t\t\t\t\t\t\t\t<p>Ha resultat una tarda estupenda i relaxada, que us aconsello realitzar quan us trobeu per la zona. Malgrat trobar-nos en \u00e0rea altament tur\u00edstica, han estat ocupats per resid\u00e8ncies temporals, per\u00f2 sense modificar ni la seva estructura ni la seva fesomia.<\/p><p>He escollit aquests tres, que formen un circuit senzill i lineal, i ja he explicat l&#8217;especial estima que els tinc, per\u00f2 qualsevol dels altres d&#8217;aquesta zona pot resultar igualment atractius com per mer\u00e8ixer una visita.<\/p>\t\t\t\t\t\t\t\t<\/div>\n\t\t\t\t<\/div>\n\t\t\t\t<div class=\"elementor-element elementor-element-6fbca424 elementor-widget elementor-widget-heading\" data-id=\"6fbca424\" data-element_type=\"widget\" data-e-type=\"widget\" data-widget_type=\"heading.default\">\n\t\t\t\t<div class=\"elementor-widget-container\">\n\t\t\t\t\t<h2 class=\"elementor-heading-title elementor-size-default\">Bases d\u2019informaci\u00f3<\/h2>\t\t\t\t<\/div>\n\t\t\t\t<\/div>\n\t\t\t\t<div class=\"elementor-element elementor-element-6c98722a elementor-widget elementor-widget-text-editor\" data-id=\"6c98722a\" data-element_type=\"widget\" data-e-type=\"widget\" data-widget_type=\"text-editor.default\">\n\t\t\t\t<div class=\"elementor-widget-container\">\n\t\t\t\t\t\t\t\t\t<p><strong>Webs<\/strong><\/p><p><a href=\"http:\/\/www.castillosdeespana.es\/es\/content\/quer-foradat-castillo-de\" target=\"_blank\" rel=\"noopener\">El Querforadat: castillosdeespana<\/a><\/p><p><a href=\"https:\/\/www.catalunyamedieval.es\/castell-del-quer-foradat-cava-alt-urgell\/\" target=\"_blank\" rel=\"noopener\">El Querforadat: catalunyamedieval<\/a><\/p><p><a href=\"http:\/\/invarquit.cultura.gencat.cat\/Cerca\/Fitxa?index=0&amp;consulta=&amp;codi=754\" target=\"_blank\" rel=\"noopener\">El Querforadat: invarquit.cultura.gencat.cat<\/a><\/p><p><a href=\"https:\/\/es.wikiloc.com\/rutas\/outdoor\/espana\/catalunya\/el-quer-foradat\" target=\"_blank\" rel=\"noopener\">El Querforadat: wikiloc.rutas<\/a><\/p><p><u>\u00a0<\/u><\/p><p><a href=\"https:\/\/www.lleida.com\/poblacions\/el-pont-de-bar\" target=\"_blank\" rel=\"noopener\">Pont de Bar: el-pont-de-bar<\/a><\/p><p><a href=\"https:\/\/es.wikipedia.org\/wiki\/Tolor%C3%Adu\" target=\"_blank\" rel=\"noopener\">Toloriu: wikipedia es<\/a><\/p><p><a href=\"https:\/\/ca.wikipedia.org\/wiki\/Toloriu\" target=\"_blank\" rel=\"noopener\">Toloriu: wikipedia ca<\/a><\/p><p><a href=\"http:\/\/www.toloriu.com\/index.html\" target=\"_blank\" rel=\"noopener\">Toloriu: toloriu<\/a><\/p><p><a href=\"https:\/\/www.verpueblos.com\/cataluna\/lerida\/toloriu\/\" target=\"_blank\" rel=\"noopener\">Toloriu: verpueblos<\/a><\/p><p><a href=\"https:\/\/www.catalunyamedieval.es\/castell-de-toloriu-el-pont-de-bar-alt-urgell\/\" target=\"_blank\" rel=\"noopener\">Toloriu: catalunyamedieval<\/a><\/p><p><a href=\"https:\/\/ca.wikipedia.org\/wiki\/Sant_Esteve_de_Bar\" target=\"_blank\" rel=\"noopener\">Bar: wikipedia<\/a><\/p><p><a href=\"https:\/\/www.catalunyamedieval.es\/esglesia-de-sant-esteve-de-bar-el-pont-de-bar-alt-urgell\/\" target=\"_blank\" rel=\"noopener\">Bar: catalunyamedieval<\/a><\/p>\t\t\t\t\t\t\t\t<\/div>\n\t\t\t\t<\/div>\n\t\t\t\t\t<\/div>\n\t\t<\/div>\n\t\t\t\t\t<\/div>\n\t\t<\/section>\n\t\t\t\t<section class=\"elementor-section elementor-top-section elementor-element elementor-element-4a1d8464 elementor-section-boxed elementor-section-height-default elementor-section-height-default\" data-id=\"4a1d8464\" data-element_type=\"section\" data-e-type=\"section\">\n\t\t\t\t\t\t<div class=\"elementor-container elementor-column-gap-default\">\n\t\t\t\t\t<div class=\"elementor-column elementor-col-100 elementor-top-column elementor-element elementor-element-14ac1d68\" data-id=\"14ac1d68\" data-element_type=\"column\" data-e-type=\"column\">\n\t\t\t<div class=\"elementor-widget-wrap elementor-element-populated\">\n\t\t\t\t\t\t<div class=\"elementor-element elementor-element-48fa52bc elementor-share-buttons--view-icon elementor-share-buttons--skin-minimal elementor-share-buttons--shape-circle elementor-grid-0 elementor-share-buttons--color-official elementor-widget elementor-widget-share-buttons\" data-id=\"48fa52bc\" data-element_type=\"widget\" data-e-type=\"widget\" data-widget_type=\"share-buttons.default\">\n\t\t\t\t<div class=\"elementor-widget-container\">\n\t\t\t\t\t\t\t<div class=\"elementor-grid\" role=\"list\">\n\t\t\t\t\t\t\t\t<div class=\"elementor-grid-item\" role=\"listitem\">\n\t\t\t\t\t\t<div class=\"elementor-share-btn elementor-share-btn_facebook\" role=\"button\" tabindex=\"0\" aria-label=\"Compartici\u00f3 en facebook\">\n\t\t\t\t\t\t\t\t\t\t\t\t\t\t\t<span class=\"elementor-share-btn__icon\">\n\t\t\t\t\t\t\t\t<i class=\"fab fa-facebook\" aria-hidden=\"true\"><\/i>\t\t\t\t\t\t\t<\/span>\n\t\t\t\t\t\t\t\t\t\t\t\t\t\t\t\t\t\t\t\t<\/div>\n\t\t\t\t\t<\/div>\n\t\t\t\t\t\t\t\t\t<div class=\"elementor-grid-item\" role=\"listitem\">\n\t\t\t\t\t\t<div class=\"elementor-share-btn elementor-share-btn_twitter\" role=\"button\" tabindex=\"0\" aria-label=\"Compartici\u00f3 en twitter\">\n\t\t\t\t\t\t\t\t\t\t\t\t\t\t\t<span class=\"elementor-share-btn__icon\">\n\t\t\t\t\t\t\t\t<i class=\"fab fa-twitter\" aria-hidden=\"true\"><\/i>\t\t\t\t\t\t\t<\/span>\n\t\t\t\t\t\t\t\t\t\t\t\t\t\t\t\t\t\t\t\t<\/div>\n\t\t\t\t\t<\/div>\n\t\t\t\t\t\t\t\t\t<div class=\"elementor-grid-item\" role=\"listitem\">\n\t\t\t\t\t\t<div class=\"elementor-share-btn elementor-share-btn_pinterest\" role=\"button\" tabindex=\"0\" aria-label=\"Compartici\u00f3 en pinterest\">\n\t\t\t\t\t\t\t\t\t\t\t\t\t\t\t<span class=\"elementor-share-btn__icon\">\n\t\t\t\t\t\t\t\t<i class=\"fab fa-pinterest\" aria-hidden=\"true\"><\/i>\t\t\t\t\t\t\t<\/span>\n\t\t\t\t\t\t\t\t\t\t\t\t\t\t\t\t\t\t\t\t<\/div>\n\t\t\t\t\t<\/div>\n\t\t\t\t\t\t\t\t\t<div class=\"elementor-grid-item\" role=\"listitem\">\n\t\t\t\t\t\t<div class=\"elementor-share-btn elementor-share-btn_whatsapp\" role=\"button\" tabindex=\"0\" aria-label=\"Compartici\u00f3 en whatsapp\">\n\t\t\t\t\t\t\t\t\t\t\t\t\t\t\t<span class=\"elementor-share-btn__icon\">\n\t\t\t\t\t\t\t\t<i class=\"fab fa-whatsapp\" aria-hidden=\"true\"><\/i>\t\t\t\t\t\t\t<\/span>\n\t\t\t\t\t\t\t\t\t\t\t\t\t\t\t\t\t\t\t\t<\/div>\n\t\t\t\t\t<\/div>\n\t\t\t\t\t\t\t\t\t<div class=\"elementor-grid-item\" role=\"listitem\">\n\t\t\t\t\t\t<div class=\"elementor-share-btn elementor-share-btn_email\" role=\"button\" tabindex=\"0\" aria-label=\"Compartici\u00f3 en email\">\n\t\t\t\t\t\t\t\t\t\t\t\t\t\t\t<span class=\"elementor-share-btn__icon\">\n\t\t\t\t\t\t\t\t<i class=\"fas fa-envelope\" aria-hidden=\"true\"><\/i>\t\t\t\t\t\t\t<\/span>\n\t\t\t\t\t\t\t\t\t\t\t\t\t\t\t\t\t\t\t\t<\/div>\n\t\t\t\t\t<\/div>\n\t\t\t\t\t\t<\/div>\n\t\t\t\t\t\t<\/div>\n\t\t\t\t<\/div>\n\t\t\t\t\t<\/div>\n\t\t<\/div>\n\t\t\t\t\t<\/div>\n\t\t<\/section>\n\t\t\t\t<\/div>\n\t\t","protected":false},"excerpt":{"rendered":"<p>Avui em passejar\u00e9 per tres poblets, El Querforadat, Toloriu i Bar (Lleida), a l\u2019ombra del mass\u00eds del Cad\u00ed, que conserven tot l\u2019encant de l\u2019arquitectura popular gens malmesa. El Querforadat, Toloriu &#8230; <a title=\"El Querforadat, Toloriu i Bar (Lleida)\" class=\"read-more\" href=\"https:\/\/www.elturistatranquil.com\/ca\/el-querforadat-toloriu-i-bar\/\" aria-label=\"M\u00e9s informaci\u00f3 sobre El Querforadat, Toloriu i Bar (Lleida)\">[ &#8230; ]<\/a><\/p>\n","protected":false},"author":1,"featured_media":4596,"comment_status":"open","ping_status":"closed","sticky":false,"template":"","format":"standard","meta":{"footnotes":""},"categories":[71,72,75,145,83,128,95,99,100,104,105,139],"tags":[],"class_list":["post-4663","post","type-post","status-publish","format-standard","has-post-thumbnail","hentry","category-arquitectura-popular-ca","category-arquitectura-religiosa-ca","category-castells","category-edat-mitjana","category-historia-ca","category-lleida-ca","category-paisatge","category-poble","category-pobles-i-ciutats-amb-interes","category-preromanic-ca","category-rutes","category-segle-xvi-xvii","infinite-scroll-item","generate-columns","tablet-grid-50","mobile-grid-100","grid-parent","grid-50","no-featured-image-padding"],"yoast_head":"<!-- This site is optimized with the Yoast SEO plugin v27.4 - https:\/\/yoast.com\/product\/yoast-seo-wordpress\/ -->\n<title>El Querforadat, Toloriu i Bar (Lleida) - El turista tranquil<\/title>\n<meta name=\"description\" content=\"Avui em passejar\u00e9 per tres poblets, El Querforadat, Toloriu i Bar (Lleida), a l\u2019ombra del mass\u00eds del Cad\u00ed, que conserven tot l\u2019encant de l\u2019arquitectura popular gens malmesa.\" \/>\n<meta name=\"robots\" content=\"index, follow, max-snippet:-1, max-image-preview:large, max-video-preview:-1\" \/>\n<link rel=\"canonical\" href=\"https:\/\/www.elturistatranquil.com\/ca\/el-querforadat-toloriu-y-bar\/\" \/>\n<meta property=\"og:locale\" content=\"ca_ES\" \/>\n<meta property=\"og:type\" content=\"article\" \/>\n<meta property=\"og:title\" content=\"El Querforadat, Toloriu i Bar (Lleida) - El turista tranquil\" \/>\n<meta property=\"og:description\" content=\"Avui em passejar\u00e9 per tres poblets, El Querforadat, Toloriu i Bar (Lleida), a l\u2019ombra del mass\u00eds del Cad\u00ed, que conserven tot l\u2019encant de l\u2019arquitectura popular gens malmesa.\" \/>\n<meta property=\"og:url\" content=\"https:\/\/www.elturistatranquil.com\/el-querforadat-toloriu-y-bar\/\" \/>\n<meta property=\"og:site_name\" content=\"El turista tranquil\" \/>\n<meta property=\"article:publisher\" content=\"https:\/\/www.facebook.com\/elturistatranquilo\/\" \/>\n<meta property=\"article:published_time\" content=\"2018-07-22T18:44:11+00:00\" \/>\n<meta property=\"article:modified_time\" content=\"2019-09-03T08:59:33+00:00\" \/>\n<meta property=\"og:image\" content=\"https:\/\/www.elturistatranquil.com\/wp-content\/uploads\/F33-El-Querforadat.jpg\" \/>\n\t<meta property=\"og:image:width\" content=\"800\" \/>\n\t<meta property=\"og:image:height\" content=\"533\" \/>\n\t<meta property=\"og:image:type\" content=\"image\/jpeg\" \/>\n<meta name=\"author\" content=\"admin\" \/>\n<meta name=\"twitter:card\" content=\"summary_large_image\" \/>\n<meta name=\"twitter:label1\" content=\"Escrit per\" \/>\n\t<meta name=\"twitter:data1\" content=\"admin\" \/>\n\t<meta name=\"twitter:label2\" content=\"Temps estimat de lectura\" \/>\n\t<meta name=\"twitter:data2\" content=\"10 minuts\" \/>\n<script type=\"application\/ld+json\" class=\"yoast-schema-graph\">{\"@context\":\"https:\\\/\\\/schema.org\",\"@graph\":[{\"@type\":\"Article\",\"@id\":\"https:\\\/\\\/www.elturistatranquil.com\\\/el-querforadat-toloriu-y-bar\\\/#article\",\"isPartOf\":{\"@id\":\"https:\\\/\\\/www.elturistatranquil.com\\\/ca\\\/el-querforadat-toloriu-i-bar\\\/\"},\"author\":{\"name\":\"admin\",\"@id\":\"https:\\\/\\\/www.elturistatranquil.com\\\/ca\\\/#\\\/schema\\\/person\\\/16f607c3079b96ed0c530a52e6b58bb5\"},\"headline\":\"El Querforadat, Toloriu i Bar (Lleida)\",\"datePublished\":\"2018-07-22T18:44:11+00:00\",\"dateModified\":\"2019-09-03T08:59:33+00:00\",\"mainEntityOfPage\":{\"@id\":\"https:\\\/\\\/www.elturistatranquil.com\\\/ca\\\/el-querforadat-toloriu-i-bar\\\/\"},\"wordCount\":2113,\"commentCount\":0,\"image\":{\"@id\":\"https:\\\/\\\/www.elturistatranquil.com\\\/el-querforadat-toloriu-y-bar\\\/#primaryimage\"},\"thumbnailUrl\":\"https:\\\/\\\/www.elturistatranquil.com\\\/wp-content\\\/uploads\\\/F33-El-Querforadat.jpg\",\"articleSection\":[\"Arquitectura popular\",\"Arquitectura religiosa\",\"Castells, Muralles\",\"Edat mitjana\",\"Hist\u00f2ria\",\"Lleida\",\"Paisatge\",\"Poble\",\"Pobles i ciutats amb inter\u00e9s\",\"Rom\u00e0nic\",\"Rutes\",\"Segle XVI-XVII\"],\"inLanguage\":\"ca\",\"potentialAction\":[{\"@type\":\"CommentAction\",\"name\":\"Comment\",\"target\":[\"https:\\\/\\\/www.elturistatranquil.com\\\/el-querforadat-toloriu-y-bar\\\/#respond\"]}]},{\"@type\":\"WebPage\",\"@id\":\"https:\\\/\\\/www.elturistatranquil.com\\\/ca\\\/el-querforadat-toloriu-i-bar\\\/\",\"url\":\"https:\\\/\\\/www.elturistatranquil.com\\\/el-querforadat-toloriu-y-bar\\\/\",\"name\":\"El Querforadat, Toloriu i Bar (Lleida) - El turista tranquil\",\"isPartOf\":{\"@id\":\"https:\\\/\\\/www.elturistatranquil.com\\\/ca\\\/#website\"},\"primaryImageOfPage\":{\"@id\":\"https:\\\/\\\/www.elturistatranquil.com\\\/el-querforadat-toloriu-y-bar\\\/#primaryimage\"},\"image\":{\"@id\":\"https:\\\/\\\/www.elturistatranquil.com\\\/el-querforadat-toloriu-y-bar\\\/#primaryimage\"},\"thumbnailUrl\":\"https:\\\/\\\/www.elturistatranquil.com\\\/wp-content\\\/uploads\\\/F33-El-Querforadat.jpg\",\"datePublished\":\"2018-07-22T18:44:11+00:00\",\"dateModified\":\"2019-09-03T08:59:33+00:00\",\"author\":{\"@id\":\"https:\\\/\\\/www.elturistatranquil.com\\\/ca\\\/#\\\/schema\\\/person\\\/16f607c3079b96ed0c530a52e6b58bb5\"},\"description\":\"Avui em passejar\u00e9 per tres poblets, El Querforadat, Toloriu i Bar (Lleida), a l\u2019ombra del mass\u00eds del Cad\u00ed, que conserven tot l\u2019encant de l\u2019arquitectura popular gens malmesa.\",\"breadcrumb\":{\"@id\":\"https:\\\/\\\/www.elturistatranquil.com\\\/el-querforadat-toloriu-y-bar\\\/#breadcrumb\"},\"inLanguage\":\"ca\",\"potentialAction\":[{\"@type\":\"ReadAction\",\"target\":[\"https:\\\/\\\/www.elturistatranquil.com\\\/el-querforadat-toloriu-y-bar\\\/\"]}]},{\"@type\":\"ImageObject\",\"inLanguage\":\"ca\",\"@id\":\"https:\\\/\\\/www.elturistatranquil.com\\\/el-querforadat-toloriu-y-bar\\\/#primaryimage\",\"url\":\"https:\\\/\\\/www.elturistatranquil.com\\\/wp-content\\\/uploads\\\/F33-El-Querforadat.jpg\",\"contentUrl\":\"https:\\\/\\\/www.elturistatranquil.com\\\/wp-content\\\/uploads\\\/F33-El-Querforadat.jpg\",\"width\":800,\"height\":533,\"caption\":\"El Querforadat\"},{\"@type\":\"BreadcrumbList\",\"@id\":\"https:\\\/\\\/www.elturistatranquil.com\\\/el-querforadat-toloriu-y-bar\\\/#breadcrumb\",\"itemListElement\":[{\"@type\":\"ListItem\",\"position\":1,\"name\":\"Portada\",\"item\":\"https:\\\/\\\/www.elturistatranquil.com\\\/ca\\\/\"},{\"@type\":\"ListItem\",\"position\":2,\"name\":\"El Querforadat, Toloriu i Bar (Lleida)\"}]},{\"@type\":\"WebSite\",\"@id\":\"https:\\\/\\\/www.elturistatranquil.com\\\/ca\\\/#website\",\"url\":\"https:\\\/\\\/www.elturistatranquil.com\\\/ca\\\/\",\"name\":\"El turista tranquil\",\"description\":\"Blog de viatges\",\"potentialAction\":[{\"@type\":\"SearchAction\",\"target\":{\"@type\":\"EntryPoint\",\"urlTemplate\":\"https:\\\/\\\/www.elturistatranquil.com\\\/ca\\\/?s={search_term_string}\"},\"query-input\":{\"@type\":\"PropertyValueSpecification\",\"valueRequired\":true,\"valueName\":\"search_term_string\"}}],\"inLanguage\":\"ca\"},{\"@type\":\"Person\",\"@id\":\"https:\\\/\\\/www.elturistatranquil.com\\\/ca\\\/#\\\/schema\\\/person\\\/16f607c3079b96ed0c530a52e6b58bb5\",\"name\":\"admin\",\"image\":{\"@type\":\"ImageObject\",\"inLanguage\":\"ca\",\"@id\":\"https:\\\/\\\/secure.gravatar.com\\\/avatar\\\/1fbaf22aee75fcbb29a2f97b107f95d25d3a19b7c3416105be10269872673e8d?s=96&d=mm&r=g\",\"url\":\"https:\\\/\\\/secure.gravatar.com\\\/avatar\\\/1fbaf22aee75fcbb29a2f97b107f95d25d3a19b7c3416105be10269872673e8d?s=96&d=mm&r=g\",\"contentUrl\":\"https:\\\/\\\/secure.gravatar.com\\\/avatar\\\/1fbaf22aee75fcbb29a2f97b107f95d25d3a19b7c3416105be10269872673e8d?s=96&d=mm&r=g\",\"caption\":\"admin\"}}]}<\/script>\n<!-- \/ Yoast SEO plugin. -->","yoast_head_json":{"title":"El Querforadat, Toloriu i Bar (Lleida) - El turista tranquil","description":"Avui em passejar\u00e9 per tres poblets, El Querforadat, Toloriu i Bar (Lleida), a l\u2019ombra del mass\u00eds del Cad\u00ed, que conserven tot l\u2019encant de l\u2019arquitectura popular gens malmesa.","robots":{"index":"index","follow":"follow","max-snippet":"max-snippet:-1","max-image-preview":"max-image-preview:large","max-video-preview":"max-video-preview:-1"},"canonical":"https:\/\/www.elturistatranquil.com\/ca\/el-querforadat-toloriu-y-bar\/","og_locale":"ca_ES","og_type":"article","og_title":"El Querforadat, Toloriu i Bar (Lleida) - El turista tranquil","og_description":"Avui em passejar\u00e9 per tres poblets, El Querforadat, Toloriu i Bar (Lleida), a l\u2019ombra del mass\u00eds del Cad\u00ed, que conserven tot l\u2019encant de l\u2019arquitectura popular gens malmesa.","og_url":"https:\/\/www.elturistatranquil.com\/el-querforadat-toloriu-y-bar\/","og_site_name":"El turista tranquil","article_publisher":"https:\/\/www.facebook.com\/elturistatranquilo\/","article_published_time":"2018-07-22T18:44:11+00:00","article_modified_time":"2019-09-03T08:59:33+00:00","og_image":[{"width":800,"height":533,"url":"https:\/\/www.elturistatranquil.com\/wp-content\/uploads\/F33-El-Querforadat.jpg","type":"image\/jpeg"}],"author":"admin","twitter_card":"summary_large_image","twitter_misc":{"Escrit per":"admin","Temps estimat de lectura":"10 minuts"},"schema":{"@context":"https:\/\/schema.org","@graph":[{"@type":"Article","@id":"https:\/\/www.elturistatranquil.com\/el-querforadat-toloriu-y-bar\/#article","isPartOf":{"@id":"https:\/\/www.elturistatranquil.com\/ca\/el-querforadat-toloriu-i-bar\/"},"author":{"name":"admin","@id":"https:\/\/www.elturistatranquil.com\/ca\/#\/schema\/person\/16f607c3079b96ed0c530a52e6b58bb5"},"headline":"El Querforadat, Toloriu i Bar (Lleida)","datePublished":"2018-07-22T18:44:11+00:00","dateModified":"2019-09-03T08:59:33+00:00","mainEntityOfPage":{"@id":"https:\/\/www.elturistatranquil.com\/ca\/el-querforadat-toloriu-i-bar\/"},"wordCount":2113,"commentCount":0,"image":{"@id":"https:\/\/www.elturistatranquil.com\/el-querforadat-toloriu-y-bar\/#primaryimage"},"thumbnailUrl":"https:\/\/www.elturistatranquil.com\/wp-content\/uploads\/F33-El-Querforadat.jpg","articleSection":["Arquitectura popular","Arquitectura religiosa","Castells, Muralles","Edat mitjana","Hist\u00f2ria","Lleida","Paisatge","Poble","Pobles i ciutats amb inter\u00e9s","Rom\u00e0nic","Rutes","Segle XVI-XVII"],"inLanguage":"ca","potentialAction":[{"@type":"CommentAction","name":"Comment","target":["https:\/\/www.elturistatranquil.com\/el-querforadat-toloriu-y-bar\/#respond"]}]},{"@type":"WebPage","@id":"https:\/\/www.elturistatranquil.com\/ca\/el-querforadat-toloriu-i-bar\/","url":"https:\/\/www.elturistatranquil.com\/el-querforadat-toloriu-y-bar\/","name":"El Querforadat, Toloriu i Bar (Lleida) - El turista tranquil","isPartOf":{"@id":"https:\/\/www.elturistatranquil.com\/ca\/#website"},"primaryImageOfPage":{"@id":"https:\/\/www.elturistatranquil.com\/el-querforadat-toloriu-y-bar\/#primaryimage"},"image":{"@id":"https:\/\/www.elturistatranquil.com\/el-querforadat-toloriu-y-bar\/#primaryimage"},"thumbnailUrl":"https:\/\/www.elturistatranquil.com\/wp-content\/uploads\/F33-El-Querforadat.jpg","datePublished":"2018-07-22T18:44:11+00:00","dateModified":"2019-09-03T08:59:33+00:00","author":{"@id":"https:\/\/www.elturistatranquil.com\/ca\/#\/schema\/person\/16f607c3079b96ed0c530a52e6b58bb5"},"description":"Avui em passejar\u00e9 per tres poblets, El Querforadat, Toloriu i Bar (Lleida), a l\u2019ombra del mass\u00eds del Cad\u00ed, que conserven tot l\u2019encant de l\u2019arquitectura popular gens malmesa.","breadcrumb":{"@id":"https:\/\/www.elturistatranquil.com\/el-querforadat-toloriu-y-bar\/#breadcrumb"},"inLanguage":"ca","potentialAction":[{"@type":"ReadAction","target":["https:\/\/www.elturistatranquil.com\/el-querforadat-toloriu-y-bar\/"]}]},{"@type":"ImageObject","inLanguage":"ca","@id":"https:\/\/www.elturistatranquil.com\/el-querforadat-toloriu-y-bar\/#primaryimage","url":"https:\/\/www.elturistatranquil.com\/wp-content\/uploads\/F33-El-Querforadat.jpg","contentUrl":"https:\/\/www.elturistatranquil.com\/wp-content\/uploads\/F33-El-Querforadat.jpg","width":800,"height":533,"caption":"El Querforadat"},{"@type":"BreadcrumbList","@id":"https:\/\/www.elturistatranquil.com\/el-querforadat-toloriu-y-bar\/#breadcrumb","itemListElement":[{"@type":"ListItem","position":1,"name":"Portada","item":"https:\/\/www.elturistatranquil.com\/ca\/"},{"@type":"ListItem","position":2,"name":"El Querforadat, Toloriu i Bar (Lleida)"}]},{"@type":"WebSite","@id":"https:\/\/www.elturistatranquil.com\/ca\/#website","url":"https:\/\/www.elturistatranquil.com\/ca\/","name":"El turista tranquil","description":"Blog de viatges","potentialAction":[{"@type":"SearchAction","target":{"@type":"EntryPoint","urlTemplate":"https:\/\/www.elturistatranquil.com\/ca\/?s={search_term_string}"},"query-input":{"@type":"PropertyValueSpecification","valueRequired":true,"valueName":"search_term_string"}}],"inLanguage":"ca"},{"@type":"Person","@id":"https:\/\/www.elturistatranquil.com\/ca\/#\/schema\/person\/16f607c3079b96ed0c530a52e6b58bb5","name":"admin","image":{"@type":"ImageObject","inLanguage":"ca","@id":"https:\/\/secure.gravatar.com\/avatar\/1fbaf22aee75fcbb29a2f97b107f95d25d3a19b7c3416105be10269872673e8d?s=96&d=mm&r=g","url":"https:\/\/secure.gravatar.com\/avatar\/1fbaf22aee75fcbb29a2f97b107f95d25d3a19b7c3416105be10269872673e8d?s=96&d=mm&r=g","contentUrl":"https:\/\/secure.gravatar.com\/avatar\/1fbaf22aee75fcbb29a2f97b107f95d25d3a19b7c3416105be10269872673e8d?s=96&d=mm&r=g","caption":"admin"}}]}},"_links":{"self":[{"href":"https:\/\/www.elturistatranquil.com\/ca\/wp-json\/wp\/v2\/posts\/4663","targetHints":{"allow":["GET"]}}],"collection":[{"href":"https:\/\/www.elturistatranquil.com\/ca\/wp-json\/wp\/v2\/posts"}],"about":[{"href":"https:\/\/www.elturistatranquil.com\/ca\/wp-json\/wp\/v2\/types\/post"}],"author":[{"embeddable":true,"href":"https:\/\/www.elturistatranquil.com\/ca\/wp-json\/wp\/v2\/users\/1"}],"replies":[{"embeddable":true,"href":"https:\/\/www.elturistatranquil.com\/ca\/wp-json\/wp\/v2\/comments?post=4663"}],"version-history":[{"count":0,"href":"https:\/\/www.elturistatranquil.com\/ca\/wp-json\/wp\/v2\/posts\/4663\/revisions"}],"wp:featuredmedia":[{"embeddable":true,"href":"https:\/\/www.elturistatranquil.com\/ca\/wp-json\/wp\/v2\/media\/4596"}],"wp:attachment":[{"href":"https:\/\/www.elturistatranquil.com\/ca\/wp-json\/wp\/v2\/media?parent=4663"}],"wp:term":[{"taxonomy":"category","embeddable":true,"href":"https:\/\/www.elturistatranquil.com\/ca\/wp-json\/wp\/v2\/categories?post=4663"},{"taxonomy":"post_tag","embeddable":true,"href":"https:\/\/www.elturistatranquil.com\/ca\/wp-json\/wp\/v2\/tags?post=4663"}],"curies":[{"name":"wp","href":"https:\/\/api.w.org\/{rel}","templated":true}]}}