{"id":46830,"date":"2023-05-20T10:37:19","date_gmt":"2023-05-20T08:37:19","guid":{"rendered":"https:\/\/www.elturistatranquil.com\/?p=46830"},"modified":"2023-05-20T11:10:36","modified_gmt":"2023-05-20T09:10:36","slug":"un-passeig-pel-centre-historic-de-conca","status":"publish","type":"post","link":"https:\/\/www.elturistatranquil.com\/ca\/un-passeig-pel-centre-historic-de-conca\/","title":{"rendered":"Un passeig pel centre hist\u00f2ric de Conca"},"content":{"rendered":"\t\t<div data-elementor-type=\"wp-post\" data-elementor-id=\"46830\" class=\"elementor elementor-46830 elementor-46606\" data-elementor-post-type=\"post\">\n\t\t\t\t\t\t<section class=\"elementor-section elementor-top-section elementor-element elementor-element-4a62f5fa elementor-section-boxed elementor-section-height-default elementor-section-height-default\" data-id=\"4a62f5fa\" data-element_type=\"section\" data-e-type=\"section\">\n\t\t\t\t\t\t<div class=\"elementor-container elementor-column-gap-default\">\n\t\t\t\t\t<div class=\"elementor-column elementor-col-100 elementor-top-column elementor-element elementor-element-7134514a\" data-id=\"7134514a\" data-element_type=\"column\" data-e-type=\"column\">\n\t\t\t<div class=\"elementor-widget-wrap elementor-element-populated\">\n\t\t\t\t\t\t<section class=\"elementor-section elementor-inner-section elementor-element elementor-element-6519fe74 elementor-section-content-middle elementor-section-boxed elementor-section-height-default elementor-section-height-default\" data-id=\"6519fe74\" data-element_type=\"section\" data-e-type=\"section\">\n\t\t\t\t\t\t<div class=\"elementor-container elementor-column-gap-default\">\n\t\t\t\t\t<div class=\"elementor-column elementor-col-100 elementor-inner-column elementor-element elementor-element-3d78d1ab\" data-id=\"3d78d1ab\" data-element_type=\"column\" data-e-type=\"column\">\n\t\t\t<div class=\"elementor-widget-wrap elementor-element-populated\">\n\t\t\t\t\t\t<div class=\"elementor-element elementor-element-57caaa99 elementor-widget elementor-widget-text-editor\" data-id=\"57caaa99\" data-element_type=\"widget\" data-e-type=\"widget\" data-widget_type=\"text-editor.default\">\n\t\t\t\t<div class=\"elementor-widget-container\">\n\t\t\t\t\t\t\t\t\t<p>Ni que nom\u00e9s sigui per anar a passejar per la ciutat hist\u00f2rica i gaudir de les seves perspectives des de l&#8217;exterior val la pena acostar-se a <em>Conca<\/em>. No en va est\u00e0 considerada ciutat <em>Patrimoni Mundial<\/em> per la UNESCO.<\/p>\t\t\t\t\t\t\t\t<\/div>\n\t\t\t\t<\/div>\n\t\t\t\t\t<\/div>\n\t\t<\/div>\n\t\t\t\t\t<\/div>\n\t\t<\/section>\n\t\t\t\t<div class=\"elementor-element elementor-element-4809a7f4 elementor-widget elementor-widget-heading\" data-id=\"4809a7f4\" data-element_type=\"widget\" data-e-type=\"widget\" data-widget_type=\"heading.default\">\n\t\t\t\t<div class=\"elementor-widget-container\">\n\t\t\t\t\t<h1 class=\"elementor-heading-title elementor-size-default\">Un passeig pel centre hist\u00f2ric de Conca<\/h1>\t\t\t\t<\/div>\n\t\t\t\t<\/div>\n\t\t\t\t\t<\/div>\n\t\t<\/div>\n\t\t\t\t\t<\/div>\n\t\t<\/section>\n\t\t\t\t<section class=\"elementor-section elementor-top-section elementor-element elementor-element-4dc0e4bb elementor-section-boxed elementor-section-height-default elementor-section-height-default\" data-id=\"4dc0e4bb\" data-element_type=\"section\" data-e-type=\"section\">\n\t\t\t\t\t\t<div class=\"elementor-container elementor-column-gap-default\">\n\t\t\t\t\t<div class=\"elementor-column elementor-col-100 elementor-top-column elementor-element elementor-element-3d4df2ef\" data-id=\"3d4df2ef\" data-element_type=\"column\" data-e-type=\"column\">\n\t\t\t<div class=\"elementor-widget-wrap elementor-element-populated\">\n\t\t\t\t\t\t<div class=\"elementor-element elementor-element-53af96b6 elementor-widget elementor-widget-image\" data-id=\"53af96b6\" data-element_type=\"widget\" data-e-type=\"widget\" data-widget_type=\"image.default\">\n\t\t\t\t<div class=\"elementor-widget-container\">\n\t\t\t\t\t\t\t\t\t\t\t\t<figure class=\"wp-caption\">\n\t\t\t\t\t\t\t\t\t\t<img fetchpriority=\"high\" decoding=\"async\" width=\"768\" height=\"512\" src=\"https:\/\/www.elturistatranquil.com\/wp-content\/uploads\/F01Cuenca-centro-historico-Google-earth-2023-05-04.jpg\" class=\"attachment-large size-large wp-image-46625\" alt=\"Cuenca centro hist\u00f3rico (Google earth-2023-05-04)\" srcset=\"https:\/\/www.elturistatranquil.com\/wp-content\/uploads\/F01Cuenca-centro-historico-Google-earth-2023-05-04.jpg 768w, https:\/\/www.elturistatranquil.com\/wp-content\/uploads\/F01Cuenca-centro-historico-Google-earth-2023-05-04-339x226.jpg 339w\" sizes=\"(max-width: 768px) 100vw, 768px\" \/>\t\t\t\t\t\t\t\t\t\t\t<figcaption class=\"widget-image-caption wp-caption-text\">Conca centre hist\u00f2ric (Google earth 2023-05-04)<\/figcaption>\n\t\t\t\t\t\t\t\t\t\t<\/figure>\n\t\t\t\t\t\t\t\t\t<\/div>\n\t\t\t\t<\/div>\n\t\t\t\t<div class=\"elementor-element elementor-element-40858e80 elementor-widget elementor-widget-spacer\" data-id=\"40858e80\" data-element_type=\"widget\" data-e-type=\"widget\" data-widget_type=\"spacer.default\">\n\t\t\t\t<div class=\"elementor-widget-container\">\n\t\t\t\t\t\t\t<div class=\"elementor-spacer\">\n\t\t\t<div class=\"elementor-spacer-inner\"><\/div>\n\t\t<\/div>\n\t\t\t\t\t\t<\/div>\n\t\t\t\t<\/div>\n\t\t\t\t<section class=\"elementor-section elementor-inner-section elementor-element elementor-element-1f0227d7 elementor-section-boxed elementor-section-height-default elementor-section-height-default\" data-id=\"1f0227d7\" data-element_type=\"section\" data-e-type=\"section\" data-settings=\"{&quot;background_background&quot;:&quot;classic&quot;}\">\n\t\t\t\t\t\t\t<div class=\"elementor-background-overlay\"><\/div>\n\t\t\t\t\t\t\t<div class=\"elementor-container elementor-column-gap-default\">\n\t\t\t\t\t<div class=\"elementor-column elementor-col-100 elementor-inner-column elementor-element elementor-element-1b16df43\" data-id=\"1b16df43\" data-element_type=\"column\" data-e-type=\"column\" data-settings=\"{&quot;background_background&quot;:&quot;classic&quot;}\">\n\t\t\t<div class=\"elementor-widget-wrap elementor-element-populated\">\n\t\t\t\t\t\t<div class=\"elementor-element elementor-element-7ba165d9 elementor-widget elementor-widget-text-editor\" data-id=\"7ba165d9\" data-element_type=\"widget\" data-e-type=\"widget\" data-widget_type=\"text-editor.default\">\n\t\t\t\t<div class=\"elementor-widget-container\">\n\t\t\t\t\t\t\t\t\t<p>Comarca: Serran\u00eda Media. Prov\u00edncia: Cuenca. Com. Aut\u00f2noma: Castilla-La Mancha<\/p><p>Coordenades: 40\u00b004\u203218\u2033N 2\u00b008\u203206\u2033O. Altitud: 997 msnm. Poblaci\u00f3: 52.682 habitants (2022)<\/p><p>Web: <a href=\"https:\/\/www.cuenca.es\/\" target=\"_blank\" rel=\"noopener\">ayuntamiento<\/a><\/p><p><em>Ciutat Patrimoni Mundial per la UNESCO<\/em> (1996)<\/p><p>Visita: 2022<\/p>\t\t\t\t\t\t\t\t<\/div>\n\t\t\t\t<\/div>\n\t\t\t\t\t<\/div>\n\t\t<\/div>\n\t\t\t\t\t<\/div>\n\t\t<\/section>\n\t\t\t\t<div class=\"elementor-element elementor-element-7a6dea4b elementor-widget elementor-widget-image\" data-id=\"7a6dea4b\" data-element_type=\"widget\" data-e-type=\"widget\" data-widget_type=\"image.default\">\n\t\t\t\t<div class=\"elementor-widget-container\">\n\t\t\t\t\t\t\t\t\t\t\t\t<figure class=\"wp-caption\">\n\t\t\t\t\t\t\t\t\t\t<img decoding=\"async\" width=\"768\" height=\"512\" src=\"https:\/\/www.elturistatranquil.com\/wp-content\/uploads\/F02c-Mapa-de-situacio-de-Conca-Google-maps-2023-05-04.jpg\" class=\"attachment-medium_large size-medium_large wp-image-46832\" alt=\"Mapa de situacio de Conca-(Google maps 2023-05-04)\" srcset=\"https:\/\/www.elturistatranquil.com\/wp-content\/uploads\/F02c-Mapa-de-situacio-de-Conca-Google-maps-2023-05-04.jpg 768w, https:\/\/www.elturistatranquil.com\/wp-content\/uploads\/F02c-Mapa-de-situacio-de-Conca-Google-maps-2023-05-04-339x226.jpg 339w\" sizes=\"(max-width: 768px) 100vw, 768px\" \/>\t\t\t\t\t\t\t\t\t\t\t<figcaption class=\"widget-image-caption wp-caption-text\">Mapa de situaci\u00f3 de Cuenca (Google maps 2023-05-04)<\/figcaption>\n\t\t\t\t\t\t\t\t\t\t<\/figure>\n\t\t\t\t\t\t\t\t\t<\/div>\n\t\t\t\t<\/div>\n\t\t\t\t<div class=\"elementor-element elementor-element-4ff13372 elementor-widget elementor-widget-spacer\" data-id=\"4ff13372\" data-element_type=\"widget\" data-e-type=\"widget\" data-widget_type=\"spacer.default\">\n\t\t\t\t<div class=\"elementor-widget-container\">\n\t\t\t\t\t\t\t<div class=\"elementor-spacer\">\n\t\t\t<div class=\"elementor-spacer-inner\"><\/div>\n\t\t<\/div>\n\t\t\t\t\t\t<\/div>\n\t\t\t\t<\/div>\n\t\t\t\t<div class=\"elementor-element elementor-element-716ecc09 elementor-toc--minimized-on-tablet elementor-widget elementor-widget-table-of-contents\" data-id=\"716ecc09\" data-element_type=\"widget\" data-e-type=\"widget\" data-settings=\"{&quot;headings_by_tags&quot;:[&quot;h2&quot;,&quot;h3&quot;,&quot;h4&quot;],&quot;marker_view&quot;:&quot;bullets&quot;,&quot;icon&quot;:{&quot;value&quot;:&quot;&quot;,&quot;library&quot;:&quot;&quot;},&quot;no_headings_message&quot;:&quot;No s&#039;ha trobat cap encap\\u00e7alament en aquesta p\\u00e0gina.&quot;,&quot;minimize_box&quot;:&quot;yes&quot;,&quot;minimized_on&quot;:&quot;tablet&quot;,&quot;hierarchical_view&quot;:&quot;yes&quot;,&quot;min_height&quot;:{&quot;unit&quot;:&quot;px&quot;,&quot;size&quot;:&quot;&quot;,&quot;sizes&quot;:[]},&quot;min_height_tablet&quot;:{&quot;unit&quot;:&quot;px&quot;,&quot;size&quot;:&quot;&quot;,&quot;sizes&quot;:[]},&quot;min_height_mobile&quot;:{&quot;unit&quot;:&quot;px&quot;,&quot;size&quot;:&quot;&quot;,&quot;sizes&quot;:[]}}\" data-widget_type=\"table-of-contents.default\">\n\t\t\t\t<div class=\"elementor-widget-container\">\n\t\t\t\t\t\t\t\t\t<div class=\"elementor-toc__header\">\n\t\t\t\t\t\t<h4 class=\"elementor-toc__header-title\">\n\t\t\t\t\u00cdndex\t\t\t<\/h4>\n\t\t\t\t\t\t\t\t\t\t<div class=\"elementor-toc__toggle-button elementor-toc__toggle-button--expand\" role=\"button\" tabindex=\"0\" aria-controls=\"elementor-toc__716ecc09\" aria-expanded=\"true\" aria-label=\"Open table of contents\"><i aria-hidden=\"true\" class=\"fas fa-chevron-down\"><\/i><\/div>\n\t\t\t\t<div class=\"elementor-toc__toggle-button elementor-toc__toggle-button--collapse\" role=\"button\" tabindex=\"0\" aria-controls=\"elementor-toc__716ecc09\" aria-expanded=\"true\" aria-label=\"Close table of contents\"><i aria-hidden=\"true\" class=\"fas fa-chevron-up\"><\/i><\/div>\n\t\t\t\t\t<\/div>\n\t\t\t\t<div id=\"elementor-toc__716ecc09\" class=\"elementor-toc__body\">\n\t\t\t<div class=\"elementor-toc__spinner-container\">\n\t\t\t\t<i class=\"elementor-toc__spinner eicon-animation-spin eicon-loading\" aria-hidden=\"true\"><\/i>\t\t\t<\/div>\n\t\t<\/div>\n\t\t\t\t\t\t<\/div>\n\t\t\t\t<\/div>\n\t\t\t\t<div class=\"elementor-element elementor-element-43b6362f elementor-widget elementor-widget-menu-anchor\" data-id=\"43b6362f\" data-element_type=\"widget\" data-e-type=\"widget\" data-widget_type=\"menu-anchor.default\">\n\t\t\t\t<div class=\"elementor-widget-container\">\n\t\t\t\t\t\t\t<div class=\"elementor-menu-anchor\" id=\"a0101-EnlaceaunpuntodentrodelPost\"><\/div>\n\t\t\t\t\t\t<\/div>\n\t\t\t\t<\/div>\n\t\t\t\t<div class=\"elementor-element elementor-element-44469d23 elementor-widget elementor-widget-spacer\" data-id=\"44469d23\" data-element_type=\"widget\" data-e-type=\"widget\" data-widget_type=\"spacer.default\">\n\t\t\t\t<div class=\"elementor-widget-container\">\n\t\t\t\t\t\t\t<div class=\"elementor-spacer\">\n\t\t\t<div class=\"elementor-spacer-inner\"><\/div>\n\t\t<\/div>\n\t\t\t\t\t\t<\/div>\n\t\t\t\t<\/div>\n\t\t\t\t<div class=\"elementor-element elementor-element-42ea7fe elementor-widget elementor-widget-heading\" data-id=\"42ea7fe\" data-element_type=\"widget\" data-e-type=\"widget\" data-widget_type=\"heading.default\">\n\t\t\t\t<div class=\"elementor-widget-container\">\n\t\t\t\t\t<h2 class=\"elementor-heading-title elementor-size-default\">Un passeig pel centre hist\u00f2ric de Conca<\/h2>\t\t\t\t<\/div>\n\t\t\t\t<\/div>\n\t\t\t\t<div class=\"elementor-element elementor-element-670b5a4a elementor-widget elementor-widget-text-editor\" data-id=\"670b5a4a\" data-element_type=\"widget\" data-e-type=\"widget\" data-widget_type=\"text-editor.default\">\n\t\t\t\t<div class=\"elementor-widget-container\">\n\t\t\t\t\t\t\t\t\t<p>En aquest <em>Post<\/em> proposo un simple <strong>passeig pel centre hist\u00f2ric de la ciutat de Conca<\/strong>. No es tractar\u00e0 d&#8217;una presentaci\u00f3 exhaustiva del contingut hist\u00f2ric de la ciutat, sin\u00f3 \u00fanicament un recorregut r\u00e0pid per la part m\u00e9s significativa que li val, des del 1966, ser considerada <strong>Ciutat Patrimoni Mundial <\/strong>per la UNESCO.<\/p>\t\t\t\t\t\t\t\t<\/div>\n\t\t\t\t<\/div>\n\t\t\t\t<div class=\"elementor-element elementor-element-7b5e4a38 elementor-widget elementor-widget-heading\" data-id=\"7b5e4a38\" data-element_type=\"widget\" data-e-type=\"widget\" data-widget_type=\"heading.default\">\n\t\t\t\t<div class=\"elementor-widget-container\">\n\t\t\t\t\t<h2 class=\"elementor-heading-title elementor-size-default\">La ciutat de Conca<\/h2>\t\t\t\t<\/div>\n\t\t\t\t<\/div>\n\t\t\t\t<div class=\"elementor-element elementor-element-34cffb8 elementor-widget elementor-widget-text-editor\" data-id=\"34cffb8\" data-element_type=\"widget\" data-e-type=\"widget\" data-widget_type=\"text-editor.default\">\n\t\t\t\t<div class=\"elementor-widget-container\">\n\t\t\t\t\t\t\t\t\t<p>La ciutat de <strong>Conca<\/strong>, situada al centre d&#8217;Espanya, a la comunitat aut\u00f2noma de Castilla-la Manxa, a una altitud de 946 metres sobre el nivell del mar, es localitza al l\u00edmit entre la Meseta Central i la regi\u00f3 muntanyenca de Conca, una zona muntanyosa que forma part de la Serralada Ib\u00e8rica.<\/p><p>Al seu torn, s&#8217;assenta sobre una pen\u00ednsula rocosa que s&#8217;eleva verticalment sobre els congosts excavats en terreny calcari per les gorgues dels rius X\u00faquer i Hu\u00e8car, al punt d&#8217;on uni\u00f3 de tots dos. L&#8217;erosi\u00f3 conforma una muralla natural vertical pels dos costats. Sobre aquest penyal s&#8217;eleven les famoses <strong>cases penjades<\/strong> (<strong><em>casas colgadas<\/em><\/strong>) <strong>de Conca<\/strong>, s\u00edmbol ic\u00f2nic de la ciutat.<\/p><p>Tot i que en aquesta zona geogr\u00e0fica es t\u00e9 const\u00e0ncia de l&#8217;exist\u00e8ncia de poblament hum\u00e0 des del Paleol\u00edtic Superior, la pen\u00ednsula elevada que ocupa la ciutat hist\u00f2rica es considera que respon a una creaci\u00f3 musulmana dels segles IX i X, durant el per\u00edode Califal. de la Cora de Santaver.<\/p><p>L&#8217;inter\u00e8s musulm\u00e0 per establir un assentament en aquest punt estaria relacionat amb ser un dels millors empla\u00e7aments defensius de la Regi\u00f3 muntanyenca en les rutes estrat\u00e8giques entre la Mancha i les valls de l&#8217;Ebre i del Tajo per constituir un inigualable empla\u00e7ament en forma d&#8217;<a href=\"https:\/\/www.elturistatranquil.com\/ca\/els-castells-medievals-a-espanya-tipologies\/#b1204\" target=\"_blank\" rel=\"noopener\">altipl\u00e0 roquer<\/a> protegit per les gorgues de tots dos rius.<\/p><p>En cr\u00e9ixer en poblaci\u00f3 i import\u00e0ncia, va arribar a convertir-se en capital de la Cora.<\/p><p>El 1031, en caure el Califat de C\u00f2rdova, va quedar integrada a la Taifa de Toledo i, despr\u00e9s de la batalla d&#8217;Ucl\u00e9s el 1108 va quedar sota el control dels almor\u00e0vits. Les fonts escrites del segle XII destaquen les muralles i la important ind\u00fastria t\u00e8xtil.<\/p><p>Al punt m\u00e9s alt del tur\u00f3, que correspon al que podria considerar-se l&#8217;istme, com la part m\u00e9s estreta, va ser on es va localitzar l&#8217;alc\u00e0sser o castell, amb sengles fossars, una cap a l&#8217;exterior i l&#8217;altra davant del conjunt urb\u00e0 que correspondria a l&#8217;alcassaba.<\/p><p>Quan el 1177 Alfonso VIII conqueria de forma definitiva la ciutat, devia de comptar amb uns 2.000 habitants. La ciutat adquireix personalitat jur\u00eddica amb el Fur, de manera que la repoblaci\u00f3 li dona un impuls demogr\u00e0fic, amb l&#8217;assentament de poblacions cristianes i musulmanes; es constitueix com a seu episcopal, amb la conseg\u00fcent proliferaci\u00f3 de parr\u00f2quies i convents, i la construcci\u00f3 de la catedral, -la pres\u00e8ncia de l&#8217;Orde de Santiago-; alhora que s&#8217;expandeix l&#8217;activitat ramadera i de la ind\u00fastria t\u00e8xtil, cosa que li aporta una important base econ\u00f2mica. Amb tot aix\u00f2, Conca passa a ser una de les ciutats m\u00e9s importants del regne de Castella.<\/p><p>Al 1257, Alfons X li concedeix el t\u00edtol de ciutat, alhora l&#8217;augment d&#8217;import\u00e0ncia i poblaci\u00f3 porta a iniciar-se l&#8217;expansi\u00f3 urbana m\u00e9s enll\u00e0 del recinte defensiu, i es poblen les zones m\u00e9s baixes, comen\u00e7ant la seva organitzaci\u00f3 en barris.<\/p><p>L&#8217;expansi\u00f3 en ravals que baixaven pel sud cap al riu Hu\u00e9car, va obligar a construir un tercer i definitiu mur defensiu m\u00e9s proper a la part baixa del riu.<\/p><p>Als pl\u00e0nols seg\u00fcents, en color, l&#8217;expansi\u00f3 urbana hist\u00f2rica de Conca, representada sobre la base del pl\u00e0nol urb\u00e0 actual.<\/p>\t\t\t\t\t\t\t\t<\/div>\n\t\t\t\t<\/div>\n\t\t\t\t<section class=\"elementor-section elementor-inner-section elementor-element elementor-element-4db7d68 elementor-section-boxed elementor-section-height-default elementor-section-height-default\" data-id=\"4db7d68\" data-element_type=\"section\" data-e-type=\"section\">\n\t\t\t\t\t\t<div class=\"elementor-container elementor-column-gap-default\">\n\t\t\t\t\t<div class=\"elementor-column elementor-col-50 elementor-inner-column elementor-element elementor-element-cb23693\" data-id=\"cb23693\" data-element_type=\"column\" data-e-type=\"column\">\n\t\t\t<div class=\"elementor-widget-wrap elementor-element-populated\">\n\t\t\t\t\t\t<div class=\"elementor-element elementor-element-9792da2 elementor-widget elementor-widget-image\" data-id=\"9792da2\" data-element_type=\"widget\" data-e-type=\"widget\" data-widget_type=\"image.default\">\n\t\t\t\t<div class=\"elementor-widget-container\">\n\t\t\t\t\t\t\t\t\t\t\t\t\t\t\t<img decoding=\"async\" width=\"380\" height=\"338\" src=\"https:\/\/www.elturistatranquil.com\/wp-content\/uploads\/F03m-Plano-Cuenca-s-X.jpg\" class=\"attachment-large size-large wp-image-46629\" alt=\"Plano Cuenca s X\" srcset=\"https:\/\/www.elturistatranquil.com\/wp-content\/uploads\/F03m-Plano-Cuenca-s-X.jpg 380w, https:\/\/www.elturistatranquil.com\/wp-content\/uploads\/F03m-Plano-Cuenca-s-X-254x226.jpg 254w\" sizes=\"(max-width: 380px) 100vw, 380px\" \/>\t\t\t\t\t\t\t\t\t\t\t\t\t\t\t<\/div>\n\t\t\t\t<\/div>\n\t\t\t\t\t<\/div>\n\t\t<\/div>\n\t\t\t\t<div class=\"elementor-column elementor-col-50 elementor-inner-column elementor-element elementor-element-1a79dfa\" data-id=\"1a79dfa\" data-element_type=\"column\" data-e-type=\"column\">\n\t\t\t<div class=\"elementor-widget-wrap elementor-element-populated\">\n\t\t\t\t\t\t<div class=\"elementor-element elementor-element-5d60cee elementor-widget elementor-widget-image\" data-id=\"5d60cee\" data-element_type=\"widget\" data-e-type=\"widget\" data-widget_type=\"image.default\">\n\t\t\t\t<div class=\"elementor-widget-container\">\n\t\t\t\t\t\t\t\t\t\t\t\t\t\t\t<img loading=\"lazy\" decoding=\"async\" width=\"380\" height=\"338\" src=\"https:\/\/www.elturistatranquil.com\/wp-content\/uploads\/F03n-Plano-Cuenca-s-XII.jpg\" class=\"attachment-large size-large wp-image-46631\" alt=\"Plano Cuenca s XII\" srcset=\"https:\/\/www.elturistatranquil.com\/wp-content\/uploads\/F03n-Plano-Cuenca-s-XII.jpg 380w, https:\/\/www.elturistatranquil.com\/wp-content\/uploads\/F03n-Plano-Cuenca-s-XII-254x226.jpg 254w\" sizes=\"(max-width: 380px) 100vw, 380px\" \/>\t\t\t\t\t\t\t\t\t\t\t\t\t\t\t<\/div>\n\t\t\t\t<\/div>\n\t\t\t\t\t<\/div>\n\t\t<\/div>\n\t\t\t\t\t<\/div>\n\t\t<\/section>\n\t\t\t\t<section class=\"elementor-section elementor-inner-section elementor-element elementor-element-b4d1483 elementor-section-boxed elementor-section-height-default elementor-section-height-default\" data-id=\"b4d1483\" data-element_type=\"section\" data-e-type=\"section\">\n\t\t\t\t\t\t<div class=\"elementor-container elementor-column-gap-default\">\n\t\t\t\t\t<div class=\"elementor-column elementor-col-50 elementor-inner-column elementor-element elementor-element-d868dd3\" data-id=\"d868dd3\" data-element_type=\"column\" data-e-type=\"column\">\n\t\t\t<div class=\"elementor-widget-wrap elementor-element-populated\">\n\t\t\t\t\t\t<div class=\"elementor-element elementor-element-996647e elementor-widget elementor-widget-image\" data-id=\"996647e\" data-element_type=\"widget\" data-e-type=\"widget\" data-widget_type=\"image.default\">\n\t\t\t\t<div class=\"elementor-widget-container\">\n\t\t\t\t\t\t\t\t\t\t\t\t\t\t\t<img loading=\"lazy\" decoding=\"async\" width=\"380\" height=\"337\" src=\"https:\/\/www.elturistatranquil.com\/wp-content\/uploads\/F03o-Plano-Cuenca-s-XVI.jpg\" class=\"attachment-large size-large wp-image-46633\" alt=\"Plano Cuenca s XVI\" srcset=\"https:\/\/www.elturistatranquil.com\/wp-content\/uploads\/F03o-Plano-Cuenca-s-XVI.jpg 380w, https:\/\/www.elturistatranquil.com\/wp-content\/uploads\/F03o-Plano-Cuenca-s-XVI-255x226.jpg 255w\" sizes=\"(max-width: 380px) 100vw, 380px\" \/>\t\t\t\t\t\t\t\t\t\t\t\t\t\t\t<\/div>\n\t\t\t\t<\/div>\n\t\t\t\t\t<\/div>\n\t\t<\/div>\n\t\t\t\t<div class=\"elementor-column elementor-col-50 elementor-inner-column elementor-element elementor-element-e73f574\" data-id=\"e73f574\" data-element_type=\"column\" data-e-type=\"column\">\n\t\t\t<div class=\"elementor-widget-wrap elementor-element-populated\">\n\t\t\t\t\t\t<div class=\"elementor-element elementor-element-5eda204 elementor-widget elementor-widget-image\" data-id=\"5eda204\" data-element_type=\"widget\" data-e-type=\"widget\" data-widget_type=\"image.default\">\n\t\t\t\t<div class=\"elementor-widget-container\">\n\t\t\t\t\t\t\t\t\t\t\t\t\t\t\t<img loading=\"lazy\" decoding=\"async\" width=\"380\" height=\"336\" src=\"https:\/\/www.elturistatranquil.com\/wp-content\/uploads\/F03p-Plano-Cuenca-s-XX.jpg\" class=\"attachment-large size-large wp-image-46635\" alt=\"Plano Cuenca s XX\" srcset=\"https:\/\/www.elturistatranquil.com\/wp-content\/uploads\/F03p-Plano-Cuenca-s-XX.jpg 380w, https:\/\/www.elturistatranquil.com\/wp-content\/uploads\/F03p-Plano-Cuenca-s-XX-256x226.jpg 256w\" sizes=\"(max-width: 380px) 100vw, 380px\" \/>\t\t\t\t\t\t\t\t\t\t\t\t\t\t\t<\/div>\n\t\t\t\t<\/div>\n\t\t\t\t\t<\/div>\n\t\t<\/div>\n\t\t\t\t\t<\/div>\n\t\t<\/section>\n\t\t\t\t<div class=\"elementor-element elementor-element-1cb772f2 elementor-widget elementor-widget-text-editor\" data-id=\"1cb772f2\" data-element_type=\"widget\" data-e-type=\"widget\" data-widget_type=\"text-editor.default\">\n\t\t\t\t<div class=\"elementor-widget-container\">\n\t\t\t\t\t\t\t\t\t<p>\u00a0<\/p><p>Al llarg del segle XV, l&#8217;espai emmurallat de la ciutat, i per tant pr\u00f2piament urb\u00e0, estava organitzat al voltant d&#8217;un gran eix que, a partir del castell, al punt de major elevaci\u00f3, arribava a la porta de Huete, prop de la desembocadura del Hu\u00e9car, passant per la pla\u00e7a Major. M\u00e9s avall d&#8217;aquesta darrera pla\u00e7a sortirien d&#8217;aquest eix fonamental les comunicacions que permetien accedir als barris sorgits de l&#8217;expansi\u00f3 urbana posterior a la conquesta, disposats en forma de ventall en direcci\u00f3 al Hu\u00e9car.<\/p><p>Com era propi de l&#8217;\u00e8poca, una ciutat important veia refor\u00e7at el seu poder per l&#8217;increment de la pres\u00e8ncia de <a href=\"https:\/\/www.elturistatranquil.com\/ca\/esglesies-monestirs-i-ordres-religioses-a-ledat-mitjana\/\" target=\"_blank\" rel=\"noopener\">monestirs i convents<\/a> de la multitud d&#8217;Ordes religioses existents, que volien ser presents a totes les ciutats importants, aix\u00ed com la proliferaci\u00f3 d&#8217;esgl\u00e9sies parroquials de la branca secular, tant dins com fora de les muralles.<\/p><p>Els segles XV i XVI seran d&#8217;apogeu de la ciutat, que es calcula que va arribar a tenir uns 16.000 habitants.<\/p>\t\t\t\t\t\t\t\t<\/div>\n\t\t\t\t<\/div>\n\t\t\t\t<div class=\"elementor-element elementor-element-1ed26fdb elementor-widget elementor-widget-image\" data-id=\"1ed26fdb\" data-element_type=\"widget\" data-e-type=\"widget\" data-widget_type=\"image.default\">\n\t\t\t\t<div class=\"elementor-widget-container\">\n\t\t\t\t\t\t\t\t\t\t\t\t<figure class=\"wp-caption\">\n\t\t\t\t\t\t\t\t\t\t<img loading=\"lazy\" decoding=\"async\" width=\"768\" height=\"244\" src=\"https:\/\/www.elturistatranquil.com\/wp-content\/uploads\/F04-Cuenca-1565.jpg\" class=\"attachment-large size-large wp-image-46640\" alt=\"Cuenca-1565\" srcset=\"https:\/\/www.elturistatranquil.com\/wp-content\/uploads\/F04-Cuenca-1565.jpg 768w, https:\/\/www.elturistatranquil.com\/wp-content\/uploads\/F04-Cuenca-1565-339x108.jpg 339w\" sizes=\"(max-width: 768px) 100vw, 768px\" \/>\t\t\t\t\t\t\t\t\t\t\t<figcaption class=\"widget-image-caption wp-caption-text\">Vista de Conca des de l'est, d'Anton van den Wyngaerde (1565)<\/figcaption>\n\t\t\t\t\t\t\t\t\t\t<\/figure>\n\t\t\t\t\t\t\t\t\t<\/div>\n\t\t\t\t<\/div>\n\t\t\t\t<div class=\"elementor-element elementor-element-064cf6f elementor-widget elementor-widget-text-editor\" data-id=\"064cf6f\" data-element_type=\"widget\" data-e-type=\"widget\" data-widget_type=\"text-editor.default\">\n\t\t\t\t<div class=\"elementor-widget-container\">\n\t\t\t\t\t\t\t\t\t<p>Per\u00f2, a partir de l&#8217;epid\u00e8mia de pesta de 1588, una successi\u00f3 d&#8217;esdeveniments (sequera, plagues, preus de la llana, etc.) van provocar la progressiva decad\u00e8ncia de la ciutat.<\/p><p>La guerra del Franc\u00e8s la va afectar greument per successius saquejos -m\u00e9s de nou vegades- per les forces napole\u00f2niques.<\/p><p>El 1833 es converteix en la capital de la nova prov\u00edncia de Conca.<\/p><p>Amb les guerres Carlistes, es va veure afectada per la Tercera, quan va tornar a ser saquejada novament dues vegades, amb la crema de gran part de la ciutat i nombrosos morts.<\/p><p>A l&#8217;\u00e8poca de les desamortitzacions, l&#8217;esgl\u00e9sia deixa de ser el poder organitzador de la ciutat antiga, mentre que els nous poders urbans opten per despla\u00e7ar-se a la ciutat extramurs, accentuant la marginaci\u00f3 de la \u201cCiutat Alta\u201d.<\/p><p>L&#8217;arribada del ferrocarril a finals del XIX consolida encara m\u00e9s l&#8217;expansi\u00f3 de la part baixa fora de la muralla.<\/p><p>El pont de Sant Pau va haver de ser demolit el 1889 per amena\u00e7ar ru\u00efna, substituint-se el 1902 per l&#8217;actual d&#8217;estructura d&#8217;acer. El pont anterior s\u2019aprecia en aquesta vista de 1853 de \u201cConca desde el cerro de San Cristoval\u201d de Parcerisa.<\/p>\t\t\t\t\t\t\t\t<\/div>\n\t\t\t\t<\/div>\n\t\t\t\t<div class=\"elementor-element elementor-element-a4445e9 elementor-widget elementor-widget-image\" data-id=\"a4445e9\" data-element_type=\"widget\" data-e-type=\"widget\" data-widget_type=\"image.default\">\n\t\t\t\t<div class=\"elementor-widget-container\">\n\t\t\t\t\t\t\t\t\t\t\t\t<figure class=\"wp-caption\">\n\t\t\t\t\t\t\t\t\t\t<img loading=\"lazy\" decoding=\"async\" width=\"768\" height=\"292\" src=\"https:\/\/www.elturistatranquil.com\/wp-content\/uploads\/F05-Cuenca-Imagen-s-XIX-.jpg\" class=\"attachment-large size-large wp-image-46644\" alt=\"Cuenca Imagen s XIX-\" srcset=\"https:\/\/www.elturistatranquil.com\/wp-content\/uploads\/F05-Cuenca-Imagen-s-XIX-.jpg 768w, https:\/\/www.elturistatranquil.com\/wp-content\/uploads\/F05-Cuenca-Imagen-s-XIX--339x129.jpg 339w\" sizes=\"(max-width: 768px) 100vw, 768px\" \/>\t\t\t\t\t\t\t\t\t\t\t<figcaption class=\"widget-image-caption wp-caption-text\">\u201cCuenca desde el cerro de San Cristoval\u201d de Parcerisa<\/figcaption>\n\t\t\t\t\t\t\t\t\t\t<\/figure>\n\t\t\t\t\t\t\t\t\t<\/div>\n\t\t\t\t<\/div>\n\t\t\t\t<div class=\"elementor-element elementor-element-0667497 elementor-widget elementor-widget-text-editor\" data-id=\"0667497\" data-element_type=\"widget\" data-e-type=\"widget\" data-widget_type=\"text-editor.default\">\n\t\t\t\t<div class=\"elementor-widget-container\">\n\t\t\t\t\t\t\t\t\t<p>La recuperaci\u00f3 i la consolidaci\u00f3 de la ciutat, i amb ella de la part hist\u00f2rica, es produeix durant el segle XX, i comporta el despla\u00e7ament del centre d&#8217;activitat a la part nova de la ciutat, amb l&#8217;aband\u00f3 progressiu de la ciutat antiga fins que, el 1963, el nucli antic i el seu entorn \u00e9s declarat <strong>Paratge Pintoresc<\/strong>, alhora que es converteix en un pol d&#8217;iniciatives art\u00edstiques. El 1962 s&#8217;inicien les <strong>Setmana de M\u00fasica Religiosa de Conca<\/strong>, que es mantenen fins a l&#8217;actualitat, i s\u00f3n declarades <strong>Festa d&#8217;Inter\u00e8s Tur\u00edstic Internacional<\/strong> el 1979. Per la seva banda es converteix en centre d&#8217;atracci\u00f3 dels joves pintors informalistes que es formalitza en la creaci\u00f3 el 1966 del <strong>Museu d&#8217;Art Abstracte Espanyol<\/strong>, estrat\u00e8gicament ubicat a les Cases Penjades.<\/p><p>Actualment es diferencien tres conjunts urbans: el barri alt, els barris populars hist\u00f2rics i la zona de transici\u00f3 entre tots dos.<\/p><p>Per acumulaci\u00f3 d&#8217;aquest proc\u00e9s hist\u00f2ric, Conca atresora una gran quantitat d&#8217;edificis religiosos i civils de primer ordre, com ara la Catedral, els convents, el pont de San Pablo o les seves c\u00e8lebres Cases Penjades, convertides avui en s\u00edmbol de la ciutat.<\/p><p>El reconeixement internacional de la ciutat hist\u00f2rica culmina amb la seva inclusi\u00f3 l\u2019any 1996 al cat\u00e0leg de <strong>Ciutats Patrimoni Mundial <\/strong>per la UNESCO. Per mantenir aquesta consideraci\u00f3 obligar\u00e0 a posar en marxa mecanismes de protecci\u00f3 d&#8217;aquest patrimoni.<\/p>\t\t\t\t\t\t\t\t<\/div>\n\t\t\t\t<\/div>\n\t\t\t\t<div class=\"elementor-element elementor-element-9c08f9c elementor-widget elementor-widget-heading\" data-id=\"9c08f9c\" data-element_type=\"widget\" data-e-type=\"widget\" data-widget_type=\"heading.default\">\n\t\t\t\t<div class=\"elementor-widget-container\">\n\t\t\t\t\t<h2 class=\"elementor-heading-title elementor-size-default\">La Ciutat Hist\u00f2rica Murada de Conca a la Llista del Patrimoni Mundial<\/h2>\t\t\t\t<\/div>\n\t\t\t\t<\/div>\n\t\t\t\t<div class=\"elementor-element elementor-element-d978d9e elementor-widget elementor-widget-text-editor\" data-id=\"d978d9e\" data-element_type=\"widget\" data-e-type=\"widget\" data-widget_type=\"text-editor.default\">\n\t\t\t\t<div class=\"elementor-widget-container\">\n\t\t\t\t\t\t\t\t\t<p>Com acabo d&#8217;assenyalar, la <a href=\"https:\/\/whc.unesco.org\/en\/list\/781\" target=\"_blank\" rel=\"noopener\">Ciutat Hist\u00f2rica Murada de Cuenca<\/a> va ser inclosa el 1996 a la <a href=\"https:\/\/whc.unesco.org\/en\/list\/\" target=\"_blank\" rel=\"noopener\">Llista del Patrimoni Mundial<\/a> de la UNESCO.<\/p><p>A la <em>Declaraci\u00f3<\/em>, despr\u00e9s d&#8217;un pre\u00e0mbul de presentaci\u00f3, s&#8217;aporten els criteris de \u201cJustificaci\u00f3 de la inscripci\u00f3\u201d:<\/p><h4>Ciutat Hist\u00f2rica Murada de Conca<\/h4><p><em>Constru\u00efda pels moros en una posici\u00f3 defensiva al cor del califat de C\u00f2rdova, Conca \u00e9s una ciutat fortificada medieval excepcionalment ben conservada. Conquerida pels castellans al segle XII, es va convertir en vila reial i bisbat dotada d&#8217;importants edificis, com la primera catedral g\u00f2tica d&#8217;Espanya, i les famoses <\/em>cases penjades<em>, suspeses de penya-segats escarpats sobre el riu Hu\u00e9car. Aprofitant-ne al m\u00e0xim la ubicaci\u00f3, la ciutat s&#8217;enlaira sobre el magn\u00edfic paisatge.<\/em><\/p><h4>Justificaci\u00f3 de la inscripci\u00f3 com a Ciutat Patrimoni per la UNESCO<\/h4><p><em>El Comit\u00e8 va decidir inscriure el b\u00e9 proposat sobre la base dels criteris culturals (ii) i (v) considerant que el lloc t\u00e9 un valor universal excepcional, ja que \u00e9s un exemple excepcional de la ciutat fortalesa medieval que ha conservat el paisatge urb\u00e0 original notablement intacte al llarg (sic) amb molts exemples excel\u00b7lents d\u2019arquitectura religiosa i secular dels segles XII al XVIII. Tamb\u00e9 \u00e9s excepcional perqu\u00e8 la vila emmurallada s&#8217;integra i potencia el bell paisatge rural i natural on se situa.<\/em><\/p>\t\t\t\t\t\t\t\t<\/div>\n\t\t\t\t<\/div>\n\t\t\t\t<div class=\"elementor-element elementor-element-dcfce94 elementor-widget elementor-widget-heading\" data-id=\"dcfce94\" data-element_type=\"widget\" data-e-type=\"widget\" data-widget_type=\"heading.default\">\n\t\t\t\t<div class=\"elementor-widget-container\">\n\t\t\t\t\t<h2 class=\"elementor-heading-title elementor-size-default\">El recorregut pel centre hist\u00f2ric de Conca<\/h2>\t\t\t\t<\/div>\n\t\t\t\t<\/div>\n\t\t\t\t<div class=\"elementor-element elementor-element-cb72ab8 elementor-widget elementor-widget-image\" data-id=\"cb72ab8\" data-element_type=\"widget\" data-e-type=\"widget\" data-widget_type=\"image.default\">\n\t\t\t\t<div class=\"elementor-widget-container\">\n\t\t\t\t\t\t\t\t\t\t\t\t<figure class=\"wp-caption\">\n\t\t\t\t\t\t\t\t\t\t<img loading=\"lazy\" decoding=\"async\" width=\"768\" height=\"512\" src=\"https:\/\/www.elturistatranquil.com\/wp-content\/uploads\/F06-Cuenca-centro-historico-Google-earth-2023-05-04.jpg\" class=\"attachment-large size-large wp-image-46646\" alt=\"Cuenca centro historico (Google earth 2023-05-04)\" srcset=\"https:\/\/www.elturistatranquil.com\/wp-content\/uploads\/F06-Cuenca-centro-historico-Google-earth-2023-05-04.jpg 768w, https:\/\/www.elturistatranquil.com\/wp-content\/uploads\/F06-Cuenca-centro-historico-Google-earth-2023-05-04-339x226.jpg 339w\" sizes=\"(max-width: 768px) 100vw, 768px\" \/>\t\t\t\t\t\t\t\t\t\t\t<figcaption class=\"widget-image-caption wp-caption-text\">Conca centre hist\u00f2ric (Google earth 2023-05-04)<\/figcaption>\n\t\t\t\t\t\t\t\t\t\t<\/figure>\n\t\t\t\t\t\t\t\t\t<\/div>\n\t\t\t\t<\/div>\n\t\t\t\t<div class=\"elementor-element elementor-element-0eb0e65 elementor-widget elementor-widget-text-editor\" data-id=\"0eb0e65\" data-element_type=\"widget\" data-e-type=\"widget\" data-widget_type=\"text-editor.default\">\n\t\t\t\t<div class=\"elementor-widget-container\">\n\t\t\t\t\t\t\t\t\t<p>En un succint passeig per la <strong>Conca hist\u00f2rica<\/strong> efectuar\u00e9 un recorregut en qu\u00e8 primer admirar\u00e9 la perspectiva exterior de la ciutat vella des del costat de llevant, el corresponent al riu Hu\u00e9car, tant des del fons de la vall com des del nivell del Parador de Turisme i el pont de Sant Pau. Despr\u00e9s, deixar\u00e9 el cotxe a l&#8217;aparcament al costat de l&#8217;Auditori \u201cJos\u00e9 Luis Perales\u201d, per pujar per la Baixada de Sant Mart\u00ed fins a entrar a la pla\u00e7a Major. Un recorregut circular per la ronda Juli\u00e1n Romero fins a la porta de la muralla i el retorn pel carrer Sant Pere fins a la pla\u00e7a Major, per acabar endinsant-me pel carrer Alfonso VIII.<\/p>\t\t\t\t\t\t\t\t<\/div>\n\t\t\t\t<\/div>\n\t\t\t\t<div class=\"elementor-element elementor-element-545e4704 elementor-widget elementor-widget-heading\" data-id=\"545e4704\" data-element_type=\"widget\" data-e-type=\"widget\" data-widget_type=\"heading.default\">\n\t\t\t\t<div class=\"elementor-widget-container\">\n\t\t\t\t\t<h3 class=\"elementor-heading-title elementor-size-default\">Des del fons del riu Hu\u00e9car<\/h3>\t\t\t\t<\/div>\n\t\t\t\t<\/div>\n\t\t\t\t<div class=\"elementor-element elementor-element-670d404 elementor-widget elementor-widget-text-editor\" data-id=\"670d404\" data-element_type=\"widget\" data-e-type=\"widget\" data-widget_type=\"text-editor.default\">\n\t\t\t\t<div class=\"elementor-widget-container\">\n\t\t\t\t\t\t\t\t\t<p>Per ambientar-me en aquest passeig, opto per comen\u00e7ar amb una perspectiva de conjunt de la seva imatge m\u00e9s pintoresca. Per aix\u00f2, em dirigeixo al fons del riu Hu\u00e9car per la CUV-9144 al revolt sota el Parador de Turisme (40\u00b004&#8217;46.9&#8243;N 2\u00b007&#8217;37.1&#8243;W) (<strong>1<\/strong>).<\/p>\t\t\t\t\t\t\t\t<\/div>\n\t\t\t\t<\/div>\n\t\t\t\t<div class=\"elementor-element elementor-element-3895799 elementor-widget elementor-widget-image\" data-id=\"3895799\" data-element_type=\"widget\" data-e-type=\"widget\" data-widget_type=\"image.default\">\n\t\t\t\t<div class=\"elementor-widget-container\">\n\t\t\t\t\t\t\t\t\t\t\t\t<figure class=\"wp-caption\">\n\t\t\t\t\t\t\t\t\t\t<img loading=\"lazy\" decoding=\"async\" width=\"768\" height=\"512\" src=\"https:\/\/www.elturistatranquil.com\/wp-content\/uploads\/F07-Cuenca.jpg\" class=\"attachment-large size-large wp-image-46648\" alt=\"Cuenca\" srcset=\"https:\/\/www.elturistatranquil.com\/wp-content\/uploads\/F07-Cuenca.jpg 768w, https:\/\/www.elturistatranquil.com\/wp-content\/uploads\/F07-Cuenca-339x226.jpg 339w\" sizes=\"(max-width: 768px) 100vw, 768px\" \/>\t\t\t\t\t\t\t\t\t\t\t<figcaption class=\"widget-image-caption wp-caption-text\"><\/figcaption>\n\t\t\t\t\t\t\t\t\t\t<\/figure>\n\t\t\t\t\t\t\t\t\t<\/div>\n\t\t\t\t<\/div>\n\t\t\t\t<div class=\"elementor-element elementor-element-e0217a5 elementor-widget elementor-widget-text-editor\" data-id=\"e0217a5\" data-element_type=\"widget\" data-e-type=\"widget\" data-widget_type=\"text-editor.default\">\n\t\t\t\t<div class=\"elementor-widget-container\">\n\t\t\t\t\t\t\t\t\t<p>La passarel\u00b7la de ferro de principis del segle XX va substituir el <strong>pont de Sant Pau<\/strong>.<\/p>\t\t\t\t\t\t\t\t<\/div>\n\t\t\t\t<\/div>\n\t\t\t\t<div class=\"elementor-element elementor-element-a4a8e76 elementor-widget elementor-widget-image\" data-id=\"a4a8e76\" data-element_type=\"widget\" data-e-type=\"widget\" data-widget_type=\"image.default\">\n\t\t\t\t<div class=\"elementor-widget-container\">\n\t\t\t\t\t\t\t\t\t\t\t\t<figure class=\"wp-caption\">\n\t\t\t\t\t\t\t\t\t\t<img loading=\"lazy\" decoding=\"async\" width=\"768\" height=\"512\" src=\"https:\/\/www.elturistatranquil.com\/wp-content\/uploads\/F08-Cuenca-Puente-San-Pablo.jpg\" class=\"attachment-large size-large wp-image-46650\" alt=\"Cuenca, Puente San Pablo\" srcset=\"https:\/\/www.elturistatranquil.com\/wp-content\/uploads\/F08-Cuenca-Puente-San-Pablo.jpg 768w, https:\/\/www.elturistatranquil.com\/wp-content\/uploads\/F08-Cuenca-Puente-San-Pablo-339x226.jpg 339w\" sizes=\"(max-width: 768px) 100vw, 768px\" \/>\t\t\t\t\t\t\t\t\t\t\t<figcaption class=\"widget-image-caption wp-caption-text\"><\/figcaption>\n\t\t\t\t\t\t\t\t\t\t<\/figure>\n\t\t\t\t\t\t\t\t\t<\/div>\n\t\t\t\t<\/div>\n\t\t\t\t<div class=\"elementor-element elementor-element-17fbd99 elementor-widget elementor-widget-heading\" data-id=\"17fbd99\" data-element_type=\"widget\" data-e-type=\"widget\" data-widget_type=\"heading.default\">\n\t\t\t\t<div class=\"elementor-widget-container\">\n\t\t\t\t\t<h3 class=\"elementor-heading-title elementor-size-default\">Des del pont de Sant Pau<\/h3>\t\t\t\t<\/div>\n\t\t\t\t<\/div>\n\t\t\t\t<div class=\"elementor-element elementor-element-bd719f2 elementor-widget elementor-widget-text-editor\" data-id=\"bd719f2\" data-element_type=\"widget\" data-e-type=\"widget\" data-widget_type=\"text-editor.default\">\n\t\t\t\t<div class=\"elementor-widget-container\">\n\t\t\t\t\t\t\t\t\t<p>El seg\u00fcent pas a la recerca de la perspectiva externa em porta a pujar per la carretera que porta al <strong>Parador de Conca, antic Convent de Sant Pau<\/strong> (<strong>2<\/strong>). Per als interessats en l&#8217;art contemporani espanyol, a l&#8217;esgl\u00e9sia del convent de dominics s&#8217;hi ha instal\u00b7lat \u00a0<a href=\"https:\/\/www.espaciotorner.es\/\" target=\"_blank\" rel=\"noopener\"><strong>l\u2019espai Torner<\/strong><\/a>, dedicat a aquest artista conquenc amb quaranta escultures i pintures de l&#8217;artista.<\/p><p>Tenim a la vista una completa panor\u00e0mica de la fa\u00e7ana de llevant de la muralla natural i de la ciutat assentada a la c\u00faspide, comen\u00e7ant per una primera imatge de les cases penjades.<\/p><p>L&#8217;antic <strong>pont de Sant Pau<\/strong> (<strong>3<\/strong>), que hem vist dibuixat en una imatge del principi d&#8217;aquest text, era una construcci\u00f3 en pedra de mitjans segle XVI, estava format per cinc arcs recolzats en pilars, dels quals encara queden drets algunes restes. Va haver de ser demolit el 1889 per amena\u00e7ar ru\u00efna, substituint-se el 1902 per l&#8217;actual passarel\u00b7la d&#8217;estructura d&#8217;acer. Projectat per l&#8217;enginyer de camins valenci\u00e0 Jos\u00e9 Mar\u00eda Fuster i Tom\u00e1s, i erigit per George H. Bartle, la fosa del qual, tamb\u00e9 valenciana, comptava amb gran renom per aquella \u00e8poca, quedant inaugurat el 19 d&#8217;abril de 1903. \u00c9s un exemple significatiu de la arquitectura del ferro tipus Eiffel pr\u00f2pia de l&#8217;\u00e8poca. T\u00e9 una al\u00e7ada de 40 metres i una longitud de 110 metres.<\/p><p>\u00c9s un contrast d&#8217;estils des del g\u00f2tic medieval a l&#8217;arquitectura popular i l&#8217;arquitectura del ferro.<\/p>\t\t\t\t\t\t\t\t<\/div>\n\t\t\t\t<\/div>\n\t\t\t\t<div class=\"elementor-element elementor-element-6932179 elementor-widget elementor-widget-image\" data-id=\"6932179\" data-element_type=\"widget\" data-e-type=\"widget\" data-widget_type=\"image.default\">\n\t\t\t\t<div class=\"elementor-widget-container\">\n\t\t\t\t\t\t\t\t\t\t\t\t<figure class=\"wp-caption\">\n\t\t\t\t\t\t\t\t\t\t<img loading=\"lazy\" decoding=\"async\" width=\"768\" height=\"512\" src=\"https:\/\/www.elturistatranquil.com\/wp-content\/uploads\/F09-Cuenca-Puente-San-Pablo.jpg\" class=\"attachment-large size-large wp-image-46655\" alt=\"Cuenca, Puente San Pablo\" srcset=\"https:\/\/www.elturistatranquil.com\/wp-content\/uploads\/F09-Cuenca-Puente-San-Pablo.jpg 768w, https:\/\/www.elturistatranquil.com\/wp-content\/uploads\/F09-Cuenca-Puente-San-Pablo-339x226.jpg 339w\" sizes=\"(max-width: 768px) 100vw, 768px\" \/>\t\t\t\t\t\t\t\t\t\t\t<figcaption class=\"widget-image-caption wp-caption-text\"><\/figcaption>\n\t\t\t\t\t\t\t\t\t\t<\/figure>\n\t\t\t\t\t\t\t\t\t<\/div>\n\t\t\t\t<\/div>\n\t\t\t\t<div class=\"elementor-element elementor-element-6885f2d elementor-widget elementor-widget-image\" data-id=\"6885f2d\" data-element_type=\"widget\" data-e-type=\"widget\" data-widget_type=\"image.default\">\n\t\t\t\t<div class=\"elementor-widget-container\">\n\t\t\t\t\t\t\t\t\t\t\t\t<figure class=\"wp-caption\">\n\t\t\t\t\t\t\t\t\t\t<img loading=\"lazy\" decoding=\"async\" width=\"768\" height=\"512\" src=\"https:\/\/www.elturistatranquil.com\/wp-content\/uploads\/F10-Cuenca-Puente-San-Pablo.jpg\" class=\"attachment-large size-large wp-image-46657\" alt=\"Cuenca, Puente San Pablo\" srcset=\"https:\/\/www.elturistatranquil.com\/wp-content\/uploads\/F10-Cuenca-Puente-San-Pablo.jpg 768w, https:\/\/www.elturistatranquil.com\/wp-content\/uploads\/F10-Cuenca-Puente-San-Pablo-339x226.jpg 339w\" sizes=\"(max-width: 768px) 100vw, 768px\" \/>\t\t\t\t\t\t\t\t\t\t\t<figcaption class=\"widget-image-caption wp-caption-text\"><\/figcaption>\n\t\t\t\t\t\t\t\t\t\t<\/figure>\n\t\t\t\t\t\t\t\t\t<\/div>\n\t\t\t\t<\/div>\n\t\t\t\t<div class=\"elementor-element elementor-element-c95a8d7 elementor-widget elementor-widget-image\" data-id=\"c95a8d7\" data-element_type=\"widget\" data-e-type=\"widget\" data-widget_type=\"image.default\">\n\t\t\t\t<div class=\"elementor-widget-container\">\n\t\t\t\t\t\t\t\t\t\t\t\t<figure class=\"wp-caption\">\n\t\t\t\t\t\t\t\t\t\t<img loading=\"lazy\" decoding=\"async\" width=\"768\" height=\"512\" src=\"https:\/\/www.elturistatranquil.com\/wp-content\/uploads\/F12-Cuenca.jpg\" class=\"attachment-large size-large wp-image-46659\" alt=\"Cuenca\" srcset=\"https:\/\/www.elturistatranquil.com\/wp-content\/uploads\/F12-Cuenca.jpg 768w, https:\/\/www.elturistatranquil.com\/wp-content\/uploads\/F12-Cuenca-339x226.jpg 339w\" sizes=\"(max-width: 768px) 100vw, 768px\" \/>\t\t\t\t\t\t\t\t\t\t\t<figcaption class=\"widget-image-caption wp-caption-text\"><\/figcaption>\n\t\t\t\t\t\t\t\t\t\t<\/figure>\n\t\t\t\t\t\t\t\t\t<\/div>\n\t\t\t\t<\/div>\n\t\t\t\t<div class=\"elementor-element elementor-element-2c30ea7 elementor-widget elementor-widget-image\" data-id=\"2c30ea7\" data-element_type=\"widget\" data-e-type=\"widget\" data-widget_type=\"image.default\">\n\t\t\t\t<div class=\"elementor-widget-container\">\n\t\t\t\t\t\t\t\t\t\t\t\t<figure class=\"wp-caption\">\n\t\t\t\t\t\t\t\t\t\t<img loading=\"lazy\" decoding=\"async\" width=\"768\" height=\"512\" src=\"https:\/\/www.elturistatranquil.com\/wp-content\/uploads\/F13-Cuenca.jpg\" class=\"attachment-large size-large wp-image-46661\" alt=\"Cuenca\" srcset=\"https:\/\/www.elturistatranquil.com\/wp-content\/uploads\/F13-Cuenca.jpg 768w, https:\/\/www.elturistatranquil.com\/wp-content\/uploads\/F13-Cuenca-339x226.jpg 339w\" sizes=\"(max-width: 768px) 100vw, 768px\" \/>\t\t\t\t\t\t\t\t\t\t\t<figcaption class=\"widget-image-caption wp-caption-text\"><\/figcaption>\n\t\t\t\t\t\t\t\t\t\t<\/figure>\n\t\t\t\t\t\t\t\t\t<\/div>\n\t\t\t\t<\/div>\n\t\t\t\t<div class=\"elementor-element elementor-element-22f749bd elementor-widget elementor-widget-heading\" data-id=\"22f749bd\" data-element_type=\"widget\" data-e-type=\"widget\" data-widget_type=\"heading.default\">\n\t\t\t\t<div class=\"elementor-widget-container\">\n\t\t\t\t\t<h5 class=\"elementor-heading-title elementor-size-default\">Des de la passarel\u00b7la i les cases penjades<\/h5>\t\t\t\t<\/div>\n\t\t\t\t<\/div>\n\t\t\t\t<div class=\"elementor-element elementor-element-443dc23 elementor-widget elementor-widget-text-editor\" data-id=\"443dc23\" data-element_type=\"widget\" data-e-type=\"widget\" data-widget_type=\"text-editor.default\">\n\t\t\t\t<div class=\"elementor-widget-container\">\n\t\t\t\t\t\t\t\t\t<p>La passarel\u00b7la ens portaria al centre de la ciutat hist\u00f2rica, passant per davant de les cases penjades.<\/p>\t\t\t\t\t\t\t\t<\/div>\n\t\t\t\t<\/div>\n\t\t\t\t<div class=\"elementor-element elementor-element-d6f80a5 elementor-widget elementor-widget-image\" data-id=\"d6f80a5\" data-element_type=\"widget\" data-e-type=\"widget\" data-widget_type=\"image.default\">\n\t\t\t\t<div class=\"elementor-widget-container\">\n\t\t\t\t\t\t\t\t\t\t\t\t<figure class=\"wp-caption\">\n\t\t\t\t\t\t\t\t\t\t<img loading=\"lazy\" decoding=\"async\" width=\"768\" height=\"512\" src=\"https:\/\/www.elturistatranquil.com\/wp-content\/uploads\/F15-Cuenca-Puente-San-Pablo-y-casas-colgadas.jpg\" class=\"attachment-large size-large wp-image-46663\" alt=\"Cuenca, Puente San Pablo y casas colgadas\" srcset=\"https:\/\/www.elturistatranquil.com\/wp-content\/uploads\/F15-Cuenca-Puente-San-Pablo-y-casas-colgadas.jpg 768w, https:\/\/www.elturistatranquil.com\/wp-content\/uploads\/F15-Cuenca-Puente-San-Pablo-y-casas-colgadas-339x226.jpg 339w\" sizes=\"(max-width: 768px) 100vw, 768px\" \/>\t\t\t\t\t\t\t\t\t\t\t<figcaption class=\"widget-image-caption wp-caption-text\"><\/figcaption>\n\t\t\t\t\t\t\t\t\t\t<\/figure>\n\t\t\t\t\t\t\t\t\t<\/div>\n\t\t\t\t<\/div>\n\t\t\t\t<div class=\"elementor-element elementor-element-dc106b5 elementor-widget elementor-widget-image\" data-id=\"dc106b5\" data-element_type=\"widget\" data-e-type=\"widget\" data-widget_type=\"image.default\">\n\t\t\t\t<div class=\"elementor-widget-container\">\n\t\t\t\t\t\t\t\t\t\t\t\t<figure class=\"wp-caption\">\n\t\t\t\t\t\t\t\t\t\t<img loading=\"lazy\" decoding=\"async\" width=\"768\" height=\"512\" src=\"https:\/\/www.elturistatranquil.com\/wp-content\/uploads\/F16-Cuenca-Puente-San-Pablo-y-casas-colgadas.jpg\" class=\"attachment-large size-large wp-image-46668\" alt=\"Cuenca, Puente San Pablo y casas colgadas\" srcset=\"https:\/\/www.elturistatranquil.com\/wp-content\/uploads\/F16-Cuenca-Puente-San-Pablo-y-casas-colgadas.jpg 768w, https:\/\/www.elturistatranquil.com\/wp-content\/uploads\/F16-Cuenca-Puente-San-Pablo-y-casas-colgadas-339x226.jpg 339w\" sizes=\"(max-width: 768px) 100vw, 768px\" \/>\t\t\t\t\t\t\t\t\t\t\t<figcaption class=\"widget-image-caption wp-caption-text\"><\/figcaption>\n\t\t\t\t\t\t\t\t\t\t<\/figure>\n\t\t\t\t\t\t\t\t\t<\/div>\n\t\t\t\t<\/div>\n\t\t\t\t<div class=\"elementor-element elementor-element-4703045 elementor-widget elementor-widget-heading\" data-id=\"4703045\" data-element_type=\"widget\" data-e-type=\"widget\" data-widget_type=\"heading.default\">\n\t\t\t\t<div class=\"elementor-widget-container\">\n\t\t\t\t\t<h5 class=\"elementor-heading-title elementor-size-default\">Les Cases Penjades<\/h5>\t\t\t\t<\/div>\n\t\t\t\t<\/div>\n\t\t\t\t<div class=\"elementor-element elementor-element-45ece12 elementor-widget elementor-widget-text-editor\" data-id=\"45ece12\" data-element_type=\"widget\" data-e-type=\"widget\" data-widget_type=\"text-editor.default\">\n\t\t\t\t<div class=\"elementor-widget-container\">\n\t\t\t\t\t\t\t\t\t<p><em>B\u00e9 d&#8217;Inter\u00e8s Cultural (BIC)<\/em><\/p><p>Les <strong>Cases Penjades<\/strong> (<strong><em>casas colgadas<\/em><\/strong>) o tamb\u00e9 <strong>Cases del Rei<\/strong> (<strong>4<\/strong>) s\u00f3n un conjunt d&#8217;edificis civils situats sobre els cingles del riu Hu\u00e9car. La denominaci\u00f3 de penjades es deu a la situaci\u00f3 volada dels seus balcons sobre el buit. Constru\u00efdes entre els segles XIII i XV.<\/p>\t\t\t\t\t\t\t\t<\/div>\n\t\t\t\t<\/div>\n\t\t\t\t<div class=\"elementor-element elementor-element-a738438 elementor-widget elementor-widget-image\" data-id=\"a738438\" data-element_type=\"widget\" data-e-type=\"widget\" data-widget_type=\"image.default\">\n\t\t\t\t<div class=\"elementor-widget-container\">\n\t\t\t\t\t\t\t\t\t\t\t\t<figure class=\"wp-caption\">\n\t\t\t\t\t\t\t\t\t\t<img loading=\"lazy\" decoding=\"async\" width=\"768\" height=\"512\" src=\"https:\/\/www.elturistatranquil.com\/wp-content\/uploads\/F18-Cuenca-casas-colgadas.jpg\" class=\"attachment-large size-large wp-image-46670\" alt=\"Cuenca, casas colgadas\" srcset=\"https:\/\/www.elturistatranquil.com\/wp-content\/uploads\/F18-Cuenca-casas-colgadas.jpg 768w, https:\/\/www.elturistatranquil.com\/wp-content\/uploads\/F18-Cuenca-casas-colgadas-339x226.jpg 339w\" sizes=\"(max-width: 768px) 100vw, 768px\" \/>\t\t\t\t\t\t\t\t\t\t\t<figcaption class=\"widget-image-caption wp-caption-text\"><\/figcaption>\n\t\t\t\t\t\t\t\t\t\t<\/figure>\n\t\t\t\t\t\t\t\t\t<\/div>\n\t\t\t\t<\/div>\n\t\t\t\t<div class=\"elementor-element elementor-element-8bd77da elementor-widget elementor-widget-text-editor\" data-id=\"8bd77da\" data-element_type=\"widget\" data-e-type=\"widget\" data-widget_type=\"text-editor.default\">\n\t\t\t\t<div class=\"elementor-widget-container\">\n\t\t\t\t\t\t\t\t\t<p>Des del 1966, les cases penjades acullen <a href=\"https:\/\/www.march.es\/es\/cuenca\" target=\"_blank\" rel=\"noopener\"><strong>Museu d&#8217;Art Abstracte Espanyol<\/strong><\/a> (<strong>4<\/strong>), creat per Fernando Z\u00f3bel. Se&#8217;l considera un dels museus m\u00e9s importants d&#8217;aquest per\u00edode.<\/p>\t\t\t\t\t\t\t\t<\/div>\n\t\t\t\t<\/div>\n\t\t\t\t<div class=\"elementor-element elementor-element-8655fed elementor-widget elementor-widget-image\" data-id=\"8655fed\" data-element_type=\"widget\" data-e-type=\"widget\" data-widget_type=\"image.default\">\n\t\t\t\t<div class=\"elementor-widget-container\">\n\t\t\t\t\t\t\t\t\t\t\t\t<figure class=\"wp-caption\">\n\t\t\t\t\t\t\t\t\t\t<img loading=\"lazy\" decoding=\"async\" width=\"768\" height=\"512\" src=\"https:\/\/www.elturistatranquil.com\/wp-content\/uploads\/F19-Cuenca-casas-colgadas.jpg\" class=\"attachment-large size-large wp-image-46672\" alt=\"Cuenca, casas colgadas\" srcset=\"https:\/\/www.elturistatranquil.com\/wp-content\/uploads\/F19-Cuenca-casas-colgadas.jpg 768w, https:\/\/www.elturistatranquil.com\/wp-content\/uploads\/F19-Cuenca-casas-colgadas-339x226.jpg 339w\" sizes=\"(max-width: 768px) 100vw, 768px\" \/>\t\t\t\t\t\t\t\t\t\t\t<figcaption class=\"widget-image-caption wp-caption-text\"><\/figcaption>\n\t\t\t\t\t\t\t\t\t\t<\/figure>\n\t\t\t\t\t\t\t\t\t<\/div>\n\t\t\t\t<\/div>\n\t\t\t\t<div class=\"elementor-element elementor-element-84a6439 elementor-widget elementor-widget-text-editor\" data-id=\"84a6439\" data-element_type=\"widget\" data-e-type=\"widget\" data-widget_type=\"text-editor.default\">\n\t\t\t\t<div class=\"elementor-widget-container\">\n\t\t\t\t\t\t\t\t\t<p>A la fotografia seg\u00fcent, el congost de les gorges del Hu\u00e9car, mostra a banda i banda, la ciutat murada i el convent de Sant Pau.<\/p>\t\t\t\t\t\t\t\t<\/div>\n\t\t\t\t<\/div>\n\t\t\t\t<div class=\"elementor-element elementor-element-2fd283f elementor-widget elementor-widget-image\" data-id=\"2fd283f\" data-element_type=\"widget\" data-e-type=\"widget\" data-widget_type=\"image.default\">\n\t\t\t\t<div class=\"elementor-widget-container\">\n\t\t\t\t\t\t\t\t\t\t\t\t<figure class=\"wp-caption\">\n\t\t\t\t\t\t\t\t\t\t<img loading=\"lazy\" decoding=\"async\" width=\"768\" height=\"537\" src=\"https:\/\/www.elturistatranquil.com\/wp-content\/uploads\/F20-Cuenca.jpg\" class=\"attachment-large size-large wp-image-46674\" alt=\"Cuenca\" srcset=\"https:\/\/www.elturistatranquil.com\/wp-content\/uploads\/F20-Cuenca.jpg 768w, https:\/\/www.elturistatranquil.com\/wp-content\/uploads\/F20-Cuenca-323x226.jpg 323w\" sizes=\"(max-width: 768px) 100vw, 768px\" \/>\t\t\t\t\t\t\t\t\t\t\t<figcaption class=\"widget-image-caption wp-caption-text\"><\/figcaption>\n\t\t\t\t\t\t\t\t\t\t<\/figure>\n\t\t\t\t\t\t\t\t\t<\/div>\n\t\t\t\t<\/div>\n\t\t\t\t<div class=\"elementor-element elementor-element-95c250b elementor-widget elementor-widget-heading\" data-id=\"95c250b\" data-element_type=\"widget\" data-e-type=\"widget\" data-widget_type=\"heading.default\">\n\t\t\t\t<div class=\"elementor-widget-container\">\n\t\t\t\t\t<h3 class=\"elementor-heading-title elementor-size-default\">Pujada a la ciutat per la Baixada de Sant Mart\u00ed<\/h3>\t\t\t\t<\/div>\n\t\t\t\t<\/div>\n\t\t\t\t<div class=\"elementor-element elementor-element-bdfcebe elementor-widget elementor-widget-text-editor\" data-id=\"bdfcebe\" data-element_type=\"widget\" data-e-type=\"widget\" data-widget_type=\"text-editor.default\">\n\t\t\t\t<div class=\"elementor-widget-container\">\n\t\t\t\t\t\t\t\t\t<p>Descendeixo novament fins a l&#8217;aparcament de l&#8217;Auditori Jos\u00e9 Luis Perales de Cuenca (<strong>5<\/strong>).<\/p><p>L&#8217;acc\u00e9s fins a la ciutat per la <strong>Baixada de Sant Mart\u00ed<\/strong> (<strong>6<\/strong>), prenent-se&#8217;l amb calma, permet gaudir del paisatge, aix\u00ed com apreciar l&#8217;obra d&#8217;arquitectura popular que representen tot el conjunt de cases penjades.<\/p>\t\t\t\t\t\t\t\t<\/div>\n\t\t\t\t<\/div>\n\t\t\t\t<div class=\"elementor-element elementor-element-56e79b1 elementor-widget elementor-widget-image\" data-id=\"56e79b1\" data-element_type=\"widget\" data-e-type=\"widget\" data-widget_type=\"image.default\">\n\t\t\t\t<div class=\"elementor-widget-container\">\n\t\t\t\t\t\t\t\t\t\t\t\t<figure class=\"wp-caption\">\n\t\t\t\t\t\t\t\t\t\t<img loading=\"lazy\" decoding=\"async\" width=\"768\" height=\"512\" src=\"https:\/\/www.elturistatranquil.com\/wp-content\/uploads\/F21-Cuenca.jpg\" class=\"attachment-large size-large wp-image-46676\" alt=\"Cuenca\" srcset=\"https:\/\/www.elturistatranquil.com\/wp-content\/uploads\/F21-Cuenca.jpg 768w, https:\/\/www.elturistatranquil.com\/wp-content\/uploads\/F21-Cuenca-339x226.jpg 339w\" sizes=\"(max-width: 768px) 100vw, 768px\" \/>\t\t\t\t\t\t\t\t\t\t\t<figcaption class=\"widget-image-caption wp-caption-text\"><\/figcaption>\n\t\t\t\t\t\t\t\t\t\t<\/figure>\n\t\t\t\t\t\t\t\t\t<\/div>\n\t\t\t\t<\/div>\n\t\t\t\t<div class=\"elementor-element elementor-element-8f7569b elementor-widget elementor-widget-image\" data-id=\"8f7569b\" data-element_type=\"widget\" data-e-type=\"widget\" data-widget_type=\"image.default\">\n\t\t\t\t<div class=\"elementor-widget-container\">\n\t\t\t\t\t\t\t\t\t\t\t\t<figure class=\"wp-caption\">\n\t\t\t\t\t\t\t\t\t\t<img loading=\"lazy\" decoding=\"async\" width=\"768\" height=\"512\" src=\"https:\/\/www.elturistatranquil.com\/wp-content\/uploads\/F22-Cuenca.jpg\" class=\"attachment-large size-large wp-image-46678\" alt=\"Cuenca\" srcset=\"https:\/\/www.elturistatranquil.com\/wp-content\/uploads\/F22-Cuenca.jpg 768w, https:\/\/www.elturistatranquil.com\/wp-content\/uploads\/F22-Cuenca-339x226.jpg 339w\" sizes=\"(max-width: 768px) 100vw, 768px\" \/>\t\t\t\t\t\t\t\t\t\t\t<figcaption class=\"widget-image-caption wp-caption-text\"><\/figcaption>\n\t\t\t\t\t\t\t\t\t\t<\/figure>\n\t\t\t\t\t\t\t\t\t<\/div>\n\t\t\t\t<\/div>\n\t\t\t\t<div class=\"elementor-element elementor-element-642a265 elementor-widget elementor-widget-text-editor\" data-id=\"642a265\" data-element_type=\"widget\" data-e-type=\"widget\" data-widget_type=\"text-editor.default\">\n\t\t\t\t<div class=\"elementor-widget-container\">\n\t\t\t\t\t\t\t\t\t<p>Arribats a dalt, s&#8217;entra per la <strong>travessia Clavel<\/strong> (<strong>7<\/strong>), on es comen\u00e7a a apreciar l&#8217;arquitectura interior de la ciutat i el colorit.<\/p>\t\t\t\t\t\t\t\t<\/div>\n\t\t\t\t<\/div>\n\t\t\t\t<div class=\"elementor-element elementor-element-c2bc307 elementor-widget elementor-widget-image\" data-id=\"c2bc307\" data-element_type=\"widget\" data-e-type=\"widget\" data-widget_type=\"image.default\">\n\t\t\t\t<div class=\"elementor-widget-container\">\n\t\t\t\t\t\t\t\t\t\t\t\t<figure class=\"wp-caption\">\n\t\t\t\t\t\t\t\t\t\t<img loading=\"lazy\" decoding=\"async\" width=\"768\" height=\"512\" src=\"https:\/\/www.elturistatranquil.com\/wp-content\/uploads\/F23-Cuenca.jpg\" class=\"attachment-large size-large wp-image-46680\" alt=\"Cuenca\" srcset=\"https:\/\/www.elturistatranquil.com\/wp-content\/uploads\/F23-Cuenca.jpg 768w, https:\/\/www.elturistatranquil.com\/wp-content\/uploads\/F23-Cuenca-339x226.jpg 339w\" sizes=\"(max-width: 768px) 100vw, 768px\" \/>\t\t\t\t\t\t\t\t\t\t\t<figcaption class=\"widget-image-caption wp-caption-text\"><\/figcaption>\n\t\t\t\t\t\t\t\t\t\t<\/figure>\n\t\t\t\t\t\t\t\t\t<\/div>\n\t\t\t\t<\/div>\n\t\t\t\t<div class=\"elementor-element elementor-element-f919c18 elementor-widget elementor-widget-heading\" data-id=\"f919c18\" data-element_type=\"widget\" data-e-type=\"widget\" data-widget_type=\"heading.default\">\n\t\t\t\t<div class=\"elementor-widget-container\">\n\t\t\t\t\t<h3 class=\"elementor-heading-title elementor-size-default\">La Pla\u00e7a Major<\/h3>\t\t\t\t<\/div>\n\t\t\t\t<\/div>\n\t\t\t\t<div class=\"elementor-element elementor-element-b78b464 elementor-widget elementor-widget-text-editor\" data-id=\"b78b464\" data-element_type=\"widget\" data-e-type=\"widget\" data-widget_type=\"text-editor.default\">\n\t\t\t\t<div class=\"elementor-widget-container\">\n\t\t\t\t\t\t\t\t\t<p>La <strong>Pla\u00e7a Major<\/strong> (<strong>8<\/strong>) t\u00e9 forma de triangle is\u00f2sceles punxegut orientat de nord a sud. Els laterals dels v\u00e8rtexs del triangle conflueixen sobre la fa\u00e7ana de les <strong>Cases Consistorials<\/strong> (<strong>9<\/strong>).<\/p>\t\t\t\t\t\t\t\t<\/div>\n\t\t\t\t<\/div>\n\t\t\t\t<div class=\"elementor-element elementor-element-0c7bd08 elementor-widget elementor-widget-image\" data-id=\"0c7bd08\" data-element_type=\"widget\" data-e-type=\"widget\" data-widget_type=\"image.default\">\n\t\t\t\t<div class=\"elementor-widget-container\">\n\t\t\t\t\t\t\t\t\t\t\t\t<figure class=\"wp-caption\">\n\t\t\t\t\t\t\t\t\t\t<img loading=\"lazy\" decoding=\"async\" width=\"768\" height=\"512\" src=\"https:\/\/www.elturistatranquil.com\/wp-content\/uploads\/F24-Cuenca-plaza-Mayor.jpg\" class=\"attachment-large size-large wp-image-46686\" alt=\"Cuenca, plaza Mayor\" srcset=\"https:\/\/www.elturistatranquil.com\/wp-content\/uploads\/F24-Cuenca-plaza-Mayor.jpg 768w, https:\/\/www.elturistatranquil.com\/wp-content\/uploads\/F24-Cuenca-plaza-Mayor-339x226.jpg 339w\" sizes=\"(max-width: 768px) 100vw, 768px\" \/>\t\t\t\t\t\t\t\t\t\t\t<figcaption class=\"widget-image-caption wp-caption-text\"><\/figcaption>\n\t\t\t\t\t\t\t\t\t\t<\/figure>\n\t\t\t\t\t\t\t\t\t<\/div>\n\t\t\t\t<\/div>\n\t\t\t\t<div class=\"elementor-element elementor-element-80fa8fc elementor-widget elementor-widget-image\" data-id=\"80fa8fc\" data-element_type=\"widget\" data-e-type=\"widget\" data-widget_type=\"image.default\">\n\t\t\t\t<div class=\"elementor-widget-container\">\n\t\t\t\t\t\t\t\t\t\t\t\t<figure class=\"wp-caption\">\n\t\t\t\t\t\t\t\t\t\t<img loading=\"lazy\" decoding=\"async\" width=\"768\" height=\"512\" src=\"https:\/\/www.elturistatranquil.com\/wp-content\/uploads\/F25-Cuenca-plaza-Mayor.jpg\" class=\"attachment-large size-large wp-image-46688\" alt=\"Cuenca, plaza Mayor\" srcset=\"https:\/\/www.elturistatranquil.com\/wp-content\/uploads\/F25-Cuenca-plaza-Mayor.jpg 768w, https:\/\/www.elturistatranquil.com\/wp-content\/uploads\/F25-Cuenca-plaza-Mayor-339x226.jpg 339w\" sizes=\"(max-width: 768px) 100vw, 768px\" \/>\t\t\t\t\t\t\t\t\t\t\t<figcaption class=\"widget-image-caption wp-caption-text\"><\/figcaption>\n\t\t\t\t\t\t\t\t\t\t<\/figure>\n\t\t\t\t\t\t\t\t\t<\/div>\n\t\t\t\t<\/div>\n\t\t\t\t<div class=\"elementor-element elementor-element-5d7a8fe elementor-widget elementor-widget-heading\" data-id=\"5d7a8fe\" data-element_type=\"widget\" data-e-type=\"widget\" data-widget_type=\"heading.default\">\n\t\t\t\t<div class=\"elementor-widget-container\">\n\t\t\t\t\t<h5 class=\"elementor-heading-title elementor-size-default\">Casa Consistorial<\/h5>\t\t\t\t<\/div>\n\t\t\t\t<\/div>\n\t\t\t\t<div class=\"elementor-element elementor-element-23abe2c elementor-widget elementor-widget-text-editor\" data-id=\"23abe2c\" data-element_type=\"widget\" data-e-type=\"widget\" data-widget_type=\"text-editor.default\">\n\t\t\t\t<div class=\"elementor-widget-container\">\n\t\t\t\t\t\t\t\t\t<p><em>B\u00e9 d&#8217;Inter\u00e8s Cultural (BIC)<\/em><\/p><p>L\u00b4<strong>Ajuntament<\/strong> o <strong>Casa Consistorial<\/strong>\u00a0(<strong>9<\/strong>) \u00e9s un edifici d\u00b4estil barroc constru\u00eft en temps de Carlos III. \u00c9s un edifici de dues plantes muntat sobre tres arcades de mig punt que permeten la connexi\u00f3 entre la pla\u00e7a Major i el carrer Alfonso VIII i el descens cap als ravals i la ciutat nova.<\/p><p>En total presenta tres nivells, amb un balc\u00f3 corregut a la planta primera, i culmina amb un \u00e0tic amb una rematada al centre on consta les dades de la construcci\u00f3, que es remunta a l&#8217;any 1762 projectat per Jaime Bort.<\/p>\t\t\t\t\t\t\t\t<\/div>\n\t\t\t\t<\/div>\n\t\t\t\t<div class=\"elementor-element elementor-element-b29fd8a elementor-widget elementor-widget-image\" data-id=\"b29fd8a\" data-element_type=\"widget\" data-e-type=\"widget\" data-widget_type=\"image.default\">\n\t\t\t\t<div class=\"elementor-widget-container\">\n\t\t\t\t\t\t\t\t\t\t\t\t<figure class=\"wp-caption\">\n\t\t\t\t\t\t\t\t\t\t<img loading=\"lazy\" decoding=\"async\" width=\"768\" height=\"512\" src=\"https:\/\/www.elturistatranquil.com\/wp-content\/uploads\/F26-Cuenca-casa-Consistoriales.jpg\" class=\"attachment-large size-large wp-image-46690\" alt=\"Cuenca, casas Consistoriales\" srcset=\"https:\/\/www.elturistatranquil.com\/wp-content\/uploads\/F26-Cuenca-casa-Consistoriales.jpg 768w, https:\/\/www.elturistatranquil.com\/wp-content\/uploads\/F26-Cuenca-casa-Consistoriales-339x226.jpg 339w\" sizes=\"(max-width: 768px) 100vw, 768px\" \/>\t\t\t\t\t\t\t\t\t\t\t<figcaption class=\"widget-image-caption wp-caption-text\"><\/figcaption>\n\t\t\t\t\t\t\t\t\t\t<\/figure>\n\t\t\t\t\t\t\t\t\t<\/div>\n\t\t\t\t<\/div>\n\t\t\t\t<div class=\"elementor-element elementor-element-37a8d91 elementor-widget elementor-widget-image\" data-id=\"37a8d91\" data-element_type=\"widget\" data-e-type=\"widget\" data-widget_type=\"image.default\">\n\t\t\t\t<div class=\"elementor-widget-container\">\n\t\t\t\t\t\t\t\t\t\t\t\t<figure class=\"wp-caption\">\n\t\t\t\t\t\t\t\t\t\t<img loading=\"lazy\" decoding=\"async\" width=\"768\" height=\"512\" src=\"https:\/\/www.elturistatranquil.com\/wp-content\/uploads\/F27-Cuenca-casa-Consistoriales.jpg\" class=\"attachment-large size-large wp-image-46692\" alt=\"Cuenca, casas Consistoriales\" srcset=\"https:\/\/www.elturistatranquil.com\/wp-content\/uploads\/F27-Cuenca-casa-Consistoriales.jpg 768w, https:\/\/www.elturistatranquil.com\/wp-content\/uploads\/F27-Cuenca-casa-Consistoriales-339x226.jpg 339w\" sizes=\"(max-width: 768px) 100vw, 768px\" \/>\t\t\t\t\t\t\t\t\t\t\t<figcaption class=\"widget-image-caption wp-caption-text\"><\/figcaption>\n\t\t\t\t\t\t\t\t\t\t<\/figure>\n\t\t\t\t\t\t\t\t\t<\/div>\n\t\t\t\t<\/div>\n\t\t\t\t<div class=\"elementor-element elementor-element-1e04669 elementor-widget elementor-widget-heading\" data-id=\"1e04669\" data-element_type=\"widget\" data-e-type=\"widget\" data-widget_type=\"heading.default\">\n\t\t\t\t<div class=\"elementor-widget-container\">\n\t\t\t\t\t<h5 class=\"elementor-heading-title elementor-size-default\">Catedral de Santa Maria i Sant Juli\u00e0 de Conca<\/h5>\t\t\t\t<\/div>\n\t\t\t\t<\/div>\n\t\t\t\t<div class=\"elementor-element elementor-element-5063a68 elementor-widget elementor-widget-text-editor\" data-id=\"5063a68\" data-element_type=\"widget\" data-e-type=\"widget\" data-widget_type=\"text-editor.default\">\n\t\t\t\t<div class=\"elementor-widget-container\">\n\t\t\t\t\t\t\t\t\t<p><em>B\u00e9 d&#8217;Inter\u00e8s Cultural (BIC)<\/em><\/p><p>Des del 1183, despr\u00e9s de la conquesta cristiana de la ciutat per Alfonso VIII el 1177, Conca es converteix en seu episcopal i, sobre la mesquita musulmana es construir\u00e0 la <strong>Catedral de Santa Maria i Sant Juli\u00e0<\/strong> (<strong>10<\/strong>).<\/p><p>Per influ\u00e8ncia de l&#8217;esposa d&#8217;Alfonso VIII, Leonor d&#8217;Anglaterra, l&#8217;estil amb qu\u00e8 es construir\u00e0 ser\u00e0 el g\u00f2tic normand. Comen\u00e7ada el 1196 es finalitza el 1257. Se la considera la primera catedral g\u00f2tica de Castella juntament amb la d&#8217;\u00c0vila.<\/p><p>Com a totes les grans catedrals, ha patit importants canvis amb el pas dels anys i dels estils art\u00edstics.<\/p><p>La fa\u00e7ana actual \u00e9s una reconstrucci\u00f3 seguint l&#8217;estil g\u00f2tic original realitzada despr\u00e9s que s&#8217;esfondr\u00e9s el 1902 la torre de les campanes de la Catedral, la torre del Giraldo, dissenyant la fa\u00e7ana neog\u00f2tica Vicente Lamp\u00e9rez.<\/p><p>La fa\u00e7ana de Lamp\u00e9rez havia de completar-se amb dues altes agulles bessones, per\u00f2 per oposici\u00f3 de diversos arquitectes les obres es van paralitzar i resta inacabada.<\/p>\t\t\t\t\t\t\t\t<\/div>\n\t\t\t\t<\/div>\n\t\t\t\t<div class=\"elementor-element elementor-element-962e68e elementor-widget elementor-widget-image\" data-id=\"962e68e\" data-element_type=\"widget\" data-e-type=\"widget\" data-widget_type=\"image.default\">\n\t\t\t\t<div class=\"elementor-widget-container\">\n\t\t\t\t\t\t\t\t\t\t\t\t<figure class=\"wp-caption\">\n\t\t\t\t\t\t\t\t\t\t<img loading=\"lazy\" decoding=\"async\" width=\"768\" height=\"512\" src=\"https:\/\/www.elturistatranquil.com\/wp-content\/uploads\/F28-Catedral-de-Cuenca.jpg\" class=\"attachment-large size-large wp-image-46694\" alt=\"Catedral de Cuenca\" srcset=\"https:\/\/www.elturistatranquil.com\/wp-content\/uploads\/F28-Catedral-de-Cuenca.jpg 768w, https:\/\/www.elturistatranquil.com\/wp-content\/uploads\/F28-Catedral-de-Cuenca-339x226.jpg 339w\" sizes=\"(max-width: 768px) 100vw, 768px\" \/>\t\t\t\t\t\t\t\t\t\t\t<figcaption class=\"widget-image-caption wp-caption-text\"><\/figcaption>\n\t\t\t\t\t\t\t\t\t\t<\/figure>\n\t\t\t\t\t\t\t\t\t<\/div>\n\t\t\t\t<\/div>\n\t\t\t\t<div class=\"elementor-element elementor-element-e499423 elementor-widget elementor-widget-image\" data-id=\"e499423\" data-element_type=\"widget\" data-e-type=\"widget\" data-widget_type=\"image.default\">\n\t\t\t\t<div class=\"elementor-widget-container\">\n\t\t\t\t\t\t\t\t\t\t\t\t<figure class=\"wp-caption\">\n\t\t\t\t\t\t\t\t\t\t<img loading=\"lazy\" decoding=\"async\" width=\"768\" height=\"512\" src=\"https:\/\/www.elturistatranquil.com\/wp-content\/uploads\/F29-Catedral-de-Cuenca.jpg\" class=\"attachment-large size-large wp-image-46696\" alt=\"Catedral de Cuenca\" srcset=\"https:\/\/www.elturistatranquil.com\/wp-content\/uploads\/F29-Catedral-de-Cuenca.jpg 768w, https:\/\/www.elturistatranquil.com\/wp-content\/uploads\/F29-Catedral-de-Cuenca-339x226.jpg 339w\" sizes=\"(max-width: 768px) 100vw, 768px\" \/>\t\t\t\t\t\t\t\t\t\t\t<figcaption class=\"widget-image-caption wp-caption-text\"><\/figcaption>\n\t\t\t\t\t\t\t\t\t\t<\/figure>\n\t\t\t\t\t\t\t\t\t<\/div>\n\t\t\t\t<\/div>\n\t\t\t\t<div class=\"elementor-element elementor-element-ea9f6b6 elementor-widget elementor-widget-image\" data-id=\"ea9f6b6\" data-element_type=\"widget\" data-e-type=\"widget\" data-widget_type=\"image.default\">\n\t\t\t\t<div class=\"elementor-widget-container\">\n\t\t\t\t\t\t\t\t\t\t\t\t<figure class=\"wp-caption\">\n\t\t\t\t\t\t\t\t\t\t<img loading=\"lazy\" decoding=\"async\" width=\"768\" height=\"512\" src=\"https:\/\/www.elturistatranquil.com\/wp-content\/uploads\/F30-Catedral-de-Cuenca.jpg\" class=\"attachment-large size-large wp-image-46701\" alt=\"Catedral de Cuenca\" srcset=\"https:\/\/www.elturistatranquil.com\/wp-content\/uploads\/F30-Catedral-de-Cuenca.jpg 768w, https:\/\/www.elturistatranquil.com\/wp-content\/uploads\/F30-Catedral-de-Cuenca-339x226.jpg 339w\" sizes=\"(max-width: 768px) 100vw, 768px\" \/>\t\t\t\t\t\t\t\t\t\t\t<figcaption class=\"widget-image-caption wp-caption-text\"><\/figcaption>\n\t\t\t\t\t\t\t\t\t\t<\/figure>\n\t\t\t\t\t\t\t\t\t<\/div>\n\t\t\t\t<\/div>\n\t\t\t\t<div class=\"elementor-element elementor-element-98b09d0 elementor-widget elementor-widget-text-editor\" data-id=\"98b09d0\" data-element_type=\"widget\" data-e-type=\"widget\" data-widget_type=\"text-editor.default\">\n\t\t\t\t<div class=\"elementor-widget-container\">\n\t\t\t\t\t\t\t\t\t<p>La fa\u00e7ana abans de l&#8217;esfondrament de la torre del Giraldo i un dels projectes de Vicente Lamp\u00e9rez.<\/p>\t\t\t\t\t\t\t\t<\/div>\n\t\t\t\t<\/div>\n\t\t\t\t<section class=\"elementor-section elementor-inner-section elementor-element elementor-element-7f48e0c elementor-section-boxed elementor-section-height-default elementor-section-height-default\" data-id=\"7f48e0c\" data-element_type=\"section\" data-e-type=\"section\">\n\t\t\t\t\t\t<div class=\"elementor-container elementor-column-gap-default\">\n\t\t\t\t\t<div class=\"elementor-column elementor-col-50 elementor-inner-column elementor-element elementor-element-9bb6f1b\" data-id=\"9bb6f1b\" data-element_type=\"column\" data-e-type=\"column\">\n\t\t\t<div class=\"elementor-widget-wrap elementor-element-populated\">\n\t\t\t\t\t\t<div class=\"elementor-element elementor-element-91b26cb elementor-widget elementor-widget-image\" data-id=\"91b26cb\" data-element_type=\"widget\" data-e-type=\"widget\" data-widget_type=\"image.default\">\n\t\t\t\t<div class=\"elementor-widget-container\">\n\t\t\t\t\t\t\t\t\t\t\t\t\t\t\t<img loading=\"lazy\" decoding=\"async\" width=\"380\" height=\"569\" src=\"https:\/\/www.elturistatranquil.com\/wp-content\/uploads\/F32-m-Catedral-vieja-de-Cuenca.jpg\" class=\"attachment-large size-large wp-image-46845\" alt=\"Catedral vieja de Cuenca\" srcset=\"https:\/\/www.elturistatranquil.com\/wp-content\/uploads\/F32-m-Catedral-vieja-de-Cuenca.jpg 380w, https:\/\/www.elturistatranquil.com\/wp-content\/uploads\/F32-m-Catedral-vieja-de-Cuenca-151x226.jpg 151w\" sizes=\"(max-width: 380px) 100vw, 380px\" \/>\t\t\t\t\t\t\t\t\t\t\t\t\t\t\t<\/div>\n\t\t\t\t<\/div>\n\t\t\t\t\t<\/div>\n\t\t<\/div>\n\t\t\t\t<div class=\"elementor-column elementor-col-50 elementor-inner-column elementor-element elementor-element-e4e7112\" data-id=\"e4e7112\" data-element_type=\"column\" data-e-type=\"column\">\n\t\t\t<div class=\"elementor-widget-wrap elementor-element-populated\">\n\t\t\t\t\t\t<div class=\"elementor-element elementor-element-09352ee elementor-widget elementor-widget-image\" data-id=\"09352ee\" data-element_type=\"widget\" data-e-type=\"widget\" data-widget_type=\"image.default\">\n\t\t\t\t<div class=\"elementor-widget-container\">\n\t\t\t\t\t\t\t\t\t\t\t\t\t\t\t<img loading=\"lazy\" decoding=\"async\" width=\"380\" height=\"569\" src=\"https:\/\/www.elturistatranquil.com\/wp-content\/uploads\/F32-n-Catedral-de-Cuenca-proyecto-fachada.jpg\" class=\"attachment-large size-large wp-image-46847\" alt=\"Catedral de Cuenca, proyecto fachada\" srcset=\"https:\/\/www.elturistatranquil.com\/wp-content\/uploads\/F32-n-Catedral-de-Cuenca-proyecto-fachada.jpg 380w, https:\/\/www.elturistatranquil.com\/wp-content\/uploads\/F32-n-Catedral-de-Cuenca-proyecto-fachada-151x226.jpg 151w\" sizes=\"(max-width: 380px) 100vw, 380px\" \/>\t\t\t\t\t\t\t\t\t\t\t\t\t\t\t<\/div>\n\t\t\t\t<\/div>\n\t\t\t\t\t<\/div>\n\t\t<\/div>\n\t\t\t\t\t<\/div>\n\t\t<\/section>\n\t\t\t\t<div class=\"elementor-element elementor-element-7b49bb6 elementor-widget elementor-widget-text-editor\" data-id=\"7b49bb6\" data-element_type=\"widget\" data-e-type=\"widget\" data-widget_type=\"text-editor.default\">\n\t\t\t\t<div class=\"elementor-widget-container\">\n\t\t\t\t\t\t\t\t\t<p>\u00a0<\/p><p>La imatge a\u00e8ria de la planta permet apreciar que la forma de la planta \u00e9s de creu llatina, de tres naus, per\u00f2 amb el transsepte situat a la part central del bra\u00e7 longitudinal.<\/p><p>Sobre el creuer s&#8217;al\u00e7a les grans dimensions de la doble girola interior.<\/p><p>El cimbori es de format quadrat, amb doble nivell d&#8217;obertura d&#8217;il\u00b7luminaci\u00f3, quatre per costat al pis superior, cobert amb una simple teulada de quatre vessants.<\/p>\t\t\t\t\t\t\t\t<\/div>\n\t\t\t\t<\/div>\n\t\t\t\t<div class=\"elementor-element elementor-element-002edfe elementor-widget elementor-widget-image\" data-id=\"002edfe\" data-element_type=\"widget\" data-e-type=\"widget\" data-widget_type=\"image.default\">\n\t\t\t\t<div class=\"elementor-widget-container\">\n\t\t\t\t\t\t\t\t\t\t\t\t<figure class=\"wp-caption\">\n\t\t\t\t\t\t\t\t\t\t<img loading=\"lazy\" decoding=\"async\" width=\"768\" height=\"512\" src=\"https:\/\/www.elturistatranquil.com\/wp-content\/uploads\/F34-Catedral-de-Cuenca-Google-earth-2023-05-04.jpg\" class=\"attachment-large size-large wp-image-46707\" alt=\"Catedral de Cuenca (Google earth 2023-05-04)\" srcset=\"https:\/\/www.elturistatranquil.com\/wp-content\/uploads\/F34-Catedral-de-Cuenca-Google-earth-2023-05-04.jpg 768w, https:\/\/www.elturistatranquil.com\/wp-content\/uploads\/F34-Catedral-de-Cuenca-Google-earth-2023-05-04-339x226.jpg 339w\" sizes=\"(max-width: 768px) 100vw, 768px\" \/>\t\t\t\t\t\t\t\t\t\t\t<figcaption class=\"widget-image-caption wp-caption-text\"> (Google earth 2023-05-04)<\/figcaption>\n\t\t\t\t\t\t\t\t\t\t<\/figure>\n\t\t\t\t\t\t\t\t\t<\/div>\n\t\t\t\t<\/div>\n\t\t\t\t<div class=\"elementor-element elementor-element-1eec980 elementor-widget elementor-widget-image\" data-id=\"1eec980\" data-element_type=\"widget\" data-e-type=\"widget\" data-widget_type=\"image.default\">\n\t\t\t\t<div class=\"elementor-widget-container\">\n\t\t\t\t\t\t\t\t\t\t\t\t<figure class=\"wp-caption\">\n\t\t\t\t\t\t\t\t\t\t<img loading=\"lazy\" decoding=\"async\" width=\"768\" height=\"512\" src=\"https:\/\/www.elturistatranquil.com\/wp-content\/uploads\/F35-Catedral-de-Cuenca.jpg\" class=\"attachment-large size-large wp-image-46709\" alt=\"Catedral de Cuenca\" srcset=\"https:\/\/www.elturistatranquil.com\/wp-content\/uploads\/F35-Catedral-de-Cuenca.jpg 768w, https:\/\/www.elturistatranquil.com\/wp-content\/uploads\/F35-Catedral-de-Cuenca-339x226.jpg 339w\" sizes=\"(max-width: 768px) 100vw, 768px\" \/>\t\t\t\t\t\t\t\t\t\t\t<figcaption class=\"widget-image-caption wp-caption-text\"><\/figcaption>\n\t\t\t\t\t\t\t\t\t\t<\/figure>\n\t\t\t\t\t\t\t\t\t<\/div>\n\t\t\t\t<\/div>\n\t\t\t\t<div class=\"elementor-element elementor-element-34bc641 elementor-widget elementor-widget-text-editor\" data-id=\"34bc641\" data-element_type=\"widget\" data-e-type=\"widget\" data-widget_type=\"text-editor.default\">\n\t\t\t\t<div class=\"elementor-widget-container\">\n\t\t\t\t\t\t\t\t\t<p>Les naus interiors amb sostre de creueria.<\/p>\t\t\t\t\t\t\t\t<\/div>\n\t\t\t\t<\/div>\n\t\t\t\t<div class=\"elementor-element elementor-element-426b1df elementor-widget elementor-widget-image\" data-id=\"426b1df\" data-element_type=\"widget\" data-e-type=\"widget\" data-widget_type=\"image.default\">\n\t\t\t\t<div class=\"elementor-widget-container\">\n\t\t\t\t\t\t\t\t\t\t\t\t<figure class=\"wp-caption\">\n\t\t\t\t\t\t\t\t\t\t<img loading=\"lazy\" decoding=\"async\" width=\"768\" height=\"512\" src=\"https:\/\/www.elturistatranquil.com\/wp-content\/uploads\/F36-Catedral-de-Cuenca.jpg\" class=\"attachment-large size-large wp-image-46714\" alt=\"Catedral de Cuenca\" srcset=\"https:\/\/www.elturistatranquil.com\/wp-content\/uploads\/F36-Catedral-de-Cuenca.jpg 768w, https:\/\/www.elturistatranquil.com\/wp-content\/uploads\/F36-Catedral-de-Cuenca-339x226.jpg 339w\" sizes=\"(max-width: 768px) 100vw, 768px\" \/>\t\t\t\t\t\t\t\t\t\t\t<figcaption class=\"widget-image-caption wp-caption-text\"><\/figcaption>\n\t\t\t\t\t\t\t\t\t\t<\/figure>\n\t\t\t\t\t\t\t\t\t<\/div>\n\t\t\t\t<\/div>\n\t\t\t\t<div class=\"elementor-element elementor-element-fe20900 elementor-widget elementor-widget-image\" data-id=\"fe20900\" data-element_type=\"widget\" data-e-type=\"widget\" data-widget_type=\"image.default\">\n\t\t\t\t<div class=\"elementor-widget-container\">\n\t\t\t\t\t\t\t\t\t\t\t\t<figure class=\"wp-caption\">\n\t\t\t\t\t\t\t\t\t\t<img loading=\"lazy\" decoding=\"async\" width=\"768\" height=\"361\" src=\"https:\/\/www.elturistatranquil.com\/wp-content\/uploads\/F37-Catedral-de-Cuenca.jpg\" class=\"attachment-large size-large wp-image-46716\" alt=\"Catedral de Cuenca\" srcset=\"https:\/\/www.elturistatranquil.com\/wp-content\/uploads\/F37-Catedral-de-Cuenca.jpg 768w, https:\/\/www.elturistatranquil.com\/wp-content\/uploads\/F37-Catedral-de-Cuenca-339x159.jpg 339w\" sizes=\"(max-width: 768px) 100vw, 768px\" \/>\t\t\t\t\t\t\t\t\t\t\t<figcaption class=\"widget-image-caption wp-caption-text\"><\/figcaption>\n\t\t\t\t\t\t\t\t\t\t<\/figure>\n\t\t\t\t\t\t\t\t\t<\/div>\n\t\t\t\t<\/div>\n\t\t\t\t<div class=\"elementor-element elementor-element-db0b739 elementor-widget elementor-widget-heading\" data-id=\"db0b739\" data-element_type=\"widget\" data-e-type=\"widget\" data-widget_type=\"heading.default\">\n\t\t\t\t<div class=\"elementor-widget-container\">\n\t\t\t\t\t<h3 class=\"elementor-heading-title elementor-size-default\">La ronda Juli\u00e1n Romero<\/h3>\t\t\t\t<\/div>\n\t\t\t\t<\/div>\n\t\t\t\t<div class=\"elementor-element elementor-element-9d86065 elementor-widget elementor-widget-text-editor\" data-id=\"9d86065\" data-element_type=\"widget\" data-e-type=\"widget\" data-widget_type=\"text-editor.default\">\n\t\t\t\t<div class=\"elementor-widget-container\">\n\t\t\t\t\t\t\t\t\t<p>De la cantonada nord de la Catedral surt la <strong>ronda Juli\u00e1n Romero<\/strong> (<strong>11<\/strong>), un passeig paral\u00b7lel al carrer de Sant Pere que s&#8217;obre a l&#8217;impressionant i bell\u00edssim espectacle de la gorga del Hu\u00e9car a trav\u00e9s de balconades i miradors, enlla\u00e7ats amb petits passadissos.<\/p><p>Al recorregut, pel costat esquerre de la marxa la fa\u00e7ana podrem veure la part posterior de les edificacions nobles del carrer Sant Pere, combinades amb exemples perfectes d&#8217;arquitectura popular.<\/p>\t\t\t\t\t\t\t\t<\/div>\n\t\t\t\t<\/div>\n\t\t\t\t<section class=\"elementor-section elementor-inner-section elementor-element elementor-element-194f280 elementor-section-boxed elementor-section-height-default elementor-section-height-default\" data-id=\"194f280\" data-element_type=\"section\" data-e-type=\"section\">\n\t\t\t\t\t\t<div class=\"elementor-container elementor-column-gap-default\">\n\t\t\t\t\t<div class=\"elementor-column elementor-col-50 elementor-inner-column elementor-element elementor-element-bacad9c\" data-id=\"bacad9c\" data-element_type=\"column\" data-e-type=\"column\">\n\t\t\t<div class=\"elementor-widget-wrap elementor-element-populated\">\n\t\t\t\t\t\t<div class=\"elementor-element elementor-element-4697450 elementor-widget elementor-widget-image\" data-id=\"4697450\" data-element_type=\"widget\" data-e-type=\"widget\" data-widget_type=\"image.default\">\n\t\t\t\t<div class=\"elementor-widget-container\">\n\t\t\t\t\t\t\t\t\t\t\t\t\t\t\t<img loading=\"lazy\" decoding=\"async\" width=\"380\" height=\"570\" src=\"https:\/\/www.elturistatranquil.com\/wp-content\/uploads\/F38m-Cuenca-ronda-Julian-Romero-.jpg\" class=\"attachment-large size-large wp-image-46721\" alt=\"Cuenca, ronda Julian Romero\" srcset=\"https:\/\/www.elturistatranquil.com\/wp-content\/uploads\/F38m-Cuenca-ronda-Julian-Romero-.jpg 380w, https:\/\/www.elturistatranquil.com\/wp-content\/uploads\/F38m-Cuenca-ronda-Julian-Romero--151x226.jpg 151w\" sizes=\"(max-width: 380px) 100vw, 380px\" \/>\t\t\t\t\t\t\t\t\t\t\t\t\t\t\t<\/div>\n\t\t\t\t<\/div>\n\t\t\t\t\t<\/div>\n\t\t<\/div>\n\t\t\t\t<div class=\"elementor-column elementor-col-50 elementor-inner-column elementor-element elementor-element-f0cd94b\" data-id=\"f0cd94b\" data-element_type=\"column\" data-e-type=\"column\">\n\t\t\t<div class=\"elementor-widget-wrap elementor-element-populated\">\n\t\t\t\t\t\t<div class=\"elementor-element elementor-element-9761926 elementor-widget elementor-widget-image\" data-id=\"9761926\" data-element_type=\"widget\" data-e-type=\"widget\" data-widget_type=\"image.default\">\n\t\t\t\t<div class=\"elementor-widget-container\">\n\t\t\t\t\t\t\t\t\t\t\t\t\t\t\t<img loading=\"lazy\" decoding=\"async\" width=\"380\" height=\"570\" src=\"https:\/\/www.elturistatranquil.com\/wp-content\/uploads\/F38n-Cuenca-ronda-Julian-Romero.jpg\" class=\"attachment-large size-large wp-image-46723\" alt=\"Cuenca, ronda Julian Romero\" srcset=\"https:\/\/www.elturistatranquil.com\/wp-content\/uploads\/F38n-Cuenca-ronda-Julian-Romero.jpg 380w, https:\/\/www.elturistatranquil.com\/wp-content\/uploads\/F38n-Cuenca-ronda-Julian-Romero-151x226.jpg 151w\" sizes=\"(max-width: 380px) 100vw, 380px\" \/>\t\t\t\t\t\t\t\t\t\t\t\t\t\t\t<\/div>\n\t\t\t\t<\/div>\n\t\t\t\t\t<\/div>\n\t\t<\/div>\n\t\t\t\t\t<\/div>\n\t\t<\/section>\n\t\t\t\t<div class=\"elementor-element elementor-element-fca34c7 elementor-widget elementor-widget-text-editor\" data-id=\"fca34c7\" data-element_type=\"widget\" data-e-type=\"widget\" data-widget_type=\"text-editor.default\">\n\t\t\t\t<div class=\"elementor-widget-container\">\n\t\t\t\t\t\t\t\t\t<p>\u00a0<\/p><p>Aniran apareixent les volades de les plantes superiors, t\u00edpiques dels nuclis amb poc espai i gran densitat d&#8217;ocupaci\u00f3 urbana, per augmentar la superf\u00edcie \u00fatil dels habitatges, o balcons amb teulades.<\/p>\t\t\t\t\t\t\t\t<\/div>\n\t\t\t\t<\/div>\n\t\t\t\t<section class=\"elementor-section elementor-inner-section elementor-element elementor-element-4c8efdc elementor-section-boxed elementor-section-height-default elementor-section-height-default\" data-id=\"4c8efdc\" data-element_type=\"section\" data-e-type=\"section\">\n\t\t\t\t\t\t<div class=\"elementor-container elementor-column-gap-default\">\n\t\t\t\t\t<div class=\"elementor-column elementor-col-50 elementor-inner-column elementor-element elementor-element-21218d1\" data-id=\"21218d1\" data-element_type=\"column\" data-e-type=\"column\">\n\t\t\t<div class=\"elementor-widget-wrap elementor-element-populated\">\n\t\t\t\t\t\t<div class=\"elementor-element elementor-element-cdf5be5 elementor-widget elementor-widget-image\" data-id=\"cdf5be5\" data-element_type=\"widget\" data-e-type=\"widget\" data-widget_type=\"image.default\">\n\t\t\t\t<div class=\"elementor-widget-container\">\n\t\t\t\t\t\t\t\t\t\t\t\t\t\t\t<img loading=\"lazy\" decoding=\"async\" width=\"380\" height=\"380\" src=\"https:\/\/www.elturistatranquil.com\/wp-content\/uploads\/F39o-Cuenca-ronda-Julian-Romero.jpg\" class=\"attachment-large size-large wp-image-46725\" alt=\"Cuenca, ronda Julian Romero\" srcset=\"https:\/\/www.elturistatranquil.com\/wp-content\/uploads\/F39o-Cuenca-ronda-Julian-Romero.jpg 380w, https:\/\/www.elturistatranquil.com\/wp-content\/uploads\/F39o-Cuenca-ronda-Julian-Romero-226x226.jpg 226w\" sizes=\"(max-width: 380px) 100vw, 380px\" \/>\t\t\t\t\t\t\t\t\t\t\t\t\t\t\t<\/div>\n\t\t\t\t<\/div>\n\t\t\t\t\t<\/div>\n\t\t<\/div>\n\t\t\t\t<div class=\"elementor-column elementor-col-50 elementor-inner-column elementor-element elementor-element-f150621\" data-id=\"f150621\" data-element_type=\"column\" data-e-type=\"column\">\n\t\t\t<div class=\"elementor-widget-wrap elementor-element-populated\">\n\t\t\t\t\t\t<div class=\"elementor-element elementor-element-42ab35b elementor-widget elementor-widget-image\" data-id=\"42ab35b\" data-element_type=\"widget\" data-e-type=\"widget\" data-widget_type=\"image.default\">\n\t\t\t\t<div class=\"elementor-widget-container\">\n\t\t\t\t\t\t\t\t\t\t\t\t\t\t\t<img loading=\"lazy\" decoding=\"async\" width=\"380\" height=\"378\" src=\"https:\/\/www.elturistatranquil.com\/wp-content\/uploads\/F39p-Cuenca-ronda-Julian-Romero.jpg\" class=\"attachment-large size-large wp-image-46727\" alt=\"Cuenca, ronda Julian Romero\" srcset=\"https:\/\/www.elturistatranquil.com\/wp-content\/uploads\/F39p-Cuenca-ronda-Julian-Romero.jpg 380w, https:\/\/www.elturistatranquil.com\/wp-content\/uploads\/F39p-Cuenca-ronda-Julian-Romero-227x226.jpg 227w\" sizes=\"(max-width: 380px) 100vw, 380px\" \/>\t\t\t\t\t\t\t\t\t\t\t\t\t\t\t<\/div>\n\t\t\t\t<\/div>\n\t\t\t\t\t<\/div>\n\t\t<\/div>\n\t\t\t\t\t<\/div>\n\t\t<\/section>\n\t\t\t\t<section class=\"elementor-section elementor-inner-section elementor-element elementor-element-a143a96 elementor-section-boxed elementor-section-height-default elementor-section-height-default\" data-id=\"a143a96\" data-element_type=\"section\" data-e-type=\"section\">\n\t\t\t\t\t\t<div class=\"elementor-container elementor-column-gap-default\">\n\t\t\t\t\t<div class=\"elementor-column elementor-col-50 elementor-inner-column elementor-element elementor-element-8979d4f\" data-id=\"8979d4f\" data-element_type=\"column\" data-e-type=\"column\">\n\t\t\t<div class=\"elementor-widget-wrap elementor-element-populated\">\n\t\t\t\t\t\t<div class=\"elementor-element elementor-element-ef75a98 elementor-widget elementor-widget-image\" data-id=\"ef75a98\" data-element_type=\"widget\" data-e-type=\"widget\" data-widget_type=\"image.default\">\n\t\t\t\t<div class=\"elementor-widget-container\">\n\t\t\t\t\t\t\t\t\t\t\t\t\t\t\t<img loading=\"lazy\" decoding=\"async\" width=\"380\" height=\"380\" src=\"https:\/\/www.elturistatranquil.com\/wp-content\/uploads\/F39q-Cuenca-ronda-Julian-Romero.jpg\" class=\"attachment-large size-large wp-image-46729\" alt=\"Cuenca, ronda Julian Romero\" srcset=\"https:\/\/www.elturistatranquil.com\/wp-content\/uploads\/F39q-Cuenca-ronda-Julian-Romero.jpg 380w, https:\/\/www.elturistatranquil.com\/wp-content\/uploads\/F39q-Cuenca-ronda-Julian-Romero-226x226.jpg 226w\" sizes=\"(max-width: 380px) 100vw, 380px\" \/>\t\t\t\t\t\t\t\t\t\t\t\t\t\t\t<\/div>\n\t\t\t\t<\/div>\n\t\t\t\t\t<\/div>\n\t\t<\/div>\n\t\t\t\t<div class=\"elementor-column elementor-col-50 elementor-inner-column elementor-element elementor-element-31c478a\" data-id=\"31c478a\" data-element_type=\"column\" data-e-type=\"column\">\n\t\t\t<div class=\"elementor-widget-wrap elementor-element-populated\">\n\t\t\t\t\t\t<div class=\"elementor-element elementor-element-bafcdac elementor-widget elementor-widget-image\" data-id=\"bafcdac\" data-element_type=\"widget\" data-e-type=\"widget\" data-widget_type=\"image.default\">\n\t\t\t\t<div class=\"elementor-widget-container\">\n\t\t\t\t\t\t\t\t\t\t\t\t\t\t\t<img loading=\"lazy\" decoding=\"async\" width=\"380\" height=\"381\" src=\"https:\/\/www.elturistatranquil.com\/wp-content\/uploads\/F39r-Cuenca-ronda-Julian-Romero.jpg\" class=\"attachment-large size-large wp-image-46731\" alt=\"Cuenca, ronda Julian Romero\" srcset=\"https:\/\/www.elturistatranquil.com\/wp-content\/uploads\/F39r-Cuenca-ronda-Julian-Romero.jpg 380w, https:\/\/www.elturistatranquil.com\/wp-content\/uploads\/F39r-Cuenca-ronda-Julian-Romero-225x226.jpg 225w\" sizes=\"(max-width: 380px) 100vw, 380px\" \/>\t\t\t\t\t\t\t\t\t\t\t\t\t\t\t<\/div>\n\t\t\t\t<\/div>\n\t\t\t\t\t<\/div>\n\t\t<\/div>\n\t\t\t\t\t<\/div>\n\t\t<\/section>\n\t\t\t\t<div class=\"elementor-element elementor-element-c2fdc8d elementor-widget elementor-widget-heading\" data-id=\"c2fdc8d\" data-element_type=\"widget\" data-e-type=\"widget\" data-widget_type=\"heading.default\">\n\t\t\t\t<div class=\"elementor-widget-container\">\n\t\t\t\t\t<h5 class=\"elementor-heading-title elementor-size-default\">Mirador Florencio Ca\u00f1as <\/h5>\t\t\t\t<\/div>\n\t\t\t\t<\/div>\n\t\t\t\t<div class=\"elementor-element elementor-element-f99cd97 elementor-widget elementor-widget-text-editor\" data-id=\"f99cd97\" data-element_type=\"widget\" data-e-type=\"widget\" data-widget_type=\"text-editor.default\">\n\t\t\t\t<div class=\"elementor-widget-container\">\n\t\t\t\t\t\t\t\t\t<p>S&#8217;arriba al primer mirador, el <strong>mirador de Florencio Ca\u00f1as<\/strong> (<strong>12<\/strong>), i aqu\u00ed ens podem comen\u00e7ar a extasiar amb el paisatge que s&#8217;obre a la nostra mirada.<\/p>\t\t\t\t\t\t\t\t<\/div>\n\t\t\t\t<\/div>\n\t\t\t\t<div class=\"elementor-element elementor-element-8b4ae55 elementor-widget elementor-widget-image\" data-id=\"8b4ae55\" data-element_type=\"widget\" data-e-type=\"widget\" data-widget_type=\"image.default\">\n\t\t\t\t<div class=\"elementor-widget-container\">\n\t\t\t\t\t\t\t\t\t\t\t\t<figure class=\"wp-caption\">\n\t\t\t\t\t\t\t\t\t\t<img loading=\"lazy\" decoding=\"async\" width=\"768\" height=\"512\" src=\"https:\/\/www.elturistatranquil.com\/wp-content\/uploads\/F40-Cuenca-mirador-Florencio-Canas-.jpg\" class=\"attachment-large size-large wp-image-46733\" alt=\"Cuenca, mirador Florencio Ca\u00f1as\" srcset=\"https:\/\/www.elturistatranquil.com\/wp-content\/uploads\/F40-Cuenca-mirador-Florencio-Canas-.jpg 768w, https:\/\/www.elturistatranquil.com\/wp-content\/uploads\/F40-Cuenca-mirador-Florencio-Canas--339x226.jpg 339w\" sizes=\"(max-width: 768px) 100vw, 768px\" \/>\t\t\t\t\t\t\t\t\t\t\t<figcaption class=\"widget-image-caption wp-caption-text\"><\/figcaption>\n\t\t\t\t\t\t\t\t\t\t<\/figure>\n\t\t\t\t\t\t\t\t\t<\/div>\n\t\t\t\t<\/div>\n\t\t\t\t<div class=\"elementor-element elementor-element-6c54201 elementor-widget elementor-widget-text-editor\" data-id=\"6c54201\" data-element_type=\"widget\" data-e-type=\"widget\" data-widget_type=\"text-editor.default\">\n\t\t\t\t<div class=\"elementor-widget-container\">\n\t\t\t\t\t\t\t\t\t<p>Dominant la vista, a l&#8217;altra banda de la gorga, el <strong>convent de Sant Pau<\/strong> (<strong>2<\/strong>). edifici aixecat a partir de 1523 com a Convent Dominic, aprofitant l&#8217;estructura rocosa de la gorga. L&#8217;esgl\u00e9sia \u00e9s d&#8217;estil g\u00f2tic decadent, la portada \u00e9s de transici\u00f3 del barroc al rococ\u00f3 i el claustre al seu interior.<\/p><p>Actualment hi ha el <strong>Parador Nacional de Turisme<\/strong> i l&#8217;<strong>espai Gustavo Torner<\/strong>.<\/p>\t\t\t\t\t\t\t\t<\/div>\n\t\t\t\t<\/div>\n\t\t\t\t<div class=\"elementor-element elementor-element-6be0d70 elementor-widget elementor-widget-image\" data-id=\"6be0d70\" data-element_type=\"widget\" data-e-type=\"widget\" data-widget_type=\"image.default\">\n\t\t\t\t<div class=\"elementor-widget-container\">\n\t\t\t\t\t\t\t\t\t\t\t\t<figure class=\"wp-caption\">\n\t\t\t\t\t\t\t\t\t\t<img loading=\"lazy\" decoding=\"async\" width=\"768\" height=\"512\" src=\"https:\/\/www.elturistatranquil.com\/wp-content\/uploads\/F41-Cuenca-Convento-de-San-Pablo.jpg\" class=\"attachment-large size-large wp-image-46738\" alt=\"Cuenca, Convento de San Pablo\" srcset=\"https:\/\/www.elturistatranquil.com\/wp-content\/uploads\/F41-Cuenca-Convento-de-San-Pablo.jpg 768w, https:\/\/www.elturistatranquil.com\/wp-content\/uploads\/F41-Cuenca-Convento-de-San-Pablo-339x226.jpg 339w\" sizes=\"(max-width: 768px) 100vw, 768px\" \/>\t\t\t\t\t\t\t\t\t\t\t<figcaption class=\"widget-image-caption wp-caption-text\"><\/figcaption>\n\t\t\t\t\t\t\t\t\t\t<\/figure>\n\t\t\t\t\t\t\t\t\t<\/div>\n\t\t\t\t<\/div>\n\t\t\t\t<div class=\"elementor-element elementor-element-b480f0b elementor-widget elementor-widget-image\" data-id=\"b480f0b\" data-element_type=\"widget\" data-e-type=\"widget\" data-widget_type=\"image.default\">\n\t\t\t\t<div class=\"elementor-widget-container\">\n\t\t\t\t\t\t\t\t\t\t\t\t<figure class=\"wp-caption\">\n\t\t\t\t\t\t\t\t\t\t<img loading=\"lazy\" decoding=\"async\" width=\"768\" height=\"512\" src=\"https:\/\/www.elturistatranquil.com\/wp-content\/uploads\/F42-Cuenca-Convento-de-San-Pablo.jpg\" class=\"attachment-large size-large wp-image-46740\" alt=\"Cuenca, Convento de San Pablo\" srcset=\"https:\/\/www.elturistatranquil.com\/wp-content\/uploads\/F42-Cuenca-Convento-de-San-Pablo.jpg 768w, https:\/\/www.elturistatranquil.com\/wp-content\/uploads\/F42-Cuenca-Convento-de-San-Pablo-339x226.jpg 339w\" sizes=\"(max-width: 768px) 100vw, 768px\" \/>\t\t\t\t\t\t\t\t\t\t\t<figcaption class=\"widget-image-caption wp-caption-text\"><\/figcaption>\n\t\t\t\t\t\t\t\t\t\t<\/figure>\n\t\t\t\t\t\t\t\t\t<\/div>\n\t\t\t\t<\/div>\n\t\t\t\t<div class=\"elementor-element elementor-element-ada4cb3 elementor-widget elementor-widget-text-editor\" data-id=\"ada4cb3\" data-element_type=\"widget\" data-e-type=\"widget\" data-widget_type=\"text-editor.default\">\n\t\t\t\t<div class=\"elementor-widget-container\">\n\t\t\t\t\t\t\t\t\t<p>L&#8217;aprofitament del s\u00f2l dona lloc a passadissos pels quals circula la ronda Juli\u00e1n Romero, sense que falti una llegenda d&#8217;amors i desamors al <strong>Cristo del Pasadizo<\/strong> (<strong>13<\/strong>).<\/p>\t\t\t\t\t\t\t\t<\/div>\n\t\t\t\t<\/div>\n\t\t\t\t<section class=\"elementor-section elementor-inner-section elementor-element elementor-element-79ffd63 elementor-section-boxed elementor-section-height-default elementor-section-height-default\" data-id=\"79ffd63\" data-element_type=\"section\" data-e-type=\"section\">\n\t\t\t\t\t\t<div class=\"elementor-container elementor-column-gap-default\">\n\t\t\t\t\t<div class=\"elementor-column elementor-col-50 elementor-inner-column elementor-element elementor-element-2dca231\" data-id=\"2dca231\" data-element_type=\"column\" data-e-type=\"column\">\n\t\t\t<div class=\"elementor-widget-wrap elementor-element-populated\">\n\t\t\t\t\t\t<div class=\"elementor-element elementor-element-d11edd1 elementor-widget elementor-widget-image\" data-id=\"d11edd1\" data-element_type=\"widget\" data-e-type=\"widget\" data-widget_type=\"image.default\">\n\t\t\t\t<div class=\"elementor-widget-container\">\n\t\t\t\t\t\t\t\t\t\t\t\t\t\t\t<img loading=\"lazy\" decoding=\"async\" width=\"380\" height=\"507\" src=\"https:\/\/www.elturistatranquil.com\/wp-content\/uploads\/F43m-Cuenca-ronda-Julian-Romero-.jpg\" class=\"attachment-large size-large wp-image-46742\" alt=\"Cuenca, ronda Julian Romero\" srcset=\"https:\/\/www.elturistatranquil.com\/wp-content\/uploads\/F43m-Cuenca-ronda-Julian-Romero-.jpg 380w, https:\/\/www.elturistatranquil.com\/wp-content\/uploads\/F43m-Cuenca-ronda-Julian-Romero--169x226.jpg 169w\" sizes=\"(max-width: 380px) 100vw, 380px\" \/>\t\t\t\t\t\t\t\t\t\t\t\t\t\t\t<\/div>\n\t\t\t\t<\/div>\n\t\t\t\t\t<\/div>\n\t\t<\/div>\n\t\t\t\t<div class=\"elementor-column elementor-col-50 elementor-inner-column elementor-element elementor-element-5a6349d\" data-id=\"5a6349d\" data-element_type=\"column\" data-e-type=\"column\">\n\t\t\t<div class=\"elementor-widget-wrap elementor-element-populated\">\n\t\t\t\t\t\t<div class=\"elementor-element elementor-element-ca92ca6 elementor-widget elementor-widget-image\" data-id=\"ca92ca6\" data-element_type=\"widget\" data-e-type=\"widget\" data-widget_type=\"image.default\">\n\t\t\t\t<div class=\"elementor-widget-container\">\n\t\t\t\t\t\t\t\t\t\t\t\t\t\t\t<img loading=\"lazy\" decoding=\"async\" width=\"380\" height=\"507\" src=\"https:\/\/www.elturistatranquil.com\/wp-content\/uploads\/F43n-Cuenca-ronda-Julian-Romero.jpg\" class=\"attachment-large size-large wp-image-46744\" alt=\"Cuenca, ronda Julian Romero\" srcset=\"https:\/\/www.elturistatranquil.com\/wp-content\/uploads\/F43n-Cuenca-ronda-Julian-Romero.jpg 380w, https:\/\/www.elturistatranquil.com\/wp-content\/uploads\/F43n-Cuenca-ronda-Julian-Romero-169x226.jpg 169w\" sizes=\"(max-width: 380px) 100vw, 380px\" \/>\t\t\t\t\t\t\t\t\t\t\t\t\t\t\t<\/div>\n\t\t\t\t<\/div>\n\t\t\t\t\t<\/div>\n\t\t<\/div>\n\t\t\t\t\t<\/div>\n\t\t<\/section>\n\t\t\t\t<div class=\"elementor-element elementor-element-ad3e39b elementor-widget elementor-widget-image\" data-id=\"ad3e39b\" data-element_type=\"widget\" data-e-type=\"widget\" data-widget_type=\"image.default\">\n\t\t\t\t<div class=\"elementor-widget-container\">\n\t\t\t\t\t\t\t\t\t\t\t\t<figure class=\"wp-caption\">\n\t\t\t\t\t\t\t\t\t\t<img loading=\"lazy\" decoding=\"async\" width=\"768\" height=\"512\" src=\"https:\/\/www.elturistatranquil.com\/wp-content\/uploads\/F44-Cuenca-ronda-Julian-Romero.jpg\" class=\"attachment-large size-large wp-image-46746\" alt=\"Cuenca, ronda Julian Romero\" srcset=\"https:\/\/www.elturistatranquil.com\/wp-content\/uploads\/F44-Cuenca-ronda-Julian-Romero.jpg 768w, https:\/\/www.elturistatranquil.com\/wp-content\/uploads\/F44-Cuenca-ronda-Julian-Romero-339x226.jpg 339w\" sizes=\"(max-width: 768px) 100vw, 768px\" \/>\t\t\t\t\t\t\t\t\t\t\t<figcaption class=\"widget-image-caption wp-caption-text\"><\/figcaption>\n\t\t\t\t\t\t\t\t\t\t<\/figure>\n\t\t\t\t\t\t\t\t\t<\/div>\n\t\t\t\t<\/div>\n\t\t\t\t<div class=\"elementor-element elementor-element-7fb781b elementor-widget elementor-widget-text-editor\" data-id=\"7fb781b\" data-element_type=\"widget\" data-e-type=\"widget\" data-widget_type=\"text-editor.default\">\n\t\t\t\t<div class=\"elementor-widget-container\">\n\t\t\t\t\t\t\t\t\t<p>En cert moment, haurem de mirar cap amunt perqu\u00e8 no ens caigui a sobre la cap\u00e7alera de l&#8217;<strong>esgl\u00e9sia de Sant Pere<\/strong> (<strong>20<\/strong>).<\/p>\t\t\t\t\t\t\t\t<\/div>\n\t\t\t\t<\/div>\n\t\t\t\t<div class=\"elementor-element elementor-element-a0a7298 elementor-widget elementor-widget-image\" data-id=\"a0a7298\" data-element_type=\"widget\" data-e-type=\"widget\" data-widget_type=\"image.default\">\n\t\t\t\t<div class=\"elementor-widget-container\">\n\t\t\t\t\t\t\t\t\t\t\t\t<figure class=\"wp-caption\">\n\t\t\t\t\t\t\t\t\t\t<img loading=\"lazy\" decoding=\"async\" width=\"768\" height=\"512\" src=\"https:\/\/www.elturistatranquil.com\/wp-content\/uploads\/F45-Cuenca-ronda-Julian-Romero.jpg\" class=\"attachment-large size-large wp-image-46748\" alt=\"Cuenca, ronda Julian Romero\" srcset=\"https:\/\/www.elturistatranquil.com\/wp-content\/uploads\/F45-Cuenca-ronda-Julian-Romero.jpg 768w, https:\/\/www.elturistatranquil.com\/wp-content\/uploads\/F45-Cuenca-ronda-Julian-Romero-339x226.jpg 339w\" sizes=\"(max-width: 768px) 100vw, 768px\" \/>\t\t\t\t\t\t\t\t\t\t\t<figcaption class=\"widget-image-caption wp-caption-text\"><\/figcaption>\n\t\t\t\t\t\t\t\t\t\t<\/figure>\n\t\t\t\t\t\t\t\t\t<\/div>\n\t\t\t\t<\/div>\n\t\t\t\t<div class=\"elementor-element elementor-element-bd3e0cb elementor-widget elementor-widget-heading\" data-id=\"bd3e0cb\" data-element_type=\"widget\" data-e-type=\"widget\" data-widget_type=\"heading.default\">\n\t\t\t\t<div class=\"elementor-widget-container\">\n\t\t\t\t\t<h5 class=\"elementor-heading-title elementor-size-default\">Convent Carmelites Descalces i Centre d'Art Contemporani Fundaci\u00f3 Antonio P\u00e9rez<\/h5>\t\t\t\t<\/div>\n\t\t\t\t<\/div>\n\t\t\t\t<div class=\"elementor-element elementor-element-7530429 elementor-widget elementor-widget-text-editor\" data-id=\"7530429\" data-element_type=\"widget\" data-e-type=\"widget\" data-widget_type=\"text-editor.default\">\n\t\t\t\t<div class=\"elementor-widget-container\">\n\t\t\t\t\t\t\t\t\t<p>Sobre el penya-segat, al segle XVII una comunitat de carmelites descalces n&#8217;edific\u00e0 la seu, el <strong>Convent Carmelites Descalces<\/strong> (<strong>14<\/strong>). Es tracta d&#8217;un dels casals m\u00e9s originals de Conca. De tra\u00e7a absolutament irregular, s&#8217;hi distingeix la part conventual, la Casa de la Demandera i l&#8217;Esgl\u00e9sia.<\/p><p>Adquirit l&#8217;edifici per la Diputaci\u00f3 de Conca, ha estat restaurat completament, albergant actualment la seu del <a href=\"https:\/\/fundacionantonioperez.com\/\" target=\"_blank\" rel=\"noopener\"><strong>Centre d&#8217;Art Contemporani Fundaci\u00f3 Antonio P\u00e9rez<\/strong><\/a>\u00a0(<strong>14<\/strong>).<\/p>\t\t\t\t\t\t\t\t<\/div>\n\t\t\t\t<\/div>\n\t\t\t\t<section class=\"elementor-section elementor-inner-section elementor-element elementor-element-43de40e elementor-section-boxed elementor-section-height-default elementor-section-height-default\" data-id=\"43de40e\" data-element_type=\"section\" data-e-type=\"section\">\n\t\t\t\t\t\t<div class=\"elementor-container elementor-column-gap-default\">\n\t\t\t\t\t<div class=\"elementor-column elementor-col-50 elementor-inner-column elementor-element elementor-element-605620f\" data-id=\"605620f\" data-element_type=\"column\" data-e-type=\"column\">\n\t\t\t<div class=\"elementor-widget-wrap elementor-element-populated\">\n\t\t\t\t\t\t<div class=\"elementor-element elementor-element-59ce230 elementor-widget elementor-widget-image\" data-id=\"59ce230\" data-element_type=\"widget\" data-e-type=\"widget\" data-widget_type=\"image.default\">\n\t\t\t\t<div class=\"elementor-widget-container\">\n\t\t\t\t\t\t\t\t\t\t\t\t\t\t\t<img loading=\"lazy\" decoding=\"async\" width=\"380\" height=\"507\" src=\"https:\/\/www.elturistatranquil.com\/wp-content\/uploads\/F46m-Convento-Carmelitas-Descalzas-y-Centro-de-Arte-Contemporaneo-Fundacion-Antonio-Perez.jpg\" class=\"attachment-large size-large wp-image-46750\" alt=\"Convento Carmelitas Descalzas y Centro de Arte Contempor\u00e1neo Fundaci\u00f3n Antonio P\u00e9rez\" srcset=\"https:\/\/www.elturistatranquil.com\/wp-content\/uploads\/F46m-Convento-Carmelitas-Descalzas-y-Centro-de-Arte-Contemporaneo-Fundacion-Antonio-Perez.jpg 380w, https:\/\/www.elturistatranquil.com\/wp-content\/uploads\/F46m-Convento-Carmelitas-Descalzas-y-Centro-de-Arte-Contemporaneo-Fundacion-Antonio-Perez-169x226.jpg 169w\" sizes=\"(max-width: 380px) 100vw, 380px\" \/>\t\t\t\t\t\t\t\t\t\t\t\t\t\t\t<\/div>\n\t\t\t\t<\/div>\n\t\t\t\t\t<\/div>\n\t\t<\/div>\n\t\t\t\t<div class=\"elementor-column elementor-col-50 elementor-inner-column elementor-element elementor-element-60749fe\" data-id=\"60749fe\" data-element_type=\"column\" data-e-type=\"column\">\n\t\t\t<div class=\"elementor-widget-wrap elementor-element-populated\">\n\t\t\t\t\t\t<div class=\"elementor-element elementor-element-e24aaff elementor-widget elementor-widget-image\" data-id=\"e24aaff\" data-element_type=\"widget\" data-e-type=\"widget\" data-widget_type=\"image.default\">\n\t\t\t\t<div class=\"elementor-widget-container\">\n\t\t\t\t\t\t\t\t\t\t\t\t\t\t\t<img loading=\"lazy\" decoding=\"async\" width=\"380\" height=\"507\" src=\"https:\/\/www.elturistatranquil.com\/wp-content\/uploads\/F46n-Cuenca-ronda-Julian-Romero.jpg\" class=\"attachment-large size-large wp-image-46752\" alt=\"Cuenca, ronda Julian Romero\" srcset=\"https:\/\/www.elturistatranquil.com\/wp-content\/uploads\/F46n-Cuenca-ronda-Julian-Romero.jpg 380w, https:\/\/www.elturistatranquil.com\/wp-content\/uploads\/F46n-Cuenca-ronda-Julian-Romero-169x226.jpg 169w\" sizes=\"(max-width: 380px) 100vw, 380px\" \/>\t\t\t\t\t\t\t\t\t\t\t\t\t\t\t<\/div>\n\t\t\t\t<\/div>\n\t\t\t\t\t<\/div>\n\t\t<\/div>\n\t\t\t\t\t<\/div>\n\t\t<\/section>\n\t\t\t\t<div class=\"elementor-element elementor-element-68b3ba2 elementor-widget elementor-widget-image\" data-id=\"68b3ba2\" data-element_type=\"widget\" data-e-type=\"widget\" data-widget_type=\"image.default\">\n\t\t\t\t<div class=\"elementor-widget-container\">\n\t\t\t\t\t\t\t\t\t\t\t\t<figure class=\"wp-caption\">\n\t\t\t\t\t\t\t\t\t\t<img loading=\"lazy\" decoding=\"async\" width=\"768\" height=\"512\" src=\"https:\/\/www.elturistatranquil.com\/wp-content\/uploads\/F47-Convento-Carmelitas-Descalzas-y-Centro-de-Arte-Contemporaneo-Fundacion-Antonio-Perez.jpg\" class=\"attachment-large size-large wp-image-46754\" alt=\"Convento Carmelitas Descalzas y Centro de Arte Contempor\u00e1neo Fundaci\u00f3n Antonio P\u00e9rez\" srcset=\"https:\/\/www.elturistatranquil.com\/wp-content\/uploads\/F47-Convento-Carmelitas-Descalzas-y-Centro-de-Arte-Contemporaneo-Fundacion-Antonio-Perez.jpg 768w, https:\/\/www.elturistatranquil.com\/wp-content\/uploads\/F47-Convento-Carmelitas-Descalzas-y-Centro-de-Arte-Contemporaneo-Fundacion-Antonio-Perez-339x226.jpg 339w\" sizes=\"(max-width: 768px) 100vw, 768px\" \/>\t\t\t\t\t\t\t\t\t\t\t<figcaption class=\"widget-image-caption wp-caption-text\"><\/figcaption>\n\t\t\t\t\t\t\t\t\t\t<\/figure>\n\t\t\t\t\t\t\t\t\t<\/div>\n\t\t\t\t<\/div>\n\t\t\t\t<div class=\"elementor-element elementor-element-0314f2a elementor-widget elementor-widget-text-editor\" data-id=\"0314f2a\" data-element_type=\"widget\" data-e-type=\"widget\" data-widget_type=\"text-editor.default\">\n\t\t\t\t<div class=\"elementor-widget-container\">\n\t\t\t\t\t\t\t\t\t<p>La nau de l\u2019esgl\u00e9sia \u00e9s un dels \u00e0mbits d\u2019exposici\u00f3.<\/p>\t\t\t\t\t\t\t\t<\/div>\n\t\t\t\t<\/div>\n\t\t\t\t<div class=\"elementor-element elementor-element-c4c1d1b elementor-widget elementor-widget-image\" data-id=\"c4c1d1b\" data-element_type=\"widget\" data-e-type=\"widget\" data-widget_type=\"image.default\">\n\t\t\t\t<div class=\"elementor-widget-container\">\n\t\t\t\t\t\t\t\t\t\t\t\t<figure class=\"wp-caption\">\n\t\t\t\t\t\t\t\t\t\t<img loading=\"lazy\" decoding=\"async\" width=\"768\" height=\"512\" src=\"https:\/\/www.elturistatranquil.com\/wp-content\/uploads\/F48-Convento-Carmelitas-Descalzas-y-Centro-de-Arte-Contemporaneo-Fundacion-Antonio-Perez.jpg\" class=\"attachment-large size-large wp-image-46759\" alt=\"Convento Carmelitas Descalzas y Centro de Arte Contempor\u00e1neo Fundaci\u00f3n Antonio P\u00e9rez\" srcset=\"https:\/\/www.elturistatranquil.com\/wp-content\/uploads\/F48-Convento-Carmelitas-Descalzas-y-Centro-de-Arte-Contemporaneo-Fundacion-Antonio-Perez.jpg 768w, https:\/\/www.elturistatranquil.com\/wp-content\/uploads\/F48-Convento-Carmelitas-Descalzas-y-Centro-de-Arte-Contemporaneo-Fundacion-Antonio-Perez-339x226.jpg 339w\" sizes=\"(max-width: 768px) 100vw, 768px\" \/>\t\t\t\t\t\t\t\t\t\t\t<figcaption class=\"widget-image-caption wp-caption-text\"><\/figcaption>\n\t\t\t\t\t\t\t\t\t\t<\/figure>\n\t\t\t\t\t\t\t\t\t<\/div>\n\t\t\t\t<\/div>\n\t\t\t\t<div class=\"elementor-element elementor-element-0e27a80 elementor-widget elementor-widget-heading\" data-id=\"0e27a80\" data-element_type=\"widget\" data-e-type=\"widget\" data-widget_type=\"heading.default\">\n\t\t\t\t<div class=\"elementor-widget-container\">\n\t\t\t\t\t<h5 class=\"elementor-heading-title elementor-size-default\">Mirador<\/h5>\t\t\t\t<\/div>\n\t\t\t\t<\/div>\n\t\t\t\t<div class=\"elementor-element elementor-element-b7a5101 elementor-widget elementor-widget-text-editor\" data-id=\"b7a5101\" data-element_type=\"widget\" data-e-type=\"widget\" data-widget_type=\"text-editor.default\">\n\t\t\t\t<div class=\"elementor-widget-container\">\n\t\t\t\t\t\t\t\t\t<p>S&#8217;arriba a l&#8217;\u00faltim <strong>mirador sobre el Hu\u00e9car<\/strong> (<strong>15<\/strong>) sota el lloc que havia d&#8217;ocupar l&#8217;alc\u00e0sser musulm\u00e0 a tocar de la muralla i la porta d&#8217;entrada. L&#8217;edifici actual acull l\u2019<strong>Arxiu Hist\u00f2ric Provincial de Conca<\/strong> (<strong>16<\/strong>).<\/p><p>Noves imatges espectaculars de la gorga i de la ciutat penjada de les cingleres.<\/p>\t\t\t\t\t\t\t\t<\/div>\n\t\t\t\t<\/div>\n\t\t\t\t<div class=\"elementor-element elementor-element-73ae3c8 elementor-widget elementor-widget-image\" data-id=\"73ae3c8\" data-element_type=\"widget\" data-e-type=\"widget\" data-widget_type=\"image.default\">\n\t\t\t\t<div class=\"elementor-widget-container\">\n\t\t\t\t\t\t\t\t\t\t\t\t<figure class=\"wp-caption\">\n\t\t\t\t\t\t\t\t\t\t<img loading=\"lazy\" decoding=\"async\" width=\"768\" height=\"512\" src=\"https:\/\/www.elturistatranquil.com\/wp-content\/uploads\/F49-Cuenca.jpg\" class=\"attachment-large size-large wp-image-46761\" alt=\"Cuenca\" srcset=\"https:\/\/www.elturistatranquil.com\/wp-content\/uploads\/F49-Cuenca.jpg 768w, https:\/\/www.elturistatranquil.com\/wp-content\/uploads\/F49-Cuenca-339x226.jpg 339w\" sizes=\"(max-width: 768px) 100vw, 768px\" \/>\t\t\t\t\t\t\t\t\t\t\t<figcaption class=\"widget-image-caption wp-caption-text\"><\/figcaption>\n\t\t\t\t\t\t\t\t\t\t<\/figure>\n\t\t\t\t\t\t\t\t\t<\/div>\n\t\t\t\t<\/div>\n\t\t\t\t<div class=\"elementor-element elementor-element-ff5919d elementor-widget elementor-widget-text-editor\" data-id=\"ff5919d\" data-element_type=\"widget\" data-e-type=\"widget\" data-widget_type=\"text-editor.default\">\n\t\t\t\t<div class=\"elementor-widget-container\">\n\t\t\t\t\t\t\t\t\t<p>Veiem sobresortir la coberta de la Catedral, amb el cimbori quadrat.<\/p>\t\t\t\t\t\t\t\t<\/div>\n\t\t\t\t<\/div>\n\t\t\t\t<div class=\"elementor-element elementor-element-61b8409 elementor-widget elementor-widget-image\" data-id=\"61b8409\" data-element_type=\"widget\" data-e-type=\"widget\" data-widget_type=\"image.default\">\n\t\t\t\t<div class=\"elementor-widget-container\">\n\t\t\t\t\t\t\t\t\t\t\t\t<figure class=\"wp-caption\">\n\t\t\t\t\t\t\t\t\t\t<img loading=\"lazy\" decoding=\"async\" width=\"768\" height=\"512\" src=\"https:\/\/www.elturistatranquil.com\/wp-content\/uploads\/F50-Cuenca.jpg\" class=\"attachment-large size-large wp-image-46766\" alt=\"Cuenca\" srcset=\"https:\/\/www.elturistatranquil.com\/wp-content\/uploads\/F50-Cuenca.jpg 768w, https:\/\/www.elturistatranquil.com\/wp-content\/uploads\/F50-Cuenca-339x226.jpg 339w\" sizes=\"(max-width: 768px) 100vw, 768px\" \/>\t\t\t\t\t\t\t\t\t\t\t<figcaption class=\"widget-image-caption wp-caption-text\"><\/figcaption>\n\t\t\t\t\t\t\t\t\t\t<\/figure>\n\t\t\t\t\t\t\t\t\t<\/div>\n\t\t\t\t<\/div>\n\t\t\t\t<div class=\"elementor-element elementor-element-553b158 elementor-widget elementor-widget-text-editor\" data-id=\"553b158\" data-element_type=\"widget\" data-e-type=\"widget\" data-widget_type=\"text-editor.default\">\n\t\t\t\t<div class=\"elementor-widget-container\">\n\t\t\t\t\t\t\t\t\t<p>El cam\u00ed del mirador no t\u00e9 sortida, i cal retrocedir per pujar fins al carrer Trabuco, que obre noves perspectives d&#8217;observaci\u00f3.<\/p>\t\t\t\t\t\t\t\t<\/div>\n\t\t\t\t<\/div>\n\t\t\t\t<div class=\"elementor-element elementor-element-8d6c072 elementor-widget elementor-widget-image\" data-id=\"8d6c072\" data-element_type=\"widget\" data-e-type=\"widget\" data-widget_type=\"image.default\">\n\t\t\t\t<div class=\"elementor-widget-container\">\n\t\t\t\t\t\t\t\t\t\t\t\t<figure class=\"wp-caption\">\n\t\t\t\t\t\t\t\t\t\t<img loading=\"lazy\" decoding=\"async\" width=\"768\" height=\"512\" src=\"https:\/\/www.elturistatranquil.com\/wp-content\/uploads\/F51a-Cuenca.jpg\" class=\"attachment-large size-large wp-image-46768\" alt=\"Cuenca\" srcset=\"https:\/\/www.elturistatranquil.com\/wp-content\/uploads\/F51a-Cuenca.jpg 768w, https:\/\/www.elturistatranquil.com\/wp-content\/uploads\/F51a-Cuenca-339x226.jpg 339w\" sizes=\"(max-width: 768px) 100vw, 768px\" \/>\t\t\t\t\t\t\t\t\t\t\t<figcaption class=\"widget-image-caption wp-caption-text\"><\/figcaption>\n\t\t\t\t\t\t\t\t\t\t<\/figure>\n\t\t\t\t\t\t\t\t\t<\/div>\n\t\t\t\t<\/div>\n\t\t\t\t<div class=\"elementor-element elementor-element-e4af5c3 elementor-widget elementor-widget-text-editor\" data-id=\"e4af5c3\" data-element_type=\"widget\" data-e-type=\"widget\" data-widget_type=\"text-editor.default\">\n\t\t\t\t<div class=\"elementor-widget-container\">\n\t\t\t\t\t\t\t\t\t<p>A l&#8217;esquerra l&#8217;espadanya de l&#8217;esgl\u00e9sia del convent de Carmelites Descal\u00e7os, darrere l&#8217;esgl\u00e9sia de Sant Pere, i al fons a la dreta, les cases del carrer Trabuco que donen al costat occidental de la ciutat sobre la gorga del X\u00faquer, a les que es manifesten els colors t\u00edpics de les fa\u00e7anes.<\/p>\t\t\t\t\t\t\t\t<\/div>\n\t\t\t\t<\/div>\n\t\t\t\t<div class=\"elementor-element elementor-element-24485f9 elementor-widget elementor-widget-image\" data-id=\"24485f9\" data-element_type=\"widget\" data-e-type=\"widget\" data-widget_type=\"image.default\">\n\t\t\t\t<div class=\"elementor-widget-container\">\n\t\t\t\t\t\t\t\t\t\t\t\t<figure class=\"wp-caption\">\n\t\t\t\t\t\t\t\t\t\t<img loading=\"lazy\" decoding=\"async\" width=\"768\" height=\"512\" src=\"https:\/\/www.elturistatranquil.com\/wp-content\/uploads\/F51b-Cuenca.jpg\" class=\"attachment-large size-large wp-image-46770\" alt=\"Cuenca\" srcset=\"https:\/\/www.elturistatranquil.com\/wp-content\/uploads\/F51b-Cuenca.jpg 768w, https:\/\/www.elturistatranquil.com\/wp-content\/uploads\/F51b-Cuenca-339x226.jpg 339w\" sizes=\"(max-width: 768px) 100vw, 768px\" \/>\t\t\t\t\t\t\t\t\t\t\t<figcaption class=\"widget-image-caption wp-caption-text\"><\/figcaption>\n\t\t\t\t\t\t\t\t\t\t<\/figure>\n\t\t\t\t\t\t\t\t\t<\/div>\n\t\t\t\t<\/div>\n\t\t\t\t<div class=\"elementor-element elementor-element-8c17aa5 elementor-widget elementor-widget-heading\" data-id=\"8c17aa5\" data-element_type=\"widget\" data-e-type=\"widget\" data-widget_type=\"heading.default\">\n\t\t\t\t<div class=\"elementor-widget-container\">\n\t\t\t\t\t<h3 class=\"elementor-heading-title elementor-size-default\">Pla\u00e7a Trabuco<\/h3>\t\t\t\t<\/div>\n\t\t\t\t<\/div>\n\t\t\t\t<div class=\"elementor-element elementor-element-fdfe689 elementor-widget elementor-widget-heading\" data-id=\"fdfe689\" data-element_type=\"widget\" data-e-type=\"widget\" data-widget_type=\"heading.default\">\n\t\t\t\t<div class=\"elementor-widget-container\">\n\t\t\t\t\t<h5 class=\"elementor-heading-title elementor-size-default\">Muralla i Porta Arc de Bezudo<\/h5>\t\t\t\t<\/div>\n\t\t\t\t<\/div>\n\t\t\t\t<div class=\"elementor-element elementor-element-b3aea43 elementor-widget elementor-widget-text-editor\" data-id=\"b3aea43\" data-element_type=\"widget\" data-e-type=\"widget\" data-widget_type=\"text-editor.default\">\n\t\t\t\t<div class=\"elementor-widget-container\">\n\t\t\t\t\t\t\t\t\t<p>Hem arribat al l\u00edmit de la ciutat fortificada d&#8217;origen musulm\u00e0 on, a la muralla, s&#8217;obre la porta anomenada <strong>Arc de Bezudo<\/strong> (<strong>17<\/strong>).<\/p><p>Actualment, queda poc de l&#8217;antiga muralla \u00e0rab, de la qual es conserven alguns fragments, dos cubs magn\u00edfics i el bell arc de pedra del que va ser una de les entrades a la ciutat, l&#8217;arc de Bezudo.<\/p><p>Pel que fa al castell, no queda pr\u00e0cticament res del que al seu dia va ser una fortalesa cristiana inexpugnable. La seva \u00faltima edificaci\u00f3 data de l&#8217;\u00e8poca de Felip II, l&#8217;escut de la qual podem trobar a la fa\u00e7ana de l&#8217;actual Arxiu Hist\u00f2ric Provincial (antic edifici de la Inquisici\u00f3).<\/p><p>La porta i la muralla des de l\u2019interior.<\/p>\t\t\t\t\t\t\t\t<\/div>\n\t\t\t\t<\/div>\n\t\t\t\t<div class=\"elementor-element elementor-element-df90fea elementor-widget elementor-widget-image\" data-id=\"df90fea\" data-element_type=\"widget\" data-e-type=\"widget\" data-widget_type=\"image.default\">\n\t\t\t\t<div class=\"elementor-widget-container\">\n\t\t\t\t\t\t\t\t\t\t\t\t<figure class=\"wp-caption\">\n\t\t\t\t\t\t\t\t\t\t<img loading=\"lazy\" decoding=\"async\" width=\"768\" height=\"512\" src=\"https:\/\/www.elturistatranquil.com\/wp-content\/uploads\/F52-Cuenca-Muralla-y-Puerta-Arco-de-Bezudo.jpg\" class=\"attachment-large size-large wp-image-46772\" alt=\"Cuenca, Muralla y Puerta Arco de Bezudo\" srcset=\"https:\/\/www.elturistatranquil.com\/wp-content\/uploads\/F52-Cuenca-Muralla-y-Puerta-Arco-de-Bezudo.jpg 768w, https:\/\/www.elturistatranquil.com\/wp-content\/uploads\/F52-Cuenca-Muralla-y-Puerta-Arco-de-Bezudo-339x226.jpg 339w\" sizes=\"(max-width: 768px) 100vw, 768px\" \/>\t\t\t\t\t\t\t\t\t\t\t<figcaption class=\"widget-image-caption wp-caption-text\"><\/figcaption>\n\t\t\t\t\t\t\t\t\t\t<\/figure>\n\t\t\t\t\t\t\t\t\t<\/div>\n\t\t\t\t<\/div>\n\t\t\t\t<div class=\"elementor-element elementor-element-8d84d69 elementor-widget elementor-widget-text-editor\" data-id=\"8d84d69\" data-element_type=\"widget\" data-e-type=\"widget\" data-widget_type=\"text-editor.default\">\n\t\t\t\t<div class=\"elementor-widget-container\">\n\t\t\t\t\t\t\t\t\t<p>Per l\u2019exterior, un fossat sec protegia aquesta entrada.<\/p>\t\t\t\t\t\t\t\t<\/div>\n\t\t\t\t<\/div>\n\t\t\t\t<div class=\"elementor-element elementor-element-22ac1c7 elementor-widget elementor-widget-image\" data-id=\"22ac1c7\" data-element_type=\"widget\" data-e-type=\"widget\" data-widget_type=\"image.default\">\n\t\t\t\t<div class=\"elementor-widget-container\">\n\t\t\t\t\t\t\t\t\t\t\t\t<figure class=\"wp-caption\">\n\t\t\t\t\t\t\t\t\t\t<img loading=\"lazy\" decoding=\"async\" width=\"768\" height=\"512\" src=\"https:\/\/www.elturistatranquil.com\/wp-content\/uploads\/F53-Cuenca-Muralla-y-Puerta-Arco-de-Bezudo.jpg\" class=\"attachment-large size-large wp-image-46777\" alt=\"Cuenca, Muralla y Puerta Arco de Bezudo\" srcset=\"https:\/\/www.elturistatranquil.com\/wp-content\/uploads\/F53-Cuenca-Muralla-y-Puerta-Arco-de-Bezudo.jpg 768w, https:\/\/www.elturistatranquil.com\/wp-content\/uploads\/F53-Cuenca-Muralla-y-Puerta-Arco-de-Bezudo-339x226.jpg 339w\" sizes=\"(max-width: 768px) 100vw, 768px\" \/>\t\t\t\t\t\t\t\t\t\t\t<figcaption class=\"widget-image-caption wp-caption-text\"><\/figcaption>\n\t\t\t\t\t\t\t\t\t\t<\/figure>\n\t\t\t\t\t\t\t\t\t<\/div>\n\t\t\t\t<\/div>\n\t\t\t\t<div class=\"elementor-element elementor-element-a06b7b2 elementor-widget elementor-widget-text-editor\" data-id=\"a06b7b2\" data-element_type=\"widget\" data-e-type=\"widget\" data-widget_type=\"text-editor.default\">\n\t\t\t\t<div class=\"elementor-widget-container\">\n\t\t\t\t\t\t\t\t\t<p>A banda i banda queden les restes dels llen\u00e7os que enlla\u00e7aven amb els cingles de la rocalla, que refor\u00e7ava el seu paper de muralla natural.<\/p>\t\t\t\t\t\t\t\t<\/div>\n\t\t\t\t<\/div>\n\t\t\t\t<div class=\"elementor-element elementor-element-e1d6860 elementor-widget elementor-widget-image\" data-id=\"e1d6860\" data-element_type=\"widget\" data-e-type=\"widget\" data-widget_type=\"image.default\">\n\t\t\t\t<div class=\"elementor-widget-container\">\n\t\t\t\t\t\t\t\t\t\t\t\t<figure class=\"wp-caption\">\n\t\t\t\t\t\t\t\t\t\t<img loading=\"lazy\" decoding=\"async\" width=\"768\" height=\"512\" src=\"https:\/\/www.elturistatranquil.com\/wp-content\/uploads\/F54-Cuenca-Muralla-y-Puerta-Arco-de-Bezudo.jpg\" class=\"attachment-large size-large wp-image-46782\" alt=\"Cuenca, Muralla y Puerta Arco de Bezudo\" srcset=\"https:\/\/www.elturistatranquil.com\/wp-content\/uploads\/F54-Cuenca-Muralla-y-Puerta-Arco-de-Bezudo.jpg 768w, https:\/\/www.elturistatranquil.com\/wp-content\/uploads\/F54-Cuenca-Muralla-y-Puerta-Arco-de-Bezudo-339x226.jpg 339w\" sizes=\"(max-width: 768px) 100vw, 768px\" \/>\t\t\t\t\t\t\t\t\t\t\t<figcaption class=\"widget-image-caption wp-caption-text\"><\/figcaption>\n\t\t\t\t\t\t\t\t\t\t<\/figure>\n\t\t\t\t\t\t\t\t\t<\/div>\n\t\t\t\t<\/div>\n\t\t\t\t<div class=\"elementor-element elementor-element-ce7ddc4 elementor-widget elementor-widget-text-editor\" data-id=\"ce7ddc4\" data-element_type=\"widget\" data-e-type=\"widget\" data-widget_type=\"text-editor.default\">\n\t\t\t\t<div class=\"elementor-widget-container\">\n\t\t\t\t\t\t\t\t\t<p>El fossat i la muralla del costat de llevant.<\/p>\t\t\t\t\t\t\t\t<\/div>\n\t\t\t\t<\/div>\n\t\t\t\t<div class=\"elementor-element elementor-element-aae8dd9 elementor-widget elementor-widget-image\" data-id=\"aae8dd9\" data-element_type=\"widget\" data-e-type=\"widget\" data-widget_type=\"image.default\">\n\t\t\t\t<div class=\"elementor-widget-container\">\n\t\t\t\t\t\t\t\t\t\t\t\t<figure class=\"wp-caption\">\n\t\t\t\t\t\t\t\t\t\t<img loading=\"lazy\" decoding=\"async\" width=\"768\" height=\"512\" src=\"https:\/\/www.elturistatranquil.com\/wp-content\/uploads\/F55-Cuenca-Muralla-y-Puerta-Arco-de-Bezudo.jpg\" class=\"attachment-large size-large wp-image-46784\" alt=\"Cuenca, Muralla y Puerta Arco de Bezudo\" srcset=\"https:\/\/www.elturistatranquil.com\/wp-content\/uploads\/F55-Cuenca-Muralla-y-Puerta-Arco-de-Bezudo.jpg 768w, https:\/\/www.elturistatranquil.com\/wp-content\/uploads\/F55-Cuenca-Muralla-y-Puerta-Arco-de-Bezudo-339x226.jpg 339w\" sizes=\"(max-width: 768px) 100vw, 768px\" \/>\t\t\t\t\t\t\t\t\t\t\t<figcaption class=\"widget-image-caption wp-caption-text\"><\/figcaption>\n\t\t\t\t\t\t\t\t\t\t<\/figure>\n\t\t\t\t\t\t\t\t\t<\/div>\n\t\t\t\t<\/div>\n\t\t\t\t<div class=\"elementor-element elementor-element-db899b1 elementor-widget elementor-widget-text-editor\" data-id=\"db899b1\" data-element_type=\"widget\" data-e-type=\"widget\" data-widget_type=\"text-editor.default\">\n\t\t\t\t<div class=\"elementor-widget-container\">\n\t\t\t\t\t\t\t\t\t<p>El fossat i la muralla del costat de ponent.<\/p>\t\t\t\t\t\t\t\t<\/div>\n\t\t\t\t<\/div>\n\t\t\t\t<div class=\"elementor-element elementor-element-fd0ea6b elementor-widget elementor-widget-image\" data-id=\"fd0ea6b\" data-element_type=\"widget\" data-e-type=\"widget\" data-widget_type=\"image.default\">\n\t\t\t\t<div class=\"elementor-widget-container\">\n\t\t\t\t\t\t\t\t\t\t\t\t<figure class=\"wp-caption\">\n\t\t\t\t\t\t\t\t\t\t<img loading=\"lazy\" decoding=\"async\" width=\"768\" height=\"512\" src=\"https:\/\/www.elturistatranquil.com\/wp-content\/uploads\/F56-Cuenca-Muralla-y-Puerta-Arco-de-Bezudo.jpg\" class=\"attachment-large size-large wp-image-46786\" alt=\"Cuenca, Muralla y Puerta Arco de Bezudo\" srcset=\"https:\/\/www.elturistatranquil.com\/wp-content\/uploads\/F56-Cuenca-Muralla-y-Puerta-Arco-de-Bezudo.jpg 768w, https:\/\/www.elturistatranquil.com\/wp-content\/uploads\/F56-Cuenca-Muralla-y-Puerta-Arco-de-Bezudo-339x226.jpg 339w\" sizes=\"(max-width: 768px) 100vw, 768px\" \/>\t\t\t\t\t\t\t\t\t\t\t<figcaption class=\"widget-image-caption wp-caption-text\"><\/figcaption>\n\t\t\t\t\t\t\t\t\t\t<\/figure>\n\t\t\t\t\t\t\t\t\t<\/div>\n\t\t\t\t<\/div>\n\t\t\t\t<div class=\"elementor-element elementor-element-1f8bf46 elementor-widget elementor-widget-heading\" data-id=\"1f8bf46\" data-element_type=\"widget\" data-e-type=\"widget\" data-widget_type=\"heading.default\">\n\t\t\t\t<div class=\"elementor-widget-container\">\n\t\t\t\t\t<h5 class=\"elementor-heading-title elementor-size-default\">Carrer Trabuco <\/h5>\t\t\t\t<\/div>\n\t\t\t\t<\/div>\n\t\t\t\t<div class=\"elementor-element elementor-element-aaa43d2 elementor-widget elementor-widget-text-editor\" data-id=\"aaa43d2\" data-element_type=\"widget\" data-e-type=\"widget\" data-widget_type=\"text-editor.default\">\n\t\t\t\t<div class=\"elementor-widget-container\">\n\t\t\t\t\t\t\t\t\t<p>L&#8217;entrada a la ciutat s&#8217;efectua actualment per la pla\u00e7a anomenada <strong>carrer Trabuco<\/strong> (<strong>18<\/strong>), que forma una pla\u00e7a amb \u00e0mplies vistes a llevant.<\/p>\t\t\t\t\t\t\t\t<\/div>\n\t\t\t\t<\/div>\n\t\t\t\t<div class=\"elementor-element elementor-element-edcd851 elementor-widget elementor-widget-image\" data-id=\"edcd851\" data-element_type=\"widget\" data-e-type=\"widget\" data-widget_type=\"image.default\">\n\t\t\t\t<div class=\"elementor-widget-container\">\n\t\t\t\t\t\t\t\t\t\t\t\t<figure class=\"wp-caption\">\n\t\t\t\t\t\t\t\t\t\t<img loading=\"lazy\" decoding=\"async\" width=\"768\" height=\"512\" src=\"https:\/\/www.elturistatranquil.com\/wp-content\/uploads\/F57-Cuenca-Calle-Trabuco.jpg\" class=\"attachment-large size-large wp-image-46788\" alt=\"Cuenca, Calle Trabuco\" srcset=\"https:\/\/www.elturistatranquil.com\/wp-content\/uploads\/F57-Cuenca-Calle-Trabuco.jpg 768w, https:\/\/www.elturistatranquil.com\/wp-content\/uploads\/F57-Cuenca-Calle-Trabuco-339x226.jpg 339w\" sizes=\"(max-width: 768px) 100vw, 768px\" \/>\t\t\t\t\t\t\t\t\t\t\t<figcaption class=\"widget-image-caption wp-caption-text\"><\/figcaption>\n\t\t\t\t\t\t\t\t\t\t<\/figure>\n\t\t\t\t\t\t\t\t\t<\/div>\n\t\t\t\t<\/div>\n\t\t\t\t<div class=\"elementor-element elementor-element-57a9197 elementor-widget elementor-widget-text-editor\" data-id=\"57a9197\" data-element_type=\"widget\" data-e-type=\"widget\" data-widget_type=\"text-editor.default\">\n\t\t\t\t<div class=\"elementor-widget-container\">\n\t\t\t\t\t\t\t\t\t<p>Monument a Fra Luis de Le\u00f3n (<strong>19<\/strong>).<\/p>\t\t\t\t\t\t\t\t<\/div>\n\t\t\t\t<\/div>\n\t\t\t\t<div class=\"elementor-element elementor-element-be88444 elementor-widget elementor-widget-image\" data-id=\"be88444\" data-element_type=\"widget\" data-e-type=\"widget\" data-widget_type=\"image.default\">\n\t\t\t\t<div class=\"elementor-widget-container\">\n\t\t\t\t\t\t\t\t\t\t\t\t<figure class=\"wp-caption\">\n\t\t\t\t\t\t\t\t\t\t<img loading=\"lazy\" decoding=\"async\" width=\"768\" height=\"512\" src=\"https:\/\/www.elturistatranquil.com\/wp-content\/uploads\/F58-Cuenca-Calle-Trabuco-Fray-Luis-de-Leon.jpg\" class=\"attachment-large size-large wp-image-46790\" alt=\"Cuenca, Calle Trabuco, Fray Luis de Leon\" srcset=\"https:\/\/www.elturistatranquil.com\/wp-content\/uploads\/F58-Cuenca-Calle-Trabuco-Fray-Luis-de-Leon.jpg 768w, https:\/\/www.elturistatranquil.com\/wp-content\/uploads\/F58-Cuenca-Calle-Trabuco-Fray-Luis-de-Leon-339x226.jpg 339w\" sizes=\"(max-width: 768px) 100vw, 768px\" \/>\t\t\t\t\t\t\t\t\t\t\t<figcaption class=\"widget-image-caption wp-caption-text\"><\/figcaption>\n\t\t\t\t\t\t\t\t\t\t<\/figure>\n\t\t\t\t\t\t\t\t\t<\/div>\n\t\t\t\t<\/div>\n\t\t\t\t<div class=\"elementor-element elementor-element-a8819d0 elementor-widget elementor-widget-heading\" data-id=\"a8819d0\" data-element_type=\"widget\" data-e-type=\"widget\" data-widget_type=\"heading.default\">\n\t\t\t\t<div class=\"elementor-widget-container\">\n\t\t\t\t\t<h5 class=\"elementor-heading-title elementor-size-default\">Esgl\u00e9sia de Sant Pere<\/h5>\t\t\t\t<\/div>\n\t\t\t\t<\/div>\n\t\t\t\t<div class=\"elementor-element elementor-element-aa346f9 elementor-widget elementor-widget-text-editor\" data-id=\"aa346f9\" data-element_type=\"widget\" data-e-type=\"widget\" data-widget_type=\"text-editor.default\">\n\t\t\t\t<div class=\"elementor-widget-container\">\n\t\t\t\t\t\t\t\t\t<p><em>B\u00e9 d&#8217;Inter\u00e8s Cultural (BIC)<\/em><\/p><p>El carrer Trabuco enlla\u00e7a amb el carrer Sant Pere. En aquest punt se situa a llevant l&#8217;<strong>esgl\u00e9sia de Sant Pere<\/strong> (<strong>20<\/strong>).<\/p><p>Tot i que l&#8217;origen de l&#8217;esgl\u00e9sia de Sant Pere \u00e9s rom\u00e0nic, ha patit tants canvis al llarg dels segles que en realitat es pot considerar una obra del segle XVIII.<\/p><p>\u00c9s un edifici de planta octogonal cap a l&#8217;exterior, per\u00f2 circular a l\u2019interior. Es tanca amb una c\u00fapula sobre tambor.<\/p><p>La portada \u00e9s barroca i, al costat dret, la torre, adossada al cos de l&#8217;edifici i que es compon de tres cossos decreixents, rematada a finals del segle XVIII amb un cos de campanes.<\/p>\t\t\t\t\t\t\t\t<\/div>\n\t\t\t\t<\/div>\n\t\t\t\t<div class=\"elementor-element elementor-element-07b049f elementor-widget elementor-widget-image\" data-id=\"07b049f\" data-element_type=\"widget\" data-e-type=\"widget\" data-widget_type=\"image.default\">\n\t\t\t\t<div class=\"elementor-widget-container\">\n\t\t\t\t\t\t\t\t\t\t\t\t<figure class=\"wp-caption\">\n\t\t\t\t\t\t\t\t\t\t<img loading=\"lazy\" decoding=\"async\" width=\"768\" height=\"512\" src=\"https:\/\/www.elturistatranquil.com\/wp-content\/uploads\/F59-Cuenca-iglesia-de-San-Pedro.jpg\" class=\"attachment-large size-large wp-image-46799\" alt=\"Cuenca, iglesia de San Pedro\" srcset=\"https:\/\/www.elturistatranquil.com\/wp-content\/uploads\/F59-Cuenca-iglesia-de-San-Pedro.jpg 768w, https:\/\/www.elturistatranquil.com\/wp-content\/uploads\/F59-Cuenca-iglesia-de-San-Pedro-339x226.jpg 339w\" sizes=\"(max-width: 768px) 100vw, 768px\" \/>\t\t\t\t\t\t\t\t\t\t\t<figcaption class=\"widget-image-caption wp-caption-text\"><\/figcaption>\n\t\t\t\t\t\t\t\t\t\t<\/figure>\n\t\t\t\t\t\t\t\t\t<\/div>\n\t\t\t\t<\/div>\n\t\t\t\t<div class=\"elementor-element elementor-element-0bf694d elementor-widget elementor-widget-text-editor\" data-id=\"0bf694d\" data-element_type=\"widget\" data-e-type=\"widget\" data-widget_type=\"text-editor.default\">\n\t\t\t\t<div class=\"elementor-widget-container\">\n\t\t\t\t\t\t\t\t\t<p>En primer terme el convent de les\u00a0 Carmelites Descalces, amb l&#8217;espadanya de la seva esgl\u00e9sia, darrere sobresurt l&#8217;edifici de l&#8217;esgl\u00e9sia de Sant Pere, amb la seva gran c\u00fapula octogonal.<\/p>\t\t\t\t\t\t\t\t<\/div>\n\t\t\t\t<\/div>\n\t\t\t\t<div class=\"elementor-element elementor-element-a8d8a3b elementor-widget elementor-widget-image\" data-id=\"a8d8a3b\" data-element_type=\"widget\" data-e-type=\"widget\" data-widget_type=\"image.default\">\n\t\t\t\t<div class=\"elementor-widget-container\">\n\t\t\t\t\t\t\t\t\t\t\t\t<figure class=\"wp-caption\">\n\t\t\t\t\t\t\t\t\t\t<img loading=\"lazy\" decoding=\"async\" width=\"768\" height=\"512\" src=\"https:\/\/www.elturistatranquil.com\/wp-content\/uploads\/F60-Cuenca-iglesia-de-San-Pedro.jpg\" class=\"attachment-large size-large wp-image-46794\" alt=\"Cuenca, iglesia de San Pedro\" srcset=\"https:\/\/www.elturistatranquil.com\/wp-content\/uploads\/F60-Cuenca-iglesia-de-San-Pedro.jpg 768w, https:\/\/www.elturistatranquil.com\/wp-content\/uploads\/F60-Cuenca-iglesia-de-San-Pedro-339x226.jpg 339w\" sizes=\"(max-width: 768px) 100vw, 768px\" \/>\t\t\t\t\t\t\t\t\t\t\t<figcaption class=\"widget-image-caption wp-caption-text\"><\/figcaption>\n\t\t\t\t\t\t\t\t\t\t<\/figure>\n\t\t\t\t\t\t\t\t\t<\/div>\n\t\t\t\t<\/div>\n\t\t\t\t<div class=\"elementor-element elementor-element-6cfb97e elementor-widget elementor-widget-heading\" data-id=\"6cfb97e\" data-element_type=\"widget\" data-e-type=\"widget\" data-widget_type=\"heading.default\">\n\t\t\t\t<div class=\"elementor-widget-container\">\n\t\t\t\t\t<h3 class=\"elementor-heading-title elementor-size-default\">Carrer Sant Pere<\/h3>\t\t\t\t<\/div>\n\t\t\t\t<\/div>\n\t\t\t\t<div class=\"elementor-element elementor-element-0eb41ab elementor-widget elementor-widget-text-editor\" data-id=\"0eb41ab\" data-element_type=\"widget\" data-e-type=\"widget\" data-widget_type=\"text-editor.default\">\n\t\t\t\t<div class=\"elementor-widget-container\">\n\t\t\t\t\t\t\t\t\t<p>S&#8217;entra al <strong>carrer Sant Pere<\/strong> (<strong>21<\/strong>), que era el carrer principal, blasonat i conventual del primitiu nucli de Conca. Al carrer Sant Pere es concentra un bon nombre de casalots i palauets pertanyents al seu dia a la vella noblesa castellana, actualment convertides en cases particulars; a m\u00e9s de notables edificis religiosos com s\u00f3n: les restes de l&#8217;esgl\u00e9sia de Sant Pantale\u00f3, l&#8217;antic convent de les zeladores del Sagrat Cor de Jes\u00fas (Hotel Convent del Giraldo actualment), l&#8217;antic Col\u00b7legi de Jesu\u00eftes (avui sala d&#8217;exposicions del Centre d&#8217;Art Creu Novillo) i l&#8217;Esgl\u00e9sia de Sant Pere.<\/p><p>Portada renaixentista de la seu de la <strong>Confraria de l&#8217;Epifania<\/strong>, de l&#8217;any 1589.<\/p>\t\t\t\t\t\t\t\t<\/div>\n\t\t\t\t<\/div>\n\t\t\t\t<div class=\"elementor-element elementor-element-7b404ab elementor-widget elementor-widget-image\" data-id=\"7b404ab\" data-element_type=\"widget\" data-e-type=\"widget\" data-widget_type=\"image.default\">\n\t\t\t\t<div class=\"elementor-widget-container\">\n\t\t\t\t\t\t\t\t\t\t\t\t<figure class=\"wp-caption\">\n\t\t\t\t\t\t\t\t\t\t<img loading=\"lazy\" decoding=\"async\" width=\"768\" height=\"512\" src=\"https:\/\/www.elturistatranquil.com\/wp-content\/uploads\/F61-Cuenca-calle-San-Pedro.jpg\" class=\"attachment-large size-large wp-image-46801\" alt=\"Cuenca, calle San Pedro\" srcset=\"https:\/\/www.elturistatranquil.com\/wp-content\/uploads\/F61-Cuenca-calle-San-Pedro.jpg 768w, https:\/\/www.elturistatranquil.com\/wp-content\/uploads\/F61-Cuenca-calle-San-Pedro-339x226.jpg 339w\" sizes=\"(max-width: 768px) 100vw, 768px\" \/>\t\t\t\t\t\t\t\t\t\t\t<figcaption class=\"widget-image-caption wp-caption-text\"><\/figcaption>\n\t\t\t\t\t\t\t\t\t\t<\/figure>\n\t\t\t\t\t\t\t\t\t<\/div>\n\t\t\t\t<\/div>\n\t\t\t\t<div class=\"elementor-element elementor-element-c190574 elementor-widget elementor-widget-text-editor\" data-id=\"c190574\" data-element_type=\"widget\" data-e-type=\"widget\" data-widget_type=\"text-editor.default\">\n\t\t\t\t<div class=\"elementor-widget-container\">\n\t\t\t\t\t\t\t\t\t<p>Un exemple de casa blasonada.<\/p>\t\t\t\t\t\t\t\t<\/div>\n\t\t\t\t<\/div>\n\t\t\t\t<div class=\"elementor-element elementor-element-d1947ff elementor-widget elementor-widget-image\" data-id=\"d1947ff\" data-element_type=\"widget\" data-e-type=\"widget\" data-widget_type=\"image.default\">\n\t\t\t\t<div class=\"elementor-widget-container\">\n\t\t\t\t\t\t\t\t\t\t\t\t<figure class=\"wp-caption\">\n\t\t\t\t\t\t\t\t\t\t<img loading=\"lazy\" decoding=\"async\" width=\"768\" height=\"512\" src=\"https:\/\/www.elturistatranquil.com\/wp-content\/uploads\/F62-Cuenca-calle-San-Pedro.jpg\" class=\"attachment-large size-large wp-image-46806\" alt=\"Cuenca, calle San Pedro\" srcset=\"https:\/\/www.elturistatranquil.com\/wp-content\/uploads\/F62-Cuenca-calle-San-Pedro.jpg 768w, https:\/\/www.elturistatranquil.com\/wp-content\/uploads\/F62-Cuenca-calle-San-Pedro-339x226.jpg 339w\" sizes=\"(max-width: 768px) 100vw, 768px\" \/>\t\t\t\t\t\t\t\t\t\t\t<figcaption class=\"widget-image-caption wp-caption-text\"><\/figcaption>\n\t\t\t\t\t\t\t\t\t\t<\/figure>\n\t\t\t\t\t\t\t\t\t<\/div>\n\t\t\t\t<\/div>\n\t\t\t\t<div class=\"elementor-element elementor-element-46a3940 elementor-widget elementor-widget-text-editor\" data-id=\"46a3940\" data-element_type=\"widget\" data-e-type=\"widget\" data-widget_type=\"text-editor.default\">\n\t\t\t\t<div class=\"elementor-widget-container\">\n\t\t\t\t\t\t\t\t\t<p>El <strong>col\u00b7legi dels Jesu\u00eftes<\/strong>, del segle XVI.<\/p>\t\t\t\t\t\t\t\t<\/div>\n\t\t\t\t<\/div>\n\t\t\t\t<div class=\"elementor-element elementor-element-34ca0b9 elementor-widget elementor-widget-image\" data-id=\"34ca0b9\" data-element_type=\"widget\" data-e-type=\"widget\" data-widget_type=\"image.default\">\n\t\t\t\t<div class=\"elementor-widget-container\">\n\t\t\t\t\t\t\t\t\t\t\t\t<figure class=\"wp-caption\">\n\t\t\t\t\t\t\t\t\t\t<img loading=\"lazy\" decoding=\"async\" width=\"768\" height=\"512\" src=\"https:\/\/www.elturistatranquil.com\/wp-content\/uploads\/F63-Cuenca-calle-San-Pedro.jpg\" class=\"attachment-large size-large wp-image-46808\" alt=\"Cuenca, calle San Pedro\" srcset=\"https:\/\/www.elturistatranquil.com\/wp-content\/uploads\/F63-Cuenca-calle-San-Pedro.jpg 768w, https:\/\/www.elturistatranquil.com\/wp-content\/uploads\/F63-Cuenca-calle-San-Pedro-339x226.jpg 339w\" sizes=\"(max-width: 768px) 100vw, 768px\" \/>\t\t\t\t\t\t\t\t\t\t\t<figcaption class=\"widget-image-caption wp-caption-text\"><\/figcaption>\n\t\t\t\t\t\t\t\t\t\t<\/figure>\n\t\t\t\t\t\t\t\t\t<\/div>\n\t\t\t\t<\/div>\n\t\t\t\t<div class=\"elementor-element elementor-element-c204c27 elementor-widget elementor-widget-text-editor\" data-id=\"c204c27\" data-element_type=\"widget\" data-e-type=\"widget\" data-widget_type=\"text-editor.default\">\n\t\t\t\t<div class=\"elementor-widget-container\">\n\t\t\t\t\t\t\t\t\t<p>Perspectiva del carrer Sant Pere des de l&#8217;entrada per la pla\u00e7a Major.<\/p>\t\t\t\t\t\t\t\t<\/div>\n\t\t\t\t<\/div>\n\t\t\t\t<div class=\"elementor-element elementor-element-07d2c63 elementor-widget elementor-widget-image\" data-id=\"07d2c63\" data-element_type=\"widget\" data-e-type=\"widget\" data-widget_type=\"image.default\">\n\t\t\t\t<div class=\"elementor-widget-container\">\n\t\t\t\t\t\t\t\t\t\t\t\t<figure class=\"wp-caption\">\n\t\t\t\t\t\t\t\t\t\t<img loading=\"lazy\" decoding=\"async\" width=\"768\" height=\"512\" src=\"https:\/\/www.elturistatranquil.com\/wp-content\/uploads\/F64-Cuenca-calle-San-Pedro.jpg\" class=\"attachment-large size-large wp-image-46810\" alt=\"Cuenca, calle San Pedro\" srcset=\"https:\/\/www.elturistatranquil.com\/wp-content\/uploads\/F64-Cuenca-calle-San-Pedro.jpg 768w, https:\/\/www.elturistatranquil.com\/wp-content\/uploads\/F64-Cuenca-calle-San-Pedro-339x226.jpg 339w\" sizes=\"(max-width: 768px) 100vw, 768px\" \/>\t\t\t\t\t\t\t\t\t\t\t<figcaption class=\"widget-image-caption wp-caption-text\"><\/figcaption>\n\t\t\t\t\t\t\t\t\t\t<\/figure>\n\t\t\t\t\t\t\t\t\t<\/div>\n\t\t\t\t<\/div>\n\t\t\t\t<div class=\"elementor-element elementor-element-833e1a0 elementor-widget elementor-widget-text-editor\" data-id=\"833e1a0\" data-element_type=\"widget\" data-e-type=\"widget\" data-widget_type=\"text-editor.default\">\n\t\t\t\t<div class=\"elementor-widget-container\">\n\t\t\t\t\t\t\t\t\t<p>Hem arriba novament a la pla\u00e7a Major (<strong>8<\/strong>). Si la travessem i passem sota les arcades de les Cases Consistorials (<strong>9<\/strong>) ens endinsarem cam\u00ed de la ciutat nova.<\/p>\t\t\t\t\t\t\t\t<\/div>\n\t\t\t\t<\/div>\n\t\t\t\t<div class=\"elementor-element elementor-element-8c0d391 elementor-widget elementor-widget-heading\" data-id=\"8c0d391\" data-element_type=\"widget\" data-e-type=\"widget\" data-widget_type=\"heading.default\">\n\t\t\t\t<div class=\"elementor-widget-container\">\n\t\t\t\t\t<h3 class=\"elementor-heading-title elementor-size-default\">Carrer Alfonso VIII\n<\/h3>\t\t\t\t<\/div>\n\t\t\t\t<\/div>\n\t\t\t\t<div class=\"elementor-element elementor-element-3b633c7 elementor-widget elementor-widget-text-editor\" data-id=\"3b633c7\" data-element_type=\"widget\" data-e-type=\"widget\" data-widget_type=\"text-editor.default\">\n\t\t\t\t<div class=\"elementor-widget-container\">\n\t\t\t\t\t\t\t\t\t<p>El <strong>carrer Alfonso VIII<\/strong> (<strong>22<\/strong>) constitueix el carrer principal d&#8217;acc\u00e9s a la Pla\u00e7a Major que va prendre forma definitiva al llarg del segle XVIII.<\/p><p>Era el carrer m\u00e9s popular de l&#8217;\u00e8poca moderna de la ciutat, i el que enlla\u00e7ava el centre hist\u00f2ric amb els eixamples que s&#8217;anaven creant cap al sud.<\/p><p>S\u00f3n, fonamentalment, cases de ve\u00efns, amb algun palauet intercalat. Normalment de cinc nivells, amb balcons al primer i segon pis, i finestres als dos superiors. Aqu\u00ed proliferen la varietat de colors amb les seves fa\u00e7anes, cosa que li atorga un especial colorit i personalitat.<\/p>\t\t\t\t\t\t\t\t<\/div>\n\t\t\t\t<\/div>\n\t\t\t\t<div class=\"elementor-element elementor-element-2efa3e7 elementor-widget elementor-widget-image\" data-id=\"2efa3e7\" data-element_type=\"widget\" data-e-type=\"widget\" data-widget_type=\"image.default\">\n\t\t\t\t<div class=\"elementor-widget-container\">\n\t\t\t\t\t\t\t\t\t\t\t\t<figure class=\"wp-caption\">\n\t\t\t\t\t\t\t\t\t\t<img loading=\"lazy\" decoding=\"async\" width=\"768\" height=\"512\" src=\"https:\/\/www.elturistatranquil.com\/wp-content\/uploads\/F65-Cuenca-calle-Alfonso-VIII.jpg\" class=\"attachment-large size-large wp-image-46812\" alt=\"Cuenca, calle Alfonso VIII\" srcset=\"https:\/\/www.elturistatranquil.com\/wp-content\/uploads\/F65-Cuenca-calle-Alfonso-VIII.jpg 768w, https:\/\/www.elturistatranquil.com\/wp-content\/uploads\/F65-Cuenca-calle-Alfonso-VIII-339x226.jpg 339w\" sizes=\"(max-width: 768px) 100vw, 768px\" \/>\t\t\t\t\t\t\t\t\t\t\t<figcaption class=\"widget-image-caption wp-caption-text\"><\/figcaption>\n\t\t\t\t\t\t\t\t\t\t<\/figure>\n\t\t\t\t\t\t\t\t\t<\/div>\n\t\t\t\t<\/div>\n\t\t\t\t<div class=\"elementor-element elementor-element-4998f51 elementor-widget elementor-widget-image\" data-id=\"4998f51\" data-element_type=\"widget\" data-e-type=\"widget\" data-widget_type=\"image.default\">\n\t\t\t\t<div class=\"elementor-widget-container\">\n\t\t\t\t\t\t\t\t\t\t\t\t<figure class=\"wp-caption\">\n\t\t\t\t\t\t\t\t\t\t<img loading=\"lazy\" decoding=\"async\" width=\"768\" height=\"512\" src=\"https:\/\/www.elturistatranquil.com\/wp-content\/uploads\/F66-Cuenca-calle-Alfonso-VIII.jpg\" class=\"attachment-large size-large wp-image-46814\" alt=\"Cuenca, calle Alfonso VIII\" srcset=\"https:\/\/www.elturistatranquil.com\/wp-content\/uploads\/F66-Cuenca-calle-Alfonso-VIII.jpg 768w, https:\/\/www.elturistatranquil.com\/wp-content\/uploads\/F66-Cuenca-calle-Alfonso-VIII-339x226.jpg 339w\" sizes=\"(max-width: 768px) 100vw, 768px\" \/>\t\t\t\t\t\t\t\t\t\t\t<figcaption class=\"widget-image-caption wp-caption-text\"><\/figcaption>\n\t\t\t\t\t\t\t\t\t\t<\/figure>\n\t\t\t\t\t\t\t\t\t<\/div>\n\t\t\t\t<\/div>\n\t\t\t\t<div class=\"elementor-element elementor-element-e895f2a elementor-widget elementor-widget-heading\" data-id=\"e895f2a\" data-element_type=\"widget\" data-e-type=\"widget\" data-widget_type=\"heading.default\">\n\t\t\t\t<div class=\"elementor-widget-container\">\n\t\t\t\t\t<h2 class=\"elementor-heading-title elementor-size-default\">Conca, capital d'art contemporani i de la m\u00fasica religiosa<\/h2>\t\t\t\t<\/div>\n\t\t\t\t<\/div>\n\t\t\t\t<div class=\"elementor-element elementor-element-20f811d elementor-widget elementor-widget-text-editor\" data-id=\"20f811d\" data-element_type=\"widget\" data-e-type=\"widget\" data-widget_type=\"text-editor.default\">\n\t\t\t\t<div class=\"elementor-widget-container\">\n\t\t\t\t\t\t\t\t\t<p>Des dels anys seixanta del segle passat, la ciutat de Conca es va convertir en capital d&#8217;art contemporani espanyol amb l&#8217;obertura del <a href=\"https:\/\/www.march.es\/es\/cuenca\" target=\"_blank\" rel=\"noopener\"><strong>Museu d&#8217;Art Abstracte Espanyol<\/strong><\/a>\u00a0(<strong>4<\/strong>) fundat el 1966 per Fernando Z\u00f3bel d&#8217;Ayala, que juntament amb Gustavo Torner van ser els impulsors del \u201cGrup de Conca\u201d.<\/p><p>Actualment, aquesta oferta muse\u00edstica d&#8217;art contemporani es complementa amb el <a href=\"https:\/\/fundacionantonioperez.com\/\" target=\"_blank\" rel=\"noopener\"><strong>Centre d&#8217;Art Contemporani Fundaci\u00f3 Antonio P\u00e9rez<\/strong><\/a> (<strong>14<\/strong>), creat l\u2019any 1998; el <a href=\"https:\/\/www.espaciotorner.es\/\" target=\"_blank\" rel=\"noopener\"><strong>espai Torner<\/strong><\/a> (<strong>2<\/strong>), obert des del 2005 a l&#8217;Esgl\u00e9sia de Sant Pau; \u00a0la <a href=\"https:\/\/www.coleccionrobertopolo.es\/\" target=\"_blank\" rel=\"noopener\"><strong>Colecci\u00f3 Roberto Polo, Centre d&#8217;Art Modern i Contemporani de Castilla La Mancha (CORPO)<\/strong><\/a> (<strong>23<\/strong>) des de l\u2019any 2020; el <a href=\"http:\/\/www.mide.uclm.es\/\" target=\"_blank\" rel=\"noopener\"><strong>Museo Internacional d&#8217;Electrograf\u00eda \u2013 Centre d&#8217;Innovaci\u00f3 en Art i Noves Tecnologies (MIDECIANT)<\/strong><\/a> (<strong>24<\/strong>) i la <a href=\"https:\/\/www.fundaciongarciaychico.org\/\" target=\"_blank\" rel=\"noopener\"><strong>Fundaci\u00f3 Garc\u00eda y Chico<\/strong><\/a> (<strong>25<\/strong>).<\/p><p>Pel que fa a l&#8217;aportaci\u00f3 de Conca a la cultura musical d&#8217;aquest pa\u00eds, cal destacar la <a href=\"https:\/\/www.smrcuenca.com\/\" target=\"_blank\" rel=\"noopener\"><strong>Setmana de M\u00fasica Religiosa<\/strong><\/a><\/p><p>La Setmana de M\u00fasica Religiosa de Conca constitueix des del seu any de creaci\u00f3, el 1962, una de les cites musicals m\u00e9s importants per Setmana Santa. El festival conquenc s&#8217;ha convertit en un dels referents europeus de la interpretaci\u00f3 de m\u00fasica religiosa i espiritual i ha estat l&#8217;escenari de l&#8217;estrena de noves creacions (la <em>premi\u00e8re<\/em> mundial de l&#8217;obra d&#8217;enc\u00e0rrec \u00e9s una cita obligada que singularitza cada edici\u00f3), aix\u00ed com la recuperaci\u00f3 de repertori infreq\u00fcent, intentant abastar diferents est\u00e8tiques, g\u00e8neres i formacions musicals.<\/p>\t\t\t\t\t\t\t\t<\/div>\n\t\t\t\t<\/div>\n\t\t\t\t<div class=\"elementor-element elementor-element-cc4ecd4 elementor-widget elementor-widget-heading\" data-id=\"cc4ecd4\" data-element_type=\"widget\" data-e-type=\"widget\" data-widget_type=\"heading.default\">\n\t\t\t\t<div class=\"elementor-widget-container\">\n\t\t\t\t\t<h2 class=\"elementor-heading-title elementor-size-default\">Fi de la visita<\/h2>\t\t\t\t<\/div>\n\t\t\t\t<\/div>\n\t\t\t\t<div class=\"elementor-element elementor-element-f8787e9 elementor-widget elementor-widget-text-editor\" data-id=\"f8787e9\" data-element_type=\"widget\" data-e-type=\"widget\" data-widget_type=\"text-editor.default\">\n\t\t\t\t<div class=\"elementor-widget-container\">\n\t\t\t\t\t\t\t\t\t<p>En aquest punt dono per finalitzada la meva particular <strong>passejada pel centre hist\u00f2ric de Conca<\/strong>.<\/p><p>Queda per rec\u00f3rrer la resta de la ciutat, que tamb\u00e9 cont\u00e9 punts interessants per visitar, i tamb\u00e9 queda aprofundir els aqu\u00ed vistos des de l&#8217;exterior. Ho deixo per a una altra ocasi\u00f3, ja que en aquesta es tractava d&#8217;un simple passeig, per\u00f2 espl\u00e8ndid.<\/p><p>Em sembla atractiu posar fi amb aquestes perspectives a\u00e8ries que podem captar de <strong>Google maps<\/strong>, i que crec que ens ajuden a obtenir una impressi\u00f3 m\u00e9s precisa de l&#8217;inter\u00e8s morfol\u00f2gic i paisatg\u00edstic d&#8217;aquesta joia de ciutat, <strong>Patrimoni Mundial<\/strong>.<\/p>\t\t\t\t\t\t\t\t<\/div>\n\t\t\t\t<\/div>\n\t\t\t\t<div class=\"elementor-element elementor-element-d29ddaf elementor-widget elementor-widget-image\" data-id=\"d29ddaf\" data-element_type=\"widget\" data-e-type=\"widget\" data-widget_type=\"image.default\">\n\t\t\t\t<div class=\"elementor-widget-container\">\n\t\t\t\t\t\t\t\t\t\t\t\t<figure class=\"wp-caption\">\n\t\t\t\t\t\t\t\t\t\t<img loading=\"lazy\" decoding=\"async\" width=\"768\" height=\"369\" src=\"https:\/\/www.elturistatranquil.com\/wp-content\/uploads\/F67-Cuenca-Google-maps-2023-05-08.jpg\" class=\"attachment-large size-large wp-image-46816\" alt=\"Cuenca (Google maps 2023-05-08)\" srcset=\"https:\/\/www.elturistatranquil.com\/wp-content\/uploads\/F67-Cuenca-Google-maps-2023-05-08.jpg 768w, https:\/\/www.elturistatranquil.com\/wp-content\/uploads\/F67-Cuenca-Google-maps-2023-05-08-339x163.jpg 339w\" sizes=\"(max-width: 768px) 100vw, 768px\" \/>\t\t\t\t\t\t\t\t\t\t\t<figcaption class=\"widget-image-caption wp-caption-text\">(Google maps 2023-05-08)<\/figcaption>\n\t\t\t\t\t\t\t\t\t\t<\/figure>\n\t\t\t\t\t\t\t\t\t<\/div>\n\t\t\t\t<\/div>\n\t\t\t\t<div class=\"elementor-element elementor-element-90a6207 elementor-widget elementor-widget-image\" data-id=\"90a6207\" data-element_type=\"widget\" data-e-type=\"widget\" data-widget_type=\"image.default\">\n\t\t\t\t<div class=\"elementor-widget-container\">\n\t\t\t\t\t\t\t\t\t\t\t\t<figure class=\"wp-caption\">\n\t\t\t\t\t\t\t\t\t\t<img loading=\"lazy\" decoding=\"async\" width=\"768\" height=\"372\" src=\"https:\/\/www.elturistatranquil.com\/wp-content\/uploads\/F68-Cuenca-Google-maps-2023-05-08.jpg\" class=\"attachment-large size-large wp-image-46818\" alt=\"Cuenca (Google maps 2023-05-08)\" srcset=\"https:\/\/www.elturistatranquil.com\/wp-content\/uploads\/F68-Cuenca-Google-maps-2023-05-08.jpg 768w, https:\/\/www.elturistatranquil.com\/wp-content\/uploads\/F68-Cuenca-Google-maps-2023-05-08-339x164.jpg 339w\" sizes=\"(max-width: 768px) 100vw, 768px\" \/>\t\t\t\t\t\t\t\t\t\t\t<figcaption class=\"widget-image-caption wp-caption-text\">(Google maps 2023-05-08)<\/figcaption>\n\t\t\t\t\t\t\t\t\t\t<\/figure>\n\t\t\t\t\t\t\t\t\t<\/div>\n\t\t\t\t<\/div>\n\t\t\t\t<div class=\"elementor-element elementor-element-8f617ec elementor-widget elementor-widget-image\" data-id=\"8f617ec\" data-element_type=\"widget\" data-e-type=\"widget\" data-widget_type=\"image.default\">\n\t\t\t\t<div class=\"elementor-widget-container\">\n\t\t\t\t\t\t\t\t\t\t\t\t<figure class=\"wp-caption\">\n\t\t\t\t\t\t\t\t\t\t<img loading=\"lazy\" decoding=\"async\" width=\"768\" height=\"365\" src=\"https:\/\/www.elturistatranquil.com\/wp-content\/uploads\/F69-Cuenca-Google-maps-2023-05-08.jpg\" class=\"attachment-large size-large wp-image-46820\" alt=\"Cuenca (Google maps 2023-05-08)\" srcset=\"https:\/\/www.elturistatranquil.com\/wp-content\/uploads\/F69-Cuenca-Google-maps-2023-05-08.jpg 768w, https:\/\/www.elturistatranquil.com\/wp-content\/uploads\/F69-Cuenca-Google-maps-2023-05-08-339x161.jpg 339w\" sizes=\"(max-width: 768px) 100vw, 768px\" \/>\t\t\t\t\t\t\t\t\t\t\t<figcaption class=\"widget-image-caption wp-caption-text\">(Google maps 2023-05-08)<\/figcaption>\n\t\t\t\t\t\t\t\t\t\t<\/figure>\n\t\t\t\t\t\t\t\t\t<\/div>\n\t\t\t\t<\/div>\n\t\t\t\t<div class=\"elementor-element elementor-element-b305ee1 elementor-widget elementor-widget-heading\" data-id=\"b305ee1\" data-element_type=\"widget\" data-e-type=\"widget\" data-widget_type=\"heading.default\">\n\t\t\t\t<div class=\"elementor-widget-container\">\n\t\t\t\t\t<h2 class=\"elementor-heading-title elementor-size-default\">Bases d'informaci\u00f3<\/h2>\t\t\t\t<\/div>\n\t\t\t\t<\/div>\n\t\t\t\t<div class=\"elementor-element elementor-element-7979c079 elementor-widget elementor-widget-text-editor\" data-id=\"7979c079\" data-element_type=\"widget\" data-e-type=\"widget\" data-widget_type=\"text-editor.default\">\n\t\t\t\t<div class=\"elementor-widget-container\">\n\t\t\t\t\t\t\t\t\t<p><strong>Webs<\/strong><\/p><p><a href=\"https:\/\/www.cuenca.es\/\" target=\"_blank\" rel=\"noopener\">ayuntamiento<\/a><\/p><p><a href=\"https:\/\/es.wikipedia.org\/wiki\/Cuenca_(Espa%C3%B1a)\" target=\"_blank\" rel=\"noopener\">wikipedia<\/a><\/p><p><a href=\"https:\/\/visitacuenca.es\/es\/guias-turisticas-de-cuenca\" target=\"_blank\" rel=\"noopener\">visitacuenca<\/a><\/p><p><a href=\"https:\/\/visitacuenca.es\/sites\/cuenca\/files\/guia_turistica_negra.pdf\" target=\"_blank\" rel=\"noopener\">guiaturistica<\/a><\/p><p><a href=\"https:\/\/m.arteguias.com\/cuenca\/guiaciudadcuenca.htm\" target=\"_blank\" rel=\"noopener\">arteguias<\/a><\/p><p><a href=\"http:\/\/www.redjaen.es\/francis\/?m=c&amp;o=50517\" target=\"_blank\" rel=\"noopener\">redjaen<\/a><\/p><p><a href=\"https:\/\/cvc.cervantes.es\/artes\/ciudades_patrimonio\/cuenca\/default.htm\" target=\"_blank\" rel=\"noopener\">centrovirtualcervantes<\/a><\/p><p><a href=\"https:\/\/www.monumentalnet.org\/monumentos.php?rf=&amp;cc=00&amp;pc=16&amp;mn=&amp;ln=&amp;ct=&amp;ob=0&amp;mc=&amp;lc=&amp;pn=Cuenca&amp;cn=&amp;p=1&amp;m=\" target=\"_blank\" rel=\"noopener\">MonumentalNet<\/a><\/p><p><strong>Ciutat Patrimoni Mundial<\/strong><\/p><p><a href=\"https:\/\/whc.unesco.org\/en\/list\/781\" target=\"_blank\" rel=\"noopener\">UNESCO: Ciudad Hist\u00f3rica Amurallada de Cuenca<\/a><\/p><p><a href=\"https:\/\/whc.unesco.org\/document\/154260\" target=\"_blank\" rel=\"noopener\">Evaluaci\u00f3n del organismo consultivo (ICOMOS)<\/a><\/p><p><a href=\"https:\/\/www.ciudadespatrimonio.org\/publicaciones\/evolucion-urbana\/cuenca.pdf\" target=\"_blank\" rel=\"noopener\">Ciudades Patrimonio: Evoluci\u00f3n urbana<\/a><\/p><p><a href=\"https:\/\/www.culturaydeporte.gob.es\/cultura\/areas\/patrimonio\/mc\/patrimoniomundial\/bienes-declarados\/por-ano-de-inscripcion\/1996\/cuenca.html\" target=\"_blank\" rel=\"noopener\">Ministerio de Cultura y Deporte<\/a><\/p>\t\t\t\t\t\t\t\t<\/div>\n\t\t\t\t<\/div>\n\t\t\t\t\t<\/div>\n\t\t<\/div>\n\t\t\t\t\t<\/div>\n\t\t<\/section>\n\t\t\t\t<\/div>\n\t\t","protected":false},"excerpt":{"rendered":"<p>Ni que nom\u00e9s sigui per anar a passejar per la ciutat hist\u00f2rica i gaudir de les seves perspectives des de l&#8217;exterior val la pena acostar-se a Conca. No en va &#8230; <a title=\"Un passeig pel centre hist\u00f2ric de Conca\" class=\"read-more\" href=\"https:\/\/www.elturistatranquil.com\/ca\/un-passeig-pel-centre-historic-de-conca\/\" aria-label=\"M\u00e9s informaci\u00f3 sobre Un passeig pel centre hist\u00f2ric de Conca\">[ &#8230; ]<\/a><\/p>\n","protected":false},"author":1,"featured_media":46828,"comment_status":"open","ping_status":"closed","sticky":false,"template":"","format":"standard","meta":{"footnotes":""},"categories":[70,71,72,74,75,76,227,77,145,82,83,90,92,95,197,208,100,139,107],"tags":[],"class_list":["post-46830","post","type-post","status-publish","format-standard","has-post-thumbnail","hentry","category-arquitectura-civil-ca","category-arquitectura-popular-ca","category-arquitectura-religiosa-ca","category-barroc","category-castells","category-ciutat","category-conca","category-conjunts-historics","category-edat-mitjana","category-gotic","category-historia-ca","category-monestirs-catedrals","category-museus","category-paisatge","category-parc-natural","category-patrimoni-mundial","category-pobles-i-ciutats-amb-interes","category-segle-xvi-xvii","category-segle-xx-xxi","infinite-scroll-item","generate-columns","tablet-grid-50","mobile-grid-100","grid-parent","grid-50","no-featured-image-padding"],"yoast_head":"<!-- This site is optimized with the Yoast SEO plugin v27.4 - https:\/\/yoast.com\/product\/yoast-seo-wordpress\/ -->\n<title>Un passeig pel centre hist\u00f2ric de Conca - El turista tranquil<\/title>\n<meta name=\"description\" content=\"Ni que nom\u00e9s sigui per anar a passejar per la ciutat hist\u00f2rica i gaudir de les seves perspectives des de l&#039;exterior val la pena acostar-se a Conca. No en va est\u00e0 considerada ciutat Patrimoni Mundial per la UNESCO.\" \/>\n<meta name=\"robots\" content=\"index, follow, max-snippet:-1, max-image-preview:large, max-video-preview:-1\" \/>\n<link rel=\"canonical\" href=\"https:\/\/www.elturistatranquil.com\/ca\/un-passeig-pel-centre-historic-de-conca\/\" \/>\n<meta property=\"og:locale\" content=\"ca_ES\" \/>\n<meta property=\"og:type\" content=\"article\" \/>\n<meta property=\"og:title\" content=\"Un passeig pel centre hist\u00f2ric de Conca - El turista tranquil\" \/>\n<meta property=\"og:description\" content=\"Ni que nom\u00e9s sigui per anar a passejar per la ciutat hist\u00f2rica i gaudir de les seves perspectives des de l&#039;exterior val la pena acostar-se a Conca. No en va est\u00e0 considerada ciutat Patrimoni Mundial per la UNESCO.\" \/>\n<meta property=\"og:url\" content=\"https:\/\/www.elturistatranquil.com\/ca\/un-passeig-pel-centre-historic-de-conca\/\" \/>\n<meta property=\"og:site_name\" content=\"El turista tranquil\" \/>\n<meta property=\"article:publisher\" content=\"https:\/\/www.facebook.com\/elturistatranquilo\/\" \/>\n<meta property=\"article:published_time\" content=\"2023-05-20T08:37:19+00:00\" \/>\n<meta property=\"article:modified_time\" content=\"2023-05-20T09:10:36+00:00\" \/>\n<meta property=\"og:image\" content=\"https:\/\/www.elturistatranquil.com\/wp-content\/uploads\/F00-Cuenca.jpg\" \/>\n\t<meta property=\"og:image:width\" content=\"768\" \/>\n\t<meta property=\"og:image:height\" content=\"512\" \/>\n\t<meta property=\"og:image:type\" content=\"image\/jpeg\" \/>\n<meta name=\"author\" content=\"admin\" \/>\n<meta name=\"twitter:card\" content=\"summary_large_image\" \/>\n<meta name=\"twitter:label1\" content=\"Escrit per\" \/>\n\t<meta name=\"twitter:data1\" content=\"admin\" \/>\n\t<meta name=\"twitter:label2\" content=\"Temps estimat de lectura\" \/>\n\t<meta name=\"twitter:data2\" content=\"38 minuts\" \/>\n<script type=\"application\/ld+json\" class=\"yoast-schema-graph\">{\"@context\":\"https:\\\/\\\/schema.org\",\"@graph\":[{\"@type\":\"Article\",\"@id\":\"https:\\\/\\\/www.elturistatranquil.com\\\/ca\\\/un-passeig-pel-centre-historic-de-conca\\\/#article\",\"isPartOf\":{\"@id\":\"https:\\\/\\\/www.elturistatranquil.com\\\/ca\\\/un-passeig-pel-centre-historic-de-conca\\\/\"},\"author\":{\"name\":\"admin\",\"@id\":\"https:\\\/\\\/www.elturistatranquil.com\\\/ca\\\/#\\\/schema\\\/person\\\/16f607c3079b96ed0c530a52e6b58bb5\"},\"headline\":\"Un passeig pel centre hist\u00f2ric de Conca\",\"datePublished\":\"2023-05-20T08:37:19+00:00\",\"dateModified\":\"2023-05-20T09:10:36+00:00\",\"mainEntityOfPage\":{\"@id\":\"https:\\\/\\\/www.elturistatranquil.com\\\/ca\\\/un-passeig-pel-centre-historic-de-conca\\\/\"},\"wordCount\":4360,\"commentCount\":2,\"image\":{\"@id\":\"https:\\\/\\\/www.elturistatranquil.com\\\/ca\\\/un-passeig-pel-centre-historic-de-conca\\\/#primaryimage\"},\"thumbnailUrl\":\"https:\\\/\\\/www.elturistatranquil.com\\\/wp-content\\\/uploads\\\/F00-Cuenca.jpg\",\"articleSection\":[\"Arquitectura civil\",\"Arquitectura popular\",\"Arquitectura religiosa\",\"Barroc\",\"Castells, Muralles\",\"Ciutat\",\"Conca\",\"Conjunts hist\u00f2rics\",\"Edat mitjana\",\"G\u00f2tic\",\"Hist\u00f2ria\",\"Monestirs, Catedrals\",\"Museus\",\"Paisatge\",\"Parc natural\",\"Patrimoni mundial\",\"Pobles i ciutats amb inter\u00e9s\",\"Segle XVI-XVII\",\"Segle XX-XXI\"],\"inLanguage\":\"ca\",\"potentialAction\":[{\"@type\":\"CommentAction\",\"name\":\"Comment\",\"target\":[\"https:\\\/\\\/www.elturistatranquil.com\\\/ca\\\/un-passeig-pel-centre-historic-de-conca\\\/#respond\"]}]},{\"@type\":\"WebPage\",\"@id\":\"https:\\\/\\\/www.elturistatranquil.com\\\/ca\\\/un-passeig-pel-centre-historic-de-conca\\\/\",\"url\":\"https:\\\/\\\/www.elturistatranquil.com\\\/ca\\\/un-passeig-pel-centre-historic-de-conca\\\/\",\"name\":\"Un passeig pel centre hist\u00f2ric de Conca - El turista tranquil\",\"isPartOf\":{\"@id\":\"https:\\\/\\\/www.elturistatranquil.com\\\/ca\\\/#website\"},\"primaryImageOfPage\":{\"@id\":\"https:\\\/\\\/www.elturistatranquil.com\\\/ca\\\/un-passeig-pel-centre-historic-de-conca\\\/#primaryimage\"},\"image\":{\"@id\":\"https:\\\/\\\/www.elturistatranquil.com\\\/ca\\\/un-passeig-pel-centre-historic-de-conca\\\/#primaryimage\"},\"thumbnailUrl\":\"https:\\\/\\\/www.elturistatranquil.com\\\/wp-content\\\/uploads\\\/F00-Cuenca.jpg\",\"datePublished\":\"2023-05-20T08:37:19+00:00\",\"dateModified\":\"2023-05-20T09:10:36+00:00\",\"author\":{\"@id\":\"https:\\\/\\\/www.elturistatranquil.com\\\/ca\\\/#\\\/schema\\\/person\\\/16f607c3079b96ed0c530a52e6b58bb5\"},\"description\":\"Ni que nom\u00e9s sigui per anar a passejar per la ciutat hist\u00f2rica i gaudir de les seves perspectives des de l'exterior val la pena acostar-se a Conca. No en va est\u00e0 considerada ciutat Patrimoni Mundial per la UNESCO.\",\"breadcrumb\":{\"@id\":\"https:\\\/\\\/www.elturistatranquil.com\\\/ca\\\/un-passeig-pel-centre-historic-de-conca\\\/#breadcrumb\"},\"inLanguage\":\"ca\",\"potentialAction\":[{\"@type\":\"ReadAction\",\"target\":[\"https:\\\/\\\/www.elturistatranquil.com\\\/ca\\\/un-passeig-pel-centre-historic-de-conca\\\/\"]}]},{\"@type\":\"ImageObject\",\"inLanguage\":\"ca\",\"@id\":\"https:\\\/\\\/www.elturistatranquil.com\\\/ca\\\/un-passeig-pel-centre-historic-de-conca\\\/#primaryimage\",\"url\":\"https:\\\/\\\/www.elturistatranquil.com\\\/wp-content\\\/uploads\\\/F00-Cuenca.jpg\",\"contentUrl\":\"https:\\\/\\\/www.elturistatranquil.com\\\/wp-content\\\/uploads\\\/F00-Cuenca.jpg\",\"width\":768,\"height\":512,\"caption\":\"Cuenca\"},{\"@type\":\"BreadcrumbList\",\"@id\":\"https:\\\/\\\/www.elturistatranquil.com\\\/ca\\\/un-passeig-pel-centre-historic-de-conca\\\/#breadcrumb\",\"itemListElement\":[{\"@type\":\"ListItem\",\"position\":1,\"name\":\"Portada\",\"item\":\"https:\\\/\\\/www.elturistatranquil.com\\\/ca\\\/\"},{\"@type\":\"ListItem\",\"position\":2,\"name\":\"Un passeig pel centre hist\u00f2ric de Conca\"}]},{\"@type\":\"WebSite\",\"@id\":\"https:\\\/\\\/www.elturistatranquil.com\\\/ca\\\/#website\",\"url\":\"https:\\\/\\\/www.elturistatranquil.com\\\/ca\\\/\",\"name\":\"El turista tranquil\",\"description\":\"Blog de viatges\",\"potentialAction\":[{\"@type\":\"SearchAction\",\"target\":{\"@type\":\"EntryPoint\",\"urlTemplate\":\"https:\\\/\\\/www.elturistatranquil.com\\\/ca\\\/?s={search_term_string}\"},\"query-input\":{\"@type\":\"PropertyValueSpecification\",\"valueRequired\":true,\"valueName\":\"search_term_string\"}}],\"inLanguage\":\"ca\"},{\"@type\":\"Person\",\"@id\":\"https:\\\/\\\/www.elturistatranquil.com\\\/ca\\\/#\\\/schema\\\/person\\\/16f607c3079b96ed0c530a52e6b58bb5\",\"name\":\"admin\",\"image\":{\"@type\":\"ImageObject\",\"inLanguage\":\"ca\",\"@id\":\"https:\\\/\\\/secure.gravatar.com\\\/avatar\\\/1fbaf22aee75fcbb29a2f97b107f95d25d3a19b7c3416105be10269872673e8d?s=96&d=mm&r=g\",\"url\":\"https:\\\/\\\/secure.gravatar.com\\\/avatar\\\/1fbaf22aee75fcbb29a2f97b107f95d25d3a19b7c3416105be10269872673e8d?s=96&d=mm&r=g\",\"contentUrl\":\"https:\\\/\\\/secure.gravatar.com\\\/avatar\\\/1fbaf22aee75fcbb29a2f97b107f95d25d3a19b7c3416105be10269872673e8d?s=96&d=mm&r=g\",\"caption\":\"admin\"}}]}<\/script>\n<!-- \/ Yoast SEO plugin. -->","yoast_head_json":{"title":"Un passeig pel centre hist\u00f2ric de Conca - El turista tranquil","description":"Ni que nom\u00e9s sigui per anar a passejar per la ciutat hist\u00f2rica i gaudir de les seves perspectives des de l'exterior val la pena acostar-se a Conca. No en va est\u00e0 considerada ciutat Patrimoni Mundial per la UNESCO.","robots":{"index":"index","follow":"follow","max-snippet":"max-snippet:-1","max-image-preview":"max-image-preview:large","max-video-preview":"max-video-preview:-1"},"canonical":"https:\/\/www.elturistatranquil.com\/ca\/un-passeig-pel-centre-historic-de-conca\/","og_locale":"ca_ES","og_type":"article","og_title":"Un passeig pel centre hist\u00f2ric de Conca - El turista tranquil","og_description":"Ni que nom\u00e9s sigui per anar a passejar per la ciutat hist\u00f2rica i gaudir de les seves perspectives des de l'exterior val la pena acostar-se a Conca. No en va est\u00e0 considerada ciutat Patrimoni Mundial per la UNESCO.","og_url":"https:\/\/www.elturistatranquil.com\/ca\/un-passeig-pel-centre-historic-de-conca\/","og_site_name":"El turista tranquil","article_publisher":"https:\/\/www.facebook.com\/elturistatranquilo\/","article_published_time":"2023-05-20T08:37:19+00:00","article_modified_time":"2023-05-20T09:10:36+00:00","og_image":[{"width":768,"height":512,"url":"https:\/\/www.elturistatranquil.com\/wp-content\/uploads\/F00-Cuenca.jpg","type":"image\/jpeg"}],"author":"admin","twitter_card":"summary_large_image","twitter_misc":{"Escrit per":"admin","Temps estimat de lectura":"38 minuts"},"schema":{"@context":"https:\/\/schema.org","@graph":[{"@type":"Article","@id":"https:\/\/www.elturistatranquil.com\/ca\/un-passeig-pel-centre-historic-de-conca\/#article","isPartOf":{"@id":"https:\/\/www.elturistatranquil.com\/ca\/un-passeig-pel-centre-historic-de-conca\/"},"author":{"name":"admin","@id":"https:\/\/www.elturistatranquil.com\/ca\/#\/schema\/person\/16f607c3079b96ed0c530a52e6b58bb5"},"headline":"Un passeig pel centre hist\u00f2ric de Conca","datePublished":"2023-05-20T08:37:19+00:00","dateModified":"2023-05-20T09:10:36+00:00","mainEntityOfPage":{"@id":"https:\/\/www.elturistatranquil.com\/ca\/un-passeig-pel-centre-historic-de-conca\/"},"wordCount":4360,"commentCount":2,"image":{"@id":"https:\/\/www.elturistatranquil.com\/ca\/un-passeig-pel-centre-historic-de-conca\/#primaryimage"},"thumbnailUrl":"https:\/\/www.elturistatranquil.com\/wp-content\/uploads\/F00-Cuenca.jpg","articleSection":["Arquitectura civil","Arquitectura popular","Arquitectura religiosa","Barroc","Castells, Muralles","Ciutat","Conca","Conjunts hist\u00f2rics","Edat mitjana","G\u00f2tic","Hist\u00f2ria","Monestirs, Catedrals","Museus","Paisatge","Parc natural","Patrimoni mundial","Pobles i ciutats amb inter\u00e9s","Segle XVI-XVII","Segle XX-XXI"],"inLanguage":"ca","potentialAction":[{"@type":"CommentAction","name":"Comment","target":["https:\/\/www.elturistatranquil.com\/ca\/un-passeig-pel-centre-historic-de-conca\/#respond"]}]},{"@type":"WebPage","@id":"https:\/\/www.elturistatranquil.com\/ca\/un-passeig-pel-centre-historic-de-conca\/","url":"https:\/\/www.elturistatranquil.com\/ca\/un-passeig-pel-centre-historic-de-conca\/","name":"Un passeig pel centre hist\u00f2ric de Conca - El turista tranquil","isPartOf":{"@id":"https:\/\/www.elturistatranquil.com\/ca\/#website"},"primaryImageOfPage":{"@id":"https:\/\/www.elturistatranquil.com\/ca\/un-passeig-pel-centre-historic-de-conca\/#primaryimage"},"image":{"@id":"https:\/\/www.elturistatranquil.com\/ca\/un-passeig-pel-centre-historic-de-conca\/#primaryimage"},"thumbnailUrl":"https:\/\/www.elturistatranquil.com\/wp-content\/uploads\/F00-Cuenca.jpg","datePublished":"2023-05-20T08:37:19+00:00","dateModified":"2023-05-20T09:10:36+00:00","author":{"@id":"https:\/\/www.elturistatranquil.com\/ca\/#\/schema\/person\/16f607c3079b96ed0c530a52e6b58bb5"},"description":"Ni que nom\u00e9s sigui per anar a passejar per la ciutat hist\u00f2rica i gaudir de les seves perspectives des de l'exterior val la pena acostar-se a Conca. No en va est\u00e0 considerada ciutat Patrimoni Mundial per la UNESCO.","breadcrumb":{"@id":"https:\/\/www.elturistatranquil.com\/ca\/un-passeig-pel-centre-historic-de-conca\/#breadcrumb"},"inLanguage":"ca","potentialAction":[{"@type":"ReadAction","target":["https:\/\/www.elturistatranquil.com\/ca\/un-passeig-pel-centre-historic-de-conca\/"]}]},{"@type":"ImageObject","inLanguage":"ca","@id":"https:\/\/www.elturistatranquil.com\/ca\/un-passeig-pel-centre-historic-de-conca\/#primaryimage","url":"https:\/\/www.elturistatranquil.com\/wp-content\/uploads\/F00-Cuenca.jpg","contentUrl":"https:\/\/www.elturistatranquil.com\/wp-content\/uploads\/F00-Cuenca.jpg","width":768,"height":512,"caption":"Cuenca"},{"@type":"BreadcrumbList","@id":"https:\/\/www.elturistatranquil.com\/ca\/un-passeig-pel-centre-historic-de-conca\/#breadcrumb","itemListElement":[{"@type":"ListItem","position":1,"name":"Portada","item":"https:\/\/www.elturistatranquil.com\/ca\/"},{"@type":"ListItem","position":2,"name":"Un passeig pel centre hist\u00f2ric de Conca"}]},{"@type":"WebSite","@id":"https:\/\/www.elturistatranquil.com\/ca\/#website","url":"https:\/\/www.elturistatranquil.com\/ca\/","name":"El turista tranquil","description":"Blog de viatges","potentialAction":[{"@type":"SearchAction","target":{"@type":"EntryPoint","urlTemplate":"https:\/\/www.elturistatranquil.com\/ca\/?s={search_term_string}"},"query-input":{"@type":"PropertyValueSpecification","valueRequired":true,"valueName":"search_term_string"}}],"inLanguage":"ca"},{"@type":"Person","@id":"https:\/\/www.elturistatranquil.com\/ca\/#\/schema\/person\/16f607c3079b96ed0c530a52e6b58bb5","name":"admin","image":{"@type":"ImageObject","inLanguage":"ca","@id":"https:\/\/secure.gravatar.com\/avatar\/1fbaf22aee75fcbb29a2f97b107f95d25d3a19b7c3416105be10269872673e8d?s=96&d=mm&r=g","url":"https:\/\/secure.gravatar.com\/avatar\/1fbaf22aee75fcbb29a2f97b107f95d25d3a19b7c3416105be10269872673e8d?s=96&d=mm&r=g","contentUrl":"https:\/\/secure.gravatar.com\/avatar\/1fbaf22aee75fcbb29a2f97b107f95d25d3a19b7c3416105be10269872673e8d?s=96&d=mm&r=g","caption":"admin"}}]}},"_links":{"self":[{"href":"https:\/\/www.elturistatranquil.com\/ca\/wp-json\/wp\/v2\/posts\/46830","targetHints":{"allow":["GET"]}}],"collection":[{"href":"https:\/\/www.elturistatranquil.com\/ca\/wp-json\/wp\/v2\/posts"}],"about":[{"href":"https:\/\/www.elturistatranquil.com\/ca\/wp-json\/wp\/v2\/types\/post"}],"author":[{"embeddable":true,"href":"https:\/\/www.elturistatranquil.com\/ca\/wp-json\/wp\/v2\/users\/1"}],"replies":[{"embeddable":true,"href":"https:\/\/www.elturistatranquil.com\/ca\/wp-json\/wp\/v2\/comments?post=46830"}],"version-history":[{"count":5,"href":"https:\/\/www.elturistatranquil.com\/ca\/wp-json\/wp\/v2\/posts\/46830\/revisions"}],"predecessor-version":[{"id":46899,"href":"https:\/\/www.elturistatranquil.com\/ca\/wp-json\/wp\/v2\/posts\/46830\/revisions\/46899"}],"wp:featuredmedia":[{"embeddable":true,"href":"https:\/\/www.elturistatranquil.com\/ca\/wp-json\/wp\/v2\/media\/46828"}],"wp:attachment":[{"href":"https:\/\/www.elturistatranquil.com\/ca\/wp-json\/wp\/v2\/media?parent=46830"}],"wp:term":[{"taxonomy":"category","embeddable":true,"href":"https:\/\/www.elturistatranquil.com\/ca\/wp-json\/wp\/v2\/categories?post=46830"},{"taxonomy":"post_tag","embeddable":true,"href":"https:\/\/www.elturistatranquil.com\/ca\/wp-json\/wp\/v2\/tags?post=46830"}],"curies":[{"name":"wp","href":"https:\/\/api.w.org\/{rel}","templated":true}]}}