{"id":47091,"date":"2023-06-03T12:18:00","date_gmt":"2023-06-03T10:18:00","guid":{"rendered":"https:\/\/www.elturistatranquil.com\/?p=47091"},"modified":"2023-08-24T12:42:53","modified_gmt":"2023-08-24T10:42:53","slug":"esglesies-romaniques-de-la-vall-de-boi-lleida-patrimoni-mundial-1","status":"publish","type":"post","link":"https:\/\/www.elturistatranquil.com\/ca\/esglesies-romaniques-de-la-vall-de-boi-lleida-patrimoni-mundial-1\/","title":{"rendered":"Esgl\u00e9sies rom\u00e0niques de la Vall de Bo\u00ed (Lleida). Patrimoni Mundial (1)"},"content":{"rendered":"\t\t<div data-elementor-type=\"wp-post\" data-elementor-id=\"47091\" class=\"elementor elementor-47091 elementor-46909\" data-elementor-post-type=\"post\">\n\t\t\t\t\t\t<section class=\"elementor-section elementor-top-section elementor-element elementor-element-4752786c elementor-section-boxed elementor-section-height-default elementor-section-height-default\" data-id=\"4752786c\" data-element_type=\"section\" data-e-type=\"section\">\n\t\t\t\t\t\t<div class=\"elementor-container elementor-column-gap-default\">\n\t\t\t\t\t<div class=\"elementor-column elementor-col-100 elementor-top-column elementor-element elementor-element-1267270b\" data-id=\"1267270b\" data-element_type=\"column\" data-e-type=\"column\">\n\t\t\t<div class=\"elementor-widget-wrap elementor-element-populated\">\n\t\t\t\t\t\t<section class=\"elementor-section elementor-inner-section elementor-element elementor-element-d0d15b4 elementor-section-content-middle elementor-section-boxed elementor-section-height-default elementor-section-height-default\" data-id=\"d0d15b4\" data-element_type=\"section\" data-e-type=\"section\">\n\t\t\t\t\t\t<div class=\"elementor-container elementor-column-gap-default\">\n\t\t\t\t\t<div class=\"elementor-column elementor-col-100 elementor-inner-column elementor-element elementor-element-3d46b90e\" data-id=\"3d46b90e\" data-element_type=\"column\" data-e-type=\"column\">\n\t\t\t<div class=\"elementor-widget-wrap elementor-element-populated\">\n\t\t\t\t\t\t<div class=\"elementor-element elementor-element-2e292429 elementor-widget elementor-widget-text-editor\" data-id=\"2e292429\" data-element_type=\"widget\" data-e-type=\"widget\" data-widget_type=\"text-editor.default\">\n\t\t\t\t<div class=\"elementor-widget-container\">\n\t\t\t\t\t\t\t\t\t<p>Aquest \u00e9s el primer de cinc <em>Posts<\/em> que dedicar\u00e9 a les <em>Esgl\u00e9sies Rom\u00e0niques de la Vall de Bo\u00ed <\/em>(Lleida), <em>Patrimoni Mundial<\/em>. Comen\u00e7arem per una presentaci\u00f3 de conjunt d\u2019aquest patrimoni.<\/p>\t\t\t\t\t\t\t\t<\/div>\n\t\t\t\t<\/div>\n\t\t\t\t\t<\/div>\n\t\t<\/div>\n\t\t\t\t\t<\/div>\n\t\t<\/section>\n\t\t\t\t<div class=\"elementor-element elementor-element-5ed3f092 elementor-widget elementor-widget-heading\" data-id=\"5ed3f092\" data-element_type=\"widget\" data-e-type=\"widget\" data-widget_type=\"heading.default\">\n\t\t\t\t<div class=\"elementor-widget-container\">\n\t\t\t\t\t<h1 class=\"elementor-heading-title elementor-size-default\">Esgl\u00e9sies rom\u00e0niques de la Vall de Bo\u00ed (Lleida). Patrimoni Mundial (1)<\/h1>\t\t\t\t<\/div>\n\t\t\t\t<\/div>\n\t\t\t\t\t<\/div>\n\t\t<\/div>\n\t\t\t\t\t<\/div>\n\t\t<\/section>\n\t\t\t\t<section class=\"elementor-section elementor-top-section elementor-element elementor-element-68194cea elementor-section-boxed elementor-section-height-default elementor-section-height-default\" data-id=\"68194cea\" data-element_type=\"section\" data-e-type=\"section\">\n\t\t\t\t\t\t<div class=\"elementor-container elementor-column-gap-default\">\n\t\t\t\t\t<div class=\"elementor-column elementor-col-100 elementor-top-column elementor-element elementor-element-35938bfa\" data-id=\"35938bfa\" data-element_type=\"column\" data-e-type=\"column\">\n\t\t\t<div class=\"elementor-widget-wrap elementor-element-populated\">\n\t\t\t\t\t\t<div class=\"elementor-element elementor-element-9baa2fa elementor-widget elementor-widget-image\" data-id=\"9baa2fa\" data-element_type=\"widget\" data-e-type=\"widget\" data-widget_type=\"image.default\">\n\t\t\t\t<div class=\"elementor-widget-container\">\n\t\t\t\t\t\t\t\t\t\t\t\t<figure class=\"wp-caption\">\n\t\t\t\t\t\t\t\t\t\t<img fetchpriority=\"high\" decoding=\"async\" width=\"768\" height=\"459\" src=\"https:\/\/www.elturistatranquil.com\/wp-content\/uploads\/0-Esglesies-romaniques-de-la-Vall-de-Boi-GoogleEarth-2023-05-22.jpg\" class=\"attachment-large size-large wp-image-48711\" alt=\"Esglesies romaniques de la Vall de Boi (GoogleEarth-2023-05-22)\" srcset=\"https:\/\/www.elturistatranquil.com\/wp-content\/uploads\/0-Esglesies-romaniques-de-la-Vall-de-Boi-GoogleEarth-2023-05-22.jpg 768w, https:\/\/www.elturistatranquil.com\/wp-content\/uploads\/0-Esglesies-romaniques-de-la-Vall-de-Boi-GoogleEarth-2023-05-22-339x203.jpg 339w\" sizes=\"(max-width: 768px) 100vw, 768px\" \/>\t\t\t\t\t\t\t\t\t\t\t<figcaption class=\"widget-image-caption wp-caption-text\">Esgl\u00e9sies rom\u00e0niques de la Vall de Boi (Google earth 2023-05-22)<\/figcaption>\n\t\t\t\t\t\t\t\t\t\t<\/figure>\n\t\t\t\t\t\t\t\t\t<\/div>\n\t\t\t\t<\/div>\n\t\t\t\t<div class=\"elementor-element elementor-element-42e5140 elementor-widget elementor-widget-spacer\" data-id=\"42e5140\" data-element_type=\"widget\" data-e-type=\"widget\" data-widget_type=\"spacer.default\">\n\t\t\t\t<div class=\"elementor-widget-container\">\n\t\t\t\t\t\t\t<div class=\"elementor-spacer\">\n\t\t\t<div class=\"elementor-spacer-inner\"><\/div>\n\t\t<\/div>\n\t\t\t\t\t\t<\/div>\n\t\t\t\t<\/div>\n\t\t\t\t<section class=\"elementor-section elementor-inner-section elementor-element elementor-element-22cc8a59 elementor-section-boxed elementor-section-height-default elementor-section-height-default\" data-id=\"22cc8a59\" data-element_type=\"section\" data-e-type=\"section\" data-settings=\"{&quot;background_background&quot;:&quot;classic&quot;}\">\n\t\t\t\t\t\t\t<div class=\"elementor-background-overlay\"><\/div>\n\t\t\t\t\t\t\t<div class=\"elementor-container elementor-column-gap-default\">\n\t\t\t\t\t<div class=\"elementor-column elementor-col-100 elementor-inner-column elementor-element elementor-element-5b787ba7\" data-id=\"5b787ba7\" data-element_type=\"column\" data-e-type=\"column\" data-settings=\"{&quot;background_background&quot;:&quot;classic&quot;}\">\n\t\t\t<div class=\"elementor-widget-wrap elementor-element-populated\">\n\t\t\t\t\t\t<div class=\"elementor-element elementor-element-44489507 elementor-widget elementor-widget-text-editor\" data-id=\"44489507\" data-element_type=\"widget\" data-e-type=\"widget\" data-widget_type=\"text-editor.default\">\n\t\t\t\t<div class=\"elementor-widget-container\">\n\t\t\t\t\t\t\t\t\t<p>Municipi: Vall de Bo\u00ed. Comarca: Alta Ribagor\u00e7a. Prov\u00edncia: Lleida. Com. Aut\u00f2noma: Catalunya<\/p><p>Web: <a href=\"https:\/\/www.centreromanic.com\/\" target=\"_blank\" rel=\"noopener\">consorcipatrimonimundialdelavalldeboi<\/a><\/p><p><em>Patrimoni Mundial per la UNESCO (2000)<\/em><\/p><p>Visita: 2022<\/p>\t\t\t\t\t\t\t\t<\/div>\n\t\t\t\t<\/div>\n\t\t\t\t\t<\/div>\n\t\t<\/div>\n\t\t\t\t\t<\/div>\n\t\t<\/section>\n\t\t\t\t<div class=\"elementor-element elementor-element-66bc8086 elementor-widget elementor-widget-image\" data-id=\"66bc8086\" data-element_type=\"widget\" data-e-type=\"widget\" data-widget_type=\"image.default\">\n\t\t\t\t<div class=\"elementor-widget-container\">\n\t\t\t\t\t\t\t\t\t\t\t\t<figure class=\"wp-caption\">\n\t\t\t\t\t\t\t\t\t\t<img decoding=\"async\" width=\"768\" height=\"511\" src=\"https:\/\/www.elturistatranquil.com\/wp-content\/uploads\/F02c-Mapa-de-situacio-de-les-esglesies-romaniques-de-la-Vall-de-Boi-Google-maps-2023-05-22.jpg\" class=\"attachment-medium_large size-medium_large wp-image-47094\" alt=\"Mapa de situacio de les esglesies romaniques de la Vall de Boi (Google maps 2023-05-22)\" srcset=\"https:\/\/www.elturistatranquil.com\/wp-content\/uploads\/F02c-Mapa-de-situacio-de-les-esglesies-romaniques-de-la-Vall-de-Boi-Google-maps-2023-05-22.jpg 768w, https:\/\/www.elturistatranquil.com\/wp-content\/uploads\/F02c-Mapa-de-situacio-de-les-esglesies-romaniques-de-la-Vall-de-Boi-Google-maps-2023-05-22-339x226.jpg 339w\" sizes=\"(max-width: 768px) 100vw, 768px\" \/>\t\t\t\t\t\t\t\t\t\t\t<figcaption class=\"widget-image-caption wp-caption-text\">Mapa de situaci\u00f3 de les esgl\u00e9sies rom\u00e0niques de la Vall de Bo\u00ed (Google maps 2023-05-22)<\/figcaption>\n\t\t\t\t\t\t\t\t\t\t<\/figure>\n\t\t\t\t\t\t\t\t\t<\/div>\n\t\t\t\t<\/div>\n\t\t\t\t<div class=\"elementor-element elementor-element-4da7da8b elementor-widget elementor-widget-spacer\" data-id=\"4da7da8b\" data-element_type=\"widget\" data-e-type=\"widget\" data-widget_type=\"spacer.default\">\n\t\t\t\t<div class=\"elementor-widget-container\">\n\t\t\t\t\t\t\t<div class=\"elementor-spacer\">\n\t\t\t<div class=\"elementor-spacer-inner\"><\/div>\n\t\t<\/div>\n\t\t\t\t\t\t<\/div>\n\t\t\t\t<\/div>\n\t\t\t\t<div class=\"elementor-element elementor-element-3021a20e elementor-toc--minimized-on-tablet elementor-widget elementor-widget-table-of-contents\" data-id=\"3021a20e\" data-element_type=\"widget\" data-e-type=\"widget\" data-settings=\"{&quot;headings_by_tags&quot;:[&quot;h2&quot;,&quot;h3&quot;,&quot;h4&quot;],&quot;marker_view&quot;:&quot;bullets&quot;,&quot;icon&quot;:{&quot;value&quot;:&quot;&quot;,&quot;library&quot;:&quot;&quot;},&quot;no_headings_message&quot;:&quot;No s&#039;ha trobat cap encap\\u00e7alament en aquesta p\\u00e0gina.&quot;,&quot;minimize_box&quot;:&quot;yes&quot;,&quot;minimized_on&quot;:&quot;tablet&quot;,&quot;hierarchical_view&quot;:&quot;yes&quot;,&quot;min_height&quot;:{&quot;unit&quot;:&quot;px&quot;,&quot;size&quot;:&quot;&quot;,&quot;sizes&quot;:[]},&quot;min_height_tablet&quot;:{&quot;unit&quot;:&quot;px&quot;,&quot;size&quot;:&quot;&quot;,&quot;sizes&quot;:[]},&quot;min_height_mobile&quot;:{&quot;unit&quot;:&quot;px&quot;,&quot;size&quot;:&quot;&quot;,&quot;sizes&quot;:[]}}\" data-widget_type=\"table-of-contents.default\">\n\t\t\t\t<div class=\"elementor-widget-container\">\n\t\t\t\t\t\t\t\t\t<div class=\"elementor-toc__header\">\n\t\t\t\t\t\t<h4 class=\"elementor-toc__header-title\">\n\t\t\t\t\u00cdndex\t\t\t<\/h4>\n\t\t\t\t\t\t\t\t\t\t<div class=\"elementor-toc__toggle-button elementor-toc__toggle-button--expand\" role=\"button\" tabindex=\"0\" aria-controls=\"elementor-toc__3021a20e\" aria-expanded=\"true\" aria-label=\"Open table of contents\"><i aria-hidden=\"true\" class=\"fas fa-chevron-down\"><\/i><\/div>\n\t\t\t\t<div class=\"elementor-toc__toggle-button elementor-toc__toggle-button--collapse\" role=\"button\" tabindex=\"0\" aria-controls=\"elementor-toc__3021a20e\" aria-expanded=\"true\" aria-label=\"Close table of contents\"><i aria-hidden=\"true\" class=\"fas fa-chevron-up\"><\/i><\/div>\n\t\t\t\t\t<\/div>\n\t\t\t\t<div id=\"elementor-toc__3021a20e\" class=\"elementor-toc__body\">\n\t\t\t<div class=\"elementor-toc__spinner-container\">\n\t\t\t\t<i class=\"elementor-toc__spinner eicon-animation-spin eicon-loading\" aria-hidden=\"true\"><\/i>\t\t\t<\/div>\n\t\t<\/div>\n\t\t\t\t\t\t<\/div>\n\t\t\t\t<\/div>\n\t\t\t\t<div class=\"elementor-element elementor-element-7bbb1a34 elementor-widget elementor-widget-menu-anchor\" data-id=\"7bbb1a34\" data-element_type=\"widget\" data-e-type=\"widget\" data-widget_type=\"menu-anchor.default\">\n\t\t\t\t<div class=\"elementor-widget-container\">\n\t\t\t\t\t\t\t<div class=\"elementor-menu-anchor\" id=\"a0101-EnlaceaunpuntodentrodelPost\"><\/div>\n\t\t\t\t\t\t<\/div>\n\t\t\t\t<\/div>\n\t\t\t\t<div class=\"elementor-element elementor-element-1e2c0dfa elementor-widget elementor-widget-spacer\" data-id=\"1e2c0dfa\" data-element_type=\"widget\" data-e-type=\"widget\" data-widget_type=\"spacer.default\">\n\t\t\t\t<div class=\"elementor-widget-container\">\n\t\t\t\t\t\t\t<div class=\"elementor-spacer\">\n\t\t\t<div class=\"elementor-spacer-inner\"><\/div>\n\t\t<\/div>\n\t\t\t\t\t\t<\/div>\n\t\t\t\t<\/div>\n\t\t\t\t<div class=\"elementor-element elementor-element-5eb7ace2 elementor-widget elementor-widget-heading\" data-id=\"5eb7ace2\" data-element_type=\"widget\" data-e-type=\"widget\" data-widget_type=\"heading.default\">\n\t\t\t\t<div class=\"elementor-widget-container\">\n\t\t\t\t\t<h2 class=\"elementor-heading-title elementor-size-default\">Esgl\u00e9sies rom\u00e0niques de la Vall de Bo\u00ed. Alta Ribagor\u00e7a. Lleida<\/h2>\t\t\t\t<\/div>\n\t\t\t\t<\/div>\n\t\t\t\t<div class=\"elementor-element elementor-element-2d45deee elementor-widget elementor-widget-text-editor\" data-id=\"2d45deee\" data-element_type=\"widget\" data-e-type=\"widget\" data-widget_type=\"text-editor.default\">\n\t\t\t\t<div class=\"elementor-widget-container\">\n\t\t\t\t\t\t\t\t\t<p>Amb aquesta entrada, inicio una s\u00e8rie de cinc <em>posts<\/em> dedicats a presentar el conjunt -ja que ho hem de considerar com un conjunt-, de les nou esgl\u00e9sies que conformen el Patrimoni Mundial rom\u00e0nic de la Vall de Bo\u00ed.<\/p><p>Aquestes presentacions es complementen amb el contingut del post <strong><a href=\"https:\/\/www.elturistatranquil.com\/ca\/arquitectura-tradicional-a-la-vall-de-boi-lleida\/\" target=\"_blank\" rel=\"noopener\">Arquitectura tradicional a La Vall de Bo\u00ed<\/a><\/strong>, on faig refer\u00e8ncia als mateixos set pobles que formen el municipi de la Vall de Bo\u00ed on es troben totes les esgl\u00e9sies.<\/p><p>El document extens presentat per a la <a href=\"https:\/\/whc.unesco.org\/uploads\/nominations\/988.pdf\" target=\"_blank\" rel=\"noopener\"><strong>Demanda d&#8217;inscripci\u00f3 al Patrimoni Mundial del Paisatge cultural rom\u00e0nic de la Vall de Bo\u00ed<\/strong><\/a>,\u00a0em servir\u00e0 de suport per a gran part de les descripcions que seguiran. Tamb\u00e9 \u00e9s important el document de\u00a0 <a href=\"https:\/\/whc.unesco.org\/en\/decisions\/2495\" target=\"_blank\" rel=\"noopener\"><strong>Decision 24 COM X.C.1. The Catalan Romanesque Churches of the Vall de Bo\u00ed (Spain)<\/strong><\/a><strong>,\u00a0<\/strong>de l&#8217;any 2000, on es va aprovar la inscripci\u00f3 com a Patrimoni Mundial, en el qual es reflecteixen els valors que aquest llegat hist\u00f2ric aporta i que el fan mer\u00e8ixer la categoria de b\u00e9 de la Humanitat.<\/p><p>Per la seva banda, el <strong><a href=\"https:\/\/www.centreromanic.com\/\" target=\"_blank\" rel=\"noopener\">Centre del Rom\u00e0nic<\/a><\/strong> a Erill-la-Vall proporciona sintetitzada informaci\u00f3, de la que\u00a0 tamb\u00e9 em servir\u00e9.<\/p><p>Un \u00faltim aspecte important \u00e9s que, ja que la part m\u00e9s important de la pintura rom\u00e0nica d&#8217;aquestes esgl\u00e9sies va ser traslladada als anys 1920 a Barcelona, i actualment allotjades al Museu Nacional d\u2019Art de Catalunya (MNAC), vaig considerar oport\u00fa visitar aquest museu per tal de cercar els originals. Per aquesta ra\u00f3, el contingut de la presentaci\u00f3 de cada esgl\u00e9sia inclour\u00e0 l&#8217;arquitectura i aquells elements pict\u00f2rics i decoratius que es poden visitar <em>in situ<\/em> a la Vall de Bo\u00ed, complementat amb la presentaci\u00f3 de les pintures originals que es troben al Museu de Barcelona, de les esgl\u00e9sies que van ser protegides i les seves pintures traslladades.<\/p><p>Amb aquestes dues informacions disposarem d\u2019una visi\u00f3 completa del conjunt de cada esgl\u00e9sia monumental.<\/p>\t\t\t\t\t\t\t\t<\/div>\n\t\t\t\t<\/div>\n\t\t\t\t<div class=\"elementor-element elementor-element-1dcf3176 elementor-widget elementor-widget-heading\" data-id=\"1dcf3176\" data-element_type=\"widget\" data-e-type=\"widget\" data-widget_type=\"heading.default\">\n\t\t\t\t<div class=\"elementor-widget-container\">\n\t\t\t\t\t<h2 class=\"elementor-heading-title elementor-size-default\">Les Esgl\u00e9sies Rom\u00e0niques de la Vall de Bo\u00ed, Patrimoni Mundial<\/h2>\t\t\t\t<\/div>\n\t\t\t\t<\/div>\n\t\t\t\t<div class=\"elementor-element elementor-element-619c1221 elementor-widget elementor-widget-text-editor\" data-id=\"619c1221\" data-element_type=\"widget\" data-e-type=\"widget\" data-widget_type=\"text-editor.default\">\n\t\t\t\t<div class=\"elementor-widget-container\">\n\t\t\t\t\t\t\t\t\t<p>La justificaci\u00f3 de la petici\u00f3 de reconeixement les <strong>Esgl\u00e9sies Rom\u00e0niques de la Vall de Bo\u00ed<\/strong> com a <strong>Patrimoni Mundial<\/strong> a l&#8217;UNESCO es fonamentava en la voluntat de preservar les localitats i les magn\u00edfiques esgl\u00e9sies d&#8217;origen medieval que, situades en un paisatge a\u00efllat i d&#8217;acc\u00e9s dif\u00edcil, han mantingut el mateix aspecte que tenien a l&#8217;Edat Mitjana. L&#8217;a\u00efllament secular de la Vall fins a temps recents ha estat un dels motius d&#8217;aquesta preservaci\u00f3.<\/p><p>Per aix\u00f2, les set localitats actuals coincideixen exactament amb les set viles mencionades en els documents del segle XI. Aquesta invariabilitat dels llocs \u00e9s remarcable, ja que durant gaireb\u00e9 mil anys no s&#8217;ha produ\u00eft cap cas d&#8217;abandonament ni d&#8217;aparici\u00f3 d&#8217;altres viles a la vall.<\/p><p>El valor de l&#8217;arquitectura de la Vall de Bo\u00ed sembla indiscutible, ja que la qualitat art\u00edstica de les esgl\u00e9sies, considerades com l&#8217;\u00fanic conjunt del seu g\u00e8nere a Europa, s&#8217;inspira en l&#8217;estil rom\u00e0nic-llombard de car\u00e0cter rural, que aqu\u00ed adquireix la seva pr\u00f2pia personalitat.<\/p><p>Al mateix temps, es dona un fet excepcional, com \u00e9s la separaci\u00f3 entre les esgl\u00e9sies i la seva decoraci\u00f3 mural. Aquest fet excepcional es fonamenta en el perill de degradaci\u00f3 o d&#8217;exportaci\u00f3 d&#8217;aquestes pintures, al qual podien estar sotmeses quan, des de final del segle XIX, es va produir el redescobriment i la revaloraci\u00f3 de l&#8217;art rom\u00e0nic. En aquell moment, els experts i afeccionats catalans van divulgar el valor de l&#8217;art rom\u00e0nic confinat i oblidat a les zones rurals, despla\u00e7at per l&#8217;estil barroc. Despr\u00e9s d&#8217;un intens debat a la Junta de Museus de Catalunya, aquest organisme va decidir arrancar i traslladar les pintures a Barcelona per protegir-les, i actualment es poden admirar al Museu Nacional d\u2019Art de Catalunya (MNAC).<\/p><p>La construcci\u00f3 de les esgl\u00e9sies s&#8217;inscriu en el marc d&#8217;esdeveniments culturals significatius d&#8217;origen aristocr\u00e0tic i religi\u00f3s, aix\u00ed com a la importaci\u00f3 arcaica d&#8217;un estil estranger. Aquest estil, combinat amb l&#8217;habilitat dels artesans aut\u00f2ctons o immigrants de la vall, li dona una expressi\u00f3 particular.<\/p><p>En contrast amb els grans edificis religiosos i mon\u00e0stics rom\u00e0nics que la historiografia ha destacat i que podem trobar per tot Europa, la Vall de Bo\u00ed aporta un model d&#8217;arquitectura rural en un entorn a\u00efllat, concebut per senzills pagesos i constru\u00eft amb el suport dels senyors de la guerra, que volien consolidar un territori hostil i a\u00efllat. <strong>Aquest car\u00e0cter rural \u00e9s el que confereix la major especificitat a aquest conjunt<\/strong>.<\/p><p>Un fet interessant a tenir en compte \u00e9s que, malgrat que el culte a l&#8217;interior de les esgl\u00e9sies va anar evolucionant amb el temps i els canvis de concepci\u00f3 art\u00edstica i plantejament de la religi\u00f3 cat\u00f2lica en el culte i els valors a transmetre (especialment durant els per\u00edodes g\u00f2tic, renaixentista, barroc i fins i tot al segle XIX), l&#8217;edificaci\u00f3 rom\u00e0nica, probablement per manca de recursos econ\u00f2mics i pressi\u00f3 demogr\u00e0fica, mai no va perdre les seves caracter\u00edstiques originals o ho va fer en molt menor mesura. Aix\u00f2 ha comportat un manteniment estructural de l&#8217;edificaci\u00f3 pr\u00e0cticament inalterat des de la seva construcci\u00f3 original.<\/p>\t\t\t\t\t\t\t\t<\/div>\n\t\t\t\t<\/div>\n\t\t\t\t<section class=\"elementor-section elementor-inner-section elementor-element elementor-element-5d6f75b elementor-section-boxed elementor-section-height-default elementor-section-height-default\" data-id=\"5d6f75b\" data-element_type=\"section\" data-e-type=\"section\">\n\t\t\t\t\t\t<div class=\"elementor-container elementor-column-gap-default\">\n\t\t\t\t\t<div class=\"elementor-column elementor-col-50 elementor-inner-column elementor-element elementor-element-5d7b464\" data-id=\"5d7b464\" data-element_type=\"column\" data-e-type=\"column\">\n\t\t\t<div class=\"elementor-widget-wrap elementor-element-populated\">\n\t\t\t\t\t\t<div class=\"elementor-element elementor-element-3337444 elementor-widget elementor-widget-image\" data-id=\"3337444\" data-element_type=\"widget\" data-e-type=\"widget\" data-widget_type=\"image.default\">\n\t\t\t\t<div class=\"elementor-widget-container\">\n\t\t\t\t\t\t\t\t\t\t\t\t<figure class=\"wp-caption\">\n\t\t\t\t\t\t\t\t\t\t<img decoding=\"async\" width=\"380\" height=\"570\" src=\"https:\/\/www.elturistatranquil.com\/wp-content\/uploads\/F03m-Sta-Eulalia-Erill-la-Vall-1907.jpg\" class=\"attachment-large size-large wp-image-46929\" alt=\"Sta Eulalia Erill la Vall 1907\" srcset=\"https:\/\/www.elturistatranquil.com\/wp-content\/uploads\/F03m-Sta-Eulalia-Erill-la-Vall-1907.jpg 380w, https:\/\/www.elturistatranquil.com\/wp-content\/uploads\/F03m-Sta-Eulalia-Erill-la-Vall-1907-151x226.jpg 151w\" sizes=\"(max-width: 380px) 100vw, 380px\" \/>\t\t\t\t\t\t\t\t\t\t\t<figcaption class=\"widget-image-caption wp-caption-text\">Santa Eulalia d\u2019Erill-la-Vall (Foto: A. Mas, 1907)<\/figcaption>\n\t\t\t\t\t\t\t\t\t\t<\/figure>\n\t\t\t\t\t\t\t\t\t<\/div>\n\t\t\t\t<\/div>\n\t\t\t\t\t<\/div>\n\t\t<\/div>\n\t\t\t\t<div class=\"elementor-column elementor-col-50 elementor-inner-column elementor-element elementor-element-008302b\" data-id=\"008302b\" data-element_type=\"column\" data-e-type=\"column\">\n\t\t\t<div class=\"elementor-widget-wrap elementor-element-populated\">\n\t\t\t\t\t\t<div class=\"elementor-element elementor-element-020fdee elementor-widget elementor-widget-image\" data-id=\"020fdee\" data-element_type=\"widget\" data-e-type=\"widget\" data-widget_type=\"image.default\">\n\t\t\t\t<div class=\"elementor-widget-container\">\n\t\t\t\t\t\t\t\t\t\t\t\t<figure class=\"wp-caption\">\n\t\t\t\t\t\t\t\t\t\t<img loading=\"lazy\" decoding=\"async\" width=\"380\" height=\"570\" src=\"https:\/\/www.elturistatranquil.com\/wp-content\/uploads\/F03n2-Sta-Eulalia-Erill-la-Vall.-Vall-de-Boi.jpg\" class=\"attachment-large size-large wp-image-47069\" alt=\"Sta Eulalia Erill la Vall. Vall de Boi\" srcset=\"https:\/\/www.elturistatranquil.com\/wp-content\/uploads\/F03n2-Sta-Eulalia-Erill-la-Vall.-Vall-de-Boi.jpg 380w, https:\/\/www.elturistatranquil.com\/wp-content\/uploads\/F03n2-Sta-Eulalia-Erill-la-Vall.-Vall-de-Boi-151x226.jpg 151w\" sizes=\"(max-width: 380px) 100vw, 380px\" \/>\t\t\t\t\t\t\t\t\t\t\t<figcaption class=\"widget-image-caption wp-caption-text\">Santa Eulalia d\u2019Erill-la-Vall rehabilitada<\/figcaption>\n\t\t\t\t\t\t\t\t\t\t<\/figure>\n\t\t\t\t\t\t\t\t\t<\/div>\n\t\t\t\t<\/div>\n\t\t\t\t\t<\/div>\n\t\t<\/div>\n\t\t\t\t\t<\/div>\n\t\t<\/section>\n\t\t\t\t<div class=\"elementor-element elementor-element-2ce2f94a elementor-widget elementor-widget-heading\" data-id=\"2ce2f94a\" data-element_type=\"widget\" data-e-type=\"widget\" data-widget_type=\"heading.default\">\n\t\t\t\t<div class=\"elementor-widget-container\">\n\t\t\t\t\t<h3 class=\"elementor-heading-title elementor-size-default\">El reconeixement per la UNESCO com a Patrimoni Mundial<\/h3>\t\t\t\t<\/div>\n\t\t\t\t<\/div>\n\t\t\t\t<div class=\"elementor-element elementor-element-897dd35 elementor-widget elementor-widget-text-editor\" data-id=\"897dd35\" data-element_type=\"widget\" data-e-type=\"widget\" data-widget_type=\"text-editor.default\">\n\t\t\t\t<div class=\"elementor-widget-container\">\n\t\t\t\t\t\t\t\t\t<p>En la declaraci\u00f3 de reconeixement de les <a href=\"https:\/\/whc.unesco.org\/en\/list\/988\" target=\"_blank\" rel=\"noopener\">Esgl\u00e9sies rom\u00e0niques de la Vall de Bo\u00ed<\/a>\u00a0 com a <strong>Valor Universal Excepcional <\/strong>queden reflectits els valors pels quals son reconegudes, dels que faig un extracte a continuaci\u00f3.<\/p><p>La import\u00e0ncia de les esgl\u00e9sies de la Vall de Bo\u00ed rau en el seu valor com a conjunt: no hi ha cap altre lloc a Europa amb un conjunt d&#8217;esgl\u00e9sies tan notables constru\u00efdes durant el mateix per\u00edode de temps, relativament curt. Tampoc hi ha cap altre grup que il\u00b7lustri tan v\u00edvidament la transmissi\u00f3 d&#8217;un moviment cultural capa\u00e7 de superar una alta barrera de muntanya i establir-se, amb elevats est\u00e0ndards t\u00e8cnics i art\u00edstics, en un altre territori. Per tant, el conjunt pot ser considerat una obra mestra de l&#8217;\u00e8poca i un exemple de gran creativitat humana.<\/p><p>La Convenci\u00f3 del Patrimoni Mundial de la UNESCO te establerts deu criteris d\u2019ordre cultural o natural, dels qual se n\u2019ha d\u2019acomplir com a m\u00ednim un. En el nostre cas, el conjunt d\u2019esgl\u00e9sies compleix dos dels sis criteris d\u2019ordre cultural.<\/p>\t\t\t\t\t\t\t\t<\/div>\n\t\t\t\t<\/div>\n\t\t\t\t<div class=\"elementor-element elementor-element-698ac334 elementor-widget elementor-widget-image\" data-id=\"698ac334\" data-element_type=\"widget\" data-e-type=\"widget\" data-widget_type=\"image.default\">\n\t\t\t\t<div class=\"elementor-widget-container\">\n\t\t\t\t\t\t\t\t\t\t\t\t<figure class=\"wp-caption\">\n\t\t\t\t\t\t\t\t\t\t<img loading=\"lazy\" decoding=\"async\" width=\"768\" height=\"512\" src=\"https:\/\/www.elturistatranquil.com\/wp-content\/uploads\/F04-Logo-unesco-Patrimonio-Mundial.jpg\" class=\"attachment-large size-large wp-image-46933\" alt=\"Logo unesco Patrimonio Mundial\" srcset=\"https:\/\/www.elturistatranquil.com\/wp-content\/uploads\/F04-Logo-unesco-Patrimonio-Mundial.jpg 768w, https:\/\/www.elturistatranquil.com\/wp-content\/uploads\/F04-Logo-unesco-Patrimonio-Mundial-339x226.jpg 339w\" sizes=\"(max-width: 768px) 100vw, 768px\" \/>\t\t\t\t\t\t\t\t\t\t\t<figcaption class=\"widget-image-caption wp-caption-text\"><\/figcaption>\n\t\t\t\t\t\t\t\t\t\t<\/figure>\n\t\t\t\t\t\t\t\t\t<\/div>\n\t\t\t\t<\/div>\n\t\t\t\t<div class=\"elementor-element elementor-element-62fd4d5 elementor-widget elementor-widget-text-editor\" data-id=\"62fd4d5\" data-element_type=\"widget\" data-e-type=\"widget\" data-widget_type=\"text-editor.default\">\n\t\t\t\t<div class=\"elementor-widget-container\">\n\t\t\t\t\t\t\t\t\t<p>La Declaraci\u00f3 els recull en aquests termes::<\/p><p><strong><em>Criteri (ii):<\/em><\/strong><em> Els importants desenvolupaments en l&#8217;art i l&#8217;arquitectura rom\u00e0nics de les esgl\u00e9sies de la Vall de Bo\u00ed donen testimoniatge d&#8217;un profund intercanvi cultural a trav\u00e9s de l&#8217;Europa medieval i, en particular, a trav\u00e9s de la barrera muntanyosa dels Pirineus.<\/em><\/p><p><strong><em>Criteri (iv):<\/em><\/strong><em> Les esgl\u00e9sies de la Vall de Bo\u00ed s\u00f3n un exemple especialment pur i coherent de l&#8217;art rom\u00e0nic en un entorn rural pr\u00e0cticament intacte.<\/em><\/p><p><strong><em>Integritat<\/em><\/strong><\/p><p><em>Les esgl\u00e9sies individuals s\u00f3n totes components d&#8217;aquest b\u00e9 conjunt i tot el b\u00e9 est\u00e0 contingut dins d&#8217;una \u00fanica zona de protecci\u00f3. Totes les caracter\u00edstiques del Valor Universal Excepcional, com les influ\u00e8ncies llombardes a l&#8217;arquitectura i la decoraci\u00f3 escult\u00f2rica, el pla de planta, l&#8217;acurat treball de pedra a la superf\u00edcie de les parets, el pla de planta quadrada dels campanars o la decoraci\u00f3 escult\u00f2rica amb arcs cecs, aix\u00ed com l&#8217;\u00fas continuat de les esgl\u00e9sies per part de la comunitat, estan incloses dins dels l\u00edmits del b\u00e9.<\/em><\/p><p><em>S&#8217;han realitzat treballs de conservaci\u00f3 a totes les esgl\u00e9sies, per\u00f2 en algunes m\u00e9s que en altres. Moltes van ser objecte de programes extensos de restauraci\u00f3 i conservaci\u00f3 durant la segona meitat del segle XX, i les restauracions recents s&#8217;han dut a terme, i continuaran duent-se a terme, mitjan\u00e7ant un programa continu de manteniment que no afecta la integritat del b\u00e9. Les principals pintures murals i la majoria dels objectes antics van ser traslladats a principis del segle XX al MNAC (Museu Nacional d&#8217;Art de Catalunya) de Barcelona per raons de seguretat, per evitar que fossin remoguts, saquejats i exportats posteriorment a Am\u00e8rica, com havia succe\u00eft amb pintures d&#8217;altres esgl\u00e9sies de Catalunya.<\/em><\/p><p><em>Les esgl\u00e9sies de Santa Maria de Ta\u00fcll, Sant Joan de Bo\u00ed, Santa Eul\u00e0lia d&#8217;Erill-la-Vall, la Nativitat de Durro, Sant Feliu de Barruera, l&#8217;Assumpci\u00f3 de Coll, Santa Maria de Cardet i l&#8217;ermita de Quirc de Durro conserven la seva forma arquitect\u00f2nica, estructura i materials, aix\u00ed com el seu \u00fas religi\u00f3s, mentre que l&#8217;esgl\u00e9sia de Sant Climent de Ta\u00fcll conserva \u00edntegrament totes les caracter\u00edstiques originals i s&#8217;utilitza amb fins tur\u00edstics\/culturals. Actualment, no sembla haver-hi factors adversos, tot i que el turisme excessiu seria problem\u00e0tic si es permet\u00e9s desenvolupar-se.<\/em><\/p><p><em><br \/><strong>Autenticitat<\/strong><\/em><\/p><p><em>No hi pot haver cap dubte sobre l&#8217;autenticitat b\u00e0sica de les esgl\u00e9sies, els pobles o el paisatge circumdant. No obstant aix\u00f2, tots ells han experimentat canvis recents que podrien, en major o menor mesura, ser considerats com a modificacions d&#8217;aquesta autenticitat b\u00e0sica. No obstant aix\u00f2, aquest fenomen \u00e9s observable en tots els edificis de culte que han estat utilitzats de manera cont\u00ednua amb fins espirituals des de la seva construcci\u00f3. Cap de les intervencions, amb l&#8217;excepci\u00f3 de la lamentable, per\u00f2 totalment justificable, remoci\u00f3 de gran part dels tresors art\u00edstics a Barcelona, ha redu\u00eft l&#8217;autenticitat de cap de les esgl\u00e9sies en una mesura inacceptable. La conservaci\u00f3 de l&#8217;estructura de les esgl\u00e9sies ha implicat remoci\u00f3, renovaci\u00f3, substituci\u00f3 i nova construcci\u00f3. Ara, nom\u00e9s Santa Maria a Durro, fins a cert punt, i nom\u00e9s Santa Maria de Cardet, que tamb\u00e9 es distingeixen en diversos altres aspectes, ofereixen, en el seu estat no conservat, una bona idea del desenvolupament de l&#8217;esgl\u00e9sia i un interior en \u00e8poques tardo medieval i post medieval.<\/em><\/p><p><em>El rescat de l&#8217;art mural a la d\u00e8cada de 1920 va ser un \u00e8xit notable i ha produ\u00eft resultats impressionants, que es poden veure al MNAC de Barcelona. No obstant aix\u00f2, aquest \u00e8xit no pot alterar els cursos fets que les pintures estan ara fora del context en qu\u00e8 es van concebre per ser vistes i que aquest context ara manca del seu m\u00e0xim esplendor. Tot i que aix\u00f2 no minva la reclamaci\u00f3 d&#8217;atenci\u00f3 mundial de les esgl\u00e9sies, es podria argumentar que aix\u00f2 disminueix en certa mesura la seva autenticitat. En la seva ubicaci\u00f3 actual, les pintures no poden ser considerades per a la inscripci\u00f3 a la Llista de Patrimoni Mundial.<\/em><\/p><p><em>Les esgl\u00e9sies de Santa Maria de Ta\u00fcll, Sant Climent de Ta\u00fcll, Sant Joan de Bo\u00ed, Santa Eul\u00e0lia d&#8217;Erill-la-Vall, Nativitat de Durro, Sant Feliu de Barruera i Santa Maria de Cardet, aix\u00ed com l&#8217;ermita de Quirc de Durro, han estat recentment sotmeses a una restauraci\u00f3 general per consolidar els teulats, l&#8217;estructura, els campanars i els interiors d&#8217;una manera que posa de manifest l&#8217;autenticitat de les seves caracter\u00edstiques arquitect\u00f2niques i decoratives, aix\u00ed com per millorar el seu \u00fas amb finalitats religioses i culturals.<\/em><\/p><p><em>A m\u00e9s, es consideren suficients els <\/em><strong><em>Requisits de protecci\u00f3 i gesti\u00f3<\/em><\/strong><em> a que es comprometen les entitats promotores de la declaraci\u00f3.<\/em><\/p><p>Al llarg d\u2019aquesta presentaci\u00f3 podrem veure fotografies amb exemples de comparaci\u00f3 entre algunes d\u2019aquestes obres al 1907 amb l\u2019estat actual.<\/p>\t\t\t\t\t\t\t\t<\/div>\n\t\t\t\t<\/div>\n\t\t\t\t<div class=\"elementor-element elementor-element-0423856 elementor-widget elementor-widget-heading\" data-id=\"0423856\" data-element_type=\"widget\" data-e-type=\"widget\" data-widget_type=\"heading.default\">\n\t\t\t\t<div class=\"elementor-widget-container\">\n\t\t\t\t\t<h2 class=\"elementor-heading-title elementor-size-default\">El territori i les arrels hist\u00f2riques<\/h2>\t\t\t\t<\/div>\n\t\t\t\t<\/div>\n\t\t\t\t<div class=\"elementor-element elementor-element-22ac53b elementor-widget elementor-widget-text-editor\" data-id=\"22ac53b\" data-element_type=\"widget\" data-e-type=\"widget\" data-widget_type=\"text-editor.default\">\n\t\t\t\t<div class=\"elementor-widget-container\">\n\t\t\t\t\t\t\t\t\t<p>El fet territorial m\u00e9s caracter\u00edstic \u00e9s el de ser una vall tancada a la vessant sud dels Pirineus, i per tant, a\u00efllada dels circuits de comunicaci\u00f3 generals i a la que, fins fa poques d\u00e8cades, era dif\u00edcil accedir-hi.<\/p><p>Per no repetir la presentaci\u00f3 d&#8217;aquest aspecte, podeu consultar la informaci\u00f3 al <strong><a href=\"https:\/\/www.elturistatranquil.com\/ca\/arquitectura-tradicional-a-la-vall-de-boi-lleida\/#elementor-toc__heading-anchor-2\" target=\"_blank\" rel=\"noopener\">territori de la Vall de Boi<\/a><\/strong> i<strong> <a href=\"https:\/\/www.elturistatranquil.com\/ca\/arquitectura-tradicional-a-la-vall-de-boi-lleida\/#elementor-toc__heading-anchor-3\">les arrels hist\u00f2riques<\/a><\/strong>.<\/p>\t\t\t\t\t\t\t\t<\/div>\n\t\t\t\t<\/div>\n\t\t\t\t<div class=\"elementor-element elementor-element-09476ca elementor-widget elementor-widget-image\" data-id=\"09476ca\" data-element_type=\"widget\" data-e-type=\"widget\" data-widget_type=\"image.default\">\n\t\t\t\t<div class=\"elementor-widget-container\">\n\t\t\t\t\t\t\t\t\t\t\t\t<figure class=\"wp-caption\">\n\t\t\t\t\t\t\t\t\t\t<img loading=\"lazy\" decoding=\"async\" width=\"768\" height=\"511\" src=\"https:\/\/www.elturistatranquil.com\/wp-content\/uploads\/F05-La-Vall-de-Boi.jpg\" class=\"attachment-large size-large wp-image-46935\" alt=\"La Vall de Boi\" srcset=\"https:\/\/www.elturistatranquil.com\/wp-content\/uploads\/F05-La-Vall-de-Boi.jpg 768w, https:\/\/www.elturistatranquil.com\/wp-content\/uploads\/F05-La-Vall-de-Boi-339x226.jpg 339w\" sizes=\"(max-width: 768px) 100vw, 768px\" \/>\t\t\t\t\t\t\t\t\t\t\t<figcaption class=\"widget-image-caption wp-caption-text\">Una imatge de la Vall de Bo\u00ed en direcci\u00f3 nord-sud<\/figcaption>\n\t\t\t\t\t\t\t\t\t\t<\/figure>\n\t\t\t\t\t\t\t\t\t<\/div>\n\t\t\t\t<\/div>\n\t\t\t\t<div class=\"elementor-element elementor-element-bbac593 elementor-widget elementor-widget-text-editor\" data-id=\"bbac593\" data-element_type=\"widget\" data-e-type=\"widget\" data-widget_type=\"text-editor.default\">\n\t\t\t\t<div class=\"elementor-widget-container\">\n\t\t\t\t\t\t\t\t\t<p>Nom\u00e9s recordar que en el seu inici hist\u00f2ric, a la Vall de Bo\u00ed, la configuraci\u00f3 del nou ordre social feudal ve ser portada a terme pels senyors d&#8217;Erill. Des d&#8217;<strong>Erillcastell<\/strong>, el seu lloc d&#8217;origen, van iniciar a finals\u00a0 segle XI una r\u00e0pida ascensi\u00f3 social, participant en les campanyes de repoblament i reconquesta sota les ordres d&#8217;Alfons el Bataller, rei d&#8217;Arag\u00f3.<\/p><p>Els senyors d&#8217;Erill van utilitzar els recursos obtinguts dels botins de guerra per promoure la construcci\u00f3 de les esgl\u00e9sies de la Vall de Bo\u00ed, una manera de mostrar el seu poder i adquirir prestigi social. Ens trobem a l&#8217;inici del segle XII, just abans de la consagraci\u00f3 de Sant Climent i Santa Maria de Ta\u00fcll.<\/p>\t\t\t\t\t\t\t\t<\/div>\n\t\t\t\t<\/div>\n\t\t\t\t<div class=\"elementor-element elementor-element-6d2956e elementor-widget elementor-widget-heading\" data-id=\"6d2956e\" data-element_type=\"widget\" data-e-type=\"widget\" data-widget_type=\"heading.default\">\n\t\t\t\t<div class=\"elementor-widget-container\">\n\t\t\t\t\t<h2 class=\"elementor-heading-title elementor-size-default\">Les esgl\u00e9sies i el rom\u00e0nic<\/h2>\t\t\t\t<\/div>\n\t\t\t\t<\/div>\n\t\t\t\t<div class=\"elementor-element elementor-element-8c3d97a elementor-widget elementor-widget-text-editor\" data-id=\"8c3d97a\" data-element_type=\"widget\" data-e-type=\"widget\" data-widget_type=\"text-editor.default\">\n\t\t\t\t<div class=\"elementor-widget-container\">\n\t\t\t\t\t\t\t\t\t<p>El conjunt rom\u00e0nic de la Vall de Bo\u00ed est\u00e0 format per les esgl\u00e9sies de Sant Climent i Santa Maria de Ta\u00fcll, Sant Joan de Bo\u00ed, Santa Eul\u00e0lia d\u2019Erill-la-Vall, Sant Feliu de Barruera, la Nativitat de Durro, Santa Maria de Cardet, l\u2019Assumpci\u00f3 de C\u00f3ll i l&#8217;ermita de Sant Quirc de Durro. A m\u00e9s, cal mencionar l&#8217;ermita de Sant Quirc de Ta\u00fcll, tot i que no forma part del cat\u00e0leg oficial d la UNESCO.<\/p><p>Una de les seves caracter\u00edstiques principals \u00e9s la unitat d&#8217;estil arquitect\u00f2nic basat en l\u2019estil llombard. Al primer quart del segle XI, entra a Catalunya aquesta nova f\u00f3rmula constructiva que aviat tindr\u00e0 una gran difusi\u00f3, a partir de colles de picapedrers, els <em>magistri lombardi<\/em>, que procedents del sud-est de Fran\u00e7a i del nord It\u00e0lia, recorregueren les diverses contrades de Catalunya. Aquest estil de construcci\u00f3 es van dur a terme durant els segles XI i XII.<\/p><p>L\u2019estil llombard es caracteritza per la seva austeritat ornamental, redu\u00efda a les forn\u00edcules en els absis i les arcuacions cegues en l&#8217;exterior, la funcionalitat de les construccions, l&#8217;acurat treball de la pedra i els esvelts campanars.<\/p><p>Les esgl\u00e9sies rom\u00e0niques de la Vall de Bo\u00ed s\u00f3n el reflex art\u00edstic d&#8217;una societat estructurada al voltant de les jerarquies eclesi\u00e0stiques i senyorials, personificades en els senyors d&#8217;Erill i el bisbat de Roda d&#8217;Is\u00e0bena, els promotors dels temples de la Vall.<\/p><p>Dins d&#8217;aquesta societat medieval, les esgl\u00e9sies tenien un paper important no nom\u00e9s com a centre religi\u00f3s, sin\u00f3 tamb\u00e9 com a punt de trobada i refugi per al poble. A la Vall de Bo\u00ed, aquesta funci\u00f3 social dels temples es fa evident en l&#8217;\u00fas dels seus esvelts campanars de torre com a elements de comunicaci\u00f3 i vigil\u00e0ncia.<\/p>\t\t\t\t\t\t\t\t<\/div>\n\t\t\t\t<\/div>\n\t\t\t\t<div class=\"elementor-element elementor-element-62b8c06 elementor-widget elementor-widget-image\" data-id=\"62b8c06\" data-element_type=\"widget\" data-e-type=\"widget\" data-widget_type=\"image.default\">\n\t\t\t\t<div class=\"elementor-widget-container\">\n\t\t\t\t\t\t\t\t\t\t\t\t<figure class=\"wp-caption\">\n\t\t\t\t\t\t\t\t\t\t<img loading=\"lazy\" decoding=\"async\" width=\"768\" height=\"512\" src=\"https:\/\/www.elturistatranquil.com\/wp-content\/uploads\/F10-Taull-Lleida.jpg\" class=\"attachment-large size-large wp-image-45144\" alt=\"Taull, Lleida\" srcset=\"https:\/\/www.elturistatranquil.com\/wp-content\/uploads\/F10-Taull-Lleida.jpg 768w, https:\/\/www.elturistatranquil.com\/wp-content\/uploads\/F10-Taull-Lleida-339x226.jpg 339w\" sizes=\"(max-width: 768px) 100vw, 768px\" \/>\t\t\t\t\t\t\t\t\t\t\t<figcaption class=\"widget-image-caption wp-caption-text\">Ta\u00fcll<\/figcaption>\n\t\t\t\t\t\t\t\t\t\t<\/figure>\n\t\t\t\t\t\t\t\t\t<\/div>\n\t\t\t\t<\/div>\n\t\t\t\t<div class=\"elementor-element elementor-element-526efc8 elementor-widget elementor-widget-image\" data-id=\"526efc8\" data-element_type=\"widget\" data-e-type=\"widget\" data-widget_type=\"image.default\">\n\t\t\t\t<div class=\"elementor-widget-container\">\n\t\t\t\t\t\t\t\t\t\t\t\t<figure class=\"wp-caption\">\n\t\t\t\t\t\t\t\t\t\t<img loading=\"lazy\" decoding=\"async\" width=\"768\" height=\"512\" src=\"https:\/\/www.elturistatranquil.com\/wp-content\/uploads\/F07-Sant-Feliu-de-Barruera.-La-Vall-de-Boi.jpg\" class=\"attachment-large size-large wp-image-46937\" alt=\"Sant Feliu de Barruera. La Vall de Boi\" srcset=\"https:\/\/www.elturistatranquil.com\/wp-content\/uploads\/F07-Sant-Feliu-de-Barruera.-La-Vall-de-Boi.jpg 768w, https:\/\/www.elturistatranquil.com\/wp-content\/uploads\/F07-Sant-Feliu-de-Barruera.-La-Vall-de-Boi-339x226.jpg 339w\" sizes=\"(max-width: 768px) 100vw, 768px\" \/>\t\t\t\t\t\t\t\t\t\t\t<figcaption class=\"widget-image-caption wp-caption-text\">Sant Feliu de Barruera<\/figcaption>\n\t\t\t\t\t\t\t\t\t\t<\/figure>\n\t\t\t\t\t\t\t\t\t<\/div>\n\t\t\t\t<\/div>\n\t\t\t\t<div class=\"elementor-element elementor-element-e9d186d elementor-widget elementor-widget-heading\" data-id=\"e9d186d\" data-element_type=\"widget\" data-e-type=\"widget\" data-widget_type=\"heading.default\">\n\t\t\t\t<div class=\"elementor-widget-container\">\n\t\t\t\t\t<h2 class=\"elementor-heading-title elementor-size-default\">El redescobriment del rom\u00e0nic. La Missi\u00f3 Arqueol\u00f2gica de 1907<\/h2>\t\t\t\t<\/div>\n\t\t\t\t<\/div>\n\t\t\t\t<div class=\"elementor-element elementor-element-56c6142 elementor-widget elementor-widget-text-editor\" data-id=\"56c6142\" data-element_type=\"widget\" data-e-type=\"widget\" data-widget_type=\"text-editor.default\">\n\t\t\t\t<div class=\"elementor-widget-container\">\n\t\t\t\t\t\t\t\t\t<p>L&#8217;inter\u00e8s pel m\u00f3n medieval a Catalunya s&#8217;inicia al segle XIX amb els viatges hist\u00f2rico-literaris i el moviment cultural de la Renaixen\u00e7a, seguint la tend\u00e8ncia que es va iniciar a tot Europa amb el romanticisme. A finals del segle XIX es comencen a organitzar les primeres exposicions d&#8217;art rom\u00e0nic i g\u00f2tic i es creen els primers museus i col\u00b7leccions.<\/p><p>Amb la voluntat de con\u00e8ixer i estudiar els monuments rom\u00e0nics del pa\u00eds, l&#8217;any 1907 l&#8217;Institut d&#8217;Estudis Catalans organitza la &#8220;Missi\u00f3 arqueol\u00f2gica-jur\u00eddica a la ratlla d&#8217;Arag\u00f3&#8221;. Durant el mes de setembre, visiten la Vall de Bo\u00ed, recorren els seus pobles i &#8220;descobreixen&#8221; les esgl\u00e9sies i les pintures murals que s&#8217;hi conservaven.<\/p>\t\t\t\t\t\t\t\t<\/div>\n\t\t\t\t<\/div>\n\t\t\t\t<div class=\"elementor-element elementor-element-b5f05a8 elementor-widget elementor-widget-image\" data-id=\"b5f05a8\" data-element_type=\"widget\" data-e-type=\"widget\" data-widget_type=\"image.default\">\n\t\t\t\t<div class=\"elementor-widget-container\">\n\t\t\t\t\t\t\t\t\t\t\t\t<figure class=\"wp-caption\">\n\t\t\t\t\t\t\t\t\t\t<img loading=\"lazy\" decoding=\"async\" width=\"768\" height=\"335\" src=\"https:\/\/www.elturistatranquil.com\/wp-content\/uploads\/F08-Membres-de-la-Missio-Arqueologica-de-1907-Foto-A.-Mas-1907-1.jpg\" class=\"attachment-large size-large wp-image-46944\" alt=\"Membres de la Missi\u00f3 Arqueol\u00f2gica de 1907 (Foto A. Mas, 1907)\" srcset=\"https:\/\/www.elturistatranquil.com\/wp-content\/uploads\/F08-Membres-de-la-Missio-Arqueologica-de-1907-Foto-A.-Mas-1907-1.jpg 768w, https:\/\/www.elturistatranquil.com\/wp-content\/uploads\/F08-Membres-de-la-Missio-Arqueologica-de-1907-Foto-A.-Mas-1907-1-339x148.jpg 339w\" sizes=\"(max-width: 768px) 100vw, 768px\" \/>\t\t\t\t\t\t\t\t\t\t\t<figcaption class=\"widget-image-caption wp-caption-text\">Membres de la Missi\u00f3 Arqueol\u00f2gica de 1907 (Foto: A. Mas, 1907)<\/figcaption>\n\t\t\t\t\t\t\t\t\t\t<\/figure>\n\t\t\t\t\t\t\t\t\t<\/div>\n\t\t\t\t<\/div>\n\t\t\t\t<div class=\"elementor-element elementor-element-33c53de elementor-widget elementor-widget-text-editor\" data-id=\"33c53de\" data-element_type=\"widget\" data-e-type=\"widget\" data-widget_type=\"text-editor.default\">\n\t\t\t\t<div class=\"elementor-widget-container\">\n\t\t\t\t\t\t\t\t\t<p>Les fotografies, els dibuixos i els pl\u00e0nols que fan en aquest viatge seran la base de les posteriors publicacions de l&#8217;Institut. L&#8217;any 1911 s&#8217;edita el quart fascicle de l&#8217;obra &#8220;Les pintures murals rom\u00e0niques&#8221;, que recollia, entre d&#8217;altres, els tres conjunts de la Vall de Bo\u00ed.<\/p>\t\t\t\t\t\t\t\t<\/div>\n\t\t\t\t<\/div>\n\t\t\t\t<div class=\"elementor-element elementor-element-b65ebbf elementor-widget elementor-widget-image\" data-id=\"b65ebbf\" data-element_type=\"widget\" data-e-type=\"widget\" data-widget_type=\"image.default\">\n\t\t\t\t<div class=\"elementor-widget-container\">\n\t\t\t\t\t\t\t\t\t\t\t\t<figure class=\"wp-caption\">\n\t\t\t\t\t\t\t\t\t\t<img loading=\"lazy\" decoding=\"async\" width=\"768\" height=\"592\" src=\"https:\/\/www.elturistatranquil.com\/wp-content\/uploads\/F09-Planta-de-lesglesia-de-Sant-Joan-de-Boi.-Quadern-de-notes-de-J.-Puig-i-Cadafalch.-1907.jpg\" class=\"attachment-large size-large wp-image-46946\" alt=\"Planta de l&#039;esgl\u00e9sia de Sant Joan de Bo\u00ed. Quadern de notes de J. Puig i Cadafalch. 1907\" srcset=\"https:\/\/www.elturistatranquil.com\/wp-content\/uploads\/F09-Planta-de-lesglesia-de-Sant-Joan-de-Boi.-Quadern-de-notes-de-J.-Puig-i-Cadafalch.-1907.jpg 768w, https:\/\/www.elturistatranquil.com\/wp-content\/uploads\/F09-Planta-de-lesglesia-de-Sant-Joan-de-Boi.-Quadern-de-notes-de-J.-Puig-i-Cadafalch.-1907-293x226.jpg 293w\" sizes=\"(max-width: 768px) 100vw, 768px\" \/>\t\t\t\t\t\t\t\t\t\t\t<figcaption class=\"widget-image-caption wp-caption-text\">Planta de l'esgl\u00e9sia de Sant Joan de Bo\u00ed. Quadern de notes de J. Puig i Cadafalch. 1907<\/figcaption>\n\t\t\t\t\t\t\t\t\t\t<\/figure>\n\t\t\t\t\t\t\t\t\t<\/div>\n\t\t\t\t<\/div>\n\t\t\t\t<div class=\"elementor-element elementor-element-3b9b575 elementor-widget elementor-widget-text-editor\" data-id=\"3b9b575\" data-element_type=\"widget\" data-e-type=\"widget\" data-widget_type=\"text-editor.default\">\n\t\t\t\t<div class=\"elementor-widget-container\">\n\t\t\t\t\t\t\t\t\t<p>Pocs anys m\u00e9s tard, a l&#8217;estiu de 1919, la Junta de Museus descobreix la compra i l&#8217;arrencament dels frescos de Santa Maria de Mur (Pallars Juss\u00e0), per\u00f2 no pot frenar la seva venda al museu de Boston, a causa de la manca de lleis de protecci\u00f3 del patrimoni. Per evitar que aquests fets tan greus es tornin a repetir, s&#8217;organitza la campanya d&#8217;arrencament de les pintures murals rom\u00e0niques del Pirineu catal\u00e0 per conservar-les al Museu d&#8217;Art i Arqueologia de Barcelona. Els primers arrencaments s&#8217;inicien a la Vall de Bo\u00ed al desembre de 1919. L&#8217;any 1924 es van inaugurar les col\u00b7leccions d&#8217;art rom\u00e0nic a la Ciutadella.<\/p>\t\t\t\t\t\t\t\t<\/div>\n\t\t\t\t<\/div>\n\t\t\t\t<div class=\"elementor-element elementor-element-6900b1ab elementor-widget elementor-widget-heading\" data-id=\"6900b1ab\" data-element_type=\"widget\" data-e-type=\"widget\" data-widget_type=\"heading.default\">\n\t\t\t\t<div class=\"elementor-widget-container\">\n\t\t\t\t\t<h4 class=\"elementor-heading-title elementor-size-default\">L\u2019arrencament de les pintures murals<\/h4>\t\t\t\t<\/div>\n\t\t\t\t<\/div>\n\t\t\t\t<div class=\"elementor-element elementor-element-3b6a316 elementor-widget elementor-widget-text-editor\" data-id=\"3b6a316\" data-element_type=\"widget\" data-e-type=\"widget\" data-widget_type=\"text-editor.default\">\n\t\t\t\t<div class=\"elementor-widget-container\">\n\t\t\t\t\t\t\t\t\t<p>Per a l\u2019arrencament de les pintures murals es va fer servir la t\u00e8cnica <em>Strappo<\/em>, que consisteix a aplicar diverses capes de teles mullades amb cola org\u00e0nica soluble a l\u2019aigua sobre la pintura. Un cop les teles estan seques, s&#8217;arrenquen del mur utilitzant una escarpa i un martell. Juntament amb la tela, s&#8217;arrenca tamb\u00e9 la capa pict\u00f2rica. Quan les teles arriben al museu, s&#8217;efectua el trasllat de la pintura a un nou suport i es dilueix la cola amb aigua calenta per tal de separar la tela de la pintura.<\/p>\t\t\t\t\t\t\t\t<\/div>\n\t\t\t\t<\/div>\n\t\t\t\t<div class=\"elementor-element elementor-element-9c5ee18 elementor-widget elementor-widget-image\" data-id=\"9c5ee18\" data-element_type=\"widget\" data-e-type=\"widget\" data-widget_type=\"image.default\">\n\t\t\t\t<div class=\"elementor-widget-container\">\n\t\t\t\t\t\t\t\t\t\t\t\t<figure class=\"wp-caption\">\n\t\t\t\t\t\t\t\t\t\t<img loading=\"lazy\" decoding=\"async\" width=\"421\" height=\"590\" src=\"https:\/\/www.elturistatranquil.com\/wp-content\/uploads\/F10-Arrencament-de-pintures.-Vall-de-Boi.jpg\" class=\"attachment-large size-large wp-image-46948\" alt=\"Arrencament de pintures. Vall de Boi\" srcset=\"https:\/\/www.elturistatranquil.com\/wp-content\/uploads\/F10-Arrencament-de-pintures.-Vall-de-Boi.jpg 421w, https:\/\/www.elturistatranquil.com\/wp-content\/uploads\/F10-Arrencament-de-pintures.-Vall-de-Boi-161x226.jpg 161w\" sizes=\"(max-width: 421px) 100vw, 421px\" \/>\t\t\t\t\t\t\t\t\t\t\t<figcaption class=\"widget-image-caption wp-caption-text\"><\/figcaption>\n\t\t\t\t\t\t\t\t\t\t<\/figure>\n\t\t\t\t\t\t\t\t\t<\/div>\n\t\t\t\t<\/div>\n\t\t\t\t<div class=\"elementor-element elementor-element-deff8b7 elementor-widget elementor-widget-image\" data-id=\"deff8b7\" data-element_type=\"widget\" data-e-type=\"widget\" data-widget_type=\"image.default\">\n\t\t\t\t<div class=\"elementor-widget-container\">\n\t\t\t\t\t\t\t\t\t\t\t\t<figure class=\"wp-caption\">\n\t\t\t\t\t\t\t\t\t\t<img loading=\"lazy\" decoding=\"async\" width=\"768\" height=\"512\" src=\"https:\/\/www.elturistatranquil.com\/wp-content\/uploads\/F11-Arrencament-de-pintures.-Vall-de-Boi.jpg\" class=\"attachment-large size-large wp-image-46950\" alt=\"Arrencament de pintures. Vall de Boi\" srcset=\"https:\/\/www.elturistatranquil.com\/wp-content\/uploads\/F11-Arrencament-de-pintures.-Vall-de-Boi.jpg 768w, https:\/\/www.elturistatranquil.com\/wp-content\/uploads\/F11-Arrencament-de-pintures.-Vall-de-Boi-339x226.jpg 339w\" sizes=\"(max-width: 768px) 100vw, 768px\" \/>\t\t\t\t\t\t\t\t\t\t\t<figcaption class=\"widget-image-caption wp-caption-text\">Arrencament de pintures<\/figcaption>\n\t\t\t\t\t\t\t\t\t\t<\/figure>\n\t\t\t\t\t\t\t\t\t<\/div>\n\t\t\t\t<\/div>\n\t\t\t\t<div class=\"elementor-element elementor-element-c742769 elementor-widget elementor-widget-image\" data-id=\"c742769\" data-element_type=\"widget\" data-e-type=\"widget\" data-widget_type=\"image.default\">\n\t\t\t\t<div class=\"elementor-widget-container\">\n\t\t\t\t\t\t\t\t\t\t\t\t<figure class=\"wp-caption\">\n\t\t\t\t\t\t\t\t\t\t<img loading=\"lazy\" decoding=\"async\" width=\"768\" height=\"512\" src=\"https:\/\/www.elturistatranquil.com\/wp-content\/uploads\/F12-Part-posterior-de-dos-suports-de-pintures-dabsis-al-MNAC.jpg\" class=\"attachment-large size-large wp-image-46955\" alt=\"Part posterior de dos suports de pintures d\u2019absis al MNAC\" srcset=\"https:\/\/www.elturistatranquil.com\/wp-content\/uploads\/F12-Part-posterior-de-dos-suports-de-pintures-dabsis-al-MNAC.jpg 768w, https:\/\/www.elturistatranquil.com\/wp-content\/uploads\/F12-Part-posterior-de-dos-suports-de-pintures-dabsis-al-MNAC-339x226.jpg 339w\" sizes=\"(max-width: 768px) 100vw, 768px\" \/>\t\t\t\t\t\t\t\t\t\t\t<figcaption class=\"widget-image-caption wp-caption-text\">Part posterior de dos suports de pintures d\u2019absis al MNAC<\/figcaption>\n\t\t\t\t\t\t\t\t\t\t<\/figure>\n\t\t\t\t\t\t\t\t\t<\/div>\n\t\t\t\t<\/div>\n\t\t\t\t<div class=\"elementor-element elementor-element-29b2cf2 elementor-widget elementor-widget-text-editor\" data-id=\"29b2cf2\" data-element_type=\"widget\" data-e-type=\"widget\" data-widget_type=\"text-editor.default\">\n\t\t\t\t<div class=\"elementor-widget-container\">\n\t\t\t\t\t\t\t\t\t<p>El dossier \u201c<a href=\"https:\/\/www.centreromanic.com\/ca\/el-redescobriment-del-rom%C3%A0nic\" target=\"_blank\" rel=\"noopener\">El (re)descobriment del Rom\u00e0nic de la Vall de Bo\u00ed. La Missi\u00f3 Arqueol\u00f2gica de 1907<\/a>\u201d proporciona una aproximaci\u00f3 concisa al projecte que va tenir com a objectiu la recuperaci\u00f3 d&#8217;un patrimoni en una situaci\u00f3 cr\u00edtica.<\/p>\t\t\t\t\t\t\t\t<\/div>\n\t\t\t\t<\/div>\n\t\t\t\t<div class=\"elementor-element elementor-element-2f05edf elementor-widget elementor-widget-heading\" data-id=\"2f05edf\" data-element_type=\"widget\" data-e-type=\"widget\" data-widget_type=\"heading.default\">\n\t\t\t\t<div class=\"elementor-widget-container\">\n\t\t\t\t\t<h2 class=\"elementor-heading-title elementor-size-default\">Visites a les esgl\u00e9sies i ermites rom\u00e0niques de la Vall de Bo\u00ed<\/h2>\t\t\t\t<\/div>\n\t\t\t\t<\/div>\n\t\t\t\t<div class=\"elementor-element elementor-element-22d20b8 elementor-widget elementor-widget-text-editor\" data-id=\"22d20b8\" data-element_type=\"widget\" data-e-type=\"widget\" data-widget_type=\"text-editor.default\">\n\t\t\t\t<div class=\"elementor-widget-container\">\n\t\t\t\t\t\t\t\t\t<p>Vaig tenir l&#8217;oportunitat de visitar totes les esgl\u00e9sies de la Vall de Bo\u00ed, excepte l&#8217;ermita de Sant Quirc de Durro, que nom\u00e9s vaig poder contemplar des de la dist\u00e0ncia. Per motius meteorol\u00f2gics, em van aconsellar no anar-hi ja que nom\u00e9s es pot accedir-hi a peu. A m\u00e9s de les esgl\u00e9sies que he mencionat anteriorment, tamb\u00e9 incorporar\u00e9 l&#8217;ermita de Sant Quirc de Ta\u00fcll, que completa el conjunt d&#8217;esgl\u00e9sies de la Vall.<\/p><p>En <em>Posts<\/em> successius les presentar\u00e9 en quatre grups en l&#8217;ordre seg\u00fcent:<\/p><ul><li><a href=\"https:\/\/www.elturistatranquil.com\/ca\/esglesies-romaniques-de-sant-climent-santa-maria-i-sant-quirc-de-taull-la-vall-de-boi-2\/\" target=\"_blank\" rel=\"noopener\"><strong><em>Esgl\u00e9sies de Sant Climent, Santa Maria i ermita de Sant Quirc de Ta\u00fcll (2)<\/em><\/strong><\/a><\/li><li><a href=\"https:\/\/www.elturistatranquil.com\/ca\/esglesies-romaniques-de-sant-joan-de-boi-i-santa-eulalia-derill-la-vall-la-vall-de-boi-3\/\" target=\"_blank\" rel=\"noopener\"><strong><em>Esgl\u00e9sies de Sant Joan de Bo\u00ed\u200b i de Santa Eul\u00e0lia d&#8217;Erill-la-Vall\u200b (3)<\/em><\/strong><\/a><\/li><li><a href=\"https:\/\/www.elturistatranquil.com\/ca\/esglesies-romaniques-de-sant-feliu-de-barruera-i-de-la-nativitat-i-sant-quirc-de-durro-vall-de-boi-4\/\" target=\"_blank\" rel=\"noopener\"><strong><em>Esgl\u00e9sies de Sant Feliu de Barruera\u200b, Nativitat de Durro\u200b i ermita de Sant Quirc de Durro\u200b (4)<\/em><\/strong><\/a><\/li><li><strong><em>Esgl\u00e9sies de Santa Maria de Cardet\u200b i L&#8217;Assumpci\u00f3<\/em><\/strong><strong><em> de Coll\u200b (5)<\/em><\/strong><\/li><\/ul>\t\t\t\t\t\t\t\t<\/div>\n\t\t\t\t<\/div>\n\t\t\t\t<div class=\"elementor-element elementor-element-6029e44 elementor-widget elementor-widget-heading\" data-id=\"6029e44\" data-element_type=\"widget\" data-e-type=\"widget\" data-widget_type=\"heading.default\">\n\t\t\t\t<div class=\"elementor-widget-container\">\n\t\t\t\t\t<h2 class=\"elementor-heading-title elementor-size-default\">Consideracions generals sobre el conjunt de les esgl\u00e9sies de la Vall de Boi<\/h2>\t\t\t\t<\/div>\n\t\t\t\t<\/div>\n\t\t\t\t<div class=\"elementor-element elementor-element-31b636a elementor-widget elementor-widget-text-editor\" data-id=\"31b636a\" data-element_type=\"widget\" data-e-type=\"widget\" data-widget_type=\"text-editor.default\">\n\t\t\t\t<div class=\"elementor-widget-container\">\n\t\t\t\t\t\t\t\t\t<p>Com a marc de referencia per presentar cada una de les esgl\u00e9sies de manera individual, pot ser interessant destacar alguns dels trets generals que caracteritzen el rom\u00e0nic de la Vall de Bo\u00ed i que li atorguen la particularitat de ser un conjunt homogeni i diferenciat respecte a altres construccions rom\u00e0niques. Cal recordar que aquesta singularitat com a conjunt va ser un dels elements m\u00e9s valorats a l\u2019hora de considerar-les com a \u201c<em>un exemple especialment pur i coherent de l&#8217;art rom\u00e0nic en un entorn rural pr\u00e0cticament intacte\u201d, <\/em>la qual cosa els confereix un <strong><em>\u201c<\/em><\/strong><em>valor universal excepcional<\/em><strong>\u201d.<\/strong><\/p><p>Dins del per\u00edode dels segles XI-XII en que es van construir totes les esgl\u00e9sies, es considera que l&#8217;esgl\u00e9sia de Sant Joan de Bo\u00ed data del segle XI, mentre que les dues esgl\u00e9sies rom\u00e0niques de Ta\u00fcll, Sant Climent i Santa Maria, pertanyen al segle XII, segons la data de consagraci\u00f3 el 1123.<\/p>\t\t\t\t\t\t\t\t<\/div>\n\t\t\t\t<\/div>\n\t\t\t\t<div class=\"elementor-element elementor-element-1bf692f elementor-widget elementor-widget-heading\" data-id=\"1bf692f\" data-element_type=\"widget\" data-e-type=\"widget\" data-widget_type=\"heading.default\">\n\t\t\t\t<div class=\"elementor-widget-container\">\n\t\t\t\t\t<h3 class=\"elementor-heading-title elementor-size-default\">En relaci\u00f3 amb l\u2019entorn i el poble<\/h3>\t\t\t\t<\/div>\n\t\t\t\t<\/div>\n\t\t\t\t<div class=\"elementor-element elementor-element-f03e158 elementor-widget elementor-widget-text-editor\" data-id=\"f03e158\" data-element_type=\"widget\" data-e-type=\"widget\" data-widget_type=\"text-editor.default\">\n\t\t\t\t<div class=\"elementor-widget-container\">\n\t\t\t\t\t\t\t\t\t<p>Van ser esgl\u00e9sies al servei dels caserius. Van ser constru\u00efdes quan els pobles ja existien i no tenen voluntat de centralitat, per la qual cosa la majoria estan situades en els marges del nucli habitat. Encara no ha arribat el moment hist\u00f2ric en que l\u2019esgl\u00e9sia es converteix en l\u2019eix vertebrador de la vida local, cercant el punt m\u00e9s elevat en el territori i, per tant, dominant sobre el caseriu i prefigurant la pla\u00e7a major com a punt central. Aquesta manca de centralitat \u00e9s una caracter\u00edstica que es pot observar en molts altres indrets amb esgl\u00e9sies rom\u00e0niques (<a href=\"https:\/\/www.elturistatranquil.com\/ca\/villaciervitos-i-villaciervos-soria\/\" target=\"_blank\" rel=\"noopener\">Villaciervitos i Villaciervos<\/a>, <a href=\"https:\/\/www.elturistatranquil.com\/ca\/aldealpozo-soria\/\" target=\"_blank\" rel=\"noopener\">Aldealpozo<\/a>, <a href=\"https:\/\/www.elturistatranquil.com\/ca\/esglesia-de-santa-maria-de-barbera-del-valles-la-romanica\/\" target=\"_blank\" rel=\"noopener\">Barber\u00e0 del Vall\u00e9s<\/a>, <a href=\"https:\/\/www.elturistatranquil.com\/ca\/siurana-tarragona\/\" target=\"_blank\" rel=\"noopener\">Siurana<\/a>, <a href=\"https:\/\/www.elturistatranquil.com\/ca\/peratallada-girona\/\" target=\"_blank\" rel=\"noopener\">Peratallada<\/a>, <a href=\"https:\/\/www.elturistatranquil.com\/ca\/santa-maria-de-la-pena-triste-la-pena-estacion-i-anzanigo-osca\/\" target=\"_blank\" rel=\"noopener\">Santa Maria de la Pe\u00f1a, Triste<\/a>, <a href=\"https:\/\/www.elturistatranquil.com\/ca\/sanguesa-zangoza-navarra\/\" target=\"_blank\" rel=\"noopener\">Sang\u00fcesa<\/a>).<\/p>\t\t\t\t\t\t\t\t<\/div>\n\t\t\t\t<\/div>\n\t\t\t\t<div class=\"elementor-element elementor-element-d42d1b9 elementor-widget elementor-widget-image\" data-id=\"d42d1b9\" data-element_type=\"widget\" data-e-type=\"widget\" data-widget_type=\"image.default\">\n\t\t\t\t<div class=\"elementor-widget-container\">\n\t\t\t\t\t\t\t\t\t\t\t\t<figure class=\"wp-caption\">\n\t\t\t\t\t\t\t\t\t\t<img loading=\"lazy\" decoding=\"async\" width=\"768\" height=\"512\" src=\"https:\/\/www.elturistatranquil.com\/wp-content\/uploads\/F13-Boi-des-del-campanar-de-Santa-Eulalia-dErill-la-Vall.jpg\" class=\"attachment-large size-large wp-image-46957\" alt=\"Bo\u00ed des del campanar de Santa Eulalia d\u2019Erill la Vall\" srcset=\"https:\/\/www.elturistatranquil.com\/wp-content\/uploads\/F13-Boi-des-del-campanar-de-Santa-Eulalia-dErill-la-Vall.jpg 768w, https:\/\/www.elturistatranquil.com\/wp-content\/uploads\/F13-Boi-des-del-campanar-de-Santa-Eulalia-dErill-la-Vall-339x226.jpg 339w\" sizes=\"(max-width: 768px) 100vw, 768px\" \/>\t\t\t\t\t\t\t\t\t\t\t<figcaption class=\"widget-image-caption wp-caption-text\">Bo\u00ed des del campanar de Santa Eulalia d\u2019Erill-la-Vall. Al fons a l\u2019esquerra s\u2019albira Ta\u00fcll<\/figcaption>\n\t\t\t\t\t\t\t\t\t\t<\/figure>\n\t\t\t\t\t\t\t\t\t<\/div>\n\t\t\t\t<\/div>\n\t\t\t\t<div class=\"elementor-element elementor-element-480683e elementor-widget elementor-widget-image\" data-id=\"480683e\" data-element_type=\"widget\" data-e-type=\"widget\" data-widget_type=\"image.default\">\n\t\t\t\t<div class=\"elementor-widget-container\">\n\t\t\t\t\t\t\t\t\t\t\t\t<figure class=\"wp-caption\">\n\t\t\t\t\t\t\t\t\t\t<img loading=\"lazy\" decoding=\"async\" width=\"768\" height=\"511\" src=\"https:\/\/www.elturistatranquil.com\/wp-content\/uploads\/F14-La-Vall-de-Boi-des-del-campanar-de-Santa-Eulalia-dErill-la-Vall.jpg\" class=\"attachment-large size-large wp-image-46959\" alt=\"La Vall de Bo\u00ed des del campanar de Santa Eulalia d\u2019Erill la Vall\" srcset=\"https:\/\/www.elturistatranquil.com\/wp-content\/uploads\/F14-La-Vall-de-Boi-des-del-campanar-de-Santa-Eulalia-dErill-la-Vall.jpg 768w, https:\/\/www.elturistatranquil.com\/wp-content\/uploads\/F14-La-Vall-de-Boi-des-del-campanar-de-Santa-Eulalia-dErill-la-Vall-339x226.jpg 339w\" sizes=\"(max-width: 768px) 100vw, 768px\" \/>\t\t\t\t\t\t\t\t\t\t\t<figcaption class=\"widget-image-caption wp-caption-text\">La Vall de Bo\u00ed des del campanar de Santa Eulalia d\u2019Erill-la-Vall<\/figcaption>\n\t\t\t\t\t\t\t\t\t\t<\/figure>\n\t\t\t\t\t\t\t\t\t<\/div>\n\t\t\t\t<\/div>\n\t\t\t\t<div class=\"elementor-element elementor-element-84c4578 elementor-widget elementor-widget-heading\" data-id=\"84c4578\" data-element_type=\"widget\" data-e-type=\"widget\" data-widget_type=\"heading.default\">\n\t\t\t\t<div class=\"elementor-widget-container\">\n\t\t\t\t\t<h3 class=\"elementor-heading-title elementor-size-default\">L\u2019exterior dels temples<\/h3>\t\t\t\t<\/div>\n\t\t\t\t<\/div>\n\t\t\t\t<div class=\"elementor-element elementor-element-2577456 elementor-widget elementor-widget-text-editor\" data-id=\"2577456\" data-element_type=\"widget\" data-e-type=\"widget\" data-widget_type=\"text-editor.default\">\n\t\t\t\t<div class=\"elementor-widget-container\">\n\t\t\t\t\t\t\t\t\t<p>Un tret dominant que caracteritza a aquest conjunt d\u2019esgl\u00e9sies \u00e9s la simplicitat rural, sense escultures a les portades i sense capitells.<\/p><p>Es tracta d\u2019una edificaci\u00f3 feta com si constru\u00efssin una \u201ccasa gran per D\u00e9u\u201d, utilitzant els mateixos materials del pa\u00eds i la mateixa t\u00e8cnica constructiva. L&#8217;\u00fanic que les diferencia \u00e9s l\u2019estil arquitect\u00f2nic aportat pels llombards, que es fa notar especialment a l&#8217;exterior dels absis.<\/p><p>Els artesans que venen de fora, els \u201cllombards\u201d, sembla que s&#8217;adaptin a les formes i t\u00e8cniques de construcci\u00f3 rurals pr\u00f2pies del pa\u00eds, aplicant la seva est\u00e8tica.<\/p>\t\t\t\t\t\t\t\t<\/div>\n\t\t\t\t<\/div>\n\t\t\t\t<div class=\"elementor-element elementor-element-4fe3cb6 elementor-widget elementor-widget-heading\" data-id=\"4fe3cb6\" data-element_type=\"widget\" data-e-type=\"widget\" data-widget_type=\"heading.default\">\n\t\t\t\t<div class=\"elementor-widget-container\">\n\t\t\t\t\t<h5 class=\"elementor-heading-title elementor-size-default\">Forma, murs i materials<\/h5>\t\t\t\t<\/div>\n\t\t\t\t<\/div>\n\t\t\t\t<div class=\"elementor-element elementor-element-d1c773d elementor-widget elementor-widget-text-editor\" data-id=\"d1c773d\" data-element_type=\"widget\" data-e-type=\"widget\" data-widget_type=\"text-editor.default\">\n\t\t\t\t<div class=\"elementor-widget-container\">\n\t\t\t\t\t\t\t\t\t<p>La forma rectangular d&#8217;aquestes esgl\u00e9sies, amb cobertes a dues aig\u00fces, les confereix una aparen\u00e7a similar a la de cases grans, com s&#8217;ha dit anteriorment. No obstant aix\u00f2, s\u00f3n els absis i les torres els elements que les diferencien dels habitatges comuns.<\/p>\t\t\t\t\t\t\t\t<\/div>\n\t\t\t\t<\/div>\n\t\t\t\t<div class=\"elementor-element elementor-element-a1da768 elementor-widget elementor-widget-image\" data-id=\"a1da768\" data-element_type=\"widget\" data-e-type=\"widget\" data-widget_type=\"image.default\">\n\t\t\t\t<div class=\"elementor-widget-container\">\n\t\t\t\t\t\t\t\t\t\t\t\t<figure class=\"wp-caption\">\n\t\t\t\t\t\t\t\t\t\t<img loading=\"lazy\" decoding=\"async\" width=\"768\" height=\"512\" src=\"https:\/\/www.elturistatranquil.com\/wp-content\/uploads\/F15-Sant-Joan-de-Boi.-Vall-de-Boi.jpg\" class=\"attachment-large size-large wp-image-46963\" alt=\"Sant Joan de Boi. Vall de Boi\" srcset=\"https:\/\/www.elturistatranquil.com\/wp-content\/uploads\/F15-Sant-Joan-de-Boi.-Vall-de-Boi.jpg 768w, https:\/\/www.elturistatranquil.com\/wp-content\/uploads\/F15-Sant-Joan-de-Boi.-Vall-de-Boi-339x226.jpg 339w\" sizes=\"(max-width: 768px) 100vw, 768px\" \/>\t\t\t\t\t\t\t\t\t\t\t<figcaption class=\"widget-image-caption wp-caption-text\">\u201cCom si fos una casa gran\u201d. Sant Joan de Bo\u00ed<\/figcaption>\n\t\t\t\t\t\t\t\t\t\t<\/figure>\n\t\t\t\t\t\t\t\t\t<\/div>\n\t\t\t\t<\/div>\n\t\t\t\t<div class=\"elementor-element elementor-element-bd73941 elementor-widget elementor-widget-text-editor\" data-id=\"bd73941\" data-element_type=\"widget\" data-e-type=\"widget\" data-widget_type=\"text-editor.default\">\n\t\t\t\t<div class=\"elementor-widget-container\">\n\t\t\t\t\t\t\t\t\t<p>Els materials utilitzats en la construcci\u00f3 d&#8217;aquestes esgl\u00e9sies s\u00f3n principalment la pedra, la fusta i la pissarra. La major part de l&#8217;estructura dels edificis est\u00e0 realitzada amb ma\u00e7oneria, \u00e9s a dir, pedra sense llaurar, i tamb\u00e9 s&#8217;utilitza el carreu\u00f3. L&#8217;\u00fas de carreus \u00e9s menys freq\u00fcent. Els murs de la nau s\u00f3n llisos, sense elements arquitect\u00f2nics ornamentats o decoratius.<\/p>\t\t\t\t\t\t\t\t<\/div>\n\t\t\t\t<\/div>\n\t\t\t\t<div class=\"elementor-element elementor-element-251d04f elementor-widget elementor-widget-image\" data-id=\"251d04f\" data-element_type=\"widget\" data-e-type=\"widget\" data-widget_type=\"image.default\">\n\t\t\t\t<div class=\"elementor-widget-container\">\n\t\t\t\t\t\t\t\t\t\t\t\t<figure class=\"wp-caption\">\n\t\t\t\t\t\t\t\t\t\t<img loading=\"lazy\" decoding=\"async\" width=\"768\" height=\"511\" src=\"https:\/\/www.elturistatranquil.com\/wp-content\/uploads\/F16-Nativitat-de-Durro.-Vall-de-Boi.jpg\" class=\"attachment-large size-large wp-image-46968\" alt=\"Nativitat de Durro. Vall de Boi\" srcset=\"https:\/\/www.elturistatranquil.com\/wp-content\/uploads\/F16-Nativitat-de-Durro.-Vall-de-Boi.jpg 768w, https:\/\/www.elturistatranquil.com\/wp-content\/uploads\/F16-Nativitat-de-Durro.-Vall-de-Boi-339x226.jpg 339w\" sizes=\"(max-width: 768px) 100vw, 768px\" \/>\t\t\t\t\t\t\t\t\t\t\t<figcaption class=\"widget-image-caption wp-caption-text\">Carreu\u00f3 a la torre de la Nativitat de Durro<\/figcaption>\n\t\t\t\t\t\t\t\t\t\t<\/figure>\n\t\t\t\t\t\t\t\t\t<\/div>\n\t\t\t\t<\/div>\n\t\t\t\t<div class=\"elementor-element elementor-element-d8706ec elementor-widget elementor-widget-image\" data-id=\"d8706ec\" data-element_type=\"widget\" data-e-type=\"widget\" data-widget_type=\"image.default\">\n\t\t\t\t<div class=\"elementor-widget-container\">\n\t\t\t\t\t\t\t\t\t\t\t\t<figure class=\"wp-caption\">\n\t\t\t\t\t\t\t\t\t\t<img loading=\"lazy\" decoding=\"async\" width=\"768\" height=\"511\" src=\"https:\/\/www.elturistatranquil.com\/wp-content\/uploads\/F17-Barruera.-La-Vall-de-Boi.jpg\" class=\"attachment-large size-large wp-image-46970\" alt=\"Barruera. La Vall de Boi\" srcset=\"https:\/\/www.elturistatranquil.com\/wp-content\/uploads\/F17-Barruera.-La-Vall-de-Boi.jpg 768w, https:\/\/www.elturistatranquil.com\/wp-content\/uploads\/F17-Barruera.-La-Vall-de-Boi-339x226.jpg 339w\" sizes=\"(max-width: 768px) 100vw, 768px\" \/>\t\t\t\t\t\t\t\t\t\t\t<figcaption class=\"widget-image-caption wp-caption-text\">L\u2019absis se Sant Feliu de Barruera de f\u00e0brica de ma\u00e7oneria<\/figcaption>\n\t\t\t\t\t\t\t\t\t\t<\/figure>\n\t\t\t\t\t\t\t\t\t<\/div>\n\t\t\t\t<\/div>\n\t\t\t\t<div class=\"elementor-element elementor-element-f82d3cc elementor-widget elementor-widget-heading\" data-id=\"f82d3cc\" data-element_type=\"widget\" data-e-type=\"widget\" data-widget_type=\"heading.default\">\n\t\t\t\t<div class=\"elementor-widget-container\">\n\t\t\t\t\t<h5 class=\"elementor-heading-title elementor-size-default\">La fa\u00e7ana i la portada<\/h5>\t\t\t\t<\/div>\n\t\t\t\t<\/div>\n\t\t\t\t<div class=\"elementor-element elementor-element-b7b7e99 elementor-widget elementor-widget-text-editor\" data-id=\"b7b7e99\" data-element_type=\"widget\" data-e-type=\"widget\" data-widget_type=\"text-editor.default\">\n\t\t\t\t<div class=\"elementor-widget-container\">\n\t\t\t\t\t\t\t\t\t<p>La portada de les esgl\u00e9sies est\u00e0 ubicada als peus del temple o al mur lateral, gaireb\u00e9 sempre al costat de l&#8217;ep\u00edstola i orientada cap al migdia. Aquesta portada s&#8217;obre en un mur llis de carreu\u00f3 i est\u00e0 rematada amb un arc de mig punt, sense cap motiu escult\u00f2ric o decoratiu.<\/p>\t\t\t\t\t\t\t\t<\/div>\n\t\t\t\t<\/div>\n\t\t\t\t<div class=\"elementor-element elementor-element-8f9e28b elementor-widget elementor-widget-image\" data-id=\"8f9e28b\" data-element_type=\"widget\" data-e-type=\"widget\" data-widget_type=\"image.default\">\n\t\t\t\t<div class=\"elementor-widget-container\">\n\t\t\t\t\t\t\t\t\t\t\t\t<figure class=\"wp-caption\">\n\t\t\t\t\t\t\t\t\t\t<img loading=\"lazy\" decoding=\"async\" width=\"768\" height=\"512\" src=\"https:\/\/www.elturistatranquil.com\/wp-content\/uploads\/F18-Sant-Climent-de-Taull.-La-Vall-de-Boi.jpg\" class=\"attachment-large size-large wp-image-46972\" alt=\"Sant Climent de Taull. La Vall de Boi\" srcset=\"https:\/\/www.elturistatranquil.com\/wp-content\/uploads\/F18-Sant-Climent-de-Taull.-La-Vall-de-Boi.jpg 768w, https:\/\/www.elturistatranquil.com\/wp-content\/uploads\/F18-Sant-Climent-de-Taull.-La-Vall-de-Boi-339x226.jpg 339w\" sizes=\"(max-width: 768px) 100vw, 768px\" \/>\t\t\t\t\t\t\t\t\t\t\t<figcaption class=\"widget-image-caption wp-caption-text\">Fa\u00e7ana de Sant Climent de Ta\u00fcll<\/figcaption>\n\t\t\t\t\t\t\t\t\t\t<\/figure>\n\t\t\t\t\t\t\t\t\t<\/div>\n\t\t\t\t<\/div>\n\t\t\t\t<div class=\"elementor-element elementor-element-04ea010 elementor-widget elementor-widget-text-editor\" data-id=\"04ea010\" data-element_type=\"widget\" data-e-type=\"widget\" data-widget_type=\"text-editor.default\">\n\t\t\t\t<div class=\"elementor-widget-container\">\n\t\t\t\t\t\t\t\t\t<p>Nom\u00e9s l\u2019esgl\u00e9sia de l\u2019Assumpci\u00f3 de Coll, que havia estat un antic monestir, presenta una portada m\u00e9s elaborada i amb capitells.<\/p>\t\t\t\t\t\t\t\t<\/div>\n\t\t\t\t<\/div>\n\t\t\t\t<div class=\"elementor-element elementor-element-8f20a55 elementor-widget elementor-widget-image\" data-id=\"8f20a55\" data-element_type=\"widget\" data-e-type=\"widget\" data-widget_type=\"image.default\">\n\t\t\t\t<div class=\"elementor-widget-container\">\n\t\t\t\t\t\t\t\t\t\t\t\t<figure class=\"wp-caption\">\n\t\t\t\t\t\t\t\t\t\t<img loading=\"lazy\" decoding=\"async\" width=\"768\" height=\"511\" src=\"https:\/\/www.elturistatranquil.com\/wp-content\/uploads\/F19-Assumpcio-de-Coll.-La-Vall-de-Boi.jpg\" class=\"attachment-large size-large wp-image-46974\" alt=\"Assumpcio de Coll. La Vall de Boi\" srcset=\"https:\/\/www.elturistatranquil.com\/wp-content\/uploads\/F19-Assumpcio-de-Coll.-La-Vall-de-Boi.jpg 768w, https:\/\/www.elturistatranquil.com\/wp-content\/uploads\/F19-Assumpcio-de-Coll.-La-Vall-de-Boi-339x226.jpg 339w\" sizes=\"(max-width: 768px) 100vw, 768px\" \/>\t\t\t\t\t\t\t\t\t\t\t<figcaption class=\"widget-image-caption wp-caption-text\">Fa\u00e7ana i portada de l\u2019Assumpci\u00f3 de Coll<\/figcaption>\n\t\t\t\t\t\t\t\t\t\t<\/figure>\n\t\t\t\t\t\t\t\t\t<\/div>\n\t\t\t\t<\/div>\n\t\t\t\t<div class=\"elementor-element elementor-element-7a5dc15 elementor-widget elementor-widget-heading\" data-id=\"7a5dc15\" data-element_type=\"widget\" data-e-type=\"widget\" data-widget_type=\"heading.default\">\n\t\t\t\t<div class=\"elementor-widget-container\">\n\t\t\t\t\t<h5 class=\"elementor-heading-title elementor-size-default\">Porxos<\/h5>\t\t\t\t<\/div>\n\t\t\t\t<\/div>\n\t\t\t\t<div class=\"elementor-element elementor-element-f1c8c8f elementor-widget elementor-widget-text-editor\" data-id=\"f1c8c8f\" data-element_type=\"widget\" data-e-type=\"widget\" data-widget_type=\"text-editor.default\">\n\t\t\t\t<div class=\"elementor-widget-container\">\n\t\t\t\t\t\t\t\t\t<p>En dos casos, Nativitat de Durro i Santa Eulalia d\u2019Erill-la-Vall, s\u2019hi va incorporar un porxo lateral que servia com a protecci\u00f3 de l&#8217;entrada principal.<\/p>\t\t\t\t\t\t\t\t<\/div>\n\t\t\t\t<\/div>\n\t\t\t\t<div class=\"elementor-element elementor-element-7ad413a elementor-widget elementor-widget-image\" data-id=\"7ad413a\" data-element_type=\"widget\" data-e-type=\"widget\" data-widget_type=\"image.default\">\n\t\t\t\t<div class=\"elementor-widget-container\">\n\t\t\t\t\t\t\t\t\t\t\t\t<figure class=\"wp-caption\">\n\t\t\t\t\t\t\t\t\t\t<img loading=\"lazy\" decoding=\"async\" width=\"768\" height=\"511\" src=\"https:\/\/www.elturistatranquil.com\/wp-content\/uploads\/F20-Santa-Eulalia-dErill-la-Vall.-La-Vall-de-Boi.jpg\" class=\"attachment-large size-large wp-image-46976\" alt=\"Santa Eulalia d&#039;Erill la Vall. La Vall de Boi\" srcset=\"https:\/\/www.elturistatranquil.com\/wp-content\/uploads\/F20-Santa-Eulalia-dErill-la-Vall.-La-Vall-de-Boi.jpg 768w, https:\/\/www.elturistatranquil.com\/wp-content\/uploads\/F20-Santa-Eulalia-dErill-la-Vall.-La-Vall-de-Boi-339x226.jpg 339w\" sizes=\"(max-width: 768px) 100vw, 768px\" \/>\t\t\t\t\t\t\t\t\t\t\t<figcaption class=\"widget-image-caption wp-caption-text\">Porxo d\u2019entrada a Santa Eulalia d\u2019Erill-la-Vall, en aquest cas orientat a nord<\/figcaption>\n\t\t\t\t\t\t\t\t\t\t<\/figure>\n\t\t\t\t\t\t\t\t\t<\/div>\n\t\t\t\t<\/div>\n\t\t\t\t<div class=\"elementor-element elementor-element-059ee80 elementor-widget elementor-widget-heading\" data-id=\"059ee80\" data-element_type=\"widget\" data-e-type=\"widget\" data-widget_type=\"heading.default\">\n\t\t\t\t<div class=\"elementor-widget-container\">\n\t\t\t\t\t<h5 class=\"elementor-heading-title elementor-size-default\">Absis<\/h5>\t\t\t\t<\/div>\n\t\t\t\t<\/div>\n\t\t\t\t<div class=\"elementor-element elementor-element-7740136 elementor-widget elementor-widget-text-editor\" data-id=\"7740136\" data-element_type=\"widget\" data-e-type=\"widget\" data-widget_type=\"text-editor.default\">\n\t\t\t\t<div class=\"elementor-widget-container\">\n\t\t\t\t\t\t\t\t\t<p>Totes les esgl\u00e9sies de la Vall de Bo\u00ed presenten una cap\u00e7alera amb absis a la nau central i absidioles a les cap\u00e7aleres laterals en els casos de <a href=\"https:\/\/www.elturistatranquil.com\/ca\/esglesies-monestirs-i-ordres-religioses-a-ledat-mitjana\/#b1525\" target=\"_blank\" rel=\"noopener\">plantes basilicals<\/a>. \u00c9s en aquests absis on es manifesta clarament l&#8217;estil llombard amb la pres\u00e8ncia d&#8217;arquets cecs. A l&#8217;exterior dels absis, els arquets es troben situats a la part superior, sota la teulada, i recorren tot el per\u00edmetre de l&#8217;absis. A vegades, aquests arquets poden estar acompanyats de lesenes o pilars rectangulars poc sobresortints, adossats al mur a manera de\u00a0 refor\u00e7 i alhora donar un toc decoratiu a l&#8217;estructura.<\/p>\t\t\t\t\t\t\t\t<\/div>\n\t\t\t\t<\/div>\n\t\t\t\t<div class=\"elementor-element elementor-element-9e202aa elementor-widget elementor-widget-image\" data-id=\"9e202aa\" data-element_type=\"widget\" data-e-type=\"widget\" data-widget_type=\"image.default\">\n\t\t\t\t<div class=\"elementor-widget-container\">\n\t\t\t\t\t\t\t\t\t\t\t\t<figure class=\"wp-caption\">\n\t\t\t\t\t\t\t\t\t\t<img loading=\"lazy\" decoding=\"async\" width=\"768\" height=\"511\" src=\"https:\/\/www.elturistatranquil.com\/wp-content\/uploads\/F21-Sant-Climent-de-Taull.-La-Vall-de-Boi.jpg\" class=\"attachment-large size-large wp-image-46981\" alt=\"Sant Climent de Taull. La Vall de Boi\" srcset=\"https:\/\/www.elturistatranquil.com\/wp-content\/uploads\/F21-Sant-Climent-de-Taull.-La-Vall-de-Boi.jpg 768w, https:\/\/www.elturistatranquil.com\/wp-content\/uploads\/F21-Sant-Climent-de-Taull.-La-Vall-de-Boi-339x226.jpg 339w\" sizes=\"(max-width: 768px) 100vw, 768px\" \/>\t\t\t\t\t\t\t\t\t\t\t<figcaption class=\"widget-image-caption wp-caption-text\">Absis llombard de Sant Climent de Ta\u00fcll<\/figcaption>\n\t\t\t\t\t\t\t\t\t\t<\/figure>\n\t\t\t\t\t\t\t\t\t<\/div>\n\t\t\t\t<\/div>\n\t\t\t\t<div class=\"elementor-element elementor-element-16d6c0c elementor-widget elementor-widget-heading\" data-id=\"16d6c0c\" data-element_type=\"widget\" data-e-type=\"widget\" data-widget_type=\"heading.default\">\n\t\t\t\t<div class=\"elementor-widget-container\">\n\t\t\t\t\t<h5 class=\"elementor-heading-title elementor-size-default\">Coberta i cimbori<\/h5>\t\t\t\t<\/div>\n\t\t\t\t<\/div>\n\t\t\t\t<div class=\"elementor-element elementor-element-35364cda elementor-widget elementor-widget-text-editor\" data-id=\"35364cda\" data-element_type=\"widget\" data-e-type=\"widget\" data-widget_type=\"text-editor.default\">\n\t\t\t\t<div class=\"elementor-widget-container\">\n\t\t\t\t\t\t\t\t\t<p>Tots els temples tenen la coberta a dues aig\u00fces amb recobriment de pissarra, excepte a l&#8217;Assumpci\u00f3 de Coll, que \u00e9s l&#8217;\u00fanic amb una coberta de teula corba. \u00c9s important destacar que, tot i que en algunes fotografies antigues es poden veure cimboris, aquests no formaven part de l&#8217;estructura original de les esgl\u00e9sies i han estat eliminats durant les actuals rehabilitacions per retornar-les al seu aspecte original. Aix\u00f2 s&#8217;ha fet amb l&#8217;objectiu de preservar i restaurar les caracter\u00edstiques aut\u00e8ntiques i l&#8217;estil rom\u00e0nic de les esgl\u00e9sies de la Vall de Bo\u00ed.<\/p>\t\t\t\t\t\t\t\t<\/div>\n\t\t\t\t<\/div>\n\t\t\t\t<div class=\"elementor-element elementor-element-a623558 elementor-widget elementor-widget-image\" data-id=\"a623558\" data-element_type=\"widget\" data-e-type=\"widget\" data-widget_type=\"image.default\">\n\t\t\t\t<div class=\"elementor-widget-container\">\n\t\t\t\t\t\t\t\t\t\t\t\t<figure class=\"wp-caption\">\n\t\t\t\t\t\t\t\t\t\t<img loading=\"lazy\" decoding=\"async\" width=\"768\" height=\"512\" src=\"https:\/\/www.elturistatranquil.com\/wp-content\/uploads\/F22-Santa-Maria-Taull.-La-Vall-de-Boi-1907.jpg\" class=\"attachment-large size-large wp-image-46983\" alt=\"Santa Maria Taull. La Vall de Boi 1907\" srcset=\"https:\/\/www.elturistatranquil.com\/wp-content\/uploads\/F22-Santa-Maria-Taull.-La-Vall-de-Boi-1907.jpg 768w, https:\/\/www.elturistatranquil.com\/wp-content\/uploads\/F22-Santa-Maria-Taull.-La-Vall-de-Boi-1907-339x226.jpg 339w\" sizes=\"(max-width: 768px) 100vw, 768px\" \/>\t\t\t\t\t\t\t\t\t\t\t<figcaption class=\"widget-image-caption wp-caption-text\">Santa Maria de Ta\u00fcll amb un cimbori no rom\u00e0nic que en la rehabilitaci\u00f3 ha estat eliminat (Foto: Fundaci\u00f3 Institut Ametller d\u2019Art Hisp\u00e0nic. Arxiu Mas)<\/figcaption>\n\t\t\t\t\t\t\t\t\t\t<\/figure>\n\t\t\t\t\t\t\t\t\t<\/div>\n\t\t\t\t<\/div>\n\t\t\t\t<div class=\"elementor-element elementor-element-bd546c8 elementor-widget elementor-widget-image\" data-id=\"bd546c8\" data-element_type=\"widget\" data-e-type=\"widget\" data-widget_type=\"image.default\">\n\t\t\t\t<div class=\"elementor-widget-container\">\n\t\t\t\t\t\t\t\t\t\t\t\t<figure class=\"wp-caption\">\n\t\t\t\t\t\t\t\t\t\t<img loading=\"lazy\" decoding=\"async\" width=\"768\" height=\"512\" src=\"https:\/\/www.elturistatranquil.com\/wp-content\/uploads\/F23-Santa-Maria-Taull.-La-Vall-de-Boi.jpg\" class=\"attachment-large size-large wp-image-46985\" alt=\"Santa Maria Taull. La Vall de Boi\" srcset=\"https:\/\/www.elturistatranquil.com\/wp-content\/uploads\/F23-Santa-Maria-Taull.-La-Vall-de-Boi.jpg 768w, https:\/\/www.elturistatranquil.com\/wp-content\/uploads\/F23-Santa-Maria-Taull.-La-Vall-de-Boi-339x226.jpg 339w\" sizes=\"(max-width: 768px) 100vw, 768px\" \/>\t\t\t\t\t\t\t\t\t\t\t<figcaption class=\"widget-image-caption wp-caption-text\">Santa Maria de Ta\u00fcll<\/figcaption>\n\t\t\t\t\t\t\t\t\t\t<\/figure>\n\t\t\t\t\t\t\t\t\t<\/div>\n\t\t\t\t<\/div>\n\t\t\t\t<div class=\"elementor-element elementor-element-d236fa2 elementor-widget elementor-widget-heading\" data-id=\"d236fa2\" data-element_type=\"widget\" data-e-type=\"widget\" data-widget_type=\"heading.default\">\n\t\t\t\t<div class=\"elementor-widget-container\">\n\t\t\t\t\t<h5 class=\"elementor-heading-title elementor-size-default\">Torre campanar<\/h5>\t\t\t\t<\/div>\n\t\t\t\t<\/div>\n\t\t\t\t<div class=\"elementor-element elementor-element-6f1b98c elementor-widget elementor-widget-text-editor\" data-id=\"6f1b98c\" data-element_type=\"widget\" data-e-type=\"widget\" data-widget_type=\"text-editor.default\">\n\t\t\t\t<div class=\"elementor-widget-container\">\n\t\t\t\t\t\t\t\t\t<p>Un dels elements que atorga m\u00e9s personalitat a les esgl\u00e9sies de la Vall de Bo\u00ed s\u00f3n els esvelts campanars, generalment adossats als murs per la part exterior de l&#8217;esgl\u00e9sia.<\/p><p>S\u00f3n torres quadrades i poden tenir fins a set nivells, mostrant una est\u00e8tica molt similar entre ells. La majoria de les esgl\u00e9sies tenen campanar, mentre que Santa Maria de Cardet i les dues ermites dedicades a Sant Quirc presenten espadanya.<\/p><p>No obstant aix\u00f2, s\u00f3n els campanars de les esgl\u00e9sies de Ta\u00fcll i d&#8217;Erill-la-Vall els que destaquen per la seva esveltesa i s\u00f3n molt apreciats per la seva caracter\u00edstica singular. Amb els seus fins a set nivells, aquests campanars s\u00f3n considerats aut\u00e8ntiques joies de l&#8217;arquitectura rom\u00e0nica.<\/p>\t\t\t\t\t\t\t\t<\/div>\n\t\t\t\t<\/div>\n\t\t\t\t<div class=\"elementor-element elementor-element-5c39e8f elementor-widget elementor-widget-image\" data-id=\"5c39e8f\" data-element_type=\"widget\" data-e-type=\"widget\" data-widget_type=\"image.default\">\n\t\t\t\t<div class=\"elementor-widget-container\">\n\t\t\t\t\t\t\t\t\t\t\t\t<figure class=\"wp-caption\">\n\t\t\t\t\t\t\t\t\t\t<img loading=\"lazy\" decoding=\"async\" width=\"768\" height=\"512\" src=\"https:\/\/www.elturistatranquil.com\/wp-content\/uploads\/F24-Assumpcio-de-Coll.-La-Vall-de-Boi.jpg\" class=\"attachment-large size-large wp-image-46987\" alt=\"Assumpcio de Coll. La Vall de Boi\" srcset=\"https:\/\/www.elturistatranquil.com\/wp-content\/uploads\/F24-Assumpcio-de-Coll.-La-Vall-de-Boi.jpg 768w, https:\/\/www.elturistatranquil.com\/wp-content\/uploads\/F24-Assumpcio-de-Coll.-La-Vall-de-Boi-339x226.jpg 339w\" sizes=\"(max-width: 768px) 100vw, 768px\" \/>\t\t\t\t\t\t\t\t\t\t\t<figcaption class=\"widget-image-caption wp-caption-text\">Espada\u00f1a de Santa Maria de Cardet<\/figcaption>\n\t\t\t\t\t\t\t\t\t\t<\/figure>\n\t\t\t\t\t\t\t\t\t<\/div>\n\t\t\t\t<\/div>\n\t\t\t\t<div class=\"elementor-element elementor-element-993e9b2 elementor-widget elementor-widget-text-editor\" data-id=\"993e9b2\" data-element_type=\"widget\" data-e-type=\"widget\" data-widget_type=\"text-editor.default\">\n\t\t\t\t<div class=\"elementor-widget-container\">\n\t\t\t\t\t\t\t\t\t<p>Cada nivell del campanar est\u00e0 definit per una imposta que marca la seva separaci\u00f3. Els campanars alberguen les campanes a l&#8217;\u00faltim nivell de la seva estructura. La part superior de la torre est\u00e0 rematada per una coberta piramidal de quatre aig\u00fces, igualment constru\u00efda amb pissarra, com la resta de la coberta. En algunes torres, \u00e9s perceptible que el nivell superior \u00e9s d&#8217;una construcci\u00f3 posterior a la resta de la torre.<\/p><p>Resulta interessant observar com les necessitats t\u00e8cniques constructives han contribu\u00eft a donar forma est\u00e8tica al resultat final, generant una gran bellesa. Els nivells de la base, que han de suportar el pes total de la torre, s\u00f3n constru\u00efts de manera massissa i s\u00f2lida. A mesura que s&#8217;avan\u00e7a en els nivells superiors, es requereix menys refor\u00e7 per suportar el pes progressivament m\u00e9s lleuger d&#8217;aquests nivells. Aix\u00f2 s&#8217;aconsegueix reduint al m\u00e0xim el pes de cada nivell sobre els inferiors. Per aquest motiu, es mantenen sense obertures a nivell de la base, es disposa d&#8217;una sola obertura al primer nivell, i es tendeix a augmentar la grand\u00e0ria de les finestres als nivells superiors. Aix\u00f2 es pot apreciar en les finestres geminades o fins i tot en finestres de tres arcs, creant una disposici\u00f3 semblant a un triangle invertit de les obertures en cada costat de la torre. Aquesta disposici\u00f3 aporta una sensaci\u00f3 de lleugeresa i esveltesa admirable a les torres.<\/p>\t\t\t\t\t\t\t\t<\/div>\n\t\t\t\t<\/div>\n\t\t\t\t<section class=\"elementor-section elementor-inner-section elementor-element elementor-element-ae98ba0 elementor-section-boxed elementor-section-height-default elementor-section-height-default\" data-id=\"ae98ba0\" data-element_type=\"section\" data-e-type=\"section\">\n\t\t\t\t\t\t<div class=\"elementor-container elementor-column-gap-default\">\n\t\t\t\t\t<div class=\"elementor-column elementor-col-50 elementor-inner-column elementor-element elementor-element-7b28606\" data-id=\"7b28606\" data-element_type=\"column\" data-e-type=\"column\">\n\t\t\t<div class=\"elementor-widget-wrap elementor-element-populated\">\n\t\t\t\t\t\t<div class=\"elementor-element elementor-element-10d1ad5 elementor-widget elementor-widget-image\" data-id=\"10d1ad5\" data-element_type=\"widget\" data-e-type=\"widget\" data-widget_type=\"image.default\">\n\t\t\t\t<div class=\"elementor-widget-container\">\n\t\t\t\t\t\t\t\t\t\t\t\t<figure class=\"wp-caption\">\n\t\t\t\t\t\t\t\t\t\t<img loading=\"lazy\" decoding=\"async\" width=\"380\" height=\"569\" src=\"https:\/\/www.elturistatranquil.com\/wp-content\/uploads\/F25m-Nativitat-de-Durro.-La-Vall-de-Boi-1907.jpg\" class=\"attachment-large size-large wp-image-46992\" alt=\"Nativitat de Durro. La Vall de Boi 1907\" srcset=\"https:\/\/www.elturistatranquil.com\/wp-content\/uploads\/F25m-Nativitat-de-Durro.-La-Vall-de-Boi-1907.jpg 380w, https:\/\/www.elturistatranquil.com\/wp-content\/uploads\/F25m-Nativitat-de-Durro.-La-Vall-de-Boi-1907-151x226.jpg 151w\" sizes=\"(max-width: 380px) 100vw, 380px\" \/>\t\t\t\t\t\t\t\t\t\t\t<figcaption class=\"widget-image-caption wp-caption-text\">Comparaci\u00f3 de l\u2019estat de la torre de la Nativitat de Durro al 1907 i a l\u2019actualitat (Foto: A. Mas, 1907)<\/figcaption>\n\t\t\t\t\t\t\t\t\t\t<\/figure>\n\t\t\t\t\t\t\t\t\t<\/div>\n\t\t\t\t<\/div>\n\t\t\t\t\t<\/div>\n\t\t<\/div>\n\t\t\t\t<div class=\"elementor-column elementor-col-50 elementor-inner-column elementor-element elementor-element-abb38b7\" data-id=\"abb38b7\" data-element_type=\"column\" data-e-type=\"column\">\n\t\t\t<div class=\"elementor-widget-wrap elementor-element-populated\">\n\t\t\t\t\t\t<div class=\"elementor-element elementor-element-83daaa6 elementor-widget elementor-widget-image\" data-id=\"83daaa6\" data-element_type=\"widget\" data-e-type=\"widget\" data-widget_type=\"image.default\">\n\t\t\t\t<div class=\"elementor-widget-container\">\n\t\t\t\t\t\t\t\t\t\t\t\t<figure class=\"wp-caption\">\n\t\t\t\t\t\t\t\t\t\t<img loading=\"lazy\" decoding=\"async\" width=\"380\" height=\"571\" src=\"https:\/\/www.elturistatranquil.com\/wp-content\/uploads\/F25n-Nativitat-de-Durro.-La-Vall-de-Boi.jpg\" class=\"attachment-large size-large wp-image-46994\" alt=\"Nativitat de Durro. La Vall de Boi\" srcset=\"https:\/\/www.elturistatranquil.com\/wp-content\/uploads\/F25n-Nativitat-de-Durro.-La-Vall-de-Boi.jpg 380w, https:\/\/www.elturistatranquil.com\/wp-content\/uploads\/F25n-Nativitat-de-Durro.-La-Vall-de-Boi-150x226.jpg 150w\" sizes=\"(max-width: 380px) 100vw, 380px\" \/>\t\t\t\t\t\t\t\t\t\t\t<figcaption class=\"widget-image-caption wp-caption-text\"><\/figcaption>\n\t\t\t\t\t\t\t\t\t\t<\/figure>\n\t\t\t\t\t\t\t\t\t<\/div>\n\t\t\t\t<\/div>\n\t\t\t\t\t<\/div>\n\t\t<\/div>\n\t\t\t\t\t<\/div>\n\t\t<\/section>\n\t\t\t\t<div class=\"elementor-element elementor-element-eded37f elementor-widget elementor-widget-text-editor\" data-id=\"eded37f\" data-element_type=\"widget\" data-e-type=\"widget\" data-widget_type=\"text-editor.default\">\n\t\t\t\t<div class=\"elementor-widget-container\">\n\t\t\t\t\t\t\t\t\t<p>\u00a0<\/p><p>Pr\u00e0cticament totes les torres del conjunt tenen una comunicaci\u00f3 visual amb una altra torre. L&#8217;\u00fanica excepci\u00f3 \u00e9s la torre de l&#8217;esgl\u00e9sia de l&#8217;Assumpci\u00f3 de C\u00f3ll, que queda a\u00efllada i no t\u00e9 un punt de contacte visual directe amb cap altra torre del conjunt. Aquesta caracter\u00edstica de comunicaci\u00f3 visual entre les torres \u00e9s notable i contribueix a la singularitat i la cohesi\u00f3 dels pobles de la vall.<\/p>\t\t\t\t\t\t\t\t<\/div>\n\t\t\t\t<\/div>\n\t\t\t\t<div class=\"elementor-element elementor-element-3cc96ac elementor-widget elementor-widget-image\" data-id=\"3cc96ac\" data-element_type=\"widget\" data-e-type=\"widget\" data-widget_type=\"image.default\">\n\t\t\t\t<div class=\"elementor-widget-container\">\n\t\t\t\t\t\t\t\t\t\t\t\t<figure class=\"wp-caption\">\n\t\t\t\t\t\t\t\t\t\t<img loading=\"lazy\" decoding=\"async\" width=\"768\" height=\"511\" src=\"https:\/\/www.elturistatranquil.com\/wp-content\/uploads\/F26-La-Vall-de-Boi.jpg\" class=\"attachment-large size-large wp-image-46996\" alt=\"La Vall de Boi\" srcset=\"https:\/\/www.elturistatranquil.com\/wp-content\/uploads\/F26-La-Vall-de-Boi.jpg 768w, https:\/\/www.elturistatranquil.com\/wp-content\/uploads\/F26-La-Vall-de-Boi-339x226.jpg 339w\" sizes=\"(max-width: 768px) 100vw, 768px\" \/>\t\t\t\t\t\t\t\t\t\t\t<figcaption class=\"widget-image-caption wp-caption-text\">Erill-la-Vall des de la torre de Sant Joan de Bo\u00ed<\/figcaption>\n\t\t\t\t\t\t\t\t\t\t<\/figure>\n\t\t\t\t\t\t\t\t\t<\/div>\n\t\t\t\t<\/div>\n\t\t\t\t<div class=\"elementor-element elementor-element-00f5960 elementor-widget elementor-widget-heading\" data-id=\"00f5960\" data-element_type=\"widget\" data-e-type=\"widget\" data-widget_type=\"heading.default\">\n\t\t\t\t<div class=\"elementor-widget-container\">\n\t\t\t\t\t<h3 class=\"elementor-heading-title elementor-size-default\">L\u2019interior dels temples<\/h3>\t\t\t\t<\/div>\n\t\t\t\t<\/div>\n\t\t\t\t<div class=\"elementor-element elementor-element-7829588 elementor-widget elementor-widget-text-editor\" data-id=\"7829588\" data-element_type=\"widget\" data-e-type=\"widget\" data-widget_type=\"text-editor.default\">\n\t\t\t\t<div class=\"elementor-widget-container\">\n\t\t\t\t\t\t\t\t\t<p>La caracter\u00edstica fonamental d&#8217;aquestes esgl\u00e9sies rurals \u00e9s la seva construcci\u00f3 interior senzilla. No obstant aix\u00f2, el que els atorga major personalitat s\u00f3n les pintures murals que es troben a les esgl\u00e9sies m\u00e9s importants.<\/p>\t\t\t\t\t\t\t\t<\/div>\n\t\t\t\t<\/div>\n\t\t\t\t<div class=\"elementor-element elementor-element-e52ab40 elementor-widget elementor-widget-heading\" data-id=\"e52ab40\" data-element_type=\"widget\" data-e-type=\"widget\" data-widget_type=\"heading.default\">\n\t\t\t\t<div class=\"elementor-widget-container\">\n\t\t\t\t\t<h5 class=\"elementor-heading-title elementor-size-default\">Planta<\/h5>\t\t\t\t<\/div>\n\t\t\t\t<\/div>\n\t\t\t\t<div class=\"elementor-element elementor-element-b51d4a5 elementor-widget elementor-widget-text-editor\" data-id=\"b51d4a5\" data-element_type=\"widget\" data-e-type=\"widget\" data-widget_type=\"text-editor.default\">\n\t\t\t\t<div class=\"elementor-widget-container\">\n\t\t\t\t\t\t\t\t\t<p>Pel que fa a la planta dels temples, la forma dominant \u00e9s la d&#8217;una sola nau amb un absis semicircular a la cap\u00e7alera. No obstant aix\u00f2, tres esgl\u00e9sies, Sant Climent i Santa Maria de Ta\u00fcll i Sant Joan de Boi, presenten una planta basilical de tres naus amb absidioles a les naus laterals.<\/p><p>Al dibuix estan representades les plantes de tots el temples del conjunt de Bo\u00ed.<\/p>\t\t\t\t\t\t\t\t<\/div>\n\t\t\t\t<\/div>\n\t\t\t\t<div class=\"elementor-element elementor-element-ed92e3e elementor-widget elementor-widget-image\" data-id=\"ed92e3e\" data-element_type=\"widget\" data-e-type=\"widget\" data-widget_type=\"image.default\">\n\t\t\t\t<div class=\"elementor-widget-container\">\n\t\t\t\t\t\t\t\t\t\t\t\t<figure class=\"wp-caption\">\n\t\t\t\t\t\t\t\t\t\t<img loading=\"lazy\" decoding=\"async\" width=\"768\" height=\"512\" src=\"https:\/\/www.elturistatranquil.com\/wp-content\/uploads\/F27-Conjunt-de-les-plantes-de-les-esglesies-romaniques-de-La-Vall-de-Boi.jpg\" class=\"attachment-large size-large wp-image-46998\" alt=\"Conjunt de les plantes de les esglesies romaniques de La Vall de Boi\" srcset=\"https:\/\/www.elturistatranquil.com\/wp-content\/uploads\/F27-Conjunt-de-les-plantes-de-les-esglesies-romaniques-de-La-Vall-de-Boi.jpg 768w, https:\/\/www.elturistatranquil.com\/wp-content\/uploads\/F27-Conjunt-de-les-plantes-de-les-esglesies-romaniques-de-La-Vall-de-Boi-339x226.jpg 339w\" sizes=\"(max-width: 768px) 100vw, 768px\" \/>\t\t\t\t\t\t\t\t\t\t\t<figcaption class=\"widget-image-caption wp-caption-text\">Plantes de les esgl\u00e9sies i ermites de la Vall de Bo\u00ed: 1. Sant Climent de Ta\u00fcll; 2. Santa Maria de Ta\u00fcll; 3. Ermites de Sant Quirc de Ta\u00fcll i Sant Quirc de Durro; 4. Sant Joan de Bo\u00ed; 5. Santa Eulalia d\u2019Erill-la-Vall; 6. Sant Feliu de Barruera; 7 Nativitat de Durro; 8. Santa Maria de Cardet i 9. Assumpci\u00f3 de Coll<\/figcaption>\n\t\t\t\t\t\t\t\t\t\t<\/figure>\n\t\t\t\t\t\t\t\t\t<\/div>\n\t\t\t\t<\/div>\n\t\t\t\t<div class=\"elementor-element elementor-element-20395bd elementor-widget elementor-widget-text-editor\" data-id=\"20395bd\" data-element_type=\"widget\" data-e-type=\"widget\" data-widget_type=\"text-editor.default\">\n\t\t\t\t<div class=\"elementor-widget-container\">\n\t\t\t\t\t\t\t\t\t<p>Les de planta basilical s\u00f3n de quatre trams, i les naus estan separades per pilars o columnes que suporten arcs formers.<\/p>\t\t\t\t\t\t\t\t<\/div>\n\t\t\t\t<\/div>\n\t\t\t\t<div class=\"elementor-element elementor-element-f36a3bd elementor-widget elementor-widget-image\" data-id=\"f36a3bd\" data-element_type=\"widget\" data-e-type=\"widget\" data-widget_type=\"image.default\">\n\t\t\t\t<div class=\"elementor-widget-container\">\n\t\t\t\t\t\t\t\t\t\t\t\t<figure class=\"wp-caption\">\n\t\t\t\t\t\t\t\t\t\t<img loading=\"lazy\" decoding=\"async\" width=\"439\" height=\"590\" src=\"https:\/\/www.elturistatranquil.com\/wp-content\/uploads\/F28-Sant-Climent-de-Taull.-La-Vall-de-Boi-1904.jpg\" class=\"attachment-large size-large wp-image-47003\" alt=\"Sant Climent de Taull. La Vall de Boi 1904\" srcset=\"https:\/\/www.elturistatranquil.com\/wp-content\/uploads\/F28-Sant-Climent-de-Taull.-La-Vall-de-Boi-1904.jpg 439w, https:\/\/www.elturistatranquil.com\/wp-content\/uploads\/F28-Sant-Climent-de-Taull.-La-Vall-de-Boi-1904-168x226.jpg 168w\" sizes=\"(max-width: 439px) 100vw, 439px\" \/>\t\t\t\t\t\t\t\t\t\t\t<figcaption class=\"widget-image-caption wp-caption-text\">Interior de Sant Climent de Ta\u00fcll (Foto: L. Dom\u00e8nech i Montaner. 1904)<\/figcaption>\n\t\t\t\t\t\t\t\t\t\t<\/figure>\n\t\t\t\t\t\t\t\t\t<\/div>\n\t\t\t\t<\/div>\n\t\t\t\t<div class=\"elementor-element elementor-element-f243658 elementor-widget elementor-widget-image\" data-id=\"f243658\" data-element_type=\"widget\" data-e-type=\"widget\" data-widget_type=\"image.default\">\n\t\t\t\t<div class=\"elementor-widget-container\">\n\t\t\t\t\t\t\t\t\t\t\t\t<figure class=\"wp-caption\">\n\t\t\t\t\t\t\t\t\t\t<img loading=\"lazy\" decoding=\"async\" width=\"768\" height=\"512\" src=\"https:\/\/www.elturistatranquil.com\/wp-content\/uploads\/F29-Sant-Climent-de-Taull.-La-Vall-de-Boi.jpg\" class=\"attachment-large size-large wp-image-47005\" alt=\"Sant Climent de Taull. La Vall de Boi\" srcset=\"https:\/\/www.elturistatranquil.com\/wp-content\/uploads\/F29-Sant-Climent-de-Taull.-La-Vall-de-Boi.jpg 768w, https:\/\/www.elturistatranquil.com\/wp-content\/uploads\/F29-Sant-Climent-de-Taull.-La-Vall-de-Boi-339x226.jpg 339w\" sizes=\"(max-width: 768px) 100vw, 768px\" \/>\t\t\t\t\t\t\t\t\t\t\t<figcaption class=\"widget-image-caption wp-caption-text\">Comparar l\u2019estat de Sant Climent de Ta\u00fcll a l\u2019actualitat amb la foto anterior de 1904. Sobre l\u2019absis i el presbiteri un moment de la projecci\u00f3 que anomenen <a href=\"https:\/\/pantocrator.cat\/\" target=\"_blank\" rel=\"noopener\">mapping<\/a><\/figcaption>\n\t\t\t\t\t\t\t\t\t\t<\/figure>\n\t\t\t\t\t\t\t\t\t<\/div>\n\t\t\t\t<\/div>\n\t\t\t\t<div class=\"elementor-element elementor-element-472d425 elementor-widget elementor-widget-text-editor\" data-id=\"472d425\" data-element_type=\"widget\" data-e-type=\"widget\" data-widget_type=\"text-editor.default\">\n\t\t\t\t<div class=\"elementor-widget-container\">\n\t\t\t\t\t\t\t\t\t<p>Amb els anys, la planta dels temples van anar evolucionant i ampliant-se. A continuaci\u00f3, \u00e9s mostra l\u2019evoluci\u00f3 de l\u2019esgl\u00e9sia de Santa Eulalia d\u2019Erill-la-Vall en quatre fases entre els segles Xi i XIII.<\/p>\t\t\t\t\t\t\t\t<\/div>\n\t\t\t\t<\/div>\n\t\t\t\t<section class=\"elementor-section elementor-inner-section elementor-element elementor-element-d98903a elementor-section-boxed elementor-section-height-default elementor-section-height-default\" data-id=\"d98903a\" data-element_type=\"section\" data-e-type=\"section\">\n\t\t\t\t\t\t<div class=\"elementor-container elementor-column-gap-default\">\n\t\t\t\t\t<div class=\"elementor-column elementor-col-50 elementor-inner-column elementor-element elementor-element-6028c6f\" data-id=\"6028c6f\" data-element_type=\"column\" data-e-type=\"column\">\n\t\t\t<div class=\"elementor-widget-wrap elementor-element-populated\">\n\t\t\t\t\t\t<div class=\"elementor-element elementor-element-c65fdc7 elementor-widget elementor-widget-image\" data-id=\"c65fdc7\" data-element_type=\"widget\" data-e-type=\"widget\" data-widget_type=\"image.default\">\n\t\t\t\t<div class=\"elementor-widget-container\">\n\t\t\t\t\t\t\t\t\t\t\t\t<figure class=\"wp-caption\">\n\t\t\t\t\t\t\t\t\t\t<img loading=\"lazy\" decoding=\"async\" width=\"380\" height=\"380\" src=\"https:\/\/www.elturistatranquil.com\/wp-content\/uploads\/F30m-Santa-Eulalia-dErill-la-Vall.-La-Vall-de-Boi.jpg\" class=\"attachment-large size-large wp-image-47007\" alt=\"Santa Eulalia d&#039;Erill la Vall. La Vall de Boi\" srcset=\"https:\/\/www.elturistatranquil.com\/wp-content\/uploads\/F30m-Santa-Eulalia-dErill-la-Vall.-La-Vall-de-Boi.jpg 380w, https:\/\/www.elturistatranquil.com\/wp-content\/uploads\/F30m-Santa-Eulalia-dErill-la-Vall.-La-Vall-de-Boi-226x226.jpg 226w\" sizes=\"(max-width: 380px) 100vw, 380px\" \/>\t\t\t\t\t\t\t\t\t\t\t<figcaption class=\"widget-image-caption wp-caption-text\">Evoluci\u00f3 de Santa Eulalia d\u2019Erill-la-Vall entre els segles XI i XIII<\/figcaption>\n\t\t\t\t\t\t\t\t\t\t<\/figure>\n\t\t\t\t\t\t\t\t\t<\/div>\n\t\t\t\t<\/div>\n\t\t\t\t\t<\/div>\n\t\t<\/div>\n\t\t\t\t<div class=\"elementor-column elementor-col-50 elementor-inner-column elementor-element elementor-element-8449bee\" data-id=\"8449bee\" data-element_type=\"column\" data-e-type=\"column\">\n\t\t\t<div class=\"elementor-widget-wrap elementor-element-populated\">\n\t\t\t\t\t\t<div class=\"elementor-element elementor-element-cabd0bf elementor-widget elementor-widget-image\" data-id=\"cabd0bf\" data-element_type=\"widget\" data-e-type=\"widget\" data-widget_type=\"image.default\">\n\t\t\t\t<div class=\"elementor-widget-container\">\n\t\t\t\t\t\t\t\t\t\t\t\t<figure class=\"wp-caption\">\n\t\t\t\t\t\t\t\t\t\t<img loading=\"lazy\" decoding=\"async\" width=\"379\" height=\"380\" src=\"https:\/\/www.elturistatranquil.com\/wp-content\/uploads\/F30n-Santa-Eulalia-dErill-la-Vall.-La-Vall-de-Boi.jpg\" class=\"attachment-large size-large wp-image-47009\" alt=\"Santa Eulalia d&#039;Erill la Vall. La Vall de Boi\" srcset=\"https:\/\/www.elturistatranquil.com\/wp-content\/uploads\/F30n-Santa-Eulalia-dErill-la-Vall.-La-Vall-de-Boi.jpg 379w, https:\/\/www.elturistatranquil.com\/wp-content\/uploads\/F30n-Santa-Eulalia-dErill-la-Vall.-La-Vall-de-Boi-225x226.jpg 225w\" sizes=\"(max-width: 379px) 100vw, 379px\" \/>\t\t\t\t\t\t\t\t\t\t\t<figcaption class=\"widget-image-caption wp-caption-text\"><\/figcaption>\n\t\t\t\t\t\t\t\t\t\t<\/figure>\n\t\t\t\t\t\t\t\t\t<\/div>\n\t\t\t\t<\/div>\n\t\t\t\t\t<\/div>\n\t\t<\/div>\n\t\t\t\t\t<\/div>\n\t\t<\/section>\n\t\t\t\t<div class=\"elementor-element elementor-element-67b388a elementor-widget elementor-widget-heading\" data-id=\"67b388a\" data-element_type=\"widget\" data-e-type=\"widget\" data-widget_type=\"heading.default\">\n\t\t\t\t<div class=\"elementor-widget-container\">\n\t\t\t\t\t<h5 class=\"elementor-heading-title elementor-size-default\">Sostre\/volta<\/h5>\t\t\t\t<\/div>\n\t\t\t\t<\/div>\n\t\t\t\t<div class=\"elementor-element elementor-element-e402871 elementor-widget elementor-widget-text-editor\" data-id=\"e402871\" data-element_type=\"widget\" data-e-type=\"widget\" data-widget_type=\"text-editor.default\">\n\t\t\t\t<div class=\"elementor-widget-container\">\n\t\t\t\t\t\t\t\t\t<p>En origen els sostres eren de fusta, sota la teulada de dues aig\u00fces.<\/p>\t\t\t\t\t\t\t\t<\/div>\n\t\t\t\t<\/div>\n\t\t\t\t<div class=\"elementor-element elementor-element-2d9d37d elementor-widget elementor-widget-image\" data-id=\"2d9d37d\" data-element_type=\"widget\" data-e-type=\"widget\" data-widget_type=\"image.default\">\n\t\t\t\t<div class=\"elementor-widget-container\">\n\t\t\t\t\t\t\t\t\t\t\t\t<figure class=\"wp-caption\">\n\t\t\t\t\t\t\t\t\t\t<img loading=\"lazy\" decoding=\"async\" width=\"768\" height=\"511\" src=\"https:\/\/www.elturistatranquil.com\/wp-content\/uploads\/F31-Santa-Eulalia-dErill-la-Vall.-La-Vall-de-Boi.jpg\" class=\"attachment-large size-large wp-image-47011\" alt=\"Santa Eulalia d&#039;Erill la Vall. La Vall de Boi\" srcset=\"https:\/\/www.elturistatranquil.com\/wp-content\/uploads\/F31-Santa-Eulalia-dErill-la-Vall.-La-Vall-de-Boi.jpg 768w, https:\/\/www.elturistatranquil.com\/wp-content\/uploads\/F31-Santa-Eulalia-dErill-la-Vall.-La-Vall-de-Boi-339x226.jpg 339w\" sizes=\"(max-width: 768px) 100vw, 768px\" \/>\t\t\t\t\t\t\t\t\t\t\t<figcaption class=\"widget-image-caption wp-caption-text\">Santa Eulalia d\u2019Erill-la-Vall<\/figcaption>\n\t\t\t\t\t\t\t\t\t\t<\/figure>\n\t\t\t\t\t\t\t\t\t<\/div>\n\t\t\t\t<\/div>\n\t\t\t\t<div class=\"elementor-element elementor-element-9743a6f elementor-widget elementor-widget-text-editor\" data-id=\"9743a6f\" data-element_type=\"widget\" data-e-type=\"widget\" data-widget_type=\"text-editor.default\">\n\t\t\t\t<div class=\"elementor-widget-container\">\n\t\t\t\t\t\t\t\t\t<p>Posteriorment, a les esgl\u00e9sies de l&#8217;Assumpci\u00f3 de Durro i de Sant Feliu de Barruera, es va incorporar una volta de can\u00f3 de pedra amb arcs torals.<\/p>\t\t\t\t\t\t\t\t<\/div>\n\t\t\t\t<\/div>\n\t\t\t\t<div class=\"elementor-element elementor-element-07aa1e3 elementor-widget elementor-widget-image\" data-id=\"07aa1e3\" data-element_type=\"widget\" data-e-type=\"widget\" data-widget_type=\"image.default\">\n\t\t\t\t<div class=\"elementor-widget-container\">\n\t\t\t\t\t\t\t\t\t\t\t\t<figure class=\"wp-caption\">\n\t\t\t\t\t\t\t\t\t\t<img loading=\"lazy\" decoding=\"async\" width=\"768\" height=\"512\" src=\"https:\/\/www.elturistatranquil.com\/wp-content\/uploads\/F32-Nativitat-de-Durro.-La-Vall-de-Boi.jpg\" class=\"attachment-large size-large wp-image-47013\" alt=\"Nativitat de Durro. La Vall de Boi\" srcset=\"https:\/\/www.elturistatranquil.com\/wp-content\/uploads\/F32-Nativitat-de-Durro.-La-Vall-de-Boi.jpg 768w, https:\/\/www.elturistatranquil.com\/wp-content\/uploads\/F32-Nativitat-de-Durro.-La-Vall-de-Boi-339x226.jpg 339w\" sizes=\"(max-width: 768px) 100vw, 768px\" \/>\t\t\t\t\t\t\t\t\t\t\t<figcaption class=\"widget-image-caption wp-caption-text\">A la Nativitat de Durro es va substituir el sostre de fusta per una volta de can\u00f3 de pedra<\/figcaption>\n\t\t\t\t\t\t\t\t\t\t<\/figure>\n\t\t\t\t\t\t\t\t\t<\/div>\n\t\t\t\t<\/div>\n\t\t\t\t<div class=\"elementor-element elementor-element-ab62aa7 elementor-widget elementor-widget-heading\" data-id=\"ab62aa7\" data-element_type=\"widget\" data-e-type=\"widget\" data-widget_type=\"heading.default\">\n\t\t\t\t<div class=\"elementor-widget-container\">\n\t\t\t\t\t<h5 class=\"elementor-heading-title elementor-size-default\">Pintura i escultura estructural: frescos, capitells, portades<\/h5>\t\t\t\t<\/div>\n\t\t\t\t<\/div>\n\t\t\t\t<div class=\"elementor-element elementor-element-aab3acc elementor-widget elementor-widget-text-editor\" data-id=\"aab3acc\" data-element_type=\"widget\" data-e-type=\"widget\" data-widget_type=\"text-editor.default\">\n\t\t\t\t<div class=\"elementor-widget-container\">\n\t\t\t\t\t\t\t\t\t<p>El que atorga un valor i una personalitat especial a aquestes esgl\u00e9sies \u00e9s la pres\u00e8ncia de pintures murals que omplien tot l&#8217;interior del temple, i a vegades tamb\u00e9 part de l&#8217;exterior al voltant de la portada.<\/p><p>Cal tenir en compte que la major part de la pintura rom\u00e0nica que es conserva a Catalunya procedeix de petites esgl\u00e9sies rurals com les de la Vall de Bo\u00ed. Aquesta circumst\u00e0ncia, que no es dona en altres arts, contribueix a la possible originalitat i personalitat de la pintura rom\u00e0nica catalana en relaci\u00f3 amb molts altres conjunts europeus i la pintura bizantina que l&#8217;inspira. L&#8217;estil de la pintura rom\u00e0nica catalana pot considerar-se com a aut\u00f2cton, encara que segueixi les corrents italo-bizantines, i sembla que va ser realitzat per uns pocs tallers, probablement aut\u00f2ctons, com els mestres de Bo\u00ed i de Ta\u00fcll.<\/p><p>Els pintors de la Vall de Bo\u00ed estaven al corrent de les tend\u00e8ncies art\u00edstiques de l&#8217;\u00e8poca, on imperava un estil influ\u00eft per les corrents procedents de Bizanci, que eren molt difoses en aquell moment per la Mediterr\u00e0nia occidental i tenien una gran influ\u00e8ncia.<\/p><p>La decoraci\u00f3 pict\u00f2rica de les esgl\u00e9sies es concentra principalment a l&#8217;interior, tot i que en pocs casos tamb\u00e9 es troba a l&#8217;exterior, com \u00e9s el cas de Sant Joan de Bo\u00ed.<\/p>\t\t\t\t\t\t\t\t<\/div>\n\t\t\t\t<\/div>\n\t\t\t\t<div class=\"elementor-element elementor-element-04e6929 elementor-widget elementor-widget-image\" data-id=\"04e6929\" data-element_type=\"widget\" data-e-type=\"widget\" data-widget_type=\"image.default\">\n\t\t\t\t<div class=\"elementor-widget-container\">\n\t\t\t\t\t\t\t\t\t\t\t\t<figure class=\"wp-caption\">\n\t\t\t\t\t\t\t\t\t\t<img loading=\"lazy\" decoding=\"async\" width=\"768\" height=\"512\" src=\"https:\/\/www.elturistatranquil.com\/wp-content\/uploads\/F33a-Sant-Joan-de-Boi.-Vall-de-Boi-1907.jpg\" class=\"attachment-large size-large wp-image-47015\" alt=\"Sant Joan de Boi. Vall de Boi 1907\" srcset=\"https:\/\/www.elturistatranquil.com\/wp-content\/uploads\/F33a-Sant-Joan-de-Boi.-Vall-de-Boi-1907.jpg 768w, https:\/\/www.elturistatranquil.com\/wp-content\/uploads\/F33a-Sant-Joan-de-Boi.-Vall-de-Boi-1907-339x226.jpg 339w\" sizes=\"(max-width: 768px) 100vw, 768px\" \/>\t\t\t\t\t\t\t\t\t\t\t<figcaption class=\"widget-image-caption wp-caption-text\">Estat de les pintures exteriors de Sant Joan de Bo\u00ed a l\u2019any 1907 (Foto: A. Mas, 1907)<\/figcaption>\n\t\t\t\t\t\t\t\t\t\t<\/figure>\n\t\t\t\t\t\t\t\t\t<\/div>\n\t\t\t\t<\/div>\n\t\t\t\t<div class=\"elementor-element elementor-element-329fd55 elementor-widget elementor-widget-image\" data-id=\"329fd55\" data-element_type=\"widget\" data-e-type=\"widget\" data-widget_type=\"image.default\">\n\t\t\t\t<div class=\"elementor-widget-container\">\n\t\t\t\t\t\t\t\t\t\t\t\t<figure class=\"wp-caption\">\n\t\t\t\t\t\t\t\t\t\t<img loading=\"lazy\" decoding=\"async\" width=\"768\" height=\"511\" src=\"https:\/\/www.elturistatranquil.com\/wp-content\/uploads\/F33b-Sant-Joan-de-Boi.-Vall-de-Boi.jpg\" class=\"attachment-large size-large wp-image-47020\" alt=\"Sant Joan de Boi. Vall de Boi\" srcset=\"https:\/\/www.elturistatranquil.com\/wp-content\/uploads\/F33b-Sant-Joan-de-Boi.-Vall-de-Boi.jpg 768w, https:\/\/www.elturistatranquil.com\/wp-content\/uploads\/F33b-Sant-Joan-de-Boi.-Vall-de-Boi-339x226.jpg 339w\" sizes=\"(max-width: 768px) 100vw, 768px\" \/>\t\t\t\t\t\t\t\t\t\t\t<figcaption class=\"widget-image-caption wp-caption-text\">Les pintures exteriors de Sant Joan de Bo\u00ed reprodu\u00efdes (Originals al MNAC)<\/figcaption>\n\t\t\t\t\t\t\t\t\t\t<\/figure>\n\t\t\t\t\t\t\t\t\t<\/div>\n\t\t\t\t<\/div>\n\t\t\t\t<div class=\"elementor-element elementor-element-e28c2fb elementor-widget elementor-widget-text-editor\" data-id=\"e28c2fb\" data-element_type=\"widget\" data-e-type=\"widget\" data-widget_type=\"text-editor.default\">\n\t\t\t\t<div class=\"elementor-widget-container\">\n\t\t\t\t\t\t\t\t\t<p>La zona principal de l&#8217;interior de l&#8217;esgl\u00e9sia \u00e9s l&#8217;absis de la cap\u00e7alera, i l&#8217;estructura de les representacions pict\u00f2riques \u00e9s sempre la mateixa. El quart de cercle de la volta de l&#8217;absis est\u00e0 ocupat per una m\u00e0ndorla o &#8220;ametlla m\u00edstica&#8221; amb la figura de Crist Majestat (<em>Maiestas Domini<\/em>) o de la Verge Maria. Crist est\u00e0 flanquejat pels tetramorfs, que s\u00f3n els s\u00edmbols dels quatre evangelistes. A la conca absidal tamb\u00e9 es representen figures d&#8217;\u00e0ngels i arc\u00e0ngels, disposades sim\u00e8tricament respecte al centre. En el cas de la m\u00e0ndorla amb la Verge Maria, aquesta est\u00e0 envoltada pels Reis d&#8217;Orient, com es pot veure a Santa Maria de Ta\u00fcll a partir de la fotografia.<\/p><p>A sota de la volta, a la part superior del tambor de l&#8217;absis, normalment s&#8217;hi situen les figures de la Verge i els ap\u00f2stols, o b\u00e9 profetes i, de vegades, sants. El registre inferior sol estar ocupat per elements ornamentals de tipus geom\u00e8tric i vegetal, i sovint es representa tamb\u00e9 cortines figurades en aquesta zona de l&#8217;absis.<\/p>\t\t\t\t\t\t\t\t<\/div>\n\t\t\t\t<\/div>\n\t\t\t\t<div class=\"elementor-element elementor-element-28f4ea5 elementor-widget elementor-widget-image\" data-id=\"28f4ea5\" data-element_type=\"widget\" data-e-type=\"widget\" data-widget_type=\"image.default\">\n\t\t\t\t<div class=\"elementor-widget-container\">\n\t\t\t\t\t\t\t\t\t\t\t\t<figure class=\"wp-caption\">\n\t\t\t\t\t\t\t\t\t\t<img loading=\"lazy\" decoding=\"async\" width=\"393\" height=\"590\" src=\"https:\/\/www.elturistatranquil.com\/wp-content\/uploads\/F34-Santa-Maria-Taull.-La-Vall-de-Boii-MNAC.jpg\" class=\"attachment-large size-large wp-image-47022\" alt=\"Santa Maria Taull. La Vall de Boii MNAC\" srcset=\"https:\/\/www.elturistatranquil.com\/wp-content\/uploads\/F34-Santa-Maria-Taull.-La-Vall-de-Boii-MNAC.jpg 393w, https:\/\/www.elturistatranquil.com\/wp-content\/uploads\/F34-Santa-Maria-Taull.-La-Vall-de-Boii-MNAC-151x226.jpg 151w\" sizes=\"(max-width: 393px) 100vw, 393px\" \/>\t\t\t\t\t\t\t\t\t\t\t<figcaption class=\"widget-image-caption wp-caption-text\">Santa Maria de Ta\u00fcll (MNAC)<\/figcaption>\n\t\t\t\t\t\t\t\t\t\t<\/figure>\n\t\t\t\t\t\t\t\t\t<\/div>\n\t\t\t\t<\/div>\n\t\t\t\t<div class=\"elementor-element elementor-element-ad034b8 elementor-widget elementor-widget-text-editor\" data-id=\"ad034b8\" data-element_type=\"widget\" data-e-type=\"widget\" data-widget_type=\"text-editor.default\">\n\t\t\t\t<div class=\"elementor-widget-container\">\n\t\t\t\t\t\t\t\t\t<p>Les altres dues zones de decoraci\u00f3 de l&#8217;absis, paral\u00b7leles a la volta, es troben al presbiteri. A m\u00e9s, trobem decoraci\u00f3 pict\u00f2rica als murs laterals i als murs de divisi\u00f3 de les naus. Les diferents escenes es distribueixen en registres separats per motius ornamentals, i el registre inferior est\u00e0 totalment decorat amb ornamentaci\u00f3. A m\u00e9s de temes religiosos, apareixen elements no religiosos com escenes procedents del calendari i de bestiaris.<\/p>\t\t\t\t\t\t\t\t<\/div>\n\t\t\t\t<\/div>\n\t\t\t\t<div class=\"elementor-element elementor-element-3dfa93a elementor-widget elementor-widget-image\" data-id=\"3dfa93a\" data-element_type=\"widget\" data-e-type=\"widget\" data-widget_type=\"image.default\">\n\t\t\t\t<div class=\"elementor-widget-container\">\n\t\t\t\t\t\t\t\t\t\t\t\t<figure class=\"wp-caption\">\n\t\t\t\t\t\t\t\t\t\t<img loading=\"lazy\" decoding=\"async\" width=\"768\" height=\"512\" src=\"https:\/\/www.elturistatranquil.com\/wp-content\/uploads\/F35-Sant-Joan-de-Boi.-Vall-de-Boi.jpg\" class=\"attachment-large size-large wp-image-47024\" alt=\"Sant Joan de Boi. Vall de Boi\" srcset=\"https:\/\/www.elturistatranquil.com\/wp-content\/uploads\/F35-Sant-Joan-de-Boi.-Vall-de-Boi.jpg 768w, https:\/\/www.elturistatranquil.com\/wp-content\/uploads\/F35-Sant-Joan-de-Boi.-Vall-de-Boi-339x226.jpg 339w\" sizes=\"(max-width: 768px) 100vw, 768px\" \/>\t\t\t\t\t\t\t\t\t\t\t<figcaption class=\"widget-image-caption wp-caption-text\">Sant Joan de Boi. Reproducci\u00f3 de les pintures que es troben a l\u2019esgl\u00e9sia<\/figcaption>\n\t\t\t\t\t\t\t\t\t\t<\/figure>\n\t\t\t\t\t\t\t\t\t<\/div>\n\t\t\t\t<\/div>\n\t\t\t\t<div class=\"elementor-element elementor-element-a064bbd elementor-widget elementor-widget-text-editor\" data-id=\"a064bbd\" data-element_type=\"widget\" data-e-type=\"widget\" data-widget_type=\"text-editor.default\">\n\t\t\t\t<div class=\"elementor-widget-container\">\n\t\t\t\t\t\t\t\t\t<p>El resultat d&#8217;aquesta decoraci\u00f3 mural que ocupa totes les parets de l&#8217;esgl\u00e9sia fa pensar que, per a un habitant d&#8217;aquella \u00e8poca, entrar al temple seria com entrar en un escenari on els decorats de l&#8217;obra t\u2019envolten pels quatre costats, amb l&#8217;efecte emocional que aportava la brillantor i el simbolisme de les seves imatges, refor\u00e7at per les pr\u00e8diques dels capellans durant els oficis religiosos.<\/p><p>Com ja s&#8217;ha assenyalat, una part important de la pintura mural rom\u00e0nica catalana va ser rescatada a principis del segle XX i traslladada al Museu d&#8217;Art de Barcelona. En les dues fotografies seg\u00fcents, podem veure la reproducci\u00f3 que se n&#8217;ha fet a l&#8217;esgl\u00e9sia de Santa Maria de Ta\u00fcll i l&#8217;original tal com es conserva al MNAC a Barcelona.<\/p><p>A trav\u00e9s d&#8217;aquestes imatges, podem visualitzar l&#8217;efecte de la pintura sobre totes les parets del temple. A la primera fotografia, veiem l&#8217;esgl\u00e9sia de Santa Maria de Ta\u00fcll amb les pintures reprodu\u00efdes sobre els murs.<\/p>\t\t\t\t\t\t\t\t<\/div>\n\t\t\t\t<\/div>\n\t\t\t\t<div class=\"elementor-element elementor-element-b41d313 elementor-widget elementor-widget-image\" data-id=\"b41d313\" data-element_type=\"widget\" data-e-type=\"widget\" data-widget_type=\"image.default\">\n\t\t\t\t<div class=\"elementor-widget-container\">\n\t\t\t\t\t\t\t\t\t\t\t\t<figure class=\"wp-caption\">\n\t\t\t\t\t\t\t\t\t\t<img loading=\"lazy\" decoding=\"async\" width=\"768\" height=\"512\" src=\"https:\/\/www.elturistatranquil.com\/wp-content\/uploads\/F36-Santa-Maria-Taull.-La-Vall-de-Boi.jpg\" class=\"attachment-large size-large wp-image-47026\" alt=\"Santa Maria Taull. La Vall de Boi\" srcset=\"https:\/\/www.elturistatranquil.com\/wp-content\/uploads\/F36-Santa-Maria-Taull.-La-Vall-de-Boi.jpg 768w, https:\/\/www.elturistatranquil.com\/wp-content\/uploads\/F36-Santa-Maria-Taull.-La-Vall-de-Boi-339x226.jpg 339w\" sizes=\"(max-width: 768px) 100vw, 768px\" \/>\t\t\t\t\t\t\t\t\t\t\t<figcaption class=\"widget-image-caption wp-caption-text\">Pintures reprodu\u00efdes a un mur lateral de Santa Maria de Ta\u00fcll<\/figcaption>\n\t\t\t\t\t\t\t\t\t\t<\/figure>\n\t\t\t\t\t\t\t\t\t<\/div>\n\t\t\t\t<\/div>\n\t\t\t\t<div class=\"elementor-element elementor-element-501e379 elementor-widget elementor-widget-text-editor\" data-id=\"501e379\" data-element_type=\"widget\" data-e-type=\"widget\" data-widget_type=\"text-editor.default\">\n\t\t\t\t<div class=\"elementor-widget-container\">\n\t\t\t\t\t\t\t\t\t<p>Els originals de les pintures esmentades es poden admirar al MNAC, on estan muntades sobre una r\u00e8plica que recrea la forma del temple de Ta\u00fcll. Aquesta recreaci\u00f3 permet als visitants apreciar i estudiar les pintures en un context semblant al de l&#8217;esgl\u00e9sia original, proporcionant una experi\u00e8ncia m\u00e9s completa i immersiva. Aix\u00ed, es pot gaudir de la grandesa i la bellesa de les pintures rom\u00e0niques en tot el seu esplendor. \u00c9s una oportunitat \u00fanica per contemplar aquesta obra d&#8217;art singular i comprendre la seva import\u00e0ncia en el context de la hist\u00f2ria de l&#8217;art.<\/p>\t\t\t\t\t\t\t\t<\/div>\n\t\t\t\t<\/div>\n\t\t\t\t<div class=\"elementor-element elementor-element-d05d745 elementor-widget elementor-widget-image\" data-id=\"d05d745\" data-element_type=\"widget\" data-e-type=\"widget\" data-widget_type=\"image.default\">\n\t\t\t\t<div class=\"elementor-widget-container\">\n\t\t\t\t\t\t\t\t\t\t\t\t<figure class=\"wp-caption\">\n\t\t\t\t\t\t\t\t\t\t<img loading=\"lazy\" decoding=\"async\" width=\"768\" height=\"433\" src=\"https:\/\/www.elturistatranquil.com\/wp-content\/uploads\/F37-Santa-Maria-Taull.-La-Vall-de-Boi-MNAC.jpg\" class=\"attachment-large size-large wp-image-47028\" alt=\"Santa Maria Taull. La Vall de Boi MNAC\" srcset=\"https:\/\/www.elturistatranquil.com\/wp-content\/uploads\/F37-Santa-Maria-Taull.-La-Vall-de-Boi-MNAC.jpg 768w, https:\/\/www.elturistatranquil.com\/wp-content\/uploads\/F37-Santa-Maria-Taull.-La-Vall-de-Boi-MNAC-339x191.jpg 339w\" sizes=\"(max-width: 768px) 100vw, 768px\" \/>\t\t\t\t\t\t\t\t\t\t\t<figcaption class=\"widget-image-caption wp-caption-text\">Muntatge de les pintures originals de Santa Maria de Ta\u00fcll al MNAC<\/figcaption>\n\t\t\t\t\t\t\t\t\t\t<\/figure>\n\t\t\t\t\t\t\t\t\t<\/div>\n\t\t\t\t<\/div>\n\t\t\t\t<div class=\"elementor-element elementor-element-c84eff2 elementor-widget elementor-widget-text-editor\" data-id=\"c84eff2\" data-element_type=\"widget\" data-e-type=\"widget\" data-widget_type=\"text-editor.default\">\n\t\t\t\t<div class=\"elementor-widget-container\">\n\t\t\t\t\t\t\t\t\t<p>A l&#8217;arribar a l&#8217;Edat Moderna despr\u00e9s del Concili de Trento (1545-1563) i la Contrareforma, l&#8217;Esgl\u00e9sia Cat\u00f2lica imposar\u00e0 noves normes en els plantejaments dels continguts religiosos, apel\u00b7lant especialment als sentiments i al sentimentalisme, que ser\u00e0 desenvolupat est\u00e8ticament pel barroc i envair\u00e0 totes les esgl\u00e9sies. En aquest context, el realisme de les imatges que es va comen\u00e7ar a introduir durant el g\u00f2tic i, sobretot, durant el barroc, despla\u00e7a dels temples el simbolisme rom\u00e0nic, que ja no serveix com a expressi\u00f3 del sentiment religi\u00f3s.<\/p><p>Amb poques excepcions, com la Nativitat de Durro, on es va esquarterar l&#8217;absis per aconseguir una forma recta, els retaules renaixentistes i barrocs es van superposar a les pintures rom\u00e0niques, cobrint-les total o parcialment. Aquest fet potser va ser la salvaci\u00f3 d&#8217;aquest llegat art\u00edstic.<\/p><p>A la imatge de 1907 es pot veure clarament com el retaule &#8220;amaga i salva&#8221; les pintures de l&#8217;absis de Sant Climent de Ta\u00fcll, demostrant com les noves corrents art\u00edstiques havien influ\u00eft en la manera de valorar i presentar les obres d&#8217;art religioses.<\/p>\t\t\t\t\t\t\t\t<\/div>\n\t\t\t\t<\/div>\n\t\t\t\t<div class=\"elementor-element elementor-element-5ec1a3e elementor-widget elementor-widget-image\" data-id=\"5ec1a3e\" data-element_type=\"widget\" data-e-type=\"widget\" data-widget_type=\"image.default\">\n\t\t\t\t<div class=\"elementor-widget-container\">\n\t\t\t\t\t\t\t\t\t\t\t\t<figure class=\"wp-caption\">\n\t\t\t\t\t\t\t\t\t\t<img loading=\"lazy\" decoding=\"async\" width=\"694\" height=\"590\" src=\"https:\/\/www.elturistatranquil.com\/wp-content\/uploads\/F38-Sant-Climent-de-Taull.-La-Vall-de-Boi-1904.jpg\" class=\"attachment-large size-large wp-image-47033\" alt=\"Sant Climent de Taull. La Vall de Boi 1904\" srcset=\"https:\/\/www.elturistatranquil.com\/wp-content\/uploads\/F38-Sant-Climent-de-Taull.-La-Vall-de-Boi-1904.jpg 694w, https:\/\/www.elturistatranquil.com\/wp-content\/uploads\/F38-Sant-Climent-de-Taull.-La-Vall-de-Boi-1904-266x226.jpg 266w\" sizes=\"(max-width: 694px) 100vw, 694px\" \/>\t\t\t\t\t\t\t\t\t\t\t<figcaption class=\"widget-image-caption wp-caption-text\">Sant Climent de Ta\u00fcll al 1907 (Ampliaci\u00f3 d\u2019una foto de L. Dom\u00e8nech i Montaner. 1904)<\/figcaption>\n\t\t\t\t\t\t\t\t\t\t<\/figure>\n\t\t\t\t\t\t\t\t\t<\/div>\n\t\t\t\t<\/div>\n\t\t\t\t<div class=\"elementor-element elementor-element-75e5345 elementor-widget elementor-widget-text-editor\" data-id=\"75e5345\" data-element_type=\"widget\" data-e-type=\"widget\" data-widget_type=\"text-editor.default\">\n\t\t\t\t<div class=\"elementor-widget-container\">\n\t\t\t\t\t\t\t\t\t<p>Alguns d\u2019aquets retaules renaixentistes i barrocs es poden admirar situats als laterals d&#8217;algunes esgl\u00e9sies, o fins i tot en la seva ubicaci\u00f3 original, com \u00e9s el cas de la Nativitat de Durro, on l&#8217;absis va ser reformat per a acomodar aquest nou retaule.<\/p>\t\t\t\t\t\t\t\t<\/div>\n\t\t\t\t<\/div>\n\t\t\t\t<div class=\"elementor-element elementor-element-dd80347 elementor-widget elementor-widget-image\" data-id=\"dd80347\" data-element_type=\"widget\" data-e-type=\"widget\" data-widget_type=\"image.default\">\n\t\t\t\t<div class=\"elementor-widget-container\">\n\t\t\t\t\t\t\t\t\t\t\t\t<figure class=\"wp-caption\">\n\t\t\t\t\t\t\t\t\t\t<img loading=\"lazy\" decoding=\"async\" width=\"768\" height=\"512\" src=\"https:\/\/www.elturistatranquil.com\/wp-content\/uploads\/F39-Nativitat-de-Durro.-La-Vall-de-Boi.jpg\" class=\"attachment-large size-large wp-image-47035\" alt=\"Nativitat de Durro. La Vall de Boi\" srcset=\"https:\/\/www.elturistatranquil.com\/wp-content\/uploads\/F39-Nativitat-de-Durro.-La-Vall-de-Boi.jpg 768w, https:\/\/www.elturistatranquil.com\/wp-content\/uploads\/F39-Nativitat-de-Durro.-La-Vall-de-Boi-339x226.jpg 339w\" sizes=\"(max-width: 768px) 100vw, 768px\" \/>\t\t\t\t\t\t\t\t\t\t\t<figcaption class=\"widget-image-caption wp-caption-text\">La Nativitat de Durro. Al lateral de l\u2019evangeli si van acoblar dues capelles g\u00f2tiques<\/figcaption>\n\t\t\t\t\t\t\t\t\t\t<\/figure>\n\t\t\t\t\t\t\t\t\t<\/div>\n\t\t\t\t<\/div>\n\t\t\t\t<div class=\"elementor-element elementor-element-ae38121 elementor-widget elementor-widget-heading\" data-id=\"ae38121\" data-element_type=\"widget\" data-e-type=\"widget\" data-widget_type=\"heading.default\">\n\t\t\t\t<div class=\"elementor-widget-container\">\n\t\t\t\t\t<h5 class=\"elementor-heading-title elementor-size-default\">L\u2019Altar<\/h5>\t\t\t\t<\/div>\n\t\t\t\t<\/div>\n\t\t\t\t<div class=\"elementor-element elementor-element-4b99466 elementor-widget elementor-widget-text-editor\" data-id=\"4b99466\" data-element_type=\"widget\" data-e-type=\"widget\" data-widget_type=\"text-editor.default\">\n\t\t\t\t<div class=\"elementor-widget-container\">\n\t\t\t\t\t\t\t\t\t<p>Els oficis religiosos es celebraven amb el capell\u00e0 situat darrere de l&#8217;altar, cara als feligresos. D&#8217;aquesta manera, l&#8217;altar es convertia en el focus principal de l&#8217;atenci\u00f3.<\/p><p>S\u2019aprofitava la superf\u00edcie frontal de l&#8217;altar com a lloc adient per narrar o testimoniar principis religiosos als fidels. En aquests frontals o antipendis, aix\u00ed com en els laterals de l&#8217;altar, solien representar-se figures religioses seguint determinades normes. L&#8217;espai central del frontal era reservat per a la figura de Crist, la Verge Maria o un sant localment venerat. A banda d&#8217;aix\u00f2, sovint es dividia en dues parts per representar ap\u00f2stols, profetes, escenes de la vida de la Verge Maria o escenes de sants o m\u00e0rtirs locals.<\/p><p>Els frontals s\u00f3n obres que pertanyen a mitjans segle XIII, com el frontal de Santa Maria de Ta\u00fcll, que \u00e9s una talla realitzada sobre fusta. En les imatges es pot veure l&#8217;estat en qu\u00e8 es trobava el 1907 i la seva posterior restauraci\u00f3 (MNAC).<\/p>\t\t\t\t\t\t\t\t<\/div>\n\t\t\t\t<\/div>\n\t\t\t\t<section class=\"elementor-section elementor-inner-section elementor-element elementor-element-702be2a elementor-section-boxed elementor-section-height-default elementor-section-height-default\" data-id=\"702be2a\" data-element_type=\"section\" data-e-type=\"section\">\n\t\t\t\t\t\t<div class=\"elementor-container elementor-column-gap-default\">\n\t\t\t\t\t<div class=\"elementor-column elementor-col-50 elementor-inner-column elementor-element elementor-element-2f90481\" data-id=\"2f90481\" data-element_type=\"column\" data-e-type=\"column\">\n\t\t\t<div class=\"elementor-widget-wrap elementor-element-populated\">\n\t\t\t\t\t\t<div class=\"elementor-element elementor-element-c9910ca elementor-widget elementor-widget-image\" data-id=\"c9910ca\" data-element_type=\"widget\" data-e-type=\"widget\" data-widget_type=\"image.default\">\n\t\t\t\t<div class=\"elementor-widget-container\">\n\t\t\t\t\t\t\t\t\t\t\t\t\t\t\t<img loading=\"lazy\" decoding=\"async\" width=\"380\" height=\"271\" src=\"https:\/\/www.elturistatranquil.com\/wp-content\/uploads\/F40m-Santa-Maria-Taull.-La-Vall-de-Boi-1907.jpg\" class=\"attachment-large size-large wp-image-47037\" alt=\"Santa Maria Taull. La Vall de Boi 1907\" srcset=\"https:\/\/www.elturistatranquil.com\/wp-content\/uploads\/F40m-Santa-Maria-Taull.-La-Vall-de-Boi-1907.jpg 380w, https:\/\/www.elturistatranquil.com\/wp-content\/uploads\/F40m-Santa-Maria-Taull.-La-Vall-de-Boi-1907-317x226.jpg 317w\" sizes=\"(max-width: 380px) 100vw, 380px\" \/>\t\t\t\t\t\t\t\t\t\t\t\t\t\t\t<\/div>\n\t\t\t\t<\/div>\n\t\t\t\t\t<\/div>\n\t\t<\/div>\n\t\t\t\t<div class=\"elementor-column elementor-col-50 elementor-inner-column elementor-element elementor-element-ebb555b\" data-id=\"ebb555b\" data-element_type=\"column\" data-e-type=\"column\">\n\t\t\t<div class=\"elementor-widget-wrap elementor-element-populated\">\n\t\t\t\t\t\t<div class=\"elementor-element elementor-element-db85305 elementor-widget elementor-widget-image\" data-id=\"db85305\" data-element_type=\"widget\" data-e-type=\"widget\" data-widget_type=\"image.default\">\n\t\t\t\t<div class=\"elementor-widget-container\">\n\t\t\t\t\t\t\t\t\t\t\t\t\t\t\t<img loading=\"lazy\" decoding=\"async\" width=\"380\" height=\"271\" src=\"https:\/\/www.elturistatranquil.com\/wp-content\/uploads\/F40n-Santa-Maria-Taull.-La-Vall-de-Boi-MNAC.jpg\" class=\"attachment-large size-large wp-image-47039\" alt=\"Santa Maria Taull. La Vall de Boi MNAC\" srcset=\"https:\/\/www.elturistatranquil.com\/wp-content\/uploads\/F40n-Santa-Maria-Taull.-La-Vall-de-Boi-MNAC.jpg 380w, https:\/\/www.elturistatranquil.com\/wp-content\/uploads\/F40n-Santa-Maria-Taull.-La-Vall-de-Boi-MNAC-317x226.jpg 317w\" sizes=\"(max-width: 380px) 100vw, 380px\" \/>\t\t\t\t\t\t\t\t\t\t\t\t\t\t\t<\/div>\n\t\t\t\t<\/div>\n\t\t\t\t\t<\/div>\n\t\t<\/div>\n\t\t\t\t\t<\/div>\n\t\t<\/section>\n\t\t\t\t<div class=\"elementor-element elementor-element-53d4d45 elementor-widget elementor-widget-heading\" data-id=\"53d4d45\" data-element_type=\"widget\" data-e-type=\"widget\" data-widget_type=\"heading.default\">\n\t\t\t\t<div class=\"elementor-widget-container\">\n\t\t\t\t\t<h5 class=\"elementor-heading-title elementor-size-default\">Escultures exemptes<\/h5>\t\t\t\t<\/div>\n\t\t\t\t<\/div>\n\t\t\t\t<div class=\"elementor-element elementor-element-94b2ec7 elementor-widget elementor-widget-text-editor\" data-id=\"94b2ec7\" data-element_type=\"widget\" data-e-type=\"widget\" data-widget_type=\"text-editor.default\">\n\t\t\t\t<div class=\"elementor-widget-container\">\n\t\t\t\t\t\t\t\t\t<p>L\u2019escultura en pedra no forma part de l\u2019est\u00e8tica del rom\u00e0nic rural de la Vall de Bo\u00ed.<\/p><p>No obstant aix\u00f2, hi ha exemples d&#8217;escultura exempta en fusta que representa diversos moments religiosos. Aquests moments inclouen creus, imatges de Crist i de la Verge en posici\u00f3 sedent, aix\u00ed com representacions del davallament de la Creu.<\/p><p>A l&#8217;esgl\u00e9sia de Sant Climent de Ta\u00fcll, s&#8217;exhibeix una creu de fusta de la qual no se sap amb exactitud la seva proced\u00e8ncia.<\/p><p>Aquesta imatge de la Mare de D\u00e9u amb el Nen, que data dels segles XII-XIII, sembla que era venerada originalment a l&#8217;esgl\u00e9sia de Santa Maria de Ta\u00fcll. Actualment, aquesta imatge es troba exposada a l&#8217;esgl\u00e9sia de Sant Climent de Ta\u00fcll.<\/p>\t\t\t\t\t\t\t\t<\/div>\n\t\t\t\t<\/div>\n\t\t\t\t<section class=\"elementor-section elementor-inner-section elementor-element elementor-element-49b9fd9 elementor-section-boxed elementor-section-height-default elementor-section-height-default\" data-id=\"49b9fd9\" data-element_type=\"section\" data-e-type=\"section\">\n\t\t\t\t\t\t<div class=\"elementor-container elementor-column-gap-default\">\n\t\t\t\t\t<div class=\"elementor-column elementor-col-50 elementor-inner-column elementor-element elementor-element-913eeb2\" data-id=\"913eeb2\" data-element_type=\"column\" data-e-type=\"column\">\n\t\t\t<div class=\"elementor-widget-wrap elementor-element-populated\">\n\t\t\t\t\t\t<div class=\"elementor-element elementor-element-81a19eb elementor-widget elementor-widget-image\" data-id=\"81a19eb\" data-element_type=\"widget\" data-e-type=\"widget\" data-widget_type=\"image.default\">\n\t\t\t\t<div class=\"elementor-widget-container\">\n\t\t\t\t\t\t\t\t\t\t\t\t\t\t\t<img loading=\"lazy\" decoding=\"async\" width=\"380\" height=\"380\" src=\"https:\/\/www.elturistatranquil.com\/wp-content\/uploads\/F41-Sant-Climent-de-Taull.-La-Vall-de-Boi.jpg\" class=\"attachment-large size-large wp-image-47044\" alt=\"Sant Climent de Taull. La Vall de Boi\" srcset=\"https:\/\/www.elturistatranquil.com\/wp-content\/uploads\/F41-Sant-Climent-de-Taull.-La-Vall-de-Boi.jpg 380w, https:\/\/www.elturistatranquil.com\/wp-content\/uploads\/F41-Sant-Climent-de-Taull.-La-Vall-de-Boi-226x226.jpg 226w\" sizes=\"(max-width: 380px) 100vw, 380px\" \/>\t\t\t\t\t\t\t\t\t\t\t\t\t\t\t<\/div>\n\t\t\t\t<\/div>\n\t\t\t\t\t<\/div>\n\t\t<\/div>\n\t\t\t\t<div class=\"elementor-column elementor-col-50 elementor-inner-column elementor-element elementor-element-9c7cdd1\" data-id=\"9c7cdd1\" data-element_type=\"column\" data-e-type=\"column\">\n\t\t\t<div class=\"elementor-widget-wrap elementor-element-populated\">\n\t\t\t\t\t\t<div class=\"elementor-element elementor-element-7f88cac elementor-widget elementor-widget-image\" data-id=\"7f88cac\" data-element_type=\"widget\" data-e-type=\"widget\" data-widget_type=\"image.default\">\n\t\t\t\t<div class=\"elementor-widget-container\">\n\t\t\t\t\t\t\t\t\t\t\t\t\t\t\t<img loading=\"lazy\" decoding=\"async\" width=\"380\" height=\"380\" src=\"https:\/\/www.elturistatranquil.com\/wp-content\/uploads\/F42-Sant-Climent-de-Taull.-La-Vall-de-Boi.jpg\" class=\"attachment-large size-large wp-image-47046\" alt=\"Sant Climent de Taull. La Vall de Boi\" srcset=\"https:\/\/www.elturistatranquil.com\/wp-content\/uploads\/F42-Sant-Climent-de-Taull.-La-Vall-de-Boi.jpg 380w, https:\/\/www.elturistatranquil.com\/wp-content\/uploads\/F42-Sant-Climent-de-Taull.-La-Vall-de-Boi-226x226.jpg 226w\" sizes=\"(max-width: 380px) 100vw, 380px\" \/>\t\t\t\t\t\t\t\t\t\t\t\t\t\t\t<\/div>\n\t\t\t\t<\/div>\n\t\t\t\t\t<\/div>\n\t\t<\/div>\n\t\t\t\t\t<\/div>\n\t\t<\/section>\n\t\t\t\t<div class=\"elementor-element elementor-element-c95d679 elementor-widget elementor-widget-text-editor\" data-id=\"c95d679\" data-element_type=\"widget\" data-e-type=\"widget\" data-widget_type=\"text-editor.default\">\n\t\t\t\t<div class=\"elementor-widget-container\">\n\t\t\t\t\t\t\t\t\t<p>El Davallament de la Creu \u00e9s un tema com\u00fa a l&#8217;estil rom\u00e0nic, situats ja dins l&#8217;estil de tend\u00e8ncia realista. Aquest tema sol presentar les figures de Crist, la Verge Maria, Sant Joan, Josep d&#8217;Arimatea i Nicodemus, i en ocasions, tamb\u00e9 els dos lladres crucificats amb Crist. Aquestes representacions es distingeixen per la seva estilitzaci\u00f3 i tend\u00e8ncia cap a un estil realista, amb influ\u00e8ncies que en ocasions semblen provenir d&#8217;orient.<\/p><p>Un exemple d&#8217;aquest tema \u00e9s el Davallament de l\u2019esgl\u00e9sia de Santa Eul\u00e0lia d&#8217;Erill-la-Vall, del qual es t\u00e9 const\u00e0ncia de l&#8217;estat en qu\u00e8 es trobava el 1907. Actualment, s\u2019ha situat una reproducci\u00f3 en el que es considera el seu lloc original a l&#8217;esgl\u00e9sia. Cal tenir en compte que en aquella \u00e8poca les figures estaven policromades, i que en gran part dels casos han perdut el color.<\/p>\t\t\t\t\t\t\t\t<\/div>\n\t\t\t\t<\/div>\n\t\t\t\t<div class=\"elementor-element elementor-element-f2abf09 elementor-widget elementor-widget-image\" data-id=\"f2abf09\" data-element_type=\"widget\" data-e-type=\"widget\" data-widget_type=\"image.default\">\n\t\t\t\t<div class=\"elementor-widget-container\">\n\t\t\t\t\t\t\t\t\t\t\t\t<figure class=\"wp-caption\">\n\t\t\t\t\t\t\t\t\t\t<img loading=\"lazy\" decoding=\"async\" width=\"768\" height=\"524\" src=\"https:\/\/www.elturistatranquil.com\/wp-content\/uploads\/F43-Santa-Eulalia-dErill-la-Vall.-La-Vall-de-Boi1907.jpg\" class=\"attachment-large size-large wp-image-47048\" alt=\"Santa Eulalia d&#039;Erill la Vall. La Vall de Boi1907\" srcset=\"https:\/\/www.elturistatranquil.com\/wp-content\/uploads\/F43-Santa-Eulalia-dErill-la-Vall.-La-Vall-de-Boi1907.jpg 768w, https:\/\/www.elturistatranquil.com\/wp-content\/uploads\/F43-Santa-Eulalia-dErill-la-Vall.-La-Vall-de-Boi1907-331x226.jpg 331w\" sizes=\"(max-width: 768px) 100vw, 768px\" \/>\t\t\t\t\t\t\t\t\t\t\t<figcaption class=\"widget-image-caption wp-caption-text\">Davallament del segle XIII de Santa Eulalia d\u2019Erill-la-Vall<\/figcaption>\n\t\t\t\t\t\t\t\t\t\t<\/figure>\n\t\t\t\t\t\t\t\t\t<\/div>\n\t\t\t\t<\/div>\n\t\t\t\t<div class=\"elementor-element elementor-element-504bb4d elementor-widget elementor-widget-image\" data-id=\"504bb4d\" data-element_type=\"widget\" data-e-type=\"widget\" data-widget_type=\"image.default\">\n\t\t\t\t<div class=\"elementor-widget-container\">\n\t\t\t\t\t\t\t\t\t\t\t\t<figure class=\"wp-caption\">\n\t\t\t\t\t\t\t\t\t\t<img loading=\"lazy\" decoding=\"async\" width=\"768\" height=\"512\" src=\"https:\/\/www.elturistatranquil.com\/wp-content\/uploads\/F44-Santa-Eulalia-dErill-la-Vall.-La-Vall-de-Boi.jpg\" class=\"attachment-large size-large wp-image-47050\" alt=\"Santa Eulalia d&#039;Erill la Vall. La Vall de Boi\" srcset=\"https:\/\/www.elturistatranquil.com\/wp-content\/uploads\/F44-Santa-Eulalia-dErill-la-Vall.-La-Vall-de-Boi.jpg 768w, https:\/\/www.elturistatranquil.com\/wp-content\/uploads\/F44-Santa-Eulalia-dErill-la-Vall.-La-Vall-de-Boi-339x226.jpg 339w\" sizes=\"(max-width: 768px) 100vw, 768px\" \/>\t\t\t\t\t\t\t\t\t\t\t<figcaption class=\"widget-image-caption wp-caption-text\">Reproducci\u00f3 del Davallament de Santa Eulalia d\u2019Erill-la-Vall<\/figcaption>\n\t\t\t\t\t\t\t\t\t\t<\/figure>\n\t\t\t\t\t\t\t\t\t<\/div>\n\t\t\t\t<\/div>\n\t\t\t\t<div class=\"elementor-element elementor-element-23735a4 elementor-widget elementor-widget-heading\" data-id=\"23735a4\" data-element_type=\"widget\" data-e-type=\"widget\" data-widget_type=\"heading.default\">\n\t\t\t\t<div class=\"elementor-widget-container\">\n\t\t\t\t\t<h5 class=\"elementor-heading-title elementor-size-default\">Altres objectes<\/h5>\t\t\t\t<\/div>\n\t\t\t\t<\/div>\n\t\t\t\t<div class=\"elementor-element elementor-element-6730a23 elementor-widget elementor-widget-text-editor\" data-id=\"6730a23\" data-element_type=\"widget\" data-e-type=\"widget\" data-widget_type=\"text-editor.default\">\n\t\t\t\t<div class=\"elementor-widget-container\">\n\t\t\t\t\t\t\t\t\t<p>D\u2019altres objectes que podem trobar en aquestes esgl\u00e9sies poden ser piles baptismals, o d\u2019altres que formarien part del parament mobiliari. Per\u00f2, en conjunt, la varietat d&#8217;objectes que s&#8217;han conservat \u00e9s relativament limitada.<\/p>\t\t\t\t\t\t\t\t<\/div>\n\t\t\t\t<\/div>\n\t\t\t\t<section class=\"elementor-section elementor-inner-section elementor-element elementor-element-0fa31d1 elementor-section-boxed elementor-section-height-default elementor-section-height-default\" data-id=\"0fa31d1\" data-element_type=\"section\" data-e-type=\"section\">\n\t\t\t\t\t\t<div class=\"elementor-container elementor-column-gap-default\">\n\t\t\t\t\t<div class=\"elementor-column elementor-col-50 elementor-inner-column elementor-element elementor-element-e302044\" data-id=\"e302044\" data-element_type=\"column\" data-e-type=\"column\">\n\t\t\t<div class=\"elementor-widget-wrap elementor-element-populated\">\n\t\t\t\t\t\t<div class=\"elementor-element elementor-element-b09602b elementor-widget elementor-widget-image\" data-id=\"b09602b\" data-element_type=\"widget\" data-e-type=\"widget\" data-widget_type=\"image.default\">\n\t\t\t\t<div class=\"elementor-widget-container\">\n\t\t\t\t\t\t\t\t\t\t\t\t<figure class=\"wp-caption\">\n\t\t\t\t\t\t\t\t\t\t<img loading=\"lazy\" decoding=\"async\" width=\"380\" height=\"380\" src=\"https:\/\/www.elturistatranquil.com\/wp-content\/uploads\/F45m-Sant-Climent-de-Taull.-La-Vall-de-Boi.jpg\" class=\"attachment-large size-large wp-image-47057\" alt=\"Sant Climent de Taull. La Vall de Boi\" srcset=\"https:\/\/www.elturistatranquil.com\/wp-content\/uploads\/F45m-Sant-Climent-de-Taull.-La-Vall-de-Boi.jpg 380w, https:\/\/www.elturistatranquil.com\/wp-content\/uploads\/F45m-Sant-Climent-de-Taull.-La-Vall-de-Boi-226x226.jpg 226w\" sizes=\"(max-width: 380px) 100vw, 380px\" \/>\t\t\t\t\t\t\t\t\t\t\t<figcaption class=\"widget-image-caption wp-caption-text\">Reproducci\u00f3 de banc del presbiteri a Sant Climent de Ta\u00fcll<\/figcaption>\n\t\t\t\t\t\t\t\t\t\t<\/figure>\n\t\t\t\t\t\t\t\t\t<\/div>\n\t\t\t\t<\/div>\n\t\t\t\t\t<\/div>\n\t\t<\/div>\n\t\t\t\t<div class=\"elementor-column elementor-col-50 elementor-inner-column elementor-element elementor-element-44716c8\" data-id=\"44716c8\" data-element_type=\"column\" data-e-type=\"column\">\n\t\t\t<div class=\"elementor-widget-wrap elementor-element-populated\">\n\t\t\t\t\t\t<div class=\"elementor-element elementor-element-ac60746 elementor-widget elementor-widget-image\" data-id=\"ac60746\" data-element_type=\"widget\" data-e-type=\"widget\" data-widget_type=\"image.default\">\n\t\t\t\t<div class=\"elementor-widget-container\">\n\t\t\t\t\t\t\t\t\t\t\t\t<figure class=\"wp-caption\">\n\t\t\t\t\t\t\t\t\t\t<img loading=\"lazy\" decoding=\"async\" width=\"380\" height=\"380\" src=\"https:\/\/www.elturistatranquil.com\/wp-content\/uploads\/F45n-Nativitat-de-Durro.-La-Vall-de-Boi.jpg\" class=\"attachment-large size-large wp-image-47055\" alt=\"Nativitat de Durro. La Vall de Boi\" srcset=\"https:\/\/www.elturistatranquil.com\/wp-content\/uploads\/F45n-Nativitat-de-Durro.-La-Vall-de-Boi.jpg 380w, https:\/\/www.elturistatranquil.com\/wp-content\/uploads\/F45n-Nativitat-de-Durro.-La-Vall-de-Boi-226x226.jpg 226w\" sizes=\"(max-width: 380px) 100vw, 380px\" \/>\t\t\t\t\t\t\t\t\t\t\t<figcaption class=\"widget-image-caption wp-caption-text\">Banc de presbiteri a la Nativitat de Durro<\/figcaption>\n\t\t\t\t\t\t\t\t\t\t<\/figure>\n\t\t\t\t\t\t\t\t\t<\/div>\n\t\t\t\t<\/div>\n\t\t\t\t\t<\/div>\n\t\t<\/div>\n\t\t\t\t\t<\/div>\n\t\t<\/section>\n\t\t\t\t<div class=\"elementor-element elementor-element-c304f99 elementor-widget elementor-widget-text-editor\" data-id=\"c304f99\" data-element_type=\"widget\" data-e-type=\"widget\" data-widget_type=\"text-editor.default\">\n\t\t\t\t<div class=\"elementor-widget-container\">\n\t\t\t\t\t\t\t\t\t<p>Uns elements necessaris a cada esgl\u00e9sia eren la pica baptismal i d\u2019oli. Aquestes piques eren recipients especials utilitzats per dur a terme els sagraments del baptisme i de la unci\u00f3 d&#8217;oli sagrat.<\/p><p>La pica baptismal era utilitzada per realitzar el baptisme, que \u00e9s el sagrament d&#8217;iniciaci\u00f3 cristiana mitjan\u00e7ant l&#8217;aigua. Aquesta pica solia ser un recipient amb forma de copa o de bassa, i es trobava a prop de l&#8217;altar o en una zona espec\u00edfica de l&#8217;esgl\u00e9sia.<\/p>\t\t\t\t\t\t\t\t<\/div>\n\t\t\t\t<\/div>\n\t\t\t\t<div class=\"elementor-element elementor-element-be4d4af elementor-widget elementor-widget-image\" data-id=\"be4d4af\" data-element_type=\"widget\" data-e-type=\"widget\" data-widget_type=\"image.default\">\n\t\t\t\t<div class=\"elementor-widget-container\">\n\t\t\t\t\t\t\t\t\t\t\t\t<figure class=\"wp-caption\">\n\t\t\t\t\t\t\t\t\t\t<img loading=\"lazy\" decoding=\"async\" width=\"768\" height=\"512\" src=\"https:\/\/www.elturistatranquil.com\/wp-content\/uploads\/F47-Nativitat-de-Durro.-La-Vall-de-Boi.jpg\" class=\"attachment-large size-large wp-image-47059\" alt=\"Nativitat de Durro. La Vall de Boi\" srcset=\"https:\/\/www.elturistatranquil.com\/wp-content\/uploads\/F47-Nativitat-de-Durro.-La-Vall-de-Boi.jpg 768w, https:\/\/www.elturistatranquil.com\/wp-content\/uploads\/F47-Nativitat-de-Durro.-La-Vall-de-Boi-339x226.jpg 339w\" sizes=\"(max-width: 768px) 100vw, 768px\" \/>\t\t\t\t\t\t\t\t\t\t\t<figcaption class=\"widget-image-caption wp-caption-text\">Pica baptismal a la Nativitat de Durro<\/figcaption>\n\t\t\t\t\t\t\t\t\t\t<\/figure>\n\t\t\t\t\t\t\t\t\t<\/div>\n\t\t\t\t<\/div>\n\t\t\t\t<div class=\"elementor-element elementor-element-aa79857 elementor-widget elementor-widget-heading\" data-id=\"aa79857\" data-element_type=\"widget\" data-e-type=\"widget\" data-widget_type=\"heading.default\">\n\t\t\t\t<div class=\"elementor-widget-container\">\n\t\t\t\t\t<h4 class=\"elementor-heading-title elementor-size-default\">Zona muse\u00edstica<\/h4>\t\t\t\t<\/div>\n\t\t\t\t<\/div>\n\t\t\t\t<div class=\"elementor-element elementor-element-574617f elementor-widget elementor-widget-text-editor\" data-id=\"574617f\" data-element_type=\"widget\" data-e-type=\"widget\" data-widget_type=\"text-editor.default\">\n\t\t\t\t<div class=\"elementor-widget-container\">\n\t\t\t\t\t\t\t\t\t<p>En algunes de les esgl\u00e9sies s\u2019ha posat inter\u00e8s en incorporar-hi una part muse\u00edstica i explicativa de la seva hist\u00f2ria, acompanyades d\u2019alguna pe\u00e7a muse\u00edstica.<\/p><p>En la vista a les diverses esgl\u00e9sies ser\u00e0 interessant dedicar un temps a seguir les explicacions exposades i les obres muse\u00edstiques que s\u2019han programat.<\/p><p>Per exemple, a l\u2019esgl\u00e9sia de Santa Eulalia d\u2019Erill-la-Vall, la zona del cor \u00e9s la que ha estat habilitada per exposar-hi la zona muse\u00edstica.<\/p>\t\t\t\t\t\t\t\t<\/div>\n\t\t\t\t<\/div>\n\t\t\t\t<div class=\"elementor-element elementor-element-791b695 elementor-widget elementor-widget-image\" data-id=\"791b695\" data-element_type=\"widget\" data-e-type=\"widget\" data-widget_type=\"image.default\">\n\t\t\t\t<div class=\"elementor-widget-container\">\n\t\t\t\t\t\t\t\t\t\t\t\t<figure class=\"wp-caption\">\n\t\t\t\t\t\t\t\t\t\t<img loading=\"lazy\" decoding=\"async\" width=\"768\" height=\"512\" src=\"https:\/\/www.elturistatranquil.com\/wp-content\/uploads\/F48-Santa-Eulalia-dErill-la-Vall.-La-Vall-de-Boi.jpg\" class=\"attachment-large size-large wp-image-47061\" alt=\"Santa Eulalia d&#039;Erill la Vall. La Vall de Boi\" srcset=\"https:\/\/www.elturistatranquil.com\/wp-content\/uploads\/F48-Santa-Eulalia-dErill-la-Vall.-La-Vall-de-Boi.jpg 768w, https:\/\/www.elturistatranquil.com\/wp-content\/uploads\/F48-Santa-Eulalia-dErill-la-Vall.-La-Vall-de-Boi-339x226.jpg 339w\" sizes=\"(max-width: 768px) 100vw, 768px\" \/>\t\t\t\t\t\t\t\t\t\t\t<figcaption class=\"widget-image-caption wp-caption-text\">Santa Eul\u00e0lia de Erill-la-Vall<\/figcaption>\n\t\t\t\t\t\t\t\t\t\t<\/figure>\n\t\t\t\t\t\t\t\t\t<\/div>\n\t\t\t\t<\/div>\n\t\t\t\t<div class=\"elementor-element elementor-element-619b642 elementor-widget elementor-widget-heading\" data-id=\"619b642\" data-element_type=\"widget\" data-e-type=\"widget\" data-widget_type=\"heading.default\">\n\t\t\t\t<div class=\"elementor-widget-container\">\n\t\t\t\t\t<h2 class=\"elementor-heading-title elementor-size-default\">Bases d'informaci\u00f3<\/h2>\t\t\t\t<\/div>\n\t\t\t\t<\/div>\n\t\t\t\t<div class=\"elementor-element elementor-element-12233ad elementor-widget elementor-widget-text-editor\" data-id=\"12233ad\" data-element_type=\"widget\" data-e-type=\"widget\" data-widget_type=\"text-editor.default\">\n\t\t\t\t<div class=\"elementor-widget-container\">\n\t\t\t\t\t\t\t\t\t<p><strong>Webs<\/strong><\/p><p><a href=\"https:\/\/www.centreromanic.com\/patrimoni-mundial\/\" target=\"_blank\" rel=\"noopener\">centreromanic<\/a><\/p><p><a href=\"https:\/\/www.vallboi.cat\/ca\/romanic\" target=\"_blank\" rel=\"noopener\">vallboi<\/a><\/p><p><a href=\"https:\/\/es.wikipedia.org\/wiki\/Iglesias_rom%C3%A1nicas_del_Valle_de_Boh%C3%AD\" target=\"_blank\" rel=\"noopener\">wikipedia<\/a><\/p><p><a href=\"https:\/\/patrimoni.gencat.cat\/ca\/coleccio\/conjunt-romanic-de-la-vall-de-boi\" target=\"_blank\" rel=\"noopener\">patrimonigeneralitat<\/a><\/p><p><a href=\"https:\/\/viajes.nationalgeographic.com.es\/a\/arte-y-naturaleza-pirineo-leridano_6373\/7\" target=\"_blank\" rel=\"noopener\">arteguias<\/a><\/p><p><a href=\"https:\/\/viajes.nationalgeographic.com.es\/a\/arte-y-naturaleza-pirineo-leridano_6373\/7\" target=\"_blank\" rel=\"noopener\">nationalgeographic<\/a><\/p><p><strong>UNESCO<\/strong><\/p><p><a href=\"https:\/\/whc.unesco.org\/archive\/2000\/whc-00-conf204-21e.pdf\" target=\"_blank\" rel=\"noopener\">WHC <em>Report<\/em><\/a><\/p><p><a href=\"https:\/\/whc.unesco.org\/uploads\/nominations\/988.pdf\" target=\"_blank\" rel=\"noopener\">WHC <em>Nomination Documentation: Catalan Romanesque Churches of the Vall de Bo\u00ed<\/em> <\/a>(2020)<\/p><p><a href=\"https:\/\/whc.unesco.org\/document\/154770\" target=\"_blank\" rel=\"noopener\"><em>Advisory Bodies Evaluations<\/em><\/a> (2000)<\/p><p><a href=\"https:\/\/whc.unesco.org\/document\/120157\" target=\"_blank\" rel=\"noopener\"><em>Catalan Romanesque Churches of the Vall de Bo\u00ed &#8211; maps of inscribed property<\/em><\/a><\/p><p><a href=\"https:\/\/whc.unesco.org\/en\/decisions\/2495\" target=\"_blank\" rel=\"noopener\"><em>Decision 24 COM X.C.1. The Catalan Romanesque Churches of the Vall de Bo\u00ed (Spain)<\/em><\/a> 2000<\/p><p><strong>Llibres, publicacions<\/strong><\/p><p>Cirici, Alexandre (1975<em>). L&#8217;arquitectura Catalana<\/em>. Ed. Teide<\/p><p>Carbonell, Eduard (1976). <em>El rom\u00e0nic catal\u00e0<\/em>. Edicions 62<\/p><p>Carbonell, Eduard et al. (1997). <em>Guia art rom\u00e0nic<\/em>, MNAC<\/p><p>Junyent, Mons Eduard (1980). <em>La Espa\u00f1a rom\u00e1nica: Catalu\u00f1a \/ 1<\/em>. Encuentro Ediciones<\/p><p>Coma Quintana, Laia et al. (2009). <em>La Vall de Boi. Mil anys d&#8217;art rom\u00e0nic<\/em>.Llibres de Matricula<\/p><p>Olaguer-Feliu, F. de (1989). <em>La pintura Rom\u00e1nica<\/em>. Ed. Vicens-Vives<\/p><p>Centre del Rom\u00e0nic de la Vall de Bo\u00ed. <a href=\"https:\/\/www.centreromanic.com\/wp-content\/uploads\/2022\/09\/Romanic-Vall-Boi-publicacio-catala.pdf\" target=\"_blank\" rel=\"noopener\"><em>El Conjunt Rom\u00e0nic de la Vall de Bo\u00ed. Patrimoni Mundial<\/em><\/a><\/p><p>Centre del rom\u00e0nic de la Vall de Bo\u00ed. <em><a href=\"https:\/\/www.centreromanic.com\/wp-content\/uploads\/2022\/03\/dossier_educatiu_mil_anys_dart_romanic_0.pdf\" target=\"_blank\" rel=\"noopener\">La Vall de Bo\u00ed. Mil anys d&#8217;art rom\u00e0nic. Dossier educatiu<\/a><\/em><\/p>\t\t\t\t\t\t\t\t<\/div>\n\t\t\t\t<\/div>\n\t\t\t\t<div class=\"elementor-element elementor-element-c408d66 elementor-widget elementor-widget-text-editor\" data-id=\"c408d66\" data-element_type=\"widget\" data-e-type=\"widget\" data-widget_type=\"text-editor.default\">\n\t\t\t\t<div class=\"elementor-widget-container\">\n\t\t\t\t\t\t\t\t\t<p><strong><a href=\"https:\/\/www.elturistatranquil.com\/ca\/arquitectura-tradicional-a-la-vall-de-boi-lleida\/\" target=\"_blank\" rel=\"noopener\">ANTERIOR\u00a0<\/a> \u00a0 \u00a0 \u00a0 \u00a0 \u00a0 \u00a0 \u00a0 \u00a0 \u00a0 \u00a0 \u00a0 \u00a0 \u00a0 \u00a0 \u00a0 \u00a0 \u00a0 \u00a0 \u00a0 \u00a0 \u00a0 \u00a0 \u00a0 \u00a0 \u00a0 \u00a0 \u00a0 \u00a0 \u00a0 \u00a0 \u00a0 \u00a0 \u00a0 \u00a0 \u00a0 \u00a0 \u00a0 \u00a0 \u00a0 \u00a0 \u00a0 \u00a0 \u00a0 \u00a0 \u00a0 \u00a0 \u00a0 \u00a0 \u00a0 \u00a0 \u00a0 \u00a0 \u00a0 \u00a0 \u00a0 \u00a0 \u00a0 \u00a0 \u00a0 \u00a0 \u00a0 \u00a0 \u00a0 \u00a0 \u00a0 <a href=\"https:\/\/www.elturistatranquil.com\/ca\/esglesies-romaniques-de-sant-climent-santa-maria-i-sant-quirc-de-taull-la-vall-de-boi-2\/\" target=\"_blank\" rel=\"noopener\">\u00a0SEG\u00dcENT<\/a><\/strong><\/p>\t\t\t\t\t\t\t\t<\/div>\n\t\t\t\t<\/div>\n\t\t\t\t\t<\/div>\n\t\t<\/div>\n\t\t\t\t\t<\/div>\n\t\t<\/section>\n\t\t\t\t<\/div>\n\t\t","protected":false},"excerpt":{"rendered":"<p>Aquest \u00e9s el primer de cinc Posts que dedicar\u00e9 a les Esgl\u00e9sies Rom\u00e0niques de la Vall de Bo\u00ed (Lleida), Patrimoni Mundial. Comen\u00e7arem per una presentaci\u00f3 de conjunt d\u2019aquest patrimoni. Esgl\u00e9sies &#8230; <a title=\"Esgl\u00e9sies rom\u00e0niques de la Vall de Bo\u00ed (Lleida). Patrimoni Mundial (1)\" class=\"read-more\" href=\"https:\/\/www.elturistatranquil.com\/ca\/esglesies-romaniques-de-la-vall-de-boi-lleida-patrimoni-mundial-1\/\" aria-label=\"M\u00e9s informaci\u00f3 sobre Esgl\u00e9sies rom\u00e0niques de la Vall de Bo\u00ed (Lleida). Patrimoni Mundial (1)\">[ &#8230; ]<\/a><\/p>\n","protected":false},"author":1,"featured_media":46923,"comment_status":"open","ping_status":"closed","sticky":false,"template":"","format":"standard","meta":{"footnotes":""},"categories":[72,74,78,145,83,87,128,208,104],"tags":[],"class_list":["post-47091","post","type-post","status-publish","format-standard","has-post-thumbnail","hentry","category-arquitectura-religiosa-ca","category-barroc","category-cultura-rural-ca","category-edat-mitjana","category-historia-ca","category-joies-al-territori","category-lleida-ca","category-patrimoni-mundial","category-preromanic-ca","infinite-scroll-item","generate-columns","tablet-grid-50","mobile-grid-100","grid-parent","grid-50","no-featured-image-padding"],"yoast_head":"<!-- This site is optimized with the Yoast SEO plugin v27.4 - https:\/\/yoast.com\/product\/yoast-seo-wordpress\/ -->\n<title>Esgl\u00e9sies rom\u00e0niques de la Vall de Bo\u00ed (Lleida). Patrimoni Mundial (1) - El turista tranquil<\/title>\n<meta name=\"description\" content=\"Aquest \u00e9s el primer de cinc Posts que dedicar\u00e9 a les Esgl\u00e9sies Rom\u00e0niques de la Vall de Bo\u00ed (Lleida), Patrimoni Mundial. Comen\u00e7arem per una presentaci\u00f3 de conjunt d\u2019aquest patrimoni.\" \/>\n<meta name=\"robots\" content=\"index, follow, max-snippet:-1, max-image-preview:large, max-video-preview:-1\" \/>\n<link rel=\"canonical\" href=\"https:\/\/www.elturistatranquil.com\/ca\/esglesies-romaniques-de-la-vall-de-boi-lleida-patrimoni-mundial-1\/\" \/>\n<meta property=\"og:locale\" content=\"ca_ES\" \/>\n<meta property=\"og:type\" content=\"article\" \/>\n<meta property=\"og:title\" content=\"Esgl\u00e9sies rom\u00e0niques de la Vall de Bo\u00ed (Lleida). Patrimoni Mundial (1) - El turista tranquil\" \/>\n<meta property=\"og:description\" content=\"Aquest \u00e9s el primer de cinc Posts que dedicar\u00e9 a les Esgl\u00e9sies Rom\u00e0niques de la Vall de Bo\u00ed (Lleida), Patrimoni Mundial. Comen\u00e7arem per una presentaci\u00f3 de conjunt d\u2019aquest patrimoni.\" \/>\n<meta property=\"og:url\" content=\"https:\/\/www.elturistatranquil.com\/ca\/esglesies-romaniques-de-la-vall-de-boi-lleida-patrimoni-mundial-1\/\" \/>\n<meta property=\"og:site_name\" content=\"El turista tranquil\" \/>\n<meta property=\"article:publisher\" content=\"https:\/\/www.facebook.com\/elturistatranquilo\/\" \/>\n<meta property=\"article:published_time\" content=\"2023-06-03T10:18:00+00:00\" \/>\n<meta property=\"article:modified_time\" content=\"2023-08-24T10:42:53+00:00\" \/>\n<meta property=\"og:image\" content=\"https:\/\/www.elturistatranquil.com\/wp-content\/uploads\/F00-Davallament-Sta-Eulalia-dErill-la-Vall.-La-Vall-de-Boi.jpg\" \/>\n\t<meta property=\"og:image:width\" content=\"768\" \/>\n\t<meta property=\"og:image:height\" content=\"512\" \/>\n\t<meta property=\"og:image:type\" content=\"image\/jpeg\" \/>\n<meta name=\"author\" content=\"admin\" \/>\n<meta name=\"twitter:card\" content=\"summary_large_image\" \/>\n<meta name=\"twitter:label1\" content=\"Escrit per\" \/>\n\t<meta name=\"twitter:data1\" content=\"admin\" \/>\n\t<meta name=\"twitter:label2\" content=\"Temps estimat de lectura\" \/>\n\t<meta name=\"twitter:data2\" content=\"46 minuts\" \/>\n<script type=\"application\/ld+json\" class=\"yoast-schema-graph\">{\"@context\":\"https:\\\/\\\/schema.org\",\"@graph\":[{\"@type\":\"Article\",\"@id\":\"https:\\\/\\\/www.elturistatranquil.com\\\/ca\\\/esglesies-romaniques-de-la-vall-de-boi-lleida-patrimoni-mundial-1\\\/#article\",\"isPartOf\":{\"@id\":\"https:\\\/\\\/www.elturistatranquil.com\\\/ca\\\/esglesies-romaniques-de-la-vall-de-boi-lleida-patrimoni-mundial-1\\\/\"},\"author\":{\"name\":\"admin\",\"@id\":\"https:\\\/\\\/www.elturistatranquil.com\\\/ca\\\/#\\\/schema\\\/person\\\/16f607c3079b96ed0c530a52e6b58bb5\"},\"headline\":\"Esgl\u00e9sies rom\u00e0niques de la Vall de Bo\u00ed (Lleida). Patrimoni Mundial (1)\",\"datePublished\":\"2023-06-03T10:18:00+00:00\",\"dateModified\":\"2023-08-24T10:42:53+00:00\",\"mainEntityOfPage\":{\"@id\":\"https:\\\/\\\/www.elturistatranquil.com\\\/ca\\\/esglesies-romaniques-de-la-vall-de-boi-lleida-patrimoni-mundial-1\\\/\"},\"wordCount\":7129,\"commentCount\":0,\"image\":{\"@id\":\"https:\\\/\\\/www.elturistatranquil.com\\\/ca\\\/esglesies-romaniques-de-la-vall-de-boi-lleida-patrimoni-mundial-1\\\/#primaryimage\"},\"thumbnailUrl\":\"https:\\\/\\\/www.elturistatranquil.com\\\/wp-content\\\/uploads\\\/F00-Davallament-Sta-Eulalia-dErill-la-Vall.-La-Vall-de-Boi.jpg\",\"articleSection\":[\"Arquitectura religiosa\",\"Barroc\",\"Cultura rural\",\"Edat mitjana\",\"Hist\u00f2ria\",\"Joies al territori\",\"Lleida\",\"Patrimoni mundial\",\"Rom\u00e0nic\"],\"inLanguage\":\"ca\",\"potentialAction\":[{\"@type\":\"CommentAction\",\"name\":\"Comment\",\"target\":[\"https:\\\/\\\/www.elturistatranquil.com\\\/ca\\\/esglesies-romaniques-de-la-vall-de-boi-lleida-patrimoni-mundial-1\\\/#respond\"]}]},{\"@type\":\"WebPage\",\"@id\":\"https:\\\/\\\/www.elturistatranquil.com\\\/ca\\\/esglesies-romaniques-de-la-vall-de-boi-lleida-patrimoni-mundial-1\\\/\",\"url\":\"https:\\\/\\\/www.elturistatranquil.com\\\/ca\\\/esglesies-romaniques-de-la-vall-de-boi-lleida-patrimoni-mundial-1\\\/\",\"name\":\"Esgl\u00e9sies rom\u00e0niques de la Vall de Bo\u00ed (Lleida). Patrimoni Mundial (1) - El turista tranquil\",\"isPartOf\":{\"@id\":\"https:\\\/\\\/www.elturistatranquil.com\\\/ca\\\/#website\"},\"primaryImageOfPage\":{\"@id\":\"https:\\\/\\\/www.elturistatranquil.com\\\/ca\\\/esglesies-romaniques-de-la-vall-de-boi-lleida-patrimoni-mundial-1\\\/#primaryimage\"},\"image\":{\"@id\":\"https:\\\/\\\/www.elturistatranquil.com\\\/ca\\\/esglesies-romaniques-de-la-vall-de-boi-lleida-patrimoni-mundial-1\\\/#primaryimage\"},\"thumbnailUrl\":\"https:\\\/\\\/www.elturistatranquil.com\\\/wp-content\\\/uploads\\\/F00-Davallament-Sta-Eulalia-dErill-la-Vall.-La-Vall-de-Boi.jpg\",\"datePublished\":\"2023-06-03T10:18:00+00:00\",\"dateModified\":\"2023-08-24T10:42:53+00:00\",\"author\":{\"@id\":\"https:\\\/\\\/www.elturistatranquil.com\\\/ca\\\/#\\\/schema\\\/person\\\/16f607c3079b96ed0c530a52e6b58bb5\"},\"description\":\"Aquest \u00e9s el primer de cinc Posts que dedicar\u00e9 a les Esgl\u00e9sies Rom\u00e0niques de la Vall de Bo\u00ed (Lleida), Patrimoni Mundial. Comen\u00e7arem per una presentaci\u00f3 de conjunt d\u2019aquest patrimoni.\",\"breadcrumb\":{\"@id\":\"https:\\\/\\\/www.elturistatranquil.com\\\/ca\\\/esglesies-romaniques-de-la-vall-de-boi-lleida-patrimoni-mundial-1\\\/#breadcrumb\"},\"inLanguage\":\"ca\",\"potentialAction\":[{\"@type\":\"ReadAction\",\"target\":[\"https:\\\/\\\/www.elturistatranquil.com\\\/ca\\\/esglesies-romaniques-de-la-vall-de-boi-lleida-patrimoni-mundial-1\\\/\"]}]},{\"@type\":\"ImageObject\",\"inLanguage\":\"ca\",\"@id\":\"https:\\\/\\\/www.elturistatranquil.com\\\/ca\\\/esglesies-romaniques-de-la-vall-de-boi-lleida-patrimoni-mundial-1\\\/#primaryimage\",\"url\":\"https:\\\/\\\/www.elturistatranquil.com\\\/wp-content\\\/uploads\\\/F00-Davallament-Sta-Eulalia-dErill-la-Vall.-La-Vall-de-Boi.jpg\",\"contentUrl\":\"https:\\\/\\\/www.elturistatranquil.com\\\/wp-content\\\/uploads\\\/F00-Davallament-Sta-Eulalia-dErill-la-Vall.-La-Vall-de-Boi.jpg\",\"width\":768,\"height\":512,\"caption\":\"Davallament Sta Eulalia d'Erill la Vall. La Vall de Boi\"},{\"@type\":\"BreadcrumbList\",\"@id\":\"https:\\\/\\\/www.elturistatranquil.com\\\/ca\\\/esglesies-romaniques-de-la-vall-de-boi-lleida-patrimoni-mundial-1\\\/#breadcrumb\",\"itemListElement\":[{\"@type\":\"ListItem\",\"position\":1,\"name\":\"Portada\",\"item\":\"https:\\\/\\\/www.elturistatranquil.com\\\/ca\\\/\"},{\"@type\":\"ListItem\",\"position\":2,\"name\":\"Esgl\u00e9sies rom\u00e0niques de la Vall de Bo\u00ed (Lleida). Patrimoni Mundial (1)\"}]},{\"@type\":\"WebSite\",\"@id\":\"https:\\\/\\\/www.elturistatranquil.com\\\/ca\\\/#website\",\"url\":\"https:\\\/\\\/www.elturistatranquil.com\\\/ca\\\/\",\"name\":\"El turista tranquil\",\"description\":\"Blog de viatges\",\"potentialAction\":[{\"@type\":\"SearchAction\",\"target\":{\"@type\":\"EntryPoint\",\"urlTemplate\":\"https:\\\/\\\/www.elturistatranquil.com\\\/ca\\\/?s={search_term_string}\"},\"query-input\":{\"@type\":\"PropertyValueSpecification\",\"valueRequired\":true,\"valueName\":\"search_term_string\"}}],\"inLanguage\":\"ca\"},{\"@type\":\"Person\",\"@id\":\"https:\\\/\\\/www.elturistatranquil.com\\\/ca\\\/#\\\/schema\\\/person\\\/16f607c3079b96ed0c530a52e6b58bb5\",\"name\":\"admin\",\"image\":{\"@type\":\"ImageObject\",\"inLanguage\":\"ca\",\"@id\":\"https:\\\/\\\/secure.gravatar.com\\\/avatar\\\/1fbaf22aee75fcbb29a2f97b107f95d25d3a19b7c3416105be10269872673e8d?s=96&d=mm&r=g\",\"url\":\"https:\\\/\\\/secure.gravatar.com\\\/avatar\\\/1fbaf22aee75fcbb29a2f97b107f95d25d3a19b7c3416105be10269872673e8d?s=96&d=mm&r=g\",\"contentUrl\":\"https:\\\/\\\/secure.gravatar.com\\\/avatar\\\/1fbaf22aee75fcbb29a2f97b107f95d25d3a19b7c3416105be10269872673e8d?s=96&d=mm&r=g\",\"caption\":\"admin\"}}]}<\/script>\n<!-- \/ Yoast SEO plugin. -->","yoast_head_json":{"title":"Esgl\u00e9sies rom\u00e0niques de la Vall de Bo\u00ed (Lleida). Patrimoni Mundial (1) - El turista tranquil","description":"Aquest \u00e9s el primer de cinc Posts que dedicar\u00e9 a les Esgl\u00e9sies Rom\u00e0niques de la Vall de Bo\u00ed (Lleida), Patrimoni Mundial. Comen\u00e7arem per una presentaci\u00f3 de conjunt d\u2019aquest patrimoni.","robots":{"index":"index","follow":"follow","max-snippet":"max-snippet:-1","max-image-preview":"max-image-preview:large","max-video-preview":"max-video-preview:-1"},"canonical":"https:\/\/www.elturistatranquil.com\/ca\/esglesies-romaniques-de-la-vall-de-boi-lleida-patrimoni-mundial-1\/","og_locale":"ca_ES","og_type":"article","og_title":"Esgl\u00e9sies rom\u00e0niques de la Vall de Bo\u00ed (Lleida). Patrimoni Mundial (1) - El turista tranquil","og_description":"Aquest \u00e9s el primer de cinc Posts que dedicar\u00e9 a les Esgl\u00e9sies Rom\u00e0niques de la Vall de Bo\u00ed (Lleida), Patrimoni Mundial. Comen\u00e7arem per una presentaci\u00f3 de conjunt d\u2019aquest patrimoni.","og_url":"https:\/\/www.elturistatranquil.com\/ca\/esglesies-romaniques-de-la-vall-de-boi-lleida-patrimoni-mundial-1\/","og_site_name":"El turista tranquil","article_publisher":"https:\/\/www.facebook.com\/elturistatranquilo\/","article_published_time":"2023-06-03T10:18:00+00:00","article_modified_time":"2023-08-24T10:42:53+00:00","og_image":[{"width":768,"height":512,"url":"https:\/\/www.elturistatranquil.com\/wp-content\/uploads\/F00-Davallament-Sta-Eulalia-dErill-la-Vall.-La-Vall-de-Boi.jpg","type":"image\/jpeg"}],"author":"admin","twitter_card":"summary_large_image","twitter_misc":{"Escrit per":"admin","Temps estimat de lectura":"46 minuts"},"schema":{"@context":"https:\/\/schema.org","@graph":[{"@type":"Article","@id":"https:\/\/www.elturistatranquil.com\/ca\/esglesies-romaniques-de-la-vall-de-boi-lleida-patrimoni-mundial-1\/#article","isPartOf":{"@id":"https:\/\/www.elturistatranquil.com\/ca\/esglesies-romaniques-de-la-vall-de-boi-lleida-patrimoni-mundial-1\/"},"author":{"name":"admin","@id":"https:\/\/www.elturistatranquil.com\/ca\/#\/schema\/person\/16f607c3079b96ed0c530a52e6b58bb5"},"headline":"Esgl\u00e9sies rom\u00e0niques de la Vall de Bo\u00ed (Lleida). Patrimoni Mundial (1)","datePublished":"2023-06-03T10:18:00+00:00","dateModified":"2023-08-24T10:42:53+00:00","mainEntityOfPage":{"@id":"https:\/\/www.elturistatranquil.com\/ca\/esglesies-romaniques-de-la-vall-de-boi-lleida-patrimoni-mundial-1\/"},"wordCount":7129,"commentCount":0,"image":{"@id":"https:\/\/www.elturistatranquil.com\/ca\/esglesies-romaniques-de-la-vall-de-boi-lleida-patrimoni-mundial-1\/#primaryimage"},"thumbnailUrl":"https:\/\/www.elturistatranquil.com\/wp-content\/uploads\/F00-Davallament-Sta-Eulalia-dErill-la-Vall.-La-Vall-de-Boi.jpg","articleSection":["Arquitectura religiosa","Barroc","Cultura rural","Edat mitjana","Hist\u00f2ria","Joies al territori","Lleida","Patrimoni mundial","Rom\u00e0nic"],"inLanguage":"ca","potentialAction":[{"@type":"CommentAction","name":"Comment","target":["https:\/\/www.elturistatranquil.com\/ca\/esglesies-romaniques-de-la-vall-de-boi-lleida-patrimoni-mundial-1\/#respond"]}]},{"@type":"WebPage","@id":"https:\/\/www.elturistatranquil.com\/ca\/esglesies-romaniques-de-la-vall-de-boi-lleida-patrimoni-mundial-1\/","url":"https:\/\/www.elturistatranquil.com\/ca\/esglesies-romaniques-de-la-vall-de-boi-lleida-patrimoni-mundial-1\/","name":"Esgl\u00e9sies rom\u00e0niques de la Vall de Bo\u00ed (Lleida). Patrimoni Mundial (1) - El turista tranquil","isPartOf":{"@id":"https:\/\/www.elturistatranquil.com\/ca\/#website"},"primaryImageOfPage":{"@id":"https:\/\/www.elturistatranquil.com\/ca\/esglesies-romaniques-de-la-vall-de-boi-lleida-patrimoni-mundial-1\/#primaryimage"},"image":{"@id":"https:\/\/www.elturistatranquil.com\/ca\/esglesies-romaniques-de-la-vall-de-boi-lleida-patrimoni-mundial-1\/#primaryimage"},"thumbnailUrl":"https:\/\/www.elturistatranquil.com\/wp-content\/uploads\/F00-Davallament-Sta-Eulalia-dErill-la-Vall.-La-Vall-de-Boi.jpg","datePublished":"2023-06-03T10:18:00+00:00","dateModified":"2023-08-24T10:42:53+00:00","author":{"@id":"https:\/\/www.elturistatranquil.com\/ca\/#\/schema\/person\/16f607c3079b96ed0c530a52e6b58bb5"},"description":"Aquest \u00e9s el primer de cinc Posts que dedicar\u00e9 a les Esgl\u00e9sies Rom\u00e0niques de la Vall de Bo\u00ed (Lleida), Patrimoni Mundial. Comen\u00e7arem per una presentaci\u00f3 de conjunt d\u2019aquest patrimoni.","breadcrumb":{"@id":"https:\/\/www.elturistatranquil.com\/ca\/esglesies-romaniques-de-la-vall-de-boi-lleida-patrimoni-mundial-1\/#breadcrumb"},"inLanguage":"ca","potentialAction":[{"@type":"ReadAction","target":["https:\/\/www.elturistatranquil.com\/ca\/esglesies-romaniques-de-la-vall-de-boi-lleida-patrimoni-mundial-1\/"]}]},{"@type":"ImageObject","inLanguage":"ca","@id":"https:\/\/www.elturistatranquil.com\/ca\/esglesies-romaniques-de-la-vall-de-boi-lleida-patrimoni-mundial-1\/#primaryimage","url":"https:\/\/www.elturistatranquil.com\/wp-content\/uploads\/F00-Davallament-Sta-Eulalia-dErill-la-Vall.-La-Vall-de-Boi.jpg","contentUrl":"https:\/\/www.elturistatranquil.com\/wp-content\/uploads\/F00-Davallament-Sta-Eulalia-dErill-la-Vall.-La-Vall-de-Boi.jpg","width":768,"height":512,"caption":"Davallament Sta Eulalia d'Erill la Vall. La Vall de Boi"},{"@type":"BreadcrumbList","@id":"https:\/\/www.elturistatranquil.com\/ca\/esglesies-romaniques-de-la-vall-de-boi-lleida-patrimoni-mundial-1\/#breadcrumb","itemListElement":[{"@type":"ListItem","position":1,"name":"Portada","item":"https:\/\/www.elturistatranquil.com\/ca\/"},{"@type":"ListItem","position":2,"name":"Esgl\u00e9sies rom\u00e0niques de la Vall de Bo\u00ed (Lleida). Patrimoni Mundial (1)"}]},{"@type":"WebSite","@id":"https:\/\/www.elturistatranquil.com\/ca\/#website","url":"https:\/\/www.elturistatranquil.com\/ca\/","name":"El turista tranquil","description":"Blog de viatges","potentialAction":[{"@type":"SearchAction","target":{"@type":"EntryPoint","urlTemplate":"https:\/\/www.elturistatranquil.com\/ca\/?s={search_term_string}"},"query-input":{"@type":"PropertyValueSpecification","valueRequired":true,"valueName":"search_term_string"}}],"inLanguage":"ca"},{"@type":"Person","@id":"https:\/\/www.elturistatranquil.com\/ca\/#\/schema\/person\/16f607c3079b96ed0c530a52e6b58bb5","name":"admin","image":{"@type":"ImageObject","inLanguage":"ca","@id":"https:\/\/secure.gravatar.com\/avatar\/1fbaf22aee75fcbb29a2f97b107f95d25d3a19b7c3416105be10269872673e8d?s=96&d=mm&r=g","url":"https:\/\/secure.gravatar.com\/avatar\/1fbaf22aee75fcbb29a2f97b107f95d25d3a19b7c3416105be10269872673e8d?s=96&d=mm&r=g","contentUrl":"https:\/\/secure.gravatar.com\/avatar\/1fbaf22aee75fcbb29a2f97b107f95d25d3a19b7c3416105be10269872673e8d?s=96&d=mm&r=g","caption":"admin"}}]}},"_links":{"self":[{"href":"https:\/\/www.elturistatranquil.com\/ca\/wp-json\/wp\/v2\/posts\/47091","targetHints":{"allow":["GET"]}}],"collection":[{"href":"https:\/\/www.elturistatranquil.com\/ca\/wp-json\/wp\/v2\/posts"}],"about":[{"href":"https:\/\/www.elturistatranquil.com\/ca\/wp-json\/wp\/v2\/types\/post"}],"author":[{"embeddable":true,"href":"https:\/\/www.elturistatranquil.com\/ca\/wp-json\/wp\/v2\/users\/1"}],"replies":[{"embeddable":true,"href":"https:\/\/www.elturistatranquil.com\/ca\/wp-json\/wp\/v2\/comments?post=47091"}],"version-history":[{"count":5,"href":"https:\/\/www.elturistatranquil.com\/ca\/wp-json\/wp\/v2\/posts\/47091\/revisions"}],"predecessor-version":[{"id":48736,"href":"https:\/\/www.elturistatranquil.com\/ca\/wp-json\/wp\/v2\/posts\/47091\/revisions\/48736"}],"wp:featuredmedia":[{"embeddable":true,"href":"https:\/\/www.elturistatranquil.com\/ca\/wp-json\/wp\/v2\/media\/46923"}],"wp:attachment":[{"href":"https:\/\/www.elturistatranquil.com\/ca\/wp-json\/wp\/v2\/media?parent=47091"}],"wp:term":[{"taxonomy":"category","embeddable":true,"href":"https:\/\/www.elturistatranquil.com\/ca\/wp-json\/wp\/v2\/categories?post=47091"},{"taxonomy":"post_tag","embeddable":true,"href":"https:\/\/www.elturistatranquil.com\/ca\/wp-json\/wp\/v2\/tags?post=47091"}],"curies":[{"name":"wp","href":"https:\/\/api.w.org\/{rel}","templated":true}]}}