{"id":47599,"date":"2023-06-24T18:18:25","date_gmt":"2023-06-24T16:18:25","guid":{"rendered":"https:\/\/www.elturistatranquil.com\/?p=47599"},"modified":"2023-08-24T12:48:43","modified_gmt":"2023-08-24T10:48:43","slug":"esglesies-romaniques-de-sant-climent-santa-maria-i-sant-quirc-de-taull-la-vall-de-boi-2","status":"publish","type":"post","link":"https:\/\/www.elturistatranquil.com\/ca\/esglesies-romaniques-de-sant-climent-santa-maria-i-sant-quirc-de-taull-la-vall-de-boi-2\/","title":{"rendered":"Esgl\u00e9sies rom\u00e0niques de Sant Climent, Santa Maria i Sant Quirc de Ta\u00fcll (La Vall de Bo\u00ed) (2)"},"content":{"rendered":"\t\t<div data-elementor-type=\"wp-post\" data-elementor-id=\"47599\" class=\"elementor elementor-47599 elementor-47170\" data-elementor-post-type=\"post\">\n\t\t\t\t\t\t<section class=\"elementor-section elementor-top-section elementor-element elementor-element-521f7180 elementor-section-boxed elementor-section-height-default elementor-section-height-default\" data-id=\"521f7180\" data-element_type=\"section\" data-e-type=\"section\">\n\t\t\t\t\t\t<div class=\"elementor-container elementor-column-gap-default\">\n\t\t\t\t\t<div class=\"elementor-column elementor-col-100 elementor-top-column elementor-element elementor-element-2cd6ee29\" data-id=\"2cd6ee29\" data-element_type=\"column\" data-e-type=\"column\">\n\t\t\t<div class=\"elementor-widget-wrap elementor-element-populated\">\n\t\t\t\t\t\t<section class=\"elementor-section elementor-inner-section elementor-element elementor-element-581a29f1 elementor-section-content-middle elementor-section-boxed elementor-section-height-default elementor-section-height-default\" data-id=\"581a29f1\" data-element_type=\"section\" data-e-type=\"section\">\n\t\t\t\t\t\t<div class=\"elementor-container elementor-column-gap-default\">\n\t\t\t\t\t<div class=\"elementor-column elementor-col-100 elementor-inner-column elementor-element elementor-element-29686d40\" data-id=\"29686d40\" data-element_type=\"column\" data-e-type=\"column\">\n\t\t\t<div class=\"elementor-widget-wrap elementor-element-populated\">\n\t\t\t\t\t\t<div class=\"elementor-element elementor-element-5468dd0 elementor-widget elementor-widget-text-editor\" data-id=\"5468dd0\" data-element_type=\"widget\" data-e-type=\"widget\" data-widget_type=\"text-editor.default\">\n\t\t\t\t<div class=\"elementor-widget-container\">\n\t\t\t\t\t\t\t\t\t<p>Comencem el recorregut per les esgl\u00e9sies rom\u00e0niques de la Vall de Bo\u00ed (Lleida) Patrimoni Mundial de la UNESCO, per les de Ta\u00fcll: <em>Sant Climent<\/em> i <em>Santa Maria<\/em> i per l&#8217;<em>ermita de Sant Quirc de Ta\u00fcl<\/em>l.<\/p>\t\t\t\t\t\t\t\t<\/div>\n\t\t\t\t<\/div>\n\t\t\t\t\t<\/div>\n\t\t<\/div>\n\t\t\t\t\t<\/div>\n\t\t<\/section>\n\t\t\t\t<div class=\"elementor-element elementor-element-51c8909 elementor-widget elementor-widget-heading\" data-id=\"51c8909\" data-element_type=\"widget\" data-e-type=\"widget\" data-widget_type=\"heading.default\">\n\t\t\t\t<div class=\"elementor-widget-container\">\n\t\t\t\t\t<h1 class=\"elementor-heading-title elementor-size-default\">Esgl\u00e9sies rom\u00e0niques de Sant Climent, Santa Maria i Sant Quirc de Ta\u00fcll (La Vall de Bo\u00ed) (2)<\/h1>\t\t\t\t<\/div>\n\t\t\t\t<\/div>\n\t\t\t\t\t<\/div>\n\t\t<\/div>\n\t\t\t\t\t<\/div>\n\t\t<\/section>\n\t\t\t\t<section class=\"elementor-section elementor-top-section elementor-element elementor-element-3457291a elementor-section-boxed elementor-section-height-default elementor-section-height-default\" data-id=\"3457291a\" data-element_type=\"section\" data-e-type=\"section\">\n\t\t\t\t\t\t<div class=\"elementor-container elementor-column-gap-default\">\n\t\t\t\t\t<div class=\"elementor-column elementor-col-100 elementor-top-column elementor-element elementor-element-56b05543\" data-id=\"56b05543\" data-element_type=\"column\" data-e-type=\"column\">\n\t\t\t<div class=\"elementor-widget-wrap elementor-element-populated\">\n\t\t\t\t\t\t<div class=\"elementor-element elementor-element-6c211b39 elementor-widget elementor-widget-image\" data-id=\"6c211b39\" data-element_type=\"widget\" data-e-type=\"widget\" data-widget_type=\"image.default\">\n\t\t\t\t<div class=\"elementor-widget-container\">\n\t\t\t\t\t\t\t\t\t\t\t\t<figure class=\"wp-caption\">\n\t\t\t\t\t\t\t\t\t\t<img fetchpriority=\"high\" decoding=\"async\" width=\"768\" height=\"459\" src=\"https:\/\/www.elturistatranquil.com\/wp-content\/uploads\/1-Taull-Google-Earth-2023-05-22.jpg\" class=\"attachment-large size-large wp-image-48706\" alt=\"Taull (Google Earth-2023-05-22)\" srcset=\"https:\/\/www.elturistatranquil.com\/wp-content\/uploads\/1-Taull-Google-Earth-2023-05-22.jpg 768w, https:\/\/www.elturistatranquil.com\/wp-content\/uploads\/1-Taull-Google-Earth-2023-05-22-339x203.jpg 339w\" sizes=\"(max-width: 768px) 100vw, 768px\" \/>\t\t\t\t\t\t\t\t\t\t\t<figcaption class=\"widget-image-caption wp-caption-text\">Mapa de localitzaci\u00f3 de les esgl\u00e9sies (Google earth 2023-06-08) <\/figcaption>\n\t\t\t\t\t\t\t\t\t\t<\/figure>\n\t\t\t\t\t\t\t\t\t<\/div>\n\t\t\t\t<\/div>\n\t\t\t\t<div class=\"elementor-element elementor-element-76edf7e7 elementor-widget elementor-widget-spacer\" data-id=\"76edf7e7\" data-element_type=\"widget\" data-e-type=\"widget\" data-widget_type=\"spacer.default\">\n\t\t\t\t<div class=\"elementor-widget-container\">\n\t\t\t\t\t\t\t<div class=\"elementor-spacer\">\n\t\t\t<div class=\"elementor-spacer-inner\"><\/div>\n\t\t<\/div>\n\t\t\t\t\t\t<\/div>\n\t\t\t\t<\/div>\n\t\t\t\t<section class=\"elementor-section elementor-inner-section elementor-element elementor-element-e0ca47d elementor-section-boxed elementor-section-height-default elementor-section-height-default\" data-id=\"e0ca47d\" data-element_type=\"section\" data-e-type=\"section\" data-settings=\"{&quot;background_background&quot;:&quot;classic&quot;}\">\n\t\t\t\t\t\t\t<div class=\"elementor-background-overlay\"><\/div>\n\t\t\t\t\t\t\t<div class=\"elementor-container elementor-column-gap-default\">\n\t\t\t\t\t<div class=\"elementor-column elementor-col-100 elementor-inner-column elementor-element elementor-element-f246828\" data-id=\"f246828\" data-element_type=\"column\" data-e-type=\"column\" data-settings=\"{&quot;background_background&quot;:&quot;classic&quot;}\">\n\t\t\t<div class=\"elementor-widget-wrap elementor-element-populated\">\n\t\t\t\t\t\t<div class=\"elementor-element elementor-element-5a89f99c elementor-widget elementor-widget-text-editor\" data-id=\"5a89f99c\" data-element_type=\"widget\" data-e-type=\"widget\" data-widget_type=\"text-editor.default\">\n\t\t\t\t<div class=\"elementor-widget-container\">\n\t\t\t\t\t\t\t\t\t<p>Municipi: La Vall de Bo\u00ed. Comarca: Alta Ribagor\u00e7a. Prov\u00edncia: Lleida. Com. Aut\u00f2noma: Catalunya<\/p><p>Web: <a href=\"https:\/\/www.centreromanic.com\/qui-som\/\" target=\"_blank\" rel=\"noopener\">centreromanic<\/a><\/p><p><em>Patrimoni Mundial de la UNESCO <\/em>(2000)<\/p><p>Visita: 2022-2023<\/p>\t\t\t\t\t\t\t\t<\/div>\n\t\t\t\t<\/div>\n\t\t\t\t\t<\/div>\n\t\t<\/div>\n\t\t\t\t\t<\/div>\n\t\t<\/section>\n\t\t\t\t<div class=\"elementor-element elementor-element-225ae7e6 elementor-widget elementor-widget-image\" data-id=\"225ae7e6\" data-element_type=\"widget\" data-e-type=\"widget\" data-widget_type=\"image.default\">\n\t\t\t\t<div class=\"elementor-widget-container\">\n\t\t\t\t\t\t\t\t\t\t\t\t<figure class=\"wp-caption\">\n\t\t\t\t\t\t\t\t\t\t<img decoding=\"async\" width=\"768\" height=\"511\" src=\"https:\/\/www.elturistatranquil.com\/wp-content\/uploads\/F02c-Mapa-de-situacio-de-les-esglesies-romaniques-de-la-Vall-de-Boi-Google-maps-2023-05-22.jpg\" class=\"attachment-medium_large size-medium_large wp-image-47094\" alt=\"Mapa de situacio de les esglesies romaniques de la Vall de Boi (Google maps 2023-05-22)\" srcset=\"https:\/\/www.elturistatranquil.com\/wp-content\/uploads\/F02c-Mapa-de-situacio-de-les-esglesies-romaniques-de-la-Vall-de-Boi-Google-maps-2023-05-22.jpg 768w, https:\/\/www.elturistatranquil.com\/wp-content\/uploads\/F02c-Mapa-de-situacio-de-les-esglesies-romaniques-de-la-Vall-de-Boi-Google-maps-2023-05-22-339x226.jpg 339w\" sizes=\"(max-width: 768px) 100vw, 768px\" \/>\t\t\t\t\t\t\t\t\t\t\t<figcaption class=\"widget-image-caption wp-caption-text\"><\/figcaption>\n\t\t\t\t\t\t\t\t\t\t<\/figure>\n\t\t\t\t\t\t\t\t\t<\/div>\n\t\t\t\t<\/div>\n\t\t\t\t<div class=\"elementor-element elementor-element-edd5383 elementor-widget elementor-widget-spacer\" data-id=\"edd5383\" data-element_type=\"widget\" data-e-type=\"widget\" data-widget_type=\"spacer.default\">\n\t\t\t\t<div class=\"elementor-widget-container\">\n\t\t\t\t\t\t\t<div class=\"elementor-spacer\">\n\t\t\t<div class=\"elementor-spacer-inner\"><\/div>\n\t\t<\/div>\n\t\t\t\t\t\t<\/div>\n\t\t\t\t<\/div>\n\t\t\t\t<div class=\"elementor-element elementor-element-1c5d31ea elementor-toc--minimized-on-tablet elementor-widget elementor-widget-table-of-contents\" data-id=\"1c5d31ea\" data-element_type=\"widget\" data-e-type=\"widget\" data-settings=\"{&quot;headings_by_tags&quot;:[&quot;h2&quot;,&quot;h3&quot;,&quot;h4&quot;],&quot;marker_view&quot;:&quot;bullets&quot;,&quot;icon&quot;:{&quot;value&quot;:&quot;&quot;,&quot;library&quot;:&quot;&quot;},&quot;no_headings_message&quot;:&quot;No s&#039;ha trobat cap encap\\u00e7alament en aquesta p\\u00e0gina.&quot;,&quot;minimize_box&quot;:&quot;yes&quot;,&quot;minimized_on&quot;:&quot;tablet&quot;,&quot;hierarchical_view&quot;:&quot;yes&quot;,&quot;min_height&quot;:{&quot;unit&quot;:&quot;px&quot;,&quot;size&quot;:&quot;&quot;,&quot;sizes&quot;:[]},&quot;min_height_tablet&quot;:{&quot;unit&quot;:&quot;px&quot;,&quot;size&quot;:&quot;&quot;,&quot;sizes&quot;:[]},&quot;min_height_mobile&quot;:{&quot;unit&quot;:&quot;px&quot;,&quot;size&quot;:&quot;&quot;,&quot;sizes&quot;:[]}}\" data-widget_type=\"table-of-contents.default\">\n\t\t\t\t<div class=\"elementor-widget-container\">\n\t\t\t\t\t\t\t\t\t<div class=\"elementor-toc__header\">\n\t\t\t\t\t\t<h4 class=\"elementor-toc__header-title\">\n\t\t\t\t\u00cdndex\t\t\t<\/h4>\n\t\t\t\t\t\t\t\t\t\t<div class=\"elementor-toc__toggle-button elementor-toc__toggle-button--expand\" role=\"button\" tabindex=\"0\" aria-controls=\"elementor-toc__1c5d31ea\" aria-expanded=\"true\" aria-label=\"Open table of contents\"><i aria-hidden=\"true\" class=\"fas fa-chevron-down\"><\/i><\/div>\n\t\t\t\t<div class=\"elementor-toc__toggle-button elementor-toc__toggle-button--collapse\" role=\"button\" tabindex=\"0\" aria-controls=\"elementor-toc__1c5d31ea\" aria-expanded=\"true\" aria-label=\"Close table of contents\"><i aria-hidden=\"true\" class=\"fas fa-chevron-up\"><\/i><\/div>\n\t\t\t\t\t<\/div>\n\t\t\t\t<div id=\"elementor-toc__1c5d31ea\" class=\"elementor-toc__body\">\n\t\t\t<div class=\"elementor-toc__spinner-container\">\n\t\t\t\t<i class=\"elementor-toc__spinner eicon-animation-spin eicon-loading\" aria-hidden=\"true\"><\/i>\t\t\t<\/div>\n\t\t<\/div>\n\t\t\t\t\t\t<\/div>\n\t\t\t\t<\/div>\n\t\t\t\t<div class=\"elementor-element elementor-element-26f50a00 elementor-widget elementor-widget-menu-anchor\" data-id=\"26f50a00\" data-element_type=\"widget\" data-e-type=\"widget\" data-widget_type=\"menu-anchor.default\">\n\t\t\t\t<div class=\"elementor-widget-container\">\n\t\t\t\t\t\t\t<div class=\"elementor-menu-anchor\" id=\"a0101-EnlaceaunpuntodentrodelPost\"><\/div>\n\t\t\t\t\t\t<\/div>\n\t\t\t\t<\/div>\n\t\t\t\t<div class=\"elementor-element elementor-element-aaeb4 elementor-widget elementor-widget-spacer\" data-id=\"aaeb4\" data-element_type=\"widget\" data-e-type=\"widget\" data-widget_type=\"spacer.default\">\n\t\t\t\t<div class=\"elementor-widget-container\">\n\t\t\t\t\t\t\t<div class=\"elementor-spacer\">\n\t\t\t<div class=\"elementor-spacer-inner\"><\/div>\n\t\t<\/div>\n\t\t\t\t\t\t<\/div>\n\t\t\t\t<\/div>\n\t\t\t\t<div class=\"elementor-element elementor-element-6c266042 elementor-widget elementor-widget-heading\" data-id=\"6c266042\" data-element_type=\"widget\" data-e-type=\"widget\" data-widget_type=\"heading.default\">\n\t\t\t\t<div class=\"elementor-widget-container\">\n\t\t\t\t\t<h2 class=\"elementor-heading-title elementor-size-default\">Esgl\u00e9sies rom\u00e0niques de Sant Climent, Santa Maria i Sant Quirc de Ta\u00fcll. La Vall de Bo\u00ed. Lleida (2)<\/h2>\t\t\t\t<\/div>\n\t\t\t\t<\/div>\n\t\t\t\t<div class=\"elementor-element elementor-element-40137fca elementor-widget elementor-widget-image\" data-id=\"40137fca\" data-element_type=\"widget\" data-e-type=\"widget\" data-widget_type=\"image.default\">\n\t\t\t\t<div class=\"elementor-widget-container\">\n\t\t\t\t\t\t\t\t\t\t\t\t<figure class=\"wp-caption\">\n\t\t\t\t\t\t\t\t\t\t<img decoding=\"async\" width=\"768\" height=\"512\" src=\"https:\/\/www.elturistatranquil.com\/wp-content\/uploads\/F03-Localitzacio-de-les-esglesies-romaniques-de-la-Vall-de-Boi-Lleida-Google-earth-2023-06-08.jpg\" class=\"attachment-large size-large wp-image-47177\" alt=\"Localitzaci\u00f3 de les esgl\u00e9sies romaniques de la Vall de Boi, Lleida (Google earth 2023-06-08)\" srcset=\"https:\/\/www.elturistatranquil.com\/wp-content\/uploads\/F03-Localitzacio-de-les-esglesies-romaniques-de-la-Vall-de-Boi-Lleida-Google-earth-2023-06-08.jpg 768w, https:\/\/www.elturistatranquil.com\/wp-content\/uploads\/F03-Localitzacio-de-les-esglesies-romaniques-de-la-Vall-de-Boi-Lleida-Google-earth-2023-06-08-339x226.jpg 339w\" sizes=\"(max-width: 768px) 100vw, 768px\" \/>\t\t\t\t\t\t\t\t\t\t\t<figcaption class=\"widget-image-caption wp-caption-text\">Localitzaci\u00f3 de les esgl\u00e9sies (Google earth 2023-06-08)<\/figcaption>\n\t\t\t\t\t\t\t\t\t\t<\/figure>\n\t\t\t\t\t\t\t\t\t<\/div>\n\t\t\t\t<\/div>\n\t\t\t\t<div class=\"elementor-element elementor-element-3c4535b6 elementor-widget elementor-widget-text-editor\" data-id=\"3c4535b6\" data-element_type=\"widget\" data-e-type=\"widget\" data-widget_type=\"text-editor.default\">\n\t\t\t\t<div class=\"elementor-widget-container\">\n\t\t\t\t\t\t\t\t\t<p>A la zona de <a href=\"https:\/\/www.elturistatranquil.com\/ca\/arquitectura-tradicional-a-la-vall-de-boi-lleida\/#Taull1\" target=\"_blank\" rel=\"noopener\"><strong>Ta\u00fcll<\/strong><\/a> es localitzen les tres esgl\u00e9sies m\u00e9s endinsades en l\u2019extrem nord-oriental de la Vall de Bo\u00ed, una zona que sempre havia estat la d&#8217;acc\u00e9s m\u00e9s complicat.<\/p><p>\u00c9s l\u2019\u00fanic cas on en una mateixa localitat es poden visitar tres esgl\u00e9sies.<\/p><p>En aquesta presentaci\u00f3, seguirem l&#8217;ordre en qu\u00e8 les anirem trobant en arribar a la poblaci\u00f3.<\/p>\t\t\t\t\t\t\t\t<\/div>\n\t\t\t\t<\/div>\n\t\t\t\t<div class=\"elementor-element elementor-element-7d06e574 elementor-widget elementor-widget-heading\" data-id=\"7d06e574\" data-element_type=\"widget\" data-e-type=\"widget\" data-widget_type=\"heading.default\">\n\t\t\t\t<div class=\"elementor-widget-container\">\n\t\t\t\t\t<h5 class=\"elementor-heading-title elementor-size-default\">Les esgl\u00e9sies al poble<\/h5>\t\t\t\t<\/div>\n\t\t\t\t<\/div>\n\t\t\t\t<div class=\"elementor-element elementor-element-7aa82500 elementor-widget elementor-widget-text-editor\" data-id=\"7aa82500\" data-element_type=\"widget\" data-e-type=\"widget\" data-widget_type=\"text-editor.default\">\n\t\t\t\t<div class=\"elementor-widget-container\">\n\t\t\t\t\t\t\t\t\t<p>A l\u2019Edat Mitjana, Ta\u00fcll era el poble m\u00e9s allunyat des de l\u2019entrada de la Vall, de m\u00e9s dif\u00edcil accessibilitat i situat a major altitud. De fet, aquest a\u00efllament i dificultat d\u2019acc\u00e9s es va mantenir fins a la fi del segle XX.<\/p><p>En aquest poble es trobaven tres esgl\u00e9sies i una ermita. Una d&#8217;elles estava dedicada a Sant Climent, situada a l&#8217;entrada de la poblaci\u00f3, a la part baixa. A la part m\u00e9s alta, a l&#8217;interior del caseriu, es trobava l&#8217;esgl\u00e9sia parroquial de Santa Maria, i tamb\u00e9 queden escassos vestigis d&#8217;una tercera esgl\u00e9sia dedicada a Sant Mart\u00ed. Al sud-est, m\u00e9s amunt enmig del bosc, es trobava l&#8217;ermita de Sant Quirc.<\/p><p>Alguns historiadors creuen que l\u2019exist\u00e8ncia de tres esgl\u00e9sies en un mateix poble formaria part d\u2019un pla dels Erill per fer-ne un nucli mon\u00e0stic de <a href=\"https:\/\/www.elturistatranquil.com\/ca\/esglesies-monestirs-i-ordres-religioses-a-ledat-mitjana\/#b1508\" target=\"_blank\" rel=\"noopener\">can\u00f2nics regulars<\/a>, orde molt arrelada a l\u2019\u00e8poca (com a <a href=\"https:\/\/www.elturistatranquil.com\/ca\/sant-jaume-de-frontanya-poble-i-esglesia-del-monestir\/\" target=\"_blank\" rel=\"noopener\">Sant Jaume de Frontany\u00e0<\/a>).<\/p><p>La poblaci\u00f3 total del poble tenia al voltant de 200 habitants. En les \u00faltimes d\u00e8cades, el turisme ha fet augmentar aquesta xifra fins als 284 habitants l&#8217;any 2022.<\/p>\t\t\t\t\t\t\t\t<\/div>\n\t\t\t\t<\/div>\n\t\t\t\t<div class=\"elementor-element elementor-element-351c4e09 elementor-widget elementor-widget-heading\" data-id=\"351c4e09\" data-element_type=\"widget\" data-e-type=\"widget\" data-widget_type=\"heading.default\">\n\t\t\t\t<div class=\"elementor-widget-container\">\n\t\t\t\t\t<h2 class=\"elementor-heading-title elementor-size-default\">Esgl\u00e9sia de Sant Climent de Ta\u00fcll<\/h2>\t\t\t\t<\/div>\n\t\t\t\t<\/div>\n\t\t\t\t<div class=\"elementor-element elementor-element-7c8c0a3d elementor-widget elementor-widget-text-editor\" data-id=\"7c8c0a3d\" data-element_type=\"widget\" data-e-type=\"widget\" data-widget_type=\"text-editor.default\">\n\t\t\t\t<div class=\"elementor-widget-container\">\n\t\t\t\t\t\t\t\t\t<p>Coordenades: 42\u00b031&#8217;03.3&#8243;N 0\u00b050&#8217;55.4&#8243;E. Altitud: 1.487 msnm<\/p><p>Constru\u00efda entre finals del segle XI i principis del segle XII, l&#8217;esgl\u00e9sia de Sant Climent de Ta\u00fcll va ser consagrada el dia 10 de desembre de l&#8217;any 1123 pel bisbe Ramon Guillem de Roda-Barbastre, segons consta en una inscripci\u00f3 a la primera columna del costat de l\u2019evangeli.<\/p><p>L&#8217;estructura de l&#8217;esgl\u00e9sia no ha sofert transformacions significatives des d&#8217;aleshores, de manera que l&#8217;estat actual \u00e9s semblant al seu aspecte original.<\/p>\t\t\t\t\t\t\t\t<\/div>\n\t\t\t\t<\/div>\n\t\t\t\t<div class=\"elementor-element elementor-element-3c1e2bdd elementor-widget elementor-widget-image\" data-id=\"3c1e2bdd\" data-element_type=\"widget\" data-e-type=\"widget\" data-widget_type=\"image.default\">\n\t\t\t\t<div class=\"elementor-widget-container\">\n\t\t\t\t\t\t\t\t\t\t\t\t<figure class=\"wp-caption\">\n\t\t\t\t\t\t\t\t\t\t<img loading=\"lazy\" decoding=\"async\" width=\"768\" height=\"512\" src=\"https:\/\/www.elturistatranquil.com\/wp-content\/uploads\/F04-Sant-Climent-de-Taull-Vall-de-Boi-MNAC.jpg\" class=\"attachment-large size-large wp-image-47179\" alt=\"Sant Climent de Taull, Vall de Boi, MNAC\" srcset=\"https:\/\/www.elturistatranquil.com\/wp-content\/uploads\/F04-Sant-Climent-de-Taull-Vall-de-Boi-MNAC.jpg 768w, https:\/\/www.elturistatranquil.com\/wp-content\/uploads\/F04-Sant-Climent-de-Taull-Vall-de-Boi-MNAC-339x226.jpg 339w\" sizes=\"(max-width: 768px) 100vw, 768px\" \/>\t\t\t\t\t\t\t\t\t\t\t<figcaption class=\"widget-image-caption wp-caption-text\">Original de la inscripci\u00f3 conservat al MNAC<\/figcaption>\n\t\t\t\t\t\t\t\t\t\t<\/figure>\n\t\t\t\t\t\t\t\t\t<\/div>\n\t\t\t\t<\/div>\n\t\t\t\t<div class=\"elementor-element elementor-element-3854d516 elementor-widget elementor-widget-text-editor\" data-id=\"3854d516\" data-element_type=\"widget\" data-e-type=\"widget\" data-widget_type=\"text-editor.default\">\n\t\t\t\t<div class=\"elementor-widget-container\">\n\t\t\t\t\t\t\t\t\t<p>Durant el segle XII, l&#8217;esgl\u00e9sia va ser decorada amb pintures murals, que avui en dia es conserven en l&#8217;original al MNAC (Museu Nacional d&#8217;Art de Catalunya).<\/p>\t\t\t\t\t\t\t\t<\/div>\n\t\t\t\t<\/div>\n\t\t\t\t<div class=\"elementor-element elementor-element-44d5f315 elementor-widget elementor-widget-heading\" data-id=\"44d5f315\" data-element_type=\"widget\" data-e-type=\"widget\" data-widget_type=\"heading.default\">\n\t\t\t\t<div class=\"elementor-widget-container\">\n\t\t\t\t\t<h3 class=\"elementor-heading-title elementor-size-default\">L\u2019exterior<\/h3>\t\t\t\t<\/div>\n\t\t\t\t<\/div>\n\t\t\t\t<div class=\"elementor-element elementor-element-3fca343e elementor-widget elementor-widget-text-editor\" data-id=\"3fca343e\" data-element_type=\"widget\" data-e-type=\"widget\" data-widget_type=\"text-editor.default\">\n\t\t\t\t<div class=\"elementor-widget-container\">\n\t\t\t\t\t\t\t\t\t<p>Com s\u2019ha indicat, la trobem a l\u2019entrada de la localitat, a\u00efllada respecte al caseriu. \u00c9s un edifici senzill, de base rectangular irregular i coberta a dos aiguavessos, amb orientaci\u00f3 can\u00f2nica cap a llevant. La simplicitat de l\u2019edifici del cos del temple recorda l\u2019aspecte d\u2019una casa gran, quasi m\u2019atreviria a dir de borda gran, per la quasi abs\u00e8ncia d\u2019obertures, caracter\u00edstica d\u2019aquestes esgl\u00e9sies rurals de la Vall de Bo\u00ed.<\/p><p>La cap\u00e7alera est\u00e0 formada per un absis semicircular central i dues absidioles laterals que s\u2019adapten a l\u2019al\u00e7ada de la coberta. A l\u2019extrem de la cap\u00e7alera del costat de l\u2019ep\u00edstola, hi ha \u00a0una esvelta torre quadrada de set nivells, exempta. Aquesta torre \u00e9s la m\u00e9s alta de tot el conjunt d\u2019esgl\u00e9sies de la Vall de Bo\u00ed.<\/p><p>L\u2019entrada principal s\u2019efectua pels peus del temple, amb una entrada lateral al costat de l\u2019ep\u00edstola, que dona acc\u00e9s al cementiri situat en aquesta zona meridional.<\/p>\t\t\t\t\t\t\t\t<\/div>\n\t\t\t\t<\/div>\n\t\t\t\t<div class=\"elementor-element elementor-element-5998a890 elementor-widget elementor-widget-image\" data-id=\"5998a890\" data-element_type=\"widget\" data-e-type=\"widget\" data-widget_type=\"image.default\">\n\t\t\t\t<div class=\"elementor-widget-container\">\n\t\t\t\t\t\t\t\t\t\t\t\t<figure class=\"wp-caption\">\n\t\t\t\t\t\t\t\t\t\t<img loading=\"lazy\" decoding=\"async\" width=\"768\" height=\"512\" src=\"https:\/\/www.elturistatranquil.com\/wp-content\/uploads\/F05-Sant-Climent-de-Taull-Vall-de-Boi.jpg\" class=\"attachment-large size-large wp-image-47181\" alt=\"Sant Climent de Taull, Vall de Boi\" srcset=\"https:\/\/www.elturistatranquil.com\/wp-content\/uploads\/F05-Sant-Climent-de-Taull-Vall-de-Boi.jpg 768w, https:\/\/www.elturistatranquil.com\/wp-content\/uploads\/F05-Sant-Climent-de-Taull-Vall-de-Boi-339x226.jpg 339w\" sizes=\"(max-width: 768px) 100vw, 768px\" \/>\t\t\t\t\t\t\t\t\t\t\t<figcaption class=\"widget-image-caption wp-caption-text\"><\/figcaption>\n\t\t\t\t\t\t\t\t\t\t<\/figure>\n\t\t\t\t\t\t\t\t\t<\/div>\n\t\t\t\t<\/div>\n\t\t\t\t<div class=\"elementor-element elementor-element-28efff2a elementor-widget elementor-widget-image\" data-id=\"28efff2a\" data-element_type=\"widget\" data-e-type=\"widget\" data-widget_type=\"image.default\">\n\t\t\t\t<div class=\"elementor-widget-container\">\n\t\t\t\t\t\t\t\t\t\t\t\t<figure class=\"wp-caption\">\n\t\t\t\t\t\t\t\t\t\t<img loading=\"lazy\" decoding=\"async\" width=\"768\" height=\"512\" src=\"https:\/\/www.elturistatranquil.com\/wp-content\/uploads\/F06-Sant-Climent-de-Taull-Vall-de-Boi.jpg\" class=\"attachment-large size-large wp-image-47183\" alt=\"Sant Climent de Taull, Vall de Boi\" srcset=\"https:\/\/www.elturistatranquil.com\/wp-content\/uploads\/F06-Sant-Climent-de-Taull-Vall-de-Boi.jpg 768w, https:\/\/www.elturistatranquil.com\/wp-content\/uploads\/F06-Sant-Climent-de-Taull-Vall-de-Boi-339x226.jpg 339w\" sizes=\"(max-width: 768px) 100vw, 768px\" \/>\t\t\t\t\t\t\t\t\t\t\t<figcaption class=\"widget-image-caption wp-caption-text\"><\/figcaption>\n\t\t\t\t\t\t\t\t\t\t<\/figure>\n\t\t\t\t\t\t\t\t\t<\/div>\n\t\t\t\t<\/div>\n\t\t\t\t<div class=\"elementor-element elementor-element-29db6753 elementor-widget elementor-widget-text-editor\" data-id=\"29db6753\" data-element_type=\"widget\" data-e-type=\"widget\" data-widget_type=\"text-editor.default\">\n\t\t\t\t<div class=\"elementor-widget-container\">\n\t\t\t\t\t\t\t\t\t<p>\u00c9s f\u00e0cil poder veure les oques del ve\u00efnat passejant tranquil\u00b7lament pels voltants de l\u2019esgl\u00e9sia.<\/p>\t\t\t\t\t\t\t\t<\/div>\n\t\t\t\t<\/div>\n\t\t\t\t<div class=\"elementor-element elementor-element-734b8399 elementor-widget elementor-widget-image\" data-id=\"734b8399\" data-element_type=\"widget\" data-e-type=\"widget\" data-widget_type=\"image.default\">\n\t\t\t\t<div class=\"elementor-widget-container\">\n\t\t\t\t\t\t\t\t\t\t\t\t<figure class=\"wp-caption\">\n\t\t\t\t\t\t\t\t\t\t<img loading=\"lazy\" decoding=\"async\" width=\"768\" height=\"512\" src=\"https:\/\/www.elturistatranquil.com\/wp-content\/uploads\/F07-Sant-Climent-de-Taull-Vall-de-Boi.jpg\" class=\"attachment-large size-large wp-image-47185\" alt=\"Sant Climent de Taull, Vall de Boi\" srcset=\"https:\/\/www.elturistatranquil.com\/wp-content\/uploads\/F07-Sant-Climent-de-Taull-Vall-de-Boi.jpg 768w, https:\/\/www.elturistatranquil.com\/wp-content\/uploads\/F07-Sant-Climent-de-Taull-Vall-de-Boi-339x226.jpg 339w\" sizes=\"(max-width: 768px) 100vw, 768px\" \/>\t\t\t\t\t\t\t\t\t\t\t<figcaption class=\"widget-image-caption wp-caption-text\"><\/figcaption>\n\t\t\t\t\t\t\t\t\t\t<\/figure>\n\t\t\t\t\t\t\t\t\t<\/div>\n\t\t\t\t<\/div>\n\t\t\t\t<div class=\"elementor-element elementor-element-7cfd61c4 elementor-widget elementor-widget-text-editor\" data-id=\"7cfd61c4\" data-element_type=\"widget\" data-e-type=\"widget\" data-widget_type=\"text-editor.default\">\n\t\t\t\t<div class=\"elementor-widget-container\">\n\t\t\t\t\t\t\t\t\t<p>La f\u00e0brica de l\u2019edifici \u00e9s tot ella de carreu\u00f3. Es van aprofitar alguns murs d\u2019un edifici anterior del segle XI, amb carreu\u00f3 m\u00e9s irregular, visible a la base d\u2019alguns murs.<\/p>\t\t\t\t\t\t\t\t<\/div>\n\t\t\t\t<\/div>\n\t\t\t\t<div class=\"elementor-element elementor-element-1534950a elementor-widget elementor-widget-image\" data-id=\"1534950a\" data-element_type=\"widget\" data-e-type=\"widget\" data-widget_type=\"image.default\">\n\t\t\t\t<div class=\"elementor-widget-container\">\n\t\t\t\t\t\t\t\t\t\t\t\t<figure class=\"wp-caption\">\n\t\t\t\t\t\t\t\t\t\t<img loading=\"lazy\" decoding=\"async\" width=\"768\" height=\"512\" src=\"https:\/\/www.elturistatranquil.com\/wp-content\/uploads\/F08-Sant-Climent-de-Taull-Vall-de-Boi.jpg\" class=\"attachment-large size-large wp-image-47187\" alt=\"Sant Climent de Taull, Vall de Boi\" srcset=\"https:\/\/www.elturistatranquil.com\/wp-content\/uploads\/F08-Sant-Climent-de-Taull-Vall-de-Boi.jpg 768w, https:\/\/www.elturistatranquil.com\/wp-content\/uploads\/F08-Sant-Climent-de-Taull-Vall-de-Boi-339x226.jpg 339w\" sizes=\"(max-width: 768px) 100vw, 768px\" \/>\t\t\t\t\t\t\t\t\t\t\t<figcaption class=\"widget-image-caption wp-caption-text\"><\/figcaption>\n\t\t\t\t\t\t\t\t\t\t<\/figure>\n\t\t\t\t\t\t\t\t\t<\/div>\n\t\t\t\t<\/div>\n\t\t\t\t<div class=\"elementor-element elementor-element-1d0a7cd1 elementor-widget elementor-widget-text-editor\" data-id=\"1d0a7cd1\" data-element_type=\"widget\" data-e-type=\"widget\" data-widget_type=\"text-editor.default\">\n\t\t\t\t<div class=\"elementor-widget-container\">\n\t\t\t\t\t\t\t\t\t<p>La fa\u00e7ana dels peus \u00e9s un gran mur senzill, sense cap ornamentaci\u00f3, amb quatre obertures d\u2019arc de mig punt. Al centre es troba la portada d\u2019entrada, amb un arc de mig punt de dovelles m\u00e9s ben llaurades, que semblen haver estat col\u00b7locades posteriorment. A la part superior hi ha tres finestres que constitueixen pr\u00e0cticament l&#8217;\u00fanica font de llum per a l&#8217;interior del temple.<\/p>\t\t\t\t\t\t\t\t<\/div>\n\t\t\t\t<\/div>\n\t\t\t\t<div class=\"elementor-element elementor-element-186051ec elementor-widget elementor-widget-image\" data-id=\"186051ec\" data-element_type=\"widget\" data-e-type=\"widget\" data-widget_type=\"image.default\">\n\t\t\t\t<div class=\"elementor-widget-container\">\n\t\t\t\t\t\t\t\t\t\t\t\t<figure class=\"wp-caption\">\n\t\t\t\t\t\t\t\t\t\t<img loading=\"lazy\" decoding=\"async\" width=\"768\" height=\"512\" src=\"https:\/\/www.elturistatranquil.com\/wp-content\/uploads\/F09-Sant-Climent-de-Taull-Vall-de-Boi.jpg\" class=\"attachment-large size-large wp-image-47189\" alt=\"Sant Climent de Taull, Vall de Boi\" srcset=\"https:\/\/www.elturistatranquil.com\/wp-content\/uploads\/F09-Sant-Climent-de-Taull-Vall-de-Boi.jpg 768w, https:\/\/www.elturistatranquil.com\/wp-content\/uploads\/F09-Sant-Climent-de-Taull-Vall-de-Boi-339x226.jpg 339w\" sizes=\"(max-width: 768px) 100vw, 768px\" \/>\t\t\t\t\t\t\t\t\t\t\t<figcaption class=\"widget-image-caption wp-caption-text\"><\/figcaption>\n\t\t\t\t\t\t\t\t\t\t<\/figure>\n\t\t\t\t\t\t\t\t\t<\/div>\n\t\t\t\t<\/div>\n\t\t\t\t<div class=\"elementor-element elementor-element-3041dcb2 elementor-widget elementor-widget-heading\" data-id=\"3041dcb2\" data-element_type=\"widget\" data-e-type=\"widget\" data-widget_type=\"heading.default\">\n\t\t\t\t<div class=\"elementor-widget-container\">\n\t\t\t\t\t<h4 class=\"elementor-heading-title elementor-size-default\">Els absis<\/h4>\t\t\t\t<\/div>\n\t\t\t\t<\/div>\n\t\t\t\t<div class=\"elementor-element elementor-element-5ffc9e97 elementor-widget elementor-widget-text-editor\" data-id=\"5ffc9e97\" data-element_type=\"widget\" data-e-type=\"widget\" data-widget_type=\"text-editor.default\">\n\t\t\t\t<div class=\"elementor-widget-container\">\n\t\t\t\t\t\t\t\t\t<p>Els absis s\u00f3n les \u00faniques parts de l&#8217;edifici que mostren els elements caracter\u00edstics de l&#8217;estil llombard. Presenten arcuacions cegues a la part superior, amb un fris de dents de serra sobre elles, aix\u00ed com lesenes semicirculars per refor\u00e7ar i embellir l&#8217;estructura.<\/p><p>L&#8217;absis central t\u00e9 tres finestres estretes amb arcs de mig punt a la part inferior, i a la part superior hi ha una finestra m\u00e9s gran al centre i dos \u00f2culs circulars alineats amb les finestres laterals. En el mur del temple per sobre de les absidioles hi ha \u00a0dos altres punts de llum, tamb\u00e9 d\u2019arc de mig punt.<\/p>\t\t\t\t\t\t\t\t<\/div>\n\t\t\t\t<\/div>\n\t\t\t\t<div class=\"elementor-element elementor-element-35e1e920 elementor-widget elementor-widget-image\" data-id=\"35e1e920\" data-element_type=\"widget\" data-e-type=\"widget\" data-widget_type=\"image.default\">\n\t\t\t\t<div class=\"elementor-widget-container\">\n\t\t\t\t\t\t\t\t\t\t\t\t<figure class=\"wp-caption\">\n\t\t\t\t\t\t\t\t\t\t<img loading=\"lazy\" decoding=\"async\" width=\"768\" height=\"511\" src=\"https:\/\/www.elturistatranquil.com\/wp-content\/uploads\/F10-Sant-Climent-de-Taull-Vall-de-Boi.jpg\" class=\"attachment-large size-large wp-image-47194\" alt=\"Sant Climent de Taull, Vall de Boi\" srcset=\"https:\/\/www.elturistatranquil.com\/wp-content\/uploads\/F10-Sant-Climent-de-Taull-Vall-de-Boi.jpg 768w, https:\/\/www.elturistatranquil.com\/wp-content\/uploads\/F10-Sant-Climent-de-Taull-Vall-de-Boi-339x226.jpg 339w\" sizes=\"(max-width: 768px) 100vw, 768px\" \/>\t\t\t\t\t\t\t\t\t\t\t<figcaption class=\"widget-image-caption wp-caption-text\"><\/figcaption>\n\t\t\t\t\t\t\t\t\t\t<\/figure>\n\t\t\t\t\t\t\t\t\t<\/div>\n\t\t\t\t<\/div>\n\t\t\t\t<div class=\"elementor-element elementor-element-4aaa7c20 elementor-widget elementor-widget-text-editor\" data-id=\"4aaa7c20\" data-element_type=\"widget\" data-e-type=\"widget\" data-widget_type=\"text-editor.default\">\n\t\t\t\t<div class=\"elementor-widget-container\">\n\t\t\t\t\t\t\t\t\t<p>Un dels dos arcs triomfals d\u2019entrada a l\u2019absis a l\u2019interior del tempres sobresurt amb una petita coberta unida, formant un estret presbiteri. A la part superior de la coberta sobresurt una petita espadanya.<\/p>\t\t\t\t\t\t\t\t<\/div>\n\t\t\t\t<\/div>\n\t\t\t\t<div class=\"elementor-element elementor-element-29cc3f1c elementor-widget elementor-widget-image\" data-id=\"29cc3f1c\" data-element_type=\"widget\" data-e-type=\"widget\" data-widget_type=\"image.default\">\n\t\t\t\t<div class=\"elementor-widget-container\">\n\t\t\t\t\t\t\t\t\t\t\t\t<figure class=\"wp-caption\">\n\t\t\t\t\t\t\t\t\t\t<img loading=\"lazy\" decoding=\"async\" width=\"768\" height=\"512\" src=\"https:\/\/www.elturistatranquil.com\/wp-content\/uploads\/F11-Sant-Climent-de-Taull-Vall-de-Boi.jpg\" class=\"attachment-large size-large wp-image-47196\" alt=\"Sant Climent de Taull, Vall de Boi\" srcset=\"https:\/\/www.elturistatranquil.com\/wp-content\/uploads\/F11-Sant-Climent-de-Taull-Vall-de-Boi.jpg 768w, https:\/\/www.elturistatranquil.com\/wp-content\/uploads\/F11-Sant-Climent-de-Taull-Vall-de-Boi-339x226.jpg 339w\" sizes=\"(max-width: 768px) 100vw, 768px\" \/>\t\t\t\t\t\t\t\t\t\t\t<figcaption class=\"widget-image-caption wp-caption-text\"><\/figcaption>\n\t\t\t\t\t\t\t\t\t\t<\/figure>\n\t\t\t\t\t\t\t\t\t<\/div>\n\t\t\t\t<\/div>\n\t\t\t\t<div class=\"elementor-element elementor-element-311266 elementor-widget elementor-widget-image\" data-id=\"311266\" data-element_type=\"widget\" data-e-type=\"widget\" data-widget_type=\"image.default\">\n\t\t\t\t<div class=\"elementor-widget-container\">\n\t\t\t\t\t\t\t\t\t\t\t\t<figure class=\"wp-caption\">\n\t\t\t\t\t\t\t\t\t\t<img loading=\"lazy\" decoding=\"async\" width=\"768\" height=\"511\" src=\"https:\/\/www.elturistatranquil.com\/wp-content\/uploads\/F12-Sant-Climent-de-Taull-Vall-de-Boi.jpg\" class=\"attachment-large size-large wp-image-47198\" alt=\"Sant Climent de Taull, Vall de Boi\" srcset=\"https:\/\/www.elturistatranquil.com\/wp-content\/uploads\/F12-Sant-Climent-de-Taull-Vall-de-Boi.jpg 768w, https:\/\/www.elturistatranquil.com\/wp-content\/uploads\/F12-Sant-Climent-de-Taull-Vall-de-Boi-339x226.jpg 339w\" sizes=\"(max-width: 768px) 100vw, 768px\" \/>\t\t\t\t\t\t\t\t\t\t\t<figcaption class=\"widget-image-caption wp-caption-text\"><\/figcaption>\n\t\t\t\t\t\t\t\t\t\t<\/figure>\n\t\t\t\t\t\t\t\t\t<\/div>\n\t\t\t\t<\/div>\n\t\t\t\t<div class=\"elementor-element elementor-element-3636a6e9 elementor-widget elementor-widget-text-editor\" data-id=\"3636a6e9\" data-element_type=\"widget\" data-e-type=\"widget\" data-widget_type=\"text-editor.default\">\n\t\t\t\t<div class=\"elementor-widget-container\">\n\t\t\t\t\t\t\t\t\t<p>En les arcuacions, el fris i part de les finestres es va utilitzar pedra rogenca, que aporta un cert atractiu decoratiu de color a la sobrietat del conjunt.<\/p>\t\t\t\t\t\t\t\t<\/div>\n\t\t\t\t<\/div>\n\t\t\t\t<div class=\"elementor-element elementor-element-2f08d1d9 elementor-widget elementor-widget-image\" data-id=\"2f08d1d9\" data-element_type=\"widget\" data-e-type=\"widget\" data-widget_type=\"image.default\">\n\t\t\t\t<div class=\"elementor-widget-container\">\n\t\t\t\t\t\t\t\t\t\t\t\t<figure class=\"wp-caption\">\n\t\t\t\t\t\t\t\t\t\t<img loading=\"lazy\" decoding=\"async\" width=\"768\" height=\"511\" src=\"https:\/\/www.elturistatranquil.com\/wp-content\/uploads\/F13-Sant-Climent-de-Taull-Vall-de-Boi.jpg\" class=\"attachment-large size-large wp-image-47200\" alt=\"Sant Climent de Taull, Vall de Boi\" srcset=\"https:\/\/www.elturistatranquil.com\/wp-content\/uploads\/F13-Sant-Climent-de-Taull-Vall-de-Boi.jpg 768w, https:\/\/www.elturistatranquil.com\/wp-content\/uploads\/F13-Sant-Climent-de-Taull-Vall-de-Boi-339x226.jpg 339w\" sizes=\"(max-width: 768px) 100vw, 768px\" \/>\t\t\t\t\t\t\t\t\t\t\t<figcaption class=\"widget-image-caption wp-caption-text\"><\/figcaption>\n\t\t\t\t\t\t\t\t\t\t<\/figure>\n\t\t\t\t\t\t\t\t\t<\/div>\n\t\t\t\t<\/div>\n\t\t\t\t<div class=\"elementor-element elementor-element-39a4a533 elementor-widget elementor-widget-text-editor\" data-id=\"39a4a533\" data-element_type=\"widget\" data-e-type=\"widget\" data-widget_type=\"text-editor.default\">\n\t\t\t\t<div class=\"elementor-widget-container\">\n\t\t\t\t\t\t\t\t\t<p>La talla de tots aquests elements decoratius \u00e9s primitiva i, des del punt de vista geom\u00e8tric, poc precisa. En els punts d&#8217;uni\u00f3 entre la lesena semicircular i l&#8217;arcuaci\u00f3, s&#8217;observen uns t\u00edmids dibuixos geom\u00e8trics de capitell.<\/p>\t\t\t\t\t\t\t\t<\/div>\n\t\t\t\t<\/div>\n\t\t\t\t<section class=\"elementor-section elementor-inner-section elementor-element elementor-element-2c7231ff elementor-section-boxed elementor-section-height-default elementor-section-height-default\" data-id=\"2c7231ff\" data-element_type=\"section\" data-e-type=\"section\">\n\t\t\t\t\t\t<div class=\"elementor-container elementor-column-gap-default\">\n\t\t\t\t\t<div class=\"elementor-column elementor-col-50 elementor-inner-column elementor-element elementor-element-5d12b4c5\" data-id=\"5d12b4c5\" data-element_type=\"column\" data-e-type=\"column\">\n\t\t\t<div class=\"elementor-widget-wrap elementor-element-populated\">\n\t\t\t\t\t\t<div class=\"elementor-element elementor-element-3ca81b76 elementor-widget elementor-widget-image\" data-id=\"3ca81b76\" data-element_type=\"widget\" data-e-type=\"widget\" data-widget_type=\"image.default\">\n\t\t\t\t<div class=\"elementor-widget-container\">\n\t\t\t\t\t\t\t\t\t\t\t\t\t\t\t<img loading=\"lazy\" decoding=\"async\" width=\"380\" height=\"380\" src=\"https:\/\/www.elturistatranquil.com\/wp-content\/uploads\/F15m-Sant-Climent-de-Taull-Vall-de-Boi.jpg\" class=\"attachment-large size-large wp-image-47205\" alt=\"Sant Climent de Taull, Vall de Boi\" srcset=\"https:\/\/www.elturistatranquil.com\/wp-content\/uploads\/F15m-Sant-Climent-de-Taull-Vall-de-Boi.jpg 380w, https:\/\/www.elturistatranquil.com\/wp-content\/uploads\/F15m-Sant-Climent-de-Taull-Vall-de-Boi-226x226.jpg 226w\" sizes=\"(max-width: 380px) 100vw, 380px\" \/>\t\t\t\t\t\t\t\t\t\t\t\t\t\t\t<\/div>\n\t\t\t\t<\/div>\n\t\t\t\t\t<\/div>\n\t\t<\/div>\n\t\t\t\t<div class=\"elementor-column elementor-col-50 elementor-inner-column elementor-element elementor-element-20b7b77b\" data-id=\"20b7b77b\" data-element_type=\"column\" data-e-type=\"column\">\n\t\t\t<div class=\"elementor-widget-wrap elementor-element-populated\">\n\t\t\t\t\t\t<div class=\"elementor-element elementor-element-2ef6ff94 elementor-widget elementor-widget-image\" data-id=\"2ef6ff94\" data-element_type=\"widget\" data-e-type=\"widget\" data-widget_type=\"image.default\">\n\t\t\t\t<div class=\"elementor-widget-container\">\n\t\t\t\t\t\t\t\t\t\t\t\t\t\t\t<img loading=\"lazy\" decoding=\"async\" width=\"380\" height=\"380\" src=\"https:\/\/www.elturistatranquil.com\/wp-content\/uploads\/F15n-Sant-Climent-de-Taull-Vall-de-Boi.jpg\" class=\"attachment-large size-large wp-image-47207\" alt=\"Sant Climent de Taull, Vall de Boi\" srcset=\"https:\/\/www.elturistatranquil.com\/wp-content\/uploads\/F15n-Sant-Climent-de-Taull-Vall-de-Boi.jpg 380w, https:\/\/www.elturistatranquil.com\/wp-content\/uploads\/F15n-Sant-Climent-de-Taull-Vall-de-Boi-226x226.jpg 226w\" sizes=\"(max-width: 380px) 100vw, 380px\" \/>\t\t\t\t\t\t\t\t\t\t\t\t\t\t\t<\/div>\n\t\t\t\t<\/div>\n\t\t\t\t\t<\/div>\n\t\t<\/div>\n\t\t\t\t\t<\/div>\n\t\t<\/section>\n\t\t\t\t<section class=\"elementor-section elementor-inner-section elementor-element elementor-element-36acc6b elementor-section-boxed elementor-section-height-default elementor-section-height-default\" data-id=\"36acc6b\" data-element_type=\"section\" data-e-type=\"section\">\n\t\t\t\t\t\t<div class=\"elementor-container elementor-column-gap-default\">\n\t\t\t\t\t<div class=\"elementor-column elementor-col-50 elementor-inner-column elementor-element elementor-element-4ee0f5d4\" data-id=\"4ee0f5d4\" data-element_type=\"column\" data-e-type=\"column\">\n\t\t\t<div class=\"elementor-widget-wrap elementor-element-populated\">\n\t\t\t\t\t\t<div class=\"elementor-element elementor-element-51df9c6c elementor-widget elementor-widget-image\" data-id=\"51df9c6c\" data-element_type=\"widget\" data-e-type=\"widget\" data-widget_type=\"image.default\">\n\t\t\t\t<div class=\"elementor-widget-container\">\n\t\t\t\t\t\t\t\t\t\t\t\t\t\t\t<img loading=\"lazy\" decoding=\"async\" width=\"380\" height=\"380\" src=\"https:\/\/www.elturistatranquil.com\/wp-content\/uploads\/F15o-Sant-Climent-de-Taull-Vall-de-Boi.jpg\" class=\"attachment-large size-large wp-image-47209\" alt=\"Sant Climent de Taull, Vall de Boi\" srcset=\"https:\/\/www.elturistatranquil.com\/wp-content\/uploads\/F15o-Sant-Climent-de-Taull-Vall-de-Boi.jpg 380w, https:\/\/www.elturistatranquil.com\/wp-content\/uploads\/F15o-Sant-Climent-de-Taull-Vall-de-Boi-226x226.jpg 226w\" sizes=\"(max-width: 380px) 100vw, 380px\" \/>\t\t\t\t\t\t\t\t\t\t\t\t\t\t\t<\/div>\n\t\t\t\t<\/div>\n\t\t\t\t\t<\/div>\n\t\t<\/div>\n\t\t\t\t<div class=\"elementor-column elementor-col-50 elementor-inner-column elementor-element elementor-element-4b8f27c9\" data-id=\"4b8f27c9\" data-element_type=\"column\" data-e-type=\"column\">\n\t\t\t<div class=\"elementor-widget-wrap elementor-element-populated\">\n\t\t\t\t\t\t<div class=\"elementor-element elementor-element-7553c69 elementor-widget elementor-widget-image\" data-id=\"7553c69\" data-element_type=\"widget\" data-e-type=\"widget\" data-widget_type=\"image.default\">\n\t\t\t\t<div class=\"elementor-widget-container\">\n\t\t\t\t\t\t\t\t\t\t\t\t\t\t\t<img loading=\"lazy\" decoding=\"async\" width=\"380\" height=\"380\" src=\"https:\/\/www.elturistatranquil.com\/wp-content\/uploads\/F15p-Sant-Climent-de-Taull-Vall-de-Boi.jpg\" class=\"attachment-large size-large wp-image-47211\" alt=\"Sant Climent de Taull, Vall de Boi\" srcset=\"https:\/\/www.elturistatranquil.com\/wp-content\/uploads\/F15p-Sant-Climent-de-Taull-Vall-de-Boi.jpg 380w, https:\/\/www.elturistatranquil.com\/wp-content\/uploads\/F15p-Sant-Climent-de-Taull-Vall-de-Boi-226x226.jpg 226w\" sizes=\"(max-width: 380px) 100vw, 380px\" \/>\t\t\t\t\t\t\t\t\t\t\t\t\t\t\t<\/div>\n\t\t\t\t<\/div>\n\t\t\t\t\t<\/div>\n\t\t<\/div>\n\t\t\t\t\t<\/div>\n\t\t<\/section>\n\t\t\t\t<div class=\"elementor-element elementor-element-47807ed8 elementor-widget elementor-widget-text-editor\" data-id=\"47807ed8\" data-element_type=\"widget\" data-e-type=\"widget\" data-widget_type=\"text-editor.default\">\n\t\t\t\t<div class=\"elementor-widget-container\">\n\t\t\t\t\t\t\t\t\t<p>\u00a0<\/p><p>El lateral septentrional, del costat de l\u2019evangeli, \u00e9s un mur llis, sense cap obertura. El lateral meridional, al qual s\u2019adossa el cementiri, disposa de dues portes i una estreta obertura rectangular a la part central superior.<\/p>\t\t\t\t\t\t\t\t<\/div>\n\t\t\t\t<\/div>\n\t\t\t\t<div class=\"elementor-element elementor-element-bb32657 elementor-widget elementor-widget-image\" data-id=\"bb32657\" data-element_type=\"widget\" data-e-type=\"widget\" data-widget_type=\"image.default\">\n\t\t\t\t<div class=\"elementor-widget-container\">\n\t\t\t\t\t\t\t\t\t\t\t\t<figure class=\"wp-caption\">\n\t\t\t\t\t\t\t\t\t\t<img loading=\"lazy\" decoding=\"async\" width=\"768\" height=\"511\" src=\"https:\/\/www.elturistatranquil.com\/wp-content\/uploads\/F16-Sant-Climent-de-Taull-Vall-de-Boi.jpg\" class=\"attachment-large size-large wp-image-47216\" alt=\"Sant Climent de Taull, Vall de Boi\" srcset=\"https:\/\/www.elturistatranquil.com\/wp-content\/uploads\/F16-Sant-Climent-de-Taull-Vall-de-Boi.jpg 768w, https:\/\/www.elturistatranquil.com\/wp-content\/uploads\/F16-Sant-Climent-de-Taull-Vall-de-Boi-339x226.jpg 339w\" sizes=\"(max-width: 768px) 100vw, 768px\" \/>\t\t\t\t\t\t\t\t\t\t\t<figcaption class=\"widget-image-caption wp-caption-text\"><\/figcaption>\n\t\t\t\t\t\t\t\t\t\t<\/figure>\n\t\t\t\t\t\t\t\t\t<\/div>\n\t\t\t\t<\/div>\n\t\t\t\t<div class=\"elementor-element elementor-element-3a8c8e5 elementor-widget elementor-widget-text-editor\" data-id=\"3a8c8e5\" data-element_type=\"widget\" data-e-type=\"widget\" data-widget_type=\"text-editor.default\">\n\t\t\t\t<div class=\"elementor-widget-container\">\n\t\t\t\t\t\t\t\t\t<p>La coberta a dos aiguavessos, sobre una armadura de fusta, recoberta de pissarra.<\/p>\t\t\t\t\t\t\t\t<\/div>\n\t\t\t\t<\/div>\n\t\t\t\t<div class=\"elementor-element elementor-element-21cf2053 elementor-widget elementor-widget-heading\" data-id=\"21cf2053\" data-element_type=\"widget\" data-e-type=\"widget\" data-widget_type=\"heading.default\">\n\t\t\t\t<div class=\"elementor-widget-container\">\n\t\t\t\t\t<h4 class=\"elementor-heading-title elementor-size-default\">La torre-campanar<\/h4>\t\t\t\t<\/div>\n\t\t\t\t<\/div>\n\t\t\t\t<div class=\"elementor-element elementor-element-46ba6782 elementor-widget elementor-widget-text-editor\" data-id=\"46ba6782\" data-element_type=\"widget\" data-e-type=\"widget\" data-widget_type=\"text-editor.default\">\n\t\t\t\t<div class=\"elementor-widget-container\">\n\t\t\t\t\t\t\t\t\t<p>L\u2019element extern m\u00e9s simb\u00f2lic i caracter\u00edstic el constitueix la torre-campanar exempta enlla\u00e7ada al temple per la base, per on t\u00e9 l\u2019entrada. Amb set nivells, \u00e9s la m\u00e9s alta del conjunt d\u2019esgl\u00e9sies rom\u00e0niques de la Vall.<\/p><p>La torre t\u00e9 planta quadrada i guanya lleugeresa a mesura que s\u2019eleva, composant els forats dels finestrals com un triangle invertit.<\/p><p>El primer tram de la base es mass\u00eds i continu, sense cap obertura. A partir del segon tram els angles queden ressaltats amb lesenes, mentre que cada nivell a partir del quart queda definit per un fris de dents de serra i arcuacions cegues.<\/p><p>Les obertures s\u00f3n iguals en cada costat i la majoria s\u00f3n finestres geminades que consisteixen en dos arcs de mig punt separats per una columna rectangular, excepte la primera obertura que \u00e9s estreta i fa que la base sigui m\u00e9s massissa, i la tercera que \u00e9s un finestral trifori.<\/p><p>Igual que als absis, la qualitat geom\u00e8trica de tota l\u2019arqueria \u00e9s molt primitiva i r\u00fastega.<\/p><p>La torre est\u00e0 remata amb una coberta piramidal de pissarra.<\/p>\t\t\t\t\t\t\t\t<\/div>\n\t\t\t\t<\/div>\n\t\t\t\t<div class=\"elementor-element elementor-element-72e89420 elementor-widget elementor-widget-image\" data-id=\"72e89420\" data-element_type=\"widget\" data-e-type=\"widget\" data-widget_type=\"image.default\">\n\t\t\t\t<div class=\"elementor-widget-container\">\n\t\t\t\t\t\t\t\t\t\t\t\t<figure class=\"wp-caption\">\n\t\t\t\t\t\t\t\t\t\t<img loading=\"lazy\" decoding=\"async\" width=\"768\" height=\"511\" src=\"https:\/\/www.elturistatranquil.com\/wp-content\/uploads\/F18-Sant-Climent-de-Taull-Vall-de-Boi.jpg\" class=\"attachment-large size-large wp-image-47218\" alt=\"Sant Climent de Taull, Vall de Boi\" srcset=\"https:\/\/www.elturistatranquil.com\/wp-content\/uploads\/F18-Sant-Climent-de-Taull-Vall-de-Boi.jpg 768w, https:\/\/www.elturistatranquil.com\/wp-content\/uploads\/F18-Sant-Climent-de-Taull-Vall-de-Boi-339x226.jpg 339w\" sizes=\"(max-width: 768px) 100vw, 768px\" \/>\t\t\t\t\t\t\t\t\t\t\t<figcaption class=\"widget-image-caption wp-caption-text\"><\/figcaption>\n\t\t\t\t\t\t\t\t\t\t<\/figure>\n\t\t\t\t\t\t\t\t\t<\/div>\n\t\t\t\t<\/div>\n\t\t\t\t<div class=\"elementor-element elementor-element-23b293a9 elementor-widget elementor-widget-image\" data-id=\"23b293a9\" data-element_type=\"widget\" data-e-type=\"widget\" data-widget_type=\"image.default\">\n\t\t\t\t<div class=\"elementor-widget-container\">\n\t\t\t\t\t\t\t\t\t\t\t\t<figure class=\"wp-caption\">\n\t\t\t\t\t\t\t\t\t\t<img loading=\"lazy\" decoding=\"async\" width=\"768\" height=\"511\" src=\"https:\/\/www.elturistatranquil.com\/wp-content\/uploads\/F20-Sant-Climent-de-Taull-Vall-de-Boi.jpg\" class=\"attachment-large size-large wp-image-47220\" alt=\"Sant Climent de Taull, Vall de Boi\" srcset=\"https:\/\/www.elturistatranquil.com\/wp-content\/uploads\/F20-Sant-Climent-de-Taull-Vall-de-Boi.jpg 768w, https:\/\/www.elturistatranquil.com\/wp-content\/uploads\/F20-Sant-Climent-de-Taull-Vall-de-Boi-339x226.jpg 339w\" sizes=\"(max-width: 768px) 100vw, 768px\" \/>\t\t\t\t\t\t\t\t\t\t\t<figcaption class=\"widget-image-caption wp-caption-text\"><\/figcaption>\n\t\t\t\t\t\t\t\t\t\t<\/figure>\n\t\t\t\t\t\t\t\t\t<\/div>\n\t\t\t\t<\/div>\n\t\t\t\t<div class=\"elementor-element elementor-element-45c61f7a elementor-widget elementor-widget-text-editor\" data-id=\"45c61f7a\" data-element_type=\"widget\" data-e-type=\"widget\" data-widget_type=\"text-editor.default\">\n\t\t\t\t<div class=\"elementor-widget-container\">\n\t\t\t\t\t\t\t\t\t<p>En alguns punts de la torre i a l\u2019arc exterior de la finestra gran de l\u2019absis es conserven restes d\u2019arrebossat amb pintura rom\u00e0nica de color vermell. Aix\u00f2 fa pensar que originalment tots els murs exterior estarien arrebossats i pintats.<\/p>\t\t\t\t\t\t\t\t<\/div>\n\t\t\t\t<\/div>\n\t\t\t\t<section class=\"elementor-section elementor-inner-section elementor-element elementor-element-1b83a73e elementor-section-boxed elementor-section-height-default elementor-section-height-default\" data-id=\"1b83a73e\" data-element_type=\"section\" data-e-type=\"section\">\n\t\t\t\t\t\t<div class=\"elementor-container elementor-column-gap-default\">\n\t\t\t\t\t<div class=\"elementor-column elementor-col-50 elementor-inner-column elementor-element elementor-element-616820e8\" data-id=\"616820e8\" data-element_type=\"column\" data-e-type=\"column\">\n\t\t\t<div class=\"elementor-widget-wrap elementor-element-populated\">\n\t\t\t\t\t\t<div class=\"elementor-element elementor-element-1e3a6b78 elementor-widget elementor-widget-image\" data-id=\"1e3a6b78\" data-element_type=\"widget\" data-e-type=\"widget\" data-widget_type=\"image.default\">\n\t\t\t\t<div class=\"elementor-widget-container\">\n\t\t\t\t\t\t\t\t\t\t\t\t\t\t\t<img loading=\"lazy\" decoding=\"async\" width=\"380\" height=\"381\" src=\"https:\/\/www.elturistatranquil.com\/wp-content\/uploads\/F21m-Sant-Climent-de-Taull-Vall-de-Boi.jpg\" class=\"attachment-large size-large wp-image-47222\" alt=\"Sant Climent de Taull, Vall de Boi\" srcset=\"https:\/\/www.elturistatranquil.com\/wp-content\/uploads\/F21m-Sant-Climent-de-Taull-Vall-de-Boi.jpg 380w, https:\/\/www.elturistatranquil.com\/wp-content\/uploads\/F21m-Sant-Climent-de-Taull-Vall-de-Boi-225x226.jpg 225w\" sizes=\"(max-width: 380px) 100vw, 380px\" \/>\t\t\t\t\t\t\t\t\t\t\t\t\t\t\t<\/div>\n\t\t\t\t<\/div>\n\t\t\t\t\t<\/div>\n\t\t<\/div>\n\t\t\t\t<div class=\"elementor-column elementor-col-50 elementor-inner-column elementor-element elementor-element-5f294d2a\" data-id=\"5f294d2a\" data-element_type=\"column\" data-e-type=\"column\">\n\t\t\t<div class=\"elementor-widget-wrap elementor-element-populated\">\n\t\t\t\t\t\t<div class=\"elementor-element elementor-element-24a1cc54 elementor-widget elementor-widget-image\" data-id=\"24a1cc54\" data-element_type=\"widget\" data-e-type=\"widget\" data-widget_type=\"image.default\">\n\t\t\t\t<div class=\"elementor-widget-container\">\n\t\t\t\t\t\t\t\t\t\t\t\t\t\t\t<img loading=\"lazy\" decoding=\"async\" width=\"380\" height=\"380\" src=\"https:\/\/www.elturistatranquil.com\/wp-content\/uploads\/F21n-Sant-Climent-de-Taull-Vall-de-Boi.jpg\" class=\"attachment-large size-large wp-image-47224\" alt=\"Sant Climent de Taull, Vall de Boi\" srcset=\"https:\/\/www.elturistatranquil.com\/wp-content\/uploads\/F21n-Sant-Climent-de-Taull-Vall-de-Boi.jpg 380w, https:\/\/www.elturistatranquil.com\/wp-content\/uploads\/F21n-Sant-Climent-de-Taull-Vall-de-Boi-226x226.jpg 226w\" sizes=\"(max-width: 380px) 100vw, 380px\" \/>\t\t\t\t\t\t\t\t\t\t\t\t\t\t\t<\/div>\n\t\t\t\t<\/div>\n\t\t\t\t\t<\/div>\n\t\t<\/div>\n\t\t\t\t\t<\/div>\n\t\t<\/section>\n\t\t\t\t<div class=\"elementor-element elementor-element-609c7a58 elementor-widget elementor-widget-heading\" data-id=\"609c7a58\" data-element_type=\"widget\" data-e-type=\"widget\" data-widget_type=\"heading.default\">\n\t\t\t\t<div class=\"elementor-widget-container\">\n\t\t\t\t\t<h3 class=\"elementor-heading-title elementor-size-default\">L\u2019interior<\/h3>\t\t\t\t<\/div>\n\t\t\t\t<\/div>\n\t\t\t\t<div class=\"elementor-element elementor-element-7ffcffee elementor-widget elementor-widget-text-editor\" data-id=\"7ffcffee\" data-element_type=\"widget\" data-e-type=\"widget\" data-widget_type=\"text-editor.default\">\n\t\t\t\t<div class=\"elementor-widget-container\">\n\t\t\t\t\t\t\t\t\t<p>Estem davant una planta basilical irregular de tres naus i quatre trams, en que els absis no segueixen exactament l\u2019eix de les naus, i on el fons \u00e9s m\u00e9s ample que la cap\u00e7alera.<\/p><p>La longitud total del temple es d\u2019uns 18,10 m; l\u2019amplada total als absis \u00e9s de 12.40 m i al peus de 13,80 m, sense que\u00a0 el frontal sigui perpendicular als laterals. L\u2019al\u00e7ada m\u00e0xima exterior \u00e9s de 10 metres. La torre t\u00e9 uns 26 metres d\u2019altura.<\/p>\t\t\t\t\t\t\t\t<\/div>\n\t\t\t\t<\/div>\n\t\t\t\t<div class=\"elementor-element elementor-element-d1d9da2 elementor-widget elementor-widget-image\" data-id=\"d1d9da2\" data-element_type=\"widget\" data-e-type=\"widget\" data-widget_type=\"image.default\">\n\t\t\t\t<div class=\"elementor-widget-container\">\n\t\t\t\t\t\t\t\t\t\t\t\t<figure class=\"wp-caption\">\n\t\t\t\t\t\t\t\t\t\t<img loading=\"lazy\" decoding=\"async\" width=\"768\" height=\"512\" src=\"https:\/\/www.elturistatranquil.com\/wp-content\/uploads\/F22-Planta-de-Sant-Climent-de-Taull-Vall-de-Boi.jpg\" class=\"attachment-large size-large wp-image-47226\" alt=\"Planta de Sant Climent de Taull, Vall de Boi\" srcset=\"https:\/\/www.elturistatranquil.com\/wp-content\/uploads\/F22-Planta-de-Sant-Climent-de-Taull-Vall-de-Boi.jpg 768w, https:\/\/www.elturistatranquil.com\/wp-content\/uploads\/F22-Planta-de-Sant-Climent-de-Taull-Vall-de-Boi-339x226.jpg 339w\" sizes=\"(max-width: 768px) 100vw, 768px\" \/>\t\t\t\t\t\t\t\t\t\t\t<figcaption class=\"widget-image-caption wp-caption-text\"><\/figcaption>\n\t\t\t\t\t\t\t\t\t\t<\/figure>\n\t\t\t\t\t\t\t\t\t<\/div>\n\t\t\t\t<\/div>\n\t\t\t\t<div class=\"elementor-element elementor-element-496f815f elementor-widget elementor-widget-text-editor\" data-id=\"496f815f\" data-element_type=\"widget\" data-e-type=\"widget\" data-widget_type=\"text-editor.default\">\n\t\t\t\t<div class=\"elementor-widget-container\">\n\t\t\t\t\t\t\t\t\t<p>Les naus estan separades per arcs formers que es sostenen en columnes circulars.<\/p>\t\t\t\t\t\t\t\t<\/div>\n\t\t\t\t<\/div>\n\t\t\t\t<div class=\"elementor-element elementor-element-cbb7614 elementor-widget elementor-widget-image\" data-id=\"cbb7614\" data-element_type=\"widget\" data-e-type=\"widget\" data-widget_type=\"image.default\">\n\t\t\t\t<div class=\"elementor-widget-container\">\n\t\t\t\t\t\t\t\t\t\t\t\t<figure class=\"wp-caption\">\n\t\t\t\t\t\t\t\t\t\t<img loading=\"lazy\" decoding=\"async\" width=\"439\" height=\"590\" src=\"https:\/\/www.elturistatranquil.com\/wp-content\/uploads\/F23a-Sant-Climent-de-Taull-Vall-de-Boi-1904.jpg\" class=\"attachment-large size-large wp-image-47231\" alt=\"Sant Climent de Taull, Vall de Boi, 1907\" srcset=\"https:\/\/www.elturistatranquil.com\/wp-content\/uploads\/F23a-Sant-Climent-de-Taull-Vall-de-Boi-1904.jpg 439w, https:\/\/www.elturistatranquil.com\/wp-content\/uploads\/F23a-Sant-Climent-de-Taull-Vall-de-Boi-1904-168x226.jpg 168w\" sizes=\"(max-width: 439px) 100vw, 439px\" \/>\t\t\t\t\t\t\t\t\t\t\t<figcaption class=\"widget-image-caption wp-caption-text\">Estat de l\u2019interior a l\u2019any 1907<\/figcaption>\n\t\t\t\t\t\t\t\t\t\t<\/figure>\n\t\t\t\t\t\t\t\t\t<\/div>\n\t\t\t\t<\/div>\n\t\t\t\t<div class=\"elementor-element elementor-element-7d71e376 elementor-widget elementor-widget-image\" data-id=\"7d71e376\" data-element_type=\"widget\" data-e-type=\"widget\" data-widget_type=\"image.default\">\n\t\t\t\t<div class=\"elementor-widget-container\">\n\t\t\t\t\t\t\t\t\t\t\t\t<figure class=\"wp-caption\">\n\t\t\t\t\t\t\t\t\t\t<img loading=\"lazy\" decoding=\"async\" width=\"768\" height=\"512\" src=\"https:\/\/www.elturistatranquil.com\/wp-content\/uploads\/F23b-Sant-Climent-de-Taull-Vall-de-Boi.jpg\" class=\"attachment-large size-large wp-image-47233\" alt=\"Sant Climent de Taull, Vall de Boi\" srcset=\"https:\/\/www.elturistatranquil.com\/wp-content\/uploads\/F23b-Sant-Climent-de-Taull-Vall-de-Boi.jpg 768w, https:\/\/www.elturistatranquil.com\/wp-content\/uploads\/F23b-Sant-Climent-de-Taull-Vall-de-Boi-339x226.jpg 339w\" sizes=\"(max-width: 768px) 100vw, 768px\" \/>\t\t\t\t\t\t\t\t\t\t\t<figcaption class=\"widget-image-caption wp-caption-text\"><\/figcaption>\n\t\t\t\t\t\t\t\t\t\t<\/figure>\n\t\t\t\t\t\t\t\t\t<\/div>\n\t\t\t\t<\/div>\n\t\t\t\t<div class=\"elementor-element elementor-element-38aad591 elementor-widget elementor-widget-text-editor\" data-id=\"38aad591\" data-element_type=\"widget\" data-e-type=\"widget\" data-widget_type=\"text-editor.default\">\n\t\t\t\t<div class=\"elementor-widget-container\">\n\t\t\t\t\t\t\t\t\t<p>Recordem primer com va trobar Puig i Cadafalch la cap\u00e7alera l\u2019any 1904 en que va fer aquesta fotografia, on el retaule \u201cprotegia\u201d les pintures, que no havien estat emblanquinades, com veurem que es va fer a l\u2019absidiola de la dreta.<\/p>\t\t\t\t\t\t\t\t<\/div>\n\t\t\t\t<\/div>\n\t\t\t\t<div class=\"elementor-element elementor-element-34090f9b elementor-widget elementor-widget-image\" data-id=\"34090f9b\" data-element_type=\"widget\" data-e-type=\"widget\" data-widget_type=\"image.default\">\n\t\t\t\t<div class=\"elementor-widget-container\">\n\t\t\t\t\t\t\t\t\t\t\t\t<figure class=\"wp-caption\">\n\t\t\t\t\t\t\t\t\t\t<img loading=\"lazy\" decoding=\"async\" width=\"694\" height=\"590\" src=\"https:\/\/www.elturistatranquil.com\/wp-content\/uploads\/F23c-Sant-Climent-de-Taull-Vall-de-Boi1907.jpg\" class=\"attachment-large size-large wp-image-47235\" alt=\"Sant Climent de Taull, Vall de Boi,1907\" srcset=\"https:\/\/www.elturistatranquil.com\/wp-content\/uploads\/F23c-Sant-Climent-de-Taull-Vall-de-Boi1907.jpg 694w, https:\/\/www.elturistatranquil.com\/wp-content\/uploads\/F23c-Sant-Climent-de-Taull-Vall-de-Boi1907-266x226.jpg 266w\" sizes=\"(max-width: 694px) 100vw, 694px\" \/>\t\t\t\t\t\t\t\t\t\t\t<figcaption class=\"widget-image-caption wp-caption-text\"><\/figcaption>\n\t\t\t\t\t\t\t\t\t\t<\/figure>\n\t\t\t\t\t\t\t\t\t<\/div>\n\t\t\t\t<\/div>\n\t\t\t\t<div class=\"elementor-element elementor-element-383f29d7 elementor-widget elementor-widget-text-editor\" data-id=\"383f29d7\" data-element_type=\"widget\" data-e-type=\"widget\" data-widget_type=\"text-editor.default\">\n\t\t\t\t<div class=\"elementor-widget-container\">\n\t\t\t\t\t\t\t\t\t<p>L\u2019absis, de forma semicircular amb c\u00fapula de quart d\u2019esfera, presenta dos arcs triomfals que formen el presbiteri, de dimensions diferents.<\/p><p>De les quatre finestres d\u2019espitllera, nom\u00e9s la central superior est\u00e0 oberta a l\u2019exterior, aportant un minso raig de llum. Es \u00f2culs lateral no tenen continu\u00eftat a l\u2019interior.<\/p><p>Es conserva una capa de una primera pintura de l\u2019absis, molt difuses de dibuix i intensitat de color. Que estava situada per sota de les que es van extreure.<\/p>\t\t\t\t\t\t\t\t<\/div>\n\t\t\t\t<\/div>\n\t\t\t\t<div class=\"elementor-element elementor-element-28a60a7e elementor-widget elementor-widget-image\" data-id=\"28a60a7e\" data-element_type=\"widget\" data-e-type=\"widget\" data-widget_type=\"image.default\">\n\t\t\t\t<div class=\"elementor-widget-container\">\n\t\t\t\t\t\t\t\t\t\t\t\t<figure class=\"wp-caption\">\n\t\t\t\t\t\t\t\t\t\t<img loading=\"lazy\" decoding=\"async\" width=\"768\" height=\"512\" src=\"https:\/\/www.elturistatranquil.com\/wp-content\/uploads\/F24-Sant-Climent-de-Taull-Vall-de-Boi.jpg\" class=\"attachment-large size-large wp-image-47237\" alt=\"Sant Climent de Taull, Vall de Boi\" srcset=\"https:\/\/www.elturistatranquil.com\/wp-content\/uploads\/F24-Sant-Climent-de-Taull-Vall-de-Boi.jpg 768w, https:\/\/www.elturistatranquil.com\/wp-content\/uploads\/F24-Sant-Climent-de-Taull-Vall-de-Boi-339x226.jpg 339w\" sizes=\"(max-width: 768px) 100vw, 768px\" \/>\t\t\t\t\t\t\t\t\t\t\t<figcaption class=\"widget-image-caption wp-caption-text\"><\/figcaption>\n\t\t\t\t\t\t\t\t\t\t<\/figure>\n\t\t\t\t\t\t\t\t\t<\/div>\n\t\t\t\t<\/div>\n\t\t\t\t<div class=\"elementor-element elementor-element-63cf7f54 elementor-widget elementor-widget-text-editor\" data-id=\"63cf7f54\" data-element_type=\"widget\" data-e-type=\"widget\" data-widget_type=\"text-editor.default\">\n\t\t\t\t<div class=\"elementor-widget-container\">\n\t\t\t\t\t\t\t\t\t<p>Una projecci\u00f3 lluminosa que es sobreposa a les restes citades, permet apreciar les pintures extretes, presidides pel pantocr\u00e0tor amb el Crist en Majestat.<\/p>\t\t\t\t\t\t\t\t<\/div>\n\t\t\t\t<\/div>\n\t\t\t\t<div class=\"elementor-element elementor-element-483548c3 elementor-widget elementor-widget-image\" data-id=\"483548c3\" data-element_type=\"widget\" data-e-type=\"widget\" data-widget_type=\"image.default\">\n\t\t\t\t<div class=\"elementor-widget-container\">\n\t\t\t\t\t\t\t\t\t\t\t\t<figure class=\"wp-caption\">\n\t\t\t\t\t\t\t\t\t\t<img loading=\"lazy\" decoding=\"async\" width=\"768\" height=\"512\" src=\"https:\/\/www.elturistatranquil.com\/wp-content\/uploads\/F25-Sant-Climent-de-Taull-Vall-de-Boi.jpg\" class=\"attachment-large size-large wp-image-47239\" alt=\"Sant Climent de Taull, Vall de Boi\" srcset=\"https:\/\/www.elturistatranquil.com\/wp-content\/uploads\/F25-Sant-Climent-de-Taull-Vall-de-Boi.jpg 768w, https:\/\/www.elturistatranquil.com\/wp-content\/uploads\/F25-Sant-Climent-de-Taull-Vall-de-Boi-339x226.jpg 339w\" sizes=\"(max-width: 768px) 100vw, 768px\" \/>\t\t\t\t\t\t\t\t\t\t\t<figcaption class=\"widget-image-caption wp-caption-text\"><\/figcaption>\n\t\t\t\t\t\t\t\t\t\t<\/figure>\n\t\t\t\t\t\t\t\t\t<\/div>\n\t\t\t\t<\/div>\n\t\t\t\t<div class=\"elementor-element elementor-element-763f871e elementor-widget elementor-widget-text-editor\" data-id=\"763f871e\" data-element_type=\"widget\" data-e-type=\"widget\" data-widget_type=\"text-editor.default\">\n\t\t\t\t<div class=\"elementor-widget-container\">\n\t\t\t\t\t\t\t\t\t<p>Les dues absidioles dels lateral del temple tamb\u00e9 presenten forma semicircular amb c\u00fapula de quart d\u2019esfera .<\/p><p>Al lateral de la ep\u00edstola, les pintures van ser substitu\u00efdes per un retaule pla dedicat a Sant Andreu.<\/p><p>En aquest lateral s\u2019obren tres portes. Al costat de l\u2019absis la que dona acc\u00e9s a la torre, i dues m\u00e9s que comuniquen amb el cementiri.<\/p>\t\t\t\t\t\t\t\t<\/div>\n\t\t\t\t<\/div>\n\t\t\t\t<div class=\"elementor-element elementor-element-77165f8b elementor-widget elementor-widget-image\" data-id=\"77165f8b\" data-element_type=\"widget\" data-e-type=\"widget\" data-widget_type=\"image.default\">\n\t\t\t\t<div class=\"elementor-widget-container\">\n\t\t\t\t\t\t\t\t\t\t\t\t<figure class=\"wp-caption\">\n\t\t\t\t\t\t\t\t\t\t<img loading=\"lazy\" decoding=\"async\" width=\"768\" height=\"512\" src=\"https:\/\/www.elturistatranquil.com\/wp-content\/uploads\/F26-Sant-Climent-de-Taull-Vall-de-Boi.jpg\" class=\"attachment-large size-large wp-image-47241\" alt=\"Sant Climent de Taull, Vall de Boi\" srcset=\"https:\/\/www.elturistatranquil.com\/wp-content\/uploads\/F26-Sant-Climent-de-Taull-Vall-de-Boi.jpg 768w, https:\/\/www.elturistatranquil.com\/wp-content\/uploads\/F26-Sant-Climent-de-Taull-Vall-de-Boi-339x226.jpg 339w\" sizes=\"(max-width: 768px) 100vw, 768px\" \/>\t\t\t\t\t\t\t\t\t\t\t<figcaption class=\"widget-image-caption wp-caption-text\"><\/figcaption>\n\t\t\t\t\t\t\t\t\t\t<\/figure>\n\t\t\t\t\t\t\t\t\t<\/div>\n\t\t\t\t<\/div>\n\t\t\t\t<div class=\"elementor-element elementor-element-60afb6c elementor-widget elementor-widget-image\" data-id=\"60afb6c\" data-element_type=\"widget\" data-e-type=\"widget\" data-widget_type=\"image.default\">\n\t\t\t\t<div class=\"elementor-widget-container\">\n\t\t\t\t\t\t\t\t\t\t\t\t<figure class=\"wp-caption\">\n\t\t\t\t\t\t\t\t\t\t<img loading=\"lazy\" decoding=\"async\" width=\"768\" height=\"512\" src=\"https:\/\/www.elturistatranquil.com\/wp-content\/uploads\/F27-Sant-Climent-de-Taull-Vall-de-Boi.jpg\" class=\"attachment-large size-large wp-image-47243\" alt=\"Sant Climent de Taull, Vall de Boi\" srcset=\"https:\/\/www.elturistatranquil.com\/wp-content\/uploads\/F27-Sant-Climent-de-Taull-Vall-de-Boi.jpg 768w, https:\/\/www.elturistatranquil.com\/wp-content\/uploads\/F27-Sant-Climent-de-Taull-Vall-de-Boi-339x226.jpg 339w\" sizes=\"(max-width: 768px) 100vw, 768px\" \/>\t\t\t\t\t\t\t\t\t\t\t<figcaption class=\"widget-image-caption wp-caption-text\"><\/figcaption>\n\t\t\t\t\t\t\t\t\t\t<\/figure>\n\t\t\t\t\t\t\t\t\t<\/div>\n\t\t\t\t<\/div>\n\t\t\t\t<div class=\"elementor-element elementor-element-1928185d elementor-widget elementor-widget-text-editor\" data-id=\"1928185d\" data-element_type=\"widget\" data-e-type=\"widget\" data-widget_type=\"text-editor.default\">\n\t\t\t\t<div class=\"elementor-widget-container\">\n\t\t\t\t\t\t\t\t\t<p>El <strong>retaule de Sant Andreu<\/strong> va ser pintat al voltant de l\u2019any 1572, juntament amb els retaules de Santa Anna i de Sant Miquel. Nom\u00e9s es conserven a l\u2019esgl\u00e9sia de Sant Climent la taula central; les taules laterals s\u00f3n al Museu Dioces\u00e0 de la Seu d\u2019Urgell.<\/p><p>La imatge principal representa Sant Andreu, amb la caracter\u00edstica creu en forma d\u2019aspa i els evangelis. A la part superior, com en molts altres retaules, la crucifixi\u00f3 de Crist corona el conjunt. La taula lateral esquerra representa el seu trasllat a la creu, i la dreta, el seu martiri. Aquestes dues parts estan substitu\u00efdes per reproduccions fotogr\u00e0fiques.<\/p><p>Tot i ser fet ja ben entrat el segle XVI i, per tant, el moment en que ja predominava la decoraci\u00f3 renaixentista, el retaule va ser constru\u00eft encara amb la forma habitual dels retaules g\u00f2tics, amb nom\u00e9s una senzilla estructura d&#8217;emmarcament, el guardapols.<\/p><p>L\u2019absis i el temple estaven totalment emblanquinats, amb el retaule, com es pot veure a la imatge de principis del segle XX.<\/p>\t\t\t\t\t\t\t\t<\/div>\n\t\t\t\t<\/div>\n\t\t\t\t<div class=\"elementor-element elementor-element-79ba671a elementor-widget elementor-widget-image\" data-id=\"79ba671a\" data-element_type=\"widget\" data-e-type=\"widget\" data-widget_type=\"image.default\">\n\t\t\t\t<div class=\"elementor-widget-container\">\n\t\t\t\t\t\t\t\t\t\t\t\t<figure class=\"wp-caption\">\n\t\t\t\t\t\t\t\t\t\t<img loading=\"lazy\" decoding=\"async\" width=\"590\" height=\"577\" src=\"https:\/\/www.elturistatranquil.com\/wp-content\/uploads\/F28-Sant-Climent-de-Taull-Vall-de-Boi-1904.jpg\" class=\"attachment-large size-large wp-image-47245\" alt=\"Sant Climent de Taull, Vall de Boi, 1904\" srcset=\"https:\/\/www.elturistatranquil.com\/wp-content\/uploads\/F28-Sant-Climent-de-Taull-Vall-de-Boi-1904.jpg 590w, https:\/\/www.elturistatranquil.com\/wp-content\/uploads\/F28-Sant-Climent-de-Taull-Vall-de-Boi-1904-231x226.jpg 231w\" sizes=\"(max-width: 590px) 100vw, 590px\" \/>\t\t\t\t\t\t\t\t\t\t\t<figcaption class=\"widget-image-caption wp-caption-text\"><\/figcaption>\n\t\t\t\t\t\t\t\t\t\t<\/figure>\n\t\t\t\t\t\t\t\t\t<\/div>\n\t\t\t\t<\/div>\n\t\t\t\t<div class=\"elementor-element elementor-element-1cc14f6e elementor-widget elementor-widget-image\" data-id=\"1cc14f6e\" data-element_type=\"widget\" data-e-type=\"widget\" data-widget_type=\"image.default\">\n\t\t\t\t<div class=\"elementor-widget-container\">\n\t\t\t\t\t\t\t\t\t\t\t\t<figure class=\"wp-caption\">\n\t\t\t\t\t\t\t\t\t\t<img loading=\"lazy\" decoding=\"async\" width=\"768\" height=\"512\" src=\"https:\/\/www.elturistatranquil.com\/wp-content\/uploads\/F29-Sant-Climent-de-Taull-Vall-de-Boi-1.jpg\" class=\"attachment-large size-large wp-image-47577\" alt=\"Sant Climent de Taull, Vall de Boi\" srcset=\"https:\/\/www.elturistatranquil.com\/wp-content\/uploads\/F29-Sant-Climent-de-Taull-Vall-de-Boi-1.jpg 768w, https:\/\/www.elturistatranquil.com\/wp-content\/uploads\/F29-Sant-Climent-de-Taull-Vall-de-Boi-1-339x226.jpg 339w\" sizes=\"(max-width: 768px) 100vw, 768px\" \/>\t\t\t\t\t\t\t\t\t\t\t<figcaption class=\"widget-image-caption wp-caption-text\"><\/figcaption>\n\t\t\t\t\t\t\t\t\t\t<\/figure>\n\t\t\t\t\t\t\t\t\t<\/div>\n\t\t\t\t<\/div>\n\t\t\t\t<div class=\"elementor-element elementor-element-23ca5098 elementor-widget elementor-widget-text-editor\" data-id=\"23ca5098\" data-element_type=\"widget\" data-e-type=\"widget\" data-widget_type=\"text-editor.default\">\n\t\t\t\t<div class=\"elementor-widget-container\">\n\t\t\t\t\t\t\t\t\t<p>Al lateral septentrional, de l\u2018evangeli, el mur no te cap obertura.<\/p>\t\t\t\t\t\t\t\t<\/div>\n\t\t\t\t<\/div>\n\t\t\t\t<div class=\"elementor-element elementor-element-797ae40 elementor-widget elementor-widget-image\" data-id=\"797ae40\" data-element_type=\"widget\" data-e-type=\"widget\" data-widget_type=\"image.default\">\n\t\t\t\t<div class=\"elementor-widget-container\">\n\t\t\t\t\t\t\t\t\t\t\t\t<figure class=\"wp-caption\">\n\t\t\t\t\t\t\t\t\t\t<img loading=\"lazy\" decoding=\"async\" width=\"768\" height=\"512\" src=\"https:\/\/www.elturistatranquil.com\/wp-content\/uploads\/F30-Sant-Climent-de-Taull-Vall-de-Boi.jpg\" class=\"attachment-large size-large wp-image-47252\" alt=\"Sant Climent de Taull, Vall de Boi\" srcset=\"https:\/\/www.elturistatranquil.com\/wp-content\/uploads\/F30-Sant-Climent-de-Taull-Vall-de-Boi.jpg 768w, https:\/\/www.elturistatranquil.com\/wp-content\/uploads\/F30-Sant-Climent-de-Taull-Vall-de-Boi-339x226.jpg 339w\" sizes=\"(max-width: 768px) 100vw, 768px\" \/>\t\t\t\t\t\t\t\t\t\t\t<figcaption class=\"widget-image-caption wp-caption-text\"><\/figcaption>\n\t\t\t\t\t\t\t\t\t\t<\/figure>\n\t\t\t\t\t\t\t\t\t<\/div>\n\t\t\t\t<\/div>\n\t\t\t\t<div class=\"elementor-element elementor-element-63be81b5 elementor-widget elementor-widget-text-editor\" data-id=\"63be81b5\" data-element_type=\"widget\" data-e-type=\"widget\" data-widget_type=\"text-editor.default\">\n\t\t\t\t<div class=\"elementor-widget-container\">\n\t\t\t\t\t\t\t\t\t<p>Dues espitlleres, una sobre de l\u2019absis i l\u2019altre al fons, aporten una mica de llum a aqueta part.<\/p>\t\t\t\t\t\t\t\t<\/div>\n\t\t\t\t<\/div>\n\t\t\t\t<div class=\"elementor-element elementor-element-10ce94b1 elementor-widget elementor-widget-image\" data-id=\"10ce94b1\" data-element_type=\"widget\" data-e-type=\"widget\" data-widget_type=\"image.default\">\n\t\t\t\t<div class=\"elementor-widget-container\">\n\t\t\t\t\t\t\t\t\t\t\t\t<figure class=\"wp-caption\">\n\t\t\t\t\t\t\t\t\t\t<img loading=\"lazy\" decoding=\"async\" width=\"768\" height=\"512\" src=\"https:\/\/www.elturistatranquil.com\/wp-content\/uploads\/F31-Sant-Climent-de-Taull-Vall-de-Boi.jpg\" class=\"attachment-large size-large wp-image-47254\" alt=\"Sant Climent de Taull, Vall de Boi\" srcset=\"https:\/\/www.elturistatranquil.com\/wp-content\/uploads\/F31-Sant-Climent-de-Taull-Vall-de-Boi.jpg 768w, https:\/\/www.elturistatranquil.com\/wp-content\/uploads\/F31-Sant-Climent-de-Taull-Vall-de-Boi-339x226.jpg 339w\" sizes=\"(max-width: 768px) 100vw, 768px\" \/>\t\t\t\t\t\t\t\t\t\t\t<figcaption class=\"widget-image-caption wp-caption-text\"><\/figcaption>\n\t\t\t\t\t\t\t\t\t\t<\/figure>\n\t\t\t\t\t\t\t\t\t<\/div>\n\t\t\t\t<\/div>\n\t\t\t\t<div class=\"elementor-element elementor-element-7a994d39 elementor-widget elementor-widget-text-editor\" data-id=\"7a994d39\" data-element_type=\"widget\" data-e-type=\"widget\" data-widget_type=\"text-editor.default\">\n\t\t\t\t<div class=\"elementor-widget-container\">\n\t\t\t\t\t\t\t\t\t<p>Darrere de l&#8217;altar, encara es poden apreciar les diferents franges de colors que adornaven el s\u00f2col. Al MNAC es conserva un fragment d&#8217;aquesta zona, que mostra la representaci\u00f3 d\u2019uns \u00e0ngels, que es veurem al visitar el museu.<\/p>\t\t\t\t\t\t\t\t<\/div>\n\t\t\t\t<\/div>\n\t\t\t\t<div class=\"elementor-element elementor-element-3fc80d43 elementor-widget elementor-widget-image\" data-id=\"3fc80d43\" data-element_type=\"widget\" data-e-type=\"widget\" data-widget_type=\"image.default\">\n\t\t\t\t<div class=\"elementor-widget-container\">\n\t\t\t\t\t\t\t\t\t\t\t\t<figure class=\"wp-caption\">\n\t\t\t\t\t\t\t\t\t\t<img loading=\"lazy\" decoding=\"async\" width=\"768\" height=\"512\" src=\"https:\/\/www.elturistatranquil.com\/wp-content\/uploads\/F32-Sant-Climent-de-Taull-Vall-de-Boi.jpg\" class=\"attachment-large size-large wp-image-47256\" alt=\"Sant Climent de Taull, Vall de Boi\" srcset=\"https:\/\/www.elturistatranquil.com\/wp-content\/uploads\/F32-Sant-Climent-de-Taull-Vall-de-Boi.jpg 768w, https:\/\/www.elturistatranquil.com\/wp-content\/uploads\/F32-Sant-Climent-de-Taull-Vall-de-Boi-339x226.jpg 339w\" sizes=\"(max-width: 768px) 100vw, 768px\" \/>\t\t\t\t\t\t\t\t\t\t\t<figcaption class=\"widget-image-caption wp-caption-text\"><\/figcaption>\n\t\t\t\t\t\t\t\t\t\t<\/figure>\n\t\t\t\t\t\t\t\t\t<\/div>\n\t\t\t\t<\/div>\n\t\t\t\t<div class=\"elementor-element elementor-element-4a399c98 elementor-widget elementor-widget-text-editor\" data-id=\"4a399c98\" data-element_type=\"widget\" data-e-type=\"widget\" data-widget_type=\"text-editor.default\">\n\t\t\t\t<div class=\"elementor-widget-container\">\n\t\t\t\t\t\t\t\t\t<p>A la part superior de la paret es representa un animal de grans dimensions, un gos o un llop, emmarcat per sanefes. La decoraci\u00f3 pict\u00f2rica prossegueix pels murs i els arcs dels absis, de la que en queden unes poques mostres.<\/p><p>Aquest absis, tamb\u00e9 totalment emblanquinat, albergava un retaule dedicat a Sant Miquel (1572) i un frontal d&#8217;altar rom\u00e0nic dedicat a Sant Climent. El retaule es conserva al Museu Dioces\u00e0 de la Seu d&#8217;Urgell, mentre que el frontal d\u2019altar est\u00e0 al MNAC.<\/p><p>Les pintures que restaven de l\u2019absis les veurem m\u00e9s endavant, en la visita al MNAC.<\/p>\t\t\t\t\t\t\t\t<\/div>\n\t\t\t\t<\/div>\n\t\t\t\t<div class=\"elementor-element elementor-element-2029badd elementor-widget elementor-widget-image\" data-id=\"2029badd\" data-element_type=\"widget\" data-e-type=\"widget\" data-widget_type=\"image.default\">\n\t\t\t\t<div class=\"elementor-widget-container\">\n\t\t\t\t\t\t\t\t\t\t\t\t<figure class=\"wp-caption\">\n\t\t\t\t\t\t\t\t\t\t<img loading=\"lazy\" decoding=\"async\" width=\"768\" height=\"511\" src=\"https:\/\/www.elturistatranquil.com\/wp-content\/uploads\/F33-Sant-Climent-de-Taull-Vall-de-Boi.jpg\" class=\"attachment-large size-large wp-image-47258\" alt=\"Sant Climent de Taull, Vall de Boi\" srcset=\"https:\/\/www.elturistatranquil.com\/wp-content\/uploads\/F33-Sant-Climent-de-Taull-Vall-de-Boi.jpg 768w, https:\/\/www.elturistatranquil.com\/wp-content\/uploads\/F33-Sant-Climent-de-Taull-Vall-de-Boi-339x226.jpg 339w\" sizes=\"(max-width: 768px) 100vw, 768px\" \/>\t\t\t\t\t\t\t\t\t\t\t<figcaption class=\"widget-image-caption wp-caption-text\"><\/figcaption>\n\t\t\t\t\t\t\t\t\t\t<\/figure>\n\t\t\t\t\t\t\t\t\t<\/div>\n\t\t\t\t<\/div>\n\t\t\t\t<div class=\"elementor-element elementor-element-7ff9ba4c elementor-widget elementor-widget-text-editor\" data-id=\"7ff9ba4c\" data-element_type=\"widget\" data-e-type=\"widget\" data-widget_type=\"text-editor.default\">\n\t\t\t\t<div class=\"elementor-widget-container\">\n\t\t\t\t\t\t\t\t\t<p>Al peu del temple se situa la portada principal d\u2019acc\u00e9s.<\/p>\t\t\t\t\t\t\t\t<\/div>\n\t\t\t\t<\/div>\n\t\t\t\t<div class=\"elementor-element elementor-element-1ed76c4 elementor-widget elementor-widget-image\" data-id=\"1ed76c4\" data-element_type=\"widget\" data-e-type=\"widget\" data-widget_type=\"image.default\">\n\t\t\t\t<div class=\"elementor-widget-container\">\n\t\t\t\t\t\t\t\t\t\t\t\t<figure class=\"wp-caption\">\n\t\t\t\t\t\t\t\t\t\t<img loading=\"lazy\" decoding=\"async\" width=\"768\" height=\"512\" src=\"https:\/\/www.elturistatranquil.com\/wp-content\/uploads\/F34-Sant-Climent-de-Taull-Vall-de-Boi.jpg\" class=\"attachment-large size-large wp-image-47263\" alt=\"Sant Climent de Taull, Vall de Boi\" srcset=\"https:\/\/www.elturistatranquil.com\/wp-content\/uploads\/F34-Sant-Climent-de-Taull-Vall-de-Boi.jpg 768w, https:\/\/www.elturistatranquil.com\/wp-content\/uploads\/F34-Sant-Climent-de-Taull-Vall-de-Boi-339x226.jpg 339w\" sizes=\"(max-width: 768px) 100vw, 768px\" \/>\t\t\t\t\t\t\t\t\t\t\t<figcaption class=\"widget-image-caption wp-caption-text\"><\/figcaption>\n\t\t\t\t\t\t\t\t\t\t<\/figure>\n\t\t\t\t\t\t\t\t\t<\/div>\n\t\t\t\t<\/div>\n\t\t\t\t<div class=\"elementor-element elementor-element-1162b3a2 elementor-widget elementor-widget-text-editor\" data-id=\"1162b3a2\" data-element_type=\"widget\" data-e-type=\"widget\" data-widget_type=\"text-editor.default\">\n\t\t\t\t<div class=\"elementor-widget-container\">\n\t\t\t\t\t\t\t\t\t<p>La separaci\u00f3 entre naus es a base d\u2019arcs formers suportats per columnes amb el fust constru\u00eft amb carreus. A la part superior una sanefa dentada a manera de collar\u00ed.<\/p><p>No hi ha capitells i les columnes s\u2019acaben amb \u00e0bacs simples, arrodonits a la part inferior per ajustar-se a la columna i donar pas a l&#8217;arrencada dels arcs.<\/p>\t\t\t\t\t\t\t\t<\/div>\n\t\t\t\t<\/div>\n\t\t\t\t<div class=\"elementor-element elementor-element-189bdff7 elementor-widget elementor-widget-image\" data-id=\"189bdff7\" data-element_type=\"widget\" data-e-type=\"widget\" data-widget_type=\"image.default\">\n\t\t\t\t<div class=\"elementor-widget-container\">\n\t\t\t\t\t\t\t\t\t\t\t\t<figure class=\"wp-caption\">\n\t\t\t\t\t\t\t\t\t\t<img loading=\"lazy\" decoding=\"async\" width=\"768\" height=\"512\" src=\"https:\/\/www.elturistatranquil.com\/wp-content\/uploads\/F35-Sant-Climent-de-Taull-Vall-de-Boi.jpg\" class=\"attachment-large size-large wp-image-47265\" alt=\"Sant Climent de Taull, Vall de Boi\" srcset=\"https:\/\/www.elturistatranquil.com\/wp-content\/uploads\/F35-Sant-Climent-de-Taull-Vall-de-Boi.jpg 768w, https:\/\/www.elturistatranquil.com\/wp-content\/uploads\/F35-Sant-Climent-de-Taull-Vall-de-Boi-339x226.jpg 339w\" sizes=\"(max-width: 768px) 100vw, 768px\" \/>\t\t\t\t\t\t\t\t\t\t\t<figcaption class=\"widget-image-caption wp-caption-text\"><\/figcaption>\n\t\t\t\t\t\t\t\t\t\t<\/figure>\n\t\t\t\t\t\t\t\t\t<\/div>\n\t\t\t\t<\/div>\n\t\t\t\t<div class=\"elementor-element elementor-element-3574c082 elementor-widget elementor-widget-text-editor\" data-id=\"3574c082\" data-element_type=\"widget\" data-e-type=\"widget\" data-widget_type=\"text-editor.default\">\n\t\t\t\t<div class=\"elementor-widget-container\">\n\t\t\t\t\t\t\t\t\t<p>La coberta del temple \u00e9s sostinguda per una encavallada de fusta que es pot apreciar a tota la seva extensi\u00f3, tal com es conservava a principis del segle XX, i que correspon a l&#8217;estructura primitiva original.<\/p>\t\t\t\t\t\t\t\t<\/div>\n\t\t\t\t<\/div>\n\t\t\t\t<div class=\"elementor-element elementor-element-afe1e63 elementor-widget elementor-widget-image\" data-id=\"afe1e63\" data-element_type=\"widget\" data-e-type=\"widget\" data-widget_type=\"image.default\">\n\t\t\t\t<div class=\"elementor-widget-container\">\n\t\t\t\t\t\t\t\t\t\t\t\t<figure class=\"wp-caption\">\n\t\t\t\t\t\t\t\t\t\t<img loading=\"lazy\" decoding=\"async\" width=\"768\" height=\"512\" src=\"https:\/\/www.elturistatranquil.com\/wp-content\/uploads\/F36-Sant-Climent-de-Taull-Vall-de-Boi.jpg\" class=\"attachment-large size-large wp-image-47267\" alt=\"Sant Climent de Taull, Vall de Boi\" srcset=\"https:\/\/www.elturistatranquil.com\/wp-content\/uploads\/F36-Sant-Climent-de-Taull-Vall-de-Boi.jpg 768w, https:\/\/www.elturistatranquil.com\/wp-content\/uploads\/F36-Sant-Climent-de-Taull-Vall-de-Boi-339x226.jpg 339w\" sizes=\"(max-width: 768px) 100vw, 768px\" \/>\t\t\t\t\t\t\t\t\t\t\t<figcaption class=\"widget-image-caption wp-caption-text\"><\/figcaption>\n\t\t\t\t\t\t\t\t\t\t<\/figure>\n\t\t\t\t\t\t\t\t\t<\/div>\n\t\t\t\t<\/div>\n\t\t\t\t<div class=\"elementor-element elementor-element-3e3c7693 elementor-widget elementor-widget-heading\" data-id=\"3e3c7693\" data-element_type=\"widget\" data-e-type=\"widget\" data-widget_type=\"heading.default\">\n\t\t\t\t<div class=\"elementor-widget-container\">\n\t\t\t\t\t<h4 class=\"elementor-heading-title elementor-size-default\">Les pintures<\/h4>\t\t\t\t<\/div>\n\t\t\t\t<\/div>\n\t\t\t\t<div class=\"elementor-element elementor-element-1a526d87 elementor-widget elementor-widget-text-editor\" data-id=\"1a526d87\" data-element_type=\"widget\" data-e-type=\"widget\" data-widget_type=\"text-editor.default\">\n\t\t\t\t<div class=\"elementor-widget-container\">\n\t\t\t\t\t\t\t\t\t<p>El que fa m\u00e9s singular aquestes esgl\u00e9sies rom\u00e0niques, i especialment Sant Climent de Ta\u00fcll, s\u00f3n les pintures originals que han arribar fins al nostres dies.<\/p><p>No cal repetir que la capa exterior d\u2019aquestes pintures que encara es conservava a principis del segle XX, va ser extreta i traslladada a Barcelona.<\/p><p>En el cas de Sant Climent, del revestiment policrom que degu\u00e9 decorar tot l&#8217;interior de l&#8217;esgl\u00e9sia, incloent els absis, les parets i les columnes, nom\u00e9s en queden les pintures de l&#8217;absis central, d&#8217;una de les absidioles i algun altre fragment.<\/p><p>La decoraci\u00f3 pict\u00f2rica de l\u00b4Esgl\u00e9sia de Sant Climent va ser realitzada per dos grups diferents de pintors. El primer es va encarregar de l&#8217;absis central i dels pilars, mentre que el segon grup va pintar l&#8217;absis de l&#8217;esquerra.<\/p><p>El primer pintor o taller de l\u2019absis central, va crear l\u2019obra m\u00e9s important i representativa de la pintura rom\u00e0nica: el <strong>pantocr\u00e0tor <\/strong><strong>del Crist en Majestat<\/strong>. Aquesta figura \u00e9s la m\u00e9s recurrent i ic\u00f2nica de l\u2019art rom\u00e0nic.<\/p><p>Per\u00f2, per sota de la primera capa hi havia, en el cas de Sant Climent, el que s\u2019anomena la \u201ccapa profunda\u201d, que es va mantenir in situ, con ja he assenyalat. Per aquest motiu, encara podem observar les restes de la pintura mural anterior a la capa final, que ens permeten veure les empremtes de la pintura original.<\/p>\t\t\t\t\t\t\t\t<\/div>\n\t\t\t\t<\/div>\n\t\t\t\t<div class=\"elementor-element elementor-element-37a3e415 elementor-widget elementor-widget-image\" data-id=\"37a3e415\" data-element_type=\"widget\" data-e-type=\"widget\" data-widget_type=\"image.default\">\n\t\t\t\t<div class=\"elementor-widget-container\">\n\t\t\t\t\t\t\t\t\t\t\t\t<figure class=\"wp-caption\">\n\t\t\t\t\t\t\t\t\t\t<img loading=\"lazy\" decoding=\"async\" width=\"768\" height=\"512\" src=\"https:\/\/www.elturistatranquil.com\/wp-content\/uploads\/F37-Sant-Climent-de-Taull-Vall-de-Boi.jpg\" class=\"attachment-large size-large wp-image-47269\" alt=\"Sant Climent de Taull, Vall de Boi\" srcset=\"https:\/\/www.elturistatranquil.com\/wp-content\/uploads\/F37-Sant-Climent-de-Taull-Vall-de-Boi.jpg 768w, https:\/\/www.elturistatranquil.com\/wp-content\/uploads\/F37-Sant-Climent-de-Taull-Vall-de-Boi-339x226.jpg 339w\" sizes=\"(max-width: 768px) 100vw, 768px\" \/>\t\t\t\t\t\t\t\t\t\t\t<figcaption class=\"widget-image-caption wp-caption-text\"><\/figcaption>\n\t\t\t\t\t\t\t\t\t\t<\/figure>\n\t\t\t\t\t\t\t\t\t<\/div>\n\t\t\t\t<\/div>\n\t\t\t\t<div class=\"elementor-element elementor-element-5b233af3 elementor-widget elementor-widget-text-editor\" data-id=\"5b233af3\" data-element_type=\"widget\" data-e-type=\"widget\" data-widget_type=\"text-editor.default\">\n\t\t\t\t<div class=\"elementor-widget-container\">\n\t\t\t\t\t\t\t\t\t<p>Les diverses decoracions pict\u00f2riques que es superposen a l&#8217;absis de Sant Climent de Ta\u00fcll revelen l&#8217;evoluci\u00f3 i l&#8217;elaboraci\u00f3 progressiva de les pintures. Des de simples l\u00ednies blanques inicials fins a la pintura definitiva, es pot observar el proc\u00e9s hist\u00f2ric en diverses fases.<\/p><p>La comparaci\u00f3 de les tres imatges seg\u00fcents mostra les grans fases d\u2019aquest proc\u00e9s hist\u00f2ric.<\/p><p>A l&#8217;esquerra de les tres imatges es troben les pintures originals rom\u00e0niques que encara es conserven als murs, aix\u00ed com els vestigis de la capa profunda que van ser arrencats el 1920.<\/p><p>Al centre es troben les pintures originals rom\u00e0niques que es conserven als murs de l&#8217;esgl\u00e9sia, aix\u00ed com la projecci\u00f3 de les pintures que van ser traslladades i que actualment es conserven al MNAC.<\/p><p>A la dreta es mostra una reconstrucci\u00f3 hipot\u00e8tica de tot el conjunt pintat l&#8217;any 1123, basada en l&#8217;estudi de la composici\u00f3 i la iconografia de les pintures. Aquesta reconstrucci\u00f3 ens dona una idea de com podria haver estat la totalitat de les pintures a Sant Climent de Ta\u00fcll en aquella \u00e8poca.<\/p><p>Aquestes imatges ens permeten veure l&#8217;evoluci\u00f3 de les pintures i l&#8217;impacte que han tingut les accions de conservaci\u00f3 i trasllat en la preservaci\u00f3 d&#8217;aquest patrimoni art\u00edstic.<\/p>\t\t\t\t\t\t\t\t<\/div>\n\t\t\t\t<\/div>\n\t\t\t\t<div class=\"elementor-element elementor-element-92efad3 elementor-widget elementor-widget-image\" data-id=\"92efad3\" data-element_type=\"widget\" data-e-type=\"widget\" data-widget_type=\"image.default\">\n\t\t\t\t<div class=\"elementor-widget-container\">\n\t\t\t\t\t\t\t\t\t\t\t\t<figure class=\"wp-caption\">\n\t\t\t\t\t\t\t\t\t\t<img loading=\"lazy\" decoding=\"async\" width=\"768\" height=\"316\" src=\"https:\/\/www.elturistatranquil.com\/wp-content\/uploads\/F38-Sant-Climent-de-Taull-Vall-de-Boi.jpg\" class=\"attachment-large size-large wp-image-47271\" alt=\"Sant Climent de Taull, Vall de Boi\" srcset=\"https:\/\/www.elturistatranquil.com\/wp-content\/uploads\/F38-Sant-Climent-de-Taull-Vall-de-Boi.jpg 768w, https:\/\/www.elturistatranquil.com\/wp-content\/uploads\/F38-Sant-Climent-de-Taull-Vall-de-Boi-339x139.jpg 339w\" sizes=\"(max-width: 768px) 100vw, 768px\" \/>\t\t\t\t\t\t\t\t\t\t\t<figcaption class=\"widget-image-caption wp-caption-text\"><\/figcaption>\n\t\t\t\t\t\t\t\t\t\t<\/figure>\n\t\t\t\t\t\t\t\t\t<\/div>\n\t\t\t\t<\/div>\n\t\t\t\t<div class=\"elementor-element elementor-element-7278b9e7 elementor-widget elementor-widget-text-editor\" data-id=\"7278b9e7\" data-element_type=\"widget\" data-e-type=\"widget\" data-widget_type=\"text-editor.default\">\n\t\t\t\t<div class=\"elementor-widget-container\">\n\t\t\t\t\t\t\t\t\t<p>En la presentaci\u00f3 actual del monument de Sant Climent de Ta\u00fcll, s&#8217;utilitzen diverses t\u00e8cniques de projecci\u00f3 per mostrar les seq\u00fc\u00e8ncies i etapes de les pintures rom\u00e0niques. A trav\u00e9s d&#8217;aquestes t\u00e8cniques, \u201c<strong>projecte mapping\u201d<\/strong>, es recrea virtualment l&#8217;aspecte original de les pintures i s&#8217;explica la seva evoluci\u00f3 i restauraci\u00f3.<\/p>\t\t\t\t\t\t\t\t<\/div>\n\t\t\t\t<\/div>\n\t\t\t\t<div class=\"elementor-element elementor-element-3325915e elementor-widget elementor-widget-image\" data-id=\"3325915e\" data-element_type=\"widget\" data-e-type=\"widget\" data-widget_type=\"image.default\">\n\t\t\t\t<div class=\"elementor-widget-container\">\n\t\t\t\t\t\t\t\t\t\t\t\t<figure class=\"wp-caption\">\n\t\t\t\t\t\t\t\t\t\t<img loading=\"lazy\" decoding=\"async\" width=\"768\" height=\"564\" src=\"https:\/\/www.elturistatranquil.com\/wp-content\/uploads\/F39-Sant-Climent-de-Taull-Vall-de-Boi.jpg\" class=\"attachment-large size-large wp-image-47273\" alt=\"Sant Climent de Taull, Vall de Boi\" srcset=\"https:\/\/www.elturistatranquil.com\/wp-content\/uploads\/F39-Sant-Climent-de-Taull-Vall-de-Boi.jpg 768w, https:\/\/www.elturistatranquil.com\/wp-content\/uploads\/F39-Sant-Climent-de-Taull-Vall-de-Boi-308x226.jpg 308w\" sizes=\"(max-width: 768px) 100vw, 768px\" \/>\t\t\t\t\t\t\t\t\t\t\t<figcaption class=\"widget-image-caption wp-caption-text\"><\/figcaption>\n\t\t\t\t\t\t\t\t\t\t<\/figure>\n\t\t\t\t\t\t\t\t\t<\/div>\n\t\t\t\t<\/div>\n\t\t\t\t<div class=\"elementor-element elementor-element-47dc0bd1 elementor-widget elementor-widget-image\" data-id=\"47dc0bd1\" data-element_type=\"widget\" data-e-type=\"widget\" data-widget_type=\"image.default\">\n\t\t\t\t<div class=\"elementor-widget-container\">\n\t\t\t\t\t\t\t\t\t\t\t\t<figure class=\"wp-caption\">\n\t\t\t\t\t\t\t\t\t\t<img loading=\"lazy\" decoding=\"async\" width=\"768\" height=\"512\" src=\"https:\/\/www.elturistatranquil.com\/wp-content\/uploads\/F40-Sant-Climent-de-Taull-Vall-de-Boi.jpg\" class=\"attachment-large size-large wp-image-47275\" alt=\"Sant Climent de Taull, Vall de Boi\" srcset=\"https:\/\/www.elturistatranquil.com\/wp-content\/uploads\/F40-Sant-Climent-de-Taull-Vall-de-Boi.jpg 768w, https:\/\/www.elturistatranquil.com\/wp-content\/uploads\/F40-Sant-Climent-de-Taull-Vall-de-Boi-339x226.jpg 339w\" sizes=\"(max-width: 768px) 100vw, 768px\" \/>\t\t\t\t\t\t\t\t\t\t\t<figcaption class=\"widget-image-caption wp-caption-text\"><\/figcaption>\n\t\t\t\t\t\t\t\t\t\t<\/figure>\n\t\t\t\t\t\t\t\t\t<\/div>\n\t\t\t\t<\/div>\n\t\t\t\t<div class=\"elementor-element elementor-element-649bb596 elementor-widget elementor-widget-image\" data-id=\"649bb596\" data-element_type=\"widget\" data-e-type=\"widget\" data-widget_type=\"image.default\">\n\t\t\t\t<div class=\"elementor-widget-container\">\n\t\t\t\t\t\t\t\t\t\t\t\t<figure class=\"wp-caption\">\n\t\t\t\t\t\t\t\t\t\t<img loading=\"lazy\" decoding=\"async\" width=\"768\" height=\"512\" src=\"https:\/\/www.elturistatranquil.com\/wp-content\/uploads\/F41-Sant-Climent-de-Taull-Vall-de-Boi.jpg\" class=\"attachment-large size-large wp-image-47280\" alt=\"Sant Climent de Taull, Vall de Boi\" srcset=\"https:\/\/www.elturistatranquil.com\/wp-content\/uploads\/F41-Sant-Climent-de-Taull-Vall-de-Boi.jpg 768w, https:\/\/www.elturistatranquil.com\/wp-content\/uploads\/F41-Sant-Climent-de-Taull-Vall-de-Boi-339x226.jpg 339w\" sizes=\"(max-width: 768px) 100vw, 768px\" \/>\t\t\t\t\t\t\t\t\t\t\t<figcaption class=\"widget-image-caption wp-caption-text\"><\/figcaption>\n\t\t\t\t\t\t\t\t\t\t<\/figure>\n\t\t\t\t\t\t\t\t\t<\/div>\n\t\t\t\t<\/div>\n\t\t\t\t<div class=\"elementor-element elementor-element-2207217b elementor-widget elementor-widget-text-editor\" data-id=\"2207217b\" data-element_type=\"widget\" data-e-type=\"widget\" data-widget_type=\"text-editor.default\">\n\t\t\t\t<div class=\"elementor-widget-container\">\n\t\t\t\t\t\t\t\t\t<p>A l&#8217;interior de les finestres es conserven pintures geom\u00e8triques originals. Aquestes pintures s\u00f3n del mateix estil que les que hem observat a la part exterior de l&#8217;edifici.<\/p>\t\t\t\t\t\t\t\t<\/div>\n\t\t\t\t<\/div>\n\t\t\t\t<div class=\"elementor-element elementor-element-5470a935 elementor-widget elementor-widget-image\" data-id=\"5470a935\" data-element_type=\"widget\" data-e-type=\"widget\" data-widget_type=\"image.default\">\n\t\t\t\t<div class=\"elementor-widget-container\">\n\t\t\t\t\t\t\t\t\t\t\t\t<figure class=\"wp-caption\">\n\t\t\t\t\t\t\t\t\t\t<img loading=\"lazy\" decoding=\"async\" width=\"768\" height=\"512\" src=\"https:\/\/www.elturistatranquil.com\/wp-content\/uploads\/F42-Sant-Climent-de-Taull-Vall-de-Boi.jpg\" class=\"attachment-large size-large wp-image-47282\" alt=\"Sant Climent de Taull, Vall de Boi\" srcset=\"https:\/\/www.elturistatranquil.com\/wp-content\/uploads\/F42-Sant-Climent-de-Taull-Vall-de-Boi.jpg 768w, https:\/\/www.elturistatranquil.com\/wp-content\/uploads\/F42-Sant-Climent-de-Taull-Vall-de-Boi-339x226.jpg 339w\" sizes=\"(max-width: 768px) 100vw, 768px\" \/>\t\t\t\t\t\t\t\t\t\t\t<figcaption class=\"widget-image-caption wp-caption-text\"><\/figcaption>\n\t\t\t\t\t\t\t\t\t\t<\/figure>\n\t\t\t\t\t\t\t\t\t<\/div>\n\t\t\t\t<\/div>\n\t\t\t\t<div class=\"elementor-element elementor-element-6316eb0c elementor-widget elementor-widget-text-editor\" data-id=\"6316eb0c\" data-element_type=\"widget\" data-e-type=\"widget\" data-widget_type=\"text-editor.default\">\n\t\t\t\t<div class=\"elementor-widget-container\">\n\t\t\t\t\t\t\t\t\t<p>La imatge mostra les restes de pintura en les columnes de separaci\u00f3 dels absis al costat de la projecci\u00f3. Aquestes pintures en les columnes proporcionen una visi\u00f3 de com l&#8217;interior de l&#8217;edifici estava ricament decorat i com cada element arquitect\u00f2nic era tingut en compte en el conjunt de la decoraci\u00f3 mural.<\/p>\t\t\t\t\t\t\t\t<\/div>\n\t\t\t\t<\/div>\n\t\t\t\t<div class=\"elementor-element elementor-element-5de1992f elementor-widget elementor-widget-image\" data-id=\"5de1992f\" data-element_type=\"widget\" data-e-type=\"widget\" data-widget_type=\"image.default\">\n\t\t\t\t<div class=\"elementor-widget-container\">\n\t\t\t\t\t\t\t\t\t\t\t\t<figure class=\"wp-caption\">\n\t\t\t\t\t\t\t\t\t\t<img loading=\"lazy\" decoding=\"async\" width=\"768\" height=\"512\" src=\"https:\/\/www.elturistatranquil.com\/wp-content\/uploads\/F43-Sant-Climent-de-Taull-Vall-de-Boi.jpg\" class=\"attachment-large size-large wp-image-47284\" alt=\"Sant Climent de Taull, Vall de Boi\" srcset=\"https:\/\/www.elturistatranquil.com\/wp-content\/uploads\/F43-Sant-Climent-de-Taull-Vall-de-Boi.jpg 768w, https:\/\/www.elturistatranquil.com\/wp-content\/uploads\/F43-Sant-Climent-de-Taull-Vall-de-Boi-339x226.jpg 339w\" sizes=\"(max-width: 768px) 100vw, 768px\" \/>\t\t\t\t\t\t\t\t\t\t\t<figcaption class=\"widget-image-caption wp-caption-text\"><\/figcaption>\n\t\t\t\t\t\t\t\t\t\t<\/figure>\n\t\t\t\t\t\t\t\t\t<\/div>\n\t\t\t\t<\/div>\n\t\t\t\t<div class=\"elementor-element elementor-element-2944e9a2 elementor-widget elementor-widget-heading\" data-id=\"2944e9a2\" data-element_type=\"widget\" data-e-type=\"widget\" data-widget_type=\"heading.default\">\n\t\t\t\t<div class=\"elementor-widget-container\">\n\t\t\t\t\t<h4 class=\"elementor-heading-title elementor-size-default\">El projecte Mapping<\/h4>\t\t\t\t<\/div>\n\t\t\t\t<\/div>\n\t\t\t\t<div class=\"elementor-element elementor-element-6648a034 elementor-widget elementor-widget-text-editor\" data-id=\"6648a034\" data-element_type=\"widget\" data-e-type=\"widget\" data-widget_type=\"text-editor.default\">\n\t\t\t\t<div class=\"elementor-widget-container\">\n\t\t\t\t\t\t\t\t\t<p>El punt culminant d\u2019aquestes seq\u00fc\u00e8ncies \u00e9s la presentaci\u00f3 del <strong><a href=\"https:\/\/pantocrator.cat\/projectes\/\" target=\"_blank\" rel=\"noopener\">projecte mapping<\/a><\/strong>,\u00a0amb una projecci\u00f3 per crear una experi\u00e8ncia immersiva. Ha estat concebut per interpretar visualment l\u2019estructura d\u2019aquestes pintures i el proc\u00e9s hipot\u00e8tic de realitzaci\u00f3 i de resultat final de com devia esser el conjunt original complet.<\/p><p>Val la pena organitzar-se per assistir a una sessi\u00f3 d\u2019aquesta presentaci\u00f3, que t\u00e9 una durada d\u2019uns deu minuts, amb un horari que cal consultar,<\/p><p>En les fotografies seg\u00fcents es mostren alguns moments clau de la presentaci\u00f3 <strong>mapping<\/strong>.<\/p>\t\t\t\t\t\t\t\t<\/div>\n\t\t\t\t<\/div>\n\t\t\t\t<div class=\"elementor-element elementor-element-dec904c elementor-widget elementor-widget-image\" data-id=\"dec904c\" data-element_type=\"widget\" data-e-type=\"widget\" data-widget_type=\"image.default\">\n\t\t\t\t<div class=\"elementor-widget-container\">\n\t\t\t\t\t\t\t\t\t\t\t\t<figure class=\"wp-caption\">\n\t\t\t\t\t\t\t\t\t\t<img loading=\"lazy\" decoding=\"async\" width=\"768\" height=\"512\" src=\"https:\/\/www.elturistatranquil.com\/wp-content\/uploads\/F44-Sant-Climent-de-Taull-Vall-de-Boi.jpg\" class=\"attachment-large size-large wp-image-47286\" alt=\"Sant Climent de Taull, Vall de Boi\" srcset=\"https:\/\/www.elturistatranquil.com\/wp-content\/uploads\/F44-Sant-Climent-de-Taull-Vall-de-Boi.jpg 768w, https:\/\/www.elturistatranquil.com\/wp-content\/uploads\/F44-Sant-Climent-de-Taull-Vall-de-Boi-339x226.jpg 339w\" sizes=\"(max-width: 768px) 100vw, 768px\" \/>\t\t\t\t\t\t\t\t\t\t\t<figcaption class=\"widget-image-caption wp-caption-text\"><\/figcaption>\n\t\t\t\t\t\t\t\t\t\t<\/figure>\n\t\t\t\t\t\t\t\t\t<\/div>\n\t\t\t\t<\/div>\n\t\t\t\t<div class=\"elementor-element elementor-element-1dd91f73 elementor-widget elementor-widget-image\" data-id=\"1dd91f73\" data-element_type=\"widget\" data-e-type=\"widget\" data-widget_type=\"image.default\">\n\t\t\t\t<div class=\"elementor-widget-container\">\n\t\t\t\t\t\t\t\t\t\t\t\t<figure class=\"wp-caption\">\n\t\t\t\t\t\t\t\t\t\t<img loading=\"lazy\" decoding=\"async\" width=\"768\" height=\"512\" src=\"https:\/\/www.elturistatranquil.com\/wp-content\/uploads\/F45-Sant-Climent-de-Taull-Vall-de-Boi.jpg\" class=\"attachment-large size-large wp-image-47288\" alt=\"Sant Climent de Taull, Vall de Boi\" srcset=\"https:\/\/www.elturistatranquil.com\/wp-content\/uploads\/F45-Sant-Climent-de-Taull-Vall-de-Boi.jpg 768w, https:\/\/www.elturistatranquil.com\/wp-content\/uploads\/F45-Sant-Climent-de-Taull-Vall-de-Boi-339x226.jpg 339w\" sizes=\"(max-width: 768px) 100vw, 768px\" \/>\t\t\t\t\t\t\t\t\t\t\t<figcaption class=\"widget-image-caption wp-caption-text\"><\/figcaption>\n\t\t\t\t\t\t\t\t\t\t<\/figure>\n\t\t\t\t\t\t\t\t\t<\/div>\n\t\t\t\t<\/div>\n\t\t\t\t<div class=\"elementor-element elementor-element-2ed32be6 elementor-widget elementor-widget-image\" data-id=\"2ed32be6\" data-element_type=\"widget\" data-e-type=\"widget\" data-widget_type=\"image.default\">\n\t\t\t\t<div class=\"elementor-widget-container\">\n\t\t\t\t\t\t\t\t\t\t\t\t<figure class=\"wp-caption\">\n\t\t\t\t\t\t\t\t\t\t<img loading=\"lazy\" decoding=\"async\" width=\"768\" height=\"512\" src=\"https:\/\/www.elturistatranquil.com\/wp-content\/uploads\/F46-Sant-Climent-de-Taull-Vall-de-Boi.jpg\" class=\"attachment-large size-large wp-image-47290\" alt=\"Sant Climent de Taull, Vall de Boi\" srcset=\"https:\/\/www.elturistatranquil.com\/wp-content\/uploads\/F46-Sant-Climent-de-Taull-Vall-de-Boi.jpg 768w, https:\/\/www.elturistatranquil.com\/wp-content\/uploads\/F46-Sant-Climent-de-Taull-Vall-de-Boi-339x226.jpg 339w\" sizes=\"(max-width: 768px) 100vw, 768px\" \/>\t\t\t\t\t\t\t\t\t\t\t<figcaption class=\"widget-image-caption wp-caption-text\"><\/figcaption>\n\t\t\t\t\t\t\t\t\t\t<\/figure>\n\t\t\t\t\t\t\t\t\t<\/div>\n\t\t\t\t<\/div>\n\t\t\t\t<div class=\"elementor-element elementor-element-5a0274bc elementor-widget elementor-widget-image\" data-id=\"5a0274bc\" data-element_type=\"widget\" data-e-type=\"widget\" data-widget_type=\"image.default\">\n\t\t\t\t<div class=\"elementor-widget-container\">\n\t\t\t\t\t\t\t\t\t\t\t\t<figure class=\"wp-caption\">\n\t\t\t\t\t\t\t\t\t\t<img loading=\"lazy\" decoding=\"async\" width=\"768\" height=\"512\" src=\"https:\/\/www.elturistatranquil.com\/wp-content\/uploads\/F47-Sant-Climent-de-Taull-Vall-de-Boi.jpg\" class=\"attachment-large size-large wp-image-47292\" alt=\"Sant Climent de Taull, Vall de Boi\" srcset=\"https:\/\/www.elturistatranquil.com\/wp-content\/uploads\/F47-Sant-Climent-de-Taull-Vall-de-Boi.jpg 768w, https:\/\/www.elturistatranquil.com\/wp-content\/uploads\/F47-Sant-Climent-de-Taull-Vall-de-Boi-339x226.jpg 339w\" sizes=\"(max-width: 768px) 100vw, 768px\" \/>\t\t\t\t\t\t\t\t\t\t\t<figcaption class=\"widget-image-caption wp-caption-text\"><\/figcaption>\n\t\t\t\t\t\t\t\t\t\t<\/figure>\n\t\t\t\t\t\t\t\t\t<\/div>\n\t\t\t\t<\/div>\n\t\t\t\t<div class=\"elementor-element elementor-element-43c52bd0 elementor-widget elementor-widget-image\" data-id=\"43c52bd0\" data-element_type=\"widget\" data-e-type=\"widget\" data-widget_type=\"image.default\">\n\t\t\t\t<div class=\"elementor-widget-container\">\n\t\t\t\t\t\t\t\t\t\t\t\t<figure class=\"wp-caption\">\n\t\t\t\t\t\t\t\t\t\t<img loading=\"lazy\" decoding=\"async\" width=\"768\" height=\"512\" src=\"https:\/\/www.elturistatranquil.com\/wp-content\/uploads\/F48-Sant-Climent-de-Taull-Vall-de-Boi.jpg\" class=\"attachment-large size-large wp-image-47294\" alt=\"Sant Climent de Taull, Vall de Boi\" srcset=\"https:\/\/www.elturistatranquil.com\/wp-content\/uploads\/F48-Sant-Climent-de-Taull-Vall-de-Boi.jpg 768w, https:\/\/www.elturistatranquil.com\/wp-content\/uploads\/F48-Sant-Climent-de-Taull-Vall-de-Boi-339x226.jpg 339w\" sizes=\"(max-width: 768px) 100vw, 768px\" \/>\t\t\t\t\t\t\t\t\t\t\t<figcaption class=\"widget-image-caption wp-caption-text\"><\/figcaption>\n\t\t\t\t\t\t\t\t\t\t<\/figure>\n\t\t\t\t\t\t\t\t\t<\/div>\n\t\t\t\t<\/div>\n\t\t\t\t<div class=\"elementor-element elementor-element-1ed6e1d elementor-widget elementor-widget-text-editor\" data-id=\"1ed6e1d\" data-element_type=\"widget\" data-e-type=\"widget\" data-widget_type=\"text-editor.default\">\n\t\t\t\t<div class=\"elementor-widget-container\">\n\t\t\t\t\t\t\t\t\t<p>A la imatge seg\u00fcent es pot observar la projecci\u00f3 de les pintures conservades al MNAC sobre el \u00a0s\u2019obre el seu empla\u00e7ament original a l\u2019absis. Aquesta projecci\u00f3 es\u00a0 repeteix seq\u00fcencialment durant l\u2019horari de visites di\u00e0ries.<\/p>\t\t\t\t\t\t\t\t<\/div>\n\t\t\t\t<\/div>\n\t\t\t\t<div class=\"elementor-element elementor-element-604eac9 elementor-widget elementor-widget-image\" data-id=\"604eac9\" data-element_type=\"widget\" data-e-type=\"widget\" data-widget_type=\"image.default\">\n\t\t\t\t<div class=\"elementor-widget-container\">\n\t\t\t\t\t\t\t\t\t\t\t\t<figure class=\"wp-caption\">\n\t\t\t\t\t\t\t\t\t\t<img loading=\"lazy\" decoding=\"async\" width=\"768\" height=\"512\" src=\"https:\/\/www.elturistatranquil.com\/wp-content\/uploads\/F49-Sant-Climent-de-Taull-Vall-de-Boi.jpg\" class=\"attachment-large size-large wp-image-47299\" alt=\"Sant Climent de Taull, Vall de Boi\" srcset=\"https:\/\/www.elturistatranquil.com\/wp-content\/uploads\/F49-Sant-Climent-de-Taull-Vall-de-Boi.jpg 768w, https:\/\/www.elturistatranquil.com\/wp-content\/uploads\/F49-Sant-Climent-de-Taull-Vall-de-Boi-339x226.jpg 339w\" sizes=\"(max-width: 768px) 100vw, 768px\" \/>\t\t\t\t\t\t\t\t\t\t\t<figcaption class=\"widget-image-caption wp-caption-text\"><\/figcaption>\n\t\t\t\t\t\t\t\t\t\t<\/figure>\n\t\t\t\t\t\t\t\t\t<\/div>\n\t\t\t\t<\/div>\n\t\t\t\t<div class=\"elementor-element elementor-element-46e2a6d0 elementor-widget elementor-widget-heading\" data-id=\"46e2a6d0\" data-element_type=\"widget\" data-e-type=\"widget\" data-widget_type=\"heading.default\">\n\t\t\t\t<div class=\"elementor-widget-container\">\n\t\t\t\t\t<h4 class=\"elementor-heading-title elementor-size-default\">Les pintures originals al MNAC<\/h4>\t\t\t\t<\/div>\n\t\t\t\t<\/div>\n\t\t\t\t<div class=\"elementor-element elementor-element-779f2dd3 elementor-widget elementor-widget-text-editor\" data-id=\"779f2dd3\" data-element_type=\"widget\" data-e-type=\"widget\" data-widget_type=\"text-editor.default\">\n\t\t\t\t<div class=\"elementor-widget-container\">\n\t\t\t\t\t\t\t\t\t<p>Un recorregut per la part de l\u2019art rom\u00e0nic del Museu Nacional d\u2019Art de Catalunya (MNAC) ens permet apreciar els originals de les pintures que van ser extretes a principis del segle XX. Centrem-nos en les pintures de Sant Climent de Ta\u00fcll.<\/p><p>El primer que fa interessant la presentaci\u00f3 muse\u00edstica, \u00e9s que s\u2019han reprodu\u00eft la forma i les dimensions de les zones dels temples on s&#8217;allotjaven les pintures.<\/p><p>Les fotografies mostren la reproducci\u00f3 de la nau central, del lateral de l\u2019evangeli i de la forma de les columnes i arcs formers, aix\u00ed com els absis dels quals es disposa de pintures. Tot a escala natural.<\/p>\t\t\t\t\t\t\t\t<\/div>\n\t\t\t\t<\/div>\n\t\t\t\t<div class=\"elementor-element elementor-element-70b4135a elementor-widget elementor-widget-image\" data-id=\"70b4135a\" data-element_type=\"widget\" data-e-type=\"widget\" data-widget_type=\"image.default\">\n\t\t\t\t<div class=\"elementor-widget-container\">\n\t\t\t\t\t\t\t\t\t\t\t\t<figure class=\"wp-caption\">\n\t\t\t\t\t\t\t\t\t\t<img loading=\"lazy\" decoding=\"async\" width=\"768\" height=\"512\" src=\"https:\/\/www.elturistatranquil.com\/wp-content\/uploads\/F50-Pintures-de-Sant-Climent-de-Taull-Vall-de-Boi-MNAC.jpg\" class=\"attachment-large size-large wp-image-47301\" alt=\"Pintures de Sant Climent de Taull, Vall de Boi (MNAC)\" srcset=\"https:\/\/www.elturistatranquil.com\/wp-content\/uploads\/F50-Pintures-de-Sant-Climent-de-Taull-Vall-de-Boi-MNAC.jpg 768w, https:\/\/www.elturistatranquil.com\/wp-content\/uploads\/F50-Pintures-de-Sant-Climent-de-Taull-Vall-de-Boi-MNAC-339x226.jpg 339w\" sizes=\"(max-width: 768px) 100vw, 768px\" \/>\t\t\t\t\t\t\t\t\t\t\t<figcaption class=\"widget-image-caption wp-caption-text\"><\/figcaption>\n\t\t\t\t\t\t\t\t\t\t<\/figure>\n\t\t\t\t\t\t\t\t\t<\/div>\n\t\t\t\t<\/div>\n\t\t\t\t<div class=\"elementor-element elementor-element-285ac6af elementor-widget elementor-widget-image\" data-id=\"285ac6af\" data-element_type=\"widget\" data-e-type=\"widget\" data-widget_type=\"image.default\">\n\t\t\t\t<div class=\"elementor-widget-container\">\n\t\t\t\t\t\t\t\t\t\t\t\t<figure class=\"wp-caption\">\n\t\t\t\t\t\t\t\t\t\t<img loading=\"lazy\" decoding=\"async\" width=\"768\" height=\"512\" src=\"https:\/\/www.elturistatranquil.com\/wp-content\/uploads\/F51-Pintures-de-Sant-Climent-de-Taull-Vall-de-Boi-MNAC.jpg\" class=\"attachment-large size-large wp-image-47303\" alt=\"Pintures de Sant Climent de Taull, Vall de Boi (MNAC)\" srcset=\"https:\/\/www.elturistatranquil.com\/wp-content\/uploads\/F51-Pintures-de-Sant-Climent-de-Taull-Vall-de-Boi-MNAC.jpg 768w, https:\/\/www.elturistatranquil.com\/wp-content\/uploads\/F51-Pintures-de-Sant-Climent-de-Taull-Vall-de-Boi-MNAC-339x226.jpg 339w\" sizes=\"(max-width: 768px) 100vw, 768px\" \/>\t\t\t\t\t\t\t\t\t\t\t<figcaption class=\"widget-image-caption wp-caption-text\"><\/figcaption>\n\t\t\t\t\t\t\t\t\t\t<\/figure>\n\t\t\t\t\t\t\t\t\t<\/div>\n\t\t\t\t<\/div>\n\t\t\t\t<div class=\"elementor-element elementor-element-7fedd70d elementor-widget elementor-widget-image\" data-id=\"7fedd70d\" data-element_type=\"widget\" data-e-type=\"widget\" data-widget_type=\"image.default\">\n\t\t\t\t<div class=\"elementor-widget-container\">\n\t\t\t\t\t\t\t\t\t\t\t\t<figure class=\"wp-caption\">\n\t\t\t\t\t\t\t\t\t\t<img loading=\"lazy\" decoding=\"async\" width=\"768\" height=\"512\" src=\"https:\/\/www.elturistatranquil.com\/wp-content\/uploads\/F52-Pintures-de-Sant-Climent-de-Taull-Vall-de-Boi-MNAC.jpg\" class=\"attachment-large size-large wp-image-47305\" alt=\"Pintures de Sant Climent de Taull, Vall de Boi (MNAC)\" srcset=\"https:\/\/www.elturistatranquil.com\/wp-content\/uploads\/F52-Pintures-de-Sant-Climent-de-Taull-Vall-de-Boi-MNAC.jpg 768w, https:\/\/www.elturistatranquil.com\/wp-content\/uploads\/F52-Pintures-de-Sant-Climent-de-Taull-Vall-de-Boi-MNAC-339x226.jpg 339w\" sizes=\"(max-width: 768px) 100vw, 768px\" \/>\t\t\t\t\t\t\t\t\t\t\t<figcaption class=\"widget-image-caption wp-caption-text\"><\/figcaption>\n\t\t\t\t\t\t\t\t\t\t<\/figure>\n\t\t\t\t\t\t\t\t\t<\/div>\n\t\t\t\t<\/div>\n\t\t\t\t<div class=\"elementor-element elementor-element-5863ced5 elementor-widget elementor-widget-heading\" data-id=\"5863ced5\" data-element_type=\"widget\" data-e-type=\"widget\" data-widget_type=\"heading.default\">\n\t\t\t\t<div class=\"elementor-widget-container\">\n\t\t\t\t\t<h5 class=\"elementor-heading-title elementor-size-default\">Pintures de l\u2019absis central i del seu arc triomfal.<\/h5>\t\t\t\t<\/div>\n\t\t\t\t<\/div>\n\t\t\t\t<div class=\"elementor-element elementor-element-43f49f82 elementor-widget elementor-widget-text-editor\" data-id=\"43f49f82\" data-element_type=\"widget\" data-e-type=\"widget\" data-widget_type=\"text-editor.default\">\n\t\t\t\t<div class=\"elementor-widget-container\">\n\t\t\t\t\t\t\t\t\t<p>En general, els historiadors coincideixen en recon\u00e8ixer la influ\u00e8ncia bizantina en les pintures rom\u00e0niques, que s&#8217;explica a trav\u00e9s de la pintura llombarda, aix\u00ed com tamb\u00e9 es considera que hi ha influ\u00e8ncia de la miniatura moss\u00e0rab.<\/p><p>La pintura m\u00e9s destacada \u00e9s el <strong>pantocr\u00e0tor amb el Crist en Majestat<\/strong> (<em>Maiestas Domini<\/em>).<\/p>\t\t\t\t\t\t\t\t<\/div>\n\t\t\t\t<\/div>\n\t\t\t\t<div class=\"elementor-element elementor-element-75e7ba38 elementor-widget elementor-widget-image\" data-id=\"75e7ba38\" data-element_type=\"widget\" data-e-type=\"widget\" data-widget_type=\"image.default\">\n\t\t\t\t<div class=\"elementor-widget-container\">\n\t\t\t\t\t\t\t\t\t\t\t\t<figure class=\"wp-caption\">\n\t\t\t\t\t\t\t\t\t\t<img loading=\"lazy\" decoding=\"async\" width=\"768\" height=\"512\" src=\"https:\/\/www.elturistatranquil.com\/wp-content\/uploads\/F53-Pintures-de-Sant-Climent-de-Taull-Vall-de-Boi-MNAC.jpg\" class=\"attachment-large size-large wp-image-47307\" alt=\"Pintures de Sant Climent de Taull, Vall de Boi (MNAC)\" srcset=\"https:\/\/www.elturistatranquil.com\/wp-content\/uploads\/F53-Pintures-de-Sant-Climent-de-Taull-Vall-de-Boi-MNAC.jpg 768w, https:\/\/www.elturistatranquil.com\/wp-content\/uploads\/F53-Pintures-de-Sant-Climent-de-Taull-Vall-de-Boi-MNAC-339x226.jpg 339w\" sizes=\"(max-width: 768px) 100vw, 768px\" \/>\t\t\t\t\t\t\t\t\t\t\t<figcaption class=\"widget-image-caption wp-caption-text\"><\/figcaption>\n\t\t\t\t\t\t\t\t\t\t<\/figure>\n\t\t\t\t\t\t\t\t\t<\/div>\n\t\t\t\t<\/div>\n\t\t\t\t<div class=\"elementor-element elementor-element-bd16024 elementor-widget elementor-widget-text-editor\" data-id=\"bd16024\" data-element_type=\"widget\" data-e-type=\"widget\" data-widget_type=\"text-editor.default\">\n\t\t\t\t<div class=\"elementor-widget-container\">\n\t\t\t\t\t\t\t\t\t<p>El pantocr\u00e0tor amb el Crist en Majestat est\u00e0 envoltat del tetramorf, que s\u00f3n els s\u00edmbols dels quatre evangelistes: Sant Mateu representat com un home, Sant Joan com un \u00e0guila, Sant Marc com un lle\u00f3 i Sant Lluc com un brau. Aquests s\u00edmbols s\u00f3n caracter\u00edstics de la iconografia cristiana i es troben sovint representats en les pintures rom\u00e0niques.<\/p>\t\t\t\t\t\t\t\t<\/div>\n\t\t\t\t<\/div>\n\t\t\t\t<div class=\"elementor-element elementor-element-2967bc39 elementor-widget elementor-widget-image\" data-id=\"2967bc39\" data-element_type=\"widget\" data-e-type=\"widget\" data-widget_type=\"image.default\">\n\t\t\t\t<div class=\"elementor-widget-container\">\n\t\t\t\t\t\t\t\t\t\t\t\t<figure class=\"wp-caption\">\n\t\t\t\t\t\t\t\t\t\t<img loading=\"lazy\" decoding=\"async\" width=\"768\" height=\"512\" src=\"https:\/\/www.elturistatranquil.com\/wp-content\/uploads\/F54-Pintures-de-Sant-Climent-de-Taull-Vall-de-Boi-MNAC.jpg\" class=\"attachment-large size-large wp-image-47309\" alt=\"Pintures de Sant Climent de Taull, Vall de Boi (MNAC)\" srcset=\"https:\/\/www.elturistatranquil.com\/wp-content\/uploads\/F54-Pintures-de-Sant-Climent-de-Taull-Vall-de-Boi-MNAC.jpg 768w, https:\/\/www.elturistatranquil.com\/wp-content\/uploads\/F54-Pintures-de-Sant-Climent-de-Taull-Vall-de-Boi-MNAC-339x226.jpg 339w\" sizes=\"(max-width: 768px) 100vw, 768px\" \/>\t\t\t\t\t\t\t\t\t\t\t<figcaption class=\"widget-image-caption wp-caption-text\"><\/figcaption>\n\t\t\t\t\t\t\t\t\t\t<\/figure>\n\t\t\t\t\t\t\t\t\t<\/div>\n\t\t\t\t<\/div>\n\t\t\t\t<div class=\"elementor-element elementor-element-6d78b869 elementor-widget elementor-widget-text-editor\" data-id=\"6d78b869\" data-element_type=\"widget\" data-e-type=\"widget\" data-widget_type=\"text-editor.default\">\n\t\t\t\t<div class=\"elementor-widget-container\">\n\t\t\t\t\t\t\t\t\t<p>\u00c9s cert que el pantocr\u00e0tor amb el Crist en Majestat \u00e9s considerat una de les imatges m\u00e9s ic\u00f2niques de tot l&#8217;art rom\u00e0nic.<\/p>\t\t\t\t\t\t\t\t<\/div>\n\t\t\t\t<\/div>\n\t\t\t\t<div class=\"elementor-element elementor-element-62a716cf elementor-widget elementor-widget-image\" data-id=\"62a716cf\" data-element_type=\"widget\" data-e-type=\"widget\" data-widget_type=\"image.default\">\n\t\t\t\t<div class=\"elementor-widget-container\">\n\t\t\t\t\t\t\t\t\t\t\t\t<figure class=\"wp-caption\">\n\t\t\t\t\t\t\t\t\t\t<img loading=\"lazy\" decoding=\"async\" width=\"768\" height=\"512\" src=\"https:\/\/www.elturistatranquil.com\/wp-content\/uploads\/F55-Pintures-de-Sant-Climent-de-Taull-Vall-de-Boi-MNAC.jpg\" class=\"attachment-large size-large wp-image-47314\" alt=\"Pintures de Sant Climent de Taull, Vall de Boi (MNAC)\" srcset=\"https:\/\/www.elturistatranquil.com\/wp-content\/uploads\/F55-Pintures-de-Sant-Climent-de-Taull-Vall-de-Boi-MNAC.jpg 768w, https:\/\/www.elturistatranquil.com\/wp-content\/uploads\/F55-Pintures-de-Sant-Climent-de-Taull-Vall-de-Boi-MNAC-339x226.jpg 339w\" sizes=\"(max-width: 768px) 100vw, 768px\" \/>\t\t\t\t\t\t\t\t\t\t\t<figcaption class=\"widget-image-caption wp-caption-text\"><\/figcaption>\n\t\t\t\t\t\t\t\t\t\t<\/figure>\n\t\t\t\t\t\t\t\t\t<\/div>\n\t\t\t\t<\/div>\n\t\t\t\t<div class=\"elementor-element elementor-element-6bd3b756 elementor-widget elementor-widget-text-editor\" data-id=\"6bd3b756\" data-element_type=\"widget\" data-e-type=\"widget\" data-widget_type=\"text-editor.default\">\n\t\t\t\t<div class=\"elementor-widget-container\">\n\t\t\t\t\t\t\t\t\t<p>A sota del pantocr\u00e0tor, hi ha un semicercle amb columnes i arcs que envolten diverses representacions dels ap\u00f2stols i la Mare de D\u00e9u. Cada figura est\u00e0 identificada amb els seus noms a la part superior, indicant clarament la seva identitat.<\/p>\t\t\t\t\t\t\t\t<\/div>\n\t\t\t\t<\/div>\n\t\t\t\t<div class=\"elementor-element elementor-element-3269262c elementor-widget elementor-widget-image\" data-id=\"3269262c\" data-element_type=\"widget\" data-e-type=\"widget\" data-widget_type=\"image.default\">\n\t\t\t\t<div class=\"elementor-widget-container\">\n\t\t\t\t\t\t\t\t\t\t\t\t<figure class=\"wp-caption\">\n\t\t\t\t\t\t\t\t\t\t<img loading=\"lazy\" decoding=\"async\" width=\"768\" height=\"512\" src=\"https:\/\/www.elturistatranquil.com\/wp-content\/uploads\/F56-Pintures-de-Sant-Climent-de-Taull-Vall-de-Boi-MNAC.jpg\" class=\"attachment-large size-large wp-image-47316\" alt=\"Pintures de Sant Climent de Taull, Vall de Boi (MNAC)\" srcset=\"https:\/\/www.elturistatranquil.com\/wp-content\/uploads\/F56-Pintures-de-Sant-Climent-de-Taull-Vall-de-Boi-MNAC.jpg 768w, https:\/\/www.elturistatranquil.com\/wp-content\/uploads\/F56-Pintures-de-Sant-Climent-de-Taull-Vall-de-Boi-MNAC-339x226.jpg 339w\" sizes=\"(max-width: 768px) 100vw, 768px\" \/>\t\t\t\t\t\t\t\t\t\t\t<figcaption class=\"widget-image-caption wp-caption-text\"><\/figcaption>\n\t\t\t\t\t\t\t\t\t\t<\/figure>\n\t\t\t\t\t\t\t\t\t<\/div>\n\t\t\t\t<\/div>\n\t\t\t\t<div class=\"elementor-element elementor-element-c1e6c15 elementor-widget elementor-widget-image\" data-id=\"c1e6c15\" data-element_type=\"widget\" data-e-type=\"widget\" data-widget_type=\"image.default\">\n\t\t\t\t<div class=\"elementor-widget-container\">\n\t\t\t\t\t\t\t\t\t\t\t\t<figure class=\"wp-caption\">\n\t\t\t\t\t\t\t\t\t\t<img loading=\"lazy\" decoding=\"async\" width=\"768\" height=\"512\" src=\"https:\/\/www.elturistatranquil.com\/wp-content\/uploads\/F57-Pintures-de-Sant-Climent-de-Taull-Vall-de-Boi-MNAC.jpg\" class=\"attachment-large size-large wp-image-47318\" alt=\"Pintures de Sant Climent de Taull, Vall de Boi (MNAC)\" srcset=\"https:\/\/www.elturistatranquil.com\/wp-content\/uploads\/F57-Pintures-de-Sant-Climent-de-Taull-Vall-de-Boi-MNAC.jpg 768w, https:\/\/www.elturistatranquil.com\/wp-content\/uploads\/F57-Pintures-de-Sant-Climent-de-Taull-Vall-de-Boi-MNAC-339x226.jpg 339w\" sizes=\"(max-width: 768px) 100vw, 768px\" \/>\t\t\t\t\t\t\t\t\t\t\t<figcaption class=\"widget-image-caption wp-caption-text\"><\/figcaption>\n\t\t\t\t\t\t\t\t\t\t<\/figure>\n\t\t\t\t\t\t\t\t\t<\/div>\n\t\t\t\t<\/div>\n\t\t\t\t<div class=\"elementor-element elementor-element-20fbe3f3 elementor-widget elementor-widget-image\" data-id=\"20fbe3f3\" data-element_type=\"widget\" data-e-type=\"widget\" data-widget_type=\"image.default\">\n\t\t\t\t<div class=\"elementor-widget-container\">\n\t\t\t\t\t\t\t\t\t\t\t\t<figure class=\"wp-caption\">\n\t\t\t\t\t\t\t\t\t\t<img loading=\"lazy\" decoding=\"async\" width=\"768\" height=\"512\" src=\"https:\/\/www.elturistatranquil.com\/wp-content\/uploads\/F58-Pintures-de-Sant-Climent-de-Taull-Vall-de-Boi-MNAC.jpg\" class=\"attachment-large size-large wp-image-47320\" alt=\"Pintures de Sant Climent de Taull, Vall de Boi (MNAC)\" srcset=\"https:\/\/www.elturistatranquil.com\/wp-content\/uploads\/F58-Pintures-de-Sant-Climent-de-Taull-Vall-de-Boi-MNAC.jpg 768w, https:\/\/www.elturistatranquil.com\/wp-content\/uploads\/F58-Pintures-de-Sant-Climent-de-Taull-Vall-de-Boi-MNAC-339x226.jpg 339w\" sizes=\"(max-width: 768px) 100vw, 768px\" \/>\t\t\t\t\t\t\t\t\t\t\t<figcaption class=\"widget-image-caption wp-caption-text\"><\/figcaption>\n\t\t\t\t\t\t\t\t\t\t<\/figure>\n\t\t\t\t\t\t\t\t\t<\/div>\n\t\t\t\t<\/div>\n\t\t\t\t<div class=\"elementor-element elementor-element-2f74fc9e elementor-widget elementor-widget-text-editor\" data-id=\"2f74fc9e\" data-element_type=\"widget\" data-e-type=\"widget\" data-widget_type=\"text-editor.default\">\n\t\t\t\t<div class=\"elementor-widget-container\">\n\t\t\t\t\t\t\t\t\t<p>Als arcs preabsidials, que actuen com a presbiteri, hi ha dos cercles centrals. Un d&#8217;ells representa la m\u00e0 de D\u00e9u beneint (<em>Dextera Dimini<\/em>) i l\u2019altre amb l\u2019Anyell de D\u00e9u (<em>Agnus Dei<\/em>).<\/p><p>Sobre l\u2019arc de l\u2019esquerra es representa la figura del pobre Ll\u00e0tzer.<\/p>\t\t\t\t\t\t\t\t<\/div>\n\t\t\t\t<\/div>\n\t\t\t\t<div class=\"elementor-element elementor-element-51f7ab70 elementor-widget elementor-widget-image\" data-id=\"51f7ab70\" data-element_type=\"widget\" data-e-type=\"widget\" data-widget_type=\"image.default\">\n\t\t\t\t<div class=\"elementor-widget-container\">\n\t\t\t\t\t\t\t\t\t\t\t\t<figure class=\"wp-caption\">\n\t\t\t\t\t\t\t\t\t\t<img loading=\"lazy\" decoding=\"async\" width=\"768\" height=\"512\" src=\"https:\/\/www.elturistatranquil.com\/wp-content\/uploads\/F59-Pintures-de-Sant-Climent-de-Taull-Vall-de-Boi-MNAC.jpg\" class=\"attachment-large size-large wp-image-47325\" alt=\"Pintures de Sant Climent de Taull, Vall de Boi (MNAC)\" srcset=\"https:\/\/www.elturistatranquil.com\/wp-content\/uploads\/F59-Pintures-de-Sant-Climent-de-Taull-Vall-de-Boi-MNAC.jpg 768w, https:\/\/www.elturistatranquil.com\/wp-content\/uploads\/F59-Pintures-de-Sant-Climent-de-Taull-Vall-de-Boi-MNAC-339x226.jpg 339w\" sizes=\"(max-width: 768px) 100vw, 768px\" \/>\t\t\t\t\t\t\t\t\t\t\t<figcaption class=\"widget-image-caption wp-caption-text\"><\/figcaption>\n\t\t\t\t\t\t\t\t\t\t<\/figure>\n\t\t\t\t\t\t\t\t\t<\/div>\n\t\t\t\t<\/div>\n\t\t\t\t<div class=\"elementor-element elementor-element-5991ee07 elementor-widget elementor-widget-heading\" data-id=\"5991ee07\" data-element_type=\"widget\" data-e-type=\"widget\" data-widget_type=\"heading.default\">\n\t\t\t\t<div class=\"elementor-widget-container\">\n\t\t\t\t\t<h5 class=\"elementor-heading-title elementor-size-default\">Pintures de l\u2019absis del costat de l\u2019evangeli<\/h5>\t\t\t\t<\/div>\n\t\t\t\t<\/div>\n\t\t\t\t<div class=\"elementor-element elementor-element-52493a14 elementor-widget elementor-widget-text-editor\" data-id=\"52493a14\" data-element_type=\"widget\" data-e-type=\"widget\" data-widget_type=\"text-editor.default\">\n\t\t\t\t<div class=\"elementor-widget-container\">\n\t\t\t\t\t\t\t\t\t<p>A l&#8217;absis septentrional, el de l&#8217;Evangeli, podem veure cinc dels sis \u00e0ngels que originalment ornaven aquest absis. Aquests \u00e0ngels s\u00f3n de qualitat t\u00e8cnica i art\u00edstica for\u00e7a menor respecte a l&#8217;absis central, obra d&#8217;un altre pintor, al quals s\u2019atribueix tamb\u00e9 el mural de l&#8217;esgl\u00e9sia de Santa Maria de Ta\u00fcll amb el Judici Final.<\/p>\t\t\t\t\t\t\t\t<\/div>\n\t\t\t\t<\/div>\n\t\t\t\t<div class=\"elementor-element elementor-element-a3994f7 elementor-widget elementor-widget-image\" data-id=\"a3994f7\" data-element_type=\"widget\" data-e-type=\"widget\" data-widget_type=\"image.default\">\n\t\t\t\t<div class=\"elementor-widget-container\">\n\t\t\t\t\t\t\t\t\t\t\t\t<figure class=\"wp-caption\">\n\t\t\t\t\t\t\t\t\t\t<img loading=\"lazy\" decoding=\"async\" width=\"768\" height=\"512\" src=\"https:\/\/www.elturistatranquil.com\/wp-content\/uploads\/F60-Pintures-de-Sant-Climent-de-Taull-Vall-de-Boi-MNAC.jpg\" class=\"attachment-large size-large wp-image-47327\" alt=\"Pintures de Sant Climent de Taull, Vall de Boi (MNAC)\" srcset=\"https:\/\/www.elturistatranquil.com\/wp-content\/uploads\/F60-Pintures-de-Sant-Climent-de-Taull-Vall-de-Boi-MNAC.jpg 768w, https:\/\/www.elturistatranquil.com\/wp-content\/uploads\/F60-Pintures-de-Sant-Climent-de-Taull-Vall-de-Boi-MNAC-339x226.jpg 339w\" sizes=\"(max-width: 768px) 100vw, 768px\" \/>\t\t\t\t\t\t\t\t\t\t\t<figcaption class=\"widget-image-caption wp-caption-text\"><\/figcaption>\n\t\t\t\t\t\t\t\t\t\t<\/figure>\n\t\t\t\t\t\t\t\t\t<\/div>\n\t\t\t\t<\/div>\n\t\t\t\t<div class=\"elementor-element elementor-element-1abeb4d1 elementor-widget elementor-widget-image\" data-id=\"1abeb4d1\" data-element_type=\"widget\" data-e-type=\"widget\" data-widget_type=\"image.default\">\n\t\t\t\t<div class=\"elementor-widget-container\">\n\t\t\t\t\t\t\t\t\t\t\t\t<figure class=\"wp-caption\">\n\t\t\t\t\t\t\t\t\t\t<img loading=\"lazy\" decoding=\"async\" width=\"768\" height=\"433\" src=\"https:\/\/www.elturistatranquil.com\/wp-content\/uploads\/F61-Pintures-de-Sant-Climent-de-Taull-Vall-de-Boi-MNAC.jpg\" class=\"attachment-large size-large wp-image-47329\" alt=\"Pintures de Sant Climent de Taull, Vall de Boi (MNAC)\" srcset=\"https:\/\/www.elturistatranquil.com\/wp-content\/uploads\/F61-Pintures-de-Sant-Climent-de-Taull-Vall-de-Boi-MNAC.jpg 768w, https:\/\/www.elturistatranquil.com\/wp-content\/uploads\/F61-Pintures-de-Sant-Climent-de-Taull-Vall-de-Boi-MNAC-339x191.jpg 339w\" sizes=\"(max-width: 768px) 100vw, 768px\" \/>\t\t\t\t\t\t\t\t\t\t\t<figcaption class=\"widget-image-caption wp-caption-text\"><\/figcaption>\n\t\t\t\t\t\t\t\t\t\t<\/figure>\n\t\t\t\t\t\t\t\t\t<\/div>\n\t\t\t\t<\/div>\n\t\t\t\t<div class=\"elementor-element elementor-element-2e2ed20e elementor-widget elementor-widget-text-editor\" data-id=\"2e2ed20e\" data-element_type=\"widget\" data-e-type=\"widget\" data-widget_type=\"text-editor.default\">\n\t\t\t\t<div class=\"elementor-widget-container\">\n\t\t\t\t\t\t\t\t\t<p>A l\u2019inici del text ja hem pogut visualitzar la <strong>Inscripci\u00f3 original commemorativa de la inauguraci\u00f3 del temple<\/strong> el 1123, pintada sobre la columna m\u00e9s propera a l\u2019altar al costat esquerre.<\/p><p>Al MNAC tamb\u00e9 es conserven alguns elements mobles de l\u2019\u00e8poca, com el <strong>banc presbiteral<\/strong>, del qual ja hem vist una reproducci\u00f3 a l\u2019esgl\u00e9sia de Bo\u00ed.<\/p><p>Malgrat que a la car\u00e0tula del MNAC no s\u2019atribueix directament a l\u2019esgl\u00e9sia de Sant Climent, \u00e9s probable que la <strong>lipsanoteca<\/strong>, o reliquiari, \u00a0de fusta policromada de finals del segle XI \u2013 inicis del XII, procedeixi d\u2019aquesta esgl\u00e9sia. En aquests recipient s\u2019hi guardaven les rel\u00edquies dels sants i normalment es dipositaven dins dels altars.<\/p>\t\t\t\t\t\t\t\t<\/div>\n\t\t\t\t<\/div>\n\t\t\t\t<div class=\"elementor-element elementor-element-6992b44 elementor-widget elementor-widget-image\" data-id=\"6992b44\" data-element_type=\"widget\" data-e-type=\"widget\" data-widget_type=\"image.default\">\n\t\t\t\t<div class=\"elementor-widget-container\">\n\t\t\t\t\t\t\t\t\t\t\t\t<figure class=\"wp-caption\">\n\t\t\t\t\t\t\t\t\t\t<img loading=\"lazy\" decoding=\"async\" width=\"768\" height=\"512\" src=\"https:\/\/www.elturistatranquil.com\/wp-content\/uploads\/F62-Lipsanoteca-de-Sant-Climent-de-Taull-Vall-de-Boi-MNAC.jpg\" class=\"attachment-large size-large wp-image-47331\" alt=\"Lipsanoteca\" srcset=\"https:\/\/www.elturistatranquil.com\/wp-content\/uploads\/F62-Lipsanoteca-de-Sant-Climent-de-Taull-Vall-de-Boi-MNAC.jpg 768w, https:\/\/www.elturistatranquil.com\/wp-content\/uploads\/F62-Lipsanoteca-de-Sant-Climent-de-Taull-Vall-de-Boi-MNAC-339x226.jpg 339w\" sizes=\"(max-width: 768px) 100vw, 768px\" \/>\t\t\t\t\t\t\t\t\t\t\t<figcaption class=\"widget-image-caption wp-caption-text\"><\/figcaption>\n\t\t\t\t\t\t\t\t\t\t<\/figure>\n\t\t\t\t\t\t\t\t\t<\/div>\n\t\t\t\t<\/div>\n\t\t\t\t<div class=\"elementor-element elementor-element-68180b1e elementor-widget elementor-widget-heading\" data-id=\"68180b1e\" data-element_type=\"widget\" data-e-type=\"widget\" data-widget_type=\"heading.default\">\n\t\t\t\t<div class=\"elementor-widget-container\">\n\t\t\t\t\t<h5 class=\"elementor-heading-title elementor-size-default\">Altres elements a l\u2019esgl\u00e9sia<\/h5>\t\t\t\t<\/div>\n\t\t\t\t<\/div>\n\t\t\t\t<div class=\"elementor-element elementor-element-19eaf6d7 elementor-widget elementor-widget-text-editor\" data-id=\"19eaf6d7\" data-element_type=\"widget\" data-e-type=\"widget\" data-widget_type=\"text-editor.default\">\n\t\t\t\t<div class=\"elementor-widget-container\">\n\t\t\t\t\t\t\t\t\t<p>Era habitual que el frontal i els laterals dels altars estiguessin recoberts per pintures. El <strong>frontal de l\u2019altar de Sant Climent<\/strong> est\u00e0 dipositat al MNAC, tot i que no est\u00e0 exposat. No obstant aix\u00f2, es pot observar en els fons del cat\u00e0leg del museu. \u00c9s tracta d\u2019una pintura sobre fusta al tremp amb relleus d\u00b4estuc amb restes de colradura, datada de la segona meitat del segle XIII. Est\u00e0 dedicat a Sant Climent i el seu martiri.<\/p>\t\t\t\t\t\t\t\t<\/div>\n\t\t\t\t<\/div>\n\t\t\t\t<div class=\"elementor-element elementor-element-7f912771 elementor-widget elementor-widget-image\" data-id=\"7f912771\" data-element_type=\"widget\" data-e-type=\"widget\" data-widget_type=\"image.default\">\n\t\t\t\t<div class=\"elementor-widget-container\">\n\t\t\t\t\t\t\t\t\t\t\t\t<figure class=\"wp-caption\">\n\t\t\t\t\t\t\t\t\t\t<img loading=\"lazy\" decoding=\"async\" width=\"768\" height=\"429\" src=\"https:\/\/www.elturistatranquil.com\/wp-content\/uploads\/F63-Frontal-daltar-de-Sant-Climent-de-Taull-Vall-de-Boi-MNAC.jpg\" class=\"attachment-large size-large wp-image-47333\" alt=\"Frontal d&#039;altar de Sant Climent de Taull, Vall de Boi (MNAC)\" srcset=\"https:\/\/www.elturistatranquil.com\/wp-content\/uploads\/F63-Frontal-daltar-de-Sant-Climent-de-Taull-Vall-de-Boi-MNAC.jpg 768w, https:\/\/www.elturistatranquil.com\/wp-content\/uploads\/F63-Frontal-daltar-de-Sant-Climent-de-Taull-Vall-de-Boi-MNAC-339x189.jpg 339w\" sizes=\"(max-width: 768px) 100vw, 768px\" \/>\t\t\t\t\t\t\t\t\t\t\t<figcaption class=\"widget-image-caption wp-caption-text\"><\/figcaption>\n\t\t\t\t\t\t\t\t\t\t<\/figure>\n\t\t\t\t\t\t\t\t\t<\/div>\n\t\t\t\t<\/div>\n\t\t\t\t<div class=\"elementor-element elementor-element-72ad4243 elementor-widget elementor-widget-text-editor\" data-id=\"72ad4243\" data-element_type=\"widget\" data-e-type=\"widget\" data-widget_type=\"text-editor.default\">\n\t\t\t\t<div class=\"elementor-widget-container\">\n\t\t\t\t\t\t\t\t\t<p>En el seu lloc actualment hi ha la seg\u00fcent pe\u00e7a.<\/p>\t\t\t\t\t\t\t\t<\/div>\n\t\t\t\t<\/div>\n\t\t\t\t<div class=\"elementor-element elementor-element-31669349 elementor-widget elementor-widget-image\" data-id=\"31669349\" data-element_type=\"widget\" data-e-type=\"widget\" data-widget_type=\"image.default\">\n\t\t\t\t<div class=\"elementor-widget-container\">\n\t\t\t\t\t\t\t\t\t\t\t\t<figure class=\"wp-caption\">\n\t\t\t\t\t\t\t\t\t\t<img loading=\"lazy\" decoding=\"async\" width=\"768\" height=\"512\" src=\"https:\/\/www.elturistatranquil.com\/wp-content\/uploads\/F64-Frontal-daltar-de-Sant-Climent-de-Taull-Vall-de-Boi.jpg\" class=\"attachment-large size-large wp-image-47335\" alt=\"Frontal d&#039;altar de Sant Climent de Taull, Vall de Boi\" srcset=\"https:\/\/www.elturistatranquil.com\/wp-content\/uploads\/F64-Frontal-daltar-de-Sant-Climent-de-Taull-Vall-de-Boi.jpg 768w, https:\/\/www.elturistatranquil.com\/wp-content\/uploads\/F64-Frontal-daltar-de-Sant-Climent-de-Taull-Vall-de-Boi-339x226.jpg 339w\" sizes=\"(max-width: 768px) 100vw, 768px\" \/>\t\t\t\t\t\t\t\t\t\t\t<figcaption class=\"widget-image-caption wp-caption-text\"><\/figcaption>\n\t\t\t\t\t\t\t\t\t\t<\/figure>\n\t\t\t\t\t\t\t\t\t<\/div>\n\t\t\t\t<\/div>\n\t\t\t\t<div class=\"elementor-element elementor-element-656d975f elementor-widget elementor-widget-text-editor\" data-id=\"656d975f\" data-element_type=\"widget\" data-e-type=\"widget\" data-widget_type=\"text-editor.default\">\n\t\t\t\t<div class=\"elementor-widget-container\">\n\t\t\t\t\t\t\t\t\t<p>\u00a0A l\u2019entrada del temple es troba una senzilla <strong>pica d\u2019aigua bene\u00efda<\/strong>.<\/p>\t\t\t\t\t\t\t\t<\/div>\n\t\t\t\t<\/div>\n\t\t\t\t<div class=\"elementor-element elementor-element-2b22a33 elementor-widget elementor-widget-image\" data-id=\"2b22a33\" data-element_type=\"widget\" data-e-type=\"widget\" data-widget_type=\"image.default\">\n\t\t\t\t<div class=\"elementor-widget-container\">\n\t\t\t\t\t\t\t\t\t\t\t\t<figure class=\"wp-caption\">\n\t\t\t\t\t\t\t\t\t\t<img loading=\"lazy\" decoding=\"async\" width=\"768\" height=\"512\" src=\"https:\/\/www.elturistatranquil.com\/wp-content\/uploads\/F65-Sant-Climent-de-Taull-Vall-de-Boi.jpg\" class=\"attachment-large size-large wp-image-47337\" alt=\"Sant Climent de Taull, Vall de Boi\" srcset=\"https:\/\/www.elturistatranquil.com\/wp-content\/uploads\/F65-Sant-Climent-de-Taull-Vall-de-Boi.jpg 768w, https:\/\/www.elturistatranquil.com\/wp-content\/uploads\/F65-Sant-Climent-de-Taull-Vall-de-Boi-339x226.jpg 339w\" sizes=\"(max-width: 768px) 100vw, 768px\" \/>\t\t\t\t\t\t\t\t\t\t\t<figcaption class=\"widget-image-caption wp-caption-text\"><\/figcaption>\n\t\t\t\t\t\t\t\t\t\t<\/figure>\n\t\t\t\t\t\t\t\t\t<\/div>\n\t\t\t\t<\/div>\n\t\t\t\t<div class=\"elementor-element elementor-element-7ee8e2bc elementor-widget elementor-widget-heading\" data-id=\"7ee8e2bc\" data-element_type=\"widget\" data-e-type=\"widget\" data-widget_type=\"heading.default\">\n\t\t\t\t<div class=\"elementor-widget-container\">\n\t\t\t\t\t<h4 class=\"elementor-heading-title elementor-size-default\">Elements muse\u00edstics<\/h4>\t\t\t\t<\/div>\n\t\t\t\t<\/div>\n\t\t\t\t<div class=\"elementor-element elementor-element-611f9013 elementor-widget elementor-widget-text-editor\" data-id=\"611f9013\" data-element_type=\"widget\" data-e-type=\"widget\" data-widget_type=\"text-editor.default\">\n\t\t\t\t<div class=\"elementor-widget-container\">\n\t\t\t\t\t\t\t\t\t<p>Distribu\u00efdes pel recinte podem observar diverses peces originals de l\u2019esgl\u00e9sia de Sant Climent.<\/p><p>Una part s\u00f3n escultures exemptes que formaven part del patrimoni de l\u2019esgl\u00e9sia.<\/p><p>La <strong>imatge de Crist com a Salvador Coronat<\/strong>, va ser tallada y policromada al segle XIII i molt probablement presidia l&#8217;altar major. A principis del segle XX, estava situada al bell mig del retaule.<\/p>\t\t\t\t\t\t\t\t<\/div>\n\t\t\t\t<\/div>\n\t\t\t\t<div class=\"elementor-element elementor-element-7f484d83 elementor-widget elementor-widget-image\" data-id=\"7f484d83\" data-element_type=\"widget\" data-e-type=\"widget\" data-widget_type=\"image.default\">\n\t\t\t\t<div class=\"elementor-widget-container\">\n\t\t\t\t\t\t\t\t\t\t\t\t<figure class=\"wp-caption\">\n\t\t\t\t\t\t\t\t\t\t<img loading=\"lazy\" decoding=\"async\" width=\"768\" height=\"536\" src=\"https:\/\/www.elturistatranquil.com\/wp-content\/uploads\/F66-Sant-Climent-de-Taull-Vall-de-Boi.jpg\" class=\"attachment-large size-large wp-image-47342\" alt=\"Sant Climent de Taull, Vall de Boi\" srcset=\"https:\/\/www.elturistatranquil.com\/wp-content\/uploads\/F66-Sant-Climent-de-Taull-Vall-de-Boi.jpg 768w, https:\/\/www.elturistatranquil.com\/wp-content\/uploads\/F66-Sant-Climent-de-Taull-Vall-de-Boi-324x226.jpg 324w\" sizes=\"(max-width: 768px) 100vw, 768px\" \/>\t\t\t\t\t\t\t\t\t\t\t<figcaption class=\"widget-image-caption wp-caption-text\"><\/figcaption>\n\t\t\t\t\t\t\t\t\t\t<\/figure>\n\t\t\t\t\t\t\t\t\t<\/div>\n\t\t\t\t<\/div>\n\t\t\t\t<div class=\"elementor-element elementor-element-3b43e166 elementor-widget elementor-widget-text-editor\" data-id=\"3b43e166\" data-element_type=\"widget\" data-e-type=\"widget\" data-widget_type=\"text-editor.default\">\n\t\t\t\t<div class=\"elementor-widget-container\">\n\t\t\t\t\t\t\t\t\t<p>La <strong>Mare de D\u00e9u<\/strong> va ser tallada entre els segles XII i XIII. A principis del segle XX, es trobava a dintre d&#8217;un petit temple de fusta a l&#8217;esgl\u00e9sia de Sant Climent. Per les seves caracter\u00edstiques \u00e9s possible que aquesta imatge provingui de la ve\u00efna esgl\u00e9sia de Santa Maria, on hauria estat venerada fins al segle XVIII. En aquell moment hauria estat substitu\u00efda per una imatge barroca i la figura rom\u00e0nica traslladada a Sant Climent.<\/p>\t\t\t\t\t\t\t\t<\/div>\n\t\t\t\t<\/div>\n\t\t\t\t<div class=\"elementor-element elementor-element-413e1ab elementor-widget elementor-widget-image\" data-id=\"413e1ab\" data-element_type=\"widget\" data-e-type=\"widget\" data-widget_type=\"image.default\">\n\t\t\t\t<div class=\"elementor-widget-container\">\n\t\t\t\t\t\t\t\t\t\t\t\t<figure class=\"wp-caption\">\n\t\t\t\t\t\t\t\t\t\t<img loading=\"lazy\" decoding=\"async\" width=\"768\" height=\"525\" src=\"https:\/\/www.elturistatranquil.com\/wp-content\/uploads\/F67-Sant-Climent-de-Taull-Vall-de-Boi.jpg\" class=\"attachment-large size-large wp-image-47344\" alt=\"Sant Climent de Taull, Vall de Boi\" srcset=\"https:\/\/www.elturistatranquil.com\/wp-content\/uploads\/F67-Sant-Climent-de-Taull-Vall-de-Boi.jpg 768w, https:\/\/www.elturistatranquil.com\/wp-content\/uploads\/F67-Sant-Climent-de-Taull-Vall-de-Boi-331x226.jpg 331w\" sizes=\"(max-width: 768px) 100vw, 768px\" \/>\t\t\t\t\t\t\t\t\t\t\t<figcaption class=\"widget-image-caption wp-caption-text\"><\/figcaption>\n\t\t\t\t\t\t\t\t\t\t<\/figure>\n\t\t\t\t\t\t\t\t\t<\/div>\n\t\t\t\t<\/div>\n\t\t\t\t<div class=\"elementor-element elementor-element-608655ec elementor-widget elementor-widget-text-editor\" data-id=\"608655ec\" data-element_type=\"widget\" data-e-type=\"widget\" data-widget_type=\"text-editor.default\">\n\t\t\t\t<div class=\"elementor-widget-container\">\n\t\t\t\t\t\t\t\t\t<p>El <strong>Crist a la Creu<\/strong> \u00e9s una magn\u00edfica mostra d&#8217;escultura rom\u00e0nica. Aquestes creus sovint s&#8217;utilitzaven en processons i actes lit\u00fargics.<\/p><p>Conserva una espl\u00e8ndida policromia especialment a la part posterior de la creu. No \u00e9s segur quina \u00e9s l&#8217;esgl\u00e9sia d\u2019origen d&#8217;aquesta talla, ja que les not\u00edcies hist\u00f2riques no s\u00f3n concloents.<\/p>\t\t\t\t\t\t\t\t<\/div>\n\t\t\t\t<\/div>\n\t\t\t\t<div class=\"elementor-element elementor-element-245bd8b7 elementor-widget elementor-widget-image\" data-id=\"245bd8b7\" data-element_type=\"widget\" data-e-type=\"widget\" data-widget_type=\"image.default\">\n\t\t\t\t<div class=\"elementor-widget-container\">\n\t\t\t\t\t\t\t\t\t\t\t\t<figure class=\"wp-caption\">\n\t\t\t\t\t\t\t\t\t\t<img loading=\"lazy\" decoding=\"async\" width=\"768\" height=\"515\" src=\"https:\/\/www.elturistatranquil.com\/wp-content\/uploads\/F68-Sant-Climent-de-Taull-Vall-de-Boi.jpg\" class=\"attachment-large size-large wp-image-47346\" alt=\"Sant Climent de Taull, Vall de Boi\" srcset=\"https:\/\/www.elturistatranquil.com\/wp-content\/uploads\/F68-Sant-Climent-de-Taull-Vall-de-Boi.jpg 768w, https:\/\/www.elturistatranquil.com\/wp-content\/uploads\/F68-Sant-Climent-de-Taull-Vall-de-Boi-337x226.jpg 337w\" sizes=\"(max-width: 768px) 100vw, 768px\" \/>\t\t\t\t\t\t\t\t\t\t\t<figcaption class=\"widget-image-caption wp-caption-text\"><\/figcaption>\n\t\t\t\t\t\t\t\t\t\t<\/figure>\n\t\t\t\t\t\t\t\t\t<\/div>\n\t\t\t\t<\/div>\n\t\t\t\t<div class=\"elementor-element elementor-element-53c1d0b0 elementor-widget elementor-widget-text-editor\" data-id=\"53c1d0b0\" data-element_type=\"widget\" data-e-type=\"widget\" data-widget_type=\"text-editor.default\">\n\t\t\t\t<div class=\"elementor-widget-container\">\n\t\t\t\t\t\t\t\t\t<p>Tamb\u00e9 s\u2019exposa una reproducci\u00f3 d\u2019un dels <strong>bancs del presbiteri<\/strong>, un moble medieval molt singular, probablement entre els segles XIII i XIV, de tres forn\u00edcules dividides per columnes. Est\u00e0 constru\u00eft en fusta de pi, i profusament calat i tallat en relleus, amb restes de pintura en vermell. El banc original ja s\u2019ha indicat que \u00e9s conserva al MNAC.<\/p>\t\t\t\t\t\t\t\t<\/div>\n\t\t\t\t<\/div>\n\t\t\t\t<div class=\"elementor-element elementor-element-be919dd elementor-widget elementor-widget-image\" data-id=\"be919dd\" data-element_type=\"widget\" data-e-type=\"widget\" data-widget_type=\"image.default\">\n\t\t\t\t<div class=\"elementor-widget-container\">\n\t\t\t\t\t\t\t\t\t\t\t\t<figure class=\"wp-caption\">\n\t\t\t\t\t\t\t\t\t\t<img loading=\"lazy\" decoding=\"async\" width=\"768\" height=\"576\" src=\"https:\/\/www.elturistatranquil.com\/wp-content\/uploads\/F69-Sant-Climent-de-Taull-Vall-de-Boi.jpg\" class=\"attachment-large size-large wp-image-47348\" alt=\"Sant Climent de Taull, Vall de Boi\" srcset=\"https:\/\/www.elturistatranquil.com\/wp-content\/uploads\/F69-Sant-Climent-de-Taull-Vall-de-Boi.jpg 768w, https:\/\/www.elturistatranquil.com\/wp-content\/uploads\/F69-Sant-Climent-de-Taull-Vall-de-Boi-301x226.jpg 301w\" sizes=\"(max-width: 768px) 100vw, 768px\" \/>\t\t\t\t\t\t\t\t\t\t\t<figcaption class=\"widget-image-caption wp-caption-text\"><\/figcaption>\n\t\t\t\t\t\t\t\t\t\t<\/figure>\n\t\t\t\t\t\t\t\t\t<\/div>\n\t\t\t\t<\/div>\n\t\t\t\t<div class=\"elementor-element elementor-element-7b62af49 elementor-widget elementor-widget-text-editor\" data-id=\"7b62af49\" data-element_type=\"widget\" data-e-type=\"widget\" data-widget_type=\"text-editor.default\">\n\t\t\t\t<div class=\"elementor-widget-container\">\n\t\t\t\t\t\t\t\t\t<p>Als voltants de l&#8217;any 1572 es va pintar el <strong>retaule de Santa Anna<\/strong>, juntament amb els de Sant Andreu i de Sant Miquel. Nom\u00e9s es conserva a l&#8217;esgl\u00e9sia de Sant Climent la taula central d\u2019aquest retaule; la taula lateral dreta es el Museu Dioces\u00e0 de la Seu d&#8217;Urgell.<\/p><p>La imatge principal representa Santa Anna, la mare de Maria, la Verge. A la part superior, D\u00e9u Pare beneeix des del cel. A la part inferior, Jes\u00fas apareix com a <em>Ecce Homo<\/em> davant els s\u00edmbols del seu martiri.<\/p><p>Santa Anna est\u00e0 representada asseguda en un tron. A la seva falda, hi ha la seva filla, la Mare de D\u00e9u, de mida molt m\u00e9s petita, i a la seva falda, encara m\u00e9s petit, el seu fill el Nen Jes\u00fas.<\/p>\t\t\t\t\t\t\t\t<\/div>\n\t\t\t\t<\/div>\n\t\t\t\t<div class=\"elementor-element elementor-element-17dced11 elementor-widget elementor-widget-image\" data-id=\"17dced11\" data-element_type=\"widget\" data-e-type=\"widget\" data-widget_type=\"image.default\">\n\t\t\t\t<div class=\"elementor-widget-container\">\n\t\t\t\t\t\t\t\t\t\t\t\t<figure class=\"wp-caption\">\n\t\t\t\t\t\t\t\t\t\t<img loading=\"lazy\" decoding=\"async\" width=\"768\" height=\"549\" src=\"https:\/\/www.elturistatranquil.com\/wp-content\/uploads\/F29-Sant-Climent-de-Taull-Vall-de-Boi.jpg\" class=\"attachment-large size-large wp-image-47250\" alt=\"Sant Climent de Taull, Vall de Boi\" srcset=\"https:\/\/www.elturistatranquil.com\/wp-content\/uploads\/F29-Sant-Climent-de-Taull-Vall-de-Boi.jpg 768w, https:\/\/www.elturistatranquil.com\/wp-content\/uploads\/F29-Sant-Climent-de-Taull-Vall-de-Boi-316x226.jpg 316w\" sizes=\"(max-width: 768px) 100vw, 768px\" \/>\t\t\t\t\t\t\t\t\t\t\t<figcaption class=\"widget-image-caption wp-caption-text\"><\/figcaption>\n\t\t\t\t\t\t\t\t\t\t<\/figure>\n\t\t\t\t\t\t\t\t\t<\/div>\n\t\t\t\t<\/div>\n\t\t\t\t<div class=\"elementor-element elementor-element-55f2ced elementor-widget elementor-widget-text-editor\" data-id=\"55f2ced\" data-element_type=\"widget\" data-e-type=\"widget\" data-widget_type=\"text-editor.default\">\n\t\t\t\t<div class=\"elementor-widget-container\">\n\t\t\t\t\t\t\t\t\t<p>El <strong>retaule de Sant Antoni de P\u00e0dua<\/strong> va ser constru\u00eft cap a finals del segle XVII. Actualment nom\u00e9s es conserva l&#8217;estructura arquitect\u00f2nica del retaule.<\/p><p>La seva composici\u00f3 \u00e9s la habitual dels retaules barrocs d&#8217;aquesta \u00e8poca, amb un pis inferior o predel\u00b7la decorat, columnes als laterals i un front\u00f3 a la part superior. El quadre que centrava el retaule representava una de les llegendes atribu\u00efdes al sant: l&#8217;aparici\u00f3 de la Mare de D\u00e9u i el Nen Jes\u00fas a la seva cambra. Sant Antoni anava vestit amb l&#8217;h\u00e0bit francisc\u00e0 i portava un lliri a la m\u00e0, s\u00edmbol de puresa.<\/p>\t\t\t\t\t\t\t\t<\/div>\n\t\t\t\t<\/div>\n\t\t\t\t<div class=\"elementor-element elementor-element-9a8ccbf elementor-widget elementor-widget-image\" data-id=\"9a8ccbf\" data-element_type=\"widget\" data-e-type=\"widget\" data-widget_type=\"image.default\">\n\t\t\t\t<div class=\"elementor-widget-container\">\n\t\t\t\t\t\t\t\t\t\t\t\t<figure class=\"wp-caption\">\n\t\t\t\t\t\t\t\t\t\t<img loading=\"lazy\" decoding=\"async\" width=\"768\" height=\"512\" src=\"https:\/\/www.elturistatranquil.com\/wp-content\/uploads\/F70-Sant-Climent-de-Taull-Vall-de-Boi.jpg\" class=\"attachment-large size-large wp-image-47350\" alt=\"Sant Climent de Taull, Vall de Boi\" srcset=\"https:\/\/www.elturistatranquil.com\/wp-content\/uploads\/F70-Sant-Climent-de-Taull-Vall-de-Boi.jpg 768w, https:\/\/www.elturistatranquil.com\/wp-content\/uploads\/F70-Sant-Climent-de-Taull-Vall-de-Boi-339x226.jpg 339w\" sizes=\"(max-width: 768px) 100vw, 768px\" \/>\t\t\t\t\t\t\t\t\t\t\t<figcaption class=\"widget-image-caption wp-caption-text\"><\/figcaption>\n\t\t\t\t\t\t\t\t\t\t<\/figure>\n\t\t\t\t\t\t\t\t\t<\/div>\n\t\t\t\t<\/div>\n\t\t\t\t<div class=\"elementor-element elementor-element-22801fd8 elementor-widget elementor-widget-text-editor\" data-id=\"22801fd8\" data-element_type=\"widget\" data-e-type=\"widget\" data-widget_type=\"text-editor.default\">\n\t\t\t\t<div class=\"elementor-widget-container\">\n\t\t\t\t\t\t\t\t\t<p>Dissortadament, no s\u2019ha conservar el retaule barroc de l\u2019altar major. Permetria apreciar la transformaci\u00f3 de sensibilitats religioses i est\u00e8tiques amb el canvi de per\u00edodes hist\u00f2rics.<\/p>\t\t\t\t\t\t\t\t<\/div>\n\t\t\t\t<\/div>\n\t\t\t\t<div class=\"elementor-element elementor-element-79b7b3ec elementor-widget elementor-widget-heading\" data-id=\"79b7b3ec\" data-element_type=\"widget\" data-e-type=\"widget\" data-widget_type=\"heading.default\">\n\t\t\t\t<div class=\"elementor-widget-container\">\n\t\t\t\t\t<h2 class=\"elementor-heading-title elementor-size-default\">Esgl\u00e9sia de Santa Maria de Ta\u00fcll<\/h2>\t\t\t\t<\/div>\n\t\t\t\t<\/div>\n\t\t\t\t<div class=\"elementor-element elementor-element-5dd7046 elementor-widget elementor-widget-text-editor\" data-id=\"5dd7046\" data-element_type=\"widget\" data-e-type=\"widget\" data-widget_type=\"text-editor.default\">\n\t\t\t\t<div class=\"elementor-widget-container\">\n\t\t\t\t\t\t\t\t\t<p>Coordenades: 42\u00b031&#8217;13.0&#8243;N 0\u00b050&#8217;49.4&#8243;E. Altitud: 1.513 msnm<\/p><p>De la mateixa \u00e8poca que l\u2019esgl\u00e9sia de Sant Climent es la de <strong>Santa Maria<\/strong>, pel que sembla, consagrada un dia despr\u00e9s que Sant Climent, el 11 de desembre de 1123, pel mateix bisbe Ramon Guillem de Roda-Barbastre.<\/p><p>\u00c9s l\u2019\u00fanica esgl\u00e9sia de tot el conjunt situada dins del nucli del caseriu, per sobre del qual veiem sobresortir la torre-campanar. \u00c9s l\u2019esgl\u00e9sia parroquial de Ta\u00fcll.<\/p><p>Com a esgl\u00e9sia parroquial, ha experimentat m\u00e9s modificacions al llarg dels anys a causa de l&#8217;\u00fas quotidi\u00e0 i l&#8217;adaptaci\u00f3 als canvis conceptuals, lit\u00fargics i est\u00e8tics. Especialment durant l&#8217;\u00e8poca moderna, al segle XVIII, es van realitzar modificacions com l&#8217;afegit d&#8217;un cimbori, una coberta de creueria i la reconversi\u00f3 de la planta basilical en una sola nau, convertint les naus laterals en capelles. Aquests canvis han estat revertits en les reformes m\u00e9s recents per retornar l&#8217;esgl\u00e9sia al seu estat rom\u00e0nic original.<\/p>\t\t\t\t\t\t\t\t<\/div>\n\t\t\t\t<\/div>\n\t\t\t\t<div class=\"elementor-element elementor-element-4ee49c39 elementor-widget elementor-widget-image\" data-id=\"4ee49c39\" data-element_type=\"widget\" data-e-type=\"widget\" data-widget_type=\"image.default\">\n\t\t\t\t<div class=\"elementor-widget-container\">\n\t\t\t\t\t\t\t\t\t\t\t\t<figure class=\"wp-caption\">\n\t\t\t\t\t\t\t\t\t\t<img loading=\"lazy\" decoding=\"async\" width=\"768\" height=\"511\" src=\"https:\/\/www.elturistatranquil.com\/wp-content\/uploads\/F71-Santa-Maria-de-Taull-Vall-de-Boi.jpg\" class=\"attachment-large size-large wp-image-47352\" alt=\"Santa Maria de Taull, Vall de Boi\" srcset=\"https:\/\/www.elturistatranquil.com\/wp-content\/uploads\/F71-Santa-Maria-de-Taull-Vall-de-Boi.jpg 768w, https:\/\/www.elturistatranquil.com\/wp-content\/uploads\/F71-Santa-Maria-de-Taull-Vall-de-Boi-339x226.jpg 339w\" sizes=\"(max-width: 768px) 100vw, 768px\" \/>\t\t\t\t\t\t\t\t\t\t\t<figcaption class=\"widget-image-caption wp-caption-text\"><\/figcaption>\n\t\t\t\t\t\t\t\t\t\t<\/figure>\n\t\t\t\t\t\t\t\t\t<\/div>\n\t\t\t\t<\/div>\n\t\t\t\t<div class=\"elementor-element elementor-element-12c4c191 elementor-widget elementor-widget-image\" data-id=\"12c4c191\" data-element_type=\"widget\" data-e-type=\"widget\" data-widget_type=\"image.default\">\n\t\t\t\t<div class=\"elementor-widget-container\">\n\t\t\t\t\t\t\t\t\t\t\t\t<figure class=\"wp-caption\">\n\t\t\t\t\t\t\t\t\t\t<img loading=\"lazy\" decoding=\"async\" width=\"768\" height=\"511\" src=\"https:\/\/www.elturistatranquil.com\/wp-content\/uploads\/F72-Santa-Maria-de-Taull-Vall-de-Boi.jpg\" class=\"attachment-large size-large wp-image-47354\" alt=\"Santa Maria de Taull, Vall de Boi\" srcset=\"https:\/\/www.elturistatranquil.com\/wp-content\/uploads\/F72-Santa-Maria-de-Taull-Vall-de-Boi.jpg 768w, https:\/\/www.elturistatranquil.com\/wp-content\/uploads\/F72-Santa-Maria-de-Taull-Vall-de-Boi-339x226.jpg 339w\" sizes=\"(max-width: 768px) 100vw, 768px\" \/>\t\t\t\t\t\t\t\t\t\t\t<figcaption class=\"widget-image-caption wp-caption-text\"><\/figcaption>\n\t\t\t\t\t\t\t\t\t\t<\/figure>\n\t\t\t\t\t\t\t\t\t<\/div>\n\t\t\t\t<\/div>\n\t\t\t\t<div class=\"elementor-element elementor-element-10dc2810 elementor-widget elementor-widget-heading\" data-id=\"10dc2810\" data-element_type=\"widget\" data-e-type=\"widget\" data-widget_type=\"heading.default\">\n\t\t\t\t<div class=\"elementor-widget-container\">\n\t\t\t\t\t<h3 class=\"elementor-heading-title elementor-size-default\">L\u2019exterior<\/h3>\t\t\t\t<\/div>\n\t\t\t\t<\/div>\n\t\t\t\t<div class=\"elementor-element elementor-element-2d2b86e5 elementor-widget elementor-widget-text-editor\" data-id=\"2d2b86e5\" data-element_type=\"widget\" data-e-type=\"widget\" data-widget_type=\"text-editor.default\">\n\t\t\t\t<div class=\"elementor-widget-container\">\n\t\t\t\t\t\t\t\t\t<p>Malgrat la seva ubicaci\u00f3 dins del caseriu, no crea centralitat. Seria simplement un edifici m\u00e9s, aix\u00f2 si m\u00e9s gran, si no fos pels absis i el campanar. Est\u00e0 orientada can\u00f2nicament a llevant.<\/p><p>\u00c9s l\u2019\u00fanic cas en que la torre es troba a l\u2019interior del temple, sobresortint per l\u2019interior de la coberta.<\/p>\t\t\t\t\t\t\t\t<\/div>\n\t\t\t\t<\/div>\n\t\t\t\t<div class=\"elementor-element elementor-element-3d6786ae elementor-widget elementor-widget-image\" data-id=\"3d6786ae\" data-element_type=\"widget\" data-e-type=\"widget\" data-widget_type=\"image.default\">\n\t\t\t\t<div class=\"elementor-widget-container\">\n\t\t\t\t\t\t\t\t\t\t\t\t<figure class=\"wp-caption\">\n\t\t\t\t\t\t\t\t\t\t<img loading=\"lazy\" decoding=\"async\" width=\"768\" height=\"512\" src=\"https:\/\/www.elturistatranquil.com\/wp-content\/uploads\/F73-Santa-Maria-de-Taull-Vall-de-Boi.jpg\" class=\"attachment-large size-large wp-image-47356\" alt=\"Santa Maria de Taull, Vall de Boi\" srcset=\"https:\/\/www.elturistatranquil.com\/wp-content\/uploads\/F73-Santa-Maria-de-Taull-Vall-de-Boi.jpg 768w, https:\/\/www.elturistatranquil.com\/wp-content\/uploads\/F73-Santa-Maria-de-Taull-Vall-de-Boi-339x226.jpg 339w\" sizes=\"(max-width: 768px) 100vw, 768px\" \/>\t\t\t\t\t\t\t\t\t\t\t<figcaption class=\"widget-image-caption wp-caption-text\"><\/figcaption>\n\t\t\t\t\t\t\t\t\t\t<\/figure>\n\t\t\t\t\t\t\t\t\t<\/div>\n\t\t\t\t<\/div>\n\t\t\t\t<div class=\"elementor-element elementor-element-af56399 elementor-widget elementor-widget-text-editor\" data-id=\"af56399\" data-element_type=\"widget\" data-e-type=\"widget\" data-widget_type=\"text-editor.default\">\n\t\t\t\t<div class=\"elementor-widget-container\">\n\t\t\t\t\t\t\t\t\t<p>Tota la construcci\u00f3 es de carreu\u00f3. Els murs exteriors de l\u2019edifici s\u00f3n llisos, sense cap ornamentaci\u00f3 escult\u00f2rica, i nom\u00e9s hi ha tres petites finestres d\u2019arc de mig punt par a la il\u00b7luminaci\u00f3: una, una mica m\u00e9s gran, sobre la portada al peus de temple, i dues de m\u00e9s petites al mur de migdia.<\/p><p>El mur de la fa\u00e7ana dels peus en forma de capcer, sobre el que descansen els dos faldons de la teulada a dos aiguavessos, recoberta de pissarra. En ell est\u00e0 situada la portada principal, i consisteix en una simple obertura amb arc de mig punt format per dovelles simples.<\/p><p>A m\u00e9s, hi ha una altra porta secund\u00e0ria al mur de migdia.<\/p>\t\t\t\t\t\t\t\t<\/div>\n\t\t\t\t<\/div>\n\t\t\t\t<div class=\"elementor-element elementor-element-3f1931b4 elementor-widget elementor-widget-image\" data-id=\"3f1931b4\" data-element_type=\"widget\" data-e-type=\"widget\" data-widget_type=\"image.default\">\n\t\t\t\t<div class=\"elementor-widget-container\">\n\t\t\t\t\t\t\t\t\t\t\t\t<figure class=\"wp-caption\">\n\t\t\t\t\t\t\t\t\t\t<img loading=\"lazy\" decoding=\"async\" width=\"768\" height=\"511\" src=\"https:\/\/www.elturistatranquil.com\/wp-content\/uploads\/F74-Santa-Maria-de-Taull-Vall-de-Boi.jpg\" class=\"attachment-large size-large wp-image-47358\" alt=\"Santa Maria de Taull, Vall de Boi\" srcset=\"https:\/\/www.elturistatranquil.com\/wp-content\/uploads\/F74-Santa-Maria-de-Taull-Vall-de-Boi.jpg 768w, https:\/\/www.elturistatranquil.com\/wp-content\/uploads\/F74-Santa-Maria-de-Taull-Vall-de-Boi-339x226.jpg 339w\" sizes=\"(max-width: 768px) 100vw, 768px\" \/>\t\t\t\t\t\t\t\t\t\t\t<figcaption class=\"widget-image-caption wp-caption-text\"><\/figcaption>\n\t\t\t\t\t\t\t\t\t\t<\/figure>\n\t\t\t\t\t\t\t\t\t<\/div>\n\t\t\t\t<\/div>\n\t\t\t\t<div class=\"elementor-element elementor-element-4258312b elementor-widget elementor-widget-heading\" data-id=\"4258312b\" data-element_type=\"widget\" data-e-type=\"widget\" data-widget_type=\"heading.default\">\n\t\t\t\t<div class=\"elementor-widget-container\">\n\t\t\t\t\t<h4 class=\"elementor-heading-title elementor-size-default\">Els absis<\/h4>\t\t\t\t<\/div>\n\t\t\t\t<\/div>\n\t\t\t\t<div class=\"elementor-element elementor-element-72500f5f elementor-widget elementor-widget-text-editor\" data-id=\"72500f5f\" data-element_type=\"widget\" data-e-type=\"widget\" data-widget_type=\"text-editor.default\">\n\t\t\t\t<div class=\"elementor-widget-container\">\n\t\t\t\t\t\t\t\t\t<p>El que lo dona l\u2019aspecte d\u2019esgl\u00e9sia \u00e9s la seva cap\u00e7alera triabsidal. L\u2019absis central m\u00e9s gran i elevat. Lles dues absidioles per l\u2019exterior estan tan adossades al absis central que no arriben a tenir la forma semicircular, mentre que a l\u2019interior queden perfectament definides. Com correspon, l&#8217;al\u00e7ada d&#8217;aquestes absis s\u00f3n menors i ajustats a la pendent del teulat.<\/p><p>Al segle XVIII, s\u2019hi va incorporar un cimbori, que encara era present a principis del segle XX com es pot veure en la fotografia seg\u00fcent. En les restauracions del segle XX, l\u2019esgl\u00e9sia es va retornar a la forma original, eliminant aquest afegit, tal com es pot apreciar actualment.<\/p>\t\t\t\t\t\t\t\t<\/div>\n\t\t\t\t<\/div>\n\t\t\t\t<div class=\"elementor-element elementor-element-4d0d7ac0 elementor-widget elementor-widget-image\" data-id=\"4d0d7ac0\" data-element_type=\"widget\" data-e-type=\"widget\" data-widget_type=\"image.default\">\n\t\t\t\t<div class=\"elementor-widget-container\">\n\t\t\t\t\t\t\t\t\t\t\t\t<figure class=\"wp-caption\">\n\t\t\t\t\t\t\t\t\t\t<img loading=\"lazy\" decoding=\"async\" width=\"768\" height=\"512\" src=\"https:\/\/www.elturistatranquil.com\/wp-content\/uploads\/F75-Santa-Maria-de-Taull-Vall-de-Boi-1907.jpg\" class=\"attachment-large size-large wp-image-47360\" alt=\"Santa Maria de Taull, Vall de Boi\" srcset=\"https:\/\/www.elturistatranquil.com\/wp-content\/uploads\/F75-Santa-Maria-de-Taull-Vall-de-Boi-1907.jpg 768w, https:\/\/www.elturistatranquil.com\/wp-content\/uploads\/F75-Santa-Maria-de-Taull-Vall-de-Boi-1907-339x226.jpg 339w\" sizes=\"(max-width: 768px) 100vw, 768px\" \/>\t\t\t\t\t\t\t\t\t\t\t<figcaption class=\"widget-image-caption wp-caption-text\"><\/figcaption>\n\t\t\t\t\t\t\t\t\t\t<\/figure>\n\t\t\t\t\t\t\t\t\t<\/div>\n\t\t\t\t<\/div>\n\t\t\t\t<div class=\"elementor-element elementor-element-18ff47da elementor-widget elementor-widget-image\" data-id=\"18ff47da\" data-element_type=\"widget\" data-e-type=\"widget\" data-widget_type=\"image.default\">\n\t\t\t\t<div class=\"elementor-widget-container\">\n\t\t\t\t\t\t\t\t\t\t\t\t<figure class=\"wp-caption\">\n\t\t\t\t\t\t\t\t\t\t<img loading=\"lazy\" decoding=\"async\" width=\"768\" height=\"511\" src=\"https:\/\/www.elturistatranquil.com\/wp-content\/uploads\/F76-Santa-Maria-de-Taull-Vall-de-Boi.jpg\" class=\"attachment-large size-large wp-image-47362\" alt=\"Santa Maria de Taull, Vall de Boi\" srcset=\"https:\/\/www.elturistatranquil.com\/wp-content\/uploads\/F76-Santa-Maria-de-Taull-Vall-de-Boi.jpg 768w, https:\/\/www.elturistatranquil.com\/wp-content\/uploads\/F76-Santa-Maria-de-Taull-Vall-de-Boi-339x226.jpg 339w\" sizes=\"(max-width: 768px) 100vw, 768px\" \/>\t\t\t\t\t\t\t\t\t\t\t<figcaption class=\"widget-image-caption wp-caption-text\"><\/figcaption>\n\t\t\t\t\t\t\t\t\t\t<\/figure>\n\t\t\t\t\t\t\t\t\t<\/div>\n\t\t\t\t<\/div>\n\t\t\t\t<div class=\"elementor-element elementor-element-2de4c088 elementor-widget elementor-widget-text-editor\" data-id=\"2de4c088\" data-element_type=\"widget\" data-e-type=\"widget\" data-widget_type=\"text-editor.default\">\n\t\t\t\t<div class=\"elementor-widget-container\">\n\t\t\t\t\t\t\t\t\t<p>L\u2019estil llombard dels absis \u00e9s inconfusible, amb les arcuacions cegues, les lesenes, en aquest cas rectangulars, i el fris de dents de serra sota l\u2019aler\u00f3 del teulat.<\/p><p>A l\u2019exterior, podem observar obertures de sagetera amb arc de mig punt: tres a l\u2019absis major i una a cada absidiola de format diferent.<\/p><p>Les finestres de l\u2019absis central presenten caracter\u00edstiques especials: la seva distribuci\u00f3 no \u00e9s sim\u00e8trica; els arcs s\u00f3n de doble esqueixada, mentre que el buit s\u00f3n dos parets paral\u00b7leles; per \u00faltim, les dues finestres laterals no estan obertes a l\u2019interior (podria ser que les necessitats del programa pict\u00f2ric de la c\u00fapula de l\u2019absis obliguessin a tapiar-les, em pregunto).<\/p><p>Le finestres de les absidioles son clarament de doble esqueixada.<\/p><p>En comparaci\u00f3 amb Sant Climent, les arcuacions s\u00f3n molt m\u00e9s elaborades i segueixen una regularitat geom\u00e8trica, i en general tota la f\u00e0brica dels absis.<\/p>\t\t\t\t\t\t\t\t<\/div>\n\t\t\t\t<\/div>\n\t\t\t\t<div class=\"elementor-element elementor-element-31adb969 elementor-widget elementor-widget-image\" data-id=\"31adb969\" data-element_type=\"widget\" data-e-type=\"widget\" data-widget_type=\"image.default\">\n\t\t\t\t<div class=\"elementor-widget-container\">\n\t\t\t\t\t\t\t\t\t\t\t\t<figure class=\"wp-caption\">\n\t\t\t\t\t\t\t\t\t\t<img loading=\"lazy\" decoding=\"async\" width=\"768\" height=\"511\" src=\"https:\/\/www.elturistatranquil.com\/wp-content\/uploads\/F77-Santa-Maria-de-Taull-Vall-de-Boi.jpg\" class=\"attachment-large size-large wp-image-47367\" alt=\"Santa Maria de Taull, Vall de Boi\" srcset=\"https:\/\/www.elturistatranquil.com\/wp-content\/uploads\/F77-Santa-Maria-de-Taull-Vall-de-Boi.jpg 768w, https:\/\/www.elturistatranquil.com\/wp-content\/uploads\/F77-Santa-Maria-de-Taull-Vall-de-Boi-339x226.jpg 339w\" sizes=\"(max-width: 768px) 100vw, 768px\" \/>\t\t\t\t\t\t\t\t\t\t\t<figcaption class=\"widget-image-caption wp-caption-text\"><\/figcaption>\n\t\t\t\t\t\t\t\t\t\t<\/figure>\n\t\t\t\t\t\t\t\t\t<\/div>\n\t\t\t\t<\/div>\n\t\t\t\t<div class=\"elementor-element elementor-element-44ce5233 elementor-widget elementor-widget-text-editor\" data-id=\"44ce5233\" data-element_type=\"widget\" data-e-type=\"widget\" data-widget_type=\"text-editor.default\">\n\t\t\t\t<div class=\"elementor-widget-container\">\n\t\t\t\t\t\t\t\t\t<p>Una part de la construcci\u00f3, per la que no s\u2019ha trobat explicaci\u00f3, s\u00f3n els \u00f2culs cecs a l\u2019interior de les arquivoltes de l\u2019absis central. Aquest element \u00e9s \u00fanic a tota la vall.<\/p><p>Tamb\u00e9 aqu\u00ed, com a Sant Climent, es va fer servir pedra rogenca com a contrast decoratiu.<\/p>\t\t\t\t\t\t\t\t<\/div>\n\t\t\t\t<\/div>\n\t\t\t\t<div class=\"elementor-element elementor-element-1e40d98b elementor-widget elementor-widget-image\" data-id=\"1e40d98b\" data-element_type=\"widget\" data-e-type=\"widget\" data-widget_type=\"image.default\">\n\t\t\t\t<div class=\"elementor-widget-container\">\n\t\t\t\t\t\t\t\t\t\t\t\t<figure class=\"wp-caption\">\n\t\t\t\t\t\t\t\t\t\t<img loading=\"lazy\" decoding=\"async\" width=\"768\" height=\"511\" src=\"https:\/\/www.elturistatranquil.com\/wp-content\/uploads\/F78-Santa-Maria-de-Taull-Vall-de-Boi.jpg\" class=\"attachment-large size-large wp-image-47369\" alt=\"Santa Maria de Taull, Vall de Boi\" srcset=\"https:\/\/www.elturistatranquil.com\/wp-content\/uploads\/F78-Santa-Maria-de-Taull-Vall-de-Boi.jpg 768w, https:\/\/www.elturistatranquil.com\/wp-content\/uploads\/F78-Santa-Maria-de-Taull-Vall-de-Boi-339x226.jpg 339w\" sizes=\"(max-width: 768px) 100vw, 768px\" \/>\t\t\t\t\t\t\t\t\t\t\t<figcaption class=\"widget-image-caption wp-caption-text\"><\/figcaption>\n\t\t\t\t\t\t\t\t\t\t<\/figure>\n\t\t\t\t\t\t\t\t\t<\/div>\n\t\t\t\t<\/div>\n\t\t\t\t<div class=\"elementor-element elementor-element-10ff2f9b elementor-widget elementor-widget-text-editor\" data-id=\"10ff2f9b\" data-element_type=\"widget\" data-e-type=\"widget\" data-widget_type=\"text-editor.default\">\n\t\t\t\t<div class=\"elementor-widget-container\">\n\t\t\t\t\t\t\t\t\t<p>Lamentable el moment en que el propietari va tenir la idea -i es va permetre- de construir aquesta edificaci\u00f3 sobresortint i invasiva sobre l\u2019estructura del temple.<\/p>\t\t\t\t\t\t\t\t<\/div>\n\t\t\t\t<\/div>\n\t\t\t\t<div class=\"elementor-element elementor-element-763e6b9b elementor-widget elementor-widget-image\" data-id=\"763e6b9b\" data-element_type=\"widget\" data-e-type=\"widget\" data-widget_type=\"image.default\">\n\t\t\t\t<div class=\"elementor-widget-container\">\n\t\t\t\t\t\t\t\t\t\t\t\t<figure class=\"wp-caption\">\n\t\t\t\t\t\t\t\t\t\t<img loading=\"lazy\" decoding=\"async\" width=\"768\" height=\"511\" src=\"https:\/\/www.elturistatranquil.com\/wp-content\/uploads\/F79-Santa-Maria-de-Taull-Vall-de-Boi.jpg\" class=\"attachment-large size-large wp-image-47371\" alt=\"Santa Maria de Taull, Vall de Boi\" srcset=\"https:\/\/www.elturistatranquil.com\/wp-content\/uploads\/F79-Santa-Maria-de-Taull-Vall-de-Boi.jpg 768w, https:\/\/www.elturistatranquil.com\/wp-content\/uploads\/F79-Santa-Maria-de-Taull-Vall-de-Boi-339x226.jpg 339w\" sizes=\"(max-width: 768px) 100vw, 768px\" \/>\t\t\t\t\t\t\t\t\t\t\t<figcaption class=\"widget-image-caption wp-caption-text\"><\/figcaption>\n\t\t\t\t\t\t\t\t\t\t<\/figure>\n\t\t\t\t\t\t\t\t\t<\/div>\n\t\t\t\t<\/div>\n\t\t\t\t<div class=\"elementor-element elementor-element-4738810d elementor-widget elementor-widget-image\" data-id=\"4738810d\" data-element_type=\"widget\" data-e-type=\"widget\" data-widget_type=\"image.default\">\n\t\t\t\t<div class=\"elementor-widget-container\">\n\t\t\t\t\t\t\t\t\t\t\t\t<figure class=\"wp-caption\">\n\t\t\t\t\t\t\t\t\t\t<img loading=\"lazy\" decoding=\"async\" width=\"768\" height=\"511\" src=\"https:\/\/www.elturistatranquil.com\/wp-content\/uploads\/F80-Santa-Maria-de-Taull-Vall-de-Boi.jpg\" class=\"attachment-large size-large wp-image-47373\" alt=\"Santa Maria de Taull, Vall de Boi\" srcset=\"https:\/\/www.elturistatranquil.com\/wp-content\/uploads\/F80-Santa-Maria-de-Taull-Vall-de-Boi.jpg 768w, https:\/\/www.elturistatranquil.com\/wp-content\/uploads\/F80-Santa-Maria-de-Taull-Vall-de-Boi-339x226.jpg 339w\" sizes=\"(max-width: 768px) 100vw, 768px\" \/>\t\t\t\t\t\t\t\t\t\t\t<figcaption class=\"widget-image-caption wp-caption-text\"><\/figcaption>\n\t\t\t\t\t\t\t\t\t\t<\/figure>\n\t\t\t\t\t\t\t\t\t<\/div>\n\t\t\t\t<\/div>\n\t\t\t\t<div class=\"elementor-element elementor-element-149e107c elementor-widget elementor-widget-heading\" data-id=\"149e107c\" data-element_type=\"widget\" data-e-type=\"widget\" data-widget_type=\"heading.default\">\n\t\t\t\t<div class=\"elementor-widget-container\">\n\t\t\t\t\t<h4 class=\"elementor-heading-title elementor-size-default\">La torre-campanar<\/h4>\t\t\t\t<\/div>\n\t\t\t\t<\/div>\n\t\t\t\t<div class=\"elementor-element elementor-element-4c7cc673 elementor-widget elementor-widget-text-editor\" data-id=\"4c7cc673\" data-element_type=\"widget\" data-e-type=\"widget\" data-widget_type=\"text-editor.default\">\n\t\t\t\t<div class=\"elementor-widget-container\">\n\t\t\t\t\t\t\t\t\t<p>Del lateral de migdia, en el costat de l\u2018ep\u00edstola, sobresurt des de l\u2019interior del temple la torre campanar. Per sobre del mur de l\u2019edifici sobresurten quatre cossos. El primer tram t\u00e9 una finestra d&#8217;arc de mig punt, mentre que els altres tres cossos tenen finestres geminades amb columnes interiors rectangulars. A aquesta torre, totes les finestres geminades tenen les mateixes dimensions.<\/p><p>Les arcuacions cegues llombardes defineixen cada tram, i nom\u00e9s l\u2019\u00faltim est\u00e0 separat per un fris de dents d\u2019engranatge. Els angles de la torre en forma de lesena.<\/p><p>Com a la torre de Sant Climent, al campaner hi havia decoracions pict\u00f2riques de motius geom\u00e8trics de color vermell combinats amb el blanc de l\u2019arrebossat.<\/p><p>La coberta de la torre \u00e9s de tipus piramidal i est\u00e0 feta de pissarra, com \u00e9s t\u00edpic de la zona.<\/p>\t\t\t\t\t\t\t\t<\/div>\n\t\t\t\t<\/div>\n\t\t\t\t<div class=\"elementor-element elementor-element-47eacf7d elementor-widget elementor-widget-image\" data-id=\"47eacf7d\" data-element_type=\"widget\" data-e-type=\"widget\" data-widget_type=\"image.default\">\n\t\t\t\t<div class=\"elementor-widget-container\">\n\t\t\t\t\t\t\t\t\t\t\t\t<figure class=\"wp-caption\">\n\t\t\t\t\t\t\t\t\t\t<img loading=\"lazy\" decoding=\"async\" width=\"768\" height=\"512\" src=\"https:\/\/www.elturistatranquil.com\/wp-content\/uploads\/F81-Santa-Maria-de-Taull-Vall-de-Boi-1.jpg\" class=\"attachment-large size-large wp-image-47389\" alt=\"Santa Maria de Taull, Vall de Boi\" srcset=\"https:\/\/www.elturistatranquil.com\/wp-content\/uploads\/F81-Santa-Maria-de-Taull-Vall-de-Boi-1.jpg 768w, https:\/\/www.elturistatranquil.com\/wp-content\/uploads\/F81-Santa-Maria-de-Taull-Vall-de-Boi-1-339x226.jpg 339w\" sizes=\"(max-width: 768px) 100vw, 768px\" \/>\t\t\t\t\t\t\t\t\t\t\t<figcaption class=\"widget-image-caption wp-caption-text\"><\/figcaption>\n\t\t\t\t\t\t\t\t\t\t<\/figure>\n\t\t\t\t\t\t\t\t\t<\/div>\n\t\t\t\t<\/div>\n\t\t\t\t<div class=\"elementor-element elementor-element-68433bcc elementor-widget elementor-widget-image\" data-id=\"68433bcc\" data-element_type=\"widget\" data-e-type=\"widget\" data-widget_type=\"image.default\">\n\t\t\t\t<div class=\"elementor-widget-container\">\n\t\t\t\t\t\t\t\t\t\t\t\t<figure class=\"wp-caption\">\n\t\t\t\t\t\t\t\t\t\t<img loading=\"lazy\" decoding=\"async\" width=\"768\" height=\"511\" src=\"https:\/\/www.elturistatranquil.com\/wp-content\/uploads\/F82-Santa-Maria-de-Taull-Vall-de-Boi.jpg\" class=\"attachment-large size-large wp-image-47380\" alt=\"Santa Maria de Taull, Vall de Boi\" srcset=\"https:\/\/www.elturistatranquil.com\/wp-content\/uploads\/F82-Santa-Maria-de-Taull-Vall-de-Boi.jpg 768w, https:\/\/www.elturistatranquil.com\/wp-content\/uploads\/F82-Santa-Maria-de-Taull-Vall-de-Boi-339x226.jpg 339w\" sizes=\"(max-width: 768px) 100vw, 768px\" \/>\t\t\t\t\t\t\t\t\t\t\t<figcaption class=\"widget-image-caption wp-caption-text\"><\/figcaption>\n\t\t\t\t\t\t\t\t\t\t<\/figure>\n\t\t\t\t\t\t\t\t\t<\/div>\n\t\t\t\t<\/div>\n\t\t\t\t<div class=\"elementor-element elementor-element-64be72a0 elementor-widget elementor-widget-image\" data-id=\"64be72a0\" data-element_type=\"widget\" data-e-type=\"widget\" data-widget_type=\"image.default\">\n\t\t\t\t<div class=\"elementor-widget-container\">\n\t\t\t\t\t\t\t\t\t\t\t\t<figure class=\"wp-caption\">\n\t\t\t\t\t\t\t\t\t\t<img loading=\"lazy\" decoding=\"async\" width=\"768\" height=\"511\" src=\"https:\/\/www.elturistatranquil.com\/wp-content\/uploads\/F83-Santa-Maria-de-Taull-Vall-de-Boi.jpg\" class=\"attachment-large size-large wp-image-47382\" alt=\"Santa Maria de Taull, Vall de Boi\" srcset=\"https:\/\/www.elturistatranquil.com\/wp-content\/uploads\/F83-Santa-Maria-de-Taull-Vall-de-Boi.jpg 768w, https:\/\/www.elturistatranquil.com\/wp-content\/uploads\/F83-Santa-Maria-de-Taull-Vall-de-Boi-339x226.jpg 339w\" sizes=\"(max-width: 768px) 100vw, 768px\" \/>\t\t\t\t\t\t\t\t\t\t\t<figcaption class=\"widget-image-caption wp-caption-text\"><\/figcaption>\n\t\t\t\t\t\t\t\t\t\t<\/figure>\n\t\t\t\t\t\t\t\t\t<\/div>\n\t\t\t\t<\/div>\n\t\t\t\t<div class=\"elementor-element elementor-element-721e7d7e elementor-widget elementor-widget-heading\" data-id=\"721e7d7e\" data-element_type=\"widget\" data-e-type=\"widget\" data-widget_type=\"heading.default\">\n\t\t\t\t<div class=\"elementor-widget-container\">\n\t\t\t\t\t<h3 class=\"elementor-heading-title elementor-size-default\">L\u2019interior<\/h3>\t\t\t\t<\/div>\n\t\t\t\t<\/div>\n\t\t\t\t<div class=\"elementor-element elementor-element-b45e315 elementor-widget elementor-widget-text-editor\" data-id=\"b45e315\" data-element_type=\"widget\" data-e-type=\"widget\" data-widget_type=\"text-editor.default\">\n\t\t\t\t<div class=\"elementor-widget-container\">\n\t\t\t\t\t\t\t\t\t<p>La planta del temple \u00e9s del model de bas\u00edlica de quatre trams i tres naus separades per columnes, que sustenten arcs formers. Les seves dimensions exteriors aproximades s\u00f3n de 25 metres de llarg per 15 d\u2019amplada.<\/p><p>La base i la disposici\u00f3 dels absis s\u00f3n irregulars, sense que coincideixin els eixos dels absis amb els de les naus. Tamb\u00e9 la torre t\u00e9 una base irregular, una mica romboidal.<\/p><p>La coberta \u00e9s a dos aiguavessos, sobre una estructura de fusta vista.<\/p><p>La forma irregular de la planta, especialment el mur de la torre, es deguda a l\u2019aprofitament de les restes d\u2019una construcci\u00f3 anterior.<\/p>\t\t\t\t\t\t\t\t<\/div>\n\t\t\t\t<\/div>\n\t\t\t\t<div class=\"elementor-element elementor-element-6a99695c elementor-widget elementor-widget-image\" data-id=\"6a99695c\" data-element_type=\"widget\" data-e-type=\"widget\" data-widget_type=\"image.default\">\n\t\t\t\t<div class=\"elementor-widget-container\">\n\t\t\t\t\t\t\t\t\t\t\t\t<figure class=\"wp-caption\">\n\t\t\t\t\t\t\t\t\t\t<img loading=\"lazy\" decoding=\"async\" width=\"768\" height=\"512\" src=\"https:\/\/www.elturistatranquil.com\/wp-content\/uploads\/F84-Planta-Santa-Maria-de-Taull-Vall-de-Boi.jpg\" class=\"attachment-large size-large wp-image-47384\" alt=\"Planta, Santa Maria de Taull, Vall de Boi\" srcset=\"https:\/\/www.elturistatranquil.com\/wp-content\/uploads\/F84-Planta-Santa-Maria-de-Taull-Vall-de-Boi.jpg 768w, https:\/\/www.elturistatranquil.com\/wp-content\/uploads\/F84-Planta-Santa-Maria-de-Taull-Vall-de-Boi-339x226.jpg 339w\" sizes=\"(max-width: 768px) 100vw, 768px\" \/>\t\t\t\t\t\t\t\t\t\t\t<figcaption class=\"widget-image-caption wp-caption-text\"><\/figcaption>\n\t\t\t\t\t\t\t\t\t\t<\/figure>\n\t\t\t\t\t\t\t\t\t<\/div>\n\t\t\t\t<\/div>\n\t\t\t\t<div class=\"elementor-element elementor-element-265a30ce elementor-widget elementor-widget-text-editor\" data-id=\"265a30ce\" data-element_type=\"widget\" data-e-type=\"widget\" data-widget_type=\"text-editor.default\">\n\t\t\t\t<div class=\"elementor-widget-container\">\n\t\t\t\t\t\t\t\t\t<p>La presencia interior de la base quadrada de la torre en el segon tram des de l\u2019entrada fa que entre el segon i tercer tram desaparegui una columna i l\u2019arc hagi de ser m\u00e9s gran.<\/p><p>En la visi\u00f3 actual, el quadrat de la base dels arc es recolza directament sobre el cercle del pilar.<\/p><p>Un bot\u00f3 a disposici\u00f3 el visitant, situat al mur de la torre permet la il\u00b7luminaci\u00f3 el\u00e8ctrica del temple. Aix\u00f2 permet apreciar el tipus de claror que hi havia en aquests espais amb les seves escasses obertures quan no hi havia espelmes enceses.<\/p>\t\t\t\t\t\t\t\t<\/div>\n\t\t\t\t<\/div>\n\t\t\t\t<div class=\"elementor-element elementor-element-7930c9bb elementor-widget elementor-widget-image\" data-id=\"7930c9bb\" data-element_type=\"widget\" data-e-type=\"widget\" data-widget_type=\"image.default\">\n\t\t\t\t<div class=\"elementor-widget-container\">\n\t\t\t\t\t\t\t\t\t\t\t\t<figure class=\"wp-caption\">\n\t\t\t\t\t\t\t\t\t\t<img loading=\"lazy\" decoding=\"async\" width=\"768\" height=\"512\" src=\"https:\/\/www.elturistatranquil.com\/wp-content\/uploads\/F85-Santa-Maria-de-Taull-Vall-de-Boi.jpg\" class=\"attachment-large size-large wp-image-47394\" alt=\"Santa Maria de Taull, Vall de Boi\" srcset=\"https:\/\/www.elturistatranquil.com\/wp-content\/uploads\/F85-Santa-Maria-de-Taull-Vall-de-Boi.jpg 768w, https:\/\/www.elturistatranquil.com\/wp-content\/uploads\/F85-Santa-Maria-de-Taull-Vall-de-Boi-339x226.jpg 339w\" sizes=\"(max-width: 768px) 100vw, 768px\" \/>\t\t\t\t\t\t\t\t\t\t\t<figcaption class=\"widget-image-caption wp-caption-text\"><\/figcaption>\n\t\t\t\t\t\t\t\t\t\t<\/figure>\n\t\t\t\t\t\t\t\t\t<\/div>\n\t\t\t\t<\/div>\n\t\t\t\t<div class=\"elementor-element elementor-element-67a518db elementor-widget elementor-widget-image\" data-id=\"67a518db\" data-element_type=\"widget\" data-e-type=\"widget\" data-widget_type=\"image.default\">\n\t\t\t\t<div class=\"elementor-widget-container\">\n\t\t\t\t\t\t\t\t\t\t\t\t<figure class=\"wp-caption\">\n\t\t\t\t\t\t\t\t\t\t<img loading=\"lazy\" decoding=\"async\" width=\"768\" height=\"512\" src=\"https:\/\/www.elturistatranquil.com\/wp-content\/uploads\/F86-Santa-Maria-de-Taull-Vall-de-Boi.jpg\" class=\"attachment-large size-large wp-image-47396\" alt=\"Santa Maria de Taull, Vall de Boi\" srcset=\"https:\/\/www.elturistatranquil.com\/wp-content\/uploads\/F86-Santa-Maria-de-Taull-Vall-de-Boi.jpg 768w, https:\/\/www.elturistatranquil.com\/wp-content\/uploads\/F86-Santa-Maria-de-Taull-Vall-de-Boi-339x226.jpg 339w\" sizes=\"(max-width: 768px) 100vw, 768px\" \/>\t\t\t\t\t\t\t\t\t\t\t<figcaption class=\"widget-image-caption wp-caption-text\"><\/figcaption>\n\t\t\t\t\t\t\t\t\t\t<\/figure>\n\t\t\t\t\t\t\t\t\t<\/div>\n\t\t\t\t<\/div>\n\t\t\t\t<div class=\"elementor-element elementor-element-4b5d9afc elementor-widget elementor-widget-text-editor\" data-id=\"4b5d9afc\" data-element_type=\"widget\" data-e-type=\"widget\" data-widget_type=\"text-editor.default\">\n\t\t\t\t<div class=\"elementor-widget-container\">\n\t\t\t\t\t\t\t\t\t<p>\u00c9s interessant\u00a0 comparar l\u2019estat actual, rehabilitat a \u201cl\u2019estil rom\u00e0nic\u201d, de com es trobava a principis segle XX, despr\u00e9s de les successives reformes, especialment al segle XVIII.<\/p><p>En aquell moment, les pintures de l\u2019absis es trobaven darrera del retaule barroc. Les columnes estaven envoltades per una columna quadrada que aparentava ser la base del mur, mentre el cimbori il\u00b7luminava el que podr\u00edem dir-ne el creuer del temple. El sostre de fusta va ser substitu\u00eft per una volta d\u2019aresta.<\/p><p>Excepte les pintures, tot emblanquinat. A difer\u00e8ncia d\u2019ara, no hi havia cap pedra visible.<\/p><p>La fotografia deu ser posterior, despr\u00e9s d\u2019haver retirat el retaule, deixant visibles les pintures de l\u2019absis.<\/p>\t\t\t\t\t\t\t\t<\/div>\n\t\t\t\t<\/div>\n\t\t\t\t<div class=\"elementor-element elementor-element-2fbb2760 elementor-widget elementor-widget-image\" data-id=\"2fbb2760\" data-element_type=\"widget\" data-e-type=\"widget\" data-widget_type=\"image.default\">\n\t\t\t\t<div class=\"elementor-widget-container\">\n\t\t\t\t\t\t\t\t\t\t\t\t<figure class=\"wp-caption\">\n\t\t\t\t\t\t\t\t\t\t<img loading=\"lazy\" decoding=\"async\" width=\"538\" height=\"590\" src=\"https:\/\/www.elturistatranquil.com\/wp-content\/uploads\/F87-Santa-Maria-de-Taull-Vall-de-Boi.jpg\" class=\"attachment-large size-large wp-image-47398\" alt=\"Santa Maria de Taull, Vall de Boi\" srcset=\"https:\/\/www.elturistatranquil.com\/wp-content\/uploads\/F87-Santa-Maria-de-Taull-Vall-de-Boi.jpg 538w, https:\/\/www.elturistatranquil.com\/wp-content\/uploads\/F87-Santa-Maria-de-Taull-Vall-de-Boi-206x226.jpg 206w\" sizes=\"(max-width: 538px) 100vw, 538px\" \/>\t\t\t\t\t\t\t\t\t\t\t<figcaption class=\"widget-image-caption wp-caption-text\"><\/figcaption>\n\t\t\t\t\t\t\t\t\t\t<\/figure>\n\t\t\t\t\t\t\t\t\t<\/div>\n\t\t\t\t<\/div>\n\t\t\t\t<div class=\"elementor-element elementor-element-191e1f70 elementor-widget elementor-widget-text-editor\" data-id=\"191e1f70\" data-element_type=\"widget\" data-e-type=\"widget\" data-widget_type=\"text-editor.default\">\n\t\t\t\t<div class=\"elementor-widget-container\">\n\t\t\t\t\t\t\t\t\t<p>La cap\u00e7alera est\u00e0 formada per un\u00a0 presbiteri amb dos arcs triomfals de diferent mida, i absis semicircular amb c\u00fapula de quart d\u2019esfera.<\/p><p>Les pintures de l\u2019absis major, amb Santa Maria en un pantocr\u00e0tor, s\u00f3n unes de les m\u00e9s importants del rom\u00e0nic catal\u00e0. Al temple s\u2019hi troba una reproducci\u00f3 deguda a R. Millet realitzada l\u2019any 1960, mentre que l\u2019original va ser extret i traslladat al Museu d\u2019Art de Barcelona a principis segle XX, juntament amb altres pintures murals, com veurem tot seguit.<\/p><p>A la c\u00fapula es representa la <strong>Mare de D\u00e9u amb el Nen i l&#8217;adoraci\u00f3 dels Reis o Epifania<\/strong>.<\/p>\t\t\t\t\t\t\t\t<\/div>\n\t\t\t\t<\/div>\n\t\t\t\t<div class=\"elementor-element elementor-element-2929f493 elementor-widget elementor-widget-image\" data-id=\"2929f493\" data-element_type=\"widget\" data-e-type=\"widget\" data-widget_type=\"image.default\">\n\t\t\t\t<div class=\"elementor-widget-container\">\n\t\t\t\t\t\t\t\t\t\t\t\t<figure class=\"wp-caption\">\n\t\t\t\t\t\t\t\t\t\t<img loading=\"lazy\" decoding=\"async\" width=\"768\" height=\"512\" src=\"https:\/\/www.elturistatranquil.com\/wp-content\/uploads\/F88-Santa-Maria-de-Taull-Vall-de-Boi.jpg\" class=\"attachment-large size-large wp-image-47400\" alt=\"Santa Maria de Taull, Vall de Boi\" srcset=\"https:\/\/www.elturistatranquil.com\/wp-content\/uploads\/F88-Santa-Maria-de-Taull-Vall-de-Boi.jpg 768w, https:\/\/www.elturistatranquil.com\/wp-content\/uploads\/F88-Santa-Maria-de-Taull-Vall-de-Boi-339x226.jpg 339w\" sizes=\"(max-width: 768px) 100vw, 768px\" \/>\t\t\t\t\t\t\t\t\t\t\t<figcaption class=\"widget-image-caption wp-caption-text\"><\/figcaption>\n\t\t\t\t\t\t\t\t\t\t<\/figure>\n\t\t\t\t\t\t\t\t\t<\/div>\n\t\t\t\t<\/div>\n\t\t\t\t<div class=\"elementor-element elementor-element-2ae7915f elementor-widget elementor-widget-text-editor\" data-id=\"2ae7915f\" data-element_type=\"widget\" data-e-type=\"widget\" data-widget_type=\"text-editor.default\">\n\t\t\t\t<div class=\"elementor-widget-container\">\n\t\t\t\t\t\t\t\t\t<p>Les absidioles tenen la mateixa forma semicircular amb c\u00fapula de quart d\u2019esfera, de dimensions molt m\u00e9s redu\u00efdes.<\/p><p>No hi ha restes de pintura en elles, per\u00f2 s\u00f3n molt importants totes les restes de mural del lateral de l\u2019ep\u00edstola, el baptisteri, la porta i algunes columnes.<\/p><p>Tota la pintura que es va traslladar a Barcelona ha estat reprodu\u00efda, amb lo qual, disposem d\u2019un dels exemples m\u00e9s complets de com devia ser l\u2019interior d\u2019un temple i l&#8217;ambient que un feligr\u00e8s de l&#8217;\u00e8poca devia respirar-hi.<\/p>\t\t\t\t\t\t\t\t<\/div>\n\t\t\t\t<\/div>\n\t\t\t\t<div class=\"elementor-element elementor-element-6b1da299 elementor-widget elementor-widget-image\" data-id=\"6b1da299\" data-element_type=\"widget\" data-e-type=\"widget\" data-widget_type=\"image.default\">\n\t\t\t\t<div class=\"elementor-widget-container\">\n\t\t\t\t\t\t\t\t\t\t\t\t<figure class=\"wp-caption\">\n\t\t\t\t\t\t\t\t\t\t<img loading=\"lazy\" decoding=\"async\" width=\"768\" height=\"512\" src=\"https:\/\/www.elturistatranquil.com\/wp-content\/uploads\/F90-Santa-Maria-de-Taull-Vall-de-Boi.jpg\" class=\"attachment-large size-large wp-image-47407\" alt=\"Santa Maria de Taull, Vall de Boi\" srcset=\"https:\/\/www.elturistatranquil.com\/wp-content\/uploads\/F90-Santa-Maria-de-Taull-Vall-de-Boi.jpg 768w, https:\/\/www.elturistatranquil.com\/wp-content\/uploads\/F90-Santa-Maria-de-Taull-Vall-de-Boi-339x226.jpg 339w\" sizes=\"(max-width: 768px) 100vw, 768px\" \/>\t\t\t\t\t\t\t\t\t\t\t<figcaption class=\"widget-image-caption wp-caption-text\"><\/figcaption>\n\t\t\t\t\t\t\t\t\t\t<\/figure>\n\t\t\t\t\t\t\t\t\t<\/div>\n\t\t\t\t<\/div>\n\t\t\t\t<div class=\"elementor-element elementor-element-6d41aa86 elementor-widget elementor-widget-image\" data-id=\"6d41aa86\" data-element_type=\"widget\" data-e-type=\"widget\" data-widget_type=\"image.default\">\n\t\t\t\t<div class=\"elementor-widget-container\">\n\t\t\t\t\t\t\t\t\t\t\t\t<figure class=\"wp-caption\">\n\t\t\t\t\t\t\t\t\t\t<img loading=\"lazy\" decoding=\"async\" width=\"768\" height=\"512\" src=\"https:\/\/www.elturistatranquil.com\/wp-content\/uploads\/F91-Santa-Maria-de-Taull-Vall-de-Boi.jpg\" class=\"attachment-large size-large wp-image-47409\" alt=\"Santa Maria de Taull, Vall de Boi\" srcset=\"https:\/\/www.elturistatranquil.com\/wp-content\/uploads\/F91-Santa-Maria-de-Taull-Vall-de-Boi.jpg 768w, https:\/\/www.elturistatranquil.com\/wp-content\/uploads\/F91-Santa-Maria-de-Taull-Vall-de-Boi-339x226.jpg 339w\" sizes=\"(max-width: 768px) 100vw, 768px\" \/>\t\t\t\t\t\t\t\t\t\t\t<figcaption class=\"widget-image-caption wp-caption-text\"><\/figcaption>\n\t\t\t\t\t\t\t\t\t\t<\/figure>\n\t\t\t\t\t\t\t\t\t<\/div>\n\t\t\t\t<\/div>\n\t\t\t\t<div class=\"elementor-element elementor-element-441af9f elementor-widget elementor-widget-text-editor\" data-id=\"441af9f\" data-element_type=\"widget\" data-e-type=\"widget\" data-widget_type=\"text-editor.default\">\n\t\t\t\t<div class=\"elementor-widget-container\">\n\t\t\t\t\t\t\t\t\t<p>No ens detindrem a observar les reproduccions, que deixarem per la visita al MNAC, mentre que la seq\u00fc\u00e8ncia de fotografies ens mostraran l\u2019aspecte del temple en la seva forma i en la presencia de la pintura mural.<\/p><p>Al centre del mur de migdia s\u2019obria una entrada lateral.<\/p>\t\t\t\t\t\t\t\t<\/div>\n\t\t\t\t<\/div>\n\t\t\t\t<div class=\"elementor-element elementor-element-504294ca elementor-widget elementor-widget-image\" data-id=\"504294ca\" data-element_type=\"widget\" data-e-type=\"widget\" data-widget_type=\"image.default\">\n\t\t\t\t<div class=\"elementor-widget-container\">\n\t\t\t\t\t\t\t\t\t\t\t\t<figure class=\"wp-caption\">\n\t\t\t\t\t\t\t\t\t\t<img loading=\"lazy\" decoding=\"async\" width=\"768\" height=\"512\" src=\"https:\/\/www.elturistatranquil.com\/wp-content\/uploads\/F92-Santa-Maria-de-Taull-Vall-de-Boi.jpg\" class=\"attachment-large size-large wp-image-47411\" alt=\"Santa Maria de Taull, Vall de Boi\" srcset=\"https:\/\/www.elturistatranquil.com\/wp-content\/uploads\/F92-Santa-Maria-de-Taull-Vall-de-Boi.jpg 768w, https:\/\/www.elturistatranquil.com\/wp-content\/uploads\/F92-Santa-Maria-de-Taull-Vall-de-Boi-339x226.jpg 339w\" sizes=\"(max-width: 768px) 100vw, 768px\" \/>\t\t\t\t\t\t\t\t\t\t\t<figcaption class=\"widget-image-caption wp-caption-text\"><\/figcaption>\n\t\t\t\t\t\t\t\t\t\t<\/figure>\n\t\t\t\t\t\t\t\t\t<\/div>\n\t\t\t\t<\/div>\n\t\t\t\t<div class=\"elementor-element elementor-element-a84cd06 elementor-widget elementor-widget-text-editor\" data-id=\"a84cd06\" data-element_type=\"widget\" data-e-type=\"widget\" data-widget_type=\"text-editor.default\">\n\t\t\t\t<div class=\"elementor-widget-container\">\n\t\t\t\t\t\t\t\t\t<p>El cub de la base de la torre trenca la nau lateral. Per aquesta part s\u2019accedeix al campanar.<\/p><p>Resta als peus un espai que ser\u00e0 reservat a baptisteri.<\/p>\t\t\t\t\t\t\t\t<\/div>\n\t\t\t\t<\/div>\n\t\t\t\t<div class=\"elementor-element elementor-element-7c840a5 elementor-widget elementor-widget-image\" data-id=\"7c840a5\" data-element_type=\"widget\" data-e-type=\"widget\" data-widget_type=\"image.default\">\n\t\t\t\t<div class=\"elementor-widget-container\">\n\t\t\t\t\t\t\t\t\t\t\t\t<figure class=\"wp-caption\">\n\t\t\t\t\t\t\t\t\t\t<img loading=\"lazy\" decoding=\"async\" width=\"768\" height=\"512\" src=\"https:\/\/www.elturistatranquil.com\/wp-content\/uploads\/F93-Santa-Maria-de-Taull-Vall-de-Boi.jpg\" class=\"attachment-large size-large wp-image-47413\" alt=\"Santa Maria de Taull, Vall de Boi\" srcset=\"https:\/\/www.elturistatranquil.com\/wp-content\/uploads\/F93-Santa-Maria-de-Taull-Vall-de-Boi.jpg 768w, https:\/\/www.elturistatranquil.com\/wp-content\/uploads\/F93-Santa-Maria-de-Taull-Vall-de-Boi-339x226.jpg 339w\" sizes=\"(max-width: 768px) 100vw, 768px\" \/>\t\t\t\t\t\t\t\t\t\t\t<figcaption class=\"widget-image-caption wp-caption-text\"><\/figcaption>\n\t\t\t\t\t\t\t\t\t\t<\/figure>\n\t\t\t\t\t\t\t\t\t<\/div>\n\t\t\t\t<\/div>\n\t\t\t\t<div class=\"elementor-element elementor-element-5d4b8dfc elementor-widget elementor-widget-text-editor\" data-id=\"5d4b8dfc\" data-element_type=\"widget\" data-e-type=\"widget\" data-widget_type=\"text-editor.default\">\n\t\t\t\t<div class=\"elementor-widget-container\">\n\t\t\t\t\t\t\t\t\t<p>L\u2019entrada al temple des del carrer \u00e9s directe. La fotografia permet observa l\u2019estructura de fusta de la coberta en el seu estat actual.<\/p>\t\t\t\t\t\t\t\t<\/div>\n\t\t\t\t<\/div>\n\t\t\t\t<div class=\"elementor-element elementor-element-32a163a5 elementor-widget elementor-widget-image\" data-id=\"32a163a5\" data-element_type=\"widget\" data-e-type=\"widget\" data-widget_type=\"image.default\">\n\t\t\t\t<div class=\"elementor-widget-container\">\n\t\t\t\t\t\t\t\t\t\t\t\t<figure class=\"wp-caption\">\n\t\t\t\t\t\t\t\t\t\t<img loading=\"lazy\" decoding=\"async\" width=\"768\" height=\"512\" src=\"https:\/\/www.elturistatranquil.com\/wp-content\/uploads\/F94-Santa-Maria-de-Taull-Vall-de-Boi.jpg\" class=\"attachment-large size-large wp-image-47415\" alt=\"Santa Maria de Taull, Vall de Boi\" srcset=\"https:\/\/www.elturistatranquil.com\/wp-content\/uploads\/F94-Santa-Maria-de-Taull-Vall-de-Boi.jpg 768w, https:\/\/www.elturistatranquil.com\/wp-content\/uploads\/F94-Santa-Maria-de-Taull-Vall-de-Boi-339x226.jpg 339w\" sizes=\"(max-width: 768px) 100vw, 768px\" \/>\t\t\t\t\t\t\t\t\t\t\t<figcaption class=\"widget-image-caption wp-caption-text\"><\/figcaption>\n\t\t\t\t\t\t\t\t\t\t<\/figure>\n\t\t\t\t\t\t\t\t\t<\/div>\n\t\t\t\t<\/div>\n\t\t\t\t<div class=\"elementor-element elementor-element-70b6f03e elementor-widget elementor-widget-text-editor\" data-id=\"70b6f03e\" data-element_type=\"widget\" data-e-type=\"widget\" data-widget_type=\"text-editor.default\">\n\t\t\t\t<div class=\"elementor-widget-container\">\n\t\t\t\t\t\t\t\t\t<p>Com s\u2019ha assenyalat, a la dreta de l\u2019entrada, el recinte que queda entre la torre i el mur estava destinat a baptisteri. A la dreta es troba la pica baptismal, i la pica m\u00e9s gran que servia per guardar l\u2019oli. L\u2019oli es feia servir amb les ll\u00e0nties per il\u00b7luminar l\u2019esgl\u00e9sia.<\/p>\t\t\t\t\t\t\t\t<\/div>\n\t\t\t\t<\/div>\n\t\t\t\t<div class=\"elementor-element elementor-element-2cf245f7 elementor-widget elementor-widget-image\" data-id=\"2cf245f7\" data-element_type=\"widget\" data-e-type=\"widget\" data-widget_type=\"image.default\">\n\t\t\t\t<div class=\"elementor-widget-container\">\n\t\t\t\t\t\t\t\t\t\t\t\t<figure class=\"wp-caption\">\n\t\t\t\t\t\t\t\t\t\t<img loading=\"lazy\" decoding=\"async\" width=\"768\" height=\"512\" src=\"https:\/\/www.elturistatranquil.com\/wp-content\/uploads\/F95-Santa-Maria-de-Taull-Vall-de-Boi.jpg\" class=\"attachment-large size-large wp-image-47417\" alt=\"Santa Maria de Taull, Vall de Boi\" srcset=\"https:\/\/www.elturistatranquil.com\/wp-content\/uploads\/F95-Santa-Maria-de-Taull-Vall-de-Boi.jpg 768w, https:\/\/www.elturistatranquil.com\/wp-content\/uploads\/F95-Santa-Maria-de-Taull-Vall-de-Boi-339x226.jpg 339w\" sizes=\"(max-width: 768px) 100vw, 768px\" \/>\t\t\t\t\t\t\t\t\t\t\t<figcaption class=\"widget-image-caption wp-caption-text\"><\/figcaption>\n\t\t\t\t\t\t\t\t\t\t<\/figure>\n\t\t\t\t\t\t\t\t\t<\/div>\n\t\t\t\t<\/div>\n\t\t\t\t<div class=\"elementor-element elementor-element-531a3900 elementor-widget elementor-widget-text-editor\" data-id=\"531a3900\" data-element_type=\"widget\" data-e-type=\"widget\" data-widget_type=\"text-editor.default\">\n\t\t\t\t<div class=\"elementor-widget-container\">\n\t\t\t\t\t\t\t\t\t<p>La pica de l\u2019aigua bene\u00efda era l\u2019altre element imprescindible a l\u2019entrada al temple.<\/p>\t\t\t\t\t\t\t\t<\/div>\n\t\t\t\t<\/div>\n\t\t\t\t<div class=\"elementor-element elementor-element-2ee8edec elementor-widget elementor-widget-image\" data-id=\"2ee8edec\" data-element_type=\"widget\" data-e-type=\"widget\" data-widget_type=\"image.default\">\n\t\t\t\t<div class=\"elementor-widget-container\">\n\t\t\t\t\t\t\t\t\t\t\t\t<figure class=\"wp-caption\">\n\t\t\t\t\t\t\t\t\t\t<img loading=\"lazy\" decoding=\"async\" width=\"768\" height=\"512\" src=\"https:\/\/www.elturistatranquil.com\/wp-content\/uploads\/F96-Santa-Maria-de-Taull-Vall-de-Boi.jpg\" class=\"attachment-large size-large wp-image-47419\" alt=\"Santa Maria de Taull, Vall de Boi\" srcset=\"https:\/\/www.elturistatranquil.com\/wp-content\/uploads\/F96-Santa-Maria-de-Taull-Vall-de-Boi.jpg 768w, https:\/\/www.elturistatranquil.com\/wp-content\/uploads\/F96-Santa-Maria-de-Taull-Vall-de-Boi-339x226.jpg 339w\" sizes=\"(max-width: 768px) 100vw, 768px\" \/>\t\t\t\t\t\t\t\t\t\t\t<figcaption class=\"widget-image-caption wp-caption-text\"><\/figcaption>\n\t\t\t\t\t\t\t\t\t\t<\/figure>\n\t\t\t\t\t\t\t\t\t<\/div>\n\t\t\t\t<\/div>\n\t\t\t\t<div class=\"elementor-element elementor-element-755c68bc elementor-widget elementor-widget-heading\" data-id=\"755c68bc\" data-element_type=\"widget\" data-e-type=\"widget\" data-widget_type=\"heading.default\">\n\t\t\t\t<div class=\"elementor-widget-container\">\n\t\t\t\t\t<h4 class=\"elementor-heading-title elementor-size-default\">Les pintures i els originals al MNAC<\/h4>\t\t\t\t<\/div>\n\t\t\t\t<\/div>\n\t\t\t\t<div class=\"elementor-element elementor-element-49350b3 elementor-widget elementor-widget-text-editor\" data-id=\"49350b3\" data-element_type=\"widget\" data-e-type=\"widget\" data-widget_type=\"text-editor.default\">\n\t\t\t\t<div class=\"elementor-widget-container\">\n\t\t\t\t\t\t\t\t\t<p>La visita complementaria al <strong>Museu Nacional d\u2019Art de Catalunya<\/strong> (<strong>MNAC<\/strong>), permet admirar les <strong>pintures originals de l\u2019esgl\u00e9sia de Santa Maria de Ta\u00fcll<\/strong>.<\/p><p>Com ja sabem, una de les contribucions muse\u00edstiques m\u00e9s interessants del MNAC \u00e9s la disposici\u00f3 de les pintures sobre unes estructures arquitect\u00f2niques que reprodueixen a escala real els temples d&#8217;on provenen.<\/p><p>La manca de pintures en el mur de l\u2019evangeli permet que l\u2019entrada a la reproducci\u00f3 del recinte eclesial es realitzi per una rampa que descendeix per la que seria la nau lateral. Aquest descens ens ofereix una perspectiva elevada del recinte i les pintures, augmentant aix\u00ed el seu atractiu.<\/p>\t\t\t\t\t\t\t\t<\/div>\n\t\t\t\t<\/div>\n\t\t\t\t<div class=\"elementor-element elementor-element-66b30c4b elementor-widget elementor-widget-image\" data-id=\"66b30c4b\" data-element_type=\"widget\" data-e-type=\"widget\" data-widget_type=\"image.default\">\n\t\t\t\t<div class=\"elementor-widget-container\">\n\t\t\t\t\t\t\t\t\t\t\t\t<figure class=\"wp-caption\">\n\t\t\t\t\t\t\t\t\t\t<img loading=\"lazy\" decoding=\"async\" width=\"768\" height=\"433\" src=\"https:\/\/www.elturistatranquil.com\/wp-content\/uploads\/F97-Pintures-de-Santa-Maria-de-Taull-Vall-de-Boi-MNAC.jpg\" class=\"attachment-large size-large wp-image-47424\" alt=\"Pintures de Santa Maria de Taull, Vall de Boi (MNAC)\" srcset=\"https:\/\/www.elturistatranquil.com\/wp-content\/uploads\/F97-Pintures-de-Santa-Maria-de-Taull-Vall-de-Boi-MNAC.jpg 768w, https:\/\/www.elturistatranquil.com\/wp-content\/uploads\/F97-Pintures-de-Santa-Maria-de-Taull-Vall-de-Boi-MNAC-339x191.jpg 339w\" sizes=\"(max-width: 768px) 100vw, 768px\" \/>\t\t\t\t\t\t\t\t\t\t\t<figcaption class=\"widget-image-caption wp-caption-text\"><\/figcaption>\n\t\t\t\t\t\t\t\t\t\t<\/figure>\n\t\t\t\t\t\t\t\t\t<\/div>\n\t\t\t\t<\/div>\n\t\t\t\t<div class=\"elementor-element elementor-element-21b6cdc3 elementor-widget elementor-widget-text-editor\" data-id=\"21b6cdc3\" data-element_type=\"widget\" data-e-type=\"widget\" data-widget_type=\"text-editor.default\">\n\t\t\t\t<div class=\"elementor-widget-container\">\n\t\t\t\t\t\t\t\t\t<p>En les dues fotografies seg\u00fcents, podem comparar l\u2019esgl\u00e9sia de Ta\u00fcll amb la copia de les pintures, amb la reproducci\u00f3 del temple al MNAC on s\u2019han disposat les pintures originals.<\/p>\t\t\t\t\t\t\t\t<\/div>\n\t\t\t\t<\/div>\n\t\t\t\t<div class=\"elementor-element elementor-element-4f8110df elementor-widget elementor-widget-image\" data-id=\"4f8110df\" data-element_type=\"widget\" data-e-type=\"widget\" data-widget_type=\"image.default\">\n\t\t\t\t<div class=\"elementor-widget-container\">\n\t\t\t\t\t\t\t\t\t\t\t\t<figure class=\"wp-caption\">\n\t\t\t\t\t\t\t\t\t\t<img loading=\"lazy\" decoding=\"async\" width=\"768\" height=\"432\" src=\"https:\/\/www.elturistatranquil.com\/wp-content\/uploads\/F98-Santa-Maria-de-Taull-Vall-de-Boi.jpg\" class=\"attachment-large size-large wp-image-47426\" alt=\"Santa Maria de Taull, Vall de Boi\" srcset=\"https:\/\/www.elturistatranquil.com\/wp-content\/uploads\/F98-Santa-Maria-de-Taull-Vall-de-Boi.jpg 768w, https:\/\/www.elturistatranquil.com\/wp-content\/uploads\/F98-Santa-Maria-de-Taull-Vall-de-Boi-339x191.jpg 339w\" sizes=\"(max-width: 768px) 100vw, 768px\" \/>\t\t\t\t\t\t\t\t\t\t\t<figcaption class=\"widget-image-caption wp-caption-text\"><\/figcaption>\n\t\t\t\t\t\t\t\t\t\t<\/figure>\n\t\t\t\t\t\t\t\t\t<\/div>\n\t\t\t\t<\/div>\n\t\t\t\t<div class=\"elementor-element elementor-element-d781412 elementor-widget elementor-widget-image\" data-id=\"d781412\" data-element_type=\"widget\" data-e-type=\"widget\" data-widget_type=\"image.default\">\n\t\t\t\t<div class=\"elementor-widget-container\">\n\t\t\t\t\t\t\t\t\t\t\t\t<figure class=\"wp-caption\">\n\t\t\t\t\t\t\t\t\t\t<img loading=\"lazy\" decoding=\"async\" width=\"768\" height=\"433\" src=\"https:\/\/www.elturistatranquil.com\/wp-content\/uploads\/F99-Pintures-de-Santa-Maria-de-Taull-Vall-de-Boi-MNAC.jpg\" class=\"attachment-large size-large wp-image-47428\" alt=\"Pintures de Santa Maria de Taull, Vall de Boi (MNAC)\" srcset=\"https:\/\/www.elturistatranquil.com\/wp-content\/uploads\/F99-Pintures-de-Santa-Maria-de-Taull-Vall-de-Boi-MNAC.jpg 768w, https:\/\/www.elturistatranquil.com\/wp-content\/uploads\/F99-Pintures-de-Santa-Maria-de-Taull-Vall-de-Boi-MNAC-339x191.jpg 339w\" sizes=\"(max-width: 768px) 100vw, 768px\" \/>\t\t\t\t\t\t\t\t\t\t\t<figcaption class=\"widget-image-caption wp-caption-text\"><\/figcaption>\n\t\t\t\t\t\t\t\t\t\t<\/figure>\n\t\t\t\t\t\t\t\t\t<\/div>\n\t\t\t\t<\/div>\n\t\t\t\t<div class=\"elementor-element elementor-element-e4cffa0 elementor-widget elementor-widget-text-editor\" data-id=\"e4cffa0\" data-element_type=\"widget\" data-e-type=\"widget\" data-widget_type=\"text-editor.default\">\n\t\t\t\t<div class=\"elementor-widget-container\">\n\t\t\t\t\t\t\t\t\t<p>S\u2019accedeix a la sala pels peus del temple, amb la reproducci\u00f3 perfecta de la planta, inclosa l\u2019estructura de la torre.<\/p>\t\t\t\t\t\t\t\t<\/div>\n\t\t\t\t<\/div>\n\t\t\t\t<div class=\"elementor-element elementor-element-5ad7b915 elementor-widget elementor-widget-image\" data-id=\"5ad7b915\" data-element_type=\"widget\" data-e-type=\"widget\" data-widget_type=\"image.default\">\n\t\t\t\t<div class=\"elementor-widget-container\">\n\t\t\t\t\t\t\t\t\t\t\t\t<figure class=\"wp-caption\">\n\t\t\t\t\t\t\t\t\t\t<img loading=\"lazy\" decoding=\"async\" width=\"768\" height=\"512\" src=\"https:\/\/www.elturistatranquil.com\/wp-content\/uploads\/F100-Pintures-de-Santa-Maria-de-Taull-Vall-de-Boi-MNAC.jpg\" class=\"attachment-large size-large wp-image-47430\" alt=\"Pintures de Santa Maria de Taull, Vall de Boi (MNAC)\" srcset=\"https:\/\/www.elturistatranquil.com\/wp-content\/uploads\/F100-Pintures-de-Santa-Maria-de-Taull-Vall-de-Boi-MNAC.jpg 768w, https:\/\/www.elturistatranquil.com\/wp-content\/uploads\/F100-Pintures-de-Santa-Maria-de-Taull-Vall-de-Boi-MNAC-339x226.jpg 339w\" sizes=\"(max-width: 768px) 100vw, 768px\" \/>\t\t\t\t\t\t\t\t\t\t\t<figcaption class=\"widget-image-caption wp-caption-text\"><\/figcaption>\n\t\t\t\t\t\t\t\t\t\t<\/figure>\n\t\t\t\t\t\t\t\t\t<\/div>\n\t\t\t\t<\/div>\n\t\t\t\t<div class=\"elementor-element elementor-element-cef80e3 elementor-widget elementor-widget-image\" data-id=\"cef80e3\" data-element_type=\"widget\" data-e-type=\"widget\" data-widget_type=\"image.default\">\n\t\t\t\t<div class=\"elementor-widget-container\">\n\t\t\t\t\t\t\t\t\t\t\t\t<figure class=\"wp-caption\">\n\t\t\t\t\t\t\t\t\t\t<img loading=\"lazy\" decoding=\"async\" width=\"768\" height=\"512\" src=\"https:\/\/www.elturistatranquil.com\/wp-content\/uploads\/F101-Pintures-de-Santa-Maria-de-Taull-Vall-de-Boi-MNAC.jpg\" class=\"attachment-large size-large wp-image-47435\" alt=\"Pintures de Santa Maria de Taull, Vall de Boi (MNAC)\" srcset=\"https:\/\/www.elturistatranquil.com\/wp-content\/uploads\/F101-Pintures-de-Santa-Maria-de-Taull-Vall-de-Boi-MNAC.jpg 768w, https:\/\/www.elturistatranquil.com\/wp-content\/uploads\/F101-Pintures-de-Santa-Maria-de-Taull-Vall-de-Boi-MNAC-339x226.jpg 339w\" sizes=\"(max-width: 768px) 100vw, 768px\" \/>\t\t\t\t\t\t\t\t\t\t\t<figcaption class=\"widget-image-caption wp-caption-text\"><\/figcaption>\n\t\t\t\t\t\t\t\t\t\t<\/figure>\n\t\t\t\t\t\t\t\t\t<\/div>\n\t\t\t\t<\/div>\n\t\t\t\t<div class=\"elementor-element elementor-element-5593b3e4 elementor-widget elementor-widget-text-editor\" data-id=\"5593b3e4\" data-element_type=\"widget\" data-e-type=\"widget\" data-widget_type=\"text-editor.default\">\n\t\t\t\t<div class=\"elementor-widget-container\">\n\t\t\t\t\t\t\t\t\t<p>Sembla evident que la decoraci\u00f3 dels dos temples de Ta\u00fcll va formar part d&#8217;un programa conjunt d&#8217;enriquiment dels interiors, que cal imaginar patrocinat per l&#8217;alta noblesa local.<\/p><p>A Santa Maria, la unitat del programa iconogr\u00e0fic revela que es tracta d&#8217;un projecte \u00fanic, tot i que s\u2019aprecia la pres\u00e8ncia de diverses mans en la seva execuci\u00f3.<\/p><p>Dels dos grups de pintors que van realitzar Santa Maria, es considera que la decoraci\u00f3 de la cap\u00e7alera de gran qualitat es deu al mestre principal de Sant Climent ,tot i que sense arribar a la seva excel\u00b7l\u00e8ncia. Aquest pintor o taller se\u2019l relaciona amb altres conjunts pict\u00f2rics de la Pen\u00ednsula, com Berlanga, Maderuelo i Gormaz.<\/p><p>Tota la resta de pintures, tant al mural lateral com a la contrafa\u00e7ana, pertanyen a l&#8217;acci\u00f3 d&#8217;un taller de pintors molt m\u00e9s limitat, l&#8217;activitat del qual es retroba enll\u00e0 de la frontera aragonesa (Sus\u00edn, Almazorre).<\/p>\t\t\t\t\t\t\t\t<\/div>\n\t\t\t\t<\/div>\n\t\t\t\t<div class=\"elementor-element elementor-element-5b62941b elementor-widget elementor-widget-heading\" data-id=\"5b62941b\" data-element_type=\"widget\" data-e-type=\"widget\" data-widget_type=\"heading.default\">\n\t\t\t\t<div class=\"elementor-widget-container\">\n\t\t\t\t\t<h5 class=\"elementor-heading-title elementor-size-default\">Pintures de l\u2019absis<\/h5>\t\t\t\t<\/div>\n\t\t\t\t<\/div>\n\t\t\t\t<div class=\"elementor-element elementor-element-5156671b elementor-widget elementor-widget-text-editor\" data-id=\"5156671b\" data-element_type=\"widget\" data-e-type=\"widget\" data-widget_type=\"text-editor.default\">\n\t\t\t\t<div class=\"elementor-widget-container\">\n\t\t\t\t\t\t\t\t\t<p>Els experts consideren que es tracta d\u2019una iconografia de notable complexitat, fruit d&#8217;una reflexi\u00f3 teol\u00f2gica mesurada. L&#8217;absis central est\u00e0 presidit per una <strong>Epifania<\/strong>, que es combinava amb una representaci\u00f3 perduda de Crist en Majestat a la volta adjacent.<\/p><p>A la franja superior, a banda i banda de la finestra, els Ap\u00f2stols. Per sota, hi ha una franja amb medallons circulars que contenen motius zoom\u00f2rfics i, a la base, un fris amb pintures de cortinatges.<\/p>\t\t\t\t\t\t\t\t<\/div>\n\t\t\t\t<\/div>\n\t\t\t\t<div class=\"elementor-element elementor-element-556e9491 elementor-widget elementor-widget-image\" data-id=\"556e9491\" data-element_type=\"widget\" data-e-type=\"widget\" data-widget_type=\"image.default\">\n\t\t\t\t<div class=\"elementor-widget-container\">\n\t\t\t\t\t\t\t\t\t\t\t\t<figure class=\"wp-caption\">\n\t\t\t\t\t\t\t\t\t\t<img loading=\"lazy\" decoding=\"async\" width=\"768\" height=\"512\" src=\"https:\/\/www.elturistatranquil.com\/wp-content\/uploads\/F103-Pintures-de-Santa-Maria-de-Taull-Vall-de-Boi-MNAC.jpg\" class=\"attachment-large size-large wp-image-47439\" alt=\"Pintures de Santa Maria de Taull, Vall de Boi (MNAC)\" srcset=\"https:\/\/www.elturistatranquil.com\/wp-content\/uploads\/F103-Pintures-de-Santa-Maria-de-Taull-Vall-de-Boi-MNAC.jpg 768w, https:\/\/www.elturistatranquil.com\/wp-content\/uploads\/F103-Pintures-de-Santa-Maria-de-Taull-Vall-de-Boi-MNAC-339x226.jpg 339w\" sizes=\"(max-width: 768px) 100vw, 768px\" \/>\t\t\t\t\t\t\t\t\t\t\t<figcaption class=\"widget-image-caption wp-caption-text\"><\/figcaption>\n\t\t\t\t\t\t\t\t\t\t<\/figure>\n\t\t\t\t\t\t\t\t\t<\/div>\n\t\t\t\t<\/div>\n\t\t\t\t<div class=\"elementor-element elementor-element-77e3166f elementor-widget elementor-widget-image\" data-id=\"77e3166f\" data-element_type=\"widget\" data-e-type=\"widget\" data-widget_type=\"image.default\">\n\t\t\t\t<div class=\"elementor-widget-container\">\n\t\t\t\t\t\t\t\t\t\t\t\t<figure class=\"wp-caption\">\n\t\t\t\t\t\t\t\t\t\t<img loading=\"lazy\" decoding=\"async\" width=\"768\" height=\"512\" src=\"https:\/\/www.elturistatranquil.com\/wp-content\/uploads\/F104-Pintures-de-Santa-Maria-de-Taull-Vall-de-Boi-MNAC.jpg\" class=\"attachment-large size-large wp-image-47441\" alt=\"Pintures de Santa Maria de Taull, Vall de Boi (MNAC)\" srcset=\"https:\/\/www.elturistatranquil.com\/wp-content\/uploads\/F104-Pintures-de-Santa-Maria-de-Taull-Vall-de-Boi-MNAC.jpg 768w, https:\/\/www.elturistatranquil.com\/wp-content\/uploads\/F104-Pintures-de-Santa-Maria-de-Taull-Vall-de-Boi-MNAC-339x226.jpg 339w\" sizes=\"(max-width: 768px) 100vw, 768px\" \/>\t\t\t\t\t\t\t\t\t\t\t<figcaption class=\"widget-image-caption wp-caption-text\"><\/figcaption>\n\t\t\t\t\t\t\t\t\t\t<\/figure>\n\t\t\t\t\t\t\t\t\t<\/div>\n\t\t\t\t<\/div>\n\t\t\t\t<div class=\"elementor-element elementor-element-506a38d5 elementor-widget elementor-widget-image\" data-id=\"506a38d5\" data-element_type=\"widget\" data-e-type=\"widget\" data-widget_type=\"image.default\">\n\t\t\t\t<div class=\"elementor-widget-container\">\n\t\t\t\t\t\t\t\t\t\t\t\t<figure class=\"wp-caption\">\n\t\t\t\t\t\t\t\t\t\t<img loading=\"lazy\" decoding=\"async\" width=\"768\" height=\"512\" src=\"https:\/\/www.elturistatranquil.com\/wp-content\/uploads\/F105-Pintures-de-Santa-Maria-de-Taull-Vall-de-Boi-MNAC.jpg\" class=\"attachment-large size-large wp-image-47443\" alt=\"Pintures de Santa Maria de Taull, Vall de Boi (MNAC)\" srcset=\"https:\/\/www.elturistatranquil.com\/wp-content\/uploads\/F105-Pintures-de-Santa-Maria-de-Taull-Vall-de-Boi-MNAC.jpg 768w, https:\/\/www.elturistatranquil.com\/wp-content\/uploads\/F105-Pintures-de-Santa-Maria-de-Taull-Vall-de-Boi-MNAC-339x226.jpg 339w\" sizes=\"(max-width: 768px) 100vw, 768px\" \/>\t\t\t\t\t\t\t\t\t\t\t<figcaption class=\"widget-image-caption wp-caption-text\"><\/figcaption>\n\t\t\t\t\t\t\t\t\t\t<\/figure>\n\t\t\t\t\t\t\t\t\t<\/div>\n\t\t\t\t<\/div>\n\t\t\t\t<div class=\"elementor-element elementor-element-4be10b28 elementor-widget elementor-widget-text-editor\" data-id=\"4be10b28\" data-element_type=\"widget\" data-e-type=\"widget\" data-widget_type=\"text-editor.default\">\n\t\t\t\t<div class=\"elementor-widget-container\">\n\t\t\t\t\t\t\t\t\t<p>Al centre del doble arc triomfal absidal es pot veure l\u2019<em>Agnus<\/em> <em>Dei<\/em>, o Anyell de D\u00e9u, i, al lateral, Abel vestit de pastor oferint un anyell. Al lateral l\u2019arc\u00e0ngel Gabriel amb serafins.<\/p>\t\t\t\t\t\t\t\t<\/div>\n\t\t\t\t<\/div>\n\t\t\t\t<div class=\"elementor-element elementor-element-4dc5ed66 elementor-widget elementor-widget-image\" data-id=\"4dc5ed66\" data-element_type=\"widget\" data-e-type=\"widget\" data-widget_type=\"image.default\">\n\t\t\t\t<div class=\"elementor-widget-container\">\n\t\t\t\t\t\t\t\t\t\t\t\t<figure class=\"wp-caption\">\n\t\t\t\t\t\t\t\t\t\t<img loading=\"lazy\" decoding=\"async\" width=\"768\" height=\"458\" src=\"https:\/\/www.elturistatranquil.com\/wp-content\/uploads\/F106-Pintures-de-Santa-Maria-de-Taull-Vall-de-Boi-MNAC.jpg\" class=\"attachment-large size-large wp-image-47445\" alt=\"Pintures de Santa Maria de Taull, Vall de Boi (MNAC)\" srcset=\"https:\/\/www.elturistatranquil.com\/wp-content\/uploads\/F106-Pintures-de-Santa-Maria-de-Taull-Vall-de-Boi-MNAC.jpg 768w, https:\/\/www.elturistatranquil.com\/wp-content\/uploads\/F106-Pintures-de-Santa-Maria-de-Taull-Vall-de-Boi-MNAC-339x202.jpg 339w\" sizes=\"(max-width: 768px) 100vw, 768px\" \/>\t\t\t\t\t\t\t\t\t\t\t<figcaption class=\"widget-image-caption wp-caption-text\"><\/figcaption>\n\t\t\t\t\t\t\t\t\t\t<\/figure>\n\t\t\t\t\t\t\t\t\t<\/div>\n\t\t\t\t<\/div>\n\t\t\t\t<div class=\"elementor-element elementor-element-79f7bbc8 elementor-widget elementor-widget-image\" data-id=\"79f7bbc8\" data-element_type=\"widget\" data-e-type=\"widget\" data-widget_type=\"image.default\">\n\t\t\t\t<div class=\"elementor-widget-container\">\n\t\t\t\t\t\t\t\t\t\t\t\t<figure class=\"wp-caption\">\n\t\t\t\t\t\t\t\t\t\t<img loading=\"lazy\" decoding=\"async\" width=\"768\" height=\"432\" src=\"https:\/\/www.elturistatranquil.com\/wp-content\/uploads\/F107-Pintures-de-Santa-Maria-de-Taull-Vall-de-Boi-MNAC.jpg\" class=\"attachment-large size-large wp-image-47447\" alt=\"Pintures de Santa Maria de Taull, Vall de Boi (MNAC)\" srcset=\"https:\/\/www.elturistatranquil.com\/wp-content\/uploads\/F107-Pintures-de-Santa-Maria-de-Taull-Vall-de-Boi-MNAC.jpg 768w, https:\/\/www.elturistatranquil.com\/wp-content\/uploads\/F107-Pintures-de-Santa-Maria-de-Taull-Vall-de-Boi-MNAC-339x191.jpg 339w\" sizes=\"(max-width: 768px) 100vw, 768px\" \/>\t\t\t\t\t\t\t\t\t\t\t<figcaption class=\"widget-image-caption wp-caption-text\"><\/figcaption>\n\t\t\t\t\t\t\t\t\t\t<\/figure>\n\t\t\t\t\t\t\t\t\t<\/div>\n\t\t\t\t<\/div>\n\t\t\t\t<div class=\"elementor-element elementor-element-5a0db595 elementor-widget elementor-widget-image\" data-id=\"5a0db595\" data-element_type=\"widget\" data-e-type=\"widget\" data-widget_type=\"image.default\">\n\t\t\t\t<div class=\"elementor-widget-container\">\n\t\t\t\t\t\t\t\t\t\t\t\t<figure class=\"wp-caption\">\n\t\t\t\t\t\t\t\t\t\t<img loading=\"lazy\" decoding=\"async\" width=\"768\" height=\"433\" src=\"https:\/\/www.elturistatranquil.com\/wp-content\/uploads\/F108-Pintures-de-Santa-Maria-de-Taull-Vall-de-Boi-MNAC.jpg\" class=\"attachment-large size-large wp-image-47452\" alt=\"Pintures de Santa Maria de Taull, Vall de Boi (MNAC)\" srcset=\"https:\/\/www.elturistatranquil.com\/wp-content\/uploads\/F108-Pintures-de-Santa-Maria-de-Taull-Vall-de-Boi-MNAC.jpg 768w, https:\/\/www.elturistatranquil.com\/wp-content\/uploads\/F108-Pintures-de-Santa-Maria-de-Taull-Vall-de-Boi-MNAC-339x191.jpg 339w\" sizes=\"(max-width: 768px) 100vw, 768px\" \/>\t\t\t\t\t\t\t\t\t\t\t<figcaption class=\"widget-image-caption wp-caption-text\"><\/figcaption>\n\t\t\t\t\t\t\t\t\t\t<\/figure>\n\t\t\t\t\t\t\t\t\t<\/div>\n\t\t\t\t<\/div>\n\t\t\t\t<div class=\"elementor-element elementor-element-13d1ef94 elementor-widget elementor-widget-heading\" data-id=\"13d1ef94\" data-element_type=\"widget\" data-e-type=\"widget\" data-widget_type=\"heading.default\">\n\t\t\t\t<div class=\"elementor-widget-container\">\n\t\t\t\t\t<h5 class=\"elementor-heading-title elementor-size-default\">Pintures de la nau<\/h5>\t\t\t\t<\/div>\n\t\t\t\t<\/div>\n\t\t\t\t<div class=\"elementor-element elementor-element-53c4e2f2 elementor-widget elementor-widget-text-editor\" data-id=\"53c4e2f2\" data-element_type=\"widget\" data-e-type=\"widget\" data-widget_type=\"text-editor.default\">\n\t\t\t\t<div class=\"elementor-widget-container\">\n\t\t\t\t\t\t\t\t\t<p>Tota la resta de pintures que omplen el conjunt de la nau i les columnes es considera que van ser pintades posteriorment, i obra d\u2019un altre artista. J Gudiol va suposar que aquest artista podria ser un home del pa\u00eds que, al contacte amb els dos mestres que van passar per Ta\u00fcll, es va atrevir a decorar all\u00f2 que ells no van acabar, fet que es demostraria en la seva falta de pr\u00e0ctica en l&#8217;execuci\u00f3 de les parts purament ornamentals, en la c\u00f2pia invertida d&#8217;ep\u00edgrafs i en l&#8217;execuci\u00f3 d&#8217;un vestuari que no ent\u00e9n. No obstant aix\u00f2, l&#8217;infantilisme primitivista que impregna el seu temari no treu valor al fet que, gr\u00e0cies a la seva aud\u00e0cia i ardor decoratiu en enfrontar-se amb el lirisme narratiu de les composicions, aconsegueixi una superaci\u00f3 altament emotiva com a fruit dels seus esfor\u00e7os d&#8217;imaginaci\u00f3.<\/p><p>La paret de l\u2019ep\u00edstola est\u00e0 organitzada en dos registres historiats: a l&#8217;inferior hi ha un cicle del Nou Testament (on es repeteix el tema de l&#8217;Epifania), mentre que el superior, molt malm\u00e8s, est\u00e0 dedicat a les vides de sants. La banda inferior est\u00e0 formada per motius ornamentals i representacions de cortinatges.<\/p>\t\t\t\t\t\t\t\t<\/div>\n\t\t\t\t<\/div>\n\t\t\t\t<div class=\"elementor-element elementor-element-4049ea74 elementor-widget elementor-widget-image\" data-id=\"4049ea74\" data-element_type=\"widget\" data-e-type=\"widget\" data-widget_type=\"image.default\">\n\t\t\t\t<div class=\"elementor-widget-container\">\n\t\t\t\t\t\t\t\t\t\t\t\t<figure class=\"wp-caption\">\n\t\t\t\t\t\t\t\t\t\t<img loading=\"lazy\" decoding=\"async\" width=\"768\" height=\"433\" src=\"https:\/\/www.elturistatranquil.com\/wp-content\/uploads\/F110-Pintures-de-Santa-Maria-de-Taull-Vall-de-Boi-MNAC.jpg\" class=\"attachment-large size-large wp-image-47454\" alt=\"Pintures de Santa Maria de Taull, Vall de Boi (MNAC)\" srcset=\"https:\/\/www.elturistatranquil.com\/wp-content\/uploads\/F110-Pintures-de-Santa-Maria-de-Taull-Vall-de-Boi-MNAC.jpg 768w, https:\/\/www.elturistatranquil.com\/wp-content\/uploads\/F110-Pintures-de-Santa-Maria-de-Taull-Vall-de-Boi-MNAC-339x191.jpg 339w\" sizes=\"(max-width: 768px) 100vw, 768px\" \/>\t\t\t\t\t\t\t\t\t\t\t<figcaption class=\"widget-image-caption wp-caption-text\"><\/figcaption>\n\t\t\t\t\t\t\t\t\t\t<\/figure>\n\t\t\t\t\t\t\t\t\t<\/div>\n\t\t\t\t<\/div>\n\t\t\t\t<div class=\"elementor-element elementor-element-5ca09a50 elementor-widget elementor-widget-text-editor\" data-id=\"5ca09a50\" data-element_type=\"widget\" data-e-type=\"widget\" data-widget_type=\"text-editor.default\">\n\t\t\t\t<div class=\"elementor-widget-container\">\n\t\t\t\t\t\t\t\t\t<p>De dreta a esquerra, l\u2019\u00e0ngel revelant a Zacaries (molt esborrat) el naixement de Joan el Baptiste. A l\u2019intrados de la porta es representen dos peixos mirant una creu. A l\u2019altre banda de la porta, la narraci\u00f3 continua amb amb la nominaci\u00f3 de Joan Baptiste, el Precursor.<\/p>\t\t\t\t\t\t\t\t<\/div>\n\t\t\t\t<\/div>\n\t\t\t\t<div class=\"elementor-element elementor-element-7c183632 elementor-widget elementor-widget-image\" data-id=\"7c183632\" data-element_type=\"widget\" data-e-type=\"widget\" data-widget_type=\"image.default\">\n\t\t\t\t<div class=\"elementor-widget-container\">\n\t\t\t\t\t\t\t\t\t\t\t\t<figure class=\"wp-caption\">\n\t\t\t\t\t\t\t\t\t\t<img loading=\"lazy\" decoding=\"async\" width=\"768\" height=\"433\" src=\"https:\/\/www.elturistatranquil.com\/wp-content\/uploads\/F111-Pintures-de-Santa-Maria-de-Taull-Vall-de-Boi-MNAC.jpg\" class=\"attachment-large size-large wp-image-47456\" alt=\"Pintures de Santa Maria de Taull, Vall de Boi (MNAC)\" srcset=\"https:\/\/www.elturistatranquil.com\/wp-content\/uploads\/F111-Pintures-de-Santa-Maria-de-Taull-Vall-de-Boi-MNAC.jpg 768w, https:\/\/www.elturistatranquil.com\/wp-content\/uploads\/F111-Pintures-de-Santa-Maria-de-Taull-Vall-de-Boi-MNAC-339x191.jpg 339w\" sizes=\"(max-width: 768px) 100vw, 768px\" \/>\t\t\t\t\t\t\t\t\t\t\t<figcaption class=\"widget-image-caption wp-caption-text\"><\/figcaption>\n\t\t\t\t\t\t\t\t\t\t<\/figure>\n\t\t\t\t\t\t\t\t\t<\/div>\n\t\t\t\t<\/div>\n\t\t\t\t<div class=\"elementor-element elementor-element-766407fc elementor-widget elementor-widget-image\" data-id=\"766407fc\" data-element_type=\"widget\" data-e-type=\"widget\" data-widget_type=\"image.default\">\n\t\t\t\t<div class=\"elementor-widget-container\">\n\t\t\t\t\t\t\t\t\t\t\t\t<figure class=\"wp-caption\">\n\t\t\t\t\t\t\t\t\t\t<img loading=\"lazy\" decoding=\"async\" width=\"768\" height=\"433\" src=\"https:\/\/www.elturistatranquil.com\/wp-content\/uploads\/F112-Pintures-de-Santa-Maria-de-Taull-Vall-de-Boi-MNAC.jpg\" class=\"attachment-large size-large wp-image-47458\" alt=\"Pintures de Santa Maria de Taull, Vall de Boi (MNAC)\" srcset=\"https:\/\/www.elturistatranquil.com\/wp-content\/uploads\/F112-Pintures-de-Santa-Maria-de-Taull-Vall-de-Boi-MNAC.jpg 768w, https:\/\/www.elturistatranquil.com\/wp-content\/uploads\/F112-Pintures-de-Santa-Maria-de-Taull-Vall-de-Boi-MNAC-339x191.jpg 339w\" sizes=\"(max-width: 768px) 100vw, 768px\" \/>\t\t\t\t\t\t\t\t\t\t\t<figcaption class=\"widget-image-caption wp-caption-text\"><\/figcaption>\n\t\t\t\t\t\t\t\t\t\t<\/figure>\n\t\t\t\t\t\t\t\t\t<\/div>\n\t\t\t\t<\/div>\n\t\t\t\t<div class=\"elementor-element elementor-element-4889b7ed elementor-widget elementor-widget-text-editor\" data-id=\"4889b7ed\" data-element_type=\"widget\" data-e-type=\"widget\" data-widget_type=\"text-editor.default\">\n\t\t\t\t<div class=\"elementor-widget-container\">\n\t\t\t\t\t\t\t\t\t<p>Despr\u00e9s hi ha representada Maria amb el Nen rebent l\u2019adoraci\u00f3 dels Mags.<\/p>\t\t\t\t\t\t\t\t<\/div>\n\t\t\t\t<\/div>\n\t\t\t\t<div class=\"elementor-element elementor-element-4ce00cfd elementor-widget elementor-widget-image\" data-id=\"4ce00cfd\" data-element_type=\"widget\" data-e-type=\"widget\" data-widget_type=\"image.default\">\n\t\t\t\t<div class=\"elementor-widget-container\">\n\t\t\t\t\t\t\t\t\t\t\t\t<figure class=\"wp-caption\">\n\t\t\t\t\t\t\t\t\t\t<img loading=\"lazy\" decoding=\"async\" width=\"768\" height=\"433\" src=\"https:\/\/www.elturistatranquil.com\/wp-content\/uploads\/F113-Pintures-de-Santa-Maria-de-Taull-Vall-de-Boi-MNAC.jpg\" class=\"attachment-large size-large wp-image-47463\" alt=\"Pintures de Santa Maria de Taull, Vall de Boi (MNAC)\" srcset=\"https:\/\/www.elturistatranquil.com\/wp-content\/uploads\/F113-Pintures-de-Santa-Maria-de-Taull-Vall-de-Boi-MNAC.jpg 768w, https:\/\/www.elturistatranquil.com\/wp-content\/uploads\/F113-Pintures-de-Santa-Maria-de-Taull-Vall-de-Boi-MNAC-339x191.jpg 339w\" sizes=\"(max-width: 768px) 100vw, 768px\" \/>\t\t\t\t\t\t\t\t\t\t\t<figcaption class=\"widget-image-caption wp-caption-text\"><\/figcaption>\n\t\t\t\t\t\t\t\t\t\t<\/figure>\n\t\t\t\t\t\t\t\t\t<\/div>\n\t\t\t\t<\/div>\n\t\t\t\t<div class=\"elementor-element elementor-element-30667d11 elementor-widget elementor-widget-text-editor\" data-id=\"30667d11\" data-element_type=\"widget\" data-e-type=\"widget\" data-widget_type=\"text-editor.default\">\n\t\t\t\t<div class=\"elementor-widget-container\">\n\t\t\t\t\t\t\t\t\t<p>Els Mags, simult\u00e0niament a la representaci\u00f3, visiten Herodes, que \u00e9s la primera de les figures de l\u2019esquerra.<\/p>\t\t\t\t\t\t\t\t<\/div>\n\t\t\t\t<\/div>\n\t\t\t\t<div class=\"elementor-element elementor-element-198f09fb elementor-widget elementor-widget-image\" data-id=\"198f09fb\" data-element_type=\"widget\" data-e-type=\"widget\" data-widget_type=\"image.default\">\n\t\t\t\t<div class=\"elementor-widget-container\">\n\t\t\t\t\t\t\t\t\t\t\t\t<figure class=\"wp-caption\">\n\t\t\t\t\t\t\t\t\t\t<img loading=\"lazy\" decoding=\"async\" width=\"768\" height=\"433\" src=\"https:\/\/www.elturistatranquil.com\/wp-content\/uploads\/F114-Pintures-de-Santa-Maria-de-Taull-Vall-de-Boi-MNAC.jpg\" class=\"attachment-large size-large wp-image-47465\" alt=\"Pintures de Santa Maria de Taull, Vall de Boi (MNAC)\" srcset=\"https:\/\/www.elturistatranquil.com\/wp-content\/uploads\/F114-Pintures-de-Santa-Maria-de-Taull-Vall-de-Boi-MNAC.jpg 768w, https:\/\/www.elturistatranquil.com\/wp-content\/uploads\/F114-Pintures-de-Santa-Maria-de-Taull-Vall-de-Boi-MNAC-339x191.jpg 339w\" sizes=\"(max-width: 768px) 100vw, 768px\" \/>\t\t\t\t\t\t\t\t\t\t\t<figcaption class=\"widget-image-caption wp-caption-text\"><\/figcaption>\n\t\t\t\t\t\t\t\t\t\t<\/figure>\n\t\t\t\t\t\t\t\t\t<\/div>\n\t\t\t\t<\/div>\n\t\t\t\t<div class=\"elementor-element elementor-element-3713c275 elementor-widget elementor-widget-image\" data-id=\"3713c275\" data-element_type=\"widget\" data-e-type=\"widget\" data-widget_type=\"image.default\">\n\t\t\t\t<div class=\"elementor-widget-container\">\n\t\t\t\t\t\t\t\t\t\t\t\t<figure class=\"wp-caption\">\n\t\t\t\t\t\t\t\t\t\t<img loading=\"lazy\" decoding=\"async\" width=\"768\" height=\"433\" src=\"https:\/\/www.elturistatranquil.com\/wp-content\/uploads\/F115-Pintures-de-Santa-Maria-de-Taull-Vall-de-Boi-MNAC.jpg\" class=\"attachment-large size-large wp-image-47467\" alt=\"Pintures de Santa Maria de Taull, Vall de Boi (MNAC)\" srcset=\"https:\/\/www.elturistatranquil.com\/wp-content\/uploads\/F115-Pintures-de-Santa-Maria-de-Taull-Vall-de-Boi-MNAC.jpg 768w, https:\/\/www.elturistatranquil.com\/wp-content\/uploads\/F115-Pintures-de-Santa-Maria-de-Taull-Vall-de-Boi-MNAC-339x191.jpg 339w\" sizes=\"(max-width: 768px) 100vw, 768px\" \/>\t\t\t\t\t\t\t\t\t\t\t<figcaption class=\"widget-image-caption wp-caption-text\"><\/figcaption>\n\t\t\t\t\t\t\t\t\t\t<\/figure>\n\t\t\t\t\t\t\t\t\t<\/div>\n\t\t\t\t<\/div>\n\t\t\t\t<div class=\"elementor-element elementor-element-680627b7 elementor-widget elementor-widget-text-editor\" data-id=\"680627b7\" data-element_type=\"widget\" data-e-type=\"widget\" data-widget_type=\"text-editor.default\">\n\t\t\t\t<div class=\"elementor-widget-container\">\n\t\t\t\t\t\t\t\t\t<p>Entre la base de la torre-campanar, amb la porta d\u2019acc\u00e9s, i el mur dels peus, queda una capella que podria correspondre al baptisteri.<\/p>\t\t\t\t\t\t\t\t<\/div>\n\t\t\t\t<\/div>\n\t\t\t\t<div class=\"elementor-element elementor-element-4850835d elementor-widget elementor-widget-image\" data-id=\"4850835d\" data-element_type=\"widget\" data-e-type=\"widget\" data-widget_type=\"image.default\">\n\t\t\t\t<div class=\"elementor-widget-container\">\n\t\t\t\t\t\t\t\t\t\t\t\t<figure class=\"wp-caption\">\n\t\t\t\t\t\t\t\t\t\t<img loading=\"lazy\" decoding=\"async\" width=\"768\" height=\"432\" src=\"https:\/\/www.elturistatranquil.com\/wp-content\/uploads\/F116-Pintures-de-Santa-Maria-de-Taull-Vall-de-Boi-MNAC.jpg\" class=\"attachment-large size-large wp-image-47472\" alt=\"Pintures de Santa Maria de Taull, Vall de Boi (MNAC)\" srcset=\"https:\/\/www.elturistatranquil.com\/wp-content\/uploads\/F116-Pintures-de-Santa-Maria-de-Taull-Vall-de-Boi-MNAC.jpg 768w, https:\/\/www.elturistatranquil.com\/wp-content\/uploads\/F116-Pintures-de-Santa-Maria-de-Taull-Vall-de-Boi-MNAC-339x191.jpg 339w\" sizes=\"(max-width: 768px) 100vw, 768px\" \/>\t\t\t\t\t\t\t\t\t\t\t<figcaption class=\"widget-image-caption wp-caption-text\"><\/figcaption>\n\t\t\t\t\t\t\t\t\t\t<\/figure>\n\t\t\t\t\t\t\t\t\t<\/div>\n\t\t\t\t<\/div>\n\t\t\t\t<div class=\"elementor-element elementor-element-15eac5ad elementor-widget elementor-widget-image\" data-id=\"15eac5ad\" data-element_type=\"widget\" data-e-type=\"widget\" data-widget_type=\"image.default\">\n\t\t\t\t<div class=\"elementor-widget-container\">\n\t\t\t\t\t\t\t\t\t\t\t\t<figure class=\"wp-caption\">\n\t\t\t\t\t\t\t\t\t\t<img loading=\"lazy\" decoding=\"async\" width=\"768\" height=\"433\" src=\"https:\/\/www.elturistatranquil.com\/wp-content\/uploads\/F117-Pintures-de-Santa-Maria-de-Taull-Vall-de-Boi-MNAC.jpg\" class=\"attachment-large size-large wp-image-47474\" alt=\"Pintures de Santa Maria de Taull, Vall de Boi (MNAC)\" srcset=\"https:\/\/www.elturistatranquil.com\/wp-content\/uploads\/F117-Pintures-de-Santa-Maria-de-Taull-Vall-de-Boi-MNAC.jpg 768w, https:\/\/www.elturistatranquil.com\/wp-content\/uploads\/F117-Pintures-de-Santa-Maria-de-Taull-Vall-de-Boi-MNAC-339x191.jpg 339w\" sizes=\"(max-width: 768px) 100vw, 768px\" \/>\t\t\t\t\t\t\t\t\t\t\t<figcaption class=\"widget-image-caption wp-caption-text\"><\/figcaption>\n\t\t\t\t\t\t\t\t\t\t<\/figure>\n\t\t\t\t\t\t\t\t\t<\/div>\n\t\t\t\t<\/div>\n\t\t\t\t<div class=\"elementor-element elementor-element-349583b4 elementor-widget elementor-widget-text-editor\" data-id=\"349583b4\" data-element_type=\"widget\" data-e-type=\"widget\" data-widget_type=\"text-editor.default\">\n\t\t\t\t<div class=\"elementor-widget-container\">\n\t\t\t\t\t\t\t\t\t<p>Al mur tester es desplega un Judici Final, d&#8217;on va desapar\u00e8ixer la figura central de Crist com a jutge quan van obrir la finestra d\u2019il\u00b7luminaci\u00f3 sobre la portada. Aquesta finestra no queda reflectida a la reproducci\u00f3 del MNAC, segurament per no pert\u00e0nyer al moment original.<\/p><p>A la part superior, \u00e0ngels i bene\u00efts que s\u2019hi adrecen. A sota, al costat de l\u2019arc, Sant Miquel amb unes balances i unes \u00e0nimes cremant al purgatori.<\/p>\t\t\t\t\t\t\t\t<\/div>\n\t\t\t\t<\/div>\n\t\t\t\t<div class=\"elementor-element elementor-element-3b64430 elementor-widget elementor-widget-image\" data-id=\"3b64430\" data-element_type=\"widget\" data-e-type=\"widget\" data-widget_type=\"image.default\">\n\t\t\t\t<div class=\"elementor-widget-container\">\n\t\t\t\t\t\t\t\t\t\t\t\t<figure class=\"wp-caption\">\n\t\t\t\t\t\t\t\t\t\t<img loading=\"lazy\" decoding=\"async\" width=\"768\" height=\"433\" src=\"https:\/\/www.elturistatranquil.com\/wp-content\/uploads\/F118-Pintures-de-Santa-Maria-de-Taull-Vall-de-Boi-MNAC.jpg\" class=\"attachment-large size-large wp-image-47479\" alt=\"Pintures de Santa Maria de Taull, Vall de Boi (MNAC)\" srcset=\"https:\/\/www.elturistatranquil.com\/wp-content\/uploads\/F118-Pintures-de-Santa-Maria-de-Taull-Vall-de-Boi-MNAC.jpg 768w, https:\/\/www.elturistatranquil.com\/wp-content\/uploads\/F118-Pintures-de-Santa-Maria-de-Taull-Vall-de-Boi-MNAC-339x191.jpg 339w\" sizes=\"(max-width: 768px) 100vw, 768px\" \/>\t\t\t\t\t\t\t\t\t\t\t<figcaption class=\"widget-image-caption wp-caption-text\"><\/figcaption>\n\t\t\t\t\t\t\t\t\t\t<\/figure>\n\t\t\t\t\t\t\t\t\t<\/div>\n\t\t\t\t<\/div>\n\t\t\t\t<div class=\"elementor-element elementor-element-46c72a40 elementor-widget elementor-widget-text-editor\" data-id=\"46c72a40\" data-element_type=\"widget\" data-e-type=\"widget\" data-widget_type=\"text-editor.default\">\n\t\t\t\t<div class=\"elementor-widget-container\">\n\t\t\t\t\t\t\t\t\t<p>La paret del fons de la de la zona del baptisteri, estava destinada a l\u2019Infern, amb uns sers monstruosos turmentant les \u00e0nimes nues dels condemnats.<\/p>\t\t\t\t\t\t\t\t<\/div>\n\t\t\t\t<\/div>\n\t\t\t\t<div class=\"elementor-element elementor-element-35ddc1a7 elementor-widget elementor-widget-image\" data-id=\"35ddc1a7\" data-element_type=\"widget\" data-e-type=\"widget\" data-widget_type=\"image.default\">\n\t\t\t\t<div class=\"elementor-widget-container\">\n\t\t\t\t\t\t\t\t\t\t\t\t<figure class=\"wp-caption\">\n\t\t\t\t\t\t\t\t\t\t<img loading=\"lazy\" decoding=\"async\" width=\"768\" height=\"433\" src=\"https:\/\/www.elturistatranquil.com\/wp-content\/uploads\/F119-Pintures-de-Santa-Maria-de-Taull-Vall-de-Boi-MNAC.jpg\" class=\"attachment-large size-large wp-image-47481\" alt=\"Pintures de Santa Maria de Taull, Vall de Boi (MNAC)\" srcset=\"https:\/\/www.elturistatranquil.com\/wp-content\/uploads\/F119-Pintures-de-Santa-Maria-de-Taull-Vall-de-Boi-MNAC.jpg 768w, https:\/\/www.elturistatranquil.com\/wp-content\/uploads\/F119-Pintures-de-Santa-Maria-de-Taull-Vall-de-Boi-MNAC-339x191.jpg 339w\" sizes=\"(max-width: 768px) 100vw, 768px\" \/>\t\t\t\t\t\t\t\t\t\t\t<figcaption class=\"widget-image-caption wp-caption-text\"><\/figcaption>\n\t\t\t\t\t\t\t\t\t\t<\/figure>\n\t\t\t\t\t\t\t\t\t<\/div>\n\t\t\t\t<\/div>\n\t\t\t\t<div class=\"elementor-element elementor-element-3b4a0c4c elementor-widget elementor-widget-image\" data-id=\"3b4a0c4c\" data-element_type=\"widget\" data-e-type=\"widget\" data-widget_type=\"image.default\">\n\t\t\t\t<div class=\"elementor-widget-container\">\n\t\t\t\t\t\t\t\t\t\t\t\t<figure class=\"wp-caption\">\n\t\t\t\t\t\t\t\t\t\t<img loading=\"lazy\" decoding=\"async\" width=\"768\" height=\"433\" src=\"https:\/\/www.elturistatranquil.com\/wp-content\/uploads\/F120-Pintures-de-Santa-Maria-de-Taull-Vall-de-Boi-MNAC.jpg\" class=\"attachment-large size-large wp-image-47483\" alt=\"Pintures de Santa Maria de Taull, Vall de Boi (MNAC)\" srcset=\"https:\/\/www.elturistatranquil.com\/wp-content\/uploads\/F120-Pintures-de-Santa-Maria-de-Taull-Vall-de-Boi-MNAC.jpg 768w, https:\/\/www.elturistatranquil.com\/wp-content\/uploads\/F120-Pintures-de-Santa-Maria-de-Taull-Vall-de-Boi-MNAC-339x191.jpg 339w\" sizes=\"(max-width: 768px) 100vw, 768px\" \/>\t\t\t\t\t\t\t\t\t\t\t<figcaption class=\"widget-image-caption wp-caption-text\"><\/figcaption>\n\t\t\t\t\t\t\t\t\t\t<\/figure>\n\t\t\t\t\t\t\t\t\t<\/div>\n\t\t\t\t<\/div>\n\t\t\t\t<div class=\"elementor-element elementor-element-394072f7 elementor-widget elementor-widget-text-editor\" data-id=\"394072f7\" data-element_type=\"widget\" data-e-type=\"widget\" data-widget_type=\"text-editor.default\">\n\t\t\t\t<div class=\"elementor-widget-container\">\n\t\t\t\t\t\t\t\t\t<p>Al centre de la paret lateral hi ha representada la lluita entre David i Goliat, que simbolitza la lluita entre el b\u00e9 i el mal.<\/p>\t\t\t\t\t\t\t\t<\/div>\n\t\t\t\t<\/div>\n\t\t\t\t<div class=\"elementor-element elementor-element-1a8019a4 elementor-widget elementor-widget-image\" data-id=\"1a8019a4\" data-element_type=\"widget\" data-e-type=\"widget\" data-widget_type=\"image.default\">\n\t\t\t\t<div class=\"elementor-widget-container\">\n\t\t\t\t\t\t\t\t\t\t\t\t<figure class=\"wp-caption\">\n\t\t\t\t\t\t\t\t\t\t<img loading=\"lazy\" decoding=\"async\" width=\"768\" height=\"432\" src=\"https:\/\/www.elturistatranquil.com\/wp-content\/uploads\/F121a-Pintures-de-Santa-Maria-de-Taull-Vall-de-Boi-MNAC.jpg\" class=\"attachment-large size-large wp-image-47485\" alt=\"Pintures de Santa Maria de Taull, Vall de Boi (MNAC)\" srcset=\"https:\/\/www.elturistatranquil.com\/wp-content\/uploads\/F121a-Pintures-de-Santa-Maria-de-Taull-Vall-de-Boi-MNAC.jpg 768w, https:\/\/www.elturistatranquil.com\/wp-content\/uploads\/F121a-Pintures-de-Santa-Maria-de-Taull-Vall-de-Boi-MNAC-339x191.jpg 339w\" sizes=\"(max-width: 768px) 100vw, 768px\" \/>\t\t\t\t\t\t\t\t\t\t\t<figcaption class=\"widget-image-caption wp-caption-text\"><\/figcaption>\n\t\t\t\t\t\t\t\t\t\t<\/figure>\n\t\t\t\t\t\t\t\t\t<\/div>\n\t\t\t\t<\/div>\n\t\t\t\t<div class=\"elementor-element elementor-element-2e1f22a0 elementor-widget elementor-widget-image\" data-id=\"2e1f22a0\" data-element_type=\"widget\" data-e-type=\"widget\" data-widget_type=\"image.default\">\n\t\t\t\t<div class=\"elementor-widget-container\">\n\t\t\t\t\t\t\t\t\t\t\t\t<figure class=\"wp-caption\">\n\t\t\t\t\t\t\t\t\t\t<img loading=\"lazy\" decoding=\"async\" width=\"500\" height=\"500\" src=\"https:\/\/www.elturistatranquil.com\/wp-content\/uploads\/F121b-Pintures-de-Santa-Maria-de-Taull-Vall-de-Boi-Foto-MNAC.jpg\" class=\"attachment-large size-large wp-image-47487\" alt=\"Pintures de Santa Maria de Taull, Vall de Boi (MNAC)\" srcset=\"https:\/\/www.elturistatranquil.com\/wp-content\/uploads\/F121b-Pintures-de-Santa-Maria-de-Taull-Vall-de-Boi-Foto-MNAC.jpg 500w, https:\/\/www.elturistatranquil.com\/wp-content\/uploads\/F121b-Pintures-de-Santa-Maria-de-Taull-Vall-de-Boi-Foto-MNAC-226x226.jpg 226w\" sizes=\"(max-width: 500px) 100vw, 500px\" \/>\t\t\t\t\t\t\t\t\t\t\t<figcaption class=\"widget-image-caption wp-caption-text\">(Foto: Cat\u00e0leg MNAC)<\/figcaption>\n\t\t\t\t\t\t\t\t\t\t<\/figure>\n\t\t\t\t\t\t\t\t\t<\/div>\n\t\t\t\t<\/div>\n\t\t\t\t<div class=\"elementor-element elementor-element-4b9e01e6 elementor-widget elementor-widget-text-editor\" data-id=\"4b9e01e6\" data-element_type=\"widget\" data-e-type=\"widget\" data-widget_type=\"text-editor.default\">\n\t\t\t\t<div class=\"elementor-widget-container\">\n\t\t\t\t\t\t\t\t\t<p>Les columnes i l\u2019intrad\u00f3s dels arcs tamb\u00e9 eren decorades amb pintures. Segons les restes que han arribat fins a nosaltres, es pot observar que algunes columnes presentaven sanefes helicoidals de colors, mentre que altres mostraven representacions de sants.<\/p>\t\t\t\t\t\t\t\t<\/div>\n\t\t\t\t<\/div>\n\t\t\t\t<section class=\"elementor-section elementor-inner-section elementor-element elementor-element-76b5fd0c elementor-section-boxed elementor-section-height-default elementor-section-height-default\" data-id=\"76b5fd0c\" data-element_type=\"section\" data-e-type=\"section\">\n\t\t\t\t\t\t<div class=\"elementor-container elementor-column-gap-default\">\n\t\t\t\t\t<div class=\"elementor-column elementor-col-50 elementor-inner-column elementor-element elementor-element-291e08d\" data-id=\"291e08d\" data-element_type=\"column\" data-e-type=\"column\">\n\t\t\t<div class=\"elementor-widget-wrap elementor-element-populated\">\n\t\t\t\t\t\t<div class=\"elementor-element elementor-element-13872c25 elementor-widget elementor-widget-image\" data-id=\"13872c25\" data-element_type=\"widget\" data-e-type=\"widget\" data-widget_type=\"image.default\">\n\t\t\t\t<div class=\"elementor-widget-container\">\n\t\t\t\t\t\t\t\t\t\t\t\t\t\t\t<img loading=\"lazy\" decoding=\"async\" width=\"380\" height=\"570\" src=\"https:\/\/www.elturistatranquil.com\/wp-content\/uploads\/F122m-Pintures-de-Santa-Maria-de-Taull-Vall-de-Boi-MNAC.jpg\" class=\"attachment-large size-large wp-image-47489\" alt=\"Pintures de Santa Maria de Taull, Vall de Boi (MNAC)\" srcset=\"https:\/\/www.elturistatranquil.com\/wp-content\/uploads\/F122m-Pintures-de-Santa-Maria-de-Taull-Vall-de-Boi-MNAC.jpg 380w, https:\/\/www.elturistatranquil.com\/wp-content\/uploads\/F122m-Pintures-de-Santa-Maria-de-Taull-Vall-de-Boi-MNAC-151x226.jpg 151w\" sizes=\"(max-width: 380px) 100vw, 380px\" \/>\t\t\t\t\t\t\t\t\t\t\t\t\t\t\t<\/div>\n\t\t\t\t<\/div>\n\t\t\t\t\t<\/div>\n\t\t<\/div>\n\t\t\t\t<div class=\"elementor-column elementor-col-50 elementor-inner-column elementor-element elementor-element-4eb582d0\" data-id=\"4eb582d0\" data-element_type=\"column\" data-e-type=\"column\">\n\t\t\t<div class=\"elementor-widget-wrap elementor-element-populated\">\n\t\t\t\t\t\t<div class=\"elementor-element elementor-element-5aed0b3b elementor-widget elementor-widget-image\" data-id=\"5aed0b3b\" data-element_type=\"widget\" data-e-type=\"widget\" data-widget_type=\"image.default\">\n\t\t\t\t<div class=\"elementor-widget-container\">\n\t\t\t\t\t\t\t\t\t\t\t\t\t\t\t<img loading=\"lazy\" decoding=\"async\" width=\"380\" height=\"570\" src=\"https:\/\/www.elturistatranquil.com\/wp-content\/uploads\/F122n-Pintures-de-Santa-Maria-de-Taull-Vall-de-Boi-MNAC.jpg\" class=\"attachment-large size-large wp-image-47491\" alt=\"Pintures de Santa Maria de Taull, Vall de Boi (MNAC)\" srcset=\"https:\/\/www.elturistatranquil.com\/wp-content\/uploads\/F122n-Pintures-de-Santa-Maria-de-Taull-Vall-de-Boi-MNAC.jpg 380w, https:\/\/www.elturistatranquil.com\/wp-content\/uploads\/F122n-Pintures-de-Santa-Maria-de-Taull-Vall-de-Boi-MNAC-151x226.jpg 151w\" sizes=\"(max-width: 380px) 100vw, 380px\" \/>\t\t\t\t\t\t\t\t\t\t\t\t\t\t\t<\/div>\n\t\t\t\t<\/div>\n\t\t\t\t\t<\/div>\n\t\t<\/div>\n\t\t\t\t\t<\/div>\n\t\t<\/section>\n\t\t\t\t<div class=\"elementor-element elementor-element-bb2b5d elementor-widget elementor-widget-text-editor\" data-id=\"bb2b5d\" data-element_type=\"widget\" data-e-type=\"widget\" data-widget_type=\"text-editor.default\">\n\t\t\t\t<div class=\"elementor-widget-container\">\n\t\t\t\t\t\t\t\t\t<p>\u00a0<\/p><p>L&#8217;intrad\u00f3s dels arcs formers va ser ornamentat amb representacions de profetes.<\/p>\t\t\t\t\t\t\t\t<\/div>\n\t\t\t\t<\/div>\n\t\t\t\t<div class=\"elementor-element elementor-element-53f6d703 elementor-widget elementor-widget-image\" data-id=\"53f6d703\" data-element_type=\"widget\" data-e-type=\"widget\" data-widget_type=\"image.default\">\n\t\t\t\t<div class=\"elementor-widget-container\">\n\t\t\t\t\t\t\t\t\t\t\t\t<figure class=\"wp-caption\">\n\t\t\t\t\t\t\t\t\t\t<img loading=\"lazy\" decoding=\"async\" width=\"768\" height=\"512\" src=\"https:\/\/www.elturistatranquil.com\/wp-content\/uploads\/F123-Pintures-de-Santa-Maria-de-Taull-Vall-de-Boi-MNAC.jpg\" class=\"attachment-large size-large wp-image-47493\" alt=\"Pintures de Santa Maria de Taull, Vall de Boi (MNAC)\" srcset=\"https:\/\/www.elturistatranquil.com\/wp-content\/uploads\/F123-Pintures-de-Santa-Maria-de-Taull-Vall-de-Boi-MNAC.jpg 768w, https:\/\/www.elturistatranquil.com\/wp-content\/uploads\/F123-Pintures-de-Santa-Maria-de-Taull-Vall-de-Boi-MNAC-339x226.jpg 339w\" sizes=\"(max-width: 768px) 100vw, 768px\" \/>\t\t\t\t\t\t\t\t\t\t\t<figcaption class=\"widget-image-caption wp-caption-text\"><\/figcaption>\n\t\t\t\t\t\t\t\t\t\t<\/figure>\n\t\t\t\t\t\t\t\t\t<\/div>\n\t\t\t\t<\/div>\n\t\t\t\t<div class=\"elementor-element elementor-element-2860e9f2 elementor-widget elementor-widget-heading\" data-id=\"2860e9f2\" data-element_type=\"widget\" data-e-type=\"widget\" data-widget_type=\"heading.default\">\n\t\t\t\t<div class=\"elementor-widget-container\">\n\t\t\t\t\t<h5 class=\"elementor-heading-title elementor-size-default\">Altres elements a l\u2019esgl\u00e9sia<\/h5>\t\t\t\t<\/div>\n\t\t\t\t<\/div>\n\t\t\t\t<div class=\"elementor-element elementor-element-36b8b070 elementor-widget elementor-widget-text-editor\" data-id=\"36b8b070\" data-element_type=\"widget\" data-e-type=\"widget\" data-widget_type=\"text-editor.default\">\n\t\t\t\t<div class=\"elementor-widget-container\">\n\t\t\t\t\t\t\t\t\t<p>Al MNAC tamb\u00e9 \u00e9s va conserva el <strong>frontal<\/strong> restaurat d\u2019un altar lateral. Els frontals de talla no eren rars en \u00e8poca rom\u00e0nica. Generalment els personatges s&#8217;esculpien apart i s&#8217;acoblava despr\u00e9s, amb claus, a la superf\u00edcie del frontal. Aix\u00ed, els volums escult\u00f2rics permetien aproximar-se als resultats est\u00e8tics de l&#8217;orfebreria, la imitaci\u00f3 de la qual \u00e9s constant en aquest tipus de mobles. En aquest cas, l&#8217;excel\u00b7lent qualitat de la talla denota la pres\u00e8ncia d&#8217;un escultor h\u00e0bil, si ve allunyat dels corrents m\u00e9s coneguts de l&#8217;escultura ribagor\u00e7ana en fusta. En canvi, la nitidesa de formes i les vestimentes estereotipades al fan semblar versat en el treball de l&#8217;escultura en pedra.<\/p>\t\t\t\t\t\t\t\t<\/div>\n\t\t\t\t<\/div>\n\t\t\t\t<div class=\"elementor-element elementor-element-b8a3bc3 elementor-widget elementor-widget-image\" data-id=\"b8a3bc3\" data-element_type=\"widget\" data-e-type=\"widget\" data-widget_type=\"image.default\">\n\t\t\t\t<div class=\"elementor-widget-container\">\n\t\t\t\t\t\t\t\t\t\t\t\t<figure class=\"wp-caption\">\n\t\t\t\t\t\t\t\t\t\t<img loading=\"lazy\" decoding=\"async\" width=\"768\" height=\"558\" src=\"https:\/\/www.elturistatranquil.com\/wp-content\/uploads\/F124-Frontal-daltar-de-Santa-Maria-de-Taull-Vall-de-Boi-1907.jpg\" class=\"attachment-large size-large wp-image-47498\" alt=\"Frontal d&#039;altar de Santa Maria de Taull, Vall de Boi (1907)\" srcset=\"https:\/\/www.elturistatranquil.com\/wp-content\/uploads\/F124-Frontal-daltar-de-Santa-Maria-de-Taull-Vall-de-Boi-1907.jpg 768w, https:\/\/www.elturistatranquil.com\/wp-content\/uploads\/F124-Frontal-daltar-de-Santa-Maria-de-Taull-Vall-de-Boi-1907-311x226.jpg 311w\" sizes=\"(max-width: 768px) 100vw, 768px\" \/>\t\t\t\t\t\t\t\t\t\t\t<figcaption class=\"widget-image-caption wp-caption-text\"><\/figcaption>\n\t\t\t\t\t\t\t\t\t\t<\/figure>\n\t\t\t\t\t\t\t\t\t<\/div>\n\t\t\t\t<\/div>\n\t\t\t\t<div class=\"elementor-element elementor-element-c4572f1 elementor-widget elementor-widget-image\" data-id=\"c4572f1\" data-element_type=\"widget\" data-e-type=\"widget\" data-widget_type=\"image.default\">\n\t\t\t\t<div class=\"elementor-widget-container\">\n\t\t\t\t\t\t\t\t\t\t\t\t<figure class=\"wp-caption\">\n\t\t\t\t\t\t\t\t\t\t<img loading=\"lazy\" decoding=\"async\" width=\"768\" height=\"512\" src=\"https:\/\/www.elturistatranquil.com\/wp-content\/uploads\/F125-Frontal-daltar-de-Santa-Maria-de-Taull-Vall-de-Boi-MNAC.jpg\" class=\"attachment-large size-large wp-image-47500\" alt=\"Frontal d&#039;altar de Santa Maria de Taull, Vall de Boi (MNAC)\" srcset=\"https:\/\/www.elturistatranquil.com\/wp-content\/uploads\/F125-Frontal-daltar-de-Santa-Maria-de-Taull-Vall-de-Boi-MNAC.jpg 768w, https:\/\/www.elturistatranquil.com\/wp-content\/uploads\/F125-Frontal-daltar-de-Santa-Maria-de-Taull-Vall-de-Boi-MNAC-339x226.jpg 339w\" sizes=\"(max-width: 768px) 100vw, 768px\" \/>\t\t\t\t\t\t\t\t\t\t\t<figcaption class=\"widget-image-caption wp-caption-text\"><\/figcaption>\n\t\t\t\t\t\t\t\t\t\t<\/figure>\n\t\t\t\t\t\t\t\t\t<\/div>\n\t\t\t\t<\/div>\n\t\t\t\t<div class=\"elementor-element elementor-element-9d84080 elementor-widget elementor-widget-text-editor\" data-id=\"9d84080\" data-element_type=\"widget\" data-e-type=\"widget\" data-widget_type=\"text-editor.default\">\n\t\t\t\t<div class=\"elementor-widget-container\">\n\t\t\t\t\t\t\t\t\t<p>El <strong>frontal de l\u2019altar major<\/strong> mostra un tema que s\u2019inspira en els cercles amb animals de la paret de l\u2019absis del darrera.<\/p>\t\t\t\t\t\t\t\t<\/div>\n\t\t\t\t<\/div>\n\t\t\t\t<div class=\"elementor-element elementor-element-7db79b2 elementor-widget elementor-widget-image\" data-id=\"7db79b2\" data-element_type=\"widget\" data-e-type=\"widget\" data-widget_type=\"image.default\">\n\t\t\t\t<div class=\"elementor-widget-container\">\n\t\t\t\t\t\t\t\t\t\t\t\t<figure class=\"wp-caption\">\n\t\t\t\t\t\t\t\t\t\t<img loading=\"lazy\" decoding=\"async\" width=\"768\" height=\"512\" src=\"https:\/\/www.elturistatranquil.com\/wp-content\/uploads\/F126-Frontal-daltar-de-Santa-Maria-de-Taull-Vall-de-Boi.jpg\" class=\"attachment-large size-large wp-image-47502\" alt=\"Frontal d&#039;altar de Santa Maria de Taull, Vall de Boi (MNAC)\" srcset=\"https:\/\/www.elturistatranquil.com\/wp-content\/uploads\/F126-Frontal-daltar-de-Santa-Maria-de-Taull-Vall-de-Boi.jpg 768w, https:\/\/www.elturistatranquil.com\/wp-content\/uploads\/F126-Frontal-daltar-de-Santa-Maria-de-Taull-Vall-de-Boi-339x226.jpg 339w\" sizes=\"(max-width: 768px) 100vw, 768px\" \/>\t\t\t\t\t\t\t\t\t\t\t<figcaption class=\"widget-image-caption wp-caption-text\"><\/figcaption>\n\t\t\t\t\t\t\t\t\t\t<\/figure>\n\t\t\t\t\t\t\t\t\t<\/div>\n\t\t\t\t<\/div>\n\t\t\t\t<div class=\"elementor-element elementor-element-76a9489 elementor-widget elementor-widget-text-editor\" data-id=\"76a9489\" data-element_type=\"widget\" data-e-type=\"widget\" data-widget_type=\"text-editor.default\">\n\t\t\t\t<div class=\"elementor-widget-container\">\n\t\t\t\t\t\t\t\t\t<p>La talla en fusta amb restes de policromia del <strong>Davallament de Santa Maria de Ta\u00fcll <\/strong>data de la segona meitat del segle XII a principis del segle XIII.<\/p><p>Els Davallament catalans tenen la singularitat iconogr\u00e0fica d&#8217;incloure les figures dels dos lladres crucificats al costat de Crist. Del grup de Ta\u00fcll es conserva precisament la figura del lladre bo, Dimes, aix\u00ed com les de Maria i Josep d&#8217;Arimatea, que sost\u00e9 el cos de Jes\u00fas mort. L&#8217;expressi\u00f3 lacerada de Crist, els bra\u00e7os articulats i els peus encreuat i clavat a la creu amb un sol clau, revelen una dataci\u00f3 molt tardana, o b\u00e9 que la talla va ser objecte d&#8217;una dr\u00e0stica transformaci\u00f3 en \u00e8poques posteriors.<\/p><p>En aquest Davallament falten els personatges de la dreta: Sant Joan, Nicodem i el lladre dolent, Gestes.<\/p>\t\t\t\t\t\t\t\t<\/div>\n\t\t\t\t<\/div>\n\t\t\t\t<div class=\"elementor-element elementor-element-7ca1e21 elementor-widget elementor-widget-image\" data-id=\"7ca1e21\" data-element_type=\"widget\" data-e-type=\"widget\" data-widget_type=\"image.default\">\n\t\t\t\t<div class=\"elementor-widget-container\">\n\t\t\t\t\t\t\t\t\t\t\t\t<figure class=\"wp-caption\">\n\t\t\t\t\t\t\t\t\t\t<img loading=\"lazy\" decoding=\"async\" width=\"768\" height=\"512\" src=\"https:\/\/www.elturistatranquil.com\/wp-content\/uploads\/F127-Descendiment-de-Santa-Maria-de-Taull-Vall-de-Boi-MNAC.jpg\" class=\"attachment-large size-large wp-image-47504\" alt=\"Descendiment de Santa Maria de Taull, Vall de Boi (MNAC)\" srcset=\"https:\/\/www.elturistatranquil.com\/wp-content\/uploads\/F127-Descendiment-de-Santa-Maria-de-Taull-Vall-de-Boi-MNAC.jpg 768w, https:\/\/www.elturistatranquil.com\/wp-content\/uploads\/F127-Descendiment-de-Santa-Maria-de-Taull-Vall-de-Boi-MNAC-339x226.jpg 339w\" sizes=\"(max-width: 768px) 100vw, 768px\" \/>\t\t\t\t\t\t\t\t\t\t\t<figcaption class=\"widget-image-caption wp-caption-text\"><\/figcaption>\n\t\t\t\t\t\t\t\t\t\t<\/figure>\n\t\t\t\t\t\t\t\t\t<\/div>\n\t\t\t\t<\/div>\n\t\t\t\t<div class=\"elementor-element elementor-element-42552be3 elementor-widget elementor-widget-heading\" data-id=\"42552be3\" data-element_type=\"widget\" data-e-type=\"widget\" data-widget_type=\"heading.default\">\n\t\t\t\t<div class=\"elementor-widget-container\">\n\t\t\t\t\t<h4 class=\"elementor-heading-title elementor-size-default\">El retaule barroc<\/h4>\t\t\t\t<\/div>\n\t\t\t\t<\/div>\n\t\t\t\t<div class=\"elementor-element elementor-element-30e89c3 elementor-widget elementor-widget-text-editor\" data-id=\"30e89c3\" data-element_type=\"widget\" data-e-type=\"widget\" data-widget_type=\"text-editor.default\">\n\t\t\t\t<div class=\"elementor-widget-container\">\n\t\t\t\t\t\t\t\t\t<p>Amb bon criteri, s\u2019ha conservat dins del temple el <strong>retaule barroc del segle XVII<\/strong> que tapava les pintures rom\u00e0niques de l\u2019absis major. Dedicat igualment a la Verge. Ara ocupa una posici\u00f3 lateral als peus de la nau de l\u2019evangeli.<\/p><p>El contrast d\u2019estils ens permet adonar-nos com, al llarg del temps, s\u2019han produint canvis de mentalitat entorn del mateix fet religi\u00f3s, tal com es reflecteix a trav\u00e9s de la iconografia que sustenta els oficis religiosos.<\/p><p>A la part superior del retaule trobem la representaci\u00f3 de l\u2019arc\u00e0ngel Sant Miquel, amb Sant Pau a l\u2019esquerra i Sant Pere a la dreta. A la part inferior hi veiem la Mare de D\u00e9u Immaculada, amb Sant Joan Evangelista a l\u2019esquerra i Sant Isidre a la dreta.<\/p>\t\t\t\t\t\t\t\t<\/div>\n\t\t\t\t<\/div>\n\t\t\t\t<div class=\"elementor-element elementor-element-4676aca elementor-widget elementor-widget-image\" data-id=\"4676aca\" data-element_type=\"widget\" data-e-type=\"widget\" data-widget_type=\"image.default\">\n\t\t\t\t<div class=\"elementor-widget-container\">\n\t\t\t\t\t\t\t\t\t\t\t\t<figure class=\"wp-caption\">\n\t\t\t\t\t\t\t\t\t\t<img loading=\"lazy\" decoding=\"async\" width=\"443\" height=\"590\" src=\"https:\/\/www.elturistatranquil.com\/wp-content\/uploads\/F128-Retaule-barroc-Santa-Maria-de-Taull-Vall-de-Boi.jpg\" class=\"attachment-large size-large wp-image-47506\" alt=\"Retaule barroc, Santa Maria de Taull, Vall de Boi\" srcset=\"https:\/\/www.elturistatranquil.com\/wp-content\/uploads\/F128-Retaule-barroc-Santa-Maria-de-Taull-Vall-de-Boi.jpg 443w, https:\/\/www.elturistatranquil.com\/wp-content\/uploads\/F128-Retaule-barroc-Santa-Maria-de-Taull-Vall-de-Boi-170x226.jpg 170w\" sizes=\"(max-width: 443px) 100vw, 443px\" \/>\t\t\t\t\t\t\t\t\t\t\t<figcaption class=\"widget-image-caption wp-caption-text\"><\/figcaption>\n\t\t\t\t\t\t\t\t\t\t<\/figure>\n\t\t\t\t\t\t\t\t\t<\/div>\n\t\t\t\t<\/div>\n\t\t\t\t<div class=\"elementor-element elementor-element-5552e63 elementor-widget elementor-widget-image\" data-id=\"5552e63\" data-element_type=\"widget\" data-e-type=\"widget\" data-widget_type=\"image.default\">\n\t\t\t\t<div class=\"elementor-widget-container\">\n\t\t\t\t\t\t\t\t\t\t\t\t<figure class=\"wp-caption\">\n\t\t\t\t\t\t\t\t\t\t<img loading=\"lazy\" decoding=\"async\" width=\"768\" height=\"512\" src=\"https:\/\/www.elturistatranquil.com\/wp-content\/uploads\/F129-Retaule-barroc-Santa-Maria-de-Taull-Vall-de-Boi.jpg\" class=\"attachment-large size-large wp-image-47508\" alt=\"Retaule barroc, Santa Maria de Taull, Vall de Boi\" srcset=\"https:\/\/www.elturistatranquil.com\/wp-content\/uploads\/F129-Retaule-barroc-Santa-Maria-de-Taull-Vall-de-Boi.jpg 768w, https:\/\/www.elturistatranquil.com\/wp-content\/uploads\/F129-Retaule-barroc-Santa-Maria-de-Taull-Vall-de-Boi-339x226.jpg 339w\" sizes=\"(max-width: 768px) 100vw, 768px\" \/>\t\t\t\t\t\t\t\t\t\t\t<figcaption class=\"widget-image-caption wp-caption-text\"><\/figcaption>\n\t\t\t\t\t\t\t\t\t\t<\/figure>\n\t\t\t\t\t\t\t\t\t<\/div>\n\t\t\t\t<\/div>\n\t\t\t\t<div class=\"elementor-element elementor-element-28e09c26 elementor-widget elementor-widget-heading\" data-id=\"28e09c26\" data-element_type=\"widget\" data-e-type=\"widget\" data-widget_type=\"heading.default\">\n\t\t\t\t<div class=\"elementor-widget-container\">\n\t\t\t\t\t<h2 class=\"elementor-heading-title elementor-size-default\">Ermita de Sant Quirc de Ta\u00fcll<\/h2>\t\t\t\t<\/div>\n\t\t\t\t<\/div>\n\t\t\t\t<div class=\"elementor-element elementor-element-3ffd611 elementor-widget elementor-widget-text-editor\" data-id=\"3ffd611\" data-element_type=\"widget\" data-e-type=\"widget\" data-widget_type=\"text-editor.default\">\n\t\t\t\t<div class=\"elementor-widget-container\">\n\t\t\t\t\t\t\t\t\t<p><em>B\u00e9 d\u2019Inter\u00e8s Cultural (BIC)<\/em> (1992) (No est\u00e0 inclosa en el cat\u00e0leg de Patrimoni Mundial)<\/p><p>Coordenades: 42\u00b030&#8217;49&#8243;N 0\u00b051&#8217;10&#8243;E. Altitud: 1.626 msnm<\/p><p>A poc m\u00e9s d\u2019un quil\u00f2metre amunt de Ta\u00fcll s\u2019arriba al <strong>Pla de l\u2019Ermita<\/strong>, un ressort tur\u00edstic creat als anys 80 del segle passat.<\/p><p>Es pot deixar el cotxe a l\u2019aparcament de l\u2019entrada, o baixar fins a la pla\u00e7a de l\u2019Ermita, i caminar entre 500 i 200 metres, segons el cam\u00ed escollit, en direcci\u00f3 sud-oest per arribar a l\u2019<strong>ermita de Sant Quirc de Ta\u00fcll<\/strong>, enmig del bosc.<\/p>\t\t\t\t\t\t\t\t<\/div>\n\t\t\t\t<\/div>\n\t\t\t\t<div class=\"elementor-element elementor-element-181bdc9 elementor-widget elementor-widget-image\" data-id=\"181bdc9\" data-element_type=\"widget\" data-e-type=\"widget\" data-widget_type=\"image.default\">\n\t\t\t\t<div class=\"elementor-widget-container\">\n\t\t\t\t\t\t\t\t\t\t\t\t<figure class=\"wp-caption\">\n\t\t\t\t\t\t\t\t\t\t<img loading=\"lazy\" decoding=\"async\" width=\"768\" height=\"512\" src=\"https:\/\/www.elturistatranquil.com\/wp-content\/uploads\/F130-Sant-Quirc-de-Taull-Vall-de-Boi.jpg\" class=\"attachment-large size-large wp-image-47510\" alt=\"Sant Quirc de Taull, Vall de Boi\" srcset=\"https:\/\/www.elturistatranquil.com\/wp-content\/uploads\/F130-Sant-Quirc-de-Taull-Vall-de-Boi.jpg 768w, https:\/\/www.elturistatranquil.com\/wp-content\/uploads\/F130-Sant-Quirc-de-Taull-Vall-de-Boi-339x226.jpg 339w\" sizes=\"(max-width: 768px) 100vw, 768px\" \/>\t\t\t\t\t\t\t\t\t\t\t<figcaption class=\"widget-image-caption wp-caption-text\"><\/figcaption>\n\t\t\t\t\t\t\t\t\t\t<\/figure>\n\t\t\t\t\t\t\t\t\t<\/div>\n\t\t\t\t<\/div>\n\t\t\t\t<div class=\"elementor-element elementor-element-35d7c20 elementor-widget elementor-widget-text-editor\" data-id=\"35d7c20\" data-element_type=\"widget\" data-e-type=\"widget\" data-widget_type=\"text-editor.default\">\n\t\t\t\t<div class=\"elementor-widget-container\">\n\t\t\t\t\t\t\t\t\t<p>Com es pot observar a la fotografia, l&#8217;ermita de Sant Quirc de Ta\u00fcll \u00e9s una petita capella amb una mida aproximada de 12 metres per 6 metres.<\/p><p>Est\u00e0 orientada can\u00f2nicament cap a llevant i es diferencia d&#8217;una borda principalment per la pres\u00e8ncia d&#8217;un absis semicircular a la cap\u00e7alera. No t\u00e9 cap torre o espadanya que sobresurti de l&#8217;estructura.<\/p>\t\t\t\t\t\t\t\t<\/div>\n\t\t\t\t<\/div>\n\t\t\t\t<div class=\"elementor-element elementor-element-519e2c4 elementor-widget elementor-widget-image\" data-id=\"519e2c4\" data-element_type=\"widget\" data-e-type=\"widget\" data-widget_type=\"image.default\">\n\t\t\t\t<div class=\"elementor-widget-container\">\n\t\t\t\t\t\t\t\t\t\t\t\t<figure class=\"wp-caption\">\n\t\t\t\t\t\t\t\t\t\t<img loading=\"lazy\" decoding=\"async\" width=\"768\" height=\"513\" src=\"https:\/\/www.elturistatranquil.com\/wp-content\/uploads\/F131-Planta-de-Sant-Quirc-de-Taull-Vall-de-Boi.jpg\" class=\"attachment-large size-large wp-image-47515\" alt=\"Planta de Sant Quirc de Taull, Vall de Boi\" srcset=\"https:\/\/www.elturistatranquil.com\/wp-content\/uploads\/F131-Planta-de-Sant-Quirc-de-Taull-Vall-de-Boi.jpg 768w, https:\/\/www.elturistatranquil.com\/wp-content\/uploads\/F131-Planta-de-Sant-Quirc-de-Taull-Vall-de-Boi-339x226.jpg 339w\" sizes=\"(max-width: 768px) 100vw, 768px\" \/>\t\t\t\t\t\t\t\t\t\t\t<figcaption class=\"widget-image-caption wp-caption-text\"><\/figcaption>\n\t\t\t\t\t\t\t\t\t\t<\/figure>\n\t\t\t\t\t\t\t\t\t<\/div>\n\t\t\t\t<\/div>\n\t\t\t\t<div class=\"elementor-element elementor-element-0fc12be elementor-widget elementor-widget-text-editor\" data-id=\"0fc12be\" data-element_type=\"widget\" data-e-type=\"widget\" data-widget_type=\"text-editor.default\">\n\t\t\t\t<div class=\"elementor-widget-container\">\n\t\t\t\t\t\t\t\t\t<p>La f\u00e0brica de l\u2019edifici d\u2019un primitiu carreu\u00f3, i en parts quasi de ma\u00e7oneria, en que es manifesta una discontinu\u00eftat en el proc\u00e9s de construcci\u00f3 molt evident.<\/p><p>En diversos punts, els murs s\u2019assenten directament sobre la roca viva.<\/p>\t\t\t\t\t\t\t\t<\/div>\n\t\t\t\t<\/div>\n\t\t\t\t<div class=\"elementor-element elementor-element-a554680 elementor-widget elementor-widget-image\" data-id=\"a554680\" data-element_type=\"widget\" data-e-type=\"widget\" data-widget_type=\"image.default\">\n\t\t\t\t<div class=\"elementor-widget-container\">\n\t\t\t\t\t\t\t\t\t\t\t\t<figure class=\"wp-caption\">\n\t\t\t\t\t\t\t\t\t\t<img loading=\"lazy\" decoding=\"async\" width=\"768\" height=\"511\" src=\"https:\/\/www.elturistatranquil.com\/wp-content\/uploads\/F132-Sant-Quirc-de-Taull-Vall-de-Boi.jpg\" class=\"attachment-large size-large wp-image-47517\" alt=\"Sant Quirc de Taull, Vall de Boi\" srcset=\"https:\/\/www.elturistatranquil.com\/wp-content\/uploads\/F132-Sant-Quirc-de-Taull-Vall-de-Boi.jpg 768w, https:\/\/www.elturistatranquil.com\/wp-content\/uploads\/F132-Sant-Quirc-de-Taull-Vall-de-Boi-339x226.jpg 339w\" sizes=\"(max-width: 768px) 100vw, 768px\" \/>\t\t\t\t\t\t\t\t\t\t\t<figcaption class=\"widget-image-caption wp-caption-text\"><\/figcaption>\n\t\t\t\t\t\t\t\t\t\t<\/figure>\n\t\t\t\t\t\t\t\t\t<\/div>\n\t\t\t\t<\/div>\n\t\t\t\t<div class=\"elementor-element elementor-element-279b4b2 elementor-widget elementor-widget-text-editor\" data-id=\"279b4b2\" data-element_type=\"widget\" data-e-type=\"widget\" data-widget_type=\"text-editor.default\">\n\t\t\t\t<div class=\"elementor-widget-container\">\n\t\t\t\t\t\t\t\t\t<p>L&#8217;ermita presenta una coberta de dues vessants per a la nau principal, mentre que l&#8217;absis est\u00e0 cobert amb una estructura semi c\u00f2nica , tot revestit de pissarra.<\/p><p>En cap de les parts de l&#8217;edifici es pot observar cap influ\u00e8ncia de l&#8217;estil llombard caracter\u00edstic de la vall.<\/p><p>L&#8217;\u00fanica font de llum natural ingressa a trav\u00e9s d&#8217;una espitllera central situada a l&#8217;absis, proporcionant una il\u00b7luminaci\u00f3 puntual a l&#8217;interior.<\/p>\t\t\t\t\t\t\t\t<\/div>\n\t\t\t\t<\/div>\n\t\t\t\t<div class=\"elementor-element elementor-element-aacbd55 elementor-widget elementor-widget-image\" data-id=\"aacbd55\" data-element_type=\"widget\" data-e-type=\"widget\" data-widget_type=\"image.default\">\n\t\t\t\t<div class=\"elementor-widget-container\">\n\t\t\t\t\t\t\t\t\t\t\t\t<figure class=\"wp-caption\">\n\t\t\t\t\t\t\t\t\t\t<img loading=\"lazy\" decoding=\"async\" width=\"768\" height=\"512\" src=\"https:\/\/www.elturistatranquil.com\/wp-content\/uploads\/F133-Sant-Quirc-de-Taull-Vall-de-Boi.jpg\" class=\"attachment-large size-large wp-image-47519\" alt=\"Sant Quirc de Taull, Vall de Boi\" srcset=\"https:\/\/www.elturistatranquil.com\/wp-content\/uploads\/F133-Sant-Quirc-de-Taull-Vall-de-Boi.jpg 768w, https:\/\/www.elturistatranquil.com\/wp-content\/uploads\/F133-Sant-Quirc-de-Taull-Vall-de-Boi-339x226.jpg 339w\" sizes=\"(max-width: 768px) 100vw, 768px\" \/>\t\t\t\t\t\t\t\t\t\t\t<figcaption class=\"widget-image-caption wp-caption-text\"><\/figcaption>\n\t\t\t\t\t\t\t\t\t\t<\/figure>\n\t\t\t\t\t\t\t\t\t<\/div>\n\t\t\t\t<\/div>\n\t\t\t\t<div class=\"elementor-element elementor-element-e47c7bd elementor-widget elementor-widget-text-editor\" data-id=\"e47c7bd\" data-element_type=\"widget\" data-e-type=\"widget\" data-widget_type=\"text-editor.default\">\n\t\t\t\t<div class=\"elementor-widget-container\">\n\t\t\t\t\t\t\t\t\t<p>La porta d&#8217;entrada situada al costat sud de l&#8217;ermita t\u00e9 un arc de mig punt. El brancal no t\u00e9 cap columna de suport. Hi ha unes lloses sense treballar que fan de bases on s&#8217;assenta l&#8217;arc format per dovelles irregulars, i una xambrana tamb\u00e9 de car\u00e0cter r\u00fastic.<\/p>\t\t\t\t\t\t\t\t<\/div>\n\t\t\t\t<\/div>\n\t\t\t\t<div class=\"elementor-element elementor-element-26f2913 elementor-widget elementor-widget-image\" data-id=\"26f2913\" data-element_type=\"widget\" data-e-type=\"widget\" data-widget_type=\"image.default\">\n\t\t\t\t<div class=\"elementor-widget-container\">\n\t\t\t\t\t\t\t\t\t\t\t\t<figure class=\"wp-caption\">\n\t\t\t\t\t\t\t\t\t\t<img loading=\"lazy\" decoding=\"async\" width=\"768\" height=\"511\" src=\"https:\/\/www.elturistatranquil.com\/wp-content\/uploads\/F134-Sant-Quirc-de-Taull-Vall-de-Boi.jpg\" class=\"attachment-large size-large wp-image-47521\" alt=\"Sant Quirc de Taull, Vall de Boi\" srcset=\"https:\/\/www.elturistatranquil.com\/wp-content\/uploads\/F134-Sant-Quirc-de-Taull-Vall-de-Boi.jpg 768w, https:\/\/www.elturistatranquil.com\/wp-content\/uploads\/F134-Sant-Quirc-de-Taull-Vall-de-Boi-339x226.jpg 339w\" sizes=\"(max-width: 768px) 100vw, 768px\" \/>\t\t\t\t\t\t\t\t\t\t\t<figcaption class=\"widget-image-caption wp-caption-text\"><\/figcaption>\n\t\t\t\t\t\t\t\t\t\t<\/figure>\n\t\t\t\t\t\t\t\t\t<\/div>\n\t\t\t\t<\/div>\n\t\t\t\t<div class=\"elementor-element elementor-element-f87b502 elementor-widget elementor-widget-image\" data-id=\"f87b502\" data-element_type=\"widget\" data-e-type=\"widget\" data-widget_type=\"image.default\">\n\t\t\t\t<div class=\"elementor-widget-container\">\n\t\t\t\t\t\t\t\t\t\t\t\t<figure class=\"wp-caption\">\n\t\t\t\t\t\t\t\t\t\t<img loading=\"lazy\" decoding=\"async\" width=\"768\" height=\"512\" src=\"https:\/\/www.elturistatranquil.com\/wp-content\/uploads\/F135-Sant-Quirc-de-Taull-Vall-de-Boi.jpg\" class=\"attachment-large size-large wp-image-47523\" alt=\"Sant Quirc de Taull, Vall de Boi\" srcset=\"https:\/\/www.elturistatranquil.com\/wp-content\/uploads\/F135-Sant-Quirc-de-Taull-Vall-de-Boi.jpg 768w, https:\/\/www.elturistatranquil.com\/wp-content\/uploads\/F135-Sant-Quirc-de-Taull-Vall-de-Boi-339x226.jpg 339w\" sizes=\"(max-width: 768px) 100vw, 768px\" \/>\t\t\t\t\t\t\t\t\t\t\t<figcaption class=\"widget-image-caption wp-caption-text\"><\/figcaption>\n\t\t\t\t\t\t\t\t\t\t<\/figure>\n\t\t\t\t\t\t\t\t\t<\/div>\n\t\t\t\t<\/div>\n\t\t\t\t<div class=\"elementor-element elementor-element-93e32a7 elementor-widget elementor-widget-text-editor\" data-id=\"93e32a7\" data-element_type=\"widget\" data-e-type=\"widget\" data-widget_type=\"text-editor.default\">\n\t\t\t\t<div class=\"elementor-widget-container\">\n\t\t\t\t\t\t\t\t\t<p>Es pot apreciar clarament com les roques s&#8217;utilitzen com a fonament dels murs de l&#8217;ermita.<\/p>\t\t\t\t\t\t\t\t<\/div>\n\t\t\t\t<\/div>\n\t\t\t\t<div class=\"elementor-element elementor-element-e706f30 elementor-widget elementor-widget-image\" data-id=\"e706f30\" data-element_type=\"widget\" data-e-type=\"widget\" data-widget_type=\"image.default\">\n\t\t\t\t<div class=\"elementor-widget-container\">\n\t\t\t\t\t\t\t\t\t\t\t\t<figure class=\"wp-caption\">\n\t\t\t\t\t\t\t\t\t\t<img loading=\"lazy\" decoding=\"async\" width=\"768\" height=\"512\" src=\"https:\/\/www.elturistatranquil.com\/wp-content\/uploads\/F136-Sant-Quirc-de-Taull-Vall-de-Boi.jpg\" class=\"attachment-large size-large wp-image-47528\" alt=\"Sant Quirc de Taull, Vall de Boi\" srcset=\"https:\/\/www.elturistatranquil.com\/wp-content\/uploads\/F136-Sant-Quirc-de-Taull-Vall-de-Boi.jpg 768w, https:\/\/www.elturistatranquil.com\/wp-content\/uploads\/F136-Sant-Quirc-de-Taull-Vall-de-Boi-339x226.jpg 339w\" sizes=\"(max-width: 768px) 100vw, 768px\" \/>\t\t\t\t\t\t\t\t\t\t\t<figcaption class=\"widget-image-caption wp-caption-text\"><\/figcaption>\n\t\t\t\t\t\t\t\t\t\t<\/figure>\n\t\t\t\t\t\t\t\t\t<\/div>\n\t\t\t\t<\/div>\n\t\t\t\t<div class=\"elementor-element elementor-element-0422c66 elementor-widget elementor-widget-text-editor\" data-id=\"0422c66\" data-element_type=\"widget\" data-e-type=\"widget\" data-widget_type=\"text-editor.default\">\n\t\t\t\t<div class=\"elementor-widget-container\">\n\t\t\t\t\t\t\t\t\t<p>En la darrera rehabilitaci\u00f3, s&#8217;ha convertit una gran obertura que existia al mur septentrional en un ampli finestral amb vidriera, el qual permet veure gran part de l&#8217;interior de l&#8217;ermita.<\/p><p>Es suposa que aquesta obertura d&#8217;arc de mig punt donava acc\u00e9s a una capella annexa a l&#8217;edifici, per\u00f2 no hi ha const\u00e0ncia documental d&#8217;aquesta capella.<\/p>\t\t\t\t\t\t\t\t<\/div>\n\t\t\t\t<\/div>\n\t\t\t\t<div class=\"elementor-element elementor-element-3708474 elementor-widget elementor-widget-image\" data-id=\"3708474\" data-element_type=\"widget\" data-e-type=\"widget\" data-widget_type=\"image.default\">\n\t\t\t\t<div class=\"elementor-widget-container\">\n\t\t\t\t\t\t\t\t\t\t\t\t<figure class=\"wp-caption\">\n\t\t\t\t\t\t\t\t\t\t<img loading=\"lazy\" decoding=\"async\" width=\"768\" height=\"512\" src=\"https:\/\/www.elturistatranquil.com\/wp-content\/uploads\/F137-Sant-Quirc-de-Taull-Vall-de-Boi.jpg\" class=\"attachment-large size-large wp-image-47530\" alt=\"Sant Quirc de Taull, Vall de Boi\" srcset=\"https:\/\/www.elturistatranquil.com\/wp-content\/uploads\/F137-Sant-Quirc-de-Taull-Vall-de-Boi.jpg 768w, https:\/\/www.elturistatranquil.com\/wp-content\/uploads\/F137-Sant-Quirc-de-Taull-Vall-de-Boi-339x226.jpg 339w\" sizes=\"(max-width: 768px) 100vw, 768px\" \/>\t\t\t\t\t\t\t\t\t\t\t<figcaption class=\"widget-image-caption wp-caption-text\"><\/figcaption>\n\t\t\t\t\t\t\t\t\t\t<\/figure>\n\t\t\t\t\t\t\t\t\t<\/div>\n\t\t\t\t<\/div>\n\t\t\t\t<div class=\"elementor-element elementor-element-1e29fd1 elementor-widget elementor-widget-image\" data-id=\"1e29fd1\" data-element_type=\"widget\" data-e-type=\"widget\" data-widget_type=\"image.default\">\n\t\t\t\t<div class=\"elementor-widget-container\">\n\t\t\t\t\t\t\t\t\t\t\t\t<figure class=\"wp-caption\">\n\t\t\t\t\t\t\t\t\t\t<img loading=\"lazy\" decoding=\"async\" width=\"768\" height=\"512\" src=\"https:\/\/www.elturistatranquil.com\/wp-content\/uploads\/F138-Sant-Quirc-de-Taull-Vall-de-Boi.jpg\" class=\"attachment-large size-large wp-image-47532\" alt=\"Sant Quirc de Taull, Vall de Boi\" srcset=\"https:\/\/www.elturistatranquil.com\/wp-content\/uploads\/F138-Sant-Quirc-de-Taull-Vall-de-Boi.jpg 768w, https:\/\/www.elturistatranquil.com\/wp-content\/uploads\/F138-Sant-Quirc-de-Taull-Vall-de-Boi-339x226.jpg 339w\" sizes=\"(max-width: 768px) 100vw, 768px\" \/>\t\t\t\t\t\t\t\t\t\t\t<figcaption class=\"widget-image-caption wp-caption-text\"><\/figcaption>\n\t\t\t\t\t\t\t\t\t\t<\/figure>\n\t\t\t\t\t\t\t\t\t<\/div>\n\t\t\t\t<\/div>\n\t\t\t\t<div class=\"elementor-element elementor-element-710d76e elementor-widget elementor-widget-text-editor\" data-id=\"710d76e\" data-element_type=\"widget\" data-e-type=\"widget\" data-widget_type=\"text-editor.default\">\n\t\t\t\t<div class=\"elementor-widget-container\">\n\t\t\t\t\t\t\t\t\t<p>A l\u2019interior es pot observar el sostre de fusta que ha estat reconstru\u00eft, el presbiteri que s\u2019avan\u00e7a molt sobre la nau, amb el terra format per lloses de pedra, i un banc corregut seguint el mur lateral.<\/p><p>Sembla que tamb\u00e9 hi ha una pica baptismal.<\/p>\t\t\t\t\t\t\t\t<\/div>\n\t\t\t\t<\/div>\n\t\t\t\t<div class=\"elementor-element elementor-element-12bbb15 elementor-widget elementor-widget-image\" data-id=\"12bbb15\" data-element_type=\"widget\" data-e-type=\"widget\" data-widget_type=\"image.default\">\n\t\t\t\t<div class=\"elementor-widget-container\">\n\t\t\t\t\t\t\t\t\t\t\t\t<figure class=\"wp-caption\">\n\t\t\t\t\t\t\t\t\t\t<img loading=\"lazy\" decoding=\"async\" width=\"768\" height=\"512\" src=\"https:\/\/www.elturistatranquil.com\/wp-content\/uploads\/F139-Sant-Quirc-de-Taull-Vall-de-Boi.jpg\" class=\"attachment-large size-large wp-image-47534\" alt=\"Sant Quirc de Taull, Vall de Boi\" srcset=\"https:\/\/www.elturistatranquil.com\/wp-content\/uploads\/F139-Sant-Quirc-de-Taull-Vall-de-Boi.jpg 768w, https:\/\/www.elturistatranquil.com\/wp-content\/uploads\/F139-Sant-Quirc-de-Taull-Vall-de-Boi-339x226.jpg 339w\" sizes=\"(max-width: 768px) 100vw, 768px\" \/>\t\t\t\t\t\t\t\t\t\t\t<figcaption class=\"widget-image-caption wp-caption-text\"><\/figcaption>\n\t\t\t\t\t\t\t\t\t\t<\/figure>\n\t\t\t\t\t\t\t\t\t<\/div>\n\t\t\t\t<\/div>\n\t\t\t\t<div class=\"elementor-element elementor-element-97bfaa8 elementor-widget elementor-widget-text-editor\" data-id=\"97bfaa8\" data-element_type=\"widget\" data-e-type=\"widget\" data-widget_type=\"text-editor.default\">\n\t\t\t\t<div class=\"elementor-widget-container\">\n\t\t\t\t\t\t\t\t\t<p>A la panor\u00e0mica sobre la vall, podem apreciar els teulats de Ta\u00fcll.<\/p>\t\t\t\t\t\t\t\t<\/div>\n\t\t\t\t<\/div>\n\t\t\t\t<div class=\"elementor-element elementor-element-3c6d697 elementor-widget elementor-widget-image\" data-id=\"3c6d697\" data-element_type=\"widget\" data-e-type=\"widget\" data-widget_type=\"image.default\">\n\t\t\t\t<div class=\"elementor-widget-container\">\n\t\t\t\t\t\t\t\t\t\t\t\t<figure class=\"wp-caption\">\n\t\t\t\t\t\t\t\t\t\t<img loading=\"lazy\" decoding=\"async\" width=\"768\" height=\"511\" src=\"https:\/\/www.elturistatranquil.com\/wp-content\/uploads\/F140-Sant-Quirc-de-Taull-Vall-de-Boi.jpg\" class=\"attachment-large size-large wp-image-47536\" alt=\"Sant Quirc de Taull, Vall de Boi\" srcset=\"https:\/\/www.elturistatranquil.com\/wp-content\/uploads\/F140-Sant-Quirc-de-Taull-Vall-de-Boi.jpg 768w, https:\/\/www.elturistatranquil.com\/wp-content\/uploads\/F140-Sant-Quirc-de-Taull-Vall-de-Boi-339x226.jpg 339w\" sizes=\"(max-width: 768px) 100vw, 768px\" \/>\t\t\t\t\t\t\t\t\t\t\t<figcaption class=\"widget-image-caption wp-caption-text\"><\/figcaption>\n\t\t\t\t\t\t\t\t\t\t<\/figure>\n\t\t\t\t\t\t\t\t\t<\/div>\n\t\t\t\t<\/div>\n\t\t\t\t<div class=\"elementor-element elementor-element-c98f61f elementor-widget elementor-widget-heading\" data-id=\"c98f61f\" data-element_type=\"widget\" data-e-type=\"widget\" data-widget_type=\"heading.default\">\n\t\t\t\t<div class=\"elementor-widget-container\">\n\t\t\t\t\t<h2 class=\"elementor-heading-title elementor-size-default\">Bases d'informaci\u00f3<\/h2>\t\t\t\t<\/div>\n\t\t\t\t<\/div>\n\t\t\t\t<div class=\"elementor-element elementor-element-799da7ca elementor-widget elementor-widget-text-editor\" data-id=\"799da7ca\" data-element_type=\"widget\" data-e-type=\"widget\" data-widget_type=\"text-editor.default\">\n\t\t\t\t<div class=\"elementor-widget-container\">\n\t\t\t\t\t\t\t\t\t<p><strong>Sant Climent de Ta\u00fcll <\/strong><\/p><p><strong>Webs<\/strong><\/p><p><a href=\"https:\/\/www.centreromanic.com\/qui-som\/\" target=\"_blank\" rel=\"noopener\">centreromanic<\/a><\/p><p><a href=\"https:\/\/www.centreromanic.com\/wp-content\/uploads\/2022\/09\/Romanic-Vall-Boi-publicacio-catala.pdf\" target=\"_blank\" rel=\"noopener\">conjuntromanic<\/a><\/p><p><a href=\"https:\/\/www.vallboi.cat\/ca\/romanic\" target=\"_blank\" rel=\"noopener\">vallboi<\/a><\/p><p><a href=\"https:\/\/ca.wikipedia.org\/wiki\/Sant_Climent_de_Ta%C3%BCll\" target=\"_blank\" rel=\"noopener\">vikipedia<\/a><\/p><p><a href=\"https:\/\/www.catalunyamedieval.es\/esglesia-de-sant-climent-de-taull-la-vall-de-boi-alta-ribagorca\/\" target=\"_blank\" rel=\"noopener\">catalunyamedieval<\/a><\/p><p><a href=\"https:\/\/www.arteguias.com\/iglesia\/santclimenttaull.htm\" target=\"_blank\" rel=\"noopener\">arteguias<\/a><\/p><p><strong>Projecte mapping<\/strong><\/p><p><a href=\"https:\/\/pantocrator.cat\/projectes\/\" target=\"_blank\" rel=\"noopener\">projectemapping<\/a><\/p><p><strong>Webs academic<\/strong><\/p><p>WHC. <a href=\"https:\/\/whc.unesco.org\/uploads\/nominations\/988.pdf\" target=\"_blank\" rel=\"noopener\"><em>Nomination Documentation: Catalan Romanesque Churches of the Vall de Bo\u00ed<\/em> (2020)<\/a><\/p><p>Chord\u00e1, Frederic. <a href=\"https:\/\/www.raco.cat\/index.php\/ButlletiRACBASJ\/article\/download\/252922\/339660\" target=\"_blank\" rel=\"noopener\"><em>Dios renovador del universo en el \u00e1bside de Sant Climent de Ta\u00fcll<\/em><\/a><\/p><p>Pag\u00e8s i Paretas, Montserrat (2013). <a href=\"https:\/\/www.raco.cat\/index.php\/AnuariVerdaguer\/article\/download\/279189\/367708\" target=\"_blank\" rel=\"noopener\"><em>Sant Climent de Ta\u00fcll: noves pintures, nova lectura<\/em><\/a><\/p><p>Marqu\u00e8s Balagu\u00e9, Merc\u00e8 (2016). <a href=\"https:\/\/www.tdx.cat\/handle\/10803\/399996#page=13\" target=\"_blank\" rel=\"noopener\"><em>Sant Climent de Ta\u00fcll: La restauraci\u00f3 de les pintures murals i les aportacions a l\u2019estudi del monument<\/em><\/a> (Tesi doctoral)<\/p><p>\u00cdbar i Torras, Elsa, Riu-Barrera, Eduard\u00a0 i Tarrida i Sugranyes, Eva. <a href=\"https:\/\/upcommons.upc.edu\/bitstream\/handle\/2099\/16413\/Ta%C3%BCllResumCurset.pdf\" target=\"_blank\" rel=\"noopener\"><em>Sant Climent de Ta\u00fcll # 1123. Noves estrat\u00e8gies de restituci\u00f3 i divulgaci\u00f3 del patrimoni a la Vall de Bo\u00ed <\/em><\/a><\/p><p>Guardia, Milagros i Lor\u00e9s, Immaculada (2020). <a href=\"https:\/\/books.google.es\/books?hl=ca&amp;lr=&amp;id=BVRBEAAAQBAJ&amp;oi=fnd&amp;pg=PA2&amp;dq=related:cxSKxldduKsJ:scholar.google.com\/&amp;ots=Zruyc7atpP&amp;sig=9pIqK6SF8P-YgixIxZP3rqgg8m4#v=onepage&amp;q&amp;f=false\" target=\"_blank\" rel=\"noopener\"><em>Sant Climent de Ta\u00fcll i la vall de Bo\u00ed<\/em><\/a><\/p><p>Castell\u00e0 Figuera, Cristina\u00a0 i Grifoll Men\u00e9ndez, Laia (2009). <a href=\"https:\/\/raco.cat\/index.php\/Hermus\/article\/view\/314667\/404825\" target=\"_blank\" rel=\"noopener\"><em>El conjunto rom\u00e1nico del valle de Bo\u00ed: patrimonio mundial en un entorno rural<\/em><\/a><\/p><p><strong>Santa Maria de Ta\u00fcll<\/strong><\/p><p><a href=\"https:\/\/www.centreromanic.com\/qui-som\/\" target=\"_blank\" rel=\"noopener\">centreromanic<\/a><\/p><p><a href=\"https:\/\/www.centreromanic.com\/wp-content\/uploads\/2022\/09\/Romanic-Vall-Boi-publicacio-catala.pdf\" target=\"_blank\" rel=\"noopener\">conjuntromanic<\/a><\/p><p><a href=\"https:\/\/www.vallboi.cat\/ca\/romanic\" target=\"_blank\" rel=\"noopener\">vallboi<\/a><\/p><p><a href=\"https:\/\/ca.wikipedia.org\/wiki\/Santa_Maria_de_Ta%C3%BCll\" target=\"_blank\" rel=\"noopener\">vikipedia<\/a><\/p><p><a href=\"https:\/\/www.catalunyamedieval.es\/esglesia-de-santa-maria-de-taull-la-vall-de-boi-alta-ribagorca\/\" target=\"_blank\" rel=\"noopener\">catalunyamedieval<\/a><\/p><p><a href=\"https:\/\/www.arteguias.com\/iglesia\/santamariataull.htm\" target=\"_blank\" rel=\"noopener\">arteguias<\/a><\/p><p><strong>Sant Quirc de Ta\u00fcll <\/strong><\/p><p><a href=\"https:\/\/ca.wikipedia.org\/wiki\/Sant_Quirc_de_Ta%C3%BCll\" target=\"_blank\" rel=\"noopener\">vikipedia<\/a><\/p><p><a href=\"https:\/\/www.catalunyamedieval.es\/ermita-de-sant-quirc-de-taull-la-vall-de-boi-alta-ribagorca\/\" target=\"_blank\" rel=\"noopener\">catalunyamedieval<\/a><\/p><p><a href=\"https:\/\/www.romanicodigital.com\/el-romanico\/imagenes-romanico\/vista-general-sant-quirc-taull\" target=\"_blank\" rel=\"noopener\">romanicodigital<\/a><\/p>\t\t\t\t\t\t\t\t<\/div>\n\t\t\t\t<\/div>\n\t\t\t\t<div class=\"elementor-element elementor-element-642727a6 elementor-widget elementor-widget-text-editor\" data-id=\"642727a6\" data-element_type=\"widget\" data-e-type=\"widget\" data-widget_type=\"text-editor.default\">\n\t\t\t\t<div class=\"elementor-widget-container\">\n\t\t\t\t\t\t\t\t\t<p><a href=\"https:\/\/www.elturistatranquil.com\/ca\/esglesies-romaniques-de-la-vall-de-boi-lleida-patrimoni-mundial-1\/\" target=\"_blank\" rel=\"noopener\"><strong>ANTERIOR<\/strong><\/a>\u00a0 \u00a0 \u00a0 \u00a0 \u00a0 \u00a0 \u00a0 \u00a0 \u00a0 \u00a0 \u00a0 \u00a0 \u00a0 \u00a0 \u00a0 \u00a0 \u00a0 \u00a0 \u00a0 \u00a0 \u00a0 \u00a0 \u00a0 \u00a0 \u00a0 \u00a0 \u00a0 \u00a0 \u00a0 \u00a0 \u00a0 \u00a0 \u00a0 \u00a0 \u00a0 \u00a0 \u00a0 \u00a0 \u00a0 \u00a0 \u00a0 \u00a0 \u00a0 \u00a0 \u00a0 \u00a0 \u00a0 \u00a0 \u00a0 \u00a0 \u00a0 \u00a0 \u00a0 \u00a0 \u00a0 \u00a0 \u00a0 \u00a0 \u00a0 \u00a0 \u00a0 \u00a0 \u00a0 \u00a0 \u00a0 \u00a0 \u00a0 \u00a0<a href=\"https:\/\/www.elturistatranquil.com\/ca\/esglesies-romaniques-de-sant-joan-de-boi-i-santa-eulalia-derill-la-vall-la-vall-de-boi-3\/\" target=\"_blank\" rel=\"noopener\"><strong>SEG\u00dcENT<\/strong><\/a>\u00a0<\/p>\t\t\t\t\t\t\t\t<\/div>\n\t\t\t\t<\/div>\n\t\t\t\t\t<\/div>\n\t\t<\/div>\n\t\t\t\t\t<\/div>\n\t\t<\/section>\n\t\t\t\t<\/div>\n\t\t","protected":false},"excerpt":{"rendered":"<p>Comencem el recorregut per les esgl\u00e9sies rom\u00e0niques de la Vall de Bo\u00ed (Lleida) Patrimoni Mundial de la UNESCO, per les de Ta\u00fcll: Sant Climent i Santa Maria i per l&#8217;ermita &#8230; <a title=\"Esgl\u00e9sies rom\u00e0niques de Sant Climent, Santa Maria i Sant Quirc de Ta\u00fcll (La Vall de Bo\u00ed) (2)\" class=\"read-more\" href=\"https:\/\/www.elturistatranquil.com\/ca\/esglesies-romaniques-de-sant-climent-santa-maria-i-sant-quirc-de-taull-la-vall-de-boi-2\/\" aria-label=\"M\u00e9s informaci\u00f3 sobre Esgl\u00e9sies rom\u00e0niques de Sant Climent, Santa Maria i Sant Quirc de Ta\u00fcll (La Vall de Bo\u00ed) (2)\">[ &#8230; ]<\/a><\/p>\n","protected":false},"author":1,"featured_media":47591,"comment_status":"open","ping_status":"closed","sticky":false,"template":"","format":"standard","meta":{"footnotes":""},"categories":[72,74,78,145,83,87,128,208,104,30],"tags":[],"class_list":["post-47599","post","type-post","status-publish","format-standard","has-post-thumbnail","hentry","category-arquitectura-religiosa-ca","category-barroc","category-cultura-rural-ca","category-edat-mitjana","category-historia-ca","category-joies-al-territori","category-lleida-ca","category-patrimoni-mundial","category-preromanic-ca","category-uncategorized-ca","infinite-scroll-item","generate-columns","tablet-grid-50","mobile-grid-100","grid-parent","grid-50","no-featured-image-padding"],"yoast_head":"<!-- This site is optimized with the Yoast SEO plugin v27.4 - https:\/\/yoast.com\/product\/yoast-seo-wordpress\/ -->\n<title>Esgl\u00e9sies rom\u00e0niques de Sant Climent, Santa Maria i Sant Quirc de Ta\u00fcll (La Vall de Bo\u00ed) (2) - El turista tranquil<\/title>\n<meta name=\"description\" content=\"Comencem el recorregut per les esgl\u00e9sies rom\u00e0niques de la Vall de Bo\u00ed (Lleida) Patrimoni Mundial de la UNESCO, per les de Ta\u00fcll: Sant Climent i Santa Maria i per l&#039;ermita de Sant Quirc de Ta\u00fcll.\" \/>\n<meta name=\"robots\" content=\"index, follow, max-snippet:-1, max-image-preview:large, max-video-preview:-1\" \/>\n<link rel=\"canonical\" href=\"https:\/\/www.elturistatranquil.com\/ca\/esglesies-romaniques-de-sant-climent-santa-maria-i-sant-quirc-de-taull-la-vall-de-boi-2\/\" \/>\n<meta property=\"og:locale\" content=\"ca_ES\" \/>\n<meta property=\"og:type\" content=\"article\" \/>\n<meta property=\"og:title\" content=\"Esgl\u00e9sies rom\u00e0niques de Sant Climent, Santa Maria i Sant Quirc de Ta\u00fcll (La Vall de Bo\u00ed) (2) - El turista tranquil\" \/>\n<meta property=\"og:description\" content=\"Comencem el recorregut per les esgl\u00e9sies rom\u00e0niques de la Vall de Bo\u00ed (Lleida) Patrimoni Mundial de la UNESCO, per les de Ta\u00fcll: Sant Climent i Santa Maria i per l&#039;ermita de Sant Quirc de Ta\u00fcll.\" \/>\n<meta property=\"og:url\" content=\"https:\/\/www.elturistatranquil.com\/ca\/esglesies-romaniques-de-sant-climent-santa-maria-i-sant-quirc-de-taull-la-vall-de-boi-2\/\" \/>\n<meta property=\"og:site_name\" content=\"El turista tranquil\" \/>\n<meta property=\"article:publisher\" content=\"https:\/\/www.facebook.com\/elturistatranquilo\/\" \/>\n<meta property=\"article:published_time\" content=\"2023-06-24T16:18:25+00:00\" \/>\n<meta property=\"article:modified_time\" content=\"2023-08-24T10:48:43+00:00\" \/>\n<meta property=\"og:image\" content=\"https:\/\/www.elturistatranquil.com\/wp-content\/uploads\/F00-Santa-Maria-de-Taull.-Vall-de-boi-MNAC.jpg\" \/>\n\t<meta property=\"og:image:width\" content=\"768\" \/>\n\t<meta property=\"og:image:height\" content=\"512\" \/>\n\t<meta property=\"og:image:type\" content=\"image\/jpeg\" \/>\n<meta name=\"author\" content=\"admin\" \/>\n<meta name=\"twitter:card\" content=\"summary_large_image\" \/>\n<meta name=\"twitter:label1\" content=\"Escrit per\" \/>\n\t<meta name=\"twitter:data1\" content=\"admin\" \/>\n\t<meta name=\"twitter:label2\" content=\"Temps estimat de lectura\" \/>\n\t<meta name=\"twitter:data2\" content=\"67 minuts\" \/>\n<script type=\"application\/ld+json\" class=\"yoast-schema-graph\">{\"@context\":\"https:\\\/\\\/schema.org\",\"@graph\":[{\"@type\":\"Article\",\"@id\":\"https:\\\/\\\/www.elturistatranquil.com\\\/ca\\\/esglesies-romaniques-de-sant-climent-santa-maria-i-sant-quirc-de-taull-la-vall-de-boi-2\\\/#article\",\"isPartOf\":{\"@id\":\"https:\\\/\\\/www.elturistatranquil.com\\\/ca\\\/esglesies-romaniques-de-sant-climent-santa-maria-i-sant-quirc-de-taull-la-vall-de-boi-2\\\/\"},\"author\":{\"name\":\"admin\",\"@id\":\"https:\\\/\\\/www.elturistatranquil.com\\\/ca\\\/#\\\/schema\\\/person\\\/16f607c3079b96ed0c530a52e6b58bb5\"},\"headline\":\"Esgl\u00e9sies rom\u00e0niques de Sant Climent, Santa Maria i Sant Quirc de Ta\u00fcll (La Vall de Bo\u00ed) (2)\",\"datePublished\":\"2023-06-24T16:18:25+00:00\",\"dateModified\":\"2023-08-24T10:48:43+00:00\",\"mainEntityOfPage\":{\"@id\":\"https:\\\/\\\/www.elturistatranquil.com\\\/ca\\\/esglesies-romaniques-de-sant-climent-santa-maria-i-sant-quirc-de-taull-la-vall-de-boi-2\\\/\"},\"wordCount\":7774,\"commentCount\":0,\"image\":{\"@id\":\"https:\\\/\\\/www.elturistatranquil.com\\\/ca\\\/esglesies-romaniques-de-sant-climent-santa-maria-i-sant-quirc-de-taull-la-vall-de-boi-2\\\/#primaryimage\"},\"thumbnailUrl\":\"https:\\\/\\\/www.elturistatranquil.com\\\/wp-content\\\/uploads\\\/F00-Santa-Maria-de-Taull.-Vall-de-boi-MNAC.jpg\",\"articleSection\":[\"Arquitectura religiosa\",\"Barroc\",\"Cultura rural\",\"Edat mitjana\",\"Hist\u00f2ria\",\"Joies al territori\",\"Lleida\",\"Patrimoni mundial\",\"Rom\u00e0nic\",\"Uncategorized @ca\"],\"inLanguage\":\"ca\",\"potentialAction\":[{\"@type\":\"CommentAction\",\"name\":\"Comment\",\"target\":[\"https:\\\/\\\/www.elturistatranquil.com\\\/ca\\\/esglesies-romaniques-de-sant-climent-santa-maria-i-sant-quirc-de-taull-la-vall-de-boi-2\\\/#respond\"]}]},{\"@type\":\"WebPage\",\"@id\":\"https:\\\/\\\/www.elturistatranquil.com\\\/ca\\\/esglesies-romaniques-de-sant-climent-santa-maria-i-sant-quirc-de-taull-la-vall-de-boi-2\\\/\",\"url\":\"https:\\\/\\\/www.elturistatranquil.com\\\/ca\\\/esglesies-romaniques-de-sant-climent-santa-maria-i-sant-quirc-de-taull-la-vall-de-boi-2\\\/\",\"name\":\"Esgl\u00e9sies rom\u00e0niques de Sant Climent, Santa Maria i Sant Quirc de Ta\u00fcll (La Vall de Bo\u00ed) (2) - El turista tranquil\",\"isPartOf\":{\"@id\":\"https:\\\/\\\/www.elturistatranquil.com\\\/ca\\\/#website\"},\"primaryImageOfPage\":{\"@id\":\"https:\\\/\\\/www.elturistatranquil.com\\\/ca\\\/esglesies-romaniques-de-sant-climent-santa-maria-i-sant-quirc-de-taull-la-vall-de-boi-2\\\/#primaryimage\"},\"image\":{\"@id\":\"https:\\\/\\\/www.elturistatranquil.com\\\/ca\\\/esglesies-romaniques-de-sant-climent-santa-maria-i-sant-quirc-de-taull-la-vall-de-boi-2\\\/#primaryimage\"},\"thumbnailUrl\":\"https:\\\/\\\/www.elturistatranquil.com\\\/wp-content\\\/uploads\\\/F00-Santa-Maria-de-Taull.-Vall-de-boi-MNAC.jpg\",\"datePublished\":\"2023-06-24T16:18:25+00:00\",\"dateModified\":\"2023-08-24T10:48:43+00:00\",\"author\":{\"@id\":\"https:\\\/\\\/www.elturistatranquil.com\\\/ca\\\/#\\\/schema\\\/person\\\/16f607c3079b96ed0c530a52e6b58bb5\"},\"description\":\"Comencem el recorregut per les esgl\u00e9sies rom\u00e0niques de la Vall de Bo\u00ed (Lleida) Patrimoni Mundial de la UNESCO, per les de Ta\u00fcll: Sant Climent i Santa Maria i per l'ermita de Sant Quirc de Ta\u00fcll.\",\"breadcrumb\":{\"@id\":\"https:\\\/\\\/www.elturistatranquil.com\\\/ca\\\/esglesies-romaniques-de-sant-climent-santa-maria-i-sant-quirc-de-taull-la-vall-de-boi-2\\\/#breadcrumb\"},\"inLanguage\":\"ca\",\"potentialAction\":[{\"@type\":\"ReadAction\",\"target\":[\"https:\\\/\\\/www.elturistatranquil.com\\\/ca\\\/esglesies-romaniques-de-sant-climent-santa-maria-i-sant-quirc-de-taull-la-vall-de-boi-2\\\/\"]}]},{\"@type\":\"ImageObject\",\"inLanguage\":\"ca\",\"@id\":\"https:\\\/\\\/www.elturistatranquil.com\\\/ca\\\/esglesies-romaniques-de-sant-climent-santa-maria-i-sant-quirc-de-taull-la-vall-de-boi-2\\\/#primaryimage\",\"url\":\"https:\\\/\\\/www.elturistatranquil.com\\\/wp-content\\\/uploads\\\/F00-Santa-Maria-de-Taull.-Vall-de-boi-MNAC.jpg\",\"contentUrl\":\"https:\\\/\\\/www.elturistatranquil.com\\\/wp-content\\\/uploads\\\/F00-Santa-Maria-de-Taull.-Vall-de-boi-MNAC.jpg\",\"width\":768,\"height\":512,\"caption\":\"Santa Maria de Taull. Vall de boi, MNAC\"},{\"@type\":\"BreadcrumbList\",\"@id\":\"https:\\\/\\\/www.elturistatranquil.com\\\/ca\\\/esglesies-romaniques-de-sant-climent-santa-maria-i-sant-quirc-de-taull-la-vall-de-boi-2\\\/#breadcrumb\",\"itemListElement\":[{\"@type\":\"ListItem\",\"position\":1,\"name\":\"Portada\",\"item\":\"https:\\\/\\\/www.elturistatranquil.com\\\/ca\\\/\"},{\"@type\":\"ListItem\",\"position\":2,\"name\":\"Esgl\u00e9sies rom\u00e0niques de Sant Climent, Santa Maria i Sant Quirc de Ta\u00fcll (La Vall de Bo\u00ed) (2)\"}]},{\"@type\":\"WebSite\",\"@id\":\"https:\\\/\\\/www.elturistatranquil.com\\\/ca\\\/#website\",\"url\":\"https:\\\/\\\/www.elturistatranquil.com\\\/ca\\\/\",\"name\":\"El turista tranquil\",\"description\":\"Blog de viatges\",\"potentialAction\":[{\"@type\":\"SearchAction\",\"target\":{\"@type\":\"EntryPoint\",\"urlTemplate\":\"https:\\\/\\\/www.elturistatranquil.com\\\/ca\\\/?s={search_term_string}\"},\"query-input\":{\"@type\":\"PropertyValueSpecification\",\"valueRequired\":true,\"valueName\":\"search_term_string\"}}],\"inLanguage\":\"ca\"},{\"@type\":\"Person\",\"@id\":\"https:\\\/\\\/www.elturistatranquil.com\\\/ca\\\/#\\\/schema\\\/person\\\/16f607c3079b96ed0c530a52e6b58bb5\",\"name\":\"admin\",\"image\":{\"@type\":\"ImageObject\",\"inLanguage\":\"ca\",\"@id\":\"https:\\\/\\\/secure.gravatar.com\\\/avatar\\\/1fbaf22aee75fcbb29a2f97b107f95d25d3a19b7c3416105be10269872673e8d?s=96&d=mm&r=g\",\"url\":\"https:\\\/\\\/secure.gravatar.com\\\/avatar\\\/1fbaf22aee75fcbb29a2f97b107f95d25d3a19b7c3416105be10269872673e8d?s=96&d=mm&r=g\",\"contentUrl\":\"https:\\\/\\\/secure.gravatar.com\\\/avatar\\\/1fbaf22aee75fcbb29a2f97b107f95d25d3a19b7c3416105be10269872673e8d?s=96&d=mm&r=g\",\"caption\":\"admin\"}}]}<\/script>\n<!-- \/ Yoast SEO plugin. -->","yoast_head_json":{"title":"Esgl\u00e9sies rom\u00e0niques de Sant Climent, Santa Maria i Sant Quirc de Ta\u00fcll (La Vall de Bo\u00ed) (2) - El turista tranquil","description":"Comencem el recorregut per les esgl\u00e9sies rom\u00e0niques de la Vall de Bo\u00ed (Lleida) Patrimoni Mundial de la UNESCO, per les de Ta\u00fcll: Sant Climent i Santa Maria i per l'ermita de Sant Quirc de Ta\u00fcll.","robots":{"index":"index","follow":"follow","max-snippet":"max-snippet:-1","max-image-preview":"max-image-preview:large","max-video-preview":"max-video-preview:-1"},"canonical":"https:\/\/www.elturistatranquil.com\/ca\/esglesies-romaniques-de-sant-climent-santa-maria-i-sant-quirc-de-taull-la-vall-de-boi-2\/","og_locale":"ca_ES","og_type":"article","og_title":"Esgl\u00e9sies rom\u00e0niques de Sant Climent, Santa Maria i Sant Quirc de Ta\u00fcll (La Vall de Bo\u00ed) (2) - El turista tranquil","og_description":"Comencem el recorregut per les esgl\u00e9sies rom\u00e0niques de la Vall de Bo\u00ed (Lleida) Patrimoni Mundial de la UNESCO, per les de Ta\u00fcll: Sant Climent i Santa Maria i per l'ermita de Sant Quirc de Ta\u00fcll.","og_url":"https:\/\/www.elturistatranquil.com\/ca\/esglesies-romaniques-de-sant-climent-santa-maria-i-sant-quirc-de-taull-la-vall-de-boi-2\/","og_site_name":"El turista tranquil","article_publisher":"https:\/\/www.facebook.com\/elturistatranquilo\/","article_published_time":"2023-06-24T16:18:25+00:00","article_modified_time":"2023-08-24T10:48:43+00:00","og_image":[{"width":768,"height":512,"url":"https:\/\/www.elturistatranquil.com\/wp-content\/uploads\/F00-Santa-Maria-de-Taull.-Vall-de-boi-MNAC.jpg","type":"image\/jpeg"}],"author":"admin","twitter_card":"summary_large_image","twitter_misc":{"Escrit per":"admin","Temps estimat de lectura":"67 minuts"},"schema":{"@context":"https:\/\/schema.org","@graph":[{"@type":"Article","@id":"https:\/\/www.elturistatranquil.com\/ca\/esglesies-romaniques-de-sant-climent-santa-maria-i-sant-quirc-de-taull-la-vall-de-boi-2\/#article","isPartOf":{"@id":"https:\/\/www.elturistatranquil.com\/ca\/esglesies-romaniques-de-sant-climent-santa-maria-i-sant-quirc-de-taull-la-vall-de-boi-2\/"},"author":{"name":"admin","@id":"https:\/\/www.elturistatranquil.com\/ca\/#\/schema\/person\/16f607c3079b96ed0c530a52e6b58bb5"},"headline":"Esgl\u00e9sies rom\u00e0niques de Sant Climent, Santa Maria i Sant Quirc de Ta\u00fcll (La Vall de Bo\u00ed) (2)","datePublished":"2023-06-24T16:18:25+00:00","dateModified":"2023-08-24T10:48:43+00:00","mainEntityOfPage":{"@id":"https:\/\/www.elturistatranquil.com\/ca\/esglesies-romaniques-de-sant-climent-santa-maria-i-sant-quirc-de-taull-la-vall-de-boi-2\/"},"wordCount":7774,"commentCount":0,"image":{"@id":"https:\/\/www.elturistatranquil.com\/ca\/esglesies-romaniques-de-sant-climent-santa-maria-i-sant-quirc-de-taull-la-vall-de-boi-2\/#primaryimage"},"thumbnailUrl":"https:\/\/www.elturistatranquil.com\/wp-content\/uploads\/F00-Santa-Maria-de-Taull.-Vall-de-boi-MNAC.jpg","articleSection":["Arquitectura religiosa","Barroc","Cultura rural","Edat mitjana","Hist\u00f2ria","Joies al territori","Lleida","Patrimoni mundial","Rom\u00e0nic","Uncategorized @ca"],"inLanguage":"ca","potentialAction":[{"@type":"CommentAction","name":"Comment","target":["https:\/\/www.elturistatranquil.com\/ca\/esglesies-romaniques-de-sant-climent-santa-maria-i-sant-quirc-de-taull-la-vall-de-boi-2\/#respond"]}]},{"@type":"WebPage","@id":"https:\/\/www.elturistatranquil.com\/ca\/esglesies-romaniques-de-sant-climent-santa-maria-i-sant-quirc-de-taull-la-vall-de-boi-2\/","url":"https:\/\/www.elturistatranquil.com\/ca\/esglesies-romaniques-de-sant-climent-santa-maria-i-sant-quirc-de-taull-la-vall-de-boi-2\/","name":"Esgl\u00e9sies rom\u00e0niques de Sant Climent, Santa Maria i Sant Quirc de Ta\u00fcll (La Vall de Bo\u00ed) (2) - El turista tranquil","isPartOf":{"@id":"https:\/\/www.elturistatranquil.com\/ca\/#website"},"primaryImageOfPage":{"@id":"https:\/\/www.elturistatranquil.com\/ca\/esglesies-romaniques-de-sant-climent-santa-maria-i-sant-quirc-de-taull-la-vall-de-boi-2\/#primaryimage"},"image":{"@id":"https:\/\/www.elturistatranquil.com\/ca\/esglesies-romaniques-de-sant-climent-santa-maria-i-sant-quirc-de-taull-la-vall-de-boi-2\/#primaryimage"},"thumbnailUrl":"https:\/\/www.elturistatranquil.com\/wp-content\/uploads\/F00-Santa-Maria-de-Taull.-Vall-de-boi-MNAC.jpg","datePublished":"2023-06-24T16:18:25+00:00","dateModified":"2023-08-24T10:48:43+00:00","author":{"@id":"https:\/\/www.elturistatranquil.com\/ca\/#\/schema\/person\/16f607c3079b96ed0c530a52e6b58bb5"},"description":"Comencem el recorregut per les esgl\u00e9sies rom\u00e0niques de la Vall de Bo\u00ed (Lleida) Patrimoni Mundial de la UNESCO, per les de Ta\u00fcll: Sant Climent i Santa Maria i per l'ermita de Sant Quirc de Ta\u00fcll.","breadcrumb":{"@id":"https:\/\/www.elturistatranquil.com\/ca\/esglesies-romaniques-de-sant-climent-santa-maria-i-sant-quirc-de-taull-la-vall-de-boi-2\/#breadcrumb"},"inLanguage":"ca","potentialAction":[{"@type":"ReadAction","target":["https:\/\/www.elturistatranquil.com\/ca\/esglesies-romaniques-de-sant-climent-santa-maria-i-sant-quirc-de-taull-la-vall-de-boi-2\/"]}]},{"@type":"ImageObject","inLanguage":"ca","@id":"https:\/\/www.elturistatranquil.com\/ca\/esglesies-romaniques-de-sant-climent-santa-maria-i-sant-quirc-de-taull-la-vall-de-boi-2\/#primaryimage","url":"https:\/\/www.elturistatranquil.com\/wp-content\/uploads\/F00-Santa-Maria-de-Taull.-Vall-de-boi-MNAC.jpg","contentUrl":"https:\/\/www.elturistatranquil.com\/wp-content\/uploads\/F00-Santa-Maria-de-Taull.-Vall-de-boi-MNAC.jpg","width":768,"height":512,"caption":"Santa Maria de Taull. Vall de boi, MNAC"},{"@type":"BreadcrumbList","@id":"https:\/\/www.elturistatranquil.com\/ca\/esglesies-romaniques-de-sant-climent-santa-maria-i-sant-quirc-de-taull-la-vall-de-boi-2\/#breadcrumb","itemListElement":[{"@type":"ListItem","position":1,"name":"Portada","item":"https:\/\/www.elturistatranquil.com\/ca\/"},{"@type":"ListItem","position":2,"name":"Esgl\u00e9sies rom\u00e0niques de Sant Climent, Santa Maria i Sant Quirc de Ta\u00fcll (La Vall de Bo\u00ed) (2)"}]},{"@type":"WebSite","@id":"https:\/\/www.elturistatranquil.com\/ca\/#website","url":"https:\/\/www.elturistatranquil.com\/ca\/","name":"El turista tranquil","description":"Blog de viatges","potentialAction":[{"@type":"SearchAction","target":{"@type":"EntryPoint","urlTemplate":"https:\/\/www.elturistatranquil.com\/ca\/?s={search_term_string}"},"query-input":{"@type":"PropertyValueSpecification","valueRequired":true,"valueName":"search_term_string"}}],"inLanguage":"ca"},{"@type":"Person","@id":"https:\/\/www.elturistatranquil.com\/ca\/#\/schema\/person\/16f607c3079b96ed0c530a52e6b58bb5","name":"admin","image":{"@type":"ImageObject","inLanguage":"ca","@id":"https:\/\/secure.gravatar.com\/avatar\/1fbaf22aee75fcbb29a2f97b107f95d25d3a19b7c3416105be10269872673e8d?s=96&d=mm&r=g","url":"https:\/\/secure.gravatar.com\/avatar\/1fbaf22aee75fcbb29a2f97b107f95d25d3a19b7c3416105be10269872673e8d?s=96&d=mm&r=g","contentUrl":"https:\/\/secure.gravatar.com\/avatar\/1fbaf22aee75fcbb29a2f97b107f95d25d3a19b7c3416105be10269872673e8d?s=96&d=mm&r=g","caption":"admin"}}]}},"_links":{"self":[{"href":"https:\/\/www.elturistatranquil.com\/ca\/wp-json\/wp\/v2\/posts\/47599","targetHints":{"allow":["GET"]}}],"collection":[{"href":"https:\/\/www.elturistatranquil.com\/ca\/wp-json\/wp\/v2\/posts"}],"about":[{"href":"https:\/\/www.elturistatranquil.com\/ca\/wp-json\/wp\/v2\/types\/post"}],"author":[{"embeddable":true,"href":"https:\/\/www.elturistatranquil.com\/ca\/wp-json\/wp\/v2\/users\/1"}],"replies":[{"embeddable":true,"href":"https:\/\/www.elturistatranquil.com\/ca\/wp-json\/wp\/v2\/comments?post=47599"}],"version-history":[{"count":5,"href":"https:\/\/www.elturistatranquil.com\/ca\/wp-json\/wp\/v2\/posts\/47599\/revisions"}],"predecessor-version":[{"id":48739,"href":"https:\/\/www.elturistatranquil.com\/ca\/wp-json\/wp\/v2\/posts\/47599\/revisions\/48739"}],"wp:featuredmedia":[{"embeddable":true,"href":"https:\/\/www.elturistatranquil.com\/ca\/wp-json\/wp\/v2\/media\/47591"}],"wp:attachment":[{"href":"https:\/\/www.elturistatranquil.com\/ca\/wp-json\/wp\/v2\/media?parent=47599"}],"wp:term":[{"taxonomy":"category","embeddable":true,"href":"https:\/\/www.elturistatranquil.com\/ca\/wp-json\/wp\/v2\/categories?post=47599"},{"taxonomy":"post_tag","embeddable":true,"href":"https:\/\/www.elturistatranquil.com\/ca\/wp-json\/wp\/v2\/tags?post=47599"}],"curies":[{"name":"wp","href":"https:\/\/api.w.org\/{rel}","templated":true}]}}