{"id":4831,"date":"2018-05-23T16:51:20","date_gmt":"2018-05-23T14:51:20","guid":{"rendered":"https:\/\/www.elturistatranquil.com\/?p=4831"},"modified":"2018-12-29T12:33:53","modified_gmt":"2018-12-29T11:33:53","slug":"un-dia-a-terol","status":"publish","type":"post","link":"https:\/\/www.elturistatranquil.com\/ca\/un-dia-a-terol\/","title":{"rendered":"Un dia a Terol"},"content":{"rendered":"\t\t<div data-elementor-type=\"wp-post\" data-elementor-id=\"4831\" class=\"elementor elementor-4831 elementor-3563 elementor-bc-flex-widget\" data-elementor-post-type=\"post\">\n\t\t\t\t\t\t<section class=\"elementor-section elementor-top-section elementor-element elementor-element-6a761f1 elementor-section-boxed elementor-section-height-default elementor-section-height-default\" data-id=\"6a761f1\" data-element_type=\"section\" data-e-type=\"section\">\n\t\t\t\t\t\t<div class=\"elementor-container elementor-column-gap-default\">\n\t\t\t\t\t<div class=\"elementor-column elementor-col-100 elementor-top-column elementor-element elementor-element-53c9597e\" data-id=\"53c9597e\" data-element_type=\"column\" data-e-type=\"column\">\n\t\t\t<div class=\"elementor-widget-wrap elementor-element-populated\">\n\t\t\t\t\t\t<section class=\"elementor-section elementor-inner-section elementor-element elementor-element-2f27419a elementor-section-content-middle elementor-section-boxed elementor-section-height-default elementor-section-height-default\" data-id=\"2f27419a\" data-element_type=\"section\" data-e-type=\"section\">\n\t\t\t\t\t\t<div class=\"elementor-container elementor-column-gap-default\">\n\t\t\t\t\t<div class=\"elementor-column elementor-col-100 elementor-inner-column elementor-element elementor-element-74fa8059\" data-id=\"74fa8059\" data-element_type=\"column\" data-e-type=\"column\">\n\t\t\t<div class=\"elementor-widget-wrap elementor-element-populated\">\n\t\t\t\t\t\t<div class=\"elementor-element elementor-element-4ea1d82f elementor-widget elementor-widget-text-editor\" data-id=\"4ea1d82f\" data-element_type=\"widget\" data-e-type=\"widget\" data-widget_type=\"text-editor.default\">\n\t\t\t\t<div class=\"elementor-widget-container\">\n\t\t\t\t\t\t\t\t\t<p>Terol, la capital de prov\u00edncia amb menys poblaci\u00f3 d\u2019Espanya, \u00e9s una caixa de sorpreses. D\u2019estructura urbana medieval, compte amb un important llegat mud\u00e8jar i modernista, sobre una base de 250 milions d\u2019anys a <em>Din\u00f3polis<\/em>.<\/p>\t\t\t\t\t\t\t\t<\/div>\n\t\t\t\t<\/div>\n\t\t\t\t\t<\/div>\n\t\t<\/div>\n\t\t\t\t\t<\/div>\n\t\t<\/section>\n\t\t\t\t<div class=\"elementor-element elementor-element-7ac4c580 elementor-widget elementor-widget-heading\" data-id=\"7ac4c580\" data-element_type=\"widget\" data-e-type=\"widget\" data-widget_type=\"heading.default\">\n\t\t\t\t<div class=\"elementor-widget-container\">\n\t\t\t\t\t<h1 class=\"elementor-heading-title elementor-size-default\">Un dia a Terol<\/h1>\t\t\t\t<\/div>\n\t\t\t\t<\/div>\n\t\t\t\t\t<\/div>\n\t\t<\/div>\n\t\t\t\t\t<\/div>\n\t\t<\/section>\n\t\t\t\t<section class=\"elementor-section elementor-top-section elementor-element elementor-element-264f58c6 elementor-section-boxed elementor-section-height-default elementor-section-height-default\" data-id=\"264f58c6\" data-element_type=\"section\" data-e-type=\"section\">\n\t\t\t\t\t\t<div class=\"elementor-container elementor-column-gap-default\">\n\t\t\t\t\t<div class=\"elementor-column elementor-col-100 elementor-top-column elementor-element elementor-element-fec1295\" data-id=\"fec1295\" data-element_type=\"column\" data-e-type=\"column\">\n\t\t\t<div class=\"elementor-widget-wrap elementor-element-populated\">\n\t\t\t\t\t\t<div class=\"elementor-element elementor-element-775b59c0 elementor-widget elementor-widget-image\" data-id=\"775b59c0\" data-element_type=\"widget\" data-e-type=\"widget\" data-widget_type=\"image.default\">\n\t\t\t\t<div class=\"elementor-widget-container\">\n\t\t\t\t\t\t\t\t\t\t\t\t<figure class=\"wp-caption\">\n\t\t\t\t\t\t\t\t\t\t<img fetchpriority=\"high\" decoding=\"async\" width=\"800\" height=\"524\" src=\"https:\/\/www.elturistatranquil.com\/wp-content\/uploads\/F01-Teruel-centro-hist\u00f3rico-Google-earth-2018-05-18.jpg\" class=\"attachment-large size-large wp-image-3578\" alt=\"Teruel, centro hist\u00f3rico -(Google earth 2018-05-18)\" srcset=\"https:\/\/www.elturistatranquil.com\/wp-content\/uploads\/F01-Teruel-centro-hist\u00f3rico-Google-earth-2018-05-18.jpg 800w, https:\/\/www.elturistatranquil.com\/wp-content\/uploads\/F01-Teruel-centro-hist\u00f3rico-Google-earth-2018-05-18-768x503.jpg 768w\" sizes=\"(max-width: 800px) 100vw, 800px\" \/>\t\t\t\t\t\t\t\t\t\t\t<figcaption class=\"widget-image-caption wp-caption-text\">Terol, centre hist\u00f2ric (Google earth 2018-0521)<\/figcaption>\n\t\t\t\t\t\t\t\t\t\t<\/figure>\n\t\t\t\t\t\t\t\t\t<\/div>\n\t\t\t\t<\/div>\n\t\t\t\t<div class=\"elementor-element elementor-element-4126e781 elementor-widget elementor-widget-spacer\" data-id=\"4126e781\" data-element_type=\"widget\" data-e-type=\"widget\" data-widget_type=\"spacer.default\">\n\t\t\t\t<div class=\"elementor-widget-container\">\n\t\t\t\t\t\t\t<div class=\"elementor-spacer\">\n\t\t\t<div class=\"elementor-spacer-inner\"><\/div>\n\t\t<\/div>\n\t\t\t\t\t\t<\/div>\n\t\t\t\t<\/div>\n\t\t\t\t<div class=\"elementor-element elementor-element-68581eb5 elementor-widget elementor-widget-heading\" data-id=\"68581eb5\" data-element_type=\"widget\" data-e-type=\"widget\" data-widget_type=\"heading.default\">\n\t\t\t\t<div class=\"elementor-widget-container\">\n\t\t\t\t\t<h2 class=\"elementor-heading-title elementor-size-default\">Un dia a Terol<\/h2>\t\t\t\t<\/div>\n\t\t\t\t<\/div>\n\t\t\t\t<section class=\"elementor-section elementor-inner-section elementor-element elementor-element-381744ef elementor-section-boxed elementor-section-height-default elementor-section-height-default\" data-id=\"381744ef\" data-element_type=\"section\" data-e-type=\"section\" data-settings=\"{&quot;background_background&quot;:&quot;classic&quot;}\">\n\t\t\t\t\t\t<div class=\"elementor-container elementor-column-gap-default\">\n\t\t\t\t\t<div class=\"elementor-column elementor-col-100 elementor-inner-column elementor-element elementor-element-2941cefe\" data-id=\"2941cefe\" data-element_type=\"column\" data-e-type=\"column\" data-settings=\"{&quot;background_background&quot;:&quot;classic&quot;}\">\n\t\t\t<div class=\"elementor-widget-wrap elementor-element-populated\">\n\t\t\t\t\t\t<div class=\"elementor-element elementor-element-7a747d37 elementor-widget elementor-widget-text-editor\" data-id=\"7a747d37\" data-element_type=\"widget\" data-e-type=\"widget\" data-widget_type=\"text-editor.default\">\n\t\t\t\t<div class=\"elementor-widget-container\">\n\t\t\t\t\t\t\t\t\t<p>Terol.\u00a0 Comarca: Comunidad de Teruel.\u00a0 Provincia: Terol. Com. Aut\u00f2noma: Arag\u00f3<\/p>\t\t\t\t\t\t\t\t<\/div>\n\t\t\t\t<\/div>\n\t\t\t\t<div class=\"elementor-element elementor-element-6cfc2efb elementor-widget elementor-widget-text-editor\" data-id=\"6cfc2efb\" data-element_type=\"widget\" data-e-type=\"widget\" data-widget_type=\"text-editor.default\">\n\t\t\t\t<div class=\"elementor-widget-container\">\n\t\t\t\t\t\t\t\t\t<p>Coordenades: 40\u00b020\u203237\u2033N 1\u00b006\u203226\u2033O. Altitud: 915 msnm. Poblaci\u00f3: 35.484 habitants (2017)<\/p>\t\t\t\t\t\t\t\t<\/div>\n\t\t\t\t<\/div>\n\t\t\t\t<div class=\"elementor-element elementor-element-75809530 elementor-widget elementor-widget-text-editor\" data-id=\"75809530\" data-element_type=\"widget\" data-e-type=\"widget\" data-widget_type=\"text-editor.default\">\n\t\t\t\t<div class=\"elementor-widget-container\">\n\t\t\t\t\t\t\t\t\t<p>Web: <a href=\"http:\/\/www.turismo.teruel.es\/\" target=\"_blank\" rel=\"noopener\">Ayuntamiento<\/a><\/p>\t\t\t\t\t\t\t\t<\/div>\n\t\t\t\t<\/div>\n\t\t\t\t<div class=\"elementor-element elementor-element-77a32f95 elementor-widget elementor-widget-text-editor\" data-id=\"77a32f95\" data-element_type=\"widget\" data-e-type=\"widget\" data-widget_type=\"text-editor.default\">\n\t\t\t\t<div class=\"elementor-widget-container\">\n\t\t\t\t\t\t\t\t\t<p>Visita: 2018<\/p>\t\t\t\t\t\t\t\t<\/div>\n\t\t\t\t<\/div>\n\t\t\t\t\t<\/div>\n\t\t<\/div>\n\t\t\t\t\t<\/div>\n\t\t<\/section>\n\t\t\t\t<div class=\"elementor-element elementor-element-10dfd79d elementor-widget elementor-widget-image\" data-id=\"10dfd79d\" data-element_type=\"widget\" data-e-type=\"widget\" data-widget_type=\"image.default\">\n\t\t\t\t<div class=\"elementor-widget-container\">\n\t\t\t\t\t\t\t\t\t\t\t\t<figure class=\"wp-caption\">\n\t\t\t\t\t\t\t\t\t\t<img decoding=\"async\" width=\"768\" height=\"551\" src=\"https:\/\/www.elturistatranquil.com\/wp-content\/uploads\/F02-Posici\u00f3n-estrat\u00e8gica-de-Teruel-en-la-Edad-Media-Google-maps-2018-05-21-768x551.jpg\" class=\"attachment-medium_large size-medium_large wp-image-3579\" alt=\"\" srcset=\"https:\/\/www.elturistatranquil.com\/wp-content\/uploads\/F02-Posici\u00f3n-estrat\u00e8gica-de-Teruel-en-la-Edad-Media-Google-maps-2018-05-21-768x551.jpg 768w, https:\/\/www.elturistatranquil.com\/wp-content\/uploads\/F02-Posici\u00f3n-estrat\u00e8gica-de-Teruel-en-la-Edad-Media-Google-maps-2018-05-21.jpg 800w\" sizes=\"(max-width: 768px) 100vw, 768px\" \/>\t\t\t\t\t\t\t\t\t\t\t<figcaption class=\"widget-image-caption wp-caption-text\">Terol es va situar a l\u2019edat mitjana en una cru\u00eflla de passos fronterers (1092) (Google maps 2018-05-21)<\/figcaption>\n\t\t\t\t\t\t\t\t\t\t<\/figure>\n\t\t\t\t\t\t\t\t\t<\/div>\n\t\t\t\t<\/div>\n\t\t\t\t<section class=\"elementor-section elementor-inner-section elementor-element elementor-element-4eeb4bb3 elementor-section-boxed elementor-section-height-default elementor-section-height-default\" data-id=\"4eeb4bb3\" data-element_type=\"section\" data-e-type=\"section\" data-settings=\"{&quot;background_background&quot;:&quot;classic&quot;}\">\n\t\t\t\t\t\t<div class=\"elementor-container elementor-column-gap-default\">\n\t\t\t\t\t<div class=\"elementor-column elementor-col-100 elementor-inner-column elementor-element elementor-element-5131f968\" data-id=\"5131f968\" data-element_type=\"column\" data-e-type=\"column\">\n\t\t\t<div class=\"elementor-widget-wrap elementor-element-populated\">\n\t\t\t\t\t\t<div class=\"elementor-element elementor-element-2189daf3 elementor-widget elementor-widget-text-editor\" data-id=\"2189daf3\" data-element_type=\"widget\" data-e-type=\"widget\" data-widget_type=\"text-editor.default\">\n\t\t\t\t<div class=\"elementor-widget-container\">\n\t\t\t\t\t\t\t\t\t<h6 style=\"padding-left: 270px;\"><strong>\u00cdndex<\/strong><\/h6>\t\t\t\t\t\t\t\t<\/div>\n\t\t\t\t<\/div>\n\t\t\t\t<div class=\"elementor-element elementor-element-14ad1ede elementor-widget elementor-widget-text-editor\" data-id=\"14ad1ede\" data-element_type=\"widget\" data-e-type=\"widget\" data-widget_type=\"text-editor.default\">\n\t\t\t\t<div class=\"elementor-widget-container\">\n\t\t\t\t\t\t\t\t\t<p><a href=\"https:\/\/www.elturistatranquil.com\/ca\/un-dia-a-terol\/#c1001\" data-wplink-edit=\"true\">Un dia a Terol<\/a><\/p>\t\t\t\t\t\t\t\t<\/div>\n\t\t\t\t<\/div>\n\t\t\t\t<div class=\"elementor-element elementor-element-7970eef7 elementor-widget elementor-widget-text-editor\" data-id=\"7970eef7\" data-element_type=\"widget\" data-e-type=\"widget\" data-widget_type=\"text-editor.default\">\n\t\t\t\t<div class=\"elementor-widget-container\">\n\t\t\t\t\t\t\t\t\t<p><a href=\"https:\/\/www.elturistatranquil.com\/ca\/un-dia-a-terol\/#c1002\">L&#8217;origen estrat\u00e8gic-militar de la localitzaci\u00f3 de la ciutat<\/a><\/p>\t\t\t\t\t\t\t\t<\/div>\n\t\t\t\t<\/div>\n\t\t\t\t<div class=\"elementor-element elementor-element-7cba6c84 elementor-widget elementor-widget-text-editor\" data-id=\"7cba6c84\" data-element_type=\"widget\" data-e-type=\"widget\" data-widget_type=\"text-editor.default\">\n\t\t\t\t<div class=\"elementor-widget-container\">\n\t\t\t\t\t\t\t\t\t<p><a href=\"https:\/\/www.elturistatranquil.com\/ca\/un-dia-a-terol\/#c1003\">La visita a la ciutat<\/a><\/p>\t\t\t\t\t\t\t\t<\/div>\n\t\t\t\t<\/div>\n\t\t\t\t<div class=\"elementor-element elementor-element-d907313 elementor-widget elementor-widget-text-editor\" data-id=\"d907313\" data-element_type=\"widget\" data-e-type=\"widget\" data-widget_type=\"text-editor.default\">\n\t\t\t\t<div class=\"elementor-widget-container\">\n\t\t\t\t\t\t\t\t\t<p><a href=\"https:\/\/www.elturistatranquil.com\/ca\/un-dia-a-terol\/#c1004\">Arquitectura mud\u00e8jar<\/a><\/p>\t\t\t\t\t\t\t\t<\/div>\n\t\t\t\t<\/div>\n\t\t\t\t<div class=\"elementor-element elementor-element-1c11d403 elementor-widget elementor-widget-text-editor\" data-id=\"1c11d403\" data-element_type=\"widget\" data-e-type=\"widget\" data-widget_type=\"text-editor.default\">\n\t\t\t\t<div class=\"elementor-widget-container\">\n\t\t\t\t\t\t\t\t\t<p style=\"padding-left: 60px;\"><a href=\"https:\/\/www.elturistatranquil.com\/ca\/un-dia-a-terol\/#c1005\">Torre campanar del segle XIII i Esgl\u00e9sia de San Pedro<\/a><\/p>\t\t\t\t\t\t\t\t<\/div>\n\t\t\t\t<\/div>\n\t\t\t\t<div class=\"elementor-element elementor-element-5f31f181 elementor-widget elementor-widget-text-editor\" data-id=\"5f31f181\" data-element_type=\"widget\" data-e-type=\"widget\" data-widget_type=\"text-editor.default\">\n\t\t\t\t<div class=\"elementor-widget-container\">\n\t\t\t\t\t\t\t\t\t<p style=\"padding-left: 60px;\"><a href=\"https:\/\/www.elturistatranquil.com\/ca\/un-dia-a-terol\/#c1006\">Torre campanar de la Catedral de Santa Mar\u00eda de Mediavilla del segle XIII<\/a><\/p>\t\t\t\t\t\t\t\t<\/div>\n\t\t\t\t<\/div>\n\t\t\t\t<div class=\"elementor-element elementor-element-44e3ba10 elementor-widget elementor-widget-text-editor\" data-id=\"44e3ba10\" data-element_type=\"widget\" data-e-type=\"widget\" data-widget_type=\"text-editor.default\">\n\t\t\t\t<div class=\"elementor-widget-container\">\n\t\t\t\t\t\t\t\t\t<p style=\"padding-left: 60px;\"><a href=\"https:\/\/www.elturistatranquil.com\/ca\/un-dia-a-terol\/#c1007\">Torre de l\u2019esgl\u00e9sia de San Salvador del segle XIV<\/a><\/p>\t\t\t\t\t\t\t\t<\/div>\n\t\t\t\t<\/div>\n\t\t\t\t<div class=\"elementor-element elementor-element-113db443 elementor-widget elementor-widget-text-editor\" data-id=\"113db443\" data-element_type=\"widget\" data-e-type=\"widget\" data-widget_type=\"text-editor.default\">\n\t\t\t\t<div class=\"elementor-widget-container\">\n\t\t\t\t\t\t\t\t\t<p style=\"padding-left: 60px;\"><a href=\"https:\/\/www.elturistatranquil.com\/ca\/un-dia-a-terol\/#c1008\">Torre de l\u2019esgl\u00e9sia San Mart\u00edn del segle XIV<\/a><\/p>\t\t\t\t\t\t\t\t<\/div>\n\t\t\t\t<\/div>\n\t\t\t\t<div class=\"elementor-element elementor-element-459eab09 elementor-widget elementor-widget-text-editor\" data-id=\"459eab09\" data-element_type=\"widget\" data-e-type=\"widget\" data-widget_type=\"text-editor.default\">\n\t\t\t\t<div class=\"elementor-widget-container\">\n\t\t\t\t\t\t\t\t\t<p><a href=\"https:\/\/www.elturistatranquil.com\/ca\/un-dia-a-terol\/#c1009\">Del Renaixement al segle XIX<\/a><\/p>\t\t\t\t\t\t\t\t<\/div>\n\t\t\t\t<\/div>\n\t\t\t\t<div class=\"elementor-element elementor-element-2bed508 elementor-widget elementor-widget-text-editor\" data-id=\"2bed508\" data-element_type=\"widget\" data-e-type=\"widget\" data-widget_type=\"text-editor.default\">\n\t\t\t\t<div class=\"elementor-widget-container\">\n\t\t\t\t\t\t\t\t\t<p><a href=\"https:\/\/www.elturistatranquil.com\/ca\/un-dia-a-terol\/#c1010\">Modernisme i arquitectura neomud\u00e8jar<\/a><\/p>\t\t\t\t\t\t\t\t<\/div>\n\t\t\t\t<\/div>\n\t\t\t\t<div class=\"elementor-element elementor-element-6f6963d3 elementor-widget elementor-widget-text-editor\" data-id=\"6f6963d3\" data-element_type=\"widget\" data-e-type=\"widget\" data-widget_type=\"text-editor.default\">\n\t\t\t\t<div class=\"elementor-widget-container\">\n\t\t\t\t\t\t\t\t\t<p><a href=\"https:\/\/www.elturistatranquil.com\/ca\/un-dia-a-terol\/#c1011\">Els amants de Terol<\/a><\/p>\t\t\t\t\t\t\t\t<\/div>\n\t\t\t\t<\/div>\n\t\t\t\t<div class=\"elementor-element elementor-element-b8bb118 elementor-widget elementor-widget-text-editor\" data-id=\"b8bb118\" data-element_type=\"widget\" data-e-type=\"widget\" data-widget_type=\"text-editor.default\">\n\t\t\t\t<div class=\"elementor-widget-container\">\n\t\t\t\t\t\t\t\t\t<p><a href=\"https:\/\/www.elturistatranquil.com\/ca\/un-dia-a-terol\/#c1012\">Din\u00f3polis i el Museu Paleontol\u00f2gic de Terol<\/a><\/p>\t\t\t\t\t\t\t\t<\/div>\n\t\t\t\t<\/div>\n\t\t\t\t<div class=\"elementor-element elementor-element-51dd02d8 elementor-widget elementor-widget-text-editor\" data-id=\"51dd02d8\" data-element_type=\"widget\" data-e-type=\"widget\" data-widget_type=\"text-editor.default\">\n\t\t\t\t<div class=\"elementor-widget-container\">\n\t\t\t\t\t\t\t\t\t<p><a href=\"https:\/\/www.elturistatranquil.com\/ca\/un-dia-a-terol\/#c1013\">Fi de la visita<\/a><\/p>\t\t\t\t\t\t\t\t<\/div>\n\t\t\t\t<\/div>\n\t\t\t\t<div class=\"elementor-element elementor-element-6f47ba08 elementor-widget elementor-widget-text-editor\" data-id=\"6f47ba08\" data-element_type=\"widget\" data-e-type=\"widget\" data-widget_type=\"text-editor.default\">\n\t\t\t\t<div class=\"elementor-widget-container\">\n\t\t\t\t\t\t\t\t\t<p><a href=\"https:\/\/www.elturistatranquil.com\/ca\/un-dia-a-terol\/#c1014\">Bases d\u2019informaci\u00f3<\/a><\/p>\t\t\t\t\t\t\t\t<\/div>\n\t\t\t\t<\/div>\n\t\t\t\t\t<\/div>\n\t\t<\/div>\n\t\t\t\t\t<\/div>\n\t\t<\/section>\n\t\t\t\t<div class=\"elementor-element elementor-element-7d12d5ad elementor-widget elementor-widget-spacer\" data-id=\"7d12d5ad\" data-element_type=\"widget\" data-e-type=\"widget\" data-widget_type=\"spacer.default\">\n\t\t\t\t<div class=\"elementor-widget-container\">\n\t\t\t\t\t\t\t<div class=\"elementor-spacer\">\n\t\t\t<div class=\"elementor-spacer-inner\"><\/div>\n\t\t<\/div>\n\t\t\t\t\t\t<\/div>\n\t\t\t\t<\/div>\n\t\t\t\t<div class=\"elementor-element elementor-element-4bf5bf38 elementor-widget elementor-widget-menu-anchor\" data-id=\"4bf5bf38\" data-element_type=\"widget\" data-e-type=\"widget\" data-widget_type=\"menu-anchor.default\">\n\t\t\t\t<div class=\"elementor-widget-container\">\n\t\t\t\t\t\t\t<div class=\"elementor-menu-anchor\" id=\"c1001\"><\/div>\n\t\t\t\t\t\t<\/div>\n\t\t\t\t<\/div>\n\t\t\t\t<div class=\"elementor-element elementor-element-75999ae5 elementor-widget elementor-widget-menu-anchor\" data-id=\"75999ae5\" data-element_type=\"widget\" data-e-type=\"widget\" data-widget_type=\"menu-anchor.default\">\n\t\t\t\t<div class=\"elementor-widget-container\">\n\t\t\t\t\t\t\t<div class=\"elementor-menu-anchor\" id=\"a0101-EnlaceaunpuntodentrodelPost\"><\/div>\n\t\t\t\t\t\t<\/div>\n\t\t\t\t<\/div>\n\t\t\t\t<div class=\"elementor-element elementor-element-4a145e3a elementor-widget elementor-widget-heading\" data-id=\"4a145e3a\" data-element_type=\"widget\" data-e-type=\"widget\" data-widget_type=\"heading.default\">\n\t\t\t\t<div class=\"elementor-widget-container\">\n\t\t\t\t\t<h2 class=\"elementor-heading-title elementor-size-default\">Un dia a Terol<\/h2>\t\t\t\t<\/div>\n\t\t\t\t<\/div>\n\t\t\t\t<div class=\"elementor-element elementor-element-73c6c1d6 elementor-widget elementor-widget-menu-anchor\" data-id=\"73c6c1d6\" data-element_type=\"widget\" data-e-type=\"widget\" data-widget_type=\"menu-anchor.default\">\n\t\t\t\t<div class=\"elementor-widget-container\">\n\t\t\t\t\t\t\t<div class=\"elementor-menu-anchor\" id=\"c1002\"><\/div>\n\t\t\t\t\t\t<\/div>\n\t\t\t\t<\/div>\n\t\t\t\t<div class=\"elementor-element elementor-element-5bcb90ce elementor-widget elementor-widget-text-editor\" data-id=\"5bcb90ce\" data-element_type=\"widget\" data-e-type=\"widget\" data-widget_type=\"text-editor.default\">\n\t\t\t\t<div class=\"elementor-widget-container\">\n\t\t\t\t\t\t\t\t\t<p>Avui passar\u00e9 el dia a la ciutat de Terol, capital de la prov\u00edncia m\u00e9s meridional de la Comunitat Aut\u00f2noma d\u2019Arag\u00f3, al sud del sistema Ib\u00e8ric, a una altitud mitja de 915 msnm.<\/p><p>Encara que hi ha vestigis m\u00e9s antics, el Terol actual parteix de l\u2019any 1171 quan \u00e9s reconquistada per Alfons II d\u2019Arag\u00f3 i la trasllada a la seva ubicaci\u00f3 actual. Per potenciar el repoblament se li van concedir furs i privilegis, mantenint una \u00e0mplia conviv\u00e8ncia entre cristians, jueus i moc\u00e0rabs.<\/p>\t\t\t\t\t\t\t\t<\/div>\n\t\t\t\t<\/div>\n\t\t\t\t<div class=\"elementor-element elementor-element-fb945ac elementor-widget elementor-widget-heading\" data-id=\"fb945ac\" data-element_type=\"widget\" data-e-type=\"widget\" data-widget_type=\"heading.default\">\n\t\t\t\t<div class=\"elementor-widget-container\">\n\t\t\t\t\t<h2 class=\"elementor-heading-title elementor-size-default\">L'origen estrat\u00e8gic-militar de la localitzaci\u00f3 de la ciutat<\/h2>\t\t\t\t<\/div>\n\t\t\t\t<\/div>\n\t\t\t\t<div class=\"elementor-element elementor-element-26b3b1ba elementor-widget elementor-widget-text-editor\" data-id=\"26b3b1ba\" data-element_type=\"widget\" data-e-type=\"widget\" data-widget_type=\"text-editor.default\">\n\t\t\t\t<div class=\"elementor-widget-container\">\n\t\t\t\t\t\t\t\t\t<p>La ciutat de Terol neix per a la hist\u00f2ria en el ter\u00e7 final del segle XII, en una cru\u00eflla de passos fronterers entre el regne cristi\u00e0 d&#8217;Arag\u00f3 i el regne musulm\u00e0 de Val\u00e8ncia.<\/p><p>\u00c9s una pobla, dotada de <em>Furs<\/em> i assentada en una \u00e0rea de turmentada geografia a la part alta d&#8217;una mola. Amb una trama reticulada de carrers s&#8217;envolta i \u00e0mplia un nucli preexistent de poblaci\u00f3 \u00e0rab, que apareix ja citat amb aquest mateix nom de Terol cap al 1092, en el <em>Poema del Cid<\/em>. En la ubicaci\u00f3 i les traces d&#8217;aquest poblament es troba la clau del seu paisatge urb\u00e0 i dels seus valors ambientals. La instal\u00b7laci\u00f3 de la ciutat per raons estrat\u00e8giques a la part alta d&#8217;una &#8220;mola&#8221; envoltada de barrancs, proporciona una &#8220;visi\u00f3 dram\u00e0tica&#8221; de les seves \u00e0rees de vora. Ja a l&#8217;interior del nucli urb\u00e0 la singular ubicaci\u00f3 de les Torres mud\u00e8jars en funci\u00f3 de la defensa i control del seu paisatge, caracteritzat per una s\u00e8rie de seq\u00fc\u00e8ncies i l\u00ednies d&#8217;aproximaci\u00f3, al llarg d&#8217;eixos formats per carrers i places, on l&#8217;arrencada o rematada final sempre \u00e9s una torre mud\u00e8jar.<\/p><p>A partir de la seva fundaci\u00f3 la ciutat cristiana s&#8217;organitza en nou parr\u00f2quies, cadascuna d&#8217;elles encarregada de la vigil\u00e0ncia i control d&#8217;una \u00e0rea urbana, amb obligaci\u00f3 de crear una torre de vigil\u00e0ncia i mantenir guaites. Aquestes primitives torres de vela marquen les pautes per al tra\u00e7at reticular de carrers.<\/p>\t\t\t\t\t\t\t\t<\/div>\n\t\t\t\t<\/div>\n\t\t\t\t<div class=\"elementor-element elementor-element-622f425c elementor-widget elementor-widget-image\" data-id=\"622f425c\" data-element_type=\"widget\" data-e-type=\"widget\" data-widget_type=\"image.default\">\n\t\t\t\t<div class=\"elementor-widget-container\">\n\t\t\t\t\t\t\t\t\t\t\t\t<figure class=\"wp-caption\">\n\t\t\t\t\t\t\t\t\t\t<img decoding=\"async\" width=\"603\" height=\"700\" src=\"https:\/\/www.elturistatranquil.com\/wp-content\/uploads\/F03-Teruel-medieval.jpg\" class=\"attachment-large size-large wp-image-3580\" alt=\"Teruel medieval\" \/>\t\t\t\t\t\t\t\t\t\t\t<figcaption class=\"widget-image-caption wp-caption-text\">Terol medieval emmurallat<\/figcaption>\n\t\t\t\t\t\t\t\t\t\t<\/figure>\n\t\t\t\t\t\t\t\t\t<\/div>\n\t\t\t\t<\/div>\n\t\t\t\t<div class=\"elementor-element elementor-element-2bd4783 elementor-widget elementor-widget-text-editor\" data-id=\"2bd4783\" data-element_type=\"widget\" data-e-type=\"widget\" data-widget_type=\"text-editor.default\">\n\t\t\t\t<div class=\"elementor-widget-container\">\n\t\t\t\t\t\t\t\t\t<p>A mitjan segle XIV, quan la vila de Terol \u00e9s declarada ciutat, apareix ja consolidada la trama urbana dins el recinte emmurallat que tanca la plana superior de la mola.<\/p><p>Amb l&#8217;avan\u00e7 de la frontera, Terol es transforma de ciutat militar a ciutat mercantil i, encara que a petita escala, a ciutat fabril.<\/p><p>Amb el segle XV comen\u00e7a una s\u00e8rie de crisis, seguides de per\u00edodes d&#8217;estabilitat o desenvolupament. Al comen\u00e7ament del segle XVIII la ciutat encara no ha desbordat els seus murs.<\/p><p>El comen\u00e7ament del segle XIX suposa per a totes les ciutats de l&#8217;interior l&#8217;inici d&#8217;una crisi econ\u00f2mica arran de l&#8217;enfonsament de la ind\u00fastria tradicional, agreujada per les guerres napole\u00f2niques. A meitat del XIX, la concessi\u00f3 de la capitalitat provincial inicia un lent proc\u00e9s de recuperaci\u00f3, acompanyat d&#8217;importants reformes urbanes i es comen\u00e7a a enderrocar la muralla.<\/p><p>A l&#8217;any 1936, amb motiu de la guerra interior espanyola, Terol recupera el seu inicial car\u00e0cter de cru\u00eflla estrat\u00e8gic-militar. Despr\u00e9s de tres anys de combats i bombardejos, la tercera part dels seus edificis va quedar redu\u00efda a enderrocs, i un altre ter\u00e7 va patir grans danys.<\/p><p>Els anys seg\u00fcents es produiran reformes molt importants, fins arribar a la ciutat actual.<\/p><p>A l\u2019actualitat, amb 35.484 habitants (2017, \u00e9s la capital de prov\u00edncia amb menor nombre d\u2019habitants i amb tend\u00e8ncia decreixent.<\/p>\t\t\t\t\t\t\t\t<\/div>\n\t\t\t\t<\/div>\n\t\t\t\t<div class=\"elementor-element elementor-element-4784472c elementor-widget elementor-widget-menu-anchor\" data-id=\"4784472c\" data-element_type=\"widget\" data-e-type=\"widget\" data-widget_type=\"menu-anchor.default\">\n\t\t\t\t<div class=\"elementor-widget-container\">\n\t\t\t\t\t\t\t<div class=\"elementor-menu-anchor\" id=\"c1003\"><\/div>\n\t\t\t\t\t\t<\/div>\n\t\t\t\t<\/div>\n\t\t\t\t<div class=\"elementor-element elementor-element-33eb391d elementor-widget elementor-widget-text-editor\" data-id=\"33eb391d\" data-element_type=\"widget\" data-e-type=\"widget\" data-widget_type=\"text-editor.default\">\n\t\t\t\t<div class=\"elementor-widget-container\">\n\t\t\t\t\t\t\t\t\t<p>Els serveis i el turisme, i en menor grau la ind\u00fastria agroaliment\u00e0ria i l\u2019auxiliar de l\u2019autom\u00f2bil, conformen la base econ\u00f2mica del municipi. Torna a perdre el seu paper estrat\u00e8gic i queda allunyada dels eixos de comunicacions i de desenvolupament fonamentals de la Pen\u00ednsula. De fet, nom\u00e9s te comunicaci\u00f3 directe dins de l\u2019eix Saragossa-Val\u00e8ncia.<\/p><p>Aquesta situaci\u00f3 marginal \u00e9s que ha portat a l\u2019esl\u00f2gan reivindicatiu de la seva marginalitat en forma de \u201c<strong>Teruel tambi\u00e9n existe<\/strong>\u201d (Terol tamb\u00e9 existeix).<\/p>\t\t\t\t\t\t\t\t<\/div>\n\t\t\t\t<\/div>\n\t\t\t\t<div class=\"elementor-element elementor-element-15746974 elementor-widget elementor-widget-heading\" data-id=\"15746974\" data-element_type=\"widget\" data-e-type=\"widget\" data-widget_type=\"heading.default\">\n\t\t\t\t<div class=\"elementor-widget-container\">\n\t\t\t\t\t<h2 class=\"elementor-heading-title elementor-size-default\">La visita a la ciutat<\/h2>\t\t\t\t<\/div>\n\t\t\t\t<\/div>\n\t\t\t\t<div class=\"elementor-element elementor-element-5e04e99a elementor-widget elementor-widget-image\" data-id=\"5e04e99a\" data-element_type=\"widget\" data-e-type=\"widget\" data-widget_type=\"image.default\">\n\t\t\t\t<div class=\"elementor-widget-container\">\n\t\t\t\t\t\t\t\t\t\t\t\t<figure class=\"wp-caption\">\n\t\t\t\t\t\t\t\t\t\t<img loading=\"lazy\" decoding=\"async\" width=\"595\" height=\"700\" src=\"https:\/\/www.elturistatranquil.com\/wp-content\/uploads\/F03-Teruel-Plano-centro-hist\u00f3rico.jpg\" class=\"attachment-large size-large wp-image-3581\" alt=\"Teruel Plano centro hist\u00f3rico\" \/>\t\t\t\t\t\t\t\t\t\t\t<figcaption class=\"widget-image-caption wp-caption-text\">Pl\u00e0nol del centre hist\u00f2ric de Terol amb lletres de refer\u00e8ncia per al text<\/figcaption>\n\t\t\t\t\t\t\t\t\t\t<\/figure>\n\t\t\t\t\t\t\t\t\t<\/div>\n\t\t\t\t<\/div>\n\t\t\t\t<div class=\"elementor-element elementor-element-28a03038 elementor-widget elementor-widget-menu-anchor\" data-id=\"28a03038\" data-element_type=\"widget\" data-e-type=\"widget\" data-widget_type=\"menu-anchor.default\">\n\t\t\t\t<div class=\"elementor-widget-container\">\n\t\t\t\t\t\t\t<div class=\"elementor-menu-anchor\" id=\"c1004\"><\/div>\n\t\t\t\t\t\t<\/div>\n\t\t\t\t<\/div>\n\t\t\t\t<div class=\"elementor-element elementor-element-7669b2a6 elementor-widget elementor-widget-text-editor\" data-id=\"7669b2a6\" data-element_type=\"widget\" data-e-type=\"widget\" data-widget_type=\"text-editor.default\">\n\t\t\t\t<div class=\"elementor-widget-container\">\n\t\t\t\t\t\t\t\t\t<p>La ciutat de Terol, i el seu entorn, mereixen una visita per gaudir d\u2019una ciutat tranquil\u00b7la i amb \u00a0atractius arquitect\u00f2nics molt particulars.<\/p><p>L\u2019estada es pot completar amb una visita a\u00a0<a href=\"http:\/\/www.dinopolis.com\" target=\"_blank\" rel=\"noopener\"><em>Din\u00f3polis<\/em><\/a>, parc tem\u00e0tic paleontol\u00f2gic amb seu a Terol capital\u00a0 (a uns 3 km del centre de la ciutat) i altres sit museus ubicats en altres tantes localitats de la prov\u00edncia.<\/p><p>La presentaci\u00f3 que far\u00e9 a continuaci\u00f3 no seguir\u00e0 un itinerari urb\u00e0 continu, sin\u00f3 que assenyalar\u00e9 ells llocs de visita per estils arquitect\u00f2nics per intentar donar una certa coher\u00e8ncia al discurs.<\/p><p>La proximitat entre unes i altres edificacions no far\u00e0 dif\u00edcil el seu seguiment amb un pl\u00e0nol tur\u00edstic b\u00e0sic.<\/p>\t\t\t\t\t\t\t\t<\/div>\n\t\t\t\t<\/div>\n\t\t\t\t<div class=\"elementor-element elementor-element-1e8e57ca elementor-widget elementor-widget-heading\" data-id=\"1e8e57ca\" data-element_type=\"widget\" data-e-type=\"widget\" data-widget_type=\"heading.default\">\n\t\t\t\t<div class=\"elementor-widget-container\">\n\t\t\t\t\t<h2 class=\"elementor-heading-title elementor-size-default\">Arquitectura mud\u00e8jar<\/h2>\t\t\t\t<\/div>\n\t\t\t\t<\/div>\n\t\t\t\t<div class=\"elementor-element elementor-element-5f9df8e5 elementor-widget elementor-widget-text-editor\" data-id=\"5f9df8e5\" data-element_type=\"widget\" data-e-type=\"widget\" data-widget_type=\"text-editor.default\">\n\t\t\t\t<div class=\"elementor-widget-container\">\n\t\t\t\t\t\t\t\t\t<p>L\u2019arquitectura mud\u00e8jar aporta el component arquitect\u00f2nic m\u00e9s important del contingut de la ciutat i el que l\u2019ha portat a formar part de la consideraci\u00f3 de <em>Patrimoni de la UNESCO<\/em>.<\/p><p>El paper dels mud\u00e8jars va ser essencial en el desenvolupament de l\u2019arquitectura mud\u00e8jar com a s\u00edntesi o fusi\u00f3 entre les arquitectures cristianes rom\u00e0nica i g\u00f2tica i la musulmana de encaixos de maons del m\u00f3n taifa i almohade. El resultat va ser un model arquitect\u00f2nic exclusiu de certes zones de la Pen\u00ednsula Ib\u00e8rica en el proc\u00e9s de reconquesta (sobretot a les Castelles i l\u2019Arag\u00f3). La seva especificitat \u00e9s la que va justificar, com deia, la consideraci\u00f3 del mud\u00e8jar d\u2019Arag\u00f3 com a Patrimoni Cultural de la Humanitat per la UNESCO el 1986.<\/p><p>L&#8217;origen hist\u00f2ric-social del mud\u00e8jar cal buscar-lo en l&#8217;avan\u00e7 de la reconquesta lleonesa, castellana i aragonesa que va suposar la incorporaci\u00f3 de territoris amb poblaci\u00f3 musulmana que va restar al lloc, i que van aportar el seu saber en el camp de diverses arts a la construcci\u00f3 de temples cristians a partir del segle XII.<\/p><p>En ess\u00e8ncia es tracta d\u2019edificacions que segueixen el patr\u00f3 de l\u2019arquitectura rom\u00e0nica o g\u00f2tica per\u00f2 utilitzant el ma\u00f3 en substituci\u00f3 de la pedra tallada.<\/p><p>En el cas del mud\u00e8jar aragon\u00e8s aporta com a elements originals una decoraci\u00f3 mural exterior de maons m\u00e9s complexa, format dibuixos, la incorporaci\u00f3 de cer\u00e0mica vidriada en forma de rajoles, plats circulars i troncs de les columnes, en colors blanc, verd i rosat.<\/p>\t\t\t\t\t\t\t\t<\/div>\n\t\t\t\t<\/div>\n\t\t\t\t<div class=\"elementor-element elementor-element-47b88c13 elementor-widget elementor-widget-image\" data-id=\"47b88c13\" data-element_type=\"widget\" data-e-type=\"widget\" data-widget_type=\"image.default\">\n\t\t\t\t<div class=\"elementor-widget-container\">\n\t\t\t\t\t\t\t\t\t\t\t\t<figure class=\"wp-caption\">\n\t\t\t\t\t\t\t\t\t\t<img loading=\"lazy\" decoding=\"async\" width=\"800\" height=\"533\" src=\"https:\/\/www.elturistatranquil.com\/wp-content\/uploads\/F04-Torre-de-San-Pedro-Teruel.jpg\" class=\"attachment-large size-large wp-image-3582\" alt=\"\" srcset=\"https:\/\/www.elturistatranquil.com\/wp-content\/uploads\/F04-Torre-de-San-Pedro-Teruel.jpg 800w, https:\/\/www.elturistatranquil.com\/wp-content\/uploads\/F04-Torre-de-San-Pedro-Teruel-768x512.jpg 768w\" sizes=\"(max-width: 800px) 100vw, 800px\" \/>\t\t\t\t\t\t\t\t\t\t\t<figcaption class=\"widget-image-caption wp-caption-text\">Dibuixos amb els maons als murs exteriors a la Torre de San Pedro<\/figcaption>\n\t\t\t\t\t\t\t\t\t\t<\/figure>\n\t\t\t\t\t\t\t\t\t<\/div>\n\t\t\t\t<\/div>\n\t\t\t\t<div class=\"elementor-element elementor-element-2bea4c93 elementor-widget elementor-widget-image\" data-id=\"2bea4c93\" data-element_type=\"widget\" data-e-type=\"widget\" data-widget_type=\"image.default\">\n\t\t\t\t<div class=\"elementor-widget-container\">\n\t\t\t\t\t\t\t\t\t\t\t\t<figure class=\"wp-caption\">\n\t\t\t\t\t\t\t\t\t\t<img loading=\"lazy\" decoding=\"async\" width=\"800\" height=\"533\" src=\"https:\/\/www.elturistatranquil.com\/wp-content\/uploads\/F05Torre-de-S.-Mart\u00edn.jpg\" class=\"attachment-large size-large wp-image-3583\" alt=\"Torre de San Mart\u00edn Teruel\" srcset=\"https:\/\/www.elturistatranquil.com\/wp-content\/uploads\/F05Torre-de-S.-Mart\u00edn.jpg 800w, https:\/\/www.elturistatranquil.com\/wp-content\/uploads\/F05Torre-de-S.-Mart\u00edn-768x512.jpg 768w\" sizes=\"(max-width: 800px) 100vw, 800px\" \/>\t\t\t\t\t\t\t\t\t\t\t<figcaption class=\"widget-image-caption wp-caption-text\">Cer\u00e0mica vidriada en forma de plats, rajoles i troncs de les columnes a la Torre de San Mart\u00edn<\/figcaption>\n\t\t\t\t\t\t\t\t\t\t<\/figure>\n\t\t\t\t\t\t\t\t\t<\/div>\n\t\t\t\t<\/div>\n\t\t\t\t<div class=\"elementor-element elementor-element-76e4fc1 elementor-widget elementor-widget-image\" data-id=\"76e4fc1\" data-element_type=\"widget\" data-e-type=\"widget\" data-widget_type=\"image.default\">\n\t\t\t\t<div class=\"elementor-widget-container\">\n\t\t\t\t\t\t\t\t\t\t\t\t<figure class=\"wp-caption\">\n\t\t\t\t\t\t\t\t\t\t<img loading=\"lazy\" decoding=\"async\" width=\"367\" height=\"550\" src=\"https:\/\/www.elturistatranquil.com\/wp-content\/uploads\/F06-Torre-de-San-Pedro-Teruel.jpg\" class=\"attachment-large size-large wp-image-3584\" alt=\"Torre de San Pedro Teruel\" \/>\t\t\t\t\t\t\t\t\t\t\t<figcaption class=\"widget-image-caption wp-caption-text\">Troncs cer\u00e0mics a la Torre de San Pedro<\/figcaption>\n\t\t\t\t\t\t\t\t\t\t<\/figure>\n\t\t\t\t\t\t\t\t\t<\/div>\n\t\t\t\t<\/div>\n\t\t\t\t<div class=\"elementor-element elementor-element-2407554e elementor-widget elementor-widget-menu-anchor\" data-id=\"2407554e\" data-element_type=\"widget\" data-e-type=\"widget\" data-widget_type=\"menu-anchor.default\">\n\t\t\t\t<div class=\"elementor-widget-container\">\n\t\t\t\t\t\t\t<div class=\"elementor-menu-anchor\" id=\"c1005\"><\/div>\n\t\t\t\t\t\t<\/div>\n\t\t\t\t<\/div>\n\t\t\t\t<div class=\"elementor-element elementor-element-74cc71fe elementor-widget elementor-widget-text-editor\" data-id=\"74cc71fe\" data-element_type=\"widget\" data-e-type=\"widget\" data-widget_type=\"text-editor.default\">\n\t\t\t\t<div class=\"elementor-widget-container\">\n\t\t\t\t\t\t\t\t\t<p>El fet singular \u00e9s que es tracta d\u2019obres religioses cristianes constru\u00efdes per musulmans.<\/p><p>En far\u00e9 una breu descripci\u00f3 seguint l\u2019ordre del moment de la seva construcci\u00f3 als segles XIII i XIV.<\/p>\t\t\t\t\t\t\t\t<\/div>\n\t\t\t\t<\/div>\n\t\t\t\t<div class=\"elementor-element elementor-element-24eda3b9 elementor-widget elementor-widget-heading\" data-id=\"24eda3b9\" data-element_type=\"widget\" data-e-type=\"widget\" data-widget_type=\"heading.default\">\n\t\t\t\t<div class=\"elementor-widget-container\">\n\t\t\t\t\t<h3 class=\"elementor-heading-title elementor-size-default\">Torre campanar del segle XIII i Esgl\u00e9sia de San Pedro (A)<\/h3>\t\t\t\t<\/div>\n\t\t\t\t<\/div>\n\t\t\t\t<div class=\"elementor-element elementor-element-38203df6 elementor-widget elementor-widget-text-editor\" data-id=\"38203df6\" data-element_type=\"widget\" data-e-type=\"widget\" data-widget_type=\"text-editor.default\">\n\t\t\t\t<div class=\"elementor-widget-container\">\n\t\t\t\t\t\t\t\t\t<p>La torre de San Pedro \u00e9s de planta rectangular. Respon al model de torre-porta. \u00c9s obra del segle XIII i forma part del conjunt mud\u00e8jar reconegut per la UNESCO.<\/p>\t\t\t\t\t\t\t\t<\/div>\n\t\t\t\t<\/div>\n\t\t\t\t<div class=\"elementor-element elementor-element-47958e33 elementor-widget elementor-widget-image\" data-id=\"47958e33\" data-element_type=\"widget\" data-e-type=\"widget\" data-widget_type=\"image.default\">\n\t\t\t\t<div class=\"elementor-widget-container\">\n\t\t\t\t\t\t\t\t\t\t\t\t\t\t\t<img loading=\"lazy\" decoding=\"async\" width=\"417\" height=\"550\" src=\"https:\/\/www.elturistatranquil.com\/wp-content\/uploads\/F07-Torre-de-San-Pedro-Teruel.jpg\" class=\"attachment-large size-large wp-image-3585\" alt=\"\" \/>\t\t\t\t\t\t\t\t\t\t\t\t\t\t\t<\/div>\n\t\t\t\t<\/div>\n\t\t\t\t<div class=\"elementor-element elementor-element-a5673ee elementor-widget elementor-widget-image\" data-id=\"a5673ee\" data-element_type=\"widget\" data-e-type=\"widget\" data-widget_type=\"image.default\">\n\t\t\t\t<div class=\"elementor-widget-container\">\n\t\t\t\t\t\t\t\t\t\t\t\t\t\t\t<img loading=\"lazy\" decoding=\"async\" width=\"800\" height=\"533\" src=\"https:\/\/www.elturistatranquil.com\/wp-content\/uploads\/F08b-Torre-de-San-Pedro-Teruel.jpg\" class=\"attachment-large size-large wp-image-3586\" alt=\"\" srcset=\"https:\/\/www.elturistatranquil.com\/wp-content\/uploads\/F08b-Torre-de-San-Pedro-Teruel.jpg 800w, https:\/\/www.elturistatranquil.com\/wp-content\/uploads\/F08b-Torre-de-San-Pedro-Teruel-768x512.jpg 768w\" sizes=\"(max-width: 800px) 100vw, 800px\" \/>\t\t\t\t\t\t\t\t\t\t\t\t\t\t\t<\/div>\n\t\t\t\t<\/div>\n\t\t\t\t<div class=\"elementor-element elementor-element-16cd7207 elementor-widget elementor-widget-text-editor\" data-id=\"16cd7207\" data-element_type=\"widget\" data-e-type=\"widget\" data-widget_type=\"text-editor.default\">\n\t\t\t\t<div class=\"elementor-widget-container\">\n\t\t\t\t\t\t\t\t\t<p>De la seva decoraci\u00f3 exterior destaca l&#8217;absis, de set costats, decorat amb franges d&#8217;arcs mixtilinis i incrustacions cer\u00e0miques. Sobre la seva coberta hi trobem sis torretes de planta octogonal, decorades amb cer\u00e0mica estelada.<\/p>\t\t\t\t\t\t\t\t<\/div>\n\t\t\t\t<\/div>\n\t\t\t\t<div class=\"elementor-element elementor-element-6fa7f64e elementor-widget elementor-widget-image\" data-id=\"6fa7f64e\" data-element_type=\"widget\" data-e-type=\"widget\" data-widget_type=\"image.default\">\n\t\t\t\t<div class=\"elementor-widget-container\">\n\t\t\t\t\t\t\t\t\t\t\t\t\t\t\t<img loading=\"lazy\" decoding=\"async\" width=\"800\" height=\"533\" src=\"https:\/\/www.elturistatranquil.com\/wp-content\/uploads\/F09-Iglesia-de-San-Pedro-Teruel.jpg\" class=\"attachment-large size-large wp-image-3587\" alt=\"Iglesia de San Pedro Teruel\" srcset=\"https:\/\/www.elturistatranquil.com\/wp-content\/uploads\/F09-Iglesia-de-San-Pedro-Teruel.jpg 800w, https:\/\/www.elturistatranquil.com\/wp-content\/uploads\/F09-Iglesia-de-San-Pedro-Teruel-768x512.jpg 768w\" sizes=\"(max-width: 800px) 100vw, 800px\" \/>\t\t\t\t\t\t\t\t\t\t\t\t\t\t\t<\/div>\n\t\t\t\t<\/div>\n\t\t\t\t<div class=\"elementor-element elementor-element-2cfa334a elementor-widget elementor-widget-image\" data-id=\"2cfa334a\" data-element_type=\"widget\" data-e-type=\"widget\" data-widget_type=\"image.default\">\n\t\t\t\t<div class=\"elementor-widget-container\">\n\t\t\t\t\t\t\t\t\t\t\t\t\t\t\t<img loading=\"lazy\" decoding=\"async\" width=\"800\" height=\"533\" src=\"https:\/\/www.elturistatranquil.com\/wp-content\/uploads\/F10-Iglesia-de-San-Pedro-Teruel.jpg\" class=\"attachment-large size-large wp-image-3588\" alt=\"Iglesia de San Pedro Teruel\" srcset=\"https:\/\/www.elturistatranquil.com\/wp-content\/uploads\/F10-Iglesia-de-San-Pedro-Teruel.jpg 800w, https:\/\/www.elturistatranquil.com\/wp-content\/uploads\/F10-Iglesia-de-San-Pedro-Teruel-768x512.jpg 768w\" sizes=\"(max-width: 800px) 100vw, 800px\" \/>\t\t\t\t\t\t\t\t\t\t\t\t\t\t\t<\/div>\n\t\t\t\t<\/div>\n\t\t\t\t<div class=\"elementor-element elementor-element-39b3bc94 elementor-widget elementor-widget-image\" data-id=\"39b3bc94\" data-element_type=\"widget\" data-e-type=\"widget\" data-widget_type=\"image.default\">\n\t\t\t\t<div class=\"elementor-widget-container\">\n\t\t\t\t\t\t\t\t\t\t\t\t\t\t\t<img loading=\"lazy\" decoding=\"async\" width=\"800\" height=\"533\" src=\"https:\/\/www.elturistatranquil.com\/wp-content\/uploads\/F11-Iglesia-de-San-Pedro-Teruel.jpg\" class=\"attachment-large size-large wp-image-3589\" alt=\"Iglesia de San Pedro Teruel\" srcset=\"https:\/\/www.elturistatranquil.com\/wp-content\/uploads\/F11-Iglesia-de-San-Pedro-Teruel.jpg 800w, https:\/\/www.elturistatranquil.com\/wp-content\/uploads\/F11-Iglesia-de-San-Pedro-Teruel-768x512.jpg 768w\" sizes=\"(max-width: 800px) 100vw, 800px\" \/>\t\t\t\t\t\t\t\t\t\t\t\t\t\t\t<\/div>\n\t\t\t\t<\/div>\n\t\t\t\t<div class=\"elementor-element elementor-element-500b425b elementor-widget elementor-widget-text-editor\" data-id=\"500b425b\" data-element_type=\"widget\" data-e-type=\"widget\" data-widget_type=\"text-editor.default\">\n\t\t\t\t<div class=\"elementor-widget-container\">\n\t\t\t\t\t\t\t\t\t<p>Com a tret singular del mud\u00e8jar aragon\u00e8s, posseeix un <em>\u00e1ndito<\/em> (andador) que envolta la nau i l&#8217;absis com un cam\u00ed de ronda.<\/p>\t\t\t\t\t\t\t\t<\/div>\n\t\t\t\t<\/div>\n\t\t\t\t<div class=\"elementor-element elementor-element-45de983b elementor-widget elementor-widget-image\" data-id=\"45de983b\" data-element_type=\"widget\" data-e-type=\"widget\" data-widget_type=\"image.default\">\n\t\t\t\t<div class=\"elementor-widget-container\">\n\t\t\t\t\t\t\t\t\t\t\t\t<figure class=\"wp-caption\">\n\t\t\t\t\t\t\t\t\t\t<img loading=\"lazy\" decoding=\"async\" width=\"800\" height=\"533\" src=\"https:\/\/www.elturistatranquil.com\/wp-content\/uploads\/F12-Iglesia-de-San-Pedro-Teruel.jpg\" class=\"attachment-large size-large wp-image-3590\" alt=\"Iglesia de San Pedro Teruel\" srcset=\"https:\/\/www.elturistatranquil.com\/wp-content\/uploads\/F12-Iglesia-de-San-Pedro-Teruel.jpg 800w, https:\/\/www.elturistatranquil.com\/wp-content\/uploads\/F12-Iglesia-de-San-Pedro-Teruel-768x512.jpg 768w\" sizes=\"(max-width: 800px) 100vw, 800px\" \/>\t\t\t\t\t\t\t\t\t\t\t<figcaption class=\"widget-image-caption wp-caption-text\">Obertures de pas de l\u2019andador que voreja l\u2019exterior elevat de l\u2019Esgl\u00e9sia<\/figcaption>\n\t\t\t\t\t\t\t\t\t\t<\/figure>\n\t\t\t\t\t\t\t\t\t<\/div>\n\t\t\t\t<\/div>\n\t\t\t\t<div class=\"elementor-element elementor-element-5d0b5eba elementor-widget elementor-widget-image\" data-id=\"5d0b5eba\" data-element_type=\"widget\" data-e-type=\"widget\" data-widget_type=\"image.default\">\n\t\t\t\t<div class=\"elementor-widget-container\">\n\t\t\t\t\t\t\t\t\t\t\t\t<figure class=\"wp-caption\">\n\t\t\t\t\t\t\t\t\t\t<img loading=\"lazy\" decoding=\"async\" width=\"800\" height=\"533\" src=\"https:\/\/www.elturistatranquil.com\/wp-content\/uploads\/F13-Torre-de-San-Pedro-Teruel.jpg\" class=\"attachment-large size-large wp-image-3591\" alt=\"Torre de San Pedro Teruel\" srcset=\"https:\/\/www.elturistatranquil.com\/wp-content\/uploads\/F13-Torre-de-San-Pedro-Teruel.jpg 800w, https:\/\/www.elturistatranquil.com\/wp-content\/uploads\/F13-Torre-de-San-Pedro-Teruel-768x512.jpg 768w\" sizes=\"(max-width: 800px) 100vw, 800px\" \/>\t\t\t\t\t\t\t\t\t\t\t<figcaption class=\"widget-image-caption wp-caption-text\">Campanes de la torre de San Pedro<\/figcaption>\n\t\t\t\t\t\t\t\t\t\t<\/figure>\n\t\t\t\t\t\t\t\t\t<\/div>\n\t\t\t\t<\/div>\n\t\t\t\t<div class=\"elementor-element elementor-element-6e6795b4 elementor-widget elementor-widget-image\" data-id=\"6e6795b4\" data-element_type=\"widget\" data-e-type=\"widget\" data-widget_type=\"image.default\">\n\t\t\t\t<div class=\"elementor-widget-container\">\n\t\t\t\t\t\t\t\t\t\t\t\t<figure class=\"wp-caption\">\n\t\t\t\t\t\t\t\t\t\t<img loading=\"lazy\" decoding=\"async\" width=\"800\" height=\"533\" src=\"https:\/\/www.elturistatranquil.com\/wp-content\/uploads\/F14-Torre-de-San-Pedro-Teruel.jpg\" class=\"attachment-large size-large wp-image-3592\" alt=\"Torre de San Pedro Teruel\" srcset=\"https:\/\/www.elturistatranquil.com\/wp-content\/uploads\/F14-Torre-de-San-Pedro-Teruel.jpg 800w, https:\/\/www.elturistatranquil.com\/wp-content\/uploads\/F14-Torre-de-San-Pedro-Teruel-768x512.jpg 768w\" sizes=\"(max-width: 800px) 100vw, 800px\" \/>\t\t\t\t\t\t\t\t\t\t\t<figcaption class=\"widget-image-caption wp-caption-text\">Capitell a les finestres superiors de la torre de San Pedro<\/figcaption>\n\t\t\t\t\t\t\t\t\t\t<\/figure>\n\t\t\t\t\t\t\t\t\t<\/div>\n\t\t\t\t<\/div>\n\t\t\t\t<div class=\"elementor-element elementor-element-79692189 elementor-widget elementor-widget-text-editor\" data-id=\"79692189\" data-element_type=\"widget\" data-e-type=\"widget\" data-widget_type=\"text-editor.default\">\n\t\t\t\t<div class=\"elementor-widget-container\">\n\t\t\t\t\t\t\t\t\t<p>L&#8217;Esgl\u00e9sia de San Pedro es va construir al llarg del segle XIV i la seva estructura \u00e9s d&#8217;una sola nau amb capelles laterals.<\/p><p>L&#8217;interior del temple va ser decorat entre 1896 i 1902 en estil modernista neomud\u00e8jar per <em>Pablo Mongui\u00f3 Segura<\/em> i l&#8217;artista pl\u00e0stic <em>Salvador Gisbert<\/em>.<\/p>\t\t\t\t\t\t\t\t<\/div>\n\t\t\t\t<\/div>\n\t\t\t\t<div class=\"elementor-element elementor-element-5d63352b elementor-widget elementor-widget-image\" data-id=\"5d63352b\" data-element_type=\"widget\" data-e-type=\"widget\" data-widget_type=\"image.default\">\n\t\t\t\t<div class=\"elementor-widget-container\">\n\t\t\t\t\t\t\t\t\t\t\t\t\t\t\t<img loading=\"lazy\" decoding=\"async\" width=\"800\" height=\"600\" src=\"https:\/\/www.elturistatranquil.com\/wp-content\/uploads\/F15-Iglesia-de-San-Pedro-Teruel.jpg\" class=\"attachment-large size-large wp-image-3593\" alt=\"Iglesia de San Pedro Teruel\" srcset=\"https:\/\/www.elturistatranquil.com\/wp-content\/uploads\/F15-Iglesia-de-San-Pedro-Teruel.jpg 800w, https:\/\/www.elturistatranquil.com\/wp-content\/uploads\/F15-Iglesia-de-San-Pedro-Teruel-768x576.jpg 768w\" sizes=\"(max-width: 800px) 100vw, 800px\" \/>\t\t\t\t\t\t\t\t\t\t\t\t\t\t\t<\/div>\n\t\t\t\t<\/div>\n\t\t\t\t<div class=\"elementor-element elementor-element-42b1e3f7 elementor-widget elementor-widget-image\" data-id=\"42b1e3f7\" data-element_type=\"widget\" data-e-type=\"widget\" data-widget_type=\"image.default\">\n\t\t\t\t<div class=\"elementor-widget-container\">\n\t\t\t\t\t\t\t\t\t\t\t\t\t\t\t<img loading=\"lazy\" decoding=\"async\" width=\"800\" height=\"600\" src=\"https:\/\/www.elturistatranquil.com\/wp-content\/uploads\/F16-Iglesia-de-San-Pedro-Teruel.jpg\" class=\"attachment-large size-large wp-image-3594\" alt=\"Iglesia de San Pedro Teruel\" srcset=\"https:\/\/www.elturistatranquil.com\/wp-content\/uploads\/F16-Iglesia-de-San-Pedro-Teruel.jpg 800w, https:\/\/www.elturistatranquil.com\/wp-content\/uploads\/F16-Iglesia-de-San-Pedro-Teruel-768x576.jpg 768w\" sizes=\"(max-width: 800px) 100vw, 800px\" \/>\t\t\t\t\t\t\t\t\t\t\t\t\t\t\t<\/div>\n\t\t\t\t<\/div>\n\t\t\t\t<div class=\"elementor-element elementor-element-191c5536 elementor-widget elementor-widget-image\" data-id=\"191c5536\" data-element_type=\"widget\" data-e-type=\"widget\" data-widget_type=\"image.default\">\n\t\t\t\t<div class=\"elementor-widget-container\">\n\t\t\t\t\t\t\t\t\t\t\t\t\t\t\t<img loading=\"lazy\" decoding=\"async\" width=\"733\" height=\"550\" src=\"https:\/\/www.elturistatranquil.com\/wp-content\/uploads\/F17-Iglesia-de-San-Pedro-Teruel.jpg\" class=\"attachment-large size-large wp-image-3595\" alt=\"\" \/>\t\t\t\t\t\t\t\t\t\t\t\t\t\t\t<\/div>\n\t\t\t\t<\/div>\n\t\t\t\t<div class=\"elementor-element elementor-element-47af826f elementor-widget elementor-widget-image\" data-id=\"47af826f\" data-element_type=\"widget\" data-e-type=\"widget\" data-widget_type=\"image.default\">\n\t\t\t\t<div class=\"elementor-widget-container\">\n\t\t\t\t\t\t\t\t\t\t\t\t\t\t\t<img loading=\"lazy\" decoding=\"async\" width=\"733\" height=\"550\" src=\"https:\/\/www.elturistatranquil.com\/wp-content\/uploads\/F18-Iglesia-de-San-Pedro-Teruel.jpg\" class=\"attachment-large size-large wp-image-3596\" alt=\"\" \/>\t\t\t\t\t\t\t\t\t\t\t\t\t\t\t<\/div>\n\t\t\t\t<\/div>\n\t\t\t\t<div class=\"elementor-element elementor-element-1ddf5618 elementor-widget elementor-widget-text-editor\" data-id=\"1ddf5618\" data-element_type=\"widget\" data-e-type=\"widget\" data-widget_type=\"text-editor.default\">\n\t\t\t\t<div class=\"elementor-widget-container\">\n\t\t\t\t\t\t\t\t\t<p>El <em>retaule de l&#8217;altar major<\/em> \u00e9s d&#8217;estil renaixentista, de fusta de pi tallada sense policromar, obra de l&#8217;escultor Gabriel Yoly (o Joli), a l\u2019igual que el retaule policromat de l&#8217;altar dels <em>Santos M\u00e9dicos<\/em>.<\/p>\t\t\t\t\t\t\t\t<\/div>\n\t\t\t\t<\/div>\n\t\t\t\t<div class=\"elementor-element elementor-element-3fd39c59 elementor-widget elementor-widget-image\" data-id=\"3fd39c59\" data-element_type=\"widget\" data-e-type=\"widget\" data-widget_type=\"image.default\">\n\t\t\t\t<div class=\"elementor-widget-container\">\n\t\t\t\t\t\t\t\t\t\t\t\t\t\t\t<img loading=\"lazy\" decoding=\"async\" width=\"413\" height=\"550\" src=\"https:\/\/www.elturistatranquil.com\/wp-content\/uploads\/F19-Iglesia-de-San-Pedro-Teruel.jpg\" class=\"attachment-large size-large wp-image-3597\" alt=\"Iglesia de San Pedro Teruel\" \/>\t\t\t\t\t\t\t\t\t\t\t\t\t\t\t<\/div>\n\t\t\t\t<\/div>\n\t\t\t\t<div class=\"elementor-element elementor-element-336250bd elementor-widget elementor-widget-image\" data-id=\"336250bd\" data-element_type=\"widget\" data-e-type=\"widget\" data-widget_type=\"image.default\">\n\t\t\t\t<div class=\"elementor-widget-container\">\n\t\t\t\t\t\t\t\t\t\t\t\t\t\t\t<img loading=\"lazy\" decoding=\"async\" width=\"733\" height=\"550\" src=\"https:\/\/www.elturistatranquil.com\/wp-content\/uploads\/F20-Iglesia-de-San-Pedro-Teruel.jpg\" class=\"attachment-large size-large wp-image-3598\" alt=\"Iglesia de San Pedro Teruel\" \/>\t\t\t\t\t\t\t\t\t\t\t\t\t\t\t<\/div>\n\t\t\t\t<\/div>\n\t\t\t\t<div class=\"elementor-element elementor-element-46ed7135 elementor-widget elementor-widget-text-editor\" data-id=\"46ed7135\" data-element_type=\"widget\" data-e-type=\"widget\" data-widget_type=\"text-editor.default\">\n\t\t\t\t<div class=\"elementor-widget-container\">\n\t\t\t\t\t\t\t\t\t<p>Disposa d&#8217;un claustre mud\u00e8jar de planta quadrada i altes arcades.<\/p>\t\t\t\t\t\t\t\t<\/div>\n\t\t\t\t<\/div>\n\t\t\t\t<div class=\"elementor-element elementor-element-303b753 elementor-widget elementor-widget-menu-anchor\" data-id=\"303b753\" data-element_type=\"widget\" data-e-type=\"widget\" data-widget_type=\"menu-anchor.default\">\n\t\t\t\t<div class=\"elementor-widget-container\">\n\t\t\t\t\t\t\t<div class=\"elementor-menu-anchor\" id=\"c1006\"><\/div>\n\t\t\t\t\t\t<\/div>\n\t\t\t\t<\/div>\n\t\t\t\t<div class=\"elementor-element elementor-element-5e6bd633 elementor-widget elementor-widget-image\" data-id=\"5e6bd633\" data-element_type=\"widget\" data-e-type=\"widget\" data-widget_type=\"image.default\">\n\t\t\t\t<div class=\"elementor-widget-container\">\n\t\t\t\t\t\t\t\t\t\t\t\t\t\t\t<img loading=\"lazy\" decoding=\"async\" width=\"733\" height=\"550\" src=\"https:\/\/www.elturistatranquil.com\/wp-content\/uploads\/F21-Iglesia-de-San-Pedro-Teruel.jpg\" class=\"attachment-large size-large wp-image-3599\" alt=\"Iglesia de San Pedro Teruel\" \/>\t\t\t\t\t\t\t\t\t\t\t\t\t\t\t<\/div>\n\t\t\t\t<\/div>\n\t\t\t\t<div class=\"elementor-element elementor-element-573afb23 elementor-widget elementor-widget-heading\" data-id=\"573afb23\" data-element_type=\"widget\" data-e-type=\"widget\" data-widget_type=\"heading.default\">\n\t\t\t\t<div class=\"elementor-widget-container\">\n\t\t\t\t\t<h3 class=\"elementor-heading-title elementor-size-default\">Torre campanar de la Catedral de Santa Mar\u00eda de Mediavilla del segle XIII (B)<\/h3>\t\t\t\t<\/div>\n\t\t\t\t<\/div>\n\t\t\t\t<div class=\"elementor-element elementor-element-116ec2b7 elementor-widget elementor-widget-text-editor\" data-id=\"116ec2b7\" data-element_type=\"widget\" data-e-type=\"widget\" data-widget_type=\"text-editor.default\">\n\t\t\t\t<div class=\"elementor-widget-container\">\n\t\t\t\t\t\t\t\t\t<p>Elevada a Catedral al 1587, actualment \u00e9s el temple m\u00e9s important de la ciutat de Terol i un dels m\u00e9s significatius edificis aragonesos de construcci\u00f3 mud\u00e8jar. Conserva elements tan importants d&#8217;aquest estil art\u00edstic com la torre, el cimbori i la sostrada, incloses al cat\u00e0leg del Patrimoni Mundial per la UNESCO. Un altre dels elements importants considerat dins del cat\u00e0leg \u00e9s l\u2019enteixinat mud\u00e8jar en fusta de la Catedral.<\/p>\t\t\t\t\t\t\t\t<\/div>\n\t\t\t\t<\/div>\n\t\t\t\t<div class=\"elementor-element elementor-element-3c62801b elementor-widget elementor-widget-image\" data-id=\"3c62801b\" data-element_type=\"widget\" data-e-type=\"widget\" data-widget_type=\"image.default\">\n\t\t\t\t<div class=\"elementor-widget-container\">\n\t\t\t\t\t\t\t\t\t\t\t\t<figure class=\"wp-caption\">\n\t\t\t\t\t\t\t\t\t\t<img loading=\"lazy\" decoding=\"async\" width=\"413\" height=\"550\" src=\"https:\/\/www.elturistatranquil.com\/wp-content\/uploads\/F22-Torre-de-la-Catedral-de-Teruel.jpg\" class=\"attachment-large size-large wp-image-3600\" alt=\"Torre de la Catedral de Teruel\" \/>\t\t\t\t\t\t\t\t\t\t\t<figcaption class=\"widget-image-caption wp-caption-text\">La torre de la Catedral en obres<\/figcaption>\n\t\t\t\t\t\t\t\t\t\t<\/figure>\n\t\t\t\t\t\t\t\t\t<\/div>\n\t\t\t\t<\/div>\n\t\t\t\t<div class=\"elementor-element elementor-element-4cf233c0 elementor-widget elementor-widget-image\" data-id=\"4cf233c0\" data-element_type=\"widget\" data-e-type=\"widget\" data-widget_type=\"image.default\">\n\t\t\t\t<div class=\"elementor-widget-container\">\n\t\t\t\t\t\t\t\t\t\t\t\t<figure class=\"wp-caption\">\n\t\t\t\t\t\t\t\t\t\t<img loading=\"lazy\" decoding=\"async\" width=\"413\" height=\"550\" src=\"https:\/\/www.elturistatranquil.com\/wp-content\/uploads\/F23-Torre-de-la-Catedral-de-Teruel.jpg\" class=\"attachment-large size-large wp-image-3601\" alt=\"Torre de la Catedral de Teruel\" \/>\t\t\t\t\t\t\t\t\t\t\t<figcaption class=\"widget-image-caption wp-caption-text\">Aspecte abans de la rehabilitaci\u00f3 (foto de Commons Wikipedia)<\/figcaption>\n\t\t\t\t\t\t\t\t\t\t<\/figure>\n\t\t\t\t\t\t\t\t\t<\/div>\n\t\t\t\t<\/div>\n\t\t\t\t<div class=\"elementor-element elementor-element-5741e21 elementor-widget elementor-widget-image\" data-id=\"5741e21\" data-element_type=\"widget\" data-e-type=\"widget\" data-widget_type=\"image.default\">\n\t\t\t\t<div class=\"elementor-widget-container\">\n\t\t\t\t\t\t\t\t\t\t\t\t\t\t\t<img loading=\"lazy\" decoding=\"async\" width=\"800\" height=\"533\" src=\"https:\/\/www.elturistatranquil.com\/wp-content\/uploads\/F24-Catedral-de-Teruel.jpg\" class=\"attachment-large size-large wp-image-3602\" alt=\"Catedral de Teruel\" srcset=\"https:\/\/www.elturistatranquil.com\/wp-content\/uploads\/F24-Catedral-de-Teruel.jpg 800w, https:\/\/www.elturistatranquil.com\/wp-content\/uploads\/F24-Catedral-de-Teruel-768x512.jpg 768w\" sizes=\"(max-width: 800px) 100vw, 800px\" \/>\t\t\t\t\t\t\t\t\t\t\t\t\t\t\t<\/div>\n\t\t\t\t<\/div>\n\t\t\t\t<div class=\"elementor-element elementor-element-11fe1d7c elementor-widget elementor-widget-text-editor\" data-id=\"11fe1d7c\" data-element_type=\"widget\" data-e-type=\"widget\" data-widget_type=\"text-editor.default\">\n\t\t\t\t<div class=\"elementor-widget-container\">\n\t\t\t\t\t\t\t\t\t<p>Dins de la s\u00e8rie d&#8217;ampliacions i reformes que s&#8217;han anat succeint a la <em>Catedral<\/em> al llarg del temps, l&#8217;\u00faltima d&#8217;import\u00e0ncia correspon a la portada sud. \u00c9s obra de l&#8217;arquitecte <em>Pau Mongui\u00f3<\/em>, realitzada en estil neomud\u00e8jar el 1909. El disseny de la portada en un estil del passat respon a la idea de l&#8217;autor d&#8217;integrar la nova obra en el conjunt del temple, la construcci\u00f3 respon majorit\u00e0riament a l&#8217;estil mud\u00e8jar. Per aix\u00f2 va prendre b\u00e0sicament com a model elements decoratius de la torre.<\/p>\t\t\t\t\t\t\t\t<\/div>\n\t\t\t\t<\/div>\n\t\t\t\t<div class=\"elementor-element elementor-element-21bc935 elementor-widget elementor-widget-image\" data-id=\"21bc935\" data-element_type=\"widget\" data-e-type=\"widget\" data-widget_type=\"image.default\">\n\t\t\t\t<div class=\"elementor-widget-container\">\n\t\t\t\t\t\t\t\t\t\t\t\t\t\t\t<img loading=\"lazy\" decoding=\"async\" width=\"367\" height=\"550\" src=\"https:\/\/www.elturistatranquil.com\/wp-content\/uploads\/F25-Catedral-de-Teruel.jpg\" class=\"attachment-large size-large wp-image-3603\" alt=\"Catedral de Teruel\" \/>\t\t\t\t\t\t\t\t\t\t\t\t\t\t\t<\/div>\n\t\t\t\t<\/div>\n\t\t\t\t<div class=\"elementor-element elementor-element-1644e419 elementor-widget elementor-widget-menu-anchor\" data-id=\"1644e419\" data-element_type=\"widget\" data-e-type=\"widget\" data-widget_type=\"menu-anchor.default\">\n\t\t\t\t<div class=\"elementor-widget-container\">\n\t\t\t\t\t\t\t<div class=\"elementor-menu-anchor\" id=\"c1007\"><\/div>\n\t\t\t\t\t\t<\/div>\n\t\t\t\t<\/div>\n\t\t\t\t<div class=\"elementor-element elementor-element-3863592d elementor-widget elementor-widget-image\" data-id=\"3863592d\" data-element_type=\"widget\" data-e-type=\"widget\" data-widget_type=\"image.default\">\n\t\t\t\t<div class=\"elementor-widget-container\">\n\t\t\t\t\t\t\t\t\t\t\t\t\t\t\t<img loading=\"lazy\" decoding=\"async\" width=\"800\" height=\"533\" src=\"https:\/\/www.elturistatranquil.com\/wp-content\/uploads\/F26-Catedral-de-Teruel.jpg\" class=\"attachment-large size-large wp-image-3604\" alt=\"Catedral de Teruel\" srcset=\"https:\/\/www.elturistatranquil.com\/wp-content\/uploads\/F26-Catedral-de-Teruel.jpg 800w, https:\/\/www.elturistatranquil.com\/wp-content\/uploads\/F26-Catedral-de-Teruel-768x512.jpg 768w\" sizes=\"(max-width: 800px) 100vw, 800px\" \/>\t\t\t\t\t\t\t\t\t\t\t\t\t\t\t<\/div>\n\t\t\t\t<\/div>\n\t\t\t\t<div class=\"elementor-element elementor-element-7c549e24 elementor-widget elementor-widget-heading\" data-id=\"7c549e24\" data-element_type=\"widget\" data-e-type=\"widget\" data-widget_type=\"heading.default\">\n\t\t\t\t<div class=\"elementor-widget-container\">\n\t\t\t\t\t<h3 class=\"elementor-heading-title elementor-size-default\">Torre de l\u2019esgl\u00e9sia de San Salvador del segle XIV (C)<\/h3>\t\t\t\t<\/div>\n\t\t\t\t<\/div>\n\t\t\t\t<div class=\"elementor-element elementor-element-83b7588 elementor-widget elementor-widget-text-editor\" data-id=\"83b7588\" data-element_type=\"widget\" data-e-type=\"widget\" data-widget_type=\"text-editor.default\">\n\t\t\t\t<div class=\"elementor-widget-container\">\n\t\t\t\t\t\t\t\t\t<p>\u00a0La seva construcci\u00f3 data del primer quart del segle XIV. \u00c9s una torre mud\u00e8jar, de planta quadrada, que igual que la de Sant Mart\u00ed, presenta una estructura minaret-almohade, una doble torre.<\/p><p>Com \u00e9s habitual en la majoria de les torres de Terol, la d&#8217;El Salvador ofereix tamb\u00e9 la caracter\u00edstica de ser una torre-porta, permetent el pas del tra\u00e7at viari. La decoraci\u00f3 de la torre del Salvador \u00e9s la m\u00e9s rica de les torres de Terol, amb frisos d&#8217;arcs mixtilinis entrecreuats i frisos de lla\u00e7os de quadre octogonal.<\/p><p>Adossada a la torre trobem l&#8217;Esgl\u00e9sia del Salvador, la construcci\u00f3 que ha arribat a l\u2019actualitat data de l&#8217;\u00faltim ter\u00e7 dels segle XVII.<\/p>\t\t\t\t\t\t\t\t<\/div>\n\t\t\t\t<\/div>\n\t\t\t\t<div class=\"elementor-element elementor-element-7d26a985 elementor-widget elementor-widget-menu-anchor\" data-id=\"7d26a985\" data-element_type=\"widget\" data-e-type=\"widget\" data-widget_type=\"menu-anchor.default\">\n\t\t\t\t<div class=\"elementor-widget-container\">\n\t\t\t\t\t\t\t<div class=\"elementor-menu-anchor\" id=\"c1008\"><\/div>\n\t\t\t\t\t\t<\/div>\n\t\t\t\t<\/div>\n\t\t\t\t<div class=\"elementor-element elementor-element-718e8200 elementor-widget elementor-widget-image\" data-id=\"718e8200\" data-element_type=\"widget\" data-e-type=\"widget\" data-widget_type=\"image.default\">\n\t\t\t\t<div class=\"elementor-widget-container\">\n\t\t\t\t\t\t\t\t\t\t\t\t\t\t\t<img loading=\"lazy\" decoding=\"async\" width=\"733\" height=\"550\" src=\"https:\/\/www.elturistatranquil.com\/wp-content\/uploads\/F27-Torre-de-El-Salvador-Teruel.jpg\" class=\"attachment-large size-large wp-image-3605\" alt=\"Torre de El Salvador Teruel\" \/>\t\t\t\t\t\t\t\t\t\t\t\t\t\t\t<\/div>\n\t\t\t\t<\/div>\n\t\t\t\t<div class=\"elementor-element elementor-element-24eda942 elementor-widget elementor-widget-heading\" data-id=\"24eda942\" data-element_type=\"widget\" data-e-type=\"widget\" data-widget_type=\"heading.default\">\n\t\t\t\t<div class=\"elementor-widget-container\">\n\t\t\t\t\t<h3 class=\"elementor-heading-title elementor-size-default\">Torre de l\u2019esgl\u00e9sia de San Mart\u00edn del segle XIV (D)<\/h3>\t\t\t\t<\/div>\n\t\t\t\t<\/div>\n\t\t\t\t<div class=\"elementor-element elementor-element-6d48b64f elementor-widget elementor-widget-text-editor\" data-id=\"6d48b64f\" data-element_type=\"widget\" data-e-type=\"widget\" data-widget_type=\"text-editor.default\">\n\t\t\t\t<div class=\"elementor-widget-container\">\n\t\t\t\t\t\t\t\t\t<p>Molt semblant a la de <em>El Salvador<\/em>, mostra una gran riquesa decorativa. Tamb\u00e9, d\u2019acord amb la seva funci\u00f3, es una torre-porta. Mostra caracter\u00edstiques g\u00f2tiques.<\/p>\t\t\t\t\t\t\t\t<\/div>\n\t\t\t\t<\/div>\n\t\t\t\t<div class=\"elementor-element elementor-element-18bbcbba elementor-widget elementor-widget-image\" data-id=\"18bbcbba\" data-element_type=\"widget\" data-e-type=\"widget\" data-widget_type=\"image.default\">\n\t\t\t\t<div class=\"elementor-widget-container\">\n\t\t\t\t\t\t\t\t\t\t\t\t\t\t\t<img loading=\"lazy\" decoding=\"async\" width=\"733\" height=\"550\" src=\"https:\/\/www.elturistatranquil.com\/wp-content\/uploads\/F28-Torre-de-San-Mart\u00edn-Teruel.jpg\" class=\"attachment-large size-large wp-image-3606\" alt=\"Torre de San Mart\u00edn Teruel\" \/>\t\t\t\t\t\t\t\t\t\t\t\t\t\t\t<\/div>\n\t\t\t\t<\/div>\n\t\t\t\t<div class=\"elementor-element elementor-element-105ad5c1 elementor-widget elementor-widget-image\" data-id=\"105ad5c1\" data-element_type=\"widget\" data-e-type=\"widget\" data-widget_type=\"image.default\">\n\t\t\t\t<div class=\"elementor-widget-container\">\n\t\t\t\t\t\t\t\t\t\t\t\t\t\t\t<img loading=\"lazy\" decoding=\"async\" width=\"733\" height=\"550\" src=\"https:\/\/www.elturistatranquil.com\/wp-content\/uploads\/F29-Torre-de-San-Mart\u00edn-Teruel.jpg\" class=\"attachment-large size-large wp-image-3607\" alt=\"Torre de San Mart\u00edn Teruel\" \/>\t\t\t\t\t\t\t\t\t\t\t\t\t\t\t<\/div>\n\t\t\t\t<\/div>\n\t\t\t\t<div class=\"elementor-element elementor-element-72af1553 elementor-widget elementor-widget-image\" data-id=\"72af1553\" data-element_type=\"widget\" data-e-type=\"widget\" data-widget_type=\"image.default\">\n\t\t\t\t<div class=\"elementor-widget-container\">\n\t\t\t\t\t\t\t\t\t\t\t\t\t\t\t<img loading=\"lazy\" decoding=\"async\" width=\"733\" height=\"550\" src=\"https:\/\/www.elturistatranquil.com\/wp-content\/uploads\/F30-Torre-de-San-Mart\u00edn-Teruel.jpg\" class=\"attachment-large size-large wp-image-3608\" alt=\"Torre de San Mart\u00edn Teruel\" \/>\t\t\t\t\t\t\t\t\t\t\t\t\t\t\t<\/div>\n\t\t\t\t<\/div>\n\t\t\t\t<div class=\"elementor-element elementor-element-37e9a16c elementor-widget elementor-widget-menu-anchor\" data-id=\"37e9a16c\" data-element_type=\"widget\" data-e-type=\"widget\" data-widget_type=\"menu-anchor.default\">\n\t\t\t\t<div class=\"elementor-widget-container\">\n\t\t\t\t\t\t\t<div class=\"elementor-menu-anchor\" id=\"c1009\"><\/div>\n\t\t\t\t\t\t<\/div>\n\t\t\t\t<\/div>\n\t\t\t\t<div class=\"elementor-element elementor-element-17150928 elementor-widget elementor-widget-image\" data-id=\"17150928\" data-element_type=\"widget\" data-e-type=\"widget\" data-widget_type=\"image.default\">\n\t\t\t\t<div class=\"elementor-widget-container\">\n\t\t\t\t\t\t\t\t\t\t\t\t\t\t\t<img loading=\"lazy\" decoding=\"async\" width=\"413\" height=\"550\" src=\"https:\/\/www.elturistatranquil.com\/wp-content\/uploads\/F31-Torre-de-San-Mart\u00edn-Teruel.jpg\" class=\"attachment-large size-large wp-image-3609\" alt=\"Torre de San Mart\u00edn Teruel\" \/>\t\t\t\t\t\t\t\t\t\t\t\t\t\t\t<\/div>\n\t\t\t\t<\/div>\n\t\t\t\t<div class=\"elementor-element elementor-element-19905896 elementor-widget elementor-widget-heading\" data-id=\"19905896\" data-element_type=\"widget\" data-e-type=\"widget\" data-widget_type=\"heading.default\">\n\t\t\t\t<div class=\"elementor-widget-container\">\n\t\t\t\t\t<h2 class=\"elementor-heading-title elementor-size-default\">Del Renaixement al segle XIX<\/h2>\t\t\t\t<\/div>\n\t\t\t\t<\/div>\n\t\t\t\t<div class=\"elementor-element elementor-element-1e09ad9e elementor-widget elementor-widget-text-editor\" data-id=\"1e09ad9e\" data-element_type=\"widget\" data-e-type=\"widget\" data-widget_type=\"text-editor.default\">\n\t\t\t\t<div class=\"elementor-widget-container\">\n\t\t\t\t\t\t\t\t\t<p>El <em>Palacio de la Casa de la Comunidad<\/em> (<em>Museo Provincial<\/em>) <strong>(E) <\/strong>\u00e9s un dels exemples m\u00e9s importants d&#8217;arquitectura civil del segle XVI a Terol.<\/p><p>\u00c9s d&#8217;estil renaixentista avan\u00e7at de finals del segle XVI. La fa\u00e7ana est\u00e0 formada per tres cossos i, a la part superior, t\u00e9 una galeria correguda sota el r\u00e0fec i es remata amb una arcuaci\u00f3 amb columnes. \u00c9s seu del <em>Museu de Terol<\/em> des de 1987.<\/p>\t\t\t\t\t\t\t\t<\/div>\n\t\t\t\t<\/div>\n\t\t\t\t<div class=\"elementor-element elementor-element-7b01d446 elementor-widget elementor-widget-image\" data-id=\"7b01d446\" data-element_type=\"widget\" data-e-type=\"widget\" data-widget_type=\"image.default\">\n\t\t\t\t<div class=\"elementor-widget-container\">\n\t\t\t\t\t\t\t\t\t\t\t\t\t\t\t<img loading=\"lazy\" decoding=\"async\" width=\"466\" height=\"550\" src=\"https:\/\/www.elturistatranquil.com\/wp-content\/uploads\/F32-Casa-de-la-Comunidad-Teruel.jpg\" class=\"attachment-large size-large wp-image-3610\" alt=\"Casa de la Comunidad Teruel\" \/>\t\t\t\t\t\t\t\t\t\t\t\t\t\t\t<\/div>\n\t\t\t\t<\/div>\n\t\t\t\t<div class=\"elementor-element elementor-element-1ce0890d elementor-widget elementor-widget-text-editor\" data-id=\"1ce0890d\" data-element_type=\"widget\" data-e-type=\"widget\" data-widget_type=\"text-editor.default\">\n\t\t\t\t<div class=\"elementor-widget-container\">\n\t\t\t\t\t\t\t\t\t<p><em>Aq\u00fceducte <\/em><em>de Los Arcos<\/em> o <em>Tra\u00edda de las Aguas<\/em> de Terol <strong>(F)<\/strong> \u00a0\u00e9s alhora un viaducte ja que els pilars del segon cos estan oberts al tr\u00e0nsit de vianants per tal de facilitar el tr\u00e0nsit sobre el gran barranc que separa la ciutat del raval. Est\u00e0 considerada una de les obres d&#8217;enginyeria m\u00e9s rellevants del Renaixement Espanyol.<\/p><p>La seva construcci\u00f3 va comen\u00e7ar l&#8217;any 1537 captant l&#8217;aigua de la <em>Pe\u00f1a del Macho<\/em>, i represa l&#8217;any 1551 per l&#8217;enginyer franc\u00e8s <em>Quinto Pierres Vedel<\/em>. Aquest pont salva el desnivell entre el Terol medieval i el modern. Consta de dos nivells, el superior de sis arcs i l&#8217;inferior de dos.<\/p>\t\t\t\t\t\t\t\t<\/div>\n\t\t\t\t<\/div>\n\t\t\t\t<div class=\"elementor-element elementor-element-5ee65adf elementor-widget elementor-widget-image\" data-id=\"5ee65adf\" data-element_type=\"widget\" data-e-type=\"widget\" data-widget_type=\"image.default\">\n\t\t\t\t<div class=\"elementor-widget-container\">\n\t\t\t\t\t\t\t\t\t\t\t\t<figure class=\"wp-caption\">\n\t\t\t\t\t\t\t\t\t\t<img loading=\"lazy\" decoding=\"async\" width=\"800\" height=\"533\" src=\"https:\/\/www.elturistatranquil.com\/wp-content\/uploads\/F33-Murallas-y-acueducto-de-los-Arcos-Teruel.jpg\" class=\"attachment-large size-large wp-image-3611\" alt=\"Murallas y acueducto de los Arcos Teruel\" srcset=\"https:\/\/www.elturistatranquil.com\/wp-content\/uploads\/F33-Murallas-y-acueducto-de-los-Arcos-Teruel.jpg 800w, https:\/\/www.elturistatranquil.com\/wp-content\/uploads\/F33-Murallas-y-acueducto-de-los-Arcos-Teruel-768x512.jpg 768w\" sizes=\"(max-width: 800px) 100vw, 800px\" \/>\t\t\t\t\t\t\t\t\t\t\t<figcaption class=\"widget-image-caption wp-caption-text\">Torre i llen\u00e7 de les muralles i l\u2019Aqueducte de los Arcos <\/figcaption>\n\t\t\t\t\t\t\t\t\t\t<\/figure>\n\t\t\t\t\t\t\t\t\t<\/div>\n\t\t\t\t<\/div>\n\t\t\t\t<div class=\"elementor-element elementor-element-5cace64b elementor-widget elementor-widget-text-editor\" data-id=\"5cace64b\" data-element_type=\"widget\" data-e-type=\"widget\" data-widget_type=\"text-editor.default\">\n\t\t\t\t<div class=\"elementor-widget-container\">\n\t\t\t\t\t\t\t\t\t<p>Del segle XVII podem apreciar el Convent de <em>Las Claras <\/em><strong>(G).<\/strong><\/p>\t\t\t\t\t\t\t\t<\/div>\n\t\t\t\t<\/div>\n\t\t\t\t<div class=\"elementor-element elementor-element-55a69a6d elementor-widget elementor-widget-image\" data-id=\"55a69a6d\" data-element_type=\"widget\" data-e-type=\"widget\" data-widget_type=\"image.default\">\n\t\t\t\t<div class=\"elementor-widget-container\">\n\t\t\t\t\t\t\t\t\t\t\t\t\t\t\t<img loading=\"lazy\" decoding=\"async\" width=\"800\" height=\"533\" src=\"https:\/\/www.elturistatranquil.com\/wp-content\/uploads\/F34-Convento-de-las-Claras-Teruel.jpg\" class=\"attachment-large size-large wp-image-3612\" alt=\"Convento de las Claras Teruel\" srcset=\"https:\/\/www.elturistatranquil.com\/wp-content\/uploads\/F34-Convento-de-las-Claras-Teruel.jpg 800w, https:\/\/www.elturistatranquil.com\/wp-content\/uploads\/F34-Convento-de-las-Claras-Teruel-768x512.jpg 768w\" sizes=\"(max-width: 800px) 100vw, 800px\" \/>\t\t\t\t\t\t\t\t\t\t\t\t\t\t\t<\/div>\n\t\t\t\t<\/div>\n\t\t\t\t<div class=\"elementor-element elementor-element-3a1725d9 elementor-widget elementor-widget-text-editor\" data-id=\"3a1725d9\" data-element_type=\"widget\" data-e-type=\"widget\" data-widget_type=\"text-editor.default\">\n\t\t\t\t<div class=\"elementor-widget-container\">\n\t\t\t\t\t\t\t\t\t<p><em>L\u2019Edifici de l\u2019Ajuntament<\/em> <strong>(H)<\/strong>, va ser constru\u00eft a mitjans del segle XIX. Al costat es pot veure \u00a0la casa del Dean, del segle XVI, junt a la Torre de la Catedral.<\/p>\t\t\t\t\t\t\t\t<\/div>\n\t\t\t\t<\/div>\n\t\t\t\t<div class=\"elementor-element elementor-element-5079cc7c elementor-widget elementor-widget-menu-anchor\" data-id=\"5079cc7c\" data-element_type=\"widget\" data-e-type=\"widget\" data-widget_type=\"menu-anchor.default\">\n\t\t\t\t<div class=\"elementor-widget-container\">\n\t\t\t\t\t\t\t<div class=\"elementor-menu-anchor\" id=\"c1010\"><\/div>\n\t\t\t\t\t\t<\/div>\n\t\t\t\t<\/div>\n\t\t\t\t<div class=\"elementor-element elementor-element-4bedcaf3 elementor-widget elementor-widget-image\" data-id=\"4bedcaf3\" data-element_type=\"widget\" data-e-type=\"widget\" data-widget_type=\"image.default\">\n\t\t\t\t<div class=\"elementor-widget-container\">\n\t\t\t\t\t\t\t\t\t\t\t\t\t\t\t<img loading=\"lazy\" decoding=\"async\" width=\"800\" height=\"533\" src=\"https:\/\/www.elturistatranquil.com\/wp-content\/uploads\/F35-Ayuntamiento-Teruel.jpg\" class=\"attachment-large size-large wp-image-3613\" alt=\"Ayuntamiento Teruel\" srcset=\"https:\/\/www.elturistatranquil.com\/wp-content\/uploads\/F35-Ayuntamiento-Teruel.jpg 800w, https:\/\/www.elturistatranquil.com\/wp-content\/uploads\/F35-Ayuntamiento-Teruel-768x512.jpg 768w\" sizes=\"(max-width: 800px) 100vw, 800px\" \/>\t\t\t\t\t\t\t\t\t\t\t\t\t\t\t<\/div>\n\t\t\t\t<\/div>\n\t\t\t\t<div class=\"elementor-element elementor-element-413e27f2 elementor-widget elementor-widget-heading\" data-id=\"413e27f2\" data-element_type=\"widget\" data-e-type=\"widget\" data-widget_type=\"heading.default\">\n\t\t\t\t<div class=\"elementor-widget-container\">\n\t\t\t\t\t<h2 class=\"elementor-heading-title elementor-size-default\">Modernisme i arquitectura neomud\u00e8jar<\/h2>\t\t\t\t<\/div>\n\t\t\t\t<\/div>\n\t\t\t\t<div class=\"elementor-element elementor-element-78645f5d elementor-widget elementor-widget-text-editor\" data-id=\"78645f5d\" data-element_type=\"widget\" data-e-type=\"widget\" data-widget_type=\"text-editor.default\">\n\t\t\t\t<div class=\"elementor-widget-container\">\n\t\t\t\t\t\t\t\t\t<p>Entorn de la <em>Pla\u00e7a del Torico<\/em>, es concentra l&#8217;espai comercial i de serveis de la ciutat amb grans edificis modernistes restaurats.<\/p><p>La <em>Font del Torico<\/em> <strong>(I)<\/strong> \u00e9s de l&#8217;any 1858, i a la part alta de la seva columna de pedra tenim una estrella i un petit brau en bronze, s\u00edmbols de la ciutat.<\/p>\t\t\t\t\t\t\t\t<\/div>\n\t\t\t\t<\/div>\n\t\t\t\t<div class=\"elementor-element elementor-element-47e9be1 elementor-widget elementor-widget-image\" data-id=\"47e9be1\" data-element_type=\"widget\" data-e-type=\"widget\" data-widget_type=\"image.default\">\n\t\t\t\t<div class=\"elementor-widget-container\">\n\t\t\t\t\t\t\t\t\t\t\t\t\t\t\t<img loading=\"lazy\" decoding=\"async\" width=\"800\" height=\"533\" src=\"https:\/\/www.elturistatranquil.com\/wp-content\/uploads\/F36-Plaza-del-Torico-Teruel.jpg\" class=\"attachment-large size-large wp-image-3614\" alt=\"Plaza del Torico Teruel\" srcset=\"https:\/\/www.elturistatranquil.com\/wp-content\/uploads\/F36-Plaza-del-Torico-Teruel.jpg 800w, https:\/\/www.elturistatranquil.com\/wp-content\/uploads\/F36-Plaza-del-Torico-Teruel-768x512.jpg 768w\" sizes=\"(max-width: 800px) 100vw, 800px\" \/>\t\t\t\t\t\t\t\t\t\t\t\t\t\t\t<\/div>\n\t\t\t\t<\/div>\n\t\t\t\t<div class=\"elementor-element elementor-element-2cc79618 elementor-widget elementor-widget-image\" data-id=\"2cc79618\" data-element_type=\"widget\" data-e-type=\"widget\" data-widget_type=\"image.default\">\n\t\t\t\t<div class=\"elementor-widget-container\">\n\t\t\t\t\t\t\t\t\t\t\t\t\t\t\t<img loading=\"lazy\" decoding=\"async\" width=\"800\" height=\"533\" src=\"https:\/\/www.elturistatranquil.com\/wp-content\/uploads\/F37-Plaza-del-Torico-Teruel.jpg\" class=\"attachment-large size-large wp-image-3615\" alt=\"Plaza del Torico Teruel\" srcset=\"https:\/\/www.elturistatranquil.com\/wp-content\/uploads\/F37-Plaza-del-Torico-Teruel.jpg 800w, https:\/\/www.elturistatranquil.com\/wp-content\/uploads\/F37-Plaza-del-Torico-Teruel-768x512.jpg 768w\" sizes=\"(max-width: 800px) 100vw, 800px\" \/>\t\t\t\t\t\t\t\t\t\t\t\t\t\t\t<\/div>\n\t\t\t\t<\/div>\n\t\t\t\t<div class=\"elementor-element elementor-element-7941bdc elementor-widget elementor-widget-image\" data-id=\"7941bdc\" data-element_type=\"widget\" data-e-type=\"widget\" data-widget_type=\"image.default\">\n\t\t\t\t<div class=\"elementor-widget-container\">\n\t\t\t\t\t\t\t\t\t\t\t\t<figure class=\"wp-caption\">\n\t\t\t\t\t\t\t\t\t\t<img loading=\"lazy\" decoding=\"async\" width=\"800\" height=\"533\" src=\"https:\/\/www.elturistatranquil.com\/wp-content\/uploads\/F38-Plaza-del-Torico-Teruel.jpg\" class=\"attachment-large size-large wp-image-3616\" alt=\"Plaza del Torico Teruel\" srcset=\"https:\/\/www.elturistatranquil.com\/wp-content\/uploads\/F38-Plaza-del-Torico-Teruel.jpg 800w, https:\/\/www.elturistatranquil.com\/wp-content\/uploads\/F38-Plaza-del-Torico-Teruel-768x512.jpg 768w\" sizes=\"(max-width: 800px) 100vw, 800px\" \/>\t\t\t\t\t\t\t\t\t\t\t<figcaption class=\"widget-image-caption wp-caption-text\">Pla\u00e7a de la Font del Torico<\/figcaption>\n\t\t\t\t\t\t\t\t\t\t<\/figure>\n\t\t\t\t\t\t\t\t\t<\/div>\n\t\t\t\t<\/div>\n\t\t\t\t<div class=\"elementor-element elementor-element-57eeb291 elementor-widget elementor-widget-text-editor\" data-id=\"57eeb291\" data-element_type=\"widget\" data-e-type=\"widget\" data-widget_type=\"text-editor.default\">\n\t\t\t\t<div class=\"elementor-widget-container\">\n\t\t\t\t\t\t\t\t\t<p>El Modernisme, o neomudejar com alguns l&#8217;anomenen a Terol, \u00e9s un fet particular de la ciutat pel que fa a la resta d&#8217;Arag\u00f3 i es d\u00f3na per la uni\u00f3 de tres elements que es van complementar a la perfecci\u00f3: el poder econ\u00f2mic de la burgesia de finals del segle XIX, la capacitat de l&#8217;arquitecte Pau Mongui\u00f3 i l&#8217;excel\u00b7l\u00e8ncia dels artesans de la ciutat.<\/p><p>Per posar en valor aquest patrimoni modernista de Terol, coincidint amb el tercer dissabte de novembre, se celebra una Festa Modernista vinculada a aquesta \u00e8poca que va viure la ciutat, recreant personatges i costums del Terol de principis del segle XX.<\/p><p>Pau Mongui\u00f3, nascut a Tarragona el 1865, va desenvolupar una espl\u00e8ndida traject\u00f2ria a Terol, de la que era arquitecte municipal, sent reconegut com l&#8217;arquitecte per excel\u00b7l\u00e8ncia del modernisme de Terol.<\/p><p>La primera de les seves construccions que podem apreciar est\u00e0 situada a la c\u00e8ntrica pla\u00e7a del Torico. Es tracta de la <em>Casa de Teixits El Torico<\/em><strong> (J), <\/strong>constru\u00efda en 1912. El nom el conserva del comer\u00e7 que origin\u00e0riament existia en la seva planta baixa. Va ser declarada <em>B\u00e9 d&#8217;Inter\u00e8s Cultural<\/em> el 2006.<\/p>\t\t\t\t\t\t\t\t<\/div>\n\t\t\t\t<\/div>\n\t\t\t\t<div class=\"elementor-element elementor-element-158fa40b elementor-widget elementor-widget-image\" data-id=\"158fa40b\" data-element_type=\"widget\" data-e-type=\"widget\" data-widget_type=\"image.default\">\n\t\t\t\t<div class=\"elementor-widget-container\">\n\t\t\t\t\t\t\t\t\t\t\t\t\t\t\t<img loading=\"lazy\" decoding=\"async\" width=\"413\" height=\"550\" src=\"https:\/\/www.elturistatranquil.com\/wp-content\/uploads\/F44-Casa-del-Torico-Teruel.jpg\" class=\"attachment-large size-large wp-image-3617\" alt=\"Casa del Torico Teruel\" \/>\t\t\t\t\t\t\t\t\t\t\t\t\t\t\t<\/div>\n\t\t\t\t<\/div>\n\t\t\t\t<div class=\"elementor-element elementor-element-f6c1515 elementor-widget elementor-widget-text-editor\" data-id=\"f6c1515\" data-element_type=\"widget\" data-e-type=\"widget\" data-widget_type=\"text-editor.default\">\n\t\t\t\t<div class=\"elementor-widget-container\">\n\t\t\t\t\t\t\t\t\t<p>A pocs metres, a la <em>Calle Nueva<\/em>, es fa visible <em>La\u00a0<\/em><em>Casa Ferr\u00e1n<\/em> <strong>(K)<\/strong> construida el 1910, obra tamb\u00e9 de Pau Mongui\u00f3. Se la considera el perfecte exponent del modernisme de Terol i una de les obres cims de l&#8217;arquitecte. La pedra, el ferro forjat i la fusta amb qu\u00e8 est\u00e0 constru\u00efda formen una magistral uni\u00f3 d&#8217;asimetria i equilibri. Va ser declarada <em>B\u00e9 d&#8217;Inter\u00e8s Cultural<\/em> el 2006.<\/p>\t\t\t\t\t\t\t\t<\/div>\n\t\t\t\t<\/div>\n\t\t\t\t<div class=\"elementor-element elementor-element-4dc70ac6 elementor-widget elementor-widget-image\" data-id=\"4dc70ac6\" data-element_type=\"widget\" data-e-type=\"widget\" data-widget_type=\"image.default\">\n\t\t\t\t<div class=\"elementor-widget-container\">\n\t\t\t\t\t\t\t\t\t\t\t\t<figure class=\"wp-caption\">\n\t\t\t\t\t\t\t\t\t\t<img loading=\"lazy\" decoding=\"async\" width=\"346\" height=\"550\" src=\"https:\/\/www.elturistatranquil.com\/wp-content\/uploads\/F39-Casa-Ferr\u00e1n-Teruel.jpg\" class=\"attachment-large size-large wp-image-3618\" alt=\"Casa Ferr\u00e1n Teruel\" \/>\t\t\t\t\t\t\t\t\t\t\t<figcaption class=\"widget-image-caption wp-caption-text\">Dos edificis modernistes. El del fons \u00e9s la cantonada de la casa Ferr\u00e1n<\/figcaption>\n\t\t\t\t\t\t\t\t\t\t<\/figure>\n\t\t\t\t\t\t\t\t\t<\/div>\n\t\t\t\t<\/div>\n\t\t\t\t<div class=\"elementor-element elementor-element-527067a0 elementor-widget elementor-widget-image\" data-id=\"527067a0\" data-element_type=\"widget\" data-e-type=\"widget\" data-widget_type=\"image.default\">\n\t\t\t\t<div class=\"elementor-widget-container\">\n\t\t\t\t\t\t\t\t\t\t\t\t\t\t\t<img loading=\"lazy\" decoding=\"async\" width=\"413\" height=\"550\" src=\"https:\/\/www.elturistatranquil.com\/wp-content\/uploads\/F41-Casa-Ferr\u00e1n-Teruel.jpg\" class=\"attachment-large size-large wp-image-3619\" alt=\"Casa Ferr\u00e1n Teruel\" \/>\t\t\t\t\t\t\t\t\t\t\t\t\t\t\t<\/div>\n\t\t\t\t<\/div>\n\t\t\t\t<div class=\"elementor-element elementor-element-26a35dc0 elementor-widget elementor-widget-image\" data-id=\"26a35dc0\" data-element_type=\"widget\" data-e-type=\"widget\" data-widget_type=\"image.default\">\n\t\t\t\t<div class=\"elementor-widget-container\">\n\t\t\t\t\t\t\t\t\t\t\t\t\t\t\t<img loading=\"lazy\" decoding=\"async\" width=\"413\" height=\"550\" src=\"https:\/\/www.elturistatranquil.com\/wp-content\/uploads\/F42-Casa-Ferr\u00e1n-Teruel.jpg\" class=\"attachment-large size-large wp-image-3622\" alt=\"Casa Ferr\u00e1n Teruel\" \/>\t\t\t\t\t\t\t\t\t\t\t\t\t\t\t<\/div>\n\t\t\t\t<\/div>\n\t\t\t\t<div class=\"elementor-element elementor-element-1a914cdf elementor-widget elementor-widget-image\" data-id=\"1a914cdf\" data-element_type=\"widget\" data-e-type=\"widget\" data-widget_type=\"image.default\">\n\t\t\t\t<div class=\"elementor-widget-container\">\n\t\t\t\t\t\t\t\t\t\t\t\t<figure class=\"wp-caption\">\n\t\t\t\t\t\t\t\t\t\t<img loading=\"lazy\" decoding=\"async\" width=\"413\" height=\"550\" src=\"https:\/\/www.elturistatranquil.com\/wp-content\/uploads\/F43-Casa-Ferr\u00e1n-Teruel.jpg\" class=\"attachment-large size-large wp-image-3623\" alt=\"\" \/>\t\t\t\t\t\t\t\t\t\t\t<figcaption class=\"widget-image-caption wp-caption-text\">Casa Ferr\u00e1n<\/figcaption>\n\t\t\t\t\t\t\t\t\t\t<\/figure>\n\t\t\t\t\t\t\t\t\t<\/div>\n\t\t\t\t<\/div>\n\t\t\t\t<div class=\"elementor-element elementor-element-fe61cef elementor-widget elementor-widget-text-editor\" data-id=\"fe61cef\" data-element_type=\"widget\" data-e-type=\"widget\" data-widget_type=\"text-editor.default\">\n\t\t\t\t<div class=\"elementor-widget-container\">\n\t\t\t\t\t\t\t\t\t<p>Un tercer edifici de Montgui\u00f3 \u00e9s l&#8217;<em>Arxiu Hist\u00f2ric Provincial, o Escoles del Raval<\/em> <strong>(L),<\/strong> d\u2019estil modernista amb influ\u00e8ncies neomud\u00e8jars. Es va construir com a col\u00b7legi el 1912 i, despr\u00e9s de la seva rehabilitaci\u00f3, \u00e9s des de 1987 la seu de <em>l&#8217;Arxiu Hist\u00f2ric Provincial<\/em>.<\/p>\t\t\t\t\t\t\t\t<\/div>\n\t\t\t\t<\/div>\n\t\t\t\t<div class=\"elementor-element elementor-element-18c9ac2c elementor-widget elementor-widget-image\" data-id=\"18c9ac2c\" data-element_type=\"widget\" data-e-type=\"widget\" data-widget_type=\"image.default\">\n\t\t\t\t<div class=\"elementor-widget-container\">\n\t\t\t\t\t\t\t\t\t\t\t\t\t\t\t<img loading=\"lazy\" decoding=\"async\" width=\"800\" height=\"533\" src=\"https:\/\/www.elturistatranquil.com\/wp-content\/uploads\/F45-Archivo-Hist\u00f3rico-Provincial-Teruel.jpg\" class=\"attachment-large size-large wp-image-3624\" alt=\"Archivo Hist\u00f3rico Provincial Teruel\" srcset=\"https:\/\/www.elturistatranquil.com\/wp-content\/uploads\/F45-Archivo-Hist\u00f3rico-Provincial-Teruel.jpg 800w, https:\/\/www.elturistatranquil.com\/wp-content\/uploads\/F45-Archivo-Hist\u00f3rico-Provincial-Teruel-768x512.jpg 768w\" sizes=\"(max-width: 800px) 100vw, 800px\" \/>\t\t\t\t\t\t\t\t\t\t\t\t\t\t\t<\/div>\n\t\t\t\t<\/div>\n\t\t\t\t<div class=\"elementor-element elementor-element-4d2519ed elementor-widget elementor-widget-text-editor\" data-id=\"4d2519ed\" data-element_type=\"widget\" data-e-type=\"widget\" data-widget_type=\"text-editor.default\">\n\t\t\t\t<div class=\"elementor-widget-container\">\n\t\t\t\t\t\t\t\t\t<p>Si ens situem\u00a0 al <em>Passeig del \u00d3valo<\/em> ens trobarem al l\u00edmit de la \u201cmola\u201d sobre la que est\u00e0 constru\u00efda la ciutat. Per salvar el desnivell existent entre <em>l&#8217;Estaci\u00f3 del Ferrocarril Central d&#8217;Arag\u00f3<\/em> i el casc antic de la ciutat, a comen\u00e7ament dels anys vint (entre 1920 i 1921), es va encarregar a <em>Jos\u00e9 Tor\u00e1n de la Rad<\/em> la construcci\u00f3 de una <em>Escalinata<\/em> \u00a0<strong>(M)<\/strong>, que va ser declarada <em>B\u00e9 d&#8217;Inter\u00e8s Cultural<\/em> el 2008. S&#8217;hi manifesten elements arquitect\u00f2nics i decoratius extrets de la tradici\u00f3 mud\u00e8jar local i del modernisme, i se la considera obra clau del neomud\u00e8jar de Terol.<\/p>\t\t\t\t\t\t\t\t<\/div>\n\t\t\t\t<\/div>\n\t\t\t\t<div class=\"elementor-element elementor-element-326d8865 elementor-widget elementor-widget-image\" data-id=\"326d8865\" data-element_type=\"widget\" data-e-type=\"widget\" data-widget_type=\"image.default\">\n\t\t\t\t<div class=\"elementor-widget-container\">\n\t\t\t\t\t\t\t\t\t\t\t\t\t\t\t<img loading=\"lazy\" decoding=\"async\" width=\"800\" height=\"533\" src=\"https:\/\/www.elturistatranquil.com\/wp-content\/uploads\/F46-Escalinata-Teruel.jpg\" class=\"attachment-large size-large wp-image-3625\" alt=\"\" srcset=\"https:\/\/www.elturistatranquil.com\/wp-content\/uploads\/F46-Escalinata-Teruel.jpg 800w, https:\/\/www.elturistatranquil.com\/wp-content\/uploads\/F46-Escalinata-Teruel-768x512.jpg 768w\" sizes=\"(max-width: 800px) 100vw, 800px\" \/>\t\t\t\t\t\t\t\t\t\t\t\t\t\t\t<\/div>\n\t\t\t\t<\/div>\n\t\t\t\t<div class=\"elementor-element elementor-element-5d981696 elementor-widget elementor-widget-image\" data-id=\"5d981696\" data-element_type=\"widget\" data-e-type=\"widget\" data-widget_type=\"image.default\">\n\t\t\t\t<div class=\"elementor-widget-container\">\n\t\t\t\t\t\t\t\t\t\t\t\t<figure class=\"wp-caption\">\n\t\t\t\t\t\t\t\t\t\t<img loading=\"lazy\" decoding=\"async\" width=\"800\" height=\"533\" src=\"https:\/\/www.elturistatranquil.com\/wp-content\/uploads\/F47-Escalinata-Teruel.jpg\" class=\"attachment-large size-large wp-image-3626\" alt=\"Escalinata Teruel\" srcset=\"https:\/\/www.elturistatranquil.com\/wp-content\/uploads\/F47-Escalinata-Teruel.jpg 800w, https:\/\/www.elturistatranquil.com\/wp-content\/uploads\/F47-Escalinata-Teruel-768x512.jpg 768w\" sizes=\"(max-width: 800px) 100vw, 800px\" \/>\t\t\t\t\t\t\t\t\t\t\t<figcaption class=\"widget-image-caption wp-caption-text\">Vista de la Escalinata des del Paseo del Ovalo<\/figcaption>\n\t\t\t\t\t\t\t\t\t\t<\/figure>\n\t\t\t\t\t\t\t\t\t<\/div>\n\t\t\t\t<\/div>\n\t\t\t\t<div class=\"elementor-element elementor-element-135613db elementor-widget elementor-widget-text-editor\" data-id=\"135613db\" data-element_type=\"widget\" data-e-type=\"widget\" data-widget_type=\"text-editor.default\">\n\t\t\t\t<div class=\"elementor-widget-container\">\n\t\t\t\t\t\t\t\t\t<p>Una altra obra neomudejar destacada \u00e9s <em>l&#8217;Edifici de Correus <\/em><strong>(N)<\/strong>, de 1930, al carrer Yag\u00fce de Sales. Es tracta d&#8217;un edifici neomud\u00e8jar de tres plantes, constru\u00eft en ma\u00f3 vermell\u00f3s, s\u00f2col de ma\u00e7oneria, porta principal, laterals de servei i grans finestrals d&#8217;arc de mig punt i singular r\u00e0fec de fusta amb decoraci\u00f3 a base de rajoles. L&#8217;autoria del projecte s&#8217;atribueix a l&#8217;arquitecte <em>Antonio Rubio Mar\u00edn<\/em>.<\/p>\t\t\t\t\t\t\t\t<\/div>\n\t\t\t\t<\/div>\n\t\t\t\t<div class=\"elementor-element elementor-element-24673f56 elementor-widget elementor-widget-menu-anchor\" data-id=\"24673f56\" data-element_type=\"widget\" data-e-type=\"widget\" data-widget_type=\"menu-anchor.default\">\n\t\t\t\t<div class=\"elementor-widget-container\">\n\t\t\t\t\t\t\t<div class=\"elementor-menu-anchor\" id=\"c1011\"><\/div>\n\t\t\t\t\t\t<\/div>\n\t\t\t\t<\/div>\n\t\t\t\t<div class=\"elementor-element elementor-element-328ac7ba elementor-widget elementor-widget-image\" data-id=\"328ac7ba\" data-element_type=\"widget\" data-e-type=\"widget\" data-widget_type=\"image.default\">\n\t\t\t\t<div class=\"elementor-widget-container\">\n\t\t\t\t\t\t\t\t\t\t\t\t<figure class=\"wp-caption\">\n\t\t\t\t\t\t\t\t\t\t<img loading=\"lazy\" decoding=\"async\" width=\"733\" height=\"550\" src=\"https:\/\/www.elturistatranquil.com\/wp-content\/uploads\/F48-Edificio-de-Correos-Teruel.jpg\" class=\"attachment-large size-large wp-image-3627\" alt=\"\" \/>\t\t\t\t\t\t\t\t\t\t\t<figcaption class=\"widget-image-caption wp-caption-text\">Edifici de Correos<\/figcaption>\n\t\t\t\t\t\t\t\t\t\t<\/figure>\n\t\t\t\t\t\t\t\t\t<\/div>\n\t\t\t\t<\/div>\n\t\t\t\t<div class=\"elementor-element elementor-element-67421ce5 elementor-widget elementor-widget-heading\" data-id=\"67421ce5\" data-element_type=\"widget\" data-e-type=\"widget\" data-widget_type=\"heading.default\">\n\t\t\t\t<div class=\"elementor-widget-container\">\n\t\t\t\t\t<h2 class=\"elementor-heading-title elementor-size-default\">Els amants de Terol <\/h2>\t\t\t\t<\/div>\n\t\t\t\t<\/div>\n\t\t\t\t<div class=\"elementor-element elementor-element-55b82d69 elementor-widget elementor-widget-text-editor\" data-id=\"55b82d69\" data-element_type=\"widget\" data-e-type=\"widget\" data-widget_type=\"text-editor.default\">\n\t\t\t\t<div class=\"elementor-widget-container\">\n\t\t\t\t\t\t\t\t\t<p>Per fi, parlar\u00e9 dels <em>Amantes de Teruel<\/em> <strong>(A).<\/strong> En un annex de l\u2019Esgl\u00e9sia de San Pedro, s\u2019ha constru\u00eft un mausoleu amb les dues tombes d\u2019aquests personatges de llegenda.\u00a0 Els dos sarc\u00f2fags son obra de <em>Juan de \u00c1valos<\/em>. M\u00e9s que no pas el valor art\u00edstic, aqu\u00ed compte el valor rom\u00e0ntic-sentimental i d\u2019arrelament hist\u00f2ric de la llegenda dins de la ciutat de Terol, i de visita obligada.<\/p><p>A la pr\u00e0ctica, la seva sala \u00e9s el lloc de trobada per iniciar la visita guiada (la \u00fanica forma de poder-la visitar) a l\u2019Esgl\u00e9sia i torre de San Pedro. Encara que s\u2019han escrit diverses obres sobre aquest succ\u00e9s, l\u2019obra can\u00f2nica \u00e9s la de <em>Juan Eugenio Hartzenburg<\/em> <em>Los amantes de Teruel<\/em>\u00a0(1837), un drama rom\u00e0ntic en prosa i vers.<\/p><p>Per l\u2019enreixat inferior del sarc\u00f2fags es poden veure els esquelets de les dues persones que s\u00f3n considerades els amants, <em>Isabel de Segura<\/em> y <em>Juan Mart\u00ednez de Marcilla<\/em> (tamb\u00e9 identificat como <em>Diego de Marcilla<\/em>) que se\u2019ls situa al segle XIII.<\/p>\t\t\t\t\t\t\t\t<\/div>\n\t\t\t\t<\/div>\n\t\t\t\t<div class=\"elementor-element elementor-element-66dfe844 elementor-widget elementor-widget-image\" data-id=\"66dfe844\" data-element_type=\"widget\" data-e-type=\"widget\" data-widget_type=\"image.default\">\n\t\t\t\t<div class=\"elementor-widget-container\">\n\t\t\t\t\t\t\t\t\t\t\t\t<figure class=\"wp-caption\">\n\t\t\t\t\t\t\t\t\t\t<img loading=\"lazy\" decoding=\"async\" width=\"800\" height=\"533\" src=\"https:\/\/www.elturistatranquil.com\/wp-content\/uploads\/F49-Mausoleo-de-las-amantes-de-Teruel.jpg\" class=\"attachment-large size-large wp-image-3628\" alt=\"Mausoleo de las amantes de Teruel\" srcset=\"https:\/\/www.elturistatranquil.com\/wp-content\/uploads\/F49-Mausoleo-de-las-amantes-de-Teruel.jpg 800w, https:\/\/www.elturistatranquil.com\/wp-content\/uploads\/F49-Mausoleo-de-las-amantes-de-Teruel-768x512.jpg 768w\" sizes=\"(max-width: 800px) 100vw, 800px\" \/>\t\t\t\t\t\t\t\t\t\t\t<figcaption class=\"widget-image-caption wp-caption-text\">El Mausoleu dels Amants annex a l'Esgl\u00e9sia de San Pedro<\/figcaption>\n\t\t\t\t\t\t\t\t\t\t<\/figure>\n\t\t\t\t\t\t\t\t\t<\/div>\n\t\t\t\t<\/div>\n\t\t\t\t<div class=\"elementor-element elementor-element-7e4ee927 elementor-widget elementor-widget-image\" data-id=\"7e4ee927\" data-element_type=\"widget\" data-e-type=\"widget\" data-widget_type=\"image.default\">\n\t\t\t\t<div class=\"elementor-widget-container\">\n\t\t\t\t\t\t\t\t\t\t\t\t<figure class=\"wp-caption\">\n\t\t\t\t\t\t\t\t\t\t<img loading=\"lazy\" decoding=\"async\" width=\"800\" height=\"533\" src=\"https:\/\/www.elturistatranquil.com\/wp-content\/uploads\/F50-Mausoleo-de-las-amantes-de-Teruel.jpg\" class=\"attachment-large size-large wp-image-3629\" alt=\"\" srcset=\"https:\/\/www.elturistatranquil.com\/wp-content\/uploads\/F50-Mausoleo-de-las-amantes-de-Teruel.jpg 800w, https:\/\/www.elturistatranquil.com\/wp-content\/uploads\/F50-Mausoleo-de-las-amantes-de-Teruel-768x512.jpg 768w\" sizes=\"(max-width: 800px) 100vw, 800px\" \/>\t\t\t\t\t\t\t\t\t\t\t<figcaption class=\"widget-image-caption wp-caption-text\">Mausoleu dels Amants<\/figcaption>\n\t\t\t\t\t\t\t\t\t\t<\/figure>\n\t\t\t\t\t\t\t\t\t<\/div>\n\t\t\t\t<\/div>\n\t\t\t\t<div class=\"elementor-element elementor-element-31e6c0ff elementor-widget elementor-widget-menu-anchor\" data-id=\"31e6c0ff\" data-element_type=\"widget\" data-e-type=\"widget\" data-widget_type=\"menu-anchor.default\">\n\t\t\t\t<div class=\"elementor-widget-container\">\n\t\t\t\t\t\t\t<div class=\"elementor-menu-anchor\" id=\"c1012\"><\/div>\n\t\t\t\t\t\t<\/div>\n\t\t\t\t<\/div>\n\t\t\t\t<div class=\"elementor-element elementor-element-8b8e24c elementor-widget elementor-widget-text-editor\" data-id=\"8b8e24c\" data-element_type=\"widget\" data-e-type=\"widget\" data-widget_type=\"text-editor.default\">\n\t\t\t\t<div class=\"elementor-widget-container\">\n\t\t\t\t\t\t\t\t\t<p>Per mantenir la tradici\u00f3 i potenciar el turisme, cada any es representen\u00a0<a href=\"http:\/\/www.bodasdeisabel.com\/W3\/Bodas\/Index_Bodas.aspx\" target=\"_blank\" rel=\"noopener\"><em>Las Bodas de Isabel de Segura\u00a0<\/em><\/a>a Terol en forma de festa medieval; generalment es desenvolupa tots els anys el\u00a0<em>tercer cap de setmana de Febrer.\u00a0<\/em><\/p>\t\t\t\t\t\t\t\t<\/div>\n\t\t\t\t<\/div>\n\t\t\t\t<div class=\"elementor-element elementor-element-913ccf elementor-widget elementor-widget-heading\" data-id=\"913ccf\" data-element_type=\"widget\" data-e-type=\"widget\" data-widget_type=\"heading.default\">\n\t\t\t\t<div class=\"elementor-widget-container\">\n\t\t\t\t\t<h2 class=\"elementor-heading-title elementor-size-default\">Din\u00f3polis i el Museu Paleontol\u00f2gic de Terol <\/h2>\t\t\t\t<\/div>\n\t\t\t\t<\/div>\n\t\t\t\t<div class=\"elementor-element elementor-element-6b831d35 elementor-widget elementor-widget-text-editor\" data-id=\"6b831d35\" data-element_type=\"widget\" data-e-type=\"widget\" data-widget_type=\"text-editor.default\">\n\t\t\t\t<div class=\"elementor-widget-container\">\n\t\t\t\t\t\t\t\t\t<p>Com he dit abans, el complement a l\u2019anada a Terol pot ser visitar\u00a0<a href=\"http:\/\/www.dinopolis.com\/\" target=\"_blank\" rel=\"noopener\"><em>Din\u00f3polis\u00a0<\/em><\/a>que combina un parc tem\u00e0tic de oci sobre els dinosaures amb el <em>Museu Paleontol\u00f2gic de Terol<\/em>.<\/p>\t\t\t\t\t\t\t\t<\/div>\n\t\t\t\t<\/div>\n\t\t\t\t<div class=\"elementor-element elementor-element-65d47bba elementor-widget elementor-widget-menu-anchor\" data-id=\"65d47bba\" data-element_type=\"widget\" data-e-type=\"widget\" data-widget_type=\"menu-anchor.default\">\n\t\t\t\t<div class=\"elementor-widget-container\">\n\t\t\t\t\t\t\t<div class=\"elementor-menu-anchor\" id=\"c1013\"><\/div>\n\t\t\t\t\t\t<\/div>\n\t\t\t\t<\/div>\n\t\t\t\t<div class=\"elementor-element elementor-element-31b609c elementor-widget elementor-widget-image\" data-id=\"31b609c\" data-element_type=\"widget\" data-e-type=\"widget\" data-widget_type=\"image.default\">\n\t\t\t\t<div class=\"elementor-widget-container\">\n\t\t\t\t\t\t\t\t\t\t\t\t<figure class=\"wp-caption\">\n\t\t\t\t\t\t\t\t\t\t<img loading=\"lazy\" decoding=\"async\" width=\"800\" height=\"533\" src=\"https:\/\/www.elturistatranquil.com\/wp-content\/uploads\/F51-Din\u00f3polis-Teruel.jpg\" class=\"attachment-large size-large wp-image-3630\" alt=\"\" srcset=\"https:\/\/www.elturistatranquil.com\/wp-content\/uploads\/F51-Din\u00f3polis-Teruel.jpg 800w, https:\/\/www.elturistatranquil.com\/wp-content\/uploads\/F51-Din\u00f3polis-Teruel-768x512.jpg 768w\" sizes=\"(max-width: 800px) 100vw, 800px\" \/>\t\t\t\t\t\t\t\t\t\t\t<figcaption class=\"widget-image-caption wp-caption-text\">Din\u00f3polis (Foto de commons.wikimedia)<\/figcaption>\n\t\t\t\t\t\t\t\t\t\t<\/figure>\n\t\t\t\t\t\t\t\t\t<\/div>\n\t\t\t\t<\/div>\n\t\t\t\t<div class=\"elementor-element elementor-element-6251f44c elementor-widget elementor-widget-heading\" data-id=\"6251f44c\" data-element_type=\"widget\" data-e-type=\"widget\" data-widget_type=\"heading.default\">\n\t\t\t\t<div class=\"elementor-widget-container\">\n\t\t\t\t\t<h2 class=\"elementor-heading-title elementor-size-default\">Fi de la visita<\/h2>\t\t\t\t<\/div>\n\t\t\t\t<\/div>\n\t\t\t\t<div class=\"elementor-element elementor-element-1e254de8 elementor-widget elementor-widget-menu-anchor\" data-id=\"1e254de8\" data-element_type=\"widget\" data-e-type=\"widget\" data-widget_type=\"menu-anchor.default\">\n\t\t\t\t<div class=\"elementor-widget-container\">\n\t\t\t\t\t\t\t<div class=\"elementor-menu-anchor\" id=\"c1014\"><\/div>\n\t\t\t\t\t\t<\/div>\n\t\t\t\t<\/div>\n\t\t\t\t<div class=\"elementor-element elementor-element-2a7c840 elementor-widget elementor-widget-text-editor\" data-id=\"2a7c840\" data-element_type=\"widget\" data-e-type=\"widget\" data-widget_type=\"text-editor.default\">\n\t\t\t\t<div class=\"elementor-widget-container\">\n\t\t\t\t\t\t\t\t\t<p>La part hist\u00f2rica de Terol \u00e9s una ciutat tranquil\u00b7la i agradable per passejar-hi i submergir-se en els seus carrerons, per menjar unes tapes o dinar-hi. Tamb\u00e9 \u00e9s poden visitar museus com del <em>Museo de Arte SAcro<\/em> o el <em>Museo Provincial<\/em>.<\/p><p>Penso que el \u201c<strong>Teruel tambi\u00e9n existe<\/strong>\u201d \u00e9s una proclama que haur\u00edem de fer cas per anar-hi i gaudir-ne. La ciutat s\u2019ho mereix, i l\u2019entorn, com la Sierra de Albarrac\u00edn, \u00e9s un dels llocs a admirar de la Pen\u00ednsula.<\/p>\t\t\t\t\t\t\t\t<\/div>\n\t\t\t\t<\/div>\n\t\t\t\t<div class=\"elementor-element elementor-element-5f3cbac2 elementor-widget elementor-widget-heading\" data-id=\"5f3cbac2\" data-element_type=\"widget\" data-e-type=\"widget\" data-widget_type=\"heading.default\">\n\t\t\t\t<div class=\"elementor-widget-container\">\n\t\t\t\t\t<h2 class=\"elementor-heading-title elementor-size-default\">Bases d\u2019informaci\u00f3<\/h2>\t\t\t\t<\/div>\n\t\t\t\t<\/div>\n\t\t\t\t<div class=\"elementor-element elementor-element-38c10c97 elementor-widget elementor-widget-text-editor\" data-id=\"38c10c97\" data-element_type=\"widget\" data-e-type=\"widget\" data-widget_type=\"text-editor.default\">\n\t\t\t\t<div class=\"elementor-widget-container\">\n\t\t\t\t\t\t\t\t\t<p><strong>Webs<\/strong><\/p><p><a href=\"http:\/\/www.teruel.es\/portal\/\" target=\"_blank\" rel=\"noopener\">Ayuntamiento<\/a>, <a href=\"https:\/\/es.wikipedia.org\/wiki\/Teruel\" target=\"_blank\" rel=\"noopener\">Wikipedia<\/a>, <a href=\"https:\/\/unaventanadesdemadrid.com\/otras-comunidades\/teruel-indice.html\" target=\"_blank\" rel=\"noopener\">unaventanadesdemadrid<\/a>, <a href=\"https:\/\/www.visitar2dias.com\/visitar-en-2-dias-teruel\/\" target=\"_blank\" rel=\"noopener\">visitar2dias<\/a>, <a href=\"http:\/\/www.patrimonioculturaldearagon.es\/bienes-culturales\/conjunto-historico-teruel\" target=\"_blank\" rel=\"noopener\">patrimonioculturaldearagon<\/a>, <a href=\"http:\/\/redaragon.elperiodicodearagon.com\/turismo\/que_hacer\/default.asp?accion=buscar&amp;poblacion_id=12\" target=\"_blank\" rel=\"noopener\">redaragon<\/a>, <a href=\"http:\/\/www.arteguias.com\/rutateruel.htm\" target=\"_blank\" rel=\"noopener\">arteguias<\/a><\/p><p><strong>Patrimoni cultural <\/strong><\/p><p><a href=\"http:\/\/www.patrimonioculturaldearagon.es\/bienes-culturales\/catedral-santa-maria-de-mediavilla-teruel\" target=\"_blank\" rel=\"noopener\">patrimonioculturaldearagon<\/a>, <a href=\"http:\/\/aragonmudejar.com\/teruel\/pag_catedral\/catedral10.htm\" target=\"_blank\" rel=\"noopener\">aragonmudejar<\/a>, <a href=\"https:\/\/www.rutasconhistoria.es\/loc\/acueducto-de-teruel\" target=\"_blank\" rel=\"noopener\">rutasconhistoria<\/a><\/p><p><strong>Mudejar<\/strong><\/p><p><a href=\"http:\/\/www.arteguias.com\/mudejar.htm\" target=\"_blank\" rel=\"noopener\">Arteguiasmudejar<\/a>, <a href=\"http:\/\/www.arteguias.com\/mudejar_teruel.htm\" target=\"_blank\" rel=\"noopener\">arteguiasmudejarteruel<\/a>, <a href=\"http:\/\/www.arteguias.com\/artemudejarciudadteruel.htm\" target=\"_blank\" rel=\"noopener\">arteguiasmudejarciudaddeteruel<\/a><\/p><p><strong>Modernisme i neomud\u00e8jar<\/strong><\/p><p><a href=\"http:\/\/turoliense.blogspot.com.es\/2014\/09\/edificio-de-correos-teruel.html\" target=\"_blank\" rel=\"noopener\">Turoliense<\/a>, <a href=\"http:\/\/www.artnouveau.eu\/es\/city.php?id=140\" target=\"_blank\" rel=\"noopener\">artnoveau<\/a>, <a href=\"http:\/\/www.turismo.teruel.es\/descargas\/pdf\/Modernismo%20Teruel.pdf\" target=\"_blank\" rel=\"noopener\">turismoteruel<\/a><\/p><p><strong>Din\u00f3polis<\/strong><\/p><p><a href=\"http:\/\/www.dinopolis.com\/\" target=\"_blank\" rel=\"noopener\">Dinopolis<\/a>, <a href=\"https:\/\/es.wikipedia.org\/wiki\/Din%C3%B3polis\" target=\"_blank\" rel=\"noopener\">wikipedia<\/a><\/p><p><strong>Webs Academic<\/strong><\/p><p>Mar\u00eda del Carmen Lacarra Ducay (Coord.), <a href=\"https:\/\/web.archive.org\/web\/20060827114048\/http:\/\/www.dpz.es:80\/ifc\/libros\/ebook2617.pdf\" target=\"_blank\" rel=\"noopener\"><em>Arte mud\u00e9jar en Arag\u00f3n, Le\u00f3n, Castilla, Extremadura y Andaluc\u00eda<\/em><\/a><\/p><p>Jos\u00e9 Galiay, <a href=\"https:\/\/ifc.dpz.es\/recursos\/publicaciones\/21\/54\/ebook2292.pdf\" target=\"_blank\" rel=\"noopener\"><em>Arte Mud\u00e9jar Aragon\u00e9s<\/em><\/a><\/p><p>Urbanismo: <a href=\"https:\/\/www.coam.org\/media\/Default%20Files\/fundacion\/biblioteca\/revista-urbanismo\/docs\/revista-urbanismo-n9-pag80-90.pdf\" target=\"_blank\" rel=\"noopener\"><em>Plan especial del Centro hist\u00f3rico de Teruel<\/em><\/a><\/p>\t\t\t\t\t\t\t\t<\/div>\n\t\t\t\t<\/div>\n\t\t\t\t\t<\/div>\n\t\t<\/div>\n\t\t\t\t\t<\/div>\n\t\t<\/section>\n\t\t\t\t<section class=\"elementor-section elementor-top-section elementor-element elementor-element-3b23d42 elementor-section-boxed elementor-section-height-default elementor-section-height-default\" data-id=\"3b23d42\" data-element_type=\"section\" data-e-type=\"section\">\n\t\t\t\t\t\t<div class=\"elementor-container elementor-column-gap-default\">\n\t\t\t\t\t<div class=\"elementor-column elementor-col-100 elementor-top-column elementor-element elementor-element-10de67d6\" data-id=\"10de67d6\" data-element_type=\"column\" data-e-type=\"column\">\n\t\t\t<div class=\"elementor-widget-wrap\">\n\t\t\t\t\t\t\t<\/div>\n\t\t<\/div>\n\t\t\t\t\t<\/div>\n\t\t<\/section>\n\t\t\t\t<\/div>\n\t\t","protected":false},"excerpt":{"rendered":"<p>Terol, la capital de prov\u00edncia amb menys poblaci\u00f3 d\u2019Espanya, \u00e9s una caixa de sorpreses. D\u2019estructura urbana medieval, compte amb un important llegat mud\u00e8jar i modernista, sobre una base de 250 &#8230; <a title=\"Un dia a Terol\" class=\"read-more\" href=\"https:\/\/www.elturistatranquil.com\/ca\/un-dia-a-terol\/\" aria-label=\"M\u00e9s informaci\u00f3 sobre Un dia a Terol\">[ &#8230; ]<\/a><\/p>\n","protected":false},"author":1,"featured_media":4277,"comment_status":"open","ping_status":"closed","sticky":false,"template":"","format":"standard","meta":{"footnotes":""},"categories":[70,72,74,75,76,77,79,82,83,89,90,91,92,208,100,159,101,139,106,107,142],"tags":[],"class_list":["post-4831","post","type-post","status-publish","format-standard","has-post-thumbnail","hentry","category-arquitectura-civil-ca","category-arquitectura-religiosa-ca","category-barroc","category-castells","category-ciutat","category-conjunts-historics","category-cultura-urbana-ca","category-gotic","category-historia-ca","category-modernisme","category-monestirs-catedrals","category-mudejar-ca","category-museus","category-patrimoni-mundial","category-pobles-i-ciutats-amb-interes","category-recintes-emmurallats","category-renaixement","category-segle-xvi-xvii","category-segle-xviii-xix","category-segle-xx-xxi","category-terol","infinite-scroll-item","generate-columns","tablet-grid-50","mobile-grid-100","grid-parent","grid-50","no-featured-image-padding"],"yoast_head":"<!-- This site is optimized with the Yoast SEO plugin v27.4 - https:\/\/yoast.com\/product\/yoast-seo-wordpress\/ -->\n<title>Un dia a Terol - El turista tranquil<\/title>\n<meta name=\"description\" content=\"Terol, la capital de prov\u00edncia amb menys poblaci\u00f3 d\u2019Espanya, \u00e9s una caixa de sorpreses. D\u2019estructura urbana medieval, compte amb un important llegat mud\u00e8jar i modernista, sobre una base de 250 milions d\u2019anys a Din\u00f3polis.\" \/>\n<meta name=\"robots\" content=\"index, follow, max-snippet:-1, max-image-preview:large, max-video-preview:-1\" \/>\n<link rel=\"canonical\" href=\"https:\/\/www.elturistatranquil.com\/ca\/un-dia-a-terol\/\" \/>\n<meta property=\"og:locale\" content=\"ca_ES\" \/>\n<meta property=\"og:type\" content=\"article\" \/>\n<meta property=\"og:title\" content=\"Un dia a Terol - El turista tranquil\" \/>\n<meta property=\"og:description\" content=\"Terol, la capital de prov\u00edncia amb menys poblaci\u00f3 d\u2019Espanya, \u00e9s una caixa de sorpreses. D\u2019estructura urbana medieval, compte amb un important llegat mud\u00e8jar i modernista, sobre una base de 250 milions d\u2019anys a Din\u00f3polis.\" \/>\n<meta property=\"og:url\" content=\"https:\/\/www.elturistatranquil.com\/ca\/un-dia-a-terol\/\" \/>\n<meta property=\"og:site_name\" content=\"El turista tranquil\" \/>\n<meta property=\"article:publisher\" content=\"https:\/\/www.facebook.com\/elturistatranquilo\/\" \/>\n<meta property=\"article:published_time\" content=\"2018-05-23T14:51:20+00:00\" \/>\n<meta property=\"article:modified_time\" content=\"2018-12-29T11:33:53+00:00\" \/>\n<meta property=\"og:image\" content=\"https:\/\/www.elturistatranquil.com\/wp-content\/uploads\/08-IMG_5539.jpg\" \/>\n\t<meta property=\"og:image:width\" content=\"800\" \/>\n\t<meta property=\"og:image:height\" content=\"533\" \/>\n\t<meta property=\"og:image:type\" content=\"image\/jpeg\" \/>\n<meta name=\"author\" content=\"admin\" \/>\n<meta name=\"twitter:card\" content=\"summary_large_image\" \/>\n<meta name=\"twitter:label1\" content=\"Escrit per\" \/>\n\t<meta name=\"twitter:data1\" content=\"admin\" \/>\n\t<meta name=\"twitter:label2\" content=\"Temps estimat de lectura\" \/>\n\t<meta name=\"twitter:data2\" content=\"16 minuts\" \/>\n<script type=\"application\/ld+json\" class=\"yoast-schema-graph\">{\"@context\":\"https:\\\/\\\/schema.org\",\"@graph\":[{\"@type\":\"Article\",\"@id\":\"https:\\\/\\\/www.elturistatranquil.com\\\/ca\\\/un-dia-a-terol\\\/#article\",\"isPartOf\":{\"@id\":\"https:\\\/\\\/www.elturistatranquil.com\\\/ca\\\/un-dia-a-terol\\\/\"},\"author\":{\"name\":\"admin\",\"@id\":\"https:\\\/\\\/www.elturistatranquil.com\\\/ca\\\/#\\\/schema\\\/person\\\/16f607c3079b96ed0c530a52e6b58bb5\"},\"headline\":\"Un dia a Terol\",\"datePublished\":\"2018-05-23T14:51:20+00:00\",\"dateModified\":\"2018-12-29T11:33:53+00:00\",\"mainEntityOfPage\":{\"@id\":\"https:\\\/\\\/www.elturistatranquil.com\\\/ca\\\/un-dia-a-terol\\\/\"},\"wordCount\":3308,\"commentCount\":0,\"image\":{\"@id\":\"https:\\\/\\\/www.elturistatranquil.com\\\/ca\\\/un-dia-a-terol\\\/#primaryimage\"},\"thumbnailUrl\":\"https:\\\/\\\/www.elturistatranquil.com\\\/wp-content\\\/uploads\\\/08-IMG_5539.jpg\",\"articleSection\":[\"Arquitectura civil\",\"Arquitectura religiosa\",\"Barroc\",\"Castells, Muralles\",\"Ciutat\",\"Conjunts hist\u00f2rics\",\"Cultura urbana\",\"G\u00f2tic\",\"Hist\u00f2ria\",\"Modernisme\",\"Monestirs, Catedrals\",\"Mud\u00e8jar\",\"Museus\",\"Patrimoni mundial\",\"Pobles i ciutats amb inter\u00e9s\",\"Recintes emmurallats\",\"Renaixement\",\"Segle XVI-XVII\",\"Segle XVIII-XIX\",\"Segle XX-XXI\",\"Terol\"],\"inLanguage\":\"ca\",\"potentialAction\":[{\"@type\":\"CommentAction\",\"name\":\"Comment\",\"target\":[\"https:\\\/\\\/www.elturistatranquil.com\\\/ca\\\/un-dia-a-terol\\\/#respond\"]}]},{\"@type\":\"WebPage\",\"@id\":\"https:\\\/\\\/www.elturistatranquil.com\\\/ca\\\/un-dia-a-terol\\\/\",\"url\":\"https:\\\/\\\/www.elturistatranquil.com\\\/ca\\\/un-dia-a-terol\\\/\",\"name\":\"Un dia a Terol - El turista tranquil\",\"isPartOf\":{\"@id\":\"https:\\\/\\\/www.elturistatranquil.com\\\/ca\\\/#website\"},\"primaryImageOfPage\":{\"@id\":\"https:\\\/\\\/www.elturistatranquil.com\\\/ca\\\/un-dia-a-terol\\\/#primaryimage\"},\"image\":{\"@id\":\"https:\\\/\\\/www.elturistatranquil.com\\\/ca\\\/un-dia-a-terol\\\/#primaryimage\"},\"thumbnailUrl\":\"https:\\\/\\\/www.elturistatranquil.com\\\/wp-content\\\/uploads\\\/08-IMG_5539.jpg\",\"datePublished\":\"2018-05-23T14:51:20+00:00\",\"dateModified\":\"2018-12-29T11:33:53+00:00\",\"author\":{\"@id\":\"https:\\\/\\\/www.elturistatranquil.com\\\/ca\\\/#\\\/schema\\\/person\\\/16f607c3079b96ed0c530a52e6b58bb5\"},\"description\":\"Terol, la capital de prov\u00edncia amb menys poblaci\u00f3 d\u2019Espanya, \u00e9s una caixa de sorpreses. D\u2019estructura urbana medieval, compte amb un important llegat mud\u00e8jar i modernista, sobre una base de 250 milions d\u2019anys a Din\u00f3polis.\",\"breadcrumb\":{\"@id\":\"https:\\\/\\\/www.elturistatranquil.com\\\/ca\\\/un-dia-a-terol\\\/#breadcrumb\"},\"inLanguage\":\"ca\",\"potentialAction\":[{\"@type\":\"ReadAction\",\"target\":[\"https:\\\/\\\/www.elturistatranquil.com\\\/ca\\\/un-dia-a-terol\\\/\"]}]},{\"@type\":\"ImageObject\",\"inLanguage\":\"ca\",\"@id\":\"https:\\\/\\\/www.elturistatranquil.com\\\/ca\\\/un-dia-a-terol\\\/#primaryimage\",\"url\":\"https:\\\/\\\/www.elturistatranquil.com\\\/wp-content\\\/uploads\\\/08-IMG_5539.jpg\",\"contentUrl\":\"https:\\\/\\\/www.elturistatranquil.com\\\/wp-content\\\/uploads\\\/08-IMG_5539.jpg\",\"width\":800,\"height\":533,\"caption\":\"Terol\"},{\"@type\":\"BreadcrumbList\",\"@id\":\"https:\\\/\\\/www.elturistatranquil.com\\\/ca\\\/un-dia-a-terol\\\/#breadcrumb\",\"itemListElement\":[{\"@type\":\"ListItem\",\"position\":1,\"name\":\"Portada\",\"item\":\"https:\\\/\\\/www.elturistatranquil.com\\\/ca\\\/\"},{\"@type\":\"ListItem\",\"position\":2,\"name\":\"Un dia a Terol\"}]},{\"@type\":\"WebSite\",\"@id\":\"https:\\\/\\\/www.elturistatranquil.com\\\/ca\\\/#website\",\"url\":\"https:\\\/\\\/www.elturistatranquil.com\\\/ca\\\/\",\"name\":\"El turista tranquil\",\"description\":\"Blog de viatges\",\"potentialAction\":[{\"@type\":\"SearchAction\",\"target\":{\"@type\":\"EntryPoint\",\"urlTemplate\":\"https:\\\/\\\/www.elturistatranquil.com\\\/ca\\\/?s={search_term_string}\"},\"query-input\":{\"@type\":\"PropertyValueSpecification\",\"valueRequired\":true,\"valueName\":\"search_term_string\"}}],\"inLanguage\":\"ca\"},{\"@type\":\"Person\",\"@id\":\"https:\\\/\\\/www.elturistatranquil.com\\\/ca\\\/#\\\/schema\\\/person\\\/16f607c3079b96ed0c530a52e6b58bb5\",\"name\":\"admin\",\"image\":{\"@type\":\"ImageObject\",\"inLanguage\":\"ca\",\"@id\":\"https:\\\/\\\/secure.gravatar.com\\\/avatar\\\/1fbaf22aee75fcbb29a2f97b107f95d25d3a19b7c3416105be10269872673e8d?s=96&d=mm&r=g\",\"url\":\"https:\\\/\\\/secure.gravatar.com\\\/avatar\\\/1fbaf22aee75fcbb29a2f97b107f95d25d3a19b7c3416105be10269872673e8d?s=96&d=mm&r=g\",\"contentUrl\":\"https:\\\/\\\/secure.gravatar.com\\\/avatar\\\/1fbaf22aee75fcbb29a2f97b107f95d25d3a19b7c3416105be10269872673e8d?s=96&d=mm&r=g\",\"caption\":\"admin\"}}]}<\/script>\n<!-- \/ Yoast SEO plugin. -->","yoast_head_json":{"title":"Un dia a Terol - El turista tranquil","description":"Terol, la capital de prov\u00edncia amb menys poblaci\u00f3 d\u2019Espanya, \u00e9s una caixa de sorpreses. D\u2019estructura urbana medieval, compte amb un important llegat mud\u00e8jar i modernista, sobre una base de 250 milions d\u2019anys a Din\u00f3polis.","robots":{"index":"index","follow":"follow","max-snippet":"max-snippet:-1","max-image-preview":"max-image-preview:large","max-video-preview":"max-video-preview:-1"},"canonical":"https:\/\/www.elturistatranquil.com\/ca\/un-dia-a-terol\/","og_locale":"ca_ES","og_type":"article","og_title":"Un dia a Terol - El turista tranquil","og_description":"Terol, la capital de prov\u00edncia amb menys poblaci\u00f3 d\u2019Espanya, \u00e9s una caixa de sorpreses. D\u2019estructura urbana medieval, compte amb un important llegat mud\u00e8jar i modernista, sobre una base de 250 milions d\u2019anys a Din\u00f3polis.","og_url":"https:\/\/www.elturistatranquil.com\/ca\/un-dia-a-terol\/","og_site_name":"El turista tranquil","article_publisher":"https:\/\/www.facebook.com\/elturistatranquilo\/","article_published_time":"2018-05-23T14:51:20+00:00","article_modified_time":"2018-12-29T11:33:53+00:00","og_image":[{"width":800,"height":533,"url":"https:\/\/www.elturistatranquil.com\/wp-content\/uploads\/08-IMG_5539.jpg","type":"image\/jpeg"}],"author":"admin","twitter_card":"summary_large_image","twitter_misc":{"Escrit per":"admin","Temps estimat de lectura":"16 minuts"},"schema":{"@context":"https:\/\/schema.org","@graph":[{"@type":"Article","@id":"https:\/\/www.elturistatranquil.com\/ca\/un-dia-a-terol\/#article","isPartOf":{"@id":"https:\/\/www.elturistatranquil.com\/ca\/un-dia-a-terol\/"},"author":{"name":"admin","@id":"https:\/\/www.elturistatranquil.com\/ca\/#\/schema\/person\/16f607c3079b96ed0c530a52e6b58bb5"},"headline":"Un dia a Terol","datePublished":"2018-05-23T14:51:20+00:00","dateModified":"2018-12-29T11:33:53+00:00","mainEntityOfPage":{"@id":"https:\/\/www.elturistatranquil.com\/ca\/un-dia-a-terol\/"},"wordCount":3308,"commentCount":0,"image":{"@id":"https:\/\/www.elturistatranquil.com\/ca\/un-dia-a-terol\/#primaryimage"},"thumbnailUrl":"https:\/\/www.elturistatranquil.com\/wp-content\/uploads\/08-IMG_5539.jpg","articleSection":["Arquitectura civil","Arquitectura religiosa","Barroc","Castells, Muralles","Ciutat","Conjunts hist\u00f2rics","Cultura urbana","G\u00f2tic","Hist\u00f2ria","Modernisme","Monestirs, Catedrals","Mud\u00e8jar","Museus","Patrimoni mundial","Pobles i ciutats amb inter\u00e9s","Recintes emmurallats","Renaixement","Segle XVI-XVII","Segle XVIII-XIX","Segle XX-XXI","Terol"],"inLanguage":"ca","potentialAction":[{"@type":"CommentAction","name":"Comment","target":["https:\/\/www.elturistatranquil.com\/ca\/un-dia-a-terol\/#respond"]}]},{"@type":"WebPage","@id":"https:\/\/www.elturistatranquil.com\/ca\/un-dia-a-terol\/","url":"https:\/\/www.elturistatranquil.com\/ca\/un-dia-a-terol\/","name":"Un dia a Terol - El turista tranquil","isPartOf":{"@id":"https:\/\/www.elturistatranquil.com\/ca\/#website"},"primaryImageOfPage":{"@id":"https:\/\/www.elturistatranquil.com\/ca\/un-dia-a-terol\/#primaryimage"},"image":{"@id":"https:\/\/www.elturistatranquil.com\/ca\/un-dia-a-terol\/#primaryimage"},"thumbnailUrl":"https:\/\/www.elturistatranquil.com\/wp-content\/uploads\/08-IMG_5539.jpg","datePublished":"2018-05-23T14:51:20+00:00","dateModified":"2018-12-29T11:33:53+00:00","author":{"@id":"https:\/\/www.elturistatranquil.com\/ca\/#\/schema\/person\/16f607c3079b96ed0c530a52e6b58bb5"},"description":"Terol, la capital de prov\u00edncia amb menys poblaci\u00f3 d\u2019Espanya, \u00e9s una caixa de sorpreses. D\u2019estructura urbana medieval, compte amb un important llegat mud\u00e8jar i modernista, sobre una base de 250 milions d\u2019anys a Din\u00f3polis.","breadcrumb":{"@id":"https:\/\/www.elturistatranquil.com\/ca\/un-dia-a-terol\/#breadcrumb"},"inLanguage":"ca","potentialAction":[{"@type":"ReadAction","target":["https:\/\/www.elturistatranquil.com\/ca\/un-dia-a-terol\/"]}]},{"@type":"ImageObject","inLanguage":"ca","@id":"https:\/\/www.elturistatranquil.com\/ca\/un-dia-a-terol\/#primaryimage","url":"https:\/\/www.elturistatranquil.com\/wp-content\/uploads\/08-IMG_5539.jpg","contentUrl":"https:\/\/www.elturistatranquil.com\/wp-content\/uploads\/08-IMG_5539.jpg","width":800,"height":533,"caption":"Terol"},{"@type":"BreadcrumbList","@id":"https:\/\/www.elturistatranquil.com\/ca\/un-dia-a-terol\/#breadcrumb","itemListElement":[{"@type":"ListItem","position":1,"name":"Portada","item":"https:\/\/www.elturistatranquil.com\/ca\/"},{"@type":"ListItem","position":2,"name":"Un dia a Terol"}]},{"@type":"WebSite","@id":"https:\/\/www.elturistatranquil.com\/ca\/#website","url":"https:\/\/www.elturistatranquil.com\/ca\/","name":"El turista tranquil","description":"Blog de viatges","potentialAction":[{"@type":"SearchAction","target":{"@type":"EntryPoint","urlTemplate":"https:\/\/www.elturistatranquil.com\/ca\/?s={search_term_string}"},"query-input":{"@type":"PropertyValueSpecification","valueRequired":true,"valueName":"search_term_string"}}],"inLanguage":"ca"},{"@type":"Person","@id":"https:\/\/www.elturistatranquil.com\/ca\/#\/schema\/person\/16f607c3079b96ed0c530a52e6b58bb5","name":"admin","image":{"@type":"ImageObject","inLanguage":"ca","@id":"https:\/\/secure.gravatar.com\/avatar\/1fbaf22aee75fcbb29a2f97b107f95d25d3a19b7c3416105be10269872673e8d?s=96&d=mm&r=g","url":"https:\/\/secure.gravatar.com\/avatar\/1fbaf22aee75fcbb29a2f97b107f95d25d3a19b7c3416105be10269872673e8d?s=96&d=mm&r=g","contentUrl":"https:\/\/secure.gravatar.com\/avatar\/1fbaf22aee75fcbb29a2f97b107f95d25d3a19b7c3416105be10269872673e8d?s=96&d=mm&r=g","caption":"admin"}}]}},"_links":{"self":[{"href":"https:\/\/www.elturistatranquil.com\/ca\/wp-json\/wp\/v2\/posts\/4831","targetHints":{"allow":["GET"]}}],"collection":[{"href":"https:\/\/www.elturistatranquil.com\/ca\/wp-json\/wp\/v2\/posts"}],"about":[{"href":"https:\/\/www.elturistatranquil.com\/ca\/wp-json\/wp\/v2\/types\/post"}],"author":[{"embeddable":true,"href":"https:\/\/www.elturistatranquil.com\/ca\/wp-json\/wp\/v2\/users\/1"}],"replies":[{"embeddable":true,"href":"https:\/\/www.elturistatranquil.com\/ca\/wp-json\/wp\/v2\/comments?post=4831"}],"version-history":[{"count":0,"href":"https:\/\/www.elturistatranquil.com\/ca\/wp-json\/wp\/v2\/posts\/4831\/revisions"}],"wp:featuredmedia":[{"embeddable":true,"href":"https:\/\/www.elturistatranquil.com\/ca\/wp-json\/wp\/v2\/media\/4277"}],"wp:attachment":[{"href":"https:\/\/www.elturistatranquil.com\/ca\/wp-json\/wp\/v2\/media?parent=4831"}],"wp:term":[{"taxonomy":"category","embeddable":true,"href":"https:\/\/www.elturistatranquil.com\/ca\/wp-json\/wp\/v2\/categories?post=4831"},{"taxonomy":"post_tag","embeddable":true,"href":"https:\/\/www.elturistatranquil.com\/ca\/wp-json\/wp\/v2\/tags?post=4831"}],"curies":[{"name":"wp","href":"https:\/\/api.w.org\/{rel}","templated":true}]}}