{"id":48435,"date":"2023-08-09T17:05:33","date_gmt":"2023-08-09T15:05:33","guid":{"rendered":"https:\/\/www.elturistatranquil.com\/?p=48435"},"modified":"2023-08-24T13:09:33","modified_gmt":"2023-08-24T11:09:33","slug":"esglesies-romaniques-de-sant-feliu-de-barruera-i-de-la-nativitat-i-sant-quirc-de-durro-vall-de-boi-4","status":"publish","type":"post","link":"https:\/\/www.elturistatranquil.com\/ca\/esglesies-romaniques-de-sant-feliu-de-barruera-i-de-la-nativitat-i-sant-quirc-de-durro-vall-de-boi-4\/","title":{"rendered":"Esgl\u00e9sies rom\u00e0niques de Sant Feliu de Barruera ,i de la Nativitat i Sant Quirc de Durro (Vall de Bo\u00ed) (4)"},"content":{"rendered":"\t\t<div data-elementor-type=\"wp-post\" data-elementor-id=\"48435\" class=\"elementor elementor-48435 elementor-48098\" data-elementor-post-type=\"post\">\n\t\t\t\t\t\t<section class=\"elementor-section elementor-top-section elementor-element elementor-element-356235cd elementor-section-boxed elementor-section-height-default elementor-section-height-default\" data-id=\"356235cd\" data-element_type=\"section\" data-e-type=\"section\">\n\t\t\t\t\t\t<div class=\"elementor-container elementor-column-gap-default\">\n\t\t\t\t\t<div class=\"elementor-column elementor-col-100 elementor-top-column elementor-element elementor-element-545e57a1\" data-id=\"545e57a1\" data-element_type=\"column\" data-e-type=\"column\">\n\t\t\t<div class=\"elementor-widget-wrap elementor-element-populated\">\n\t\t\t\t\t\t<section class=\"elementor-section elementor-inner-section elementor-element elementor-element-1b1a1a2b elementor-section-content-middle elementor-section-boxed elementor-section-height-default elementor-section-height-default\" data-id=\"1b1a1a2b\" data-element_type=\"section\" data-e-type=\"section\">\n\t\t\t\t\t\t<div class=\"elementor-container elementor-column-gap-default\">\n\t\t\t\t\t<div class=\"elementor-column elementor-col-100 elementor-inner-column elementor-element elementor-element-2f16f373\" data-id=\"2f16f373\" data-element_type=\"column\" data-e-type=\"column\">\n\t\t\t<div class=\"elementor-widget-wrap elementor-element-populated\">\n\t\t\t\t\t\t<div class=\"elementor-element elementor-element-36e5169f elementor-widget elementor-widget-text-editor\" data-id=\"36e5169f\" data-element_type=\"widget\" data-e-type=\"widget\" data-widget_type=\"text-editor.default\">\n\t\t\t\t<div class=\"elementor-widget-container\">\n\t\t\t\t\t\t\t\t\t<p>Al quart post sobre les esgl\u00e9sies rom\u00e0niques de la Vall de Bo\u00ed (Lleida), visitem <em>Sant Feliu de Barruera<\/em>, i de <em>la Nativitat i Sant Quirc de Durro<\/em>.<\/p>\t\t\t\t\t\t\t\t<\/div>\n\t\t\t\t<\/div>\n\t\t\t\t\t<\/div>\n\t\t<\/div>\n\t\t\t\t\t<\/div>\n\t\t<\/section>\n\t\t\t\t<div class=\"elementor-element elementor-element-10a96d9d elementor-widget elementor-widget-heading\" data-id=\"10a96d9d\" data-element_type=\"widget\" data-e-type=\"widget\" data-widget_type=\"heading.default\">\n\t\t\t\t<div class=\"elementor-widget-container\">\n\t\t\t\t\t<h1 class=\"elementor-heading-title elementor-size-default\">Esgl\u00e9sies rom\u00e0niques de Sant Feliu de Barruera, i de la Nativitat i Sant Quirc de Durro (Vall de Bo\u00ed) (4)<\/h1>\t\t\t\t<\/div>\n\t\t\t\t<\/div>\n\t\t\t\t\t<\/div>\n\t\t<\/div>\n\t\t\t\t\t<\/div>\n\t\t<\/section>\n\t\t\t\t<section class=\"elementor-section elementor-top-section elementor-element elementor-element-3b915d2b elementor-section-boxed elementor-section-height-default elementor-section-height-default\" data-id=\"3b915d2b\" data-element_type=\"section\" data-e-type=\"section\">\n\t\t\t\t\t\t<div class=\"elementor-container elementor-column-gap-default\">\n\t\t\t\t\t<div class=\"elementor-column elementor-col-100 elementor-top-column elementor-element elementor-element-6f79583a\" data-id=\"6f79583a\" data-element_type=\"column\" data-e-type=\"column\">\n\t\t\t<div class=\"elementor-widget-wrap elementor-element-populated\">\n\t\t\t\t\t\t<div class=\"elementor-element elementor-element-2830ecc9 elementor-widget elementor-widget-image\" data-id=\"2830ecc9\" data-element_type=\"widget\" data-e-type=\"widget\" data-widget_type=\"image.default\">\n\t\t\t\t<div class=\"elementor-widget-container\">\n\t\t\t\t\t\t\t\t\t\t\t\t<figure class=\"wp-caption\">\n\t\t\t\t\t\t\t\t\t\t<img fetchpriority=\"high\" decoding=\"async\" width=\"768\" height=\"459\" src=\"https:\/\/www.elturistatranquil.com\/wp-content\/uploads\/z3-Barruera-i-Durro-Google-Earth-2023-05-22.jpg\" class=\"attachment-large size-large wp-image-48728\" alt=\"Barruera i Durro (Google Earth 2023-05-22)\" srcset=\"https:\/\/www.elturistatranquil.com\/wp-content\/uploads\/z3-Barruera-i-Durro-Google-Earth-2023-05-22.jpg 768w, https:\/\/www.elturistatranquil.com\/wp-content\/uploads\/z3-Barruera-i-Durro-Google-Earth-2023-05-22-339x203.jpg 339w\" sizes=\"(max-width: 768px) 100vw, 768px\" \/>\t\t\t\t\t\t\t\t\t\t\t<figcaption class=\"widget-image-caption wp-caption-text\">Esgl\u00e9sies rom\u00e0niques de la Vall de Boi (Google earth 2023-06-08)<\/figcaption>\n\t\t\t\t\t\t\t\t\t\t<\/figure>\n\t\t\t\t\t\t\t\t\t<\/div>\n\t\t\t\t<\/div>\n\t\t\t\t<section class=\"elementor-section elementor-inner-section elementor-element elementor-element-6c8b3161 elementor-section-boxed elementor-section-height-default elementor-section-height-default\" data-id=\"6c8b3161\" data-element_type=\"section\" data-e-type=\"section\" data-settings=\"{&quot;background_background&quot;:&quot;classic&quot;}\">\n\t\t\t\t\t\t\t<div class=\"elementor-background-overlay\"><\/div>\n\t\t\t\t\t\t\t<div class=\"elementor-container elementor-column-gap-default\">\n\t\t\t\t\t<div class=\"elementor-column elementor-col-100 elementor-inner-column elementor-element elementor-element-578fd70a\" data-id=\"578fd70a\" data-element_type=\"column\" data-e-type=\"column\" data-settings=\"{&quot;background_background&quot;:&quot;classic&quot;}\">\n\t\t\t<div class=\"elementor-widget-wrap elementor-element-populated\">\n\t\t\t\t\t\t<div class=\"elementor-element elementor-element-ccbf44c elementor-widget elementor-widget-text-editor\" data-id=\"ccbf44c\" data-element_type=\"widget\" data-e-type=\"widget\" data-widget_type=\"text-editor.default\">\n\t\t\t\t<div class=\"elementor-widget-container\">\n\t\t\t\t\t\t\t\t\t<p>Municipi: La Vall de Bo\u00ed.\u00a0 Comarca: Alta Ribagor\u00e7a. Prov\u00edncia: Lleida. Com. Aut\u00f2noma: Catalunya<\/p><p>Web:\u00a0<a href=\"https:\/\/www.centreromanic.com\/qui-som\/\" target=\"_blank\" rel=\"noopener\">centreromanic<\/a><\/p><p><em>Patrimoni Mundial de la UNESCO\u00a0<\/em>(2000)<\/p><p>Visita: 2022-2023<\/p>\t\t\t\t\t\t\t\t<\/div>\n\t\t\t\t<\/div>\n\t\t\t\t\t<\/div>\n\t\t<\/div>\n\t\t\t\t\t<\/div>\n\t\t<\/section>\n\t\t\t\t<div class=\"elementor-element elementor-element-634ffcae elementor-widget elementor-widget-image\" data-id=\"634ffcae\" data-element_type=\"widget\" data-e-type=\"widget\" data-widget_type=\"image.default\">\n\t\t\t\t<div class=\"elementor-widget-container\">\n\t\t\t\t\t\t\t\t\t\t\t\t<figure class=\"wp-caption\">\n\t\t\t\t\t\t\t\t\t\t<img decoding=\"async\" width=\"768\" height=\"511\" src=\"https:\/\/www.elturistatranquil.com\/wp-content\/uploads\/F02c-Mapa-de-situacio-de-les-esglesies-romaniques-de-la-Vall-de-Boi-Google-maps-2023-05-22.jpg\" class=\"attachment-medium_large size-medium_large wp-image-47094\" alt=\"Mapa de situacio de les esglesies romaniques de la Vall de Boi (Google maps 2023-05-22)\" srcset=\"https:\/\/www.elturistatranquil.com\/wp-content\/uploads\/F02c-Mapa-de-situacio-de-les-esglesies-romaniques-de-la-Vall-de-Boi-Google-maps-2023-05-22.jpg 768w, https:\/\/www.elturistatranquil.com\/wp-content\/uploads\/F02c-Mapa-de-situacio-de-les-esglesies-romaniques-de-la-Vall-de-Boi-Google-maps-2023-05-22-339x226.jpg 339w\" sizes=\"(max-width: 768px) 100vw, 768px\" \/>\t\t\t\t\t\t\t\t\t\t\t<figcaption class=\"widget-image-caption wp-caption-text\">Mapa de situaci\u00f3n de las iglesias del Valle de Boi (Google maps 2023-02-20)<\/figcaption>\n\t\t\t\t\t\t\t\t\t\t<\/figure>\n\t\t\t\t\t\t\t\t\t<\/div>\n\t\t\t\t<\/div>\n\t\t\t\t<div class=\"elementor-element elementor-element-53e73557 elementor-widget elementor-widget-spacer\" data-id=\"53e73557\" data-element_type=\"widget\" data-e-type=\"widget\" data-widget_type=\"spacer.default\">\n\t\t\t\t<div class=\"elementor-widget-container\">\n\t\t\t\t\t\t\t<div class=\"elementor-spacer\">\n\t\t\t<div class=\"elementor-spacer-inner\"><\/div>\n\t\t<\/div>\n\t\t\t\t\t\t<\/div>\n\t\t\t\t<\/div>\n\t\t\t\t<div class=\"elementor-element elementor-element-57332664 elementor-toc--minimized-on-tablet elementor-widget elementor-widget-table-of-contents\" data-id=\"57332664\" data-element_type=\"widget\" data-e-type=\"widget\" data-settings=\"{&quot;headings_by_tags&quot;:[&quot;h2&quot;,&quot;h3&quot;,&quot;h4&quot;],&quot;marker_view&quot;:&quot;bullets&quot;,&quot;icon&quot;:{&quot;value&quot;:&quot;&quot;,&quot;library&quot;:&quot;&quot;},&quot;no_headings_message&quot;:&quot;No s&#039;ha trobat cap encap\\u00e7alament en aquesta p\\u00e0gina.&quot;,&quot;minimize_box&quot;:&quot;yes&quot;,&quot;minimized_on&quot;:&quot;tablet&quot;,&quot;hierarchical_view&quot;:&quot;yes&quot;,&quot;min_height&quot;:{&quot;unit&quot;:&quot;px&quot;,&quot;size&quot;:&quot;&quot;,&quot;sizes&quot;:[]},&quot;min_height_tablet&quot;:{&quot;unit&quot;:&quot;px&quot;,&quot;size&quot;:&quot;&quot;,&quot;sizes&quot;:[]},&quot;min_height_mobile&quot;:{&quot;unit&quot;:&quot;px&quot;,&quot;size&quot;:&quot;&quot;,&quot;sizes&quot;:[]}}\" data-widget_type=\"table-of-contents.default\">\n\t\t\t\t<div class=\"elementor-widget-container\">\n\t\t\t\t\t\t\t\t\t<div class=\"elementor-toc__header\">\n\t\t\t\t\t\t<h4 class=\"elementor-toc__header-title\">\n\t\t\t\t\u00cdndex\t\t\t<\/h4>\n\t\t\t\t\t\t\t\t\t\t<div class=\"elementor-toc__toggle-button elementor-toc__toggle-button--expand\" role=\"button\" tabindex=\"0\" aria-controls=\"elementor-toc__57332664\" aria-expanded=\"true\" aria-label=\"Open table of contents\"><i aria-hidden=\"true\" class=\"fas fa-chevron-down\"><\/i><\/div>\n\t\t\t\t<div class=\"elementor-toc__toggle-button elementor-toc__toggle-button--collapse\" role=\"button\" tabindex=\"0\" aria-controls=\"elementor-toc__57332664\" aria-expanded=\"true\" aria-label=\"Close table of contents\"><i aria-hidden=\"true\" class=\"fas fa-chevron-up\"><\/i><\/div>\n\t\t\t\t\t<\/div>\n\t\t\t\t<div id=\"elementor-toc__57332664\" class=\"elementor-toc__body\">\n\t\t\t<div class=\"elementor-toc__spinner-container\">\n\t\t\t\t<i class=\"elementor-toc__spinner eicon-animation-spin eicon-loading\" aria-hidden=\"true\"><\/i>\t\t\t<\/div>\n\t\t<\/div>\n\t\t\t\t\t\t<\/div>\n\t\t\t\t<\/div>\n\t\t\t\t<div class=\"elementor-element elementor-element-8c1687b elementor-widget elementor-widget-menu-anchor\" data-id=\"8c1687b\" data-element_type=\"widget\" data-e-type=\"widget\" data-widget_type=\"menu-anchor.default\">\n\t\t\t\t<div class=\"elementor-widget-container\">\n\t\t\t\t\t\t\t<div class=\"elementor-menu-anchor\" id=\"a0101-EnlaceaunpuntodentrodelPost\"><\/div>\n\t\t\t\t\t\t<\/div>\n\t\t\t\t<\/div>\n\t\t\t\t<div class=\"elementor-element elementor-element-5b694efe elementor-widget elementor-widget-spacer\" data-id=\"5b694efe\" data-element_type=\"widget\" data-e-type=\"widget\" data-widget_type=\"spacer.default\">\n\t\t\t\t<div class=\"elementor-widget-container\">\n\t\t\t\t\t\t\t<div class=\"elementor-spacer\">\n\t\t\t<div class=\"elementor-spacer-inner\"><\/div>\n\t\t<\/div>\n\t\t\t\t\t\t<\/div>\n\t\t\t\t<\/div>\n\t\t\t\t<div class=\"elementor-element elementor-element-7f0e2c8e elementor-widget elementor-widget-heading\" data-id=\"7f0e2c8e\" data-element_type=\"widget\" data-e-type=\"widget\" data-widget_type=\"heading.default\">\n\t\t\t\t<div class=\"elementor-widget-container\">\n\t\t\t\t\t<h2 class=\"elementor-heading-title elementor-size-default\">Esgl\u00e9sies rom\u00e0niques de Sant Feliu de Barruera i de la Nativitat de Durro i ermita de Sant Quirc de Durro. La Vall de Bo\u00ed. Lleida<\/h2>\t\t\t\t<\/div>\n\t\t\t\t<\/div>\n\t\t\t\t<div class=\"elementor-element elementor-element-65c9d5fa elementor-widget elementor-widget-text-editor\" data-id=\"65c9d5fa\" data-element_type=\"widget\" data-e-type=\"widget\" data-widget_type=\"text-editor.default\">\n\t\t\t\t<div class=\"elementor-widget-container\">\n\t\t\t\t\t\t\t\t\t<p>En aquest Post ens referirem a les <strong>esgl\u00e9sies de Sant Feliu de Barruera<\/strong> i de <strong>La Nativitat de Durro<\/strong> i a l\u2019<strong>ermita de Sant Quirc de Durro<\/strong>.<\/p><p>Aquestes dues esgl\u00e9sies presenten plantes similars i diferenciades de la resta de les esgl\u00e9sies de la vall. Avancem que s\u00f3n d\u2019una sola nau, mentre que tenen dos absis: un absis major a la nau central i una absidiola precedida d\u2019una capella que sobresurt del mur al costat sud. Al lateral nord tamb\u00e9 s\u2019annexen capelles externes.<\/p><p>Per la seva banda, la planta de l\u2019ermita de Sant Quirc de Durro \u00e9s similar a la de Sant Quirc de Ta\u00fcll.<\/p>\t\t\t\t\t\t\t\t<\/div>\n\t\t\t\t<\/div>\n\t\t\t\t<div class=\"elementor-element elementor-element-469d771d elementor-widget elementor-widget-heading\" data-id=\"469d771d\" data-element_type=\"widget\" data-e-type=\"widget\" data-widget_type=\"heading.default\">\n\t\t\t\t<div class=\"elementor-widget-container\">\n\t\t\t\t\t<h2 class=\"elementor-heading-title elementor-size-default\">Esgl\u00e9sia de Sant Feliu de Barruera<\/h2>\t\t\t\t<\/div>\n\t\t\t\t<\/div>\n\t\t\t\t<div class=\"elementor-element elementor-element-a7ab4f3 elementor-widget elementor-widget-text-editor\" data-id=\"a7ab4f3\" data-element_type=\"widget\" data-e-type=\"widget\" data-widget_type=\"text-editor.default\">\n\t\t\t\t<div class=\"elementor-widget-container\">\n\t\t\t\t\t\t\t\t\t<p>Coordenades: 42\u00b030\u203215\u2033N\u00a00\u00b048\u203209\u2033E. Altitud: 1.404 msnm. Poblaci\u00f3\u00a0 habitants: 35 (1719), 210 (1900), 167 (2000), 240 (2022)<\/p>\t\t\t\t\t\t\t\t<\/div>\n\t\t\t\t<\/div>\n\t\t\t\t<div class=\"elementor-element elementor-element-447f01e6 elementor-widget elementor-widget-image\" data-id=\"447f01e6\" data-element_type=\"widget\" data-e-type=\"widget\" data-widget_type=\"image.default\">\n\t\t\t\t<div class=\"elementor-widget-container\">\n\t\t\t\t\t\t\t\t\t\t\t\t<figure class=\"wp-caption\">\n\t\t\t\t\t\t\t\t\t\t<img decoding=\"async\" width=\"768\" height=\"512\" src=\"https:\/\/www.elturistatranquil.com\/wp-content\/uploads\/F03-Barruera-Google-earth-2023-02-17.jpg\" class=\"attachment-large size-large wp-image-48118\" alt=\"Barruera (Google earth 2023-02-17)\" srcset=\"https:\/\/www.elturistatranquil.com\/wp-content\/uploads\/F03-Barruera-Google-earth-2023-02-17.jpg 768w, https:\/\/www.elturistatranquil.com\/wp-content\/uploads\/F03-Barruera-Google-earth-2023-02-17-339x226.jpg 339w\" sizes=\"(max-width: 768px) 100vw, 768px\" \/>\t\t\t\t\t\t\t\t\t\t\t<figcaption class=\"widget-image-caption wp-caption-text\">Localitzaci\u00f3 de l\u2019esgl\u00e9sia de Sant Feliu a Barruera (Google earth 2023-02-17)<\/figcaption>\n\t\t\t\t\t\t\t\t\t\t<\/figure>\n\t\t\t\t\t\t\t\t\t<\/div>\n\t\t\t\t<\/div>\n\t\t\t\t<div class=\"elementor-element elementor-element-4596f678 elementor-widget elementor-widget-text-editor\" data-id=\"4596f678\" data-element_type=\"widget\" data-e-type=\"widget\" data-widget_type=\"text-editor.default\">\n\t\t\t\t<div class=\"elementor-widget-container\">\n\t\t\t\t\t\t\t\t\t<p>L\u2019<strong>esgl\u00e9sia parroquial de Sant Feliu de Barruera<\/strong> es troba sobre la plana fluvial del costat dret de la Noguera de Tor a la localitat de <strong><a href=\"https:\/\/www.elturistatranquil.com\/ca\/arquitectura-tradicional-a-la-vall-de-boi-lleida\/#Barruera1\" target=\"_blank\" rel=\"noopener\">Barruera<\/a><\/strong>. De tot el conjunt d\u2019esgl\u00e9sies de la vall \u00e9s l\u2019\u00fanica vora el riu. A\u00efllada del nucli urb\u00e0, estava situada junt al cam\u00ed vell que unia els pobles de la vall. Com de costum, el cementiri parroquial al costat, encara actiu.<\/p><p>De les poques noticies hist\u00f2riques de que es disposa se sap que el 1040 estava adscrita a la di\u00f2cesi d&#8217;Urgell, que el 1077, 8arruera pertanyia al senyor d&#8217;Erill, Raimon l, i que Raimon II d&#8217;Erill \u00a0va procedir el 1140 a la reconstrucci\u00f3 de temple, juntament amb altres esgl\u00e9sies de la vall.<\/p><p>Entre els segles XVII-XIX, s&#8217;hi efectuaren importants reformes, de les quals avui resten les capelles de la banda nord i el porxo de la porta oest.<\/p><p>Altres modificacions foren desmantellades amb motiu d&#8217;una profunda restauraci\u00f3 empresa cap al 1970, destinada a aproximar-se a la configuraci\u00f3 rom\u00e0nica.<\/p><p>En el cas concret de Sant Feliu, \u00e9s molt complicat fer una an\u00e0lisi de l&#8217;esgl\u00e9sia per les importants variacions i modificacions del programa de construcci\u00f3 original ha sofert, el mateix que va passar amb la Nativitat de Durro.<\/p><p>Sembla que la fase m\u00e9s antiga de construcci\u00f3 correspondria a una esgl\u00e9sia de tres naus separades per pilars circulars a l&#8217;estil dels de <a href=\"https:\/\/www.elturistatranquil.com\/ca\/esglesies-romaniques-de-sant-climent-santa-maria-i-sant-quirc-de-taull-la-vall-de-boi-2\/\" target=\"_blank\" rel=\"noopener\">Sant Climent i Santa Maria de Ta\u00fcll<\/a> o de <a href=\"https:\/\/www.elturistatranquil.com\/ca\/esglesies-romaniques-de-sant-joan-de-boi-i-santa-eulalia-derill-la-vall-la-vall-de-boi-3\/\" target=\"_blank\" rel=\"noopener\">Sant Joan de Bo\u00ed<\/a>. D&#8217;aquesta primera fase nom\u00e9s es conservaria l&#8217;absis central i una arcada sostinguda per un pilar circular, ara recolzat al mur. A partir d&#8217;aquests elements es situaria \u00a0cronol\u00f2gicament la seva construcci\u00f3 entre els segles XI i XII.<\/p><p>Per la causa que sigui, la forma definitiva, encara d\u2019estil rom\u00e0nic, va acabar essent d\u2019una sola nau, per\u00f2 amb capelles lateral que formarien un transsepte; el del costat sud amb una absidiola. No existeixen rastres del que podria haver tingut la capella menor del costat nord.<\/p><p>Per la seva banda, la torre-campanar va ser afegida posteriorment, i es de dif\u00edcil dataci\u00f3.<\/p>\t\t\t\t\t\t\t\t<\/div>\n\t\t\t\t<\/div>\n\t\t\t\t<div class=\"elementor-element elementor-element-4a8bacc elementor-widget elementor-widget-image\" data-id=\"4a8bacc\" data-element_type=\"widget\" data-e-type=\"widget\" data-widget_type=\"image.default\">\n\t\t\t\t<div class=\"elementor-widget-container\">\n\t\t\t\t\t\t\t\t\t\t\t\t<figure class=\"wp-caption\">\n\t\t\t\t\t\t\t\t\t\t<img loading=\"lazy\" decoding=\"async\" width=\"768\" height=\"512\" src=\"https:\/\/www.elturistatranquil.com\/wp-content\/uploads\/F04-Sant-Feliu-de-Barruera-Lleida.jpg\" class=\"attachment-large size-large wp-image-48114\" alt=\"Sant Feliu de Barruera, Lleida\" srcset=\"https:\/\/www.elturistatranquil.com\/wp-content\/uploads\/F04-Sant-Feliu-de-Barruera-Lleida.jpg 768w, https:\/\/www.elturistatranquil.com\/wp-content\/uploads\/F04-Sant-Feliu-de-Barruera-Lleida-339x226.jpg 339w\" sizes=\"(max-width: 768px) 100vw, 768px\" \/>\t\t\t\t\t\t\t\t\t\t\t<figcaption class=\"widget-image-caption wp-caption-text\"><\/figcaption>\n\t\t\t\t\t\t\t\t\t\t<\/figure>\n\t\t\t\t\t\t\t\t\t<\/div>\n\t\t\t\t<\/div>\n\t\t\t\t<div class=\"elementor-element elementor-element-d90a0eb elementor-widget elementor-widget-image\" data-id=\"d90a0eb\" data-element_type=\"widget\" data-e-type=\"widget\" data-widget_type=\"image.default\">\n\t\t\t\t<div class=\"elementor-widget-container\">\n\t\t\t\t\t\t\t\t\t\t\t\t<figure class=\"wp-caption\">\n\t\t\t\t\t\t\t\t\t\t<img loading=\"lazy\" decoding=\"async\" width=\"768\" height=\"512\" src=\"https:\/\/www.elturistatranquil.com\/wp-content\/uploads\/F05-Sant-Feliu-de-Barruera-Lleida.jpg\" class=\"attachment-large size-large wp-image-48116\" alt=\"Sant Feliu de Barruera, Lleida\" srcset=\"https:\/\/www.elturistatranquil.com\/wp-content\/uploads\/F05-Sant-Feliu-de-Barruera-Lleida.jpg 768w, https:\/\/www.elturistatranquil.com\/wp-content\/uploads\/F05-Sant-Feliu-de-Barruera-Lleida-339x226.jpg 339w\" sizes=\"(max-width: 768px) 100vw, 768px\" \/>\t\t\t\t\t\t\t\t\t\t\t<figcaption class=\"widget-image-caption wp-caption-text\"><\/figcaption>\n\t\t\t\t\t\t\t\t\t\t<\/figure>\n\t\t\t\t\t\t\t\t\t<\/div>\n\t\t\t\t<\/div>\n\t\t\t\t<div class=\"elementor-element elementor-element-8942918 elementor-widget elementor-widget-text-editor\" data-id=\"8942918\" data-element_type=\"widget\" data-e-type=\"widget\" data-widget_type=\"text-editor.default\">\n\t\t\t\t<div class=\"elementor-widget-container\">\n\t\t\t\t\t\t\t\t\t<p>Per entendre millor les particularitats exteriors de l\u2019esgl\u00e9sia de Sant Feliu sembla convenient comen\u00e7ar per presentar la seva planta, el que ajudar\u00e0 a entendre el sentit dels volums de l\u2019exterior en base a la seva funci\u00f3 interior.<\/p><p>L\u2019entrada al temple s\u2019efectua pels peus, a trav\u00e9s d\u2019un porxo. Per l\u2019exterior, a continuaci\u00f3 del porxo, pel costat sud, s\u2019al\u00e7a la torre-campanar. Una torre de tres trams. A nivell del presbiteri, s\u2019obre una capella a cada costat, formant una mena de transsepte en planta, per\u00f2 que no es manifesta a l\u2019interior del temple en l\u2019arquitectura en al\u00e7ada.<\/p><p>La capella sud, del costat de l\u2019ep\u00edstola, de forma quadrada irregular, \u00e9s d\u2019una amplada similar a la de la nau central, amb una l\u2019absidiola.<\/p><p>La capella del costat de l\u2019evangeli \u00e9s un quadrat m\u00e9s petit, sense cap indici d\u2019absis. En el mur interior est\u00e0 precedida per una altre capella, encara de menors dimensions que sobresurt en l\u2019exterior.<\/p><p>A l\u2019exterior, les diferents dimensions i formes d\u2019aquestes capelles donaran una forma irregular a tot el conjunt.<\/p>\t\t\t\t\t\t\t\t<\/div>\n\t\t\t\t<\/div>\n\t\t\t\t<div class=\"elementor-element elementor-element-a1aa5a8 elementor-widget elementor-widget-image\" data-id=\"a1aa5a8\" data-element_type=\"widget\" data-e-type=\"widget\" data-widget_type=\"image.default\">\n\t\t\t\t<div class=\"elementor-widget-container\">\n\t\t\t\t\t\t\t\t\t\t\t\t<figure class=\"wp-caption\">\n\t\t\t\t\t\t\t\t\t\t<img loading=\"lazy\" decoding=\"async\" width=\"768\" height=\"512\" src=\"https:\/\/www.elturistatranquil.com\/wp-content\/uploads\/F06-Sant-Feliu-de-Barruera-Lleida.jpg\" class=\"attachment-large size-large wp-image-48120\" alt=\"Sant Feliu de Barruera, Lleida\" srcset=\"https:\/\/www.elturistatranquil.com\/wp-content\/uploads\/F06-Sant-Feliu-de-Barruera-Lleida.jpg 768w, https:\/\/www.elturistatranquil.com\/wp-content\/uploads\/F06-Sant-Feliu-de-Barruera-Lleida-339x226.jpg 339w\" sizes=\"(max-width: 768px) 100vw, 768px\" \/>\t\t\t\t\t\t\t\t\t\t\t<figcaption class=\"widget-image-caption wp-caption-text\"><\/figcaption>\n\t\t\t\t\t\t\t\t\t\t<\/figure>\n\t\t\t\t\t\t\t\t\t<\/div>\n\t\t\t\t<\/div>\n\t\t\t\t<div class=\"elementor-element elementor-element-7c7cc1d elementor-widget elementor-widget-heading\" data-id=\"7c7cc1d\" data-element_type=\"widget\" data-e-type=\"widget\" data-widget_type=\"heading.default\">\n\t\t\t\t<div class=\"elementor-widget-container\">\n\t\t\t\t\t<h3 class=\"elementor-heading-title elementor-size-default\">L\u2019exterior<\/h3>\t\t\t\t<\/div>\n\t\t\t\t<\/div>\n\t\t\t\t<div class=\"elementor-element elementor-element-1bcbd7b elementor-widget elementor-widget-text-editor\" data-id=\"1bcbd7b\" data-element_type=\"widget\" data-e-type=\"widget\" data-widget_type=\"text-editor.default\">\n\t\t\t\t<div class=\"elementor-widget-container\">\n\t\t\t\t\t\t\t\t\t<p>L\u2019esgl\u00e9sia, d\u2019una sola nau, presenta una \u00fanica entrada pels peus del temple, protegida per un porxo d\u2019un sol arc. La nau te unes dimensions exteriors d\u2019uns 22 metres de llargada incl\u00f2s l\u2019absis, per uns 8 metres d\u2019amplada, sense incloure les capelles exteriors.<\/p><p>A la f\u00e0brica del temple s\u2019observa f\u00e0cilment el pas per les diverses etapes de construcci\u00f3 i remodelaci\u00f3. Actualment, tot l\u2019exterior es de pedra vista \u00a0amb parts de ma\u00e7oneria, i altres de carreu\u00f3 i de carreuat.<\/p><p>Adossada a la part occidental del mur de migdia s\u2019al\u00e7a la torre-campanar.<\/p><p>A l\u2019extrem oriental del mateix mur sobresurt una gran construcci\u00f3 quadrangular que a l\u2019interior allotja una capella.<\/p>\t\t\t\t\t\t\t\t<\/div>\n\t\t\t\t<\/div>\n\t\t\t\t<div class=\"elementor-element elementor-element-13e6f4d elementor-widget elementor-widget-image\" data-id=\"13e6f4d\" data-element_type=\"widget\" data-e-type=\"widget\" data-widget_type=\"image.default\">\n\t\t\t\t<div class=\"elementor-widget-container\">\n\t\t\t\t\t\t\t\t\t\t\t\t<figure class=\"wp-caption\">\n\t\t\t\t\t\t\t\t\t\t<img loading=\"lazy\" decoding=\"async\" width=\"768\" height=\"523\" src=\"https:\/\/www.elturistatranquil.com\/wp-content\/uploads\/F07-Sant-Feliu-de-Barruera-Lleida.jpg\" class=\"attachment-large size-large wp-image-48122\" alt=\"Sant Feliu de Barruera, Lleida\" srcset=\"https:\/\/www.elturistatranquil.com\/wp-content\/uploads\/F07-Sant-Feliu-de-Barruera-Lleida.jpg 768w, https:\/\/www.elturistatranquil.com\/wp-content\/uploads\/F07-Sant-Feliu-de-Barruera-Lleida-332x226.jpg 332w\" sizes=\"(max-width: 768px) 100vw, 768px\" \/>\t\t\t\t\t\t\t\t\t\t\t<figcaption class=\"widget-image-caption wp-caption-text\"><\/figcaption>\n\t\t\t\t\t\t\t\t\t\t<\/figure>\n\t\t\t\t\t\t\t\t\t<\/div>\n\t\t\t\t<\/div>\n\t\t\t\t<div class=\"elementor-element elementor-element-be730df elementor-widget elementor-widget-text-editor\" data-id=\"be730df\" data-element_type=\"widget\" data-e-type=\"widget\" data-widget_type=\"text-editor.default\">\n\t\t\t\t<div class=\"elementor-widget-container\">\n\t\t\t\t\t\t\t\t\t<p>El porxo, cobert amb una teulada de dues aig\u00fces en sentit longitudinal \u00e9s d\u2019estructura de fusta i llosetes de pissarra. Te planta rectangular, de l\u2019amplada de la nau, amb una obertura a cada costat d\u2019arc de mig punt amb dovelles de pedra. La arcada lateral del costat nord, la que dona al cementiri, est\u00e0 tapiada.<\/p>\t\t\t\t\t\t\t\t<\/div>\n\t\t\t\t<\/div>\n\t\t\t\t<div class=\"elementor-element elementor-element-3207961 elementor-widget elementor-widget-image\" data-id=\"3207961\" data-element_type=\"widget\" data-e-type=\"widget\" data-widget_type=\"image.default\">\n\t\t\t\t<div class=\"elementor-widget-container\">\n\t\t\t\t\t\t\t\t\t\t\t\t<figure class=\"wp-caption\">\n\t\t\t\t\t\t\t\t\t\t<img loading=\"lazy\" decoding=\"async\" width=\"768\" height=\"512\" src=\"https:\/\/www.elturistatranquil.com\/wp-content\/uploads\/F08-Sant-Feliu-de-Barruera-Lleida.jpg\" class=\"attachment-large size-large wp-image-48124\" alt=\"Sant Feliu de Barruera, Lleida\" srcset=\"https:\/\/www.elturistatranquil.com\/wp-content\/uploads\/F08-Sant-Feliu-de-Barruera-Lleida.jpg 768w, https:\/\/www.elturistatranquil.com\/wp-content\/uploads\/F08-Sant-Feliu-de-Barruera-Lleida-339x226.jpg 339w\" sizes=\"(max-width: 768px) 100vw, 768px\" \/>\t\t\t\t\t\t\t\t\t\t\t<figcaption class=\"widget-image-caption wp-caption-text\"><\/figcaption>\n\t\t\t\t\t\t\t\t\t\t<\/figure>\n\t\t\t\t\t\t\t\t\t<\/div>\n\t\t\t\t<\/div>\n\t\t\t\t<div class=\"elementor-element elementor-element-89d3702 elementor-widget elementor-widget-image\" data-id=\"89d3702\" data-element_type=\"widget\" data-e-type=\"widget\" data-widget_type=\"image.default\">\n\t\t\t\t<div class=\"elementor-widget-container\">\n\t\t\t\t\t\t\t\t\t\t\t\t<figure class=\"wp-caption\">\n\t\t\t\t\t\t\t\t\t\t<img loading=\"lazy\" decoding=\"async\" width=\"768\" height=\"512\" src=\"https:\/\/www.elturistatranquil.com\/wp-content\/uploads\/F09-Sant-Feliu-de-Barruera-Lleida.jpg\" class=\"attachment-large size-large wp-image-48129\" alt=\"Sant Feliu de Barruera, Lleida\" srcset=\"https:\/\/www.elturistatranquil.com\/wp-content\/uploads\/F09-Sant-Feliu-de-Barruera-Lleida.jpg 768w, https:\/\/www.elturistatranquil.com\/wp-content\/uploads\/F09-Sant-Feliu-de-Barruera-Lleida-339x226.jpg 339w\" sizes=\"(max-width: 768px) 100vw, 768px\" \/>\t\t\t\t\t\t\t\t\t\t\t<figcaption class=\"widget-image-caption wp-caption-text\"><\/figcaption>\n\t\t\t\t\t\t\t\t\t\t<\/figure>\n\t\t\t\t\t\t\t\t\t<\/div>\n\t\t\t\t<\/div>\n\t\t\t\t<div class=\"elementor-element elementor-element-2dc940a elementor-widget elementor-widget-text-editor\" data-id=\"2dc940a\" data-element_type=\"widget\" data-e-type=\"widget\" data-widget_type=\"text-editor.default\">\n\t\t\t\t<div class=\"elementor-widget-container\">\n\t\t\t\t\t\t\t\t\t<p>Del costat del porxo s\u2019accedeix al cementiri.<\/p>\t\t\t\t\t\t\t\t<\/div>\n\t\t\t\t<\/div>\n\t\t\t\t<div class=\"elementor-element elementor-element-3302225 elementor-widget elementor-widget-image\" data-id=\"3302225\" data-element_type=\"widget\" data-e-type=\"widget\" data-widget_type=\"image.default\">\n\t\t\t\t<div class=\"elementor-widget-container\">\n\t\t\t\t\t\t\t\t\t\t\t\t<figure class=\"wp-caption\">\n\t\t\t\t\t\t\t\t\t\t<img loading=\"lazy\" decoding=\"async\" width=\"768\" height=\"511\" src=\"https:\/\/www.elturistatranquil.com\/wp-content\/uploads\/F10-Sant-Feliu-de-Barruera-Lleida.jpg\" class=\"attachment-large size-large wp-image-48131\" alt=\"Sant Feliu de Barruera, Lleida\" srcset=\"https:\/\/www.elturistatranquil.com\/wp-content\/uploads\/F10-Sant-Feliu-de-Barruera-Lleida.jpg 768w, https:\/\/www.elturistatranquil.com\/wp-content\/uploads\/F10-Sant-Feliu-de-Barruera-Lleida-339x226.jpg 339w\" sizes=\"(max-width: 768px) 100vw, 768px\" \/>\t\t\t\t\t\t\t\t\t\t\t<figcaption class=\"widget-image-caption wp-caption-text\"><\/figcaption>\n\t\t\t\t\t\t\t\t\t\t<\/figure>\n\t\t\t\t\t\t\t\t\t<\/div>\n\t\t\t\t<\/div>\n\t\t\t\t<div class=\"elementor-element elementor-element-16ddc855 elementor-widget elementor-widget-heading\" data-id=\"16ddc855\" data-element_type=\"widget\" data-e-type=\"widget\" data-widget_type=\"heading.default\">\n\t\t\t\t<div class=\"elementor-widget-container\">\n\t\t\t\t\t<h4 class=\"elementor-heading-title elementor-size-default\">La torre-campanar<\/h4>\t\t\t\t<\/div>\n\t\t\t\t<\/div>\n\t\t\t\t<div class=\"elementor-element elementor-element-8e883d7 elementor-widget elementor-widget-text-editor\" data-id=\"8e883d7\" data-element_type=\"widget\" data-e-type=\"widget\" data-widget_type=\"text-editor.default\">\n\t\t\t\t<div class=\"elementor-widget-container\">\n\t\t\t\t\t\t\t\t\t<p>Des del cam\u00ed d\u2019acc\u00e9s a la portada sobresurt a la dreta, al lateral sud, la torre-campanar de planta quasi quadrada, d\u2019unes dimensions de 3,80 per 4,20 metres, amb una l\u2019al\u00e7ada de poc m\u00e9s de 18 metres..<\/p><p>Presenta tres nivells molt desiguals. El primer nivell que forma la base, \u00e9s de gran al\u00e7ada i sobresortint del mur del temple. \u00c9s completament compacte, amb carreus a les cantonades, i nom\u00e9s presenta unes poques obertures irregularment distribu\u00efdes, amb forma de sagetera per il\u00b7luminar l\u2019escala interior. Podria ser obra rom\u00e0nica tardana.<\/p><p>Per sobre, dos nivells de la mateixa al\u00e7ada delimitats per un fris senzill sense cap decoraci\u00f3, del segle XIV, amb modificacions posteriors. Actualment, al segon nivell es veuen dues finestres d\u2019arc carpanell, als costats est i oest, mentre que el tercer nivell, amb les campanes, t\u00e9 una finestra per costat, de forma i dimensions m\u00e9s o menys semblant a les inferiors, de poca qualitat constructiva. La coberta \u00e9s la t\u00edpica piramidal de pissarra, d\u2019on sobresurt un eix met\u00e0l\u00b7lic amb una petita campana.<\/p>\t\t\t\t\t\t\t\t<\/div>\n\t\t\t\t<\/div>\n\t\t\t\t<div class=\"elementor-element elementor-element-1d03fa8 elementor-widget elementor-widget-image\" data-id=\"1d03fa8\" data-element_type=\"widget\" data-e-type=\"widget\" data-widget_type=\"image.default\">\n\t\t\t\t<div class=\"elementor-widget-container\">\n\t\t\t\t\t\t\t\t\t\t\t\t<figure class=\"wp-caption\">\n\t\t\t\t\t\t\t\t\t\t<img loading=\"lazy\" decoding=\"async\" width=\"768\" height=\"511\" src=\"https:\/\/www.elturistatranquil.com\/wp-content\/uploads\/F11-Sant-Feliu-de-Barruera-Lleida.jpg\" class=\"attachment-large size-large wp-image-48133\" alt=\"Sant Feliu de Barruera, Lleida\" srcset=\"https:\/\/www.elturistatranquil.com\/wp-content\/uploads\/F11-Sant-Feliu-de-Barruera-Lleida.jpg 768w, https:\/\/www.elturistatranquil.com\/wp-content\/uploads\/F11-Sant-Feliu-de-Barruera-Lleida-339x226.jpg 339w\" sizes=\"(max-width: 768px) 100vw, 768px\" \/>\t\t\t\t\t\t\t\t\t\t\t<figcaption class=\"widget-image-caption wp-caption-text\"><\/figcaption>\n\t\t\t\t\t\t\t\t\t\t<\/figure>\n\t\t\t\t\t\t\t\t\t<\/div>\n\t\t\t\t<\/div>\n\t\t\t\t<div class=\"elementor-element elementor-element-4d03da9 elementor-widget elementor-widget-image\" data-id=\"4d03da9\" data-element_type=\"widget\" data-e-type=\"widget\" data-widget_type=\"image.default\">\n\t\t\t\t<div class=\"elementor-widget-container\">\n\t\t\t\t\t\t\t\t\t\t\t\t<figure class=\"wp-caption\">\n\t\t\t\t\t\t\t\t\t\t<img loading=\"lazy\" decoding=\"async\" width=\"768\" height=\"511\" src=\"https:\/\/www.elturistatranquil.com\/wp-content\/uploads\/F12-Sant-Feliu-de-Barruera-Lleida.jpg\" class=\"attachment-large size-large wp-image-48135\" alt=\"Sant Feliu de Barruera, Lleida\" srcset=\"https:\/\/www.elturistatranquil.com\/wp-content\/uploads\/F12-Sant-Feliu-de-Barruera-Lleida.jpg 768w, https:\/\/www.elturistatranquil.com\/wp-content\/uploads\/F12-Sant-Feliu-de-Barruera-Lleida-339x226.jpg 339w\" sizes=\"(max-width: 768px) 100vw, 768px\" \/>\t\t\t\t\t\t\t\t\t\t\t<figcaption class=\"widget-image-caption wp-caption-text\"><\/figcaption>\n\t\t\t\t\t\t\t\t\t\t<\/figure>\n\t\t\t\t\t\t\t\t\t<\/div>\n\t\t\t\t<\/div>\n\t\t\t\t<div class=\"elementor-element elementor-element-4ca6661 elementor-widget elementor-widget-image\" data-id=\"4ca6661\" data-element_type=\"widget\" data-e-type=\"widget\" data-widget_type=\"image.default\">\n\t\t\t\t<div class=\"elementor-widget-container\">\n\t\t\t\t\t\t\t\t\t\t\t\t<figure class=\"wp-caption\">\n\t\t\t\t\t\t\t\t\t\t<img loading=\"lazy\" decoding=\"async\" width=\"768\" height=\"576\" src=\"https:\/\/www.elturistatranquil.com\/wp-content\/uploads\/F13-Sant-Feliu-de-Barruera-Lleida.jpg\" class=\"attachment-large size-large wp-image-48137\" alt=\"Sant Feliu de Barruera, Lleida\" srcset=\"https:\/\/www.elturistatranquil.com\/wp-content\/uploads\/F13-Sant-Feliu-de-Barruera-Lleida.jpg 768w, https:\/\/www.elturistatranquil.com\/wp-content\/uploads\/F13-Sant-Feliu-de-Barruera-Lleida-301x226.jpg 301w\" sizes=\"(max-width: 768px) 100vw, 768px\" \/>\t\t\t\t\t\t\t\t\t\t\t<figcaption class=\"widget-image-caption wp-caption-text\"><\/figcaption>\n\t\t\t\t\t\t\t\t\t\t<\/figure>\n\t\t\t\t\t\t\t\t\t<\/div>\n\t\t\t\t<\/div>\n\t\t\t\t<div class=\"elementor-element elementor-element-8cf1348 elementor-widget elementor-widget-image\" data-id=\"8cf1348\" data-element_type=\"widget\" data-e-type=\"widget\" data-widget_type=\"image.default\">\n\t\t\t\t<div class=\"elementor-widget-container\">\n\t\t\t\t\t\t\t\t\t\t\t\t<figure class=\"wp-caption\">\n\t\t\t\t\t\t\t\t\t\t<img loading=\"lazy\" decoding=\"async\" width=\"768\" height=\"512\" src=\"https:\/\/www.elturistatranquil.com\/wp-content\/uploads\/F14-Sant-Feliu-de-Barruera-Lleida.jpg\" class=\"attachment-large size-large wp-image-48139\" alt=\"Sant Feliu de Barruera, Lleida\" srcset=\"https:\/\/www.elturistatranquil.com\/wp-content\/uploads\/F14-Sant-Feliu-de-Barruera-Lleida.jpg 768w, https:\/\/www.elturistatranquil.com\/wp-content\/uploads\/F14-Sant-Feliu-de-Barruera-Lleida-339x226.jpg 339w\" sizes=\"(max-width: 768px) 100vw, 768px\" \/>\t\t\t\t\t\t\t\t\t\t\t<figcaption class=\"widget-image-caption wp-caption-text\"><\/figcaption>\n\t\t\t\t\t\t\t\t\t\t<\/figure>\n\t\t\t\t\t\t\t\t\t<\/div>\n\t\t\t\t<\/div>\n\t\t\t\t<div class=\"elementor-element elementor-element-83b8868 elementor-widget elementor-widget-text-editor\" data-id=\"83b8868\" data-element_type=\"widget\" data-e-type=\"widget\" data-widget_type=\"text-editor.default\">\n\t\t\t\t<div class=\"elementor-widget-container\">\n\t\t\t\t\t\t\t\t\t<p>Al campanar hi ha cinc campanes entre 46 i 89 cent\u00edmetres de di\u00e0metre, instal\u00b7lades entre els anys 1641 a 1856.<\/p>\t\t\t\t\t\t\t\t<\/div>\n\t\t\t\t<\/div>\n\t\t\t\t<div class=\"elementor-element elementor-element-378cdc8 elementor-widget elementor-widget-heading\" data-id=\"378cdc8\" data-element_type=\"widget\" data-e-type=\"widget\" data-widget_type=\"heading.default\">\n\t\t\t\t<div class=\"elementor-widget-container\">\n\t\t\t\t\t<h4 class=\"elementor-heading-title elementor-size-default\">Els absis i les capelles laterals <\/h4>\t\t\t\t<\/div>\n\t\t\t\t<\/div>\n\t\t\t\t<div class=\"elementor-element elementor-element-a004b50 elementor-widget elementor-widget-text-editor\" data-id=\"a004b50\" data-element_type=\"widget\" data-e-type=\"widget\" data-widget_type=\"text-editor.default\">\n\t\t\t\t<div class=\"elementor-widget-container\">\n\t\t\t\t\t\t\t\t\t<p>Ja s\u2019ha assenyalat que l\u2019esgl\u00e9sia de Sant Feliu nom\u00e9s disposa de dos absis semicirculars a la cap\u00e7alera, i que s\u00f3n d\u2019\u00e8poques diferents.<\/p><p>Al costat sud, l\u2019absidiola est\u00e0 adossada a un gran bloc compacte que constitueix la capella, amb dues petites obertures d\u2019il\u00b7luminaci\u00f3\u00a0 en forma de sageteres semicirculars.<\/p>\t\t\t\t\t\t\t\t<\/div>\n\t\t\t\t<\/div>\n\t\t\t\t<div class=\"elementor-element elementor-element-c4c6306 elementor-widget elementor-widget-image\" data-id=\"c4c6306\" data-element_type=\"widget\" data-e-type=\"widget\" data-widget_type=\"image.default\">\n\t\t\t\t<div class=\"elementor-widget-container\">\n\t\t\t\t\t\t\t\t\t\t\t\t<figure class=\"wp-caption\">\n\t\t\t\t\t\t\t\t\t\t<img loading=\"lazy\" decoding=\"async\" width=\"768\" height=\"511\" src=\"https:\/\/www.elturistatranquil.com\/wp-content\/uploads\/F15-Sant-Feliu-de-Barruera-Lleida.jpg\" class=\"attachment-large size-large wp-image-48141\" alt=\"Sant Feliu de Barruera, Lleida\" srcset=\"https:\/\/www.elturistatranquil.com\/wp-content\/uploads\/F15-Sant-Feliu-de-Barruera-Lleida.jpg 768w, https:\/\/www.elturistatranquil.com\/wp-content\/uploads\/F15-Sant-Feliu-de-Barruera-Lleida-339x226.jpg 339w\" sizes=\"(max-width: 768px) 100vw, 768px\" \/>\t\t\t\t\t\t\t\t\t\t\t<figcaption class=\"widget-image-caption wp-caption-text\"><\/figcaption>\n\t\t\t\t\t\t\t\t\t\t<\/figure>\n\t\t\t\t\t\t\t\t\t<\/div>\n\t\t\t\t<\/div>\n\t\t\t\t<div class=\"elementor-element elementor-element-8eb5566 elementor-widget elementor-widget-text-editor\" data-id=\"8eb5566\" data-element_type=\"widget\" data-e-type=\"widget\" data-widget_type=\"text-editor.default\">\n\t\t\t\t<div class=\"elementor-widget-container\">\n\t\t\t\t\t\t\t\t\t<p>La teulada \u00e9s a dues aig\u00fces, perpendicular a l\u2019eix de l\u2019esgl\u00e9sia.<\/p>\t\t\t\t\t\t\t\t<\/div>\n\t\t\t\t<\/div>\n\t\t\t\t<div class=\"elementor-element elementor-element-49e895e elementor-widget elementor-widget-image\" data-id=\"49e895e\" data-element_type=\"widget\" data-e-type=\"widget\" data-widget_type=\"image.default\">\n\t\t\t\t<div class=\"elementor-widget-container\">\n\t\t\t\t\t\t\t\t\t\t\t\t<figure class=\"wp-caption\">\n\t\t\t\t\t\t\t\t\t\t<img loading=\"lazy\" decoding=\"async\" width=\"768\" height=\"528\" src=\"https:\/\/www.elturistatranquil.com\/wp-content\/uploads\/F16-Sant-Feliu-de-Barruera-Lleida.jpg\" class=\"attachment-large size-large wp-image-48143\" alt=\"Sant Feliu de Barruera, Lleida\" srcset=\"https:\/\/www.elturistatranquil.com\/wp-content\/uploads\/F16-Sant-Feliu-de-Barruera-Lleida.jpg 768w, https:\/\/www.elturistatranquil.com\/wp-content\/uploads\/F16-Sant-Feliu-de-Barruera-Lleida-329x226.jpg 329w\" sizes=\"(max-width: 768px) 100vw, 768px\" \/>\t\t\t\t\t\t\t\t\t\t\t<figcaption class=\"widget-image-caption wp-caption-text\"><\/figcaption>\n\t\t\t\t\t\t\t\t\t\t<\/figure>\n\t\t\t\t\t\t\t\t\t<\/div>\n\t\t\t\t<\/div>\n\t\t\t\t<div class=\"elementor-element elementor-element-8957bf9 elementor-widget elementor-widget-text-editor\" data-id=\"8957bf9\" data-element_type=\"widget\" data-e-type=\"widget\" data-widget_type=\"text-editor.default\">\n\t\t\t\t<div class=\"elementor-widget-container\">\n\t\t\t\t\t\t\t\t\t<p>L\u2019absidiola ha estat reconstru\u00efda, sense cap decoraci\u00f3.<\/p>\t\t\t\t\t\t\t\t<\/div>\n\t\t\t\t<\/div>\n\t\t\t\t<div class=\"elementor-element elementor-element-63350bb elementor-widget elementor-widget-image\" data-id=\"63350bb\" data-element_type=\"widget\" data-e-type=\"widget\" data-widget_type=\"image.default\">\n\t\t\t\t<div class=\"elementor-widget-container\">\n\t\t\t\t\t\t\t\t\t\t\t\t<figure class=\"wp-caption\">\n\t\t\t\t\t\t\t\t\t\t<img loading=\"lazy\" decoding=\"async\" width=\"768\" height=\"576\" src=\"https:\/\/www.elturistatranquil.com\/wp-content\/uploads\/F17-Sant-Feliu-de-Barruera-Lleida.jpg\" class=\"attachment-large size-large wp-image-48148\" alt=\"Sant Feliu de Barruera, Lleida\" srcset=\"https:\/\/www.elturistatranquil.com\/wp-content\/uploads\/F17-Sant-Feliu-de-Barruera-Lleida.jpg 768w, https:\/\/www.elturistatranquil.com\/wp-content\/uploads\/F17-Sant-Feliu-de-Barruera-Lleida-301x226.jpg 301w\" sizes=\"(max-width: 768px) 100vw, 768px\" \/>\t\t\t\t\t\t\t\t\t\t\t<figcaption class=\"widget-image-caption wp-caption-text\"><\/figcaption>\n\t\t\t\t\t\t\t\t\t\t<\/figure>\n\t\t\t\t\t\t\t\t\t<\/div>\n\t\t\t\t<\/div>\n\t\t\t\t<div class=\"elementor-element elementor-element-9be6bc1 elementor-widget elementor-widget-text-editor\" data-id=\"9be6bc1\" data-element_type=\"widget\" data-e-type=\"widget\" data-widget_type=\"text-editor.default\">\n\t\t\t\t<div class=\"elementor-widget-container\">\n\t\t\t\t\t\t\t\t\t<p>L\u2019absis central segueix l\u2019estil llombard, amb dues arcuacions cegues entre cada lesena rectangular. Disposa de les tres obertures trinit\u00e0ries que aporten la llum a l\u2019altar. La coberta semi c\u00f2nica sobre una c\u00fapula de quart d\u2019esfera amb pissarra.<\/p>\t\t\t\t\t\t\t\t<\/div>\n\t\t\t\t<\/div>\n\t\t\t\t<div class=\"elementor-element elementor-element-7e3cbc1 elementor-widget elementor-widget-image\" data-id=\"7e3cbc1\" data-element_type=\"widget\" data-e-type=\"widget\" data-widget_type=\"image.default\">\n\t\t\t\t<div class=\"elementor-widget-container\">\n\t\t\t\t\t\t\t\t\t\t\t\t<figure class=\"wp-caption\">\n\t\t\t\t\t\t\t\t\t\t<img loading=\"lazy\" decoding=\"async\" width=\"768\" height=\"511\" src=\"https:\/\/www.elturistatranquil.com\/wp-content\/uploads\/F18-Sant-Feliu-de-Barruera-Lleida.jpg\" class=\"attachment-large size-large wp-image-48150\" alt=\"Sant Feliu de Barruera, Lleida\" srcset=\"https:\/\/www.elturistatranquil.com\/wp-content\/uploads\/F18-Sant-Feliu-de-Barruera-Lleida.jpg 768w, https:\/\/www.elturistatranquil.com\/wp-content\/uploads\/F18-Sant-Feliu-de-Barruera-Lleida-339x226.jpg 339w\" sizes=\"(max-width: 768px) 100vw, 768px\" \/>\t\t\t\t\t\t\t\t\t\t\t<figcaption class=\"widget-image-caption wp-caption-text\"><\/figcaption>\n\t\t\t\t\t\t\t\t\t\t<\/figure>\n\t\t\t\t\t\t\t\t\t<\/div>\n\t\t\t\t<\/div>\n\t\t\t\t<div class=\"elementor-element elementor-element-088a938 elementor-widget elementor-widget-image\" data-id=\"088a938\" data-element_type=\"widget\" data-e-type=\"widget\" data-widget_type=\"image.default\">\n\t\t\t\t<div class=\"elementor-widget-container\">\n\t\t\t\t\t\t\t\t\t\t\t\t<figure class=\"wp-caption\">\n\t\t\t\t\t\t\t\t\t\t<img loading=\"lazy\" decoding=\"async\" width=\"768\" height=\"511\" src=\"https:\/\/www.elturistatranquil.com\/wp-content\/uploads\/F19-Sant-Feliu-de-Barruera-Lleida.jpg\" class=\"attachment-large size-large wp-image-48152\" alt=\"Sant Feliu de Barruera, Lleida\" srcset=\"https:\/\/www.elturistatranquil.com\/wp-content\/uploads\/F19-Sant-Feliu-de-Barruera-Lleida.jpg 768w, https:\/\/www.elturistatranquil.com\/wp-content\/uploads\/F19-Sant-Feliu-de-Barruera-Lleida-339x226.jpg 339w\" sizes=\"(max-width: 768px) 100vw, 768px\" \/>\t\t\t\t\t\t\t\t\t\t\t<figcaption class=\"widget-image-caption wp-caption-text\"><\/figcaption>\n\t\t\t\t\t\t\t\t\t\t<\/figure>\n\t\t\t\t\t\t\t\t\t<\/div>\n\t\t\t\t<\/div>\n\t\t\t\t<div class=\"elementor-element elementor-element-1d63136 elementor-widget elementor-widget-text-editor\" data-id=\"1d63136\" data-element_type=\"widget\" data-e-type=\"widget\" data-widget_type=\"text-editor.default\">\n\t\t\t\t<div class=\"elementor-widget-container\">\n\t\t\t\t\t\t\t\t\t<p>L\u2019absis s\u2019uneix a la nau a trav\u00e9s del presbiteri, amb coberta a dues aig\u00fces de pissarra.<\/p>\t\t\t\t\t\t\t\t<\/div>\n\t\t\t\t<\/div>\n\t\t\t\t<div class=\"elementor-element elementor-element-2a33422 elementor-widget elementor-widget-image\" data-id=\"2a33422\" data-element_type=\"widget\" data-e-type=\"widget\" data-widget_type=\"image.default\">\n\t\t\t\t<div class=\"elementor-widget-container\">\n\t\t\t\t\t\t\t\t\t\t\t\t<figure class=\"wp-caption\">\n\t\t\t\t\t\t\t\t\t\t<img loading=\"lazy\" decoding=\"async\" width=\"768\" height=\"511\" src=\"https:\/\/www.elturistatranquil.com\/wp-content\/uploads\/F20-Sant-Feliu-de-Barruera-Lleida.jpg\" class=\"attachment-large size-large wp-image-48154\" alt=\"Sant Feliu de Barruera, Lleida\" srcset=\"https:\/\/www.elturistatranquil.com\/wp-content\/uploads\/F20-Sant-Feliu-de-Barruera-Lleida.jpg 768w, https:\/\/www.elturistatranquil.com\/wp-content\/uploads\/F20-Sant-Feliu-de-Barruera-Lleida-339x226.jpg 339w\" sizes=\"(max-width: 768px) 100vw, 768px\" \/>\t\t\t\t\t\t\t\t\t\t\t<figcaption class=\"widget-image-caption wp-caption-text\"><\/figcaption>\n\t\t\t\t\t\t\t\t\t\t<\/figure>\n\t\t\t\t\t\t\t\t\t<\/div>\n\t\t\t\t<\/div>\n\t\t\t\t<div class=\"elementor-element elementor-element-4b11499 elementor-widget elementor-widget-text-editor\" data-id=\"4b11499\" data-element_type=\"widget\" data-e-type=\"widget\" data-widget_type=\"text-editor.default\">\n\t\t\t\t<div class=\"elementor-widget-container\">\n\t\t\t\t\t\t\t\t\t<p>El lateral septentrional, una massa de carreuat compacta de dues profunditats, amb una \u00fanica obertura. En conjunt, menys pesant que la de l\u2019altre costat.<\/p>\t\t\t\t\t\t\t\t<\/div>\n\t\t\t\t<\/div>\n\t\t\t\t<div class=\"elementor-element elementor-element-23aa52b elementor-widget elementor-widget-image\" data-id=\"23aa52b\" data-element_type=\"widget\" data-e-type=\"widget\" data-widget_type=\"image.default\">\n\t\t\t\t<div class=\"elementor-widget-container\">\n\t\t\t\t\t\t\t\t\t\t\t\t<figure class=\"wp-caption\">\n\t\t\t\t\t\t\t\t\t\t<img loading=\"lazy\" decoding=\"async\" width=\"768\" height=\"512\" src=\"https:\/\/www.elturistatranquil.com\/wp-content\/uploads\/F21-Sant-Feliu-de-Barruera-Lleida.jpg\" class=\"attachment-large size-large wp-image-48156\" alt=\"Sant Feliu de Barruera, Lleida\" srcset=\"https:\/\/www.elturistatranquil.com\/wp-content\/uploads\/F21-Sant-Feliu-de-Barruera-Lleida.jpg 768w, https:\/\/www.elturistatranquil.com\/wp-content\/uploads\/F21-Sant-Feliu-de-Barruera-Lleida-339x226.jpg 339w\" sizes=\"(max-width: 768px) 100vw, 768px\" \/>\t\t\t\t\t\t\t\t\t\t\t<figcaption class=\"widget-image-caption wp-caption-text\"><\/figcaption>\n\t\t\t\t\t\t\t\t\t\t<\/figure>\n\t\t\t\t\t\t\t\t\t<\/div>\n\t\t\t\t<\/div>\n\t\t\t\t<div class=\"elementor-element elementor-element-9e16ee2 elementor-widget elementor-widget-image\" data-id=\"9e16ee2\" data-element_type=\"widget\" data-e-type=\"widget\" data-widget_type=\"image.default\">\n\t\t\t\t<div class=\"elementor-widget-container\">\n\t\t\t\t\t\t\t\t\t\t\t\t<figure class=\"wp-caption\">\n\t\t\t\t\t\t\t\t\t\t<img loading=\"lazy\" decoding=\"async\" width=\"768\" height=\"512\" src=\"https:\/\/www.elturistatranquil.com\/wp-content\/uploads\/F22-Sant-Feliu-de-Barruera-Lleida.jpg\" class=\"attachment-large size-large wp-image-48161\" alt=\"Sant Feliu de Barruera, Lleida\" srcset=\"https:\/\/www.elturistatranquil.com\/wp-content\/uploads\/F22-Sant-Feliu-de-Barruera-Lleida.jpg 768w, https:\/\/www.elturistatranquil.com\/wp-content\/uploads\/F22-Sant-Feliu-de-Barruera-Lleida-339x226.jpg 339w\" sizes=\"(max-width: 768px) 100vw, 768px\" \/>\t\t\t\t\t\t\t\t\t\t\t<figcaption class=\"widget-image-caption wp-caption-text\"><\/figcaption>\n\t\t\t\t\t\t\t\t\t\t<\/figure>\n\t\t\t\t\t\t\t\t\t<\/div>\n\t\t\t\t<\/div>\n\t\t\t\t<div class=\"elementor-element elementor-element-2b4e775 elementor-widget elementor-widget-text-editor\" data-id=\"2b4e775\" data-element_type=\"widget\" data-e-type=\"widget\" data-widget_type=\"text-editor.default\">\n\t\t\t\t<div class=\"elementor-widget-container\">\n\t\t\t\t\t\t\t\t\t<p>La capella m\u00e9s petita sobresurt menys.<\/p>\t\t\t\t\t\t\t\t<\/div>\n\t\t\t\t<\/div>\n\t\t\t\t<div class=\"elementor-element elementor-element-b166ee4 elementor-widget elementor-widget-image\" data-id=\"b166ee4\" data-element_type=\"widget\" data-e-type=\"widget\" data-widget_type=\"image.default\">\n\t\t\t\t<div class=\"elementor-widget-container\">\n\t\t\t\t\t\t\t\t\t\t\t\t<figure class=\"wp-caption\">\n\t\t\t\t\t\t\t\t\t\t<img loading=\"lazy\" decoding=\"async\" width=\"768\" height=\"553\" src=\"https:\/\/www.elturistatranquil.com\/wp-content\/uploads\/F23-Sant-Feliu-de-Barruera-Lleida.jpg\" class=\"attachment-large size-large wp-image-48163\" alt=\"Sant Feliu de Barruera, Lleida\" srcset=\"https:\/\/www.elturistatranquil.com\/wp-content\/uploads\/F23-Sant-Feliu-de-Barruera-Lleida.jpg 768w, https:\/\/www.elturistatranquil.com\/wp-content\/uploads\/F23-Sant-Feliu-de-Barruera-Lleida-314x226.jpg 314w\" sizes=\"(max-width: 768px) 100vw, 768px\" \/>\t\t\t\t\t\t\t\t\t\t\t<figcaption class=\"widget-image-caption wp-caption-text\"><\/figcaption>\n\t\t\t\t\t\t\t\t\t\t<\/figure>\n\t\t\t\t\t\t\t\t\t<\/div>\n\t\t\t\t<\/div>\n\t\t\t\t<div class=\"elementor-element elementor-element-227c3af elementor-widget elementor-widget-heading\" data-id=\"227c3af\" data-element_type=\"widget\" data-e-type=\"widget\" data-widget_type=\"heading.default\">\n\t\t\t\t<div class=\"elementor-widget-container\">\n\t\t\t\t\t<h4 class=\"elementor-heading-title elementor-size-default\">La portada<\/h4>\t\t\t\t<\/div>\n\t\t\t\t<\/div>\n\t\t\t\t<div class=\"elementor-element elementor-element-48fc008 elementor-widget elementor-widget-text-editor\" data-id=\"48fc008\" data-element_type=\"widget\" data-e-type=\"widget\" data-widget_type=\"text-editor.default\">\n\t\t\t\t<div class=\"elementor-widget-container\">\n\t\t\t\t\t\t\t\t\t<p>La porta dels peus del temple, protegida pel porxo, \u00e9s la m\u00e9s elaborada de les que hem vist fins ara, per\u00f2 amb gran senzillesa.<\/p><p>Unes simples arquivoltes atrompetades, per\u00f2 que no comencen a la base del semicercle, sin\u00f3 des de mitja al\u00e7ada de la porta, envoltada per una xambrana. Dona la sensaci\u00f3 que el nivell del s\u00f2l hagu\u00e9s estat rebaixat, el que explicaria l\u2019estranya distribuci\u00f3 en al\u00e7ada dels lateral de la porta.<\/p>\t\t\t\t\t\t\t\t<\/div>\n\t\t\t\t<\/div>\n\t\t\t\t<div class=\"elementor-element elementor-element-bcd5012 elementor-widget elementor-widget-image\" data-id=\"bcd5012\" data-element_type=\"widget\" data-e-type=\"widget\" data-widget_type=\"image.default\">\n\t\t\t\t<div class=\"elementor-widget-container\">\n\t\t\t\t\t\t\t\t\t\t\t\t<figure class=\"wp-caption\">\n\t\t\t\t\t\t\t\t\t\t<img loading=\"lazy\" decoding=\"async\" width=\"768\" height=\"512\" src=\"https:\/\/www.elturistatranquil.com\/wp-content\/uploads\/F24-Sant-Feliu-de-Barruera-Lleida.jpg\" class=\"attachment-large size-large wp-image-48165\" alt=\"Sant Feliu de Barruera, Lleida\" srcset=\"https:\/\/www.elturistatranquil.com\/wp-content\/uploads\/F24-Sant-Feliu-de-Barruera-Lleida.jpg 768w, https:\/\/www.elturistatranquil.com\/wp-content\/uploads\/F24-Sant-Feliu-de-Barruera-Lleida-339x226.jpg 339w\" sizes=\"(max-width: 768px) 100vw, 768px\" \/>\t\t\t\t\t\t\t\t\t\t\t<figcaption class=\"widget-image-caption wp-caption-text\"><\/figcaption>\n\t\t\t\t\t\t\t\t\t\t<\/figure>\n\t\t\t\t\t\t\t\t\t<\/div>\n\t\t\t\t<\/div>\n\t\t\t\t<div class=\"elementor-element elementor-element-70624c2 elementor-widget elementor-widget-text-editor\" data-id=\"70624c2\" data-element_type=\"widget\" data-e-type=\"widget\" data-widget_type=\"text-editor.default\">\n\t\t\t\t<div class=\"elementor-widget-container\">\n\t\t\t\t\t\t\t\t\t<p>Cal observar el forrellat de la porta, on encara hi ha un pany, la barra del qual est\u00e0 decorada amb diversos gravats geom\u00e8trics i, en un extrem, la figura d&#8217;un cap de bou -que correspondria a una tipologia g\u00f2tica o posterior.<\/p>\t\t\t\t\t\t\t\t<\/div>\n\t\t\t\t<\/div>\n\t\t\t\t<div class=\"elementor-element elementor-element-7b3eb1d elementor-widget elementor-widget-image\" data-id=\"7b3eb1d\" data-element_type=\"widget\" data-e-type=\"widget\" data-widget_type=\"image.default\">\n\t\t\t\t<div class=\"elementor-widget-container\">\n\t\t\t\t\t\t\t\t\t\t\t\t<figure class=\"wp-caption\">\n\t\t\t\t\t\t\t\t\t\t<img loading=\"lazy\" decoding=\"async\" width=\"768\" height=\"512\" src=\"https:\/\/www.elturistatranquil.com\/wp-content\/uploads\/F25-Sant-Feliu-de-Barruera-Lleida.jpg\" class=\"attachment-large size-large wp-image-48167\" alt=\"Sant Feliu de Barruera, Lleida\" srcset=\"https:\/\/www.elturistatranquil.com\/wp-content\/uploads\/F25-Sant-Feliu-de-Barruera-Lleida.jpg 768w, https:\/\/www.elturistatranquil.com\/wp-content\/uploads\/F25-Sant-Feliu-de-Barruera-Lleida-339x226.jpg 339w\" sizes=\"(max-width: 768px) 100vw, 768px\" \/>\t\t\t\t\t\t\t\t\t\t\t<figcaption class=\"widget-image-caption wp-caption-text\"><\/figcaption>\n\t\t\t\t\t\t\t\t\t\t<\/figure>\n\t\t\t\t\t\t\t\t\t<\/div>\n\t\t\t\t<\/div>\n\t\t\t\t<div class=\"elementor-element elementor-element-9e5ff9e elementor-widget elementor-widget-heading\" data-id=\"9e5ff9e\" data-element_type=\"widget\" data-e-type=\"widget\" data-widget_type=\"heading.default\">\n\t\t\t\t<div class=\"elementor-widget-container\">\n\t\t\t\t\t<h3 class=\"elementor-heading-title elementor-size-default\">L\u2019interior<\/h3>\t\t\t\t<\/div>\n\t\t\t\t<\/div>\n\t\t\t\t<div class=\"elementor-element elementor-element-d031330 elementor-widget elementor-widget-text-editor\" data-id=\"d031330\" data-element_type=\"widget\" data-e-type=\"widget\" data-widget_type=\"text-editor.default\">\n\t\t\t\t<div class=\"elementor-widget-container\">\n\t\t\t\t\t\t\t\t\t<p>Com s\u2019ha assenyalat, la pres\u00e8ncia d&#8217;una columna circular -com les de Sant Climent i Santa Maria de Ta\u00fcll o de Sant Joan de Bo\u00ed- a l&#8217;angle de la nau amb la capella del costat nord, ha portat a plantejar-se que inicialment s&#8217;hagu\u00e9s projectat com a planta basilical, sense que s&#8217;arrib\u00e9s a executar-se, quedant redu\u00eft a un temple amb una sola nau i dues capelles laterals.<\/p>\t\t\t\t\t\t\t\t<\/div>\n\t\t\t\t<\/div>\n\t\t\t\t<div class=\"elementor-element elementor-element-4b629fe elementor-widget elementor-widget-image\" data-id=\"4b629fe\" data-element_type=\"widget\" data-e-type=\"widget\" data-widget_type=\"image.default\">\n\t\t\t\t<div class=\"elementor-widget-container\">\n\t\t\t\t\t\t\t\t\t\t\t\t<figure class=\"wp-caption\">\n\t\t\t\t\t\t\t\t\t\t<img loading=\"lazy\" decoding=\"async\" width=\"768\" height=\"512\" src=\"https:\/\/www.elturistatranquil.com\/wp-content\/uploads\/F26-Sant-Feliu-de-Barruera-Lleida.jpg\" class=\"attachment-large size-large wp-image-48169\" alt=\"Sant Feliu de Barruera, Lleida\" srcset=\"https:\/\/www.elturistatranquil.com\/wp-content\/uploads\/F26-Sant-Feliu-de-Barruera-Lleida.jpg 768w, https:\/\/www.elturistatranquil.com\/wp-content\/uploads\/F26-Sant-Feliu-de-Barruera-Lleida-339x226.jpg 339w\" sizes=\"(max-width: 768px) 100vw, 768px\" \/>\t\t\t\t\t\t\t\t\t\t\t<figcaption class=\"widget-image-caption wp-caption-text\"><\/figcaption>\n\t\t\t\t\t\t\t\t\t\t<\/figure>\n\t\t\t\t\t\t\t\t\t<\/div>\n\t\t\t\t<\/div>\n\t\t\t\t<div class=\"elementor-element elementor-element-49fd017 elementor-widget elementor-widget-text-editor\" data-id=\"49fd017\" data-element_type=\"widget\" data-e-type=\"widget\" data-widget_type=\"text-editor.default\">\n\t\t\t\t<div class=\"elementor-widget-container\">\n\t\t\t\t\t\t\t\t\t<p>La nau est\u00e0 coberta per una volta de can\u00f3 sobre elevada, mentre que l\u2019arc triomfal del presbiteri presenta un arc que tendeix a una forma d\u2019arc carpanell.<\/p><p>S\u2019accedeix a les capelles laterals, que serien les que formarien el transsepte, per obertures d\u2019arc lleugerament apuntats.<\/p><p>Els murs i els absis s\u2019han deixat de pedra vista, mentre que la volta est\u00e0 arrebossada de blanc.<\/p>\t\t\t\t\t\t\t\t<\/div>\n\t\t\t\t<\/div>\n\t\t\t\t<div class=\"elementor-element elementor-element-2c4cd13 elementor-widget elementor-widget-image\" data-id=\"2c4cd13\" data-element_type=\"widget\" data-e-type=\"widget\" data-widget_type=\"image.default\">\n\t\t\t\t<div class=\"elementor-widget-container\">\n\t\t\t\t\t\t\t\t\t\t\t\t<figure class=\"wp-caption\">\n\t\t\t\t\t\t\t\t\t\t<img loading=\"lazy\" decoding=\"async\" width=\"768\" height=\"512\" src=\"https:\/\/www.elturistatranquil.com\/wp-content\/uploads\/F27-Sant-Feliu-de-Barruera-Lleida.jpg\" class=\"attachment-large size-large wp-image-48174\" alt=\"Sant Feliu de Barruera, Lleida\" srcset=\"https:\/\/www.elturistatranquil.com\/wp-content\/uploads\/F27-Sant-Feliu-de-Barruera-Lleida.jpg 768w, https:\/\/www.elturistatranquil.com\/wp-content\/uploads\/F27-Sant-Feliu-de-Barruera-Lleida-339x226.jpg 339w\" sizes=\"(max-width: 768px) 100vw, 768px\" \/>\t\t\t\t\t\t\t\t\t\t\t<figcaption class=\"widget-image-caption wp-caption-text\"><\/figcaption>\n\t\t\t\t\t\t\t\t\t\t<\/figure>\n\t\t\t\t\t\t\t\t\t<\/div>\n\t\t\t\t<\/div>\n\t\t\t\t<div class=\"elementor-element elementor-element-929a7fa elementor-widget elementor-widget-text-editor\" data-id=\"929a7fa\" data-element_type=\"widget\" data-e-type=\"widget\" data-widget_type=\"text-editor.default\">\n\t\t\t\t<div class=\"elementor-widget-container\">\n\t\t\t\t\t\t\t\t\t<p>Al haver deixat l\u2019obra vista, es manifesta una qualitat de la f\u00e0brica molt poc acurada i desprove\u00efda de cap mena de decoraci\u00f3 arquitect\u00f2nica ni escult\u00f2rica. El que es manifesta, per exemple, en la irregularitat de les formes dels arcs i en uns murs de carreu\u00f3, que s\u2019acosta m\u00e9s a la ma\u00e7oneria que al carreu.<\/p>\t\t\t\t\t\t\t\t<\/div>\n\t\t\t\t<\/div>\n\t\t\t\t<div class=\"elementor-element elementor-element-aa50ace elementor-widget elementor-widget-image\" data-id=\"aa50ace\" data-element_type=\"widget\" data-e-type=\"widget\" data-widget_type=\"image.default\">\n\t\t\t\t<div class=\"elementor-widget-container\">\n\t\t\t\t\t\t\t\t\t\t\t\t<figure class=\"wp-caption\">\n\t\t\t\t\t\t\t\t\t\t<img loading=\"lazy\" decoding=\"async\" width=\"768\" height=\"512\" src=\"https:\/\/www.elturistatranquil.com\/wp-content\/uploads\/F28-Sant-Feliu-de-Barruera-Lleida.jpg\" class=\"attachment-large size-large wp-image-48176\" alt=\"Sant Feliu de Barruera, Lleida\" srcset=\"https:\/\/www.elturistatranquil.com\/wp-content\/uploads\/F28-Sant-Feliu-de-Barruera-Lleida.jpg 768w, https:\/\/www.elturistatranquil.com\/wp-content\/uploads\/F28-Sant-Feliu-de-Barruera-Lleida-339x226.jpg 339w\" sizes=\"(max-width: 768px) 100vw, 768px\" \/>\t\t\t\t\t\t\t\t\t\t\t<figcaption class=\"widget-image-caption wp-caption-text\"><\/figcaption>\n\t\t\t\t\t\t\t\t\t\t<\/figure>\n\t\t\t\t\t\t\t\t\t<\/div>\n\t\t\t\t<\/div>\n\t\t\t\t<div class=\"elementor-element elementor-element-3aac713 elementor-widget elementor-widget-text-editor\" data-id=\"3aac713\" data-element_type=\"widget\" data-e-type=\"widget\" data-widget_type=\"text-editor.default\">\n\t\t\t\t<div class=\"elementor-widget-container\">\n\t\t\t\t\t\t\t\t\t<p>El presbiteri el forma un doble arc triomfal, amb l\u2019absis semicircular amb coberta de quart d\u2019esfera. Com \u00e9s usual al rom\u00e0nic, l\u2019absis semicircular que representa la unitat de D\u00e9u, amb tres finestres s\u00edmbol de les tres persones de la Trinitat.<\/p>\t\t\t\t\t\t\t\t<\/div>\n\t\t\t\t<\/div>\n\t\t\t\t<div class=\"elementor-element elementor-element-a2f032c elementor-widget elementor-widget-image\" data-id=\"a2f032c\" data-element_type=\"widget\" data-e-type=\"widget\" data-widget_type=\"image.default\">\n\t\t\t\t<div class=\"elementor-widget-container\">\n\t\t\t\t\t\t\t\t\t\t\t\t<figure class=\"wp-caption\">\n\t\t\t\t\t\t\t\t\t\t<img loading=\"lazy\" decoding=\"async\" width=\"768\" height=\"529\" src=\"https:\/\/www.elturistatranquil.com\/wp-content\/uploads\/F29-Sant-Feliu-de-Barruera-Lleida.jpg\" class=\"attachment-large size-large wp-image-48178\" alt=\"Sant Feliu de Barruera, Lleida\" srcset=\"https:\/\/www.elturistatranquil.com\/wp-content\/uploads\/F29-Sant-Feliu-de-Barruera-Lleida.jpg 768w, https:\/\/www.elturistatranquil.com\/wp-content\/uploads\/F29-Sant-Feliu-de-Barruera-Lleida-328x226.jpg 328w\" sizes=\"(max-width: 768px) 100vw, 768px\" \/>\t\t\t\t\t\t\t\t\t\t\t<figcaption class=\"widget-image-caption wp-caption-text\"><\/figcaption>\n\t\t\t\t\t\t\t\t\t\t<\/figure>\n\t\t\t\t\t\t\t\t\t<\/div>\n\t\t\t\t<\/div>\n\t\t\t\t<div class=\"elementor-element elementor-element-db70008 elementor-widget elementor-widget-image\" data-id=\"db70008\" data-element_type=\"widget\" data-e-type=\"widget\" data-widget_type=\"image.default\">\n\t\t\t\t<div class=\"elementor-widget-container\">\n\t\t\t\t\t\t\t\t\t\t\t\t<figure class=\"wp-caption\">\n\t\t\t\t\t\t\t\t\t\t<img loading=\"lazy\" decoding=\"async\" width=\"768\" height=\"512\" src=\"https:\/\/www.elturistatranquil.com\/wp-content\/uploads\/F30-Sant-Feliu-de-Barruera-Lleida.jpg\" class=\"attachment-large size-large wp-image-48180\" alt=\"Sant Feliu de Barruera, Lleida\" srcset=\"https:\/\/www.elturistatranquil.com\/wp-content\/uploads\/F30-Sant-Feliu-de-Barruera-Lleida.jpg 768w, https:\/\/www.elturistatranquil.com\/wp-content\/uploads\/F30-Sant-Feliu-de-Barruera-Lleida-339x226.jpg 339w\" sizes=\"(max-width: 768px) 100vw, 768px\" \/>\t\t\t\t\t\t\t\t\t\t\t<figcaption class=\"widget-image-caption wp-caption-text\"><\/figcaption>\n\t\t\t\t\t\t\t\t\t\t<\/figure>\n\t\t\t\t\t\t\t\t\t<\/div>\n\t\t\t\t<\/div>\n\t\t\t\t<div class=\"elementor-element elementor-element-28f5a2c elementor-widget elementor-widget-text-editor\" data-id=\"28f5a2c\" data-element_type=\"widget\" data-e-type=\"widget\" data-widget_type=\"text-editor.default\">\n\t\t\t\t<div class=\"elementor-widget-container\">\n\t\t\t\t\t\t\t\t\t<p>En algun moment es va embellir l\u2019interior de l\u2019absis amb un arrebossat i encintat que dibuixava carreus m\u00e9s regulars, del que en queden alguna mostra en el mur.<\/p>\t\t\t\t\t\t\t\t<\/div>\n\t\t\t\t<\/div>\n\t\t\t\t<div class=\"elementor-element elementor-element-74d5778 elementor-widget elementor-widget-image\" data-id=\"74d5778\" data-element_type=\"widget\" data-e-type=\"widget\" data-widget_type=\"image.default\">\n\t\t\t\t<div class=\"elementor-widget-container\">\n\t\t\t\t\t\t\t\t\t\t\t\t<figure class=\"wp-caption\">\n\t\t\t\t\t\t\t\t\t\t<img loading=\"lazy\" decoding=\"async\" width=\"768\" height=\"512\" src=\"https:\/\/www.elturistatranquil.com\/wp-content\/uploads\/F31-Sant-Feliu-de-Barruera-Lleida.jpg\" class=\"attachment-large size-large wp-image-48182\" alt=\"Sant Feliu de Barruera, Lleida\" srcset=\"https:\/\/www.elturistatranquil.com\/wp-content\/uploads\/F31-Sant-Feliu-de-Barruera-Lleida.jpg 768w, https:\/\/www.elturistatranquil.com\/wp-content\/uploads\/F31-Sant-Feliu-de-Barruera-Lleida-339x226.jpg 339w\" sizes=\"(max-width: 768px) 100vw, 768px\" \/>\t\t\t\t\t\t\t\t\t\t\t<figcaption class=\"widget-image-caption wp-caption-text\"><\/figcaption>\n\t\t\t\t\t\t\t\t\t\t<\/figure>\n\t\t\t\t\t\t\t\t\t<\/div>\n\t\t\t\t<\/div>\n\t\t\t\t<div class=\"elementor-element elementor-element-c60d95c elementor-widget elementor-widget-text-editor\" data-id=\"c60d95c\" data-element_type=\"widget\" data-e-type=\"widget\" data-widget_type=\"text-editor.default\">\n\t\t\t\t<div class=\"elementor-widget-container\">\n\t\t\t\t\t\t\t\t\t<p>En diversos objectes de culte que s\u2019exposen al recinte es fa pal\u00b7les com els canvis en les esgl\u00e9sies s\u00f3n el resultat de les generacions adaptant-se als diferents estils art\u00edstics i a les canviants normes lit\u00fargiques i dels sentiments religiosos als que s\u2019apel\u00b7la.<\/p><p>Es el cas de la imatge de l\u2019altar major que representa <strong>Crist a la creu<\/strong> a la manera del barroc, buscant mostrar de forma realista el sofriment i l&#8217;anatomia de la figura (venes, m\u00fasculs&#8230;), duu doble corona i a la cintura al pany de puresa o <em>perizonium<\/em> es subjecte amb una gran lla\u00e7ada. Abans de la restauraci\u00f3 de l&#8217;esgl\u00e9sia formava part d&#8217;un retaule situat a la capella dels Dolors.<\/p>\t\t\t\t\t\t\t\t<\/div>\n\t\t\t\t<\/div>\n\t\t\t\t<div class=\"elementor-element elementor-element-4e759d5 elementor-widget elementor-widget-image\" data-id=\"4e759d5\" data-element_type=\"widget\" data-e-type=\"widget\" data-widget_type=\"image.default\">\n\t\t\t\t<div class=\"elementor-widget-container\">\n\t\t\t\t\t\t\t\t\t\t\t\t<figure class=\"wp-caption\">\n\t\t\t\t\t\t\t\t\t\t<img loading=\"lazy\" decoding=\"async\" width=\"768\" height=\"512\" src=\"https:\/\/www.elturistatranquil.com\/wp-content\/uploads\/F32-Sant-Feliu-de-Barruera-Lleida.jpg\" class=\"attachment-large size-large wp-image-48184\" alt=\"Sant Feliu de Barruera, Lleida\" srcset=\"https:\/\/www.elturistatranquil.com\/wp-content\/uploads\/F32-Sant-Feliu-de-Barruera-Lleida.jpg 768w, https:\/\/www.elturistatranquil.com\/wp-content\/uploads\/F32-Sant-Feliu-de-Barruera-Lleida-339x226.jpg 339w\" sizes=\"(max-width: 768px) 100vw, 768px\" \/>\t\t\t\t\t\t\t\t\t\t\t<figcaption class=\"widget-image-caption wp-caption-text\"><\/figcaption>\n\t\t\t\t\t\t\t\t\t\t<\/figure>\n\t\t\t\t\t\t\t\t\t<\/div>\n\t\t\t\t<\/div>\n\t\t\t\t<div class=\"elementor-element elementor-element-18b2e42 elementor-widget elementor-widget-text-editor\" data-id=\"18b2e42\" data-element_type=\"widget\" data-e-type=\"widget\" data-widget_type=\"text-editor.default\">\n\t\t\t\t<div class=\"elementor-widget-container\">\n\t\t\t\t\t\t\t\t\t<p>La volta del temple est\u00e0 refor\u00e7ada amb arcs torals que descansen en m\u00e8nsules.<\/p><p>Per sobre, la volta est\u00e0 protegida per una coberta a dues aig\u00fces amb de llosetes de pissarra.<\/p>\t\t\t\t\t\t\t\t<\/div>\n\t\t\t\t<\/div>\n\t\t\t\t<div class=\"elementor-element elementor-element-1ad3219 elementor-widget elementor-widget-image\" data-id=\"1ad3219\" data-element_type=\"widget\" data-e-type=\"widget\" data-widget_type=\"image.default\">\n\t\t\t\t<div class=\"elementor-widget-container\">\n\t\t\t\t\t\t\t\t\t\t\t\t<figure class=\"wp-caption\">\n\t\t\t\t\t\t\t\t\t\t<img loading=\"lazy\" decoding=\"async\" width=\"768\" height=\"512\" src=\"https:\/\/www.elturistatranquil.com\/wp-content\/uploads\/F33-Sant-Feliu-de-Barruera-Lleida.jpg\" class=\"attachment-large size-large wp-image-48189\" alt=\"Sant Feliu de Barruera, Lleida\" srcset=\"https:\/\/www.elturistatranquil.com\/wp-content\/uploads\/F33-Sant-Feliu-de-Barruera-Lleida.jpg 768w, https:\/\/www.elturistatranquil.com\/wp-content\/uploads\/F33-Sant-Feliu-de-Barruera-Lleida-339x226.jpg 339w\" sizes=\"(max-width: 768px) 100vw, 768px\" \/>\t\t\t\t\t\t\t\t\t\t\t<figcaption class=\"widget-image-caption wp-caption-text\"><\/figcaption>\n\t\t\t\t\t\t\t\t\t\t<\/figure>\n\t\t\t\t\t\t\t\t\t<\/div>\n\t\t\t\t<\/div>\n\t\t\t\t<div class=\"elementor-element elementor-element-39ef7ea elementor-widget elementor-widget-image\" data-id=\"39ef7ea\" data-element_type=\"widget\" data-e-type=\"widget\" data-widget_type=\"image.default\">\n\t\t\t\t<div class=\"elementor-widget-container\">\n\t\t\t\t\t\t\t\t\t\t\t\t<figure class=\"wp-caption\">\n\t\t\t\t\t\t\t\t\t\t<img loading=\"lazy\" decoding=\"async\" width=\"768\" height=\"512\" src=\"https:\/\/www.elturistatranquil.com\/wp-content\/uploads\/F34-Sant-Feliu-de-Barruera-Lleida.jpg\" class=\"attachment-large size-large wp-image-48191\" alt=\"Sant Feliu de Barruera, Lleida\" srcset=\"https:\/\/www.elturistatranquil.com\/wp-content\/uploads\/F34-Sant-Feliu-de-Barruera-Lleida.jpg 768w, https:\/\/www.elturistatranquil.com\/wp-content\/uploads\/F34-Sant-Feliu-de-Barruera-Lleida-339x226.jpg 339w\" sizes=\"(max-width: 768px) 100vw, 768px\" \/>\t\t\t\t\t\t\t\t\t\t\t<figcaption class=\"widget-image-caption wp-caption-text\"><\/figcaption>\n\t\t\t\t\t\t\t\t\t\t<\/figure>\n\t\t\t\t\t\t\t\t\t<\/div>\n\t\t\t\t<\/div>\n\t\t\t\t<div class=\"elementor-element elementor-element-f815817 elementor-widget elementor-widget-text-editor\" data-id=\"f815817\" data-element_type=\"widget\" data-e-type=\"widget\" data-widget_type=\"text-editor.default\">\n\t\t\t\t<div class=\"elementor-widget-container\">\n\t\t\t\t\t\t\t\t\t<p>Les capelles laterals estan cobertes per una volta de can\u00f3 perpendicular a la nau.<\/p><p>A la dreta, s\u2019observa restes d\u2019una porta tapiada que obriria a l\u2019exterior.<\/p>\t\t\t\t\t\t\t\t<\/div>\n\t\t\t\t<\/div>\n\t\t\t\t<div class=\"elementor-element elementor-element-419dc74 elementor-widget elementor-widget-image\" data-id=\"419dc74\" data-element_type=\"widget\" data-e-type=\"widget\" data-widget_type=\"image.default\">\n\t\t\t\t<div class=\"elementor-widget-container\">\n\t\t\t\t\t\t\t\t\t\t\t\t<figure class=\"wp-caption\">\n\t\t\t\t\t\t\t\t\t\t<img loading=\"lazy\" decoding=\"async\" width=\"768\" height=\"544\" src=\"https:\/\/www.elturistatranquil.com\/wp-content\/uploads\/F35-Sant-Feliu-de-Barruera-Lleida.jpg\" class=\"attachment-large size-large wp-image-48193\" alt=\"Sant Feliu de Barruera, Lleida\" srcset=\"https:\/\/www.elturistatranquil.com\/wp-content\/uploads\/F35-Sant-Feliu-de-Barruera-Lleida.jpg 768w, https:\/\/www.elturistatranquil.com\/wp-content\/uploads\/F35-Sant-Feliu-de-Barruera-Lleida-319x226.jpg 319w\" sizes=\"(max-width: 768px) 100vw, 768px\" \/>\t\t\t\t\t\t\t\t\t\t\t<figcaption class=\"widget-image-caption wp-caption-text\"><\/figcaption>\n\t\t\t\t\t\t\t\t\t\t<\/figure>\n\t\t\t\t\t\t\t\t\t<\/div>\n\t\t\t\t<\/div>\n\t\t\t\t<div class=\"elementor-element elementor-element-b41fdbe elementor-widget elementor-widget-text-editor\" data-id=\"b41fdbe\" data-element_type=\"widget\" data-e-type=\"widget\" data-widget_type=\"text-editor.default\">\n\t\t\t\t<div class=\"elementor-widget-container\">\n\t\t\t\t\t\t\t\t\t<p>L\u2019altar de la capella est\u00e0 situat dins l\u2019absidiola, tamb\u00e9 de c\u00fapula de quart d\u2019esfera de pedra vista.<\/p>\t\t\t\t\t\t\t\t<\/div>\n\t\t\t\t<\/div>\n\t\t\t\t<div class=\"elementor-element elementor-element-532bdc7 elementor-widget elementor-widget-image\" data-id=\"532bdc7\" data-element_type=\"widget\" data-e-type=\"widget\" data-widget_type=\"image.default\">\n\t\t\t\t<div class=\"elementor-widget-container\">\n\t\t\t\t\t\t\t\t\t\t\t\t<figure class=\"wp-caption\">\n\t\t\t\t\t\t\t\t\t\t<img loading=\"lazy\" decoding=\"async\" width=\"768\" height=\"512\" src=\"https:\/\/www.elturistatranquil.com\/wp-content\/uploads\/F36-Sant-Feliu-de-Barruera-Lleida.jpg\" class=\"attachment-large size-large wp-image-48195\" alt=\"Sant Feliu de Barruera, Lleida\" srcset=\"https:\/\/www.elturistatranquil.com\/wp-content\/uploads\/F36-Sant-Feliu-de-Barruera-Lleida.jpg 768w, https:\/\/www.elturistatranquil.com\/wp-content\/uploads\/F36-Sant-Feliu-de-Barruera-Lleida-339x226.jpg 339w\" sizes=\"(max-width: 768px) 100vw, 768px\" \/>\t\t\t\t\t\t\t\t\t\t\t<figcaption class=\"widget-image-caption wp-caption-text\"><\/figcaption>\n\t\t\t\t\t\t\t\t\t\t<\/figure>\n\t\t\t\t\t\t\t\t\t<\/div>\n\t\t\t\t<\/div>\n\t\t\t\t<div class=\"elementor-element elementor-element-2d3718d elementor-widget elementor-widget-text-editor\" data-id=\"2d3718d\" data-element_type=\"widget\" data-e-type=\"widget\" data-widget_type=\"text-editor.default\">\n\t\t\t\t<div class=\"elementor-widget-container\">\n\t\t\t\t\t\t\t\t\t<p>Observem clarament un altre cop l\u2019abs\u00e8ncia de decoraci\u00f3 arquitect\u00f2nica ni escult\u00f2rica. Per contrast amb les altres esgl\u00e9sies de la vall, se\u2019m fa dif\u00edcil creure que aquest fos l\u2019aspecte que presentaven els murs a la vista dels feligresos en el moment de la construcci\u00f3. Podria pensar-se que hi hagu\u00e9s un encintat com a l\u2019absis major, per\u00f2 ne sembla pas que estigues decorada amb pintures als murs, que s\u2019hauria reservat exclusivament per a les esgl\u00e9sies de planta basilical.<\/p>\t\t\t\t\t\t\t\t<\/div>\n\t\t\t\t<\/div>\n\t\t\t\t<div class=\"elementor-element elementor-element-7d09ebb elementor-widget elementor-widget-image\" data-id=\"7d09ebb\" data-element_type=\"widget\" data-e-type=\"widget\" data-widget_type=\"image.default\">\n\t\t\t\t<div class=\"elementor-widget-container\">\n\t\t\t\t\t\t\t\t\t\t\t\t<figure class=\"wp-caption\">\n\t\t\t\t\t\t\t\t\t\t<img loading=\"lazy\" decoding=\"async\" width=\"768\" height=\"512\" src=\"https:\/\/www.elturistatranquil.com\/wp-content\/uploads\/F37-Sant-Feliu-de-Barruera-Lleida.jpg\" class=\"attachment-large size-large wp-image-48197\" alt=\"Sant Feliu de Barruera, Lleida\" srcset=\"https:\/\/www.elturistatranquil.com\/wp-content\/uploads\/F37-Sant-Feliu-de-Barruera-Lleida.jpg 768w, https:\/\/www.elturistatranquil.com\/wp-content\/uploads\/F37-Sant-Feliu-de-Barruera-Lleida-339x226.jpg 339w\" sizes=\"(max-width: 768px) 100vw, 768px\" \/>\t\t\t\t\t\t\t\t\t\t\t<figcaption class=\"widget-image-caption wp-caption-text\"><\/figcaption>\n\t\t\t\t\t\t\t\t\t\t<\/figure>\n\t\t\t\t\t\t\t\t\t<\/div>\n\t\t\t\t<\/div>\n\t\t\t\t<div class=\"elementor-element elementor-element-df3c5c3 elementor-widget elementor-widget-text-editor\" data-id=\"df3c5c3\" data-element_type=\"widget\" data-e-type=\"widget\" data-widget_type=\"text-editor.default\">\n\t\t\t\t<div class=\"elementor-widget-container\">\n\t\t\t\t\t\t\t\t\t<p>En aquest espai es presenten algunes mostres i objectes religiosos utilitzats al llarg dels segles.<\/p><p>Aquesta capella tenia una doble funci\u00f3: era l&#8217;espai de la Confraria del Roser i durant la Setmana Santa es dedicava al &#8220;Monument&#8221;.<\/p><p>Al mur sud s&#8217;ubicava un retaule dedicat al Roser. La Confraria del Roser s&#8217;encarregava de recaptar les contribucions per l&#8217;assist\u00e8ncia als enterraments, vetllar els malalts, aix\u00ed com designar els ve\u00efns que ajudarien en cada enterrament.<\/p><p>Durant la Setmana Santa el &#8220;Monument&#8221; ocupava l&#8217;altar. (Al post de l\u2018<a href=\"https:\/\/www.elturistatranquil.com\/ca\/esglesies-romaniques-de-sant-joan-de-boi-i-santa-eulalia-derill-la-vall-la-vall-de-boi-3\/\" target=\"_blank\" rel=\"noopener\">esgl\u00e9sia de Santa Eul\u00e0lia d\u2019Erill-la-Vall<\/a> es pot veure un d\u2019aquests \u201cmonuments\u201d). Es treia la imatge del Sagrat Cor i al seu lloc es disposava la urna, seguida amb una decoraci\u00f3 en forma d&#8217;arcades i escales fins al terra, a sobre d&#8217;aquests es posaven els &#8220;maigs&#8221;, finalment a la part inferior a ambdues bandes es situaven els dos armats que sostenien un ciri enc\u00e8s a la ma. El &#8220;Monument&#8221; es vetllava des de Dijous Sant fins Divendres Sant.<\/p><p>Aquestes dues imatges probablement formaven part d&#8217;un retaule que actualment no es conserva, i podrien ser de l\u2019estil dels armats del \u201cmonument\u201d. Aquestes talles de fusta mostren un treball de tipus popular on s&#8217;evidencia la voluntat de mostrar el moviment encara que sigui mitjan\u00e7ant la disposici\u00f3 exagerada de parts del cos i dels plecs dels vestits.<\/p>\t\t\t\t\t\t\t\t<\/div>\n\t\t\t\t<\/div>\n\t\t\t\t<section class=\"elementor-section elementor-inner-section elementor-element elementor-element-241a912 elementor-section-boxed elementor-section-height-default elementor-section-height-default\" data-id=\"241a912\" data-element_type=\"section\" data-e-type=\"section\">\n\t\t\t\t\t\t<div class=\"elementor-container elementor-column-gap-default\">\n\t\t\t\t\t<div class=\"elementor-column elementor-col-50 elementor-inner-column elementor-element elementor-element-9866166\" data-id=\"9866166\" data-element_type=\"column\" data-e-type=\"column\">\n\t\t\t<div class=\"elementor-widget-wrap elementor-element-populated\">\n\t\t\t\t\t\t<div class=\"elementor-element elementor-element-736bf6e elementor-widget elementor-widget-image\" data-id=\"736bf6e\" data-element_type=\"widget\" data-e-type=\"widget\" data-widget_type=\"image.default\">\n\t\t\t\t<div class=\"elementor-widget-container\">\n\t\t\t\t\t\t\t\t\t\t\t\t\t\t\t<img loading=\"lazy\" decoding=\"async\" width=\"380\" height=\"380\" src=\"https:\/\/www.elturistatranquil.com\/wp-content\/uploads\/F39m-Sant-Feliu-de-Barruera-Lleida.jpg\" class=\"attachment-large size-large wp-image-48199\" alt=\"Sant Feliu de Barruera, Lleida\" srcset=\"https:\/\/www.elturistatranquil.com\/wp-content\/uploads\/F39m-Sant-Feliu-de-Barruera-Lleida.jpg 380w, https:\/\/www.elturistatranquil.com\/wp-content\/uploads\/F39m-Sant-Feliu-de-Barruera-Lleida-226x226.jpg 226w\" sizes=\"(max-width: 380px) 100vw, 380px\" \/>\t\t\t\t\t\t\t\t\t\t\t\t\t\t\t<\/div>\n\t\t\t\t<\/div>\n\t\t\t\t\t<\/div>\n\t\t<\/div>\n\t\t\t\t<div class=\"elementor-column elementor-col-50 elementor-inner-column elementor-element elementor-element-306ed41\" data-id=\"306ed41\" data-element_type=\"column\" data-e-type=\"column\">\n\t\t\t<div class=\"elementor-widget-wrap elementor-element-populated\">\n\t\t\t\t\t\t<div class=\"elementor-element elementor-element-54bee03 elementor-widget elementor-widget-image\" data-id=\"54bee03\" data-element_type=\"widget\" data-e-type=\"widget\" data-widget_type=\"image.default\">\n\t\t\t\t<div class=\"elementor-widget-container\">\n\t\t\t\t\t\t\t\t\t\t\t\t\t\t\t<img loading=\"lazy\" decoding=\"async\" width=\"380\" height=\"380\" src=\"https:\/\/www.elturistatranquil.com\/wp-content\/uploads\/F39n-Sant-Feliu-de-Barruera-Lleida.jpg\" class=\"attachment-large size-large wp-image-48201\" alt=\"Sant Feliu de Barruera, Lleida\" srcset=\"https:\/\/www.elturistatranquil.com\/wp-content\/uploads\/F39n-Sant-Feliu-de-Barruera-Lleida.jpg 380w, https:\/\/www.elturistatranquil.com\/wp-content\/uploads\/F39n-Sant-Feliu-de-Barruera-Lleida-226x226.jpg 226w\" sizes=\"(max-width: 380px) 100vw, 380px\" \/>\t\t\t\t\t\t\t\t\t\t\t\t\t\t\t<\/div>\n\t\t\t\t<\/div>\n\t\t\t\t\t<\/div>\n\t\t<\/div>\n\t\t\t\t\t<\/div>\n\t\t<\/section>\n\t\t\t\t<div class=\"elementor-element elementor-element-1fde4a1 elementor-widget elementor-widget-text-editor\" data-id=\"1fde4a1\" data-element_type=\"widget\" data-e-type=\"widget\" data-widget_type=\"text-editor.default\">\n\t\t\t\t<div class=\"elementor-widget-container\">\n\t\t\t\t\t\t\t\t\t<p>\u00a0<\/p><p>El confessionari es una pe\u00e7a clau del ritus cat\u00f2lic.<\/p>\t\t\t\t\t\t\t\t<\/div>\n\t\t\t\t<\/div>\n\t\t\t\t<div class=\"elementor-element elementor-element-cd47064 elementor-widget elementor-widget-image\" data-id=\"cd47064\" data-element_type=\"widget\" data-e-type=\"widget\" data-widget_type=\"image.default\">\n\t\t\t\t<div class=\"elementor-widget-container\">\n\t\t\t\t\t\t\t\t\t\t\t\t<figure class=\"wp-caption\">\n\t\t\t\t\t\t\t\t\t\t<img loading=\"lazy\" decoding=\"async\" width=\"768\" height=\"512\" src=\"https:\/\/www.elturistatranquil.com\/wp-content\/uploads\/F40-Sant-Feliu-de-Barruera-Lleida.jpg\" class=\"attachment-large size-large wp-image-48203\" alt=\"Sant Feliu de Barruera, Lleida\" srcset=\"https:\/\/www.elturistatranquil.com\/wp-content\/uploads\/F40-Sant-Feliu-de-Barruera-Lleida.jpg 768w, https:\/\/www.elturistatranquil.com\/wp-content\/uploads\/F40-Sant-Feliu-de-Barruera-Lleida-339x226.jpg 339w\" sizes=\"(max-width: 768px) 100vw, 768px\" \/>\t\t\t\t\t\t\t\t\t\t\t<figcaption class=\"widget-image-caption wp-caption-text\"><\/figcaption>\n\t\t\t\t\t\t\t\t\t\t<\/figure>\n\t\t\t\t\t\t\t\t\t<\/div>\n\t\t\t\t<\/div>\n\t\t\t\t<div class=\"elementor-element elementor-element-94ae0c0 elementor-widget elementor-widget-text-editor\" data-id=\"94ae0c0\" data-element_type=\"widget\" data-e-type=\"widget\" data-widget_type=\"text-editor.default\">\n\t\t\t\t<div class=\"elementor-widget-container\">\n\t\t\t\t\t\t\t\t\t<p>Als peus del temple s\u2019hi va incorporar un <strong>cor <\/strong>de fusta elevat, utilitzat pels cantaires. Tradicionalment, a l&#8217;esgl\u00e9sia de Sant Feliu aquest espai era reservat als homes del poble.<\/p>\t\t\t\t\t\t\t\t<\/div>\n\t\t\t\t<\/div>\n\t\t\t\t<div class=\"elementor-element elementor-element-20a5690 elementor-widget elementor-widget-image\" data-id=\"20a5690\" data-element_type=\"widget\" data-e-type=\"widget\" data-widget_type=\"image.default\">\n\t\t\t\t<div class=\"elementor-widget-container\">\n\t\t\t\t\t\t\t\t\t\t\t\t<figure class=\"wp-caption\">\n\t\t\t\t\t\t\t\t\t\t<img loading=\"lazy\" decoding=\"async\" width=\"768\" height=\"512\" src=\"https:\/\/www.elturistatranquil.com\/wp-content\/uploads\/F41-Sant-Feliu-de-Barruera-Lleida.jpg\" class=\"attachment-large size-large wp-image-48205\" alt=\"Sant Feliu de Barruera, Lleida\" srcset=\"https:\/\/www.elturistatranquil.com\/wp-content\/uploads\/F41-Sant-Feliu-de-Barruera-Lleida.jpg 768w, https:\/\/www.elturistatranquil.com\/wp-content\/uploads\/F41-Sant-Feliu-de-Barruera-Lleida-339x226.jpg 339w\" sizes=\"(max-width: 768px) 100vw, 768px\" \/>\t\t\t\t\t\t\t\t\t\t\t<figcaption class=\"widget-image-caption wp-caption-text\"><\/figcaption>\n\t\t\t\t\t\t\t\t\t\t<\/figure>\n\t\t\t\t\t\t\t\t\t<\/div>\n\t\t\t\t<\/div>\n\t\t\t\t<div class=\"elementor-element elementor-element-043e036 elementor-widget elementor-widget-text-editor\" data-id=\"043e036\" data-element_type=\"widget\" data-e-type=\"widget\" data-widget_type=\"text-editor.default\">\n\t\t\t\t<div class=\"elementor-widget-container\">\n\t\t\t\t\t\t\t\t\t<p>Al lateral nord, o de l\u2019evangeli, a l\u2019esquerra una petita capella, seguida del l\u2019arc del transsepte.<\/p>\t\t\t\t\t\t\t\t<\/div>\n\t\t\t\t<\/div>\n\t\t\t\t<div class=\"elementor-element elementor-element-0d59f3f elementor-widget elementor-widget-image\" data-id=\"0d59f3f\" data-element_type=\"widget\" data-e-type=\"widget\" data-widget_type=\"image.default\">\n\t\t\t\t<div class=\"elementor-widget-container\">\n\t\t\t\t\t\t\t\t\t\t\t\t<figure class=\"wp-caption\">\n\t\t\t\t\t\t\t\t\t\t<img loading=\"lazy\" decoding=\"async\" width=\"768\" height=\"512\" src=\"https:\/\/www.elturistatranquil.com\/wp-content\/uploads\/F42-Sant-Feliu-de-Barruera-Lleida.jpg\" class=\"attachment-large size-large wp-image-48207\" alt=\"Sant Feliu de Barruera, Lleida\" srcset=\"https:\/\/www.elturistatranquil.com\/wp-content\/uploads\/F42-Sant-Feliu-de-Barruera-Lleida.jpg 768w, https:\/\/www.elturistatranquil.com\/wp-content\/uploads\/F42-Sant-Feliu-de-Barruera-Lleida-339x226.jpg 339w\" sizes=\"(max-width: 768px) 100vw, 768px\" \/>\t\t\t\t\t\t\t\t\t\t\t<figcaption class=\"widget-image-caption wp-caption-text\"><\/figcaption>\n\t\t\t\t\t\t\t\t\t\t<\/figure>\n\t\t\t\t\t\t\t\t\t<\/div>\n\t\t\t\t<\/div>\n\t\t\t\t<div class=\"elementor-element elementor-element-86180fc elementor-widget elementor-widget-image\" data-id=\"86180fc\" data-element_type=\"widget\" data-e-type=\"widget\" data-widget_type=\"image.default\">\n\t\t\t\t<div class=\"elementor-widget-container\">\n\t\t\t\t\t\t\t\t\t\t\t\t<figure class=\"wp-caption\">\n\t\t\t\t\t\t\t\t\t\t<img loading=\"lazy\" decoding=\"async\" width=\"768\" height=\"512\" src=\"https:\/\/www.elturistatranquil.com\/wp-content\/uploads\/F43-Sant-Feliu-de-Barruera-Lleida.jpg\" class=\"attachment-large size-large wp-image-48212\" alt=\"Sant Feliu de Barruera, Lleida\" srcset=\"https:\/\/www.elturistatranquil.com\/wp-content\/uploads\/F43-Sant-Feliu-de-Barruera-Lleida.jpg 768w, https:\/\/www.elturistatranquil.com\/wp-content\/uploads\/F43-Sant-Feliu-de-Barruera-Lleida-339x226.jpg 339w\" sizes=\"(max-width: 768px) 100vw, 768px\" \/>\t\t\t\t\t\t\t\t\t\t\t<figcaption class=\"widget-image-caption wp-caption-text\"><\/figcaption>\n\t\t\t\t\t\t\t\t\t\t<\/figure>\n\t\t\t\t\t\t\t\t\t<\/div>\n\t\t\t\t<\/div>\n\t\t\t\t<div class=\"elementor-element elementor-element-292828e elementor-widget elementor-widget-text-editor\" data-id=\"292828e\" data-element_type=\"widget\" data-e-type=\"widget\" data-widget_type=\"text-editor.default\">\n\t\t\t\t<div class=\"elementor-widget-container\">\n\t\t\t\t\t\t\t\t\t<p>El seg\u00fcent \u00e9s un retaule modern, del segle XX, que segueix les formes del neocl\u00e0ssic. Al coronament podem observar el s\u00edmbol del Sagrat Cor. Les imatges del retaule s\u00f3n: a l&#8217;esquerra el Sagrat Cor, el mig Sant Josep amb Jes\u00fas infant -aquesta va ser donada per una casa de poble- i a la dreta Sant Isidre.<\/p>\t\t\t\t\t\t\t\t<\/div>\n\t\t\t\t<\/div>\n\t\t\t\t<div class=\"elementor-element elementor-element-4397e07 elementor-widget elementor-widget-image\" data-id=\"4397e07\" data-element_type=\"widget\" data-e-type=\"widget\" data-widget_type=\"image.default\">\n\t\t\t\t<div class=\"elementor-widget-container\">\n\t\t\t\t\t\t\t\t\t\t\t\t<figure class=\"wp-caption\">\n\t\t\t\t\t\t\t\t\t\t<img loading=\"lazy\" decoding=\"async\" width=\"768\" height=\"512\" src=\"https:\/\/www.elturistatranquil.com\/wp-content\/uploads\/F44-Sant-Feliu-de-Barruera-Lleida.jpg\" class=\"attachment-large size-large wp-image-48214\" alt=\"Sant Feliu de Barruera, Lleida\" srcset=\"https:\/\/www.elturistatranquil.com\/wp-content\/uploads\/F44-Sant-Feliu-de-Barruera-Lleida.jpg 768w, https:\/\/www.elturistatranquil.com\/wp-content\/uploads\/F44-Sant-Feliu-de-Barruera-Lleida-339x226.jpg 339w\" sizes=\"(max-width: 768px) 100vw, 768px\" \/>\t\t\t\t\t\t\t\t\t\t\t<figcaption class=\"widget-image-caption wp-caption-text\"><\/figcaption>\n\t\t\t\t\t\t\t\t\t\t<\/figure>\n\t\t\t\t\t\t\t\t\t<\/div>\n\t\t\t\t<\/div>\n\t\t\t\t<div class=\"elementor-element elementor-element-4be791f elementor-widget elementor-widget-text-editor\" data-id=\"4be791f\" data-element_type=\"widget\" data-e-type=\"widget\" data-widget_type=\"text-editor.default\">\n\t\t\t\t<div class=\"elementor-widget-container\">\n\t\t\t\t\t\t\t\t\t<p>Al cor, muntat sobre una tarima de fusta, s\u2019accedeix per una escala als peus del temple.<\/p>\t\t\t\t\t\t\t\t<\/div>\n\t\t\t\t<\/div>\n\t\t\t\t<div class=\"elementor-element elementor-element-121d37f elementor-widget elementor-widget-image\" data-id=\"121d37f\" data-element_type=\"widget\" data-e-type=\"widget\" data-widget_type=\"image.default\">\n\t\t\t\t<div class=\"elementor-widget-container\">\n\t\t\t\t\t\t\t\t\t\t\t\t<figure class=\"wp-caption\">\n\t\t\t\t\t\t\t\t\t\t<img loading=\"lazy\" decoding=\"async\" width=\"768\" height=\"551\" src=\"https:\/\/www.elturistatranquil.com\/wp-content\/uploads\/F45-Sant-Feliu-de-Barruera-Lleida.jpg\" class=\"attachment-large size-large wp-image-48216\" alt=\"Sant Feliu de Barruera, Lleida\" srcset=\"https:\/\/www.elturistatranquil.com\/wp-content\/uploads\/F45-Sant-Feliu-de-Barruera-Lleida.jpg 768w, https:\/\/www.elturistatranquil.com\/wp-content\/uploads\/F45-Sant-Feliu-de-Barruera-Lleida-315x226.jpg 315w\" sizes=\"(max-width: 768px) 100vw, 768px\" \/>\t\t\t\t\t\t\t\t\t\t\t<figcaption class=\"widget-image-caption wp-caption-text\"><\/figcaption>\n\t\t\t\t\t\t\t\t\t\t<\/figure>\n\t\t\t\t\t\t\t\t\t<\/div>\n\t\t\t\t<\/div>\n\t\t\t\t<div class=\"elementor-element elementor-element-4b6db5e elementor-widget elementor-widget-text-editor\" data-id=\"4b6db5e\" data-element_type=\"widget\" data-e-type=\"widget\" data-widget_type=\"text-editor.default\">\n\t\t\t\t<div class=\"elementor-widget-container\">\n\t\t\t\t\t\t\t\t\t<p>Al marge de tenir una perspectiva elevada sobre l\u2019interior del temple, hi ha un panell explicatiu sobre el conjunt de l\u2019esgl\u00e9sia.<\/p><p>Al mateix temps podem veure un banc de cor.<\/p>\t\t\t\t\t\t\t\t<\/div>\n\t\t\t\t<\/div>\n\t\t\t\t<div class=\"elementor-element elementor-element-6218974 elementor-widget elementor-widget-image\" data-id=\"6218974\" data-element_type=\"widget\" data-e-type=\"widget\" data-widget_type=\"image.default\">\n\t\t\t\t<div class=\"elementor-widget-container\">\n\t\t\t\t\t\t\t\t\t\t\t\t<figure class=\"wp-caption\">\n\t\t\t\t\t\t\t\t\t\t<img loading=\"lazy\" decoding=\"async\" width=\"768\" height=\"512\" src=\"https:\/\/www.elturistatranquil.com\/wp-content\/uploads\/F46-Sant-Feliu-de-Barruera-Lleida.jpg\" class=\"attachment-large size-large wp-image-48218\" alt=\"Sant Feliu de Barruera, Lleida\" srcset=\"https:\/\/www.elturistatranquil.com\/wp-content\/uploads\/F46-Sant-Feliu-de-Barruera-Lleida.jpg 768w, https:\/\/www.elturistatranquil.com\/wp-content\/uploads\/F46-Sant-Feliu-de-Barruera-Lleida-339x226.jpg 339w\" sizes=\"(max-width: 768px) 100vw, 768px\" \/>\t\t\t\t\t\t\t\t\t\t\t<figcaption class=\"widget-image-caption wp-caption-text\"><\/figcaption>\n\t\t\t\t\t\t\t\t\t\t<\/figure>\n\t\t\t\t\t\t\t\t\t<\/div>\n\t\t\t\t<\/div>\n\t\t\t\t<div class=\"elementor-element elementor-element-1bd10c8c elementor-widget elementor-widget-heading\" data-id=\"1bd10c8c\" data-element_type=\"widget\" data-e-type=\"widget\" data-widget_type=\"heading.default\">\n\t\t\t\t<div class=\"elementor-widget-container\">\n\t\t\t\t\t<h5 class=\"elementor-heading-title elementor-size-default\">Altres elements a l\u2019esgl\u00e9sia<\/h5>\t\t\t\t<\/div>\n\t\t\t\t<\/div>\n\t\t\t\t<div class=\"elementor-element elementor-element-e5ead96 elementor-widget elementor-widget-text-editor\" data-id=\"e5ead96\" data-element_type=\"widget\" data-e-type=\"widget\" data-widget_type=\"text-editor.default\">\n\t\t\t\t<div class=\"elementor-widget-container\">\n\t\t\t\t\t\t\t\t\t<p>A l&#8217;Edat Mitjana, el lloc del temple on s&#8217;ubicava la <strong>pica baptismal<\/strong> no era arbitrari ja que es situava en la zona m\u00e9s freda i fosca del recinte, a la cantonada nord-oest. Aquesta localitzaci\u00f3 tenia el valor simb\u00f2lic d\u2019anunciar que el nen abans de rebre el sagrament es trobava a les ombres mortals del pecat original i que per mitj\u00e0 del l\u2019 Esperit Sant retornava al batejat a la llum de Crist, representada per la cap\u00e7alera i l\u2019altar.<\/p><p>Aquesta \u00e9s la disposici\u00f3 de la pica qu\u00e8 es troba a l&#8217;esgl\u00e9sia, just a la cantonada de l&#8217;escala de pujada al cor. Com tota la resta, la pe\u00e7a massissa quasi semiesf\u00e8rica de granit, no presenta cap tipus de decoraci\u00f3. Nom\u00e9s una coberta piramidal de fusta protectora de l\u2019aigua, amb prestatges per objectes lit\u00fargics, de construcci\u00f3 barroca.<\/p>\t\t\t\t\t\t\t\t<\/div>\n\t\t\t\t<\/div>\n\t\t\t\t<div class=\"elementor-element elementor-element-44c1cdc elementor-widget elementor-widget-image\" data-id=\"44c1cdc\" data-element_type=\"widget\" data-e-type=\"widget\" data-widget_type=\"image.default\">\n\t\t\t\t<div class=\"elementor-widget-container\">\n\t\t\t\t\t\t\t\t\t\t\t\t<figure class=\"wp-caption\">\n\t\t\t\t\t\t\t\t\t\t<img loading=\"lazy\" decoding=\"async\" width=\"768\" height=\"526\" src=\"https:\/\/www.elturistatranquil.com\/wp-content\/uploads\/F47-Sant-Feliu-de-Barruera-Lleida.jpg\" class=\"attachment-large size-large wp-image-48220\" alt=\"Sant Feliu de Barruera, Lleida\" srcset=\"https:\/\/www.elturistatranquil.com\/wp-content\/uploads\/F47-Sant-Feliu-de-Barruera-Lleida.jpg 768w, https:\/\/www.elturistatranquil.com\/wp-content\/uploads\/F47-Sant-Feliu-de-Barruera-Lleida-330x226.jpg 330w\" sizes=\"(max-width: 768px) 100vw, 768px\" \/>\t\t\t\t\t\t\t\t\t\t\t<figcaption class=\"widget-image-caption wp-caption-text\"><\/figcaption>\n\t\t\t\t\t\t\t\t\t\t<\/figure>\n\t\t\t\t\t\t\t\t\t<\/div>\n\t\t\t\t<\/div>\n\t\t\t\t<div class=\"elementor-element elementor-element-1836d4a elementor-widget elementor-widget-text-editor\" data-id=\"1836d4a\" data-element_type=\"widget\" data-e-type=\"widget\" data-widget_type=\"text-editor.default\">\n\t\t\t\t<div class=\"elementor-widget-container\">\n\t\t\t\t\t\t\t\t\t<p>Una altre imatge que podem veure es la d\u2019un <strong>Crist policromat<\/strong> en una creu de fusta. L\u2019estil \u00e9s de tradici\u00f3 barroca pel que fa a la disposici\u00f3 del cos i el pany de puresa o <em>perizonium<\/em>.<\/p><p>Aquesta imatge \u00e9s portada per un caputx\u00ed durant el Via Crucis de Barruera. Abans, durant la resta de l\u2019any , es situava en un peu de fusta al cor de l&#8217;esgl\u00e9sia.<\/p>\t\t\t\t\t\t\t\t<\/div>\n\t\t\t\t<\/div>\n\t\t\t\t<div class=\"elementor-element elementor-element-48a8677 elementor-widget elementor-widget-image\" data-id=\"48a8677\" data-element_type=\"widget\" data-e-type=\"widget\" data-widget_type=\"image.default\">\n\t\t\t\t<div class=\"elementor-widget-container\">\n\t\t\t\t\t\t\t\t\t\t\t\t<figure class=\"wp-caption\">\n\t\t\t\t\t\t\t\t\t\t<img loading=\"lazy\" decoding=\"async\" width=\"768\" height=\"512\" src=\"https:\/\/www.elturistatranquil.com\/wp-content\/uploads\/F48-Sant-Feliu-de-Barruera-Lleida.jpg\" class=\"attachment-large size-large wp-image-48225\" alt=\"Sant Feliu de Barruera, Lleida\" srcset=\"https:\/\/www.elturistatranquil.com\/wp-content\/uploads\/F48-Sant-Feliu-de-Barruera-Lleida.jpg 768w, https:\/\/www.elturistatranquil.com\/wp-content\/uploads\/F48-Sant-Feliu-de-Barruera-Lleida-339x226.jpg 339w\" sizes=\"(max-width: 768px) 100vw, 768px\" \/>\t\t\t\t\t\t\t\t\t\t\t<figcaption class=\"widget-image-caption wp-caption-text\"><\/figcaption>\n\t\t\t\t\t\t\t\t\t\t<\/figure>\n\t\t\t\t\t\t\t\t\t<\/div>\n\t\t\t\t<\/div>\n\t\t\t\t<div class=\"elementor-element elementor-element-b9dba30 elementor-widget elementor-widget-heading\" data-id=\"b9dba30\" data-element_type=\"widget\" data-e-type=\"widget\" data-widget_type=\"heading.default\">\n\t\t\t\t<div class=\"elementor-widget-container\">\n\t\t\t\t\t<h2 class=\"elementor-heading-title elementor-size-default\">Esgl\u00e9sia de la Nativitat de Durro<\/h2>\t\t\t\t<\/div>\n\t\t\t\t<\/div>\n\t\t\t\t<div class=\"elementor-element elementor-element-82f73c6 elementor-widget elementor-widget-text-editor\" data-id=\"82f73c6\" data-element_type=\"widget\" data-e-type=\"widget\" data-widget_type=\"text-editor.default\">\n\t\t\t\t<div class=\"elementor-widget-container\">\n\t\t\t\t\t\t\t\t\t<p>Coordenades: 42\u00b029\u203253\u2033N\u00a00\u00b049\u203215\u2033E. Altitud: 1.376 msnm. Poblaci\u00f3 habitants: 51 (1719), 297 (1900), 102 (2000), 87 (2022)<\/p>\t\t\t\t\t\t\t\t<\/div>\n\t\t\t\t<\/div>\n\t\t\t\t<div class=\"elementor-element elementor-element-398cb1d elementor-widget elementor-widget-image\" data-id=\"398cb1d\" data-element_type=\"widget\" data-e-type=\"widget\" data-widget_type=\"image.default\">\n\t\t\t\t<div class=\"elementor-widget-container\">\n\t\t\t\t\t\t\t\t\t\t\t\t<figure class=\"wp-caption\">\n\t\t\t\t\t\t\t\t\t\t<img loading=\"lazy\" decoding=\"async\" width=\"768\" height=\"512\" src=\"https:\/\/www.elturistatranquil.com\/wp-content\/uploads\/F49-Durro-Lleida-Google-earth-2023-02-17.jpg\" class=\"attachment-large size-large wp-image-48227\" alt=\"Durro, Lleida (Google earth 2023-02-17)\" srcset=\"https:\/\/www.elturistatranquil.com\/wp-content\/uploads\/F49-Durro-Lleida-Google-earth-2023-02-17.jpg 768w, https:\/\/www.elturistatranquil.com\/wp-content\/uploads\/F49-Durro-Lleida-Google-earth-2023-02-17-339x226.jpg 339w\" sizes=\"(max-width: 768px) 100vw, 768px\" \/>\t\t\t\t\t\t\t\t\t\t\t<figcaption class=\"widget-image-caption wp-caption-text\">L\u2019esgl\u00e9sia de la Nativitat a Durro (Google earth 2023-02-17)<\/figcaption>\n\t\t\t\t\t\t\t\t\t\t<\/figure>\n\t\t\t\t\t\t\t\t\t<\/div>\n\t\t\t\t<\/div>\n\t\t\t\t<div class=\"elementor-element elementor-element-810e4ed elementor-widget elementor-widget-text-editor\" data-id=\"810e4ed\" data-element_type=\"widget\" data-e-type=\"widget\" data-widget_type=\"text-editor.default\">\n\t\t\t\t<div class=\"elementor-widget-container\">\n\t\t\t\t\t\t\t\t\t<p><a href=\"https:\/\/www.elturistatranquil.com\/ca\/arquitectura-tradicional-a-la-vall-de-boi-lleida\/#Durro1\" target=\"_blank\" rel=\"noopener\"><strong>Durro<\/strong><\/a> \u00e9s la localitat que queda m\u00e9s a\u00efllada de tot el conjunt, penjada al mig de la muntanya a la banda esquerra de la Noguera de Tort, en un punt on mor la carretera. Aquest major a\u00efllament explica la millor conservaci\u00f3 de l\u2019estructura popular del caseriu, com v\u00e0rem veure al post d\u2019<a href=\"https:\/\/www.elturistatranquil.com\/ca\/arquitectura-tradicional-a-la-vall-de-boi-lleida\/\" target=\"_blank\" rel=\"noopener\">arquitectura tradicional a La Vall de Bo\u00ed<\/a>.<\/p><p>Per les dades de poblaci\u00f3 del segle XVIII, aquesta esgl\u00e9sia parroquial estava al serveu d\u2019una petita comunitat que no arribava al centenar de persones.<\/p>\t\t\t\t\t\t\t\t<\/div>\n\t\t\t\t<\/div>\n\t\t\t\t<div class=\"elementor-element elementor-element-22e3e25 elementor-widget elementor-widget-image\" data-id=\"22e3e25\" data-element_type=\"widget\" data-e-type=\"widget\" data-widget_type=\"image.default\">\n\t\t\t\t<div class=\"elementor-widget-container\">\n\t\t\t\t\t\t\t\t\t\t\t\t<figure class=\"wp-caption\">\n\t\t\t\t\t\t\t\t\t\t<img loading=\"lazy\" decoding=\"async\" width=\"768\" height=\"511\" src=\"https:\/\/www.elturistatranquil.com\/wp-content\/uploads\/F50-Durro-Lleida.jpg\" class=\"attachment-large size-large wp-image-48229\" alt=\"Durro, Lleida\" srcset=\"https:\/\/www.elturistatranquil.com\/wp-content\/uploads\/F50-Durro-Lleida.jpg 768w, https:\/\/www.elturistatranquil.com\/wp-content\/uploads\/F50-Durro-Lleida-339x226.jpg 339w\" sizes=\"(max-width: 768px) 100vw, 768px\" \/>\t\t\t\t\t\t\t\t\t\t\t<figcaption class=\"widget-image-caption wp-caption-text\"><\/figcaption>\n\t\t\t\t\t\t\t\t\t\t<\/figure>\n\t\t\t\t\t\t\t\t\t<\/div>\n\t\t\t\t<\/div>\n\t\t\t\t<div class=\"elementor-element elementor-element-fedc194 elementor-widget elementor-widget-text-editor\" data-id=\"fedc194\" data-element_type=\"widget\" data-e-type=\"widget\" data-widget_type=\"text-editor.default\">\n\t\t\t\t<div class=\"elementor-widget-container\">\n\t\t\t\t\t\t\t\t\t<p>El poble es disposa en forma esglaonada adaptada al pendent de la muntanya, amb l\u2019esgl\u00e9sia a la part baixa.<\/p>\t\t\t\t\t\t\t\t<\/div>\n\t\t\t\t<\/div>\n\t\t\t\t<div class=\"elementor-element elementor-element-484469e elementor-widget elementor-widget-image\" data-id=\"484469e\" data-element_type=\"widget\" data-e-type=\"widget\" data-widget_type=\"image.default\">\n\t\t\t\t<div class=\"elementor-widget-container\">\n\t\t\t\t\t\t\t\t\t\t\t\t<figure class=\"wp-caption\">\n\t\t\t\t\t\t\t\t\t\t<img loading=\"lazy\" decoding=\"async\" width=\"768\" height=\"511\" src=\"https:\/\/www.elturistatranquil.com\/wp-content\/uploads\/F51-Durro-Lleida.jpg\" class=\"attachment-large size-large wp-image-48231\" alt=\"Durro, Lleida\" srcset=\"https:\/\/www.elturistatranquil.com\/wp-content\/uploads\/F51-Durro-Lleida.jpg 768w, https:\/\/www.elturistatranquil.com\/wp-content\/uploads\/F51-Durro-Lleida-339x226.jpg 339w\" sizes=\"(max-width: 768px) 100vw, 768px\" \/>\t\t\t\t\t\t\t\t\t\t\t<figcaption class=\"widget-image-caption wp-caption-text\"><\/figcaption>\n\t\t\t\t\t\t\t\t\t\t<\/figure>\n\t\t\t\t\t\t\t\t\t<\/div>\n\t\t\t\t<\/div>\n\t\t\t\t<div class=\"elementor-element elementor-element-9be5277 elementor-widget elementor-widget-image\" data-id=\"9be5277\" data-element_type=\"widget\" data-e-type=\"widget\" data-widget_type=\"image.default\">\n\t\t\t\t<div class=\"elementor-widget-container\">\n\t\t\t\t\t\t\t\t\t\t\t\t<figure class=\"wp-caption\">\n\t\t\t\t\t\t\t\t\t\t<img loading=\"lazy\" decoding=\"async\" width=\"768\" height=\"511\" src=\"https:\/\/www.elturistatranquil.com\/wp-content\/uploads\/F52-Durro-Lleida.jpg\" class=\"attachment-large size-large wp-image-48233\" alt=\"Durro, Lleida\" srcset=\"https:\/\/www.elturistatranquil.com\/wp-content\/uploads\/F52-Durro-Lleida.jpg 768w, https:\/\/www.elturistatranquil.com\/wp-content\/uploads\/F52-Durro-Lleida-339x226.jpg 339w\" sizes=\"(max-width: 768px) 100vw, 768px\" \/>\t\t\t\t\t\t\t\t\t\t\t<figcaption class=\"widget-image-caption wp-caption-text\"><\/figcaption>\n\t\t\t\t\t\t\t\t\t\t<\/figure>\n\t\t\t\t\t\t\t\t\t<\/div>\n\t\t\t\t<\/div>\n\t\t\t\t<div class=\"elementor-element elementor-element-ddaedef elementor-widget elementor-widget-text-editor\" data-id=\"ddaedef\" data-element_type=\"widget\" data-e-type=\"widget\" data-widget_type=\"text-editor.default\">\n\t\t\t\t<div class=\"elementor-widget-container\">\n\t\t\t\t\t\t\t\t\t<p>Com quasi sempre, l\u2019<strong>esgl\u00e9sia parroquial de la Nativitat<\/strong> est\u00e0 situada als marges del caseriu, al lateral occidental, amb el cementiri parroquial\u00a0 encara actiu al seu costat, envoltant la cara de migdia i la cap\u00e7alera del temple.<\/p><p>A l\u2019arribar, l\u2019esgl\u00e9sia ofereix la perspectiva dels peus del temple, amb la torre-campanar de fons.<\/p><p>Des d\u2019aquesta perspectiva apareix un edifici de dimensions considerables, d\u2019uns 24 metres de llargada per uns 10 metres d\u2019amplada i la torre-campanar d\u2019una al\u00e7ada d\u2019uns 26 metres.<\/p>\t\t\t\t\t\t\t\t<\/div>\n\t\t\t\t<\/div>\n\t\t\t\t<div class=\"elementor-element elementor-element-04dd360 elementor-widget elementor-widget-image\" data-id=\"04dd360\" data-element_type=\"widget\" data-e-type=\"widget\" data-widget_type=\"image.default\">\n\t\t\t\t<div class=\"elementor-widget-container\">\n\t\t\t\t\t\t\t\t\t\t\t\t<figure class=\"wp-caption\">\n\t\t\t\t\t\t\t\t\t\t<img loading=\"lazy\" decoding=\"async\" width=\"768\" height=\"511\" src=\"https:\/\/www.elturistatranquil.com\/wp-content\/uploads\/F53-La-Nativitat-de-Durro-Lleida.jpg\" class=\"attachment-large size-large wp-image-48235\" alt=\"La Nativitat de Durro, Lleida\" srcset=\"https:\/\/www.elturistatranquil.com\/wp-content\/uploads\/F53-La-Nativitat-de-Durro-Lleida.jpg 768w, https:\/\/www.elturistatranquil.com\/wp-content\/uploads\/F53-La-Nativitat-de-Durro-Lleida-339x226.jpg 339w\" sizes=\"(max-width: 768px) 100vw, 768px\" \/>\t\t\t\t\t\t\t\t\t\t\t<figcaption class=\"widget-image-caption wp-caption-text\"><\/figcaption>\n\t\t\t\t\t\t\t\t\t\t<\/figure>\n\t\t\t\t\t\t\t\t\t<\/div>\n\t\t\t\t<\/div>\n\t\t\t\t<div class=\"elementor-element elementor-element-f9c827a elementor-widget elementor-widget-image\" data-id=\"f9c827a\" data-element_type=\"widget\" data-e-type=\"widget\" data-widget_type=\"image.default\">\n\t\t\t\t<div class=\"elementor-widget-container\">\n\t\t\t\t\t\t\t\t\t\t\t\t<figure class=\"wp-caption\">\n\t\t\t\t\t\t\t\t\t\t<img loading=\"lazy\" decoding=\"async\" width=\"768\" height=\"511\" src=\"https:\/\/www.elturistatranquil.com\/wp-content\/uploads\/F54-La-Nativitat-de-Durro-Lleida.jpg\" class=\"attachment-large size-large wp-image-48237\" alt=\"La Nativitat de Durro, Lleida\" srcset=\"https:\/\/www.elturistatranquil.com\/wp-content\/uploads\/F54-La-Nativitat-de-Durro-Lleida.jpg 768w, https:\/\/www.elturistatranquil.com\/wp-content\/uploads\/F54-La-Nativitat-de-Durro-Lleida-339x226.jpg 339w\" sizes=\"(max-width: 768px) 100vw, 768px\" \/>\t\t\t\t\t\t\t\t\t\t\t<figcaption class=\"widget-image-caption wp-caption-text\"><\/figcaption>\n\t\t\t\t\t\t\t\t\t\t<\/figure>\n\t\t\t\t\t\t\t\t\t<\/div>\n\t\t\t\t<\/div>\n\t\t\t\t<div class=\"elementor-element elementor-element-3c6d5bc elementor-widget elementor-widget-text-editor\" data-id=\"3c6d5bc\" data-element_type=\"widget\" data-e-type=\"widget\" data-widget_type=\"text-editor.default\">\n\t\t\t\t<div class=\"elementor-widget-container\">\n\t\t\t\t\t\t\t\t\t<p>La hist\u00f2ria de la construcci\u00f3 de l&#8217;esgl\u00e9sia de la Nativitat de Durro presenta una gran complexitat. No hem d\u2019oblidar que les esgl\u00e9sies, en tant que espais vius, estan sotmeses als canvis resultants del pas del temps. Un creixement de la poblaci\u00f3, l&#8217;aparici\u00f3 de noves devocions, les variacions en la lit\u00fargia o la creaci\u00f3 d&#8217;una confraria, obliguen sovint a modificar la seva arquitectura i esdevenen testimoni viu de la continu\u00eftat del culte.<\/p><p>En aquest cas, l\u2019origen correspon a un temple rom\u00e0nic d&#8217;una sola nau coronada per un absis semicircular avui desaparegut. Aquesta edificaci\u00f3 dataria del segle XII. A una segona fase, s\u2019hauria constru\u00eft un porxo amb quatre arcades a la fa\u00e7ana sud, protegint l&#8217;entrada a l&#8217;esgl\u00e9sia. En una tercera fase, s\u2019hauria constru\u00eft un transsepte amb dos absidioles, als segles XII-XIII, donant com a resultar una esgl\u00e9sia del tipus <a href=\"https:\/\/www.elturistatranquil.com\/ca\/esglesies-monestirs-i-ordres-religioses-a-ledat-mitjana\/#b1525\" target=\"_blank\" rel=\"noopener\">d\u2019una nau amb transsepte en forma de \u201cT\u201d amb tres absis a la cap\u00e7alera<\/a>, ocupant el de la dreta una part del porxo.<\/p><p>La construcci\u00f3 de la torre s\u2019allotjaria al lloc del bra\u00e7 esquerra del transsepte, fent innecess\u00e0ria la seva absidiola. El mur del transsepte correspondria a la base de la torre.<\/p><p>Amb posterioritat, s\u2019hi van afegir dues capelles d\u2019estil g\u00f2tic a la banda de l\u2019evangeli, a continuaci\u00f3 de la torre. Des del punt de vista de la tipologia serien dels segles XVI-XVII.<\/p><p>Probablement al segle XVIII, un conjunt d\u2019intervencions va afectar la fa\u00e7ana principal, el transsepte i la coberta. Es van enderrocament els dos absis rom\u00e0nics que quedaven, construint una sagristia en l&#8217;espai alliberat. El sostre va ser aixecat per la construcci\u00f3 d&#8217;una esp\u00e8cie de golfes. El bra\u00e7 sud del transsepte es va transformar en una capella coberta per una c\u00fapula. Tamb\u00e9 es va afegir una capella lateral al costat sud, ocupant un altre segment del porxo.<\/p><p>Finalment, ja al segle XX, es va dur a terme una intervenci\u00f3 per rehabilitar i condicionar tot el conjunt.<\/p>\t\t\t\t\t\t\t\t<\/div>\n\t\t\t\t<\/div>\n\t\t\t\t<div class=\"elementor-element elementor-element-1658e70 elementor-widget elementor-widget-image\" data-id=\"1658e70\" data-element_type=\"widget\" data-e-type=\"widget\" data-widget_type=\"image.default\">\n\t\t\t\t<div class=\"elementor-widget-container\">\n\t\t\t\t\t\t\t\t\t\t\t\t<figure class=\"wp-caption\">\n\t\t\t\t\t\t\t\t\t\t<img loading=\"lazy\" decoding=\"async\" width=\"768\" height=\"355\" src=\"https:\/\/www.elturistatranquil.com\/wp-content\/uploads\/F55-La-Nativitat-de-Durro-Lleida.jpg\" class=\"attachment-large size-large wp-image-48242\" alt=\"La Nativitat de Durro, Lleida\" srcset=\"https:\/\/www.elturistatranquil.com\/wp-content\/uploads\/F55-La-Nativitat-de-Durro-Lleida.jpg 768w, https:\/\/www.elturistatranquil.com\/wp-content\/uploads\/F55-La-Nativitat-de-Durro-Lleida-339x157.jpg 339w\" sizes=\"(max-width: 768px) 100vw, 768px\" \/>\t\t\t\t\t\t\t\t\t\t\t<figcaption class=\"widget-image-caption wp-caption-text\"><\/figcaption>\n\t\t\t\t\t\t\t\t\t\t<\/figure>\n\t\t\t\t\t\t\t\t\t<\/div>\n\t\t\t\t<\/div>\n\t\t\t\t<div class=\"elementor-element elementor-element-cd1ef99 elementor-widget elementor-widget-image\" data-id=\"cd1ef99\" data-element_type=\"widget\" data-e-type=\"widget\" data-widget_type=\"image.default\">\n\t\t\t\t<div class=\"elementor-widget-container\">\n\t\t\t\t\t\t\t\t\t\t\t\t<figure class=\"wp-caption\">\n\t\t\t\t\t\t\t\t\t\t<img loading=\"lazy\" decoding=\"async\" width=\"768\" height=\"351\" src=\"https:\/\/www.elturistatranquil.com\/wp-content\/uploads\/F56-La-Nativitat-de-Durro-Lleida.jpg\" class=\"attachment-large size-large wp-image-48244\" alt=\"La Nativitat de Durro, Lleida\" srcset=\"https:\/\/www.elturistatranquil.com\/wp-content\/uploads\/F56-La-Nativitat-de-Durro-Lleida.jpg 768w, https:\/\/www.elturistatranquil.com\/wp-content\/uploads\/F56-La-Nativitat-de-Durro-Lleida-339x155.jpg 339w\" sizes=\"(max-width: 768px) 100vw, 768px\" \/>\t\t\t\t\t\t\t\t\t\t\t<figcaption class=\"widget-image-caption wp-caption-text\"><\/figcaption>\n\t\t\t\t\t\t\t\t\t\t<\/figure>\n\t\t\t\t\t\t\t\t\t<\/div>\n\t\t\t\t<\/div>\n\t\t\t\t<div class=\"elementor-element elementor-element-0df7f09 elementor-widget elementor-widget-heading\" data-id=\"0df7f09\" data-element_type=\"widget\" data-e-type=\"widget\" data-widget_type=\"heading.default\">\n\t\t\t\t<div class=\"elementor-widget-container\">\n\t\t\t\t\t<h3 class=\"elementor-heading-title elementor-size-default\">L\u2019exterior<\/h3>\t\t\t\t<\/div>\n\t\t\t\t<\/div>\n\t\t\t\t<div class=\"elementor-element elementor-element-087f6d4 elementor-widget elementor-widget-text-editor\" data-id=\"087f6d4\" data-element_type=\"widget\" data-e-type=\"widget\" data-widget_type=\"text-editor.default\">\n\t\t\t\t<div class=\"elementor-widget-container\">\n\t\t\t\t\t\t\t\t\t<p>L\u2019arribada al recinte s\u2019efectua pels peus del temple. Un mur de carreus, amb refor\u00e7os laterals i dues finestres molt modificades. La teulada s\u2019observa sobre elevada en una fase seg\u00fcent. A l\u2019extrem superior de les vessants de la teulada a dues aig\u00fces, s\u2019eleven les restes del que podria haver esta una espadanya.<\/p><p>Al lateral dret, corresponent a la cara sud, s\u2019hi adossa un porxo al que s\u2019entra per una gran obertura d\u2019arc de mig punt. La coberta amb estructura de fusta dona continu\u00eftat a la teulada de l\u2019esgl\u00e9sia. Aquest porxo va ser edificat en \u00e8poca rom\u00e0nica, poc despr\u00e9s de la construcci\u00f3 de l&#8217;esgl\u00e9sia, probablement tamb\u00e9 a finals del segle XII.<\/p>\t\t\t\t\t\t\t\t<\/div>\n\t\t\t\t<\/div>\n\t\t\t\t<div class=\"elementor-element elementor-element-5646ad0 elementor-widget elementor-widget-image\" data-id=\"5646ad0\" data-element_type=\"widget\" data-e-type=\"widget\" data-widget_type=\"image.default\">\n\t\t\t\t<div class=\"elementor-widget-container\">\n\t\t\t\t\t\t\t\t\t\t\t\t<figure class=\"wp-caption\">\n\t\t\t\t\t\t\t\t\t\t<img loading=\"lazy\" decoding=\"async\" width=\"768\" height=\"511\" src=\"https:\/\/www.elturistatranquil.com\/wp-content\/uploads\/F57-La-Nativitat-de-Durro-Lleida.jpg\" class=\"attachment-large size-large wp-image-48246\" alt=\"La Nativitat de Durro, Lleida\" srcset=\"https:\/\/www.elturistatranquil.com\/wp-content\/uploads\/F57-La-Nativitat-de-Durro-Lleida.jpg 768w, https:\/\/www.elturistatranquil.com\/wp-content\/uploads\/F57-La-Nativitat-de-Durro-Lleida-339x226.jpg 339w\" sizes=\"(max-width: 768px) 100vw, 768px\" \/>\t\t\t\t\t\t\t\t\t\t\t<figcaption class=\"widget-image-caption wp-caption-text\"><\/figcaption>\n\t\t\t\t\t\t\t\t\t\t<\/figure>\n\t\t\t\t\t\t\t\t\t<\/div>\n\t\t\t\t<\/div>\n\t\t\t\t<div class=\"elementor-element elementor-element-5495efd elementor-widget elementor-widget-heading\" data-id=\"5495efd\" data-element_type=\"widget\" data-e-type=\"widget\" data-widget_type=\"heading.default\">\n\t\t\t\t<div class=\"elementor-widget-container\">\n\t\t\t\t\t<h4 class=\"elementor-heading-title elementor-size-default\">Els absis<\/h4>\t\t\t\t<\/div>\n\t\t\t\t<\/div>\n\t\t\t\t<div class=\"elementor-element elementor-element-44bc7e0 elementor-widget elementor-widget-text-editor\" data-id=\"44bc7e0\" data-element_type=\"widget\" data-e-type=\"widget\" data-widget_type=\"text-editor.default\">\n\t\t\t\t<div class=\"elementor-widget-container\">\n\t\t\t\t\t\t\t\t\t<p>Els tres absis semicirculars rom\u00e0nics que se suposa que tenia l\u2019esgl\u00e9sia han anat desapareixent al llarg dels segles.<\/p><p>Primer, la torre va ocupar el lloc del bra\u00e7 esquerra del transsepte, i l\u2019absis va ser enderrocat, quedant-ne la forma de l\u2019arc d\u2019acc\u00e9s al absis tapiada, com es pot veure a les fotografies.<\/p><p>Despr\u00e9s, al segle XVII, al instal\u00b7lar-hi el retaule barroc pla, es va retallar l\u2019absis major, deixant de fons una paret plana per suportat el retaule. Per l\u2019exterior va romandre una part de l\u2019absis llombard, clarament visible. A m\u00e9s, es va obrir una porta a la absidiola de la dreta per donar acc\u00e9s a un recinte trapezoidal destinat a sagristia, que es el que es veu cobert amb una teulada piramidal.<\/p>\t\t\t\t\t\t\t\t<\/div>\n\t\t\t\t<\/div>\n\t\t\t\t<div class=\"elementor-element elementor-element-39f021b elementor-widget elementor-widget-image\" data-id=\"39f021b\" data-element_type=\"widget\" data-e-type=\"widget\" data-widget_type=\"image.default\">\n\t\t\t\t<div class=\"elementor-widget-container\">\n\t\t\t\t\t\t\t\t\t\t\t\t<figure class=\"wp-caption\">\n\t\t\t\t\t\t\t\t\t\t<img loading=\"lazy\" decoding=\"async\" width=\"768\" height=\"511\" src=\"https:\/\/www.elturistatranquil.com\/wp-content\/uploads\/F58-La-Nativitat-de-Durro-Lleida.jpg\" class=\"attachment-large size-large wp-image-48251\" alt=\"La Nativitat de Durro, Lleida\" srcset=\"https:\/\/www.elturistatranquil.com\/wp-content\/uploads\/F58-La-Nativitat-de-Durro-Lleida.jpg 768w, https:\/\/www.elturistatranquil.com\/wp-content\/uploads\/F58-La-Nativitat-de-Durro-Lleida-339x226.jpg 339w\" sizes=\"(max-width: 768px) 100vw, 768px\" \/>\t\t\t\t\t\t\t\t\t\t\t<figcaption class=\"widget-image-caption wp-caption-text\"><\/figcaption>\n\t\t\t\t\t\t\t\t\t\t<\/figure>\n\t\t\t\t\t\t\t\t\t<\/div>\n\t\t\t\t<\/div>\n\t\t\t\t<div class=\"elementor-element elementor-element-e344afd elementor-widget elementor-widget-image\" data-id=\"e344afd\" data-element_type=\"widget\" data-e-type=\"widget\" data-widget_type=\"image.default\">\n\t\t\t\t<div class=\"elementor-widget-container\">\n\t\t\t\t\t\t\t\t\t\t\t\t<figure class=\"wp-caption\">\n\t\t\t\t\t\t\t\t\t\t<img loading=\"lazy\" decoding=\"async\" width=\"768\" height=\"511\" src=\"https:\/\/www.elturistatranquil.com\/wp-content\/uploads\/F59-La-Nativitat-de-Durro-Lleida.jpg\" class=\"attachment-large size-large wp-image-48253\" alt=\"La Nativitat de Durro, Lleida\" srcset=\"https:\/\/www.elturistatranquil.com\/wp-content\/uploads\/F59-La-Nativitat-de-Durro-Lleida.jpg 768w, https:\/\/www.elturistatranquil.com\/wp-content\/uploads\/F59-La-Nativitat-de-Durro-Lleida-339x226.jpg 339w\" sizes=\"(max-width: 768px) 100vw, 768px\" \/>\t\t\t\t\t\t\t\t\t\t\t<figcaption class=\"widget-image-caption wp-caption-text\"><\/figcaption>\n\t\t\t\t\t\t\t\t\t\t<\/figure>\n\t\t\t\t\t\t\t\t\t<\/div>\n\t\t\t\t<\/div>\n\t\t\t\t<div class=\"elementor-element elementor-element-2302d3d elementor-widget elementor-widget-text-editor\" data-id=\"2302d3d\" data-element_type=\"widget\" data-e-type=\"widget\" data-widget_type=\"text-editor.default\">\n\t\t\t\t<div class=\"elementor-widget-container\">\n\t\t\t\t\t\t\t\t\t<p>Un fris amb arcs cecs de tipus llombards amb una sanefa d\u2019escacat recorre el mur, sota la cornisa del costat nord.<\/p>\t\t\t\t\t\t\t\t<\/div>\n\t\t\t\t<\/div>\n\t\t\t\t<div class=\"elementor-element elementor-element-0a93218 elementor-widget elementor-widget-image\" data-id=\"0a93218\" data-element_type=\"widget\" data-e-type=\"widget\" data-widget_type=\"image.default\">\n\t\t\t\t<div class=\"elementor-widget-container\">\n\t\t\t\t\t\t\t\t\t\t\t\t<figure class=\"wp-caption\">\n\t\t\t\t\t\t\t\t\t\t<img loading=\"lazy\" decoding=\"async\" width=\"768\" height=\"511\" src=\"https:\/\/www.elturistatranquil.com\/wp-content\/uploads\/F60-La-Nativitat-de-Durro-Lleida.jpg\" class=\"attachment-large size-large wp-image-48255\" alt=\"La Nativitat de Durro, Lleida\" srcset=\"https:\/\/www.elturistatranquil.com\/wp-content\/uploads\/F60-La-Nativitat-de-Durro-Lleida.jpg 768w, https:\/\/www.elturistatranquil.com\/wp-content\/uploads\/F60-La-Nativitat-de-Durro-Lleida-339x226.jpg 339w\" sizes=\"(max-width: 768px) 100vw, 768px\" \/>\t\t\t\t\t\t\t\t\t\t\t<figcaption class=\"widget-image-caption wp-caption-text\"><\/figcaption>\n\t\t\t\t\t\t\t\t\t\t<\/figure>\n\t\t\t\t\t\t\t\t\t<\/div>\n\t\t\t\t<\/div>\n\t\t\t\t<div class=\"elementor-element elementor-element-f1df9b7 elementor-widget elementor-widget-image\" data-id=\"f1df9b7\" data-element_type=\"widget\" data-e-type=\"widget\" data-widget_type=\"image.default\">\n\t\t\t\t<div class=\"elementor-widget-container\">\n\t\t\t\t\t\t\t\t\t\t\t\t<figure class=\"wp-caption\">\n\t\t\t\t\t\t\t\t\t\t<img loading=\"lazy\" decoding=\"async\" width=\"768\" height=\"511\" src=\"https:\/\/www.elturistatranquil.com\/wp-content\/uploads\/F61-La-Nativitat-de-Durro-Lleida.jpg\" class=\"attachment-large size-large wp-image-48257\" alt=\"La Nativitat de Durro, Lleida\" srcset=\"https:\/\/www.elturistatranquil.com\/wp-content\/uploads\/F61-La-Nativitat-de-Durro-Lleida.jpg 768w, https:\/\/www.elturistatranquil.com\/wp-content\/uploads\/F61-La-Nativitat-de-Durro-Lleida-339x226.jpg 339w\" sizes=\"(max-width: 768px) 100vw, 768px\" \/>\t\t\t\t\t\t\t\t\t\t\t<figcaption class=\"widget-image-caption wp-caption-text\"><\/figcaption>\n\t\t\t\t\t\t\t\t\t\t<\/figure>\n\t\t\t\t\t\t\t\t\t<\/div>\n\t\t\t\t<\/div>\n\t\t\t\t<div class=\"elementor-element elementor-element-59e9716 elementor-widget elementor-widget-text-editor\" data-id=\"59e9716\" data-element_type=\"widget\" data-e-type=\"widget\" data-widget_type=\"text-editor.default\">\n\t\t\t\t<div class=\"elementor-widget-container\">\n\t\t\t\t\t\t\t\t\t<p>El mur nord tenia un altre portal amb arc de mig punt, sense cap element decoratiu, actualment no practicable.<\/p>\t\t\t\t\t\t\t\t<\/div>\n\t\t\t\t<\/div>\n\t\t\t\t<div class=\"elementor-element elementor-element-eb6bf08 elementor-widget elementor-widget-image\" data-id=\"eb6bf08\" data-element_type=\"widget\" data-e-type=\"widget\" data-widget_type=\"image.default\">\n\t\t\t\t<div class=\"elementor-widget-container\">\n\t\t\t\t\t\t\t\t\t\t\t\t<figure class=\"wp-caption\">\n\t\t\t\t\t\t\t\t\t\t<img loading=\"lazy\" decoding=\"async\" width=\"768\" height=\"511\" src=\"https:\/\/www.elturistatranquil.com\/wp-content\/uploads\/F62-La-Nativitat-de-Durro-Lleida.jpg\" class=\"attachment-large size-large wp-image-48259\" alt=\"La Nativitat de Durro, Lleida\" srcset=\"https:\/\/www.elturistatranquil.com\/wp-content\/uploads\/F62-La-Nativitat-de-Durro-Lleida.jpg 768w, https:\/\/www.elturistatranquil.com\/wp-content\/uploads\/F62-La-Nativitat-de-Durro-Lleida-339x226.jpg 339w\" sizes=\"(max-width: 768px) 100vw, 768px\" \/>\t\t\t\t\t\t\t\t\t\t\t<figcaption class=\"widget-image-caption wp-caption-text\"><\/figcaption>\n\t\t\t\t\t\t\t\t\t\t<\/figure>\n\t\t\t\t\t\t\t\t\t<\/div>\n\t\t\t\t<\/div>\n\t\t\t\t<div class=\"elementor-element elementor-element-a82ad96 elementor-widget elementor-widget-heading\" data-id=\"a82ad96\" data-element_type=\"widget\" data-e-type=\"widget\" data-widget_type=\"heading.default\">\n\t\t\t\t<div class=\"elementor-widget-container\">\n\t\t\t\t\t<h4 class=\"elementor-heading-title elementor-size-default\">La torre-campanar<\/h4>\t\t\t\t<\/div>\n\t\t\t\t<\/div>\n\t\t\t\t<div class=\"elementor-element elementor-element-a038966 elementor-widget elementor-widget-text-editor\" data-id=\"a038966\" data-element_type=\"widget\" data-e-type=\"widget\" data-widget_type=\"text-editor.default\">\n\t\t\t\t<div class=\"elementor-widget-container\">\n\t\t\t\t\t\t\t\t\t<p>La seva construcci\u00f3 no pot ser posterior al segle XIII. La torre es va construir a partir del cos preexistent esmentat. Les obertures dels pisos superiors es van transformar durant dues intervencions de les quals no \u00e9s possible determinar la simultane\u00eftat. Una consistia a tapiar les finestres inferiors i l&#8217;altre obrint grans finestrals a la part superior.<\/p><p>La torre-campanar no presenta ni el mateix estil ni la esveltesa de la resta de campanars de la vall, afectat tamb\u00e9 per successives modificacions, malgrat ser la m\u00e9s alta de totes.<\/p><p>A les dues fotografies seg\u00fcents es por comparar l\u2019estat de la torre al 1907, en el moment en que va visitar la zona la \u201cMissi\u00f3 arqueol\u00f2gica-jur\u00eddica a la ratlla d\u2019Arag\u00f3\u201d,\u00a0 i l\u2019estat actual, on s\u2019ha restitu\u00eft la forma i el elements originals rom\u00e0nics.<\/p>\t\t\t\t\t\t\t\t<\/div>\n\t\t\t\t<\/div>\n\t\t\t\t<section class=\"elementor-section elementor-inner-section elementor-element elementor-element-800be07 elementor-section-boxed elementor-section-height-default elementor-section-height-default\" data-id=\"800be07\" data-element_type=\"section\" data-e-type=\"section\">\n\t\t\t\t\t\t<div class=\"elementor-container elementor-column-gap-default\">\n\t\t\t\t\t<div class=\"elementor-column elementor-col-50 elementor-inner-column elementor-element elementor-element-7e9da2b\" data-id=\"7e9da2b\" data-element_type=\"column\" data-e-type=\"column\">\n\t\t\t<div class=\"elementor-widget-wrap elementor-element-populated\">\n\t\t\t\t\t\t<div class=\"elementor-element elementor-element-35be29b elementor-widget elementor-widget-image\" data-id=\"35be29b\" data-element_type=\"widget\" data-e-type=\"widget\" data-widget_type=\"image.default\">\n\t\t\t\t<div class=\"elementor-widget-container\">\n\t\t\t\t\t\t\t\t\t\t\t\t\t\t\t<img loading=\"lazy\" decoding=\"async\" width=\"381\" height=\"570\" src=\"https:\/\/www.elturistatranquil.com\/wp-content\/uploads\/F63m-La-Nativitat-de-Durro-Lleida.jpg\" class=\"attachment-large size-large wp-image-48264\" alt=\"La Nativitat de Durro, Lleida 1907\" srcset=\"https:\/\/www.elturistatranquil.com\/wp-content\/uploads\/F63m-La-Nativitat-de-Durro-Lleida.jpg 381w, https:\/\/www.elturistatranquil.com\/wp-content\/uploads\/F63m-La-Nativitat-de-Durro-Lleida-151x226.jpg 151w\" sizes=\"(max-width: 381px) 100vw, 381px\" \/>\t\t\t\t\t\t\t\t\t\t\t\t\t\t\t<\/div>\n\t\t\t\t<\/div>\n\t\t\t\t\t<\/div>\n\t\t<\/div>\n\t\t\t\t<div class=\"elementor-column elementor-col-50 elementor-inner-column elementor-element elementor-element-eb5877f\" data-id=\"eb5877f\" data-element_type=\"column\" data-e-type=\"column\">\n\t\t\t<div class=\"elementor-widget-wrap elementor-element-populated\">\n\t\t\t\t\t\t<div class=\"elementor-element elementor-element-6bbc373 elementor-widget elementor-widget-image\" data-id=\"6bbc373\" data-element_type=\"widget\" data-e-type=\"widget\" data-widget_type=\"image.default\">\n\t\t\t\t<div class=\"elementor-widget-container\">\n\t\t\t\t\t\t\t\t\t\t\t\t\t\t\t<img loading=\"lazy\" decoding=\"async\" width=\"380\" height=\"570\" src=\"https:\/\/www.elturistatranquil.com\/wp-content\/uploads\/F63n-La-Nativitat-de-Durro-Lleida.jpg\" class=\"attachment-large size-large wp-image-48266\" alt=\"La Nativitat de Durro, Lleida\" srcset=\"https:\/\/www.elturistatranquil.com\/wp-content\/uploads\/F63n-La-Nativitat-de-Durro-Lleida.jpg 380w, https:\/\/www.elturistatranquil.com\/wp-content\/uploads\/F63n-La-Nativitat-de-Durro-Lleida-151x226.jpg 151w\" sizes=\"(max-width: 380px) 100vw, 380px\" \/>\t\t\t\t\t\t\t\t\t\t\t\t\t\t\t<\/div>\n\t\t\t\t<\/div>\n\t\t\t\t\t<\/div>\n\t\t<\/div>\n\t\t\t\t\t<\/div>\n\t\t<\/section>\n\t\t\t\t<div class=\"elementor-element elementor-element-5792882 elementor-widget elementor-widget-text-editor\" data-id=\"5792882\" data-element_type=\"widget\" data-e-type=\"widget\" data-widget_type=\"text-editor.default\">\n\t\t\t\t<div class=\"elementor-widget-container\">\n\t\t\t\t\t\t\t\t\t<p>\u00a0<\/p><p>Adossat a la fa\u00e7ana nord i a tocar de la cap\u00e7alera del temple, hi ha el campanar, una torre de planta lleugerament rectangular (6,6 x 5,1 metres de base i uns 26 metres d\u2019al\u00e7ada), de cinc plantes i una \u00faltima que sembla truncada per la seva petita al\u00e7ada. \u00c9s el m\u00e9s alt de tota la Vall de Bo\u00ed<\/p><p>La base del campanar est\u00e0 formada pel bra\u00e7 nord del transsepte, del qual ha desaparegut l&#8217;absis, per\u00f2 on l\u2019arc cegat assenyalar l\u2019arc d\u2019acc\u00e9s.\u00a0<\/p><p>Cada un dels quatre nivell superiors tenia quatre obertures, per\u00f2 tant al primer com a la segon pis, van ser tapiats, recuperats despr\u00e9s de la rehabilitaci\u00f3.<\/p>\t\t\t\t\t\t\t\t<\/div>\n\t\t\t\t<\/div>\n\t\t\t\t<div class=\"elementor-element elementor-element-f60868f elementor-widget elementor-widget-image\" data-id=\"f60868f\" data-element_type=\"widget\" data-e-type=\"widget\" data-widget_type=\"image.default\">\n\t\t\t\t<div class=\"elementor-widget-container\">\n\t\t\t\t\t\t\t\t\t\t\t\t<figure class=\"wp-caption\">\n\t\t\t\t\t\t\t\t\t\t<img loading=\"lazy\" decoding=\"async\" width=\"768\" height=\"511\" src=\"https:\/\/www.elturistatranquil.com\/wp-content\/uploads\/F64-La-Nativitat-de-Durro-Lleida.jpg\" class=\"attachment-large size-large wp-image-48268\" alt=\"La Nativitat de Durro, Lleida\" srcset=\"https:\/\/www.elturistatranquil.com\/wp-content\/uploads\/F64-La-Nativitat-de-Durro-Lleida.jpg 768w, https:\/\/www.elturistatranquil.com\/wp-content\/uploads\/F64-La-Nativitat-de-Durro-Lleida-339x226.jpg 339w\" sizes=\"(max-width: 768px) 100vw, 768px\" \/>\t\t\t\t\t\t\t\t\t\t\t<figcaption class=\"widget-image-caption wp-caption-text\"><\/figcaption>\n\t\t\t\t\t\t\t\t\t\t<\/figure>\n\t\t\t\t\t\t\t\t\t<\/div>\n\t\t\t\t<\/div>\n\t\t\t\t<div class=\"elementor-element elementor-element-87422c7 elementor-widget elementor-widget-text-editor\" data-id=\"87422c7\" data-element_type=\"widget\" data-e-type=\"widget\" data-widget_type=\"text-editor.default\">\n\t\t\t\t<div class=\"elementor-widget-container\">\n\t\t\t\t\t\t\t\t\t<p>Al segon nivell les finestres son geminades, i triforades les del tercer nivell, amb arcs de mig punt. Amb lesenes angulars a les cantonades.<\/p><p>La separaci\u00f3 entre pisos, que segueix els esquemes decoratius llombards de les esgl\u00e9sies de la Vall de Bo\u00ed, es determina per arcs cecs que prenen forma sota frisos en forma de dents de serra.<\/p>\t\t\t\t\t\t\t\t<\/div>\n\t\t\t\t<\/div>\n\t\t\t\t<div class=\"elementor-element elementor-element-9f1dc64 elementor-widget elementor-widget-image\" data-id=\"9f1dc64\" data-element_type=\"widget\" data-e-type=\"widget\" data-widget_type=\"image.default\">\n\t\t\t\t<div class=\"elementor-widget-container\">\n\t\t\t\t\t\t\t\t\t\t\t\t<figure class=\"wp-caption\">\n\t\t\t\t\t\t\t\t\t\t<img loading=\"lazy\" decoding=\"async\" width=\"768\" height=\"511\" src=\"https:\/\/www.elturistatranquil.com\/wp-content\/uploads\/F65-La-Nativitat-de-Durro-Lleida.jpg\" class=\"attachment-large size-large wp-image-48270\" alt=\"La Nativitat de Durro, Lleida\" srcset=\"https:\/\/www.elturistatranquil.com\/wp-content\/uploads\/F65-La-Nativitat-de-Durro-Lleida.jpg 768w, https:\/\/www.elturistatranquil.com\/wp-content\/uploads\/F65-La-Nativitat-de-Durro-Lleida-339x226.jpg 339w\" sizes=\"(max-width: 768px) 100vw, 768px\" \/>\t\t\t\t\t\t\t\t\t\t\t<figcaption class=\"widget-image-caption wp-caption-text\"><\/figcaption>\n\t\t\t\t\t\t\t\t\t\t<\/figure>\n\t\t\t\t\t\t\t\t\t<\/div>\n\t\t\t\t<\/div>\n\t\t\t\t<div class=\"elementor-element elementor-element-69a4d43 elementor-widget elementor-widget-text-editor\" data-id=\"69a4d43\" data-element_type=\"widget\" data-e-type=\"widget\" data-widget_type=\"text-editor.default\">\n\t\t\t\t<div class=\"elementor-widget-container\">\n\t\t\t\t\t\t\t\t\t<p>A les dues plantes restants, els grans finestrals rom\u00e0nics es substitueixen per grans obertures amb arcs apuntats semblants als de l&#8217;esgl\u00e9sia del C\u00f3ll. El nivell superior devia quedar sense acabar o va ser parcialment enderrocat. La torre t\u00e9 una coberta piramidal de pissarra amb quatre talussos sostinguts per una estructura a base de bigues.<\/p>\t\t\t\t\t\t\t\t<\/div>\n\t\t\t\t<\/div>\n\t\t\t\t<div class=\"elementor-element elementor-element-fb08578 elementor-widget elementor-widget-image\" data-id=\"fb08578\" data-element_type=\"widget\" data-e-type=\"widget\" data-widget_type=\"image.default\">\n\t\t\t\t<div class=\"elementor-widget-container\">\n\t\t\t\t\t\t\t\t\t\t\t\t<figure class=\"wp-caption\">\n\t\t\t\t\t\t\t\t\t\t<img loading=\"lazy\" decoding=\"async\" width=\"768\" height=\"511\" src=\"https:\/\/www.elturistatranquil.com\/wp-content\/uploads\/F66-La-Nativitat-de-Durro-Lleida.jpg\" class=\"attachment-large size-large wp-image-48272\" alt=\"La Nativitat de Durro, Lleida\" srcset=\"https:\/\/www.elturistatranquil.com\/wp-content\/uploads\/F66-La-Nativitat-de-Durro-Lleida.jpg 768w, https:\/\/www.elturistatranquil.com\/wp-content\/uploads\/F66-La-Nativitat-de-Durro-Lleida-339x226.jpg 339w\" sizes=\"(max-width: 768px) 100vw, 768px\" \/>\t\t\t\t\t\t\t\t\t\t\t<figcaption class=\"widget-image-caption wp-caption-text\"><\/figcaption>\n\t\t\t\t\t\t\t\t\t\t<\/figure>\n\t\t\t\t\t\t\t\t\t<\/div>\n\t\t\t\t<\/div>\n\t\t\t\t<div class=\"elementor-element elementor-element-9186712 elementor-widget elementor-widget-text-editor\" data-id=\"9186712\" data-element_type=\"widget\" data-e-type=\"widget\" data-widget_type=\"text-editor.default\">\n\t\t\t\t<div class=\"elementor-widget-container\">\n\t\t\t\t\t\t\t\t\t<p>El campanar cont\u00e9 cinc campanes, entre 40 i 100 cent\u00edmetres de di\u00e0metre, dels anys 1550 a 1800.<\/p>\t\t\t\t\t\t\t\t<\/div>\n\t\t\t\t<\/div>\n\t\t\t\t<div class=\"elementor-element elementor-element-b89c513 elementor-widget elementor-widget-image\" data-id=\"b89c513\" data-element_type=\"widget\" data-e-type=\"widget\" data-widget_type=\"image.default\">\n\t\t\t\t<div class=\"elementor-widget-container\">\n\t\t\t\t\t\t\t\t\t\t\t\t<figure class=\"wp-caption\">\n\t\t\t\t\t\t\t\t\t\t<img loading=\"lazy\" decoding=\"async\" width=\"768\" height=\"511\" src=\"https:\/\/www.elturistatranquil.com\/wp-content\/uploads\/F67-La-Nativitat-de-Durro-Lleida.jpg\" class=\"attachment-large size-large wp-image-48277\" alt=\"La Nativitat de Durro, Lleida\" srcset=\"https:\/\/www.elturistatranquil.com\/wp-content\/uploads\/F67-La-Nativitat-de-Durro-Lleida.jpg 768w, https:\/\/www.elturistatranquil.com\/wp-content\/uploads\/F67-La-Nativitat-de-Durro-Lleida-339x226.jpg 339w\" sizes=\"(max-width: 768px) 100vw, 768px\" \/>\t\t\t\t\t\t\t\t\t\t\t<figcaption class=\"widget-image-caption wp-caption-text\"><\/figcaption>\n\t\t\t\t\t\t\t\t\t\t<\/figure>\n\t\t\t\t\t\t\t\t\t<\/div>\n\t\t\t\t<\/div>\n\t\t\t\t<div class=\"elementor-element elementor-element-031fc99 elementor-widget elementor-widget-heading\" data-id=\"031fc99\" data-element_type=\"widget\" data-e-type=\"widget\" data-widget_type=\"heading.default\">\n\t\t\t\t<div class=\"elementor-widget-container\">\n\t\t\t\t\t<h4 class=\"elementor-heading-title elementor-size-default\">El porxo i la portada<\/h4>\t\t\t\t<\/div>\n\t\t\t\t<\/div>\n\t\t\t\t<div class=\"elementor-element elementor-element-be9db19 elementor-widget elementor-widget-text-editor\" data-id=\"be9db19\" data-element_type=\"widget\" data-e-type=\"widget\" data-widget_type=\"text-editor.default\">\n\t\t\t\t<div class=\"elementor-widget-container\">\n\t\t\t\t\t\t\t\t\t<p>A l&#8217;edifici original s&#8217;hi va afegir un porxo format per quatre vanes d&#8217;arcades, dues de les quals es van transformar en capelles, de les quals la m\u00e9s occidental va ser enderrocada a la darrera reforma del segle XX, que ha deixat com a resultat tres arcades laterals d\u2019arc de mig punt sobre el cementiri i una arcada lateral, al costat de ponent, per la que s\u2019accedeix al porxo i a l\u2019esgl\u00e9sia.<\/p><p>El mur del fons correspon al lateral del transsepte del costat de l\u2019ep\u00edstola que sobresurt del mur de la nau, pel qual s\u2019entra al temple.<\/p><p>La coberta, d\u2019estructura de fusta amb llosetes de pissarra \u00e9s la continuaci\u00f3 de la teulada del temple.<\/p>\t\t\t\t\t\t\t\t<\/div>\n\t\t\t\t<\/div>\n\t\t\t\t<div class=\"elementor-element elementor-element-9acddd1 elementor-widget elementor-widget-image\" data-id=\"9acddd1\" data-element_type=\"widget\" data-e-type=\"widget\" data-widget_type=\"image.default\">\n\t\t\t\t<div class=\"elementor-widget-container\">\n\t\t\t\t\t\t\t\t\t\t\t\t<figure class=\"wp-caption\">\n\t\t\t\t\t\t\t\t\t\t<img loading=\"lazy\" decoding=\"async\" width=\"768\" height=\"511\" src=\"https:\/\/www.elturistatranquil.com\/wp-content\/uploads\/F68-La-Nativitat-de-Durro-Lleida.jpg\" class=\"attachment-large size-large wp-image-48279\" alt=\"La Nativitat de Durro, Lleida\" srcset=\"https:\/\/www.elturistatranquil.com\/wp-content\/uploads\/F68-La-Nativitat-de-Durro-Lleida.jpg 768w, https:\/\/www.elturistatranquil.com\/wp-content\/uploads\/F68-La-Nativitat-de-Durro-Lleida-339x226.jpg 339w\" sizes=\"(max-width: 768px) 100vw, 768px\" \/>\t\t\t\t\t\t\t\t\t\t\t<figcaption class=\"widget-image-caption wp-caption-text\"><\/figcaption>\n\t\t\t\t\t\t\t\t\t\t<\/figure>\n\t\t\t\t\t\t\t\t\t<\/div>\n\t\t\t\t<\/div>\n\t\t\t\t<div class=\"elementor-element elementor-element-7f9a8fc elementor-widget elementor-widget-image\" data-id=\"7f9a8fc\" data-element_type=\"widget\" data-e-type=\"widget\" data-widget_type=\"image.default\">\n\t\t\t\t<div class=\"elementor-widget-container\">\n\t\t\t\t\t\t\t\t\t\t\t\t<figure class=\"wp-caption\">\n\t\t\t\t\t\t\t\t\t\t<img loading=\"lazy\" decoding=\"async\" width=\"768\" height=\"512\" src=\"https:\/\/www.elturistatranquil.com\/wp-content\/uploads\/F70-La-Nativitat-de-Durro-Lleida.jpg\" class=\"attachment-large size-large wp-image-48281\" alt=\"La Nativitat de Durro, Lleida\" srcset=\"https:\/\/www.elturistatranquil.com\/wp-content\/uploads\/F70-La-Nativitat-de-Durro-Lleida.jpg 768w, https:\/\/www.elturistatranquil.com\/wp-content\/uploads\/F70-La-Nativitat-de-Durro-Lleida-339x226.jpg 339w\" sizes=\"(max-width: 768px) 100vw, 768px\" \/>\t\t\t\t\t\t\t\t\t\t\t<figcaption class=\"widget-image-caption wp-caption-text\"><\/figcaption>\n\t\t\t\t\t\t\t\t\t\t<\/figure>\n\t\t\t\t\t\t\t\t\t<\/div>\n\t\t\t\t<\/div>\n\t\t\t\t<div class=\"elementor-element elementor-element-e44f90f elementor-widget elementor-widget-heading\" data-id=\"e44f90f\" data-element_type=\"widget\" data-e-type=\"widget\" data-widget_type=\"heading.default\">\n\t\t\t\t<div class=\"elementor-widget-container\">\n\t\t\t\t\t<h5 class=\"elementor-heading-title elementor-size-default\">La portada<\/h5>\t\t\t\t<\/div>\n\t\t\t\t<\/div>\n\t\t\t\t<div class=\"elementor-element elementor-element-bc0e42a elementor-widget elementor-widget-text-editor\" data-id=\"bc0e42a\" data-element_type=\"widget\" data-e-type=\"widget\" data-widget_type=\"text-editor.default\">\n\t\t\t\t<div class=\"elementor-widget-container\">\n\t\t\t\t\t\t\t\t\t<p>La portada \u00e9s una de les m\u00e9s elaborades del conjunt de Bo\u00ed. Esta formada per cinc arquivoltes suportades en tres xambes i dues columnes per costat, envoltada per una xambrana amb relleus geom\u00e8trics.<\/p>\t\t\t\t\t\t\t\t<\/div>\n\t\t\t\t<\/div>\n\t\t\t\t<div class=\"elementor-element elementor-element-3c99db7 elementor-widget elementor-widget-image\" data-id=\"3c99db7\" data-element_type=\"widget\" data-e-type=\"widget\" data-widget_type=\"image.default\">\n\t\t\t\t<div class=\"elementor-widget-container\">\n\t\t\t\t\t\t\t\t\t\t\t\t<figure class=\"wp-caption\">\n\t\t\t\t\t\t\t\t\t\t<img loading=\"lazy\" decoding=\"async\" width=\"768\" height=\"576\" src=\"https:\/\/www.elturistatranquil.com\/wp-content\/uploads\/F72-La-Nativitat-de-Durro-Lleida.jpg\" class=\"attachment-large size-large wp-image-48283\" alt=\"La Nativitat de Durro, Lleida\" srcset=\"https:\/\/www.elturistatranquil.com\/wp-content\/uploads\/F72-La-Nativitat-de-Durro-Lleida.jpg 768w, https:\/\/www.elturistatranquil.com\/wp-content\/uploads\/F72-La-Nativitat-de-Durro-Lleida-301x226.jpg 301w\" sizes=\"(max-width: 768px) 100vw, 768px\" \/>\t\t\t\t\t\t\t\t\t\t\t<figcaption class=\"widget-image-caption wp-caption-text\"><\/figcaption>\n\t\t\t\t\t\t\t\t\t\t<\/figure>\n\t\t\t\t\t\t\t\t\t<\/div>\n\t\t\t\t<\/div>\n\t\t\t\t<div class=\"elementor-element elementor-element-7efbf43 elementor-widget elementor-widget-text-editor\" data-id=\"7efbf43\" data-element_type=\"widget\" data-e-type=\"widget\" data-widget_type=\"text-editor.default\">\n\t\t\t\t<div class=\"elementor-widget-container\">\n\t\t\t\t\t\t\t\t\t<p>Les columnes tenen capitells amb relleus vegetals i zoom\u00f2rfics bastant deteriorats.<\/p>\t\t\t\t\t\t\t\t<\/div>\n\t\t\t\t<\/div>\n\t\t\t\t<section class=\"elementor-section elementor-inner-section elementor-element elementor-element-9b51f85 elementor-section-boxed elementor-section-height-default elementor-section-height-default\" data-id=\"9b51f85\" data-element_type=\"section\" data-e-type=\"section\">\n\t\t\t\t\t\t<div class=\"elementor-container elementor-column-gap-default\">\n\t\t\t\t\t<div class=\"elementor-column elementor-col-50 elementor-inner-column elementor-element elementor-element-f639174\" data-id=\"f639174\" data-element_type=\"column\" data-e-type=\"column\">\n\t\t\t<div class=\"elementor-widget-wrap elementor-element-populated\">\n\t\t\t\t\t\t<div class=\"elementor-element elementor-element-0185dad elementor-widget elementor-widget-image\" data-id=\"0185dad\" data-element_type=\"widget\" data-e-type=\"widget\" data-widget_type=\"image.default\">\n\t\t\t\t<div class=\"elementor-widget-container\">\n\t\t\t\t\t\t\t\t\t\t\t\t\t\t\t<img loading=\"lazy\" decoding=\"async\" width=\"380\" height=\"380\" src=\"https:\/\/www.elturistatranquil.com\/wp-content\/uploads\/F73m-La-Nativitat-de-Durro-Lleida.jpg\" class=\"attachment-large size-large wp-image-48285\" alt=\"La Nativitat de Durro, Lleida\" srcset=\"https:\/\/www.elturistatranquil.com\/wp-content\/uploads\/F73m-La-Nativitat-de-Durro-Lleida.jpg 380w, https:\/\/www.elturistatranquil.com\/wp-content\/uploads\/F73m-La-Nativitat-de-Durro-Lleida-226x226.jpg 226w\" sizes=\"(max-width: 380px) 100vw, 380px\" \/>\t\t\t\t\t\t\t\t\t\t\t\t\t\t\t<\/div>\n\t\t\t\t<\/div>\n\t\t\t\t\t<\/div>\n\t\t<\/div>\n\t\t\t\t<div class=\"elementor-column elementor-col-50 elementor-inner-column elementor-element elementor-element-44c39a8\" data-id=\"44c39a8\" data-element_type=\"column\" data-e-type=\"column\">\n\t\t\t<div class=\"elementor-widget-wrap elementor-element-populated\">\n\t\t\t\t\t\t<div class=\"elementor-element elementor-element-42b3a16 elementor-widget elementor-widget-image\" data-id=\"42b3a16\" data-element_type=\"widget\" data-e-type=\"widget\" data-widget_type=\"image.default\">\n\t\t\t\t<div class=\"elementor-widget-container\">\n\t\t\t\t\t\t\t\t\t\t\t\t\t\t\t<img loading=\"lazy\" decoding=\"async\" width=\"380\" height=\"380\" src=\"https:\/\/www.elturistatranquil.com\/wp-content\/uploads\/F73n-La-Nativitat-de-Durro-Lleida.jpg\" class=\"attachment-large size-large wp-image-48290\" alt=\"La Nativitat de Durro, Lleida\" srcset=\"https:\/\/www.elturistatranquil.com\/wp-content\/uploads\/F73n-La-Nativitat-de-Durro-Lleida.jpg 380w, https:\/\/www.elturistatranquil.com\/wp-content\/uploads\/F73n-La-Nativitat-de-Durro-Lleida-226x226.jpg 226w\" sizes=\"(max-width: 380px) 100vw, 380px\" \/>\t\t\t\t\t\t\t\t\t\t\t\t\t\t\t<\/div>\n\t\t\t\t<\/div>\n\t\t\t\t\t<\/div>\n\t\t<\/div>\n\t\t\t\t\t<\/div>\n\t\t<\/section>\n\t\t\t\t<div class=\"elementor-element elementor-element-8049075 elementor-widget elementor-widget-text-editor\" data-id=\"8049075\" data-element_type=\"widget\" data-e-type=\"widget\" data-widget_type=\"text-editor.default\">\n\t\t\t\t<div class=\"elementor-widget-container\">\n\t\t\t\t\t\t\t\t\t<p>\u00a0<\/p><p>La porta de fusta del temple \u00e9s moderna del segle XIX, per\u00f2 t\u00e9 un notable pany de ferro forjat d&#8217;origen medieval. El pany t\u00e9 una barra o forrellat decorat amb un arabesc reticulat de lluentons que acaba en representaci\u00f3 d&#8217;un cap d&#8217;animal presumptament una serp. La decoraci\u00f3 de la placa que refor\u00e7a la pany \u00e9s l&#8217;element m\u00e9s interessant d&#8217;aquest conjunt.<\/p>\t\t\t\t\t\t\t\t<\/div>\n\t\t\t\t<\/div>\n\t\t\t\t<div class=\"elementor-element elementor-element-0c3b600 elementor-widget elementor-widget-image\" data-id=\"0c3b600\" data-element_type=\"widget\" data-e-type=\"widget\" data-widget_type=\"image.default\">\n\t\t\t\t<div class=\"elementor-widget-container\">\n\t\t\t\t\t\t\t\t\t\t\t\t<figure class=\"wp-caption\">\n\t\t\t\t\t\t\t\t\t\t<img loading=\"lazy\" decoding=\"async\" width=\"768\" height=\"485\" src=\"https:\/\/www.elturistatranquil.com\/wp-content\/uploads\/F74-La-Nativitat-de-Durro-Lleida.jpg\" class=\"attachment-large size-large wp-image-48292\" alt=\"La Nativitat de Durro, Lleida\" srcset=\"https:\/\/www.elturistatranquil.com\/wp-content\/uploads\/F74-La-Nativitat-de-Durro-Lleida.jpg 768w, https:\/\/www.elturistatranquil.com\/wp-content\/uploads\/F74-La-Nativitat-de-Durro-Lleida-339x214.jpg 339w\" sizes=\"(max-width: 768px) 100vw, 768px\" \/>\t\t\t\t\t\t\t\t\t\t\t<figcaption class=\"widget-image-caption wp-caption-text\">(Font: Centre del Rom\u00e0nic)<\/figcaption>\n\t\t\t\t\t\t\t\t\t\t<\/figure>\n\t\t\t\t\t\t\t\t\t<\/div>\n\t\t\t\t<\/div>\n\t\t\t\t<div class=\"elementor-element elementor-element-0e9e518 elementor-widget elementor-widget-heading\" data-id=\"0e9e518\" data-element_type=\"widget\" data-e-type=\"widget\" data-widget_type=\"heading.default\">\n\t\t\t\t<div class=\"elementor-widget-container\">\n\t\t\t\t\t<h3 class=\"elementor-heading-title elementor-size-default\">L\u2019interior<\/h3>\t\t\t\t<\/div>\n\t\t\t\t<\/div>\n\t\t\t\t<div class=\"elementor-element elementor-element-e054d47 elementor-widget elementor-widget-heading\" data-id=\"e054d47\" data-element_type=\"widget\" data-e-type=\"widget\" data-widget_type=\"heading.default\">\n\t\t\t\t<div class=\"elementor-widget-container\">\n\t\t\t\t\t<h5 class=\"elementor-heading-title elementor-size-default\">La planta<\/h5>\t\t\t\t<\/div>\n\t\t\t\t<\/div>\n\t\t\t\t<div class=\"elementor-element elementor-element-72f75be elementor-widget elementor-widget-image\" data-id=\"72f75be\" data-element_type=\"widget\" data-e-type=\"widget\" data-widget_type=\"image.default\">\n\t\t\t\t<div class=\"elementor-widget-container\">\n\t\t\t\t\t\t\t\t\t\t\t\t<figure class=\"wp-caption\">\n\t\t\t\t\t\t\t\t\t\t<img loading=\"lazy\" decoding=\"async\" width=\"768\" height=\"512\" src=\"https:\/\/www.elturistatranquil.com\/wp-content\/uploads\/F75-La-Nativitat-de-Durro-Lleida.jpg\" class=\"attachment-large size-large wp-image-48294\" alt=\"La Nativitat de Durro, Lleida\" srcset=\"https:\/\/www.elturistatranquil.com\/wp-content\/uploads\/F75-La-Nativitat-de-Durro-Lleida.jpg 768w, https:\/\/www.elturistatranquil.com\/wp-content\/uploads\/F75-La-Nativitat-de-Durro-Lleida-339x226.jpg 339w\" sizes=\"(max-width: 768px) 100vw, 768px\" \/>\t\t\t\t\t\t\t\t\t\t\t<figcaption class=\"widget-image-caption wp-caption-text\"><\/figcaption>\n\t\t\t\t\t\t\t\t\t\t<\/figure>\n\t\t\t\t\t\t\t\t\t<\/div>\n\t\t\t\t<\/div>\n\t\t\t\t<div class=\"elementor-element elementor-element-1a57fd5 elementor-widget elementor-widget-text-editor\" data-id=\"1a57fd5\" data-element_type=\"widget\" data-e-type=\"widget\" data-widget_type=\"text-editor.default\">\n\t\t\t\t<div class=\"elementor-widget-container\">\n\t\t\t\t\t\t\t\t\t<p>L\u2019interior del temple est\u00e0 format per una sola nau, llarga i \u00a0estreta de quatre trams amb orientaci\u00f3 can\u00f2nica a llevant, que havia estat coronada amb un absis semicircular que va ser retallar per un mur recte, amb l\u2019afegit d\u2019un cos d&#8217;edifici de forma trapezoidal que serveix de sagristia. La coberta del temple \u00e9s de volta de can\u00f3 lleugerament apuntada, refor\u00e7ada per arcs torals suportats en m\u00e8nsules.<\/p><p>Com ja s\u2019ha vist, des del seu origen datat del segle XII, el temple ha patit tantes transformacions substancials que, avui dia, el seu aspecte ja no t\u00e9 res a veure amb l&#8217;original.<\/p><p>En la rehabilitaci\u00f3 interior de l\u2019esgl\u00e9sia de la Nativitat no s\u2019ha volgut tornar-la a l\u2019estil i esperit rom\u00e0nic, sin\u00f3 que s\u2019ha respectat la organitzaci\u00f3 espacial basada en la lit\u00fargia inspirada de l&#8217;esperit de Trento, aix\u00ed com l&#8217;ornamentaci\u00f3 i el mobiliari de la tradici\u00f3 barroca. Els canvis lit\u00fargics del Vatic\u00e0 o altres transformacions no han fet canviar l&#8217;interior d&#8217;aquesta esgl\u00e9sia. Aquesta invariabilitat ha mantingut en l&#8217;espai interior un ambient de regust barroc popular digne d&#8217;atenci\u00f3 per la seva singularitat. A aquest ambient s&#8217;afegeix la riquesa i varietat del mobiliari lit\u00fargic, amb peces notables d&#8217;una cronologia variada.<\/p>\t\t\t\t\t\t\t\t<\/div>\n\t\t\t\t<\/div>\n\t\t\t\t<div class=\"elementor-element elementor-element-5a58b3a elementor-widget elementor-widget-image\" data-id=\"5a58b3a\" data-element_type=\"widget\" data-e-type=\"widget\" data-widget_type=\"image.default\">\n\t\t\t\t<div class=\"elementor-widget-container\">\n\t\t\t\t\t\t\t\t\t\t\t\t<figure class=\"wp-caption\">\n\t\t\t\t\t\t\t\t\t\t<img loading=\"lazy\" decoding=\"async\" width=\"768\" height=\"512\" src=\"https:\/\/www.elturistatranquil.com\/wp-content\/uploads\/F76-La-Nativitat-de-Durro-Lleida.jpg\" class=\"attachment-large size-large wp-image-48296\" alt=\"La Nativitat de Durro, Lleida\" srcset=\"https:\/\/www.elturistatranquil.com\/wp-content\/uploads\/F76-La-Nativitat-de-Durro-Lleida.jpg 768w, https:\/\/www.elturistatranquil.com\/wp-content\/uploads\/F76-La-Nativitat-de-Durro-Lleida-339x226.jpg 339w\" sizes=\"(max-width: 768px) 100vw, 768px\" \/>\t\t\t\t\t\t\t\t\t\t\t<figcaption class=\"widget-image-caption wp-caption-text\"><\/figcaption>\n\t\t\t\t\t\t\t\t\t\t<\/figure>\n\t\t\t\t\t\t\t\t\t<\/div>\n\t\t\t\t<\/div>\n\t\t\t\t<div class=\"elementor-element elementor-element-5ceef7f elementor-widget elementor-widget-text-editor\" data-id=\"5ceef7f\" data-element_type=\"widget\" data-e-type=\"widget\" data-widget_type=\"text-editor.default\">\n\t\t\t\t<div class=\"elementor-widget-container\">\n\t\t\t\t\t\t\t\t\t<p>L\u2019absis central semicircular en origen va ser escap\u00e7at al segle XVIII deixant forma d\u2019absis recte, cobert per un retaule barroc.<\/p>\t\t\t\t\t\t\t\t<\/div>\n\t\t\t\t<\/div>\n\t\t\t\t<div class=\"elementor-element elementor-element-d3be55f elementor-widget elementor-widget-image\" data-id=\"d3be55f\" data-element_type=\"widget\" data-e-type=\"widget\" data-widget_type=\"image.default\">\n\t\t\t\t<div class=\"elementor-widget-container\">\n\t\t\t\t\t\t\t\t\t\t\t\t<figure class=\"wp-caption\">\n\t\t\t\t\t\t\t\t\t\t<img loading=\"lazy\" decoding=\"async\" width=\"768\" height=\"512\" src=\"https:\/\/www.elturistatranquil.com\/wp-content\/uploads\/F77a-La-Nativitat-de-Durro-Lleida.jpg\" class=\"attachment-large size-large wp-image-48298\" alt=\"La Nativitat de Durro, Lleida\" srcset=\"https:\/\/www.elturistatranquil.com\/wp-content\/uploads\/F77a-La-Nativitat-de-Durro-Lleida.jpg 768w, https:\/\/www.elturistatranquil.com\/wp-content\/uploads\/F77a-La-Nativitat-de-Durro-Lleida-339x226.jpg 339w\" sizes=\"(max-width: 768px) 100vw, 768px\" \/>\t\t\t\t\t\t\t\t\t\t\t<figcaption class=\"widget-image-caption wp-caption-text\"><\/figcaption>\n\t\t\t\t\t\t\t\t\t\t<\/figure>\n\t\t\t\t\t\t\t\t\t<\/div>\n\t\t\t\t<\/div>\n\t\t\t\t<div class=\"elementor-element elementor-element-c4d8b01 elementor-widget elementor-widget-image\" data-id=\"c4d8b01\" data-element_type=\"widget\" data-e-type=\"widget\" data-widget_type=\"image.default\">\n\t\t\t\t<div class=\"elementor-widget-container\">\n\t\t\t\t\t\t\t\t\t\t\t\t<figure class=\"wp-caption\">\n\t\t\t\t\t\t\t\t\t\t<img loading=\"lazy\" decoding=\"async\" width=\"768\" height=\"512\" src=\"https:\/\/www.elturistatranquil.com\/wp-content\/uploads\/F77b-La-Nativitat-de-Durro-Lleida.jpg\" class=\"attachment-large size-large wp-image-48300\" alt=\"La Nativitat de Durro, Lleida\" srcset=\"https:\/\/www.elturistatranquil.com\/wp-content\/uploads\/F77b-La-Nativitat-de-Durro-Lleida.jpg 768w, https:\/\/www.elturistatranquil.com\/wp-content\/uploads\/F77b-La-Nativitat-de-Durro-Lleida-339x226.jpg 339w\" sizes=\"(max-width: 768px) 100vw, 768px\" \/>\t\t\t\t\t\t\t\t\t\t\t<figcaption class=\"widget-image-caption wp-caption-text\"><\/figcaption>\n\t\t\t\t\t\t\t\t\t\t<\/figure>\n\t\t\t\t\t\t\t\t\t<\/div>\n\t\t\t\t<\/div>\n\t\t\t\t<div class=\"elementor-element elementor-element-7d644cd elementor-widget elementor-widget-text-editor\" data-id=\"7d644cd\" data-element_type=\"widget\" data-e-type=\"widget\" data-widget_type=\"text-editor.default\">\n\t\t\t\t<div class=\"elementor-widget-container\">\n\t\t\t\t\t\t\t\t\t<p>Est\u00e0 presidit per un gran retaule tallat, obra del barroc tard\u00e0.<\/p><p>Cadascuna de les quatre capelles de l&#8217;esgl\u00e9sia tenia el seu retaule i es conserven tots ells.<\/p><p>La capella situada m\u00e9s a llevant, barroca en la seva configuraci\u00f3 actual, es va construir dins el transsepte rom\u00e0nic. S\u2019hi accedeix per una volta de mig punt de perfil lleugerament apuntat. \u00a0A l\u2019esquerra, un absis amb coberta de quart d\u2019esfera, s\u2019hi va obrir una porta per accedir a la sagristia del segle XVIII.<\/p>\t\t\t\t\t\t\t\t<\/div>\n\t\t\t\t<\/div>\n\t\t\t\t<div class=\"elementor-element elementor-element-3453dd2 elementor-widget elementor-widget-image\" data-id=\"3453dd2\" data-element_type=\"widget\" data-e-type=\"widget\" data-widget_type=\"image.default\">\n\t\t\t\t<div class=\"elementor-widget-container\">\n\t\t\t\t\t\t\t\t\t\t\t\t<figure class=\"wp-caption\">\n\t\t\t\t\t\t\t\t\t\t<img loading=\"lazy\" decoding=\"async\" width=\"768\" height=\"512\" src=\"https:\/\/www.elturistatranquil.com\/wp-content\/uploads\/F78-La-Nativitat-de-Durro-Lleida.jpg\" class=\"attachment-large size-large wp-image-48302\" alt=\"La Nativitat de Durro, Lleida\" srcset=\"https:\/\/www.elturistatranquil.com\/wp-content\/uploads\/F78-La-Nativitat-de-Durro-Lleida.jpg 768w, https:\/\/www.elturistatranquil.com\/wp-content\/uploads\/F78-La-Nativitat-de-Durro-Lleida-339x226.jpg 339w\" sizes=\"(max-width: 768px) 100vw, 768px\" \/>\t\t\t\t\t\t\t\t\t\t\t<figcaption class=\"widget-image-caption wp-caption-text\"><\/figcaption>\n\t\t\t\t\t\t\t\t\t\t<\/figure>\n\t\t\t\t\t\t\t\t\t<\/div>\n\t\t\t\t<\/div>\n\t\t\t\t<div class=\"elementor-element elementor-element-e89148f elementor-widget elementor-widget-text-editor\" data-id=\"e89148f\" data-element_type=\"widget\" data-e-type=\"widget\" data-widget_type=\"text-editor.default\">\n\t\t\t\t<div class=\"elementor-widget-container\">\n\t\t\t\t\t\t\t\t\t<p>Porta d&#8217;enlla\u00e7 entre la sagristia i la capella del sud, datada el segle XVII-XVIII, i \u00e9s una pe\u00e7a interessant dins del conjunt.<\/p>\t\t\t\t\t\t\t\t<\/div>\n\t\t\t\t<\/div>\n\t\t\t\t<div class=\"elementor-element elementor-element-8c88807 elementor-widget elementor-widget-image\" data-id=\"8c88807\" data-element_type=\"widget\" data-e-type=\"widget\" data-widget_type=\"image.default\">\n\t\t\t\t<div class=\"elementor-widget-container\">\n\t\t\t\t\t\t\t\t\t\t\t\t<figure class=\"wp-caption\">\n\t\t\t\t\t\t\t\t\t\t<img loading=\"lazy\" decoding=\"async\" width=\"768\" height=\"512\" src=\"https:\/\/www.elturistatranquil.com\/wp-content\/uploads\/F79-La-Nativitat-de-Durro-Lleida.jpg\" class=\"attachment-large size-large wp-image-48304\" alt=\"La Nativitat de Durro, Lleida\" srcset=\"https:\/\/www.elturistatranquil.com\/wp-content\/uploads\/F79-La-Nativitat-de-Durro-Lleida.jpg 768w, https:\/\/www.elturistatranquil.com\/wp-content\/uploads\/F79-La-Nativitat-de-Durro-Lleida-339x226.jpg 339w\" sizes=\"(max-width: 768px) 100vw, 768px\" \/>\t\t\t\t\t\t\t\t\t\t\t<figcaption class=\"widget-image-caption wp-caption-text\"><\/figcaption>\n\t\t\t\t\t\t\t\t\t\t<\/figure>\n\t\t\t\t\t\t\t\t\t<\/div>\n\t\t\t\t<\/div>\n\t\t\t\t<div class=\"elementor-element elementor-element-7cb38e3 elementor-widget elementor-widget-image\" data-id=\"7cb38e3\" data-element_type=\"widget\" data-e-type=\"widget\" data-widget_type=\"image.default\">\n\t\t\t\t<div class=\"elementor-widget-container\">\n\t\t\t\t\t\t\t\t\t\t\t\t<figure class=\"wp-caption\">\n\t\t\t\t\t\t\t\t\t\t<img loading=\"lazy\" decoding=\"async\" width=\"768\" height=\"512\" src=\"https:\/\/www.elturistatranquil.com\/wp-content\/uploads\/F80-La-Nativitat-de-Durro-Lleida.jpg\" class=\"attachment-large size-large wp-image-48312\" alt=\"La Nativitat de Durro, Lleida\" srcset=\"https:\/\/www.elturistatranquil.com\/wp-content\/uploads\/F80-La-Nativitat-de-Durro-Lleida.jpg 768w, https:\/\/www.elturistatranquil.com\/wp-content\/uploads\/F80-La-Nativitat-de-Durro-Lleida-339x226.jpg 339w\" sizes=\"(max-width: 768px) 100vw, 768px\" \/>\t\t\t\t\t\t\t\t\t\t\t<figcaption class=\"widget-image-caption wp-caption-text\"><\/figcaption>\n\t\t\t\t\t\t\t\t\t\t<\/figure>\n\t\t\t\t\t\t\t\t\t<\/div>\n\t\t\t\t<\/div>\n\t\t\t\t<div class=\"elementor-element elementor-element-408dcaf elementor-widget elementor-widget-text-editor\" data-id=\"408dcaf\" data-element_type=\"widget\" data-e-type=\"widget\" data-widget_type=\"text-editor.default\">\n\t\t\t\t<div class=\"elementor-widget-container\">\n\t\t\t\t\t\t\t\t\t<p>Una petita porta d\u2019arc de mig punt comunica el temple amb l\u2019interior de la torre-campanar, en el costat septentrional.<\/p>\t\t\t\t\t\t\t\t<\/div>\n\t\t\t\t<\/div>\n\t\t\t\t<div class=\"elementor-element elementor-element-31e7fcf elementor-widget elementor-widget-image\" data-id=\"31e7fcf\" data-element_type=\"widget\" data-e-type=\"widget\" data-widget_type=\"image.default\">\n\t\t\t\t<div class=\"elementor-widget-container\">\n\t\t\t\t\t\t\t\t\t\t\t\t<figure class=\"wp-caption\">\n\t\t\t\t\t\t\t\t\t\t<img loading=\"lazy\" decoding=\"async\" width=\"768\" height=\"512\" src=\"https:\/\/www.elturistatranquil.com\/wp-content\/uploads\/F82-La-Nativitat-de-Durro-Lleida.jpg\" class=\"attachment-large size-large wp-image-48314\" alt=\"La Nativitat de Durro, Lleida\" srcset=\"https:\/\/www.elturistatranquil.com\/wp-content\/uploads\/F82-La-Nativitat-de-Durro-Lleida.jpg 768w, https:\/\/www.elturistatranquil.com\/wp-content\/uploads\/F82-La-Nativitat-de-Durro-Lleida-339x226.jpg 339w\" sizes=\"(max-width: 768px) 100vw, 768px\" \/>\t\t\t\t\t\t\t\t\t\t\t<figcaption class=\"widget-image-caption wp-caption-text\"><\/figcaption>\n\t\t\t\t\t\t\t\t\t\t<\/figure>\n\t\t\t\t\t\t\t\t\t<\/div>\n\t\t\t\t<\/div>\n\t\t\t\t<div class=\"elementor-element elementor-element-610f27d elementor-widget elementor-widget-text-editor\" data-id=\"610f27d\" data-element_type=\"widget\" data-e-type=\"widget\" data-widget_type=\"text-editor.default\">\n\t\t\t\t<div class=\"elementor-widget-container\">\n\t\t\t\t\t\t\t\t\t<p>Interior actual de la torre.<\/p>\t\t\t\t\t\t\t\t<\/div>\n\t\t\t\t<\/div>\n\t\t\t\t<div class=\"elementor-element elementor-element-de3a43f elementor-widget elementor-widget-image\" data-id=\"de3a43f\" data-element_type=\"widget\" data-e-type=\"widget\" data-widget_type=\"image.default\">\n\t\t\t\t<div class=\"elementor-widget-container\">\n\t\t\t\t\t\t\t\t\t\t\t\t<figure class=\"wp-caption\">\n\t\t\t\t\t\t\t\t\t\t<img loading=\"lazy\" decoding=\"async\" width=\"768\" height=\"512\" src=\"https:\/\/www.elturistatranquil.com\/wp-content\/uploads\/F83-La-Nativitat-de-Durro-Lleida.jpg\" class=\"attachment-large size-large wp-image-48319\" alt=\"La Nativitat de Durro, Lleida\" srcset=\"https:\/\/www.elturistatranquil.com\/wp-content\/uploads\/F83-La-Nativitat-de-Durro-Lleida.jpg 768w, https:\/\/www.elturistatranquil.com\/wp-content\/uploads\/F83-La-Nativitat-de-Durro-Lleida-339x226.jpg 339w\" sizes=\"(max-width: 768px) 100vw, 768px\" \/>\t\t\t\t\t\t\t\t\t\t\t<figcaption class=\"widget-image-caption wp-caption-text\"><\/figcaption>\n\t\t\t\t\t\t\t\t\t\t<\/figure>\n\t\t\t\t\t\t\t\t\t<\/div>\n\t\t\t\t<\/div>\n\t\t\t\t<div class=\"elementor-element elementor-element-110e879 elementor-widget elementor-widget-text-editor\" data-id=\"110e879\" data-element_type=\"widget\" data-e-type=\"widget\" data-widget_type=\"text-editor.default\">\n\t\t\t\t<div class=\"elementor-widget-container\">\n\t\t\t\t\t\t\t\t\t<p>La perspectiva del peus mostra clarament la coberta de volta de can\u00f3 amb els arcs torals, i deixen veure la al\u00e7ada \u00a0for\u00e7a elevada d\u2019aquest temple en relaci\u00f3 a les altres esgl\u00e9sies de la vall.<\/p><p>Tot el primer tram dels peus esta ocupat per un cor elevat de fusta, que actualment fa les funcions de zona muse\u00edstica.<\/p>\t\t\t\t\t\t\t\t<\/div>\n\t\t\t\t<\/div>\n\t\t\t\t<div class=\"elementor-element elementor-element-1792a15 elementor-widget elementor-widget-image\" data-id=\"1792a15\" data-element_type=\"widget\" data-e-type=\"widget\" data-widget_type=\"image.default\">\n\t\t\t\t<div class=\"elementor-widget-container\">\n\t\t\t\t\t\t\t\t\t\t\t\t<figure class=\"wp-caption\">\n\t\t\t\t\t\t\t\t\t\t<img loading=\"lazy\" decoding=\"async\" width=\"768\" height=\"512\" src=\"https:\/\/www.elturistatranquil.com\/wp-content\/uploads\/F84-La-Nativitat-de-Durro-Lleida.jpg\" class=\"attachment-large size-large wp-image-48321\" alt=\"La Nativitat de Durro, Lleida\" srcset=\"https:\/\/www.elturistatranquil.com\/wp-content\/uploads\/F84-La-Nativitat-de-Durro-Lleida.jpg 768w, https:\/\/www.elturistatranquil.com\/wp-content\/uploads\/F84-La-Nativitat-de-Durro-Lleida-339x226.jpg 339w\" sizes=\"(max-width: 768px) 100vw, 768px\" \/>\t\t\t\t\t\t\t\t\t\t\t<figcaption class=\"widget-image-caption wp-caption-text\"><\/figcaption>\n\t\t\t\t\t\t\t\t\t\t<\/figure>\n\t\t\t\t\t\t\t\t\t<\/div>\n\t\t\t\t<\/div>\n\t\t\t\t<div class=\"elementor-element elementor-element-99f3879 elementor-widget elementor-widget-image\" data-id=\"99f3879\" data-element_type=\"widget\" data-e-type=\"widget\" data-widget_type=\"image.default\">\n\t\t\t\t<div class=\"elementor-widget-container\">\n\t\t\t\t\t\t\t\t\t\t\t\t<figure class=\"wp-caption\">\n\t\t\t\t\t\t\t\t\t\t<img loading=\"lazy\" decoding=\"async\" width=\"768\" height=\"512\" src=\"https:\/\/www.elturistatranquil.com\/wp-content\/uploads\/F85-La-Nativitat-de-Durro-Lleida.jpg\" class=\"attachment-large size-large wp-image-48323\" alt=\"La Nativitat de Durro, Lleida\" srcset=\"https:\/\/www.elturistatranquil.com\/wp-content\/uploads\/F85-La-Nativitat-de-Durro-Lleida.jpg 768w, https:\/\/www.elturistatranquil.com\/wp-content\/uploads\/F85-La-Nativitat-de-Durro-Lleida-339x226.jpg 339w\" sizes=\"(max-width: 768px) 100vw, 768px\" \/>\t\t\t\t\t\t\t\t\t\t\t<figcaption class=\"widget-image-caption wp-caption-text\"><\/figcaption>\n\t\t\t\t\t\t\t\t\t\t<\/figure>\n\t\t\t\t\t\t\t\t\t<\/div>\n\t\t\t\t<\/div>\n\t\t\t\t<div class=\"elementor-element elementor-element-2b3d37b elementor-widget elementor-widget-heading\" data-id=\"2b3d37b\" data-element_type=\"widget\" data-e-type=\"widget\" data-widget_type=\"heading.default\">\n\t\t\t\t<div class=\"elementor-widget-container\">\n\t\t\t\t\t<h5 class=\"elementor-heading-title elementor-size-default\">Les capelles laterals<\/h5>\t\t\t\t<\/div>\n\t\t\t\t<\/div>\n\t\t\t\t<div class=\"elementor-element elementor-element-0a6b27b elementor-widget elementor-widget-text-editor\" data-id=\"0a6b27b\" data-element_type=\"widget\" data-e-type=\"widget\" data-widget_type=\"text-editor.default\">\n\t\t\t\t<div class=\"elementor-widget-container\">\n\t\t\t\t\t\t\t\t\t<p>Dues gran obertures d\u2019arc apuntat d\u2019estil g\u00f2tic, actualment rebaixades en altura, donen pas a dues capelles unides entre s\u00ed, cobertes amb arcs de creueria. Correspondrien a una ampliaci\u00f3 del segle XVII.<\/p>\t\t\t\t\t\t\t\t<\/div>\n\t\t\t\t<\/div>\n\t\t\t\t<div class=\"elementor-element elementor-element-800df26 elementor-widget elementor-widget-image\" data-id=\"800df26\" data-element_type=\"widget\" data-e-type=\"widget\" data-widget_type=\"image.default\">\n\t\t\t\t<div class=\"elementor-widget-container\">\n\t\t\t\t\t\t\t\t\t\t\t\t<figure class=\"wp-caption\">\n\t\t\t\t\t\t\t\t\t\t<img loading=\"lazy\" decoding=\"async\" width=\"768\" height=\"576\" src=\"https:\/\/www.elturistatranquil.com\/wp-content\/uploads\/F86-La-Nativitat-de-Durro-Lleida.jpg\" class=\"attachment-large size-large wp-image-48325\" alt=\"La Nativitat de Durro, Lleida\" srcset=\"https:\/\/www.elturistatranquil.com\/wp-content\/uploads\/F86-La-Nativitat-de-Durro-Lleida.jpg 768w, https:\/\/www.elturistatranquil.com\/wp-content\/uploads\/F86-La-Nativitat-de-Durro-Lleida-301x226.jpg 301w\" sizes=\"(max-width: 768px) 100vw, 768px\" \/>\t\t\t\t\t\t\t\t\t\t\t<figcaption class=\"widget-image-caption wp-caption-text\"><\/figcaption>\n\t\t\t\t\t\t\t\t\t\t<\/figure>\n\t\t\t\t\t\t\t\t\t<\/div>\n\t\t\t\t<\/div>\n\t\t\t\t<div class=\"elementor-element elementor-element-5fbc7f9 elementor-widget elementor-widget-image\" data-id=\"5fbc7f9\" data-element_type=\"widget\" data-e-type=\"widget\" data-widget_type=\"image.default\">\n\t\t\t\t<div class=\"elementor-widget-container\">\n\t\t\t\t\t\t\t\t\t\t\t\t<figure class=\"wp-caption\">\n\t\t\t\t\t\t\t\t\t\t<img loading=\"lazy\" decoding=\"async\" width=\"768\" height=\"512\" src=\"https:\/\/www.elturistatranquil.com\/wp-content\/uploads\/F87-La-Nativitat-de-Durro-Lleida.jpg\" class=\"attachment-large size-large wp-image-48330\" alt=\"La Nativitat de Durro, Lleida\" srcset=\"https:\/\/www.elturistatranquil.com\/wp-content\/uploads\/F87-La-Nativitat-de-Durro-Lleida.jpg 768w, https:\/\/www.elturistatranquil.com\/wp-content\/uploads\/F87-La-Nativitat-de-Durro-Lleida-339x226.jpg 339w\" sizes=\"(max-width: 768px) 100vw, 768px\" \/>\t\t\t\t\t\t\t\t\t\t\t<figcaption class=\"widget-image-caption wp-caption-text\"><\/figcaption>\n\t\t\t\t\t\t\t\t\t\t<\/figure>\n\t\t\t\t\t\t\t\t\t<\/div>\n\t\t\t\t<\/div>\n\t\t\t\t<div class=\"elementor-element elementor-element-e60132e elementor-widget elementor-widget-image\" data-id=\"e60132e\" data-element_type=\"widget\" data-e-type=\"widget\" data-widget_type=\"image.default\">\n\t\t\t\t<div class=\"elementor-widget-container\">\n\t\t\t\t\t\t\t\t\t\t\t\t<figure class=\"wp-caption\">\n\t\t\t\t\t\t\t\t\t\t<img loading=\"lazy\" decoding=\"async\" width=\"768\" height=\"512\" src=\"https:\/\/www.elturistatranquil.com\/wp-content\/uploads\/F88-La-Nativitat-de-Durro-Lleida.jpg\" class=\"attachment-large size-large wp-image-48332\" alt=\"La Nativitat de Durro, Lleida\" srcset=\"https:\/\/www.elturistatranquil.com\/wp-content\/uploads\/F88-La-Nativitat-de-Durro-Lleida.jpg 768w, https:\/\/www.elturistatranquil.com\/wp-content\/uploads\/F88-La-Nativitat-de-Durro-Lleida-339x226.jpg 339w\" sizes=\"(max-width: 768px) 100vw, 768px\" \/>\t\t\t\t\t\t\t\t\t\t\t<figcaption class=\"widget-image-caption wp-caption-text\"><\/figcaption>\n\t\t\t\t\t\t\t\t\t\t<\/figure>\n\t\t\t\t\t\t\t\t\t<\/div>\n\t\t\t\t<\/div>\n\t\t\t\t<div class=\"elementor-element elementor-element-8fbe118 elementor-widget elementor-widget-heading\" data-id=\"8fbe118\" data-element_type=\"widget\" data-e-type=\"widget\" data-widget_type=\"heading.default\">\n\t\t\t\t<div class=\"elementor-widget-container\">\n\t\t\t\t\t<h4 class=\"elementor-heading-title elementor-size-default\">Objectes religiosos i part muse\u00edstica<\/h4>\t\t\t\t<\/div>\n\t\t\t\t<\/div>\n\t\t\t\t<div class=\"elementor-element elementor-element-fa898da elementor-widget elementor-widget-text-editor\" data-id=\"fa898da\" data-element_type=\"widget\" data-e-type=\"widget\" data-widget_type=\"text-editor.default\">\n\t\t\t\t<div class=\"elementor-widget-container\">\n\t\t\t\t\t\t\t\t\t<p>Com ja s\u2019ha vist a les esgl\u00e9sies de Santa Eul\u00e0lia d\u2019Erill-la-Vall i de Santa Maria de Ta\u00fcll, els Davallaments eren habituals a les esgl\u00e9sies rom\u00e0niques de la zona. En aquesta de la Nativitat tamb\u00e9 hi havia un <strong>Davallament<\/strong>, del qual en queden pocs components.<\/p><p>En la zona muse\u00edstica podem admirar el que en resta de la figura de Nicodem, la persona que va desclavar Crist amb unes estenalles mentre li sostenia el bra\u00e7.<\/p>\t\t\t\t\t\t\t\t<\/div>\n\t\t\t\t<\/div>\n\t\t\t\t<div class=\"elementor-element elementor-element-d9a5293 elementor-widget elementor-widget-image\" data-id=\"d9a5293\" data-element_type=\"widget\" data-e-type=\"widget\" data-widget_type=\"image.default\">\n\t\t\t\t<div class=\"elementor-widget-container\">\n\t\t\t\t\t\t\t\t\t\t\t\t<figure class=\"wp-caption\">\n\t\t\t\t\t\t\t\t\t\t<img loading=\"lazy\" decoding=\"async\" width=\"768\" height=\"512\" src=\"https:\/\/www.elturistatranquil.com\/wp-content\/uploads\/F89-La-Nativitat-de-Durro-Lleida.jpg\" class=\"attachment-large size-large wp-image-48334\" alt=\"La Nativitat de Durro, Lleida\" srcset=\"https:\/\/www.elturistatranquil.com\/wp-content\/uploads\/F89-La-Nativitat-de-Durro-Lleida.jpg 768w, https:\/\/www.elturistatranquil.com\/wp-content\/uploads\/F89-La-Nativitat-de-Durro-Lleida-339x226.jpg 339w\" sizes=\"(max-width: 768px) 100vw, 768px\" \/>\t\t\t\t\t\t\t\t\t\t\t<figcaption class=\"widget-image-caption wp-caption-text\"><\/figcaption>\n\t\t\t\t\t\t\t\t\t\t<\/figure>\n\t\t\t\t\t\t\t\t\t<\/div>\n\t\t\t\t<\/div>\n\t\t\t\t<div class=\"elementor-element elementor-element-0a0c21a elementor-widget elementor-widget-text-editor\" data-id=\"0a0c21a\" data-element_type=\"widget\" data-e-type=\"widget\" data-widget_type=\"text-editor.default\">\n\t\t\t\t<div class=\"elementor-widget-container\">\n\t\t\t\t\t\t\t\t\t<p>El reflex del vidre de protecci\u00f3 no deixa apreciar gaire b\u00e9 la figura.<\/p>\t\t\t\t\t\t\t\t<\/div>\n\t\t\t\t<\/div>\n\t\t\t\t<section class=\"elementor-section elementor-inner-section elementor-element elementor-element-c0d8857 elementor-section-boxed elementor-section-height-default elementor-section-height-default\" data-id=\"c0d8857\" data-element_type=\"section\" data-e-type=\"section\">\n\t\t\t\t\t\t<div class=\"elementor-container elementor-column-gap-default\">\n\t\t\t\t\t<div class=\"elementor-column elementor-col-50 elementor-inner-column elementor-element elementor-element-a5b00dd\" data-id=\"a5b00dd\" data-element_type=\"column\" data-e-type=\"column\">\n\t\t\t<div class=\"elementor-widget-wrap elementor-element-populated\">\n\t\t\t\t\t\t<div class=\"elementor-element elementor-element-9f99d38 elementor-widget elementor-widget-image\" data-id=\"9f99d38\" data-element_type=\"widget\" data-e-type=\"widget\" data-widget_type=\"image.default\">\n\t\t\t\t<div class=\"elementor-widget-container\">\n\t\t\t\t\t\t\t\t\t\t\t\t\t\t\t<img loading=\"lazy\" decoding=\"async\" width=\"380\" height=\"570\" src=\"https:\/\/www.elturistatranquil.com\/wp-content\/uploads\/F90m-La-Nativitat-de-Durro-Lleida.jpg\" class=\"attachment-large size-large wp-image-48336\" alt=\"La Nativitat de Durro, Lleida\" srcset=\"https:\/\/www.elturistatranquil.com\/wp-content\/uploads\/F90m-La-Nativitat-de-Durro-Lleida.jpg 380w, https:\/\/www.elturistatranquil.com\/wp-content\/uploads\/F90m-La-Nativitat-de-Durro-Lleida-151x226.jpg 151w\" sizes=\"(max-width: 380px) 100vw, 380px\" \/>\t\t\t\t\t\t\t\t\t\t\t\t\t\t\t<\/div>\n\t\t\t\t<\/div>\n\t\t\t\t\t<\/div>\n\t\t<\/div>\n\t\t\t\t<div class=\"elementor-column elementor-col-50 elementor-inner-column elementor-element elementor-element-5e05e9f\" data-id=\"5e05e9f\" data-element_type=\"column\" data-e-type=\"column\">\n\t\t\t<div class=\"elementor-widget-wrap elementor-element-populated\">\n\t\t\t\t\t\t<div class=\"elementor-element elementor-element-1e07e79 elementor-widget elementor-widget-image\" data-id=\"1e07e79\" data-element_type=\"widget\" data-e-type=\"widget\" data-widget_type=\"image.default\">\n\t\t\t\t<div class=\"elementor-widget-container\">\n\t\t\t\t\t\t\t\t\t\t\t\t\t\t\t<img loading=\"lazy\" decoding=\"async\" width=\"380\" height=\"570\" src=\"https:\/\/www.elturistatranquil.com\/wp-content\/uploads\/F90n-La-Nativitat-de-Durro-Lleida.jpg\" class=\"attachment-large size-large wp-image-48338\" alt=\"La Nativitat de Durro, Lleida\" srcset=\"https:\/\/www.elturistatranquil.com\/wp-content\/uploads\/F90n-La-Nativitat-de-Durro-Lleida.jpg 380w, https:\/\/www.elturistatranquil.com\/wp-content\/uploads\/F90n-La-Nativitat-de-Durro-Lleida-151x226.jpg 151w\" sizes=\"(max-width: 380px) 100vw, 380px\" \/>\t\t\t\t\t\t\t\t\t\t\t\t\t\t\t<\/div>\n\t\t\t\t<\/div>\n\t\t\t\t\t<\/div>\n\t\t<\/div>\n\t\t\t\t\t<\/div>\n\t\t<\/section>\n\t\t\t\t<div class=\"elementor-element elementor-element-6869914 elementor-widget elementor-widget-text-editor\" data-id=\"6869914\" data-element_type=\"widget\" data-e-type=\"widget\" data-widget_type=\"text-editor.default\">\n\t\t\t\t<div class=\"elementor-widget-container\">\n\t\t\t\t\t\t\t\t\t<p>\u00a0<\/p><p>Al Museu Nacional d\u2019Art de Catalunya (MNAC), s\u2019exposa l\u2019original la <strong>Mare de D\u00e9u d\u2019aquest Davallament<\/strong>, de la segona meitat del segle XII. La talla en fusta conserva restes de policromia al tremp.<\/p>\t\t\t\t\t\t\t\t<\/div>\n\t\t\t\t<\/div>\n\t\t\t\t<div class=\"elementor-element elementor-element-17e418c elementor-widget elementor-widget-image\" data-id=\"17e418c\" data-element_type=\"widget\" data-e-type=\"widget\" data-widget_type=\"image.default\">\n\t\t\t\t<div class=\"elementor-widget-container\">\n\t\t\t\t\t\t\t\t\t\t\t\t<figure class=\"wp-caption\">\n\t\t\t\t\t\t\t\t\t\t<img loading=\"lazy\" decoding=\"async\" width=\"768\" height=\"512\" src=\"https:\/\/www.elturistatranquil.com\/wp-content\/uploads\/F91-La-Nativitat-de-Durro-Lleida.jpg\" class=\"attachment-large size-large wp-image-48343\" alt=\"La Nativitat de Durro, Lleida\" srcset=\"https:\/\/www.elturistatranquil.com\/wp-content\/uploads\/F91-La-Nativitat-de-Durro-Lleida.jpg 768w, https:\/\/www.elturistatranquil.com\/wp-content\/uploads\/F91-La-Nativitat-de-Durro-Lleida-339x226.jpg 339w\" sizes=\"(max-width: 768px) 100vw, 768px\" \/>\t\t\t\t\t\t\t\t\t\t\t<figcaption class=\"widget-image-caption wp-caption-text\">(Original en el MNAC)<\/figcaption>\n\t\t\t\t\t\t\t\t\t\t<\/figure>\n\t\t\t\t\t\t\t\t\t<\/div>\n\t\t\t\t<\/div>\n\t\t\t\t<div class=\"elementor-element elementor-element-2a9d2f9 elementor-widget elementor-widget-text-editor\" data-id=\"2a9d2f9\" data-element_type=\"widget\" data-e-type=\"widget\" data-widget_type=\"text-editor.default\">\n\t\t\t\t<div class=\"elementor-widget-container\">\n\t\t\t\t\t\t\t\t\t<p>La <strong>pica baptismal<\/strong> rom\u00e0nica del segle XII, al igual que la que hem vist a Sant Feliu de Barruera, \u00e9s un bloc compacte semiesf\u00e8ric de granit molt rudimentari, de forma sim\u00e8trica molt poc elaborada.<\/p><p>Un caputx\u00f3 de cobertura del segle XVIII protegeix l\u2019aigua del recipient.<\/p>\t\t\t\t\t\t\t\t<\/div>\n\t\t\t\t<\/div>\n\t\t\t\t<div class=\"elementor-element elementor-element-18dc661 elementor-widget elementor-widget-image\" data-id=\"18dc661\" data-element_type=\"widget\" data-e-type=\"widget\" data-widget_type=\"image.default\">\n\t\t\t\t<div class=\"elementor-widget-container\">\n\t\t\t\t\t\t\t\t\t\t\t\t<figure class=\"wp-caption\">\n\t\t\t\t\t\t\t\t\t\t<img loading=\"lazy\" decoding=\"async\" width=\"768\" height=\"512\" src=\"https:\/\/www.elturistatranquil.com\/wp-content\/uploads\/F92-La-Nativitat-de-Durro-Lleida.jpg\" class=\"attachment-large size-large wp-image-48345\" alt=\"La Nativitat de Durro, Lleida\" srcset=\"https:\/\/www.elturistatranquil.com\/wp-content\/uploads\/F92-La-Nativitat-de-Durro-Lleida.jpg 768w, https:\/\/www.elturistatranquil.com\/wp-content\/uploads\/F92-La-Nativitat-de-Durro-Lleida-339x226.jpg 339w\" sizes=\"(max-width: 768px) 100vw, 768px\" \/>\t\t\t\t\t\t\t\t\t\t\t<figcaption class=\"widget-image-caption wp-caption-text\"><\/figcaption>\n\t\t\t\t\t\t\t\t\t\t<\/figure>\n\t\t\t\t\t\t\t\t\t<\/div>\n\t\t\t\t<\/div>\n\t\t\t\t<div class=\"elementor-element elementor-element-b844d80 elementor-widget elementor-widget-text-editor\" data-id=\"b844d80\" data-element_type=\"widget\" data-e-type=\"widget\" data-widget_type=\"text-editor.default\">\n\t\t\t\t<div class=\"elementor-widget-container\">\n\t\t\t\t\t\t\t\t\t<p>Igualment escult\u00f2ricament poc elaborada \u00e9s la <strong>pica de aigua bene\u00efda<\/strong>.<\/p>\t\t\t\t\t\t\t\t<\/div>\n\t\t\t\t<\/div>\n\t\t\t\t<div class=\"elementor-element elementor-element-c85325a elementor-widget elementor-widget-image\" data-id=\"c85325a\" data-element_type=\"widget\" data-e-type=\"widget\" data-widget_type=\"image.default\">\n\t\t\t\t<div class=\"elementor-widget-container\">\n\t\t\t\t\t\t\t\t\t\t\t\t<figure class=\"wp-caption\">\n\t\t\t\t\t\t\t\t\t\t<img loading=\"lazy\" decoding=\"async\" width=\"768\" height=\"512\" src=\"https:\/\/www.elturistatranquil.com\/wp-content\/uploads\/F93-La-Nativitat-de-Durro-Lleida.jpg\" class=\"attachment-large size-large wp-image-48347\" alt=\"La Nativitat de Durro, Lleida\" srcset=\"https:\/\/www.elturistatranquil.com\/wp-content\/uploads\/F93-La-Nativitat-de-Durro-Lleida.jpg 768w, https:\/\/www.elturistatranquil.com\/wp-content\/uploads\/F93-La-Nativitat-de-Durro-Lleida-339x226.jpg 339w\" sizes=\"(max-width: 768px) 100vw, 768px\" \/>\t\t\t\t\t\t\t\t\t\t\t<figcaption class=\"widget-image-caption wp-caption-text\"><\/figcaption>\n\t\t\t\t\t\t\t\t\t\t<\/figure>\n\t\t\t\t\t\t\t\t\t<\/div>\n\t\t\t\t<\/div>\n\t\t\t\t<div class=\"elementor-element elementor-element-d1583f5 elementor-widget elementor-widget-heading\" data-id=\"d1583f5\" data-element_type=\"widget\" data-e-type=\"widget\" data-widget_type=\"heading.default\">\n\t\t\t\t<div class=\"elementor-widget-container\">\n\t\t\t\t\t<h5 class=\"elementor-heading-title elementor-size-default\">El retaule major<\/h5>\t\t\t\t<\/div>\n\t\t\t\t<\/div>\n\t\t\t\t<div class=\"elementor-element elementor-element-f2766d0 elementor-widget elementor-widget-text-editor\" data-id=\"f2766d0\" data-element_type=\"widget\" data-e-type=\"widget\" data-widget_type=\"text-editor.default\">\n\t\t\t\t<div class=\"elementor-widget-container\">\n\t\t\t\t\t\t\t\t\t<p>L\u2019altar est\u00e0 presidit pel <strong>retaule major de Santa Maria<\/strong>, obra del barroc tard\u00e0 de 1755.<\/p><p>Aix\u00ed mateix, cadascuna de les altres quatre capelles de l&#8217;esgl\u00e9sia acollia el seu retaule, que es conserven tots <em>in situ<\/em>.<\/p>\t\t\t\t\t\t\t\t<\/div>\n\t\t\t\t<\/div>\n\t\t\t\t<div class=\"elementor-element elementor-element-e0ad84d elementor-widget elementor-widget-image\" data-id=\"e0ad84d\" data-element_type=\"widget\" data-e-type=\"widget\" data-widget_type=\"image.default\">\n\t\t\t\t<div class=\"elementor-widget-container\">\n\t\t\t\t\t\t\t\t\t\t\t\t<figure class=\"wp-caption\">\n\t\t\t\t\t\t\t\t\t\t<img loading=\"lazy\" decoding=\"async\" width=\"768\" height=\"563\" src=\"https:\/\/www.elturistatranquil.com\/wp-content\/uploads\/F94-La-Nativitat-de-Durro-Lleida.jpg\" class=\"attachment-large size-large wp-image-48349\" alt=\"La Nativitat de Durro, Lleida\" srcset=\"https:\/\/www.elturistatranquil.com\/wp-content\/uploads\/F94-La-Nativitat-de-Durro-Lleida.jpg 768w, https:\/\/www.elturistatranquil.com\/wp-content\/uploads\/F94-La-Nativitat-de-Durro-Lleida-308x226.jpg 308w\" sizes=\"(max-width: 768px) 100vw, 768px\" \/>\t\t\t\t\t\t\t\t\t\t\t<figcaption class=\"widget-image-caption wp-caption-text\"><\/figcaption>\n\t\t\t\t\t\t\t\t\t\t<\/figure>\n\t\t\t\t\t\t\t\t\t<\/div>\n\t\t\t\t<\/div>\n\t\t\t\t<div class=\"elementor-element elementor-element-f028ff6 elementor-widget elementor-widget-image\" data-id=\"f028ff6\" data-element_type=\"widget\" data-e-type=\"widget\" data-widget_type=\"image.default\">\n\t\t\t\t<div class=\"elementor-widget-container\">\n\t\t\t\t\t\t\t\t\t\t\t\t<figure class=\"wp-caption\">\n\t\t\t\t\t\t\t\t\t\t<img loading=\"lazy\" decoding=\"async\" width=\"768\" height=\"512\" src=\"https:\/\/www.elturistatranquil.com\/wp-content\/uploads\/F95-La-Nativitat-de-Durro-Lleida.jpg\" class=\"attachment-large size-large wp-image-48354\" alt=\"La Nativitat de Durro, Lleida\" srcset=\"https:\/\/www.elturistatranquil.com\/wp-content\/uploads\/F95-La-Nativitat-de-Durro-Lleida.jpg 768w, https:\/\/www.elturistatranquil.com\/wp-content\/uploads\/F95-La-Nativitat-de-Durro-Lleida-339x226.jpg 339w\" sizes=\"(max-width: 768px) 100vw, 768px\" \/>\t\t\t\t\t\t\t\t\t\t\t<figcaption class=\"widget-image-caption wp-caption-text\"><\/figcaption>\n\t\t\t\t\t\t\t\t\t\t<\/figure>\n\t\t\t\t\t\t\t\t\t<\/div>\n\t\t\t\t<\/div>\n\t\t\t\t<section class=\"elementor-section elementor-inner-section elementor-element elementor-element-3259aed elementor-section-boxed elementor-section-height-default elementor-section-height-default\" data-id=\"3259aed\" data-element_type=\"section\" data-e-type=\"section\">\n\t\t\t\t\t\t<div class=\"elementor-container elementor-column-gap-default\">\n\t\t\t\t\t<div class=\"elementor-column elementor-col-50 elementor-inner-column elementor-element elementor-element-749d283\" data-id=\"749d283\" data-element_type=\"column\" data-e-type=\"column\">\n\t\t\t<div class=\"elementor-widget-wrap elementor-element-populated\">\n\t\t\t\t\t\t<div class=\"elementor-element elementor-element-4346fd0 elementor-widget elementor-widget-image\" data-id=\"4346fd0\" data-element_type=\"widget\" data-e-type=\"widget\" data-widget_type=\"image.default\">\n\t\t\t\t<div class=\"elementor-widget-container\">\n\t\t\t\t\t\t\t\t\t\t\t\t\t\t\t<img loading=\"lazy\" decoding=\"async\" width=\"380\" height=\"380\" src=\"https:\/\/www.elturistatranquil.com\/wp-content\/uploads\/F96m-La-Nativitat-de-Durro-Lleida.jpg\" class=\"attachment-large size-large wp-image-48356\" alt=\"La Nativitat de Durro, Lleida\" srcset=\"https:\/\/www.elturistatranquil.com\/wp-content\/uploads\/F96m-La-Nativitat-de-Durro-Lleida.jpg 380w, https:\/\/www.elturistatranquil.com\/wp-content\/uploads\/F96m-La-Nativitat-de-Durro-Lleida-226x226.jpg 226w\" sizes=\"(max-width: 380px) 100vw, 380px\" \/>\t\t\t\t\t\t\t\t\t\t\t\t\t\t\t<\/div>\n\t\t\t\t<\/div>\n\t\t\t\t\t<\/div>\n\t\t<\/div>\n\t\t\t\t<div class=\"elementor-column elementor-col-50 elementor-inner-column elementor-element elementor-element-ed673b2\" data-id=\"ed673b2\" data-element_type=\"column\" data-e-type=\"column\">\n\t\t\t<div class=\"elementor-widget-wrap elementor-element-populated\">\n\t\t\t\t\t\t<div class=\"elementor-element elementor-element-690ce13 elementor-widget elementor-widget-image\" data-id=\"690ce13\" data-element_type=\"widget\" data-e-type=\"widget\" data-widget_type=\"image.default\">\n\t\t\t\t<div class=\"elementor-widget-container\">\n\t\t\t\t\t\t\t\t\t\t\t\t\t\t\t<img loading=\"lazy\" decoding=\"async\" width=\"380\" height=\"380\" src=\"https:\/\/www.elturistatranquil.com\/wp-content\/uploads\/F96n-La-Nativitat-de-Durro-Lleida.jpg\" class=\"attachment-large size-large wp-image-48358\" alt=\"La Nativitat de Durro, Lleida\" srcset=\"https:\/\/www.elturistatranquil.com\/wp-content\/uploads\/F96n-La-Nativitat-de-Durro-Lleida.jpg 380w, https:\/\/www.elturistatranquil.com\/wp-content\/uploads\/F96n-La-Nativitat-de-Durro-Lleida-226x226.jpg 226w\" sizes=\"(max-width: 380px) 100vw, 380px\" \/>\t\t\t\t\t\t\t\t\t\t\t\t\t\t\t<\/div>\n\t\t\t\t<\/div>\n\t\t\t\t\t<\/div>\n\t\t<\/div>\n\t\t\t\t\t<\/div>\n\t\t<\/section>\n\t\t\t\t<div class=\"elementor-element elementor-element-0089741 elementor-widget elementor-widget-image\" data-id=\"0089741\" data-element_type=\"widget\" data-e-type=\"widget\" data-widget_type=\"image.default\">\n\t\t\t\t<div class=\"elementor-widget-container\">\n\t\t\t\t\t\t\t\t\t\t\t\t<figure class=\"wp-caption\">\n\t\t\t\t\t\t\t\t\t\t<img loading=\"lazy\" decoding=\"async\" width=\"768\" height=\"512\" src=\"https:\/\/www.elturistatranquil.com\/wp-content\/uploads\/F97-La-Nativitat-de-Durro-Lleida.jpg\" class=\"attachment-large size-large wp-image-48360\" alt=\"La Nativitat de Durro, Lleida\" srcset=\"https:\/\/www.elturistatranquil.com\/wp-content\/uploads\/F97-La-Nativitat-de-Durro-Lleida.jpg 768w, https:\/\/www.elturistatranquil.com\/wp-content\/uploads\/F97-La-Nativitat-de-Durro-Lleida-339x226.jpg 339w\" sizes=\"(max-width: 768px) 100vw, 768px\" \/>\t\t\t\t\t\t\t\t\t\t\t<figcaption class=\"widget-image-caption wp-caption-text\"><\/figcaption>\n\t\t\t\t\t\t\t\t\t\t<\/figure>\n\t\t\t\t\t\t\t\t\t<\/div>\n\t\t\t\t<\/div>\n\t\t\t\t<div class=\"elementor-element elementor-element-cf4a0e8 elementor-widget elementor-widget-text-editor\" data-id=\"cf4a0e8\" data-element_type=\"widget\" data-e-type=\"widget\" data-widget_type=\"text-editor.default\">\n\t\t\t\t<div class=\"elementor-widget-container\">\n\t\t\t\t\t\t\t\t\t<p>Se\u2019ns informa que l\u2019any 1848 va ser quan es va acabar de daurar el retaule.<\/p>\t\t\t\t\t\t\t\t<\/div>\n\t\t\t\t<\/div>\n\t\t\t\t<div class=\"elementor-element elementor-element-608296f elementor-widget elementor-widget-image\" data-id=\"608296f\" data-element_type=\"widget\" data-e-type=\"widget\" data-widget_type=\"image.default\">\n\t\t\t\t<div class=\"elementor-widget-container\">\n\t\t\t\t\t\t\t\t\t\t\t\t<figure class=\"wp-caption\">\n\t\t\t\t\t\t\t\t\t\t<img loading=\"lazy\" decoding=\"async\" width=\"768\" height=\"512\" src=\"https:\/\/www.elturistatranquil.com\/wp-content\/uploads\/F98-La-Nativitat-de-Durro-Lleida.jpg\" class=\"attachment-large size-large wp-image-48362\" alt=\"La Nativitat de Durro, Lleida\" srcset=\"https:\/\/www.elturistatranquil.com\/wp-content\/uploads\/F98-La-Nativitat-de-Durro-Lleida.jpg 768w, https:\/\/www.elturistatranquil.com\/wp-content\/uploads\/F98-La-Nativitat-de-Durro-Lleida-339x226.jpg 339w\" sizes=\"(max-width: 768px) 100vw, 768px\" \/>\t\t\t\t\t\t\t\t\t\t\t<figcaption class=\"widget-image-caption wp-caption-text\"><\/figcaption>\n\t\t\t\t\t\t\t\t\t\t<\/figure>\n\t\t\t\t\t\t\t\t\t<\/div>\n\t\t\t\t<\/div>\n\t\t\t\t<div class=\"elementor-element elementor-element-941fc0c elementor-widget elementor-widget-heading\" data-id=\"941fc0c\" data-element_type=\"widget\" data-e-type=\"widget\" data-widget_type=\"heading.default\">\n\t\t\t\t<div class=\"elementor-widget-container\">\n\t\t\t\t\t<h5 class=\"elementor-heading-title elementor-size-default\">Retaules de les capelles<\/h5>\t\t\t\t<\/div>\n\t\t\t\t<\/div>\n\t\t\t\t<div class=\"elementor-element elementor-element-f77d98c elementor-widget elementor-widget-text-editor\" data-id=\"f77d98c\" data-element_type=\"widget\" data-e-type=\"widget\" data-widget_type=\"text-editor.default\">\n\t\t\t\t<div class=\"elementor-widget-container\">\n\t\t\t\t\t\t\t\t\t<p>En el seu lloc original es conserven el que resta de tots els retaules de les capelles. Amb aquests, m\u00e9s el retaule major, disposem de l\u2019ambient contrareformista al segle XVIII, dins una arquitectura rom\u00e0nica.<\/p><p><strong>Retaule barroc<\/strong>, possiblement dedicat a Sant Joan,\u00a0 de 1700-1720.<\/p>\t\t\t\t\t\t\t\t<\/div>\n\t\t\t\t<\/div>\n\t\t\t\t<div class=\"elementor-element elementor-element-3b62a5f elementor-widget elementor-widget-image\" data-id=\"3b62a5f\" data-element_type=\"widget\" data-e-type=\"widget\" data-widget_type=\"image.default\">\n\t\t\t\t<div class=\"elementor-widget-container\">\n\t\t\t\t\t\t\t\t\t\t\t\t<figure class=\"wp-caption\">\n\t\t\t\t\t\t\t\t\t\t<img loading=\"lazy\" decoding=\"async\" width=\"768\" height=\"576\" src=\"https:\/\/www.elturistatranquil.com\/wp-content\/uploads\/F99-La-Nativitat-de-Durro-Lleida.jpg\" class=\"attachment-large size-large wp-image-48367\" alt=\"La Nativitat de Durro, Lleida\" srcset=\"https:\/\/www.elturistatranquil.com\/wp-content\/uploads\/F99-La-Nativitat-de-Durro-Lleida.jpg 768w, https:\/\/www.elturistatranquil.com\/wp-content\/uploads\/F99-La-Nativitat-de-Durro-Lleida-301x226.jpg 301w\" sizes=\"(max-width: 768px) 100vw, 768px\" \/>\t\t\t\t\t\t\t\t\t\t\t<figcaption class=\"widget-image-caption wp-caption-text\"><\/figcaption>\n\t\t\t\t\t\t\t\t\t\t<\/figure>\n\t\t\t\t\t\t\t\t\t<\/div>\n\t\t\t\t<\/div>\n\t\t\t\t<div class=\"elementor-element elementor-element-f82dadc elementor-widget elementor-widget-text-editor\" data-id=\"f82dadc\" data-element_type=\"widget\" data-e-type=\"widget\" data-widget_type=\"text-editor.default\">\n\t\t\t\t<div class=\"elementor-widget-container\">\n\t\t\t\t\t\t\t\t\t<p><strong>Retaule barroc de Sant Antoni<\/strong>, de 1732.<\/p>\t\t\t\t\t\t\t\t<\/div>\n\t\t\t\t<\/div>\n\t\t\t\t<div class=\"elementor-element elementor-element-8392585 elementor-widget elementor-widget-image\" data-id=\"8392585\" data-element_type=\"widget\" data-e-type=\"widget\" data-widget_type=\"image.default\">\n\t\t\t\t<div class=\"elementor-widget-container\">\n\t\t\t\t\t\t\t\t\t\t\t\t<figure class=\"wp-caption\">\n\t\t\t\t\t\t\t\t\t\t<img loading=\"lazy\" decoding=\"async\" width=\"768\" height=\"512\" src=\"https:\/\/www.elturistatranquil.com\/wp-content\/uploads\/F100-La-Nativitat-de-Durro-Lleida.jpg\" class=\"attachment-large size-large wp-image-48369\" alt=\"La Nativitat de Durro, Lleida\" srcset=\"https:\/\/www.elturistatranquil.com\/wp-content\/uploads\/F100-La-Nativitat-de-Durro-Lleida.jpg 768w, https:\/\/www.elturistatranquil.com\/wp-content\/uploads\/F100-La-Nativitat-de-Durro-Lleida-339x226.jpg 339w\" sizes=\"(max-width: 768px) 100vw, 768px\" \/>\t\t\t\t\t\t\t\t\t\t\t<figcaption class=\"widget-image-caption wp-caption-text\"><\/figcaption>\n\t\t\t\t\t\t\t\t\t\t<\/figure>\n\t\t\t\t\t\t\t\t\t<\/div>\n\t\t\t\t<\/div>\n\t\t\t\t<div class=\"elementor-element elementor-element-141e775 elementor-widget elementor-widget-text-editor\" data-id=\"141e775\" data-element_type=\"widget\" data-e-type=\"widget\" data-widget_type=\"text-editor.default\">\n\t\t\t\t<div class=\"elementor-widget-container\">\n\t\t\t\t\t\t\t\t\t<p><strong>Retaule de la Immaculada Concepci\u00f3<\/strong>, renaixentista de 1628.<\/p>\t\t\t\t\t\t\t\t<\/div>\n\t\t\t\t<\/div>\n\t\t\t\t<div class=\"elementor-element elementor-element-e6746e3 elementor-widget elementor-widget-image\" data-id=\"e6746e3\" data-element_type=\"widget\" data-e-type=\"widget\" data-widget_type=\"image.default\">\n\t\t\t\t<div class=\"elementor-widget-container\">\n\t\t\t\t\t\t\t\t\t\t\t\t<figure class=\"wp-caption\">\n\t\t\t\t\t\t\t\t\t\t<img loading=\"lazy\" decoding=\"async\" width=\"768\" height=\"512\" src=\"https:\/\/www.elturistatranquil.com\/wp-content\/uploads\/F101-La-Nativitat-de-Durro-Lleida.jpg\" class=\"attachment-large size-large wp-image-48374\" alt=\"La Nativitat de Durro, Lleida\" srcset=\"https:\/\/www.elturistatranquil.com\/wp-content\/uploads\/F101-La-Nativitat-de-Durro-Lleida.jpg 768w, https:\/\/www.elturistatranquil.com\/wp-content\/uploads\/F101-La-Nativitat-de-Durro-Lleida-339x226.jpg 339w\" sizes=\"(max-width: 768px) 100vw, 768px\" \/>\t\t\t\t\t\t\t\t\t\t\t<figcaption class=\"widget-image-caption wp-caption-text\"><\/figcaption>\n\t\t\t\t\t\t\t\t\t\t<\/figure>\n\t\t\t\t\t\t\t\t\t<\/div>\n\t\t\t\t<\/div>\n\t\t\t\t<div class=\"elementor-element elementor-element-f2e3fb2 elementor-widget elementor-widget-text-editor\" data-id=\"f2e3fb2\" data-element_type=\"widget\" data-e-type=\"widget\" data-widget_type=\"text-editor.default\">\n\t\t\t\t<div class=\"elementor-widget-container\">\n\t\t\t\t\t\t\t\t\t<p><strong>Retaule barroc del Sant Crist<\/strong>, de 1734.<\/p>\t\t\t\t\t\t\t\t<\/div>\n\t\t\t\t<\/div>\n\t\t\t\t<div class=\"elementor-element elementor-element-9e9f738 elementor-widget elementor-widget-image\" data-id=\"9e9f738\" data-element_type=\"widget\" data-e-type=\"widget\" data-widget_type=\"image.default\">\n\t\t\t\t<div class=\"elementor-widget-container\">\n\t\t\t\t\t\t\t\t\t\t\t\t<figure class=\"wp-caption\">\n\t\t\t\t\t\t\t\t\t\t<img loading=\"lazy\" decoding=\"async\" width=\"768\" height=\"576\" src=\"https:\/\/www.elturistatranquil.com\/wp-content\/uploads\/F102-La-Nativitat-de-Durro-Lleida.jpg\" class=\"attachment-large size-large wp-image-48376\" alt=\"La Nativitat de Durro, Lleida\" srcset=\"https:\/\/www.elturistatranquil.com\/wp-content\/uploads\/F102-La-Nativitat-de-Durro-Lleida.jpg 768w, https:\/\/www.elturistatranquil.com\/wp-content\/uploads\/F102-La-Nativitat-de-Durro-Lleida-301x226.jpg 301w\" sizes=\"(max-width: 768px) 100vw, 768px\" \/>\t\t\t\t\t\t\t\t\t\t\t<figcaption class=\"widget-image-caption wp-caption-text\"><\/figcaption>\n\t\t\t\t\t\t\t\t\t\t<\/figure>\n\t\t\t\t\t\t\t\t\t<\/div>\n\t\t\t\t<\/div>\n\t\t\t\t<div class=\"elementor-element elementor-element-462f5eb elementor-widget elementor-widget-heading\" data-id=\"462f5eb\" data-element_type=\"widget\" data-e-type=\"widget\" data-widget_type=\"heading.default\">\n\t\t\t\t<div class=\"elementor-widget-container\">\n\t\t\t\t\t<h5 class=\"elementor-heading-title elementor-size-default\">Elements muse\u00edstics<\/h5>\t\t\t\t<\/div>\n\t\t\t\t<\/div>\n\t\t\t\t<div class=\"elementor-element elementor-element-fbdd761 elementor-widget elementor-widget-text-editor\" data-id=\"fbdd761\" data-element_type=\"widget\" data-e-type=\"widget\" data-widget_type=\"text-editor.default\">\n\t\t\t\t<div class=\"elementor-widget-container\">\n\t\t\t\t\t\t\t\t\t<p>A m\u00e9s dels elements repartits pel temple en el seu lloc d\u2019\u00fas original que hem anat veient, el cor s\u2019ha habilitat com espai muse\u00edstic amb varies peces d\u2019indubtable inter\u00e8s.<\/p><p>Entre els mobles, un <strong>banc de fusta, probablement presbiteral<\/strong>, crida l&#8217;atenci\u00f3 pel seu car\u00e0cter excepcional. i la seva import\u00e0ncia, amb un respatller format per sis intrad\u00f3s decorats, tres dels quals correspondrien a la fusteria dels segles XV-XVI. i dos m\u00e9s tenen patrons tallats i interromputs, sens dubte d\u2019origen rom\u00e0nic reaprofitats.<\/p>\t\t\t\t\t\t\t\t<\/div>\n\t\t\t\t<\/div>\n\t\t\t\t<div class=\"elementor-element elementor-element-7682119 elementor-widget elementor-widget-image\" data-id=\"7682119\" data-element_type=\"widget\" data-e-type=\"widget\" data-widget_type=\"image.default\">\n\t\t\t\t<div class=\"elementor-widget-container\">\n\t\t\t\t\t\t\t\t\t\t\t\t<figure class=\"wp-caption\">\n\t\t\t\t\t\t\t\t\t\t<img loading=\"lazy\" decoding=\"async\" width=\"768\" height=\"512\" src=\"https:\/\/www.elturistatranquil.com\/wp-content\/uploads\/F103-La-Nativitat-de-Durro-Lleida.jpg\" class=\"attachment-large size-large wp-image-48378\" alt=\"La Nativitat de Durro, Lleida\" srcset=\"https:\/\/www.elturistatranquil.com\/wp-content\/uploads\/F103-La-Nativitat-de-Durro-Lleida.jpg 768w, https:\/\/www.elturistatranquil.com\/wp-content\/uploads\/F103-La-Nativitat-de-Durro-Lleida-339x226.jpg 339w\" sizes=\"(max-width: 768px) 100vw, 768px\" \/>\t\t\t\t\t\t\t\t\t\t\t<figcaption class=\"widget-image-caption wp-caption-text\"><\/figcaption>\n\t\t\t\t\t\t\t\t\t\t<\/figure>\n\t\t\t\t\t\t\t\t\t<\/div>\n\t\t\t\t<\/div>\n\t\t\t\t<div class=\"elementor-element elementor-element-21a7e52 elementor-widget elementor-widget-text-editor\" data-id=\"21a7e52\" data-element_type=\"widget\" data-e-type=\"widget\" data-widget_type=\"text-editor.default\">\n\t\t\t\t<div class=\"elementor-widget-container\">\n\t\t\t\t\t\t\t\t\t<p><strong>Setial<\/strong> del segle XVI. La cadira dins d&#8217;un esgl\u00e9sia es considerava el seient de m\u00e9s prestigi, en tant que assenyalava el seu ocupant com a personatge principal del grup. El setial era la cadira per a l&#8217;oficiant de la missa i se situava en un lloc destacat del presbiteri, normalment a l&#8217;esquerra, davant per davant del banc del senyor.<\/p>\t\t\t\t\t\t\t\t<\/div>\n\t\t\t\t<\/div>\n\t\t\t\t<div class=\"elementor-element elementor-element-4901751 elementor-widget elementor-widget-image\" data-id=\"4901751\" data-element_type=\"widget\" data-e-type=\"widget\" data-widget_type=\"image.default\">\n\t\t\t\t<div class=\"elementor-widget-container\">\n\t\t\t\t\t\t\t\t\t\t\t\t<figure class=\"wp-caption\">\n\t\t\t\t\t\t\t\t\t\t<img loading=\"lazy\" decoding=\"async\" width=\"768\" height=\"512\" src=\"https:\/\/www.elturistatranquil.com\/wp-content\/uploads\/F104-La-Nativitat-de-Durro-Lleida.jpg\" class=\"attachment-large size-large wp-image-48383\" alt=\"La Nativitat de Durro, Lleida\" srcset=\"https:\/\/www.elturistatranquil.com\/wp-content\/uploads\/F104-La-Nativitat-de-Durro-Lleida.jpg 768w, https:\/\/www.elturistatranquil.com\/wp-content\/uploads\/F104-La-Nativitat-de-Durro-Lleida-339x226.jpg 339w\" sizes=\"(max-width: 768px) 100vw, 768px\" \/>\t\t\t\t\t\t\t\t\t\t\t<figcaption class=\"widget-image-caption wp-caption-text\"><\/figcaption>\n\t\t\t\t\t\t\t\t\t\t<\/figure>\n\t\t\t\t\t\t\t\t\t<\/div>\n\t\t\t\t<\/div>\n\t\t\t\t<div class=\"elementor-element elementor-element-0bed337 elementor-widget elementor-widget-text-editor\" data-id=\"0bed337\" data-element_type=\"widget\" data-e-type=\"widget\" data-widget_type=\"text-editor.default\">\n\t\t\t\t<div class=\"elementor-widget-container\">\n\t\t\t\t\t\t\t\t\t<p>Malgrat que els reflexos del vidre de protecci\u00f3 no permeten apreciar-los amb claredat, aquestes tres planxes corresponen <strong>a tres taules renaixentistes <\/strong>que pertanyien a un retaule que va patir un incendi. \u00a0Cal considerar que les esgl\u00e9sies amb pocs recursos reutilitzaven tot el material que perdia el seu \u00fas primer, en aquest cas com esglaons de l&#8217;escala del campanar. Van ser trobats en la restauraci\u00f3 del temple l&#8217;any 1992.<\/p>\t\t\t\t\t\t\t\t<\/div>\n\t\t\t\t<\/div>\n\t\t\t\t<div class=\"elementor-element elementor-element-9021c55 elementor-widget elementor-widget-image\" data-id=\"9021c55\" data-element_type=\"widget\" data-e-type=\"widget\" data-widget_type=\"image.default\">\n\t\t\t\t<div class=\"elementor-widget-container\">\n\t\t\t\t\t\t\t\t\t\t\t\t<figure class=\"wp-caption\">\n\t\t\t\t\t\t\t\t\t\t<img loading=\"lazy\" decoding=\"async\" width=\"768\" height=\"512\" src=\"https:\/\/www.elturistatranquil.com\/wp-content\/uploads\/F105-La-Nativitat-de-Durro-Lleida.jpg\" class=\"attachment-large size-large wp-image-48385\" alt=\"La Nativitat de Durro, Lleida\" srcset=\"https:\/\/www.elturistatranquil.com\/wp-content\/uploads\/F105-La-Nativitat-de-Durro-Lleida.jpg 768w, https:\/\/www.elturistatranquil.com\/wp-content\/uploads\/F105-La-Nativitat-de-Durro-Lleida-339x226.jpg 339w\" sizes=\"(max-width: 768px) 100vw, 768px\" \/>\t\t\t\t\t\t\t\t\t\t\t<figcaption class=\"widget-image-caption wp-caption-text\"><\/figcaption>\n\t\t\t\t\t\t\t\t\t\t<\/figure>\n\t\t\t\t\t\t\t\t\t<\/div>\n\t\t\t\t<\/div>\n\t\t\t\t<div class=\"elementor-element elementor-element-5fdf4c3 elementor-widget elementor-widget-text-editor\" data-id=\"5fdf4c3\" data-element_type=\"widget\" data-e-type=\"widget\" data-widget_type=\"text-editor.default\">\n\t\t\t\t<div class=\"elementor-widget-container\">\n\t\t\t\t\t\t\t\t\t<p>Complementa aquest espai <strong>plafons informatius<\/strong> de l\u2019evoluci\u00f3 i la hist\u00f2ria del temple de La Nativitat de Durro.<\/p>\t\t\t\t\t\t\t\t<\/div>\n\t\t\t\t<\/div>\n\t\t\t\t<div class=\"elementor-element elementor-element-d8b5c95 elementor-widget elementor-widget-heading\" data-id=\"d8b5c95\" data-element_type=\"widget\" data-e-type=\"widget\" data-widget_type=\"heading.default\">\n\t\t\t\t<div class=\"elementor-widget-container\">\n\t\t\t\t\t<h2 class=\"elementor-heading-title elementor-size-default\">Ermita de Sant Quirc de Durro<\/h2>\t\t\t\t<\/div>\n\t\t\t\t<\/div>\n\t\t\t\t<div class=\"elementor-element elementor-element-bcd7314 elementor-widget elementor-widget-text-editor\" data-id=\"bcd7314\" data-element_type=\"widget\" data-e-type=\"widget\" data-widget_type=\"text-editor.default\">\n\t\t\t\t<div class=\"elementor-widget-container\">\n\t\t\t\t\t\t\t\t\t<p>Coordenades: 42\u00b029\u203243\u2033N\u00a00\u00b048\u203242\u2033E. Altitud: 1.494 msnm<\/p>\t\t\t\t\t\t\t\t<\/div>\n\t\t\t\t<\/div>\n\t\t\t\t<div class=\"elementor-element elementor-element-49acd1b elementor-widget elementor-widget-image\" data-id=\"49acd1b\" data-element_type=\"widget\" data-e-type=\"widget\" data-widget_type=\"image.default\">\n\t\t\t\t<div class=\"elementor-widget-container\">\n\t\t\t\t\t\t\t\t\t\t\t\t<figure class=\"wp-caption\">\n\t\t\t\t\t\t\t\t\t\t<img loading=\"lazy\" decoding=\"async\" width=\"768\" height=\"512\" src=\"https:\/\/www.elturistatranquil.com\/wp-content\/uploads\/F106-Durro-Lleida-Google-earth-2023-02-17.jpg\" class=\"attachment-large size-large wp-image-48390\" alt=\"Durro, Lleida (Google earth 2023-02-17)\" srcset=\"https:\/\/www.elturistatranquil.com\/wp-content\/uploads\/F106-Durro-Lleida-Google-earth-2023-02-17.jpg 768w, https:\/\/www.elturistatranquil.com\/wp-content\/uploads\/F106-Durro-Lleida-Google-earth-2023-02-17-339x226.jpg 339w\" sizes=\"(max-width: 768px) 100vw, 768px\" \/>\t\t\t\t\t\t\t\t\t\t\t<figcaption class=\"widget-image-caption wp-caption-text\">La Nativitat i Sant Quirc de Durro (Google earth 2023-07-27)<\/figcaption>\n\t\t\t\t\t\t\t\t\t\t<\/figure>\n\t\t\t\t\t\t\t\t\t<\/div>\n\t\t\t\t<\/div>\n\t\t\t\t<div class=\"elementor-element elementor-element-f7368f4 elementor-widget elementor-widget-text-editor\" data-id=\"f7368f4\" data-element_type=\"widget\" data-e-type=\"widget\" data-widget_type=\"text-editor.default\">\n\t\t\t\t<div class=\"elementor-widget-container\">\n\t\t\t\t\t\t\t\t\t<p>A poc m\u00e9s de dos quil\u00f2metres de l\u2019esgl\u00e9sia de La Nativitat, cap a ponent, es localitza l\u2019<strong>ermita de Sant Quirc de Durro<\/strong>, que tamb\u00e9 forma part del conjunt del Patrimoni Mundial de la UNESCO.<\/p><p>A m\u00e9s altitud que el poble, a uns 1.500 msnm, en posici\u00f3 dominant sobre la vall.<\/p><p>En el moment de la visita, no estava perm\u00e8s l\u2019acc\u00e9s en cotxe fins a l\u2019ermita, d\u2019altre banda tancada, i, donades les condicions meteorol\u00f2giques del dia se\u2019ns va aconsellar que no hi an\u00e9ssim a peu. Ens v\u00e0rem haver de conformar amb observar-la des de la distancia, com s\u2019aprecia a la fotografia seg\u00fcent, amb l\u2019ermita vista des de la part alta del caseriu de Durro.<\/p><p>Per no deixar incompleta la presentaci\u00f3 de tot el conjunt Patrimoni Mundial, he optat per aprofitar unes poques fotografies dels fons de Patrimoni i del Centre del Rom\u00e0nic.<\/p>\t\t\t\t\t\t\t\t<\/div>\n\t\t\t\t<\/div>\n\t\t\t\t<div class=\"elementor-element elementor-element-5c2a27d elementor-widget elementor-widget-image\" data-id=\"5c2a27d\" data-element_type=\"widget\" data-e-type=\"widget\" data-widget_type=\"image.default\">\n\t\t\t\t<div class=\"elementor-widget-container\">\n\t\t\t\t\t\t\t\t\t\t\t\t<figure class=\"wp-caption\">\n\t\t\t\t\t\t\t\t\t\t<img loading=\"lazy\" decoding=\"async\" width=\"768\" height=\"511\" src=\"https:\/\/www.elturistatranquil.com\/wp-content\/uploads\/F107-Sant-Quirc-de-Durro-Lleida.jpg\" class=\"attachment-large size-large wp-image-48392\" alt=\"Sant Quirc de Durro, Lleida\" srcset=\"https:\/\/www.elturistatranquil.com\/wp-content\/uploads\/F107-Sant-Quirc-de-Durro-Lleida.jpg 768w, https:\/\/www.elturistatranquil.com\/wp-content\/uploads\/F107-Sant-Quirc-de-Durro-Lleida-339x226.jpg 339w\" sizes=\"(max-width: 768px) 100vw, 768px\" \/>\t\t\t\t\t\t\t\t\t\t\t<figcaption class=\"widget-image-caption wp-caption-text\"><\/figcaption>\n\t\t\t\t\t\t\t\t\t\t<\/figure>\n\t\t\t\t\t\t\t\t\t<\/div>\n\t\t\t\t<\/div>\n\t\t\t\t<div class=\"elementor-element elementor-element-d296b9d elementor-widget elementor-widget-text-editor\" data-id=\"d296b9d\" data-element_type=\"widget\" data-e-type=\"widget\" data-widget_type=\"text-editor.default\">\n\t\t\t\t<div class=\"elementor-widget-container\">\n\t\t\t\t\t\t\t\t\t<p>L\u2019<strong>ermita de Sant Quirc de Durro<\/strong> \u00e9s un exemple de les nombroses ermites rurals que hi havia per tota la vall. Simb\u00f2licament sembla que es situaven en el l\u00edmit entre els conreus i l\u2019espai de pastures, als 1.400-1.500 metres, delimitant el paisatge agr\u00edcola del ramader, de manera que cada capella esdevindria un lloc remarcable com a espai simb\u00f2lic i social.<\/p><p>Edificada al segle XII en estil rom\u00e0nic, la construcci\u00f3 i l\u2019estructura \u00e9s similar a l\u2019<a href=\"https:\/\/www.elturistatranquil.com\/ca\/esglesies-romaniques-de-sant-climent-santa-maria-i-sant-quirc-de-taull-la-vall-de-boi-2\/\" target=\"_blank\" rel=\"noopener\">ermita de Sant Quirc de Ta\u00fcll<\/a>. Pel que s\u2019observa, la f\u00e0brica de carreus es de major qualitat.<\/p><p>D\u2019una sola nau orienta can\u00f2nicament a llevant, amb absis semicircular amb una obertura en forma d\u2019espitllera, coberta amb pissarra, aix\u00ed com les dues vessant de la teulada del temple.<\/p><p>Aqu\u00ed, als peus s\u2019eleva una espadanya amb dos obertures amb campanes. Les dues campanes, de 50 cm, s\u00f3n modernes, de finals del segle XX.<\/p>\t\t\t\t\t\t\t\t<\/div>\n\t\t\t\t<\/div>\n\t\t\t\t<div class=\"elementor-element elementor-element-5b24ba1 elementor-widget elementor-widget-image\" data-id=\"5b24ba1\" data-element_type=\"widget\" data-e-type=\"widget\" data-widget_type=\"image.default\">\n\t\t\t\t<div class=\"elementor-widget-container\">\n\t\t\t\t\t\t\t\t\t\t\t\t<figure class=\"wp-caption\">\n\t\t\t\t\t\t\t\t\t\t<img loading=\"lazy\" decoding=\"async\" width=\"768\" height=\"504\" src=\"https:\/\/www.elturistatranquil.com\/wp-content\/uploads\/F108-Sant-Quirc-de-Durro-Lleida-Patrimoni-boi_durro.jpg\" class=\"attachment-large size-large wp-image-48394\" alt=\"Sant Quirc de Durro, Lleida, Patrimoni-boi_durro\" srcset=\"https:\/\/www.elturistatranquil.com\/wp-content\/uploads\/F108-Sant-Quirc-de-Durro-Lleida-Patrimoni-boi_durro.jpg 768w, https:\/\/www.elturistatranquil.com\/wp-content\/uploads\/F108-Sant-Quirc-de-Durro-Lleida-Patrimoni-boi_durro-339x222.jpg 339w\" sizes=\"(max-width: 768px) 100vw, 768px\" \/>\t\t\t\t\t\t\t\t\t\t\t<figcaption class=\"widget-image-caption wp-caption-text\">(Foto: Patrimoni de la Vall de Bo\u00ed) <\/figcaption>\n\t\t\t\t\t\t\t\t\t\t<\/figure>\n\t\t\t\t\t\t\t\t\t<\/div>\n\t\t\t\t<\/div>\n\t\t\t\t<div class=\"elementor-element elementor-element-64d225e elementor-widget elementor-widget-text-editor\" data-id=\"64d225e\" data-element_type=\"widget\" data-e-type=\"widget\" data-widget_type=\"text-editor.default\">\n\t\t\t\t<div class=\"elementor-widget-container\">\n\t\t\t\t\t\t\t\t\t<p>Ni l\u2019absis, ni la porta, ni les obertures, presentan cap motiu escult\u00f2ric decoratiu.<\/p><p>La porta al costat de migdia, d\u2019arc de mig punt, \u00e9s l\u2019\u00fanic acc\u00e9s al temple.<\/p>\t\t\t\t\t\t\t\t<\/div>\n\t\t\t\t<\/div>\n\t\t\t\t<div class=\"elementor-element elementor-element-e429f03 elementor-widget elementor-widget-image\" data-id=\"e429f03\" data-element_type=\"widget\" data-e-type=\"widget\" data-widget_type=\"image.default\">\n\t\t\t\t<div class=\"elementor-widget-container\">\n\t\t\t\t\t\t\t\t\t\t\t\t<figure class=\"wp-caption\">\n\t\t\t\t\t\t\t\t\t\t<img loading=\"lazy\" decoding=\"async\" width=\"768\" height=\"511\" src=\"https:\/\/www.elturistatranquil.com\/wp-content\/uploads\/F109-Sant-Quirc-de-Durro-Lleida-Centre-del-Romanic.jpg\" class=\"attachment-large size-large wp-image-48399\" alt=\"Sant Quirc de Durro, Lleida, Centre del Romanic\" srcset=\"https:\/\/www.elturistatranquil.com\/wp-content\/uploads\/F109-Sant-Quirc-de-Durro-Lleida-Centre-del-Romanic.jpg 768w, https:\/\/www.elturistatranquil.com\/wp-content\/uploads\/F109-Sant-Quirc-de-Durro-Lleida-Centre-del-Romanic-339x226.jpg 339w\" sizes=\"(max-width: 768px) 100vw, 768px\" \/>\t\t\t\t\t\t\t\t\t\t\t<figcaption class=\"widget-image-caption wp-caption-text\">(Foto: Centre del Rom\u00e0nic de la Vall de Bo\u00ed) <\/figcaption>\n\t\t\t\t\t\t\t\t\t\t<\/figure>\n\t\t\t\t\t\t\t\t\t<\/div>\n\t\t\t\t<\/div>\n\t\t\t\t<div class=\"elementor-element elementor-element-fa16d48 elementor-widget elementor-widget-image\" data-id=\"fa16d48\" data-element_type=\"widget\" data-e-type=\"widget\" data-widget_type=\"image.default\">\n\t\t\t\t<div class=\"elementor-widget-container\">\n\t\t\t\t\t\t\t\t\t\t\t\t<figure class=\"wp-caption\">\n\t\t\t\t\t\t\t\t\t\t<img loading=\"lazy\" decoding=\"async\" width=\"768\" height=\"513\" src=\"https:\/\/www.elturistatranquil.com\/wp-content\/uploads\/F110-Sant-Quirc-de-Durro-Lleida.jpg\" class=\"attachment-large size-large wp-image-48401\" alt=\"Sant Quirc de Durro, Lleida\" srcset=\"https:\/\/www.elturistatranquil.com\/wp-content\/uploads\/F110-Sant-Quirc-de-Durro-Lleida.jpg 768w, https:\/\/www.elturistatranquil.com\/wp-content\/uploads\/F110-Sant-Quirc-de-Durro-Lleida-339x226.jpg 339w\" sizes=\"(max-width: 768px) 100vw, 768px\" \/>\t\t\t\t\t\t\t\t\t\t\t<figcaption class=\"widget-image-caption wp-caption-text\"><\/figcaption>\n\t\t\t\t\t\t\t\t\t\t<\/figure>\n\t\t\t\t\t\t\t\t\t<\/div>\n\t\t\t\t<\/div>\n\t\t\t\t<div class=\"elementor-element elementor-element-e4709db elementor-widget elementor-widget-text-editor\" data-id=\"e4709db\" data-element_type=\"widget\" data-e-type=\"widget\" data-widget_type=\"text-editor.default\">\n\t\t\t\t<div class=\"elementor-widget-container\">\n\t\t\t\t\t\t\t\t\t<p>Entorn els segles XVII-XVIII s\u2019hi van fer reformes, construint una coberta de volta de can\u00f3 i un petit cor als peus.<\/p><p>L\u2019interior s\u2019ha conservar en l\u2019estil barroc, i es presenten totes les superf\u00edcies de mur i volta arrebossades. Un retaule pla, barroc de l\u2019any 1708, amaga l\u2019absis semicircular, convertit en petita sagristia, a la que s\u2019accedeix per les portes en les que hi ha representats Sant Pere i Sant Pau.<\/p><p>L\u2019altar est\u00e0 presidit per una figura g\u00f2tica en alabastre que representa <strong>Santa Julita amb el petit Sant Quirc als bra\u00e7os<\/strong> sobre una peanya.<\/p>\t\t\t\t\t\t\t\t<\/div>\n\t\t\t\t<\/div>\n\t\t\t\t<div class=\"elementor-element elementor-element-9d1a975 elementor-widget elementor-widget-image\" data-id=\"9d1a975\" data-element_type=\"widget\" data-e-type=\"widget\" data-widget_type=\"image.default\">\n\t\t\t\t<div class=\"elementor-widget-container\">\n\t\t\t\t\t\t\t\t\t\t\t\t<figure class=\"wp-caption\">\n\t\t\t\t\t\t\t\t\t\t<img loading=\"lazy\" decoding=\"async\" width=\"768\" height=\"511\" src=\"https:\/\/www.elturistatranquil.com\/wp-content\/uploads\/F111-Sant-Quirc-de-Durro-Lleida-Centre-del-Romanic.jpg\" class=\"attachment-large size-large wp-image-48406\" alt=\"Sant Quirc de Durro, Lleida, Centre del Romanic\" srcset=\"https:\/\/www.elturistatranquil.com\/wp-content\/uploads\/F111-Sant-Quirc-de-Durro-Lleida-Centre-del-Romanic.jpg 768w, https:\/\/www.elturistatranquil.com\/wp-content\/uploads\/F111-Sant-Quirc-de-Durro-Lleida-Centre-del-Romanic-339x226.jpg 339w\" sizes=\"(max-width: 768px) 100vw, 768px\" \/>\t\t\t\t\t\t\t\t\t\t\t<figcaption class=\"widget-image-caption wp-caption-text\">(Foto: Centre del Rom\u00e0nic de la Vall de Bo\u00ed) <\/figcaption>\n\t\t\t\t\t\t\t\t\t\t<\/figure>\n\t\t\t\t\t\t\t\t\t<\/div>\n\t\t\t\t<\/div>\n\t\t\t\t<div class=\"elementor-element elementor-element-4287d51 elementor-widget elementor-widget-text-editor\" data-id=\"4287d51\" data-element_type=\"widget\" data-e-type=\"widget\" data-widget_type=\"text-editor.default\">\n\t\t\t\t<div class=\"elementor-widget-container\">\n\t\t\t\t\t\t\t\t\t<p>Al front de l\u2019altar es veu una reproducci\u00f3 del <strong>frontal rom\u00e0nic de Sant Quirc i Santa Julita<\/strong> que es conserva al MNAC. \u00c9s de mitjan segle XII. Pintat al tremp sobre fusta. La seg\u00fcent fotografia reprodueix l\u2019original del MNAC.<\/p><p>Aquest frontal \u00e9s un exemple de com s\u2019aprofitaven aquests espais per representar una iconografia sobre les vides i els martiris dels sants, que segueixen l\u2019exemple de Jesucrist, com a models que cal imitar per aconseguir la vida eterna.<\/p><p>Dins la m\u00e0ndorla central, com si fos la Verge amb el Nen, hi ha els sants m\u00e0rtirs Julita i el seu fill Quirc.<\/p>\t\t\t\t\t\t\t\t<\/div>\n\t\t\t\t<\/div>\n\t\t\t\t<div class=\"elementor-element elementor-element-b6d75ab elementor-widget elementor-widget-image\" data-id=\"b6d75ab\" data-element_type=\"widget\" data-e-type=\"widget\" data-widget_type=\"image.default\">\n\t\t\t\t<div class=\"elementor-widget-container\">\n\t\t\t\t\t\t\t\t\t\t\t\t<figure class=\"wp-caption\">\n\t\t\t\t\t\t\t\t\t\t<img loading=\"lazy\" decoding=\"async\" width=\"768\" height=\"512\" src=\"https:\/\/www.elturistatranquil.com\/wp-content\/uploads\/F112-Sant-Quirc-de-Durro-Lleida-MNAC.jpg\" class=\"attachment-large size-large wp-image-48408\" alt=\"Sant Quirc de Durro, Lleida, MNAC\" srcset=\"https:\/\/www.elturistatranquil.com\/wp-content\/uploads\/F112-Sant-Quirc-de-Durro-Lleida-MNAC.jpg 768w, https:\/\/www.elturistatranquil.com\/wp-content\/uploads\/F112-Sant-Quirc-de-Durro-Lleida-MNAC-339x226.jpg 339w\" sizes=\"(max-width: 768px) 100vw, 768px\" \/>\t\t\t\t\t\t\t\t\t\t\t<figcaption class=\"widget-image-caption wp-caption-text\">(Original en el MNAC)<\/figcaption>\n\t\t\t\t\t\t\t\t\t\t<\/figure>\n\t\t\t\t\t\t\t\t\t<\/div>\n\t\t\t\t<\/div>\n\t\t\t\t<div class=\"elementor-element elementor-element-aac83c1 elementor-widget elementor-widget-heading\" data-id=\"aac83c1\" data-element_type=\"widget\" data-e-type=\"widget\" data-widget_type=\"heading.default\">\n\t\t\t\t<div class=\"elementor-widget-container\">\n\t\t\t\t\t<h3 class=\"elementor-heading-title elementor-size-default\">Les falles de Durro<\/h3>\t\t\t\t<\/div>\n\t\t\t\t<\/div>\n\t\t\t\t<div class=\"elementor-element elementor-element-e35f25f elementor-widget elementor-widget-text-editor\" data-id=\"e35f25f\" data-element_type=\"widget\" data-e-type=\"widget\" data-widget_type=\"text-editor.default\">\n\t\t\t\t<div class=\"elementor-widget-container\">\n\t\t\t\t\t\t\t\t\t<p>Pot estar b\u00e9 acabar amb una imatge d\u2019un dels moment culminants de l\u2019any en les tradicions de la Vall de Bo\u00ed: <strong>Les festes del foc del solstici d\u2019estiu als Pirineus: Falles, Haros i Brandons<\/strong>, declarades\u00a0<em>Patrimoni Immaterial de la Humanitat per la UNESCO.<\/em><\/p><p>Al llarg dels mesos de juny i juliol, cada poble organitza en dies diferents una baixada de falles des dels alts de la vessant de muntanya en que es troba cada localitat.<\/p><p>A Durro es pren com a punt de partida l\u2019ermita de Sant Quirc.<\/p>\t\t\t\t\t\t\t\t<\/div>\n\t\t\t\t<\/div>\n\t\t\t\t<div class=\"elementor-element elementor-element-b6a51a0 elementor-widget elementor-widget-image\" data-id=\"b6a51a0\" data-element_type=\"widget\" data-e-type=\"widget\" data-widget_type=\"image.default\">\n\t\t\t\t<div class=\"elementor-widget-container\">\n\t\t\t\t\t\t\t\t\t\t\t\t<figure class=\"wp-caption\">\n\t\t\t\t\t\t\t\t\t\t<img loading=\"lazy\" decoding=\"async\" width=\"768\" height=\"512\" src=\"https:\/\/www.elturistatranquil.com\/wp-content\/uploads\/F113-Falles-de-Durro-Lleida-Centre-del-Romanic.jpg\" class=\"attachment-large size-large wp-image-48410\" alt=\"Falles de Durro, Lleida, Centre del Romanic\" srcset=\"https:\/\/www.elturistatranquil.com\/wp-content\/uploads\/F113-Falles-de-Durro-Lleida-Centre-del-Romanic.jpg 768w, https:\/\/www.elturistatranquil.com\/wp-content\/uploads\/F113-Falles-de-Durro-Lleida-Centre-del-Romanic-339x226.jpg 339w\" sizes=\"(max-width: 768px) 100vw, 768px\" \/>\t\t\t\t\t\t\t\t\t\t\t<figcaption class=\"widget-image-caption wp-caption-text\">(Foto: Centre del Rom\u00e0nic de la Vall de Bo\u00ed) <\/figcaption>\n\t\t\t\t\t\t\t\t\t\t<\/figure>\n\t\t\t\t\t\t\t\t\t<\/div>\n\t\t\t\t<\/div>\n\t\t\t\t<div class=\"elementor-element elementor-element-0bc6fff elementor-widget elementor-widget-heading\" data-id=\"0bc6fff\" data-element_type=\"widget\" data-e-type=\"widget\" data-widget_type=\"heading.default\">\n\t\t\t\t<div class=\"elementor-widget-container\">\n\t\t\t\t\t<h2 class=\"elementor-heading-title elementor-size-default\">Bases d'informaci\u00f3<\/h2>\t\t\t\t<\/div>\n\t\t\t\t<\/div>\n\t\t\t\t<div class=\"elementor-element elementor-element-4d5dffb0 elementor-widget elementor-widget-text-editor\" data-id=\"4d5dffb0\" data-element_type=\"widget\" data-e-type=\"widget\" data-widget_type=\"text-editor.default\">\n\t\t\t\t<div class=\"elementor-widget-container\">\n\t\t\t\t\t\t\t\t\t<p><strong>Webs<\/strong><\/p><p><strong>Sant Feliu de Barruera<\/strong><\/p><p><a href=\"https:\/\/www.centreromanic.com\/esglesia\/sant-feliu-de-barruera\/\" target=\"_blank\" rel=\"noopener\">centreromanic<\/a><\/p><p><a href=\"https:\/\/whc.unesco.org\/uploads\/nominations\/988.pdf\" target=\"_blank\" rel=\"noopener\">WHC-UNESCO,<\/a> pp. 71 ss, 952<\/p><p><a href=\"https:\/\/ca.wikipedia.org\/wiki\/Sant_Feliu_de_Barruera\" target=\"_blank\" rel=\"noopener\">wikipedia<\/a><\/p><p><a href=\"https:\/\/www.catalunya.com\/esglesia-de-sant-feliu-de-barruera-17-16003-132?language=ca\" target=\"_blank\" rel=\"noopener\">catalunya.com<\/a><\/p><p><a href=\"https:\/\/www.arteguias.com\/romanico_valldeboi.htm\" target=\"_blank\" rel=\"noopener\">arteguias<\/a><\/p><p><a href=\"https:\/\/www.vallboi.cat\/ca\/esglesia\/sant-feliu-de-barruera\" target=\"_blank\" rel=\"noopener\">vallboi<\/a><\/p><p><a href=\"https:\/\/www.catalunyamedieval.es\/esglesia-de-sant-feliu-de-barruera-la-vall-de-boi-alta-ribagorca\/\" target=\"_blank\" rel=\"noopener\">catalunyamedieval<\/a><\/p><p><a href=\"http:\/\/campaners.com\/php\/campanar.php?numer=3973\" target=\"_blank\" rel=\"noopener\">campaners<\/a><\/p><p><strong>Nativitat de Durro<\/strong><\/p><p><a href=\"https:\/\/www.centreromanic.com\/esglesia\/nativitat-de-durro\/\" target=\"_blank\" rel=\"noopener\">centreromanic<\/a><\/p><p><a href=\"https:\/\/whc.unesco.org\/uploads\/nominations\/988.pdf\" target=\"_blank\" rel=\"noopener\">WHC-UNESCO,<\/a> pp. 77 ss, 958<\/p><p><a href=\"https:\/\/ca.wikipedia.org\/wiki\/La_Nativitat_de_Durro\" target=\"_blank\" rel=\"noopener\">wikipedia<\/a><\/p><p><a href=\"https:\/\/www.catalunya.com\/esglesia-de-la-nativitat-de-durro-17-16003-213?language=ca\" target=\"_blank\" rel=\"noopener\">catalunya.com<\/a><\/p><p><a href=\"https:\/\/www.arteguias.com\/romanico_valldeboi.htm\" target=\"_blank\" rel=\"noopener\">arteguias<\/a><\/p><p><a href=\"https:\/\/www.vallboi.cat\/es\/iglesia-romanica\/la-nativitat-de-durro\" target=\"_blank\" rel=\"noopener\">vallboi<\/a><\/p><p><a href=\"https:\/\/www.catalunyamedieval.es\/esglesia-de-la-nativitat-de-durro-la-vall-de-boi-alta-ribagorca\/\" target=\"_blank\" rel=\"noopener\">catalunyamedieval<\/a><\/p><p><a href=\"http:\/\/campaners.com\/php\/campanar.php?numer=1498\" target=\"_blank\" rel=\"noopener\">campaners<\/a><\/p><p><strong>Sant Quirc de Durro<\/strong><\/p><p><a href=\"https:\/\/www.centreromanic.com\/esglesia\/sant-quirc-de-durro\/\" target=\"_blank\" rel=\"noopener\">centreromanic<\/a><\/p><p><a href=\"https:\/\/whc.unesco.org\/uploads\/nominations\/988.pdf\" target=\"_blank\" rel=\"noopener\">WHC-UNESCO,<\/a> pp. 87 ss, 960<\/p><p><a href=\"https:\/\/ca.wikipedia.org\/wiki\/Sant_Quirc_de_Durro\" target=\"_blank\" rel=\"noopener\">wikipedia<\/a><\/p><p><a href=\"https:\/\/www.catalunya.com\/ermita-de-sant-quirc-de-durro-17-16003-210?language=ca\" target=\"_blank\" rel=\"noopener\">catalunya.com<\/a><\/p><p><a href=\"https:\/\/www.museunacional.cat\/ca\/colleccio\/frontal-daltar-de-durro\/anonim-catalunya\/015809-000\" target=\"_blank\" rel=\"noopener\">museunacinalartcatalunya<\/a><\/p><p><a href=\"https:\/\/www.vallboi.cat\/ca\/esglesia\/sant-quirc-de-durro\" target=\"_blank\" rel=\"noopener\">vallboi<\/a><\/p><p><a href=\"https:\/\/www.catalunyamedieval.es\/ermita-de-sant-quirc-de-durro-la-vall-de-boi-alta-ribagorca\/\" target=\"_blank\" rel=\"noopener\">catalunyamedieval<\/a><\/p><p><a href=\"http:\/\/campaners.com\/php\/campanar.php?numer=10599\" target=\"_blank\" rel=\"noopener\">campaners<\/a><\/p>\t\t\t\t\t\t\t\t<\/div>\n\t\t\t\t<\/div>\n\t\t\t\t<div class=\"elementor-element elementor-element-6da0f1d elementor-widget elementor-widget-text-editor\" data-id=\"6da0f1d\" data-element_type=\"widget\" data-e-type=\"widget\" data-widget_type=\"text-editor.default\">\n\t\t\t\t<div class=\"elementor-widget-container\">\n\t\t\t\t\t\t\t\t\t<p><strong><a href=\"https:\/\/www.elturistatranquil.com\/ca\/esglesies-romaniques-de-sant-joan-de-boi-i-santa-eulalia-derill-la-vall-la-vall-de-boi-3\/\" target=\"_blank\" rel=\"noopener\">ANTERIOR<\/a>\u00a0 \u00a0 \u00a0 \u00a0 \u00a0 \u00a0 \u00a0 \u00a0 \u00a0 \u00a0 \u00a0 \u00a0 \u00a0 \u00a0 \u00a0 \u00a0 \u00a0 \u00a0 \u00a0 \u00a0 \u00a0 \u00a0 \u00a0 \u00a0 \u00a0 \u00a0 \u00a0 \u00a0 \u00a0 \u00a0 \u00a0 \u00a0 \u00a0 \u00a0 \u00a0 \u00a0 \u00a0 \u00a0 \u00a0 \u00a0 \u00a0 \u00a0 \u00a0 \u00a0 \u00a0 \u00a0 \u00a0 \u00a0 \u00a0 \u00a0 \u00a0 \u00a0 \u00a0 \u00a0 \u00a0 \u00a0 \u00a0 \u00a0 \u00a0 \u00a0 \u00a0 \u00a0 \u00a0 \u00a0 \u00a0 \u00a0 \u00a0 <a href=\"https:\/\/www.elturistatranquil.com\/ca\/esglesies-romaniques-de-santa-maria-de-cardet-i-assumpcio-de-coll-vall-de-boi-i-5\/\" target=\"_blank\" rel=\"noopener\">SEG\u00dcENT<\/a><\/strong><\/p>\t\t\t\t\t\t\t\t<\/div>\n\t\t\t\t<\/div>\n\t\t\t\t\t<\/div>\n\t\t<\/div>\n\t\t\t\t\t<\/div>\n\t\t<\/section>\n\t\t\t\t<\/div>\n\t\t","protected":false},"excerpt":{"rendered":"<p>Al quart post sobre les esgl\u00e9sies rom\u00e0niques de la Vall de Bo\u00ed (Lleida), visitem Sant Feliu de Barruera, i de la Nativitat i Sant Quirc de Durro. Esgl\u00e9sies rom\u00e0niques de &#8230; <a title=\"Esgl\u00e9sies rom\u00e0niques de Sant Feliu de Barruera ,i de la Nativitat i Sant Quirc de Durro (Vall de Bo\u00ed) (4)\" class=\"read-more\" href=\"https:\/\/www.elturistatranquil.com\/ca\/esglesies-romaniques-de-sant-feliu-de-barruera-i-de-la-nativitat-i-sant-quirc-de-durro-vall-de-boi-4\/\" aria-label=\"M\u00e9s informaci\u00f3 sobre Esgl\u00e9sies rom\u00e0niques de Sant Feliu de Barruera ,i de la Nativitat i Sant Quirc de Durro (Vall de Bo\u00ed) (4)\">[ &#8230; ]<\/a><\/p>\n","protected":false},"author":1,"featured_media":48415,"comment_status":"open","ping_status":"closed","sticky":false,"template":"","format":"standard","meta":{"footnotes":""},"categories":[72,74,78,145,83,87,128,208,104],"tags":[],"class_list":["post-48435","post","type-post","status-publish","format-standard","has-post-thumbnail","hentry","category-arquitectura-religiosa-ca","category-barroc","category-cultura-rural-ca","category-edat-mitjana","category-historia-ca","category-joies-al-territori","category-lleida-ca","category-patrimoni-mundial","category-preromanic-ca","infinite-scroll-item","generate-columns","tablet-grid-50","mobile-grid-100","grid-parent","grid-50","no-featured-image-padding"],"yoast_head":"<!-- This site is optimized with the Yoast SEO plugin v27.4 - https:\/\/yoast.com\/product\/yoast-seo-wordpress\/ -->\n<title>Esgl\u00e9sies rom\u00e0niques de Sant Feliu de Barruera ,i de la Nativitat i Sant Quirc de Durro (Vall de Bo\u00ed) (4) - El turista tranquil<\/title>\n<meta name=\"description\" content=\"Al quart post sobre les esgl\u00e9sies rom\u00e0niques de la Vall de Bo\u00ed (Lleida), visitem Sant Feliu de Barruera, i de la Nativitat i Sant Quirc de Durro.\" \/>\n<meta name=\"robots\" content=\"index, follow, max-snippet:-1, max-image-preview:large, max-video-preview:-1\" \/>\n<link rel=\"canonical\" href=\"https:\/\/www.elturistatranquil.com\/ca\/esglesies-romaniques-de-sant-feliu-de-barruera-i-de-la-nativitat-i-sant-quirc-de-durro-vall-de-boi-4\/\" \/>\n<meta property=\"og:locale\" content=\"ca_ES\" \/>\n<meta property=\"og:type\" content=\"article\" \/>\n<meta property=\"og:title\" content=\"Esgl\u00e9sies rom\u00e0niques de Sant Feliu de Barruera ,i de la Nativitat i Sant Quirc de Durro (Vall de Bo\u00ed) (4) - El turista tranquil\" \/>\n<meta property=\"og:description\" content=\"Al quart post sobre les esgl\u00e9sies rom\u00e0niques de la Vall de Bo\u00ed (Lleida), visitem Sant Feliu de Barruera, i de la Nativitat i Sant Quirc de Durro.\" \/>\n<meta property=\"og:url\" content=\"https:\/\/www.elturistatranquil.com\/ca\/esglesies-romaniques-de-sant-feliu-de-barruera-i-de-la-nativitat-i-sant-quirc-de-durro-vall-de-boi-4\/\" \/>\n<meta property=\"og:site_name\" content=\"El turista tranquil\" \/>\n<meta property=\"article:publisher\" content=\"https:\/\/www.facebook.com\/elturistatranquilo\/\" \/>\n<meta property=\"article:published_time\" content=\"2023-08-09T15:05:33+00:00\" \/>\n<meta property=\"article:modified_time\" content=\"2023-08-24T11:09:33+00:00\" \/>\n<meta property=\"og:image\" content=\"https:\/\/www.elturistatranquil.com\/wp-content\/uploads\/F00-Sant-Feliu-de-Barruera-Lleida-scaled.jpg\" \/>\n\t<meta property=\"og:image:width\" content=\"2560\" \/>\n\t<meta property=\"og:image:height\" content=\"1706\" \/>\n\t<meta property=\"og:image:type\" content=\"image\/jpeg\" \/>\n<meta name=\"author\" content=\"admin\" \/>\n<meta name=\"twitter:card\" content=\"summary_large_image\" \/>\n<meta name=\"twitter:label1\" content=\"Escrit per\" \/>\n\t<meta name=\"twitter:data1\" content=\"admin\" \/>\n\t<meta name=\"twitter:label2\" content=\"Temps estimat de lectura\" \/>\n\t<meta name=\"twitter:data2\" content=\"54 minuts\" \/>\n<script type=\"application\/ld+json\" class=\"yoast-schema-graph\">{\"@context\":\"https:\\\/\\\/schema.org\",\"@graph\":[{\"@type\":\"Article\",\"@id\":\"https:\\\/\\\/www.elturistatranquil.com\\\/ca\\\/esglesies-romaniques-de-sant-feliu-de-barruera-i-de-la-nativitat-i-sant-quirc-de-durro-vall-de-boi-4\\\/#article\",\"isPartOf\":{\"@id\":\"https:\\\/\\\/www.elturistatranquil.com\\\/ca\\\/esglesies-romaniques-de-sant-feliu-de-barruera-i-de-la-nativitat-i-sant-quirc-de-durro-vall-de-boi-4\\\/\"},\"author\":{\"name\":\"admin\",\"@id\":\"https:\\\/\\\/www.elturistatranquil.com\\\/ca\\\/#\\\/schema\\\/person\\\/16f607c3079b96ed0c530a52e6b58bb5\"},\"headline\":\"Esgl\u00e9sies rom\u00e0niques de Sant Feliu de Barruera ,i de la Nativitat i Sant Quirc de Durro (Vall de Bo\u00ed) (4)\",\"datePublished\":\"2023-08-09T15:05:33+00:00\",\"dateModified\":\"2023-08-24T11:09:33+00:00\",\"mainEntityOfPage\":{\"@id\":\"https:\\\/\\\/www.elturistatranquil.com\\\/ca\\\/esglesies-romaniques-de-sant-feliu-de-barruera-i-de-la-nativitat-i-sant-quirc-de-durro-vall-de-boi-4\\\/\"},\"wordCount\":6123,\"commentCount\":0,\"image\":{\"@id\":\"https:\\\/\\\/www.elturistatranquil.com\\\/ca\\\/esglesies-romaniques-de-sant-feliu-de-barruera-i-de-la-nativitat-i-sant-quirc-de-durro-vall-de-boi-4\\\/#primaryimage\"},\"thumbnailUrl\":\"https:\\\/\\\/www.elturistatranquil.com\\\/wp-content\\\/uploads\\\/F00-Sant-Feliu-de-Barruera-Lleida-scaled.jpg\",\"articleSection\":[\"Arquitectura religiosa\",\"Barroc\",\"Cultura rural\",\"Edat mitjana\",\"Hist\u00f2ria\",\"Joies al territori\",\"Lleida\",\"Patrimoni mundial\",\"Rom\u00e0nic\"],\"inLanguage\":\"ca\",\"potentialAction\":[{\"@type\":\"CommentAction\",\"name\":\"Comment\",\"target\":[\"https:\\\/\\\/www.elturistatranquil.com\\\/ca\\\/esglesies-romaniques-de-sant-feliu-de-barruera-i-de-la-nativitat-i-sant-quirc-de-durro-vall-de-boi-4\\\/#respond\"]}]},{\"@type\":\"WebPage\",\"@id\":\"https:\\\/\\\/www.elturistatranquil.com\\\/ca\\\/esglesies-romaniques-de-sant-feliu-de-barruera-i-de-la-nativitat-i-sant-quirc-de-durro-vall-de-boi-4\\\/\",\"url\":\"https:\\\/\\\/www.elturistatranquil.com\\\/ca\\\/esglesies-romaniques-de-sant-feliu-de-barruera-i-de-la-nativitat-i-sant-quirc-de-durro-vall-de-boi-4\\\/\",\"name\":\"Esgl\u00e9sies rom\u00e0niques de Sant Feliu de Barruera ,i de la Nativitat i Sant Quirc de Durro (Vall de Bo\u00ed) (4) - El turista tranquil\",\"isPartOf\":{\"@id\":\"https:\\\/\\\/www.elturistatranquil.com\\\/ca\\\/#website\"},\"primaryImageOfPage\":{\"@id\":\"https:\\\/\\\/www.elturistatranquil.com\\\/ca\\\/esglesies-romaniques-de-sant-feliu-de-barruera-i-de-la-nativitat-i-sant-quirc-de-durro-vall-de-boi-4\\\/#primaryimage\"},\"image\":{\"@id\":\"https:\\\/\\\/www.elturistatranquil.com\\\/ca\\\/esglesies-romaniques-de-sant-feliu-de-barruera-i-de-la-nativitat-i-sant-quirc-de-durro-vall-de-boi-4\\\/#primaryimage\"},\"thumbnailUrl\":\"https:\\\/\\\/www.elturistatranquil.com\\\/wp-content\\\/uploads\\\/F00-Sant-Feliu-de-Barruera-Lleida-scaled.jpg\",\"datePublished\":\"2023-08-09T15:05:33+00:00\",\"dateModified\":\"2023-08-24T11:09:33+00:00\",\"author\":{\"@id\":\"https:\\\/\\\/www.elturistatranquil.com\\\/ca\\\/#\\\/schema\\\/person\\\/16f607c3079b96ed0c530a52e6b58bb5\"},\"description\":\"Al quart post sobre les esgl\u00e9sies rom\u00e0niques de la Vall de Bo\u00ed (Lleida), visitem Sant Feliu de Barruera, i de la Nativitat i Sant Quirc de Durro.\",\"breadcrumb\":{\"@id\":\"https:\\\/\\\/www.elturistatranquil.com\\\/ca\\\/esglesies-romaniques-de-sant-feliu-de-barruera-i-de-la-nativitat-i-sant-quirc-de-durro-vall-de-boi-4\\\/#breadcrumb\"},\"inLanguage\":\"ca\",\"potentialAction\":[{\"@type\":\"ReadAction\",\"target\":[\"https:\\\/\\\/www.elturistatranquil.com\\\/ca\\\/esglesies-romaniques-de-sant-feliu-de-barruera-i-de-la-nativitat-i-sant-quirc-de-durro-vall-de-boi-4\\\/\"]}]},{\"@type\":\"ImageObject\",\"inLanguage\":\"ca\",\"@id\":\"https:\\\/\\\/www.elturistatranquil.com\\\/ca\\\/esglesies-romaniques-de-sant-feliu-de-barruera-i-de-la-nativitat-i-sant-quirc-de-durro-vall-de-boi-4\\\/#primaryimage\",\"url\":\"https:\\\/\\\/www.elturistatranquil.com\\\/wp-content\\\/uploads\\\/F00-Sant-Feliu-de-Barruera-Lleida-scaled.jpg\",\"contentUrl\":\"https:\\\/\\\/www.elturistatranquil.com\\\/wp-content\\\/uploads\\\/F00-Sant-Feliu-de-Barruera-Lleida-scaled.jpg\",\"width\":2560,\"height\":1706,\"caption\":\"Sant Feliu de Barruera, Lleida\"},{\"@type\":\"BreadcrumbList\",\"@id\":\"https:\\\/\\\/www.elturistatranquil.com\\\/ca\\\/esglesies-romaniques-de-sant-feliu-de-barruera-i-de-la-nativitat-i-sant-quirc-de-durro-vall-de-boi-4\\\/#breadcrumb\",\"itemListElement\":[{\"@type\":\"ListItem\",\"position\":1,\"name\":\"Portada\",\"item\":\"https:\\\/\\\/www.elturistatranquil.com\\\/ca\\\/\"},{\"@type\":\"ListItem\",\"position\":2,\"name\":\"Esgl\u00e9sies rom\u00e0niques de Sant Feliu de Barruera ,i de la Nativitat i Sant Quirc de Durro (Vall de Bo\u00ed) (4)\"}]},{\"@type\":\"WebSite\",\"@id\":\"https:\\\/\\\/www.elturistatranquil.com\\\/ca\\\/#website\",\"url\":\"https:\\\/\\\/www.elturistatranquil.com\\\/ca\\\/\",\"name\":\"El turista tranquil\",\"description\":\"Blog de viatges\",\"potentialAction\":[{\"@type\":\"SearchAction\",\"target\":{\"@type\":\"EntryPoint\",\"urlTemplate\":\"https:\\\/\\\/www.elturistatranquil.com\\\/ca\\\/?s={search_term_string}\"},\"query-input\":{\"@type\":\"PropertyValueSpecification\",\"valueRequired\":true,\"valueName\":\"search_term_string\"}}],\"inLanguage\":\"ca\"},{\"@type\":\"Person\",\"@id\":\"https:\\\/\\\/www.elturistatranquil.com\\\/ca\\\/#\\\/schema\\\/person\\\/16f607c3079b96ed0c530a52e6b58bb5\",\"name\":\"admin\",\"image\":{\"@type\":\"ImageObject\",\"inLanguage\":\"ca\",\"@id\":\"https:\\\/\\\/secure.gravatar.com\\\/avatar\\\/1fbaf22aee75fcbb29a2f97b107f95d25d3a19b7c3416105be10269872673e8d?s=96&d=mm&r=g\",\"url\":\"https:\\\/\\\/secure.gravatar.com\\\/avatar\\\/1fbaf22aee75fcbb29a2f97b107f95d25d3a19b7c3416105be10269872673e8d?s=96&d=mm&r=g\",\"contentUrl\":\"https:\\\/\\\/secure.gravatar.com\\\/avatar\\\/1fbaf22aee75fcbb29a2f97b107f95d25d3a19b7c3416105be10269872673e8d?s=96&d=mm&r=g\",\"caption\":\"admin\"}}]}<\/script>\n<!-- \/ Yoast SEO plugin. -->","yoast_head_json":{"title":"Esgl\u00e9sies rom\u00e0niques de Sant Feliu de Barruera ,i de la Nativitat i Sant Quirc de Durro (Vall de Bo\u00ed) (4) - El turista tranquil","description":"Al quart post sobre les esgl\u00e9sies rom\u00e0niques de la Vall de Bo\u00ed (Lleida), visitem Sant Feliu de Barruera, i de la Nativitat i Sant Quirc de Durro.","robots":{"index":"index","follow":"follow","max-snippet":"max-snippet:-1","max-image-preview":"max-image-preview:large","max-video-preview":"max-video-preview:-1"},"canonical":"https:\/\/www.elturistatranquil.com\/ca\/esglesies-romaniques-de-sant-feliu-de-barruera-i-de-la-nativitat-i-sant-quirc-de-durro-vall-de-boi-4\/","og_locale":"ca_ES","og_type":"article","og_title":"Esgl\u00e9sies rom\u00e0niques de Sant Feliu de Barruera ,i de la Nativitat i Sant Quirc de Durro (Vall de Bo\u00ed) (4) - El turista tranquil","og_description":"Al quart post sobre les esgl\u00e9sies rom\u00e0niques de la Vall de Bo\u00ed (Lleida), visitem Sant Feliu de Barruera, i de la Nativitat i Sant Quirc de Durro.","og_url":"https:\/\/www.elturistatranquil.com\/ca\/esglesies-romaniques-de-sant-feliu-de-barruera-i-de-la-nativitat-i-sant-quirc-de-durro-vall-de-boi-4\/","og_site_name":"El turista tranquil","article_publisher":"https:\/\/www.facebook.com\/elturistatranquilo\/","article_published_time":"2023-08-09T15:05:33+00:00","article_modified_time":"2023-08-24T11:09:33+00:00","og_image":[{"width":2560,"height":1706,"url":"https:\/\/www.elturistatranquil.com\/wp-content\/uploads\/F00-Sant-Feliu-de-Barruera-Lleida-scaled.jpg","type":"image\/jpeg"}],"author":"admin","twitter_card":"summary_large_image","twitter_misc":{"Escrit per":"admin","Temps estimat de lectura":"54 minuts"},"schema":{"@context":"https:\/\/schema.org","@graph":[{"@type":"Article","@id":"https:\/\/www.elturistatranquil.com\/ca\/esglesies-romaniques-de-sant-feliu-de-barruera-i-de-la-nativitat-i-sant-quirc-de-durro-vall-de-boi-4\/#article","isPartOf":{"@id":"https:\/\/www.elturistatranquil.com\/ca\/esglesies-romaniques-de-sant-feliu-de-barruera-i-de-la-nativitat-i-sant-quirc-de-durro-vall-de-boi-4\/"},"author":{"name":"admin","@id":"https:\/\/www.elturistatranquil.com\/ca\/#\/schema\/person\/16f607c3079b96ed0c530a52e6b58bb5"},"headline":"Esgl\u00e9sies rom\u00e0niques de Sant Feliu de Barruera ,i de la Nativitat i Sant Quirc de Durro (Vall de Bo\u00ed) (4)","datePublished":"2023-08-09T15:05:33+00:00","dateModified":"2023-08-24T11:09:33+00:00","mainEntityOfPage":{"@id":"https:\/\/www.elturistatranquil.com\/ca\/esglesies-romaniques-de-sant-feliu-de-barruera-i-de-la-nativitat-i-sant-quirc-de-durro-vall-de-boi-4\/"},"wordCount":6123,"commentCount":0,"image":{"@id":"https:\/\/www.elturistatranquil.com\/ca\/esglesies-romaniques-de-sant-feliu-de-barruera-i-de-la-nativitat-i-sant-quirc-de-durro-vall-de-boi-4\/#primaryimage"},"thumbnailUrl":"https:\/\/www.elturistatranquil.com\/wp-content\/uploads\/F00-Sant-Feliu-de-Barruera-Lleida-scaled.jpg","articleSection":["Arquitectura religiosa","Barroc","Cultura rural","Edat mitjana","Hist\u00f2ria","Joies al territori","Lleida","Patrimoni mundial","Rom\u00e0nic"],"inLanguage":"ca","potentialAction":[{"@type":"CommentAction","name":"Comment","target":["https:\/\/www.elturistatranquil.com\/ca\/esglesies-romaniques-de-sant-feliu-de-barruera-i-de-la-nativitat-i-sant-quirc-de-durro-vall-de-boi-4\/#respond"]}]},{"@type":"WebPage","@id":"https:\/\/www.elturistatranquil.com\/ca\/esglesies-romaniques-de-sant-feliu-de-barruera-i-de-la-nativitat-i-sant-quirc-de-durro-vall-de-boi-4\/","url":"https:\/\/www.elturistatranquil.com\/ca\/esglesies-romaniques-de-sant-feliu-de-barruera-i-de-la-nativitat-i-sant-quirc-de-durro-vall-de-boi-4\/","name":"Esgl\u00e9sies rom\u00e0niques de Sant Feliu de Barruera ,i de la Nativitat i Sant Quirc de Durro (Vall de Bo\u00ed) (4) - El turista tranquil","isPartOf":{"@id":"https:\/\/www.elturistatranquil.com\/ca\/#website"},"primaryImageOfPage":{"@id":"https:\/\/www.elturistatranquil.com\/ca\/esglesies-romaniques-de-sant-feliu-de-barruera-i-de-la-nativitat-i-sant-quirc-de-durro-vall-de-boi-4\/#primaryimage"},"image":{"@id":"https:\/\/www.elturistatranquil.com\/ca\/esglesies-romaniques-de-sant-feliu-de-barruera-i-de-la-nativitat-i-sant-quirc-de-durro-vall-de-boi-4\/#primaryimage"},"thumbnailUrl":"https:\/\/www.elturistatranquil.com\/wp-content\/uploads\/F00-Sant-Feliu-de-Barruera-Lleida-scaled.jpg","datePublished":"2023-08-09T15:05:33+00:00","dateModified":"2023-08-24T11:09:33+00:00","author":{"@id":"https:\/\/www.elturistatranquil.com\/ca\/#\/schema\/person\/16f607c3079b96ed0c530a52e6b58bb5"},"description":"Al quart post sobre les esgl\u00e9sies rom\u00e0niques de la Vall de Bo\u00ed (Lleida), visitem Sant Feliu de Barruera, i de la Nativitat i Sant Quirc de Durro.","breadcrumb":{"@id":"https:\/\/www.elturistatranquil.com\/ca\/esglesies-romaniques-de-sant-feliu-de-barruera-i-de-la-nativitat-i-sant-quirc-de-durro-vall-de-boi-4\/#breadcrumb"},"inLanguage":"ca","potentialAction":[{"@type":"ReadAction","target":["https:\/\/www.elturistatranquil.com\/ca\/esglesies-romaniques-de-sant-feliu-de-barruera-i-de-la-nativitat-i-sant-quirc-de-durro-vall-de-boi-4\/"]}]},{"@type":"ImageObject","inLanguage":"ca","@id":"https:\/\/www.elturistatranquil.com\/ca\/esglesies-romaniques-de-sant-feliu-de-barruera-i-de-la-nativitat-i-sant-quirc-de-durro-vall-de-boi-4\/#primaryimage","url":"https:\/\/www.elturistatranquil.com\/wp-content\/uploads\/F00-Sant-Feliu-de-Barruera-Lleida-scaled.jpg","contentUrl":"https:\/\/www.elturistatranquil.com\/wp-content\/uploads\/F00-Sant-Feliu-de-Barruera-Lleida-scaled.jpg","width":2560,"height":1706,"caption":"Sant Feliu de Barruera, Lleida"},{"@type":"BreadcrumbList","@id":"https:\/\/www.elturistatranquil.com\/ca\/esglesies-romaniques-de-sant-feliu-de-barruera-i-de-la-nativitat-i-sant-quirc-de-durro-vall-de-boi-4\/#breadcrumb","itemListElement":[{"@type":"ListItem","position":1,"name":"Portada","item":"https:\/\/www.elturistatranquil.com\/ca\/"},{"@type":"ListItem","position":2,"name":"Esgl\u00e9sies rom\u00e0niques de Sant Feliu de Barruera ,i de la Nativitat i Sant Quirc de Durro (Vall de Bo\u00ed) (4)"}]},{"@type":"WebSite","@id":"https:\/\/www.elturistatranquil.com\/ca\/#website","url":"https:\/\/www.elturistatranquil.com\/ca\/","name":"El turista tranquil","description":"Blog de viatges","potentialAction":[{"@type":"SearchAction","target":{"@type":"EntryPoint","urlTemplate":"https:\/\/www.elturistatranquil.com\/ca\/?s={search_term_string}"},"query-input":{"@type":"PropertyValueSpecification","valueRequired":true,"valueName":"search_term_string"}}],"inLanguage":"ca"},{"@type":"Person","@id":"https:\/\/www.elturistatranquil.com\/ca\/#\/schema\/person\/16f607c3079b96ed0c530a52e6b58bb5","name":"admin","image":{"@type":"ImageObject","inLanguage":"ca","@id":"https:\/\/secure.gravatar.com\/avatar\/1fbaf22aee75fcbb29a2f97b107f95d25d3a19b7c3416105be10269872673e8d?s=96&d=mm&r=g","url":"https:\/\/secure.gravatar.com\/avatar\/1fbaf22aee75fcbb29a2f97b107f95d25d3a19b7c3416105be10269872673e8d?s=96&d=mm&r=g","contentUrl":"https:\/\/secure.gravatar.com\/avatar\/1fbaf22aee75fcbb29a2f97b107f95d25d3a19b7c3416105be10269872673e8d?s=96&d=mm&r=g","caption":"admin"}}]}},"_links":{"self":[{"href":"https:\/\/www.elturistatranquil.com\/ca\/wp-json\/wp\/v2\/posts\/48435","targetHints":{"allow":["GET"]}}],"collection":[{"href":"https:\/\/www.elturistatranquil.com\/ca\/wp-json\/wp\/v2\/posts"}],"about":[{"href":"https:\/\/www.elturistatranquil.com\/ca\/wp-json\/wp\/v2\/types\/post"}],"author":[{"embeddable":true,"href":"https:\/\/www.elturistatranquil.com\/ca\/wp-json\/wp\/v2\/users\/1"}],"replies":[{"embeddable":true,"href":"https:\/\/www.elturistatranquil.com\/ca\/wp-json\/wp\/v2\/comments?post=48435"}],"version-history":[{"count":5,"href":"https:\/\/www.elturistatranquil.com\/ca\/wp-json\/wp\/v2\/posts\/48435\/revisions"}],"predecessor-version":[{"id":48754,"href":"https:\/\/www.elturistatranquil.com\/ca\/wp-json\/wp\/v2\/posts\/48435\/revisions\/48754"}],"wp:featuredmedia":[{"embeddable":true,"href":"https:\/\/www.elturistatranquil.com\/ca\/wp-json\/wp\/v2\/media\/48415"}],"wp:attachment":[{"href":"https:\/\/www.elturistatranquil.com\/ca\/wp-json\/wp\/v2\/media?parent=48435"}],"wp:term":[{"taxonomy":"category","embeddable":true,"href":"https:\/\/www.elturistatranquil.com\/ca\/wp-json\/wp\/v2\/categories?post=48435"},{"taxonomy":"post_tag","embeddable":true,"href":"https:\/\/www.elturistatranquil.com\/ca\/wp-json\/wp\/v2\/tags?post=48435"}],"curies":[{"name":"wp","href":"https:\/\/api.w.org\/{rel}","templated":true}]}}