{"id":48658,"date":"2023-08-19T11:06:28","date_gmt":"2023-08-19T09:06:28","guid":{"rendered":"https:\/\/www.elturistatranquil.com\/?p=48658"},"modified":"2023-08-24T11:29:38","modified_gmt":"2023-08-24T09:29:38","slug":"esglesies-romaniques-de-santa-maria-de-cardet-i-assumpcio-de-coll-vall-de-boi-i-5","status":"publish","type":"post","link":"https:\/\/www.elturistatranquil.com\/ca\/esglesies-romaniques-de-santa-maria-de-cardet-i-assumpcio-de-coll-vall-de-boi-i-5\/","title":{"rendered":"Esgl\u00e9sies rom\u00e0niques de Santa Maria de Cardet\u200b i Assumpci\u00f3\u00a0de C\u00f3ll\u200b (Vall de Bo\u00ed) (i 5)"},"content":{"rendered":"\t\t<div data-elementor-type=\"wp-post\" data-elementor-id=\"48658\" class=\"elementor elementor-48658 elementor-48504\" data-elementor-post-type=\"post\">\n\t\t\t\t\t\t<section class=\"elementor-section elementor-top-section elementor-element elementor-element-5b541e77 elementor-section-boxed elementor-section-height-default elementor-section-height-default\" data-id=\"5b541e77\" data-element_type=\"section\" data-e-type=\"section\">\n\t\t\t\t\t\t<div class=\"elementor-container elementor-column-gap-default\">\n\t\t\t\t\t<div class=\"elementor-column elementor-col-100 elementor-top-column elementor-element elementor-element-6a0c16b7\" data-id=\"6a0c16b7\" data-element_type=\"column\" data-e-type=\"column\">\n\t\t\t<div class=\"elementor-widget-wrap elementor-element-populated\">\n\t\t\t\t\t\t<section class=\"elementor-section elementor-inner-section elementor-element elementor-element-cfc988b elementor-section-content-middle elementor-section-boxed elementor-section-height-default elementor-section-height-default\" data-id=\"cfc988b\" data-element_type=\"section\" data-e-type=\"section\">\n\t\t\t\t\t\t<div class=\"elementor-container elementor-column-gap-default\">\n\t\t\t\t\t<div class=\"elementor-column elementor-col-100 elementor-inner-column elementor-element elementor-element-3950d113\" data-id=\"3950d113\" data-element_type=\"column\" data-e-type=\"column\">\n\t\t\t<div class=\"elementor-widget-wrap elementor-element-populated\">\n\t\t\t\t\t\t<div class=\"elementor-element elementor-element-230e5493 elementor-widget elementor-widget-text-editor\" data-id=\"230e5493\" data-element_type=\"widget\" data-e-type=\"widget\" data-widget_type=\"text-editor.default\">\n\t\t\t\t<div class=\"elementor-widget-container\">\n\t\t\t\t\t\t\t\t\t<p>\u00daltim lliurament (5) de la s\u00e8rie de <em>posts<\/em> sobre les esgl\u00e9sies rom\u00e0niques de la Vall de Bo\u00ed patrimoni Mundial de la UNESCO, dedicat a les <em>esgl\u00e9sies de Santa Maria de Cardet<\/em> i <em>Assumpci\u00f3 de C\u00f3ll<\/em>.<\/p>\t\t\t\t\t\t\t\t<\/div>\n\t\t\t\t<\/div>\n\t\t\t\t\t<\/div>\n\t\t<\/div>\n\t\t\t\t\t<\/div>\n\t\t<\/section>\n\t\t\t\t<div class=\"elementor-element elementor-element-13287fd9 elementor-widget elementor-widget-heading\" data-id=\"13287fd9\" data-element_type=\"widget\" data-e-type=\"widget\" data-widget_type=\"heading.default\">\n\t\t\t\t<div class=\"elementor-widget-container\">\n\t\t\t\t\t<h1 class=\"elementor-heading-title elementor-size-default\">Esgl\u00e9sies rom\u00e0niques de Santa Maria de Cardet i Assumpci\u00f3 de C\u00f3ll (Vall de Bo\u00ed) (i 5)<\/h1>\t\t\t\t<\/div>\n\t\t\t\t<\/div>\n\t\t\t\t\t<\/div>\n\t\t<\/div>\n\t\t\t\t\t<\/div>\n\t\t<\/section>\n\t\t\t\t<section class=\"elementor-section elementor-top-section elementor-element elementor-element-103ab6d1 elementor-section-boxed elementor-section-height-default elementor-section-height-default\" data-id=\"103ab6d1\" data-element_type=\"section\" data-e-type=\"section\">\n\t\t\t\t\t\t<div class=\"elementor-container elementor-column-gap-default\">\n\t\t\t\t\t<div class=\"elementor-column elementor-col-100 elementor-top-column elementor-element elementor-element-5637bab3\" data-id=\"5637bab3\" data-element_type=\"column\" data-e-type=\"column\">\n\t\t\t<div class=\"elementor-widget-wrap elementor-element-populated\">\n\t\t\t\t\t\t<div class=\"elementor-element elementor-element-54cad5ff elementor-widget elementor-widget-image\" data-id=\"54cad5ff\" data-element_type=\"widget\" data-e-type=\"widget\" data-widget_type=\"image.default\">\n\t\t\t\t<div class=\"elementor-widget-container\">\n\t\t\t\t\t\t\t\t\t\t\t\t<figure class=\"wp-caption\">\n\t\t\t\t\t\t\t\t\t\t<img fetchpriority=\"high\" decoding=\"async\" width=\"768\" height=\"459\" src=\"https:\/\/www.elturistatranquil.com\/wp-content\/uploads\/F01-Iglesias-romanicas-del-Valle-de-Boi-Google-Earth-2023-05-22.jpg\" class=\"attachment-large size-large wp-image-48511\" alt=\"Iglesias rom\u00e1nicas del Valle de Boi Google-Earth-2023-05-22)\" srcset=\"https:\/\/www.elturistatranquil.com\/wp-content\/uploads\/F01-Iglesias-romanicas-del-Valle-de-Boi-Google-Earth-2023-05-22.jpg 768w, https:\/\/www.elturistatranquil.com\/wp-content\/uploads\/F01-Iglesias-romanicas-del-Valle-de-Boi-Google-Earth-2023-05-22-339x203.jpg 339w\" sizes=\"(max-width: 768px) 100vw, 768px\" \/>\t\t\t\t\t\t\t\t\t\t\t<figcaption class=\"widget-image-caption wp-caption-text\">Esgl\u00e9sies rom\u00e0niques de la Vall de Boi (Google earth 2023-06-08) <\/figcaption>\n\t\t\t\t\t\t\t\t\t\t<\/figure>\n\t\t\t\t\t\t\t\t\t<\/div>\n\t\t\t\t<\/div>\n\t\t\t\t<div class=\"elementor-element elementor-element-8d4f984 elementor-widget elementor-widget-spacer\" data-id=\"8d4f984\" data-element_type=\"widget\" data-e-type=\"widget\" data-widget_type=\"spacer.default\">\n\t\t\t\t<div class=\"elementor-widget-container\">\n\t\t\t\t\t\t\t<div class=\"elementor-spacer\">\n\t\t\t<div class=\"elementor-spacer-inner\"><\/div>\n\t\t<\/div>\n\t\t\t\t\t\t<\/div>\n\t\t\t\t<\/div>\n\t\t\t\t<section class=\"elementor-section elementor-inner-section elementor-element elementor-element-3d7727d5 elementor-section-boxed elementor-section-height-default elementor-section-height-default\" data-id=\"3d7727d5\" data-element_type=\"section\" data-e-type=\"section\" data-settings=\"{&quot;background_background&quot;:&quot;classic&quot;}\">\n\t\t\t\t\t\t\t<div class=\"elementor-background-overlay\"><\/div>\n\t\t\t\t\t\t\t<div class=\"elementor-container elementor-column-gap-default\">\n\t\t\t\t\t<div class=\"elementor-column elementor-col-100 elementor-inner-column elementor-element elementor-element-1fa5917\" data-id=\"1fa5917\" data-element_type=\"column\" data-e-type=\"column\" data-settings=\"{&quot;background_background&quot;:&quot;classic&quot;}\">\n\t\t\t<div class=\"elementor-widget-wrap elementor-element-populated\">\n\t\t\t\t\t\t<div class=\"elementor-element elementor-element-120330fe elementor-widget elementor-widget-text-editor\" data-id=\"120330fe\" data-element_type=\"widget\" data-e-type=\"widget\" data-widget_type=\"text-editor.default\">\n\t\t\t\t<div class=\"elementor-widget-container\">\n\t\t\t\t\t\t\t\t\t<p>Municipi: La Vall de Bo\u00ed.\u00a0 Comarca: Alta Ribagor\u00e7a. Prov\u00edncia: Lleida. Com. Aut\u00f2noma: Catalunya<\/p><p>Web:\u00a0<a href=\"https:\/\/www.centreromanic.com\/qui-som\/\" target=\"_blank\" rel=\"noopener\">centreromanic<\/a><\/p><p><em>Patrimoni Mundial de la UNESCO\u00a0<\/em>(2000)<\/p><p>Visita: 2022-2023<\/p>\t\t\t\t\t\t\t\t<\/div>\n\t\t\t\t<\/div>\n\t\t\t\t\t<\/div>\n\t\t<\/div>\n\t\t\t\t\t<\/div>\n\t\t<\/section>\n\t\t\t\t<div class=\"elementor-element elementor-element-72d139fa elementor-widget elementor-widget-image\" data-id=\"72d139fa\" data-element_type=\"widget\" data-e-type=\"widget\" data-widget_type=\"image.default\">\n\t\t\t\t<div class=\"elementor-widget-container\">\n\t\t\t\t\t\t\t\t\t\t\t\t<figure class=\"wp-caption\">\n\t\t\t\t\t\t\t\t\t\t<img decoding=\"async\" width=\"768\" height=\"511\" src=\"https:\/\/www.elturistatranquil.com\/wp-content\/uploads\/F02c-Mapa-de-situacio-de-les-esglesies-romaniques-de-la-Vall-de-Boi-Google-maps-2023-05-22.jpg\" class=\"attachment-medium_large size-medium_large wp-image-47094\" alt=\"Mapa de situacio de les esglesies romaniques de la Vall de Boi (Google maps 2023-05-22)\" srcset=\"https:\/\/www.elturistatranquil.com\/wp-content\/uploads\/F02c-Mapa-de-situacio-de-les-esglesies-romaniques-de-la-Vall-de-Boi-Google-maps-2023-05-22.jpg 768w, https:\/\/www.elturistatranquil.com\/wp-content\/uploads\/F02c-Mapa-de-situacio-de-les-esglesies-romaniques-de-la-Vall-de-Boi-Google-maps-2023-05-22-339x226.jpg 339w\" sizes=\"(max-width: 768px) 100vw, 768px\" \/>\t\t\t\t\t\t\t\t\t\t\t<figcaption class=\"widget-image-caption wp-caption-text\">Mapa de situaci\u00f3 de les esgl\u00e9sies rom\u00e0niques de la Val de Bo\u00ed (Google maps 2023-05-22)<\/figcaption>\n\t\t\t\t\t\t\t\t\t\t<\/figure>\n\t\t\t\t\t\t\t\t\t<\/div>\n\t\t\t\t<\/div>\n\t\t\t\t<div class=\"elementor-element elementor-element-4634424a elementor-widget elementor-widget-spacer\" data-id=\"4634424a\" data-element_type=\"widget\" data-e-type=\"widget\" data-widget_type=\"spacer.default\">\n\t\t\t\t<div class=\"elementor-widget-container\">\n\t\t\t\t\t\t\t<div class=\"elementor-spacer\">\n\t\t\t<div class=\"elementor-spacer-inner\"><\/div>\n\t\t<\/div>\n\t\t\t\t\t\t<\/div>\n\t\t\t\t<\/div>\n\t\t\t\t<div class=\"elementor-element elementor-element-655317eb elementor-toc--minimized-on-tablet elementor-widget elementor-widget-table-of-contents\" data-id=\"655317eb\" data-element_type=\"widget\" data-e-type=\"widget\" data-settings=\"{&quot;headings_by_tags&quot;:[&quot;h2&quot;,&quot;h3&quot;,&quot;h4&quot;],&quot;marker_view&quot;:&quot;bullets&quot;,&quot;icon&quot;:{&quot;value&quot;:&quot;&quot;,&quot;library&quot;:&quot;&quot;},&quot;no_headings_message&quot;:&quot;No s&#039;ha trobat cap encap\\u00e7alament en aquesta p\\u00e0gina.&quot;,&quot;minimize_box&quot;:&quot;yes&quot;,&quot;minimized_on&quot;:&quot;tablet&quot;,&quot;hierarchical_view&quot;:&quot;yes&quot;,&quot;min_height&quot;:{&quot;unit&quot;:&quot;px&quot;,&quot;size&quot;:&quot;&quot;,&quot;sizes&quot;:[]},&quot;min_height_tablet&quot;:{&quot;unit&quot;:&quot;px&quot;,&quot;size&quot;:&quot;&quot;,&quot;sizes&quot;:[]},&quot;min_height_mobile&quot;:{&quot;unit&quot;:&quot;px&quot;,&quot;size&quot;:&quot;&quot;,&quot;sizes&quot;:[]}}\" data-widget_type=\"table-of-contents.default\">\n\t\t\t\t<div class=\"elementor-widget-container\">\n\t\t\t\t\t\t\t\t\t<div class=\"elementor-toc__header\">\n\t\t\t\t\t\t<h4 class=\"elementor-toc__header-title\">\n\t\t\t\t\u00cdndex\t\t\t<\/h4>\n\t\t\t\t\t\t\t\t\t\t<div class=\"elementor-toc__toggle-button elementor-toc__toggle-button--expand\" role=\"button\" tabindex=\"0\" aria-controls=\"elementor-toc__655317eb\" aria-expanded=\"true\" aria-label=\"Open table of contents\"><i aria-hidden=\"true\" class=\"fas fa-chevron-down\"><\/i><\/div>\n\t\t\t\t<div class=\"elementor-toc__toggle-button elementor-toc__toggle-button--collapse\" role=\"button\" tabindex=\"0\" aria-controls=\"elementor-toc__655317eb\" aria-expanded=\"true\" aria-label=\"Close table of contents\"><i aria-hidden=\"true\" class=\"fas fa-chevron-up\"><\/i><\/div>\n\t\t\t\t\t<\/div>\n\t\t\t\t<div id=\"elementor-toc__655317eb\" class=\"elementor-toc__body\">\n\t\t\t<div class=\"elementor-toc__spinner-container\">\n\t\t\t\t<i class=\"elementor-toc__spinner eicon-animation-spin eicon-loading\" aria-hidden=\"true\"><\/i>\t\t\t<\/div>\n\t\t<\/div>\n\t\t\t\t\t\t<\/div>\n\t\t\t\t<\/div>\n\t\t\t\t<div class=\"elementor-element elementor-element-456b7fb1 elementor-widget elementor-widget-menu-anchor\" data-id=\"456b7fb1\" data-element_type=\"widget\" data-e-type=\"widget\" data-widget_type=\"menu-anchor.default\">\n\t\t\t\t<div class=\"elementor-widget-container\">\n\t\t\t\t\t\t\t<div class=\"elementor-menu-anchor\" id=\"a0101-EnlaceaunpuntodentrodelPost\"><\/div>\n\t\t\t\t\t\t<\/div>\n\t\t\t\t<\/div>\n\t\t\t\t<div class=\"elementor-element elementor-element-7a5a38a0 elementor-widget elementor-widget-spacer\" data-id=\"7a5a38a0\" data-element_type=\"widget\" data-e-type=\"widget\" data-widget_type=\"spacer.default\">\n\t\t\t\t<div class=\"elementor-widget-container\">\n\t\t\t\t\t\t\t<div class=\"elementor-spacer\">\n\t\t\t<div class=\"elementor-spacer-inner\"><\/div>\n\t\t<\/div>\n\t\t\t\t\t\t<\/div>\n\t\t\t\t<\/div>\n\t\t\t\t<div class=\"elementor-element elementor-element-368511da elementor-widget elementor-widget-heading\" data-id=\"368511da\" data-element_type=\"widget\" data-e-type=\"widget\" data-widget_type=\"heading.default\">\n\t\t\t\t<div class=\"elementor-widget-container\">\n\t\t\t\t\t<h2 class=\"elementor-heading-title elementor-size-default\">Esgl\u00e9sies de Santa Maria de Cardet i Assumpci\u00f3 de C\u00f3ll. Vall de Bo\u00ed. Lleida<\/h2>\t\t\t\t<\/div>\n\t\t\t\t<\/div>\n\t\t\t\t<div class=\"elementor-element elementor-element-6a2dacc7 elementor-widget elementor-widget-text-editor\" data-id=\"6a2dacc7\" data-element_type=\"widget\" data-e-type=\"widget\" data-widget_type=\"text-editor.default\">\n\t\t\t\t<div class=\"elementor-widget-container\">\n\t\t\t\t\t\t\t\t\t<p>Amb l\u2019<strong>esgl\u00e9sia de Santa Maria de Cardet<\/strong> i l\u2019<strong>esgl\u00e9sia de \u2019Assumpci\u00f3 de C\u00f3ll<\/strong> acabem la presentaci\u00f3 de totes les esgl\u00e9sies rom\u00e0niques de la Vall de Bo\u00ed, Patrimoni Mundial de la UNESCO.<\/p><p>Les dues localitats s\u00f3n les primeres que trobarem a l\u2019entrar a la Vall de Bo\u00ed per la L-500. A l\u2019Edat Mitjana serien les que quedaven m\u00e9s allunyades del nucli central dels dominis del Erill a la vall. S\u00f3n els nuclis m\u00e9s petits de tot el conjunt de poblaments.<\/p><p>Cal explicar que aquestes dues esgl\u00e9sies nom\u00e9s es poden visitar uns dies determinats dels mesos de juliol i agost. Al no coincidir la meva visita amb aquest dates em vaig haver de conformar amb observar-les\u00a0 per l\u2019exterior. Per aquest motiu, far\u00e9 servir el recurs d\u2019aprofitar algunes fotografies del <a href=\"https:\/\/www.centreromanic.com\/\" target=\"_blank\" rel=\"noopener\">Centre del Rom\u00e0nic<\/a> per oferir imatges de l\u2019interior d\u2019ambd\u00f3s temples i, aix\u00ed, completar de la millor manera possible la presentaci\u00f3 de totes les esgl\u00e9sies que ha anat desenvolupant amb aquesta s\u00e8rie de p<em>osts<\/em>.<\/p>\t\t\t\t\t\t\t\t<\/div>\n\t\t\t\t<\/div>\n\t\t\t\t<div class=\"elementor-element elementor-element-7825b6f elementor-widget elementor-widget-heading\" data-id=\"7825b6f\" data-element_type=\"widget\" data-e-type=\"widget\" data-widget_type=\"heading.default\">\n\t\t\t\t<div class=\"elementor-widget-container\">\n\t\t\t\t\t<h2 class=\"elementor-heading-title elementor-size-default\">Esgl\u00e9sia de Santa Maria de Cardet<\/h2>\t\t\t\t<\/div>\n\t\t\t\t<\/div>\n\t\t\t\t<div class=\"elementor-element elementor-element-52eddbd elementor-widget elementor-widget-text-editor\" data-id=\"52eddbd\" data-element_type=\"widget\" data-e-type=\"widget\" data-widget_type=\"text-editor.default\">\n\t\t\t\t<div class=\"elementor-widget-container\">\n\t\t\t\t\t\t\t\t\t<p>Coordenades: 42\u00b029\u203252\u2033N\u00a00\u00b047\u203210\u2033E. Altitud: 1.195 msnm. Poblaci\u00f3 habitants: 18 (1719), 53 (1900), 9 (2000), 6 (2022)<\/p>\t\t\t\t\t\t\t\t<\/div>\n\t\t\t\t<\/div>\n\t\t\t\t<div class=\"elementor-element elementor-element-37cc751f elementor-widget elementor-widget-image\" data-id=\"37cc751f\" data-element_type=\"widget\" data-e-type=\"widget\" data-widget_type=\"image.default\">\n\t\t\t\t<div class=\"elementor-widget-container\">\n\t\t\t\t\t\t\t\t\t\t\t\t<figure class=\"wp-caption\">\n\t\t\t\t\t\t\t\t\t\t<img decoding=\"async\" width=\"768\" height=\"512\" src=\"https:\/\/www.elturistatranquil.com\/wp-content\/uploads\/F03-Cardet-Lleida-Google-earth-2023-02-17.jpg\" class=\"attachment-large size-large wp-image-48513\" alt=\"Cardet, Lleida (Google earth 2023-02-17)\" srcset=\"https:\/\/www.elturistatranquil.com\/wp-content\/uploads\/F03-Cardet-Lleida-Google-earth-2023-02-17.jpg 768w, https:\/\/www.elturistatranquil.com\/wp-content\/uploads\/F03-Cardet-Lleida-Google-earth-2023-02-17-339x226.jpg 339w\" sizes=\"(max-width: 768px) 100vw, 768px\" \/>\t\t\t\t\t\t\t\t\t\t\t<figcaption class=\"widget-image-caption wp-caption-text\">Cardet (Google earth 2023-02-17)<\/figcaption>\n\t\t\t\t\t\t\t\t\t\t<\/figure>\n\t\t\t\t\t\t\t\t\t<\/div>\n\t\t\t\t<\/div>\n\t\t\t\t<div class=\"elementor-element elementor-element-6becb471 elementor-widget elementor-widget-text-editor\" data-id=\"6becb471\" data-element_type=\"widget\" data-e-type=\"widget\" data-widget_type=\"text-editor.default\">\n\t\t\t\t<div class=\"elementor-widget-container\">\n\t\t\t\t\t\t\t\t\t<p>Com s\u2019aprecia a la imatge anterior, <a href=\"https:\/\/www.elturistatranquil.com\/ca\/arquitectura-tradicional-a-la-vall-de-boi-lleida\/#Cardet1\" target=\"_blank\" rel=\"noopener\"><strong>Cardet<\/strong><\/a> \u00e9s un nucli molt petit, el qual probablement hauria arribat com a m\u00e0xim al mig centenar de residents. Actualment hi ha censades 6 persones.<\/p><p>\u00c9s un dels casos m\u00e9s clars en que el temple s\u2019acosta m\u00e9s al l\u2019esperit i la forma d\u2019una casa, com he assenyalat en altres moments. Tret de l\u2019espadanya, i en certa mesura el porxo, sembla una casa m\u00e9s del ve\u00efnat, i no precisament de les m\u00e9s grans, inserida en el nucli a l\u2019extrem sud-oriental<\/p><p>Des del lloc es visualitza perfectament Barruera al fons de la vall al costat del riu, i Durro enfilat a mitja vessant de la muntanya de llevant, com es veu perfectament a la fotografia seg\u00fcent.<\/p>\t\t\t\t\t\t\t\t<\/div>\n\t\t\t\t<\/div>\n\t\t\t\t<div class=\"elementor-element elementor-element-020b078 elementor-widget elementor-widget-image\" data-id=\"020b078\" data-element_type=\"widget\" data-e-type=\"widget\" data-widget_type=\"image.default\">\n\t\t\t\t<div class=\"elementor-widget-container\">\n\t\t\t\t\t\t\t\t\t\t\t\t<figure class=\"wp-caption\">\n\t\t\t\t\t\t\t\t\t\t<img loading=\"lazy\" decoding=\"async\" width=\"768\" height=\"512\" src=\"https:\/\/www.elturistatranquil.com\/wp-content\/uploads\/F04-Santa-Maria-de-Cardet-Vall-de-Boi-Foto-Centre-del-Romanic-de-la-Vall-de-Boi.jpg\" class=\"attachment-large size-large wp-image-48515\" alt=\"Santa Maria de Cardet, Vall de Boi (Foto Centre del Rom\u00e0nic de la Vall de Bo\u00ed)\" srcset=\"https:\/\/www.elturistatranquil.com\/wp-content\/uploads\/F04-Santa-Maria-de-Cardet-Vall-de-Boi-Foto-Centre-del-Romanic-de-la-Vall-de-Boi.jpg 768w, https:\/\/www.elturistatranquil.com\/wp-content\/uploads\/F04-Santa-Maria-de-Cardet-Vall-de-Boi-Foto-Centre-del-Romanic-de-la-Vall-de-Boi-339x226.jpg 339w\" sizes=\"(max-width: 768px) 100vw, 768px\" \/>\t\t\t\t\t\t\t\t\t\t\t<figcaption class=\"widget-image-caption wp-caption-text\">(Foto: Centre del Rom\u00e0nic de la Vall de Bo\u00ed)<\/figcaption>\n\t\t\t\t\t\t\t\t\t\t<\/figure>\n\t\t\t\t\t\t\t\t\t<\/div>\n\t\t\t\t<\/div>\n\t\t\t\t<div class=\"elementor-element elementor-element-629c8fd elementor-widget elementor-widget-text-editor\" data-id=\"629c8fd\" data-element_type=\"widget\" data-e-type=\"widget\" data-widget_type=\"text-editor.default\">\n\t\t\t\t<div class=\"elementor-widget-container\">\n\t\t\t\t\t\t\t\t\t<p>Vista de Barruera des de Cardet.<\/p>\t\t\t\t\t\t\t\t<\/div>\n\t\t\t\t<\/div>\n\t\t\t\t<div class=\"elementor-element elementor-element-4eeebf7 elementor-widget elementor-widget-image\" data-id=\"4eeebf7\" data-element_type=\"widget\" data-e-type=\"widget\" data-widget_type=\"image.default\">\n\t\t\t\t<div class=\"elementor-widget-container\">\n\t\t\t\t\t\t\t\t\t\t\t\t<figure class=\"wp-caption\">\n\t\t\t\t\t\t\t\t\t\t<img loading=\"lazy\" decoding=\"async\" width=\"768\" height=\"511\" src=\"https:\/\/www.elturistatranquil.com\/wp-content\/uploads\/F05-Barruera-des-de-Cardet.jpg\" class=\"attachment-large size-large wp-image-48517\" alt=\"Barruera des de Cardet\" srcset=\"https:\/\/www.elturistatranquil.com\/wp-content\/uploads\/F05-Barruera-des-de-Cardet.jpg 768w, https:\/\/www.elturistatranquil.com\/wp-content\/uploads\/F05-Barruera-des-de-Cardet-339x226.jpg 339w\" sizes=\"(max-width: 768px) 100vw, 768px\" \/>\t\t\t\t\t\t\t\t\t\t\t<figcaption class=\"widget-image-caption wp-caption-text\"><\/figcaption>\n\t\t\t\t\t\t\t\t\t\t<\/figure>\n\t\t\t\t\t\t\t\t\t<\/div>\n\t\t\t\t<\/div>\n\t\t\t\t<div class=\"elementor-element elementor-element-ee6151d elementor-widget elementor-widget-text-editor\" data-id=\"ee6151d\" data-element_type=\"widget\" data-e-type=\"widget\" data-widget_type=\"text-editor.default\">\n\t\t\t\t<div class=\"elementor-widget-container\">\n\t\t\t\t\t\t\t\t\t<p>El primer que podem dir \u00e9s que es tracta de l\u2019esgl\u00e9sia parroquial m\u00e9s petita de totes les de la vall.<\/p><p>\u00c9s dif\u00edcil de determinar la seq\u00fc\u00e8ncia de la construcci\u00f3 de l&#8217;esgl\u00e9sia. La construcci\u00f3 rom\u00e0nica inicial correspon a una esgl\u00e9sia d&#8217;una sola nau. Les difer\u00e8ncies de materials i anomalies en la seva construcci\u00f3 permetre plantejar que hi ha una part m\u00e9s antiga que es pot datar al segle XI, que correspon al costat sud i a part del costat oest. \u00a0<\/p><p>L&#8217;edifici, d&#8217;una sola nau, va ser reformat al segle XII o a principis del segle XIII amb una volta de can\u00f3.<\/p><p>La part superior del mur dels peus es va refer, aix\u00ed com una ampliaci\u00f3 del costat nord, probablement despr\u00e9s de que s\u2019ensorr\u00e9s la volta i es reconstru\u00eds amb voltes d\u2019aresta, afegint-hi una capella en el mur nord.<\/p><p>Als segles XVII i XVIII, com en els altres temples del conjunt de la vall en un per\u00edode de bonan\u00e7a econ\u00f2mica, s\u2019hi van realitzar noves reformes. Encara que sense certesa absoluta, correspondria a aquest moment la construcci\u00f3 de l\u2019espadanya, del porxo i l\u2019elevaci\u00f3 de la teulada.<\/p><p>Tamb\u00e9 els canvis lit\u00fargics i d\u2019est\u00e8tica art\u00edstica van portar a incorporar-hi el barroc, com manifesta clarament el retaule barroc del segle XVIII i altres altars.<\/p>\t\t\t\t\t\t\t\t<\/div>\n\t\t\t\t<\/div>\n\t\t\t\t<div class=\"elementor-element elementor-element-687ccac2 elementor-widget elementor-widget-heading\" data-id=\"687ccac2\" data-element_type=\"widget\" data-e-type=\"widget\" data-widget_type=\"heading.default\">\n\t\t\t\t<div class=\"elementor-widget-container\">\n\t\t\t\t\t<h3 class=\"elementor-heading-title elementor-size-default\">L\u2019exterior<\/h3>\t\t\t\t<\/div>\n\t\t\t\t<\/div>\n\t\t\t\t<div class=\"elementor-element elementor-element-449355c elementor-widget elementor-widget-text-editor\" data-id=\"449355c\" data-element_type=\"widget\" data-e-type=\"widget\" data-widget_type=\"text-editor.default\">\n\t\t\t\t<div class=\"elementor-widget-container\">\n\t\t\t\t\t\t\t\t\t<p>En una mena de placeta, entre cases, i el corresponent cementiri parroquial al costat, s\u2019observa la fa\u00e7ana als peus del temple, amb un porxo i una espadanya i la coberta a dues aig\u00fces.<\/p><p>Crida l\u2019atenci\u00f3 la diversitat de l\u2019aparell constructiu, que correspondria als diferents moment assenyalats, aix\u00ed com la asimetria en que finalment han quedat disposats els diversos elements que conformen aquesta fa\u00e7ana. No hi ha cap element que segueixi un mateix eix de simetria.<\/p>\t\t\t\t\t\t\t\t<\/div>\n\t\t\t\t<\/div>\n\t\t\t\t<div class=\"elementor-element elementor-element-ed62898 elementor-widget elementor-widget-image\" data-id=\"ed62898\" data-element_type=\"widget\" data-e-type=\"widget\" data-widget_type=\"image.default\">\n\t\t\t\t<div class=\"elementor-widget-container\">\n\t\t\t\t\t\t\t\t\t\t\t\t<figure class=\"wp-caption\">\n\t\t\t\t\t\t\t\t\t\t<img loading=\"lazy\" decoding=\"async\" width=\"768\" height=\"512\" src=\"https:\/\/www.elturistatranquil.com\/wp-content\/uploads\/F06-Santa-Maria-de-Cardet-Vall-de-Boi.jpg\" class=\"attachment-large size-large wp-image-48519\" alt=\"Santa Maria de Cardet, Vall de Boi\" srcset=\"https:\/\/www.elturistatranquil.com\/wp-content\/uploads\/F06-Santa-Maria-de-Cardet-Vall-de-Boi.jpg 768w, https:\/\/www.elturistatranquil.com\/wp-content\/uploads\/F06-Santa-Maria-de-Cardet-Vall-de-Boi-339x226.jpg 339w\" sizes=\"(max-width: 768px) 100vw, 768px\" \/>\t\t\t\t\t\t\t\t\t\t\t<figcaption class=\"widget-image-caption wp-caption-text\"><\/figcaption>\n\t\t\t\t\t\t\t\t\t\t<\/figure>\n\t\t\t\t\t\t\t\t\t<\/div>\n\t\t\t\t<\/div>\n\t\t\t\t<div class=\"elementor-element elementor-element-7a3de3a elementor-widget elementor-widget-image\" data-id=\"7a3de3a\" data-element_type=\"widget\" data-e-type=\"widget\" data-widget_type=\"image.default\">\n\t\t\t\t<div class=\"elementor-widget-container\">\n\t\t\t\t\t\t\t\t\t\t\t\t<figure class=\"wp-caption\">\n\t\t\t\t\t\t\t\t\t\t<img loading=\"lazy\" decoding=\"async\" width=\"768\" height=\"512\" src=\"https:\/\/www.elturistatranquil.com\/wp-content\/uploads\/F07-Santa-Maria-de-Cardet-Vall-de-Boi.jpg\" class=\"attachment-large size-large wp-image-48521\" alt=\"Santa Maria de Cardet, Vall de Boi\" srcset=\"https:\/\/www.elturistatranquil.com\/wp-content\/uploads\/F07-Santa-Maria-de-Cardet-Vall-de-Boi.jpg 768w, https:\/\/www.elturistatranquil.com\/wp-content\/uploads\/F07-Santa-Maria-de-Cardet-Vall-de-Boi-339x226.jpg 339w\" sizes=\"(max-width: 768px) 100vw, 768px\" \/>\t\t\t\t\t\t\t\t\t\t\t<figcaption class=\"widget-image-caption wp-caption-text\"><\/figcaption>\n\t\t\t\t\t\t\t\t\t\t<\/figure>\n\t\t\t\t\t\t\t\t\t<\/div>\n\t\t\t\t<\/div>\n\t\t\t\t<div class=\"elementor-element elementor-element-7828a3fa elementor-widget elementor-widget-heading\" data-id=\"7828a3fa\" data-element_type=\"widget\" data-e-type=\"widget\" data-widget_type=\"heading.default\">\n\t\t\t\t<div class=\"elementor-widget-container\">\n\t\t\t\t\t<h5 class=\"elementor-heading-title elementor-size-default\">El porxo<\/h5>\t\t\t\t<\/div>\n\t\t\t\t<\/div>\n\t\t\t\t<div class=\"elementor-element elementor-element-41ec47d elementor-widget elementor-widget-text-editor\" data-id=\"41ec47d\" data-element_type=\"widget\" data-e-type=\"widget\" data-widget_type=\"text-editor.default\">\n\t\t\t\t<div class=\"elementor-widget-container\">\n\t\t\t\t\t\t\t\t\t<p>Un petit porxo cobert per una teulada a dues aig\u00fces d\u2019estructura de fusta, coberta amb llosetes de, protegeix l&#8217;entrada.<\/p>\t\t\t\t\t\t\t\t<\/div>\n\t\t\t\t<\/div>\n\t\t\t\t<div class=\"elementor-element elementor-element-87967e1 elementor-widget elementor-widget-image\" data-id=\"87967e1\" data-element_type=\"widget\" data-e-type=\"widget\" data-widget_type=\"image.default\">\n\t\t\t\t<div class=\"elementor-widget-container\">\n\t\t\t\t\t\t\t\t\t\t\t\t<figure class=\"wp-caption\">\n\t\t\t\t\t\t\t\t\t\t<img loading=\"lazy\" decoding=\"async\" width=\"768\" height=\"511\" src=\"https:\/\/www.elturistatranquil.com\/wp-content\/uploads\/F08-Santa-Maria-de-Cardet-Vall-de-Boi.jpg\" class=\"attachment-large size-large wp-image-48526\" alt=\"Santa Maria de Cardet, Vall de Boi\" srcset=\"https:\/\/www.elturistatranquil.com\/wp-content\/uploads\/F08-Santa-Maria-de-Cardet-Vall-de-Boi.jpg 768w, https:\/\/www.elturistatranquil.com\/wp-content\/uploads\/F08-Santa-Maria-de-Cardet-Vall-de-Boi-339x226.jpg 339w\" sizes=\"(max-width: 768px) 100vw, 768px\" \/>\t\t\t\t\t\t\t\t\t\t\t<figcaption class=\"widget-image-caption wp-caption-text\"><\/figcaption>\n\t\t\t\t\t\t\t\t\t\t<\/figure>\n\t\t\t\t\t\t\t\t\t<\/div>\n\t\t\t\t<\/div>\n\t\t\t\t<div class=\"elementor-element elementor-element-4aa41ce elementor-widget elementor-widget-image\" data-id=\"4aa41ce\" data-element_type=\"widget\" data-e-type=\"widget\" data-widget_type=\"image.default\">\n\t\t\t\t<div class=\"elementor-widget-container\">\n\t\t\t\t\t\t\t\t\t\t\t\t<figure class=\"wp-caption\">\n\t\t\t\t\t\t\t\t\t\t<img loading=\"lazy\" decoding=\"async\" width=\"768\" height=\"512\" src=\"https:\/\/www.elturistatranquil.com\/wp-content\/uploads\/F09Santa-Maria-de-Cardet-Vall-de-Boi.jpg\" class=\"attachment-large size-large wp-image-48528\" alt=\"Santa Maria de Cardet, Vall de Boi\" srcset=\"https:\/\/www.elturistatranquil.com\/wp-content\/uploads\/F09Santa-Maria-de-Cardet-Vall-de-Boi.jpg 768w, https:\/\/www.elturistatranquil.com\/wp-content\/uploads\/F09Santa-Maria-de-Cardet-Vall-de-Boi-339x226.jpg 339w\" sizes=\"(max-width: 768px) 100vw, 768px\" \/>\t\t\t\t\t\t\t\t\t\t\t<figcaption class=\"widget-image-caption wp-caption-text\"><\/figcaption>\n\t\t\t\t\t\t\t\t\t\t<\/figure>\n\t\t\t\t\t\t\t\t\t<\/div>\n\t\t\t\t<\/div>\n\t\t\t\t<div class=\"elementor-element elementor-element-053dd8f elementor-widget elementor-widget-heading\" data-id=\"053dd8f\" data-element_type=\"widget\" data-e-type=\"widget\" data-widget_type=\"heading.default\">\n\t\t\t\t<div class=\"elementor-widget-container\">\n\t\t\t\t\t<h4 class=\"elementor-heading-title elementor-size-default\">La porta<\/h4>\t\t\t\t<\/div>\n\t\t\t\t<\/div>\n\t\t\t\t<div class=\"elementor-element elementor-element-17596e2 elementor-widget elementor-widget-text-editor\" data-id=\"17596e2\" data-element_type=\"widget\" data-e-type=\"widget\" data-widget_type=\"text-editor.default\">\n\t\t\t\t<div class=\"elementor-widget-container\">\n\t\t\t\t\t\t\t\t\t<p>Pel que sembla, el nivell del s\u00f2l del temple va ser rebaixat. A l\u2019exterior s\u2019observa com la porta tamb\u00e9 ho va ser, i va deixar l\u2019arc de mig punt amb dovelles incrustat a la part superior. Aix\u00f2 significaria que la primera portada rom\u00e0nica era d\u2019arc de mig punt amb dovelles de pedra irregulars i per sobre la t\u00edpica <em>dobladura<\/em> llombarda. Al rebaixar la portada es va fer amb un arc rebaixat amb pedres irregulars no treballades.<\/p>\t\t\t\t\t\t\t\t<\/div>\n\t\t\t\t<\/div>\n\t\t\t\t<div class=\"elementor-element elementor-element-9528ff6 elementor-widget elementor-widget-image\" data-id=\"9528ff6\" data-element_type=\"widget\" data-e-type=\"widget\" data-widget_type=\"image.default\">\n\t\t\t\t<div class=\"elementor-widget-container\">\n\t\t\t\t\t\t\t\t\t\t\t\t<figure class=\"wp-caption\">\n\t\t\t\t\t\t\t\t\t\t<img loading=\"lazy\" decoding=\"async\" width=\"768\" height=\"512\" src=\"https:\/\/www.elturistatranquil.com\/wp-content\/uploads\/F12-Santa-Maria-de-Cardet-Vall-de-Boi.jpg\" class=\"attachment-large size-large wp-image-48534\" alt=\"Santa Maria de Cardet, Vall de Boi\" srcset=\"https:\/\/www.elturistatranquil.com\/wp-content\/uploads\/F12-Santa-Maria-de-Cardet-Vall-de-Boi.jpg 768w, https:\/\/www.elturistatranquil.com\/wp-content\/uploads\/F12-Santa-Maria-de-Cardet-Vall-de-Boi-339x226.jpg 339w\" sizes=\"(max-width: 768px) 100vw, 768px\" \/>\t\t\t\t\t\t\t\t\t\t\t<figcaption class=\"widget-image-caption wp-caption-text\"><\/figcaption>\n\t\t\t\t\t\t\t\t\t\t<\/figure>\n\t\t\t\t\t\t\t\t\t<\/div>\n\t\t\t\t<\/div>\n\t\t\t\t<div class=\"elementor-element elementor-element-ec7753f elementor-widget elementor-widget-text-editor\" data-id=\"ec7753f\" data-element_type=\"widget\" data-e-type=\"widget\" data-widget_type=\"text-editor.default\">\n\t\t\t\t<div class=\"elementor-widget-container\">\n\t\t\t\t\t\t\t\t\t<p>A una de les dovelles superiors es veu un simple crism\u00f3 en baix relleu. A sota, una pedra amb un altre baix relleu que sembla una creu patriarcal o un altre crism\u00f3.<\/p>\t\t\t\t\t\t\t\t<\/div>\n\t\t\t\t<\/div>\n\t\t\t\t<div class=\"elementor-element elementor-element-917b1f6 elementor-widget elementor-widget-image\" data-id=\"917b1f6\" data-element_type=\"widget\" data-e-type=\"widget\" data-widget_type=\"image.default\">\n\t\t\t\t<div class=\"elementor-widget-container\">\n\t\t\t\t\t\t\t\t\t\t\t\t<figure class=\"wp-caption\">\n\t\t\t\t\t\t\t\t\t\t<img loading=\"lazy\" decoding=\"async\" width=\"768\" height=\"512\" src=\"https:\/\/www.elturistatranquil.com\/wp-content\/uploads\/F13-Santa-Maria-de-Cardet-Vall-de-Boi.jpg\" class=\"attachment-large size-large wp-image-48539\" alt=\"Santa Maria de Cardet, Vall de Boi\" srcset=\"https:\/\/www.elturistatranquil.com\/wp-content\/uploads\/F13-Santa-Maria-de-Cardet-Vall-de-Boi.jpg 768w, https:\/\/www.elturistatranquil.com\/wp-content\/uploads\/F13-Santa-Maria-de-Cardet-Vall-de-Boi-339x226.jpg 339w\" sizes=\"(max-width: 768px) 100vw, 768px\" \/>\t\t\t\t\t\t\t\t\t\t\t<figcaption class=\"widget-image-caption wp-caption-text\"><\/figcaption>\n\t\t\t\t\t\t\t\t\t\t<\/figure>\n\t\t\t\t\t\t\t\t\t<\/div>\n\t\t\t\t<\/div>\n\t\t\t\t<div class=\"elementor-element elementor-element-17bfc32 elementor-widget elementor-widget-text-editor\" data-id=\"17bfc32\" data-element_type=\"widget\" data-e-type=\"widget\" data-widget_type=\"text-editor.default\">\n\t\t\t\t<div class=\"elementor-widget-container\">\n\t\t\t\t\t\t\t\t\t<p>Com en altres esgl\u00e9sies, tamb\u00e9 s\u2019hi troba un forrellat notable de tipologia medieval comuna als altres que es mantenen, amb el passador acabat amb cap de animal, com sempre.<\/p>\t\t\t\t\t\t\t\t<\/div>\n\t\t\t\t<\/div>\n\t\t\t\t<div class=\"elementor-element elementor-element-328511e elementor-widget elementor-widget-image\" data-id=\"328511e\" data-element_type=\"widget\" data-e-type=\"widget\" data-widget_type=\"image.default\">\n\t\t\t\t<div class=\"elementor-widget-container\">\n\t\t\t\t\t\t\t\t\t\t\t\t<figure class=\"wp-caption\">\n\t\t\t\t\t\t\t\t\t\t<img loading=\"lazy\" decoding=\"async\" width=\"768\" height=\"513\" src=\"https:\/\/www.elturistatranquil.com\/wp-content\/uploads\/F14-Santa-Maria-de-Cardet-Vall-de-Boi.jpg\" class=\"attachment-large size-large wp-image-48541\" alt=\"Santa Maria de Cardet, Vall de Boi\" srcset=\"https:\/\/www.elturistatranquil.com\/wp-content\/uploads\/F14-Santa-Maria-de-Cardet-Vall-de-Boi.jpg 768w, https:\/\/www.elturistatranquil.com\/wp-content\/uploads\/F14-Santa-Maria-de-Cardet-Vall-de-Boi-339x226.jpg 339w\" sizes=\"(max-width: 768px) 100vw, 768px\" \/>\t\t\t\t\t\t\t\t\t\t\t<figcaption class=\"widget-image-caption wp-caption-text\"><\/figcaption>\n\t\t\t\t\t\t\t\t\t\t<\/figure>\n\t\t\t\t\t\t\t\t\t<\/div>\n\t\t\t\t<\/div>\n\t\t\t\t<div class=\"elementor-element elementor-element-234da17c elementor-widget elementor-widget-heading\" data-id=\"234da17c\" data-element_type=\"widget\" data-e-type=\"widget\" data-widget_type=\"heading.default\">\n\t\t\t\t<div class=\"elementor-widget-container\">\n\t\t\t\t\t<h4 class=\"elementor-heading-title elementor-size-default\">L\u2019espadanya<\/h4>\t\t\t\t<\/div>\n\t\t\t\t<\/div>\n\t\t\t\t<div class=\"elementor-element elementor-element-688403f elementor-widget elementor-widget-text-editor\" data-id=\"688403f\" data-element_type=\"widget\" data-e-type=\"widget\" data-widget_type=\"text-editor.default\">\n\t\t\t\t<div class=\"elementor-widget-container\">\n\t\t\t\t\t\t\t\t\t<p>L\u2019espadanya es de tres obertures d\u2019arc de mig punt en triangle. Les dues obertures de la base s\u00f3n m\u00e9s grans que la del v\u00e8rtex superior. Actualment allotgen dues campanes de 60 i 70 cent\u00edmetres, dels anys 1756 i 1903.<\/p>\t\t\t\t\t\t\t\t<\/div>\n\t\t\t\t<\/div>\n\t\t\t\t<div class=\"elementor-element elementor-element-55960a0 elementor-widget elementor-widget-image\" data-id=\"55960a0\" data-element_type=\"widget\" data-e-type=\"widget\" data-widget_type=\"image.default\">\n\t\t\t\t<div class=\"elementor-widget-container\">\n\t\t\t\t\t\t\t\t\t\t\t\t<figure class=\"wp-caption\">\n\t\t\t\t\t\t\t\t\t\t<img loading=\"lazy\" decoding=\"async\" width=\"768\" height=\"511\" src=\"https:\/\/www.elturistatranquil.com\/wp-content\/uploads\/F15-Santa-Maria-de-Cardet-Vall-de-Boi.jpg\" class=\"attachment-large size-large wp-image-48543\" alt=\"Santa Maria de Cardet, Vall de Boi\" srcset=\"https:\/\/www.elturistatranquil.com\/wp-content\/uploads\/F15-Santa-Maria-de-Cardet-Vall-de-Boi.jpg 768w, https:\/\/www.elturistatranquil.com\/wp-content\/uploads\/F15-Santa-Maria-de-Cardet-Vall-de-Boi-339x226.jpg 339w\" sizes=\"(max-width: 768px) 100vw, 768px\" \/>\t\t\t\t\t\t\t\t\t\t\t<figcaption class=\"widget-image-caption wp-caption-text\"><\/figcaption>\n\t\t\t\t\t\t\t\t\t\t<\/figure>\n\t\t\t\t\t\t\t\t\t<\/div>\n\t\t\t\t<\/div>\n\t\t\t\t<div class=\"elementor-element elementor-element-839c900 elementor-widget elementor-widget-heading\" data-id=\"839c900\" data-element_type=\"widget\" data-e-type=\"widget\" data-widget_type=\"heading.default\">\n\t\t\t\t<div class=\"elementor-widget-container\">\n\t\t\t\t\t<h5 class=\"elementor-heading-title elementor-size-default\">Lateral sud<\/h5>\t\t\t\t<\/div>\n\t\t\t\t<\/div>\n\t\t\t\t<div class=\"elementor-element elementor-element-1c78bac elementor-widget elementor-widget-text-editor\" data-id=\"1c78bac\" data-element_type=\"widget\" data-e-type=\"widget\" data-widget_type=\"text-editor.default\">\n\t\t\t\t<div class=\"elementor-widget-container\">\n\t\t\t\t\t\t\t\t\t<p>El lateral sud \u00e9s un mur de ma\u00e7oneria, sense cap obertura, en el que sobresurt a l\u2019extrem de llevant la sagristia afegida, amb una coberta plana d\u2019una vessant.<\/p><p>Devien existir les seves raons per fer-ho amb aquest material industrial, per\u00f2 \u00e9s una ll\u00e0stima que la coberta del temple no s\u2019hagi rehabilitat amb pissarra tradicional.<\/p>\t\t\t\t\t\t\t\t<\/div>\n\t\t\t\t<\/div>\n\t\t\t\t<div class=\"elementor-element elementor-element-cc7f642 elementor-widget elementor-widget-image\" data-id=\"cc7f642\" data-element_type=\"widget\" data-e-type=\"widget\" data-widget_type=\"image.default\">\n\t\t\t\t<div class=\"elementor-widget-container\">\n\t\t\t\t\t\t\t\t\t\t\t\t<figure class=\"wp-caption\">\n\t\t\t\t\t\t\t\t\t\t<img loading=\"lazy\" decoding=\"async\" width=\"768\" height=\"511\" src=\"https:\/\/www.elturistatranquil.com\/wp-content\/uploads\/F16-Santa-Maria-de-Cardet-Vall-de-Boi.jpg\" class=\"attachment-large size-large wp-image-48545\" alt=\"Santa Maria de Cardet, Vall de Boi\" srcset=\"https:\/\/www.elturistatranquil.com\/wp-content\/uploads\/F16-Santa-Maria-de-Cardet-Vall-de-Boi.jpg 768w, https:\/\/www.elturistatranquil.com\/wp-content\/uploads\/F16-Santa-Maria-de-Cardet-Vall-de-Boi-339x226.jpg 339w\" sizes=\"(max-width: 768px) 100vw, 768px\" \/>\t\t\t\t\t\t\t\t\t\t\t<figcaption class=\"widget-image-caption wp-caption-text\"><\/figcaption>\n\t\t\t\t\t\t\t\t\t\t<\/figure>\n\t\t\t\t\t\t\t\t\t<\/div>\n\t\t\t\t<\/div>\n\t\t\t\t<div class=\"elementor-element elementor-element-1bd7941 elementor-widget elementor-widget-heading\" data-id=\"1bd7941\" data-element_type=\"widget\" data-e-type=\"widget\" data-widget_type=\"heading.default\">\n\t\t\t\t<div class=\"elementor-widget-container\">\n\t\t\t\t\t<h4 class=\"elementor-heading-title elementor-size-default\">L\u2019absis i l\u2019exterior de la cripta<\/h4>\t\t\t\t<\/div>\n\t\t\t\t<\/div>\n\t\t\t\t<div class=\"elementor-element elementor-element-e8540fb elementor-widget elementor-widget-text-editor\" data-id=\"e8540fb\" data-element_type=\"widget\" data-e-type=\"widget\" data-widget_type=\"text-editor.default\">\n\t\t\t\t<div class=\"elementor-widget-container\">\n\t\t\t\t\t\t\t\t\t<p>La cap\u00e7alera est\u00e0 forma per un sol absis semicircular d\u2019estil llombard de doble al\u00e7ada, que descendeix des del nivell de la nau del temple a un nivell inferior adossat al desnivell del terreny en aquest punt. En el nivell inferior s\u2019hi allotja una cripta.<\/p><p>Encara que aquesta sigui l\u2019\u00fanica esgl\u00e9sia amb cripta a tota la vall, era com\u00fa en \u00e8poca rom\u00e0nica construir criptes a l\u2019absis major. Per facilitar-ne la construcci\u00f3 una opci\u00f3 era situar el cos del temple al l\u00edmit d\u2019un desnivell, de manera que l\u2019absis es constru\u00efa en el marge i la f\u00e0brica de l\u2019absis descendia pel marge per enquibir-hi una cripta a la part inferior, evitant d\u2019aquesta manera haver de fer una profunda excavaci\u00f3. A l\u2019exterior quedava una paret espectacularment allargada per la suma de les dues al\u00e7ada -la de la cripta i la de l\u2019absis-. En seria un exemple el <a href=\"https:\/\/www.elturistatranquil.com\/ca\/monestir-de-leyre-navarra\/#b3708\" target=\"_blank\" rel=\"noopener\">monestir de Leyre<\/a>. Fa l\u2019efecte que aquest va ser el criteri adoptat a Santa Maria.<\/p>\t\t\t\t\t\t\t\t<\/div>\n\t\t\t\t<\/div>\n\t\t\t\t<div class=\"elementor-element elementor-element-d8068d8 elementor-widget elementor-widget-image\" data-id=\"d8068d8\" data-element_type=\"widget\" data-e-type=\"widget\" data-widget_type=\"image.default\">\n\t\t\t\t<div class=\"elementor-widget-container\">\n\t\t\t\t\t\t\t\t\t\t\t\t<figure class=\"wp-caption\">\n\t\t\t\t\t\t\t\t\t\t<img loading=\"lazy\" decoding=\"async\" width=\"768\" height=\"511\" src=\"https:\/\/www.elturistatranquil.com\/wp-content\/uploads\/F17-Santa-Maria-de-Cardet-Vall-de-Boi.jpg\" class=\"attachment-large size-large wp-image-48550\" alt=\"Santa Maria de Cardet, Vall de Boi\" srcset=\"https:\/\/www.elturistatranquil.com\/wp-content\/uploads\/F17-Santa-Maria-de-Cardet-Vall-de-Boi.jpg 768w, https:\/\/www.elturistatranquil.com\/wp-content\/uploads\/F17-Santa-Maria-de-Cardet-Vall-de-Boi-339x226.jpg 339w\" sizes=\"(max-width: 768px) 100vw, 768px\" \/>\t\t\t\t\t\t\t\t\t\t\t<figcaption class=\"widget-image-caption wp-caption-text\"><\/figcaption>\n\t\t\t\t\t\t\t\t\t\t<\/figure>\n\t\t\t\t\t\t\t\t\t<\/div>\n\t\t\t\t<\/div>\n\t\t\t\t<div class=\"elementor-element elementor-element-41991d5 elementor-widget elementor-widget-text-editor\" data-id=\"41991d5\" data-element_type=\"widget\" data-e-type=\"widget\" data-widget_type=\"text-editor.default\">\n\t\t\t\t<div class=\"elementor-widget-container\">\n\t\t\t\t\t\t\t\t\t<p>L\u2019estil llombard de l\u2019absis es manifesta amb tres arcuacions cegues entre cada lesena rectangular que van de d\u2019alt a baix. Per sobre, un fris dentat. Al nivell de la nau del temple hi han disposades les tres obertures trinit\u00e0ries que aporten la llum a l\u2019altar, amb format d\u2019espitllera d\u2019extrem semicircular. A la cripta nom\u00e9s hi ha una obertura d\u2019espitllera com les superiors, a la part central.<\/p><p>La coberta \u00e9s semi c\u00f2nica, sobre una c\u00fapula de quart d\u2019esfera amb llosetes de pissarra.<\/p><p>La vegetaci\u00f3 a vegades destorba.<\/p>\t\t\t\t\t\t\t\t<\/div>\n\t\t\t\t<\/div>\n\t\t\t\t<div class=\"elementor-element elementor-element-de6b772 elementor-widget elementor-widget-image\" data-id=\"de6b772\" data-element_type=\"widget\" data-e-type=\"widget\" data-widget_type=\"image.default\">\n\t\t\t\t<div class=\"elementor-widget-container\">\n\t\t\t\t\t\t\t\t\t\t\t\t<figure class=\"wp-caption\">\n\t\t\t\t\t\t\t\t\t\t<img loading=\"lazy\" decoding=\"async\" width=\"768\" height=\"512\" src=\"https:\/\/www.elturistatranquil.com\/wp-content\/uploads\/F18a-Santa-Maria-de-Cardet-Vall-de-Boi.jpg\" class=\"attachment-large size-large wp-image-48552\" alt=\"Santa Maria de Cardet, Vall de Boi\" srcset=\"https:\/\/www.elturistatranquil.com\/wp-content\/uploads\/F18a-Santa-Maria-de-Cardet-Vall-de-Boi.jpg 768w, https:\/\/www.elturistatranquil.com\/wp-content\/uploads\/F18a-Santa-Maria-de-Cardet-Vall-de-Boi-339x226.jpg 339w\" sizes=\"(max-width: 768px) 100vw, 768px\" \/>\t\t\t\t\t\t\t\t\t\t\t<figcaption class=\"widget-image-caption wp-caption-text\"><\/figcaption>\n\t\t\t\t\t\t\t\t\t\t<\/figure>\n\t\t\t\t\t\t\t\t\t<\/div>\n\t\t\t\t<\/div>\n\t\t\t\t<div class=\"elementor-element elementor-element-cfdb5a9 elementor-widget elementor-widget-text-editor\" data-id=\"cfdb5a9\" data-element_type=\"widget\" data-e-type=\"widget\" data-widget_type=\"text-editor.default\">\n\t\t\t\t<div class=\"elementor-widget-container\">\n\t\t\t\t\t\t\t\t\t<p>Un cap hum\u00e0 tallat apareix al segon arc del primer intrad\u00f3s del costat sud.<\/p>\t\t\t\t\t\t\t\t<\/div>\n\t\t\t\t<\/div>\n\t\t\t\t<div class=\"elementor-element elementor-element-5ff4a62 elementor-widget elementor-widget-image\" data-id=\"5ff4a62\" data-element_type=\"widget\" data-e-type=\"widget\" data-widget_type=\"image.default\">\n\t\t\t\t<div class=\"elementor-widget-container\">\n\t\t\t\t\t\t\t\t\t\t\t\t<figure class=\"wp-caption\">\n\t\t\t\t\t\t\t\t\t\t<img loading=\"lazy\" decoding=\"async\" width=\"768\" height=\"512\" src=\"https:\/\/www.elturistatranquil.com\/wp-content\/uploads\/F18b-Santa-Maria-de-Cardet-Vall-de-Boi.jpg\" class=\"attachment-large size-large wp-image-48557\" alt=\"Santa Maria de Cardet, Vall de Boi\" srcset=\"https:\/\/www.elturistatranquil.com\/wp-content\/uploads\/F18b-Santa-Maria-de-Cardet-Vall-de-Boi.jpg 768w, https:\/\/www.elturistatranquil.com\/wp-content\/uploads\/F18b-Santa-Maria-de-Cardet-Vall-de-Boi-339x226.jpg 339w\" sizes=\"(max-width: 768px) 100vw, 768px\" \/>\t\t\t\t\t\t\t\t\t\t\t<figcaption class=\"widget-image-caption wp-caption-text\"><\/figcaption>\n\t\t\t\t\t\t\t\t\t\t<\/figure>\n\t\t\t\t\t\t\t\t\t<\/div>\n\t\t\t\t<\/div>\n\t\t\t\t<div class=\"elementor-element elementor-element-ffe3374 elementor-widget elementor-widget-heading\" data-id=\"ffe3374\" data-element_type=\"widget\" data-e-type=\"widget\" data-widget_type=\"heading.default\">\n\t\t\t\t<div class=\"elementor-widget-container\">\n\t\t\t\t\t<h3 class=\"elementor-heading-title elementor-size-default\">L\u2019interior<\/h3>\t\t\t\t<\/div>\n\t\t\t\t<\/div>\n\t\t\t\t<div class=\"elementor-element elementor-element-b108e2d elementor-widget elementor-widget-heading\" data-id=\"b108e2d\" data-element_type=\"widget\" data-e-type=\"widget\" data-widget_type=\"heading.default\">\n\t\t\t\t<div class=\"elementor-widget-container\">\n\t\t\t\t\t<h5 class=\"elementor-heading-title elementor-size-default\">La planta<\/h5>\t\t\t\t<\/div>\n\t\t\t\t<\/div>\n\t\t\t\t<div class=\"elementor-element elementor-element-56b4b40 elementor-widget elementor-widget-text-editor\" data-id=\"56b4b40\" data-element_type=\"widget\" data-e-type=\"widget\" data-widget_type=\"text-editor.default\">\n\t\t\t\t<div class=\"elementor-widget-container\">\n\t\t\t\t\t\t\t\t\t<p>L\u2019esgl\u00e9sia \u00e9s d\u2019una nau rectangular, amb presbiteri i absis semicircular a la cap\u00e7alera. Exteriorment t\u00e9 unes dimensions d\u2019uns 13 metres de llarg el cos, i fins a uns 15 metres amb l\u2019absis, per uns 8 metres d\u2019amplada.<\/p><p>Les ampliacions en el costat nord fan que la portada no estigui centrada amb l\u2019eix del temple actual. En aquest costat nord es va construir una capella quadrada que sobresurt per l\u2019exterior.<\/p><p>Als peus s\u2019hi va incorporar un cor de fusta elevat, segurament al segle XVII o XVIII.<\/p>\t\t\t\t\t\t\t\t<\/div>\n\t\t\t\t<\/div>\n\t\t\t\t<div class=\"elementor-element elementor-element-1765ec9 elementor-widget elementor-widget-image\" data-id=\"1765ec9\" data-element_type=\"widget\" data-e-type=\"widget\" data-widget_type=\"image.default\">\n\t\t\t\t<div class=\"elementor-widget-container\">\n\t\t\t\t\t\t\t\t\t\t\t\t<figure class=\"wp-caption\">\n\t\t\t\t\t\t\t\t\t\t<img loading=\"lazy\" decoding=\"async\" width=\"768\" height=\"512\" src=\"https:\/\/www.elturistatranquil.com\/wp-content\/uploads\/F19-Santa-Maria-de-Cardet-Vall-de-Boi.jpg\" class=\"attachment-large size-large wp-image-48559\" alt=\"Santa Maria de Cardet, Vall de Boi\" srcset=\"https:\/\/www.elturistatranquil.com\/wp-content\/uploads\/F19-Santa-Maria-de-Cardet-Vall-de-Boi.jpg 768w, https:\/\/www.elturistatranquil.com\/wp-content\/uploads\/F19-Santa-Maria-de-Cardet-Vall-de-Boi-339x226.jpg 339w\" sizes=\"(max-width: 768px) 100vw, 768px\" \/>\t\t\t\t\t\t\t\t\t\t\t<figcaption class=\"widget-image-caption wp-caption-text\"><\/figcaption>\n\t\t\t\t\t\t\t\t\t\t<\/figure>\n\t\t\t\t\t\t\t\t\t<\/div>\n\t\t\t\t<\/div>\n\t\t\t\t<div class=\"elementor-element elementor-element-56f7ebe elementor-widget elementor-widget-text-editor\" data-id=\"56f7ebe\" data-element_type=\"widget\" data-e-type=\"widget\" data-widget_type=\"text-editor.default\">\n\t\t\t\t<div class=\"elementor-widget-container\">\n\t\t\t\t\t\t\t\t\t<p>A l&#8217;interior, una s\u00e8rie de voltes de creueria que coincideixen amb els vans definits pels tres trams de l&#8217;obra rom\u00e0nica, amb arcs torals que s\u2019assenten en semi-columnes i semi-pilastres.<\/p><p>S\u2019ha conservat el mobiliari i la decoraci\u00f3 amb que va arribar a principis del segle XX. Presideix un <strong>retaule barroc<\/strong> pla del segle XVIII, que amaga l\u2019absis semicircular, amb una <strong>imatge de la Mare de <\/strong><strong>D\u00e9u<\/strong> de fusta policromada, del segle XVIII.<\/p><p>Tota la nau esta arrebossada de blanc, amb detalls de colors blaus imitant les dovelles dels arcs torals.<\/p><p>L\u2019\u00fanic detall rom\u00e0nic correspon al front de l\u2019altar amb una reproducci\u00f3 de l\u2019original que esta dipositat al MNAC.<\/p>\t\t\t\t\t\t\t\t<\/div>\n\t\t\t\t<\/div>\n\t\t\t\t<div class=\"elementor-element elementor-element-457d1cc elementor-widget elementor-widget-image\" data-id=\"457d1cc\" data-element_type=\"widget\" data-e-type=\"widget\" data-widget_type=\"image.default\">\n\t\t\t\t<div class=\"elementor-widget-container\">\n\t\t\t\t\t\t\t\t\t\t\t\t<figure class=\"wp-caption\">\n\t\t\t\t\t\t\t\t\t\t<img loading=\"lazy\" decoding=\"async\" width=\"768\" height=\"511\" src=\"https:\/\/www.elturistatranquil.com\/wp-content\/uploads\/F20-Santa-Maria-de-Cardet-Vall-de-Boi-Foto-Centre-del-Romanic-de-la-Vall-de-Boi.jpg\" class=\"attachment-large size-large wp-image-48561\" alt=\"Santa Maria de Cardet, Vall de Boi (Foto Centre del Rom\u00e0nic de la Vall de Bo\u00ed)\" srcset=\"https:\/\/www.elturistatranquil.com\/wp-content\/uploads\/F20-Santa-Maria-de-Cardet-Vall-de-Boi-Foto-Centre-del-Romanic-de-la-Vall-de-Boi.jpg 768w, https:\/\/www.elturistatranquil.com\/wp-content\/uploads\/F20-Santa-Maria-de-Cardet-Vall-de-Boi-Foto-Centre-del-Romanic-de-la-Vall-de-Boi-339x226.jpg 339w\" sizes=\"(max-width: 768px) 100vw, 768px\" \/>\t\t\t\t\t\t\t\t\t\t\t<figcaption class=\"widget-image-caption wp-caption-text\">(Foto: Centre del Rom\u00e0nic de la Vall de Bo\u00ed)<\/figcaption>\n\t\t\t\t\t\t\t\t\t\t<\/figure>\n\t\t\t\t\t\t\t\t\t<\/div>\n\t\t\t\t<\/div>\n\t\t\t\t<div class=\"elementor-element elementor-element-a6b1f26 elementor-widget elementor-widget-text-editor\" data-id=\"a6b1f26\" data-element_type=\"widget\" data-e-type=\"widget\" data-widget_type=\"text-editor.default\">\n\t\t\t\t<div class=\"elementor-widget-container\">\n\t\t\t\t\t\t\t\t\t<p>El <strong>frontal rom\u00e0nic<\/strong> de l\u2019altar \u00e9s de la segona meitat del segle XIII. Pintat al tremp, amb relleus d\u2019estuc i restes de full met\u00e0l\u00b7lic colrat sobre la fusta. La fotografia reprodueix l\u2019original que es troba al MNAC.<\/p><p>Aquesta pe\u00e7a est\u00e0 dedicada a la Mare de D\u00e9u i al seu fill Jes\u00fas, i s\u2019hi representen diverses escenes de la vida de la Verge que poden ser identificades per diferents inscripcions.<\/p><p>Presidint el frontal apareixen la Verge i el Nen Jes\u00fas, dins d\u2019una m\u00e0ndorla. Maria est\u00e0 coronada i asseguda al tron, amb el Nen Jes\u00fas a la falda, el qual \u00a0beneeix amb la m\u00e0 dreta i sost\u00e9 amb l\u2019esquerra el llibre dels Evangelis. Envoltant la m\u00e0ndorla, apareixen representats els quatre s\u00edmbols dels evangelistes, el tetramorf.<\/p><p>Als registres laterals es representen les escenes de la Visitaci\u00f3 i l\u2019Anunciaci\u00f3 separades per una columna, \u00a0l\u2019 Epifania, els Reis Mags fent l\u2019ofrena al Nen, l\u2019escena de la Nativitat i l\u2019Anunciaci\u00f3 als pastors, el \u00a0martiri dels Innocents i la Fugida a Egipte.<\/p>\t\t\t\t\t\t\t\t<\/div>\n\t\t\t\t<\/div>\n\t\t\t\t<div class=\"elementor-element elementor-element-3824cf5 elementor-widget elementor-widget-image\" data-id=\"3824cf5\" data-element_type=\"widget\" data-e-type=\"widget\" data-widget_type=\"image.default\">\n\t\t\t\t<div class=\"elementor-widget-container\">\n\t\t\t\t\t\t\t\t\t\t\t\t<figure class=\"wp-caption\">\n\t\t\t\t\t\t\t\t\t\t<img loading=\"lazy\" decoding=\"async\" width=\"768\" height=\"512\" src=\"https:\/\/www.elturistatranquil.com\/wp-content\/uploads\/F21-Frontal-de-laltar-de-Santa-Maria-de-Cardet-Vall-de-Boi-al-MNAC.jpg\" class=\"attachment-large size-large wp-image-48563\" alt=\"Frontal de l&#039;altar de Santa Maria de Cardet, Vall de Boi al MNAC\" srcset=\"https:\/\/www.elturistatranquil.com\/wp-content\/uploads\/F21-Frontal-de-laltar-de-Santa-Maria-de-Cardet-Vall-de-Boi-al-MNAC.jpg 768w, https:\/\/www.elturistatranquil.com\/wp-content\/uploads\/F21-Frontal-de-laltar-de-Santa-Maria-de-Cardet-Vall-de-Boi-al-MNAC-339x226.jpg 339w\" sizes=\"(max-width: 768px) 100vw, 768px\" \/>\t\t\t\t\t\t\t\t\t\t\t<figcaption class=\"widget-image-caption wp-caption-text\">(Original en el MNAC)<\/figcaption>\n\t\t\t\t\t\t\t\t\t\t<\/figure>\n\t\t\t\t\t\t\t\t\t<\/div>\n\t\t\t\t<\/div>\n\t\t\t\t<div class=\"elementor-element elementor-element-9b095d5 elementor-widget elementor-widget-heading\" data-id=\"9b095d5\" data-element_type=\"widget\" data-e-type=\"widget\" data-widget_type=\"heading.default\">\n\t\t\t\t<div class=\"elementor-widget-container\">\n\t\t\t\t\t<h4 class=\"elementor-heading-title elementor-size-default\">Cripta<\/h4>\t\t\t\t<\/div>\n\t\t\t\t<\/div>\n\t\t\t\t<div class=\"elementor-element elementor-element-b75b24e elementor-widget elementor-widget-text-editor\" data-id=\"b75b24e\" data-element_type=\"widget\" data-e-type=\"widget\" data-widget_type=\"text-editor.default\">\n\t\t\t\t<div class=\"elementor-widget-container\">\n\t\t\t\t\t\t\t\t\t<p>La cripta de Santa Maria d Cardet es un espai amb un absis semicircular, al centre del qual s&#8217;obre una finestra sagetera, flanquejada per petits n\u00ednxols quadrangulars la funci\u00f3 de les quals es desconeix. S\u2019hi accedeix per unes escales des de la nau del temple.<\/p>\t\t\t\t\t\t\t\t<\/div>\n\t\t\t\t<\/div>\n\t\t\t\t<div class=\"elementor-element elementor-element-89e9872 elementor-widget elementor-widget-image\" data-id=\"89e9872\" data-element_type=\"widget\" data-e-type=\"widget\" data-widget_type=\"image.default\">\n\t\t\t\t<div class=\"elementor-widget-container\">\n\t\t\t\t\t\t\t\t\t\t\t\t<figure class=\"wp-caption\">\n\t\t\t\t\t\t\t\t\t\t<img loading=\"lazy\" decoding=\"async\" width=\"768\" height=\"511\" src=\"https:\/\/www.elturistatranquil.com\/wp-content\/uploads\/F22-Santa-Maria-de-Cardet-Vall-de-Boi-Foto-Centre-del-Romanic-de-la-Vall-de-Boi.jpg\" class=\"attachment-large size-large wp-image-48565\" alt=\"Santa Maria de Cardet, Vall de Boi (Foto Centre del Rom\u00e0nic de la Vall de Bo\u00ed)\" srcset=\"https:\/\/www.elturistatranquil.com\/wp-content\/uploads\/F22-Santa-Maria-de-Cardet-Vall-de-Boi-Foto-Centre-del-Romanic-de-la-Vall-de-Boi.jpg 768w, https:\/\/www.elturistatranquil.com\/wp-content\/uploads\/F22-Santa-Maria-de-Cardet-Vall-de-Boi-Foto-Centre-del-Romanic-de-la-Vall-de-Boi-339x226.jpg 339w\" sizes=\"(max-width: 768px) 100vw, 768px\" \/>\t\t\t\t\t\t\t\t\t\t\t<figcaption class=\"widget-image-caption wp-caption-text\">(Foto: Centre del Rom\u00e0nic de la Vall de Bo\u00ed)<\/figcaption>\n\t\t\t\t\t\t\t\t\t\t<\/figure>\n\t\t\t\t\t\t\t\t\t<\/div>\n\t\t\t\t<\/div>\n\t\t\t\t<div class=\"elementor-element elementor-element-29a014a elementor-widget elementor-widget-heading\" data-id=\"29a014a\" data-element_type=\"widget\" data-e-type=\"widget\" data-widget_type=\"heading.default\">\n\t\t\t\t<div class=\"elementor-widget-container\">\n\t\t\t\t\t<h2 class=\"elementor-heading-title elementor-size-default\">Esgl\u00e9sia de l\u2019Assumpci\u00f3 de C\u00f3ll<\/h2>\t\t\t\t<\/div>\n\t\t\t\t<\/div>\n\t\t\t\t<div class=\"elementor-element elementor-element-536847b elementor-widget elementor-widget-text-editor\" data-id=\"536847b\" data-element_type=\"widget\" data-e-type=\"widget\" data-widget_type=\"text-editor.default\">\n\t\t\t\t<div class=\"elementor-widget-container\">\n\t\t\t\t\t\t\t\t\t<p>Coordenades: 42\u00b028\u203219\u2033N\u00a00\u00b046\u203222\u2033E. Altitud: 1.148 msnm. Poblaci\u00f3 habitants: 22 (1719), 121 (1900),33 (2000), 31 (2022)<\/p>\t\t\t\t\t\t\t\t<\/div>\n\t\t\t\t<\/div>\n\t\t\t\t<div class=\"elementor-element elementor-element-50da638 elementor-widget elementor-widget-image\" data-id=\"50da638\" data-element_type=\"widget\" data-e-type=\"widget\" data-widget_type=\"image.default\">\n\t\t\t\t<div class=\"elementor-widget-container\">\n\t\t\t\t\t\t\t\t\t\t\t\t<figure class=\"wp-caption\">\n\t\t\t\t\t\t\t\t\t\t<img loading=\"lazy\" decoding=\"async\" width=\"768\" height=\"512\" src=\"https:\/\/www.elturistatranquil.com\/wp-content\/uploads\/F23-Coll-Lleida-Google-earth-2023-02-17.jpg\" class=\"attachment-large size-large wp-image-48567\" alt=\"Coll, Lleida (Google earth 2023-02-17)\" srcset=\"https:\/\/www.elturistatranquil.com\/wp-content\/uploads\/F23-Coll-Lleida-Google-earth-2023-02-17.jpg 768w, https:\/\/www.elturistatranquil.com\/wp-content\/uploads\/F23-Coll-Lleida-Google-earth-2023-02-17-339x226.jpg 339w\" sizes=\"(max-width: 768px) 100vw, 768px\" \/>\t\t\t\t\t\t\t\t\t\t\t<figcaption class=\"widget-image-caption wp-caption-text\">C\u00f3ll (Google earth 2023-02-17)<\/figcaption>\n\t\t\t\t\t\t\t\t\t\t<\/figure>\n\t\t\t\t\t\t\t\t\t<\/div>\n\t\t\t\t<\/div>\n\t\t\t\t<div class=\"elementor-element elementor-element-3cb0dcb elementor-widget elementor-widget-text-editor\" data-id=\"3cb0dcb\" data-element_type=\"widget\" data-e-type=\"widget\" data-widget_type=\"text-editor.default\">\n\t\t\t\t<div class=\"elementor-widget-container\">\n\t\t\t\t\t\t\t\t\t<p>A l\u2019<strong>esgl\u00e9sia parroquial de l\u2019Assumpci\u00f3 de C\u00f3ll<\/strong> finalitzem el recorregut per les nou esgl\u00e9sies rom\u00e0niques de la Vall de Bo\u00ed, Patrimoni Mundial per la UNESCO.<\/p><p>La seva localitzaci\u00f3 es la primera entrant a la vall, malgrat que no es veu des de la carretera ja que queda a uns 400 metres lineals despla\u00e7ada i enlairada cap a nord-oest, seguint uns 2 kil\u00f2metres per la carretera.<\/p><p>La localitat de C\u00f3ll \u00e9s la segona m\u00e9s petita del conjunt, despr\u00e9s de la ve\u00efna Cardet, amb 31 censats actualment, que podien haver arribat hist\u00f2ricament al centenar.<\/p><p>Com ja es va assenyalar al <em>post<\/em> d\u2019<a href=\"https:\/\/www.elturistatranquil.com\/ca\/arquitectura-tradicional-a-la-vall-de-boi-lleida\/#Coll1\" target=\"_blank\" rel=\"noopener\">arquitectura tradicional<\/a>, C\u00f3ll, \u00e9s la \u00fanica poblaci\u00f3 en que la teulada de les cases no \u00e9s de pissarra sin\u00f3 de teules corbes; mentre que a l\u2019absis es va mantenir l\u2019\u00fas de les llosetes de pissarra.\u00a0\u00a0<\/p><p><span style=\"color: var( --e-global-color-text ); font-family: var( --e-global-typography-text-font-family ), Sans-serif; font-weight: var( --e-global-typography-text-font-weight );\">El primer moment constructiu es situaria al segle XI. El temple data del segle XII, probablement del segon ter\u00e7. Constru\u00eft en estil rom\u00e0nic llombard per\u00f2 amb aportacions del rom\u00e0nic ple o segon rom\u00e0nic i, posteriorment, del g\u00f2tic i estils d&#8217;\u00e8poques posteriors. Per la inscripci\u00f3 en una llosa de pissarra trobada al temple es podria datar la consagraci\u00f3 a l\u2019any 1110.<\/span><\/p><p>Segons algunes informacions, hauria format part d\u2019un antic monestir benedict\u00ed, el que explicaria la seva posici\u00f3 allunyada del nucli de poblaci\u00f3.<\/p><p>L\u2019esgl\u00e9sia era d\u2019una sola nau coberta amb volta de can\u00f3 i un absis semicircular.\u00a0<\/p><p>Posteriorment s\u2019al\u00e7\u00e0 el campanar, situant-lo a l\u2019exterior del mur de migdia, a l\u2019extrem est al costat de l\u2019absis.<\/p><p>A la construcci\u00f3 s\u2019hi van afegir dues capelles laterals, la del mur nord coberta amb volta de can\u00f3, i la del mur sud, de factura g\u00f2tica, ocupant la base del campanar.<\/p>\t\t\t\t\t\t\t\t<\/div>\n\t\t\t\t<\/div>\n\t\t\t\t<div class=\"elementor-element elementor-element-974e58c elementor-widget elementor-widget-heading\" data-id=\"974e58c\" data-element_type=\"widget\" data-e-type=\"widget\" data-widget_type=\"heading.default\">\n\t\t\t\t<div class=\"elementor-widget-container\">\n\t\t\t\t\t<h3 class=\"elementor-heading-title elementor-size-default\">L\u2019exterior<\/h3>\t\t\t\t<\/div>\n\t\t\t\t<\/div>\n\t\t\t\t<div class=\"elementor-element elementor-element-5f2294e elementor-widget elementor-widget-text-editor\" data-id=\"5f2294e\" data-element_type=\"widget\" data-e-type=\"widget\" data-widget_type=\"text-editor.default\">\n\t\t\t\t<div class=\"elementor-widget-container\">\n\t\t\t\t\t\t\t\t\t<p>Com esgl\u00e9sia parroquial la seva ubicaci\u00f3 \u00e9s diferencia en que es troba a\u00efllada allunyada uns 200 metres abans d\u2019entrar al caseriu. Ja he dit que aquesta llunyania podria respondre a que hagu\u00e9s format part d\u2019un conjunt mon\u00e0stic proper al poble.<\/p>\t\t\t\t\t\t\t\t<\/div>\n\t\t\t\t<\/div>\n\t\t\t\t<div class=\"elementor-element elementor-element-a793a72 elementor-widget elementor-widget-image\" data-id=\"a793a72\" data-element_type=\"widget\" data-e-type=\"widget\" data-widget_type=\"image.default\">\n\t\t\t\t<div class=\"elementor-widget-container\">\n\t\t\t\t\t\t\t\t\t\t\t\t<figure class=\"wp-caption\">\n\t\t\t\t\t\t\t\t\t\t<img loading=\"lazy\" decoding=\"async\" width=\"768\" height=\"512\" src=\"https:\/\/www.elturistatranquil.com\/wp-content\/uploads\/F24-Assumpcio-de-Coll-Vall-de-Boi.jpg\" class=\"attachment-large size-large wp-image-48569\" alt=\"Assumpcio de Coll, Vall de Boi\" srcset=\"https:\/\/www.elturistatranquil.com\/wp-content\/uploads\/F24-Assumpcio-de-Coll-Vall-de-Boi.jpg 768w, https:\/\/www.elturistatranquil.com\/wp-content\/uploads\/F24-Assumpcio-de-Coll-Vall-de-Boi-339x226.jpg 339w\" sizes=\"(max-width: 768px) 100vw, 768px\" \/>\t\t\t\t\t\t\t\t\t\t\t<figcaption class=\"widget-image-caption wp-caption-text\"><\/figcaption>\n\t\t\t\t\t\t\t\t\t\t<\/figure>\n\t\t\t\t\t\t\t\t\t<\/div>\n\t\t\t\t<\/div>\n\t\t\t\t<div class=\"elementor-element elementor-element-4036fbe elementor-widget elementor-widget-text-editor\" data-id=\"4036fbe\" data-element_type=\"widget\" data-e-type=\"widget\" data-widget_type=\"text-editor.default\">\n\t\t\t\t<div class=\"elementor-widget-container\">\n\t\t\t\t\t\t\t\t\t<p>Pel que fa a l\u2019estructura exterior, l\u2019edifici continua essent una nau rectangular amb un absis semicircular i dos cossos que sobresurten al primer tram de la nau, amb la particularitat de que el que es situa a la cara sud serveix de base on s\u2019al\u00e7a la torre-campanar.<\/p><p>Externament te unes dimensions aproximades de 17 metres de llargada -20 metres amb l\u2019absis-, i uns 7 metres d\u2019amplada<\/p><p>L\u2019estil exterior \u00e9s rom\u00e0nic llombard per\u00f2 m\u00e9s elaborat, tant en l\u2019aparell constructiu de carreus, com en la decoraci\u00f3 de les arquivoltes cegues i en la porta que correspondria al segon rom\u00e0nic, aix\u00ed com la incorporaci\u00f3 d\u2019un \u00f2cul.<\/p><p>Els angles dels peus estan formats per contraforts refor\u00e7ats, tipus lesenes.<\/p>\t\t\t\t\t\t\t\t<\/div>\n\t\t\t\t<\/div>\n\t\t\t\t<div class=\"elementor-element elementor-element-4118e5a elementor-widget elementor-widget-image\" data-id=\"4118e5a\" data-element_type=\"widget\" data-e-type=\"widget\" data-widget_type=\"image.default\">\n\t\t\t\t<div class=\"elementor-widget-container\">\n\t\t\t\t\t\t\t\t\t\t\t\t<figure class=\"wp-caption\">\n\t\t\t\t\t\t\t\t\t\t<img loading=\"lazy\" decoding=\"async\" width=\"768\" height=\"566\" src=\"https:\/\/www.elturistatranquil.com\/wp-content\/uploads\/F25-Assumpcio-de-Coll-Vall-de-Boi.jpg\" class=\"attachment-large size-large wp-image-48571\" alt=\"Assumpcio de Coll, Vall de Boi\" srcset=\"https:\/\/www.elturistatranquil.com\/wp-content\/uploads\/F25-Assumpcio-de-Coll-Vall-de-Boi.jpg 768w, https:\/\/www.elturistatranquil.com\/wp-content\/uploads\/F25-Assumpcio-de-Coll-Vall-de-Boi-307x226.jpg 307w\" sizes=\"(max-width: 768px) 100vw, 768px\" \/>\t\t\t\t\t\t\t\t\t\t\t<figcaption class=\"widget-image-caption wp-caption-text\"><\/figcaption>\n\t\t\t\t\t\t\t\t\t\t<\/figure>\n\t\t\t\t\t\t\t\t\t<\/div>\n\t\t\t\t<\/div>\n\t\t\t\t<div class=\"elementor-element elementor-element-1f12786 elementor-widget elementor-widget-text-editor\" data-id=\"1f12786\" data-element_type=\"widget\" data-e-type=\"widget\" data-widget_type=\"text-editor.default\">\n\t\t\t\t<div class=\"elementor-widget-container\">\n\t\t\t\t\t\t\t\t\t<p>El mur septentrional \u00e9s un llen\u00e7 completament llis sense cap obertura, nom\u00e9s trencat pel sortint d\u2019una capella, de teulada molt m\u00e9s baixa a dues aig\u00fces perpendicular al mur. En planta, aquesta capella interiorment far\u00e0 la funci\u00f3 del bra\u00e7 nord del transsepte.<\/p><p>Sota la cornisa de la teulada segueixen tot el lateral un fris amb decoraci\u00f3 d\u2019arcuacions llombardes cegues que descansen en petites m\u00e8nsules. Les arcuacions s\u00f3n fetes d\u2019un material m\u00e9s rogenc, que refor\u00e7a l\u2019aspecte decoratiu. De les mateixes caracter\u00edstiques seran les de l\u2019altre costat.<\/p><p>Es pot comprovar com l\u2019aparell de carreus es possiblement el de millor qualitat de tot el conjunt de la vall.<\/p>\t\t\t\t\t\t\t\t<\/div>\n\t\t\t\t<\/div>\n\t\t\t\t<div class=\"elementor-element elementor-element-4f614dd elementor-widget elementor-widget-image\" data-id=\"4f614dd\" data-element_type=\"widget\" data-e-type=\"widget\" data-widget_type=\"image.default\">\n\t\t\t\t<div class=\"elementor-widget-container\">\n\t\t\t\t\t\t\t\t\t\t\t\t<figure class=\"wp-caption\">\n\t\t\t\t\t\t\t\t\t\t<img loading=\"lazy\" decoding=\"async\" width=\"768\" height=\"511\" src=\"https:\/\/www.elturistatranquil.com\/wp-content\/uploads\/F26-Assumpcio-de-Coll-Vall-de-Boi.jpg\" class=\"attachment-large size-large wp-image-48576\" alt=\"Assumpcio de Coll, Vall de Boi\" srcset=\"https:\/\/www.elturistatranquil.com\/wp-content\/uploads\/F26-Assumpcio-de-Coll-Vall-de-Boi.jpg 768w, https:\/\/www.elturistatranquil.com\/wp-content\/uploads\/F26-Assumpcio-de-Coll-Vall-de-Boi-339x226.jpg 339w\" sizes=\"(max-width: 768px) 100vw, 768px\" \/>\t\t\t\t\t\t\t\t\t\t\t<figcaption class=\"widget-image-caption wp-caption-text\"><\/figcaption>\n\t\t\t\t\t\t\t\t\t\t<\/figure>\n\t\t\t\t\t\t\t\t\t<\/div>\n\t\t\t\t<\/div>\n\t\t\t\t<div class=\"elementor-element elementor-element-1d88ba2 elementor-widget elementor-widget-image\" data-id=\"1d88ba2\" data-element_type=\"widget\" data-e-type=\"widget\" data-widget_type=\"image.default\">\n\t\t\t\t<div class=\"elementor-widget-container\">\n\t\t\t\t\t\t\t\t\t\t\t\t<figure class=\"wp-caption\">\n\t\t\t\t\t\t\t\t\t\t<img loading=\"lazy\" decoding=\"async\" width=\"768\" height=\"511\" src=\"https:\/\/www.elturistatranquil.com\/wp-content\/uploads\/F27-Assumpcio-de-Coll-Vall-de-Boi.jpg\" class=\"attachment-large size-large wp-image-48578\" alt=\"Assumpcio de Coll, Vall de Boi\" srcset=\"https:\/\/www.elturistatranquil.com\/wp-content\/uploads\/F27-Assumpcio-de-Coll-Vall-de-Boi.jpg 768w, https:\/\/www.elturistatranquil.com\/wp-content\/uploads\/F27-Assumpcio-de-Coll-Vall-de-Boi-339x226.jpg 339w\" sizes=\"(max-width: 768px) 100vw, 768px\" \/>\t\t\t\t\t\t\t\t\t\t\t<figcaption class=\"widget-image-caption wp-caption-text\"><\/figcaption>\n\t\t\t\t\t\t\t\t\t\t<\/figure>\n\t\t\t\t\t\t\t\t\t<\/div>\n\t\t\t\t<\/div>\n\t\t\t\t<div class=\"elementor-element elementor-element-7cf8d2e elementor-widget elementor-widget-text-editor\" data-id=\"7cf8d2e\" data-element_type=\"widget\" data-e-type=\"widget\" data-widget_type=\"text-editor.default\">\n\t\t\t\t<div class=\"elementor-widget-container\">\n\t\t\t\t\t\t\t\t\t<p>Les arquivoltes cegues continuen formant un fris seguint la forma de la teulada a la fa\u00e7ana de ponent i al llarg de tot el mur de migdia.<\/p>\t\t\t\t\t\t\t\t<\/div>\n\t\t\t\t<\/div>\n\t\t\t\t<div class=\"elementor-element elementor-element-bf9c868 elementor-widget elementor-widget-image\" data-id=\"bf9c868\" data-element_type=\"widget\" data-e-type=\"widget\" data-widget_type=\"image.default\">\n\t\t\t\t<div class=\"elementor-widget-container\">\n\t\t\t\t\t\t\t\t\t\t\t\t<figure class=\"wp-caption\">\n\t\t\t\t\t\t\t\t\t\t<img loading=\"lazy\" decoding=\"async\" width=\"768\" height=\"513\" src=\"https:\/\/www.elturistatranquil.com\/wp-content\/uploads\/F28a-Assumpcio-de-Coll-Vall-de-Boi.jpg\" class=\"attachment-large size-large wp-image-48580\" alt=\"Assumpcio de Coll, Vall de Boi\" srcset=\"https:\/\/www.elturistatranquil.com\/wp-content\/uploads\/F28a-Assumpcio-de-Coll-Vall-de-Boi.jpg 768w, https:\/\/www.elturistatranquil.com\/wp-content\/uploads\/F28a-Assumpcio-de-Coll-Vall-de-Boi-339x226.jpg 339w\" sizes=\"(max-width: 768px) 100vw, 768px\" \/>\t\t\t\t\t\t\t\t\t\t\t<figcaption class=\"widget-image-caption wp-caption-text\"><\/figcaption>\n\t\t\t\t\t\t\t\t\t\t<\/figure>\n\t\t\t\t\t\t\t\t\t<\/div>\n\t\t\t\t<\/div>\n\t\t\t\t<div class=\"elementor-element elementor-element-c5e1ccd elementor-widget elementor-widget-text-editor\" data-id=\"c5e1ccd\" data-element_type=\"widget\" data-e-type=\"widget\" data-widget_type=\"text-editor.default\">\n\t\t\t\t<div class=\"elementor-widget-container\">\n\t\t\t\t\t\t\t\t\t<p>A la lesena de l\u2019angle de migdia del mur dels peus s\u2019observa clarament una ampliaci\u00f3 del mur. Es justifica aquesta major amplada per que en aquesta part, per l\u2019interior, si va construir una escala de tipus de cargol encastada al mur, per la qual s\u2019ascendeix al cor afegit als segles XV-XVI.<\/p><p>L\u2019\u00fanica obertura d\u2019il\u00b7luminaci\u00f3 en el murs lateral est\u00e0 en aquest costat, i \u00e9s una finestra d\u2019arc dovellat de mig punt d\u2019aresta viva, molt r\u00fastega.<\/p>\t\t\t\t\t\t\t\t<\/div>\n\t\t\t\t<\/div>\n\t\t\t\t<div class=\"elementor-element elementor-element-2ac8ab3 elementor-widget elementor-widget-image\" data-id=\"2ac8ab3\" data-element_type=\"widget\" data-e-type=\"widget\" data-widget_type=\"image.default\">\n\t\t\t\t<div class=\"elementor-widget-container\">\n\t\t\t\t\t\t\t\t\t\t\t\t<figure class=\"wp-caption\">\n\t\t\t\t\t\t\t\t\t\t<img loading=\"lazy\" decoding=\"async\" width=\"768\" height=\"576\" src=\"https:\/\/www.elturistatranquil.com\/wp-content\/uploads\/F28b-Assumpcio-de-Coll-Vall-de-Boi.jpg\" class=\"attachment-large size-large wp-image-48582\" alt=\"Assumpcio de Coll, Vall de Boi\" srcset=\"https:\/\/www.elturistatranquil.com\/wp-content\/uploads\/F28b-Assumpcio-de-Coll-Vall-de-Boi.jpg 768w, https:\/\/www.elturistatranquil.com\/wp-content\/uploads\/F28b-Assumpcio-de-Coll-Vall-de-Boi-301x226.jpg 301w\" sizes=\"(max-width: 768px) 100vw, 768px\" \/>\t\t\t\t\t\t\t\t\t\t\t<figcaption class=\"widget-image-caption wp-caption-text\"><\/figcaption>\n\t\t\t\t\t\t\t\t\t\t<\/figure>\n\t\t\t\t\t\t\t\t\t<\/div>\n\t\t\t\t<\/div>\n\t\t\t\t<div class=\"elementor-element elementor-element-adfe3d8 elementor-widget elementor-widget-text-editor\" data-id=\"adfe3d8\" data-element_type=\"widget\" data-e-type=\"widget\" data-widget_type=\"text-editor.default\">\n\t\t\t\t<div class=\"elementor-widget-container\">\n\t\t\t\t\t\t\t\t\t<p>Cal pensar que la porta exterior enlairada d\u2019acc\u00e9s al campanar es va obrir quan es va habilitar el primer nivell de la torre com a capella.<\/p>\t\t\t\t\t\t\t\t<\/div>\n\t\t\t\t<\/div>\n\t\t\t\t<div class=\"elementor-element elementor-element-90bd644 elementor-widget elementor-widget-heading\" data-id=\"90bd644\" data-element_type=\"widget\" data-e-type=\"widget\" data-widget_type=\"heading.default\">\n\t\t\t\t<div class=\"elementor-widget-container\">\n\t\t\t\t\t<h4 class=\"elementor-heading-title elementor-size-default\">L\u2019absis<\/h4>\t\t\t\t<\/div>\n\t\t\t\t<\/div>\n\t\t\t\t<div class=\"elementor-element elementor-element-bad6fb6 elementor-widget elementor-widget-text-editor\" data-id=\"bad6fb6\" data-element_type=\"widget\" data-e-type=\"widget\" data-widget_type=\"text-editor.default\">\n\t\t\t\t<div class=\"elementor-widget-container\">\n\t\t\t\t\t\t\t\t\t<p>El fris d\u2019arcuacions cegues continua seguint tota la cornisa de l\u2019absis.<\/p><p>En aquest absis no s\u2019hi veu incorporada cap lesena decorativa.<\/p>\t\t\t\t\t\t\t\t<\/div>\n\t\t\t\t<\/div>\n\t\t\t\t<div class=\"elementor-element elementor-element-61141d0 elementor-widget elementor-widget-image\" data-id=\"61141d0\" data-element_type=\"widget\" data-e-type=\"widget\" data-widget_type=\"image.default\">\n\t\t\t\t<div class=\"elementor-widget-container\">\n\t\t\t\t\t\t\t\t\t\t\t\t<figure class=\"wp-caption\">\n\t\t\t\t\t\t\t\t\t\t<img loading=\"lazy\" decoding=\"async\" width=\"768\" height=\"576\" src=\"https:\/\/www.elturistatranquil.com\/wp-content\/uploads\/F29-Assumpcio-de-Coll-Vall-de-Boi.jpg\" class=\"attachment-large size-large wp-image-48584\" alt=\"Assumpcio de Coll, Vall de Boi\" srcset=\"https:\/\/www.elturistatranquil.com\/wp-content\/uploads\/F29-Assumpcio-de-Coll-Vall-de-Boi.jpg 768w, https:\/\/www.elturistatranquil.com\/wp-content\/uploads\/F29-Assumpcio-de-Coll-Vall-de-Boi-301x226.jpg 301w\" sizes=\"(max-width: 768px) 100vw, 768px\" \/>\t\t\t\t\t\t\t\t\t\t\t<figcaption class=\"widget-image-caption wp-caption-text\"><\/figcaption>\n\t\t\t\t\t\t\t\t\t\t<\/figure>\n\t\t\t\t\t\t\t\t\t<\/div>\n\t\t\t\t<\/div>\n\t\t\t\t<div class=\"elementor-element elementor-element-c44083b elementor-widget elementor-widget-text-editor\" data-id=\"c44083b\" data-element_type=\"widget\" data-e-type=\"widget\" data-widget_type=\"text-editor.default\">\n\t\t\t\t<div class=\"elementor-widget-container\">\n\t\t\t\t\t\t\t\t\t<p>Una \u00fanica obertura \u00e9s de tipus de sagetera extradossada per un arc dovellat de mig punt d\u2019aresta viva, molt r\u00fastega.<\/p>\t\t\t\t\t\t\t\t<\/div>\n\t\t\t\t<\/div>\n\t\t\t\t<div class=\"elementor-element elementor-element-273b636 elementor-widget elementor-widget-image\" data-id=\"273b636\" data-element_type=\"widget\" data-e-type=\"widget\" data-widget_type=\"image.default\">\n\t\t\t\t<div class=\"elementor-widget-container\">\n\t\t\t\t\t\t\t\t\t\t\t\t<figure class=\"wp-caption\">\n\t\t\t\t\t\t\t\t\t\t<img loading=\"lazy\" decoding=\"async\" width=\"768\" height=\"576\" src=\"https:\/\/www.elturistatranquil.com\/wp-content\/uploads\/F30-Assumpcio-de-Coll-Vall-de-Boi.jpg\" class=\"attachment-large size-large wp-image-48589\" alt=\"Assumpcio de Coll, Vall de Boi\" srcset=\"https:\/\/www.elturistatranquil.com\/wp-content\/uploads\/F30-Assumpcio-de-Coll-Vall-de-Boi.jpg 768w, https:\/\/www.elturistatranquil.com\/wp-content\/uploads\/F30-Assumpcio-de-Coll-Vall-de-Boi-301x226.jpg 301w\" sizes=\"(max-width: 768px) 100vw, 768px\" \/>\t\t\t\t\t\t\t\t\t\t\t<figcaption class=\"widget-image-caption wp-caption-text\"><\/figcaption>\n\t\t\t\t\t\t\t\t\t\t<\/figure>\n\t\t\t\t\t\t\t\t\t<\/div>\n\t\t\t\t<\/div>\n\t\t\t\t<div class=\"elementor-element elementor-element-0102a35 elementor-widget elementor-widget-image\" data-id=\"0102a35\" data-element_type=\"widget\" data-e-type=\"widget\" data-widget_type=\"image.default\">\n\t\t\t\t<div class=\"elementor-widget-container\">\n\t\t\t\t\t\t\t\t\t\t\t\t<figure class=\"wp-caption\">\n\t\t\t\t\t\t\t\t\t\t<img loading=\"lazy\" decoding=\"async\" width=\"768\" height=\"511\" src=\"https:\/\/www.elturistatranquil.com\/wp-content\/uploads\/F31-Assumpcio-de-Coll-Vall-de-Boi.jpg\" class=\"attachment-large size-large wp-image-48591\" alt=\"Assumpcio de Coll, Vall de Boi\" srcset=\"https:\/\/www.elturistatranquil.com\/wp-content\/uploads\/F31-Assumpcio-de-Coll-Vall-de-Boi.jpg 768w, https:\/\/www.elturistatranquil.com\/wp-content\/uploads\/F31-Assumpcio-de-Coll-Vall-de-Boi-339x226.jpg 339w\" sizes=\"(max-width: 768px) 100vw, 768px\" \/>\t\t\t\t\t\t\t\t\t\t\t<figcaption class=\"widget-image-caption wp-caption-text\"><\/figcaption>\n\t\t\t\t\t\t\t\t\t\t<\/figure>\n\t\t\t\t\t\t\t\t\t<\/div>\n\t\t\t\t<\/div>\n\t\t\t\t<div class=\"elementor-element elementor-element-1319718 elementor-widget elementor-widget-image\" data-id=\"1319718\" data-element_type=\"widget\" data-e-type=\"widget\" data-widget_type=\"image.default\">\n\t\t\t\t<div class=\"elementor-widget-container\">\n\t\t\t\t\t\t\t\t\t\t\t\t<figure class=\"wp-caption\">\n\t\t\t\t\t\t\t\t\t\t<img loading=\"lazy\" decoding=\"async\" width=\"768\" height=\"511\" src=\"https:\/\/www.elturistatranquil.com\/wp-content\/uploads\/F32-Assumpcio-de-Coll-Vall-de-Boi.jpg\" class=\"attachment-large size-large wp-image-48593\" alt=\"Assumpcio de Coll, Vall de Boi\" srcset=\"https:\/\/www.elturistatranquil.com\/wp-content\/uploads\/F32-Assumpcio-de-Coll-Vall-de-Boi.jpg 768w, https:\/\/www.elturistatranquil.com\/wp-content\/uploads\/F32-Assumpcio-de-Coll-Vall-de-Boi-339x226.jpg 339w\" sizes=\"(max-width: 768px) 100vw, 768px\" \/>\t\t\t\t\t\t\t\t\t\t\t<figcaption class=\"widget-image-caption wp-caption-text\"><\/figcaption>\n\t\t\t\t\t\t\t\t\t\t<\/figure>\n\t\t\t\t\t\t\t\t\t<\/div>\n\t\t\t\t<\/div>\n\t\t\t\t<div class=\"elementor-element elementor-element-97b7ddd elementor-widget elementor-widget-image\" data-id=\"97b7ddd\" data-element_type=\"widget\" data-e-type=\"widget\" data-widget_type=\"image.default\">\n\t\t\t\t<div class=\"elementor-widget-container\">\n\t\t\t\t\t\t\t\t\t\t\t\t<figure class=\"wp-caption\">\n\t\t\t\t\t\t\t\t\t\t<img loading=\"lazy\" decoding=\"async\" width=\"768\" height=\"511\" src=\"https:\/\/www.elturistatranquil.com\/wp-content\/uploads\/F33-Assumpcio-de-Coll-Vall-de-Boi.jpg\" class=\"attachment-large size-large wp-image-48595\" alt=\"Assumpcio de Coll, Vall de Boi\" srcset=\"https:\/\/www.elturistatranquil.com\/wp-content\/uploads\/F33-Assumpcio-de-Coll-Vall-de-Boi.jpg 768w, https:\/\/www.elturistatranquil.com\/wp-content\/uploads\/F33-Assumpcio-de-Coll-Vall-de-Boi-339x226.jpg 339w\" sizes=\"(max-width: 768px) 100vw, 768px\" \/>\t\t\t\t\t\t\t\t\t\t\t<figcaption class=\"widget-image-caption wp-caption-text\"><\/figcaption>\n\t\t\t\t\t\t\t\t\t\t<\/figure>\n\t\t\t\t\t\t\t\t\t<\/div>\n\t\t\t\t<\/div>\n\t\t\t\t<div class=\"elementor-element elementor-element-23bd215 elementor-widget elementor-widget-heading\" data-id=\"23bd215\" data-element_type=\"widget\" data-e-type=\"widget\" data-widget_type=\"heading.default\">\n\t\t\t\t<div class=\"elementor-widget-container\">\n\t\t\t\t\t<h4 class=\"elementor-heading-title elementor-size-default\">La torre-campanar<\/h4>\t\t\t\t<\/div>\n\t\t\t\t<\/div>\n\t\t\t\t<div class=\"elementor-element elementor-element-4e133e0 elementor-widget elementor-widget-text-editor\" data-id=\"4e133e0\" data-element_type=\"widget\" data-e-type=\"widget\" data-widget_type=\"text-editor.default\">\n\t\t\t\t<div class=\"elementor-widget-container\">\n\t\t\t\t\t\t\t\t\t<p>La torre-campanar \u00e9s obra d\u2019una segona fase, comen\u00e7ada en \u00e8poca rom\u00e0nica, i acabada molt m\u00e9s tard, potser cap als segles XV-XVI en estil g\u00f2tic.<\/p><p>\u00c9s de base rectangular, de 4,40 per 5,25 metres, i 20 metres d\u2019al\u00e7ada. Externament dir\u00edem que \u00e9s de tres nivell. El primer s\u2019eleva fins a l\u2019al\u00e7ada del mur de l\u2019esgl\u00e9sia, amb una porta elevada d\u2019acc\u00e9s a la torre. Per sobre de la porta el nivell queda definit per un fris sense cap decoraci\u00f3, solament al costat sud.<\/p><p>Es sobreposen dos nivells amb finestres d\u2019una sola obertura d\u2019arc apuntat tipus g\u00f2tic a cada costat. L\u2019aparell de carreu\u00f3 de la part superior \u00e9s de pitjor qualitat que el de la base, el que marcaria un moment de construcci\u00f3 diferent. La coberta de la torre \u00e9s del mateix estil piramidal amb pissarra que a totes les altres torres de la vall.<\/p><p>La porta d\u2019acc\u00e9s a la torre esta situada per sobre d\u2019una base clarament diferencia en la qualitat i color dels carreus. \u00c9s una porta estreta i allargada que acaba en arc de mig punt amb dovelles. Per accedir-hi era necess\u00e0ria una escala suplet\u00f2ria exterior. Ara s\u2019hi veu una escala met\u00e0l\u00b7lica moderna.<\/p>\t\t\t\t\t\t\t\t<\/div>\n\t\t\t\t<\/div>\n\t\t\t\t<div class=\"elementor-element elementor-element-f5baa35 elementor-widget elementor-widget-image\" data-id=\"f5baa35\" data-element_type=\"widget\" data-e-type=\"widget\" data-widget_type=\"image.default\">\n\t\t\t\t<div class=\"elementor-widget-container\">\n\t\t\t\t\t\t\t\t\t\t\t\t<figure class=\"wp-caption\">\n\t\t\t\t\t\t\t\t\t\t<img loading=\"lazy\" decoding=\"async\" width=\"768\" height=\"576\" src=\"https:\/\/www.elturistatranquil.com\/wp-content\/uploads\/F34-Assumpcio-de-Coll-Vall-de-Boi.jpg\" class=\"attachment-large size-large wp-image-48600\" alt=\"Assumpcio de Coll, Vall de Boi\" srcset=\"https:\/\/www.elturistatranquil.com\/wp-content\/uploads\/F34-Assumpcio-de-Coll-Vall-de-Boi.jpg 768w, https:\/\/www.elturistatranquil.com\/wp-content\/uploads\/F34-Assumpcio-de-Coll-Vall-de-Boi-301x226.jpg 301w\" sizes=\"(max-width: 768px) 100vw, 768px\" \/>\t\t\t\t\t\t\t\t\t\t\t<figcaption class=\"widget-image-caption wp-caption-text\"><\/figcaption>\n\t\t\t\t\t\t\t\t\t\t<\/figure>\n\t\t\t\t\t\t\t\t\t<\/div>\n\t\t\t\t<\/div>\n\t\t\t\t<div class=\"elementor-element elementor-element-4fc0fd8 elementor-widget elementor-widget-image\" data-id=\"4fc0fd8\" data-element_type=\"widget\" data-e-type=\"widget\" data-widget_type=\"image.default\">\n\t\t\t\t<div class=\"elementor-widget-container\">\n\t\t\t\t\t\t\t\t\t\t\t\t<figure class=\"wp-caption\">\n\t\t\t\t\t\t\t\t\t\t<img loading=\"lazy\" decoding=\"async\" width=\"768\" height=\"576\" src=\"https:\/\/www.elturistatranquil.com\/wp-content\/uploads\/F35-Assumpcio-de-Coll-Vall-de-Boi.jpg\" class=\"attachment-large size-large wp-image-48602\" alt=\"Assumpcio de Coll, Vall de Boi\" srcset=\"https:\/\/www.elturistatranquil.com\/wp-content\/uploads\/F35-Assumpcio-de-Coll-Vall-de-Boi.jpg 768w, https:\/\/www.elturistatranquil.com\/wp-content\/uploads\/F35-Assumpcio-de-Coll-Vall-de-Boi-301x226.jpg 301w\" sizes=\"(max-width: 768px) 100vw, 768px\" \/>\t\t\t\t\t\t\t\t\t\t\t<figcaption class=\"widget-image-caption wp-caption-text\"><\/figcaption>\n\t\t\t\t\t\t\t\t\t\t<\/figure>\n\t\t\t\t\t\t\t\t\t<\/div>\n\t\t\t\t<\/div>\n\t\t\t\t<div class=\"elementor-element elementor-element-112595e elementor-widget elementor-widget-text-editor\" data-id=\"112595e\" data-element_type=\"widget\" data-e-type=\"widget\" data-widget_type=\"text-editor.default\">\n\t\t\t\t<div class=\"elementor-widget-container\">\n\t\t\t\t\t\t\t\t\t<p>Actualment hi ha quatre campanes entre 50 i 88 cent\u00edmetres, foses entre 1750 i 1899.<\/p>\t\t\t\t\t\t\t\t<\/div>\n\t\t\t\t<\/div>\n\t\t\t\t<div class=\"elementor-element elementor-element-70d548e elementor-widget elementor-widget-heading\" data-id=\"70d548e\" data-element_type=\"widget\" data-e-type=\"widget\" data-widget_type=\"heading.default\">\n\t\t\t\t<div class=\"elementor-widget-container\">\n\t\t\t\t\t<h5 class=\"elementor-heading-title elementor-size-default\">La porta<\/h5>\t\t\t\t<\/div>\n\t\t\t\t<\/div>\n\t\t\t\t<div class=\"elementor-element elementor-element-2dd77b7 elementor-widget elementor-widget-text-editor\" data-id=\"2dd77b7\" data-element_type=\"widget\" data-e-type=\"widget\" data-widget_type=\"text-editor.default\">\n\t\t\t\t<div class=\"elementor-widget-container\">\n\t\t\t\t\t\t\t\t\t<p>La porta \u00e9s d\u2019estil del rom\u00e0nic ple, bocinada, on s\u2019alternen arquivoltes planes i cil\u00edndriques sobre brancals i columnes. Les columnes amb capitells.<\/p><p>L\u2019envolta una xambrana d\u2019escacat (taquejat jaqu\u00e8s).<\/p><p>Com a element decoratiu, es van construir de pedra de color diferent, m\u00e9s vermellosa, les dues bases de les columnes interiors, els capitells, les arquivoltes cil\u00edndriques, la xambrana i el crism\u00f3.<\/p>\t\t\t\t\t\t\t\t<\/div>\n\t\t\t\t<\/div>\n\t\t\t\t<div class=\"elementor-element elementor-element-4807098 elementor-widget elementor-widget-image\" data-id=\"4807098\" data-element_type=\"widget\" data-e-type=\"widget\" data-widget_type=\"image.default\">\n\t\t\t\t<div class=\"elementor-widget-container\">\n\t\t\t\t\t\t\t\t\t\t\t\t<figure class=\"wp-caption\">\n\t\t\t\t\t\t\t\t\t\t<img loading=\"lazy\" decoding=\"async\" width=\"768\" height=\"511\" src=\"https:\/\/www.elturistatranquil.com\/wp-content\/uploads\/F36-Assumpcio-de-Coll-Vall-de-Boi.jpg\" class=\"attachment-large size-large wp-image-48604\" alt=\"Assumpcio de Coll, Vall de Boi\" srcset=\"https:\/\/www.elturistatranquil.com\/wp-content\/uploads\/F36-Assumpcio-de-Coll-Vall-de-Boi.jpg 768w, https:\/\/www.elturistatranquil.com\/wp-content\/uploads\/F36-Assumpcio-de-Coll-Vall-de-Boi-339x226.jpg 339w\" sizes=\"(max-width: 768px) 100vw, 768px\" \/>\t\t\t\t\t\t\t\t\t\t\t<figcaption class=\"widget-image-caption wp-caption-text\"><\/figcaption>\n\t\t\t\t\t\t\t\t\t\t<\/figure>\n\t\t\t\t\t\t\t\t\t<\/div>\n\t\t\t\t<\/div>\n\t\t\t\t<div class=\"elementor-element elementor-element-bd44070 elementor-widget elementor-widget-image\" data-id=\"bd44070\" data-element_type=\"widget\" data-e-type=\"widget\" data-widget_type=\"image.default\">\n\t\t\t\t<div class=\"elementor-widget-container\">\n\t\t\t\t\t\t\t\t\t\t\t\t<figure class=\"wp-caption\">\n\t\t\t\t\t\t\t\t\t\t<img loading=\"lazy\" decoding=\"async\" width=\"768\" height=\"512\" src=\"https:\/\/www.elturistatranquil.com\/wp-content\/uploads\/F38-Assumpcio-de-Coll-Vall-de-Boi.jpg\" class=\"attachment-large size-large wp-image-48606\" alt=\"Assumpcio de Coll, Vall de Boi\" srcset=\"https:\/\/www.elturistatranquil.com\/wp-content\/uploads\/F38-Assumpcio-de-Coll-Vall-de-Boi.jpg 768w, https:\/\/www.elturistatranquil.com\/wp-content\/uploads\/F38-Assumpcio-de-Coll-Vall-de-Boi-339x226.jpg 339w\" sizes=\"(max-width: 768px) 100vw, 768px\" \/>\t\t\t\t\t\t\t\t\t\t\t<figcaption class=\"widget-image-caption wp-caption-text\"><\/figcaption>\n\t\t\t\t\t\t\t\t\t\t<\/figure>\n\t\t\t\t\t\t\t\t\t<\/div>\n\t\t\t\t<\/div>\n\t\t\t\t<div class=\"elementor-element elementor-element-4cedeef elementor-widget elementor-widget-text-editor\" data-id=\"4cedeef\" data-element_type=\"widget\" data-e-type=\"widget\" data-widget_type=\"text-editor.default\">\n\t\t\t\t<div class=\"elementor-widget-container\">\n\t\t\t\t\t\t\t\t\t<p>Els\u00a0capitells estan esculpits\u00a0amb representacions de lluites entres homes i animals el dos interiors, i amb representacions vegetals els dos exteriors.<\/p>\t\t\t\t\t\t\t\t<\/div>\n\t\t\t\t<\/div>\n\t\t\t\t<section class=\"elementor-section elementor-inner-section elementor-element elementor-element-051deea elementor-section-boxed elementor-section-height-default elementor-section-height-default\" data-id=\"051deea\" data-element_type=\"section\" data-e-type=\"section\">\n\t\t\t\t\t\t<div class=\"elementor-container elementor-column-gap-default\">\n\t\t\t\t\t<div class=\"elementor-column elementor-col-50 elementor-inner-column elementor-element elementor-element-5c0a76a\" data-id=\"5c0a76a\" data-element_type=\"column\" data-e-type=\"column\">\n\t\t\t<div class=\"elementor-widget-wrap elementor-element-populated\">\n\t\t\t\t\t\t<div class=\"elementor-element elementor-element-eda5a9d elementor-widget elementor-widget-image\" data-id=\"eda5a9d\" data-element_type=\"widget\" data-e-type=\"widget\" data-widget_type=\"image.default\">\n\t\t\t\t<div class=\"elementor-widget-container\">\n\t\t\t\t\t\t\t\t\t\t\t\t\t\t\t<img loading=\"lazy\" decoding=\"async\" width=\"380\" height=\"380\" src=\"https:\/\/www.elturistatranquil.com\/wp-content\/uploads\/F39m-Assumpcio-de-Coll-Vall-de-Boi.jpg\" class=\"attachment-large size-large wp-image-48608\" alt=\"Assumpcio de Coll, Vall de Boi\" srcset=\"https:\/\/www.elturistatranquil.com\/wp-content\/uploads\/F39m-Assumpcio-de-Coll-Vall-de-Boi.jpg 380w, https:\/\/www.elturistatranquil.com\/wp-content\/uploads\/F39m-Assumpcio-de-Coll-Vall-de-Boi-226x226.jpg 226w\" sizes=\"(max-width: 380px) 100vw, 380px\" \/>\t\t\t\t\t\t\t\t\t\t\t\t\t\t\t<\/div>\n\t\t\t\t<\/div>\n\t\t\t\t\t<\/div>\n\t\t<\/div>\n\t\t\t\t<div class=\"elementor-column elementor-col-50 elementor-inner-column elementor-element elementor-element-b1f50cf\" data-id=\"b1f50cf\" data-element_type=\"column\" data-e-type=\"column\">\n\t\t\t<div class=\"elementor-widget-wrap elementor-element-populated\">\n\t\t\t\t\t\t<div class=\"elementor-element elementor-element-1242dc8 elementor-widget elementor-widget-image\" data-id=\"1242dc8\" data-element_type=\"widget\" data-e-type=\"widget\" data-widget_type=\"image.default\">\n\t\t\t\t<div class=\"elementor-widget-container\">\n\t\t\t\t\t\t\t\t\t\t\t\t\t\t\t<img loading=\"lazy\" decoding=\"async\" width=\"380\" height=\"380\" src=\"https:\/\/www.elturistatranquil.com\/wp-content\/uploads\/F39n-Assumpcio-de-Coll-Vall-de-Boi.jpg\" class=\"attachment-large size-large wp-image-48610\" alt=\"Assumpcio de Coll, Vall de Boi\" srcset=\"https:\/\/www.elturistatranquil.com\/wp-content\/uploads\/F39n-Assumpcio-de-Coll-Vall-de-Boi.jpg 380w, https:\/\/www.elturistatranquil.com\/wp-content\/uploads\/F39n-Assumpcio-de-Coll-Vall-de-Boi-226x226.jpg 226w\" sizes=\"(max-width: 380px) 100vw, 380px\" \/>\t\t\t\t\t\t\t\t\t\t\t\t\t\t\t<\/div>\n\t\t\t\t<\/div>\n\t\t\t\t\t<\/div>\n\t\t<\/div>\n\t\t\t\t\t<\/div>\n\t\t<\/section>\n\t\t\t\t<div class=\"elementor-element elementor-element-8a08515 elementor-widget elementor-widget-text-editor\" data-id=\"8a08515\" data-element_type=\"widget\" data-e-type=\"widget\" data-widget_type=\"text-editor.default\">\n\t\t\t\t<div class=\"elementor-widget-container\">\n\t\t\t\t\t\t\t\t\t<p>\u00a0<\/p><p>El\u00a0crism\u00f3 d\u2019amunt la porta \u00e9s la pe\u00e7a escult\u00f2rica m\u00e9s elaborada de totes les esgl\u00e9sies.<\/p><p>Al centre, el crism\u00f3 pr\u00f2piament dit,\u00a0 que representa el s\u00edmbol de crist. En aquest cas dels que s\u2019anomena de tipus trinitari. L\u2019envolta un sanefa floral.<\/p><p>Per l\u2019exterior hi ha, a cada costar i de dalt a baix, un ocell, una flor de quatre p\u00e8tals i un bust hum\u00e0 amb un instrument.<\/p>\t\t\t\t\t\t\t\t<\/div>\n\t\t\t\t<\/div>\n\t\t\t\t<div class=\"elementor-element elementor-element-c42cd1c elementor-widget elementor-widget-image\" data-id=\"c42cd1c\" data-element_type=\"widget\" data-e-type=\"widget\" data-widget_type=\"image.default\">\n\t\t\t\t<div class=\"elementor-widget-container\">\n\t\t\t\t\t\t\t\t\t\t\t\t<figure class=\"wp-caption\">\n\t\t\t\t\t\t\t\t\t\t<img loading=\"lazy\" decoding=\"async\" width=\"768\" height=\"511\" src=\"https:\/\/www.elturistatranquil.com\/wp-content\/uploads\/F40-Assumpcio-de-Coll-Vall-de-Boi.jpg\" class=\"attachment-large size-large wp-image-48615\" alt=\"Assumpcio de Coll, Vall de Boi\" srcset=\"https:\/\/www.elturistatranquil.com\/wp-content\/uploads\/F40-Assumpcio-de-Coll-Vall-de-Boi.jpg 768w, https:\/\/www.elturistatranquil.com\/wp-content\/uploads\/F40-Assumpcio-de-Coll-Vall-de-Boi-339x226.jpg 339w\" sizes=\"(max-width: 768px) 100vw, 768px\" \/>\t\t\t\t\t\t\t\t\t\t\t<figcaption class=\"widget-image-caption wp-caption-text\"><\/figcaption>\n\t\t\t\t\t\t\t\t\t\t<\/figure>\n\t\t\t\t\t\t\t\t\t<\/div>\n\t\t\t\t<\/div>\n\t\t\t\t<div class=\"elementor-element elementor-element-1197f03b elementor-widget elementor-widget-text-editor\" data-id=\"1197f03b\" data-element_type=\"widget\" data-e-type=\"widget\" data-widget_type=\"text-editor.default\">\n\t\t\t\t<div class=\"elementor-widget-container\">\n\t\t\t\t\t\t\t\t\t<p>Com en d\u2019altres esgl\u00e9sies de la vall, custodiant l\u2019entrada al temple trobem un forrellat de ferro\u00a0forjat de tipologia rom\u00e0nica tradicional amb el passador acabat, com de costum, amb un cap d\u2019animal.<\/p>\t\t\t\t\t\t\t\t<\/div>\n\t\t\t\t<\/div>\n\t\t\t\t<div class=\"elementor-element elementor-element-d6a0b4c elementor-widget elementor-widget-image\" data-id=\"d6a0b4c\" data-element_type=\"widget\" data-e-type=\"widget\" data-widget_type=\"image.default\">\n\t\t\t\t<div class=\"elementor-widget-container\">\n\t\t\t\t\t\t\t\t\t\t\t\t<figure class=\"wp-caption\">\n\t\t\t\t\t\t\t\t\t\t<img loading=\"lazy\" decoding=\"async\" width=\"768\" height=\"512\" src=\"https:\/\/www.elturistatranquil.com\/wp-content\/uploads\/F41-Assumpcio-de-Coll-Vall-de-Boi.jpg\" class=\"attachment-large size-large wp-image-48617\" alt=\"Assumpcio de Coll, Vall de Boi\" srcset=\"https:\/\/www.elturistatranquil.com\/wp-content\/uploads\/F41-Assumpcio-de-Coll-Vall-de-Boi.jpg 768w, https:\/\/www.elturistatranquil.com\/wp-content\/uploads\/F41-Assumpcio-de-Coll-Vall-de-Boi-339x226.jpg 339w\" sizes=\"(max-width: 768px) 100vw, 768px\" \/>\t\t\t\t\t\t\t\t\t\t\t<figcaption class=\"widget-image-caption wp-caption-text\"><\/figcaption>\n\t\t\t\t\t\t\t\t\t\t<\/figure>\n\t\t\t\t\t\t\t\t\t<\/div>\n\t\t\t\t<\/div>\n\t\t\t\t<div class=\"elementor-element elementor-element-0d77ce9 elementor-widget elementor-widget-heading\" data-id=\"0d77ce9\" data-element_type=\"widget\" data-e-type=\"widget\" data-widget_type=\"heading.default\">\n\t\t\t\t<div class=\"elementor-widget-container\">\n\t\t\t\t\t<h3 class=\"elementor-heading-title elementor-size-default\">L\u2019interior<\/h3>\t\t\t\t<\/div>\n\t\t\t\t<\/div>\n\t\t\t\t<div class=\"elementor-element elementor-element-d38f2ed elementor-widget elementor-widget-heading\" data-id=\"d38f2ed\" data-element_type=\"widget\" data-e-type=\"widget\" data-widget_type=\"heading.default\">\n\t\t\t\t<div class=\"elementor-widget-container\">\n\t\t\t\t\t<h5 class=\"elementor-heading-title elementor-size-default\">La planta<\/h5>\t\t\t\t<\/div>\n\t\t\t\t<\/div>\n\t\t\t\t<div class=\"elementor-element elementor-element-b93f496 elementor-widget elementor-widget-image\" data-id=\"b93f496\" data-element_type=\"widget\" data-e-type=\"widget\" data-widget_type=\"image.default\">\n\t\t\t\t<div class=\"elementor-widget-container\">\n\t\t\t\t\t\t\t\t\t\t\t\t<figure class=\"wp-caption\">\n\t\t\t\t\t\t\t\t\t\t<img loading=\"lazy\" decoding=\"async\" width=\"768\" height=\"514\" src=\"https:\/\/www.elturistatranquil.com\/wp-content\/uploads\/F42-Assumpcio-de-Coll-Vall-de-Boi.jpg\" class=\"attachment-large size-large wp-image-48619\" alt=\"Assumpcio de Coll, Vall de Boi\" srcset=\"https:\/\/www.elturistatranquil.com\/wp-content\/uploads\/F42-Assumpcio-de-Coll-Vall-de-Boi.jpg 768w, https:\/\/www.elturistatranquil.com\/wp-content\/uploads\/F42-Assumpcio-de-Coll-Vall-de-Boi-339x226.jpg 339w\" sizes=\"(max-width: 768px) 100vw, 768px\" \/>\t\t\t\t\t\t\t\t\t\t\t<figcaption class=\"widget-image-caption wp-caption-text\">(Foto: Centre del Rom\u00e0nic de la Vall de Bo\u00ed)<\/figcaption>\n\t\t\t\t\t\t\t\t\t\t<\/figure>\n\t\t\t\t\t\t\t\t\t<\/div>\n\t\t\t\t<\/div>\n\t\t\t\t<div class=\"elementor-element elementor-element-fb8a96c elementor-widget elementor-widget-text-editor\" data-id=\"fb8a96c\" data-element_type=\"widget\" data-e-type=\"widget\" data-widget_type=\"text-editor.default\">\n\t\t\t\t<div class=\"elementor-widget-container\">\n\t\t\t\t\t\t\t\t\t<p>La planta mostra un temple d\u2019una sola nau rectangular de tres trams, amb absis semicircular i un estret presbiteri a la cap\u00e7alera, i l\u2019entrada pels peus. Sabem que posteriorment si van afegir dues capelles al primer tram. Aix\u00f2 fa que, despr\u00e9s d\u2019aquestes modificacions, el resultat de la planta sigui el d\u2019una\u00a0<a href=\"https:\/\/www.elturistatranquil.com\/ca\/esglesies-monestirs-i-ordres-religioses-a-ledat-mitjana\/#b1525\" target=\"_blank\" rel=\"noopener\">planta en \u201cT\u201d amb un absis<\/a>. Malgrat que des de l\u2019interior en al\u00e7at no s\u2019observa la forma de transsepte.<\/p>\t\t\t\t\t\t\t\t<\/div>\n\t\t\t\t<\/div>\n\t\t\t\t<div class=\"elementor-element elementor-element-ae085c0 elementor-widget elementor-widget-image\" data-id=\"ae085c0\" data-element_type=\"widget\" data-e-type=\"widget\" data-widget_type=\"image.default\">\n\t\t\t\t<div class=\"elementor-widget-container\">\n\t\t\t\t\t\t\t\t\t\t\t\t<figure class=\"wp-caption\">\n\t\t\t\t\t\t\t\t\t\t<img loading=\"lazy\" decoding=\"async\" width=\"768\" height=\"511\" src=\"https:\/\/www.elturistatranquil.com\/wp-content\/uploads\/F43-Assumpcio-de-Coll-Vall-de-Boi-Foto.-Centre-del-Romanic.jpg\" class=\"attachment-large size-large wp-image-48621\" alt=\"Assumpcio de Coll, Vall de Boi\" srcset=\"https:\/\/www.elturistatranquil.com\/wp-content\/uploads\/F43-Assumpcio-de-Coll-Vall-de-Boi-Foto.-Centre-del-Romanic.jpg 768w, https:\/\/www.elturistatranquil.com\/wp-content\/uploads\/F43-Assumpcio-de-Coll-Vall-de-Boi-Foto.-Centre-del-Romanic-339x226.jpg 339w\" sizes=\"(max-width: 768px) 100vw, 768px\" \/>\t\t\t\t\t\t\t\t\t\t\t<figcaption class=\"widget-image-caption wp-caption-text\">(Foto: Centre del Rom\u00e0nic de la Vall de Bo\u00ed)<\/figcaption>\n\t\t\t\t\t\t\t\t\t\t<\/figure>\n\t\t\t\t\t\t\t\t\t<\/div>\n\t\t\t\t<\/div>\n\t\t\t\t<div class=\"elementor-element elementor-element-9f71b61 elementor-widget elementor-widget-text-editor\" data-id=\"9f71b61\" data-element_type=\"widget\" data-e-type=\"widget\" data-widget_type=\"text-editor.default\">\n\t\t\t\t<div class=\"elementor-widget-container\">\n\t\t\t\t\t\t\t\t\t<p>S\u2019entra a l\u2019absis semicircular, per un estret arc triomfal presbiteral.<\/p><p>La coberta de la nau \u00e9s de volta de can\u00f3 amb arcs torals de refor\u00e7. Per sobre, con ja hem vis, la teulada es a dues aig\u00fces.<\/p>\t\t\t\t\t\t\t\t<\/div>\n\t\t\t\t<\/div>\n\t\t\t\t<div class=\"elementor-element elementor-element-db9712f elementor-widget elementor-widget-heading\" data-id=\"db9712f\" data-element_type=\"widget\" data-e-type=\"widget\" data-widget_type=\"heading.default\">\n\t\t\t\t<div class=\"elementor-widget-container\">\n\t\t\t\t\t<h4 class=\"elementor-heading-title elementor-size-default\">L\u2019absis<\/h4>\t\t\t\t<\/div>\n\t\t\t\t<\/div>\n\t\t\t\t<div class=\"elementor-element elementor-element-6b02a70 elementor-widget elementor-widget-text-editor\" data-id=\"6b02a70\" data-element_type=\"widget\" data-e-type=\"widget\" data-widget_type=\"text-editor.default\">\n\t\t\t\t<div class=\"elementor-widget-container\">\n\t\t\t\t\t\t\t\t\t<p>L\u2019absis semicircular est\u00e0 cobert per una c\u00fapula de quart d\u2019esfera. Tot ell, amb l\u2019arc triomfal, es presenten en aparell de carreus ben llaurats per\u00f2 de dimensions diferents.<\/p><p>Una sola obertura tipus espitllera amb dovelles, d\u2019una esqueixada a l\u2019interior.<\/p><p>Per sobre de l\u2019arc triomfal un \u00f2cul en forma de creu de bra\u00e7os arrodonits.<\/p>\t\t\t\t\t\t\t\t<\/div>\n\t\t\t\t<\/div>\n\t\t\t\t<div class=\"elementor-element elementor-element-1cdcd33 elementor-widget elementor-widget-heading\" data-id=\"1cdcd33\" data-element_type=\"widget\" data-e-type=\"widget\" data-widget_type=\"heading.default\">\n\t\t\t\t<div class=\"elementor-widget-container\">\n\t\t\t\t\t<h5 class=\"elementor-heading-title elementor-size-default\">La nau<\/h5>\t\t\t\t<\/div>\n\t\t\t\t<\/div>\n\t\t\t\t<div class=\"elementor-element elementor-element-5b50cdd elementor-widget elementor-widget-text-editor\" data-id=\"5b50cdd\" data-element_type=\"widget\" data-e-type=\"widget\" data-widget_type=\"text-editor.default\">\n\t\t\t\t<div class=\"elementor-widget-container\">\n\t\t\t\t\t\t\t\t\t<p>Als dos laterals del primer tram s\u2019hi van afegir dues capelles. Al costat nord un recinte quadrangular amb arc de mig punt que sobresurt pel mur exterior. Al costat sud, sembla que es va obrir la base de la torre amb un gran arc apuntat, fent servir l\u2019interior quadrangular tamb\u00e9 com a capella. D\u2019aqu\u00ed en resulta la forma de transsepte de la planta.<\/p><p>Pel que mostra la fotografia, l\u2019absis es presenta en pedra vista, mentre que la resta de la nau esta enllu\u00efda de blanc, com devien ser els temples en \u00e8poca rom\u00e0nica si no tenien pintures murals.<\/p>\t\t\t\t\t\t\t\t<\/div>\n\t\t\t\t<\/div>\n\t\t\t\t<div class=\"elementor-element elementor-element-909cef7 elementor-widget elementor-widget-heading\" data-id=\"909cef7\" data-element_type=\"widget\" data-e-type=\"widget\" data-widget_type=\"heading.default\">\n\t\t\t\t<div class=\"elementor-widget-container\">\n\t\t\t\t\t<h5 class=\"elementor-heading-title elementor-size-default\">El cor<\/h5>\t\t\t\t<\/div>\n\t\t\t\t<\/div>\n\t\t\t\t<div class=\"elementor-element elementor-element-c027702 elementor-widget elementor-widget-text-editor\" data-id=\"c027702\" data-element_type=\"widget\" data-e-type=\"widget\" data-widget_type=\"text-editor.default\">\n\t\t\t\t<div class=\"elementor-widget-container\">\n\t\t\t\t\t\t\t\t\t<p>Al peus de la nau s\u2019hi va afegir un cor elevat de fusta, on es conserva una barana de traceria g\u00f2tica dels segles XV-XVI.<\/p><p>Per accedir-hi, es va ampliar l\u2019angle sud-oest del mur del temple per poder-hi enquibir una escala de cargol, con es veu representada al pl\u00e0nol de la planta del temple.<\/p>\t\t\t\t\t\t\t\t<\/div>\n\t\t\t\t<\/div>\n\t\t\t\t<div class=\"elementor-element elementor-element-7155341 elementor-widget elementor-widget-image\" data-id=\"7155341\" data-element_type=\"widget\" data-e-type=\"widget\" data-widget_type=\"image.default\">\n\t\t\t\t<div class=\"elementor-widget-container\">\n\t\t\t\t\t\t\t\t\t\t\t\t<figure class=\"wp-caption\">\n\t\t\t\t\t\t\t\t\t\t<img loading=\"lazy\" decoding=\"async\" width=\"768\" height=\"511\" src=\"https:\/\/www.elturistatranquil.com\/wp-content\/uploads\/F44-Assumpcio-de-Coll-Vall-de-Boi-Foto.-Centre-del-Romanic.jpg\" class=\"attachment-large size-large wp-image-48625\" alt=\"Assumpcio de Coll, Vall de Boi (Foto. Centre del Romanic)\" srcset=\"https:\/\/www.elturistatranquil.com\/wp-content\/uploads\/F44-Assumpcio-de-Coll-Vall-de-Boi-Foto.-Centre-del-Romanic.jpg 768w, https:\/\/www.elturistatranquil.com\/wp-content\/uploads\/F44-Assumpcio-de-Coll-Vall-de-Boi-Foto.-Centre-del-Romanic-339x226.jpg 339w\" sizes=\"(max-width: 768px) 100vw, 768px\" \/>\t\t\t\t\t\t\t\t\t\t\t<figcaption class=\"widget-image-caption wp-caption-text\">(Foto: Centre del Rom\u00e0nic de la Vall de Bo\u00ed)<\/figcaption>\n\t\t\t\t\t\t\t\t\t\t<\/figure>\n\t\t\t\t\t\t\t\t\t<\/div>\n\t\t\t\t<\/div>\n\t\t\t\t<div class=\"elementor-element elementor-element-047ee13 elementor-widget elementor-widget-heading\" data-id=\"047ee13\" data-element_type=\"widget\" data-e-type=\"widget\" data-widget_type=\"heading.default\">\n\t\t\t\t<div class=\"elementor-widget-container\">\n\t\t\t\t\t<h5 class=\"elementor-heading-title elementor-size-default\">Les piques<\/h5>\t\t\t\t<\/div>\n\t\t\t\t<\/div>\n\t\t\t\t<div class=\"elementor-element elementor-element-b59426c elementor-widget elementor-widget-text-editor\" data-id=\"b59426c\" data-element_type=\"widget\" data-e-type=\"widget\" data-widget_type=\"text-editor.default\">\n\t\t\t\t<div class=\"elementor-widget-container\">\n\t\t\t\t\t\t\t\t\t<p>A l\u2019interior de l\u2019esgl\u00e9sia encara es conserven les\u00a0tres piques rom\u00e0niques: la <strong>pica baptismal<\/strong>, la <strong>beneitera<\/strong> (pica de l\u2019aigua beneita) i la <strong>pica de l\u2019oli<\/strong>.<\/p><p>En la seva localitzaci\u00f3 can\u00f2nica es troben situades la pica baptismal a l\u2019angle nord-occidental, i la beneitera a prop de la porta d\u2019entrada.<\/p><p>Al costat de la pica baptismal esta situada la pica de l\u2019oli.<\/p><p>Tots tres element de pedra tallada molt toscament.<\/p>\t\t\t\t\t\t\t\t<\/div>\n\t\t\t\t<\/div>\n\t\t\t\t<div class=\"elementor-element elementor-element-0ca58aa elementor-widget elementor-widget-image\" data-id=\"0ca58aa\" data-element_type=\"widget\" data-e-type=\"widget\" data-widget_type=\"image.default\">\n\t\t\t\t<div class=\"elementor-widget-container\">\n\t\t\t\t\t\t\t\t\t\t\t\t<figure class=\"wp-caption\">\n\t\t\t\t\t\t\t\t\t\t<img loading=\"lazy\" decoding=\"async\" width=\"768\" height=\"508\" src=\"https:\/\/www.elturistatranquil.com\/wp-content\/uploads\/F45-Assumpcio-de-Coll-Vall-de-Boi-Foto.-Centre-del-Romanic.jpg\" class=\"attachment-large size-large wp-image-48627\" alt=\"Assumpcio de Coll, Vall de Boi (Foto. Centre del Romanic)\" srcset=\"https:\/\/www.elturistatranquil.com\/wp-content\/uploads\/F45-Assumpcio-de-Coll-Vall-de-Boi-Foto.-Centre-del-Romanic.jpg 768w, https:\/\/www.elturistatranquil.com\/wp-content\/uploads\/F45-Assumpcio-de-Coll-Vall-de-Boi-Foto.-Centre-del-Romanic-339x224.jpg 339w\" sizes=\"(max-width: 768px) 100vw, 768px\" \/>\t\t\t\t\t\t\t\t\t\t\t<figcaption class=\"widget-image-caption wp-caption-text\">(Foto: Centre del Rom\u00e0nic de la Vall de Bo\u00ed)<\/figcaption>\n\t\t\t\t\t\t\t\t\t\t<\/figure>\n\t\t\t\t\t\t\t\t\t<\/div>\n\t\t\t\t<\/div>\n\t\t\t\t<div class=\"elementor-element elementor-element-506e76c elementor-widget elementor-widget-text-editor\" data-id=\"506e76c\" data-element_type=\"widget\" data-e-type=\"widget\" data-widget_type=\"text-editor.default\">\n\t\t\t\t<div class=\"elementor-widget-container\">\n\t\t\t\t\t\t\t\t\t<p>Al museu de Lleida es conserven peces d&#8217;un retaule dedicat a Sant Sadurn\u00ed de principis segle XVI.<\/p>\t\t\t\t\t\t\t\t<\/div>\n\t\t\t\t<\/div>\n\t\t\t\t<div class=\"elementor-element elementor-element-7341604 elementor-widget elementor-widget-heading\" data-id=\"7341604\" data-element_type=\"widget\" data-e-type=\"widget\" data-widget_type=\"heading.default\">\n\t\t\t\t<div class=\"elementor-widget-container\">\n\t\t\t\t\t<h2 class=\"elementor-heading-title elementor-size-default\">Capella de la Pur\u00edssima Concepci\u00f3<\/h2>\t\t\t\t<\/div>\n\t\t\t\t<\/div>\n\t\t\t\t<div class=\"elementor-element elementor-element-feaef58 elementor-widget elementor-widget-text-editor\" data-id=\"feaef58\" data-element_type=\"widget\" data-e-type=\"widget\" data-widget_type=\"text-editor.default\">\n\t\t\t\t<div class=\"elementor-widget-container\">\n\t\t\t\t\t\t\t\t\t<p>Sense formar part del conjunt rom\u00e0nic de la vall, podem fer esment de la petita <strong>capella dedicada \u00a0a la Pur\u00edssima Concepci\u00f3 situada a <\/strong>l\u2019entrada del caseriu.<\/p><p>Adossada a una casa, sobresurt una petita espadanya i una tamb\u00e9 petita campana.\u00a0<\/p><p>Per la tra\u00e7a del gran arc de la fa\u00e7ana podem pensar que aquesta construcci\u00f3 hagu\u00e9s estat un cobert o un humilladero, tapiat posteriorment per convertir-lo en capella que podria servir a les necessitats lit\u00fargiques habituals dels pocs residents.<\/p><p>Tot el conjunt de molt poca qualitat i mal conservat.<\/p>\t\t\t\t\t\t\t\t<\/div>\n\t\t\t\t<\/div>\n\t\t\t\t<div class=\"elementor-element elementor-element-85eba35 elementor-widget elementor-widget-image\" data-id=\"85eba35\" data-element_type=\"widget\" data-e-type=\"widget\" data-widget_type=\"image.default\">\n\t\t\t\t<div class=\"elementor-widget-container\">\n\t\t\t\t\t\t\t\t\t\t\t\t<figure class=\"wp-caption\">\n\t\t\t\t\t\t\t\t\t\t<img loading=\"lazy\" decoding=\"async\" width=\"768\" height=\"512\" src=\"https:\/\/www.elturistatranquil.com\/wp-content\/uploads\/F46-Capella-de-la-Purissima-Concepcio-de-Coll-Vall-de-Boi.jpg\" class=\"attachment-large size-large wp-image-48629\" alt=\"Capella de la Pur\u00edssima Concepci\u00f3 de Coll, Vall de Boi\" srcset=\"https:\/\/www.elturistatranquil.com\/wp-content\/uploads\/F46-Capella-de-la-Purissima-Concepcio-de-Coll-Vall-de-Boi.jpg 768w, https:\/\/www.elturistatranquil.com\/wp-content\/uploads\/F46-Capella-de-la-Purissima-Concepcio-de-Coll-Vall-de-Boi-339x226.jpg 339w\" sizes=\"(max-width: 768px) 100vw, 768px\" \/>\t\t\t\t\t\t\t\t\t\t\t<figcaption class=\"widget-image-caption wp-caption-text\"><\/figcaption>\n\t\t\t\t\t\t\t\t\t\t<\/figure>\n\t\t\t\t\t\t\t\t\t<\/div>\n\t\t\t\t<\/div>\n\t\t\t\t<div class=\"elementor-element elementor-element-b8ff874 elementor-widget elementor-widget-text-editor\" data-id=\"b8ff874\" data-element_type=\"widget\" data-e-type=\"widget\" data-widget_type=\"text-editor.default\">\n\t\t\t\t<div class=\"elementor-widget-container\">\n\t\t\t\t\t\t\t\t\t<p>Les teules cer\u00e0miques s\u00f3n una novetat en aquest recorregut.<\/p>\t\t\t\t\t\t\t\t<\/div>\n\t\t\t\t<\/div>\n\t\t\t\t<div class=\"elementor-element elementor-element-c47272a elementor-widget elementor-widget-image\" data-id=\"c47272a\" data-element_type=\"widget\" data-e-type=\"widget\" data-widget_type=\"image.default\">\n\t\t\t\t<div class=\"elementor-widget-container\">\n\t\t\t\t\t\t\t\t\t\t\t\t<figure class=\"wp-caption\">\n\t\t\t\t\t\t\t\t\t\t<img loading=\"lazy\" decoding=\"async\" width=\"768\" height=\"512\" src=\"https:\/\/www.elturistatranquil.com\/wp-content\/uploads\/F47-Capella-de-la-Purissima-Concepcio-de-Coll-Vall-de-Boi.jpg\" class=\"attachment-large size-large wp-image-48631\" alt=\"Capella de la Pur\u00edssima Concepci\u00f3 de Coll, Vall de Boi\" srcset=\"https:\/\/www.elturistatranquil.com\/wp-content\/uploads\/F47-Capella-de-la-Purissima-Concepcio-de-Coll-Vall-de-Boi.jpg 768w, https:\/\/www.elturistatranquil.com\/wp-content\/uploads\/F47-Capella-de-la-Purissima-Concepcio-de-Coll-Vall-de-Boi-339x226.jpg 339w\" sizes=\"(max-width: 768px) 100vw, 768px\" \/>\t\t\t\t\t\t\t\t\t\t\t<figcaption class=\"widget-image-caption wp-caption-text\"><\/figcaption>\n\t\t\t\t\t\t\t\t\t\t<\/figure>\n\t\t\t\t\t\t\t\t\t<\/div>\n\t\t\t\t<\/div>\n\t\t\t\t<div class=\"elementor-element elementor-element-164f138 elementor-widget elementor-widget-text-editor\" data-id=\"164f138\" data-element_type=\"widget\" data-e-type=\"widget\" data-widget_type=\"text-editor.default\">\n\t\t\t\t<div class=\"elementor-widget-container\">\n\t\t\t\t\t\t\t\t\t<p>A l\u2019interior, tot hi haver-hi un altar i uns bancs, sembla m\u00e9s un magatzem.<\/p>\t\t\t\t\t\t\t\t<\/div>\n\t\t\t\t<\/div>\n\t\t\t\t<div class=\"elementor-element elementor-element-fb4a5ac elementor-widget elementor-widget-heading\" data-id=\"fb4a5ac\" data-element_type=\"widget\" data-e-type=\"widget\" data-widget_type=\"heading.default\">\n\t\t\t\t<div class=\"elementor-widget-container\">\n\t\t\t\t\t<h2 class=\"elementor-heading-title elementor-size-default\">Final del recorregut<\/h2>\t\t\t\t<\/div>\n\t\t\t\t<\/div>\n\t\t\t\t<div class=\"elementor-element elementor-element-720fbe2 elementor-widget elementor-widget-text-editor\" data-id=\"720fbe2\" data-element_type=\"widget\" data-e-type=\"widget\" data-widget_type=\"text-editor.default\">\n\t\t\t\t<div class=\"elementor-widget-container\">\n\t\t\t\t\t\t\t\t\t<p>Acabo aqu\u00ed aquest recorregut que m\u2019ha portat per totes les esgl\u00e9sies rom\u00e0niques de la Vall de Bo\u00ed catalogades coma Patrimoni Mundial per l\u2019UNESCO. Amb l\u2019afegit de l\u2019ermita de Sant Quirc de Ta\u00fcll i la Capella de la Pur\u00edssima Concepci\u00f3 de C\u00f3ll.<\/p><p>Han estat cinc posts en els que he assajat de presentar amb una mica de detall cada un dels temples, despr\u00e9s d\u2019una primera introducci\u00f3 general d\u2019aquest conjunt significatiu d\u2019esgl\u00e9sies rom\u00e0niques rurals que ha perviscut en for\u00e7a bon estat. Sense oblidar l\u2019esfor\u00e7 de rehabilitaci\u00f3 i recondicionament que s\u2019ha realitzat els \u00faltims decennis, prenent com a punt de partida la Missi\u00f3 Arqueol\u00f2gica de 1907.<\/p><p>Hem va semblar que podria ser molt interessant complementar la visita in situ amb la presentaci\u00f3 d\u2019algunes mostres dels original de les pintures que, per a la seva preservaci\u00f3, es van traslladar a principis del segle XX al Museu d\u2019Art de Catalunya (actual MNAC). Aix\u00ed s\u2019enriquiria la visi\u00f3 m\u00e9s propera a l\u2019<em>original<\/em>, de tot el conjunt rom\u00e0nic.<\/p><p>Nom\u00e9s un apunt marginal final. Com el seguidors del <em>Blog<\/em> podran imaginar, valoro extraordin\u00e0riament que aquest conjunt patrimonial es pugui visitar <strong>tots els dies de la setmana i tot l\u2019any<\/strong> (excepte dos dies i mig, per ser precisos). Aquest exemple mostra que si es vol es pot.<\/p>\t\t\t\t\t\t\t\t<\/div>\n\t\t\t\t<\/div>\n\t\t\t\t<div class=\"elementor-element elementor-element-4aac398 elementor-widget elementor-widget-heading\" data-id=\"4aac398\" data-element_type=\"widget\" data-e-type=\"widget\" data-widget_type=\"heading.default\">\n\t\t\t\t<div class=\"elementor-widget-container\">\n\t\t\t\t\t<h2 class=\"elementor-heading-title elementor-size-default\">Bases d\u2019informaci\u00f3<\/h2>\t\t\t\t<\/div>\n\t\t\t\t<\/div>\n\t\t\t\t<div class=\"elementor-element elementor-element-bd5142c elementor-widget elementor-widget-text-editor\" data-id=\"bd5142c\" data-element_type=\"widget\" data-e-type=\"widget\" data-widget_type=\"text-editor.default\">\n\t\t\t\t<div class=\"elementor-widget-container\">\n\t\t\t\t\t\t\t\t\t<p><strong>Webs<\/strong><\/p><p><strong>Santa Maria de Cardet<\/strong><\/p><p><a href=\"https:\/\/www.centreromanic.com\/esglesia\/santa-maria-de-cardet\/\" target=\"_blank\" rel=\"noopener\">centreromanic<\/a><\/p><p><a href=\"https:\/\/whc.unesco.org\/uploads\/nominations\/988.pdf\" target=\"_blank\" rel=\"noopener\">WHC-UNESCO, pp. 65 ss<\/a><\/p><p><a href=\"https:\/\/ca.wikipedia.org\/wiki\/Santa_Maria_de_Cardet\" target=\"_blank\" rel=\"noopener\">wikipedia<\/a><\/p><p><a href=\"https:\/\/www.catalunya.com\/esglesia-de-santa-maria-de-cardet-17-16003-260\" target=\"_blank\" rel=\"noopener\">catalunya.com<\/a><\/p><p><a href=\"https:\/\/www.vallboi.cat\/ca\/esglesia\/santa-maria-de-cardet\" target=\"_blank\" rel=\"noopener\">vallboi<\/a><\/p><p><a href=\"https:\/\/www.catalunyamedieval.es\/esglesia-de-santa-maria-de-cardet-la-vall-de-boi-alta-ribagorca\/\" target=\"_blank\" rel=\"noopener\">catalunyamedieval<\/a><\/p><p><a href=\"http:\/\/campaners.com\/php\/campanar.php?numer=10598\" target=\"_blank\" rel=\"noopener\">campaners<\/a><\/p><p><a href=\"https:\/\/www.museunacional.cat\/ca\/colleccio\/frontal-daltar-de-cardet\/iohannes-taller-de-la-ribagorca\/003903-000\" target=\"_blank\" rel=\"noopener\">MNAC<\/a><\/p><p><strong>Assumpci\u00f3 de C\u00f3ll<\/strong><\/p><p><a href=\"https:\/\/www.centreromanic.com\/esglesia\/lassumpcio-de-coll\/\" target=\"_blank\" rel=\"noopener\">centreromanic<\/a><\/p><p><a href=\"https:\/\/whc.unesco.org\/uploads\/nominations\/988.pdf\" target=\"_blank\" rel=\"noopener\">WHC-UNESCO, pp. 55 ss<\/a><\/p><p><a href=\"https:\/\/ca.wikipedia.org\/wiki\/Santa_Maria_de_C%C3%B3ll\" target=\"_blank\" rel=\"noopener\">wikipedia<\/a><\/p><p><a href=\"https:\/\/www.catalunya.com\/esglesia-de-santa-maria-de-lassumpcio-de-coll-17-16003-263?language=ca\" target=\"_blank\" rel=\"noopener\">catalunya.com<\/a><\/p><p><a href=\"https:\/\/www.vallboi.cat\/ca\/node\/298\" target=\"_blank\" rel=\"noopener\">vallboi<\/a><\/p><p><a href=\"https:\/\/www.catalunyamedieval.es\/esglesia-de-lassumpcio-de-coll-la-vall-de-boi-alta-ribagorca\/\" target=\"_blank\" rel=\"noopener\">catalunyamedieval<\/a><\/p><p><a href=\"http:\/\/campaners.com\/php\/campanar.php?numer=6273\" target=\"_blank\" rel=\"noopener\">campaners<\/a><\/p><p><a href=\"https:\/\/www.urbipedia.org\/hoja\/Iglesia_de_Santa_Mar%C3%ADa_de_la_Asunci%C3%B3n_de_Coll\" target=\"_blank\" rel=\"noopener\">urbipedia<\/a><\/p>\t\t\t\t\t\t\t\t<\/div>\n\t\t\t\t<\/div>\n\t\t\t\t<div class=\"elementor-element elementor-element-904c9eb elementor-widget elementor-widget-text-editor\" data-id=\"904c9eb\" data-element_type=\"widget\" data-e-type=\"widget\" data-widget_type=\"text-editor.default\">\n\t\t\t\t<div class=\"elementor-widget-container\">\n\t\t\t\t\t\t\t\t\t<p><a href=\"https:\/\/www.elturistatranquil.com\/ca\/esglesies-romaniques-de-sant-feliu-de-barruera-i-de-la-nativitat-i-sant-quirc-de-durro-vall-de-boi-4\/\" target=\"_blank\" rel=\"noopener\"><strong>ANTERIOR<\/strong><\/a><\/p>\t\t\t\t\t\t\t\t<\/div>\n\t\t\t\t<\/div>\n\t\t\t\t\t<\/div>\n\t\t<\/div>\n\t\t\t\t\t<\/div>\n\t\t<\/section>\n\t\t\t\t<\/div>\n\t\t","protected":false},"excerpt":{"rendered":"<p>\u00daltim lliurament (5) de la s\u00e8rie de posts sobre les esgl\u00e9sies rom\u00e0niques de la Vall de Bo\u00ed patrimoni Mundial de la UNESCO, dedicat a les esgl\u00e9sies de Santa Maria de &#8230; <a title=\"Esgl\u00e9sies rom\u00e0niques de Santa Maria de Cardet\u200b i Assumpci\u00f3\u00a0de C\u00f3ll\u200b (Vall de Bo\u00ed) (i 5)\" class=\"read-more\" href=\"https:\/\/www.elturistatranquil.com\/ca\/esglesies-romaniques-de-santa-maria-de-cardet-i-assumpcio-de-coll-vall-de-boi-i-5\/\" aria-label=\"M\u00e9s informaci\u00f3 sobre Esgl\u00e9sies rom\u00e0niques de Santa Maria de Cardet\u200b i Assumpci\u00f3\u00a0de C\u00f3ll\u200b (Vall de Bo\u00ed) (i 5)\">[ &#8230; ]<\/a><\/p>\n","protected":false},"author":1,"featured_media":48645,"comment_status":"open","ping_status":"closed","sticky":false,"template":"","format":"standard","meta":{"footnotes":""},"categories":[72,74,78,145,83,87,128,208,104],"tags":[],"class_list":["post-48658","post","type-post","status-publish","format-standard","has-post-thumbnail","hentry","category-arquitectura-religiosa-ca","category-barroc","category-cultura-rural-ca","category-edat-mitjana","category-historia-ca","category-joies-al-territori","category-lleida-ca","category-patrimoni-mundial","category-preromanic-ca","infinite-scroll-item","generate-columns","tablet-grid-50","mobile-grid-100","grid-parent","grid-50","no-featured-image-padding"],"yoast_head":"<!-- This site is optimized with the Yoast SEO plugin v27.4 - https:\/\/yoast.com\/product\/yoast-seo-wordpress\/ -->\n<title>Esgl\u00e9sies rom\u00e0niques de Santa Maria de Cardet\u200b i Assumpci\u00f3\u00a0de C\u00f3ll\u200b (Vall de Bo\u00ed) (i 5) - El turista tranquil<\/title>\n<meta name=\"description\" content=\"\u00daltim lliurament (5) de la s\u00e8rie de posts sobre les esgl\u00e9sies rom\u00e0niques de la Vall de Bo\u00ed patrimoni Mundial de la UNESCO, dedicat a les esgl\u00e9sies de Santa Maria de Cardet i Assumpci\u00f3 de C\u00f3ll.\" \/>\n<meta name=\"robots\" content=\"index, follow, max-snippet:-1, max-image-preview:large, max-video-preview:-1\" \/>\n<link rel=\"canonical\" href=\"https:\/\/www.elturistatranquil.com\/ca\/esglesies-romaniques-de-santa-maria-de-cardet-i-assumpcio-de-coll-vall-de-boi-i-5\/\" \/>\n<meta property=\"og:locale\" content=\"ca_ES\" \/>\n<meta property=\"og:type\" content=\"article\" \/>\n<meta property=\"og:title\" content=\"Esgl\u00e9sies rom\u00e0niques de Santa Maria de Cardet\u200b i Assumpci\u00f3\u00a0de C\u00f3ll\u200b (Vall de Bo\u00ed) (i 5) - El turista tranquil\" \/>\n<meta property=\"og:description\" content=\"\u00daltim lliurament (5) de la s\u00e8rie de posts sobre les esgl\u00e9sies rom\u00e0niques de la Vall de Bo\u00ed patrimoni Mundial de la UNESCO, dedicat a les esgl\u00e9sies de Santa Maria de Cardet i Assumpci\u00f3 de C\u00f3ll.\" \/>\n<meta property=\"og:url\" content=\"https:\/\/www.elturistatranquil.com\/ca\/esglesies-romaniques-de-santa-maria-de-cardet-i-assumpcio-de-coll-vall-de-boi-i-5\/\" \/>\n<meta property=\"og:site_name\" content=\"El turista tranquil\" \/>\n<meta property=\"article:publisher\" content=\"https:\/\/www.facebook.com\/elturistatranquilo\/\" \/>\n<meta property=\"article:published_time\" content=\"2023-08-19T09:06:28+00:00\" \/>\n<meta property=\"article:modified_time\" content=\"2023-08-24T09:29:38+00:00\" \/>\n<meta property=\"og:image\" content=\"https:\/\/www.elturistatranquil.com\/wp-content\/uploads\/F00-Assumpcio-de-Coll-Vall-de-Boi.jpg\" \/>\n\t<meta property=\"og:image:width\" content=\"768\" \/>\n\t<meta property=\"og:image:height\" content=\"512\" \/>\n\t<meta property=\"og:image:type\" content=\"image\/jpeg\" \/>\n<meta name=\"author\" content=\"admin\" \/>\n<meta name=\"twitter:card\" content=\"summary_large_image\" \/>\n<meta name=\"twitter:label1\" content=\"Escrit per\" \/>\n\t<meta name=\"twitter:data1\" content=\"admin\" \/>\n\t<meta name=\"twitter:label2\" content=\"Temps estimat de lectura\" \/>\n\t<meta name=\"twitter:data2\" content=\"30 minuts\" \/>\n<script type=\"application\/ld+json\" class=\"yoast-schema-graph\">{\"@context\":\"https:\\\/\\\/schema.org\",\"@graph\":[{\"@type\":\"Article\",\"@id\":\"https:\\\/\\\/www.elturistatranquil.com\\\/ca\\\/esglesies-romaniques-de-santa-maria-de-cardet-i-assumpcio-de-coll-vall-de-boi-i-5\\\/#article\",\"isPartOf\":{\"@id\":\"https:\\\/\\\/www.elturistatranquil.com\\\/ca\\\/esglesies-romaniques-de-santa-maria-de-cardet-i-assumpcio-de-coll-vall-de-boi-i-5\\\/\"},\"author\":{\"name\":\"admin\",\"@id\":\"https:\\\/\\\/www.elturistatranquil.com\\\/ca\\\/#\\\/schema\\\/person\\\/16f607c3079b96ed0c530a52e6b58bb5\"},\"headline\":\"Esgl\u00e9sies rom\u00e0niques de Santa Maria de Cardet\u200b i Assumpci\u00f3\u00a0de C\u00f3ll\u200b (Vall de Bo\u00ed) (i 5)\",\"datePublished\":\"2023-08-19T09:06:28+00:00\",\"dateModified\":\"2023-08-24T09:29:38+00:00\",\"mainEntityOfPage\":{\"@id\":\"https:\\\/\\\/www.elturistatranquil.com\\\/ca\\\/esglesies-romaniques-de-santa-maria-de-cardet-i-assumpcio-de-coll-vall-de-boi-i-5\\\/\"},\"wordCount\":3998,\"commentCount\":0,\"image\":{\"@id\":\"https:\\\/\\\/www.elturistatranquil.com\\\/ca\\\/esglesies-romaniques-de-santa-maria-de-cardet-i-assumpcio-de-coll-vall-de-boi-i-5\\\/#primaryimage\"},\"thumbnailUrl\":\"https:\\\/\\\/www.elturistatranquil.com\\\/wp-content\\\/uploads\\\/F00-Assumpcio-de-Coll-Vall-de-Boi.jpg\",\"articleSection\":[\"Arquitectura religiosa\",\"Barroc\",\"Cultura rural\",\"Edat mitjana\",\"Hist\u00f2ria\",\"Joies al territori\",\"Lleida\",\"Patrimoni mundial\",\"Rom\u00e0nic\"],\"inLanguage\":\"ca\",\"potentialAction\":[{\"@type\":\"CommentAction\",\"name\":\"Comment\",\"target\":[\"https:\\\/\\\/www.elturistatranquil.com\\\/ca\\\/esglesies-romaniques-de-santa-maria-de-cardet-i-assumpcio-de-coll-vall-de-boi-i-5\\\/#respond\"]}]},{\"@type\":\"WebPage\",\"@id\":\"https:\\\/\\\/www.elturistatranquil.com\\\/ca\\\/esglesies-romaniques-de-santa-maria-de-cardet-i-assumpcio-de-coll-vall-de-boi-i-5\\\/\",\"url\":\"https:\\\/\\\/www.elturistatranquil.com\\\/ca\\\/esglesies-romaniques-de-santa-maria-de-cardet-i-assumpcio-de-coll-vall-de-boi-i-5\\\/\",\"name\":\"Esgl\u00e9sies rom\u00e0niques de Santa Maria de Cardet\u200b i Assumpci\u00f3\u00a0de C\u00f3ll\u200b (Vall de Bo\u00ed) (i 5) - El turista tranquil\",\"isPartOf\":{\"@id\":\"https:\\\/\\\/www.elturistatranquil.com\\\/ca\\\/#website\"},\"primaryImageOfPage\":{\"@id\":\"https:\\\/\\\/www.elturistatranquil.com\\\/ca\\\/esglesies-romaniques-de-santa-maria-de-cardet-i-assumpcio-de-coll-vall-de-boi-i-5\\\/#primaryimage\"},\"image\":{\"@id\":\"https:\\\/\\\/www.elturistatranquil.com\\\/ca\\\/esglesies-romaniques-de-santa-maria-de-cardet-i-assumpcio-de-coll-vall-de-boi-i-5\\\/#primaryimage\"},\"thumbnailUrl\":\"https:\\\/\\\/www.elturistatranquil.com\\\/wp-content\\\/uploads\\\/F00-Assumpcio-de-Coll-Vall-de-Boi.jpg\",\"datePublished\":\"2023-08-19T09:06:28+00:00\",\"dateModified\":\"2023-08-24T09:29:38+00:00\",\"author\":{\"@id\":\"https:\\\/\\\/www.elturistatranquil.com\\\/ca\\\/#\\\/schema\\\/person\\\/16f607c3079b96ed0c530a52e6b58bb5\"},\"description\":\"\u00daltim lliurament (5) de la s\u00e8rie de posts sobre les esgl\u00e9sies rom\u00e0niques de la Vall de Bo\u00ed patrimoni Mundial de la UNESCO, dedicat a les esgl\u00e9sies de Santa Maria de Cardet i Assumpci\u00f3 de C\u00f3ll.\",\"breadcrumb\":{\"@id\":\"https:\\\/\\\/www.elturistatranquil.com\\\/ca\\\/esglesies-romaniques-de-santa-maria-de-cardet-i-assumpcio-de-coll-vall-de-boi-i-5\\\/#breadcrumb\"},\"inLanguage\":\"ca\",\"potentialAction\":[{\"@type\":\"ReadAction\",\"target\":[\"https:\\\/\\\/www.elturistatranquil.com\\\/ca\\\/esglesies-romaniques-de-santa-maria-de-cardet-i-assumpcio-de-coll-vall-de-boi-i-5\\\/\"]}]},{\"@type\":\"ImageObject\",\"inLanguage\":\"ca\",\"@id\":\"https:\\\/\\\/www.elturistatranquil.com\\\/ca\\\/esglesies-romaniques-de-santa-maria-de-cardet-i-assumpcio-de-coll-vall-de-boi-i-5\\\/#primaryimage\",\"url\":\"https:\\\/\\\/www.elturistatranquil.com\\\/wp-content\\\/uploads\\\/F00-Assumpcio-de-Coll-Vall-de-Boi.jpg\",\"contentUrl\":\"https:\\\/\\\/www.elturistatranquil.com\\\/wp-content\\\/uploads\\\/F00-Assumpcio-de-Coll-Vall-de-Boi.jpg\",\"width\":768,\"height\":512,\"caption\":\"Assumpcio de Coll, Vall de Boi\"},{\"@type\":\"BreadcrumbList\",\"@id\":\"https:\\\/\\\/www.elturistatranquil.com\\\/ca\\\/esglesies-romaniques-de-santa-maria-de-cardet-i-assumpcio-de-coll-vall-de-boi-i-5\\\/#breadcrumb\",\"itemListElement\":[{\"@type\":\"ListItem\",\"position\":1,\"name\":\"Portada\",\"item\":\"https:\\\/\\\/www.elturistatranquil.com\\\/ca\\\/\"},{\"@type\":\"ListItem\",\"position\":2,\"name\":\"Esgl\u00e9sies rom\u00e0niques de Santa Maria de Cardet\u200b i Assumpci\u00f3\u00a0de C\u00f3ll\u200b (Vall de Bo\u00ed) (i 5)\"}]},{\"@type\":\"WebSite\",\"@id\":\"https:\\\/\\\/www.elturistatranquil.com\\\/ca\\\/#website\",\"url\":\"https:\\\/\\\/www.elturistatranquil.com\\\/ca\\\/\",\"name\":\"El turista tranquil\",\"description\":\"Blog de viatges\",\"potentialAction\":[{\"@type\":\"SearchAction\",\"target\":{\"@type\":\"EntryPoint\",\"urlTemplate\":\"https:\\\/\\\/www.elturistatranquil.com\\\/ca\\\/?s={search_term_string}\"},\"query-input\":{\"@type\":\"PropertyValueSpecification\",\"valueRequired\":true,\"valueName\":\"search_term_string\"}}],\"inLanguage\":\"ca\"},{\"@type\":\"Person\",\"@id\":\"https:\\\/\\\/www.elturistatranquil.com\\\/ca\\\/#\\\/schema\\\/person\\\/16f607c3079b96ed0c530a52e6b58bb5\",\"name\":\"admin\",\"image\":{\"@type\":\"ImageObject\",\"inLanguage\":\"ca\",\"@id\":\"https:\\\/\\\/secure.gravatar.com\\\/avatar\\\/1fbaf22aee75fcbb29a2f97b107f95d25d3a19b7c3416105be10269872673e8d?s=96&d=mm&r=g\",\"url\":\"https:\\\/\\\/secure.gravatar.com\\\/avatar\\\/1fbaf22aee75fcbb29a2f97b107f95d25d3a19b7c3416105be10269872673e8d?s=96&d=mm&r=g\",\"contentUrl\":\"https:\\\/\\\/secure.gravatar.com\\\/avatar\\\/1fbaf22aee75fcbb29a2f97b107f95d25d3a19b7c3416105be10269872673e8d?s=96&d=mm&r=g\",\"caption\":\"admin\"}}]}<\/script>\n<!-- \/ Yoast SEO plugin. -->","yoast_head_json":{"title":"Esgl\u00e9sies rom\u00e0niques de Santa Maria de Cardet\u200b i Assumpci\u00f3\u00a0de C\u00f3ll\u200b (Vall de Bo\u00ed) (i 5) - El turista tranquil","description":"\u00daltim lliurament (5) de la s\u00e8rie de posts sobre les esgl\u00e9sies rom\u00e0niques de la Vall de Bo\u00ed patrimoni Mundial de la UNESCO, dedicat a les esgl\u00e9sies de Santa Maria de Cardet i Assumpci\u00f3 de C\u00f3ll.","robots":{"index":"index","follow":"follow","max-snippet":"max-snippet:-1","max-image-preview":"max-image-preview:large","max-video-preview":"max-video-preview:-1"},"canonical":"https:\/\/www.elturistatranquil.com\/ca\/esglesies-romaniques-de-santa-maria-de-cardet-i-assumpcio-de-coll-vall-de-boi-i-5\/","og_locale":"ca_ES","og_type":"article","og_title":"Esgl\u00e9sies rom\u00e0niques de Santa Maria de Cardet\u200b i Assumpci\u00f3\u00a0de C\u00f3ll\u200b (Vall de Bo\u00ed) (i 5) - El turista tranquil","og_description":"\u00daltim lliurament (5) de la s\u00e8rie de posts sobre les esgl\u00e9sies rom\u00e0niques de la Vall de Bo\u00ed patrimoni Mundial de la UNESCO, dedicat a les esgl\u00e9sies de Santa Maria de Cardet i Assumpci\u00f3 de C\u00f3ll.","og_url":"https:\/\/www.elturistatranquil.com\/ca\/esglesies-romaniques-de-santa-maria-de-cardet-i-assumpcio-de-coll-vall-de-boi-i-5\/","og_site_name":"El turista tranquil","article_publisher":"https:\/\/www.facebook.com\/elturistatranquilo\/","article_published_time":"2023-08-19T09:06:28+00:00","article_modified_time":"2023-08-24T09:29:38+00:00","og_image":[{"width":768,"height":512,"url":"https:\/\/www.elturistatranquil.com\/wp-content\/uploads\/F00-Assumpcio-de-Coll-Vall-de-Boi.jpg","type":"image\/jpeg"}],"author":"admin","twitter_card":"summary_large_image","twitter_misc":{"Escrit per":"admin","Temps estimat de lectura":"30 minuts"},"schema":{"@context":"https:\/\/schema.org","@graph":[{"@type":"Article","@id":"https:\/\/www.elturistatranquil.com\/ca\/esglesies-romaniques-de-santa-maria-de-cardet-i-assumpcio-de-coll-vall-de-boi-i-5\/#article","isPartOf":{"@id":"https:\/\/www.elturistatranquil.com\/ca\/esglesies-romaniques-de-santa-maria-de-cardet-i-assumpcio-de-coll-vall-de-boi-i-5\/"},"author":{"name":"admin","@id":"https:\/\/www.elturistatranquil.com\/ca\/#\/schema\/person\/16f607c3079b96ed0c530a52e6b58bb5"},"headline":"Esgl\u00e9sies rom\u00e0niques de Santa Maria de Cardet\u200b i Assumpci\u00f3\u00a0de C\u00f3ll\u200b (Vall de Bo\u00ed) (i 5)","datePublished":"2023-08-19T09:06:28+00:00","dateModified":"2023-08-24T09:29:38+00:00","mainEntityOfPage":{"@id":"https:\/\/www.elturistatranquil.com\/ca\/esglesies-romaniques-de-santa-maria-de-cardet-i-assumpcio-de-coll-vall-de-boi-i-5\/"},"wordCount":3998,"commentCount":0,"image":{"@id":"https:\/\/www.elturistatranquil.com\/ca\/esglesies-romaniques-de-santa-maria-de-cardet-i-assumpcio-de-coll-vall-de-boi-i-5\/#primaryimage"},"thumbnailUrl":"https:\/\/www.elturistatranquil.com\/wp-content\/uploads\/F00-Assumpcio-de-Coll-Vall-de-Boi.jpg","articleSection":["Arquitectura religiosa","Barroc","Cultura rural","Edat mitjana","Hist\u00f2ria","Joies al territori","Lleida","Patrimoni mundial","Rom\u00e0nic"],"inLanguage":"ca","potentialAction":[{"@type":"CommentAction","name":"Comment","target":["https:\/\/www.elturistatranquil.com\/ca\/esglesies-romaniques-de-santa-maria-de-cardet-i-assumpcio-de-coll-vall-de-boi-i-5\/#respond"]}]},{"@type":"WebPage","@id":"https:\/\/www.elturistatranquil.com\/ca\/esglesies-romaniques-de-santa-maria-de-cardet-i-assumpcio-de-coll-vall-de-boi-i-5\/","url":"https:\/\/www.elturistatranquil.com\/ca\/esglesies-romaniques-de-santa-maria-de-cardet-i-assumpcio-de-coll-vall-de-boi-i-5\/","name":"Esgl\u00e9sies rom\u00e0niques de Santa Maria de Cardet\u200b i Assumpci\u00f3\u00a0de C\u00f3ll\u200b (Vall de Bo\u00ed) (i 5) - El turista tranquil","isPartOf":{"@id":"https:\/\/www.elturistatranquil.com\/ca\/#website"},"primaryImageOfPage":{"@id":"https:\/\/www.elturistatranquil.com\/ca\/esglesies-romaniques-de-santa-maria-de-cardet-i-assumpcio-de-coll-vall-de-boi-i-5\/#primaryimage"},"image":{"@id":"https:\/\/www.elturistatranquil.com\/ca\/esglesies-romaniques-de-santa-maria-de-cardet-i-assumpcio-de-coll-vall-de-boi-i-5\/#primaryimage"},"thumbnailUrl":"https:\/\/www.elturistatranquil.com\/wp-content\/uploads\/F00-Assumpcio-de-Coll-Vall-de-Boi.jpg","datePublished":"2023-08-19T09:06:28+00:00","dateModified":"2023-08-24T09:29:38+00:00","author":{"@id":"https:\/\/www.elturistatranquil.com\/ca\/#\/schema\/person\/16f607c3079b96ed0c530a52e6b58bb5"},"description":"\u00daltim lliurament (5) de la s\u00e8rie de posts sobre les esgl\u00e9sies rom\u00e0niques de la Vall de Bo\u00ed patrimoni Mundial de la UNESCO, dedicat a les esgl\u00e9sies de Santa Maria de Cardet i Assumpci\u00f3 de C\u00f3ll.","breadcrumb":{"@id":"https:\/\/www.elturistatranquil.com\/ca\/esglesies-romaniques-de-santa-maria-de-cardet-i-assumpcio-de-coll-vall-de-boi-i-5\/#breadcrumb"},"inLanguage":"ca","potentialAction":[{"@type":"ReadAction","target":["https:\/\/www.elturistatranquil.com\/ca\/esglesies-romaniques-de-santa-maria-de-cardet-i-assumpcio-de-coll-vall-de-boi-i-5\/"]}]},{"@type":"ImageObject","inLanguage":"ca","@id":"https:\/\/www.elturistatranquil.com\/ca\/esglesies-romaniques-de-santa-maria-de-cardet-i-assumpcio-de-coll-vall-de-boi-i-5\/#primaryimage","url":"https:\/\/www.elturistatranquil.com\/wp-content\/uploads\/F00-Assumpcio-de-Coll-Vall-de-Boi.jpg","contentUrl":"https:\/\/www.elturistatranquil.com\/wp-content\/uploads\/F00-Assumpcio-de-Coll-Vall-de-Boi.jpg","width":768,"height":512,"caption":"Assumpcio de Coll, Vall de Boi"},{"@type":"BreadcrumbList","@id":"https:\/\/www.elturistatranquil.com\/ca\/esglesies-romaniques-de-santa-maria-de-cardet-i-assumpcio-de-coll-vall-de-boi-i-5\/#breadcrumb","itemListElement":[{"@type":"ListItem","position":1,"name":"Portada","item":"https:\/\/www.elturistatranquil.com\/ca\/"},{"@type":"ListItem","position":2,"name":"Esgl\u00e9sies rom\u00e0niques de Santa Maria de Cardet\u200b i Assumpci\u00f3\u00a0de C\u00f3ll\u200b (Vall de Bo\u00ed) (i 5)"}]},{"@type":"WebSite","@id":"https:\/\/www.elturistatranquil.com\/ca\/#website","url":"https:\/\/www.elturistatranquil.com\/ca\/","name":"El turista tranquil","description":"Blog de viatges","potentialAction":[{"@type":"SearchAction","target":{"@type":"EntryPoint","urlTemplate":"https:\/\/www.elturistatranquil.com\/ca\/?s={search_term_string}"},"query-input":{"@type":"PropertyValueSpecification","valueRequired":true,"valueName":"search_term_string"}}],"inLanguage":"ca"},{"@type":"Person","@id":"https:\/\/www.elturistatranquil.com\/ca\/#\/schema\/person\/16f607c3079b96ed0c530a52e6b58bb5","name":"admin","image":{"@type":"ImageObject","inLanguage":"ca","@id":"https:\/\/secure.gravatar.com\/avatar\/1fbaf22aee75fcbb29a2f97b107f95d25d3a19b7c3416105be10269872673e8d?s=96&d=mm&r=g","url":"https:\/\/secure.gravatar.com\/avatar\/1fbaf22aee75fcbb29a2f97b107f95d25d3a19b7c3416105be10269872673e8d?s=96&d=mm&r=g","contentUrl":"https:\/\/secure.gravatar.com\/avatar\/1fbaf22aee75fcbb29a2f97b107f95d25d3a19b7c3416105be10269872673e8d?s=96&d=mm&r=g","caption":"admin"}}]}},"_links":{"self":[{"href":"https:\/\/www.elturistatranquil.com\/ca\/wp-json\/wp\/v2\/posts\/48658","targetHints":{"allow":["GET"]}}],"collection":[{"href":"https:\/\/www.elturistatranquil.com\/ca\/wp-json\/wp\/v2\/posts"}],"about":[{"href":"https:\/\/www.elturistatranquil.com\/ca\/wp-json\/wp\/v2\/types\/post"}],"author":[{"embeddable":true,"href":"https:\/\/www.elturistatranquil.com\/ca\/wp-json\/wp\/v2\/users\/1"}],"replies":[{"embeddable":true,"href":"https:\/\/www.elturistatranquil.com\/ca\/wp-json\/wp\/v2\/comments?post=48658"}],"version-history":[{"count":5,"href":"https:\/\/www.elturistatranquil.com\/ca\/wp-json\/wp\/v2\/posts\/48658\/revisions"}],"predecessor-version":[{"id":48690,"href":"https:\/\/www.elturistatranquil.com\/ca\/wp-json\/wp\/v2\/posts\/48658\/revisions\/48690"}],"wp:featuredmedia":[{"embeddable":true,"href":"https:\/\/www.elturistatranquil.com\/ca\/wp-json\/wp\/v2\/media\/48645"}],"wp:attachment":[{"href":"https:\/\/www.elturistatranquil.com\/ca\/wp-json\/wp\/v2\/media?parent=48658"}],"wp:term":[{"taxonomy":"category","embeddable":true,"href":"https:\/\/www.elturistatranquil.com\/ca\/wp-json\/wp\/v2\/categories?post=48658"},{"taxonomy":"post_tag","embeddable":true,"href":"https:\/\/www.elturistatranquil.com\/ca\/wp-json\/wp\/v2\/tags?post=48658"}],"curies":[{"name":"wp","href":"https:\/\/api.w.org\/{rel}","templated":true}]}}