{"id":48989,"date":"2023-09-09T14:05:34","date_gmt":"2023-09-09T12:05:34","guid":{"rendered":"https:\/\/www.elturistatranquil.com\/?p=48989"},"modified":"2023-09-11T10:42:05","modified_gmt":"2023-09-11T08:42:05","slug":"castell-i-vila-de-maqueda-toledo","status":"publish","type":"post","link":"https:\/\/www.elturistatranquil.com\/ca\/castell-i-vila-de-maqueda-toledo\/","title":{"rendered":"Castell i vila de Maqueda (Toledo)"},"content":{"rendered":"\t\t<div data-elementor-type=\"wp-post\" data-elementor-id=\"48989\" class=\"elementor elementor-48989 elementor-48757\" data-elementor-post-type=\"post\">\n\t\t\t\t\t\t<section class=\"elementor-section elementor-top-section elementor-element elementor-element-f26a63c elementor-section-boxed elementor-section-height-default elementor-section-height-default\" data-id=\"f26a63c\" data-element_type=\"section\" data-e-type=\"section\">\n\t\t\t\t\t\t<div class=\"elementor-container elementor-column-gap-default\">\n\t\t\t\t\t<div class=\"elementor-column elementor-col-100 elementor-top-column elementor-element elementor-element-2a916be8\" data-id=\"2a916be8\" data-element_type=\"column\" data-e-type=\"column\">\n\t\t\t<div class=\"elementor-widget-wrap elementor-element-populated\">\n\t\t\t\t\t\t<section class=\"elementor-section elementor-inner-section elementor-element elementor-element-2e259878 elementor-section-content-middle elementor-section-boxed elementor-section-height-default elementor-section-height-default\" data-id=\"2e259878\" data-element_type=\"section\" data-e-type=\"section\">\n\t\t\t\t\t\t<div class=\"elementor-container elementor-column-gap-default\">\n\t\t\t\t\t<div class=\"elementor-column elementor-col-100 elementor-inner-column elementor-element elementor-element-1b222545\" data-id=\"1b222545\" data-element_type=\"column\" data-e-type=\"column\">\n\t\t\t<div class=\"elementor-widget-wrap elementor-element-populated\">\n\t\t\t\t\t\t<div class=\"elementor-element elementor-element-13596bb8 elementor-widget elementor-widget-text-editor\" data-id=\"13596bb8\" data-element_type=\"widget\" data-e-type=\"widget\" data-widget_type=\"text-editor.default\">\n\t\t\t\t<div class=\"elementor-widget-container\">\n\t\t\t\t\t\t\t\t\t<p>A la vila de <em>Maqueda<\/em> (Toledo) hi ha el <em>castell de Maqueda<\/em>, un dels castells senyorials del segle XV de Castilla-La Mancha, juntament amb altres edificacions hist\u00f2riques d&#8217;apreciable valor.<\/p>\t\t\t\t\t\t\t\t<\/div>\n\t\t\t\t<\/div>\n\t\t\t\t\t<\/div>\n\t\t<\/div>\n\t\t\t\t\t<\/div>\n\t\t<\/section>\n\t\t\t\t<div class=\"elementor-element elementor-element-56558a52 elementor-widget elementor-widget-heading\" data-id=\"56558a52\" data-element_type=\"widget\" data-e-type=\"widget\" data-widget_type=\"heading.default\">\n\t\t\t\t<div class=\"elementor-widget-container\">\n\t\t\t\t\t<h1 class=\"elementor-heading-title elementor-size-default\">Castell i vila de Maqueda (Toledo)<\/h1>\t\t\t\t<\/div>\n\t\t\t\t<\/div>\n\t\t\t\t\t<\/div>\n\t\t<\/div>\n\t\t\t\t\t<\/div>\n\t\t<\/section>\n\t\t\t\t<section class=\"elementor-section elementor-top-section elementor-element elementor-element-354cfe42 elementor-section-boxed elementor-section-height-default elementor-section-height-default\" data-id=\"354cfe42\" data-element_type=\"section\" data-e-type=\"section\">\n\t\t\t\t\t\t<div class=\"elementor-container elementor-column-gap-default\">\n\t\t\t\t\t<div class=\"elementor-column elementor-col-100 elementor-top-column elementor-element elementor-element-311dc7be\" data-id=\"311dc7be\" data-element_type=\"column\" data-e-type=\"column\">\n\t\t\t<div class=\"elementor-widget-wrap elementor-element-populated\">\n\t\t\t\t\t\t<div class=\"elementor-element elementor-element-11b508cd elementor-widget elementor-widget-image\" data-id=\"11b508cd\" data-element_type=\"widget\" data-e-type=\"widget\" data-widget_type=\"image.default\">\n\t\t\t\t<div class=\"elementor-widget-container\">\n\t\t\t\t\t\t\t\t\t\t\t\t<figure class=\"wp-caption\">\n\t\t\t\t\t\t\t\t\t\t<img fetchpriority=\"high\" decoding=\"async\" width=\"768\" height=\"512\" src=\"https:\/\/www.elturistatranquil.com\/wp-content\/uploads\/F01-Maqueda-Toledo-Google-earth-2023-08-30.jpg\" class=\"attachment-large size-large wp-image-48773\" alt=\"Maqueda, Toledo (Google earth-2023-08-30)\" srcset=\"https:\/\/www.elturistatranquil.com\/wp-content\/uploads\/F01-Maqueda-Toledo-Google-earth-2023-08-30.jpg 768w, https:\/\/www.elturistatranquil.com\/wp-content\/uploads\/F01-Maqueda-Toledo-Google-earth-2023-08-30-339x226.jpg 339w\" sizes=\"(max-width: 768px) 100vw, 768px\" \/>\t\t\t\t\t\t\t\t\t\t\t<figcaption class=\"widget-image-caption wp-caption-text\">Maqueda (Google earth 2023-08-30)<\/figcaption>\n\t\t\t\t\t\t\t\t\t\t<\/figure>\n\t\t\t\t\t\t\t\t\t<\/div>\n\t\t\t\t<\/div>\n\t\t\t\t<div class=\"elementor-element elementor-element-37f63201 elementor-widget elementor-widget-spacer\" data-id=\"37f63201\" data-element_type=\"widget\" data-e-type=\"widget\" data-widget_type=\"spacer.default\">\n\t\t\t\t<div class=\"elementor-widget-container\">\n\t\t\t\t\t\t\t<div class=\"elementor-spacer\">\n\t\t\t<div class=\"elementor-spacer-inner\"><\/div>\n\t\t<\/div>\n\t\t\t\t\t\t<\/div>\n\t\t\t\t<\/div>\n\t\t\t\t<section class=\"elementor-section elementor-inner-section elementor-element elementor-element-25b858d4 elementor-section-boxed elementor-section-height-default elementor-section-height-default\" data-id=\"25b858d4\" data-element_type=\"section\" data-e-type=\"section\" data-settings=\"{&quot;background_background&quot;:&quot;classic&quot;}\">\n\t\t\t\t\t\t\t<div class=\"elementor-background-overlay\"><\/div>\n\t\t\t\t\t\t\t<div class=\"elementor-container elementor-column-gap-default\">\n\t\t\t\t\t<div class=\"elementor-column elementor-col-100 elementor-inner-column elementor-element elementor-element-7345a684\" data-id=\"7345a684\" data-element_type=\"column\" data-e-type=\"column\" data-settings=\"{&quot;background_background&quot;:&quot;classic&quot;}\">\n\t\t\t<div class=\"elementor-widget-wrap elementor-element-populated\">\n\t\t\t\t\t\t<div class=\"elementor-element elementor-element-1ab19334 elementor-widget elementor-widget-text-editor\" data-id=\"1ab19334\" data-element_type=\"widget\" data-e-type=\"widget\" data-widget_type=\"text-editor.default\">\n\t\t\t\t<div class=\"elementor-widget-container\">\n\t\t\t\t\t\t\t\t\t<p>Comarca: Torrijos. Prov\u00edncia: Toledo. Com. Aut\u00f2noma: Castilla-La Mancha<\/p><p>Coordenades: 40\u00b003\u203253\u2033N 4\u00b022\u203218\u2033O. Altitud: 495 msnm. Poblaci\u00f3: 459 habitantes (2022)<\/p><p>Web: <a href=\"http:\/\/www.maqueda.es\/\" target=\"_blank\" rel=\"noopener\">ayuntamiento<\/a><\/p><p><em>B\u00e9 d&#8217;Inter\u00e8s Cultural (BIC): Monument Castell i Esgl\u00e9sia <\/em>(1931)<\/p><p>Visita: 2022<\/p>\t\t\t\t\t\t\t\t<\/div>\n\t\t\t\t<\/div>\n\t\t\t\t\t<\/div>\n\t\t<\/div>\n\t\t\t\t\t<\/div>\n\t\t<\/section>\n\t\t\t\t<div class=\"elementor-element elementor-element-1fdbe323 elementor-widget elementor-widget-image\" data-id=\"1fdbe323\" data-element_type=\"widget\" data-e-type=\"widget\" data-widget_type=\"image.default\">\n\t\t\t\t<div class=\"elementor-widget-container\">\n\t\t\t\t\t\t\t\t\t\t\t\t<figure class=\"wp-caption\">\n\t\t\t\t\t\t\t\t\t\t<img decoding=\"async\" width=\"768\" height=\"512\" src=\"https:\/\/www.elturistatranquil.com\/wp-content\/uploads\/F02c-Maqueda-Toledo-Google-maps-2023-08-30.jpg\" class=\"attachment-medium_large size-medium_large wp-image-48991\" alt=\"Maqueda, Toledo (Google maps 2023-08-30)\" srcset=\"https:\/\/www.elturistatranquil.com\/wp-content\/uploads\/\/F02c-Maqueda-Toledo-Google-maps-2023-08-30.jpg 768w, https:\/\/www.elturistatranquil.com\/wp-content\/uploads\/\/F02c-Maqueda-Toledo-Google-maps-2023-08-30-339x226.jpg 339w\" sizes=\"(max-width: 768px) 100vw, 768px\" \/>\t\t\t\t\t\t\t\t\t\t\t<figcaption class=\"widget-image-caption wp-caption-text\">Mapa de situaci\u00f3 de Maqueda (Google maps 2023-08-30)<\/figcaption>\n\t\t\t\t\t\t\t\t\t\t<\/figure>\n\t\t\t\t\t\t\t\t\t<\/div>\n\t\t\t\t<\/div>\n\t\t\t\t<div class=\"elementor-element elementor-element-2223a034 elementor-widget elementor-widget-spacer\" data-id=\"2223a034\" data-element_type=\"widget\" data-e-type=\"widget\" data-widget_type=\"spacer.default\">\n\t\t\t\t<div class=\"elementor-widget-container\">\n\t\t\t\t\t\t\t<div class=\"elementor-spacer\">\n\t\t\t<div class=\"elementor-spacer-inner\"><\/div>\n\t\t<\/div>\n\t\t\t\t\t\t<\/div>\n\t\t\t\t<\/div>\n\t\t\t\t<div class=\"elementor-element elementor-element-4391cb99 elementor-toc--minimized-on-tablet elementor-widget elementor-widget-table-of-contents\" data-id=\"4391cb99\" data-element_type=\"widget\" data-e-type=\"widget\" data-settings=\"{&quot;headings_by_tags&quot;:[&quot;h2&quot;,&quot;h3&quot;,&quot;h4&quot;],&quot;marker_view&quot;:&quot;bullets&quot;,&quot;icon&quot;:{&quot;value&quot;:&quot;&quot;,&quot;library&quot;:&quot;&quot;},&quot;no_headings_message&quot;:&quot;No s&#039;ha trobat cap encap\\u00e7alament en aquesta p\\u00e0gina.&quot;,&quot;minimize_box&quot;:&quot;yes&quot;,&quot;minimized_on&quot;:&quot;tablet&quot;,&quot;hierarchical_view&quot;:&quot;yes&quot;,&quot;min_height&quot;:{&quot;unit&quot;:&quot;px&quot;,&quot;size&quot;:&quot;&quot;,&quot;sizes&quot;:[]},&quot;min_height_tablet&quot;:{&quot;unit&quot;:&quot;px&quot;,&quot;size&quot;:&quot;&quot;,&quot;sizes&quot;:[]},&quot;min_height_mobile&quot;:{&quot;unit&quot;:&quot;px&quot;,&quot;size&quot;:&quot;&quot;,&quot;sizes&quot;:[]}}\" data-widget_type=\"table-of-contents.default\">\n\t\t\t\t<div class=\"elementor-widget-container\">\n\t\t\t\t\t\t\t\t\t<div class=\"elementor-toc__header\">\n\t\t\t\t\t\t<h4 class=\"elementor-toc__header-title\">\n\t\t\t\t\u00cdndex\t\t\t<\/h4>\n\t\t\t\t\t\t\t\t\t\t<div class=\"elementor-toc__toggle-button elementor-toc__toggle-button--expand\" role=\"button\" tabindex=\"0\" aria-controls=\"elementor-toc__4391cb99\" aria-expanded=\"true\" aria-label=\"Open table of contents\"><i aria-hidden=\"true\" class=\"fas fa-chevron-down\"><\/i><\/div>\n\t\t\t\t<div class=\"elementor-toc__toggle-button elementor-toc__toggle-button--collapse\" role=\"button\" tabindex=\"0\" aria-controls=\"elementor-toc__4391cb99\" aria-expanded=\"true\" aria-label=\"Close table of contents\"><i aria-hidden=\"true\" class=\"fas fa-chevron-up\"><\/i><\/div>\n\t\t\t\t\t<\/div>\n\t\t\t\t<div id=\"elementor-toc__4391cb99\" class=\"elementor-toc__body\">\n\t\t\t<div class=\"elementor-toc__spinner-container\">\n\t\t\t\t<i class=\"elementor-toc__spinner eicon-animation-spin eicon-loading\" aria-hidden=\"true\"><\/i>\t\t\t<\/div>\n\t\t<\/div>\n\t\t\t\t\t\t<\/div>\n\t\t\t\t<\/div>\n\t\t\t\t<div class=\"elementor-element elementor-element-16d83f8f elementor-widget elementor-widget-menu-anchor\" data-id=\"16d83f8f\" data-element_type=\"widget\" data-e-type=\"widget\" data-widget_type=\"menu-anchor.default\">\n\t\t\t\t<div class=\"elementor-widget-container\">\n\t\t\t\t\t\t\t<div class=\"elementor-menu-anchor\" id=\"a0101-EnlaceaunpuntodentrodelPost\"><\/div>\n\t\t\t\t\t\t<\/div>\n\t\t\t\t<\/div>\n\t\t\t\t<div class=\"elementor-element elementor-element-6dd5d863 elementor-widget elementor-widget-spacer\" data-id=\"6dd5d863\" data-element_type=\"widget\" data-e-type=\"widget\" data-widget_type=\"spacer.default\">\n\t\t\t\t<div class=\"elementor-widget-container\">\n\t\t\t\t\t\t\t<div class=\"elementor-spacer\">\n\t\t\t<div class=\"elementor-spacer-inner\"><\/div>\n\t\t<\/div>\n\t\t\t\t\t\t<\/div>\n\t\t\t\t<\/div>\n\t\t\t\t<div class=\"elementor-element elementor-element-63748796 elementor-widget elementor-widget-heading\" data-id=\"63748796\" data-element_type=\"widget\" data-e-type=\"widget\" data-widget_type=\"heading.default\">\n\t\t\t\t<div class=\"elementor-widget-container\">\n\t\t\t\t\t<h2 class=\"elementor-heading-title elementor-size-default\">Castell i vila de Maqueda, Torrijos, Toledo<\/h2>\t\t\t\t<\/div>\n\t\t\t\t<\/div>\n\t\t\t\t<div class=\"elementor-element elementor-element-4d7178a6 elementor-widget elementor-widget-text-editor\" data-id=\"4d7178a6\" data-element_type=\"widget\" data-e-type=\"widget\" data-widget_type=\"text-editor.default\">\n\t\t\t\t<div class=\"elementor-widget-container\">\n\t\t\t\t\t\t\t\t\t<p>Un petit tur\u00f3 a la plana de la Meseta \u00e9s suficient per a dominar un ampli territori i controlar un enlla\u00e7 de camins. Aquest \u00e9s el cas de <strong>Maqueda<\/strong>, a la comarca toledana de Torrijos.<\/p>\t\t\t\t\t\t\t\t<\/div>\n\t\t\t\t<\/div>\n\t\t\t\t<div class=\"elementor-element elementor-element-3adad5e4 elementor-widget elementor-widget-heading\" data-id=\"3adad5e4\" data-element_type=\"widget\" data-e-type=\"widget\" data-widget_type=\"heading.default\">\n\t\t\t\t<div class=\"elementor-widget-container\">\n\t\t\t\t\t<h2 class=\"elementor-heading-title elementor-size-default\">El territori<\/h2>\t\t\t\t<\/div>\n\t\t\t\t<\/div>\n\t\t\t\t<div class=\"elementor-element elementor-element-6eab99b elementor-widget elementor-widget-text-editor\" data-id=\"6eab99b\" data-element_type=\"widget\" data-e-type=\"widget\" data-widget_type=\"text-editor.default\">\n\t\t\t\t<div class=\"elementor-widget-container\">\n\t\t\t\t\t\t\t\t\t<p>La vila de Maqueda es troba situada al costat nord-occidental de la Mesta Sud, a uns 40 quil\u00f2metres de Toledo, sobre una de les cal\u00e7ades que unia <em>Toletum<\/em> amb <em>Em\u00e8rita Augusta<\/em> en \u00e8poca romana.<\/p><p>Empla\u00e7ada en un tur\u00f3 i els seus vessants, on conflueixen la riera de Maqueda i la riera de la Canal.<\/p><p>Des d&#8217;\u00e8poca moderna \u00e9s, a m\u00e9s, el punt d&#8217;enlla\u00e7 cap a Extremadura des de Madrid i des de Toledo.<\/p>\t\t\t\t\t\t\t\t<\/div>\n\t\t\t\t<\/div>\n\t\t\t\t<div class=\"elementor-element elementor-element-11f16cb7 elementor-widget elementor-widget-image\" data-id=\"11f16cb7\" data-element_type=\"widget\" data-e-type=\"widget\" data-widget_type=\"image.default\">\n\t\t\t\t<div class=\"elementor-widget-container\">\n\t\t\t\t\t\t\t\t\t\t\t\t<figure class=\"wp-caption\">\n\t\t\t\t\t\t\t\t\t\t<img decoding=\"async\" width=\"768\" height=\"511\" src=\"https:\/\/www.elturistatranquil.com\/wp-content\/uploads\/F03-Maqueda-Toledo.jpg\" class=\"attachment-large size-large wp-image-48777\" alt=\"Maqueda, Toledo\" srcset=\"https:\/\/www.elturistatranquil.com\/wp-content\/uploads\/F03-Maqueda-Toledo.jpg 768w, https:\/\/www.elturistatranquil.com\/wp-content\/uploads\/F03-Maqueda-Toledo-339x226.jpg 339w\" sizes=\"(max-width: 768px) 100vw, 768px\" \/>\t\t\t\t\t\t\t\t\t\t\t<figcaption class=\"widget-image-caption wp-caption-text\"><\/figcaption>\n\t\t\t\t\t\t\t\t\t\t<\/figure>\n\t\t\t\t\t\t\t\t\t<\/div>\n\t\t\t\t<\/div>\n\t\t\t\t<div class=\"elementor-element elementor-element-5cf9cd96 elementor-widget elementor-widget-text-editor\" data-id=\"5cf9cd96\" data-element_type=\"widget\" data-e-type=\"widget\" data-widget_type=\"text-editor.default\">\n\t\t\t\t<div class=\"elementor-widget-container\">\n\t\t\t\t\t\t\t\t\t<p>Si projectem la posici\u00f3 de Maqueda del mapa anterior sobre el conjunt de mapes que s&#8217;ofereixen al Post <a href=\"https:\/\/www.elturistatranquil.com\/ca\/estructures-territorials-a-lespanya-peninsular\/\" target=\"_blank\" rel=\"noopener\">Estructures territorials a l&#8217;Espanya peninsular<\/a>, podrem fer-nos una idea dels condicionants geogr\u00e0fics i hist\u00f2rics m\u00e9s rellevants en qu\u00e8 es troba emmarcada.<\/p>\t\t\t\t\t\t\t\t<\/div>\n\t\t\t\t<\/div>\n\t\t\t\t<div class=\"elementor-element elementor-element-2d6dc58 elementor-widget elementor-widget-heading\" data-id=\"2d6dc58\" data-element_type=\"widget\" data-e-type=\"widget\" data-widget_type=\"heading.default\">\n\t\t\t\t<div class=\"elementor-widget-container\">\n\t\t\t\t\t<h2 class=\"elementor-heading-title elementor-size-default\">Una mica d'hist\u00f2ria<\/h2>\t\t\t\t<\/div>\n\t\t\t\t<\/div>\n\t\t\t\t<div class=\"elementor-element elementor-element-7992819 elementor-widget elementor-widget-text-editor\" data-id=\"7992819\" data-element_type=\"widget\" data-e-type=\"widget\" data-widget_type=\"text-editor.default\">\n\t\t\t\t<div class=\"elementor-widget-container\">\n\t\t\t\t\t\t\t\t\t<p>Segons tots els indicis, va ser enclau vigilant dels romans, i podria identificar-se amb la <em>Maceda<\/em> dels ge\u00f2grafs llatins.<\/p><p>En \u00e8poca del domini \u00e0rab, van al\u00e7ar un castell que tenia com a missi\u00f3 el control d&#8217;aquests camins. Per ordre d&#8217;Almansor, cap a l&#8217;any 981, l&#8217;arquitecte Fathoben Ibrahim l&#8217;Omeia, constructor que havia estat de grans mesquites a Toledo, i c\u00e8lebre pel seu saber i els seus viatges a l&#8217;Orient, va augmentar i perfeccionar la fortalesa de Maqueda.<\/p><p>L&#8217;any 1083, quan Alfonso VI de Castella estava plantejant la conquesta de Toledo (1085), Maqueda i la seva terra se li va lliurar, pel que sembla sense resist\u00e8ncia acusada. A continuaci\u00f3, i per concessi\u00f3 reial, es va formar un <em>Com\u00fan de Villa y Tierra <\/em>en tom a Maqueda, que mai no va arribar a ser gran, frenat pels ve\u00efns d&#8217;Escalona, Santa Olalla i Montalb\u00e1n.<\/p><p>Sobre 1141 va passar a ser, per concessi\u00f3 reial, senyoriu privat, possessionant-se de la vila i de la fortalesa Fernando Y\u00e1\u00f1ez.<\/p><p>La hist\u00f2ria de Maqueda i el seu castell va prendre un nou gir l&#8217;any 1177, quan Alfonso VIII, despr\u00e9s de la presa de Conca, i en una reorganitzaci\u00f3 completa del seu cada cop m\u00e9s ample regne, va donar Maqueda i la seva terra a l&#8217;<a href=\"https:\/\/www.elturistatranquil.com\/ca\/esglesies-monestirs-i-ordres-religioses-a-ledat-mitjana\/#b1509\" target=\"_blank\" rel=\"noopener\">Orde de Calatrava<\/a>.<\/p><p>Probablement va ser l&#8217;Orde de Calatrava la que va decidir envoltar la fortificaci\u00f3 d&#8217;una muralla que tamb\u00e9 circumd\u00e9s la vila i l&#8217;esgl\u00e9sia major i les restes de la qual encara s\u00f3n perceptibles (torres de Vela i de les Infantes).<\/p><p>L&#8217;esdeveniment crucial en l&#8217;evoluci\u00f3 d&#8217;aquesta ciutadella, que havia arribat a ser llavors el modest enclavament riberenc del Tajo, va ser la derrota cristiana al lluny\u00e0 camp d&#8217;Alarcos el 1195.<\/p><p>Encara que despr\u00e9s d&#8217;aquesta derrota l&#8217;Orde de Calatrava va quedar gaireb\u00e9 desmantellada, per a Maqueda l&#8217;esdeveniment militar m\u00e9s important de la seva hist\u00f2ria posterior va ser la resist\u00e8ncia que els calatraus encara van poder oferir des de la vila als atacs almor\u00e0vits entre 1196 i 1198. Aquests atacs va suposar diversos setges a la poblaci\u00f3, ja llavors totalment emmurallada, com a cap de Com\u00fa que era, per\u00f2 els muslims no van poder rendir-la, i les seves fortificades defenses van demostrar l\u2019\u00fatil de la seva arquitectura defensiva.<\/p><p>Des del 1222 fins a la seva expulsi\u00f3 el 1492, es t\u00e9 const\u00e0ncia de l&#8217;exist\u00e8ncia d&#8217;una comunitat d&#8217;hebreus a la vila. Gr\u00e0cies al seu favorable empla\u00e7ament i a la magnanimitat de l&#8217;Orde de Calatrava, l&#8217;aljama de jueus va poder cr\u00e9ixer i consolidar-se com una de les m\u00e9s rellevants a l&#8217;\u00e0mbit del bisbat de Toledo.<\/p><p>Les restes de fortificaci\u00f3 anteriors al castell d&#8217;\u00e8poca senyorial evidencien inversions importants en all\u00f2 que durant el seu apogeu va haver de ser el tercer reducte calatrau m\u00e9s fort despr\u00e9s de <a href=\"https:\/\/www.elturistatranquil.com\/ca\/castell-de-calatrava-la-nueva-ciudad-real\/\" target=\"_blank\" rel=\"noopener\">Calatrava la Nueva<\/a> i <a href=\"https:\/\/www.elturistatranquil.com\/ca\/castell-de-zorita-de-los-canes-guadalajara\/\" target=\"_blank\" rel=\"noopener\">Zorita de los Canes<\/a>, malgrat que el seu empla\u00e7ament, sobre un monticle riberenc entre dos rierols, no tingui aparentment especial transcend\u00e8ncia. Sembla, a m\u00e9s, que gran part del seu alfoz estava formada, durant el r\u00e8gim calatrau, per virtuals despoblats.<\/p><p>L&#8217;Orde de Calatrava va mantenir el control de Maqueda fins a la seva alienaci\u00f3 a \u00c1lvaro de Luna el 1434.<\/p><p>Despr\u00e9s de l&#8217;execuci\u00f3 d&#8217;\u00c1lvaro de Luna el 1453, Maqueda va resistir, per\u00f2 el setge de Juan II la va acabar rendint, de manera que el castell amb la seva annexa <em>villetta<\/em> va tornar a la Corona.<\/p><p>Va tornar a mans privades el 1456. Primer es va cedir Maqueda i la seva terra en senyoriu al cortes\u00e0 Alvar G\u00f3mez de Ciudad Real. El 1465 aquest el va canviar al Cardenal Mendoza, el qual, al seu torn, el va cedir a un parent, l&#8217;arquebisbe toled\u00e0 Alonso Carrillo de Acu\u00f1a, el 1469.<\/p><p>Per fi, Alonso Carrillo vendria la fortalesa, la vila i els seus drets, al c\u00e8lebre comanador major de Lle\u00f3, don Gutierre de C\u00e1rdenas, comptador major del regne, probablement l&#8217;any 1490.<\/p><p>La import\u00e0ncia a la Cort de Gutierre de C\u00e1rdenas es manifesta en el fet que, estant prohibit que els nobles constru\u00efssin castells, se&#8217;l va autoritzar a reconstruir el castell de Maqueda, aix\u00ed com completar la muralla de <a href=\"https:\/\/www.elturistatranquil.com\/ca\/torrijos-toledo\/\" target=\"_blank\" rel=\"noopener\">Torrijos<\/a> i aixecar el castell de Sant Silvestre.<\/p><p>Don Gutierre de C\u00e1rdenas va iniciar la reedificaci\u00f3 completa del castell de Maqueda tal com la veiem actualment, per\u00f2 en optar per establir la seva resid\u00e8ncia definitiva a Torrijos, la fortalesa va quedar sense \u00fas i va anar deteriorant-se, encara que va romandre a la fam\u00edlia C\u00e1rdenas fins al segle XIX, quan es van abolir els senyorius.<\/p><p>El 1529 Carlos I cre\u00e0 el t\u00edtol nobiliari de ducat de Maqueda a favor de Diego de C\u00e1rdenas i Enr\u00edquez, senyor de Maqueda i avan\u00e7at major del regne de Granada. Era l&#8217;hereu dels cinc que van tenir Gutierre de C\u00e1rdenas i Teresa Enr\u00edquez.<\/p><p>Abolits els senyorius a la primera meitat del segle XIX, Maqueda rest\u00e0 com a municipi lliure.<\/p>\t\t\t\t\t\t\t\t<\/div>\n\t\t\t\t<\/div>\n\t\t\t\t<div class=\"elementor-element elementor-element-5f7f615 elementor-widget elementor-widget-image\" data-id=\"5f7f615\" data-element_type=\"widget\" data-e-type=\"widget\" data-widget_type=\"image.default\">\n\t\t\t\t<div class=\"elementor-widget-container\">\n\t\t\t\t\t\t\t\t\t\t\t\t<figure class=\"wp-caption\">\n\t\t\t\t\t\t\t\t\t\t<img loading=\"lazy\" decoding=\"async\" width=\"768\" height=\"512\" src=\"https:\/\/www.elturistatranquil.com\/wp-content\/uploads\/F04-Maqueda-Toledo-a-mediados-del-siglo-XX.jpg\" class=\"attachment-large size-large wp-image-48779\" alt=\"Maqueda, Toledo, a mediados del siglo XX\" srcset=\"https:\/\/www.elturistatranquil.com\/wp-content\/uploads\/F04-Maqueda-Toledo-a-mediados-del-siglo-XX.jpg 768w, https:\/\/www.elturistatranquil.com\/wp-content\/uploads\/F04-Maqueda-Toledo-a-mediados-del-siglo-XX-339x226.jpg 339w\" sizes=\"(max-width: 768px) 100vw, 768px\" \/>\t\t\t\t\t\t\t\t\t\t\t<figcaption class=\"widget-image-caption wp-caption-text\">Fotografia de Maqueda a mitjans segle passat<\/figcaption>\n\t\t\t\t\t\t\t\t\t\t<\/figure>\n\t\t\t\t\t\t\t\t\t<\/div>\n\t\t\t\t<\/div>\n\t\t\t\t<div class=\"elementor-element elementor-element-06b2cda elementor-widget elementor-widget-text-editor\" data-id=\"06b2cda\" data-element_type=\"widget\" data-e-type=\"widget\" data-widget_type=\"text-editor.default\">\n\t\t\t\t<div class=\"elementor-widget-container\">\n\t\t\t\t\t\t\t\t\t<p>Per aquella \u00e8poca, a la descripci\u00f3 de Madoz es deia de Maqueda:<\/p><p><em>\u201cLa forman 112 CASAS de unas 8 varas de altura, construidas de ladrillo y tierra, mal distribuidas, pues eslan mu y dist. unas de otras, por lo cual el pueblo tiene mucha estension, en calles irregulares, con cuestas, mal empedradas y sucias, y una plaza grande cuadrada y de mal aspecto: hay un grande y fuerte cast. con muchas obras de de fensa; pero destruido en su mayor parte; casa de ayunt., c\u00e1rcel, escuela de primeras letras, dotada con 1,460 rs. de los fondos p\u00fablicos, y asisten 16 ni\u00f1os; un hospital titulado de San Ildefonso, con 8 camas para los pobres de la v., otro llamado de Santa Cruz para los transe\u00fantes; una igl. parr. dedicada \u00e1 Santa Maria de los Alc\u00e1zares, con curato de entrada y provisi\u00f3n ordinaria; tuvo ademas otras 3 parr., tituladas San Juan Bautista, Santo Domingo de Guzman y San Pedro Ap\u00f3stol, conserv\u00e1ndose aun las igl. de las 2 primeras; un conv. de religiosos Agustinos Recoletos, que se hallaba casi en el centro del pueblo, y por las continuadas ruinas de \u00e9ste, ha venido \u00e1 quedar \u00e1 bastante dist. , sin uso alguno en el dia, por lo cual va tambi\u00e9n desapareciendo; otro de monjas Francis cas, el cual fu\u00e9 destruido completamente por un incendio, en el a\u00f1o de 1780, traslad\u00e1ndose entonces las religiosas al de la misma orden, en la Puebla de Montalvan, (\u2026) <\/em><\/p><p><em>Le ba\u00f1a el arroyo de Maqueda, llamado Grande que pasa al O. del pueblo, en cuyo punto tiene un puente para el paso de la gente de \u00e1 pie, y otro titulado Prada menos abundante: el TERRENO es llano en su mayor parte, con algunos cerros de poca elevaci\u00f3n, todo labrant\u00edo, de tierra fuerte y productiva.\u201d<\/em><\/p><p>Per donar-ne \u00fas i mantenir-lo, al segle XX es va reconvertir el castell en caserna de la Gu\u00e0rdia Civil, amb la construcci\u00f3 d&#8217;una casa-caserna al seu interior el 1952.<\/p>\t\t\t\t\t\t\t\t<\/div>\n\t\t\t\t<\/div>\n\t\t\t\t<div class=\"elementor-element elementor-element-9d615ae elementor-widget elementor-widget-image\" data-id=\"9d615ae\" data-element_type=\"widget\" data-e-type=\"widget\" data-widget_type=\"image.default\">\n\t\t\t\t<div class=\"elementor-widget-container\">\n\t\t\t\t\t\t\t\t\t\t\t\t<figure class=\"wp-caption\">\n\t\t\t\t\t\t\t\t\t\t<img loading=\"lazy\" decoding=\"async\" width=\"768\" height=\"512\" src=\"https:\/\/www.elturistatranquil.com\/wp-content\/uploads\/F05a-Castillo-de-Maqueda-Toledo.-Casa-cuartel-de-la-Guardia-Civil-Fuente-Almarcha-Villena.jpg\" class=\"attachment-large size-large wp-image-48781\" alt=\"Castillo de Maqueda, Toledo. Casa-cuartel de la Guardia Civil (Fuente-Almarcha-Villena)\" srcset=\"https:\/\/www.elturistatranquil.com\/wp-content\/uploads\/F05a-Castillo-de-Maqueda-Toledo.-Casa-cuartel-de-la-Guardia-Civil-Fuente-Almarcha-Villena.jpg 768w, https:\/\/www.elturistatranquil.com\/wp-content\/uploads\/F05a-Castillo-de-Maqueda-Toledo.-Casa-cuartel-de-la-Guardia-Civil-Fuente-Almarcha-Villena-339x226.jpg 339w\" sizes=\"(max-width: 768px) 100vw, 768px\" \/>\t\t\t\t\t\t\t\t\t\t\t<figcaption class=\"widget-image-caption wp-caption-text\">Casa-caserna de la Gu\u00e0rdia Civil edificada a l'interior del castell  (Font: <a href=\"https:\/\/dehesa.unex.es\/bitstream\/10662\/16931\/1\/0213-2214_42_41.pdf\" target=\"_blank\" rel=\"noopener\">Almarcha-Villena<\/a>)<\/figcaption>\n\t\t\t\t\t\t\t\t\t\t<\/figure>\n\t\t\t\t\t\t\t\t\t<\/div>\n\t\t\t\t<\/div>\n\t\t\t\t<div class=\"elementor-element elementor-element-57d547f elementor-widget elementor-widget-text-editor\" data-id=\"57d547f\" data-element_type=\"widget\" data-e-type=\"widget\" data-widget_type=\"text-editor.default\">\n\t\t\t\t<div class=\"elementor-widget-container\">\n\t\t\t\t\t\t\t\t\t<p>Entre 2001 i 2010 es va substituir la casa-caserna de la Gu\u00e0rdia Civil per una nova i moderna edificaci\u00f3 que volia ser destinada a Museu-Arxiu de la Gu\u00e0rdia Civil.<\/p>\t\t\t\t\t\t\t\t<\/div>\n\t\t\t\t<\/div>\n\t\t\t\t<div class=\"elementor-element elementor-element-579a952 elementor-widget elementor-widget-image\" data-id=\"579a952\" data-element_type=\"widget\" data-e-type=\"widget\" data-widget_type=\"image.default\">\n\t\t\t\t<div class=\"elementor-widget-container\">\n\t\t\t\t\t\t\t\t\t\t\t\t<figure class=\"wp-caption\">\n\t\t\t\t\t\t\t\t\t\t<img loading=\"lazy\" decoding=\"async\" width=\"768\" height=\"512\" src=\"https:\/\/www.elturistatranquil.com\/wp-content\/uploads\/F05b-Castillo-de-Maqueda-Toledo.-Interior-actual.jpg\" class=\"attachment-large size-large wp-image-48783\" alt=\"Castillo de Maqueda, Toledo. Interior actual\" srcset=\"https:\/\/www.elturistatranquil.com\/wp-content\/uploads\/F05b-Castillo-de-Maqueda-Toledo.-Interior-actual.jpg 768w, https:\/\/www.elturistatranquil.com\/wp-content\/uploads\/F05b-Castillo-de-Maqueda-Toledo.-Interior-actual-339x226.jpg 339w\" sizes=\"(max-width: 768px) 100vw, 768px\" \/>\t\t\t\t\t\t\t\t\t\t\t<figcaption class=\"widget-image-caption wp-caption-text\"><\/figcaption>\n\t\t\t\t\t\t\t\t\t\t<\/figure>\n\t\t\t\t\t\t\t\t\t<\/div>\n\t\t\t\t<\/div>\n\t\t\t\t<div class=\"elementor-element elementor-element-00b1b4b elementor-widget elementor-widget-text-editor\" data-id=\"00b1b4b\" data-element_type=\"widget\" data-e-type=\"widget\" data-widget_type=\"text-editor.default\">\n\t\t\t\t<div class=\"elementor-widget-container\">\n\t\t\t\t\t\t\t\t\t<p>Tot i que l&#8217;edifici ja estava enllestit, es va abandonar la idea del museu. Des de llavors s&#8217;ha intentat vendre el castell en subhasta p\u00fablica, sense que fins ara hagi trobat comprador, romanent les instal\u00b7lacions interiors tancades, sense \u00fas ni visita.<\/p><p>Als anys 20 del segle XX Maqueda va arribar a tenir prop de 800 habitants que han queda redu\u00efts als 459 de 2022.<\/p>\t\t\t\t\t\t\t\t<\/div>\n\t\t\t\t<\/div>\n\t\t\t\t<div class=\"elementor-element elementor-element-df72fbd elementor-widget elementor-widget-heading\" data-id=\"df72fbd\" data-element_type=\"widget\" data-e-type=\"widget\" data-widget_type=\"heading.default\">\n\t\t\t\t<div class=\"elementor-widget-container\">\n\t\t\t\t\t<h2 class=\"elementor-heading-title elementor-size-default\">La visita a Maqueda<\/h2>\t\t\t\t<\/div>\n\t\t\t\t<\/div>\n\t\t\t\t<div class=\"elementor-element elementor-element-456c412 elementor-widget elementor-widget-image\" data-id=\"456c412\" data-element_type=\"widget\" data-e-type=\"widget\" data-widget_type=\"image.default\">\n\t\t\t\t<div class=\"elementor-widget-container\">\n\t\t\t\t\t\t\t\t\t\t\t\t<figure class=\"wp-caption\">\n\t\t\t\t\t\t\t\t\t\t<img loading=\"lazy\" decoding=\"async\" width=\"768\" height=\"511\" src=\"https:\/\/www.elturistatranquil.com\/wp-content\/uploads\/F06-Maqueda-Toledo-Google-earth-2023-08-30.jpg\" class=\"attachment-large size-large wp-image-48785\" alt=\"Maqueda, Toledo (Google earth-2023-08-30)\" srcset=\"https:\/\/www.elturistatranquil.com\/wp-content\/uploads\/F06-Maqueda-Toledo-Google-earth-2023-08-30.jpg 768w, https:\/\/www.elturistatranquil.com\/wp-content\/uploads\/F06-Maqueda-Toledo-Google-earth-2023-08-30-339x226.jpg 339w\" sizes=\"(max-width: 768px) 100vw, 768px\" \/>\t\t\t\t\t\t\t\t\t\t\t<figcaption class=\"widget-image-caption wp-caption-text\">Punts de visita a Maqueda (Google earth 2023-08-30)<\/figcaption>\n\t\t\t\t\t\t\t\t\t\t<\/figure>\n\t\t\t\t\t\t\t\t\t<\/div>\n\t\t\t\t<\/div>\n\t\t\t\t<div class=\"elementor-element elementor-element-de926d4 elementor-widget elementor-widget-text-editor\" data-id=\"de926d4\" data-element_type=\"widget\" data-e-type=\"widget\" data-widget_type=\"text-editor.default\">\n\t\t\t\t<div class=\"elementor-widget-container\">\n\t\t\t\t\t\t\t\t\t<p>Comencem la visita pel castell per, a continuaci\u00f3, rec\u00f3rrer la vila, a la qual es coneixia com a <em>villetta<\/em>, on podrem observar les restes que perviuen del recinte fortificat, porta califal i torres, aix\u00ed com les esgl\u00e9sies, rotllo de just\u00edcia i actual ajuntament.<\/p><p>En base a aquests indicis, a la fotografia a\u00e8ria anterior s&#8217;ha dibuixat en l\u00ednia vermella una estimaci\u00f3 de quin podia ser el tra\u00e7at de la tanca murada a l&#8217;Edat Mitjana.<\/p>\t\t\t\t\t\t\t\t<\/div>\n\t\t\t\t<\/div>\n\t\t\t\t<div class=\"elementor-element elementor-element-7553854 elementor-widget elementor-widget-heading\" data-id=\"7553854\" data-element_type=\"widget\" data-e-type=\"widget\" data-widget_type=\"heading.default\">\n\t\t\t\t<div class=\"elementor-widget-container\">\n\t\t\t\t\t<h2 class=\"elementor-heading-title elementor-size-default\">Castell de Maqueda<\/h2>\t\t\t\t<\/div>\n\t\t\t\t<\/div>\n\t\t\t\t<div class=\"elementor-element elementor-element-df891c9 elementor-widget elementor-widget-text-editor\" data-id=\"df891c9\" data-element_type=\"widget\" data-e-type=\"widget\" data-widget_type=\"text-editor.default\">\n\t\t\t\t<div class=\"elementor-widget-container\">\n\t\t\t\t\t\t\t\t\t<p><em>B\u00e9 d&#8217;Inter\u00e8s Cultural (BIC),<\/em> 1931: Castell i torre de la Vela<\/p><p>El <strong>castell de Maqueda<\/strong> (<strong>A<\/strong>), ocupa tota la superf\u00edcie superior d&#8217;un poc pronunciat tur\u00f3, com es pot apreciar en aquestes fotografies, les dues primeres preses als anys 50 del segle passat. A la primera s&#8217;observa clarament la disposici\u00f3 interior de la casa-caserna de la Gu\u00e0rdia Civil.<\/p>\t\t\t\t\t\t\t\t<\/div>\n\t\t\t\t<\/div>\n\t\t\t\t<div class=\"elementor-element elementor-element-e19190c elementor-widget elementor-widget-image\" data-id=\"e19190c\" data-element_type=\"widget\" data-e-type=\"widget\" data-widget_type=\"image.default\">\n\t\t\t\t<div class=\"elementor-widget-container\">\n\t\t\t\t\t\t\t\t\t\t\t\t<figure class=\"wp-caption\">\n\t\t\t\t\t\t\t\t\t\t<img loading=\"lazy\" decoding=\"async\" width=\"768\" height=\"512\" src=\"https:\/\/www.elturistatranquil.com\/wp-content\/uploads\/F07a-Castillo-de-Maqueda-Toledo-a-mediados-del-siglo-XX.jpg\" class=\"attachment-large size-large wp-image-48787\" alt=\"Castillo de Maqueda, Toledo a mediados del siglo XX\" srcset=\"https:\/\/www.elturistatranquil.com\/wp-content\/uploads\/F07a-Castillo-de-Maqueda-Toledo-a-mediados-del-siglo-XX.jpg 768w, https:\/\/www.elturistatranquil.com\/wp-content\/uploads\/F07a-Castillo-de-Maqueda-Toledo-a-mediados-del-siglo-XX-339x226.jpg 339w\" sizes=\"(max-width: 768px) 100vw, 768px\" \/>\t\t\t\t\t\t\t\t\t\t\t<figcaption class=\"widget-image-caption wp-caption-text\">(Font: <a href=\"https:\/\/www.encastillalamancha.es\/sociedad-cat\/las-espectaculares-fotografias-aereas-del-toledo-de-los-anos-50\/#slideimg_16#slideimg_8\" target=\"_blank\" rel=\"noopener\">ENCLM<\/a>)<\/figcaption>\n\t\t\t\t\t\t\t\t\t\t<\/figure>\n\t\t\t\t\t\t\t\t\t<\/div>\n\t\t\t\t<\/div>\n\t\t\t\t<div class=\"elementor-element elementor-element-1e015a2 elementor-widget elementor-widget-image\" data-id=\"1e015a2\" data-element_type=\"widget\" data-e-type=\"widget\" data-widget_type=\"image.default\">\n\t\t\t\t<div class=\"elementor-widget-container\">\n\t\t\t\t\t\t\t\t\t\t\t\t<figure class=\"wp-caption\">\n\t\t\t\t\t\t\t\t\t\t<img loading=\"lazy\" decoding=\"async\" width=\"768\" height=\"512\" src=\"https:\/\/www.elturistatranquil.com\/wp-content\/uploads\/F07b-Castillo-de-Maqueda-Toledo-a-mediados-del-siglo-XX.jpg\" class=\"attachment-large size-large wp-image-48789\" alt=\"Castillo de Maqueda, Toledo a mediados del siglo XX\" srcset=\"https:\/\/www.elturistatranquil.com\/wp-content\/uploads\/F07b-Castillo-de-Maqueda-Toledo-a-mediados-del-siglo-XX.jpg 768w, https:\/\/www.elturistatranquil.com\/wp-content\/uploads\/F07b-Castillo-de-Maqueda-Toledo-a-mediados-del-siglo-XX-339x226.jpg 339w\" sizes=\"(max-width: 768px) 100vw, 768px\" \/>\t\t\t\t\t\t\t\t\t\t\t<figcaption class=\"widget-image-caption wp-caption-text\">Una fotografia que vaig fer fa molt\u00edssims anys<\/figcaption>\n\t\t\t\t\t\t\t\t\t\t<\/figure>\n\t\t\t\t\t\t\t\t\t<\/div>\n\t\t\t\t<\/div>\n\t\t\t\t<div class=\"elementor-element elementor-element-a920cd4 elementor-widget elementor-widget-image\" data-id=\"a920cd4\" data-element_type=\"widget\" data-e-type=\"widget\" data-widget_type=\"image.default\">\n\t\t\t\t<div class=\"elementor-widget-container\">\n\t\t\t\t\t\t\t\t\t\t\t\t<figure class=\"wp-caption\">\n\t\t\t\t\t\t\t\t\t\t<img loading=\"lazy\" decoding=\"async\" width=\"768\" height=\"512\" src=\"https:\/\/www.elturistatranquil.com\/wp-content\/uploads\/F07c-Castillo-de-Maqueda-Toledo.jpg\" class=\"attachment-large size-large wp-image-48791\" alt=\"Castillo de Maqueda, Toledo\" srcset=\"https:\/\/www.elturistatranquil.com\/wp-content\/uploads\/F07c-Castillo-de-Maqueda-Toledo.jpg 768w, https:\/\/www.elturistatranquil.com\/wp-content\/uploads\/F07c-Castillo-de-Maqueda-Toledo-339x226.jpg 339w\" sizes=\"(max-width: 768px) 100vw, 768px\" \/>\t\t\t\t\t\t\t\t\t\t\t<figcaption class=\"widget-image-caption wp-caption-text\"><\/figcaption>\n\t\t\t\t\t\t\t\t\t\t<\/figure>\n\t\t\t\t\t\t\t\t\t<\/div>\n\t\t\t\t<\/div>\n\t\t\t\t<div class=\"elementor-element elementor-element-ab13b61 elementor-widget elementor-widget-text-editor\" data-id=\"ab13b61\" data-element_type=\"widget\" data-e-type=\"widget\" data-widget_type=\"text-editor.default\">\n\t\t\t\t<div class=\"elementor-widget-container\">\n\t\t\t\t\t\t\t\t\t<p>Al segle XV la fam\u00edlia dels C\u00e1rdenas en prendre possessi\u00f3 aquest senyoriu va decidir construir un <a href=\"https:\/\/www.elturistatranquil.com\/ca\/els-castells-medievals-a-espanya-tipologies\/#b1203\" target=\"_blank\" rel=\"noopener\">castell senyorial<\/a> propi de l&#8217;\u00e8poca sobre les restes del castell calatrau que s&#8217;al\u00e7ava al cim del tur\u00f3, dins del per\u00edmetre del recinte antic de Maqueda. Es va tractar d\u00b4un recinte torreat, de planta quadrangular. Els seus vestigis servien de barrera per a la nova estructura, separada per un fossar.<\/p><p>\u00c9s un dels pocs castells senyorials de la Corona de Castella que no tenien torre de l&#8217;homenatge.<\/p><p>L&#8217;interior era pobre, sense indicis de quines depend\u00e8ncies podia haver-hi, probablement per tractar-se d&#8217;un projecte inacabat. No obstant aix\u00f2, la ubicaci\u00f3 de la nova fortificaci\u00f3, a la cantonada de l&#8217;alt que domina la cru\u00eflla del riu, li presta pres\u00e8ncia, real\u00e7at per la pedra blanquinosa del seu aparell, els elegants filets de maons en cantonada, i els merlets emparellats.<\/p><p>\u00c9s un castell de <a href=\"https:\/\/www.elturistatranquil.com\/los-castillos-medievales-en-espana-tipologias\/#b1204\" target=\"_blank\" rel=\"noopener\">tipus de tur\u00f3<\/a>, de planta quasi rectangular, tot i que el costat de ponent t\u00e9 el llen\u00e7 sud desviat cap a l&#8217;interior per adaptar-se a l&#8217;orografia del tur\u00f3. Al seu torn, el pendent de la superf\u00edcie del tur\u00f3 va obligar a construir el recinte en dos nivells, inferior al costat sud, com s&#8217;aprecia clarament al perfil dels merlets. T\u00e9 unes dimensions exteriors m\u00e0ximes de 44 per 66 metres.<\/p><p>Els murs, d&#8217;uns 3,5 metres de gruix, s\u00f3n de fa f\u00e0brica de carreu i ma\u00e7oneria. Exteriorment l&#8217;adarb dels murs i torres queda definit per dos frisos de ma\u00f3, i un acabat de merlets piramidals aparellats, amb espitllera intercalada. Unes poques troneres de pal i orbe es troben distribu\u00efdes pels llen\u00e7os i torres.<\/p><p>A les tres cantonades exteriors i al mig dels costats majors s&#8217;alcen torrasses semicirculars, encara que totes s\u00f3n de diferents formes i dimensions.<\/p><p>La imatge a\u00e8ria mostra la disposici\u00f3 a l&#8217;interior del recinte emmurallat de l&#8217;edifici modern, que es va projectar per a museu i arxiu hist\u00f2ric de la Gu\u00e0rdia Civil.<\/p>\t\t\t\t\t\t\t\t<\/div>\n\t\t\t\t<\/div>\n\t\t\t\t<div class=\"elementor-element elementor-element-91c86ee elementor-widget elementor-widget-image\" data-id=\"91c86ee\" data-element_type=\"widget\" data-e-type=\"widget\" data-widget_type=\"image.default\">\n\t\t\t\t<div class=\"elementor-widget-container\">\n\t\t\t\t\t\t\t\t\t\t\t\t<figure class=\"wp-caption\">\n\t\t\t\t\t\t\t\t\t\t<img loading=\"lazy\" decoding=\"async\" width=\"768\" height=\"512\" src=\"https:\/\/www.elturistatranquil.com\/wp-content\/uploads\/F08-Castillo-de-Maqueda-Toledo-Google-earth-2023-08-30.jpg\" class=\"attachment-large size-large wp-image-48796\" alt=\"Castillo de Maqueda, Toledo (Google earth-2023-08-30)\" srcset=\"https:\/\/www.elturistatranquil.com\/wp-content\/uploads\/F08-Castillo-de-Maqueda-Toledo-Google-earth-2023-08-30.jpg 768w, https:\/\/www.elturistatranquil.com\/wp-content\/uploads\/F08-Castillo-de-Maqueda-Toledo-Google-earth-2023-08-30-339x226.jpg 339w\" sizes=\"(max-width: 768px) 100vw, 768px\" \/>\t\t\t\t\t\t\t\t\t\t\t<figcaption class=\"widget-image-caption wp-caption-text\">Castell de  Maqueda, Toledo (Google earth-2023-08-30)<\/figcaption>\n\t\t\t\t\t\t\t\t\t\t<\/figure>\n\t\t\t\t\t\t\t\t\t<\/div>\n\t\t\t\t<\/div>\n\t\t\t\t<div class=\"elementor-element elementor-element-fea8b9b elementor-widget elementor-widget-text-editor\" data-id=\"fea8b9b\" data-element_type=\"widget\" data-e-type=\"widget\" data-widget_type=\"text-editor.default\">\n\t\t\t\t<div class=\"elementor-widget-container\">\n\t\t\t\t\t\t\t\t\t<p>Hem de partir de la base que els castells senyorials que es van prodigar a Castella durant el segle XV, encara amb aparen\u00e7a i certes condicions de fortificaci\u00f3 defensiva, tenien, sobretot, una funci\u00f3 de representativitat i mostra del poder senyorial sobre el territori circumdant, aix\u00ed com de compet\u00e8ncia entre la noblesa senyorial. Al segle XV en aquesta part central del territori de Castella havia quedat enrere la funci\u00f3 defensiva fronterera tant amb els moros com amb els altres regnes cristians peninsular.<\/p><p>A diferents posts hem pogut veure exemples d&#8217;aquest tipus de castell senyorials: <a href=\"https:\/\/www.elturistatranquil.com\/ca\/sabiote\/\" target=\"_blank\" rel=\"noopener\">Sabiote<\/a>, <a href=\"https:\/\/www.elturistatranquil.com\/ca\/castelo-de-pambre-lugo\/\" target=\"_blank\" rel=\"noopener\">Pambre<\/a>, <a href=\"https:\/\/www.elturistatranquil.com\/ca\/castells-de-guadamur-i-polan-toledo\/\" target=\"_blank\" rel=\"noopener\">Guadamur i Pol\u00e1n<\/a>, <a href=\"https:\/\/www.elturistatranquil.com\/ca\/castell-dampudia-palencia\/\" target=\"_blank\" rel=\"noopener\">Ampudia<\/a>, <a href=\"https:\/\/www.elturistatranquil.com\/ca\/castell-de-penafiel-i-museu-del-vi-valladolid\/\" target=\"_blank\" rel=\"noopener\">Pe\u00f1afiel<\/a> o <a href=\"https:\/\/www.elturistatranquil.com\/ca\/castell-de-belmonte-conca\/\" target=\"_blank\" rel=\"noopener\">Belmonte<\/a>.<\/p>\t\t\t\t\t\t\t\t<\/div>\n\t\t\t\t<\/div>\n\t\t\t\t<div class=\"elementor-element elementor-element-497598a elementor-widget elementor-widget-image\" data-id=\"497598a\" data-element_type=\"widget\" data-e-type=\"widget\" data-widget_type=\"image.default\">\n\t\t\t\t<div class=\"elementor-widget-container\">\n\t\t\t\t\t\t\t\t\t\t\t\t<figure class=\"wp-caption\">\n\t\t\t\t\t\t\t\t\t\t<img loading=\"lazy\" decoding=\"async\" width=\"768\" height=\"512\" src=\"https:\/\/www.elturistatranquil.com\/wp-content\/uploads\/F09-Castillo-de-Maqueda-Toledo.jpg\" class=\"attachment-large size-large wp-image-48798\" alt=\"Castillo de Maqueda, Toledo\" srcset=\"https:\/\/www.elturistatranquil.com\/wp-content\/uploads\/F09-Castillo-de-Maqueda-Toledo.jpg 768w, https:\/\/www.elturistatranquil.com\/wp-content\/uploads\/F09-Castillo-de-Maqueda-Toledo-339x226.jpg 339w\" sizes=\"(max-width: 768px) 100vw, 768px\" \/>\t\t\t\t\t\t\t\t\t\t\t<figcaption class=\"widget-image-caption wp-caption-text\"><\/figcaption>\n\t\t\t\t\t\t\t\t\t\t<\/figure>\n\t\t\t\t\t\t\t\t\t<\/div>\n\t\t\t\t<\/div>\n\t\t\t\t<div class=\"elementor-element elementor-element-b8b66ed elementor-widget elementor-widget-image\" data-id=\"b8b66ed\" data-element_type=\"widget\" data-e-type=\"widget\" data-widget_type=\"image.default\">\n\t\t\t\t<div class=\"elementor-widget-container\">\n\t\t\t\t\t\t\t\t\t\t\t\t<figure class=\"wp-caption\">\n\t\t\t\t\t\t\t\t\t\t<img loading=\"lazy\" decoding=\"async\" width=\"768\" height=\"511\" src=\"https:\/\/www.elturistatranquil.com\/wp-content\/uploads\/F10-Castillo-de-Maqueda-Toledo.jpg\" class=\"attachment-large size-large wp-image-48800\" alt=\"Castillo de Maqueda, Toledo\" srcset=\"https:\/\/www.elturistatranquil.com\/wp-content\/uploads\/F10-Castillo-de-Maqueda-Toledo.jpg 768w, https:\/\/www.elturistatranquil.com\/wp-content\/uploads\/F10-Castillo-de-Maqueda-Toledo-339x226.jpg 339w\" sizes=\"(max-width: 768px) 100vw, 768px\" \/>\t\t\t\t\t\t\t\t\t\t\t<figcaption class=\"widget-image-caption wp-caption-text\"><\/figcaption>\n\t\t\t\t\t\t\t\t\t\t<\/figure>\n\t\t\t\t\t\t\t\t\t<\/div>\n\t\t\t\t<\/div>\n\t\t\t\t<div class=\"elementor-element elementor-element-c568da5 elementor-widget elementor-widget-text-editor\" data-id=\"c568da5\" data-element_type=\"widget\" data-e-type=\"widget\" data-widget_type=\"text-editor.default\">\n\t\t\t\t<div class=\"elementor-widget-container\">\n\t\t\t\t\t\t\t\t\t<p>L&#8217;exterior est\u00e0 perfectament conservat amb merlets en tot el per\u00edmetre. Les torres una mica m\u00e9s elevades que els llen\u00e7os de muralla.<\/p>\t\t\t\t\t\t\t\t<\/div>\n\t\t\t\t<\/div>\n\t\t\t\t<div class=\"elementor-element elementor-element-5cbe1ae elementor-widget elementor-widget-image\" data-id=\"5cbe1ae\" data-element_type=\"widget\" data-e-type=\"widget\" data-widget_type=\"image.default\">\n\t\t\t\t<div class=\"elementor-widget-container\">\n\t\t\t\t\t\t\t\t\t\t\t\t<figure class=\"wp-caption\">\n\t\t\t\t\t\t\t\t\t\t<img loading=\"lazy\" decoding=\"async\" width=\"768\" height=\"512\" src=\"https:\/\/www.elturistatranquil.com\/wp-content\/uploads\/F11-Castillo-de-Maqueda-Toledo.jpg\" class=\"attachment-large size-large wp-image-48802\" alt=\"Castillo de Maqueda, Toledo\" srcset=\"https:\/\/www.elturistatranquil.com\/wp-content\/uploads\/F11-Castillo-de-Maqueda-Toledo.jpg 768w, https:\/\/www.elturistatranquil.com\/wp-content\/uploads\/F11-Castillo-de-Maqueda-Toledo-339x226.jpg 339w\" sizes=\"(max-width: 768px) 100vw, 768px\" \/>\t\t\t\t\t\t\t\t\t\t\t<figcaption class=\"widget-image-caption wp-caption-text\"><\/figcaption>\n\t\t\t\t\t\t\t\t\t\t<\/figure>\n\t\t\t\t\t\t\t\t\t<\/div>\n\t\t\t\t<\/div>\n\t\t\t\t<div class=\"elementor-element elementor-element-959a09a elementor-widget elementor-widget-text-editor\" data-id=\"959a09a\" data-element_type=\"widget\" data-e-type=\"widget\" data-widget_type=\"text-editor.default\">\n\t\t\t\t<div class=\"elementor-widget-container\">\n\t\t\t\t\t\t\t\t\t<p>El costat nord de llevant, i el tambor cantoner, s\u00f3n reconstruccions posteriors.<\/p>\t\t\t\t\t\t\t\t<\/div>\n\t\t\t\t<\/div>\n\t\t\t\t<div class=\"elementor-element elementor-element-ebc85bd elementor-widget elementor-widget-image\" data-id=\"ebc85bd\" data-element_type=\"widget\" data-e-type=\"widget\" data-widget_type=\"image.default\">\n\t\t\t\t<div class=\"elementor-widget-container\">\n\t\t\t\t\t\t\t\t\t\t\t\t<figure class=\"wp-caption\">\n\t\t\t\t\t\t\t\t\t\t<img loading=\"lazy\" decoding=\"async\" width=\"768\" height=\"512\" src=\"https:\/\/www.elturistatranquil.com\/wp-content\/uploads\/F13-Castillo-de-Maqueda-Toledo.jpg\" class=\"attachment-large size-large wp-image-48807\" alt=\"Castillo de Maqueda, Toledo\" srcset=\"https:\/\/www.elturistatranquil.com\/wp-content\/uploads\/F13-Castillo-de-Maqueda-Toledo.jpg 768w, https:\/\/www.elturistatranquil.com\/wp-content\/uploads\/F13-Castillo-de-Maqueda-Toledo-339x226.jpg 339w\" sizes=\"(max-width: 768px) 100vw, 768px\" \/>\t\t\t\t\t\t\t\t\t\t\t<figcaption class=\"widget-image-caption wp-caption-text\"><\/figcaption>\n\t\t\t\t\t\t\t\t\t\t<\/figure>\n\t\t\t\t\t\t\t\t\t<\/div>\n\t\t\t\t<\/div>\n\t\t\t\t<div class=\"elementor-element elementor-element-1b9118b elementor-widget elementor-widget-text-editor\" data-id=\"1b9118b\" data-element_type=\"widget\" data-e-type=\"widget\" data-widget_type=\"text-editor.default\">\n\t\t\t\t<div class=\"elementor-widget-container\">\n\t\t\t\t\t\t\t\t\t<p>En haver desaparegut les muralles, s&#8217;accedeix a l&#8217;\u00fanica porta d&#8217;entrada , per una rampa exterior on es pot arribar amb vehicle, i a peu des de l&#8217;interior del mas. En un extrem del costat de llevant s&#8217;obre una porta, com a acc\u00e9s auxiliar.<\/p>\t\t\t\t\t\t\t\t<\/div>\n\t\t\t\t<\/div>\n\t\t\t\t<div class=\"elementor-element elementor-element-971a29b elementor-widget elementor-widget-image\" data-id=\"971a29b\" data-element_type=\"widget\" data-e-type=\"widget\" data-widget_type=\"image.default\">\n\t\t\t\t<div class=\"elementor-widget-container\">\n\t\t\t\t\t\t\t\t\t\t\t\t<figure class=\"wp-caption\">\n\t\t\t\t\t\t\t\t\t\t<img loading=\"lazy\" decoding=\"async\" width=\"768\" height=\"512\" src=\"https:\/\/www.elturistatranquil.com\/wp-content\/uploads\/F14-Castillo-de-Maqueda-Toledo.jpg\" class=\"attachment-large size-large wp-image-48809\" alt=\"Castillo de Maqueda, Toledo\" srcset=\"https:\/\/www.elturistatranquil.com\/wp-content\/uploads\/F14-Castillo-de-Maqueda-Toledo.jpg 768w, https:\/\/www.elturistatranquil.com\/wp-content\/uploads\/F14-Castillo-de-Maqueda-Toledo-339x226.jpg 339w\" sizes=\"(max-width: 768px) 100vw, 768px\" \/>\t\t\t\t\t\t\t\t\t\t\t<figcaption class=\"widget-image-caption wp-caption-text\"><\/figcaption>\n\t\t\t\t\t\t\t\t\t\t<\/figure>\n\t\t\t\t\t\t\t\t\t<\/div>\n\t\t\t\t<\/div>\n\t\t\t\t<div class=\"elementor-element elementor-element-cc864ad elementor-widget elementor-widget-heading\" data-id=\"cc864ad\" data-element_type=\"widget\" data-e-type=\"widget\" data-widget_type=\"heading.default\">\n\t\t\t\t<div class=\"elementor-widget-container\">\n\t\t\t\t\t<h4 class=\"elementor-heading-title elementor-size-default\">La portada<\/h4>\t\t\t\t<\/div>\n\t\t\t\t<\/div>\n\t\t\t\t<div class=\"elementor-element elementor-element-86aef06 elementor-widget elementor-widget-text-editor\" data-id=\"86aef06\" data-element_type=\"widget\" data-e-type=\"widget\" data-widget_type=\"text-editor.default\">\n\t\t\t\t<div class=\"elementor-widget-container\">\n\t\t\t\t\t\t\t\t\t<p>La portada es troba a la banda dreta del mur nord. \u00c9s d&#8217;arc de mig punt amb grans dovelles. Emmarcada en un arrab\u00e0 caracter\u00edstic de l&#8217;estil mud\u00e8jar, sobre el qual s&#8217;exposa l&#8217;escut dels C\u00e1rdenas.<\/p><p>Un matac\u00e0 sobre m\u00e8nsules a la part superior tindria la funci\u00f3 de protecci\u00f3 de l&#8217;acc\u00e9s.<\/p>\t\t\t\t\t\t\t\t<\/div>\n\t\t\t\t<\/div>\n\t\t\t\t<div class=\"elementor-element elementor-element-86e9450 elementor-widget elementor-widget-image\" data-id=\"86e9450\" data-element_type=\"widget\" data-e-type=\"widget\" data-widget_type=\"image.default\">\n\t\t\t\t<div class=\"elementor-widget-container\">\n\t\t\t\t\t\t\t\t\t\t\t\t<figure class=\"wp-caption\">\n\t\t\t\t\t\t\t\t\t\t<img loading=\"lazy\" decoding=\"async\" width=\"768\" height=\"512\" src=\"https:\/\/www.elturistatranquil.com\/wp-content\/uploads\/F15-Castillo-de-Maqueda-Toledo.jpg\" class=\"attachment-large size-large wp-image-48811\" alt=\"Castillo de Maqueda, Toledo\" srcset=\"https:\/\/www.elturistatranquil.com\/wp-content\/uploads\/F15-Castillo-de-Maqueda-Toledo.jpg 768w, https:\/\/www.elturistatranquil.com\/wp-content\/uploads\/F15-Castillo-de-Maqueda-Toledo-339x226.jpg 339w\" sizes=\"(max-width: 768px) 100vw, 768px\" \/>\t\t\t\t\t\t\t\t\t\t\t<figcaption class=\"widget-image-caption wp-caption-text\"><\/figcaption>\n\t\t\t\t\t\t\t\t\t\t<\/figure>\n\t\t\t\t\t\t\t\t\t<\/div>\n\t\t\t\t<\/div>\n\t\t\t\t<div class=\"elementor-element elementor-element-7d85224 elementor-widget elementor-widget-image\" data-id=\"7d85224\" data-element_type=\"widget\" data-e-type=\"widget\" data-widget_type=\"image.default\">\n\t\t\t\t<div class=\"elementor-widget-container\">\n\t\t\t\t\t\t\t\t\t\t\t\t<figure class=\"wp-caption\">\n\t\t\t\t\t\t\t\t\t\t<img loading=\"lazy\" decoding=\"async\" width=\"768\" height=\"511\" src=\"https:\/\/www.elturistatranquil.com\/wp-content\/uploads\/F17-Castillo-de-Maqueda-Toledo.jpg\" class=\"attachment-large size-large wp-image-48815\" alt=\"Castillo de Maqueda, Toledo\" srcset=\"https:\/\/www.elturistatranquil.com\/wp-content\/uploads\/F17-Castillo-de-Maqueda-Toledo.jpg 768w, https:\/\/www.elturistatranquil.com\/wp-content\/uploads\/F17-Castillo-de-Maqueda-Toledo-339x226.jpg 339w\" sizes=\"(max-width: 768px) 100vw, 768px\" \/>\t\t\t\t\t\t\t\t\t\t\t<figcaption class=\"widget-image-caption wp-caption-text\"><\/figcaption>\n\t\t\t\t\t\t\t\t\t\t<\/figure>\n\t\t\t\t\t\t\t\t\t<\/div>\n\t\t\t\t<\/div>\n\t\t\t\t<div class=\"elementor-element elementor-element-13a45be elementor-widget elementor-widget-text-editor\" data-id=\"13a45be\" data-element_type=\"widget\" data-e-type=\"widget\" data-widget_type=\"text-editor.default\">\n\t\t\t\t<div class=\"elementor-widget-container\">\n\t\t\t\t\t\t\t\t\t<p>Les armes que llueixen sobre l&#8217;entrada correspondrien a Diego de C\u00e1rdenas y Enr\u00edquez. Primer Duc de Maqueda.<\/p>\t\t\t\t\t\t\t\t<\/div>\n\t\t\t\t<\/div>\n\t\t\t\t<div class=\"elementor-element elementor-element-bfbfe6f elementor-widget elementor-widget-image\" data-id=\"bfbfe6f\" data-element_type=\"widget\" data-e-type=\"widget\" data-widget_type=\"image.default\">\n\t\t\t\t<div class=\"elementor-widget-container\">\n\t\t\t\t\t\t\t\t\t\t\t\t<figure class=\"wp-caption\">\n\t\t\t\t\t\t\t\t\t\t<img loading=\"lazy\" decoding=\"async\" width=\"768\" height=\"511\" src=\"https:\/\/www.elturistatranquil.com\/wp-content\/uploads\/F18-Castillo-de-Maqueda-Toledo.jpg\" class=\"attachment-large size-large wp-image-48820\" alt=\"Castillo de Maqueda, Toledo\" srcset=\"https:\/\/www.elturistatranquil.com\/wp-content\/uploads\/F18-Castillo-de-Maqueda-Toledo.jpg 768w, https:\/\/www.elturistatranquil.com\/wp-content\/uploads\/F18-Castillo-de-Maqueda-Toledo-339x226.jpg 339w\" sizes=\"(max-width: 768px) 100vw, 768px\" \/>\t\t\t\t\t\t\t\t\t\t\t<figcaption class=\"widget-image-caption wp-caption-text\"><\/figcaption>\n\t\t\t\t\t\t\t\t\t\t<\/figure>\n\t\t\t\t\t\t\t\t\t<\/div>\n\t\t\t\t<\/div>\n\t\t\t\t<div class=\"elementor-element elementor-element-2246ece elementor-widget elementor-widget-image\" data-id=\"2246ece\" data-element_type=\"widget\" data-e-type=\"widget\" data-widget_type=\"image.default\">\n\t\t\t\t<div class=\"elementor-widget-container\">\n\t\t\t\t\t\t\t\t\t\t\t\t<figure class=\"wp-caption\">\n\t\t\t\t\t\t\t\t\t\t<img loading=\"lazy\" decoding=\"async\" width=\"768\" height=\"511\" src=\"https:\/\/www.elturistatranquil.com\/wp-content\/uploads\/F19-Castillo-de-Maqueda-Toledo.jpg\" class=\"attachment-large size-large wp-image-48822\" alt=\"Castillo de Maqueda, Toledo\" srcset=\"https:\/\/www.elturistatranquil.com\/wp-content\/uploads\/F19-Castillo-de-Maqueda-Toledo.jpg 768w, https:\/\/www.elturistatranquil.com\/wp-content\/uploads\/F19-Castillo-de-Maqueda-Toledo-339x226.jpg 339w\" sizes=\"(max-width: 768px) 100vw, 768px\" \/>\t\t\t\t\t\t\t\t\t\t\t<figcaption class=\"widget-image-caption wp-caption-text\"><\/figcaption>\n\t\t\t\t\t\t\t\t\t\t<\/figure>\n\t\t\t\t\t\t\t\t\t<\/div>\n\t\t\t\t<\/div>\n\t\t\t\t<div class=\"elementor-element elementor-element-6189c663 elementor-widget elementor-widget-heading\" data-id=\"6189c663\" data-element_type=\"widget\" data-e-type=\"widget\" data-widget_type=\"heading.default\">\n\t\t\t\t<div class=\"elementor-widget-container\">\n\t\t\t\t\t<h4 class=\"elementor-heading-title elementor-size-default\">Murs exteriors<\/h4>\t\t\t\t<\/div>\n\t\t\t\t<\/div>\n\t\t\t\t<div class=\"elementor-element elementor-element-26d1752 elementor-widget elementor-widget-heading\" data-id=\"26d1752\" data-element_type=\"widget\" data-e-type=\"widget\" data-widget_type=\"heading.default\">\n\t\t\t\t<div class=\"elementor-widget-container\">\n\t\t\t\t\t<h5 class=\"elementor-heading-title elementor-size-default\">Mur nord<\/h5>\t\t\t\t<\/div>\n\t\t\t\t<\/div>\n\t\t\t\t<div class=\"elementor-element elementor-element-02f173e elementor-widget elementor-widget-image\" data-id=\"02f173e\" data-element_type=\"widget\" data-e-type=\"widget\" data-widget_type=\"image.default\">\n\t\t\t\t<div class=\"elementor-widget-container\">\n\t\t\t\t\t\t\t\t\t\t\t\t<figure class=\"wp-caption\">\n\t\t\t\t\t\t\t\t\t\t<img loading=\"lazy\" decoding=\"async\" width=\"768\" height=\"512\" src=\"https:\/\/www.elturistatranquil.com\/wp-content\/uploads\/F16-Castillo-de-Maqueda-Toledo.jpg\" class=\"attachment-large size-large wp-image-48813\" alt=\"Castillo de Maqueda, Toledo\" srcset=\"https:\/\/www.elturistatranquil.com\/wp-content\/uploads\/F16-Castillo-de-Maqueda-Toledo.jpg 768w, https:\/\/www.elturistatranquil.com\/wp-content\/uploads\/F16-Castillo-de-Maqueda-Toledo-339x226.jpg 339w\" sizes=\"(max-width: 768px) 100vw, 768px\" \/>\t\t\t\t\t\t\t\t\t\t\t<figcaption class=\"widget-image-caption wp-caption-text\"><\/figcaption>\n\t\t\t\t\t\t\t\t\t\t<\/figure>\n\t\t\t\t\t\t\t\t\t<\/div>\n\t\t\t\t<\/div>\n\t\t\t\t<div class=\"elementor-element elementor-element-7178e17 elementor-widget elementor-widget-text-editor\" data-id=\"7178e17\" data-element_type=\"widget\" data-e-type=\"widget\" data-widget_type=\"text-editor.default\">\n\t\t\t\t<div class=\"elementor-widget-container\">\n\t\t\t\t\t\t\t\t\t<p>El mur nord, on se situa la portada, presenta dos tipus d&#8217;aparell. Tota aquesta cantonada nord-oriental del castell va ser reconstru\u00efda posteriorment.<\/p>\t\t\t\t\t\t\t\t<\/div>\n\t\t\t\t<\/div>\n\t\t\t\t<div class=\"elementor-element elementor-element-d88a220 elementor-widget elementor-widget-image\" data-id=\"d88a220\" data-element_type=\"widget\" data-e-type=\"widget\" data-widget_type=\"image.default\">\n\t\t\t\t<div class=\"elementor-widget-container\">\n\t\t\t\t\t\t\t\t\t\t\t\t<figure class=\"wp-caption\">\n\t\t\t\t\t\t\t\t\t\t<img loading=\"lazy\" decoding=\"async\" width=\"768\" height=\"512\" src=\"https:\/\/www.elturistatranquil.com\/wp-content\/uploads\/F20-Castillo-de-Maqueda-Toledo.jpg\" class=\"attachment-large size-large wp-image-48824\" alt=\"Castillo de Maqueda, Toledo\" srcset=\"https:\/\/www.elturistatranquil.com\/wp-content\/uploads\/F20-Castillo-de-Maqueda-Toledo.jpg 768w, https:\/\/www.elturistatranquil.com\/wp-content\/uploads\/F20-Castillo-de-Maqueda-Toledo-339x226.jpg 339w\" sizes=\"(max-width: 768px) 100vw, 768px\" \/>\t\t\t\t\t\t\t\t\t\t\t<figcaption class=\"widget-image-caption wp-caption-text\"><\/figcaption>\n\t\t\t\t\t\t\t\t\t\t<\/figure>\n\t\t\t\t\t\t\t\t\t<\/div>\n\t\t\t\t<\/div>\n\t\t\t\t<div class=\"elementor-element elementor-element-874062e elementor-widget elementor-widget-text-editor\" data-id=\"874062e\" data-element_type=\"widget\" data-e-type=\"widget\" data-widget_type=\"text-editor.default\">\n\t\t\t\t<div class=\"elementor-widget-container\">\n\t\t\t\t\t\t\t\t\t<p>Per tant, el cub d&#8217;aquest extrem \u00e9s modern, on es pot veure a la part baixa una tronera de b\u00fastia.<\/p>\t\t\t\t\t\t\t\t<\/div>\n\t\t\t\t<\/div>\n\t\t\t\t<div class=\"elementor-element elementor-element-3222330 elementor-widget elementor-widget-image\" data-id=\"3222330\" data-element_type=\"widget\" data-e-type=\"widget\" data-widget_type=\"image.default\">\n\t\t\t\t<div class=\"elementor-widget-container\">\n\t\t\t\t\t\t\t\t\t\t\t\t<figure class=\"wp-caption\">\n\t\t\t\t\t\t\t\t\t\t<img loading=\"lazy\" decoding=\"async\" width=\"768\" height=\"512\" src=\"https:\/\/www.elturistatranquil.com\/wp-content\/uploads\/F21-Castillo-de-Maqueda-Toledo.jpg\" class=\"attachment-large size-large wp-image-48826\" alt=\"Castillo de Maqueda, Toledo\" srcset=\"https:\/\/www.elturistatranquil.com\/wp-content\/uploads\/F21-Castillo-de-Maqueda-Toledo.jpg 768w, https:\/\/www.elturistatranquil.com\/wp-content\/uploads\/F21-Castillo-de-Maqueda-Toledo-339x226.jpg 339w\" sizes=\"(max-width: 768px) 100vw, 768px\" \/>\t\t\t\t\t\t\t\t\t\t\t<figcaption class=\"widget-image-caption wp-caption-text\"><\/figcaption>\n\t\t\t\t\t\t\t\t\t\t<\/figure>\n\t\t\t\t\t\t\t\t\t<\/div>\n\t\t\t\t<\/div>\n\t\t\t\t<div class=\"elementor-element elementor-element-b994b24 elementor-widget elementor-widget-text-editor\" data-id=\"b994b24\" data-element_type=\"widget\" data-e-type=\"widget\" data-widget_type=\"text-editor.default\">\n\t\t\t\t<div class=\"elementor-widget-container\">\n\t\t\t\t\t\t\t\t\t<p>En aquesta part m\u00e9s nova es va incloure a la part baixa, sembla que com a adorn, tres fileres de ma\u00f3 que li donen aspecte de fris i aparell de ma\u00e7oneria.<\/p>\t\t\t\t\t\t\t\t<\/div>\n\t\t\t\t<\/div>\n\t\t\t\t<div class=\"elementor-element elementor-element-40b27bf elementor-widget elementor-widget-image\" data-id=\"40b27bf\" data-element_type=\"widget\" data-e-type=\"widget\" data-widget_type=\"image.default\">\n\t\t\t\t<div class=\"elementor-widget-container\">\n\t\t\t\t\t\t\t\t\t\t\t\t<figure class=\"wp-caption\">\n\t\t\t\t\t\t\t\t\t\t<img loading=\"lazy\" decoding=\"async\" width=\"768\" height=\"512\" src=\"https:\/\/www.elturistatranquil.com\/wp-content\/uploads\/F22-Castillo-de-Maqueda-Toledo.jpg\" class=\"attachment-large size-large wp-image-48828\" alt=\"Castillo de Maqueda, Toledo\" srcset=\"https:\/\/www.elturistatranquil.com\/wp-content\/uploads\/F22-Castillo-de-Maqueda-Toledo.jpg 768w, https:\/\/www.elturistatranquil.com\/wp-content\/uploads\/F22-Castillo-de-Maqueda-Toledo-339x226.jpg 339w\" sizes=\"(max-width: 768px) 100vw, 768px\" \/>\t\t\t\t\t\t\t\t\t\t\t<figcaption class=\"widget-image-caption wp-caption-text\"><\/figcaption>\n\t\t\t\t\t\t\t\t\t\t<\/figure>\n\t\t\t\t\t\t\t\t\t<\/div>\n\t\t\t\t<\/div>\n\t\t\t\t<div class=\"elementor-element elementor-element-bdbf481 elementor-widget elementor-widget-text-editor\" data-id=\"bdbf481\" data-element_type=\"widget\" data-e-type=\"widget\" data-widget_type=\"text-editor.default\">\n\t\t\t\t<div class=\"elementor-widget-container\">\n\t\t\t\t\t\t\t\t\t<p>Un aspecte que cal destacar s\u00f3n els merlets piramidals apariats, amb una sagetera a la part central.<\/p>\t\t\t\t\t\t\t\t<\/div>\n\t\t\t\t<\/div>\n\t\t\t\t<div class=\"elementor-element elementor-element-1f8a2f8 elementor-widget elementor-widget-image\" data-id=\"1f8a2f8\" data-element_type=\"widget\" data-e-type=\"widget\" data-widget_type=\"image.default\">\n\t\t\t\t<div class=\"elementor-widget-container\">\n\t\t\t\t\t\t\t\t\t\t\t\t<figure class=\"wp-caption\">\n\t\t\t\t\t\t\t\t\t\t<img loading=\"lazy\" decoding=\"async\" width=\"768\" height=\"511\" src=\"https:\/\/www.elturistatranquil.com\/wp-content\/uploads\/F23-Castillo-de-Maqueda-Toledo.jpg\" class=\"attachment-large size-large wp-image-48833\" alt=\"Castillo de Maqueda, Toledo\" srcset=\"https:\/\/www.elturistatranquil.com\/wp-content\/uploads\/F23-Castillo-de-Maqueda-Toledo.jpg 768w, https:\/\/www.elturistatranquil.com\/wp-content\/uploads\/F23-Castillo-de-Maqueda-Toledo-339x226.jpg 339w\" sizes=\"(max-width: 768px) 100vw, 768px\" \/>\t\t\t\t\t\t\t\t\t\t\t<figcaption class=\"widget-image-caption wp-caption-text\"><\/figcaption>\n\t\t\t\t\t\t\t\t\t\t<\/figure>\n\t\t\t\t\t\t\t\t\t<\/div>\n\t\t\t\t<\/div>\n\t\t\t\t<div class=\"elementor-element elementor-element-55b7d8a4 elementor-widget elementor-widget-heading\" data-id=\"55b7d8a4\" data-element_type=\"widget\" data-e-type=\"widget\" data-widget_type=\"heading.default\">\n\t\t\t\t<div class=\"elementor-widget-container\">\n\t\t\t\t\t<h5 class=\"elementor-heading-title elementor-size-default\">Lateral de llevant<\/h5>\t\t\t\t<\/div>\n\t\t\t\t<\/div>\n\t\t\t\t<div class=\"elementor-element elementor-element-d5833fc elementor-widget elementor-widget-text-editor\" data-id=\"d5833fc\" data-element_type=\"widget\" data-e-type=\"widget\" data-widget_type=\"text-editor.default\">\n\t\t\t\t<div class=\"elementor-widget-container\">\n\t\t\t\t\t\t\t\t\t<p>El costat de llevant est\u00e0 format per dos llen\u00e7os separats per un cub semicircular. La part nord completa la construcci\u00f3 posterior, presentant un acabat menys defensiu, sense els merlets i amb tres finestres a la part superior.<\/p>\t\t\t\t\t\t\t\t<\/div>\n\t\t\t\t<\/div>\n\t\t\t\t<div class=\"elementor-element elementor-element-b9efa66 elementor-widget elementor-widget-image\" data-id=\"b9efa66\" data-element_type=\"widget\" data-e-type=\"widget\" data-widget_type=\"image.default\">\n\t\t\t\t<div class=\"elementor-widget-container\">\n\t\t\t\t\t\t\t\t\t\t\t\t<figure class=\"wp-caption\">\n\t\t\t\t\t\t\t\t\t\t<img loading=\"lazy\" decoding=\"async\" width=\"768\" height=\"511\" src=\"https:\/\/www.elturistatranquil.com\/wp-content\/uploads\/F24a-Castillo-de-Maqueda-Toledo.jpg\" class=\"attachment-large size-large wp-image-48835\" alt=\"Castillo de Maqueda, Toledo\" srcset=\"https:\/\/www.elturistatranquil.com\/wp-content\/uploads\/F24a-Castillo-de-Maqueda-Toledo.jpg 768w, https:\/\/www.elturistatranquil.com\/wp-content\/uploads\/F24a-Castillo-de-Maqueda-Toledo-339x226.jpg 339w\" sizes=\"(max-width: 768px) 100vw, 768px\" \/>\t\t\t\t\t\t\t\t\t\t\t<figcaption class=\"widget-image-caption wp-caption-text\"><\/figcaption>\n\t\t\t\t\t\t\t\t\t\t<\/figure>\n\t\t\t\t\t\t\t\t\t<\/div>\n\t\t\t\t<\/div>\n\t\t\t\t<div class=\"elementor-element elementor-element-df370ae elementor-widget elementor-widget-image\" data-id=\"df370ae\" data-element_type=\"widget\" data-e-type=\"widget\" data-widget_type=\"image.default\">\n\t\t\t\t<div class=\"elementor-widget-container\">\n\t\t\t\t\t\t\t\t\t\t\t\t<figure class=\"wp-caption\">\n\t\t\t\t\t\t\t\t\t\t<img loading=\"lazy\" decoding=\"async\" width=\"768\" height=\"511\" src=\"https:\/\/www.elturistatranquil.com\/wp-content\/uploads\/F24b-Castillo-de-Maqueda-Toledo.jpg\" class=\"attachment-large size-large wp-image-48837\" alt=\"Castillo de Maqueda, Toledo\" srcset=\"https:\/\/www.elturistatranquil.com\/wp-content\/uploads\/F24b-Castillo-de-Maqueda-Toledo.jpg 768w, https:\/\/www.elturistatranquil.com\/wp-content\/uploads\/F24b-Castillo-de-Maqueda-Toledo-339x226.jpg 339w\" sizes=\"(max-width: 768px) 100vw, 768px\" \/>\t\t\t\t\t\t\t\t\t\t\t<figcaption class=\"widget-image-caption wp-caption-text\"><\/figcaption>\n\t\t\t\t\t\t\t\t\t\t<\/figure>\n\t\t\t\t\t\t\t\t\t<\/div>\n\t\t\t\t<\/div>\n\t\t\t\t<div class=\"elementor-element elementor-element-e6636d4 elementor-widget elementor-widget-text-editor\" data-id=\"e6636d4\" data-element_type=\"widget\" data-e-type=\"widget\" data-widget_type=\"text-editor.default\">\n\t\t\t\t<div class=\"elementor-widget-container\">\n\t\t\t\t\t\t\t\t\t<p>Pel cub de la cantonada nord continua l&#8217;aparell de fileres de ma\u00f3 i ma\u00e7oneria.<\/p>\t\t\t\t\t\t\t\t<\/div>\n\t\t\t\t<\/div>\n\t\t\t\t<div class=\"elementor-element elementor-element-3a5512a elementor-widget elementor-widget-image\" data-id=\"3a5512a\" data-element_type=\"widget\" data-e-type=\"widget\" data-widget_type=\"image.default\">\n\t\t\t\t<div class=\"elementor-widget-container\">\n\t\t\t\t\t\t\t\t\t\t\t\t<figure class=\"wp-caption\">\n\t\t\t\t\t\t\t\t\t\t<img loading=\"lazy\" decoding=\"async\" width=\"768\" height=\"511\" src=\"https:\/\/www.elturistatranquil.com\/wp-content\/uploads\/F25-Castillo-de-Maqueda-Toledo.jpg\" class=\"attachment-large size-large wp-image-48839\" alt=\"Castillo de Maqueda, Toledo\" srcset=\"https:\/\/www.elturistatranquil.com\/wp-content\/uploads\/F25-Castillo-de-Maqueda-Toledo.jpg 768w, https:\/\/www.elturistatranquil.com\/wp-content\/uploads\/F25-Castillo-de-Maqueda-Toledo-339x226.jpg 339w\" sizes=\"(max-width: 768px) 100vw, 768px\" \/>\t\t\t\t\t\t\t\t\t\t\t<figcaption class=\"widget-image-caption wp-caption-text\"><\/figcaption>\n\t\t\t\t\t\t\t\t\t\t<\/figure>\n\t\t\t\t\t\t\t\t\t<\/div>\n\t\t\t\t<\/div>\n\t\t\t\t<div class=\"elementor-element elementor-element-06367f5 elementor-widget elementor-widget-text-editor\" data-id=\"06367f5\" data-element_type=\"widget\" data-e-type=\"widget\" data-widget_type=\"text-editor.default\">\n\t\t\t\t<div class=\"elementor-widget-container\">\n\t\t\t\t\t\t\t\t\t<p>Com ja s&#8217;ha assenyalat anteriorment, la part antiga del castell est\u00e0 dotada tan sols de troneres d&#8217;orbe i pal (ull de pany invertit).<\/p><p>A la torre de construcci\u00f3 m\u00e9s moderna es pot apreciar una ben llaurada tronera de b\u00fastia.<\/p>\t\t\t\t\t\t\t\t<\/div>\n\t\t\t\t<\/div>\n\t\t\t\t<section class=\"elementor-section elementor-inner-section elementor-element elementor-element-adc43e6 elementor-section-boxed elementor-section-height-default elementor-section-height-default\" data-id=\"adc43e6\" data-element_type=\"section\" data-e-type=\"section\">\n\t\t\t\t\t\t<div class=\"elementor-container elementor-column-gap-default\">\n\t\t\t\t\t<div class=\"elementor-column elementor-col-50 elementor-inner-column elementor-element elementor-element-5f156df\" data-id=\"5f156df\" data-element_type=\"column\" data-e-type=\"column\">\n\t\t\t<div class=\"elementor-widget-wrap elementor-element-populated\">\n\t\t\t\t\t\t<div class=\"elementor-element elementor-element-22e63d0 elementor-widget elementor-widget-image\" data-id=\"22e63d0\" data-element_type=\"widget\" data-e-type=\"widget\" data-widget_type=\"image.default\">\n\t\t\t\t<div class=\"elementor-widget-container\">\n\t\t\t\t\t\t\t\t\t\t\t\t\t\t\t<img loading=\"lazy\" decoding=\"async\" width=\"380\" height=\"380\" src=\"https:\/\/www.elturistatranquil.com\/wp-content\/uploads\/F26m-Castillo-de-Maqueda-Toledo.jpg\" class=\"attachment-large size-large wp-image-48841\" alt=\"Castillo de Maqueda, Toledo\" srcset=\"https:\/\/www.elturistatranquil.com\/wp-content\/uploads\/F26m-Castillo-de-Maqueda-Toledo.jpg 380w, https:\/\/www.elturistatranquil.com\/wp-content\/uploads\/F26m-Castillo-de-Maqueda-Toledo-226x226.jpg 226w\" sizes=\"(max-width: 380px) 100vw, 380px\" \/>\t\t\t\t\t\t\t\t\t\t\t\t\t\t\t<\/div>\n\t\t\t\t<\/div>\n\t\t\t\t\t<\/div>\n\t\t<\/div>\n\t\t\t\t<div class=\"elementor-column elementor-col-50 elementor-inner-column elementor-element elementor-element-9bb2b04\" data-id=\"9bb2b04\" data-element_type=\"column\" data-e-type=\"column\">\n\t\t\t<div class=\"elementor-widget-wrap elementor-element-populated\">\n\t\t\t\t\t\t<div class=\"elementor-element elementor-element-54cb3b2 elementor-widget elementor-widget-image\" data-id=\"54cb3b2\" data-element_type=\"widget\" data-e-type=\"widget\" data-widget_type=\"image.default\">\n\t\t\t\t<div class=\"elementor-widget-container\">\n\t\t\t\t\t\t\t\t\t\t\t\t\t\t\t<img loading=\"lazy\" decoding=\"async\" width=\"380\" height=\"380\" src=\"https:\/\/www.elturistatranquil.com\/wp-content\/uploads\/F26n-Castillo-de-Maqueda-Toledo.jpg\" class=\"attachment-large size-large wp-image-48846\" alt=\"Castillo de Maqueda, Toledo\" srcset=\"https:\/\/www.elturistatranquil.com\/wp-content\/uploads\/F26n-Castillo-de-Maqueda-Toledo.jpg 380w, https:\/\/www.elturistatranquil.com\/wp-content\/uploads\/F26n-Castillo-de-Maqueda-Toledo-226x226.jpg 226w\" sizes=\"(max-width: 380px) 100vw, 380px\" \/>\t\t\t\t\t\t\t\t\t\t\t\t\t\t\t<\/div>\n\t\t\t\t<\/div>\n\t\t\t\t\t<\/div>\n\t\t<\/div>\n\t\t\t\t\t<\/div>\n\t\t<\/section>\n\t\t\t\t<div class=\"elementor-element elementor-element-dfb1ba2 elementor-widget elementor-widget-text-editor\" data-id=\"dfb1ba2\" data-element_type=\"widget\" data-e-type=\"widget\" data-widget_type=\"text-editor.default\">\n\t\t\t\t<div class=\"elementor-widget-container\">\n\t\t\t\t\t\t\t\t\t<p>\u00a0<\/p><p>Passat el cub central s&#8217;observa el descens a l&#8217;al\u00e7ada del mur, adaptada a la disminuci\u00f3 del pendent del terreny.<\/p>\t\t\t\t\t\t\t\t<\/div>\n\t\t\t\t<\/div>\n\t\t\t\t<div class=\"elementor-element elementor-element-e85ba4e elementor-widget elementor-widget-image\" data-id=\"e85ba4e\" data-element_type=\"widget\" data-e-type=\"widget\" data-widget_type=\"image.default\">\n\t\t\t\t<div class=\"elementor-widget-container\">\n\t\t\t\t\t\t\t\t\t\t\t\t<figure class=\"wp-caption\">\n\t\t\t\t\t\t\t\t\t\t<img loading=\"lazy\" decoding=\"async\" width=\"768\" height=\"511\" src=\"https:\/\/www.elturistatranquil.com\/wp-content\/uploads\/F27-Castillo-de-Maqueda-Toledo.jpg\" class=\"attachment-large size-large wp-image-48848\" alt=\"Castillo de Maqueda, Toledo\" srcset=\"https:\/\/www.elturistatranquil.com\/wp-content\/uploads\/F27-Castillo-de-Maqueda-Toledo.jpg 768w, https:\/\/www.elturistatranquil.com\/wp-content\/uploads\/F27-Castillo-de-Maqueda-Toledo-339x226.jpg 339w\" sizes=\"(max-width: 768px) 100vw, 768px\" \/>\t\t\t\t\t\t\t\t\t\t\t<figcaption class=\"widget-image-caption wp-caption-text\"><\/figcaption>\n\t\t\t\t\t\t\t\t\t\t<\/figure>\n\t\t\t\t\t\t\t\t\t<\/div>\n\t\t\t\t<\/div>\n\t\t\t\t<div class=\"elementor-element elementor-element-b59e3cf elementor-widget elementor-widget-text-editor\" data-id=\"b59e3cf\" data-element_type=\"widget\" data-e-type=\"widget\" data-widget_type=\"text-editor.default\">\n\t\t\t\t<div class=\"elementor-widget-container\">\n\t\t\t\t\t\t\t\t\t<p>A l&#8217;extrem sud del lateral de llevant es troba la poterna que havia de tenir tota fortificaci\u00f3 com a sortida auxiliar. \u00c9s una porta d&#8217;arc escarser amb dovelles.<\/p>\t\t\t\t\t\t\t\t<\/div>\n\t\t\t\t<\/div>\n\t\t\t\t<div class=\"elementor-element elementor-element-b992c27 elementor-widget elementor-widget-image\" data-id=\"b992c27\" data-element_type=\"widget\" data-e-type=\"widget\" data-widget_type=\"image.default\">\n\t\t\t\t<div class=\"elementor-widget-container\">\n\t\t\t\t\t\t\t\t\t\t\t\t<figure class=\"wp-caption\">\n\t\t\t\t\t\t\t\t\t\t<img loading=\"lazy\" decoding=\"async\" width=\"768\" height=\"511\" src=\"https:\/\/www.elturistatranquil.com\/wp-content\/uploads\/F29-Castillo-de-Maqueda-Toledo.jpg\" class=\"attachment-large size-large wp-image-48850\" alt=\"Castillo de Maqueda, Toledo\" srcset=\"https:\/\/www.elturistatranquil.com\/wp-content\/uploads\/F29-Castillo-de-Maqueda-Toledo.jpg 768w, https:\/\/www.elturistatranquil.com\/wp-content\/uploads\/F29-Castillo-de-Maqueda-Toledo-339x226.jpg 339w\" sizes=\"(max-width: 768px) 100vw, 768px\" \/>\t\t\t\t\t\t\t\t\t\t\t<figcaption class=\"widget-image-caption wp-caption-text\"><\/figcaption>\n\t\t\t\t\t\t\t\t\t\t<\/figure>\n\t\t\t\t\t\t\t\t\t<\/div>\n\t\t\t\t<\/div>\n\t\t\t\t<div class=\"elementor-element elementor-element-0b80804 elementor-widget elementor-widget-image\" data-id=\"0b80804\" data-element_type=\"widget\" data-e-type=\"widget\" data-widget_type=\"image.default\">\n\t\t\t\t<div class=\"elementor-widget-container\">\n\t\t\t\t\t\t\t\t\t\t\t\t<figure class=\"wp-caption\">\n\t\t\t\t\t\t\t\t\t\t<img loading=\"lazy\" decoding=\"async\" width=\"768\" height=\"511\" src=\"https:\/\/www.elturistatranquil.com\/wp-content\/uploads\/F30-Castillo-de-Maqueda-Toledo.jpg\" class=\"attachment-large size-large wp-image-48852\" alt=\"Castillo de Maqueda, Toledo\" srcset=\"https:\/\/www.elturistatranquil.com\/wp-content\/uploads\/F30-Castillo-de-Maqueda-Toledo.jpg 768w, https:\/\/www.elturistatranquil.com\/wp-content\/uploads\/F30-Castillo-de-Maqueda-Toledo-339x226.jpg 339w\" sizes=\"(max-width: 768px) 100vw, 768px\" \/>\t\t\t\t\t\t\t\t\t\t\t<figcaption class=\"widget-image-caption wp-caption-text\"><\/figcaption>\n\t\t\t\t\t\t\t\t\t\t<\/figure>\n\t\t\t\t\t\t\t\t\t<\/div>\n\t\t\t\t<\/div>\n\t\t\t\t<div class=\"elementor-element elementor-element-4050ac3 elementor-widget elementor-widget-heading\" data-id=\"4050ac3\" data-element_type=\"widget\" data-e-type=\"widget\" data-widget_type=\"heading.default\">\n\t\t\t\t<div class=\"elementor-widget-container\">\n\t\t\t\t\t<h5 class=\"elementor-heading-title elementor-size-default\">Lateral sud<\/h5>\t\t\t\t<\/div>\n\t\t\t\t<\/div>\n\t\t\t\t<div class=\"elementor-element elementor-element-da28518 elementor-widget elementor-widget-text-editor\" data-id=\"da28518\" data-element_type=\"widget\" data-e-type=\"widget\" data-widget_type=\"text-editor.default\">\n\t\t\t\t<div class=\"elementor-widget-container\">\n\t\t\t\t\t\t\t\t\t<p>A la cantonada sud-oriental, al l\u00edmit amb el tal\u00fas del tur\u00f3, hi ha la torrassa m\u00e9s gran del castell. La base del cub m\u00e9s gran que sobresurt del terreny es va refor\u00e7ar amb un tal\u00fas d&#8217;obra.<\/p>\t\t\t\t\t\t\t\t<\/div>\n\t\t\t\t<\/div>\n\t\t\t\t<div class=\"elementor-element elementor-element-f657cb2 elementor-widget elementor-widget-image\" data-id=\"f657cb2\" data-element_type=\"widget\" data-e-type=\"widget\" data-widget_type=\"image.default\">\n\t\t\t\t<div class=\"elementor-widget-container\">\n\t\t\t\t\t\t\t\t\t\t\t\t<figure class=\"wp-caption\">\n\t\t\t\t\t\t\t\t\t\t<img loading=\"lazy\" decoding=\"async\" width=\"768\" height=\"512\" src=\"https:\/\/www.elturistatranquil.com\/wp-content\/uploads\/F31-Castillo-de-Maqueda-Toledo.jpg\" class=\"attachment-large size-large wp-image-48854\" alt=\"Castillo de Maqueda, Toledo\" srcset=\"https:\/\/www.elturistatranquil.com\/wp-content\/uploads\/F31-Castillo-de-Maqueda-Toledo.jpg 768w, https:\/\/www.elturistatranquil.com\/wp-content\/uploads\/F31-Castillo-de-Maqueda-Toledo-339x226.jpg 339w\" sizes=\"(max-width: 768px) 100vw, 768px\" \/>\t\t\t\t\t\t\t\t\t\t\t<figcaption class=\"widget-image-caption wp-caption-text\"><\/figcaption>\n\t\t\t\t\t\t\t\t\t\t<\/figure>\n\t\t\t\t\t\t\t\t\t<\/div>\n\t\t\t\t<\/div>\n\t\t\t\t<div class=\"elementor-element elementor-element-91fd222 elementor-widget elementor-widget-image\" data-id=\"91fd222\" data-element_type=\"widget\" data-e-type=\"widget\" data-widget_type=\"image.default\">\n\t\t\t\t<div class=\"elementor-widget-container\">\n\t\t\t\t\t\t\t\t\t\t\t\t<figure class=\"wp-caption\">\n\t\t\t\t\t\t\t\t\t\t<img loading=\"lazy\" decoding=\"async\" width=\"768\" height=\"511\" src=\"https:\/\/www.elturistatranquil.com\/wp-content\/uploads\/F32-Castillo-de-Maqueda-Toledo.jpg\" class=\"attachment-large size-large wp-image-48859\" alt=\"Castillo de Maqueda, Toledo\" srcset=\"https:\/\/www.elturistatranquil.com\/wp-content\/uploads\/F32-Castillo-de-Maqueda-Toledo.jpg 768w, https:\/\/www.elturistatranquil.com\/wp-content\/uploads\/F32-Castillo-de-Maqueda-Toledo-339x226.jpg 339w\" sizes=\"(max-width: 768px) 100vw, 768px\" \/>\t\t\t\t\t\t\t\t\t\t\t<figcaption class=\"widget-image-caption wp-caption-text\"><\/figcaption>\n\t\t\t\t\t\t\t\t\t\t<\/figure>\n\t\t\t\t\t\t\t\t\t<\/div>\n\t\t\t\t<\/div>\n\t\t\t\t<div class=\"elementor-element elementor-element-ea61fd1 elementor-widget elementor-widget-heading\" data-id=\"ea61fd1\" data-element_type=\"widget\" data-e-type=\"widget\" data-widget_type=\"heading.default\">\n\t\t\t\t<div class=\"elementor-widget-container\">\n\t\t\t\t\t<h5 class=\"elementor-heading-title elementor-size-default\">Lateral de ponent<\/h5>\t\t\t\t<\/div>\n\t\t\t\t<\/div>\n\t\t\t\t<div class=\"elementor-element elementor-element-c7780a2 elementor-widget elementor-widget-text-editor\" data-id=\"c7780a2\" data-element_type=\"widget\" data-e-type=\"widget\" data-widget_type=\"text-editor.default\">\n\t\t\t\t<div class=\"elementor-widget-container\">\n\t\t\t\t\t\t\t\t\t<p>La cantonada nord-occidental devia quedar situada a la part interior del recinte emmurallat de la <em>villetta<\/em>, i no presenta traces d&#8217;haver tingut torrassa. A l&#8217;estat actual forma un angle constructivament poc definit.<\/p>\t\t\t\t\t\t\t\t<\/div>\n\t\t\t\t<\/div>\n\t\t\t\t<div class=\"elementor-element elementor-element-1660ead elementor-widget elementor-widget-image\" data-id=\"1660ead\" data-element_type=\"widget\" data-e-type=\"widget\" data-widget_type=\"image.default\">\n\t\t\t\t<div class=\"elementor-widget-container\">\n\t\t\t\t\t\t\t\t\t\t\t\t<figure class=\"wp-caption\">\n\t\t\t\t\t\t\t\t\t\t<img loading=\"lazy\" decoding=\"async\" width=\"768\" height=\"511\" src=\"https:\/\/www.elturistatranquil.com\/wp-content\/uploads\/F33-Castillo-de-Maqueda-Toledo.jpg\" class=\"attachment-large size-large wp-image-48861\" alt=\"Castillo de Maqueda, Toledo\" srcset=\"https:\/\/www.elturistatranquil.com\/wp-content\/uploads\/F33-Castillo-de-Maqueda-Toledo.jpg 768w, https:\/\/www.elturistatranquil.com\/wp-content\/uploads\/F33-Castillo-de-Maqueda-Toledo-339x226.jpg 339w\" sizes=\"(max-width: 768px) 100vw, 768px\" \/>\t\t\t\t\t\t\t\t\t\t\t<figcaption class=\"widget-image-caption wp-caption-text\"><\/figcaption>\n\t\t\t\t\t\t\t\t\t\t<\/figure>\n\t\t\t\t\t\t\t\t\t<\/div>\n\t\t\t\t<\/div>\n\t\t\t\t<div class=\"elementor-element elementor-element-6c45096 elementor-widget elementor-widget-text-editor\" data-id=\"6c45096\" data-element_type=\"widget\" data-e-type=\"widget\" data-widget_type=\"text-editor.default\">\n\t\t\t\t<div class=\"elementor-widget-container\">\n\t\t\t\t\t\t\t\t\t<p>A la fotografia hist\u00f2rica del principi d&#8217;aquesta presentaci\u00f3 hem visualitzat que aquest costat tamb\u00e9 tenia un tal\u00fas natural defensiu. La imatge actual est\u00e0 totalment modificada, on trobem un terreny pla des de la base del mur que se li ha donat forma de recinte enjardinat. Aquesta transformaci\u00f3 ens fa pensar err\u00f2niament, quan passegem per aquest lloc, que podria haver estat uns jardins del castell.<\/p><p>Aquests canvis, segurament efectuats amb la intenci\u00f3 de millorar l&#8217;est\u00e8tica del monument, poden falsejar la realitat hist\u00f2rica del lloc. Podem dir el mateix d&#8217;incorporar vegetaci\u00f3, sobretot arb\u00f2ria, que pot perjudicar la visibilitat de l&#8217;obra, a m\u00e9s de tergiversar el paper de glacis defensiu despullat de vegetaci\u00f3 que necessitaven les condicions defensives d&#8217;una fortalesa. Sense entrar en altres consideracions, ens adonem de lo<strong> dif\u00edcil, delicada i compromesa que \u00e9s la responsabilitat de la rehabilitaci\u00f3 hist\u00f2rica.<\/strong><\/p><p>La torrassa central d&#8217;aquest costat de ponent t\u00e9 la forma de \u201cD\u201d. Cap al sud, el llen\u00e7 reflecteix la disminuci\u00f3 de l&#8217;al\u00e7ada del mur adaptat al descens del nivell del terra.<\/p>\t\t\t\t\t\t\t\t<\/div>\n\t\t\t\t<\/div>\n\t\t\t\t<div class=\"elementor-element elementor-element-bf43bcb elementor-widget elementor-widget-image\" data-id=\"bf43bcb\" data-element_type=\"widget\" data-e-type=\"widget\" data-widget_type=\"image.default\">\n\t\t\t\t<div class=\"elementor-widget-container\">\n\t\t\t\t\t\t\t\t\t\t\t\t<figure class=\"wp-caption\">\n\t\t\t\t\t\t\t\t\t\t<img loading=\"lazy\" decoding=\"async\" width=\"768\" height=\"512\" src=\"https:\/\/www.elturistatranquil.com\/wp-content\/uploads\/F34-Castillo-de-Maqueda-Toledo.jpg\" class=\"attachment-large size-large wp-image-48863\" alt=\"Castillo de Maqueda, Toledo\" srcset=\"https:\/\/www.elturistatranquil.com\/wp-content\/uploads\/F34-Castillo-de-Maqueda-Toledo.jpg 768w, https:\/\/www.elturistatranquil.com\/wp-content\/uploads\/F34-Castillo-de-Maqueda-Toledo-339x226.jpg 339w\" sizes=\"(max-width: 768px) 100vw, 768px\" \/>\t\t\t\t\t\t\t\t\t\t\t<figcaption class=\"widget-image-caption wp-caption-text\"><\/figcaption>\n\t\t\t\t\t\t\t\t\t\t<\/figure>\n\t\t\t\t\t\t\t\t\t<\/div>\n\t\t\t\t<\/div>\n\t\t\t\t<div class=\"elementor-element elementor-element-1bfe598 elementor-widget elementor-widget-image\" data-id=\"1bfe598\" data-element_type=\"widget\" data-e-type=\"widget\" data-widget_type=\"image.default\">\n\t\t\t\t<div class=\"elementor-widget-container\">\n\t\t\t\t\t\t\t\t\t\t\t\t<figure class=\"wp-caption\">\n\t\t\t\t\t\t\t\t\t\t<img loading=\"lazy\" decoding=\"async\" width=\"768\" height=\"512\" src=\"https:\/\/www.elturistatranquil.com\/wp-content\/uploads\/F35-Castillo-de-Maqueda-Toledo.jpg\" class=\"attachment-large size-large wp-image-48865\" alt=\"Castillo de Maqueda, Toledo\" srcset=\"https:\/\/www.elturistatranquil.com\/wp-content\/uploads\/F35-Castillo-de-Maqueda-Toledo.jpg 768w, https:\/\/www.elturistatranquil.com\/wp-content\/uploads\/F35-Castillo-de-Maqueda-Toledo-339x226.jpg 339w\" sizes=\"(max-width: 768px) 100vw, 768px\" \/>\t\t\t\t\t\t\t\t\t\t\t<figcaption class=\"widget-image-caption wp-caption-text\"><\/figcaption>\n\t\t\t\t\t\t\t\t\t\t<\/figure>\n\t\t\t\t\t\t\t\t\t<\/div>\n\t\t\t\t<\/div>\n\t\t\t\t<div class=\"elementor-element elementor-element-ad33b14 elementor-widget elementor-widget-text-editor\" data-id=\"ad33b14\" data-element_type=\"widget\" data-e-type=\"widget\" data-widget_type=\"text-editor.default\">\n\t\t\t\t<div class=\"elementor-widget-container\">\n\t\t\t\t\t\t\t\t\t<p>Els frisos superiors que han anat seguint tot el per\u00edmetre de la muralla formen aqu\u00ed, al punt d&#8217;uni\u00f3 amb la torrassa, una imatge est\u00e8tica.<\/p>\t\t\t\t\t\t\t\t<\/div>\n\t\t\t\t<\/div>\n\t\t\t\t<div class=\"elementor-element elementor-element-20ca744 elementor-widget elementor-widget-image\" data-id=\"20ca744\" data-element_type=\"widget\" data-e-type=\"widget\" data-widget_type=\"image.default\">\n\t\t\t\t<div class=\"elementor-widget-container\">\n\t\t\t\t\t\t\t\t\t\t\t\t<figure class=\"wp-caption\">\n\t\t\t\t\t\t\t\t\t\t<img loading=\"lazy\" decoding=\"async\" width=\"768\" height=\"511\" src=\"https:\/\/www.elturistatranquil.com\/wp-content\/uploads\/F36-Castillo-de-Maqueda-Toledo.jpg\" class=\"attachment-large size-large wp-image-48867\" alt=\"Castillo de Maqueda, Toledo\" srcset=\"https:\/\/www.elturistatranquil.com\/wp-content\/uploads\/F36-Castillo-de-Maqueda-Toledo.jpg 768w, https:\/\/www.elturistatranquil.com\/wp-content\/uploads\/F36-Castillo-de-Maqueda-Toledo-339x226.jpg 339w\" sizes=\"(max-width: 768px) 100vw, 768px\" \/>\t\t\t\t\t\t\t\t\t\t\t<figcaption class=\"widget-image-caption wp-caption-text\"><\/figcaption>\n\t\t\t\t\t\t\t\t\t\t<\/figure>\n\t\t\t\t\t\t\t\t\t<\/div>\n\t\t\t\t<\/div>\n\t\t\t\t<div class=\"elementor-element elementor-element-bc5f226 elementor-widget elementor-widget-image\" data-id=\"bc5f226\" data-element_type=\"widget\" data-e-type=\"widget\" data-widget_type=\"image.default\">\n\t\t\t\t<div class=\"elementor-widget-container\">\n\t\t\t\t\t\t\t\t\t\t\t\t<figure class=\"wp-caption\">\n\t\t\t\t\t\t\t\t\t\t<img loading=\"lazy\" decoding=\"async\" width=\"768\" height=\"511\" src=\"https:\/\/www.elturistatranquil.com\/wp-content\/uploads\/F37-Castillo-de-Maqueda-Toledo.jpg\" class=\"attachment-large size-large wp-image-48872\" alt=\"Castillo de Maqueda, Toledo\" srcset=\"https:\/\/www.elturistatranquil.com\/wp-content\/uploads\/F37-Castillo-de-Maqueda-Toledo.jpg 768w, https:\/\/www.elturistatranquil.com\/wp-content\/uploads\/F37-Castillo-de-Maqueda-Toledo-339x226.jpg 339w\" sizes=\"(max-width: 768px) 100vw, 768px\" \/>\t\t\t\t\t\t\t\t\t\t\t<figcaption class=\"widget-image-caption wp-caption-text\"><\/figcaption>\n\t\t\t\t\t\t\t\t\t\t<\/figure>\n\t\t\t\t\t\t\t\t\t<\/div>\n\t\t\t\t<\/div>\n\t\t\t\t<div class=\"elementor-element elementor-element-bce1355 elementor-widget elementor-widget-image\" data-id=\"bce1355\" data-element_type=\"widget\" data-e-type=\"widget\" data-widget_type=\"image.default\">\n\t\t\t\t<div class=\"elementor-widget-container\">\n\t\t\t\t\t\t\t\t\t\t\t\t<figure class=\"wp-caption\">\n\t\t\t\t\t\t\t\t\t\t<img loading=\"lazy\" decoding=\"async\" width=\"768\" height=\"511\" src=\"https:\/\/www.elturistatranquil.com\/wp-content\/uploads\/F38-Castillo-de-Maqueda-Toledo.jpg\" class=\"attachment-large size-large wp-image-48874\" alt=\"Castillo de Maqueda, Toledo\" srcset=\"https:\/\/www.elturistatranquil.com\/wp-content\/uploads\/F38-Castillo-de-Maqueda-Toledo.jpg 768w, https:\/\/www.elturistatranquil.com\/wp-content\/uploads\/F38-Castillo-de-Maqueda-Toledo-339x226.jpg 339w\" sizes=\"(max-width: 768px) 100vw, 768px\" \/>\t\t\t\t\t\t\t\t\t\t\t<figcaption class=\"widget-image-caption wp-caption-text\"><\/figcaption>\n\t\t\t\t\t\t\t\t\t\t<\/figure>\n\t\t\t\t\t\t\t\t\t<\/div>\n\t\t\t\t<\/div>\n\t\t\t\t<div class=\"elementor-element elementor-element-2d27e4b elementor-widget elementor-widget-text-editor\" data-id=\"2d27e4b\" data-element_type=\"widget\" data-e-type=\"widget\" data-widget_type=\"text-editor.default\">\n\t\t\t\t<div class=\"elementor-widget-container\">\n\t\t\t\t\t\t\t\t\t<p>Encara que es tracti d&#8217;una localitzaci\u00f3 sobre un tur\u00f3 elevat, observem el domini panor\u00e0mic sobre la plana de l&#8217;altipl\u00e0, malgrat trobar-nos a nivell de la base del castell. Com \u00e9s l\u00f2gic, m\u00e9s gran seria la visual des de dalt de les torrasses.<\/p>\t\t\t\t\t\t\t\t<\/div>\n\t\t\t\t<\/div>\n\t\t\t\t<div class=\"elementor-element elementor-element-9323af3 elementor-widget elementor-widget-image\" data-id=\"9323af3\" data-element_type=\"widget\" data-e-type=\"widget\" data-widget_type=\"image.default\">\n\t\t\t\t<div class=\"elementor-widget-container\">\n\t\t\t\t\t\t\t\t\t\t\t\t<figure class=\"wp-caption\">\n\t\t\t\t\t\t\t\t\t\t<img loading=\"lazy\" decoding=\"async\" width=\"768\" height=\"512\" src=\"https:\/\/www.elturistatranquil.com\/wp-content\/uploads\/F39-Castillo-de-Maqueda-Toledo.jpg\" class=\"attachment-large size-large wp-image-48876\" alt=\"Castillo de Maqueda, Toledo\" srcset=\"https:\/\/www.elturistatranquil.com\/wp-content\/uploads\/F39-Castillo-de-Maqueda-Toledo.jpg 768w, https:\/\/www.elturistatranquil.com\/wp-content\/uploads\/F39-Castillo-de-Maqueda-Toledo-339x226.jpg 339w\" sizes=\"(max-width: 768px) 100vw, 768px\" \/>\t\t\t\t\t\t\t\t\t\t\t<figcaption class=\"widget-image-caption wp-caption-text\"><\/figcaption>\n\t\t\t\t\t\t\t\t\t\t<\/figure>\n\t\t\t\t\t\t\t\t\t<\/div>\n\t\t\t\t<\/div>\n\t\t\t\t<div class=\"elementor-element elementor-element-85e1153 elementor-widget elementor-widget-image\" data-id=\"85e1153\" data-element_type=\"widget\" data-e-type=\"widget\" data-widget_type=\"image.default\">\n\t\t\t\t<div class=\"elementor-widget-container\">\n\t\t\t\t\t\t\t\t\t\t\t\t<figure class=\"wp-caption\">\n\t\t\t\t\t\t\t\t\t\t<img loading=\"lazy\" decoding=\"async\" width=\"768\" height=\"512\" src=\"https:\/\/www.elturistatranquil.com\/wp-content\/uploads\/F40-Castillo-de-Maqueda-Toledo.jpg\" class=\"attachment-large size-large wp-image-48878\" alt=\"Castillo de Maqueda, Toledo\" srcset=\"https:\/\/www.elturistatranquil.com\/wp-content\/uploads\/F40-Castillo-de-Maqueda-Toledo.jpg 768w, https:\/\/www.elturistatranquil.com\/wp-content\/uploads\/F40-Castillo-de-Maqueda-Toledo-339x226.jpg 339w\" sizes=\"(max-width: 768px) 100vw, 768px\" \/>\t\t\t\t\t\t\t\t\t\t\t<figcaption class=\"widget-image-caption wp-caption-text\"><\/figcaption>\n\t\t\t\t\t\t\t\t\t\t<\/figure>\n\t\t\t\t\t\t\t\t\t<\/div>\n\t\t\t\t<\/div>\n\t\t\t\t<div class=\"elementor-element elementor-element-97ebe1c elementor-widget elementor-widget-heading\" data-id=\"97ebe1c\" data-element_type=\"widget\" data-e-type=\"widget\" data-widget_type=\"heading.default\">\n\t\t\t\t<div class=\"elementor-widget-container\">\n\t\t\t\t\t<h2 class=\"elementor-heading-title elementor-size-default\">La vila de Maqueda<\/h2>\t\t\t\t<\/div>\n\t\t\t\t<\/div>\n\t\t\t\t<div class=\"elementor-element elementor-element-14f21f72 elementor-widget elementor-widget-heading\" data-id=\"14f21f72\" data-element_type=\"widget\" data-e-type=\"widget\" data-widget_type=\"heading.default\">\n\t\t\t\t<div class=\"elementor-widget-container\">\n\t\t\t\t\t<h3 class=\"elementor-heading-title elementor-size-default\">Restes del recinte murat de la villetta<\/h3>\t\t\t\t<\/div>\n\t\t\t\t<\/div>\n\t\t\t\t<div class=\"elementor-element elementor-element-708b902 elementor-widget elementor-widget-text-editor\" data-id=\"708b902\" data-element_type=\"widget\" data-e-type=\"widget\" data-widget_type=\"text-editor.default\">\n\t\t\t\t<div class=\"elementor-widget-container\">\n\t\t\t\t\t\t\t\t\t<p>A m\u00e9s del castell, la defensa de la vila es completava amb una tanca. Els murs de la muralla urbana de Maqueda van ser realitzats en ma\u00e7oneria.<\/p><p>Per la disposici\u00f3 de les dues torres i la porta califal que formen les restes de la muralla que s&#8217;han perviscut, s&#8217;estima que la forma del recinte de la <em>villetta<\/em> seria rectangular, amb el castell al v\u00e8rtex sud-est, a dalt del tur\u00f3 , dominant el caseriu i l&#8217;entorn.<\/p><p>Aquest recinte representaria aproximadament l&#8217;\u00e0rea central del nucli urb\u00e0 actual.<\/p>\t\t\t\t\t\t\t\t<\/div>\n\t\t\t\t<\/div>\n\t\t\t\t<div class=\"elementor-element elementor-element-c849ffd elementor-widget elementor-widget-image\" data-id=\"c849ffd\" data-element_type=\"widget\" data-e-type=\"widget\" data-widget_type=\"image.default\">\n\t\t\t\t<div class=\"elementor-widget-container\">\n\t\t\t\t\t\t\t\t\t\t\t\t<figure class=\"wp-caption\">\n\t\t\t\t\t\t\t\t\t\t<img loading=\"lazy\" decoding=\"async\" width=\"768\" height=\"511\" src=\"https:\/\/www.elturistatranquil.com\/wp-content\/uploads\/F06-Maqueda-Toledo-Google-earth-2023-08-30.jpg\" class=\"attachment-large size-large wp-image-48785\" alt=\"Maqueda, Toledo (Google earth-2023-08-30)\" srcset=\"https:\/\/www.elturistatranquil.com\/wp-content\/uploads\/F06-Maqueda-Toledo-Google-earth-2023-08-30.jpg 768w, https:\/\/www.elturistatranquil.com\/wp-content\/uploads\/F06-Maqueda-Toledo-Google-earth-2023-08-30-339x226.jpg 339w\" sizes=\"(max-width: 768px) 100vw, 768px\" \/>\t\t\t\t\t\t\t\t\t\t\t<figcaption class=\"widget-image-caption wp-caption-text\"> (Google earth-2023-08-30)<\/figcaption>\n\t\t\t\t\t\t\t\t\t\t<\/figure>\n\t\t\t\t\t\t\t\t\t<\/div>\n\t\t\t\t<\/div>\n\t\t\t\t<div class=\"elementor-element elementor-element-787f126 elementor-widget elementor-widget-text-editor\" data-id=\"787f126\" data-element_type=\"widget\" data-e-type=\"widget\" data-widget_type=\"text-editor.default\">\n\t\t\t\t<div class=\"elementor-widget-container\">\n\t\t\t\t\t\t\t\t\t<p>Els tres elements defensius que es conserven mostren una manca d&#8217;homogene\u00eftat que obliga a deduir que s\u00f3n de per\u00edodes i circumst\u00e0ncies molt diferents.<\/p>\t\t\t\t\t\t\t\t<\/div>\n\t\t\t\t<\/div>\n\t\t\t\t<div class=\"elementor-element elementor-element-c97419c elementor-widget elementor-widget-heading\" data-id=\"c97419c\" data-element_type=\"widget\" data-e-type=\"widget\" data-widget_type=\"heading.default\">\n\t\t\t\t<div class=\"elementor-widget-container\">\n\t\t\t\t\t<h4 class=\"elementor-heading-title elementor-size-default\">Porta Califal<\/h4>\t\t\t\t<\/div>\n\t\t\t\t<\/div>\n\t\t\t\t<div class=\"elementor-element elementor-element-ad17836 elementor-widget elementor-widget-text-editor\" data-id=\"ad17836\" data-element_type=\"widget\" data-e-type=\"widget\" data-widget_type=\"text-editor.default\">\n\t\t\t\t<div class=\"elementor-widget-container\">\n\t\t\t\t\t\t\t\t\t<p>La primera rel\u00edquia arquitect\u00f2nica per considerar \u00e9s l&#8217;anomenada <strong>Porta Califal<\/strong> (<strong>B<\/strong>). Era l&#8217;acc\u00e9s al recinte emmurallat de la vila pel costat de ponent, i actualment constitueix la portada dels peus de l&#8217;esgl\u00e9sia de Santa Maria dels Alc\u00e0sser.<\/p><p>En algunes informacions s&#8217;estableix la seva construcci\u00f3 als segles X-XI, cosa que justificaria la denominaci\u00f3 de califal. Mentre que l&#8217;estudi\u00f3s Edward Cooper considera que \u00e9s una resta d&#8217;\u00e8poca calatrava a Maqueda i que aquesta porta tenia l&#8217;entrada amb planta de \u201cT\u201d, de manera que l&#8217;acc\u00e9s s&#8217;efectuava pels dos laterals, com hi ha altres exemples a castells de la \u00e8poca de don Juan Manuel.<\/p><p>Segons Cooper, la seva forma \u00e9s un passad\u00eds obert als dos extrems, tallat per un altre que donava acc\u00e9s a l&#8217;interior del recinte. El passad\u00eds transversal seria un vest\u00edbul, ja que no t\u00e9 volta, mentre que els dos arcs apuntats que formen els seus extrems serien realment albarranes bessones. Ha desaparegut gaireb\u00e9 totalment el mur exterior que delimitava el passad\u00eds transversal, per\u00f2 encara se&#8217;n poden veure restes a la part inferior. Les dues arcades ogivals que es mantenen correspondrien a les dues entrades.<\/p>\t\t\t\t\t\t\t\t<\/div>\n\t\t\t\t<\/div>\n\t\t\t\t<div class=\"elementor-element elementor-element-629b44f elementor-widget elementor-widget-image\" data-id=\"629b44f\" data-element_type=\"widget\" data-e-type=\"widget\" data-widget_type=\"image.default\">\n\t\t\t\t<div class=\"elementor-widget-container\">\n\t\t\t\t\t\t\t\t\t\t\t\t<figure class=\"wp-caption\">\n\t\t\t\t\t\t\t\t\t\t<img loading=\"lazy\" decoding=\"async\" width=\"768\" height=\"511\" src=\"https:\/\/www.elturistatranquil.com\/wp-content\/uploads\/F42-Puerta-Califal-y-Iglesia-de-Santa-Maria-de-los-Alcazares-de-Maqueda-Toledo.jpg\" class=\"attachment-large size-large wp-image-48880\" alt=\"Puerta Califal y Iglesia de Santa Mar\u00eda de los Alc\u00e1zares de Maqueda, Toledo\" srcset=\"https:\/\/www.elturistatranquil.com\/wp-content\/uploads\/F42-Puerta-Califal-y-Iglesia-de-Santa-Maria-de-los-Alcazares-de-Maqueda-Toledo.jpg 768w, https:\/\/www.elturistatranquil.com\/wp-content\/uploads\/F42-Puerta-Califal-y-Iglesia-de-Santa-Maria-de-los-Alcazares-de-Maqueda-Toledo-339x226.jpg 339w\" sizes=\"(max-width: 768px) 100vw, 768px\" \/>\t\t\t\t\t\t\t\t\t\t\t<figcaption class=\"widget-image-caption wp-caption-text\"><\/figcaption>\n\t\t\t\t\t\t\t\t\t\t<\/figure>\n\t\t\t\t\t\t\t\t\t<\/div>\n\t\t\t\t<\/div>\n\t\t\t\t<div class=\"elementor-element elementor-element-4799576 elementor-widget elementor-widget-image\" data-id=\"4799576\" data-element_type=\"widget\" data-e-type=\"widget\" data-widget_type=\"image.default\">\n\t\t\t\t<div class=\"elementor-widget-container\">\n\t\t\t\t\t\t\t\t\t\t\t\t<figure class=\"wp-caption\">\n\t\t\t\t\t\t\t\t\t\t<img loading=\"lazy\" decoding=\"async\" width=\"768\" height=\"512\" src=\"https:\/\/www.elturistatranquil.com\/wp-content\/uploads\/F43-Puerta-Califal-y-Iglesia-de-Santa-Maria-de-los-Alcazares-de-Maqueda-Toledo.jpg\" class=\"attachment-large size-large wp-image-48882\" alt=\"Puerta Califal y Iglesia de Santa Mar\u00eda de los Alc\u00e1zares de Maqueda, Toledo\" srcset=\"https:\/\/www.elturistatranquil.com\/wp-content\/uploads\/F43-Puerta-Califal-y-Iglesia-de-Santa-Maria-de-los-Alcazares-de-Maqueda-Toledo.jpg 768w, https:\/\/www.elturistatranquil.com\/wp-content\/uploads\/F43-Puerta-Califal-y-Iglesia-de-Santa-Maria-de-los-Alcazares-de-Maqueda-Toledo-339x226.jpg 339w\" sizes=\"(max-width: 768px) 100vw, 768px\" \/>\t\t\t\t\t\t\t\t\t\t\t<figcaption class=\"widget-image-caption wp-caption-text\"><\/figcaption>\n\t\t\t\t\t\t\t\t\t\t<\/figure>\n\t\t\t\t\t\t\t\t\t<\/div>\n\t\t\t\t<\/div>\n\t\t\t\t<div class=\"elementor-element elementor-element-5eca8ac elementor-widget elementor-widget-image\" data-id=\"5eca8ac\" data-element_type=\"widget\" data-e-type=\"widget\" data-widget_type=\"image.default\">\n\t\t\t\t<div class=\"elementor-widget-container\">\n\t\t\t\t\t\t\t\t\t\t\t\t<figure class=\"wp-caption\">\n\t\t\t\t\t\t\t\t\t\t<img loading=\"lazy\" decoding=\"async\" width=\"768\" height=\"512\" src=\"https:\/\/www.elturistatranquil.com\/wp-content\/uploads\/F44-Puerta-Califal-y-Iglesia-de-Santa-Maria-de-los-Alcazares-de-Maqueda-Toledo.jpg\" class=\"attachment-large size-large wp-image-48887\" alt=\"Puerta Califal y Iglesia de Santa Mar\u00eda de los Alc\u00e1zares de Maqueda, Toledo\" srcset=\"https:\/\/www.elturistatranquil.com\/wp-content\/uploads\/F44-Puerta-Califal-y-Iglesia-de-Santa-Maria-de-los-Alcazares-de-Maqueda-Toledo.jpg 768w, https:\/\/www.elturistatranquil.com\/wp-content\/uploads\/F44-Puerta-Califal-y-Iglesia-de-Santa-Maria-de-los-Alcazares-de-Maqueda-Toledo-339x226.jpg 339w\" sizes=\"(max-width: 768px) 100vw, 768px\" \/>\t\t\t\t\t\t\t\t\t\t\t<figcaption class=\"widget-image-caption wp-caption-text\"><\/figcaption>\n\t\t\t\t\t\t\t\t\t\t<\/figure>\n\t\t\t\t\t\t\t\t\t<\/div>\n\t\t\t\t<\/div>\n\t\t\t\t<div class=\"elementor-element elementor-element-8829897 elementor-widget elementor-widget-image\" data-id=\"8829897\" data-element_type=\"widget\" data-e-type=\"widget\" data-widget_type=\"image.default\">\n\t\t\t\t<div class=\"elementor-widget-container\">\n\t\t\t\t\t\t\t\t\t\t\t\t<figure class=\"wp-caption\">\n\t\t\t\t\t\t\t\t\t\t<img loading=\"lazy\" decoding=\"async\" width=\"768\" height=\"511\" src=\"https:\/\/www.elturistatranquil.com\/wp-content\/uploads\/F45-Puerta-Califal-de-Maqueda-Toledo.jpg\" class=\"attachment-large size-large wp-image-48889\" alt=\"Puerta Califal de Maqueda, Toledo\" srcset=\"https:\/\/www.elturistatranquil.com\/wp-content\/uploads\/F45-Puerta-Califal-de-Maqueda-Toledo.jpg 768w, https:\/\/www.elturistatranquil.com\/wp-content\/uploads\/F45-Puerta-Califal-de-Maqueda-Toledo-339x226.jpg 339w\" sizes=\"(max-width: 768px) 100vw, 768px\" \/>\t\t\t\t\t\t\t\t\t\t\t<figcaption class=\"widget-image-caption wp-caption-text\"><\/figcaption>\n\t\t\t\t\t\t\t\t\t\t<\/figure>\n\t\t\t\t\t\t\t\t\t<\/div>\n\t\t\t\t<\/div>\n\t\t\t\t<div class=\"elementor-element elementor-element-6ec8411 elementor-widget elementor-widget-image\" data-id=\"6ec8411\" data-element_type=\"widget\" data-e-type=\"widget\" data-widget_type=\"image.default\">\n\t\t\t\t<div class=\"elementor-widget-container\">\n\t\t\t\t\t\t\t\t\t\t\t\t<figure class=\"wp-caption\">\n\t\t\t\t\t\t\t\t\t\t<img loading=\"lazy\" decoding=\"async\" width=\"768\" height=\"512\" src=\"https:\/\/www.elturistatranquil.com\/wp-content\/uploads\/F46-Puerta-Califal-de-Maqueda-Toledo.jpg\" class=\"attachment-large size-large wp-image-48891\" alt=\"Puerta Califal de Maqueda, Toledo\" srcset=\"https:\/\/www.elturistatranquil.com\/wp-content\/uploads\/F46-Puerta-Califal-de-Maqueda-Toledo.jpg 768w, https:\/\/www.elturistatranquil.com\/wp-content\/uploads\/F46-Puerta-Califal-de-Maqueda-Toledo-339x226.jpg 339w\" sizes=\"(max-width: 768px) 100vw, 768px\" \/>\t\t\t\t\t\t\t\t\t\t\t<figcaption class=\"widget-image-caption wp-caption-text\"><\/figcaption>\n\t\t\t\t\t\t\t\t\t\t<\/figure>\n\t\t\t\t\t\t\t\t\t<\/div>\n\t\t\t\t<\/div>\n\t\t\t\t<div class=\"elementor-element elementor-element-ce0f758 elementor-widget elementor-widget-image\" data-id=\"ce0f758\" data-element_type=\"widget\" data-e-type=\"widget\" data-widget_type=\"image.default\">\n\t\t\t\t<div class=\"elementor-widget-container\">\n\t\t\t\t\t\t\t\t\t\t\t\t<figure class=\"wp-caption\">\n\t\t\t\t\t\t\t\t\t\t<img loading=\"lazy\" decoding=\"async\" width=\"768\" height=\"512\" src=\"https:\/\/www.elturistatranquil.com\/wp-content\/uploads\/F47-Puerta-Califal-de-Maqueda-Toledo.jpg\" class=\"attachment-large size-large wp-image-48893\" alt=\"Puerta Califal de Maqueda, Toledo\" srcset=\"https:\/\/www.elturistatranquil.com\/wp-content\/uploads\/F47-Puerta-Califal-de-Maqueda-Toledo.jpg 768w, https:\/\/www.elturistatranquil.com\/wp-content\/uploads\/F47-Puerta-Califal-de-Maqueda-Toledo-339x226.jpg 339w\" sizes=\"(max-width: 768px) 100vw, 768px\" \/>\t\t\t\t\t\t\t\t\t\t\t<figcaption class=\"widget-image-caption wp-caption-text\"><\/figcaption>\n\t\t\t\t\t\t\t\t\t\t<\/figure>\n\t\t\t\t\t\t\t\t\t<\/div>\n\t\t\t\t<\/div>\n\t\t\t\t<div class=\"elementor-element elementor-element-2b7612e elementor-widget elementor-widget-text-editor\" data-id=\"2b7612e\" data-element_type=\"widget\" data-e-type=\"widget\" data-widget_type=\"text-editor.default\">\n\t\t\t\t<div class=\"elementor-widget-container\">\n\t\t\t\t\t\t\t\t\t<p>El passad\u00eds d&#8217;acc\u00e9s a l&#8217;interior t\u00e9 un arc de ferradura una mica maltractat, fet que ha portat alguns observadors a suposar que es tracta d&#8217;un conjunt de construcci\u00f3 califal, ignorant el costum castell\u00e0 de la reconquesta de conservar aquests arcs en estructures de confecci\u00f3 purament cristiana , normalment portes. Darrere d&#8217;ella, un recinte quadrangular espitllerat i emmerletat es va cobrir per servir d&#8217;atri a l&#8217;Esgl\u00e9sia de Santa Maria de los Alc\u00e1zares.<\/p>\t\t\t\t\t\t\t\t<\/div>\n\t\t\t\t<\/div>\n\t\t\t\t<div class=\"elementor-element elementor-element-1d5e637 elementor-widget elementor-widget-image\" data-id=\"1d5e637\" data-element_type=\"widget\" data-e-type=\"widget\" data-widget_type=\"image.default\">\n\t\t\t\t<div class=\"elementor-widget-container\">\n\t\t\t\t\t\t\t\t\t\t\t\t<figure class=\"wp-caption\">\n\t\t\t\t\t\t\t\t\t\t<img loading=\"lazy\" decoding=\"async\" width=\"768\" height=\"511\" src=\"https:\/\/www.elturistatranquil.com\/wp-content\/uploads\/F48-Puerta-Califal-de-Maqueda-Toledo.jpg\" class=\"attachment-large size-large wp-image-48898\" alt=\"Puerta Califal de Maqueda, Toledo\" srcset=\"https:\/\/www.elturistatranquil.com\/wp-content\/uploads\/F48-Puerta-Califal-de-Maqueda-Toledo.jpg 768w, https:\/\/www.elturistatranquil.com\/wp-content\/uploads\/F48-Puerta-Califal-de-Maqueda-Toledo-339x226.jpg 339w\" sizes=\"(max-width: 768px) 100vw, 768px\" \/>\t\t\t\t\t\t\t\t\t\t\t<figcaption class=\"widget-image-caption wp-caption-text\"><\/figcaption>\n\t\t\t\t\t\t\t\t\t\t<\/figure>\n\t\t\t\t\t\t\t\t\t<\/div>\n\t\t\t\t<\/div>\n\t\t\t\t<div class=\"elementor-element elementor-element-db98568 elementor-widget elementor-widget-image\" data-id=\"db98568\" data-element_type=\"widget\" data-e-type=\"widget\" data-widget_type=\"image.default\">\n\t\t\t\t<div class=\"elementor-widget-container\">\n\t\t\t\t\t\t\t\t\t\t\t\t<figure class=\"wp-caption\">\n\t\t\t\t\t\t\t\t\t\t<img loading=\"lazy\" decoding=\"async\" width=\"768\" height=\"576\" src=\"https:\/\/www.elturistatranquil.com\/wp-content\/uploads\/F49-Puerta-Califal-de-Maqueda-Toledo.jpg\" class=\"attachment-large size-large wp-image-48900\" alt=\"Puerta Califal de Maqueda, Toledo\" srcset=\"https:\/\/www.elturistatranquil.com\/wp-content\/uploads\/F49-Puerta-Califal-de-Maqueda-Toledo.jpg 768w, https:\/\/www.elturistatranquil.com\/wp-content\/uploads\/F49-Puerta-Califal-de-Maqueda-Toledo-301x226.jpg 301w\" sizes=\"(max-width: 768px) 100vw, 768px\" \/>\t\t\t\t\t\t\t\t\t\t\t<figcaption class=\"widget-image-caption wp-caption-text\"><\/figcaption>\n\t\t\t\t\t\t\t\t\t\t<\/figure>\n\t\t\t\t\t\t\t\t\t<\/div>\n\t\t\t\t<\/div>\n\t\t\t\t<div class=\"elementor-element elementor-element-2031c4a elementor-widget elementor-widget-image\" data-id=\"2031c4a\" data-element_type=\"widget\" data-e-type=\"widget\" data-widget_type=\"image.default\">\n\t\t\t\t<div class=\"elementor-widget-container\">\n\t\t\t\t\t\t\t\t\t\t\t\t<figure class=\"wp-caption\">\n\t\t\t\t\t\t\t\t\t\t<img loading=\"lazy\" decoding=\"async\" width=\"768\" height=\"576\" src=\"https:\/\/www.elturistatranquil.com\/wp-content\/uploads\/F50-Puerta-Califal-de-Maqueda-Toledo.jpg\" class=\"attachment-large size-large wp-image-48902\" alt=\"Puerta Califal de Maqueda, Toledo\" srcset=\"https:\/\/www.elturistatranquil.com\/wp-content\/uploads\/F50-Puerta-Califal-de-Maqueda-Toledo.jpg 768w, https:\/\/www.elturistatranquil.com\/wp-content\/uploads\/F50-Puerta-Califal-de-Maqueda-Toledo-301x226.jpg 301w\" sizes=\"(max-width: 768px) 100vw, 768px\" \/>\t\t\t\t\t\t\t\t\t\t\t<figcaption class=\"widget-image-caption wp-caption-text\"><\/figcaption>\n\t\t\t\t\t\t\t\t\t\t<\/figure>\n\t\t\t\t\t\t\t\t\t<\/div>\n\t\t\t\t<\/div>\n\t\t\t\t<div class=\"elementor-element elementor-element-d34bdc3 elementor-widget elementor-widget-heading\" data-id=\"d34bdc3\" data-element_type=\"widget\" data-e-type=\"widget\" data-widget_type=\"heading.default\">\n\t\t\t\t<div class=\"elementor-widget-container\">\n\t\t\t\t\t<h4 class=\"elementor-heading-title elementor-size-default\">Torre de les Infantes<\/h4>\t\t\t\t<\/div>\n\t\t\t\t<\/div>\n\t\t\t\t<div class=\"elementor-element elementor-element-b272bd9 elementor-widget elementor-widget-text-editor\" data-id=\"b272bd9\" data-element_type=\"widget\" data-e-type=\"widget\" data-widget_type=\"text-editor.default\">\n\t\t\t\t<div class=\"elementor-widget-container\">\n\t\t\t\t\t\t\t\t\t<p>No he pogut confirmar si aquesta denominaci\u00f3 de les Infantes est\u00e0 relacionada amb la informaci\u00f3 que la reina Isabel la Cat\u00f2lica, sent infanta, havia residit una temporada a Maqueda juntament amb la seva amiga Beatriz de Bobadilla, filla de l&#8217;alcaide del castell de Maqueda.<\/p><p>En l&#8217;ampliaci\u00f3 de la fotografia de mitjans segle XX es pot veure clarament a la banda dreta una torrassa escap\u00e7ada, la <strong>torre de les Infantes<\/strong> (<strong>C<\/strong>). Aquesta torrassa pot ser all\u00f2 que queda d&#8217;una ampliaci\u00f3 del segle XIII.<\/p>\t\t\t\t\t\t\t\t<\/div>\n\t\t\t\t<\/div>\n\t\t\t\t<div class=\"elementor-element elementor-element-4f2672b elementor-widget elementor-widget-image\" data-id=\"4f2672b\" data-element_type=\"widget\" data-e-type=\"widget\" data-widget_type=\"image.default\">\n\t\t\t\t<div class=\"elementor-widget-container\">\n\t\t\t\t\t\t\t\t\t\t\t\t<figure class=\"wp-caption\">\n\t\t\t\t\t\t\t\t\t\t<img loading=\"lazy\" decoding=\"async\" width=\"768\" height=\"512\" src=\"https:\/\/www.elturistatranquil.com\/wp-content\/uploads\/F51-Maqueda-Toledo-a-mediados-del-siglo-XX.jpg\" class=\"attachment-large size-large wp-image-48907\" alt=\"Maqueda, Toledo, a mediados del siglo XX\" srcset=\"https:\/\/www.elturistatranquil.com\/wp-content\/uploads\/F51-Maqueda-Toledo-a-mediados-del-siglo-XX.jpg 768w, https:\/\/www.elturistatranquil.com\/wp-content\/uploads\/F51-Maqueda-Toledo-a-mediados-del-siglo-XX-339x226.jpg 339w\" sizes=\"(max-width: 768px) 100vw, 768px\" \/>\t\t\t\t\t\t\t\t\t\t\t<figcaption class=\"widget-image-caption wp-caption-text\"><\/figcaption>\n\t\t\t\t\t\t\t\t\t\t<\/figure>\n\t\t\t\t\t\t\t\t\t<\/div>\n\t\t\t\t<\/div>\n\t\t\t\t<div class=\"elementor-element elementor-element-b7e6547 elementor-widget elementor-widget-text-editor\" data-id=\"b7e6547\" data-element_type=\"widget\" data-e-type=\"widget\" data-widget_type=\"text-editor.default\">\n\t\t\t\t<div class=\"elementor-widget-container\">\n\t\t\t\t\t\t\t\t\t<p>Aquest \u00e9s l&#8217;estat que presenta actualment despr\u00e9s de la seva reconstrucci\u00f3, sobresortint encaixat a l&#8217;interior de construccions urbanes. S&#8217;ha elevat com un cub mass\u00eds, sense cap refer\u00e8ncia a com podria ser l&#8217;emmerletat i els elements defensius, que suposo es desconeixen totalment.<\/p><p>T\u00e9 l&#8217;inter\u00e8s que serveix com a punt de refer\u00e8ncia a la cantonada nord-occidental de la tanca urbana, com a v\u00e8rtex entre la porta califal i la torre de la Vela.<\/p>\t\t\t\t\t\t\t\t<\/div>\n\t\t\t\t<\/div>\n\t\t\t\t<div class=\"elementor-element elementor-element-18a0f03 elementor-widget elementor-widget-image\" data-id=\"18a0f03\" data-element_type=\"widget\" data-e-type=\"widget\" data-widget_type=\"image.default\">\n\t\t\t\t<div class=\"elementor-widget-container\">\n\t\t\t\t\t\t\t\t\t\t\t\t<figure class=\"wp-caption\">\n\t\t\t\t\t\t\t\t\t\t<img loading=\"lazy\" decoding=\"async\" width=\"768\" height=\"512\" src=\"https:\/\/www.elturistatranquil.com\/wp-content\/uploads\/F52-Torre-de-las-Infantas-de-Maqueda-Toledo.jpg\" class=\"attachment-large size-large wp-image-48909\" alt=\"Torre de las Infantas de Maqueda, Toledo\" srcset=\"https:\/\/www.elturistatranquil.com\/wp-content\/uploads\/F52-Torre-de-las-Infantas-de-Maqueda-Toledo.jpg 768w, https:\/\/www.elturistatranquil.com\/wp-content\/uploads\/F52-Torre-de-las-Infantas-de-Maqueda-Toledo-339x226.jpg 339w\" sizes=\"(max-width: 768px) 100vw, 768px\" \/>\t\t\t\t\t\t\t\t\t\t\t<figcaption class=\"widget-image-caption wp-caption-text\"><\/figcaption>\n\t\t\t\t\t\t\t\t\t\t<\/figure>\n\t\t\t\t\t\t\t\t\t<\/div>\n\t\t\t\t<\/div>\n\t\t\t\t<div class=\"elementor-element elementor-element-2ae9de6 elementor-widget elementor-widget-heading\" data-id=\"2ae9de6\" data-element_type=\"widget\" data-e-type=\"widget\" data-widget_type=\"heading.default\">\n\t\t\t\t<div class=\"elementor-widget-container\">\n\t\t\t\t\t<h4 class=\"elementor-heading-title elementor-size-default\">Torre de la Vela<\/h4>\t\t\t\t<\/div>\n\t\t\t\t<\/div>\n\t\t\t\t<div class=\"elementor-element elementor-element-df67f51 elementor-widget elementor-widget-text-editor\" data-id=\"df67f51\" data-element_type=\"widget\" data-e-type=\"widget\" data-widget_type=\"text-editor.default\">\n\t\t\t\t<div class=\"elementor-widget-container\">\n\t\t\t\t\t\t\t\t\t<p>La <strong>torre de la Vela<\/strong> (<strong>D<\/strong>) formava part de la tanca nord, que hauria d&#8217;estar unida a la torre de les Infantes, al fons a la dreta, i havia de ser m\u00e9s antiga que aquesta.<\/p>\t\t\t\t\t\t\t\t<\/div>\n\t\t\t\t<\/div>\n\t\t\t\t<div class=\"elementor-element elementor-element-1535214 elementor-widget elementor-widget-image\" data-id=\"1535214\" data-element_type=\"widget\" data-e-type=\"widget\" data-widget_type=\"image.default\">\n\t\t\t\t<div class=\"elementor-widget-container\">\n\t\t\t\t\t\t\t\t\t\t\t\t<figure class=\"wp-caption\">\n\t\t\t\t\t\t\t\t\t\t<img loading=\"lazy\" decoding=\"async\" width=\"768\" height=\"511\" src=\"https:\/\/www.elturistatranquil.com\/wp-content\/uploads\/F53-Torre-de-la-Vela-de-Maqueda-Toledo.jpg\" class=\"attachment-large size-large wp-image-48914\" alt=\"Torre de la Vela de Maqueda, Toledo\" srcset=\"https:\/\/www.elturistatranquil.com\/wp-content\/uploads\/F53-Torre-de-la-Vela-de-Maqueda-Toledo.jpg 768w, https:\/\/www.elturistatranquil.com\/wp-content\/uploads\/F53-Torre-de-la-Vela-de-Maqueda-Toledo-339x226.jpg 339w\" sizes=\"(max-width: 768px) 100vw, 768px\" \/>\t\t\t\t\t\t\t\t\t\t\t<figcaption class=\"widget-image-caption wp-caption-text\"><\/figcaption>\n\t\t\t\t\t\t\t\t\t\t<\/figure>\n\t\t\t\t\t\t\t\t\t<\/div>\n\t\t\t\t<\/div>\n\t\t\t\t<div class=\"elementor-element elementor-element-b729010 elementor-widget elementor-widget-text-editor\" data-id=\"b729010\" data-element_type=\"widget\" data-e-type=\"widget\" data-widget_type=\"text-editor.default\">\n\t\t\t\t<div class=\"elementor-widget-container\">\n\t\t\t\t\t\t\t\t\t<p>\u00c9s una alta torre en forma de \u201cD\u201d amb grans arcs de ma\u00f3, m\u00e9s aviat finestrals que sageteres<\/p><p>S&#8217;al\u00e7a sobre el seu costerut glacis de terra, encara que no d&#8217;una solidesa clarament convincent. La seva estretor, falta de voltes i la composici\u00f3 poc resistent dels maons del seu aparell proclamen la seva gran antiguitat, sent obra mud\u00e8jar m\u00e9s que almohade. Les dues \u00faltimes plantes semblen ser posteriors al cos inferior, d&#8217;un aparell de cantells de farciment amb lloses i maons en filades senzilles, separades per verdugades de ma\u00f3 (o m\u00e9s aviat de teula, per la mida), una t\u00e8cnica que permet atribuir-la al regnat d&#8217;Alfonso VIII.<\/p><p>\u00c9s l\u00f2gic pensar que la part inferior de la Torre de la Vela, dels primers anys de l&#8217;ocupaci\u00f3 cristiana, es va conservar per commemorar la frustraci\u00f3 de l&#8217;aven\u00e7 almohade, per\u00f2 degudament al\u00e7ada pels calatraus per servir millor com a talaia.<\/p>\t\t\t\t\t\t\t\t<\/div>\n\t\t\t\t<\/div>\n\t\t\t\t<div class=\"elementor-element elementor-element-71b0f0b elementor-widget elementor-widget-image\" data-id=\"71b0f0b\" data-element_type=\"widget\" data-e-type=\"widget\" data-widget_type=\"image.default\">\n\t\t\t\t<div class=\"elementor-widget-container\">\n\t\t\t\t\t\t\t\t\t\t\t\t<figure class=\"wp-caption\">\n\t\t\t\t\t\t\t\t\t\t<img loading=\"lazy\" decoding=\"async\" width=\"768\" height=\"512\" src=\"https:\/\/www.elturistatranquil.com\/wp-content\/uploads\/F54-Torre-de-la-Vela-de-Maqueda-Toledo.jpg\" class=\"attachment-large size-large wp-image-48916\" alt=\"Torre de la Vela de Maqueda, Toledo\" srcset=\"https:\/\/www.elturistatranquil.com\/wp-content\/uploads\/F54-Torre-de-la-Vela-de-Maqueda-Toledo.jpg 768w, https:\/\/www.elturistatranquil.com\/wp-content\/uploads\/F54-Torre-de-la-Vela-de-Maqueda-Toledo-339x226.jpg 339w\" sizes=\"(max-width: 768px) 100vw, 768px\" \/>\t\t\t\t\t\t\t\t\t\t\t<figcaption class=\"widget-image-caption wp-caption-text\"><\/figcaption>\n\t\t\t\t\t\t\t\t\t\t<\/figure>\n\t\t\t\t\t\t\t\t\t<\/div>\n\t\t\t\t<\/div>\n\t\t\t\t<div class=\"elementor-element elementor-element-ea3cce1 elementor-widget elementor-widget-image\" data-id=\"ea3cce1\" data-element_type=\"widget\" data-e-type=\"widget\" data-widget_type=\"image.default\">\n\t\t\t\t<div class=\"elementor-widget-container\">\n\t\t\t\t\t\t\t\t\t\t\t\t<figure class=\"wp-caption\">\n\t\t\t\t\t\t\t\t\t\t<img loading=\"lazy\" decoding=\"async\" width=\"768\" height=\"512\" src=\"https:\/\/www.elturistatranquil.com\/wp-content\/uploads\/F55-Torre-de-la-Vela-de-Maqueda-Toledo.jpg\" class=\"attachment-large size-large wp-image-48921\" alt=\"Torre de la Vela de Maqueda, Toledo\" srcset=\"https:\/\/www.elturistatranquil.com\/wp-content\/uploads\/F55-Torre-de-la-Vela-de-Maqueda-Toledo.jpg 768w, https:\/\/www.elturistatranquil.com\/wp-content\/uploads\/F55-Torre-de-la-Vela-de-Maqueda-Toledo-339x226.jpg 339w\" sizes=\"(max-width: 768px) 100vw, 768px\" \/>\t\t\t\t\t\t\t\t\t\t\t<figcaption class=\"widget-image-caption wp-caption-text\"><\/figcaption>\n\t\t\t\t\t\t\t\t\t\t<\/figure>\n\t\t\t\t\t\t\t\t\t<\/div>\n\t\t\t\t<\/div>\n\t\t\t\t<div class=\"elementor-element elementor-element-8a0b51a elementor-widget elementor-widget-text-editor\" data-id=\"8a0b51a\" data-element_type=\"widget\" data-e-type=\"widget\" data-widget_type=\"text-editor.default\">\n\t\t\t\t<div class=\"elementor-widget-container\">\n\t\t\t\t\t\t\t\t\t<p>L&#8217;al\u00e7ada, de fet, en relaci\u00f3 amb la del llen\u00e7 desaparegut, indicada per la posici\u00f3 de l&#8217;arc d&#8217;acc\u00e9s des del cam\u00ed de ronda, \u00e9s notable i associa el conjunt amb l&#8217;\u00e8poca de potenciaci\u00f3 de les m\u00e0quines de setge al segle XIII.<\/p>\t\t\t\t\t\t\t\t<\/div>\n\t\t\t\t<\/div>\n\t\t\t\t<div class=\"elementor-element elementor-element-ed3b9ff elementor-widget elementor-widget-image\" data-id=\"ed3b9ff\" data-element_type=\"widget\" data-e-type=\"widget\" data-widget_type=\"image.default\">\n\t\t\t\t<div class=\"elementor-widget-container\">\n\t\t\t\t\t\t\t\t\t\t\t\t<figure class=\"wp-caption\">\n\t\t\t\t\t\t\t\t\t\t<img loading=\"lazy\" decoding=\"async\" width=\"768\" height=\"512\" src=\"https:\/\/www.elturistatranquil.com\/wp-content\/uploads\/F56-Torre-de-la-Vela-de-Maqueda-Toledo.jpg\" class=\"attachment-large size-large wp-image-48923\" alt=\"Torre de la Vela de Maqueda, Toledo\" srcset=\"https:\/\/www.elturistatranquil.com\/wp-content\/uploads\/F56-Torre-de-la-Vela-de-Maqueda-Toledo.jpg 768w, https:\/\/www.elturistatranquil.com\/wp-content\/uploads\/F56-Torre-de-la-Vela-de-Maqueda-Toledo-339x226.jpg 339w\" sizes=\"(max-width: 768px) 100vw, 768px\" \/>\t\t\t\t\t\t\t\t\t\t\t<figcaption class=\"widget-image-caption wp-caption-text\"><\/figcaption>\n\t\t\t\t\t\t\t\t\t\t<\/figure>\n\t\t\t\t\t\t\t\t\t<\/div>\n\t\t\t\t<\/div>\n\t\t\t\t<div class=\"elementor-element elementor-element-33eea12 elementor-widget elementor-widget-image\" data-id=\"33eea12\" data-element_type=\"widget\" data-e-type=\"widget\" data-widget_type=\"image.default\">\n\t\t\t\t<div class=\"elementor-widget-container\">\n\t\t\t\t\t\t\t\t\t\t\t\t<figure class=\"wp-caption\">\n\t\t\t\t\t\t\t\t\t\t<img loading=\"lazy\" decoding=\"async\" width=\"768\" height=\"511\" src=\"https:\/\/www.elturistatranquil.com\/wp-content\/uploads\/F57-Torre-de-la-Vela-de-Maqueda-Toledo.jpg\" class=\"attachment-large size-large wp-image-48925\" alt=\"Torre de la Vela de Maqueda, Toledo\" srcset=\"https:\/\/www.elturistatranquil.com\/wp-content\/uploads\/F57-Torre-de-la-Vela-de-Maqueda-Toledo.jpg 768w, https:\/\/www.elturistatranquil.com\/wp-content\/uploads\/F57-Torre-de-la-Vela-de-Maqueda-Toledo-339x226.jpg 339w\" sizes=\"(max-width: 768px) 100vw, 768px\" \/>\t\t\t\t\t\t\t\t\t\t\t<figcaption class=\"widget-image-caption wp-caption-text\"><\/figcaption>\n\t\t\t\t\t\t\t\t\t\t<\/figure>\n\t\t\t\t\t\t\t\t\t<\/div>\n\t\t\t\t<\/div>\n\t\t\t\t<div class=\"elementor-element elementor-element-be9b272 elementor-widget elementor-widget-image\" data-id=\"be9b272\" data-element_type=\"widget\" data-e-type=\"widget\" data-widget_type=\"image.default\">\n\t\t\t\t<div class=\"elementor-widget-container\">\n\t\t\t\t\t\t\t\t\t\t\t\t<figure class=\"wp-caption\">\n\t\t\t\t\t\t\t\t\t\t<img loading=\"lazy\" decoding=\"async\" width=\"768\" height=\"511\" src=\"https:\/\/www.elturistatranquil.com\/wp-content\/uploads\/F59-Torre-de-la-Vela-de-Maqueda-Toledo.jpg\" class=\"attachment-large size-large wp-image-48927\" alt=\"Torre de la Vela de Maqueda, Toledo\" srcset=\"https:\/\/www.elturistatranquil.com\/wp-content\/uploads\/F59-Torre-de-la-Vela-de-Maqueda-Toledo.jpg 768w, https:\/\/www.elturistatranquil.com\/wp-content\/uploads\/F59-Torre-de-la-Vela-de-Maqueda-Toledo-339x226.jpg 339w\" sizes=\"(max-width: 768px) 100vw, 768px\" \/>\t\t\t\t\t\t\t\t\t\t\t<figcaption class=\"widget-image-caption wp-caption-text\"><\/figcaption>\n\t\t\t\t\t\t\t\t\t\t<\/figure>\n\t\t\t\t\t\t\t\t\t<\/div>\n\t\t\t\t<\/div>\n\t\t\t\t<div class=\"elementor-element elementor-element-e6203ef elementor-widget elementor-widget-image\" data-id=\"e6203ef\" data-element_type=\"widget\" data-e-type=\"widget\" data-widget_type=\"image.default\">\n\t\t\t\t<div class=\"elementor-widget-container\">\n\t\t\t\t\t\t\t\t\t\t\t\t<figure class=\"wp-caption\">\n\t\t\t\t\t\t\t\t\t\t<img loading=\"lazy\" decoding=\"async\" width=\"768\" height=\"511\" src=\"https:\/\/www.elturistatranquil.com\/wp-content\/uploads\/F60-Torre-de-la-Vela-de-Maqueda-Toledo.jpg\" class=\"attachment-large size-large wp-image-48932\" alt=\"Torre de la Vela de Maqueda, Toledo\" srcset=\"https:\/\/www.elturistatranquil.com\/wp-content\/uploads\/F60-Torre-de-la-Vela-de-Maqueda-Toledo.jpg 768w, https:\/\/www.elturistatranquil.com\/wp-content\/uploads\/F60-Torre-de-la-Vela-de-Maqueda-Toledo-339x226.jpg 339w\" sizes=\"(max-width: 768px) 100vw, 768px\" \/>\t\t\t\t\t\t\t\t\t\t\t<figcaption class=\"widget-image-caption wp-caption-text\"><\/figcaption>\n\t\t\t\t\t\t\t\t\t\t<\/figure>\n\t\t\t\t\t\t\t\t\t<\/div>\n\t\t\t\t<\/div>\n\t\t\t\t<div class=\"elementor-element elementor-element-a27147d elementor-widget elementor-widget-text-editor\" data-id=\"a27147d\" data-element_type=\"widget\" data-e-type=\"widget\" data-widget_type=\"text-editor.default\">\n\t\t\t\t<div class=\"elementor-widget-container\">\n\t\t\t\t\t\t\t\t\t<p>Aparell d\u2019estil toled\u00e0.<\/p>\t\t\t\t\t\t\t\t<\/div>\n\t\t\t\t<\/div>\n\t\t\t\t<div class=\"elementor-element elementor-element-2bb792b elementor-widget elementor-widget-image\" data-id=\"2bb792b\" data-element_type=\"widget\" data-e-type=\"widget\" data-widget_type=\"image.default\">\n\t\t\t\t<div class=\"elementor-widget-container\">\n\t\t\t\t\t\t\t\t\t\t\t\t<figure class=\"wp-caption\">\n\t\t\t\t\t\t\t\t\t\t<img loading=\"lazy\" decoding=\"async\" width=\"769\" height=\"512\" src=\"https:\/\/www.elturistatranquil.com\/wp-content\/uploads\/F61-Torre-de-la-Vela-de-Maqueda-Toledo.jpg\" class=\"attachment-large size-large wp-image-48934\" alt=\"Torre de la Vela de Maqueda, Toledo\" srcset=\"https:\/\/www.elturistatranquil.com\/wp-content\/uploads\/F61-Torre-de-la-Vela-de-Maqueda-Toledo.jpg 769w, https:\/\/www.elturistatranquil.com\/wp-content\/uploads\/F61-Torre-de-la-Vela-de-Maqueda-Toledo-339x226.jpg 339w\" sizes=\"(max-width: 769px) 100vw, 769px\" \/>\t\t\t\t\t\t\t\t\t\t\t<figcaption class=\"widget-image-caption wp-caption-text\"><\/figcaption>\n\t\t\t\t\t\t\t\t\t\t<\/figure>\n\t\t\t\t\t\t\t\t\t<\/div>\n\t\t\t\t<\/div>\n\t\t\t\t<div class=\"elementor-element elementor-element-a279004 elementor-widget elementor-widget-image\" data-id=\"a279004\" data-element_type=\"widget\" data-e-type=\"widget\" data-widget_type=\"image.default\">\n\t\t\t\t<div class=\"elementor-widget-container\">\n\t\t\t\t\t\t\t\t\t\t\t\t<figure class=\"wp-caption\">\n\t\t\t\t\t\t\t\t\t\t<img loading=\"lazy\" decoding=\"async\" width=\"768\" height=\"511\" src=\"https:\/\/www.elturistatranquil.com\/wp-content\/uploads\/F62-Torre-de-la-Vela-de-Maqueda-Toledo.jpg\" class=\"attachment-large size-large wp-image-48936\" alt=\"Torre de la Vela de Maqueda, Toledo\" srcset=\"https:\/\/www.elturistatranquil.com\/wp-content\/uploads\/F62-Torre-de-la-Vela-de-Maqueda-Toledo.jpg 768w, https:\/\/www.elturistatranquil.com\/wp-content\/uploads\/F62-Torre-de-la-Vela-de-Maqueda-Toledo-339x226.jpg 339w\" sizes=\"(max-width: 768px) 100vw, 768px\" \/>\t\t\t\t\t\t\t\t\t\t\t<figcaption class=\"widget-image-caption wp-caption-text\"><\/figcaption>\n\t\t\t\t\t\t\t\t\t\t<\/figure>\n\t\t\t\t\t\t\t\t\t<\/div>\n\t\t\t\t<\/div>\n\t\t\t\t<div class=\"elementor-element elementor-element-fbc5aed elementor-widget elementor-widget-image\" data-id=\"fbc5aed\" data-element_type=\"widget\" data-e-type=\"widget\" data-widget_type=\"image.default\">\n\t\t\t\t<div class=\"elementor-widget-container\">\n\t\t\t\t\t\t\t\t\t\t\t\t<figure class=\"wp-caption\">\n\t\t\t\t\t\t\t\t\t\t<img loading=\"lazy\" decoding=\"async\" width=\"768\" height=\"511\" src=\"https:\/\/www.elturistatranquil.com\/wp-content\/uploads\/F63-Torre-de-la-Vela-de-Maqueda-Toledo.jpg\" class=\"attachment-large size-large wp-image-48938\" alt=\"Torre de la Vela de Maqueda, Toledo\" srcset=\"https:\/\/www.elturistatranquil.com\/wp-content\/uploads\/F63-Torre-de-la-Vela-de-Maqueda-Toledo.jpg 768w, https:\/\/www.elturistatranquil.com\/wp-content\/uploads\/F63-Torre-de-la-Vela-de-Maqueda-Toledo-339x226.jpg 339w\" sizes=\"(max-width: 768px) 100vw, 768px\" \/>\t\t\t\t\t\t\t\t\t\t\t<figcaption class=\"widget-image-caption wp-caption-text\"><\/figcaption>\n\t\t\t\t\t\t\t\t\t\t<\/figure>\n\t\t\t\t\t\t\t\t\t<\/div>\n\t\t\t\t<\/div>\n\t\t\t\t<div class=\"elementor-element elementor-element-fe61ca9 elementor-widget elementor-widget-text-editor\" data-id=\"fe61ca9\" data-element_type=\"widget\" data-e-type=\"widget\" data-widget_type=\"text-editor.default\">\n\t\t\t\t<div class=\"elementor-widget-container\">\n\t\t\t\t\t\t\t\t\t<p>En qualsevol cas, com hem pogut apreciar en aquestes fotografies, es tracta d&#8217;una torrassa de caracter\u00edstiques molt singulars en la seva f\u00e0brica.<\/p>\t\t\t\t\t\t\t\t<\/div>\n\t\t\t\t<\/div>\n\t\t\t\t<div class=\"elementor-element elementor-element-d4e8e7c elementor-widget elementor-widget-heading\" data-id=\"d4e8e7c\" data-element_type=\"widget\" data-e-type=\"widget\" data-widget_type=\"heading.default\">\n\t\t\t\t<div class=\"elementor-widget-container\">\n\t\t\t\t\t<h3 class=\"elementor-heading-title elementor-size-default\">Esgl\u00e9sia de Santa Maria de los Alc\u00e1zares<\/h3>\t\t\t\t<\/div>\n\t\t\t\t<\/div>\n\t\t\t\t<div class=\"elementor-element elementor-element-e25ef32 elementor-widget elementor-widget-text-editor\" data-id=\"e25ef32\" data-element_type=\"widget\" data-e-type=\"widget\" data-widget_type=\"text-editor.default\">\n\t\t\t\t<div class=\"elementor-widget-container\">\n\t\t\t\t\t\t\t\t\t<p><em>B\u00e9 d&#8217;Inter\u00e8s Cultural (BIC),<\/em> 1931<\/p><p>L&#8217;esgl\u00e9sia parroquial de Maqueda apareix als m\u00e9s antics documents de la di\u00f2cesi de Toledo. L&#8217;actual parr\u00f2quia de <strong>Santa Maria de los Alc\u00e1zares<\/strong> (<strong>E<\/strong>) va ser edificada al segle XV, d&#8217;estil g\u00f2tic mud\u00e8jar.<\/p><p>Es va construir dins el recinte de l&#8217;antiga fortalesa o <em>villetta<\/em>. Els peus del temple recolzen la seva f\u00e0brica a l&#8217;antiga i principal porta de la fortalesa esmentada, l&#8217;anomenada Porta Califal.<\/p>\t\t\t\t\t\t\t\t<\/div>\n\t\t\t\t<\/div>\n\t\t\t\t<div class=\"elementor-element elementor-element-fa036d6 elementor-widget elementor-widget-image\" data-id=\"fa036d6\" data-element_type=\"widget\" data-e-type=\"widget\" data-widget_type=\"image.default\">\n\t\t\t\t<div class=\"elementor-widget-container\">\n\t\t\t\t\t\t\t\t\t\t\t\t<figure class=\"wp-caption\">\n\t\t\t\t\t\t\t\t\t\t<img loading=\"lazy\" decoding=\"async\" width=\"768\" height=\"511\" src=\"https:\/\/www.elturistatranquil.com\/wp-content\/uploads\/F64-Iglesia-de-Santa-Maria-de-los-Alcazares-de-Maqueda-Toledo.jpg\" class=\"attachment-large size-large wp-image-48943\" alt=\"Iglesia de Santa Mar\u00eda de los Alc\u00e1zares de Maqueda, Toledo\" srcset=\"https:\/\/www.elturistatranquil.com\/wp-content\/uploads\/F64-Iglesia-de-Santa-Maria-de-los-Alcazares-de-Maqueda-Toledo.jpg 768w, https:\/\/www.elturistatranquil.com\/wp-content\/uploads\/F64-Iglesia-de-Santa-Maria-de-los-Alcazares-de-Maqueda-Toledo-339x226.jpg 339w\" sizes=\"(max-width: 768px) 100vw, 768px\" \/>\t\t\t\t\t\t\t\t\t\t\t<figcaption class=\"widget-image-caption wp-caption-text\"><\/figcaption>\n\t\t\t\t\t\t\t\t\t\t<\/figure>\n\t\t\t\t\t\t\t\t\t<\/div>\n\t\t\t\t<\/div>\n\t\t\t\t<div class=\"elementor-element elementor-element-6076c0b elementor-widget elementor-widget-image\" data-id=\"6076c0b\" data-element_type=\"widget\" data-e-type=\"widget\" data-widget_type=\"image.default\">\n\t\t\t\t<div class=\"elementor-widget-container\">\n\t\t\t\t\t\t\t\t\t\t\t\t<figure class=\"wp-caption\">\n\t\t\t\t\t\t\t\t\t\t<img loading=\"lazy\" decoding=\"async\" width=\"768\" height=\"511\" src=\"https:\/\/www.elturistatranquil.com\/wp-content\/uploads\/F65-Iglesia-de-Santa-Maria-de-los-Alcazares-de-Maqueda-Toledo.jpg\" class=\"attachment-large size-large wp-image-48945\" alt=\"Iglesia de Santa Mar\u00eda de los Alc\u00e1zares de Maqueda, Toledo\" srcset=\"https:\/\/www.elturistatranquil.com\/wp-content\/uploads\/F65-Iglesia-de-Santa-Maria-de-los-Alcazares-de-Maqueda-Toledo.jpg 768w, https:\/\/www.elturistatranquil.com\/wp-content\/uploads\/F65-Iglesia-de-Santa-Maria-de-los-Alcazares-de-Maqueda-Toledo-339x226.jpg 339w\" sizes=\"(max-width: 768px) 100vw, 768px\" \/>\t\t\t\t\t\t\t\t\t\t\t<figcaption class=\"widget-image-caption wp-caption-text\"><\/figcaption>\n\t\t\t\t\t\t\t\t\t\t<\/figure>\n\t\t\t\t\t\t\t\t\t<\/div>\n\t\t\t\t<\/div>\n\t\t\t\t<div class=\"elementor-element elementor-element-e6cce23 elementor-widget elementor-widget-text-editor\" data-id=\"e6cce23\" data-element_type=\"widget\" data-e-type=\"widget\" data-widget_type=\"text-editor.default\">\n\t\t\t\t<div class=\"elementor-widget-container\">\n\t\t\t\t\t\t\t\t\t<p>La torre de Santa Maria o les Campanes \u00e9s actual, de l&#8217;any 1908. Constru\u00efda sobre les restes de la Torre de Santa Maria que seria una de les torres de la muralla de Maqueda.<\/p>\t\t\t\t\t\t\t\t<\/div>\n\t\t\t\t<\/div>\n\t\t\t\t<div class=\"elementor-element elementor-element-3ccc3a4 elementor-widget elementor-widget-image\" data-id=\"3ccc3a4\" data-element_type=\"widget\" data-e-type=\"widget\" data-widget_type=\"image.default\">\n\t\t\t\t<div class=\"elementor-widget-container\">\n\t\t\t\t\t\t\t\t\t\t\t\t<figure class=\"wp-caption\">\n\t\t\t\t\t\t\t\t\t\t<img loading=\"lazy\" decoding=\"async\" width=\"768\" height=\"512\" src=\"https:\/\/www.elturistatranquil.com\/wp-content\/uploads\/F66-Iglesia-de-Santa-Maria-de-los-Alcazares-de-Maqueda-Toledo.jpg\" class=\"attachment-large size-large wp-image-48947\" alt=\"Iglesia de Santa Mar\u00eda de los Alc\u00e1zares de Maqueda, Toledo\" srcset=\"https:\/\/www.elturistatranquil.com\/wp-content\/uploads\/F66-Iglesia-de-Santa-Maria-de-los-Alcazares-de-Maqueda-Toledo.jpg 768w, https:\/\/www.elturistatranquil.com\/wp-content\/uploads\/F66-Iglesia-de-Santa-Maria-de-los-Alcazares-de-Maqueda-Toledo-339x226.jpg 339w\" sizes=\"(max-width: 768px) 100vw, 768px\" \/>\t\t\t\t\t\t\t\t\t\t\t<figcaption class=\"widget-image-caption wp-caption-text\"><\/figcaption>\n\t\t\t\t\t\t\t\t\t\t<\/figure>\n\t\t\t\t\t\t\t\t\t<\/div>\n\t\t\t\t<\/div>\n\t\t\t\t<div class=\"elementor-element elementor-element-9f029d7 elementor-widget elementor-widget-text-editor\" data-id=\"9f029d7\" data-element_type=\"widget\" data-e-type=\"widget\" data-widget_type=\"text-editor.default\">\n\t\t\t\t<div class=\"elementor-widget-container\">\n\t\t\t\t\t\t\t\t\t<p>Val la pena contrastar les semblances constructives amb la torre de la Vela.<\/p>\t\t\t\t\t\t\t\t<\/div>\n\t\t\t\t<\/div>\n\t\t\t\t<div class=\"elementor-element elementor-element-dcac024 elementor-widget elementor-widget-image\" data-id=\"dcac024\" data-element_type=\"widget\" data-e-type=\"widget\" data-widget_type=\"image.default\">\n\t\t\t\t<div class=\"elementor-widget-container\">\n\t\t\t\t\t\t\t\t\t\t\t\t<figure class=\"wp-caption\">\n\t\t\t\t\t\t\t\t\t\t<img loading=\"lazy\" decoding=\"async\" width=\"768\" height=\"511\" src=\"https:\/\/www.elturistatranquil.com\/wp-content\/uploads\/F67-Iglesia-de-Santa-Maria-de-los-Alcazares-de-Maqueda-Toledo.jpg\" class=\"attachment-large size-large wp-image-48949\" alt=\"Iglesia de Santa Mar\u00eda de los Alc\u00e1zares de Maqueda, Toledo\" srcset=\"https:\/\/www.elturistatranquil.com\/wp-content\/uploads\/F67-Iglesia-de-Santa-Maria-de-los-Alcazares-de-Maqueda-Toledo.jpg 768w, https:\/\/www.elturistatranquil.com\/wp-content\/uploads\/F67-Iglesia-de-Santa-Maria-de-los-Alcazares-de-Maqueda-Toledo-339x226.jpg 339w\" sizes=\"(max-width: 768px) 100vw, 768px\" \/>\t\t\t\t\t\t\t\t\t\t\t<figcaption class=\"widget-image-caption wp-caption-text\"><\/figcaption>\n\t\t\t\t\t\t\t\t\t\t<\/figure>\n\t\t\t\t\t\t\t\t\t<\/div>\n\t\t\t\t<\/div>\n\t\t\t\t<div class=\"elementor-element elementor-element-e01c355 elementor-widget elementor-widget-text-editor\" data-id=\"e01c355\" data-element_type=\"widget\" data-e-type=\"widget\" data-widget_type=\"text-editor.default\">\n\t\t\t\t<div class=\"elementor-widget-container\">\n\t\t\t\t\t\t\t\t\t<p>En cap de les dues ocasions que passejar per Maqueda estava oberta. Segons les refer\u00e8ncies \u00e9s una esgl\u00e9sia de tres naus. Cont\u00e9 un retaule major plateresc del segle XVI; tamb\u00e9 hi ha parts de cer\u00e0mica renaixentista de Talavera de la Reina, del segle XVI; aix\u00ed com un enteixinat mud\u00e8jar del mateix segle. Un altre altar, situat a la nau dreta, \u00e9s obra de Berruguete.<\/p>\t\t\t\t\t\t\t\t<\/div>\n\t\t\t\t<\/div>\n\t\t\t\t<div class=\"elementor-element elementor-element-825c577 elementor-widget elementor-widget-image\" data-id=\"825c577\" data-element_type=\"widget\" data-e-type=\"widget\" data-widget_type=\"image.default\">\n\t\t\t\t<div class=\"elementor-widget-container\">\n\t\t\t\t\t\t\t\t\t\t\t\t<figure class=\"wp-caption\">\n\t\t\t\t\t\t\t\t\t\t<img loading=\"lazy\" decoding=\"async\" width=\"768\" height=\"514\" src=\"https:\/\/www.elturistatranquil.com\/wp-content\/uploads\/F67b-Santa-Maria-de-los-Alcazare-Maqueda-Toledo-Foto-Portal-de-Cultura-de-Castilla-La-Mancha.jpg\" class=\"attachment-large size-large wp-image-49023\" alt=\"Santa Maria de los Alcazares, Maqueda, Toledo (Foto-Portal de Cultura de Castilla-La Mancha)\" srcset=\"https:\/\/www.elturistatranquil.com\/wp-content\/uploads\/F67b-Santa-Maria-de-los-Alcazare-Maqueda-Toledo-Foto-Portal-de-Cultura-de-Castilla-La-Mancha.jpg 768w, https:\/\/www.elturistatranquil.com\/wp-content\/uploads\/F67b-Santa-Maria-de-los-Alcazare-Maqueda-Toledo-Foto-Portal-de-Cultura-de-Castilla-La-Mancha-339x226.jpg 339w\" sizes=\"(max-width: 768px) 100vw, 768px\" \/>\t\t\t\t\t\t\t\t\t\t\t<figcaption class=\"widget-image-caption wp-caption-text\">(Foto: Portal de Cultura de Castilla-La Mancha)<\/figcaption>\n\t\t\t\t\t\t\t\t\t\t<\/figure>\n\t\t\t\t\t\t\t\t\t<\/div>\n\t\t\t\t<\/div>\n\t\t\t\t<div class=\"elementor-element elementor-element-d840cd1 elementor-widget elementor-widget-heading\" data-id=\"d840cd1\" data-element_type=\"widget\" data-e-type=\"widget\" data-widget_type=\"heading.default\">\n\t\t\t\t<div class=\"elementor-widget-container\">\n\t\t\t\t\t<h3 class=\"elementor-heading-title elementor-size-default\">Pla\u00e7a de la Constituci\u00f3, Ajuntament i rotllo<\/h3>\t\t\t\t<\/div>\n\t\t\t\t<\/div>\n\t\t\t\t<div class=\"elementor-element elementor-element-e862cee elementor-widget elementor-widget-text-editor\" data-id=\"e862cee\" data-element_type=\"widget\" data-e-type=\"widget\" data-widget_type=\"text-editor.default\">\n\t\t\t\t<div class=\"elementor-widget-container\">\n\t\t\t\t\t\t\t\t\t<p>El centre urb\u00e0 actual \u00e9s la <strong>pla\u00e7a de la Constituci\u00f3<\/strong> (<strong>G<\/strong>). S&#8217;hi reuneixen els tres elements de centralitat propis de les localitats castellanes.<\/p><p>Est\u00e0 presidida des de les altures per l&#8217;esgl\u00e9sia de Santa Maria de Los Alc\u00e1zares, al seu acc\u00e9s als peus del temple per la porta califal.<\/p><p>Davant de l&#8217;esgl\u00e9sia, al costat de ponent, l&#8217;<strong>Ajuntament<\/strong> (<strong>F<\/strong>), \u00e9s un edifici de nova construcci\u00f3 d&#8217;un estil que podr\u00edem considerar historicista: la forma de torrassa, que recorda la torre de les Infantes, els frisos que marquen els nivells, tot i que tot l&#8217;aparell sigui de ma\u00f3 i les porxades de l&#8217;entrada.<\/p><p>Al centre, el rotllo de just\u00edcia (<strong>G<\/strong>).<\/p>\t\t\t\t\t\t\t\t<\/div>\n\t\t\t\t<\/div>\n\t\t\t\t<div class=\"elementor-element elementor-element-c14e45d elementor-widget elementor-widget-image\" data-id=\"c14e45d\" data-element_type=\"widget\" data-e-type=\"widget\" data-widget_type=\"image.default\">\n\t\t\t\t<div class=\"elementor-widget-container\">\n\t\t\t\t\t\t\t\t\t\t\t\t<figure class=\"wp-caption\">\n\t\t\t\t\t\t\t\t\t\t<img loading=\"lazy\" decoding=\"async\" width=\"768\" height=\"511\" src=\"https:\/\/www.elturistatranquil.com\/wp-content\/uploads\/F68-Plaza-de-la-Constitucion-de-Maqueda-Toledo.jpg\" class=\"attachment-large size-large wp-image-48951\" alt=\"Plaza de la Constitucion de Maqueda, Toledo\" srcset=\"https:\/\/www.elturistatranquil.com\/wp-content\/uploads\/F68-Plaza-de-la-Constitucion-de-Maqueda-Toledo.jpg 768w, https:\/\/www.elturistatranquil.com\/wp-content\/uploads\/F68-Plaza-de-la-Constitucion-de-Maqueda-Toledo-339x226.jpg 339w\" sizes=\"(max-width: 768px) 100vw, 768px\" \/>\t\t\t\t\t\t\t\t\t\t\t<figcaption class=\"widget-image-caption wp-caption-text\"><\/figcaption>\n\t\t\t\t\t\t\t\t\t\t<\/figure>\n\t\t\t\t\t\t\t\t\t<\/div>\n\t\t\t\t<\/div>\n\t\t\t\t<div class=\"elementor-element elementor-element-3d63ef9 elementor-widget elementor-widget-image\" data-id=\"3d63ef9\" data-element_type=\"widget\" data-e-type=\"widget\" data-widget_type=\"image.default\">\n\t\t\t\t<div class=\"elementor-widget-container\">\n\t\t\t\t\t\t\t\t\t\t\t\t<figure class=\"wp-caption\">\n\t\t\t\t\t\t\t\t\t\t<img loading=\"lazy\" decoding=\"async\" width=\"768\" height=\"512\" src=\"https:\/\/www.elturistatranquil.com\/wp-content\/uploads\/F69-Ayuntamiento-de-Maqueda-Toledo.jpg\" class=\"attachment-large size-large wp-image-48956\" alt=\"Ayuntamiento de Maqueda, Toledo\" srcset=\"https:\/\/www.elturistatranquil.com\/wp-content\/uploads\/F69-Ayuntamiento-de-Maqueda-Toledo.jpg 768w, https:\/\/www.elturistatranquil.com\/wp-content\/uploads\/F69-Ayuntamiento-de-Maqueda-Toledo-339x226.jpg 339w\" sizes=\"(max-width: 768px) 100vw, 768px\" \/>\t\t\t\t\t\t\t\t\t\t\t<figcaption class=\"widget-image-caption wp-caption-text\"><\/figcaption>\n\t\t\t\t\t\t\t\t\t\t<\/figure>\n\t\t\t\t\t\t\t\t\t<\/div>\n\t\t\t\t<\/div>\n\t\t\t\t<div class=\"elementor-element elementor-element-190638b elementor-widget elementor-widget-text-editor\" data-id=\"190638b\" data-element_type=\"widget\" data-e-type=\"widget\" data-widget_type=\"text-editor.default\">\n\t\t\t\t<div class=\"elementor-widget-container\">\n\t\t\t\t\t\t\t\t\t<p>Les dues fotografies seg\u00fcents, la primera de principis segle XX, permeten comparar l&#8217;estat de la torre de les Infantes i la torre de la Vela (poc visible a la fotografia actual). Tamb\u00e9 les transformacions a l&#8217;arquitectura urbana.<\/p>\t\t\t\t\t\t\t\t<\/div>\n\t\t\t\t<\/div>\n\t\t\t\t<div class=\"elementor-element elementor-element-455453f elementor-widget elementor-widget-image\" data-id=\"455453f\" data-element_type=\"widget\" data-e-type=\"widget\" data-widget_type=\"image.default\">\n\t\t\t\t<div class=\"elementor-widget-container\">\n\t\t\t\t\t\t\t\t\t\t\t\t<figure class=\"wp-caption\">\n\t\t\t\t\t\t\t\t\t\t<img loading=\"lazy\" decoding=\"async\" width=\"768\" height=\"530\" src=\"https:\/\/www.elturistatranquil.com\/wp-content\/uploads\/F70a-Maqueda-Toledo-a-principios-del-siglo-XX.jpg\" class=\"attachment-large size-large wp-image-48958\" alt=\"Maqueda, Toledo, a principios del siglo XX\" srcset=\"https:\/\/www.elturistatranquil.com\/wp-content\/uploads\/F70a-Maqueda-Toledo-a-principios-del-siglo-XX.jpg 768w, https:\/\/www.elturistatranquil.com\/wp-content\/uploads\/F70a-Maqueda-Toledo-a-principios-del-siglo-XX-327x226.jpg 327w\" sizes=\"(max-width: 768px) 100vw, 768px\" \/>\t\t\t\t\t\t\t\t\t\t\t<figcaption class=\"widget-image-caption wp-caption-text\"><\/figcaption>\n\t\t\t\t\t\t\t\t\t\t<\/figure>\n\t\t\t\t\t\t\t\t\t<\/div>\n\t\t\t\t<\/div>\n\t\t\t\t<div class=\"elementor-element elementor-element-3c64dc2 elementor-widget elementor-widget-image\" data-id=\"3c64dc2\" data-element_type=\"widget\" data-e-type=\"widget\" data-widget_type=\"image.default\">\n\t\t\t\t<div class=\"elementor-widget-container\">\n\t\t\t\t\t\t\t\t\t\t\t\t<figure class=\"wp-caption\">\n\t\t\t\t\t\t\t\t\t\t<img loading=\"lazy\" decoding=\"async\" width=\"768\" height=\"512\" src=\"https:\/\/www.elturistatranquil.com\/wp-content\/uploads\/F70b-Rollo-de-justicia-de-Maqueda-Toledo.jpg\" class=\"attachment-large size-large wp-image-48961\" alt=\"Rollo de justicia de Maqueda, Toledo\" srcset=\"https:\/\/www.elturistatranquil.com\/wp-content\/uploads\/F70b-Rollo-de-justicia-de-Maqueda-Toledo.jpg 768w, https:\/\/www.elturistatranquil.com\/wp-content\/uploads\/F70b-Rollo-de-justicia-de-Maqueda-Toledo-339x226.jpg 339w\" sizes=\"(max-width: 768px) 100vw, 768px\" \/>\t\t\t\t\t\t\t\t\t\t\t<figcaption class=\"widget-image-caption wp-caption-text\"><\/figcaption>\n\t\t\t\t\t\t\t\t\t\t<\/figure>\n\t\t\t\t\t\t\t\t\t<\/div>\n\t\t\t\t<\/div>\n\t\t\t\t<div class=\"elementor-element elementor-element-3577d7a elementor-widget elementor-widget-heading\" data-id=\"3577d7a\" data-element_type=\"widget\" data-e-type=\"widget\" data-widget_type=\"heading.default\">\n\t\t\t\t<div class=\"elementor-widget-container\">\n\t\t\t\t\t<h4 class=\"elementor-heading-title elementor-size-default\">Rotllo de just\u00edcia<\/h4>\t\t\t\t<\/div>\n\t\t\t\t<\/div>\n\t\t\t\t<div class=\"elementor-element elementor-element-00443dd elementor-widget elementor-widget-text-editor\" data-id=\"00443dd\" data-element_type=\"widget\" data-e-type=\"widget\" data-widget_type=\"text-editor.default\">\n\t\t\t\t<div class=\"elementor-widget-container\">\n\t\t\t\t\t\t\t\t\t<p>El <strong>rotllo de just\u00edcia <\/strong>(<strong>G<\/strong>) posava de manifest als habitants i visitants la pres\u00e8ncia del poder senyorial amb categoria de capacitat de la vila per administrar just\u00edcia. Poder atorgat l&#8217;any 1.500 als C\u00e1rdenas.<\/p><p>Una columna de fust cil\u00edndric t\u00e9 gravat a la part superior l&#8217;escut dels C\u00e1rdenas, els administradors de just\u00edcia, i un capitell amb quatre lleons sortints, dos dels quals han desaparegut.<\/p>\t\t\t\t\t\t\t\t<\/div>\n\t\t\t\t<\/div>\n\t\t\t\t<div class=\"elementor-element elementor-element-9f7095b elementor-widget elementor-widget-image\" data-id=\"9f7095b\" data-element_type=\"widget\" data-e-type=\"widget\" data-widget_type=\"image.default\">\n\t\t\t\t<div class=\"elementor-widget-container\">\n\t\t\t\t\t\t\t\t\t\t\t\t<figure class=\"wp-caption\">\n\t\t\t\t\t\t\t\t\t\t<img loading=\"lazy\" decoding=\"async\" width=\"768\" height=\"511\" src=\"https:\/\/www.elturistatranquil.com\/wp-content\/uploads\/F71-Rollo-de-justicia-de-Maqueda-Toledo.jpg\" class=\"attachment-large size-large wp-image-48963\" alt=\"Rollo de justicia de Maqueda, Toledo\" srcset=\"https:\/\/www.elturistatranquil.com\/wp-content\/uploads\/F71-Rollo-de-justicia-de-Maqueda-Toledo.jpg 768w, https:\/\/www.elturistatranquil.com\/wp-content\/uploads\/F71-Rollo-de-justicia-de-Maqueda-Toledo-339x226.jpg 339w\" sizes=\"(max-width: 768px) 100vw, 768px\" \/>\t\t\t\t\t\t\t\t\t\t\t<figcaption class=\"widget-image-caption wp-caption-text\"><\/figcaption>\n\t\t\t\t\t\t\t\t\t\t<\/figure>\n\t\t\t\t\t\t\t\t\t<\/div>\n\t\t\t\t<\/div>\n\t\t\t\t<div class=\"elementor-element elementor-element-05b554a elementor-widget elementor-widget-image\" data-id=\"05b554a\" data-element_type=\"widget\" data-e-type=\"widget\" data-widget_type=\"image.default\">\n\t\t\t\t<div class=\"elementor-widget-container\">\n\t\t\t\t\t\t\t\t\t\t\t\t<figure class=\"wp-caption\">\n\t\t\t\t\t\t\t\t\t\t<img loading=\"lazy\" decoding=\"async\" width=\"768\" height=\"511\" src=\"https:\/\/www.elturistatranquil.com\/wp-content\/uploads\/F72-Rollo-de-justicia-de-Maqueda-Toledo.jpg\" class=\"attachment-large size-large wp-image-48965\" alt=\"Rollo de justicia de Maqueda, Toledo\" srcset=\"https:\/\/www.elturistatranquil.com\/wp-content\/uploads\/F72-Rollo-de-justicia-de-Maqueda-Toledo.jpg 768w, https:\/\/www.elturistatranquil.com\/wp-content\/uploads\/F72-Rollo-de-justicia-de-Maqueda-Toledo-339x226.jpg 339w\" sizes=\"(max-width: 768px) 100vw, 768px\" \/>\t\t\t\t\t\t\t\t\t\t\t<figcaption class=\"widget-image-caption wp-caption-text\"><\/figcaption>\n\t\t\t\t\t\t\t\t\t\t<\/figure>\n\t\t\t\t\t\t\t\t\t<\/div>\n\t\t\t\t<\/div>\n\t\t\t\t<div class=\"elementor-element elementor-element-ccefb4a elementor-widget elementor-widget-heading\" data-id=\"ccefb4a\" data-element_type=\"widget\" data-e-type=\"widget\" data-widget_type=\"heading.default\">\n\t\t\t\t<div class=\"elementor-widget-container\">\n\t\t\t\t\t<h4 class=\"elementor-heading-title elementor-size-default\">Esgl\u00e9sia de Santo Domingo<\/h4>\t\t\t\t<\/div>\n\t\t\t\t<\/div>\n\t\t\t\t<div class=\"elementor-element elementor-element-d8f2290 elementor-widget elementor-widget-text-editor\" data-id=\"d8f2290\" data-element_type=\"widget\" data-e-type=\"widget\" data-widget_type=\"text-editor.default\">\n\t\t\t\t<div class=\"elementor-widget-container\">\n\t\t\t\t\t\t\t\t\t<p>Des de dalt del carrer de Santa Maria, al costat de l&#8217;esgl\u00e9sia, es pot observar entre el caseriu que sobresurt les restes d&#8217;una <strong>espadanya<\/strong> (<strong>H<\/strong>). Correspon al que havia estat l&#8217;<strong>esgl\u00e9sia de Santo Domingo<\/strong>, un edifici renaixentista-mud\u00e8jar del segle XV.<\/p><p>L&#8217;esgl\u00e9sia va ser enderrocada i nom\u00e9s queden aquestes restes visibles des de lluny, ja que es troben dins una illa urbana no accessible p\u00fablicament.<\/p>\t\t\t\t\t\t\t\t<\/div>\n\t\t\t\t<\/div>\n\t\t\t\t<div class=\"elementor-element elementor-element-c549fbf elementor-widget elementor-widget-image\" data-id=\"c549fbf\" data-element_type=\"widget\" data-e-type=\"widget\" data-widget_type=\"image.default\">\n\t\t\t\t<div class=\"elementor-widget-container\">\n\t\t\t\t\t\t\t\t\t\t\t\t<figure class=\"wp-caption\">\n\t\t\t\t\t\t\t\t\t\t<img loading=\"lazy\" decoding=\"async\" width=\"768\" height=\"511\" src=\"https:\/\/www.elturistatranquil.com\/wp-content\/uploads\/F73-Iglesia-de-Santo-Domingo-de-Maqueda-Toledo.jpg\" class=\"attachment-large size-large wp-image-48967\" alt=\"Iglesia de Santo Domingo de Maqueda, Toledo\" srcset=\"https:\/\/www.elturistatranquil.com\/wp-content\/uploads\/F73-Iglesia-de-Santo-Domingo-de-Maqueda-Toledo.jpg 768w, https:\/\/www.elturistatranquil.com\/wp-content\/uploads\/F73-Iglesia-de-Santo-Domingo-de-Maqueda-Toledo-339x226.jpg 339w\" sizes=\"(max-width: 768px) 100vw, 768px\" \/>\t\t\t\t\t\t\t\t\t\t\t<figcaption class=\"widget-image-caption wp-caption-text\"><\/figcaption>\n\t\t\t\t\t\t\t\t\t\t<\/figure>\n\t\t\t\t\t\t\t\t\t<\/div>\n\t\t\t\t<\/div>\n\t\t\t\t<div class=\"elementor-element elementor-element-31ff3ad elementor-widget elementor-widget-image\" data-id=\"31ff3ad\" data-element_type=\"widget\" data-e-type=\"widget\" data-widget_type=\"image.default\">\n\t\t\t\t<div class=\"elementor-widget-container\">\n\t\t\t\t\t\t\t\t\t\t\t\t<figure class=\"wp-caption\">\n\t\t\t\t\t\t\t\t\t\t<img loading=\"lazy\" decoding=\"async\" width=\"768\" height=\"511\" src=\"https:\/\/www.elturistatranquil.com\/wp-content\/uploads\/F74-Espadana-de-la-iglesia-de-Santo-Domingo-de-Maqueda-Toledo.jpg\" class=\"attachment-large size-large wp-image-48969\" alt=\"Espada\u00f1a de la iglesia de Santo Domingo de Maqueda, Toledo\" srcset=\"https:\/\/www.elturistatranquil.com\/wp-content\/uploads\/F74-Espadana-de-la-iglesia-de-Santo-Domingo-de-Maqueda-Toledo.jpg 768w, https:\/\/www.elturistatranquil.com\/wp-content\/uploads\/F74-Espadana-de-la-iglesia-de-Santo-Domingo-de-Maqueda-Toledo-339x226.jpg 339w\" sizes=\"(max-width: 768px) 100vw, 768px\" \/>\t\t\t\t\t\t\t\t\t\t\t<figcaption class=\"widget-image-caption wp-caption-text\"><\/figcaption>\n\t\t\t\t\t\t\t\t\t\t<\/figure>\n\t\t\t\t\t\t\t\t\t<\/div>\n\t\t\t\t<\/div>\n\t\t\t\t<div class=\"elementor-element elementor-element-98f3914 elementor-widget elementor-widget-heading\" data-id=\"98f3914\" data-element_type=\"widget\" data-e-type=\"widget\" data-widget_type=\"heading.default\">\n\t\t\t\t<div class=\"elementor-widget-container\">\n\t\t\t\t\t<h2 class=\"elementor-heading-title elementor-size-default\">Fi de la visita<\/h2>\t\t\t\t<\/div>\n\t\t\t\t<\/div>\n\t\t\t\t<div class=\"elementor-element elementor-element-fa6c1ec elementor-widget elementor-widget-text-editor\" data-id=\"fa6c1ec\" data-element_type=\"widget\" data-e-type=\"widget\" data-widget_type=\"text-editor.default\">\n\t\t\t\t<div class=\"elementor-widget-container\">\n\t\t\t\t\t\t\t\t\t<p>A la vila de Maqueda tenim un exemple del proc\u00e9s d&#8217;adaptaci\u00f3 de les estructures urbanes i defensives als canvis en la funci\u00f3 militar i en les relacions territorials de poder, almenys des de l&#8217;\u00e8poca de la Hisp\u00e0nia romana. El que podem considerar com a <a href=\"https:\/\/www.elturistatranquil.com\/ca\/els-castells-medievals-a-espanya-tipologies\/#b1203\" target=\"_blank\" rel=\"noopener\">distinci\u00f3 dels castells segons la seva funci\u00f3<\/a>.<\/p><p>Inicialment, sembla que per als romans va servir de punt de vigil\u00e0ncia de les cal\u00e7ades. A l&#8217;\u00e8poca del domini \u00e0rab adopta un paper de control territorial i defensiu. Despr\u00e9s de la conquesta cristiana servir\u00e0 de castell de frontera.<\/p><p>Quan la frontera ja s&#8217;ha despla\u00e7at definitivament cap al sud, perd la funci\u00f3 militar defensiva i entra en proc\u00e9s de ru\u00efna. Per\u00f2 en arribar al segle XV, en plena \u00e8poca d&#8217;organitzaci\u00f3 de la terra en senyorius, passar\u00e0 a integrar-se com un m\u00e9s dels castells senyorials que es van expandir pel Regne de Castella: ara la funci\u00f3 \u00e9s de domini social sobre el senyoriu circumdant, de manera que es veu sotm\u00e8s a reformes per adaptar-lo a la nova funci\u00f3, mentre que les tanques dels pobles deixen de tenir sentit i van desapareixent, deixant m\u00e9s o menys vestigis segons la din\u00e0mica de cada localitat. Aquest paper es mant\u00e9 fins a l&#8217;eclipsi oficial d&#8217;aquesta Espanya senyorial al segle XIX.<\/p><p>Novament perd la seva funci\u00f3, amb el conseg\u00fcent deteriorament, per\u00f2 entrem a l&#8217;\u00e8poca de valoraci\u00f3 historicoart\u00edstica de les rel\u00edquies territorials, quan el 1931 se&#8217;l cataloga com a Monument Hist\u00f2ric. En aquesta nova etapa es planteja la necessitat de buscar a aquests monuments alguna funci\u00f3 que justifiqui les inversions que es necessitessin per a la seva recuperaci\u00f3 i el manteniment. En aquest cas, primer ho ser\u00e0 com a casa-caserna de la Gu\u00e0rdia Civil; despr\u00e9s remodelant-ho per albergar-hi un museu. Quan s&#8217;abandona aquesta idea de museu, malgrat la forta inversi\u00f3 realitzada, cal buscar alguna alternativa, com pot ser vendre&#8217;l a la iniciativa privada.<\/p><p>Alhora, en aquesta darrera etapa, l&#8217;expansi\u00f3 del turisme convertir\u00e0 aquestes construccions hist\u00f2riques en la nova funci\u00f3 de valoraci\u00f3 tur\u00edstica. La major o menor fortuna a entroncar-se com a objecte tur\u00edstic atractiu pot marcar quin ser\u00e0 el futur.<\/p>\t\t\t\t\t\t\t\t<\/div>\n\t\t\t\t<\/div>\n\t\t\t\t<div class=\"elementor-element elementor-element-04c2abb elementor-widget elementor-widget-heading\" data-id=\"04c2abb\" data-element_type=\"widget\" data-e-type=\"widget\" data-widget_type=\"heading.default\">\n\t\t\t\t<div class=\"elementor-widget-container\">\n\t\t\t\t\t<h2 class=\"elementor-heading-title elementor-size-default\">Bases d\u2019informaci\u00f3<\/h2>\t\t\t\t<\/div>\n\t\t\t\t<\/div>\n\t\t\t\t<div class=\"elementor-element elementor-element-4013cbeb elementor-widget elementor-widget-text-editor\" data-id=\"4013cbeb\" data-element_type=\"widget\" data-e-type=\"widget\" data-widget_type=\"text-editor.default\">\n\t\t\t\t<div class=\"elementor-widget-container\">\n\t\t\t\t\t\t\t\t\t<p><strong>Webs<\/strong><\/p><p><a href=\"http:\/\/www.maqueda.es\/\" target=\"_blank\" rel=\"noopener\">ayuntamiento<\/a><\/p><p><a href=\"https:\/\/es.wikipedia.org\/wiki\/Maqueda\" target=\"_blank\" rel=\"noopener\">wikipedia<\/a><\/p><p><a href=\"http:\/\/www.turismocastillalamancha.es\/patrimonio\/castillo-de-maqueda-98364\/descripcion\/\" target=\"_blank\" rel=\"noopener\">turismocastilllalamancha<\/a><\/p><p><a href=\"http:\/\/www.redjaen.es\/francis\/?m=c&amp;o=153147\" target=\"_blank\" rel=\"noopener\">redjaen<\/a><\/p><p><a href=\"https:\/\/www.arteguias.com\/toledo\/maqueda.htm\" target=\"_blank\" rel=\"noopener\">arteguias<\/a><\/p><p><a href=\"http:\/\/www.spainviajes.com\/que-ver-en-toledo\/maqueda\" target=\"_blank\" rel=\"noopener\">spainviajes<\/a><\/p><p><a href=\"https:\/\/www.monumentalnet.org\/monumentos.php?rf=&amp;cc=00&amp;pc=00&amp;mn=maqueda&amp;ln=&amp;ct=&amp;ob=0&amp;mc=&amp;lc=&amp;pn=&amp;cn=&amp;p=1&amp;m=\" target=\"_blank\" rel=\"noopener\">monumentalnet<\/a><\/p><p><a href=\"https:\/\/castillosdelolvido.com\/castillo-de-maqueda\/\" target=\"_blank\" rel=\"noopener\">castillosdelolvido<\/a><\/p><p><a href=\"https:\/\/www.foro-ciudad.com\/toledo\/maqueda\/habitantes.html\" target=\"_blank\" rel=\"noopener\">forociudad<\/a><\/p><p><strong>Webs academic<\/strong><\/p><p>Madoz, Pascual (1834-1850). <a href=\"https:\/\/www.bibliotecavirtualdeandalucia.es\/catalogo\/es\/catalogo_imagenes\/grupo.do?path=1004961\" target=\"_blank\" rel=\"noopener\"><em>Diccionario geogr\u00e1fico-estad\u00edstico-hist\u00f3rico de Espa\u00f1a y sus posesiones de Ultramar<\/em><\/a>. Tomo XI, p. 207<\/p><p>Navarro, F.B. (1895). <a href=\"https:\/\/books.google.es\/books?hl=es&amp;lr=&amp;id=EAUtAAAAYAAJ&amp;oi=fnd&amp;pg=PA3&amp;dq=castillo+de+maqueda&amp;ots=uoyfrVBH_D&amp;sig=VIaJ3I95CkIC2AMfCGyeR0fbt-U#v=onepage&amp;q=castillo%20de%20maqueda&amp;f=false\" target=\"_blank\" rel=\"noopener\"><em>Fortalezas y castillos en la edad media (Maqueda y Escalona)<\/em><\/a><\/p><p>Vi\u00f1uales Ferreiro, Gonzalo (1988). <a href=\"http:\/\/e-spacio.uned.es\/fez\/eserv.php?pid=bibliuned:ETF4079704D-9260-383A-B855-B654DE03913E&amp;dsID=Documento.pdf\" target=\"_blank\" rel=\"noopener\"><em>Maqueda 1492. Jud\u00edos y judaizantes<\/em><\/a><\/p><p>Villalba Ruiz de Toledo, F.Javier. <a href=\"https:\/\/medievalistas.es\/wp-content\/uploads\/attachments\/00136.pdf\" target=\"_blank\" rel=\"noopener\"><em>Reajuste de se\u00f1or\u00edos en el siglo XV: El trueque de Jadraque por Maqueda.<\/em><\/a><\/p><p>Santos Vaquero, \u00c1ngel. <a href=\"http:\/\/fundacionarthis.org\/ediciones\/ojs\/index.php\/hdigital\/article\/view\/49\/40\" target=\"_blank\" rel=\"noopener\"><em>Convulsa historia de las aljamas de Toledo, Maqueda y Torrijos<\/em><\/a><\/p><p>Almarcha N\u00fa\u00f1ez-Herrador, Esther y Villena Espinosa, Rafael (2022). <a href=\"https:\/\/dehesa.unex.es\/bitstream\/10662\/16931\/1\/0213-2214_42_41.pdf\" target=\"_blank\" rel=\"noopener\"><em>Castillos en el horizonte. Conservaci\u00f3n y restauraci\u00f3n durante el franquismo<\/em><\/a><\/p><p>Mu\u00f1oz Jim\u00e9nez, Jos\u00e9 Miguel. <a href=\"https:\/\/www.upo.es\/revistas\/index.php\/atrio\/article\/view\/3070\/2418\" target=\"_blank\" rel=\"noopener\"><em>Castillos se\u00f1oriales nobiliarios y episcopales en Castilla\u2013La Mancha (siglos XIV y XV)<\/em><\/a><\/p><p><strong>Llibres<\/strong><\/p><p>Cooper, Edward (1991). <em>Castillos se\u00f1oriales en la Corona de Castilla<\/em>, vol. I-1, pp. 278-280<\/p><p>Cooper, Edward (2014). <em>La fortificaci\u00f3n de Espa\u00f1a en los siglos XIII y XIV, <\/em>vol. II, pp. 749-753<\/p><p>Rodr\u00edguez-Picavea, E. (1996). <em>La villa de Maqueda y su tierra en la Edad Media<\/em><\/p><p>Herrera Casado, Antonio (2007). <em>Castillos y fortalezas de Castilla La Mancha<\/em>. pp. 238-246<\/p>\t\t\t\t\t\t\t\t<\/div>\n\t\t\t\t<\/div>\n\t\t\t\t\t<\/div>\n\t\t<\/div>\n\t\t\t\t\t<\/div>\n\t\t<\/section>\n\t\t\t\t<\/div>\n\t\t","protected":false},"excerpt":{"rendered":"<p>A la vila de Maqueda (Toledo) hi ha el castell de Maqueda, un dels castells senyorials del segle XV de Castilla-La Mancha, juntament amb altres edificacions hist\u00f2riques d&#8217;apreciable valor. Castell &#8230; <a title=\"Castell i vila de Maqueda (Toledo)\" class=\"read-more\" href=\"https:\/\/www.elturistatranquil.com\/ca\/castell-i-vila-de-maqueda-toledo\/\" aria-label=\"M\u00e9s informaci\u00f3 sobre Castell i vila de Maqueda (Toledo)\">[ &#8230; ]<\/a><\/p>\n","protected":false},"author":1,"featured_media":48854,"comment_status":"open","ping_status":"closed","sticky":false,"template":"","format":"standard","meta":{"footnotes":""},"categories":[70,71,75,145,83,87,100,101,216],"tags":[],"class_list":["post-48989","post","type-post","status-publish","format-standard","has-post-thumbnail","hentry","category-arquitectura-civil-ca","category-arquitectura-popular-ca","category-castells","category-edat-mitjana","category-historia-ca","category-joies-al-territori","category-pobles-i-ciutats-amb-interes","category-renaixement","category-toledo-ca","infinite-scroll-item","generate-columns","tablet-grid-50","mobile-grid-100","grid-parent","grid-50","no-featured-image-padding"],"yoast_head":"<!-- This site is optimized with the Yoast SEO plugin v27.4 - https:\/\/yoast.com\/product\/yoast-seo-wordpress\/ -->\n<title>Castell i vila de Maqueda (Toledo) - El turista tranquil<\/title>\n<meta name=\"description\" content=\"A la vila de Maqueda (Toledo) hi ha el castell de Maqueda, un dels castells senyorials del segle XV de Castilla-La Mancha, juntament amb altres edificacions hist\u00f2riques d&#039;apreciable valor.\" \/>\n<meta name=\"robots\" content=\"index, follow, max-snippet:-1, max-image-preview:large, max-video-preview:-1\" \/>\n<link rel=\"canonical\" href=\"https:\/\/www.elturistatranquil.com\/ca\/castell-i-vila-de-maqueda-toledo\/\" \/>\n<meta property=\"og:locale\" content=\"ca_ES\" \/>\n<meta property=\"og:type\" content=\"article\" \/>\n<meta property=\"og:title\" content=\"Castell i vila de Maqueda (Toledo) - El turista tranquil\" \/>\n<meta property=\"og:description\" content=\"A la vila de Maqueda (Toledo) hi ha el castell de Maqueda, un dels castells senyorials del segle XV de Castilla-La Mancha, juntament amb altres edificacions hist\u00f2riques d&#039;apreciable valor.\" \/>\n<meta property=\"og:url\" content=\"https:\/\/www.elturistatranquil.com\/ca\/castell-i-vila-de-maqueda-toledo\/\" \/>\n<meta property=\"og:site_name\" content=\"El turista tranquil\" \/>\n<meta property=\"article:publisher\" content=\"https:\/\/www.facebook.com\/elturistatranquilo\/\" \/>\n<meta property=\"article:published_time\" content=\"2023-09-09T12:05:34+00:00\" \/>\n<meta property=\"article:modified_time\" content=\"2023-09-11T08:42:05+00:00\" \/>\n<meta property=\"og:image\" content=\"https:\/\/www.elturistatranquil.com\/wp-content\/uploads\/F31-Castillo-de-Maqueda-Toledo.jpg\" \/>\n\t<meta property=\"og:image:width\" content=\"768\" \/>\n\t<meta property=\"og:image:height\" content=\"512\" \/>\n\t<meta property=\"og:image:type\" content=\"image\/jpeg\" \/>\n<meta name=\"author\" content=\"admin\" \/>\n<meta name=\"twitter:card\" content=\"summary_large_image\" \/>\n<meta name=\"twitter:label1\" content=\"Escrit per\" \/>\n\t<meta name=\"twitter:data1\" content=\"admin\" \/>\n\t<meta name=\"twitter:label2\" content=\"Temps estimat de lectura\" \/>\n\t<meta name=\"twitter:data2\" content=\"41 minuts\" \/>\n<script type=\"application\/ld+json\" class=\"yoast-schema-graph\">{\"@context\":\"https:\\\/\\\/schema.org\",\"@graph\":[{\"@type\":\"Article\",\"@id\":\"https:\\\/\\\/www.elturistatranquil.com\\\/ca\\\/castell-i-vila-de-maqueda-toledo\\\/#article\",\"isPartOf\":{\"@id\":\"https:\\\/\\\/www.elturistatranquil.com\\\/ca\\\/castell-i-vila-de-maqueda-toledo\\\/\"},\"author\":{\"name\":\"admin\",\"@id\":\"https:\\\/\\\/www.elturistatranquil.com\\\/ca\\\/#\\\/schema\\\/person\\\/16f607c3079b96ed0c530a52e6b58bb5\"},\"headline\":\"Castell i vila de Maqueda (Toledo)\",\"datePublished\":\"2023-09-09T12:05:34+00:00\",\"dateModified\":\"2023-09-11T08:42:05+00:00\",\"mainEntityOfPage\":{\"@id\":\"https:\\\/\\\/www.elturistatranquil.com\\\/ca\\\/castell-i-vila-de-maqueda-toledo\\\/\"},\"wordCount\":4928,\"commentCount\":0,\"image\":{\"@id\":\"https:\\\/\\\/www.elturistatranquil.com\\\/ca\\\/castell-i-vila-de-maqueda-toledo\\\/#primaryimage\"},\"thumbnailUrl\":\"https:\\\/\\\/www.elturistatranquil.com\\\/wp-content\\\/uploads\\\/F31-Castillo-de-Maqueda-Toledo.jpg\",\"articleSection\":[\"Arquitectura civil\",\"Arquitectura popular\",\"Castells, Muralles\",\"Edat mitjana\",\"Hist\u00f2ria\",\"Joies al territori\",\"Pobles i ciutats amb inter\u00e9s\",\"Renaixement\",\"Toledo\"],\"inLanguage\":\"ca\",\"potentialAction\":[{\"@type\":\"CommentAction\",\"name\":\"Comment\",\"target\":[\"https:\\\/\\\/www.elturistatranquil.com\\\/ca\\\/castell-i-vila-de-maqueda-toledo\\\/#respond\"]}]},{\"@type\":\"WebPage\",\"@id\":\"https:\\\/\\\/www.elturistatranquil.com\\\/ca\\\/castell-i-vila-de-maqueda-toledo\\\/\",\"url\":\"https:\\\/\\\/www.elturistatranquil.com\\\/ca\\\/castell-i-vila-de-maqueda-toledo\\\/\",\"name\":\"Castell i vila de Maqueda (Toledo) - El turista tranquil\",\"isPartOf\":{\"@id\":\"https:\\\/\\\/www.elturistatranquil.com\\\/ca\\\/#website\"},\"primaryImageOfPage\":{\"@id\":\"https:\\\/\\\/www.elturistatranquil.com\\\/ca\\\/castell-i-vila-de-maqueda-toledo\\\/#primaryimage\"},\"image\":{\"@id\":\"https:\\\/\\\/www.elturistatranquil.com\\\/ca\\\/castell-i-vila-de-maqueda-toledo\\\/#primaryimage\"},\"thumbnailUrl\":\"https:\\\/\\\/www.elturistatranquil.com\\\/wp-content\\\/uploads\\\/F31-Castillo-de-Maqueda-Toledo.jpg\",\"datePublished\":\"2023-09-09T12:05:34+00:00\",\"dateModified\":\"2023-09-11T08:42:05+00:00\",\"author\":{\"@id\":\"https:\\\/\\\/www.elturistatranquil.com\\\/ca\\\/#\\\/schema\\\/person\\\/16f607c3079b96ed0c530a52e6b58bb5\"},\"description\":\"A la vila de Maqueda (Toledo) hi ha el castell de Maqueda, un dels castells senyorials del segle XV de Castilla-La Mancha, juntament amb altres edificacions hist\u00f2riques d'apreciable valor.\",\"breadcrumb\":{\"@id\":\"https:\\\/\\\/www.elturistatranquil.com\\\/ca\\\/castell-i-vila-de-maqueda-toledo\\\/#breadcrumb\"},\"inLanguage\":\"ca\",\"potentialAction\":[{\"@type\":\"ReadAction\",\"target\":[\"https:\\\/\\\/www.elturistatranquil.com\\\/ca\\\/castell-i-vila-de-maqueda-toledo\\\/\"]}]},{\"@type\":\"ImageObject\",\"inLanguage\":\"ca\",\"@id\":\"https:\\\/\\\/www.elturistatranquil.com\\\/ca\\\/castell-i-vila-de-maqueda-toledo\\\/#primaryimage\",\"url\":\"https:\\\/\\\/www.elturistatranquil.com\\\/wp-content\\\/uploads\\\/F31-Castillo-de-Maqueda-Toledo.jpg\",\"contentUrl\":\"https:\\\/\\\/www.elturistatranquil.com\\\/wp-content\\\/uploads\\\/F31-Castillo-de-Maqueda-Toledo.jpg\",\"width\":768,\"height\":512,\"caption\":\"Castillo de Maqueda, Toledo\"},{\"@type\":\"BreadcrumbList\",\"@id\":\"https:\\\/\\\/www.elturistatranquil.com\\\/ca\\\/castell-i-vila-de-maqueda-toledo\\\/#breadcrumb\",\"itemListElement\":[{\"@type\":\"ListItem\",\"position\":1,\"name\":\"Portada\",\"item\":\"https:\\\/\\\/www.elturistatranquil.com\\\/ca\\\/\"},{\"@type\":\"ListItem\",\"position\":2,\"name\":\"Castell i vila de Maqueda (Toledo)\"}]},{\"@type\":\"WebSite\",\"@id\":\"https:\\\/\\\/www.elturistatranquil.com\\\/ca\\\/#website\",\"url\":\"https:\\\/\\\/www.elturistatranquil.com\\\/ca\\\/\",\"name\":\"El turista tranquil\",\"description\":\"Blog de viatges\",\"potentialAction\":[{\"@type\":\"SearchAction\",\"target\":{\"@type\":\"EntryPoint\",\"urlTemplate\":\"https:\\\/\\\/www.elturistatranquil.com\\\/ca\\\/?s={search_term_string}\"},\"query-input\":{\"@type\":\"PropertyValueSpecification\",\"valueRequired\":true,\"valueName\":\"search_term_string\"}}],\"inLanguage\":\"ca\"},{\"@type\":\"Person\",\"@id\":\"https:\\\/\\\/www.elturistatranquil.com\\\/ca\\\/#\\\/schema\\\/person\\\/16f607c3079b96ed0c530a52e6b58bb5\",\"name\":\"admin\",\"image\":{\"@type\":\"ImageObject\",\"inLanguage\":\"ca\",\"@id\":\"https:\\\/\\\/secure.gravatar.com\\\/avatar\\\/1fbaf22aee75fcbb29a2f97b107f95d25d3a19b7c3416105be10269872673e8d?s=96&d=mm&r=g\",\"url\":\"https:\\\/\\\/secure.gravatar.com\\\/avatar\\\/1fbaf22aee75fcbb29a2f97b107f95d25d3a19b7c3416105be10269872673e8d?s=96&d=mm&r=g\",\"contentUrl\":\"https:\\\/\\\/secure.gravatar.com\\\/avatar\\\/1fbaf22aee75fcbb29a2f97b107f95d25d3a19b7c3416105be10269872673e8d?s=96&d=mm&r=g\",\"caption\":\"admin\"}}]}<\/script>\n<!-- \/ Yoast SEO plugin. -->","yoast_head_json":{"title":"Castell i vila de Maqueda (Toledo) - El turista tranquil","description":"A la vila de Maqueda (Toledo) hi ha el castell de Maqueda, un dels castells senyorials del segle XV de Castilla-La Mancha, juntament amb altres edificacions hist\u00f2riques d'apreciable valor.","robots":{"index":"index","follow":"follow","max-snippet":"max-snippet:-1","max-image-preview":"max-image-preview:large","max-video-preview":"max-video-preview:-1"},"canonical":"https:\/\/www.elturistatranquil.com\/ca\/castell-i-vila-de-maqueda-toledo\/","og_locale":"ca_ES","og_type":"article","og_title":"Castell i vila de Maqueda (Toledo) - El turista tranquil","og_description":"A la vila de Maqueda (Toledo) hi ha el castell de Maqueda, un dels castells senyorials del segle XV de Castilla-La Mancha, juntament amb altres edificacions hist\u00f2riques d'apreciable valor.","og_url":"https:\/\/www.elturistatranquil.com\/ca\/castell-i-vila-de-maqueda-toledo\/","og_site_name":"El turista tranquil","article_publisher":"https:\/\/www.facebook.com\/elturistatranquilo\/","article_published_time":"2023-09-09T12:05:34+00:00","article_modified_time":"2023-09-11T08:42:05+00:00","og_image":[{"width":768,"height":512,"url":"https:\/\/www.elturistatranquil.com\/wp-content\/uploads\/F31-Castillo-de-Maqueda-Toledo.jpg","type":"image\/jpeg"}],"author":"admin","twitter_card":"summary_large_image","twitter_misc":{"Escrit per":"admin","Temps estimat de lectura":"41 minuts"},"schema":{"@context":"https:\/\/schema.org","@graph":[{"@type":"Article","@id":"https:\/\/www.elturistatranquil.com\/ca\/castell-i-vila-de-maqueda-toledo\/#article","isPartOf":{"@id":"https:\/\/www.elturistatranquil.com\/ca\/castell-i-vila-de-maqueda-toledo\/"},"author":{"name":"admin","@id":"https:\/\/www.elturistatranquil.com\/ca\/#\/schema\/person\/16f607c3079b96ed0c530a52e6b58bb5"},"headline":"Castell i vila de Maqueda (Toledo)","datePublished":"2023-09-09T12:05:34+00:00","dateModified":"2023-09-11T08:42:05+00:00","mainEntityOfPage":{"@id":"https:\/\/www.elturistatranquil.com\/ca\/castell-i-vila-de-maqueda-toledo\/"},"wordCount":4928,"commentCount":0,"image":{"@id":"https:\/\/www.elturistatranquil.com\/ca\/castell-i-vila-de-maqueda-toledo\/#primaryimage"},"thumbnailUrl":"https:\/\/www.elturistatranquil.com\/wp-content\/uploads\/F31-Castillo-de-Maqueda-Toledo.jpg","articleSection":["Arquitectura civil","Arquitectura popular","Castells, Muralles","Edat mitjana","Hist\u00f2ria","Joies al territori","Pobles i ciutats amb inter\u00e9s","Renaixement","Toledo"],"inLanguage":"ca","potentialAction":[{"@type":"CommentAction","name":"Comment","target":["https:\/\/www.elturistatranquil.com\/ca\/castell-i-vila-de-maqueda-toledo\/#respond"]}]},{"@type":"WebPage","@id":"https:\/\/www.elturistatranquil.com\/ca\/castell-i-vila-de-maqueda-toledo\/","url":"https:\/\/www.elturistatranquil.com\/ca\/castell-i-vila-de-maqueda-toledo\/","name":"Castell i vila de Maqueda (Toledo) - El turista tranquil","isPartOf":{"@id":"https:\/\/www.elturistatranquil.com\/ca\/#website"},"primaryImageOfPage":{"@id":"https:\/\/www.elturistatranquil.com\/ca\/castell-i-vila-de-maqueda-toledo\/#primaryimage"},"image":{"@id":"https:\/\/www.elturistatranquil.com\/ca\/castell-i-vila-de-maqueda-toledo\/#primaryimage"},"thumbnailUrl":"https:\/\/www.elturistatranquil.com\/wp-content\/uploads\/F31-Castillo-de-Maqueda-Toledo.jpg","datePublished":"2023-09-09T12:05:34+00:00","dateModified":"2023-09-11T08:42:05+00:00","author":{"@id":"https:\/\/www.elturistatranquil.com\/ca\/#\/schema\/person\/16f607c3079b96ed0c530a52e6b58bb5"},"description":"A la vila de Maqueda (Toledo) hi ha el castell de Maqueda, un dels castells senyorials del segle XV de Castilla-La Mancha, juntament amb altres edificacions hist\u00f2riques d'apreciable valor.","breadcrumb":{"@id":"https:\/\/www.elturistatranquil.com\/ca\/castell-i-vila-de-maqueda-toledo\/#breadcrumb"},"inLanguage":"ca","potentialAction":[{"@type":"ReadAction","target":["https:\/\/www.elturistatranquil.com\/ca\/castell-i-vila-de-maqueda-toledo\/"]}]},{"@type":"ImageObject","inLanguage":"ca","@id":"https:\/\/www.elturistatranquil.com\/ca\/castell-i-vila-de-maqueda-toledo\/#primaryimage","url":"https:\/\/www.elturistatranquil.com\/wp-content\/uploads\/F31-Castillo-de-Maqueda-Toledo.jpg","contentUrl":"https:\/\/www.elturistatranquil.com\/wp-content\/uploads\/F31-Castillo-de-Maqueda-Toledo.jpg","width":768,"height":512,"caption":"Castillo de Maqueda, Toledo"},{"@type":"BreadcrumbList","@id":"https:\/\/www.elturistatranquil.com\/ca\/castell-i-vila-de-maqueda-toledo\/#breadcrumb","itemListElement":[{"@type":"ListItem","position":1,"name":"Portada","item":"https:\/\/www.elturistatranquil.com\/ca\/"},{"@type":"ListItem","position":2,"name":"Castell i vila de Maqueda (Toledo)"}]},{"@type":"WebSite","@id":"https:\/\/www.elturistatranquil.com\/ca\/#website","url":"https:\/\/www.elturistatranquil.com\/ca\/","name":"El turista tranquil","description":"Blog de viatges","potentialAction":[{"@type":"SearchAction","target":{"@type":"EntryPoint","urlTemplate":"https:\/\/www.elturistatranquil.com\/ca\/?s={search_term_string}"},"query-input":{"@type":"PropertyValueSpecification","valueRequired":true,"valueName":"search_term_string"}}],"inLanguage":"ca"},{"@type":"Person","@id":"https:\/\/www.elturistatranquil.com\/ca\/#\/schema\/person\/16f607c3079b96ed0c530a52e6b58bb5","name":"admin","image":{"@type":"ImageObject","inLanguage":"ca","@id":"https:\/\/secure.gravatar.com\/avatar\/1fbaf22aee75fcbb29a2f97b107f95d25d3a19b7c3416105be10269872673e8d?s=96&d=mm&r=g","url":"https:\/\/secure.gravatar.com\/avatar\/1fbaf22aee75fcbb29a2f97b107f95d25d3a19b7c3416105be10269872673e8d?s=96&d=mm&r=g","contentUrl":"https:\/\/secure.gravatar.com\/avatar\/1fbaf22aee75fcbb29a2f97b107f95d25d3a19b7c3416105be10269872673e8d?s=96&d=mm&r=g","caption":"admin"}}]}},"_links":{"self":[{"href":"https:\/\/www.elturistatranquil.com\/ca\/wp-json\/wp\/v2\/posts\/48989","targetHints":{"allow":["GET"]}}],"collection":[{"href":"https:\/\/www.elturistatranquil.com\/ca\/wp-json\/wp\/v2\/posts"}],"about":[{"href":"https:\/\/www.elturistatranquil.com\/ca\/wp-json\/wp\/v2\/types\/post"}],"author":[{"embeddable":true,"href":"https:\/\/www.elturistatranquil.com\/ca\/wp-json\/wp\/v2\/users\/1"}],"replies":[{"embeddable":true,"href":"https:\/\/www.elturistatranquil.com\/ca\/wp-json\/wp\/v2\/comments?post=48989"}],"version-history":[{"count":5,"href":"https:\/\/www.elturistatranquil.com\/ca\/wp-json\/wp\/v2\/posts\/48989\/revisions"}],"predecessor-version":[{"id":49033,"href":"https:\/\/www.elturistatranquil.com\/ca\/wp-json\/wp\/v2\/posts\/48989\/revisions\/49033"}],"wp:featuredmedia":[{"embeddable":true,"href":"https:\/\/www.elturistatranquil.com\/ca\/wp-json\/wp\/v2\/media\/48854"}],"wp:attachment":[{"href":"https:\/\/www.elturistatranquil.com\/ca\/wp-json\/wp\/v2\/media?parent=48989"}],"wp:term":[{"taxonomy":"category","embeddable":true,"href":"https:\/\/www.elturistatranquil.com\/ca\/wp-json\/wp\/v2\/categories?post=48989"},{"taxonomy":"post_tag","embeddable":true,"href":"https:\/\/www.elturistatranquil.com\/ca\/wp-json\/wp\/v2\/tags?post=48989"}],"curies":[{"name":"wp","href":"https:\/\/api.w.org\/{rel}","templated":true}]}}