{"id":49424,"date":"2023-09-30T11:59:50","date_gmt":"2023-09-30T09:59:50","guid":{"rendered":"https:\/\/www.elturistatranquil.com\/?p=49424"},"modified":"2023-10-06T11:32:08","modified_gmt":"2023-10-06T09:32:08","slug":"gosol-picasso-el-castell-i-lesglesia-de-santa-maria-del-castell-lleida","status":"publish","type":"post","link":"https:\/\/www.elturistatranquil.com\/ca\/gosol-picasso-el-castell-i-lesglesia-de-santa-maria-del-castell-lleida\/","title":{"rendered":"G\u00f3sol: Picasso, el castell i l\u2019esgl\u00e9sia de Santa Maria del Castell (Lleida)"},"content":{"rendered":"\t\t<div data-elementor-type=\"wp-post\" data-elementor-id=\"49424\" class=\"elementor elementor-49424 elementor-49047\" data-elementor-post-type=\"post\">\n\t\t\t\t\t\t<section class=\"elementor-section elementor-top-section elementor-element elementor-element-2638ab14 elementor-section-boxed elementor-section-height-default elementor-section-height-default\" data-id=\"2638ab14\" data-element_type=\"section\" data-e-type=\"section\">\n\t\t\t\t\t\t<div class=\"elementor-container elementor-column-gap-default\">\n\t\t\t\t\t<div class=\"elementor-column elementor-col-100 elementor-top-column elementor-element elementor-element-376ae5b0\" data-id=\"376ae5b0\" data-element_type=\"column\" data-e-type=\"column\">\n\t\t\t<div class=\"elementor-widget-wrap elementor-element-populated\">\n\t\t\t\t\t\t<section class=\"elementor-section elementor-inner-section elementor-element elementor-element-3ec6654f elementor-section-content-middle elementor-section-boxed elementor-section-height-default elementor-section-height-default\" data-id=\"3ec6654f\" data-element_type=\"section\" data-e-type=\"section\">\n\t\t\t\t\t\t<div class=\"elementor-container elementor-column-gap-default\">\n\t\t\t\t\t<div class=\"elementor-column elementor-col-100 elementor-inner-column elementor-element elementor-element-72a1803e\" data-id=\"72a1803e\" data-element_type=\"column\" data-e-type=\"column\">\n\t\t\t<div class=\"elementor-widget-wrap elementor-element-populated\">\n\t\t\t\t\t\t<div class=\"elementor-element elementor-element-7e1f24a4 elementor-widget elementor-widget-text-editor\" data-id=\"7e1f24a4\" data-element_type=\"widget\" data-e-type=\"widget\" data-widget_type=\"text-editor.default\">\n\t\t\t\t<div class=\"elementor-widget-container\">\n\t\t\t\t\t\t\t\t\t<p>Al petit poble de <em>G\u00f3sol<\/em>, a la comarca del Bergued\u00e0 lleidat\u00e0, ens situem als inicis de la Catalunya Vella de la Marca Hisp\u00e0nica -amb el castell i l\u2019esgl\u00e9sia rom\u00e0nica-, i al cor de la primera modernitat pict\u00f2rica a rel de l\u2019estada de Picasso l\u2019any 1906, reflectida al <em>Centre Picasso G\u00f3sol<\/em>.<\/p>\t\t\t\t\t\t\t\t<\/div>\n\t\t\t\t<\/div>\n\t\t\t\t\t<\/div>\n\t\t<\/div>\n\t\t\t\t\t<\/div>\n\t\t<\/section>\n\t\t\t\t<div class=\"elementor-element elementor-element-539f63e1 elementor-widget elementor-widget-heading\" data-id=\"539f63e1\" data-element_type=\"widget\" data-e-type=\"widget\" data-widget_type=\"heading.default\">\n\t\t\t\t<div class=\"elementor-widget-container\">\n\t\t\t\t\t<h1 class=\"elementor-heading-title elementor-size-default\">G\u00f3sol: Picasso, el castell i l\u2019esgl\u00e9sia de Santa Maria del Castell (Lleida)<\/h1>\t\t\t\t<\/div>\n\t\t\t\t<\/div>\n\t\t\t\t\t<\/div>\n\t\t<\/div>\n\t\t\t\t\t<\/div>\n\t\t<\/section>\n\t\t\t\t<section class=\"elementor-section elementor-top-section elementor-element elementor-element-594f3d0f elementor-section-boxed elementor-section-height-default elementor-section-height-default\" data-id=\"594f3d0f\" data-element_type=\"section\" data-e-type=\"section\">\n\t\t\t\t\t\t<div class=\"elementor-container elementor-column-gap-default\">\n\t\t\t\t\t<div class=\"elementor-column elementor-col-100 elementor-top-column elementor-element elementor-element-6963077f\" data-id=\"6963077f\" data-element_type=\"column\" data-e-type=\"column\">\n\t\t\t<div class=\"elementor-widget-wrap elementor-element-populated\">\n\t\t\t\t\t\t<div class=\"elementor-element elementor-element-56e8a8a9 elementor-widget elementor-widget-image\" data-id=\"56e8a8a9\" data-element_type=\"widget\" data-e-type=\"widget\" data-widget_type=\"image.default\">\n\t\t\t\t<div class=\"elementor-widget-container\">\n\t\t\t\t\t\t\t\t\t\t\t\t<figure class=\"wp-caption\">\n\t\t\t\t\t\t\t\t\t\t<img fetchpriority=\"high\" decoding=\"async\" width=\"768\" height=\"512\" src=\"https:\/\/www.elturistatranquil.com\/wp-content\/uploads\/F01-Gosol-Lleida-Google-earth-2023-09-11.jpg\" class=\"attachment-large size-large wp-image-49063\" alt=\"Gosol, Lleida (Google earth 2023-09-11)\" srcset=\"https:\/\/www.elturistatranquil.com\/wp-content\/uploads\/F01-Gosol-Lleida-Google-earth-2023-09-11.jpg 768w, https:\/\/www.elturistatranquil.com\/wp-content\/uploads\/F01-Gosol-Lleida-Google-earth-2023-09-11-339x226.jpg 339w\" sizes=\"(max-width: 768px) 100vw, 768px\" \/>\t\t\t\t\t\t\t\t\t\t\t<figcaption class=\"widget-image-caption wp-caption-text\">G\u00f3sol (Google earth 2023-09-11)<\/figcaption>\n\t\t\t\t\t\t\t\t\t\t<\/figure>\n\t\t\t\t\t\t\t\t\t<\/div>\n\t\t\t\t<\/div>\n\t\t\t\t<section class=\"elementor-section elementor-inner-section elementor-element elementor-element-729bf305 elementor-section-boxed elementor-section-height-default elementor-section-height-default\" data-id=\"729bf305\" data-element_type=\"section\" data-e-type=\"section\" data-settings=\"{&quot;background_background&quot;:&quot;classic&quot;}\">\n\t\t\t\t\t\t\t<div class=\"elementor-background-overlay\"><\/div>\n\t\t\t\t\t\t\t<div class=\"elementor-container elementor-column-gap-default\">\n\t\t\t\t\t<div class=\"elementor-column elementor-col-100 elementor-inner-column elementor-element elementor-element-7943ad12\" data-id=\"7943ad12\" data-element_type=\"column\" data-e-type=\"column\" data-settings=\"{&quot;background_background&quot;:&quot;classic&quot;}\">\n\t\t\t<div class=\"elementor-widget-wrap elementor-element-populated\">\n\t\t\t\t\t\t<div class=\"elementor-element elementor-element-2e28308e elementor-widget elementor-widget-text-editor\" data-id=\"2e28308e\" data-element_type=\"widget\" data-e-type=\"widget\" data-widget_type=\"text-editor.default\">\n\t\t\t\t<div class=\"elementor-widget-container\">\n\t\t\t\t\t\t\t\t\t<p>Comarca: Bergued\u00e0. Prov\u00edncia: Lleida. Com. Aut\u00f2noma: Catalunya<\/p><p>Coordenades: 42\u00b014\u203214\u2033N 1\u00b039\u203235\u2033E. Altitud: 1.423 msnm.\u00a0 Poblaci\u00f3: 233 habitants (2022)<\/p><p>Web: <a href=\"http:\/\/gosol.ddl.net\/gosol.php?n=E000000&amp;lg=1#\" target=\"_blank\" rel=\"noopener\">ajuntament<\/a><\/p><p><em>B\u00e9 d\u2019Inter\u00e8s Cultural (BIC)<\/em><\/p><p>Visita: 2021<\/p>\t\t\t\t\t\t\t\t<\/div>\n\t\t\t\t<\/div>\n\t\t\t\t\t<\/div>\n\t\t<\/div>\n\t\t\t\t\t<\/div>\n\t\t<\/section>\n\t\t\t\t<div class=\"elementor-element elementor-element-7662cac0 elementor-widget elementor-widget-image\" data-id=\"7662cac0\" data-element_type=\"widget\" data-e-type=\"widget\" data-widget_type=\"image.default\">\n\t\t\t\t<div class=\"elementor-widget-container\">\n\t\t\t\t\t\t\t\t\t\t\t\t<figure class=\"wp-caption\">\n\t\t\t\t\t\t\t\t\t\t<img decoding=\"async\" width=\"768\" height=\"512\" src=\"https:\/\/www.elturistatranquil.com\/wp-content\/uploads\/F02c-Mapa-de-situacio-de-Gosol-Lleida-Google-maps-2023-09-11.jpg\" class=\"attachment-medium_large size-medium_large wp-image-49429\" alt=\"Mapa de situacio de G\u00f3sol, Lleida (Google maps 2023-09-11)\" srcset=\"https:\/\/www.elturistatranquil.com\/wp-content\/uploads\/\/F02c-Mapa-de-situacio-de-Gosol-Lleida-Google-maps-2023-09-11.jpg 768w, https:\/\/www.elturistatranquil.com\/wp-content\/uploads\/\/F02c-Mapa-de-situacio-de-Gosol-Lleida-Google-maps-2023-09-11-339x226.jpg 339w\" sizes=\"(max-width: 768px) 100vw, 768px\" \/>\t\t\t\t\t\t\t\t\t\t\t<figcaption class=\"widget-image-caption wp-caption-text\">Mapa de situaci\u00f3 de G\u00f3sol (Google maps 2023-09-11)<\/figcaption>\n\t\t\t\t\t\t\t\t\t\t<\/figure>\n\t\t\t\t\t\t\t\t\t<\/div>\n\t\t\t\t<\/div>\n\t\t\t\t<div class=\"elementor-element elementor-element-19a157df elementor-widget elementor-widget-spacer\" data-id=\"19a157df\" data-element_type=\"widget\" data-e-type=\"widget\" data-widget_type=\"spacer.default\">\n\t\t\t\t<div class=\"elementor-widget-container\">\n\t\t\t\t\t\t\t<div class=\"elementor-spacer\">\n\t\t\t<div class=\"elementor-spacer-inner\"><\/div>\n\t\t<\/div>\n\t\t\t\t\t\t<\/div>\n\t\t\t\t<\/div>\n\t\t\t\t<div class=\"elementor-element elementor-element-27d6fc6b elementor-widget elementor-widget-menu-anchor\" data-id=\"27d6fc6b\" data-element_type=\"widget\" data-e-type=\"widget\" data-widget_type=\"menu-anchor.default\">\n\t\t\t\t<div class=\"elementor-widget-container\">\n\t\t\t\t\t\t\t<div class=\"elementor-menu-anchor\" id=\"a0101-EnlaceaunpuntodentrodelPost\"><\/div>\n\t\t\t\t\t\t<\/div>\n\t\t\t\t<\/div>\n\t\t\t\t<div class=\"elementor-element elementor-element-1c709882 elementor-toc--minimized-on-tablet elementor-widget elementor-widget-table-of-contents\" data-id=\"1c709882\" data-element_type=\"widget\" data-e-type=\"widget\" data-settings=\"{&quot;headings_by_tags&quot;:[&quot;h2&quot;,&quot;h3&quot;,&quot;h4&quot;],&quot;marker_view&quot;:&quot;bullets&quot;,&quot;icon&quot;:{&quot;value&quot;:&quot;&quot;,&quot;library&quot;:&quot;&quot;},&quot;no_headings_message&quot;:&quot;No s&#039;ha trobat cap encap\\u00e7alament en aquesta p\\u00e0gina.&quot;,&quot;minimize_box&quot;:&quot;yes&quot;,&quot;minimized_on&quot;:&quot;tablet&quot;,&quot;hierarchical_view&quot;:&quot;yes&quot;,&quot;min_height&quot;:{&quot;unit&quot;:&quot;px&quot;,&quot;size&quot;:&quot;&quot;,&quot;sizes&quot;:[]},&quot;min_height_tablet&quot;:{&quot;unit&quot;:&quot;px&quot;,&quot;size&quot;:&quot;&quot;,&quot;sizes&quot;:[]},&quot;min_height_mobile&quot;:{&quot;unit&quot;:&quot;px&quot;,&quot;size&quot;:&quot;&quot;,&quot;sizes&quot;:[]}}\" data-widget_type=\"table-of-contents.default\">\n\t\t\t\t<div class=\"elementor-widget-container\">\n\t\t\t\t\t\t\t\t\t<div class=\"elementor-toc__header\">\n\t\t\t\t\t\t<h4 class=\"elementor-toc__header-title\">\n\t\t\t\t\u00cdndex\t\t\t<\/h4>\n\t\t\t\t\t\t\t\t\t\t<div class=\"elementor-toc__toggle-button elementor-toc__toggle-button--expand\" role=\"button\" tabindex=\"0\" aria-controls=\"elementor-toc__1c709882\" aria-expanded=\"true\" aria-label=\"Open table of contents\"><i aria-hidden=\"true\" class=\"fas fa-chevron-down\"><\/i><\/div>\n\t\t\t\t<div class=\"elementor-toc__toggle-button elementor-toc__toggle-button--collapse\" role=\"button\" tabindex=\"0\" aria-controls=\"elementor-toc__1c709882\" aria-expanded=\"true\" aria-label=\"Close table of contents\"><i aria-hidden=\"true\" class=\"fas fa-chevron-up\"><\/i><\/div>\n\t\t\t\t\t<\/div>\n\t\t\t\t<div id=\"elementor-toc__1c709882\" class=\"elementor-toc__body\">\n\t\t\t<div class=\"elementor-toc__spinner-container\">\n\t\t\t\t<i class=\"elementor-toc__spinner eicon-animation-spin eicon-loading\" aria-hidden=\"true\"><\/i>\t\t\t<\/div>\n\t\t<\/div>\n\t\t\t\t\t\t<\/div>\n\t\t\t\t<\/div>\n\t\t\t\t<div class=\"elementor-element elementor-element-69fa44c1 elementor-widget elementor-widget-spacer\" data-id=\"69fa44c1\" data-element_type=\"widget\" data-e-type=\"widget\" data-widget_type=\"spacer.default\">\n\t\t\t\t<div class=\"elementor-widget-container\">\n\t\t\t\t\t\t\t<div class=\"elementor-spacer\">\n\t\t\t<div class=\"elementor-spacer-inner\"><\/div>\n\t\t<\/div>\n\t\t\t\t\t\t<\/div>\n\t\t\t\t<\/div>\n\t\t\t\t<div class=\"elementor-element elementor-element-435c113 elementor-widget elementor-widget-heading\" data-id=\"435c113\" data-element_type=\"widget\" data-e-type=\"widget\" data-widget_type=\"heading.default\">\n\t\t\t\t<div class=\"elementor-widget-container\">\n\t\t\t\t\t<h2 class=\"elementor-heading-title elementor-size-default\">G\u00f3sol: castell, esgl\u00e9sia i Picasso. Bergued\u00e0. Lleida<\/h2>\t\t\t\t<\/div>\n\t\t\t\t<\/div>\n\t\t\t\t<div class=\"elementor-element elementor-element-72b75de2 elementor-widget elementor-widget-text-editor\" data-id=\"72b75de2\" data-element_type=\"widget\" data-e-type=\"widget\" data-widget_type=\"text-editor.default\">\n\t\t\t\t<div class=\"elementor-widget-container\">\n\t\t\t\t\t\t\t\t\t<p>A <strong>G\u00f3sol<\/strong> ens trobem en una petita localitat, als peus de la Serra del Cad\u00ed, a la meridional del Prepirineu, i al costat del mass\u00eds del Pedraforca. Un de tants d\u2019aquells pobles de muntanya que podrien estar semi abandonats, o abandonats del tot, lluny dels circu\u00efts de comunicacions actuals.<\/p><p>Per\u00f2, en un moment determinat, en concret l\u2019any 1906, va ser tocada per la ma dels d\u00e9us, quan hi va arribar per passar-hi uns mesos un figura que despr\u00e9s esdevindria genial i mundialment famosa i que posaria G\u00f3sol en el mapa de l\u2019art, el pintor <strong>Pablo Ru\u00edz Picasso<\/strong> amb la seva companya <strong>Fernande Olivier<\/strong>.<\/p><p>El que va fer remarcable l\u2019estada de Picasso a G\u00f3sol es que es considera que aqu\u00ed es va produir en l\u2019artista una de les seves etapes de transformaci\u00f3, vinculant-lo definitivament a aquest lloc i projectant-lo en la hist\u00f2ria.<\/p><p>Al poble no s\u2019ha volgut oblidar aquest fet, dedicant a Picasso el <strong>Centre Picasso G\u00f3sol<\/strong>.<\/p>\t\t\t\t\t\t\t\t<\/div>\n\t\t\t\t<\/div>\n\t\t\t\t<div class=\"elementor-element elementor-element-652ad844 elementor-widget elementor-widget-heading\" data-id=\"652ad844\" data-element_type=\"widget\" data-e-type=\"widget\" data-widget_type=\"heading.default\">\n\t\t\t\t<div class=\"elementor-widget-container\">\n\t\t\t\t\t<h2 class=\"elementor-heading-title elementor-size-default\">El territori<\/h2>\t\t\t\t<\/div>\n\t\t\t\t<\/div>\n\t\t\t\t<div class=\"elementor-element elementor-element-d7bc4a3 elementor-widget elementor-widget-text-editor\" data-id=\"d7bc4a3\" data-element_type=\"widget\" data-e-type=\"widget\" data-widget_type=\"text-editor.default\">\n\t\t\t\t<div class=\"elementor-widget-container\">\n\t\t\t\t\t\t\t\t\t<p>Com sempre, suggereixo que relacionem la posici\u00f3 de G\u00f3sol al mapa de situaci\u00f3 del principi del text amb el conjunt de mapes que s\u2019ofereixen al\u00a0<em>Post\u00a0<\/em><a href=\"https:\/\/www.elturistatranquil.com\/ca\/estructures-territorials-a-lespanya-peninsular\/\" target=\"_blank\" rel=\"noopener\"><strong>Estructures territorials a l\u2019Espanya peninsular<\/strong><\/a>, podrem fer-nos una idea dels condicionants geogr\u00e0fics i hist\u00f2rics m\u00e9s rellevants als que es troba emmarcada.<\/p><p>Forma part de la comarca del Bergued\u00e0, per\u00f2 \u00e9s l\u2019\u00fanic municipi que est\u00e0 incl\u00f2s a la prov\u00edncia de Lleida.<\/p><p>Situat al fons de la vall, per\u00f2 no enclotat, amb orientaci\u00f3 a migdia, a una altitud de 1.423 msnm. Amb el castell i la vila vella sobre un pujol al fons de la vall.<\/p><p>Part del municipi esta integrat al <a href=\"https:\/\/www.catalunya.com\/parc-natural-del-cadi-moixero-17-17001-573532?language=ca\" target=\"_blank\" rel=\"noopener\"><strong>Parc Natural del Cad\u00ed-Moixer\u00f3<\/strong><\/a><strong>.<\/strong><\/p>\t\t\t\t\t\t\t\t<\/div>\n\t\t\t\t<\/div>\n\t\t\t\t<div class=\"elementor-element elementor-element-5b9aacc2 elementor-widget elementor-widget-image\" data-id=\"5b9aacc2\" data-element_type=\"widget\" data-e-type=\"widget\" data-widget_type=\"image.default\">\n\t\t\t\t<div class=\"elementor-widget-container\">\n\t\t\t\t\t\t\t\t\t\t\t\t<figure class=\"wp-caption\">\n\t\t\t\t\t\t\t\t\t\t<img decoding=\"async\" width=\"768\" height=\"512\" src=\"https:\/\/www.elturistatranquil.com\/wp-content\/uploads\/F03-Gosol-Lleida.jpg\" class=\"attachment-large size-large wp-image-49067\" alt=\"Gosol, Lleida\" srcset=\"https:\/\/www.elturistatranquil.com\/wp-content\/uploads\/F03-Gosol-Lleida.jpg 768w, https:\/\/www.elturistatranquil.com\/wp-content\/uploads\/F03-Gosol-Lleida-339x226.jpg 339w\" sizes=\"(max-width: 768px) 100vw, 768px\" \/>\t\t\t\t\t\t\t\t\t\t\t<figcaption class=\"widget-image-caption wp-caption-text\"><\/figcaption>\n\t\t\t\t\t\t\t\t\t\t<\/figure>\n\t\t\t\t\t\t\t\t\t<\/div>\n\t\t\t\t<\/div>\n\t\t\t\t<div class=\"elementor-element elementor-element-1ecb0ab elementor-widget elementor-widget-image\" data-id=\"1ecb0ab\" data-element_type=\"widget\" data-e-type=\"widget\" data-widget_type=\"image.default\">\n\t\t\t\t<div class=\"elementor-widget-container\">\n\t\t\t\t\t\t\t\t\t\t\t\t<figure class=\"wp-caption\">\n\t\t\t\t\t\t\t\t\t\t<img loading=\"lazy\" decoding=\"async\" width=\"768\" height=\"511\" src=\"https:\/\/www.elturistatranquil.com\/wp-content\/uploads\/F04-Gosol-Lleida.jpg\" class=\"attachment-large size-large wp-image-49069\" alt=\"Gosol, Lleida\" srcset=\"https:\/\/www.elturistatranquil.com\/wp-content\/uploads\/F04-Gosol-Lleida.jpg 768w, https:\/\/www.elturistatranquil.com\/wp-content\/uploads\/F04-Gosol-Lleida-339x226.jpg 339w\" sizes=\"(max-width: 768px) 100vw, 768px\" \/>\t\t\t\t\t\t\t\t\t\t\t<figcaption class=\"widget-image-caption wp-caption-text\"><\/figcaption>\n\t\t\t\t\t\t\t\t\t\t<\/figure>\n\t\t\t\t\t\t\t\t\t<\/div>\n\t\t\t\t<\/div>\n\t\t\t\t<div class=\"elementor-element elementor-element-53e5c30a elementor-widget elementor-widget-text-editor\" data-id=\"53e5c30a\" data-element_type=\"widget\" data-e-type=\"widget\" data-widget_type=\"text-editor.default\">\n\t\t\t\t<div class=\"elementor-widget-container\">\n\t\t\t\t\t\t\t\t\t<p>En la primera \u00e8poca medieval la posici\u00f3 de G\u00f3sol era important en els camins de la Marca Hisp\u00e0nica.<\/p><p>Un cam\u00ed ral portava de Berga a G\u00f3sol, passant per Peguera cap al coll de Ferr\u00fas i l&#8217;esgl\u00e9sia de Monner, cap a l&#8217;Espa, era un dels camins medievals m\u00e9s importants que sortien de Berga.<\/p><p>G\u00f3sol tamb\u00e9 es trobava en la ruta entre l\u2019Alt Urgell, passant per Tuix\u00e9n, fins a Bag\u00e0, que uniria amb Ripoll i, cap al nord, amb la Cerdanya. En tots el casos eren camins de bast\u00a0o\u00a0 de ferradura.<\/p><p>Les l\u00ednies blaves mostren sint\u00e8ticament aquets camins medievals, i la de color vermell avan\u00e7a el recorregut de l\u2019arribada i sortida de Picasso en la seva estada a G\u00f3sol.<\/p>\t\t\t\t\t\t\t\t<\/div>\n\t\t\t\t<\/div>\n\t\t\t\t<div class=\"elementor-element elementor-element-107a538 elementor-widget elementor-widget-image\" data-id=\"107a538\" data-element_type=\"widget\" data-e-type=\"widget\" data-widget_type=\"image.default\">\n\t\t\t\t<div class=\"elementor-widget-container\">\n\t\t\t\t\t\t\t\t\t\t\t\t<figure class=\"wp-caption\">\n\t\t\t\t\t\t\t\t\t\t<img loading=\"lazy\" decoding=\"async\" width=\"768\" height=\"512\" src=\"https:\/\/www.elturistatranquil.com\/wp-content\/uploads\/F05-Gosol-Lleida-Camins-medievals-i-Picasso-Google-maps-2023-09-29.jpg\" class=\"attachment-large size-large wp-image-49074\" alt=\"Gosol, Lleida, Camins medievals i Picasso (Google maps 2023-09-29)\" srcset=\"https:\/\/www.elturistatranquil.com\/wp-content\/uploads\/F05-Gosol-Lleida-Camins-medievals-i-Picasso-Google-maps-2023-09-29.jpg 768w, https:\/\/www.elturistatranquil.com\/wp-content\/uploads\/F05-Gosol-Lleida-Camins-medievals-i-Picasso-Google-maps-2023-09-29-339x226.jpg 339w\" sizes=\"(max-width: 768px) 100vw, 768px\" \/>\t\t\t\t\t\t\t\t\t\t\t<figcaption class=\"widget-image-caption wp-caption-text\">G\u00f3sol, Lleida, Camins medievals i recorregut de Picasso (Google maps 2023-09-29)<\/figcaption>\n\t\t\t\t\t\t\t\t\t\t<\/figure>\n\t\t\t\t\t\t\t\t\t<\/div>\n\t\t\t\t<\/div>\n\t\t\t\t<div class=\"elementor-element elementor-element-422fa4e elementor-widget elementor-widget-text-editor\" data-id=\"422fa4e\" data-element_type=\"widget\" data-e-type=\"widget\" data-widget_type=\"text-editor.default\">\n\t\t\t\t<div class=\"elementor-widget-container\">\n\t\t\t\t\t\t\t\t\t<p>A mitjan segle XIX va arribar a sobrepassar els 1.000 habitantes, amb una progesiva disminuci\u00f3 des de llavors fina a un m\u00ednim de 196 al 1981, de moment punt final cicle emigraci\u00f3. Els \u00faltims anys m\u00e9s o menys estable, una mica per sobre dels 200 censats (233 el 2022).<\/p><p>S\u00f3n curiosos, i a l\u2019hora interessants, alguns dels comentaris recollits al <a href=\"https:\/\/www.bibliotecavirtualdeandalucia.es\/catalogo\/es\/catalogo_imagenes\/grupo.do?path=1004949\" target=\"_blank\" rel=\"noopener\"><em>Diccionario Madoz<\/em><\/a>,\u00a0de l\u2019any 1847:<\/p><p>\u201c<em>Gosol (&#8230;) est\u00e1 SIT. al pie de un monte bastante elevado en un peque\u00f1o llano y rodeado de monta\u00f1as elevad\u00edsimas cubiertas de nieve; su posici\u00f3n la hace estar bien ventilada por lo que se disfruta de un CLIMA si bien excesivamente fr\u00edo, muy saludable; se compone la v. de 160 CASAS agrupadas en forma de pobl. y algunos cas. dispersos en la proximidad, con varias arruinadas que fueron quemadas por las tropas carlistas en la pasada guerra civil; todas ellas son por lo com\u00fan de uno y dos pisos, pero muy malas y feas\/y sin comodidades interiores, formando varias calles con una plaza en el centro de 190 palmos en cuadro, muy sucias y \u00e1 medio empedrar. (\u2026) <\/em><\/p><p><em>El TERRENO de mediana calidad y secano est\u00e1 cruzado por distintos cerros y barrancos con profundos valles, y circunvalado por montes elevados y \u00e1ridos entre ellos los llamados Grasolet, y el Vert: tiene sin embargo una campi\u00f1a de 1\/2hora de estension de E.\u00e1 O. sumamente deliciosa y f\u00e9rtil, y la parte llana seria mas productiva si no estuviese casi todo el a\u00f1o cubierto de nieve. (\u2026)<\/em><\/p><p><em>los CAMINOS en el peor estado por efecto de la escabrosidad del terreno son de herradura y de pueblo \u00e1 pueblo: hay un peat\u00f3n que va \u00e1 buscar una vez \u00e1 la semana la CORRESPONDENCIA \u00e1 San Lorenzo de Morunys con la sola gratificaci\u00f3n de un cuarto por carta, PROD.: trigo, centeno , legumbres y hortalizas en varios huertecitos tan ricas que se reputan por las mejores de la prov.; cria de ganado lanar, cabrio y vacuno; y caza de liebres y perdices, lobos y cabras monteses: los hab. se dedican \u00e1 hacer por trementina, aceite de ricino que estraen de los pinos , quesos esquisitos (\u2026)<\/em><\/p><p><em>\u201csiendo la agricultura la IND. principal; pero esta ocupa \u00e1 la mayor parte de las mujeres que se dedican \u00e1 tan penosas tareas, mientras que los maridos seducidos por la vida ociosa, viven muchos en la mas criminal holganza\u201d<\/em> (Tomo VIII)<\/p><p>La versi\u00f3 que dona <a href=\"https:\/\/www.raco.cat\/index.php\/Erol\/article\/download\/244920\/344237\" target=\"_blank\" rel=\"noopener\">J\u00e8ssica Jaques\u00a0<\/a>d\u2019aquest darrer paragraf\u00a0 \u00e9s una mica diferente: \u201c<em>A principis del segle XX, G\u00f3sol era un matriarcat (i continua sent-ho). Els homes en l\u2019edat de treballar eren en la seva majoria esquiladors, cardadors de llana, traginers o segadors, tots oficis itinerants. Els primers estaven fora des de Sant Miquel fins a Pasqua, els traginers sempre que hi havia ocasi\u00f3 i els segadors des de principis de juny fins el dia de Santa Margarida, el 20 de juliol, (\u2026) Entre els homes que no tenien oficis itinerants, la majoria eren b\u00e9 pagesos b\u00e9 contrabandistes, o b\u00e9 les dues coses a la vegada.<\/em>\u201d<\/p>\t\t\t\t\t\t\t\t<\/div>\n\t\t\t\t<\/div>\n\t\t\t\t<div class=\"elementor-element elementor-element-6a4bd6f elementor-widget elementor-widget-heading\" data-id=\"6a4bd6f\" data-element_type=\"widget\" data-e-type=\"widget\" data-widget_type=\"heading.default\">\n\t\t\t\t<div class=\"elementor-widget-container\">\n\t\t\t\t\t<h2 class=\"elementor-heading-title elementor-size-default\">Una mica d\u2019hist\u00f2ria<\/h2>\t\t\t\t<\/div>\n\t\t\t\t<\/div>\n\t\t\t\t<div class=\"elementor-element elementor-element-0d3a0b1 elementor-widget elementor-widget-text-editor\" data-id=\"0d3a0b1\" data-element_type=\"widget\" data-e-type=\"widget\" data-widget_type=\"text-editor.default\">\n\t\t\t\t<div class=\"elementor-widget-container\">\n\t\t\t\t\t\t\t\t\t<p>Des de finals del segle VIII i durant el segle IX els Francs ocupen les terres del Pirineu i Prepirineu, incloent l\u2019Alt Bergued\u00e0, constituint la Marca Hisp\u00e0nica. El Baix Bergued\u00e0 formaria part de la terra de frontera.<\/p><p>El poblament de les muntanyes prepirinenques s\u2019hauria realitzat per pagesos, que vivien en masies a\u00efllades, i que s\u2019aplegaven sota la protecci\u00f3 que oferia una parr\u00f2quia.<\/p><p>Malgrat que des de finals del segle IX i principis del segle X es troben les primeres not\u00edcies sobre els castells al Baix Bergued\u00e0, relacionats amb la repoblaci\u00f3 empresa pel comte Guifr\u00e9 el Pil\u00f3s, tot sembla indicar que el relleu accidentat de l\u2019Alt Bergued\u00e0 era la principal defensa dels petit nuclis d\u2019aquesta zona i que l\u2019estructura organitzativa era la parr\u00f2quia i la vall.<\/p><p>Al comtat de Berga, configurant l\u2019eix del riu Llobregat, es produeixen dos tipus d\u2019actuacions. Al sud, a la plana, s\u2019estableixen una s\u00e8rie de castells de funci\u00f3 defensiva d\u2019avant les incursions \u00e0rabs. Seran castells termenats amb estructures defensives m\u00e9s potents (en color taronge).<\/p><p>Al nord, a la franja muntanyosa de l\u2019Alt Bergued\u00e0, els castells s\u00f3n for\u00e7a tardans i, m\u00e9s concretament, es construeixen a partir del segle XI; aquest \u00e9s el cas del castell de G\u00f3sol, conjuntament amb els de Saldes, \u00a0l\u2019Esp\u00e0, F\u00edgols, Peguera, Rosset, la Portella i Vallcebre, entre d\u2019altres, i sobretot del segle XII. La seva funci\u00f3 m\u00e9s essencial era de control de les vies de comunicaci\u00f3 i de recapta d\u2019impostos. Aqu\u00ed \u00e9s on es situa G\u00f3sol, quasi en un cul de sac, sobre la via de comunicaci\u00f3 entre Ripoll, el Llobregat i la Seu d\u2019Urgell a l\u2019Alt Urgell, en un recorregut cl\u00e0ssic des d\u2019\u00e8poca romana. De fet, els camins romans es mantindran fins que arribi l\u2019asfalt ja al segle XX.<\/p><p>Molts d\u2019aquest castells de l\u2019Alt Bergued\u00e0 medievals no eren castells termenats (en color lila), sin\u00f3 torres de vigil\u00e0ncia que primer es constru\u00efen amb fusta i que, despr\u00e9s, es van bastir amb carreus.<\/p><p>El punt vermell correspon a G\u00f3sol, al l\u00edmit nord-occidental de la comarca.<\/p>\t\t\t\t\t\t\t\t<\/div>\n\t\t\t\t<\/div>\n\t\t\t\t<div class=\"elementor-element elementor-element-6798f65 elementor-widget elementor-widget-image\" data-id=\"6798f65\" data-element_type=\"widget\" data-e-type=\"widget\" data-widget_type=\"image.default\">\n\t\t\t\t<div class=\"elementor-widget-container\">\n\t\t\t\t\t\t\t\t\t\t\t\t<figure class=\"wp-caption\">\n\t\t\t\t\t\t\t\t\t\t<img loading=\"lazy\" decoding=\"async\" width=\"768\" height=\"513\" src=\"https:\/\/www.elturistatranquil.com\/wp-content\/uploads\/F06-Castells-Bergada-Google-maps-2023-09-15.jpg\" class=\"attachment-large size-large wp-image-49076\" alt=\"Castells Bergada (Google maps 2023-09-15)\" srcset=\"https:\/\/www.elturistatranquil.com\/wp-content\/uploads\/F06-Castells-Bergada-Google-maps-2023-09-15.jpg 768w, https:\/\/www.elturistatranquil.com\/wp-content\/uploads\/F06-Castells-Bergada-Google-maps-2023-09-15-339x226.jpg 339w\" sizes=\"(max-width: 768px) 100vw, 768px\" \/>\t\t\t\t\t\t\t\t\t\t\t<figcaption class=\"widget-image-caption wp-caption-text\"> (Google maps 2023-09-29)<\/figcaption>\n\t\t\t\t\t\t\t\t\t\t<\/figure>\n\t\t\t\t\t\t\t\t\t<\/div>\n\t\t\t\t<\/div>\n\t\t\t\t<div class=\"elementor-element elementor-element-db53096 elementor-widget elementor-widget-text-editor\" data-id=\"db53096\" data-element_type=\"widget\" data-e-type=\"widget\" data-widget_type=\"text-editor.default\">\n\t\t\t\t<div class=\"elementor-widget-container\">\n\t\t\t\t\t\t\t\t\t<p>Al voltant dels castells es van anar creant els primers \u201cbarris\u201d, nucli de poblament sota la protecci\u00f3 castral, que van ser protegits dins d\u2019un recinte murat, amb la pres\u00e8ncia d\u2019una esgl\u00e9sia.<\/p><p>Com a G\u00f3sol, cada vall disposava d\u2019una fortificaci\u00f3 castellera que l\u2019administrava i, alhora, defensava la poblaci\u00f3.<\/p><p>Amb el despla\u00e7ament de la frontera amb els musulmans cap al sud i la pacificaci\u00f3 del territori, els centres de decisi\u00f3 pol\u00edtic i econ\u00f2mic van passar a les ciutats i viles.<\/p><p>En general, a les terres prepirinenques, i en elles l\u2019Alt Bergued\u00e0, els castells van anar quedant abandonats entre els segles XIII-XV. L\u2019evoluci\u00f3 dels que es van mantenir va \u00a0quedar vinculada a la relaci\u00f3 i conflictes seculars entre les fam\u00edlies feudals del territori.<\/p><p>L\u2019abandonament va provocar la seva ru\u00efna, i era usual aprofitar el material dels murs i cobertes per bastir esgl\u00e9sies, masies, molins, ponts i tota mena de construccions.<\/p><p>Per tant, la import\u00e0ncia de G\u00f3sol cal situar-la a l\u2019alta Edat Mitjana, en el moment en que s\u2019est\u00e0 consolidant la Catalunya Nova. La primera refer\u00e8ncia documental de G\u00f3sol \u00e9s de l\u2019any 839. El castell \u00e9s citat al segle X i l\u2019esgl\u00e9sia hauria estat constru\u00efda al segle XI.<\/p><p>G\u00f3sol pertangu\u00e9 inicialment al\u00a0<em>pagus<\/em>\u00a0bergued\u00e0, per\u00f2 aviat pass\u00e0 als comtes de Cerdanya; pass\u00e0 despr\u00e9s, amb les restants possessions d\u2019aquests, al patrimoni dels comtes de Barcelona. Els uns i els altres infeudaren el castell de G\u00f3sol, com havien fet amb altres fortaleses, a la fam\u00edlia dels senyors de Pin\u00f3s, sortida al segle XI i cognomenada aix\u00ed d\u2019en\u00e7\u00e0 de Galceran (I) de Pin\u00f3s (segle XI, despr\u00e9s del 1117), del qual consta ja un jurament de fidelitat per diversos castells, entre els quals el de G\u00f3sol. En el de G\u00f3sol hi havia la fam\u00edlia Fortuny ocupant la dignitat de batlle.<\/p><p>Un moment destacat de la hist\u00f2ria de G\u00f3sol es produeix al segle XIII quan al pa\u00eds d\u2019Oc, al nord d\u2019aquestes muntanyes, s\u2019est\u00e9n el moviment c\u00e0tar dels \u201cbons homes\u201d. En la seva repressi\u00f3, el rei de Fran\u00e7a, amb l&#8217;excusa de combatre l\u2019heretgia, es va llan\u00e7ar a conquerir a sang i foc els comtats occitans, que llavors eren vassalls del rei catal\u00e0 Pere II, que mor\u00ed a la batalla de Moret defensant els seus vassalls. En la seva fugida, alguns nobles catalans els van acollir, malgrat que l\u2019Esgl\u00e9sia s&#8217;hi oposava.<\/p><p>A G\u00f3sol sembla que hi van predicar amb \u00e8xit perqu\u00e8 Galceran el Vell hagu\u00e9 de dirigir una petici\u00f3 a l\u2019arquebisbe de Tarragona, Benet de Rocabert\u00ed, per tal que alliber\u00e9s els 14 gosolans que tenia presos per heretges.<\/p><p>En record d\u2019aquests fets, G\u00f3sol est\u00e0 integrada en la ruta el <a href=\"https:\/\/www.camidelsbonshomes.com\/\" target=\"_blank\" rel=\"noopener\">Cam\u00ed dels Bons Homes (GR-107)<\/a><\/p><p>G\u00f3sol es va veure involucrada en diversos conflictes entre senyors feudals al segle XIII: amb Berga; amb el comte de Foix; i amb el rei Joan II.; aix\u00ed com contra els hugonots al segle XVI.<\/p><p>Al segle XVI, per enlla\u00e7os matrimonials propis de l\u2019\u00e8poca, va passar a mans del Ducado de Alba.<\/p><p>El poble actual comen\u00e7a a bastir-se a finals del segle XVIII, quan fou abandonat l&#8217;antic nucli.<\/p><p>G\u00f3sol tamb\u00e9 es va veure afectat per les Guerres Carlines del segle XIX. El <a href=\"https:\/\/www.youtube.com\/watch?v=vvnqbxdZPWo\" target=\"_blank\" rel=\"noopener\">fort\u00ed liberal<\/a> situat a la serra de la Muga, al tur\u00f3 nord-est de la vila, es considera que pertany a aquesta \u00e8poca i va ser refugi de la poblaci\u00f3 en els moment m\u00e9s dram\u00e0tics del conflicte, amb la crema del poble.<\/p>\t\t\t\t\t\t\t\t<\/div>\n\t\t\t\t<\/div>\n\t\t\t\t<div class=\"elementor-element elementor-element-5b8cfc2 elementor-widget elementor-widget-heading\" data-id=\"5b8cfc2\" data-element_type=\"widget\" data-e-type=\"widget\" data-widget_type=\"heading.default\">\n\t\t\t\t<div class=\"elementor-widget-container\">\n\t\t\t\t\t<h2 class=\"elementor-heading-title elementor-size-default\">La visita a G\u00f3sol<\/h2>\t\t\t\t<\/div>\n\t\t\t\t<\/div>\n\t\t\t\t<div class=\"elementor-element elementor-element-76c239e elementor-widget elementor-widget-text-editor\" data-id=\"76c239e\" data-element_type=\"widget\" data-e-type=\"widget\" data-widget_type=\"text-editor.default\">\n\t\t\t\t<div class=\"elementor-widget-container\">\n\t\t\t\t\t\t\t\t\t<p>La vista a\u00e8ria de G\u00f3sol en mostra els tres indrets que configuren la seva estructura territorial.<\/p><p>Al sud, un pujol quasi el\u00b7l\u00edptic, en el cim del qual s\u2019assenta el castell i les muralles que encerclaven la vila vella. Aquesta zona, delimitada en color vermell \u00e9s actualment un conjunt de ru\u00efnes. A la falda nord d\u2019aquest pujol s\u2019est\u00e9n el raval seguint el carrer de la Canal que porta al castell des de la pla\u00e7a Major..<\/p><p>Al fons de la vall l\u2019actual centre urb\u00e0 al voltant de la pla\u00e7a Major. Aqu\u00ed trobem l\u2019edifici de l\u2019ajuntament i l\u2019esgl\u00e9sia parroquial nova.<\/p><p>Enfilant-se per la falda del costat de llevant de la vall (per la serra de la Muga), s\u2019est\u00e9n un nucli de cases populars, les quals, vistes des del castell, configuren la imatge m\u00e9s tradicional de G\u00f3sol. Al cim es troba la muralla d\u2019\u00e8poca carlina.<\/p><p>Al nord, seguint la carretera que porta al <strong>Coll de Josa<\/strong>, (com es por veure a la fotografia d\u2019encap\u00e7alament d\u2019aquest <em>post<\/em>) s\u2019han expandit les edificacions de segona residencia i tur\u00edstiques constru\u00efdes els darrers anys, on dominen les fileres de cases adossades d\u2019arquitectura neo-tradicional.<\/p>\t\t\t\t\t\t\t\t<\/div>\n\t\t\t\t<\/div>\n\t\t\t\t<div class=\"elementor-element elementor-element-3138b9f elementor-widget elementor-widget-image\" data-id=\"3138b9f\" data-element_type=\"widget\" data-e-type=\"widget\" data-widget_type=\"image.default\">\n\t\t\t\t<div class=\"elementor-widget-container\">\n\t\t\t\t\t\t\t\t\t\t\t\t<figure class=\"wp-caption\">\n\t\t\t\t\t\t\t\t\t\t<img loading=\"lazy\" decoding=\"async\" width=\"768\" height=\"512\" src=\"https:\/\/www.elturistatranquil.com\/wp-content\/uploads\/F07-Gosol-Lleida-Google-earth-2023-09-18.jpg\" class=\"attachment-large size-large wp-image-49078\" alt=\"Gosol, Lleida (Google earth 2023-09-18)\" srcset=\"https:\/\/www.elturistatranquil.com\/wp-content\/uploads\/F07-Gosol-Lleida-Google-earth-2023-09-18.jpg 768w, https:\/\/www.elturistatranquil.com\/wp-content\/uploads\/F07-Gosol-Lleida-Google-earth-2023-09-18-339x226.jpg 339w\" sizes=\"(max-width: 768px) 100vw, 768px\" \/>\t\t\t\t\t\t\t\t\t\t\t<figcaption class=\"widget-image-caption wp-caption-text\">(Google earth 2023-09-18)<\/figcaption>\n\t\t\t\t\t\t\t\t\t\t<\/figure>\n\t\t\t\t\t\t\t\t\t<\/div>\n\t\t\t\t<\/div>\n\t\t\t\t<div class=\"elementor-element elementor-element-22243d9a elementor-widget elementor-widget-heading\" data-id=\"22243d9a\" data-element_type=\"widget\" data-e-type=\"widget\" data-widget_type=\"heading.default\">\n\t\t\t\t<div class=\"elementor-widget-container\">\n\t\t\t\t\t<h3 class=\"elementor-heading-title elementor-size-default\">Arribada a G\u00f3sol<\/h3>\t\t\t\t<\/div>\n\t\t\t\t<\/div>\n\t\t\t\t<div class=\"elementor-element elementor-element-0a9f6dc elementor-widget elementor-widget-text-editor\" data-id=\"0a9f6dc\" data-element_type=\"widget\" data-e-type=\"widget\" data-widget_type=\"text-editor.default\">\n\t\t\t\t<div class=\"elementor-widget-container\">\n\t\t\t\t\t\t\t\t\t<p>A l\u2019entrada de la poblaci\u00f3 hi ha condicionat un ampli aparcament.<\/p>\t\t\t\t\t\t\t\t<\/div>\n\t\t\t\t<\/div>\n\t\t\t\t<div class=\"elementor-element elementor-element-47d648f elementor-widget elementor-widget-heading\" data-id=\"47d648f\" data-element_type=\"widget\" data-e-type=\"widget\" data-widget_type=\"heading.default\">\n\t\t\t\t<div class=\"elementor-widget-container\">\n\t\t\t\t\t<h5 class=\"elementor-heading-title elementor-size-default\">Monument del Segador<\/h5>\t\t\t\t<\/div>\n\t\t\t\t<\/div>\n\t\t\t\t<div class=\"elementor-element elementor-element-d916a39 elementor-widget elementor-widget-text-editor\" data-id=\"d916a39\" data-element_type=\"widget\" data-e-type=\"widget\" data-widget_type=\"text-editor.default\">\n\t\t\t\t<div class=\"elementor-widget-container\">\n\t\t\t\t\t\t\t\t\t<p>Al mig de la rotonda d\u2019entrada al poble ens dona la benvinguda una <strong>escultura dedicada al segador<\/strong>, obra de l\u2019escultor Ricard Garriga.<\/p>\t\t\t\t\t\t\t\t<\/div>\n\t\t\t\t<\/div>\n\t\t\t\t<div class=\"elementor-element elementor-element-a50153c elementor-widget elementor-widget-image\" data-id=\"a50153c\" data-element_type=\"widget\" data-e-type=\"widget\" data-widget_type=\"image.default\">\n\t\t\t\t<div class=\"elementor-widget-container\">\n\t\t\t\t\t\t\t\t\t\t\t\t<figure class=\"wp-caption\">\n\t\t\t\t\t\t\t\t\t\t<img loading=\"lazy\" decoding=\"async\" width=\"768\" height=\"511\" src=\"https:\/\/www.elturistatranquil.com\/wp-content\/uploads\/F08-Gosol-Lleida.-El-segador.jpg\" class=\"attachment-large size-large wp-image-49080\" alt=\"Gosol, Lleida. El segador\" srcset=\"https:\/\/www.elturistatranquil.com\/wp-content\/uploads\/F08-Gosol-Lleida.-El-segador.jpg 768w, https:\/\/www.elturistatranquil.com\/wp-content\/uploads\/F08-Gosol-Lleida.-El-segador-339x226.jpg 339w\" sizes=\"(max-width: 768px) 100vw, 768px\" \/>\t\t\t\t\t\t\t\t\t\t\t<figcaption class=\"widget-image-caption wp-caption-text\"><\/figcaption>\n\t\t\t\t\t\t\t\t\t\t<\/figure>\n\t\t\t\t\t\t\t\t\t<\/div>\n\t\t\t\t<\/div>\n\t\t\t\t<div class=\"elementor-element elementor-element-40830cf elementor-widget elementor-widget-text-editor\" data-id=\"40830cf\" data-element_type=\"widget\" data-e-type=\"widget\" data-widget_type=\"text-editor.default\">\n\t\t\t\t<div class=\"elementor-widget-container\">\n\t\t\t\t\t\t\t\t\t<p>Tamb\u00e9 visualitzem una perspectiva del costat de llevant de G\u00f3sol, part constru\u00efda des del segle XVIII.<\/p>\t\t\t\t\t\t\t\t<\/div>\n\t\t\t\t<\/div>\n\t\t\t\t<div class=\"elementor-element elementor-element-7ec67e6 elementor-widget elementor-widget-image\" data-id=\"7ec67e6\" data-element_type=\"widget\" data-e-type=\"widget\" data-widget_type=\"image.default\">\n\t\t\t\t<div class=\"elementor-widget-container\">\n\t\t\t\t\t\t\t\t\t\t\t\t<figure class=\"wp-caption\">\n\t\t\t\t\t\t\t\t\t\t<img loading=\"lazy\" decoding=\"async\" width=\"768\" height=\"512\" src=\"https:\/\/www.elturistatranquil.com\/wp-content\/uploads\/F09-Gosol-Lleida.jpg\" class=\"attachment-large size-large wp-image-49082\" alt=\"Gosol, Lleida\" srcset=\"https:\/\/www.elturistatranquil.com\/wp-content\/uploads\/F09-Gosol-Lleida.jpg 768w, https:\/\/www.elturistatranquil.com\/wp-content\/uploads\/F09-Gosol-Lleida-339x226.jpg 339w\" sizes=\"(max-width: 768px) 100vw, 768px\" \/>\t\t\t\t\t\t\t\t\t\t\t<figcaption class=\"widget-image-caption wp-caption-text\"><\/figcaption>\n\t\t\t\t\t\t\t\t\t\t<\/figure>\n\t\t\t\t\t\t\t\t\t<\/div>\n\t\t\t\t<\/div>\n\t\t\t\t<div class=\"elementor-element elementor-element-69396ff elementor-widget elementor-widget-text-editor\" data-id=\"69396ff\" data-element_type=\"widget\" data-e-type=\"widget\" data-widget_type=\"text-editor.default\">\n\t\t\t\t<div class=\"elementor-widget-container\">\n\t\t\t\t\t\t\t\t\t<p>El recorregut pel tram urb\u00e0 de la <strong>B-400<\/strong> fins a la <strong>pla\u00e7a Major <\/strong>mostra edificacions tradicional renovades i l\u2019entrada a l\u2019<strong>esgl\u00e9sia parroquial de Santa Maria<\/strong>, consagrada l\u2019any 1892.<\/p>\t\t\t\t\t\t\t\t<\/div>\n\t\t\t\t<\/div>\n\t\t\t\t<div class=\"elementor-element elementor-element-3b164da elementor-widget elementor-widget-image\" data-id=\"3b164da\" data-element_type=\"widget\" data-e-type=\"widget\" data-widget_type=\"image.default\">\n\t\t\t\t<div class=\"elementor-widget-container\">\n\t\t\t\t\t\t\t\t\t\t\t\t<figure class=\"wp-caption\">\n\t\t\t\t\t\t\t\t\t\t<img loading=\"lazy\" decoding=\"async\" width=\"768\" height=\"511\" src=\"https:\/\/www.elturistatranquil.com\/wp-content\/uploads\/F10-Gosol-Lleida.jpg\" class=\"attachment-large size-large wp-image-49084\" alt=\"Gosol, Lleida\" srcset=\"https:\/\/www.elturistatranquil.com\/wp-content\/uploads\/F10-Gosol-Lleida.jpg 768w, https:\/\/www.elturistatranquil.com\/wp-content\/uploads\/F10-Gosol-Lleida-339x226.jpg 339w\" sizes=\"(max-width: 768px) 100vw, 768px\" \/>\t\t\t\t\t\t\t\t\t\t\t<figcaption class=\"widget-image-caption wp-caption-text\"><\/figcaption>\n\t\t\t\t\t\t\t\t\t\t<\/figure>\n\t\t\t\t\t\t\t\t\t<\/div>\n\t\t\t\t<\/div>\n\t\t\t\t<div class=\"elementor-element elementor-element-72c1c0c elementor-widget elementor-widget-image\" data-id=\"72c1c0c\" data-element_type=\"widget\" data-e-type=\"widget\" data-widget_type=\"image.default\">\n\t\t\t\t<div class=\"elementor-widget-container\">\n\t\t\t\t\t\t\t\t\t\t\t\t<figure class=\"wp-caption\">\n\t\t\t\t\t\t\t\t\t\t<img loading=\"lazy\" decoding=\"async\" width=\"768\" height=\"511\" src=\"https:\/\/www.elturistatranquil.com\/wp-content\/uploads\/F11-Gosol-Lleida.jpg\" class=\"attachment-large size-large wp-image-49086\" alt=\"Gosol, Lleida\" srcset=\"https:\/\/www.elturistatranquil.com\/wp-content\/uploads\/F11-Gosol-Lleida.jpg 768w, https:\/\/www.elturistatranquil.com\/wp-content\/uploads\/F11-Gosol-Lleida-339x226.jpg 339w\" sizes=\"(max-width: 768px) 100vw, 768px\" \/>\t\t\t\t\t\t\t\t\t\t\t<figcaption class=\"widget-image-caption wp-caption-text\"><\/figcaption>\n\t\t\t\t\t\t\t\t\t\t<\/figure>\n\t\t\t\t\t\t\t\t\t<\/div>\n\t\t\t\t<\/div>\n\t\t\t\t<div class=\"elementor-element elementor-element-e26efef elementor-widget elementor-widget-image\" data-id=\"e26efef\" data-element_type=\"widget\" data-e-type=\"widget\" data-widget_type=\"image.default\">\n\t\t\t\t<div class=\"elementor-widget-container\">\n\t\t\t\t\t\t\t\t\t\t\t\t<figure class=\"wp-caption\">\n\t\t\t\t\t\t\t\t\t\t<img loading=\"lazy\" decoding=\"async\" width=\"768\" height=\"511\" src=\"https:\/\/www.elturistatranquil.com\/wp-content\/uploads\/F12-Gosol-Lleida.jpg\" class=\"attachment-large size-large wp-image-49091\" alt=\"Gosol, Lleida\" srcset=\"https:\/\/www.elturistatranquil.com\/wp-content\/uploads\/F12-Gosol-Lleida.jpg 768w, https:\/\/www.elturistatranquil.com\/wp-content\/uploads\/F12-Gosol-Lleida-339x226.jpg 339w\" sizes=\"(max-width: 768px) 100vw, 768px\" \/>\t\t\t\t\t\t\t\t\t\t\t<figcaption class=\"widget-image-caption wp-caption-text\"><\/figcaption>\n\t\t\t\t\t\t\t\t\t\t<\/figure>\n\t\t\t\t\t\t\t\t\t<\/div>\n\t\t\t\t<\/div>\n\t\t\t\t<div class=\"elementor-element elementor-element-b8f9bed elementor-widget elementor-widget-heading\" data-id=\"b8f9bed\" data-element_type=\"widget\" data-e-type=\"widget\" data-widget_type=\"heading.default\">\n\t\t\t\t<div class=\"elementor-widget-container\">\n\t\t\t\t\t<h5 class=\"elementor-heading-title elementor-size-default\">Escultura La dona dels pans<\/h5>\t\t\t\t<\/div>\n\t\t\t\t<\/div>\n\t\t\t\t<div class=\"elementor-element elementor-element-63ee41a elementor-widget elementor-widget-text-editor\" data-id=\"63ee41a\" data-element_type=\"widget\" data-e-type=\"widget\" data-widget_type=\"text-editor.default\">\n\t\t\t\t<div class=\"elementor-widget-container\">\n\t\t\t\t\t\t\t\t\t<p>A la <strong>pla\u00e7a Major<\/strong>, tenim un primer contacte de la presencia de Picasso a G\u00f3sol. Al centre de la pla\u00e7a hi ha una escultura realitzada a partir del quadre de <strong>La dona dels pans<\/strong> de Picasso, obra de l\u2019escultor \u00a0Josep Ricard Chaparral. Em pregunto si l\u2019hi agradaria a Picasso aquesta interpretaci\u00f3 escult\u00f2rica del seu quadre.<\/p>\t\t\t\t\t\t\t\t<\/div>\n\t\t\t\t<\/div>\n\t\t\t\t<div class=\"elementor-element elementor-element-1b0fa1f elementor-widget elementor-widget-image\" data-id=\"1b0fa1f\" data-element_type=\"widget\" data-e-type=\"widget\" data-widget_type=\"image.default\">\n\t\t\t\t<div class=\"elementor-widget-container\">\n\t\t\t\t\t\t\t\t\t\t\t\t<figure class=\"wp-caption\">\n\t\t\t\t\t\t\t\t\t\t<img loading=\"lazy\" decoding=\"async\" width=\"768\" height=\"512\" src=\"https:\/\/www.elturistatranquil.com\/wp-content\/uploads\/F13-La-dona-dels-pans-Gosol-Lleida.jpg\" class=\"attachment-large size-large wp-image-49093\" alt=\"La dona dels pans, Gosol, Lleida\" srcset=\"https:\/\/www.elturistatranquil.com\/wp-content\/uploads\/F13-La-dona-dels-pans-Gosol-Lleida.jpg 768w, https:\/\/www.elturistatranquil.com\/wp-content\/uploads\/F13-La-dona-dels-pans-Gosol-Lleida-339x226.jpg 339w\" sizes=\"(max-width: 768px) 100vw, 768px\" \/>\t\t\t\t\t\t\t\t\t\t\t<figcaption class=\"widget-image-caption wp-caption-text\"><\/figcaption>\n\t\t\t\t\t\t\t\t\t\t<\/figure>\n\t\t\t\t\t\t\t\t\t<\/div>\n\t\t\t\t<\/div>\n\t\t\t\t<div class=\"elementor-element elementor-element-ccc4f04 elementor-widget elementor-widget-text-editor\" data-id=\"ccc4f04\" data-element_type=\"widget\" data-e-type=\"widget\" data-widget_type=\"text-editor.default\">\n\t\t\t\t<div class=\"elementor-widget-container\">\n\t\t\t\t\t\t\t\t\t<p>Al costat de llevant de la pla\u00e7a l\u2019 <strong>edifici de l\u2019Ajuntament<\/strong> i annex el <strong>Centre Picasso G\u00f3sol<\/strong>.<\/p>\t\t\t\t\t\t\t\t<\/div>\n\t\t\t\t<\/div>\n\t\t\t\t<div class=\"elementor-element elementor-element-fc3216e elementor-widget elementor-widget-image\" data-id=\"fc3216e\" data-element_type=\"widget\" data-e-type=\"widget\" data-widget_type=\"image.default\">\n\t\t\t\t<div class=\"elementor-widget-container\">\n\t\t\t\t\t\t\t\t\t\t\t\t<figure class=\"wp-caption\">\n\t\t\t\t\t\t\t\t\t\t<img loading=\"lazy\" decoding=\"async\" width=\"768\" height=\"511\" src=\"https:\/\/www.elturistatranquil.com\/wp-content\/uploads\/F14-Gosol-Lleida.jpg\" class=\"attachment-large size-large wp-image-49095\" alt=\"\" srcset=\"https:\/\/www.elturistatranquil.com\/wp-content\/uploads\/F14-Gosol-Lleida.jpg 768w, https:\/\/www.elturistatranquil.com\/wp-content\/uploads\/F14-Gosol-Lleida-339x226.jpg 339w\" sizes=\"(max-width: 768px) 100vw, 768px\" \/>\t\t\t\t\t\t\t\t\t\t\t<figcaption class=\"widget-image-caption wp-caption-text\"><\/figcaption>\n\t\t\t\t\t\t\t\t\t\t<\/figure>\n\t\t\t\t\t\t\t\t\t<\/div>\n\t\t\t\t<\/div>\n\t\t\t\t<div class=\"elementor-element elementor-element-000fb86 elementor-widget elementor-widget-heading\" data-id=\"000fb86\" data-element_type=\"widget\" data-e-type=\"widget\" data-widget_type=\"heading.default\">\n\t\t\t\t<div class=\"elementor-widget-container\">\n\t\t\t\t\t<h3 class=\"elementor-heading-title elementor-size-default\">Carrer de la Canal i arquitectura popular<\/h3>\t\t\t\t<\/div>\n\t\t\t\t<\/div>\n\t\t\t\t<div class=\"elementor-element elementor-element-8a446db elementor-widget elementor-widget-text-editor\" data-id=\"8a446db\" data-element_type=\"widget\" data-e-type=\"widget\" data-widget_type=\"text-editor.default\">\n\t\t\t\t<div class=\"elementor-widget-container\">\n\t\t\t\t\t\t\t\t\t<p>A l\u2019altre costat, el <strong>carrer de la Canal<\/strong>, que \u00e9s el cam\u00ed del castell.<\/p>\t\t\t\t\t\t\t\t<\/div>\n\t\t\t\t<\/div>\n\t\t\t\t<div class=\"elementor-element elementor-element-d3b1a99 elementor-widget elementor-widget-image\" data-id=\"d3b1a99\" data-element_type=\"widget\" data-e-type=\"widget\" data-widget_type=\"image.default\">\n\t\t\t\t<div class=\"elementor-widget-container\">\n\t\t\t\t\t\t\t\t\t\t\t\t<figure class=\"wp-caption\">\n\t\t\t\t\t\t\t\t\t\t<img loading=\"lazy\" decoding=\"async\" width=\"768\" height=\"511\" src=\"https:\/\/www.elturistatranquil.com\/wp-content\/uploads\/F15-Gosol-Lleida.jpg\" class=\"attachment-large size-large wp-image-49097\" alt=\"Gosol, Lleida\" srcset=\"https:\/\/www.elturistatranquil.com\/wp-content\/uploads\/F15-Gosol-Lleida.jpg 768w, https:\/\/www.elturistatranquil.com\/wp-content\/uploads\/F15-Gosol-Lleida-339x226.jpg 339w\" sizes=\"(max-width: 768px) 100vw, 768px\" \/>\t\t\t\t\t\t\t\t\t\t\t<figcaption class=\"widget-image-caption wp-caption-text\"><\/figcaption>\n\t\t\t\t\t\t\t\t\t\t<\/figure>\n\t\t\t\t\t\t\t\t\t<\/div>\n\t\t\t\t<\/div>\n\t\t\t\t<div class=\"elementor-element elementor-element-267761b elementor-widget elementor-widget-text-editor\" data-id=\"267761b\" data-element_type=\"widget\" data-e-type=\"widget\" data-widget_type=\"text-editor.default\">\n\t\t\t\t<div class=\"elementor-widget-container\">\n\t\t\t\t\t\t\t\t\t<p>Al carrer hi podrem veure cases t\u00edpiques gosolanes, amb elements decoratius de ferrers i artesans.<\/p>\t\t\t\t\t\t\t\t<\/div>\n\t\t\t\t<\/div>\n\t\t\t\t<div class=\"elementor-element elementor-element-93f20e3 elementor-widget elementor-widget-image\" data-id=\"93f20e3\" data-element_type=\"widget\" data-e-type=\"widget\" data-widget_type=\"image.default\">\n\t\t\t\t<div class=\"elementor-widget-container\">\n\t\t\t\t\t\t\t\t\t\t\t\t<figure class=\"wp-caption\">\n\t\t\t\t\t\t\t\t\t\t<img loading=\"lazy\" decoding=\"async\" width=\"768\" height=\"511\" src=\"https:\/\/www.elturistatranquil.com\/wp-content\/uploads\/F16-Gosol-Lleida.jpg\" class=\"attachment-large size-large wp-image-49102\" alt=\"Gosol, Lleida\" srcset=\"https:\/\/www.elturistatranquil.com\/wp-content\/uploads\/F16-Gosol-Lleida.jpg 768w, https:\/\/www.elturistatranquil.com\/wp-content\/uploads\/F16-Gosol-Lleida-339x226.jpg 339w\" sizes=\"(max-width: 768px) 100vw, 768px\" \/>\t\t\t\t\t\t\t\t\t\t\t<figcaption class=\"widget-image-caption wp-caption-text\"><\/figcaption>\n\t\t\t\t\t\t\t\t\t\t<\/figure>\n\t\t\t\t\t\t\t\t\t<\/div>\n\t\t\t\t<\/div>\n\t\t\t\t<div class=\"elementor-element elementor-element-f4d3d3f elementor-widget elementor-widget-image\" data-id=\"f4d3d3f\" data-element_type=\"widget\" data-e-type=\"widget\" data-widget_type=\"image.default\">\n\t\t\t\t<div class=\"elementor-widget-container\">\n\t\t\t\t\t\t\t\t\t\t\t\t<figure class=\"wp-caption\">\n\t\t\t\t\t\t\t\t\t\t<img loading=\"lazy\" decoding=\"async\" width=\"768\" height=\"511\" src=\"https:\/\/www.elturistatranquil.com\/wp-content\/uploads\/F18-Gosol-Lleida.jpg\" class=\"attachment-large size-large wp-image-49104\" alt=\"Gosol, Lleida\" srcset=\"https:\/\/www.elturistatranquil.com\/wp-content\/uploads\/F18-Gosol-Lleida.jpg 768w, https:\/\/www.elturistatranquil.com\/wp-content\/uploads\/F18-Gosol-Lleida-339x226.jpg 339w\" sizes=\"(max-width: 768px) 100vw, 768px\" \/>\t\t\t\t\t\t\t\t\t\t\t<figcaption class=\"widget-image-caption wp-caption-text\"><\/figcaption>\n\t\t\t\t\t\t\t\t\t\t<\/figure>\n\t\t\t\t\t\t\t\t\t<\/div>\n\t\t\t\t<\/div>\n\t\t\t\t<div class=\"elementor-element elementor-element-f808c3d elementor-widget elementor-widget-image\" data-id=\"f808c3d\" data-element_type=\"widget\" data-e-type=\"widget\" data-widget_type=\"image.default\">\n\t\t\t\t<div class=\"elementor-widget-container\">\n\t\t\t\t\t\t\t\t\t\t\t\t<figure class=\"wp-caption\">\n\t\t\t\t\t\t\t\t\t\t<img loading=\"lazy\" decoding=\"async\" width=\"768\" height=\"512\" src=\"https:\/\/www.elturistatranquil.com\/wp-content\/uploads\/F19-Gosol-Lleida.jpg\" class=\"attachment-large size-large wp-image-49106\" alt=\"Gosol, Lleida\" srcset=\"https:\/\/www.elturistatranquil.com\/wp-content\/uploads\/F19-Gosol-Lleida.jpg 768w, https:\/\/www.elturistatranquil.com\/wp-content\/uploads\/F19-Gosol-Lleida-339x226.jpg 339w\" sizes=\"(max-width: 768px) 100vw, 768px\" \/>\t\t\t\t\t\t\t\t\t\t\t<figcaption class=\"widget-image-caption wp-caption-text\"><\/figcaption>\n\t\t\t\t\t\t\t\t\t\t<\/figure>\n\t\t\t\t\t\t\t\t\t<\/div>\n\t\t\t\t<\/div>\n\t\t\t\t<div class=\"elementor-element elementor-element-b802add elementor-widget elementor-widget-image\" data-id=\"b802add\" data-element_type=\"widget\" data-e-type=\"widget\" data-widget_type=\"image.default\">\n\t\t\t\t<div class=\"elementor-widget-container\">\n\t\t\t\t\t\t\t\t\t\t\t\t<figure class=\"wp-caption\">\n\t\t\t\t\t\t\t\t\t\t<img loading=\"lazy\" decoding=\"async\" width=\"768\" height=\"511\" src=\"https:\/\/www.elturistatranquil.com\/wp-content\/uploads\/F20-Gosol-Lleida.jpg\" class=\"attachment-large size-large wp-image-49111\" alt=\"Gosol, Lleida\" srcset=\"https:\/\/www.elturistatranquil.com\/wp-content\/uploads\/F20-Gosol-Lleida.jpg 768w, https:\/\/www.elturistatranquil.com\/wp-content\/uploads\/F20-Gosol-Lleida-339x226.jpg 339w\" sizes=\"(max-width: 768px) 100vw, 768px\" \/>\t\t\t\t\t\t\t\t\t\t\t<figcaption class=\"widget-image-caption wp-caption-text\"><\/figcaption>\n\t\t\t\t\t\t\t\t\t\t<\/figure>\n\t\t\t\t\t\t\t\t\t<\/div>\n\t\t\t\t<\/div>\n\t\t\t\t<section class=\"elementor-section elementor-inner-section elementor-element elementor-element-a9b03ce elementor-section-boxed elementor-section-height-default elementor-section-height-default\" data-id=\"a9b03ce\" data-element_type=\"section\" data-e-type=\"section\">\n\t\t\t\t\t\t<div class=\"elementor-container elementor-column-gap-default\">\n\t\t\t\t\t<div class=\"elementor-column elementor-col-50 elementor-inner-column elementor-element elementor-element-8657552\" data-id=\"8657552\" data-element_type=\"column\" data-e-type=\"column\">\n\t\t\t<div class=\"elementor-widget-wrap elementor-element-populated\">\n\t\t\t\t\t\t<div class=\"elementor-element elementor-element-5a2682f elementor-widget elementor-widget-image\" data-id=\"5a2682f\" data-element_type=\"widget\" data-e-type=\"widget\" data-widget_type=\"image.default\">\n\t\t\t\t<div class=\"elementor-widget-container\">\n\t\t\t\t\t\t\t\t\t\t\t\t\t\t\t<img loading=\"lazy\" decoding=\"async\" width=\"380\" height=\"380\" src=\"https:\/\/www.elturistatranquil.com\/wp-content\/uploads\/F21m-Gosol-Lleida.jpg\" class=\"attachment-large size-large wp-image-49113\" alt=\"Gosol, Lleida\" srcset=\"https:\/\/www.elturistatranquil.com\/wp-content\/uploads\/F21m-Gosol-Lleida.jpg 380w, https:\/\/www.elturistatranquil.com\/wp-content\/uploads\/F21m-Gosol-Lleida-226x226.jpg 226w\" sizes=\"(max-width: 380px) 100vw, 380px\" \/>\t\t\t\t\t\t\t\t\t\t\t\t\t\t\t<\/div>\n\t\t\t\t<\/div>\n\t\t\t\t\t<\/div>\n\t\t<\/div>\n\t\t\t\t<div class=\"elementor-column elementor-col-50 elementor-inner-column elementor-element elementor-element-02f9d31\" data-id=\"02f9d31\" data-element_type=\"column\" data-e-type=\"column\">\n\t\t\t<div class=\"elementor-widget-wrap elementor-element-populated\">\n\t\t\t\t\t\t<div class=\"elementor-element elementor-element-6386261 elementor-widget elementor-widget-image\" data-id=\"6386261\" data-element_type=\"widget\" data-e-type=\"widget\" data-widget_type=\"image.default\">\n\t\t\t\t<div class=\"elementor-widget-container\">\n\t\t\t\t\t\t\t\t\t\t\t\t\t\t\t<img loading=\"lazy\" decoding=\"async\" width=\"380\" height=\"380\" src=\"https:\/\/www.elturistatranquil.com\/wp-content\/uploads\/F21n-Gosol-Lleida.jpg\" class=\"attachment-large size-large wp-image-49118\" alt=\"Gosol, Lleida\" srcset=\"https:\/\/www.elturistatranquil.com\/wp-content\/uploads\/F21n-Gosol-Lleida.jpg 380w, https:\/\/www.elturistatranquil.com\/wp-content\/uploads\/F21n-Gosol-Lleida-226x226.jpg 226w\" sizes=\"(max-width: 380px) 100vw, 380px\" \/>\t\t\t\t\t\t\t\t\t\t\t\t\t\t\t<\/div>\n\t\t\t\t<\/div>\n\t\t\t\t\t<\/div>\n\t\t<\/div>\n\t\t\t\t\t<\/div>\n\t\t<\/section>\n\t\t\t\t<section class=\"elementor-section elementor-inner-section elementor-element elementor-element-a075e63 elementor-section-boxed elementor-section-height-default elementor-section-height-default\" data-id=\"a075e63\" data-element_type=\"section\" data-e-type=\"section\">\n\t\t\t\t\t\t<div class=\"elementor-container elementor-column-gap-default\">\n\t\t\t\t\t<div class=\"elementor-column elementor-col-50 elementor-inner-column elementor-element elementor-element-ae3fc1a\" data-id=\"ae3fc1a\" data-element_type=\"column\" data-e-type=\"column\">\n\t\t\t<div class=\"elementor-widget-wrap elementor-element-populated\">\n\t\t\t\t\t\t<div class=\"elementor-element elementor-element-c9dd7b8 elementor-widget elementor-widget-image\" data-id=\"c9dd7b8\" data-element_type=\"widget\" data-e-type=\"widget\" data-widget_type=\"image.default\">\n\t\t\t\t<div class=\"elementor-widget-container\">\n\t\t\t\t\t\t\t\t\t\t\t\t\t\t\t<img loading=\"lazy\" decoding=\"async\" width=\"380\" height=\"380\" src=\"https:\/\/www.elturistatranquil.com\/wp-content\/uploads\/F21o-Gosol-Lleida.jpg\" class=\"attachment-large size-large wp-image-49120\" alt=\"Gosol, Lleida\" srcset=\"https:\/\/www.elturistatranquil.com\/wp-content\/uploads\/F21o-Gosol-Lleida.jpg 380w, https:\/\/www.elturistatranquil.com\/wp-content\/uploads\/F21o-Gosol-Lleida-226x226.jpg 226w\" sizes=\"(max-width: 380px) 100vw, 380px\" \/>\t\t\t\t\t\t\t\t\t\t\t\t\t\t\t<\/div>\n\t\t\t\t<\/div>\n\t\t\t\t\t<\/div>\n\t\t<\/div>\n\t\t\t\t<div class=\"elementor-column elementor-col-50 elementor-inner-column elementor-element elementor-element-aa11eb9\" data-id=\"aa11eb9\" data-element_type=\"column\" data-e-type=\"column\">\n\t\t\t<div class=\"elementor-widget-wrap elementor-element-populated\">\n\t\t\t\t\t\t<div class=\"elementor-element elementor-element-82e8d3c elementor-widget elementor-widget-image\" data-id=\"82e8d3c\" data-element_type=\"widget\" data-e-type=\"widget\" data-widget_type=\"image.default\">\n\t\t\t\t<div class=\"elementor-widget-container\">\n\t\t\t\t\t\t\t\t\t\t\t\t\t\t\t<img loading=\"lazy\" decoding=\"async\" width=\"380\" height=\"380\" src=\"https:\/\/www.elturistatranquil.com\/wp-content\/uploads\/F21p-Gosol-Lleida.jpg\" class=\"attachment-large size-large wp-image-49122\" alt=\"Gosol, Lleida\" srcset=\"https:\/\/www.elturistatranquil.com\/wp-content\/uploads\/F21p-Gosol-Lleida.jpg 380w, https:\/\/www.elturistatranquil.com\/wp-content\/uploads\/F21p-Gosol-Lleida-226x226.jpg 226w\" sizes=\"(max-width: 380px) 100vw, 380px\" \/>\t\t\t\t\t\t\t\t\t\t\t\t\t\t\t<\/div>\n\t\t\t\t<\/div>\n\t\t\t\t\t<\/div>\n\t\t<\/div>\n\t\t\t\t\t<\/div>\n\t\t<\/section>\n\t\t\t\t<div class=\"elementor-element elementor-element-1a92d83 elementor-widget elementor-widget-image\" data-id=\"1a92d83\" data-element_type=\"widget\" data-e-type=\"widget\" data-widget_type=\"image.default\">\n\t\t\t\t<div class=\"elementor-widget-container\">\n\t\t\t\t\t\t\t\t\t\t\t\t<figure class=\"wp-caption\">\n\t\t\t\t\t\t\t\t\t\t<img loading=\"lazy\" decoding=\"async\" width=\"768\" height=\"511\" src=\"https:\/\/www.elturistatranquil.com\/wp-content\/uploads\/F22-Gosol-Lleida.jpg\" class=\"attachment-large size-large wp-image-49124\" alt=\"Gosol, Lleida\" srcset=\"https:\/\/www.elturistatranquil.com\/wp-content\/uploads\/F22-Gosol-Lleida.jpg 768w, https:\/\/www.elturistatranquil.com\/wp-content\/uploads\/F22-Gosol-Lleida-339x226.jpg 339w\" sizes=\"(max-width: 768px) 100vw, 768px\" \/>\t\t\t\t\t\t\t\t\t\t\t<figcaption class=\"widget-image-caption wp-caption-text\"><\/figcaption>\n\t\t\t\t\t\t\t\t\t\t<\/figure>\n\t\t\t\t\t\t\t\t\t<\/div>\n\t\t\t\t<\/div>\n\t\t\t\t<div class=\"elementor-element elementor-element-3f1fc26 elementor-widget elementor-widget-text-editor\" data-id=\"3f1fc26\" data-element_type=\"widget\" data-e-type=\"widget\" data-widget_type=\"text-editor.default\">\n\t\t\t\t<div class=\"elementor-widget-container\">\n\t\t\t\t\t\t\t\t\t<p>A mesura que ascendim cap al castell anem disposant de la perspectiva m\u00e9s cl\u00e0ssica de G\u00f3sol, una de les que va impactar a Picasso, i que tamb\u00e9 ens impacta a nosaltres.<\/p>\t\t\t\t\t\t\t\t<\/div>\n\t\t\t\t<\/div>\n\t\t\t\t<div class=\"elementor-element elementor-element-146176f elementor-widget elementor-widget-image\" data-id=\"146176f\" data-element_type=\"widget\" data-e-type=\"widget\" data-widget_type=\"image.default\">\n\t\t\t\t<div class=\"elementor-widget-container\">\n\t\t\t\t\t\t\t\t\t\t\t\t<figure class=\"wp-caption\">\n\t\t\t\t\t\t\t\t\t\t<img loading=\"lazy\" decoding=\"async\" width=\"768\" height=\"511\" src=\"https:\/\/www.elturistatranquil.com\/wp-content\/uploads\/F23-Gosol-Lleida.jpg\" class=\"attachment-large size-large wp-image-49126\" alt=\"Gosol, Lleida\" srcset=\"https:\/\/www.elturistatranquil.com\/wp-content\/uploads\/F23-Gosol-Lleida.jpg 768w, https:\/\/www.elturistatranquil.com\/wp-content\/uploads\/F23-Gosol-Lleida-339x226.jpg 339w\" sizes=\"(max-width: 768px) 100vw, 768px\" \/>\t\t\t\t\t\t\t\t\t\t\t<figcaption class=\"widget-image-caption wp-caption-text\"><\/figcaption>\n\t\t\t\t\t\t\t\t\t\t<\/figure>\n\t\t\t\t\t\t\t\t\t<\/div>\n\t\t\t\t<\/div>\n\t\t\t\t<div class=\"elementor-element elementor-element-eb4135a elementor-widget elementor-widget-image\" data-id=\"eb4135a\" data-element_type=\"widget\" data-e-type=\"widget\" data-widget_type=\"image.default\">\n\t\t\t\t<div class=\"elementor-widget-container\">\n\t\t\t\t\t\t\t\t\t\t\t\t<figure class=\"wp-caption\">\n\t\t\t\t\t\t\t\t\t\t<img loading=\"lazy\" decoding=\"async\" width=\"768\" height=\"511\" src=\"https:\/\/www.elturistatranquil.com\/wp-content\/uploads\/F24-Gosol-Lleida.jpg\" class=\"attachment-large size-large wp-image-49131\" alt=\"Gosol, Lleida\" srcset=\"https:\/\/www.elturistatranquil.com\/wp-content\/uploads\/F24-Gosol-Lleida.jpg 768w, https:\/\/www.elturistatranquil.com\/wp-content\/uploads\/F24-Gosol-Lleida-339x226.jpg 339w\" sizes=\"(max-width: 768px) 100vw, 768px\" \/>\t\t\t\t\t\t\t\t\t\t\t<figcaption class=\"widget-image-caption wp-caption-text\"><\/figcaption>\n\t\t\t\t\t\t\t\t\t\t<\/figure>\n\t\t\t\t\t\t\t\t\t<\/div>\n\t\t\t\t<\/div>\n\t\t\t\t<div class=\"elementor-element elementor-element-e23dfef elementor-widget elementor-widget-text-editor\" data-id=\"e23dfef\" data-element_type=\"widget\" data-e-type=\"widget\" data-widget_type=\"text-editor.default\">\n\t\t\t\t<div class=\"elementor-widget-container\">\n\t\t\t\t\t\t\t\t\t<p>Podrem apreciar les caracter\u00edstiques de la casa gosolana tradicional, amb la fa\u00e7ana situada a la testera de les edificacions, aportant la caracter\u00edstica forma triangular de les dues vessants de la coberta a dues aig\u00fces de teules corbes. Els r\u00e0fecs protectors de la pluja sobresurten pels quatre costats.<\/p><p>Les al\u00e7ades s\u00f3n dos o tres nivells d\u2019habitatge amb golfes. Moltes amb balconades amb la barana de fusta.<\/p><p>El conglomerat compactat del caseriu, amb un caracter\u00edstic color ocre de gran uniformitat en tot el conjunt, adaptat a la pendent de la muntanya, atorga una imatge eminentment pl\u00e0stica que va captivar a Picasso. Es parla de que aquestes imatge podien haver influ\u00eft en l\u2019etapa cubista del pintor.<\/p>\t\t\t\t\t\t\t\t<\/div>\n\t\t\t\t<\/div>\n\t\t\t\t<div class=\"elementor-element elementor-element-74140a5 elementor-widget elementor-widget-image\" data-id=\"74140a5\" data-element_type=\"widget\" data-e-type=\"widget\" data-widget_type=\"image.default\">\n\t\t\t\t<div class=\"elementor-widget-container\">\n\t\t\t\t\t\t\t\t\t\t\t\t<figure class=\"wp-caption\">\n\t\t\t\t\t\t\t\t\t\t<img loading=\"lazy\" decoding=\"async\" width=\"768\" height=\"512\" src=\"https:\/\/www.elturistatranquil.com\/wp-content\/uploads\/F25-Gosol-Lleida.jpg\" class=\"attachment-large size-large wp-image-49133\" alt=\"Gosol, Lleida\" srcset=\"https:\/\/www.elturistatranquil.com\/wp-content\/uploads\/F25-Gosol-Lleida.jpg 768w, https:\/\/www.elturistatranquil.com\/wp-content\/uploads\/F25-Gosol-Lleida-339x226.jpg 339w\" sizes=\"(max-width: 768px) 100vw, 768px\" \/>\t\t\t\t\t\t\t\t\t\t\t<figcaption class=\"widget-image-caption wp-caption-text\"><\/figcaption>\n\t\t\t\t\t\t\t\t\t\t<\/figure>\n\t\t\t\t\t\t\t\t\t<\/div>\n\t\t\t\t<\/div>\n\t\t\t\t<div class=\"elementor-element elementor-element-89f76e1 elementor-widget elementor-widget-image\" data-id=\"89f76e1\" data-element_type=\"widget\" data-e-type=\"widget\" data-widget_type=\"image.default\">\n\t\t\t\t<div class=\"elementor-widget-container\">\n\t\t\t\t\t\t\t\t\t\t\t\t<figure class=\"wp-caption\">\n\t\t\t\t\t\t\t\t\t\t<img loading=\"lazy\" decoding=\"async\" width=\"768\" height=\"512\" src=\"https:\/\/www.elturistatranquil.com\/wp-content\/uploads\/F26-Gosol-Lleida.jpg\" class=\"attachment-large size-large wp-image-49135\" alt=\"Gosol, Lleida\" srcset=\"https:\/\/www.elturistatranquil.com\/wp-content\/uploads\/F26-Gosol-Lleida.jpg 768w, https:\/\/www.elturistatranquil.com\/wp-content\/uploads\/F26-Gosol-Lleida-339x226.jpg 339w\" sizes=\"(max-width: 768px) 100vw, 768px\" \/>\t\t\t\t\t\t\t\t\t\t\t<figcaption class=\"widget-image-caption wp-caption-text\"><\/figcaption>\n\t\t\t\t\t\t\t\t\t\t<\/figure>\n\t\t\t\t\t\t\t\t\t<\/div>\n\t\t\t\t<\/div>\n\t\t\t\t<div class=\"elementor-element elementor-element-c0acb78 elementor-widget elementor-widget-image\" data-id=\"c0acb78\" data-element_type=\"widget\" data-e-type=\"widget\" data-widget_type=\"image.default\">\n\t\t\t\t<div class=\"elementor-widget-container\">\n\t\t\t\t\t\t\t\t\t\t\t\t<figure class=\"wp-caption\">\n\t\t\t\t\t\t\t\t\t\t<img loading=\"lazy\" decoding=\"async\" width=\"768\" height=\"512\" src=\"https:\/\/www.elturistatranquil.com\/wp-content\/uploads\/F27-Gosol-Lleida.jpg\" class=\"attachment-large size-large wp-image-49137\" alt=\"Gosol, Lleida\" srcset=\"https:\/\/www.elturistatranquil.com\/wp-content\/uploads\/F27-Gosol-Lleida.jpg 768w, https:\/\/www.elturistatranquil.com\/wp-content\/uploads\/F27-Gosol-Lleida-339x226.jpg 339w\" sizes=\"(max-width: 768px) 100vw, 768px\" \/>\t\t\t\t\t\t\t\t\t\t\t<figcaption class=\"widget-image-caption wp-caption-text\"><\/figcaption>\n\t\t\t\t\t\t\t\t\t\t<\/figure>\n\t\t\t\t\t\t\t\t\t<\/div>\n\t\t\t\t<\/div>\n\t\t\t\t<div class=\"elementor-element elementor-element-0825d77 elementor-widget elementor-widget-image\" data-id=\"0825d77\" data-element_type=\"widget\" data-e-type=\"widget\" data-widget_type=\"image.default\">\n\t\t\t\t<div class=\"elementor-widget-container\">\n\t\t\t\t\t\t\t\t\t\t\t\t<figure class=\"wp-caption\">\n\t\t\t\t\t\t\t\t\t\t<img loading=\"lazy\" decoding=\"async\" width=\"768\" height=\"511\" src=\"https:\/\/www.elturistatranquil.com\/wp-content\/uploads\/F28-Gosol-Lleida.jpg\" class=\"attachment-large size-large wp-image-49139\" alt=\"Gosol, Lleida\" srcset=\"https:\/\/www.elturistatranquil.com\/wp-content\/uploads\/F28-Gosol-Lleida.jpg 768w, https:\/\/www.elturistatranquil.com\/wp-content\/uploads\/F28-Gosol-Lleida-339x226.jpg 339w\" sizes=\"(max-width: 768px) 100vw, 768px\" \/>\t\t\t\t\t\t\t\t\t\t\t<figcaption class=\"widget-image-caption wp-caption-text\"><\/figcaption>\n\t\t\t\t\t\t\t\t\t\t<\/figure>\n\t\t\t\t\t\t\t\t\t<\/div>\n\t\t\t\t<\/div>\n\t\t\t\t<div class=\"elementor-element elementor-element-ae17d09 elementor-widget elementor-widget-image\" data-id=\"ae17d09\" data-element_type=\"widget\" data-e-type=\"widget\" data-widget_type=\"image.default\">\n\t\t\t\t<div class=\"elementor-widget-container\">\n\t\t\t\t\t\t\t\t\t\t\t\t<figure class=\"wp-caption\">\n\t\t\t\t\t\t\t\t\t\t<img loading=\"lazy\" decoding=\"async\" width=\"768\" height=\"511\" src=\"https:\/\/www.elturistatranquil.com\/wp-content\/uploads\/F29-Gosol-Lleida.jpg\" class=\"attachment-large size-large wp-image-49144\" alt=\"Gosol, Lleida\" srcset=\"https:\/\/www.elturistatranquil.com\/wp-content\/uploads\/F29-Gosol-Lleida.jpg 768w, https:\/\/www.elturistatranquil.com\/wp-content\/uploads\/F29-Gosol-Lleida-339x226.jpg 339w\" sizes=\"(max-width: 768px) 100vw, 768px\" \/>\t\t\t\t\t\t\t\t\t\t\t<figcaption class=\"widget-image-caption wp-caption-text\"><\/figcaption>\n\t\t\t\t\t\t\t\t\t\t<\/figure>\n\t\t\t\t\t\t\t\t\t<\/div>\n\t\t\t\t<\/div>\n\t\t\t\t<div class=\"elementor-element elementor-element-e629c4d elementor-widget elementor-widget-text-editor\" data-id=\"e629c4d\" data-element_type=\"widget\" data-e-type=\"widget\" data-widget_type=\"text-editor.default\">\n\t\t\t\t<div class=\"elementor-widget-container\">\n\t\t\t\t\t\t\t\t\t<p>Aquesta \u00e9s una de les pintures m\u00e9s caracter\u00edstiques del caseriu de G\u00f3sol, amb la muralla del castell a la part alta, vist per Picasso.<\/p>\t\t\t\t\t\t\t\t<\/div>\n\t\t\t\t<\/div>\n\t\t\t\t<div class=\"elementor-element elementor-element-a9d47a1 elementor-widget elementor-widget-image\" data-id=\"a9d47a1\" data-element_type=\"widget\" data-e-type=\"widget\" data-widget_type=\"image.default\">\n\t\t\t\t<div class=\"elementor-widget-container\">\n\t\t\t\t\t\t\t\t\t\t\t\t<figure class=\"wp-caption\">\n\t\t\t\t\t\t\t\t\t\t<img loading=\"lazy\" decoding=\"async\" width=\"768\" height=\"512\" src=\"https:\/\/www.elturistatranquil.com\/wp-content\/uploads\/F30-Picasso-Gosol-Lleida.jpg\" class=\"attachment-large size-large wp-image-49146\" alt=\"Picasso, Gosol, Lleida\" srcset=\"https:\/\/www.elturistatranquil.com\/wp-content\/uploads\/F30-Picasso-Gosol-Lleida.jpg 768w, https:\/\/www.elturistatranquil.com\/wp-content\/uploads\/F30-Picasso-Gosol-Lleida-339x226.jpg 339w\" sizes=\"(max-width: 768px) 100vw, 768px\" \/>\t\t\t\t\t\t\t\t\t\t\t<figcaption class=\"widget-image-caption wp-caption-text\"><\/figcaption>\n\t\t\t\t\t\t\t\t\t\t<\/figure>\n\t\t\t\t\t\t\t\t\t<\/div>\n\t\t\t\t<\/div>\n\t\t\t\t<div class=\"elementor-element elementor-element-6fa2a24 elementor-widget elementor-widget-text-editor\" data-id=\"6fa2a24\" data-element_type=\"widget\" data-e-type=\"widget\" data-widget_type=\"text-editor.default\">\n\t\t\t\t<div class=\"elementor-widget-container\">\n\t\t\t\t\t\t\t\t\t<p>La majoria de les noves edificacions per segona resid\u00e8ncia i turisme, no han sabut captar l\u2019esperit i forma populars de l\u2019arquitectura del pa\u00eds. Han creat la t\u00edpica filera de cases adossades uniformes i mon\u00f2tones, amb la fa\u00e7ana al lateral, no testera. Per sort, estan relativament allunyades del centre.<\/p><p>Des de l\u2019entrada nord a la poblaci\u00f3, es pot apreciar clarament la posici\u00f3 dominant del castell i de la vila vella, amb les cases del raval que ascendeixen per la falda del pujol.<\/p>\t\t\t\t\t\t\t\t<\/div>\n\t\t\t\t<\/div>\n\t\t\t\t<div class=\"elementor-element elementor-element-1158d05 elementor-widget elementor-widget-image\" data-id=\"1158d05\" data-element_type=\"widget\" data-e-type=\"widget\" data-widget_type=\"image.default\">\n\t\t\t\t<div class=\"elementor-widget-container\">\n\t\t\t\t\t\t\t\t\t\t\t\t<figure class=\"wp-caption\">\n\t\t\t\t\t\t\t\t\t\t<img loading=\"lazy\" decoding=\"async\" width=\"768\" height=\"511\" src=\"https:\/\/www.elturistatranquil.com\/wp-content\/uploads\/F31-Gosol-Lleida.jpg\" class=\"attachment-large size-large wp-image-49148\" alt=\"Gosol, Lleida\" srcset=\"https:\/\/www.elturistatranquil.com\/wp-content\/uploads\/F31-Gosol-Lleida.jpg 768w, https:\/\/www.elturistatranquil.com\/wp-content\/uploads\/F31-Gosol-Lleida-339x226.jpg 339w\" sizes=\"(max-width: 768px) 100vw, 768px\" \/>\t\t\t\t\t\t\t\t\t\t\t<figcaption class=\"widget-image-caption wp-caption-text\"><\/figcaption>\n\t\t\t\t\t\t\t\t\t\t<\/figure>\n\t\t\t\t\t\t\t\t\t<\/div>\n\t\t\t\t<\/div>\n\t\t\t\t<div class=\"elementor-element elementor-element-955a042 elementor-widget elementor-widget-heading\" data-id=\"955a042\" data-element_type=\"widget\" data-e-type=\"widget\" data-widget_type=\"heading.default\">\n\t\t\t\t<div class=\"elementor-widget-container\">\n\t\t\t\t\t<h3 class=\"elementor-heading-title elementor-size-default\">La vila vella, el castell de G\u00f3sol i l\u2019esgl\u00e9sia de Santa Maria del Castell<\/h3>\t\t\t\t<\/div>\n\t\t\t\t<\/div>\n\t\t\t\t<div class=\"elementor-element elementor-element-b4e44d6 elementor-widget elementor-widget-text-editor\" data-id=\"b4e44d6\" data-element_type=\"widget\" data-e-type=\"widget\" data-widget_type=\"text-editor.default\">\n\t\t\t\t<div class=\"elementor-widget-container\">\n\t\t\t\t\t\t\t\t\t<p>La <strong>vila vella<\/strong> ocupava un recinte murat de forma quadrangular. Conserva la trama urbana i restes de les cases. Pels costats nord i oest queda gran part de la muralla. A la part m\u00e9s elevada, l\u2019antiga torre de vigia del castell pr\u00f2piament dit, amb l\u2019esgl\u00e9sia de Santa Maria del Castell que s\u2019hi va acoblar posteriorment. Es va aprofitar la torre del castell per fer-ne el campanar. Els or\u00edgens d\u2019aquesta part es situarien al segle IX.<\/p><p>L\u2019estructura urbana reflectiria l\u2019urbanisme d\u2019un poble de muntanya dels segles X-XIII.<\/p>\t\t\t\t\t\t\t\t<\/div>\n\t\t\t\t<\/div>\n\t\t\t\t<div class=\"elementor-element elementor-element-bed0ef4 elementor-widget elementor-widget-image\" data-id=\"bed0ef4\" data-element_type=\"widget\" data-e-type=\"widget\" data-widget_type=\"image.default\">\n\t\t\t\t<div class=\"elementor-widget-container\">\n\t\t\t\t\t\t\t\t\t\t\t\t<figure class=\"wp-caption\">\n\t\t\t\t\t\t\t\t\t\t<img loading=\"lazy\" decoding=\"async\" width=\"768\" height=\"512\" src=\"https:\/\/www.elturistatranquil.com\/wp-content\/uploads\/F32-Muralla-Gosol-Lleida-Google-earth-2023-09-18.jpg\" class=\"attachment-large size-large wp-image-49150\" alt=\"Muralla, Gosol, Lleida (Google earth 2023-09-18)\" srcset=\"https:\/\/www.elturistatranquil.com\/wp-content\/uploads\/F32-Muralla-Gosol-Lleida-Google-earth-2023-09-18.jpg 768w, https:\/\/www.elturistatranquil.com\/wp-content\/uploads\/F32-Muralla-Gosol-Lleida-Google-earth-2023-09-18-339x226.jpg 339w\" sizes=\"(max-width: 768px) 100vw, 768px\" \/>\t\t\t\t\t\t\t\t\t\t\t<figcaption class=\"widget-image-caption wp-caption-text\">(Google earth 2023-09-18)<\/figcaption>\n\t\t\t\t\t\t\t\t\t\t<\/figure>\n\t\t\t\t\t\t\t\t\t<\/div>\n\t\t\t\t<\/div>\n\t\t\t\t<div class=\"elementor-element elementor-element-57146d2 elementor-widget elementor-widget-image\" data-id=\"57146d2\" data-element_type=\"widget\" data-e-type=\"widget\" data-widget_type=\"image.default\">\n\t\t\t\t<div class=\"elementor-widget-container\">\n\t\t\t\t\t\t\t\t\t\t\t\t<figure class=\"wp-caption\">\n\t\t\t\t\t\t\t\t\t\t<img loading=\"lazy\" decoding=\"async\" width=\"768\" height=\"512\" src=\"https:\/\/www.elturistatranquil.com\/wp-content\/uploads\/F33-Gosol-Lleida.-Vila-Vella-i-castell-planol.jpg\" class=\"attachment-large size-large wp-image-49155\" alt=\"Gosol, Lleida. Vila Vella i castell, planol\" srcset=\"https:\/\/www.elturistatranquil.com\/wp-content\/uploads\/F33-Gosol-Lleida.-Vila-Vella-i-castell-planol.jpg 768w, https:\/\/www.elturistatranquil.com\/wp-content\/uploads\/F33-Gosol-Lleida.-Vila-Vella-i-castell-planol-339x226.jpg 339w\" sizes=\"(max-width: 768px) 100vw, 768px\" \/>\t\t\t\t\t\t\t\t\t\t\t<figcaption class=\"widget-image-caption wp-caption-text\"><\/figcaption>\n\t\t\t\t\t\t\t\t\t\t<\/figure>\n\t\t\t\t\t\t\t\t\t<\/div>\n\t\t\t\t<\/div>\n\t\t\t\t<div class=\"elementor-element elementor-element-092101e elementor-widget elementor-widget-text-editor\" data-id=\"092101e\" data-element_type=\"widget\" data-e-type=\"widget\" data-widget_type=\"text-editor.default\">\n\t\t\t\t<div class=\"elementor-widget-container\">\n\t\t\t\t\t\t\t\t\t<p>Des de lluny es veu clarament dominant del castell i la vila vella sobre el raval inferior.<\/p>\t\t\t\t\t\t\t\t<\/div>\n\t\t\t\t<\/div>\n\t\t\t\t<div class=\"elementor-element elementor-element-a6b5439 elementor-widget elementor-widget-image\" data-id=\"a6b5439\" data-element_type=\"widget\" data-e-type=\"widget\" data-widget_type=\"image.default\">\n\t\t\t\t<div class=\"elementor-widget-container\">\n\t\t\t\t\t\t\t\t\t\t\t\t<figure class=\"wp-caption\">\n\t\t\t\t\t\t\t\t\t\t<img loading=\"lazy\" decoding=\"async\" width=\"768\" height=\"512\" src=\"https:\/\/www.elturistatranquil.com\/wp-content\/uploads\/F34-Gosol-Lleida.jpg\" class=\"attachment-large size-large wp-image-49157\" alt=\"Gosol, Lleida. Vila Vella i castell, planol\" srcset=\"https:\/\/www.elturistatranquil.com\/wp-content\/uploads\/F34-Gosol-Lleida.jpg 768w, https:\/\/www.elturistatranquil.com\/wp-content\/uploads\/F34-Gosol-Lleida-339x226.jpg 339w\" sizes=\"(max-width: 768px) 100vw, 768px\" \/>\t\t\t\t\t\t\t\t\t\t\t<figcaption class=\"widget-image-caption wp-caption-text\"><\/figcaption>\n\t\t\t\t\t\t\t\t\t\t<\/figure>\n\t\t\t\t\t\t\t\t\t<\/div>\n\t\t\t\t<\/div>\n\t\t\t\t<div class=\"elementor-element elementor-element-890f1ba elementor-widget elementor-widget-text-editor\" data-id=\"890f1ba\" data-element_type=\"widget\" data-e-type=\"widget\" data-widget_type=\"text-editor.default\">\n\t\t\t\t<div class=\"elementor-widget-container\">\n\t\t\t\t\t\t\t\t\t<p>L\u2019entrada al recinte murat est\u00e0 \u201cprotegida\u201d per l\u2019<strong>ermita del Roser<\/strong>, on ens detindrem al retorn.<\/p>\t\t\t\t\t\t\t\t<\/div>\n\t\t\t\t<\/div>\n\t\t\t\t<div class=\"elementor-element elementor-element-478d512 elementor-widget elementor-widget-image\" data-id=\"478d512\" data-element_type=\"widget\" data-e-type=\"widget\" data-widget_type=\"image.default\">\n\t\t\t\t<div class=\"elementor-widget-container\">\n\t\t\t\t\t\t\t\t\t\t\t\t<figure class=\"wp-caption\">\n\t\t\t\t\t\t\t\t\t\t<img loading=\"lazy\" decoding=\"async\" width=\"768\" height=\"511\" src=\"https:\/\/www.elturistatranquil.com\/wp-content\/uploads\/F35-Gosol-Lleida.jpg\" class=\"attachment-large size-large wp-image-49159\" alt=\"Gosol, Lleida\" srcset=\"https:\/\/www.elturistatranquil.com\/wp-content\/uploads\/F35-Gosol-Lleida.jpg 768w, https:\/\/www.elturistatranquil.com\/wp-content\/uploads\/F35-Gosol-Lleida-339x226.jpg 339w\" sizes=\"(max-width: 768px) 100vw, 768px\" \/>\t\t\t\t\t\t\t\t\t\t\t<figcaption class=\"widget-image-caption wp-caption-text\"><\/figcaption>\n\t\t\t\t\t\t\t\t\t\t<\/figure>\n\t\t\t\t\t\t\t\t\t<\/div>\n\t\t\t\t<\/div>\n\t\t\t\t<div class=\"elementor-element elementor-element-10780ae elementor-widget elementor-widget-text-editor\" data-id=\"10780ae\" data-element_type=\"widget\" data-e-type=\"widget\" data-widget_type=\"text-editor.default\">\n\t\t\t\t<div class=\"elementor-widget-container\">\n\t\t\t\t\t\t\t\t\t<p>La muralla de carreu\u00f3 es mant\u00e9 en tot el seu recorregut fins a a la torre del castell, encara que malmesa en la part superior del mur.<\/p>\t\t\t\t\t\t\t\t<\/div>\n\t\t\t\t<\/div>\n\t\t\t\t<div class=\"elementor-element elementor-element-3d93e03 elementor-widget elementor-widget-image\" data-id=\"3d93e03\" data-element_type=\"widget\" data-e-type=\"widget\" data-widget_type=\"image.default\">\n\t\t\t\t<div class=\"elementor-widget-container\">\n\t\t\t\t\t\t\t\t\t\t\t\t<figure class=\"wp-caption\">\n\t\t\t\t\t\t\t\t\t\t<img loading=\"lazy\" decoding=\"async\" width=\"768\" height=\"511\" src=\"https:\/\/www.elturistatranquil.com\/wp-content\/uploads\/F36-Gosol-Lleida.-Vila-Vella-i-castell.jpg\" class=\"attachment-large size-large wp-image-49161\" alt=\"Gosol, Lleida. Vila Vella i castell\" srcset=\"https:\/\/www.elturistatranquil.com\/wp-content\/uploads\/F36-Gosol-Lleida.-Vila-Vella-i-castell.jpg 768w, https:\/\/www.elturistatranquil.com\/wp-content\/uploads\/F36-Gosol-Lleida.-Vila-Vella-i-castell-339x226.jpg 339w\" sizes=\"(max-width: 768px) 100vw, 768px\" \/>\t\t\t\t\t\t\t\t\t\t\t<figcaption class=\"widget-image-caption wp-caption-text\"><\/figcaption>\n\t\t\t\t\t\t\t\t\t\t<\/figure>\n\t\t\t\t\t\t\t\t\t<\/div>\n\t\t\t\t<\/div>\n\t\t\t\t<div class=\"elementor-element elementor-element-13cf80c elementor-widget elementor-widget-image\" data-id=\"13cf80c\" data-element_type=\"widget\" data-e-type=\"widget\" data-widget_type=\"image.default\">\n\t\t\t\t<div class=\"elementor-widget-container\">\n\t\t\t\t\t\t\t\t\t\t\t\t<figure class=\"wp-caption\">\n\t\t\t\t\t\t\t\t\t\t<img loading=\"lazy\" decoding=\"async\" width=\"768\" height=\"512\" src=\"https:\/\/www.elturistatranquil.com\/wp-content\/uploads\/F37-Gosol-Lleida.-Vila-Vella-i-castell.jpg\" class=\"attachment-large size-large wp-image-49166\" alt=\"Gosol, Lleida. Vila Vella i castell\" srcset=\"https:\/\/www.elturistatranquil.com\/wp-content\/uploads\/F37-Gosol-Lleida.-Vila-Vella-i-castell.jpg 768w, https:\/\/www.elturistatranquil.com\/wp-content\/uploads\/F37-Gosol-Lleida.-Vila-Vella-i-castell-339x226.jpg 339w\" sizes=\"(max-width: 768px) 100vw, 768px\" \/>\t\t\t\t\t\t\t\t\t\t\t<figcaption class=\"widget-image-caption wp-caption-text\"><\/figcaption>\n\t\t\t\t\t\t\t\t\t\t<\/figure>\n\t\t\t\t\t\t\t\t\t<\/div>\n\t\t\t\t<\/div>\n\t\t\t\t<div class=\"elementor-element elementor-element-a97a7f1 elementor-widget elementor-widget-text-editor\" data-id=\"a97a7f1\" data-element_type=\"widget\" data-e-type=\"widget\" data-widget_type=\"text-editor.default\">\n\t\t\t\t<div class=\"elementor-widget-container\">\n\t\t\t\t\t\t\t\t\t<p>El carrer principal conserva un bon empedrat.<\/p>\t\t\t\t\t\t\t\t<\/div>\n\t\t\t\t<\/div>\n\t\t\t\t<div class=\"elementor-element elementor-element-fdf34d4 elementor-widget elementor-widget-image\" data-id=\"fdf34d4\" data-element_type=\"widget\" data-e-type=\"widget\" data-widget_type=\"image.default\">\n\t\t\t\t<div class=\"elementor-widget-container\">\n\t\t\t\t\t\t\t\t\t\t\t\t<figure class=\"wp-caption\">\n\t\t\t\t\t\t\t\t\t\t<img loading=\"lazy\" decoding=\"async\" width=\"768\" height=\"511\" src=\"https:\/\/www.elturistatranquil.com\/wp-content\/uploads\/F38-Gosol-Lleida.-Vila-Vella-i-castell.jpg\" class=\"attachment-large size-large wp-image-49168\" alt=\"Gosol, Lleida. Vila Vella i castell\" srcset=\"https:\/\/www.elturistatranquil.com\/wp-content\/uploads\/F38-Gosol-Lleida.-Vila-Vella-i-castell.jpg 768w, https:\/\/www.elturistatranquil.com\/wp-content\/uploads\/F38-Gosol-Lleida.-Vila-Vella-i-castell-339x226.jpg 339w\" sizes=\"(max-width: 768px) 100vw, 768px\" \/>\t\t\t\t\t\t\t\t\t\t\t<figcaption class=\"widget-image-caption wp-caption-text\"><\/figcaption>\n\t\t\t\t\t\t\t\t\t\t<\/figure>\n\t\t\t\t\t\t\t\t\t<\/div>\n\t\t\t\t<\/div>\n\t\t\t\t<div class=\"elementor-element elementor-element-c36afd1 elementor-widget elementor-widget-text-editor\" data-id=\"c36afd1\" data-element_type=\"widget\" data-e-type=\"widget\" data-widget_type=\"text-editor.default\">\n\t\t\t\t<div class=\"elementor-widget-container\">\n\t\t\t\t\t\t\t\t\t<p>L\u2019estructura urbana de la vila vella es pot recon\u00e8ixer en tot el conjunt de ru\u00efnes que es mantenen, amb algunes parets for\u00e7a completes.<\/p>\t\t\t\t\t\t\t\t<\/div>\n\t\t\t\t<\/div>\n\t\t\t\t<div class=\"elementor-element elementor-element-65fd658 elementor-widget elementor-widget-image\" data-id=\"65fd658\" data-element_type=\"widget\" data-e-type=\"widget\" data-widget_type=\"image.default\">\n\t\t\t\t<div class=\"elementor-widget-container\">\n\t\t\t\t\t\t\t\t\t\t\t\t<figure class=\"wp-caption\">\n\t\t\t\t\t\t\t\t\t\t<img loading=\"lazy\" decoding=\"async\" width=\"768\" height=\"511\" src=\"https:\/\/www.elturistatranquil.com\/wp-content\/uploads\/F39-Gosol-Lleida.-Vila-Vella-i-castell.jpg\" class=\"attachment-large size-large wp-image-49170\" alt=\"Gosol, Lleida. Vila Vella i castell\" srcset=\"https:\/\/www.elturistatranquil.com\/wp-content\/uploads\/F39-Gosol-Lleida.-Vila-Vella-i-castell.jpg 768w, https:\/\/www.elturistatranquil.com\/wp-content\/uploads\/F39-Gosol-Lleida.-Vila-Vella-i-castell-339x226.jpg 339w\" sizes=\"(max-width: 768px) 100vw, 768px\" \/>\t\t\t\t\t\t\t\t\t\t\t<figcaption class=\"widget-image-caption wp-caption-text\"><\/figcaption>\n\t\t\t\t\t\t\t\t\t\t<\/figure>\n\t\t\t\t\t\t\t\t\t<\/div>\n\t\t\t\t<\/div>\n\t\t\t\t<div class=\"elementor-element elementor-element-f31d533 elementor-widget elementor-widget-image\" data-id=\"f31d533\" data-element_type=\"widget\" data-e-type=\"widget\" data-widget_type=\"image.default\">\n\t\t\t\t<div class=\"elementor-widget-container\">\n\t\t\t\t\t\t\t\t\t\t\t\t<figure class=\"wp-caption\">\n\t\t\t\t\t\t\t\t\t\t<img loading=\"lazy\" decoding=\"async\" width=\"768\" height=\"511\" src=\"https:\/\/www.elturistatranquil.com\/wp-content\/uploads\/F40-Gosol-Lleida.-Vila-Vella-i-castell.jpg\" class=\"attachment-large size-large wp-image-49172\" alt=\"Gosol, Lleida. Vila Vella i castell\" srcset=\"https:\/\/www.elturistatranquil.com\/wp-content\/uploads\/F40-Gosol-Lleida.-Vila-Vella-i-castell.jpg 768w, https:\/\/www.elturistatranquil.com\/wp-content\/uploads\/F40-Gosol-Lleida.-Vila-Vella-i-castell-339x226.jpg 339w\" sizes=\"(max-width: 768px) 100vw, 768px\" \/>\t\t\t\t\t\t\t\t\t\t\t<figcaption class=\"widget-image-caption wp-caption-text\"><\/figcaption>\n\t\t\t\t\t\t\t\t\t\t<\/figure>\n\t\t\t\t\t\t\t\t\t<\/div>\n\t\t\t\t<\/div>\n\t\t\t\t<div class=\"elementor-element elementor-element-6888a4b elementor-widget elementor-widget-image\" data-id=\"6888a4b\" data-element_type=\"widget\" data-e-type=\"widget\" data-widget_type=\"image.default\">\n\t\t\t\t<div class=\"elementor-widget-container\">\n\t\t\t\t\t\t\t\t\t\t\t\t<figure class=\"wp-caption\">\n\t\t\t\t\t\t\t\t\t\t<img loading=\"lazy\" decoding=\"async\" width=\"768\" height=\"511\" src=\"https:\/\/www.elturistatranquil.com\/wp-content\/uploads\/F41-Gosol-Lleida.-Vila-Vella-i-castell.jpg\" class=\"attachment-large size-large wp-image-49177\" alt=\"Gosol, Lleida. Vila Vella i castell\" srcset=\"https:\/\/www.elturistatranquil.com\/wp-content\/uploads\/F41-Gosol-Lleida.-Vila-Vella-i-castell.jpg 768w, https:\/\/www.elturistatranquil.com\/wp-content\/uploads\/F41-Gosol-Lleida.-Vila-Vella-i-castell-339x226.jpg 339w\" sizes=\"(max-width: 768px) 100vw, 768px\" \/>\t\t\t\t\t\t\t\t\t\t\t<figcaption class=\"widget-image-caption wp-caption-text\"><\/figcaption>\n\t\t\t\t\t\t\t\t\t\t<\/figure>\n\t\t\t\t\t\t\t\t\t<\/div>\n\t\t\t\t<\/div>\n\t\t\t\t<div class=\"elementor-element elementor-element-f4cbf0b elementor-widget elementor-widget-image\" data-id=\"f4cbf0b\" data-element_type=\"widget\" data-e-type=\"widget\" data-widget_type=\"image.default\">\n\t\t\t\t<div class=\"elementor-widget-container\">\n\t\t\t\t\t\t\t\t\t\t\t\t<figure class=\"wp-caption\">\n\t\t\t\t\t\t\t\t\t\t<img loading=\"lazy\" decoding=\"async\" width=\"768\" height=\"511\" src=\"https:\/\/www.elturistatranquil.com\/wp-content\/uploads\/F42-Gosol-Lleida.-Vila-Vella-i-castell.jpg\" class=\"attachment-large size-large wp-image-49179\" alt=\"Gosol, Lleida. Vila Vella i castell\" srcset=\"https:\/\/www.elturistatranquil.com\/wp-content\/uploads\/F42-Gosol-Lleida.-Vila-Vella-i-castell.jpg 768w, https:\/\/www.elturistatranquil.com\/wp-content\/uploads\/F42-Gosol-Lleida.-Vila-Vella-i-castell-339x226.jpg 339w\" sizes=\"(max-width: 768px) 100vw, 768px\" \/>\t\t\t\t\t\t\t\t\t\t\t<figcaption class=\"widget-image-caption wp-caption-text\"><\/figcaption>\n\t\t\t\t\t\t\t\t\t\t<\/figure>\n\t\t\t\t\t\t\t\t\t<\/div>\n\t\t\t\t<\/div>\n\t\t\t\t<div class=\"elementor-element elementor-element-d065674 elementor-widget elementor-widget-image\" data-id=\"d065674\" data-element_type=\"widget\" data-e-type=\"widget\" data-widget_type=\"image.default\">\n\t\t\t\t<div class=\"elementor-widget-container\">\n\t\t\t\t\t\t\t\t\t\t\t\t<figure class=\"wp-caption\">\n\t\t\t\t\t\t\t\t\t\t<img loading=\"lazy\" decoding=\"async\" width=\"768\" height=\"511\" src=\"https:\/\/www.elturistatranquil.com\/wp-content\/uploads\/F43-Gosol-Lleida.-Vila-Vella-i-castell.jpg\" class=\"attachment-large size-large wp-image-49181\" alt=\"Gosol, Lleida. Vila Vella i castell\" srcset=\"https:\/\/www.elturistatranquil.com\/wp-content\/uploads\/F43-Gosol-Lleida.-Vila-Vella-i-castell.jpg 768w, https:\/\/www.elturistatranquil.com\/wp-content\/uploads\/F43-Gosol-Lleida.-Vila-Vella-i-castell-339x226.jpg 339w\" sizes=\"(max-width: 768px) 100vw, 768px\" \/>\t\t\t\t\t\t\t\t\t\t\t<figcaption class=\"widget-image-caption wp-caption-text\"><\/figcaption>\n\t\t\t\t\t\t\t\t\t\t<\/figure>\n\t\t\t\t\t\t\t\t\t<\/div>\n\t\t\t\t<\/div>\n\t\t\t\t<div class=\"elementor-element elementor-element-2a2b566 elementor-widget elementor-widget-image\" data-id=\"2a2b566\" data-element_type=\"widget\" data-e-type=\"widget\" data-widget_type=\"image.default\">\n\t\t\t\t<div class=\"elementor-widget-container\">\n\t\t\t\t\t\t\t\t\t\t\t\t<figure class=\"wp-caption\">\n\t\t\t\t\t\t\t\t\t\t<img loading=\"lazy\" decoding=\"async\" width=\"768\" height=\"511\" src=\"https:\/\/www.elturistatranquil.com\/wp-content\/uploads\/F44-Gosol-Lleida.-Vila-Vella-i-castell.jpg\" class=\"attachment-large size-large wp-image-49183\" alt=\"Gosol, Lleida. Vila Vella i castell\" srcset=\"https:\/\/www.elturistatranquil.com\/wp-content\/uploads\/F44-Gosol-Lleida.-Vila-Vella-i-castell.jpg 768w, https:\/\/www.elturistatranquil.com\/wp-content\/uploads\/F44-Gosol-Lleida.-Vila-Vella-i-castell-339x226.jpg 339w\" sizes=\"(max-width: 768px) 100vw, 768px\" \/>\t\t\t\t\t\t\t\t\t\t\t<figcaption class=\"widget-image-caption wp-caption-text\"><\/figcaption>\n\t\t\t\t\t\t\t\t\t\t<\/figure>\n\t\t\t\t\t\t\t\t\t<\/div>\n\t\t\t\t<\/div>\n\t\t\t\t<div class=\"elementor-element elementor-element-2544d4d elementor-widget elementor-widget-image\" data-id=\"2544d4d\" data-element_type=\"widget\" data-e-type=\"widget\" data-widget_type=\"image.default\">\n\t\t\t\t<div class=\"elementor-widget-container\">\n\t\t\t\t\t\t\t\t\t\t\t\t<figure class=\"wp-caption\">\n\t\t\t\t\t\t\t\t\t\t<img loading=\"lazy\" decoding=\"async\" width=\"768\" height=\"512\" src=\"https:\/\/www.elturistatranquil.com\/wp-content\/uploads\/F45-Gosol-Lleida.-Vila-Vella-i-castell.jpg\" class=\"attachment-large size-large wp-image-49188\" alt=\"Gosol, Lleida. Vila Vella i castell\" srcset=\"https:\/\/www.elturistatranquil.com\/wp-content\/uploads\/F45-Gosol-Lleida.-Vila-Vella-i-castell.jpg 768w, https:\/\/www.elturistatranquil.com\/wp-content\/uploads\/F45-Gosol-Lleida.-Vila-Vella-i-castell-339x226.jpg 339w\" sizes=\"(max-width: 768px) 100vw, 768px\" \/>\t\t\t\t\t\t\t\t\t\t\t<figcaption class=\"widget-image-caption wp-caption-text\"><\/figcaption>\n\t\t\t\t\t\t\t\t\t\t<\/figure>\n\t\t\t\t\t\t\t\t\t<\/div>\n\t\t\t\t<\/div>\n\t\t\t\t<div class=\"elementor-element elementor-element-d2e961a elementor-widget elementor-widget-text-editor\" data-id=\"d2e961a\" data-element_type=\"widget\" data-e-type=\"widget\" data-widget_type=\"text-editor.default\">\n\t\t\t\t<div class=\"elementor-widget-container\">\n\t\t\t\t\t\t\t\t\t<p>El carrer principal acaba a la porta de l\u2019antiga esgl\u00e9sia.<\/p>\t\t\t\t\t\t\t\t<\/div>\n\t\t\t\t<\/div>\n\t\t\t\t<div class=\"elementor-element elementor-element-a3b393a elementor-widget elementor-widget-image\" data-id=\"a3b393a\" data-element_type=\"widget\" data-e-type=\"widget\" data-widget_type=\"image.default\">\n\t\t\t\t<div class=\"elementor-widget-container\">\n\t\t\t\t\t\t\t\t\t\t\t\t<figure class=\"wp-caption\">\n\t\t\t\t\t\t\t\t\t\t<img loading=\"lazy\" decoding=\"async\" width=\"768\" height=\"511\" src=\"https:\/\/www.elturistatranquil.com\/wp-content\/uploads\/F46-Gosol-Lleida.-Vila-Vella-i-castell.jpg\" class=\"attachment-large size-large wp-image-49190\" alt=\"Gosol, Lleida. Vila Vella i castell\" srcset=\"https:\/\/www.elturistatranquil.com\/wp-content\/uploads\/F46-Gosol-Lleida.-Vila-Vella-i-castell.jpg 768w, https:\/\/www.elturistatranquil.com\/wp-content\/uploads\/F46-Gosol-Lleida.-Vila-Vella-i-castell-339x226.jpg 339w\" sizes=\"(max-width: 768px) 100vw, 768px\" \/>\t\t\t\t\t\t\t\t\t\t\t<figcaption class=\"widget-image-caption wp-caption-text\"><\/figcaption>\n\t\t\t\t\t\t\t\t\t\t<\/figure>\n\t\t\t\t\t\t\t\t\t<\/div>\n\t\t\t\t<\/div>\n\t\t\t\t<div class=\"elementor-element elementor-element-38df5bca elementor-widget elementor-widget-heading\" data-id=\"38df5bca\" data-element_type=\"widget\" data-e-type=\"widget\" data-widget_type=\"heading.default\">\n\t\t\t\t<div class=\"elementor-widget-container\">\n\t\t\t\t\t<h4 class=\"elementor-heading-title elementor-size-default\">El castell de G\u00f3sol i l\u2019esgl\u00e9sia de Santa Maria del Castell<\/h4>\t\t\t\t<\/div>\n\t\t\t\t<\/div>\n\t\t\t\t<div class=\"elementor-element elementor-element-c40f0df elementor-widget elementor-widget-text-editor\" data-id=\"c40f0df\" data-element_type=\"widget\" data-e-type=\"widget\" data-widget_type=\"text-editor.default\">\n\t\t\t\t<div class=\"elementor-widget-container\">\n\t\t\t\t\t\t\t\t\t<p>Del que havia estat el castell de G\u00f3sol nom\u00e9s en queda la base de la torre.\u00a0 Acoblat a la torre, al segle XII s\u2019hi va construir l\u2019esgl\u00e9sia parr\u00f2quia actualment anomenada de <strong>esgl\u00e9sia de Santa Maria del Castell<\/strong>, i, com era usual, amb el cementiri annex.<\/p>\t\t\t\t\t\t\t\t<\/div>\n\t\t\t\t<\/div>\n\t\t\t\t<div class=\"elementor-element elementor-element-5bafcaf elementor-widget elementor-widget-image\" data-id=\"5bafcaf\" data-element_type=\"widget\" data-e-type=\"widget\" data-widget_type=\"image.default\">\n\t\t\t\t<div class=\"elementor-widget-container\">\n\t\t\t\t\t\t\t\t\t\t\t\t<figure class=\"wp-caption\">\n\t\t\t\t\t\t\t\t\t\t<img loading=\"lazy\" decoding=\"async\" width=\"768\" height=\"512\" src=\"https:\/\/www.elturistatranquil.com\/wp-content\/uploads\/F47-Gosol-Lleida-Castell-Esglesia-Google-earth-2023-09-11.jpg\" class=\"attachment-large size-large wp-image-49192\" alt=\"Gosol, Lleida, Castell-Esglesia (Google earth 2023-09-11)\" srcset=\"https:\/\/www.elturistatranquil.com\/wp-content\/uploads\/F47-Gosol-Lleida-Castell-Esglesia-Google-earth-2023-09-11.jpg 768w, https:\/\/www.elturistatranquil.com\/wp-content\/uploads\/F47-Gosol-Lleida-Castell-Esglesia-Google-earth-2023-09-11-339x226.jpg 339w\" sizes=\"(max-width: 768px) 100vw, 768px\" \/>\t\t\t\t\t\t\t\t\t\t\t<figcaption class=\"widget-image-caption wp-caption-text\">(Google earth 2023-09-11)<\/figcaption>\n\t\t\t\t\t\t\t\t\t\t<\/figure>\n\t\t\t\t\t\t\t\t\t<\/div>\n\t\t\t\t<\/div>\n\t\t\t\t<div class=\"elementor-element elementor-element-0d043f8 elementor-widget elementor-widget-image\" data-id=\"0d043f8\" data-element_type=\"widget\" data-e-type=\"widget\" data-widget_type=\"image.default\">\n\t\t\t\t<div class=\"elementor-widget-container\">\n\t\t\t\t\t\t\t\t\t\t\t\t<figure class=\"wp-caption\">\n\t\t\t\t\t\t\t\t\t\t<img loading=\"lazy\" decoding=\"async\" width=\"768\" height=\"512\" src=\"https:\/\/www.elturistatranquil.com\/wp-content\/uploads\/F48-Gosol-Lleida-Castell-Esglesia.jpg\" class=\"attachment-large size-large wp-image-49194\" alt=\"Gosol, Lleida, Castell-Esglesia\" srcset=\"https:\/\/www.elturistatranquil.com\/wp-content\/uploads\/F48-Gosol-Lleida-Castell-Esglesia.jpg 768w, https:\/\/www.elturistatranquil.com\/wp-content\/uploads\/F48-Gosol-Lleida-Castell-Esglesia-339x226.jpg 339w\" sizes=\"(max-width: 768px) 100vw, 768px\" \/>\t\t\t\t\t\t\t\t\t\t\t<figcaption class=\"widget-image-caption wp-caption-text\"><\/figcaption>\n\t\t\t\t\t\t\t\t\t\t<\/figure>\n\t\t\t\t\t\t\t\t\t<\/div>\n\t\t\t\t<\/div>\n\t\t\t\t<div class=\"elementor-element elementor-element-cf85c3b elementor-widget elementor-widget-image\" data-id=\"cf85c3b\" data-element_type=\"widget\" data-e-type=\"widget\" data-widget_type=\"image.default\">\n\t\t\t\t<div class=\"elementor-widget-container\">\n\t\t\t\t\t\t\t\t\t\t\t\t<figure class=\"wp-caption\">\n\t\t\t\t\t\t\t\t\t\t<img loading=\"lazy\" decoding=\"async\" width=\"768\" height=\"511\" src=\"https:\/\/www.elturistatranquil.com\/wp-content\/uploads\/F49-Gosol-Lleida-Castell-Esglesia.jpg\" class=\"attachment-large size-large wp-image-49199\" alt=\"Gosol, Lleida, Castell-Esglesia\" srcset=\"https:\/\/www.elturistatranquil.com\/wp-content\/uploads\/F49-Gosol-Lleida-Castell-Esglesia.jpg 768w, https:\/\/www.elturistatranquil.com\/wp-content\/uploads\/F49-Gosol-Lleida-Castell-Esglesia-339x226.jpg 339w\" sizes=\"(max-width: 768px) 100vw, 768px\" \/>\t\t\t\t\t\t\t\t\t\t\t<figcaption class=\"widget-image-caption wp-caption-text\"><\/figcaption>\n\t\t\t\t\t\t\t\t\t\t<\/figure>\n\t\t\t\t\t\t\t\t\t<\/div>\n\t\t\t\t<\/div>\n\t\t\t\t<div class=\"elementor-element elementor-element-241924a elementor-widget elementor-widget-text-editor\" data-id=\"241924a\" data-element_type=\"widget\" data-e-type=\"widget\" data-widget_type=\"text-editor.default\">\n\t\t\t\t<div class=\"elementor-widget-container\">\n\t\t\t\t\t\t\t\t\t<p>Les primeres estructures defensives que es van construir entre els segles IX i XI eren simple torres de fusta, que es van anar substituint per altres de m\u00e9s refor\u00e7ades i segures de pedra i carreus.<\/p><p>Presentaven una estructura arrodonida, quadrada o tronco piramidal, com la Torre del Castell de G\u00f3sol, l\u2019aparell de les quals era fet de carreus, units amb morter de cal\u00e7 i amb un o dos nivells, depenent del tipus de torre.<\/p><p>Al reconstruir-se com a castells, aquestes torres passaven a ser la torre de l\u2019Homenatge.<\/p><p>De la resta del castell no en queden rastres.<\/p>\t\t\t\t\t\t\t\t<\/div>\n\t\t\t\t<\/div>\n\t\t\t\t<div class=\"elementor-element elementor-element-f3c80fb elementor-widget elementor-widget-image\" data-id=\"f3c80fb\" data-element_type=\"widget\" data-e-type=\"widget\" data-widget_type=\"image.default\">\n\t\t\t\t<div class=\"elementor-widget-container\">\n\t\t\t\t\t\t\t\t\t\t\t\t<figure class=\"wp-caption\">\n\t\t\t\t\t\t\t\t\t\t<img loading=\"lazy\" decoding=\"async\" width=\"768\" height=\"511\" src=\"https:\/\/www.elturistatranquil.com\/wp-content\/uploads\/F50-Gosol-Lleida-Castell-Esglesia.jpg\" class=\"attachment-large size-large wp-image-49201\" alt=\"Gosol, Lleida, Castell-Esglesia\" srcset=\"https:\/\/www.elturistatranquil.com\/wp-content\/uploads\/F50-Gosol-Lleida-Castell-Esglesia.jpg 768w, https:\/\/www.elturistatranquil.com\/wp-content\/uploads\/F50-Gosol-Lleida-Castell-Esglesia-339x226.jpg 339w\" sizes=\"(max-width: 768px) 100vw, 768px\" \/>\t\t\t\t\t\t\t\t\t\t\t<figcaption class=\"widget-image-caption wp-caption-text\"><\/figcaption>\n\t\t\t\t\t\t\t\t\t\t<\/figure>\n\t\t\t\t\t\t\t\t\t<\/div>\n\t\t\t\t<\/div>\n\t\t\t\t<div class=\"elementor-element elementor-element-fe66edb elementor-widget elementor-widget-heading\" data-id=\"fe66edb\" data-element_type=\"widget\" data-e-type=\"widget\" data-widget_type=\"heading.default\">\n\t\t\t\t<div class=\"elementor-widget-container\">\n\t\t\t\t\t<h4 class=\"elementor-heading-title elementor-size-default\">L\u2019esgl\u00e9sia de Santa Maria del Castell<\/h4>\t\t\t\t<\/div>\n\t\t\t\t<\/div>\n\t\t\t\t<div class=\"elementor-element elementor-element-ea637c2 elementor-widget elementor-widget-text-editor\" data-id=\"ea637c2\" data-element_type=\"widget\" data-e-type=\"widget\" data-widget_type=\"text-editor.default\">\n\t\t\t\t<div class=\"elementor-widget-container\">\n\t\t\t\t\t\t\t\t\t<p>L\u2019<strong>esgl\u00e9sia de Santa Maria del Castell<\/strong> es va construir dins l\u2019estil rom\u00e0nic. Deuria haver-hi modificacions posteriors que van porta a Madoz a considerar-la d\u2019estil g\u00f2tic, com hem vist en el seu text.<\/p><p>Constru\u00efda dins el recinte fortificat del castell, va ser l\u2019esgl\u00e9sia parroquial de la vila vella. El temple es va bastir a comen\u00e7aments del segle XI i es va abandonar a principis del XX, quan es va construir la nova esgl\u00e9sia parroquial al poble nou.<\/p><p>Al seu interior s\u2019hi trobava una talla rom\u00e0nica de la <strong>Mare de D\u00e9u de G\u00f3sol<\/strong> del segle XII, que actualment es troba al MNAC.<\/p><p>\u00c9s una imatge de la Mare de D\u00e9u, coronada, amb el nen, tallada en fusta i policromada. La composici\u00f3 respon al tipus de\u00a0<em>Sedes Sapientiae<\/em>, o Tron de Saviesa, amb el nen assegut al centre de la falda, en una composici\u00f3 totalment frontal.<\/p>\t\t\t\t\t\t\t\t<\/div>\n\t\t\t\t<\/div>\n\t\t\t\t<div class=\"elementor-element elementor-element-1cdcad8 elementor-widget elementor-widget-image\" data-id=\"1cdcad8\" data-element_type=\"widget\" data-e-type=\"widget\" data-widget_type=\"image.default\">\n\t\t\t\t<div class=\"elementor-widget-container\">\n\t\t\t\t\t\t\t\t\t\t\t\t<figure class=\"wp-caption\">\n\t\t\t\t\t\t\t\t\t\t<img loading=\"lazy\" decoding=\"async\" width=\"344\" height=\"590\" src=\"https:\/\/www.elturistatranquil.com\/wp-content\/uploads\/F51-Mare-de-Deu-de-Gosol-MNAC.jpg\" class=\"attachment-large size-large wp-image-49203\" alt=\"Mare de Deu de Gosol, MNAC\" srcset=\"https:\/\/www.elturistatranquil.com\/wp-content\/uploads\/F51-Mare-de-Deu-de-Gosol-MNAC.jpg 344w, https:\/\/www.elturistatranquil.com\/wp-content\/uploads\/F51-Mare-de-Deu-de-Gosol-MNAC-132x226.jpg 132w\" sizes=\"(max-width: 344px) 100vw, 344px\" \/>\t\t\t\t\t\t\t\t\t\t\t<figcaption class=\"widget-image-caption wp-caption-text\">(Original del MNAC)<\/figcaption>\n\t\t\t\t\t\t\t\t\t\t<\/figure>\n\t\t\t\t\t\t\t\t\t<\/div>\n\t\t\t\t<\/div>\n\t\t\t\t<div class=\"elementor-element elementor-element-cb7dd52 elementor-widget elementor-widget-text-editor\" data-id=\"cb7dd52\" data-element_type=\"widget\" data-e-type=\"widget\" data-widget_type=\"text-editor.default\">\n\t\t\t\t<div class=\"elementor-widget-container\">\n\t\t\t\t\t\t\t\t\t<p>Ressaltem el fet de que \u00e9s una de les poques esgl\u00e9sies que no observen l\u2019orientaci\u00f3 can\u00f2nica al llevant, sin\u00f3 que la cap\u00e7alera est\u00e0 situada cap a ponent, en direcci\u00f3 nord-oest. Probablement aquesta ruptura de la norma va estar condicionada por la for\u00e7ada localitzaci\u00f3 al costat del castell amb l\u2019absis adossada a la muralla, el que for\u00e7ava a que l\u2019entrada des de l\u2019interior del caseriu hagu\u00e9s de fer-se pels peus, al costat sud-est.<\/p>\t\t\t\t\t\t\t\t<\/div>\n\t\t\t\t<\/div>\n\t\t\t\t<div class=\"elementor-element elementor-element-5cd7118 elementor-widget elementor-widget-image\" data-id=\"5cd7118\" data-element_type=\"widget\" data-e-type=\"widget\" data-widget_type=\"image.default\">\n\t\t\t\t<div class=\"elementor-widget-container\">\n\t\t\t\t\t\t\t\t\t\t\t\t<figure class=\"wp-caption\">\n\t\t\t\t\t\t\t\t\t\t<img loading=\"lazy\" decoding=\"async\" width=\"768\" height=\"512\" src=\"https:\/\/www.elturistatranquil.com\/wp-content\/uploads\/F52-Esglesia-de-santa-Maria-del-Castell-Gosol-Lleida.jpg\" class=\"attachment-large size-large wp-image-49205\" alt=\"Esglesia de santa Maria del Castell, Gosol, Lleida\" srcset=\"https:\/\/www.elturistatranquil.com\/wp-content\/uploads\/F52-Esglesia-de-santa-Maria-del-Castell-Gosol-Lleida.jpg 768w, https:\/\/www.elturistatranquil.com\/wp-content\/uploads\/F52-Esglesia-de-santa-Maria-del-Castell-Gosol-Lleida-339x226.jpg 339w\" sizes=\"(max-width: 768px) 100vw, 768px\" \/>\t\t\t\t\t\t\t\t\t\t\t<figcaption class=\"widget-image-caption wp-caption-text\"><\/figcaption>\n\t\t\t\t\t\t\t\t\t\t<\/figure>\n\t\t\t\t\t\t\t\t\t<\/div>\n\t\t\t\t<\/div>\n\t\t\t\t<div class=\"elementor-element elementor-element-4496fb8 elementor-widget elementor-widget-text-editor\" data-id=\"4496fb8\" data-element_type=\"widget\" data-e-type=\"widget\" data-widget_type=\"text-editor.default\">\n\t\t\t\t<div class=\"elementor-widget-container\">\n\t\t\t\t\t\t\t\t\t<p>La fa\u00e7ana d\u2019entrada al peus del temple teniu una porta d\u2019arc de mig punt, amb un \u00f2cul a la part superior.<\/p><p>Podem observar que els previsibles carreus que delimitaven els marcs de portes i finestres, incloses les de la torre, van estar arrencades al llarg dels anys, i serviren de cantera per a les construccions del nou caseriu. Fet habitual en les restes abandonades de construccions hist\u00f2riques.<\/p>\t\t\t\t\t\t\t\t<\/div>\n\t\t\t\t<\/div>\n\t\t\t\t<div class=\"elementor-element elementor-element-9a5afcc elementor-widget elementor-widget-image\" data-id=\"9a5afcc\" data-element_type=\"widget\" data-e-type=\"widget\" data-widget_type=\"image.default\">\n\t\t\t\t<div class=\"elementor-widget-container\">\n\t\t\t\t\t\t\t\t\t\t\t\t<figure class=\"wp-caption\">\n\t\t\t\t\t\t\t\t\t\t<img loading=\"lazy\" decoding=\"async\" width=\"768\" height=\"511\" src=\"https:\/\/www.elturistatranquil.com\/wp-content\/uploads\/F53-Esglesia-de-santa-Maria-del-Castell-Gosol-Lleida.jpg\" class=\"attachment-large size-large wp-image-49207\" alt=\"Esglesia de santa Maria del Castell, Gosol, Lleida\" srcset=\"https:\/\/www.elturistatranquil.com\/wp-content\/uploads\/F53-Esglesia-de-santa-Maria-del-Castell-Gosol-Lleida.jpg 768w, https:\/\/www.elturistatranquil.com\/wp-content\/uploads\/F53-Esglesia-de-santa-Maria-del-Castell-Gosol-Lleida-339x226.jpg 339w\" sizes=\"(max-width: 768px) 100vw, 768px\" \/>\t\t\t\t\t\t\t\t\t\t\t<figcaption class=\"widget-image-caption wp-caption-text\"><\/figcaption>\n\t\t\t\t\t\t\t\t\t\t<\/figure>\n\t\t\t\t\t\t\t\t\t<\/div>\n\t\t\t\t<\/div>\n\t\t\t\t<div class=\"elementor-element elementor-element-d70ff68 elementor-widget elementor-widget-image\" data-id=\"d70ff68\" data-element_type=\"widget\" data-e-type=\"widget\" data-widget_type=\"image.default\">\n\t\t\t\t<div class=\"elementor-widget-container\">\n\t\t\t\t\t\t\t\t\t\t\t\t<figure class=\"wp-caption\">\n\t\t\t\t\t\t\t\t\t\t<img loading=\"lazy\" decoding=\"async\" width=\"768\" height=\"511\" src=\"https:\/\/www.elturistatranquil.com\/wp-content\/uploads\/F54-Esglesia-de-santa-Maria-del-Castell-Gosol-Lleida.jpg\" class=\"attachment-large size-large wp-image-49209\" alt=\"Esglesia de santa Maria del Castell, Gosol, Lleida\" srcset=\"https:\/\/www.elturistatranquil.com\/wp-content\/uploads\/F54-Esglesia-de-santa-Maria-del-Castell-Gosol-Lleida.jpg 768w, https:\/\/www.elturistatranquil.com\/wp-content\/uploads\/F54-Esglesia-de-santa-Maria-del-Castell-Gosol-Lleida-339x226.jpg 339w\" sizes=\"(max-width: 768px) 100vw, 768px\" \/>\t\t\t\t\t\t\t\t\t\t\t<figcaption class=\"widget-image-caption wp-caption-text\"><\/figcaption>\n\t\t\t\t\t\t\t\t\t\t<\/figure>\n\t\t\t\t\t\t\t\t\t<\/div>\n\t\t\t\t<\/div>\n\t\t\t\t<div class=\"elementor-element elementor-element-e62c69d elementor-widget elementor-widget-image\" data-id=\"e62c69d\" data-element_type=\"widget\" data-e-type=\"widget\" data-widget_type=\"image.default\">\n\t\t\t\t<div class=\"elementor-widget-container\">\n\t\t\t\t\t\t\t\t\t\t\t\t<figure class=\"wp-caption\">\n\t\t\t\t\t\t\t\t\t\t<img loading=\"lazy\" decoding=\"async\" width=\"768\" height=\"511\" src=\"https:\/\/www.elturistatranquil.com\/wp-content\/uploads\/F55-Esglesia-de-santa-Maria-del-Castell-Gosol-Lleida.jpg\" class=\"attachment-large size-large wp-image-49214\" alt=\"Esglesia de santa Maria del Castell, Gosol, Lleida\" srcset=\"https:\/\/www.elturistatranquil.com\/wp-content\/uploads\/F55-Esglesia-de-santa-Maria-del-Castell-Gosol-Lleida.jpg 768w, https:\/\/www.elturistatranquil.com\/wp-content\/uploads\/F55-Esglesia-de-santa-Maria-del-Castell-Gosol-Lleida-339x226.jpg 339w\" sizes=\"(max-width: 768px) 100vw, 768px\" \/>\t\t\t\t\t\t\t\t\t\t\t<figcaption class=\"widget-image-caption wp-caption-text\"><\/figcaption>\n\t\t\t\t\t\t\t\t\t\t<\/figure>\n\t\t\t\t\t\t\t\t\t<\/div>\n\t\t\t\t<\/div>\n\t\t\t\t<div class=\"elementor-element elementor-element-5956640 elementor-widget elementor-widget-text-editor\" data-id=\"5956640\" data-element_type=\"widget\" data-e-type=\"widget\" data-widget_type=\"text-editor.default\">\n\t\t\t\t<div class=\"elementor-widget-container\">\n\t\t\t\t\t\t\t\t\t<p>El temple nom\u00e9s cont\u00e9 dues obertures d\u2019il\u00b7luminaci\u00f3, les dues amb forma de sagetera amb arc de mig punt.<\/p><p>Una al lateral de l\u2019evangeli, de pedra vermella; l\u2019altre a la part alta de l\u2019absis.<\/p>\t\t\t\t\t\t\t\t<\/div>\n\t\t\t\t<\/div>\n\t\t\t\t<div class=\"elementor-element elementor-element-ef74ba8 elementor-widget elementor-widget-image\" data-id=\"ef74ba8\" data-element_type=\"widget\" data-e-type=\"widget\" data-widget_type=\"image.default\">\n\t\t\t\t<div class=\"elementor-widget-container\">\n\t\t\t\t\t\t\t\t\t\t\t\t<figure class=\"wp-caption\">\n\t\t\t\t\t\t\t\t\t\t<img loading=\"lazy\" decoding=\"async\" width=\"768\" height=\"512\" src=\"https:\/\/www.elturistatranquil.com\/wp-content\/uploads\/F56-Esglesia-de-santa-Maria-del-Castell-Gosol-Lleida.jpg\" class=\"attachment-large size-large wp-image-49216\" alt=\"Esglesia de santa Maria del Castell, Gosol, Lleida\" srcset=\"https:\/\/www.elturistatranquil.com\/wp-content\/uploads\/F56-Esglesia-de-santa-Maria-del-Castell-Gosol-Lleida.jpg 768w, https:\/\/www.elturistatranquil.com\/wp-content\/uploads\/F56-Esglesia-de-santa-Maria-del-Castell-Gosol-Lleida-339x226.jpg 339w\" sizes=\"(max-width: 768px) 100vw, 768px\" \/>\t\t\t\t\t\t\t\t\t\t\t<figcaption class=\"widget-image-caption wp-caption-text\"><\/figcaption>\n\t\t\t\t\t\t\t\t\t\t<\/figure>\n\t\t\t\t\t\t\t\t\t<\/div>\n\t\t\t\t<\/div>\n\t\t\t\t<div class=\"elementor-element elementor-element-441a5e9 elementor-widget elementor-widget-image\" data-id=\"441a5e9\" data-element_type=\"widget\" data-e-type=\"widget\" data-widget_type=\"image.default\">\n\t\t\t\t<div class=\"elementor-widget-container\">\n\t\t\t\t\t\t\t\t\t\t\t\t<figure class=\"wp-caption\">\n\t\t\t\t\t\t\t\t\t\t<img loading=\"lazy\" decoding=\"async\" width=\"768\" height=\"511\" src=\"https:\/\/www.elturistatranquil.com\/wp-content\/uploads\/F57-Esglesia-de-santa-Maria-del-Castell-Gosol-Lleida.jpg\" class=\"attachment-large size-large wp-image-49218\" alt=\"Esglesia de santa Maria del Castell, Gosol, Lleida\" srcset=\"https:\/\/www.elturistatranquil.com\/wp-content\/uploads\/F57-Esglesia-de-santa-Maria-del-Castell-Gosol-Lleida.jpg 768w, https:\/\/www.elturistatranquil.com\/wp-content\/uploads\/F57-Esglesia-de-santa-Maria-del-Castell-Gosol-Lleida-339x226.jpg 339w\" sizes=\"(max-width: 768px) 100vw, 768px\" \/>\t\t\t\t\t\t\t\t\t\t\t<figcaption class=\"widget-image-caption wp-caption-text\"><\/figcaption>\n\t\t\t\t\t\t\t\t\t\t<\/figure>\n\t\t\t\t\t\t\t\t\t<\/div>\n\t\t\t\t<\/div>\n\t\t\t\t<div class=\"elementor-element elementor-element-0b05e78 elementor-widget elementor-widget-text-editor\" data-id=\"0b05e78\" data-element_type=\"widget\" data-e-type=\"widget\" data-widget_type=\"text-editor.default\">\n\t\t\t\t<div class=\"elementor-widget-container\">\n\t\t\t\t\t\t\t\t\t<p>L\u2019absis, que forma part del mur de la muralla, \u00e9s recte, amb la obertura superior esmentada.<\/p><p>La coberta amb volta de can\u00f3. Al mur de la dreta, una porta comunica amb la base de la torre, probablement amb funcions de sagristia.<\/p>\t\t\t\t\t\t\t\t<\/div>\n\t\t\t\t<\/div>\n\t\t\t\t<div class=\"elementor-element elementor-element-9f92f33 elementor-widget elementor-widget-image\" data-id=\"9f92f33\" data-element_type=\"widget\" data-e-type=\"widget\" data-widget_type=\"image.default\">\n\t\t\t\t<div class=\"elementor-widget-container\">\n\t\t\t\t\t\t\t\t\t\t\t\t<figure class=\"wp-caption\">\n\t\t\t\t\t\t\t\t\t\t<img loading=\"lazy\" decoding=\"async\" width=\"768\" height=\"511\" src=\"https:\/\/www.elturistatranquil.com\/wp-content\/uploads\/F58-Esglesia-de-santa-Maria-del-Castell-Gosol-Lleida.jpg\" class=\"attachment-large size-large wp-image-49220\" alt=\"Esglesia de santa Maria del Castell, Gosol, Lleida\" srcset=\"https:\/\/www.elturistatranquil.com\/wp-content\/uploads\/F58-Esglesia-de-santa-Maria-del-Castell-Gosol-Lleida.jpg 768w, https:\/\/www.elturistatranquil.com\/wp-content\/uploads\/F58-Esglesia-de-santa-Maria-del-Castell-Gosol-Lleida-339x226.jpg 339w\" sizes=\"(max-width: 768px) 100vw, 768px\" \/>\t\t\t\t\t\t\t\t\t\t\t<figcaption class=\"widget-image-caption wp-caption-text\"><\/figcaption>\n\t\t\t\t\t\t\t\t\t\t<\/figure>\n\t\t\t\t\t\t\t\t\t<\/div>\n\t\t\t\t<\/div>\n\t\t\t\t<div class=\"elementor-element elementor-element-4ab39c9 elementor-widget elementor-widget-image\" data-id=\"4ab39c9\" data-element_type=\"widget\" data-e-type=\"widget\" data-widget_type=\"image.default\">\n\t\t\t\t<div class=\"elementor-widget-container\">\n\t\t\t\t\t\t\t\t\t\t\t\t<figure class=\"wp-caption\">\n\t\t\t\t\t\t\t\t\t\t<img loading=\"lazy\" decoding=\"async\" width=\"768\" height=\"511\" src=\"https:\/\/www.elturistatranquil.com\/wp-content\/uploads\/F59-Esglesia-de-santa-Maria-del-Castell-Gosol-Lleida.jpg\" class=\"attachment-large size-large wp-image-49225\" alt=\"Esglesia de santa Maria del Castell, Gosol, Lleida\" srcset=\"https:\/\/www.elturistatranquil.com\/wp-content\/uploads\/F59-Esglesia-de-santa-Maria-del-Castell-Gosol-Lleida.jpg 768w, https:\/\/www.elturistatranquil.com\/wp-content\/uploads\/F59-Esglesia-de-santa-Maria-del-Castell-Gosol-Lleida-339x226.jpg 339w\" sizes=\"(max-width: 768px) 100vw, 768px\" \/>\t\t\t\t\t\t\t\t\t\t\t<figcaption class=\"widget-image-caption wp-caption-text\"><\/figcaption>\n\t\t\t\t\t\t\t\t\t\t<\/figure>\n\t\t\t\t\t\t\t\t\t<\/div>\n\t\t\t\t<\/div>\n\t\t\t\t<div class=\"elementor-element elementor-element-fc38d74 elementor-widget elementor-widget-image\" data-id=\"fc38d74\" data-element_type=\"widget\" data-e-type=\"widget\" data-widget_type=\"image.default\">\n\t\t\t\t<div class=\"elementor-widget-container\">\n\t\t\t\t\t\t\t\t\t\t\t\t<figure class=\"wp-caption\">\n\t\t\t\t\t\t\t\t\t\t<img loading=\"lazy\" decoding=\"async\" width=\"393\" height=\"590\" src=\"https:\/\/www.elturistatranquil.com\/wp-content\/uploads\/F60-Torre-del-Castell-Esglesia-de-santa-Maria-del-Castell-Gosol-Lleida.jpg\" class=\"attachment-large size-large wp-image-49227\" alt=\"Torre del Castell-Esglesia de santa Maria del Castell, Gosol, Lleida\" srcset=\"https:\/\/www.elturistatranquil.com\/wp-content\/uploads\/F60-Torre-del-Castell-Esglesia-de-santa-Maria-del-Castell-Gosol-Lleida.jpg 393w, https:\/\/www.elturistatranquil.com\/wp-content\/uploads\/F60-Torre-del-Castell-Esglesia-de-santa-Maria-del-Castell-Gosol-Lleida-151x226.jpg 151w\" sizes=\"(max-width: 393px) 100vw, 393px\" \/>\t\t\t\t\t\t\t\t\t\t\t<figcaption class=\"widget-image-caption wp-caption-text\"><\/figcaption>\n\t\t\t\t\t\t\t\t\t\t<\/figure>\n\t\t\t\t\t\t\t\t\t<\/div>\n\t\t\t\t<\/div>\n\t\t\t\t<div class=\"elementor-element elementor-element-969a348 elementor-widget elementor-widget-image\" data-id=\"969a348\" data-element_type=\"widget\" data-e-type=\"widget\" data-widget_type=\"image.default\">\n\t\t\t\t<div class=\"elementor-widget-container\">\n\t\t\t\t\t\t\t\t\t\t\t\t<figure class=\"wp-caption\">\n\t\t\t\t\t\t\t\t\t\t<img loading=\"lazy\" decoding=\"async\" width=\"768\" height=\"511\" src=\"https:\/\/www.elturistatranquil.com\/wp-content\/uploads\/F61-Torre-del-Castell-Esglesia-de-santa-Maria-del-Castell-Gosol-Lleida.jpg\" class=\"attachment-large size-large wp-image-49229\" alt=\"Torre del Castell-Esglesia de santa Maria del Castell, Gosol, Lleida\" srcset=\"https:\/\/www.elturistatranquil.com\/wp-content\/uploads\/F61-Torre-del-Castell-Esglesia-de-santa-Maria-del-Castell-Gosol-Lleida.jpg 768w, https:\/\/www.elturistatranquil.com\/wp-content\/uploads\/F61-Torre-del-Castell-Esglesia-de-santa-Maria-del-Castell-Gosol-Lleida-339x226.jpg 339w\" sizes=\"(max-width: 768px) 100vw, 768px\" \/>\t\t\t\t\t\t\t\t\t\t\t<figcaption class=\"widget-image-caption wp-caption-text\"><\/figcaption>\n\t\t\t\t\t\t\t\t\t\t<\/figure>\n\t\t\t\t\t\t\t\t\t<\/div>\n\t\t\t\t<\/div>\n\t\t\t\t<div class=\"elementor-element elementor-element-ad4bc77 elementor-widget elementor-widget-heading\" data-id=\"ad4bc77\" data-element_type=\"widget\" data-e-type=\"widget\" data-widget_type=\"heading.default\">\n\t\t\t\t<div class=\"elementor-widget-container\">\n\t\t\t\t\t<h4 class=\"elementor-heading-title elementor-size-default\">La torre del castell i campanar<\/h4>\t\t\t\t<\/div>\n\t\t\t\t<\/div>\n\t\t\t\t<div class=\"elementor-element elementor-element-9ee7ebd elementor-widget elementor-widget-text-editor\" data-id=\"9ee7ebd\" data-element_type=\"widget\" data-e-type=\"widget\" data-widget_type=\"text-editor.default\">\n\t\t\t\t<div class=\"elementor-widget-container\">\n\t\t\t\t\t\t\t\t\t<p>Es considera que la construcci\u00f3 inicial corresponia a una torre de defensa i guaita del castell. Al reconvertir-se en campanar, es va al\u00e7ar un nivell m\u00e9s per enquibir-hi les campanes.<\/p><p>De planta lleugerament romboidal, amb els murs de ma\u00e7oneria i els angles refor\u00e7ats amb carreus. Presenta tres nivells, el superior escap\u00e7at. Les obertures eren d\u2019arc de mig punt, actualment molt modificades o tapiades.<\/p>\t\t\t\t\t\t\t\t<\/div>\n\t\t\t\t<\/div>\n\t\t\t\t<div class=\"elementor-element elementor-element-27d6695 elementor-widget elementor-widget-image\" data-id=\"27d6695\" data-element_type=\"widget\" data-e-type=\"widget\" data-widget_type=\"image.default\">\n\t\t\t\t<div class=\"elementor-widget-container\">\n\t\t\t\t\t\t\t\t\t\t\t\t<figure class=\"wp-caption\">\n\t\t\t\t\t\t\t\t\t\t<img loading=\"lazy\" decoding=\"async\" width=\"768\" height=\"511\" src=\"https:\/\/www.elturistatranquil.com\/wp-content\/uploads\/F62-Torre-del-Castell-Esglesia-de-santa-Maria-del-Castell-Gosol-Lleida.jpg\" class=\"attachment-large size-large wp-image-49231\" alt=\"Torre del Castell-Esglesia de santa Maria del Castell, Gosol, Lleida\" srcset=\"https:\/\/www.elturistatranquil.com\/wp-content\/uploads\/F62-Torre-del-Castell-Esglesia-de-santa-Maria-del-Castell-Gosol-Lleida.jpg 768w, https:\/\/www.elturistatranquil.com\/wp-content\/uploads\/F62-Torre-del-Castell-Esglesia-de-santa-Maria-del-Castell-Gosol-Lleida-339x226.jpg 339w\" sizes=\"(max-width: 768px) 100vw, 768px\" \/>\t\t\t\t\t\t\t\t\t\t\t<figcaption class=\"widget-image-caption wp-caption-text\"><\/figcaption>\n\t\t\t\t\t\t\t\t\t\t<\/figure>\n\t\t\t\t\t\t\t\t\t<\/div>\n\t\t\t\t<\/div>\n\t\t\t\t<div class=\"elementor-element elementor-element-e914968 elementor-widget elementor-widget-image\" data-id=\"e914968\" data-element_type=\"widget\" data-e-type=\"widget\" data-widget_type=\"image.default\">\n\t\t\t\t<div class=\"elementor-widget-container\">\n\t\t\t\t\t\t\t\t\t\t\t\t<figure class=\"wp-caption\">\n\t\t\t\t\t\t\t\t\t\t<img loading=\"lazy\" decoding=\"async\" width=\"768\" height=\"511\" src=\"https:\/\/www.elturistatranquil.com\/wp-content\/uploads\/F63-Torre-del-Castell-Esglesia-de-santa-Maria-del-Castell-Gosol-Lleida.jpg\" class=\"attachment-large size-large wp-image-49236\" alt=\"Torre del Castell-Esglesia de santa Maria del Castell, Gosol, Lleida\" srcset=\"https:\/\/www.elturistatranquil.com\/wp-content\/uploads\/F63-Torre-del-Castell-Esglesia-de-santa-Maria-del-Castell-Gosol-Lleida.jpg 768w, https:\/\/www.elturistatranquil.com\/wp-content\/uploads\/F63-Torre-del-Castell-Esglesia-de-santa-Maria-del-Castell-Gosol-Lleida-339x226.jpg 339w\" sizes=\"(max-width: 768px) 100vw, 768px\" \/>\t\t\t\t\t\t\t\t\t\t\t<figcaption class=\"widget-image-caption wp-caption-text\"><\/figcaption>\n\t\t\t\t\t\t\t\t\t\t<\/figure>\n\t\t\t\t\t\t\t\t\t<\/div>\n\t\t\t\t<\/div>\n\t\t\t\t<div class=\"elementor-element elementor-element-c219003 elementor-widget elementor-widget-image\" data-id=\"c219003\" data-element_type=\"widget\" data-e-type=\"widget\" data-widget_type=\"image.default\">\n\t\t\t\t<div class=\"elementor-widget-container\">\n\t\t\t\t\t\t\t\t\t\t\t\t<figure class=\"wp-caption\">\n\t\t\t\t\t\t\t\t\t\t<img loading=\"lazy\" decoding=\"async\" width=\"768\" height=\"511\" src=\"https:\/\/www.elturistatranquil.com\/wp-content\/uploads\/F64-Torre-del-Castell-Esglesia-de-santa-Maria-del-Castell-Gosol-Lleida.jpg\" class=\"attachment-large size-large wp-image-49238\" alt=\"Torre del Castell-Esglesia de santa Maria del Castell, Gosol, Lleida\" srcset=\"https:\/\/www.elturistatranquil.com\/wp-content\/uploads\/F64-Torre-del-Castell-Esglesia-de-santa-Maria-del-Castell-Gosol-Lleida.jpg 768w, https:\/\/www.elturistatranquil.com\/wp-content\/uploads\/F64-Torre-del-Castell-Esglesia-de-santa-Maria-del-Castell-Gosol-Lleida-339x226.jpg 339w\" sizes=\"(max-width: 768px) 100vw, 768px\" \/>\t\t\t\t\t\t\t\t\t\t\t<figcaption class=\"widget-image-caption wp-caption-text\"><\/figcaption>\n\t\t\t\t\t\t\t\t\t\t<\/figure>\n\t\t\t\t\t\t\t\t\t<\/div>\n\t\t\t\t<\/div>\n\t\t\t\t<div class=\"elementor-element elementor-element-4d64c77 elementor-widget elementor-widget-image\" data-id=\"4d64c77\" data-element_type=\"widget\" data-e-type=\"widget\" data-widget_type=\"image.default\">\n\t\t\t\t<div class=\"elementor-widget-container\">\n\t\t\t\t\t\t\t\t\t\t\t\t<figure class=\"wp-caption\">\n\t\t\t\t\t\t\t\t\t\t<img loading=\"lazy\" decoding=\"async\" width=\"768\" height=\"511\" src=\"https:\/\/www.elturistatranquil.com\/wp-content\/uploads\/F65-Torre-del-Castell-Esglesia-de-santa-Maria-del-Castell-Gosol-Lleida.jpg\" class=\"attachment-large size-large wp-image-49240\" alt=\"Torre del Castell-Esglesia de santa Maria del Castell, Gosol, Lleida\" srcset=\"https:\/\/www.elturistatranquil.com\/wp-content\/uploads\/F65-Torre-del-Castell-Esglesia-de-santa-Maria-del-Castell-Gosol-Lleida.jpg 768w, https:\/\/www.elturistatranquil.com\/wp-content\/uploads\/F65-Torre-del-Castell-Esglesia-de-santa-Maria-del-Castell-Gosol-Lleida-339x226.jpg 339w\" sizes=\"(max-width: 768px) 100vw, 768px\" \/>\t\t\t\t\t\t\t\t\t\t\t<figcaption class=\"widget-image-caption wp-caption-text\"><\/figcaption>\n\t\t\t\t\t\t\t\t\t\t<\/figure>\n\t\t\t\t\t\t\t\t\t<\/div>\n\t\t\t\t<\/div>\n\t\t\t\t<div class=\"elementor-element elementor-element-1183a73 elementor-widget elementor-widget-text-editor\" data-id=\"1183a73\" data-element_type=\"widget\" data-e-type=\"widget\" data-widget_type=\"text-editor.default\">\n\t\t\t\t<div class=\"elementor-widget-container\">\n\t\t\t\t\t\t\t\t\t<p>A l\u2019interior s\u2019hi ha instal\u00b7lat una escala met\u00e0l\u00b7lica que permet arribar al nivell superior i apreciar les vistes sobre les ru\u00efnes de la vila vella, el caseriu actual de G\u00f3sol i unes magnifiques perspectives sobre la vall, des d\u2019on es controlava el cam\u00ed ral. Aquesta funci\u00f3 de control del cam\u00ed entre el Bergued\u00e0 i l\u2019Alt Urgell, existent des d\u2019\u00e8poca romana, era una de les seves funcions.<\/p>\t\t\t\t\t\t\t\t<\/div>\n\t\t\t\t<\/div>\n\t\t\t\t<div class=\"elementor-element elementor-element-2e7c15e elementor-widget elementor-widget-image\" data-id=\"2e7c15e\" data-element_type=\"widget\" data-e-type=\"widget\" data-widget_type=\"image.default\">\n\t\t\t\t<div class=\"elementor-widget-container\">\n\t\t\t\t\t\t\t\t\t\t\t\t<figure class=\"wp-caption\">\n\t\t\t\t\t\t\t\t\t\t<img loading=\"lazy\" decoding=\"async\" width=\"768\" height=\"511\" src=\"https:\/\/www.elturistatranquil.com\/wp-content\/uploads\/F66-Torre-del-Castell-Esglesia-de-santa-Maria-del-Castell-Gosol-Lleida.jpg\" class=\"attachment-large size-large wp-image-49242\" alt=\"Torre del Castell-Esglesia de santa Maria del Castell, Gosol, Lleida\" srcset=\"https:\/\/www.elturistatranquil.com\/wp-content\/uploads\/F66-Torre-del-Castell-Esglesia-de-santa-Maria-del-Castell-Gosol-Lleida.jpg 768w, https:\/\/www.elturistatranquil.com\/wp-content\/uploads\/F66-Torre-del-Castell-Esglesia-de-santa-Maria-del-Castell-Gosol-Lleida-339x226.jpg 339w\" sizes=\"(max-width: 768px) 100vw, 768px\" \/>\t\t\t\t\t\t\t\t\t\t\t<figcaption class=\"widget-image-caption wp-caption-text\"><\/figcaption>\n\t\t\t\t\t\t\t\t\t\t<\/figure>\n\t\t\t\t\t\t\t\t\t<\/div>\n\t\t\t\t<\/div>\n\t\t\t\t<div class=\"elementor-element elementor-element-a0e5b85 elementor-widget elementor-widget-image\" data-id=\"a0e5b85\" data-element_type=\"widget\" data-e-type=\"widget\" data-widget_type=\"image.default\">\n\t\t\t\t<div class=\"elementor-widget-container\">\n\t\t\t\t\t\t\t\t\t\t\t\t<figure class=\"wp-caption\">\n\t\t\t\t\t\t\t\t\t\t<img loading=\"lazy\" decoding=\"async\" width=\"768\" height=\"511\" src=\"https:\/\/www.elturistatranquil.com\/wp-content\/uploads\/F67-Torre-del-Castell-Esglesia-de-santa-Maria-del-Castell-Gosol-Lleida.jpg\" class=\"attachment-large size-large wp-image-49244\" alt=\"Torre del Castell-Esglesia de santa Maria del Castell, Gosol, Lleida\" srcset=\"https:\/\/www.elturistatranquil.com\/wp-content\/uploads\/F67-Torre-del-Castell-Esglesia-de-santa-Maria-del-Castell-Gosol-Lleida.jpg 768w, https:\/\/www.elturistatranquil.com\/wp-content\/uploads\/F67-Torre-del-Castell-Esglesia-de-santa-Maria-del-Castell-Gosol-Lleida-339x226.jpg 339w\" sizes=\"(max-width: 768px) 100vw, 768px\" \/>\t\t\t\t\t\t\t\t\t\t\t<figcaption class=\"widget-image-caption wp-caption-text\"><\/figcaption>\n\t\t\t\t\t\t\t\t\t\t<\/figure>\n\t\t\t\t\t\t\t\t\t<\/div>\n\t\t\t\t<\/div>\n\t\t\t\t<section class=\"elementor-section elementor-inner-section elementor-element elementor-element-719667b elementor-section-boxed elementor-section-height-default elementor-section-height-default\" data-id=\"719667b\" data-element_type=\"section\" data-e-type=\"section\">\n\t\t\t\t\t\t<div class=\"elementor-container elementor-column-gap-default\">\n\t\t\t\t\t<div class=\"elementor-column elementor-col-50 elementor-inner-column elementor-element elementor-element-76c9268\" data-id=\"76c9268\" data-element_type=\"column\" data-e-type=\"column\">\n\t\t\t<div class=\"elementor-widget-wrap elementor-element-populated\">\n\t\t\t\t\t\t<div class=\"elementor-element elementor-element-db87433 elementor-widget elementor-widget-image\" data-id=\"db87433\" data-element_type=\"widget\" data-e-type=\"widget\" data-widget_type=\"image.default\">\n\t\t\t\t<div class=\"elementor-widget-container\">\n\t\t\t\t\t\t\t\t\t\t\t\t\t\t\t<img loading=\"lazy\" decoding=\"async\" width=\"380\" height=\"570\" src=\"https:\/\/www.elturistatranquil.com\/wp-content\/uploads\/F68m-Torre-del-Castell-Esglesia-de-santa-Maria-del-Castell-Gosol-Lleida.jpg\" class=\"attachment-large size-large wp-image-49246\" alt=\"Torre del Castell-Esglesia de santa Maria del Castell, Gosol, Lleida\" srcset=\"https:\/\/www.elturistatranquil.com\/wp-content\/uploads\/F68m-Torre-del-Castell-Esglesia-de-santa-Maria-del-Castell-Gosol-Lleida.jpg 380w, https:\/\/www.elturistatranquil.com\/wp-content\/uploads\/F68m-Torre-del-Castell-Esglesia-de-santa-Maria-del-Castell-Gosol-Lleida-151x226.jpg 151w\" sizes=\"(max-width: 380px) 100vw, 380px\" \/>\t\t\t\t\t\t\t\t\t\t\t\t\t\t\t<\/div>\n\t\t\t\t<\/div>\n\t\t\t\t\t<\/div>\n\t\t<\/div>\n\t\t\t\t<div class=\"elementor-column elementor-col-50 elementor-inner-column elementor-element elementor-element-15c2fd1\" data-id=\"15c2fd1\" data-element_type=\"column\" data-e-type=\"column\">\n\t\t\t<div class=\"elementor-widget-wrap elementor-element-populated\">\n\t\t\t\t\t\t<div class=\"elementor-element elementor-element-6e2a297 elementor-widget elementor-widget-image\" data-id=\"6e2a297\" data-element_type=\"widget\" data-e-type=\"widget\" data-widget_type=\"image.default\">\n\t\t\t\t<div class=\"elementor-widget-container\">\n\t\t\t\t\t\t\t\t\t\t\t\t\t\t\t<img loading=\"lazy\" decoding=\"async\" width=\"380\" height=\"570\" src=\"https:\/\/www.elturistatranquil.com\/wp-content\/uploads\/F68n-Torre-del-Castell-Esglesia-de-santa-Maria-del-Castell-Gosol-Lleida.jpg\" class=\"attachment-large size-large wp-image-49251\" alt=\"Torre del Castell-Esglesia de santa Maria del Castell, Gosol, Lleida\" srcset=\"https:\/\/www.elturistatranquil.com\/wp-content\/uploads\/F68n-Torre-del-Castell-Esglesia-de-santa-Maria-del-Castell-Gosol-Lleida.jpg 380w, https:\/\/www.elturistatranquil.com\/wp-content\/uploads\/F68n-Torre-del-Castell-Esglesia-de-santa-Maria-del-Castell-Gosol-Lleida-151x226.jpg 151w\" sizes=\"(max-width: 380px) 100vw, 380px\" \/>\t\t\t\t\t\t\t\t\t\t\t\t\t\t\t<\/div>\n\t\t\t\t<\/div>\n\t\t\t\t\t<\/div>\n\t\t<\/div>\n\t\t\t\t\t<\/div>\n\t\t<\/section>\n\t\t\t\t<div class=\"elementor-element elementor-element-4dfa422 elementor-widget elementor-widget-image\" data-id=\"4dfa422\" data-element_type=\"widget\" data-e-type=\"widget\" data-widget_type=\"image.default\">\n\t\t\t\t<div class=\"elementor-widget-container\">\n\t\t\t\t\t\t\t\t\t\t\t\t<figure class=\"wp-caption\">\n\t\t\t\t\t\t\t\t\t\t<img loading=\"lazy\" decoding=\"async\" width=\"768\" height=\"512\" src=\"https:\/\/www.elturistatranquil.com\/wp-content\/uploads\/F70-Torre-del-Castell-Esglesia-de-santa-Maria-del-Castell-Gosol-Lleida.jpg\" class=\"attachment-large size-large wp-image-49253\" alt=\"Torre del Castell-Esglesia de santa Maria del Castell, Gosol, Lleida\" srcset=\"https:\/\/www.elturistatranquil.com\/wp-content\/uploads\/F70-Torre-del-Castell-Esglesia-de-santa-Maria-del-Castell-Gosol-Lleida.jpg 768w, https:\/\/www.elturistatranquil.com\/wp-content\/uploads\/F70-Torre-del-Castell-Esglesia-de-santa-Maria-del-Castell-Gosol-Lleida-339x226.jpg 339w\" sizes=\"(max-width: 768px) 100vw, 768px\" \/>\t\t\t\t\t\t\t\t\t\t\t<figcaption class=\"widget-image-caption wp-caption-text\"><\/figcaption>\n\t\t\t\t\t\t\t\t\t\t<\/figure>\n\t\t\t\t\t\t\t\t\t<\/div>\n\t\t\t\t<\/div>\n\t\t\t\t<div class=\"elementor-element elementor-element-cf3f3c3 elementor-widget elementor-widget-image\" data-id=\"cf3f3c3\" data-element_type=\"widget\" data-e-type=\"widget\" data-widget_type=\"image.default\">\n\t\t\t\t<div class=\"elementor-widget-container\">\n\t\t\t\t\t\t\t\t\t\t\t\t<figure class=\"wp-caption\">\n\t\t\t\t\t\t\t\t\t\t<img loading=\"lazy\" decoding=\"async\" width=\"768\" height=\"512\" src=\"https:\/\/www.elturistatranquil.com\/wp-content\/uploads\/F71-Torre-del-Castell-Esglesia-de-santa-Maria-del-Castell-Gosol-Lleida.jpg\" class=\"attachment-large size-large wp-image-49255\" alt=\"Torre del Castell-Esglesia de santa Maria del Castell, Gosol, Lleida\" srcset=\"https:\/\/www.elturistatranquil.com\/wp-content\/uploads\/F71-Torre-del-Castell-Esglesia-de-santa-Maria-del-Castell-Gosol-Lleida.jpg 768w, https:\/\/www.elturistatranquil.com\/wp-content\/uploads\/F71-Torre-del-Castell-Esglesia-de-santa-Maria-del-Castell-Gosol-Lleida-339x226.jpg 339w\" sizes=\"(max-width: 768px) 100vw, 768px\" \/>\t\t\t\t\t\t\t\t\t\t\t<figcaption class=\"widget-image-caption wp-caption-text\"><\/figcaption>\n\t\t\t\t\t\t\t\t\t\t<\/figure>\n\t\t\t\t\t\t\t\t\t<\/div>\n\t\t\t\t<\/div>\n\t\t\t\t<div class=\"elementor-element elementor-element-dccd536 elementor-widget elementor-widget-image\" data-id=\"dccd536\" data-element_type=\"widget\" data-e-type=\"widget\" data-widget_type=\"image.default\">\n\t\t\t\t<div class=\"elementor-widget-container\">\n\t\t\t\t\t\t\t\t\t\t\t\t<figure class=\"wp-caption\">\n\t\t\t\t\t\t\t\t\t\t<img loading=\"lazy\" decoding=\"async\" width=\"768\" height=\"511\" src=\"https:\/\/www.elturistatranquil.com\/wp-content\/uploads\/F72-Vila-Vella-i-castell-Gosol-Lleida.jpg\" class=\"attachment-large size-large wp-image-49257\" alt=\"Vila Vella i castell, Gosol, Lleida\" srcset=\"https:\/\/www.elturistatranquil.com\/wp-content\/uploads\/F72-Vila-Vella-i-castell-Gosol-Lleida.jpg 768w, https:\/\/www.elturistatranquil.com\/wp-content\/uploads\/F72-Vila-Vella-i-castell-Gosol-Lleida-339x226.jpg 339w\" sizes=\"(max-width: 768px) 100vw, 768px\" \/>\t\t\t\t\t\t\t\t\t\t\t<figcaption class=\"widget-image-caption wp-caption-text\"><\/figcaption>\n\t\t\t\t\t\t\t\t\t\t<\/figure>\n\t\t\t\t\t\t\t\t\t<\/div>\n\t\t\t\t<\/div>\n\t\t\t\t<div class=\"elementor-element elementor-element-c48232f elementor-widget elementor-widget-image\" data-id=\"c48232f\" data-element_type=\"widget\" data-e-type=\"widget\" data-widget_type=\"image.default\">\n\t\t\t\t<div class=\"elementor-widget-container\">\n\t\t\t\t\t\t\t\t\t\t\t\t<figure class=\"wp-caption\">\n\t\t\t\t\t\t\t\t\t\t<img loading=\"lazy\" decoding=\"async\" width=\"768\" height=\"511\" src=\"https:\/\/www.elturistatranquil.com\/wp-content\/uploads\/F73-Vila-Vella-i-castell-Gosol-Lleida.jpg\" class=\"attachment-large size-large wp-image-49259\" alt=\"Vila Vella i castell, Gosol, Lleida\" srcset=\"https:\/\/www.elturistatranquil.com\/wp-content\/uploads\/F73-Vila-Vella-i-castell-Gosol-Lleida.jpg 768w, https:\/\/www.elturistatranquil.com\/wp-content\/uploads\/F73-Vila-Vella-i-castell-Gosol-Lleida-339x226.jpg 339w\" sizes=\"(max-width: 768px) 100vw, 768px\" \/>\t\t\t\t\t\t\t\t\t\t\t<figcaption class=\"widget-image-caption wp-caption-text\"><\/figcaption>\n\t\t\t\t\t\t\t\t\t\t<\/figure>\n\t\t\t\t\t\t\t\t\t<\/div>\n\t\t\t\t<\/div>\n\t\t\t\t<div class=\"elementor-element elementor-element-10abba8 elementor-widget elementor-widget-image\" data-id=\"10abba8\" data-element_type=\"widget\" data-e-type=\"widget\" data-widget_type=\"image.default\">\n\t\t\t\t<div class=\"elementor-widget-container\">\n\t\t\t\t\t\t\t\t\t\t\t\t<figure class=\"wp-caption\">\n\t\t\t\t\t\t\t\t\t\t<img loading=\"lazy\" decoding=\"async\" width=\"768\" height=\"511\" src=\"https:\/\/www.elturistatranquil.com\/wp-content\/uploads\/F74-Vila-Vella-i-castell-Gosol-Lleida.jpg\" class=\"attachment-large size-large wp-image-49261\" alt=\"Vila Vella i castell, Gosol, Lleida\" srcset=\"https:\/\/www.elturistatranquil.com\/wp-content\/uploads\/F74-Vila-Vella-i-castell-Gosol-Lleida.jpg 768w, https:\/\/www.elturistatranquil.com\/wp-content\/uploads\/F74-Vila-Vella-i-castell-Gosol-Lleida-339x226.jpg 339w\" sizes=\"(max-width: 768px) 100vw, 768px\" \/>\t\t\t\t\t\t\t\t\t\t\t<figcaption class=\"widget-image-caption wp-caption-text\"><\/figcaption>\n\t\t\t\t\t\t\t\t\t\t<\/figure>\n\t\t\t\t\t\t\t\t\t<\/div>\n\t\t\t\t<\/div>\n\t\t\t\t<div class=\"elementor-element elementor-element-7a2702a elementor-widget elementor-widget-text-editor\" data-id=\"7a2702a\" data-element_type=\"widget\" data-e-type=\"widget\" data-widget_type=\"text-editor.default\">\n\t\t\t\t<div class=\"elementor-widget-container\">\n\t\t\t\t\t\t\t\t\t<p>Terrasses de conreu abandonades a la falda del castell.<\/p>\t\t\t\t\t\t\t\t<\/div>\n\t\t\t\t<\/div>\n\t\t\t\t<div class=\"elementor-element elementor-element-82c32ea elementor-widget elementor-widget-image\" data-id=\"82c32ea\" data-element_type=\"widget\" data-e-type=\"widget\" data-widget_type=\"image.default\">\n\t\t\t\t<div class=\"elementor-widget-container\">\n\t\t\t\t\t\t\t\t\t\t\t\t<figure class=\"wp-caption\">\n\t\t\t\t\t\t\t\t\t\t<img loading=\"lazy\" decoding=\"async\" width=\"768\" height=\"511\" src=\"https:\/\/www.elturistatranquil.com\/wp-content\/uploads\/F75-Vila-Vella-i-castell-Gosol-Lleida.jpg\" class=\"attachment-large size-large wp-image-49266\" alt=\"Vila Vella i castell, Gosol, Lleida\" srcset=\"https:\/\/www.elturistatranquil.com\/wp-content\/uploads\/F75-Vila-Vella-i-castell-Gosol-Lleida.jpg 768w, https:\/\/www.elturistatranquil.com\/wp-content\/uploads\/F75-Vila-Vella-i-castell-Gosol-Lleida-339x226.jpg 339w\" sizes=\"(max-width: 768px) 100vw, 768px\" \/>\t\t\t\t\t\t\t\t\t\t\t<figcaption class=\"widget-image-caption wp-caption-text\"><\/figcaption>\n\t\t\t\t\t\t\t\t\t\t<\/figure>\n\t\t\t\t\t\t\t\t\t<\/div>\n\t\t\t\t<\/div>\n\t\t\t\t<div class=\"elementor-element elementor-element-ca0797f elementor-widget elementor-widget-text-editor\" data-id=\"ca0797f\" data-element_type=\"widget\" data-e-type=\"widget\" data-widget_type=\"text-editor.default\">\n\t\t\t\t<div class=\"elementor-widget-container\">\n\t\t\t\t\t\t\t\t\t<p>Dels peus de la torre parteix la muralla perfectament visible en la seva base.<\/p>\t\t\t\t\t\t\t\t<\/div>\n\t\t\t\t<\/div>\n\t\t\t\t<div class=\"elementor-element elementor-element-7095ad2 elementor-widget elementor-widget-image\" data-id=\"7095ad2\" data-element_type=\"widget\" data-e-type=\"widget\" data-widget_type=\"image.default\">\n\t\t\t\t<div class=\"elementor-widget-container\">\n\t\t\t\t\t\t\t\t\t\t\t\t<figure class=\"wp-caption\">\n\t\t\t\t\t\t\t\t\t\t<img loading=\"lazy\" decoding=\"async\" width=\"768\" height=\"512\" src=\"https:\/\/www.elturistatranquil.com\/wp-content\/uploads\/F76-Vila-Vella-i-castell-Gosol-Lleida.jpg\" class=\"attachment-large size-large wp-image-49268\" alt=\"Vila Vella i castell, Gosol, Lleida\" srcset=\"https:\/\/www.elturistatranquil.com\/wp-content\/uploads\/F76-Vila-Vella-i-castell-Gosol-Lleida.jpg 768w, https:\/\/www.elturistatranquil.com\/wp-content\/uploads\/F76-Vila-Vella-i-castell-Gosol-Lleida-339x226.jpg 339w\" sizes=\"(max-width: 768px) 100vw, 768px\" \/>\t\t\t\t\t\t\t\t\t\t\t<figcaption class=\"widget-image-caption wp-caption-text\"><\/figcaption>\n\t\t\t\t\t\t\t\t\t\t<\/figure>\n\t\t\t\t\t\t\t\t\t<\/div>\n\t\t\t\t<\/div>\n\t\t\t\t<div class=\"elementor-element elementor-element-b87a938 elementor-widget elementor-widget-text-editor\" data-id=\"b87a938\" data-element_type=\"widget\" data-e-type=\"widget\" data-widget_type=\"text-editor.default\">\n\t\t\t\t<div class=\"elementor-widget-container\">\n\t\t\t\t\t\t\t\t\t<p>A la dreta de la muralla, les restes de l\u2019estructura urbana de la vila vella.<\/p>\t\t\t\t\t\t\t\t<\/div>\n\t\t\t\t<\/div>\n\t\t\t\t<div class=\"elementor-element elementor-element-5f8496e elementor-widget elementor-widget-image\" data-id=\"5f8496e\" data-element_type=\"widget\" data-e-type=\"widget\" data-widget_type=\"image.default\">\n\t\t\t\t<div class=\"elementor-widget-container\">\n\t\t\t\t\t\t\t\t\t\t\t\t<figure class=\"wp-caption\">\n\t\t\t\t\t\t\t\t\t\t<img loading=\"lazy\" decoding=\"async\" width=\"768\" height=\"512\" src=\"https:\/\/www.elturistatranquil.com\/wp-content\/uploads\/F77-Vila-Vella-i-castell-Gosol-Lleida.jpg\" class=\"attachment-large size-large wp-image-49270\" alt=\"Vila Vella i castell, Gosol, Lleida\" srcset=\"https:\/\/www.elturistatranquil.com\/wp-content\/uploads\/F77-Vila-Vella-i-castell-Gosol-Lleida.jpg 768w, https:\/\/www.elturistatranquil.com\/wp-content\/uploads\/F77-Vila-Vella-i-castell-Gosol-Lleida-339x226.jpg 339w\" sizes=\"(max-width: 768px) 100vw, 768px\" \/>\t\t\t\t\t\t\t\t\t\t\t<figcaption class=\"widget-image-caption wp-caption-text\"><\/figcaption>\n\t\t\t\t\t\t\t\t\t\t<\/figure>\n\t\t\t\t\t\t\t\t\t<\/div>\n\t\t\t\t<\/div>\n\t\t\t\t<div class=\"elementor-element elementor-element-4b3d864 elementor-widget elementor-widget-image\" data-id=\"4b3d864\" data-element_type=\"widget\" data-e-type=\"widget\" data-widget_type=\"image.default\">\n\t\t\t\t<div class=\"elementor-widget-container\">\n\t\t\t\t\t\t\t\t\t\t\t\t<figure class=\"wp-caption\">\n\t\t\t\t\t\t\t\t\t\t<img loading=\"lazy\" decoding=\"async\" width=\"768\" height=\"512\" src=\"https:\/\/www.elturistatranquil.com\/wp-content\/uploads\/F78-Vila-Vella-i-castell-Gosol-Lleida.jpg\" class=\"attachment-large size-large wp-image-49272\" alt=\"Vila Vella i castell, Gosol, Lleida\" srcset=\"https:\/\/www.elturistatranquil.com\/wp-content\/uploads\/F78-Vila-Vella-i-castell-Gosol-Lleida.jpg 768w, https:\/\/www.elturistatranquil.com\/wp-content\/uploads\/F78-Vila-Vella-i-castell-Gosol-Lleida-339x226.jpg 339w\" sizes=\"(max-width: 768px) 100vw, 768px\" \/>\t\t\t\t\t\t\t\t\t\t\t<figcaption class=\"widget-image-caption wp-caption-text\"><\/figcaption>\n\t\t\t\t\t\t\t\t\t\t<\/figure>\n\t\t\t\t\t\t\t\t\t<\/div>\n\t\t\t\t<\/div>\n\t\t\t\t<div class=\"elementor-element elementor-element-019d156 elementor-widget elementor-widget-heading\" data-id=\"019d156\" data-element_type=\"widget\" data-e-type=\"widget\" data-widget_type=\"heading.default\">\n\t\t\t\t<div class=\"elementor-widget-container\">\n\t\t\t\t\t<h3 class=\"elementor-heading-title elementor-size-default\">Ermita del Roser<\/h3>\t\t\t\t<\/div>\n\t\t\t\t<\/div>\n\t\t\t\t<div class=\"elementor-element elementor-element-de50ca7 elementor-widget elementor-widget-text-editor\" data-id=\"de50ca7\" data-element_type=\"widget\" data-e-type=\"widget\" data-widget_type=\"text-editor.default\">\n\t\t\t\t<div class=\"elementor-widget-container\">\n\t\t\t\t\t\t\t\t\t<p>Davant l\u2019entrada de la vila vella, trobem l\u2019ermita del Roser. Una petita construcci\u00f3 d\u2019una sola nau rectangular i l\u2019absis pla.<\/p><p>Els murs de ma\u00e7oneria de pedra amb els angles de carreus, i la coberta a dues aig\u00fces, amb teula corba.<\/p>\t\t\t\t\t\t\t\t<\/div>\n\t\t\t\t<\/div>\n\t\t\t\t<div class=\"elementor-element elementor-element-d1b6be5 elementor-widget elementor-widget-image\" data-id=\"d1b6be5\" data-element_type=\"widget\" data-e-type=\"widget\" data-widget_type=\"image.default\">\n\t\t\t\t<div class=\"elementor-widget-container\">\n\t\t\t\t\t\t\t\t\t\t\t\t<figure class=\"wp-caption\">\n\t\t\t\t\t\t\t\t\t\t<img loading=\"lazy\" decoding=\"async\" width=\"768\" height=\"512\" src=\"https:\/\/www.elturistatranquil.com\/wp-content\/uploads\/F79-Ermita-del-Roser-Gosol-Lleida.jpg\" class=\"attachment-large size-large wp-image-49276\" alt=\"Ermita del Roser, Gosol, Lleida\" srcset=\"https:\/\/www.elturistatranquil.com\/wp-content\/uploads\/F79-Ermita-del-Roser-Gosol-Lleida.jpg 768w, https:\/\/www.elturistatranquil.com\/wp-content\/uploads\/F79-Ermita-del-Roser-Gosol-Lleida-339x226.jpg 339w\" sizes=\"(max-width: 768px) 100vw, 768px\" \/>\t\t\t\t\t\t\t\t\t\t\t<figcaption class=\"widget-image-caption wp-caption-text\"><\/figcaption>\n\t\t\t\t\t\t\t\t\t\t<\/figure>\n\t\t\t\t\t\t\t\t\t<\/div>\n\t\t\t\t<\/div>\n\t\t\t\t<div class=\"elementor-element elementor-element-b001ba4 elementor-widget elementor-widget-text-editor\" data-id=\"b001ba4\" data-element_type=\"widget\" data-e-type=\"widget\" data-widget_type=\"text-editor.default\">\n\t\t\t\t<div class=\"elementor-widget-container\">\n\t\t\t\t\t\t\t\t\t<p>For\u00e7ada per la seva localitzaci\u00f3, l\u2019ermita tamb\u00e9 esta orientada a ponent, la fa\u00e7ana te una porta d\u2019arc de mig punt amb dovelles de pedra arenosa vermella que crea un contrast est\u00e8tic. Per sobre un \u00f2cul rodo y una espadanya d\u2019una campana. A l\u2019arc una inscripci\u00f3 de l\u2019any 1581.<\/p>\t\t\t\t\t\t\t\t<\/div>\n\t\t\t\t<\/div>\n\t\t\t\t<div class=\"elementor-element elementor-element-b175a7d elementor-widget elementor-widget-image\" data-id=\"b175a7d\" data-element_type=\"widget\" data-e-type=\"widget\" data-widget_type=\"image.default\">\n\t\t\t\t<div class=\"elementor-widget-container\">\n\t\t\t\t\t\t\t\t\t\t\t\t<figure class=\"wp-caption\">\n\t\t\t\t\t\t\t\t\t\t<img loading=\"lazy\" decoding=\"async\" width=\"768\" height=\"511\" src=\"https:\/\/www.elturistatranquil.com\/wp-content\/uploads\/F80-Ermita-del-Roser-Gosol-Lleida.jpg\" class=\"attachment-large size-large wp-image-49278\" alt=\"Ermita del Roser, Gosol, Lleida\" srcset=\"https:\/\/www.elturistatranquil.com\/wp-content\/uploads\/F80-Ermita-del-Roser-Gosol-Lleida.jpg 768w, https:\/\/www.elturistatranquil.com\/wp-content\/uploads\/F80-Ermita-del-Roser-Gosol-Lleida-339x226.jpg 339w\" sizes=\"(max-width: 768px) 100vw, 768px\" \/>\t\t\t\t\t\t\t\t\t\t\t<figcaption class=\"widget-image-caption wp-caption-text\"><\/figcaption>\n\t\t\t\t\t\t\t\t\t\t<\/figure>\n\t\t\t\t\t\t\t\t\t<\/div>\n\t\t\t\t<\/div>\n\t\t\t\t<div class=\"elementor-element elementor-element-14f87e2 elementor-widget elementor-widget-image\" data-id=\"14f87e2\" data-element_type=\"widget\" data-e-type=\"widget\" data-widget_type=\"image.default\">\n\t\t\t\t<div class=\"elementor-widget-container\">\n\t\t\t\t\t\t\t\t\t\t\t\t<figure class=\"wp-caption\">\n\t\t\t\t\t\t\t\t\t\t<img loading=\"lazy\" decoding=\"async\" width=\"768\" height=\"511\" src=\"https:\/\/www.elturistatranquil.com\/wp-content\/uploads\/F81-Ermita-del-Roser-Gosol-Lleida.jpg\" class=\"attachment-large size-large wp-image-49280\" alt=\"Ermita del Roser, Gosol, Lleida\" srcset=\"https:\/\/www.elturistatranquil.com\/wp-content\/uploads\/F81-Ermita-del-Roser-Gosol-Lleida.jpg 768w, https:\/\/www.elturistatranquil.com\/wp-content\/uploads\/F81-Ermita-del-Roser-Gosol-Lleida-339x226.jpg 339w\" sizes=\"(max-width: 768px) 100vw, 768px\" \/>\t\t\t\t\t\t\t\t\t\t\t<figcaption class=\"widget-image-caption wp-caption-text\"><\/figcaption>\n\t\t\t\t\t\t\t\t\t\t<\/figure>\n\t\t\t\t\t\t\t\t\t<\/div>\n\t\t\t\t<\/div>\n\t\t\t\t<div class=\"elementor-element elementor-element-19489db elementor-widget elementor-widget-text-editor\" data-id=\"19489db\" data-element_type=\"widget\" data-e-type=\"widget\" data-widget_type=\"text-editor.default\">\n\t\t\t\t<div class=\"elementor-widget-container\">\n\t\t\t\t\t\t\t\t\t<p>Curiosament, al costat dret de la porta hi ha una habilitat el que sembla un beneiter.<\/p>\t\t\t\t\t\t\t\t<\/div>\n\t\t\t\t<\/div>\n\t\t\t\t<div class=\"elementor-element elementor-element-76ea6c4 elementor-widget elementor-widget-image\" data-id=\"76ea6c4\" data-element_type=\"widget\" data-e-type=\"widget\" data-widget_type=\"image.default\">\n\t\t\t\t<div class=\"elementor-widget-container\">\n\t\t\t\t\t\t\t\t\t\t\t\t<figure class=\"wp-caption\">\n\t\t\t\t\t\t\t\t\t\t<img loading=\"lazy\" decoding=\"async\" width=\"768\" height=\"511\" src=\"https:\/\/www.elturistatranquil.com\/wp-content\/uploads\/F82-Ermita-del-Roser-Gosol-Lleida.jpg\" class=\"attachment-large size-large wp-image-49285\" alt=\"Ermita del Roser, Gosol, Lleida\" srcset=\"https:\/\/www.elturistatranquil.com\/wp-content\/uploads\/F82-Ermita-del-Roser-Gosol-Lleida.jpg 768w, https:\/\/www.elturistatranquil.com\/wp-content\/uploads\/F82-Ermita-del-Roser-Gosol-Lleida-339x226.jpg 339w\" sizes=\"(max-width: 768px) 100vw, 768px\" \/>\t\t\t\t\t\t\t\t\t\t\t<figcaption class=\"widget-image-caption wp-caption-text\"><\/figcaption>\n\t\t\t\t\t\t\t\t\t\t<\/figure>\n\t\t\t\t\t\t\t\t\t<\/div>\n\t\t\t\t<\/div>\n\t\t\t\t<div class=\"elementor-element elementor-element-a3797bc elementor-widget elementor-widget-text-editor\" data-id=\"a3797bc\" data-element_type=\"widget\" data-e-type=\"widget\" data-widget_type=\"text-editor.default\">\n\t\t\t\t<div class=\"elementor-widget-container\">\n\t\t\t\t\t\t\t\t\t<p>L\u2019interior actual \u00e9s molt simple, amb un s\u00f2col de pedra i les parets superior i la volta d\u2019obra, emblanquinades, amb l\u2019absis pla a la cap\u00e7alera.<\/p>\t\t\t\t\t\t\t\t<\/div>\n\t\t\t\t<\/div>\n\t\t\t\t<div class=\"elementor-element elementor-element-d0f8bf8 elementor-widget elementor-widget-image\" data-id=\"d0f8bf8\" data-element_type=\"widget\" data-e-type=\"widget\" data-widget_type=\"image.default\">\n\t\t\t\t<div class=\"elementor-widget-container\">\n\t\t\t\t\t\t\t\t\t\t\t\t<figure class=\"wp-caption\">\n\t\t\t\t\t\t\t\t\t\t<img loading=\"lazy\" decoding=\"async\" width=\"768\" height=\"512\" src=\"https:\/\/www.elturistatranquil.com\/wp-content\/uploads\/F83-Ermita-del-Roser-Gosol-Lleida.jpg\" class=\"attachment-large size-large wp-image-49287\" alt=\"Ermita del Roser, Gosol, Lleida\" srcset=\"https:\/\/www.elturistatranquil.com\/wp-content\/uploads\/F83-Ermita-del-Roser-Gosol-Lleida.jpg 768w, https:\/\/www.elturistatranquil.com\/wp-content\/uploads\/F83-Ermita-del-Roser-Gosol-Lleida-339x226.jpg 339w\" sizes=\"(max-width: 768px) 100vw, 768px\" \/>\t\t\t\t\t\t\t\t\t\t\t<figcaption class=\"widget-image-caption wp-caption-text\"><\/figcaption>\n\t\t\t\t\t\t\t\t\t\t<\/figure>\n\t\t\t\t\t\t\t\t\t<\/div>\n\t\t\t\t<\/div>\n\t\t\t\t<div class=\"elementor-element elementor-element-f9f19b4 elementor-widget elementor-widget-heading\" data-id=\"f9f19b4\" data-element_type=\"widget\" data-e-type=\"widget\" data-widget_type=\"heading.default\">\n\t\t\t\t<div class=\"elementor-widget-container\">\n\t\t\t\t\t<h3 class=\"elementor-heading-title elementor-size-default\">Picasso a G\u00f3sol. Centre Picasso de G\u00f3sol i Museu Etnogr\u00e0fic<\/h3>\t\t\t\t<\/div>\n\t\t\t\t<\/div>\n\t\t\t\t<div class=\"elementor-element elementor-element-6c3f770 elementor-widget elementor-widget-text-editor\" data-id=\"6c3f770\" data-element_type=\"widget\" data-e-type=\"widget\" data-widget_type=\"text-editor.default\">\n\t\t\t\t<div class=\"elementor-widget-container\">\n\t\t\t\t\t\t\t\t\t<p>Com va anar a parar Picasso a G\u00f3sol?. \u00c9s possible que estan a Barcelona amb Fernande volgu\u00e9s ensenyar-li Horta de Sant Joan, per rememorar la seva fruct\u00edfera estada a la Terra Alta, a la prov\u00edncia de Tarragona. Per\u00f2 alguna cosa deuria impedir-ho i el lloc de dest\u00ed es va substituir per un poble del Pirineu al que habitualment anaven a estiuejar els escultors Manolo Hugu\u00e9 i Enric Casanovas i el pianista Carles Vidiella. Tamb\u00e9 era l\u2019indret escollit pel doctor Jacint Ravent\u00f3s per enviar els seus pacients convalescents.<\/p><p>Picasso i Fernande Olivier van arribar amb tren fins a Guardiola de Bergued\u00e0 i a partir d&#8217;aqu\u00ed van continuar el seu viatge amb muls fins a G\u00f3sol pel cam\u00ed de ferradura d\u2019aquella \u00e8poca que els comunicava, arribant a la vila el 27 o 28 de maig de 1906 i hi van restar fins el 15 d\u2019agost, uns dos mesos i mig. (Veure el pl\u00e0nol de camins del principi del text).<\/p><p>Per marxar ho van fer tamb\u00e9 amb muls pel cam\u00ed que ancestralment feien servir traginers, bandolers, m\u00fasics i contrabandistes, fins a Bellver de Cerdanya, passant pel Pas dels Gosolans que es troba 2.438 d&#8217;altitud. Des d\u2019aqu\u00ed, en cotxe van anar a Puigcerd\u00e0 i Aix-les-Thermes, per arribar a Par\u00eds en tren.<\/p><p>L\u2019actual <strong>Centre Picasso G\u00f3sol, inaugurat l\u2019any 2011, <\/strong>\u00a0aglutina dues antigues instal\u00b7lacions: el Museu Etnol\u00f2gic i la Sala Picasso, presentant en un \u00fanic espai d\u2019una manera totalment integradora el G\u00f3sol de principis del segle XX i l\u2019estada de Picasso al poble. S\u2019ha unit el patrimoni etnogr\u00e0fic gosol\u00e0 i Picasso, considerant que Picasso no seria Picasso sense la seva estada al poble.<\/p><p>El Centre Picasso no est\u00e0 plantejat com un museu, ja que totes los obres s\u00f3n reproduccions, sin\u00f3 com un centre d\u2019interpretaci\u00f3 de l\u2019obra de Picasso feta a G\u00f3sol. Es tracta d\u2019acostar l\u2019obra d\u2019art all\u00e0 on va ser creada, al temps que poder veure totes aquestes obres juntes all\u00e0 on es van crear-idear-pensar, malgrat sigui en reproduccions.<\/p><p>Cal tenir en compte que la major part de les 302 obres atribu\u00efdes al per\u00edode gosol\u00e0 estan escampades arreu dels museus d\u2019art del m\u00f3n o b\u00e9 en col\u00b7leccions privades.<\/p><p>Com s\u2019assenyala a la presentaci\u00f3 del Centre, aqu\u00ed es poden contemplar una mostra representativa de les tres-centes dues obres que s\u2019atribueixen al per\u00edode gosol\u00e0, juntament amb el paisatge que va rodejar Picasso al 1906: el Pedraforca, el Castell, la pla\u00e7a, un variat recull de fotografies antigues de G\u00f3sol, els estris quotidians de l\u2019\u00e8poca com ara les llevadores, els c\u00e0ntirs d\u2019oli, els llums per espantar llops, la filadora\u2026 reflex tots ells del car\u00e0cter de la gent que va fer possible aquest canvi en la hist\u00f2ria de l\u2019art, adquirint i comprenent tot el seu significat.<\/p>\t\t\t\t\t\t\t\t<\/div>\n\t\t\t\t<\/div>\n\t\t\t\t<div class=\"elementor-element elementor-element-e6efe08 elementor-widget elementor-widget-image\" data-id=\"e6efe08\" data-element_type=\"widget\" data-e-type=\"widget\" data-widget_type=\"image.default\">\n\t\t\t\t<div class=\"elementor-widget-container\">\n\t\t\t\t\t\t\t\t\t\t\t\t<figure class=\"wp-caption\">\n\t\t\t\t\t\t\t\t\t\t<img loading=\"lazy\" decoding=\"async\" width=\"768\" height=\"511\" src=\"https:\/\/www.elturistatranquil.com\/wp-content\/uploads\/F84-Centre-Picasso-Gosol-Lleida.jpg\" class=\"attachment-large size-large wp-image-49289\" alt=\"Centre Picasso Gosol, Lleida\" srcset=\"https:\/\/www.elturistatranquil.com\/wp-content\/uploads\/F84-Centre-Picasso-Gosol-Lleida.jpg 768w, https:\/\/www.elturistatranquil.com\/wp-content\/uploads\/F84-Centre-Picasso-Gosol-Lleida-339x226.jpg 339w\" sizes=\"(max-width: 768px) 100vw, 768px\" \/>\t\t\t\t\t\t\t\t\t\t\t<figcaption class=\"widget-image-caption wp-caption-text\"><\/figcaption>\n\t\t\t\t\t\t\t\t\t\t<\/figure>\n\t\t\t\t\t\t\t\t\t<\/div>\n\t\t\t\t<\/div>\n\t\t\t\t<div class=\"elementor-element elementor-element-49235f5 elementor-widget elementor-widget-text-editor\" data-id=\"49235f5\" data-element_type=\"widget\" data-e-type=\"widget\" data-widget_type=\"text-editor.default\">\n\t\t\t\t<div class=\"elementor-widget-container\">\n\t\t\t\t\t\t\t\t\t<p>La benvinguda al Centre ens la dona la parella de gegants de G\u00f3sol: el Genis i la Maria, de 3,50 i 3,45 metres d\u2019al\u00e7ada respectivament, fets l\u2019any 1969. Primer vestien de reis, i a partir dels anys 80 van vestits de pagesos.<\/p>\t\t\t\t\t\t\t\t<\/div>\n\t\t\t\t<\/div>\n\t\t\t\t<div class=\"elementor-element elementor-element-41fb62e elementor-widget elementor-widget-image\" data-id=\"41fb62e\" data-element_type=\"widget\" data-e-type=\"widget\" data-widget_type=\"image.default\">\n\t\t\t\t<div class=\"elementor-widget-container\">\n\t\t\t\t\t\t\t\t\t\t\t\t<figure class=\"wp-caption\">\n\t\t\t\t\t\t\t\t\t\t<img loading=\"lazy\" decoding=\"async\" width=\"393\" height=\"590\" src=\"https:\/\/www.elturistatranquil.com\/wp-content\/uploads\/F85-Gegants-de-Gosol-Centre-Picasso-Gosol-Lleida.jpg\" class=\"attachment-large size-large wp-image-49294\" alt=\"Gegants de Gosol, Centre Picasso, Gosol, Lleida\" srcset=\"https:\/\/www.elturistatranquil.com\/wp-content\/uploads\/F85-Gegants-de-Gosol-Centre-Picasso-Gosol-Lleida.jpg 393w, https:\/\/www.elturistatranquil.com\/wp-content\/uploads\/F85-Gegants-de-Gosol-Centre-Picasso-Gosol-Lleida-151x226.jpg 151w\" sizes=\"(max-width: 393px) 100vw, 393px\" \/>\t\t\t\t\t\t\t\t\t\t\t<figcaption class=\"widget-image-caption wp-caption-text\"><\/figcaption>\n\t\t\t\t\t\t\t\t\t\t<\/figure>\n\t\t\t\t\t\t\t\t\t<\/div>\n\t\t\t\t<\/div>\n\t\t\t\t<div class=\"elementor-element elementor-element-989da8b elementor-widget elementor-widget-text-editor\" data-id=\"989da8b\" data-element_type=\"widget\" data-e-type=\"widget\" data-widget_type=\"text-editor.default\">\n\t\t\t\t<div class=\"elementor-widget-container\">\n\t\t\t\t\t\t\t\t\t<p>Tamb\u00e9 al vest\u00edbul l\u2019escultura \u201cFernande\u201d, talla de pi negre de l\u2019any 2006, centenari de l\u2019estada de Picasso a G\u00f3sol, realitzada per alumnes d\u2019arts aplicades de l\u2019escultura de l\u2019escola Llotja, centre on Picasso va \u00e9sser alumne oficial des de 1895 fins a 1897.<\/p>\t\t\t\t\t\t\t\t<\/div>\n\t\t\t\t<\/div>\n\t\t\t\t<div class=\"elementor-element elementor-element-20f56a5 elementor-widget elementor-widget-image\" data-id=\"20f56a5\" data-element_type=\"widget\" data-e-type=\"widget\" data-widget_type=\"image.default\">\n\t\t\t\t<div class=\"elementor-widget-container\">\n\t\t\t\t\t\t\t\t\t\t\t\t<figure class=\"wp-caption\">\n\t\t\t\t\t\t\t\t\t\t<img loading=\"lazy\" decoding=\"async\" width=\"768\" height=\"511\" src=\"https:\/\/www.elturistatranquil.com\/wp-content\/uploads\/F86-Centre-Picasso-Gosol-Lleida.jpg\" class=\"attachment-large size-large wp-image-49296\" alt=\"Centre Picasso, Gosol, Lleida\" srcset=\"https:\/\/www.elturistatranquil.com\/wp-content\/uploads\/F86-Centre-Picasso-Gosol-Lleida.jpg 768w, https:\/\/www.elturistatranquil.com\/wp-content\/uploads\/F86-Centre-Picasso-Gosol-Lleida-339x226.jpg 339w\" sizes=\"(max-width: 768px) 100vw, 768px\" \/>\t\t\t\t\t\t\t\t\t\t\t<figcaption class=\"widget-image-caption wp-caption-text\"><\/figcaption>\n\t\t\t\t\t\t\t\t\t\t<\/figure>\n\t\t\t\t\t\t\t\t\t<\/div>\n\t\t\t\t<\/div>\n\t\t\t\t<div class=\"elementor-element elementor-element-538fc7c elementor-widget elementor-widget-image\" data-id=\"538fc7c\" data-element_type=\"widget\" data-e-type=\"widget\" data-widget_type=\"image.default\">\n\t\t\t\t<div class=\"elementor-widget-container\">\n\t\t\t\t\t\t\t\t\t\t\t\t<figure class=\"wp-caption\">\n\t\t\t\t\t\t\t\t\t\t<img loading=\"lazy\" decoding=\"async\" width=\"768\" height=\"512\" src=\"https:\/\/www.elturistatranquil.com\/wp-content\/uploads\/F87-Centre-Picasso-Gosol-Lleida.jpg\" class=\"attachment-large size-large wp-image-49298\" alt=\"Centre Picasso, Gosol, Lleida\" srcset=\"https:\/\/www.elturistatranquil.com\/wp-content\/uploads\/F87-Centre-Picasso-Gosol-Lleida.jpg 768w, https:\/\/www.elturistatranquil.com\/wp-content\/uploads\/F87-Centre-Picasso-Gosol-Lleida-339x226.jpg 339w\" sizes=\"(max-width: 768px) 100vw, 768px\" \/>\t\t\t\t\t\t\t\t\t\t\t<figcaption class=\"widget-image-caption wp-caption-text\"><\/figcaption>\n\t\t\t\t\t\t\t\t\t\t<\/figure>\n\t\t\t\t\t\t\t\t\t<\/div>\n\t\t\t\t<\/div>\n\t\t\t\t<div class=\"elementor-element elementor-element-33a29f7 elementor-widget elementor-widget-heading\" data-id=\"33a29f7\" data-element_type=\"widget\" data-e-type=\"widget\" data-widget_type=\"heading.default\">\n\t\t\t\t<div class=\"elementor-widget-container\">\n\t\t\t\t\t<h4 class=\"elementor-heading-title elementor-size-default\">Pau de G\u00f3sol<\/h4>\t\t\t\t<\/div>\n\t\t\t\t<\/div>\n\t\t\t\t<div class=\"elementor-element elementor-element-3cae0ea elementor-widget elementor-widget-text-editor\" data-id=\"3cae0ea\" data-element_type=\"widget\" data-e-type=\"widget\" data-widget_type=\"text-editor.default\">\n\t\t\t\t<div class=\"elementor-widget-container\">\n\t\t\t\t\t\t\t\t\t<p>Els experts consideren que amb l\u2019estada a G\u00f3sol Picasso va iniciar la seva recerca art\u00edstica cap a la modernitat.<\/p><p>D\u2019altre banda, sembla que la parella es va sentir molt integrada amb els vilatans, de manera que Picasso sign\u00e0 algunes cartes com a <em>Pau de G\u00f3sol<\/em>.<\/p><p>Durant la seva estada a la vila va aprofitar els colors que li donava la terra d&#8217;aquesta contrada i va canviar la paleta de colors que portava fins aleshores. D&#8217;aqu\u00ed venen aquests colors tan peculiars de la seva \u00e8poca gosolana, qu\u00e8 \u00e9s coneguda tamb\u00e9 com \u00e8poca dels <em>ocres de G\u00f3sol<\/em> o tamb\u00e9 <em>\u00e8poca terrosa<\/em>.<\/p>\t\t\t\t\t\t\t\t<\/div>\n\t\t\t\t<\/div>\n\t\t\t\t<div class=\"elementor-element elementor-element-57d34df elementor-widget elementor-widget-heading\" data-id=\"57d34df\" data-element_type=\"widget\" data-e-type=\"widget\" data-widget_type=\"heading.default\">\n\t\t\t\t<div class=\"elementor-widget-container\">\n\t\t\t\t\t<h4 class=\"elementor-heading-title elementor-size-default\">Sala Pla\u00e7a. La ruta de la modernitat d'en \"Pau de G\u00f3sol\"<\/h4>\t\t\t\t<\/div>\n\t\t\t\t<\/div>\n\t\t\t\t<div class=\"elementor-element elementor-element-9c8ae61 elementor-widget elementor-widget-text-editor\" data-id=\"9c8ae61\" data-element_type=\"widget\" data-e-type=\"widget\" data-widget_type=\"text-editor.default\">\n\t\t\t\t<div class=\"elementor-widget-container\">\n\t\t\t\t\t\t\t\t\t<p>\u00c9s una sala dedicada a la formaci\u00f3 en el coneixement del viatge i de l&#8217;estada de Picasso i Fernande a G\u00f3sol, amb una biblioteca picassiana i uns recursos multim\u00e8dia que permeten navegar per webs especialitzades en el pintor, aix\u00ed com en el poble i els seus voltants.<\/p><p>Com a introducci\u00f3 de la visita un document audiovisual explica l&#8217;aventura deis viatges de Picasso i Fernande des de Barcelona fins a G\u00f3sol, i des del poble cap a Par\u00eds.<\/p>\t\t\t\t\t\t\t\t<\/div>\n\t\t\t\t<\/div>\n\t\t\t\t<div class=\"elementor-element elementor-element-ce2a723 elementor-widget elementor-widget-image\" data-id=\"ce2a723\" data-element_type=\"widget\" data-e-type=\"widget\" data-widget_type=\"image.default\">\n\t\t\t\t<div class=\"elementor-widget-container\">\n\t\t\t\t\t\t\t\t\t\t\t\t<figure class=\"wp-caption\">\n\t\t\t\t\t\t\t\t\t\t<img loading=\"lazy\" decoding=\"async\" width=\"768\" height=\"512\" src=\"https:\/\/www.elturistatranquil.com\/wp-content\/uploads\/F88-Centre-Picasso-Gosol-Lleida.jpg\" class=\"attachment-large size-large wp-image-49303\" alt=\"Centre Picasso, Gosol, Lleida\" srcset=\"https:\/\/www.elturistatranquil.com\/wp-content\/uploads\/F88-Centre-Picasso-Gosol-Lleida.jpg 768w, https:\/\/www.elturistatranquil.com\/wp-content\/uploads\/F88-Centre-Picasso-Gosol-Lleida-339x226.jpg 339w\" sizes=\"(max-width: 768px) 100vw, 768px\" \/>\t\t\t\t\t\t\t\t\t\t\t<figcaption class=\"widget-image-caption wp-caption-text\"><\/figcaption>\n\t\t\t\t\t\t\t\t\t\t<\/figure>\n\t\t\t\t\t\t\t\t\t<\/div>\n\t\t\t\t<\/div>\n\t\t\t\t<div class=\"elementor-element elementor-element-fb10a95 elementor-widget elementor-widget-image\" data-id=\"fb10a95\" data-element_type=\"widget\" data-e-type=\"widget\" data-widget_type=\"image.default\">\n\t\t\t\t<div class=\"elementor-widget-container\">\n\t\t\t\t\t\t\t\t\t\t\t\t<figure class=\"wp-caption\">\n\t\t\t\t\t\t\t\t\t\t<img loading=\"lazy\" decoding=\"async\" width=\"768\" height=\"512\" src=\"https:\/\/www.elturistatranquil.com\/wp-content\/uploads\/F89-Centre-Picasso-Gosol-Lleida.jpg\" class=\"attachment-large size-large wp-image-49305\" alt=\"Centre Picasso, Gosol, Lleida\" srcset=\"https:\/\/www.elturistatranquil.com\/wp-content\/uploads\/F89-Centre-Picasso-Gosol-Lleida.jpg 768w, https:\/\/www.elturistatranquil.com\/wp-content\/uploads\/F89-Centre-Picasso-Gosol-Lleida-339x226.jpg 339w\" sizes=\"(max-width: 768px) 100vw, 768px\" \/>\t\t\t\t\t\t\t\t\t\t\t<figcaption class=\"widget-image-caption wp-caption-text\"><\/figcaption>\n\t\t\t\t\t\t\t\t\t\t<\/figure>\n\t\t\t\t\t\t\t\t\t<\/div>\n\t\t\t\t<\/div>\n\t\t\t\t<div class=\"elementor-element elementor-element-5c2441e elementor-widget elementor-widget-text-editor\" data-id=\"5c2441e\" data-element_type=\"widget\" data-e-type=\"widget\" data-widget_type=\"text-editor.default\">\n\t\t\t\t<div class=\"elementor-widget-container\">\n\t\t\t\t\t\t\t\t\t<p>La professora <a href=\"https:\/\/www.raco.cat\/index.php\/Erol\/article\/download\/244920\/344237\" target=\"_blank\" rel=\"noopener\">J\u00e9ssica Jaques<\/a> sintetitza el moment i la transformaci\u00f3 de Picasso a G\u00f3sol d\u2019aquesta manera: \u201c<em>Picasso estava cansat del meravell\u00f3s tecnicisme de la seva pintura adolescent, del simbolisme de l\u2019\u00e8poca blava i de l\u2019esteticisme de la rosa. Buscava un llenguatge diferent al finisecular, tot i que no sabia encara quin; la seva situaci\u00f3 era de perplexitat i de dubte. En aquest context, el classicisme reivindicat pels seus amics catalans podria ser un bon rec\u00e9s per relaxar-se i comen\u00e7ar una nova indagaci\u00f3 pl\u00e0stica. A m\u00e9s, en el seu museu imaginari convergien amb for\u00e7a les solucions pict\u00f2riques dels frescos i dels baixos relleus egipcis, de l\u2019escultura ib\u00e8rica i la grega, de les pintures pompeianes, des les talles rom\u00e0niques, de la pintura de Vel\u00e1zquez i Zurbar\u00e1n, de la del Greco i Goya, Poussin, Puvis de Chavannes i Manet, de C\u00e9zanne, Rodin i Matisse. Tot aix\u00f2 va ser convenientment processat a G\u00f3sol per la gesti\u00f3 del nou llenguatge de la modernitat.\u201d<\/em><\/p>\t\t\t\t\t\t\t\t<\/div>\n\t\t\t\t<\/div>\n\t\t\t\t<div class=\"elementor-element elementor-element-bc0415e elementor-widget elementor-widget-heading\" data-id=\"bc0415e\" data-element_type=\"widget\" data-e-type=\"widget\" data-widget_type=\"heading.default\">\n\t\t\t\t<div class=\"elementor-widget-container\">\n\t\t\t\t\t<h4 class=\"elementor-heading-title elementor-size-default\">Sala Pedraforca. G\u00f3sol i Picasso: una aventura interior<\/h4>\t\t\t\t<\/div>\n\t\t\t\t<\/div>\n\t\t\t\t<div class=\"elementor-element elementor-element-e067194 elementor-widget elementor-widget-text-editor\" data-id=\"e067194\" data-element_type=\"widget\" data-e-type=\"widget\" data-widget_type=\"text-editor.default\">\n\t\t\t\t<div class=\"elementor-widget-container\">\n\t\t\t\t\t\t\t\t\t<p>La sala Pedraforca pret\u00e9n endinsar-se en l\u2019aventura interior de Picasso durant l\u2019estada a G\u00f3sol.<\/p><p>Al fullet explicatiu ens diuen que G\u00f3sol no va ser, per a Picasso, nom\u00e9s una aventura exterior. Tamb\u00e9 va ser una aventura interior: el desafiament a un bloqueig pict\u00f2ric i l\u2019aud\u00e0cia en I \u2018experimentaci\u00f3 de solucions que sorprenien al mateix artista, dibuix a dibuix, quadre a quadre. Tant era que Picasso hagu\u00e9s-portat estris de pintor nom\u00e9s per passar-hi pocs dies; es quedaria molt m\u00e9s temps del que havia previst i la sobrietat esperonaria el seu enginy. L&#8217;ocre es convertiria en el color de la pell, com ho \u00e9s d&#8217;algun rac\u00f3 del paisatge gosol\u00e0 i de les cases del poble.<\/p>\t\t\t\t\t\t\t\t<\/div>\n\t\t\t\t<\/div>\n\t\t\t\t<div class=\"elementor-element elementor-element-6b6f3fa elementor-widget elementor-widget-image\" data-id=\"6b6f3fa\" data-element_type=\"widget\" data-e-type=\"widget\" data-widget_type=\"image.default\">\n\t\t\t\t<div class=\"elementor-widget-container\">\n\t\t\t\t\t\t\t\t\t\t\t\t<figure class=\"wp-caption\">\n\t\t\t\t\t\t\t\t\t\t<img loading=\"lazy\" decoding=\"async\" width=\"768\" height=\"512\" src=\"https:\/\/www.elturistatranquil.com\/wp-content\/uploads\/F90-Centre-Picasso-Gosol-Lleida.jpg\" class=\"attachment-large size-large wp-image-49307\" alt=\"Centre Picasso, Gosol, Lleida\" srcset=\"https:\/\/www.elturistatranquil.com\/wp-content\/uploads\/F90-Centre-Picasso-Gosol-Lleida.jpg 768w, https:\/\/www.elturistatranquil.com\/wp-content\/uploads\/F90-Centre-Picasso-Gosol-Lleida-339x226.jpg 339w\" sizes=\"(max-width: 768px) 100vw, 768px\" \/>\t\t\t\t\t\t\t\t\t\t\t<figcaption class=\"widget-image-caption wp-caption-text\"><\/figcaption>\n\t\t\t\t\t\t\t\t\t\t<\/figure>\n\t\t\t\t\t\t\t\t\t<\/div>\n\t\t\t\t<\/div>\n\t\t\t\t<div class=\"elementor-element elementor-element-bb6eaa6 elementor-widget elementor-widget-image\" data-id=\"bb6eaa6\" data-element_type=\"widget\" data-e-type=\"widget\" data-widget_type=\"image.default\">\n\t\t\t\t<div class=\"elementor-widget-container\">\n\t\t\t\t\t\t\t\t\t\t\t\t<figure class=\"wp-caption\">\n\t\t\t\t\t\t\t\t\t\t<img loading=\"lazy\" decoding=\"async\" width=\"768\" height=\"512\" src=\"https:\/\/www.elturistatranquil.com\/wp-content\/uploads\/F91-Centre-Picasso-Gosol-Lleida.jpg\" class=\"attachment-large size-large wp-image-49309\" alt=\"Centre Picasso, Gosol, Lleida\" srcset=\"https:\/\/www.elturistatranquil.com\/wp-content\/uploads\/F91-Centre-Picasso-Gosol-Lleida.jpg 768w, https:\/\/www.elturistatranquil.com\/wp-content\/uploads\/F91-Centre-Picasso-Gosol-Lleida-339x226.jpg 339w\" sizes=\"(max-width: 768px) 100vw, 768px\" \/>\t\t\t\t\t\t\t\t\t\t\t<figcaption class=\"widget-image-caption wp-caption-text\"><\/figcaption>\n\t\t\t\t\t\t\t\t\t\t<\/figure>\n\t\t\t\t\t\t\t\t\t<\/div>\n\t\t\t\t<\/div>\n\t\t\t\t<div class=\"elementor-element elementor-element-67e0893 elementor-widget elementor-widget-image\" data-id=\"67e0893\" data-element_type=\"widget\" data-e-type=\"widget\" data-widget_type=\"image.default\">\n\t\t\t\t<div class=\"elementor-widget-container\">\n\t\t\t\t\t\t\t\t\t\t\t\t<figure class=\"wp-caption\">\n\t\t\t\t\t\t\t\t\t\t<img loading=\"lazy\" decoding=\"async\" width=\"768\" height=\"512\" src=\"https:\/\/www.elturistatranquil.com\/wp-content\/uploads\/F92-Centre-Picasso-Gosol-Lleida.jpg\" class=\"attachment-large size-large wp-image-49314\" alt=\"Centre Picasso, Gosol, Lleida\" srcset=\"https:\/\/www.elturistatranquil.com\/wp-content\/uploads\/F92-Centre-Picasso-Gosol-Lleida.jpg 768w, https:\/\/www.elturistatranquil.com\/wp-content\/uploads\/F92-Centre-Picasso-Gosol-Lleida-339x226.jpg 339w\" sizes=\"(max-width: 768px) 100vw, 768px\" \/>\t\t\t\t\t\t\t\t\t\t\t<figcaption class=\"widget-image-caption wp-caption-text\"><\/figcaption>\n\t\t\t\t\t\t\t\t\t\t<\/figure>\n\t\t\t\t\t\t\t\t\t<\/div>\n\t\t\t\t<\/div>\n\t\t\t\t<div class=\"elementor-element elementor-element-ce990f8 elementor-widget elementor-widget-image\" data-id=\"ce990f8\" data-element_type=\"widget\" data-e-type=\"widget\" data-widget_type=\"image.default\">\n\t\t\t\t<div class=\"elementor-widget-container\">\n\t\t\t\t\t\t\t\t\t\t\t\t<figure class=\"wp-caption\">\n\t\t\t\t\t\t\t\t\t\t<img loading=\"lazy\" decoding=\"async\" width=\"768\" height=\"512\" src=\"https:\/\/www.elturistatranquil.com\/wp-content\/uploads\/F93-Centre-Picasso-Gosol-Lleida.jpg\" class=\"attachment-large size-large wp-image-49316\" alt=\"Centre Picasso, Gosol, Lleida\" srcset=\"https:\/\/www.elturistatranquil.com\/wp-content\/uploads\/F93-Centre-Picasso-Gosol-Lleida.jpg 768w, https:\/\/www.elturistatranquil.com\/wp-content\/uploads\/F93-Centre-Picasso-Gosol-Lleida-339x226.jpg 339w\" sizes=\"(max-width: 768px) 100vw, 768px\" \/>\t\t\t\t\t\t\t\t\t\t\t<figcaption class=\"widget-image-caption wp-caption-text\"><\/figcaption>\n\t\t\t\t\t\t\t\t\t\t<\/figure>\n\t\t\t\t\t\t\t\t\t<\/div>\n\t\t\t\t<\/div>\n\t\t\t\t<div class=\"elementor-element elementor-element-5fb50df elementor-widget elementor-widget-image\" data-id=\"5fb50df\" data-element_type=\"widget\" data-e-type=\"widget\" data-widget_type=\"image.default\">\n\t\t\t\t<div class=\"elementor-widget-container\">\n\t\t\t\t\t\t\t\t\t\t\t\t<figure class=\"wp-caption\">\n\t\t\t\t\t\t\t\t\t\t<img loading=\"lazy\" decoding=\"async\" width=\"768\" height=\"512\" src=\"https:\/\/www.elturistatranquil.com\/wp-content\/uploads\/F94-Centre-Picasso-Gosol-Lleida.jpg\" class=\"attachment-large size-large wp-image-49318\" alt=\"Centre Picasso, Gosol, Lleida\" srcset=\"https:\/\/www.elturistatranquil.com\/wp-content\/uploads\/F94-Centre-Picasso-Gosol-Lleida.jpg 768w, https:\/\/www.elturistatranquil.com\/wp-content\/uploads\/F94-Centre-Picasso-Gosol-Lleida-339x226.jpg 339w\" sizes=\"(max-width: 768px) 100vw, 768px\" \/>\t\t\t\t\t\t\t\t\t\t\t<figcaption class=\"widget-image-caption wp-caption-text\"><\/figcaption>\n\t\t\t\t\t\t\t\t\t\t<\/figure>\n\t\t\t\t\t\t\t\t\t<\/div>\n\t\t\t\t<\/div>\n\t\t\t\t<div class=\"elementor-element elementor-element-34e3c87 elementor-widget elementor-widget-image\" data-id=\"34e3c87\" data-element_type=\"widget\" data-e-type=\"widget\" data-widget_type=\"image.default\">\n\t\t\t\t<div class=\"elementor-widget-container\">\n\t\t\t\t\t\t\t\t\t\t\t\t<figure class=\"wp-caption\">\n\t\t\t\t\t\t\t\t\t\t<img loading=\"lazy\" decoding=\"async\" width=\"768\" height=\"512\" src=\"https:\/\/www.elturistatranquil.com\/wp-content\/uploads\/F95a-Centre-Picasso-Gosol-Lleida.jpg\" class=\"attachment-large size-large wp-image-49320\" alt=\"Centre Picasso, Gosol, Lleida\" srcset=\"https:\/\/www.elturistatranquil.com\/wp-content\/uploads\/F95a-Centre-Picasso-Gosol-Lleida.jpg 768w, https:\/\/www.elturistatranquil.com\/wp-content\/uploads\/F95a-Centre-Picasso-Gosol-Lleida-339x226.jpg 339w\" sizes=\"(max-width: 768px) 100vw, 768px\" \/>\t\t\t\t\t\t\t\t\t\t\t<figcaption class=\"widget-image-caption wp-caption-text\"><\/figcaption>\n\t\t\t\t\t\t\t\t\t\t<\/figure>\n\t\t\t\t\t\t\t\t\t<\/div>\n\t\t\t\t<\/div>\n\t\t\t\t<div class=\"elementor-element elementor-element-c8b9be0 elementor-widget elementor-widget-image\" data-id=\"c8b9be0\" data-element_type=\"widget\" data-e-type=\"widget\" data-widget_type=\"image.default\">\n\t\t\t\t<div class=\"elementor-widget-container\">\n\t\t\t\t\t\t\t\t\t\t\t\t<figure class=\"wp-caption\">\n\t\t\t\t\t\t\t\t\t\t<img loading=\"lazy\" decoding=\"async\" width=\"768\" height=\"512\" src=\"https:\/\/www.elturistatranquil.com\/wp-content\/uploads\/F95b-Centre-Picasso-Gosol-Lleida.jpg\" class=\"attachment-large size-large wp-image-49322\" alt=\"Centre Picasso, Gosol, Lleida\" srcset=\"https:\/\/www.elturistatranquil.com\/wp-content\/uploads\/F95b-Centre-Picasso-Gosol-Lleida.jpg 768w, https:\/\/www.elturistatranquil.com\/wp-content\/uploads\/F95b-Centre-Picasso-Gosol-Lleida-339x226.jpg 339w\" sizes=\"(max-width: 768px) 100vw, 768px\" \/>\t\t\t\t\t\t\t\t\t\t\t<figcaption class=\"widget-image-caption wp-caption-text\"><\/figcaption>\n\t\t\t\t\t\t\t\t\t\t<\/figure>\n\t\t\t\t\t\t\t\t\t<\/div>\n\t\t\t\t<\/div>\n\t\t\t\t<div class=\"elementor-element elementor-element-e590a98 elementor-widget elementor-widget-image\" data-id=\"e590a98\" data-element_type=\"widget\" data-e-type=\"widget\" data-widget_type=\"image.default\">\n\t\t\t\t<div class=\"elementor-widget-container\">\n\t\t\t\t\t\t\t\t\t\t\t\t<figure class=\"wp-caption\">\n\t\t\t\t\t\t\t\t\t\t<img loading=\"lazy\" decoding=\"async\" width=\"768\" height=\"576\" src=\"https:\/\/www.elturistatranquil.com\/wp-content\/uploads\/F96-Centre-Picasso-Gosol-Lleida.jpg\" class=\"attachment-large size-large wp-image-49324\" alt=\"Centre Picasso, Gosol, Lleida\" srcset=\"https:\/\/www.elturistatranquil.com\/wp-content\/uploads\/F96-Centre-Picasso-Gosol-Lleida.jpg 768w, https:\/\/www.elturistatranquil.com\/wp-content\/uploads\/F96-Centre-Picasso-Gosol-Lleida-301x226.jpg 301w\" sizes=\"(max-width: 768px) 100vw, 768px\" \/>\t\t\t\t\t\t\t\t\t\t\t<figcaption class=\"widget-image-caption wp-caption-text\"><\/figcaption>\n\t\t\t\t\t\t\t\t\t\t<\/figure>\n\t\t\t\t\t\t\t\t\t<\/div>\n\t\t\t\t<\/div>\n\t\t\t\t<div class=\"elementor-element elementor-element-30dcd55 elementor-widget elementor-widget-image\" data-id=\"30dcd55\" data-element_type=\"widget\" data-e-type=\"widget\" data-widget_type=\"image.default\">\n\t\t\t\t<div class=\"elementor-widget-container\">\n\t\t\t\t\t\t\t\t\t\t\t\t<figure class=\"wp-caption\">\n\t\t\t\t\t\t\t\t\t\t<img loading=\"lazy\" decoding=\"async\" width=\"768\" height=\"576\" src=\"https:\/\/www.elturistatranquil.com\/wp-content\/uploads\/F97-Centre-Picasso-Gosol-Lleida.jpg\" class=\"attachment-large size-large wp-image-49326\" alt=\"Centre Picasso, Gosol, Lleida\" srcset=\"https:\/\/www.elturistatranquil.com\/wp-content\/uploads\/F97-Centre-Picasso-Gosol-Lleida.jpg 768w, https:\/\/www.elturistatranquil.com\/wp-content\/uploads\/F97-Centre-Picasso-Gosol-Lleida-301x226.jpg 301w\" sizes=\"(max-width: 768px) 100vw, 768px\" \/>\t\t\t\t\t\t\t\t\t\t\t<figcaption class=\"widget-image-caption wp-caption-text\"><\/figcaption>\n\t\t\t\t\t\t\t\t\t\t<\/figure>\n\t\t\t\t\t\t\t\t\t<\/div>\n\t\t\t\t<\/div>\n\t\t\t\t<div class=\"elementor-element elementor-element-152d41d elementor-widget elementor-widget-image\" data-id=\"152d41d\" data-element_type=\"widget\" data-e-type=\"widget\" data-widget_type=\"image.default\">\n\t\t\t\t<div class=\"elementor-widget-container\">\n\t\t\t\t\t\t\t\t\t\t\t\t<figure class=\"wp-caption\">\n\t\t\t\t\t\t\t\t\t\t<img loading=\"lazy\" decoding=\"async\" width=\"768\" height=\"512\" src=\"https:\/\/www.elturistatranquil.com\/wp-content\/uploads\/F98-Centre-Picasso-Gosol-Lleida.jpg\" class=\"attachment-large size-large wp-image-49328\" alt=\"Centre Picasso, Gosol, Lleida\" srcset=\"https:\/\/www.elturistatranquil.com\/wp-content\/uploads\/F98-Centre-Picasso-Gosol-Lleida.jpg 768w, https:\/\/www.elturistatranquil.com\/wp-content\/uploads\/F98-Centre-Picasso-Gosol-Lleida-339x226.jpg 339w\" sizes=\"(max-width: 768px) 100vw, 768px\" \/>\t\t\t\t\t\t\t\t\t\t\t<figcaption class=\"widget-image-caption wp-caption-text\"><\/figcaption>\n\t\t\t\t\t\t\t\t\t\t<\/figure>\n\t\t\t\t\t\t\t\t\t<\/div>\n\t\t\t\t<\/div>\n\t\t\t\t<div class=\"elementor-element elementor-element-3560637 elementor-widget elementor-widget-text-editor\" data-id=\"3560637\" data-element_type=\"widget\" data-e-type=\"widget\" data-widget_type=\"text-editor.default\">\n\t\t\t\t<div class=\"elementor-widget-container\">\n\t\t\t\t\t\t\t\t\t<p>Una s\u00e8rie de pupitres recullen tem\u00e0ticament tots els aspectes de la vida del poble a principis del segle XX.<\/p>\t\t\t\t\t\t\t\t<\/div>\n\t\t\t\t<\/div>\n\t\t\t\t<div class=\"elementor-element elementor-element-c32455e elementor-widget elementor-widget-image\" data-id=\"c32455e\" data-element_type=\"widget\" data-e-type=\"widget\" data-widget_type=\"image.default\">\n\t\t\t\t<div class=\"elementor-widget-container\">\n\t\t\t\t\t\t\t\t\t\t\t\t<figure class=\"wp-caption\">\n\t\t\t\t\t\t\t\t\t\t<img loading=\"lazy\" decoding=\"async\" width=\"768\" height=\"512\" src=\"https:\/\/www.elturistatranquil.com\/wp-content\/uploads\/F99-Centre-Picasso-Gosol-Lleida.jpg\" class=\"attachment-large size-large wp-image-49333\" alt=\"Centre Picasso, Gosol, Lleida\" srcset=\"https:\/\/www.elturistatranquil.com\/wp-content\/uploads\/F99-Centre-Picasso-Gosol-Lleida.jpg 768w, https:\/\/www.elturistatranquil.com\/wp-content\/uploads\/F99-Centre-Picasso-Gosol-Lleida-339x226.jpg 339w\" sizes=\"(max-width: 768px) 100vw, 768px\" \/>\t\t\t\t\t\t\t\t\t\t\t<figcaption class=\"widget-image-caption wp-caption-text\"><\/figcaption>\n\t\t\t\t\t\t\t\t\t\t<\/figure>\n\t\t\t\t\t\t\t\t\t<\/div>\n\t\t\t\t<\/div>\n\t\t\t\t<div class=\"elementor-element elementor-element-0f633d7 elementor-widget elementor-widget-image\" data-id=\"0f633d7\" data-element_type=\"widget\" data-e-type=\"widget\" data-widget_type=\"image.default\">\n\t\t\t\t<div class=\"elementor-widget-container\">\n\t\t\t\t\t\t\t\t\t\t\t\t<figure class=\"wp-caption\">\n\t\t\t\t\t\t\t\t\t\t<img loading=\"lazy\" decoding=\"async\" width=\"768\" height=\"512\" src=\"https:\/\/www.elturistatranquil.com\/wp-content\/uploads\/F100-Centre-Picasso-Gosol-Lleida.jpg\" class=\"attachment-large size-large wp-image-49335\" alt=\"Centre Picasso, Gosol, Lleida\" srcset=\"https:\/\/www.elturistatranquil.com\/wp-content\/uploads\/F100-Centre-Picasso-Gosol-Lleida.jpg 768w, https:\/\/www.elturistatranquil.com\/wp-content\/uploads\/F100-Centre-Picasso-Gosol-Lleida-339x226.jpg 339w\" sizes=\"(max-width: 768px) 100vw, 768px\" \/>\t\t\t\t\t\t\t\t\t\t\t<figcaption class=\"widget-image-caption wp-caption-text\"><\/figcaption>\n\t\t\t\t\t\t\t\t\t\t<\/figure>\n\t\t\t\t\t\t\t\t\t<\/div>\n\t\t\t\t<\/div>\n\t\t\t\t<div class=\"elementor-element elementor-element-fe86343 elementor-widget elementor-widget-image\" data-id=\"fe86343\" data-element_type=\"widget\" data-e-type=\"widget\" data-widget_type=\"image.default\">\n\t\t\t\t<div class=\"elementor-widget-container\">\n\t\t\t\t\t\t\t\t\t\t\t\t<figure class=\"wp-caption\">\n\t\t\t\t\t\t\t\t\t\t<img loading=\"lazy\" decoding=\"async\" width=\"768\" height=\"512\" src=\"https:\/\/www.elturistatranquil.com\/wp-content\/uploads\/F101-Centre-Picasso-Gosol-Lleida.jpg\" class=\"attachment-large size-large wp-image-49337\" alt=\"Centre Picasso, Gosol, Lleida\" srcset=\"https:\/\/www.elturistatranquil.com\/wp-content\/uploads\/F101-Centre-Picasso-Gosol-Lleida.jpg 768w, https:\/\/www.elturistatranquil.com\/wp-content\/uploads\/F101-Centre-Picasso-Gosol-Lleida-339x226.jpg 339w\" sizes=\"(max-width: 768px) 100vw, 768px\" \/>\t\t\t\t\t\t\t\t\t\t\t<figcaption class=\"widget-image-caption wp-caption-text\"><\/figcaption>\n\t\t\t\t\t\t\t\t\t\t<\/figure>\n\t\t\t\t\t\t\t\t\t<\/div>\n\t\t\t\t<\/div>\n\t\t\t\t<div class=\"elementor-element elementor-element-0b54b86 elementor-widget elementor-widget-text-editor\" data-id=\"0b54b86\" data-element_type=\"widget\" data-e-type=\"widget\" data-widget_type=\"text-editor.default\">\n\t\t\t\t<div class=\"elementor-widget-container\">\n\t\t\t\t\t\t\t\t\t<p>La col\u00b7lecci\u00f3 etnogr\u00e0fica mostra utensilis casolans i altres vinculats a tasques artesanals que es desenvolupaven dins de la llar.<\/p>\t\t\t\t\t\t\t\t<\/div>\n\t\t\t\t<\/div>\n\t\t\t\t<div class=\"elementor-element elementor-element-b48bfcf elementor-widget elementor-widget-image\" data-id=\"b48bfcf\" data-element_type=\"widget\" data-e-type=\"widget\" data-widget_type=\"image.default\">\n\t\t\t\t<div class=\"elementor-widget-container\">\n\t\t\t\t\t\t\t\t\t\t\t\t<figure class=\"wp-caption\">\n\t\t\t\t\t\t\t\t\t\t<img loading=\"lazy\" decoding=\"async\" width=\"768\" height=\"512\" src=\"https:\/\/www.elturistatranquil.com\/wp-content\/uploads\/F102-Centre-Picasso-Gosol-Lleida.jpg\" class=\"attachment-large size-large wp-image-49342\" alt=\"Centre Picasso, Gosol, Lleida\" srcset=\"https:\/\/www.elturistatranquil.com\/wp-content\/uploads\/F102-Centre-Picasso-Gosol-Lleida.jpg 768w, https:\/\/www.elturistatranquil.com\/wp-content\/uploads\/F102-Centre-Picasso-Gosol-Lleida-339x226.jpg 339w\" sizes=\"(max-width: 768px) 100vw, 768px\" \/>\t\t\t\t\t\t\t\t\t\t\t<figcaption class=\"widget-image-caption wp-caption-text\"><\/figcaption>\n\t\t\t\t\t\t\t\t\t\t<\/figure>\n\t\t\t\t\t\t\t\t\t<\/div>\n\t\t\t\t<\/div>\n\t\t\t\t<div class=\"elementor-element elementor-element-4f94137 elementor-widget elementor-widget-image\" data-id=\"4f94137\" data-element_type=\"widget\" data-e-type=\"widget\" data-widget_type=\"image.default\">\n\t\t\t\t<div class=\"elementor-widget-container\">\n\t\t\t\t\t\t\t\t\t\t\t\t<figure class=\"wp-caption\">\n\t\t\t\t\t\t\t\t\t\t<img loading=\"lazy\" decoding=\"async\" width=\"768\" height=\"512\" src=\"https:\/\/www.elturistatranquil.com\/wp-content\/uploads\/F103-Centre-Picasso-Gosol-Lleida.jpg\" class=\"attachment-large size-large wp-image-49344\" alt=\"Centre Picasso, Gosol, Lleida\" srcset=\"https:\/\/www.elturistatranquil.com\/wp-content\/uploads\/F103-Centre-Picasso-Gosol-Lleida.jpg 768w, https:\/\/www.elturistatranquil.com\/wp-content\/uploads\/F103-Centre-Picasso-Gosol-Lleida-339x226.jpg 339w\" sizes=\"(max-width: 768px) 100vw, 768px\" \/>\t\t\t\t\t\t\t\t\t\t\t<figcaption class=\"widget-image-caption wp-caption-text\"><\/figcaption>\n\t\t\t\t\t\t\t\t\t\t<\/figure>\n\t\t\t\t\t\t\t\t\t<\/div>\n\t\t\t\t<\/div>\n\t\t\t\t<div class=\"elementor-element elementor-element-e087f2b elementor-widget elementor-widget-image\" data-id=\"e087f2b\" data-element_type=\"widget\" data-e-type=\"widget\" data-widget_type=\"image.default\">\n\t\t\t\t<div class=\"elementor-widget-container\">\n\t\t\t\t\t\t\t\t\t\t\t\t<figure class=\"wp-caption\">\n\t\t\t\t\t\t\t\t\t\t<img loading=\"lazy\" decoding=\"async\" width=\"768\" height=\"512\" src=\"https:\/\/www.elturistatranquil.com\/wp-content\/uploads\/F104-Centre-Picasso-Gosol-Lleida.jpg\" class=\"attachment-large size-large wp-image-49346\" alt=\"Centre Picasso, Gosol, Lleida\" srcset=\"https:\/\/www.elturistatranquil.com\/wp-content\/uploads\/F104-Centre-Picasso-Gosol-Lleida.jpg 768w, https:\/\/www.elturistatranquil.com\/wp-content\/uploads\/F104-Centre-Picasso-Gosol-Lleida-339x226.jpg 339w\" sizes=\"(max-width: 768px) 100vw, 768px\" \/>\t\t\t\t\t\t\t\t\t\t\t<figcaption class=\"widget-image-caption wp-caption-text\"><\/figcaption>\n\t\t\t\t\t\t\t\t\t\t<\/figure>\n\t\t\t\t\t\t\t\t\t<\/div>\n\t\t\t\t<\/div>\n\t\t\t\t<div class=\"elementor-element elementor-element-1ccb3aa elementor-widget elementor-widget-image\" data-id=\"1ccb3aa\" data-element_type=\"widget\" data-e-type=\"widget\" data-widget_type=\"image.default\">\n\t\t\t\t<div class=\"elementor-widget-container\">\n\t\t\t\t\t\t\t\t\t\t\t\t<figure class=\"wp-caption\">\n\t\t\t\t\t\t\t\t\t\t<img loading=\"lazy\" decoding=\"async\" width=\"768\" height=\"443\" src=\"https:\/\/www.elturistatranquil.com\/wp-content\/uploads\/F105-Centre-Picasso-Gosol-Lleida.jpg\" class=\"attachment-large size-large wp-image-49348\" alt=\"Centre Picasso, Gosol, Lleida\" srcset=\"https:\/\/www.elturistatranquil.com\/wp-content\/uploads\/F105-Centre-Picasso-Gosol-Lleida.jpg 768w, https:\/\/www.elturistatranquil.com\/wp-content\/uploads\/F105-Centre-Picasso-Gosol-Lleida-339x196.jpg 339w\" sizes=\"(max-width: 768px) 100vw, 768px\" \/>\t\t\t\t\t\t\t\t\t\t\t<figcaption class=\"widget-image-caption wp-caption-text\"><\/figcaption>\n\t\t\t\t\t\t\t\t\t\t<\/figure>\n\t\t\t\t\t\t\t\t\t<\/div>\n\t\t\t\t<\/div>\n\t\t\t\t<div class=\"elementor-element elementor-element-155b4c5 elementor-widget elementor-widget-image\" data-id=\"155b4c5\" data-element_type=\"widget\" data-e-type=\"widget\" data-widget_type=\"image.default\">\n\t\t\t\t<div class=\"elementor-widget-container\">\n\t\t\t\t\t\t\t\t\t\t\t\t<figure class=\"wp-caption\">\n\t\t\t\t\t\t\t\t\t\t<img loading=\"lazy\" decoding=\"async\" width=\"768\" height=\"512\" src=\"https:\/\/www.elturistatranquil.com\/wp-content\/uploads\/F106-Centre-Picasso-Gosol-Lleida.jpg\" class=\"attachment-large size-large wp-image-49350\" alt=\"Centre Picasso, Gosol, Lleida\" srcset=\"https:\/\/www.elturistatranquil.com\/wp-content\/uploads\/F106-Centre-Picasso-Gosol-Lleida.jpg 768w, https:\/\/www.elturistatranquil.com\/wp-content\/uploads\/F106-Centre-Picasso-Gosol-Lleida-339x226.jpg 339w\" sizes=\"(max-width: 768px) 100vw, 768px\" \/>\t\t\t\t\t\t\t\t\t\t\t<figcaption class=\"widget-image-caption wp-caption-text\"><\/figcaption>\n\t\t\t\t\t\t\t\t\t\t<\/figure>\n\t\t\t\t\t\t\t\t\t<\/div>\n\t\t\t\t<\/div>\n\t\t\t\t<section class=\"elementor-section elementor-inner-section elementor-element elementor-element-f3cd522 elementor-section-boxed elementor-section-height-default elementor-section-height-default\" data-id=\"f3cd522\" data-element_type=\"section\" data-e-type=\"section\">\n\t\t\t\t\t\t<div class=\"elementor-container elementor-column-gap-default\">\n\t\t\t\t\t<div class=\"elementor-column elementor-col-50 elementor-inner-column elementor-element elementor-element-1eb2283\" data-id=\"1eb2283\" data-element_type=\"column\" data-e-type=\"column\">\n\t\t\t<div class=\"elementor-widget-wrap elementor-element-populated\">\n\t\t\t\t\t\t<div class=\"elementor-element elementor-element-8bdcb84 elementor-widget elementor-widget-image\" data-id=\"8bdcb84\" data-element_type=\"widget\" data-e-type=\"widget\" data-widget_type=\"image.default\">\n\t\t\t\t<div class=\"elementor-widget-container\">\n\t\t\t\t\t\t\t\t\t\t\t\t\t\t\t<img loading=\"lazy\" decoding=\"async\" width=\"380\" height=\"380\" src=\"https:\/\/www.elturistatranquil.com\/wp-content\/uploads\/F107m-Centre-Picasso-Gosol-Lleida.jpg\" class=\"attachment-large size-large wp-image-49355\" alt=\"Centre Picasso, Gosol, Lleida\" srcset=\"https:\/\/www.elturistatranquil.com\/wp-content\/uploads\/F107m-Centre-Picasso-Gosol-Lleida.jpg 380w, https:\/\/www.elturistatranquil.com\/wp-content\/uploads\/F107m-Centre-Picasso-Gosol-Lleida-226x226.jpg 226w\" sizes=\"(max-width: 380px) 100vw, 380px\" \/>\t\t\t\t\t\t\t\t\t\t\t\t\t\t\t<\/div>\n\t\t\t\t<\/div>\n\t\t\t\t\t<\/div>\n\t\t<\/div>\n\t\t\t\t<div class=\"elementor-column elementor-col-50 elementor-inner-column elementor-element elementor-element-62acb1e\" data-id=\"62acb1e\" data-element_type=\"column\" data-e-type=\"column\">\n\t\t\t<div class=\"elementor-widget-wrap elementor-element-populated\">\n\t\t\t\t\t\t<div class=\"elementor-element elementor-element-afd6379 elementor-widget elementor-widget-image\" data-id=\"afd6379\" data-element_type=\"widget\" data-e-type=\"widget\" data-widget_type=\"image.default\">\n\t\t\t\t<div class=\"elementor-widget-container\">\n\t\t\t\t\t\t\t\t\t\t\t\t\t\t\t<img loading=\"lazy\" decoding=\"async\" width=\"380\" height=\"380\" src=\"https:\/\/www.elturistatranquil.com\/wp-content\/uploads\/F107n-Centre-Picasso-Gosol-Lleida.jpg\" class=\"attachment-large size-large wp-image-49357\" alt=\"Centre Picasso, Gosol, Lleida\" srcset=\"https:\/\/www.elturistatranquil.com\/wp-content\/uploads\/F107n-Centre-Picasso-Gosol-Lleida.jpg 380w, https:\/\/www.elturistatranquil.com\/wp-content\/uploads\/F107n-Centre-Picasso-Gosol-Lleida-226x226.jpg 226w\" sizes=\"(max-width: 380px) 100vw, 380px\" \/>\t\t\t\t\t\t\t\t\t\t\t\t\t\t\t<\/div>\n\t\t\t\t<\/div>\n\t\t\t\t\t<\/div>\n\t\t<\/div>\n\t\t\t\t\t<\/div>\n\t\t<\/section>\n\t\t\t\t<div class=\"elementor-element elementor-element-2b75b1f elementor-widget elementor-widget-heading\" data-id=\"2b75b1f\" data-element_type=\"widget\" data-e-type=\"widget\" data-widget_type=\"heading.default\">\n\t\t\t\t<div class=\"elementor-widget-container\">\n\t\t\t\t\t<h4 class=\"elementor-heading-title elementor-size-default\">Sala castell. G\u00f3sol I Picasso: un paisatge hum\u00e0<\/h4>\t\t\t\t<\/div>\n\t\t\t\t<\/div>\n\t\t\t\t<div class=\"elementor-element elementor-element-df80c62 elementor-widget elementor-widget-text-editor\" data-id=\"df80c62\" data-element_type=\"widget\" data-e-type=\"widget\" data-widget_type=\"text-editor.default\">\n\t\t\t\t<div class=\"elementor-widget-container\">\n\t\t\t\t\t\t\t\t\t<p>Aquesta sala pret\u00e9n endinsar-se en el paisatge hum\u00e0 de G\u00f3sol per que, en diuen tamb\u00e9 al fullet, m\u00e9s que una aventura interior i exterior, G\u00f3sol va ser per a Picasso un paisatge huma, que era el que preferia entre tots els paisatges possibles. Fernande i ell van gaudir deis balls a la placa, de la vida a Cal Tampanada, d&#8217;uns \u00e0pats tan senzills com sorprenents, de les corredisses amb els contrabandistes, de la fascinaci\u00f3 per un matriarcat que res tenia a veure amb l\u2019estil de vida de M\u00e0laga, A Coru\u00f1a o Barcelona, ni de la boh\u00e8mia parisenca. Picasso no va tardar gens en convertir-se en Pau de G\u00f3sol, Fernande va anar-se adaptant poc a poc a una vida completament desconeguda per a ella, que no oblidaria mai ni per la senzillesa de les seves formes, ni pel profund benestar que tantes vegades va enyorar.<\/p><p>Dos personatges sobresortirien en el paisatge hum\u00e0 de Picasso, tant en els seus afectes com en la recerca pict\u00f2rica: Josep Fontdevila i una jove dona gosolana que Picasso va dibuixar trenta-tres vegades, i l\u2019immortalitz\u00e0 a <strong>La dona dels pans<\/strong>.<\/p><p>En aquesta quadre urb\u00e0 de G\u00f3sol, hi podem imaginar el que alguns consideren el precedent del cam\u00ed cap el cubisme.<\/p>\t\t\t\t\t\t\t\t<\/div>\n\t\t\t\t<\/div>\n\t\t\t\t<div class=\"elementor-element elementor-element-cde32ee elementor-widget elementor-widget-image\" data-id=\"cde32ee\" data-element_type=\"widget\" data-e-type=\"widget\" data-widget_type=\"image.default\">\n\t\t\t\t<div class=\"elementor-widget-container\">\n\t\t\t\t\t\t\t\t\t\t\t\t<figure class=\"wp-caption\">\n\t\t\t\t\t\t\t\t\t\t<img loading=\"lazy\" decoding=\"async\" width=\"768\" height=\"512\" src=\"https:\/\/www.elturistatranquil.com\/wp-content\/uploads\/F30-Picasso-Gosol-Lleida.jpg\" class=\"attachment-large size-large wp-image-49146\" alt=\"Picasso, Gosol, Lleida\" srcset=\"https:\/\/www.elturistatranquil.com\/wp-content\/uploads\/F30-Picasso-Gosol-Lleida.jpg 768w, https:\/\/www.elturistatranquil.com\/wp-content\/uploads\/F30-Picasso-Gosol-Lleida-339x226.jpg 339w\" sizes=\"(max-width: 768px) 100vw, 768px\" \/>\t\t\t\t\t\t\t\t\t\t\t<figcaption class=\"widget-image-caption wp-caption-text\"><\/figcaption>\n\t\t\t\t\t\t\t\t\t\t<\/figure>\n\t\t\t\t\t\t\t\t\t<\/div>\n\t\t\t\t<\/div>\n\t\t\t\t<div class=\"elementor-element elementor-element-d199e5a elementor-widget elementor-widget-text-editor\" data-id=\"d199e5a\" data-element_type=\"widget\" data-e-type=\"widget\" data-widget_type=\"text-editor.default\">\n\t\t\t\t<div class=\"elementor-widget-container\">\n\t\t\t\t\t\t\t\t\t<p><strong>La dona dels pans<\/strong> va servir de model a l\u2019escultor \u00a0Josep Ricard Chaparral per l\u2019escultura situada al centre de la pla\u00e7a Major.<\/p>\t\t\t\t\t\t\t\t<\/div>\n\t\t\t\t<\/div>\n\t\t\t\t<div class=\"elementor-element elementor-element-0542f3c elementor-widget elementor-widget-image\" data-id=\"0542f3c\" data-element_type=\"widget\" data-e-type=\"widget\" data-widget_type=\"image.default\">\n\t\t\t\t<div class=\"elementor-widget-container\">\n\t\t\t\t\t\t\t\t\t\t\t\t<figure class=\"wp-caption\">\n\t\t\t\t\t\t\t\t\t\t<img loading=\"lazy\" decoding=\"async\" width=\"768\" height=\"512\" src=\"https:\/\/www.elturistatranquil.com\/wp-content\/uploads\/F110-Centre-Picasso-Gosol-Lleida.jpg\" class=\"attachment-large size-large wp-image-49359\" alt=\"Centre Picasso, Gosol, Lleida\" srcset=\"https:\/\/www.elturistatranquil.com\/wp-content\/uploads\/F110-Centre-Picasso-Gosol-Lleida.jpg 768w, https:\/\/www.elturistatranquil.com\/wp-content\/uploads\/F110-Centre-Picasso-Gosol-Lleida-339x226.jpg 339w\" sizes=\"(max-width: 768px) 100vw, 768px\" \/>\t\t\t\t\t\t\t\t\t\t\t<figcaption class=\"widget-image-caption wp-caption-text\"><\/figcaption>\n\t\t\t\t\t\t\t\t\t\t<\/figure>\n\t\t\t\t\t\t\t\t\t<\/div>\n\t\t\t\t<\/div>\n\t\t\t\t<div class=\"elementor-element elementor-element-c37dbd3 elementor-widget elementor-widget-image\" data-id=\"c37dbd3\" data-element_type=\"widget\" data-e-type=\"widget\" data-widget_type=\"image.default\">\n\t\t\t\t<div class=\"elementor-widget-container\">\n\t\t\t\t\t\t\t\t\t\t\t\t<figure class=\"wp-caption\">\n\t\t\t\t\t\t\t\t\t\t<img loading=\"lazy\" decoding=\"async\" width=\"768\" height=\"512\" src=\"https:\/\/www.elturistatranquil.com\/wp-content\/uploads\/F111-Centre-Picasso-Gosol-Lleida.jpg\" class=\"attachment-large size-large wp-image-49361\" alt=\"Centre Picasso, Gosol, Lleida\" srcset=\"https:\/\/www.elturistatranquil.com\/wp-content\/uploads\/F111-Centre-Picasso-Gosol-Lleida.jpg 768w, https:\/\/www.elturistatranquil.com\/wp-content\/uploads\/F111-Centre-Picasso-Gosol-Lleida-339x226.jpg 339w\" sizes=\"(max-width: 768px) 100vw, 768px\" \/>\t\t\t\t\t\t\t\t\t\t\t<figcaption class=\"widget-image-caption wp-caption-text\"><\/figcaption>\n\t\t\t\t\t\t\t\t\t\t<\/figure>\n\t\t\t\t\t\t\t\t\t<\/div>\n\t\t\t\t<\/div>\n\t\t\t\t<div class=\"elementor-element elementor-element-209b849 elementor-widget elementor-widget-image\" data-id=\"209b849\" data-element_type=\"widget\" data-e-type=\"widget\" data-widget_type=\"image.default\">\n\t\t\t\t<div class=\"elementor-widget-container\">\n\t\t\t\t\t\t\t\t\t\t\t\t<figure class=\"wp-caption\">\n\t\t\t\t\t\t\t\t\t\t<img loading=\"lazy\" decoding=\"async\" width=\"768\" height=\"521\" src=\"https:\/\/www.elturistatranquil.com\/wp-content\/uploads\/F112-Centre-Picasso-Gosol-Lleida.jpg\" class=\"attachment-large size-large wp-image-49363\" alt=\"Centre Picasso, Gosol, Lleida\" srcset=\"https:\/\/www.elturistatranquil.com\/wp-content\/uploads\/F112-Centre-Picasso-Gosol-Lleida.jpg 768w, https:\/\/www.elturistatranquil.com\/wp-content\/uploads\/F112-Centre-Picasso-Gosol-Lleida-333x226.jpg 333w\" sizes=\"(max-width: 768px) 100vw, 768px\" \/>\t\t\t\t\t\t\t\t\t\t\t<figcaption class=\"widget-image-caption wp-caption-text\"><\/figcaption>\n\t\t\t\t\t\t\t\t\t\t<\/figure>\n\t\t\t\t\t\t\t\t\t<\/div>\n\t\t\t\t<\/div>\n\t\t\t\t<div class=\"elementor-element elementor-element-e25f79b elementor-widget elementor-widget-image\" data-id=\"e25f79b\" data-element_type=\"widget\" data-e-type=\"widget\" data-widget_type=\"image.default\">\n\t\t\t\t<div class=\"elementor-widget-container\">\n\t\t\t\t\t\t\t\t\t\t\t\t<figure class=\"wp-caption\">\n\t\t\t\t\t\t\t\t\t\t<img loading=\"lazy\" decoding=\"async\" width=\"768\" height=\"512\" src=\"https:\/\/www.elturistatranquil.com\/wp-content\/uploads\/F113-Centre-Picasso-Gosol-Lleida.jpg\" class=\"attachment-large size-large wp-image-49365\" alt=\"Centre Picasso, Gosol, Lleida\" srcset=\"https:\/\/www.elturistatranquil.com\/wp-content\/uploads\/F113-Centre-Picasso-Gosol-Lleida.jpg 768w, https:\/\/www.elturistatranquil.com\/wp-content\/uploads\/F113-Centre-Picasso-Gosol-Lleida-339x226.jpg 339w\" sizes=\"(max-width: 768px) 100vw, 768px\" \/>\t\t\t\t\t\t\t\t\t\t\t<figcaption class=\"widget-image-caption wp-caption-text\"><\/figcaption>\n\t\t\t\t\t\t\t\t\t\t<\/figure>\n\t\t\t\t\t\t\t\t\t<\/div>\n\t\t\t\t<\/div>\n\t\t\t\t<div class=\"elementor-element elementor-element-176e310 elementor-widget elementor-widget-image\" data-id=\"176e310\" data-element_type=\"widget\" data-e-type=\"widget\" data-widget_type=\"image.default\">\n\t\t\t\t<div class=\"elementor-widget-container\">\n\t\t\t\t\t\t\t\t\t\t\t\t<figure class=\"wp-caption\">\n\t\t\t\t\t\t\t\t\t\t<img loading=\"lazy\" decoding=\"async\" width=\"768\" height=\"512\" src=\"https:\/\/www.elturistatranquil.com\/wp-content\/uploads\/F114-Centre-Picasso-Gosol-Lleida.jpg\" class=\"attachment-large size-large wp-image-49370\" alt=\"Centre Picasso, Gosol, Lleida\" srcset=\"https:\/\/www.elturistatranquil.com\/wp-content\/uploads\/F114-Centre-Picasso-Gosol-Lleida.jpg 768w, https:\/\/www.elturistatranquil.com\/wp-content\/uploads\/F114-Centre-Picasso-Gosol-Lleida-339x226.jpg 339w\" sizes=\"(max-width: 768px) 100vw, 768px\" \/>\t\t\t\t\t\t\t\t\t\t\t<figcaption class=\"widget-image-caption wp-caption-text\"><\/figcaption>\n\t\t\t\t\t\t\t\t\t\t<\/figure>\n\t\t\t\t\t\t\t\t\t<\/div>\n\t\t\t\t<\/div>\n\t\t\t\t<div class=\"elementor-element elementor-element-6c4c266 elementor-widget elementor-widget-image\" data-id=\"6c4c266\" data-element_type=\"widget\" data-e-type=\"widget\" data-widget_type=\"image.default\">\n\t\t\t\t<div class=\"elementor-widget-container\">\n\t\t\t\t\t\t\t\t\t\t\t\t<figure class=\"wp-caption\">\n\t\t\t\t\t\t\t\t\t\t<img loading=\"lazy\" decoding=\"async\" width=\"768\" height=\"512\" src=\"https:\/\/www.elturistatranquil.com\/wp-content\/uploads\/F119-Centre-Picasso-Gosol-Lleida.jpg\" class=\"attachment-large size-large wp-image-49374\" alt=\"Centre Picasso, Gosol, Lleida\" srcset=\"https:\/\/www.elturistatranquil.com\/wp-content\/uploads\/F119-Centre-Picasso-Gosol-Lleida.jpg 768w, https:\/\/www.elturistatranquil.com\/wp-content\/uploads\/F119-Centre-Picasso-Gosol-Lleida-339x226.jpg 339w\" sizes=\"(max-width: 768px) 100vw, 768px\" \/>\t\t\t\t\t\t\t\t\t\t\t<figcaption class=\"widget-image-caption wp-caption-text\"><\/figcaption>\n\t\t\t\t\t\t\t\t\t\t<\/figure>\n\t\t\t\t\t\t\t\t\t<\/div>\n\t\t\t\t<\/div>\n\t\t\t\t<div class=\"elementor-element elementor-element-6010e1b elementor-widget elementor-widget-text-editor\" data-id=\"6010e1b\" data-element_type=\"widget\" data-e-type=\"widget\" data-widget_type=\"text-editor.default\">\n\t\t\t\t<div class=\"elementor-widget-container\">\n\t\t\t\t\t\t\t\t\t<p>El <strong>Carnet catal\u00e1n<\/strong> <strong>de Picasso<\/strong>, Par\u00eds-Gosol 1906.<\/p>\t\t\t\t\t\t\t\t<\/div>\n\t\t\t\t<\/div>\n\t\t\t\t<div class=\"elementor-element elementor-element-78db451 elementor-widget elementor-widget-image\" data-id=\"78db451\" data-element_type=\"widget\" data-e-type=\"widget\" data-widget_type=\"image.default\">\n\t\t\t\t<div class=\"elementor-widget-container\">\n\t\t\t\t\t\t\t\t\t\t\t\t<figure class=\"wp-caption\">\n\t\t\t\t\t\t\t\t\t\t<img loading=\"lazy\" decoding=\"async\" width=\"768\" height=\"512\" src=\"https:\/\/www.elturistatranquil.com\/wp-content\/uploads\/F115-Centre-Picasso-Gosol-Lleida.jpg\" class=\"attachment-large size-large wp-image-49372\" alt=\"Centre Picasso, Gosol, Lleida\" srcset=\"https:\/\/www.elturistatranquil.com\/wp-content\/uploads\/F115-Centre-Picasso-Gosol-Lleida.jpg 768w, https:\/\/www.elturistatranquil.com\/wp-content\/uploads\/F115-Centre-Picasso-Gosol-Lleida-339x226.jpg 339w\" sizes=\"(max-width: 768px) 100vw, 768px\" \/>\t\t\t\t\t\t\t\t\t\t\t<figcaption class=\"widget-image-caption wp-caption-text\"><\/figcaption>\n\t\t\t\t\t\t\t\t\t\t<\/figure>\n\t\t\t\t\t\t\t\t\t<\/div>\n\t\t\t\t<\/div>\n\t\t\t\t<div class=\"elementor-element elementor-element-ca045cb elementor-widget elementor-widget-text-editor\" data-id=\"ca045cb\" data-element_type=\"widget\" data-e-type=\"widget\" data-widget_type=\"text-editor.default\">\n\t\t\t\t<div class=\"elementor-widget-container\">\n\t\t\t\t\t\t\t\t\t<p>Alguns manuscrits de Picasso com cartes signades com a <em>Pau<\/em>.<\/p>\t\t\t\t\t\t\t\t<\/div>\n\t\t\t\t<\/div>\n\t\t\t\t<div class=\"elementor-element elementor-element-18542c9 elementor-widget elementor-widget-image\" data-id=\"18542c9\" data-element_type=\"widget\" data-e-type=\"widget\" data-widget_type=\"image.default\">\n\t\t\t\t<div class=\"elementor-widget-container\">\n\t\t\t\t\t\t\t\t\t\t\t\t<figure class=\"wp-caption\">\n\t\t\t\t\t\t\t\t\t\t<img loading=\"lazy\" decoding=\"async\" width=\"768\" height=\"512\" src=\"https:\/\/www.elturistatranquil.com\/wp-content\/uploads\/F116-Centre-Picasso-Gosol-Lleida.jpg\" class=\"attachment-large size-large wp-image-49376\" alt=\"Centre Picasso, Gosol, Lleida\" srcset=\"https:\/\/www.elturistatranquil.com\/wp-content\/uploads\/F116-Centre-Picasso-Gosol-Lleida.jpg 768w, https:\/\/www.elturistatranquil.com\/wp-content\/uploads\/F116-Centre-Picasso-Gosol-Lleida-339x226.jpg 339w\" sizes=\"(max-width: 768px) 100vw, 768px\" \/>\t\t\t\t\t\t\t\t\t\t\t<figcaption class=\"widget-image-caption wp-caption-text\"><\/figcaption>\n\t\t\t\t\t\t\t\t\t\t<\/figure>\n\t\t\t\t\t\t\t\t\t<\/div>\n\t\t\t\t<\/div>\n\t\t\t\t<div class=\"elementor-element elementor-element-aa355b6 elementor-widget elementor-widget-text-editor\" data-id=\"aa355b6\" data-element_type=\"widget\" data-e-type=\"widget\" data-widget_type=\"text-editor.default\">\n\t\t\t\t<div class=\"elementor-widget-container\">\n\t\t\t\t\t\t\t\t\t<p>El complement etnogr\u00e0fic m\u00e9s vinculat amb tasques agr\u00e0ries i artesanals acompanya les obres d&#8217;aquesta sala.<\/p>\t\t\t\t\t\t\t\t<\/div>\n\t\t\t\t<\/div>\n\t\t\t\t<div class=\"elementor-element elementor-element-ee18ba0 elementor-widget elementor-widget-image\" data-id=\"ee18ba0\" data-element_type=\"widget\" data-e-type=\"widget\" data-widget_type=\"image.default\">\n\t\t\t\t<div class=\"elementor-widget-container\">\n\t\t\t\t\t\t\t\t\t\t\t\t<figure class=\"wp-caption\">\n\t\t\t\t\t\t\t\t\t\t<img loading=\"lazy\" decoding=\"async\" width=\"768\" height=\"512\" src=\"https:\/\/www.elturistatranquil.com\/wp-content\/uploads\/F117-Centre-Picasso-Gosol-Lleida.jpg\" class=\"attachment-large size-large wp-image-49378\" alt=\"Centre Picasso, Gosol, Lleida\" srcset=\"https:\/\/www.elturistatranquil.com\/wp-content\/uploads\/F117-Centre-Picasso-Gosol-Lleida.jpg 768w, https:\/\/www.elturistatranquil.com\/wp-content\/uploads\/F117-Centre-Picasso-Gosol-Lleida-339x226.jpg 339w\" sizes=\"(max-width: 768px) 100vw, 768px\" \/>\t\t\t\t\t\t\t\t\t\t\t<figcaption class=\"widget-image-caption wp-caption-text\"><\/figcaption>\n\t\t\t\t\t\t\t\t\t\t<\/figure>\n\t\t\t\t\t\t\t\t\t<\/div>\n\t\t\t\t<\/div>\n\t\t\t\t<div class=\"elementor-element elementor-element-cbc15fd elementor-widget elementor-widget-image\" data-id=\"cbc15fd\" data-element_type=\"widget\" data-e-type=\"widget\" data-widget_type=\"image.default\">\n\t\t\t\t<div class=\"elementor-widget-container\">\n\t\t\t\t\t\t\t\t\t\t\t\t<figure class=\"wp-caption\">\n\t\t\t\t\t\t\t\t\t\t<img loading=\"lazy\" decoding=\"async\" width=\"768\" height=\"512\" src=\"https:\/\/www.elturistatranquil.com\/wp-content\/uploads\/F118-Centre-Picasso-Gosol-Lleida.jpg\" class=\"attachment-large size-large wp-image-49383\" alt=\"Centre Picasso, Gosol, Lleida\" srcset=\"https:\/\/www.elturistatranquil.com\/wp-content\/uploads\/F118-Centre-Picasso-Gosol-Lleida.jpg 768w, https:\/\/www.elturistatranquil.com\/wp-content\/uploads\/F118-Centre-Picasso-Gosol-Lleida-339x226.jpg 339w\" sizes=\"(max-width: 768px) 100vw, 768px\" \/>\t\t\t\t\t\t\t\t\t\t\t<figcaption class=\"widget-image-caption wp-caption-text\"><\/figcaption>\n\t\t\t\t\t\t\t\t\t\t<\/figure>\n\t\t\t\t\t\t\t\t\t<\/div>\n\t\t\t\t<\/div>\n\t\t\t\t<div class=\"elementor-element elementor-element-2eee473 elementor-widget elementor-widget-image\" data-id=\"2eee473\" data-element_type=\"widget\" data-e-type=\"widget\" data-widget_type=\"image.default\">\n\t\t\t\t<div class=\"elementor-widget-container\">\n\t\t\t\t\t\t\t\t\t\t\t\t<figure class=\"wp-caption\">\n\t\t\t\t\t\t\t\t\t\t<img loading=\"lazy\" decoding=\"async\" width=\"768\" height=\"512\" src=\"https:\/\/www.elturistatranquil.com\/wp-content\/uploads\/F120-Centre-Picasso-Gosol-Lleida.jpg\" class=\"attachment-large size-large wp-image-49385\" alt=\"Centre Picasso, Gosol, Lleida\" srcset=\"https:\/\/www.elturistatranquil.com\/wp-content\/uploads\/F120-Centre-Picasso-Gosol-Lleida.jpg 768w, https:\/\/www.elturistatranquil.com\/wp-content\/uploads\/F120-Centre-Picasso-Gosol-Lleida-339x226.jpg 339w\" sizes=\"(max-width: 768px) 100vw, 768px\" \/>\t\t\t\t\t\t\t\t\t\t\t<figcaption class=\"widget-image-caption wp-caption-text\"><\/figcaption>\n\t\t\t\t\t\t\t\t\t\t<\/figure>\n\t\t\t\t\t\t\t\t\t<\/div>\n\t\t\t\t<\/div>\n\t\t\t\t<section class=\"elementor-section elementor-inner-section elementor-element elementor-element-17bb934 elementor-section-boxed elementor-section-height-default elementor-section-height-default\" data-id=\"17bb934\" data-element_type=\"section\" data-e-type=\"section\">\n\t\t\t\t\t\t<div class=\"elementor-container elementor-column-gap-default\">\n\t\t\t\t\t<div class=\"elementor-column elementor-col-50 elementor-inner-column elementor-element elementor-element-a66d932\" data-id=\"a66d932\" data-element_type=\"column\" data-e-type=\"column\">\n\t\t\t<div class=\"elementor-widget-wrap elementor-element-populated\">\n\t\t\t\t\t\t<div class=\"elementor-element elementor-element-b4cb2d5 elementor-widget elementor-widget-image\" data-id=\"b4cb2d5\" data-element_type=\"widget\" data-e-type=\"widget\" data-widget_type=\"image.default\">\n\t\t\t\t<div class=\"elementor-widget-container\">\n\t\t\t\t\t\t\t\t\t\t\t\t\t\t\t<img loading=\"lazy\" decoding=\"async\" width=\"380\" height=\"380\" src=\"https:\/\/www.elturistatranquil.com\/wp-content\/uploads\/F121m-Centre-Picasso-Gosol-Lleida.jpg\" class=\"attachment-large size-large wp-image-49390\" alt=\"Centre Picasso, Gosol, Lleida\" srcset=\"https:\/\/www.elturistatranquil.com\/wp-content\/uploads\/F121m-Centre-Picasso-Gosol-Lleida.jpg 380w, https:\/\/www.elturistatranquil.com\/wp-content\/uploads\/F121m-Centre-Picasso-Gosol-Lleida-226x226.jpg 226w\" sizes=\"(max-width: 380px) 100vw, 380px\" \/>\t\t\t\t\t\t\t\t\t\t\t\t\t\t\t<\/div>\n\t\t\t\t<\/div>\n\t\t\t\t\t<\/div>\n\t\t<\/div>\n\t\t\t\t<div class=\"elementor-column elementor-col-50 elementor-inner-column elementor-element elementor-element-bf06f3e\" data-id=\"bf06f3e\" data-element_type=\"column\" data-e-type=\"column\">\n\t\t\t<div class=\"elementor-widget-wrap elementor-element-populated\">\n\t\t\t\t\t\t<div class=\"elementor-element elementor-element-2ca0915 elementor-widget elementor-widget-image\" data-id=\"2ca0915\" data-element_type=\"widget\" data-e-type=\"widget\" data-widget_type=\"image.default\">\n\t\t\t\t<div class=\"elementor-widget-container\">\n\t\t\t\t\t\t\t\t\t\t\t\t\t\t\t<img loading=\"lazy\" decoding=\"async\" width=\"380\" height=\"380\" src=\"https:\/\/www.elturistatranquil.com\/wp-content\/uploads\/F121n-Centre-Picasso-Gosol-Lleida.jpg\" class=\"attachment-large size-large wp-image-49392\" alt=\"Centre Picasso, Gosol, Lleida\" srcset=\"https:\/\/www.elturistatranquil.com\/wp-content\/uploads\/F121n-Centre-Picasso-Gosol-Lleida.jpg 380w, https:\/\/www.elturistatranquil.com\/wp-content\/uploads\/F121n-Centre-Picasso-Gosol-Lleida-226x226.jpg 226w\" sizes=\"(max-width: 380px) 100vw, 380px\" \/>\t\t\t\t\t\t\t\t\t\t\t\t\t\t\t<\/div>\n\t\t\t\t<\/div>\n\t\t\t\t\t<\/div>\n\t\t<\/div>\n\t\t\t\t\t<\/div>\n\t\t<\/section>\n\t\t\t\t<section class=\"elementor-section elementor-inner-section elementor-element elementor-element-ded5fcd elementor-section-boxed elementor-section-height-default elementor-section-height-default\" data-id=\"ded5fcd\" data-element_type=\"section\" data-e-type=\"section\">\n\t\t\t\t\t\t<div class=\"elementor-container elementor-column-gap-default\">\n\t\t\t\t\t<div class=\"elementor-column elementor-col-50 elementor-inner-column elementor-element elementor-element-eca2495\" data-id=\"eca2495\" data-element_type=\"column\" data-e-type=\"column\">\n\t\t\t<div class=\"elementor-widget-wrap elementor-element-populated\">\n\t\t\t\t\t\t<div class=\"elementor-element elementor-element-685064b elementor-widget elementor-widget-image\" data-id=\"685064b\" data-element_type=\"widget\" data-e-type=\"widget\" data-widget_type=\"image.default\">\n\t\t\t\t<div class=\"elementor-widget-container\">\n\t\t\t\t\t\t\t\t\t\t\t\t\t\t\t<img loading=\"lazy\" decoding=\"async\" width=\"380\" height=\"380\" src=\"https:\/\/www.elturistatranquil.com\/wp-content\/uploads\/F121o-Centre-Picasso-Gosol-Lleida.jpg\" class=\"attachment-large size-large wp-image-49394\" alt=\"Centre Picasso, Gosol, Lleida\" srcset=\"https:\/\/www.elturistatranquil.com\/wp-content\/uploads\/F121o-Centre-Picasso-Gosol-Lleida.jpg 380w, https:\/\/www.elturistatranquil.com\/wp-content\/uploads\/F121o-Centre-Picasso-Gosol-Lleida-226x226.jpg 226w\" sizes=\"(max-width: 380px) 100vw, 380px\" \/>\t\t\t\t\t\t\t\t\t\t\t\t\t\t\t<\/div>\n\t\t\t\t<\/div>\n\t\t\t\t\t<\/div>\n\t\t<\/div>\n\t\t\t\t<div class=\"elementor-column elementor-col-50 elementor-inner-column elementor-element elementor-element-f24edce\" data-id=\"f24edce\" data-element_type=\"column\" data-e-type=\"column\">\n\t\t\t<div class=\"elementor-widget-wrap elementor-element-populated\">\n\t\t\t\t\t\t<div class=\"elementor-element elementor-element-113f8f1 elementor-widget elementor-widget-image\" data-id=\"113f8f1\" data-element_type=\"widget\" data-e-type=\"widget\" data-widget_type=\"image.default\">\n\t\t\t\t<div class=\"elementor-widget-container\">\n\t\t\t\t\t\t\t\t\t\t\t\t\t\t\t<img loading=\"lazy\" decoding=\"async\" width=\"380\" height=\"380\" src=\"https:\/\/www.elturistatranquil.com\/wp-content\/uploads\/F121p-Centre-Picasso-Gosol-Lleida.jpg\" class=\"attachment-large size-large wp-image-49396\" alt=\"Centre Picasso, Gosol, Lleida\" srcset=\"https:\/\/www.elturistatranquil.com\/wp-content\/uploads\/F121p-Centre-Picasso-Gosol-Lleida.jpg 380w, https:\/\/www.elturistatranquil.com\/wp-content\/uploads\/F121p-Centre-Picasso-Gosol-Lleida-226x226.jpg 226w\" sizes=\"(max-width: 380px) 100vw, 380px\" \/>\t\t\t\t\t\t\t\t\t\t\t\t\t\t\t<\/div>\n\t\t\t\t<\/div>\n\t\t\t\t\t<\/div>\n\t\t<\/div>\n\t\t\t\t\t<\/div>\n\t\t<\/section>\n\t\t\t\t<div class=\"elementor-element elementor-element-6d03e28 elementor-widget elementor-widget-heading\" data-id=\"6d03e28\" data-element_type=\"widget\" data-e-type=\"widget\" data-widget_type=\"heading.default\">\n\t\t\t\t<div class=\"elementor-widget-container\">\n\t\t\t\t\t<h2 class=\"elementor-heading-title elementor-size-default\">La Ruta Picasso<\/h2>\t\t\t\t<\/div>\n\t\t\t\t<\/div>\n\t\t\t\t<div class=\"elementor-element elementor-element-ef48bcf elementor-widget elementor-widget-text-editor\" data-id=\"ef48bcf\" data-element_type=\"widget\" data-e-type=\"widget\" data-widget_type=\"text-editor.default\">\n\t\t\t\t<div class=\"elementor-widget-container\">\n\t\t\t\t\t\t\t\t\t<p>Per complementar l\u2019aprofundiment en l\u2019estada de Picasso a G\u00f3sol es proposa una <strong>Ruta Picasso<\/strong>, per rec\u00f3rrer els indrets que van influir en l\u2019\u00e0nim del pintor.<\/p><p>Amb la &#8220;Ruta Picasso&#8221; es pret\u00e9n senyalitzar alguns camins rellevants de l\u2018arribada i l&#8217;estada de Pablo Picasso a G\u00f3sol a la primavera-estiu del 1906. Aquest camins ens permetran fer un viatge al passat i apropar-nos als llocs anecd\u00f2tics i freq\u00fcentats pel pintor en aquell temps.<\/p><p>S&#8217;han escollit en total vuit rutes, sis de les quals es consideren les m\u00e9s significatives de l&#8217;estada del pintor la vila de G\u00f3sol, i s\u00f3n les que es consideren m\u00e9s interessants de senyalitzar. I tamb\u00e9 dues rutes externes, que corresponen a la seva arribada des de Guardiola i la seva partida de G\u00f3sol cap a Bellver de Cerdanya, que no se senyalitzarien senceres, sin\u00f3 que es faria referencia a l&#8217;arribada i a la sortida del pintor.<\/p>\t\t\t\t\t\t\t\t<\/div>\n\t\t\t\t<\/div>\n\t\t\t\t<div class=\"elementor-element elementor-element-49d143c elementor-widget elementor-widget-heading\" data-id=\"49d143c\" data-element_type=\"widget\" data-e-type=\"widget\" data-widget_type=\"heading.default\">\n\t\t\t\t<div class=\"elementor-widget-container\">\n\t\t\t\t\t<h2 class=\"elementor-heading-title elementor-size-default\">Fi de la visita<\/h2>\t\t\t\t<\/div>\n\t\t\t\t<\/div>\n\t\t\t\t<div class=\"elementor-element elementor-element-923b14e elementor-widget elementor-widget-text-editor\" data-id=\"923b14e\" data-element_type=\"widget\" data-e-type=\"widget\" data-widget_type=\"text-editor.default\">\n\t\t\t\t<div class=\"elementor-widget-container\">\n\t\t\t\t\t\t\t\t\t<p>A la petita localitat de <strong>G\u00f3sol<\/strong>, al Prepirineu, s\u2019han reunit els fets hist\u00f2rics per aconseguir donar-li el suficient relleu per fer-ne un centre d\u2019atracci\u00f3 tur\u00edstica amb base cultural.<\/p><p>De l\u2019inici del seu poblament als primers temps de la recuperaci\u00f3 del territori sobre els musulmans,\u00a0 en els l\u00edmits de la primera Marca Hisp\u00e0nica de Carlemany, n\u2019ha quedat la pres\u00e8ncia\u00a0 de la torre del castell i la vila vella murada. La religi\u00f3 cat\u00f2lica va deixar el seu segell en el temple rom\u00e0nic<\/p><p>Des del segle XVIII la nova vila fora muralles ha configurat un conjunt d\u2019arquitectura popular tradicional que les edificacions de l\u2019\u00e8poca del turisme i la segona resid\u00e8ncia encara no han destrossat del tot.<\/p><p>Per fi, els mesos de presencia de Picasso a principis del segle XX, que van marcar una etapa important en la seva traject\u00f2ria art\u00edstica cap a la modernitat, li han l&#8217;han envoltat d&#8217;un halo de prestigi i llegenda que creix dia rere dia.<\/p><p>Hi tot dins d\u2019un paisatge i clima extraordinari, amb el Pedraforca com a s\u00edmbol de la vall, que ja des finals del segle XIX va ser valorat per viatgers i excursionistes.<\/p><p>Tot plegat, dona vida a aquesta localitat que podria haver esta una m\u00e9s en el proc\u00e9s de despoblament i aband\u00f3 de l\u2019alta muntanya.<\/p>\t\t\t\t\t\t\t\t<\/div>\n\t\t\t\t<\/div>\n\t\t\t\t<div class=\"elementor-element elementor-element-42808cb elementor-widget elementor-widget-heading\" data-id=\"42808cb\" data-element_type=\"widget\" data-e-type=\"widget\" data-widget_type=\"heading.default\">\n\t\t\t\t<div class=\"elementor-widget-container\">\n\t\t\t\t\t<h2 class=\"elementor-heading-title elementor-size-default\">Bases d\u2019informaci\u00f3<\/h2>\t\t\t\t<\/div>\n\t\t\t\t<\/div>\n\t\t\t\t<div class=\"elementor-element elementor-element-701938d2 elementor-widget elementor-widget-text-editor\" data-id=\"701938d2\" data-element_type=\"widget\" data-e-type=\"widget\" data-widget_type=\"text-editor.default\">\n\t\t\t\t<div class=\"elementor-widget-container\">\n\t\t\t\t\t\t\t\t\t<p><strong>Webs<\/strong><\/p><p><a href=\"https:\/\/ca.wikipedia.org\/wiki\/G%C3%B3sol\" target=\"_blank\" rel=\"noopener\">ajuntament<\/a><\/p><p><a href=\"https:\/\/ca.wikipedia.org\/wiki\/G%C3%B3sol\" target=\"_blank\" rel=\"noopener\">wikipedia<\/a><\/p><p><a href=\"https:\/\/www.visitpedraforca.com\/gosol\/\" target=\"_blank\" rel=\"noopener\">visitpedraforca<\/a><\/p><p><a href=\"https:\/\/www.femturisme.cat\/ca\/pobles\/gosol\" target=\"_blank\" rel=\"noopener\">femturisme<\/a><\/p><p><a href=\"https:\/\/www.catalunya.com\/gosol-2-1-251001?language=ca\" target=\"_blank\" rel=\"noopener\">catalunya.com<\/a><\/p><p><a href=\"https:\/\/www.enciclopedia.cat\/gran-enciclopedia-catalana\/gosol\" target=\"_blank\" rel=\"noopener\">enciclopediacat<\/a><\/p><p><a href=\"https:\/\/invarquit.cultura.gencat.cat\/search-result\" target=\"_blank\" rel=\"noopener\">invarquit.cultura<\/a><\/p><p><a href=\"https:\/\/www.catalunyamedieval.es\/castell-de-gosol-bergueda\/\" target=\"_blank\" rel=\"noopener\">catalunyamedieval<\/a><\/p><p><a href=\"https:\/\/www.monumentalnet.org\/monumentos.php?rf=&amp;cc=00&amp;pc=00&amp;mn=g%C3%B3sol&amp;ln=&amp;ct=&amp;ob=0&amp;mc=&amp;lc=&amp;pn=&amp;cn=&amp;p=1&amp;m=\" target=\"_blank\" rel=\"noopener\">monumentalnet<\/a><\/p><p><a href=\"https:\/\/www.catalunya.com\/parc-natural-del-cadi-moixero-17-17001-573532?language=es\" target=\"_blank\" rel=\"noopener\">Parc Natural del Cad\u00ed-Moixer\u00f3<\/a><\/p><p><strong>Castell<\/strong><\/p><p><a href=\"https:\/\/ca.wikipedia.org\/wiki\/Castell_de_G%C3%B3sol\" target=\"_blank\" rel=\"noopener\">wikipedia<\/a><\/p><p><a href=\"https:\/\/invarquit.cultura.gencat.cat\/card\/999\" target=\"_blank\" rel=\"noopener\">invarquit<\/a><\/p><p><a href=\"https:\/\/www.catalunyamedieval.es\/castell-de-gosol-bergueda\/\" target=\"_blank\" rel=\"noopener\">catalunyamedieval<\/a><\/p><p><strong>Esgl\u00e9sia de Santa Maria del Castell<\/strong><\/p><p><a href=\"https:\/\/www.enciclopedia.cat\/catalunya-romanica\/santa-maria-del-castell-de-gosol\" target=\"_blank\" rel=\"noopener\">enciclopediacat<\/a><\/p><p><a href=\"https:\/\/www.aldeaglobal.net\/artmedieval\/castella\/Santa%20Maria%20Gosol.htm\" target=\"_blank\" rel=\"noopener\">aldeaglobal<\/a><\/p><p><strong>Picasso<\/strong><\/p><p>Jaques Pi, J\u00e8ssica (2011). <a href=\"https:\/\/www.raco.cat\/index.php\/Erol\/article\/download\/244920\/344237\" target=\"_blank\" rel=\"noopener\">En Pau de G\u00f3sol<\/a><br \/>Picasso a l\u2019estiu de 1906<\/p><p>Behars Murillas, Karina (2006). <a href=\"https:\/\/www.raco.cat\/index.php\/Erol\/article\/download\/201063\/287168\" target=\"_blank\" rel=\"noopener\">Picasso a G\u00f3sol. 1906-2006<\/a><\/p><p><a href=\"https:\/\/museupicassobcn.cat\/en\/search\/g%C3%B3sol\" target=\"_blank\" rel=\"noopener\">museupicassobcn<\/a><\/p><p><strong>Youtube<\/strong><\/p><p><a href=\"https:\/\/www.youtube.com\/watch?v=vvnqbxdZPWo\" target=\"_blank\" rel=\"noopener\">Fort\u00ed liberal de G\u00f3sol<\/a><\/p><p><strong>Webs academic<\/strong><\/p><p>Madoz, Pascual (1847). <a href=\"https:\/\/www.bibliotecavirtualdeandalucia.es\/catalogo\/es\/catalogo_imagenes\/grupo.do?path=1004949\" target=\"_blank\" rel=\"noopener\"><em>Diccionario geogr\u00e1fico-estad\u00edstico-historico de Espa\u00f1a y sus posesiones de ultramar (1846-1850)<\/em><\/a>. Tomo VIII<\/p><p>Serra i Rot\u00e9s, R., Santandreu, M.D. <a href=\"https:\/\/www.raco.cat\/index.php\/Erol\/article\/download\/169686\/250191\" target=\"_blank\" rel=\"noopener\"><em>Dels camins romans a les carreteres asfaltades<\/em><\/a><\/p><p>Ventura, Anna. <a href=\"https:\/\/www.raco.cat\/index.php\/Erol\/article\/download\/200327\/267809\" target=\"_blank\" rel=\"noopener\"><em>Inventari dels castells medievals a la comarca del Bergued\u00e0<\/em><\/a><\/p><p>Tom\u00e1s, Eva (2011). <a href=\"https:\/\/www.raco.cat\/index.php\/Erol\/article\/download\/244922\/344239\" target=\"_blank\" rel=\"noopener\"><em>Un espai per a la interpretaci\u00f3 de Picasso a G\u00f3sol, un museu (d\u2019art) diferent<\/em><\/a><\/p><p>Miret y Sans, Joaquim (1901). <em><a href=\"https:\/\/www.raco.cat\/index.php\/MemoriasRABL\/article\/download\/205845\/300338\" target=\"_blank\" rel=\"noopener\">Los vescomtes de Cerdanya, Conflent y Bergad\u00e0<\/a><\/em><\/p>\t\t\t\t\t\t\t\t<\/div>\n\t\t\t\t<\/div>\n\t\t\t\t\t<\/div>\n\t\t<\/div>\n\t\t\t\t\t<\/div>\n\t\t<\/section>\n\t\t\t\t<\/div>\n\t\t","protected":false},"excerpt":{"rendered":"<p>Al petit poble de G\u00f3sol, a la comarca del Bergued\u00e0 lleidat\u00e0, ens situem als inicis de la Catalunya Vella de la Marca Hisp\u00e0nica -amb el castell i l\u2019esgl\u00e9sia rom\u00e0nica-, i &#8230; <a title=\"G\u00f3sol: Picasso, el castell i l\u2019esgl\u00e9sia de Santa Maria del Castell (Lleida)\" class=\"read-more\" href=\"https:\/\/www.elturistatranquil.com\/ca\/gosol-picasso-el-castell-i-lesglesia-de-santa-maria-del-castell-lleida\/\" aria-label=\"M\u00e9s informaci\u00f3 sobre G\u00f3sol: Picasso, el castell i l\u2019esgl\u00e9sia de Santa Maria del Castell (Lleida)\">[ &#8230; ]<\/a><\/p>\n","protected":false},"author":1,"featured_media":49425,"comment_status":"open","ping_status":"closed","sticky":false,"template":"","format":"standard","meta":{"footnotes":""},"categories":[71,72,75,145,81,83,87,128,100,103,104,107],"tags":[],"class_list":["post-49424","post","type-post","status-publish","format-standard","has-post-thumbnail","hentry","category-arquitectura-popular-ca","category-arquitectura-religiosa-ca","category-castells","category-edat-mitjana","category-etnografia-ca","category-historia-ca","category-joies-al-territori","category-lleida-ca","category-pobles-i-ciutats-amb-interes","category-roma","category-preromanic-ca","category-segle-xx-xxi","infinite-scroll-item","generate-columns","tablet-grid-50","mobile-grid-100","grid-parent","grid-50","no-featured-image-padding"],"yoast_head":"<!-- This site is optimized with the Yoast SEO plugin v27.4 - https:\/\/yoast.com\/product\/yoast-seo-wordpress\/ -->\n<title>G\u00f3sol: Picasso, el castell i l\u2019esgl\u00e9sia de Santa Maria del Castell (Lleida) - El turista tranquil<\/title>\n<meta name=\"description\" content=\"Al petit poble de G\u00f3sol, a la comarca del Bergued\u00e0 lleidat\u00e0, ens situem als inicis de la Catalunya Vella de la Marca Hisp\u00e0nica -amb el castell i l\u2019esgl\u00e9sia rom\u00e0nica-, i al cor de la primera modernitat pict\u00f2rica a rel de l\u2019estada de Picasso l\u2019any 1906, reflectida al Centre Picasso G\u00f3sol.\" \/>\n<meta name=\"robots\" content=\"index, follow, max-snippet:-1, max-image-preview:large, max-video-preview:-1\" \/>\n<link rel=\"canonical\" href=\"https:\/\/www.elturistatranquil.com\/ca\/gosol-picasso-el-castell-i-lesglesia-de-santa-maria-del-castell-lleida\/\" \/>\n<meta property=\"og:locale\" content=\"ca_ES\" \/>\n<meta property=\"og:type\" content=\"article\" \/>\n<meta property=\"og:title\" content=\"G\u00f3sol: Picasso, el castell i l\u2019esgl\u00e9sia de Santa Maria del Castell (Lleida) - El turista tranquil\" \/>\n<meta property=\"og:description\" content=\"Al petit poble de G\u00f3sol, a la comarca del Bergued\u00e0 lleidat\u00e0, ens situem als inicis de la Catalunya Vella de la Marca Hisp\u00e0nica -amb el castell i l\u2019esgl\u00e9sia rom\u00e0nica-, i al cor de la primera modernitat pict\u00f2rica a rel de l\u2019estada de Picasso l\u2019any 1906, reflectida al Centre Picasso G\u00f3sol.\" \/>\n<meta property=\"og:url\" content=\"https:\/\/www.elturistatranquil.com\/ca\/gosol-picasso-el-castell-i-lesglesia-de-santa-maria-del-castell-lleida\/\" \/>\n<meta property=\"og:site_name\" content=\"El turista tranquil\" \/>\n<meta property=\"article:publisher\" content=\"https:\/\/www.facebook.com\/elturistatranquilo\/\" \/>\n<meta property=\"article:published_time\" content=\"2023-09-30T09:59:50+00:00\" \/>\n<meta property=\"article:modified_time\" content=\"2023-10-06T09:32:08+00:00\" \/>\n<meta property=\"og:image\" content=\"https:\/\/www.elturistatranquil.com\/wp-content\/uploads\/F00-Gosol-visto-por-Picasso-1.jpg\" \/>\n\t<meta property=\"og:image:width\" content=\"768\" \/>\n\t<meta property=\"og:image:height\" content=\"512\" \/>\n\t<meta property=\"og:image:type\" content=\"image\/jpeg\" \/>\n<meta name=\"author\" content=\"admin\" \/>\n<meta name=\"twitter:card\" content=\"summary_large_image\" \/>\n<meta name=\"twitter:label1\" content=\"Escrit per\" \/>\n\t<meta name=\"twitter:data1\" content=\"admin\" \/>\n\t<meta name=\"twitter:label2\" content=\"Temps estimat de lectura\" \/>\n\t<meta name=\"twitter:data2\" content=\"56 minuts\" \/>\n<script type=\"application\/ld+json\" class=\"yoast-schema-graph\">{\"@context\":\"https:\\\/\\\/schema.org\",\"@graph\":[{\"@type\":\"Article\",\"@id\":\"https:\\\/\\\/www.elturistatranquil.com\\\/ca\\\/gosol-picasso-el-castell-i-lesglesia-de-santa-maria-del-castell-lleida\\\/#article\",\"isPartOf\":{\"@id\":\"https:\\\/\\\/www.elturistatranquil.com\\\/ca\\\/gosol-picasso-el-castell-i-lesglesia-de-santa-maria-del-castell-lleida\\\/\"},\"author\":{\"name\":\"admin\",\"@id\":\"https:\\\/\\\/www.elturistatranquil.com\\\/ca\\\/#\\\/schema\\\/person\\\/16f607c3079b96ed0c530a52e6b58bb5\"},\"headline\":\"G\u00f3sol: Picasso, el castell i l\u2019esgl\u00e9sia de Santa Maria del Castell (Lleida)\",\"datePublished\":\"2023-09-30T09:59:50+00:00\",\"dateModified\":\"2023-10-06T09:32:08+00:00\",\"mainEntityOfPage\":{\"@id\":\"https:\\\/\\\/www.elturistatranquil.com\\\/ca\\\/gosol-picasso-el-castell-i-lesglesia-de-santa-maria-del-castell-lleida\\\/\"},\"wordCount\":5910,\"commentCount\":0,\"image\":{\"@id\":\"https:\\\/\\\/www.elturistatranquil.com\\\/ca\\\/gosol-picasso-el-castell-i-lesglesia-de-santa-maria-del-castell-lleida\\\/#primaryimage\"},\"thumbnailUrl\":\"https:\\\/\\\/www.elturistatranquil.com\\\/wp-content\\\/uploads\\\/F00-Gosol-visto-por-Picasso-1.jpg\",\"articleSection\":[\"Arquitectura popular\",\"Arquitectura religiosa\",\"Castells, Muralles\",\"Edat mitjana\",\"Etnografia\",\"Hist\u00f2ria\",\"Joies al territori\",\"Lleida\",\"Pobles i ciutats amb inter\u00e9s\",\"Rom\u00e0\",\"Rom\u00e0nic\",\"Segle XX-XXI\"],\"inLanguage\":\"ca\",\"potentialAction\":[{\"@type\":\"CommentAction\",\"name\":\"Comment\",\"target\":[\"https:\\\/\\\/www.elturistatranquil.com\\\/ca\\\/gosol-picasso-el-castell-i-lesglesia-de-santa-maria-del-castell-lleida\\\/#respond\"]}]},{\"@type\":\"WebPage\",\"@id\":\"https:\\\/\\\/www.elturistatranquil.com\\\/ca\\\/gosol-picasso-el-castell-i-lesglesia-de-santa-maria-del-castell-lleida\\\/\",\"url\":\"https:\\\/\\\/www.elturistatranquil.com\\\/ca\\\/gosol-picasso-el-castell-i-lesglesia-de-santa-maria-del-castell-lleida\\\/\",\"name\":\"G\u00f3sol: Picasso, el castell i l\u2019esgl\u00e9sia de Santa Maria del Castell (Lleida) - El turista tranquil\",\"isPartOf\":{\"@id\":\"https:\\\/\\\/www.elturistatranquil.com\\\/ca\\\/#website\"},\"primaryImageOfPage\":{\"@id\":\"https:\\\/\\\/www.elturistatranquil.com\\\/ca\\\/gosol-picasso-el-castell-i-lesglesia-de-santa-maria-del-castell-lleida\\\/#primaryimage\"},\"image\":{\"@id\":\"https:\\\/\\\/www.elturistatranquil.com\\\/ca\\\/gosol-picasso-el-castell-i-lesglesia-de-santa-maria-del-castell-lleida\\\/#primaryimage\"},\"thumbnailUrl\":\"https:\\\/\\\/www.elturistatranquil.com\\\/wp-content\\\/uploads\\\/F00-Gosol-visto-por-Picasso-1.jpg\",\"datePublished\":\"2023-09-30T09:59:50+00:00\",\"dateModified\":\"2023-10-06T09:32:08+00:00\",\"author\":{\"@id\":\"https:\\\/\\\/www.elturistatranquil.com\\\/ca\\\/#\\\/schema\\\/person\\\/16f607c3079b96ed0c530a52e6b58bb5\"},\"description\":\"Al petit poble de G\u00f3sol, a la comarca del Bergued\u00e0 lleidat\u00e0, ens situem als inicis de la Catalunya Vella de la Marca Hisp\u00e0nica -amb el castell i l\u2019esgl\u00e9sia rom\u00e0nica-, i al cor de la primera modernitat pict\u00f2rica a rel de l\u2019estada de Picasso l\u2019any 1906, reflectida al Centre Picasso G\u00f3sol.\",\"breadcrumb\":{\"@id\":\"https:\\\/\\\/www.elturistatranquil.com\\\/ca\\\/gosol-picasso-el-castell-i-lesglesia-de-santa-maria-del-castell-lleida\\\/#breadcrumb\"},\"inLanguage\":\"ca\",\"potentialAction\":[{\"@type\":\"ReadAction\",\"target\":[\"https:\\\/\\\/www.elturistatranquil.com\\\/ca\\\/gosol-picasso-el-castell-i-lesglesia-de-santa-maria-del-castell-lleida\\\/\"]}]},{\"@type\":\"ImageObject\",\"inLanguage\":\"ca\",\"@id\":\"https:\\\/\\\/www.elturistatranquil.com\\\/ca\\\/gosol-picasso-el-castell-i-lesglesia-de-santa-maria-del-castell-lleida\\\/#primaryimage\",\"url\":\"https:\\\/\\\/www.elturistatranquil.com\\\/wp-content\\\/uploads\\\/F00-Gosol-visto-por-Picasso-1.jpg\",\"contentUrl\":\"https:\\\/\\\/www.elturistatranquil.com\\\/wp-content\\\/uploads\\\/F00-Gosol-visto-por-Picasso-1.jpg\",\"width\":768,\"height\":512,\"caption\":\"Gosol visto por Picasso\"},{\"@type\":\"BreadcrumbList\",\"@id\":\"https:\\\/\\\/www.elturistatranquil.com\\\/ca\\\/gosol-picasso-el-castell-i-lesglesia-de-santa-maria-del-castell-lleida\\\/#breadcrumb\",\"itemListElement\":[{\"@type\":\"ListItem\",\"position\":1,\"name\":\"Portada\",\"item\":\"https:\\\/\\\/www.elturistatranquil.com\\\/ca\\\/\"},{\"@type\":\"ListItem\",\"position\":2,\"name\":\"G\u00f3sol: Picasso, el castell i l\u2019esgl\u00e9sia de Santa Maria del Castell (Lleida)\"}]},{\"@type\":\"WebSite\",\"@id\":\"https:\\\/\\\/www.elturistatranquil.com\\\/ca\\\/#website\",\"url\":\"https:\\\/\\\/www.elturistatranquil.com\\\/ca\\\/\",\"name\":\"El turista tranquil\",\"description\":\"Blog de viatges\",\"potentialAction\":[{\"@type\":\"SearchAction\",\"target\":{\"@type\":\"EntryPoint\",\"urlTemplate\":\"https:\\\/\\\/www.elturistatranquil.com\\\/ca\\\/?s={search_term_string}\"},\"query-input\":{\"@type\":\"PropertyValueSpecification\",\"valueRequired\":true,\"valueName\":\"search_term_string\"}}],\"inLanguage\":\"ca\"},{\"@type\":\"Person\",\"@id\":\"https:\\\/\\\/www.elturistatranquil.com\\\/ca\\\/#\\\/schema\\\/person\\\/16f607c3079b96ed0c530a52e6b58bb5\",\"name\":\"admin\",\"image\":{\"@type\":\"ImageObject\",\"inLanguage\":\"ca\",\"@id\":\"https:\\\/\\\/secure.gravatar.com\\\/avatar\\\/1fbaf22aee75fcbb29a2f97b107f95d25d3a19b7c3416105be10269872673e8d?s=96&d=mm&r=g\",\"url\":\"https:\\\/\\\/secure.gravatar.com\\\/avatar\\\/1fbaf22aee75fcbb29a2f97b107f95d25d3a19b7c3416105be10269872673e8d?s=96&d=mm&r=g\",\"contentUrl\":\"https:\\\/\\\/secure.gravatar.com\\\/avatar\\\/1fbaf22aee75fcbb29a2f97b107f95d25d3a19b7c3416105be10269872673e8d?s=96&d=mm&r=g\",\"caption\":\"admin\"}}]}<\/script>\n<!-- \/ Yoast SEO plugin. -->","yoast_head_json":{"title":"G\u00f3sol: Picasso, el castell i l\u2019esgl\u00e9sia de Santa Maria del Castell (Lleida) - El turista tranquil","description":"Al petit poble de G\u00f3sol, a la comarca del Bergued\u00e0 lleidat\u00e0, ens situem als inicis de la Catalunya Vella de la Marca Hisp\u00e0nica -amb el castell i l\u2019esgl\u00e9sia rom\u00e0nica-, i al cor de la primera modernitat pict\u00f2rica a rel de l\u2019estada de Picasso l\u2019any 1906, reflectida al Centre Picasso G\u00f3sol.","robots":{"index":"index","follow":"follow","max-snippet":"max-snippet:-1","max-image-preview":"max-image-preview:large","max-video-preview":"max-video-preview:-1"},"canonical":"https:\/\/www.elturistatranquil.com\/ca\/gosol-picasso-el-castell-i-lesglesia-de-santa-maria-del-castell-lleida\/","og_locale":"ca_ES","og_type":"article","og_title":"G\u00f3sol: Picasso, el castell i l\u2019esgl\u00e9sia de Santa Maria del Castell (Lleida) - El turista tranquil","og_description":"Al petit poble de G\u00f3sol, a la comarca del Bergued\u00e0 lleidat\u00e0, ens situem als inicis de la Catalunya Vella de la Marca Hisp\u00e0nica -amb el castell i l\u2019esgl\u00e9sia rom\u00e0nica-, i al cor de la primera modernitat pict\u00f2rica a rel de l\u2019estada de Picasso l\u2019any 1906, reflectida al Centre Picasso G\u00f3sol.","og_url":"https:\/\/www.elturistatranquil.com\/ca\/gosol-picasso-el-castell-i-lesglesia-de-santa-maria-del-castell-lleida\/","og_site_name":"El turista tranquil","article_publisher":"https:\/\/www.facebook.com\/elturistatranquilo\/","article_published_time":"2023-09-30T09:59:50+00:00","article_modified_time":"2023-10-06T09:32:08+00:00","og_image":[{"width":768,"height":512,"url":"https:\/\/www.elturistatranquil.com\/wp-content\/uploads\/F00-Gosol-visto-por-Picasso-1.jpg","type":"image\/jpeg"}],"author":"admin","twitter_card":"summary_large_image","twitter_misc":{"Escrit per":"admin","Temps estimat de lectura":"56 minuts"},"schema":{"@context":"https:\/\/schema.org","@graph":[{"@type":"Article","@id":"https:\/\/www.elturistatranquil.com\/ca\/gosol-picasso-el-castell-i-lesglesia-de-santa-maria-del-castell-lleida\/#article","isPartOf":{"@id":"https:\/\/www.elturistatranquil.com\/ca\/gosol-picasso-el-castell-i-lesglesia-de-santa-maria-del-castell-lleida\/"},"author":{"name":"admin","@id":"https:\/\/www.elturistatranquil.com\/ca\/#\/schema\/person\/16f607c3079b96ed0c530a52e6b58bb5"},"headline":"G\u00f3sol: Picasso, el castell i l\u2019esgl\u00e9sia de Santa Maria del Castell (Lleida)","datePublished":"2023-09-30T09:59:50+00:00","dateModified":"2023-10-06T09:32:08+00:00","mainEntityOfPage":{"@id":"https:\/\/www.elturistatranquil.com\/ca\/gosol-picasso-el-castell-i-lesglesia-de-santa-maria-del-castell-lleida\/"},"wordCount":5910,"commentCount":0,"image":{"@id":"https:\/\/www.elturistatranquil.com\/ca\/gosol-picasso-el-castell-i-lesglesia-de-santa-maria-del-castell-lleida\/#primaryimage"},"thumbnailUrl":"https:\/\/www.elturistatranquil.com\/wp-content\/uploads\/F00-Gosol-visto-por-Picasso-1.jpg","articleSection":["Arquitectura popular","Arquitectura religiosa","Castells, Muralles","Edat mitjana","Etnografia","Hist\u00f2ria","Joies al territori","Lleida","Pobles i ciutats amb inter\u00e9s","Rom\u00e0","Rom\u00e0nic","Segle XX-XXI"],"inLanguage":"ca","potentialAction":[{"@type":"CommentAction","name":"Comment","target":["https:\/\/www.elturistatranquil.com\/ca\/gosol-picasso-el-castell-i-lesglesia-de-santa-maria-del-castell-lleida\/#respond"]}]},{"@type":"WebPage","@id":"https:\/\/www.elturistatranquil.com\/ca\/gosol-picasso-el-castell-i-lesglesia-de-santa-maria-del-castell-lleida\/","url":"https:\/\/www.elturistatranquil.com\/ca\/gosol-picasso-el-castell-i-lesglesia-de-santa-maria-del-castell-lleida\/","name":"G\u00f3sol: Picasso, el castell i l\u2019esgl\u00e9sia de Santa Maria del Castell (Lleida) - El turista tranquil","isPartOf":{"@id":"https:\/\/www.elturistatranquil.com\/ca\/#website"},"primaryImageOfPage":{"@id":"https:\/\/www.elturistatranquil.com\/ca\/gosol-picasso-el-castell-i-lesglesia-de-santa-maria-del-castell-lleida\/#primaryimage"},"image":{"@id":"https:\/\/www.elturistatranquil.com\/ca\/gosol-picasso-el-castell-i-lesglesia-de-santa-maria-del-castell-lleida\/#primaryimage"},"thumbnailUrl":"https:\/\/www.elturistatranquil.com\/wp-content\/uploads\/F00-Gosol-visto-por-Picasso-1.jpg","datePublished":"2023-09-30T09:59:50+00:00","dateModified":"2023-10-06T09:32:08+00:00","author":{"@id":"https:\/\/www.elturistatranquil.com\/ca\/#\/schema\/person\/16f607c3079b96ed0c530a52e6b58bb5"},"description":"Al petit poble de G\u00f3sol, a la comarca del Bergued\u00e0 lleidat\u00e0, ens situem als inicis de la Catalunya Vella de la Marca Hisp\u00e0nica -amb el castell i l\u2019esgl\u00e9sia rom\u00e0nica-, i al cor de la primera modernitat pict\u00f2rica a rel de l\u2019estada de Picasso l\u2019any 1906, reflectida al Centre Picasso G\u00f3sol.","breadcrumb":{"@id":"https:\/\/www.elturistatranquil.com\/ca\/gosol-picasso-el-castell-i-lesglesia-de-santa-maria-del-castell-lleida\/#breadcrumb"},"inLanguage":"ca","potentialAction":[{"@type":"ReadAction","target":["https:\/\/www.elturistatranquil.com\/ca\/gosol-picasso-el-castell-i-lesglesia-de-santa-maria-del-castell-lleida\/"]}]},{"@type":"ImageObject","inLanguage":"ca","@id":"https:\/\/www.elturistatranquil.com\/ca\/gosol-picasso-el-castell-i-lesglesia-de-santa-maria-del-castell-lleida\/#primaryimage","url":"https:\/\/www.elturistatranquil.com\/wp-content\/uploads\/F00-Gosol-visto-por-Picasso-1.jpg","contentUrl":"https:\/\/www.elturistatranquil.com\/wp-content\/uploads\/F00-Gosol-visto-por-Picasso-1.jpg","width":768,"height":512,"caption":"Gosol visto por Picasso"},{"@type":"BreadcrumbList","@id":"https:\/\/www.elturistatranquil.com\/ca\/gosol-picasso-el-castell-i-lesglesia-de-santa-maria-del-castell-lleida\/#breadcrumb","itemListElement":[{"@type":"ListItem","position":1,"name":"Portada","item":"https:\/\/www.elturistatranquil.com\/ca\/"},{"@type":"ListItem","position":2,"name":"G\u00f3sol: Picasso, el castell i l\u2019esgl\u00e9sia de Santa Maria del Castell (Lleida)"}]},{"@type":"WebSite","@id":"https:\/\/www.elturistatranquil.com\/ca\/#website","url":"https:\/\/www.elturistatranquil.com\/ca\/","name":"El turista tranquil","description":"Blog de viatges","potentialAction":[{"@type":"SearchAction","target":{"@type":"EntryPoint","urlTemplate":"https:\/\/www.elturistatranquil.com\/ca\/?s={search_term_string}"},"query-input":{"@type":"PropertyValueSpecification","valueRequired":true,"valueName":"search_term_string"}}],"inLanguage":"ca"},{"@type":"Person","@id":"https:\/\/www.elturistatranquil.com\/ca\/#\/schema\/person\/16f607c3079b96ed0c530a52e6b58bb5","name":"admin","image":{"@type":"ImageObject","inLanguage":"ca","@id":"https:\/\/secure.gravatar.com\/avatar\/1fbaf22aee75fcbb29a2f97b107f95d25d3a19b7c3416105be10269872673e8d?s=96&d=mm&r=g","url":"https:\/\/secure.gravatar.com\/avatar\/1fbaf22aee75fcbb29a2f97b107f95d25d3a19b7c3416105be10269872673e8d?s=96&d=mm&r=g","contentUrl":"https:\/\/secure.gravatar.com\/avatar\/1fbaf22aee75fcbb29a2f97b107f95d25d3a19b7c3416105be10269872673e8d?s=96&d=mm&r=g","caption":"admin"}}]}},"_links":{"self":[{"href":"https:\/\/www.elturistatranquil.com\/ca\/wp-json\/wp\/v2\/posts\/49424","targetHints":{"allow":["GET"]}}],"collection":[{"href":"https:\/\/www.elturistatranquil.com\/ca\/wp-json\/wp\/v2\/posts"}],"about":[{"href":"https:\/\/www.elturistatranquil.com\/ca\/wp-json\/wp\/v2\/types\/post"}],"author":[{"embeddable":true,"href":"https:\/\/www.elturistatranquil.com\/ca\/wp-json\/wp\/v2\/users\/1"}],"replies":[{"embeddable":true,"href":"https:\/\/www.elturistatranquil.com\/ca\/wp-json\/wp\/v2\/comments?post=49424"}],"version-history":[{"count":5,"href":"https:\/\/www.elturistatranquil.com\/ca\/wp-json\/wp\/v2\/posts\/49424\/revisions"}],"predecessor-version":[{"id":49461,"href":"https:\/\/www.elturistatranquil.com\/ca\/wp-json\/wp\/v2\/posts\/49424\/revisions\/49461"}],"wp:featuredmedia":[{"embeddable":true,"href":"https:\/\/www.elturistatranquil.com\/ca\/wp-json\/wp\/v2\/media\/49425"}],"wp:attachment":[{"href":"https:\/\/www.elturistatranquil.com\/ca\/wp-json\/wp\/v2\/media?parent=49424"}],"wp:term":[{"taxonomy":"category","embeddable":true,"href":"https:\/\/www.elturistatranquil.com\/ca\/wp-json\/wp\/v2\/categories?post=49424"},{"taxonomy":"post_tag","embeddable":true,"href":"https:\/\/www.elturistatranquil.com\/ca\/wp-json\/wp\/v2\/tags?post=49424"}],"curies":[{"name":"wp","href":"https:\/\/api.w.org\/{rel}","templated":true}]}}