{"id":49766,"date":"2023-10-14T12:42:23","date_gmt":"2023-10-14T10:42:23","guid":{"rendered":"https:\/\/www.elturistatranquil.com\/?p=49766"},"modified":"2023-10-18T10:59:03","modified_gmt":"2023-10-18T08:59:03","slug":"castell-de-torija-i-museu-del-viatge-a-la-alcarria-guadalajara","status":"publish","type":"post","link":"https:\/\/www.elturistatranquil.com\/ca\/castell-de-torija-i-museu-del-viatge-a-la-alcarria-guadalajara\/","title":{"rendered":"Castell de Torija i Museu del Viatge a La Alcarria (Guadalajara)"},"content":{"rendered":"\t\t<div data-elementor-type=\"wp-post\" data-elementor-id=\"49766\" class=\"elementor elementor-49766 elementor-49463\" data-elementor-post-type=\"post\">\n\t\t\t\t\t\t<section class=\"elementor-section elementor-top-section elementor-element elementor-element-279fb1c7 elementor-section-boxed elementor-section-height-default elementor-section-height-default\" data-id=\"279fb1c7\" data-element_type=\"section\" data-e-type=\"section\">\n\t\t\t\t\t\t<div class=\"elementor-container elementor-column-gap-default\">\n\t\t\t\t\t<div class=\"elementor-column elementor-col-100 elementor-top-column elementor-element elementor-element-a136683\" data-id=\"a136683\" data-element_type=\"column\" data-e-type=\"column\">\n\t\t\t<div class=\"elementor-widget-wrap elementor-element-populated\">\n\t\t\t\t\t\t<section class=\"elementor-section elementor-inner-section elementor-element elementor-element-7083f629 elementor-section-content-middle elementor-section-boxed elementor-section-height-default elementor-section-height-default\" data-id=\"7083f629\" data-element_type=\"section\" data-e-type=\"section\">\n\t\t\t\t\t\t<div class=\"elementor-container elementor-column-gap-default\">\n\t\t\t\t\t<div class=\"elementor-column elementor-col-100 elementor-inner-column elementor-element elementor-element-38b0135e\" data-id=\"38b0135e\" data-element_type=\"column\" data-e-type=\"column\">\n\t\t\t<div class=\"elementor-widget-wrap elementor-element-populated\">\n\t\t\t\t\t\t<div class=\"elementor-element elementor-element-48e426dc elementor-widget elementor-widget-text-editor\" data-id=\"48e426dc\" data-element_type=\"widget\" data-e-type=\"widget\" data-widget_type=\"text-editor.default\">\n\t\t\t\t<div class=\"elementor-widget-container\">\n\t\t\t\t\t\t\t\t\t<p>Al costat i visible des de l&#8217;A-2, a l&#8217;entrada de La Alcarria (Guadalajara) s&#8217;hi visualitza el <em>castell senyorial de Torija<\/em>. Al seu interior allotja el <em>Museu del Viatge a La Alcarria<\/em> i el <em>Centre d&#8217;Interpretaci\u00f3 Tur\u00edstica de la Prov\u00edncia de Guadalajara<\/em>.<\/p>\t\t\t\t\t\t\t\t<\/div>\n\t\t\t\t<\/div>\n\t\t\t\t\t<\/div>\n\t\t<\/div>\n\t\t\t\t\t<\/div>\n\t\t<\/section>\n\t\t\t\t<div class=\"elementor-element elementor-element-6dc44932 elementor-widget elementor-widget-heading\" data-id=\"6dc44932\" data-element_type=\"widget\" data-e-type=\"widget\" data-widget_type=\"heading.default\">\n\t\t\t\t<div class=\"elementor-widget-container\">\n\t\t\t\t\t<h1 class=\"elementor-heading-title elementor-size-default\">Castell de Torija i Museu del Viatge a La Alcarria (Guadalajara)<\/h1>\t\t\t\t<\/div>\n\t\t\t\t<\/div>\n\t\t\t\t\t<\/div>\n\t\t<\/div>\n\t\t\t\t\t<\/div>\n\t\t<\/section>\n\t\t\t\t<section class=\"elementor-section elementor-top-section elementor-element elementor-element-b9a500e elementor-section-boxed elementor-section-height-default elementor-section-height-default\" data-id=\"b9a500e\" data-element_type=\"section\" data-e-type=\"section\">\n\t\t\t\t\t\t<div class=\"elementor-container elementor-column-gap-default\">\n\t\t\t\t\t<div class=\"elementor-column elementor-col-100 elementor-top-column elementor-element elementor-element-3c72251e\" data-id=\"3c72251e\" data-element_type=\"column\" data-e-type=\"column\">\n\t\t\t<div class=\"elementor-widget-wrap elementor-element-populated\">\n\t\t\t\t\t\t<div class=\"elementor-element elementor-element-6bb9e167 elementor-widget elementor-widget-image\" data-id=\"6bb9e167\" data-element_type=\"widget\" data-e-type=\"widget\" data-widget_type=\"image.default\">\n\t\t\t\t<div class=\"elementor-widget-container\">\n\t\t\t\t\t\t\t\t\t\t\t\t<figure class=\"wp-caption\">\n\t\t\t\t\t\t\t\t\t\t<img fetchpriority=\"high\" decoding=\"async\" width=\"768\" height=\"512\" src=\"https:\/\/www.elturistatranquil.com\/wp-content\/uploads\/F01-Castillo-de-Torija-Guadalajara-Google-earth-2023-10-07.jpg\" class=\"attachment-large size-large wp-image-49473\" alt=\"Castillo de Torija, Guadalajara (Google earth 2023-10-07)\" srcset=\"https:\/\/www.elturistatranquil.com\/wp-content\/uploads\/F01-Castillo-de-Torija-Guadalajara-Google-earth-2023-10-07.jpg 768w, https:\/\/www.elturistatranquil.com\/wp-content\/uploads\/F01-Castillo-de-Torija-Guadalajara-Google-earth-2023-10-07-339x226.jpg 339w\" sizes=\"(max-width: 768px) 100vw, 768px\" \/>\t\t\t\t\t\t\t\t\t\t\t<figcaption class=\"widget-image-caption wp-caption-text\">Castell de Torija (Google earth 2023-10-07)<\/figcaption>\n\t\t\t\t\t\t\t\t\t\t<\/figure>\n\t\t\t\t\t\t\t\t\t<\/div>\n\t\t\t\t<\/div>\n\t\t\t\t<div class=\"elementor-element elementor-element-535f674c elementor-widget elementor-widget-spacer\" data-id=\"535f674c\" data-element_type=\"widget\" data-e-type=\"widget\" data-widget_type=\"spacer.default\">\n\t\t\t\t<div class=\"elementor-widget-container\">\n\t\t\t\t\t\t\t<div class=\"elementor-spacer\">\n\t\t\t<div class=\"elementor-spacer-inner\"><\/div>\n\t\t<\/div>\n\t\t\t\t\t\t<\/div>\n\t\t\t\t<\/div>\n\t\t\t\t<section class=\"elementor-section elementor-inner-section elementor-element elementor-element-20893b3 elementor-section-boxed elementor-section-height-default elementor-section-height-default\" data-id=\"20893b3\" data-element_type=\"section\" data-e-type=\"section\" data-settings=\"{&quot;background_background&quot;:&quot;classic&quot;}\">\n\t\t\t\t\t\t\t<div class=\"elementor-background-overlay\"><\/div>\n\t\t\t\t\t\t\t<div class=\"elementor-container elementor-column-gap-default\">\n\t\t\t\t\t<div class=\"elementor-column elementor-col-100 elementor-inner-column elementor-element elementor-element-4d7ca1e5\" data-id=\"4d7ca1e5\" data-element_type=\"column\" data-e-type=\"column\" data-settings=\"{&quot;background_background&quot;:&quot;classic&quot;}\">\n\t\t\t<div class=\"elementor-widget-wrap elementor-element-populated\">\n\t\t\t\t\t\t<div class=\"elementor-element elementor-element-6b8bb25d elementor-widget elementor-widget-text-editor\" data-id=\"6b8bb25d\" data-element_type=\"widget\" data-e-type=\"widget\" data-widget_type=\"text-editor.default\">\n\t\t\t\t<div class=\"elementor-widget-container\">\n\t\t\t\t\t\t\t\t\t<p>Municipi: Torija. Comarca: La Alcarria. Prov\u00edncia: Guadalajara. Com. Aut\u00f2noma: Castilla-La Mancha<\/p><p>Coordenades: 40\u00b044\u203235\u2033N 3\u00b001\u203253\u2033O. Altitud: 958 msnm. Poblaci\u00f3: 1.663 habitants (2022)<\/p><p>Web: <a href=\"https:\/\/turismoenguadalajara.es\/reportajes\/castillo-de-torija-centro-de-interpretacion-y-museo-citug\" target=\"_blank\" rel=\"noopener\">turismodeguadalajara<\/a><\/p><p><em>B\u00e9 d&#8217;inter\u00e8s cultural (BIC). Monument Nacional<\/em> (1932)<\/p><p>Visita: 2023<\/p>\t\t\t\t\t\t\t\t<\/div>\n\t\t\t\t<\/div>\n\t\t\t\t\t<\/div>\n\t\t<\/div>\n\t\t\t\t\t<\/div>\n\t\t<\/section>\n\t\t\t\t<div class=\"elementor-element elementor-element-6da0e955 elementor-widget elementor-widget-image\" data-id=\"6da0e955\" data-element_type=\"widget\" data-e-type=\"widget\" data-widget_type=\"image.default\">\n\t\t\t\t<div class=\"elementor-widget-container\">\n\t\t\t\t\t\t\t\t\t\t\t\t<figure class=\"wp-caption\">\n\t\t\t\t\t\t\t\t\t\t<img decoding=\"async\" width=\"768\" height=\"511\" src=\"https:\/\/www.elturistatranquil.com\/wp-content\/uploads\/F02c-Mapa-de-situacio-del-Castell-de-Torija-Guadalajara-Google-maps-2023-10-11.jpg\" class=\"attachment-medium_large size-medium_large wp-image-49768\" alt=\"Mapa de situacio del Castell de Torija, Guadalajara (Google maps 2023-10-11)\" srcset=\"https:\/\/www.elturistatranquil.com\/wp-content\/uploads\/\/F02c-Mapa-de-situacio-del-Castell-de-Torija-Guadalajara-Google-maps-2023-10-11.jpg 768w, https:\/\/www.elturistatranquil.com\/wp-content\/uploads\/\/F02c-Mapa-de-situacio-del-Castell-de-Torija-Guadalajara-Google-maps-2023-10-11-339x226.jpg 339w\" sizes=\"(max-width: 768px) 100vw, 768px\" \/>\t\t\t\t\t\t\t\t\t\t\t<figcaption class=\"widget-image-caption wp-caption-text\">Mapa de situaci\u00f3 del Castell de Torija (Google maps 2023-10-11)<\/figcaption>\n\t\t\t\t\t\t\t\t\t\t<\/figure>\n\t\t\t\t\t\t\t\t\t<\/div>\n\t\t\t\t<\/div>\n\t\t\t\t<div class=\"elementor-element elementor-element-1a975a0e elementor-widget elementor-widget-spacer\" data-id=\"1a975a0e\" data-element_type=\"widget\" data-e-type=\"widget\" data-widget_type=\"spacer.default\">\n\t\t\t\t<div class=\"elementor-widget-container\">\n\t\t\t\t\t\t\t<div class=\"elementor-spacer\">\n\t\t\t<div class=\"elementor-spacer-inner\"><\/div>\n\t\t<\/div>\n\t\t\t\t\t\t<\/div>\n\t\t\t\t<\/div>\n\t\t\t\t<div class=\"elementor-element elementor-element-62777adf elementor-toc--minimized-on-tablet elementor-widget elementor-widget-table-of-contents\" data-id=\"62777adf\" data-element_type=\"widget\" data-e-type=\"widget\" data-settings=\"{&quot;headings_by_tags&quot;:[&quot;h2&quot;,&quot;h3&quot;,&quot;h4&quot;],&quot;marker_view&quot;:&quot;bullets&quot;,&quot;icon&quot;:{&quot;value&quot;:&quot;&quot;,&quot;library&quot;:&quot;&quot;},&quot;no_headings_message&quot;:&quot;No s&#039;ha trobat cap encap\\u00e7alament en aquesta p\\u00e0gina.&quot;,&quot;minimize_box&quot;:&quot;yes&quot;,&quot;minimized_on&quot;:&quot;tablet&quot;,&quot;hierarchical_view&quot;:&quot;yes&quot;,&quot;min_height&quot;:{&quot;unit&quot;:&quot;px&quot;,&quot;size&quot;:&quot;&quot;,&quot;sizes&quot;:[]},&quot;min_height_tablet&quot;:{&quot;unit&quot;:&quot;px&quot;,&quot;size&quot;:&quot;&quot;,&quot;sizes&quot;:[]},&quot;min_height_mobile&quot;:{&quot;unit&quot;:&quot;px&quot;,&quot;size&quot;:&quot;&quot;,&quot;sizes&quot;:[]}}\" data-widget_type=\"table-of-contents.default\">\n\t\t\t\t<div class=\"elementor-widget-container\">\n\t\t\t\t\t\t\t\t\t<div class=\"elementor-toc__header\">\n\t\t\t\t\t\t<h4 class=\"elementor-toc__header-title\">\n\t\t\t\t\u00cdndex\t\t\t<\/h4>\n\t\t\t\t\t\t\t\t\t\t<div class=\"elementor-toc__toggle-button elementor-toc__toggle-button--expand\" role=\"button\" tabindex=\"0\" aria-controls=\"elementor-toc__62777adf\" aria-expanded=\"true\" aria-label=\"Open table of contents\"><i aria-hidden=\"true\" class=\"fas fa-chevron-down\"><\/i><\/div>\n\t\t\t\t<div class=\"elementor-toc__toggle-button elementor-toc__toggle-button--collapse\" role=\"button\" tabindex=\"0\" aria-controls=\"elementor-toc__62777adf\" aria-expanded=\"true\" aria-label=\"Close table of contents\"><i aria-hidden=\"true\" class=\"fas fa-chevron-up\"><\/i><\/div>\n\t\t\t\t\t<\/div>\n\t\t\t\t<div id=\"elementor-toc__62777adf\" class=\"elementor-toc__body\">\n\t\t\t<div class=\"elementor-toc__spinner-container\">\n\t\t\t\t<i class=\"elementor-toc__spinner eicon-animation-spin eicon-loading\" aria-hidden=\"true\"><\/i>\t\t\t<\/div>\n\t\t<\/div>\n\t\t\t\t\t\t<\/div>\n\t\t\t\t<\/div>\n\t\t\t\t<div class=\"elementor-element elementor-element-43507e7f elementor-widget elementor-widget-menu-anchor\" data-id=\"43507e7f\" data-element_type=\"widget\" data-e-type=\"widget\" data-widget_type=\"menu-anchor.default\">\n\t\t\t\t<div class=\"elementor-widget-container\">\n\t\t\t\t\t\t\t<div class=\"elementor-menu-anchor\" id=\"a0101-EnlaceaunpuntodentrodelPost\"><\/div>\n\t\t\t\t\t\t<\/div>\n\t\t\t\t<\/div>\n\t\t\t\t<div class=\"elementor-element elementor-element-615e51f8 elementor-widget elementor-widget-spacer\" data-id=\"615e51f8\" data-element_type=\"widget\" data-e-type=\"widget\" data-widget_type=\"spacer.default\">\n\t\t\t\t<div class=\"elementor-widget-container\">\n\t\t\t\t\t\t\t<div class=\"elementor-spacer\">\n\t\t\t<div class=\"elementor-spacer-inner\"><\/div>\n\t\t<\/div>\n\t\t\t\t\t\t<\/div>\n\t\t\t\t<\/div>\n\t\t\t\t<div class=\"elementor-element elementor-element-adf6f99 elementor-widget elementor-widget-heading\" data-id=\"adf6f99\" data-element_type=\"widget\" data-e-type=\"widget\" data-widget_type=\"heading.default\">\n\t\t\t\t<div class=\"elementor-widget-container\">\n\t\t\t\t\t<h2 class=\"elementor-heading-title elementor-size-default\">Castell de Torija i Museu del Viatge a La Alcarria. La Alcarria. Guadalajara<\/h2>\t\t\t\t<\/div>\n\t\t\t\t<\/div>\n\t\t\t\t<div class=\"elementor-element elementor-element-7180557b elementor-widget elementor-widget-text-editor\" data-id=\"7180557b\" data-element_type=\"widget\" data-e-type=\"widget\" data-widget_type=\"text-editor.default\">\n\t\t\t\t<div class=\"elementor-widget-container\">\n\t\t\t\t\t\t\t\t\t<p>Cada cop que s&#8217;arriba a uns 15 quil\u00f2metres de Guadalajara per l&#8217;autovia A-2 en direcci\u00f3 a Saragossa, apareix davant de la vista al revolt de l&#8217;autovia un espl\u00e8ndid castell. Normalment, un va de pas i no s&#8217;atura, per\u00f2 pensa que la primera ocasi\u00f3 que es presenti hauria d\u2019aturar-se per visitar-lo. Per fi, \u00e9s el que he fet aquesta vegada.<\/p><p>Aix\u00ed doncs, visitarem el castell de Torija, a la porta de La Alcarria.<\/p>\t\t\t\t\t\t\t\t<\/div>\n\t\t\t\t<\/div>\n\t\t\t\t<div class=\"elementor-element elementor-element-35d21c4b elementor-widget elementor-widget-heading\" data-id=\"35d21c4b\" data-element_type=\"widget\" data-e-type=\"widget\" data-widget_type=\"heading.default\">\n\t\t\t\t<div class=\"elementor-widget-container\">\n\t\t\t\t\t<h2 class=\"elementor-heading-title elementor-size-default\">El territori<\/h2>\t\t\t\t<\/div>\n\t\t\t\t<\/div>\n\t\t\t\t<div class=\"elementor-element elementor-element-03e9514 elementor-widget elementor-widget-text-editor\" data-id=\"03e9514\" data-element_type=\"widget\" data-e-type=\"widget\" data-widget_type=\"text-editor.default\">\n\t\t\t\t<div class=\"elementor-widget-container\">\n\t\t\t\t\t\t\t\t\t<p>Just al punt on la comarca de La Alcarria entra a la vall que ha erosionat la riera de la Vall de Torija, per on l&#8217;autovia baixa fins al campinya del riu Henares, s&#8217;ha situat, ja des de temps hispanoromans, un punt d&#8217;observaci\u00f3 i control d&#8217;aquest pas estrat\u00e8gic.<\/p>\t\t\t\t\t\t\t\t<\/div>\n\t\t\t\t<\/div>\n\t\t\t\t<div class=\"elementor-element elementor-element-a399132 elementor-widget elementor-widget-heading\" data-id=\"a399132\" data-element_type=\"widget\" data-e-type=\"widget\" data-widget_type=\"heading.default\">\n\t\t\t\t<div class=\"elementor-widget-container\">\n\t\t\t\t\t<h2 class=\"elementor-heading-title elementor-size-default\">Una mica d'hist\u00f2ria<\/h2>\t\t\t\t<\/div>\n\t\t\t\t<\/div>\n\t\t\t\t<div class=\"elementor-element elementor-element-76aa1e98 elementor-widget elementor-widget-text-editor\" data-id=\"76aa1e98\" data-element_type=\"widget\" data-e-type=\"widget\" data-widget_type=\"text-editor.default\">\n\t\t\t\t<div class=\"elementor-widget-container\">\n\t\t\t\t\t\t\t\t\t<p>Ja des de l&#8217;Antiguitat, l&#8217;empla\u00e7ament de Torija est\u00e0 considerat un punt estrat\u00e8gic important en el control de l&#8217;acc\u00e9s a La Alcarria. De fet, un ramal secundari de la via romana que <em>Complutum<\/em> (al costat de Alcal\u00e1 de Henares)- <em>Caesaraugusta<\/em> (Saragossa) discorria per aquest pas, mentre que la via principal travessava el riu Henares. All\u00ed hi hauria situada alguna torrassa de control.<\/p><p>Hi ha for\u00e7a acord a considerar que el nom <strong>torija<\/strong> derivaria de <em>torre petita<\/em>.<\/p><p>Les restes arqueol\u00f2giques evidencien que tamb\u00e9 va estar ocupada en \u00e8poca visigoda.<\/p><p>En \u00e8poca musulmana, Torija va formar part del regne taifa de Toledo. Quan l&#8217;any 1085 Alfonso VI conquereix Toledo, aquest lloc passa a pert\u00e0nyer al regne cristi\u00e0 quedant en una posici\u00f3 for\u00e7a insegura, a causa de la proximitat amb la frontera de la taifa de Saragossa. La seva consolidaci\u00f3 territorial es produeix a partir de l&#8217;inici de la repoblaci\u00f3 cap al 1150. I ser\u00e0 en aquest proc\u00e9s, en qu\u00e8 adquirir\u00e0 m\u00e9s import\u00e0ncia el paper de Torija en els conflictes de l&#8217;Edat Mitjana.<\/p><p>Sembla que la seva repoblaci\u00f3, a mitjans segle XII, s&#8217;encomana a l&#8217;Orde del Temple que hauria creat un convent o un castell al lloc.<\/p><p>No \u00e9s fins mitjans segle XIV que es disposen de not\u00edcies i documentaci\u00f3 hist\u00f2rica. Des d&#8217;Alfonso XI, els diferents avatars que se succeeixen al llarg de l&#8217;Edat Mitjana en relaci\u00f3 amb la propietat del castell vindran marcats per les lluites entre els reis de Navarra i Castella i les disputes entre les fam\u00edlies nobili\u00e0ries; conflictes, componendes o intercanvis que formen en general la intrahist\u00f2ria d\u2019aquest per\u00edode.<\/p><p>Aix\u00ed podem seguir un proc\u00e9s de propietat que s&#8217;inicia amb la cessi\u00f3 del lloc per Alfonso XI a Alonso Fern\u00e1ndez Coronel, un dels seus capitans a la batalla del Salat (1340). Despr\u00e9s se succeeixen I\u00f1igo L\u00f3pez Orozco, Pedro Gonz\u00e1lez de Mendoza i Diego Hurtado de Mendoza.<\/p><p>Amb Juan I novament \u00e9s recuperada per la casa dels Coronel. Al segle XV \u00e9s lliurada la pla\u00e7a a Pedro N\u00fa\u00f1ez de Guzm\u00e1n, i passa al seu fill Gonzalo de Guzm\u00e1n, comte de Gelves.<\/p><p>El 1445, els Infants d&#8217;Arag\u00f3 s&#8217;apoderen de Torija. L&#8217;arquebisbe de Toledo Alfonso Carrillo, amb l&#8217;ajuda posterior del marqu\u00e8s de Santillana, I\u00f1igo L\u00f3pez de Mendoza, la recuperen per a la corona despr\u00e9s d&#8217;un llarg setge el 1452. L&#8217;edifici del castell va quedar seriosament afectat despr\u00e9s de ser assetjat amb la artilleria del Marqu\u00e8s de Santillana.<\/p>\t\t\t\t\t\t\t\t<\/div>\n\t\t\t\t<\/div>\n\t\t\t\t<div class=\"elementor-element elementor-element-1894f2ea elementor-widget elementor-widget-image\" data-id=\"1894f2ea\" data-element_type=\"widget\" data-e-type=\"widget\" data-widget_type=\"image.default\">\n\t\t\t\t<div class=\"elementor-widget-container\">\n\t\t\t\t\t\t\t\t\t\t\t\t<figure class=\"wp-caption\">\n\t\t\t\t\t\t\t\t\t\t<img decoding=\"async\" width=\"768\" height=\"512\" src=\"https:\/\/www.elturistatranquil.com\/wp-content\/uploads\/F03-Castillo-de-Torija-Guadalajara.jpg\" class=\"attachment-large size-large wp-image-49477\" alt=\"Castillo de Torija, Guadalajara\" srcset=\"https:\/\/www.elturistatranquil.com\/wp-content\/uploads\/F03-Castillo-de-Torija-Guadalajara.jpg 768w, https:\/\/www.elturistatranquil.com\/wp-content\/uploads\/F03-Castillo-de-Torija-Guadalajara-339x226.jpg 339w\" sizes=\"(max-width: 768px) 100vw, 768px\" \/>\t\t\t\t\t\t\t\t\t\t\t<figcaption class=\"widget-image-caption wp-caption-text\">Reproducci\u00f3 del retaule dels Goigs de Santa Maria, de Jorge Ingl\u00e9s (1455), amb les figures orants del Marqu\u00e8s de Santillana, Don Diego L\u00f3pez de Mendoza i la seva esposa Do\u00f1a Catalina Su\u00e1rez de Figueroa<\/figcaption>\n\t\t\t\t\t\t\t\t\t\t<\/figure>\n\t\t\t\t\t\t\t\t\t<\/div>\n\t\t\t\t<\/div>\n\t\t\t\t<div class=\"elementor-element elementor-element-6195165 elementor-widget elementor-widget-text-editor\" data-id=\"6195165\" data-element_type=\"widget\" data-e-type=\"widget\" data-widget_type=\"text-editor.default\">\n\t\t\t\t<div class=\"elementor-widget-container\">\n\t\t\t\t\t\t\t\t\t<p>El 1453 adquireix la pla\u00e7a de Torija I\u00f1igo L\u00f3pez de Mendoza i des de llavors va pert\u00e0nyer a la casa dels Mendoza, els quals, encara que residien a Guadalajara, van mantenir sempre un alcaide a la fortalesa.<\/p><p>Lorenzo Su\u00e1rez de Mendoza, senyor de Torija des del 9 de maig de 1458, va decidir construir al lloc un castell senyorial propi de l&#8217;\u00e8poca entre la noblesa. Les obres es van iniciar el 1460 per construir un castell de nova planta, el qual podem observar actualment, convenientment rehabilitat.<\/p><p>Un moment transcendental per a la vida del castell va ser quan l&#8217;any 1811, perqu\u00e8 no caigu\u00e9s en mans de les forces napole\u00f2nica, Juan Mart\u00edn El Empecinado ho va dinamitar. A partir de llavors, va quedar mig en ru\u00efna, desmotxat, i havent servit de pedrera per a la construcci\u00f3 d&#8217;algunes cases del poble.<\/p><p>Tot i que el 1932 formar\u00e0 part de la declaraci\u00f3 massiva de Monument Nacional, no ser\u00e0 fins al 1953 que es redacta un primer projecte de reconstrucci\u00f3 m\u00e9s que de restauraci\u00f3, amb l&#8217;obra realitzada entre el 1963 i el 1967.<\/p><p>En aquesta primera actuaci\u00f3, el pati interior va quedar totalment buit entre els quatre alts murs exteriors i la torre de l&#8217;Homenatge totalment refeta.<\/p><p>L&#8217;any 1995, la torre de l&#8217;Homenatge es va destinar a albergar el <strong>Museu del Viatge a La Alcarria<\/strong>, dedicat a Camilo Jos\u00e9 Cela.<\/p><p>L&#8217;any 2007, la diputaci\u00f3 de Guadalajara construeix al seu interior un edifici de nova planta, obra de l&#8217;arquitecte Jos\u00e9 Luis Condado, per allotjar el <strong>Centre d&#8217;Interpretaci\u00f3 Tur\u00edstica de la Prov\u00edncia de Guadalajara<\/strong> (CITUG), inaugurat el 2010.<\/p>\t\t\t\t\t\t\t\t<\/div>\n\t\t\t\t<\/div>\n\t\t\t\t<div class=\"elementor-element elementor-element-88fd1bc elementor-widget elementor-widget-heading\" data-id=\"88fd1bc\" data-element_type=\"widget\" data-e-type=\"widget\" data-widget_type=\"heading.default\">\n\t\t\t\t<div class=\"elementor-widget-container\">\n\t\t\t\t\t<h2 class=\"elementor-heading-title elementor-size-default\">El Castell<\/h2>\t\t\t\t<\/div>\n\t\t\t\t<\/div>\n\t\t\t\t<div class=\"elementor-element elementor-element-61c6ab3 elementor-widget elementor-widget-text-editor\" data-id=\"61c6ab3\" data-element_type=\"widget\" data-e-type=\"widget\" data-widget_type=\"text-editor.default\">\n\t\t\t\t<div class=\"elementor-widget-container\">\n\t\t\t\t\t\t\t\t\t<p>Tots els indicis apunten que al llarg del proc\u00e9s hist\u00f2ric que acabem de veure, la situaci\u00f3 de la fortalesa que controlava o defensava aquest territori va anar canviant de posici\u00f3 dins la localitat.<\/p><p>Seguint les hip\u00f2tesis d&#8217;<a href=\"https:\/\/ceclmdigital.uclm.es\/viewer.vm?id=0002839690&amp;page=1&amp;lang=es\" target=\"_blank\" rel=\"noopener\">Enrique Daza<\/a>,\u00a0la primera torre i el caseriu que es va crear a la seva ombra estaria ubicada a dalt del tur\u00f3, al lloc que ocupa actualment l&#8217;esgl\u00e9sia de la Asunci\u00f3n, formant el conjunt (<strong>A<\/strong>) de la vista seg\u00fcent.<\/p>\t\t\t\t\t\t\t\t<\/div>\n\t\t\t\t<\/div>\n\t\t\t\t<div class=\"elementor-element elementor-element-ef47672 elementor-widget elementor-widget-image\" data-id=\"ef47672\" data-element_type=\"widget\" data-e-type=\"widget\" data-widget_type=\"image.default\">\n\t\t\t\t<div class=\"elementor-widget-container\">\n\t\t\t\t\t\t\t\t\t\t\t\t<figure class=\"wp-caption\">\n\t\t\t\t\t\t\t\t\t\t<img loading=\"lazy\" decoding=\"async\" width=\"768\" height=\"512\" src=\"https:\/\/www.elturistatranquil.com\/wp-content\/uploads\/F04-Torija-Guadalajara-Google-earth-2023-10-07.jpg\" class=\"attachment-large size-large wp-image-49479\" alt=\"Torija, Guadalajara (Google earth 2023-10-07)\" srcset=\"https:\/\/www.elturistatranquil.com\/wp-content\/uploads\/F04-Torija-Guadalajara-Google-earth-2023-10-07.jpg 768w, https:\/\/www.elturistatranquil.com\/wp-content\/uploads\/F04-Torija-Guadalajara-Google-earth-2023-10-07-339x226.jpg 339w\" sizes=\"(max-width: 768px) 100vw, 768px\" \/>\t\t\t\t\t\t\t\t\t\t\t<figcaption class=\"widget-image-caption wp-caption-text\">(Google earth 2023-10-10)<\/figcaption>\n\t\t\t\t\t\t\t\t\t\t<\/figure>\n\t\t\t\t\t\t\t\t\t<\/div>\n\t\t\t\t<\/div>\n\t\t\t\t<div class=\"elementor-element elementor-element-872e93b elementor-widget elementor-widget-text-editor\" data-id=\"872e93b\" data-element_type=\"widget\" data-e-type=\"widget\" data-widget_type=\"text-editor.default\">\n\t\t\t\t<div class=\"elementor-widget-container\">\n\t\t\t\t\t\t\t\t\t<p>El castell alt medieval, el que va patir el setge en \u00e8poca de Juan II, s&#8217;hauria situat a la zona (<strong>B<\/strong>), ocupant el castell i la pla\u00e7a del davant actuals, de manera que es disposaria de terreny suficient per allotjar la fortificaci\u00f3 i les tropes. Per\u00f2 despr\u00e9s del setge sembla que va quedar destru\u00eft en gran part.<\/p><p>Quan s&#8217;apropia de la vila el Marqu\u00e8s de Santillana, s&#8217;hauria proposat una reforma urbana per dotar un cert programa edilici i d&#8217;embelliment, ja que es tractava del cap d&#8217;un senyoriu. Aquest programa hauria consistit en la construcci\u00f3 de l&#8217;esgl\u00e9sia de la Asunci\u00f3n a dalt del tur\u00f3; aixecar una nova tanca m\u00e9s \u00e0mplia, amb una trama urbana articulada sobre un carrer longitudinal; i, per fi, un nou castell senyorial altomedieval, amb funci\u00f3 palatina i que requeriria un esc\u00e0s nivell d&#8217;ex\u00e8rcit de defensa. Recordem que aquest tipus de castells tenia primordialment la funci\u00f3 de representaci\u00f3 social, davant dels altres senyors i de domini social sobre el poble.<\/p><p>D&#8217;aquesta manera, el 1460 s&#8217;inicien les obres del castell definitiu. Un <a href=\"https:\/\/www.elturistatranquil.com\/ca\/els-castells-medievals-a-espanya-tipologies\/#b1203\" target=\"_blank\" rel=\"noopener\">castell senyorial<\/a> seguint la tipologia dels castells torrasses de moda a l&#8217;\u00e8poca a terres de Castella. Castells que unien el luxe residencial dels grans senyors amb la protecci\u00f3 davant dels conflictes propis del seu temps.<\/p><p>Tot l&#8217;aparell del castell \u00e9s de carreu de calc\u00e0ria blanca. La planta de l\u2019edifici de la fortificaci\u00f3 \u00e9s quadrada, d\u2019uns 29 x 29 metres. A les cantonades cubs circulars emmerletats d&#8217;uns 7 metres de di\u00e0metre, excepte a la del v\u00e8rtex de llevant, a la qual s&#8217;adossa exteriorment la torre de l&#8217;homenatge. Al centre dels llen\u00e7os de muralla uns garitons sobre lampetes o anells volats. L&#8217;entrada pel costat nord i una sortida auxiliar al costat sud. Als llen\u00e7os s&#8217;obren unes poques finestres elevades. Es considera que en la restauraci\u00f3 es van elevar massa els murs i se&#8217;ls va afegir un matac\u00e0 corregut sobre cada llen\u00e7, que Cooper q\u00fcestiona en all\u00f2 que ir\u00f2nicament considera una \u201csuperentusiasta reconstrucci\u00f3\u201d.<\/p><p>Hi sobresurt la torre de l&#8217;homenatge, tamb\u00e9 de planta gaireb\u00e9 quadrada d&#8217;uns 12 x 13 metres i uns 30 metres d&#8217;al\u00e7ada m\u00e0xima, per\u00f2 curiosament col\u00b7locada de manera tangent transversal al quadrat del cos central a la cantonada de llevant. Tamb\u00e9 emmerletada, amb \u201cborjes\u201d (refor\u00e7os cil\u00edndrics) a les cantonades i garitons als centres de mur. Contenia quatre plantes al seu interior, amb una \u00fanica entrada, molt estreta, a l&#8217;al\u00e7ada del segon nivell des del pati.<\/p><p>Exteriorment estava envoltada per una barbacana que seguia la tra\u00e7a del castell. En part protegida pel pendent del terreny.<\/p><p>L&#8217;entrada per la part nord, situada m\u00e9s a l&#8217;esquerra que l&#8217;entrada actual, protegida per una fossa seca amb un pont llevad\u00eds, en trobar-se al mateix nivell que el terreny. La porta s&#8217;obre cap a la vila. (Hav\u00edem vist al <a href=\"https:\/\/www.elturistatranquil.com\/ca\/castell-dampudia-palencia\/#b6504\" target=\"_blank\" rel=\"noopener\">castell d\u2019Ampudia<\/a> una disposici\u00f3 similar).<\/p><p>A l&#8217;interior, del qual no en queda cap resta de construcci\u00f3, s\u00ed que es conserven als murs els mechinals dels tres pisos que va posseir, aix\u00ed com d&#8217;un pou o aljub al seu centre.<\/p><p>Per sort, hi ha algunes representacions de dibuixos hist\u00f2rics que ens permeten con\u00e8ixer les seves caracter\u00edstiques en alguns moments determinats.<\/p><p>En primer lloc, es disposa d&#8217;una perspectiva de com era exteriorment el castell el 1668 pel dibuix realitzat per Pier Mar\u00eda Baldi durant el viatge de Cosme III de Medici a Espanya. Ens mostra com llu\u00efa el castell amb les seves torres emmerletades.<\/p><p>Em pregunto si la torre que es veu al fons del costat esquerre correspondria a una torre de la muralla.<\/p>\t\t\t\t\t\t\t\t<\/div>\n\t\t\t\t<\/div>\n\t\t\t\t<div class=\"elementor-element elementor-element-de63f78 elementor-widget elementor-widget-image\" data-id=\"de63f78\" data-element_type=\"widget\" data-e-type=\"widget\" data-widget_type=\"image.default\">\n\t\t\t\t<div class=\"elementor-widget-container\">\n\t\t\t\t\t\t\t\t\t\t\t\t<figure class=\"wp-caption\">\n\t\t\t\t\t\t\t\t\t\t<img loading=\"lazy\" decoding=\"async\" width=\"488\" height=\"590\" src=\"https:\/\/www.elturistatranquil.com\/wp-content\/uploads\/F05-Castillo-de-Torija-Guadalajara.-Dibujo-de-Pier-Maria-Baldi-1668.jpg\" class=\"attachment-large size-large wp-image-49481\" alt=\"Castillo de Torija, Guadalajara. Dibujo de Pier Maria Baldi (1668)\" srcset=\"https:\/\/www.elturistatranquil.com\/wp-content\/uploads\/F05-Castillo-de-Torija-Guadalajara.-Dibujo-de-Pier-Maria-Baldi-1668.jpg 488w, https:\/\/www.elturistatranquil.com\/wp-content\/uploads\/F05-Castillo-de-Torija-Guadalajara.-Dibujo-de-Pier-Maria-Baldi-1668-187x226.jpg 187w\" sizes=\"(max-width: 488px) 100vw, 488px\" \/>\t\t\t\t\t\t\t\t\t\t\t<figcaption class=\"widget-image-caption wp-caption-text\"><\/figcaption>\n\t\t\t\t\t\t\t\t\t\t<\/figure>\n\t\t\t\t\t\t\t\t\t<\/div>\n\t\t\t\t<\/div>\n\t\t\t\t<div class=\"elementor-element elementor-element-ac8a312 elementor-widget elementor-widget-text-editor\" data-id=\"ac8a312\" data-element_type=\"widget\" data-e-type=\"widget\" data-widget_type=\"text-editor.default\">\n\t\t\t\t<div class=\"elementor-widget-container\">\n\t\t\t\t\t\t\t\t\t<p>Passada la Guerra del Franc\u00e8s, el castell va quedar en ru\u00efnes i abandonat. El dibuix que va fer Josep Pasc\u00f3 a finals segle XIX reflecteix clarament aquest estat ru\u00efn\u00f3s, amb la sensaci\u00f3 que tot el carreu que pogu\u00e9s contenir, a porta i finestres, havia estat arrasat.<\/p>\t\t\t\t\t\t\t\t<\/div>\n\t\t\t\t<\/div>\n\t\t\t\t<div class=\"elementor-element elementor-element-4c34fd9 elementor-widget elementor-widget-image\" data-id=\"4c34fd9\" data-element_type=\"widget\" data-e-type=\"widget\" data-widget_type=\"image.default\">\n\t\t\t\t<div class=\"elementor-widget-container\">\n\t\t\t\t\t\t\t\t\t\t\t\t<figure class=\"wp-caption\">\n\t\t\t\t\t\t\t\t\t\t<img loading=\"lazy\" decoding=\"async\" width=\"768\" height=\"512\" src=\"https:\/\/www.elturistatranquil.com\/wp-content\/uploads\/F06-Castillo-de-Torija-Guadalajara.-Dibujo-de-Josep-Pasco-de-finales-siglo-XIX.jpg\" class=\"attachment-large size-large wp-image-49483\" alt=\"Castillo de Torija, Guadalajara. Dibujo de Josep-Pasco de finales siglo XIX\" srcset=\"https:\/\/www.elturistatranquil.com\/wp-content\/uploads\/F06-Castillo-de-Torija-Guadalajara.-Dibujo-de-Josep-Pasco-de-finales-siglo-XIX.jpg 768w, https:\/\/www.elturistatranquil.com\/wp-content\/uploads\/F06-Castillo-de-Torija-Guadalajara.-Dibujo-de-Josep-Pasco-de-finales-siglo-XIX-339x226.jpg 339w\" sizes=\"(max-width: 768px) 100vw, 768px\" \/>\t\t\t\t\t\t\t\t\t\t\t<figcaption class=\"widget-image-caption wp-caption-text\"><\/figcaption>\n\t\t\t\t\t\t\t\t\t\t<\/figure>\n\t\t\t\t\t\t\t\t\t<\/div>\n\t\t\t\t<\/div>\n\t\t\t\t<div class=\"elementor-element elementor-element-ceb9dec elementor-widget elementor-widget-text-editor\" data-id=\"ceb9dec\" data-element_type=\"widget\" data-e-type=\"widget\" data-widget_type=\"text-editor.default\">\n\t\t\t\t<div class=\"elementor-widget-container\">\n\t\t\t\t\t\t\t\t\t<p>Les fotografies de la d\u00e8cada del 1950 mostren el mateix estat d&#8217;aband\u00f3 que el dibuix anterior. Tamb\u00e9 permeten visualitzar com, en dinamitar-se, s&#8217;havia enderrocat la meitat de la torre de l&#8217;homenatge, per\u00f2 mantenint l&#8217;altra meitat tota l&#8217;al\u00e7ada i l&#8217;estructura interior, rematada la coberta amb volta de mig punt.<\/p>\t\t\t\t\t\t\t\t<\/div>\n\t\t\t\t<\/div>\n\t\t\t\t<div class=\"elementor-element elementor-element-f72b570 elementor-widget elementor-widget-image\" data-id=\"f72b570\" data-element_type=\"widget\" data-e-type=\"widget\" data-widget_type=\"image.default\">\n\t\t\t\t<div class=\"elementor-widget-container\">\n\t\t\t\t\t\t\t\t\t\t\t\t<figure class=\"wp-caption\">\n\t\t\t\t\t\t\t\t\t\t<img loading=\"lazy\" decoding=\"async\" width=\"768\" height=\"512\" src=\"https:\/\/www.elturistatranquil.com\/wp-content\/uploads\/F07-Fotografia-historica-del-Castillo-de-Torija-Guadalajara.jpg\" class=\"attachment-large size-large wp-image-49488\" alt=\"Fotografia historica del Castillo de Torija, Guadalajara\" srcset=\"https:\/\/www.elturistatranquil.com\/wp-content\/uploads\/F07-Fotografia-historica-del-Castillo-de-Torija-Guadalajara.jpg 768w, https:\/\/www.elturistatranquil.com\/wp-content\/uploads\/F07-Fotografia-historica-del-Castillo-de-Torija-Guadalajara-339x226.jpg 339w\" sizes=\"(max-width: 768px) 100vw, 768px\" \/>\t\t\t\t\t\t\t\t\t\t\t<figcaption class=\"widget-image-caption wp-caption-text\"><\/figcaption>\n\t\t\t\t\t\t\t\t\t\t<\/figure>\n\t\t\t\t\t\t\t\t\t<\/div>\n\t\t\t\t<\/div>\n\t\t\t\t<div class=\"elementor-element elementor-element-8e8aca7 elementor-widget elementor-widget-text-editor\" data-id=\"8e8aca7\" data-element_type=\"widget\" data-e-type=\"widget\" data-widget_type=\"text-editor.default\">\n\t\t\t\t<div class=\"elementor-widget-container\">\n\t\t\t\t\t\t\t\t\t<p>S&#8217;aprecia clarament l&#8217;espessor dels murs de la torre, aix\u00ed com la disposici\u00f3 a l&#8217;esquerra de l&#8217;obertura de la porta.<\/p>\t\t\t\t\t\t\t\t<\/div>\n\t\t\t\t<\/div>\n\t\t\t\t<div class=\"elementor-element elementor-element-25fa48d elementor-widget elementor-widget-image\" data-id=\"25fa48d\" data-element_type=\"widget\" data-e-type=\"widget\" data-widget_type=\"image.default\">\n\t\t\t\t<div class=\"elementor-widget-container\">\n\t\t\t\t\t\t\t\t\t\t\t\t<figure class=\"wp-caption\">\n\t\t\t\t\t\t\t\t\t\t<img loading=\"lazy\" decoding=\"async\" width=\"768\" height=\"512\" src=\"https:\/\/www.elturistatranquil.com\/wp-content\/uploads\/F08-Fotografia-historica-del-Castillo-de-Torija-Guadalajara.jpg\" class=\"attachment-large size-large wp-image-49490\" alt=\"Fotografia historica del Castillo de Torija, Guadalajara\" srcset=\"https:\/\/www.elturistatranquil.com\/wp-content\/uploads\/F08-Fotografia-historica-del-Castillo-de-Torija-Guadalajara.jpg 768w, https:\/\/www.elturistatranquil.com\/wp-content\/uploads\/F08-Fotografia-historica-del-Castillo-de-Torija-Guadalajara-339x226.jpg 339w\" sizes=\"(max-width: 768px) 100vw, 768px\" \/>\t\t\t\t\t\t\t\t\t\t\t<figcaption class=\"widget-image-caption wp-caption-text\"><\/figcaption>\n\t\t\t\t\t\t\t\t\t\t<\/figure>\n\t\t\t\t\t\t\t\t\t<\/div>\n\t\t\t\t<\/div>\n\t\t\t\t<div class=\"elementor-element elementor-element-6148b01 elementor-widget elementor-widget-text-editor\" data-id=\"6148b01\" data-element_type=\"widget\" data-e-type=\"widget\" data-widget_type=\"text-editor.default\">\n\t\t\t\t<div class=\"elementor-widget-container\">\n\t\t\t\t\t\t\t\t\t<p>Un resultat de les reflexions a partir dels estudis arqueol\u00f2gics \u00e9s la recreaci\u00f3 dels al\u00e7ats de les crugies interiors i la imbricaci\u00f3 amb la torre de l&#8217;homenatge.<\/p><p>Per ajudar a comprendre l&#8217;estructura interior podem visualitzar els murs nus del pati interior.<\/p>\t\t\t\t\t\t\t\t<\/div>\n\t\t\t\t<\/div>\n\t\t\t\t<div class=\"elementor-element elementor-element-4c8f7fc elementor-widget elementor-widget-image\" data-id=\"4c8f7fc\" data-element_type=\"widget\" data-e-type=\"widget\" data-widget_type=\"image.default\">\n\t\t\t\t<div class=\"elementor-widget-container\">\n\t\t\t\t\t\t\t\t\t\t\t\t<figure class=\"wp-caption\">\n\t\t\t\t\t\t\t\t\t\t<img loading=\"lazy\" decoding=\"async\" width=\"768\" height=\"530\" src=\"https:\/\/www.elturistatranquil.com\/wp-content\/uploads\/F09a-Castillo-de-Torija-Guadalajaramegaconstrucciones.jpg\" class=\"attachment-large size-large wp-image-49492\" alt=\"Castillo de Torija, Guadalajara (megaconstrucciones)\" srcset=\"https:\/\/www.elturistatranquil.com\/wp-content\/uploads\/F09a-Castillo-de-Torija-Guadalajaramegaconstrucciones.jpg 768w, https:\/\/www.elturistatranquil.com\/wp-content\/uploads\/F09a-Castillo-de-Torija-Guadalajaramegaconstrucciones-327x226.jpg 327w\" sizes=\"(max-width: 768px) 100vw, 768px\" \/>\t\t\t\t\t\t\t\t\t\t\t<figcaption class=\"widget-image-caption wp-caption-text\">(Foto: <a href=\"https:\/\/megaconstrucciones.net\/?construccion=castillo-torija\" target=\"_blank\" rel=\"noopener\">megaconstrucciones<\/a>)<\/figcaption>\n\t\t\t\t\t\t\t\t\t\t<\/figure>\n\t\t\t\t\t\t\t\t\t<\/div>\n\t\t\t\t<\/div>\n\t\t\t\t<div class=\"elementor-element elementor-element-2b5e131 elementor-widget elementor-widget-text-editor\" data-id=\"2b5e131\" data-element_type=\"widget\" data-e-type=\"widget\" data-widget_type=\"text-editor.default\">\n\t\t\t\t<div class=\"elementor-widget-container\">\n\t\t\t\t\t\t\t\t\t<p>L\u00b4entrada pel costat nord, per una porta m\u00e9s a l\u00b4esquerra que la constru\u00efda durant la restauraci\u00f3, possiblement en eix amb un finestral superior. Per ella s\u2019entraria al pati d&#8217;armes, mentre que les construccions interiors s&#8217;adossarien als tres murs restants.<\/p><p>Una caixa d&#8217;escala comunit\u00e0ria amb el primer pis, on podria ser la planta noble, i per on s&#8217;obre l&#8217;\u00fanic acc\u00e9s a la torre de l&#8217;homenatge.<\/p><p>Per sobre, el tercer pis dedicat a habitatge del servei del castell i magatzems.<\/p><p>Hi ha alguna construcci\u00f3 subterr\u00e0nia de la qual no se&#8217;n coneix exactament la funci\u00f3.<\/p>\t\t\t\t\t\t\t\t<\/div>\n\t\t\t\t<\/div>\n\t\t\t\t<div class=\"elementor-element elementor-element-7571f4a elementor-widget elementor-widget-image\" data-id=\"7571f4a\" data-element_type=\"widget\" data-e-type=\"widget\" data-widget_type=\"image.default\">\n\t\t\t\t<div class=\"elementor-widget-container\">\n\t\t\t\t\t\t\t\t\t\t\t\t<figure class=\"wp-caption\">\n\t\t\t\t\t\t\t\t\t\t<img loading=\"lazy\" decoding=\"async\" width=\"768\" height=\"512\" src=\"https:\/\/www.elturistatranquil.com\/wp-content\/uploads\/F09b-Castillo-de-Torija-Guadalajara.-Daza-p-491.jpg\" class=\"attachment-large size-large wp-image-49494\" alt=\"Castillo de Torija, Guadalajara. Daza p 491\" srcset=\"https:\/\/www.elturistatranquil.com\/wp-content\/uploads\/F09b-Castillo-de-Torija-Guadalajara.-Daza-p-491.jpg 768w, https:\/\/www.elturistatranquil.com\/wp-content\/uploads\/F09b-Castillo-de-Torija-Guadalajara.-Daza-p-491-339x226.jpg 339w\" sizes=\"(max-width: 768px) 100vw, 768px\" \/>\t\t\t\t\t\t\t\t\t\t\t<figcaption class=\"widget-image-caption wp-caption-text\">(Font: Enrique Daza. <a href=\"https:\/\/ceclmdigital.uclm.es\/viewer.vm?id=0002839690&amp;page=1&amp;lang=es\" target=\"_blank\" rel=\"noopener\">Aportaciones para el estudio del castillo de Torija<\/a>, pag. 491)<\/figcaption>\n\t\t\t\t\t\t\t\t\t\t<\/figure>\n\t\t\t\t\t\t\t\t\t<\/div>\n\t\t\t\t<\/div>\n\t\t\t\t<div class=\"elementor-element elementor-element-1e6d9a8 elementor-widget elementor-widget-text-editor\" data-id=\"1e6d9a8\" data-element_type=\"widget\" data-e-type=\"widget\" data-widget_type=\"text-editor.default\">\n\t\t\t\t<div class=\"elementor-widget-container\">\n\t\t\t\t\t\t\t\t\t<p>Per acabar, una recreaci\u00f3 de la que podria ser una galeria que, a l&#8217;estil d&#8217;una <em>corrala<\/em>, recorregu\u00e9s tot el primer pis. A l&#8217;esquerra representaria una galeria volada sobre la porta unint els dos extrems. A la dreta, la galeria que donaria acc\u00e9s a les habitacions de la planta noble i, per sobre, els allotjaments de servents i magatzems.<\/p>\t\t\t\t\t\t\t\t<\/div>\n\t\t\t\t<\/div>\n\t\t\t\t<div class=\"elementor-element elementor-element-fc30f7a elementor-widget elementor-widget-image\" data-id=\"fc30f7a\" data-element_type=\"widget\" data-e-type=\"widget\" data-widget_type=\"image.default\">\n\t\t\t\t<div class=\"elementor-widget-container\">\n\t\t\t\t\t\t\t\t\t\t\t\t<figure class=\"wp-caption\">\n\t\t\t\t\t\t\t\t\t\t<img loading=\"lazy\" decoding=\"async\" width=\"768\" height=\"333\" src=\"https:\/\/www.elturistatranquil.com\/wp-content\/uploads\/F10-Castillo-de-Torija-Guadalajara.-Daza-p-492.jpg\" class=\"attachment-large size-large wp-image-49499\" alt=\"Castillo de Torija, Guadalajara. Daza p 492\" srcset=\"https:\/\/www.elturistatranquil.com\/wp-content\/uploads\/F10-Castillo-de-Torija-Guadalajara.-Daza-p-492.jpg 768w, https:\/\/www.elturistatranquil.com\/wp-content\/uploads\/F10-Castillo-de-Torija-Guadalajara.-Daza-p-492-339x147.jpg 339w\" sizes=\"(max-width: 768px) 100vw, 768px\" \/>\t\t\t\t\t\t\t\t\t\t\t<figcaption class=\"widget-image-caption wp-caption-text\"><\/figcaption>\n\t\t\t\t\t\t\t\t\t\t<\/figure>\n\t\t\t\t\t\t\t\t\t<\/div>\n\t\t\t\t<\/div>\n\t\t\t\t<div class=\"elementor-element elementor-element-e198592 elementor-widget elementor-widget-text-editor\" data-id=\"e198592\" data-element_type=\"widget\" data-e-type=\"widget\" data-widget_type=\"text-editor.default\">\n\t\t\t\t<div class=\"elementor-widget-container\">\n\t\t\t\t\t\t\t\t\t<p>Aquesta perspectiva actual relacionaria la posici\u00f3 de la primera torreta, ocupada per l&#8217;esgl\u00e9sia i visualment dominant sobre el territori, en relaci\u00f3 amb el castell medieval.<\/p>\t\t\t\t\t\t\t\t<\/div>\n\t\t\t\t<\/div>\n\t\t\t\t<div class=\"elementor-element elementor-element-06f7716 elementor-widget elementor-widget-image\" data-id=\"06f7716\" data-element_type=\"widget\" data-e-type=\"widget\" data-widget_type=\"image.default\">\n\t\t\t\t<div class=\"elementor-widget-container\">\n\t\t\t\t\t\t\t\t\t\t\t\t<figure class=\"wp-caption\">\n\t\t\t\t\t\t\t\t\t\t<img loading=\"lazy\" decoding=\"async\" width=\"768\" height=\"512\" src=\"https:\/\/www.elturistatranquil.com\/wp-content\/uploads\/F11-Castillo-de-Torija-Guadalajara.jpg\" class=\"attachment-large size-large wp-image-49501\" alt=\"Castillo de Torija, Guadalajara\" srcset=\"https:\/\/www.elturistatranquil.com\/wp-content\/uploads\/F11-Castillo-de-Torija-Guadalajara.jpg 768w, https:\/\/www.elturistatranquil.com\/wp-content\/uploads\/F11-Castillo-de-Torija-Guadalajara-339x226.jpg 339w\" sizes=\"(max-width: 768px) 100vw, 768px\" \/>\t\t\t\t\t\t\t\t\t\t\t<figcaption class=\"widget-image-caption wp-caption-text\"><\/figcaption>\n\t\t\t\t\t\t\t\t\t\t<\/figure>\n\t\t\t\t\t\t\t\t\t<\/div>\n\t\t\t\t<\/div>\n\t\t\t\t<div class=\"elementor-element elementor-element-93b9c81 elementor-widget elementor-widget-heading\" data-id=\"93b9c81\" data-element_type=\"widget\" data-e-type=\"widget\" data-widget_type=\"heading.default\">\n\t\t\t\t<div class=\"elementor-widget-container\">\n\t\t\t\t\t<h2 class=\"elementor-heading-title elementor-size-default\">La visita al castell<\/h2>\t\t\t\t<\/div>\n\t\t\t\t<\/div>\n\t\t\t\t<div class=\"elementor-element elementor-element-2bfac4e2 elementor-widget elementor-widget-heading\" data-id=\"2bfac4e2\" data-element_type=\"widget\" data-e-type=\"widget\" data-widget_type=\"heading.default\">\n\t\t\t\t<div class=\"elementor-widget-container\">\n\t\t\t\t\t<h3 class=\"elementor-heading-title elementor-size-default\">El recinte fortificat<\/h3>\t\t\t\t<\/div>\n\t\t\t\t<\/div>\n\t\t\t\t<div class=\"elementor-element elementor-element-49bf820 elementor-widget elementor-widget-text-editor\" data-id=\"49bf820\" data-element_type=\"widget\" data-e-type=\"widget\" data-widget_type=\"text-editor.default\">\n\t\t\t\t<div class=\"elementor-widget-container\">\n\t\t\t\t\t\t\t\t\t<p>At\u00e8s que ja hem conegut els avatars hist\u00f2rics soferts per l&#8217;edificaci\u00f3, i el proc\u00e9s d&#8217;estructuraci\u00f3 arquitect\u00f2nica del castell, em centrar\u00e9 a fer un recorregut per l&#8217;edificaci\u00f3 tal com es troba actualment.<\/p><p>Antonio Herrera (2007, 2a ed, p.178) aconsellava al seu llibre que la millor visi\u00f3 de conjunt del castell s&#8217;obtenia des de l&#8217;altra banda de l&#8217;autovia, al costat del pont elevat que la travessa. El m\u00e0xim que vaig aconseguir des d\u2019aquest punt va ser la perspectiva seg\u00fcent. La visi\u00f3 que suposo que havia de ser la ideal queda ara tapada per l&#8217;arbreda (ja sabem per experi\u00e8ncia que la vegetaci\u00f3 arb\u00f2ria \u00e9s tra\u00efdora des d&#8217;un punt de vista paisatg\u00edstic, ja que en cr\u00e9ixer pot amagar panor\u00e0miques que en un temps van ser molt apreciades, com passa en aquest cas).<\/p>\t\t\t\t\t\t\t\t<\/div>\n\t\t\t\t<\/div>\n\t\t\t\t<div class=\"elementor-element elementor-element-f2708d1 elementor-widget elementor-widget-image\" data-id=\"f2708d1\" data-element_type=\"widget\" data-e-type=\"widget\" data-widget_type=\"image.default\">\n\t\t\t\t<div class=\"elementor-widget-container\">\n\t\t\t\t\t\t\t\t\t\t\t\t<figure class=\"wp-caption\">\n\t\t\t\t\t\t\t\t\t\t<img loading=\"lazy\" decoding=\"async\" width=\"768\" height=\"511\" src=\"https:\/\/www.elturistatranquil.com\/wp-content\/uploads\/F12-Castillo-de-Torija-Guadalajara.jpg\" class=\"attachment-large size-large wp-image-49503\" alt=\"Castillo de Torija, Guadalajara\" srcset=\"https:\/\/www.elturistatranquil.com\/wp-content\/uploads\/F12-Castillo-de-Torija-Guadalajara.jpg 768w, https:\/\/www.elturistatranquil.com\/wp-content\/uploads\/F12-Castillo-de-Torija-Guadalajara-339x226.jpg 339w\" sizes=\"(max-width: 768px) 100vw, 768px\" \/>\t\t\t\t\t\t\t\t\t\t\t<figcaption class=\"widget-image-caption wp-caption-text\"><\/figcaption>\n\t\t\t\t\t\t\t\t\t\t<\/figure>\n\t\t\t\t\t\t\t\t\t<\/div>\n\t\t\t\t<\/div>\n\t\t\t\t<div class=\"elementor-element elementor-element-173a2ac elementor-widget elementor-widget-text-editor\" data-id=\"173a2ac\" data-element_type=\"widget\" data-e-type=\"widget\" data-widget_type=\"text-editor.default\">\n\t\t\t\t<div class=\"elementor-widget-container\">\n\t\t\t\t\t\t\t\t\t<p>Tant se val haver perdut aquella panor\u00e0mica, ja que des de la base del castell es disposa d&#8217;excel\u00b7lents perspectives.<\/p><p>Al fons a l&#8217;esquerra apareix la torre de l&#8217;esgl\u00e9sia dominant sobre el lloc.<\/p>\t\t\t\t\t\t\t\t<\/div>\n\t\t\t\t<\/div>\n\t\t\t\t<div class=\"elementor-element elementor-element-54a2d0e elementor-widget elementor-widget-image\" data-id=\"54a2d0e\" data-element_type=\"widget\" data-e-type=\"widget\" data-widget_type=\"image.default\">\n\t\t\t\t<div class=\"elementor-widget-container\">\n\t\t\t\t\t\t\t\t\t\t\t\t<figure class=\"wp-caption\">\n\t\t\t\t\t\t\t\t\t\t<img loading=\"lazy\" decoding=\"async\" width=\"768\" height=\"512\" src=\"https:\/\/www.elturistatranquil.com\/wp-content\/uploads\/F13-Castillo-de-Torija-Guadalajara.jpg\" class=\"attachment-large size-large wp-image-49505\" alt=\"Castillo de Torija, Guadalajara\" srcset=\"https:\/\/www.elturistatranquil.com\/wp-content\/uploads\/F13-Castillo-de-Torija-Guadalajara.jpg 768w, https:\/\/www.elturistatranquil.com\/wp-content\/uploads\/F13-Castillo-de-Torija-Guadalajara-339x226.jpg 339w\" sizes=\"(max-width: 768px) 100vw, 768px\" \/>\t\t\t\t\t\t\t\t\t\t\t<figcaption class=\"widget-image-caption wp-caption-text\"><\/figcaption>\n\t\t\t\t\t\t\t\t\t\t<\/figure>\n\t\t\t\t\t\t\t\t\t<\/div>\n\t\t\t\t<\/div>\n\t\t\t\t<div class=\"elementor-element elementor-element-b665098 elementor-widget elementor-widget-text-editor\" data-id=\"b665098\" data-element_type=\"widget\" data-e-type=\"widget\" data-widget_type=\"text-editor.default\">\n\t\t\t\t<div class=\"elementor-widget-container\">\n\t\t\t\t\t\t\t\t\t<p>Comencem el recorregut pel costat de llevant amb un llen\u00e7 encaixat entre una torrassa circular que sobresurt al sud i la torre de l&#8217;homenatge elevant-se sobre tot el conjunt al nord i continuem en el sentit contrari a les agulles del rellotge..<\/p><p>Una primera impressi\u00f3 general \u00e9s que els murs del castell presenten poques obertures defensives en forma d&#8217;espitllera o troneres. Per contra, s\u00f3n diverses les finestres i balcons, cosa que mostra el major car\u00e0cter palat\u00ed que militar, caracter\u00edstica pr\u00f2pia dels castells senyorials que es van construir en aquest per\u00edode.<\/p><p>En aquest costat de llevant es distingeix la torrassa sud, amb una finestra i una sagetera; el llen\u00e7 un garit\u00f3 sobre lampetes al centre, dues finestres, i una porta afegida que no existia en origen; i la torre de l\u00b4homenatge.<\/p><p>Per aquest costat, un cert pendent del terreny refor\u00e7ava l&#8217;aspecte defensiu.<\/p><p>Per davant, hi hauria d&#8217;haver una contramuralla de poca al\u00e7ada, desapareguda, amb la lli\u00e7a corresponent.<\/p>\t\t\t\t\t\t\t\t<\/div>\n\t\t\t\t<\/div>\n\t\t\t\t<div class=\"elementor-element elementor-element-9bff064 elementor-widget elementor-widget-image\" data-id=\"9bff064\" data-element_type=\"widget\" data-e-type=\"widget\" data-widget_type=\"image.default\">\n\t\t\t\t<div class=\"elementor-widget-container\">\n\t\t\t\t\t\t\t\t\t\t\t\t<figure class=\"wp-caption\">\n\t\t\t\t\t\t\t\t\t\t<img loading=\"lazy\" decoding=\"async\" width=\"768\" height=\"512\" src=\"https:\/\/www.elturistatranquil.com\/wp-content\/uploads\/F14-Castillo-de-Torija-Guadalajara.jpg\" class=\"attachment-large size-large wp-image-49507\" alt=\"Castillo de Torija, Guadalajara\" srcset=\"https:\/\/www.elturistatranquil.com\/wp-content\/uploads\/F14-Castillo-de-Torija-Guadalajara.jpg 768w, https:\/\/www.elturistatranquil.com\/wp-content\/uploads\/F14-Castillo-de-Torija-Guadalajara-339x226.jpg 339w\" sizes=\"(max-width: 768px) 100vw, 768px\" \/>\t\t\t\t\t\t\t\t\t\t\t<figcaption class=\"widget-image-caption wp-caption-text\"><\/figcaption>\n\t\t\t\t\t\t\t\t\t\t<\/figure>\n\t\t\t\t\t\t\t\t\t<\/div>\n\t\t\t\t<\/div>\n\t\t\t\t<div class=\"elementor-element elementor-element-138043f9 elementor-widget elementor-widget-heading\" data-id=\"138043f9\" data-element_type=\"widget\" data-e-type=\"widget\" data-widget_type=\"heading.default\">\n\t\t\t\t<div class=\"elementor-widget-container\">\n\t\t\t\t\t<h5 class=\"elementor-heading-title elementor-size-default\">Torre de l\u2019homenatge<\/h5>\t\t\t\t<\/div>\n\t\t\t\t<\/div>\n\t\t\t\t<div class=\"elementor-element elementor-element-c93367c elementor-widget elementor-widget-text-editor\" data-id=\"c93367c\" data-element_type=\"widget\" data-e-type=\"widget\" data-widget_type=\"text-editor.default\">\n\t\t\t\t<div class=\"elementor-widget-container\">\n\t\t\t\t\t\t\t\t\t<p>La <strong>torre de l&#8217;homenatge<\/strong> s&#8217;enlaira uns 30 metres, majestuosa en forma de prisma quadrangular. Les cantonades estan refor\u00e7ades amb &#8220;borjes&#8221; fins a la base als murs exteriors i fins al pas de ronda als punts d&#8217;uni\u00f3 amb el cos de la fortificaci\u00f3.<\/p><p>Podem apreciar-ne la disposici\u00f3 transversal respecte al cos.<\/p><p>La torre est\u00e0 rematada amb un matac\u00e0 emmerletat corregut recolzat en modillons de tres rotllos. Al centre superior de cada mur un garit\u00f3.<\/p><p>Per aquest costat, un finestral a l&#8217;al\u00e7ada del tercer nivell interior, dels quatre que la formaven.<\/p>\t\t\t\t\t\t\t\t<\/div>\n\t\t\t\t<\/div>\n\t\t\t\t<div class=\"elementor-element elementor-element-d2ba7a9 elementor-widget elementor-widget-image\" data-id=\"d2ba7a9\" data-element_type=\"widget\" data-e-type=\"widget\" data-widget_type=\"image.default\">\n\t\t\t\t<div class=\"elementor-widget-container\">\n\t\t\t\t\t\t\t\t\t\t\t\t<figure class=\"wp-caption\">\n\t\t\t\t\t\t\t\t\t\t<img loading=\"lazy\" decoding=\"async\" width=\"768\" height=\"512\" src=\"https:\/\/www.elturistatranquil.com\/wp-content\/uploads\/F15-Castillo-de-Torija-Guadalajara.jpg\" class=\"attachment-large size-large wp-image-49509\" alt=\"Castillo de Torija, Guadalajara\" srcset=\"https:\/\/www.elturistatranquil.com\/wp-content\/uploads\/F15-Castillo-de-Torija-Guadalajara.jpg 768w, https:\/\/www.elturistatranquil.com\/wp-content\/uploads\/F15-Castillo-de-Torija-Guadalajara-339x226.jpg 339w\" sizes=\"(max-width: 768px) 100vw, 768px\" \/>\t\t\t\t\t\t\t\t\t\t\t<figcaption class=\"widget-image-caption wp-caption-text\"><\/figcaption>\n\t\t\t\t\t\t\t\t\t\t<\/figure>\n\t\t\t\t\t\t\t\t\t<\/div>\n\t\t\t\t<\/div>\n\t\t\t\t<div class=\"elementor-element elementor-element-dc0824b elementor-widget elementor-widget-text-editor\" data-id=\"dc0824b\" data-element_type=\"widget\" data-e-type=\"widget\" data-widget_type=\"text-editor.default\">\n\t\t\t\t<div class=\"elementor-widget-container\">\n\t\t\t\t\t\t\t\t\t<p>Els &#8220;borjes&#8221; interiors de la torre de l&#8217;homenatge es recolzen a la muralla. Aquest finestral \u00e9s el m\u00e9s gran de tota la fortificaci\u00f3, i se situa al tercer nivell de la distribuci\u00f3 interior, com veurem posteriorment.<\/p>\t\t\t\t\t\t\t\t<\/div>\n\t\t\t\t<\/div>\n\t\t\t\t<div class=\"elementor-element elementor-element-399ea58 elementor-widget elementor-widget-image\" data-id=\"399ea58\" data-element_type=\"widget\" data-e-type=\"widget\" data-widget_type=\"image.default\">\n\t\t\t\t<div class=\"elementor-widget-container\">\n\t\t\t\t\t\t\t\t\t\t\t\t<figure class=\"wp-caption\">\n\t\t\t\t\t\t\t\t\t\t<img loading=\"lazy\" decoding=\"async\" width=\"768\" height=\"511\" src=\"https:\/\/www.elturistatranquil.com\/wp-content\/uploads\/F16-Castillo-de-Torija-Guadalajara.jpg\" class=\"attachment-large size-large wp-image-49511\" alt=\"Castillo de Torija, Guadalajara\" srcset=\"https:\/\/www.elturistatranquil.com\/wp-content\/uploads\/F16-Castillo-de-Torija-Guadalajara.jpg 768w, https:\/\/www.elturistatranquil.com\/wp-content\/uploads\/F16-Castillo-de-Torija-Guadalajara-339x226.jpg 339w\" sizes=\"(max-width: 768px) 100vw, 768px\" \/>\t\t\t\t\t\t\t\t\t\t\t<figcaption class=\"widget-image-caption wp-caption-text\"><\/figcaption>\n\t\t\t\t\t\t\t\t\t\t<\/figure>\n\t\t\t\t\t\t\t\t\t<\/div>\n\t\t\t\t<\/div>\n\t\t\t\t<div class=\"elementor-element elementor-element-b7b5601 elementor-widget elementor-widget-image\" data-id=\"b7b5601\" data-element_type=\"widget\" data-e-type=\"widget\" data-widget_type=\"image.default\">\n\t\t\t\t<div class=\"elementor-widget-container\">\n\t\t\t\t\t\t\t\t\t\t\t\t<figure class=\"wp-caption\">\n\t\t\t\t\t\t\t\t\t\t<img loading=\"lazy\" decoding=\"async\" width=\"768\" height=\"511\" src=\"https:\/\/www.elturistatranquil.com\/wp-content\/uploads\/F17-Castillo-de-Torija-Guadalajara.jpg\" class=\"attachment-large size-large wp-image-49513\" alt=\"Castillo de Torija, Guadalajara\" srcset=\"https:\/\/www.elturistatranquil.com\/wp-content\/uploads\/F17-Castillo-de-Torija-Guadalajara.jpg 768w, https:\/\/www.elturistatranquil.com\/wp-content\/uploads\/F17-Castillo-de-Torija-Guadalajara-339x226.jpg 339w\" sizes=\"(max-width: 768px) 100vw, 768px\" \/>\t\t\t\t\t\t\t\t\t\t\t<figcaption class=\"widget-image-caption wp-caption-text\"><\/figcaption>\n\t\t\t\t\t\t\t\t\t\t<\/figure>\n\t\t\t\t\t\t\t\t\t<\/div>\n\t\t\t\t<\/div>\n\t\t\t\t<div class=\"elementor-element elementor-element-218f1f0 elementor-widget elementor-widget-text-editor\" data-id=\"218f1f0\" data-element_type=\"widget\" data-e-type=\"widget\" data-widget_type=\"text-editor.default\">\n\t\t\t\t<div class=\"elementor-widget-container\">\n\t\t\t\t\t\t\t\t\t<p>A la resta de la superf\u00edcie dels murs de la torre nom\u00e9s unes petites obertures en forma de sagetera, que s\u00f3n les \u00faniques que aporten una mica de llum exterior a tot el conjunt interior.<\/p>\t\t\t\t\t\t\t\t<\/div>\n\t\t\t\t<\/div>\n\t\t\t\t<div class=\"elementor-element elementor-element-dee5a43 elementor-widget elementor-widget-image\" data-id=\"dee5a43\" data-element_type=\"widget\" data-e-type=\"widget\" data-widget_type=\"image.default\">\n\t\t\t\t<div class=\"elementor-widget-container\">\n\t\t\t\t\t\t\t\t\t\t\t\t<figure class=\"wp-caption\">\n\t\t\t\t\t\t\t\t\t\t<img loading=\"lazy\" decoding=\"async\" width=\"768\" height=\"511\" src=\"https:\/\/www.elturistatranquil.com\/wp-content\/uploads\/F18-Castillo-de-Torija-Guadalajara.jpg\" class=\"attachment-large size-large wp-image-49515\" alt=\"Castillo de Torija, Guadalajara\" srcset=\"https:\/\/www.elturistatranquil.com\/wp-content\/uploads\/F18-Castillo-de-Torija-Guadalajara.jpg 768w, https:\/\/www.elturistatranquil.com\/wp-content\/uploads\/F18-Castillo-de-Torija-Guadalajara-339x226.jpg 339w\" sizes=\"(max-width: 768px) 100vw, 768px\" \/>\t\t\t\t\t\t\t\t\t\t\t<figcaption class=\"widget-image-caption wp-caption-text\"><\/figcaption>\n\t\t\t\t\t\t\t\t\t\t<\/figure>\n\t\t\t\t\t\t\t\t\t<\/div>\n\t\t\t\t<\/div>\n\t\t\t\t<div class=\"elementor-element elementor-element-6de2f9b elementor-widget elementor-widget-image\" data-id=\"6de2f9b\" data-element_type=\"widget\" data-e-type=\"widget\" data-widget_type=\"image.default\">\n\t\t\t\t<div class=\"elementor-widget-container\">\n\t\t\t\t\t\t\t\t\t\t\t\t<figure class=\"wp-caption\">\n\t\t\t\t\t\t\t\t\t\t<img loading=\"lazy\" decoding=\"async\" width=\"768\" height=\"511\" src=\"https:\/\/www.elturistatranquil.com\/wp-content\/uploads\/F19-Castillo-de-Torija-Guadalajara.jpg\" class=\"attachment-large size-large wp-image-49517\" alt=\"Castillo de Torija, Guadalajara\" srcset=\"https:\/\/www.elturistatranquil.com\/wp-content\/uploads\/F19-Castillo-de-Torija-Guadalajara.jpg 768w, https:\/\/www.elturistatranquil.com\/wp-content\/uploads\/F19-Castillo-de-Torija-Guadalajara-339x226.jpg 339w\" sizes=\"(max-width: 768px) 100vw, 768px\" \/>\t\t\t\t\t\t\t\t\t\t\t<figcaption class=\"widget-image-caption wp-caption-text\"><\/figcaption>\n\t\t\t\t\t\t\t\t\t\t<\/figure>\n\t\t\t\t\t\t\t\t\t<\/div>\n\t\t\t\t<\/div>\n\t\t\t\t<div class=\"elementor-element elementor-element-b71dbf5 elementor-widget elementor-widget-heading\" data-id=\"b71dbf5\" data-element_type=\"widget\" data-e-type=\"widget\" data-widget_type=\"heading.default\">\n\t\t\t\t<div class=\"elementor-widget-container\">\n\t\t\t\t\t<h5 class=\"elementor-heading-title elementor-size-default\">Porta d'entrada<\/h5>\t\t\t\t<\/div>\n\t\t\t\t<\/div>\n\t\t\t\t<div class=\"elementor-element elementor-element-1e0d641 elementor-widget elementor-widget-text-editor\" data-id=\"1e0d641\" data-element_type=\"widget\" data-e-type=\"widget\" data-widget_type=\"text-editor.default\">\n\t\t\t\t<div class=\"elementor-widget-container\">\n\t\t\t\t\t\t\t\t\t<p>Ens situem al peu de la torre de l&#8217;homenatge a la cara nord (m\u00e9s estrictament nord-est), des d&#8217;on sobresurt al fons la torre de l&#8217;esgl\u00e9sia de la Asunci\u00f3n.<\/p>\t\t\t\t\t\t\t\t<\/div>\n\t\t\t\t<\/div>\n\t\t\t\t<div class=\"elementor-element elementor-element-6f73eb0 elementor-widget elementor-widget-image\" data-id=\"6f73eb0\" data-element_type=\"widget\" data-e-type=\"widget\" data-widget_type=\"image.default\">\n\t\t\t\t<div class=\"elementor-widget-container\">\n\t\t\t\t\t\t\t\t\t\t\t\t<figure class=\"wp-caption\">\n\t\t\t\t\t\t\t\t\t\t<img loading=\"lazy\" decoding=\"async\" width=\"768\" height=\"511\" src=\"https:\/\/www.elturistatranquil.com\/wp-content\/uploads\/F20-Castillo-de-Torija-Guadalajara.jpg\" class=\"attachment-large size-large wp-image-49522\" alt=\"Castillo de Torija, Guadalajara\" srcset=\"https:\/\/www.elturistatranquil.com\/wp-content\/uploads\/F20-Castillo-de-Torija-Guadalajara.jpg 768w, https:\/\/www.elturistatranquil.com\/wp-content\/uploads\/F20-Castillo-de-Torija-Guadalajara-339x226.jpg 339w\" sizes=\"(max-width: 768px) 100vw, 768px\" \/>\t\t\t\t\t\t\t\t\t\t\t<figcaption class=\"widget-image-caption wp-caption-text\"><\/figcaption>\n\t\t\t\t\t\t\t\t\t\t<\/figure>\n\t\t\t\t\t\t\t\t\t<\/div>\n\t\t\t\t<\/div>\n\t\t\t\t<div class=\"elementor-element elementor-element-35f37f5 elementor-widget elementor-widget-text-editor\" data-id=\"35f37f5\" data-element_type=\"widget\" data-e-type=\"widget\" data-widget_type=\"text-editor.default\">\n\t\t\t\t<div class=\"elementor-widget-container\">\n\t\t\t\t\t\t\t\t\t<p>Aquest costat est\u00e0 encarat al caseriu, i \u00e9s on se situa la porta d&#8217;entrada al castell, orientada cap al carrer principal de la reforma dels Mendoza. Aquest tipus de reforma d&#8217;obertura cap a la poblaci\u00f3 despr\u00e9s el repetir\u00e0 el Cardenal Mendoza a Sig\u00fcenza.<\/p><p>Si recordem l&#8217;estat d&#8217;aquest costat anterior a la reconstrucci\u00f3, veiem que la meitat de la torre de l&#8217;homenatge havia estat completament destru\u00efda per Juan Mart\u00edn el Empecinado durant les guerres napole\u00f2niques. Per tant, la construcci\u00f3 que veiem va ser realitzada completament a la rehabilitaci\u00f3 dels anys 60 del segle passat.<\/p><p>Tamb\u00e9 veiem que la situaci\u00f3 de la porta d&#8217;entrada estava despla\u00e7ada cap a l&#8217;esquerra, en eix amb una obertura superior, i no centrada com est\u00e0 situada amb la reconstrucci\u00f3. Fotografia de l\u00b4any 1932.<\/p>\t\t\t\t\t\t\t\t<\/div>\n\t\t\t\t<\/div>\n\t\t\t\t<div class=\"elementor-element elementor-element-ba4d1c4 elementor-widget elementor-widget-image\" data-id=\"ba4d1c4\" data-element_type=\"widget\" data-e-type=\"widget\" data-widget_type=\"image.default\">\n\t\t\t\t<div class=\"elementor-widget-container\">\n\t\t\t\t\t\t\t\t\t\t\t\t<figure class=\"wp-caption\">\n\t\t\t\t\t\t\t\t\t\t<img loading=\"lazy\" decoding=\"async\" width=\"768\" height=\"522\" src=\"https:\/\/www.elturistatranquil.com\/wp-content\/uploads\/F21a-Fotografia-historica-del-Castillo-de-Torija-Guadalajara.jpg\" class=\"attachment-large size-large wp-image-49524\" alt=\"Fotografia historica del Castillo de Torija, Guadalajara\" srcset=\"https:\/\/www.elturistatranquil.com\/wp-content\/uploads\/F21a-Fotografia-historica-del-Castillo-de-Torija-Guadalajara.jpg 768w, https:\/\/www.elturistatranquil.com\/wp-content\/uploads\/F21a-Fotografia-historica-del-Castillo-de-Torija-Guadalajara-333x226.jpg 333w\" sizes=\"(max-width: 768px) 100vw, 768px\" \/>\t\t\t\t\t\t\t\t\t\t\t<figcaption class=\"widget-image-caption wp-caption-text\"><\/figcaption>\n\t\t\t\t\t\t\t\t\t\t<\/figure>\n\t\t\t\t\t\t\t\t\t<\/div>\n\t\t\t\t<\/div>\n\t\t\t\t<div class=\"elementor-element elementor-element-68a2040 elementor-widget elementor-widget-image\" data-id=\"68a2040\" data-element_type=\"widget\" data-e-type=\"widget\" data-widget_type=\"image.default\">\n\t\t\t\t<div class=\"elementor-widget-container\">\n\t\t\t\t\t\t\t\t\t\t\t\t<figure class=\"wp-caption\">\n\t\t\t\t\t\t\t\t\t\t<img loading=\"lazy\" decoding=\"async\" width=\"768\" height=\"512\" src=\"https:\/\/www.elturistatranquil.com\/wp-content\/uploads\/F21b-Castillo-de-Torija-Guadalajara.jpg\" class=\"attachment-large size-large wp-image-49526\" alt=\"Castillo de Torija, Guadalajara\" srcset=\"https:\/\/www.elturistatranquil.com\/wp-content\/uploads\/F21b-Castillo-de-Torija-Guadalajara.jpg 768w, https:\/\/www.elturistatranquil.com\/wp-content\/uploads\/F21b-Castillo-de-Torija-Guadalajara-339x226.jpg 339w\" sizes=\"(max-width: 768px) 100vw, 768px\" \/>\t\t\t\t\t\t\t\t\t\t\t<figcaption class=\"widget-image-caption wp-caption-text\"><\/figcaption>\n\t\t\t\t\t\t\t\t\t\t<\/figure>\n\t\t\t\t\t\t\t\t\t<\/div>\n\t\t\t\t<\/div>\n\t\t\t\t<div class=\"elementor-element elementor-element-65aeeeb elementor-widget elementor-widget-image\" data-id=\"65aeeeb\" data-element_type=\"widget\" data-e-type=\"widget\" data-widget_type=\"image.default\">\n\t\t\t\t<div class=\"elementor-widget-container\">\n\t\t\t\t\t\t\t\t\t\t\t\t<figure class=\"wp-caption\">\n\t\t\t\t\t\t\t\t\t\t<img loading=\"lazy\" decoding=\"async\" width=\"768\" height=\"512\" src=\"https:\/\/www.elturistatranquil.com\/wp-content\/uploads\/F22-Castillo-de-Torija-Guadalajara.jpg\" class=\"attachment-large size-large wp-image-49528\" alt=\"Castillo de Torija, Guadalajara\" srcset=\"https:\/\/www.elturistatranquil.com\/wp-content\/uploads\/F22-Castillo-de-Torija-Guadalajara.jpg 768w, https:\/\/www.elturistatranquil.com\/wp-content\/uploads\/F22-Castillo-de-Torija-Guadalajara-339x226.jpg 339w\" sizes=\"(max-width: 768px) 100vw, 768px\" \/>\t\t\t\t\t\t\t\t\t\t\t<figcaption class=\"widget-image-caption wp-caption-text\"><\/figcaption>\n\t\t\t\t\t\t\t\t\t\t<\/figure>\n\t\t\t\t\t\t\t\t\t<\/div>\n\t\t\t\t<\/div>\n\t\t\t\t<div class=\"elementor-element elementor-element-9b5f131 elementor-widget elementor-widget-text-editor\" data-id=\"9b5f131\" data-element_type=\"widget\" data-e-type=\"widget\" data-widget_type=\"text-editor.default\">\n\t\t\t\t<div class=\"elementor-widget-container\">\n\t\t\t\t\t\t\t\t\t<p>Tampoc existia aquesta entrada elevada, a la qual actualment s&#8217;hi accedeix per una escala de fusta exterior. Aquesta entrada tenia la funci\u00f3 de donar acc\u00e9s a la torre de l&#8217;homenatge quan encara no s&#8217;havia constru\u00eft l&#8217;edifici interior que veurem tot seguit.<\/p><p>El que interessa observar, encara que no t\u00e9 cap semblan\u00e7a amb l&#8217;original, \u00e9s que el punt d&#8217;entrada principal es trobava a nivell del terra exterior, per la qual cosa es va cavar un fossat sec amb un pont llevad\u00eds, com era habitual a les construccions del moment. (Vegeu els castells de <a href=\"https:\/\/www.elturistatranquil.com\/ca\/castells-de-guadamur-i-polan-toledo\/\" target=\"_blank\" rel=\"noopener\">Guadamur<\/a>, <a href=\"https:\/\/www.elturistatranquil.com\/ca\/castell-dampudia-palencia\/\" target=\"_blank\" rel=\"noopener\">Ampudia<\/a> o <a href=\"https:\/\/www.elturistatranquil.com\/ca\/castell-de-belmonte-conca\/\" target=\"_blank\" rel=\"noopener\">Belmonte<\/a>).<\/p>\t\t\t\t\t\t\t\t<\/div>\n\t\t\t\t<\/div>\n\t\t\t\t<div class=\"elementor-element elementor-element-5a9fb45 elementor-widget elementor-widget-image\" data-id=\"5a9fb45\" data-element_type=\"widget\" data-e-type=\"widget\" data-widget_type=\"image.default\">\n\t\t\t\t<div class=\"elementor-widget-container\">\n\t\t\t\t\t\t\t\t\t\t\t\t<figure class=\"wp-caption\">\n\t\t\t\t\t\t\t\t\t\t<img loading=\"lazy\" decoding=\"async\" width=\"768\" height=\"512\" src=\"https:\/\/www.elturistatranquil.com\/wp-content\/uploads\/F23-Castillo-de-Torija-Guadalajara.jpg\" class=\"attachment-large size-large wp-image-49530\" alt=\"Castillo de Torija, Guadalajara\" srcset=\"https:\/\/www.elturistatranquil.com\/wp-content\/uploads\/F23-Castillo-de-Torija-Guadalajara.jpg 768w, https:\/\/www.elturistatranquil.com\/wp-content\/uploads\/F23-Castillo-de-Torija-Guadalajara-339x226.jpg 339w\" sizes=\"(max-width: 768px) 100vw, 768px\" \/>\t\t\t\t\t\t\t\t\t\t\t<figcaption class=\"widget-image-caption wp-caption-text\"><\/figcaption>\n\t\t\t\t\t\t\t\t\t\t<\/figure>\n\t\t\t\t\t\t\t\t\t<\/div>\n\t\t\t\t<\/div>\n\t\t\t\t<div class=\"elementor-element elementor-element-8e0bdab elementor-widget elementor-widget-text-editor\" data-id=\"8e0bdab\" data-element_type=\"widget\" data-e-type=\"widget\" data-widget_type=\"text-editor.default\">\n\t\t\t\t<div class=\"elementor-widget-container\">\n\t\t\t\t\t\t\t\t\t<p>A la pla\u00e7a, davant de la porta s&#8217;hi ha instal\u00b7lat una escultura de Francisco Sobrino, <strong>Transformaci\u00f3 inestable<\/strong>, de l&#8217;any 1998.<\/p>\t\t\t\t\t\t\t\t<\/div>\n\t\t\t\t<\/div>\n\t\t\t\t<div class=\"elementor-element elementor-element-239267b elementor-widget elementor-widget-image\" data-id=\"239267b\" data-element_type=\"widget\" data-e-type=\"widget\" data-widget_type=\"image.default\">\n\t\t\t\t<div class=\"elementor-widget-container\">\n\t\t\t\t\t\t\t\t\t\t\t\t<figure class=\"wp-caption\">\n\t\t\t\t\t\t\t\t\t\t<img loading=\"lazy\" decoding=\"async\" width=\"768\" height=\"511\" src=\"https:\/\/www.elturistatranquil.com\/wp-content\/uploads\/F24-Castillo-de-Torija-Guadalajara.jpg\" class=\"attachment-large size-large wp-image-49535\" alt=\"Castillo de Torija, Guadalajara\" srcset=\"https:\/\/www.elturistatranquil.com\/wp-content\/uploads\/F24-Castillo-de-Torija-Guadalajara.jpg 768w, https:\/\/www.elturistatranquil.com\/wp-content\/uploads\/F24-Castillo-de-Torija-Guadalajara-339x226.jpg 339w\" sizes=\"(max-width: 768px) 100vw, 768px\" \/>\t\t\t\t\t\t\t\t\t\t\t<figcaption class=\"widget-image-caption wp-caption-text\"><\/figcaption>\n\t\t\t\t\t\t\t\t\t\t<\/figure>\n\t\t\t\t\t\t\t\t\t<\/div>\n\t\t\t\t<\/div>\n\t\t\t\t<div class=\"elementor-element elementor-element-30a8b50 elementor-widget elementor-widget-text-editor\" data-id=\"30a8b50\" data-element_type=\"widget\" data-e-type=\"widget\" data-widget_type=\"text-editor.default\">\n\t\t\t\t<div class=\"elementor-widget-container\">\n\t\t\t\t\t\t\t\t\t<p>Veiem la reproducci\u00f3 de matacans emmerletats.<\/p>\t\t\t\t\t\t\t\t<\/div>\n\t\t\t\t<\/div>\n\t\t\t\t<div class=\"elementor-element elementor-element-5760df5 elementor-widget elementor-widget-image\" data-id=\"5760df5\" data-element_type=\"widget\" data-e-type=\"widget\" data-widget_type=\"image.default\">\n\t\t\t\t<div class=\"elementor-widget-container\">\n\t\t\t\t\t\t\t\t\t\t\t\t<figure class=\"wp-caption\">\n\t\t\t\t\t\t\t\t\t\t<img loading=\"lazy\" decoding=\"async\" width=\"768\" height=\"512\" src=\"https:\/\/www.elturistatranquil.com\/wp-content\/uploads\/F25-Castillo-de-Torija-Guadalajara.jpg\" class=\"attachment-large size-large wp-image-49537\" alt=\"Castillo de Torija, Guadalajara\" srcset=\"https:\/\/www.elturistatranquil.com\/wp-content\/uploads\/F25-Castillo-de-Torija-Guadalajara.jpg 768w, https:\/\/www.elturistatranquil.com\/wp-content\/uploads\/F25-Castillo-de-Torija-Guadalajara-339x226.jpg 339w\" sizes=\"(max-width: 768px) 100vw, 768px\" \/>\t\t\t\t\t\t\t\t\t\t\t<figcaption class=\"widget-image-caption wp-caption-text\"><\/figcaption>\n\t\t\t\t\t\t\t\t\t\t<\/figure>\n\t\t\t\t\t\t\t\t\t<\/div>\n\t\t\t\t<\/div>\n\t\t\t\t<div class=\"elementor-element elementor-element-1b8c2ac elementor-widget elementor-widget-heading\" data-id=\"1b8c2ac\" data-element_type=\"widget\" data-e-type=\"widget\" data-widget_type=\"heading.default\">\n\t\t\t\t<div class=\"elementor-widget-container\">\n\t\t\t\t\t<h5 class=\"elementor-heading-title elementor-size-default\">Les cares de llevant i meridional<\/h5>\t\t\t\t<\/div>\n\t\t\t\t<\/div>\n\t\t\t\t<div class=\"elementor-element elementor-element-a34b651 elementor-widget elementor-widget-text-editor\" data-id=\"a34b651\" data-element_type=\"widget\" data-e-type=\"widget\" data-widget_type=\"text-editor.default\">\n\t\t\t\t<div class=\"elementor-widget-container\">\n\t\t\t\t\t\t\t\t\t<p>Pel costat de ponent continua el mateix model d&#8217;aparell de carreu; poques obertures; garit\u00f3 central sobre anells volats; i el discutit matac\u00e0 corregut seguint tot el cim de la muralla.<\/p>\t\t\t\t\t\t\t\t<\/div>\n\t\t\t\t<\/div>\n\t\t\t\t<div class=\"elementor-element elementor-element-9d33146 elementor-widget elementor-widget-image\" data-id=\"9d33146\" data-element_type=\"widget\" data-e-type=\"widget\" data-widget_type=\"image.default\">\n\t\t\t\t<div class=\"elementor-widget-container\">\n\t\t\t\t\t\t\t\t\t\t\t\t<figure class=\"wp-caption\">\n\t\t\t\t\t\t\t\t\t\t<img loading=\"lazy\" decoding=\"async\" width=\"768\" height=\"462\" src=\"https:\/\/www.elturistatranquil.com\/wp-content\/uploads\/F27-Castillo-de-Torija-Guadalajara.jpg\" class=\"attachment-large size-large wp-image-49539\" alt=\"Castillo de Torija, Guadalajara\" srcset=\"https:\/\/www.elturistatranquil.com\/wp-content\/uploads\/F27-Castillo-de-Torija-Guadalajara.jpg 768w, https:\/\/www.elturistatranquil.com\/wp-content\/uploads\/F27-Castillo-de-Torija-Guadalajara-339x204.jpg 339w\" sizes=\"(max-width: 768px) 100vw, 768px\" \/>\t\t\t\t\t\t\t\t\t\t\t<figcaption class=\"widget-image-caption wp-caption-text\"><\/figcaption>\n\t\t\t\t\t\t\t\t\t\t<\/figure>\n\t\t\t\t\t\t\t\t\t<\/div>\n\t\t\t\t<\/div>\n\t\t\t\t<div class=\"elementor-element elementor-element-b8251aa elementor-widget elementor-widget-image\" data-id=\"b8251aa\" data-element_type=\"widget\" data-e-type=\"widget\" data-widget_type=\"image.default\">\n\t\t\t\t<div class=\"elementor-widget-container\">\n\t\t\t\t\t\t\t\t\t\t\t\t<figure class=\"wp-caption\">\n\t\t\t\t\t\t\t\t\t\t<img loading=\"lazy\" decoding=\"async\" width=\"768\" height=\"511\" src=\"https:\/\/www.elturistatranquil.com\/wp-content\/uploads\/F28-Castillo-de-Torija-Guadalajara.jpg\" class=\"attachment-large size-large wp-image-49541\" alt=\"Castillo de Torija, Guadalajara\" srcset=\"https:\/\/www.elturistatranquil.com\/wp-content\/uploads\/F28-Castillo-de-Torija-Guadalajara.jpg 768w, https:\/\/www.elturistatranquil.com\/wp-content\/uploads\/F28-Castillo-de-Torija-Guadalajara-339x226.jpg 339w\" sizes=\"(max-width: 768px) 100vw, 768px\" \/>\t\t\t\t\t\t\t\t\t\t\t<figcaption class=\"widget-image-caption wp-caption-text\"><\/figcaption>\n\t\t\t\t\t\t\t\t\t\t<\/figure>\n\t\t\t\t\t\t\t\t\t<\/div>\n\t\t\t\t<\/div>\n\t\t\t\t<div class=\"elementor-element elementor-element-b9ea1fe elementor-widget elementor-widget-image\" data-id=\"b9ea1fe\" data-element_type=\"widget\" data-e-type=\"widget\" data-widget_type=\"image.default\">\n\t\t\t\t<div class=\"elementor-widget-container\">\n\t\t\t\t\t\t\t\t\t\t\t\t<figure class=\"wp-caption\">\n\t\t\t\t\t\t\t\t\t\t<img loading=\"lazy\" decoding=\"async\" width=\"768\" height=\"512\" src=\"https:\/\/www.elturistatranquil.com\/wp-content\/uploads\/F29-Castillo-de-Torija-Guadalajara.jpg\" class=\"attachment-large size-large wp-image-49543\" alt=\"Castillo de Torija, Guadalajara\" srcset=\"https:\/\/www.elturistatranquil.com\/wp-content\/uploads\/F29-Castillo-de-Torija-Guadalajara.jpg 768w, https:\/\/www.elturistatranquil.com\/wp-content\/uploads\/F29-Castillo-de-Torija-Guadalajara-339x226.jpg 339w\" sizes=\"(max-width: 768px) 100vw, 768px\" \/>\t\t\t\t\t\t\t\t\t\t\t<figcaption class=\"widget-image-caption wp-caption-text\"><\/figcaption>\n\t\t\t\t\t\t\t\t\t\t<\/figure>\n\t\t\t\t\t\t\t\t\t<\/div>\n\t\t\t\t<\/div>\n\t\t\t\t<div class=\"elementor-element elementor-element-f2a005b elementor-widget elementor-widget-text-editor\" data-id=\"f2a005b\" data-element_type=\"widget\" data-e-type=\"widget\" data-widget_type=\"text-editor.default\">\n\t\t\t\t<div class=\"elementor-widget-container\">\n\t\t\t\t\t\t\t\t\t<p>El matac\u00e0 de la torre, a qui falta el merlet, es recolza en modillons de rotllos.<\/p>\t\t\t\t\t\t\t\t<\/div>\n\t\t\t\t<\/div>\n\t\t\t\t<div class=\"elementor-element elementor-element-e5855d3 elementor-widget elementor-widget-image\" data-id=\"e5855d3\" data-element_type=\"widget\" data-e-type=\"widget\" data-widget_type=\"image.default\">\n\t\t\t\t<div class=\"elementor-widget-container\">\n\t\t\t\t\t\t\t\t\t\t\t\t<figure class=\"wp-caption\">\n\t\t\t\t\t\t\t\t\t\t<img loading=\"lazy\" decoding=\"async\" width=\"768\" height=\"511\" src=\"https:\/\/www.elturistatranquil.com\/wp-content\/uploads\/F30-Castillo-de-Torija-Guadalajara.jpg\" class=\"attachment-large size-large wp-image-49548\" alt=\"Castillo de Torija, Guadalajara\" srcset=\"https:\/\/www.elturistatranquil.com\/wp-content\/uploads\/F30-Castillo-de-Torija-Guadalajara.jpg 768w, https:\/\/www.elturistatranquil.com\/wp-content\/uploads\/F30-Castillo-de-Torija-Guadalajara-339x226.jpg 339w\" sizes=\"(max-width: 768px) 100vw, 768px\" \/>\t\t\t\t\t\t\t\t\t\t\t<figcaption class=\"widget-image-caption wp-caption-text\"><\/figcaption>\n\t\t\t\t\t\t\t\t\t\t<\/figure>\n\t\t\t\t\t\t\t\t\t<\/div>\n\t\t\t\t<\/div>\n\t\t\t\t<div class=\"elementor-element elementor-element-2932157 elementor-widget elementor-widget-image\" data-id=\"2932157\" data-element_type=\"widget\" data-e-type=\"widget\" data-widget_type=\"image.default\">\n\t\t\t\t<div class=\"elementor-widget-container\">\n\t\t\t\t\t\t\t\t\t\t\t\t<figure class=\"wp-caption\">\n\t\t\t\t\t\t\t\t\t\t<img loading=\"lazy\" decoding=\"async\" width=\"768\" height=\"512\" src=\"https:\/\/www.elturistatranquil.com\/wp-content\/uploads\/F31-Castillo-de-Torija-Guadalajara.jpg\" class=\"attachment-large size-large wp-image-49550\" alt=\"Castillo de Torija, Guadalajara\" srcset=\"https:\/\/www.elturistatranquil.com\/wp-content\/uploads\/F31-Castillo-de-Torija-Guadalajara.jpg 768w, https:\/\/www.elturistatranquil.com\/wp-content\/uploads\/F31-Castillo-de-Torija-Guadalajara-339x226.jpg 339w\" sizes=\"(max-width: 768px) 100vw, 768px\" \/>\t\t\t\t\t\t\t\t\t\t\t<figcaption class=\"widget-image-caption wp-caption-text\"><\/figcaption>\n\t\t\t\t\t\t\t\t\t\t<\/figure>\n\t\t\t\t\t\t\t\t\t<\/div>\n\t\t\t\t<\/div>\n\t\t\t\t<div class=\"elementor-element elementor-element-74e791f elementor-widget elementor-widget-image\" data-id=\"74e791f\" data-element_type=\"widget\" data-e-type=\"widget\" data-widget_type=\"image.default\">\n\t\t\t\t<div class=\"elementor-widget-container\">\n\t\t\t\t\t\t\t\t\t\t\t\t<figure class=\"wp-caption\">\n\t\t\t\t\t\t\t\t\t\t<img loading=\"lazy\" decoding=\"async\" width=\"768\" height=\"511\" src=\"https:\/\/www.elturistatranquil.com\/wp-content\/uploads\/F32-Castillo-de-Torija-Guadalajara.jpg\" class=\"attachment-large size-large wp-image-49552\" alt=\"Castillo de Torija, Guadalajara\" srcset=\"https:\/\/www.elturistatranquil.com\/wp-content\/uploads\/F32-Castillo-de-Torija-Guadalajara.jpg 768w, https:\/\/www.elturistatranquil.com\/wp-content\/uploads\/F32-Castillo-de-Torija-Guadalajara-339x226.jpg 339w\" sizes=\"(max-width: 768px) 100vw, 768px\" \/>\t\t\t\t\t\t\t\t\t\t\t<figcaption class=\"widget-image-caption wp-caption-text\"><\/figcaption>\n\t\t\t\t\t\t\t\t\t\t<\/figure>\n\t\t\t\t\t\t\t\t\t<\/div>\n\t\t\t\t<\/div>\n\t\t\t\t<div class=\"elementor-element elementor-element-ee9c7e1 elementor-widget elementor-widget-image\" data-id=\"ee9c7e1\" data-element_type=\"widget\" data-e-type=\"widget\" data-widget_type=\"image.default\">\n\t\t\t\t<div class=\"elementor-widget-container\">\n\t\t\t\t\t\t\t\t\t\t\t\t<figure class=\"wp-caption\">\n\t\t\t\t\t\t\t\t\t\t<img loading=\"lazy\" decoding=\"async\" width=\"768\" height=\"511\" src=\"https:\/\/www.elturistatranquil.com\/wp-content\/uploads\/F33-Castillo-de-Torija-Guadalajara.jpg\" class=\"attachment-large size-large wp-image-49554\" alt=\"Castillo de Torija, Guadalajara\" srcset=\"https:\/\/www.elturistatranquil.com\/wp-content\/uploads\/F33-Castillo-de-Torija-Guadalajara.jpg 768w, https:\/\/www.elturistatranquil.com\/wp-content\/uploads\/F33-Castillo-de-Torija-Guadalajara-339x226.jpg 339w\" sizes=\"(max-width: 768px) 100vw, 768px\" \/>\t\t\t\t\t\t\t\t\t\t\t<figcaption class=\"widget-image-caption wp-caption-text\"><\/figcaption>\n\t\t\t\t\t\t\t\t\t\t<\/figure>\n\t\t\t\t\t\t\t\t\t<\/div>\n\t\t\t\t<\/div>\n\t\t\t\t<div class=\"elementor-element elementor-element-31d8f8b elementor-widget elementor-widget-text-editor\" data-id=\"31d8f8b\" data-element_type=\"widget\" data-e-type=\"widget\" data-widget_type=\"text-editor.default\">\n\t\t\t\t<div class=\"elementor-widget-container\">\n\t\t\t\t\t\t\t\t\t<p>Una porta auxiliar al costat oposat al de l\u2019entrada principal. Devia ser l&#8217;acc\u00e9s a la lli\u00e7a entre la muralla i la contramuralla que ara no veiem.<\/p>\t\t\t\t\t\t\t\t<\/div>\n\t\t\t\t<\/div>\n\t\t\t\t<div class=\"elementor-element elementor-element-6a5f211 elementor-widget elementor-widget-image\" data-id=\"6a5f211\" data-element_type=\"widget\" data-e-type=\"widget\" data-widget_type=\"image.default\">\n\t\t\t\t<div class=\"elementor-widget-container\">\n\t\t\t\t\t\t\t\t\t\t\t\t<figure class=\"wp-caption\">\n\t\t\t\t\t\t\t\t\t\t<img loading=\"lazy\" decoding=\"async\" width=\"768\" height=\"512\" src=\"https:\/\/www.elturistatranquil.com\/wp-content\/uploads\/F34-Castillo-de-Torija-Guadalajara.jpg\" class=\"attachment-large size-large wp-image-49556\" alt=\"Castillo de Torija, Guadalajara\" srcset=\"https:\/\/www.elturistatranquil.com\/wp-content\/uploads\/F34-Castillo-de-Torija-Guadalajara.jpg 768w, https:\/\/www.elturistatranquil.com\/wp-content\/uploads\/F34-Castillo-de-Torija-Guadalajara-339x226.jpg 339w\" sizes=\"(max-width: 768px) 100vw, 768px\" \/>\t\t\t\t\t\t\t\t\t\t\t<figcaption class=\"widget-image-caption wp-caption-text\"><\/figcaption>\n\t\t\t\t\t\t\t\t\t\t<\/figure>\n\t\t\t\t\t\t\t\t\t<\/div>\n\t\t\t\t<\/div>\n\t\t\t\t<div class=\"elementor-element elementor-element-d8a6f9f elementor-widget elementor-widget-image\" data-id=\"d8a6f9f\" data-element_type=\"widget\" data-e-type=\"widget\" data-widget_type=\"image.default\">\n\t\t\t\t<div class=\"elementor-widget-container\">\n\t\t\t\t\t\t\t\t\t\t\t\t<figure class=\"wp-caption\">\n\t\t\t\t\t\t\t\t\t\t<img loading=\"lazy\" decoding=\"async\" width=\"768\" height=\"511\" src=\"https:\/\/www.elturistatranquil.com\/wp-content\/uploads\/F35-Castillo-de-Torija-Guadalajara.jpg\" class=\"attachment-large size-large wp-image-49561\" alt=\"Castillo de Torija, Guadalajara\" srcset=\"https:\/\/www.elturistatranquil.com\/wp-content\/uploads\/F35-Castillo-de-Torija-Guadalajara.jpg 768w, https:\/\/www.elturistatranquil.com\/wp-content\/uploads\/F35-Castillo-de-Torija-Guadalajara-339x226.jpg 339w\" sizes=\"(max-width: 768px) 100vw, 768px\" \/>\t\t\t\t\t\t\t\t\t\t\t<figcaption class=\"widget-image-caption wp-caption-text\"><\/figcaption>\n\t\t\t\t\t\t\t\t\t\t<\/figure>\n\t\t\t\t\t\t\t\t\t<\/div>\n\t\t\t\t<\/div>\n\t\t\t\t<div class=\"elementor-element elementor-element-f348974 elementor-widget elementor-widget-text-editor\" data-id=\"f348974\" data-element_type=\"widget\" data-e-type=\"widget\" data-widget_type=\"text-editor.default\">\n\t\t\t\t<div class=\"elementor-widget-container\">\n\t\t\t\t\t\t\t\t\t<p>Hem tornat al punt de partida, a l&#8217;angle sud del castell. En aquests dos flancs veiem finestres que correspondrien a la planta noble de la construcci\u00f3 interior.<\/p>\t\t\t\t\t\t\t\t<\/div>\n\t\t\t\t<\/div>\n\t\t\t\t<div class=\"elementor-element elementor-element-0eaf67b elementor-widget elementor-widget-image\" data-id=\"0eaf67b\" data-element_type=\"widget\" data-e-type=\"widget\" data-widget_type=\"image.default\">\n\t\t\t\t<div class=\"elementor-widget-container\">\n\t\t\t\t\t\t\t\t\t\t\t\t<figure class=\"wp-caption\">\n\t\t\t\t\t\t\t\t\t\t<img loading=\"lazy\" decoding=\"async\" width=\"768\" height=\"511\" src=\"https:\/\/www.elturistatranquil.com\/wp-content\/uploads\/F36-Castillo-de-Torija-Guadalajara.jpg\" class=\"attachment-large size-large wp-image-49563\" alt=\"Castillo de Torija, Guadalajara\" srcset=\"https:\/\/www.elturistatranquil.com\/wp-content\/uploads\/F36-Castillo-de-Torija-Guadalajara.jpg 768w, https:\/\/www.elturistatranquil.com\/wp-content\/uploads\/F36-Castillo-de-Torija-Guadalajara-339x226.jpg 339w\" sizes=\"(max-width: 768px) 100vw, 768px\" \/>\t\t\t\t\t\t\t\t\t\t\t<figcaption class=\"widget-image-caption wp-caption-text\"><\/figcaption>\n\t\t\t\t\t\t\t\t\t\t<\/figure>\n\t\t\t\t\t\t\t\t\t<\/div>\n\t\t\t\t<\/div>\n\t\t\t\t<div class=\"elementor-element elementor-element-b6a3cf0 elementor-widget elementor-widget-heading\" data-id=\"b6a3cf0\" data-element_type=\"widget\" data-e-type=\"widget\" data-widget_type=\"heading.default\">\n\t\t\t\t<div class=\"elementor-widget-container\">\n\t\t\t\t\t<h3 class=\"elementor-heading-title elementor-size-default\">Elements constructius de l'interior del castell<\/h3>\t\t\t\t<\/div>\n\t\t\t\t<\/div>\n\t\t\t\t<div class=\"elementor-element elementor-element-94f39e6 elementor-widget elementor-widget-text-editor\" data-id=\"94f39e6\" data-element_type=\"widget\" data-e-type=\"widget\" data-widget_type=\"text-editor.default\">\n\t\t\t\t<div class=\"elementor-widget-container\">\n\t\t\t\t\t\t\t\t\t<p>Abans de visitar les dues exposicions, podem presentar els elements constructius del castell que subsisteixen a l&#8217;interior.<\/p><p>En entrar actualment a dins ens trobem amb un espai rectangular obert. Davant nostre una edificaci\u00f3 d&#8217;arquitectura moderna, que prossegueix al costat est. Els altres dos costats mostren l&#8217;interior de la muralla nua.<\/p><p>Sabem que, en origen, en entrar al recinte interior s&#8217;accedia a una pla\u00e7a, probablement quadrada, envoltada per tres nivells de construccions en forma de \u201cU\u201d. Els nivells de metxinals que s&#8217;observen als quatre murs aix\u00ed ho testifiquen. A la fotografia podem apreciar els del mur nord. Quan recorrem l&#8217;interior de les instal\u00b7lacions veurem la continuaci\u00f3 als altres murs.<\/p><p>Segons el plantejament d&#8217;Enrique Daza, les dues l\u00ednies de metxinals del mur d&#8217;entrada podrien correspondre a una galeria que uniria exteriorment les ales est i oest, cosa que donaria aspecte de corrala a aquest pati.<\/p>\t\t\t\t\t\t\t\t<\/div>\n\t\t\t\t<\/div>\n\t\t\t\t<div class=\"elementor-element elementor-element-bff48a8 elementor-widget elementor-widget-image\" data-id=\"bff48a8\" data-element_type=\"widget\" data-e-type=\"widget\" data-widget_type=\"image.default\">\n\t\t\t\t<div class=\"elementor-widget-container\">\n\t\t\t\t\t\t\t\t\t\t\t\t<figure class=\"wp-caption\">\n\t\t\t\t\t\t\t\t\t\t<img loading=\"lazy\" decoding=\"async\" width=\"768\" height=\"512\" src=\"https:\/\/www.elturistatranquil.com\/wp-content\/uploads\/F37-Castillo-de-Torija-Guadalajara.jpg\" class=\"attachment-large size-large wp-image-49565\" alt=\"Castillo de Torija, Guadalajara\" srcset=\"https:\/\/www.elturistatranquil.com\/wp-content\/uploads\/F37-Castillo-de-Torija-Guadalajara.jpg 768w, https:\/\/www.elturistatranquil.com\/wp-content\/uploads\/F37-Castillo-de-Torija-Guadalajara-339x226.jpg 339w\" sizes=\"(max-width: 768px) 100vw, 768px\" \/>\t\t\t\t\t\t\t\t\t\t\t<figcaption class=\"widget-image-caption wp-caption-text\"><\/figcaption>\n\t\t\t\t\t\t\t\t\t\t<\/figure>\n\t\t\t\t\t\t\t\t\t<\/div>\n\t\t\t\t<\/div>\n\t\t\t\t<div class=\"elementor-element elementor-element-7917b91 elementor-widget elementor-widget-image\" data-id=\"7917b91\" data-element_type=\"widget\" data-e-type=\"widget\" data-widget_type=\"image.default\">\n\t\t\t\t<div class=\"elementor-widget-container\">\n\t\t\t\t\t\t\t\t\t\t\t\t<figure class=\"wp-caption\">\n\t\t\t\t\t\t\t\t\t\t<img loading=\"lazy\" decoding=\"async\" width=\"768\" height=\"512\" src=\"https:\/\/www.elturistatranquil.com\/wp-content\/uploads\/F38-Castillo-de-Torija-Guadalajara.jpg\" class=\"attachment-large size-large wp-image-49567\" alt=\"Castillo de Torija, Guadalajara\" srcset=\"https:\/\/www.elturistatranquil.com\/wp-content\/uploads\/F38-Castillo-de-Torija-Guadalajara.jpg 768w, https:\/\/www.elturistatranquil.com\/wp-content\/uploads\/F38-Castillo-de-Torija-Guadalajara-339x226.jpg 339w\" sizes=\"(max-width: 768px) 100vw, 768px\" \/>\t\t\t\t\t\t\t\t\t\t\t<figcaption class=\"widget-image-caption wp-caption-text\"><\/figcaption>\n\t\t\t\t\t\t\t\t\t\t<\/figure>\n\t\t\t\t\t\t\t\t\t<\/div>\n\t\t\t\t<\/div>\n\t\t\t\t<div class=\"elementor-element elementor-element-92e6064 elementor-widget elementor-widget-image\" data-id=\"92e6064\" data-element_type=\"widget\" data-e-type=\"widget\" data-widget_type=\"image.default\">\n\t\t\t\t<div class=\"elementor-widget-container\">\n\t\t\t\t\t\t\t\t\t\t\t\t<figure class=\"wp-caption\">\n\t\t\t\t\t\t\t\t\t\t<img loading=\"lazy\" decoding=\"async\" width=\"768\" height=\"512\" src=\"https:\/\/www.elturistatranquil.com\/wp-content\/uploads\/F39-Castillo-de-Torija-Guadalajara.jpg\" class=\"attachment-large size-large wp-image-49569\" alt=\"Castillo de Torija, Guadalajara\" srcset=\"https:\/\/www.elturistatranquil.com\/wp-content\/uploads\/F39-Castillo-de-Torija-Guadalajara.jpg 768w, https:\/\/www.elturistatranquil.com\/wp-content\/uploads\/F39-Castillo-de-Torija-Guadalajara-339x226.jpg 339w\" sizes=\"(max-width: 768px) 100vw, 768px\" \/>\t\t\t\t\t\t\t\t\t\t\t<figcaption class=\"widget-image-caption wp-caption-text\"><\/figcaption>\n\t\t\t\t\t\t\t\t\t\t<\/figure>\n\t\t\t\t\t\t\t\t\t<\/div>\n\t\t\t\t<\/div>\n\t\t\t\t<div class=\"elementor-element elementor-element-b4dad3a elementor-widget elementor-widget-text-editor\" data-id=\"b4dad3a\" data-element_type=\"widget\" data-e-type=\"widget\" data-widget_type=\"text-editor.default\">\n\t\t\t\t<div class=\"elementor-widget-container\">\n\t\t\t\t\t\t\t\t\t<p>Podem apreciar que a les torrasses s&#8217;hi entrava des de cada nivell, pel que no es requeria escala interna.<\/p>\t\t\t\t\t\t\t\t<\/div>\n\t\t\t\t<\/div>\n\t\t\t\t<div class=\"elementor-element elementor-element-d5ee88a elementor-widget elementor-widget-image\" data-id=\"d5ee88a\" data-element_type=\"widget\" data-e-type=\"widget\" data-widget_type=\"image.default\">\n\t\t\t\t<div class=\"elementor-widget-container\">\n\t\t\t\t\t\t\t\t\t\t\t\t<figure class=\"wp-caption\">\n\t\t\t\t\t\t\t\t\t\t<img loading=\"lazy\" decoding=\"async\" width=\"768\" height=\"512\" src=\"https:\/\/www.elturistatranquil.com\/wp-content\/uploads\/F40-Castillo-de-Torija-Guadalajara.jpg\" class=\"attachment-large size-large wp-image-49574\" alt=\"Castillo de Torija, Guadalajara\" srcset=\"https:\/\/www.elturistatranquil.com\/wp-content\/uploads\/F40-Castillo-de-Torija-Guadalajara.jpg 768w, https:\/\/www.elturistatranquil.com\/wp-content\/uploads\/F40-Castillo-de-Torija-Guadalajara-339x226.jpg 339w\" sizes=\"(max-width: 768px) 100vw, 768px\" \/>\t\t\t\t\t\t\t\t\t\t\t<figcaption class=\"widget-image-caption wp-caption-text\"><\/figcaption>\n\t\t\t\t\t\t\t\t\t\t<\/figure>\n\t\t\t\t\t\t\t\t\t<\/div>\n\t\t\t\t<\/div>\n\t\t\t\t<div class=\"elementor-element elementor-element-7afff1a elementor-widget elementor-widget-heading\" data-id=\"7afff1a\" data-element_type=\"widget\" data-e-type=\"widget\" data-widget_type=\"heading.default\">\n\t\t\t\t<div class=\"elementor-widget-container\">\n\t\t\t\t\t<h5 class=\"elementor-heading-title elementor-size-default\">Torrassa del templer<\/h5>\t\t\t\t<\/div>\n\t\t\t\t<\/div>\n\t\t\t\t<div class=\"elementor-element elementor-element-4ab2ca7 elementor-widget elementor-widget-text-editor\" data-id=\"4ab2ca7\" data-element_type=\"widget\" data-e-type=\"widget\" data-widget_type=\"text-editor.default\">\n\t\t\t\t<div class=\"elementor-widget-container\">\n\t\t\t\t\t\t\t\t\t<p>Des del primer pis es pot accedir a l&#8217;anomenada <strong>torrassa del templer<\/strong>. Una estreta entra dona acc\u00e9s a un recinte circular amb una obertura. S\u2019ha muse\u00eftzat amb la figura d\u2019un templer vigilant. Tot i que, com sabem, el castell \u00e9s posterior a la pres\u00e8ncia d&#8217;aquesta Orde a Torija.<\/p>\t\t\t\t\t\t\t\t<\/div>\n\t\t\t\t<\/div>\n\t\t\t\t<div class=\"elementor-element elementor-element-3c3d3b8 elementor-widget elementor-widget-image\" data-id=\"3c3d3b8\" data-element_type=\"widget\" data-e-type=\"widget\" data-widget_type=\"image.default\">\n\t\t\t\t<div class=\"elementor-widget-container\">\n\t\t\t\t\t\t\t\t\t\t\t\t<figure class=\"wp-caption\">\n\t\t\t\t\t\t\t\t\t\t<img loading=\"lazy\" decoding=\"async\" width=\"768\" height=\"512\" src=\"https:\/\/www.elturistatranquil.com\/wp-content\/uploads\/F41-Castillo-de-Torija-Guadalajara.jpg\" class=\"attachment-large size-large wp-image-49576\" alt=\"Castillo de Torija, Guadalajara\" srcset=\"https:\/\/www.elturistatranquil.com\/wp-content\/uploads\/F41-Castillo-de-Torija-Guadalajara.jpg 768w, https:\/\/www.elturistatranquil.com\/wp-content\/uploads\/F41-Castillo-de-Torija-Guadalajara-339x226.jpg 339w\" sizes=\"(max-width: 768px) 100vw, 768px\" \/>\t\t\t\t\t\t\t\t\t\t\t<figcaption class=\"widget-image-caption wp-caption-text\"><\/figcaption>\n\t\t\t\t\t\t\t\t\t\t<\/figure>\n\t\t\t\t\t\t\t\t\t<\/div>\n\t\t\t\t<\/div>\n\t\t\t\t<div class=\"elementor-element elementor-element-7304975 elementor-widget elementor-widget-image\" data-id=\"7304975\" data-element_type=\"widget\" data-e-type=\"widget\" data-widget_type=\"image.default\">\n\t\t\t\t<div class=\"elementor-widget-container\">\n\t\t\t\t\t\t\t\t\t\t\t\t<figure class=\"wp-caption\">\n\t\t\t\t\t\t\t\t\t\t<img loading=\"lazy\" decoding=\"async\" width=\"768\" height=\"512\" src=\"https:\/\/www.elturistatranquil.com\/wp-content\/uploads\/F42-Castillo-de-Torija-Guadalajara.jpg\" class=\"attachment-large size-large wp-image-49578\" alt=\"Castillo de Torija, Guadalajara\" srcset=\"https:\/\/www.elturistatranquil.com\/wp-content\/uploads\/F42-Castillo-de-Torija-Guadalajara.jpg 768w, https:\/\/www.elturistatranquil.com\/wp-content\/uploads\/F42-Castillo-de-Torija-Guadalajara-339x226.jpg 339w\" sizes=\"(max-width: 768px) 100vw, 768px\" \/>\t\t\t\t\t\t\t\t\t\t\t<figcaption class=\"widget-image-caption wp-caption-text\"><\/figcaption>\n\t\t\t\t\t\t\t\t\t\t<\/figure>\n\t\t\t\t\t\t\t\t\t<\/div>\n\t\t\t\t<\/div>\n\t\t\t\t<div class=\"elementor-element elementor-element-1e42ca3 elementor-widget elementor-widget-image\" data-id=\"1e42ca3\" data-element_type=\"widget\" data-e-type=\"widget\" data-widget_type=\"image.default\">\n\t\t\t\t<div class=\"elementor-widget-container\">\n\t\t\t\t\t\t\t\t\t\t\t\t<figure class=\"wp-caption\">\n\t\t\t\t\t\t\t\t\t\t<img loading=\"lazy\" decoding=\"async\" width=\"768\" height=\"512\" src=\"https:\/\/www.elturistatranquil.com\/wp-content\/uploads\/F43-Castillo-de-Torija-Guadalajara.jpg\" class=\"attachment-large size-large wp-image-49580\" alt=\"Castillo de Torija, Guadalajara\" srcset=\"https:\/\/www.elturistatranquil.com\/wp-content\/uploads\/F43-Castillo-de-Torija-Guadalajara.jpg 768w, https:\/\/www.elturistatranquil.com\/wp-content\/uploads\/F43-Castillo-de-Torija-Guadalajara-339x226.jpg 339w\" sizes=\"(max-width: 768px) 100vw, 768px\" \/>\t\t\t\t\t\t\t\t\t\t\t<figcaption class=\"widget-image-caption wp-caption-text\"><\/figcaption>\n\t\t\t\t\t\t\t\t\t\t<\/figure>\n\t\t\t\t\t\t\t\t\t<\/div>\n\t\t\t\t<\/div>\n\t\t\t\t<div class=\"elementor-element elementor-element-485592a elementor-widget elementor-widget-text-editor\" data-id=\"485592a\" data-element_type=\"widget\" data-e-type=\"widget\" data-widget_type=\"text-editor.default\">\n\t\t\t\t<div class=\"elementor-widget-container\">\n\t\t\t\t\t\t\t\t\t<p>Com s&#8217;ha assenyalat fa un moment, l&#8217;entrada a cada nivell de la torrassa per una porta a trav\u00e9s del mur no feia necess\u00e0ria escala interna.<\/p>\t\t\t\t\t\t\t\t<\/div>\n\t\t\t\t<\/div>\n\t\t\t\t<div class=\"elementor-element elementor-element-af537be elementor-widget elementor-widget-image\" data-id=\"af537be\" data-element_type=\"widget\" data-e-type=\"widget\" data-widget_type=\"image.default\">\n\t\t\t\t<div class=\"elementor-widget-container\">\n\t\t\t\t\t\t\t\t\t\t\t\t<figure class=\"wp-caption\">\n\t\t\t\t\t\t\t\t\t\t<img loading=\"lazy\" decoding=\"async\" width=\"768\" height=\"512\" src=\"https:\/\/www.elturistatranquil.com\/wp-content\/uploads\/F44-Castillo-de-Torija-Guadalajara.jpg\" class=\"attachment-large size-large wp-image-49582\" alt=\"Castillo de Torija, Guadalajara\" srcset=\"https:\/\/www.elturistatranquil.com\/wp-content\/uploads\/F44-Castillo-de-Torija-Guadalajara.jpg 768w, https:\/\/www.elturistatranquil.com\/wp-content\/uploads\/F44-Castillo-de-Torija-Guadalajara-339x226.jpg 339w\" sizes=\"(max-width: 768px) 100vw, 768px\" \/>\t\t\t\t\t\t\t\t\t\t\t<figcaption class=\"widget-image-caption wp-caption-text\"><\/figcaption>\n\t\t\t\t\t\t\t\t\t\t<\/figure>\n\t\t\t\t\t\t\t\t\t<\/div>\n\t\t\t\t<\/div>\n\t\t\t\t<div class=\"elementor-element elementor-element-00c32bd elementor-widget elementor-widget-text-editor\" data-id=\"00c32bd\" data-element_type=\"widget\" data-e-type=\"widget\" data-widget_type=\"text-editor.default\">\n\t\t\t\t<div class=\"elementor-widget-container\">\n\t\t\t\t\t\t\t\t\t<p>Tamb\u00e9 est\u00e0 exposada una vidriera amb el s\u00edmbol dels templers.<\/p>\t\t\t\t\t\t\t\t<\/div>\n\t\t\t\t<\/div>\n\t\t\t\t<div class=\"elementor-element elementor-element-cbcdea2 elementor-widget elementor-widget-image\" data-id=\"cbcdea2\" data-element_type=\"widget\" data-e-type=\"widget\" data-widget_type=\"image.default\">\n\t\t\t\t<div class=\"elementor-widget-container\">\n\t\t\t\t\t\t\t\t\t\t\t\t<figure class=\"wp-caption\">\n\t\t\t\t\t\t\t\t\t\t<img loading=\"lazy\" decoding=\"async\" width=\"768\" height=\"512\" src=\"https:\/\/www.elturistatranquil.com\/wp-content\/uploads\/F45-Castillo-de-Torija-Guadalajara.jpg\" class=\"attachment-large size-large wp-image-49587\" alt=\"Castillo de Torija, Guadalajara\" srcset=\"https:\/\/www.elturistatranquil.com\/wp-content\/uploads\/F45-Castillo-de-Torija-Guadalajara.jpg 768w, https:\/\/www.elturistatranquil.com\/wp-content\/uploads\/F45-Castillo-de-Torija-Guadalajara-339x226.jpg 339w\" sizes=\"(max-width: 768px) 100vw, 768px\" \/>\t\t\t\t\t\t\t\t\t\t\t<figcaption class=\"widget-image-caption wp-caption-text\"><\/figcaption>\n\t\t\t\t\t\t\t\t\t\t<\/figure>\n\t\t\t\t\t\t\t\t\t<\/div>\n\t\t\t\t<\/div>\n\t\t\t\t<div class=\"elementor-element elementor-element-9a6214d elementor-widget elementor-widget-text-editor\" data-id=\"9a6214d\" data-element_type=\"widget\" data-e-type=\"widget\" data-widget_type=\"text-editor.default\">\n\t\t\t\t<div class=\"elementor-widget-container\">\n\t\t\t\t\t\t\t\t\t<p>L&#8217;estret acc\u00e9s posa de manifest l&#8217;amplada dels murs.<\/p>\t\t\t\t\t\t\t\t<\/div>\n\t\t\t\t<\/div>\n\t\t\t\t<div class=\"elementor-element elementor-element-b44f35a elementor-widget elementor-widget-image\" data-id=\"b44f35a\" data-element_type=\"widget\" data-e-type=\"widget\" data-widget_type=\"image.default\">\n\t\t\t\t<div class=\"elementor-widget-container\">\n\t\t\t\t\t\t\t\t\t\t\t\t<figure class=\"wp-caption\">\n\t\t\t\t\t\t\t\t\t\t<img loading=\"lazy\" decoding=\"async\" width=\"768\" height=\"512\" src=\"https:\/\/www.elturistatranquil.com\/wp-content\/uploads\/F46-Castillo-de-Torija-Guadalajara.jpg\" class=\"attachment-large size-large wp-image-49589\" alt=\"Castillo de Torija, Guadalajara\" srcset=\"https:\/\/www.elturistatranquil.com\/wp-content\/uploads\/F46-Castillo-de-Torija-Guadalajara.jpg 768w, https:\/\/www.elturistatranquil.com\/wp-content\/uploads\/F46-Castillo-de-Torija-Guadalajara-339x226.jpg 339w\" sizes=\"(max-width: 768px) 100vw, 768px\" \/>\t\t\t\t\t\t\t\t\t\t\t<figcaption class=\"widget-image-caption wp-caption-text\"><\/figcaption>\n\t\t\t\t\t\t\t\t\t\t<\/figure>\n\t\t\t\t\t\t\t\t\t<\/div>\n\t\t\t\t<\/div>\n\t\t\t\t<div class=\"elementor-element elementor-element-7193d6d elementor-widget elementor-widget-heading\" data-id=\"7193d6d\" data-element_type=\"widget\" data-e-type=\"widget\" data-widget_type=\"heading.default\">\n\t\t\t\t<div class=\"elementor-widget-container\">\n\t\t\t\t\t<h5 class=\"elementor-heading-title elementor-size-default\">Torre de l'homenatge<\/h5>\t\t\t\t<\/div>\n\t\t\t\t<\/div>\n\t\t\t\t<div class=\"elementor-element elementor-element-8c06d70 elementor-widget elementor-widget-text-editor\" data-id=\"8c06d70\" data-element_type=\"widget\" data-e-type=\"widget\" data-widget_type=\"text-editor.default\">\n\t\t\t\t<div class=\"elementor-widget-container\">\n\t\t\t\t\t\t\t\t\t<p>Al mateix nivell que l&#8217;entrada anterior, al v\u00e8rtex de l&#8217;est, un altre estret passad\u00eds \u00e9s l&#8217;\u00fanic acc\u00e9s a la torre de l&#8217;homenatge.<\/p><p>Tots els estris de l&#8217;interior de la torre de l&#8217;homenatge havien de passar per aquest passad\u00eds ja que no hi havia cap altre acc\u00e9s.<\/p>\t\t\t\t\t\t\t\t<\/div>\n\t\t\t\t<\/div>\n\t\t\t\t<div class=\"elementor-element elementor-element-81304d5 elementor-widget elementor-widget-image\" data-id=\"81304d5\" data-element_type=\"widget\" data-e-type=\"widget\" data-widget_type=\"image.default\">\n\t\t\t\t<div class=\"elementor-widget-container\">\n\t\t\t\t\t\t\t\t\t\t\t\t<figure class=\"wp-caption\">\n\t\t\t\t\t\t\t\t\t\t<img loading=\"lazy\" decoding=\"async\" width=\"768\" height=\"512\" src=\"https:\/\/www.elturistatranquil.com\/wp-content\/uploads\/F47-Castillo-de-Torija-Guadalajara.jpg\" class=\"attachment-large size-large wp-image-49591\" alt=\"Castillo de Torija, Guadalajara\" srcset=\"https:\/\/www.elturistatranquil.com\/wp-content\/uploads\/F47-Castillo-de-Torija-Guadalajara.jpg 768w, https:\/\/www.elturistatranquil.com\/wp-content\/uploads\/F47-Castillo-de-Torija-Guadalajara-339x226.jpg 339w\" sizes=\"(max-width: 768px) 100vw, 768px\" \/>\t\t\t\t\t\t\t\t\t\t\t<figcaption class=\"widget-image-caption wp-caption-text\"><\/figcaption>\n\t\t\t\t\t\t\t\t\t\t<\/figure>\n\t\t\t\t\t\t\t\t\t<\/div>\n\t\t\t\t<\/div>\n\t\t\t\t<div class=\"elementor-element elementor-element-4328fb7 elementor-widget elementor-widget-text-editor\" data-id=\"4328fb7\" data-element_type=\"widget\" data-e-type=\"widget\" data-widget_type=\"text-editor.default\">\n\t\t\t\t<div class=\"elementor-widget-container\">\n\t\t\t\t\t\t\t\t\t<p>El seu interior est\u00e0 destinat a allotjar el Museu del Viatge a la Alcarria. La configuraci\u00f3 arquitect\u00f2nica de les instal\u00b7lacions del museu, encertadament, han estat dissenyades de manera molt di\u00e0fana, cosa que permet visualitzar les estructura i les dimensions de l&#8217;interior de la torre de l&#8217;homenatge des del nivell dos fins a la volta de la coberta.<\/p>\t\t\t\t\t\t\t\t<\/div>\n\t\t\t\t<\/div>\n\t\t\t\t<div class=\"elementor-element elementor-element-002a474 elementor-widget elementor-widget-image\" data-id=\"002a474\" data-element_type=\"widget\" data-e-type=\"widget\" data-widget_type=\"image.default\">\n\t\t\t\t<div class=\"elementor-widget-container\">\n\t\t\t\t\t\t\t\t\t\t\t\t<figure class=\"wp-caption\">\n\t\t\t\t\t\t\t\t\t\t<img loading=\"lazy\" decoding=\"async\" width=\"768\" height=\"512\" src=\"https:\/\/www.elturistatranquil.com\/wp-content\/uploads\/F48-Castillo-de-Torija-Guadalajara.jpg\" class=\"attachment-large size-large wp-image-49593\" alt=\"Castillo de Torija, Guadalajara\" srcset=\"https:\/\/www.elturistatranquil.com\/wp-content\/uploads\/F48-Castillo-de-Torija-Guadalajara.jpg 768w, https:\/\/www.elturistatranquil.com\/wp-content\/uploads\/F48-Castillo-de-Torija-Guadalajara-339x226.jpg 339w\" sizes=\"(max-width: 768px) 100vw, 768px\" \/>\t\t\t\t\t\t\t\t\t\t\t<figcaption class=\"widget-image-caption wp-caption-text\"><\/figcaption>\n\t\t\t\t\t\t\t\t\t\t<\/figure>\n\t\t\t\t\t\t\t\t\t<\/div>\n\t\t\t\t<\/div>\n\t\t\t\t<div class=\"elementor-element elementor-element-8397209 elementor-widget elementor-widget-text-editor\" data-id=\"8397209\" data-element_type=\"widget\" data-e-type=\"widget\" data-widget_type=\"text-editor.default\">\n\t\t\t\t<div class=\"elementor-widget-container\">\n\t\t\t\t\t\t\t\t\t<p>Els tres nivells dels pisos d&#8217;exposici\u00f3 corresponen a l&#8217;estructura original, per\u00f2, tamb\u00e9 encertadament a parer meu, s&#8217;ha situat una mica m\u00e9s baixos per permetre veure la disposici\u00f3 de les bigues originals, visibles a les fotografies hist\u00f2riques.<\/p>\t\t\t\t\t\t\t\t<\/div>\n\t\t\t\t<\/div>\n\t\t\t\t<div class=\"elementor-element elementor-element-5382f8e elementor-widget elementor-widget-image\" data-id=\"5382f8e\" data-element_type=\"widget\" data-e-type=\"widget\" data-widget_type=\"image.default\">\n\t\t\t\t<div class=\"elementor-widget-container\">\n\t\t\t\t\t\t\t\t\t\t\t\t<figure class=\"wp-caption\">\n\t\t\t\t\t\t\t\t\t\t<img loading=\"lazy\" decoding=\"async\" width=\"768\" height=\"512\" src=\"https:\/\/www.elturistatranquil.com\/wp-content\/uploads\/F49-Castillo-de-Torija-Guadalajara.jpg\" class=\"attachment-large size-large wp-image-49595\" alt=\"Castillo de Torija, Guadalajara\" srcset=\"https:\/\/www.elturistatranquil.com\/wp-content\/uploads\/F49-Castillo-de-Torija-Guadalajara.jpg 768w, https:\/\/www.elturistatranquil.com\/wp-content\/uploads\/F49-Castillo-de-Torija-Guadalajara-339x226.jpg 339w\" sizes=\"(max-width: 768px) 100vw, 768px\" \/>\t\t\t\t\t\t\t\t\t\t\t<figcaption class=\"widget-image-caption wp-caption-text\"><\/figcaption>\n\t\t\t\t\t\t\t\t\t\t<\/figure>\n\t\t\t\t\t\t\t\t\t<\/div>\n\t\t\t\t<\/div>\n\t\t\t\t<div class=\"elementor-element elementor-element-d816fd5 elementor-widget elementor-widget-text-editor\" data-id=\"d816fd5\" data-element_type=\"widget\" data-e-type=\"widget\" data-widget_type=\"text-editor.default\">\n\t\t\t\t<div class=\"elementor-widget-container\">\n\t\t\t\t\t\t\t\t\t<p>Aix\u00ed mateix, podem observar les diferents obertures que il\u00b7luminaven els tres nivells.<\/p>\t\t\t\t\t\t\t\t<\/div>\n\t\t\t\t<\/div>\n\t\t\t\t<section class=\"elementor-section elementor-inner-section elementor-element elementor-element-e6801e6 elementor-section-boxed elementor-section-height-default elementor-section-height-default\" data-id=\"e6801e6\" data-element_type=\"section\" data-e-type=\"section\">\n\t\t\t\t\t\t<div class=\"elementor-container elementor-column-gap-default\">\n\t\t\t\t\t<div class=\"elementor-column elementor-col-50 elementor-inner-column elementor-element elementor-element-a98af97\" data-id=\"a98af97\" data-element_type=\"column\" data-e-type=\"column\">\n\t\t\t<div class=\"elementor-widget-wrap elementor-element-populated\">\n\t\t\t\t\t\t<div class=\"elementor-element elementor-element-de582e4 elementor-widget elementor-widget-image\" data-id=\"de582e4\" data-element_type=\"widget\" data-e-type=\"widget\" data-widget_type=\"image.default\">\n\t\t\t\t<div class=\"elementor-widget-container\">\n\t\t\t\t\t\t\t\t\t\t\t\t\t\t\t<img loading=\"lazy\" decoding=\"async\" width=\"380\" height=\"380\" src=\"https:\/\/www.elturistatranquil.com\/wp-content\/uploads\/F50m-Castillo-de-Torija-Guadalajara.jpg\" class=\"attachment-large size-large wp-image-49600\" alt=\"Castillo de Torija, Guadalajara\" srcset=\"https:\/\/www.elturistatranquil.com\/wp-content\/uploads\/F50m-Castillo-de-Torija-Guadalajara.jpg 380w, https:\/\/www.elturistatranquil.com\/wp-content\/uploads\/F50m-Castillo-de-Torija-Guadalajara-226x226.jpg 226w\" sizes=\"(max-width: 380px) 100vw, 380px\" \/>\t\t\t\t\t\t\t\t\t\t\t\t\t\t\t<\/div>\n\t\t\t\t<\/div>\n\t\t\t\t\t<\/div>\n\t\t<\/div>\n\t\t\t\t<div class=\"elementor-column elementor-col-50 elementor-inner-column elementor-element elementor-element-aa3b7b3\" data-id=\"aa3b7b3\" data-element_type=\"column\" data-e-type=\"column\">\n\t\t\t<div class=\"elementor-widget-wrap elementor-element-populated\">\n\t\t\t\t\t\t<div class=\"elementor-element elementor-element-cda8d20 elementor-widget elementor-widget-image\" data-id=\"cda8d20\" data-element_type=\"widget\" data-e-type=\"widget\" data-widget_type=\"image.default\">\n\t\t\t\t<div class=\"elementor-widget-container\">\n\t\t\t\t\t\t\t\t\t\t\t\t\t\t\t<img loading=\"lazy\" decoding=\"async\" width=\"380\" height=\"380\" src=\"https:\/\/www.elturistatranquil.com\/wp-content\/uploads\/F50n-Castillo-de-Torija-Guadalajara.jpg\" class=\"attachment-large size-large wp-image-49602\" alt=\"Castillo de Torija, Guadalajara\" srcset=\"https:\/\/www.elturistatranquil.com\/wp-content\/uploads\/F50n-Castillo-de-Torija-Guadalajara.jpg 380w, https:\/\/www.elturistatranquil.com\/wp-content\/uploads\/F50n-Castillo-de-Torija-Guadalajara-226x226.jpg 226w\" sizes=\"(max-width: 380px) 100vw, 380px\" \/>\t\t\t\t\t\t\t\t\t\t\t\t\t\t\t<\/div>\n\t\t\t\t<\/div>\n\t\t\t\t\t<\/div>\n\t\t<\/div>\n\t\t\t\t\t<\/div>\n\t\t<\/section>\n\t\t\t\t<section class=\"elementor-section elementor-inner-section elementor-element elementor-element-e6c8216 elementor-section-boxed elementor-section-height-default elementor-section-height-default\" data-id=\"e6c8216\" data-element_type=\"section\" data-e-type=\"section\">\n\t\t\t\t\t\t<div class=\"elementor-container elementor-column-gap-default\">\n\t\t\t\t\t<div class=\"elementor-column elementor-col-50 elementor-inner-column elementor-element elementor-element-ff182b0\" data-id=\"ff182b0\" data-element_type=\"column\" data-e-type=\"column\">\n\t\t\t<div class=\"elementor-widget-wrap elementor-element-populated\">\n\t\t\t\t\t\t<div class=\"elementor-element elementor-element-f5bec3d elementor-widget elementor-widget-image\" data-id=\"f5bec3d\" data-element_type=\"widget\" data-e-type=\"widget\" data-widget_type=\"image.default\">\n\t\t\t\t<div class=\"elementor-widget-container\">\n\t\t\t\t\t\t\t\t\t\t\t\t\t\t\t<img loading=\"lazy\" decoding=\"async\" width=\"380\" height=\"380\" src=\"https:\/\/www.elturistatranquil.com\/wp-content\/uploads\/F50o-Castillo-de-Torija-Guadalajara.jpg\" class=\"attachment-large size-large wp-image-49604\" alt=\"Castillo de Torija, Guadalajara\" srcset=\"https:\/\/www.elturistatranquil.com\/wp-content\/uploads\/F50o-Castillo-de-Torija-Guadalajara.jpg 380w, https:\/\/www.elturistatranquil.com\/wp-content\/uploads\/F50o-Castillo-de-Torija-Guadalajara-226x226.jpg 226w\" sizes=\"(max-width: 380px) 100vw, 380px\" \/>\t\t\t\t\t\t\t\t\t\t\t\t\t\t\t<\/div>\n\t\t\t\t<\/div>\n\t\t\t\t\t<\/div>\n\t\t<\/div>\n\t\t\t\t<div class=\"elementor-column elementor-col-50 elementor-inner-column elementor-element elementor-element-dd3e0da\" data-id=\"dd3e0da\" data-element_type=\"column\" data-e-type=\"column\">\n\t\t\t<div class=\"elementor-widget-wrap elementor-element-populated\">\n\t\t\t\t\t\t<div class=\"elementor-element elementor-element-53027ef elementor-widget elementor-widget-image\" data-id=\"53027ef\" data-element_type=\"widget\" data-e-type=\"widget\" data-widget_type=\"image.default\">\n\t\t\t\t<div class=\"elementor-widget-container\">\n\t\t\t\t\t\t\t\t\t\t\t\t\t\t\t<img loading=\"lazy\" decoding=\"async\" width=\"380\" height=\"380\" src=\"https:\/\/www.elturistatranquil.com\/wp-content\/uploads\/F50p-Castillo-de-Torija-Guadalajara.jpg\" class=\"attachment-large size-large wp-image-49606\" alt=\"Castillo de Torija, Guadalajara\" srcset=\"https:\/\/www.elturistatranquil.com\/wp-content\/uploads\/F50p-Castillo-de-Torija-Guadalajara.jpg 380w, https:\/\/www.elturistatranquil.com\/wp-content\/uploads\/F50p-Castillo-de-Torija-Guadalajara-226x226.jpg 226w\" sizes=\"(max-width: 380px) 100vw, 380px\" \/>\t\t\t\t\t\t\t\t\t\t\t\t\t\t\t<\/div>\n\t\t\t\t<\/div>\n\t\t\t\t\t<\/div>\n\t\t<\/div>\n\t\t\t\t\t<\/div>\n\t\t<\/section>\n\t\t\t\t<div class=\"elementor-element elementor-element-e2519de elementor-widget elementor-widget-text-editor\" data-id=\"e2519de\" data-element_type=\"widget\" data-e-type=\"widget\" data-widget_type=\"text-editor.default\">\n\t\t\t\t<div class=\"elementor-widget-container\">\n\t\t\t\t\t\t\t\t\t<p>\u00a0<\/p><p>Finalment, es visualitza la part superior d\u2019una torrassa, amb els modillons que suportaven el matac\u00e0.<\/p>\t\t\t\t\t\t\t\t<\/div>\n\t\t\t\t<\/div>\n\t\t\t\t<div class=\"elementor-element elementor-element-50dadf7 elementor-widget elementor-widget-image\" data-id=\"50dadf7\" data-element_type=\"widget\" data-e-type=\"widget\" data-widget_type=\"image.default\">\n\t\t\t\t<div class=\"elementor-widget-container\">\n\t\t\t\t\t\t\t\t\t\t\t\t<figure class=\"wp-caption\">\n\t\t\t\t\t\t\t\t\t\t<img loading=\"lazy\" decoding=\"async\" width=\"768\" height=\"512\" src=\"https:\/\/www.elturistatranquil.com\/wp-content\/uploads\/F51-Castillo-de-Torija-Guadalajara.jpg\" class=\"attachment-large size-large wp-image-49608\" alt=\"Castillo de Torija, Guadalajara\" srcset=\"https:\/\/www.elturistatranquil.com\/wp-content\/uploads\/F51-Castillo-de-Torija-Guadalajara.jpg 768w, https:\/\/www.elturistatranquil.com\/wp-content\/uploads\/F51-Castillo-de-Torija-Guadalajara-339x226.jpg 339w\" sizes=\"(max-width: 768px) 100vw, 768px\" \/>\t\t\t\t\t\t\t\t\t\t\t<figcaption class=\"widget-image-caption wp-caption-text\"><\/figcaption>\n\t\t\t\t\t\t\t\t\t\t<\/figure>\n\t\t\t\t\t\t\t\t\t<\/div>\n\t\t\t\t<\/div>\n\t\t\t\t<div class=\"elementor-element elementor-element-a1f4cb5 elementor-widget elementor-widget-text-editor\" data-id=\"a1f4cb5\" data-element_type=\"widget\" data-e-type=\"widget\" data-widget_type=\"text-editor.default\">\n\t\t\t\t<div class=\"elementor-widget-container\">\n\t\t\t\t\t\t\t\t\t<p>Un cop observada l&#8217;estructura del castell de Torija del segle XV, podem aprofitar per visitar els dos usos que se li ha donat a aquesta construcci\u00f3: el <strong>Centre d&#8217;Interpretaci\u00f3 Tur\u00edstica de la Prov\u00edncia de Guadalajara<\/strong>, a l&#8217;edifici encaixonat al pati, i a la torre de l&#8217;homenatge el <strong>Museu del Viatge a La Alcarria de Camilo Jos\u00e9 Cela<\/strong>.<\/p>\t\t\t\t\t\t\t\t<\/div>\n\t\t\t\t<\/div>\n\t\t\t\t<div class=\"elementor-element elementor-element-bf2aa4b elementor-widget elementor-widget-heading\" data-id=\"bf2aa4b\" data-element_type=\"widget\" data-e-type=\"widget\" data-widget_type=\"heading.default\">\n\t\t\t\t<div class=\"elementor-widget-container\">\n\t\t\t\t\t<h2 class=\"elementor-heading-title elementor-size-default\">Centre d'Interpretaci\u00f3 Tur\u00edstica de la Prov\u00edncia de Guadalajara<\/h2>\t\t\t\t<\/div>\n\t\t\t\t<\/div>\n\t\t\t\t<div class=\"elementor-element elementor-element-fbfb356 elementor-widget elementor-widget-text-editor\" data-id=\"fbfb356\" data-element_type=\"widget\" data-e-type=\"widget\" data-widget_type=\"text-editor.default\">\n\t\t\t\t<div class=\"elementor-widget-container\">\n\t\t\t\t\t\t\t\t\t<p>L&#8217;any 2007 la Diputaci\u00f3 Provincial de Guadalajara va decidir donar \u00fas al castell de Torija decidint la construcci\u00f3 d&#8217;un edifici de nova planta i d&#8217;estil actual, obra de l\u2019arquitecte Jos\u00e9 Luis Condado, ocupant el pati interior totalment buit. Es constru\u00efa una fa\u00e7ana i un acc\u00e9s, i es respectaven els murs interiors, conservant els escassos elements estructurals que podien ser d&#8217;inter\u00e8s: els murs de ma\u00e7oneria; el metxinal de les diverses plantes; l&#8217;acc\u00e9s a la torrassa i l&#8217;acc\u00e9s a la torre de l&#8217;homenatge, que ja estava dedicada a museu del viatge a La Alcarria des de 1995, per\u00f2 remodelant-lo completament.<\/p><p>La fa\u00e7ana l&#8217;hem vist anteriorment. A l&#8217;interior tamb\u00e9 es va buscar una combinaci\u00f3 de nivells a cada planta, de manera que es deixessin espais verticals di\u00e0fans amb qu\u00e8 poder disposar de perspectives que permetessin apreciar els murs i nivells constructius del castell medieval. No hi insistir\u00e9, ja que els podrem anar apreciant a trav\u00e9s d&#8217;algunes de les fotografies que segueixen.<\/p>\t\t\t\t\t\t\t\t<\/div>\n\t\t\t\t<\/div>\n\t\t\t\t<div class=\"elementor-element elementor-element-37622e0 elementor-widget elementor-widget-heading\" data-id=\"37622e0\" data-element_type=\"widget\" data-e-type=\"widget\" data-widget_type=\"heading.default\">\n\t\t\t\t<div class=\"elementor-widget-container\">\n\t\t\t\t\t<h5 class=\"elementor-heading-title elementor-size-default\">Planta baixa<\/h5>\t\t\t\t<\/div>\n\t\t\t\t<\/div>\n\t\t\t\t<div class=\"elementor-element elementor-element-8196fe1 elementor-widget elementor-widget-text-editor\" data-id=\"8196fe1\" data-element_type=\"widget\" data-e-type=\"widget\" data-widget_type=\"text-editor.default\">\n\t\t\t\t<div class=\"elementor-widget-container\">\n\t\t\t\t\t\t\t\t\t<p>La recepci\u00f3 de la planta baixa dona acc\u00e9s a un petit espai dedicat al Cid, i a una sala amb una gran maqueta de la prov\u00edncia amb els elements historicoculturals m\u00e9s significatius de la prov\u00edncia de Guadalajara. (Encara que trobi a faltar una refer\u00e8ncia a la ciutat visigoda de <a href=\"https:\/\/www.elturistatranquil.com\/ca\/recopolis-ciutat-visigoda-guadalajara\/\" target=\"_blank\" rel=\"noopener\">Rec\u00f3polis<\/a>), acompanyat d&#8217;informaci\u00f3 audiovisual.<\/p>\t\t\t\t\t\t\t\t<\/div>\n\t\t\t\t<\/div>\n\t\t\t\t<div class=\"elementor-element elementor-element-01350ef elementor-widget elementor-widget-image\" data-id=\"01350ef\" data-element_type=\"widget\" data-e-type=\"widget\" data-widget_type=\"image.default\">\n\t\t\t\t<div class=\"elementor-widget-container\">\n\t\t\t\t\t\t\t\t\t\t\t\t<figure class=\"wp-caption\">\n\t\t\t\t\t\t\t\t\t\t<img loading=\"lazy\" decoding=\"async\" width=\"768\" height=\"512\" src=\"https:\/\/www.elturistatranquil.com\/wp-content\/uploads\/F52-Castillo-de-Torija.-Centro-de-Interpretacion-Turistica-de-la-Provincia-de-Guadalajara.jpg\" class=\"attachment-large size-large wp-image-49613\" alt=\"Castillo de Torija. Centro de Interpretaci\u00f3n Tur\u00edstica de la Provincia de Guadalajara\" srcset=\"https:\/\/www.elturistatranquil.com\/wp-content\/uploads\/F52-Castillo-de-Torija.-Centro-de-Interpretacion-Turistica-de-la-Provincia-de-Guadalajara.jpg 768w, https:\/\/www.elturistatranquil.com\/wp-content\/uploads\/F52-Castillo-de-Torija.-Centro-de-Interpretacion-Turistica-de-la-Provincia-de-Guadalajara-339x226.jpg 339w\" sizes=\"(max-width: 768px) 100vw, 768px\" \/>\t\t\t\t\t\t\t\t\t\t\t<figcaption class=\"widget-image-caption wp-caption-text\"><\/figcaption>\n\t\t\t\t\t\t\t\t\t\t<\/figure>\n\t\t\t\t\t\t\t\t\t<\/div>\n\t\t\t\t<\/div>\n\t\t\t\t<div class=\"elementor-element elementor-element-598f6de elementor-widget elementor-widget-heading\" data-id=\"598f6de\" data-element_type=\"widget\" data-e-type=\"widget\" data-widget_type=\"heading.default\">\n\t\t\t\t<div class=\"elementor-widget-container\">\n\t\t\t\t\t<h5 class=\"elementor-heading-title elementor-size-default\">El medi f\u00edsic<\/h5>\t\t\t\t<\/div>\n\t\t\t\t<\/div>\n\t\t\t\t<div class=\"elementor-element elementor-element-d0c6479 elementor-widget elementor-widget-text-editor\" data-id=\"d0c6479\" data-element_type=\"widget\" data-e-type=\"widget\" data-widget_type=\"text-editor.default\">\n\t\t\t\t<div class=\"elementor-widget-container\">\n\t\t\t\t\t\t\t\t\t<p>La primera planta est\u00e0 destinada a presentar la fauna i la riquesa paisatg\u00edstica de la prov\u00edncia de Guadalajara.<\/p><p>Una recreaci\u00f3 d\u00b4un paratge natural caracter\u00edstic del <strong>Geoparc Global de la UNESCO de la Comarca de Molina-Alt Tajo<\/strong>.<\/p>\t\t\t\t\t\t\t\t<\/div>\n\t\t\t\t<\/div>\n\t\t\t\t<div class=\"elementor-element elementor-element-7991da8 elementor-widget elementor-widget-image\" data-id=\"7991da8\" data-element_type=\"widget\" data-e-type=\"widget\" data-widget_type=\"image.default\">\n\t\t\t\t<div class=\"elementor-widget-container\">\n\t\t\t\t\t\t\t\t\t\t\t\t<figure class=\"wp-caption\">\n\t\t\t\t\t\t\t\t\t\t<img loading=\"lazy\" decoding=\"async\" width=\"768\" height=\"512\" src=\"https:\/\/www.elturistatranquil.com\/wp-content\/uploads\/F53-Castillo-de-Torija.-Centro-de-Interpretacion-Turistica-de-la-Provincia-de-Guadalajara.jpg\" class=\"attachment-large size-large wp-image-49615\" alt=\"Castillo de Torija. Centro de Interpretaci\u00f3n Tur\u00edstica de la Provincia de Guadalajara\" srcset=\"https:\/\/www.elturistatranquil.com\/wp-content\/uploads\/F53-Castillo-de-Torija.-Centro-de-Interpretacion-Turistica-de-la-Provincia-de-Guadalajara.jpg 768w, https:\/\/www.elturistatranquil.com\/wp-content\/uploads\/F53-Castillo-de-Torija.-Centro-de-Interpretacion-Turistica-de-la-Provincia-de-Guadalajara-339x226.jpg 339w\" sizes=\"(max-width: 768px) 100vw, 768px\" \/>\t\t\t\t\t\t\t\t\t\t\t<figcaption class=\"widget-image-caption wp-caption-text\"><\/figcaption>\n\t\t\t\t\t\t\t\t\t\t<\/figure>\n\t\t\t\t\t\t\t\t\t<\/div>\n\t\t\t\t<\/div>\n\t\t\t\t<div class=\"elementor-element elementor-element-344baae elementor-widget elementor-widget-image\" data-id=\"344baae\" data-element_type=\"widget\" data-e-type=\"widget\" data-widget_type=\"image.default\">\n\t\t\t\t<div class=\"elementor-widget-container\">\n\t\t\t\t\t\t\t\t\t\t\t\t<figure class=\"wp-caption\">\n\t\t\t\t\t\t\t\t\t\t<img loading=\"lazy\" decoding=\"async\" width=\"768\" height=\"512\" src=\"https:\/\/www.elturistatranquil.com\/wp-content\/uploads\/F54-Castillo-de-Torija.-Centro-de-Interpretacion-Turistica-de-la-Provincia-de-Guadalajara.jpg\" class=\"attachment-large size-large wp-image-49617\" alt=\"Castillo de Torija. Centro de Interpretaci\u00f3n Tur\u00edstica de la Provincia de Guadalajara\" srcset=\"https:\/\/www.elturistatranquil.com\/wp-content\/uploads\/F54-Castillo-de-Torija.-Centro-de-Interpretacion-Turistica-de-la-Provincia-de-Guadalajara.jpg 768w, https:\/\/www.elturistatranquil.com\/wp-content\/uploads\/F54-Castillo-de-Torija.-Centro-de-Interpretacion-Turistica-de-la-Provincia-de-Guadalajara-339x226.jpg 339w\" sizes=\"(max-width: 768px) 100vw, 768px\" \/>\t\t\t\t\t\t\t\t\t\t\t<figcaption class=\"widget-image-caption wp-caption-text\"><\/figcaption>\n\t\t\t\t\t\t\t\t\t\t<\/figure>\n\t\t\t\t\t\t\t\t\t<\/div>\n\t\t\t\t<\/div>\n\t\t\t\t<div class=\"elementor-element elementor-element-058991a elementor-widget elementor-widget-heading\" data-id=\"058991a\" data-element_type=\"widget\" data-e-type=\"widget\" data-widget_type=\"heading.default\">\n\t\t\t\t<div class=\"elementor-widget-container\">\n\t\t\t\t\t<h5 class=\"elementor-heading-title elementor-size-default\">El medi s\u00f2cio-hist\u00f2ric<\/h5>\t\t\t\t<\/div>\n\t\t\t\t<\/div>\n\t\t\t\t<div class=\"elementor-element elementor-element-bf8fc89 elementor-widget elementor-widget-text-editor\" data-id=\"bf8fc89\" data-element_type=\"widget\" data-e-type=\"widget\" data-widget_type=\"text-editor.default\">\n\t\t\t\t<div class=\"elementor-widget-container\">\n\t\t\t\t\t\t\t\t\t<p>La segona planta est\u00e0 dedicada a presentar joies arquitect\u00f2niques hist\u00f2riques del territori. Amb una refer\u00e8ncia especial a l&#8217;<strong>arquitectura negra de la Serra de Ayll\u00f3n<\/strong>.<\/p>\t\t\t\t\t\t\t\t<\/div>\n\t\t\t\t<\/div>\n\t\t\t\t<div class=\"elementor-element elementor-element-828e4c1 elementor-widget elementor-widget-image\" data-id=\"828e4c1\" data-element_type=\"widget\" data-e-type=\"widget\" data-widget_type=\"image.default\">\n\t\t\t\t<div class=\"elementor-widget-container\">\n\t\t\t\t\t\t\t\t\t\t\t\t<figure class=\"wp-caption\">\n\t\t\t\t\t\t\t\t\t\t<img loading=\"lazy\" decoding=\"async\" width=\"768\" height=\"512\" src=\"https:\/\/www.elturistatranquil.com\/wp-content\/uploads\/F55-Castillo-de-Torija.-Centro-de-Interpretacion-Turistica-de-la-Provincia-de-Guadalajara.jpg\" class=\"attachment-large size-large wp-image-49619\" alt=\"Castillo de Torija. Centro de Interpretaci\u00f3n Tur\u00edstica de la Provincia de Guadalajara\" srcset=\"https:\/\/www.elturistatranquil.com\/wp-content\/uploads\/F55-Castillo-de-Torija.-Centro-de-Interpretacion-Turistica-de-la-Provincia-de-Guadalajara.jpg 768w, https:\/\/www.elturistatranquil.com\/wp-content\/uploads\/F55-Castillo-de-Torija.-Centro-de-Interpretacion-Turistica-de-la-Provincia-de-Guadalajara-339x226.jpg 339w\" sizes=\"(max-width: 768px) 100vw, 768px\" \/>\t\t\t\t\t\t\t\t\t\t\t<figcaption class=\"widget-image-caption wp-caption-text\"><\/figcaption>\n\t\t\t\t\t\t\t\t\t\t<\/figure>\n\t\t\t\t\t\t\t\t\t<\/div>\n\t\t\t\t<\/div>\n\t\t\t\t<div class=\"elementor-element elementor-element-9b36849 elementor-widget elementor-widget-text-editor\" data-id=\"9b36849\" data-element_type=\"widget\" data-e-type=\"widget\" data-widget_type=\"text-editor.default\">\n\t\t\t\t<div class=\"elementor-widget-container\">\n\t\t\t\t\t\t\t\t\t<p>Els pobles de l&#8217;arquitectura negra, situats a la serra nord-occidental de Guadalajara, constitueixen un patrimoni de gran valor etnogr\u00e0fic arquitect\u00f2nic i paisatg\u00edstic d&#8217;arquitectura popular.<\/p>\t\t\t\t\t\t\t\t<\/div>\n\t\t\t\t<\/div>\n\t\t\t\t<div class=\"elementor-element elementor-element-8332f99 elementor-widget elementor-widget-image\" data-id=\"8332f99\" data-element_type=\"widget\" data-e-type=\"widget\" data-widget_type=\"image.default\">\n\t\t\t\t<div class=\"elementor-widget-container\">\n\t\t\t\t\t\t\t\t\t\t\t\t<figure class=\"wp-caption\">\n\t\t\t\t\t\t\t\t\t\t<img loading=\"lazy\" decoding=\"async\" width=\"768\" height=\"512\" src=\"https:\/\/www.elturistatranquil.com\/wp-content\/uploads\/F56-Castillo-de-Torija.-Centro-de-Interpretacion-Turistica-de-la-Provincia-de-Guadalajara.jpg\" class=\"attachment-large size-large wp-image-49621\" alt=\"Castillo de Torija. Centro de Interpretaci\u00f3n Tur\u00edstica de la Provincia de Guadalajara\" srcset=\"https:\/\/www.elturistatranquil.com\/wp-content\/uploads\/F56-Castillo-de-Torija.-Centro-de-Interpretacion-Turistica-de-la-Provincia-de-Guadalajara.jpg 768w, https:\/\/www.elturistatranquil.com\/wp-content\/uploads\/F56-Castillo-de-Torija.-Centro-de-Interpretacion-Turistica-de-la-Provincia-de-Guadalajara-339x226.jpg 339w\" sizes=\"(max-width: 768px) 100vw, 768px\" \/>\t\t\t\t\t\t\t\t\t\t\t<figcaption class=\"widget-image-caption wp-caption-text\"><\/figcaption>\n\t\t\t\t\t\t\t\t\t\t<\/figure>\n\t\t\t\t\t\t\t\t\t<\/div>\n\t\t\t\t<\/div>\n\t\t\t\t<div class=\"elementor-element elementor-element-5ba000b elementor-widget elementor-widget-image\" data-id=\"5ba000b\" data-element_type=\"widget\" data-e-type=\"widget\" data-widget_type=\"image.default\">\n\t\t\t\t<div class=\"elementor-widget-container\">\n\t\t\t\t\t\t\t\t\t\t\t\t<figure class=\"wp-caption\">\n\t\t\t\t\t\t\t\t\t\t<img loading=\"lazy\" decoding=\"async\" width=\"768\" height=\"512\" src=\"https:\/\/www.elturistatranquil.com\/wp-content\/uploads\/F57-Castillo-de-Torija.-Centro-de-Interpretacion-Turistica-de-la-Provincia-de-Guadalajara.jpg\" class=\"attachment-large size-large wp-image-49626\" alt=\"Castillo de Torija. Centro de Interpretaci\u00f3n Tur\u00edstica de la Provincia de Guadalajara\" srcset=\"https:\/\/www.elturistatranquil.com\/wp-content\/uploads\/F57-Castillo-de-Torija.-Centro-de-Interpretacion-Turistica-de-la-Provincia-de-Guadalajara.jpg 768w, https:\/\/www.elturistatranquil.com\/wp-content\/uploads\/F57-Castillo-de-Torija.-Centro-de-Interpretacion-Turistica-de-la-Provincia-de-Guadalajara-339x226.jpg 339w\" sizes=\"(max-width: 768px) 100vw, 768px\" \/>\t\t\t\t\t\t\t\t\t\t\t<figcaption class=\"widget-image-caption wp-caption-text\"><\/figcaption>\n\t\t\t\t\t\t\t\t\t\t<\/figure>\n\t\t\t\t\t\t\t\t\t<\/div>\n\t\t\t\t<\/div>\n\t\t\t\t<div class=\"elementor-element elementor-element-5f0c5e8 elementor-widget elementor-widget-text-editor\" data-id=\"5f0c5e8\" data-element_type=\"widget\" data-e-type=\"widget\" data-widget_type=\"text-editor.default\">\n\t\t\t\t<div class=\"elementor-widget-container\">\n\t\t\t\t\t\t\t\t\t<p>Aquesta maqueta reprodueix una edificaci\u00f3 caracter\u00edstica de l\u2019arquitectura negra de Guadalajara.<\/p>\t\t\t\t\t\t\t\t<\/div>\n\t\t\t\t<\/div>\n\t\t\t\t<div class=\"elementor-element elementor-element-7c51eef elementor-widget elementor-widget-image\" data-id=\"7c51eef\" data-element_type=\"widget\" data-e-type=\"widget\" data-widget_type=\"image.default\">\n\t\t\t\t<div class=\"elementor-widget-container\">\n\t\t\t\t\t\t\t\t\t\t\t\t<figure class=\"wp-caption\">\n\t\t\t\t\t\t\t\t\t\t<img loading=\"lazy\" decoding=\"async\" width=\"768\" height=\"512\" src=\"https:\/\/www.elturistatranquil.com\/wp-content\/uploads\/F58-Castillo-de-Torija.-Centro-de-Interpretacion-Turistica-de-la-Provincia-de-Guadalajara.jpg\" class=\"attachment-large size-large wp-image-49628\" alt=\"Castillo de Torija. Centro de Interpretaci\u00f3n Tur\u00edstica de la Provincia de Guadalajara\" srcset=\"https:\/\/www.elturistatranquil.com\/wp-content\/uploads\/F58-Castillo-de-Torija.-Centro-de-Interpretacion-Turistica-de-la-Provincia-de-Guadalajara.jpg 768w, https:\/\/www.elturistatranquil.com\/wp-content\/uploads\/F58-Castillo-de-Torija.-Centro-de-Interpretacion-Turistica-de-la-Provincia-de-Guadalajara-339x226.jpg 339w\" sizes=\"(max-width: 768px) 100vw, 768px\" \/>\t\t\t\t\t\t\t\t\t\t\t<figcaption class=\"widget-image-caption wp-caption-text\"><\/figcaption>\n\t\t\t\t\t\t\t\t\t\t<\/figure>\n\t\t\t\t\t\t\t\t\t<\/div>\n\t\t\t\t<\/div>\n\t\t\t\t<div class=\"elementor-element elementor-element-322681a elementor-widget elementor-widget-image\" data-id=\"322681a\" data-element_type=\"widget\" data-e-type=\"widget\" data-widget_type=\"image.default\">\n\t\t\t\t<div class=\"elementor-widget-container\">\n\t\t\t\t\t\t\t\t\t\t\t\t<figure class=\"wp-caption\">\n\t\t\t\t\t\t\t\t\t\t<img loading=\"lazy\" decoding=\"async\" width=\"768\" height=\"512\" src=\"https:\/\/www.elturistatranquil.com\/wp-content\/uploads\/F59-Castillo-de-Torija.-Centro-de-Interpretacion-Turistica-de-la-Provincia-de-Guadalajara.jpg\" class=\"attachment-large size-large wp-image-49630\" alt=\"Castillo de Torija. Centro de Interpretaci\u00f3n Tur\u00edstica de la Provincia de Guadalajara\" srcset=\"https:\/\/www.elturistatranquil.com\/wp-content\/uploads\/F59-Castillo-de-Torija.-Centro-de-Interpretacion-Turistica-de-la-Provincia-de-Guadalajara.jpg 768w, https:\/\/www.elturistatranquil.com\/wp-content\/uploads\/F59-Castillo-de-Torija.-Centro-de-Interpretacion-Turistica-de-la-Provincia-de-Guadalajara-339x226.jpg 339w\" sizes=\"(max-width: 768px) 100vw, 768px\" \/>\t\t\t\t\t\t\t\t\t\t\t<figcaption class=\"widget-image-caption wp-caption-text\"><\/figcaption>\n\t\t\t\t\t\t\t\t\t\t<\/figure>\n\t\t\t\t\t\t\t\t\t<\/div>\n\t\t\t\t<\/div>\n\t\t\t\t<div class=\"elementor-element elementor-element-4493917 elementor-widget elementor-widget-text-editor\" data-id=\"4493917\" data-element_type=\"widget\" data-e-type=\"widget\" data-widget_type=\"text-editor.default\">\n\t\t\t\t<div class=\"elementor-widget-container\">\n\t\t\t\t\t\t\t\t\t<p>Val la pena apreciar la qualitat de resoluci\u00f3 arquitect\u00f2nica de la mostra que crea grans espais on poder apreciar l&#8217;interior del recinte fortificat.<\/p>\t\t\t\t\t\t\t\t<\/div>\n\t\t\t\t<\/div>\n\t\t\t\t<div class=\"elementor-element elementor-element-4fe0122 elementor-widget elementor-widget-image\" data-id=\"4fe0122\" data-element_type=\"widget\" data-e-type=\"widget\" data-widget_type=\"image.default\">\n\t\t\t\t<div class=\"elementor-widget-container\">\n\t\t\t\t\t\t\t\t\t\t\t\t<figure class=\"wp-caption\">\n\t\t\t\t\t\t\t\t\t\t<img loading=\"lazy\" decoding=\"async\" width=\"768\" height=\"512\" src=\"https:\/\/www.elturistatranquil.com\/wp-content\/uploads\/F60-Castillo-de-Torija.-Centro-de-Interpretacion-Turistica-de-la-Provincia-de-Guadalajara.jpg\" class=\"attachment-large size-large wp-image-49632\" alt=\"Castillo de Torija. Centro de Interpretaci\u00f3n Tur\u00edstica de la Provincia de Guadalajara\" srcset=\"https:\/\/www.elturistatranquil.com\/wp-content\/uploads\/F60-Castillo-de-Torija.-Centro-de-Interpretacion-Turistica-de-la-Provincia-de-Guadalajara.jpg 768w, https:\/\/www.elturistatranquil.com\/wp-content\/uploads\/F60-Castillo-de-Torija.-Centro-de-Interpretacion-Turistica-de-la-Provincia-de-Guadalajara-339x226.jpg 339w\" sizes=\"(max-width: 768px) 100vw, 768px\" \/>\t\t\t\t\t\t\t\t\t\t\t<figcaption class=\"widget-image-caption wp-caption-text\"><\/figcaption>\n\t\t\t\t\t\t\t\t\t\t<\/figure>\n\t\t\t\t\t\t\t\t\t<\/div>\n\t\t\t\t<\/div>\n\t\t\t\t<div class=\"elementor-element elementor-element-a1423d2 elementor-widget elementor-widget-image\" data-id=\"a1423d2\" data-element_type=\"widget\" data-e-type=\"widget\" data-widget_type=\"image.default\">\n\t\t\t\t<div class=\"elementor-widget-container\">\n\t\t\t\t\t\t\t\t\t\t\t\t<figure class=\"wp-caption\">\n\t\t\t\t\t\t\t\t\t\t<img loading=\"lazy\" decoding=\"async\" width=\"768\" height=\"512\" src=\"https:\/\/www.elturistatranquil.com\/wp-content\/uploads\/F61-Castillo-de-Torija.-Centro-de-Interpretacion-Turistica-de-la-Provincia-de-Guadalajara.jpg\" class=\"attachment-large size-large wp-image-49634\" alt=\"Castillo de Torija. Centro de Interpretaci\u00f3n Tur\u00edstica de la Provincia de Guadalajara\" srcset=\"https:\/\/www.elturistatranquil.com\/wp-content\/uploads\/F61-Castillo-de-Torija.-Centro-de-Interpretacion-Turistica-de-la-Provincia-de-Guadalajara.jpg 768w, https:\/\/www.elturistatranquil.com\/wp-content\/uploads\/F61-Castillo-de-Torija.-Centro-de-Interpretacion-Turistica-de-la-Provincia-de-Guadalajara-339x226.jpg 339w\" sizes=\"(max-width: 768px) 100vw, 768px\" \/>\t\t\t\t\t\t\t\t\t\t\t<figcaption class=\"widget-image-caption wp-caption-text\"><\/figcaption>\n\t\t\t\t\t\t\t\t\t\t<\/figure>\n\t\t\t\t\t\t\t\t\t<\/div>\n\t\t\t\t<\/div>\n\t\t\t\t<div class=\"elementor-element elementor-element-de631eb elementor-widget elementor-widget-text-editor\" data-id=\"de631eb\" data-element_type=\"widget\" data-e-type=\"widget\" data-widget_type=\"text-editor.default\">\n\t\t\t\t<div class=\"elementor-widget-container\">\n\t\t\t\t\t\t\t\t\t<p>Les maquetes s\u00f3n un bon complement de presentaci\u00f3 visual de l\u2019<strong>arquitectura hist\u00f2rica<\/strong>.<\/p>\t\t\t\t\t\t\t\t<\/div>\n\t\t\t\t<\/div>\n\t\t\t\t<div class=\"elementor-element elementor-element-723adcb elementor-widget elementor-widget-image\" data-id=\"723adcb\" data-element_type=\"widget\" data-e-type=\"widget\" data-widget_type=\"image.default\">\n\t\t\t\t<div class=\"elementor-widget-container\">\n\t\t\t\t\t\t\t\t\t\t\t\t<figure class=\"wp-caption\">\n\t\t\t\t\t\t\t\t\t\t<img loading=\"lazy\" decoding=\"async\" width=\"768\" height=\"512\" src=\"https:\/\/www.elturistatranquil.com\/wp-content\/uploads\/F62-Castillo-de-Torija.-Centro-de-Interpretacion-Turistica-de-la-Provincia-de-Guadalajara.jpg\" class=\"attachment-large size-large wp-image-49639\" alt=\"Castillo de Torija. Centro de Interpretaci\u00f3n Tur\u00edstica de la Provincia de Guadalajara\" srcset=\"https:\/\/www.elturistatranquil.com\/wp-content\/uploads\/F62-Castillo-de-Torija.-Centro-de-Interpretacion-Turistica-de-la-Provincia-de-Guadalajara.jpg 768w, https:\/\/www.elturistatranquil.com\/wp-content\/uploads\/F62-Castillo-de-Torija.-Centro-de-Interpretacion-Turistica-de-la-Provincia-de-Guadalajara-339x226.jpg 339w\" sizes=\"(max-width: 768px) 100vw, 768px\" \/>\t\t\t\t\t\t\t\t\t\t\t<figcaption class=\"widget-image-caption wp-caption-text\"><\/figcaption>\n\t\t\t\t\t\t\t\t\t\t<\/figure>\n\t\t\t\t\t\t\t\t\t<\/div>\n\t\t\t\t<\/div>\n\t\t\t\t<div class=\"elementor-element elementor-element-7779e33 elementor-widget elementor-widget-text-editor\" data-id=\"7779e33\" data-element_type=\"widget\" data-e-type=\"widget\" data-widget_type=\"text-editor.default\">\n\t\t\t\t<div class=\"elementor-widget-container\">\n\t\t\t\t\t\t\t\t\t<p>S&#8217;efectua una refer\u00e8ncia especial al protagonisme hist\u00f2ric que la <strong>fam\u00edlia dels Mendoza<\/strong> va tenir en aquestes terres: I\u00f1igo L\u00f3pez de Mendoza, marqu\u00e8s de Santillana; el cardenal Pedro Gonz\u00e1lez de Mendoza i la seva n\u00e9ta Ana de Mendoza i de la Cerda, princesa d&#8217;\u00c9boli i duquessa de Pastrana.<\/p>\t\t\t\t\t\t\t\t<\/div>\n\t\t\t\t<\/div>\n\t\t\t\t<section class=\"elementor-section elementor-inner-section elementor-element elementor-element-98beb26 elementor-section-boxed elementor-section-height-default elementor-section-height-default\" data-id=\"98beb26\" data-element_type=\"section\" data-e-type=\"section\">\n\t\t\t\t\t\t<div class=\"elementor-container elementor-column-gap-default\">\n\t\t\t\t\t<div class=\"elementor-column elementor-col-50 elementor-inner-column elementor-element elementor-element-94569ef\" data-id=\"94569ef\" data-element_type=\"column\" data-e-type=\"column\">\n\t\t\t<div class=\"elementor-widget-wrap elementor-element-populated\">\n\t\t\t\t\t\t<div class=\"elementor-element elementor-element-ab25b62 elementor-widget elementor-widget-image\" data-id=\"ab25b62\" data-element_type=\"widget\" data-e-type=\"widget\" data-widget_type=\"image.default\">\n\t\t\t\t<div class=\"elementor-widget-container\">\n\t\t\t\t\t\t\t\t\t\t\t\t\t\t\t<img loading=\"lazy\" decoding=\"async\" width=\"380\" height=\"380\" src=\"https:\/\/www.elturistatranquil.com\/wp-content\/uploads\/F63m-Castillo-de-Torija.-Centro-de-Interpretacion-Turistica-de-la-Provincia-de-Guadalajara.jpg\" class=\"attachment-large size-large wp-image-49641\" alt=\"Castillo de Torija. Centro de Interpretaci\u00f3n Tur\u00edstica de la Provincia de Guadalajara\" srcset=\"https:\/\/www.elturistatranquil.com\/wp-content\/uploads\/F63m-Castillo-de-Torija.-Centro-de-Interpretacion-Turistica-de-la-Provincia-de-Guadalajara.jpg 380w, https:\/\/www.elturistatranquil.com\/wp-content\/uploads\/F63m-Castillo-de-Torija.-Centro-de-Interpretacion-Turistica-de-la-Provincia-de-Guadalajara-226x226.jpg 226w\" sizes=\"(max-width: 380px) 100vw, 380px\" \/>\t\t\t\t\t\t\t\t\t\t\t\t\t\t\t<\/div>\n\t\t\t\t<\/div>\n\t\t\t\t\t<\/div>\n\t\t<\/div>\n\t\t\t\t<div class=\"elementor-column elementor-col-50 elementor-inner-column elementor-element elementor-element-4e061a8\" data-id=\"4e061a8\" data-element_type=\"column\" data-e-type=\"column\">\n\t\t\t<div class=\"elementor-widget-wrap elementor-element-populated\">\n\t\t\t\t\t\t<div class=\"elementor-element elementor-element-7df7bc5 elementor-widget elementor-widget-image\" data-id=\"7df7bc5\" data-element_type=\"widget\" data-e-type=\"widget\" data-widget_type=\"image.default\">\n\t\t\t\t<div class=\"elementor-widget-container\">\n\t\t\t\t\t\t\t\t\t\t\t\t\t\t\t<img loading=\"lazy\" decoding=\"async\" width=\"380\" height=\"380\" src=\"https:\/\/www.elturistatranquil.com\/wp-content\/uploads\/F63n-Castillo-de-Torija.-Centro-de-Interpretacion-Turistica-de-la-Provincia-de-Guadalajara.jpg\" class=\"attachment-large size-large wp-image-49643\" alt=\"Castillo de Torija. Centro de Interpretaci\u00f3n Tur\u00edstica de la Provincia de Guadalajara\" srcset=\"https:\/\/www.elturistatranquil.com\/wp-content\/uploads\/F63n-Castillo-de-Torija.-Centro-de-Interpretacion-Turistica-de-la-Provincia-de-Guadalajara.jpg 380w, https:\/\/www.elturistatranquil.com\/wp-content\/uploads\/F63n-Castillo-de-Torija.-Centro-de-Interpretacion-Turistica-de-la-Provincia-de-Guadalajara-226x226.jpg 226w\" sizes=\"(max-width: 380px) 100vw, 380px\" \/>\t\t\t\t\t\t\t\t\t\t\t\t\t\t\t<\/div>\n\t\t\t\t<\/div>\n\t\t\t\t\t<\/div>\n\t\t<\/div>\n\t\t\t\t\t<\/div>\n\t\t<\/section>\n\t\t\t\t<div class=\"elementor-element elementor-element-94696a5 elementor-widget elementor-widget-heading\" data-id=\"94696a5\" data-element_type=\"widget\" data-e-type=\"widget\" data-widget_type=\"heading.default\">\n\t\t\t\t<div class=\"elementor-widget-container\">\n\t\t\t\t\t<h5 class=\"elementor-heading-title elementor-size-default\">Artesania i cultura popular<\/h5>\t\t\t\t<\/div>\n\t\t\t\t<\/div>\n\t\t\t\t<div class=\"elementor-element elementor-element-92896c7 elementor-widget elementor-widget-text-editor\" data-id=\"92896c7\" data-element_type=\"widget\" data-e-type=\"widget\" data-widget_type=\"text-editor.default\">\n\t\t\t\t<div class=\"elementor-widget-container\">\n\t\t\t\t\t\t\t\t\t<p>El tercer i darrer nivell es dedica a la <strong>cultura popular <\/strong>i l&#8217;<strong>artesania<\/strong> caracter\u00edstica provincial.<\/p>\t\t\t\t\t\t\t\t<\/div>\n\t\t\t\t<\/div>\n\t\t\t\t<div class=\"elementor-element elementor-element-e9350a7 elementor-widget elementor-widget-image\" data-id=\"e9350a7\" data-element_type=\"widget\" data-e-type=\"widget\" data-widget_type=\"image.default\">\n\t\t\t\t<div class=\"elementor-widget-container\">\n\t\t\t\t\t\t\t\t\t\t\t\t<figure class=\"wp-caption\">\n\t\t\t\t\t\t\t\t\t\t<img loading=\"lazy\" decoding=\"async\" width=\"768\" height=\"512\" src=\"https:\/\/www.elturistatranquil.com\/wp-content\/uploads\/F64-Castillo-de-Torija.-Centro-de-Interpretacion-Turistica-de-la-Provincia-de-Guadalajara.jpg\" class=\"attachment-large size-large wp-image-49645\" alt=\"Castillo de Torija. Centro de Interpretaci\u00f3n Tur\u00edstica de la Provincia de Guadalajara\" srcset=\"https:\/\/www.elturistatranquil.com\/wp-content\/uploads\/F64-Castillo-de-Torija.-Centro-de-Interpretacion-Turistica-de-la-Provincia-de-Guadalajara.jpg 768w, https:\/\/www.elturistatranquil.com\/wp-content\/uploads\/F64-Castillo-de-Torija.-Centro-de-Interpretacion-Turistica-de-la-Provincia-de-Guadalajara-339x226.jpg 339w\" sizes=\"(max-width: 768px) 100vw, 768px\" \/>\t\t\t\t\t\t\t\t\t\t\t<figcaption class=\"widget-image-caption wp-caption-text\"><\/figcaption>\n\t\t\t\t\t\t\t\t\t\t<\/figure>\n\t\t\t\t\t\t\t\t\t<\/div>\n\t\t\t\t<\/div>\n\t\t\t\t<div class=\"elementor-element elementor-element-0bcd344 elementor-widget elementor-widget-image\" data-id=\"0bcd344\" data-element_type=\"widget\" data-e-type=\"widget\" data-widget_type=\"image.default\">\n\t\t\t\t<div class=\"elementor-widget-container\">\n\t\t\t\t\t\t\t\t\t\t\t\t<figure class=\"wp-caption\">\n\t\t\t\t\t\t\t\t\t\t<img loading=\"lazy\" decoding=\"async\" width=\"768\" height=\"512\" src=\"https:\/\/www.elturistatranquil.com\/wp-content\/uploads\/F65a-Castillo-de-Torija.-Centro-de-Interpretacion-Turistica-de-la-Provincia-de-Guadalajara.jpg\" class=\"attachment-large size-large wp-image-49647\" alt=\"Castillo de Torija. Centro de Interpretaci\u00f3n Tur\u00edstica de la Provincia de Guadalajara\" srcset=\"https:\/\/www.elturistatranquil.com\/wp-content\/uploads\/F65a-Castillo-de-Torija.-Centro-de-Interpretacion-Turistica-de-la-Provincia-de-Guadalajara.jpg 768w, https:\/\/www.elturistatranquil.com\/wp-content\/uploads\/F65a-Castillo-de-Torija.-Centro-de-Interpretacion-Turistica-de-la-Provincia-de-Guadalajara-339x226.jpg 339w\" sizes=\"(max-width: 768px) 100vw, 768px\" \/>\t\t\t\t\t\t\t\t\t\t\t<figcaption class=\"widget-image-caption wp-caption-text\"><\/figcaption>\n\t\t\t\t\t\t\t\t\t\t<\/figure>\n\t\t\t\t\t\t\t\t\t<\/div>\n\t\t\t\t<\/div>\n\t\t\t\t<div class=\"elementor-element elementor-element-fa75a61 elementor-widget elementor-widget-image\" data-id=\"fa75a61\" data-element_type=\"widget\" data-e-type=\"widget\" data-widget_type=\"image.default\">\n\t\t\t\t<div class=\"elementor-widget-container\">\n\t\t\t\t\t\t\t\t\t\t\t\t<figure class=\"wp-caption\">\n\t\t\t\t\t\t\t\t\t\t<img loading=\"lazy\" decoding=\"async\" width=\"768\" height=\"512\" src=\"https:\/\/www.elturistatranquil.com\/wp-content\/uploads\/F65b-Castillo-de-Torija.-Centro-de-Interpretacion-Turistica-de-la-Provincia-de-Guadalajara.jpg\" class=\"attachment-large size-large wp-image-49652\" alt=\"Castillo de Torija. Centro de Interpretaci\u00f3n Tur\u00edstica de la Provincia de Guadalajara\" srcset=\"https:\/\/www.elturistatranquil.com\/wp-content\/uploads\/F65b-Castillo-de-Torija.-Centro-de-Interpretacion-Turistica-de-la-Provincia-de-Guadalajara.jpg 768w, https:\/\/www.elturistatranquil.com\/wp-content\/uploads\/F65b-Castillo-de-Torija.-Centro-de-Interpretacion-Turistica-de-la-Provincia-de-Guadalajara-339x226.jpg 339w\" sizes=\"(max-width: 768px) 100vw, 768px\" \/>\t\t\t\t\t\t\t\t\t\t\t<figcaption class=\"widget-image-caption wp-caption-text\"><\/figcaption>\n\t\t\t\t\t\t\t\t\t\t<\/figure>\n\t\t\t\t\t\t\t\t\t<\/div>\n\t\t\t\t<\/div>\n\t\t\t\t<div class=\"elementor-element elementor-element-f3675cc elementor-widget elementor-widget-heading\" data-id=\"f3675cc\" data-element_type=\"widget\" data-e-type=\"widget\" data-widget_type=\"heading.default\">\n\t\t\t\t<div class=\"elementor-widget-container\">\n\t\t\t\t\t<h2 class=\"elementor-heading-title elementor-size-default\">Museu del Viatge a la Alcarria<\/h2>\t\t\t\t<\/div>\n\t\t\t\t<\/div>\n\t\t\t\t<div class=\"elementor-element elementor-element-ed81743 elementor-widget elementor-widget-text-editor\" data-id=\"ed81743\" data-element_type=\"widget\" data-e-type=\"widget\" data-widget_type=\"text-editor.default\">\n\t\t\t\t<div class=\"elementor-widget-container\">\n\t\t\t\t\t\t\t\t\t<p>L\u00b4any 1946 Camilo Jos\u00e9 Cela recorre a peu durant deu dies la comarca de l\u00b4Alcarria, i d\u00b4aquest recorregut sorgeix el llibre <strong>Viatge a l\u00b4Alcarria<\/strong>.<\/p><p>Publicat el 1948, es converteix en una obra de refer\u00e8ncia de la literatura de viatges amb \u00e0mplia repercussi\u00f3 internacional.<\/p><p>Per commemorar els 50 anys del llibre es va crear el 1995 aquest <strong>Museu del Viatge a La Alcarria<\/strong> dedicat espec\u00edficament a un llibre i a les relacions del seu autor amb el territori al moment de la seva escriptura. Es destina la torre de l&#8217;homenatge del castell de Torija situat a l&#8217;entrada de La Alcarria per allotjar-hi el museu.<\/p><p>Allotja una s\u00e8rie de records personals de l&#8217;escriptor a la seva traject\u00f2ria per terres alcarrenyes, aix\u00ed com un facs\u00edmil del seu quadern de notes preses en el viatge, edicions \u00faniques de l&#8217;obra en m\u00faltiples idiomes, fotografies de paratges i personatges de llavors, utensilis de treball i oficis artesanals de l\u2019\u00e8poca, llibres escolars, segells, tabac, bitllets de curs legal en aquest temps, etc.<\/p><p>El conjunt forma una interessant combinaci\u00f3 de literatura i etnografia en un marc hist\u00f2ric recuperat.<\/p><p>Alhora, tamb\u00e9 \u00e9s interessant anar contrastant els objectes i records amb algunes de les anotacions i fragments del llibre.<\/p><p>Els promotors assenyalen que es diu que \u00e9s l\u2019\u00fanic museu del m\u00f3n dedicat a un llibre.<\/p><p>Com ja he indicat anteriorment, l&#8217;estructura arquitect\u00f2nica de la mostra \u00e9s de gran inter\u00e8s at\u00e8s que permet una visualitzaci\u00f3 molt oberta del contingut de l&#8217;exposici\u00f3, alhora que es pot visualitzar l&#8217;estructura interna de la torre de l&#8217;homenatge d&#8217;un castell altmedieval.<\/p><p>A la seq\u00fc\u00e8ncia de fotografies seg\u00fcent no m&#8217;aturar\u00e9 en detalls explicatius, sin\u00f3 que anir\u00e9 seguint el recorregut pels tres nivells d&#8217;exposici\u00f3 a mesura que es va ascendint per una escala de cargol interna.<\/p>\t\t\t\t\t\t\t\t<\/div>\n\t\t\t\t<\/div>\n\t\t\t\t<div class=\"elementor-element elementor-element-95af5c0 elementor-widget elementor-widget-image\" data-id=\"95af5c0\" data-element_type=\"widget\" data-e-type=\"widget\" data-widget_type=\"image.default\">\n\t\t\t\t<div class=\"elementor-widget-container\">\n\t\t\t\t\t\t\t\t\t\t\t\t<figure class=\"wp-caption\">\n\t\t\t\t\t\t\t\t\t\t<img loading=\"lazy\" decoding=\"async\" width=\"768\" height=\"512\" src=\"https:\/\/www.elturistatranquil.com\/wp-content\/uploads\/F66-Castillo-de-Torija.-Guadalajara.-Museo-del-Viaje-a-la-Alcarria.jpg\" class=\"attachment-large size-large wp-image-49654\" alt=\"Castillo de Torija. Guadalajara. Museo del Viaje a la Alcarria\" srcset=\"https:\/\/www.elturistatranquil.com\/wp-content\/uploads\/F66-Castillo-de-Torija.-Guadalajara.-Museo-del-Viaje-a-la-Alcarria.jpg 768w, https:\/\/www.elturistatranquil.com\/wp-content\/uploads\/F66-Castillo-de-Torija.-Guadalajara.-Museo-del-Viaje-a-la-Alcarria-339x226.jpg 339w\" sizes=\"(max-width: 768px) 100vw, 768px\" \/>\t\t\t\t\t\t\t\t\t\t\t<figcaption class=\"widget-image-caption wp-caption-text\"><\/figcaption>\n\t\t\t\t\t\t\t\t\t\t<\/figure>\n\t\t\t\t\t\t\t\t\t<\/div>\n\t\t\t\t<\/div>\n\t\t\t\t<div class=\"elementor-element elementor-element-c3487bc elementor-widget elementor-widget-image\" data-id=\"c3487bc\" data-element_type=\"widget\" data-e-type=\"widget\" data-widget_type=\"image.default\">\n\t\t\t\t<div class=\"elementor-widget-container\">\n\t\t\t\t\t\t\t\t\t\t\t\t<figure class=\"wp-caption\">\n\t\t\t\t\t\t\t\t\t\t<img loading=\"lazy\" decoding=\"async\" width=\"768\" height=\"512\" src=\"https:\/\/www.elturistatranquil.com\/wp-content\/uploads\/F67-Castillo-de-Torija.-Guadalajara.-Museo-del-Viaje-a-la-Alcarria.jpg\" class=\"attachment-large size-large wp-image-49656\" alt=\"Castillo de Torija. Guadalajara. Museo del Viaje a la Alcarria\" srcset=\"https:\/\/www.elturistatranquil.com\/wp-content\/uploads\/F67-Castillo-de-Torija.-Guadalajara.-Museo-del-Viaje-a-la-Alcarria.jpg 768w, https:\/\/www.elturistatranquil.com\/wp-content\/uploads\/F67-Castillo-de-Torija.-Guadalajara.-Museo-del-Viaje-a-la-Alcarria-339x226.jpg 339w\" sizes=\"(max-width: 768px) 100vw, 768px\" \/>\t\t\t\t\t\t\t\t\t\t\t<figcaption class=\"widget-image-caption wp-caption-text\"><\/figcaption>\n\t\t\t\t\t\t\t\t\t\t<\/figure>\n\t\t\t\t\t\t\t\t\t<\/div>\n\t\t\t\t<\/div>\n\t\t\t\t<div class=\"elementor-element elementor-element-8d9556d elementor-widget elementor-widget-image\" data-id=\"8d9556d\" data-element_type=\"widget\" data-e-type=\"widget\" data-widget_type=\"image.default\">\n\t\t\t\t<div class=\"elementor-widget-container\">\n\t\t\t\t\t\t\t\t\t\t\t\t<figure class=\"wp-caption\">\n\t\t\t\t\t\t\t\t\t\t<img loading=\"lazy\" decoding=\"async\" width=\"768\" height=\"471\" src=\"https:\/\/www.elturistatranquil.com\/wp-content\/uploads\/F68-Castillo-de-Torija.-Guadalajara.-Museo-del-Viaje-a-la-Alcarria.jpg\" class=\"attachment-large size-large wp-image-49658\" alt=\"Castillo de Torija. Guadalajara. Museo del Viaje a la Alcarria\" srcset=\"https:\/\/www.elturistatranquil.com\/wp-content\/uploads\/F68-Castillo-de-Torija.-Guadalajara.-Museo-del-Viaje-a-la-Alcarria.jpg 768w, https:\/\/www.elturistatranquil.com\/wp-content\/uploads\/F68-Castillo-de-Torija.-Guadalajara.-Museo-del-Viaje-a-la-Alcarria-339x208.jpg 339w\" sizes=\"(max-width: 768px) 100vw, 768px\" \/>\t\t\t\t\t\t\t\t\t\t\t<figcaption class=\"widget-image-caption wp-caption-text\"><\/figcaption>\n\t\t\t\t\t\t\t\t\t\t<\/figure>\n\t\t\t\t\t\t\t\t\t<\/div>\n\t\t\t\t<\/div>\n\t\t\t\t<div class=\"elementor-element elementor-element-39d6293 elementor-widget elementor-widget-image\" data-id=\"39d6293\" data-element_type=\"widget\" data-e-type=\"widget\" data-widget_type=\"image.default\">\n\t\t\t\t<div class=\"elementor-widget-container\">\n\t\t\t\t\t\t\t\t\t\t\t\t<figure class=\"wp-caption\">\n\t\t\t\t\t\t\t\t\t\t<img loading=\"lazy\" decoding=\"async\" width=\"768\" height=\"512\" src=\"https:\/\/www.elturistatranquil.com\/wp-content\/uploads\/F69-Castillo-de-Torija.-Guadalajara.-Museo-del-Viaje-a-la-Alcarria.jpg\" class=\"attachment-large size-large wp-image-49660\" alt=\"Castillo de Torija. Guadalajara. Museo del Viaje a la Alcarria\" srcset=\"https:\/\/www.elturistatranquil.com\/wp-content\/uploads\/F69-Castillo-de-Torija.-Guadalajara.-Museo-del-Viaje-a-la-Alcarria.jpg 768w, https:\/\/www.elturistatranquil.com\/wp-content\/uploads\/F69-Castillo-de-Torija.-Guadalajara.-Museo-del-Viaje-a-la-Alcarria-339x226.jpg 339w\" sizes=\"(max-width: 768px) 100vw, 768px\" \/>\t\t\t\t\t\t\t\t\t\t\t<figcaption class=\"widget-image-caption wp-caption-text\"><\/figcaption>\n\t\t\t\t\t\t\t\t\t\t<\/figure>\n\t\t\t\t\t\t\t\t\t<\/div>\n\t\t\t\t<\/div>\n\t\t\t\t<div class=\"elementor-element elementor-element-77b4529 elementor-widget elementor-widget-image\" data-id=\"77b4529\" data-element_type=\"widget\" data-e-type=\"widget\" data-widget_type=\"image.default\">\n\t\t\t\t<div class=\"elementor-widget-container\">\n\t\t\t\t\t\t\t\t\t\t\t\t<figure class=\"wp-caption\">\n\t\t\t\t\t\t\t\t\t\t<img loading=\"lazy\" decoding=\"async\" width=\"768\" height=\"498\" src=\"https:\/\/www.elturistatranquil.com\/wp-content\/uploads\/F70-Castillo-de-Torija.-Guadalajara.-Museo-del-Viaje-a-la-Alcarria.jpg\" class=\"attachment-large size-large wp-image-49662\" alt=\"Castillo de Torija. Guadalajara. Museo del Viaje a la Alcarria\" srcset=\"https:\/\/www.elturistatranquil.com\/wp-content\/uploads\/F70-Castillo-de-Torija.-Guadalajara.-Museo-del-Viaje-a-la-Alcarria.jpg 768w, https:\/\/www.elturistatranquil.com\/wp-content\/uploads\/F70-Castillo-de-Torija.-Guadalajara.-Museo-del-Viaje-a-la-Alcarria-339x220.jpg 339w\" sizes=\"(max-width: 768px) 100vw, 768px\" \/>\t\t\t\t\t\t\t\t\t\t\t<figcaption class=\"widget-image-caption wp-caption-text\"><\/figcaption>\n\t\t\t\t\t\t\t\t\t\t<\/figure>\n\t\t\t\t\t\t\t\t\t<\/div>\n\t\t\t\t<\/div>\n\t\t\t\t<div class=\"elementor-element elementor-element-4858768 elementor-widget elementor-widget-image\" data-id=\"4858768\" data-element_type=\"widget\" data-e-type=\"widget\" data-widget_type=\"image.default\">\n\t\t\t\t<div class=\"elementor-widget-container\">\n\t\t\t\t\t\t\t\t\t\t\t\t<figure class=\"wp-caption\">\n\t\t\t\t\t\t\t\t\t\t<img loading=\"lazy\" decoding=\"async\" width=\"768\" height=\"512\" src=\"https:\/\/www.elturistatranquil.com\/wp-content\/uploads\/F71-Castillo-de-Torija.-Guadalajara.-Museo-del-Viaje-a-la-Alcarria.jpg\" class=\"attachment-large size-large wp-image-49667\" alt=\"Castillo de Torija. Guadalajara. Museo del Viaje a la Alcarria\" srcset=\"https:\/\/www.elturistatranquil.com\/wp-content\/uploads\/F71-Castillo-de-Torija.-Guadalajara.-Museo-del-Viaje-a-la-Alcarria.jpg 768w, https:\/\/www.elturistatranquil.com\/wp-content\/uploads\/F71-Castillo-de-Torija.-Guadalajara.-Museo-del-Viaje-a-la-Alcarria-339x226.jpg 339w\" sizes=\"(max-width: 768px) 100vw, 768px\" \/>\t\t\t\t\t\t\t\t\t\t\t<figcaption class=\"widget-image-caption wp-caption-text\"><\/figcaption>\n\t\t\t\t\t\t\t\t\t\t<\/figure>\n\t\t\t\t\t\t\t\t\t<\/div>\n\t\t\t\t<\/div>\n\t\t\t\t<div class=\"elementor-element elementor-element-b552113 elementor-widget elementor-widget-image\" data-id=\"b552113\" data-element_type=\"widget\" data-e-type=\"widget\" data-widget_type=\"image.default\">\n\t\t\t\t<div class=\"elementor-widget-container\">\n\t\t\t\t\t\t\t\t\t\t\t\t<figure class=\"wp-caption\">\n\t\t\t\t\t\t\t\t\t\t<img loading=\"lazy\" decoding=\"async\" width=\"768\" height=\"512\" src=\"https:\/\/www.elturistatranquil.com\/wp-content\/uploads\/F72-Castillo-de-Torija.-Guadalajara.-Museo-del-Viaje-a-la-Alcarria.jpg\" class=\"attachment-large size-large wp-image-49669\" alt=\"Castillo de Torija. Guadalajara. Museo del Viaje a la Alcarria\" srcset=\"https:\/\/www.elturistatranquil.com\/wp-content\/uploads\/F72-Castillo-de-Torija.-Guadalajara.-Museo-del-Viaje-a-la-Alcarria.jpg 768w, https:\/\/www.elturistatranquil.com\/wp-content\/uploads\/F72-Castillo-de-Torija.-Guadalajara.-Museo-del-Viaje-a-la-Alcarria-339x226.jpg 339w\" sizes=\"(max-width: 768px) 100vw, 768px\" \/>\t\t\t\t\t\t\t\t\t\t\t<figcaption class=\"widget-image-caption wp-caption-text\"><\/figcaption>\n\t\t\t\t\t\t\t\t\t\t<\/figure>\n\t\t\t\t\t\t\t\t\t<\/div>\n\t\t\t\t<\/div>\n\t\t\t\t<div class=\"elementor-element elementor-element-a11e064 elementor-widget elementor-widget-image\" data-id=\"a11e064\" data-element_type=\"widget\" data-e-type=\"widget\" data-widget_type=\"image.default\">\n\t\t\t\t<div class=\"elementor-widget-container\">\n\t\t\t\t\t\t\t\t\t\t\t\t<figure class=\"wp-caption\">\n\t\t\t\t\t\t\t\t\t\t<img loading=\"lazy\" decoding=\"async\" width=\"768\" height=\"512\" src=\"https:\/\/www.elturistatranquil.com\/wp-content\/uploads\/F73-Castillo-de-Torija.-Guadalajara.-Museo-del-Viaje-a-la-Alcarria.jpg\" class=\"attachment-large size-large wp-image-49671\" alt=\"Castillo de Torija. Guadalajara. Museo del Viaje a la Alcarria\" srcset=\"https:\/\/www.elturistatranquil.com\/wp-content\/uploads\/F73-Castillo-de-Torija.-Guadalajara.-Museo-del-Viaje-a-la-Alcarria.jpg 768w, https:\/\/www.elturistatranquil.com\/wp-content\/uploads\/F73-Castillo-de-Torija.-Guadalajara.-Museo-del-Viaje-a-la-Alcarria-339x226.jpg 339w\" sizes=\"(max-width: 768px) 100vw, 768px\" \/>\t\t\t\t\t\t\t\t\t\t\t<figcaption class=\"widget-image-caption wp-caption-text\"><\/figcaption>\n\t\t\t\t\t\t\t\t\t\t<\/figure>\n\t\t\t\t\t\t\t\t\t<\/div>\n\t\t\t\t<\/div>\n\t\t\t\t<div class=\"elementor-element elementor-element-3e73cf2 elementor-widget elementor-widget-image\" data-id=\"3e73cf2\" data-element_type=\"widget\" data-e-type=\"widget\" data-widget_type=\"image.default\">\n\t\t\t\t<div class=\"elementor-widget-container\">\n\t\t\t\t\t\t\t\t\t\t\t\t<figure class=\"wp-caption\">\n\t\t\t\t\t\t\t\t\t\t<img loading=\"lazy\" decoding=\"async\" width=\"768\" height=\"512\" src=\"https:\/\/www.elturistatranquil.com\/wp-content\/uploads\/F74-Castillo-de-Torija.-Guadalajara.-Museo-del-Viaje-a-la-Alcarria.jpg\" class=\"attachment-large size-large wp-image-49673\" alt=\"Castillo de Torija. Guadalajara. Museo del Viaje a la Alcarria\" srcset=\"https:\/\/www.elturistatranquil.com\/wp-content\/uploads\/F74-Castillo-de-Torija.-Guadalajara.-Museo-del-Viaje-a-la-Alcarria.jpg 768w, https:\/\/www.elturistatranquil.com\/wp-content\/uploads\/F74-Castillo-de-Torija.-Guadalajara.-Museo-del-Viaje-a-la-Alcarria-339x226.jpg 339w\" sizes=\"(max-width: 768px) 100vw, 768px\" \/>\t\t\t\t\t\t\t\t\t\t\t<figcaption class=\"widget-image-caption wp-caption-text\"><\/figcaption>\n\t\t\t\t\t\t\t\t\t\t<\/figure>\n\t\t\t\t\t\t\t\t\t<\/div>\n\t\t\t\t<\/div>\n\t\t\t\t<div class=\"elementor-element elementor-element-5e1199a elementor-widget elementor-widget-image\" data-id=\"5e1199a\" data-element_type=\"widget\" data-e-type=\"widget\" data-widget_type=\"image.default\">\n\t\t\t\t<div class=\"elementor-widget-container\">\n\t\t\t\t\t\t\t\t\t\t\t\t<figure class=\"wp-caption\">\n\t\t\t\t\t\t\t\t\t\t<img loading=\"lazy\" decoding=\"async\" width=\"768\" height=\"512\" src=\"https:\/\/www.elturistatranquil.com\/wp-content\/uploads\/F75-Castillo-de-Torija.-Guadalajara.-Museo-del-Viaje-a-la-Alcarria.jpg\" class=\"attachment-large size-large wp-image-49675\" alt=\"Castillo de Torija. Guadalajara. Museo del Viaje a la Alcarria\" srcset=\"https:\/\/www.elturistatranquil.com\/wp-content\/uploads\/F75-Castillo-de-Torija.-Guadalajara.-Museo-del-Viaje-a-la-Alcarria.jpg 768w, https:\/\/www.elturistatranquil.com\/wp-content\/uploads\/F75-Castillo-de-Torija.-Guadalajara.-Museo-del-Viaje-a-la-Alcarria-339x226.jpg 339w\" sizes=\"(max-width: 768px) 100vw, 768px\" \/>\t\t\t\t\t\t\t\t\t\t\t<figcaption class=\"widget-image-caption wp-caption-text\"><\/figcaption>\n\t\t\t\t\t\t\t\t\t\t<\/figure>\n\t\t\t\t\t\t\t\t\t<\/div>\n\t\t\t\t<\/div>\n\t\t\t\t<div class=\"elementor-element elementor-element-11334ed elementor-widget elementor-widget-image\" data-id=\"11334ed\" data-element_type=\"widget\" data-e-type=\"widget\" data-widget_type=\"image.default\">\n\t\t\t\t<div class=\"elementor-widget-container\">\n\t\t\t\t\t\t\t\t\t\t\t\t<figure class=\"wp-caption\">\n\t\t\t\t\t\t\t\t\t\t<img loading=\"lazy\" decoding=\"async\" width=\"768\" height=\"512\" src=\"https:\/\/www.elturistatranquil.com\/wp-content\/uploads\/F76-Castillo-de-Torija.-Guadalajara.-Museo-del-Viaje-a-la-Alcarria.jpg\" class=\"attachment-large size-large wp-image-49680\" alt=\"Castillo de Torija. Guadalajara. Museo del Viaje a la Alcarria\" srcset=\"https:\/\/www.elturistatranquil.com\/wp-content\/uploads\/F76-Castillo-de-Torija.-Guadalajara.-Museo-del-Viaje-a-la-Alcarria.jpg 768w, https:\/\/www.elturistatranquil.com\/wp-content\/uploads\/F76-Castillo-de-Torija.-Guadalajara.-Museo-del-Viaje-a-la-Alcarria-339x226.jpg 339w\" sizes=\"(max-width: 768px) 100vw, 768px\" \/>\t\t\t\t\t\t\t\t\t\t\t<figcaption class=\"widget-image-caption wp-caption-text\"><\/figcaption>\n\t\t\t\t\t\t\t\t\t\t<\/figure>\n\t\t\t\t\t\t\t\t\t<\/div>\n\t\t\t\t<\/div>\n\t\t\t\t<div class=\"elementor-element elementor-element-d8adbf7 elementor-widget elementor-widget-image\" data-id=\"d8adbf7\" data-element_type=\"widget\" data-e-type=\"widget\" data-widget_type=\"image.default\">\n\t\t\t\t<div class=\"elementor-widget-container\">\n\t\t\t\t\t\t\t\t\t\t\t\t<figure class=\"wp-caption\">\n\t\t\t\t\t\t\t\t\t\t<img loading=\"lazy\" decoding=\"async\" width=\"768\" height=\"512\" src=\"https:\/\/www.elturistatranquil.com\/wp-content\/uploads\/F77-Castillo-de-Torija.-Guadalajara.-Museo-del-Viaje-a-la-Alcarria.jpg\" class=\"attachment-large size-large wp-image-49682\" alt=\"Castillo de Torija. Guadalajara. Museo del Viaje a la Alcarria\" srcset=\"https:\/\/www.elturistatranquil.com\/wp-content\/uploads\/F77-Castillo-de-Torija.-Guadalajara.-Museo-del-Viaje-a-la-Alcarria.jpg 768w, https:\/\/www.elturistatranquil.com\/wp-content\/uploads\/F77-Castillo-de-Torija.-Guadalajara.-Museo-del-Viaje-a-la-Alcarria-339x226.jpg 339w\" sizes=\"(max-width: 768px) 100vw, 768px\" \/>\t\t\t\t\t\t\t\t\t\t\t<figcaption class=\"widget-image-caption wp-caption-text\"><\/figcaption>\n\t\t\t\t\t\t\t\t\t\t<\/figure>\n\t\t\t\t\t\t\t\t\t<\/div>\n\t\t\t\t<\/div>\n\t\t\t\t<div class=\"elementor-element elementor-element-00693e8 elementor-widget elementor-widget-image\" data-id=\"00693e8\" data-element_type=\"widget\" data-e-type=\"widget\" data-widget_type=\"image.default\">\n\t\t\t\t<div class=\"elementor-widget-container\">\n\t\t\t\t\t\t\t\t\t\t\t\t<figure class=\"wp-caption\">\n\t\t\t\t\t\t\t\t\t\t<img loading=\"lazy\" decoding=\"async\" width=\"768\" height=\"495\" src=\"https:\/\/www.elturistatranquil.com\/wp-content\/uploads\/F78-Castillo-de-Torija.-Guadalajara.-Museo-del-Viaje-a-la-Alcarria.jpg\" class=\"attachment-large size-large wp-image-49684\" alt=\"Castillo de Torija. Guadalajara. Museo del Viaje a la Alcarria\" srcset=\"https:\/\/www.elturistatranquil.com\/wp-content\/uploads\/F78-Castillo-de-Torija.-Guadalajara.-Museo-del-Viaje-a-la-Alcarria.jpg 768w, https:\/\/www.elturistatranquil.com\/wp-content\/uploads\/F78-Castillo-de-Torija.-Guadalajara.-Museo-del-Viaje-a-la-Alcarria-339x218.jpg 339w\" sizes=\"(max-width: 768px) 100vw, 768px\" \/>\t\t\t\t\t\t\t\t\t\t\t<figcaption class=\"widget-image-caption wp-caption-text\"><\/figcaption>\n\t\t\t\t\t\t\t\t\t\t<\/figure>\n\t\t\t\t\t\t\t\t\t<\/div>\n\t\t\t\t<\/div>\n\t\t\t\t<div class=\"elementor-element elementor-element-2bdab36 elementor-widget elementor-widget-image\" data-id=\"2bdab36\" data-element_type=\"widget\" data-e-type=\"widget\" data-widget_type=\"image.default\">\n\t\t\t\t<div class=\"elementor-widget-container\">\n\t\t\t\t\t\t\t\t\t\t\t\t<figure class=\"wp-caption\">\n\t\t\t\t\t\t\t\t\t\t<img loading=\"lazy\" decoding=\"async\" width=\"768\" height=\"515\" src=\"https:\/\/www.elturistatranquil.com\/wp-content\/uploads\/F79-Castillo-de-Torija.-Guadalajara.-Museo-del-Viaje-a-la-Alcarria.jpg\" class=\"attachment-large size-large wp-image-49686\" alt=\"Castillo de Torija. Guadalajara. Museo del Viaje a la Alcarria\" srcset=\"https:\/\/www.elturistatranquil.com\/wp-content\/uploads\/F79-Castillo-de-Torija.-Guadalajara.-Museo-del-Viaje-a-la-Alcarria.jpg 768w, https:\/\/www.elturistatranquil.com\/wp-content\/uploads\/F79-Castillo-de-Torija.-Guadalajara.-Museo-del-Viaje-a-la-Alcarria-337x226.jpg 337w\" sizes=\"(max-width: 768px) 100vw, 768px\" \/>\t\t\t\t\t\t\t\t\t\t\t<figcaption class=\"widget-image-caption wp-caption-text\"><\/figcaption>\n\t\t\t\t\t\t\t\t\t\t<\/figure>\n\t\t\t\t\t\t\t\t\t<\/div>\n\t\t\t\t<\/div>\n\t\t\t\t<section class=\"elementor-section elementor-inner-section elementor-element elementor-element-964861a elementor-section-boxed elementor-section-height-default elementor-section-height-default\" data-id=\"964861a\" data-element_type=\"section\" data-e-type=\"section\">\n\t\t\t\t\t\t<div class=\"elementor-container elementor-column-gap-default\">\n\t\t\t\t\t<div class=\"elementor-column elementor-col-50 elementor-inner-column elementor-element elementor-element-c7f2345\" data-id=\"c7f2345\" data-element_type=\"column\" data-e-type=\"column\">\n\t\t\t<div class=\"elementor-widget-wrap elementor-element-populated\">\n\t\t\t\t\t\t<div class=\"elementor-element elementor-element-80edcbc elementor-widget elementor-widget-image\" data-id=\"80edcbc\" data-element_type=\"widget\" data-e-type=\"widget\" data-widget_type=\"image.default\">\n\t\t\t\t<div class=\"elementor-widget-container\">\n\t\t\t\t\t\t\t\t\t\t\t\t\t\t\t<img loading=\"lazy\" decoding=\"async\" width=\"380\" height=\"380\" src=\"https:\/\/www.elturistatranquil.com\/wp-content\/uploads\/F80m-Castillo-de-Torija.-Guadalajara.-Museo-del-Viaje-a-la-Alcarria.jpg\" class=\"attachment-large size-large wp-image-49688\" alt=\"Castillo de Torija. Guadalajara. Museo del Viaje a la Alcarria\" srcset=\"https:\/\/www.elturistatranquil.com\/wp-content\/uploads\/F80m-Castillo-de-Torija.-Guadalajara.-Museo-del-Viaje-a-la-Alcarria.jpg 380w, https:\/\/www.elturistatranquil.com\/wp-content\/uploads\/F80m-Castillo-de-Torija.-Guadalajara.-Museo-del-Viaje-a-la-Alcarria-226x226.jpg 226w\" sizes=\"(max-width: 380px) 100vw, 380px\" \/>\t\t\t\t\t\t\t\t\t\t\t\t\t\t\t<\/div>\n\t\t\t\t<\/div>\n\t\t\t\t\t<\/div>\n\t\t<\/div>\n\t\t\t\t<div class=\"elementor-column elementor-col-50 elementor-inner-column elementor-element elementor-element-a7eaa86\" data-id=\"a7eaa86\" data-element_type=\"column\" data-e-type=\"column\">\n\t\t\t<div class=\"elementor-widget-wrap elementor-element-populated\">\n\t\t\t\t\t\t<div class=\"elementor-element elementor-element-5bd0fd4 elementor-widget elementor-widget-image\" data-id=\"5bd0fd4\" data-element_type=\"widget\" data-e-type=\"widget\" data-widget_type=\"image.default\">\n\t\t\t\t<div class=\"elementor-widget-container\">\n\t\t\t\t\t\t\t\t\t\t\t\t\t\t\t<img loading=\"lazy\" decoding=\"async\" width=\"380\" height=\"380\" src=\"https:\/\/www.elturistatranquil.com\/wp-content\/uploads\/F80n-Castillo-de-Torija.-Guadalajara.-Museo-del-Viaje-a-la-Alcarria.jpg\" class=\"attachment-large size-large wp-image-49693\" alt=\"Castillo de Torija. Guadalajara. Museo del Viaje a la Alcarria\" srcset=\"https:\/\/www.elturistatranquil.com\/wp-content\/uploads\/F80n-Castillo-de-Torija.-Guadalajara.-Museo-del-Viaje-a-la-Alcarria.jpg 380w, https:\/\/www.elturistatranquil.com\/wp-content\/uploads\/F80n-Castillo-de-Torija.-Guadalajara.-Museo-del-Viaje-a-la-Alcarria-226x226.jpg 226w\" sizes=\"(max-width: 380px) 100vw, 380px\" \/>\t\t\t\t\t\t\t\t\t\t\t\t\t\t\t<\/div>\n\t\t\t\t<\/div>\n\t\t\t\t\t<\/div>\n\t\t<\/div>\n\t\t\t\t\t<\/div>\n\t\t<\/section>\n\t\t\t\t<div class=\"elementor-element elementor-element-5d761be elementor-widget elementor-widget-image\" data-id=\"5d761be\" data-element_type=\"widget\" data-e-type=\"widget\" data-widget_type=\"image.default\">\n\t\t\t\t<div class=\"elementor-widget-container\">\n\t\t\t\t\t\t\t\t\t\t\t\t<figure class=\"wp-caption\">\n\t\t\t\t\t\t\t\t\t\t<img loading=\"lazy\" decoding=\"async\" width=\"768\" height=\"512\" src=\"https:\/\/www.elturistatranquil.com\/wp-content\/uploads\/F81-Castillo-de-Torija.-Guadalajara.-Museo-del-Viaje-a-la-Alcarria.jpg\" class=\"attachment-large size-large wp-image-49695\" alt=\"Castillo de Torija. Guadalajara. Museo del Viaje a la Alcarria\" srcset=\"https:\/\/www.elturistatranquil.com\/wp-content\/uploads\/F81-Castillo-de-Torija.-Guadalajara.-Museo-del-Viaje-a-la-Alcarria.jpg 768w, https:\/\/www.elturistatranquil.com\/wp-content\/uploads\/F81-Castillo-de-Torija.-Guadalajara.-Museo-del-Viaje-a-la-Alcarria-339x226.jpg 339w\" sizes=\"(max-width: 768px) 100vw, 768px\" \/>\t\t\t\t\t\t\t\t\t\t\t<figcaption class=\"widget-image-caption wp-caption-text\"><\/figcaption>\n\t\t\t\t\t\t\t\t\t\t<\/figure>\n\t\t\t\t\t\t\t\t\t<\/div>\n\t\t\t\t<\/div>\n\t\t\t\t<div class=\"elementor-element elementor-element-66b497f elementor-widget elementor-widget-image\" data-id=\"66b497f\" data-element_type=\"widget\" data-e-type=\"widget\" data-widget_type=\"image.default\">\n\t\t\t\t<div class=\"elementor-widget-container\">\n\t\t\t\t\t\t\t\t\t\t\t\t<figure class=\"wp-caption\">\n\t\t\t\t\t\t\t\t\t\t<img loading=\"lazy\" decoding=\"async\" width=\"768\" height=\"512\" src=\"https:\/\/www.elturistatranquil.com\/wp-content\/uploads\/F82-Castillo-de-Torija.-Guadalajara.-Museo-del-Viaje-a-la-Alcarria.jpg\" class=\"attachment-large size-large wp-image-49697\" alt=\"Castillo de Torija. Guadalajara. Museo del Viaje a la Alcarria\" srcset=\"https:\/\/www.elturistatranquil.com\/wp-content\/uploads\/F82-Castillo-de-Torija.-Guadalajara.-Museo-del-Viaje-a-la-Alcarria.jpg 768w, https:\/\/www.elturistatranquil.com\/wp-content\/uploads\/F82-Castillo-de-Torija.-Guadalajara.-Museo-del-Viaje-a-la-Alcarria-339x226.jpg 339w\" sizes=\"(max-width: 768px) 100vw, 768px\" \/>\t\t\t\t\t\t\t\t\t\t\t<figcaption class=\"widget-image-caption wp-caption-text\"><\/figcaption>\n\t\t\t\t\t\t\t\t\t\t<\/figure>\n\t\t\t\t\t\t\t\t\t<\/div>\n\t\t\t\t<\/div>\n\t\t\t\t<section class=\"elementor-section elementor-inner-section elementor-element elementor-element-6e8592a elementor-section-boxed elementor-section-height-default elementor-section-height-default\" data-id=\"6e8592a\" data-element_type=\"section\" data-e-type=\"section\">\n\t\t\t\t\t\t<div class=\"elementor-container elementor-column-gap-default\">\n\t\t\t\t\t<div class=\"elementor-column elementor-col-50 elementor-inner-column elementor-element elementor-element-716d8d3\" data-id=\"716d8d3\" data-element_type=\"column\" data-e-type=\"column\">\n\t\t\t<div class=\"elementor-widget-wrap elementor-element-populated\">\n\t\t\t\t\t\t<div class=\"elementor-element elementor-element-faf251c elementor-widget elementor-widget-image\" data-id=\"faf251c\" data-element_type=\"widget\" data-e-type=\"widget\" data-widget_type=\"image.default\">\n\t\t\t\t<div class=\"elementor-widget-container\">\n\t\t\t\t\t\t\t\t\t\t\t\t\t\t\t<img loading=\"lazy\" decoding=\"async\" width=\"380\" height=\"380\" src=\"https:\/\/www.elturistatranquil.com\/wp-content\/uploads\/F83m-Castillo-de-Torija.-Guadalajara.-Museo-del-Viaje-a-la-Alcarria.jpg\" class=\"attachment-large size-large wp-image-49699\" alt=\"Castillo de Torija. Guadalajara. Museo del Viaje a la Alcarria\" srcset=\"https:\/\/www.elturistatranquil.com\/wp-content\/uploads\/F83m-Castillo-de-Torija.-Guadalajara.-Museo-del-Viaje-a-la-Alcarria.jpg 380w, https:\/\/www.elturistatranquil.com\/wp-content\/uploads\/F83m-Castillo-de-Torija.-Guadalajara.-Museo-del-Viaje-a-la-Alcarria-226x226.jpg 226w\" sizes=\"(max-width: 380px) 100vw, 380px\" \/>\t\t\t\t\t\t\t\t\t\t\t\t\t\t\t<\/div>\n\t\t\t\t<\/div>\n\t\t\t\t\t<\/div>\n\t\t<\/div>\n\t\t\t\t<div class=\"elementor-column elementor-col-50 elementor-inner-column elementor-element elementor-element-e7b5ead\" data-id=\"e7b5ead\" data-element_type=\"column\" data-e-type=\"column\">\n\t\t\t<div class=\"elementor-widget-wrap elementor-element-populated\">\n\t\t\t\t\t\t<div class=\"elementor-element elementor-element-4f22d8a elementor-widget elementor-widget-image\" data-id=\"4f22d8a\" data-element_type=\"widget\" data-e-type=\"widget\" data-widget_type=\"image.default\">\n\t\t\t\t<div class=\"elementor-widget-container\">\n\t\t\t\t\t\t\t\t\t\t\t\t\t\t\t<img loading=\"lazy\" decoding=\"async\" width=\"380\" height=\"380\" src=\"https:\/\/www.elturistatranquil.com\/wp-content\/uploads\/F83n-Castillo-de-Torija.-Guadalajara.-Museo-del-Viaje-a-la-Alcarria.jpg\" class=\"attachment-large size-large wp-image-49701\" alt=\"Castillo de Torija. Guadalajara. Museo del Viaje a la Alcarria\" srcset=\"https:\/\/www.elturistatranquil.com\/wp-content\/uploads\/F83n-Castillo-de-Torija.-Guadalajara.-Museo-del-Viaje-a-la-Alcarria.jpg 380w, https:\/\/www.elturistatranquil.com\/wp-content\/uploads\/F83n-Castillo-de-Torija.-Guadalajara.-Museo-del-Viaje-a-la-Alcarria-226x226.jpg 226w\" sizes=\"(max-width: 380px) 100vw, 380px\" \/>\t\t\t\t\t\t\t\t\t\t\t\t\t\t\t<\/div>\n\t\t\t\t<\/div>\n\t\t\t\t\t<\/div>\n\t\t<\/div>\n\t\t\t\t\t<\/div>\n\t\t<\/section>\n\t\t\t\t<div class=\"elementor-element elementor-element-1d91750 elementor-widget elementor-widget-image\" data-id=\"1d91750\" data-element_type=\"widget\" data-e-type=\"widget\" data-widget_type=\"image.default\">\n\t\t\t\t<div class=\"elementor-widget-container\">\n\t\t\t\t\t\t\t\t\t\t\t\t<figure class=\"wp-caption\">\n\t\t\t\t\t\t\t\t\t\t<img loading=\"lazy\" decoding=\"async\" width=\"768\" height=\"512\" src=\"https:\/\/www.elturistatranquil.com\/wp-content\/uploads\/F84-Castillo-de-Torija.-Guadalajara.-Museo-del-Viaje-a-la-Alcarria.jpg\" class=\"attachment-large size-large wp-image-49706\" alt=\"Castillo de Torija. Guadalajara. Museo del Viaje a la Alcarria\" srcset=\"https:\/\/www.elturistatranquil.com\/wp-content\/uploads\/F84-Castillo-de-Torija.-Guadalajara.-Museo-del-Viaje-a-la-Alcarria.jpg 768w, https:\/\/www.elturistatranquil.com\/wp-content\/uploads\/F84-Castillo-de-Torija.-Guadalajara.-Museo-del-Viaje-a-la-Alcarria-339x226.jpg 339w\" sizes=\"(max-width: 768px) 100vw, 768px\" \/>\t\t\t\t\t\t\t\t\t\t\t<figcaption class=\"widget-image-caption wp-caption-text\"><\/figcaption>\n\t\t\t\t\t\t\t\t\t\t<\/figure>\n\t\t\t\t\t\t\t\t\t<\/div>\n\t\t\t\t<\/div>\n\t\t\t\t<div class=\"elementor-element elementor-element-c68f4d1 elementor-widget elementor-widget-image\" data-id=\"c68f4d1\" data-element_type=\"widget\" data-e-type=\"widget\" data-widget_type=\"image.default\">\n\t\t\t\t<div class=\"elementor-widget-container\">\n\t\t\t\t\t\t\t\t\t\t\t\t<figure class=\"wp-caption\">\n\t\t\t\t\t\t\t\t\t\t<img loading=\"lazy\" decoding=\"async\" width=\"768\" height=\"481\" src=\"https:\/\/www.elturistatranquil.com\/wp-content\/uploads\/F85-Castillo-de-Torija.-Guadalajara.-Museo-del-Viaje-a-la-Alcarria.jpg\" class=\"attachment-large size-large wp-image-49708\" alt=\"Castillo de Torija. Guadalajara. Museo del Viaje a la Alcarria\" srcset=\"https:\/\/www.elturistatranquil.com\/wp-content\/uploads\/F85-Castillo-de-Torija.-Guadalajara.-Museo-del-Viaje-a-la-Alcarria.jpg 768w, https:\/\/www.elturistatranquil.com\/wp-content\/uploads\/F85-Castillo-de-Torija.-Guadalajara.-Museo-del-Viaje-a-la-Alcarria-339x212.jpg 339w\" sizes=\"(max-width: 768px) 100vw, 768px\" \/>\t\t\t\t\t\t\t\t\t\t\t<figcaption class=\"widget-image-caption wp-caption-text\"><\/figcaption>\n\t\t\t\t\t\t\t\t\t\t<\/figure>\n\t\t\t\t\t\t\t\t\t<\/div>\n\t\t\t\t<\/div>\n\t\t\t\t<div class=\"elementor-element elementor-element-4125391 elementor-widget elementor-widget-image\" data-id=\"4125391\" data-element_type=\"widget\" data-e-type=\"widget\" data-widget_type=\"image.default\">\n\t\t\t\t<div class=\"elementor-widget-container\">\n\t\t\t\t\t\t\t\t\t\t\t\t<figure class=\"wp-caption\">\n\t\t\t\t\t\t\t\t\t\t<img loading=\"lazy\" decoding=\"async\" width=\"768\" height=\"512\" src=\"https:\/\/www.elturistatranquil.com\/wp-content\/uploads\/F86-Castillo-de-Torija.-Guadalajara.-Museo-del-Viaje-a-la-Alcarria.jpg\" class=\"attachment-large size-large wp-image-49710\" alt=\"Castillo de Torija. Guadalajara. Museo del Viaje a la Alcarria\" srcset=\"https:\/\/www.elturistatranquil.com\/wp-content\/uploads\/F86-Castillo-de-Torija.-Guadalajara.-Museo-del-Viaje-a-la-Alcarria.jpg 768w, https:\/\/www.elturistatranquil.com\/wp-content\/uploads\/F86-Castillo-de-Torija.-Guadalajara.-Museo-del-Viaje-a-la-Alcarria-339x226.jpg 339w\" sizes=\"(max-width: 768px) 100vw, 768px\" \/>\t\t\t\t\t\t\t\t\t\t\t<figcaption class=\"widget-image-caption wp-caption-text\"><\/figcaption>\n\t\t\t\t\t\t\t\t\t\t<\/figure>\n\t\t\t\t\t\t\t\t\t<\/div>\n\t\t\t\t<\/div>\n\t\t\t\t<div class=\"elementor-element elementor-element-8308b2e elementor-widget elementor-widget-heading\" data-id=\"8308b2e\" data-element_type=\"widget\" data-e-type=\"widget\" data-widget_type=\"heading.default\">\n\t\t\t\t<div class=\"elementor-widget-container\">\n\t\t\t\t\t<h2 class=\"elementor-heading-title elementor-size-default\">Un curt passeig per Torija<\/h2>\t\t\t\t<\/div>\n\t\t\t\t<\/div>\n\t\t\t\t<div class=\"elementor-element elementor-element-3f09eb4 elementor-widget elementor-widget-text-editor\" data-id=\"3f09eb4\" data-element_type=\"widget\" data-e-type=\"widget\" data-widget_type=\"text-editor.default\">\n\t\t\t\t<div class=\"elementor-widget-container\">\n\t\t\t\t\t\t\t\t\t<p>Es pot apreciar la perviv\u00e8ncia d&#8217;algunes mostres d&#8217;arquitectura popular aix\u00ed com la concentraci\u00f3 de cases blasonades al llarg de l&#8217;eix del carrer qu\u00e8 articulava el darrer espai urb\u00e0 fortificat, actual <strong>carrer General Aldeanueva<\/strong>.<\/p><p>En primer lloc, la torre de l&#8217; <strong>esgl\u00e9sia de la Asunci\u00f3n<\/strong> des de la <strong>Pla\u00e7a Major<\/strong>.<\/p>\t\t\t\t\t\t\t\t<\/div>\n\t\t\t\t<\/div>\n\t\t\t\t<div class=\"elementor-element elementor-element-b939d3f elementor-widget elementor-widget-image\" data-id=\"b939d3f\" data-element_type=\"widget\" data-e-type=\"widget\" data-widget_type=\"image.default\">\n\t\t\t\t<div class=\"elementor-widget-container\">\n\t\t\t\t\t\t\t\t\t\t\t\t<figure class=\"wp-caption\">\n\t\t\t\t\t\t\t\t\t\t<img loading=\"lazy\" decoding=\"async\" width=\"768\" height=\"511\" src=\"https:\/\/www.elturistatranquil.com\/wp-content\/uploads\/F89-Torija.-Guadalajara.jpg\" class=\"attachment-large size-large wp-image-49712\" alt=\"Torija. Guadalajara\" srcset=\"https:\/\/www.elturistatranquil.com\/wp-content\/uploads\/F89-Torija.-Guadalajara.jpg 768w, https:\/\/www.elturistatranquil.com\/wp-content\/uploads\/F89-Torija.-Guadalajara-339x226.jpg 339w\" sizes=\"(max-width: 768px) 100vw, 768px\" \/>\t\t\t\t\t\t\t\t\t\t\t<figcaption class=\"widget-image-caption wp-caption-text\"><\/figcaption>\n\t\t\t\t\t\t\t\t\t\t<\/figure>\n\t\t\t\t\t\t\t\t\t<\/div>\n\t\t\t\t<\/div>\n\t\t\t\t<div class=\"elementor-element elementor-element-ba65e5e elementor-widget elementor-widget-text-editor\" data-id=\"ba65e5e\" data-element_type=\"widget\" data-e-type=\"widget\" data-widget_type=\"text-editor.default\">\n\t\t\t\t<div class=\"elementor-widget-container\">\n\t\t\t\t\t\t\t\t\t<p>Edifici historicista de l\u2019<strong>Ajuntament<\/strong>.<\/p>\t\t\t\t\t\t\t\t<\/div>\n\t\t\t\t<\/div>\n\t\t\t\t<div class=\"elementor-element elementor-element-518a7f8 elementor-widget elementor-widget-image\" data-id=\"518a7f8\" data-element_type=\"widget\" data-e-type=\"widget\" data-widget_type=\"image.default\">\n\t\t\t\t<div class=\"elementor-widget-container\">\n\t\t\t\t\t\t\t\t\t\t\t\t<figure class=\"wp-caption\">\n\t\t\t\t\t\t\t\t\t\t<img loading=\"lazy\" decoding=\"async\" width=\"768\" height=\"511\" src=\"https:\/\/www.elturistatranquil.com\/wp-content\/uploads\/F90-Torija.-Guadalajara.jpg\" class=\"attachment-large size-large wp-image-49714\" alt=\"Torija. Guadalajara\" srcset=\"https:\/\/www.elturistatranquil.com\/wp-content\/uploads\/F90-Torija.-Guadalajara.jpg 768w, https:\/\/www.elturistatranquil.com\/wp-content\/uploads\/F90-Torija.-Guadalajara-339x226.jpg 339w\" sizes=\"(max-width: 768px) 100vw, 768px\" \/>\t\t\t\t\t\t\t\t\t\t\t<figcaption class=\"widget-image-caption wp-caption-text\"><\/figcaption>\n\t\t\t\t\t\t\t\t\t\t<\/figure>\n\t\t\t\t\t\t\t\t\t<\/div>\n\t\t\t\t<\/div>\n\t\t\t\t<div class=\"elementor-element elementor-element-e3ddc1c elementor-widget elementor-widget-text-editor\" data-id=\"e3ddc1c\" data-element_type=\"widget\" data-e-type=\"widget\" data-widget_type=\"text-editor.default\">\n\t\t\t\t<div class=\"elementor-widget-container\">\n\t\t\t\t\t\t\t\t\t<p>Algunes mostres d&#8217;<strong>arquitectura tradicional<\/strong> i <strong>aparell d&#8217;arquitectura de fang<\/strong>.<\/p>\t\t\t\t\t\t\t\t<\/div>\n\t\t\t\t<\/div>\n\t\t\t\t<div class=\"elementor-element elementor-element-da30c06 elementor-widget elementor-widget-image\" data-id=\"da30c06\" data-element_type=\"widget\" data-e-type=\"widget\" data-widget_type=\"image.default\">\n\t\t\t\t<div class=\"elementor-widget-container\">\n\t\t\t\t\t\t\t\t\t\t\t\t<figure class=\"wp-caption\">\n\t\t\t\t\t\t\t\t\t\t<img loading=\"lazy\" decoding=\"async\" width=\"768\" height=\"511\" src=\"https:\/\/www.elturistatranquil.com\/wp-content\/uploads\/F91-Torija.-Guadalajara.jpg\" class=\"attachment-large size-large wp-image-49719\" alt=\"Torija. Guadalajara\" srcset=\"https:\/\/www.elturistatranquil.com\/wp-content\/uploads\/F91-Torija.-Guadalajara.jpg 768w, https:\/\/www.elturistatranquil.com\/wp-content\/uploads\/F91-Torija.-Guadalajara-339x226.jpg 339w\" sizes=\"(max-width: 768px) 100vw, 768px\" \/>\t\t\t\t\t\t\t\t\t\t\t<figcaption class=\"widget-image-caption wp-caption-text\"><\/figcaption>\n\t\t\t\t\t\t\t\t\t\t<\/figure>\n\t\t\t\t\t\t\t\t\t<\/div>\n\t\t\t\t<\/div>\n\t\t\t\t<div class=\"elementor-element elementor-element-f4d11d5 elementor-widget elementor-widget-image\" data-id=\"f4d11d5\" data-element_type=\"widget\" data-e-type=\"widget\" data-widget_type=\"image.default\">\n\t\t\t\t<div class=\"elementor-widget-container\">\n\t\t\t\t\t\t\t\t\t\t\t\t<figure class=\"wp-caption\">\n\t\t\t\t\t\t\t\t\t\t<img loading=\"lazy\" decoding=\"async\" width=\"768\" height=\"511\" src=\"https:\/\/www.elturistatranquil.com\/wp-content\/uploads\/F92-Torija.-Guadalajara.jpg\" class=\"attachment-large size-large wp-image-49721\" alt=\"Torija. Guadalajara\" srcset=\"https:\/\/www.elturistatranquil.com\/wp-content\/uploads\/F92-Torija.-Guadalajara.jpg 768w, https:\/\/www.elturistatranquil.com\/wp-content\/uploads\/F92-Torija.-Guadalajara-339x226.jpg 339w\" sizes=\"(max-width: 768px) 100vw, 768px\" \/>\t\t\t\t\t\t\t\t\t\t\t<figcaption class=\"widget-image-caption wp-caption-text\"><\/figcaption>\n\t\t\t\t\t\t\t\t\t\t<\/figure>\n\t\t\t\t\t\t\t\t\t<\/div>\n\t\t\t\t<\/div>\n\t\t\t\t<div class=\"elementor-element elementor-element-65000a7 elementor-widget elementor-widget-image\" data-id=\"65000a7\" data-element_type=\"widget\" data-e-type=\"widget\" data-widget_type=\"image.default\">\n\t\t\t\t<div class=\"elementor-widget-container\">\n\t\t\t\t\t\t\t\t\t\t\t\t<figure class=\"wp-caption\">\n\t\t\t\t\t\t\t\t\t\t<img loading=\"lazy\" decoding=\"async\" width=\"768\" height=\"511\" src=\"https:\/\/www.elturistatranquil.com\/wp-content\/uploads\/F93-Torija.-Guadalajara.jpg\" class=\"attachment-large size-large wp-image-49723\" alt=\"Torija. Guadalajara\" srcset=\"https:\/\/www.elturistatranquil.com\/wp-content\/uploads\/F93-Torija.-Guadalajara.jpg 768w, https:\/\/www.elturistatranquil.com\/wp-content\/uploads\/F93-Torija.-Guadalajara-339x226.jpg 339w\" sizes=\"(max-width: 768px) 100vw, 768px\" \/>\t\t\t\t\t\t\t\t\t\t\t<figcaption class=\"widget-image-caption wp-caption-text\"><\/figcaption>\n\t\t\t\t\t\t\t\t\t\t<\/figure>\n\t\t\t\t\t\t\t\t\t<\/div>\n\t\t\t\t<\/div>\n\t\t\t\t<div class=\"elementor-element elementor-element-1c88b0e elementor-widget elementor-widget-image\" data-id=\"1c88b0e\" data-element_type=\"widget\" data-e-type=\"widget\" data-widget_type=\"image.default\">\n\t\t\t\t<div class=\"elementor-widget-container\">\n\t\t\t\t\t\t\t\t\t\t\t\t<figure class=\"wp-caption\">\n\t\t\t\t\t\t\t\t\t\t<img loading=\"lazy\" decoding=\"async\" width=\"768\" height=\"512\" src=\"https:\/\/www.elturistatranquil.com\/wp-content\/uploads\/F94-Torija.-Guadalajara.jpg\" class=\"attachment-large size-large wp-image-49725\" alt=\"Torija. Guadalajara\" srcset=\"https:\/\/www.elturistatranquil.com\/wp-content\/uploads\/F94-Torija.-Guadalajara.jpg 768w, https:\/\/www.elturistatranquil.com\/wp-content\/uploads\/F94-Torija.-Guadalajara-339x226.jpg 339w\" sizes=\"(max-width: 768px) 100vw, 768px\" \/>\t\t\t\t\t\t\t\t\t\t\t<figcaption class=\"widget-image-caption wp-caption-text\"><\/figcaption>\n\t\t\t\t\t\t\t\t\t\t<\/figure>\n\t\t\t\t\t\t\t\t\t<\/div>\n\t\t\t\t<\/div>\n\t\t\t\t<div class=\"elementor-element elementor-element-b84c77d elementor-widget elementor-widget-text-editor\" data-id=\"b84c77d\" data-element_type=\"widget\" data-e-type=\"widget\" data-widget_type=\"text-editor.default\">\n\t\t\t\t<div class=\"elementor-widget-container\">\n\t\t\t\t\t\t\t\t\t<p>El carrer principal, <strong>carrer General Aldeanueva<\/strong>, amb les seves cases blasonades.<\/p>\t\t\t\t\t\t\t\t<\/div>\n\t\t\t\t<\/div>\n\t\t\t\t<div class=\"elementor-element elementor-element-277f688 elementor-widget elementor-widget-image\" data-id=\"277f688\" data-element_type=\"widget\" data-e-type=\"widget\" data-widget_type=\"image.default\">\n\t\t\t\t<div class=\"elementor-widget-container\">\n\t\t\t\t\t\t\t\t\t\t\t\t<figure class=\"wp-caption\">\n\t\t\t\t\t\t\t\t\t\t<img loading=\"lazy\" decoding=\"async\" width=\"768\" height=\"511\" src=\"https:\/\/www.elturistatranquil.com\/wp-content\/uploads\/F95-Torija.-Guadalajara.jpg\" class=\"attachment-large size-large wp-image-49727\" alt=\"Torija. Guadalajara\" srcset=\"https:\/\/www.elturistatranquil.com\/wp-content\/uploads\/F95-Torija.-Guadalajara.jpg 768w, https:\/\/www.elturistatranquil.com\/wp-content\/uploads\/F95-Torija.-Guadalajara-339x226.jpg 339w\" sizes=\"(max-width: 768px) 100vw, 768px\" \/>\t\t\t\t\t\t\t\t\t\t\t<figcaption class=\"widget-image-caption wp-caption-text\"><\/figcaption>\n\t\t\t\t\t\t\t\t\t\t<\/figure>\n\t\t\t\t\t\t\t\t\t<\/div>\n\t\t\t\t<\/div>\n\t\t\t\t<div class=\"elementor-element elementor-element-5c63e65 elementor-widget elementor-widget-image\" data-id=\"5c63e65\" data-element_type=\"widget\" data-e-type=\"widget\" data-widget_type=\"image.default\">\n\t\t\t\t<div class=\"elementor-widget-container\">\n\t\t\t\t\t\t\t\t\t\t\t\t<figure class=\"wp-caption\">\n\t\t\t\t\t\t\t\t\t\t<img loading=\"lazy\" decoding=\"async\" width=\"768\" height=\"512\" src=\"https:\/\/www.elturistatranquil.com\/wp-content\/uploads\/F96-Torija.-Guadalajara.jpg\" class=\"attachment-large size-large wp-image-49732\" alt=\"Torija. Guadalajara\" srcset=\"https:\/\/www.elturistatranquil.com\/wp-content\/uploads\/F96-Torija.-Guadalajara.jpg 768w, https:\/\/www.elturistatranquil.com\/wp-content\/uploads\/F96-Torija.-Guadalajara-339x226.jpg 339w\" sizes=\"(max-width: 768px) 100vw, 768px\" \/>\t\t\t\t\t\t\t\t\t\t\t<figcaption class=\"widget-image-caption wp-caption-text\"><\/figcaption>\n\t\t\t\t\t\t\t\t\t\t<\/figure>\n\t\t\t\t\t\t\t\t\t<\/div>\n\t\t\t\t<\/div>\n\t\t\t\t<div class=\"elementor-element elementor-element-5d034ce elementor-widget elementor-widget-image\" data-id=\"5d034ce\" data-element_type=\"widget\" data-e-type=\"widget\" data-widget_type=\"image.default\">\n\t\t\t\t<div class=\"elementor-widget-container\">\n\t\t\t\t\t\t\t\t\t\t\t\t<figure class=\"wp-caption\">\n\t\t\t\t\t\t\t\t\t\t<img loading=\"lazy\" decoding=\"async\" width=\"768\" height=\"512\" src=\"https:\/\/www.elturistatranquil.com\/wp-content\/uploads\/F97-Torija.-Guadalajara.jpg\" class=\"attachment-large size-large wp-image-49734\" alt=\"Torija. Guadalajara\" srcset=\"https:\/\/www.elturistatranquil.com\/wp-content\/uploads\/F97-Torija.-Guadalajara.jpg 768w, https:\/\/www.elturistatranquil.com\/wp-content\/uploads\/F97-Torija.-Guadalajara-339x226.jpg 339w\" sizes=\"(max-width: 768px) 100vw, 768px\" \/>\t\t\t\t\t\t\t\t\t\t\t<figcaption class=\"widget-image-caption wp-caption-text\"><\/figcaption>\n\t\t\t\t\t\t\t\t\t\t<\/figure>\n\t\t\t\t\t\t\t\t\t<\/div>\n\t\t\t\t<\/div>\n\t\t\t\t<div class=\"elementor-element elementor-element-c18bc5e elementor-widget elementor-widget-image\" data-id=\"c18bc5e\" data-element_type=\"widget\" data-e-type=\"widget\" data-widget_type=\"image.default\">\n\t\t\t\t<div class=\"elementor-widget-container\">\n\t\t\t\t\t\t\t\t\t\t\t\t<figure class=\"wp-caption\">\n\t\t\t\t\t\t\t\t\t\t<img loading=\"lazy\" decoding=\"async\" width=\"768\" height=\"512\" src=\"https:\/\/www.elturistatranquil.com\/wp-content\/uploads\/F98-Torija.-Guadalajara.jpg\" class=\"attachment-large size-large wp-image-49736\" alt=\"Torija. Guadalajara\" srcset=\"https:\/\/www.elturistatranquil.com\/wp-content\/uploads\/F98-Torija.-Guadalajara.jpg 768w, https:\/\/www.elturistatranquil.com\/wp-content\/uploads\/F98-Torija.-Guadalajara-339x226.jpg 339w\" sizes=\"(max-width: 768px) 100vw, 768px\" \/>\t\t\t\t\t\t\t\t\t\t\t<figcaption class=\"widget-image-caption wp-caption-text\"><\/figcaption>\n\t\t\t\t\t\t\t\t\t\t<\/figure>\n\t\t\t\t\t\t\t\t\t<\/div>\n\t\t\t\t<\/div>\n\t\t\t\t<div class=\"elementor-element elementor-element-09da6dd elementor-widget elementor-widget-image\" data-id=\"09da6dd\" data-element_type=\"widget\" data-e-type=\"widget\" data-widget_type=\"image.default\">\n\t\t\t\t<div class=\"elementor-widget-container\">\n\t\t\t\t\t\t\t\t\t\t\t\t<figure class=\"wp-caption\">\n\t\t\t\t\t\t\t\t\t\t<img loading=\"lazy\" decoding=\"async\" width=\"768\" height=\"512\" src=\"https:\/\/www.elturistatranquil.com\/wp-content\/uploads\/F99-Torija.-Guadalajara.jpg\" class=\"attachment-large size-large wp-image-49738\" alt=\"Torija. Guadalajara\" srcset=\"https:\/\/www.elturistatranquil.com\/wp-content\/uploads\/F99-Torija.-Guadalajara.jpg 768w, https:\/\/www.elturistatranquil.com\/wp-content\/uploads\/F99-Torija.-Guadalajara-339x226.jpg 339w\" sizes=\"(max-width: 768px) 100vw, 768px\" \/>\t\t\t\t\t\t\t\t\t\t\t<figcaption class=\"widget-image-caption wp-caption-text\"><\/figcaption>\n\t\t\t\t\t\t\t\t\t\t<\/figure>\n\t\t\t\t\t\t\t\t\t<\/div>\n\t\t\t\t<\/div>\n\t\t\t\t<div class=\"elementor-element elementor-element-b1661cc elementor-widget elementor-widget-image\" data-id=\"b1661cc\" data-element_type=\"widget\" data-e-type=\"widget\" data-widget_type=\"image.default\">\n\t\t\t\t<div class=\"elementor-widget-container\">\n\t\t\t\t\t\t\t\t\t\t\t\t<figure class=\"wp-caption\">\n\t\t\t\t\t\t\t\t\t\t<img loading=\"lazy\" decoding=\"async\" width=\"768\" height=\"512\" src=\"https:\/\/www.elturistatranquil.com\/wp-content\/uploads\/F100-Torija.-Guadalajara.jpg\" class=\"attachment-large size-large wp-image-49740\" alt=\"Torija. Guadalajara\" srcset=\"https:\/\/www.elturistatranquil.com\/wp-content\/uploads\/F100-Torija.-Guadalajara.jpg 768w, https:\/\/www.elturistatranquil.com\/wp-content\/uploads\/F100-Torija.-Guadalajara-339x226.jpg 339w\" sizes=\"(max-width: 768px) 100vw, 768px\" \/>\t\t\t\t\t\t\t\t\t\t\t<figcaption class=\"widget-image-caption wp-caption-text\"><\/figcaption>\n\t\t\t\t\t\t\t\t\t\t<\/figure>\n\t\t\t\t\t\t\t\t\t<\/div>\n\t\t\t\t<\/div>\n\t\t\t\t<div class=\"elementor-element elementor-element-0602a2e elementor-widget elementor-widget-heading\" data-id=\"0602a2e\" data-element_type=\"widget\" data-e-type=\"widget\" data-widget_type=\"heading.default\">\n\t\t\t\t<div class=\"elementor-widget-container\">\n\t\t\t\t\t<h2 class=\"elementor-heading-title elementor-size-default\">Fi de la visita<\/h2>\t\t\t\t<\/div>\n\t\t\t\t<\/div>\n\t\t\t\t<div class=\"elementor-element elementor-element-d9b3e32 elementor-widget elementor-widget-text-editor\" data-id=\"d9b3e32\" data-element_type=\"widget\" data-e-type=\"widget\" data-widget_type=\"text-editor.default\">\n\t\t\t\t<div class=\"elementor-widget-container\">\n\t\t\t\t\t\t\t\t\t<p>A la fi, un castell vist innombrables vegades des de la carretera, vaig prendre la decisi\u00f3 d&#8217;aturar-me a visitar-lo.<\/p><p>El <strong>castell de Torija<\/strong> \u00e9s un bon exemple de l&#8217;arquitectura de fortificaci\u00f3 senyorial que va tenir gran expansi\u00f3 al Regne de Castella al segle XVI.<\/p><p>\u00c9s possible que, malgrat el seu mal estat com a conseq\u00fc\u00e8ncia dels avatars hist\u00f2rics que he comentat, per la seva posici\u00f3 visual en estar situat al costat d&#8217;una de les carreteres principals d&#8217;Espanya, com \u00e9s l&#8217;autovia Madrid-Barcelona, propici\u00e9s l&#8217;inter\u00e8s pe la seva reconstrucci\u00f3 ja als anys 60 del segle passat.<\/p><p>El seu \u00fas com a <strong>Museu del Viatge a la Alcarria<\/strong> i com a <strong>Centre d&#8217;Interpretaci\u00f3 Tur\u00edstica de la Prov\u00edncia de Guadalajara<\/strong>, serveix per donar vida a aquest esfor\u00e7 de reconstrucci\u00f3, i mostra una de les moltes possibilitats de reutilitzaci\u00f3 d&#8217;aquests monuments hist\u00f2rics i de justificaci\u00f3 del seu manteniment.<\/p>\t\t\t\t\t\t\t\t<\/div>\n\t\t\t\t<\/div>\n\t\t\t\t<div class=\"elementor-element elementor-element-244c67b elementor-widget elementor-widget-heading\" data-id=\"244c67b\" data-element_type=\"widget\" data-e-type=\"widget\" data-widget_type=\"heading.default\">\n\t\t\t\t<div class=\"elementor-widget-container\">\n\t\t\t\t\t<h2 class=\"elementor-heading-title elementor-size-default\">Bases d\u2019informaci\u00f3<\/h2>\t\t\t\t<\/div>\n\t\t\t\t<\/div>\n\t\t\t\t<div class=\"elementor-element elementor-element-296c66df elementor-widget elementor-widget-text-editor\" data-id=\"296c66df\" data-element_type=\"widget\" data-e-type=\"widget\" data-widget_type=\"text-editor.default\">\n\t\t\t\t<div class=\"elementor-widget-container\">\n\t\t\t\t\t\t\t\t\t<p><strong>Webs<\/strong><\/p><p><a href=\"https:\/\/turismoenguadalajara.es\/reportajes\/castillo-de-torija-centro-de-interpretacion-y-museo-citug\" target=\"_blank\" rel=\"noopener\">turismodeguadalajara<\/a><\/p><p><a href=\"https:\/\/es.wikipedia.org\/wiki\/Castillo_de_Torija\" target=\"_blank\" rel=\"noopener\">wikipedia<\/a><\/p><p><a href=\"http:\/\/www.turismocastillalamancha.es\/patrimonio\/castillo-de-torija-6664\/descripcion\/\" target=\"_blank\" rel=\"noopener\">turismocastillalamancha<\/a><\/p><p><a href=\"https:\/\/turismoenguadalajara.es\/reportajes\/castillo-de-torija-centro-de-interpretacion-y-museo-citug\" target=\"_blank\" rel=\"noopener\">turismoenguadalajara<\/a><\/p><p><a href=\"https:\/\/www.castillosdeguadalajara.es\/castillo-de-torija\/\" target=\"_blank\" rel=\"noopener\">castillosdeguadalajara<\/a><\/p><p><a href=\"https:\/\/www.dguadalajara.es\/web\/guest\/citug\" target=\"_blank\" rel=\"noopener\">diputaciondeguadalajara<\/a><\/p><p><a href=\"https:\/\/cultura.castillalamancha.es\/patrimonio\/yacimientos-visitables\/castillo-de-torija\" target=\"_blank\" rel=\"noopener\">patrimoniocastillalamancha<\/a><\/p><p><a href=\"https:\/\/megaconstrucciones.net\/images\/militares\/foto7\/torija-castillo-28.jpg\" target=\"_blank\" rel=\"noopener\">megaconstrucciones<\/a><\/p><p><a href=\"https:\/\/www.arteguias.com\/guadalajara\/guiatorija.htm\" target=\"_blank\" rel=\"noopener\">arteguias<\/a><\/p><p><a href=\"https:\/\/www.castillosnet.org\/fortificacion.php?r=GU-CAS-004&amp;n=Castillo+de+Torija\" target=\"_blank\" rel=\"noopener\">castillosnet<\/a><\/p><p><a href=\"http:\/\/www.redjaen.es\/francis\/?m=c&amp;o=53757\" target=\"_blank\" rel=\"noopener\">redjaen<\/a><\/p><p><strong>Webs academic<\/strong><\/p><p>Gonz\u00e1lez Valc\u00e1rcel, Jos\u00e9 Manuel (1967). <em><a href=\"https:\/\/ceclmdigital.uclm.es\/viewer.vm?id=0002828774&amp;page=1&amp;search=&amp;lang=es&amp;view=prensa\" target=\"_blank\" rel=\"noopener\">Restauraci\u00f3n en el castillo de Torija<\/a><\/em>. Pag. 37-46<\/p><p>Herrera Casado, Antonio. <a href=\"https:\/\/www.aache.com\/castillos\/torija.cfm\" target=\"_blank\" rel=\"noopener\"><em>Castillo de Torija<\/em><\/a><\/p><p>Herrera Casado, Antonio (2000). <a href=\"https:\/\/books.google.es\/books?hl=es&amp;lr=&amp;id=n2_zttbnJkAC&amp;oi=fnd&amp;pg=PA7&amp;dq=%22castillo+de+torija%22&amp;ots=VqsgZIPbEd&amp;sig=kN-aP0GWXorltFqNztk68BYln6M#v=onepage&amp;q=%22castillo%20de%20torija%22&amp;f=false\" target=\"_blank\" rel=\"noopener\"><em>Gu\u00eda de campo de los castillos de Guadalajara<\/em><\/a><\/p><p>P\u00e9rez Arribas, Andr\u00e9s (2000). <a href=\"https:\/\/books.google.es\/books?hl=es&amp;lr=&amp;id=153u46AJxkkC&amp;oi=fnd&amp;pg=PA5&amp;dq=%22castillo+de+torija%22&amp;ots=xE2IOV1Z0U&amp;sig=fizDbsffB3IAlYYhc_RgYVFatsg#v=onepage&amp;q=%22castillo%20de%20torija%22&amp;f=false\" target=\"_blank\" rel=\"noopener\"><em>Historia de Torija<\/em><\/a><\/p><p>S\u00e1nchez L\u00f3pez, Jes\u00fas (2004). <a href=\"https:\/\/books.google.es\/books?hl=es&amp;lr=&amp;id=WxMDBX0O-KIC&amp;oi=fnd&amp;pg=PA9&amp;dq=%22castillo+de+torija%22&amp;ots=S0idO15K0X&amp;sig=zz-BxfS1AiwOpCFVIu7q6SW8opk#v=onepage&amp;q=%22castillo%20de%20torija%22&amp;f=false\" target=\"_blank\" rel=\"noopener\"><em>El castillo de Torija<\/em><\/a><\/p><p>Daza Pardo, Enrique (2005). <a href=\"https:\/\/ceclmdigital.uclm.es\/viewer.vm?id=0002839690&amp;page=1&amp;lang=es\" target=\"_blank\" rel=\"noopener\"><em>Aportaciones para el estudio del castillo de Torija (Guadalajara)<\/em><\/a>. Pag. 479-492<\/p><p>Hidalgo Og\u00e1yar, Juana (2008). <a href=\"https:\/\/journals.openedition.org\/nuevomundo\/30593\" target=\"_blank\" rel=\"noopener\"><em>La familia Mendoza, ejemplo de patronazgo femenino en la edad moderna<\/em><\/a><\/p><p>Mu\u00f1oz Jim\u00e9nez, Jos\u00e9 Miguel (2016). <a href=\"https:\/\/rio.upo.es\/xmlui\/bitstream\/handle\/10433\/9977\/3070-Texto%20del%20art%c3%adculo-9445-1-10-20180311.pdf?sequence=1&amp;isAllowed=y\" target=\"_blank\" rel=\"noopener\"><em>Castillos se\u00f1oriales nobiliarios y episcopales en Castilla\u2013La Mancha (siglos XIV y XV)<\/em><\/a><\/p><p><strong>Llibres <\/strong><\/p><p>Cooper, Edward (1991). <em>Castillos se\u00f1oriales en la Corona de Castilla<\/em><\/p><p>Herrera, Antonio (2007). <em>Castillos y fortificaciones de Castilla-La Mancha<\/em>. 2\u00aa ed, p.178<\/p>\t\t\t\t\t\t\t\t<\/div>\n\t\t\t\t<\/div>\n\t\t\t\t\t<\/div>\n\t\t<\/div>\n\t\t\t\t\t<\/div>\n\t\t<\/section>\n\t\t\t\t<\/div>\n\t\t","protected":false},"excerpt":{"rendered":"<p>Al costat i visible des de l&#8217;A-2, a l&#8217;entrada de La Alcarria (Guadalajara) s&#8217;hi visualitza el castell senyorial de Torija. Al seu interior allotja el Museu del Viatge a La &#8230; <a title=\"Castell de Torija i Museu del Viatge a La Alcarria (Guadalajara)\" class=\"read-more\" href=\"https:\/\/www.elturistatranquil.com\/ca\/castell-de-torija-i-museu-del-viatge-a-la-alcarria-guadalajara\/\" aria-label=\"M\u00e9s informaci\u00f3 sobre Castell de Torija i Museu del Viatge a La Alcarria (Guadalajara)\">[ &#8230; ]<\/a><\/p>\n","protected":false},"author":1,"featured_media":49563,"comment_status":"open","ping_status":"closed","sticky":false,"template":"","format":"standard","meta":{"footnotes":""},"categories":[71,75,145,81,231,83,87,92,107,110],"tags":[],"class_list":["post-49766","post","type-post","status-publish","format-standard","has-post-thumbnail","hentry","category-arquitectura-popular-ca","category-castells","category-edat-mitjana","category-etnografia-ca","category-guadalajara-ca","category-historia-ca","category-joies-al-territori","category-museus","category-segle-xx-xxi","category-vila","infinite-scroll-item","generate-columns","tablet-grid-50","mobile-grid-100","grid-parent","grid-50","no-featured-image-padding"],"yoast_head":"<!-- This site is optimized with the Yoast SEO plugin v27.4 - https:\/\/yoast.com\/product\/yoast-seo-wordpress\/ -->\n<title>Castell de Torija i Museu del Viatge a La Alcarria (Guadalajara) - El turista tranquil<\/title>\n<meta name=\"description\" content=\"Al costat i visible des de l&#039;A-2, a l&#039;entrada de La Alcarria (Guadalajara) s&#039;hi visualitza el castell senyorial de Torija. Al seu interior allotja el Museu del Viatge a La Alcarria i el Centre d&#039;Interpretaci\u00f3 Tur\u00edstica de la Prov\u00edncia de Guadalajara.\" \/>\n<meta name=\"robots\" content=\"index, follow, max-snippet:-1, max-image-preview:large, max-video-preview:-1\" \/>\n<link rel=\"canonical\" href=\"https:\/\/www.elturistatranquil.com\/ca\/castell-de-torija-i-museu-del-viatge-a-la-alcarria-guadalajara\/\" \/>\n<meta property=\"og:locale\" content=\"ca_ES\" \/>\n<meta property=\"og:type\" content=\"article\" \/>\n<meta property=\"og:title\" content=\"Castell de Torija i Museu del Viatge a La Alcarria (Guadalajara) - El turista tranquil\" \/>\n<meta property=\"og:description\" content=\"Al costat i visible des de l&#039;A-2, a l&#039;entrada de La Alcarria (Guadalajara) s&#039;hi visualitza el castell senyorial de Torija. Al seu interior allotja el Museu del Viatge a La Alcarria i el Centre d&#039;Interpretaci\u00f3 Tur\u00edstica de la Prov\u00edncia de Guadalajara.\" \/>\n<meta property=\"og:url\" content=\"https:\/\/www.elturistatranquil.com\/ca\/castell-de-torija-i-museu-del-viatge-a-la-alcarria-guadalajara\/\" \/>\n<meta property=\"og:site_name\" content=\"El turista tranquil\" \/>\n<meta property=\"article:publisher\" content=\"https:\/\/www.facebook.com\/elturistatranquilo\/\" \/>\n<meta property=\"article:published_time\" content=\"2023-10-14T10:42:23+00:00\" \/>\n<meta property=\"article:modified_time\" content=\"2023-10-18T08:59:03+00:00\" \/>\n<meta property=\"og:image\" content=\"https:\/\/www.elturistatranquil.com\/wp-content\/uploads\/F36-Castillo-de-Torija-Guadalajara.jpg\" \/>\n\t<meta property=\"og:image:width\" content=\"768\" \/>\n\t<meta property=\"og:image:height\" content=\"511\" \/>\n\t<meta property=\"og:image:type\" content=\"image\/jpeg\" \/>\n<meta name=\"author\" content=\"admin\" \/>\n<meta name=\"twitter:card\" content=\"summary_large_image\" \/>\n<meta name=\"twitter:label1\" content=\"Escrit per\" \/>\n\t<meta name=\"twitter:data1\" content=\"admin\" \/>\n\t<meta name=\"twitter:label2\" content=\"Temps estimat de lectura\" \/>\n\t<meta name=\"twitter:data2\" content=\"46 minuts\" \/>\n<script type=\"application\/ld+json\" class=\"yoast-schema-graph\">{\"@context\":\"https:\\\/\\\/schema.org\",\"@graph\":[{\"@type\":\"Article\",\"@id\":\"https:\\\/\\\/www.elturistatranquil.com\\\/ca\\\/castell-de-torija-i-museu-del-viatge-a-la-alcarria-guadalajara\\\/#article\",\"isPartOf\":{\"@id\":\"https:\\\/\\\/www.elturistatranquil.com\\\/ca\\\/castell-de-torija-i-museu-del-viatge-a-la-alcarria-guadalajara\\\/\"},\"author\":{\"name\":\"admin\",\"@id\":\"https:\\\/\\\/www.elturistatranquil.com\\\/ca\\\/#\\\/schema\\\/person\\\/16f607c3079b96ed0c530a52e6b58bb5\"},\"headline\":\"Castell de Torija i Museu del Viatge a La Alcarria (Guadalajara)\",\"datePublished\":\"2023-10-14T10:42:23+00:00\",\"dateModified\":\"2023-10-18T08:59:03+00:00\",\"mainEntityOfPage\":{\"@id\":\"https:\\\/\\\/www.elturistatranquil.com\\\/ca\\\/castell-de-torija-i-museu-del-viatge-a-la-alcarria-guadalajara\\\/\"},\"wordCount\":4822,\"commentCount\":0,\"image\":{\"@id\":\"https:\\\/\\\/www.elturistatranquil.com\\\/ca\\\/castell-de-torija-i-museu-del-viatge-a-la-alcarria-guadalajara\\\/#primaryimage\"},\"thumbnailUrl\":\"https:\\\/\\\/www.elturistatranquil.com\\\/wp-content\\\/uploads\\\/F36-Castillo-de-Torija-Guadalajara.jpg\",\"articleSection\":[\"Arquitectura popular\",\"Castells, Muralles\",\"Edat mitjana\",\"Etnografia\",\"Guadalajara\",\"Hist\u00f2ria\",\"Joies al territori\",\"Museus\",\"Segle XX-XXI\",\"Vila\"],\"inLanguage\":\"ca\",\"potentialAction\":[{\"@type\":\"CommentAction\",\"name\":\"Comment\",\"target\":[\"https:\\\/\\\/www.elturistatranquil.com\\\/ca\\\/castell-de-torija-i-museu-del-viatge-a-la-alcarria-guadalajara\\\/#respond\"]}]},{\"@type\":\"WebPage\",\"@id\":\"https:\\\/\\\/www.elturistatranquil.com\\\/ca\\\/castell-de-torija-i-museu-del-viatge-a-la-alcarria-guadalajara\\\/\",\"url\":\"https:\\\/\\\/www.elturistatranquil.com\\\/ca\\\/castell-de-torija-i-museu-del-viatge-a-la-alcarria-guadalajara\\\/\",\"name\":\"Castell de Torija i Museu del Viatge a La Alcarria (Guadalajara) - El turista tranquil\",\"isPartOf\":{\"@id\":\"https:\\\/\\\/www.elturistatranquil.com\\\/ca\\\/#website\"},\"primaryImageOfPage\":{\"@id\":\"https:\\\/\\\/www.elturistatranquil.com\\\/ca\\\/castell-de-torija-i-museu-del-viatge-a-la-alcarria-guadalajara\\\/#primaryimage\"},\"image\":{\"@id\":\"https:\\\/\\\/www.elturistatranquil.com\\\/ca\\\/castell-de-torija-i-museu-del-viatge-a-la-alcarria-guadalajara\\\/#primaryimage\"},\"thumbnailUrl\":\"https:\\\/\\\/www.elturistatranquil.com\\\/wp-content\\\/uploads\\\/F36-Castillo-de-Torija-Guadalajara.jpg\",\"datePublished\":\"2023-10-14T10:42:23+00:00\",\"dateModified\":\"2023-10-18T08:59:03+00:00\",\"author\":{\"@id\":\"https:\\\/\\\/www.elturistatranquil.com\\\/ca\\\/#\\\/schema\\\/person\\\/16f607c3079b96ed0c530a52e6b58bb5\"},\"description\":\"Al costat i visible des de l'A-2, a l'entrada de La Alcarria (Guadalajara) s'hi visualitza el castell senyorial de Torija. Al seu interior allotja el Museu del Viatge a La Alcarria i el Centre d'Interpretaci\u00f3 Tur\u00edstica de la Prov\u00edncia de Guadalajara.\",\"breadcrumb\":{\"@id\":\"https:\\\/\\\/www.elturistatranquil.com\\\/ca\\\/castell-de-torija-i-museu-del-viatge-a-la-alcarria-guadalajara\\\/#breadcrumb\"},\"inLanguage\":\"ca\",\"potentialAction\":[{\"@type\":\"ReadAction\",\"target\":[\"https:\\\/\\\/www.elturistatranquil.com\\\/ca\\\/castell-de-torija-i-museu-del-viatge-a-la-alcarria-guadalajara\\\/\"]}]},{\"@type\":\"ImageObject\",\"inLanguage\":\"ca\",\"@id\":\"https:\\\/\\\/www.elturistatranquil.com\\\/ca\\\/castell-de-torija-i-museu-del-viatge-a-la-alcarria-guadalajara\\\/#primaryimage\",\"url\":\"https:\\\/\\\/www.elturistatranquil.com\\\/wp-content\\\/uploads\\\/F36-Castillo-de-Torija-Guadalajara.jpg\",\"contentUrl\":\"https:\\\/\\\/www.elturistatranquil.com\\\/wp-content\\\/uploads\\\/F36-Castillo-de-Torija-Guadalajara.jpg\",\"width\":768,\"height\":511,\"caption\":\"Castillo de Torija, Guadalajara\"},{\"@type\":\"BreadcrumbList\",\"@id\":\"https:\\\/\\\/www.elturistatranquil.com\\\/ca\\\/castell-de-torija-i-museu-del-viatge-a-la-alcarria-guadalajara\\\/#breadcrumb\",\"itemListElement\":[{\"@type\":\"ListItem\",\"position\":1,\"name\":\"Portada\",\"item\":\"https:\\\/\\\/www.elturistatranquil.com\\\/ca\\\/\"},{\"@type\":\"ListItem\",\"position\":2,\"name\":\"Castell de Torija i Museu del Viatge a La Alcarria (Guadalajara)\"}]},{\"@type\":\"WebSite\",\"@id\":\"https:\\\/\\\/www.elturistatranquil.com\\\/ca\\\/#website\",\"url\":\"https:\\\/\\\/www.elturistatranquil.com\\\/ca\\\/\",\"name\":\"El turista tranquil\",\"description\":\"Blog de viatges\",\"potentialAction\":[{\"@type\":\"SearchAction\",\"target\":{\"@type\":\"EntryPoint\",\"urlTemplate\":\"https:\\\/\\\/www.elturistatranquil.com\\\/ca\\\/?s={search_term_string}\"},\"query-input\":{\"@type\":\"PropertyValueSpecification\",\"valueRequired\":true,\"valueName\":\"search_term_string\"}}],\"inLanguage\":\"ca\"},{\"@type\":\"Person\",\"@id\":\"https:\\\/\\\/www.elturistatranquil.com\\\/ca\\\/#\\\/schema\\\/person\\\/16f607c3079b96ed0c530a52e6b58bb5\",\"name\":\"admin\",\"image\":{\"@type\":\"ImageObject\",\"inLanguage\":\"ca\",\"@id\":\"https:\\\/\\\/secure.gravatar.com\\\/avatar\\\/1fbaf22aee75fcbb29a2f97b107f95d25d3a19b7c3416105be10269872673e8d?s=96&d=mm&r=g\",\"url\":\"https:\\\/\\\/secure.gravatar.com\\\/avatar\\\/1fbaf22aee75fcbb29a2f97b107f95d25d3a19b7c3416105be10269872673e8d?s=96&d=mm&r=g\",\"contentUrl\":\"https:\\\/\\\/secure.gravatar.com\\\/avatar\\\/1fbaf22aee75fcbb29a2f97b107f95d25d3a19b7c3416105be10269872673e8d?s=96&d=mm&r=g\",\"caption\":\"admin\"}}]}<\/script>\n<!-- \/ Yoast SEO plugin. -->","yoast_head_json":{"title":"Castell de Torija i Museu del Viatge a La Alcarria (Guadalajara) - El turista tranquil","description":"Al costat i visible des de l'A-2, a l'entrada de La Alcarria (Guadalajara) s'hi visualitza el castell senyorial de Torija. Al seu interior allotja el Museu del Viatge a La Alcarria i el Centre d'Interpretaci\u00f3 Tur\u00edstica de la Prov\u00edncia de Guadalajara.","robots":{"index":"index","follow":"follow","max-snippet":"max-snippet:-1","max-image-preview":"max-image-preview:large","max-video-preview":"max-video-preview:-1"},"canonical":"https:\/\/www.elturistatranquil.com\/ca\/castell-de-torija-i-museu-del-viatge-a-la-alcarria-guadalajara\/","og_locale":"ca_ES","og_type":"article","og_title":"Castell de Torija i Museu del Viatge a La Alcarria (Guadalajara) - El turista tranquil","og_description":"Al costat i visible des de l'A-2, a l'entrada de La Alcarria (Guadalajara) s'hi visualitza el castell senyorial de Torija. Al seu interior allotja el Museu del Viatge a La Alcarria i el Centre d'Interpretaci\u00f3 Tur\u00edstica de la Prov\u00edncia de Guadalajara.","og_url":"https:\/\/www.elturistatranquil.com\/ca\/castell-de-torija-i-museu-del-viatge-a-la-alcarria-guadalajara\/","og_site_name":"El turista tranquil","article_publisher":"https:\/\/www.facebook.com\/elturistatranquilo\/","article_published_time":"2023-10-14T10:42:23+00:00","article_modified_time":"2023-10-18T08:59:03+00:00","og_image":[{"width":768,"height":511,"url":"https:\/\/www.elturistatranquil.com\/wp-content\/uploads\/F36-Castillo-de-Torija-Guadalajara.jpg","type":"image\/jpeg"}],"author":"admin","twitter_card":"summary_large_image","twitter_misc":{"Escrit per":"admin","Temps estimat de lectura":"46 minuts"},"schema":{"@context":"https:\/\/schema.org","@graph":[{"@type":"Article","@id":"https:\/\/www.elturistatranquil.com\/ca\/castell-de-torija-i-museu-del-viatge-a-la-alcarria-guadalajara\/#article","isPartOf":{"@id":"https:\/\/www.elturistatranquil.com\/ca\/castell-de-torija-i-museu-del-viatge-a-la-alcarria-guadalajara\/"},"author":{"name":"admin","@id":"https:\/\/www.elturistatranquil.com\/ca\/#\/schema\/person\/16f607c3079b96ed0c530a52e6b58bb5"},"headline":"Castell de Torija i Museu del Viatge a La Alcarria (Guadalajara)","datePublished":"2023-10-14T10:42:23+00:00","dateModified":"2023-10-18T08:59:03+00:00","mainEntityOfPage":{"@id":"https:\/\/www.elturistatranquil.com\/ca\/castell-de-torija-i-museu-del-viatge-a-la-alcarria-guadalajara\/"},"wordCount":4822,"commentCount":0,"image":{"@id":"https:\/\/www.elturistatranquil.com\/ca\/castell-de-torija-i-museu-del-viatge-a-la-alcarria-guadalajara\/#primaryimage"},"thumbnailUrl":"https:\/\/www.elturistatranquil.com\/wp-content\/uploads\/F36-Castillo-de-Torija-Guadalajara.jpg","articleSection":["Arquitectura popular","Castells, Muralles","Edat mitjana","Etnografia","Guadalajara","Hist\u00f2ria","Joies al territori","Museus","Segle XX-XXI","Vila"],"inLanguage":"ca","potentialAction":[{"@type":"CommentAction","name":"Comment","target":["https:\/\/www.elturistatranquil.com\/ca\/castell-de-torija-i-museu-del-viatge-a-la-alcarria-guadalajara\/#respond"]}]},{"@type":"WebPage","@id":"https:\/\/www.elturistatranquil.com\/ca\/castell-de-torija-i-museu-del-viatge-a-la-alcarria-guadalajara\/","url":"https:\/\/www.elturistatranquil.com\/ca\/castell-de-torija-i-museu-del-viatge-a-la-alcarria-guadalajara\/","name":"Castell de Torija i Museu del Viatge a La Alcarria (Guadalajara) - El turista tranquil","isPartOf":{"@id":"https:\/\/www.elturistatranquil.com\/ca\/#website"},"primaryImageOfPage":{"@id":"https:\/\/www.elturistatranquil.com\/ca\/castell-de-torija-i-museu-del-viatge-a-la-alcarria-guadalajara\/#primaryimage"},"image":{"@id":"https:\/\/www.elturistatranquil.com\/ca\/castell-de-torija-i-museu-del-viatge-a-la-alcarria-guadalajara\/#primaryimage"},"thumbnailUrl":"https:\/\/www.elturistatranquil.com\/wp-content\/uploads\/F36-Castillo-de-Torija-Guadalajara.jpg","datePublished":"2023-10-14T10:42:23+00:00","dateModified":"2023-10-18T08:59:03+00:00","author":{"@id":"https:\/\/www.elturistatranquil.com\/ca\/#\/schema\/person\/16f607c3079b96ed0c530a52e6b58bb5"},"description":"Al costat i visible des de l'A-2, a l'entrada de La Alcarria (Guadalajara) s'hi visualitza el castell senyorial de Torija. Al seu interior allotja el Museu del Viatge a La Alcarria i el Centre d'Interpretaci\u00f3 Tur\u00edstica de la Prov\u00edncia de Guadalajara.","breadcrumb":{"@id":"https:\/\/www.elturistatranquil.com\/ca\/castell-de-torija-i-museu-del-viatge-a-la-alcarria-guadalajara\/#breadcrumb"},"inLanguage":"ca","potentialAction":[{"@type":"ReadAction","target":["https:\/\/www.elturistatranquil.com\/ca\/castell-de-torija-i-museu-del-viatge-a-la-alcarria-guadalajara\/"]}]},{"@type":"ImageObject","inLanguage":"ca","@id":"https:\/\/www.elturistatranquil.com\/ca\/castell-de-torija-i-museu-del-viatge-a-la-alcarria-guadalajara\/#primaryimage","url":"https:\/\/www.elturistatranquil.com\/wp-content\/uploads\/F36-Castillo-de-Torija-Guadalajara.jpg","contentUrl":"https:\/\/www.elturistatranquil.com\/wp-content\/uploads\/F36-Castillo-de-Torija-Guadalajara.jpg","width":768,"height":511,"caption":"Castillo de Torija, Guadalajara"},{"@type":"BreadcrumbList","@id":"https:\/\/www.elturistatranquil.com\/ca\/castell-de-torija-i-museu-del-viatge-a-la-alcarria-guadalajara\/#breadcrumb","itemListElement":[{"@type":"ListItem","position":1,"name":"Portada","item":"https:\/\/www.elturistatranquil.com\/ca\/"},{"@type":"ListItem","position":2,"name":"Castell de Torija i Museu del Viatge a La Alcarria (Guadalajara)"}]},{"@type":"WebSite","@id":"https:\/\/www.elturistatranquil.com\/ca\/#website","url":"https:\/\/www.elturistatranquil.com\/ca\/","name":"El turista tranquil","description":"Blog de viatges","potentialAction":[{"@type":"SearchAction","target":{"@type":"EntryPoint","urlTemplate":"https:\/\/www.elturistatranquil.com\/ca\/?s={search_term_string}"},"query-input":{"@type":"PropertyValueSpecification","valueRequired":true,"valueName":"search_term_string"}}],"inLanguage":"ca"},{"@type":"Person","@id":"https:\/\/www.elturistatranquil.com\/ca\/#\/schema\/person\/16f607c3079b96ed0c530a52e6b58bb5","name":"admin","image":{"@type":"ImageObject","inLanguage":"ca","@id":"https:\/\/secure.gravatar.com\/avatar\/1fbaf22aee75fcbb29a2f97b107f95d25d3a19b7c3416105be10269872673e8d?s=96&d=mm&r=g","url":"https:\/\/secure.gravatar.com\/avatar\/1fbaf22aee75fcbb29a2f97b107f95d25d3a19b7c3416105be10269872673e8d?s=96&d=mm&r=g","contentUrl":"https:\/\/secure.gravatar.com\/avatar\/1fbaf22aee75fcbb29a2f97b107f95d25d3a19b7c3416105be10269872673e8d?s=96&d=mm&r=g","caption":"admin"}}]}},"_links":{"self":[{"href":"https:\/\/www.elturistatranquil.com\/ca\/wp-json\/wp\/v2\/posts\/49766","targetHints":{"allow":["GET"]}}],"collection":[{"href":"https:\/\/www.elturistatranquil.com\/ca\/wp-json\/wp\/v2\/posts"}],"about":[{"href":"https:\/\/www.elturistatranquil.com\/ca\/wp-json\/wp\/v2\/types\/post"}],"author":[{"embeddable":true,"href":"https:\/\/www.elturistatranquil.com\/ca\/wp-json\/wp\/v2\/users\/1"}],"replies":[{"embeddable":true,"href":"https:\/\/www.elturistatranquil.com\/ca\/wp-json\/wp\/v2\/comments?post=49766"}],"version-history":[{"count":5,"href":"https:\/\/www.elturistatranquil.com\/ca\/wp-json\/wp\/v2\/posts\/49766\/revisions"}],"predecessor-version":[{"id":49779,"href":"https:\/\/www.elturistatranquil.com\/ca\/wp-json\/wp\/v2\/posts\/49766\/revisions\/49779"}],"wp:featuredmedia":[{"embeddable":true,"href":"https:\/\/www.elturistatranquil.com\/ca\/wp-json\/wp\/v2\/media\/49563"}],"wp:attachment":[{"href":"https:\/\/www.elturistatranquil.com\/ca\/wp-json\/wp\/v2\/media?parent=49766"}],"wp:term":[{"taxonomy":"category","embeddable":true,"href":"https:\/\/www.elturistatranquil.com\/ca\/wp-json\/wp\/v2\/categories?post=49766"},{"taxonomy":"post_tag","embeddable":true,"href":"https:\/\/www.elturistatranquil.com\/ca\/wp-json\/wp\/v2\/tags?post=49766"}],"curies":[{"name":"wp","href":"https:\/\/api.w.org\/{rel}","templated":true}]}}