{"id":4997,"date":"2018-08-04T11:40:41","date_gmt":"2018-08-04T09:40:41","guid":{"rendered":"https:\/\/www.elturistatranquil.com\/?p=4997"},"modified":"2021-04-23T10:55:29","modified_gmt":"2021-04-23T08:55:29","slug":"las-hurdes","status":"publish","type":"post","link":"https:\/\/www.elturistatranquil.com\/ca\/las-hurdes\/","title":{"rendered":"Las Hurdes (C\u00e1ceres)"},"content":{"rendered":"\t\t<div data-elementor-type=\"wp-post\" data-elementor-id=\"4997\" class=\"elementor elementor-4997 elementor-4838\" data-elementor-post-type=\"post\">\n\t\t\t\t\t\t<section class=\"elementor-section elementor-top-section elementor-element elementor-element-98eda03 elementor-section-boxed elementor-section-height-default elementor-section-height-default\" data-id=\"98eda03\" data-element_type=\"section\" data-e-type=\"section\">\n\t\t\t\t\t\t<div class=\"elementor-container elementor-column-gap-default\">\n\t\t\t\t\t<div class=\"elementor-column elementor-col-100 elementor-top-column elementor-element elementor-element-71ed1207\" data-id=\"71ed1207\" data-element_type=\"column\" data-e-type=\"column\">\n\t\t\t<div class=\"elementor-widget-wrap elementor-element-populated\">\n\t\t\t\t\t\t<section class=\"elementor-section elementor-inner-section elementor-element elementor-element-8f4759 elementor-section-content-middle elementor-section-boxed elementor-section-height-default elementor-section-height-default\" data-id=\"8f4759\" data-element_type=\"section\" data-e-type=\"section\">\n\t\t\t\t\t\t<div class=\"elementor-container elementor-column-gap-default\">\n\t\t\t\t\t<div class=\"elementor-column elementor-col-100 elementor-inner-column elementor-element elementor-element-293986cf\" data-id=\"293986cf\" data-element_type=\"column\" data-e-type=\"column\">\n\t\t\t<div class=\"elementor-widget-wrap elementor-element-populated\">\n\t\t\t\t\t\t<div class=\"elementor-element elementor-element-251416b6 elementor-widget elementor-widget-text-editor\" data-id=\"251416b6\" data-element_type=\"widget\" data-e-type=\"widget\" data-widget_type=\"text-editor.default\">\n\t\t\t\t<div class=\"elementor-widget-container\">\n\t\t\t\t\t\t\t\t\t<p><em>Las Hurdes<\/em> (C\u00e1ceres) \u00e9s una comarca que en pocs anys ha sofert una profunda transformaci\u00f3 i que ara s\u2019ofereix com un territori ple d\u2019inter\u00e8s per un turisme tranquil, en una combinaci\u00f3 entre el medi geogr\u00e0fic i el cultural molt particular.<\/p>\t\t\t\t\t\t\t\t<\/div>\n\t\t\t\t<\/div>\n\t\t\t\t\t<\/div>\n\t\t<\/div>\n\t\t\t\t\t<\/div>\n\t\t<\/section>\n\t\t\t\t<div class=\"elementor-element elementor-element-1f95c189 elementor-widget elementor-widget-heading\" data-id=\"1f95c189\" data-element_type=\"widget\" data-e-type=\"widget\" data-widget_type=\"heading.default\">\n\t\t\t\t<div class=\"elementor-widget-container\">\n\t\t\t\t\t<h1 class=\"elementor-heading-title elementor-size-default\">Las Hurdes <\/h1>\t\t\t\t<\/div>\n\t\t\t\t<\/div>\n\t\t\t\t\t<\/div>\n\t\t<\/div>\n\t\t\t\t\t<\/div>\n\t\t<\/section>\n\t\t\t\t<section class=\"elementor-section elementor-top-section elementor-element elementor-element-5ca2f6cd elementor-section-boxed elementor-section-height-default elementor-section-height-default\" data-id=\"5ca2f6cd\" data-element_type=\"section\" data-e-type=\"section\">\n\t\t\t\t\t\t<div class=\"elementor-container elementor-column-gap-default\">\n\t\t\t\t\t<div class=\"elementor-column elementor-col-100 elementor-top-column elementor-element elementor-element-7fe4c82a\" data-id=\"7fe4c82a\" data-element_type=\"column\" data-e-type=\"column\">\n\t\t\t<div class=\"elementor-widget-wrap elementor-element-populated\">\n\t\t\t\t\t\t<div class=\"elementor-element elementor-element-78a2c2c9 elementor-widget elementor-widget-image\" data-id=\"78a2c2c9\" data-element_type=\"widget\" data-e-type=\"widget\" data-widget_type=\"image.default\">\n\t\t\t\t<div class=\"elementor-widget-container\">\n\t\t\t\t\t\t\t\t\t\t\t\t<figure class=\"wp-caption\">\n\t\t\t\t\t\t\t\t\t\t<img fetchpriority=\"high\" decoding=\"async\" width=\"800\" height=\"533\" src=\"https:\/\/www.elturistatranquil.com\/wp-content\/uploads\/F01-El-Gasco-Las-Hurdes-1.jpg\" class=\"attachment-large size-large wp-image-5002\" alt=\"\" srcset=\"https:\/\/www.elturistatranquil.com\/wp-content\/uploads\/F01-El-Gasco-Las-Hurdes-1.jpg 800w, https:\/\/www.elturistatranquil.com\/wp-content\/uploads\/F01-El-Gasco-Las-Hurdes-1-768x512.jpg 768w\" sizes=\"(max-width: 800px) 100vw, 800px\" \/>\t\t\t\t\t\t\t\t\t\t\t<figcaption class=\"widget-image-caption wp-caption-text\">El Gasco, Las Hurdes<\/figcaption>\n\t\t\t\t\t\t\t\t\t\t<\/figure>\n\t\t\t\t\t\t\t\t\t<\/div>\n\t\t\t\t<\/div>\n\t\t\t\t<div class=\"elementor-element elementor-element-5005becb elementor-widget elementor-widget-spacer\" data-id=\"5005becb\" data-element_type=\"widget\" data-e-type=\"widget\" data-widget_type=\"spacer.default\">\n\t\t\t\t<div class=\"elementor-widget-container\">\n\t\t\t\t\t\t\t<div class=\"elementor-spacer\">\n\t\t\t<div class=\"elementor-spacer-inner\"><\/div>\n\t\t<\/div>\n\t\t\t\t\t\t<\/div>\n\t\t\t\t<\/div>\n\t\t\t\t<div class=\"elementor-element elementor-element-7fffefe2 elementor-widget elementor-widget-heading\" data-id=\"7fffefe2\" data-element_type=\"widget\" data-e-type=\"widget\" data-widget_type=\"heading.default\">\n\t\t\t\t<div class=\"elementor-widget-container\">\n\t\t\t\t\t<h2 class=\"elementor-heading-title elementor-size-default\">Las Hurdes. C\u00e1ceres<\/h2>\t\t\t\t<\/div>\n\t\t\t\t<\/div>\n\t\t\t\t<section class=\"elementor-section elementor-inner-section elementor-element elementor-element-430bf7d8 elementor-section-boxed elementor-section-height-default elementor-section-height-default\" data-id=\"430bf7d8\" data-element_type=\"section\" data-e-type=\"section\" data-settings=\"{&quot;background_background&quot;:&quot;classic&quot;}\">\n\t\t\t\t\t\t<div class=\"elementor-container elementor-column-gap-default\">\n\t\t\t\t\t<div class=\"elementor-column elementor-col-100 elementor-inner-column elementor-element elementor-element-6efa349d\" data-id=\"6efa349d\" data-element_type=\"column\" data-e-type=\"column\" data-settings=\"{&quot;background_background&quot;:&quot;classic&quot;}\">\n\t\t\t<div class=\"elementor-widget-wrap elementor-element-populated\">\n\t\t\t\t\t\t<div class=\"elementor-element elementor-element-4fdd1597 elementor-widget elementor-widget-text-editor\" data-id=\"4fdd1597\" data-element_type=\"widget\" data-e-type=\"widget\" data-widget_type=\"text-editor.default\">\n\t\t\t\t<div class=\"elementor-widget-container\">\n\t\t\t\t\t\t\t\t\t<p>Mancomunidad Comarca de Las Hurdes: 6 caps de municipi: Pinofranqueado, Casar de Palomero, Caminomorisco, Nu\u00f1omoral, Casares de Las Hurdes y Ladrillar y 37 alqueries. Prov\u00edncia: C\u00e1ceres. Com. Aut\u00f2noma: Extremadura<\/p><p>Superf\u00edcie: 508 km<sup>2<\/sup>. Altitud m\u00e0xima: <em>El Mingorro<\/em>, 1.627msnm. Poblaci\u00f3:\u00a0\u00a0 6.108 habitants (2017). Nucli amb m\u00e0xim de poblaci\u00f3: Pinofranqueado: 1.244 habitants.<\/p><p><span style=\"background: white;\">Web<span style=\"color: #0070c0;\">: <a href=\"http:\/\/www.mancomunidadhurdes.org\/\" target=\"_blank\" rel=\"noopener\">mancomunidadhurdes<\/a><\/span><\/span><\/p><p>Estada: 2016<\/p>\t\t\t\t\t\t\t\t<\/div>\n\t\t\t\t<\/div>\n\t\t\t\t\t<\/div>\n\t\t<\/div>\n\t\t\t\t\t<\/div>\n\t\t<\/section>\n\t\t\t\t<div class=\"elementor-element elementor-element-e8706e elementor-widget elementor-widget-image\" data-id=\"e8706e\" data-element_type=\"widget\" data-e-type=\"widget\" data-widget_type=\"image.default\">\n\t\t\t\t<div class=\"elementor-widget-container\">\n\t\t\t\t\t\t\t\t\t\t\t\t<figure class=\"wp-caption\">\n\t\t\t\t\t\t\t\t\t\t<img decoding=\"async\" width=\"768\" height=\"468\" src=\"https:\/\/www.elturistatranquil.com\/wp-content\/uploads\/F02-Las-Hurdes-Comarca-Google-maps-2018-08-02-b-1-768x468.jpg\" class=\"attachment-medium_large size-medium_large wp-image-5004\" alt=\"\" srcset=\"https:\/\/www.elturistatranquil.com\/wp-content\/uploads\/F02-Las-Hurdes-Comarca-Google-maps-2018-08-02-b-1-768x468.jpg 768w, https:\/\/www.elturistatranquil.com\/wp-content\/uploads\/F02-Las-Hurdes-Comarca-Google-maps-2018-08-02-b-1.jpg 800w\" sizes=\"(max-width: 768px) 100vw, 768px\" \/>\t\t\t\t\t\t\t\t\t\t\t<figcaption class=\"widget-image-caption wp-caption-text\">Mapa de situaci\u00f3 de Las Hurdes (Google maps 2018-08-02)<\/figcaption>\n\t\t\t\t\t\t\t\t\t\t<\/figure>\n\t\t\t\t\t\t\t\t\t<\/div>\n\t\t\t\t<\/div>\n\t\t\t\t<section class=\"elementor-section elementor-inner-section elementor-element elementor-element-68d5b924 elementor-section-boxed elementor-section-height-default elementor-section-height-default\" data-id=\"68d5b924\" data-element_type=\"section\" data-e-type=\"section\" data-settings=\"{&quot;background_background&quot;:&quot;classic&quot;}\">\n\t\t\t\t\t\t<div class=\"elementor-container elementor-column-gap-default\">\n\t\t\t\t\t<div class=\"elementor-column elementor-col-100 elementor-inner-column elementor-element elementor-element-486af33e\" data-id=\"486af33e\" data-element_type=\"column\" data-e-type=\"column\">\n\t\t\t<div class=\"elementor-widget-wrap elementor-element-populated\">\n\t\t\t\t\t\t<div class=\"elementor-element elementor-element-3f98cb6d elementor-widget elementor-widget-text-editor\" data-id=\"3f98cb6d\" data-element_type=\"widget\" data-e-type=\"widget\" data-widget_type=\"text-editor.default\">\n\t\t\t\t<div class=\"elementor-widget-container\">\n\t\t\t\t\t\t\t\t\t<h6>\u00cdndex<\/h6>\t\t\t\t\t\t\t\t<\/div>\n\t\t\t\t<\/div>\n\t\t\t\t<div class=\"elementor-element elementor-element-6736efd elementor-widget elementor-widget-text-editor\" data-id=\"6736efd\" data-element_type=\"widget\" data-e-type=\"widget\" data-widget_type=\"text-editor.default\">\n\t\t\t\t<div class=\"elementor-widget-container\">\n\t\t\t\t\t\t\t\t\t<p><a href=\"https:\/\/www.elturistatranquil.com\/ca\/las-hurdes\/#c1301\">Las Hurdes. C\u00e1ceres<\/a><\/p>\t\t\t\t\t\t\t\t<\/div>\n\t\t\t\t<\/div>\n\t\t\t\t<div class=\"elementor-element elementor-element-2745700 elementor-widget elementor-widget-text-editor\" data-id=\"2745700\" data-element_type=\"widget\" data-e-type=\"widget\" data-widget_type=\"text-editor.default\">\n\t\t\t\t<div class=\"elementor-widget-container\">\n\t\t\t\t\t\t\t\t\t<p><a href=\"https:\/\/www.elturistatranquil.com\/ca\/las-hurdes\/#c1302\">Arquitectura tradicional<\/a><\/p>\t\t\t\t\t\t\t\t<\/div>\n\t\t\t\t<\/div>\n\t\t\t\t<div class=\"elementor-element elementor-element-20dc7133 elementor-widget elementor-widget-text-editor\" data-id=\"20dc7133\" data-element_type=\"widget\" data-e-type=\"widget\" data-widget_type=\"text-editor.default\">\n\t\t\t\t<div class=\"elementor-widget-container\">\n\t\t\t\t\t\t\t\t\t<p><a href=\"https:\/\/www.elturistatranquil.com\/ca\/las-hurdes\/#c1303\">Pobles i llocs d\u2019inter\u00e9s visitats<\/a><\/p>\t\t\t\t\t\t\t\t<\/div>\n\t\t\t\t<\/div>\n\t\t\t\t<div class=\"elementor-element elementor-element-52e4505c elementor-widget elementor-widget-text-editor\" data-id=\"52e4505c\" data-element_type=\"widget\" data-e-type=\"widget\" data-widget_type=\"text-editor.default\">\n\t\t\t\t<div class=\"elementor-widget-container\">\n\t\t\t\t\t\t\t\t\t<p><a href=\"https:\/\/www.elturistatranquil.com\/ca\/las-hurdes\/#c1304\">Casares de las Hurdes (A)<\/a><\/p>\t\t\t\t\t\t\t\t<\/div>\n\t\t\t\t<\/div>\n\t\t\t\t<div class=\"elementor-element elementor-element-638b3e6b elementor-widget elementor-widget-text-editor\" data-id=\"638b3e6b\" data-element_type=\"widget\" data-e-type=\"widget\" data-widget_type=\"text-editor.default\">\n\t\t\t\t<div class=\"elementor-widget-container\">\n\t\t\t\t\t\t\t\t\t<p><a href=\"https:\/\/www.elturistatranquil.com\/ca\/las-hurdes\/#c1305\">El Gasco (B)<\/a><\/p>\t\t\t\t\t\t\t\t<\/div>\n\t\t\t\t<\/div>\n\t\t\t\t<div class=\"elementor-element elementor-element-38f0236e elementor-widget elementor-widget-text-editor\" data-id=\"38f0236e\" data-element_type=\"widget\" data-e-type=\"widget\" data-widget_type=\"text-editor.default\">\n\t\t\t\t<div class=\"elementor-widget-container\">\n\t\t\t\t\t\t\t\t\t<p><a href=\"https:\/\/www.elturistatranquil.com\/ca\/las-hurdes\/#c1306\">Chorro de la Miacera (C)<\/a><\/p>\t\t\t\t\t\t\t\t<\/div>\n\t\t\t\t<\/div>\n\t\t\t\t<div class=\"elementor-element elementor-element-3828d3ba elementor-widget elementor-widget-text-editor\" data-id=\"3828d3ba\" data-element_type=\"widget\" data-e-type=\"widget\" data-widget_type=\"text-editor.default\">\n\t\t\t\t<div class=\"elementor-widget-container\">\n\t\t\t\t\t\t\t\t\t<p><a href=\"https:\/\/www.elturistatranquil.com\/ca\/las-hurdes\/#c1307\">Mirador de las Estrellas (D) i Mirador de la Carrasca (E)<\/a><\/p>\t\t\t\t\t\t\t\t<\/div>\n\t\t\t\t<\/div>\n\t\t\t\t<div class=\"elementor-element elementor-element-52d3f083 elementor-widget elementor-widget-text-editor\" data-id=\"52d3f083\" data-element_type=\"widget\" data-e-type=\"widget\" data-widget_type=\"text-editor.default\">\n\t\t\t\t<div class=\"elementor-widget-container\">\n\t\t\t\t\t\t\t\t\t<p><a href=\"https:\/\/www.elturistatranquil.com\/ca\/las-hurdes\/#c1308\">Riomalo de Arriba (F) i Ladrillar (G)<\/a><\/p>\t\t\t\t\t\t\t\t<\/div>\n\t\t\t\t<\/div>\n\t\t\t\t<div class=\"elementor-element elementor-element-39a86b1d elementor-widget elementor-widget-text-editor\" data-id=\"39a86b1d\" data-element_type=\"widget\" data-e-type=\"widget\" data-widget_type=\"text-editor.default\">\n\t\t\t\t<div class=\"elementor-widget-container\">\n\t\t\t\t\t\t\t\t\t<p><a href=\"https:\/\/www.elturistatranquil.com\/ca\/las-hurdes\/#c1309\">Meandro de Melero (H)<\/a><\/p>\t\t\t\t\t\t\t\t<\/div>\n\t\t\t\t<\/div>\n\t\t\t\t<div class=\"elementor-element elementor-element-1747d86b elementor-widget elementor-widget-text-editor\" data-id=\"1747d86b\" data-element_type=\"widget\" data-e-type=\"widget\" data-widget_type=\"text-editor.default\">\n\t\t\t\t<div class=\"elementor-widget-container\">\n\t\t\t\t\t\t\t\t\t<p><a href=\"https:\/\/www.elturistatranquil.com\/ca\/las-hurdes\/#c1310\">Asegur\u00a0 (I)<\/a><\/p>\t\t\t\t\t\t\t\t<\/div>\n\t\t\t\t<\/div>\n\t\t\t\t<div class=\"elementor-element elementor-element-49599f86 elementor-widget elementor-widget-text-editor\" data-id=\"49599f86\" data-element_type=\"widget\" data-e-type=\"widget\" data-widget_type=\"text-editor.default\">\n\t\t\t\t<div class=\"elementor-widget-container\">\n\t\t\t\t\t\t\t\t\t<p><a href=\"https:\/\/www.elturistatranquil.com\/ca\/las-hurdes\/#c1311\">Lagar de Er\u00edas (J)<\/a><\/p>\t\t\t\t\t\t\t\t<\/div>\n\t\t\t\t<\/div>\n\t\t\t\t<div class=\"elementor-element elementor-element-3a3f2113 elementor-widget elementor-widget-text-editor\" data-id=\"3a3f2113\" data-element_type=\"widget\" data-e-type=\"widget\" data-widget_type=\"text-editor.default\">\n\t\t\t\t<div class=\"elementor-widget-container\">\n\t\t\t\t\t\t\t\t\t<p><a href=\"https:\/\/www.elturistatranquil.com\/ca\/las-hurdes\/#c1312\">Convento de los \u00c1ngeles (K)<\/a><\/p>\t\t\t\t\t\t\t\t<\/div>\n\t\t\t\t<\/div>\n\t\t\t\t<div class=\"elementor-element elementor-element-2e649805 elementor-widget elementor-widget-text-editor\" data-id=\"2e649805\" data-element_type=\"widget\" data-e-type=\"widget\" data-widget_type=\"text-editor.default\">\n\t\t\t\t<div class=\"elementor-widget-container\">\n\t\t\t\t\t\t\t\t\t<p><a href=\"https:\/\/www.elturistatranquil.com\/ca\/las-hurdes\/#c1313\">Pinofranqueado (L)<\/a><\/p>\t\t\t\t\t\t\t\t<\/div>\n\t\t\t\t<\/div>\n\t\t\t\t<div class=\"elementor-element elementor-element-2f8a0c0a elementor-widget elementor-widget-text-editor\" data-id=\"2f8a0c0a\" data-element_type=\"widget\" data-e-type=\"widget\" data-widget_type=\"text-editor.default\">\n\t\t\t\t<div class=\"elementor-widget-container\">\n\t\t\t\t\t\t\t\t\t<p><a href=\"https:\/\/www.elturistatranquil.com\/ca\/las-hurdes\/#c1314\">Reflexions finales<\/a><\/p>\t\t\t\t\t\t\t\t<\/div>\n\t\t\t\t<\/div>\n\t\t\t\t<div class=\"elementor-element elementor-element-1bba6695 elementor-widget elementor-widget-text-editor\" data-id=\"1bba6695\" data-element_type=\"widget\" data-e-type=\"widget\" data-widget_type=\"text-editor.default\">\n\t\t\t\t<div class=\"elementor-widget-container\">\n\t\t\t\t\t\t\t\t\t<p><a href=\"https:\/\/www.elturistatranquil.com\/ca\/las-hurdes\/#c1315\">Bases d\u2019informaci\u00f3<\/a><\/p>\t\t\t\t\t\t\t\t<\/div>\n\t\t\t\t<\/div>\n\t\t\t\t\t<\/div>\n\t\t<\/div>\n\t\t\t\t\t<\/div>\n\t\t<\/section>\n\t\t\t\t<div class=\"elementor-element elementor-element-68e80199 elementor-widget elementor-widget-spacer\" data-id=\"68e80199\" data-element_type=\"widget\" data-e-type=\"widget\" data-widget_type=\"spacer.default\">\n\t\t\t\t<div class=\"elementor-widget-container\">\n\t\t\t\t\t\t\t<div class=\"elementor-spacer\">\n\t\t\t<div class=\"elementor-spacer-inner\"><\/div>\n\t\t<\/div>\n\t\t\t\t\t\t<\/div>\n\t\t\t\t<\/div>\n\t\t\t\t<div class=\"elementor-element elementor-element-2d042327 elementor-widget elementor-widget-menu-anchor\" data-id=\"2d042327\" data-element_type=\"widget\" data-e-type=\"widget\" data-widget_type=\"menu-anchor.default\">\n\t\t\t\t<div class=\"elementor-widget-container\">\n\t\t\t\t\t\t\t<div class=\"elementor-menu-anchor\" id=\"c1301\"><\/div>\n\t\t\t\t\t\t<\/div>\n\t\t\t\t<\/div>\n\t\t\t\t<div class=\"elementor-element elementor-element-68b38144 elementor-widget elementor-widget-heading\" data-id=\"68b38144\" data-element_type=\"widget\" data-e-type=\"widget\" data-widget_type=\"heading.default\">\n\t\t\t\t<div class=\"elementor-widget-container\">\n\t\t\t\t\t<h2 class=\"elementor-heading-title elementor-size-default\">Las Hurdes. C\u00e1ceres<\/h2>\t\t\t\t<\/div>\n\t\t\t\t<\/div>\n\t\t\t\t<div class=\"elementor-element elementor-element-18a6f51 elementor-widget elementor-widget-text-editor\" data-id=\"18a6f51\" data-element_type=\"widget\" data-e-type=\"widget\" data-widget_type=\"text-editor.default\">\n\t\t\t\t<div class=\"elementor-widget-container\">\n\t\t\t\t\t\t\t\t\t<p>Ens dirigirem a la comarca de <strong>Las Hurdes<\/strong> (C\u00e1ceres) i triarem com hostatge la <a href=\"https:\/\/www.elturistatranquil.com\/ca\/aldea-la-cabachuela-allotjaments-rurals-las-hurdes\/\" target=\"_blank\" rel=\"noopener\"><strong>Aldea La Cabachuela<\/strong><\/a>, un conjunt d\u2019allotjaments rurals al poble de <strong>Casares de las Hurdes<\/strong>.<\/p>\t\t\t\t\t\t\t\t<\/div>\n\t\t\t\t<\/div>\n\t\t\t\t<div class=\"elementor-element elementor-element-1c7c09ff elementor-widget elementor-widget-image\" data-id=\"1c7c09ff\" data-element_type=\"widget\" data-e-type=\"widget\" data-widget_type=\"image.default\">\n\t\t\t\t<div class=\"elementor-widget-container\">\n\t\t\t\t\t\t\t\t\t\t\t\t<figure class=\"wp-caption\">\n\t\t\t\t\t\t\t\t\t\t<img decoding=\"async\" width=\"800\" height=\"532\" src=\"https:\/\/www.elturistatranquil.com\/wp-content\/uploads\/F03-Las-Hurdes-Comarca-Google-maps-2018-07-25-d-1.jpg\" class=\"attachment-large size-large wp-image-5006\" alt=\"\" srcset=\"https:\/\/www.elturistatranquil.com\/wp-content\/uploads\/F03-Las-Hurdes-Comarca-Google-maps-2018-07-25-d-1.jpg 800w, https:\/\/www.elturistatranquil.com\/wp-content\/uploads\/F03-Las-Hurdes-Comarca-Google-maps-2018-07-25-d-1-768x511.jpg 768w\" sizes=\"(max-width: 800px) 100vw, 800px\" \/>\t\t\t\t\t\t\t\t\t\t\t<figcaption class=\"widget-image-caption wp-caption-text\">Comarca de Las Hurdes segons Google maps (2018-07-25). A la Mancomunitat de municipis actual caldria ampliar l\u2019\u00e0rea pel sud, fins la zona muntanyosa de Pinofranquedao<\/figcaption>\n\t\t\t\t\t\t\t\t\t\t<\/figure>\n\t\t\t\t\t\t\t\t\t<\/div>\n\t\t\t\t<\/div>\n\t\t\t\t<div class=\"elementor-element elementor-element-2c9f50e elementor-widget elementor-widget-image\" data-id=\"2c9f50e\" data-element_type=\"widget\" data-e-type=\"widget\" data-widget_type=\"image.default\">\n\t\t\t\t<div class=\"elementor-widget-container\">\n\t\t\t\t\t\t\t\t\t\t\t\t<figure class=\"wp-caption\">\n\t\t\t\t\t\t\t\t\t\t<img loading=\"lazy\" decoding=\"async\" width=\"800\" height=\"533\" src=\"https:\/\/www.elturistatranquil.com\/wp-content\/uploads\/F04-Las-Hurdes-1-1.jpg\" class=\"attachment-large size-large wp-image-5008\" alt=\"\" srcset=\"https:\/\/www.elturistatranquil.com\/wp-content\/uploads\/F04-Las-Hurdes-1-1.jpg 800w, https:\/\/www.elturistatranquil.com\/wp-content\/uploads\/F04-Las-Hurdes-1-1-768x512.jpg 768w\" sizes=\"(max-width: 800px) 100vw, 800px\" \/>\t\t\t\t\t\t\t\t\t\t\t<figcaption class=\"widget-image-caption wp-caption-text\">Llocs visitats. Refer\u00e8ncies per a la localitzaci\u00f3 al text<\/figcaption>\n\t\t\t\t\t\t\t\t\t\t<\/figure>\n\t\t\t\t\t\t\t\t\t<\/div>\n\t\t\t\t<\/div>\n\t\t\t\t<div class=\"elementor-element elementor-element-39636196 elementor-widget elementor-widget-text-editor\" data-id=\"39636196\" data-element_type=\"widget\" data-e-type=\"widget\" data-widget_type=\"text-editor.default\">\n\t\t\t\t<div class=\"elementor-widget-container\">\n\t\t\t\t\t\t\t\t\t<p>Per a la gent de la meva generaci\u00f3, hi havia a Espanya uns territoris quasi m\u00edtics que van formar part de la nostra educaci\u00f3 sentimental. Unes lectures de viatges inconformistes s\u2019endinsaven en la Espanya pobre i abandonada &#8211;<em>campos de Nijar, tierra de olivos, los Monegros<\/em>-, i una sobresortia entre totes: <em>Las Hurdes, tierra sin pan<\/em>, merc\u00e8s al m\u00edtic -i prohibit- documental de Luis Bu\u00f1uel i al llibre <em>Caminando por Las Hurdes<\/em> de Antonio Ferr\u00e9s y Armando L\u00f3pez Salinas.<\/p><p>Per fi, l\u2019any 2016 vaig tenir l\u2019ocasi\u00f3 d\u2019anar a aquest territori, <em>Las Hurdes<\/em>, amb una barreja de sentiments, entre el record del que havia estat i la nova realitat que devia haver esdevingut al integrar-se en els circu\u00efts tur\u00edstics del segle XXI. Com seria ara aquest territori era la inc\u00f2gnita.<\/p><p>La primera constataci\u00f3 \u00e9s veure com poden canviar les condicions d\u2019un territori si hi ha voluntat per fer-ho. La segona, com l\u2019obertura de vies de comunicaci\u00f3 poden incidir sobre les condicions de vida. La tercera, el paper que pot jugar el turisme en aquest proc\u00e9s a l\u2019actualitat, com a part del canvi en la base econ\u00f2mica agr\u00e0ria de subsist\u00e8ncia ancestral. Turisme de visitants forans, com tamb\u00e9 turisme estacional d\u2019antics residents emigrats que retornen any rere any als or\u00edgens.<\/p><p>No estic aqu\u00ed per fer un tractat de desenvolupament local i territorial, ni per analitzar el paper que poden haver tingut les pol\u00edtiques regionals de la Uni\u00f3 Europea, ni l\u2019encert , o no, de les pol\u00edtiques aplicades. Per\u00f2 considero que calia fer-ne un esment a aquests fets per fer-se preguntes, i obtenir algunes respostes, a la visita tur\u00edstica d\u2019un territori com aquest.<\/p><p>Las Hurdes \u00e9s un territori conegut per la seva marginalitat des de fa segles. Vegis l\u2019obra de <em>Lope de Vega, \u201c<a href=\"http:\/\/www.biblioteca.org.ar\/libros\/89335.pdf\">Las Batuecas del duque de Alba\u201d<\/a><\/em>, escrita aproximadament l\u2019any 1600. Per\u00f2 la tesi doctoral del ge\u00f2graf franc\u00e8s <em>Maurice Legendre Molde: Las Hurdes: estudio de geograf\u00eda humana<\/em> de 1927, i dues filmacions del primer ter\u00e7 del segle XX que en van deixar una const\u00e0ncia visual impactant:\u00a0&#8220;<a href=\"https:\/\/www.youtube.com\/watch?v=U0oHjp8A1Yk#t=763.175372\" target=\"_blank\" rel=\"noopener\"><em>Las Hurdes. El viaje de S. M. el Rey D. Alfonso XIII<\/em><\/a>&#8221;\u00a0viatge realitzar el 1922, i el fam\u00f3s documental de <em>Luis Bu\u00f1uel:\u00a0<\/em><em>&#8220;<a href=\"https:\/\/www.youtube.com\/watch?v=qO86FO1bs6g\" target=\"_blank\" rel=\"noopener\">Las Hurdes. Tierra sin pan<\/a><\/em>&#8221;\u00a0de 1933, mostraven la marginalitat d\u2019aquestes terres. Una reflexi\u00f3 lateral em ve al cap: Quin \u00e9s el grau de responsabilitat que en situacions com aquesta han tingut els senyors feudals, propietaris d\u2019homes i d\u2019hisendes, dels seus territoris, en aquest cas els <em>Duques de Alba<\/em>?<\/p><p>L\u2019inici de l\u2019acci\u00f3 transformadora de Las Hurdes cal situar-lo al 1922, al crear-se el <a href=\"http:\/\/www.dip-badajoz.es\/cultura\/ceex\/reex_digital\/reex_LXIII\/2007\/T.%20LXIII%20n.%201%202007%20en.-abr\/RV001013.pdf\" target=\"_blank\" rel=\"noopener\"><em>Real Patronato de Las Hurdes<\/em><\/a>, despr\u00e9s del primer viatge del rei Alfons XIII.<\/p><p>Las Hurdes que trobem ara no tenen, sortosament, res a veure amb aquest passat no tant lluny\u00e0. D\u2019aquella mis\u00e8ria i pobresa en queden pocs vestigis, nom\u00e9s algunes rel\u00edquies d\u2019arquitectura popular en des\u00fas residencial. Els habitatges s\u00f3n ara construccions sense personalitat ni model, com en tanta arquitectura feta aquests anys per tot arreu. Els camins de burro han estat substitu\u00efts per carreteres ben condicionades. La base econ\u00f2mica \u00e9s ara el turisme, amb la construcci\u00f3, activitats artesanals, una mica de comer\u00e7 y la funci\u00f3 p\u00fablica. El territori desolat que es veu a les imatges dels documentals est\u00e0 ocupar en gran part per la\u00a0<a href=\"http:\/\/secforestales.org\/publicaciones\/index.php\/congresos\/article\/viewFile\/7580\/7503\" target=\"_blank\" rel=\"noopener\">repoblaci\u00f3n forestal\u00a0<\/a>en base al Pi mar\u00edtim. Pi pinastre (<em>Pinus pinaster Aiton<\/em>) efectuada a partir de 1941.<\/p><p>Com que la caracter\u00edstica principal era el seu isolament, no trobarem ni construccions religioses ni civils rellevants que formin part del seu patrimoni hist\u00f2ric, en general aquestes s\u00f3n construccions modernes. Aquest \u00e9s un fet que crida la atenci\u00f3. Estem acostumats a una Espanya on l\u2019esgl\u00e9sia, el castell, els palaus i l\u2019ajuntament mostren el seu poder territorial fins a l\u2019\u00faltim rac\u00f3. Aqu\u00ed no.<\/p><p>El que queda \u00e9s, sobre tot, la seva bellesa natural (humanitzada pel pi reforestat) de les seves valls i muntanyes i dels seus cursos fluvials. Aquesta part del Sistema Central \u00e9s clarament diferent dels sistemes muntanyosos cant\u00e0brics o pirinencs. Es un terreny sense pr\u00e0cticament un pam de s\u00f2l planer (observeu el mapa anterior sense ni cap petita plana), amb fortes pendent en valls tancades i profundes.<\/p><p>Aquest conjunt muntany\u00f3s est\u00e0 situat en el extremo occidental del Sistema Central, i \u00e9s la comarca m\u00e9s septentrional de Extremadura, a la frontera amb la prov\u00edncia de Salamanca.<\/p><p>Format per quarsites y esquistos i sense quasi be s\u00f2l agr\u00edcola, el que \u00e9s molt important per comprendre la pobresa, amb abs\u00e8ncia d\u2019agricultura, i que nom\u00e9s ha perm\u00e8s conrear oliveres y alguns arbres fruites, ramaderia caprina i apicultura, i una mica d\u2019horticultura de subsist\u00e8ncia en terrasses artificials vora els torrents. Aix\u00ed, la mel, el pol\u00b7len, les cireres i l&#8217;oli conformen els productes t\u00edpics.<\/p>\t\t\t\t\t\t\t\t<\/div>\n\t\t\t\t<\/div>\n\t\t\t\t<div class=\"elementor-element elementor-element-68de0c elementor-widget elementor-widget-image\" data-id=\"68de0c\" data-element_type=\"widget\" data-e-type=\"widget\" data-widget_type=\"image.default\">\n\t\t\t\t<div class=\"elementor-widget-container\">\n\t\t\t\t\t\t\t\t\t\t\t\t<figure class=\"wp-caption\">\n\t\t\t\t\t\t\t\t\t\t<img loading=\"lazy\" decoding=\"async\" width=\"800\" height=\"533\" src=\"https:\/\/www.elturistatranquil.com\/wp-content\/uploads\/F05-Ruscs-de-suro-ancestrals-1-1.jpg\" class=\"attachment-large size-large wp-image-5010\" alt=\"\" srcset=\"https:\/\/www.elturistatranquil.com\/wp-content\/uploads\/F05-Ruscs-de-suro-ancestrals-1-1.jpg 800w, https:\/\/www.elturistatranquil.com\/wp-content\/uploads\/F05-Ruscs-de-suro-ancestrals-1-1-768x512.jpg 768w\" sizes=\"(max-width: 800px) 100vw, 800px\" \/>\t\t\t\t\t\t\t\t\t\t\t<figcaption class=\"widget-image-caption wp-caption-text\">Ruscs de suro ancestrals <\/figcaption>\n\t\t\t\t\t\t\t\t\t\t<\/figure>\n\t\t\t\t\t\t\t\t\t<\/div>\n\t\t\t\t<\/div>\n\t\t\t\t<div class=\"elementor-element elementor-element-60708634 elementor-widget elementor-widget-image\" data-id=\"60708634\" data-element_type=\"widget\" data-e-type=\"widget\" data-widget_type=\"image.default\">\n\t\t\t\t<div class=\"elementor-widget-container\">\n\t\t\t\t\t\t\t\t\t\t\t\t<figure class=\"wp-caption\">\n\t\t\t\t\t\t\t\t\t\t<img loading=\"lazy\" decoding=\"async\" width=\"437\" height=\"550\" src=\"https:\/\/www.elturistatranquil.com\/wp-content\/uploads\/F06-El-Gasco-Las-Hurdes-1.jpg\" class=\"attachment-large size-large wp-image-5012\" alt=\"\" \/>\t\t\t\t\t\t\t\t\t\t\t<figcaption class=\"widget-image-caption wp-caption-text\">Les cases antigues ara poden servir d\u2019estable per cabres <\/figcaption>\n\t\t\t\t\t\t\t\t\t\t<\/figure>\n\t\t\t\t\t\t\t\t\t<\/div>\n\t\t\t\t<\/div>\n\t\t\t\t<div class=\"elementor-element elementor-element-6a96af70 elementor-widget elementor-widget-text-editor\" data-id=\"6a96af70\" data-element_type=\"widget\" data-e-type=\"widget\" data-widget_type=\"text-editor.default\">\n\t\t\t\t<div class=\"elementor-widget-container\">\n\t\t\t\t\t\t\t\t\t<p>Tot el territori \u00e9s un sistema muntany\u00f3s amb altituds entre els 400 i els 1.600 metres i pendents pronunciades, amb una pendent mitja del 25%. Est\u00e0 ocupat per la <em>Sierra de las Mestas<\/em>, <em>La Corredera<\/em>, <em>Cord\u00f3n<\/em> y <em>El Retamar<\/em> que han estat erosionades pels rius <em>Hurdano<\/em>, <em>Esparab\u00e1n<\/em>, <em>de Los \u00c1ngeles, Malvellido<\/em> i <em>Ladrillar<\/em>, tots ells afluents del riu <em>Alag\u00f3n<\/em>. La impressi\u00f3 \u00e9s que no hi ha cap lloc planer en que hi c\u00e0piga ni un camp de futbol.<\/p><p>Des d&#8217;un punt de vista f\u00edsic territorial, una l\u00ednia imagin\u00e0ria de N-.E. a S.-O. divideix la comarca en dues zones amb unes caracter\u00edstiques diferenciades: Hurdes Altes i Hurdes Baixes. A la primera estarien compresos els ajuntaments de <em>Mu\u00f1omoral, Ladrillar, Casares de Hurdes<\/em> i part de <em>Pinofranqueado<\/em>. Les enormes pendents fan que els s\u00f2ls siguin pobres i escassos, trobant generalment al descobert la pissarra, que aqu\u00ed constitueix la roca mare.<\/p><p>Pel que fa a les Hurdes Baixes, formada pels ajuntaments de <em>Caminomorisco, Pinofranqueado<\/em> (excepte els seus l\u00edmits nord-occidentals) i <em>Casar del Palomero<\/em>, la situaci\u00f3 \u00e9s diferent. Aqu\u00ed no existeixen els trets caracter\u00edstics de l&#8217;altra zona. La major densitat de poblaci\u00f3, la major abund\u00e0ncia de s\u00f2l productiu i la disminuci\u00f3 de l&#8217;a\u00efllament pel pas de la carretera que uneix Salamanca amb Coria, fan que trobem caracter\u00edstiques similars a les d&#8217;altres regions o comarques de C\u00e1ceres.<\/p><p>Habitat des d\u2019\u00e8poca neol\u00edtica, la edat del bronze i del ferro han deixat la seva empremta en petroglifs (gravats sobre pedra). Tamb\u00e9 hi van passar romans, sembla que per aprofitar-se dels seus recursos minerals i, en canvi, va ser deixada de banda pels musulmanes pel seu a\u00efllament. La repoblaci\u00f3 cristiana va encomanar-se a l<em>a Orden de Santiago<\/em>.<\/p><p>Primer va estar adscrita a Salamanca, depenent de <em>La Alberca<\/em>, formant part dels dominis del <em>Ducat d\u2019Alba<\/em>. A partir de 1833 pass\u00e0 a formar part d\u2019Extremadura.<\/p><p>L\u2019a\u00efllament i endarreriment secular van permetre que sobre aquest territori s\u2019estengu\u00e9s una llegenda negra.<\/p>\t\t\t\t\t\t\t\t<\/div>\n\t\t\t\t<\/div>\n\t\t\t\t<div class=\"elementor-element elementor-element-125b7bfa elementor-widget elementor-widget-menu-anchor\" data-id=\"125b7bfa\" data-element_type=\"widget\" data-e-type=\"widget\" data-widget_type=\"menu-anchor.default\">\n\t\t\t\t<div class=\"elementor-widget-container\">\n\t\t\t\t\t\t\t<div class=\"elementor-menu-anchor\" id=\"c1302\"><\/div>\n\t\t\t\t\t\t<\/div>\n\t\t\t\t<\/div>\n\t\t\t\t<div class=\"elementor-element elementor-element-59c8bb4d elementor-widget elementor-widget-heading\" data-id=\"59c8bb4d\" data-element_type=\"widget\" data-e-type=\"widget\" data-widget_type=\"heading.default\">\n\t\t\t\t<div class=\"elementor-widget-container\">\n\t\t\t\t\t<h2 class=\"elementor-heading-title elementor-size-default\">Arquitectura tradicional<\/h2>\t\t\t\t<\/div>\n\t\t\t\t<\/div>\n\t\t\t\t<div class=\"elementor-element elementor-element-6e9b9abe elementor-widget elementor-widget-text-editor\" data-id=\"6e9b9abe\" data-element_type=\"widget\" data-e-type=\"widget\" data-widget_type=\"text-editor.default\">\n\t\t\t\t<div class=\"elementor-widget-container\">\n\t\t\t\t\t\t\t\t\t<p>La seva arquitectura popular, en el sentit m\u00e9s estricte, est\u00e0 formada per construccions fetes pels pobladors amb els materials del lloc: pedra pissarra, llanxes per les teulades i fusta, i adaptada a les condicions de vida i clima.<\/p><p>El prototip de <a href=\"http:\/\/www.cervantesvirtual.com\/obra-visor\/la-casa-tipica-en-la-comarca-de-las-hurdes\/html\/\" target=\"_blank\" rel=\"noopener\">casa hurdana\u00a0<\/a>seria el de casa d&#8217;una sola planta sobre un s\u00f2l de roca dura. Amb una sola habitaci\u00f3, o dues en les m\u00e9s evolucionades, per separar els animals de les persones: l&#8217;habitaci\u00f3 d&#8217;entrada per als animals i la interior m\u00e9s fosca per a tots els menesters de la fam\u00edlia (cuinar, menjar, dormir, i sense mobles) . Murs de pedra seca, sense argamassa ni morter, que basen la seva resist\u00e8ncia en el seu gruix, sense fonaments. Una porta, amb llinda d&#8217;una sola pedra o tronc d&#8217;alzina, petites obertures per finestres quan n&#8217;hi ha (les obertures han de ser petits per la poca consist\u00e8ncia dels murs) i sostres de lloses de pissarra sense xemeneia, per retenir tota la calor a l&#8217;interior dels habitacles, encara que l&#8217;aire es cola pels murs. Adaptades a les fortes pendents del terreny, amb carrers estrets i costeruts per al pas sol de persones i animals, no de carruatges.<\/p>\t\t\t\t\t\t\t\t<\/div>\n\t\t\t\t<\/div>\n\t\t\t\t<div class=\"elementor-element elementor-element-621ee8b9 elementor-widget elementor-widget-image\" data-id=\"621ee8b9\" data-element_type=\"widget\" data-e-type=\"widget\" data-widget_type=\"image.default\">\n\t\t\t\t<div class=\"elementor-widget-container\">\n\t\t\t\t\t\t\t\t\t\t\t\t\t\t\t<img loading=\"lazy\" decoding=\"async\" width=\"800\" height=\"533\" src=\"https:\/\/www.elturistatranquil.com\/wp-content\/uploads\/F07-El-Gasco-Las-Hurdes-1.jpg\" class=\"attachment-large size-large wp-image-5014\" alt=\"\" srcset=\"https:\/\/www.elturistatranquil.com\/wp-content\/uploads\/F07-El-Gasco-Las-Hurdes-1.jpg 800w, https:\/\/www.elturistatranquil.com\/wp-content\/uploads\/F07-El-Gasco-Las-Hurdes-1-768x512.jpg 768w\" sizes=\"(max-width: 800px) 100vw, 800px\" \/>\t\t\t\t\t\t\t\t\t\t\t\t\t\t\t<\/div>\n\t\t\t\t<\/div>\n\t\t\t\t<div class=\"elementor-element elementor-element-1138ae9e elementor-widget elementor-widget-image\" data-id=\"1138ae9e\" data-element_type=\"widget\" data-e-type=\"widget\" data-widget_type=\"image.default\">\n\t\t\t\t<div class=\"elementor-widget-container\">\n\t\t\t\t\t\t\t\t\t\t\t\t\t\t\t<img loading=\"lazy\" decoding=\"async\" width=\"375\" height=\"550\" src=\"https:\/\/www.elturistatranquil.com\/wp-content\/uploads\/F08-El-Gasco-Las-Hurdes-1.jpg\" class=\"attachment-large size-large wp-image-5016\" alt=\"\" \/>\t\t\t\t\t\t\t\t\t\t\t\t\t\t\t<\/div>\n\t\t\t\t<\/div>\n\t\t\t\t<div class=\"elementor-element elementor-element-64c6748 elementor-widget elementor-widget-text-editor\" data-id=\"64c6748\" data-element_type=\"widget\" data-e-type=\"widget\" data-widget_type=\"text-editor.default\">\n\t\t\t\t<div class=\"elementor-widget-container\">\n\t\t\t\t\t\t\t\t\t<p>Sense cap estil arquitect\u00f2nic espec\u00edfic, les cases semblen com &#8220;coves&#8221; absolutament funcionals superposades al territori. Les han comparat amb tortugues. Hi ha qui l&#8217;anomena &#8220;arquitectura negra&#8221; pel color de la quarsita nua dels murs exteriors, encara que no tota la pissarra \u00e9s negra, sin\u00f3 tamb\u00e9 rogenca en molts casos. La construcci\u00f3 amb pedra seca es reprodueix en ponts, bancals i murs per a &#8220;crear&#8221; s\u00f2l cultivable.<\/p>\t\t\t\t\t\t\t\t<\/div>\n\t\t\t\t<\/div>\n\t\t\t\t<div class=\"elementor-element elementor-element-6783955f elementor-widget elementor-widget-image\" data-id=\"6783955f\" data-element_type=\"widget\" data-e-type=\"widget\" data-widget_type=\"image.default\">\n\t\t\t\t<div class=\"elementor-widget-container\">\n\t\t\t\t\t\t\t\t\t\t\t\t\t\t\t<img loading=\"lazy\" decoding=\"async\" width=\"800\" height=\"533\" src=\"https:\/\/www.elturistatranquil.com\/wp-content\/uploads\/F09-Asegur-Las-Hurdes-1.jpg\" class=\"attachment-large size-large wp-image-5018\" alt=\"\" srcset=\"https:\/\/www.elturistatranquil.com\/wp-content\/uploads\/F09-Asegur-Las-Hurdes-1.jpg 800w, https:\/\/www.elturistatranquil.com\/wp-content\/uploads\/F09-Asegur-Las-Hurdes-1-768x512.jpg 768w\" sizes=\"(max-width: 800px) 100vw, 800px\" \/>\t\t\t\t\t\t\t\t\t\t\t\t\t\t\t<\/div>\n\t\t\t\t<\/div>\n\t\t\t\t<div class=\"elementor-element elementor-element-716b53da elementor-widget elementor-widget-image\" data-id=\"716b53da\" data-element_type=\"widget\" data-e-type=\"widget\" data-widget_type=\"image.default\">\n\t\t\t\t<div class=\"elementor-widget-container\">\n\t\t\t\t\t\t\t\t\t\t\t\t\t\t\t<img loading=\"lazy\" decoding=\"async\" width=\"800\" height=\"533\" src=\"https:\/\/www.elturistatranquil.com\/wp-content\/uploads\/F10-Convento-de-Los-\u00c1ngeles-Pinofranqueado-1.jpg\" class=\"attachment-large size-large wp-image-5020\" alt=\"\" srcset=\"https:\/\/www.elturistatranquil.com\/wp-content\/uploads\/F10-Convento-de-Los-\u00c1ngeles-Pinofranqueado-1.jpg 800w, https:\/\/www.elturistatranquil.com\/wp-content\/uploads\/F10-Convento-de-Los-\u00c1ngeles-Pinofranqueado-1-768x512.jpg 768w\" sizes=\"(max-width: 800px) 100vw, 800px\" \/>\t\t\t\t\t\t\t\t\t\t\t\t\t\t\t<\/div>\n\t\t\t\t<\/div>\n\t\t\t\t<div class=\"elementor-element elementor-element-36d9291e elementor-widget elementor-widget-text-editor\" data-id=\"36d9291e\" data-element_type=\"widget\" data-e-type=\"widget\" data-widget_type=\"text-editor.default\">\n\t\t\t\t<div class=\"elementor-widget-container\">\n\t\t\t\t\t\t\t\t\t<p>El territori ofereix una multitud de miradors per contemplar els paisatges de les Hurdes. Aquest es presenta com un dels atractius m\u00e9s interessants per al visitant.<\/p>\t\t\t\t\t\t\t\t<\/div>\n\t\t\t\t<\/div>\n\t\t\t\t<div class=\"elementor-element elementor-element-5a25b2d5 elementor-widget elementor-widget-image\" data-id=\"5a25b2d5\" data-element_type=\"widget\" data-e-type=\"widget\" data-widget_type=\"image.default\">\n\t\t\t\t<div class=\"elementor-widget-container\">\n\t\t\t\t\t\t\t\t\t\t\t\t\t\t\t<img loading=\"lazy\" decoding=\"async\" width=\"800\" height=\"533\" src=\"https:\/\/www.elturistatranquil.com\/wp-content\/uploads\/F11-Valle-del-rio-Hurdetano-1.jpg\" class=\"attachment-large size-large wp-image-5022\" alt=\"\" srcset=\"https:\/\/www.elturistatranquil.com\/wp-content\/uploads\/F11-Valle-del-rio-Hurdetano-1.jpg 800w, https:\/\/www.elturistatranquil.com\/wp-content\/uploads\/F11-Valle-del-rio-Hurdetano-1-768x512.jpg 768w\" sizes=\"(max-width: 800px) 100vw, 800px\" \/>\t\t\t\t\t\t\t\t\t\t\t\t\t\t\t<\/div>\n\t\t\t\t<\/div>\n\t\t\t\t<div class=\"elementor-element elementor-element-77a804b7 elementor-widget elementor-widget-image\" data-id=\"77a804b7\" data-element_type=\"widget\" data-e-type=\"widget\" data-widget_type=\"image.default\">\n\t\t\t\t<div class=\"elementor-widget-container\">\n\t\t\t\t\t\t\t\t\t\t\t\t\t\t\t<img loading=\"lazy\" decoding=\"async\" width=\"800\" height=\"533\" src=\"https:\/\/www.elturistatranquil.com\/wp-content\/uploads\/F12-Casares-de-las-Hurdes-1.jpg\" class=\"attachment-large size-large wp-image-5024\" alt=\"\" srcset=\"https:\/\/www.elturistatranquil.com\/wp-content\/uploads\/F12-Casares-de-las-Hurdes-1.jpg 800w, https:\/\/www.elturistatranquil.com\/wp-content\/uploads\/F12-Casares-de-las-Hurdes-1-768x512.jpg 768w\" sizes=\"(max-width: 800px) 100vw, 800px\" \/>\t\t\t\t\t\t\t\t\t\t\t\t\t\t\t<\/div>\n\t\t\t\t<\/div>\n\t\t\t\t<div class=\"elementor-element elementor-element-30effae0 elementor-widget elementor-widget-image\" data-id=\"30effae0\" data-element_type=\"widget\" data-e-type=\"widget\" data-widget_type=\"image.default\">\n\t\t\t\t<div class=\"elementor-widget-container\">\n\t\t\t\t\t\t\t\t\t\t\t\t\t\t\t<img loading=\"lazy\" decoding=\"async\" width=\"800\" height=\"533\" src=\"https:\/\/www.elturistatranquil.com\/wp-content\/uploads\/F13-Choro-de-la-Miacera-1.jpg\" class=\"attachment-large size-large wp-image-5026\" alt=\"\" srcset=\"https:\/\/www.elturistatranquil.com\/wp-content\/uploads\/F13-Choro-de-la-Miacera-1.jpg 800w, https:\/\/www.elturistatranquil.com\/wp-content\/uploads\/F13-Choro-de-la-Miacera-1-768x512.jpg 768w\" sizes=\"(max-width: 800px) 100vw, 800px\" \/>\t\t\t\t\t\t\t\t\t\t\t\t\t\t\t<\/div>\n\t\t\t\t<\/div>\n\t\t\t\t<div class=\"elementor-element elementor-element-6220e15c elementor-widget elementor-widget-text-editor\" data-id=\"6220e15c\" data-element_type=\"widget\" data-e-type=\"widget\" data-widget_type=\"text-editor.default\">\n\t\t\t\t<div class=\"elementor-widget-container\">\n\t\t\t\t\t\t\t\t\t<p>En l&#8217;actualitat, hi ha unes vint &#8220;piscines naturals&#8221; sobre la base de la construcci\u00f3 d&#8217;assuts, aprofitant la gran diversitat de rius i rierols. A m\u00e9s, els gorgs en les lleres tamb\u00e9 poden ser aprofitades per al bany.<\/p>\t\t\t\t\t\t\t\t<\/div>\n\t\t\t\t<\/div>\n\t\t\t\t<div class=\"elementor-element elementor-element-2d171edc elementor-widget elementor-widget-image\" data-id=\"2d171edc\" data-element_type=\"widget\" data-e-type=\"widget\" data-widget_type=\"image.default\">\n\t\t\t\t<div class=\"elementor-widget-container\">\n\t\t\t\t\t\t\t\t\t\t\t\t\t\t\t<img loading=\"lazy\" decoding=\"async\" width=\"800\" height=\"533\" src=\"https:\/\/www.elturistatranquil.com\/wp-content\/uploads\/F14-Er\u00edas-Las-Hurdes-1.jpg\" class=\"attachment-large size-large wp-image-5028\" alt=\"\" srcset=\"https:\/\/www.elturistatranquil.com\/wp-content\/uploads\/F14-Er\u00edas-Las-Hurdes-1.jpg 800w, https:\/\/www.elturistatranquil.com\/wp-content\/uploads\/F14-Er\u00edas-Las-Hurdes-1-768x512.jpg 768w\" sizes=\"(max-width: 800px) 100vw, 800px\" \/>\t\t\t\t\t\t\t\t\t\t\t\t\t\t\t<\/div>\n\t\t\t\t<\/div>\n\t\t\t\t<div class=\"elementor-element elementor-element-33bb2654 elementor-widget elementor-widget-menu-anchor\" data-id=\"33bb2654\" data-element_type=\"widget\" data-e-type=\"widget\" data-widget_type=\"menu-anchor.default\">\n\t\t\t\t<div class=\"elementor-widget-container\">\n\t\t\t\t\t\t\t<div class=\"elementor-menu-anchor\" id=\"c1303\"><\/div>\n\t\t\t\t\t\t<\/div>\n\t\t\t\t<\/div>\n\t\t\t\t<div class=\"elementor-element elementor-element-dbd28ef elementor-widget elementor-widget-text-editor\" data-id=\"dbd28ef\" data-element_type=\"widget\" data-e-type=\"widget\" data-widget_type=\"text-editor.default\">\n\t\t\t\t<div class=\"elementor-widget-container\">\n\t\t\t\t\t\t\t\t\t<p>Un consell pr\u00e0ctic. Totes les guies recomanen anar ben prove\u00efts de combustible per al cotxe per l&#8217;escassetat de gasolineres.<\/p>\t\t\t\t\t\t\t\t<\/div>\n\t\t\t\t<\/div>\n\t\t\t\t<div class=\"elementor-element elementor-element-4e33be52 elementor-widget elementor-widget-heading\" data-id=\"4e33be52\" data-element_type=\"widget\" data-e-type=\"widget\" data-widget_type=\"heading.default\">\n\t\t\t\t<div class=\"elementor-widget-container\">\n\t\t\t\t\t<h2 class=\"elementor-heading-title elementor-size-default\">Pobles i llocs d\u2019inter\u00e9s visitats<\/h2>\t\t\t\t<\/div>\n\t\t\t\t<\/div>\n\t\t\t\t<div class=\"elementor-element elementor-element-2b327b4f elementor-widget elementor-widget-menu-anchor\" data-id=\"2b327b4f\" data-element_type=\"widget\" data-e-type=\"widget\" data-widget_type=\"menu-anchor.default\">\n\t\t\t\t<div class=\"elementor-widget-container\">\n\t\t\t\t\t\t\t<div class=\"elementor-menu-anchor\" id=\"c1304\"><\/div>\n\t\t\t\t\t\t<\/div>\n\t\t\t\t<\/div>\n\t\t\t\t<div class=\"elementor-element elementor-element-3c3ee140 elementor-widget elementor-widget-text-editor\" data-id=\"3c3ee140\" data-element_type=\"widget\" data-e-type=\"widget\" data-widget_type=\"text-editor.default\">\n\t\t\t\t<div class=\"elementor-widget-container\">\n\t\t\t\t\t\t\t\t\t<p>La comarca de Las Hurdes ofereix m\u00faltiples possibilitat de rutes a peu, en bicicleta i en cotxe. L\u2019acc\u00e9s a totes les localitzacions va ser en cotxe, excepte una ruta senderista fins al <em>Chorro de la Miacera<\/em>.<\/p><p>L\u2019ordre de presentaci\u00f3 dels llocs visitats est\u00e0 adaptat a la seq\u00fcencia de les sortides plantejades al <em>Post<\/em>: Aldea La Cabachuela, Alojamientos rurales<\/p>\t\t\t\t\t\t\t\t<\/div>\n\t\t\t\t<\/div>\n\t\t\t\t<div class=\"elementor-element elementor-element-46c01ea6 elementor-widget elementor-widget-heading\" data-id=\"46c01ea6\" data-element_type=\"widget\" data-e-type=\"widget\" data-widget_type=\"heading.default\">\n\t\t\t\t<div class=\"elementor-widget-container\">\n\t\t\t\t\t<h2 class=\"elementor-heading-title elementor-size-default\">Casares de las Hurdes (A)<\/h2>\t\t\t\t<\/div>\n\t\t\t\t<\/div>\n\t\t\t\t<div class=\"elementor-element elementor-element-5695607f elementor-widget elementor-widget-text-editor\" data-id=\"5695607f\" data-element_type=\"widget\" data-e-type=\"widget\" data-widget_type=\"text-editor.default\">\n\t\t\t\t<div class=\"elementor-widget-container\">\n\t\t\t\t\t\t\t\t\t<p>El primer visitat \u00e9s el poble de Casares de las Hurdes, que veiem enlairat amb l\u2019alqueria de Heras, a la dreta de la fotografia seg\u00fcent.<\/p><p>Situat a una altitud d\u2019uns 700 msnm, el poble tenia 140 habitants el 2017 y un total de 405 a tot el municipi, amb les 5 alqueries que el complementen.<\/p>\t\t\t\t\t\t\t\t<\/div>\n\t\t\t\t<\/div>\n\t\t\t\t<div class=\"elementor-element elementor-element-1f98e2b8 elementor-widget elementor-widget-image\" data-id=\"1f98e2b8\" data-element_type=\"widget\" data-e-type=\"widget\" data-widget_type=\"image.default\">\n\t\t\t\t<div class=\"elementor-widget-container\">\n\t\t\t\t\t\t\t\t\t\t\t\t\t\t\t<img loading=\"lazy\" decoding=\"async\" width=\"800\" height=\"378\" src=\"https:\/\/www.elturistatranquil.com\/wp-content\/uploads\/F15-Casares-de-la-Hurdes-1.jpg\" class=\"attachment-large size-large wp-image-5030\" alt=\"\" srcset=\"https:\/\/www.elturistatranquil.com\/wp-content\/uploads\/F15-Casares-de-la-Hurdes-1.jpg 800w, https:\/\/www.elturistatranquil.com\/wp-content\/uploads\/F15-Casares-de-la-Hurdes-1-768x363.jpg 768w\" sizes=\"(max-width: 800px) 100vw, 800px\" \/>\t\t\t\t\t\t\t\t\t\t\t\t\t\t\t<\/div>\n\t\t\t\t<\/div>\n\t\t\t\t<div class=\"elementor-element elementor-element-4c89d7fb elementor-widget elementor-widget-image\" data-id=\"4c89d7fb\" data-element_type=\"widget\" data-e-type=\"widget\" data-widget_type=\"image.default\">\n\t\t\t\t<div class=\"elementor-widget-container\">\n\t\t\t\t\t\t\t\t\t\t\t\t\t\t\t<img loading=\"lazy\" decoding=\"async\" width=\"800\" height=\"480\" src=\"https:\/\/www.elturistatranquil.com\/wp-content\/uploads\/F16-Casares-de-la-Hurdes-desde-el-Mirador-de-las-Estrellas-1.jpg\" class=\"attachment-large size-large wp-image-5032\" alt=\"\" srcset=\"https:\/\/www.elturistatranquil.com\/wp-content\/uploads\/F16-Casares-de-la-Hurdes-desde-el-Mirador-de-las-Estrellas-1.jpg 800w, https:\/\/www.elturistatranquil.com\/wp-content\/uploads\/F16-Casares-de-la-Hurdes-desde-el-Mirador-de-las-Estrellas-1-768x461.jpg 768w\" sizes=\"(max-width: 800px) 100vw, 800px\" \/>\t\t\t\t\t\t\t\t\t\t\t\t\t\t\t<\/div>\n\t\t\t\t<\/div>\n\t\t\t\t<div class=\"elementor-element elementor-element-4ceb35ee elementor-widget elementor-widget-text-editor\" data-id=\"4ceb35ee\" data-element_type=\"widget\" data-e-type=\"widget\" data-widget_type=\"text-editor.default\">\n\t\t\t\t<div class=\"elementor-widget-container\">\n\t\t\t\t\t\t\t\t\t<p>Un dels elements arquitect\u00f2nics singulars del poble \u00e9s l\u2019espadanya amb dues campanes, a\u00efllada e independent de cap edifici religi\u00f3s. Una escala oberta dona acc\u00e9s al campanar. Al marge de l\u2019\u00fas religi\u00f3s que se li podes donar, tenia un \u00fas civil per a la crida als ve\u00efns. Per la forma em recorda l\u2019acc\u00e9s directe que presenten moltes esgl\u00e9sies de Lle\u00f3, per\u00f2 en aquells casos la torre sempre estava acoblada a una esgl\u00e9sia, amb l\u2019acc\u00e9s extern per a l\u2019\u00fas civil. Per la funci\u00f3, recorda a les torres de les hores disperses per Catalunya.<\/p>\t\t\t\t\t\t\t\t<\/div>\n\t\t\t\t<\/div>\n\t\t\t\t<div class=\"elementor-element elementor-element-6decdb69 elementor-widget elementor-widget-image\" data-id=\"6decdb69\" data-element_type=\"widget\" data-e-type=\"widget\" data-widget_type=\"image.default\">\n\t\t\t\t<div class=\"elementor-widget-container\">\n\t\t\t\t\t\t\t\t\t\t\t\t\t\t\t<img loading=\"lazy\" decoding=\"async\" width=\"330\" height=\"550\" src=\"https:\/\/www.elturistatranquil.com\/wp-content\/uploads\/F17-Casares-de-la-Hurdes-1.jpg\" class=\"attachment-large size-large wp-image-5034\" alt=\"\" \/>\t\t\t\t\t\t\t\t\t\t\t\t\t\t\t<\/div>\n\t\t\t\t<\/div>\n\t\t\t\t<div class=\"elementor-element elementor-element-7eb9222f elementor-widget elementor-widget-text-editor\" data-id=\"7eb9222f\" data-element_type=\"widget\" data-e-type=\"widget\" data-widget_type=\"text-editor.default\">\n\t\t\t\t<div class=\"elementor-widget-container\">\n\t\t\t\t\t\t\t\t\t<p>Una part del poble conserva les construccions tradicionals al <em>Barrio de El Arroyo<\/em>. Algunes d\u2019aquestes cases han estat modernitzades, ampliant-ne les obertures o incorporant balcons i xemeneies.<\/p>\t\t\t\t\t\t\t\t<\/div>\n\t\t\t\t<\/div>\n\t\t\t\t<div class=\"elementor-element elementor-element-6cf9c0d5 elementor-widget elementor-widget-image\" data-id=\"6cf9c0d5\" data-element_type=\"widget\" data-e-type=\"widget\" data-widget_type=\"image.default\">\n\t\t\t\t<div class=\"elementor-widget-container\">\n\t\t\t\t\t\t\t\t\t\t\t\t\t\t\t<img loading=\"lazy\" decoding=\"async\" width=\"800\" height=\"533\" src=\"https:\/\/www.elturistatranquil.com\/wp-content\/uploads\/F18-Casares-de-la-Hurdes-1.jpg\" class=\"attachment-large size-large wp-image-5036\" alt=\"\" srcset=\"https:\/\/www.elturistatranquil.com\/wp-content\/uploads\/F18-Casares-de-la-Hurdes-1.jpg 800w, https:\/\/www.elturistatranquil.com\/wp-content\/uploads\/F18-Casares-de-la-Hurdes-1-768x512.jpg 768w\" sizes=\"(max-width: 800px) 100vw, 800px\" \/>\t\t\t\t\t\t\t\t\t\t\t\t\t\t\t<\/div>\n\t\t\t\t<\/div>\n\t\t\t\t<div class=\"elementor-element elementor-element-17d64ac7 elementor-widget elementor-widget-image\" data-id=\"17d64ac7\" data-element_type=\"widget\" data-e-type=\"widget\" data-widget_type=\"image.default\">\n\t\t\t\t<div class=\"elementor-widget-container\">\n\t\t\t\t\t\t\t\t\t\t\t\t\t\t\t<img loading=\"lazy\" decoding=\"async\" width=\"502\" height=\"550\" src=\"https:\/\/www.elturistatranquil.com\/wp-content\/uploads\/F19-Casares-de-la-Hurdes-1.jpg\" class=\"attachment-large size-large wp-image-5038\" alt=\"\" \/>\t\t\t\t\t\t\t\t\t\t\t\t\t\t\t<\/div>\n\t\t\t\t<\/div>\n\t\t\t\t<div class=\"elementor-element elementor-element-6e2aed7b elementor-widget elementor-widget-image\" data-id=\"6e2aed7b\" data-element_type=\"widget\" data-e-type=\"widget\" data-widget_type=\"image.default\">\n\t\t\t\t<div class=\"elementor-widget-container\">\n\t\t\t\t\t\t\t\t\t\t\t\t\t\t\t<img loading=\"lazy\" decoding=\"async\" width=\"384\" height=\"550\" src=\"https:\/\/www.elturistatranquil.com\/wp-content\/uploads\/F20-Casares-de-la-Hurdes-1.jpg\" class=\"attachment-large size-large wp-image-5040\" alt=\"\" \/>\t\t\t\t\t\t\t\t\t\t\t\t\t\t\t<\/div>\n\t\t\t\t<\/div>\n\t\t\t\t<div class=\"elementor-element elementor-element-4f6c2814 elementor-widget elementor-widget-text-editor\" data-id=\"4f6c2814\" data-element_type=\"widget\" data-e-type=\"widget\" data-widget_type=\"text-editor.default\">\n\t\t\t\t<div class=\"elementor-widget-container\">\n\t\t\t\t\t\t\t\t\t<p>Com en altres pobles de la comarca, l\u2019edifici de l\u2019Ajuntament \u00a0es una construcci\u00f3 moderna d\u2019un estil que, en la meva impressi\u00f3, no te res a veure amb la tradici\u00f3 de la zona.<\/p>\t\t\t\t\t\t\t\t<\/div>\n\t\t\t\t<\/div>\n\t\t\t\t<div class=\"elementor-element elementor-element-d45736f elementor-widget elementor-widget-menu-anchor\" data-id=\"d45736f\" data-element_type=\"widget\" data-e-type=\"widget\" data-widget_type=\"menu-anchor.default\">\n\t\t\t\t<div class=\"elementor-widget-container\">\n\t\t\t\t\t\t\t<div class=\"elementor-menu-anchor\" id=\"c1305\"><\/div>\n\t\t\t\t\t\t<\/div>\n\t\t\t\t<\/div>\n\t\t\t\t<div class=\"elementor-element elementor-element-49942710 elementor-widget elementor-widget-image\" data-id=\"49942710\" data-element_type=\"widget\" data-e-type=\"widget\" data-widget_type=\"image.default\">\n\t\t\t\t<div class=\"elementor-widget-container\">\n\t\t\t\t\t\t\t\t\t\t\t\t<figure class=\"wp-caption\">\n\t\t\t\t\t\t\t\t\t\t<img loading=\"lazy\" decoding=\"async\" width=\"800\" height=\"533\" src=\"https:\/\/www.elturistatranquil.com\/wp-content\/uploads\/F21-Casares-de-la-Hurdes-ayuntamiento-1.jpg\" class=\"attachment-large size-large wp-image-5042\" alt=\"\" srcset=\"https:\/\/www.elturistatranquil.com\/wp-content\/uploads\/F21-Casares-de-la-Hurdes-ayuntamiento-1.jpg 800w, https:\/\/www.elturistatranquil.com\/wp-content\/uploads\/F21-Casares-de-la-Hurdes-ayuntamiento-1-768x512.jpg 768w\" sizes=\"(max-width: 800px) 100vw, 800px\" \/>\t\t\t\t\t\t\t\t\t\t\t<figcaption class=\"widget-image-caption wp-caption-text\">Edifici de l\u2019ajuntament. Exemple d\u2019arquitectura oficial moderna aliena a la tradici\u00f3 del lloc<\/figcaption>\n\t\t\t\t\t\t\t\t\t\t<\/figure>\n\t\t\t\t\t\t\t\t\t<\/div>\n\t\t\t\t<\/div>\n\t\t\t\t<div class=\"elementor-element elementor-element-317a62b2 elementor-widget elementor-widget-heading\" data-id=\"317a62b2\" data-element_type=\"widget\" data-e-type=\"widget\" data-widget_type=\"heading.default\">\n\t\t\t\t<div class=\"elementor-widget-container\">\n\t\t\t\t\t<h2 class=\"elementor-heading-title elementor-size-default\">El Gasco (B)<\/h2>\t\t\t\t<\/div>\n\t\t\t\t<\/div>\n\t\t\t\t<div class=\"elementor-element elementor-element-3c6902f9 elementor-widget elementor-widget-text-editor\" data-id=\"3c6902f9\" data-element_type=\"widget\" data-e-type=\"widget\" data-widget_type=\"text-editor.default\">\n\t\t\t\t<div class=\"elementor-widget-container\">\n\t\t\t\t\t\t\t\t\t<p>Alquer\u00eda El Gasco. Ajuntament de Nu\u00f1omoral. Altitud: 710 msnm. Poblaci\u00f3 121 habitants (2017)<\/p><p>Com en molts altres poblets de les nombroses valls tancades que formen Las Hurdes, <strong>El Gasco<\/strong> \u00e9s final de trajecte.<\/p><p>Conserva un dels nuclis d\u2019arquitectura popular m\u00e9s amplis. De fet s\u2019hi va localitzar el\u00a0<a href=\"http:\/\/www.mancomunidadhurdes.org\/index.php?opcion=centro_gasco\" target=\"_blank\" rel=\"noopener\">Centro de Interpretaci\u00f3n de la Casa hurdana<\/a>,\u00a0tancat en el moment de la nostra estada.<\/p><p>La construcci\u00f3 de la part \u201cmoderna\u201d del poble no te cap valor.<\/p>\t\t\t\t\t\t\t\t<\/div>\n\t\t\t\t<\/div>\n\t\t\t\t<div class=\"elementor-element elementor-element-3279104c elementor-widget elementor-widget-image\" data-id=\"3279104c\" data-element_type=\"widget\" data-e-type=\"widget\" data-widget_type=\"image.default\">\n\t\t\t\t<div class=\"elementor-widget-container\">\n\t\t\t\t\t\t\t\t\t\t\t\t\t\t\t<img loading=\"lazy\" decoding=\"async\" width=\"800\" height=\"533\" src=\"https:\/\/www.elturistatranquil.com\/wp-content\/uploads\/F22-El-Gasco-Las-Hurdes-1.jpg\" class=\"attachment-large size-large wp-image-5044\" alt=\"\" srcset=\"https:\/\/www.elturistatranquil.com\/wp-content\/uploads\/F22-El-Gasco-Las-Hurdes-1.jpg 800w, https:\/\/www.elturistatranquil.com\/wp-content\/uploads\/F22-El-Gasco-Las-Hurdes-1-768x512.jpg 768w\" sizes=\"(max-width: 800px) 100vw, 800px\" \/>\t\t\t\t\t\t\t\t\t\t\t\t\t\t\t<\/div>\n\t\t\t\t<\/div>\n\t\t\t\t<div class=\"elementor-element elementor-element-484cc139 elementor-widget elementor-widget-text-editor\" data-id=\"484cc139\" data-element_type=\"widget\" data-e-type=\"widget\" data-widget_type=\"text-editor.default\">\n\t\t\t\t<div class=\"elementor-widget-container\">\n\t\t\t\t\t\t\t\t\t<p>Com es pot apreciar a la fotografia, algunes cases encara estan habitades. Altres serveixen d\u2019estable per cabres, i un gran nombre estan deshabitades.<\/p><p>Queda clara l\u2019estructura d\u2019aquests pobles, adaptada a la pendent de la muntanya, amb carrers estrets nom\u00e9s practicables per persones i bestiar i cases adaptades, amb m\u00e9s o menys dificultats, a les corbes de nivell del terreny.<\/p><p>Els materials petris poden ser obtinguts del mateix terreny a l\u2019excavar-lo per aconseguir una superf\u00edcie plana com a base de l\u2019habitatge-estable.<\/p>\t\t\t\t\t\t\t\t<\/div>\n\t\t\t\t<\/div>\n\t\t\t\t<div class=\"elementor-element elementor-element-41e167fe elementor-widget elementor-widget-image\" data-id=\"41e167fe\" data-element_type=\"widget\" data-e-type=\"widget\" data-widget_type=\"image.default\">\n\t\t\t\t<div class=\"elementor-widget-container\">\n\t\t\t\t\t\t\t\t\t\t\t\t\t\t\t<img loading=\"lazy\" decoding=\"async\" width=\"800\" height=\"533\" src=\"https:\/\/www.elturistatranquil.com\/wp-content\/uploads\/F23-El-Gasco-Las-Hurdes-1.jpg\" class=\"attachment-large size-large wp-image-5046\" alt=\"\" srcset=\"https:\/\/www.elturistatranquil.com\/wp-content\/uploads\/F23-El-Gasco-Las-Hurdes-1.jpg 800w, https:\/\/www.elturistatranquil.com\/wp-content\/uploads\/F23-El-Gasco-Las-Hurdes-1-768x512.jpg 768w\" sizes=\"(max-width: 800px) 100vw, 800px\" \/>\t\t\t\t\t\t\t\t\t\t\t\t\t\t\t<\/div>\n\t\t\t\t<\/div>\n\t\t\t\t<div class=\"elementor-element elementor-element-7e8c0c10 elementor-widget elementor-widget-image\" data-id=\"7e8c0c10\" data-element_type=\"widget\" data-e-type=\"widget\" data-widget_type=\"image.default\">\n\t\t\t\t<div class=\"elementor-widget-container\">\n\t\t\t\t\t\t\t\t\t\t\t\t\t\t\t<img loading=\"lazy\" decoding=\"async\" width=\"800\" height=\"533\" src=\"https:\/\/www.elturistatranquil.com\/wp-content\/uploads\/F24-El-Gasco-Las-Hurdes-1.jpg\" class=\"attachment-large size-large wp-image-5048\" alt=\"\" srcset=\"https:\/\/www.elturistatranquil.com\/wp-content\/uploads\/F24-El-Gasco-Las-Hurdes-1.jpg 800w, https:\/\/www.elturistatranquil.com\/wp-content\/uploads\/F24-El-Gasco-Las-Hurdes-1-768x512.jpg 768w\" sizes=\"(max-width: 800px) 100vw, 800px\" \/>\t\t\t\t\t\t\t\t\t\t\t\t\t\t\t<\/div>\n\t\t\t\t<\/div>\n\t\t\t\t<div class=\"elementor-element elementor-element-36a9f289 elementor-widget elementor-widget-image\" data-id=\"36a9f289\" data-element_type=\"widget\" data-e-type=\"widget\" data-widget_type=\"image.default\">\n\t\t\t\t<div class=\"elementor-widget-container\">\n\t\t\t\t\t\t\t\t\t\t\t\t\t\t\t<img loading=\"lazy\" decoding=\"async\" width=\"800\" height=\"533\" src=\"https:\/\/www.elturistatranquil.com\/wp-content\/uploads\/F25-El-Gasco-Las-Hurdes-1.jpg\" class=\"attachment-large size-large wp-image-5050\" alt=\"\" srcset=\"https:\/\/www.elturistatranquil.com\/wp-content\/uploads\/F25-El-Gasco-Las-Hurdes-1.jpg 800w, https:\/\/www.elturistatranquil.com\/wp-content\/uploads\/F25-El-Gasco-Las-Hurdes-1-768x512.jpg 768w\" sizes=\"(max-width: 800px) 100vw, 800px\" \/>\t\t\t\t\t\t\t\t\t\t\t\t\t\t\t<\/div>\n\t\t\t\t<\/div>\n\t\t\t\t<div class=\"elementor-element elementor-element-f02d41c elementor-widget elementor-widget-image\" data-id=\"f02d41c\" data-element_type=\"widget\" data-e-type=\"widget\" data-widget_type=\"image.default\">\n\t\t\t\t<div class=\"elementor-widget-container\">\n\t\t\t\t\t\t\t\t\t\t\t\t\t\t\t<img loading=\"lazy\" decoding=\"async\" width=\"369\" height=\"550\" src=\"https:\/\/www.elturistatranquil.com\/wp-content\/uploads\/F26-El-Gasco-Las-Hurdes-1.jpg\" class=\"attachment-large size-large wp-image-5052\" alt=\"\" \/>\t\t\t\t\t\t\t\t\t\t\t\t\t\t\t<\/div>\n\t\t\t\t<\/div>\n\t\t\t\t<div class=\"elementor-element elementor-element-139e2c70 elementor-widget elementor-widget-image\" data-id=\"139e2c70\" data-element_type=\"widget\" data-e-type=\"widget\" data-widget_type=\"image.default\">\n\t\t\t\t<div class=\"elementor-widget-container\">\n\t\t\t\t\t\t\t\t\t\t\t\t\t\t\t<img loading=\"lazy\" decoding=\"async\" width=\"330\" height=\"550\" src=\"https:\/\/www.elturistatranquil.com\/wp-content\/uploads\/F28-El-Gasco-Las-Hurdes-1.jpg\" class=\"attachment-large size-large wp-image-5054\" alt=\"\" \/>\t\t\t\t\t\t\t\t\t\t\t\t\t\t\t<\/div>\n\t\t\t\t<\/div>\n\t\t\t\t<div class=\"elementor-element elementor-element-37b8e26f elementor-widget elementor-widget-image\" data-id=\"37b8e26f\" data-element_type=\"widget\" data-e-type=\"widget\" data-widget_type=\"image.default\">\n\t\t\t\t<div class=\"elementor-widget-container\">\n\t\t\t\t\t\t\t\t\t\t\t\t\t\t\t<img fetchpriority=\"high\" decoding=\"async\" width=\"800\" height=\"533\" src=\"https:\/\/www.elturistatranquil.com\/wp-content\/uploads\/F01-El-Gasco-Las-Hurdes-1.jpg\" class=\"attachment-large size-large wp-image-5002\" alt=\"\" srcset=\"https:\/\/www.elturistatranquil.com\/wp-content\/uploads\/F01-El-Gasco-Las-Hurdes-1.jpg 800w, https:\/\/www.elturistatranquil.com\/wp-content\/uploads\/F01-El-Gasco-Las-Hurdes-1-768x512.jpg 768w\" sizes=\"(max-width: 800px) 100vw, 800px\" \/>\t\t\t\t\t\t\t\t\t\t\t\t\t\t\t<\/div>\n\t\t\t\t<\/div>\n\t\t\t\t<div class=\"elementor-element elementor-element-7fb700af elementor-widget elementor-widget-image\" data-id=\"7fb700af\" data-element_type=\"widget\" data-e-type=\"widget\" data-widget_type=\"image.default\">\n\t\t\t\t<div class=\"elementor-widget-container\">\n\t\t\t\t\t\t\t\t\t\t\t\t\t\t\t<img loading=\"lazy\" decoding=\"async\" width=\"330\" height=\"550\" src=\"https:\/\/www.elturistatranquil.com\/wp-content\/uploads\/F29-El-Gasco-Las-Hurdes-1.jpg\" class=\"attachment-large size-large wp-image-5056\" alt=\"\" \/>\t\t\t\t\t\t\t\t\t\t\t\t\t\t\t<\/div>\n\t\t\t\t<\/div>\n\t\t\t\t<div class=\"elementor-element elementor-element-20f2b82c elementor-widget elementor-widget-image\" data-id=\"20f2b82c\" data-element_type=\"widget\" data-e-type=\"widget\" data-widget_type=\"image.default\">\n\t\t\t\t<div class=\"elementor-widget-container\">\n\t\t\t\t\t\t\t\t\t\t\t\t\t\t\t<img loading=\"lazy\" decoding=\"async\" width=\"800\" height=\"533\" src=\"https:\/\/www.elturistatranquil.com\/wp-content\/uploads\/F30-El-Gasco-Las-Hurdes-1.jpg\" class=\"attachment-large size-large wp-image-5058\" alt=\"\" srcset=\"https:\/\/www.elturistatranquil.com\/wp-content\/uploads\/F30-El-Gasco-Las-Hurdes-1.jpg 800w, https:\/\/www.elturistatranquil.com\/wp-content\/uploads\/F30-El-Gasco-Las-Hurdes-1-768x512.jpg 768w\" sizes=\"(max-width: 800px) 100vw, 800px\" \/>\t\t\t\t\t\t\t\t\t\t\t\t\t\t\t<\/div>\n\t\t\t\t<\/div>\n\t\t\t\t<div class=\"elementor-element elementor-element-3a6ef827 elementor-widget elementor-widget-menu-anchor\" data-id=\"3a6ef827\" data-element_type=\"widget\" data-e-type=\"widget\" data-widget_type=\"menu-anchor.default\">\n\t\t\t\t<div class=\"elementor-widget-container\">\n\t\t\t\t\t\t\t<div class=\"elementor-menu-anchor\" id=\"c1306\"><\/div>\n\t\t\t\t\t\t<\/div>\n\t\t\t\t<\/div>\n\t\t\t\t<div class=\"elementor-element elementor-element-7e88eb77 elementor-widget elementor-widget-image\" data-id=\"7e88eb77\" data-element_type=\"widget\" data-e-type=\"widget\" data-widget_type=\"image.default\">\n\t\t\t\t<div class=\"elementor-widget-container\">\n\t\t\t\t\t\t\t\t\t\t\t\t<figure class=\"wp-caption\">\n\t\t\t\t\t\t\t\t\t\t<img loading=\"lazy\" decoding=\"async\" width=\"800\" height=\"533\" src=\"https:\/\/www.elturistatranquil.com\/wp-content\/uploads\/F31-El-Gasco-Las-Hurdes-1.jpg\" class=\"attachment-large size-large wp-image-5060\" alt=\"\" srcset=\"https:\/\/www.elturistatranquil.com\/wp-content\/uploads\/F31-El-Gasco-Las-Hurdes-1.jpg 800w, https:\/\/www.elturistatranquil.com\/wp-content\/uploads\/F31-El-Gasco-Las-Hurdes-1-768x512.jpg 768w\" sizes=\"(max-width: 800px) 100vw, 800px\" \/>\t\t\t\t\t\t\t\t\t\t\t<figcaption class=\"widget-image-caption wp-caption-text\">La casa del fons ha estat rehabilitada com a mostra d\u2019arquitectura hurdana<\/figcaption>\n\t\t\t\t\t\t\t\t\t\t<\/figure>\n\t\t\t\t\t\t\t\t\t<\/div>\n\t\t\t\t<\/div>\n\t\t\t\t<div class=\"elementor-element elementor-element-5c90135b elementor-widget elementor-widget-heading\" data-id=\"5c90135b\" data-element_type=\"widget\" data-e-type=\"widget\" data-widget_type=\"heading.default\">\n\t\t\t\t<div class=\"elementor-widget-container\">\n\t\t\t\t\t<h2 class=\"elementor-heading-title elementor-size-default\">Chorro de la Miacera (C)<\/h2>\t\t\t\t<\/div>\n\t\t\t\t<\/div>\n\t\t\t\t<div class=\"elementor-element elementor-element-6a7f9a85 elementor-widget elementor-widget-text-editor\" data-id=\"6a7f9a85\" data-element_type=\"widget\" data-e-type=\"widget\" data-widget_type=\"text-editor.default\">\n\t\t\t\t<div class=\"elementor-widget-container\">\n\t\t\t\t\t\t\t\t\t<p>A una mitja hora a peu de El Gasco es troba el <strong>Chorro de la Miacera<\/strong> o de la <strong>Meancera<\/strong>. \u00c9s el salt d\u2019aigua m\u00e9s alt de Las Hurdes, d\u2019uns 100 m de desnivell.<\/p><p>El recorregut est\u00e0 perfectament condicionat per transitar-lo<\/p>\t\t\t\t\t\t\t\t<\/div>\n\t\t\t\t<\/div>\n\t\t\t\t<div class=\"elementor-element elementor-element-15c4d7b1 elementor-widget elementor-widget-image\" data-id=\"15c4d7b1\" data-element_type=\"widget\" data-e-type=\"widget\" data-widget_type=\"image.default\">\n\t\t\t\t<div class=\"elementor-widget-container\">\n\t\t\t\t\t\t\t\t\t\t\t\t\t\t\t<img loading=\"lazy\" decoding=\"async\" width=\"800\" height=\"533\" src=\"https:\/\/www.elturistatranquil.com\/wp-content\/uploads\/F32-Ruta-al-Chorro-de-la-Miacera-Las-Hurdes-1.jpg\" class=\"attachment-large size-large wp-image-5062\" alt=\"\" srcset=\"https:\/\/www.elturistatranquil.com\/wp-content\/uploads\/F32-Ruta-al-Chorro-de-la-Miacera-Las-Hurdes-1.jpg 800w, https:\/\/www.elturistatranquil.com\/wp-content\/uploads\/F32-Ruta-al-Chorro-de-la-Miacera-Las-Hurdes-1-768x512.jpg 768w\" sizes=\"(max-width: 800px) 100vw, 800px\" \/>\t\t\t\t\t\t\t\t\t\t\t\t\t\t\t<\/div>\n\t\t\t\t<\/div>\n\t\t\t\t<div class=\"elementor-element elementor-element-378b2ffc elementor-widget elementor-widget-text-editor\" data-id=\"378b2ffc\" data-element_type=\"widget\" data-e-type=\"widget\" data-widget_type=\"text-editor.default\">\n\t\t\t\t<div class=\"elementor-widget-container\">\n\t\t\t\t\t\t\t\t\t<p>El primer tram \u00e9s planer, seguint la riba del riu <em>Maldevilla<\/em>. Podrem observar els petits horts sobre el meandre del riu.<\/p>\t\t\t\t\t\t\t\t<\/div>\n\t\t\t\t<\/div>\n\t\t\t\t<div class=\"elementor-element elementor-element-39e9a2fc elementor-widget elementor-widget-image\" data-id=\"39e9a2fc\" data-element_type=\"widget\" data-e-type=\"widget\" data-widget_type=\"image.default\">\n\t\t\t\t<div class=\"elementor-widget-container\">\n\t\t\t\t\t\t\t\t\t\t\t\t\t\t\t<img loading=\"lazy\" decoding=\"async\" width=\"800\" height=\"533\" src=\"https:\/\/www.elturistatranquil.com\/wp-content\/uploads\/F33-Ruta-al-Chorro-de-la-Miacera-Las-Hurdes-1.jpg\" class=\"attachment-large size-large wp-image-5064\" alt=\"\" srcset=\"https:\/\/www.elturistatranquil.com\/wp-content\/uploads\/F33-Ruta-al-Chorro-de-la-Miacera-Las-Hurdes-1.jpg 800w, https:\/\/www.elturistatranquil.com\/wp-content\/uploads\/F33-Ruta-al-Chorro-de-la-Miacera-Las-Hurdes-1-768x512.jpg 768w\" sizes=\"(max-width: 800px) 100vw, 800px\" \/>\t\t\t\t\t\t\t\t\t\t\t\t\t\t\t<\/div>\n\t\t\t\t<\/div>\n\t\t\t\t<div class=\"elementor-element elementor-element-25a3aa33 elementor-widget elementor-widget-image\" data-id=\"25a3aa33\" data-element_type=\"widget\" data-e-type=\"widget\" data-widget_type=\"image.default\">\n\t\t\t\t<div class=\"elementor-widget-container\">\n\t\t\t\t\t\t\t\t\t\t\t\t\t\t\t<img loading=\"lazy\" decoding=\"async\" width=\"800\" height=\"533\" src=\"https:\/\/www.elturistatranquil.com\/wp-content\/uploads\/F34-Ruta-al-Chorro-de-la-Miacera-Las-Hurdes-1.jpg\" class=\"attachment-large size-large wp-image-5066\" alt=\"\" srcset=\"https:\/\/www.elturistatranquil.com\/wp-content\/uploads\/F34-Ruta-al-Chorro-de-la-Miacera-Las-Hurdes-1.jpg 800w, https:\/\/www.elturistatranquil.com\/wp-content\/uploads\/F34-Ruta-al-Chorro-de-la-Miacera-Las-Hurdes-1-768x512.jpg 768w\" sizes=\"(max-width: 800px) 100vw, 800px\" \/>\t\t\t\t\t\t\t\t\t\t\t\t\t\t\t<\/div>\n\t\t\t\t<\/div>\n\t\t\t\t<div class=\"elementor-element elementor-element-77135bfb elementor-widget elementor-widget-text-editor\" data-id=\"77135bfb\" data-element_type=\"widget\" data-e-type=\"widget\" data-widget_type=\"text-editor.default\">\n\t\t\t\t<div class=\"elementor-widget-container\">\n\t\t\t\t\t\t\t\t\t<p>Passarem pel costat d\u2019una de les cl\u00e0ssiques piscines naturals que sovintegen a Las Hurdes. Una resclosa ret\u00e9 l\u2019aigua que formar\u00e0 la piscina. Els laterals els han condicionat per que en resultin unes piscines de forma m\u00e9s o menys irregular, adaptades al terreny, per donar comoditat a l\u2019entrada al bany. L\u2019aigua es fresqueta, segons comentaven uns banyistes.<\/p>\t\t\t\t\t\t\t\t<\/div>\n\t\t\t\t<\/div>\n\t\t\t\t<div class=\"elementor-element elementor-element-74249e43 elementor-widget elementor-widget-image\" data-id=\"74249e43\" data-element_type=\"widget\" data-e-type=\"widget\" data-widget_type=\"image.default\">\n\t\t\t\t<div class=\"elementor-widget-container\">\n\t\t\t\t\t\t\t\t\t\t\t\t\t\t\t<img loading=\"lazy\" decoding=\"async\" width=\"800\" height=\"533\" src=\"https:\/\/www.elturistatranquil.com\/wp-content\/uploads\/F35-El-Gasco-picina-natural-1.jpg\" class=\"attachment-large size-large wp-image-5068\" alt=\"\" srcset=\"https:\/\/www.elturistatranquil.com\/wp-content\/uploads\/F35-El-Gasco-picina-natural-1.jpg 800w, https:\/\/www.elturistatranquil.com\/wp-content\/uploads\/F35-El-Gasco-picina-natural-1-768x512.jpg 768w\" sizes=\"(max-width: 800px) 100vw, 800px\" \/>\t\t\t\t\t\t\t\t\t\t\t\t\t\t\t<\/div>\n\t\t\t\t<\/div>\n\t\t\t\t<div class=\"elementor-element elementor-element-24acdb4a elementor-widget elementor-widget-text-editor\" data-id=\"24acdb4a\" data-element_type=\"widget\" data-e-type=\"widget\" data-widget_type=\"text-editor.default\">\n\t\t\t\t<div class=\"elementor-widget-container\">\n\t\t\t\t\t\t\t\t\t<p>Pissarra i alzines ens acompanyen durant tot el recorregut.<\/p>\t\t\t\t\t\t\t\t<\/div>\n\t\t\t\t<\/div>\n\t\t\t\t<div class=\"elementor-element elementor-element-68ed3c06 elementor-widget elementor-widget-image\" data-id=\"68ed3c06\" data-element_type=\"widget\" data-e-type=\"widget\" data-widget_type=\"image.default\">\n\t\t\t\t<div class=\"elementor-widget-container\">\n\t\t\t\t\t\t\t\t\t\t\t\t\t\t\t<img loading=\"lazy\" decoding=\"async\" width=\"800\" height=\"533\" src=\"https:\/\/www.elturistatranquil.com\/wp-content\/uploads\/F36-Ruta-al-Chorro-de-la-Miacera-Las-Hurdes-1.jpg\" class=\"attachment-large size-large wp-image-5070\" alt=\"\" srcset=\"https:\/\/www.elturistatranquil.com\/wp-content\/uploads\/F36-Ruta-al-Chorro-de-la-Miacera-Las-Hurdes-1.jpg 800w, https:\/\/www.elturistatranquil.com\/wp-content\/uploads\/F36-Ruta-al-Chorro-de-la-Miacera-Las-Hurdes-1-768x512.jpg 768w\" sizes=\"(max-width: 800px) 100vw, 800px\" \/>\t\t\t\t\t\t\t\t\t\t\t\t\t\t\t<\/div>\n\t\t\t\t<\/div>\n\t\t\t\t<div class=\"elementor-element elementor-element-53e88fa9 elementor-widget elementor-widget-image\" data-id=\"53e88fa9\" data-element_type=\"widget\" data-e-type=\"widget\" data-widget_type=\"image.default\">\n\t\t\t\t<div class=\"elementor-widget-container\">\n\t\t\t\t\t\t\t\t\t\t\t\t\t\t\t<img loading=\"lazy\" decoding=\"async\" width=\"800\" height=\"533\" src=\"https:\/\/www.elturistatranquil.com\/wp-content\/uploads\/F37-Ruta-al-Chorro-de-la-Miacera-Las-Hurdes-1.jpg\" class=\"attachment-large size-large wp-image-5072\" alt=\"\" srcset=\"https:\/\/www.elturistatranquil.com\/wp-content\/uploads\/F37-Ruta-al-Chorro-de-la-Miacera-Las-Hurdes-1.jpg 800w, https:\/\/www.elturistatranquil.com\/wp-content\/uploads\/F37-Ruta-al-Chorro-de-la-Miacera-Las-Hurdes-1-768x512.jpg 768w\" sizes=\"(max-width: 800px) 100vw, 800px\" \/>\t\t\t\t\t\t\t\t\t\t\t\t\t\t\t<\/div>\n\t\t\t\t<\/div>\n\t\t\t\t<div class=\"elementor-element elementor-element-7e741ad2 elementor-widget elementor-widget-image\" data-id=\"7e741ad2\" data-element_type=\"widget\" data-e-type=\"widget\" data-widget_type=\"image.default\">\n\t\t\t\t<div class=\"elementor-widget-container\">\n\t\t\t\t\t\t\t\t\t\t\t\t\t\t\t<img loading=\"lazy\" decoding=\"async\" width=\"800\" height=\"533\" src=\"https:\/\/www.elturistatranquil.com\/wp-content\/uploads\/F38-Ruta-al-Chorro-de-la-Miacera-Las-Hurdes-1.jpg\" class=\"attachment-large size-large wp-image-5074\" alt=\"\" srcset=\"https:\/\/www.elturistatranquil.com\/wp-content\/uploads\/F38-Ruta-al-Chorro-de-la-Miacera-Las-Hurdes-1.jpg 800w, https:\/\/www.elturistatranquil.com\/wp-content\/uploads\/F38-Ruta-al-Chorro-de-la-Miacera-Las-Hurdes-1-768x512.jpg 768w\" sizes=\"(max-width: 800px) 100vw, 800px\" \/>\t\t\t\t\t\t\t\t\t\t\t\t\t\t\t<\/div>\n\t\t\t\t<\/div>\n\t\t\t\t<div class=\"elementor-element elementor-element-3276f640 elementor-widget elementor-widget-text-editor\" data-id=\"3276f640\" data-element_type=\"widget\" data-e-type=\"widget\" data-widget_type=\"text-editor.default\">\n\t\t\t\t<div class=\"elementor-widget-container\">\n\t\t\t\t\t\t\t\t\t<p>Al setembre, el <em>chorro<\/em> \u00e9s un fil d\u2019aigua, per\u00f2 l\u2019entorn que forma \u00e9s majestu\u00f3s.<\/p>\t\t\t\t\t\t\t\t<\/div>\n\t\t\t\t<\/div>\n\t\t\t\t<div class=\"elementor-element elementor-element-6f4fc089 elementor-widget elementor-widget-image\" data-id=\"6f4fc089\" data-element_type=\"widget\" data-e-type=\"widget\" data-widget_type=\"image.default\">\n\t\t\t\t<div class=\"elementor-widget-container\">\n\t\t\t\t\t\t\t\t\t\t\t\t\t\t\t<img loading=\"lazy\" decoding=\"async\" width=\"330\" height=\"550\" src=\"https:\/\/www.elturistatranquil.com\/wp-content\/uploads\/F39-Chorro-de-la-Miacera-Las-Hurdes-1.jpg\" class=\"attachment-large size-large wp-image-5076\" alt=\"\" \/>\t\t\t\t\t\t\t\t\t\t\t\t\t\t\t<\/div>\n\t\t\t\t<\/div>\n\t\t\t\t<div class=\"elementor-element elementor-element-330f28e0 elementor-widget elementor-widget-image\" data-id=\"330f28e0\" data-element_type=\"widget\" data-e-type=\"widget\" data-widget_type=\"image.default\">\n\t\t\t\t<div class=\"elementor-widget-container\">\n\t\t\t\t\t\t\t\t\t\t\t\t\t\t\t<img loading=\"lazy\" decoding=\"async\" width=\"800\" height=\"533\" src=\"https:\/\/www.elturistatranquil.com\/wp-content\/uploads\/F40-Chorro-de-la-Miacera-Las-Hurdes-1.jpg\" class=\"attachment-large size-large wp-image-5078\" alt=\"\" srcset=\"https:\/\/www.elturistatranquil.com\/wp-content\/uploads\/F40-Chorro-de-la-Miacera-Las-Hurdes-1.jpg 800w, https:\/\/www.elturistatranquil.com\/wp-content\/uploads\/F40-Chorro-de-la-Miacera-Las-Hurdes-1-768x512.jpg 768w\" sizes=\"(max-width: 800px) 100vw, 800px\" \/>\t\t\t\t\t\t\t\t\t\t\t\t\t\t\t<\/div>\n\t\t\t\t<\/div>\n\t\t\t\t<div class=\"elementor-element elementor-element-b93cf6e elementor-widget elementor-widget-image\" data-id=\"b93cf6e\" data-element_type=\"widget\" data-e-type=\"widget\" data-widget_type=\"image.default\">\n\t\t\t\t<div class=\"elementor-widget-container\">\n\t\t\t\t\t\t\t\t\t\t\t\t\t\t\t<img loading=\"lazy\" decoding=\"async\" width=\"800\" height=\"534\" src=\"https:\/\/www.elturistatranquil.com\/wp-content\/uploads\/F41-Chorro-de-la-Miacera-Las-Hurdes-1.jpg\" class=\"attachment-large size-large wp-image-5080\" alt=\"\" srcset=\"https:\/\/www.elturistatranquil.com\/wp-content\/uploads\/F41-Chorro-de-la-Miacera-Las-Hurdes-1.jpg 800w, https:\/\/www.elturistatranquil.com\/wp-content\/uploads\/F41-Chorro-de-la-Miacera-Las-Hurdes-1-768x513.jpg 768w\" sizes=\"(max-width: 800px) 100vw, 800px\" \/>\t\t\t\t\t\t\t\t\t\t\t\t\t\t\t<\/div>\n\t\t\t\t<\/div>\n\t\t\t\t<div class=\"elementor-element elementor-element-23b8c2a4 elementor-widget elementor-widget-text-editor\" data-id=\"23b8c2a4\" data-element_type=\"widget\" data-e-type=\"widget\" data-widget_type=\"text-editor.default\">\n\t\t\t\t<div class=\"elementor-widget-container\">\n\t\t\t\t\t\t\t\t\t<p>En el retorn, la vista sobre aquesta part de Las Hurdes mostra tota la seva bellesa.<\/p>\t\t\t\t\t\t\t\t<\/div>\n\t\t\t\t<\/div>\n\t\t\t\t<div class=\"elementor-element elementor-element-6b8d6bb5 elementor-widget elementor-widget-image\" data-id=\"6b8d6bb5\" data-element_type=\"widget\" data-e-type=\"widget\" data-widget_type=\"image.default\">\n\t\t\t\t<div class=\"elementor-widget-container\">\n\t\t\t\t\t\t\t\t\t\t\t\t\t\t\t<img loading=\"lazy\" decoding=\"async\" width=\"800\" height=\"533\" src=\"https:\/\/www.elturistatranquil.com\/wp-content\/uploads\/F42-Ruta-al-Chorro-de-la-Miacera-Las-Hurdes-1.jpg\" class=\"attachment-large size-large wp-image-5082\" alt=\"\" srcset=\"https:\/\/www.elturistatranquil.com\/wp-content\/uploads\/F42-Ruta-al-Chorro-de-la-Miacera-Las-Hurdes-1.jpg 800w, https:\/\/www.elturistatranquil.com\/wp-content\/uploads\/F42-Ruta-al-Chorro-de-la-Miacera-Las-Hurdes-1-768x512.jpg 768w\" sizes=\"(max-width: 800px) 100vw, 800px\" \/>\t\t\t\t\t\t\t\t\t\t\t\t\t\t\t<\/div>\n\t\t\t\t<\/div>\n\t\t\t\t<div class=\"elementor-element elementor-element-339ed369 elementor-widget elementor-widget-text-editor\" data-id=\"339ed369\" data-element_type=\"widget\" data-e-type=\"widget\" data-widget_type=\"text-editor.default\">\n\t\t\t\t<div class=\"elementor-widget-container\">\n\t\t\t\t\t\t\t\t\t<p>La m\u00e9s atrevida del grup va aprofitar un petit gorg per comprovar que l\u2019aigua era realment fresca.<\/p>\t\t\t\t\t\t\t\t<\/div>\n\t\t\t\t<\/div>\n\t\t\t\t<div class=\"elementor-element elementor-element-43b0bd0e elementor-widget elementor-widget-image\" data-id=\"43b0bd0e\" data-element_type=\"widget\" data-e-type=\"widget\" data-widget_type=\"image.default\">\n\t\t\t\t<div class=\"elementor-widget-container\">\n\t\t\t\t\t\t\t\t\t\t\t\t\t\t\t<img loading=\"lazy\" decoding=\"async\" width=\"354\" height=\"550\" src=\"https:\/\/www.elturistatranquil.com\/wp-content\/uploads\/F43-Arroyo-de-la-Miacera-Las-Hurdes-1.jpg\" class=\"attachment-large size-large wp-image-5084\" alt=\"\" \/>\t\t\t\t\t\t\t\t\t\t\t\t\t\t\t<\/div>\n\t\t\t\t<\/div>\n\t\t\t\t<div class=\"elementor-element elementor-element-68f134d6 elementor-widget elementor-widget-text-editor\" data-id=\"68f134d6\" data-element_type=\"widget\" data-e-type=\"widget\" data-widget_type=\"text-editor.default\">\n\t\t\t\t<div class=\"elementor-widget-container\">\n\t\t\t\t\t\t\t\t\t<p>El final del trajecte ens porta de retorn a El Gasco.<\/p>\t\t\t\t\t\t\t\t<\/div>\n\t\t\t\t<\/div>\n\t\t\t\t<div class=\"elementor-element elementor-element-37cd0057 elementor-widget elementor-widget-menu-anchor\" data-id=\"37cd0057\" data-element_type=\"widget\" data-e-type=\"widget\" data-widget_type=\"menu-anchor.default\">\n\t\t\t\t<div class=\"elementor-widget-container\">\n\t\t\t\t\t\t\t<div class=\"elementor-menu-anchor\" id=\"c1307\"><\/div>\n\t\t\t\t\t\t<\/div>\n\t\t\t\t<\/div>\n\t\t\t\t<div class=\"elementor-element elementor-element-1b71402a elementor-widget elementor-widget-image\" data-id=\"1b71402a\" data-element_type=\"widget\" data-e-type=\"widget\" data-widget_type=\"image.default\">\n\t\t\t\t<div class=\"elementor-widget-container\">\n\t\t\t\t\t\t\t\t\t\t\t\t\t\t\t<img loading=\"lazy\" decoding=\"async\" width=\"800\" height=\"533\" src=\"https:\/\/www.elturistatranquil.com\/wp-content\/uploads\/F44-Ruta-al-Chorro-de-la-Miacera-Las-Hurdes-1.jpg\" class=\"attachment-large size-large wp-image-5086\" alt=\"\" srcset=\"https:\/\/www.elturistatranquil.com\/wp-content\/uploads\/F44-Ruta-al-Chorro-de-la-Miacera-Las-Hurdes-1.jpg 800w, https:\/\/www.elturistatranquil.com\/wp-content\/uploads\/F44-Ruta-al-Chorro-de-la-Miacera-Las-Hurdes-1-768x512.jpg 768w\" sizes=\"(max-width: 800px) 100vw, 800px\" \/>\t\t\t\t\t\t\t\t\t\t\t\t\t\t\t<\/div>\n\t\t\t\t<\/div>\n\t\t\t\t<div class=\"elementor-element elementor-element-752b2c06 elementor-widget elementor-widget-heading\" data-id=\"752b2c06\" data-element_type=\"widget\" data-e-type=\"widget\" data-widget_type=\"heading.default\">\n\t\t\t\t<div class=\"elementor-widget-container\">\n\t\t\t\t\t<h2 class=\"elementor-heading-title elementor-size-default\">Mirador de las Estrellas (D) i Mirador de la Carrasca (E)<\/h2>\t\t\t\t<\/div>\n\t\t\t\t<\/div>\n\t\t\t\t<div class=\"elementor-element elementor-element-5a208736 elementor-widget elementor-widget-text-editor\" data-id=\"5a208736\" data-element_type=\"widget\" data-e-type=\"widget\" data-widget_type=\"text-editor.default\">\n\t\t\t\t<div class=\"elementor-widget-container\">\n\t\t\t\t\t\t\t\t\t<p>Un dels al\u00b7licients en els recorreguts \u00e9s topar-se amb un dels nombrosos miradors.<\/p><p>A sobre de Casares de las Hurdes un primer mirador, el <strong>Mirador de Las Estrellas<\/strong>. De dia ens ofereix una panor\u00e0mica de Casares i de la vall del riu Huertano.<\/p><p>El nom li ve perqu\u00e8 de nit, amb un entorn amb escassa contaminaci\u00f3 lum\u00ednica, la panor\u00e0mica estel\u00b7lar es perfecta.<\/p>\t\t\t\t\t\t\t\t<\/div>\n\t\t\t\t<\/div>\n\t\t\t\t<div class=\"elementor-element elementor-element-68f3ba42 elementor-widget elementor-widget-image\" data-id=\"68f3ba42\" data-element_type=\"widget\" data-e-type=\"widget\" data-widget_type=\"image.default\">\n\t\t\t\t<div class=\"elementor-widget-container\">\n\t\t\t\t\t\t\t\t\t\t\t\t\t\t\t<img loading=\"lazy\" decoding=\"async\" width=\"800\" height=\"534\" src=\"https:\/\/www.elturistatranquil.com\/wp-content\/uploads\/F45-Casares-de-las-Hurdes-1.jpg\" class=\"attachment-large size-large wp-image-5088\" alt=\"\" srcset=\"https:\/\/www.elturistatranquil.com\/wp-content\/uploads\/F45-Casares-de-las-Hurdes-1.jpg 800w, https:\/\/www.elturistatranquil.com\/wp-content\/uploads\/F45-Casares-de-las-Hurdes-1-768x513.jpg 768w\" sizes=\"(max-width: 800px) 100vw, 800px\" \/>\t\t\t\t\t\t\t\t\t\t\t\t\t\t\t<\/div>\n\t\t\t\t<\/div>\n\t\t\t\t<div class=\"elementor-element elementor-element-29f87e6b elementor-widget elementor-widget-text-editor\" data-id=\"29f87e6b\" data-element_type=\"widget\" data-e-type=\"widget\" data-widget_type=\"text-editor.default\">\n\t\t\t\t<div class=\"elementor-widget-container\">\n\t\t\t\t\t\t\t\t\t<p>Uns kil\u00f2metres m\u00e9s endavant, un segon mirador circular, el <strong>Mirador de la Carrasca<\/strong> ens permetr\u00e0 veure en direcci\u00f3 sud-oest la mateixa vall del riu Hurdano, amb els pobles de Carabusino i Rubledo a la part alta, i Casares de la Hurdes m\u00e9s al fons. Estem a un 1.200 m d\u2019altitud.<\/p>\t\t\t\t\t\t\t\t<\/div>\n\t\t\t\t<\/div>\n\t\t\t\t<div class=\"elementor-element elementor-element-747f03cd elementor-widget elementor-widget-image\" data-id=\"747f03cd\" data-element_type=\"widget\" data-e-type=\"widget\" data-widget_type=\"image.default\">\n\t\t\t\t<div class=\"elementor-widget-container\">\n\t\t\t\t\t\t\t\t\t\t\t\t\t\t\t<img loading=\"lazy\" decoding=\"async\" width=\"800\" height=\"533\" src=\"https:\/\/www.elturistatranquil.com\/wp-content\/uploads\/F11-Valle-del-rio-Hurdetano-1.jpg\" class=\"attachment-large size-large wp-image-5022\" alt=\"\" srcset=\"https:\/\/www.elturistatranquil.com\/wp-content\/uploads\/F11-Valle-del-rio-Hurdetano-1.jpg 800w, https:\/\/www.elturistatranquil.com\/wp-content\/uploads\/F11-Valle-del-rio-Hurdetano-1-768x512.jpg 768w\" sizes=\"(max-width: 800px) 100vw, 800px\" \/>\t\t\t\t\t\t\t\t\t\t\t\t\t\t\t<\/div>\n\t\t\t\t<\/div>\n\t\t\t\t<div class=\"elementor-element elementor-element-e8b6a16 elementor-widget elementor-widget-text-editor\" data-id=\"e8b6a16\" data-element_type=\"widget\" data-e-type=\"widget\" data-widget_type=\"text-editor.default\">\n\t\t\t\t<div class=\"elementor-widget-container\">\n\t\t\t\t\t\t\t\t\t<p>Girant la vista en direcci\u00f3 oposada, nord-est, tenim davant la vall del riu <em>Ladrillar<\/em>. A l\u2019altre costat estar\u00edem en territori de Salamanca.<\/p><p>A la vista, encaixat, apareix l\u2019alqueria de <em>Riomalo de Arriba.<\/em><\/p>\t\t\t\t\t\t\t\t<\/div>\n\t\t\t\t<\/div>\n\t\t\t\t<div class=\"elementor-element elementor-element-de8468e elementor-widget elementor-widget-image\" data-id=\"de8468e\" data-element_type=\"widget\" data-e-type=\"widget\" data-widget_type=\"image.default\">\n\t\t\t\t<div class=\"elementor-widget-container\">\n\t\t\t\t\t\t\t\t\t\t\t\t\t\t\t<img loading=\"lazy\" decoding=\"async\" width=\"800\" height=\"533\" src=\"https:\/\/www.elturistatranquil.com\/wp-content\/uploads\/F47-Riomalo-de-Arriba-Las-Hurdes-1.jpg\" class=\"attachment-large size-large wp-image-5090\" alt=\"\" srcset=\"https:\/\/www.elturistatranquil.com\/wp-content\/uploads\/F47-Riomalo-de-Arriba-Las-Hurdes-1.jpg 800w, https:\/\/www.elturistatranquil.com\/wp-content\/uploads\/F47-Riomalo-de-Arriba-Las-Hurdes-1-768x512.jpg 768w\" sizes=\"(max-width: 800px) 100vw, 800px\" \/>\t\t\t\t\t\t\t\t\t\t\t\t\t\t\t<\/div>\n\t\t\t\t<\/div>\n\t\t\t\t<div class=\"elementor-element elementor-element-78ee7528 elementor-widget elementor-widget-text-editor\" data-id=\"78ee7528\" data-element_type=\"widget\" data-e-type=\"widget\" data-widget_type=\"text-editor.default\">\n\t\t\t\t<div class=\"elementor-widget-container\">\n\t\t\t\t\t\t\t\t\t<p>En aquesta zona es percep clarament la acci\u00f3 reforestadora amb pins.<\/p>\t\t\t\t\t\t\t\t<\/div>\n\t\t\t\t<\/div>\n\t\t\t\t<div class=\"elementor-element elementor-element-7de22a15 elementor-widget elementor-widget-menu-anchor\" data-id=\"7de22a15\" data-element_type=\"widget\" data-e-type=\"widget\" data-widget_type=\"menu-anchor.default\">\n\t\t\t\t<div class=\"elementor-widget-container\">\n\t\t\t\t\t\t\t<div class=\"elementor-menu-anchor\" id=\"c1308\"><\/div>\n\t\t\t\t\t\t<\/div>\n\t\t\t\t<\/div>\n\t\t\t\t<div class=\"elementor-element elementor-element-137cdc40 elementor-widget elementor-widget-image\" data-id=\"137cdc40\" data-element_type=\"widget\" data-e-type=\"widget\" data-widget_type=\"image.default\">\n\t\t\t\t<div class=\"elementor-widget-container\">\n\t\t\t\t\t\t\t\t\t\t\t\t\t\t\t<img loading=\"lazy\" decoding=\"async\" width=\"800\" height=\"533\" src=\"https:\/\/www.elturistatranquil.com\/wp-content\/uploads\/F48-Desde-el-Mirador-de-la-Carrasca-Las-Hurdes-1.jpg\" class=\"attachment-large size-large wp-image-5092\" alt=\"\" srcset=\"https:\/\/www.elturistatranquil.com\/wp-content\/uploads\/F48-Desde-el-Mirador-de-la-Carrasca-Las-Hurdes-1.jpg 800w, https:\/\/www.elturistatranquil.com\/wp-content\/uploads\/F48-Desde-el-Mirador-de-la-Carrasca-Las-Hurdes-1-768x512.jpg 768w\" sizes=\"(max-width: 800px) 100vw, 800px\" \/>\t\t\t\t\t\t\t\t\t\t\t\t\t\t\t<\/div>\n\t\t\t\t<\/div>\n\t\t\t\t<div class=\"elementor-element elementor-element-3e70ca5a elementor-widget elementor-widget-heading\" data-id=\"3e70ca5a\" data-element_type=\"widget\" data-e-type=\"widget\" data-widget_type=\"heading.default\">\n\t\t\t\t<div class=\"elementor-widget-container\">\n\t\t\t\t\t<h2 class=\"elementor-heading-title elementor-size-default\">Riomalo de Arriba (F) i Ladrillar (G)<\/h2>\t\t\t\t<\/div>\n\t\t\t\t<\/div>\n\t\t\t\t<div class=\"elementor-element elementor-element-5d61d9f6 elementor-widget elementor-widget-text-editor\" data-id=\"5d61d9f6\" data-element_type=\"widget\" data-e-type=\"widget\" data-widget_type=\"text-editor.default\">\n\t\t\t\t<div class=\"elementor-widget-container\">\n\t\t\t\t\t\t\t\t\t<p>\u00a0<\/p><p>Amb 10 habitants el 2017 i a 800 msnm, <strong>Riomalo de Arriba<\/strong> \u00e9s l\u2019alqueria a las Hurdes m\u00e9s profunda del municipi del <em>Ladrillar<\/em> (209 habitants a tot el municipi). La municipalitat a <strong>Ladrillar<\/strong> acollia 109 habitants, a 700 msnm .<\/p><p><em>Riomalo de Arriba<\/em>, juntament amb <em>Casares de Las Hurdes<\/em>, formaven part hist\u00f2ricament de Las Hurdes m\u00e9s profundes.<\/p><p>En el primer viatge de Alfonso XIII, el 1922, per arribar\u00a0 a aquests pobles no hi havia carreteres ni camins carreters, nom\u00e9s uns dolents camins de ferradura. Ha quedat perfectament reflectit en el <a href=\"https:\/\/www.youtube.com\/watch?v=U0oHjp8A1Yk#t=763.175372\" target=\"_blank\" rel=\"noopener\">documental\u00a0<\/a>d\u2019aquest viatge.<\/p><p>Riomalo de Arriba es mostra com un dels pobles amb menys desenvolupament urban\u00edstic \u201cmodern\u201d, amb la seva escassa poblaci\u00f3. En un intent de dinamitzar-lo si ha creat el <a href=\"http:\/\/www.mancomunidadhurdes.org\/index.php?opcion=centro_riomalo\" target=\"_blank\" rel=\"noopener\"><em>Centro de Interpretaci\u00f3n e Informaci\u00f3n de Las Hurdes<\/em><\/a>. Com es la norma, la limitaci\u00f3 d\u2019horaris fa dif\u00edcil visitar-lo. No v\u00e0rem tenir sort en cap cas.<\/p>\t\t\t\t\t\t\t\t<\/div>\n\t\t\t\t<\/div>\n\t\t\t\t<div class=\"elementor-element elementor-element-ebfd06b elementor-widget elementor-widget-image\" data-id=\"ebfd06b\" data-element_type=\"widget\" data-e-type=\"widget\" data-widget_type=\"image.default\">\n\t\t\t\t<div class=\"elementor-widget-container\">\n\t\t\t\t\t\t\t\t\t\t\t\t\t\t\t<img loading=\"lazy\" decoding=\"async\" width=\"800\" height=\"533\" src=\"https:\/\/www.elturistatranquil.com\/wp-content\/uploads\/F49-Riomalo-de-Arriba-Las-Hurdes-1.jpg\" class=\"attachment-large size-large wp-image-5094\" alt=\"\" srcset=\"https:\/\/www.elturistatranquil.com\/wp-content\/uploads\/F49-Riomalo-de-Arriba-Las-Hurdes-1.jpg 800w, https:\/\/www.elturistatranquil.com\/wp-content\/uploads\/F49-Riomalo-de-Arriba-Las-Hurdes-1-768x512.jpg 768w\" sizes=\"(max-width: 800px) 100vw, 800px\" \/>\t\t\t\t\t\t\t\t\t\t\t\t\t\t\t<\/div>\n\t\t\t\t<\/div>\n\t\t\t\t<div class=\"elementor-element elementor-element-6a48f561 elementor-widget elementor-widget-text-editor\" data-id=\"6a48f561\" data-element_type=\"widget\" data-e-type=\"widget\" data-widget_type=\"text-editor.default\">\n\t\t\t\t<div class=\"elementor-widget-container\">\n\t\t\t\t\t\t\t\t\t<p>La capitalitat municipal es troba a <strong>Ladrillar<\/strong>, uns kil\u00f2metres m\u00e9s avall, amb un desenvolupament urb\u00e0 m\u00e9s notable.<\/p>\t\t\t\t\t\t\t\t<\/div>\n\t\t\t\t<\/div>\n\t\t\t\t<div class=\"elementor-element elementor-element-46944f3e elementor-widget elementor-widget-menu-anchor\" data-id=\"46944f3e\" data-element_type=\"widget\" data-e-type=\"widget\" data-widget_type=\"menu-anchor.default\">\n\t\t\t\t<div class=\"elementor-widget-container\">\n\t\t\t\t\t\t\t<div class=\"elementor-menu-anchor\" id=\"c1309\"><\/div>\n\t\t\t\t\t\t<\/div>\n\t\t\t\t<\/div>\n\t\t\t\t<div class=\"elementor-element elementor-element-439dff45 elementor-widget elementor-widget-image\" data-id=\"439dff45\" data-element_type=\"widget\" data-e-type=\"widget\" data-widget_type=\"image.default\">\n\t\t\t\t<div class=\"elementor-widget-container\">\n\t\t\t\t\t\t\t\t\t\t\t\t\t\t\t<img loading=\"lazy\" decoding=\"async\" width=\"800\" height=\"533\" src=\"https:\/\/www.elturistatranquil.com\/wp-content\/uploads\/F50-Ladrillar-Las-Hurdes-1.jpg\" class=\"attachment-large size-large wp-image-5096\" alt=\"\" srcset=\"https:\/\/www.elturistatranquil.com\/wp-content\/uploads\/F50-Ladrillar-Las-Hurdes-1.jpg 800w, https:\/\/www.elturistatranquil.com\/wp-content\/uploads\/F50-Ladrillar-Las-Hurdes-1-768x512.jpg 768w\" sizes=\"(max-width: 800px) 100vw, 800px\" \/>\t\t\t\t\t\t\t\t\t\t\t\t\t\t\t<\/div>\n\t\t\t\t<\/div>\n\t\t\t\t<div class=\"elementor-element elementor-element-3546c1ac elementor-widget elementor-widget-heading\" data-id=\"3546c1ac\" data-element_type=\"widget\" data-e-type=\"widget\" data-widget_type=\"heading.default\">\n\t\t\t\t<div class=\"elementor-widget-container\">\n\t\t\t\t\t<h2 class=\"elementor-heading-title elementor-size-default\">Meandro de Melero (H)<\/h2>\t\t\t\t<\/div>\n\t\t\t\t<\/div>\n\t\t\t\t<div class=\"elementor-element elementor-element-1a4c3b6 elementor-widget elementor-widget-text-editor\" data-id=\"1a4c3b6\" data-element_type=\"widget\" data-e-type=\"widget\" data-widget_type=\"text-editor.default\">\n\t\t\t\t<div class=\"elementor-widget-container\">\n\t\t\t\t\t\t\t\t\t<p>La joia paisatg\u00edstica de la comarca \u00e9s el <strong>Meandro de Melero<\/strong> al riu <em>Alag\u00f3n<\/em>. De fet, el riu fa frontera amb la prov\u00edncia de Salamanca. Per\u00f2 la imatge perfecta \u00e9s la que es capta des del <strong>Mirador de La Antigua<\/strong>, en terres hurdetanes, prop de <em>Riomalo de Abajo<\/em>, c\u00f2modament accessible en cotxe.<\/p>\t\t\t\t\t\t\t\t<\/div>\n\t\t\t\t<\/div>\n\t\t\t\t<div class=\"elementor-element elementor-element-1e5557ac elementor-widget elementor-widget-image\" data-id=\"1e5557ac\" data-element_type=\"widget\" data-e-type=\"widget\" data-widget_type=\"image.default\">\n\t\t\t\t<div class=\"elementor-widget-container\">\n\t\t\t\t\t\t\t\t\t\t\t\t<figure class=\"wp-caption\">\n\t\t\t\t\t\t\t\t\t\t<img loading=\"lazy\" decoding=\"async\" width=\"800\" height=\"480\" src=\"https:\/\/www.elturistatranquil.com\/wp-content\/uploads\/F51-Mirador-de-La-Antigua.-Meandro-del-Melero-Las-Hurdes-1.jpg\" class=\"attachment-large size-large wp-image-5098\" alt=\"\" srcset=\"https:\/\/www.elturistatranquil.com\/wp-content\/uploads\/F51-Mirador-de-La-Antigua.-Meandro-del-Melero-Las-Hurdes-1.jpg 800w, https:\/\/www.elturistatranquil.com\/wp-content\/uploads\/F51-Mirador-de-La-Antigua.-Meandro-del-Melero-Las-Hurdes-1-768x461.jpg 768w\" sizes=\"(max-width: 800px) 100vw, 800px\" \/>\t\t\t\t\t\t\t\t\t\t\t<figcaption class=\"widget-image-caption wp-caption-text\">Mirador de La Antigua sobre el Meandro de Melero<\/figcaption>\n\t\t\t\t\t\t\t\t\t\t<\/figure>\n\t\t\t\t\t\t\t\t\t<\/div>\n\t\t\t\t<\/div>\n\t\t\t\t<div class=\"elementor-element elementor-element-4532b408 elementor-widget elementor-widget-text-editor\" data-id=\"4532b408\" data-element_type=\"widget\" data-e-type=\"widget\" data-widget_type=\"text-editor.default\">\n\t\t\t\t<div class=\"elementor-widget-container\">\n\t\t\t\t\t\t\t\t\t<p>Potser l\u2019escassetat d\u2019aigua el fa m\u00e9s atractiu.<\/p>\t\t\t\t\t\t\t\t<\/div>\n\t\t\t\t<\/div>\n\t\t\t\t<div class=\"elementor-element elementor-element-2a3e7262 elementor-widget elementor-widget-image\" data-id=\"2a3e7262\" data-element_type=\"widget\" data-e-type=\"widget\" data-widget_type=\"image.default\">\n\t\t\t\t<div class=\"elementor-widget-container\">\n\t\t\t\t\t\t\t\t\t\t\t\t\t\t\t<img loading=\"lazy\" decoding=\"async\" width=\"800\" height=\"480\" src=\"https:\/\/www.elturistatranquil.com\/wp-content\/uploads\/F52-Meandro-del-Melero-Las-Hurdes-1.jpg\" class=\"attachment-large size-large wp-image-5100\" alt=\"\" srcset=\"https:\/\/www.elturistatranquil.com\/wp-content\/uploads\/F52-Meandro-del-Melero-Las-Hurdes-1.jpg 800w, https:\/\/www.elturistatranquil.com\/wp-content\/uploads\/F52-Meandro-del-Melero-Las-Hurdes-1-768x461.jpg 768w\" sizes=\"(max-width: 800px) 100vw, 800px\" \/>\t\t\t\t\t\t\t\t\t\t\t\t\t\t\t<\/div>\n\t\t\t\t<\/div>\n\t\t\t\t<div class=\"elementor-element elementor-element-65da4a7e elementor-widget elementor-widget-image\" data-id=\"65da4a7e\" data-element_type=\"widget\" data-e-type=\"widget\" data-widget_type=\"image.default\">\n\t\t\t\t<div class=\"elementor-widget-container\">\n\t\t\t\t\t\t\t\t\t\t\t\t\t\t\t<img loading=\"lazy\" decoding=\"async\" width=\"800\" height=\"480\" src=\"https:\/\/www.elturistatranquil.com\/wp-content\/uploads\/F53-Meandro-del-Melero-Las-Hurdes-1.jpg\" class=\"attachment-large size-large wp-image-5102\" alt=\"\" srcset=\"https:\/\/www.elturistatranquil.com\/wp-content\/uploads\/F53-Meandro-del-Melero-Las-Hurdes-1.jpg 800w, https:\/\/www.elturistatranquil.com\/wp-content\/uploads\/F53-Meandro-del-Melero-Las-Hurdes-1-768x461.jpg 768w\" sizes=\"(max-width: 800px) 100vw, 800px\" \/>\t\t\t\t\t\t\t\t\t\t\t\t\t\t\t<\/div>\n\t\t\t\t<\/div>\n\t\t\t\t<div class=\"elementor-element elementor-element-76ae5a3 elementor-widget elementor-widget-text-editor\" data-id=\"76ae5a3\" data-element_type=\"widget\" data-e-type=\"widget\" data-widget_type=\"text-editor.default\">\n\t\t\t\t<div class=\"elementor-widget-container\">\n\t\t\t\t\t\t\t\t\t<p>Estem en territori de voltors lleonats.<\/p>\t\t\t\t\t\t\t\t<\/div>\n\t\t\t\t<\/div>\n\t\t\t\t<div class=\"elementor-element elementor-element-6688dbda elementor-widget elementor-widget-menu-anchor\" data-id=\"6688dbda\" data-element_type=\"widget\" data-e-type=\"widget\" data-widget_type=\"menu-anchor.default\">\n\t\t\t\t<div class=\"elementor-widget-container\">\n\t\t\t\t\t\t\t<div class=\"elementor-menu-anchor\" id=\"c1310\"><\/div>\n\t\t\t\t\t\t<\/div>\n\t\t\t\t<\/div>\n\t\t\t\t<div class=\"elementor-element elementor-element-651edb6 elementor-widget elementor-widget-image\" data-id=\"651edb6\" data-element_type=\"widget\" data-e-type=\"widget\" data-widget_type=\"image.default\">\n\t\t\t\t<div class=\"elementor-widget-container\">\n\t\t\t\t\t\t\t\t\t\t\t\t\t\t\t<img loading=\"lazy\" decoding=\"async\" width=\"800\" height=\"533\" src=\"https:\/\/www.elturistatranquil.com\/wp-content\/uploads\/F54-Mirador-de-La-Antigua.-Buitres-leonados-Las-Hurdes-1.jpg\" class=\"attachment-large size-large wp-image-5104\" alt=\"\" srcset=\"https:\/\/www.elturistatranquil.com\/wp-content\/uploads\/F54-Mirador-de-La-Antigua.-Buitres-leonados-Las-Hurdes-1.jpg 800w, https:\/\/www.elturistatranquil.com\/wp-content\/uploads\/F54-Mirador-de-La-Antigua.-Buitres-leonados-Las-Hurdes-1-768x512.jpg 768w\" sizes=\"(max-width: 800px) 100vw, 800px\" \/>\t\t\t\t\t\t\t\t\t\t\t\t\t\t\t<\/div>\n\t\t\t\t<\/div>\n\t\t\t\t<div class=\"elementor-element elementor-element-16588546 elementor-widget elementor-widget-heading\" data-id=\"16588546\" data-element_type=\"widget\" data-e-type=\"widget\" data-widget_type=\"heading.default\">\n\t\t\t\t<div class=\"elementor-widget-container\">\n\t\t\t\t\t<h2 class=\"elementor-heading-title elementor-size-default\">Asegur (I)<\/h2>\t\t\t\t<\/div>\n\t\t\t\t<\/div>\n\t\t\t\t<div class=\"elementor-element elementor-element-51e3e638 elementor-widget elementor-widget-text-editor\" data-id=\"51e3e638\" data-element_type=\"widget\" data-e-type=\"widget\" data-widget_type=\"text-editor.default\">\n\t\t\t\t<div class=\"elementor-widget-container\">\n\t\t\t\t\t\t\t\t\t<p>A prop de Casares de les Hurdes, encara que pertanyi al municipi de Nu\u00f1omoral, a l\u2019alqueria de <strong>Asegur<\/strong> pot observar-se un conjunt de cases hurdanas que, tot i el mal estat de conservaci\u00f3, permeten veure el paisatge que formaven aquests conjunts arrapats a terra com tortugues.<\/p><p>S&#8217;aprecia clarament la t\u00edpica abs\u00e8ncia de xemeneies. L&#8217;olivar \u00e9s aqu\u00ed dominant, assentat en els bancals.<\/p>\t\t\t\t\t\t\t\t<\/div>\n\t\t\t\t<\/div>\n\t\t\t\t<div class=\"elementor-element elementor-element-119bcf98 elementor-widget elementor-widget-image\" data-id=\"119bcf98\" data-element_type=\"widget\" data-e-type=\"widget\" data-widget_type=\"image.default\">\n\t\t\t\t<div class=\"elementor-widget-container\">\n\t\t\t\t\t\t\t\t\t\t\t\t\t\t\t<img loading=\"lazy\" decoding=\"async\" width=\"800\" height=\"533\" src=\"https:\/\/www.elturistatranquil.com\/wp-content\/uploads\/F09-Asegur-Las-Hurdes-1.jpg\" class=\"attachment-large size-large wp-image-5018\" alt=\"\" srcset=\"https:\/\/www.elturistatranquil.com\/wp-content\/uploads\/F09-Asegur-Las-Hurdes-1.jpg 800w, https:\/\/www.elturistatranquil.com\/wp-content\/uploads\/F09-Asegur-Las-Hurdes-1-768x512.jpg 768w\" sizes=\"(max-width: 800px) 100vw, 800px\" \/>\t\t\t\t\t\t\t\t\t\t\t\t\t\t\t<\/div>\n\t\t\t\t<\/div>\n\t\t\t\t<div class=\"elementor-element elementor-element-426b7e15 elementor-widget elementor-widget-menu-anchor\" data-id=\"426b7e15\" data-element_type=\"widget\" data-e-type=\"widget\" data-widget_type=\"menu-anchor.default\">\n\t\t\t\t<div class=\"elementor-widget-container\">\n\t\t\t\t\t\t\t<div class=\"elementor-menu-anchor\" id=\"c1311\"><\/div>\n\t\t\t\t\t\t<\/div>\n\t\t\t\t<\/div>\n\t\t\t\t<div class=\"elementor-element elementor-element-4a02d33b elementor-widget elementor-widget-image\" data-id=\"4a02d33b\" data-element_type=\"widget\" data-e-type=\"widget\" data-widget_type=\"image.default\">\n\t\t\t\t<div class=\"elementor-widget-container\">\n\t\t\t\t\t\t\t\t\t\t\t\t\t\t\t<img loading=\"lazy\" decoding=\"async\" width=\"800\" height=\"533\" src=\"https:\/\/www.elturistatranquil.com\/wp-content\/uploads\/F56-Asegur-Las-Hurdes-2.jpg\" class=\"attachment-large size-large wp-image-5108\" alt=\"\" srcset=\"https:\/\/www.elturistatranquil.com\/wp-content\/uploads\/F56-Asegur-Las-Hurdes-2.jpg 800w, https:\/\/www.elturistatranquil.com\/wp-content\/uploads\/F56-Asegur-Las-Hurdes-2-768x512.jpg 768w\" sizes=\"(max-width: 800px) 100vw, 800px\" \/>\t\t\t\t\t\t\t\t\t\t\t\t\t\t\t<\/div>\n\t\t\t\t<\/div>\n\t\t\t\t<div class=\"elementor-element elementor-element-11e055a6 elementor-widget elementor-widget-heading\" data-id=\"11e055a6\" data-element_type=\"widget\" data-e-type=\"widget\" data-widget_type=\"heading.default\">\n\t\t\t\t<div class=\"elementor-widget-container\">\n\t\t\t\t\t<h2 class=\"elementor-heading-title elementor-size-default\">Lagar de Er\u00edas (J)<\/h2>\t\t\t\t<\/div>\n\t\t\t\t<\/div>\n\t\t\t\t<div class=\"elementor-element elementor-element-6241358 elementor-widget elementor-widget-text-editor\" data-id=\"6241358\" data-element_type=\"widget\" data-e-type=\"widget\" data-widget_type=\"text-editor.default\">\n\t\t\t\t<div class=\"elementor-widget-container\">\n\t\t\t\t\t\t\t\t\t<p>Ens dirigirem a la alqueria de <strong>Er\u00edas <\/strong>(65 habitants al 2017, 720 msnm) pertanyent al municipi de <em>Pinofranqueado, <\/em>per visitar el <strong>Lagar de Er\u00edas<\/strong>.<\/p>\t\t\t\t\t\t\t\t<\/div>\n\t\t\t\t<\/div>\n\t\t\t\t<div class=\"elementor-element elementor-element-646cf92e elementor-widget elementor-widget-image\" data-id=\"646cf92e\" data-element_type=\"widget\" data-e-type=\"widget\" data-widget_type=\"image.default\">\n\t\t\t\t<div class=\"elementor-widget-container\">\n\t\t\t\t\t\t\t\t\t\t\t\t\t\t\t<img loading=\"lazy\" decoding=\"async\" width=\"488\" height=\"550\" src=\"https:\/\/www.elturistatranquil.com\/wp-content\/uploads\/F57-Erias-Las-Hurdes-1.jpg\" class=\"attachment-large size-large wp-image-5110\" alt=\"\" \/>\t\t\t\t\t\t\t\t\t\t\t\t\t\t\t<\/div>\n\t\t\t\t<\/div>\n\t\t\t\t<div class=\"elementor-element elementor-element-67c72917 elementor-widget elementor-widget-text-editor\" data-id=\"67c72917\" data-element_type=\"widget\" data-e-type=\"widget\" data-widget_type=\"text-editor.default\">\n\t\t\t\t<div class=\"elementor-widget-container\">\n\t\t\t\t\t\t\t\t\t<p>El Lagar de Er\u00edas \u00e9s un dels cups (alm\u00e0sseres) existents a les Hurdes, que actualment mant\u00e9 la forma tradicional d&#8217;obtenir l&#8217;oli, tant la recollida i apilament de l&#8217;oliva en els \u201ccortijos\u201d, com la forma de molta i premsat de la mateixa . Encara en \u00fas.<\/p><p>El cup compta amb un conjunt de 25 \u201ccortijos\u201d, ocupant la zona pr\u00e8via d&#8217;entrada, alguns adossats a la fa\u00e7ana i altres en el seu entorn. Els \u201ccortijos\u201d,\u00a0 s\u00f3n un conjunt d&#8217;habitacles de ma\u00e7oneria de pissarra, on es diposita l&#8217;oliva recollida de cada propietari per a la seva posterior molta.<\/p>\t\t\t\t\t\t\t\t<\/div>\n\t\t\t\t<\/div>\n\t\t\t\t<div class=\"elementor-element elementor-element-76c83deb elementor-widget elementor-widget-image\" data-id=\"76c83deb\" data-element_type=\"widget\" data-e-type=\"widget\" data-widget_type=\"image.default\">\n\t\t\t\t<div class=\"elementor-widget-container\">\n\t\t\t\t\t\t\t\t\t\t\t\t\t\t\t<img loading=\"lazy\" decoding=\"async\" width=\"800\" height=\"533\" src=\"https:\/\/www.elturistatranquil.com\/wp-content\/uploads\/F58-Lagar-de-Erias-Las-Hurdes-2.jpg\" class=\"attachment-large size-large wp-image-5114\" alt=\"\" srcset=\"https:\/\/www.elturistatranquil.com\/wp-content\/uploads\/F58-Lagar-de-Erias-Las-Hurdes-2.jpg 800w, https:\/\/www.elturistatranquil.com\/wp-content\/uploads\/F58-Lagar-de-Erias-Las-Hurdes-2-768x512.jpg 768w\" sizes=\"(max-width: 800px) 100vw, 800px\" \/>\t\t\t\t\t\t\t\t\t\t\t\t\t\t\t<\/div>\n\t\t\t\t<\/div>\n\t\t\t\t<div class=\"elementor-element elementor-element-65612df7 elementor-widget elementor-widget-image\" data-id=\"65612df7\" data-element_type=\"widget\" data-e-type=\"widget\" data-widget_type=\"image.default\">\n\t\t\t\t<div class=\"elementor-widget-container\">\n\t\t\t\t\t\t\t\t\t\t\t\t\t\t\t<img loading=\"lazy\" decoding=\"async\" width=\"800\" height=\"533\" src=\"https:\/\/www.elturistatranquil.com\/wp-content\/uploads\/F59-Lagar-de-Erias-Las-Hurdes-2.jpg\" class=\"attachment-large size-large wp-image-5118\" alt=\"\" srcset=\"https:\/\/www.elturistatranquil.com\/wp-content\/uploads\/F59-Lagar-de-Erias-Las-Hurdes-2.jpg 800w, https:\/\/www.elturistatranquil.com\/wp-content\/uploads\/F59-Lagar-de-Erias-Las-Hurdes-2-768x512.jpg 768w\" sizes=\"(max-width: 800px) 100vw, 800px\" \/>\t\t\t\t\t\t\t\t\t\t\t\t\t\t\t<\/div>\n\t\t\t\t<\/div>\n\t\t\t\t<div class=\"elementor-element elementor-element-1ddd338a elementor-widget elementor-widget-text-editor\" data-id=\"1ddd338a\" data-element_type=\"widget\" data-e-type=\"widget\" data-widget_type=\"text-editor.default\">\n\t\t\t\t<div class=\"elementor-widget-container\">\n\t\t\t\t\t\t\t\t\t<p>Situat junt al riu <em>Esperab\u00e1n<\/em>, tamb\u00e9 si va constru\u00efr una de les t\u00edpiques piscines naturals.<\/p>\t\t\t\t\t\t\t\t<\/div>\n\t\t\t\t<\/div>\n\t\t\t\t<div class=\"elementor-element elementor-element-6d810b6c elementor-widget elementor-widget-image\" data-id=\"6d810b6c\" data-element_type=\"widget\" data-e-type=\"widget\" data-widget_type=\"image.default\">\n\t\t\t\t<div class=\"elementor-widget-container\">\n\t\t\t\t\t\t\t\t\t\t\t\t\t\t\t<img loading=\"lazy\" decoding=\"async\" width=\"800\" height=\"533\" src=\"https:\/\/www.elturistatranquil.com\/wp-content\/uploads\/F60-Rio-Esperaban-Erias-Las-hurdes-2.jpg\" class=\"attachment-large size-large wp-image-5122\" alt=\"\" srcset=\"https:\/\/www.elturistatranquil.com\/wp-content\/uploads\/F60-Rio-Esperaban-Erias-Las-hurdes-2.jpg 800w, https:\/\/www.elturistatranquil.com\/wp-content\/uploads\/F60-Rio-Esperaban-Erias-Las-hurdes-2-768x512.jpg 768w\" sizes=\"(max-width: 800px) 100vw, 800px\" \/>\t\t\t\t\t\t\t\t\t\t\t\t\t\t\t<\/div>\n\t\t\t\t<\/div>\n\t\t\t\t<div class=\"elementor-element elementor-element-7ab1afc4 elementor-widget elementor-widget-menu-anchor\" data-id=\"7ab1afc4\" data-element_type=\"widget\" data-e-type=\"widget\" data-widget_type=\"menu-anchor.default\">\n\t\t\t\t<div class=\"elementor-widget-container\">\n\t\t\t\t\t\t\t<div class=\"elementor-menu-anchor\" id=\"c1312\"><\/div>\n\t\t\t\t\t\t<\/div>\n\t\t\t\t<\/div>\n\t\t\t\t<div class=\"elementor-element elementor-element-7f2a6290 elementor-widget elementor-widget-image\" data-id=\"7f2a6290\" data-element_type=\"widget\" data-e-type=\"widget\" data-widget_type=\"image.default\">\n\t\t\t\t<div class=\"elementor-widget-container\">\n\t\t\t\t\t\t\t\t\t\t\t\t\t\t\t<img loading=\"lazy\" decoding=\"async\" width=\"800\" height=\"533\" src=\"https:\/\/www.elturistatranquil.com\/wp-content\/uploads\/F61-Rio-Esperaban-Erias-Las-hurdes-2.jpg\" class=\"attachment-large size-large wp-image-5126\" alt=\"\" srcset=\"https:\/\/www.elturistatranquil.com\/wp-content\/uploads\/F61-Rio-Esperaban-Erias-Las-hurdes-2.jpg 800w, https:\/\/www.elturistatranquil.com\/wp-content\/uploads\/F61-Rio-Esperaban-Erias-Las-hurdes-2-768x512.jpg 768w\" sizes=\"(max-width: 800px) 100vw, 800px\" \/>\t\t\t\t\t\t\t\t\t\t\t\t\t\t\t<\/div>\n\t\t\t\t<\/div>\n\t\t\t\t<div class=\"elementor-element elementor-element-1c2ad8dd elementor-widget elementor-widget-heading\" data-id=\"1c2ad8dd\" data-element_type=\"widget\" data-e-type=\"widget\" data-widget_type=\"heading.default\">\n\t\t\t\t<div class=\"elementor-widget-container\">\n\t\t\t\t\t<h2 class=\"elementor-heading-title elementor-size-default\">Convento de los \u00c1ngeles (K)<\/h2>\t\t\t\t<\/div>\n\t\t\t\t<\/div>\n\t\t\t\t<div class=\"elementor-element elementor-element-16dcd8e4 elementor-widget elementor-widget-text-editor\" data-id=\"16dcd8e4\" data-element_type=\"widget\" data-e-type=\"widget\" data-widget_type=\"text-editor.default\">\n\t\t\t\t<div class=\"elementor-widget-container\">\n\t\t\t\t\t\t\t\t\t<p>A l\u2019extrem sud-occidental de las Hurdes es troben les restes del <strong>Convento de los \u00c1ngeles<\/strong>. Correspon a un convent francisc\u00e0 del segle XIII. Nom\u00e9s s\u2019aprecia la base dels murs del convent. El que queda clar \u00e9s que es tractava d\u2019una zona de retir perfectament a\u00efllada .<\/p>\t\t\t\t\t\t\t\t<\/div>\n\t\t\t\t<\/div>\n\t\t\t\t<div class=\"elementor-element elementor-element-6e1b3796 elementor-widget elementor-widget-image\" data-id=\"6e1b3796\" data-element_type=\"widget\" data-e-type=\"widget\" data-widget_type=\"image.default\">\n\t\t\t\t<div class=\"elementor-widget-container\">\n\t\t\t\t\t\t\t\t\t\t\t\t\t\t\t<img loading=\"lazy\" decoding=\"async\" width=\"800\" height=\"533\" src=\"https:\/\/www.elturistatranquil.com\/wp-content\/uploads\/F62-Convento-de-los-Angeles-Las-Hurdes-2.jpg\" class=\"attachment-large size-large wp-image-5130\" alt=\"\" srcset=\"https:\/\/www.elturistatranquil.com\/wp-content\/uploads\/F62-Convento-de-los-Angeles-Las-Hurdes-2.jpg 800w, https:\/\/www.elturistatranquil.com\/wp-content\/uploads\/F62-Convento-de-los-Angeles-Las-Hurdes-2-768x512.jpg 768w\" sizes=\"(max-width: 800px) 100vw, 800px\" \/>\t\t\t\t\t\t\t\t\t\t\t\t\t\t\t<\/div>\n\t\t\t\t<\/div>\n\t\t\t\t<div class=\"elementor-element elementor-element-d5fc926 elementor-widget elementor-widget-image\" data-id=\"d5fc926\" data-element_type=\"widget\" data-e-type=\"widget\" data-widget_type=\"image.default\">\n\t\t\t\t<div class=\"elementor-widget-container\">\n\t\t\t\t\t\t\t\t\t\t\t\t\t\t\t<img loading=\"lazy\" decoding=\"async\" width=\"800\" height=\"533\" src=\"https:\/\/www.elturistatranquil.com\/wp-content\/uploads\/F63-Convento-de-los-Angeles-Las-Hurdes-2.jpg\" class=\"attachment-large size-large wp-image-5134\" alt=\"\" srcset=\"https:\/\/www.elturistatranquil.com\/wp-content\/uploads\/F63-Convento-de-los-Angeles-Las-Hurdes-2.jpg 800w, https:\/\/www.elturistatranquil.com\/wp-content\/uploads\/F63-Convento-de-los-Angeles-Las-Hurdes-2-768x512.jpg 768w\" sizes=\"(max-width: 800px) 100vw, 800px\" \/>\t\t\t\t\t\t\t\t\t\t\t\t\t\t\t<\/div>\n\t\t\t\t<\/div>\n\t\t\t\t<div class=\"elementor-element elementor-element-1f1944b6 elementor-widget elementor-widget-text-editor\" data-id=\"1f1944b6\" data-element_type=\"widget\" data-e-type=\"widget\" data-widget_type=\"text-editor.default\">\n\t\t\t\t<div class=\"elementor-widget-container\">\n\t\t\t\t\t\t\t\t\t<p>La zona, on les pissarres surten com llances, \u00e9s territori d\u2019alzina surera.<\/p>\t\t\t\t\t\t\t\t<\/div>\n\t\t\t\t<\/div>\n\t\t\t\t<div class=\"elementor-element elementor-element-2fe97eb4 elementor-widget elementor-widget-image\" data-id=\"2fe97eb4\" data-element_type=\"widget\" data-e-type=\"widget\" data-widget_type=\"image.default\">\n\t\t\t\t<div class=\"elementor-widget-container\">\n\t\t\t\t\t\t\t\t\t\t\t\t\t\t\t<img loading=\"lazy\" decoding=\"async\" width=\"545\" height=\"550\" src=\"https:\/\/www.elturistatranquil.com\/wp-content\/uploads\/F64-Convento-de-los-Angeles-Las-Hurdes-2.jpg\" class=\"attachment-large size-large wp-image-5138\" alt=\"\" \/>\t\t\t\t\t\t\t\t\t\t\t\t\t\t\t<\/div>\n\t\t\t\t<\/div>\n\t\t\t\t<div class=\"elementor-element elementor-element-5455164 elementor-widget elementor-widget-image\" data-id=\"5455164\" data-element_type=\"widget\" data-e-type=\"widget\" data-widget_type=\"image.default\">\n\t\t\t\t<div class=\"elementor-widget-container\">\n\t\t\t\t\t\t\t\t\t\t\t\t\t\t\t<img loading=\"lazy\" decoding=\"async\" width=\"800\" height=\"534\" src=\"https:\/\/www.elturistatranquil.com\/wp-content\/uploads\/F65-Convento-de-los-Angeles-Las-Hurdes-2.jpg\" class=\"attachment-large size-large wp-image-5142\" alt=\"\" srcset=\"https:\/\/www.elturistatranquil.com\/wp-content\/uploads\/F65-Convento-de-los-Angeles-Las-Hurdes-2.jpg 800w, https:\/\/www.elturistatranquil.com\/wp-content\/uploads\/F65-Convento-de-los-Angeles-Las-Hurdes-2-768x513.jpg 768w\" sizes=\"(max-width: 800px) 100vw, 800px\" \/>\t\t\t\t\t\t\t\t\t\t\t\t\t\t\t<\/div>\n\t\t\t\t<\/div>\n\t\t\t\t<div class=\"elementor-element elementor-element-6f3edaf5 elementor-widget elementor-widget-image\" data-id=\"6f3edaf5\" data-element_type=\"widget\" data-e-type=\"widget\" data-widget_type=\"image.default\">\n\t\t\t\t<div class=\"elementor-widget-container\">\n\t\t\t\t\t\t\t\t\t\t\t\t<figure class=\"wp-caption\">\n\t\t\t\t\t\t\t\t\t\t<img loading=\"lazy\" decoding=\"async\" width=\"448\" height=\"550\" src=\"https:\/\/www.elturistatranquil.com\/wp-content\/uploads\/F66-Convento-de-los-Angeles-Las-Hurdes-2.jpg\" class=\"attachment-large size-large wp-image-5146\" alt=\"\" \/>\t\t\t\t\t\t\t\t\t\t\t<figcaption class=\"widget-image-caption wp-caption-text\">Una casa actual a\u00efllada al costat de les ru\u00efnes del convent<\/figcaption>\n\t\t\t\t\t\t\t\t\t\t<\/figure>\n\t\t\t\t\t\t\t\t\t<\/div>\n\t\t\t\t<\/div>\n\t\t\t\t<div class=\"elementor-element elementor-element-260e478c elementor-widget elementor-widget-image\" data-id=\"260e478c\" data-element_type=\"widget\" data-e-type=\"widget\" data-widget_type=\"image.default\">\n\t\t\t\t<div class=\"elementor-widget-container\">\n\t\t\t\t\t\t\t\t\t\t\t\t\t\t\t<img loading=\"lazy\" decoding=\"async\" width=\"800\" height=\"533\" src=\"https:\/\/www.elturistatranquil.com\/wp-content\/uploads\/F67-Convento-de-los-Angeles-Las-Hurdes-2.jpg\" class=\"attachment-large size-large wp-image-5150\" alt=\"\" srcset=\"https:\/\/www.elturistatranquil.com\/wp-content\/uploads\/F67-Convento-de-los-Angeles-Las-Hurdes-2.jpg 800w, https:\/\/www.elturistatranquil.com\/wp-content\/uploads\/F67-Convento-de-los-Angeles-Las-Hurdes-2-768x512.jpg 768w\" sizes=\"(max-width: 800px) 100vw, 800px\" \/>\t\t\t\t\t\t\t\t\t\t\t\t\t\t\t<\/div>\n\t\t\t\t<\/div>\n\t\t\t\t<div class=\"elementor-element elementor-element-2d473892 elementor-widget elementor-widget-menu-anchor\" data-id=\"2d473892\" data-element_type=\"widget\" data-e-type=\"widget\" data-widget_type=\"menu-anchor.default\">\n\t\t\t\t<div class=\"elementor-widget-container\">\n\t\t\t\t\t\t\t<div class=\"elementor-menu-anchor\" id=\"c1313\"><\/div>\n\t\t\t\t\t\t<\/div>\n\t\t\t\t<\/div>\n\t\t\t\t<div class=\"elementor-element elementor-element-69724c81 elementor-widget elementor-widget-image\" data-id=\"69724c81\" data-element_type=\"widget\" data-e-type=\"widget\" data-widget_type=\"image.default\">\n\t\t\t\t<div class=\"elementor-widget-container\">\n\t\t\t\t\t\t\t\t\t\t\t\t\t\t\t<img loading=\"lazy\" decoding=\"async\" width=\"800\" height=\"533\" src=\"https:\/\/www.elturistatranquil.com\/wp-content\/uploads\/F10-Convento-de-Los-\u00c1ngeles-Pinofranqueado-1.jpg\" class=\"attachment-large size-large wp-image-5020\" alt=\"\" srcset=\"https:\/\/www.elturistatranquil.com\/wp-content\/uploads\/F10-Convento-de-Los-\u00c1ngeles-Pinofranqueado-1.jpg 800w, https:\/\/www.elturistatranquil.com\/wp-content\/uploads\/F10-Convento-de-Los-\u00c1ngeles-Pinofranqueado-1-768x512.jpg 768w\" sizes=\"(max-width: 800px) 100vw, 800px\" \/>\t\t\t\t\t\t\t\t\t\t\t\t\t\t\t<\/div>\n\t\t\t\t<\/div>\n\t\t\t\t<div class=\"elementor-element elementor-element-6da6d23a elementor-widget elementor-widget-heading\" data-id=\"6da6d23a\" data-element_type=\"widget\" data-e-type=\"widget\" data-widget_type=\"heading.default\">\n\t\t\t\t<div class=\"elementor-widget-container\">\n\t\t\t\t\t<h2 class=\"elementor-heading-title elementor-size-default\">Pinofranqueado (L)<\/h2>\t\t\t\t<\/div>\n\t\t\t\t<\/div>\n\t\t\t\t<div class=\"elementor-element elementor-element-2ad34c0 elementor-widget elementor-widget-text-editor\" data-id=\"2ad34c0\" data-element_type=\"widget\" data-e-type=\"widget\" data-widget_type=\"text-editor.default\">\n\t\t\t\t<div class=\"elementor-widget-container\">\n\t\t\t\t\t\t\t\t\t<p><strong>Pinofranqueado<\/strong> \u00e9s el municipi m\u00e9s poblat de Las Hurdes, amb 1.785 habitants (2017), i la municipalitat \u00e9s tamb\u00e9 la m\u00e9s nombrosa, amb 1.244 habitants. La resta es reparteix en 10 alqueries.<\/p><p>En la configuraci\u00f3 del territori a l\u2019entorn del pobles que segueixen la carretera que uneix Salamanca amb Coria, trobem un paisatge m\u00e9s suau, que es correspon amb Las Hurdes baixes. Mentre que la franja nord-est a sud-oest t\u00e9 les caracter\u00edstiques geogr\u00e0fiques de Las Hurdes altes.<\/p><p>El fet de ser hist\u00f2ricament l\u2019\u00fanica via d\u2019acc\u00e9s directe vers l\u2019exterior, va possibilitar que les Hurdes baixes estiguessin m\u00e9s obertes a l\u2019exterior per mitja d\u2019aquesta via, i que passa per Pinofranqueado.<\/p><p>Per la zona hi ha diversos petroglifs, que nosaltres no v\u00e0rem visitar.<\/p><p>A Pinofranqueado es troba el <a href=\"http:\/\/lashurdescentrodedocumentacion.eu\/\" target=\"_blank\" rel=\"noopener\"><em>Centro de Documentaci\u00f3n de Las Hurdes<\/em><\/a>.<\/p>\t\t\t\t\t\t\t\t<\/div>\n\t\t\t\t<\/div>\n\t\t\t\t<div class=\"elementor-element elementor-element-6ed9cb elementor-widget elementor-widget-image\" data-id=\"6ed9cb\" data-element_type=\"widget\" data-e-type=\"widget\" data-widget_type=\"image.default\">\n\t\t\t\t<div class=\"elementor-widget-container\">\n\t\t\t\t\t\t\t\t\t\t\t\t<figure class=\"wp-caption\">\n\t\t\t\t\t\t\t\t\t\t<img loading=\"lazy\" decoding=\"async\" width=\"800\" height=\"533\" src=\"https:\/\/www.elturistatranquil.com\/wp-content\/uploads\/F69-Pinofranqueado-Googre-earth-2018-0802-2.jpg\" class=\"attachment-large size-large wp-image-5154\" alt=\"\" srcset=\"https:\/\/www.elturistatranquil.com\/wp-content\/uploads\/F69-Pinofranqueado-Googre-earth-2018-0802-2.jpg 800w, https:\/\/www.elturistatranquil.com\/wp-content\/uploads\/F69-Pinofranqueado-Googre-earth-2018-0802-2-768x512.jpg 768w\" sizes=\"(max-width: 800px) 100vw, 800px\" \/>\t\t\t\t\t\t\t\t\t\t\t<figcaption class=\"widget-image-caption wp-caption-text\">Pinofranqueado (Googre earth 2018-0802)<\/figcaption>\n\t\t\t\t\t\t\t\t\t\t<\/figure>\n\t\t\t\t\t\t\t\t\t<\/div>\n\t\t\t\t<\/div>\n\t\t\t\t<div class=\"elementor-element elementor-element-26b2d0b7 elementor-widget elementor-widget-text-editor\" data-id=\"26b2d0b7\" data-element_type=\"widget\" data-e-type=\"widget\" data-widget_type=\"text-editor.default\">\n\t\t\t\t<div class=\"elementor-widget-container\">\n\t\t\t\t\t\t\t\t\t<p>Un bon dinar de cuina hurdana al <em>restaurant de l\u2019Hotel El Puente<\/em>, amb vistes sobre la piscina natural, va servir per arrodonir la immersi\u00f3 hurdana.<\/p>\t\t\t\t\t\t\t\t<\/div>\n\t\t\t\t<\/div>\n\t\t\t\t<div class=\"elementor-element elementor-element-89fcb26 elementor-widget elementor-widget-image\" data-id=\"89fcb26\" data-element_type=\"widget\" data-e-type=\"widget\" data-widget_type=\"image.default\">\n\t\t\t\t<div class=\"elementor-widget-container\">\n\t\t\t\t\t\t\t\t\t\t\t\t\t\t\t<img loading=\"lazy\" decoding=\"async\" width=\"800\" height=\"480\" src=\"https:\/\/www.elturistatranquil.com\/wp-content\/uploads\/F71-Restaurante-El-Puente-Pinofranquedao-Las-Hurdes-2.jpg\" class=\"attachment-large size-large wp-image-5158\" alt=\"\" srcset=\"https:\/\/www.elturistatranquil.com\/wp-content\/uploads\/F71-Restaurante-El-Puente-Pinofranquedao-Las-Hurdes-2.jpg 800w, https:\/\/www.elturistatranquil.com\/wp-content\/uploads\/F71-Restaurante-El-Puente-Pinofranquedao-Las-Hurdes-2-768x461.jpg 768w\" sizes=\"(max-width: 800px) 100vw, 800px\" \/>\t\t\t\t\t\t\t\t\t\t\t\t\t\t\t<\/div>\n\t\t\t\t<\/div>\n\t\t\t\t<div class=\"elementor-element elementor-element-42769829 elementor-widget elementor-widget-menu-anchor\" data-id=\"42769829\" data-element_type=\"widget\" data-e-type=\"widget\" data-widget_type=\"menu-anchor.default\">\n\t\t\t\t<div class=\"elementor-widget-container\">\n\t\t\t\t\t\t\t<div class=\"elementor-menu-anchor\" id=\"c1314\"><\/div>\n\t\t\t\t\t\t<\/div>\n\t\t\t\t<\/div>\n\t\t\t\t<div class=\"elementor-element elementor-element-33c64f75 elementor-widget elementor-widget-image\" data-id=\"33c64f75\" data-element_type=\"widget\" data-e-type=\"widget\" data-widget_type=\"image.default\">\n\t\t\t\t<div class=\"elementor-widget-container\">\n\t\t\t\t\t\t\t\t\t\t\t\t\t\t\t<img loading=\"lazy\" decoding=\"async\" width=\"800\" height=\"533\" src=\"https:\/\/www.elturistatranquil.com\/wp-content\/uploads\/F70-Pinofranqueado-Las-Hurdes-2.jpg\" class=\"attachment-large size-large wp-image-5162\" alt=\"\" srcset=\"https:\/\/www.elturistatranquil.com\/wp-content\/uploads\/F70-Pinofranqueado-Las-Hurdes-2.jpg 800w, https:\/\/www.elturistatranquil.com\/wp-content\/uploads\/F70-Pinofranqueado-Las-Hurdes-2-768x512.jpg 768w\" sizes=\"(max-width: 800px) 100vw, 800px\" \/>\t\t\t\t\t\t\t\t\t\t\t\t\t\t\t<\/div>\n\t\t\t\t<\/div>\n\t\t\t\t<div class=\"elementor-element elementor-element-3ddfa213 elementor-widget elementor-widget-heading\" data-id=\"3ddfa213\" data-element_type=\"widget\" data-e-type=\"widget\" data-widget_type=\"heading.default\">\n\t\t\t\t<div class=\"elementor-widget-container\">\n\t\t\t\t\t<h2 class=\"elementor-heading-title elementor-size-default\">Reflexiones finales<\/h2>\t\t\t\t<\/div>\n\t\t\t\t<\/div>\n\t\t\t\t<div class=\"elementor-element elementor-element-7744d570 elementor-widget elementor-widget-text-editor\" data-id=\"7744d570\" data-element_type=\"widget\" data-e-type=\"widget\" data-widget_type=\"text-editor.default\">\n\t\t\t\t<div class=\"elementor-widget-container\">\n\t\t\t\t\t\t\t\t\t<p>Comarca hist\u00f2ricament male\u00efda, <em>Las Hurdes<\/em> ha sofert una transformaci\u00f3 en el darrers anys que l\u2019ha incorporat a la societat del segle XXI, assimilant-se a les altres comarques extremenyes.<\/p><p>Les mancances del territori per a l\u2019activitat agr\u00e0ria, que havia marcat la seva pobresa, han passat a un segon terme per la p\u00e8rdua de poblaci\u00f3 que ha tingut lloc al m\u00f3n rural en general, i per la incorporaci\u00f3 d\u2019activitats com les vinculades al turisme, en el qual el territori disposa d\u2019atractius importants.<\/p><p>El m\u00e9s destacat correspon a la naturalesa i el paisatge. Des de la perspectiva cultural, l\u2019arquitectura popular \u00e9s el seu punt fort.<\/p><p>Una impressi\u00f3 sobre el paper futur de l\u2019arquitectura popular \u00e9s que, si no s\u2019adopta una actitud activa per la seva preservaci\u00f3, en pocs anys pot desapar\u00e8ixer. Les dificultats per donar a aquestes construccions un \u00fas espec\u00edfic sense que les desvirtu\u00ef, es fa evident al observar el seu estat actual. \u00a0Preservar-ho ha de ser ent\u00e8s per els poder p\u00fablics com una inversi\u00f3.<\/p><p>Penso que, igual que s\u2019esmercen recursos per mantenir, per exemple, \u00a0ru\u00efnes de castells, monestirs o poblats ibers o romans, <em>sense un \u00fas \u00fatil actual<\/em>, m\u00e9s enll\u00e0 del valor hist\u00f2ric, el mateix s\u2019hauria de fer amb els nuclis m\u00e9s interessants d\u2019arquitectura hurdana.<\/p><p>En els jaciments dels poblats ibers o romans, es fan esfor\u00e7os per reproduir les edificacions, quan nom\u00e9s han arribat fins a nosaltres els fonaments. En el cas de les Hurdes, que es disposa dels habitacles encara sencers i aut\u00e8ntics, no deixem que s&#8217;arru\u00efnin, per, d&#8217;aqu\u00ed a uns anys, lamentar la seva p\u00e8rdua i es pretengui llavors reproduir-los.<\/p><p>En altres paraules, tractem-los com un <em>b\u00e9 cultural que cal preservar<\/em> abans que s\u2019ensorri o desaparegui.<\/p><p>Per \u00faltim, assenyalar el paper inductor de la construcci\u00f3 de carreteres modernes per la transformaci\u00f3 territorial de Las Hurdes, trencant el seu a\u00efllament secular.<\/p>\t\t\t\t\t\t\t\t<\/div>\n\t\t\t\t<\/div>\n\t\t\t\t<div class=\"elementor-element elementor-element-7b639f4 elementor-widget elementor-widget-menu-anchor\" data-id=\"7b639f4\" data-element_type=\"widget\" data-e-type=\"widget\" data-widget_type=\"menu-anchor.default\">\n\t\t\t\t<div class=\"elementor-widget-container\">\n\t\t\t\t\t\t\t<div class=\"elementor-menu-anchor\" id=\"c1315\"><\/div>\n\t\t\t\t\t\t<\/div>\n\t\t\t\t<\/div>\n\t\t\t\t<div class=\"elementor-element elementor-element-4db10bf7 elementor-widget elementor-widget-heading\" data-id=\"4db10bf7\" data-element_type=\"widget\" data-e-type=\"widget\" data-widget_type=\"heading.default\">\n\t\t\t\t<div class=\"elementor-widget-container\">\n\t\t\t\t\t<h2 class=\"elementor-heading-title elementor-size-default\">Bases d\u2019informaci\u00f3<\/h2>\t\t\t\t<\/div>\n\t\t\t\t<\/div>\n\t\t\t\t<div class=\"elementor-element elementor-element-73cc6ae elementor-widget elementor-widget-text-editor\" data-id=\"73cc6ae\" data-element_type=\"widget\" data-e-type=\"widget\" data-widget_type=\"text-editor.default\">\n\t\t\t\t<div class=\"elementor-widget-container\">\n\t\t\t\t\t\t\t\t\t<p><strong>Webs<\/strong><\/p><p><a href=\"http:\/\/www.mancomunidadhurdes.org\/index.php?opcion=portada\" target=\"_blank\" rel=\"noopener\">La Hurdes. Destino natural<\/a><\/p><p><a href=\"http:\/\/www.revistaiberica.com\/Rutas_y_destinos\/extr\/hurdes.htm\" target=\"_blank\" rel=\"noopener\">Las Hurdes. Tal y como somos<\/a><\/p><p><a href=\"https:\/\/es.wikipedia.org\/wiki\/Las_Hurdes\" target=\"_blank\" rel=\"noopener\">Las Hurdes. Wikipedia<\/a><\/p><p><a href=\"http:\/\/www.aytocaminomorisco.com\/turismo\/hurdestenmaps9.pdf\" target=\"_blank\" rel=\"noopener\">Diez mapas para conocer la comarca de Las Hurdes<\/a><\/p><p><a href=\"https:\/\/turismohurdes.es\/images\/dejiguabrevas\/135.pdf\" target=\"_blank\" rel=\"noopener\">De jigu a brevas<\/a><\/p><p><a href=\"http:\/\/lashurdescentrodedocumentacion.eu\/\" target=\"_blank\" rel=\"noopener\">Centro de Documentaci\u00f3n de Las Hurdes<\/a><\/p><p><a href=\"http:\/\/laextremaduraoculta.blogspot.com.es\/2015\/01\/las-hurdesparte-i.html\" target=\"_blank\" rel=\"noopener\">El paraiso maldito<\/a><\/p><p><a href=\"https:\/\/es.wikiloc.com\/wikiloc\/find.do?q=las+hurdes\" target=\"_blank\" rel=\"noopener\">Rutas. Wikiloc<\/a><\/p>\t\t\t\t\t\t\t\t<\/div>\n\t\t\t\t<\/div>\n\t\t\t\t<div class=\"elementor-element elementor-element-3eb71336 elementor-widget elementor-widget-text-editor\" data-id=\"3eb71336\" data-element_type=\"widget\" data-e-type=\"widget\" data-widget_type=\"text-editor.default\">\n\t\t\t\t<div class=\"elementor-widget-container\">\n\t\t\t\t\t\t\t\t\t<p><strong>Arquitectura popular <\/strong><\/p><p><a href=\"http:\/\/www.celtiberia.net\/es\/biblioteca\/?id=1768\" target=\"_blank\" rel=\"noopener\">Arquitectura tradicional de Las Hurdes<\/a><\/p><p><a href=\"http:\/\/www.mancomunidadhurdes.org\/index.php?opcion=arquitectura\" target=\"_blank\" rel=\"noopener\">Arquitectura Hurdana<\/a><\/p><p><a href=\"https:\/\/www.viajablog.com\/donde-ver-casas-tradicionales-pizarra-hurdes-caceres-extremadura\/\" target=\"_blank\" rel=\"noopener\">Arquitectura para la supervivencia: las casas tradicionales de pizarra de Las Hurdes<\/a><\/p>\t\t\t\t\t\t\t\t<\/div>\n\t\t\t\t<\/div>\n\t\t\t\t<div class=\"elementor-element elementor-element-48d30a2d elementor-widget elementor-widget-text-editor\" data-id=\"48d30a2d\" data-element_type=\"widget\" data-e-type=\"widget\" data-widget_type=\"text-editor.default\">\n\t\t\t\t<div class=\"elementor-widget-container\">\n\t\t\t\t\t\t\t\t\t<p><strong>Documentals <\/strong><\/p><p><a href=\"https:\/\/www.youtube.com\/watch?v=U0oHjp8A1Yk#t=763.175372\" target=\"_blank\" rel=\"noopener\">Las Hurdes. El viaje de S. M. el rey D. Alfonso XIII<\/a><\/p><p><a href=\"https:\/\/salamancartvaldia.es\/not\/102332\/visita-del-rey-alfonso-xiii-a-las-hurdes\" target=\"_blank\" rel=\"noopener\">Andr\u00e9s Bar\u00e9s Calama, Visita del Rey Alfonso XIII a Las Hurdes<\/a><\/p><p><a href=\"http:\/\/www.eldiario.es\/eldiarioex\/turismo\/Ruta_Alfonso_III_0_377263352.html\" target=\"_blank\" rel=\"noopener\">El rastro de Alfonso XIII<\/a><\/p><p><a href=\"https:\/\/www.youtube.com\/watch?v=qO86FO1bs6g\" target=\"_blank\" rel=\"noopener\">Luis Bu\u00f1uel &#8211; Tierra sin pan (Las Hurdes)<\/a><\/p><p><a href=\"https:\/\/www.youtube.com\/watch?v=WeHlcLypisY\" target=\"_blank\" rel=\"noopener\">Caminando por Estremadura. Las Hurdes<\/a><\/p>\t\t\t\t\t\t\t\t<\/div>\n\t\t\t\t<\/div>\n\t\t\t\t<div class=\"elementor-element elementor-element-cbe0ccb elementor-widget elementor-widget-text-editor\" data-id=\"cbe0ccb\" data-element_type=\"widget\" data-e-type=\"widget\" data-widget_type=\"text-editor.default\">\n\t\t\t\t<div class=\"elementor-widget-container\">\n\t\t\t\t\t\t\t\t\t<p><strong>Llibre<\/strong><\/p><p><strong>\u00a0<\/strong>Maurice Legendre. Las Hurdes. Estudio de geograf\u00eda humana. Editora Regional de Extremadura, Serie Rescate, n\u00ba 29. M\u00e9rida. 2006. 746 p\u00e1gs.<\/p>\t\t\t\t\t\t\t\t<\/div>\n\t\t\t\t<\/div>\n\t\t\t\t<div class=\"elementor-element elementor-element-763f34d9 elementor-widget elementor-widget-text-editor\" data-id=\"763f34d9\" data-element_type=\"widget\" data-e-type=\"widget\" data-widget_type=\"text-editor.default\">\n\t\t\t\t<div class=\"elementor-widget-container\">\n\t\t\t\t\t\t\t\t\t<p><strong>Webs academic<\/strong><\/p><p><a href=\"http:\/\/www.juntaex.es\/filescms\/cesextremadura\/uploaded_files\/informes_iniciativa\/HURDES_DEFINITIVO_PARA_WEB.pdf\" target=\"_blank\" rel=\"noopener\">Las Hurdes. Informe a iniciativa propia del Consejo Econ\u00f3mico y Social de Extremadura<\/a><\/p><p><a href=\"https:\/\/www.edmilenio.com\/media\/docs\/9788497433617_L33_23.pdf\" target=\"_blank\" rel=\"noopener\"><em>Las Hurdes, el pa\u00eds de la leyenda,<\/em><\/a> Mercedes Granjel<\/p><p><a href=\"https:\/\/dialnet.unirioja.es\/descarga\/articulo\/273114.pdf\" target=\"_blank\" rel=\"noopener\"><em>Las Hurdes: Apuntes para un an\u00e1lisis antropol\u00f3gico<\/em><\/a>, Enrique Luque Baena<\/p><p><em><a href=\"https:\/\/repositorio.uam.es\/bitstream\/handle\/10486\/8411\/45456_2.pdf?sequence=1\" target=\"_blank\" rel=\"noopener\">Historia y antropolog\u00eda de la comarca de las Hurdes<\/a><\/em>, Maurizio Catani<\/p><p><a href=\"https:\/\/www.turismohurdes.es\/images\/dejiguabrevas\/152.pdf\" target=\"_blank\" rel=\"noopener\"><em>Consideraciones en torno a la vivienda tradicional de Las Hurdes (I)<\/em><\/a>. F\u00e9lix Barroso Guti\u00e9rrez (a)<\/p><p><a href=\"http:\/\/www.cervantesvirtual.com\/obra-visor\/consideraciones-en-torno-a-la-vivienda-tradicional-de-las-hurdes\/html\/\" target=\"_blank\" rel=\"noopener\"><em>Consideraciones en torno a la vivienda tradicional de Las Hurdes (I)<\/em><\/a>. F\u00e9lix Barroso Guti\u00e9rrez (b)<\/p><p><a href=\"http:\/\/www.cervantesvirtual.com\/obra-visor\/la-casa-tipica-en-la-comarca-de-las-hurdes\/html\/\" target=\"_blank\" rel=\"noopener\"><em>La casa t\u00edpica en la comarca de Las Hurdes<\/em><\/a>. Dom\u00ednguez Moreno, Jos\u00e9 Mar\u00eda<\/p><p><a href=\"http:\/\/dehesa.unex.es\/bitstream\/handle\/10662\/3200\/0213-9529_2009_28_2_87.pdf?sequence=1\" target=\"_blank\" rel=\"noopener\"><em>La lectura del \u201cPaisaje Cultural\u201d, estrategia did\u00e1ctica en la ense\u00f1anza de las Ciencias Sociales: El ejemplo de Las Hurdes, Extremadura<\/em><\/a>. Ana Mar\u00eda Hern\u00e1ndez Carretero, Ana Nieto Masot, Fernando Pulido D\u00edaz<\/p><p><a href=\"http:\/\/www.biblioteca.org.ar\/libros\/89335.pdf\" target=\"_blank\" rel=\"noopener\"><em>&#8220;Las Batuecas del duque de Alba&#8221; de Lope de Vega<\/em><\/a>. Jos\u00e9 Manuel Rozas<\/p><p><a href=\"http:\/\/www.dip-badajoz.es\/cultura\/ceex\/reex_digital\/reex_LXIII\/2007\/T.%20LXIII%20n.%201%202007%20en.-abr\/RV001013.pdf\" target=\"_blank\" rel=\"noopener\"><em>Real Patronato de las Hurdes (1922-1931): Una instituci\u00f3n de beneficencia al servicio de las Hurdes<\/em><\/a>. Jos\u00e9 Pedro Dom\u00ednguez Dom\u00ednguez<\/p><p><a href=\"http:\/\/secforestales.org\/publicaciones\/index.php\/congresos\/article\/viewFile\/7580\/7503\" target=\"_blank\" rel=\"noopener\"><em>Influencia de los pinares de Las Hurdes (C\u00e1ceres) en la situaci\u00f3n actual de la comarca<\/em><\/a>. Juan Miguel Bermejo Pinar y Jos\u00e9 Luis del Pozo Barr\u00f3n<\/p>\t\t\t\t\t\t\t\t<\/div>\n\t\t\t\t<\/div>\n\t\t\t\t<div class=\"elementor-element elementor-element-5764ceaf elementor-widget elementor-widget-text-editor\" data-id=\"5764ceaf\" data-element_type=\"widget\" data-e-type=\"widget\" data-widget_type=\"text-editor.default\">\n\t\t\t\t<div class=\"elementor-widget-container\">\n\t\t\t\t\t\t\t\t\t<p style=\"text-align: right;\">Enlace con el <em>Post<\/em>: <a href=\"https:\/\/www.elturistatranquil.com\/ca\/aldea-la-cabachuela-allotjaments-rurals-las-hurdes\/\" target=\"_blank\" rel=\"noopener\"><strong>Aldea La Cabachuela, Alojamientos rurales. Las Hurdes<\/strong><\/a><\/p>\t\t\t\t\t\t\t\t<\/div>\n\t\t\t\t<\/div>\n\t\t\t\t\t<\/div>\n\t\t<\/div>\n\t\t\t\t\t<\/div>\n\t\t<\/section>\n\t\t\t\t<section class=\"elementor-section elementor-top-section elementor-element elementor-element-54a88c34 elementor-section-boxed elementor-section-height-default elementor-section-height-default\" data-id=\"54a88c34\" data-element_type=\"section\" data-e-type=\"section\">\n\t\t\t\t\t\t<div class=\"elementor-container elementor-column-gap-default\">\n\t\t\t\t\t<div class=\"elementor-column elementor-col-100 elementor-top-column elementor-element elementor-element-67e6a8af\" data-id=\"67e6a8af\" data-element_type=\"column\" data-e-type=\"column\">\n\t\t\t<div class=\"elementor-widget-wrap elementor-element-populated\">\n\t\t\t\t\t\t<div class=\"elementor-element elementor-element-7a69f82c elementor-share-buttons--view-icon elementor-share-buttons--skin-minimal elementor-share-buttons--shape-circle elementor-grid-0 elementor-share-buttons--color-official elementor-widget elementor-widget-share-buttons\" data-id=\"7a69f82c\" data-element_type=\"widget\" data-e-type=\"widget\" data-widget_type=\"share-buttons.default\">\n\t\t\t\t<div class=\"elementor-widget-container\">\n\t\t\t\t\t\t\t<div class=\"elementor-grid\" role=\"list\">\n\t\t\t\t\t\t\t\t<div class=\"elementor-grid-item\" role=\"listitem\">\n\t\t\t\t\t\t<div class=\"elementor-share-btn elementor-share-btn_facebook\" role=\"button\" tabindex=\"0\" aria-label=\"Compartici\u00f3 en facebook\">\n\t\t\t\t\t\t\t\t\t\t\t\t\t\t\t<span class=\"elementor-share-btn__icon\">\n\t\t\t\t\t\t\t\t<i class=\"fab fa-facebook\" aria-hidden=\"true\"><\/i>\t\t\t\t\t\t\t<\/span>\n\t\t\t\t\t\t\t\t\t\t\t\t\t\t\t\t\t\t\t\t<\/div>\n\t\t\t\t\t<\/div>\n\t\t\t\t\t\t\t\t\t<div class=\"elementor-grid-item\" role=\"listitem\">\n\t\t\t\t\t\t<div class=\"elementor-share-btn elementor-share-btn_twitter\" role=\"button\" tabindex=\"0\" aria-label=\"Compartici\u00f3 en twitter\">\n\t\t\t\t\t\t\t\t\t\t\t\t\t\t\t<span class=\"elementor-share-btn__icon\">\n\t\t\t\t\t\t\t\t<i class=\"fab fa-twitter\" aria-hidden=\"true\"><\/i>\t\t\t\t\t\t\t<\/span>\n\t\t\t\t\t\t\t\t\t\t\t\t\t\t\t\t\t\t\t\t<\/div>\n\t\t\t\t\t<\/div>\n\t\t\t\t\t\t\t\t\t<div class=\"elementor-grid-item\" role=\"listitem\">\n\t\t\t\t\t\t<div class=\"elementor-share-btn elementor-share-btn_pinterest\" role=\"button\" tabindex=\"0\" aria-label=\"Compartici\u00f3 en pinterest\">\n\t\t\t\t\t\t\t\t\t\t\t\t\t\t\t<span class=\"elementor-share-btn__icon\">\n\t\t\t\t\t\t\t\t<i class=\"fab fa-pinterest\" aria-hidden=\"true\"><\/i>\t\t\t\t\t\t\t<\/span>\n\t\t\t\t\t\t\t\t\t\t\t\t\t\t\t\t\t\t\t\t<\/div>\n\t\t\t\t\t<\/div>\n\t\t\t\t\t\t\t\t\t<div class=\"elementor-grid-item\" role=\"listitem\">\n\t\t\t\t\t\t<div class=\"elementor-share-btn elementor-share-btn_whatsapp\" role=\"button\" tabindex=\"0\" aria-label=\"Compartici\u00f3 en whatsapp\">\n\t\t\t\t\t\t\t\t\t\t\t\t\t\t\t<span class=\"elementor-share-btn__icon\">\n\t\t\t\t\t\t\t\t<i class=\"fab fa-whatsapp\" aria-hidden=\"true\"><\/i>\t\t\t\t\t\t\t<\/span>\n\t\t\t\t\t\t\t\t\t\t\t\t\t\t\t\t\t\t\t\t<\/div>\n\t\t\t\t\t<\/div>\n\t\t\t\t\t\t\t\t\t<div class=\"elementor-grid-item\" role=\"listitem\">\n\t\t\t\t\t\t<div class=\"elementor-share-btn elementor-share-btn_email\" role=\"button\" tabindex=\"0\" aria-label=\"Compartici\u00f3 en email\">\n\t\t\t\t\t\t\t\t\t\t\t\t\t\t\t<span class=\"elementor-share-btn__icon\">\n\t\t\t\t\t\t\t\t<i class=\"fas fa-envelope\" aria-hidden=\"true\"><\/i>\t\t\t\t\t\t\t<\/span>\n\t\t\t\t\t\t\t\t\t\t\t\t\t\t\t\t\t\t\t\t<\/div>\n\t\t\t\t\t<\/div>\n\t\t\t\t\t\t<\/div>\n\t\t\t\t\t\t<\/div>\n\t\t\t\t<\/div>\n\t\t\t\t\t<\/div>\n\t\t<\/div>\n\t\t\t\t\t<\/div>\n\t\t<\/section>\n\t\t\t\t<\/div>\n\t\t","protected":false},"excerpt":{"rendered":"<p>Las Hurdes (C\u00e1ceres) \u00e9s una comarca que en pocs anys ha sofert una profunda transformaci\u00f3 i que ara s\u2019ofereix com un territori ple d\u2019inter\u00e8s per un turisme tranquil, en una &#8230; <a title=\"Las Hurdes (C\u00e1ceres)\" class=\"read-more\" href=\"https:\/\/www.elturistatranquil.com\/ca\/las-hurdes\/\" aria-label=\"M\u00e9s informaci\u00f3 sobre Las Hurdes (C\u00e1ceres)\">[ &#8230; ]<\/a><\/p>\n","protected":false},"author":1,"featured_media":4844,"comment_status":"open","ping_status":"closed","sticky":false,"template":"","format":"standard","meta":{"footnotes":""},"categories":[71,131,78,83,95,99,100,102,105,107],"tags":[],"class_list":["post-4997","post","type-post","status-publish","format-standard","has-post-thumbnail","hentry","category-arquitectura-popular-ca","category-caceres-ca","category-cultura-rural-ca","category-historia-ca","category-paisatge","category-poble","category-pobles-i-ciutats-amb-interes","category-restaurant","category-rutes","category-segle-xx-xxi","infinite-scroll-item","generate-columns","tablet-grid-50","mobile-grid-100","grid-parent","grid-50","no-featured-image-padding"],"yoast_head":"<!-- This site is optimized with the Yoast SEO plugin v27.4 - https:\/\/yoast.com\/product\/yoast-seo-wordpress\/ -->\n<title>Las Hurdes (C\u00e1ceres) - El turista tranquil<\/title>\n<meta name=\"description\" content=\"Las Hurdes (C\u00e1ceres) \u00e9s una comarca que en pocs anys ha sofert una profunda transformaci\u00f3 i que ara s\u2019ofereix com un territori ple d\u2019inter\u00e8s per un turisme tranquil, en una combinaci\u00f3 entre el medi geogr\u00e0fic i el cultural molt particular.\" \/>\n<meta name=\"robots\" content=\"index, follow, max-snippet:-1, max-image-preview:large, max-video-preview:-1\" \/>\n<link rel=\"canonical\" href=\"https:\/\/www.elturistatranquil.com\/ca\/las-hurdes\/\" \/>\n<meta property=\"og:locale\" content=\"ca_ES\" \/>\n<meta property=\"og:type\" content=\"article\" \/>\n<meta property=\"og:title\" content=\"Las Hurdes (C\u00e1ceres) - El turista tranquil\" \/>\n<meta property=\"og:description\" content=\"Las Hurdes (C\u00e1ceres) \u00e9s una comarca que en pocs anys ha sofert una profunda transformaci\u00f3 i que ara s\u2019ofereix com un territori ple d\u2019inter\u00e8s per un turisme tranquil, en una combinaci\u00f3 entre el medi geogr\u00e0fic i el cultural molt particular.\" \/>\n<meta property=\"og:url\" content=\"https:\/\/www.elturistatranquil.com\/ca\/las-hurdes\/\" \/>\n<meta property=\"og:site_name\" content=\"El turista tranquil\" \/>\n<meta property=\"article:publisher\" content=\"https:\/\/www.facebook.com\/elturistatranquilo\/\" \/>\n<meta property=\"article:published_time\" content=\"2018-08-04T09:40:41+00:00\" \/>\n<meta property=\"article:modified_time\" content=\"2021-04-23T08:55:29+00:00\" \/>\n<meta property=\"og:image\" content=\"https:\/\/www.elturistatranquil.com\/wp-content\/uploads\/F01-El-Gasco-Las-Hurdes.jpg\" \/>\n\t<meta property=\"og:image:width\" content=\"800\" \/>\n\t<meta property=\"og:image:height\" content=\"533\" \/>\n\t<meta property=\"og:image:type\" content=\"image\/jpeg\" \/>\n<meta name=\"author\" content=\"admin\" \/>\n<meta name=\"twitter:card\" content=\"summary_large_image\" \/>\n<meta name=\"twitter:label1\" content=\"Escrit per\" \/>\n\t<meta name=\"twitter:data1\" content=\"admin\" \/>\n\t<meta name=\"twitter:label2\" content=\"Temps estimat de lectura\" \/>\n\t<meta name=\"twitter:data2\" content=\"31 minuts\" \/>\n<script type=\"application\/ld+json\" class=\"yoast-schema-graph\">{\"@context\":\"https:\\\/\\\/schema.org\",\"@graph\":[{\"@type\":\"Article\",\"@id\":\"https:\\\/\\\/www.elturistatranquil.com\\\/ca\\\/las-hurdes\\\/#article\",\"isPartOf\":{\"@id\":\"https:\\\/\\\/www.elturistatranquil.com\\\/ca\\\/las-hurdes\\\/\"},\"author\":{\"name\":\"admin\",\"@id\":\"https:\\\/\\\/www.elturistatranquil.com\\\/ca\\\/#\\\/schema\\\/person\\\/16f607c3079b96ed0c530a52e6b58bb5\"},\"headline\":\"Las Hurdes (C\u00e1ceres)\",\"datePublished\":\"2018-08-04T09:40:41+00:00\",\"dateModified\":\"2021-04-23T08:55:29+00:00\",\"mainEntityOfPage\":{\"@id\":\"https:\\\/\\\/www.elturistatranquil.com\\\/ca\\\/las-hurdes\\\/\"},\"wordCount\":4129,\"commentCount\":0,\"image\":{\"@id\":\"https:\\\/\\\/www.elturistatranquil.com\\\/ca\\\/las-hurdes\\\/#primaryimage\"},\"thumbnailUrl\":\"https:\\\/\\\/www.elturistatranquil.com\\\/wp-content\\\/uploads\\\/F01-El-Gasco-Las-Hurdes.jpg\",\"articleSection\":[\"Arquitectura popular\",\"C\u00e1ceres\",\"Cultura rural\",\"Hist\u00f2ria\",\"Paisatge\",\"Poble\",\"Pobles i ciutats amb inter\u00e9s\",\"Restaurant\",\"Rutes\",\"Segle XX-XXI\"],\"inLanguage\":\"ca\",\"potentialAction\":[{\"@type\":\"CommentAction\",\"name\":\"Comment\",\"target\":[\"https:\\\/\\\/www.elturistatranquil.com\\\/ca\\\/las-hurdes\\\/#respond\"]}]},{\"@type\":\"WebPage\",\"@id\":\"https:\\\/\\\/www.elturistatranquil.com\\\/ca\\\/las-hurdes\\\/\",\"url\":\"https:\\\/\\\/www.elturistatranquil.com\\\/ca\\\/las-hurdes\\\/\",\"name\":\"Las Hurdes (C\u00e1ceres) - El turista tranquil\",\"isPartOf\":{\"@id\":\"https:\\\/\\\/www.elturistatranquil.com\\\/ca\\\/#website\"},\"primaryImageOfPage\":{\"@id\":\"https:\\\/\\\/www.elturistatranquil.com\\\/ca\\\/las-hurdes\\\/#primaryimage\"},\"image\":{\"@id\":\"https:\\\/\\\/www.elturistatranquil.com\\\/ca\\\/las-hurdes\\\/#primaryimage\"},\"thumbnailUrl\":\"https:\\\/\\\/www.elturistatranquil.com\\\/wp-content\\\/uploads\\\/F01-El-Gasco-Las-Hurdes.jpg\",\"datePublished\":\"2018-08-04T09:40:41+00:00\",\"dateModified\":\"2021-04-23T08:55:29+00:00\",\"author\":{\"@id\":\"https:\\\/\\\/www.elturistatranquil.com\\\/ca\\\/#\\\/schema\\\/person\\\/16f607c3079b96ed0c530a52e6b58bb5\"},\"description\":\"Las Hurdes (C\u00e1ceres) \u00e9s una comarca que en pocs anys ha sofert una profunda transformaci\u00f3 i que ara s\u2019ofereix com un territori ple d\u2019inter\u00e8s per un turisme tranquil, en una combinaci\u00f3 entre el medi geogr\u00e0fic i el cultural molt particular.\",\"breadcrumb\":{\"@id\":\"https:\\\/\\\/www.elturistatranquil.com\\\/ca\\\/las-hurdes\\\/#breadcrumb\"},\"inLanguage\":\"ca\",\"potentialAction\":[{\"@type\":\"ReadAction\",\"target\":[\"https:\\\/\\\/www.elturistatranquil.com\\\/ca\\\/las-hurdes\\\/\"]}]},{\"@type\":\"ImageObject\",\"inLanguage\":\"ca\",\"@id\":\"https:\\\/\\\/www.elturistatranquil.com\\\/ca\\\/las-hurdes\\\/#primaryimage\",\"url\":\"https:\\\/\\\/www.elturistatranquil.com\\\/wp-content\\\/uploads\\\/F01-El-Gasco-Las-Hurdes.jpg\",\"contentUrl\":\"https:\\\/\\\/www.elturistatranquil.com\\\/wp-content\\\/uploads\\\/F01-El-Gasco-Las-Hurdes.jpg\",\"width\":800,\"height\":533,\"caption\":\"El Gasco, Las Hurdes\"},{\"@type\":\"BreadcrumbList\",\"@id\":\"https:\\\/\\\/www.elturistatranquil.com\\\/ca\\\/las-hurdes\\\/#breadcrumb\",\"itemListElement\":[{\"@type\":\"ListItem\",\"position\":1,\"name\":\"Portada\",\"item\":\"https:\\\/\\\/www.elturistatranquil.com\\\/ca\\\/\"},{\"@type\":\"ListItem\",\"position\":2,\"name\":\"Las Hurdes (C\u00e1ceres)\"}]},{\"@type\":\"WebSite\",\"@id\":\"https:\\\/\\\/www.elturistatranquil.com\\\/ca\\\/#website\",\"url\":\"https:\\\/\\\/www.elturistatranquil.com\\\/ca\\\/\",\"name\":\"El turista tranquil\",\"description\":\"Blog de viatges\",\"potentialAction\":[{\"@type\":\"SearchAction\",\"target\":{\"@type\":\"EntryPoint\",\"urlTemplate\":\"https:\\\/\\\/www.elturistatranquil.com\\\/ca\\\/?s={search_term_string}\"},\"query-input\":{\"@type\":\"PropertyValueSpecification\",\"valueRequired\":true,\"valueName\":\"search_term_string\"}}],\"inLanguage\":\"ca\"},{\"@type\":\"Person\",\"@id\":\"https:\\\/\\\/www.elturistatranquil.com\\\/ca\\\/#\\\/schema\\\/person\\\/16f607c3079b96ed0c530a52e6b58bb5\",\"name\":\"admin\",\"image\":{\"@type\":\"ImageObject\",\"inLanguage\":\"ca\",\"@id\":\"https:\\\/\\\/secure.gravatar.com\\\/avatar\\\/1fbaf22aee75fcbb29a2f97b107f95d25d3a19b7c3416105be10269872673e8d?s=96&d=mm&r=g\",\"url\":\"https:\\\/\\\/secure.gravatar.com\\\/avatar\\\/1fbaf22aee75fcbb29a2f97b107f95d25d3a19b7c3416105be10269872673e8d?s=96&d=mm&r=g\",\"contentUrl\":\"https:\\\/\\\/secure.gravatar.com\\\/avatar\\\/1fbaf22aee75fcbb29a2f97b107f95d25d3a19b7c3416105be10269872673e8d?s=96&d=mm&r=g\",\"caption\":\"admin\"}}]}<\/script>\n<!-- \/ Yoast SEO plugin. -->","yoast_head_json":{"title":"Las Hurdes (C\u00e1ceres) - El turista tranquil","description":"Las Hurdes (C\u00e1ceres) \u00e9s una comarca que en pocs anys ha sofert una profunda transformaci\u00f3 i que ara s\u2019ofereix com un territori ple d\u2019inter\u00e8s per un turisme tranquil, en una combinaci\u00f3 entre el medi geogr\u00e0fic i el cultural molt particular.","robots":{"index":"index","follow":"follow","max-snippet":"max-snippet:-1","max-image-preview":"max-image-preview:large","max-video-preview":"max-video-preview:-1"},"canonical":"https:\/\/www.elturistatranquil.com\/ca\/las-hurdes\/","og_locale":"ca_ES","og_type":"article","og_title":"Las Hurdes (C\u00e1ceres) - El turista tranquil","og_description":"Las Hurdes (C\u00e1ceres) \u00e9s una comarca que en pocs anys ha sofert una profunda transformaci\u00f3 i que ara s\u2019ofereix com un territori ple d\u2019inter\u00e8s per un turisme tranquil, en una combinaci\u00f3 entre el medi geogr\u00e0fic i el cultural molt particular.","og_url":"https:\/\/www.elturistatranquil.com\/ca\/las-hurdes\/","og_site_name":"El turista tranquil","article_publisher":"https:\/\/www.facebook.com\/elturistatranquilo\/","article_published_time":"2018-08-04T09:40:41+00:00","article_modified_time":"2021-04-23T08:55:29+00:00","og_image":[{"width":800,"height":533,"url":"https:\/\/www.elturistatranquil.com\/wp-content\/uploads\/F01-El-Gasco-Las-Hurdes.jpg","type":"image\/jpeg"}],"author":"admin","twitter_card":"summary_large_image","twitter_misc":{"Escrit per":"admin","Temps estimat de lectura":"31 minuts"},"schema":{"@context":"https:\/\/schema.org","@graph":[{"@type":"Article","@id":"https:\/\/www.elturistatranquil.com\/ca\/las-hurdes\/#article","isPartOf":{"@id":"https:\/\/www.elturistatranquil.com\/ca\/las-hurdes\/"},"author":{"name":"admin","@id":"https:\/\/www.elturistatranquil.com\/ca\/#\/schema\/person\/16f607c3079b96ed0c530a52e6b58bb5"},"headline":"Las Hurdes (C\u00e1ceres)","datePublished":"2018-08-04T09:40:41+00:00","dateModified":"2021-04-23T08:55:29+00:00","mainEntityOfPage":{"@id":"https:\/\/www.elturistatranquil.com\/ca\/las-hurdes\/"},"wordCount":4129,"commentCount":0,"image":{"@id":"https:\/\/www.elturistatranquil.com\/ca\/las-hurdes\/#primaryimage"},"thumbnailUrl":"https:\/\/www.elturistatranquil.com\/wp-content\/uploads\/F01-El-Gasco-Las-Hurdes.jpg","articleSection":["Arquitectura popular","C\u00e1ceres","Cultura rural","Hist\u00f2ria","Paisatge","Poble","Pobles i ciutats amb inter\u00e9s","Restaurant","Rutes","Segle XX-XXI"],"inLanguage":"ca","potentialAction":[{"@type":"CommentAction","name":"Comment","target":["https:\/\/www.elturistatranquil.com\/ca\/las-hurdes\/#respond"]}]},{"@type":"WebPage","@id":"https:\/\/www.elturistatranquil.com\/ca\/las-hurdes\/","url":"https:\/\/www.elturistatranquil.com\/ca\/las-hurdes\/","name":"Las Hurdes (C\u00e1ceres) - El turista tranquil","isPartOf":{"@id":"https:\/\/www.elturistatranquil.com\/ca\/#website"},"primaryImageOfPage":{"@id":"https:\/\/www.elturistatranquil.com\/ca\/las-hurdes\/#primaryimage"},"image":{"@id":"https:\/\/www.elturistatranquil.com\/ca\/las-hurdes\/#primaryimage"},"thumbnailUrl":"https:\/\/www.elturistatranquil.com\/wp-content\/uploads\/F01-El-Gasco-Las-Hurdes.jpg","datePublished":"2018-08-04T09:40:41+00:00","dateModified":"2021-04-23T08:55:29+00:00","author":{"@id":"https:\/\/www.elturistatranquil.com\/ca\/#\/schema\/person\/16f607c3079b96ed0c530a52e6b58bb5"},"description":"Las Hurdes (C\u00e1ceres) \u00e9s una comarca que en pocs anys ha sofert una profunda transformaci\u00f3 i que ara s\u2019ofereix com un territori ple d\u2019inter\u00e8s per un turisme tranquil, en una combinaci\u00f3 entre el medi geogr\u00e0fic i el cultural molt particular.","breadcrumb":{"@id":"https:\/\/www.elturistatranquil.com\/ca\/las-hurdes\/#breadcrumb"},"inLanguage":"ca","potentialAction":[{"@type":"ReadAction","target":["https:\/\/www.elturistatranquil.com\/ca\/las-hurdes\/"]}]},{"@type":"ImageObject","inLanguage":"ca","@id":"https:\/\/www.elturistatranquil.com\/ca\/las-hurdes\/#primaryimage","url":"https:\/\/www.elturistatranquil.com\/wp-content\/uploads\/F01-El-Gasco-Las-Hurdes.jpg","contentUrl":"https:\/\/www.elturistatranquil.com\/wp-content\/uploads\/F01-El-Gasco-Las-Hurdes.jpg","width":800,"height":533,"caption":"El Gasco, Las Hurdes"},{"@type":"BreadcrumbList","@id":"https:\/\/www.elturistatranquil.com\/ca\/las-hurdes\/#breadcrumb","itemListElement":[{"@type":"ListItem","position":1,"name":"Portada","item":"https:\/\/www.elturistatranquil.com\/ca\/"},{"@type":"ListItem","position":2,"name":"Las Hurdes (C\u00e1ceres)"}]},{"@type":"WebSite","@id":"https:\/\/www.elturistatranquil.com\/ca\/#website","url":"https:\/\/www.elturistatranquil.com\/ca\/","name":"El turista tranquil","description":"Blog de viatges","potentialAction":[{"@type":"SearchAction","target":{"@type":"EntryPoint","urlTemplate":"https:\/\/www.elturistatranquil.com\/ca\/?s={search_term_string}"},"query-input":{"@type":"PropertyValueSpecification","valueRequired":true,"valueName":"search_term_string"}}],"inLanguage":"ca"},{"@type":"Person","@id":"https:\/\/www.elturistatranquil.com\/ca\/#\/schema\/person\/16f607c3079b96ed0c530a52e6b58bb5","name":"admin","image":{"@type":"ImageObject","inLanguage":"ca","@id":"https:\/\/secure.gravatar.com\/avatar\/1fbaf22aee75fcbb29a2f97b107f95d25d3a19b7c3416105be10269872673e8d?s=96&d=mm&r=g","url":"https:\/\/secure.gravatar.com\/avatar\/1fbaf22aee75fcbb29a2f97b107f95d25d3a19b7c3416105be10269872673e8d?s=96&d=mm&r=g","contentUrl":"https:\/\/secure.gravatar.com\/avatar\/1fbaf22aee75fcbb29a2f97b107f95d25d3a19b7c3416105be10269872673e8d?s=96&d=mm&r=g","caption":"admin"}}]}},"_links":{"self":[{"href":"https:\/\/www.elturistatranquil.com\/ca\/wp-json\/wp\/v2\/posts\/4997","targetHints":{"allow":["GET"]}}],"collection":[{"href":"https:\/\/www.elturistatranquil.com\/ca\/wp-json\/wp\/v2\/posts"}],"about":[{"href":"https:\/\/www.elturistatranquil.com\/ca\/wp-json\/wp\/v2\/types\/post"}],"author":[{"embeddable":true,"href":"https:\/\/www.elturistatranquil.com\/ca\/wp-json\/wp\/v2\/users\/1"}],"replies":[{"embeddable":true,"href":"https:\/\/www.elturistatranquil.com\/ca\/wp-json\/wp\/v2\/comments?post=4997"}],"version-history":[{"count":5,"href":"https:\/\/www.elturistatranquil.com\/ca\/wp-json\/wp\/v2\/posts\/4997\/revisions"}],"predecessor-version":[{"id":35264,"href":"https:\/\/www.elturistatranquil.com\/ca\/wp-json\/wp\/v2\/posts\/4997\/revisions\/35264"}],"wp:featuredmedia":[{"embeddable":true,"href":"https:\/\/www.elturistatranquil.com\/ca\/wp-json\/wp\/v2\/media\/4844"}],"wp:attachment":[{"href":"https:\/\/www.elturistatranquil.com\/ca\/wp-json\/wp\/v2\/media?parent=4997"}],"wp:term":[{"taxonomy":"category","embeddable":true,"href":"https:\/\/www.elturistatranquil.com\/ca\/wp-json\/wp\/v2\/categories?post=4997"},{"taxonomy":"post_tag","embeddable":true,"href":"https:\/\/www.elturistatranquil.com\/ca\/wp-json\/wp\/v2\/tags?post=4997"}],"curies":[{"name":"wp","href":"https:\/\/api.w.org\/{rel}","templated":true}]}}