{"id":50143,"date":"2023-11-30T17:47:35","date_gmt":"2023-11-30T16:47:35","guid":{"rendered":"https:\/\/www.elturistatranquil.com\/?p=50143"},"modified":"2025-09-13T10:37:25","modified_gmt":"2025-09-13T08:37:25","slug":"assentaments-de-poblacio-programats-1-tipologia","status":"publish","type":"post","link":"https:\/\/www.elturistatranquil.com\/ca\/assentaments-de-poblacio-programats-1-tipologia\/","title":{"rendered":"Assentaments de poblaci\u00f3 programats (1): Tipologia"},"content":{"rendered":"\t\t<div data-elementor-type=\"wp-post\" data-elementor-id=\"50143\" class=\"elementor elementor-50143 elementor-50006\" data-elementor-post-type=\"post\">\n\t\t\t\t\t\t<section class=\"elementor-section elementor-top-section elementor-element elementor-element-41a46f8d elementor-section-boxed elementor-section-height-default elementor-section-height-default\" data-id=\"41a46f8d\" data-element_type=\"section\" data-e-type=\"section\">\n\t\t\t\t\t\t<div class=\"elementor-container elementor-column-gap-default\">\n\t\t\t\t\t<div class=\"elementor-column elementor-col-100 elementor-top-column elementor-element elementor-element-7266f812\" data-id=\"7266f812\" data-element_type=\"column\" data-e-type=\"column\">\n\t\t\t<div class=\"elementor-widget-wrap elementor-element-populated\">\n\t\t\t\t\t\t<section class=\"elementor-section elementor-inner-section elementor-element elementor-element-5b5cc9c2 elementor-section-content-middle elementor-section-boxed elementor-section-height-default elementor-section-height-default\" data-id=\"5b5cc9c2\" data-element_type=\"section\" data-e-type=\"section\">\n\t\t\t\t\t\t<div class=\"elementor-container elementor-column-gap-default\">\n\t\t\t\t\t<div class=\"elementor-column elementor-col-100 elementor-inner-column elementor-element elementor-element-674dfafa\" data-id=\"674dfafa\" data-element_type=\"column\" data-e-type=\"column\">\n\t\t\t<div class=\"elementor-widget-wrap elementor-element-populated\">\n\t\t\t\t\t\t<div class=\"elementor-element elementor-element-611e098c elementor-widget elementor-widget-text-editor\" data-id=\"611e098c\" data-element_type=\"widget\" data-e-type=\"widget\" data-widget_type=\"text-editor.default\">\n\t\t\t\t<div class=\"elementor-widget-container\">\n\t\t\t\t\t\t\t\t\t<p>L\u00b4objectiu d\u00b4aquest Post i el seg\u00fcent \u00e9s presentar conceptes com colonitzaci\u00f3, noves poblacions, col\u00f2nies industrials, urbanitzacions\u2026 que s\u00b4han aplicat a assentaments programats al llarg de la hist\u00f2ria d\u00b4Espanya.<\/p>\t\t\t\t\t\t\t\t<\/div>\n\t\t\t\t<\/div>\n\t\t\t\t\t<\/div>\n\t\t<\/div>\n\t\t\t\t\t<\/div>\n\t\t<\/section>\n\t\t\t\t<div class=\"elementor-element elementor-element-5120d277 elementor-widget elementor-widget-heading\" data-id=\"5120d277\" data-element_type=\"widget\" data-e-type=\"widget\" data-widget_type=\"heading.default\">\n\t\t\t\t<div class=\"elementor-widget-container\">\n\t\t\t\t\t<h1 class=\"elementor-heading-title elementor-size-default\">Assentaments de poblaci\u00f3 programats (1): Tipologia<\/h1>\t\t\t\t<\/div>\n\t\t\t\t<\/div>\n\t\t\t\t\t<\/div>\n\t\t<\/div>\n\t\t\t\t\t<\/div>\n\t\t<\/section>\n\t\t\t\t<section class=\"elementor-section elementor-top-section elementor-element elementor-element-2e112ff elementor-section-boxed elementor-section-height-default elementor-section-height-default\" data-id=\"2e112ff\" data-element_type=\"section\" data-e-type=\"section\">\n\t\t\t\t\t\t<div class=\"elementor-container elementor-column-gap-default\">\n\t\t\t\t\t<div class=\"elementor-column elementor-col-100 elementor-top-column elementor-element elementor-element-266da807\" data-id=\"266da807\" data-element_type=\"column\" data-e-type=\"column\">\n\t\t\t<div class=\"elementor-widget-wrap elementor-element-populated\">\n\t\t\t\t\t\t<div class=\"elementor-element elementor-element-364ecbac elementor-widget elementor-widget-image\" data-id=\"364ecbac\" data-element_type=\"widget\" data-e-type=\"widget\" data-widget_type=\"image.default\">\n\t\t\t\t<div class=\"elementor-widget-container\">\n\t\t\t\t\t\t\t\t\t\t\t\t<figure class=\"wp-caption\">\n\t\t\t\t\t\t\t\t\t\t<img fetchpriority=\"high\" decoding=\"async\" width=\"768\" height=\"512\" src=\"https:\/\/www.elturistatranquil.com\/wp-content\/uploads\/F01-Plano-de-las-Nuevas-Poblaciones-de-Sierra-Morena-por-Rodolfo-de-Leon-Sarmiento-1782.jpg\" class=\"attachment-large size-large wp-image-50017\" alt=\"Plano de las Nuevas Poblaciones de Sierra Morena por Rodolfo de Le\u00f3n Sarmiento (1782)\" srcset=\"https:\/\/www.elturistatranquil.com\/wp-content\/uploads\/F01-Plano-de-las-Nuevas-Poblaciones-de-Sierra-Morena-por-Rodolfo-de-Leon-Sarmiento-1782.jpg 768w, https:\/\/www.elturistatranquil.com\/wp-content\/uploads\/F01-Plano-de-las-Nuevas-Poblaciones-de-Sierra-Morena-por-Rodolfo-de-Leon-Sarmiento-1782-339x226.jpg 339w\" sizes=\"(max-width: 768px) 100vw, 768px\" \/>\t\t\t\t\t\t\t\t\t\t\t<figcaption class=\"widget-image-caption wp-caption-text\">Pl\u00e0nol de les Nuevas Poblaciones de Sierra Morena per Rodolfo de Le\u00f3n Sarmiento (1782)<\/figcaption>\n\t\t\t\t\t\t\t\t\t\t<\/figure>\n\t\t\t\t\t\t\t\t\t<\/div>\n\t\t\t\t<\/div>\n\t\t\t\t<div class=\"elementor-element elementor-element-4ac93c19 elementor-widget elementor-widget-spacer\" data-id=\"4ac93c19\" data-element_type=\"widget\" data-e-type=\"widget\" data-widget_type=\"spacer.default\">\n\t\t\t\t<div class=\"elementor-widget-container\">\n\t\t\t\t\t\t\t<div class=\"elementor-spacer\">\n\t\t\t<div class=\"elementor-spacer-inner\"><\/div>\n\t\t<\/div>\n\t\t\t\t\t\t<\/div>\n\t\t\t\t<\/div>\n\t\t\t\t<section class=\"elementor-section elementor-inner-section elementor-element elementor-element-42c6a7c3 elementor-section-boxed elementor-section-height-default elementor-section-height-default\" data-id=\"42c6a7c3\" data-element_type=\"section\" data-e-type=\"section\" data-settings=\"{&quot;background_background&quot;:&quot;classic&quot;}\">\n\t\t\t\t\t\t\t<div class=\"elementor-background-overlay\"><\/div>\n\t\t\t\t\t\t\t<div class=\"elementor-container elementor-column-gap-default\">\n\t\t\t\t\t<div class=\"elementor-column elementor-col-100 elementor-inner-column elementor-element elementor-element-4c3452c4\" data-id=\"4c3452c4\" data-element_type=\"column\" data-e-type=\"column\" data-settings=\"{&quot;background_background&quot;:&quot;classic&quot;}\">\n\t\t\t<div class=\"elementor-widget-wrap elementor-element-populated\">\n\t\t\t\t\t\t<div class=\"elementor-element elementor-element-9e76e81 elementor-widget elementor-widget-text-editor\" data-id=\"9e76e81\" data-element_type=\"widget\" data-e-type=\"widget\" data-widget_type=\"text-editor.default\">\n\t\t\t\t<div class=\"elementor-widget-container\">\n\t\t\t\t\t\t\t\t\t<p>Post: 2023<\/p>\t\t\t\t\t\t\t\t<\/div>\n\t\t\t\t<\/div>\n\t\t\t\t\t<\/div>\n\t\t<\/div>\n\t\t\t\t\t<\/div>\n\t\t<\/section>\n\t\t\t\t<div class=\"elementor-element elementor-element-581958d7 elementor-widget elementor-widget-spacer\" data-id=\"581958d7\" data-element_type=\"widget\" data-e-type=\"widget\" data-widget_type=\"spacer.default\">\n\t\t\t\t<div class=\"elementor-widget-container\">\n\t\t\t\t\t\t\t<div class=\"elementor-spacer\">\n\t\t\t<div class=\"elementor-spacer-inner\"><\/div>\n\t\t<\/div>\n\t\t\t\t\t\t<\/div>\n\t\t\t\t<\/div>\n\t\t\t\t<div class=\"elementor-element elementor-element-1b522158 elementor-toc--minimized-on-tablet elementor-widget elementor-widget-table-of-contents\" data-id=\"1b522158\" data-element_type=\"widget\" data-e-type=\"widget\" data-settings=\"{&quot;headings_by_tags&quot;:[&quot;h2&quot;,&quot;h3&quot;,&quot;h4&quot;],&quot;marker_view&quot;:&quot;bullets&quot;,&quot;icon&quot;:{&quot;value&quot;:&quot;&quot;,&quot;library&quot;:&quot;&quot;},&quot;no_headings_message&quot;:&quot;No se ha encontrado ning\\u00fan encabezado en esta p\\u00e1gina.&quot;,&quot;minimize_box&quot;:&quot;yes&quot;,&quot;minimized_on&quot;:&quot;tablet&quot;,&quot;hierarchical_view&quot;:&quot;yes&quot;,&quot;min_height&quot;:{&quot;unit&quot;:&quot;px&quot;,&quot;size&quot;:&quot;&quot;,&quot;sizes&quot;:[]},&quot;min_height_tablet&quot;:{&quot;unit&quot;:&quot;px&quot;,&quot;size&quot;:&quot;&quot;,&quot;sizes&quot;:[]},&quot;min_height_mobile&quot;:{&quot;unit&quot;:&quot;px&quot;,&quot;size&quot;:&quot;&quot;,&quot;sizes&quot;:[]}}\" data-widget_type=\"table-of-contents.default\">\n\t\t\t\t<div class=\"elementor-widget-container\">\n\t\t\t\t\t\t\t\t\t<div class=\"elementor-toc__header\">\n\t\t\t\t\t\t<h4 class=\"elementor-toc__header-title\">\n\t\t\t\t\u00cdndex\t\t\t<\/h4>\n\t\t\t\t\t\t\t\t\t\t<div class=\"elementor-toc__toggle-button elementor-toc__toggle-button--expand\" role=\"button\" tabindex=\"0\" aria-controls=\"elementor-toc__1b522158\" aria-expanded=\"true\" aria-label=\"Open table of contents\"><i aria-hidden=\"true\" class=\"fas fa-chevron-down\"><\/i><\/div>\n\t\t\t\t<div class=\"elementor-toc__toggle-button elementor-toc__toggle-button--collapse\" role=\"button\" tabindex=\"0\" aria-controls=\"elementor-toc__1b522158\" aria-expanded=\"true\" aria-label=\"Close table of contents\"><i aria-hidden=\"true\" class=\"fas fa-chevron-up\"><\/i><\/div>\n\t\t\t\t\t<\/div>\n\t\t\t\t<div id=\"elementor-toc__1b522158\" class=\"elementor-toc__body\">\n\t\t\t<div class=\"elementor-toc__spinner-container\">\n\t\t\t\t<i class=\"elementor-toc__spinner eicon-animation-spin eicon-loading\" aria-hidden=\"true\"><\/i>\t\t\t<\/div>\n\t\t<\/div>\n\t\t\t\t\t\t<\/div>\n\t\t\t\t<\/div>\n\t\t\t\t<div class=\"elementor-element elementor-element-41185f95 elementor-widget elementor-widget-menu-anchor\" data-id=\"41185f95\" data-element_type=\"widget\" data-e-type=\"widget\" data-widget_type=\"menu-anchor.default\">\n\t\t\t\t<div class=\"elementor-widget-container\">\n\t\t\t\t\t\t\t<div class=\"elementor-menu-anchor\" id=\"a0101-EnlaceaunpuntodentrodelPost\"><\/div>\n\t\t\t\t\t\t<\/div>\n\t\t\t\t<\/div>\n\t\t\t\t<div class=\"elementor-element elementor-element-5b1537e7 elementor-widget elementor-widget-spacer\" data-id=\"5b1537e7\" data-element_type=\"widget\" data-e-type=\"widget\" data-widget_type=\"spacer.default\">\n\t\t\t\t<div class=\"elementor-widget-container\">\n\t\t\t\t\t\t\t<div class=\"elementor-spacer\">\n\t\t\t<div class=\"elementor-spacer-inner\"><\/div>\n\t\t<\/div>\n\t\t\t\t\t\t<\/div>\n\t\t\t\t<\/div>\n\t\t\t\t<div class=\"elementor-element elementor-element-6dc2f2fa elementor-widget elementor-widget-heading\" data-id=\"6dc2f2fa\" data-element_type=\"widget\" data-e-type=\"widget\" data-widget_type=\"heading.default\">\n\t\t\t\t<div class=\"elementor-widget-container\">\n\t\t\t\t\t<h2 class=\"elementor-heading-title elementor-size-default\">Tipologia d'assentaments programats<\/h2>\t\t\t\t<\/div>\n\t\t\t\t<\/div>\n\t\t\t\t<div class=\"elementor-element elementor-element-249273f7 elementor-widget elementor-widget-heading\" data-id=\"249273f7\" data-element_type=\"widget\" data-e-type=\"widget\" data-widget_type=\"heading.default\">\n\t\t\t\t<div class=\"elementor-widget-container\">\n\t\t\t\t\t<h2 class=\"elementor-heading-title elementor-size-default\">Motivaci\u00f3 del Post<\/h2>\t\t\t\t<\/div>\n\t\t\t\t<\/div>\n\t\t\t\t<div class=\"elementor-element elementor-element-40d30658 elementor-widget elementor-widget-text-editor\" data-id=\"40d30658\" data-element_type=\"widget\" data-e-type=\"widget\" data-widget_type=\"text-editor.default\">\n\t\t\t\t<div class=\"elementor-widget-container\">\n\t\t\t\t\t\t\t\t\t<p>Quan decidim efectuar una sortida tur\u00edstica, la immensa majoria de vegades ho fem amb l&#8217;objectiu de gaudir de factors espec\u00edfics continguts al territori al qual ens dirigirem, siguin d&#8217;ordre paisatg\u00edstic (muntanya, mar, vall, desert, gruta, \u2026) o per apreciar obres permanents realitzades per l&#8217;home (pobles, castells, monestirs, museus, ru\u00efnes arqueol\u00f2giques, arqueologia industrial, un restaurant amb estrella Michelin, \u2026). Deixo de banda quan la motivaci\u00f3 \u00e9s gaudir d&#8217;esdeveniments ef\u00edmers (concert, festival\u2026).<\/p><p>En arribar a destinaci\u00f3, reconeixerem el lloc concret perqu\u00e8 presenta unes formes f\u00edsic-territorials pr\u00f2pies de la funci\u00f3 que compleix -en el cas de factors f\u00edsic-naturals-, o a la qual ha estat destinada -en el cas de realitzacions humanes-. Per exemple, distingirem clarament una esgl\u00e9sia rom\u00e0nica d&#8217;una altra d&#8217;estil renaixentista, i totes dues d&#8217;un poblat iber, per exemple.<\/p><p>Aix\u00f2 \u00e9s perqu\u00e8 cada funci\u00f3 requereix unes condicions constructives que es regeixen per unes normes i formes pr\u00f2pies.<\/p><p>Al llarg de la hist\u00f2ria, s&#8217;han anat introduint funcions diferents, o s&#8217;han succe\u00eft estils diferents per a una mateixa funci\u00f3, que van quedant reflectides a cada lloc on s&#8217;ha establert aquesta funci\u00f3. Per exemple, el mateix model b\u00e0sic de les ciutats romanes, o cada estil art\u00edstic a les esgl\u00e9sies o catedrals.<\/p>\t\t\t\t\t\t\t\t<\/div>\n\t\t\t\t<\/div>\n\t\t\t\t<div class=\"elementor-element elementor-element-f4bb8d5 elementor-widget elementor-widget-heading\" data-id=\"f4bb8d5\" data-element_type=\"widget\" data-e-type=\"widget\" data-widget_type=\"heading.default\">\n\t\t\t\t<div class=\"elementor-widget-container\">\n\t\t\t\t\t<h2 class=\"elementor-heading-title elementor-size-default\">Objectiu d'aquest Post conceptual<\/h2>\t\t\t\t<\/div>\n\t\t\t\t<\/div>\n\t\t\t\t<div class=\"elementor-element elementor-element-4787283 elementor-widget elementor-widget-text-editor\" data-id=\"4787283\" data-element_type=\"widget\" data-e-type=\"widget\" data-widget_type=\"text-editor.default\">\n\t\t\t\t<div class=\"elementor-widget-container\">\n\t\t\t\t\t\t\t\t\t<p>L\u2019objectiu d\u2019aquest <em>Post<\/em> conceptual \u00e9s sistematitzar algunes de les <strong><em>funcions<\/em><\/strong><em> m\u00e9s rellevants pel seu impacte territorial que s\u2019ha produ\u00eft al llarg de la hist\u00f2ria de l\u2019Espanya peninsular<\/em>. Em centrar\u00e9, doncs, en llocs creats per l&#8217;home i la societat, sense considerar els espais naturals geogr\u00e0fics.<\/p><p>Desenvolupar\u00e9 aquesta tem\u00e0tica dividint-la en dos <em>Posts<\/em>. Aquest primer, titulat <strong>Assentaments de poblaci\u00f3 programats: Tipologia (1)<\/strong>, on presentar\u00e9 un esquema dels tipus m\u00e9s importants d&#8217;assentament que s&#8217;han anat utilitzant al llarg de la hist\u00f2ria per organitzar sistem\u00e0ticament la distribuci\u00f3 de la poblaci\u00f3 d&#8217;acord amb necessitats funcionals territorials que es presentaven a cada moment.<\/p><p>El seg\u00fcent, sota el t\u00edtol <strong>Assentaments de poblaci\u00f3 programats: Proc\u00e9s hist\u00f2ric a Espanya (2)<\/strong>, far\u00e9 un r\u00e0pid recorregut cronol\u00f2gic dels tipus d&#8217;assentament programats presentats al <em>Post<\/em> anterior, a mesura que han estat aplicats al llarg de la hist\u00f2ria a l\u2019Espanya peninsular.<\/p><p>Podem considerar que aquests Posts complementen i amplien el presentat sota el t\u00edtol <a href=\"https:\/\/www.elturistatranquil.com\/ca\/estructures-territorials-a-lespanya-peninsular\/\" target=\"_blank\" rel=\"noopener\"><strong>Estructures territorials a l\u2019Espanya peninsular<\/strong><\/a><strong>.<\/strong><\/p>\t\t\t\t\t\t\t\t<\/div>\n\t\t\t\t<\/div>\n\t\t\t\t<div class=\"elementor-element elementor-element-65b3f0a elementor-widget elementor-widget-heading\" data-id=\"65b3f0a\" data-element_type=\"widget\" data-e-type=\"widget\" data-widget_type=\"heading.default\">\n\t\t\t\t<div class=\"elementor-widget-container\">\n\t\t\t\t\t<h2 class=\"elementor-heading-title elementor-size-default\">Premisses conceptuals<\/h2>\t\t\t\t<\/div>\n\t\t\t\t<\/div>\n\t\t\t\t<div class=\"elementor-element elementor-element-8b88d66 elementor-widget elementor-widget-text-editor\" data-id=\"8b88d66\" data-element_type=\"widget\" data-e-type=\"widget\" data-widget_type=\"text-editor.default\">\n\t\t\t\t<div class=\"elementor-widget-container\">\n\t\t\t\t\t\t\t\t\t<p>Parteixo de la premissa que tota activitat vinculada al territori requereix de la <strong>pres\u00e8ncia de poblaci\u00f3<\/strong>, ja que, per explotar els recursos naturals, \u00e9s necessari l&#8217;<strong>assentament<\/strong> de treballadors al lloc dedicats a la seva explotaci\u00f3 i producci\u00f3, als quals generalment acompanyar\u00e0 la fam\u00edlia com a unitat de reproducci\u00f3.<\/p><p>Sigui del pag\u00e8s a les terres a llaurar; del miner al costat de la mina; de l&#8217;industrial a prop de la f\u00e0brica; del pescador al costat del port pesquer; de serveis a prop dels nuclis tur\u00edstics; de l&#8217;ex\u00e8rcit o la policia als territoris a vigilar i protegir; etc.<\/p><p>En la majoria dels casos, aix\u00f2 ha donat lloc a la creaci\u00f3 <strong>al llarg del temps<\/strong> dels pobles i les ciutats en qu\u00e8 s&#8217;han anat reunint diversitat d&#8217;activitats, segons les caracter\u00edstiques economicoproductives de cada zona.<\/p><p>Per\u00f2, en determinades situacions i circumst\u00e0ncies, s&#8217;han produ\u00eft uns processos <strong>peribles<\/strong> de concentraci\u00f3 que han acabat desapareixent quan el recurs s&#8217;ha esgotat o a deixat de ser utilitzat. En general, aquestes situacions ef\u00edmeres per aband\u00f3 s&#8217;han produ\u00eft en casos d&#8217;especialitzaci\u00f3 monoproductora vinculada a l&#8217;explotaci\u00f3 d&#8217;un sol recurs, per exemple, esgotament d&#8217;un fil\u00f3 miner.<\/p><p>En concret, m&#8217;interessa centrar-me en les <strong>funcions territorials que han necessitat crear assentaments de poblaci\u00f3 per poder desenvolupar la seva funci\u00f3<\/strong>, hagin estat permanents o ef\u00edmeres.<\/p><p>Sistematitzar les possibles causes de cada assentament ens pot ajudar <strong><em>com a turistes<\/em><\/strong> a interpretar els llocs que visitem i a relacionar-ho amb el seu origen i evoluci\u00f3.<\/p>\t\t\t\t\t\t\t\t<\/div>\n\t\t\t\t<\/div>\n\t\t\t\t<div class=\"elementor-element elementor-element-fb26f31 elementor-widget elementor-widget-heading\" data-id=\"fb26f31\" data-element_type=\"widget\" data-e-type=\"widget\" data-widget_type=\"heading.default\">\n\t\t\t\t<div class=\"elementor-widget-container\">\n\t\t\t\t\t<h2 class=\"elementor-heading-title elementor-size-default\">Models d'assentaments de poblaci\u00f3 al territori<\/h2>\t\t\t\t<\/div>\n\t\t\t\t<\/div>\n\t\t\t\t<div class=\"elementor-element elementor-element-456a2308 elementor-widget elementor-widget-text-editor\" data-id=\"456a2308\" data-element_type=\"widget\" data-e-type=\"widget\" data-widget_type=\"text-editor.default\">\n\t\t\t\t<div class=\"elementor-widget-container\">\n\t\t\t\t\t\t\t\t\t<p>Per <strong>assentament de poblaci\u00f3<\/strong>, o simplement <strong>assentament<\/strong>, entendrem espai constru\u00efts per acollir grups de persones formant un nucli de poblaci\u00f3 permanent, que pot anar des d&#8217;una unitat familiar a\u00efllada (en un caseriu, un <em>cortijo<\/em> o una masia), fins a una gran metr\u00f2poli, passant per un poble o un poblat, etc.<\/p><p>Ens interessar\u00e0 aquells assentaments que d&#8217;una manera o altra han estat <strong>programats<\/strong> despr\u00e9s d&#8217;una presa de decisions respecte a l&#8217;on i al perqu\u00e8 de la localitzaci\u00f3 concreta final.<\/p>\t\t\t\t\t\t\t\t<\/div>\n\t\t\t\t<\/div>\n\t\t\t\t<div class=\"elementor-element elementor-element-147a01d0 elementor-widget elementor-widget-heading\" data-id=\"147a01d0\" data-element_type=\"widget\" data-e-type=\"widget\" data-widget_type=\"heading.default\">\n\t\t\t\t<div class=\"elementor-widget-container\">\n\t\t\t\t\t<h3 class=\"elementor-heading-title elementor-size-default\">Condicions d'assentament<\/h3>\t\t\t\t<\/div>\n\t\t\t\t<\/div>\n\t\t\t\t<div class=\"elementor-element elementor-element-7029f71 elementor-widget elementor-widget-text-editor\" data-id=\"7029f71\" data-element_type=\"widget\" data-e-type=\"widget\" data-widget_type=\"text-editor.default\">\n\t\t\t\t<div class=\"elementor-widget-container\">\n\t\t\t\t\t\t\t\t\t<p>Una altra premissa o condici\u00f3 ser\u00e0 que el lloc d&#8217;assentament <strong>ha de permetre la superviv\u00e8ncia i reproducci\u00f3 del grup<\/strong>, b\u00e9 obtenint tots els recursos b\u00e0sics del seu entorn territorial (practicant una economia de subsist\u00e8ncia), b\u00e9 per intercanvi amb altres grups assentats a altres llocs per reunir i completar els recursos b\u00e0sics (a trav\u00e9s de la divisi\u00f3 del treball, de la producci\u00f3 territorial i de l\u2019intercanvi o comer\u00e7).<\/p><p>En qualsevol cas, \u00e9s clar que tot all\u00f2 necessari per a la seva superviv\u00e8ncia i reproducci\u00f3 ho haur\u00e0 d&#8217;obtenir de l&#8217;espai geogr\u00e0fic; sabent que l&#8217;espai geogr\u00e0fic en conjunt \u00e9s diferent en cadascuna de les parts o territoris.<\/p><p>El que ens interessa observar s\u00f3n les raons per les quals s&#8217;estableix un assentament a un lloc determinat a partir de les caracter\u00edstiques que aporta aquest territori. Aquestes raons s\u00f3n les que se sistematitzaran en una <strong>tipologia d&#8217;assentaments<\/strong>.<\/p><p>Cada grup social, en funci\u00f3 del desenvolupament assolit, jugar\u00e0 amb les <strong>difer\u00e8ncies de mobilitat dels factors productius<\/strong>: fixaci\u00f3 o baixa mobilitat dels recursos naturals davant de la mobilitat en graus diferents dels recursos humans, les mercaderies, els recursos monetaris o la informaci\u00f3.<\/p>\t\t\t\t\t\t\t\t<\/div>\n\t\t\t\t<\/div>\n\t\t\t\t<div class=\"elementor-element elementor-element-fef1102 elementor-widget elementor-widget-heading\" data-id=\"fef1102\" data-element_type=\"widget\" data-e-type=\"widget\" data-widget_type=\"heading.default\">\n\t\t\t\t<div class=\"elementor-widget-container\">\n\t\t\t\t\t<h3 class=\"elementor-heading-title elementor-size-default\">Assentaments espontanis i assentaments programats<\/h3>\t\t\t\t<\/div>\n\t\t\t\t<\/div>\n\t\t\t\t<div class=\"elementor-element elementor-element-a940bdb elementor-widget elementor-widget-text-editor\" data-id=\"a940bdb\" data-element_type=\"widget\" data-e-type=\"widget\" data-widget_type=\"text-editor.default\">\n\t\t\t\t<div class=\"elementor-widget-container\">\n\t\t\t\t\t\t\t\t\t<p>Partirem dels temps inicials de la Hist\u00f2ria quan, amb la introducci\u00f3 de l&#8217;agricultura, els grups humans van ser capa\u00e7os d&#8217;establir-se permanentment en llocs fixos d&#8217;assentament de la poblaci\u00f3.<\/p><p>Des d&#8217;aquest moment, podrem observar que l&#8217;assentament de les poblacions s&#8217;ha fet d&#8217;acord amb dos criteris: l&#8217;assentament espontani i els assentaments programats.<\/p>\t\t\t\t\t\t\t\t<\/div>\n\t\t\t\t<\/div>\n\t\t\t\t<div class=\"elementor-element elementor-element-2007cd0d elementor-widget elementor-widget-heading\" data-id=\"2007cd0d\" data-element_type=\"widget\" data-e-type=\"widget\" data-widget_type=\"heading.default\">\n\t\t\t\t<div class=\"elementor-widget-container\">\n\t\t\t\t\t<h5 class=\"elementor-heading-title elementor-size-default\">Assentament espontani<\/h5>\t\t\t\t<\/div>\n\t\t\t\t<\/div>\n\t\t\t\t<div class=\"elementor-element elementor-element-37d9f19 elementor-widget elementor-widget-text-editor\" data-id=\"37d9f19\" data-element_type=\"widget\" data-e-type=\"widget\" data-widget_type=\"text-editor.default\">\n\t\t\t\t<div class=\"elementor-widget-container\">\n\t\t\t\t\t\t\t\t\t<p>L&#8217;<strong>assentament espontani<\/strong> es produeix quan hi ha disponibilitat de terreny per triar lliurement i sense condicionants el lloc d&#8217;assentament. Els primers pobladors de la Pen\u00ednsula ens els podem imaginar escollint quin era el lloc que consideraven m\u00e9s idoni per establir-ne el poblat.<\/p><p>M\u00e9s endavant, per exemple, una cru\u00eflla de camins o l&#8217;exist\u00e8ncia d&#8217;una fonda a\u00efllada al mig del camp, pot haver estat l&#8217;origen d&#8217;un assentament espontani progressiu fins a constituir un poblat (com la localitat de <strong>A Estrada<\/strong> a Pontevedra, en una cru\u00eflla de camins, o d&#8217;una <em>venta<\/em> (hostal), com va ser l&#8217;origen de <strong>Venta de Ba\u00f1os<\/strong> a Valladolid, o <strong>Hostalric<\/strong> a Girona).<\/p><p>Els castres o els poblats ibers entrarien en aquesta categoria d&#8217;espontanis.<\/p>\t\t\t\t\t\t\t\t<\/div>\n\t\t\t\t<\/div>\n\t\t\t\t<div class=\"elementor-element elementor-element-6eb64d34 elementor-widget elementor-widget-image\" data-id=\"6eb64d34\" data-element_type=\"widget\" data-e-type=\"widget\" data-widget_type=\"image.default\">\n\t\t\t\t<div class=\"elementor-widget-container\">\n\t\t\t\t\t\t\t\t\t\t\t\t<figure class=\"wp-caption\">\n\t\t\t\t\t\t\t\t\t\t<img decoding=\"async\" width=\"768\" height=\"512\" src=\"https:\/\/www.elturistatranquil.com\/wp-content\/uploads\/F02-O-Cebreiro-Lugo.jpg\" class=\"attachment-large size-large wp-image-50019\" alt=\"O Cebreiro (Lugo)\" srcset=\"https:\/\/www.elturistatranquil.com\/wp-content\/uploads\/F02-O-Cebreiro-Lugo.jpg 768w, https:\/\/www.elturistatranquil.com\/wp-content\/uploads\/F02-O-Cebreiro-Lugo-339x226.jpg 339w\" sizes=\"(max-width: 768px) 100vw, 768px\" \/>\t\t\t\t\t\t\t\t\t\t\t<figcaption class=\"widget-image-caption wp-caption-text\">O Cebreiro (Lugo)<\/figcaption>\n\t\t\t\t\t\t\t\t\t\t<\/figure>\n\t\t\t\t\t\t\t\t\t<\/div>\n\t\t\t\t<\/div>\n\t\t\t\t<div class=\"elementor-element elementor-element-b507288 elementor-widget elementor-widget-image\" data-id=\"b507288\" data-element_type=\"widget\" data-e-type=\"widget\" data-widget_type=\"image.default\">\n\t\t\t\t<div class=\"elementor-widget-container\">\n\t\t\t\t\t\t\t\t\t\t\t\t<figure class=\"wp-caption\">\n\t\t\t\t\t\t\t\t\t\t<img decoding=\"async\" width=\"768\" height=\"481\" src=\"https:\/\/www.elturistatranquil.com\/wp-content\/uploads\/F03-Recreacion-del-poblado-ibero-de-Ullastret-Girona.jpg\" class=\"attachment-large size-large wp-image-50021\" alt=\"Recreaci\u00f3n del poblado ibero de Ullastret (Girona)\" srcset=\"https:\/\/www.elturistatranquil.com\/wp-content\/uploads\/F03-Recreacion-del-poblado-ibero-de-Ullastret-Girona.jpg 768w, https:\/\/www.elturistatranquil.com\/wp-content\/uploads\/F03-Recreacion-del-poblado-ibero-de-Ullastret-Girona-339x212.jpg 339w\" sizes=\"(max-width: 768px) 100vw, 768px\" \/>\t\t\t\t\t\t\t\t\t\t\t<figcaption class=\"widget-image-caption wp-caption-text\">Recreaci\u00f3 del poblat iber d'Ullastret (Girona)<\/figcaption>\n\t\t\t\t\t\t\t\t\t\t<\/figure>\n\t\t\t\t\t\t\t\t\t<\/div>\n\t\t\t\t<\/div>\n\t\t\t\t<div class=\"elementor-element elementor-element-ee9721a elementor-widget elementor-widget-heading\" data-id=\"ee9721a\" data-element_type=\"widget\" data-e-type=\"widget\" data-widget_type=\"heading.default\">\n\t\t\t\t<div class=\"elementor-widget-container\">\n\t\t\t\t\t<h5 class=\"elementor-heading-title elementor-size-default\">Assentament programat<\/h5>\t\t\t\t<\/div>\n\t\t\t\t<\/div>\n\t\t\t\t<div class=\"elementor-element elementor-element-a8587ac elementor-widget elementor-widget-text-editor\" data-id=\"a8587ac\" data-element_type=\"widget\" data-e-type=\"widget\" data-widget_type=\"text-editor.default\">\n\t\t\t\t<div class=\"elementor-widget-container\">\n\t\t\t\t\t\t\t\t\t<p>Considerarem un <strong>assentament programat<\/strong>, quan l&#8217;elecci\u00f3 del lloc segueix unes directrius establertes pr\u00e8viament, destinades a aconseguir un objectiu en base a les condicions del territori.<\/p><p>La idea \u00e9s aprofitar alguna caracter\u00edstica espec\u00edfica que ofereix el territori concret per poder-ne treure profit. Si voleu establir un punt de vigil\u00e0ncia sobre un territori ampli, l&#8217;alt d&#8217;un tur\u00f3 pot ser el lloc idoni, mentre que el fons d&#8217;una vall no ofereix aquesta possibilitat. La localitzaci\u00f3 haur\u00e0 de ser <strong>funcional<\/strong> a l\u2019objectiu proposat.<\/p><p>Dos exemples. Si es vol obtenir ferro s&#8217;est\u00e0 condicionat a un <em>lloc geol\u00f2gic<\/em> on hi hagi el mineral; si es vol establir un castell per defensar un territori, cal decidir l&#8217;empla\u00e7ament estrat\u00e8gicament idoni en relaci\u00f3 amb la posici\u00f3 de l&#8217;enemic i amb l&#8217;orografia del territori.<\/p><p>Per a cada funci\u00f3, el <strong>programa<\/strong> comportar\u00e0 decidir-ne la <strong>localitzaci\u00f3<\/strong> i dissenyar l&#8217;<strong>estructura i la morfologia<\/strong> de l&#8217;assentament.<\/p>\t\t\t\t\t\t\t\t<\/div>\n\t\t\t\t<\/div>\n\t\t\t\t<div class=\"elementor-element elementor-element-d59cb1c elementor-widget elementor-widget-heading\" data-id=\"d59cb1c\" data-element_type=\"widget\" data-e-type=\"widget\" data-widget_type=\"heading.default\">\n\t\t\t\t<div class=\"elementor-widget-container\">\n\t\t\t\t\t<h3 class=\"elementor-heading-title elementor-size-default\">De l'economia de subsist\u00e8ncia a l'economia de producci\u00f3<\/h3>\t\t\t\t<\/div>\n\t\t\t\t<\/div>\n\t\t\t\t<div class=\"elementor-element elementor-element-1759806 elementor-widget elementor-widget-text-editor\" data-id=\"1759806\" data-element_type=\"widget\" data-e-type=\"widget\" data-widget_type=\"text-editor.default\">\n\t\t\t\t<div class=\"elementor-widget-container\">\n\t\t\t\t\t\t\t\t\t<p>Una <strong>economia de subsist\u00e8ncia<\/strong> consisteix a obtenir tot all\u00f2 necessari de l&#8217;entorn immediat.<\/p><p>Amb la introducci\u00f3 de l&#8217;agricultura i el pas a les edats dels metalls (bronze i ferro), s&#8217;introdueix l&#8217;<strong>economia de producci\u00f3<\/strong>, on es posa de manifest la distribuci\u00f3 desigual de recursos a l&#8217;espai geogr\u00e0fic global, i la necessitat d&#8217;obtenir-lo on es trobin, i de despla\u00e7ar-los cap als llocs de producci\u00f3 i de consum posterior.<\/p><p>La necessitat de despla\u00e7ar els recursos va donar lloc al transport, intercanvi i comer\u00e7, on van sorgir les primeres col\u00f2nies comercials, aix\u00ed com l&#8217;especialitzaci\u00f3 del treball i de la producci\u00f3 en llocs determinats.<\/p>\t\t\t\t\t\t\t\t<\/div>\n\t\t\t\t<\/div>\n\t\t\t\t<div class=\"elementor-element elementor-element-e470cd3 elementor-widget elementor-widget-heading\" data-id=\"e470cd3\" data-element_type=\"widget\" data-e-type=\"widget\" data-widget_type=\"heading.default\">\n\t\t\t\t<div class=\"elementor-widget-container\">\n\t\t\t\t\t<h3 class=\"elementor-heading-title elementor-size-default\">Poblament, despoblament, repoblaci\u00f3<\/h3>\t\t\t\t<\/div>\n\t\t\t\t<\/div>\n\t\t\t\t<div class=\"elementor-element elementor-element-6ffacc63 elementor-widget elementor-widget-heading\" data-id=\"6ffacc63\" data-element_type=\"widget\" data-e-type=\"widget\" data-widget_type=\"heading.default\">\n\t\t\t\t<div class=\"elementor-widget-container\">\n\t\t\t\t\t<h4 class=\"elementor-heading-title elementor-size-default\">Poblament<\/h4>\t\t\t\t<\/div>\n\t\t\t\t<\/div>\n\t\t\t\t<div class=\"elementor-element elementor-element-5a5694d elementor-widget elementor-widget-text-editor\" data-id=\"5a5694d\" data-element_type=\"widget\" data-e-type=\"widget\" data-widget_type=\"text-editor.default\">\n\t\t\t\t<div class=\"elementor-widget-container\">\n\t\t\t\t\t\t\t\t\t<p>A la hist\u00f2ria de la humanitat els primers pobladors van anar creixent en nombre i es van anar dispersant pel Planeta. Progressivament, l&#8217;expansi\u00f3 de la poblaci\u00f3 va anar ocupant els territoris buits, amb assentaments que podem considerar que s&#8217;anaven establint de manera espont\u00e0nia en un proc\u00e9s de <strong>poblament<\/strong>.<\/p>\t\t\t\t\t\t\t\t<\/div>\n\t\t\t\t<\/div>\n\t\t\t\t<div class=\"elementor-element elementor-element-fb04673 elementor-widget elementor-widget-heading\" data-id=\"fb04673\" data-element_type=\"widget\" data-e-type=\"widget\" data-widget_type=\"heading.default\">\n\t\t\t\t<div class=\"elementor-widget-container\">\n\t\t\t\t\t<h4 class=\"elementor-heading-title elementor-size-default\">Despoblament<\/h4>\t\t\t\t<\/div>\n\t\t\t\t<\/div>\n\t\t\t\t<div class=\"elementor-element elementor-element-5bcef5e elementor-widget elementor-widget-text-editor\" data-id=\"5bcef5e\" data-element_type=\"widget\" data-e-type=\"widget\" data-widget_type=\"text-editor.default\">\n\t\t\t\t<div class=\"elementor-widget-container\">\n\t\t\t\t\t\t\t\t\t<p>Un cop ja poblat un territori, diverses circumst\u00e0ncies poden provocar que perdi poblaci\u00f3, o fins i tot desapar\u00e8ixer totalment. Estar\u00edem en una fase de <strong>despoblament<\/strong>. Les causes poden ser molt diverses: epid\u00e8mies i pestes que delmen la poblaci\u00f3; conflictes politicomilitars; dificultats o incapacitat de superviv\u00e8ncia al lloc; esgotament dels recursos territorials; etc.<\/p>\t\t\t\t\t\t\t\t<\/div>\n\t\t\t\t<\/div>\n\t\t\t\t<div class=\"elementor-element elementor-element-28a370e elementor-widget elementor-widget-heading\" data-id=\"28a370e\" data-element_type=\"widget\" data-e-type=\"widget\" data-widget_type=\"heading.default\">\n\t\t\t\t<div class=\"elementor-widget-container\">\n\t\t\t\t\t<h4 class=\"elementor-heading-title elementor-size-default\">Repoblament<\/h4>\t\t\t\t<\/div>\n\t\t\t\t<\/div>\n\t\t\t\t<div class=\"elementor-element elementor-element-4beae16 elementor-widget elementor-widget-text-editor\" data-id=\"4beae16\" data-element_type=\"widget\" data-e-type=\"widget\" data-widget_type=\"text-editor.default\">\n\t\t\t\t<div class=\"elementor-widget-container\">\n\t\t\t\t\t\t\t\t\t<p>Davant d&#8217;un territori despoblat es pot considerar interessant o necessari poblar-lo novament mitjan\u00e7ant un proc\u00e9s de <strong>repoblaci\u00f3<\/strong>. La decisi\u00f3 de repoblaci\u00f3 ja ens situa en l&#8217;\u00e0mbit de les actuacions d&#8217;assentament programades per qui ostenti el poder o la propietat sobre aquest territori.<\/p><p>El poblament i el repoblament donar\u00e0 lloc a la construcci\u00f3 inicial de poblats. A nosaltres ens interessaran aquelles actuacions de poblament <strong>programades<\/strong>, b\u00e9 en la determinaci\u00f3 dels llocs d&#8217;assentament, b\u00e9 en la forma urban\u00edstica.<\/p><p>Com veurem a la part hist\u00f2rica al seg\u00fcent <em>Post<\/em>, el cas de la Pen\u00ednsula Ib\u00e8rica \u00e9s molt particular ja que, a m\u00e9s del poblament d&#8217;\u00e8poca romana, com\u00fa a tots els territoris de la conca mediterr\u00e0nia, i la posterior substituci\u00f3 pels pobles del nord, al nostre cas es va produir una ocupaci\u00f3 musulmana i una recuperaci\u00f3 cristiana posterior, cosa que va tenir transcendental import\u00e0ncia en el cicle poblament-repoblament.<\/p><p>El que \u00e9s important destacar \u00e9s que perqu\u00e8 el repoblament es produeixi s&#8217;han d&#8217;oferir incentius que motivin els futurs residents a despla\u00e7ar-se. Si hem establert que les motivacions de l\u2019exist\u00e8ncia humana s\u00f3n sobreviure i reproduir-se, els incentius hauran d\u2019estar destinats a millorar ambd\u00f3s objectius. En termes col\u00b7loquials al nou assentament hauran de trobar els mitjans de guanyar-se (millor) la vida (per sobreviure) i l&#8217;expectativa d&#8217;unes condicions de vida millors (per reproduir-se).<\/p><p>A totes les societats de base agr\u00edcola l&#8217;incentiu es basava a repartir lots de terra, model practicat fins als Poblats de Colonitzaci\u00f3 Agr\u00e0ria de meitats del segle passat que veurem m\u00e9s endavant.<\/p><p>A la hist\u00f2ria d&#8217;Espanya podrem distingir dos processos de repoblament.<\/p>\t\t\t\t\t\t\t\t<\/div>\n\t\t\t\t<\/div>\n\t\t\t\t<div class=\"elementor-element elementor-element-1cbbf33 elementor-widget elementor-widget-heading\" data-id=\"1cbbf33\" data-element_type=\"widget\" data-e-type=\"widget\" data-widget_type=\"heading.default\">\n\t\t\t\t<div class=\"elementor-widget-container\">\n\t\t\t\t\t<h4 class=\"elementor-heading-title elementor-size-default\">Repoblament territorial<\/h4>\t\t\t\t<\/div>\n\t\t\t\t<\/div>\n\t\t\t\t<div class=\"elementor-element elementor-element-cf0a087 elementor-widget elementor-widget-text-editor\" data-id=\"cf0a087\" data-element_type=\"widget\" data-e-type=\"widget\" data-widget_type=\"text-editor.default\">\n\t\t\t\t<div class=\"elementor-widget-container\">\n\t\t\t\t\t\t\t\t\t<p>Per\u00edodes durant l&#8217;Edat Mitjana en qu\u00e8 per consolidar el territori guanyat l&#8217;aven\u00e7 de la frontera cristiana cap al sud cap feia prec\u00eds que s&#8217;establissin poblacions que ocupessin i defensessin aquests territoris.<\/p><p>L&#8217;expansi\u00f3 dels senyorius va ser un dels mecanismes de trasp\u00e0s de responsabilitat a la noblesa i l&#8217;esgl\u00e9sia, amb un paper notable atorgat a les <a href=\"https:\/\/www.elturistatranquil.com\/iglesias-monasterios-y-ordenes-religiosas-en-la-edad-media\/\" target=\"_blank\" rel=\"noopener\">Ordes militars<\/a> per a la repoblaci\u00f3.<\/p>\t\t\t\t\t\t\t\t<\/div>\n\t\t\t\t<\/div>\n\t\t\t\t<div class=\"elementor-element elementor-element-babb34c elementor-widget elementor-widget-image\" data-id=\"babb34c\" data-element_type=\"widget\" data-e-type=\"widget\" data-widget_type=\"image.default\">\n\t\t\t\t<div class=\"elementor-widget-container\">\n\t\t\t\t\t\t\t\t\t\t\t\t<figure class=\"wp-caption\">\n\t\t\t\t\t\t\t\t\t\t<img loading=\"lazy\" decoding=\"async\" width=\"768\" height=\"511\" src=\"https:\/\/www.elturistatranquil.com\/wp-content\/uploads\/F04-Almagro-Ciudad-Real.jpg\" class=\"attachment-large size-large wp-image-50023\" alt=\"Almagro, Ciudad Real\" srcset=\"https:\/\/www.elturistatranquil.com\/wp-content\/uploads\/F04-Almagro-Ciudad-Real.jpg 768w, https:\/\/www.elturistatranquil.com\/wp-content\/uploads\/F04-Almagro-Ciudad-Real-339x226.jpg 339w\" sizes=\"(max-width: 768px) 100vw, 768px\" \/>\t\t\t\t\t\t\t\t\t\t\t<figcaption class=\"widget-image-caption wp-caption-text\">Un carrer de la poblaci\u00f3 calatrava d'Almagro (Ciudad Real)<\/figcaption>\n\t\t\t\t\t\t\t\t\t\t<\/figure>\n\t\t\t\t\t\t\t\t\t<\/div>\n\t\t\t\t<\/div>\n\t\t\t\t<div class=\"elementor-element elementor-element-b9503bc elementor-widget elementor-widget-heading\" data-id=\"b9503bc\" data-element_type=\"widget\" data-e-type=\"widget\" data-widget_type=\"heading.default\">\n\t\t\t\t<div class=\"elementor-widget-container\">\n\t\t\t\t\t<h4 class=\"elementor-heading-title elementor-size-default\">Noves poblacions<\/h4>\t\t\t\t<\/div>\n\t\t\t\t<\/div>\n\t\t\t\t<div class=\"elementor-element elementor-element-5f6faf7 elementor-widget elementor-widget-text-editor\" data-id=\"5f6faf7\" data-element_type=\"widget\" data-e-type=\"widget\" data-widget_type=\"text-editor.default\">\n\t\t\t\t<div class=\"elementor-widget-container\">\n\t\t\t\t\t\t\t\t\t<p>Ja a l&#8217;Edat Moderna, els diversos regnats absolutistes van posar en marxa pol\u00edtiques de repoblaci\u00f3 d&#8217;aquelles zones que per diversos motius van anar quedant despoblades, especialment al centre i al sud de la Pen\u00ednsula. La m\u00e9s coneguda \u00e9s la creaci\u00f3 de les anomenades <strong>nuevas poblaciones<\/strong> durant el per\u00edode Il\u00b7lustrat del regnat de Carlos III, les quals tamb\u00e9 tenien com a funci\u00f3 garantir la protecci\u00f3 del cam\u00ed entre la capital, Madrid, i Cadis, port per on arribava tot el comer\u00e7 amb les possessions americanes.<\/p>\t\t\t\t\t\t\t\t<\/div>\n\t\t\t\t<\/div>\n\t\t\t\t<section class=\"elementor-section elementor-inner-section elementor-element elementor-element-75f0dac elementor-section-boxed elementor-section-height-default elementor-section-height-default\" data-id=\"75f0dac\" data-element_type=\"section\" data-e-type=\"section\">\n\t\t\t\t\t\t<div class=\"elementor-container elementor-column-gap-default\">\n\t\t\t\t\t<div class=\"elementor-column elementor-col-50 elementor-inner-column elementor-element elementor-element-d291b58\" data-id=\"d291b58\" data-element_type=\"column\" data-e-type=\"column\">\n\t\t\t<div class=\"elementor-widget-wrap elementor-element-populated\">\n\t\t\t\t\t\t<div class=\"elementor-element elementor-element-45d98c1 elementor-widget elementor-widget-image\" data-id=\"45d98c1\" data-element_type=\"widget\" data-e-type=\"widget\" data-widget_type=\"image.default\">\n\t\t\t\t<div class=\"elementor-widget-container\">\n\t\t\t\t\t\t\t\t\t\t\t\t<figure class=\"wp-caption\">\n\t\t\t\t\t\t\t\t\t\t<img loading=\"lazy\" decoding=\"async\" width=\"380\" height=\"570\" src=\"https:\/\/www.elturistatranquil.com\/wp-content\/uploads\/F05m-San-Carlos-del-Valle-Planos-historicos-Munoz-Jimenez-1787.jpg\" class=\"attachment-large size-large wp-image-50025\" alt=\"San Carlos del Valle Planos historicos Mu\u00f1oz Jimenez 1787\" srcset=\"https:\/\/www.elturistatranquil.com\/wp-content\/uploads\/F05m-San-Carlos-del-Valle-Planos-historicos-Munoz-Jimenez-1787.jpg 380w, https:\/\/www.elturistatranquil.com\/wp-content\/uploads\/F05m-San-Carlos-del-Valle-Planos-historicos-Munoz-Jimenez-1787-151x226.jpg 151w\" sizes=\"(max-width: 380px) 100vw, 380px\" \/>\t\t\t\t\t\t\t\t\t\t\t<figcaption class=\"widget-image-caption wp-caption-text\">San Carlos del Valle, nova poblaci\u00f3 de l'\u00e8poca de Carlos III a Ciudad Real<\/figcaption>\n\t\t\t\t\t\t\t\t\t\t<\/figure>\n\t\t\t\t\t\t\t\t\t<\/div>\n\t\t\t\t<\/div>\n\t\t\t\t\t<\/div>\n\t\t<\/div>\n\t\t\t\t<div class=\"elementor-column elementor-col-50 elementor-inner-column elementor-element elementor-element-db6ef0d\" data-id=\"db6ef0d\" data-element_type=\"column\" data-e-type=\"column\">\n\t\t\t<div class=\"elementor-widget-wrap elementor-element-populated\">\n\t\t\t\t\t\t<div class=\"elementor-element elementor-element-bdd0786 elementor-widget elementor-widget-image\" data-id=\"bdd0786\" data-element_type=\"widget\" data-e-type=\"widget\" data-widget_type=\"image.default\">\n\t\t\t\t<div class=\"elementor-widget-container\">\n\t\t\t\t\t\t\t\t\t\t\t\t\t\t\t<img loading=\"lazy\" decoding=\"async\" width=\"380\" height=\"571\" src=\"https:\/\/www.elturistatranquil.com\/wp-content\/uploads\/F05n-San-Carlos-del-Valle-Google-earth-2019-08-08.jpg\" class=\"attachment-large size-large wp-image-50027\" alt=\"San Carlos del Valle (Google earth 2019-08-08)\" srcset=\"https:\/\/www.elturistatranquil.com\/wp-content\/uploads\/F05n-San-Carlos-del-Valle-Google-earth-2019-08-08.jpg 380w, https:\/\/www.elturistatranquil.com\/wp-content\/uploads\/F05n-San-Carlos-del-Valle-Google-earth-2019-08-08-150x226.jpg 150w\" sizes=\"(max-width: 380px) 100vw, 380px\" \/>\t\t\t\t\t\t\t\t\t\t\t\t\t\t\t<\/div>\n\t\t\t\t<\/div>\n\t\t\t\t\t<\/div>\n\t\t<\/div>\n\t\t\t\t\t<\/div>\n\t\t<\/section>\n\t\t\t\t<div class=\"elementor-element elementor-element-3377dfe elementor-widget elementor-widget-text-editor\" data-id=\"3377dfe\" data-element_type=\"widget\" data-e-type=\"widget\" data-widget_type=\"text-editor.default\">\n\t\t\t\t<div class=\"elementor-widget-container\">\n\t\t\t\t\t\t\t\t\t<p>\u00a0<\/p><p>Una variant al segle vint seran els Poblats de Colonitzaci\u00f3 Agr\u00e0ria que acabo de citar.<\/p>\t\t\t\t\t\t\t\t<\/div>\n\t\t\t\t<\/div>\n\t\t\t\t<div class=\"elementor-element elementor-element-03a262a elementor-widget elementor-widget-heading\" data-id=\"03a262a\" data-element_type=\"widget\" data-e-type=\"widget\" data-widget_type=\"heading.default\">\n\t\t\t\t<div class=\"elementor-widget-container\">\n\t\t\t\t\t<h2 class=\"elementor-heading-title elementor-size-default\">Tipologia d'assentaments funcionals<\/h2>\t\t\t\t<\/div>\n\t\t\t\t<\/div>\n\t\t\t\t<div class=\"elementor-element elementor-element-8d98388 elementor-widget elementor-widget-text-editor\" data-id=\"8d98388\" data-element_type=\"widget\" data-e-type=\"widget\" data-widget_type=\"text-editor.default\">\n\t\t\t\t<div class=\"elementor-widget-container\">\n\t\t\t\t\t\t\t\t\t<p>Entrem a definir la <strong>tipologia de les formes d&#8217;assentament programat<\/strong> destinades a assolir un objectiu territorial concret, \u00e9s a dir, a complir una funci\u00f3 espec\u00edfica. M&#8217;aturar\u00e9 exclusivament a les m\u00e9s destacades i gen\u00e8riques que s&#8217;han aplicat a l&#8217;Espanya peninsular.<\/p>\t\t\t\t\t\t\t\t<\/div>\n\t\t\t\t<\/div>\n\t\t\t\t<div class=\"elementor-element elementor-element-0b33457 elementor-widget elementor-widget-heading\" data-id=\"0b33457\" data-element_type=\"widget\" data-e-type=\"widget\" data-widget_type=\"heading.default\">\n\t\t\t\t<div class=\"elementor-widget-container\">\n\t\t\t\t\t<h2 class=\"elementor-heading-title elementor-size-default\">Per la denominaci\u00f3 del tipus d'assentament<\/h2>\t\t\t\t<\/div>\n\t\t\t\t<\/div>\n\t\t\t\t<div class=\"elementor-element elementor-element-471137b elementor-widget elementor-widget-text-editor\" data-id=\"471137b\" data-element_type=\"widget\" data-e-type=\"widget\" data-widget_type=\"text-editor.default\">\n\t\t\t\t<div class=\"elementor-widget-container\">\n\t\t\t\t\t\t\t\t\t<p>Malgrat que no forma una tipologia, val la pena destacar certes categories de noms d&#8217;agrupament assignats a determinats tipus que han adquirit una rellev\u00e0ncia que val la pena destacar. Em refereixo a conceptes com <strong>colonitzaci\u00f3, col\u00f2nia, poblat, caserna, barri, barriada, noves poblacions, poblats de colonitzaci\u00f3, urbanitzacions<\/strong>, \u2026<\/p><p>Despr\u00e9s veurem que de fet es corresponen amb categories funcionals, ens permet una aproximaci\u00f3 que ajudi a clarificar la c\u00e0rrega polis\u00e8mica que contenen i com se les ha aplicat de manera diferent en moments hist\u00f2rics determinats, i aix\u00ed interpretar-ne el significat i la funci\u00f3 hist\u00f2rica.<\/p>\t\t\t\t\t\t\t\t<\/div>\n\t\t\t\t<\/div>\n\t\t\t\t<div class=\"elementor-element elementor-element-313650a elementor-widget elementor-widget-heading\" data-id=\"313650a\" data-element_type=\"widget\" data-e-type=\"widget\" data-widget_type=\"heading.default\">\n\t\t\t\t<div class=\"elementor-widget-container\">\n\t\t\t\t\t<h3 class=\"elementor-heading-title elementor-size-default\">Colonitzaci\u00f3<\/h3>\t\t\t\t<\/div>\n\t\t\t\t<\/div>\n\t\t\t\t<div class=\"elementor-element elementor-element-f67ea72 elementor-widget elementor-widget-text-editor\" data-id=\"f67ea72\" data-element_type=\"widget\" data-e-type=\"widget\" data-widget_type=\"text-editor.default\">\n\t\t\t\t<div class=\"elementor-widget-container\">\n\t\t\t\t\t\t\t\t\t<p>Per <strong>colonitzaci\u00f3<\/strong> s&#8217;ent\u00e9n el proc\u00e9s mitjan\u00e7ant el qual un pa\u00eds, grup \u00e8tnic o entitat pol\u00edtica est\u00e9n el seu control sobre un territori m\u00e9s enll\u00e0 de les fronteres originals. Aquest control pot implicar l\u2019ocupaci\u00f3 f\u00edsica del territori, la imposici\u00f3 de sistemes pol\u00edtics, econ\u00f2mics i socials propis, i, sovint, l\u2019explotaci\u00f3 dels recursos i la for\u00e7a de treball del territori colonitzat.<\/p><p>En termes etimol\u00f2gics, <strong>colonitzaci\u00f3<\/strong> prov\u00e9 del llat\u00ed <em>colonus<\/em> (llaurador, colon) i est\u00e0 associada a l&#8217;assentament de persones o poblacions sobre noves terres lim\u00edtrofes o conquerides. Val la pena aclarir que la paraula colonitzaci\u00f3 no t\u00e9 relaci\u00f3 amb el nom de Crist\u00f2fol Colom.<\/p><p>Com ja he indicat abans, al territori peninsular hi ha dos moments clau de colonitzaci\u00f3 pol\u00edtica com a domini territorial: l&#8217;\u00e8poca romana i la musulmana.<\/p>\t\t\t\t\t\t\t\t<\/div>\n\t\t\t\t<\/div>\n\t\t\t\t<div class=\"elementor-element elementor-element-c5f9310 elementor-widget elementor-widget-heading\" data-id=\"c5f9310\" data-element_type=\"widget\" data-e-type=\"widget\" data-widget_type=\"heading.default\">\n\t\t\t\t<div class=\"elementor-widget-container\">\n\t\t\t\t\t<h4 class=\"elementor-heading-title elementor-size-default\">Poblats de colonitzaci\u00f3<\/h4>\t\t\t\t<\/div>\n\t\t\t\t<\/div>\n\t\t\t\t<div class=\"elementor-element elementor-element-022df0f elementor-widget elementor-widget-text-editor\" data-id=\"022df0f\" data-element_type=\"widget\" data-e-type=\"widget\" data-widget_type=\"text-editor.default\">\n\t\t\t\t<div class=\"elementor-widget-container\">\n\t\t\t\t\t\t\t\t\t<p>Tamb\u00e9 s&#8217;ha aplicat la paraula colonitzaci\u00f3 a l&#8217;ocupaci\u00f3 programada de s\u00f2l agrari amb els <strong>poblats de colonitzaci\u00f3 agr\u00e0ria<\/strong> de la primera etapa del franquisme. La colonitzaci\u00f3 consistia a donar valor agrari a uns s\u00f2ls fins aleshores pr\u00e0cticament erms per mitja de la introducci\u00f3 del regadiu.<\/p>\t\t\t\t\t\t\t\t<\/div>\n\t\t\t\t<\/div>\n\t\t\t\t<div class=\"elementor-element elementor-element-7215c8c elementor-widget elementor-widget-heading\" data-id=\"7215c8c\" data-element_type=\"widget\" data-e-type=\"widget\" data-widget_type=\"heading.default\">\n\t\t\t\t<div class=\"elementor-widget-container\">\n\t\t\t\t\t<h3 class=\"elementor-heading-title elementor-size-default\">Col\u00f2nia<\/h3>\t\t\t\t<\/div>\n\t\t\t\t<\/div>\n\t\t\t\t<div class=\"elementor-element elementor-element-d3725cd elementor-widget elementor-widget-text-editor\" data-id=\"d3725cd\" data-element_type=\"widget\" data-e-type=\"widget\" data-widget_type=\"text-editor.default\">\n\t\t\t\t<div class=\"elementor-widget-container\">\n\t\t\t\t\t\t\t\t\t<p>La paraula <strong>col\u00f2nia<\/strong> \u00e9s altament polis\u00e8mica. Acotant-ne l&#8217;aplicaci\u00f3 als assentaments de poblaci\u00f3, una <strong>col\u00f2nia<\/strong> pot referir-se a una comunitat de persones que s&#8217;estableix en un territori fora del lloc d&#8217;origen; a denominar el propi territori on s&#8217;estableixen; o un grup d&#8217;habitatges semblants o constru\u00efts amb una idea urban\u00edstica de conjunt.<\/p><p>Aquests assentaments poden tenir diversos prop\u00f2sits, com ara l&#8217;explotaci\u00f3 de recursos, l&#8217;expansi\u00f3 territorial o la cerca d&#8217;oportunitats econ\u00f2miques.<\/p><p>Per al cas espanyol, assenyalem tres aplicacions del concepte col\u00f2nia: les <strong>col\u00f2nies comercials fen\u00edcies i gregues<\/strong>; les <strong>col\u00f2nies romanes<\/strong> i les <strong>col\u00f2nies t\u00e8xtils<\/strong>.<\/p>\t\t\t\t\t\t\t\t<\/div>\n\t\t\t\t<\/div>\n\t\t\t\t<div class=\"elementor-element elementor-element-e43779d elementor-widget elementor-widget-heading\" data-id=\"e43779d\" data-element_type=\"widget\" data-e-type=\"widget\" data-widget_type=\"heading.default\">\n\t\t\t\t<div class=\"elementor-widget-container\">\n\t\t\t\t\t<h4 class=\"elementor-heading-title elementor-size-default\">Col\u00f2nies comercials fen\u00edcies i gregues<\/h4>\t\t\t\t<\/div>\n\t\t\t\t<\/div>\n\t\t\t\t<div class=\"elementor-element elementor-element-1da732b elementor-widget elementor-widget-text-editor\" data-id=\"1da732b\" data-element_type=\"widget\" data-e-type=\"widget\" data-widget_type=\"text-editor.default\">\n\t\t\t\t<div class=\"elementor-widget-container\">\n\t\t\t\t\t\t\t\t\t<p>La primera aplicaci\u00f3 que trobem al concepte col\u00f2nia fa refer\u00e8ncia als <strong>assentaments comercials de fenicis i grecs<\/strong> al llarg de la costa peninsular des del Golf de Lle\u00f3 fins a les costes gallegues.<\/p><p>No tenia funci\u00f3 colonitzadora, sin\u00f3 b\u00e0sicament establir una base permanent des d&#8217;on comerciar amb els pobladors locals a trav\u00e9s de les \u00e0mplies xarxes mar\u00edtimes que ambd\u00f3s pobles van establir per tota la Mediterr\u00e0nia entre els segles VIII i II aC.<\/p>\t\t\t\t\t\t\t\t<\/div>\n\t\t\t\t<\/div>\n\t\t\t\t<div class=\"elementor-element elementor-element-7cc5166 elementor-widget elementor-widget-image\" data-id=\"7cc5166\" data-element_type=\"widget\" data-e-type=\"widget\" data-widget_type=\"image.default\">\n\t\t\t\t<div class=\"elementor-widget-container\">\n\t\t\t\t\t\t\t\t\t\t\t\t<figure class=\"wp-caption\">\n\t\t\t\t\t\t\t\t\t\t<img loading=\"lazy\" decoding=\"async\" width=\"768\" height=\"512\" src=\"https:\/\/www.elturistatranquil.com\/wp-content\/uploads\/F07-Empuries-Google-earth-2020-02-26.jpg\" class=\"attachment-large size-large wp-image-50029\" alt=\"Empuries (Google earth 2020-02-26)\" srcset=\"https:\/\/www.elturistatranquil.com\/wp-content\/uploads\/F07-Empuries-Google-earth-2020-02-26.jpg 768w, https:\/\/www.elturistatranquil.com\/wp-content\/uploads\/F07-Empuries-Google-earth-2020-02-26-339x226.jpg 339w\" sizes=\"(max-width: 768px) 100vw, 768px\" \/>\t\t\t\t\t\t\t\t\t\t\t<figcaption class=\"widget-image-caption wp-caption-text\"><\/figcaption>\n\t\t\t\t\t\t\t\t\t\t<\/figure>\n\t\t\t\t\t\t\t\t\t<\/div>\n\t\t\t\t<\/div>\n\t\t\t\t<div class=\"elementor-element elementor-element-857a131 elementor-widget elementor-widget-image\" data-id=\"857a131\" data-element_type=\"widget\" data-e-type=\"widget\" data-widget_type=\"image.default\">\n\t\t\t\t<div class=\"elementor-widget-container\">\n\t\t\t\t\t\t\t\t\t\t\t\t<figure class=\"wp-caption\">\n\t\t\t\t\t\t\t\t\t\t<img loading=\"lazy\" decoding=\"async\" width=\"768\" height=\"509\" src=\"https:\/\/www.elturistatranquil.com\/wp-content\/uploads\/F08-Colonia-griega-y-ciudad-romana-de-Empuries-Girona.jpg\" class=\"attachment-large size-large wp-image-50031\" alt=\"Colonia griega y ciudad romana de Emp\u00faries (Girona)\" srcset=\"https:\/\/www.elturistatranquil.com\/wp-content\/uploads\/F08-Colonia-griega-y-ciudad-romana-de-Empuries-Girona.jpg 768w, https:\/\/www.elturistatranquil.com\/wp-content\/uploads\/F08-Colonia-griega-y-ciudad-romana-de-Empuries-Girona-339x226.jpg 339w\" sizes=\"(max-width: 768px) 100vw, 768px\" \/>\t\t\t\t\t\t\t\t\t\t\t<figcaption class=\"widget-image-caption wp-caption-text\">Col\u00f2nia grega i ciutat romana d'Emp\u00faries (Girona)<\/figcaption>\n\t\t\t\t\t\t\t\t\t\t<\/figure>\n\t\t\t\t\t\t\t\t\t<\/div>\n\t\t\t\t<\/div>\n\t\t\t\t<div class=\"elementor-element elementor-element-e021704 elementor-widget elementor-widget-heading\" data-id=\"e021704\" data-element_type=\"widget\" data-e-type=\"widget\" data-widget_type=\"heading.default\">\n\t\t\t\t<div class=\"elementor-widget-container\">\n\t\t\t\t\t<h4 class=\"elementor-heading-title elementor-size-default\">Col\u00f2nies romanes<\/h4>\t\t\t\t<\/div>\n\t\t\t\t<\/div>\n\t\t\t\t<div class=\"elementor-element elementor-element-0d4886a elementor-widget elementor-widget-text-editor\" data-id=\"0d4886a\" data-element_type=\"widget\" data-e-type=\"widget\" data-widget_type=\"text-editor.default\">\n\t\t\t\t<div class=\"elementor-widget-container\">\n\t\t\t\t\t\t\t\t\t<p>La colonitzaci\u00f3 romana es va desenvolupar a trav\u00e9s de la creaci\u00f3 de col\u00f2nies distribu\u00efdes estrat\u00e8gicament pel territori peninsular. Una <strong>col\u00f2nia<\/strong> consistia en un assentament establert per ciutadans romans en territoris conquerits amb diversos prop\u00f2sits: la consolidaci\u00f3 del control rom\u00e0 sobre una regi\u00f3; la romanitzaci\u00f3 de la poblaci\u00f3 local i la promoci\u00f3 de la cultura i l\u2019administraci\u00f3 romanes.<\/p><p>Amb les col\u00f2nies pretenien assegurar la lleialtat de la poblaci\u00f3 local i facilitar l\u2019administraci\u00f3 de l\u2019\u00e0rea. Els colons romans que s&#8217;establien en aquestes ciutats eren generalment veterans de l&#8217;ex\u00e8rcit o ciutadans romans que buscaven oportunitats econ\u00f2miques i terres a les prov\u00edncies acabades de conquerir. Per exemple, la <em><a href=\"https:\/\/www.elturistatranquil.com\/merida-i-romana-y-visigoda-badajoz\/\" target=\"_blank\" rel=\"noopener\">Col\u00f2nia Em\u00e8rita Augusta<\/a><\/em> (M\u00e8rida) va constituir una important col\u00f2nia destinada als veterans retirats.<\/p><p>Les col\u00f2nies romanes acostumaven a tenir una estructura urbana ben planificada, amb carrers organitzats, f\u00f2rums, temples i altres edificis p\u00fablics caracter\u00edstics de l&#8217;arquitectura romana.<\/p><p>La xarxa vi\u00e0ria integral, on els ponts jugaven un paper imprescindible va consolidar l&#8217;estructura urbana peninsular que, b\u00e0sicament, ha perviscut fins a l&#8217;actualitat.<\/p>\t\t\t\t\t\t\t\t<\/div>\n\t\t\t\t<\/div>\n\t\t\t\t<div class=\"elementor-element elementor-element-014be70 elementor-widget elementor-widget-image\" data-id=\"014be70\" data-element_type=\"widget\" data-e-type=\"widget\" data-widget_type=\"image.default\">\n\t\t\t\t<div class=\"elementor-widget-container\">\n\t\t\t\t\t\t\t\t\t\t\t\t<figure class=\"wp-caption\">\n\t\t\t\t\t\t\t\t\t\t<img loading=\"lazy\" decoding=\"async\" width=\"768\" height=\"512\" src=\"https:\/\/www.elturistatranquil.com\/wp-content\/uploads\/F10-Maqueta-Emerita-Augusta.jpg\" class=\"attachment-large size-large wp-image-50033\" alt=\"Maqueta Emerita Augusta\" srcset=\"https:\/\/www.elturistatranquil.com\/wp-content\/uploads\/F10-Maqueta-Emerita-Augusta.jpg 768w, https:\/\/www.elturistatranquil.com\/wp-content\/uploads\/F10-Maqueta-Emerita-Augusta-339x226.jpg 339w\" sizes=\"(max-width: 768px) 100vw, 768px\" \/>\t\t\t\t\t\t\t\t\t\t\t<figcaption class=\"widget-image-caption wp-caption-text\">Recreaci\u00f3 de Augusta Em\u00e8rita (M\u00e9rida, Badajoz)<\/figcaption>\n\t\t\t\t\t\t\t\t\t\t<\/figure>\n\t\t\t\t\t\t\t\t\t<\/div>\n\t\t\t\t<\/div>\n\t\t\t\t<div class=\"elementor-element elementor-element-9d600c4 elementor-widget elementor-widget-image\" data-id=\"9d600c4\" data-element_type=\"widget\" data-e-type=\"widget\" data-widget_type=\"image.default\">\n\t\t\t\t<div class=\"elementor-widget-container\">\n\t\t\t\t\t\t\t\t\t\t\t\t<figure class=\"wp-caption\">\n\t\t\t\t\t\t\t\t\t\t<img loading=\"lazy\" decoding=\"async\" width=\"768\" height=\"512\" src=\"https:\/\/www.elturistatranquil.com\/wp-content\/uploads\/F11-Recreacion-de-Segobriga-Cuenca.jpg\" class=\"attachment-large size-large wp-image-50035\" alt=\"Recreacion de Segobriga (Cuenca)\" srcset=\"https:\/\/www.elturistatranquil.com\/wp-content\/uploads\/F11-Recreacion-de-Segobriga-Cuenca.jpg 768w, https:\/\/www.elturistatranquil.com\/wp-content\/uploads\/F11-Recreacion-de-Segobriga-Cuenca-339x226.jpg 339w\" sizes=\"(max-width: 768px) 100vw, 768px\" \/>\t\t\t\t\t\t\t\t\t\t\t<figcaption class=\"widget-image-caption wp-caption-text\">Recreaci\u00f3 de Seg\u00f3briga (Conca)<\/figcaption>\n\t\t\t\t\t\t\t\t\t\t<\/figure>\n\t\t\t\t\t\t\t\t\t<\/div>\n\t\t\t\t<\/div>\n\t\t\t\t<div class=\"elementor-element elementor-element-5396b81 elementor-widget elementor-widget-heading\" data-id=\"5396b81\" data-element_type=\"widget\" data-e-type=\"widget\" data-widget_type=\"heading.default\">\n\t\t\t\t<div class=\"elementor-widget-container\">\n\t\t\t\t\t<h4 class=\"elementor-heading-title elementor-size-default\">Col\u00f2nies t\u00e8xtils<\/h4>\t\t\t\t<\/div>\n\t\t\t\t<\/div>\n\t\t\t\t<div class=\"elementor-element elementor-element-b0f363b elementor-widget elementor-widget-text-editor\" data-id=\"b0f363b\" data-element_type=\"widget\" data-e-type=\"widget\" data-widget_type=\"text-editor.default\">\n\t\t\t\t<div class=\"elementor-widget-container\">\n\t\t\t\t\t\t\t\t\t<p>La seg\u00fcent vegada que veiem apar\u00e8ixer la paraula col\u00f2nia s&#8217;aplica ja al segle XIX al conjunt de <strong>col\u00f2nies t\u00e8xtils<\/strong> que es van establir al llarg de les conques dels rius Llobregat i del Ter a Catalunya. La seva localitzaci\u00f3 obeeix a aprofitar el desnivell del corrent del riu per obtenir energia hidr\u00e0ulica per moure les m\u00e0quines.<\/p><p>Es tracta d&#8217;assentaments on es reuneixen les instal\u00b7lacions de la f\u00e0brica t\u00e8xtil i els habitatges, aix\u00ed com els serveis b\u00e0sics per als treballadors i els directius amb les seves fam\u00edlies i, en nombrosos casos tamb\u00e9 la torre de l&#8217;amo, un xalet en qu\u00e8 viu a temporades el propietari. Aig\u00fces amunt del riu, una resclosa desviava un canal cap a la f\u00e0brica amb una turbina hidr\u00e0ulica per transformar l&#8217;energia hidr\u00e0ulica en cin\u00e8tica.<\/p><p>Seran entitats amb els elements indispensables per residir-hi, per\u00f2 no per formar una entitat pol\u00edtica territorial (per exemple, un municipi). La gesti\u00f3 completa de l&#8217;assentament \u00e9s \u201cpropietat\u201d de l&#8217;empresari; als pobladors nom\u00e9s els correspon treballar, allotjar-se i reproduir-se; sense cap altre dret. I quan cap membre de la fam\u00edlia treballi a l&#8217;empresa seran expulsats de l&#8217;habitatge i la col\u00f2nia. No constitueixen una entitat administrativa, sin\u00f3 que s\u00f3n unes instal\u00b7lacions m\u00e9s de les que formen la f\u00e0brica.<\/p><p>En una \u00e8poca en qu\u00e8 l&#8217;empresariat catal\u00e0 era cat\u00f2lic conservador, l&#8217;esgl\u00e9sia amb el capell\u00e0 era un element indispensable per al control de les fam\u00edlies obreres. Disposava d&#8217;economat, bar-seu social, escola prim\u00e0ria per a nens i nenes separats, i en molts casos fins i tot de teatre. Com que el treball femen\u00ed estava plenament integrat en la producci\u00f3 t\u00e8xtil, era usual trobar un convent de monges amb guarderia per als fills de les treballadores i allotjament per a les noies solteres amb la fam\u00edlia als voltants.<\/p><p>El pla urban\u00edstic duna col\u00f2nia seguia en gran mesura dos models. Un model lineal i un altre de tipus poblat.<\/p><p>Al model lineal la disposici\u00f3 de la f\u00e0brica i dels habitatges se situen longitudinalment, en paral\u00b7lel o seq\u00fcencialment. Acostuma a influir en aquesta disposici\u00f3 l&#8217;angostura de la llera del riu on s&#8217;ubiqui.<\/p><p>Algunes col\u00f2nies van arribar a tenir fins a 1.500 treballadors.<\/p>\t\t\t\t\t\t\t\t<\/div>\n\t\t\t\t<\/div>\n\t\t\t\t<div class=\"elementor-element elementor-element-444e5dd elementor-widget elementor-widget-menu-anchor\" data-id=\"444e5dd\" data-element_type=\"widget\" data-e-type=\"widget\" data-widget_type=\"menu-anchor.default\">\n\t\t\t\t<div class=\"elementor-widget-container\">\n\t\t\t\t\t\t\t<div class=\"elementor-menu-anchor\" id=\"010\"><\/div>\n\t\t\t\t\t\t<\/div>\n\t\t\t\t<\/div>\n\t\t\t\t<div class=\"elementor-element elementor-element-6bbf1c2 elementor-widget elementor-widget-image\" data-id=\"6bbf1c2\" data-element_type=\"widget\" data-e-type=\"widget\" data-widget_type=\"image.default\">\n\t\t\t\t<div class=\"elementor-widget-container\">\n\t\t\t\t\t\t\t\t\t\t\t\t<figure class=\"wp-caption\">\n\t\t\t\t\t\t\t\t\t\t<img loading=\"lazy\" decoding=\"async\" width=\"768\" height=\"512\" src=\"https:\/\/www.elturistatranquil.com\/wp-content\/uploads\/F12-Colonia-Cal-Pons-Google-earth-2023-11-29.jpg\" class=\"attachment-large size-large wp-image-50040\" alt=\"Colonia Cal Pons (Google earth 2023-11-29)\" srcset=\"https:\/\/www.elturistatranquil.com\/wp-content\/uploads\/F12-Colonia-Cal-Pons-Google-earth-2023-11-29.jpg 768w, https:\/\/www.elturistatranquil.com\/wp-content\/uploads\/F12-Colonia-Cal-Pons-Google-earth-2023-11-29-339x226.jpg 339w\" sizes=\"(max-width: 768px) 100vw, 768px\" \/>\t\t\t\t\t\t\t\t\t\t\t<figcaption class=\"widget-image-caption wp-caption-text\">Disposici\u00f3 lineal seq\u00fcencial de la Col\u00f2nia Can Pons (Puig-reig, Barcelona): a) f\u00e0brica; b) habitatges; c) cada de l'amo; d) esgl\u00e9sia; e) escoles; f) convent; g) teatre<\/figcaption>\n\t\t\t\t\t\t\t\t\t\t<\/figure>\n\t\t\t\t\t\t\t\t\t<\/div>\n\t\t\t\t<\/div>\n\t\t\t\t<div class=\"elementor-element elementor-element-2a76d89 elementor-widget elementor-widget-text-editor\" data-id=\"2a76d89\" data-element_type=\"widget\" data-e-type=\"widget\" data-widget_type=\"text-editor.default\">\n\t\t\t\t<div class=\"elementor-widget-container\">\n\t\t\t\t\t\t\t\t\t<p>Al model en <strong>poblat<\/strong>, la f\u00e0brica continua alineada amb la llera del riu, per\u00f2 la col\u00f2nia residencial s&#8217;organitza normalment al voltant d&#8217;una pla\u00e7a, configurant la forma d&#8217;un petit poble, presidit per l&#8217;esgl\u00e9sia.<\/p>\t\t\t\t\t\t\t\t<\/div>\n\t\t\t\t<\/div>\n\t\t\t\t<div class=\"elementor-element elementor-element-a637ac1 elementor-widget elementor-widget-image\" data-id=\"a637ac1\" data-element_type=\"widget\" data-e-type=\"widget\" data-widget_type=\"image.default\">\n\t\t\t\t<div class=\"elementor-widget-container\">\n\t\t\t\t\t\t\t\t\t\t\t\t<figure class=\"wp-caption\">\n\t\t\t\t\t\t\t\t\t\t<img loading=\"lazy\" decoding=\"async\" width=\"768\" height=\"512\" src=\"https:\/\/www.elturistatranquil.com\/wp-content\/uploads\/F13-Colonia-Viladomiu-Nou-Google-earth-2023-11-29.jpg\" class=\"attachment-large size-large wp-image-50042\" alt=\"Colonia Viladomiu Nou (Google earth 2023-11-29)\" srcset=\"https:\/\/www.elturistatranquil.com\/wp-content\/uploads\/F13-Colonia-Viladomiu-Nou-Google-earth-2023-11-29.jpg 768w, https:\/\/www.elturistatranquil.com\/wp-content\/uploads\/F13-Colonia-Viladomiu-Nou-Google-earth-2023-11-29-339x226.jpg 339w\" sizes=\"(max-width: 768px) 100vw, 768px\" \/>\t\t\t\t\t\t\t\t\t\t\t<figcaption class=\"widget-image-caption wp-caption-text\">Disposici\u00f3 en poblat de la Col\u00f2nia Viladomiu Nou (Gironella, Barcelona): a) f\u00e0brica; b) habitatges; c) cada de l'amo; d) esgl\u00e9sia; e) escoles; f) convent; g) teatre<\/figcaption>\n\t\t\t\t\t\t\t\t\t\t<\/figure>\n\t\t\t\t\t\t\t\t\t<\/div>\n\t\t\t\t<\/div>\n\t\t\t\t<div class=\"elementor-element elementor-element-1b95bcc elementor-widget elementor-widget-heading\" data-id=\"1b95bcc\" data-element_type=\"widget\" data-e-type=\"widget\" data-widget_type=\"heading.default\">\n\t\t\t\t<div class=\"elementor-widget-container\">\n\t\t\t\t\t<h3 class=\"elementor-heading-title elementor-size-default\">Poblat, \u201ccuartel\u201d, barri, noves poblacions<\/h3>\t\t\t\t<\/div>\n\t\t\t\t<\/div>\n\t\t\t\t<div class=\"elementor-element elementor-element-315327b elementor-widget elementor-widget-text-editor\" data-id=\"315327b\" data-element_type=\"widget\" data-e-type=\"widget\" data-widget_type=\"text-editor.default\">\n\t\t\t\t<div class=\"elementor-widget-container\">\n\t\t\t\t\t\t\t\t\t<p>A les explotacions mineres el problema que cal solucionar \u00e9s el mateix que per a les col\u00f2nies t\u00e8xtils: la necessitat d&#8217;allotjament a prop de la mina.<\/p><p>Cada \u00e0mbit territorial o cada especialitzaci\u00f3 ha donat lloc a nomenclatures diferents per al mateix \u00fas. Aix\u00ed, podem trobar denominacions com a <strong>poblat, <em>cuartel<\/em>, barri, bloc<\/strong> o la mateixa <strong>col\u00f2nia<\/strong>, segons el lloc que visitem. Caldr\u00e0 estar atent en cada cas als matisos que cadascuna hi aporta.<\/p>\t\t\t\t\t\t\t\t<\/div>\n\t\t\t\t<\/div>\n\t\t\t\t<div class=\"elementor-element elementor-element-7972660 elementor-widget elementor-widget-image\" data-id=\"7972660\" data-element_type=\"widget\" data-e-type=\"widget\" data-widget_type=\"image.default\">\n\t\t\t\t<div class=\"elementor-widget-container\">\n\t\t\t\t\t\t\t\t\t\t\t\t<figure class=\"wp-caption\">\n\t\t\t\t\t\t\t\t\t\t<img loading=\"lazy\" decoding=\"async\" width=\"768\" height=\"512\" src=\"https:\/\/www.elturistatranquil.com\/wp-content\/uploads\/F15a-Cuarteles-mineros-de-Tablao-Valle-de-Turon-Mieres-Asturias.jpg\" class=\"attachment-large size-large wp-image-50044\" alt=\"Cuarteles mineros de Tablao (Valle de Turon, Mieres, Asturias)\" srcset=\"https:\/\/www.elturistatranquil.com\/wp-content\/uploads\/F15a-Cuarteles-mineros-de-Tablao-Valle-de-Turon-Mieres-Asturias.jpg 768w, https:\/\/www.elturistatranquil.com\/wp-content\/uploads\/F15a-Cuarteles-mineros-de-Tablao-Valle-de-Turon-Mieres-Asturias-339x226.jpg 339w\" sizes=\"(max-width: 768px) 100vw, 768px\" \/>\t\t\t\t\t\t\t\t\t\t\t<figcaption class=\"widget-image-caption wp-caption-text\">\u201cCuarteles\u201d miners de Tablao (Valle de Tur\u00f3n, Mieres, Asturias)<\/figcaption>\n\t\t\t\t\t\t\t\t\t\t<\/figure>\n\t\t\t\t\t\t\t\t\t<\/div>\n\t\t\t\t<\/div>\n\t\t\t\t<div class=\"elementor-element elementor-element-aca89d1 elementor-widget elementor-widget-image\" data-id=\"aca89d1\" data-element_type=\"widget\" data-e-type=\"widget\" data-widget_type=\"image.default\">\n\t\t\t\t<div class=\"elementor-widget-container\">\n\t\t\t\t\t\t\t\t\t\t\t\t<figure class=\"wp-caption\">\n\t\t\t\t\t\t\t\t\t\t<img loading=\"lazy\" decoding=\"async\" width=\"768\" height=\"512\" src=\"https:\/\/www.elturistatranquil.com\/wp-content\/uploads\/F15b-Poblado-Diego-Perez-en-Fabero-Leon-Google-erath-2023-11-29.jpg\" class=\"attachment-large size-large wp-image-50046\" alt=\"Poblado Diego P\u00e9rez en Fabero (Le\u00f3n) (Google erath 2023-11-29)\" srcset=\"https:\/\/www.elturistatranquil.com\/wp-content\/uploads\/F15b-Poblado-Diego-Perez-en-Fabero-Leon-Google-erath-2023-11-29.jpg 768w, https:\/\/www.elturistatranquil.com\/wp-content\/uploads\/F15b-Poblado-Diego-Perez-en-Fabero-Leon-Google-erath-2023-11-29-339x226.jpg 339w\" sizes=\"(max-width: 768px) 100vw, 768px\" \/>\t\t\t\t\t\t\t\t\t\t\t<figcaption class=\"widget-image-caption wp-caption-text\">Poblat Diego P\u00e9rez a Fabero (Le\u00f3n) (Google erath 2023-11-29)<\/figcaption>\n\t\t\t\t\t\t\t\t\t\t<\/figure>\n\t\t\t\t\t\t\t\t\t<\/div>\n\t\t\t\t<\/div>\n\t\t\t\t<div class=\"elementor-element elementor-element-5335157 elementor-widget elementor-widget-heading\" data-id=\"5335157\" data-element_type=\"widget\" data-e-type=\"widget\" data-widget_type=\"heading.default\">\n\t\t\t\t<div class=\"elementor-widget-container\">\n\t\t\t\t\t<h3 class=\"elementor-heading-title elementor-size-default\">Noves poblacions<\/h3>\t\t\t\t<\/div>\n\t\t\t\t<\/div>\n\t\t\t\t<div class=\"elementor-element elementor-element-f97c5f0 elementor-widget elementor-widget-text-editor\" data-id=\"f97c5f0\" data-element_type=\"widget\" data-e-type=\"widget\" data-widget_type=\"text-editor.default\">\n\t\t\t\t<div class=\"elementor-widget-container\">\n\t\t\t\t\t\t\t\t\t<p>Torna a apar\u00e8ixer el concepte <strong>noves poblacions<\/strong> vist des de la perspectiva de programar assentaments en forma de poblacions amb entitat pr\u00f2pia. Encara que la seva estructura econ\u00f2mica es recolz\u00e9s en l&#8217;agricultura, no eren assentaments especialitzats (monofuncionals) sin\u00f3 que es constitu\u00efen com a aut\u00e8ntics pobles o llogarets, m\u00e9s o menys grans i m\u00e9s o menys independents pol\u00edticament i administrativament, organitzades en feligresies que comptaven amb llogarets.<\/p>\t\t\t\t\t\t\t\t<\/div>\n\t\t\t\t<\/div>\n\t\t\t\t<div class=\"elementor-element elementor-element-ae7b3f8 elementor-widget elementor-widget-heading\" data-id=\"ae7b3f8\" data-element_type=\"widget\" data-e-type=\"widget\" data-widget_type=\"heading.default\">\n\t\t\t\t<div class=\"elementor-widget-container\">\n\t\t\t\t\t<h3 class=\"elementor-heading-title elementor-size-default\">Urbanitzacions<\/h3>\t\t\t\t<\/div>\n\t\t\t\t<\/div>\n\t\t\t\t<div class=\"elementor-element elementor-element-af7d3f3 elementor-widget elementor-widget-text-editor\" data-id=\"af7d3f3\" data-element_type=\"widget\" data-e-type=\"widget\" data-widget_type=\"text-editor.default\">\n\t\t\t\t<div class=\"elementor-widget-container\">\n\t\t\t\t\t\t\t\t\t<p>La paraula <strong>urbanitzaci\u00f3<\/strong> t\u00e9 una primera significaci\u00f3 gen\u00e8rica que fa refer\u00e8ncia al proc\u00e9s de concentraci\u00f3 de poblaci\u00f3 en urbs o ciutats que viuen desvinculades de la producci\u00f3 agr\u00e0ria.<\/p><p>Per\u00f2, a la darrera cent\u00faria s&#8217;ha est\u00e8s l&#8217;\u00fas del terme <strong>urbanitzacions<\/strong> per designar parcel\u00b7lacions urbanes de mida relativament restringida destinades a conformar unitats residencials \u201ctancades\u201d: urbanitzacions tur\u00edstiques, de resid\u00e8ncies secund\u00e0ries, periurbanes. La idea de vedat tancat l&#8217;obtenim per la tend\u00e8ncia a atorgar-los un nom propi per distingir-les de les altres, de manera que s&#8217;atribueixen unes caracter\u00edstiques de qualitat: Solymar; Alts de la Serra, La Moraleja,\u2026. Es tracta d\u2019atorgar-los una <strong>marca<\/strong> de diferenciaci\u00f3.<\/p><p>M\u00e9s endavant apareixeran tractades des de la perspectiva funcional, per\u00f2 em semblava interessant aclarir-ne el concepte.<\/p>\t\t\t\t\t\t\t\t<\/div>\n\t\t\t\t<\/div>\n\t\t\t\t<div class=\"elementor-element elementor-element-0b9c84d elementor-widget elementor-widget-heading\" data-id=\"0b9c84d\" data-element_type=\"widget\" data-e-type=\"widget\" data-widget_type=\"heading.default\">\n\t\t\t\t<div class=\"elementor-widget-container\">\n\t\t\t\t\t<h2 class=\"elementor-heading-title elementor-size-default\">El territori com a recurs: l'explotaci\u00f3 de recursos naturals \u201cin situ\u201d<\/h2>\t\t\t\t<\/div>\n\t\t\t\t<\/div>\n\t\t\t\t<div class=\"elementor-element elementor-element-88bd0ae elementor-widget elementor-widget-text-editor\" data-id=\"88bd0ae\" data-element_type=\"widget\" data-e-type=\"widget\" data-widget_type=\"text-editor.default\">\n\t\t\t\t<div class=\"elementor-widget-container\">\n\t\t\t\t\t\t\t\t\t<p>Per a aquells elements o components de l\u2019espai geogr\u00e0fic general que es troben <strong>situats<\/strong> al territori, \u00e9s a dir, fixats en un lloc del qual no es poden despla\u00e7ar, el seu \u00fas o explotaci\u00f3 obliga a <strong>localitzar <em>in situ<\/em><\/strong> els assentaments i les instal\u00b7lacions d\u2019obtenci\u00f3.<\/p><p>Aquest condicionament de localitzaci\u00f3 territorial dona lloc a infinitat d&#8217;<strong>assentaments funcionals<\/strong>, \u00e9s a dir, adre\u00e7ats a una finalitat concreta. Cada finalitat tindr\u00e0 les formes estructurals territorials pr\u00f2pies, a m\u00e9s d\u2019adaptades a les caracter\u00edstiques de cada lloc.<\/p><p>En la mesura que els assentaments requereixen unes construccions espec\u00edfiques, podrem recon\u00e8ixer sobre el terreny a quina funci\u00f3 estan destinades cadascuna, segons l&#8217;estructura de l&#8217;assentament o les edificacions.<\/p><p>Vegem quins s\u00f3n els recursos naturals que han donat lloc a assentaments funcionals.<\/p>\t\t\t\t\t\t\t\t<\/div>\n\t\t\t\t<\/div>\n\t\t\t\t<div class=\"elementor-element elementor-element-1b0d8ff elementor-widget elementor-widget-heading\" data-id=\"1b0d8ff\" data-element_type=\"widget\" data-e-type=\"widget\" data-widget_type=\"heading.default\">\n\t\t\t\t<div class=\"elementor-widget-container\">\n\t\t\t\t\t<h3 class=\"elementor-heading-title elementor-size-default\">Recursos agraris i expansi\u00f3 del regadiu<\/h3>\t\t\t\t<\/div>\n\t\t\t\t<\/div>\n\t\t\t\t<div class=\"elementor-element elementor-element-8547cd0 elementor-widget elementor-widget-text-editor\" data-id=\"8547cd0\" data-element_type=\"widget\" data-e-type=\"widget\" data-widget_type=\"text-editor.default\">\n\t\t\t\t<div class=\"elementor-widget-container\">\n\t\t\t\t\t\t\t\t\t<p>L&#8217;<strong>explotaci\u00f3 agr\u00e0ria<\/strong> del s\u00f2l \u00e9s a l&#8217;origen de la distribuci\u00f3 dels primers assentaments espontanis de poblaci\u00f3.<\/p><p>De mica en mica, es van configurant assentaments rurals diferenciats segons el tipus de producci\u00f3 i el rendiment que es busca obtenir a cada lloc: generalista de subsist\u00e8ncia; extensiva; intensiva; de sec\u00e0; de regadiu; de muntanya; de pla; agr\u00edcola; ramadera; silv\u00edcola; pesquera. Alhora, cadascuna d&#8217;aquestes amb especialitzacions concretes: cerealistes, vin\u00edcoles; ramaderia ovina; ramaderia porcina, i un llarg etc\u00e8tera.<\/p><p>La necessitat de poblaci\u00f3 treballadora agr\u00e0ria ser\u00e0 directament proporcional a nivell d&#8217;intensitat d&#8217;\u00fas del s\u00f2l i inversament proporcional al grau de mecanitzaci\u00f3 aplicat per a la producci\u00f3.<\/p><p>L&#8217;expansi\u00f3 del <strong>regadiu<\/strong> implicar\u00e0 transformacions d&#8217;una agricultura extensiva a una intensiva i, d&#8217;altra banda, posar en explotaci\u00f3 s\u00f2ls abans improductius o de rendiments baixos, amb necessitats de for\u00e7a de treball diferents.<\/p>\t\t\t\t\t\t\t\t<\/div>\n\t\t\t\t<\/div>\n\t\t\t\t<div class=\"elementor-element elementor-element-326082b elementor-widget elementor-widget-image\" data-id=\"326082b\" data-element_type=\"widget\" data-e-type=\"widget\" data-widget_type=\"image.default\">\n\t\t\t\t<div class=\"elementor-widget-container\">\n\t\t\t\t\t\t\t\t\t\t\t\t<figure class=\"wp-caption\">\n\t\t\t\t\t\t\t\t\t\t<img loading=\"lazy\" decoding=\"async\" width=\"768\" height=\"512\" src=\"https:\/\/www.elturistatranquil.com\/wp-content\/uploads\/F16-Canal-de-los-Monegros-Huesca.jpg\" class=\"attachment-large size-large wp-image-50048\" alt=\"Canal de los Monegros (Huesca)\" srcset=\"https:\/\/www.elturistatranquil.com\/wp-content\/uploads\/F16-Canal-de-los-Monegros-Huesca.jpg 768w, https:\/\/www.elturistatranquil.com\/wp-content\/uploads\/F16-Canal-de-los-Monegros-Huesca-339x226.jpg 339w\" sizes=\"(max-width: 768px) 100vw, 768px\" \/>\t\t\t\t\t\t\t\t\t\t\t<figcaption class=\"widget-image-caption wp-caption-text\">Canal de Monegros (Osca)<\/figcaption>\n\t\t\t\t\t\t\t\t\t\t<\/figure>\n\t\t\t\t\t\t\t\t\t<\/div>\n\t\t\t\t<\/div>\n\t\t\t\t<div class=\"elementor-element elementor-element-6542e37 elementor-widget elementor-widget-text-editor\" data-id=\"6542e37\" data-element_type=\"widget\" data-e-type=\"widget\" data-widget_type=\"text-editor.default\">\n\t\t\t\t<div class=\"elementor-widget-container\">\n\t\t\t\t\t\t\t\t\t<p>En aquest cas, el poblament \u00e9s estable i es localitza repartit per l&#8217;espai agrari de forma concentrada o a\u00efllada.<\/p>\t\t\t\t\t\t\t\t<\/div>\n\t\t\t\t<\/div>\n\t\t\t\t<div class=\"elementor-element elementor-element-1e4db14 elementor-widget elementor-widget-image\" data-id=\"1e4db14\" data-element_type=\"widget\" data-e-type=\"widget\" data-widget_type=\"image.default\">\n\t\t\t\t<div class=\"elementor-widget-container\">\n\t\t\t\t\t\t\t\t\t\t\t\t<figure class=\"wp-caption\">\n\t\t\t\t\t\t\t\t\t\t<img loading=\"lazy\" decoding=\"async\" width=\"768\" height=\"511\" src=\"https:\/\/www.elturistatranquil.com\/wp-content\/uploads\/F17-Novelda-de-Guadiana-Badajoz.jpg\" class=\"attachment-large size-large wp-image-50053\" alt=\"Novelda de Guadiana, Badajoz\" srcset=\"https:\/\/www.elturistatranquil.com\/wp-content\/uploads\/F17-Novelda-de-Guadiana-Badajoz.jpg 768w, https:\/\/www.elturistatranquil.com\/wp-content\/uploads\/F17-Novelda-de-Guadiana-Badajoz-339x226.jpg 339w\" sizes=\"(max-width: 768px) 100vw, 768px\" \/>\t\t\t\t\t\t\t\t\t\t\t<figcaption class=\"widget-image-caption wp-caption-text\">Poblat de colonitzaci\u00f3 agr\u00e0ria de Novelda de Guadiana (Badajoz)<\/figcaption>\n\t\t\t\t\t\t\t\t\t\t<\/figure>\n\t\t\t\t\t\t\t\t\t<\/div>\n\t\t\t\t<\/div>\n\t\t\t\t<div class=\"elementor-element elementor-element-6a190b4 elementor-widget elementor-widget-image\" data-id=\"6a190b4\" data-element_type=\"widget\" data-e-type=\"widget\" data-widget_type=\"image.default\">\n\t\t\t\t<div class=\"elementor-widget-container\">\n\t\t\t\t\t\t\t\t\t\t\t\t<figure class=\"wp-caption\">\n\t\t\t\t\t\t\t\t\t\t<img loading=\"lazy\" decoding=\"async\" width=\"768\" height=\"433\" src=\"https:\/\/www.elturistatranquil.com\/wp-content\/uploads\/F18-Maqueta-de-Sodeto-Huesca.jpg\" class=\"attachment-large size-large wp-image-50055\" alt=\"Maqueta de Sodeto (Huesca)\" srcset=\"https:\/\/www.elturistatranquil.com\/wp-content\/uploads\/F18-Maqueta-de-Sodeto-Huesca.jpg 768w, https:\/\/www.elturistatranquil.com\/wp-content\/uploads\/F18-Maqueta-de-Sodeto-Huesca-339x191.jpg 339w\" sizes=\"(max-width: 768px) 100vw, 768px\" \/>\t\t\t\t\t\t\t\t\t\t\t<figcaption class=\"widget-image-caption wp-caption-text\">Maqueta de Sodeto (Osca), poblat de colonitzaci\u00f3 agr\u00e0ria amb la distribuci\u00f3 de les plantes de cada casa<\/figcaption>\n\t\t\t\t\t\t\t\t\t\t<\/figure>\n\t\t\t\t\t\t\t\t\t<\/div>\n\t\t\t\t<\/div>\n\t\t\t\t<div class=\"elementor-element elementor-element-35cac21 elementor-widget elementor-widget-heading\" data-id=\"35cac21\" data-element_type=\"widget\" data-e-type=\"widget\" data-widget_type=\"heading.default\">\n\t\t\t\t<div class=\"elementor-widget-container\">\n\t\t\t\t\t<h3 class=\"elementor-heading-title elementor-size-default\">Altres tipus d'assentaments<\/h3>\t\t\t\t<\/div>\n\t\t\t\t<\/div>\n\t\t\t\t<div class=\"elementor-element elementor-element-2873c0b elementor-widget elementor-widget-text-editor\" data-id=\"2873c0b\" data-element_type=\"widget\" data-e-type=\"widget\" data-widget_type=\"text-editor.default\">\n\t\t\t\t<div class=\"elementor-widget-container\">\n\t\t\t\t\t\t\t\t\t<p>En un dels meus recorreguts em vaig topar amb un assentament molt interessant. A la serra d&#8217;Albarras\u00ed (Terol) s&#8217;aprofitava la resina del pi roig. Aix\u00f2 va portar a construir el conjunt <strong>Casa de los Resineros<\/strong>, que ja est\u00e0 fora d&#8217;\u00fas (Coordenades: 40\u00b016&#8217;16.6&#8243;N 1\u00b018&#8217;54.4&#8243;W). \u00c9s molt possible que amagats en altres llocs hi hagi assentaments semblants per resoldre l&#8217;aprofitament de recursos naturals d&#8217;una zona espec\u00edfica.<\/p>\t\t\t\t\t\t\t\t<\/div>\n\t\t\t\t<\/div>\n\t\t\t\t<div class=\"elementor-element elementor-element-ea04e5f elementor-widget elementor-widget-image\" data-id=\"ea04e5f\" data-element_type=\"widget\" data-e-type=\"widget\" data-widget_type=\"image.default\">\n\t\t\t\t<div class=\"elementor-widget-container\">\n\t\t\t\t\t\t\t\t\t\t\t\t<figure class=\"wp-caption\">\n\t\t\t\t\t\t\t\t\t\t<img loading=\"lazy\" decoding=\"async\" width=\"768\" height=\"512\" src=\"https:\/\/www.elturistatranquil.com\/wp-content\/uploads\/F19-Casas-de-los-Resineros-en-la-Sierra-de-Albarracin.jpg\" class=\"attachment-large size-large wp-image-50057\" alt=\"Casas de los Resineros en la Sierra de Albarracin\" srcset=\"https:\/\/www.elturistatranquil.com\/wp-content\/uploads\/F19-Casas-de-los-Resineros-en-la-Sierra-de-Albarracin.jpg 768w, https:\/\/www.elturistatranquil.com\/wp-content\/uploads\/F19-Casas-de-los-Resineros-en-la-Sierra-de-Albarracin-339x226.jpg 339w\" sizes=\"(max-width: 768px) 100vw, 768px\" \/>\t\t\t\t\t\t\t\t\t\t\t<figcaption class=\"widget-image-caption wp-caption-text\">Casas de los Resineros a la Serra d'Albarras\u00ed<\/figcaption>\n\t\t\t\t\t\t\t\t\t\t<\/figure>\n\t\t\t\t\t\t\t\t\t<\/div>\n\t\t\t\t<\/div>\n\t\t\t\t<div class=\"elementor-element elementor-element-8b0d76b elementor-widget elementor-widget-heading\" data-id=\"8b0d76b\" data-element_type=\"widget\" data-e-type=\"widget\" data-widget_type=\"heading.default\">\n\t\t\t\t<div class=\"elementor-widget-container\">\n\t\t\t\t\t<h3 class=\"elementor-heading-title elementor-size-default\">Recursos marins<\/h3>\t\t\t\t<\/div>\n\t\t\t\t<\/div>\n\t\t\t\t<div class=\"elementor-element elementor-element-74530d4 elementor-widget elementor-widget-text-editor\" data-id=\"74530d4\" data-element_type=\"widget\" data-e-type=\"widget\" data-widget_type=\"text-editor.default\">\n\t\t\t\t<div class=\"elementor-widget-container\">\n\t\t\t\t\t\t\t\t\t<p>La <strong>pesca mar\u00edtima<\/strong> imposa un primer condicionant d&#8217;assentament a la l\u00ednia de costa al costat del mar.<\/p><p>La <strong>pesca litoral<\/strong> comportar\u00e0 la creaci\u00f3 de barris mar\u00edtims o ports pesquers de petit calat. Mentre que la <strong>pesca d&#8217;altura<\/strong> necessitar\u00e0 ports de m\u00e9s calat.<\/p><p>Encara es conserven alguns ports pesquers, encara que la majoria molt afectats per instal\u00b7lacions n\u00e0utiques esportives, mentre que el turisme de platja ha arrasat els barris mar\u00edtims de pescadors.<\/p>\t\t\t\t\t\t\t\t<\/div>\n\t\t\t\t<\/div>\n\t\t\t\t<div class=\"elementor-element elementor-element-684a83e elementor-widget elementor-widget-image\" data-id=\"684a83e\" data-element_type=\"widget\" data-e-type=\"widget\" data-widget_type=\"image.default\">\n\t\t\t\t<div class=\"elementor-widget-container\">\n\t\t\t\t\t\t\t\t\t\t\t\t<figure class=\"wp-caption\">\n\t\t\t\t\t\t\t\t\t\t<img loading=\"lazy\" decoding=\"async\" width=\"768\" height=\"457\" src=\"https:\/\/www.elturistatranquil.com\/wp-content\/uploads\/F20-Calella-de-Palafrugell-Girona-puerto-de-pescadores-historico-Fuente-Associacio-de-Veins-i-Amics-de-Calella-de-Palafrugell.jpg\" class=\"attachment-large size-large wp-image-50059\" alt=\"Calella de Palafrugell (Girona) puerto de pescadores historico (Fuente Associaci\u00f3 de Ve\u00efns i Amics de Calella de Palafrugell)\" srcset=\"https:\/\/www.elturistatranquil.com\/wp-content\/uploads\/F20-Calella-de-Palafrugell-Girona-puerto-de-pescadores-historico-Fuente-Associacio-de-Veins-i-Amics-de-Calella-de-Palafrugell.jpg 768w, https:\/\/www.elturistatranquil.com\/wp-content\/uploads\/F20-Calella-de-Palafrugell-Girona-puerto-de-pescadores-historico-Fuente-Associacio-de-Veins-i-Amics-de-Calella-de-Palafrugell-339x202.jpg 339w\" sizes=\"(max-width: 768px) 100vw, 768px\" \/>\t\t\t\t\t\t\t\t\t\t\t<figcaption class=\"widget-image-caption wp-caption-text\"><em>Calella de Palafrugell (Girona) port de pescadors hist\u00f2rico (Font: <\/em><a href=\"http:\/\/www.calelladepalafrugell.cat\/calella-de-palafrugell\/albums-de-fotos\/19-algunes-imatges-antigues-de-calella\" target=\"_blank\" rel=\"noopener\">Associaci\u00f3 de Ve\u00efns i Amics de Calella de Palafrugell<\/a>)<\/figcaption>\n\t\t\t\t\t\t\t\t\t\t<\/figure>\n\t\t\t\t\t\t\t\t\t<\/div>\n\t\t\t\t<\/div>\n\t\t\t\t<div class=\"elementor-element elementor-element-c4a4ceb elementor-widget elementor-widget-image\" data-id=\"c4a4ceb\" data-element_type=\"widget\" data-e-type=\"widget\" data-widget_type=\"image.default\">\n\t\t\t\t<div class=\"elementor-widget-container\">\n\t\t\t\t\t\t\t\t\t\t\t\t<figure class=\"wp-caption\">\n\t\t\t\t\t\t\t\t\t\t<img loading=\"lazy\" decoding=\"async\" width=\"768\" height=\"512\" src=\"https:\/\/www.elturistatranquil.com\/wp-content\/uploads\/F21-Puerto-de-Malpica-de-Bergantinos-A-Coruna.jpg\" class=\"attachment-large size-large wp-image-50061\" alt=\"Puerto de Malpica de Berganti\u00f1os (A Coru\u00f1a)\" srcset=\"https:\/\/www.elturistatranquil.com\/wp-content\/uploads\/F21-Puerto-de-Malpica-de-Bergantinos-A-Coruna.jpg 768w, https:\/\/www.elturistatranquil.com\/wp-content\/uploads\/F21-Puerto-de-Malpica-de-Bergantinos-A-Coruna-339x226.jpg 339w\" sizes=\"(max-width: 768px) 100vw, 768px\" \/>\t\t\t\t\t\t\t\t\t\t\t<figcaption class=\"widget-image-caption wp-caption-text\">Port de Malpica de Berganti\u00f1os (A Coru\u00f1a)<\/figcaption>\n\t\t\t\t\t\t\t\t\t\t<\/figure>\n\t\t\t\t\t\t\t\t\t<\/div>\n\t\t\t\t<\/div>\n\t\t\t\t<div class=\"elementor-element elementor-element-1ef7f08 elementor-widget elementor-widget-heading\" data-id=\"1ef7f08\" data-element_type=\"widget\" data-e-type=\"widget\" data-widget_type=\"heading.default\">\n\t\t\t\t<div class=\"elementor-widget-container\">\n\t\t\t\t\t<h3 class=\"elementor-heading-title elementor-size-default\">Recursos geol\u00f2gics<\/h3>\t\t\t\t<\/div>\n\t\t\t\t<\/div>\n\t\t\t\t<div class=\"elementor-element elementor-element-3b7416b elementor-widget elementor-widget-text-editor\" data-id=\"3b7416b\" data-element_type=\"widget\" data-e-type=\"widget\" data-widget_type=\"text-editor.default\">\n\t\t\t\t<div class=\"elementor-widget-container\">\n\t\t\t\t\t\t\t\t\t<p>Altres recursos molt apreciats s\u00f3n els <strong>geol\u00f2gics<\/strong> en forma de <strong>minerals i pedreres<\/strong>.<\/p><p>Fixem-nos que va ser sobre la base de la mineria que es van definir les primeres etapes de l&#8217;evoluci\u00f3 de la humanitat: Edat del Bronze i Edat del Ferro.<\/p><p>L&#8217;explotaci\u00f3 i l&#8217;intercanvi de minerals va estar a la base del primer comer\u00e7 que podr\u00edem anomenar \u201cinternacional\u201d. Per exemple, les col\u00f2nies fen\u00edcies del sud peninsular van estar molt relacionades amb les potencialitats mineres de la zona.<\/p><p>La situaci\u00f3 generalment a\u00efllada de les explotacions mineres va comportar la necessitat d&#8217;habilitar habitatges per als treballadors al costat de la mina, donant lloc a poblats, barris, casernes, etc\u00e8tera ja esmentats.<\/p>\t\t\t\t\t\t\t\t<\/div>\n\t\t\t\t<\/div>\n\t\t\t\t<div class=\"elementor-element elementor-element-a643af3 elementor-widget elementor-widget-image\" data-id=\"a643af3\" data-element_type=\"widget\" data-e-type=\"widget\" data-widget_type=\"image.default\">\n\t\t\t\t<div class=\"elementor-widget-container\">\n\t\t\t\t\t\t\t\t\t\t\t\t<figure class=\"wp-caption\">\n\t\t\t\t\t\t\t\t\t\t<img loading=\"lazy\" decoding=\"async\" width=\"768\" height=\"511\" src=\"https:\/\/www.elturistatranquil.com\/wp-content\/uploads\/F22-Minas-de-Almaden-Ciudad-Real.jpg\" class=\"attachment-large size-large wp-image-50066\" alt=\"Minas de Almad\u00e9n (Ciudad Real)\" srcset=\"https:\/\/www.elturistatranquil.com\/wp-content\/uploads\/F22-Minas-de-Almaden-Ciudad-Real.jpg 768w, https:\/\/www.elturistatranquil.com\/wp-content\/uploads\/F22-Minas-de-Almaden-Ciudad-Real-339x226.jpg 339w\" sizes=\"(max-width: 768px) 100vw, 768px\" \/>\t\t\t\t\t\t\t\t\t\t\t<figcaption class=\"widget-image-caption wp-caption-text\">Mines de Almad\u00e9n amb l'esgl\u00e9sia de la poblaci\u00f3 per sobre<\/figcaption>\n\t\t\t\t\t\t\t\t\t\t<\/figure>\n\t\t\t\t\t\t\t\t\t<\/div>\n\t\t\t\t<\/div>\n\t\t\t\t<div class=\"elementor-element elementor-element-dbc1bf2 elementor-widget elementor-widget-text-editor\" data-id=\"dbc1bf2\" data-element_type=\"widget\" data-e-type=\"widget\" data-widget_type=\"text-editor.default\">\n\t\t\t\t<div class=\"elementor-widget-container\">\n\t\t\t\t\t\t\t\t\t<p>Els recursos geol\u00f2gics m\u00e9s caracter\u00edstics de la Pen\u00ednsula correspondrien a la <strong>mineria<\/strong>, <strong>pedreres<\/strong> i <strong>cimenteres<\/strong>.<\/p>\t\t\t\t\t\t\t\t<\/div>\n\t\t\t\t<\/div>\n\t\t\t\t<div class=\"elementor-element elementor-element-e21e657 elementor-widget elementor-widget-image\" data-id=\"e21e657\" data-element_type=\"widget\" data-e-type=\"widget\" data-widget_type=\"image.default\">\n\t\t\t\t<div class=\"elementor-widget-container\">\n\t\t\t\t\t\t\t\t\t\t\t\t<figure class=\"wp-caption\">\n\t\t\t\t\t\t\t\t\t\t<img loading=\"lazy\" decoding=\"async\" width=\"768\" height=\"512\" src=\"https:\/\/www.elturistatranquil.com\/wp-content\/uploads\/F23-Mina-de-Cercs-Barcelona.jpg\" class=\"attachment-large size-large wp-image-50068\" alt=\"Mina de Cercs (Barcelona)\" srcset=\"https:\/\/www.elturistatranquil.com\/wp-content\/uploads\/F23-Mina-de-Cercs-Barcelona.jpg 768w, https:\/\/www.elturistatranquil.com\/wp-content\/uploads\/F23-Mina-de-Cercs-Barcelona-339x226.jpg 339w\" sizes=\"(max-width: 768px) 100vw, 768px\" \/>\t\t\t\t\t\t\t\t\t\t\t<figcaption class=\"widget-image-caption wp-caption-text\">Mina de Cercs (Barcelona)<\/figcaption>\n\t\t\t\t\t\t\t\t\t\t<\/figure>\n\t\t\t\t\t\t\t\t\t<\/div>\n\t\t\t\t<\/div>\n\t\t\t\t<div class=\"elementor-element elementor-element-484c238 elementor-widget elementor-widget-heading\" data-id=\"484c238\" data-element_type=\"widget\" data-e-type=\"widget\" data-widget_type=\"heading.default\">\n\t\t\t\t<div class=\"elementor-widget-container\">\n\t\t\t\t\t<h3 class=\"elementor-heading-title elementor-size-default\">L'aigua com a recurs: com a l\u00edquid i com a energia<\/h3>\t\t\t\t<\/div>\n\t\t\t\t<\/div>\n\t\t\t\t<div class=\"elementor-element elementor-element-d71acbf elementor-widget elementor-widget-text-editor\" data-id=\"d71acbf\" data-element_type=\"widget\" data-e-type=\"widget\" data-widget_type=\"text-editor.default\">\n\t\t\t\t<div class=\"elementor-widget-container\">\n\t\t\t\t\t\t\t\t\t<p>L\u2019<strong>aigua<\/strong> \u00e9s un altre dels elements fonamentals d\u2019explotaci\u00f3.<\/p><p>En aquest cas, la fixaci\u00f3 territorial per al seu \u00fas i\/o consum pot venir acompanyada de les potencialitats que ofereix la seva mobilitzaci\u00f3 com a fluid: b\u00e9 canalitzant-la per despla\u00e7ar-la fins a un lloc de consum (hum\u00e0 o agr\u00edcola); b\u00e9 per aprofitar el seu potencial com a recurs energ\u00e8tic cin\u00e8tic.<\/p><p>Els rius determinen la situaci\u00f3 geogr\u00e0fica del recurs; dins d&#8217;uns marges territorials, els <strong>canals<\/strong>, les <strong>s\u00e8quies<\/strong> i els <strong>aq\u00fceductes<\/strong> permeten modificar el curs de l&#8217;aigua cap a llocs programats.<\/p>\t\t\t\t\t\t\t\t<\/div>\n\t\t\t\t<\/div>\n\t\t\t\t<div class=\"elementor-element elementor-element-a17677a elementor-widget elementor-widget-image\" data-id=\"a17677a\" data-element_type=\"widget\" data-e-type=\"widget\" data-widget_type=\"image.default\">\n\t\t\t\t<div class=\"elementor-widget-container\">\n\t\t\t\t\t\t\t\t\t\t\t\t<figure class=\"wp-caption\">\n\t\t\t\t\t\t\t\t\t\t<img loading=\"lazy\" decoding=\"async\" width=\"768\" height=\"511\" src=\"https:\/\/www.elturistatranquil.com\/wp-content\/uploads\/F24-Acequia-en-Tierra-de-Merida-Vegas-Bajas-Badajoz.jpg\" class=\"attachment-large size-large wp-image-50070\" alt=\"Acequia en Tierra de Merida-Vegas Bajas (Badajoz)\" srcset=\"https:\/\/www.elturistatranquil.com\/wp-content\/uploads\/F24-Acequia-en-Tierra-de-Merida-Vegas-Bajas-Badajoz.jpg 768w, https:\/\/www.elturistatranquil.com\/wp-content\/uploads\/F24-Acequia-en-Tierra-de-Merida-Vegas-Bajas-Badajoz-339x226.jpg 339w\" sizes=\"(max-width: 768px) 100vw, 768px\" \/>\t\t\t\t\t\t\t\t\t\t\t<figcaption class=\"widget-image-caption wp-caption-text\">Una s\u00e8quia a Tierra de M\u00e9rida-Vegas Bajas (Badajoz)<\/figcaption>\n\t\t\t\t\t\t\t\t\t\t<\/figure>\n\t\t\t\t\t\t\t\t\t<\/div>\n\t\t\t\t<\/div>\n\t\t\t\t<div class=\"elementor-element elementor-element-dcc4c11 elementor-widget elementor-widget-text-editor\" data-id=\"dcc4c11\" data-element_type=\"widget\" data-e-type=\"widget\" data-widget_type=\"text-editor.default\">\n\t\t\t\t<div class=\"elementor-widget-container\">\n\t\t\t\t\t\t\t\t\t<p>Els romans van ensenyar a construir <strong>canals i aq\u00fceductes<\/strong>; els \u00e0rabs van expandir el <strong>regadiu<\/strong>. Des d&#8217;antic els <strong>molins hidr\u00e0ulics <\/strong>al costat dels rius havien perm\u00e8s construir <strong>molins fariners<\/strong>. Per\u00f2 ser\u00e0 a partir del segle XIX que la industrialitzaci\u00f3 expandir\u00e0 les possibilitats energ\u00e8tiques: <strong>ind\u00fastries t\u00e8xtils o qu\u00edmiques<\/strong> a cursos fluvials; grans <strong>embassaments i centrals hidroel\u00e8ctriques<\/strong>, o com a refrigerant per a les <strong>centrals nuclears<\/strong>.<\/p>\t\t\t\t\t\t\t\t<\/div>\n\t\t\t\t<\/div>\n\t\t\t\t<div class=\"elementor-element elementor-element-b50ba58 elementor-widget elementor-widget-image\" data-id=\"b50ba58\" data-element_type=\"widget\" data-e-type=\"widget\" data-widget_type=\"image.default\">\n\t\t\t\t<div class=\"elementor-widget-container\">\n\t\t\t\t\t\t\t\t\t\t\t\t<figure class=\"wp-caption\">\n\t\t\t\t\t\t\t\t\t\t<img loading=\"lazy\" decoding=\"async\" width=\"768\" height=\"511\" src=\"https:\/\/www.elturistatranquil.com\/wp-content\/uploads\/F25-Acueducto-romano-de-los-Milagros-Merida-Badajoz.jpg\" class=\"attachment-large size-large wp-image-50072\" alt=\"Acueducto romano de los Milagros (Merida, Badajoz)\" srcset=\"https:\/\/www.elturistatranquil.com\/wp-content\/uploads\/F25-Acueducto-romano-de-los-Milagros-Merida-Badajoz.jpg 768w, https:\/\/www.elturistatranquil.com\/wp-content\/uploads\/F25-Acueducto-romano-de-los-Milagros-Merida-Badajoz-339x226.jpg 339w\" sizes=\"(max-width: 768px) 100vw, 768px\" \/>\t\t\t\t\t\t\t\t\t\t\t<figcaption class=\"widget-image-caption wp-caption-text\">Aq\u00fceducte rom\u00e0 de los Milagros (M\u00e9rida, Badajoz)<\/figcaption>\n\t\t\t\t\t\t\t\t\t\t<\/figure>\n\t\t\t\t\t\t\t\t\t<\/div>\n\t\t\t\t<\/div>\n\t\t\t\t<div class=\"elementor-element elementor-element-c7eb6f1 elementor-widget elementor-widget-image\" data-id=\"c7eb6f1\" data-element_type=\"widget\" data-e-type=\"widget\" data-widget_type=\"image.default\">\n\t\t\t\t<div class=\"elementor-widget-container\">\n\t\t\t\t\t\t\t\t\t\t\t\t<figure class=\"wp-caption\">\n\t\t\t\t\t\t\t\t\t\t<img loading=\"lazy\" decoding=\"async\" width=\"768\" height=\"512\" src=\"https:\/\/www.elturistatranquil.com\/wp-content\/uploads\/F26-Esclusa-de-la-colonia-textil-Can-Vidal-Puig-reig-Barcelona.jpg\" class=\"attachment-large size-large wp-image-50074\" alt=\"Esclusa de la colonia textil Can Vidal (Puig-reig, Barcelona\" srcset=\"https:\/\/www.elturistatranquil.com\/wp-content\/uploads\/F26-Esclusa-de-la-colonia-textil-Can-Vidal-Puig-reig-Barcelona.jpg 768w, https:\/\/www.elturistatranquil.com\/wp-content\/uploads\/F26-Esclusa-de-la-colonia-textil-Can-Vidal-Puig-reig-Barcelona-339x226.jpg 339w\" sizes=\"(max-width: 768px) 100vw, 768px\" \/>\t\t\t\t\t\t\t\t\t\t\t<figcaption class=\"widget-image-caption wp-caption-text\">Resclosa de la col\u00f2nia t\u00e8xtil Can Vidal (Puig-reig, Barcelona). L'aigua retinguda per la resclosa \u00e9s desviada cap al canal d'alimentaci\u00f3 de la turbina hidr\u00e0ulica que transmet el moviment rotatori a la maquin\u00e0ria<\/figcaption>\n\t\t\t\t\t\t\t\t\t\t<\/figure>\n\t\t\t\t\t\t\t\t\t<\/div>\n\t\t\t\t<\/div>\n\t\t\t\t<div class=\"elementor-element elementor-element-f0a49d9 elementor-widget elementor-widget-image\" data-id=\"f0a49d9\" data-element_type=\"widget\" data-e-type=\"widget\" data-widget_type=\"image.default\">\n\t\t\t\t<div class=\"elementor-widget-container\">\n\t\t\t\t\t\t\t\t\t\t\t\t<figure class=\"wp-caption\">\n\t\t\t\t\t\t\t\t\t\t<img loading=\"lazy\" decoding=\"async\" width=\"768\" height=\"512\" src=\"https:\/\/www.elturistatranquil.com\/wp-content\/uploads\/F27-Embalse-de-Cavallers.-La-Vall-de-Boi-Lleida.jpg\" class=\"attachment-large size-large wp-image-50079\" alt=\"Embalse de Cavallers. La Vall de Bo\u00ed (Lleida)\" srcset=\"https:\/\/www.elturistatranquil.com\/wp-content\/uploads\/F27-Embalse-de-Cavallers.-La-Vall-de-Boi-Lleida.jpg 768w, https:\/\/www.elturistatranquil.com\/wp-content\/uploads\/F27-Embalse-de-Cavallers.-La-Vall-de-Boi-Lleida-339x226.jpg 339w\" sizes=\"(max-width: 768px) 100vw, 768px\" \/>\t\t\t\t\t\t\t\t\t\t\t<figcaption class=\"widget-image-caption wp-caption-text\">Embasament de Cavallers. La Vall de Bo\u00ed (Lleida)<\/figcaption>\n\t\t\t\t\t\t\t\t\t\t<\/figure>\n\t\t\t\t\t\t\t\t\t<\/div>\n\t\t\t\t<\/div>\n\t\t\t\t<div class=\"elementor-element elementor-element-7340f14 elementor-widget elementor-widget-heading\" data-id=\"7340f14\" data-element_type=\"widget\" data-e-type=\"widget\" data-widget_type=\"heading.default\">\n\t\t\t\t<div class=\"elementor-widget-container\">\n\t\t\t\t\t<h3 class=\"elementor-heading-title elementor-size-default\">Altres recursos energ\u00e8tics renovables: energia e\u00f2lica i energia solar<\/h3>\t\t\t\t<\/div>\n\t\t\t\t<\/div>\n\t\t\t\t<div class=\"elementor-element elementor-element-86267e4 elementor-widget elementor-widget-text-editor\" data-id=\"86267e4\" data-element_type=\"widget\" data-e-type=\"widget\" data-widget_type=\"text-editor.default\">\n\t\t\t\t<div class=\"elementor-widget-container\">\n\t\t\t\t\t\t\t\t\t<p>A m\u00e9s de l&#8217;aigua, la natura aporta altres recursos energ\u00e8tics renovables. Des d&#8217;antic, s&#8217;han constru\u00eft <strong>molins de vent<\/strong> per ser usats a la molta de cereals. Es troben a tota la Pen\u00ednsula, amb formes variades, per\u00f2 tots sota el mateix principi de funcionament. Altres vegades s&#8217;han aplicat per a l&#8217;elevaci\u00f3 d&#8217;aigua subterr\u00e0nia destinats al regadiu de petites parcel\u00b7les. En els darrers decennis s&#8217;han expandit els <strong>parcs e\u00f2lics<\/strong> que sobresurten al paisatge de les zones elevades exposades a vents intensos i relativament constants.<\/p>\t\t\t\t\t\t\t\t<\/div>\n\t\t\t\t<\/div>\n\t\t\t\t<div class=\"elementor-element elementor-element-bf2332c elementor-widget elementor-widget-image\" data-id=\"bf2332c\" data-element_type=\"widget\" data-e-type=\"widget\" data-widget_type=\"image.default\">\n\t\t\t\t<div class=\"elementor-widget-container\">\n\t\t\t\t\t\t\t\t\t\t\t\t<figure class=\"wp-caption\">\n\t\t\t\t\t\t\t\t\t\t<img loading=\"lazy\" decoding=\"async\" width=\"768\" height=\"512\" src=\"https:\/\/www.elturistatranquil.com\/wp-content\/uploads\/F28-Parque-eolico-en-Tierra-de-Campos-Palencia.jpg\" class=\"attachment-large size-large wp-image-50081\" alt=\"Parque e\u00f3lico en Tierra de Campos (Palencia)\" srcset=\"https:\/\/www.elturistatranquil.com\/wp-content\/uploads\/F28-Parque-eolico-en-Tierra-de-Campos-Palencia.jpg 768w, https:\/\/www.elturistatranquil.com\/wp-content\/uploads\/F28-Parque-eolico-en-Tierra-de-Campos-Palencia-339x226.jpg 339w\" sizes=\"(max-width: 768px) 100vw, 768px\" \/>\t\t\t\t\t\t\t\t\t\t\t<figcaption class=\"widget-image-caption wp-caption-text\">Parc e\u00f2lic a Tierra de Campos (Palencia)<\/figcaption>\n\t\t\t\t\t\t\t\t\t\t<\/figure>\n\t\t\t\t\t\t\t\t\t<\/div>\n\t\t\t\t<\/div>\n\t\t\t\t<div class=\"elementor-element elementor-element-469c3d7 elementor-widget elementor-widget-text-editor\" data-id=\"469c3d7\" data-element_type=\"widget\" data-e-type=\"widget\" data-widget_type=\"text-editor.default\">\n\t\t\t\t<div class=\"elementor-widget-container\">\n\t\t\t\t\t\t\t\t\t<p>Aprofitant les condicions clim\u00e0tiques de la pen\u00ednsula, una de les darreres incorporacions s\u00f3n els <strong>parcs solars<\/strong>. Grans extensions ocupades per receptors d\u2019energia solar per convertir-la en energia t\u00e8rmica o el\u00e8ctrica (fotovoltaica). Sense tenir en compte la proliferaci\u00f3 de plaques solars a les teulades dels nuclis urbans.<\/p><p>Des del punt de vista que aqu\u00ed ens interessa, el seu impacte com a generadors de poblament \u00e9s esc\u00e0s, ja que necessiten poca m\u00e0 d&#8217;obra per al seu manteniment malgrat ocupar grans superf\u00edcies de s\u00f2l.<\/p>\t\t\t\t\t\t\t\t<\/div>\n\t\t\t\t<\/div>\n\t\t\t\t<div class=\"elementor-element elementor-element-df8bcb5 elementor-widget elementor-widget-image\" data-id=\"df8bcb5\" data-element_type=\"widget\" data-e-type=\"widget\" data-widget_type=\"image.default\">\n\t\t\t\t<div class=\"elementor-widget-container\">\n\t\t\t\t\t\t\t\t\t\t\t\t<figure class=\"wp-caption\">\n\t\t\t\t\t\t\t\t\t\t<img loading=\"lazy\" decoding=\"async\" width=\"768\" height=\"512\" src=\"https:\/\/www.elturistatranquil.com\/wp-content\/uploads\/F29-Central-termosolar-La-Dehesa-La-Garrovilla-Badajoz-Google-earth-2023-11-18.jpg\" class=\"attachment-large size-large wp-image-50083\" alt=\"Central termosolar La Dehesa (La Garrovilla, Badajoz) (Google-earth-2023-11-18)\" srcset=\"https:\/\/www.elturistatranquil.com\/wp-content\/uploads\/F29-Central-termosolar-La-Dehesa-La-Garrovilla-Badajoz-Google-earth-2023-11-18.jpg 768w, https:\/\/www.elturistatranquil.com\/wp-content\/uploads\/F29-Central-termosolar-La-Dehesa-La-Garrovilla-Badajoz-Google-earth-2023-11-18-339x226.jpg 339w\" sizes=\"(max-width: 768px) 100vw, 768px\" \/>\t\t\t\t\t\t\t\t\t\t\t<figcaption class=\"widget-image-caption wp-caption-text\">(Google earth 2023-11-18)<\/figcaption>\n\t\t\t\t\t\t\t\t\t\t<\/figure>\n\t\t\t\t\t\t\t\t\t<\/div>\n\t\t\t\t<\/div>\n\t\t\t\t<div class=\"elementor-element elementor-element-141628c elementor-widget elementor-widget-image\" data-id=\"141628c\" data-element_type=\"widget\" data-e-type=\"widget\" data-widget_type=\"image.default\">\n\t\t\t\t<div class=\"elementor-widget-container\">\n\t\t\t\t\t\t\t\t\t\t\t\t<figure class=\"wp-caption\">\n\t\t\t\t\t\t\t\t\t\t<img loading=\"lazy\" decoding=\"async\" width=\"768\" height=\"511\" src=\"https:\/\/www.elturistatranquil.com\/wp-content\/uploads\/F30-Central-termosolar-La-Dehesa-La-Garrovilla-Badajoz.jpg\" class=\"attachment-large size-large wp-image-50085\" alt=\"Central termosolar La Dehesa (La Garrovilla, Badajoz)\" srcset=\"https:\/\/www.elturistatranquil.com\/wp-content\/uploads\/F30-Central-termosolar-La-Dehesa-La-Garrovilla-Badajoz.jpg 768w, https:\/\/www.elturistatranquil.com\/wp-content\/uploads\/F30-Central-termosolar-La-Dehesa-La-Garrovilla-Badajoz-339x226.jpg 339w\" sizes=\"(max-width: 768px) 100vw, 768px\" \/>\t\t\t\t\t\t\t\t\t\t\t<figcaption class=\"widget-image-caption wp-caption-text\">Central termosolar La Dehesa (La Garrovilla, Badajoz) que podem comparar amb les menors dimensions que ocupa la poblaci\u00f3 de Esparragalejo, amb 1.480 habitants (2022) <\/figcaption>\n\t\t\t\t\t\t\t\t\t\t<\/figure>\n\t\t\t\t\t\t\t\t\t<\/div>\n\t\t\t\t<\/div>\n\t\t\t\t<div class=\"elementor-element elementor-element-d0d085b elementor-widget elementor-widget-heading\" data-id=\"d0d085b\" data-element_type=\"widget\" data-e-type=\"widget\" data-widget_type=\"heading.default\">\n\t\t\t\t<div class=\"elementor-widget-container\">\n\t\t\t\t\t<h3 class=\"elementor-heading-title elementor-size-default\">Activitats industrials vinculades a recursos naturals<\/h3>\t\t\t\t<\/div>\n\t\t\t\t<\/div>\n\t\t\t\t<div class=\"elementor-element elementor-element-22f5f27 elementor-widget elementor-widget-text-editor\" data-id=\"22f5f27\" data-element_type=\"widget\" data-e-type=\"widget\" data-widget_type=\"text-editor.default\">\n\t\t\t\t<div class=\"elementor-widget-container\">\n\t\t\t\t\t\t\t\t\t<p>Algunes unitats o nuclis fabrils de transformaci\u00f3 es desenvolupen <strong>vinculats a la transformaci\u00f3 de recursos naturals de l\u2019entorn<\/strong>. La mineria assumeix el car\u00e0cter d\u2019activitat sobre la qual s\u2019articulen ind\u00fastries sidero-metal\u00b7l\u00fargiques i metal\u00b7l\u00fargiques. O l&#8217;energia cin\u00e8tica de l&#8217;aigua en el cas de col\u00f2nies t\u00e8xtils a Catalunya. El mateix per a les centrals hidroel\u00e8ctriques o certes ind\u00fastries qu\u00edmiques que necessitin aigua.<\/p>\t\t\t\t\t\t\t\t<\/div>\n\t\t\t\t<\/div>\n\t\t\t\t<div class=\"elementor-element elementor-element-c68c8f8 elementor-widget elementor-widget-image\" data-id=\"c68c8f8\" data-element_type=\"widget\" data-e-type=\"widget\" data-widget_type=\"image.default\">\n\t\t\t\t<div class=\"elementor-widget-container\">\n\t\t\t\t\t\t\t\t\t\t\t\t<figure class=\"wp-caption\">\n\t\t\t\t\t\t\t\t\t\t<img loading=\"lazy\" decoding=\"async\" width=\"768\" height=\"512\" src=\"https:\/\/www.elturistatranquil.com\/wp-content\/uploads\/F31-Entrada-a-la-fabrica-de-canones-de-La-Cavada-Cantabria.jpg\" class=\"attachment-large size-large wp-image-50087\" alt=\"Entrada a la fabrica de ca\u00f1ones de La Cavada (Cantabria)\" srcset=\"https:\/\/www.elturistatranquil.com\/wp-content\/uploads\/F31-Entrada-a-la-fabrica-de-canones-de-La-Cavada-Cantabria.jpg 768w, https:\/\/www.elturistatranquil.com\/wp-content\/uploads\/F31-Entrada-a-la-fabrica-de-canones-de-La-Cavada-Cantabria-339x226.jpg 339w\" sizes=\"(max-width: 768px) 100vw, 768px\" \/>\t\t\t\t\t\t\t\t\t\t\t<figcaption class=\"widget-image-caption wp-caption-text\">Entrada a la f\u00e0brica de canons de La Cavada (Cant\u00e0bria)<\/figcaption>\n\t\t\t\t\t\t\t\t\t\t<\/figure>\n\t\t\t\t\t\t\t\t\t<\/div>\n\t\t\t\t<\/div>\n\t\t\t\t<div class=\"elementor-element elementor-element-66efa6a elementor-widget elementor-widget-text-editor\" data-id=\"66efa6a\" data-element_type=\"widget\" data-e-type=\"widget\" data-widget_type=\"text-editor.default\">\n\t\t\t\t<div class=\"elementor-widget-container\">\n\t\t\t\t\t\t\t\t\t<p>En diversos casos la <strong>proximitat al mar<\/strong> \u00e9s el factor natural condicionant, com les drassanes, o poden ser pol\u00edgons petroqu\u00edmics per al desembarcament dels productes petroliers com a mat\u00e8ria primera.<\/p>\t\t\t\t\t\t\t\t<\/div>\n\t\t\t\t<\/div>\n\t\t\t\t<div class=\"elementor-element elementor-element-9ca4845 elementor-widget elementor-widget-image\" data-id=\"9ca4845\" data-element_type=\"widget\" data-e-type=\"widget\" data-widget_type=\"image.default\">\n\t\t\t\t<div class=\"elementor-widget-container\">\n\t\t\t\t\t\t\t\t\t\t\t\t<figure class=\"wp-caption\">\n\t\t\t\t\t\t\t\t\t\t<img loading=\"lazy\" decoding=\"async\" width=\"768\" height=\"512\" src=\"https:\/\/www.elturistatranquil.com\/wp-content\/uploads\/F32-Astillero-Armon-Gijon-Asturias-Foto-Astillero-Armon.jpg\" class=\"attachment-large size-large wp-image-50092\" alt=\"Astillero Armon (Gijon, Asturias) (Foto Astillero Armon)\" srcset=\"https:\/\/www.elturistatranquil.com\/wp-content\/uploads\/F32-Astillero-Armon-Gijon-Asturias-Foto-Astillero-Armon.jpg 768w, https:\/\/www.elturistatranquil.com\/wp-content\/uploads\/F32-Astillero-Armon-Gijon-Asturias-Foto-Astillero-Armon-339x226.jpg 339w\" sizes=\"(max-width: 768px) 100vw, 768px\" \/>\t\t\t\t\t\t\t\t\t\t\t<figcaption class=\"widget-image-caption wp-caption-text\"><em>Dra\u00e7ana Armon (Gij\u00f3n, Asturias) (Foto: <a href=\"https:\/\/www.astillerosarmon.com\/es\/\" target=\"_blank\" rel=\"noopener\">Astillero Armon<\/a>)<\/em><\/figcaption>\n\t\t\t\t\t\t\t\t\t\t<\/figure>\n\t\t\t\t\t\t\t\t\t<\/div>\n\t\t\t\t<\/div>\n\t\t\t\t<div class=\"elementor-element elementor-element-3f1c8ea elementor-widget elementor-widget-heading\" data-id=\"3f1c8ea\" data-element_type=\"widget\" data-e-type=\"widget\" data-widget_type=\"heading.default\">\n\t\t\t\t<div class=\"elementor-widget-container\">\n\t\t\t\t\t<h3 class=\"elementor-heading-title elementor-size-default\">Explotaci\u00f3 de recursos paisatg\u00edstic clim\u00e0tics<\/h3>\t\t\t\t<\/div>\n\t\t\t\t<\/div>\n\t\t\t\t<div class=\"elementor-element elementor-element-e32025d elementor-widget elementor-widget-text-editor\" data-id=\"e32025d\" data-element_type=\"widget\" data-e-type=\"widget\" data-widget_type=\"text-editor.default\">\n\t\t\t\t<div class=\"elementor-widget-container\">\n\t\t\t\t\t\t\t\t\t<p>El paisatge i les condicions clim\u00e0tiques combinat amb la disponibilitat per part de les fam\u00edlies de temps i recursos econ\u00f2mics, ha portat a crear assentaments poblacionals estacionals, fins i tot permanent, a zones del territori que permeten el gaudi de l&#8217;entorn, la natura i el paisatge, en temporades estacionals dins de cada cicle anual.<\/p><p>La combinaci\u00f3 <strong>mar\/muntanya<\/strong> amb <strong>clima\/Sol\/neu<\/strong> s&#8217;ha convertit en font de recursos naturals capa\u00e7os d&#8217;incentivar assentaments de construcci\u00f3 permanent, encara que nom\u00e9s siguin aprofitats estacionalment. Per a la Pen\u00ednsula (i en aquest cas tamb\u00e9 de manera molt especial en els conjunts insulars), la varietat de paisatges i zones clim\u00e0tiques ofereix una gran diversitat de possibilitats en aquest sentit, amb l&#8217;explosi\u00f3 del turisme.<\/p><p>Hi insistirem en tractar de les \u201curbanitzacions\u201d.<\/p>\t\t\t\t\t\t\t\t<\/div>\n\t\t\t\t<\/div>\n\t\t\t\t<div class=\"elementor-element elementor-element-ff8e5fe elementor-widget elementor-widget-image\" data-id=\"ff8e5fe\" data-element_type=\"widget\" data-e-type=\"widget\" data-widget_type=\"image.default\">\n\t\t\t\t<div class=\"elementor-widget-container\">\n\t\t\t\t\t\t\t\t\t\t\t\t<figure class=\"wp-caption\">\n\t\t\t\t\t\t\t\t\t\t<img loading=\"lazy\" decoding=\"async\" width=\"768\" height=\"512\" src=\"https:\/\/www.elturistatranquil.com\/wp-content\/uploads\/F33a-Cerler-Benasque-Huesca.-Foto-Heraldo-de-Aragon.jpg\" class=\"attachment-large size-large wp-image-50094\" alt=\"Cerler (Benasque, Huesca). (Foto Heraldo de Aragon)\" srcset=\"https:\/\/www.elturistatranquil.com\/wp-content\/uploads\/F33a-Cerler-Benasque-Huesca.-Foto-Heraldo-de-Aragon.jpg 768w, https:\/\/www.elturistatranquil.com\/wp-content\/uploads\/F33a-Cerler-Benasque-Huesca.-Foto-Heraldo-de-Aragon-339x226.jpg 339w\" sizes=\"(max-width: 768px) 100vw, 768px\" \/>\t\t\t\t\t\t\t\t\t\t\t<figcaption class=\"widget-image-caption wp-caption-text\"><em>Cerler (Benasque, Osca). (Foto: <a href=\"https:\/\/imagenes.heraldo.es\/files\/image_990_v3\/uploads\/imagenes\/2017\/12\/19\/_cerlerdsc1606_77b53870.jpg\" target=\"_blank\" rel=\"noopener\">Heraldo de Arag\u00f3n<\/a>)<\/em><\/figcaption>\n\t\t\t\t\t\t\t\t\t\t<\/figure>\n\t\t\t\t\t\t\t\t\t<\/div>\n\t\t\t\t<\/div>\n\t\t\t\t<div class=\"elementor-element elementor-element-c6b3463 elementor-widget elementor-widget-heading\" data-id=\"c6b3463\" data-element_type=\"widget\" data-e-type=\"widget\" data-widget_type=\"heading.default\">\n\t\t\t\t<div class=\"elementor-widget-container\">\n\t\t\t\t\t<h2 class=\"elementor-heading-title elementor-size-default\">El s\u00f2l com a suport de les activitats fabrils<\/h2>\t\t\t\t<\/div>\n\t\t\t\t<\/div>\n\t\t\t\t<div class=\"elementor-element elementor-element-f1ffd08 elementor-widget elementor-widget-text-editor\" data-id=\"f1ffd08\" data-element_type=\"widget\" data-e-type=\"widget\" data-widget_type=\"text-editor.default\">\n\t\t\t\t<div class=\"elementor-widget-container\">\n\t\t\t\t\t\t\t\t\t<p>Nombroses activitats humanes per desenvolupar-se nom\u00e9s necessiten aprofitar de l&#8217;espai-territori la seva condici\u00f3 de suport &#8211;<strong>espai suport<\/strong>&#8211; per assentar-hi a la seva vida i les seves activitats: habitatge, despla\u00e7aments, construccions, manufactures, etc.<\/p><p>\u00c9s molt important constatar que el s\u00f2l suport es pot crear i multiplicar, cosa que no \u00e9s possible amb l\u2019espai com a recurs. Sobre una unitat de territori multiplicarem la seva superf\u00edcie per cada pis que hi constru\u00efm, en altura o subterr\u00e0niament, ja que cada nivell duplica la superf\u00edcie territorial que ocupa, cosa que permet la densificaci\u00f3 de les ciutats.<\/p><p>Aquesta ser\u00e0 una de les possibilitats que la industrialitzaci\u00f3 anir\u00e0 introduint a partir del segle XVIII en relaci\u00f3 amb la societat agr\u00edcola precedent.<\/p><p>Si a aix\u00f2 li acompanyem que la ind\u00fastria i els serveis permeten econ\u00f2micament un \u00fas m\u00e9s intensiu, es podr\u00e0 acollir m\u00e9s treballadors, alhora que incrementar la producci\u00f3 i els beneficis.<\/p><p>Davant l&#8217;activitat prim\u00e0ria agr\u00edcola, on s&#8217;explota el s\u00f2l com a recurs de forma extensiva, les activitats fabrils s&#8217;implantaran en unitats productives territorialment concentrades (tallers, f\u00e0briques, factories, etc.) i de localitzaci\u00f3 aleat\u00f2ria que nom\u00e9s cal disposar de <strong>s\u00f2l com a suport<\/strong> per a les instal\u00b7lacions. La condici\u00f3 ser\u00e0 garantir que a cada unitat productiva es reuneixin els factors productius necessaris procedents de l&#8217;exterior, propers o llunyans, segons el tipus d&#8217;activitat a desenvolupar.<\/p><p>El que continua sent de proximitat imprescindible s\u00f3n els recursos humans, els treballadors, ja que seran emprats di\u00e0riament al llarg de l&#8217;any, i cal minimitzar el temps de trasllat des del domicili i la fatiga del despla\u00e7ament perqu\u00e8 puguin ser ocupats el m\u00e0xim d&#8217;hores di\u00e0ries i amb el m\u00e0xim rendiment.<\/p><p>Aix\u00f2 tindr\u00e0 com a conseq\u00fc\u00e8ncia que l&#8217;assentament dels treballadors i les seves fam\u00edlies s&#8217;hagi de situar tan a prop com sigui possible de la factoria. Al costat d&#8217;una poblaci\u00f3 ja existent, o creant barris, poblats o col\u00f2nies ex prof\u00e9s al costat de les f\u00e0briques.<\/p><p>En certa mesura, el <strong>teletreball <\/strong>pot canviar parcialment aquesta situaci\u00f3 per a produccions que no requereixin manipular materials f\u00edsics. El teletreball aconsegueix que l&#8217;habitatge i el lloc de treball poden arribar a confondre&#8217;s. Per\u00f2 tamb\u00e9 creant centres de <strong><em>coworking<\/em><\/strong> allunyats dels centres productius.<\/p><p>Davant la disminuci\u00f3 de les poblacions rurals, on la mecanitzaci\u00f3 agr\u00e0ria ha anat fent innecessaris moltes de les tasques agr\u00edcoles, els municipis poden optar per introduir espai suport industrial construint <strong>pol\u00edgons industrials<\/strong>, amb l&#8217;expectativa de retenir poblaci\u00f3. El teletreball obre una altra finestra d\u2019oportunitat en aquest mateix sentit.<\/p><p>Entre les activitats fabrils en general podem distingir com a m\u00ednim tres grans usos del territori.<\/p>\t\t\t\t\t\t\t\t<\/div>\n\t\t\t\t<\/div>\n\t\t\t\t<div class=\"elementor-element elementor-element-b718fe8 elementor-widget elementor-widget-heading\" data-id=\"b718fe8\" data-element_type=\"widget\" data-e-type=\"widget\" data-widget_type=\"heading.default\">\n\t\t\t\t<div class=\"elementor-widget-container\">\n\t\t\t\t\t<h3 class=\"elementor-heading-title elementor-size-default\">Ind\u00fastria urbana i pol\u00edgons industrials<\/h3>\t\t\t\t<\/div>\n\t\t\t\t<\/div>\n\t\t\t\t<div class=\"elementor-element elementor-element-30183af elementor-widget elementor-widget-text-editor\" data-id=\"30183af\" data-element_type=\"widget\" data-e-type=\"widget\" data-widget_type=\"text-editor.default\">\n\t\t\t\t<div class=\"elementor-widget-container\">\n\t\t\t\t\t\t\t\t\t<p>Quan es tracta d\u2019activitats de transformaci\u00f3 desvinculades del lloc d\u2019obtenci\u00f3 de la mat\u00e8ria primera, tendeixen a localitzar-se en <strong>nuclis de poblaci\u00f3 ja existents <\/strong>que els proporcionin la m\u00e0 d\u2019obra o que ofereixin disponibilitat d\u2019habitatges. En una primera etapa, com a ind\u00fastries intersticidiades al nucli urb\u00e0. Els problemes ambientals generats per la ind\u00fastria urbana van provocar el despla\u00e7ament gradual de les ind\u00fastries cap a <strong>pol\u00edgons<\/strong> o zones industrials a l&#8217;entorn periurb\u00e0.<\/p><p>Amb la progressiva desindustrialitzaci\u00f3, la figura del pol\u00edgon industrial han anat evolucionant a la denominaci\u00f3 m\u00e9s gen\u00e8rica del <strong>pol\u00edgon empresarial<\/strong>, en general, amb un gran pes de les activitats d&#8217;emmagatzematge i log\u00edstiques.<\/p>\t\t\t\t\t\t\t\t<\/div>\n\t\t\t\t<\/div>\n\t\t\t\t<div class=\"elementor-element elementor-element-a4acede elementor-widget elementor-widget-image\" data-id=\"a4acede\" data-element_type=\"widget\" data-e-type=\"widget\" data-widget_type=\"image.default\">\n\t\t\t\t<div class=\"elementor-widget-container\">\n\t\t\t\t\t\t\t\t\t\t\t\t<figure class=\"wp-caption\">\n\t\t\t\t\t\t\t\t\t\t<img loading=\"lazy\" decoding=\"async\" width=\"768\" height=\"512\" src=\"https:\/\/www.elturistatranquil.com\/wp-content\/uploads\/F33b-Poligono-industrial-junto-a-Berga-Barcelona.jpg\" class=\"attachment-large size-large wp-image-50096\" alt=\"Pol\u00edgono industrial junto a Berga (Barcelona)\" srcset=\"https:\/\/www.elturistatranquil.com\/wp-content\/uploads\/F33b-Poligono-industrial-junto-a-Berga-Barcelona.jpg 768w, https:\/\/www.elturistatranquil.com\/wp-content\/uploads\/F33b-Poligono-industrial-junto-a-Berga-Barcelona-339x226.jpg 339w\" sizes=\"(max-width: 768px) 100vw, 768px\" \/>\t\t\t\t\t\t\t\t\t\t\t<figcaption class=\"widget-image-caption wp-caption-text\">Pol\u00edgon industrial al costat de Berga (Barcelona)<\/figcaption>\n\t\t\t\t\t\t\t\t\t\t<\/figure>\n\t\t\t\t\t\t\t\t\t<\/div>\n\t\t\t\t<\/div>\n\t\t\t\t<div class=\"elementor-element elementor-element-a285c8c elementor-widget elementor-widget-heading\" data-id=\"a285c8c\" data-element_type=\"widget\" data-e-type=\"widget\" data-widget_type=\"heading.default\">\n\t\t\t\t<div class=\"elementor-widget-container\">\n\t\t\t\t\t<h3 class=\"elementor-heading-title elementor-size-default\">Disponibilitat de s\u00f2l susceptible de transformaci\u00f3 en s\u00f2l industrial<\/h3>\t\t\t\t<\/div>\n\t\t\t\t<\/div>\n\t\t\t\t<div class=\"elementor-element elementor-element-75682a9 elementor-widget elementor-widget-text-editor\" data-id=\"75682a9\" data-element_type=\"widget\" data-e-type=\"widget\" data-widget_type=\"text-editor.default\">\n\t\t\t\t<div class=\"elementor-widget-container\">\n\t\t\t\t\t\t\t\t\t<p>Un altre criteri de localitzaci\u00f3 pot ser la <strong>disponibilitat de s\u00f2l<\/strong> susceptible de ser transformat en s\u00f2l industrial, encara que es debilit\u00e9s la vinculaci\u00f3 amb un nucli urb\u00e0. Per exemple, les f\u00e0briques de muntatge d&#8217;autom\u00f2bils Ford a Almussafes (Val\u00e8ncia) i Opel a Figueruelas (Saragossa).<\/p>\t\t\t\t\t\t\t\t<\/div>\n\t\t\t\t<\/div>\n\t\t\t\t<div class=\"elementor-element elementor-element-e22b027 elementor-widget elementor-widget-image\" data-id=\"e22b027\" data-element_type=\"widget\" data-e-type=\"widget\" data-widget_type=\"image.default\">\n\t\t\t\t<div class=\"elementor-widget-container\">\n\t\t\t\t\t\t\t\t\t\t\t\t<figure class=\"wp-caption\">\n\t\t\t\t\t\t\t\t\t\t<img loading=\"lazy\" decoding=\"async\" width=\"768\" height=\"512\" src=\"https:\/\/www.elturistatranquil.com\/wp-content\/uploads\/F34-Fabrica-de-automoviles-Opel-Figueruelas-Zaragoza.jpg\" class=\"attachment-large size-large wp-image-50098\" alt=\"Fabrica de automoviles Opel, Figueruelas (Zaragoza)\" srcset=\"https:\/\/www.elturistatranquil.com\/wp-content\/uploads\/F34-Fabrica-de-automoviles-Opel-Figueruelas-Zaragoza.jpg 768w, https:\/\/www.elturistatranquil.com\/wp-content\/uploads\/F34-Fabrica-de-automoviles-Opel-Figueruelas-Zaragoza-339x226.jpg 339w\" sizes=\"(max-width: 768px) 100vw, 768px\" \/>\t\t\t\t\t\t\t\t\t\t\t<figcaption class=\"widget-image-caption wp-caption-text\">F\u00e0brica d'autom\u00f2bils Opel (actual Stellantis) al costat de la localitat de Figueruelas (Saragossa) a la part superior (Google earth 2023-11-18)<\/figcaption>\n\t\t\t\t\t\t\t\t\t\t<\/figure>\n\t\t\t\t\t\t\t\t\t<\/div>\n\t\t\t\t<\/div>\n\t\t\t\t<div class=\"elementor-element elementor-element-514a899 elementor-widget elementor-widget-heading\" data-id=\"514a899\" data-element_type=\"widget\" data-e-type=\"widget\" data-widget_type=\"heading.default\">\n\t\t\t\t<div class=\"elementor-widget-container\">\n\t\t\t\t\t<h3 class=\"elementor-heading-title elementor-size-default\">Allunyades de nuclis urbans per ra\u00f3 del seu impacte mediambiental<\/h3>\t\t\t\t<\/div>\n\t\t\t\t<\/div>\n\t\t\t\t<div class=\"elementor-element elementor-element-a552370 elementor-widget elementor-widget-text-editor\" data-id=\"a552370\" data-element_type=\"widget\" data-e-type=\"widget\" data-widget_type=\"text-editor.default\">\n\t\t\t\t<div class=\"elementor-widget-container\">\n\t\t\t\t\t\t\t\t\t<p>Cert tipus d&#8217;ind\u00fastries molestes, perilloses o contaminants es considera convenient allunyar-les de nuclis urbans per ra\u00f3 del seu <strong>impacte mediambiental<\/strong>: ind\u00fastries qu\u00edmiques, de fabricaci\u00f3 de vidre, etc.<\/p>\t\t\t\t\t\t\t\t<\/div>\n\t\t\t\t<\/div>\n\t\t\t\t<div class=\"elementor-element elementor-element-d675e47 elementor-widget elementor-widget-heading\" data-id=\"d675e47\" data-element_type=\"widget\" data-e-type=\"widget\" data-widget_type=\"heading.default\">\n\t\t\t\t<div class=\"elementor-widget-container\">\n\t\t\t\t\t<h2 class=\"elementor-heading-title elementor-size-default\">Vinculats a l'\u00fas i control social del territori<\/h2>\t\t\t\t<\/div>\n\t\t\t\t<\/div>\n\t\t\t\t<div class=\"elementor-element elementor-element-179b205 elementor-widget elementor-widget-text-editor\" data-id=\"179b205\" data-element_type=\"widget\" data-e-type=\"widget\" data-widget_type=\"text-editor.default\">\n\t\t\t\t<div class=\"elementor-widget-container\">\n\t\t\t\t\t\t\t\t\t<p>La confrontaci\u00f3 entre poders pol\u00edtics i les concepcions ideol\u00f2giques, i particularment les religioses d&#8217;una societat, han precisat a cada moment hist\u00f2ric dotar-se d&#8217;instruments territorials per assolir els seus objectius. En massa casos a trav\u00e9s d&#8217;enfrontaments cruents entre elles (que han generat conflictes armats i guerres interminables), per apropiar-se del territori, fins arribar finalment a l&#8217;organitzaci\u00f3 dels estats.<\/p><p>Per conquerir i\/o defensar cada territori pol\u00edtic, i per articular-lo funcionalment als interessos dins de les relacions de poder, s&#8217;han anat aplicant una s\u00e8rie de tipus d&#8217;assentament programat, alguns que s&#8217;han mantingut en totes les circumst\u00e0ncies hist\u00f2riques, d&#8217;altres propis de cada etapa.<\/p>\t\t\t\t\t\t\t\t<\/div>\n\t\t\t\t<\/div>\n\t\t\t\t<div class=\"elementor-element elementor-element-f1df489 elementor-widget elementor-widget-heading\" data-id=\"f1df489\" data-element_type=\"widget\" data-e-type=\"widget\" data-widget_type=\"heading.default\">\n\t\t\t\t<div class=\"elementor-widget-container\">\n\t\t\t\t\t<h3 class=\"elementor-heading-title elementor-size-default\">Ciutats i xarxa urbana<\/h3>\t\t\t\t<\/div>\n\t\t\t\t<\/div>\n\t\t\t\t<div class=\"elementor-element elementor-element-25e55c5 elementor-widget elementor-widget-text-editor\" data-id=\"25e55c5\" data-element_type=\"widget\" data-e-type=\"widget\" data-widget_type=\"text-editor.default\">\n\t\t\t\t<div class=\"elementor-widget-container\">\n\t\t\t\t\t\t\t\t\t<p>La <strong>xarxa de ciutats<\/strong>, convenientment jerarquitzada, constitueix una de les formes d&#8217;assentament sempre presents.<\/p><p>Perqu\u00e8 quedi perfectament clars i establerts els l\u00edmits del territori de pertinen\u00e7a es van anar desenvolupant les <strong>fronteres<\/strong> i els <strong>l\u00edmits de propietat<\/strong>. Primer amb l\u00edmits difusos i, progressivament amb l\u00edmits exactes i precisos, b\u00e9 a trav\u00e9s de la seva delimitaci\u00f3 per pactes pol\u00edtics, b\u00e9 a trav\u00e9s de les donacions rals o les escriptures de propietat.<\/p><p>Un dels efectes colonitzadors de Roma sobre els seus territoris va ser la creaci\u00f3 d&#8217;una xarxa de ciutats perfectament comunicades entre si i amb la capital imperial, aix\u00ed com la divisi\u00f3 en prov\u00edncies amb l\u00edmits definits de tot l&#8217;Imperi.<\/p><p>Aquesta xarxa d&#8217;assentament rom\u00e0 va ser tan important que veiem com s&#8217;ha mantingut a la seva estructura fonamental fins als nostres dies, per sobre dels diversos grups colonitzadors que s&#8217;han succe\u00eft en aquests m\u00e9s de dos mil anys.<\/p>\t\t\t\t\t\t\t\t<\/div>\n\t\t\t\t<\/div>\n\t\t\t\t<div class=\"elementor-element elementor-element-1cd95d5 elementor-widget elementor-widget-heading\" data-id=\"1cd95d5\" data-element_type=\"widget\" data-e-type=\"widget\" data-widget_type=\"heading.default\">\n\t\t\t\t<div class=\"elementor-widget-container\">\n\t\t\t\t\t<h3 class=\"elementor-heading-title elementor-size-default\">Els castells i fortaleses<\/h3>\t\t\t\t<\/div>\n\t\t\t\t<\/div>\n\t\t\t\t<div class=\"elementor-element elementor-element-74fd56d elementor-widget elementor-widget-text-editor\" data-id=\"74fd56d\" data-element_type=\"widget\" data-e-type=\"widget\" data-widget_type=\"text-editor.default\">\n\t\t\t\t<div class=\"elementor-widget-container\">\n\t\t\t\t\t\t\t\t\t<p>El <strong>castell<\/strong> i la <strong>fortalesa<\/strong> va ser un efica\u00e7 instrument d&#8217;assentament programat per defensar i, si escau, ampliar les fronteres, aix\u00ed com per articular l&#8217;estructura de poder interior. Aquest instrument va ser usat pels reis, aix\u00ed com pels senyors en la defensa dels seus senyorius.<\/p><p>El castell constitueix un instrument funcional que es va aplicar a cada moment i lloc amb finalitats espec\u00edfiques durant una etapa hist\u00f2rica, encara que actualment sigui un instrument en des\u00fas, per\u00f2 que va deixar una notable empremta.<\/p><p>En el proc\u00e9s hist\u00f2ric d&#8217;evoluci\u00f3 de les funcions dels castells i les fortaleses les primeres van tenir una <strong>funci\u00f3 militar defensiu-ofensiva<\/strong>, on la localitzaci\u00f3 vindria determinada per les necessitats estrat\u00e8giques militars. Les fronteres i el seu despla\u00e7ament van anar ampliant la franja territorial dels regnes cristians a la Pen\u00ednsula.<\/p><p>Amb el despla\u00e7ament cap al sud, cada castell que veia allunyar-se la frontera perdia gran part del paper militar. Els que van subsistir es convertiran en el centre d&#8217;organitzaci\u00f3 del territori circumdant i de concentraci\u00f3 econ\u00f2mica, especialment a trav\u00e9s de la captaci\u00f3 dels diferents tipus d&#8217;impostos.<\/p><p>Finalment, l&#8217;evoluci\u00f3 de la societat estamental va convertir el castell en la figura culminant del que es podria qualificar de <strong>frontera vertical<\/strong>. El castell representar\u00e0 el s\u00edmbol i la manifestaci\u00f3 material del poder del senyor (del rei, de la noblesa, dels bisbes o de les Ordes Militars). Per\u00f2 tamb\u00e9 va exercir el seu paper en la delimitaci\u00f3 de fronteres internes entre senyorius, que es va saldar massa vegades amb conflictes armats entre ells. En resum: poder, control i conflictes interclassistes.<\/p><p>Concretant, <a href=\"https:\/\/www.elturistatranquil.com\/ca\/els-castells-medievals-a-espanya-tipologies\/#b1203\" target=\"_blank\" rel=\"noopener\">segons la seva funci\u00f3<\/a> podem establir els diferents tipus de castell que van existir: castells de frontera (exterior o interior); castells de repoblaci\u00f3-consolidaci\u00f3; castell-convent; castell palau residencial o castell senyorial i els recintes emmurallats (amb castell o sense).<\/p><p>Tot i la p\u00e8rdua de funci\u00f3 dels castells, les seves restes i les de les fortificacions, constitueixen un dels grans atractius del turisme cultural i s\u00f3n potenciats com a recurs d&#8217;atracci\u00f3 de visitants.<\/p>\t\t\t\t\t\t\t\t<\/div>\n\t\t\t\t<\/div>\n\t\t\t\t<div class=\"elementor-element elementor-element-4c60ec9 elementor-widget elementor-widget-image\" data-id=\"4c60ec9\" data-element_type=\"widget\" data-e-type=\"widget\" data-widget_type=\"image.default\">\n\t\t\t\t<div class=\"elementor-widget-container\">\n\t\t\t\t\t\t\t\t\t\t\t\t<figure class=\"wp-caption\">\n\t\t\t\t\t\t\t\t\t\t<img loading=\"lazy\" decoding=\"async\" width=\"768\" height=\"511\" src=\"https:\/\/www.elturistatranquil.com\/wp-content\/uploads\/F35-Castillo-de-Calatrava-la-Nueva-Ciudad-Real.jpg\" class=\"attachment-large size-large wp-image-50100\" alt=\"Castillo de Calatrava la Nueva (Ciudad Real)\" srcset=\"https:\/\/www.elturistatranquil.com\/wp-content\/uploads\/F35-Castillo-de-Calatrava-la-Nueva-Ciudad-Real.jpg 768w, https:\/\/www.elturistatranquil.com\/wp-content\/uploads\/F35-Castillo-de-Calatrava-la-Nueva-Ciudad-Real-339x226.jpg 339w\" sizes=\"(max-width: 768px) 100vw, 768px\" \/>\t\t\t\t\t\t\t\t\t\t\t<figcaption class=\"widget-image-caption wp-caption-text\">Castell a\u00efllat: Castell de Calatrava la Nueva (Ciudad Real)<\/figcaption>\n\t\t\t\t\t\t\t\t\t\t<\/figure>\n\t\t\t\t\t\t\t\t\t<\/div>\n\t\t\t\t<\/div>\n\t\t\t\t<div class=\"elementor-element elementor-element-15ea116 elementor-widget elementor-widget-image\" data-id=\"15ea116\" data-element_type=\"widget\" data-e-type=\"widget\" data-widget_type=\"image.default\">\n\t\t\t\t<div class=\"elementor-widget-container\">\n\t\t\t\t\t\t\t\t\t\t\t\t<figure class=\"wp-caption\">\n\t\t\t\t\t\t\t\t\t\t<img loading=\"lazy\" decoding=\"async\" width=\"768\" height=\"512\" src=\"https:\/\/www.elturistatranquil.com\/wp-content\/uploads\/F36-Castillo-de-Alcaudete-Jaen.jpg\" class=\"attachment-large size-large wp-image-50102\" alt=\"Castillo de Alcaudete (Jaen)\" srcset=\"https:\/\/www.elturistatranquil.com\/wp-content\/uploads\/F36-Castillo-de-Alcaudete-Jaen.jpg 768w, https:\/\/www.elturistatranquil.com\/wp-content\/uploads\/F36-Castillo-de-Alcaudete-Jaen-339x226.jpg 339w\" sizes=\"(max-width: 768px) 100vw, 768px\" \/>\t\t\t\t\t\t\t\t\t\t\t<figcaption class=\"widget-image-caption wp-caption-text\">Castell amb caseriu als peus: Alcaudete (Ja\u00e9n)<\/figcaption>\n\t\t\t\t\t\t\t\t\t\t<\/figure>\n\t\t\t\t\t\t\t\t\t<\/div>\n\t\t\t\t<\/div>\n\t\t\t\t<div class=\"elementor-element elementor-element-c220426 elementor-widget elementor-widget-image\" data-id=\"c220426\" data-element_type=\"widget\" data-e-type=\"widget\" data-widget_type=\"image.default\">\n\t\t\t\t<div class=\"elementor-widget-container\">\n\t\t\t\t\t\t\t\t\t\t\t\t<figure class=\"wp-caption\">\n\t\t\t\t\t\t\t\t\t\t<img loading=\"lazy\" decoding=\"async\" width=\"768\" height=\"512\" src=\"https:\/\/www.elturistatranquil.com\/wp-content\/uploads\/F37-Sabiote-Jaen.jpg\" class=\"attachment-large size-large wp-image-50107\" alt=\"Sabiote, Jaen\" srcset=\"https:\/\/www.elturistatranquil.com\/wp-content\/uploads\/F37-Sabiote-Jaen.jpg 768w, https:\/\/www.elturistatranquil.com\/wp-content\/uploads\/F37-Sabiote-Jaen-339x226.jpg 339w\" sizes=\"(max-width: 768px) 100vw, 768px\" \/>\t\t\t\t\t\t\t\t\t\t\t<figcaption class=\"widget-image-caption wp-caption-text\">El caseriu vist des del castell: Sabiote (Ja\u00e9n)<\/figcaption>\n\t\t\t\t\t\t\t\t\t\t<\/figure>\n\t\t\t\t\t\t\t\t\t<\/div>\n\t\t\t\t<\/div>\n\t\t\t\t<div class=\"elementor-element elementor-element-7c297f6 elementor-widget elementor-widget-image\" data-id=\"7c297f6\" data-element_type=\"widget\" data-e-type=\"widget\" data-widget_type=\"image.default\">\n\t\t\t\t<div class=\"elementor-widget-container\">\n\t\t\t\t\t\t\t\t\t\t\t\t<figure class=\"wp-caption\">\n\t\t\t\t\t\t\t\t\t\t<img loading=\"lazy\" decoding=\"async\" width=\"563\" height=\"590\" src=\"https:\/\/www.elturistatranquil.com\/wp-content\/uploads\/F38-Representacion-del-primer-castillo-de-Belmonte-Cuenca-1324.jpg\" class=\"attachment-large size-large wp-image-50109\" alt=\"Representacion del primer castillo de Belmonte (Cuenca) 1324\" srcset=\"https:\/\/www.elturistatranquil.com\/wp-content\/uploads\/F38-Representacion-del-primer-castillo-de-Belmonte-Cuenca-1324.jpg 563w, https:\/\/www.elturistatranquil.com\/wp-content\/uploads\/F38-Representacion-del-primer-castillo-de-Belmonte-Cuenca-1324-216x226.jpg 216w\" sizes=\"(max-width: 563px) 100vw, 563px\" \/>\t\t\t\t\t\t\t\t\t\t\t<figcaption class=\"widget-image-caption wp-caption-text\">Castell amb tanca o muralla: Representaci\u00f3 del primer castell de Belmonte (Conca) amb la seva tanca<\/figcaption>\n\t\t\t\t\t\t\t\t\t\t<\/figure>\n\t\t\t\t\t\t\t\t\t<\/div>\n\t\t\t\t<\/div>\n\t\t\t\t<div class=\"elementor-element elementor-element-6f17a1a elementor-widget elementor-widget-text-editor\" data-id=\"6f17a1a\" data-element_type=\"widget\" data-e-type=\"widget\" data-widget_type=\"text-editor.default\">\n\t\t\t\t<div class=\"elementor-widget-container\">\n\t\t\t\t\t\t\t\t\t<p>En la presa de decisi\u00f3 de la localitzaci\u00f3 dels castells era fonamental les consideracions estrat\u00e8giques politicomilitars. Una era escollir el lloc idoni per al control de grans superf\u00edcies o llocs de pas.<\/p><p>Al mapa seg\u00fcent veiem la posici\u00f3 del castell de Calatrava la Nueva controlant una de les vies naturals m\u00e9s importants que creuen Sierra Morena i uneixen la Meseta amb la vall del Guadalquivir, amb el castell de Salvatierra a l&#8217;altra banda del pas que creua la Serra de Calatrava.<\/p>\t\t\t\t\t\t\t\t<\/div>\n\t\t\t\t<\/div>\n\t\t\t\t<div class=\"elementor-element elementor-element-d70baeb elementor-widget elementor-widget-image\" data-id=\"d70baeb\" data-element_type=\"widget\" data-e-type=\"widget\" data-widget_type=\"image.default\">\n\t\t\t\t<div class=\"elementor-widget-container\">\n\t\t\t\t\t\t\t\t\t\t\t\t<figure class=\"wp-caption\">\n\t\t\t\t\t\t\t\t\t\t<img loading=\"lazy\" decoding=\"async\" width=\"768\" height=\"512\" src=\"https:\/\/www.elturistatranquil.com\/wp-content\/uploads\/F39-Paso-en-la-sierra-de-Calatrava-controlado-por-los-Castillos-de-Calatava-la-Nueva-y-Salvatierra-Gogle-eatrh-2023-11-29.jpg\" class=\"attachment-large size-large wp-image-50111\" alt=\"Paso en la sierra de Calatrava controlado por los Castillos de Calatava la Nueva y Salvatierra (Gogle eatrh 2023-11-29)\" srcset=\"https:\/\/www.elturistatranquil.com\/wp-content\/uploads\/F39-Paso-en-la-sierra-de-Calatrava-controlado-por-los-Castillos-de-Calatava-la-Nueva-y-Salvatierra-Gogle-eatrh-2023-11-29.jpg 768w, https:\/\/www.elturistatranquil.com\/wp-content\/uploads\/F39-Paso-en-la-sierra-de-Calatrava-controlado-por-los-Castillos-de-Calatava-la-Nueva-y-Salvatierra-Gogle-eatrh-2023-11-29-339x226.jpg 339w\" sizes=\"(max-width: 768px) 100vw, 768px\" \/>\t\t\t\t\t\t\t\t\t\t\t<figcaption class=\"widget-image-caption wp-caption-text\">Pas a la serra de Calatrava controlat pels Castells de Calatava la Nueva i Salvatierra (Gogle eatrh 2023-11-29)<\/figcaption>\n\t\t\t\t\t\t\t\t\t\t<\/figure>\n\t\t\t\t\t\t\t\t\t<\/div>\n\t\t\t\t<\/div>\n\t\t\t\t<div class=\"elementor-element elementor-element-5cb0d05 elementor-widget elementor-widget-image\" data-id=\"5cb0d05\" data-element_type=\"widget\" data-e-type=\"widget\" data-widget_type=\"image.default\">\n\t\t\t\t<div class=\"elementor-widget-container\">\n\t\t\t\t\t\t\t\t\t\t\t\t<figure class=\"wp-caption\">\n\t\t\t\t\t\t\t\t\t\t<img loading=\"lazy\" decoding=\"async\" width=\"768\" height=\"511\" src=\"https:\/\/www.elturistatranquil.com\/wp-content\/uploads\/F40-Paso-en-la-sierra-de-Calatrava-controlado-por-los-Castillos-de-Calatava-la-Nueva-y-Salvatierra.jpg\" class=\"attachment-large size-large wp-image-50113\" alt=\"Paso en la sierra de Calatrava controlado por los Castillos de Calatava la Nueva y Salvatierra\" srcset=\"https:\/\/www.elturistatranquil.com\/wp-content\/uploads\/F40-Paso-en-la-sierra-de-Calatrava-controlado-por-los-Castillos-de-Calatava-la-Nueva-y-Salvatierra.jpg 768w, https:\/\/www.elturistatranquil.com\/wp-content\/uploads\/F40-Paso-en-la-sierra-de-Calatrava-controlado-por-los-Castillos-de-Calatava-la-Nueva-y-Salvatierra-339x226.jpg 339w\" sizes=\"(max-width: 768px) 100vw, 768px\" \/>\t\t\t\t\t\t\t\t\t\t\t<figcaption class=\"widget-image-caption wp-caption-text\">Panor\u00e0mica de domini visual des del castell de Calatrava la Nueva cap a la Meseta i sobre el canal de pas<\/figcaption>\n\t\t\t\t\t\t\t\t\t\t<\/figure>\n\t\t\t\t\t\t\t\t\t<\/div>\n\t\t\t\t<\/div>\n\t\t\t\t<div class=\"elementor-element elementor-element-908dd84 elementor-widget elementor-widget-heading\" data-id=\"908dd84\" data-element_type=\"widget\" data-e-type=\"widget\" data-widget_type=\"heading.default\">\n\t\t\t\t<div class=\"elementor-widget-container\">\n\t\t\t\t\t<h3 class=\"elementor-heading-title elementor-size-default\">Els monestirs<\/h3>\t\t\t\t<\/div>\n\t\t\t\t<\/div>\n\t\t\t\t<div class=\"elementor-element elementor-element-baa3068 elementor-widget elementor-widget-text-editor\" data-id=\"baa3068\" data-element_type=\"widget\" data-e-type=\"widget\" data-widget_type=\"text-editor.default\">\n\t\t\t\t<div class=\"elementor-widget-container\">\n\t\t\t\t\t\t\t\t\t<p>Des del vessant ideol\u00f2gic-religi\u00f3s, durant el mateix per\u00edode que per als castells, els <a href=\"https:\/\/www.elturistatranquil.com\/ca\/esglesies-monestirs-i-ordres-religioses-a-ledat-mitjana\/\" target=\"_blank\" rel=\"noopener\"><strong>monestirs<\/strong> <\/a>van ser una altra forma d&#8217;assentament amb important funci\u00f3 ideol\u00f2gic-religiosa, per\u00f2 progressivament cada cop m\u00e9s important funci\u00f3 colonitzadora i repobladora en els amplis dominis territorials que anaven acumulant.<\/p>\t\t\t\t\t\t\t\t<\/div>\n\t\t\t\t<\/div>\n\t\t\t\t<div class=\"elementor-element elementor-element-f084e20 elementor-widget elementor-widget-image\" data-id=\"f084e20\" data-element_type=\"widget\" data-e-type=\"widget\" data-widget_type=\"image.default\">\n\t\t\t\t<div class=\"elementor-widget-container\">\n\t\t\t\t\t\t\t\t\t\t\t\t<figure class=\"wp-caption\">\n\t\t\t\t\t\t\t\t\t\t<img loading=\"lazy\" decoding=\"async\" width=\"768\" height=\"512\" src=\"https:\/\/www.elturistatranquil.com\/wp-content\/uploads\/F41-Monasterio-de-Santa-Maria-de-Poblet-Tarragona.jpg\" class=\"attachment-large size-large wp-image-50118\" alt=\"Monasterio de Santa Mar\u00eda de Poblet (Tarragona)\" srcset=\"https:\/\/www.elturistatranquil.com\/wp-content\/uploads\/F41-Monasterio-de-Santa-Maria-de-Poblet-Tarragona.jpg 768w, https:\/\/www.elturistatranquil.com\/wp-content\/uploads\/F41-Monasterio-de-Santa-Maria-de-Poblet-Tarragona-339x226.jpg 339w\" sizes=\"(max-width: 768px) 100vw, 768px\" \/>\t\t\t\t\t\t\t\t\t\t\t<figcaption class=\"widget-image-caption wp-caption-text\">Monestir de Santa Maria de Poblet (Tarragona)<\/figcaption>\n\t\t\t\t\t\t\t\t\t\t<\/figure>\n\t\t\t\t\t\t\t\t\t<\/div>\n\t\t\t\t<\/div>\n\t\t\t\t<div class=\"elementor-element elementor-element-a59ce05 elementor-widget elementor-widget-text-editor\" data-id=\"a59ce05\" data-element_type=\"widget\" data-e-type=\"widget\" data-widget_type=\"text-editor.default\">\n\t\t\t\t<div class=\"elementor-widget-container\">\n\t\t\t\t\t\t\t\t\t<p>Els monestirs van anar evolucionant des d&#8217;una funci\u00f3 de retir i a\u00efllament personal per entrar en contacte amb D\u00e9u a comunitats tancades, a organitzacions de domini territorial amb funcions repobladores. Van constituir grans explotacions agr\u00e0ries que van precisar dels serveis de treballadors que van anar creant un nucli de poblaci\u00f3 als voltants.<\/p>\t\t\t\t\t\t\t\t<\/div>\n\t\t\t\t<\/div>\n\t\t\t\t<div class=\"elementor-element elementor-element-b7f4d2a elementor-widget elementor-widget-image\" data-id=\"b7f4d2a\" data-element_type=\"widget\" data-e-type=\"widget\" data-widget_type=\"image.default\">\n\t\t\t\t<div class=\"elementor-widget-container\">\n\t\t\t\t\t\t\t\t\t\t\t\t<figure class=\"wp-caption\">\n\t\t\t\t\t\t\t\t\t\t<img loading=\"lazy\" decoding=\"async\" width=\"768\" height=\"512\" src=\"https:\/\/www.elturistatranquil.com\/wp-content\/uploads\/F42-Monasterio-de-Yuso-San-Millan-de-la-Cogolla-Google-earth-2023-11-16.jpg\" class=\"attachment-large size-large wp-image-50120\" alt=\"Monasterio de Yuso-San Millan de la Cogolla (Google earth 2023-11-16)\" srcset=\"https:\/\/www.elturistatranquil.com\/wp-content\/uploads\/F42-Monasterio-de-Yuso-San-Millan-de-la-Cogolla-Google-earth-2023-11-16.jpg 768w, https:\/\/www.elturistatranquil.com\/wp-content\/uploads\/F42-Monasterio-de-Yuso-San-Millan-de-la-Cogolla-Google-earth-2023-11-16-339x226.jpg 339w\" sizes=\"(max-width: 768px) 100vw, 768px\" \/>\t\t\t\t\t\t\t\t\t\t\t<figcaption class=\"widget-image-caption wp-caption-text\">Monestir de Yuso-San Mill\u00e1n de la Cogolla amb el poblat alineat sobre el cam\u00ed d'arribada (Google earth 2023-11-16)<\/figcaption>\n\t\t\t\t\t\t\t\t\t\t<\/figure>\n\t\t\t\t\t\t\t\t\t<\/div>\n\t\t\t\t<\/div>\n\t\t\t\t<div class=\"elementor-element elementor-element-2010cf6 elementor-widget elementor-widget-text-editor\" data-id=\"2010cf6\" data-element_type=\"widget\" data-e-type=\"widget\" data-widget_type=\"text-editor.default\">\n\t\t\t\t<div class=\"elementor-widget-container\">\n\t\t\t\t\t\t\t\t\t<p>Com amb els castells, els monestirs constitueixen un altre dels grans atractius tur\u00edstics culturals.<\/p>\t\t\t\t\t\t\t\t<\/div>\n\t\t\t\t<\/div>\n\t\t\t\t<div class=\"elementor-element elementor-element-9ab82cf elementor-widget elementor-widget-heading\" data-id=\"9ab82cf\" data-element_type=\"widget\" data-e-type=\"widget\" data-widget_type=\"heading.default\">\n\t\t\t\t<div class=\"elementor-widget-container\">\n\t\t\t\t\t<h3 class=\"elementor-heading-title elementor-size-default\">Urbanitzacions i descongesti\u00f3 urbana<\/h3>\t\t\t\t<\/div>\n\t\t\t\t<\/div>\n\t\t\t\t<div class=\"elementor-element elementor-element-b571b06 elementor-widget elementor-widget-text-editor\" data-id=\"b571b06\" data-element_type=\"widget\" data-e-type=\"widget\" data-widget_type=\"text-editor.default\">\n\t\t\t\t<div class=\"elementor-widget-container\">\n\t\t\t\t\t\t\t\t\t<p>A l&#8217;\u00e0mbit residencial, al segle XX es veur\u00e0 expandir dos tipus d&#8217;assentaments de signe i motivacions inverses: l&#8217; <strong>expansi\u00f3 de l&#8217;habitatge secundari i dels allotjaments tur\u00edstics<\/strong>, en contrast amb la <strong>congesti\u00f3 urbana<\/strong> a les grans ciutats.<\/p>\t\t\t\t\t\t\t\t<\/div>\n\t\t\t\t<\/div>\n\t\t\t\t<div class=\"elementor-element elementor-element-8cc5af6 elementor-widget elementor-widget-heading\" data-id=\"8cc5af6\" data-element_type=\"widget\" data-e-type=\"widget\" data-widget_type=\"heading.default\">\n\t\t\t\t<div class=\"elementor-widget-container\">\n\t\t\t\t\t<h4 class=\"elementor-heading-title elementor-size-default\">Urbanitzacions i nuclis tur\u00edstics<\/h4>\t\t\t\t<\/div>\n\t\t\t\t<\/div>\n\t\t\t\t<div class=\"elementor-element elementor-element-9172ed6 elementor-widget elementor-widget-text-editor\" data-id=\"9172ed6\" data-element_type=\"widget\" data-e-type=\"widget\" data-widget_type=\"text-editor.default\">\n\t\t\t\t<div class=\"elementor-widget-container\">\n\t\t\t\t\t\t\t\t\t<p>Des del comen\u00e7ament del segle XX, i, sobretot, de la segona meitat del segle, s&#8217;introduir\u00e0 un nou model d&#8217;<strong>\u00fas intermitent<\/strong> dels assentaments.<\/p><p>Fins aleshores, la creaci\u00f3 d&#8217;un assentament comportava el seu \u00fas permanent mentre es mantingu\u00e9s la funci\u00f3 per a la qual havia estat creat. La introducci\u00f3 de per\u00edodes de vacances, l&#8217;augment del nivell de vida i la modernitzaci\u00f3 i individualitzaci\u00f3 dels sistemes de transport (cotxe privat, avi\u00f3 <em>low cost<\/em>) donaran lloc a l&#8217;expansi\u00f3 de la <strong>resid\u00e8ncia secund\u00e0ria<\/strong> i de les <strong>zones tur\u00edstiques<\/strong>, com a formes intermitents d&#8217;\u00fas dels allotjaments en el decurs de l\u2019any.<\/p>\t\t\t\t\t\t\t\t<\/div>\n\t\t\t\t<\/div>\n\t\t\t\t<div class=\"elementor-element elementor-element-f33452f elementor-widget elementor-widget-image\" data-id=\"f33452f\" data-element_type=\"widget\" data-e-type=\"widget\" data-widget_type=\"image.default\">\n\t\t\t\t<div class=\"elementor-widget-container\">\n\t\t\t\t\t\t\t\t\t\t\t\t<figure class=\"wp-caption\">\n\t\t\t\t\t\t\t\t\t\t<img loading=\"lazy\" decoding=\"async\" width=\"768\" height=\"547\" src=\"https:\/\/www.elturistatranquil.com\/wp-content\/uploads\/F43-SAgaro-Girona.-Projecte-suburbi-jardi-1923.jpg\" class=\"attachment-large size-large wp-image-50122\" alt=\"S&#039;Agaro, Girona. Projecte suburbi-jardi 1923\" srcset=\"https:\/\/www.elturistatranquil.com\/wp-content\/uploads\/F43-SAgaro-Girona.-Projecte-suburbi-jardi-1923.jpg 768w, https:\/\/www.elturistatranquil.com\/wp-content\/uploads\/F43-SAgaro-Girona.-Projecte-suburbi-jardi-1923-317x226.jpg 317w\" sizes=\"(max-width: 768px) 100vw, 768px\" \/>\t\t\t\t\t\t\t\t\t\t\t<figcaption class=\"widget-image-caption wp-caption-text\">R. Mas\u00f3 (1923). \"Projecte de suburbi-jard\u00ed en terrenys de la Punta de Sant Pol propietat de Josep Ensesa\" (23-48). Fons Urbanitzaci\u00f3 S\u2019Agar\u00f3 (348), Arxiu Hist\u00f2ric de Girona, Girona. (Font: Arnau Camps Quer, p. 91)<\/figcaption>\n\t\t\t\t\t\t\t\t\t\t<\/figure>\n\t\t\t\t\t\t\t\t\t<\/div>\n\t\t\t\t<\/div>\n\t\t\t\t<div class=\"elementor-element elementor-element-81906e4 elementor-widget elementor-widget-text-editor\" data-id=\"81906e4\" data-element_type=\"widget\" data-e-type=\"widget\" data-widget_type=\"text-editor.default\">\n\t\t\t\t<div class=\"elementor-widget-container\">\n\t\t\t\t\t\t\t\t\t<p>Des dels anys 50\/60, l&#8217;habitatge dels nuclis rurals tur\u00edstics, comen\u00e7ant pels de costa, es reconverteixen en allotjaments tur\u00edstics (oferint t\u00edmidament les <em>chambres and rooms<\/em> que s&#8217;anunciaven als balcons de les cases particulars); proliferaran els hotels i blocs d&#8217;apartaments tur\u00edstics als pobles i s&#8217;expandiran les urbanitzacions residencials i de vacances tur\u00edstiques.<\/p>\t\t\t\t\t\t\t\t<\/div>\n\t\t\t\t<\/div>\n\t\t\t\t<div class=\"elementor-element elementor-element-3a0ba84 elementor-widget elementor-widget-heading\" data-id=\"3a0ba84\" data-element_type=\"widget\" data-e-type=\"widget\" data-widget_type=\"heading.default\">\n\t\t\t\t<div class=\"elementor-widget-container\">\n\t\t\t\t\t<h5 class=\"elementor-heading-title elementor-size-default\">Urbanitzacions tur\u00edstiques<\/h5>\t\t\t\t<\/div>\n\t\t\t\t<\/div>\n\t\t\t\t<div class=\"elementor-element elementor-element-a900eb5 elementor-widget elementor-widget-text-editor\" data-id=\"a900eb5\" data-element_type=\"widget\" data-e-type=\"widget\" data-widget_type=\"text-editor.default\">\n\t\t\t\t<div class=\"elementor-widget-container\">\n\t\t\t\t\t\t\t\t\t<p>Es qualifica com una <strong>urbanitzaci\u00f3<\/strong> un assentament exclusivament residencial delimitat dins un pla urban\u00edstic a\u00efllat. Configuren un sistema socialment tancat, i fins i tot ho pot ser f\u00edsicament.<\/p><p>Les <strong>urbanitzacions tur\u00edstiques<\/strong> seran assentaments destinats a la resid\u00e8ncia secund\u00e0ria, les vacances i el turisme. Es localitzen en entorns amb recursos paisatg\u00edstics i clim\u00e0tics com assenyal\u00e0vem anteriorment, que possibilitin el gaudi de la natura i de la tranquil\u00b7litat fora de l&#8217;estr\u00e8s urb\u00e0. En alguns casos, molt vinculades a la pr\u00e0ctica d&#8217;esports estacionals (neu, platja).<\/p><p>Poden situar-se en terrenys plans o als vessants de les muntanyes, sobretot per aprofitar les vistes sobre el paisatge circumdant.<\/p><p>Com que la circulaci\u00f3 interior es limita a l&#8217;acc\u00e9s als habitatges, el tra\u00e7at urb\u00e0 dels carrers pot ser sinu\u00f3s, tortu\u00f3s i costerut. Aquesta trama s\u2019adapta perfectament a la filosofia de crear \u00e0mbits molt diferenciats de l\u2019ortogonalitat urbana. Els habitatges es distribueixen en parcel\u00b7les que s\u00f3n ocupades per cases individuals o blocs d\u2019habitatges de pocs ve\u00efns i poca altura.<\/p>\t\t\t\t\t\t\t\t<\/div>\n\t\t\t\t<\/div>\n\t\t\t\t<div class=\"elementor-element elementor-element-1c23e85 elementor-widget elementor-widget-image\" data-id=\"1c23e85\" data-element_type=\"widget\" data-e-type=\"widget\" data-widget_type=\"image.default\">\n\t\t\t\t<div class=\"elementor-widget-container\">\n\t\t\t\t\t\t\t\t\t\t\t\t<figure class=\"wp-caption\">\n\t\t\t\t\t\t\t\t\t\t<img loading=\"lazy\" decoding=\"async\" width=\"768\" height=\"511\" src=\"https:\/\/www.elturistatranquil.com\/wp-content\/uploads\/F44-Cala-Fornells-Begur-Girona.jpg\" class=\"attachment-large size-large wp-image-50124\" alt=\"Cala Fornells (Begur, Girona)\" srcset=\"https:\/\/www.elturistatranquil.com\/wp-content\/uploads\/F44-Cala-Fornells-Begur-Girona.jpg 768w, https:\/\/www.elturistatranquil.com\/wp-content\/uploads\/F44-Cala-Fornells-Begur-Girona-339x226.jpg 339w\" sizes=\"(max-width: 768px) 100vw, 768px\" \/>\t\t\t\t\t\t\t\t\t\t\t<figcaption class=\"widget-image-caption wp-caption-text\">Urbanitzaci\u00f3 de cara al mar a Cala Fornells (Begur, Girona)<\/figcaption>\n\t\t\t\t\t\t\t\t\t\t<\/figure>\n\t\t\t\t\t\t\t\t\t<\/div>\n\t\t\t\t<\/div>\n\t\t\t\t<div class=\"elementor-element elementor-element-aae382a elementor-widget elementor-widget-heading\" data-id=\"aae382a\" data-element_type=\"widget\" data-e-type=\"widget\" data-widget_type=\"heading.default\">\n\t\t\t\t<div class=\"elementor-widget-container\">\n\t\t\t\t\t<h5 class=\"elementor-heading-title elementor-size-default\">Campings<\/h5>\t\t\t\t<\/div>\n\t\t\t\t<\/div>\n\t\t\t\t<div class=\"elementor-element elementor-element-de257c8 elementor-widget elementor-widget-text-editor\" data-id=\"de257c8\" data-element_type=\"widget\" data-e-type=\"widget\" data-widget_type=\"text-editor.default\">\n\t\t\t\t<div class=\"elementor-widget-container\">\n\t\t\t\t\t\t\t\t\t<p>Un subgrup de l\u2019\u00fas tur\u00edstic del territori el constitueixen els <strong>c\u00e0mpings<\/strong>. En aquest cas, s&#8217;executa una urbanitzaci\u00f3 del terreny, per\u00f2 es deixen lliures les parcel\u00b7les perqu\u00e8 s&#8217;hi puguin muntar els habitatges transportables de cada ocupant (tenda de campanya, caravana, autocaravana) en estades de durada limitada. Molts ofereixen a m\u00e9s el lloguer de resid\u00e8ncies estables en forma de <em>bungalou<\/em>.<\/p>\t\t\t\t\t\t\t\t<\/div>\n\t\t\t\t<\/div>\n\t\t\t\t<div class=\"elementor-element elementor-element-1b8e031 elementor-widget elementor-widget-heading\" data-id=\"1b8e031\" data-element_type=\"widget\" data-e-type=\"widget\" data-widget_type=\"heading.default\">\n\t\t\t\t<div class=\"elementor-widget-container\">\n\t\t\t\t\t<h5 class=\"elementor-heading-title elementor-size-default\">\u201cSitios reales\u201d vacacionals<\/h5>\t\t\t\t<\/div>\n\t\t\t\t<\/div>\n\t\t\t\t<div class=\"elementor-element elementor-element-856a71f elementor-widget elementor-widget-text-editor\" data-id=\"856a71f\" data-element_type=\"widget\" data-e-type=\"widget\" data-widget_type=\"text-editor.default\">\n\t\t\t\t<div class=\"elementor-widget-container\">\n\t\t\t\t\t\t\t\t\t<p>Un antecedent de l&#8217;\u00fas \u201ctur\u00edstic\u201d del territori el trobem en certa manera als <strong><em>sitios reales<\/em> de vacances<\/strong> que es van fer construir els reis a Espanya, especialment durant el per\u00edode borb\u00f2nic. Al costat de cada palau es va crear un nucli poblacional per allotjar el personal de servei (Aranjuez (Madrid), La Granja de Sant Ildefons (Segovia)).<\/p>\t\t\t\t\t\t\t\t<\/div>\n\t\t\t\t<\/div>\n\t\t\t\t<div class=\"elementor-element elementor-element-61b98c4 elementor-widget elementor-widget-heading\" data-id=\"61b98c4\" data-element_type=\"widget\" data-e-type=\"widget\" data-widget_type=\"heading.default\">\n\t\t\t\t<div class=\"elementor-widget-container\">\n\t\t\t\t\t<h4 class=\"elementor-heading-title elementor-size-default\">Descongesti\u00f3 urbana<\/h4>\t\t\t\t<\/div>\n\t\t\t\t<\/div>\n\t\t\t\t<div class=\"elementor-element elementor-element-6518f34 elementor-widget elementor-widget-heading\" data-id=\"6518f34\" data-element_type=\"widget\" data-e-type=\"widget\" data-widget_type=\"heading.default\">\n\t\t\t\t<div class=\"elementor-widget-container\">\n\t\t\t\t\t<h5 class=\"elementor-heading-title elementor-size-default\">Barris obrers i ciutats sat\u00e8l\u00b7lit<\/h5>\t\t\t\t<\/div>\n\t\t\t\t<\/div>\n\t\t\t\t<div class=\"elementor-element elementor-element-f570d72 elementor-widget elementor-widget-text-editor\" data-id=\"f570d72\" data-element_type=\"widget\" data-e-type=\"widget\" data-widget_type=\"text-editor.default\">\n\t\t\t\t<div class=\"elementor-widget-container\">\n\t\t\t\t\t\t\t\t\t<p>Quan a partir dels anys cinquanta dels segle passat es van accelerar els grans fluxos migratoris camp-ciutat, el creixement de les grans urbs espanyoles es va desbordar i es va crear un greu problema d&#8217;habitatge. Els nouvinguts van haver de procurar pels seus mitjans resoldre el problema de l&#8217;allotjament, cosa que va donar lloc a l&#8217;expansi\u00f3 del barraquisme.<\/p><p>Quan aquesta situaci\u00f3 es va fer urgent i amena\u00e7ava d&#8217;esdevenir un problema social es va rec\u00f3rrer a la programaci\u00f3 de grans <strong>assentaments de descongesti\u00f3<\/strong> en forma de barriades, ciutats-sat\u00e8l\u00b7lit, Pla ACTUR (Actuacions Urban\u00edstiques Urgents) o qualsevol altra denominaci\u00f3 similar, en qu\u00e8 s&#8217;aglomeren grans blocs d\u2019habitatges.<\/p>\t\t\t\t\t\t\t\t<\/div>\n\t\t\t\t<\/div>\n\t\t\t\t<div class=\"elementor-element elementor-element-ac86f63 elementor-widget elementor-widget-image\" data-id=\"ac86f63\" data-element_type=\"widget\" data-e-type=\"widget\" data-widget_type=\"image.default\">\n\t\t\t\t<div class=\"elementor-widget-container\">\n\t\t\t\t\t\t\t\t\t\t\t\t<figure class=\"wp-caption\">\n\t\t\t\t\t\t\t\t\t\t<img loading=\"lazy\" decoding=\"async\" width=\"768\" height=\"512\" src=\"https:\/\/www.elturistatranquil.com\/wp-content\/uploads\/F45-Placa-INV.jpg\" class=\"attachment-large size-large wp-image-50126\" alt=\"Placa INV\" srcset=\"https:\/\/www.elturistatranquil.com\/wp-content\/uploads\/F45-Placa-INV.jpg 768w, https:\/\/www.elturistatranquil.com\/wp-content\/uploads\/F45-Placa-INV-339x226.jpg 339w\" sizes=\"(max-width: 768px) 100vw, 768px\" \/>\t\t\t\t\t\t\t\t\t\t\t<figcaption class=\"widget-image-caption wp-caption-text\">Aquesta placa col\u00b7locada a la porta de cada casa constru\u00efda dins aquests plans era el s\u00edmbol de l'actuaci\u00f3 oficial davant del problema de l'habitatge<\/figcaption>\n\t\t\t\t\t\t\t\t\t\t<\/figure>\n\t\t\t\t\t\t\t\t\t<\/div>\n\t\t\t\t<\/div>\n\t\t\t\t<div class=\"elementor-element elementor-element-985ee90 elementor-widget elementor-widget-heading\" data-id=\"985ee90\" data-element_type=\"widget\" data-e-type=\"widget\" data-widget_type=\"heading.default\">\n\t\t\t\t<div class=\"elementor-widget-container\">\n\t\t\t\t\t<h4 class=\"elementor-heading-title elementor-size-default\">Urbanitzacions residencials periurbanes\t<\/h4>\t\t\t\t<\/div>\n\t\t\t\t<\/div>\n\t\t\t\t<div class=\"elementor-element elementor-element-b60eb77 elementor-widget elementor-widget-text-editor\" data-id=\"b60eb77\" data-element_type=\"widget\" data-e-type=\"widget\" data-widget_type=\"text-editor.default\">\n\t\t\t\t<div class=\"elementor-widget-container\">\n\t\t\t\t\t\t\t\t\t<p>En condicions socials familiars oposades a les anteriors, quan s\u00f3n les classes mitjana i alta les que se senten \u201caclaparades\u201d per la vida urbana, se&#8217;ls ofereix com a soluci\u00f3 despla\u00e7ar-se a viure a la perif\u00e8ria en <strong>urbanitzacions residencials periurbanes<\/strong> de m\u00e9s o menys <em>alt standing<\/em>. Amb la condici\u00f3 que haur\u00e0 de possibilitar el <em>commuting<\/em>, o despla\u00e7ament diari al lloc de treball a la ciutat. Per tant, seran assentaments d\u2019ocupaci\u00f3 prim\u00e0ria o principal, i permanent.<\/p>\t\t\t\t\t\t\t\t<\/div>\n\t\t\t\t<\/div>\n\t\t\t\t<div class=\"elementor-element elementor-element-a82fefc elementor-widget elementor-widget-image\" data-id=\"a82fefc\" data-element_type=\"widget\" data-e-type=\"widget\" data-widget_type=\"image.default\">\n\t\t\t\t<div class=\"elementor-widget-container\">\n\t\t\t\t\t\t\t\t\t\t\t\t<figure class=\"wp-caption\">\n\t\t\t\t\t\t\t\t\t\t<img loading=\"lazy\" decoding=\"async\" width=\"768\" height=\"512\" src=\"https:\/\/www.elturistatranquil.com\/wp-content\/uploads\/F46-La-Finca-Madrid.jpg\" class=\"attachment-large size-large wp-image-50128\" alt=\"La Finca, Madrid\" srcset=\"https:\/\/www.elturistatranquil.com\/wp-content\/uploads\/F46-La-Finca-Madrid.jpg 768w, https:\/\/www.elturistatranquil.com\/wp-content\/uploads\/F46-La-Finca-Madrid-339x226.jpg 339w\" sizes=\"(max-width: 768px) 100vw, 768px\" \/>\t\t\t\t\t\t\t\t\t\t\t<figcaption class=\"widget-image-caption wp-caption-text\">Foto de la promoci\u00f3 d'una urbanitzaci\u00f3 residencial d'alt standing (La Finca) a Pozuelo de Alarc\u00f3n (Madrid) sota el model de casa a\u00efllada en parcel\u00b7la individual<\/figcaption>\n\t\t\t\t\t\t\t\t\t\t<\/figure>\n\t\t\t\t\t\t\t\t\t<\/div>\n\t\t\t\t<\/div>\n\t\t\t\t<div class=\"elementor-element elementor-element-6b18c04 elementor-widget elementor-widget-image\" data-id=\"6b18c04\" data-element_type=\"widget\" data-e-type=\"widget\" data-widget_type=\"image.default\">\n\t\t\t\t<div class=\"elementor-widget-container\">\n\t\t\t\t\t\t\t\t\t\t\t\t<figure class=\"wp-caption\">\n\t\t\t\t\t\t\t\t\t\t<img loading=\"lazy\" decoding=\"async\" width=\"768\" height=\"512\" src=\"https:\/\/www.elturistatranquil.com\/wp-content\/uploads\/F47-Los-Pinarejos-Miraflores-de-la-Sierra-Madrid.jpg\" class=\"attachment-large size-large wp-image-50130\" alt=\"Los Pinarejos, Miraflores de la Sierra, Madrid\" srcset=\"https:\/\/www.elturistatranquil.com\/wp-content\/uploads\/F47-Los-Pinarejos-Miraflores-de-la-Sierra-Madrid.jpg 768w, https:\/\/www.elturistatranquil.com\/wp-content\/uploads\/F47-Los-Pinarejos-Miraflores-de-la-Sierra-Madrid-339x226.jpg 339w\" sizes=\"(max-width: 768px) 100vw, 768px\" \/>\t\t\t\t\t\t\t\t\t\t\t<figcaption class=\"widget-image-caption wp-caption-text\">Foto de la promoci\u00f3 d'una urbanitzaci\u00f3 residencial (Los Pinarejos) a Miraflores de la Sierra (Madrid) seguint el model de cases adossades<\/figcaption>\n\t\t\t\t\t\t\t\t\t\t<\/figure>\n\t\t\t\t\t\t\t\t\t<\/div>\n\t\t\t\t<\/div>\n\t\t\t\t<div class=\"elementor-element elementor-element-13b45bf elementor-widget elementor-widget-heading\" data-id=\"13b45bf\" data-element_type=\"widget\" data-e-type=\"widget\" data-widget_type=\"heading.default\">\n\t\t\t\t<div class=\"elementor-widget-container\">\n\t\t\t\t\t<h2 class=\"elementor-heading-title elementor-size-default\">Fi d'aquesta primera part de tipologies d'assentament<\/h2>\t\t\t\t<\/div>\n\t\t\t\t<\/div>\n\t\t\t\t<div class=\"elementor-element elementor-element-3ef2ffbb elementor-widget elementor-widget-text-editor\" data-id=\"3ef2ffbb\" data-element_type=\"widget\" data-e-type=\"widget\" data-widget_type=\"text-editor.default\">\n\t\t\t\t<div class=\"elementor-widget-container\">\n\t\t\t\t\t\t\t\t\t<p>Tanco aqu\u00ed la presentaci\u00f3 de les <strong>tipologies d&#8217;assentament poblacional<\/strong>.<\/p><p>Al seg\u00fcent <em>Post<\/em> <strong>Assentaments de poblaci\u00f3 programats (i 2): Proc\u00e9s hist\u00f2ric a Espanya<\/strong>, es desenvolupa la forma com aquests diferents tipus de tipologies, s&#8217;han anat succeint en la seva aplicaci\u00f3 al llarg de la hist\u00f2ria d&#8217;Espanya.<\/p><p>Al text anterior ja he anat introduint alguns elements de tipus hist\u00f2ric per contextualitzar les diferents tipologies. Al seg\u00fcent es tractar\u00e0 de presentar-les d&#8217;una forma hist\u00f2ric-cronol\u00f2gica.<\/p>\t\t\t\t\t\t\t\t<\/div>\n\t\t\t\t<\/div>\n\t\t\t\t<div class=\"elementor-element elementor-element-41b09298 elementor-widget elementor-widget-text-editor\" data-id=\"41b09298\" data-element_type=\"widget\" data-e-type=\"widget\" data-widget_type=\"text-editor.default\">\n\t\t\t\t<div class=\"elementor-widget-container\">\n\t\t\t\t\t\t\t\t\t<p style=\"text-align: right;\"><a href=\"https:\/\/www.elturistatranquil.com\/ca\/assentaments-de-poblacio-programats-i-2-proces-historic-a-espanya\/\" target=\"_blank\" rel=\"noopener\"><strong>POST SEG\u00dcENT<\/strong><\/a><\/p>\t\t\t\t\t\t\t\t<\/div>\n\t\t\t\t<\/div>\n\t\t\t\t\t<\/div>\n\t\t<\/div>\n\t\t\t\t\t<\/div>\n\t\t<\/section>\n\t\t\t\t<\/div>\n\t\t","protected":false},"excerpt":{"rendered":"<p>L\u00b4objectiu d\u00b4aquest Post i el seg\u00fcent \u00e9s presentar conceptes com colonitzaci\u00f3, noves poblacions, col\u00f2nies industrials, urbanitzacions\u2026 que s\u00b4han aplicat a assentaments programats al llarg de la hist\u00f2ria d\u00b4Espanya. Assentaments de &#8230; <a title=\"Assentaments de poblaci\u00f3 programats (1): Tipologia\" class=\"read-more\" href=\"https:\/\/www.elturistatranquil.com\/ca\/assentaments-de-poblacio-programats-1-tipologia\/\" aria-label=\"M\u00e9s informaci\u00f3 sobre Assentaments de poblaci\u00f3 programats (1): Tipologia\">[ &#8230; ]<\/a><\/p>\n","protected":false},"author":1,"featured_media":50017,"comment_status":"open","ping_status":"closed","sticky":false,"template":"","format":"standard","meta":{"footnotes":""},"categories":[249,43,83,184,186,152,150],"tags":[],"class_list":["post-50143","post","type-post","status-publish","format-standard","has-post-thumbnail","hentry","category-assentments-programats","category-historia","category-historia-ca","category-posts-conceptuales","category-posts-conceptuals","category-urbanisme","category-urbanismo","infinite-scroll-item","generate-columns","tablet-grid-50","mobile-grid-100","grid-parent","grid-50","no-featured-image-padding"],"yoast_head":"<!-- This site is optimized with the Yoast SEO plugin v27.4 - https:\/\/yoast.com\/product\/yoast-seo-wordpress\/ -->\n<title>Assentaments de poblaci\u00f3 programats (1): Tipologia - El turista tranquil<\/title>\n<meta name=\"description\" content=\"L\u00b4objectiu d\u00b4aquest Post i el seg\u00fcent \u00e9s presentar conceptes com colonitzaci\u00f3, noves poblacions, col\u00f2nies industrials, urbanitzacions\u2026 que s\u00b4han aplicat a assentaments programats al llarg de la hist\u00f2ria d\u00b4Espanya.\" \/>\n<meta name=\"robots\" content=\"index, follow, max-snippet:-1, max-image-preview:large, max-video-preview:-1\" \/>\n<link rel=\"canonical\" href=\"https:\/\/www.elturistatranquil.com\/ca\/assentaments-de-poblacio-programats-1-tipologia\/\" \/>\n<meta property=\"og:locale\" content=\"ca_ES\" \/>\n<meta property=\"og:type\" content=\"article\" \/>\n<meta property=\"og:title\" content=\"Assentaments de poblaci\u00f3 programats (1): Tipologia - El turista tranquil\" \/>\n<meta property=\"og:description\" content=\"L\u00b4objectiu d\u00b4aquest Post i el seg\u00fcent \u00e9s presentar conceptes com colonitzaci\u00f3, noves poblacions, col\u00f2nies industrials, urbanitzacions\u2026 que s\u00b4han aplicat a assentaments programats al llarg de la hist\u00f2ria d\u00b4Espanya.\" \/>\n<meta property=\"og:url\" content=\"https:\/\/www.elturistatranquil.com\/ca\/assentaments-de-poblacio-programats-1-tipologia\/\" \/>\n<meta property=\"og:site_name\" content=\"El turista tranquil\" \/>\n<meta property=\"article:publisher\" content=\"https:\/\/www.facebook.com\/elturistatranquilo\/\" \/>\n<meta property=\"article:published_time\" content=\"2023-11-30T16:47:35+00:00\" \/>\n<meta property=\"article:modified_time\" content=\"2025-09-13T08:37:25+00:00\" \/>\n<meta property=\"og:image\" content=\"https:\/\/www.elturistatranquil.com\/wp-content\/uploads\/F01-Plano-de-las-Nuevas-Poblaciones-de-Sierra-Morena-por-Rodolfo-de-Leon-Sarmiento-1782.jpg\" \/>\n\t<meta property=\"og:image:width\" content=\"768\" \/>\n\t<meta property=\"og:image:height\" content=\"512\" \/>\n\t<meta property=\"og:image:type\" content=\"image\/jpeg\" \/>\n<meta name=\"author\" content=\"admin\" \/>\n<meta name=\"twitter:card\" content=\"summary_large_image\" \/>\n<meta name=\"twitter:label1\" content=\"Escrit per\" \/>\n\t<meta name=\"twitter:data1\" content=\"admin\" \/>\n\t<meta name=\"twitter:label2\" content=\"Temps estimat de lectura\" \/>\n\t<meta name=\"twitter:data2\" content=\"42 minuts\" \/>\n<script type=\"application\/ld+json\" class=\"yoast-schema-graph\">{\"@context\":\"https:\\\/\\\/schema.org\",\"@graph\":[{\"@type\":\"Article\",\"@id\":\"https:\\\/\\\/www.elturistatranquil.com\\\/ca\\\/assentaments-de-poblacio-programats-1-tipologia\\\/#article\",\"isPartOf\":{\"@id\":\"https:\\\/\\\/www.elturistatranquil.com\\\/ca\\\/assentaments-de-poblacio-programats-1-tipologia\\\/\"},\"author\":{\"name\":\"admin\",\"@id\":\"https:\\\/\\\/www.elturistatranquil.com\\\/ca\\\/#\\\/schema\\\/person\\\/16f607c3079b96ed0c530a52e6b58bb5\"},\"headline\":\"Assentaments de poblaci\u00f3 programats (1): Tipologia\",\"datePublished\":\"2023-11-30T16:47:35+00:00\",\"dateModified\":\"2025-09-13T08:37:25+00:00\",\"mainEntityOfPage\":{\"@id\":\"https:\\\/\\\/www.elturistatranquil.com\\\/ca\\\/assentaments-de-poblacio-programats-1-tipologia\\\/\"},\"wordCount\":7888,\"commentCount\":0,\"image\":{\"@id\":\"https:\\\/\\\/www.elturistatranquil.com\\\/ca\\\/assentaments-de-poblacio-programats-1-tipologia\\\/#primaryimage\"},\"thumbnailUrl\":\"https:\\\/\\\/www.elturistatranquil.com\\\/wp-content\\\/uploads\\\/F01-Plano-de-las-Nuevas-Poblaciones-de-Sierra-Morena-por-Rodolfo-de-Leon-Sarmiento-1782.jpg\",\"articleSection\":[\"Assentaments programats\",\"Historia\",\"Hist\u00f2ria\",\"Posts conceptuales\",\"Posts conceptuals\",\"Urbanisme\",\"Urbanismo\"],\"inLanguage\":\"ca\",\"potentialAction\":[{\"@type\":\"CommentAction\",\"name\":\"Comment\",\"target\":[\"https:\\\/\\\/www.elturistatranquil.com\\\/ca\\\/assentaments-de-poblacio-programats-1-tipologia\\\/#respond\"]}]},{\"@type\":\"WebPage\",\"@id\":\"https:\\\/\\\/www.elturistatranquil.com\\\/ca\\\/assentaments-de-poblacio-programats-1-tipologia\\\/\",\"url\":\"https:\\\/\\\/www.elturistatranquil.com\\\/ca\\\/assentaments-de-poblacio-programats-1-tipologia\\\/\",\"name\":\"Assentaments de poblaci\u00f3 programats (1): Tipologia - El turista tranquil\",\"isPartOf\":{\"@id\":\"https:\\\/\\\/www.elturistatranquil.com\\\/ca\\\/#website\"},\"primaryImageOfPage\":{\"@id\":\"https:\\\/\\\/www.elturistatranquil.com\\\/ca\\\/assentaments-de-poblacio-programats-1-tipologia\\\/#primaryimage\"},\"image\":{\"@id\":\"https:\\\/\\\/www.elturistatranquil.com\\\/ca\\\/assentaments-de-poblacio-programats-1-tipologia\\\/#primaryimage\"},\"thumbnailUrl\":\"https:\\\/\\\/www.elturistatranquil.com\\\/wp-content\\\/uploads\\\/F01-Plano-de-las-Nuevas-Poblaciones-de-Sierra-Morena-por-Rodolfo-de-Leon-Sarmiento-1782.jpg\",\"datePublished\":\"2023-11-30T16:47:35+00:00\",\"dateModified\":\"2025-09-13T08:37:25+00:00\",\"author\":{\"@id\":\"https:\\\/\\\/www.elturistatranquil.com\\\/ca\\\/#\\\/schema\\\/person\\\/16f607c3079b96ed0c530a52e6b58bb5\"},\"description\":\"L\u00b4objectiu d\u00b4aquest Post i el seg\u00fcent \u00e9s presentar conceptes com colonitzaci\u00f3, noves poblacions, col\u00f2nies industrials, urbanitzacions\u2026 que s\u00b4han aplicat a assentaments programats al llarg de la hist\u00f2ria d\u00b4Espanya.\",\"breadcrumb\":{\"@id\":\"https:\\\/\\\/www.elturistatranquil.com\\\/ca\\\/assentaments-de-poblacio-programats-1-tipologia\\\/#breadcrumb\"},\"inLanguage\":\"ca\",\"potentialAction\":[{\"@type\":\"ReadAction\",\"target\":[\"https:\\\/\\\/www.elturistatranquil.com\\\/ca\\\/assentaments-de-poblacio-programats-1-tipologia\\\/\"]}]},{\"@type\":\"ImageObject\",\"inLanguage\":\"ca\",\"@id\":\"https:\\\/\\\/www.elturistatranquil.com\\\/ca\\\/assentaments-de-poblacio-programats-1-tipologia\\\/#primaryimage\",\"url\":\"https:\\\/\\\/www.elturistatranquil.com\\\/wp-content\\\/uploads\\\/F01-Plano-de-las-Nuevas-Poblaciones-de-Sierra-Morena-por-Rodolfo-de-Leon-Sarmiento-1782.jpg\",\"contentUrl\":\"https:\\\/\\\/www.elturistatranquil.com\\\/wp-content\\\/uploads\\\/F01-Plano-de-las-Nuevas-Poblaciones-de-Sierra-Morena-por-Rodolfo-de-Leon-Sarmiento-1782.jpg\",\"width\":768,\"height\":512,\"caption\":\"Plano de las Nuevas Poblaciones de Sierra Morena por Rodolfo de Le\u00f3n Sarmiento (1782)\"},{\"@type\":\"BreadcrumbList\",\"@id\":\"https:\\\/\\\/www.elturistatranquil.com\\\/ca\\\/assentaments-de-poblacio-programats-1-tipologia\\\/#breadcrumb\",\"itemListElement\":[{\"@type\":\"ListItem\",\"position\":1,\"name\":\"Portada\",\"item\":\"https:\\\/\\\/www.elturistatranquil.com\\\/ca\\\/\"},{\"@type\":\"ListItem\",\"position\":2,\"name\":\"Assentaments de poblaci\u00f3 programats (1): Tipologia\"}]},{\"@type\":\"WebSite\",\"@id\":\"https:\\\/\\\/www.elturistatranquil.com\\\/ca\\\/#website\",\"url\":\"https:\\\/\\\/www.elturistatranquil.com\\\/ca\\\/\",\"name\":\"El turista tranquil\",\"description\":\"Blog de viatges\",\"potentialAction\":[{\"@type\":\"SearchAction\",\"target\":{\"@type\":\"EntryPoint\",\"urlTemplate\":\"https:\\\/\\\/www.elturistatranquil.com\\\/ca\\\/?s={search_term_string}\"},\"query-input\":{\"@type\":\"PropertyValueSpecification\",\"valueRequired\":true,\"valueName\":\"search_term_string\"}}],\"inLanguage\":\"ca\"},{\"@type\":\"Person\",\"@id\":\"https:\\\/\\\/www.elturistatranquil.com\\\/ca\\\/#\\\/schema\\\/person\\\/16f607c3079b96ed0c530a52e6b58bb5\",\"name\":\"admin\",\"image\":{\"@type\":\"ImageObject\",\"inLanguage\":\"ca\",\"@id\":\"https:\\\/\\\/secure.gravatar.com\\\/avatar\\\/1fbaf22aee75fcbb29a2f97b107f95d25d3a19b7c3416105be10269872673e8d?s=96&d=mm&r=g\",\"url\":\"https:\\\/\\\/secure.gravatar.com\\\/avatar\\\/1fbaf22aee75fcbb29a2f97b107f95d25d3a19b7c3416105be10269872673e8d?s=96&d=mm&r=g\",\"contentUrl\":\"https:\\\/\\\/secure.gravatar.com\\\/avatar\\\/1fbaf22aee75fcbb29a2f97b107f95d25d3a19b7c3416105be10269872673e8d?s=96&d=mm&r=g\",\"caption\":\"admin\"}}]}<\/script>\n<!-- \/ Yoast SEO plugin. -->","yoast_head_json":{"title":"Assentaments de poblaci\u00f3 programats (1): Tipologia - El turista tranquil","description":"L\u00b4objectiu d\u00b4aquest Post i el seg\u00fcent \u00e9s presentar conceptes com colonitzaci\u00f3, noves poblacions, col\u00f2nies industrials, urbanitzacions\u2026 que s\u00b4han aplicat a assentaments programats al llarg de la hist\u00f2ria d\u00b4Espanya.","robots":{"index":"index","follow":"follow","max-snippet":"max-snippet:-1","max-image-preview":"max-image-preview:large","max-video-preview":"max-video-preview:-1"},"canonical":"https:\/\/www.elturistatranquil.com\/ca\/assentaments-de-poblacio-programats-1-tipologia\/","og_locale":"ca_ES","og_type":"article","og_title":"Assentaments de poblaci\u00f3 programats (1): Tipologia - El turista tranquil","og_description":"L\u00b4objectiu d\u00b4aquest Post i el seg\u00fcent \u00e9s presentar conceptes com colonitzaci\u00f3, noves poblacions, col\u00f2nies industrials, urbanitzacions\u2026 que s\u00b4han aplicat a assentaments programats al llarg de la hist\u00f2ria d\u00b4Espanya.","og_url":"https:\/\/www.elturistatranquil.com\/ca\/assentaments-de-poblacio-programats-1-tipologia\/","og_site_name":"El turista tranquil","article_publisher":"https:\/\/www.facebook.com\/elturistatranquilo\/","article_published_time":"2023-11-30T16:47:35+00:00","article_modified_time":"2025-09-13T08:37:25+00:00","og_image":[{"width":768,"height":512,"url":"https:\/\/www.elturistatranquil.com\/wp-content\/uploads\/F01-Plano-de-las-Nuevas-Poblaciones-de-Sierra-Morena-por-Rodolfo-de-Leon-Sarmiento-1782.jpg","type":"image\/jpeg"}],"author":"admin","twitter_card":"summary_large_image","twitter_misc":{"Escrit per":"admin","Temps estimat de lectura":"42 minuts"},"schema":{"@context":"https:\/\/schema.org","@graph":[{"@type":"Article","@id":"https:\/\/www.elturistatranquil.com\/ca\/assentaments-de-poblacio-programats-1-tipologia\/#article","isPartOf":{"@id":"https:\/\/www.elturistatranquil.com\/ca\/assentaments-de-poblacio-programats-1-tipologia\/"},"author":{"name":"admin","@id":"https:\/\/www.elturistatranquil.com\/ca\/#\/schema\/person\/16f607c3079b96ed0c530a52e6b58bb5"},"headline":"Assentaments de poblaci\u00f3 programats (1): Tipologia","datePublished":"2023-11-30T16:47:35+00:00","dateModified":"2025-09-13T08:37:25+00:00","mainEntityOfPage":{"@id":"https:\/\/www.elturistatranquil.com\/ca\/assentaments-de-poblacio-programats-1-tipologia\/"},"wordCount":7888,"commentCount":0,"image":{"@id":"https:\/\/www.elturistatranquil.com\/ca\/assentaments-de-poblacio-programats-1-tipologia\/#primaryimage"},"thumbnailUrl":"https:\/\/www.elturistatranquil.com\/wp-content\/uploads\/F01-Plano-de-las-Nuevas-Poblaciones-de-Sierra-Morena-por-Rodolfo-de-Leon-Sarmiento-1782.jpg","articleSection":["Assentaments programats","Historia","Hist\u00f2ria","Posts conceptuales","Posts conceptuals","Urbanisme","Urbanismo"],"inLanguage":"ca","potentialAction":[{"@type":"CommentAction","name":"Comment","target":["https:\/\/www.elturistatranquil.com\/ca\/assentaments-de-poblacio-programats-1-tipologia\/#respond"]}]},{"@type":"WebPage","@id":"https:\/\/www.elturistatranquil.com\/ca\/assentaments-de-poblacio-programats-1-tipologia\/","url":"https:\/\/www.elturistatranquil.com\/ca\/assentaments-de-poblacio-programats-1-tipologia\/","name":"Assentaments de poblaci\u00f3 programats (1): Tipologia - El turista tranquil","isPartOf":{"@id":"https:\/\/www.elturistatranquil.com\/ca\/#website"},"primaryImageOfPage":{"@id":"https:\/\/www.elturistatranquil.com\/ca\/assentaments-de-poblacio-programats-1-tipologia\/#primaryimage"},"image":{"@id":"https:\/\/www.elturistatranquil.com\/ca\/assentaments-de-poblacio-programats-1-tipologia\/#primaryimage"},"thumbnailUrl":"https:\/\/www.elturistatranquil.com\/wp-content\/uploads\/F01-Plano-de-las-Nuevas-Poblaciones-de-Sierra-Morena-por-Rodolfo-de-Leon-Sarmiento-1782.jpg","datePublished":"2023-11-30T16:47:35+00:00","dateModified":"2025-09-13T08:37:25+00:00","author":{"@id":"https:\/\/www.elturistatranquil.com\/ca\/#\/schema\/person\/16f607c3079b96ed0c530a52e6b58bb5"},"description":"L\u00b4objectiu d\u00b4aquest Post i el seg\u00fcent \u00e9s presentar conceptes com colonitzaci\u00f3, noves poblacions, col\u00f2nies industrials, urbanitzacions\u2026 que s\u00b4han aplicat a assentaments programats al llarg de la hist\u00f2ria d\u00b4Espanya.","breadcrumb":{"@id":"https:\/\/www.elturistatranquil.com\/ca\/assentaments-de-poblacio-programats-1-tipologia\/#breadcrumb"},"inLanguage":"ca","potentialAction":[{"@type":"ReadAction","target":["https:\/\/www.elturistatranquil.com\/ca\/assentaments-de-poblacio-programats-1-tipologia\/"]}]},{"@type":"ImageObject","inLanguage":"ca","@id":"https:\/\/www.elturistatranquil.com\/ca\/assentaments-de-poblacio-programats-1-tipologia\/#primaryimage","url":"https:\/\/www.elturistatranquil.com\/wp-content\/uploads\/F01-Plano-de-las-Nuevas-Poblaciones-de-Sierra-Morena-por-Rodolfo-de-Leon-Sarmiento-1782.jpg","contentUrl":"https:\/\/www.elturistatranquil.com\/wp-content\/uploads\/F01-Plano-de-las-Nuevas-Poblaciones-de-Sierra-Morena-por-Rodolfo-de-Leon-Sarmiento-1782.jpg","width":768,"height":512,"caption":"Plano de las Nuevas Poblaciones de Sierra Morena por Rodolfo de Le\u00f3n Sarmiento (1782)"},{"@type":"BreadcrumbList","@id":"https:\/\/www.elturistatranquil.com\/ca\/assentaments-de-poblacio-programats-1-tipologia\/#breadcrumb","itemListElement":[{"@type":"ListItem","position":1,"name":"Portada","item":"https:\/\/www.elturistatranquil.com\/ca\/"},{"@type":"ListItem","position":2,"name":"Assentaments de poblaci\u00f3 programats (1): Tipologia"}]},{"@type":"WebSite","@id":"https:\/\/www.elturistatranquil.com\/ca\/#website","url":"https:\/\/www.elturistatranquil.com\/ca\/","name":"El turista tranquil","description":"Blog de viatges","potentialAction":[{"@type":"SearchAction","target":{"@type":"EntryPoint","urlTemplate":"https:\/\/www.elturistatranquil.com\/ca\/?s={search_term_string}"},"query-input":{"@type":"PropertyValueSpecification","valueRequired":true,"valueName":"search_term_string"}}],"inLanguage":"ca"},{"@type":"Person","@id":"https:\/\/www.elturistatranquil.com\/ca\/#\/schema\/person\/16f607c3079b96ed0c530a52e6b58bb5","name":"admin","image":{"@type":"ImageObject","inLanguage":"ca","@id":"https:\/\/secure.gravatar.com\/avatar\/1fbaf22aee75fcbb29a2f97b107f95d25d3a19b7c3416105be10269872673e8d?s=96&d=mm&r=g","url":"https:\/\/secure.gravatar.com\/avatar\/1fbaf22aee75fcbb29a2f97b107f95d25d3a19b7c3416105be10269872673e8d?s=96&d=mm&r=g","contentUrl":"https:\/\/secure.gravatar.com\/avatar\/1fbaf22aee75fcbb29a2f97b107f95d25d3a19b7c3416105be10269872673e8d?s=96&d=mm&r=g","caption":"admin"}}]}},"_links":{"self":[{"href":"https:\/\/www.elturistatranquil.com\/ca\/wp-json\/wp\/v2\/posts\/50143","targetHints":{"allow":["GET"]}}],"collection":[{"href":"https:\/\/www.elturistatranquil.com\/ca\/wp-json\/wp\/v2\/posts"}],"about":[{"href":"https:\/\/www.elturistatranquil.com\/ca\/wp-json\/wp\/v2\/types\/post"}],"author":[{"embeddable":true,"href":"https:\/\/www.elturistatranquil.com\/ca\/wp-json\/wp\/v2\/users\/1"}],"replies":[{"embeddable":true,"href":"https:\/\/www.elturistatranquil.com\/ca\/wp-json\/wp\/v2\/comments?post=50143"}],"version-history":[{"count":8,"href":"https:\/\/www.elturistatranquil.com\/ca\/wp-json\/wp\/v2\/posts\/50143\/revisions"}],"predecessor-version":[{"id":61752,"href":"https:\/\/www.elturistatranquil.com\/ca\/wp-json\/wp\/v2\/posts\/50143\/revisions\/61752"}],"wp:featuredmedia":[{"embeddable":true,"href":"https:\/\/www.elturistatranquil.com\/ca\/wp-json\/wp\/v2\/media\/50017"}],"wp:attachment":[{"href":"https:\/\/www.elturistatranquil.com\/ca\/wp-json\/wp\/v2\/media?parent=50143"}],"wp:term":[{"taxonomy":"category","embeddable":true,"href":"https:\/\/www.elturistatranquil.com\/ca\/wp-json\/wp\/v2\/categories?post=50143"},{"taxonomy":"post_tag","embeddable":true,"href":"https:\/\/www.elturistatranquil.com\/ca\/wp-json\/wp\/v2\/tags?post=50143"}],"curies":[{"name":"wp","href":"https:\/\/api.w.org\/{rel}","templated":true}]}}