{"id":50948,"date":"2024-02-03T22:34:12","date_gmt":"2024-02-03T21:34:12","guid":{"rendered":"https:\/\/www.elturistatranquil.com\/?p=50948"},"modified":"2024-02-03T22:34:21","modified_gmt":"2024-02-03T21:34:21","slug":"el-castillejo-castell-de-saelices-i-pont-roma-conca","status":"publish","type":"post","link":"https:\/\/www.elturistatranquil.com\/ca\/el-castillejo-castell-de-saelices-i-pont-roma-conca\/","title":{"rendered":"El Castillejo (Castell de Saelices) i pont rom\u00e0 (Conca)"},"content":{"rendered":"\t\t<div data-elementor-type=\"wp-post\" data-elementor-id=\"50948\" class=\"elementor elementor-50948 elementor-50714\" data-elementor-post-type=\"post\">\n\t\t\t\t\t\t<section class=\"elementor-section elementor-top-section elementor-element elementor-element-42503e91 elementor-section-boxed elementor-section-height-default elementor-section-height-default\" data-id=\"42503e91\" data-element_type=\"section\" data-e-type=\"section\">\n\t\t\t\t\t\t<div class=\"elementor-container elementor-column-gap-default\">\n\t\t\t\t\t<div class=\"elementor-column elementor-col-100 elementor-top-column elementor-element elementor-element-6b4bf3ae\" data-id=\"6b4bf3ae\" data-element_type=\"column\" data-e-type=\"column\">\n\t\t\t<div class=\"elementor-widget-wrap elementor-element-populated\">\n\t\t\t\t\t\t<section class=\"elementor-section elementor-inner-section elementor-element elementor-element-3b50986e elementor-section-content-middle elementor-section-boxed elementor-section-height-default elementor-section-height-default\" data-id=\"3b50986e\" data-element_type=\"section\" data-e-type=\"section\">\n\t\t\t\t\t\t<div class=\"elementor-container elementor-column-gap-default\">\n\t\t\t\t\t<div class=\"elementor-column elementor-col-100 elementor-inner-column elementor-element elementor-element-6a8da3ad\" data-id=\"6a8da3ad\" data-element_type=\"column\" data-e-type=\"column\">\n\t\t\t<div class=\"elementor-widget-wrap elementor-element-populated\">\n\t\t\t\t\t\t<div class=\"elementor-element elementor-element-91ae5d6 elementor-widget elementor-widget-text-editor\" data-id=\"91ae5d6\" data-element_type=\"widget\" data-e-type=\"widget\" data-widget_type=\"text-editor.default\">\n\t\t\t\t<div class=\"elementor-widget-container\">\n\t\t\t\t\t\t\t\t\t<p><strong>El Castillejo<\/strong> (Saelices, Conca) \u00e9s una fortificaci\u00f3 medieval reconvertida en castell senyorial, a\u00efllada i amb caracter\u00edstiques constructives molt particulars. A pocs metres, un humil <strong>pont rom\u00e0<\/strong> de gran solidesa constructiva.<\/p>\t\t\t\t\t\t\t\t<\/div>\n\t\t\t\t<\/div>\n\t\t\t\t\t<\/div>\n\t\t<\/div>\n\t\t\t\t\t<\/div>\n\t\t<\/section>\n\t\t\t\t<div class=\"elementor-element elementor-element-7e714f9f elementor-widget elementor-widget-heading\" data-id=\"7e714f9f\" data-element_type=\"widget\" data-e-type=\"widget\" data-widget_type=\"heading.default\">\n\t\t\t\t<div class=\"elementor-widget-container\">\n\t\t\t\t\t<h1 class=\"elementor-heading-title elementor-size-default\">El Castillejo (Castell de Saelices) i pont rom\u00e0 (Conca)\n\n<\/h1>\t\t\t\t<\/div>\n\t\t\t\t<\/div>\n\t\t\t\t\t<\/div>\n\t\t<\/div>\n\t\t\t\t\t<\/div>\n\t\t<\/section>\n\t\t\t\t<section class=\"elementor-section elementor-top-section elementor-element elementor-element-53058d72 elementor-section-boxed elementor-section-height-default elementor-section-height-default\" data-id=\"53058d72\" data-element_type=\"section\" data-e-type=\"section\">\n\t\t\t\t\t\t<div class=\"elementor-container elementor-column-gap-default\">\n\t\t\t\t\t<div class=\"elementor-column elementor-col-100 elementor-top-column elementor-element elementor-element-201532a1\" data-id=\"201532a1\" data-element_type=\"column\" data-e-type=\"column\">\n\t\t\t<div class=\"elementor-widget-wrap elementor-element-populated\">\n\t\t\t\t\t\t<div class=\"elementor-element elementor-element-3e1612cc elementor-widget elementor-widget-image\" data-id=\"3e1612cc\" data-element_type=\"widget\" data-e-type=\"widget\" data-widget_type=\"image.default\">\n\t\t\t\t<div class=\"elementor-widget-container\">\n\t\t\t\t\t\t\t\t\t\t\t\t<figure class=\"wp-caption\">\n\t\t\t\t\t\t\t\t\t\t<img fetchpriority=\"high\" decoding=\"async\" width=\"768\" height=\"512\" src=\"https:\/\/www.elturistatranquil.com\/wp-content\/uploads\/F01-Castillo-El-Castilejo-Saelices-Cuenca-Google-earth-2024-01-23-2.jpg\" class=\"attachment-large size-large wp-image-50724\" alt=\"Castillo El Castillejo, Saelices, Cuenca (Google earth 2024-01-23)-2\" srcset=\"https:\/\/www.elturistatranquil.com\/wp-content\/uploads\/F01-Castillo-El-Castilejo-Saelices-Cuenca-Google-earth-2024-01-23-2.jpg 768w, https:\/\/www.elturistatranquil.com\/wp-content\/uploads\/F01-Castillo-El-Castilejo-Saelices-Cuenca-Google-earth-2024-01-23-2-339x226.jpg 339w\" sizes=\"(max-width: 768px) 100vw, 768px\" \/>\t\t\t\t\t\t\t\t\t\t\t<figcaption class=\"widget-image-caption wp-caption-text\">Castell de Saelices i rodalies (Google earth 2024-01-23)<\/figcaption>\n\t\t\t\t\t\t\t\t\t\t<\/figure>\n\t\t\t\t\t\t\t\t\t<\/div>\n\t\t\t\t<\/div>\n\t\t\t\t<div class=\"elementor-element elementor-element-2cc0b81a elementor-widget elementor-widget-spacer\" data-id=\"2cc0b81a\" data-element_type=\"widget\" data-e-type=\"widget\" data-widget_type=\"spacer.default\">\n\t\t\t\t<div class=\"elementor-widget-container\">\n\t\t\t\t\t\t\t<div class=\"elementor-spacer\">\n\t\t\t<div class=\"elementor-spacer-inner\"><\/div>\n\t\t<\/div>\n\t\t\t\t\t\t<\/div>\n\t\t\t\t<\/div>\n\t\t\t\t<section class=\"elementor-section elementor-inner-section elementor-element elementor-element-1b3b6636 elementor-section-boxed elementor-section-height-default elementor-section-height-default\" data-id=\"1b3b6636\" data-element_type=\"section\" data-e-type=\"section\" data-settings=\"{&quot;background_background&quot;:&quot;classic&quot;}\">\n\t\t\t\t\t\t\t<div class=\"elementor-background-overlay\"><\/div>\n\t\t\t\t\t\t\t<div class=\"elementor-container elementor-column-gap-default\">\n\t\t\t\t\t<div class=\"elementor-column elementor-col-100 elementor-inner-column elementor-element elementor-element-2725baff\" data-id=\"2725baff\" data-element_type=\"column\" data-e-type=\"column\" data-settings=\"{&quot;background_background&quot;:&quot;classic&quot;}\">\n\t\t\t<div class=\"elementor-widget-wrap elementor-element-populated\">\n\t\t\t\t\t\t<div class=\"elementor-element elementor-element-65bb999c elementor-widget elementor-widget-text-editor\" data-id=\"65bb999c\" data-element_type=\"widget\" data-e-type=\"widget\" data-widget_type=\"text-editor.default\">\n\t\t\t\t<div class=\"elementor-widget-container\">\n\t\t\t\t\t\t\t\t\t<p>Municipi: Saelices\u00a0\u00a0 Comarca: La Mancha conquense. Prov\u00edncia: Cuenca. Com. Aut\u00f2noma: Castilla-La Mancha<\/p><p>Coordenades Castillo: 39\u00b053&#8217;21.6&#8243;N 2\u00b046&#8217;36.5&#8243;O. Altitud: 835 msnm<\/p><p>Coordenades Pont rom\u00e0: 39\u00b053&#8217;14.4&#8243;N 2\u00b046&#8217;23.8&#8243;O.\u00a0 Altitud: 807 msnm<\/p><p>Visita: 2022<\/p>\t\t\t\t\t\t\t\t<\/div>\n\t\t\t\t<\/div>\n\t\t\t\t\t<\/div>\n\t\t<\/div>\n\t\t\t\t\t<\/div>\n\t\t<\/section>\n\t\t\t\t<div class=\"elementor-element elementor-element-5c693323 elementor-widget elementor-widget-image\" data-id=\"5c693323\" data-element_type=\"widget\" data-e-type=\"widget\" data-widget_type=\"image.default\">\n\t\t\t\t<div class=\"elementor-widget-container\">\n\t\t\t\t\t\t\t\t\t\t\t\t<figure class=\"wp-caption\">\n\t\t\t\t\t\t\t\t\t\t<img decoding=\"async\" width=\"768\" height=\"512\" src=\"https:\/\/www.elturistatranquil.com\/wp-content\/uploads\/F02c-Mapa-de-situacio-del-Castell-El-Castillejo-Saelices-Cuenca-Google-maps-2024-01-23.jpg\" class=\"attachment-medium_large size-medium_large wp-image-50950\" alt=\"Mapa de situaci\u00f3 del Castell El Castillejo, Saelices, Conca (Google maps 2024-01-23)\" srcset=\"https:\/\/www.elturistatranquil.com\/wp-content\/uploads\/\/F02c-Mapa-de-situacio-del-Castell-El-Castillejo-Saelices-Cuenca-Google-maps-2024-01-23.jpg 768w, https:\/\/www.elturistatranquil.com\/wp-content\/uploads\/\/F02c-Mapa-de-situacio-del-Castell-El-Castillejo-Saelices-Cuenca-Google-maps-2024-01-23-339x226.jpg 339w\" sizes=\"(max-width: 768px) 100vw, 768px\" \/>\t\t\t\t\t\t\t\t\t\t\t<figcaption class=\"widget-image-caption wp-caption-text\">Mapa de situaci\u00f3 del castell de Saelices (Google maps 2024-01-23)<\/figcaption>\n\t\t\t\t\t\t\t\t\t\t<\/figure>\n\t\t\t\t\t\t\t\t\t<\/div>\n\t\t\t\t<\/div>\n\t\t\t\t<div class=\"elementor-element elementor-element-b1da703 elementor-widget elementor-widget-spacer\" data-id=\"b1da703\" data-element_type=\"widget\" data-e-type=\"widget\" data-widget_type=\"spacer.default\">\n\t\t\t\t<div class=\"elementor-widget-container\">\n\t\t\t\t\t\t\t<div class=\"elementor-spacer\">\n\t\t\t<div class=\"elementor-spacer-inner\"><\/div>\n\t\t<\/div>\n\t\t\t\t\t\t<\/div>\n\t\t\t\t<\/div>\n\t\t\t\t<div class=\"elementor-element elementor-element-1789553a elementor-toc--minimized-on-tablet elementor-widget elementor-widget-table-of-contents\" data-id=\"1789553a\" data-element_type=\"widget\" data-e-type=\"widget\" data-settings=\"{&quot;headings_by_tags&quot;:[&quot;h2&quot;,&quot;h3&quot;,&quot;h4&quot;],&quot;marker_view&quot;:&quot;bullets&quot;,&quot;icon&quot;:{&quot;value&quot;:&quot;&quot;,&quot;library&quot;:&quot;&quot;},&quot;no_headings_message&quot;:&quot;No s&#039;ha trobat cap encap\\u00e7alament en aquesta p\\u00e0gina.&quot;,&quot;minimize_box&quot;:&quot;yes&quot;,&quot;minimized_on&quot;:&quot;tablet&quot;,&quot;hierarchical_view&quot;:&quot;yes&quot;,&quot;min_height&quot;:{&quot;unit&quot;:&quot;px&quot;,&quot;size&quot;:&quot;&quot;,&quot;sizes&quot;:[]},&quot;min_height_tablet&quot;:{&quot;unit&quot;:&quot;px&quot;,&quot;size&quot;:&quot;&quot;,&quot;sizes&quot;:[]},&quot;min_height_mobile&quot;:{&quot;unit&quot;:&quot;px&quot;,&quot;size&quot;:&quot;&quot;,&quot;sizes&quot;:[]}}\" data-widget_type=\"table-of-contents.default\">\n\t\t\t\t<div class=\"elementor-widget-container\">\n\t\t\t\t\t\t\t\t\t<div class=\"elementor-toc__header\">\n\t\t\t\t\t\t<h4 class=\"elementor-toc__header-title\">\n\t\t\t\t\u00cdndex\t\t\t<\/h4>\n\t\t\t\t\t\t\t\t\t\t<div class=\"elementor-toc__toggle-button elementor-toc__toggle-button--expand\" role=\"button\" tabindex=\"0\" aria-controls=\"elementor-toc__1789553a\" aria-expanded=\"true\" aria-label=\"Open table of contents\"><i aria-hidden=\"true\" class=\"fas fa-chevron-down\"><\/i><\/div>\n\t\t\t\t<div class=\"elementor-toc__toggle-button elementor-toc__toggle-button--collapse\" role=\"button\" tabindex=\"0\" aria-controls=\"elementor-toc__1789553a\" aria-expanded=\"true\" aria-label=\"Close table of contents\"><i aria-hidden=\"true\" class=\"fas fa-chevron-up\"><\/i><\/div>\n\t\t\t\t\t<\/div>\n\t\t\t\t<div id=\"elementor-toc__1789553a\" class=\"elementor-toc__body\">\n\t\t\t<div class=\"elementor-toc__spinner-container\">\n\t\t\t\t<i class=\"elementor-toc__spinner eicon-animation-spin eicon-loading\" aria-hidden=\"true\"><\/i>\t\t\t<\/div>\n\t\t<\/div>\n\t\t\t\t\t\t<\/div>\n\t\t\t\t<\/div>\n\t\t\t\t<div class=\"elementor-element elementor-element-8c7b059 elementor-widget elementor-widget-menu-anchor\" data-id=\"8c7b059\" data-element_type=\"widget\" data-e-type=\"widget\" data-widget_type=\"menu-anchor.default\">\n\t\t\t\t<div class=\"elementor-widget-container\">\n\t\t\t\t\t\t\t<div class=\"elementor-menu-anchor\" id=\"a0101-EnlaceaunpuntodentrodelPost\"><\/div>\n\t\t\t\t\t\t<\/div>\n\t\t\t\t<\/div>\n\t\t\t\t<div class=\"elementor-element elementor-element-1a961658 elementor-widget elementor-widget-spacer\" data-id=\"1a961658\" data-element_type=\"widget\" data-e-type=\"widget\" data-widget_type=\"spacer.default\">\n\t\t\t\t<div class=\"elementor-widget-container\">\n\t\t\t\t\t\t\t<div class=\"elementor-spacer\">\n\t\t\t<div class=\"elementor-spacer-inner\"><\/div>\n\t\t<\/div>\n\t\t\t\t\t\t<\/div>\n\t\t\t\t<\/div>\n\t\t\t\t<div class=\"elementor-element elementor-element-ef6ab42 elementor-widget elementor-widget-heading\" data-id=\"ef6ab42\" data-element_type=\"widget\" data-e-type=\"widget\" data-widget_type=\"heading.default\">\n\t\t\t\t<div class=\"elementor-widget-container\">\n\t\t\t\t\t<h2 class=\"elementor-heading-title elementor-size-default\">El Castillejo (Castell de Saelices), torre i pont rom\u00e0. Saelices. Conca<\/h2>\t\t\t\t<\/div>\n\t\t\t\t<\/div>\n\t\t\t\t<div class=\"elementor-element elementor-element-26a2f126 elementor-widget elementor-widget-text-editor\" data-id=\"26a2f126\" data-element_type=\"widget\" data-e-type=\"widget\" data-widget_type=\"text-editor.default\">\n\t\t\t\t<div class=\"elementor-widget-container\">\n\t\t\t\t\t\t\t\t\t<p>Ni el castell ni el pont rom\u00e0 reben atenci\u00f3 a les entrades generalistes d&#8217;Internet -sobre llocs o tur\u00edstiques-, nom\u00e9s es troben en p\u00e0gines destinades concretament a ells, malgrat que gen\u00e8ricament, com tot castell, sigui considerat com a B\u00e9 d&#8217;Inter\u00e8s Cultural, no se l&#8217;inclou espec\u00edficament al cat\u00e0leg oficial.<\/p><p>Per exemple, no consten al Cat\u00e0leg de Patrimoni Cultural de Castilla-La Mancha; ni tan sols a la web de l&#8217;Ajuntament de Saelices (de fet, a la seva web oficial no hi ha res sobre turisme del municipi); ni a Turisme de Castilla-La Mancha a la seva p\u00e0gina sobre Saelices i els seus voltants. Tampoc no es troba a Wikipedia.<\/p><p>En aquestes condicions de desinformaci\u00f3, no \u00e9s estrany que no hi hagi cap senyalitzaci\u00f3. Per arribar-hi agafarem la CM-310, i a pocs metres al sud de la sortida de Saelices a la A-3, un trencall cap a l&#8217;est amb senyalitzaci\u00f3 <em>de <\/em>. A 150 metres, a la dreta en direcci\u00f3 sud, surt un cam\u00ed carreter que \u00e9s el que porta al Castell i al pont rom\u00e0.<\/p><p>Cal assenyalar que molta de la informaci\u00f3 que es troba a Internet sobre El Castillejo, i els comentaris conseg\u00fcents sobre el seu estat d&#8217;abandonament i deteriorament, \u00e9s anterior a les obres de rehabilitaci\u00f3 que va efectuar la Diputaci\u00f3 de Conca l&#8217;any 2019. Per tant, el que ara trobem s\u00f3n unes ru\u00efnes consolidades, i certs elements de les \u201cfantasies\u201d del rehabilitador incorporats.<\/p>\t\t\t\t\t\t\t\t<\/div>\n\t\t\t\t<\/div>\n\t\t\t\t<div class=\"elementor-element elementor-element-201c1223 elementor-widget elementor-widget-heading\" data-id=\"201c1223\" data-element_type=\"widget\" data-e-type=\"widget\" data-widget_type=\"heading.default\">\n\t\t\t\t<div class=\"elementor-widget-container\">\n\t\t\t\t\t<h2 class=\"elementor-heading-title elementor-size-default\">El Castillejo <\/h2>\t\t\t\t<\/div>\n\t\t\t\t<\/div>\n\t\t\t\t<div class=\"elementor-element elementor-element-e365b1f elementor-widget elementor-widget-text-editor\" data-id=\"e365b1f\" data-element_type=\"widget\" data-e-type=\"widget\" data-widget_type=\"text-editor.default\">\n\t\t\t\t<div class=\"elementor-widget-container\">\n\t\t\t\t\t\t\t\t\t<p><strong>El Castillejo<\/strong>, tamb\u00e9 denominat <strong>Castell de Saelices<\/strong>, <strong>Castell o Castillete de Luj\u00e1n<\/strong>) es troba a\u00efllat en un descampat al municipi de Saelices, a la comarca de la Mancha conquense dins de la finca El Castillejo.<\/p>\t\t\t\t\t\t\t\t<\/div>\n\t\t\t\t<\/div>\n\t\t\t\t<div class=\"elementor-element elementor-element-8c2bc89 elementor-widget elementor-widget-heading\" data-id=\"8c2bc89\" data-element_type=\"widget\" data-e-type=\"widget\" data-widget_type=\"heading.default\">\n\t\t\t\t<div class=\"elementor-widget-container\">\n\t\t\t\t\t<h2 class=\"elementor-heading-title elementor-size-default\">El territori<\/h2>\t\t\t\t<\/div>\n\t\t\t\t<\/div>\n\t\t\t\t<div class=\"elementor-element elementor-element-62e5a1cc elementor-widget elementor-widget-text-editor\" data-id=\"62e5a1cc\" data-element_type=\"widget\" data-e-type=\"widget\" data-widget_type=\"text-editor.default\">\n\t\t\t\t<div class=\"elementor-widget-container\">\n\t\t\t\t\t\t\t\t\t<p>En el cas de <strong>El Castillejo<\/strong> de Saelices el sentit de la seva localitzaci\u00f3 territorial ve marcat pel paper inicial com a part de l&#8217;organitzaci\u00f3 d&#8217;aquestes terres de repoblaci\u00f3 cedides a l&#8217;Orde de Santiago all\u00e0 al segle XII.<\/p><p>En general, els castells constru\u00efts per les ordes militars a terres de repoblaci\u00f3, cada cop m\u00e9s allunyades de les fronteres amb els musulmans, constitueixen <a href=\"https:\/\/www.elturistatranquil.com\/ca\/els-castells-medievals-a-espanya-tipologies\/#b1203\" target=\"_blank\" rel=\"noopener\">castells de repoblaci\u00f3 i consolidaci\u00f3<\/a>, i se&#8217;ls atribu\u00efa la funci\u00f3 de controlar, organitzar i mostrar el domini social sobre les seves encomanes i senyorius, amb un important paper com a centre recaptador d&#8217;impostos i recursos.<\/p><p>Per aix\u00f2, no ens ha d&#8217;estranyar que el lloc dels seus assentaments, aix\u00ed com la seva efic\u00e0cia constructiva i defensiva militar, qued\u00e9s supeditada a una millor posici\u00f3 en l&#8217;organitzaci\u00f3 i el control del territori intern<\/p><p>La fortificaci\u00f3 s&#8217;aixeca sobre la ribera del riu Gig\u00fcela, al cam\u00ed entre Saelices i El Hito. Per aqu\u00ed transcorria la Cal\u00e7ada romana II, entre <em>Carthago Nova<\/em> (Cartagena) i <em>Complutum<\/em> (Alcal\u00e1 de Henares), que passava per <a href=\"https:\/\/www.elturistatranquil.com\/ca\/ciutat-romana-de-segobriga-conca\/\" target=\"_blank\" rel=\"noopener\">Seg\u00f3briga<\/a>, de la qual es conserva un pont rom\u00e0 que creua aquest riu.<\/p>\t\t\t\t\t\t\t\t<\/div>\n\t\t\t\t<\/div>\n\t\t\t\t<div class=\"elementor-element elementor-element-46540311 elementor-widget elementor-widget-image\" data-id=\"46540311\" data-element_type=\"widget\" data-e-type=\"widget\" data-widget_type=\"image.default\">\n\t\t\t\t<div class=\"elementor-widget-container\">\n\t\t\t\t\t\t\t\t\t\t\t\t<figure class=\"wp-caption\">\n\t\t\t\t\t\t\t\t\t\t<img decoding=\"async\" width=\"768\" height=\"513\" src=\"https:\/\/www.elturistatranquil.com\/wp-content\/uploads\/F03-Calzada-romana-por-el-castilllo-de-Saelices-Google-maps-2024-01-28.jpg\" class=\"attachment-large size-large wp-image-50728\" alt=\"Calzada romana por el castilllo de Saelices (Google maps 2024-01-28)\" srcset=\"https:\/\/www.elturistatranquil.com\/wp-content\/uploads\/F03-Calzada-romana-por-el-castilllo-de-Saelices-Google-maps-2024-01-28.jpg 768w, https:\/\/www.elturistatranquil.com\/wp-content\/uploads\/F03-Calzada-romana-por-el-castilllo-de-Saelices-Google-maps-2024-01-28-339x226.jpg 339w\" sizes=\"(max-width: 768px) 100vw, 768px\" \/>\t\t\t\t\t\t\t\t\t\t\t<figcaption class=\"widget-image-caption wp-caption-text\">Cam\u00ed del castell de Saelices: 1. Castell de Saelices; 2. Pont rom\u00e0; 3. Finca Palau Infanta Eulalia; 4. Torre de vigil\u00e0ncia; 5. Ciutat romana de Seg\u00f3briga (Google maps 2024-01-28)<\/figcaption>\n\t\t\t\t\t\t\t\t\t\t<\/figure>\n\t\t\t\t\t\t\t\t\t<\/div>\n\t\t\t\t<\/div>\n\t\t\t\t<div class=\"elementor-element elementor-element-dd37e3d elementor-widget elementor-widget-text-editor\" data-id=\"dd37e3d\" data-element_type=\"widget\" data-e-type=\"widget\" data-widget_type=\"text-editor.default\">\n\t\t\t\t<div class=\"elementor-widget-container\">\n\t\t\t\t\t\t\t\t\t<p>Com que les fotografies seg\u00fcents mostren, no ocupa una posici\u00f3 estrat\u00e8gica visual. El que sembla m\u00e9s important \u00e9s la seva posici\u00f3 respecte a les vies de comunicaci\u00f3 a l&#8217;Edat Mitjana dins dels dominis dels senyorius de l&#8217;orde de Santiago, com ja he assenyalat.<\/p>\t\t\t\t\t\t\t\t<\/div>\n\t\t\t\t<\/div>\n\t\t\t\t<section class=\"elementor-section elementor-inner-section elementor-element elementor-element-05ed6ce elementor-section-boxed elementor-section-height-default elementor-section-height-default\" data-id=\"05ed6ce\" data-element_type=\"section\" data-e-type=\"section\">\n\t\t\t\t\t\t<div class=\"elementor-container elementor-column-gap-default\">\n\t\t\t\t\t<div class=\"elementor-column elementor-col-50 elementor-inner-column elementor-element elementor-element-c508618\" data-id=\"c508618\" data-element_type=\"column\" data-e-type=\"column\">\n\t\t\t<div class=\"elementor-widget-wrap elementor-element-populated\">\n\t\t\t\t\t\t<div class=\"elementor-element elementor-element-dd0e50b elementor-widget elementor-widget-image\" data-id=\"dd0e50b\" data-element_type=\"widget\" data-e-type=\"widget\" data-widget_type=\"image.default\">\n\t\t\t\t<div class=\"elementor-widget-container\">\n\t\t\t\t\t\t\t\t\t\t\t\t<figure class=\"wp-caption\">\n\t\t\t\t\t\t\t\t\t\t<img loading=\"lazy\" decoding=\"async\" width=\"380\" height=\"253\" src=\"https:\/\/www.elturistatranquil.com\/wp-content\/uploads\/F04m-Entormno-del-Castillo-El-Castillejo-Saelices-Cuenca.jpg\" class=\"attachment-large size-large wp-image-50730\" alt=\"Entorno del Castillo El Castillejo, Saelices, Cuenca\" srcset=\"https:\/\/www.elturistatranquil.com\/wp-content\/uploads\/F04m-Entormno-del-Castillo-El-Castillejo-Saelices-Cuenca.jpg 380w, https:\/\/www.elturistatranquil.com\/wp-content\/uploads\/F04m-Entormno-del-Castillo-El-Castillejo-Saelices-Cuenca-339x226.jpg 339w\" sizes=\"(max-width: 380px) 100vw, 380px\" \/>\t\t\t\t\t\t\t\t\t\t\t<figcaption class=\"widget-image-caption wp-caption-text\">Vista NE<\/figcaption>\n\t\t\t\t\t\t\t\t\t\t<\/figure>\n\t\t\t\t\t\t\t\t\t<\/div>\n\t\t\t\t<\/div>\n\t\t\t\t\t<\/div>\n\t\t<\/div>\n\t\t\t\t<div class=\"elementor-column elementor-col-50 elementor-inner-column elementor-element elementor-element-a5792f5\" data-id=\"a5792f5\" data-element_type=\"column\" data-e-type=\"column\">\n\t\t\t<div class=\"elementor-widget-wrap elementor-element-populated\">\n\t\t\t\t\t\t<div class=\"elementor-element elementor-element-38b8e7d elementor-widget elementor-widget-image\" data-id=\"38b8e7d\" data-element_type=\"widget\" data-e-type=\"widget\" data-widget_type=\"image.default\">\n\t\t\t\t<div class=\"elementor-widget-container\">\n\t\t\t\t\t\t\t\t\t\t\t\t<figure class=\"wp-caption\">\n\t\t\t\t\t\t\t\t\t\t<img loading=\"lazy\" decoding=\"async\" width=\"380\" height=\"253\" src=\"https:\/\/www.elturistatranquil.com\/wp-content\/uploads\/F04n-Entorno-del-Castillo-El-Castillejo-Saelices-Cuenca.jpg\" class=\"attachment-large size-large wp-image-50732\" alt=\"Entorno del Castillo El Castillejo, Saelices, Cuenca\" srcset=\"https:\/\/www.elturistatranquil.com\/wp-content\/uploads\/F04n-Entorno-del-Castillo-El-Castillejo-Saelices-Cuenca.jpg 380w, https:\/\/www.elturistatranquil.com\/wp-content\/uploads\/F04n-Entorno-del-Castillo-El-Castillejo-Saelices-Cuenca-339x226.jpg 339w\" sizes=\"(max-width: 380px) 100vw, 380px\" \/>\t\t\t\t\t\t\t\t\t\t\t<figcaption class=\"widget-image-caption wp-caption-text\">Vista SE<\/figcaption>\n\t\t\t\t\t\t\t\t\t\t<\/figure>\n\t\t\t\t\t\t\t\t\t<\/div>\n\t\t\t\t<\/div>\n\t\t\t\t\t<\/div>\n\t\t<\/div>\n\t\t\t\t\t<\/div>\n\t\t<\/section>\n\t\t\t\t<section class=\"elementor-section elementor-inner-section elementor-element elementor-element-bf14eaf elementor-section-boxed elementor-section-height-default elementor-section-height-default\" data-id=\"bf14eaf\" data-element_type=\"section\" data-e-type=\"section\">\n\t\t\t\t\t\t<div class=\"elementor-container elementor-column-gap-default\">\n\t\t\t\t\t<div class=\"elementor-column elementor-col-50 elementor-inner-column elementor-element elementor-element-d99d493\" data-id=\"d99d493\" data-element_type=\"column\" data-e-type=\"column\">\n\t\t\t<div class=\"elementor-widget-wrap elementor-element-populated\">\n\t\t\t\t\t\t<div class=\"elementor-element elementor-element-2555388 elementor-widget elementor-widget-image\" data-id=\"2555388\" data-element_type=\"widget\" data-e-type=\"widget\" data-widget_type=\"image.default\">\n\t\t\t\t<div class=\"elementor-widget-container\">\n\t\t\t\t\t\t\t\t\t\t\t\t<figure class=\"wp-caption\">\n\t\t\t\t\t\t\t\t\t\t<img loading=\"lazy\" decoding=\"async\" width=\"380\" height=\"253\" src=\"https:\/\/www.elturistatranquil.com\/wp-content\/uploads\/F04o-Entorno-del-Castillo-El-Castillejo-Saelices-Cuenca.jpg\" class=\"attachment-large size-large wp-image-50734\" alt=\"Entorno del Castillo El Castillejo, Saelices, Cuenca\" srcset=\"https:\/\/www.elturistatranquil.com\/wp-content\/uploads\/F04o-Entorno-del-Castillo-El-Castillejo-Saelices-Cuenca.jpg 380w, https:\/\/www.elturistatranquil.com\/wp-content\/uploads\/F04o-Entorno-del-Castillo-El-Castillejo-Saelices-Cuenca-339x226.jpg 339w\" sizes=\"(max-width: 380px) 100vw, 380px\" \/>\t\t\t\t\t\t\t\t\t\t\t<figcaption class=\"widget-image-caption wp-caption-text\">Vista SO<\/figcaption>\n\t\t\t\t\t\t\t\t\t\t<\/figure>\n\t\t\t\t\t\t\t\t\t<\/div>\n\t\t\t\t<\/div>\n\t\t\t\t\t<\/div>\n\t\t<\/div>\n\t\t\t\t<div class=\"elementor-column elementor-col-50 elementor-inner-column elementor-element elementor-element-5b78134\" data-id=\"5b78134\" data-element_type=\"column\" data-e-type=\"column\">\n\t\t\t<div class=\"elementor-widget-wrap elementor-element-populated\">\n\t\t\t\t\t\t<div class=\"elementor-element elementor-element-6df4d02 elementor-widget elementor-widget-image\" data-id=\"6df4d02\" data-element_type=\"widget\" data-e-type=\"widget\" data-widget_type=\"image.default\">\n\t\t\t\t<div class=\"elementor-widget-container\">\n\t\t\t\t\t\t\t\t\t\t\t\t<figure class=\"wp-caption\">\n\t\t\t\t\t\t\t\t\t\t<img loading=\"lazy\" decoding=\"async\" width=\"380\" height=\"253\" src=\"https:\/\/www.elturistatranquil.com\/wp-content\/uploads\/F04p-Entorno-del-Castillo-El-Castillejo-Saelices-Cuenca.jpg\" class=\"attachment-large size-large wp-image-50736\" alt=\"Entorno del Castillo El Castillejo, Saelices, Cuenca\" srcset=\"https:\/\/www.elturistatranquil.com\/wp-content\/uploads\/F04p-Entorno-del-Castillo-El-Castillejo-Saelices-Cuenca.jpg 380w, https:\/\/www.elturistatranquil.com\/wp-content\/uploads\/F04p-Entorno-del-Castillo-El-Castillejo-Saelices-Cuenca-339x226.jpg 339w\" sizes=\"(max-width: 380px) 100vw, 380px\" \/>\t\t\t\t\t\t\t\t\t\t\t<figcaption class=\"widget-image-caption wp-caption-text\">Vista O<\/figcaption>\n\t\t\t\t\t\t\t\t\t\t<\/figure>\n\t\t\t\t\t\t\t\t\t<\/div>\n\t\t\t\t<\/div>\n\t\t\t\t\t<\/div>\n\t\t<\/div>\n\t\t\t\t\t<\/div>\n\t\t<\/section>\n\t\t\t\t<div class=\"elementor-element elementor-element-f7a1ebf elementor-widget elementor-widget-heading\" data-id=\"f7a1ebf\" data-element_type=\"widget\" data-e-type=\"widget\" data-widget_type=\"heading.default\">\n\t\t\t\t<div class=\"elementor-widget-container\">\n\t\t\t\t\t<h2 class=\"elementor-heading-title elementor-size-default\">Una mica d'hist\u00f2ria<\/h2>\t\t\t\t<\/div>\n\t\t\t\t<\/div>\n\t\t\t\t<div class=\"elementor-element elementor-element-e44cfb7 elementor-widget elementor-widget-text-editor\" data-id=\"e44cfb7\" data-element_type=\"widget\" data-e-type=\"widget\" data-widget_type=\"text-editor.default\">\n\t\t\t\t<div class=\"elementor-widget-container\">\n\t\t\t\t\t\t\t\t\t<p>No es coneix exactament la data de la seva construcci\u00f3 a c\u00e0rrec de l&#8217;<a href=\"https:\/\/www.elturistatranquil.com\/ca\/esglesies-monestirs-i-ordres-religioses-a-ledat-mitjana\/#b1509\" target=\"_blank\" rel=\"noopener\">Orde santiagista<\/a> des d&#8217;Ucl\u00e9s, seu de l&#8217;Orde, a la devesa que ocupava aquest territori pels segles XII-XIII. Segurament fos una resid\u00e8ncia civil amb elements d&#8217;arquitectura militar.<\/p><p>El 1570 era propietat reial i pas\u00e0 a mans de Gaspar Ram\u00edrez de Vargas, escriv\u00e0 del Consejo Real i ve\u00ed de Madrid, per una permuta amb Felipe II pel pou saliner del riu Gormell\u00f3n.<\/p><p>Probablement va ser el nou propietari qui va fer una profunda transformaci\u00f3 convertint-lo en un <a href=\"https:\/\/www.elturistatranquil.com\/ca\/els-castells-medievals-a-espanya-tipologies\/#b1205\" target=\"_blank\" rel=\"noopener\">castell senyorial<\/a>. \u00c9s per aix\u00f2 que amb la reforma va perdre gran part de la seva funci\u00f3 militar, incorporant-se elements palatins, com finestres ogivals o elements cer\u00e0mics als murs. Molts d\u2019aquests canvis en estil neog\u00f2tic. En conjunt se&#8217;l considera d&#8217;estil renaixentista, encara que va patir canvis al segle XIX.<\/p><p>Per a aquella reforma es van aprofitar materials portats de les ru\u00efnes romanes de Seg\u00f3briga.<\/p><p>No se sap quan deix\u00e0 de ser ocupada, per\u00f2 Pascual Madoz, a l&#8217;entrada sobre Saelices, parla del \u201cdespoblat de Castillejo\u201d.<\/p><p>Ens trobem dins la finca de El Castillejo, que era una gran propietat que havia adquirit Do\u00f1a Maria Cristina de Borb\u00f3n-Dos Sicilias despr\u00e9s de la mort del seu marit Fernando VII i casar-se amb Fernando Mu\u00f1oz, a mitjan segle XIX.<\/p><p>Al lloc va construir un gran caseriu-palau amb forma de casona manxega, on passava temporades allunyada de la Cort.<\/p><p>Entre altres edificacions, a la gran finca, a m\u00e9s del caseriu adaptat a palau, a pocs metres s&#8217;al\u00e7ava el castell <strong>El Castillejo<\/strong>, pel que sembla ja molt deteriorat aleshores.<\/p><p>Despr\u00e9s de la seva mort el 1878, i havent-se produ\u00eft una gran disputa per la seva her\u00e8ncia, va passar a les mans de la neta de Isabel II, la infanta Eulalia. Per aix\u00f2 es coneix el lloc com <strong>Finca Palau Infanta Eulalia<\/strong>.<\/p><p>Posteriorment la va heretar el seu fill Luis Fernando d&#8217;Orleans, fins que es va desfer de l\u2019her\u00e8ncia.<\/p><p>Trobem aquesta finca-palau abans d&#8217;arribar a El Castillejo pel cam\u00ed de Saelices en un estat totalment ru\u00efn\u00f3s.<\/p>\t\t\t\t\t\t\t\t<\/div>\n\t\t\t\t<\/div>\n\t\t\t\t<div class=\"elementor-element elementor-element-1d7bf65 elementor-widget elementor-widget-heading\" data-id=\"1d7bf65\" data-element_type=\"widget\" data-e-type=\"widget\" data-widget_type=\"heading.default\">\n\t\t\t\t<div class=\"elementor-widget-container\">\n\t\t\t\t\t<h2 class=\"elementor-heading-title elementor-size-default\">La visita al castell<\/h2>\t\t\t\t<\/div>\n\t\t\t\t<\/div>\n\t\t\t\t<div class=\"elementor-element elementor-element-958e121 elementor-widget elementor-widget-image\" data-id=\"958e121\" data-element_type=\"widget\" data-e-type=\"widget\" data-widget_type=\"image.default\">\n\t\t\t\t<div class=\"elementor-widget-container\">\n\t\t\t\t\t\t\t\t\t\t\t\t<figure class=\"wp-caption\">\n\t\t\t\t\t\t\t\t\t\t<img loading=\"lazy\" decoding=\"async\" width=\"768\" height=\"512\" src=\"https:\/\/www.elturistatranquil.com\/wp-content\/uploads\/F05a-Castillo-El-Castillejo-Saelices-Cuenca-Google-earth-2024-01-23-2.jpg\" class=\"attachment-large size-large wp-image-50738\" alt=\"Castillo El Castillejo, Saelices, Cuenca (Google earth 2024-01-23)-2\" srcset=\"https:\/\/www.elturistatranquil.com\/wp-content\/uploads\/F05a-Castillo-El-Castillejo-Saelices-Cuenca-Google-earth-2024-01-23-2.jpg 768w, https:\/\/www.elturistatranquil.com\/wp-content\/uploads\/F05a-Castillo-El-Castillejo-Saelices-Cuenca-Google-earth-2024-01-23-2-339x226.jpg 339w\" sizes=\"(max-width: 768px) 100vw, 768px\" \/>\t\t\t\t\t\t\t\t\t\t\t<figcaption class=\"widget-image-caption wp-caption-text\">Perspectiva zenital de El Castillejo (Google earth 2024-01-23)<\/figcaption>\n\t\t\t\t\t\t\t\t\t\t<\/figure>\n\t\t\t\t\t\t\t\t\t<\/div>\n\t\t\t\t<\/div>\n\t\t\t\t<div class=\"elementor-element elementor-element-bf7c122 elementor-widget elementor-widget-image\" data-id=\"bf7c122\" data-element_type=\"widget\" data-e-type=\"widget\" data-widget_type=\"image.default\">\n\t\t\t\t<div class=\"elementor-widget-container\">\n\t\t\t\t\t\t\t\t\t\t\t\t<figure class=\"wp-caption\">\n\t\t\t\t\t\t\t\t\t\t<img loading=\"lazy\" decoding=\"async\" width=\"768\" height=\"514\" src=\"https:\/\/www.elturistatranquil.com\/wp-content\/uploads\/F05b-Planta-del-Castillo-El-Castillejo-Saelices-Cuenca.jpg\" class=\"attachment-large size-large wp-image-50740\" alt=\"Planta del Castillo El Castillejo, Saelices, Cuenca\" srcset=\"https:\/\/www.elturistatranquil.com\/wp-content\/uploads\/F05b-Planta-del-Castillo-El-Castillejo-Saelices-Cuenca.jpg 768w, https:\/\/www.elturistatranquil.com\/wp-content\/uploads\/F05b-Planta-del-Castillo-El-Castillejo-Saelices-Cuenca-339x226.jpg 339w\" sizes=\"(max-width: 768px) 100vw, 768px\" \/>\t\t\t\t\t\t\t\t\t\t\t<figcaption class=\"widget-image-caption wp-caption-text\"><\/figcaption>\n\t\t\t\t\t\t\t\t\t\t<\/figure>\n\t\t\t\t\t\t\t\t\t<\/div>\n\t\t\t\t<\/div>\n\t\t\t\t<div class=\"elementor-element elementor-element-35f4f01 elementor-widget elementor-widget-text-editor\" data-id=\"35f4f01\" data-element_type=\"widget\" data-e-type=\"widget\" data-widget_type=\"text-editor.default\">\n\t\t\t\t<div class=\"elementor-widget-container\">\n\t\t\t\t\t\t\t\t\t<p>Sobre una planta de base rectangular, el costat sud es perllonga amb una forma de tipus baluard, cosa que li confereix un perfil que s&#8217;assembla a un pent\u00e0gon. A uns altres els sembla la planta d&#8217;una esgl\u00e9sia amb absis.<\/p><p>Orientat en direcci\u00f3 nord-oest sud-est, el recinte t\u00e9 unes dimensions d&#8217;uns 32 metres d&#8217;amplada per 56 metres de llargada.<\/p><p>A les cantonades del rectangle s&#8217;alcen quatre cubs de dimensions similars. Dos cubs m\u00e9s protegeixen la porta d&#8217;entrada principal situada al costat sud, orientada cap a la part dominant sobre el territori, on el pendent baixa fins al curs del riu Gig\u00fcela i el cam\u00ed que s&#8217;enfila per llevant, encara que no existeix comunicaci\u00f3 visual amb el fons del curs del riu.<\/p><p>Com s&#8217;aprecia a la vista, la portada est\u00e0 col\u00b7locada en forma una mica obliqua i descentrada.<\/p><p>L&#8217;arribada al recinte per la part de l\u2019altipl\u00e0, venint pel nord des de Saelices, ens mostra els peus del recinte. Descentrat a l&#8217;esquerra al llen\u00e7, s&#8217;obre un portell.<\/p>\t\t\t\t\t\t\t\t<\/div>\n\t\t\t\t<\/div>\n\t\t\t\t<div class=\"elementor-element elementor-element-3637c92 elementor-widget elementor-widget-image\" data-id=\"3637c92\" data-element_type=\"widget\" data-e-type=\"widget\" data-widget_type=\"image.default\">\n\t\t\t\t<div class=\"elementor-widget-container\">\n\t\t\t\t\t\t\t\t\t\t\t\t<figure class=\"wp-caption\">\n\t\t\t\t\t\t\t\t\t\t<img loading=\"lazy\" decoding=\"async\" width=\"768\" height=\"512\" src=\"https:\/\/www.elturistatranquil.com\/wp-content\/uploads\/F06-Castillo-El-Castillejo-Saelices-Cuenca.jpg\" class=\"attachment-large size-large wp-image-50742\" alt=\"Castillo El Castillejo, Saelices, Cuenca\" srcset=\"https:\/\/www.elturistatranquil.com\/wp-content\/uploads\/F06-Castillo-El-Castillejo-Saelices-Cuenca.jpg 768w, https:\/\/www.elturistatranquil.com\/wp-content\/uploads\/F06-Castillo-El-Castillejo-Saelices-Cuenca-339x226.jpg 339w\" sizes=\"(max-width: 768px) 100vw, 768px\" \/>\t\t\t\t\t\t\t\t\t\t\t<figcaption class=\"widget-image-caption wp-caption-text\"><\/figcaption>\n\t\t\t\t\t\t\t\t\t\t<\/figure>\n\t\t\t\t\t\t\t\t\t<\/div>\n\t\t\t\t<\/div>\n\t\t\t\t<div class=\"elementor-element elementor-element-c350031 elementor-widget elementor-widget-text-editor\" data-id=\"c350031\" data-element_type=\"widget\" data-e-type=\"widget\" data-widget_type=\"text-editor.default\">\n\t\t\t\t<div class=\"elementor-widget-container\">\n\t\t\t\t\t\t\t\t\t<p>Aquest era l&#8217;estat general l\u2019any 1966, a la fotografia seg\u00fcent feta per Cooper, on s&#8217;observa clarament la disposici\u00f3 en altipl\u00e0.<\/p><p>(Les fotografies hist\u00f2riques fetes l&#8217;any 1966 procedeixen de: Cooper, Edward.. <em>Castillos se\u00f1oriales en la Corona de Castilla<\/em>, Vol. III, fig. 795 a 797)<\/p>\t\t\t\t\t\t\t\t<\/div>\n\t\t\t\t<\/div>\n\t\t\t\t<div class=\"elementor-element elementor-element-67a4e9a elementor-widget elementor-widget-image\" data-id=\"67a4e9a\" data-element_type=\"widget\" data-e-type=\"widget\" data-widget_type=\"image.default\">\n\t\t\t\t<div class=\"elementor-widget-container\">\n\t\t\t\t\t\t\t\t\t\t\t\t<figure class=\"wp-caption\">\n\t\t\t\t\t\t\t\t\t\t<img loading=\"lazy\" decoding=\"async\" width=\"768\" height=\"512\" src=\"https:\/\/www.elturistatranquil.com\/wp-content\/uploads\/F07-Castillo-El-Castilejo-Saelices-Cuenca-foto-Cooper-fig-795-v-III-ano1966.jpg\" class=\"attachment-large size-large wp-image-50744\" alt=\"Castillo El Castillejo, Saelices, Cuenca (foto-Cooper fig 795, v III, a\u00f1o1966)\" srcset=\"https:\/\/www.elturistatranquil.com\/wp-content\/uploads\/F07-Castillo-El-Castilejo-Saelices-Cuenca-foto-Cooper-fig-795-v-III-ano1966.jpg 768w, https:\/\/www.elturistatranquil.com\/wp-content\/uploads\/F07-Castillo-El-Castilejo-Saelices-Cuenca-foto-Cooper-fig-795-v-III-ano1966-339x226.jpg 339w\" sizes=\"(max-width: 768px) 100vw, 768px\" \/>\t\t\t\t\t\t\t\t\t\t\t<figcaption class=\"widget-image-caption wp-caption-text\">(Foto: E. Cooper. V. III, fig. 795. Any 1966)<\/figcaption>\n\t\t\t\t\t\t\t\t\t\t<\/figure>\n\t\t\t\t\t\t\t\t\t<\/div>\n\t\t\t\t<\/div>\n\t\t\t\t<div class=\"elementor-element elementor-element-c179cf2 elementor-widget elementor-widget-text-editor\" data-id=\"c179cf2\" data-element_type=\"widget\" data-e-type=\"widget\" data-widget_type=\"text-editor.default\">\n\t\t\t\t<div class=\"elementor-widget-container\">\n\t\t\t\t\t\t\t\t\t<p>Aquesta primera presa de contacte ens mostra una construcci\u00f3 en estat de ru\u00efna, per\u00f2 mantenint complet tot el per\u00edmetre dels llen\u00e7os de muralla, aix\u00ed com el primer nivell de tots els cubs cantoners.<\/p>\t\t\t\t\t\t\t\t<\/div>\n\t\t\t\t<\/div>\n\t\t\t\t<div class=\"elementor-element elementor-element-88fa04c elementor-widget elementor-widget-image\" data-id=\"88fa04c\" data-element_type=\"widget\" data-e-type=\"widget\" data-widget_type=\"image.default\">\n\t\t\t\t<div class=\"elementor-widget-container\">\n\t\t\t\t\t\t\t\t\t\t\t\t<figure class=\"wp-caption\">\n\t\t\t\t\t\t\t\t\t\t<img loading=\"lazy\" decoding=\"async\" width=\"768\" height=\"512\" src=\"https:\/\/www.elturistatranquil.com\/wp-content\/uploads\/F08-Castillo-El-Castillejo-Saelices-Cuenca.jpg\" class=\"attachment-large size-large wp-image-50746\" alt=\"Castillo El Castillejo, Saelices, Cuenca\" srcset=\"https:\/\/www.elturistatranquil.com\/wp-content\/uploads\/F08-Castillo-El-Castillejo-Saelices-Cuenca.jpg 768w, https:\/\/www.elturistatranquil.com\/wp-content\/uploads\/F08-Castillo-El-Castillejo-Saelices-Cuenca-339x226.jpg 339w\" sizes=\"(max-width: 768px) 100vw, 768px\" \/>\t\t\t\t\t\t\t\t\t\t\t<figcaption class=\"widget-image-caption wp-caption-text\"><\/figcaption>\n\t\t\t\t\t\t\t\t\t\t<\/figure>\n\t\t\t\t\t\t\t\t\t<\/div>\n\t\t\t\t<\/div>\n\t\t\t\t<div class=\"elementor-element elementor-element-ae69e83 elementor-widget elementor-widget-heading\" data-id=\"ae69e83\" data-element_type=\"widget\" data-e-type=\"widget\" data-widget_type=\"heading.default\">\n\t\t\t\t<div class=\"elementor-widget-container\">\n\t\t\t\t\t<h3 class=\"elementor-heading-title elementor-size-default\">L'exterior<\/h3>\t\t\t\t<\/div>\n\t\t\t\t<\/div>\n\t\t\t\t<div class=\"elementor-element elementor-element-6c1ad2a elementor-widget elementor-widget-text-editor\" data-id=\"6c1ad2a\" data-element_type=\"widget\" data-e-type=\"widget\" data-widget_type=\"text-editor.default\">\n\t\t\t\t<div class=\"elementor-widget-container\">\n\t\t\t\t\t\t\t\t\t<p>Efectuem primer un recorregut per l&#8217;exterior per despr\u00e9s passar a l&#8217;interior.<\/p><p>Al recinte s&#8217;hi arriba per la part de l\u2019altipl\u00e0 que ens porta fins als peus del castell. Per accedir a l&#8217;entrada principal cal vorejar-lo. El terreny dels altres tres costats E, S i O forma unes pendents suaus que van portar a construir fosses seques als dos laterals.<\/p><p>Des del mur del portell el recorrerem en el sentit de les agulles del rellotge.<\/p><p>Abans d&#8217;iniciar el recorregut comparem l&#8217;estat actual amb una imatge del no tant lluny\u00e0, any 1966, presa per Cooper.<\/p>\t\t\t\t\t\t\t\t<\/div>\n\t\t\t\t<\/div>\n\t\t\t\t<div class=\"elementor-element elementor-element-0ba6d6b elementor-widget elementor-widget-image\" data-id=\"0ba6d6b\" data-element_type=\"widget\" data-e-type=\"widget\" data-widget_type=\"image.default\">\n\t\t\t\t<div class=\"elementor-widget-container\">\n\t\t\t\t\t\t\t\t\t\t\t\t<figure class=\"wp-caption\">\n\t\t\t\t\t\t\t\t\t\t<img loading=\"lazy\" decoding=\"async\" width=\"768\" height=\"512\" src=\"https:\/\/www.elturistatranquil.com\/wp-content\/uploads\/F09-Castillo-El-Castillejo-Saelices-Cuenca.jpg\" class=\"attachment-large size-large wp-image-50748\" alt=\"Castillo El Castillejo, Saelices, Cuenca\" srcset=\"https:\/\/www.elturistatranquil.com\/wp-content\/uploads\/F09-Castillo-El-Castillejo-Saelices-Cuenca.jpg 768w, https:\/\/www.elturistatranquil.com\/wp-content\/uploads\/F09-Castillo-El-Castillejo-Saelices-Cuenca-339x226.jpg 339w\" sizes=\"(max-width: 768px) 100vw, 768px\" \/>\t\t\t\t\t\t\t\t\t\t\t<figcaption class=\"widget-image-caption wp-caption-text\"><\/figcaption>\n\t\t\t\t\t\t\t\t\t\t<\/figure>\n\t\t\t\t\t\t\t\t\t<\/div>\n\t\t\t\t<\/div>\n\t\t\t\t<div class=\"elementor-element elementor-element-6839c9e elementor-widget elementor-widget-image\" data-id=\"6839c9e\" data-element_type=\"widget\" data-e-type=\"widget\" data-widget_type=\"image.default\">\n\t\t\t\t<div class=\"elementor-widget-container\">\n\t\t\t\t\t\t\t\t\t\t\t\t<figure class=\"wp-caption\">\n\t\t\t\t\t\t\t\t\t\t<img loading=\"lazy\" decoding=\"async\" width=\"768\" height=\"512\" src=\"https:\/\/www.elturistatranquil.com\/wp-content\/uploads\/F10-Castillo-El-Castillejo-Saelices-Cuenca-foto-Cooper-fig-796-v-III-ano1966.jpg\" class=\"attachment-large size-large wp-image-50750\" alt=\"Castillo El Castillejo, Saelices, Cuenca (foto-Cooper fig 796, v III, a\u00f1o1966)\" srcset=\"https:\/\/www.elturistatranquil.com\/wp-content\/uploads\/F10-Castillo-El-Castillejo-Saelices-Cuenca-foto-Cooper-fig-796-v-III-ano1966.jpg 768w, https:\/\/www.elturistatranquil.com\/wp-content\/uploads\/F10-Castillo-El-Castillejo-Saelices-Cuenca-foto-Cooper-fig-796-v-III-ano1966-339x226.jpg 339w\" sizes=\"(max-width: 768px) 100vw, 768px\" \/>\t\t\t\t\t\t\t\t\t\t\t<figcaption class=\"widget-image-caption wp-caption-text\">(Foto: E. Cooper. V. III, . fig 796. Any 1966)<\/figcaption>\n\t\t\t\t\t\t\t\t\t\t<\/figure>\n\t\t\t\t\t\t\t\t\t<\/div>\n\t\t\t\t<\/div>\n\t\t\t\t<div class=\"elementor-element elementor-element-fcfbe5d elementor-widget elementor-widget-text-editor\" data-id=\"fcfbe5d\" data-element_type=\"widget\" data-e-type=\"widget\" data-widget_type=\"text-editor.default\">\n\t\t\t\t<div class=\"elementor-widget-container\">\n\t\t\t\t\t\t\t\t\t<p>El deteriorament d&#8217;aquests darrers anys ha fet desapar\u00e8ixer el vestigi que existia que el castell s&#8217;enlairava en tres nivells -la planta i dos pisos-. Actualment nom\u00e9s en queda una petita mostra del primer pis. Tamb\u00e9 presenta grans balcons amb arc apuntat al primer pis i finestres m\u00e9s petites d&#8217;arc de mig punt a la segona planta.<\/p><p>Despla\u00e7at a l&#8217;esquerra s&#8217;obre el portell, una gran porta de carreus amb arc carpanell. Segons Cooper, donaria acc\u00e9s a una pla\u00e7a d&#8217;armes exterior a la plana de l&#8217;altipl\u00e0, on ens trobem.<\/p><p>Al seu costat dret un garit\u00f3 sobre voladures circulars que parteix arran de terra. Estem m\u00e9s acostumats a veure aquesta figura de garit\u00f3 dalt de les torres o llen\u00e7os de muralla que a aquest nivell tan baix.<\/p><p>Els garitons van ser molt aplicats als castells senyorials castellans dels segles XIV-XV. (Castells de <a href=\"https:\/\/www.elturistatranquil.com\/ca\/castells-de-guadamur-i-polan-toledo\/\" target=\"_blank\" rel=\"noopener\">Guadamur<\/a>, <a href=\"https:\/\/www.elturistatranquil.com\/ca\/castell-de-torija-i-museu-del-viatge-a-la-alcarria-guadalajara\/\" target=\"_blank\" rel=\"noopener\">Torija<\/a> o <a href=\"https:\/\/www.elturistatranquil.com\/ca\/castell-dampudia-palencia\/\" target=\"_blank\" rel=\"noopener\">Ampudia<\/a>)<\/p>\t\t\t\t\t\t\t\t<\/div>\n\t\t\t\t<\/div>\n\t\t\t\t<div class=\"elementor-element elementor-element-2b7881c elementor-widget elementor-widget-image\" data-id=\"2b7881c\" data-element_type=\"widget\" data-e-type=\"widget\" data-widget_type=\"image.default\">\n\t\t\t\t<div class=\"elementor-widget-container\">\n\t\t\t\t\t\t\t\t\t\t\t\t<figure class=\"wp-caption\">\n\t\t\t\t\t\t\t\t\t\t<img loading=\"lazy\" decoding=\"async\" width=\"768\" height=\"512\" src=\"https:\/\/www.elturistatranquil.com\/wp-content\/uploads\/F11-Castillo-El-Castillejo-Saelices-Cuenca.jpg\" class=\"attachment-large size-large wp-image-50752\" alt=\"Castillo El Castillejo, Saelices, Cuenca (foto-Cooper fig 796, v III, a\u00f1o1966)\" srcset=\"https:\/\/www.elturistatranquil.com\/wp-content\/uploads\/F11-Castillo-El-Castillejo-Saelices-Cuenca.jpg 768w, https:\/\/www.elturistatranquil.com\/wp-content\/uploads\/F11-Castillo-El-Castillejo-Saelices-Cuenca-339x226.jpg 339w\" sizes=\"(max-width: 768px) 100vw, 768px\" \/>\t\t\t\t\t\t\t\t\t\t\t<figcaption class=\"widget-image-caption wp-caption-text\"><\/figcaption>\n\t\t\t\t\t\t\t\t\t\t<\/figure>\n\t\t\t\t\t\t\t\t\t<\/div>\n\t\t\t\t<\/div>\n\t\t\t\t<div class=\"elementor-element elementor-element-0f1f830 elementor-widget elementor-widget-text-editor\" data-id=\"0f1f830\" data-element_type=\"widget\" data-e-type=\"widget\" data-widget_type=\"text-editor.default\">\n\t\t\t\t<div class=\"elementor-widget-container\">\n\t\t\t\t\t\t\t\t\t<p>Tots els murs s\u00f3n de f\u00e0brica de carreu\u00f3.<\/p><p>A la cantonada un gran cub d&#8217;uns 5 metres de di\u00e0metre, amb una finestra de les moltes que trobarem als murs, que havien de servir a l&#8217;estructura palatina.<\/p><p>Una mena de fris o m\u00e8nsula de perm\u00f2dols i modillons cer\u00e0mics recorre la part superior de la planta baixa, seguint els tres llen\u00e7os del rectangle.<\/p>\t\t\t\t\t\t\t\t<\/div>\n\t\t\t\t<\/div>\n\t\t\t\t<div class=\"elementor-element elementor-element-fc3ecd3 elementor-widget elementor-widget-image\" data-id=\"fc3ecd3\" data-element_type=\"widget\" data-e-type=\"widget\" data-widget_type=\"image.default\">\n\t\t\t\t<div class=\"elementor-widget-container\">\n\t\t\t\t\t\t\t\t\t\t\t\t<figure class=\"wp-caption\">\n\t\t\t\t\t\t\t\t\t\t<img loading=\"lazy\" decoding=\"async\" width=\"768\" height=\"512\" src=\"https:\/\/www.elturistatranquil.com\/wp-content\/uploads\/F12-Castillo-El-Castillejo-Saelices-Cuenca.jpg\" class=\"attachment-large size-large wp-image-50757\" alt=\"Castillo El Castillejo, Saelices, Cuenca (foto-Cooper fig 796, v III, a\u00f1o1966)\" srcset=\"https:\/\/www.elturistatranquil.com\/wp-content\/uploads\/F12-Castillo-El-Castillejo-Saelices-Cuenca.jpg 768w, https:\/\/www.elturistatranquil.com\/wp-content\/uploads\/F12-Castillo-El-Castillejo-Saelices-Cuenca-339x226.jpg 339w\" sizes=\"(max-width: 768px) 100vw, 768px\" \/>\t\t\t\t\t\t\t\t\t\t\t<figcaption class=\"widget-image-caption wp-caption-text\"><\/figcaption>\n\t\t\t\t\t\t\t\t\t\t<\/figure>\n\t\t\t\t\t\t\t\t\t<\/div>\n\t\t\t\t<\/div>\n\t\t\t\t<div class=\"elementor-element elementor-element-836714a elementor-widget elementor-widget-text-editor\" data-id=\"836714a\" data-element_type=\"widget\" data-e-type=\"widget\" data-widget_type=\"text-editor.default\">\n\t\t\t\t<div class=\"elementor-widget-container\">\n\t\t\t\t\t\t\t\t\t<p>En passar al lateral s&#8217;observa un ampli fossat sec simple de terra sense cap tipus de f\u00e0brica d&#8217;escarpament.<\/p>\t\t\t\t\t\t\t\t<\/div>\n\t\t\t\t<\/div>\n\t\t\t\t<div class=\"elementor-element elementor-element-829181a elementor-widget elementor-widget-image\" data-id=\"829181a\" data-element_type=\"widget\" data-e-type=\"widget\" data-widget_type=\"image.default\">\n\t\t\t\t<div class=\"elementor-widget-container\">\n\t\t\t\t\t\t\t\t\t\t\t\t<figure class=\"wp-caption\">\n\t\t\t\t\t\t\t\t\t\t<img loading=\"lazy\" decoding=\"async\" width=\"768\" height=\"512\" src=\"https:\/\/www.elturistatranquil.com\/wp-content\/uploads\/F13-Castillo-El-Castillejo-Saelices-Cuenca.jpg\" class=\"attachment-large size-large wp-image-50759\" alt=\"Castillo El Castillejo, Saelices, Cuenca (foto-Cooper fig 796, v III, a\u00f1o1966)\" srcset=\"https:\/\/www.elturistatranquil.com\/wp-content\/uploads\/F13-Castillo-El-Castillejo-Saelices-Cuenca.jpg 768w, https:\/\/www.elturistatranquil.com\/wp-content\/uploads\/F13-Castillo-El-Castillejo-Saelices-Cuenca-339x226.jpg 339w\" sizes=\"(max-width: 768px) 100vw, 768px\" \/>\t\t\t\t\t\t\t\t\t\t\t<figcaption class=\"widget-image-caption wp-caption-text\"><\/figcaption>\n\t\t\t\t\t\t\t\t\t\t<\/figure>\n\t\t\t\t\t\t\t\t\t<\/div>\n\t\t\t\t<\/div>\n\t\t\t\t<div class=\"elementor-element elementor-element-4180dee elementor-widget elementor-widget-text-editor\" data-id=\"4180dee\" data-element_type=\"widget\" data-e-type=\"widget\" data-widget_type=\"text-editor.default\">\n\t\t\t\t<div class=\"elementor-widget-container\">\n\t\t\t\t\t\t\t\t\t<p>A la cantonada sud del llen\u00e7 del rectangle, la torrassa corresponent va ser constru\u00efda en posici\u00f3 tangent respecte a l&#8217;angle dels murs, amb la qual cosa fa la impressi\u00f3 de major prest\u00e0ncia i volum, tot i que el di\u00e0metre \u00e9s similar als altres. Tamb\u00e9 sembla que la visibilitat dels dos finestrals d&#8217;arc apuntat ofereix l&#8217;aspecte de torre principal.<\/p>\t\t\t\t\t\t\t\t<\/div>\n\t\t\t\t<\/div>\n\t\t\t\t<div class=\"elementor-element elementor-element-b0bf360 elementor-widget elementor-widget-image\" data-id=\"b0bf360\" data-element_type=\"widget\" data-e-type=\"widget\" data-widget_type=\"image.default\">\n\t\t\t\t<div class=\"elementor-widget-container\">\n\t\t\t\t\t\t\t\t\t\t\t\t<figure class=\"wp-caption\">\n\t\t\t\t\t\t\t\t\t\t<img loading=\"lazy\" decoding=\"async\" width=\"768\" height=\"512\" src=\"https:\/\/www.elturistatranquil.com\/wp-content\/uploads\/F14-Castillo-El-Castillejo-Saelices-Cuenca.jpg\" class=\"attachment-large size-large wp-image-50761\" alt=\"Castillo El Castillejo, Saelices, Cuenca\" srcset=\"https:\/\/www.elturistatranquil.com\/wp-content\/uploads\/F14-Castillo-El-Castillejo-Saelices-Cuenca.jpg 768w, https:\/\/www.elturistatranquil.com\/wp-content\/uploads\/F14-Castillo-El-Castillejo-Saelices-Cuenca-339x226.jpg 339w\" sizes=\"(max-width: 768px) 100vw, 768px\" \/>\t\t\t\t\t\t\t\t\t\t\t<figcaption class=\"widget-image-caption wp-caption-text\"><\/figcaption>\n\t\t\t\t\t\t\t\t\t\t<\/figure>\n\t\t\t\t\t\t\t\t\t<\/div>\n\t\t\t\t<\/div>\n\t\t\t\t<div class=\"elementor-element elementor-element-e856486 elementor-widget elementor-widget-text-editor\" data-id=\"e856486\" data-element_type=\"widget\" data-e-type=\"widget\" data-widget_type=\"text-editor.default\">\n\t\t\t\t<div class=\"elementor-widget-container\">\n\t\t\t\t\t\t\t\t\t<p>A la base del cub un lleuger esper\u00f3.<\/p>\t\t\t\t\t\t\t\t<\/div>\n\t\t\t\t<\/div>\n\t\t\t\t<div class=\"elementor-element elementor-element-795fe84 elementor-widget elementor-widget-image\" data-id=\"795fe84\" data-element_type=\"widget\" data-e-type=\"widget\" data-widget_type=\"image.default\">\n\t\t\t\t<div class=\"elementor-widget-container\">\n\t\t\t\t\t\t\t\t\t\t\t\t<figure class=\"wp-caption\">\n\t\t\t\t\t\t\t\t\t\t<img loading=\"lazy\" decoding=\"async\" width=\"768\" height=\"512\" src=\"https:\/\/www.elturistatranquil.com\/wp-content\/uploads\/F15-Castillo-El-Castillejo-Saelices-Cuenca.jpg\" class=\"attachment-large size-large wp-image-50763\" alt=\"Castillo El Castillejo, Saelices, Cuenca\" srcset=\"https:\/\/www.elturistatranquil.com\/wp-content\/uploads\/F15-Castillo-El-Castillejo-Saelices-Cuenca.jpg 768w, https:\/\/www.elturistatranquil.com\/wp-content\/uploads\/F15-Castillo-El-Castillejo-Saelices-Cuenca-339x226.jpg 339w\" sizes=\"(max-width: 768px) 100vw, 768px\" \/>\t\t\t\t\t\t\t\t\t\t\t<figcaption class=\"widget-image-caption wp-caption-text\"><\/figcaption>\n\t\t\t\t\t\t\t\t\t\t<\/figure>\n\t\t\t\t\t\t\t\t\t<\/div>\n\t\t\t\t<\/div>\n\t\t\t\t<div class=\"elementor-element elementor-element-1cf1a29 elementor-widget elementor-widget-text-editor\" data-id=\"1cf1a29\" data-element_type=\"widget\" data-e-type=\"widget\" data-widget_type=\"text-editor.default\">\n\t\t\t\t<div class=\"elementor-widget-container\">\n\t\t\t\t\t\t\t\t\t<p>Nou contrast amb la fotografia hist\u00f2rica del 1966.<\/p>\t\t\t\t\t\t\t\t<\/div>\n\t\t\t\t<\/div>\n\t\t\t\t<div class=\"elementor-element elementor-element-e5a803a elementor-widget elementor-widget-image\" data-id=\"e5a803a\" data-element_type=\"widget\" data-e-type=\"widget\" data-widget_type=\"image.default\">\n\t\t\t\t<div class=\"elementor-widget-container\">\n\t\t\t\t\t\t\t\t\t\t\t\t<figure class=\"wp-caption\">\n\t\t\t\t\t\t\t\t\t\t<img loading=\"lazy\" decoding=\"async\" width=\"768\" height=\"512\" src=\"https:\/\/www.elturistatranquil.com\/wp-content\/uploads\/F16-Castillo-El-Castillejo-Saelices-Cuenca-foto-Cooper-fig-797-v-III-ano1966.jpg\" class=\"attachment-large size-large wp-image-50765\" alt=\"Castillo El Castillejo, Saelices, Cuenca (foto-Cooper fig 797, v III, a\u00f1o1966)\" srcset=\"https:\/\/www.elturistatranquil.com\/wp-content\/uploads\/F16-Castillo-El-Castillejo-Saelices-Cuenca-foto-Cooper-fig-797-v-III-ano1966.jpg 768w, https:\/\/www.elturistatranquil.com\/wp-content\/uploads\/F16-Castillo-El-Castillejo-Saelices-Cuenca-foto-Cooper-fig-797-v-III-ano1966-339x226.jpg 339w\" sizes=\"(max-width: 768px) 100vw, 768px\" \/>\t\t\t\t\t\t\t\t\t\t\t<figcaption class=\"widget-image-caption wp-caption-text\">(Foto: E. Cooper. V. III. Fig. 797. Any 1966)<\/figcaption>\n\t\t\t\t\t\t\t\t\t\t<\/figure>\n\t\t\t\t\t\t\t\t\t<\/div>\n\t\t\t\t<\/div>\n\t\t\t\t<div class=\"elementor-element elementor-element-26c5a9c elementor-widget elementor-widget-image\" data-id=\"26c5a9c\" data-element_type=\"widget\" data-e-type=\"widget\" data-widget_type=\"image.default\">\n\t\t\t\t<div class=\"elementor-widget-container\">\n\t\t\t\t\t\t\t\t\t\t\t\t<figure class=\"wp-caption\">\n\t\t\t\t\t\t\t\t\t\t<img loading=\"lazy\" decoding=\"async\" width=\"768\" height=\"512\" src=\"https:\/\/www.elturistatranquil.com\/wp-content\/uploads\/F17-Castillo-El-Castillejo-Saelices-Cuenca.jpg\" class=\"attachment-large size-large wp-image-50770\" alt=\"Castillo El Castillejo, Saelices, Cuenca\" srcset=\"https:\/\/www.elturistatranquil.com\/wp-content\/uploads\/F17-Castillo-El-Castillejo-Saelices-Cuenca.jpg 768w, https:\/\/www.elturistatranquil.com\/wp-content\/uploads\/F17-Castillo-El-Castillejo-Saelices-Cuenca-339x226.jpg 339w\" sizes=\"(max-width: 768px) 100vw, 768px\" \/>\t\t\t\t\t\t\t\t\t\t\t<figcaption class=\"widget-image-caption wp-caption-text\"><\/figcaption>\n\t\t\t\t\t\t\t\t\t\t<\/figure>\n\t\t\t\t\t\t\t\t\t<\/div>\n\t\t\t\t<\/div>\n\t\t\t\t<div class=\"elementor-element elementor-element-d2c8390 elementor-widget elementor-widget-text-editor\" data-id=\"d2c8390\" data-element_type=\"widget\" data-e-type=\"widget\" data-widget_type=\"text-editor.default\">\n\t\t\t\t<div class=\"elementor-widget-container\">\n\t\t\t\t\t\t\t\t\t<p>L&#8217;obertura superior \u00e9s l&#8217;\u00fanica cosa que permet con\u00e8ixer com eren els originals. Recolzats en brancals de carreuat, l&#8217;arc apuntat estava constru\u00eft amb maons vermells, envoltat amb una vasa d\u2019adorn tamb\u00e9 de ma\u00f3 vermell.<\/p><p>Em pregunto si les m\u00e8nsules i les m\u00e8topes cer\u00e0miques que ara el coronen despr\u00e9s de la restauraci\u00f3 responen a alguna informaci\u00f3 hist\u00f2rica o s\u00f3n llic\u00e8ncies \u201cart\u00edstiques\u201d dels restauradors. En qualsevol cas, a mi se&#8217;m va fer estrany aquest acabat de torrassa.<\/p>\t\t\t\t\t\t\t\t<\/div>\n\t\t\t\t<\/div>\n\t\t\t\t<div class=\"elementor-element elementor-element-ee8eb72 elementor-widget elementor-widget-image\" data-id=\"ee8eb72\" data-element_type=\"widget\" data-e-type=\"widget\" data-widget_type=\"image.default\">\n\t\t\t\t<div class=\"elementor-widget-container\">\n\t\t\t\t\t\t\t\t\t\t\t\t<figure class=\"wp-caption\">\n\t\t\t\t\t\t\t\t\t\t<img loading=\"lazy\" decoding=\"async\" width=\"768\" height=\"512\" src=\"https:\/\/www.elturistatranquil.com\/wp-content\/uploads\/F18-Castillo-El-Castillejo-Saelices-Cuenca.jpg\" class=\"attachment-large size-large wp-image-50772\" alt=\"Castillo El Castillejo, Saelices, Cuenca\" srcset=\"https:\/\/www.elturistatranquil.com\/wp-content\/uploads\/F18-Castillo-El-Castillejo-Saelices-Cuenca.jpg 768w, https:\/\/www.elturistatranquil.com\/wp-content\/uploads\/F18-Castillo-El-Castillejo-Saelices-Cuenca-339x226.jpg 339w\" sizes=\"(max-width: 768px) 100vw, 768px\" \/>\t\t\t\t\t\t\t\t\t\t\t<figcaption class=\"widget-image-caption wp-caption-text\"><\/figcaption>\n\t\t\t\t\t\t\t\t\t\t<\/figure>\n\t\t\t\t\t\t\t\t\t<\/div>\n\t\t\t\t<\/div>\n\t\t\t\t<div class=\"elementor-element elementor-element-b817017 elementor-widget elementor-widget-text-editor\" data-id=\"b817017\" data-element_type=\"widget\" data-e-type=\"widget\" data-widget_type=\"text-editor.default\">\n\t\t\t\t<div class=\"elementor-widget-container\">\n\t\t\t\t\t\t\t\t\t<p>Arribem a la zona sud, on hi ha la portada principal d&#8217;entrada al castell.<\/p>\t\t\t\t\t\t\t\t<\/div>\n\t\t\t\t<\/div>\n\t\t\t\t<div class=\"elementor-element elementor-element-969c512 elementor-widget elementor-widget-image\" data-id=\"969c512\" data-element_type=\"widget\" data-e-type=\"widget\" data-widget_type=\"image.default\">\n\t\t\t\t<div class=\"elementor-widget-container\">\n\t\t\t\t\t\t\t\t\t\t\t\t<figure class=\"wp-caption\">\n\t\t\t\t\t\t\t\t\t\t<img loading=\"lazy\" decoding=\"async\" width=\"768\" height=\"512\" src=\"https:\/\/www.elturistatranquil.com\/wp-content\/uploads\/F19-Castillo-El-Castillejo-Saelices-Cuenca.jpg\" class=\"attachment-large size-large wp-image-50774\" alt=\"Castillo El Castillejo, Saelices, Cuenca\" srcset=\"https:\/\/www.elturistatranquil.com\/wp-content\/uploads\/F19-Castillo-El-Castillejo-Saelices-Cuenca.jpg 768w, https:\/\/www.elturistatranquil.com\/wp-content\/uploads\/F19-Castillo-El-Castillejo-Saelices-Cuenca-339x226.jpg 339w\" sizes=\"(max-width: 768px) 100vw, 768px\" \/>\t\t\t\t\t\t\t\t\t\t\t<figcaption class=\"widget-image-caption wp-caption-text\"><\/figcaption>\n\t\t\t\t\t\t\t\t\t\t<\/figure>\n\t\t\t\t\t\t\t\t\t<\/div>\n\t\t\t\t<\/div>\n\t\t\t\t<div class=\"elementor-element elementor-element-699c302 elementor-widget elementor-widget-text-editor\" data-id=\"699c302\" data-element_type=\"widget\" data-e-type=\"widget\" data-widget_type=\"text-editor.default\">\n\t\t\t\t<div class=\"elementor-widget-container\">\n\t\t\t\t\t\t\t\t\t<p>A la imatge seg\u00fcent s&#8217;observa amb claredat els fossats de cada lateral.<\/p><p>En altres castells amb aquesta construcci\u00f3 de fossat sec l&#8217;entrada estaria protegida per la continuaci\u00f3 del fossat amb un pont llevad\u00eds (per exemple, al <a href=\"https:\/\/www.elturistatranquil.com\/ca\/castell-de-belmonte-conca\/\" target=\"_blank\" rel=\"noopener\">castell de Belmonte<\/a>).<\/p><p>Tamb\u00e9 sorprenen les diverses obertures als dos cubs de protecci\u00f3 de la porta, que debilitarien la seva funci\u00f3 defensiva.<\/p>\t\t\t\t\t\t\t\t<\/div>\n\t\t\t\t<\/div>\n\t\t\t\t<div class=\"elementor-element elementor-element-a6bb5a6 elementor-widget elementor-widget-image\" data-id=\"a6bb5a6\" data-element_type=\"widget\" data-e-type=\"widget\" data-widget_type=\"image.default\">\n\t\t\t\t<div class=\"elementor-widget-container\">\n\t\t\t\t\t\t\t\t\t\t\t\t<figure class=\"wp-caption\">\n\t\t\t\t\t\t\t\t\t\t<img loading=\"lazy\" decoding=\"async\" width=\"768\" height=\"512\" src=\"https:\/\/www.elturistatranquil.com\/wp-content\/uploads\/F20-Castillo-El-Castillejo-Saelices-Cuenca.jpg\" class=\"attachment-large size-large wp-image-50776\" alt=\"Castillo El Castillejo, Saelices, Cuenca\" srcset=\"https:\/\/www.elturistatranquil.com\/wp-content\/uploads\/F20-Castillo-El-Castillejo-Saelices-Cuenca.jpg 768w, https:\/\/www.elturistatranquil.com\/wp-content\/uploads\/F20-Castillo-El-Castillejo-Saelices-Cuenca-339x226.jpg 339w\" sizes=\"(max-width: 768px) 100vw, 768px\" \/>\t\t\t\t\t\t\t\t\t\t\t<figcaption class=\"widget-image-caption wp-caption-text\"><\/figcaption>\n\t\t\t\t\t\t\t\t\t\t<\/figure>\n\t\t\t\t\t\t\t\t\t<\/div>\n\t\t\t\t<\/div>\n\t\t\t\t<div class=\"elementor-element elementor-element-ee11aae elementor-widget elementor-widget-text-editor\" data-id=\"ee11aae\" data-element_type=\"widget\" data-e-type=\"widget\" data-widget_type=\"text-editor.default\">\n\t\t\t\t<div class=\"elementor-widget-container\">\n\t\t\t\t\t\t\t\t\t<p>Tot i la disposici\u00f3 irregular de la portada, la forma apuntada d&#8217;aquesta extensi\u00f3 del rectangle interior recorda una forma de baluard.<\/p>\t\t\t\t\t\t\t\t<\/div>\n\t\t\t\t<\/div>\n\t\t\t\t<div class=\"elementor-element elementor-element-82f69bb elementor-widget elementor-widget-image\" data-id=\"82f69bb\" data-element_type=\"widget\" data-e-type=\"widget\" data-widget_type=\"image.default\">\n\t\t\t\t<div class=\"elementor-widget-container\">\n\t\t\t\t\t\t\t\t\t\t\t\t<figure class=\"wp-caption\">\n\t\t\t\t\t\t\t\t\t\t<img loading=\"lazy\" decoding=\"async\" width=\"768\" height=\"512\" src=\"https:\/\/www.elturistatranquil.com\/wp-content\/uploads\/F21-Castillo-El-Castillejo-Saelices-Cuenca.jpg\" class=\"attachment-large size-large wp-image-50781\" alt=\"Castillo El Castillejo, Saelices, Cuenca\" srcset=\"https:\/\/www.elturistatranquil.com\/wp-content\/uploads\/F21-Castillo-El-Castillejo-Saelices-Cuenca.jpg 768w, https:\/\/www.elturistatranquil.com\/wp-content\/uploads\/F21-Castillo-El-Castillejo-Saelices-Cuenca-339x226.jpg 339w\" sizes=\"(max-width: 768px) 100vw, 768px\" \/>\t\t\t\t\t\t\t\t\t\t\t<figcaption class=\"widget-image-caption wp-caption-text\"><\/figcaption>\n\t\t\t\t\t\t\t\t\t\t<\/figure>\n\t\t\t\t\t\t\t\t\t<\/div>\n\t\t\t\t<\/div>\n\t\t\t\t<div class=\"elementor-element elementor-element-30d7791 elementor-widget elementor-widget-text-editor\" data-id=\"30d7791\" data-element_type=\"widget\" data-e-type=\"widget\" data-widget_type=\"text-editor.default\">\n\t\t\t\t<div class=\"elementor-widget-container\">\n\t\t\t\t\t\t\t\t\t<p>L&#8217;arc escarser amb dovelles de pedra de la porta mostra una solidesa constructiva molt deficient. Ja veurem des de l\u2019interior que sembla que no podia suportar l\u2019esfor\u00e7 de gir de les fulles de la porta.<\/p>\t\t\t\t\t\t\t\t<\/div>\n\t\t\t\t<\/div>\n\t\t\t\t<div class=\"elementor-element elementor-element-fc0625c elementor-widget elementor-widget-image\" data-id=\"fc0625c\" data-element_type=\"widget\" data-e-type=\"widget\" data-widget_type=\"image.default\">\n\t\t\t\t<div class=\"elementor-widget-container\">\n\t\t\t\t\t\t\t\t\t\t\t\t<figure class=\"wp-caption\">\n\t\t\t\t\t\t\t\t\t\t<img loading=\"lazy\" decoding=\"async\" width=\"768\" height=\"512\" src=\"https:\/\/www.elturistatranquil.com\/wp-content\/uploads\/F22-Castillo-El-Castillejo-Saelices-Cuenca.jpg\" class=\"attachment-large size-large wp-image-50783\" alt=\"Castillo El Castillejo, Saelices, Cuenca\" srcset=\"https:\/\/www.elturistatranquil.com\/wp-content\/uploads\/F22-Castillo-El-Castillejo-Saelices-Cuenca.jpg 768w, https:\/\/www.elturistatranquil.com\/wp-content\/uploads\/F22-Castillo-El-Castillejo-Saelices-Cuenca-339x226.jpg 339w\" sizes=\"(max-width: 768px) 100vw, 768px\" \/>\t\t\t\t\t\t\t\t\t\t\t<figcaption class=\"widget-image-caption wp-caption-text\"><\/figcaption>\n\t\t\t\t\t\t\t\t\t\t<\/figure>\n\t\t\t\t\t\t\t\t\t<\/div>\n\t\t\t\t<\/div>\n\t\t\t\t<div class=\"elementor-element elementor-element-503f0c1 elementor-widget elementor-widget-text-editor\" data-id=\"503f0c1\" data-element_type=\"widget\" data-e-type=\"widget\" data-widget_type=\"text-editor.default\">\n\t\t\t\t<div class=\"elementor-widget-container\">\n\t\t\t\t\t\t\t\t\t<p>Nova imatge de la disposici\u00f3 en altipl\u00e0 del castell amb el fossat del costat de ponent.<\/p>\t\t\t\t\t\t\t\t<\/div>\n\t\t\t\t<\/div>\n\t\t\t\t<div class=\"elementor-element elementor-element-449766f elementor-widget elementor-widget-image\" data-id=\"449766f\" data-element_type=\"widget\" data-e-type=\"widget\" data-widget_type=\"image.default\">\n\t\t\t\t<div class=\"elementor-widget-container\">\n\t\t\t\t\t\t\t\t\t\t\t\t<figure class=\"wp-caption\">\n\t\t\t\t\t\t\t\t\t\t<img loading=\"lazy\" decoding=\"async\" width=\"768\" height=\"512\" src=\"https:\/\/www.elturistatranquil.com\/wp-content\/uploads\/F23-Castillo-El-Castillejo-Saelices-Cuenca.jpg\" class=\"attachment-large size-large wp-image-50788\" alt=\"Castillo El Castillejo, Saelices, Cuenca\" srcset=\"https:\/\/www.elturistatranquil.com\/wp-content\/uploads\/F23-Castillo-El-Castillejo-Saelices-Cuenca.jpg 768w, https:\/\/www.elturistatranquil.com\/wp-content\/uploads\/F23-Castillo-El-Castillejo-Saelices-Cuenca-339x226.jpg 339w\" sizes=\"(max-width: 768px) 100vw, 768px\" \/>\t\t\t\t\t\t\t\t\t\t\t<figcaption class=\"widget-image-caption wp-caption-text\"><\/figcaption>\n\t\t\t\t\t\t\t\t\t\t<\/figure>\n\t\t\t\t\t\t\t\t\t<\/div>\n\t\t\t\t<\/div>\n\t\t\t\t<div class=\"elementor-element elementor-element-694e8a4 elementor-widget elementor-widget-image\" data-id=\"694e8a4\" data-element_type=\"widget\" data-e-type=\"widget\" data-widget_type=\"image.default\">\n\t\t\t\t<div class=\"elementor-widget-container\">\n\t\t\t\t\t\t\t\t\t\t\t\t<figure class=\"wp-caption\">\n\t\t\t\t\t\t\t\t\t\t<img loading=\"lazy\" decoding=\"async\" width=\"768\" height=\"512\" src=\"https:\/\/www.elturistatranquil.com\/wp-content\/uploads\/F24-Castillo-El-Castillejo-Saelices-Cuenca.jpg\" class=\"attachment-large size-large wp-image-50790\" alt=\"Castillo El Castillejo, Saelices, Cuenca\" srcset=\"https:\/\/www.elturistatranquil.com\/wp-content\/uploads\/F24-Castillo-El-Castillejo-Saelices-Cuenca.jpg 768w, https:\/\/www.elturistatranquil.com\/wp-content\/uploads\/F24-Castillo-El-Castillejo-Saelices-Cuenca-339x226.jpg 339w\" sizes=\"(max-width: 768px) 100vw, 768px\" \/>\t\t\t\t\t\t\t\t\t\t\t<figcaption class=\"widget-image-caption wp-caption-text\"><\/figcaption>\n\t\t\t\t\t\t\t\t\t\t<\/figure>\n\t\t\t\t\t\t\t\t\t<\/div>\n\t\t\t\t<\/div>\n\t\t\t\t<div class=\"elementor-element elementor-element-4781249 elementor-widget elementor-widget-text-editor\" data-id=\"4781249\" data-element_type=\"widget\" data-e-type=\"widget\" data-widget_type=\"text-editor.default\">\n\t\t\t\t<div class=\"elementor-widget-container\">\n\t\t\t\t\t\t\t\t\t<p>El primer cub d&#8217;aquest llen\u00e7 de ponent \u00e9s completament cil\u00edndric, mentre que el de l&#8217;extrem nord, al fons, presenta la base amb lleuger esper\u00f3.<\/p><p>Al fons podem veure la proximitat de la Finca Palau Infanta Eulalia.<\/p>\t\t\t\t\t\t\t\t<\/div>\n\t\t\t\t<\/div>\n\t\t\t\t<div class=\"elementor-element elementor-element-5036b60 elementor-widget elementor-widget-image\" data-id=\"5036b60\" data-element_type=\"widget\" data-e-type=\"widget\" data-widget_type=\"image.default\">\n\t\t\t\t<div class=\"elementor-widget-container\">\n\t\t\t\t\t\t\t\t\t\t\t\t<figure class=\"wp-caption\">\n\t\t\t\t\t\t\t\t\t\t<img loading=\"lazy\" decoding=\"async\" width=\"768\" height=\"432\" src=\"https:\/\/www.elturistatranquil.com\/wp-content\/uploads\/F25-Castillo-El-Castillejo-Saelices-Cuenca.jpg\" class=\"attachment-large size-large wp-image-50792\" alt=\"Castillo El Castillejo, Saelices, Cuenca\" srcset=\"https:\/\/www.elturistatranquil.com\/wp-content\/uploads\/F25-Castillo-El-Castillejo-Saelices-Cuenca.jpg 768w, https:\/\/www.elturistatranquil.com\/wp-content\/uploads\/F25-Castillo-El-Castillejo-Saelices-Cuenca-339x191.jpg 339w\" sizes=\"(max-width: 768px) 100vw, 768px\" \/>\t\t\t\t\t\t\t\t\t\t\t<figcaption class=\"widget-image-caption wp-caption-text\"><\/figcaption>\n\t\t\t\t\t\t\t\t\t\t<\/figure>\n\t\t\t\t\t\t\t\t\t<\/div>\n\t\t\t\t<\/div>\n\t\t\t\t<div class=\"elementor-element elementor-element-6be564d elementor-widget elementor-widget-text-editor\" data-id=\"6be564d\" data-element_type=\"widget\" data-e-type=\"widget\" data-widget_type=\"text-editor.default\">\n\t\t\t\t<div class=\"elementor-widget-container\">\n\t\t\t\t\t\t\t\t\t<p>Apareix de nou la m\u00e8nsula cer\u00e0mica que recorre el llen\u00e7 de muralla.<\/p>\t\t\t\t\t\t\t\t<\/div>\n\t\t\t\t<\/div>\n\t\t\t\t<div class=\"elementor-element elementor-element-66dc181 elementor-widget elementor-widget-image\" data-id=\"66dc181\" data-element_type=\"widget\" data-e-type=\"widget\" data-widget_type=\"image.default\">\n\t\t\t\t<div class=\"elementor-widget-container\">\n\t\t\t\t\t\t\t\t\t\t\t\t<figure class=\"wp-caption\">\n\t\t\t\t\t\t\t\t\t\t<img loading=\"lazy\" decoding=\"async\" width=\"768\" height=\"432\" src=\"https:\/\/www.elturistatranquil.com\/wp-content\/uploads\/F26-Castillo-El-Castillejo-Saelices-Cuenca.jpg\" class=\"attachment-large size-large wp-image-50794\" alt=\"Castillo El Castillejo, Saelices, Cuenca\" srcset=\"https:\/\/www.elturistatranquil.com\/wp-content\/uploads\/F26-Castillo-El-Castillejo-Saelices-Cuenca.jpg 768w, https:\/\/www.elturistatranquil.com\/wp-content\/uploads\/F26-Castillo-El-Castillejo-Saelices-Cuenca-339x191.jpg 339w\" sizes=\"(max-width: 768px) 100vw, 768px\" \/>\t\t\t\t\t\t\t\t\t\t\t<figcaption class=\"widget-image-caption wp-caption-text\"><\/figcaption>\n\t\t\t\t\t\t\t\t\t\t<\/figure>\n\t\t\t\t\t\t\t\t\t<\/div>\n\t\t\t\t<\/div>\n\t\t\t\t<div class=\"elementor-element elementor-element-3a9c56e elementor-widget elementor-widget-image\" data-id=\"3a9c56e\" data-element_type=\"widget\" data-e-type=\"widget\" data-widget_type=\"image.default\">\n\t\t\t\t<div class=\"elementor-widget-container\">\n\t\t\t\t\t\t\t\t\t\t\t\t<figure class=\"wp-caption\">\n\t\t\t\t\t\t\t\t\t\t<img loading=\"lazy\" decoding=\"async\" width=\"768\" height=\"432\" src=\"https:\/\/www.elturistatranquil.com\/wp-content\/uploads\/F27-Castillo-El-Castillejo-Saelices-Cuenca.jpg\" class=\"attachment-large size-large wp-image-50799\" alt=\"Castillo El Castillejo, Saelices, Cuenca\" srcset=\"https:\/\/www.elturistatranquil.com\/wp-content\/uploads\/F27-Castillo-El-Castillejo-Saelices-Cuenca.jpg 768w, https:\/\/www.elturistatranquil.com\/wp-content\/uploads\/F27-Castillo-El-Castillejo-Saelices-Cuenca-339x191.jpg 339w\" sizes=\"(max-width: 768px) 100vw, 768px\" \/>\t\t\t\t\t\t\t\t\t\t\t<figcaption class=\"widget-image-caption wp-caption-text\"><\/figcaption>\n\t\t\t\t\t\t\t\t\t\t<\/figure>\n\t\t\t\t\t\t\t\t\t<\/div>\n\t\t\t\t<\/div>\n\t\t\t\t<div class=\"elementor-element elementor-element-ec96a38 elementor-widget elementor-widget-image\" data-id=\"ec96a38\" data-element_type=\"widget\" data-e-type=\"widget\" data-widget_type=\"image.default\">\n\t\t\t\t<div class=\"elementor-widget-container\">\n\t\t\t\t\t\t\t\t\t\t\t\t<figure class=\"wp-caption\">\n\t\t\t\t\t\t\t\t\t\t<img loading=\"lazy\" decoding=\"async\" width=\"768\" height=\"432\" src=\"https:\/\/www.elturistatranquil.com\/wp-content\/uploads\/F28-Castillo-El-Castillejo-Saelices-Cuenca.jpg\" class=\"attachment-large size-large wp-image-50801\" alt=\"Castillo El Castillejo, Saelices, Cuenca\" srcset=\"https:\/\/www.elturistatranquil.com\/wp-content\/uploads\/F28-Castillo-El-Castillejo-Saelices-Cuenca.jpg 768w, https:\/\/www.elturistatranquil.com\/wp-content\/uploads\/F28-Castillo-El-Castillejo-Saelices-Cuenca-339x191.jpg 339w\" sizes=\"(max-width: 768px) 100vw, 768px\" \/>\t\t\t\t\t\t\t\t\t\t\t<figcaption class=\"widget-image-caption wp-caption-text\"><\/figcaption>\n\t\t\t\t\t\t\t\t\t\t<\/figure>\n\t\t\t\t\t\t\t\t\t<\/div>\n\t\t\t\t<\/div>\n\t\t\t\t<div class=\"elementor-element elementor-element-837637a elementor-widget elementor-widget-text-editor\" data-id=\"837637a\" data-element_type=\"widget\" data-e-type=\"widget\" data-widget_type=\"text-editor.default\">\n\t\t\t\t<div class=\"elementor-widget-container\">\n\t\t\t\t\t\t\t\t\t<p>En aquesta part el rebaix del fossat enlla\u00e7a amb el desnivell del pendent del terreny.<\/p>\t\t\t\t\t\t\t\t<\/div>\n\t\t\t\t<\/div>\n\t\t\t\t<div class=\"elementor-element elementor-element-5d40e28 elementor-widget elementor-widget-image\" data-id=\"5d40e28\" data-element_type=\"widget\" data-e-type=\"widget\" data-widget_type=\"image.default\">\n\t\t\t\t<div class=\"elementor-widget-container\">\n\t\t\t\t\t\t\t\t\t\t\t\t<figure class=\"wp-caption\">\n\t\t\t\t\t\t\t\t\t\t<img loading=\"lazy\" decoding=\"async\" width=\"768\" height=\"512\" src=\"https:\/\/www.elturistatranquil.com\/wp-content\/uploads\/F29-Castillo-El-Castillejo-Saelices-Cuenca.jpg\" class=\"attachment-large size-large wp-image-50803\" alt=\"Castillo El Castillejo, Saelices, Cuenca\" srcset=\"https:\/\/www.elturistatranquil.com\/wp-content\/uploads\/F29-Castillo-El-Castillejo-Saelices-Cuenca.jpg 768w, https:\/\/www.elturistatranquil.com\/wp-content\/uploads\/F29-Castillo-El-Castillejo-Saelices-Cuenca-339x226.jpg 339w\" sizes=\"(max-width: 768px) 100vw, 768px\" \/>\t\t\t\t\t\t\t\t\t\t\t<figcaption class=\"widget-image-caption wp-caption-text\"><\/figcaption>\n\t\t\t\t\t\t\t\t\t\t<\/figure>\n\t\t\t\t\t\t\t\t\t<\/div>\n\t\t\t\t<\/div>\n\t\t\t\t<div class=\"elementor-element elementor-element-9fedf24 elementor-widget elementor-widget-text-editor\" data-id=\"9fedf24\" data-element_type=\"widget\" data-e-type=\"widget\" data-widget_type=\"text-editor.default\">\n\t\t\t\t<div class=\"elementor-widget-container\">\n\t\t\t\t\t\t\t\t\t<p>Arribats al lateral de ponent dels peus del castell podem aturar-nos a imaginar com havia de ser el castell amb els murs elevats als tres nivells.<\/p>\t\t\t\t\t\t\t\t<\/div>\n\t\t\t\t<\/div>\n\t\t\t\t<div class=\"elementor-element elementor-element-20c03f2 elementor-widget elementor-widget-image\" data-id=\"20c03f2\" data-element_type=\"widget\" data-e-type=\"widget\" data-widget_type=\"image.default\">\n\t\t\t\t<div class=\"elementor-widget-container\">\n\t\t\t\t\t\t\t\t\t\t\t\t<figure class=\"wp-caption\">\n\t\t\t\t\t\t\t\t\t\t<img loading=\"lazy\" decoding=\"async\" width=\"768\" height=\"512\" src=\"https:\/\/www.elturistatranquil.com\/wp-content\/uploads\/F30-Castillo-El-Castillejo-Saelices-Cuenca.jpg\" class=\"attachment-large size-large wp-image-50805\" alt=\"Castillo El Castillejo, Saelices, Cuenca\" srcset=\"https:\/\/www.elturistatranquil.com\/wp-content\/uploads\/F30-Castillo-El-Castillejo-Saelices-Cuenca.jpg 768w, https:\/\/www.elturistatranquil.com\/wp-content\/uploads\/F30-Castillo-El-Castillejo-Saelices-Cuenca-339x226.jpg 339w\" sizes=\"(max-width: 768px) 100vw, 768px\" \/>\t\t\t\t\t\t\t\t\t\t\t<figcaption class=\"widget-image-caption wp-caption-text\"><\/figcaption>\n\t\t\t\t\t\t\t\t\t\t<\/figure>\n\t\t\t\t\t\t\t\t\t<\/div>\n\t\t\t\t<\/div>\n\t\t\t\t<div class=\"elementor-element elementor-element-8db7e25 elementor-widget elementor-widget-text-editor\" data-id=\"8db7e25\" data-element_type=\"widget\" data-e-type=\"widget\" data-widget_type=\"text-editor.default\">\n\t\t\t\t<div class=\"elementor-widget-container\">\n\t\t\t\t\t\t\t\t\t<p>Un fris de tres fileres de maons recorria els llen\u00e7os a l&#8217;altura de la imposta de l\u2019obertura.<\/p><p>Separant els dos cossos superiors, una altra m\u00e8nsula cer\u00e0mica.<\/p><p>I un altre fris de maons a partir de la imposta de les obertures m\u00e9s petites superiors de ma\u00f3.<\/p>\t\t\t\t\t\t\t\t<\/div>\n\t\t\t\t<\/div>\n\t\t\t\t<div class=\"elementor-element elementor-element-7cb71c8 elementor-widget elementor-widget-image\" data-id=\"7cb71c8\" data-element_type=\"widget\" data-e-type=\"widget\" data-widget_type=\"image.default\">\n\t\t\t\t<div class=\"elementor-widget-container\">\n\t\t\t\t\t\t\t\t\t\t\t\t<figure class=\"wp-caption\">\n\t\t\t\t\t\t\t\t\t\t<img loading=\"lazy\" decoding=\"async\" width=\"768\" height=\"513\" src=\"https:\/\/www.elturistatranquil.com\/wp-content\/uploads\/F31-Castillo-El-Castillejo-Saelices-Cuenca-foto-Cooper-fig-796-v-III-ano1966.jpg\" class=\"attachment-large size-large wp-image-50807\" alt=\"Castillo El Castillejo, Saelices, Cuenca (foto-Cooper fig 796, v III, a\u00f1o1966)\" srcset=\"https:\/\/www.elturistatranquil.com\/wp-content\/uploads\/F31-Castillo-El-Castillejo-Saelices-Cuenca-foto-Cooper-fig-796-v-III-ano1966.jpg 768w, https:\/\/www.elturistatranquil.com\/wp-content\/uploads\/F31-Castillo-El-Castillejo-Saelices-Cuenca-foto-Cooper-fig-796-v-III-ano1966-339x226.jpg 339w\" sizes=\"(max-width: 768px) 100vw, 768px\" \/>\t\t\t\t\t\t\t\t\t\t\t<figcaption class=\"widget-image-caption wp-caption-text\"> (Foto: E. Cooper. V. III. Fig. 796. Any 1966)<\/figcaption>\n\t\t\t\t\t\t\t\t\t\t<\/figure>\n\t\t\t\t\t\t\t\t\t<\/div>\n\t\t\t\t<\/div>\n\t\t\t\t<div class=\"elementor-element elementor-element-faf94fa elementor-widget elementor-widget-image\" data-id=\"faf94fa\" data-element_type=\"widget\" data-e-type=\"widget\" data-widget_type=\"image.default\">\n\t\t\t\t<div class=\"elementor-widget-container\">\n\t\t\t\t\t\t\t\t\t\t\t\t<figure class=\"wp-caption\">\n\t\t\t\t\t\t\t\t\t\t<img loading=\"lazy\" decoding=\"async\" width=\"768\" height=\"512\" src=\"https:\/\/www.elturistatranquil.com\/wp-content\/uploads\/F32-Castillo-El-Castillejo-Saelices-Cuenca.jpg\" class=\"attachment-large size-large wp-image-50809\" alt=\"Castillo El Castillejo, Saelices, Cuenca\" srcset=\"https:\/\/www.elturistatranquil.com\/wp-content\/uploads\/F32-Castillo-El-Castillejo-Saelices-Cuenca.jpg 768w, https:\/\/www.elturistatranquil.com\/wp-content\/uploads\/F32-Castillo-El-Castillejo-Saelices-Cuenca-339x226.jpg 339w\" sizes=\"(max-width: 768px) 100vw, 768px\" \/>\t\t\t\t\t\t\t\t\t\t\t<figcaption class=\"widget-image-caption wp-caption-text\"><\/figcaption>\n\t\t\t\t\t\t\t\t\t\t<\/figure>\n\t\t\t\t\t\t\t\t\t<\/div>\n\t\t\t\t<\/div>\n\t\t\t\t<div class=\"elementor-element elementor-element-e5c53f0 elementor-widget elementor-widget-text-editor\" data-id=\"e5c53f0\" data-element_type=\"widget\" data-e-type=\"widget\" data-widget_type=\"text-editor.default\">\n\t\t\t\t<div class=\"elementor-widget-container\">\n\t\t\t\t\t\t\t\t\t<p>Aquests s\u00f3n les m\u00e8nsules i modillons amb qu\u00e8 s&#8217;ha restaurat.<\/p>\t\t\t\t\t\t\t\t<\/div>\n\t\t\t\t<\/div>\n\t\t\t\t<div class=\"elementor-element elementor-element-387462f elementor-widget elementor-widget-image\" data-id=\"387462f\" data-element_type=\"widget\" data-e-type=\"widget\" data-widget_type=\"image.default\">\n\t\t\t\t<div class=\"elementor-widget-container\">\n\t\t\t\t\t\t\t\t\t\t\t\t<figure class=\"wp-caption\">\n\t\t\t\t\t\t\t\t\t\t<img loading=\"lazy\" decoding=\"async\" width=\"768\" height=\"432\" src=\"https:\/\/www.elturistatranquil.com\/wp-content\/uploads\/F33-Castillo-El-Castillejo-Saelices-Cuenca.jpg\" class=\"attachment-large size-large wp-image-50814\" alt=\"Castillo El Castillejo, Saelices, Cuenca\" srcset=\"https:\/\/www.elturistatranquil.com\/wp-content\/uploads\/F33-Castillo-El-Castillejo-Saelices-Cuenca.jpg 768w, https:\/\/www.elturistatranquil.com\/wp-content\/uploads\/F33-Castillo-El-Castillejo-Saelices-Cuenca-339x191.jpg 339w\" sizes=\"(max-width: 768px) 100vw, 768px\" \/>\t\t\t\t\t\t\t\t\t\t\t<figcaption class=\"widget-image-caption wp-caption-text\"><\/figcaption>\n\t\t\t\t\t\t\t\t\t\t<\/figure>\n\t\t\t\t\t\t\t\t\t<\/div>\n\t\t\t\t<\/div>\n\t\t\t\t<div class=\"elementor-element elementor-element-ee24d77 elementor-widget elementor-widget-text-editor\" data-id=\"ee24d77\" data-element_type=\"widget\" data-e-type=\"widget\" data-widget_type=\"text-editor.default\">\n\t\t\t\t<div class=\"elementor-widget-container\">\n\t\t\t\t\t\t\t\t\t<p>Detall est\u00e8tic al mur i una tronera de creu i orbe a la qual no se li veu cap funci\u00f3 defensiva, sembla m\u00e9s un detall decoratiu, al costat d&#8217;una creu de cer\u00e0mica que no \u00e9s clar que exist\u00eds en aquest lloc originalment.<\/p>\t\t\t\t\t\t\t\t<\/div>\n\t\t\t\t<\/div>\n\t\t\t\t<div class=\"elementor-element elementor-element-5fbcb39 elementor-widget elementor-widget-image\" data-id=\"5fbcb39\" data-element_type=\"widget\" data-e-type=\"widget\" data-widget_type=\"image.default\">\n\t\t\t\t<div class=\"elementor-widget-container\">\n\t\t\t\t\t\t\t\t\t\t\t\t<figure class=\"wp-caption\">\n\t\t\t\t\t\t\t\t\t\t<img loading=\"lazy\" decoding=\"async\" width=\"768\" height=\"317\" src=\"https:\/\/www.elturistatranquil.com\/wp-content\/uploads\/F34-Castillo-El-Castillejo-Saelices-Cuenca.jpg\" class=\"attachment-large size-large wp-image-50816\" alt=\"Castillo El Castillejo, Saelices, Cuenca\" srcset=\"https:\/\/www.elturistatranquil.com\/wp-content\/uploads\/F34-Castillo-El-Castillejo-Saelices-Cuenca.jpg 768w, https:\/\/www.elturistatranquil.com\/wp-content\/uploads\/F34-Castillo-El-Castillejo-Saelices-Cuenca-339x140.jpg 339w\" sizes=\"(max-width: 768px) 100vw, 768px\" \/>\t\t\t\t\t\t\t\t\t\t\t<figcaption class=\"widget-image-caption wp-caption-text\"><\/figcaption>\n\t\t\t\t\t\t\t\t\t\t<\/figure>\n\t\t\t\t\t\t\t\t\t<\/div>\n\t\t\t\t<\/div>\n\t\t\t\t<div class=\"elementor-element elementor-element-146358d elementor-widget elementor-widget-text-editor\" data-id=\"146358d\" data-element_type=\"widget\" data-e-type=\"widget\" data-widget_type=\"text-editor.default\">\n\t\t\t\t<div class=\"elementor-widget-container\">\n\t\t\t\t\t\t\t\t\t<p>Acabem aquest recorregut exterior pel garit\u00f3 prop de la porta, en aquesta at\u00edpica disposici\u00f3 arran de terra.<\/p>\t\t\t\t\t\t\t\t<\/div>\n\t\t\t\t<\/div>\n\t\t\t\t<div class=\"elementor-element elementor-element-e99cd09 elementor-widget elementor-widget-image\" data-id=\"e99cd09\" data-element_type=\"widget\" data-e-type=\"widget\" data-widget_type=\"image.default\">\n\t\t\t\t<div class=\"elementor-widget-container\">\n\t\t\t\t\t\t\t\t\t\t\t\t<figure class=\"wp-caption\">\n\t\t\t\t\t\t\t\t\t\t<img loading=\"lazy\" decoding=\"async\" width=\"768\" height=\"512\" src=\"https:\/\/www.elturistatranquil.com\/wp-content\/uploads\/F35-Castillo-El-Castillejo-Saelices-Cuenca.jpg\" class=\"attachment-large size-large wp-image-50818\" alt=\"Castillo El Castillejo, Saelices, Cuenca\" srcset=\"https:\/\/www.elturistatranquil.com\/wp-content\/uploads\/F35-Castillo-El-Castillejo-Saelices-Cuenca.jpg 768w, https:\/\/www.elturistatranquil.com\/wp-content\/uploads\/F35-Castillo-El-Castillejo-Saelices-Cuenca-339x226.jpg 339w\" sizes=\"(max-width: 768px) 100vw, 768px\" \/>\t\t\t\t\t\t\t\t\t\t\t<figcaption class=\"widget-image-caption wp-caption-text\"><\/figcaption>\n\t\t\t\t\t\t\t\t\t\t<\/figure>\n\t\t\t\t\t\t\t\t\t<\/div>\n\t\t\t\t<\/div>\n\t\t\t\t<div class=\"elementor-element elementor-element-7125af84 elementor-widget elementor-widget-heading\" data-id=\"7125af84\" data-element_type=\"widget\" data-e-type=\"widget\" data-widget_type=\"heading.default\">\n\t\t\t\t<div class=\"elementor-widget-container\">\n\t\t\t\t\t<h3 class=\"elementor-heading-title elementor-size-default\">L'interior<\/h3>\t\t\t\t<\/div>\n\t\t\t\t<\/div>\n\t\t\t\t<div class=\"elementor-element elementor-element-9d7c0ec elementor-widget elementor-widget-text-editor\" data-id=\"9d7c0ec\" data-element_type=\"widget\" data-e-type=\"widget\" data-widget_type=\"text-editor.default\">\n\t\t\t\t<div class=\"elementor-widget-container\">\n\t\t\t\t\t\t\t\t\t<p>Franquegem la porta a trav\u00e9s d&#8217;un gruixut mur. El segon i tercer nivell presenten els murs molt m\u00e9s estrets i febles, defensivament parlant. Possiblement aquest menor gruix rest\u00e9s consist\u00e8ncia al mur de carreu\u00f3\/ma\u00e7oneria i facilit\u00e9s l&#8217;esfondrament de la pr\u00e0ctica totalitat de les dues plantes superiors, excepte el petit testimoni que acabem d&#8217;observar.<\/p>\t\t\t\t\t\t\t\t<\/div>\n\t\t\t\t<\/div>\n\t\t\t\t<div class=\"elementor-element elementor-element-193513f elementor-widget elementor-widget-image\" data-id=\"193513f\" data-element_type=\"widget\" data-e-type=\"widget\" data-widget_type=\"image.default\">\n\t\t\t\t<div class=\"elementor-widget-container\">\n\t\t\t\t\t\t\t\t\t\t\t\t<figure class=\"wp-caption\">\n\t\t\t\t\t\t\t\t\t\t<img loading=\"lazy\" decoding=\"async\" width=\"768\" height=\"432\" src=\"https:\/\/www.elturistatranquil.com\/wp-content\/uploads\/F36-Castillo-El-Castillejo-Saelices-Cuenca.jpg\" class=\"attachment-large size-large wp-image-50820\" alt=\"Castillo El Castillejo, Saelices, Cuenca\" srcset=\"https:\/\/www.elturistatranquil.com\/wp-content\/uploads\/F36-Castillo-El-Castillejo-Saelices-Cuenca.jpg 768w, https:\/\/www.elturistatranquil.com\/wp-content\/uploads\/F36-Castillo-El-Castillejo-Saelices-Cuenca-339x191.jpg 339w\" sizes=\"(max-width: 768px) 100vw, 768px\" \/>\t\t\t\t\t\t\t\t\t\t\t<figcaption class=\"widget-image-caption wp-caption-text\"><\/figcaption>\n\t\t\t\t\t\t\t\t\t\t<\/figure>\n\t\t\t\t\t\t\t\t\t<\/div>\n\t\t\t\t<\/div>\n\t\t\t\t<div class=\"elementor-element elementor-element-58e69d2 elementor-widget elementor-widget-text-editor\" data-id=\"58e69d2\" data-element_type=\"widget\" data-e-type=\"widget\" data-widget_type=\"text-editor.default\">\n\t\t\t\t<div class=\"elementor-widget-container\">\n\t\t\t\t\t\t\t\t\t<p>Als monticles laterals es deu acumular la pedra dels murs caiguts.<\/p><p>A l&#8217;altre extrem observem l&#8217;entrada principal.<\/p><p>Queda alguna petita resta dels murs interiors de partici\u00f3, per\u00f2 la seva escassetat no permet imaginar la forma i la disposici\u00f3 de les depend\u00e8ncies de l&#8217;interior del recinte.<\/p>\t\t\t\t\t\t\t\t<\/div>\n\t\t\t\t<\/div>\n\t\t\t\t<div class=\"elementor-element elementor-element-ba0367c elementor-widget elementor-widget-image\" data-id=\"ba0367c\" data-element_type=\"widget\" data-e-type=\"widget\" data-widget_type=\"image.default\">\n\t\t\t\t<div class=\"elementor-widget-container\">\n\t\t\t\t\t\t\t\t\t\t\t\t<figure class=\"wp-caption\">\n\t\t\t\t\t\t\t\t\t\t<img loading=\"lazy\" decoding=\"async\" width=\"768\" height=\"432\" src=\"https:\/\/www.elturistatranquil.com\/wp-content\/uploads\/F38-Castillo-El-Castillejo-Saelices-Cuenca.jpg\" class=\"attachment-large size-large wp-image-50822\" alt=\"Castillo El Castillejo, Saelices, Cuenca\" srcset=\"https:\/\/www.elturistatranquil.com\/wp-content\/uploads\/F38-Castillo-El-Castillejo-Saelices-Cuenca.jpg 768w, https:\/\/www.elturistatranquil.com\/wp-content\/uploads\/F38-Castillo-El-Castillejo-Saelices-Cuenca-339x191.jpg 339w\" sizes=\"(max-width: 768px) 100vw, 768px\" \/>\t\t\t\t\t\t\t\t\t\t\t<figcaption class=\"widget-image-caption wp-caption-text\"><\/figcaption>\n\t\t\t\t\t\t\t\t\t\t<\/figure>\n\t\t\t\t\t\t\t\t\t<\/div>\n\t\t\t\t<\/div>\n\t\t\t\t<div class=\"elementor-element elementor-element-8bd0a9d elementor-widget elementor-widget-text-editor\" data-id=\"8bd0a9d\" data-element_type=\"widget\" data-e-type=\"widget\" data-widget_type=\"text-editor.default\">\n\t\t\t\t<div class=\"elementor-widget-container\">\n\t\t\t\t\t\t\t\t\t<p>El mur de llevant acaba a la torrassa de la que queden m\u00e9s restes de la seva estructura.<\/p>\t\t\t\t\t\t\t\t<\/div>\n\t\t\t\t<\/div>\n\t\t\t\t<div class=\"elementor-element elementor-element-4532696 elementor-widget elementor-widget-image\" data-id=\"4532696\" data-element_type=\"widget\" data-e-type=\"widget\" data-widget_type=\"image.default\">\n\t\t\t\t<div class=\"elementor-widget-container\">\n\t\t\t\t\t\t\t\t\t\t\t\t<figure class=\"wp-caption\">\n\t\t\t\t\t\t\t\t\t\t<img loading=\"lazy\" decoding=\"async\" width=\"768\" height=\"432\" src=\"https:\/\/www.elturistatranquil.com\/wp-content\/uploads\/F39-Castillo-El-Castillejo-Saelices-Cuenca.jpg\" class=\"attachment-large size-large wp-image-50824\" alt=\"Castillo El Castillejo, Saelices, Cuenca\" srcset=\"https:\/\/www.elturistatranquil.com\/wp-content\/uploads\/F39-Castillo-El-Castillejo-Saelices-Cuenca.jpg 768w, https:\/\/www.elturistatranquil.com\/wp-content\/uploads\/F39-Castillo-El-Castillejo-Saelices-Cuenca-339x191.jpg 339w\" sizes=\"(max-width: 768px) 100vw, 768px\" \/>\t\t\t\t\t\t\t\t\t\t\t<figcaption class=\"widget-image-caption wp-caption-text\"><\/figcaption>\n\t\t\t\t\t\t\t\t\t\t<\/figure>\n\t\t\t\t\t\t\t\t\t<\/div>\n\t\t\t\t<\/div>\n\t\t\t\t<div class=\"elementor-element elementor-element-3aac21d elementor-widget elementor-widget-image\" data-id=\"3aac21d\" data-element_type=\"widget\" data-e-type=\"widget\" data-widget_type=\"image.default\">\n\t\t\t\t<div class=\"elementor-widget-container\">\n\t\t\t\t\t\t\t\t\t\t\t\t<figure class=\"wp-caption\">\n\t\t\t\t\t\t\t\t\t\t<img loading=\"lazy\" decoding=\"async\" width=\"768\" height=\"432\" src=\"https:\/\/www.elturistatranquil.com\/wp-content\/uploads\/F40-Castillo-El-Castillejo-Saelices-Cuenca.jpg\" class=\"attachment-large size-large wp-image-50826\" alt=\"Castillo El Castillejo, Saelices, Cuenca\" srcset=\"https:\/\/www.elturistatranquil.com\/wp-content\/uploads\/F40-Castillo-El-Castillejo-Saelices-Cuenca.jpg 768w, https:\/\/www.elturistatranquil.com\/wp-content\/uploads\/F40-Castillo-El-Castillejo-Saelices-Cuenca-339x191.jpg 339w\" sizes=\"(max-width: 768px) 100vw, 768px\" \/>\t\t\t\t\t\t\t\t\t\t\t<figcaption class=\"widget-image-caption wp-caption-text\"><\/figcaption>\n\t\t\t\t\t\t\t\t\t\t<\/figure>\n\t\t\t\t\t\t\t\t\t<\/div>\n\t\t\t\t<\/div>\n\t\t\t\t<div class=\"elementor-element elementor-element-67be88c elementor-widget elementor-widget-image\" data-id=\"67be88c\" data-element_type=\"widget\" data-e-type=\"widget\" data-widget_type=\"image.default\">\n\t\t\t\t<div class=\"elementor-widget-container\">\n\t\t\t\t\t\t\t\t\t\t\t\t<figure class=\"wp-caption\">\n\t\t\t\t\t\t\t\t\t\t<img loading=\"lazy\" decoding=\"async\" width=\"768\" height=\"432\" src=\"https:\/\/www.elturistatranquil.com\/wp-content\/uploads\/F41-Castillo-El-Castillejo-Saelices-Cuenca.jpg\" class=\"attachment-large size-large wp-image-50828\" alt=\"Castillo El Castillejo, Saelices, Cuenca\" srcset=\"https:\/\/www.elturistatranquil.com\/wp-content\/uploads\/F41-Castillo-El-Castillejo-Saelices-Cuenca.jpg 768w, https:\/\/www.elturistatranquil.com\/wp-content\/uploads\/F41-Castillo-El-Castillejo-Saelices-Cuenca-339x191.jpg 339w\" sizes=\"(max-width: 768px) 100vw, 768px\" \/>\t\t\t\t\t\t\t\t\t\t\t<figcaption class=\"widget-image-caption wp-caption-text\"><\/figcaption>\n\t\t\t\t\t\t\t\t\t\t<\/figure>\n\t\t\t\t\t\t\t\t\t<\/div>\n\t\t\t\t<\/div>\n\t\t\t\t<div class=\"elementor-element elementor-element-59a53a1 elementor-widget elementor-widget-image\" data-id=\"59a53a1\" data-element_type=\"widget\" data-e-type=\"widget\" data-widget_type=\"image.default\">\n\t\t\t\t<div class=\"elementor-widget-container\">\n\t\t\t\t\t\t\t\t\t\t\t\t<figure class=\"wp-caption\">\n\t\t\t\t\t\t\t\t\t\t<img loading=\"lazy\" decoding=\"async\" width=\"768\" height=\"432\" src=\"https:\/\/www.elturistatranquil.com\/wp-content\/uploads\/F42-Castillo-El-Castillejo-Saelices-Cuenca.jpg\" class=\"attachment-large size-large wp-image-50830\" alt=\"Castillo El Castillejo, Saelices, Cuenca\" srcset=\"https:\/\/www.elturistatranquil.com\/wp-content\/uploads\/F42-Castillo-El-Castillejo-Saelices-Cuenca.jpg 768w, https:\/\/www.elturistatranquil.com\/wp-content\/uploads\/F42-Castillo-El-Castillejo-Saelices-Cuenca-339x191.jpg 339w\" sizes=\"(max-width: 768px) 100vw, 768px\" \/>\t\t\t\t\t\t\t\t\t\t\t<figcaption class=\"widget-image-caption wp-caption-text\"><\/figcaption>\n\t\t\t\t\t\t\t\t\t\t<\/figure>\n\t\t\t\t\t\t\t\t\t<\/div>\n\t\t\t\t<\/div>\n\t\t\t\t<div class=\"elementor-element elementor-element-8bd733a elementor-widget elementor-widget-text-editor\" data-id=\"8bd733a\" data-element_type=\"widget\" data-e-type=\"widget\" data-widget_type=\"text-editor.default\">\n\t\t\t\t<div class=\"elementor-widget-container\">\n\t\t\t\t\t\t\t\t\t<p>Als murs, un gran nombre d&#8217;obertures amb arcs de diversa f\u00e0brica i estil. Gaireb\u00e9 sembla un mostrari. La proliferaci\u00f3 d&#8217;aquestes obertures havia de correspondre a la funci\u00f3 residencial despr\u00e9s de la reforma del segle XVI.<\/p>\t\t\t\t\t\t\t\t<\/div>\n\t\t\t\t<\/div>\n\t\t\t\t<section class=\"elementor-section elementor-inner-section elementor-element elementor-element-3c8164b elementor-section-boxed elementor-section-height-default elementor-section-height-default\" data-id=\"3c8164b\" data-element_type=\"section\" data-e-type=\"section\">\n\t\t\t\t\t\t<div class=\"elementor-container elementor-column-gap-default\">\n\t\t\t\t\t<div class=\"elementor-column elementor-col-50 elementor-inner-column elementor-element elementor-element-45b65f4\" data-id=\"45b65f4\" data-element_type=\"column\" data-e-type=\"column\">\n\t\t\t<div class=\"elementor-widget-wrap elementor-element-populated\">\n\t\t\t\t\t\t<div class=\"elementor-element elementor-element-147f7b9 elementor-widget elementor-widget-image\" data-id=\"147f7b9\" data-element_type=\"widget\" data-e-type=\"widget\" data-widget_type=\"image.default\">\n\t\t\t\t<div class=\"elementor-widget-container\">\n\t\t\t\t\t\t\t\t\t\t\t\t\t\t\t<img loading=\"lazy\" decoding=\"async\" width=\"380\" height=\"380\" src=\"https:\/\/www.elturistatranquil.com\/wp-content\/uploads\/F43m-Castillo-El-Castillejo-Saelices-Cuenca.jpg\" class=\"attachment-large size-large wp-image-50832\" alt=\"Castillo El Castillejo, Saelices, Cuenca\" srcset=\"https:\/\/www.elturistatranquil.com\/wp-content\/uploads\/F43m-Castillo-El-Castillejo-Saelices-Cuenca.jpg 380w, https:\/\/www.elturistatranquil.com\/wp-content\/uploads\/F43m-Castillo-El-Castillejo-Saelices-Cuenca-226x226.jpg 226w\" sizes=\"(max-width: 380px) 100vw, 380px\" \/>\t\t\t\t\t\t\t\t\t\t\t\t\t\t\t<\/div>\n\t\t\t\t<\/div>\n\t\t\t\t\t<\/div>\n\t\t<\/div>\n\t\t\t\t<div class=\"elementor-column elementor-col-50 elementor-inner-column elementor-element elementor-element-21d7115\" data-id=\"21d7115\" data-element_type=\"column\" data-e-type=\"column\">\n\t\t\t<div class=\"elementor-widget-wrap elementor-element-populated\">\n\t\t\t\t\t\t<div class=\"elementor-element elementor-element-dbf457f elementor-widget elementor-widget-image\" data-id=\"dbf457f\" data-element_type=\"widget\" data-e-type=\"widget\" data-widget_type=\"image.default\">\n\t\t\t\t<div class=\"elementor-widget-container\">\n\t\t\t\t\t\t\t\t\t\t\t\t\t\t\t<img loading=\"lazy\" decoding=\"async\" width=\"380\" height=\"380\" src=\"https:\/\/www.elturistatranquil.com\/wp-content\/uploads\/F43n-Castillo-El-Castillejo-Saelices-Cuenca.jpg\" class=\"attachment-large size-large wp-image-50834\" alt=\"Castillo El Castillejo, Saelices, Cuenca\" srcset=\"https:\/\/www.elturistatranquil.com\/wp-content\/uploads\/F43n-Castillo-El-Castillejo-Saelices-Cuenca.jpg 380w, https:\/\/www.elturistatranquil.com\/wp-content\/uploads\/F43n-Castillo-El-Castillejo-Saelices-Cuenca-226x226.jpg 226w\" sizes=\"(max-width: 380px) 100vw, 380px\" \/>\t\t\t\t\t\t\t\t\t\t\t\t\t\t\t<\/div>\n\t\t\t\t<\/div>\n\t\t\t\t\t<\/div>\n\t\t<\/div>\n\t\t\t\t\t<\/div>\n\t\t<\/section>\n\t\t\t\t<section class=\"elementor-section elementor-inner-section elementor-element elementor-element-9aa9d2b elementor-section-boxed elementor-section-height-default elementor-section-height-default\" data-id=\"9aa9d2b\" data-element_type=\"section\" data-e-type=\"section\">\n\t\t\t\t\t\t<div class=\"elementor-container elementor-column-gap-default\">\n\t\t\t\t\t<div class=\"elementor-column elementor-col-50 elementor-inner-column elementor-element elementor-element-2452514\" data-id=\"2452514\" data-element_type=\"column\" data-e-type=\"column\">\n\t\t\t<div class=\"elementor-widget-wrap elementor-element-populated\">\n\t\t\t\t\t\t<div class=\"elementor-element elementor-element-8687927 elementor-widget elementor-widget-image\" data-id=\"8687927\" data-element_type=\"widget\" data-e-type=\"widget\" data-widget_type=\"image.default\">\n\t\t\t\t<div class=\"elementor-widget-container\">\n\t\t\t\t\t\t\t\t\t\t\t\t\t\t\t<img loading=\"lazy\" decoding=\"async\" width=\"380\" height=\"380\" src=\"https:\/\/www.elturistatranquil.com\/wp-content\/uploads\/F43o-Castillo-El-Castillejo-Saelices-Cuenca.jpg\" class=\"attachment-large size-large wp-image-50836\" alt=\"Castillo El Castillejo, Saelices, Cuenca\" srcset=\"https:\/\/www.elturistatranquil.com\/wp-content\/uploads\/F43o-Castillo-El-Castillejo-Saelices-Cuenca.jpg 380w, https:\/\/www.elturistatranquil.com\/wp-content\/uploads\/F43o-Castillo-El-Castillejo-Saelices-Cuenca-226x226.jpg 226w\" sizes=\"(max-width: 380px) 100vw, 380px\" \/>\t\t\t\t\t\t\t\t\t\t\t\t\t\t\t<\/div>\n\t\t\t\t<\/div>\n\t\t\t\t\t<\/div>\n\t\t<\/div>\n\t\t\t\t<div class=\"elementor-column elementor-col-50 elementor-inner-column elementor-element elementor-element-7f69c3b\" data-id=\"7f69c3b\" data-element_type=\"column\" data-e-type=\"column\">\n\t\t\t<div class=\"elementor-widget-wrap elementor-element-populated\">\n\t\t\t\t\t\t<div class=\"elementor-element elementor-element-a267c2b elementor-widget elementor-widget-image\" data-id=\"a267c2b\" data-element_type=\"widget\" data-e-type=\"widget\" data-widget_type=\"image.default\">\n\t\t\t\t<div class=\"elementor-widget-container\">\n\t\t\t\t\t\t\t\t\t\t\t\t\t\t\t<img loading=\"lazy\" decoding=\"async\" width=\"380\" height=\"380\" src=\"https:\/\/www.elturistatranquil.com\/wp-content\/uploads\/F43p-Castillo-El-Castillejo-Saelices-Cuenca.jpg\" class=\"attachment-large size-large wp-image-50838\" alt=\"Castillo El Castillejo, Saelices, Cuenca\" srcset=\"https:\/\/www.elturistatranquil.com\/wp-content\/uploads\/F43p-Castillo-El-Castillejo-Saelices-Cuenca.jpg 380w, https:\/\/www.elturistatranquil.com\/wp-content\/uploads\/F43p-Castillo-El-Castillejo-Saelices-Cuenca-226x226.jpg 226w\" sizes=\"(max-width: 380px) 100vw, 380px\" \/>\t\t\t\t\t\t\t\t\t\t\t\t\t\t\t<\/div>\n\t\t\t\t<\/div>\n\t\t\t\t\t<\/div>\n\t\t<\/div>\n\t\t\t\t\t<\/div>\n\t\t<\/section>\n\t\t\t\t<div class=\"elementor-element elementor-element-31f533f elementor-widget elementor-widget-image\" data-id=\"31f533f\" data-element_type=\"widget\" data-e-type=\"widget\" data-widget_type=\"image.default\">\n\t\t\t\t<div class=\"elementor-widget-container\">\n\t\t\t\t\t\t\t\t\t\t\t\t<figure class=\"wp-caption\">\n\t\t\t\t\t\t\t\t\t\t<img loading=\"lazy\" decoding=\"async\" width=\"768\" height=\"432\" src=\"https:\/\/www.elturistatranquil.com\/wp-content\/uploads\/F45-Castillo-El-Castillejo-Saelices-Cuenca.jpg\" class=\"attachment-large size-large wp-image-50840\" alt=\"Castillo El Castillejo, Saelices, Cuenca\" srcset=\"https:\/\/www.elturistatranquil.com\/wp-content\/uploads\/F45-Castillo-El-Castillejo-Saelices-Cuenca.jpg 768w, https:\/\/www.elturistatranquil.com\/wp-content\/uploads\/F45-Castillo-El-Castillejo-Saelices-Cuenca-339x191.jpg 339w\" sizes=\"(max-width: 768px) 100vw, 768px\" \/>\t\t\t\t\t\t\t\t\t\t\t<figcaption class=\"widget-image-caption wp-caption-text\"><\/figcaption>\n\t\t\t\t\t\t\t\t\t\t<\/figure>\n\t\t\t\t\t\t\t\t\t<\/div>\n\t\t\t\t<\/div>\n\t\t\t\t<div class=\"elementor-element elementor-element-73ccf88 elementor-widget elementor-widget-image\" data-id=\"73ccf88\" data-element_type=\"widget\" data-e-type=\"widget\" data-widget_type=\"image.default\">\n\t\t\t\t<div class=\"elementor-widget-container\">\n\t\t\t\t\t\t\t\t\t\t\t\t<figure class=\"wp-caption\">\n\t\t\t\t\t\t\t\t\t\t<img loading=\"lazy\" decoding=\"async\" width=\"768\" height=\"432\" src=\"https:\/\/www.elturistatranquil.com\/wp-content\/uploads\/F46-Castillo-El-Castillejo-Saelices-Cuenca.jpg\" class=\"attachment-large size-large wp-image-50845\" alt=\"Castillo El Castillejo, Saelices, Cuenca\" srcset=\"https:\/\/www.elturistatranquil.com\/wp-content\/uploads\/F46-Castillo-El-Castillejo-Saelices-Cuenca.jpg 768w, https:\/\/www.elturistatranquil.com\/wp-content\/uploads\/F46-Castillo-El-Castillejo-Saelices-Cuenca-339x191.jpg 339w\" sizes=\"(max-width: 768px) 100vw, 768px\" \/>\t\t\t\t\t\t\t\t\t\t\t<figcaption class=\"widget-image-caption wp-caption-text\"><\/figcaption>\n\t\t\t\t\t\t\t\t\t\t<\/figure>\n\t\t\t\t\t\t\t\t\t<\/div>\n\t\t\t\t<\/div>\n\t\t\t\t<div class=\"elementor-element elementor-element-f5d6141 elementor-widget elementor-widget-image\" data-id=\"f5d6141\" data-element_type=\"widget\" data-e-type=\"widget\" data-widget_type=\"image.default\">\n\t\t\t\t<div class=\"elementor-widget-container\">\n\t\t\t\t\t\t\t\t\t\t\t\t<figure class=\"wp-caption\">\n\t\t\t\t\t\t\t\t\t\t<img loading=\"lazy\" decoding=\"async\" width=\"768\" height=\"432\" src=\"https:\/\/www.elturistatranquil.com\/wp-content\/uploads\/F47-Castillo-El-Castillejo-Saelices-Cuenca.jpg\" class=\"attachment-large size-large wp-image-50847\" alt=\"Castillo El Castillejo, Saelices, Cuenca\" srcset=\"https:\/\/www.elturistatranquil.com\/wp-content\/uploads\/F47-Castillo-El-Castillejo-Saelices-Cuenca.jpg 768w, https:\/\/www.elturistatranquil.com\/wp-content\/uploads\/F47-Castillo-El-Castillejo-Saelices-Cuenca-339x191.jpg 339w\" sizes=\"(max-width: 768px) 100vw, 768px\" \/>\t\t\t\t\t\t\t\t\t\t\t<figcaption class=\"widget-image-caption wp-caption-text\"><\/figcaption>\n\t\t\t\t\t\t\t\t\t\t<\/figure>\n\t\t\t\t\t\t\t\t\t<\/div>\n\t\t\t\t<\/div>\n\t\t\t\t<div class=\"elementor-element elementor-element-7d6ad45 elementor-widget elementor-widget-image\" data-id=\"7d6ad45\" data-element_type=\"widget\" data-e-type=\"widget\" data-widget_type=\"image.default\">\n\t\t\t\t<div class=\"elementor-widget-container\">\n\t\t\t\t\t\t\t\t\t\t\t\t<figure class=\"wp-caption\">\n\t\t\t\t\t\t\t\t\t\t<img loading=\"lazy\" decoding=\"async\" width=\"768\" height=\"432\" src=\"https:\/\/www.elturistatranquil.com\/wp-content\/uploads\/F48-Castillo-El-Castillejo-Saelices-Cuenca.jpg\" class=\"attachment-large size-large wp-image-50849\" alt=\"Castillo El Castillejo, Saelices, Cuenca\" srcset=\"https:\/\/www.elturistatranquil.com\/wp-content\/uploads\/F48-Castillo-El-Castillejo-Saelices-Cuenca.jpg 768w, https:\/\/www.elturistatranquil.com\/wp-content\/uploads\/F48-Castillo-El-Castillejo-Saelices-Cuenca-339x191.jpg 339w\" sizes=\"(max-width: 768px) 100vw, 768px\" \/>\t\t\t\t\t\t\t\t\t\t\t<figcaption class=\"widget-image-caption wp-caption-text\"><\/figcaption>\n\t\t\t\t\t\t\t\t\t\t<\/figure>\n\t\t\t\t\t\t\t\t\t<\/div>\n\t\t\t\t<\/div>\n\t\t\t\t<div class=\"elementor-element elementor-element-3fbd482 elementor-widget elementor-widget-text-editor\" data-id=\"3fbd482\" data-element_type=\"widget\" data-e-type=\"widget\" data-widget_type=\"text-editor.default\">\n\t\t\t\t<div class=\"elementor-widget-container\">\n\t\t\t\t\t\t\t\t\t<p>Sortim del rectangle interior per avan\u00e7ar cap al que he dit que s&#8217;assemblava a una forma de baluard, amb la porta principal a la punta de llan\u00e7a.<\/p>\t\t\t\t\t\t\t\t<\/div>\n\t\t\t\t<\/div>\n\t\t\t\t<div class=\"elementor-element elementor-element-9d3f9fb elementor-widget elementor-widget-image\" data-id=\"9d3f9fb\" data-element_type=\"widget\" data-e-type=\"widget\" data-widget_type=\"image.default\">\n\t\t\t\t<div class=\"elementor-widget-container\">\n\t\t\t\t\t\t\t\t\t\t\t\t<figure class=\"wp-caption\">\n\t\t\t\t\t\t\t\t\t\t<img loading=\"lazy\" decoding=\"async\" width=\"768\" height=\"432\" src=\"https:\/\/www.elturistatranquil.com\/wp-content\/uploads\/F49-Castillo-El-Castillejo-Saelices-Cuenca.jpg\" class=\"attachment-large size-large wp-image-50851\" alt=\"Castillo El Castillejo, Saelices, Cuenca\" srcset=\"https:\/\/www.elturistatranquil.com\/wp-content\/uploads\/F49-Castillo-El-Castillejo-Saelices-Cuenca.jpg 768w, https:\/\/www.elturistatranquil.com\/wp-content\/uploads\/F49-Castillo-El-Castillejo-Saelices-Cuenca-339x191.jpg 339w\" sizes=\"(max-width: 768px) 100vw, 768px\" \/>\t\t\t\t\t\t\t\t\t\t\t<figcaption class=\"widget-image-caption wp-caption-text\"><\/figcaption>\n\t\t\t\t\t\t\t\t\t\t<\/figure>\n\t\t\t\t\t\t\t\t\t<\/div>\n\t\t\t\t<\/div>\n\t\t\t\t<div class=\"elementor-element elementor-element-dc6c5fb elementor-widget elementor-widget-text-editor\" data-id=\"dc6c5fb\" data-element_type=\"widget\" data-e-type=\"widget\" data-widget_type=\"text-editor.default\">\n\t\t\t\t<div class=\"elementor-widget-container\">\n\t\t\t\t\t\t\t\t\t<p>Es pot observar que la qualitat constructiva del carreu\u00f3 dels murs, aix\u00ed com l&#8217;acabat de les obertures no mostra gaire mestratge ni solidesa.<\/p>\t\t\t\t\t\t\t\t<\/div>\n\t\t\t\t<\/div>\n\t\t\t\t<div class=\"elementor-element elementor-element-bf94648 elementor-widget elementor-widget-image\" data-id=\"bf94648\" data-element_type=\"widget\" data-e-type=\"widget\" data-widget_type=\"image.default\">\n\t\t\t\t<div class=\"elementor-widget-container\">\n\t\t\t\t\t\t\t\t\t\t\t\t<figure class=\"wp-caption\">\n\t\t\t\t\t\t\t\t\t\t<img loading=\"lazy\" decoding=\"async\" width=\"768\" height=\"432\" src=\"https:\/\/www.elturistatranquil.com\/wp-content\/uploads\/F50-Castillo-El-Castillejo-Saelices-Cuenca.jpg\" class=\"attachment-large size-large wp-image-50853\" alt=\"Castillo El Castillejo, Saelices, Cuenca\" srcset=\"https:\/\/www.elturistatranquil.com\/wp-content\/uploads\/F50-Castillo-El-Castillejo-Saelices-Cuenca.jpg 768w, https:\/\/www.elturistatranquil.com\/wp-content\/uploads\/F50-Castillo-El-Castillejo-Saelices-Cuenca-339x191.jpg 339w\" sizes=\"(max-width: 768px) 100vw, 768px\" \/>\t\t\t\t\t\t\t\t\t\t\t<figcaption class=\"widget-image-caption wp-caption-text\"><\/figcaption>\n\t\t\t\t\t\t\t\t\t\t<\/figure>\n\t\t\t\t\t\t\t\t\t<\/div>\n\t\t\t\t<\/div>\n\t\t\t\t<div class=\"elementor-element elementor-element-e3bc505 elementor-widget elementor-widget-image\" data-id=\"e3bc505\" data-element_type=\"widget\" data-e-type=\"widget\" data-widget_type=\"image.default\">\n\t\t\t\t<div class=\"elementor-widget-container\">\n\t\t\t\t\t\t\t\t\t\t\t\t<figure class=\"wp-caption\">\n\t\t\t\t\t\t\t\t\t\t<img loading=\"lazy\" decoding=\"async\" width=\"768\" height=\"432\" src=\"https:\/\/www.elturistatranquil.com\/wp-content\/uploads\/F51-Castillo-El-Castillejo-Saelices-Cuenca.jpg\" class=\"attachment-large size-large wp-image-50858\" alt=\"Castillo El Castillejo, Saelices, Cuenca\" srcset=\"https:\/\/www.elturistatranquil.com\/wp-content\/uploads\/F51-Castillo-El-Castillejo-Saelices-Cuenca.jpg 768w, https:\/\/www.elturistatranquil.com\/wp-content\/uploads\/F51-Castillo-El-Castillejo-Saelices-Cuenca-339x191.jpg 339w\" sizes=\"(max-width: 768px) 100vw, 768px\" \/>\t\t\t\t\t\t\t\t\t\t\t<figcaption class=\"widget-image-caption wp-caption-text\"><\/figcaption>\n\t\t\t\t\t\t\t\t\t\t<\/figure>\n\t\t\t\t\t\t\t\t\t<\/div>\n\t\t\t\t<\/div>\n\t\t\t\t<div class=\"elementor-element elementor-element-dbe9d28 elementor-widget elementor-widget-image\" data-id=\"dbe9d28\" data-element_type=\"widget\" data-e-type=\"widget\" data-widget_type=\"image.default\">\n\t\t\t\t<div class=\"elementor-widget-container\">\n\t\t\t\t\t\t\t\t\t\t\t\t<figure class=\"wp-caption\">\n\t\t\t\t\t\t\t\t\t\t<img loading=\"lazy\" decoding=\"async\" width=\"442\" height=\"590\" src=\"https:\/\/www.elturistatranquil.com\/wp-content\/uploads\/F52-Castillo-El-Castillejo-Saelices-Cuenca.jpg\" class=\"attachment-large size-large wp-image-50860\" alt=\"Castillo El Castillejo, Saelices, Cuenca\" srcset=\"https:\/\/www.elturistatranquil.com\/wp-content\/uploads\/F52-Castillo-El-Castillejo-Saelices-Cuenca.jpg 442w, https:\/\/www.elturistatranquil.com\/wp-content\/uploads\/F52-Castillo-El-Castillejo-Saelices-Cuenca-169x226.jpg 169w\" sizes=\"(max-width: 442px) 100vw, 442px\" \/>\t\t\t\t\t\t\t\t\t\t\t<figcaption class=\"widget-image-caption wp-caption-text\"><\/figcaption>\n\t\t\t\t\t\t\t\t\t\t<\/figure>\n\t\t\t\t\t\t\t\t\t<\/div>\n\t\t\t\t<\/div>\n\t\t\t\t<div class=\"elementor-element elementor-element-bb05dd7 elementor-widget elementor-widget-text-editor\" data-id=\"bb05dd7\" data-element_type=\"widget\" data-e-type=\"widget\" data-widget_type=\"text-editor.default\">\n\t\t\t\t<div class=\"elementor-widget-container\">\n\t\t\t\t\t\t\t\t\t<p>La torrassa del costat de llevant hauria de correspondre al cos de gu\u00e0rdia. Amb un banc corregut de pedra.<\/p>\t\t\t\t\t\t\t\t<\/div>\n\t\t\t\t<\/div>\n\t\t\t\t<div class=\"elementor-element elementor-element-44678a1 elementor-widget elementor-widget-image\" data-id=\"44678a1\" data-element_type=\"widget\" data-e-type=\"widget\" data-widget_type=\"image.default\">\n\t\t\t\t<div class=\"elementor-widget-container\">\n\t\t\t\t\t\t\t\t\t\t\t\t<figure class=\"wp-caption\">\n\t\t\t\t\t\t\t\t\t\t<img loading=\"lazy\" decoding=\"async\" width=\"768\" height=\"432\" src=\"https:\/\/www.elturistatranquil.com\/wp-content\/uploads\/F53-Castillo-El-Castillejo-Saelices-Cuenca.jpg\" class=\"attachment-large size-large wp-image-50862\" alt=\"Castillo El Castillejo, Saelices, Cuenca\" srcset=\"https:\/\/www.elturistatranquil.com\/wp-content\/uploads\/F53-Castillo-El-Castillejo-Saelices-Cuenca.jpg 768w, https:\/\/www.elturistatranquil.com\/wp-content\/uploads\/F53-Castillo-El-Castillejo-Saelices-Cuenca-339x191.jpg 339w\" sizes=\"(max-width: 768px) 100vw, 768px\" \/>\t\t\t\t\t\t\t\t\t\t\t<figcaption class=\"widget-image-caption wp-caption-text\"><\/figcaption>\n\t\t\t\t\t\t\t\t\t\t<\/figure>\n\t\t\t\t\t\t\t\t\t<\/div>\n\t\t\t\t<\/div>\n\t\t\t\t<div class=\"elementor-element elementor-element-824be14 elementor-widget elementor-widget-text-editor\" data-id=\"824be14\" data-element_type=\"widget\" data-e-type=\"widget\" data-widget_type=\"text-editor.default\">\n\t\t\t\t<div class=\"elementor-widget-container\">\n\t\t\t\t\t\t\t\t\t<p>Volta de ma\u00f3 del recinte inferior del cub de muralla.<\/p>\t\t\t\t\t\t\t\t<\/div>\n\t\t\t\t<\/div>\n\t\t\t\t<div class=\"elementor-element elementor-element-dac2ea3 elementor-widget elementor-widget-image\" data-id=\"dac2ea3\" data-element_type=\"widget\" data-e-type=\"widget\" data-widget_type=\"image.default\">\n\t\t\t\t<div class=\"elementor-widget-container\">\n\t\t\t\t\t\t\t\t\t\t\t\t<figure class=\"wp-caption\">\n\t\t\t\t\t\t\t\t\t\t<img loading=\"lazy\" decoding=\"async\" width=\"768\" height=\"432\" src=\"https:\/\/www.elturistatranquil.com\/wp-content\/uploads\/F54-Castillo-El-Castillejo-Saelices-Cuenca.jpg\" class=\"attachment-large size-large wp-image-50864\" alt=\"Castillo El Castillejo, Saelices, Cuenca\" srcset=\"https:\/\/www.elturistatranquil.com\/wp-content\/uploads\/F54-Castillo-El-Castillejo-Saelices-Cuenca.jpg 768w, https:\/\/www.elturistatranquil.com\/wp-content\/uploads\/F54-Castillo-El-Castillejo-Saelices-Cuenca-339x191.jpg 339w\" sizes=\"(max-width: 768px) 100vw, 768px\" \/>\t\t\t\t\t\t\t\t\t\t\t<figcaption class=\"widget-image-caption wp-caption-text\"><\/figcaption>\n\t\t\t\t\t\t\t\t\t\t<\/figure>\n\t\t\t\t\t\t\t\t\t<\/div>\n\t\t\t\t<\/div>\n\t\t\t\t<div class=\"elementor-element elementor-element-7033508 elementor-widget elementor-widget-text-editor\" data-id=\"7033508\" data-element_type=\"widget\" data-e-type=\"widget\" data-widget_type=\"text-editor.default\">\n\t\t\t\t<div class=\"elementor-widget-container\">\n\t\t\t\t\t\t\t\t\t<p>Fa la impressi\u00f3 que aquesta porta cap a l&#8217;exterior va ser practicada posteriorment a la construcci\u00f3 del cub de defensa de la portada principal del castell. A les fotografies antigues l&#8217;obertura \u00e9s m\u00e9s petita, com de finestra, i aix\u00ed mateix va poder haver-se practicat posteriorment.<\/p>\t\t\t\t\t\t\t\t<\/div>\n\t\t\t\t<\/div>\n\t\t\t\t<div class=\"elementor-element elementor-element-c6930fb elementor-widget elementor-widget-image\" data-id=\"c6930fb\" data-element_type=\"widget\" data-e-type=\"widget\" data-widget_type=\"image.default\">\n\t\t\t\t<div class=\"elementor-widget-container\">\n\t\t\t\t\t\t\t\t\t\t\t\t<figure class=\"wp-caption\">\n\t\t\t\t\t\t\t\t\t\t<img loading=\"lazy\" decoding=\"async\" width=\"768\" height=\"432\" src=\"https:\/\/www.elturistatranquil.com\/wp-content\/uploads\/F55-Castillo-El-Castillejo-Saelices-Cuenca.jpg\" class=\"attachment-large size-large wp-image-50869\" alt=\"Castillo El Castillejo, Saelices, Cuenca\" srcset=\"https:\/\/www.elturistatranquil.com\/wp-content\/uploads\/F55-Castillo-El-Castillejo-Saelices-Cuenca.jpg 768w, https:\/\/www.elturistatranquil.com\/wp-content\/uploads\/F55-Castillo-El-Castillejo-Saelices-Cuenca-339x191.jpg 339w\" sizes=\"(max-width: 768px) 100vw, 768px\" \/>\t\t\t\t\t\t\t\t\t\t\t<figcaption class=\"widget-image-caption wp-caption-text\"><\/figcaption>\n\t\t\t\t\t\t\t\t\t\t<\/figure>\n\t\t\t\t\t\t\t\t\t<\/div>\n\t\t\t\t<\/div>\n\t\t\t\t<div class=\"elementor-element elementor-element-71fa555 elementor-widget elementor-widget-text-editor\" data-id=\"71fa555\" data-element_type=\"widget\" data-e-type=\"widget\" data-widget_type=\"text-editor.default\">\n\t\t\t\t<div class=\"elementor-widget-container\">\n\t\t\t\t\t\t\t\t\t<p>Tamb\u00e9 la porta mostra poca qualitat constructiva, com vam tenir ocasi\u00f3 d&#8217;observar al recorregut per l&#8217;exterior. La feblesa de l&#8217;arc de la porta va haver d&#8217;obligar a incorporar per sota de l&#8217;arc de pedra una biga de fusta, en qu\u00e8 es va practicar una segona polleguera, o forat de gir del gorr\u00f3 de la porta, per resistir l&#8217;esfor\u00e7 de gir de les fulles de la porta.<\/p>\t\t\t\t\t\t\t\t<\/div>\n\t\t\t\t<\/div>\n\t\t\t\t<div class=\"elementor-element elementor-element-34c2b71 elementor-widget elementor-widget-image\" data-id=\"34c2b71\" data-element_type=\"widget\" data-e-type=\"widget\" data-widget_type=\"image.default\">\n\t\t\t\t<div class=\"elementor-widget-container\">\n\t\t\t\t\t\t\t\t\t\t\t\t<figure class=\"wp-caption\">\n\t\t\t\t\t\t\t\t\t\t<img loading=\"lazy\" decoding=\"async\" width=\"768\" height=\"432\" src=\"https:\/\/www.elturistatranquil.com\/wp-content\/uploads\/F56-Castillo-El-Castillejo-Saelices-Cuenca.jpg\" class=\"attachment-large size-large wp-image-50871\" alt=\"Castillo El Castillejo, Saelices, Cuenca\" srcset=\"https:\/\/www.elturistatranquil.com\/wp-content\/uploads\/F56-Castillo-El-Castillejo-Saelices-Cuenca.jpg 768w, https:\/\/www.elturistatranquil.com\/wp-content\/uploads\/F56-Castillo-El-Castillejo-Saelices-Cuenca-339x191.jpg 339w\" sizes=\"(max-width: 768px) 100vw, 768px\" \/>\t\t\t\t\t\t\t\t\t\t\t<figcaption class=\"widget-image-caption wp-caption-text\"><\/figcaption>\n\t\t\t\t\t\t\t\t\t\t<\/figure>\n\t\t\t\t\t\t\t\t\t<\/div>\n\t\t\t\t<\/div>\n\t\t\t\t<div class=\"elementor-element elementor-element-07f76ad elementor-widget elementor-widget-text-editor\" data-id=\"07f76ad\" data-element_type=\"widget\" data-e-type=\"widget\" data-widget_type=\"text-editor.default\">\n\t\t\t\t<div class=\"elementor-widget-container\">\n\t\t\t\t\t\t\t\t\t<p>Una escala de pedra exterior permet accedir a la terrassa dels cubs.<\/p>\t\t\t\t\t\t\t\t<\/div>\n\t\t\t\t<\/div>\n\t\t\t\t<div class=\"elementor-element elementor-element-1611161 elementor-widget elementor-widget-image\" data-id=\"1611161\" data-element_type=\"widget\" data-e-type=\"widget\" data-widget_type=\"image.default\">\n\t\t\t\t<div class=\"elementor-widget-container\">\n\t\t\t\t\t\t\t\t\t\t\t\t<figure class=\"wp-caption\">\n\t\t\t\t\t\t\t\t\t\t<img loading=\"lazy\" decoding=\"async\" width=\"768\" height=\"432\" src=\"https:\/\/www.elturistatranquil.com\/wp-content\/uploads\/F57-Castillo-El-Castillejo-Saelices-Cuenca.jpg\" class=\"attachment-large size-large wp-image-50873\" alt=\"Castillo El Castillejo, Saelices, Cuenca\" srcset=\"https:\/\/www.elturistatranquil.com\/wp-content\/uploads\/F57-Castillo-El-Castillejo-Saelices-Cuenca.jpg 768w, https:\/\/www.elturistatranquil.com\/wp-content\/uploads\/F57-Castillo-El-Castillejo-Saelices-Cuenca-339x191.jpg 339w\" sizes=\"(max-width: 768px) 100vw, 768px\" \/>\t\t\t\t\t\t\t\t\t\t\t<figcaption class=\"widget-image-caption wp-caption-text\"><\/figcaption>\n\t\t\t\t\t\t\t\t\t\t<\/figure>\n\t\t\t\t\t\t\t\t\t<\/div>\n\t\t\t\t<\/div>\n\t\t\t\t<div class=\"elementor-element elementor-element-a3b0221 elementor-widget elementor-widget-image\" data-id=\"a3b0221\" data-element_type=\"widget\" data-e-type=\"widget\" data-widget_type=\"image.default\">\n\t\t\t\t<div class=\"elementor-widget-container\">\n\t\t\t\t\t\t\t\t\t\t\t\t<figure class=\"wp-caption\">\n\t\t\t\t\t\t\t\t\t\t<img loading=\"lazy\" decoding=\"async\" width=\"768\" height=\"432\" src=\"https:\/\/www.elturistatranquil.com\/wp-content\/uploads\/F58-Castillo-El-Castillejo-Saelices-Cuenca.jpg\" class=\"attachment-large size-large wp-image-50875\" alt=\"Castillo El Castillejo, Saelices, Cuenca\" srcset=\"https:\/\/www.elturistatranquil.com\/wp-content\/uploads\/F58-Castillo-El-Castillejo-Saelices-Cuenca.jpg 768w, https:\/\/www.elturistatranquil.com\/wp-content\/uploads\/F58-Castillo-El-Castillejo-Saelices-Cuenca-339x191.jpg 339w\" sizes=\"(max-width: 768px) 100vw, 768px\" \/>\t\t\t\t\t\t\t\t\t\t\t<figcaption class=\"widget-image-caption wp-caption-text\"><\/figcaption>\n\t\t\t\t\t\t\t\t\t\t<\/figure>\n\t\t\t\t\t\t\t\t\t<\/div>\n\t\t\t\t<\/div>\n\t\t\t\t<div class=\"elementor-element elementor-element-cc69de5 elementor-widget elementor-widget-text-editor\" data-id=\"cc69de5\" data-element_type=\"widget\" data-e-type=\"widget\" data-widget_type=\"text-editor.default\">\n\t\t\t\t<div class=\"elementor-widget-container\">\n\t\t\t\t\t\t\t\t\t<p>Hem passat al costat de ponent, amb el cub del v\u00e8rtex del rectangle.<\/p>\t\t\t\t\t\t\t\t<\/div>\n\t\t\t\t<\/div>\n\t\t\t\t<div class=\"elementor-element elementor-element-18db425 elementor-widget elementor-widget-image\" data-id=\"18db425\" data-element_type=\"widget\" data-e-type=\"widget\" data-widget_type=\"image.default\">\n\t\t\t\t<div class=\"elementor-widget-container\">\n\t\t\t\t\t\t\t\t\t\t\t\t<figure class=\"wp-caption\">\n\t\t\t\t\t\t\t\t\t\t<img loading=\"lazy\" decoding=\"async\" width=\"768\" height=\"432\" src=\"https:\/\/www.elturistatranquil.com\/wp-content\/uploads\/F59-Castillo-El-Castillejo-Saelices-Cuenca.jpg\" class=\"attachment-large size-large wp-image-50877\" alt=\"Castillo El Castillejo, Saelices, Cuenca\" srcset=\"https:\/\/www.elturistatranquil.com\/wp-content\/uploads\/F59-Castillo-El-Castillejo-Saelices-Cuenca.jpg 768w, https:\/\/www.elturistatranquil.com\/wp-content\/uploads\/F59-Castillo-El-Castillejo-Saelices-Cuenca-339x191.jpg 339w\" sizes=\"(max-width: 768px) 100vw, 768px\" \/>\t\t\t\t\t\t\t\t\t\t\t<figcaption class=\"widget-image-caption wp-caption-text\"><\/figcaption>\n\t\t\t\t\t\t\t\t\t\t<\/figure>\n\t\t\t\t\t\t\t\t\t<\/div>\n\t\t\t\t<\/div>\n\t\t\t\t<div class=\"elementor-element elementor-element-0357791 elementor-widget elementor-widget-text-editor\" data-id=\"0357791\" data-element_type=\"widget\" data-e-type=\"widget\" data-widget_type=\"text-editor.default\">\n\t\t\t\t<div class=\"elementor-widget-container\">\n\t\t\t\t\t\t\t\t\t<p>Els enderrocs acumulats a la base ens ofereixen una perspectiva enganyosa de la funci\u00f3 de les obertures a la muralla.<\/p>\t\t\t\t\t\t\t\t<\/div>\n\t\t\t\t<\/div>\n\t\t\t\t<div class=\"elementor-element elementor-element-1b6bed5 elementor-widget elementor-widget-image\" data-id=\"1b6bed5\" data-element_type=\"widget\" data-e-type=\"widget\" data-widget_type=\"image.default\">\n\t\t\t\t<div class=\"elementor-widget-container\">\n\t\t\t\t\t\t\t\t\t\t\t\t<figure class=\"wp-caption\">\n\t\t\t\t\t\t\t\t\t\t<img loading=\"lazy\" decoding=\"async\" width=\"768\" height=\"432\" src=\"https:\/\/www.elturistatranquil.com\/wp-content\/uploads\/F60-Castillo-El-Castillejo-Saelices-Cuenca.jpg\" class=\"attachment-large size-large wp-image-50879\" alt=\"Castillo El Castillejo, Saelices, Cuenca\" srcset=\"https:\/\/www.elturistatranquil.com\/wp-content\/uploads\/F60-Castillo-El-Castillejo-Saelices-Cuenca.jpg 768w, https:\/\/www.elturistatranquil.com\/wp-content\/uploads\/F60-Castillo-El-Castillejo-Saelices-Cuenca-339x191.jpg 339w\" sizes=\"(max-width: 768px) 100vw, 768px\" \/>\t\t\t\t\t\t\t\t\t\t\t<figcaption class=\"widget-image-caption wp-caption-text\"><\/figcaption>\n\t\t\t\t\t\t\t\t\t\t<\/figure>\n\t\t\t\t\t\t\t\t\t<\/div>\n\t\t\t\t<\/div>\n\t\t\t\t<div class=\"elementor-element elementor-element-602374b elementor-widget elementor-widget-text-editor\" data-id=\"602374b\" data-element_type=\"widget\" data-e-type=\"widget\" data-widget_type=\"text-editor.default\">\n\t\t\t\t<div class=\"elementor-widget-container\">\n\t\t\t\t\t\t\t\t\t<p>A l&#8217;angle de ponent \u00e9s on es conserven alguns dels vestigis dels murs superiors, malgrat que no s\u00f3n suficients per fer-nos una idea de la forma i el volum de la fortificaci\u00f3 completa.<\/p>\t\t\t\t\t\t\t\t<\/div>\n\t\t\t\t<\/div>\n\t\t\t\t<div class=\"elementor-element elementor-element-6dd4853 elementor-widget elementor-widget-image\" data-id=\"6dd4853\" data-element_type=\"widget\" data-e-type=\"widget\" data-widget_type=\"image.default\">\n\t\t\t\t<div class=\"elementor-widget-container\">\n\t\t\t\t\t\t\t\t\t\t\t\t<figure class=\"wp-caption\">\n\t\t\t\t\t\t\t\t\t\t<img loading=\"lazy\" decoding=\"async\" width=\"768\" height=\"432\" src=\"https:\/\/www.elturistatranquil.com\/wp-content\/uploads\/F61-Castillo-El-Castillejo-Saelices-Cuenca.jpg\" class=\"attachment-large size-large wp-image-50884\" alt=\"Castillo El Castillejo, Saelices, Cuenca\" srcset=\"https:\/\/www.elturistatranquil.com\/wp-content\/uploads\/F61-Castillo-El-Castillejo-Saelices-Cuenca.jpg 768w, https:\/\/www.elturistatranquil.com\/wp-content\/uploads\/F61-Castillo-El-Castillejo-Saelices-Cuenca-339x191.jpg 339w\" sizes=\"(max-width: 768px) 100vw, 768px\" \/>\t\t\t\t\t\t\t\t\t\t\t<figcaption class=\"widget-image-caption wp-caption-text\"><\/figcaption>\n\t\t\t\t\t\t\t\t\t\t<\/figure>\n\t\t\t\t\t\t\t\t\t<\/div>\n\t\t\t\t<\/div>\n\t\t\t\t<div class=\"elementor-element elementor-element-39ca4b8 elementor-widget elementor-widget-text-editor\" data-id=\"39ca4b8\" data-element_type=\"widget\" data-e-type=\"widget\" data-widget_type=\"text-editor.default\">\n\t\t\t\t<div class=\"elementor-widget-container\">\n\t\t\t\t\t\t\t\t\t<p>El seg\u00fcent \u00e9s pr\u00e0cticament l&#8217;\u00fanic mur interior que subsisteix dels que formaven part de la construcci\u00f3 interna.<\/p>\t\t\t\t\t\t\t\t<\/div>\n\t\t\t\t<\/div>\n\t\t\t\t<div class=\"elementor-element elementor-element-6abfbbf elementor-widget elementor-widget-image\" data-id=\"6abfbbf\" data-element_type=\"widget\" data-e-type=\"widget\" data-widget_type=\"image.default\">\n\t\t\t\t<div class=\"elementor-widget-container\">\n\t\t\t\t\t\t\t\t\t\t\t\t<figure class=\"wp-caption\">\n\t\t\t\t\t\t\t\t\t\t<img loading=\"lazy\" decoding=\"async\" width=\"768\" height=\"432\" src=\"https:\/\/www.elturistatranquil.com\/wp-content\/uploads\/F62-Castillo-El-Castillejo-Saelices-Cuenca.jpg\" class=\"attachment-large size-large wp-image-50886\" alt=\"Castillo El Castillejo, Saelices, Cuenca\" srcset=\"https:\/\/www.elturistatranquil.com\/wp-content\/uploads\/F62-Castillo-El-Castillejo-Saelices-Cuenca.jpg 768w, https:\/\/www.elturistatranquil.com\/wp-content\/uploads\/F62-Castillo-El-Castillejo-Saelices-Cuenca-339x191.jpg 339w\" sizes=\"(max-width: 768px) 100vw, 768px\" \/>\t\t\t\t\t\t\t\t\t\t\t<figcaption class=\"widget-image-caption wp-caption-text\"><\/figcaption>\n\t\t\t\t\t\t\t\t\t\t<\/figure>\n\t\t\t\t\t\t\t\t\t<\/div>\n\t\t\t\t<\/div>\n\t\t\t\t<div class=\"elementor-element elementor-element-20c1eba elementor-widget elementor-widget-text-editor\" data-id=\"20c1eba\" data-element_type=\"widget\" data-e-type=\"widget\" data-widget_type=\"text-editor.default\">\n\t\t\t\t<div class=\"elementor-widget-container\">\n\t\t\t\t\t\t\t\t\t<p>La perspectiva interior de la muralla nord mostra un aspecte dels treballs de consolidaci\u00f3 de les ru\u00efnes que s&#8217;han practicat en els darrers anys, cosa que ha de permetre estabilitzar el deteriorament i mantenir l&#8217;estructura completa de la planta i la base de El Castillejo.<\/p>\t\t\t\t\t\t\t\t<\/div>\n\t\t\t\t<\/div>\n\t\t\t\t<div class=\"elementor-element elementor-element-bd5befb elementor-widget elementor-widget-image\" data-id=\"bd5befb\" data-element_type=\"widget\" data-e-type=\"widget\" data-widget_type=\"image.default\">\n\t\t\t\t<div class=\"elementor-widget-container\">\n\t\t\t\t\t\t\t\t\t\t\t\t<figure class=\"wp-caption\">\n\t\t\t\t\t\t\t\t\t\t<img loading=\"lazy\" decoding=\"async\" width=\"768\" height=\"432\" src=\"https:\/\/www.elturistatranquil.com\/wp-content\/uploads\/F63-Castillo-El-Castillejo-Saelices-Cuenca.jpg\" class=\"attachment-large size-large wp-image-50888\" alt=\"Castillo El Castillejo, Saelices, Cuenca\" srcset=\"https:\/\/www.elturistatranquil.com\/wp-content\/uploads\/F63-Castillo-El-Castillejo-Saelices-Cuenca.jpg 768w, https:\/\/www.elturistatranquil.com\/wp-content\/uploads\/F63-Castillo-El-Castillejo-Saelices-Cuenca-339x191.jpg 339w\" sizes=\"(max-width: 768px) 100vw, 768px\" \/>\t\t\t\t\t\t\t\t\t\t\t<figcaption class=\"widget-image-caption wp-caption-text\"><\/figcaption>\n\t\t\t\t\t\t\t\t\t\t<\/figure>\n\t\t\t\t\t\t\t\t\t<\/div>\n\t\t\t\t<\/div>\n\t\t\t\t<section class=\"elementor-section elementor-inner-section elementor-element elementor-element-9c29455 elementor-section-boxed elementor-section-height-default elementor-section-height-default\" data-id=\"9c29455\" data-element_type=\"section\" data-e-type=\"section\">\n\t\t\t\t\t\t<div class=\"elementor-container elementor-column-gap-default\">\n\t\t\t\t\t<div class=\"elementor-column elementor-col-50 elementor-inner-column elementor-element elementor-element-62cce02\" data-id=\"62cce02\" data-element_type=\"column\" data-e-type=\"column\">\n\t\t\t<div class=\"elementor-widget-wrap elementor-element-populated\">\n\t\t\t\t\t\t<div class=\"elementor-element elementor-element-42beecd elementor-widget elementor-widget-image\" data-id=\"42beecd\" data-element_type=\"widget\" data-e-type=\"widget\" data-widget_type=\"image.default\">\n\t\t\t\t<div class=\"elementor-widget-container\">\n\t\t\t\t\t\t\t\t\t\t\t\t\t\t\t<img loading=\"lazy\" decoding=\"async\" width=\"380\" height=\"380\" src=\"https:\/\/www.elturistatranquil.com\/wp-content\/uploads\/F64m-Castillo-El-Castillejo-Saelices-Cuenca.jpg\" class=\"attachment-large size-large wp-image-50893\" alt=\"Castillo El Castillejo, Saelices, Cuenca\" srcset=\"https:\/\/www.elturistatranquil.com\/wp-content\/uploads\/F64m-Castillo-El-Castillejo-Saelices-Cuenca.jpg 380w, https:\/\/www.elturistatranquil.com\/wp-content\/uploads\/F64m-Castillo-El-Castillejo-Saelices-Cuenca-226x226.jpg 226w\" sizes=\"(max-width: 380px) 100vw, 380px\" \/>\t\t\t\t\t\t\t\t\t\t\t\t\t\t\t<\/div>\n\t\t\t\t<\/div>\n\t\t\t\t\t<\/div>\n\t\t<\/div>\n\t\t\t\t<div class=\"elementor-column elementor-col-50 elementor-inner-column elementor-element elementor-element-937e346\" data-id=\"937e346\" data-element_type=\"column\" data-e-type=\"column\">\n\t\t\t<div class=\"elementor-widget-wrap elementor-element-populated\">\n\t\t\t\t\t\t<div class=\"elementor-element elementor-element-423c11d elementor-widget elementor-widget-image\" data-id=\"423c11d\" data-element_type=\"widget\" data-e-type=\"widget\" data-widget_type=\"image.default\">\n\t\t\t\t<div class=\"elementor-widget-container\">\n\t\t\t\t\t\t\t\t\t\t\t\t\t\t\t<img loading=\"lazy\" decoding=\"async\" width=\"768\" height=\"768\" src=\"https:\/\/www.elturistatranquil.com\/wp-content\/uploads\/F64n-Castillo-El-Castillejo-Saelices-Cuenca.jpg\" class=\"attachment-large size-large wp-image-50895\" alt=\"Castillo El Castillejo, Saelices, Cuenca\" srcset=\"https:\/\/www.elturistatranquil.com\/wp-content\/uploads\/F64n-Castillo-El-Castillejo-Saelices-Cuenca.jpg 768w, https:\/\/www.elturistatranquil.com\/wp-content\/uploads\/F64n-Castillo-El-Castillejo-Saelices-Cuenca-226x226.jpg 226w\" sizes=\"(max-width: 768px) 100vw, 768px\" \/>\t\t\t\t\t\t\t\t\t\t\t\t\t\t\t<\/div>\n\t\t\t\t<\/div>\n\t\t\t\t\t<\/div>\n\t\t<\/div>\n\t\t\t\t\t<\/div>\n\t\t<\/section>\n\t\t\t\t<div class=\"elementor-element elementor-element-5635f9c elementor-widget elementor-widget-heading\" data-id=\"5635f9c\" data-element_type=\"widget\" data-e-type=\"widget\" data-widget_type=\"heading.default\">\n\t\t\t\t<div class=\"elementor-widget-container\">\n\t\t\t\t\t<h3 class=\"elementor-heading-title elementor-size-default\">Els voltants<\/h3>\t\t\t\t<\/div>\n\t\t\t\t<\/div>\n\t\t\t\t<div class=\"elementor-element elementor-element-7e6ea88 elementor-widget elementor-widget-text-editor\" data-id=\"7e6ea88\" data-element_type=\"widget\" data-e-type=\"widget\" data-widget_type=\"text-editor.default\">\n\t\t\t\t<div class=\"elementor-widget-container\">\n\t\t\t\t\t\t\t\t\t<p>Acabat el recorregut, podem tornar a fer una ullada als voltants, que he mostrat a les fotografies inicials.<\/p><p>Recordem que s&#8217;ubica en una suau punta d&#8217;altipl\u00e0 en direcci\u00f3 sud-est, amb un domini visual esc\u00e0s sobre l&#8217;entorn. Tot al voltant sense cap vegetaci\u00f3, formant un gran glacis, que cal imaginar que sempre va ser aix\u00ed.<\/p>\t\t\t\t\t\t\t\t<\/div>\n\t\t\t\t<\/div>\n\t\t\t\t<div class=\"elementor-element elementor-element-78c2178 elementor-widget elementor-widget-heading\" data-id=\"78c2178\" data-element_type=\"widget\" data-e-type=\"widget\" data-widget_type=\"heading.default\">\n\t\t\t\t<div class=\"elementor-widget-container\">\n\t\t\t\t\t<h2 class=\"elementor-heading-title elementor-size-default\">Finca Palau Infanta Eulalia<\/h2>\t\t\t\t<\/div>\n\t\t\t\t<\/div>\n\t\t\t\t<div class=\"elementor-element elementor-element-d9ce038 elementor-widget elementor-widget-text-editor\" data-id=\"d9ce038\" data-element_type=\"widget\" data-e-type=\"widget\" data-widget_type=\"text-editor.default\">\n\t\t\t\t<div class=\"elementor-widget-container\">\n\t\t\t\t\t\t\t\t\t<p>En direcci\u00f3 nord fixem-nos en la construcci\u00f3 una mica elevada que apareix a uns 200 metres. Es tracta de la <strong>Finca Palau Infanta Eulalia<\/strong>.<\/p><p>I encara, al darrere, al fons a uns 450 metres, sobresortint la <strong>torre de vigil\u00e0ncia exterior<\/strong> del castell.<\/p><p>L&#8217;edifici era una construcci\u00f3 palatina que va adoptar la forma d&#8217;una finca d&#8217;estil manxec.<\/p>\t\t\t\t\t\t\t\t<\/div>\n\t\t\t\t<\/div>\n\t\t\t\t<div class=\"elementor-element elementor-element-7dc30d6 elementor-widget elementor-widget-image\" data-id=\"7dc30d6\" data-element_type=\"widget\" data-e-type=\"widget\" data-widget_type=\"image.default\">\n\t\t\t\t<div class=\"elementor-widget-container\">\n\t\t\t\t\t\t\t\t\t\t\t\t<figure class=\"wp-caption\">\n\t\t\t\t\t\t\t\t\t\t<img loading=\"lazy\" decoding=\"async\" width=\"768\" height=\"512\" src=\"https:\/\/www.elturistatranquil.com\/wp-content\/uploads\/F65b-Finca-Palacio-Infanta-Eulalia-Saelices-Cuenca.jpg\" class=\"attachment-large size-large wp-image-50900\" alt=\"Finca Palacio Infanta Eulalia, Saelices, Cuenca\" srcset=\"https:\/\/www.elturistatranquil.com\/wp-content\/uploads\/F65b-Finca-Palacio-Infanta-Eulalia-Saelices-Cuenca.jpg 768w, https:\/\/www.elturistatranquil.com\/wp-content\/uploads\/F65b-Finca-Palacio-Infanta-Eulalia-Saelices-Cuenca-339x226.jpg 339w\" sizes=\"(max-width: 768px) 100vw, 768px\" \/>\t\t\t\t\t\t\t\t\t\t\t<figcaption class=\"widget-image-caption wp-caption-text\"><\/figcaption>\n\t\t\t\t\t\t\t\t\t\t<\/figure>\n\t\t\t\t\t\t\t\t\t<\/div>\n\t\t\t\t<\/div>\n\t\t\t\t<div class=\"elementor-element elementor-element-a194de6 elementor-widget elementor-widget-text-editor\" data-id=\"a194de6\" data-element_type=\"widget\" data-e-type=\"widget\" data-widget_type=\"text-editor.default\">\n\t\t\t\t<div class=\"elementor-widget-container\">\n\t\t\t\t\t\t\t\t\t<p>En direcci\u00f3 sud-est-sud \u00e9s on hi ha un cert domini visual sobre l&#8217;entorn, amb el cam\u00ed que duu al pont rom\u00e0.<\/p>\t\t\t\t\t\t\t\t<\/div>\n\t\t\t\t<\/div>\n\t\t\t\t<div class=\"elementor-element elementor-element-b2fdd0e elementor-widget elementor-widget-heading\" data-id=\"b2fdd0e\" data-element_type=\"widget\" data-e-type=\"widget\" data-widget_type=\"heading.default\">\n\t\t\t\t<div class=\"elementor-widget-container\">\n\t\t\t\t\t<h2 class=\"elementor-heading-title elementor-size-default\">El pont rom\u00e0 de Saelices<\/h2>\t\t\t\t<\/div>\n\t\t\t\t<\/div>\n\t\t\t\t<div class=\"elementor-element elementor-element-bbfd43d elementor-widget elementor-widget-text-editor\" data-id=\"bbfd43d\" data-element_type=\"widget\" data-e-type=\"widget\" data-widget_type=\"text-editor.default\">\n\t\t\t\t<div class=\"elementor-widget-container\">\n\t\t\t\t\t\t\t\t\t<p>El vestigi m\u00e9s destacat dels voltants \u00e9s el <strong>pont<\/strong> petit i humil d&#8217;un sol ull, que s&#8217;atribueix a \u00e8poca romana, que permetria a la Cal\u00e7ada II creuar el riu Gig\u00fcela..<\/p><p>Descendint pel cam\u00ed, a uns 450 metres arribem al riu pel costat dret, i ens situem davant del pont de pedra que el creua. En aquest punt, abans de travessar el riu, la cal\u00e7ada romana probablement form\u00e9s una bifurcaci\u00f3 per dirigir-se a Seg\u00f3briga, reunint-se novament a l&#8217;al\u00e7ada de Seg\u00f3briga.<\/p><p>El pont es conserva perfectament en tota la seva estructura original. Constru\u00eft amb blocs de pedra en sec.<\/p><p>Per permetre que continu\u00e9s podent ser usat, per sobre s&#8217;ha consolidat amb un refor\u00e7 de bigues de ferro que suporten una cal\u00e7ada de ciment transitable per vehicles.<\/p>\t\t\t\t\t\t\t\t<\/div>\n\t\t\t\t<\/div>\n\t\t\t\t<div class=\"elementor-element elementor-element-a1e5c0b elementor-widget elementor-widget-image\" data-id=\"a1e5c0b\" data-element_type=\"widget\" data-e-type=\"widget\" data-widget_type=\"image.default\">\n\t\t\t\t<div class=\"elementor-widget-container\">\n\t\t\t\t\t\t\t\t\t\t\t\t<figure class=\"wp-caption\">\n\t\t\t\t\t\t\t\t\t\t<img loading=\"lazy\" decoding=\"async\" width=\"768\" height=\"512\" src=\"https:\/\/www.elturistatranquil.com\/wp-content\/uploads\/F66-Puente-romano-Saelices-Cuenca.jpg\" class=\"attachment-large size-large wp-image-50902\" alt=\"Puente romano, Saelices, Cuenca\" srcset=\"https:\/\/www.elturistatranquil.com\/wp-content\/uploads\/F66-Puente-romano-Saelices-Cuenca.jpg 768w, https:\/\/www.elturistatranquil.com\/wp-content\/uploads\/F66-Puente-romano-Saelices-Cuenca-339x226.jpg 339w\" sizes=\"(max-width: 768px) 100vw, 768px\" \/>\t\t\t\t\t\t\t\t\t\t\t<figcaption class=\"widget-image-caption wp-caption-text\"><\/figcaption>\n\t\t\t\t\t\t\t\t\t\t<\/figure>\n\t\t\t\t\t\t\t\t\t<\/div>\n\t\t\t\t<\/div>\n\t\t\t\t<div class=\"elementor-element elementor-element-135b54d elementor-widget elementor-widget-text-editor\" data-id=\"135b54d\" data-element_type=\"widget\" data-e-type=\"widget\" data-widget_type=\"text-editor.default\">\n\t\t\t\t<div class=\"elementor-widget-container\">\n\t\t\t\t\t\t\t\t\t<p>Perspectiva des del costat aig\u00fces amunt del Gig\u00fcela.<\/p>\t\t\t\t\t\t\t\t<\/div>\n\t\t\t\t<\/div>\n\t\t\t\t<div class=\"elementor-element elementor-element-af29384 elementor-widget elementor-widget-image\" data-id=\"af29384\" data-element_type=\"widget\" data-e-type=\"widget\" data-widget_type=\"image.default\">\n\t\t\t\t<div class=\"elementor-widget-container\">\n\t\t\t\t\t\t\t\t\t\t\t\t<figure class=\"wp-caption\">\n\t\t\t\t\t\t\t\t\t\t<img loading=\"lazy\" decoding=\"async\" width=\"768\" height=\"512\" src=\"https:\/\/www.elturistatranquil.com\/wp-content\/uploads\/F67-Puente-romano-Saelices-Cuenca.jpg\" class=\"attachment-large size-large wp-image-50904\" alt=\"Puente romano, Saelices, Cuenca\" srcset=\"https:\/\/www.elturistatranquil.com\/wp-content\/uploads\/F67-Puente-romano-Saelices-Cuenca.jpg 768w, https:\/\/www.elturistatranquil.com\/wp-content\/uploads\/F67-Puente-romano-Saelices-Cuenca-339x226.jpg 339w\" sizes=\"(max-width: 768px) 100vw, 768px\" \/>\t\t\t\t\t\t\t\t\t\t\t<figcaption class=\"widget-image-caption wp-caption-text\"><\/figcaption>\n\t\t\t\t\t\t\t\t\t\t<\/figure>\n\t\t\t\t\t\t\t\t\t<\/div>\n\t\t\t\t<\/div>\n\t\t\t\t<div class=\"elementor-element elementor-element-7a7f248 elementor-widget elementor-widget-text-editor\" data-id=\"7a7f248\" data-element_type=\"widget\" data-e-type=\"widget\" data-widget_type=\"text-editor.default\">\n\t\t\t\t<div class=\"elementor-widget-container\">\n\t\t\t\t\t\t\t\t\t<p>Tant si realment \u00e9s d&#8217;\u00e8poca romana o posterior, \u00e9s admirable com resisteix i es conserva centenars d&#8217;anys per la sola disposici\u00f3 geom\u00e8trica de les dovelles i les pedres, sense cap argamassa aglutinant.<\/p>\t\t\t\t\t\t\t\t<\/div>\n\t\t\t\t<\/div>\n\t\t\t\t<div class=\"elementor-element elementor-element-c88f4f2 elementor-widget elementor-widget-image\" data-id=\"c88f4f2\" data-element_type=\"widget\" data-e-type=\"widget\" data-widget_type=\"image.default\">\n\t\t\t\t<div class=\"elementor-widget-container\">\n\t\t\t\t\t\t\t\t\t\t\t\t<figure class=\"wp-caption\">\n\t\t\t\t\t\t\t\t\t\t<img loading=\"lazy\" decoding=\"async\" width=\"768\" height=\"512\" src=\"https:\/\/www.elturistatranquil.com\/wp-content\/uploads\/F68-Puente-romano-Saelices-Cuenca.jpg\" class=\"attachment-large size-large wp-image-50906\" alt=\"Puente romano, Saelices, Cuenca\" srcset=\"https:\/\/www.elturistatranquil.com\/wp-content\/uploads\/F68-Puente-romano-Saelices-Cuenca.jpg 768w, https:\/\/www.elturistatranquil.com\/wp-content\/uploads\/F68-Puente-romano-Saelices-Cuenca-339x226.jpg 339w\" sizes=\"(max-width: 768px) 100vw, 768px\" \/>\t\t\t\t\t\t\t\t\t\t\t<figcaption class=\"widget-image-caption wp-caption-text\"><\/figcaption>\n\t\t\t\t\t\t\t\t\t\t<\/figure>\n\t\t\t\t\t\t\t\t\t<\/div>\n\t\t\t\t<\/div>\n\t\t\t\t<div class=\"elementor-element elementor-element-8a76352 elementor-widget elementor-widget-text-editor\" data-id=\"8a76352\" data-element_type=\"widget\" data-e-type=\"widget\" data-widget_type=\"text-editor.default\">\n\t\t\t\t<div class=\"elementor-widget-container\">\n\t\t\t\t\t\t\t\t\t<p>En mirar-lo des del costat aig\u00fces avall s&#8217;observa que la forma de l&#8217;arc no \u00e9s de mig punt, sin\u00f3 un <strong>perfil ovalat<\/strong> una mica punxegut.<\/p>\t\t\t\t\t\t\t\t<\/div>\n\t\t\t\t<\/div>\n\t\t\t\t<div class=\"elementor-element elementor-element-8635760 elementor-widget elementor-widget-image\" data-id=\"8635760\" data-element_type=\"widget\" data-e-type=\"widget\" data-widget_type=\"image.default\">\n\t\t\t\t<div class=\"elementor-widget-container\">\n\t\t\t\t\t\t\t\t\t\t\t\t<figure class=\"wp-caption\">\n\t\t\t\t\t\t\t\t\t\t<img loading=\"lazy\" decoding=\"async\" width=\"768\" height=\"512\" src=\"https:\/\/www.elturistatranquil.com\/wp-content\/uploads\/F69-Puente-romano-Saelices-Cuenca.jpg\" class=\"attachment-large size-large wp-image-50908\" alt=\"Puente romano, Saelices, Cuenca\" srcset=\"https:\/\/www.elturistatranquil.com\/wp-content\/uploads\/F69-Puente-romano-Saelices-Cuenca.jpg 768w, https:\/\/www.elturistatranquil.com\/wp-content\/uploads\/F69-Puente-romano-Saelices-Cuenca-339x226.jpg 339w\" sizes=\"(max-width: 768px) 100vw, 768px\" \/>\t\t\t\t\t\t\t\t\t\t\t<figcaption class=\"widget-image-caption wp-caption-text\"><\/figcaption>\n\t\t\t\t\t\t\t\t\t\t<\/figure>\n\t\t\t\t\t\t\t\t\t<\/div>\n\t\t\t\t<\/div>\n\t\t\t\t<div class=\"elementor-element elementor-element-8d72f8c elementor-widget elementor-widget-image\" data-id=\"8d72f8c\" data-element_type=\"widget\" data-e-type=\"widget\" data-widget_type=\"image.default\">\n\t\t\t\t<div class=\"elementor-widget-container\">\n\t\t\t\t\t\t\t\t\t\t\t\t<figure class=\"wp-caption\">\n\t\t\t\t\t\t\t\t\t\t<img loading=\"lazy\" decoding=\"async\" width=\"768\" height=\"512\" src=\"https:\/\/www.elturistatranquil.com\/wp-content\/uploads\/F70-Puente-romano-Saelices-Cuenca.jpg\" class=\"attachment-large size-large wp-image-50913\" alt=\"Puente romano, Saelices, Cuenca\" srcset=\"https:\/\/www.elturistatranquil.com\/wp-content\/uploads\/F70-Puente-romano-Saelices-Cuenca.jpg 768w, https:\/\/www.elturistatranquil.com\/wp-content\/uploads\/F70-Puente-romano-Saelices-Cuenca-339x226.jpg 339w\" sizes=\"(max-width: 768px) 100vw, 768px\" \/>\t\t\t\t\t\t\t\t\t\t\t<figcaption class=\"widget-image-caption wp-caption-text\"><\/figcaption>\n\t\t\t\t\t\t\t\t\t\t<\/figure>\n\t\t\t\t\t\t\t\t\t<\/div>\n\t\t\t\t<\/div>\n\t\t\t\t<div class=\"elementor-element elementor-element-9c5a85a elementor-widget elementor-widget-text-editor\" data-id=\"9c5a85a\" data-element_type=\"widget\" data-e-type=\"widget\" data-widget_type=\"text-editor.default\">\n\t\t\t\t<div class=\"elementor-widget-container\">\n\t\t\t\t\t\t\t\t\t<p>Deixem que el Gig\u00fcela segueixi impassible el curs.<\/p>\t\t\t\t\t\t\t\t<\/div>\n\t\t\t\t<\/div>\n\t\t\t\t<div class=\"elementor-element elementor-element-7eef3eb elementor-widget elementor-widget-image\" data-id=\"7eef3eb\" data-element_type=\"widget\" data-e-type=\"widget\" data-widget_type=\"image.default\">\n\t\t\t\t<div class=\"elementor-widget-container\">\n\t\t\t\t\t\t\t\t\t\t\t\t<figure class=\"wp-caption\">\n\t\t\t\t\t\t\t\t\t\t<img loading=\"lazy\" decoding=\"async\" width=\"768\" height=\"512\" src=\"https:\/\/www.elturistatranquil.com\/wp-content\/uploads\/F71-Puente-romano-sobre-el-rio-Ciguela-Saelices-Cuenca.jpg\" class=\"attachment-large size-large wp-image-50915\" alt=\"Puente romano, Saelices, Cuenca\" srcset=\"https:\/\/www.elturistatranquil.com\/wp-content\/uploads\/F71-Puente-romano-sobre-el-rio-Ciguela-Saelices-Cuenca.jpg 768w, https:\/\/www.elturistatranquil.com\/wp-content\/uploads\/F71-Puente-romano-sobre-el-rio-Ciguela-Saelices-Cuenca-339x226.jpg 339w\" sizes=\"(max-width: 768px) 100vw, 768px\" \/>\t\t\t\t\t\t\t\t\t\t\t<figcaption class=\"widget-image-caption wp-caption-text\"><\/figcaption>\n\t\t\t\t\t\t\t\t\t\t<\/figure>\n\t\t\t\t\t\t\t\t\t<\/div>\n\t\t\t\t<\/div>\n\t\t\t\t<div class=\"elementor-element elementor-element-11eef6f elementor-widget elementor-widget-text-editor\" data-id=\"11eef6f\" data-element_type=\"widget\" data-e-type=\"widget\" data-widget_type=\"text-editor.default\">\n\t\t\t\t<div class=\"elementor-widget-container\">\n\t\t\t\t\t\t\t\t\t<p>Com a curiositat, cal assenyalar que uns 200 metres al sud del pont es troben les ru\u00efnes d&#8217;una pla\u00e7a de braus, \u201cEl Tentadero\u201d, aixecada a mitjans segle passat pel torero Luis Miguel Domingu\u00edn, en comprar la finca Villa Paz, una finca que s&#8217;hi havia fet construir la Infanta Paz, neta de Isabel II, i germana de la infanta Eulalia, amb la qual s&#8217;havien repartit l&#8217;her\u00e8ncia de la finca El Castillejo, citat a la part hist\u00f2rica.<\/p><p>Retrocedint per on hem vingut, tenim una imatge de la \u201ct\u00edmida\u201d aparici\u00f3 de El Castillejo per darrere del perfil d\u2019altipl\u00e0, des d&#8217;on vigilaria el cam\u00ed.<\/p>\t\t\t\t\t\t\t\t<\/div>\n\t\t\t\t<\/div>\n\t\t\t\t<div class=\"elementor-element elementor-element-c9b7d3a elementor-widget elementor-widget-image\" data-id=\"c9b7d3a\" data-element_type=\"widget\" data-e-type=\"widget\" data-widget_type=\"image.default\">\n\t\t\t\t<div class=\"elementor-widget-container\">\n\t\t\t\t\t\t\t\t\t\t\t\t<figure class=\"wp-caption\">\n\t\t\t\t\t\t\t\t\t\t<img loading=\"lazy\" decoding=\"async\" width=\"768\" height=\"512\" src=\"https:\/\/www.elturistatranquil.com\/wp-content\/uploads\/F72-Castillo-El-Castillejo-Saelices-Cuenca.jpg\" class=\"attachment-large size-large wp-image-50917\" alt=\"Castillo El Castillejo, Saelices, Cuenca\" srcset=\"https:\/\/www.elturistatranquil.com\/wp-content\/uploads\/F72-Castillo-El-Castillejo-Saelices-Cuenca.jpg 768w, https:\/\/www.elturistatranquil.com\/wp-content\/uploads\/F72-Castillo-El-Castillejo-Saelices-Cuenca-339x226.jpg 339w\" sizes=\"(max-width: 768px) 100vw, 768px\" \/>\t\t\t\t\t\t\t\t\t\t\t<figcaption class=\"widget-image-caption wp-caption-text\"><\/figcaption>\n\t\t\t\t\t\t\t\t\t\t<\/figure>\n\t\t\t\t\t\t\t\t\t<\/div>\n\t\t\t\t<\/div>\n\t\t\t\t<div class=\"elementor-element elementor-element-02bb783 elementor-widget elementor-widget-image\" data-id=\"02bb783\" data-element_type=\"widget\" data-e-type=\"widget\" data-widget_type=\"image.default\">\n\t\t\t\t<div class=\"elementor-widget-container\">\n\t\t\t\t\t\t\t\t\t\t\t\t<figure class=\"wp-caption\">\n\t\t\t\t\t\t\t\t\t\t<img loading=\"lazy\" decoding=\"async\" width=\"768\" height=\"512\" src=\"https:\/\/www.elturistatranquil.com\/wp-content\/uploads\/F73-Castillo-El-Castillejo-Saelices-Cuenca.jpg\" class=\"attachment-large size-large wp-image-50919\" alt=\"Castillo El Castillejo, Saelices, Cuenca\" srcset=\"https:\/\/www.elturistatranquil.com\/wp-content\/uploads\/F73-Castillo-El-Castillejo-Saelices-Cuenca.jpg 768w, https:\/\/www.elturistatranquil.com\/wp-content\/uploads\/F73-Castillo-El-Castillejo-Saelices-Cuenca-339x226.jpg 339w\" sizes=\"(max-width: 768px) 100vw, 768px\" \/>\t\t\t\t\t\t\t\t\t\t\t<figcaption class=\"widget-image-caption wp-caption-text\"><\/figcaption>\n\t\t\t\t\t\t\t\t\t\t<\/figure>\n\t\t\t\t\t\t\t\t\t<\/div>\n\t\t\t\t<\/div>\n\t\t\t\t<div class=\"elementor-element elementor-element-3c6a238 elementor-widget elementor-widget-heading\" data-id=\"3c6a238\" data-element_type=\"widget\" data-e-type=\"widget\" data-widget_type=\"heading.default\">\n\t\t\t\t<div class=\"elementor-widget-container\">\n\t\t\t\t\t<h2 class=\"elementor-heading-title elementor-size-default\">La torre de vigil\u00e0ncia<\/h2>\t\t\t\t<\/div>\n\t\t\t\t<\/div>\n\t\t\t\t<div class=\"elementor-element elementor-element-41f67ee elementor-widget elementor-widget-text-editor\" data-id=\"41f67ee\" data-element_type=\"widget\" data-e-type=\"widget\" data-widget_type=\"text-editor.default\">\n\t\t\t\t<div class=\"elementor-widget-container\">\n\t\t\t\t\t\t\t\t\t<p>De tornada a Saelices, passada la Finca Palau Infanta Eulalia, apareix la <strong>torre de vigil\u00e0ncia<\/strong> del castell, que a l&#8217;anada ens ha passat gaireb\u00e9 desapercebuda.<\/p><p>At\u00e8s que, per la part nord, el terreny era m\u00e9s elevat i no existia domini visual des del castell, van aplicar una pr\u00e0ctica habitual en aquests casos (per exemple, al <a href=\"https:\/\/www.elturistatranquil.com\/ca\/castell-de-penarroya-ciudad-real\/\" target=\"_blank\" rel=\"noopener\">castell de Pe\u00f1arroya<\/a>), construint una torre probablement de vigil\u00e0ncia a uns 400 metres lineals , situada en una posici\u00f3 m\u00e9s elevada, i amb enlla\u00e7 visual amb el castell.<\/p>\t\t\t\t\t\t\t\t<\/div>\n\t\t\t\t<\/div>\n\t\t\t\t<div class=\"elementor-element elementor-element-ea5fd5b elementor-widget elementor-widget-image\" data-id=\"ea5fd5b\" data-element_type=\"widget\" data-e-type=\"widget\" data-widget_type=\"image.default\">\n\t\t\t\t<div class=\"elementor-widget-container\">\n\t\t\t\t\t\t\t\t\t\t\t\t<figure class=\"wp-caption\">\n\t\t\t\t\t\t\t\t\t\t<img loading=\"lazy\" decoding=\"async\" width=\"768\" height=\"512\" src=\"https:\/\/www.elturistatranquil.com\/wp-content\/uploads\/F74-Torreon-exterior-del-Castillo-El-Castillejo-Saelices-Cuenca.jpg\" class=\"attachment-large size-large wp-image-50921\" alt=\"Torreon exterior del Castillo El Castillejo, Saelices, Cuenca\" srcset=\"https:\/\/www.elturistatranquil.com\/wp-content\/uploads\/F74-Torreon-exterior-del-Castillo-El-Castillejo-Saelices-Cuenca.jpg 768w, https:\/\/www.elturistatranquil.com\/wp-content\/uploads\/F74-Torreon-exterior-del-Castillo-El-Castillejo-Saelices-Cuenca-339x226.jpg 339w\" sizes=\"(max-width: 768px) 100vw, 768px\" \/>\t\t\t\t\t\t\t\t\t\t\t<figcaption class=\"widget-image-caption wp-caption-text\"><\/figcaption>\n\t\t\t\t\t\t\t\t\t\t<\/figure>\n\t\t\t\t\t\t\t\t\t<\/div>\n\t\t\t\t<\/div>\n\t\t\t\t<div class=\"elementor-element elementor-element-974c695 elementor-widget elementor-widget-text-editor\" data-id=\"974c695\" data-element_type=\"widget\" data-e-type=\"widget\" data-widget_type=\"text-editor.default\">\n\t\t\t\t<div class=\"elementor-widget-container\">\n\t\t\t\t\t\t\t\t\t<p>Tamb\u00e9 constru\u00efda en ma\u00e7oneria, l&#8217;esfondrament parcial del mur de la torrassa mostra el que sembla ser un farcit mass\u00eds de pedra i terra de l&#8217;interior, ja que tampoc no s&#8217;observa cap porta.<\/p>\t\t\t\t\t\t\t\t<\/div>\n\t\t\t\t<\/div>\n\t\t\t\t<div class=\"elementor-element elementor-element-4c2764e elementor-widget elementor-widget-image\" data-id=\"4c2764e\" data-element_type=\"widget\" data-e-type=\"widget\" data-widget_type=\"image.default\">\n\t\t\t\t<div class=\"elementor-widget-container\">\n\t\t\t\t\t\t\t\t\t\t\t\t<figure class=\"wp-caption\">\n\t\t\t\t\t\t\t\t\t\t<img loading=\"lazy\" decoding=\"async\" width=\"768\" height=\"512\" src=\"https:\/\/www.elturistatranquil.com\/wp-content\/uploads\/F75-Torreon-exterior-del-Castillo-El-Castillejo-Saelices-Cuenca.jpg\" class=\"attachment-large size-large wp-image-50923\" alt=\"Torreon exterior del Castillo El Castillejo, Saelices, Cuenca\" srcset=\"https:\/\/www.elturistatranquil.com\/wp-content\/uploads\/F75-Torreon-exterior-del-Castillo-El-Castillejo-Saelices-Cuenca.jpg 768w, https:\/\/www.elturistatranquil.com\/wp-content\/uploads\/F75-Torreon-exterior-del-Castillo-El-Castillejo-Saelices-Cuenca-339x226.jpg 339w\" sizes=\"(max-width: 768px) 100vw, 768px\" \/>\t\t\t\t\t\t\t\t\t\t\t<figcaption class=\"widget-image-caption wp-caption-text\"><\/figcaption>\n\t\t\t\t\t\t\t\t\t\t<\/figure>\n\t\t\t\t\t\t\t\t\t<\/div>\n\t\t\t\t<\/div>\n\t\t\t\t<div class=\"elementor-element elementor-element-75ca2ad elementor-widget elementor-widget-heading\" data-id=\"75ca2ad\" data-element_type=\"widget\" data-e-type=\"widget\" data-widget_type=\"heading.default\">\n\t\t\t\t<div class=\"elementor-widget-container\">\n\t\t\t\t\t<h2 class=\"elementor-heading-title elementor-size-default\">Fi de la visita<\/h2>\t\t\t\t<\/div>\n\t\t\t\t<\/div>\n\t\t\t\t<div class=\"elementor-element elementor-element-e45b504 elementor-widget elementor-widget-text-editor\" data-id=\"e45b504\" data-element_type=\"widget\" data-e-type=\"widget\" data-widget_type=\"text-editor.default\">\n\t\t\t\t<div class=\"elementor-widget-container\">\n\t\t\t\t\t\t\t\t\t<p><strong>El Castillejo de Saelices<\/strong> \u00e9s un castell de caracter\u00edstiques constructives molt particulars en relaci\u00f3 amb els altres castells senyorials de l&#8217;\u00e8poca. Possiblement l&#8217;avan\u00e7at de la seva reconstrucci\u00f3, ja al segle XVI, va fer que prevalgu\u00e9s la funci\u00f3 i l&#8217;aparen\u00e7a palatina sobre la militar defensiva, ja no tan necess\u00e0ria en aquells moments. Potser, reservada a conflictes senyorials.<\/p><p>Tamb\u00e9 es va rebaixar molt la qualitat i solidesa dels murs i de la construcci\u00f3 en general, i dels elements defensius, com poden ser les tronera i espitlleres.<\/p><p>L&#8217;esfondrament de tots els murs de les dues plantes superiors no ens permet fer-nos una idea de com va haver de ser aquest castell, mentre que est\u00e0 completament conservada tota la planta de la fortificaci\u00f3.<\/p><p>La meva impressi\u00f3 personal \u00e9s que les obres de consolidaci\u00f3 de les ru\u00efnes que s&#8217;han efectuat els darrers anys s\u00f3n suficients per mantenir la seva imatge.<\/p><p>L&#8217;inter\u00e8s per la visita a El Castillejo, a m\u00e9s de per l&#8217;edificaci\u00f3, ve refor\u00e7at per l&#8217;a\u00efllament en qu\u00e8 es troba ubicat, al costat de la bellesa del paisatge. Sembla ser un B\u00e9 Cultural poc conegut, i poc visitat, cosa que \u00e9s un atractiu m\u00e9s per acostar-s\u2019hi i gaudir de la seva tranquil\u00b7litat.<\/p><p>Sense oblidar baixar fins a l&#8217;humil <strong>pont rom\u00e0<\/strong>.<\/p>\t\t\t\t\t\t\t\t<\/div>\n\t\t\t\t<\/div>\n\t\t\t\t<div class=\"elementor-element elementor-element-d066822 elementor-widget elementor-widget-heading\" data-id=\"d066822\" data-element_type=\"widget\" data-e-type=\"widget\" data-widget_type=\"heading.default\">\n\t\t\t\t<div class=\"elementor-widget-container\">\n\t\t\t\t\t<h2 class=\"elementor-heading-title elementor-size-default\">Bases d\u2019informaci\u00f3<\/h2>\t\t\t\t<\/div>\n\t\t\t\t<\/div>\n\t\t\t\t<div class=\"elementor-element elementor-element-66fc0b00 elementor-widget elementor-widget-text-editor\" data-id=\"66fc0b00\" data-element_type=\"widget\" data-e-type=\"widget\" data-widget_type=\"text-editor.default\">\n\t\t\t\t<div class=\"elementor-widget-container\">\n\t\t\t\t\t\t\t\t\t<p><strong>Webs El Castillejo<br \/><\/strong><a href=\"https:\/\/www.castillosnet.org\/fortificacion.php?r=CU-CAS-500&amp;n=El%20Castillejo&amp;lc=16186000100&amp;ln=Saelices&amp;mc=16186&amp;mn=Saelices&amp;pc=16&amp;pn=Cuenca&amp;cc=05&amp;cn=Castilla%20-%20La%20Mancha\" target=\"_blank\" rel=\"noopener\">castillosnet<\/a><br \/><a href=\"https:\/\/books.google.es\/books?id=Fs8xziF4X7sC&amp;pg=PA865&amp;lpg=PA865&amp;dq=castillo+de+saelices&amp;source=bl&amp;ots=A4vUY-pLCP&amp;sig=ACfU3U2rD5ejPqUyWaEXZo28JhxTlEeIuw&amp;hl=es&amp;sa=X&amp;ved=2ahUKEwjz8eWLqfODAxVuQ6QEHVwqACM4KBDoAXoECAQQAw#v=onepage&amp;q=castillo%20de%20saelices&amp;f=false\" target=\"_blank\" rel=\"noopener\">Cooper, E. <em>Los castillos se\u00f1oriales del Reino de Castilla<\/em>, V. III, p. 865<\/a><br \/><a href=\"https:\/\/palomatorrijos.blogspot.com\/2020\/04\/el-castillo-de-saelices-cuenca.html\" target=\"_blank\" rel=\"noopener\">palomatorrijos<\/a><br \/><a href=\"https:\/\/www.liberaldecastilla.com\/castillo-lujan-saelices-estilo-renacentista-plateresco\" target=\"_blank\" rel=\"noopener\">liberaldecastilla<\/a><br \/><a href=\"https:\/\/castillosricsol.es\/castillo-de-lujan\/\" target=\"_blank\" rel=\"noopener\">fortificaciones de Espa\u00f1a<\/a><strong><br \/><\/strong><a href=\"https:\/\/cuencaculturaynaturaleza.blogspot.com\/2016\/06\/castillo-de-saelices-o-de-lujan.html\" target=\"_blank\" rel=\"noopener\">cuencaculturaynaturaleza<\/a><br \/><a href=\"https:\/\/www.xn--castillosdeespaa-lub.es\/es\/content\/lujan-castillo-de\" target=\"_blank\" rel=\"noopener\">castillosdeespaa<\/a><br \/><a href=\"https:\/\/www.elarteencuenca.es\/blog\/castillo\/saelices-castillo\" target=\"_blank\" rel=\"noopener\">elarteencuenca<\/a><br \/><a href=\"https:\/\/cadenaser.com\/emisora\/2020\/09\/11\/ser_cuenca\/1599827443_246345.html\" target=\"_blank\" rel=\"noopener\">cadenaser<\/a><br \/><a href=\"https:\/\/manchaignota.blogspot.com\/2018\/03\/castillo-de-lujan.html\" target=\"_blank\" rel=\"noopener\">manchaignota<\/a><br \/><a href=\"https:\/\/www.elconfidencial.com\/cultura\/2019-05-05\/casa-olvidada-borbones-saelices-infanta-eulalia_1980838\/\" target=\"_blank\" rel=\"noopener\">elconfidencial<\/a><u><br \/><\/u><a href=\"https:\/\/buleria.unileon.es\/bitstream\/handle\/10612\/5261\/amador%20ruibal0001.pdf?sequence=1&amp;isAllowed=y\" target=\"_blank\" rel=\"noopener\">Ruibal, Amador (1992). <\/a><em><a href=\"_wp_link_placeholder\">Algunos ejemplos de las transformaciones experimentadas por la arquitectura militar espa\u00f1ola en la transici\u00f3n del g\u00f3tico al Renacimiento<\/a><br \/><\/em><a href=\"https:\/\/oa.upm.es\/id\/eprint\/48002\" target=\"_blank\" rel=\"noopener\">Moya Olmedo, M.Pilar (2017). <em>Arquitecturas de conquista: la arquitectura de la Orden de Santiago, la reconquista de la Encomienda de Ucl\u00e9s; y la arquitectura de conquista de Nueva Espa\u00f1a<\/em><\/a> (Tesis doctoral)<\/p><p><strong>Web Pont rom\u00e0<br \/><\/strong><a href=\"https:\/\/contrataciondelestado.es\/wps\/wcm\/connect\/4797e7dc-0008-4307-8fdc-0202e17d7c8c\/DOC20200708130914Proyecto+intervencion+arqueologica.pdf?MOD=AJPERES\" target=\"_blank\" rel=\"noopener\"><em>Proyecto de intervenci\u00f3n arqueol\u00f3gica Rehabilitaci\u00f3n Puente Romano Los Ba\u00f1os<\/em> (Saelices, Cuenca)<\/a><\/p><p><strong>Web Finca Palau Infanta Eulalia<\/strong><u><br \/><\/u><a href=\"https:\/\/www.elconfidencial.com\/cultura\/2019-05-05\/casa-olvidada-borbones-saelices-infanta-eulalia_1980838\/\" target=\"_blank\" rel=\"noopener\">elconfidencial<\/a><u><br \/><\/u><\/p>\t\t\t\t\t\t\t\t<\/div>\n\t\t\t\t<\/div>\n\t\t\t\t\t<\/div>\n\t\t<\/div>\n\t\t\t\t\t<\/div>\n\t\t<\/section>\n\t\t\t\t<\/div>\n\t\t","protected":false},"excerpt":{"rendered":"<p>El Castillejo (Saelices, Conca) \u00e9s una fortificaci\u00f3 medieval reconvertida en castell senyorial, a\u00efllada i amb caracter\u00edstiques constructives molt particulars. A pocs metres, un humil pont rom\u00e0 de gran solidesa constructiva. &#8230; <a title=\"El Castillejo (Castell de Saelices) i pont rom\u00e0 (Conca)\" class=\"read-more\" href=\"https:\/\/www.elturistatranquil.com\/ca\/el-castillejo-castell-de-saelices-i-pont-roma-conca\/\" aria-label=\"M\u00e9s informaci\u00f3 sobre El Castillejo (Castell de Saelices) i pont rom\u00e0 (Conca)\">[ &#8230; ]<\/a><\/p>\n","protected":false},"author":1,"featured_media":50937,"comment_status":"open","ping_status":"closed","sticky":false,"template":"","format":"standard","meta":{"footnotes":""},"categories":[75,227,145,83,87,95,103,139,107],"tags":[],"class_list":["post-50948","post","type-post","status-publish","format-standard","has-post-thumbnail","hentry","category-castells","category-conca","category-edat-mitjana","category-historia-ca","category-joies-al-territori","category-paisatge","category-roma","category-segle-xvi-xvii","category-segle-xx-xxi","infinite-scroll-item","generate-columns","tablet-grid-50","mobile-grid-100","grid-parent","grid-50","no-featured-image-padding"],"yoast_head":"<!-- This site is optimized with the Yoast SEO plugin v27.4 - https:\/\/yoast.com\/product\/yoast-seo-wordpress\/ -->\n<title>El Castillejo (Castell de Saelices) i pont rom\u00e0 (Conca) - El turista tranquil<\/title>\n<meta name=\"description\" content=\"El Castillejo (Saelices, Conca) \u00e9s una fortificaci\u00f3 medieval reconvertida en castell senyorial, a\u00efllada i amb caracter\u00edstiques constructives molt particulars. A pocs metres, un humil pont rom\u00e0 de gran solidesa constructiva.\" \/>\n<meta name=\"robots\" content=\"index, follow, max-snippet:-1, max-image-preview:large, max-video-preview:-1\" \/>\n<link rel=\"canonical\" href=\"https:\/\/www.elturistatranquil.com\/ca\/el-castillejo-castell-de-saelices-i-pont-roma-conca\/\" \/>\n<meta property=\"og:locale\" content=\"ca_ES\" \/>\n<meta property=\"og:type\" content=\"article\" \/>\n<meta property=\"og:title\" content=\"El Castillejo (Castell de Saelices) i pont rom\u00e0 (Conca) - El turista tranquil\" \/>\n<meta property=\"og:description\" content=\"El Castillejo (Saelices, Conca) \u00e9s una fortificaci\u00f3 medieval reconvertida en castell senyorial, a\u00efllada i amb caracter\u00edstiques constructives molt particulars. A pocs metres, un humil pont rom\u00e0 de gran solidesa constructiva.\" \/>\n<meta property=\"og:url\" content=\"https:\/\/www.elturistatranquil.com\/ca\/el-castillejo-castell-de-saelices-i-pont-roma-conca\/\" \/>\n<meta property=\"og:site_name\" content=\"El turista tranquil\" \/>\n<meta property=\"article:publisher\" content=\"https:\/\/www.facebook.com\/elturistatranquilo\/\" \/>\n<meta property=\"article:published_time\" content=\"2024-02-03T21:34:12+00:00\" \/>\n<meta property=\"article:modified_time\" content=\"2024-02-03T21:34:21+00:00\" \/>\n<meta property=\"og:image\" content=\"https:\/\/www.elturistatranquil.com\/wp-content\/uploads\/F00-Castillo-El-Castillejo-Saelices-Cuenca.jpg\" \/>\n\t<meta property=\"og:image:width\" content=\"768\" \/>\n\t<meta property=\"og:image:height\" content=\"512\" \/>\n\t<meta property=\"og:image:type\" content=\"image\/jpeg\" \/>\n<meta name=\"author\" content=\"admin\" \/>\n<meta name=\"twitter:card\" content=\"summary_large_image\" \/>\n<meta name=\"twitter:label1\" content=\"Escrit per\" \/>\n\t<meta name=\"twitter:data1\" content=\"admin\" \/>\n\t<meta name=\"twitter:label2\" content=\"Temps estimat de lectura\" \/>\n\t<meta name=\"twitter:data2\" content=\"36 minuts\" \/>\n<script type=\"application\/ld+json\" class=\"yoast-schema-graph\">{\"@context\":\"https:\\\/\\\/schema.org\",\"@graph\":[{\"@type\":\"Article\",\"@id\":\"https:\\\/\\\/www.elturistatranquil.com\\\/ca\\\/el-castillejo-castell-de-saelices-i-pont-roma-conca\\\/#article\",\"isPartOf\":{\"@id\":\"https:\\\/\\\/www.elturistatranquil.com\\\/ca\\\/el-castillejo-castell-de-saelices-i-pont-roma-conca\\\/\"},\"author\":{\"name\":\"admin\",\"@id\":\"https:\\\/\\\/www.elturistatranquil.com\\\/ca\\\/#\\\/schema\\\/person\\\/16f607c3079b96ed0c530a52e6b58bb5\"},\"headline\":\"El Castillejo (Castell de Saelices) i pont rom\u00e0 (Conca)\",\"datePublished\":\"2024-02-03T21:34:12+00:00\",\"dateModified\":\"2024-02-03T21:34:21+00:00\",\"mainEntityOfPage\":{\"@id\":\"https:\\\/\\\/www.elturistatranquil.com\\\/ca\\\/el-castillejo-castell-de-saelices-i-pont-roma-conca\\\/\"},\"wordCount\":3730,\"commentCount\":0,\"image\":{\"@id\":\"https:\\\/\\\/www.elturistatranquil.com\\\/ca\\\/el-castillejo-castell-de-saelices-i-pont-roma-conca\\\/#primaryimage\"},\"thumbnailUrl\":\"https:\\\/\\\/www.elturistatranquil.com\\\/wp-content\\\/uploads\\\/F00-Castillo-El-Castillejo-Saelices-Cuenca.jpg\",\"articleSection\":[\"Castells, Muralles\",\"Conca\",\"Edat mitjana\",\"Hist\u00f2ria\",\"Joies al territori\",\"Paisatge\",\"Rom\u00e0\",\"Segle XVI-XVII\",\"Segle XX-XXI\"],\"inLanguage\":\"ca\",\"potentialAction\":[{\"@type\":\"CommentAction\",\"name\":\"Comment\",\"target\":[\"https:\\\/\\\/www.elturistatranquil.com\\\/ca\\\/el-castillejo-castell-de-saelices-i-pont-roma-conca\\\/#respond\"]}]},{\"@type\":\"WebPage\",\"@id\":\"https:\\\/\\\/www.elturistatranquil.com\\\/ca\\\/el-castillejo-castell-de-saelices-i-pont-roma-conca\\\/\",\"url\":\"https:\\\/\\\/www.elturistatranquil.com\\\/ca\\\/el-castillejo-castell-de-saelices-i-pont-roma-conca\\\/\",\"name\":\"El Castillejo (Castell de Saelices) i pont rom\u00e0 (Conca) - El turista tranquil\",\"isPartOf\":{\"@id\":\"https:\\\/\\\/www.elturistatranquil.com\\\/ca\\\/#website\"},\"primaryImageOfPage\":{\"@id\":\"https:\\\/\\\/www.elturistatranquil.com\\\/ca\\\/el-castillejo-castell-de-saelices-i-pont-roma-conca\\\/#primaryimage\"},\"image\":{\"@id\":\"https:\\\/\\\/www.elturistatranquil.com\\\/ca\\\/el-castillejo-castell-de-saelices-i-pont-roma-conca\\\/#primaryimage\"},\"thumbnailUrl\":\"https:\\\/\\\/www.elturistatranquil.com\\\/wp-content\\\/uploads\\\/F00-Castillo-El-Castillejo-Saelices-Cuenca.jpg\",\"datePublished\":\"2024-02-03T21:34:12+00:00\",\"dateModified\":\"2024-02-03T21:34:21+00:00\",\"author\":{\"@id\":\"https:\\\/\\\/www.elturistatranquil.com\\\/ca\\\/#\\\/schema\\\/person\\\/16f607c3079b96ed0c530a52e6b58bb5\"},\"description\":\"El Castillejo (Saelices, Conca) \u00e9s una fortificaci\u00f3 medieval reconvertida en castell senyorial, a\u00efllada i amb caracter\u00edstiques constructives molt particulars. A pocs metres, un humil pont rom\u00e0 de gran solidesa constructiva.\",\"breadcrumb\":{\"@id\":\"https:\\\/\\\/www.elturistatranquil.com\\\/ca\\\/el-castillejo-castell-de-saelices-i-pont-roma-conca\\\/#breadcrumb\"},\"inLanguage\":\"ca\",\"potentialAction\":[{\"@type\":\"ReadAction\",\"target\":[\"https:\\\/\\\/www.elturistatranquil.com\\\/ca\\\/el-castillejo-castell-de-saelices-i-pont-roma-conca\\\/\"]}]},{\"@type\":\"ImageObject\",\"inLanguage\":\"ca\",\"@id\":\"https:\\\/\\\/www.elturistatranquil.com\\\/ca\\\/el-castillejo-castell-de-saelices-i-pont-roma-conca\\\/#primaryimage\",\"url\":\"https:\\\/\\\/www.elturistatranquil.com\\\/wp-content\\\/uploads\\\/F00-Castillo-El-Castillejo-Saelices-Cuenca.jpg\",\"contentUrl\":\"https:\\\/\\\/www.elturistatranquil.com\\\/wp-content\\\/uploads\\\/F00-Castillo-El-Castillejo-Saelices-Cuenca.jpg\",\"width\":768,\"height\":512,\"caption\":\"Castillo El Castillejo, Saelices, Cuenca\"},{\"@type\":\"BreadcrumbList\",\"@id\":\"https:\\\/\\\/www.elturistatranquil.com\\\/ca\\\/el-castillejo-castell-de-saelices-i-pont-roma-conca\\\/#breadcrumb\",\"itemListElement\":[{\"@type\":\"ListItem\",\"position\":1,\"name\":\"Portada\",\"item\":\"https:\\\/\\\/www.elturistatranquil.com\\\/ca\\\/\"},{\"@type\":\"ListItem\",\"position\":2,\"name\":\"El Castillejo (Castell de Saelices) i pont rom\u00e0 (Conca)\"}]},{\"@type\":\"WebSite\",\"@id\":\"https:\\\/\\\/www.elturistatranquil.com\\\/ca\\\/#website\",\"url\":\"https:\\\/\\\/www.elturistatranquil.com\\\/ca\\\/\",\"name\":\"El turista tranquil\",\"description\":\"Blog de viatges\",\"potentialAction\":[{\"@type\":\"SearchAction\",\"target\":{\"@type\":\"EntryPoint\",\"urlTemplate\":\"https:\\\/\\\/www.elturistatranquil.com\\\/ca\\\/?s={search_term_string}\"},\"query-input\":{\"@type\":\"PropertyValueSpecification\",\"valueRequired\":true,\"valueName\":\"search_term_string\"}}],\"inLanguage\":\"ca\"},{\"@type\":\"Person\",\"@id\":\"https:\\\/\\\/www.elturistatranquil.com\\\/ca\\\/#\\\/schema\\\/person\\\/16f607c3079b96ed0c530a52e6b58bb5\",\"name\":\"admin\",\"image\":{\"@type\":\"ImageObject\",\"inLanguage\":\"ca\",\"@id\":\"https:\\\/\\\/secure.gravatar.com\\\/avatar\\\/1fbaf22aee75fcbb29a2f97b107f95d25d3a19b7c3416105be10269872673e8d?s=96&d=mm&r=g\",\"url\":\"https:\\\/\\\/secure.gravatar.com\\\/avatar\\\/1fbaf22aee75fcbb29a2f97b107f95d25d3a19b7c3416105be10269872673e8d?s=96&d=mm&r=g\",\"contentUrl\":\"https:\\\/\\\/secure.gravatar.com\\\/avatar\\\/1fbaf22aee75fcbb29a2f97b107f95d25d3a19b7c3416105be10269872673e8d?s=96&d=mm&r=g\",\"caption\":\"admin\"}}]}<\/script>\n<!-- \/ Yoast SEO plugin. -->","yoast_head_json":{"title":"El Castillejo (Castell de Saelices) i pont rom\u00e0 (Conca) - El turista tranquil","description":"El Castillejo (Saelices, Conca) \u00e9s una fortificaci\u00f3 medieval reconvertida en castell senyorial, a\u00efllada i amb caracter\u00edstiques constructives molt particulars. A pocs metres, un humil pont rom\u00e0 de gran solidesa constructiva.","robots":{"index":"index","follow":"follow","max-snippet":"max-snippet:-1","max-image-preview":"max-image-preview:large","max-video-preview":"max-video-preview:-1"},"canonical":"https:\/\/www.elturistatranquil.com\/ca\/el-castillejo-castell-de-saelices-i-pont-roma-conca\/","og_locale":"ca_ES","og_type":"article","og_title":"El Castillejo (Castell de Saelices) i pont rom\u00e0 (Conca) - El turista tranquil","og_description":"El Castillejo (Saelices, Conca) \u00e9s una fortificaci\u00f3 medieval reconvertida en castell senyorial, a\u00efllada i amb caracter\u00edstiques constructives molt particulars. A pocs metres, un humil pont rom\u00e0 de gran solidesa constructiva.","og_url":"https:\/\/www.elturistatranquil.com\/ca\/el-castillejo-castell-de-saelices-i-pont-roma-conca\/","og_site_name":"El turista tranquil","article_publisher":"https:\/\/www.facebook.com\/elturistatranquilo\/","article_published_time":"2024-02-03T21:34:12+00:00","article_modified_time":"2024-02-03T21:34:21+00:00","og_image":[{"width":768,"height":512,"url":"https:\/\/www.elturistatranquil.com\/wp-content\/uploads\/F00-Castillo-El-Castillejo-Saelices-Cuenca.jpg","type":"image\/jpeg"}],"author":"admin","twitter_card":"summary_large_image","twitter_misc":{"Escrit per":"admin","Temps estimat de lectura":"36 minuts"},"schema":{"@context":"https:\/\/schema.org","@graph":[{"@type":"Article","@id":"https:\/\/www.elturistatranquil.com\/ca\/el-castillejo-castell-de-saelices-i-pont-roma-conca\/#article","isPartOf":{"@id":"https:\/\/www.elturistatranquil.com\/ca\/el-castillejo-castell-de-saelices-i-pont-roma-conca\/"},"author":{"name":"admin","@id":"https:\/\/www.elturistatranquil.com\/ca\/#\/schema\/person\/16f607c3079b96ed0c530a52e6b58bb5"},"headline":"El Castillejo (Castell de Saelices) i pont rom\u00e0 (Conca)","datePublished":"2024-02-03T21:34:12+00:00","dateModified":"2024-02-03T21:34:21+00:00","mainEntityOfPage":{"@id":"https:\/\/www.elturistatranquil.com\/ca\/el-castillejo-castell-de-saelices-i-pont-roma-conca\/"},"wordCount":3730,"commentCount":0,"image":{"@id":"https:\/\/www.elturistatranquil.com\/ca\/el-castillejo-castell-de-saelices-i-pont-roma-conca\/#primaryimage"},"thumbnailUrl":"https:\/\/www.elturistatranquil.com\/wp-content\/uploads\/F00-Castillo-El-Castillejo-Saelices-Cuenca.jpg","articleSection":["Castells, Muralles","Conca","Edat mitjana","Hist\u00f2ria","Joies al territori","Paisatge","Rom\u00e0","Segle XVI-XVII","Segle XX-XXI"],"inLanguage":"ca","potentialAction":[{"@type":"CommentAction","name":"Comment","target":["https:\/\/www.elturistatranquil.com\/ca\/el-castillejo-castell-de-saelices-i-pont-roma-conca\/#respond"]}]},{"@type":"WebPage","@id":"https:\/\/www.elturistatranquil.com\/ca\/el-castillejo-castell-de-saelices-i-pont-roma-conca\/","url":"https:\/\/www.elturistatranquil.com\/ca\/el-castillejo-castell-de-saelices-i-pont-roma-conca\/","name":"El Castillejo (Castell de Saelices) i pont rom\u00e0 (Conca) - El turista tranquil","isPartOf":{"@id":"https:\/\/www.elturistatranquil.com\/ca\/#website"},"primaryImageOfPage":{"@id":"https:\/\/www.elturistatranquil.com\/ca\/el-castillejo-castell-de-saelices-i-pont-roma-conca\/#primaryimage"},"image":{"@id":"https:\/\/www.elturistatranquil.com\/ca\/el-castillejo-castell-de-saelices-i-pont-roma-conca\/#primaryimage"},"thumbnailUrl":"https:\/\/www.elturistatranquil.com\/wp-content\/uploads\/F00-Castillo-El-Castillejo-Saelices-Cuenca.jpg","datePublished":"2024-02-03T21:34:12+00:00","dateModified":"2024-02-03T21:34:21+00:00","author":{"@id":"https:\/\/www.elturistatranquil.com\/ca\/#\/schema\/person\/16f607c3079b96ed0c530a52e6b58bb5"},"description":"El Castillejo (Saelices, Conca) \u00e9s una fortificaci\u00f3 medieval reconvertida en castell senyorial, a\u00efllada i amb caracter\u00edstiques constructives molt particulars. A pocs metres, un humil pont rom\u00e0 de gran solidesa constructiva.","breadcrumb":{"@id":"https:\/\/www.elturistatranquil.com\/ca\/el-castillejo-castell-de-saelices-i-pont-roma-conca\/#breadcrumb"},"inLanguage":"ca","potentialAction":[{"@type":"ReadAction","target":["https:\/\/www.elturistatranquil.com\/ca\/el-castillejo-castell-de-saelices-i-pont-roma-conca\/"]}]},{"@type":"ImageObject","inLanguage":"ca","@id":"https:\/\/www.elturistatranquil.com\/ca\/el-castillejo-castell-de-saelices-i-pont-roma-conca\/#primaryimage","url":"https:\/\/www.elturistatranquil.com\/wp-content\/uploads\/F00-Castillo-El-Castillejo-Saelices-Cuenca.jpg","contentUrl":"https:\/\/www.elturistatranquil.com\/wp-content\/uploads\/F00-Castillo-El-Castillejo-Saelices-Cuenca.jpg","width":768,"height":512,"caption":"Castillo El Castillejo, Saelices, Cuenca"},{"@type":"BreadcrumbList","@id":"https:\/\/www.elturistatranquil.com\/ca\/el-castillejo-castell-de-saelices-i-pont-roma-conca\/#breadcrumb","itemListElement":[{"@type":"ListItem","position":1,"name":"Portada","item":"https:\/\/www.elturistatranquil.com\/ca\/"},{"@type":"ListItem","position":2,"name":"El Castillejo (Castell de Saelices) i pont rom\u00e0 (Conca)"}]},{"@type":"WebSite","@id":"https:\/\/www.elturistatranquil.com\/ca\/#website","url":"https:\/\/www.elturistatranquil.com\/ca\/","name":"El turista tranquil","description":"Blog de viatges","potentialAction":[{"@type":"SearchAction","target":{"@type":"EntryPoint","urlTemplate":"https:\/\/www.elturistatranquil.com\/ca\/?s={search_term_string}"},"query-input":{"@type":"PropertyValueSpecification","valueRequired":true,"valueName":"search_term_string"}}],"inLanguage":"ca"},{"@type":"Person","@id":"https:\/\/www.elturistatranquil.com\/ca\/#\/schema\/person\/16f607c3079b96ed0c530a52e6b58bb5","name":"admin","image":{"@type":"ImageObject","inLanguage":"ca","@id":"https:\/\/secure.gravatar.com\/avatar\/1fbaf22aee75fcbb29a2f97b107f95d25d3a19b7c3416105be10269872673e8d?s=96&d=mm&r=g","url":"https:\/\/secure.gravatar.com\/avatar\/1fbaf22aee75fcbb29a2f97b107f95d25d3a19b7c3416105be10269872673e8d?s=96&d=mm&r=g","contentUrl":"https:\/\/secure.gravatar.com\/avatar\/1fbaf22aee75fcbb29a2f97b107f95d25d3a19b7c3416105be10269872673e8d?s=96&d=mm&r=g","caption":"admin"}}]}},"_links":{"self":[{"href":"https:\/\/www.elturistatranquil.com\/ca\/wp-json\/wp\/v2\/posts\/50948","targetHints":{"allow":["GET"]}}],"collection":[{"href":"https:\/\/www.elturistatranquil.com\/ca\/wp-json\/wp\/v2\/posts"}],"about":[{"href":"https:\/\/www.elturistatranquil.com\/ca\/wp-json\/wp\/v2\/types\/post"}],"author":[{"embeddable":true,"href":"https:\/\/www.elturistatranquil.com\/ca\/wp-json\/wp\/v2\/users\/1"}],"replies":[{"embeddable":true,"href":"https:\/\/www.elturistatranquil.com\/ca\/wp-json\/wp\/v2\/comments?post=50948"}],"version-history":[{"count":5,"href":"https:\/\/www.elturistatranquil.com\/ca\/wp-json\/wp\/v2\/posts\/50948\/revisions"}],"predecessor-version":[{"id":50958,"href":"https:\/\/www.elturistatranquil.com\/ca\/wp-json\/wp\/v2\/posts\/50948\/revisions\/50958"}],"wp:featuredmedia":[{"embeddable":true,"href":"https:\/\/www.elturistatranquil.com\/ca\/wp-json\/wp\/v2\/media\/50937"}],"wp:attachment":[{"href":"https:\/\/www.elturistatranquil.com\/ca\/wp-json\/wp\/v2\/media?parent=50948"}],"wp:term":[{"taxonomy":"category","embeddable":true,"href":"https:\/\/www.elturistatranquil.com\/ca\/wp-json\/wp\/v2\/categories?post=50948"},{"taxonomy":"post_tag","embeddable":true,"href":"https:\/\/www.elturistatranquil.com\/ca\/wp-json\/wp\/v2\/tags?post=50948"}],"curies":[{"name":"wp","href":"https:\/\/api.w.org\/{rel}","templated":true}]}}