{"id":51511,"date":"2024-02-24T12:56:19","date_gmt":"2024-02-24T11:56:19","guid":{"rendered":"https:\/\/www.elturistatranquil.com\/?p=51511"},"modified":"2025-09-06T11:33:11","modified_gmt":"2025-09-06T09:33:11","slug":"pobles-de-colonitzacio-agraria-dels-monegres-osca-saragossa","status":"publish","type":"post","link":"https:\/\/www.elturistatranquil.com\/ca\/pobles-de-colonitzacio-agraria-dels-monegres-osca-saragossa\/","title":{"rendered":"Pobles de Colonitzaci\u00f3 Agr\u00e0ria dels Monegres (Osca\/Saragossa)"},"content":{"rendered":"\t\t<div data-elementor-type=\"wp-post\" data-elementor-id=\"51511\" class=\"elementor elementor-51511 elementor-50977\" data-elementor-post-type=\"post\">\n\t\t\t\t\t\t<section class=\"elementor-section elementor-top-section elementor-element elementor-element-57ed37b7 elementor-section-boxed elementor-section-height-default elementor-section-height-default\" data-id=\"57ed37b7\" data-element_type=\"section\" data-e-type=\"section\">\n\t\t\t\t\t\t<div class=\"elementor-container elementor-column-gap-default\">\n\t\t\t\t\t<div class=\"elementor-column elementor-col-100 elementor-top-column elementor-element elementor-element-4710ea6\" data-id=\"4710ea6\" data-element_type=\"column\" data-e-type=\"column\">\n\t\t\t<div class=\"elementor-widget-wrap elementor-element-populated\">\n\t\t\t\t\t\t<section class=\"elementor-section elementor-inner-section elementor-element elementor-element-526d2a87 elementor-section-content-middle elementor-section-boxed elementor-section-height-default elementor-section-height-default\" data-id=\"526d2a87\" data-element_type=\"section\" data-e-type=\"section\">\n\t\t\t\t\t\t<div class=\"elementor-container elementor-column-gap-default\">\n\t\t\t\t\t<div class=\"elementor-column elementor-col-100 elementor-inner-column elementor-element elementor-element-33f07831\" data-id=\"33f07831\" data-element_type=\"column\" data-e-type=\"column\">\n\t\t\t<div class=\"elementor-widget-wrap elementor-element-populated\">\n\t\t\t\t\t\t<div class=\"elementor-element elementor-element-7f64e2b8 elementor-widget elementor-widget-text-editor\" data-id=\"7f64e2b8\" data-element_type=\"widget\" data-e-type=\"widget\" data-widget_type=\"text-editor.default\">\n\t\t\t\t<div class=\"elementor-widget-container\">\n\t\t\t\t\t\t\t\t\t<p>La transformaci\u00f3 en regadiu dels <em>Monegres-La Violada<\/em> (Osca-Saragossa) va requerir la construcci\u00f3 de setze <em>Pobles de Colonitzaci\u00f3 Agr\u00e0ria<\/em>. Al post farem un recorregut per tota aquesta zona.<\/p>\t\t\t\t\t\t\t\t<\/div>\n\t\t\t\t<\/div>\n\t\t\t\t\t<\/div>\n\t\t<\/div>\n\t\t\t\t\t<\/div>\n\t\t<\/section>\n\t\t\t\t<div class=\"elementor-element elementor-element-16d0828a elementor-widget elementor-widget-heading\" data-id=\"16d0828a\" data-element_type=\"widget\" data-e-type=\"widget\" data-widget_type=\"heading.default\">\n\t\t\t\t<div class=\"elementor-widget-container\">\n\t\t\t\t\t<h1 class=\"elementor-heading-title elementor-size-default\">Pobles de Colonitzaci\u00f3 Agr\u00e0ria dels Monegres (Osca\/Saragossa)<\/h1>\t\t\t\t<\/div>\n\t\t\t\t<\/div>\n\t\t\t\t\t<\/div>\n\t\t<\/div>\n\t\t\t\t\t<\/div>\n\t\t<\/section>\n\t\t\t\t<section class=\"elementor-section elementor-top-section elementor-element elementor-element-76023b59 elementor-section-boxed elementor-section-height-default elementor-section-height-default\" data-id=\"76023b59\" data-element_type=\"section\" data-e-type=\"section\">\n\t\t\t\t\t\t<div class=\"elementor-container elementor-column-gap-default\">\n\t\t\t\t\t<div class=\"elementor-column elementor-col-100 elementor-top-column elementor-element elementor-element-eedbe67\" data-id=\"eedbe67\" data-element_type=\"column\" data-e-type=\"column\">\n\t\t\t<div class=\"elementor-widget-wrap elementor-element-populated\">\n\t\t\t\t\t\t<div class=\"elementor-element elementor-element-571991ed elementor-widget elementor-widget-image\" data-id=\"571991ed\" data-element_type=\"widget\" data-e-type=\"widget\" data-widget_type=\"image.default\">\n\t\t\t\t<div class=\"elementor-widget-container\">\n\t\t\t\t\t\t\t\t\t\t\t\t<figure class=\"wp-caption\">\n\t\t\t\t\t\t\t\t\t\t<img fetchpriority=\"high\" decoding=\"async\" width=\"768\" height=\"512\" src=\"https:\/\/www.elturistatranquil.com\/wp-content\/uploads\/F01-Plan-Monegros-Embalses-y-canales-sobre-Google-maps-2024-02-17.jpg\" class=\"attachment-large size-large wp-image-51014\" alt=\"Plan Monegros Embalses y canales (sobre Google maps 2024-02-17)\" srcset=\"https:\/\/www.elturistatranquil.com\/wp-content\/uploads\/F01-Plan-Monegros-Embalses-y-canales-sobre-Google-maps-2024-02-17.jpg 768w, https:\/\/www.elturistatranquil.com\/wp-content\/uploads\/F01-Plan-Monegros-Embalses-y-canales-sobre-Google-maps-2024-02-17-339x226.jpg 339w\" sizes=\"(max-width: 768px) 100vw, 768px\" \/>\t\t\t\t\t\t\t\t\t\t\t<figcaption class=\"widget-image-caption wp-caption-text\">Pobles, embassaments i canals (sobre Google maps 2024-02-17)<\/figcaption>\n\t\t\t\t\t\t\t\t\t\t<\/figure>\n\t\t\t\t\t\t\t\t\t<\/div>\n\t\t\t\t<\/div>\n\t\t\t\t<section class=\"elementor-section elementor-inner-section elementor-element elementor-element-52c8e75e elementor-section-boxed elementor-section-height-default elementor-section-height-default\" data-id=\"52c8e75e\" data-element_type=\"section\" data-e-type=\"section\" data-settings=\"{&quot;background_background&quot;:&quot;classic&quot;}\">\n\t\t\t\t\t\t\t<div class=\"elementor-background-overlay\"><\/div>\n\t\t\t\t\t\t\t<div class=\"elementor-container elementor-column-gap-default\">\n\t\t\t\t\t<div class=\"elementor-column elementor-col-100 elementor-inner-column elementor-element elementor-element-3b0cd68\" data-id=\"3b0cd68\" data-element_type=\"column\" data-e-type=\"column\" data-settings=\"{&quot;background_background&quot;:&quot;classic&quot;}\">\n\t\t\t<div class=\"elementor-widget-wrap elementor-element-populated\">\n\t\t\t\t\t\t<div class=\"elementor-element elementor-element-71deb533 elementor-widget elementor-widget-text-editor\" data-id=\"71deb533\" data-element_type=\"widget\" data-e-type=\"widget\" data-widget_type=\"text-editor.default\">\n\t\t\t\t<div class=\"elementor-widget-container\">\n\t\t\t\t\t\t\t\t\t<p>Comarques: Monegres\/Hoya de Huesca\/Comarca Central. Prov\u00edncia: Osca\/Saragossa Com. Aut\u00f2noma: Arag\u00f3<\/p><p>Web: <a href=\"https:\/\/turismolosmonegros.org\/pueblos-de-colonizacion\" target=\"_blank\" rel=\"noopener\">consejocomarcal<\/a><\/p><p>Visita: 2023<\/p>\t\t\t\t\t\t\t\t<\/div>\n\t\t\t\t<\/div>\n\t\t\t\t\t<\/div>\n\t\t<\/div>\n\t\t\t\t\t<\/div>\n\t\t<\/section>\n\t\t\t\t<div class=\"elementor-element elementor-element-3939b0d7 elementor-widget elementor-widget-image\" data-id=\"3939b0d7\" data-element_type=\"widget\" data-e-type=\"widget\" data-widget_type=\"image.default\">\n\t\t\t\t<div class=\"elementor-widget-container\">\n\t\t\t\t\t\t\t\t\t\t\t\t<figure class=\"wp-caption\">\n\t\t\t\t\t\t\t\t\t\t<img decoding=\"async\" width=\"768\" height=\"512\" src=\"https:\/\/www.elturistatranquil.com\/wp-content\/uploads\/F02c-Mapa-de-situacio-dels-Pobles-de-Colonitzacio-dels-Monegros-Google-maps-2024-02-10.jpg\" class=\"attachment-medium_large size-medium_large wp-image-51513\" alt=\"Mapa de situaci\u00f3 dels Pobles de Colonitzaci\u00f3 dels Monegros (Google maps 2024-02-10)\" srcset=\"https:\/\/www.elturistatranquil.com\/wp-content\/uploads\/\/F02c-Mapa-de-situacio-dels-Pobles-de-Colonitzacio-dels-Monegros-Google-maps-2024-02-10.jpg 768w, https:\/\/www.elturistatranquil.com\/wp-content\/uploads\/\/F02c-Mapa-de-situacio-dels-Pobles-de-Colonitzacio-dels-Monegros-Google-maps-2024-02-10-339x226.jpg 339w\" sizes=\"(max-width: 768px) 100vw, 768px\" \/>\t\t\t\t\t\t\t\t\t\t\t<figcaption class=\"widget-image-caption wp-caption-text\">Mapa de situaci\u00f3 dels Pobles de Colonitzaci\u00f3 dels Monegres (Google maps 2024-02-10)<\/figcaption>\n\t\t\t\t\t\t\t\t\t\t<\/figure>\n\t\t\t\t\t\t\t\t\t<\/div>\n\t\t\t\t<\/div>\n\t\t\t\t<div class=\"elementor-element elementor-element-78fa4361 elementor-widget elementor-widget-spacer\" data-id=\"78fa4361\" data-element_type=\"widget\" data-e-type=\"widget\" data-widget_type=\"spacer.default\">\n\t\t\t\t<div class=\"elementor-widget-container\">\n\t\t\t\t\t\t\t<div class=\"elementor-spacer\">\n\t\t\t<div class=\"elementor-spacer-inner\"><\/div>\n\t\t<\/div>\n\t\t\t\t\t\t<\/div>\n\t\t\t\t<\/div>\n\t\t\t\t<div class=\"elementor-element elementor-element-5626a450 elementor-toc--minimized-on-tablet elementor-widget elementor-widget-table-of-contents\" data-id=\"5626a450\" data-element_type=\"widget\" data-e-type=\"widget\" data-settings=\"{&quot;headings_by_tags&quot;:[&quot;h2&quot;,&quot;h3&quot;,&quot;h4&quot;],&quot;marker_view&quot;:&quot;bullets&quot;,&quot;icon&quot;:{&quot;value&quot;:&quot;&quot;,&quot;library&quot;:&quot;&quot;},&quot;no_headings_message&quot;:&quot;No se ha encontrado ning\\u00fan encabezado en esta p\\u00e1gina.&quot;,&quot;minimize_box&quot;:&quot;yes&quot;,&quot;minimized_on&quot;:&quot;tablet&quot;,&quot;hierarchical_view&quot;:&quot;yes&quot;,&quot;min_height&quot;:{&quot;unit&quot;:&quot;px&quot;,&quot;size&quot;:&quot;&quot;,&quot;sizes&quot;:[]},&quot;min_height_tablet&quot;:{&quot;unit&quot;:&quot;px&quot;,&quot;size&quot;:&quot;&quot;,&quot;sizes&quot;:[]},&quot;min_height_mobile&quot;:{&quot;unit&quot;:&quot;px&quot;,&quot;size&quot;:&quot;&quot;,&quot;sizes&quot;:[]}}\" data-widget_type=\"table-of-contents.default\">\n\t\t\t\t<div class=\"elementor-widget-container\">\n\t\t\t\t\t\t\t\t\t<div class=\"elementor-toc__header\">\n\t\t\t\t\t\t<h4 class=\"elementor-toc__header-title\">\n\t\t\t\t\u00cdndex\t\t\t<\/h4>\n\t\t\t\t\t\t\t\t\t\t<div class=\"elementor-toc__toggle-button elementor-toc__toggle-button--expand\" role=\"button\" tabindex=\"0\" aria-controls=\"elementor-toc__5626a450\" aria-expanded=\"true\" aria-label=\"Open table of contents\"><i aria-hidden=\"true\" class=\"fas fa-chevron-down\"><\/i><\/div>\n\t\t\t\t<div class=\"elementor-toc__toggle-button elementor-toc__toggle-button--collapse\" role=\"button\" tabindex=\"0\" aria-controls=\"elementor-toc__5626a450\" aria-expanded=\"true\" aria-label=\"Close table of contents\"><i aria-hidden=\"true\" class=\"fas fa-chevron-up\"><\/i><\/div>\n\t\t\t\t\t<\/div>\n\t\t\t\t<div id=\"elementor-toc__5626a450\" class=\"elementor-toc__body\">\n\t\t\t<div class=\"elementor-toc__spinner-container\">\n\t\t\t\t<i class=\"elementor-toc__spinner eicon-animation-spin eicon-loading\" aria-hidden=\"true\"><\/i>\t\t\t<\/div>\n\t\t<\/div>\n\t\t\t\t\t\t<\/div>\n\t\t\t\t<\/div>\n\t\t\t\t<div class=\"elementor-element elementor-element-4af8091d elementor-widget elementor-widget-menu-anchor\" data-id=\"4af8091d\" data-element_type=\"widget\" data-e-type=\"widget\" data-widget_type=\"menu-anchor.default\">\n\t\t\t\t<div class=\"elementor-widget-container\">\n\t\t\t\t\t\t\t<div class=\"elementor-menu-anchor\" id=\"a0101-EnlaceaunpuntodentrodelPost\"><\/div>\n\t\t\t\t\t\t<\/div>\n\t\t\t\t<\/div>\n\t\t\t\t<div class=\"elementor-element elementor-element-1a72e3b0 elementor-widget elementor-widget-spacer\" data-id=\"1a72e3b0\" data-element_type=\"widget\" data-e-type=\"widget\" data-widget_type=\"spacer.default\">\n\t\t\t\t<div class=\"elementor-widget-container\">\n\t\t\t\t\t\t\t<div class=\"elementor-spacer\">\n\t\t\t<div class=\"elementor-spacer-inner\"><\/div>\n\t\t<\/div>\n\t\t\t\t\t\t<\/div>\n\t\t\t\t<\/div>\n\t\t\t\t<div class=\"elementor-element elementor-element-4fb2aac elementor-widget elementor-widget-heading\" data-id=\"4fb2aac\" data-element_type=\"widget\" data-e-type=\"widget\" data-widget_type=\"heading.default\">\n\t\t\t\t<div class=\"elementor-widget-container\">\n\t\t\t\t\t<h2 class=\"elementor-heading-title elementor-size-default\">Pobles de Colonitzaci\u00f3 Agr\u00e0ria dels Monegres. Monegres\/Hoya de Huesca\/Comarca Central. Osca\/Saragossa<\/h2>\t\t\t\t<\/div>\n\t\t\t\t<\/div>\n\t\t\t\t<div class=\"elementor-element elementor-element-653016d4 elementor-widget elementor-widget-text-editor\" data-id=\"653016d4\" data-element_type=\"widget\" data-e-type=\"widget\" data-widget_type=\"text-editor.default\">\n\t\t\t\t<div class=\"elementor-widget-container\">\n\t\t\t\t\t\t\t\t\t<p>L&#8217;urbanisme i la creaci\u00f3 dels pobles de colonitzaci\u00f3 agr\u00e0ria que es va produir des de mitjans del segle passat, durant el franquisme, \u00e9s un tema que des de fa temps atreu el meu inter\u00e8s. Ja vaig tenir ocasi\u00f3 de mostrar-ho al post <a href=\"https:\/\/www.elturistatranquil.com\/ca\/pobles-de-colonitzacio-del-pla-badajoz\/\" target=\"_blank\" rel=\"noopener\">Pobles de Colonitzaci\u00f3 del Pla Badajoz<\/a>.<\/p><p>En aquesta ocasi\u00f3, em dirigir\u00e9 a una altra de les zones hist\u00f2ricament m\u00e9s desafavorides per les seves condicions f\u00edsic-clim\u00e0tiques m\u00e9s extremes en aridesa de la pen\u00ednsula Ib\u00e8rica. Em refereixo als <strong>Monegres<\/strong>, a les prov\u00edncies d&#8217;Osca i Saragossa.<\/p><p>Entre el 1944 i el 1957 es van programar i executar 16 nous pobles de colonitzaci\u00f3 agr\u00e0ria en aquesta zona, pels quals efectuar\u00e9 el recorregut que presento a continuaci\u00f3.<\/p>\t\t\t\t\t\t\t\t<\/div>\n\t\t\t\t<\/div>\n\t\t\t\t<div class=\"elementor-element elementor-element-63322d96 elementor-widget elementor-widget-heading\" data-id=\"63322d96\" data-element_type=\"widget\" data-e-type=\"widget\" data-widget_type=\"heading.default\">\n\t\t\t\t<div class=\"elementor-widget-container\">\n\t\t\t\t\t<h2 class=\"elementor-heading-title elementor-size-default\">El territori de colonitzaci\u00f3 agr\u00e0ria<\/h2>\t\t\t\t<\/div>\n\t\t\t\t<\/div>\n\t\t\t\t<div class=\"elementor-element elementor-element-f00b3e8 elementor-widget elementor-widget-text-editor\" data-id=\"f00b3e8\" data-element_type=\"widget\" data-e-type=\"widget\" data-widget_type=\"text-editor.default\">\n\t\t\t\t<div class=\"elementor-widget-container\">\n\t\t\t\t\t\t\t\t\t<p>Tot el programa de colonitzaci\u00f3 agr\u00e0ria durant el franquisme es va basar en la reconversi\u00f3 de terres de sec\u00e0 en regadiu, mitjan\u00e7ant la construcci\u00f3 (en molts casos finalitzaci\u00f3 d&#8217;obres iniciades abans de la Guerra Civil) d&#8217;infraestructures hidr\u00e0uliques sustentades en la creaci\u00f3 d&#8217;embassaments i la distribuci\u00f3 de l&#8217;aigua per canals i s\u00e8quies.<\/p><p>La reconversi\u00f3 d&#8217;una agricultura de sec\u00e0, aix\u00ed com de terres \u00e0rides sense cultivar, en una de regadiu, va exigir plantejar la localitzaci\u00f3 de poblats de colonitzaci\u00f3 distribu\u00efts dins de les zones regables, adaptats a un \u00fas agrari intensiu del territori. En algunes circumst\u00e0ncies es va actuar sobre localitats ja existents, on arribava el regadiu, per\u00f2 en la majoria dels casos va requerir construir nous poblats <em>ex novo<\/em>.<\/p><p>Per ajudar a integrar la seva localitzaci\u00f3, i les dist\u00e0ncies que els separa, tingueu en compte que estem parlant dels anys 1940-1960, en qu\u00e8 la unitat de mesura de dist\u00e0ncia era el \u201cm\u00f2dul carro\u201d (els tractors encara no havien arribat a Espanya), cosa que significava que el radi de terres de cultiu al voltant d&#8217;un poble era d&#8217;uns 2,5 quil\u00f2metres. Aix\u00f2 volia dir que, per cobrir tot el territori, la dist\u00e0ncia entre dos poblats havia de ser d&#8217;uns 5-6 quil\u00f2metres.<\/p><p>Si observem la posici\u00f3 de la zona dels Monegres al mapa de situaci\u00f3 del principi d&#8217;aquest text amb el conjunt de mapes que s&#8217;ofereixen al post <a href=\"https:\/\/www.elturistatranquil.com\/ca\/estructures-territorials-a-lespanya-peninsular\/\" target=\"_blank\" rel=\"noopener\">Estructures territorials a l\u2019Espanya peninsular<\/a>, podrem fer-nos una idea dels condicionants geogr\u00e0fics i hist\u00f2rics m\u00e9s rellevants en qu\u00e8 es troba emmarcats. Essencialment \u00e9s una de les zones m\u00e9s \u00e0rides de la Pen\u00ednsula.<\/p><p>Un altre dels factors importants que influir\u00e0 enormement en la seva evoluci\u00f3 futura ser\u00e0 que es van concebre exclusivament com a pobles agraris a\u00efllats en si mateixos, cosa que va neutralitzar les possibilitats de la seva evoluci\u00f3 cap a un altre tipus d&#8217;activitats productives (excepte en algun cas molt concret com el Poble Nou del Delta a Tarragona, reconvertint-se en gran mesura com a poblat tur\u00edstic). Ni agroind\u00fastria ni ind\u00fastria, ni cap altre tipus d&#8217;activitats de serveis tenen f\u00e0cil cabuda en el plantejament urban\u00edstic. Aix\u00f2 explica la perman\u00e8ncia de les formes i l&#8217;estancament\/decreixement de la poblaci\u00f3.<\/p><p>Encara que es va al\u00e7ar alguna veu dient que s&#8217;haurien de concebre amb mentalitat comarcal, la veritat \u00e9s que es va imposar exclusivament la funci\u00f3 exclusivament agr\u00e0ria a cada poble.<\/p>\t\t\t\t\t\t\t\t<\/div>\n\t\t\t\t<\/div>\n\t\t\t\t<div class=\"elementor-element elementor-element-4af5dc0c elementor-widget elementor-widget-heading\" data-id=\"4af5dc0c\" data-element_type=\"widget\" data-e-type=\"widget\" data-widget_type=\"heading.default\">\n\t\t\t\t<div class=\"elementor-widget-container\">\n\t\t\t\t\t<h5 class=\"elementor-heading-title elementor-size-default\">Les caracter\u00edstiques del terreny<\/h5>\t\t\t\t<\/div>\n\t\t\t\t<\/div>\n\t\t\t\t<div class=\"elementor-element elementor-element-60028d2 elementor-widget elementor-widget-text-editor\" data-id=\"60028d2\" data-element_type=\"widget\" data-e-type=\"widget\" data-widget_type=\"text-editor.default\">\n\t\t\t\t<div class=\"elementor-widget-container\">\n\t\t\t\t\t\t\t\t\t<p>Avan\u00e7ant l\u2019ordre de la visita, crec que pot ser interessant analitzar la maqueta sobre el territori d&#8217;actuaci\u00f3 de la colonitzaci\u00f3 agr\u00e0ria de regadiu que s&#8217;exhibeix al <strong>Centre d&#8217;Interpretaci\u00f3 de la Colonitzaci\u00f3 Agr\u00e0ria de Sodeto<\/strong>.<\/p>\t\t\t\t\t\t\t\t<\/div>\n\t\t\t\t<\/div>\n\t\t\t\t<div class=\"elementor-element elementor-element-2bbc757f elementor-widget elementor-widget-image\" data-id=\"2bbc757f\" data-element_type=\"widget\" data-e-type=\"widget\" data-widget_type=\"image.default\">\n\t\t\t\t<div class=\"elementor-widget-container\">\n\t\t\t\t\t\t\t\t\t\t\t\t<figure class=\"wp-caption\">\n\t\t\t\t\t\t\t\t\t\t<img decoding=\"async\" width=\"768\" height=\"433\" src=\"https:\/\/www.elturistatranquil.com\/wp-content\/uploads\/F04-Centro-Interpretacion-Pueblos-Colonizacion-Sodeto-Huesca.jpg\" class=\"attachment-large size-large wp-image-51018\" alt=\"Centro Interpretacion Pueblos Colonizacion, Sodeto, Huesca\" srcset=\"https:\/\/www.elturistatranquil.com\/wp-content\/uploads\/F04-Centro-Interpretacion-Pueblos-Colonizacion-Sodeto-Huesca.jpg 768w, https:\/\/www.elturistatranquil.com\/wp-content\/uploads\/F04-Centro-Interpretacion-Pueblos-Colonizacion-Sodeto-Huesca-339x191.jpg 339w\" sizes=\"(max-width: 768px) 100vw, 768px\" \/>\t\t\t\t\t\t\t\t\t\t\t<figcaption class=\"widget-image-caption wp-caption-text\"><\/figcaption>\n\t\t\t\t\t\t\t\t\t\t<\/figure>\n\t\t\t\t\t\t\t\t\t<\/div>\n\t\t\t\t<\/div>\n\t\t\t\t<div class=\"elementor-element elementor-element-1bfca29f elementor-widget elementor-widget-text-editor\" data-id=\"1bfca29f\" data-element_type=\"widget\" data-e-type=\"widget\" data-widget_type=\"text-editor.default\">\n\t\t\t\t<div class=\"elementor-widget-container\">\n\t\t\t\t\t\t\t\t\t<p>S&#8217;hi mostren les diferents actuacions que la introducci\u00f3 del regadiu ha significat per a aquestes terres.<\/p><p>Amb l&#8217;arribada del regadiu aquesta zona ha patit un canvi important en el tipus de cultius que es plantaven i es planten. Predominant avui l&#8217;arr\u00f2s, l&#8217;alfals, el blat de moro i el gira-sol.<\/p>\t\t\t\t\t\t\t\t<\/div>\n\t\t\t\t<\/div>\n\t\t\t\t<section class=\"elementor-section elementor-inner-section elementor-element elementor-element-52299ee elementor-section-boxed elementor-section-height-default elementor-section-height-default\" data-id=\"52299ee\" data-element_type=\"section\" data-e-type=\"section\">\n\t\t\t\t\t\t<div class=\"elementor-container elementor-column-gap-default\">\n\t\t\t\t\t<div class=\"elementor-column elementor-col-50 elementor-inner-column elementor-element elementor-element-091695a\" data-id=\"091695a\" data-element_type=\"column\" data-e-type=\"column\">\n\t\t\t<div class=\"elementor-widget-wrap elementor-element-populated\">\n\t\t\t\t\t\t<div class=\"elementor-element elementor-element-51f9de1 elementor-widget elementor-widget-image\" data-id=\"51f9de1\" data-element_type=\"widget\" data-e-type=\"widget\" data-widget_type=\"image.default\">\n\t\t\t\t<div class=\"elementor-widget-container\">\n\t\t\t\t\t\t\t\t\t\t\t\t<figure class=\"wp-caption\">\n\t\t\t\t\t\t\t\t\t\t<img loading=\"lazy\" decoding=\"async\" width=\"380\" height=\"214\" src=\"https:\/\/www.elturistatranquil.com\/wp-content\/uploads\/F05m-Centro-Interpretacion-Pueblos-Colonizacion-Sodeto-Huesca.jpg\" class=\"attachment-large size-large wp-image-51020\" alt=\"Centro Interpretacion Pueblos Colonizacion, Sodeto, Huesca\" srcset=\"https:\/\/www.elturistatranquil.com\/wp-content\/uploads\/F05m-Centro-Interpretacion-Pueblos-Colonizacion-Sodeto-Huesca.jpg 380w, https:\/\/www.elturistatranquil.com\/wp-content\/uploads\/F05m-Centro-Interpretacion-Pueblos-Colonizacion-Sodeto-Huesca-339x191.jpg 339w\" sizes=\"(max-width: 380px) 100vw, 380px\" \/>\t\t\t\t\t\t\t\t\t\t\t<figcaption class=\"widget-image-caption wp-caption-text\">Es tractava d'una terra \u00e0rida, amb escassa pluviositat, on els \u201ctorollones\u201d s\u00f3n un dels elements paisatg\u00edstics distintius dels Monegres<\/figcaption>\n\t\t\t\t\t\t\t\t\t\t<\/figure>\n\t\t\t\t\t\t\t\t\t<\/div>\n\t\t\t\t<\/div>\n\t\t\t\t\t<\/div>\n\t\t<\/div>\n\t\t\t\t<div class=\"elementor-column elementor-col-50 elementor-inner-column elementor-element elementor-element-fceba40\" data-id=\"fceba40\" data-element_type=\"column\" data-e-type=\"column\">\n\t\t\t<div class=\"elementor-widget-wrap elementor-element-populated\">\n\t\t\t\t\t\t<div class=\"elementor-element elementor-element-06da3d7 elementor-widget elementor-widget-image\" data-id=\"06da3d7\" data-element_type=\"widget\" data-e-type=\"widget\" data-widget_type=\"image.default\">\n\t\t\t\t<div class=\"elementor-widget-container\">\n\t\t\t\t\t\t\t\t\t\t\t\t<figure class=\"wp-caption\">\n\t\t\t\t\t\t\t\t\t\t<img loading=\"lazy\" decoding=\"async\" width=\"380\" height=\"214\" src=\"https:\/\/www.elturistatranquil.com\/wp-content\/uploads\/F05n-Centro-Interpretacion-Pueblos-Colonizacion-Sodeto-Huesca.jpg\" class=\"attachment-large size-large wp-image-51022\" alt=\"Centro Interpretacion Pueblos Colonizacion, Sodeto, Huesca\" srcset=\"https:\/\/www.elturistatranquil.com\/wp-content\/uploads\/F05n-Centro-Interpretacion-Pueblos-Colonizacion-Sodeto-Huesca.jpg 380w, https:\/\/www.elturistatranquil.com\/wp-content\/uploads\/F05n-Centro-Interpretacion-Pueblos-Colonizacion-Sodeto-Huesca-339x191.jpg 339w\" sizes=\"(max-width: 380px) 100vw, 380px\" \/>\t\t\t\t\t\t\t\t\t\t\t<figcaption class=\"widget-image-caption wp-caption-text\">Els grans embassaments es construeixen a les muntanyes, per\u00f2 propers a les zones de regadiu tamb\u00e9 es construeixen altres pantans per regular els principals canals, i per distribuir millor l'aigua<\/figcaption>\n\t\t\t\t\t\t\t\t\t\t<\/figure>\n\t\t\t\t\t\t\t\t\t<\/div>\n\t\t\t\t<\/div>\n\t\t\t\t\t<\/div>\n\t\t<\/div>\n\t\t\t\t\t<\/div>\n\t\t<\/section>\n\t\t\t\t<section class=\"elementor-section elementor-inner-section elementor-element elementor-element-64c8e0a elementor-section-boxed elementor-section-height-default elementor-section-height-default\" data-id=\"64c8e0a\" data-element_type=\"section\" data-e-type=\"section\">\n\t\t\t\t\t\t<div class=\"elementor-container elementor-column-gap-default\">\n\t\t\t\t\t<div class=\"elementor-column elementor-col-50 elementor-inner-column elementor-element elementor-element-6db379b\" data-id=\"6db379b\" data-element_type=\"column\" data-e-type=\"column\">\n\t\t\t<div class=\"elementor-widget-wrap elementor-element-populated\">\n\t\t\t\t\t\t<div class=\"elementor-element elementor-element-743370f elementor-widget elementor-widget-image\" data-id=\"743370f\" data-element_type=\"widget\" data-e-type=\"widget\" data-widget_type=\"image.default\">\n\t\t\t\t<div class=\"elementor-widget-container\">\n\t\t\t\t\t\t\t\t\t\t\t\t<figure class=\"wp-caption\">\n\t\t\t\t\t\t\t\t\t\t<img loading=\"lazy\" decoding=\"async\" width=\"380\" height=\"214\" src=\"https:\/\/www.elturistatranquil.com\/wp-content\/uploads\/F05o-Centro-Interpretacion-Pueblos-Colonizacion-Sodeto-Huesca.jpg\" class=\"attachment-large size-large wp-image-51024\" alt=\"Centro Interpretacion Pueblos Colonizacion, Sodeto, Huesca\" srcset=\"https:\/\/www.elturistatranquil.com\/wp-content\/uploads\/F05o-Centro-Interpretacion-Pueblos-Colonizacion-Sodeto-Huesca.jpg 380w, https:\/\/www.elturistatranquil.com\/wp-content\/uploads\/F05o-Centro-Interpretacion-Pueblos-Colonizacion-Sodeto-Huesca-339x191.jpg 339w\" sizes=\"(max-width: 380px) 100vw, 380px\" \/>\t\t\t\t\t\t\t\t\t\t\t<figcaption class=\"widget-image-caption wp-caption-text\">Necess\u00e0ria per a la posada en regadiu d'\u00e0mplies zones \u00e9s la realitzaci\u00f3 de grans obres hidr\u00e0uliques, com embassaments que emmagatzemen l'aigua i la xarxa de grans canals que la porten a les zones que es volen posar en reg<\/figcaption>\n\t\t\t\t\t\t\t\t\t\t<\/figure>\n\t\t\t\t\t\t\t\t\t<\/div>\n\t\t\t\t<\/div>\n\t\t\t\t\t<\/div>\n\t\t<\/div>\n\t\t\t\t<div class=\"elementor-column elementor-col-50 elementor-inner-column elementor-element elementor-element-ee4d59e\" data-id=\"ee4d59e\" data-element_type=\"column\" data-e-type=\"column\">\n\t\t\t<div class=\"elementor-widget-wrap elementor-element-populated\">\n\t\t\t\t\t\t<div class=\"elementor-element elementor-element-a0047a7 elementor-widget elementor-widget-image\" data-id=\"a0047a7\" data-element_type=\"widget\" data-e-type=\"widget\" data-widget_type=\"image.default\">\n\t\t\t\t<div class=\"elementor-widget-container\">\n\t\t\t\t\t\t\t\t\t\t\t\t<figure class=\"wp-caption\">\n\t\t\t\t\t\t\t\t\t\t<img loading=\"lazy\" decoding=\"async\" width=\"380\" height=\"214\" src=\"https:\/\/www.elturistatranquil.com\/wp-content\/uploads\/F05p-Centro-Interpretacion-Pueblos-Colonizacion-Sodeto-Huesca.jpg\" class=\"attachment-large size-large wp-image-51026\" alt=\"Centro Interpretacion Pueblos Colonizacion, Sodeto, Huesca\" srcset=\"https:\/\/www.elturistatranquil.com\/wp-content\/uploads\/F05p-Centro-Interpretacion-Pueblos-Colonizacion-Sodeto-Huesca.jpg 380w, https:\/\/www.elturistatranquil.com\/wp-content\/uploads\/F05p-Centro-Interpretacion-Pueblos-Colonizacion-Sodeto-Huesca-339x191.jpg 339w\" sizes=\"(max-width: 380px) 100vw, 380px\" \/>\t\t\t\t\t\t\t\t\t\t\t<figcaption class=\"widget-image-caption wp-caption-text\">En pocs anys el treball agr\u00edcola ha patit una important tecnificaci\u00f3, passant de llaurar les terres amb l'arada rom\u00e0 i la for\u00e7a animal, a treballar la terra amb tractors i maquin\u00e0ria altament sofisticada<\/figcaption>\n\t\t\t\t\t\t\t\t\t\t<\/figure>\n\t\t\t\t\t\t\t\t\t<\/div>\n\t\t\t\t<\/div>\n\t\t\t\t\t<\/div>\n\t\t<\/div>\n\t\t\t\t\t<\/div>\n\t\t<\/section>\n\t\t\t\t<section class=\"elementor-section elementor-inner-section elementor-element elementor-element-ef47172 elementor-section-boxed elementor-section-height-default elementor-section-height-default\" data-id=\"ef47172\" data-element_type=\"section\" data-e-type=\"section\">\n\t\t\t\t\t\t<div class=\"elementor-container elementor-column-gap-default\">\n\t\t\t\t\t<div class=\"elementor-column elementor-col-50 elementor-inner-column elementor-element elementor-element-98e951e\" data-id=\"98e951e\" data-element_type=\"column\" data-e-type=\"column\">\n\t\t\t<div class=\"elementor-widget-wrap elementor-element-populated\">\n\t\t\t\t\t\t<div class=\"elementor-element elementor-element-da79c55 elementor-widget elementor-widget-image\" data-id=\"da79c55\" data-element_type=\"widget\" data-e-type=\"widget\" data-widget_type=\"image.default\">\n\t\t\t\t<div class=\"elementor-widget-container\">\n\t\t\t\t\t\t\t\t\t\t\t\t<figure class=\"wp-caption\">\n\t\t\t\t\t\t\t\t\t\t<img loading=\"lazy\" decoding=\"async\" width=\"380\" height=\"214\" src=\"https:\/\/www.elturistatranquil.com\/wp-content\/uploads\/F05q-Centro-Interpretacion-Pueblos-Colonizacion-Sodeto-Huesca.jpg\" class=\"attachment-large size-large wp-image-51028\" alt=\"Centro Interpretacion Pueblos Colonizacion, Sodeto, Huesca\" srcset=\"https:\/\/www.elturistatranquil.com\/wp-content\/uploads\/F05q-Centro-Interpretacion-Pueblos-Colonizacion-Sodeto-Huesca.jpg 380w, https:\/\/www.elturistatranquil.com\/wp-content\/uploads\/F05q-Centro-Interpretacion-Pueblos-Colonizacion-Sodeto-Huesca-339x191.jpg 339w\" sizes=\"(max-width: 380px) 100vw, 380px\" \/>\t\t\t\t\t\t\t\t\t\t\t<figcaption class=\"widget-image-caption wp-caption-text\">Els principals cultius de sec\u00e0 s\u00f3n el blat i l'ordi. Les restes que queden despr\u00e9s de la collita a finals de primavera o principis d'estiu s\u00f3n aprofitades al camp pels bestiars o recollits i emmagatzemats per al per\u00edode hivernal<\/figcaption>\n\t\t\t\t\t\t\t\t\t\t<\/figure>\n\t\t\t\t\t\t\t\t\t<\/div>\n\t\t\t\t<\/div>\n\t\t\t\t\t<\/div>\n\t\t<\/div>\n\t\t\t\t<div class=\"elementor-column elementor-col-50 elementor-inner-column elementor-element elementor-element-7b76c27\" data-id=\"7b76c27\" data-element_type=\"column\" data-e-type=\"column\">\n\t\t\t<div class=\"elementor-widget-wrap elementor-element-populated\">\n\t\t\t\t\t\t<div class=\"elementor-element elementor-element-94cf2c6 elementor-widget elementor-widget-image\" data-id=\"94cf2c6\" data-element_type=\"widget\" data-e-type=\"widget\" data-widget_type=\"image.default\">\n\t\t\t\t<div class=\"elementor-widget-container\">\n\t\t\t\t\t\t\t\t\t\t\t\t<figure class=\"wp-caption\">\n\t\t\t\t\t\t\t\t\t\t<img loading=\"lazy\" decoding=\"async\" width=\"380\" height=\"214\" src=\"https:\/\/www.elturistatranquil.com\/wp-content\/uploads\/F05r-Centro-Interpretacion-Pueblos-Colonizacion-Sodeto-Huesca.jpg\" class=\"attachment-large size-large wp-image-51033\" alt=\"Centro Interpretacion Pueblos Colonizacion, Sodeto, Huesca\" srcset=\"https:\/\/www.elturistatranquil.com\/wp-content\/uploads\/F05r-Centro-Interpretacion-Pueblos-Colonizacion-Sodeto-Huesca.jpg 380w, https:\/\/www.elturistatranquil.com\/wp-content\/uploads\/F05r-Centro-Interpretacion-Pueblos-Colonizacion-Sodeto-Huesca-339x191.jpg 339w\" sizes=\"(max-width: 380px) 100vw, 380px\" \/>\t\t\t\t\t\t\t\t\t\t\t<figcaption class=\"widget-image-caption wp-caption-text\">Avui dia, davant de l'escassetat de l'aigua, es pret\u00e9n fer un \u00fas m\u00e9s racional d'aquest recurs. Amb ajuda de la tecnologia s'han creat nous sistemes de reg com el d'aspersi\u00f3, que substitueix el tradicional reg a manta<\/figcaption>\n\t\t\t\t\t\t\t\t\t\t<\/figure>\n\t\t\t\t\t\t\t\t\t<\/div>\n\t\t\t\t<\/div>\n\t\t\t\t\t<\/div>\n\t\t<\/div>\n\t\t\t\t\t<\/div>\n\t\t<\/section>\n\t\t\t\t<div class=\"elementor-element elementor-element-c132d70 elementor-widget elementor-widget-heading\" data-id=\"c132d70\" data-element_type=\"widget\" data-e-type=\"widget\" data-widget_type=\"heading.default\">\n\t\t\t\t<div class=\"elementor-widget-container\">\n\t\t\t\t\t<h2 class=\"elementor-heading-title elementor-size-default\">Una mica d'hist\u00f2ria<\/h2>\t\t\t\t<\/div>\n\t\t\t\t<\/div>\n\t\t\t\t<div class=\"elementor-element elementor-element-d6f2c6a elementor-widget elementor-widget-text-editor\" data-id=\"d6f2c6a\" data-element_type=\"widget\" data-e-type=\"widget\" data-widget_type=\"text-editor.default\">\n\t\t\t\t<div class=\"elementor-widget-container\">\n\t\t\t\t\t\t\t\t\t<p>Ens hem de remuntar al 1902 quan s&#8217;elabora un primer Pla General de Canals de Reg i Pantans, basat en les idees regeneracionistes de Joaqu\u00edn Costa de mitjans del segle XIX, conegut com a \u201cPla Gasset\u201d.<\/p><p>El 1939 es crea l&#8217;Institut Nacional de Colonitzaci\u00f3 (INC) i una llei de Colonitzaci\u00f3 de Grans Zones, amb esc\u00e0s \u00e8xit, mentre que el 1940 es repr\u00e8n aquest cam\u00ed de les obres hidr\u00e0uliques amb el Pla d&#8217;Obres Hidr\u00e0uliques orientat al regadiu.<\/p><p>Ser\u00e0 el 1949, per la llei de Grans Zones Regables que s&#8217;inici\u00efn els grans processos d&#8217;actuaci\u00f3 territorial, com ara el <a href=\"https:\/\/www.elturistatranquil.com\/ca\/pobles-de-colonitzacio-del-pla-badajoz\/\" target=\"_blank\" rel=\"noopener\">Pla Badajoz<\/a> o la conca de l&#8217;Ebre (B\u00e1rdenas, Monegres).<\/p><p>Per no repetir el que exposat en aquest bloc em remeto al post <a href=\"https:\/\/www.elturistatranquil.com\/ca\/assentaments-de-poblacio-programats-i-2-proces-historic-a-espanya\/\" target=\"_blank\" rel=\"noopener\">Assentaments de poblaci\u00f3 programats (i 2)<\/a>.<\/p>\t\t\t\t\t\t\t\t<\/div>\n\t\t\t\t<\/div>\n\t\t\t\t<div class=\"elementor-element elementor-element-76cbef8 elementor-widget elementor-widget-heading\" data-id=\"76cbef8\" data-element_type=\"widget\" data-e-type=\"widget\" data-widget_type=\"heading.default\">\n\t\t\t\t<div class=\"elementor-widget-container\">\n\t\t\t\t\t<h5 class=\"elementor-heading-title elementor-size-default\">Categoria administrativa<\/h5>\t\t\t\t<\/div>\n\t\t\t\t<\/div>\n\t\t\t\t<div class=\"elementor-element elementor-element-cdbb756 elementor-widget elementor-widget-text-editor\" data-id=\"cdbb756\" data-element_type=\"widget\" data-e-type=\"widget\" data-widget_type=\"text-editor.default\">\n\t\t\t\t<div class=\"elementor-widget-container\">\n\t\t\t\t\t\t\t\t\t<p>La situaci\u00f3 administrativa de tots els poblats de la zona com a <strong>pedanies<\/strong> d&#8217;un municipi comportava la irrellev\u00e0ncia del poder local i, per contrast, que sobresort\u00eds, en tots els sentits a l&#8217;\u00e8poca del nacional-catolicisme, el poder eclesi\u00e0stic, representat per una gran esgl\u00e9sia amb una, en general desproporcionada altura, de la torre-campanar. D&#8217;aquesta manera, el campanar constitu\u00efa l&#8217;element referencial de l&#8217;espai urb\u00e0 tant des de l&#8217;interior com des de l&#8217;exterior de la localitat.<\/p><p>Per tant, l&#8217;edifici municipal, i el poder administratiu sobre el poble, eren escassos i dependents del municipi central.<\/p><p>Moltes declaracions d&#8217;antics colons assenyalen que el p\u00e8rit, el majoral i el capell\u00e0 actuaven com els \u201camos\u201d del poble.<\/p>\t\t\t\t\t\t\t\t<\/div>\n\t\t\t\t<\/div>\n\t\t\t\t<div class=\"elementor-element elementor-element-4aaeb6b elementor-widget elementor-widget-heading\" data-id=\"4aaeb6b\" data-element_type=\"widget\" data-e-type=\"widget\" data-widget_type=\"heading.default\">\n\t\t\t\t<div class=\"elementor-widget-container\">\n\t\t\t\t\t<h5 class=\"elementor-heading-title elementor-size-default\">Origen dels colons i condicions d'arribada<\/h5>\t\t\t\t<\/div>\n\t\t\t\t<\/div>\n\t\t\t\t<div class=\"elementor-element elementor-element-a728ea6 elementor-widget elementor-widget-text-editor\" data-id=\"a728ea6\" data-element_type=\"widget\" data-e-type=\"widget\" data-widget_type=\"text-editor.default\">\n\t\t\t\t<div class=\"elementor-widget-container\">\n\t\t\t\t\t\t\t\t\t<p>Les fam\u00edlies dels colons tingueren proced\u00e8ncies diverses: obrers de les obres d&#8217;infraestructura; obrers de les finques expropiades; habitants dels pobles expropiats per construir els pantans i d&#8217;altres prov\u00edncies d&#8217;Espanya, especialment Andalusia i Extremadura.<\/p><p>Per ser acceptats havien de presentar bons informes de la Gu\u00e0rdia Civil i de les autoritats locals.<\/p><p>Els primers anys no tenien ni llum ni aigua, agafaven l&#8217;aigua de la s\u00e8quia.<\/p><p>Rebien la casa, una parcel\u00b7la concentrada d&#8217;unes 7 has (als darrers pobles va arribar a ser de 14 has), un hort, una euga o un matxo (en els darrers lliuraments tractors des del principi), un remolc, una vaca, algun porc, i les llavors i l&#8217;adob per poder cultivar una terra que necessitava molta feina per poder produir.<\/p><p>La pres\u00e8ncia i el seguiment de l&#8217;INC sobre cada poble l&#8217;efectuaven el <strong>majoral<\/strong>, que residia a la localitat. Per sobre, existia la figura del <strong>perit<\/strong>.<\/p><p>L&#8217;enlla\u00e7\u00a0<a href=\"http:\/\/colonizacion.losmonegros.com\/entrada.htm\" target=\"_blank\" rel=\"noopener\"><strong>Experiencias contadas por los protagonistas<\/strong><\/a>,\u00a0ofereix una informaci\u00f3 interessant sobre el proc\u00e9s d&#8217;ocupaci\u00f3 d&#8217;aquests pobles de colonitzaci\u00f3.<\/p>\t\t\t\t\t\t\t\t<\/div>\n\t\t\t\t<\/div>\n\t\t\t\t<div class=\"elementor-element elementor-element-d7d6098 elementor-widget elementor-widget-heading\" data-id=\"d7d6098\" data-element_type=\"widget\" data-e-type=\"widget\" data-widget_type=\"heading.default\">\n\t\t\t\t<div class=\"elementor-widget-container\">\n\t\t\t\t\t<h5 class=\"elementor-heading-title elementor-size-default\">Evoluci\u00f3 de la poblaci\u00f3<\/h5>\t\t\t\t<\/div>\n\t\t\t\t<\/div>\n\t\t\t\t<div class=\"elementor-element elementor-element-f10a914 elementor-widget elementor-widget-text-editor\" data-id=\"f10a914\" data-element_type=\"widget\" data-e-type=\"widget\" data-widget_type=\"text-editor.default\">\n\t\t\t\t<div class=\"elementor-widget-container\">\n\t\t\t\t\t\t\t\t\t<p>El fet d&#8217;haver estat concebuts com a unitats poblacionals monofuncionals, exclusivament dedicades a l&#8217;agricultura, ha impedit que la majoria d&#8217;aquests poblats poguessin evolucionar especialment per dues circumst\u00e0ncies: no possibilitant la introducci\u00f3 d&#8217;altres activitats productives en no tenir s\u00f2l disponible; i for\u00e7ant la sortida dels fills a mesura que volien constituir una nova fam\u00edlia, en no poder crear nous habitatges ni oferir nous treballs (la superf\u00edcie agr\u00e0ria estava totalment repartida i no hi havia possibilitat de crear llocs de treball intensius en s\u00f2l no agrari, que \u00e9s cosa que permet la ind\u00fastria i certs serveis.<\/p><p>D&#8217;altra banda, els anys de la seva concepci\u00f3 1940-1950, el treball agrari era b\u00e0sicament manual i amb tracci\u00f3 animal, per la qual cosa els lots de terra adscrits a cada fam\u00edlia estaven vinculats a les dimensions de la unitat \u201cjornal de terra\u201d. La penetraci\u00f3 de la mecanitzaci\u00f3 va trastocar aquesta dimensi\u00f3: La capacitat de superf\u00edcie d\u2019explotaci\u00f3 d\u2019una fam\u00edlia era superior al lot de qu\u00e8 disposaven. Una conseq\u00fc\u00e8ncia l\u00f2gica ha estat que molts colons van acabar venent les seves terres que eren adquirides per altres colons, cosa que els permetia augmentar la superf\u00edcie de la seva explotaci\u00f3, donant-se com a resultat un proc\u00e9s de concentraci\u00f3 de la propietat agr\u00e0ria.<\/p><p>En anar jubilant-se els colons poden haver cedit o venut les seves terres, per\u00f2 mantingut la casa com a resid\u00e8ncia, o poden haver-se traslladat a una altra localitat i mantenir l&#8217;habitatge com a resid\u00e8ncia secund\u00e0ria per a ells o per als seus fills. De la mateixa manera, els fills que hagin heretat una casa poden retenir-la com a resid\u00e8ncia secund\u00e0ria.<\/p><p>El resultat ha estat la fossilitzaci\u00f3 de la trama urbana i la p\u00e8rdua de poblaci\u00f3.<\/p><p>Nom\u00e9s <strong>Onti\u00f1ar de Salz<\/strong> ha augmentat la poblaci\u00f3 entre els anys 2000 i 2023, de 626 a 795 censats. Tots els altres han arribat a perdre fins a un 35%, com <strong>Orillena<\/strong>.<\/p>\t\t\t\t\t\t\t\t<\/div>\n\t\t\t\t<\/div>\n\t\t\t\t<div class=\"elementor-element elementor-element-7172de0 elementor-widget elementor-widget-heading\" data-id=\"7172de0\" data-element_type=\"widget\" data-e-type=\"widget\" data-widget_type=\"heading.default\">\n\t\t\t\t<div class=\"elementor-widget-container\">\n\t\t\t\t\t<h2 class=\"elementor-heading-title elementor-size-default\">Elements estructurals de la planificaci\u00f3 dels poblats<\/h2>\t\t\t\t<\/div>\n\t\t\t\t<\/div>\n\t\t\t\t<div class=\"elementor-element elementor-element-9b26744 elementor-widget elementor-widget-text-editor\" data-id=\"9b26744\" data-element_type=\"widget\" data-e-type=\"widget\" data-widget_type=\"text-editor.default\">\n\t\t\t\t<div class=\"elementor-widget-container\">\n\t\t\t\t\t\t\t\t\t<p>A les zones intervingudes es dona la conflu\u00e8ncia de dos factors geogr\u00e0fics que possibilitin la colonitzaci\u00f3 agr\u00e0ria de regadiu: la possibilitat de disposar d&#8217;aigua de cabal m\u00e9s o menys permanent al llarg de l&#8217;any, i terres de sec\u00e0 de baix rendiment o mal cultivades o ermes.<\/p><p>El tema de l&#8217;aigua es podia resoldre amb embassaments i canalitzacions.<\/p><p>La terra la podien aconseguir les administracions a partir de l&#8217;incentiu sobre els propietaris rurals i, si aquests no responien a les peticions, a la compra i, en casos extrems per\u00f2 espor\u00e0dics, les expropiacions.<\/p><p>Reunits grans lots de terreny l&#8217;Institut Nacional de Colonitzaci\u00f3 procediria al disseny i la implantaci\u00f3 de les actuacions de colonitzaci\u00f3: construint poblats i parcel\u00b7lant en lots per als colons el territori agrari circumdant als poblats.<\/p>\t\t\t\t\t\t\t\t<\/div>\n\t\t\t\t<\/div>\n\t\t\t\t<div class=\"elementor-element elementor-element-6e146665 elementor-widget elementor-widget-heading\" data-id=\"6e146665\" data-element_type=\"widget\" data-e-type=\"widget\" data-widget_type=\"heading.default\">\n\t\t\t\t<div class=\"elementor-widget-container\">\n\t\t\t\t\t<h3 class=\"elementor-heading-title elementor-size-default\">L'estructura hidrogr\u00e0fica: embassaments, canals i s\u00e8quies<\/h3>\t\t\t\t<\/div>\n\t\t\t\t<\/div>\n\t\t\t\t<div class=\"elementor-element elementor-element-11710d5 elementor-widget elementor-widget-text-editor\" data-id=\"11710d5\" data-element_type=\"widget\" data-e-type=\"widget\" data-widget_type=\"text-editor.default\">\n\t\t\t\t<div class=\"elementor-widget-container\">\n\t\t\t\t\t\t\t\t\t<p>Els rius <strong>G\u00e1llego<\/strong> i <strong>Cinca<\/strong> eren els que aportaven el suport h\u00eddric de l&#8217;actuaci\u00f3 La Violada-Monegres.<\/p><p>En blau clar, el <strong>riu G\u00e1llego<\/strong>, a l&#8217;esquerra, i el <strong>riu Cinca<\/strong>, a la dreta. Els cercles de color taronja mostren els embassaments constru\u00efts i les l\u00ednies roses els canals principals. En sentit horitzontal, unint els dos rius, el <strong>canal del Cinca<\/strong> (els trams m\u00e9s foscos representen trams subterranis de recorregut del canal). En sentit vertical, el m\u00e9s curt a l&#8217;esquerra la <strong>s\u00e8quia de la Violada<\/strong>, al centre el <strong>canal de Monegres<\/strong>, partint de l&#8217;<strong>embassament de la Sotonera<\/strong>, i, a la dreta, el <strong>canal del Flumen<\/strong>.<\/p><p>Els punts numerats de colors corresponen als pobles de colonitzaci\u00f3 creats en quatre etapes, una per color.<\/p>\t\t\t\t\t\t\t\t<\/div>\n\t\t\t\t<\/div>\n\t\t\t\t<div class=\"elementor-element elementor-element-89fc55c elementor-widget elementor-widget-image\" data-id=\"89fc55c\" data-element_type=\"widget\" data-e-type=\"widget\" data-widget_type=\"image.default\">\n\t\t\t\t<div class=\"elementor-widget-container\">\n\t\t\t\t\t\t\t\t\t\t\t\t<figure class=\"wp-caption\">\n\t\t\t\t\t\t\t\t\t\t<img loading=\"lazy\" decoding=\"async\" width=\"768\" height=\"512\" src=\"https:\/\/www.elturistatranquil.com\/wp-content\/uploads\/F06-Visita-Pueblos-Colonizacion-Monegros-sobre-Google-maps-2024-02-17.jpg\" class=\"attachment-large size-large wp-image-51035\" alt=\"Visita Pueblos Colonizacion Monegros (sobre-Google-maps-2024-02-17)\" srcset=\"https:\/\/www.elturistatranquil.com\/wp-content\/uploads\/F06-Visita-Pueblos-Colonizacion-Monegros-sobre-Google-maps-2024-02-17.jpg 768w, https:\/\/www.elturistatranquil.com\/wp-content\/uploads\/F06-Visita-Pueblos-Colonizacion-Monegros-sobre-Google-maps-2024-02-17-339x226.jpg 339w\" sizes=\"(max-width: 768px) 100vw, 768px\" \/>\t\t\t\t\t\t\t\t\t\t\t<figcaption class=\"widget-image-caption wp-caption-text\">Pobles, embassaments i canals (sobre Google maps 2024-02-17)<\/figcaption>\n\t\t\t\t\t\t\t\t\t\t<\/figure>\n\t\t\t\t\t\t\t\t\t<\/div>\n\t\t\t\t<\/div>\n\t\t\t\t<div class=\"elementor-element elementor-element-b696945 elementor-widget elementor-widget-heading\" data-id=\"b696945\" data-element_type=\"widget\" data-e-type=\"widget\" data-widget_type=\"heading.default\">\n\t\t\t\t<div class=\"elementor-widget-container\">\n\t\t\t\t\t<h3 class=\"elementor-heading-title elementor-size-default\">Les etapes de planificaci\u00f3: elecci\u00f3 dels assentaments dels poblats<\/h3>\t\t\t\t<\/div>\n\t\t\t\t<\/div>\n\t\t\t\t<div class=\"elementor-element elementor-element-27eb335 elementor-widget elementor-widget-text-editor\" data-id=\"27eb335\" data-element_type=\"widget\" data-e-type=\"widget\" data-widget_type=\"text-editor.default\">\n\t\t\t\t<div class=\"elementor-widget-container\">\n\t\t\t\t\t\t\t\t\t<p>Recolzant-se a les obres ja executades a l&#8217; <strong>embassament de la Sotonera<\/strong> i la <strong>s\u00e8quia de la Violada<\/strong>, la planificaci\u00f3 d&#8217;aquesta zona es va desenvolupar en quatre etapes, amb la creaci\u00f3 dels pobles seg\u00fcents.<\/p><p>La zona del canal de Monegres I-La Violada (1944-1952): Ontinar de Salz, El Temple, Artasona del Llano, San Jorge, Valsalada i Puilatos.<\/p><p>La zona del canal de Monegres II (1953): Frula, Montesus\u00edn i Valfonda de Santa Ana<\/p><p>La zona del canal de Monegres III (1956): Cantalobos, La Cartuja de Monegros, Orillena i San Juan del Flumen.<\/p><p>La zona del canal del Flumen (1956): Curbe, San Lorenzo del Flumen i Sodeto.<\/p>\t\t\t\t\t\t\t\t<\/div>\n\t\t\t\t<\/div>\n\t\t\t\t<div class=\"elementor-element elementor-element-b6a03a8 elementor-widget elementor-widget-image\" data-id=\"b6a03a8\" data-element_type=\"widget\" data-e-type=\"widget\" data-widget_type=\"image.default\">\n\t\t\t\t<div class=\"elementor-widget-container\">\n\t\t\t\t\t\t\t\t\t\t\t\t<figure class=\"wp-caption\">\n\t\t\t\t\t\t\t\t\t\t<img loading=\"lazy\" decoding=\"async\" width=\"546\" height=\"590\" src=\"https:\/\/www.elturistatranquil.com\/wp-content\/uploads\/F07-Proyecto-General-de-Colonizacion-de-la-zona-de-la-Violada-Alagon-65-B2.jpg\" class=\"attachment-large size-large wp-image-51037\" alt=\"Proyecto-General-de-Colonizacion-de-la-zona-de-la-Violada-Alagon-65-B2\" srcset=\"https:\/\/www.elturistatranquil.com\/wp-content\/uploads\/F07-Proyecto-General-de-Colonizacion-de-la-zona-de-la-Violada-Alagon-65-B2.jpg 546w, https:\/\/www.elturistatranquil.com\/wp-content\/uploads\/F07-Proyecto-General-de-Colonizacion-de-la-zona-de-la-Violada-Alagon-65-B2-209x226.jpg 209w\" sizes=\"(max-width: 546px) 100vw, 546px\" \/>\t\t\t\t\t\t\t\t\t\t\t<figcaption class=\"widget-image-caption wp-caption-text\">Primer Projecte General de Colonitzaci\u00f3 de la zona de la Violada-Monegres I (Font: Alag\u00f3n, 2021, p. 65)<\/figcaption>\n\t\t\t\t\t\t\t\t\t\t<\/figure>\n\t\t\t\t\t\t\t\t\t<\/div>\n\t\t\t\t<\/div>\n\t\t\t\t<div class=\"elementor-element elementor-element-8ee89e6 elementor-widget elementor-widget-image\" data-id=\"8ee89e6\" data-element_type=\"widget\" data-e-type=\"widget\" data-widget_type=\"image.default\">\n\t\t\t\t<div class=\"elementor-widget-container\">\n\t\t\t\t\t\t\t\t\t\t\t\t<figure class=\"wp-caption\">\n\t\t\t\t\t\t\t\t\t\t<img loading=\"lazy\" decoding=\"async\" width=\"562\" height=\"590\" src=\"https:\/\/www.elturistatranquil.com\/wp-content\/uploads\/F08-Proyecto-Monegros-y-Flumen-Alagon-124b.jpg\" class=\"attachment-large size-large wp-image-51039\" alt=\"Proyecto-Monegros-y-Flumen-Alagon-124b\" srcset=\"https:\/\/www.elturistatranquil.com\/wp-content\/uploads\/F08-Proyecto-Monegros-y-Flumen-Alagon-124b.jpg 562w, https:\/\/www.elturistatranquil.com\/wp-content\/uploads\/F08-Proyecto-Monegros-y-Flumen-Alagon-124b-215x226.jpg 215w\" sizes=\"(max-width: 562px) 100vw, 562px\" \/>\t\t\t\t\t\t\t\t\t\t\t<figcaption class=\"widget-image-caption wp-caption-text\">Primer projecte que cobreix les zones Monegres II i III i canal del Flumen (Font: Alag\u00f3n, 2021, p. 124)<\/figcaption>\n\t\t\t\t\t\t\t\t\t\t<\/figure>\n\t\t\t\t\t\t\t\t\t<\/div>\n\t\t\t\t<\/div>\n\t\t\t\t<div class=\"elementor-element elementor-element-1d7ec04 elementor-widget elementor-widget-heading\" data-id=\"1d7ec04\" data-element_type=\"widget\" data-e-type=\"widget\" data-widget_type=\"heading.default\">\n\t\t\t\t<div class=\"elementor-widget-container\">\n\t\t\t\t\t<h3 class=\"elementor-heading-title elementor-size-default\">Elements estructurals de la morfologia dels pobles<\/h3>\t\t\t\t<\/div>\n\t\t\t\t<\/div>\n\t\t\t\t<div class=\"elementor-element elementor-element-e07f4e5 elementor-widget elementor-widget-text-editor\" data-id=\"e07f4e5\" data-element_type=\"widget\" data-e-type=\"widget\" data-widget_type=\"text-editor.default\">\n\t\t\t\t<div class=\"elementor-widget-container\">\n\t\t\t\t\t\t\t\t\t<p>Els m\u00e9s interessants que tenen aquests pobles \u00e9s que van ser concebuts i executats completament des de zero. Assistim doncs, a llocs que a la seva estructura responen a un projecte personal d&#8217;un arquitecte seguint les directrius generals que la DGU establia a cada moment per a aquest tipus de poblats.<\/p><p>A la pr\u00e0ctica, molts van patir ampliacions, per\u00f2 sempre sota les directrius amb qu\u00e8 havien estat concebuts. Fins i tot es mant\u00e9 gaireb\u00e9 intacta la forma de les edificacions, com m\u00e9s, alterada en colors o algun enrajolat afegit.<\/p><p>En resum, encara s\u00f3n poblacions morfol\u00f2gicament en tots els sentits amb les formes pures originals. Podem considerar-los com a <strong>pobles de forma pura fossilitzada<\/strong>.<\/p><p>Ressenyem succintament els grans tra\u00e7os dels criteris urban\u00edstics aplicats en l\u2019execuci\u00f3 dels projectes.<\/p>\t\t\t\t\t\t\t\t<\/div>\n\t\t\t\t<\/div>\n\t\t\t\t<div class=\"elementor-element elementor-element-a5eeaa1 elementor-widget elementor-widget-menu-anchor\" data-id=\"a5eeaa1\" data-element_type=\"widget\" data-e-type=\"widget\" data-widget_type=\"menu-anchor.default\">\n\t\t\t\t<div class=\"elementor-widget-container\">\n\t\t\t\t\t\t\t<div class=\"elementor-menu-anchor\" id=\"070\"><\/div>\n\t\t\t\t\t\t<\/div>\n\t\t\t\t<\/div>\n\t\t\t\t<div class=\"elementor-element elementor-element-f968d69 elementor-widget elementor-widget-heading\" data-id=\"f968d69\" data-element_type=\"widget\" data-e-type=\"widget\" data-widget_type=\"heading.default\">\n\t\t\t\t<div class=\"elementor-widget-container\">\n\t\t\t\t\t<h5 class=\"elementor-heading-title elementor-size-default\">Les unitats de planificaci\u00f3 urbana<\/h5>\t\t\t\t<\/div>\n\t\t\t\t<\/div>\n\t\t\t\t<div class=\"elementor-element elementor-element-44a39f2 elementor-widget elementor-widget-text-editor\" data-id=\"44a39f2\" data-element_type=\"widget\" data-e-type=\"widget\" data-widget_type=\"text-editor.default\">\n\t\t\t\t<div class=\"elementor-widget-container\">\n\t\t\t\t\t\t\t\t\t<p>El primer que s\u2019observa \u00e9s l\u2019evoluci\u00f3 des de la cl\u00e0ssica figura ortogonal cap a la combinaci\u00f3 d\u2019un mostrari de models d\u2019unitat de planificaci\u00f3 urbana de formes diverses, aplicades segons criteri de l\u2019arquitecte projectista com si fos un puzle.<\/p><p>La combinaci\u00f3 d&#8217;aquest mostrari tindria com un dels seus objectius superar la \u201cmonotonia\u201d del model ortogonal aplicat a les noves poblacions dels segles anteriors.<\/p><p>Les seg\u00fcents s\u00f3n les formes b\u00e0siques d&#8217;unitat de planificaci\u00f3 que he detectat.<\/p>\t\t\t\t\t\t\t\t<\/div>\n\t\t\t\t<\/div>\n\t\t\t\t<div class=\"elementor-element elementor-element-3f5f363 elementor-widget elementor-widget-image\" data-id=\"3f5f363\" data-element_type=\"widget\" data-e-type=\"widget\" data-widget_type=\"image.default\">\n\t\t\t\t<div class=\"elementor-widget-container\">\n\t\t\t\t\t\t\t\t\t\t\t\t<figure class=\"wp-caption\">\n\t\t\t\t\t\t\t\t\t\t<img loading=\"lazy\" decoding=\"async\" width=\"768\" height=\"513\" src=\"https:\/\/www.elturistatranquil.com\/wp-content\/uploads\/F09-modulos-de-planificacion.jpg\" class=\"attachment-large size-large wp-image-51041\" alt=\"modulos de planificacion\" srcset=\"https:\/\/www.elturistatranquil.com\/wp-content\/uploads\/F09-modulos-de-planificacion.jpg 768w, https:\/\/www.elturistatranquil.com\/wp-content\/uploads\/F09-modulos-de-planificacion-339x226.jpg 339w\" sizes=\"(max-width: 768px) 100vw, 768px\" \/>\t\t\t\t\t\t\t\t\t\t\t<figcaption class=\"widget-image-caption wp-caption-text\"><\/figcaption>\n\t\t\t\t\t\t\t\t\t\t<\/figure>\n\t\t\t\t\t\t\t\t\t<\/div>\n\t\t\t\t<\/div>\n\t\t\t\t<div class=\"elementor-element elementor-element-432f6f8 elementor-widget elementor-widget-text-editor\" data-id=\"432f6f8\" data-element_type=\"widget\" data-e-type=\"widget\" data-widget_type=\"text-editor.default\">\n\t\t\t\t<div class=\"elementor-widget-container\">\n\t\t\t\t\t\t\t\t\t<p>Encara que per la localitzaci\u00f3 d&#8217;aquests poblats en zones de regadiu els terrenys a urbanitzar tendien a ser plans, com tamb\u00e9 es buscava que fossin els que menys perjudiqu\u00e9s l&#8217;\u00fas agrari, certs turons i terrenys pendents van ser els elegits. La morfologia tamb\u00e9 influiria en l&#8217;elecci\u00f3 del model. Un tur\u00f3 podia propiciar una forma trapezoidal circular. (Sodeto o <a href=\"https:\/\/www.elturistatranquil.com\/ca\/pobles-de-colonitzacio-del-pla-badajoz\/#c3419\" target=\"_blank\" rel=\"noopener\">Guadajira<\/a>).<\/p>\t\t\t\t\t\t\t\t<\/div>\n\t\t\t\t<\/div>\n\t\t\t\t<div class=\"elementor-element elementor-element-49d5b67 elementor-widget elementor-widget-heading\" data-id=\"49d5b67\" data-element_type=\"widget\" data-e-type=\"widget\" data-widget_type=\"heading.default\">\n\t\t\t\t<div class=\"elementor-widget-container\">\n\t\t\t\t\t<h5 class=\"elementor-heading-title elementor-size-default\">Pobles amb pla\u00e7a Major de concentraci\u00f3 simb\u00f2lica de poders civil i eclesi\u00e0stic i de serveis<\/h5>\t\t\t\t<\/div>\n\t\t\t\t<\/div>\n\t\t\t\t<div class=\"elementor-element elementor-element-d3119de elementor-widget elementor-widget-text-editor\" data-id=\"d3119de\" data-element_type=\"widget\" data-e-type=\"widget\" data-widget_type=\"text-editor.default\">\n\t\t\t\t<div class=\"elementor-widget-container\">\n\t\t\t\t\t\t\t\t\t<p>El seg\u00fcent criteri general va ser que, seguint la tradici\u00f3 castellana, tots els pobles havia de quedar articulats sobre una pla\u00e7a central, on s&#8217;havien de reunir els centres simb\u00f2lics de poder -civil i eclesi\u00e0stic-, aix\u00ed com els serveis. Algunes de les activitats de serveis podien localitzar-se a altres parts del poblat.<\/p><p>El que \u00e9s interessant \u00e9s con\u00e8ixer el conjunt d&#8217;edificacions que s&#8217;hi van pensar. Algunes s\u00f3n sempre presents, d&#8217;altres variaven dels uns als altres.<\/p><p>Entre les constants tenim: habitatges de colons i obrers agr\u00edcoles; ajuntament; esgl\u00e9sia i casa rectoral; escoles i habitatges de mestres; consultori m\u00e8dic i casa del metge; locals comercials (fleca, etc.) i habitatges d&#8217;artesans.<\/p><p>Entre les variables: centre c\u00edvic-llar social; germandat sindical; casa-magatzem sindical; centre cooperatiu; cementiri; locals d&#8217;Acci\u00f3 Cat\u00f2lica; llars rurals per al Frente de Juventudes i la Secci\u00f3n Femenina de Falange, aix\u00ed com camps d&#8217;esports amb vestuari.<\/p>\t\t\t\t\t\t\t\t<\/div>\n\t\t\t\t<\/div>\n\t\t\t\t<div class=\"elementor-element elementor-element-705e0ad elementor-widget elementor-widget-heading\" data-id=\"705e0ad\" data-element_type=\"widget\" data-e-type=\"widget\" data-widget_type=\"heading.default\">\n\t\t\t\t<div class=\"elementor-widget-container\">\n\t\t\t\t\t<h5 class=\"elementor-heading-title elementor-size-default\">Els eixos articuladors de la trama urbana i la tipologia de carrers<\/h5>\t\t\t\t<\/div>\n\t\t\t\t<\/div>\n\t\t\t\t<div class=\"elementor-element elementor-element-9b34263 elementor-widget elementor-widget-text-editor\" data-id=\"9b34263\" data-element_type=\"widget\" data-e-type=\"widget\" data-widget_type=\"text-editor.default\">\n\t\t\t\t<div class=\"elementor-widget-container\">\n\t\t\t\t\t\t\t\t\t<p>El conjunt del poblat s&#8217;articulava sobre uns grans eixos que havien de convergir a la pla\u00e7a Major.<\/p><p>Es volia evitar l&#8217;exist\u00e8ncia de carrer continu llarg per fugir de la sensaci\u00f3 de nucli de ciutat, creant un ambient m\u00e9s tancat que potenci\u00e9s els valors de poble.<\/p><p>Per aix\u00f2, veurem que, per exemple, un eix rectilini en un pla ortogonal, en arribar a la pla\u00e7a major trenca la continu\u00eftat, de manera que els dos costats es tanquin sobre la pla\u00e7a i no se&#8217;n prolongui la continu\u00eftat visual. Ho veurem, per exemple, a Frula.<\/p><p>La converg\u00e8ncia sobre la pla\u00e7a havia de ressaltar el punt dominant de la localitat, singularment la torre de l\u2019esgl\u00e9sia. Veurem com, per exemple, a Sant Joan del Flumen, la torre de l\u00b4esgl\u00e9sia es construeix exempta respecte al temple i aix\u00ed coincideixi amb l\u00b4eix del carrer d\u00b4entrada al poble.<\/p><p>Els carrers es dissenyen d\u2019acord amb quatre models, quatre peces m\u00e9s de l\u2019ordre urban\u00edstic que s\u2019apliquen segons criteri de l\u2019arquitecte.<\/p><p><strong>Carrers mixtes o compartits<\/strong>, els m\u00e9s comuns, per a \u00fas de vianants i carruatges.<\/p><p><strong>Carrers segregats<\/strong>, aquells destinats a un sol \u00fas, per als vianants o per a carros. Pels vianants s&#8217;accedeix a l&#8217;entrada dels habitatges i els de carros seran d&#8217;\u00fas exclusivament d&#8217;acc\u00e9s al corral amb funci\u00f3 agr\u00e0ria.<\/p><p><strong>Passatges<\/strong>, que divideixen les illes, als quals no s&#8217;hi accedeix des de cap habitatge. En alguns casos nom\u00e9s s\u00f3n per a vianants.<\/p><p>Els principals carrers acostumen a tenir una amplada d&#8217;uns 10 metres, amb voreres i preparaci\u00f3 per arbrat.<\/p><p>Els carrers secundaris, que poden tenir una amplada menor, d&#8217;uns 8 metres, poden no estar preparats per contenir arbrat.<\/p>\t\t\t\t\t\t\t\t<\/div>\n\t\t\t\t<\/div>\n\t\t\t\t<div class=\"elementor-element elementor-element-a263866 elementor-widget elementor-widget-heading\" data-id=\"a263866\" data-element_type=\"widget\" data-e-type=\"widget\" data-widget_type=\"heading.default\">\n\t\t\t\t<div class=\"elementor-widget-container\">\n\t\t\t\t\t<h5 class=\"elementor-heading-title elementor-size-default\">Els carrers i les illes de cases<\/h5>\t\t\t\t<\/div>\n\t\t\t\t<\/div>\n\t\t\t\t<div class=\"elementor-element elementor-element-a55e05c elementor-widget elementor-widget-text-editor\" data-id=\"a55e05c\" data-element_type=\"widget\" data-e-type=\"widget\" data-widget_type=\"text-editor.default\">\n\t\t\t\t<div class=\"elementor-widget-container\">\n\t\t\t\t\t\t\t\t\t<p>El tra\u00e7at de carrers delimita les <strong>illes<\/strong> on s&#8217;agrupen les parcel\u00b7les de resid\u00e8ncia dels colons i obrers.<\/p><p>La forma de les illes ser\u00e0 extremadament variada i s&#8217;adaptar\u00e0 als models d&#8217;urbanitzaci\u00f3 que s&#8217;hagin aplicat en cada cas.<\/p><p>Les illes visualitzaran el tra\u00e7at dels carrers i, segons la forma, for\u00e7aran el pl\u00e0nol de la parcel\u00b7la.<\/p><p>Podrem trobar dos tipus d&#8217;illa: <strong>illes tancades<\/strong>, aquelles que presenten l&#8217;entrada als habitatges al costat de l&#8217;entrada al corral pels quatre costats de l\u2019illa, o per dos costats oposats; i <strong>illes obertes<\/strong>, aquelles amb les entrades als habitatges a un costat i les entrades al corral per l&#8217;oposat o pels laterals cantoners.<\/p><p>La disposici\u00f3 de la seq\u00fc\u00e8ncia de cases a cada lateral d&#8217;illa donar\u00e0 lloc a tipus diferenciats de morfologia. Els arquitectes jugaran amb la combinat\u00f2ria de tipologies de parcel\u00b7la i forma de fa\u00e7ana de la casa per procurar introduir elements de diversificaci\u00f3 que trenquin amb la monotonia. Poden introduir <strong>variacions aleat\u00f2ries<\/strong> de fa\u00e7anes, o optar per la repetici\u00f3 als costats d&#8217;illa de <strong>cases adossades<\/strong> o cases <strong>aparellades<\/strong>, com veurem a continuaci\u00f3.<\/p>\t\t\t\t\t\t\t\t<\/div>\n\t\t\t\t<\/div>\n\t\t\t\t<div class=\"elementor-element elementor-element-7ba1ec4 elementor-widget elementor-widget-heading\" data-id=\"7ba1ec4\" data-element_type=\"widget\" data-e-type=\"widget\" data-widget_type=\"heading.default\">\n\t\t\t\t<div class=\"elementor-widget-container\">\n\t\t\t\t\t<h5 class=\"elementor-heading-title elementor-size-default\">Les parcel\u00b7les residencials a l'illa<\/h5>\t\t\t\t<\/div>\n\t\t\t\t<\/div>\n\t\t\t\t<div class=\"elementor-element elementor-element-8126c26 elementor-widget elementor-widget-text-editor\" data-id=\"8126c26\" data-element_type=\"widget\" data-e-type=\"widget\" data-widget_type=\"text-editor.default\">\n\t\t\t\t<div class=\"elementor-widget-container\">\n\t\t\t\t\t\t\t\t\t<p>Les illes contenen, gaireb\u00e9 exclusivament, parcel\u00b7les per a allotjament dels colons o obrers.<\/p><p>Els <strong>colons<\/strong> s\u00f3n aquelles fam\u00edlies a les quals se&#8217;ls ha atribu\u00eft una parcel\u00b7la per a l&#8217;habitatge al poblat i un lot de terra per al seu cultiu als voltants del poble. Per tant, la parcel\u00b7la estava destinada a acollir: l&#8217;habitatge, el corral i les depend\u00e8ncies agr\u00edcoles (quadra, emmagatzematge, eines i animals de corral). Per aix\u00f2 havien de tenir dues entrades, una a l&#8217;habitatge i una portalada per a l&#8217;entrada del carro, els animals i la resta de funcions agr\u00e0ries.<\/p><p>Tamb\u00e9 es van construir cases per a <strong>obrers agr\u00edcoles<\/strong>, que no tenien terres, i que estaven al servei fonamentalment de les explotacions agr\u00e0ries dels voltants. Les seves cases es diferenciaven essencialment que nom\u00e9s necessitaven l\u2019habitatge i potser un petit pati; per tant, una sola entrada.<\/p><p>La forma b\u00e0sica de la parcel\u00b7la era rectangular amb unes dimensions est\u00e0ndard d\u2019uns 15 metres d&#8217;amplada per 28 metres de llargada, cosa que donaria una superf\u00edcie d&#8217;uns 420 m2. Amb el temps, i a causa de la introducci\u00f3 de maquin\u00e0ria, van arribar a ser de 600 m2.<\/p><p>La forma rectangular deriva en un lleuger trapezi circular quan s&#8217;han d&#8217;adaptar a illes corbes.<\/p>\t\t\t\t\t\t\t\t<\/div>\n\t\t\t\t<\/div>\n\t\t\t\t<div class=\"elementor-element elementor-element-df10ba1 elementor-widget elementor-widget-menu-anchor\" data-id=\"df10ba1\" data-element_type=\"widget\" data-e-type=\"widget\" data-widget_type=\"menu-anchor.default\">\n\t\t\t\t<div class=\"elementor-widget-container\">\n\t\t\t\t\t\t\t<div class=\"elementor-menu-anchor\" id=\"a010\"><\/div>\n\t\t\t\t\t\t<\/div>\n\t\t\t\t<\/div>\n\t\t\t\t<div class=\"elementor-element elementor-element-02c8117 elementor-widget elementor-widget-heading\" data-id=\"02c8117\" data-element_type=\"widget\" data-e-type=\"widget\" data-widget_type=\"heading.default\">\n\t\t\t\t<div class=\"elementor-widget-container\">\n\t\t\t\t\t<h5 class=\"elementor-heading-title elementor-size-default\">Els models de disposici\u00f3 de la casa a la parcel\u00b7la<\/h5>\t\t\t\t<\/div>\n\t\t\t\t<\/div>\n\t\t\t\t<div class=\"elementor-element elementor-element-87322ff elementor-widget elementor-widget-text-editor\" data-id=\"87322ff\" data-element_type=\"widget\" data-e-type=\"widget\" data-widget_type=\"text-editor.default\">\n\t\t\t\t<div class=\"elementor-widget-container\">\n\t\t\t\t\t\t\t\t\t<p>En dissenyar un poble nou \u00edntegrament i en un sol moment, els arquitectes es van enfrontar al problema de la monotonia. Per aix\u00f2 van optar, en general, de dissenyar tres o quatre models de cases per a cada poblat, i combinar-les al tra\u00e7at d&#8217;un carrer i variant d&#8217;un carrer a un altre.<\/p><p>Un dels elements diferenciadors va ser la disposici\u00f3 de les entrades: els dos accessos a la fa\u00e7ana principal, o les entrades pels dos extrems de la parcel\u00b7la, amb la portalada per la part posterior.<\/p><p>Aquests serien els models b\u00e0sics de distribuci\u00f3 dels \u00e0mbits a la parcel\u00b7la, representant en negre l&#8217;habitatge, en blanc el corral i en ratllat les depend\u00e8ncies agr\u00edcoles (que podien disposar-se de diferents maneres dins de l&#8217;espai del corral). La fletxa negra representa l\u2019entrada a l\u2019habitatge i la vermella la portalada.<\/p><p>Al model (<strong>A1<\/strong> i <strong>A2<\/strong>) l&#8217;habitatge ocupa una part de la fa\u00e7ana a un o dos nivells, i al costat un mur amb la porta del corral. Aquest model va ser una dels m\u00e9s aplicats. Adequat per a illes tancades.<\/p><p>Els models (<strong>B<\/strong>, <strong>C<\/strong> i <strong>D<\/strong>) representen cases que ocupen tota la fa\u00e7ana.<\/p><p>La (<strong>B2<\/strong>) de dos nivells. Adequat per a illes tancades.<\/p><p>A les (<strong>C1<\/strong>, <strong>C2<\/strong>) les dues entrades es col\u00b7loquen als carrers oposats; en el cas de cases cantoneres, l&#8217;entrada es pot col\u00b7locar en un lateral. Tamb\u00e9 aquest model va ser dels m\u00e9s aplicats. A m\u00e9s, permetia dissenyar carrers segregats i illes obertes.<\/p><p>Al model (<strong>D2<\/strong>), sota un doble nivell, una entrada \u00fanica amb un porxo que dona acc\u00e9s a l&#8217;habitatge i, al fons, al corral. Va ser un dels menys utilitzats. Adequat per a illes tancades.<\/p>\t\t\t\t\t\t\t\t<\/div>\n\t\t\t\t<\/div>\n\t\t\t\t<div class=\"elementor-element elementor-element-44b00ae elementor-widget elementor-widget-image\" data-id=\"44b00ae\" data-element_type=\"widget\" data-e-type=\"widget\" data-widget_type=\"image.default\">\n\t\t\t\t<div class=\"elementor-widget-container\">\n\t\t\t\t\t\t\t\t\t\t\t\t<figure class=\"wp-caption\">\n\t\t\t\t\t\t\t\t\t\t<img loading=\"lazy\" decoding=\"async\" width=\"768\" height=\"512\" src=\"https:\/\/www.elturistatranquil.com\/wp-content\/uploads\/F10-relacion-casa-parcela-E2.jpg\" class=\"attachment-large size-large wp-image-51046\" alt=\"relaci\u00f3n-casa-parcela-E2\" srcset=\"https:\/\/www.elturistatranquil.com\/wp-content\/uploads\/F10-relacion-casa-parcela-E2.jpg 768w, https:\/\/www.elturistatranquil.com\/wp-content\/uploads\/F10-relacion-casa-parcela-E2-339x226.jpg 339w\" sizes=\"(max-width: 768px) 100vw, 768px\" \/>\t\t\t\t\t\t\t\t\t\t\t<figcaption class=\"widget-image-caption wp-caption-text\"><\/figcaption>\n\t\t\t\t\t\t\t\t\t\t<\/figure>\n\t\t\t\t\t\t\t\t\t<\/div>\n\t\t\t\t<\/div>\n\t\t\t\t<div class=\"elementor-element elementor-element-13e6ede elementor-widget elementor-widget-text-editor\" data-id=\"13e6ede\" data-element_type=\"widget\" data-e-type=\"widget\" data-widget_type=\"text-editor.default\">\n\t\t\t\t<div class=\"elementor-widget-container\">\n\t\t\t\t\t\t\t\t\t<p>Dissenyar cases d&#8217;una o de dues plantes permetia introduir variacions de volumetria als laterals del carrer.<\/p><p>Cada model de casa s&#8217;adaptava a les necessitats del nombre de membres de la fam\u00edlia o de les seves perspectives de creixement. Tamb\u00e9, per a cada model, podien dissenyar-se plantes d&#8217;habitatge diferents, per a diferents nombres de components de la fam\u00edlia, i fins i tot amb previsi\u00f3 d&#8217;ampliaci\u00f3.<\/p><p>Les cases dels obrers respondrien al model (<strong>C1<\/strong>) d&#8217;una sola planta, per\u00f2 sense corral ni depend\u00e8ncies agr\u00edcoles, potser un petit pati.<\/p>\t\t\t\t\t\t\t\t<\/div>\n\t\t\t\t<\/div>\n\t\t\t\t<div class=\"elementor-element elementor-element-e8f6db4 elementor-widget elementor-widget-heading\" data-id=\"e8f6db4\" data-element_type=\"widget\" data-e-type=\"widget\" data-widget_type=\"heading.default\">\n\t\t\t\t<div class=\"elementor-widget-container\">\n\t\t\t\t\t<h5 class=\"elementor-heading-title elementor-size-default\">La disposici\u00f3 de les cases a l'illa<\/h5>\t\t\t\t<\/div>\n\t\t\t\t<\/div>\n\t\t\t\t<div class=\"elementor-element elementor-element-13765cb elementor-widget elementor-widget-text-editor\" data-id=\"13765cb\" data-element_type=\"widget\" data-e-type=\"widget\" data-widget_type=\"text-editor.default\">\n\t\t\t\t<div class=\"elementor-widget-container\">\n\t\t\t\t\t\t\t\t\t<p>A l&#8217;hora d&#8217;acoblar cada casa a l&#8217;illa es podia executar b\u00e9 combinant m\u00e9s o menys aleat\u00f2riament els models o seguint una certa pauta de repetici\u00f3 per a cada tram de lateral d&#8217;illa. Una forma combinat\u00f2ria era la de repetir el mateix model de casa-fa\u00e7ana individual <strong>adossada<\/strong> (<strong>M<\/strong>), o repetint-la disposades de forma <strong>aparellada<\/strong> (<strong>N<\/strong>).<\/p>\t\t\t\t\t\t\t\t<\/div>\n\t\t\t\t<\/div>\n\t\t\t\t<div class=\"elementor-element elementor-element-03f26c3 elementor-widget elementor-widget-image\" data-id=\"03f26c3\" data-element_type=\"widget\" data-e-type=\"widget\" data-widget_type=\"image.default\">\n\t\t\t\t<div class=\"elementor-widget-container\">\n\t\t\t\t\t\t\t\t\t\t\t\t<figure class=\"wp-caption\">\n\t\t\t\t\t\t\t\t\t\t<img loading=\"lazy\" decoding=\"async\" width=\"768\" height=\"512\" src=\"https:\/\/www.elturistatranquil.com\/wp-content\/uploads\/F11m-Repeticion-adosada.jpg\" class=\"attachment-large size-large wp-image-51048\" alt=\"Repeticion-adosada\" srcset=\"https:\/\/www.elturistatranquil.com\/wp-content\/uploads\/F11m-Repeticion-adosada.jpg 768w, https:\/\/www.elturistatranquil.com\/wp-content\/uploads\/F11m-Repeticion-adosada-339x226.jpg 339w\" sizes=\"(max-width: 768px) 100vw, 768px\" \/>\t\t\t\t\t\t\t\t\t\t\t<figcaption class=\"widget-image-caption wp-caption-text\">Repetici\u00f3 adossada (M)<\/figcaption>\n\t\t\t\t\t\t\t\t\t\t<\/figure>\n\t\t\t\t\t\t\t\t\t<\/div>\n\t\t\t\t<\/div>\n\t\t\t\t<div class=\"elementor-element elementor-element-fa388df elementor-widget elementor-widget-image\" data-id=\"fa388df\" data-element_type=\"widget\" data-e-type=\"widget\" data-widget_type=\"image.default\">\n\t\t\t\t<div class=\"elementor-widget-container\">\n\t\t\t\t\t\t\t\t\t\t\t\t<figure class=\"wp-caption\">\n\t\t\t\t\t\t\t\t\t\t<img loading=\"lazy\" decoding=\"async\" width=\"768\" height=\"512\" src=\"https:\/\/www.elturistatranquil.com\/wp-content\/uploads\/F11n-Repeticion-pareada.jpg\" class=\"attachment-large size-large wp-image-51050\" alt=\"Repeticion-pareada\" srcset=\"https:\/\/www.elturistatranquil.com\/wp-content\/uploads\/F11n-Repeticion-pareada.jpg 768w, https:\/\/www.elturistatranquil.com\/wp-content\/uploads\/F11n-Repeticion-pareada-339x226.jpg 339w\" sizes=\"(max-width: 768px) 100vw, 768px\" \/>\t\t\t\t\t\t\t\t\t\t\t<figcaption class=\"widget-image-caption wp-caption-text\">Repetici\u00f3 aparellada (N)<\/figcaption>\n\t\t\t\t\t\t\t\t\t\t<\/figure>\n\t\t\t\t\t\t\t\t\t<\/div>\n\t\t\t\t<\/div>\n\t\t\t\t<div class=\"elementor-element elementor-element-8a057d0 elementor-widget elementor-widget-text-editor\" data-id=\"8a057d0\" data-element_type=\"widget\" data-e-type=\"widget\" data-widget_type=\"text-editor.default\">\n\t\t\t\t<div class=\"elementor-widget-container\">\n\t\t\t\t\t\t\t\t\t<p>Evidentment, les formes arquitect\u00f2niques de les fa\u00e7anes variaven segons l&#8217;arquitecte, la localitat, i fins i tot dins d&#8217;una localitat, adoptant tres o quatre models, per\u00f2 sempre seguint l&#8217;estructura b\u00e0sica del pla. Per exemple, en alguns projectes es va rec\u00f3rrer a introduir difer\u00e8ncies de materials a les fa\u00e7anes per donar m\u00e9s personalitzaci\u00f3 a cada habitatge, o incorporar p\u00f2rtics a la porta d&#8217;entrada.<\/p><p>Amb aquests elements, cada arquitecte va jugar a la combinat\u00f2ria que li va semblar m\u00e9s oportuna.<\/p>\t\t\t\t\t\t\t\t<\/div>\n\t\t\t\t<\/div>\n\t\t\t\t<div class=\"elementor-element elementor-element-00215a6 elementor-widget elementor-widget-heading\" data-id=\"00215a6\" data-element_type=\"widget\" data-e-type=\"widget\" data-widget_type=\"heading.default\">\n\t\t\t\t<div class=\"elementor-widget-container\">\n\t\t\t\t\t<h5 class=\"elementor-heading-title elementor-size-default\">Els materials de construcci\u00f3<\/h5>\t\t\t\t<\/div>\n\t\t\t\t<\/div>\n\t\t\t\t<div class=\"elementor-element elementor-element-595c022 elementor-widget elementor-widget-text-editor\" data-id=\"595c022\" data-element_type=\"widget\" data-e-type=\"widget\" data-widget_type=\"text-editor.default\">\n\t\t\t\t<div class=\"elementor-widget-container\">\n\t\t\t\t\t\t\t\t\t<p>Observem que els materials de construcci\u00f3 aplicats s&#8217;adapten als materials propis de la zona (pedra o ma\u00f3 vistos, revocats en general blanquejats) i tamb\u00e9 els arquitectes van fer un esfor\u00e7 per entroncar amb l&#8217;arquitectura tradicional de cada zona (pobles blancs a zones m\u00e9s meridionals).<\/p><p>Crec que, amb aquest succint rep\u00e0s als aspectes diferencials clau del model urban\u00edstic propiciat per el <strong>Instituto Nacional de Colonizaci\u00f3n<\/strong>, disposem d&#8217;un instrumental per saber mirar i entendre una mica millor cadascun dels pobles que visitem.<\/p><p>Per\u00f2 abans, aturem-nos al <strong>Centre d&#8217;Interpretaci\u00f3 de Sodeto<\/strong>, que ens aportar\u00e0 una mica m\u00e9s d&#8217;informaci\u00f3 complement\u00e0ria.<\/p>\t\t\t\t\t\t\t\t<\/div>\n\t\t\t\t<\/div>\n\t\t\t\t<div class=\"elementor-element elementor-element-f650902 elementor-widget elementor-widget-heading\" data-id=\"f650902\" data-element_type=\"widget\" data-e-type=\"widget\" data-widget_type=\"heading.default\">\n\t\t\t\t<div class=\"elementor-widget-container\">\n\t\t\t\t\t<h2 class=\"elementor-heading-title elementor-size-default\">Centro de Interpretaci\u00f3n de la Colonizaci\u00f3n Agraria en Espa\u00f1a de Sodeto<\/h2>\t\t\t\t<\/div>\n\t\t\t\t<\/div>\n\t\t\t\t<div class=\"elementor-element elementor-element-f57c5a1 elementor-widget elementor-widget-text-editor\" data-id=\"f57c5a1\" data-element_type=\"widget\" data-e-type=\"widget\" data-widget_type=\"text-editor.default\">\n\t\t\t\t<div class=\"elementor-widget-container\">\n\t\t\t\t\t\t\t\t\t<p>A <strong>Sodeto<\/strong> (<strong>I<\/strong>), el darrer poble del meu recorregut, hi ha el <a href=\"http:\/\/colonizacion.losmonegros.com\/\" target=\"_blank\" rel=\"noopener\"><strong>Centre d&#8217;Interpretaci\u00f3 de la Colonitzaci\u00f3 Agr\u00e0ria a Espanya<\/strong><\/a>.<\/p><p>Es va donar la circumst\u00e0ncia que el vaig poder visitar en el moment en qu\u00e8 em trobava a la localitat. Conchi, l&#8217;actual alcaldessa ped\u00e0nia i la Rosa, l&#8217;anterior alcaldessa ped\u00e0nia, em van facilitar l&#8217;acc\u00e9s i vaig poder mantenir-hi una interessant conversa molt il\u00b7lustrativa.<\/p><p>Em sembla convenient avan\u00e7ar la presentaci\u00f3 del Centre al moment cronol\u00f2gic de la visita, ja que va ser gaireb\u00e9 l&#8217;\u00faltima visitada, perqu\u00e8 del seu recorregut podem obtenir observacions que ens ajudin en la interpretaci\u00f3 del recorregut pels pobles.<\/p><p>A Centre s&#8217;ubica a la casa de l&#8217;antic majoral de la localitat. L\u00b4habitatge \u00e9s id\u00e8ntic als altres de l\u00b4illa. Per adaptar-la a museu, es va construir l&#8217;edificaci\u00f3 del lateral interior del corral, ubicant les sales d&#8217;exposici\u00f3.<\/p><p>(Advertiment: Tindrem un problema de reflexos d&#8217;il\u00b7luminaci\u00f3 a les fotografies sobre panells. En alguns casos es va intentar resoldre fent les fotografies en escor\u00e7, en altres va ser impossible. Ho lamento.)<\/p>\t\t\t\t\t\t\t\t<\/div>\n\t\t\t\t<\/div>\n\t\t\t\t<div class=\"elementor-element elementor-element-3aa0336 elementor-widget elementor-widget-image\" data-id=\"3aa0336\" data-element_type=\"widget\" data-e-type=\"widget\" data-widget_type=\"image.default\">\n\t\t\t\t<div class=\"elementor-widget-container\">\n\t\t\t\t\t\t\t\t\t\t\t\t<figure class=\"wp-caption\">\n\t\t\t\t\t\t\t\t\t\t<img loading=\"lazy\" decoding=\"async\" width=\"768\" height=\"516\" src=\"https:\/\/www.elturistatranquil.com\/wp-content\/uploads\/F12-Centro-Interpretacion-Pueblos-Colonizacion-Sodeto-Huesca.jpg\" class=\"attachment-large size-large wp-image-51052\" alt=\"Centro Interpretacion Pueblos Colonizacion, Sodeto, Huesca\" srcset=\"https:\/\/www.elturistatranquil.com\/wp-content\/uploads\/F12-Centro-Interpretacion-Pueblos-Colonizacion-Sodeto-Huesca.jpg 768w, https:\/\/www.elturistatranquil.com\/wp-content\/uploads\/F12-Centro-Interpretacion-Pueblos-Colonizacion-Sodeto-Huesca-336x226.jpg 336w\" sizes=\"(max-width: 768px) 100vw, 768px\" \/>\t\t\t\t\t\t\t\t\t\t\t<figcaption class=\"widget-image-caption wp-caption-text\"><\/figcaption>\n\t\t\t\t\t\t\t\t\t\t<\/figure>\n\t\t\t\t\t\t\t\t\t<\/div>\n\t\t\t\t<\/div>\n\t\t\t\t<div class=\"elementor-element elementor-element-b31edc8 elementor-widget elementor-widget-image\" data-id=\"b31edc8\" data-element_type=\"widget\" data-e-type=\"widget\" data-widget_type=\"image.default\">\n\t\t\t\t<div class=\"elementor-widget-container\">\n\t\t\t\t\t\t\t\t\t\t\t\t<figure class=\"wp-caption\">\n\t\t\t\t\t\t\t\t\t\t<img loading=\"lazy\" decoding=\"async\" width=\"768\" height=\"512\" src=\"https:\/\/www.elturistatranquil.com\/wp-content\/uploads\/F13-Centro-Interpretacion-Pueblos-Colonizacion-Sodeto-Huesca.jpg\" class=\"attachment-large size-large wp-image-51054\" alt=\"Centro Interpretacion Pueblos Colonizacion, Sodeto, Huesca\" srcset=\"https:\/\/www.elturistatranquil.com\/wp-content\/uploads\/F13-Centro-Interpretacion-Pueblos-Colonizacion-Sodeto-Huesca.jpg 768w, https:\/\/www.elturistatranquil.com\/wp-content\/uploads\/F13-Centro-Interpretacion-Pueblos-Colonizacion-Sodeto-Huesca-339x226.jpg 339w\" sizes=\"(max-width: 768px) 100vw, 768px\" \/>\t\t\t\t\t\t\t\t\t\t\t<figcaption class=\"widget-image-caption wp-caption-text\"><\/figcaption>\n\t\t\t\t\t\t\t\t\t\t<\/figure>\n\t\t\t\t\t\t\t\t\t<\/div>\n\t\t\t\t<\/div>\n\t\t\t\t<div class=\"elementor-element elementor-element-32a2af3 elementor-widget elementor-widget-text-editor\" data-id=\"32a2af3\" data-element_type=\"widget\" data-e-type=\"widget\" data-widget_type=\"text-editor.default\">\n\t\t\t\t<div class=\"elementor-widget-container\">\n\t\t\t\t\t\t\t\t\t<p>Una casa de doble planta model (<strong>A2<\/strong>) de pedra vista. S\u00b4accedeix al Centre per la casa. Un p\u00f2rtic a la cantonada dona acc\u00e9s a un rebedor amb dues portes i una escala. La porta de la dreta dona acc\u00e9s a la cuina i al menjador, la porta del fons al lavabo, i per l&#8217;escala s&#8217;enfila a les dues habitacions dormitoris (no adaptades a museu).<\/p>\t\t\t\t\t\t\t\t<\/div>\n\t\t\t\t<\/div>\n\t\t\t\t<div class=\"elementor-element elementor-element-8730ec6 elementor-widget elementor-widget-image\" data-id=\"8730ec6\" data-element_type=\"widget\" data-e-type=\"widget\" data-widget_type=\"image.default\">\n\t\t\t\t<div class=\"elementor-widget-container\">\n\t\t\t\t\t\t\t\t\t\t\t\t<figure class=\"wp-caption\">\n\t\t\t\t\t\t\t\t\t\t<img loading=\"lazy\" decoding=\"async\" width=\"768\" height=\"432\" src=\"https:\/\/www.elturistatranquil.com\/wp-content\/uploads\/F14-Centro-Interpretacion-Pueblos-Colonizacion-Sodeto-Huesca.jpg\" class=\"attachment-large size-large wp-image-51059\" alt=\"Centro Interpretacion Pueblos Colonizacion, Sodeto, Huesca\" srcset=\"https:\/\/www.elturistatranquil.com\/wp-content\/uploads\/F14-Centro-Interpretacion-Pueblos-Colonizacion-Sodeto-Huesca.jpg 768w, https:\/\/www.elturistatranquil.com\/wp-content\/uploads\/F14-Centro-Interpretacion-Pueblos-Colonizacion-Sodeto-Huesca-339x191.jpg 339w\" sizes=\"(max-width: 768px) 100vw, 768px\" \/>\t\t\t\t\t\t\t\t\t\t\t<figcaption class=\"widget-image-caption wp-caption-text\"><\/figcaption>\n\t\t\t\t\t\t\t\t\t\t<\/figure>\n\t\t\t\t\t\t\t\t\t<\/div>\n\t\t\t\t<\/div>\n\t\t\t\t<div class=\"elementor-element elementor-element-1bcd0bf elementor-widget elementor-widget-text-editor\" data-id=\"1bcd0bf\" data-element_type=\"widget\" data-e-type=\"widget\" data-widget_type=\"text-editor.default\">\n\t\t\t\t<div class=\"elementor-widget-container\">\n\t\t\t\t\t\t\t\t\t<p>Al fons, sota l&#8217;escala, hi ha el lavabo.<\/p><p>A la dreta l\u2019entrada per la cuina, que fa de distribu\u00efdor. El lateral adaptat a les tasques pr\u00f2pies. Al fons, la finestra donava un espai obert entre la casa i una de les depend\u00e8ncies agr\u00edcoles, ara coberta. Amb cuina econ\u00f2mica i aigua corrent.<\/p>\t\t\t\t\t\t\t\t<\/div>\n\t\t\t\t<\/div>\n\t\t\t\t<div class=\"elementor-element elementor-element-0fce592 elementor-widget elementor-widget-image\" data-id=\"0fce592\" data-element_type=\"widget\" data-e-type=\"widget\" data-widget_type=\"image.default\">\n\t\t\t\t<div class=\"elementor-widget-container\">\n\t\t\t\t\t\t\t\t\t\t\t\t<figure class=\"wp-caption\">\n\t\t\t\t\t\t\t\t\t\t<img loading=\"lazy\" decoding=\"async\" width=\"768\" height=\"433\" src=\"https:\/\/www.elturistatranquil.com\/wp-content\/uploads\/F16-Centro-Interpretacion-Pueblos-Colonizacion-Sodeto-Huesca.jpg\" class=\"attachment-large size-large wp-image-51061\" alt=\"Centro Interpretacion Pueblos Colonizacion, Sodeto, Huesca\" srcset=\"https:\/\/www.elturistatranquil.com\/wp-content\/uploads\/F16-Centro-Interpretacion-Pueblos-Colonizacion-Sodeto-Huesca.jpg 768w, https:\/\/www.elturistatranquil.com\/wp-content\/uploads\/F16-Centro-Interpretacion-Pueblos-Colonizacion-Sodeto-Huesca-339x191.jpg 339w\" sizes=\"(max-width: 768px) 100vw, 768px\" \/>\t\t\t\t\t\t\t\t\t\t\t<figcaption class=\"widget-image-caption wp-caption-text\"><\/figcaption>\n\t\t\t\t\t\t\t\t\t\t<\/figure>\n\t\t\t\t\t\t\t\t\t<\/div>\n\t\t\t\t<\/div>\n\t\t\t\t<div class=\"elementor-element elementor-element-e42545b elementor-widget elementor-widget-text-editor\" data-id=\"e42545b\" data-element_type=\"widget\" data-e-type=\"widget\" data-widget_type=\"text-editor.default\">\n\t\t\t\t<div class=\"elementor-widget-container\">\n\t\t\t\t\t\t\t\t\t<p>De la cuina, que fa de distribu\u00efdor, s&#8217;accedeix al menjador, obert al carrer.<\/p>\t\t\t\t\t\t\t\t<\/div>\n\t\t\t\t<\/div>\n\t\t\t\t<div class=\"elementor-element elementor-element-6caac09 elementor-widget elementor-widget-image\" data-id=\"6caac09\" data-element_type=\"widget\" data-e-type=\"widget\" data-widget_type=\"image.default\">\n\t\t\t\t<div class=\"elementor-widget-container\">\n\t\t\t\t\t\t\t\t\t\t\t\t<figure class=\"wp-caption\">\n\t\t\t\t\t\t\t\t\t\t<img loading=\"lazy\" decoding=\"async\" width=\"768\" height=\"433\" src=\"https:\/\/www.elturistatranquil.com\/wp-content\/uploads\/F17-Centro-Interpretacion-Pueblos-Colonizacion-Sodeto-Huesca.jpg\" class=\"attachment-large size-large wp-image-51063\" alt=\"Centro Interpretacion Pueblos Colonizacion, Sodeto, Huesca\" srcset=\"https:\/\/www.elturistatranquil.com\/wp-content\/uploads\/F17-Centro-Interpretacion-Pueblos-Colonizacion-Sodeto-Huesca.jpg 768w, https:\/\/www.elturistatranquil.com\/wp-content\/uploads\/F17-Centro-Interpretacion-Pueblos-Colonizacion-Sodeto-Huesca-339x191.jpg 339w\" sizes=\"(max-width: 768px) 100vw, 768px\" \/>\t\t\t\t\t\t\t\t\t\t\t<figcaption class=\"widget-image-caption wp-caption-text\"><\/figcaption>\n\t\t\t\t\t\t\t\t\t\t<\/figure>\n\t\t\t\t\t\t\t\t\t<\/div>\n\t\t\t\t<\/div>\n\t\t\t\t<div class=\"elementor-element elementor-element-529ccd4 elementor-widget elementor-widget-text-editor\" data-id=\"529ccd4\" data-element_type=\"widget\" data-e-type=\"widget\" data-widget_type=\"text-editor.default\">\n\t\t\t\t<div class=\"elementor-widget-container\">\n\t\t\t\t\t\t\t\t\t<p>Dues portes m\u00e9s donen acc\u00e9s al rebost i al corral. Actualment, en aquesta part del corral que toca al carrer, s&#8217;hi ha constru\u00eft una gran sala amb alguns objectes muse\u00edstics, panells inform\u00e0tics i la gran maqueta que he presentat a la part hist\u00f2rica del post. Un espai central di\u00e0fan permet convertir-lo en sala d\u00b4actes i confer\u00e8ncies.<\/p>\t\t\t\t\t\t\t\t<\/div>\n\t\t\t\t<\/div>\n\t\t\t\t<div class=\"elementor-element elementor-element-3973f03 elementor-widget elementor-widget-image\" data-id=\"3973f03\" data-element_type=\"widget\" data-e-type=\"widget\" data-widget_type=\"image.default\">\n\t\t\t\t<div class=\"elementor-widget-container\">\n\t\t\t\t\t\t\t\t\t\t\t\t<figure class=\"wp-caption\">\n\t\t\t\t\t\t\t\t\t\t<img loading=\"lazy\" decoding=\"async\" width=\"768\" height=\"432\" src=\"https:\/\/www.elturistatranquil.com\/wp-content\/uploads\/F18-Centro-Interpretacion-Pueblos-Colonizacion-Sodeto-Huesca.jpg\" class=\"attachment-large size-large wp-image-51065\" alt=\"Centro Interpretacion Pueblos Colonizacion, Sodeto, Huesca\" srcset=\"https:\/\/www.elturistatranquil.com\/wp-content\/uploads\/F18-Centro-Interpretacion-Pueblos-Colonizacion-Sodeto-Huesca.jpg 768w, https:\/\/www.elturistatranquil.com\/wp-content\/uploads\/F18-Centro-Interpretacion-Pueblos-Colonizacion-Sodeto-Huesca-339x191.jpg 339w\" sizes=\"(max-width: 768px) 100vw, 768px\" \/>\t\t\t\t\t\t\t\t\t\t\t<figcaption class=\"widget-image-caption wp-caption-text\"><\/figcaption>\n\t\t\t\t\t\t\t\t\t\t<\/figure>\n\t\t\t\t\t\t\t\t\t<\/div>\n\t\t\t\t<\/div>\n\t\t\t\t<div class=\"elementor-element elementor-element-3c12575 elementor-widget elementor-widget-image\" data-id=\"3c12575\" data-element_type=\"widget\" data-e-type=\"widget\" data-widget_type=\"image.default\">\n\t\t\t\t<div class=\"elementor-widget-container\">\n\t\t\t\t\t\t\t\t\t\t\t\t<figure class=\"wp-caption\">\n\t\t\t\t\t\t\t\t\t\t<img loading=\"lazy\" decoding=\"async\" width=\"768\" height=\"433\" src=\"https:\/\/www.elturistatranquil.com\/wp-content\/uploads\/F19-Centro-Interpretacion-Pueblos-Colonizacion-Sodeto-Huesca.jpg\" class=\"attachment-large size-large wp-image-51067\" alt=\"Centro Interpretacion Pueblos Colonizacion, Sodeto, Huesca\" srcset=\"https:\/\/www.elturistatranquil.com\/wp-content\/uploads\/F19-Centro-Interpretacion-Pueblos-Colonizacion-Sodeto-Huesca.jpg 768w, https:\/\/www.elturistatranquil.com\/wp-content\/uploads\/F19-Centro-Interpretacion-Pueblos-Colonizacion-Sodeto-Huesca-339x191.jpg 339w\" sizes=\"(max-width: 768px) 100vw, 768px\" \/>\t\t\t\t\t\t\t\t\t\t\t<figcaption class=\"widget-image-caption wp-caption-text\"><\/figcaption>\n\t\t\t\t\t\t\t\t\t\t<\/figure>\n\t\t\t\t\t\t\t\t\t<\/div>\n\t\t\t\t<\/div>\n\t\t\t\t<div class=\"elementor-element elementor-element-c21d208 elementor-widget elementor-widget-text-editor\" data-id=\"c21d208\" data-element_type=\"widget\" data-e-type=\"widget\" data-widget_type=\"text-editor.default\">\n\t\t\t\t<div class=\"elementor-widget-container\">\n\t\t\t\t\t\t\t\t\t<p>La gran maqueta \u00e9s un element dominant en aquest espai. Ja l&#8217;hem vist en presentar <em>les caracter\u00edstiques del terreny<\/em>, al comen\u00e7ament del post. Algunes fotografies il\u00b7lustren les parets.<\/p>\t\t\t\t\t\t\t\t<\/div>\n\t\t\t\t<\/div>\n\t\t\t\t<div class=\"elementor-element elementor-element-ff80294 elementor-widget elementor-widget-heading\" data-id=\"ff80294\" data-element_type=\"widget\" data-e-type=\"widget\" data-widget_type=\"heading.default\">\n\t\t\t\t<div class=\"elementor-widget-container\">\n\t\t\t\t\t<h5 class=\"elementor-heading-title elementor-size-default\">Colonitzaci\u00f3 a Espanya<\/h5>\t\t\t\t<\/div>\n\t\t\t\t<\/div>\n\t\t\t\t<div class=\"elementor-element elementor-element-47a51bf elementor-widget elementor-widget-text-editor\" data-id=\"47a51bf\" data-element_type=\"widget\" data-e-type=\"widget\" data-widget_type=\"text-editor.default\">\n\t\t\t\t<div class=\"elementor-widget-container\">\n\t\t\t\t\t\t\t\t\t<p>La primera sala monogr\u00e0fica est\u00e0 dedicada a la <strong>colonitzaci\u00f3 agr\u00e0ria a Espanya<\/strong>, amb dedicaci\u00f3 especial a l&#8217;etapa franquista.<\/p>\t\t\t\t\t\t\t\t<\/div>\n\t\t\t\t<\/div>\n\t\t\t\t<div class=\"elementor-element elementor-element-b1c59e0 elementor-widget elementor-widget-image\" data-id=\"b1c59e0\" data-element_type=\"widget\" data-e-type=\"widget\" data-widget_type=\"image.default\">\n\t\t\t\t<div class=\"elementor-widget-container\">\n\t\t\t\t\t\t\t\t\t\t\t\t<figure class=\"wp-caption\">\n\t\t\t\t\t\t\t\t\t\t<img loading=\"lazy\" decoding=\"async\" width=\"768\" height=\"433\" src=\"https:\/\/www.elturistatranquil.com\/wp-content\/uploads\/F20-Centro-Interpretacion-Pueblos-Colonizacion-Sodeto-Huesca.jpg\" class=\"attachment-large size-large wp-image-51072\" alt=\"Centro Interpretacion Pueblos Colonizacion, Sodeto, Huesca\" srcset=\"https:\/\/www.elturistatranquil.com\/wp-content\/uploads\/F20-Centro-Interpretacion-Pueblos-Colonizacion-Sodeto-Huesca.jpg 768w, https:\/\/www.elturistatranquil.com\/wp-content\/uploads\/F20-Centro-Interpretacion-Pueblos-Colonizacion-Sodeto-Huesca-339x191.jpg 339w\" sizes=\"(max-width: 768px) 100vw, 768px\" \/>\t\t\t\t\t\t\t\t\t\t\t<figcaption class=\"widget-image-caption wp-caption-text\"><\/figcaption>\n\t\t\t\t\t\t\t\t\t\t<\/figure>\n\t\t\t\t\t\t\t\t\t<\/div>\n\t\t\t\t<\/div>\n\t\t\t\t<div class=\"elementor-element elementor-element-ffed4db elementor-widget elementor-widget-image\" data-id=\"ffed4db\" data-element_type=\"widget\" data-e-type=\"widget\" data-widget_type=\"image.default\">\n\t\t\t\t<div class=\"elementor-widget-container\">\n\t\t\t\t\t\t\t\t\t\t\t\t<figure class=\"wp-caption\">\n\t\t\t\t\t\t\t\t\t\t<img loading=\"lazy\" decoding=\"async\" width=\"768\" height=\"432\" src=\"https:\/\/www.elturistatranquil.com\/wp-content\/uploads\/F21-Centro-Interpretacion-Pueblos-Colonizacion-Sodeto-Huesca.jpg\" class=\"attachment-large size-large wp-image-51074\" alt=\"Centro Interpretacion Pueblos Colonizacion, Sodeto, Huesca\" srcset=\"https:\/\/www.elturistatranquil.com\/wp-content\/uploads\/F21-Centro-Interpretacion-Pueblos-Colonizacion-Sodeto-Huesca.jpg 768w, https:\/\/www.elturistatranquil.com\/wp-content\/uploads\/F21-Centro-Interpretacion-Pueblos-Colonizacion-Sodeto-Huesca-339x191.jpg 339w\" sizes=\"(max-width: 768px) 100vw, 768px\" \/>\t\t\t\t\t\t\t\t\t\t\t<figcaption class=\"widget-image-caption wp-caption-text\"><\/figcaption>\n\t\t\t\t\t\t\t\t\t\t<\/figure>\n\t\t\t\t\t\t\t\t\t<\/div>\n\t\t\t\t<\/div>\n\t\t\t\t<div class=\"elementor-element elementor-element-8663ca5 elementor-widget elementor-widget-image\" data-id=\"8663ca5\" data-element_type=\"widget\" data-e-type=\"widget\" data-widget_type=\"image.default\">\n\t\t\t\t<div class=\"elementor-widget-container\">\n\t\t\t\t\t\t\t\t\t\t\t\t<figure class=\"wp-caption\">\n\t\t\t\t\t\t\t\t\t\t<img loading=\"lazy\" decoding=\"async\" width=\"768\" height=\"432\" src=\"https:\/\/www.elturistatranquil.com\/wp-content\/uploads\/F22-Centro-Interpretacion-Pueblos-Colonizacion-Sodeto-Huesca.jpg\" class=\"attachment-large size-large wp-image-51076\" alt=\"Centro Interpretacion Pueblos Colonizacion, Sodeto, Huesca\" srcset=\"https:\/\/www.elturistatranquil.com\/wp-content\/uploads\/F22-Centro-Interpretacion-Pueblos-Colonizacion-Sodeto-Huesca.jpg 768w, https:\/\/www.elturistatranquil.com\/wp-content\/uploads\/F22-Centro-Interpretacion-Pueblos-Colonizacion-Sodeto-Huesca-339x191.jpg 339w\" sizes=\"(max-width: 768px) 100vw, 768px\" \/>\t\t\t\t\t\t\t\t\t\t\t<figcaption class=\"widget-image-caption wp-caption-text\"><\/figcaption>\n\t\t\t\t\t\t\t\t\t\t<\/figure>\n\t\t\t\t\t\t\t\t\t<\/div>\n\t\t\t\t<\/div>\n\t\t\t\t<section class=\"elementor-section elementor-inner-section elementor-element elementor-element-d666060 elementor-section-boxed elementor-section-height-default elementor-section-height-default\" data-id=\"d666060\" data-element_type=\"section\" data-e-type=\"section\">\n\t\t\t\t\t\t<div class=\"elementor-container elementor-column-gap-default\">\n\t\t\t\t\t<div class=\"elementor-column elementor-col-50 elementor-inner-column elementor-element elementor-element-27468b7\" data-id=\"27468b7\" data-element_type=\"column\" data-e-type=\"column\">\n\t\t\t<div class=\"elementor-widget-wrap elementor-element-populated\">\n\t\t\t\t\t\t<div class=\"elementor-element elementor-element-a378920 elementor-widget elementor-widget-image\" data-id=\"a378920\" data-element_type=\"widget\" data-e-type=\"widget\" data-widget_type=\"image.default\">\n\t\t\t\t<div class=\"elementor-widget-container\">\n\t\t\t\t\t\t\t\t\t\t\t\t\t\t\t<img loading=\"lazy\" decoding=\"async\" width=\"380\" height=\"380\" src=\"https:\/\/www.elturistatranquil.com\/wp-content\/uploads\/F23m-Centro-Interpretacion-Pueblos-Colonizacion-Sodeto-Huesca.jpg\" class=\"attachment-large size-large wp-image-51078\" alt=\"Centro Interpretacion Pueblos Colonizacion, Sodeto, Huesca\" srcset=\"https:\/\/www.elturistatranquil.com\/wp-content\/uploads\/F23m-Centro-Interpretacion-Pueblos-Colonizacion-Sodeto-Huesca.jpg 380w, https:\/\/www.elturistatranquil.com\/wp-content\/uploads\/F23m-Centro-Interpretacion-Pueblos-Colonizacion-Sodeto-Huesca-226x226.jpg 226w\" sizes=\"(max-width: 380px) 100vw, 380px\" \/>\t\t\t\t\t\t\t\t\t\t\t\t\t\t\t<\/div>\n\t\t\t\t<\/div>\n\t\t\t\t\t<\/div>\n\t\t<\/div>\n\t\t\t\t<div class=\"elementor-column elementor-col-50 elementor-inner-column elementor-element elementor-element-b61851d\" data-id=\"b61851d\" data-element_type=\"column\" data-e-type=\"column\">\n\t\t\t<div class=\"elementor-widget-wrap elementor-element-populated\">\n\t\t\t\t\t\t<div class=\"elementor-element elementor-element-f0131ad elementor-widget elementor-widget-image\" data-id=\"f0131ad\" data-element_type=\"widget\" data-e-type=\"widget\" data-widget_type=\"image.default\">\n\t\t\t\t<div class=\"elementor-widget-container\">\n\t\t\t\t\t\t\t\t\t\t\t\t\t\t\t<img loading=\"lazy\" decoding=\"async\" width=\"380\" height=\"380\" src=\"https:\/\/www.elturistatranquil.com\/wp-content\/uploads\/F23n-Centro-Interpretacion-Pueblos-Colonizacion-Sodeto-Huesca.jpg\" class=\"attachment-large size-large wp-image-51080\" alt=\"Centro Interpretacion Pueblos Colonizacion, Sodeto, Huesca\" srcset=\"https:\/\/www.elturistatranquil.com\/wp-content\/uploads\/F23n-Centro-Interpretacion-Pueblos-Colonizacion-Sodeto-Huesca.jpg 380w, https:\/\/www.elturistatranquil.com\/wp-content\/uploads\/F23n-Centro-Interpretacion-Pueblos-Colonizacion-Sodeto-Huesca-226x226.jpg 226w\" sizes=\"(max-width: 380px) 100vw, 380px\" \/>\t\t\t\t\t\t\t\t\t\t\t\t\t\t\t<\/div>\n\t\t\t\t<\/div>\n\t\t\t\t\t<\/div>\n\t\t<\/div>\n\t\t\t\t\t<\/div>\n\t\t<\/section>\n\t\t\t\t<section class=\"elementor-section elementor-inner-section elementor-element elementor-element-f2b3422 elementor-section-boxed elementor-section-height-default elementor-section-height-default\" data-id=\"f2b3422\" data-element_type=\"section\" data-e-type=\"section\">\n\t\t\t\t\t\t<div class=\"elementor-container elementor-column-gap-default\">\n\t\t\t\t\t<div class=\"elementor-column elementor-col-50 elementor-inner-column elementor-element elementor-element-fc610c3\" data-id=\"fc610c3\" data-element_type=\"column\" data-e-type=\"column\">\n\t\t\t<div class=\"elementor-widget-wrap elementor-element-populated\">\n\t\t\t\t\t\t<div class=\"elementor-element elementor-element-72b56cf elementor-widget elementor-widget-image\" data-id=\"72b56cf\" data-element_type=\"widget\" data-e-type=\"widget\" data-widget_type=\"image.default\">\n\t\t\t\t<div class=\"elementor-widget-container\">\n\t\t\t\t\t\t\t\t\t\t\t\t\t\t\t<img loading=\"lazy\" decoding=\"async\" width=\"380\" height=\"380\" src=\"https:\/\/www.elturistatranquil.com\/wp-content\/uploads\/F23o-Centro-Interpretacion-Pueblos-Colonizacion-Sodeto-Huesca.jpg\" class=\"attachment-large size-large wp-image-51085\" alt=\"Centro Interpretacion Pueblos Colonizacion, Sodeto, Huesca\" srcset=\"https:\/\/www.elturistatranquil.com\/wp-content\/uploads\/F23o-Centro-Interpretacion-Pueblos-Colonizacion-Sodeto-Huesca.jpg 380w, https:\/\/www.elturistatranquil.com\/wp-content\/uploads\/F23o-Centro-Interpretacion-Pueblos-Colonizacion-Sodeto-Huesca-226x226.jpg 226w\" sizes=\"(max-width: 380px) 100vw, 380px\" \/>\t\t\t\t\t\t\t\t\t\t\t\t\t\t\t<\/div>\n\t\t\t\t<\/div>\n\t\t\t\t\t<\/div>\n\t\t<\/div>\n\t\t\t\t<div class=\"elementor-column elementor-col-50 elementor-inner-column elementor-element elementor-element-8b637c0\" data-id=\"8b637c0\" data-element_type=\"column\" data-e-type=\"column\">\n\t\t\t<div class=\"elementor-widget-wrap elementor-element-populated\">\n\t\t\t\t\t\t<div class=\"elementor-element elementor-element-681e332 elementor-widget elementor-widget-image\" data-id=\"681e332\" data-element_type=\"widget\" data-e-type=\"widget\" data-widget_type=\"image.default\">\n\t\t\t\t<div class=\"elementor-widget-container\">\n\t\t\t\t\t\t\t\t\t\t\t\t\t\t\t<img loading=\"lazy\" decoding=\"async\" width=\"380\" height=\"380\" src=\"https:\/\/www.elturistatranquil.com\/wp-content\/uploads\/F23p-Centro-Interpretacion-Pueblos-Colonizacion-Sodeto-Huesca.jpg\" class=\"attachment-large size-large wp-image-51087\" alt=\"Centro Interpretacion Pueblos Colonizacion, Sodeto, Huesca\" srcset=\"https:\/\/www.elturistatranquil.com\/wp-content\/uploads\/F23p-Centro-Interpretacion-Pueblos-Colonizacion-Sodeto-Huesca.jpg 380w, https:\/\/www.elturistatranquil.com\/wp-content\/uploads\/F23p-Centro-Interpretacion-Pueblos-Colonizacion-Sodeto-Huesca-226x226.jpg 226w\" sizes=\"(max-width: 380px) 100vw, 380px\" \/>\t\t\t\t\t\t\t\t\t\t\t\t\t\t\t<\/div>\n\t\t\t\t<\/div>\n\t\t\t\t\t<\/div>\n\t\t<\/div>\n\t\t\t\t\t<\/div>\n\t\t<\/section>\n\t\t\t\t<div class=\"elementor-element elementor-element-fe7a86f elementor-widget elementor-widget-image\" data-id=\"fe7a86f\" data-element_type=\"widget\" data-e-type=\"widget\" data-widget_type=\"image.default\">\n\t\t\t\t<div class=\"elementor-widget-container\">\n\t\t\t\t\t\t\t\t\t\t\t\t<figure class=\"wp-caption\">\n\t\t\t\t\t\t\t\t\t\t<img loading=\"lazy\" decoding=\"async\" width=\"768\" height=\"432\" src=\"https:\/\/www.elturistatranquil.com\/wp-content\/uploads\/F24-Centro-Interpretacion-Pueblos-Colonizacion-Sodeto-Huesca.jpg\" class=\"attachment-large size-large wp-image-51089\" alt=\"Centro Interpretacion Pueblos Colonizacion, Sodeto, Huesca\" srcset=\"https:\/\/www.elturistatranquil.com\/wp-content\/uploads\/F24-Centro-Interpretacion-Pueblos-Colonizacion-Sodeto-Huesca.jpg 768w, https:\/\/www.elturistatranquil.com\/wp-content\/uploads\/F24-Centro-Interpretacion-Pueblos-Colonizacion-Sodeto-Huesca-339x191.jpg 339w\" sizes=\"(max-width: 768px) 100vw, 768px\" \/>\t\t\t\t\t\t\t\t\t\t\t<figcaption class=\"widget-image-caption wp-caption-text\"><\/figcaption>\n\t\t\t\t\t\t\t\t\t\t<\/figure>\n\t\t\t\t\t\t\t\t\t<\/div>\n\t\t\t\t<\/div>\n\t\t\t\t<section class=\"elementor-section elementor-inner-section elementor-element elementor-element-581eac4 elementor-section-boxed elementor-section-height-default elementor-section-height-default\" data-id=\"581eac4\" data-element_type=\"section\" data-e-type=\"section\">\n\t\t\t\t\t\t<div class=\"elementor-container elementor-column-gap-default\">\n\t\t\t\t\t<div class=\"elementor-column elementor-col-50 elementor-inner-column elementor-element elementor-element-9a4bba5\" data-id=\"9a4bba5\" data-element_type=\"column\" data-e-type=\"column\">\n\t\t\t<div class=\"elementor-widget-wrap elementor-element-populated\">\n\t\t\t\t\t\t<div class=\"elementor-element elementor-element-110507a elementor-widget elementor-widget-image\" data-id=\"110507a\" data-element_type=\"widget\" data-e-type=\"widget\" data-widget_type=\"image.default\">\n\t\t\t\t<div class=\"elementor-widget-container\">\n\t\t\t\t\t\t\t\t\t\t\t\t\t\t\t<img loading=\"lazy\" decoding=\"async\" width=\"380\" height=\"380\" src=\"https:\/\/www.elturistatranquil.com\/wp-content\/uploads\/F25m-Centro-Interpretacion-Pueblos-Colonizacion-Sodeto-Huesca.jpg\" class=\"attachment-large size-large wp-image-51091\" alt=\"Centro Interpretacion Pueblos Colonizacion, Sodeto, Huesca\" srcset=\"https:\/\/www.elturistatranquil.com\/wp-content\/uploads\/F25m-Centro-Interpretacion-Pueblos-Colonizacion-Sodeto-Huesca.jpg 380w, https:\/\/www.elturistatranquil.com\/wp-content\/uploads\/F25m-Centro-Interpretacion-Pueblos-Colonizacion-Sodeto-Huesca-226x226.jpg 226w\" sizes=\"(max-width: 380px) 100vw, 380px\" \/>\t\t\t\t\t\t\t\t\t\t\t\t\t\t\t<\/div>\n\t\t\t\t<\/div>\n\t\t\t\t\t<\/div>\n\t\t<\/div>\n\t\t\t\t<div class=\"elementor-column elementor-col-50 elementor-inner-column elementor-element elementor-element-785537e\" data-id=\"785537e\" data-element_type=\"column\" data-e-type=\"column\">\n\t\t\t<div class=\"elementor-widget-wrap elementor-element-populated\">\n\t\t\t\t\t\t<div class=\"elementor-element elementor-element-3ca620a elementor-widget elementor-widget-image\" data-id=\"3ca620a\" data-element_type=\"widget\" data-e-type=\"widget\" data-widget_type=\"image.default\">\n\t\t\t\t<div class=\"elementor-widget-container\">\n\t\t\t\t\t\t\t\t\t\t\t\t\t\t\t<img loading=\"lazy\" decoding=\"async\" width=\"380\" height=\"380\" src=\"https:\/\/www.elturistatranquil.com\/wp-content\/uploads\/F25n-Centro-Interpretacion-Pueblos-Colonizacion-Sodeto-Huesca.jpg\" class=\"attachment-large size-large wp-image-51093\" alt=\"Centro Interpretacion Pueblos Colonizacion, Sodeto, Huesca\" srcset=\"https:\/\/www.elturistatranquil.com\/wp-content\/uploads\/F25n-Centro-Interpretacion-Pueblos-Colonizacion-Sodeto-Huesca.jpg 380w, https:\/\/www.elturistatranquil.com\/wp-content\/uploads\/F25n-Centro-Interpretacion-Pueblos-Colonizacion-Sodeto-Huesca-226x226.jpg 226w\" sizes=\"(max-width: 380px) 100vw, 380px\" \/>\t\t\t\t\t\t\t\t\t\t\t\t\t\t\t<\/div>\n\t\t\t\t<\/div>\n\t\t\t\t\t<\/div>\n\t\t<\/div>\n\t\t\t\t\t<\/div>\n\t\t<\/section>\n\t\t\t\t<div class=\"elementor-element elementor-element-a1bcfc4 elementor-widget elementor-widget-image\" data-id=\"a1bcfc4\" data-element_type=\"widget\" data-e-type=\"widget\" data-widget_type=\"image.default\">\n\t\t\t\t<div class=\"elementor-widget-container\">\n\t\t\t\t\t\t\t\t\t\t\t\t<figure class=\"wp-caption\">\n\t\t\t\t\t\t\t\t\t\t<img loading=\"lazy\" decoding=\"async\" width=\"768\" height=\"432\" src=\"https:\/\/www.elturistatranquil.com\/wp-content\/uploads\/F26-Centro-Interpretacion-Pueblos-Colonizacion-Sodeto-Huesca.jpg\" class=\"attachment-large size-large wp-image-51098\" alt=\"Centro Interpretacion Pueblos Colonizacion, Sodeto, Huesca\" srcset=\"https:\/\/www.elturistatranquil.com\/wp-content\/uploads\/F26-Centro-Interpretacion-Pueblos-Colonizacion-Sodeto-Huesca.jpg 768w, https:\/\/www.elturistatranquil.com\/wp-content\/uploads\/F26-Centro-Interpretacion-Pueblos-Colonizacion-Sodeto-Huesca-339x191.jpg 339w\" sizes=\"(max-width: 768px) 100vw, 768px\" \/>\t\t\t\t\t\t\t\t\t\t\t<figcaption class=\"widget-image-caption wp-caption-text\"><\/figcaption>\n\t\t\t\t\t\t\t\t\t\t<\/figure>\n\t\t\t\t\t\t\t\t\t<\/div>\n\t\t\t\t<\/div>\n\t\t\t\t<div class=\"elementor-element elementor-element-f5c94e4 elementor-widget elementor-widget-heading\" data-id=\"f5c94e4\" data-element_type=\"widget\" data-e-type=\"widget\" data-widget_type=\"heading.default\">\n\t\t\t\t<div class=\"elementor-widget-container\">\n\t\t\t\t\t<h5 class=\"elementor-heading-title elementor-size-default\">Colonitzaci\u00f3 a Arag\u00f3<\/h5>\t\t\t\t<\/div>\n\t\t\t\t<\/div>\n\t\t\t\t<div class=\"elementor-element elementor-element-31b2e29 elementor-widget elementor-widget-text-editor\" data-id=\"31b2e29\" data-element_type=\"widget\" data-e-type=\"widget\" data-widget_type=\"text-editor.default\">\n\t\t\t\t<div class=\"elementor-widget-container\">\n\t\t\t\t\t\t\t\t\t<p>La segona sala monogr\u00e0fica est\u00e0 dedicada a la <strong>colonitzaci\u00f3 a Arag\u00f3<\/strong>.<\/p>\t\t\t\t\t\t\t\t<\/div>\n\t\t\t\t<\/div>\n\t\t\t\t<div class=\"elementor-element elementor-element-80d0af6 elementor-widget elementor-widget-image\" data-id=\"80d0af6\" data-element_type=\"widget\" data-e-type=\"widget\" data-widget_type=\"image.default\">\n\t\t\t\t<div class=\"elementor-widget-container\">\n\t\t\t\t\t\t\t\t\t\t\t\t<figure class=\"wp-caption\">\n\t\t\t\t\t\t\t\t\t\t<img loading=\"lazy\" decoding=\"async\" width=\"768\" height=\"433\" src=\"https:\/\/www.elturistatranquil.com\/wp-content\/uploads\/F27-Centro-Interpretacion-Pueblos-Colonizacion-Sodeto-Huesca.jpg\" class=\"attachment-large size-large wp-image-51100\" alt=\"Centro Interpretacion Pueblos Colonizacion, Sodeto, Huesca\" srcset=\"https:\/\/www.elturistatranquil.com\/wp-content\/uploads\/F27-Centro-Interpretacion-Pueblos-Colonizacion-Sodeto-Huesca.jpg 768w, https:\/\/www.elturistatranquil.com\/wp-content\/uploads\/F27-Centro-Interpretacion-Pueblos-Colonizacion-Sodeto-Huesca-339x191.jpg 339w\" sizes=\"(max-width: 768px) 100vw, 768px\" \/>\t\t\t\t\t\t\t\t\t\t\t<figcaption class=\"widget-image-caption wp-caption-text\"><\/figcaption>\n\t\t\t\t\t\t\t\t\t\t<\/figure>\n\t\t\t\t\t\t\t\t\t<\/div>\n\t\t\t\t<\/div>\n\t\t\t\t<div class=\"elementor-element elementor-element-4ee8c3a elementor-widget elementor-widget-image\" data-id=\"4ee8c3a\" data-element_type=\"widget\" data-e-type=\"widget\" data-widget_type=\"image.default\">\n\t\t\t\t<div class=\"elementor-widget-container\">\n\t\t\t\t\t\t\t\t\t\t\t\t<figure class=\"wp-caption\">\n\t\t\t\t\t\t\t\t\t\t<img loading=\"lazy\" decoding=\"async\" width=\"768\" height=\"432\" src=\"https:\/\/www.elturistatranquil.com\/wp-content\/uploads\/F28-Centro-Interpretacion-Pueblos-Colonizacion-Sodeto-Huesca.jpg\" class=\"attachment-large size-large wp-image-51102\" alt=\"Centro Interpretacion Pueblos Colonizacion, Sodeto, Huesca\" srcset=\"https:\/\/www.elturistatranquil.com\/wp-content\/uploads\/F28-Centro-Interpretacion-Pueblos-Colonizacion-Sodeto-Huesca.jpg 768w, https:\/\/www.elturistatranquil.com\/wp-content\/uploads\/F28-Centro-Interpretacion-Pueblos-Colonizacion-Sodeto-Huesca-339x191.jpg 339w\" sizes=\"(max-width: 768px) 100vw, 768px\" \/>\t\t\t\t\t\t\t\t\t\t\t<figcaption class=\"widget-image-caption wp-caption-text\"><\/figcaption>\n\t\t\t\t\t\t\t\t\t\t<\/figure>\n\t\t\t\t\t\t\t\t\t<\/div>\n\t\t\t\t<\/div>\n\t\t\t\t<div class=\"elementor-element elementor-element-de4d948 elementor-widget elementor-widget-image\" data-id=\"de4d948\" data-element_type=\"widget\" data-e-type=\"widget\" data-widget_type=\"image.default\">\n\t\t\t\t<div class=\"elementor-widget-container\">\n\t\t\t\t\t\t\t\t\t\t\t\t<figure class=\"wp-caption\">\n\t\t\t\t\t\t\t\t\t\t<img loading=\"lazy\" decoding=\"async\" width=\"768\" height=\"433\" src=\"https:\/\/www.elturistatranquil.com\/wp-content\/uploads\/F29-Centro-Interpretacion-Pueblos-Colonizacion-Sodeto-Huesca.jpg\" class=\"attachment-large size-large wp-image-51104\" alt=\"Centro Interpretacion Pueblos Colonizacion, Sodeto, Huesca\" srcset=\"https:\/\/www.elturistatranquil.com\/wp-content\/uploads\/F29-Centro-Interpretacion-Pueblos-Colonizacion-Sodeto-Huesca.jpg 768w, https:\/\/www.elturistatranquil.com\/wp-content\/uploads\/F29-Centro-Interpretacion-Pueblos-Colonizacion-Sodeto-Huesca-339x191.jpg 339w\" sizes=\"(max-width: 768px) 100vw, 768px\" \/>\t\t\t\t\t\t\t\t\t\t\t<figcaption class=\"widget-image-caption wp-caption-text\"><\/figcaption>\n\t\t\t\t\t\t\t\t\t\t<\/figure>\n\t\t\t\t\t\t\t\t\t<\/div>\n\t\t\t\t<\/div>\n\t\t\t\t<div class=\"elementor-element elementor-element-5fe9010 elementor-widget elementor-widget-image\" data-id=\"5fe9010\" data-element_type=\"widget\" data-e-type=\"widget\" data-widget_type=\"image.default\">\n\t\t\t\t<div class=\"elementor-widget-container\">\n\t\t\t\t\t\t\t\t\t\t\t\t<figure class=\"wp-caption\">\n\t\t\t\t\t\t\t\t\t\t<img loading=\"lazy\" decoding=\"async\" width=\"768\" height=\"433\" src=\"https:\/\/www.elturistatranquil.com\/wp-content\/uploads\/F30-Centro-Interpretacion-Pueblos-Colonizacion-Sodeto-Huesca.jpg\" class=\"attachment-large size-large wp-image-51106\" alt=\"Centro Interpretacion Pueblos Colonizacion, Sodeto, Huesca\" srcset=\"https:\/\/www.elturistatranquil.com\/wp-content\/uploads\/F30-Centro-Interpretacion-Pueblos-Colonizacion-Sodeto-Huesca.jpg 768w, https:\/\/www.elturistatranquil.com\/wp-content\/uploads\/F30-Centro-Interpretacion-Pueblos-Colonizacion-Sodeto-Huesca-339x191.jpg 339w\" sizes=\"(max-width: 768px) 100vw, 768px\" \/>\t\t\t\t\t\t\t\t\t\t\t<figcaption class=\"widget-image-caption wp-caption-text\"><\/figcaption>\n\t\t\t\t\t\t\t\t\t\t<\/figure>\n\t\t\t\t\t\t\t\t\t<\/div>\n\t\t\t\t<\/div>\n\t\t\t\t<div class=\"elementor-element elementor-element-92ff765 elementor-widget elementor-widget-heading\" data-id=\"92ff765\" data-element_type=\"widget\" data-e-type=\"widget\" data-widget_type=\"heading.default\">\n\t\t\t\t<div class=\"elementor-widget-container\">\n\t\t\t\t\t<h5 class=\"elementor-heading-title elementor-size-default\">Arquitectura, urbanisme i vida quotidiana<\/h5>\t\t\t\t<\/div>\n\t\t\t\t<\/div>\n\t\t\t\t<div class=\"elementor-element elementor-element-27cee08 elementor-widget elementor-widget-text-editor\" data-id=\"27cee08\" data-element_type=\"widget\" data-e-type=\"widget\" data-widget_type=\"text-editor.default\">\n\t\t\t\t<div class=\"elementor-widget-container\">\n\t\t\t\t\t\t\t\t\t<p>Finalment, la tercera sala presenta aspectes vinculats a l&#8217;<strong>arquitectura, l&#8217;urbanisme i la vida quotidiana<\/strong> als poblats de colonitzaci\u00f3.<\/p><p>D&#8217;una banda, es fa refer\u00e8ncia a la introducci\u00f3 dels nous cultius.<\/p>\t\t\t\t\t\t\t\t<\/div>\n\t\t\t\t<\/div>\n\t\t\t\t<div class=\"elementor-element elementor-element-b3f928c elementor-widget elementor-widget-image\" data-id=\"b3f928c\" data-element_type=\"widget\" data-e-type=\"widget\" data-widget_type=\"image.default\">\n\t\t\t\t<div class=\"elementor-widget-container\">\n\t\t\t\t\t\t\t\t\t\t\t\t<figure class=\"wp-caption\">\n\t\t\t\t\t\t\t\t\t\t<img loading=\"lazy\" decoding=\"async\" width=\"768\" height=\"432\" src=\"https:\/\/www.elturistatranquil.com\/wp-content\/uploads\/F31-Centro-Interpretacion-Pueblos-Colonizacion-Sodeto-Huesca.jpg\" class=\"attachment-large size-large wp-image-51111\" alt=\"Centro Interpretacion Pueblos Colonizacion, Sodeto, Huesca\" srcset=\"https:\/\/www.elturistatranquil.com\/wp-content\/uploads\/F31-Centro-Interpretacion-Pueblos-Colonizacion-Sodeto-Huesca.jpg 768w, https:\/\/www.elturistatranquil.com\/wp-content\/uploads\/F31-Centro-Interpretacion-Pueblos-Colonizacion-Sodeto-Huesca-339x191.jpg 339w\" sizes=\"(max-width: 768px) 100vw, 768px\" \/>\t\t\t\t\t\t\t\t\t\t\t<figcaption class=\"widget-image-caption wp-caption-text\"><\/figcaption>\n\t\t\t\t\t\t\t\t\t\t<\/figure>\n\t\t\t\t\t\t\t\t\t<\/div>\n\t\t\t\t<\/div>\n\t\t\t\t<div class=\"elementor-element elementor-element-ce10943 elementor-widget elementor-widget-text-editor\" data-id=\"ce10943\" data-element_type=\"widget\" data-e-type=\"widget\" data-widget_type=\"text-editor.default\">\n\t\t\t\t<div class=\"elementor-widget-container\">\n\t\t\t\t\t\t\t\t\t<p>La resta se centra en el disseny dels pobles i la seva construcci\u00f3, els habitatges i les artesanies (com s&#8217;anomenaven els edificis dedicats als serveis), aix\u00ed com els edificis religiosos i administratius.<\/p>\t\t\t\t\t\t\t\t<\/div>\n\t\t\t\t<\/div>\n\t\t\t\t<div class=\"elementor-element elementor-element-36bcb7b elementor-widget elementor-widget-image\" data-id=\"36bcb7b\" data-element_type=\"widget\" data-e-type=\"widget\" data-widget_type=\"image.default\">\n\t\t\t\t<div class=\"elementor-widget-container\">\n\t\t\t\t\t\t\t\t\t\t\t\t<figure class=\"wp-caption\">\n\t\t\t\t\t\t\t\t\t\t<img loading=\"lazy\" decoding=\"async\" width=\"768\" height=\"433\" src=\"https:\/\/www.elturistatranquil.com\/wp-content\/uploads\/F32-Centro-Interpretacion-Pueblos-Colonizacion-Sodeto-Huesca.jpg\" class=\"attachment-large size-large wp-image-51113\" alt=\"Centro Interpretacion Pueblos Colonizacion, Sodeto, Huesca\" srcset=\"https:\/\/www.elturistatranquil.com\/wp-content\/uploads\/F32-Centro-Interpretacion-Pueblos-Colonizacion-Sodeto-Huesca.jpg 768w, https:\/\/www.elturistatranquil.com\/wp-content\/uploads\/F32-Centro-Interpretacion-Pueblos-Colonizacion-Sodeto-Huesca-339x191.jpg 339w\" sizes=\"(max-width: 768px) 100vw, 768px\" \/>\t\t\t\t\t\t\t\t\t\t\t<figcaption class=\"widget-image-caption wp-caption-text\"><\/figcaption>\n\t\t\t\t\t\t\t\t\t\t<\/figure>\n\t\t\t\t\t\t\t\t\t<\/div>\n\t\t\t\t<\/div>\n\t\t\t\t<div class=\"elementor-element elementor-element-111e693 elementor-widget elementor-widget-image\" data-id=\"111e693\" data-element_type=\"widget\" data-e-type=\"widget\" data-widget_type=\"image.default\">\n\t\t\t\t<div class=\"elementor-widget-container\">\n\t\t\t\t\t\t\t\t\t\t\t\t<figure class=\"wp-caption\">\n\t\t\t\t\t\t\t\t\t\t<img loading=\"lazy\" decoding=\"async\" width=\"768\" height=\"432\" src=\"https:\/\/www.elturistatranquil.com\/wp-content\/uploads\/F33-Centro-Interpretacion-Pueblos-Colonizacion-Sodeto-Huesca.jpg\" class=\"attachment-large size-large wp-image-51115\" alt=\"Centro Interpretacion Pueblos Colonizacion, Sodeto, Huesca\" srcset=\"https:\/\/www.elturistatranquil.com\/wp-content\/uploads\/F33-Centro-Interpretacion-Pueblos-Colonizacion-Sodeto-Huesca.jpg 768w, https:\/\/www.elturistatranquil.com\/wp-content\/uploads\/F33-Centro-Interpretacion-Pueblos-Colonizacion-Sodeto-Huesca-339x191.jpg 339w\" sizes=\"(max-width: 768px) 100vw, 768px\" \/>\t\t\t\t\t\t\t\t\t\t\t<figcaption class=\"widget-image-caption wp-caption-text\"><\/figcaption>\n\t\t\t\t\t\t\t\t\t\t<\/figure>\n\t\t\t\t\t\t\t\t\t<\/div>\n\t\t\t\t<\/div>\n\t\t\t\t<div class=\"elementor-element elementor-element-290e1cf elementor-widget elementor-widget-text-editor\" data-id=\"290e1cf\" data-element_type=\"widget\" data-e-type=\"widget\" data-widget_type=\"text-editor.default\">\n\t\t\t\t<div class=\"elementor-widget-container\">\n\t\t\t\t\t\t\t\t\t<p>El m\u00e9s atractiu \u00e9s el conjunt de pl\u00e0nols de vint pobles de colonitzaci\u00f3 de la zona. S&#8217;hi pot apreciar la diversitat de models de planificaci\u00f3 utilitzats.<\/p>\t\t\t\t\t\t\t\t<\/div>\n\t\t\t\t<\/div>\n\t\t\t\t<div class=\"elementor-element elementor-element-c86fa52 elementor-widget elementor-widget-image\" data-id=\"c86fa52\" data-element_type=\"widget\" data-e-type=\"widget\" data-widget_type=\"image.default\">\n\t\t\t\t<div class=\"elementor-widget-container\">\n\t\t\t\t\t\t\t\t\t\t\t\t<figure class=\"wp-caption\">\n\t\t\t\t\t\t\t\t\t\t<img loading=\"lazy\" decoding=\"async\" width=\"768\" height=\"433\" src=\"https:\/\/www.elturistatranquil.com\/wp-content\/uploads\/F34-Centro-Interpretacion-Pueblos-Colonizacion-Sodeto-Huesca.jpg\" class=\"attachment-large size-large wp-image-51117\" alt=\"Centro Interpretacion Pueblos Colonizacion, Sodeto, Huesca\" srcset=\"https:\/\/www.elturistatranquil.com\/wp-content\/uploads\/F34-Centro-Interpretacion-Pueblos-Colonizacion-Sodeto-Huesca.jpg 768w, https:\/\/www.elturistatranquil.com\/wp-content\/uploads\/F34-Centro-Interpretacion-Pueblos-Colonizacion-Sodeto-Huesca-339x191.jpg 339w\" sizes=\"(max-width: 768px) 100vw, 768px\" \/>\t\t\t\t\t\t\t\t\t\t\t<figcaption class=\"widget-image-caption wp-caption-text\"><\/figcaption>\n\t\t\t\t\t\t\t\t\t\t<\/figure>\n\t\t\t\t\t\t\t\t\t<\/div>\n\t\t\t\t<\/div>\n\t\t\t\t<div class=\"elementor-element elementor-element-a848d5a elementor-widget elementor-widget-text-editor\" data-id=\"a848d5a\" data-element_type=\"widget\" data-e-type=\"widget\" data-widget_type=\"text-editor.default\">\n\t\t\t\t<div class=\"elementor-widget-container\">\n\t\t\t\t\t\t\t\t\t<p>A m\u00e9s, dues magn\u00edfiques maquetes ens mostren l&#8217;estructura urbana de Sodeto i la casa del majoral, que \u00e9s precisament el lloc adaptat per al Centre d&#8217;Interpretaci\u00f3.<\/p>\t\t\t\t\t\t\t\t<\/div>\n\t\t\t\t<\/div>\n\t\t\t\t<div class=\"elementor-element elementor-element-13d3092 elementor-widget elementor-widget-image\" data-id=\"13d3092\" data-element_type=\"widget\" data-e-type=\"widget\" data-widget_type=\"image.default\">\n\t\t\t\t<div class=\"elementor-widget-container\">\n\t\t\t\t\t\t\t\t\t\t\t\t<figure class=\"wp-caption\">\n\t\t\t\t\t\t\t\t\t\t<img loading=\"lazy\" decoding=\"async\" width=\"768\" height=\"402\" src=\"https:\/\/www.elturistatranquil.com\/wp-content\/uploads\/F36-Centro-Interpretacion-Pueblos-Colonizacion-Sodeto-Huesca.jpg\" class=\"attachment-large size-large wp-image-51119\" alt=\"Centro Interpretacion Pueblos Colonizacion, Sodeto, Huesca\" srcset=\"https:\/\/www.elturistatranquil.com\/wp-content\/uploads\/F36-Centro-Interpretacion-Pueblos-Colonizacion-Sodeto-Huesca.jpg 768w, https:\/\/www.elturistatranquil.com\/wp-content\/uploads\/F36-Centro-Interpretacion-Pueblos-Colonizacion-Sodeto-Huesca-339x177.jpg 339w\" sizes=\"(max-width: 768px) 100vw, 768px\" \/>\t\t\t\t\t\t\t\t\t\t\t<figcaption class=\"widget-image-caption wp-caption-text\"><\/figcaption>\n\t\t\t\t\t\t\t\t\t\t<\/figure>\n\t\t\t\t\t\t\t\t\t<\/div>\n\t\t\t\t<\/div>\n\t\t\t\t<div class=\"elementor-element elementor-element-362fc83 elementor-widget elementor-widget-heading\" data-id=\"362fc83\" data-element_type=\"widget\" data-e-type=\"widget\" data-widget_type=\"heading.default\">\n\t\t\t\t<div class=\"elementor-widget-container\">\n\t\t\t\t\t<h2 class=\"elementor-heading-title elementor-size-default\">Recorregut de la visita<\/h2>\t\t\t\t<\/div>\n\t\t\t\t<\/div>\n\t\t\t\t<div class=\"elementor-element elementor-element-00b8618 elementor-widget elementor-widget-text-editor\" data-id=\"00b8618\" data-element_type=\"widget\" data-e-type=\"widget\" data-widget_type=\"text-editor.default\">\n\t\t\t\t<div class=\"elementor-widget-container\">\n\t\t\t\t\t\t\t\t\t<p>Dels 16 pobles de colonitzaci\u00f3 que es van construir a la <strong>zona La Violada-Monegres<\/strong> durant les tres etapes assenyalades, en vaig triar cinc per visitar durant una jornada, en un recorregut total d&#8217;uns 140 quil\u00f2metres, que es va allargar des de les 9 fins a les 18 hores.<\/p><p>Els dos criteris d&#8217;elecci\u00f3 van ser: que abast\u00e9s realitzacions de tot el per\u00edode, i que s&#8217;incloguessin tots els tipus base de la morfologia urbana en que hem vist que es basava el disseny d&#8217;aquests poblats agraris.<\/p>\t\t\t\t\t\t\t\t<\/div>\n\t\t\t\t<\/div>\n\t\t\t\t<div class=\"elementor-element elementor-element-ec632c2 elementor-widget elementor-widget-image\" data-id=\"ec632c2\" data-element_type=\"widget\" data-e-type=\"widget\" data-widget_type=\"image.default\">\n\t\t\t\t<div class=\"elementor-widget-container\">\n\t\t\t\t\t\t\t\t\t\t\t\t<figure class=\"wp-caption\">\n\t\t\t\t\t\t\t\t\t\t<img loading=\"lazy\" decoding=\"async\" width=\"768\" height=\"512\" src=\"https:\/\/www.elturistatranquil.com\/wp-content\/uploads\/F37-Visita-Pueblos-Colonizacion-Monegros-sobre-Google-maps-2024-02-17.jpg\" class=\"attachment-large size-large wp-image-51121\" alt=\"Visita Pueblos Colonizacion Monegros (sobre-Google-maps-2024-02-17)\" srcset=\"https:\/\/www.elturistatranquil.com\/wp-content\/uploads\/F37-Visita-Pueblos-Colonizacion-Monegros-sobre-Google-maps-2024-02-17.jpg 768w, https:\/\/www.elturistatranquil.com\/wp-content\/uploads\/F37-Visita-Pueblos-Colonizacion-Monegros-sobre-Google-maps-2024-02-17-339x226.jpg 339w\" sizes=\"(max-width: 768px) 100vw, 768px\" \/>\t\t\t\t\t\t\t\t\t\t\t<figcaption class=\"widget-image-caption wp-caption-text\">L\u00ednia blava del recorregut i parades (elaborat sobre Google maps 2024-02-19)<\/figcaption>\n\t\t\t\t\t\t\t\t\t\t<\/figure>\n\t\t\t\t\t\t\t\t\t<\/div>\n\t\t\t\t<\/div>\n\t\t\t\t<div class=\"elementor-element elementor-element-5cf84ab elementor-widget elementor-widget-text-editor\" data-id=\"5cf84ab\" data-element_type=\"widget\" data-e-type=\"widget\" data-widget_type=\"text-editor.default\">\n\t\t\t\t<div class=\"elementor-widget-container\">\n\t\t\t\t\t\t\t\t\t<p>El recorregut (l\u00ednia blava) va comen\u00e7ar a <strong>San Juan del Flumen<\/strong>(<strong>A<\/strong>), va continuar per <strong>Frula<\/strong> (<strong>D<\/strong>), <strong>El Temple<\/strong> (<strong>F<\/strong>), l\u2019<strong>embassament de La Sotonera<\/strong> (<strong>G<\/strong>), <strong>Curbe<\/strong>, (<strong>H<\/strong>), per acabar a <strong>Sodeto<\/strong> (<strong>I<\/strong>), el <strong>Centre d&#8217;Interpretaci\u00f3 <\/strong>i el<strong> cementiti<\/strong>. Pel cam\u00ed un parell de parades per observar el <strong>canal de Monegres<\/strong> (<strong>B<\/strong>, <strong>C<\/strong>) i un tram d&#8217;<strong>aq\u00fceducte<\/strong> (<strong>E<\/strong>). Una parada per dinar al restaurant del <strong>Club N\u00e0utic de La Sotonera<\/strong>, en una terrassa davant de l&#8217;embassament.<\/p><p>Un dia intens per\u00f2 satisfactori.<\/p><p>A la presentaci\u00f3 seg\u00fcent, intercalar\u00e9 una <strong>refer\u00e8ncia sobre els pobles de colonitzaci\u00f3 del recorregut no visitats<\/strong>, cosa que ens oferir\u00e0 una imatge global de tota l&#8217;actuaci\u00f3 del <strong>Instituto Nacional de Colonizaci\u00f3n<\/strong> (<strong>INC<\/strong>) en aquesta zona de terres d&#8217;Osca\/Saragossa.<\/p>\t\t\t\t\t\t\t\t<\/div>\n\t\t\t\t<\/div>\n\t\t\t\t<div class=\"elementor-element elementor-element-a19c4ea elementor-widget elementor-widget-heading\" data-id=\"a19c4ea\" data-element_type=\"widget\" data-e-type=\"widget\" data-widget_type=\"heading.default\">\n\t\t\t\t<div class=\"elementor-widget-container\">\n\t\t\t\t\t<h3 class=\"elementor-heading-title elementor-size-default\">San Juan del Flumen<\/h3>\t\t\t\t<\/div>\n\t\t\t\t<\/div>\n\t\t\t\t<div class=\"elementor-element elementor-element-c940bf8 elementor-widget elementor-widget-text-editor\" data-id=\"c940bf8\" data-element_type=\"widget\" data-e-type=\"widget\" data-widget_type=\"text-editor.default\">\n\t\t\t\t<div class=\"elementor-widget-container\">\n\t\t\t\t\t\t\t\t\t<p>Com que el viatger no escull la meteorologia del dia de la visita, em vaig trobar San Juan del Flumen embolicat amb la boira, que li va atorgar un cert aire misteri\u00f3s a la visita, sense que imped\u00eds apreciar els elements que estava interessat a observar.<\/p>\t\t\t\t\t\t\t\t<\/div>\n\t\t\t\t<\/div>\n\t\t\t\t<div class=\"elementor-element elementor-element-92ac4d3 elementor-widget elementor-widget-image\" data-id=\"92ac4d3\" data-element_type=\"widget\" data-e-type=\"widget\" data-widget_type=\"image.default\">\n\t\t\t\t<div class=\"elementor-widget-container\">\n\t\t\t\t\t\t\t\t\t\t\t\t<figure class=\"wp-caption\">\n\t\t\t\t\t\t\t\t\t\t<img loading=\"lazy\" decoding=\"async\" width=\"768\" height=\"459\" src=\"https:\/\/www.elturistatranquil.com\/wp-content\/uploads\/F38-San-Juan-de-Flumen-Huesca-Google-earth-2024-02-15.jpg\" class=\"attachment-large size-large wp-image-51123\" alt=\"San Juan del Flumen, Huesca (Google earth 2024-02-15)\" srcset=\"https:\/\/www.elturistatranquil.com\/wp-content\/uploads\/F38-San-Juan-de-Flumen-Huesca-Google-earth-2024-02-15.jpg 768w, https:\/\/www.elturistatranquil.com\/wp-content\/uploads\/F38-San-Juan-de-Flumen-Huesca-Google-earth-2024-02-15-339x203.jpg 339w\" sizes=\"(max-width: 768px) 100vw, 768px\" \/>\t\t\t\t\t\t\t\t\t\t\t<figcaption class=\"widget-image-caption wp-caption-text\">(Google earth 2024-02-15)<\/figcaption>\n\t\t\t\t\t\t\t\t\t\t<\/figure>\n\t\t\t\t\t\t\t\t\t<\/div>\n\t\t\t\t<\/div>\n\t\t\t\t<div class=\"elementor-element elementor-element-65dcb55 elementor-widget elementor-widget-text-editor\" data-id=\"65dcb55\" data-element_type=\"widget\" data-e-type=\"widget\" data-widget_type=\"text-editor.default\">\n\t\t\t\t<div class=\"elementor-widget-container\">\n\t\t\t\t\t\t\t\t\t<p>Poble colonitzaci\u00f3: <strong>Sant Joan del Flumen<\/strong>. Municipi: Sari\u00f1ena. Prov\u00edncia: Osca. Coordenades: 41\u00b046\u203211\u2033N 0\u00b013\u203255\u2033W.<\/p><p>Pla: La zona del canal de Monegres III. Any planificaci\u00f3: 1956. Any ocupaci\u00f3: 1968. Arquitectes: Antonio Barbany Bail\u00f3.<\/p><p>Colons: 198. Obrers: 15. Altres: 13. Total cases: 226. Poblaci\u00f3 2000: 355 habitants. Poblaci\u00f3 2023: 334 habitants (-5,92%).<\/p><p>Pattern urban\u00edstic: ortogonal regular; trapezi circular.<\/p><p><strong>San Juan del Flumen <\/strong>(<strong>A<\/strong>) \u00e9s una pedania del municipi de Sari\u00f1ena, situat a la zona sud del conjunt.<\/p><p>Forma part de la fase III, projectat el 1956 per l&#8217;arquitecte Antonio Barbany Bail\u00f3 i acabat el 1968, amb un total 226 cases, sent el major poblat dels projectats a la zona.<\/p><p>Sobre el primer projecte del 1956 de l&#8217;arquitecte Antonio Barbany Bail\u00f3 es van iniciar les obres.<\/p>\t\t\t\t\t\t\t\t<\/div>\n\t\t\t\t<\/div>\n\t\t\t\t<div class=\"elementor-element elementor-element-46e148c elementor-widget elementor-widget-image\" data-id=\"46e148c\" data-element_type=\"widget\" data-e-type=\"widget\" data-widget_type=\"image.default\">\n\t\t\t\t<div class=\"elementor-widget-container\">\n\t\t\t\t\t\t\t\t\t\t\t\t<figure class=\"wp-caption\">\n\t\t\t\t\t\t\t\t\t\t<img loading=\"lazy\" decoding=\"async\" width=\"768\" height=\"512\" src=\"https:\/\/www.elturistatranquil.com\/wp-content\/uploads\/F39-San-Juan-del-Flumen-Proyecto-1956.jpg\" class=\"attachment-large size-large wp-image-51125\" alt=\"San-Juan-del-Flumen, Proyecto-1956\" srcset=\"https:\/\/www.elturistatranquil.com\/wp-content\/uploads\/F39-San-Juan-del-Flumen-Proyecto-1956.jpg 768w, https:\/\/www.elturistatranquil.com\/wp-content\/uploads\/F39-San-Juan-del-Flumen-Proyecto-1956-339x226.jpg 339w\" sizes=\"(max-width: 768px) 100vw, 768px\" \/>\t\t\t\t\t\t\t\t\t\t\t<figcaption class=\"widget-image-caption wp-caption-text\"><\/figcaption>\n\t\t\t\t\t\t\t\t\t\t<\/figure>\n\t\t\t\t\t\t\t\t\t<\/div>\n\t\t\t\t<\/div>\n\t\t\t\t<div class=\"elementor-element elementor-element-43cf44e elementor-widget elementor-widget-text-editor\" data-id=\"43cf44e\" data-element_type=\"widget\" data-e-type=\"widget\" data-widget_type=\"text-editor.default\">\n\t\t\t\t<div class=\"elementor-widget-container\">\n\t\t\t\t\t\t\t\t\t<p>Per\u00f2, el 1958, Barbany va haver de dissenyar una nova urbanitzaci\u00f3, que havia de respectar els edificis comunals ja constru\u00efts, per augmentar la dimensi\u00f3 fins a 198 colons, 15 obrers i 13 ocupacions diverses, cosa que en fa un total de 226. Al final, es va tractar del major poblat dels projectats a la zona.<\/p><p>Com es pot apreciar en la comparaci\u00f3 entre el pla inicial anterior i el segon, les difer\u00e8ncies s\u00f3n notables, tot i que la tra\u00e7a en arc ja s&#8217;intu\u00efa en el primer disseny.<\/p><p>L&#8217;any 2000 tenia 355 habitants que havien disminu\u00eft a 334 el 2023.<\/p>\t\t\t\t\t\t\t\t<\/div>\n\t\t\t\t<\/div>\n\t\t\t\t<div class=\"elementor-element elementor-element-14d7c2d elementor-widget elementor-widget-heading\" data-id=\"14d7c2d\" data-element_type=\"widget\" data-e-type=\"widget\" data-widget_type=\"heading.default\">\n\t\t\t\t<div class=\"elementor-widget-container\">\n\t\t\t\t\t<h5 class=\"elementor-heading-title elementor-size-default\">Tipologia de patrons urbans<\/h5>\t\t\t\t<\/div>\n\t\t\t\t<\/div>\n\t\t\t\t<div class=\"elementor-element elementor-element-c58a819 elementor-widget elementor-widget-image\" data-id=\"c58a819\" data-element_type=\"widget\" data-e-type=\"widget\" data-widget_type=\"image.default\">\n\t\t\t\t<div class=\"elementor-widget-container\">\n\t\t\t\t\t\t\t\t\t\t\t\t<figure class=\"wp-caption\">\n\t\t\t\t\t\t\t\t\t\t<img loading=\"lazy\" decoding=\"async\" width=\"768\" height=\"512\" src=\"https:\/\/www.elturistatranquil.com\/wp-content\/uploads\/F40-San-Juan-del-Flumen-Huesca-Google-earth-2024-02-15.jpg\" class=\"attachment-large size-large wp-image-51127\" alt=\"San Juan del Flumen, Huesca (Google earth 2024-02-15)\" srcset=\"https:\/\/www.elturistatranquil.com\/wp-content\/uploads\/F40-San-Juan-del-Flumen-Huesca-Google-earth-2024-02-15.jpg 768w, https:\/\/www.elturistatranquil.com\/wp-content\/uploads\/F40-San-Juan-del-Flumen-Huesca-Google-earth-2024-02-15-339x226.jpg 339w\" sizes=\"(max-width: 768px) 100vw, 768px\" \/>\t\t\t\t\t\t\t\t\t\t\t<figcaption class=\"widget-image-caption wp-caption-text\">(Sobre Google earth 2024-02-15)<\/figcaption>\n\t\t\t\t\t\t\t\t\t\t<\/figure>\n\t\t\t\t\t\t\t\t\t<\/div>\n\t\t\t\t<\/div>\n\t\t\t\t<div class=\"elementor-element elementor-element-56ad0b7 elementor-widget elementor-widget-text-editor\" data-id=\"56ad0b7\" data-element_type=\"widget\" data-e-type=\"widget\" data-widget_type=\"text-editor.default\">\n\t\t\t\t<div class=\"elementor-widget-container\">\n\t\t\t\t\t\t\t\t\t<p>Al segon disseny de San Juan del Flumen es va aplicar el model morfol\u00f2gic de forma de trapezi circular, amb les dues ales del trapezi allargades amb pol\u00edgons ortogonals regulars.<\/p>\t\t\t\t\t\t\t\t<\/div>\n\t\t\t\t<\/div>\n\t\t\t\t<div class=\"elementor-element elementor-element-a8e84ae elementor-widget elementor-widget-heading\" data-id=\"a8e84ae\" data-element_type=\"widget\" data-e-type=\"widget\" data-widget_type=\"heading.default\">\n\t\t\t\t<div class=\"elementor-widget-container\">\n\t\t\t\t\t<h5 class=\"elementor-heading-title elementor-size-default\">Els eixos articuladors i tipologies de carrers<\/h5>\t\t\t\t<\/div>\n\t\t\t\t<\/div>\n\t\t\t\t<div class=\"elementor-element elementor-element-3ca5753 elementor-widget elementor-widget-text-editor\" data-id=\"3ca5753\" data-element_type=\"widget\" data-e-type=\"widget\" data-widget_type=\"text-editor.default\">\n\t\t\t\t<div class=\"elementor-widget-container\">\n\t\t\t\t\t\t\t\t\t<p>Comencem pel record que els ve\u00efns han anat dedicant als que van fer el poble i comunitat des del no-res i amb el seu esfor\u00e7.<\/p>\t\t\t\t\t\t\t\t<\/div>\n\t\t\t\t<\/div>\n\t\t\t\t<section class=\"elementor-section elementor-inner-section elementor-element elementor-element-3c7f8f7 elementor-section-boxed elementor-section-height-default elementor-section-height-default\" data-id=\"3c7f8f7\" data-element_type=\"section\" data-e-type=\"section\">\n\t\t\t\t\t\t<div class=\"elementor-container elementor-column-gap-default\">\n\t\t\t\t\t<div class=\"elementor-column elementor-col-50 elementor-inner-column elementor-element elementor-element-401c85c\" data-id=\"401c85c\" data-element_type=\"column\" data-e-type=\"column\">\n\t\t\t<div class=\"elementor-widget-wrap elementor-element-populated\">\n\t\t\t\t\t\t<div class=\"elementor-element elementor-element-c236b24 elementor-widget elementor-widget-image\" data-id=\"c236b24\" data-element_type=\"widget\" data-e-type=\"widget\" data-widget_type=\"image.default\">\n\t\t\t\t<div class=\"elementor-widget-container\">\n\t\t\t\t\t\t\t\t\t\t\t\t\t\t\t<img loading=\"lazy\" decoding=\"async\" width=\"380\" height=\"380\" src=\"https:\/\/www.elturistatranquil.com\/wp-content\/uploads\/F40m-San-Juan-de-Flumen-Huesca.jpg\" class=\"attachment-large size-large wp-image-51135\" alt=\"San Juan del Flumen, Huesca\" srcset=\"https:\/\/www.elturistatranquil.com\/wp-content\/uploads\/F40m-San-Juan-de-Flumen-Huesca.jpg 380w, https:\/\/www.elturistatranquil.com\/wp-content\/uploads\/F40m-San-Juan-de-Flumen-Huesca-226x226.jpg 226w\" sizes=\"(max-width: 380px) 100vw, 380px\" \/>\t\t\t\t\t\t\t\t\t\t\t\t\t\t\t<\/div>\n\t\t\t\t<\/div>\n\t\t\t\t\t<\/div>\n\t\t<\/div>\n\t\t\t\t<div class=\"elementor-column elementor-col-50 elementor-inner-column elementor-element elementor-element-3cf0167\" data-id=\"3cf0167\" data-element_type=\"column\" data-e-type=\"column\">\n\t\t\t<div class=\"elementor-widget-wrap elementor-element-populated\">\n\t\t\t\t\t\t<div class=\"elementor-element elementor-element-286b7cf elementor-widget elementor-widget-image\" data-id=\"286b7cf\" data-element_type=\"widget\" data-e-type=\"widget\" data-widget_type=\"image.default\">\n\t\t\t\t<div class=\"elementor-widget-container\">\n\t\t\t\t\t\t\t\t\t\t\t\t\t\t\t<img loading=\"lazy\" decoding=\"async\" width=\"380\" height=\"380\" src=\"https:\/\/www.elturistatranquil.com\/wp-content\/uploads\/F40n-San-Juan-del-Flumen-Huesca.jpg\" class=\"attachment-large size-large wp-image-51137\" alt=\"San Juan del Flumen, Huesca\" srcset=\"https:\/\/www.elturistatranquil.com\/wp-content\/uploads\/F40n-San-Juan-del-Flumen-Huesca.jpg 380w, https:\/\/www.elturistatranquil.com\/wp-content\/uploads\/F40n-San-Juan-del-Flumen-Huesca-226x226.jpg 226w\" sizes=\"(max-width: 380px) 100vw, 380px\" \/>\t\t\t\t\t\t\t\t\t\t\t\t\t\t\t<\/div>\n\t\t\t\t<\/div>\n\t\t\t\t\t<\/div>\n\t\t<\/div>\n\t\t\t\t\t<\/div>\n\t\t<\/section>\n\t\t\t\t<div class=\"elementor-element elementor-element-2a388bc elementor-widget elementor-widget-text-editor\" data-id=\"2a388bc\" data-element_type=\"widget\" data-e-type=\"widget\" data-widget_type=\"text-editor.default\">\n\t\t\t\t<div class=\"elementor-widget-container\">\n\t\t\t\t\t\t\t\t\t<p>\u00a0<\/p><p>Simbolitzats en aquestes siluetes escult\u00f2riques.<\/p>\t\t\t\t\t\t\t\t<\/div>\n\t\t\t\t<\/div>\n\t\t\t\t<div class=\"elementor-element elementor-element-4d15390 elementor-widget elementor-widget-image\" data-id=\"4d15390\" data-element_type=\"widget\" data-e-type=\"widget\" data-widget_type=\"image.default\">\n\t\t\t\t<div class=\"elementor-widget-container\">\n\t\t\t\t\t\t\t\t\t\t\t\t<figure class=\"wp-caption\">\n\t\t\t\t\t\t\t\t\t\t<img loading=\"lazy\" decoding=\"async\" width=\"768\" height=\"512\" src=\"https:\/\/www.elturistatranquil.com\/wp-content\/uploads\/F40s-San-Juan-del-Flumen-Huesca.jpg\" class=\"attachment-large size-large wp-image-51139\" alt=\"San Juan del Flumen, Huesca\" srcset=\"https:\/\/www.elturistatranquil.com\/wp-content\/uploads\/F40s-San-Juan-del-Flumen-Huesca.jpg 768w, https:\/\/www.elturistatranquil.com\/wp-content\/uploads\/F40s-San-Juan-del-Flumen-Huesca-339x226.jpg 339w\" sizes=\"(max-width: 768px) 100vw, 768px\" \/>\t\t\t\t\t\t\t\t\t\t\t<figcaption class=\"widget-image-caption wp-caption-text\"><\/figcaption>\n\t\t\t\t\t\t\t\t\t\t<\/figure>\n\t\t\t\t\t\t\t\t\t<\/div>\n\t\t\t\t<\/div>\n\t\t\t\t<div class=\"elementor-element elementor-element-5eb2229 elementor-widget elementor-widget-text-editor\" data-id=\"5eb2229\" data-element_type=\"widget\" data-e-type=\"widget\" data-widget_type=\"text-editor.default\">\n\t\t\t\t<div class=\"elementor-widget-container\">\n\t\t\t\t\t\t\t\t\t<p>Els eixos urbans articuladors nord-sud s\u00f3n rectilinis, i segueixen les l\u00ednies radials del trapezi circular. L&#8217;eix central, <strong>carrer de la Rosa<\/strong>, per on s&#8217;entra al poble, acaba a la pla\u00e7a central, i la continuaci\u00f3 cap al nord es despla\u00e7a a llevant. D&#8217;aquesta manera, la visual que se n&#8217;obt\u00e9 \u00e9s un fons amb la torre de l&#8217;esgl\u00e9sia dominant el conjunt.<\/p><p>Per for\u00e7ar el paper dominant de la torre de l&#8217;esgl\u00e9sia, que formava part de la simbologia espacial a tots els poblats, la soluci\u00f3 adoptada va ser situar-la exempta respecte de l&#8217;edifici del temple perqu\u00e8 ocup\u00e9s la seva posici\u00f3 sobre l&#8217;eix del vial.<\/p><p>Com en molts altres casos, l&#8217;al\u00e7ada est\u00e0 sobredimensionada respecte a la funci\u00f3 lit\u00fargica, i nom\u00e9s s&#8217;ent\u00e9n en termes d&#8217;estructura simb\u00f2lica de poder.<\/p>\t\t\t\t\t\t\t\t<\/div>\n\t\t\t\t<\/div>\n\t\t\t\t<div class=\"elementor-element elementor-element-6bac847 elementor-widget elementor-widget-image\" data-id=\"6bac847\" data-element_type=\"widget\" data-e-type=\"widget\" data-widget_type=\"image.default\">\n\t\t\t\t<div class=\"elementor-widget-container\">\n\t\t\t\t\t\t\t\t\t\t\t\t<figure class=\"wp-caption\">\n\t\t\t\t\t\t\t\t\t\t<img loading=\"lazy\" decoding=\"async\" width=\"768\" height=\"512\" src=\"https:\/\/www.elturistatranquil.com\/wp-content\/uploads\/F41-San-Juan-del-Flumen-Huesca.jpg\" class=\"attachment-large size-large wp-image-51141\" alt=\"San Juan del Flumen, Huesca\" srcset=\"https:\/\/www.elturistatranquil.com\/wp-content\/uploads\/F41-San-Juan-del-Flumen-Huesca.jpg 768w, https:\/\/www.elturistatranquil.com\/wp-content\/uploads\/F41-San-Juan-del-Flumen-Huesca-339x226.jpg 339w\" sizes=\"(max-width: 768px) 100vw, 768px\" \/>\t\t\t\t\t\t\t\t\t\t\t<figcaption class=\"widget-image-caption wp-caption-text\"><\/figcaption>\n\t\t\t\t\t\t\t\t\t\t<\/figure>\n\t\t\t\t\t\t\t\t\t<\/div>\n\t\t\t\t<\/div>\n\t\t\t\t<div class=\"elementor-element elementor-element-137f469 elementor-widget elementor-widget-text-editor\" data-id=\"137f469\" data-element_type=\"widget\" data-e-type=\"widget\" data-widget_type=\"text-editor.default\">\n\t\t\t\t<div class=\"elementor-widget-container\">\n\t\t\t\t\t\t\t\t\t<p>Tots els carrers tenen una bona amplada de 10 metres i els passatges de 9 metres.<\/p><p>Als costats del trapezi circular es prolonguen els altres dos carrers radials rectilinis, el <strong>carrer Progreso<\/strong> i el <strong>carrer Alcanadre<\/strong>.<\/p>\t\t\t\t\t\t\t\t<\/div>\n\t\t\t\t<\/div>\n\t\t\t\t<div class=\"elementor-element elementor-element-e890f24 elementor-widget elementor-widget-image\" data-id=\"e890f24\" data-element_type=\"widget\" data-e-type=\"widget\" data-widget_type=\"image.default\">\n\t\t\t\t<div class=\"elementor-widget-container\">\n\t\t\t\t\t\t\t\t\t\t\t\t<figure class=\"wp-caption\">\n\t\t\t\t\t\t\t\t\t\t<img loading=\"lazy\" decoding=\"async\" width=\"768\" height=\"511\" src=\"https:\/\/www.elturistatranquil.com\/wp-content\/uploads\/F42-San-Juan-del-Flumen-Huesca.jpg\" class=\"attachment-large size-large wp-image-51143\" alt=\"San Juan del Flumen, Huesca\" srcset=\"https:\/\/www.elturistatranquil.com\/wp-content\/uploads\/F42-San-Juan-del-Flumen-Huesca.jpg 768w, https:\/\/www.elturistatranquil.com\/wp-content\/uploads\/F42-San-Juan-del-Flumen-Huesca-339x226.jpg 339w\" sizes=\"(max-width: 768px) 100vw, 768px\" \/>\t\t\t\t\t\t\t\t\t\t\t<figcaption class=\"widget-image-caption wp-caption-text\"><\/figcaption>\n\t\t\t\t\t\t\t\t\t\t<\/figure>\n\t\t\t\t\t\t\t\t\t<\/div>\n\t\t\t\t<\/div>\n\t\t\t\t<div class=\"elementor-element elementor-element-0fa9e5d elementor-widget elementor-widget-text-editor\" data-id=\"0fa9e5d\" data-element_type=\"widget\" data-e-type=\"widget\" data-widget_type=\"text-editor.default\">\n\t\t\t\t<div class=\"elementor-widget-container\">\n\t\t\t\t\t\t\t\t\t<p>Per la seva banda, els eixos llevant-ponent segueixen la corba del trapezi circular, de manera que s&#8217;aconsegueix un dels objectius que no hi hagi llargs carrers rectes que puguin donar la sensaci\u00f3 de conjunt urb\u00e0 de ciutat.<\/p><p>El <strong>carrer de San Juan<\/strong> constitueix l&#8217;eix principal que travessa la pla\u00e7a central.<\/p><p>El carrer Sant Joan en direcci\u00f3 llevant i en direcci\u00f3 ponent.<\/p>\t\t\t\t\t\t\t\t<\/div>\n\t\t\t\t<\/div>\n\t\t\t\t<div class=\"elementor-element elementor-element-c4a44d2 elementor-widget elementor-widget-image\" data-id=\"c4a44d2\" data-element_type=\"widget\" data-e-type=\"widget\" data-widget_type=\"image.default\">\n\t\t\t\t<div class=\"elementor-widget-container\">\n\t\t\t\t\t\t\t\t\t\t\t\t<figure class=\"wp-caption\">\n\t\t\t\t\t\t\t\t\t\t<img loading=\"lazy\" decoding=\"async\" width=\"768\" height=\"512\" src=\"https:\/\/www.elturistatranquil.com\/wp-content\/uploads\/F43-San-Juan-del-Flumen-Huesca.jpg\" class=\"attachment-large size-large wp-image-51148\" alt=\"San Juan del Flumen, Huesca\" srcset=\"https:\/\/www.elturistatranquil.com\/wp-content\/uploads\/F43-San-Juan-del-Flumen-Huesca.jpg 768w, https:\/\/www.elturistatranquil.com\/wp-content\/uploads\/F43-San-Juan-del-Flumen-Huesca-339x226.jpg 339w\" sizes=\"(max-width: 768px) 100vw, 768px\" \/>\t\t\t\t\t\t\t\t\t\t\t<figcaption class=\"widget-image-caption wp-caption-text\"><\/figcaption>\n\t\t\t\t\t\t\t\t\t\t<\/figure>\n\t\t\t\t\t\t\t\t\t<\/div>\n\t\t\t\t<\/div>\n\t\t\t\t<div class=\"elementor-element elementor-element-a511082 elementor-widget elementor-widget-image\" data-id=\"a511082\" data-element_type=\"widget\" data-e-type=\"widget\" data-widget_type=\"image.default\">\n\t\t\t\t<div class=\"elementor-widget-container\">\n\t\t\t\t\t\t\t\t\t\t\t\t<figure class=\"wp-caption\">\n\t\t\t\t\t\t\t\t\t\t<img loading=\"lazy\" decoding=\"async\" width=\"768\" height=\"511\" src=\"https:\/\/www.elturistatranquil.com\/wp-content\/uploads\/F44-San-Juan-del-Flumen-Huesca.jpg\" class=\"attachment-large size-large wp-image-51150\" alt=\"San Juan del Flumen, Huesca\" srcset=\"https:\/\/www.elturistatranquil.com\/wp-content\/uploads\/F44-San-Juan-del-Flumen-Huesca.jpg 768w, https:\/\/www.elturistatranquil.com\/wp-content\/uploads\/F44-San-Juan-del-Flumen-Huesca-339x226.jpg 339w\" sizes=\"(max-width: 768px) 100vw, 768px\" \/>\t\t\t\t\t\t\t\t\t\t\t<figcaption class=\"widget-image-caption wp-caption-text\"><\/figcaption>\n\t\t\t\t\t\t\t\t\t\t<\/figure>\n\t\t\t\t\t\t\t\t\t<\/div>\n\t\t\t\t<\/div>\n\t\t\t\t<div class=\"elementor-element elementor-element-34219ac elementor-widget elementor-widget-text-editor\" data-id=\"34219ac\" data-element_type=\"widget\" data-e-type=\"widget\" data-widget_type=\"text-editor.default\">\n\t\t\t\t<div class=\"elementor-widget-container\">\n\t\t\t\t\t\t\t\t\t<p>Aquest \u00e9s l\u2019aspecte del <strong>carrer de las Nieves<\/strong>, que forma l\u2019arc exterior que limita al nord la poblaci\u00f3, on les cases donen al camp.<\/p>\t\t\t\t\t\t\t\t<\/div>\n\t\t\t\t<\/div>\n\t\t\t\t<div class=\"elementor-element elementor-element-75d6879 elementor-widget elementor-widget-image\" data-id=\"75d6879\" data-element_type=\"widget\" data-e-type=\"widget\" data-widget_type=\"image.default\">\n\t\t\t\t<div class=\"elementor-widget-container\">\n\t\t\t\t\t\t\t\t\t\t\t\t<figure class=\"wp-caption\">\n\t\t\t\t\t\t\t\t\t\t<img loading=\"lazy\" decoding=\"async\" width=\"768\" height=\"511\" src=\"https:\/\/www.elturistatranquil.com\/wp-content\/uploads\/F45-San-Juan-del-Flumen-Huesca.jpg\" class=\"attachment-large size-large wp-image-51152\" alt=\"San Juan del Flumen, Huesca\" srcset=\"https:\/\/www.elturistatranquil.com\/wp-content\/uploads\/F45-San-Juan-del-Flumen-Huesca.jpg 768w, https:\/\/www.elturistatranquil.com\/wp-content\/uploads\/F45-San-Juan-del-Flumen-Huesca-339x226.jpg 339w\" sizes=\"(max-width: 768px) 100vw, 768px\" \/>\t\t\t\t\t\t\t\t\t\t\t<figcaption class=\"widget-image-caption wp-caption-text\"><\/figcaption>\n\t\t\t\t\t\t\t\t\t\t<\/figure>\n\t\t\t\t\t\t\t\t\t<\/div>\n\t\t\t\t<\/div>\n\t\t\t\t<div class=\"elementor-element elementor-element-543f492 elementor-widget elementor-widget-text-editor\" data-id=\"543f492\" data-element_type=\"widget\" data-e-type=\"widget\" data-widget_type=\"text-editor.default\">\n\t\t\t\t<div class=\"elementor-widget-container\">\n\t\t\t\t\t\t\t\t\t<p>La longitud m\u00e9s gran dels carrers dels dos arcs exteriors va portar a introduir eixos viaris radials de dues illes de longitud. De fet, aquests carrers actuen de passatges sense accessos a les parcel\u00b7les.<\/p>\t\t\t\t\t\t\t\t<\/div>\n\t\t\t\t<\/div>\n\t\t\t\t<div class=\"elementor-element elementor-element-b251bcc elementor-widget elementor-widget-image\" data-id=\"b251bcc\" data-element_type=\"widget\" data-e-type=\"widget\" data-widget_type=\"image.default\">\n\t\t\t\t<div class=\"elementor-widget-container\">\n\t\t\t\t\t\t\t\t\t\t\t\t<figure class=\"wp-caption\">\n\t\t\t\t\t\t\t\t\t\t<img loading=\"lazy\" decoding=\"async\" width=\"768\" height=\"511\" src=\"https:\/\/www.elturistatranquil.com\/wp-content\/uploads\/F46-San-Juan-del-Flumen-Huesca.jpg\" class=\"attachment-large size-large wp-image-51154\" alt=\"San Juan del Flumen, Huesca\" srcset=\"https:\/\/www.elturistatranquil.com\/wp-content\/uploads\/F46-San-Juan-del-Flumen-Huesca.jpg 768w, https:\/\/www.elturistatranquil.com\/wp-content\/uploads\/F46-San-Juan-del-Flumen-Huesca-339x226.jpg 339w\" sizes=\"(max-width: 768px) 100vw, 768px\" \/>\t\t\t\t\t\t\t\t\t\t\t<figcaption class=\"widget-image-caption wp-caption-text\"><\/figcaption>\n\t\t\t\t\t\t\t\t\t\t<\/figure>\n\t\t\t\t\t\t\t\t\t<\/div>\n\t\t\t\t<\/div>\n\t\t\t\t<div class=\"elementor-element elementor-element-03f695e elementor-widget elementor-widget-heading\" data-id=\"03f695e\" data-element_type=\"widget\" data-e-type=\"widget\" data-widget_type=\"heading.default\">\n\t\t\t\t<div class=\"elementor-widget-container\">\n\t\t\t\t\t<h5 class=\"elementor-heading-title elementor-size-default\">Els materials de construcci\u00f3<\/h5>\t\t\t\t<\/div>\n\t\t\t\t<\/div>\n\t\t\t\t<div class=\"elementor-element elementor-element-777c05c elementor-widget elementor-widget-text-editor\" data-id=\"777c05c\" data-element_type=\"widget\" data-e-type=\"widget\" data-widget_type=\"text-editor.default\">\n\t\t\t\t<div class=\"elementor-widget-container\">\n\t\t\t\t\t\t\t\t\t<p>Com s&#8217;observa, el material b\u00e0sic de les edificacions a San Juan del Flumen va ser la pedra vista.<\/p>\t\t\t\t\t\t\t\t<\/div>\n\t\t\t\t<\/div>\n\t\t\t\t<div class=\"elementor-element elementor-element-f5ce1a8 elementor-widget elementor-widget-heading\" data-id=\"f5ce1a8\" data-element_type=\"widget\" data-e-type=\"widget\" data-widget_type=\"heading.default\">\n\t\t\t\t<div class=\"elementor-widget-container\">\n\t\t\t\t\t<h5 class=\"elementor-heading-title elementor-size-default\">El centre: elements simb\u00f2lics de poder i els serveis complementaris<\/h5>\t\t\t\t<\/div>\n\t\t\t\t<\/div>\n\t\t\t\t<div class=\"elementor-element elementor-element-ca50419 elementor-widget elementor-widget-text-editor\" data-id=\"ca50419\" data-element_type=\"widget\" data-e-type=\"widget\" data-widget_type=\"text-editor.default\">\n\t\t\t\t<div class=\"elementor-widget-container\">\n\t\t\t\t\t\t\t\t\t<p>El plantejament urban\u00edstic de tots els poblats de colonitzaci\u00f3 agr\u00e0ria imposava el model de pla\u00e7a major, amb concentraci\u00f3 dels elements simb\u00f2lics de poder civil i eclesi\u00e0stic propi de l\u2019\u00e8poca i de serveis.<\/p><p>La disposici\u00f3 de la pla\u00e7a central se\u2019m va fer una mica estranya per dues raons: ni articula el centre de la forma urbana, ni aporta cap element d&#8217;organitzaci\u00f3 interna o de simetria.<\/p>\t\t\t\t\t\t\t\t<\/div>\n\t\t\t\t<\/div>\n\t\t\t\t<div class=\"elementor-element elementor-element-36a7c71 elementor-widget elementor-widget-image\" data-id=\"36a7c71\" data-element_type=\"widget\" data-e-type=\"widget\" data-widget_type=\"image.default\">\n\t\t\t\t<div class=\"elementor-widget-container\">\n\t\t\t\t\t\t\t\t\t\t\t\t<figure class=\"wp-caption\">\n\t\t\t\t\t\t\t\t\t\t<img loading=\"lazy\" decoding=\"async\" width=\"768\" height=\"512\" src=\"https:\/\/www.elturistatranquil.com\/wp-content\/uploads\/F47-San-Juan-del-Flumen-Huesca.jpg\" class=\"attachment-large size-large wp-image-51159\" alt=\"San Juan del Flumen, Huesca\" srcset=\"https:\/\/www.elturistatranquil.com\/wp-content\/uploads\/F47-San-Juan-del-Flumen-Huesca.jpg 768w, https:\/\/www.elturistatranquil.com\/wp-content\/uploads\/F47-San-Juan-del-Flumen-Huesca-339x226.jpg 339w\" sizes=\"(max-width: 768px) 100vw, 768px\" \/>\t\t\t\t\t\t\t\t\t\t\t<figcaption class=\"widget-image-caption wp-caption-text\"><\/figcaption>\n\t\t\t\t\t\t\t\t\t\t<\/figure>\n\t\t\t\t\t\t\t\t\t<\/div>\n\t\t\t\t<\/div>\n\t\t\t\t<div class=\"elementor-element elementor-element-a283ab7 elementor-widget elementor-widget-text-editor\" data-id=\"a283ab7\" data-element_type=\"widget\" data-e-type=\"widget\" data-widget_type=\"text-editor.default\">\n\t\t\t\t<div class=\"elementor-widget-container\">\n\t\t\t\t\t\t\t\t\t<p>L&#8217;element de poder civil \u00e9s representat per la seu de l&#8217;<strong>ajuntament pedani<\/strong> (<strong>A<\/strong>), situat a l&#8217;esquerra de la pla\u00e7a, encap\u00e7alant una construcci\u00f3 cont\u00ednua sobre porxos. Se&#8217;l distingeix perqu\u00e8 forma una mena de torreta quadrangular sobresortint, amb la part superior de blanc, amb teulada a dues aig\u00fces.<\/p>\t\t\t\t\t\t\t\t<\/div>\n\t\t\t\t<\/div>\n\t\t\t\t<div class=\"elementor-element elementor-element-391f6c1 elementor-widget elementor-widget-image\" data-id=\"391f6c1\" data-element_type=\"widget\" data-e-type=\"widget\" data-widget_type=\"image.default\">\n\t\t\t\t<div class=\"elementor-widget-container\">\n\t\t\t\t\t\t\t\t\t\t\t\t<figure class=\"wp-caption\">\n\t\t\t\t\t\t\t\t\t\t<img loading=\"lazy\" decoding=\"async\" width=\"768\" height=\"512\" src=\"https:\/\/www.elturistatranquil.com\/wp-content\/uploads\/F48-San-Juan-del-Flumen-Huesca.jpg\" class=\"attachment-large size-large wp-image-51516\" alt=\"San Juan del Flumen, Huesca\" srcset=\"https:\/\/www.elturistatranquil.com\/wp-content\/uploads\/\/F48-San-Juan-del-Flumen-Huesca.jpg 768w, https:\/\/www.elturistatranquil.com\/wp-content\/uploads\/\/F48-San-Juan-del-Flumen-Huesca-339x226.jpg 339w\" sizes=\"(max-width: 768px) 100vw, 768px\" \/>\t\t\t\t\t\t\t\t\t\t\t<figcaption class=\"widget-image-caption wp-caption-text\"><\/figcaption>\n\t\t\t\t\t\t\t\t\t\t<\/figure>\n\t\t\t\t\t\t\t\t\t<\/div>\n\t\t\t\t<\/div>\n\t\t\t\t<div class=\"elementor-element elementor-element-8444072 elementor-widget elementor-widget-text-editor\" data-id=\"8444072\" data-element_type=\"widget\" data-e-type=\"widget\" data-widget_type=\"text-editor.default\">\n\t\t\t\t<div class=\"elementor-widget-container\">\n\t\t\t\t\t\t\t\t\t<p>L&#8217;edificaci\u00f3 constru\u00efda amb pedra es perllonga cap al nord per una edificaci\u00f3 porxada amb arcs escarsers i dovelles, que forma un angle, on s&#8217;allotjarien serveis per a la comunitat.<\/p>\t\t\t\t\t\t\t\t<\/div>\n\t\t\t\t<\/div>\n\t\t\t\t<div class=\"elementor-element elementor-element-5337b6f elementor-widget elementor-widget-image\" data-id=\"5337b6f\" data-element_type=\"widget\" data-e-type=\"widget\" data-widget_type=\"image.default\">\n\t\t\t\t<div class=\"elementor-widget-container\">\n\t\t\t\t\t\t\t\t\t\t\t\t<figure class=\"wp-caption\">\n\t\t\t\t\t\t\t\t\t\t<img loading=\"lazy\" decoding=\"async\" width=\"768\" height=\"511\" src=\"https:\/\/www.elturistatranquil.com\/wp-content\/uploads\/F50-San-Juan-del-Flumen-Huesca.jpg\" class=\"attachment-large size-large wp-image-51161\" alt=\"San Juan del Flumen, Huesca\" srcset=\"https:\/\/www.elturistatranquil.com\/wp-content\/uploads\/F50-San-Juan-del-Flumen-Huesca.jpg 768w, https:\/\/www.elturistatranquil.com\/wp-content\/uploads\/F50-San-Juan-del-Flumen-Huesca-339x226.jpg 339w\" sizes=\"(max-width: 768px) 100vw, 768px\" \/>\t\t\t\t\t\t\t\t\t\t\t<figcaption class=\"widget-image-caption wp-caption-text\"><\/figcaption>\n\t\t\t\t\t\t\t\t\t\t<\/figure>\n\t\t\t\t\t\t\t\t\t<\/div>\n\t\t\t\t<\/div>\n\t\t\t\t<div class=\"elementor-element elementor-element-aa4aa72 elementor-widget elementor-widget-text-editor\" data-id=\"aa4aa72\" data-element_type=\"widget\" data-e-type=\"widget\" data-widget_type=\"text-editor.default\">\n\t\t\t\t<div class=\"elementor-widget-container\">\n\t\t\t\t\t\t\t\t\t<p>L&#8217;<strong>esgl\u00e9sia de San Juan Bautista<\/strong> (<strong>T<\/strong>) ocupa la seva posici\u00f3 com a element de centralitat urbana. La morfologia urbana adoptada va fer que l&#8217;esgl\u00e9sia no compleixi l&#8217;ortod\u00f2xia can\u00f2nica d&#8217;orientaci\u00f3 a llevant, ja que la direcci\u00f3 dels radis del patr\u00f3 radial elegit l&#8217;orienten en direcci\u00f3 nord. Estava tancada, per tant no vaig poder visitar l&#8217;interior.<\/p><p>\u00c9s un edifici sense estil definit, de planta rectangular, amb coberta a dues aig\u00fces aixamfranat. Sembla que t\u00e9 un absis rectangular no visible des de l&#8217;exterior. Els murs combinen pedra i arrebossat. Als laterals unes columnes fan l&#8217;efecte de contraforts.<\/p><p>Sobre la portada als peus, una obertura rectangular amb sanefes de rajoles als costats, una gran vidriera quadrangular amb dibuixos estil Mondrian.<\/p><p>Als laterals, tres obertures enreixades d&#8217;obra, que sembla m\u00e9s aviat la paret d&#8217;un edifici industrial.<\/p>\t\t\t\t\t\t\t\t<\/div>\n\t\t\t\t<\/div>\n\t\t\t\t<div class=\"elementor-element elementor-element-d98dd9f elementor-widget elementor-widget-image\" data-id=\"d98dd9f\" data-element_type=\"widget\" data-e-type=\"widget\" data-widget_type=\"image.default\">\n\t\t\t\t<div class=\"elementor-widget-container\">\n\t\t\t\t\t\t\t\t\t\t\t\t<figure class=\"wp-caption\">\n\t\t\t\t\t\t\t\t\t\t<img loading=\"lazy\" decoding=\"async\" width=\"768\" height=\"511\" src=\"https:\/\/www.elturistatranquil.com\/wp-content\/uploads\/F53-San-Juan-del-Flumen-Huesca.jpg\" class=\"attachment-large size-large wp-image-51165\" alt=\"San Juan del Flumen, Huesca\" srcset=\"https:\/\/www.elturistatranquil.com\/wp-content\/uploads\/F53-San-Juan-del-Flumen-Huesca.jpg 768w, https:\/\/www.elturistatranquil.com\/wp-content\/uploads\/F53-San-Juan-del-Flumen-Huesca-339x226.jpg 339w\" sizes=\"(max-width: 768px) 100vw, 768px\" \/>\t\t\t\t\t\t\t\t\t\t\t<figcaption class=\"widget-image-caption wp-caption-text\"><\/figcaption>\n\t\t\t\t\t\t\t\t\t\t<\/figure>\n\t\t\t\t\t\t\t\t\t<\/div>\n\t\t\t\t<\/div>\n\t\t\t\t<div class=\"elementor-element elementor-element-71d4db8 elementor-widget elementor-widget-image\" data-id=\"71d4db8\" data-element_type=\"widget\" data-e-type=\"widget\" data-widget_type=\"image.default\">\n\t\t\t\t<div class=\"elementor-widget-container\">\n\t\t\t\t\t\t\t\t\t\t\t\t<figure class=\"wp-caption\">\n\t\t\t\t\t\t\t\t\t\t<img loading=\"lazy\" decoding=\"async\" width=\"768\" height=\"433\" src=\"https:\/\/www.elturistatranquil.com\/wp-content\/uploads\/F54-San-Juan-del-Flumen-Huesca.jpg\" class=\"attachment-large size-large wp-image-51518\" alt=\"\" srcset=\"https:\/\/www.elturistatranquil.com\/wp-content\/uploads\/\/F54-San-Juan-del-Flumen-Huesca.jpg 768w, https:\/\/www.elturistatranquil.com\/wp-content\/uploads\/\/F54-San-Juan-del-Flumen-Huesca-339x191.jpg 339w\" sizes=\"(max-width: 768px) 100vw, 768px\" \/>\t\t\t\t\t\t\t\t\t\t\t<figcaption class=\"widget-image-caption wp-caption-text\"><\/figcaption>\n\t\t\t\t\t\t\t\t\t\t<\/figure>\n\t\t\t\t\t\t\t\t\t<\/div>\n\t\t\t\t<\/div>\n\t\t\t\t<div class=\"elementor-element elementor-element-6f12895 elementor-widget elementor-widget-text-editor\" data-id=\"6f12895\" data-element_type=\"widget\" data-e-type=\"widget\" data-widget_type=\"text-editor.default\">\n\t\t\t\t<div class=\"elementor-widget-container\">\n\t\t\t\t\t\t\t\t\t<p>Com he assenyalat anteriorment, la torre-campanar se situa exempta, alineada amb l&#8217;eix del carrer de la Rosa, eix vertical del poblat.<\/p><p>Tampoc presenta cap estil, i sense personalitat religiosa, excepte una gran creu de ferro estilitzada, que sobresurt a la part superior. Combina igualment la pedra i el revocat, per\u00f2, per la part frontal, s&#8217;han intercalat unes gelosies de ma\u00f3. Podria ser una torre d&#8217;aig\u00fces perfectament.<\/p>\t\t\t\t\t\t\t\t<\/div>\n\t\t\t\t<\/div>\n\t\t\t\t<div class=\"elementor-element elementor-element-2c12fda elementor-widget elementor-widget-image\" data-id=\"2c12fda\" data-element_type=\"widget\" data-e-type=\"widget\" data-widget_type=\"image.default\">\n\t\t\t\t<div class=\"elementor-widget-container\">\n\t\t\t\t\t\t\t\t\t\t\t\t<figure class=\"wp-caption\">\n\t\t\t\t\t\t\t\t\t\t<img loading=\"lazy\" decoding=\"async\" width=\"768\" height=\"512\" src=\"https:\/\/www.elturistatranquil.com\/wp-content\/uploads\/F55-San-Juan-del-Flumen-Huesca.jpg\" class=\"attachment-large size-large wp-image-51167\" alt=\"San Juan del Flumen, Huesca\" srcset=\"https:\/\/www.elturistatranquil.com\/wp-content\/uploads\/F55-San-Juan-del-Flumen-Huesca.jpg 768w, https:\/\/www.elturistatranquil.com\/wp-content\/uploads\/F55-San-Juan-del-Flumen-Huesca-339x226.jpg 339w\" sizes=\"(max-width: 768px) 100vw, 768px\" \/>\t\t\t\t\t\t\t\t\t\t\t<figcaption class=\"widget-image-caption wp-caption-text\"><\/figcaption>\n\t\t\t\t\t\t\t\t\t\t<\/figure>\n\t\t\t\t\t\t\t\t\t<\/div>\n\t\t\t\t<\/div>\n\t\t\t\t<div class=\"elementor-element elementor-element-8a2bcc5 elementor-widget elementor-widget-text-editor\" data-id=\"8a2bcc5\" data-element_type=\"widget\" data-e-type=\"widget\" data-widget_type=\"text-editor.default\">\n\t\t\t\t<div class=\"elementor-widget-container\">\n\t\t\t\t\t\t\t\t\t<p>Tot i que el dia no era gaire propici, podia veure&#8217;s des dels diferents punts del poble l&#8217;aspecte sobresortint dominant de la torre de l&#8217;esgl\u00e9sia.<\/p>\t\t\t\t\t\t\t\t<\/div>\n\t\t\t\t<\/div>\n\t\t\t\t<div class=\"elementor-element elementor-element-55a6cec elementor-widget elementor-widget-image\" data-id=\"55a6cec\" data-element_type=\"widget\" data-e-type=\"widget\" data-widget_type=\"image.default\">\n\t\t\t\t<div class=\"elementor-widget-container\">\n\t\t\t\t\t\t\t\t\t\t\t\t<figure class=\"wp-caption\">\n\t\t\t\t\t\t\t\t\t\t<img loading=\"lazy\" decoding=\"async\" width=\"768\" height=\"511\" src=\"https:\/\/www.elturistatranquil.com\/wp-content\/uploads\/F56-San-Juan-del-Flumen-Huesca.jpg\" class=\"attachment-large size-large wp-image-51172\" alt=\"San Juan del Flumen, Huesca\" srcset=\"https:\/\/www.elturistatranquil.com\/wp-content\/uploads\/F56-San-Juan-del-Flumen-Huesca.jpg 768w, https:\/\/www.elturistatranquil.com\/wp-content\/uploads\/F56-San-Juan-del-Flumen-Huesca-339x226.jpg 339w\" sizes=\"(max-width: 768px) 100vw, 768px\" \/>\t\t\t\t\t\t\t\t\t\t\t<figcaption class=\"widget-image-caption wp-caption-text\"><\/figcaption>\n\t\t\t\t\t\t\t\t\t\t<\/figure>\n\t\t\t\t\t\t\t\t\t<\/div>\n\t\t\t\t<\/div>\n\t\t\t\t<div class=\"elementor-element elementor-element-c5a140d elementor-widget elementor-widget-text-editor\" data-id=\"c5a140d\" data-element_type=\"widget\" data-e-type=\"widget\" data-widget_type=\"text-editor.default\">\n\t\t\t\t<div class=\"elementor-widget-container\">\n\t\t\t\t\t\t\t\t\t<p>Aquest espai central es tanca pel costat sud, a l&#8217;altra banda del <strong>carrer San Juan<\/strong>.<\/p>\t\t\t\t\t\t\t\t<\/div>\n\t\t\t\t<\/div>\n\t\t\t\t<div class=\"elementor-element elementor-element-18b8d47 elementor-widget elementor-widget-image\" data-id=\"18b8d47\" data-element_type=\"widget\" data-e-type=\"widget\" data-widget_type=\"image.default\">\n\t\t\t\t<div class=\"elementor-widget-container\">\n\t\t\t\t\t\t\t\t\t\t\t\t<figure class=\"wp-caption\">\n\t\t\t\t\t\t\t\t\t\t<img loading=\"lazy\" decoding=\"async\" width=\"768\" height=\"511\" src=\"https:\/\/www.elturistatranquil.com\/wp-content\/uploads\/F57-San-Juan-del-Flumen-Huesca.jpg\" class=\"attachment-large size-large wp-image-51174\" alt=\"San Juan del Flumen, Huesca\" srcset=\"https:\/\/www.elturistatranquil.com\/wp-content\/uploads\/F57-San-Juan-del-Flumen-Huesca.jpg 768w, https:\/\/www.elturistatranquil.com\/wp-content\/uploads\/F57-San-Juan-del-Flumen-Huesca-339x226.jpg 339w\" sizes=\"(max-width: 768px) 100vw, 768px\" \/>\t\t\t\t\t\t\t\t\t\t\t<figcaption class=\"widget-image-caption wp-caption-text\"><\/figcaption>\n\t\t\t\t\t\t\t\t\t\t<\/figure>\n\t\t\t\t\t\t\t\t\t<\/div>\n\t\t\t\t<\/div>\n\t\t\t\t<div class=\"elementor-element elementor-element-b08f30d elementor-widget elementor-widget-text-editor\" data-id=\"b08f30d\" data-element_type=\"widget\" data-e-type=\"widget\" data-widget_type=\"text-editor.default\">\n\t\t\t\t<div class=\"elementor-widget-container\">\n\t\t\t\t\t\t\t\t\t<p>A llevant amb una edificaci\u00f3 est\u00e8ticament similar a la de l&#8217;ajuntament, tamb\u00e9 de pedra sobre arcs escarsers similars, que pressuposo que constitueix un dels conjunts d&#8217;habitatges per a mestres i altres professionals.<\/p>\t\t\t\t\t\t\t\t<\/div>\n\t\t\t\t<\/div>\n\t\t\t\t<div class=\"elementor-element elementor-element-3a4eb18 elementor-widget elementor-widget-image\" data-id=\"3a4eb18\" data-element_type=\"widget\" data-e-type=\"widget\" data-widget_type=\"image.default\">\n\t\t\t\t<div class=\"elementor-widget-container\">\n\t\t\t\t\t\t\t\t\t\t\t\t<figure class=\"wp-caption\">\n\t\t\t\t\t\t\t\t\t\t<img loading=\"lazy\" decoding=\"async\" width=\"768\" height=\"511\" src=\"https:\/\/www.elturistatranquil.com\/wp-content\/uploads\/F58-San-Juan-del-Flumen-Huesca.jpg\" class=\"attachment-large size-large wp-image-51176\" alt=\"San Juan del Flumen, Huesca\" srcset=\"https:\/\/www.elturistatranquil.com\/wp-content\/uploads\/F58-San-Juan-del-Flumen-Huesca.jpg 768w, https:\/\/www.elturistatranquil.com\/wp-content\/uploads\/F58-San-Juan-del-Flumen-Huesca-339x226.jpg 339w\" sizes=\"(max-width: 768px) 100vw, 768px\" \/>\t\t\t\t\t\t\t\t\t\t\t<figcaption class=\"widget-image-caption wp-caption-text\"><\/figcaption>\n\t\t\t\t\t\t\t\t\t\t<\/figure>\n\t\t\t\t\t\t\t\t\t<\/div>\n\t\t\t\t<\/div>\n\t\t\t\t<div class=\"elementor-element elementor-element-60ee4d8 elementor-widget elementor-widget-text-editor\" data-id=\"60ee4d8\" data-element_type=\"widget\" data-e-type=\"widget\" data-widget_type=\"text-editor.default\">\n\t\t\t\t<div class=\"elementor-widget-container\">\n\t\t\t\t\t\t\t\t\t<p>A ponent, sense cap continu\u00eftat arquitect\u00f2nica ni urban\u00edstica amb el conjunt, excepte als materials de construcci\u00f3, a la cantonada el bar Rural i, a continuaci\u00f3, l&#8217;<strong>edifici social<\/strong>.<\/p>\t\t\t\t\t\t\t\t<\/div>\n\t\t\t\t<\/div>\n\t\t\t\t<div class=\"elementor-element elementor-element-3aa98e6 elementor-widget elementor-widget-image\" data-id=\"3aa98e6\" data-element_type=\"widget\" data-e-type=\"widget\" data-widget_type=\"image.default\">\n\t\t\t\t<div class=\"elementor-widget-container\">\n\t\t\t\t\t\t\t\t\t\t\t\t<figure class=\"wp-caption\">\n\t\t\t\t\t\t\t\t\t\t<img loading=\"lazy\" decoding=\"async\" width=\"768\" height=\"511\" src=\"https:\/\/www.elturistatranquil.com\/wp-content\/uploads\/F60-San-Juan-del-Flumen-Huesca.jpg\" class=\"attachment-large size-large wp-image-51178\" alt=\"San Juan del Flumen, Huesca\" srcset=\"https:\/\/www.elturistatranquil.com\/wp-content\/uploads\/F60-San-Juan-del-Flumen-Huesca.jpg 768w, https:\/\/www.elturistatranquil.com\/wp-content\/uploads\/F60-San-Juan-del-Flumen-Huesca-339x226.jpg 339w\" sizes=\"(max-width: 768px) 100vw, 768px\" \/>\t\t\t\t\t\t\t\t\t\t\t<figcaption class=\"widget-image-caption wp-caption-text\"><\/figcaption>\n\t\t\t\t\t\t\t\t\t\t<\/figure>\n\t\t\t\t\t\t\t\t\t<\/div>\n\t\t\t\t<\/div>\n\t\t\t\t<div class=\"elementor-element elementor-element-203f6fd elementor-widget elementor-widget-image\" data-id=\"203f6fd\" data-element_type=\"widget\" data-e-type=\"widget\" data-widget_type=\"image.default\">\n\t\t\t\t<div class=\"elementor-widget-container\">\n\t\t\t\t\t\t\t\t\t\t\t\t<figure class=\"wp-caption\">\n\t\t\t\t\t\t\t\t\t\t<img loading=\"lazy\" decoding=\"async\" width=\"768\" height=\"511\" src=\"https:\/\/www.elturistatranquil.com\/wp-content\/uploads\/F61-San-Juan-del-Flumen-Huesca.jpg\" class=\"attachment-large size-large wp-image-51180\" alt=\"San Juan del Flumen, Huesca\" srcset=\"https:\/\/www.elturistatranquil.com\/wp-content\/uploads\/F61-San-Juan-del-Flumen-Huesca.jpg 768w, https:\/\/www.elturistatranquil.com\/wp-content\/uploads\/F61-San-Juan-del-Flumen-Huesca-339x226.jpg 339w\" sizes=\"(max-width: 768px) 100vw, 768px\" \/>\t\t\t\t\t\t\t\t\t\t\t<figcaption class=\"widget-image-caption wp-caption-text\"><\/figcaption>\n\t\t\t\t\t\t\t\t\t\t<\/figure>\n\t\t\t\t\t\t\t\t\t<\/div>\n\t\t\t\t<\/div>\n\t\t\t\t<div class=\"elementor-element elementor-element-a43ba03 elementor-widget elementor-widget-text-editor\" data-id=\"a43ba03\" data-element_type=\"widget\" data-e-type=\"widget\" data-widget_type=\"text-editor.default\">\n\t\t\t\t<div class=\"elementor-widget-container\">\n\t\t\t\t\t\t\t\t\t<p>\u00c9s molt habitual que les <strong>escoles<\/strong> se les localitzi sobre el per\u00edmetre de la urbanitzaci\u00f3 al costat de les rondes, com en aquest cas.<\/p><p>Es va dedicar a les <strong>escoles<\/strong> (<strong>E<\/strong>) una \u00e0mplia illa a la part sud-occidental, projectant alhora una zona esportiva.<\/p>\t\t\t\t\t\t\t\t<\/div>\n\t\t\t\t<\/div>\n\t\t\t\t<div class=\"elementor-element elementor-element-bc16636 elementor-widget elementor-widget-image\" data-id=\"bc16636\" data-element_type=\"widget\" data-e-type=\"widget\" data-widget_type=\"image.default\">\n\t\t\t\t<div class=\"elementor-widget-container\">\n\t\t\t\t\t\t\t\t\t\t\t\t<figure class=\"wp-caption\">\n\t\t\t\t\t\t\t\t\t\t<img loading=\"lazy\" decoding=\"async\" width=\"768\" height=\"512\" src=\"https:\/\/www.elturistatranquil.com\/wp-content\/uploads\/F62-San-Juan-de-Flumen-Huesca.jpg\" class=\"attachment-large size-large wp-image-51185\" alt=\"San Juan del Flumen, Huesca\" srcset=\"https:\/\/www.elturistatranquil.com\/wp-content\/uploads\/F62-San-Juan-de-Flumen-Huesca.jpg 768w, https:\/\/www.elturistatranquil.com\/wp-content\/uploads\/F62-San-Juan-de-Flumen-Huesca-339x226.jpg 339w\" sizes=\"(max-width: 768px) 100vw, 768px\" \/>\t\t\t\t\t\t\t\t\t\t\t<figcaption class=\"widget-image-caption wp-caption-text\"><\/figcaption>\n\t\t\t\t\t\t\t\t\t\t<\/figure>\n\t\t\t\t\t\t\t\t\t<\/div>\n\t\t\t\t<\/div>\n\t\t\t\t<div class=\"elementor-element elementor-element-6cead52 elementor-widget elementor-widget-heading\" data-id=\"6cead52\" data-element_type=\"widget\" data-e-type=\"widget\" data-widget_type=\"heading.default\">\n\t\t\t\t<div class=\"elementor-widget-container\">\n\t\t\t\t\t<h5 class=\"elementor-heading-title elementor-size-default\">Les parcel\u00b7les i models de casa<\/h5>\t\t\t\t<\/div>\n\t\t\t\t<\/div>\n\t\t\t\t<div class=\"elementor-element elementor-element-d55f3d1 elementor-widget elementor-widget-text-editor\" data-id=\"d55f3d1\" data-element_type=\"widget\" data-e-type=\"widget\" data-widget_type=\"text-editor.default\">\n\t\t\t\t<div class=\"elementor-widget-container\">\n\t\t\t\t\t\t\t\t\t<p>El poblat havia de contenir cases per a 198 colons, 15 obrers i 13 per a persones de serveis.<\/p><p>Les parcel\u00b7les de les cases dels colons s\u00f3n sempre individuals disposades de forma individual o aparellada, agrupades formant illes, amb forma de trapezi circular les centrals, i quadrangulars als dos laterals.<\/p><p>El model gaireb\u00e9 exclusiu de disseny de parcel\u00b7les que s&#8217;hi observa \u00e9s el (<strong>A<\/strong>), amb la doble entrada pel mateix costat, amb les variants d&#8217;una (<strong>A1<\/strong>) o dues plantes (<strong>A2<\/strong>).<\/p><p>Exemple de doble entrada per la fa\u00e7ana i una planta (<strong>A1<\/strong>).<\/p>\t\t\t\t\t\t\t\t<\/div>\n\t\t\t\t<\/div>\n\t\t\t\t<div class=\"elementor-element elementor-element-f0a6f46 elementor-widget elementor-widget-image\" data-id=\"f0a6f46\" data-element_type=\"widget\" data-e-type=\"widget\" data-widget_type=\"image.default\">\n\t\t\t\t<div class=\"elementor-widget-container\">\n\t\t\t\t\t\t\t\t\t\t\t\t<figure class=\"wp-caption\">\n\t\t\t\t\t\t\t\t\t\t<img loading=\"lazy\" decoding=\"async\" width=\"768\" height=\"511\" src=\"https:\/\/www.elturistatranquil.com\/wp-content\/uploads\/F63-San-Juan-del-Flumen-Huesca.jpg\" class=\"attachment-large size-large wp-image-51187\" alt=\"San Juan del Flumen, Huesca\" srcset=\"https:\/\/www.elturistatranquil.com\/wp-content\/uploads\/F63-San-Juan-del-Flumen-Huesca.jpg 768w, https:\/\/www.elturistatranquil.com\/wp-content\/uploads\/F63-San-Juan-del-Flumen-Huesca-339x226.jpg 339w\" sizes=\"(max-width: 768px) 100vw, 768px\" \/>\t\t\t\t\t\t\t\t\t\t\t<figcaption class=\"widget-image-caption wp-caption-text\"><\/figcaption>\n\t\t\t\t\t\t\t\t\t\t<\/figure>\n\t\t\t\t\t\t\t\t\t<\/div>\n\t\t\t\t<\/div>\n\t\t\t\t<div class=\"elementor-element elementor-element-62397e4 elementor-widget elementor-widget-text-editor\" data-id=\"62397e4\" data-element_type=\"widget\" data-e-type=\"widget\" data-widget_type=\"text-editor.default\">\n\t\t\t\t<div class=\"elementor-widget-container\">\n\t\t\t\t\t\t\t\t\t<p>Exemple de doble entrada per la fa\u00e7ana i dues plantes (<strong>A2<\/strong>).<\/p>\t\t\t\t\t\t\t\t<\/div>\n\t\t\t\t<\/div>\n\t\t\t\t<div class=\"elementor-element elementor-element-71be809 elementor-widget elementor-widget-image\" data-id=\"71be809\" data-element_type=\"widget\" data-e-type=\"widget\" data-widget_type=\"image.default\">\n\t\t\t\t<div class=\"elementor-widget-container\">\n\t\t\t\t\t\t\t\t\t\t\t\t<figure class=\"wp-caption\">\n\t\t\t\t\t\t\t\t\t\t<img loading=\"lazy\" decoding=\"async\" width=\"768\" height=\"512\" src=\"https:\/\/www.elturistatranquil.com\/wp-content\/uploads\/F64-San-Juan-del-Flumen-Huesca.jpg\" class=\"attachment-large size-large wp-image-51189\" alt=\"San Juan del Flumen, Huesca\" srcset=\"https:\/\/www.elturistatranquil.com\/wp-content\/uploads\/F64-San-Juan-del-Flumen-Huesca.jpg 768w, https:\/\/www.elturistatranquil.com\/wp-content\/uploads\/F64-San-Juan-del-Flumen-Huesca-339x226.jpg 339w\" sizes=\"(max-width: 768px) 100vw, 768px\" \/>\t\t\t\t\t\t\t\t\t\t\t<figcaption class=\"widget-image-caption wp-caption-text\"><\/figcaption>\n\t\t\t\t\t\t\t\t\t\t<\/figure>\n\t\t\t\t\t\t\t\t\t<\/div>\n\t\t\t\t<\/div>\n\t\t\t\t<div class=\"elementor-element elementor-element-69cf583 elementor-widget elementor-widget-heading\" data-id=\"69cf583\" data-element_type=\"widget\" data-e-type=\"widget\" data-widget_type=\"heading.default\">\n\t\t\t\t<div class=\"elementor-widget-container\">\n\t\t\t\t\t<h5 class=\"elementor-heading-title elementor-size-default\">Els carrers i les fa\u00e7anes de l'illa<\/h5>\t\t\t\t<\/div>\n\t\t\t\t<\/div>\n\t\t\t\t<div class=\"elementor-element elementor-element-af4acda elementor-widget elementor-widget-text-editor\" data-id=\"af4acda\" data-element_type=\"widget\" data-e-type=\"widget\" data-widget_type=\"text-editor.default\">\n\t\t\t\t<div class=\"elementor-widget-container\">\n\t\t\t\t\t\t\t\t\t<p>L&#8217;urbanisme adoptat a San Juan del Flumen disposa de carrers corbats i rectes.<\/p><p>L\u00b4elecci\u00f3 del model (<strong>A<\/strong>) de casa, amb la doble entrada per la fa\u00e7ana, comporta que tots els carrers siguin d\u00b4\u00fas mixt, per a vianants i carros i vehicles. S\u00f3n carrers amples, de 10 metres, on es juga amb la combinaci\u00f3 dels models de casa.<\/p><p>Es combina, casa del mateix nivell a banda i banda i cases d&#8217;un nivell a un costat i de dos nivells al davant.<\/p>\t\t\t\t\t\t\t\t<\/div>\n\t\t\t\t<\/div>\n\t\t\t\t<div class=\"elementor-element elementor-element-b834243 elementor-widget elementor-widget-image\" data-id=\"b834243\" data-element_type=\"widget\" data-e-type=\"widget\" data-widget_type=\"image.default\">\n\t\t\t\t<div class=\"elementor-widget-container\">\n\t\t\t\t\t\t\t\t\t\t\t\t<figure class=\"wp-caption\">\n\t\t\t\t\t\t\t\t\t\t<img loading=\"lazy\" decoding=\"async\" width=\"768\" height=\"511\" src=\"https:\/\/www.elturistatranquil.com\/wp-content\/uploads\/F66-San-Juan-del-Flumen-Huesca.jpg\" class=\"attachment-large size-large wp-image-51191\" alt=\"Ejemplo de doble entrada por la fachada y dos plantas (A2).\" srcset=\"https:\/\/www.elturistatranquil.com\/wp-content\/uploads\/F66-San-Juan-del-Flumen-Huesca.jpg 768w, https:\/\/www.elturistatranquil.com\/wp-content\/uploads\/F66-San-Juan-del-Flumen-Huesca-339x226.jpg 339w\" sizes=\"(max-width: 768px) 100vw, 768px\" \/>\t\t\t\t\t\t\t\t\t\t\t<figcaption class=\"widget-image-caption wp-caption-text\"><\/figcaption>\n\t\t\t\t\t\t\t\t\t\t<\/figure>\n\t\t\t\t\t\t\t\t\t<\/div>\n\t\t\t\t<\/div>\n\t\t\t\t<div class=\"elementor-element elementor-element-15be80e elementor-widget elementor-widget-image\" data-id=\"15be80e\" data-element_type=\"widget\" data-e-type=\"widget\" data-widget_type=\"image.default\">\n\t\t\t\t<div class=\"elementor-widget-container\">\n\t\t\t\t\t\t\t\t\t\t\t\t<figure class=\"wp-caption\">\n\t\t\t\t\t\t\t\t\t\t<img loading=\"lazy\" decoding=\"async\" width=\"768\" height=\"511\" src=\"https:\/\/www.elturistatranquil.com\/wp-content\/uploads\/F67-San-Juan-del-Flumen-Huesca.jpg\" class=\"attachment-large size-large wp-image-51193\" alt=\"San Juan del Flumen, Huesca\" srcset=\"https:\/\/www.elturistatranquil.com\/wp-content\/uploads\/F67-San-Juan-del-Flumen-Huesca.jpg 768w, https:\/\/www.elturistatranquil.com\/wp-content\/uploads\/F67-San-Juan-del-Flumen-Huesca-339x226.jpg 339w\" sizes=\"(max-width: 768px) 100vw, 768px\" \/>\t\t\t\t\t\t\t\t\t\t\t<figcaption class=\"widget-image-caption wp-caption-text\"><\/figcaption>\n\t\t\t\t\t\t\t\t\t\t<\/figure>\n\t\t\t\t\t\t\t\t\t<\/div>\n\t\t\t\t<\/div>\n\t\t\t\t<div class=\"elementor-element elementor-element-cfe84a3 elementor-widget elementor-widget-text-editor\" data-id=\"cfe84a3\" data-element_type=\"widget\" data-e-type=\"widget\" data-widget_type=\"text-editor.default\">\n\t\t\t\t<div class=\"elementor-widget-container\">\n\t\t\t\t\t\t\t\t\t<p>Malgrat que els carrers principals estaven preparats per a arbrat, \u00e9s un poble on no veiem pr\u00e0cticament cap arbre, i els que hi ha estan molt descurats.<\/p>\t\t\t\t\t\t\t\t<\/div>\n\t\t\t\t<\/div>\n\t\t\t\t<div class=\"elementor-element elementor-element-6b8e4d6 elementor-widget elementor-widget-image\" data-id=\"6b8e4d6\" data-element_type=\"widget\" data-e-type=\"widget\" data-widget_type=\"image.default\">\n\t\t\t\t<div class=\"elementor-widget-container\">\n\t\t\t\t\t\t\t\t\t\t\t\t<figure class=\"wp-caption\">\n\t\t\t\t\t\t\t\t\t\t<img loading=\"lazy\" decoding=\"async\" width=\"768\" height=\"512\" src=\"https:\/\/www.elturistatranquil.com\/wp-content\/uploads\/F68-San-Juan-del-Flumen-Huesca.jpg\" class=\"attachment-large size-large wp-image-51195\" alt=\"San Juan del Flumen, Huesca\" srcset=\"https:\/\/www.elturistatranquil.com\/wp-content\/uploads\/F68-San-Juan-del-Flumen-Huesca.jpg 768w, https:\/\/www.elturistatranquil.com\/wp-content\/uploads\/F68-San-Juan-del-Flumen-Huesca-339x226.jpg 339w\" sizes=\"(max-width: 768px) 100vw, 768px\" \/>\t\t\t\t\t\t\t\t\t\t\t<figcaption class=\"widget-image-caption wp-caption-text\"><\/figcaption>\n\t\t\t\t\t\t\t\t\t\t<\/figure>\n\t\t\t\t\t\t\t\t\t<\/div>\n\t\t\t\t<\/div>\n\t\t\t\t<div class=\"elementor-element elementor-element-e70a540 elementor-widget elementor-widget-heading\" data-id=\"e70a540\" data-element_type=\"widget\" data-e-type=\"widget\" data-widget_type=\"heading.default\">\n\t\t\t\t<div class=\"elementor-widget-container\">\n\t\t\t\t\t<h4 class=\"elementor-heading-title elementor-size-default\">La Cartuja de Monegros<\/h4>\t\t\t\t<\/div>\n\t\t\t\t<\/div>\n\t\t\t\t<div class=\"elementor-element elementor-element-33dd220 elementor-widget elementor-widget-image\" data-id=\"33dd220\" data-element_type=\"widget\" data-e-type=\"widget\" data-widget_type=\"image.default\">\n\t\t\t\t<div class=\"elementor-widget-container\">\n\t\t\t\t\t\t\t\t\t\t\t\t<figure class=\"wp-caption\">\n\t\t\t\t\t\t\t\t\t\t<img loading=\"lazy\" decoding=\"async\" width=\"768\" height=\"459\" src=\"https:\/\/www.elturistatranquil.com\/wp-content\/uploads\/F69-La-Cartuja-de-Monegros-Huesca-Google-earth-2024-02-15.jpg\" class=\"attachment-large size-large wp-image-51200\" alt=\"La-Cartuja-de-Monegros,-Huesca (Google-earth-2024-02-15)\" srcset=\"https:\/\/www.elturistatranquil.com\/wp-content\/uploads\/F69-La-Cartuja-de-Monegros-Huesca-Google-earth-2024-02-15.jpg 768w, https:\/\/www.elturistatranquil.com\/wp-content\/uploads\/F69-La-Cartuja-de-Monegros-Huesca-Google-earth-2024-02-15-339x203.jpg 339w\" sizes=\"(max-width: 768px) 100vw, 768px\" \/>\t\t\t\t\t\t\t\t\t\t\t<figcaption class=\"widget-image-caption wp-caption-text\">(Google earth 2024-02-15)<\/figcaption>\n\t\t\t\t\t\t\t\t\t\t<\/figure>\n\t\t\t\t\t\t\t\t\t<\/div>\n\t\t\t\t<\/div>\n\t\t\t\t<div class=\"elementor-element elementor-element-d81ea37 elementor-widget elementor-widget-text-editor\" data-id=\"d81ea37\" data-element_type=\"widget\" data-e-type=\"widget\" data-widget_type=\"text-editor.default\">\n\t\t\t\t<div class=\"elementor-widget-container\">\n\t\t\t\t\t\t\t\t\t<p>Poble colonitzaci\u00f3: <strong>La Cartuja de Monegros<\/strong>. Municipi: Sari\u00f1ena. Prov\u00edncia: Osca. Coordenades: 41\u00b045\u203222\u2033N 0\u00b017\u203222\u2033W.<\/p><p>Pla: La zona del canal de Monegres III. Any planificaci\u00f3: 1956. Any ocupaci\u00f3: 1967. Arquitectes: Jos\u00e9 Beltr\u00e1n Navarro; ampliaci\u00f3 Jos\u00e9 Borobio.<\/p><p>Colons: 180. Obrers: 20. Altres: 18. Total cases: 218. Poblaci\u00f3 2000: 330 habitants. Poblaci\u00f3 2023: 267 habitants (-19,09%) .<\/p><p>Pattern urban\u00edstic: mixt de m\u00f2duls ortogonals i corbs; trapezi circular.<\/p>\t\t\t\t\t\t\t\t<\/div>\n\t\t\t\t<\/div>\n\t\t\t\t<div class=\"elementor-element elementor-element-428830c elementor-widget elementor-widget-heading\" data-id=\"428830c\" data-element_type=\"widget\" data-e-type=\"widget\" data-widget_type=\"heading.default\">\n\t\t\t\t<div class=\"elementor-widget-container\">\n\t\t\t\t\t<h4 class=\"elementor-heading-title elementor-size-default\">Orillena<\/h4>\t\t\t\t<\/div>\n\t\t\t\t<\/div>\n\t\t\t\t<div class=\"elementor-element elementor-element-8c136f9 elementor-widget elementor-widget-image\" data-id=\"8c136f9\" data-element_type=\"widget\" data-e-type=\"widget\" data-widget_type=\"image.default\">\n\t\t\t\t<div class=\"elementor-widget-container\">\n\t\t\t\t\t\t\t\t\t\t\t\t<figure class=\"wp-caption\">\n\t\t\t\t\t\t\t\t\t\t<img loading=\"lazy\" decoding=\"async\" width=\"768\" height=\"459\" src=\"https:\/\/www.elturistatranquil.com\/wp-content\/uploads\/F70-Orillena-Huesca-Google-earth-2024-02-15.jpg\" class=\"attachment-large size-large wp-image-51202\" alt=\"Orillena, Huesca (Google-earth-2024-02-15)\" srcset=\"https:\/\/www.elturistatranquil.com\/wp-content\/uploads\/F70-Orillena-Huesca-Google-earth-2024-02-15.jpg 768w, https:\/\/www.elturistatranquil.com\/wp-content\/uploads\/F70-Orillena-Huesca-Google-earth-2024-02-15-339x203.jpg 339w\" sizes=\"(max-width: 768px) 100vw, 768px\" \/>\t\t\t\t\t\t\t\t\t\t\t<figcaption class=\"widget-image-caption wp-caption-text\"><\/figcaption>\n\t\t\t\t\t\t\t\t\t\t<\/figure>\n\t\t\t\t\t\t\t\t\t<\/div>\n\t\t\t\t<\/div>\n\t\t\t\t<div class=\"elementor-element elementor-element-5107f89 elementor-widget elementor-widget-text-editor\" data-id=\"5107f89\" data-element_type=\"widget\" data-e-type=\"widget\" data-widget_type=\"text-editor.default\">\n\t\t\t\t<div class=\"elementor-widget-container\">\n\t\t\t\t\t\t\t\t\t<p>Poble colonitzaci\u00f3: <strong>Orillena<\/strong>. Municipi: Lanaja. Prov\u00edncia: Osca. Coordenades: 41\u00b048\u203202\u2033N 0\u00b017\u203220\u2033W.<\/p><p>Pla: la zona del canal de Monegres III. Any planificaci\u00f3: 1956. Any ocupaci\u00f3: 1966. Arquitectes: ampliaci\u00f3 Jos\u00e9 Borobio.<\/p><p>Colons: 90. Obrers: 20. Altres: 7. Total cases: 117. Poblaci\u00f3 2000: 282. Poblaci\u00f3 2023: 166. (-41,13%).<\/p><p>Pattern urban\u00edstic: mixt de m\u00f2duls ortogonals.<\/p>\t\t\t\t\t\t\t\t<\/div>\n\t\t\t\t<\/div>\n\t\t\t\t<div class=\"elementor-element elementor-element-ca85c99 elementor-widget elementor-widget-heading\" data-id=\"ca85c99\" data-element_type=\"widget\" data-e-type=\"widget\" data-widget_type=\"heading.default\">\n\t\t\t\t<div class=\"elementor-widget-container\">\n\t\t\t\t\t<h4 class=\"elementor-heading-title elementor-size-default\">Cantalobos<\/h4>\t\t\t\t<\/div>\n\t\t\t\t<\/div>\n\t\t\t\t<div class=\"elementor-element elementor-element-f6f76e9 elementor-widget elementor-widget-image\" data-id=\"f6f76e9\" data-element_type=\"widget\" data-e-type=\"widget\" data-widget_type=\"image.default\">\n\t\t\t\t<div class=\"elementor-widget-container\">\n\t\t\t\t\t\t\t\t\t\t\t\t<figure class=\"wp-caption\">\n\t\t\t\t\t\t\t\t\t\t<img loading=\"lazy\" decoding=\"async\" width=\"768\" height=\"459\" src=\"https:\/\/www.elturistatranquil.com\/wp-content\/uploads\/F71-Cantalobos-Huesca-Google-earth-2024-02-15.jpg\" class=\"attachment-large size-large wp-image-51204\" alt=\"Cantalobos, Huesca (Google-earth-2024-02-15)\" srcset=\"https:\/\/www.elturistatranquil.com\/wp-content\/uploads\/F71-Cantalobos-Huesca-Google-earth-2024-02-15.jpg 768w, https:\/\/www.elturistatranquil.com\/wp-content\/uploads\/F71-Cantalobos-Huesca-Google-earth-2024-02-15-339x203.jpg 339w\" sizes=\"(max-width: 768px) 100vw, 768px\" \/>\t\t\t\t\t\t\t\t\t\t\t<figcaption class=\"widget-image-caption wp-caption-text\">(Google earth 2024-02-15)<\/figcaption>\n\t\t\t\t\t\t\t\t\t\t<\/figure>\n\t\t\t\t\t\t\t\t\t<\/div>\n\t\t\t\t<\/div>\n\t\t\t\t<div class=\"elementor-element elementor-element-e2b3cc6 elementor-widget elementor-widget-text-editor\" data-id=\"e2b3cc6\" data-element_type=\"widget\" data-e-type=\"widget\" data-widget_type=\"text-editor.default\">\n\t\t\t\t<div class=\"elementor-widget-container\">\n\t\t\t\t\t\t\t\t\t<p>Poble colonitzaci\u00f3<strong>: Cantalobos<\/strong>. Municipi: Lanaja. Prov\u00edncia: Osca. Coordenades: 41\u00b049\u203248\u2033N 0\u00b021\u203234\u2033W.<\/p><p>Pla: La zona del canal de Monegres III. Any planificaci\u00f3: 1956. Any ocupaci\u00f3: 1964. Arquitectes: Jos\u00e9 Beltr\u00e1n Navarro.<\/p><p>Colons : 48. Obrers: 9. Altres: 3. Total cases: 60. Poblaci\u00f3 2000: 107 habitants. Poblaci\u00f3 2023: 95 habitants (-11,21%).<\/p><p>Pattern urban\u00edstic: ortogonal regular.<\/p>\t\t\t\t\t\t\t\t<\/div>\n\t\t\t\t<\/div>\n\t\t\t\t<div class=\"elementor-element elementor-element-d8dbe28 elementor-widget elementor-widget-heading\" data-id=\"d8dbe28\" data-element_type=\"widget\" data-e-type=\"widget\" data-widget_type=\"heading.default\">\n\t\t\t\t<div class=\"elementor-widget-container\">\n\t\t\t\t\t<h4 class=\"elementor-heading-title elementor-size-default\">Montesus\u00edn\t<\/h4>\t\t\t\t<\/div>\n\t\t\t\t<\/div>\n\t\t\t\t<div class=\"elementor-element elementor-element-5684630 elementor-widget elementor-widget-image\" data-id=\"5684630\" data-element_type=\"widget\" data-e-type=\"widget\" data-widget_type=\"image.default\">\n\t\t\t\t<div class=\"elementor-widget-container\">\n\t\t\t\t\t\t\t\t\t\t\t\t<figure class=\"wp-caption\">\n\t\t\t\t\t\t\t\t\t\t<img loading=\"lazy\" decoding=\"async\" width=\"768\" height=\"459\" src=\"https:\/\/www.elturistatranquil.com\/wp-content\/uploads\/F72-Montesusin-Huesca-Google-earth-2024-02-15.jpg\" class=\"attachment-large size-large wp-image-51206\" alt=\"Montesus\u00edn, Huesca (Google-earth-2024-02-15)\" srcset=\"https:\/\/www.elturistatranquil.com\/wp-content\/uploads\/F72-Montesusin-Huesca-Google-earth-2024-02-15.jpg 768w, https:\/\/www.elturistatranquil.com\/wp-content\/uploads\/F72-Montesusin-Huesca-Google-earth-2024-02-15-339x203.jpg 339w\" sizes=\"(max-width: 768px) 100vw, 768px\" \/>\t\t\t\t\t\t\t\t\t\t\t<figcaption class=\"widget-image-caption wp-caption-text\">(Google earth 2024-02-15)<\/figcaption>\n\t\t\t\t\t\t\t\t\t\t<\/figure>\n\t\t\t\t\t\t\t\t\t<\/div>\n\t\t\t\t<\/div>\n\t\t\t\t<div class=\"elementor-element elementor-element-d851420 elementor-widget elementor-widget-text-editor\" data-id=\"d851420\" data-element_type=\"widget\" data-e-type=\"widget\" data-widget_type=\"text-editor.default\">\n\t\t\t\t<div class=\"elementor-widget-container\">\n\t\t\t\t\t\t\t\t\t<p>Poble colonitzaci\u00f3: <strong>Montesus\u00edn<\/strong>. Municipi: Gra\u00f1\u00e9n. Prov\u00edncia: Osca. Coordenades: 41\u00b053\u203207\u2033N 0\u00b023\u203234\u2033W.<\/p><p>Pla: la zona del canal de Monegres II. Any planificaci\u00f3: 1954. Any ocupaci\u00f3: 1958. Arquitectes: Antonio Barbany Bail\u00f3.<\/p><p>Colons: 90. Obrers: 20. Altres: 7. Total cases: 117. Poblaci\u00f3 2000: 298 habitants. Poblaci\u00f3 2023: 214 habitants (-28,19%).<\/p><p>Pattern urban\u00edstic: mixt de m\u00f2duls ortogonals i corbs; sector circular (menor) lleugerament.<\/p>\t\t\t\t\t\t\t\t<\/div>\n\t\t\t\t<\/div>\n\t\t\t\t<div class=\"elementor-element elementor-element-f080857 elementor-widget elementor-widget-heading\" data-id=\"f080857\" data-element_type=\"widget\" data-e-type=\"widget\" data-widget_type=\"heading.default\">\n\t\t\t\t<div class=\"elementor-widget-container\">\n\t\t\t\t\t<h3 class=\"elementor-heading-title elementor-size-default\">Canal de Monegres<\/h3>\t\t\t\t<\/div>\n\t\t\t\t<\/div>\n\t\t\t\t<div class=\"elementor-element elementor-element-a858907 elementor-widget elementor-widget-text-editor\" data-id=\"a858907\" data-element_type=\"widget\" data-e-type=\"widget\" data-widget_type=\"text-editor.default\">\n\t\t\t\t<div class=\"elementor-widget-container\">\n\t\t\t\t\t\t\t\t\t<p>Passada la localitat de <strong>Robres<\/strong>, una de les capitals de municipi dels Monegres sobre la qual no es va efectuar cap intervenci\u00f3 urban\u00edstica, a poc m\u00e9s d&#8217;1 quil\u00f2metre en direcci\u00f3 nord, l&#8217;A-1211 es creua amb el <strong>canal de Monegres<\/strong> (<strong>B<\/strong>) al punt de coordenades (41.87847293859896, -0.47096491344528213). \u00c9s un lloc molt adequat per aturar-se i observar la magnitud de l\u2019obra.<\/p><p>A m\u00e9s, pel costat esquerre del canal podem seguir un cam\u00ed asfaltat paral\u00b7lel al canal fins al pont seg\u00fcent (<strong>C<\/strong>) (coordenades 41.88051, -0.45601) on, cap a l&#8217;esquerra, seguir\u00e0 la ruta vers la seg\u00fcent parada a Frula.<\/p>\t\t\t\t\t\t\t\t<\/div>\n\t\t\t\t<\/div>\n\t\t\t\t<div class=\"elementor-element elementor-element-4e1c93e elementor-widget elementor-widget-image\" data-id=\"4e1c93e\" data-element_type=\"widget\" data-e-type=\"widget\" data-widget_type=\"image.default\">\n\t\t\t\t<div class=\"elementor-widget-container\">\n\t\t\t\t\t\t\t\t\t\t\t\t<figure class=\"wp-caption\">\n\t\t\t\t\t\t\t\t\t\t<img loading=\"lazy\" decoding=\"async\" width=\"768\" height=\"511\" src=\"https:\/\/www.elturistatranquil.com\/wp-content\/uploads\/F73-Canal-de-Monegros-Huesca.jpg\" class=\"attachment-large size-large wp-image-51211\" alt=\"Canal de Monegros, Huesca\" srcset=\"https:\/\/www.elturistatranquil.com\/wp-content\/uploads\/F73-Canal-de-Monegros-Huesca.jpg 768w, https:\/\/www.elturistatranquil.com\/wp-content\/uploads\/F73-Canal-de-Monegros-Huesca-339x226.jpg 339w\" sizes=\"(max-width: 768px) 100vw, 768px\" \/>\t\t\t\t\t\t\t\t\t\t\t<figcaption class=\"widget-image-caption wp-caption-text\"><\/figcaption>\n\t\t\t\t\t\t\t\t\t\t<\/figure>\n\t\t\t\t\t\t\t\t\t<\/div>\n\t\t\t\t<\/div>\n\t\t\t\t<div class=\"elementor-element elementor-element-878fbc3 elementor-widget elementor-widget-text-editor\" data-id=\"878fbc3\" data-element_type=\"widget\" data-e-type=\"widget\" data-widget_type=\"text-editor.default\">\n\t\t\t\t<div class=\"elementor-widget-container\">\n\t\t\t\t\t\t\t\t\t<p>Segons les informacions de la <a href=\"https:\/\/www.chebro.es\/canal-de-monegros\" target=\"_blank\" rel=\"noopener\">Confederaci\u00f3n Hidrogr\u00e1fica del Ebro<\/a>,\u00a0la idea que les aig\u00fces puguin portar-se a les planes d&#8217;Almud\u00e9var i Tardenta i &#8220;m\u00e9s tard a la regi\u00f3 dels Monegres&#8221; apareix reflectida al Pla General de Canals de Reg i Pantans del 1.902 , sustentada per l&#8217;enginyer D. Cleto Miguel Mantec\u00f3n. A partir d&#8217;aqu\u00ed sorgeixen noves idees, entre elles el Pla de Mariano Lacambra que ser\u00e0 el germen de l&#8217;actual sistema. Els enginyers D. Joaqu\u00edn Cajal Losada i D. Rafael Izquierdo donaran forma a la idea a trav\u00e9s de \u201cl\u2019enlla\u00e7&#8221; de les aig\u00fces dels rius G\u00e1llego i Cinca.<\/p><p>Al 1.915 l&#8217;Estat, sota la influ\u00e8ncia i pressi\u00f3 de les idees i seguidors de Joaqu\u00edn Costa, assumeix la responsabilitat de la seva execuci\u00f3 i s&#8217;inicien les obres del Tram I del Canal de Monegres.<\/p><p>El Canal de Monegres t\u00e9 una longitud de 133 km, dividit en dues parts Monegres I i Monegres II, alhora subdividides, per raons constructives, en sis trams. El cabal en origen \u00e9s de 90 m<sup>3<\/sup>\/s que progressivament es va reduint fins als 50 m<sup>3<\/sup>\/s a l&#8217;inici del sis\u00e8 tram.<\/p><p>El canal del Cinca t\u00e9 una longitud de 90 km, subdividit en tres trams. El cabal en origen \u00e9s de 74 m<sup>3<\/sup>\/s que es va reduint fins als 43 m<sup>3<\/sup>\/s que transporta a l&#8217;inici del tercer tram.<\/p><p>La conflu\u00e8ncia entre els canals de Monegres i Cinca es produeix a la finalitzaci\u00f3 del Tram I del Canal de Monegres, a l&#8217;anomenat &#8220;abra\u00e7ada de Tardenta&#8221;.<\/p><p>El sistema Monegres \u2013 Cinca est\u00e0 encara inconcl\u00fas. La superf\u00edcie actualment en reg esta al voltant de les 110.000 ha. A la culminaci\u00f3 del Pla Monegres-Cinca, la superf\u00edcie prevista rondar\u00e0 les 185.000 ha.<\/p><p>Les aig\u00fces es distribueixen a la zona regable a trav\u00e9s d&#8217;una complexa xarxa de canals i s\u00e8quies entre les quals cal citar, a m\u00e9s dels canals principals de Monegres i del Cinca: el Canal de la Violada, el Canal del Flumen, la S\u00e8quia Q, el Canal de Sastago i la S\u00e8quia d&#8217;Ontinyena (en construcci\u00f3) tots ells a Monegres, i les S\u00e8quies de Selgua, Terreu i Pertusa al Canal del Cinca.<\/p><p>La dedicaci\u00f3 productiva del regadiu ha girat al voltant dels cultius herbacis extensius: alfals i altres farratgeres, blat de moro, cereals d&#8217;hivern i gira-sol. Els cultius farratgers i el blat de moro suposen de l&#8217;ordre del 45% de la superf\u00edcie total. Altres cultius com l&#8217;arr\u00f2s, els fruiters i les hort\u00edcoles extensives, ja arriben a valors percentuals al voltant del 20% i, tot i que es continuen localitzant en \u00e0rees molt determinades, la seva import\u00e0ncia va en augment.<\/p><p>La seg\u00fcent \u00e9s una seq\u00fc\u00e8ncia de fotografies del 1,3 quil\u00f2metre de recorregut seguint el canal entre <strong>B<\/strong> i <strong>C<\/strong>.<\/p><p>Aig\u00fces amunt des del punt (<strong>B<\/strong>).<\/p>\t\t\t\t\t\t\t\t<\/div>\n\t\t\t\t<\/div>\n\t\t\t\t<div class=\"elementor-element elementor-element-e8cbda7 elementor-widget elementor-widget-image\" data-id=\"e8cbda7\" data-element_type=\"widget\" data-e-type=\"widget\" data-widget_type=\"image.default\">\n\t\t\t\t<div class=\"elementor-widget-container\">\n\t\t\t\t\t\t\t\t\t\t\t\t<figure class=\"wp-caption\">\n\t\t\t\t\t\t\t\t\t\t<img loading=\"lazy\" decoding=\"async\" width=\"768\" height=\"511\" src=\"https:\/\/www.elturistatranquil.com\/wp-content\/uploads\/F74-Canal-de-Monegros-Huesca.jpg\" class=\"attachment-large size-large wp-image-51213\" alt=\"Canal de Monegros, Huesca\" srcset=\"https:\/\/www.elturistatranquil.com\/wp-content\/uploads\/F74-Canal-de-Monegros-Huesca.jpg 768w, https:\/\/www.elturistatranquil.com\/wp-content\/uploads\/F74-Canal-de-Monegros-Huesca-339x226.jpg 339w\" sizes=\"(max-width: 768px) 100vw, 768px\" \/>\t\t\t\t\t\t\t\t\t\t\t<figcaption class=\"widget-image-caption wp-caption-text\"><\/figcaption>\n\t\t\t\t\t\t\t\t\t\t<\/figure>\n\t\t\t\t\t\t\t\t\t<\/div>\n\t\t\t\t<\/div>\n\t\t\t\t<div class=\"elementor-element elementor-element-41ed1ee elementor-widget elementor-widget-text-editor\" data-id=\"41ed1ee\" data-element_type=\"widget\" data-e-type=\"widget\" data-widget_type=\"text-editor.default\">\n\t\t\t\t<div class=\"elementor-widget-container\">\n\t\t\t\t\t\t\t\t\t<p>I aig\u00fces avall entre (<strong>B<\/strong> i <strong>C<\/strong>).<\/p>\t\t\t\t\t\t\t\t<\/div>\n\t\t\t\t<\/div>\n\t\t\t\t<div class=\"elementor-element elementor-element-873cc60 elementor-widget elementor-widget-image\" data-id=\"873cc60\" data-element_type=\"widget\" data-e-type=\"widget\" data-widget_type=\"image.default\">\n\t\t\t\t<div class=\"elementor-widget-container\">\n\t\t\t\t\t\t\t\t\t\t\t\t<figure class=\"wp-caption\">\n\t\t\t\t\t\t\t\t\t\t<img loading=\"lazy\" decoding=\"async\" width=\"768\" height=\"511\" src=\"https:\/\/www.elturistatranquil.com\/wp-content\/uploads\/F76-Canal-de-Monegros-Huesca.jpg\" class=\"attachment-large size-large wp-image-51217\" alt=\"Canal de Monegros, Huesca\" srcset=\"https:\/\/www.elturistatranquil.com\/wp-content\/uploads\/F76-Canal-de-Monegros-Huesca.jpg 768w, https:\/\/www.elturistatranquil.com\/wp-content\/uploads\/F76-Canal-de-Monegros-Huesca-339x226.jpg 339w\" sizes=\"(max-width: 768px) 100vw, 768px\" \/>\t\t\t\t\t\t\t\t\t\t\t<figcaption class=\"widget-image-caption wp-caption-text\"><\/figcaption>\n\t\t\t\t\t\t\t\t\t\t<\/figure>\n\t\t\t\t\t\t\t\t\t<\/div>\n\t\t\t\t<\/div>\n\t\t\t\t<div class=\"elementor-element elementor-element-aef664e elementor-widget elementor-widget-image\" data-id=\"aef664e\" data-element_type=\"widget\" data-e-type=\"widget\" data-widget_type=\"image.default\">\n\t\t\t\t<div class=\"elementor-widget-container\">\n\t\t\t\t\t\t\t\t\t\t\t\t<figure class=\"wp-caption\">\n\t\t\t\t\t\t\t\t\t\t<img loading=\"lazy\" decoding=\"async\" width=\"768\" height=\"511\" src=\"https:\/\/www.elturistatranquil.com\/wp-content\/uploads\/F77-Canal-de-Monegros-Huesca.jpg\" class=\"attachment-large size-large wp-image-51219\" alt=\"Canal de Monegros, Huesca\" srcset=\"https:\/\/www.elturistatranquil.com\/wp-content\/uploads\/F77-Canal-de-Monegros-Huesca.jpg 768w, https:\/\/www.elturistatranquil.com\/wp-content\/uploads\/F77-Canal-de-Monegros-Huesca-339x226.jpg 339w\" sizes=\"(max-width: 768px) 100vw, 768px\" \/>\t\t\t\t\t\t\t\t\t\t\t<figcaption class=\"widget-image-caption wp-caption-text\"><\/figcaption>\n\t\t\t\t\t\t\t\t\t\t<\/figure>\n\t\t\t\t\t\t\t\t\t<\/div>\n\t\t\t\t<\/div>\n\t\t\t\t<div class=\"elementor-element elementor-element-2f706be elementor-widget elementor-widget-heading\" data-id=\"2f706be\" data-element_type=\"widget\" data-e-type=\"widget\" data-widget_type=\"heading.default\">\n\t\t\t\t<div class=\"elementor-widget-container\">\n\t\t\t\t\t<h3 class=\"elementor-heading-title elementor-size-default\">Frula\t<\/h3>\t\t\t\t<\/div>\n\t\t\t\t<\/div>\n\t\t\t\t<div class=\"elementor-element elementor-element-0f84bc0 elementor-widget elementor-widget-text-editor\" data-id=\"0f84bc0\" data-element_type=\"widget\" data-e-type=\"widget\" data-widget_type=\"text-editor.default\">\n\t\t\t\t<div class=\"elementor-widget-container\">\n\t\t\t\t\t\t\t\t\t<p>El seg\u00fcent poble de visita ser\u00e0 <strong>Frula <\/strong>(<strong>D<\/strong>).<\/p>\t\t\t\t\t\t\t\t<\/div>\n\t\t\t\t<\/div>\n\t\t\t\t<div class=\"elementor-element elementor-element-10cad4a elementor-widget elementor-widget-image\" data-id=\"10cad4a\" data-element_type=\"widget\" data-e-type=\"widget\" data-widget_type=\"image.default\">\n\t\t\t\t<div class=\"elementor-widget-container\">\n\t\t\t\t\t\t\t\t\t\t\t\t<figure class=\"wp-caption\">\n\t\t\t\t\t\t\t\t\t\t<img loading=\"lazy\" decoding=\"async\" width=\"768\" height=\"459\" src=\"https:\/\/www.elturistatranquil.com\/wp-content\/uploads\/F78-Frula-Huesca-Google-earth-2024-02-15.jpg\" class=\"attachment-large size-large wp-image-51221\" alt=\"Frula, Huesca (Google-earth-2024-02-15)\" srcset=\"https:\/\/www.elturistatranquil.com\/wp-content\/uploads\/F78-Frula-Huesca-Google-earth-2024-02-15.jpg 768w, https:\/\/www.elturistatranquil.com\/wp-content\/uploads\/F78-Frula-Huesca-Google-earth-2024-02-15-339x203.jpg 339w\" sizes=\"(max-width: 768px) 100vw, 768px\" \/>\t\t\t\t\t\t\t\t\t\t\t<figcaption class=\"widget-image-caption wp-caption-text\">(Google earth 2024-02-15)<\/figcaption>\n\t\t\t\t\t\t\t\t\t\t<\/figure>\n\t\t\t\t\t\t\t\t\t<\/div>\n\t\t\t\t<\/div>\n\t\t\t\t<div class=\"elementor-element elementor-element-76353fc elementor-widget elementor-widget-text-editor\" data-id=\"76353fc\" data-element_type=\"widget\" data-e-type=\"widget\" data-widget_type=\"text-editor.default\">\n\t\t\t\t<div class=\"elementor-widget-container\">\n\t\t\t\t\t\t\t\t\t<p>Poble colonitzaci\u00f3: <strong>Frula<\/strong>. Municipi: Almuniente. Prov\u00edncia: Osca. Coordenades: 41\u00b054\u203236\u2033N 0\u00b026\u203250\u2033W.<\/p><p>Pla: la zona del canal de Monegres II. Any planificaci\u00f3: 1953. Arquitectes: Antonio Barbany Bail\u00f3.<\/p><p>Colons: 90. Obrers: 20. Altres: 9. Total cases: 119. Poblaci\u00f3 2000: 389 habitants. Poblaci\u00f3 2023: 300 habitants (-22,88%).<\/p><p>Pattern urban\u00edstic: ortogonal regular.<\/p><p>Arribo a <strong>Frula<\/strong> (<strong>D<\/strong>) un dels pobles de la segona fase del pla, planificat el 1953 amb un projecte del Francisco Hern\u00e1ndez Martinez, reformat el definitiu per l&#8217;arquitecte Antonio Barbany Bailo. Tot just arribar, sobresurt la sobre elevada torre de l&#8217;esgl\u00e9sia.<\/p><p>Va ser el primer poble de l&#8217;\u00e0rea dels Monegres on es van instal\u00b7lar colons.<\/p>\t\t\t\t\t\t\t\t<\/div>\n\t\t\t\t<\/div>\n\t\t\t\t<div class=\"elementor-element elementor-element-2497fe1 elementor-widget elementor-widget-image\" data-id=\"2497fe1\" data-element_type=\"widget\" data-e-type=\"widget\" data-widget_type=\"image.default\">\n\t\t\t\t<div class=\"elementor-widget-container\">\n\t\t\t\t\t\t\t\t\t\t\t\t<figure class=\"wp-caption\">\n\t\t\t\t\t\t\t\t\t\t<img loading=\"lazy\" decoding=\"async\" width=\"768\" height=\"512\" src=\"https:\/\/www.elturistatranquil.com\/wp-content\/uploads\/F79-Frula-Huesca.jpg\" class=\"attachment-large size-large wp-image-51223\" alt=\"Frula, Huesca\" srcset=\"https:\/\/www.elturistatranquil.com\/wp-content\/uploads\/F79-Frula-Huesca.jpg 768w, https:\/\/www.elturistatranquil.com\/wp-content\/uploads\/F79-Frula-Huesca-339x226.jpg 339w\" sizes=\"(max-width: 768px) 100vw, 768px\" \/>\t\t\t\t\t\t\t\t\t\t\t<figcaption class=\"widget-image-caption wp-caption-text\"><\/figcaption>\n\t\t\t\t\t\t\t\t\t\t<\/figure>\n\t\t\t\t\t\t\t\t\t<\/div>\n\t\t\t\t<\/div>\n\t\t\t\t<div class=\"elementor-element elementor-element-d42f8ea elementor-widget elementor-widget-heading\" data-id=\"d42f8ea\" data-element_type=\"widget\" data-e-type=\"widget\" data-widget_type=\"heading.default\">\n\t\t\t\t<div class=\"elementor-widget-container\">\n\t\t\t\t\t<h5 class=\"elementor-heading-title elementor-size-default\">Tipologia de patrons urbans<\/h5>\t\t\t\t<\/div>\n\t\t\t\t<\/div>\n\t\t\t\t<div class=\"elementor-element elementor-element-b8bbea0 elementor-widget elementor-widget-image\" data-id=\"b8bbea0\" data-element_type=\"widget\" data-e-type=\"widget\" data-widget_type=\"image.default\">\n\t\t\t\t<div class=\"elementor-widget-container\">\n\t\t\t\t\t\t\t\t\t\t\t\t<figure class=\"wp-caption\">\n\t\t\t\t\t\t\t\t\t\t<img loading=\"lazy\" decoding=\"async\" width=\"768\" height=\"512\" src=\"https:\/\/www.elturistatranquil.com\/wp-content\/uploads\/F80a-Frula-Huesca-Google-earth-2024-02-15.jpg\" class=\"attachment-large size-large wp-image-51228\" alt=\"Frula, Huesca (Sobre Google-earth-2024-02-15)\" srcset=\"https:\/\/www.elturistatranquil.com\/wp-content\/uploads\/F80a-Frula-Huesca-Google-earth-2024-02-15.jpg 768w, https:\/\/www.elturistatranquil.com\/wp-content\/uploads\/F80a-Frula-Huesca-Google-earth-2024-02-15-339x226.jpg 339w\" sizes=\"(max-width: 768px) 100vw, 768px\" \/>\t\t\t\t\t\t\t\t\t\t\t<figcaption class=\"widget-image-caption wp-caption-text\">(Sobre Google earth 2024-02-15)<\/figcaption>\n\t\t\t\t\t\t\t\t\t\t<\/figure>\n\t\t\t\t\t\t\t\t\t<\/div>\n\t\t\t\t<\/div>\n\t\t\t\t<div class=\"elementor-element elementor-element-1694515 elementor-widget elementor-widget-image\" data-id=\"1694515\" data-element_type=\"widget\" data-e-type=\"widget\" data-widget_type=\"image.default\">\n\t\t\t\t<div class=\"elementor-widget-container\">\n\t\t\t\t\t\t\t\t\t\t\t\t<figure class=\"wp-caption\">\n\t\t\t\t\t\t\t\t\t\t<img loading=\"lazy\" decoding=\"async\" width=\"768\" height=\"511\" src=\"https:\/\/www.elturistatranquil.com\/wp-content\/uploads\/F80b-Frula-Barbany-1955-Alagon-p-304.jpg\" class=\"attachment-large size-large wp-image-51230\" alt=\"Frula, Barbany-1955,-Alagon-p-304\" srcset=\"https:\/\/www.elturistatranquil.com\/wp-content\/uploads\/F80b-Frula-Barbany-1955-Alagon-p-304.jpg 768w, https:\/\/www.elturistatranquil.com\/wp-content\/uploads\/F80b-Frula-Barbany-1955-Alagon-p-304-339x226.jpg 339w\" sizes=\"(max-width: 768px) 100vw, 768px\" \/>\t\t\t\t\t\t\t\t\t\t\t<figcaption class=\"widget-image-caption wp-caption-text\">Projecte definitiu de Frula per l'arquitecte Antonio Barbany de 1955 (Font: Alag\u00f3n, 2021, p. 304)<\/figcaption>\n\t\t\t\t\t\t\t\t\t\t<\/figure>\n\t\t\t\t\t\t\t\t\t<\/div>\n\t\t\t\t<\/div>\n\t\t\t\t<div class=\"elementor-element elementor-element-35060a9 elementor-widget elementor-widget-text-editor\" data-id=\"35060a9\" data-element_type=\"widget\" data-e-type=\"widget\" data-widget_type=\"text-editor.default\">\n\t\t\t\t<div class=\"elementor-widget-container\">\n\t\t\t\t\t\t\t\t\t<p>Ens trobem davant d&#8217;un projecte de trama urbana cl\u00e0ssica ortogonal regular. En tots els casos les illes responen al model ortogonal. De diverses dimensions, s&#8217;adapten al tra\u00e7at de la trama urbana.<\/p>\t\t\t\t\t\t\t\t<\/div>\n\t\t\t\t<\/div>\n\t\t\t\t<div class=\"elementor-element elementor-element-b01f43d elementor-widget elementor-widget-heading\" data-id=\"b01f43d\" data-element_type=\"widget\" data-e-type=\"widget\" data-widget_type=\"heading.default\">\n\t\t\t\t<div class=\"elementor-widget-container\">\n\t\t\t\t\t<h5 class=\"elementor-heading-title elementor-size-default\">Els eixos articuladors i tipologies de carrers<\/h5>\t\t\t\t<\/div>\n\t\t\t\t<\/div>\n\t\t\t\t<div class=\"elementor-element elementor-element-9779462 elementor-widget elementor-widget-text-editor\" data-id=\"9779462\" data-element_type=\"widget\" data-e-type=\"widget\" data-widget_type=\"text-editor.default\">\n\t\t\t\t<div class=\"elementor-widget-container\">\n\t\t\t\t\t\t\t\t\t<p>Els carrers amples d&#8217;uns 9 i 6 metres, els principals preparats per a arbrat.<\/p><p>Amb la pla\u00e7a major al centre on conflueixen els eixos articuladors. Es va aplicar el criteri d&#8217;evitar els carrers rectilinis llargs, despla\u00e7ant el seu tra\u00e7at cada cert punt. Per l&#8217;entrada principal pel costat sud del <strong>carrer Constituci\u00f3<\/strong>, finalitza sobre la <strong>pla\u00e7a Major<\/strong>, havent col\u00b7locat la torre de l&#8217;esgl\u00e9sia de manera que qued\u00e9s totalment centrada sobre ella.<\/p>\t\t\t\t\t\t\t\t<\/div>\n\t\t\t\t<\/div>\n\t\t\t\t<div class=\"elementor-element elementor-element-55140e1 elementor-widget elementor-widget-image\" data-id=\"55140e1\" data-element_type=\"widget\" data-e-type=\"widget\" data-widget_type=\"image.default\">\n\t\t\t\t<div class=\"elementor-widget-container\">\n\t\t\t\t\t\t\t\t\t\t\t\t<figure class=\"wp-caption\">\n\t\t\t\t\t\t\t\t\t\t<img loading=\"lazy\" decoding=\"async\" width=\"768\" height=\"511\" src=\"https:\/\/www.elturistatranquil.com\/wp-content\/uploads\/F81-Frula-Huesca.jpg\" class=\"attachment-large size-large wp-image-51232\" alt=\"Frula, Huesca\" srcset=\"https:\/\/www.elturistatranquil.com\/wp-content\/uploads\/F81-Frula-Huesca.jpg 768w, https:\/\/www.elturistatranquil.com\/wp-content\/uploads\/F81-Frula-Huesca-339x226.jpg 339w\" sizes=\"(max-width: 768px) 100vw, 768px\" \/>\t\t\t\t\t\t\t\t\t\t\t<figcaption class=\"widget-image-caption wp-caption-text\"><\/figcaption>\n\t\t\t\t\t\t\t\t\t\t<\/figure>\n\t\t\t\t\t\t\t\t\t<\/div>\n\t\t\t\t<\/div>\n\t\t\t\t<div class=\"elementor-element elementor-element-033f031 elementor-widget elementor-widget-text-editor\" data-id=\"033f031\" data-element_type=\"widget\" data-e-type=\"widget\" data-widget_type=\"text-editor.default\">\n\t\t\t\t<div class=\"elementor-widget-container\">\n\t\t\t\t\t\t\t\t\t<p>Despr\u00e9s de trencar la continu\u00eftat a la pla\u00e7a Major, el carrer Constituci\u00f3 es dirigeix zigzaguejant cap a la sortida nord. Aquest carrer era abans de l&#8217;ampliaci\u00f3 del poble l&#8217;\u00fanic eix nord-sud del conjunt.<\/p><p>Els dos carrers de sentit oest-est que conflueixen pels laterals a la pla\u00e7a Major, tamb\u00e9 trenquen la continu\u00eftat f\u00edsica, el <strong>carrer<\/strong> <strong>la Iglesia<\/strong>, o visual, amb un arc decoratiu, el <strong>carrer Comercio<\/strong>, que es perllonga al <strong>carrer<\/strong> <strong>del Arco<\/strong>.<\/p><p><strong>Carrer la Iglesia<\/strong> en direcci\u00f3 al centre.<\/p>\t\t\t\t\t\t\t\t<\/div>\n\t\t\t\t<\/div>\n\t\t\t\t<div class=\"elementor-element elementor-element-51c914e elementor-widget elementor-widget-image\" data-id=\"51c914e\" data-element_type=\"widget\" data-e-type=\"widget\" data-widget_type=\"image.default\">\n\t\t\t\t<div class=\"elementor-widget-container\">\n\t\t\t\t\t\t\t\t\t\t\t\t<figure class=\"wp-caption\">\n\t\t\t\t\t\t\t\t\t\t<img loading=\"lazy\" decoding=\"async\" width=\"768\" height=\"512\" src=\"https:\/\/www.elturistatranquil.com\/wp-content\/uploads\/F82-Frula-Huesca.jpg\" class=\"attachment-large size-large wp-image-51234\" alt=\"Frula, Huesca\" srcset=\"https:\/\/www.elturistatranquil.com\/wp-content\/uploads\/F82-Frula-Huesca.jpg 768w, https:\/\/www.elturistatranquil.com\/wp-content\/uploads\/F82-Frula-Huesca-339x226.jpg 339w\" sizes=\"(max-width: 768px) 100vw, 768px\" \/>\t\t\t\t\t\t\t\t\t\t\t<figcaption class=\"widget-image-caption wp-caption-text\"><\/figcaption>\n\t\t\t\t\t\t\t\t\t\t<\/figure>\n\t\t\t\t\t\t\t\t\t<\/div>\n\t\t\t\t<\/div>\n\t\t\t\t<div class=\"elementor-element elementor-element-afe59ec elementor-widget elementor-widget-text-editor\" data-id=\"afe59ec\" data-element_type=\"widget\" data-e-type=\"widget\" data-widget_type=\"text-editor.default\">\n\t\t\t\t<div class=\"elementor-widget-container\">\n\t\t\t\t\t\t\t\t\t<p><strong>Carrer Comercio<\/strong> en direcci\u00f3 al centre.<\/p>\t\t\t\t\t\t\t\t<\/div>\n\t\t\t\t<\/div>\n\t\t\t\t<div class=\"elementor-element elementor-element-797d9a2 elementor-widget elementor-widget-image\" data-id=\"797d9a2\" data-element_type=\"widget\" data-e-type=\"widget\" data-widget_type=\"image.default\">\n\t\t\t\t<div class=\"elementor-widget-container\">\n\t\t\t\t\t\t\t\t\t\t\t\t<figure class=\"wp-caption\">\n\t\t\t\t\t\t\t\t\t\t<img loading=\"lazy\" decoding=\"async\" width=\"768\" height=\"512\" src=\"https:\/\/www.elturistatranquil.com\/wp-content\/uploads\/F83-Frula-Huesca.jpg\" class=\"attachment-large size-large wp-image-51236\" alt=\"Frula, Huesca\" srcset=\"https:\/\/www.elturistatranquil.com\/wp-content\/uploads\/F83-Frula-Huesca.jpg 768w, https:\/\/www.elturistatranquil.com\/wp-content\/uploads\/F83-Frula-Huesca-339x226.jpg 339w\" sizes=\"(max-width: 768px) 100vw, 768px\" \/>\t\t\t\t\t\t\t\t\t\t\t<figcaption class=\"widget-image-caption wp-caption-text\"><\/figcaption>\n\t\t\t\t\t\t\t\t\t\t<\/figure>\n\t\t\t\t\t\t\t\t\t<\/div>\n\t\t\t\t<\/div>\n\t\t\t\t<div class=\"elementor-element elementor-element-b86f0ea elementor-widget elementor-widget-text-editor\" data-id=\"b86f0ea\" data-element_type=\"widget\" data-e-type=\"widget\" data-widget_type=\"text-editor.default\">\n\t\t\t\t<div class=\"elementor-widget-container\">\n\t\t\t\t\t\t\t\t\t<p><strong>Carrer del Arco<\/strong> a l\u2019entrada a la pla\u00e7a Major.<\/p>\t\t\t\t\t\t\t\t<\/div>\n\t\t\t\t<\/div>\n\t\t\t\t<div class=\"elementor-element elementor-element-8b8447a elementor-widget elementor-widget-image\" data-id=\"8b8447a\" data-element_type=\"widget\" data-e-type=\"widget\" data-widget_type=\"image.default\">\n\t\t\t\t<div class=\"elementor-widget-container\">\n\t\t\t\t\t\t\t\t\t\t\t\t<figure class=\"wp-caption\">\n\t\t\t\t\t\t\t\t\t\t<img loading=\"lazy\" decoding=\"async\" width=\"768\" height=\"511\" src=\"https:\/\/www.elturistatranquil.com\/wp-content\/uploads\/F84-Frula-Huesca.jpg\" class=\"attachment-large size-large wp-image-51238\" alt=\"Frula, Huesca\" srcset=\"https:\/\/www.elturistatranquil.com\/wp-content\/uploads\/F84-Frula-Huesca.jpg 768w, https:\/\/www.elturistatranquil.com\/wp-content\/uploads\/F84-Frula-Huesca-339x226.jpg 339w\" sizes=\"(max-width: 768px) 100vw, 768px\" \/>\t\t\t\t\t\t\t\t\t\t\t<figcaption class=\"widget-image-caption wp-caption-text\"><\/figcaption>\n\t\t\t\t\t\t\t\t\t\t<\/figure>\n\t\t\t\t\t\t\t\t\t<\/div>\n\t\t\t\t<\/div>\n\t\t\t\t<div class=\"elementor-element elementor-element-fffa1f1 elementor-widget elementor-widget-text-editor\" data-id=\"fffa1f1\" data-element_type=\"widget\" data-e-type=\"widget\" data-widget_type=\"text-editor.default\">\n\t\t\t\t<div class=\"elementor-widget-container\">\n\t\t\t\t\t\t\t\t\t<p>La continuaci\u00f3 del carrer la Iglesia, tamb\u00e9 despla\u00e7ada, ho fa a trav\u00e9s d&#8217;un altre arc decoratiu per un atzucac, el <strong>carrer Perro<\/strong>.<\/p>\t\t\t\t\t\t\t\t<\/div>\n\t\t\t\t<\/div>\n\t\t\t\t<div class=\"elementor-element elementor-element-3380270 elementor-widget elementor-widget-image\" data-id=\"3380270\" data-element_type=\"widget\" data-e-type=\"widget\" data-widget_type=\"image.default\">\n\t\t\t\t<div class=\"elementor-widget-container\">\n\t\t\t\t\t\t\t\t\t\t\t\t<figure class=\"wp-caption\">\n\t\t\t\t\t\t\t\t\t\t<img loading=\"lazy\" decoding=\"async\" width=\"768\" height=\"512\" src=\"https:\/\/www.elturistatranquil.com\/wp-content\/uploads\/F85-Frula-Huesca.jpg\" class=\"attachment-large size-large wp-image-51240\" alt=\"Frula, Huesca\" srcset=\"https:\/\/www.elturistatranquil.com\/wp-content\/uploads\/F85-Frula-Huesca.jpg 768w, https:\/\/www.elturistatranquil.com\/wp-content\/uploads\/F85-Frula-Huesca-339x226.jpg 339w\" sizes=\"(max-width: 768px) 100vw, 768px\" \/>\t\t\t\t\t\t\t\t\t\t\t<figcaption class=\"widget-image-caption wp-caption-text\"><\/figcaption>\n\t\t\t\t\t\t\t\t\t\t<\/figure>\n\t\t\t\t\t\t\t\t\t<\/div>\n\t\t\t\t<\/div>\n\t\t\t\t<div class=\"elementor-element elementor-element-3ae258c elementor-widget elementor-widget-text-editor\" data-id=\"3ae258c\" data-element_type=\"widget\" data-e-type=\"widget\" data-widget_type=\"text-editor.default\">\n\t\t\t\t<div class=\"elementor-widget-container\">\n\t\t\t\t\t\t\t\t\t<p>El <strong>carrer de la Paz<\/strong> \u00e9s l&#8217;\u00fanic que t\u00e9 continu\u00eftat lineal d&#8217;una banda a l&#8217;altra del poble.<\/p>\t\t\t\t\t\t\t\t<\/div>\n\t\t\t\t<\/div>\n\t\t\t\t<div class=\"elementor-element elementor-element-96e0946 elementor-widget elementor-widget-image\" data-id=\"96e0946\" data-element_type=\"widget\" data-e-type=\"widget\" data-widget_type=\"image.default\">\n\t\t\t\t<div class=\"elementor-widget-container\">\n\t\t\t\t\t\t\t\t\t\t\t\t<figure class=\"wp-caption\">\n\t\t\t\t\t\t\t\t\t\t<img loading=\"lazy\" decoding=\"async\" width=\"768\" height=\"512\" src=\"https:\/\/www.elturistatranquil.com\/wp-content\/uploads\/F86-Frula-Huesca.jpg\" class=\"attachment-large size-large wp-image-51242\" alt=\"Frula, Huesca\" srcset=\"https:\/\/www.elturistatranquil.com\/wp-content\/uploads\/F86-Frula-Huesca.jpg 768w, https:\/\/www.elturistatranquil.com\/wp-content\/uploads\/F86-Frula-Huesca-339x226.jpg 339w\" sizes=\"(max-width: 768px) 100vw, 768px\" \/>\t\t\t\t\t\t\t\t\t\t\t<figcaption class=\"widget-image-caption wp-caption-text\"><\/figcaption>\n\t\t\t\t\t\t\t\t\t\t<\/figure>\n\t\t\t\t\t\t\t\t\t<\/div>\n\t\t\t\t<\/div>\n\t\t\t\t<div class=\"elementor-element elementor-element-6757e1f elementor-widget elementor-widget-text-editor\" data-id=\"6757e1f\" data-element_type=\"widget\" data-e-type=\"widget\" data-widget_type=\"text-editor.default\">\n\t\t\t\t<div class=\"elementor-widget-container\">\n\t\t\t\t\t\t\t\t\t<p>La <strong>ronda Mediod\u00eda<\/strong> presenta la mateixa continu\u00eftat, per\u00f2 cal tenir present que inicialment, com que el qualificatiu ronda posa de manifest, constitu\u00efa el per\u00edmetre sud.<\/p>\t\t\t\t\t\t\t\t<\/div>\n\t\t\t\t<\/div>\n\t\t\t\t<div class=\"elementor-element elementor-element-ae88a9c elementor-widget elementor-widget-image\" data-id=\"ae88a9c\" data-element_type=\"widget\" data-e-type=\"widget\" data-widget_type=\"image.default\">\n\t\t\t\t<div class=\"elementor-widget-container\">\n\t\t\t\t\t\t\t\t\t\t\t\t<figure class=\"wp-caption\">\n\t\t\t\t\t\t\t\t\t\t<img loading=\"lazy\" decoding=\"async\" width=\"768\" height=\"512\" src=\"https:\/\/www.elturistatranquil.com\/wp-content\/uploads\/F87-Frula-Huesca.jpg\" class=\"attachment-large size-large wp-image-51247\" alt=\"Frula, Huesca\" srcset=\"https:\/\/www.elturistatranquil.com\/wp-content\/uploads\/F87-Frula-Huesca.jpg 768w, https:\/\/www.elturistatranquil.com\/wp-content\/uploads\/F87-Frula-Huesca-339x226.jpg 339w\" sizes=\"(max-width: 768px) 100vw, 768px\" \/>\t\t\t\t\t\t\t\t\t\t\t<figcaption class=\"widget-image-caption wp-caption-text\"><\/figcaption>\n\t\t\t\t\t\t\t\t\t\t<\/figure>\n\t\t\t\t\t\t\t\t\t<\/div>\n\t\t\t\t<\/div>\n\t\t\t\t<div class=\"elementor-element elementor-element-035f279 elementor-widget elementor-widget-text-editor\" data-id=\"035f279\" data-element_type=\"widget\" data-e-type=\"widget\" data-widget_type=\"text-editor.default\">\n\t\t\t\t<div class=\"elementor-widget-container\">\n\t\t\t\t\t\t\t\t\t<p>El mateix passa amb la situaci\u00f3 perif\u00e8rica inicial del <strong>carrer de la Paz<\/strong>.<\/p>\t\t\t\t\t\t\t\t<\/div>\n\t\t\t\t<\/div>\n\t\t\t\t<div class=\"elementor-element elementor-element-7e7fd37 elementor-widget elementor-widget-image\" data-id=\"7e7fd37\" data-element_type=\"widget\" data-e-type=\"widget\" data-widget_type=\"image.default\">\n\t\t\t\t<div class=\"elementor-widget-container\">\n\t\t\t\t\t\t\t\t\t\t\t\t<figure class=\"wp-caption\">\n\t\t\t\t\t\t\t\t\t\t<img loading=\"lazy\" decoding=\"async\" width=\"768\" height=\"511\" src=\"https:\/\/www.elturistatranquil.com\/wp-content\/uploads\/F88-Frula-Huesca.jpg\" class=\"attachment-large size-large wp-image-51249\" alt=\"Frula, Huesca\" srcset=\"https:\/\/www.elturistatranquil.com\/wp-content\/uploads\/F88-Frula-Huesca.jpg 768w, https:\/\/www.elturistatranquil.com\/wp-content\/uploads\/F88-Frula-Huesca-339x226.jpg 339w\" sizes=\"(max-width: 768px) 100vw, 768px\" \/>\t\t\t\t\t\t\t\t\t\t\t<figcaption class=\"widget-image-caption wp-caption-text\"><\/figcaption>\n\t\t\t\t\t\t\t\t\t\t<\/figure>\n\t\t\t\t\t\t\t\t\t<\/div>\n\t\t\t\t<\/div>\n\t\t\t\t<div class=\"elementor-element elementor-element-2f52c0d elementor-widget elementor-widget-heading\" data-id=\"2f52c0d\" data-element_type=\"widget\" data-e-type=\"widget\" data-widget_type=\"heading.default\">\n\t\t\t\t<div class=\"elementor-widget-container\">\n\t\t\t\t\t<h5 class=\"elementor-heading-title elementor-size-default\">Els materials de construcci\u00f3<\/h5>\t\t\t\t<\/div>\n\t\t\t\t<\/div>\n\t\t\t\t<div class=\"elementor-element elementor-element-9e4ce39 elementor-widget elementor-widget-text-editor\" data-id=\"9e4ce39\" data-element_type=\"widget\" data-e-type=\"widget\" data-widget_type=\"text-editor.default\">\n\t\t\t\t<div class=\"elementor-widget-container\">\n\t\t\t\t\t\t\t\t\t<p>A les imatges anteriors hem pogut anar observant que els materials escollits per a Frula van ser el ma\u00f3 vermell vist i l\u2019arrebossat.<\/p>\t\t\t\t\t\t\t\t<\/div>\n\t\t\t\t<\/div>\n\t\t\t\t<div class=\"elementor-element elementor-element-7cab1dc elementor-widget elementor-widget-heading\" data-id=\"7cab1dc\" data-element_type=\"widget\" data-e-type=\"widget\" data-widget_type=\"heading.default\">\n\t\t\t\t<div class=\"elementor-widget-container\">\n\t\t\t\t\t<h5 class=\"elementor-heading-title elementor-size-default\">El centre: elements simb\u00f2lics de poder i els serveis complementaris<\/h5>\t\t\t\t<\/div>\n\t\t\t\t<\/div>\n\t\t\t\t<div class=\"elementor-element elementor-element-d843385 elementor-widget elementor-widget-text-editor\" data-id=\"d843385\" data-element_type=\"widget\" data-e-type=\"widget\" data-widget_type=\"text-editor.default\">\n\t\t\t\t<div class=\"elementor-widget-container\">\n\t\t\t\t\t\t\t\t\t<p>La <strong>pla\u00e7a Major<\/strong> constitueix el clar centre del poblat. Tal com est\u00e0 dissenyada, amb l&#8217;esgl\u00e9sia penetrant al rectangle ideal del que podria ser la pla\u00e7a, es constitueix m\u00e9s en un espai ampli que a la cl\u00e0ssica pla\u00e7a Major de poble.<\/p><p>Hi predomina la pres\u00e8ncia de l&#8217;<strong>esgl\u00e9sia de San Jos\u00e9 de Pignatelli<\/strong> (<strong>T<\/strong>) col\u00b7locada en una posici\u00f3 m\u00e9s central, penetrant a la pla\u00e7a, amb la torre col\u00b7locada sobre l&#8217;eix d&#8217;entrada pel carrer Constituci\u00f3. Aquesta vegada l&#8217;orientaci\u00f3 de l&#8217;esgl\u00e9sia \u00e9s can\u00f2nica en direcci\u00f3 a llevant.<\/p>\t\t\t\t\t\t\t\t<\/div>\n\t\t\t\t<\/div>\n\t\t\t\t<div class=\"elementor-element elementor-element-f8db97d elementor-widget elementor-widget-image\" data-id=\"f8db97d\" data-element_type=\"widget\" data-e-type=\"widget\" data-widget_type=\"image.default\">\n\t\t\t\t<div class=\"elementor-widget-container\">\n\t\t\t\t\t\t\t\t\t\t\t\t<figure class=\"wp-caption\">\n\t\t\t\t\t\t\t\t\t\t<img loading=\"lazy\" decoding=\"async\" width=\"768\" height=\"512\" src=\"https:\/\/www.elturistatranquil.com\/wp-content\/uploads\/F89-Frula-Huesca.jpg\" class=\"attachment-large size-large wp-image-51251\" alt=\"Frula, Huesca\" srcset=\"https:\/\/www.elturistatranquil.com\/wp-content\/uploads\/F89-Frula-Huesca.jpg 768w, https:\/\/www.elturistatranquil.com\/wp-content\/uploads\/F89-Frula-Huesca-339x226.jpg 339w\" sizes=\"(max-width: 768px) 100vw, 768px\" \/>\t\t\t\t\t\t\t\t\t\t\t<figcaption class=\"widget-image-caption wp-caption-text\"><\/figcaption>\n\t\t\t\t\t\t\t\t\t\t<\/figure>\n\t\t\t\t\t\t\t\t\t<\/div>\n\t\t\t\t<\/div>\n\t\t\t\t<div class=\"elementor-element elementor-element-055a474 elementor-widget elementor-widget-text-editor\" data-id=\"055a474\" data-element_type=\"widget\" data-e-type=\"widget\" data-widget_type=\"text-editor.default\">\n\t\t\t\t<div class=\"elementor-widget-container\">\n\t\t\t\t\t\t\t\t\t<p>El mur del fons trenca la continu\u00eftat de l&#8217;eix del carrer Constituci\u00f3 i despla\u00e7a la seva continuaci\u00f3 a l&#8217;esquerra.<\/p>\t\t\t\t\t\t\t\t<\/div>\n\t\t\t\t<\/div>\n\t\t\t\t<div class=\"elementor-element elementor-element-da310b5 elementor-widget elementor-widget-image\" data-id=\"da310b5\" data-element_type=\"widget\" data-e-type=\"widget\" data-widget_type=\"image.default\">\n\t\t\t\t<div class=\"elementor-widget-container\">\n\t\t\t\t\t\t\t\t\t\t\t\t<figure class=\"wp-caption\">\n\t\t\t\t\t\t\t\t\t\t<img loading=\"lazy\" decoding=\"async\" width=\"768\" height=\"511\" src=\"https:\/\/www.elturistatranquil.com\/wp-content\/uploads\/F90-Frula-Huesca.jpg\" class=\"attachment-large size-large wp-image-51253\" alt=\"Frula, Huesca\" srcset=\"https:\/\/www.elturistatranquil.com\/wp-content\/uploads\/F90-Frula-Huesca.jpg 768w, https:\/\/www.elturistatranquil.com\/wp-content\/uploads\/F90-Frula-Huesca-339x226.jpg 339w\" sizes=\"(max-width: 768px) 100vw, 768px\" \/>\t\t\t\t\t\t\t\t\t\t\t<figcaption class=\"widget-image-caption wp-caption-text\"><\/figcaption>\n\t\t\t\t\t\t\t\t\t\t<\/figure>\n\t\t\t\t\t\t\t\t\t<\/div>\n\t\t\t\t<\/div>\n\t\t\t\t<div class=\"elementor-element elementor-element-20314ee elementor-widget elementor-widget-text-editor\" data-id=\"20314ee\" data-element_type=\"widget\" data-e-type=\"widget\" data-widget_type=\"text-editor.default\">\n\t\t\t\t<div class=\"elementor-widget-container\">\n\t\t\t\t\t\t\t\t\t<p>L&#8217;esgl\u00e9sia \u00e9s d&#8217;estil indefinit, tendent cap a un neorom\u00e0nic. Presenta un gran i elevat atri als peus. Per la forma exterior sembla d\u2019una sola nau, amb capelles laterals i un absis semicircular amb presbiteri. La coberta a dues aig\u00fces, de teula corba, i als costats uns contraforts que em fan la impressi\u00f3 de ser m\u00e9s decoratius que funcionals, amb els quals es donaria una imatge \u201creligiosa\u201d a l&#8217;edifici.<\/p><p>Al costat de l&#8217;ep\u00edstola, annexa per l&#8217;exterior una torre quadrada d&#8217;al\u00e7ada desproporcionada, com sembla la norma a tots els poblats de colonitzaci\u00f3. M\u00e9s preocupada per situar-se a l&#8217;eix de l&#8217;entrada al poble, com hem vist al principi, que per funci\u00f3 religiosa. Tota de ma\u00f3 vermell, excepte el darrer tram del campanar arrebossada en blanc. Amb dos rellotges als costats sud i oest.<\/p>\t\t\t\t\t\t\t\t<\/div>\n\t\t\t\t<\/div>\n\t\t\t\t<div class=\"elementor-element elementor-element-eb61a92 elementor-widget elementor-widget-image\" data-id=\"eb61a92\" data-element_type=\"widget\" data-e-type=\"widget\" data-widget_type=\"image.default\">\n\t\t\t\t<div class=\"elementor-widget-container\">\n\t\t\t\t\t\t\t\t\t\t\t\t<figure class=\"wp-caption\">\n\t\t\t\t\t\t\t\t\t\t<img loading=\"lazy\" decoding=\"async\" width=\"768\" height=\"512\" src=\"https:\/\/www.elturistatranquil.com\/wp-content\/uploads\/F91-Frula-Huesca.jpg\" class=\"attachment-large size-large wp-image-51255\" alt=\"Frula, Huesca\" srcset=\"https:\/\/www.elturistatranquil.com\/wp-content\/uploads\/F91-Frula-Huesca.jpg 768w, https:\/\/www.elturistatranquil.com\/wp-content\/uploads\/F91-Frula-Huesca-339x226.jpg 339w\" sizes=\"(max-width: 768px) 100vw, 768px\" \/>\t\t\t\t\t\t\t\t\t\t\t<figcaption class=\"widget-image-caption wp-caption-text\"><\/figcaption>\n\t\t\t\t\t\t\t\t\t\t<\/figure>\n\t\t\t\t\t\t\t\t\t<\/div>\n\t\t\t\t<\/div>\n\t\t\t\t<div class=\"elementor-element elementor-element-346673e elementor-widget elementor-widget-image\" data-id=\"346673e\" data-element_type=\"widget\" data-e-type=\"widget\" data-widget_type=\"image.default\">\n\t\t\t\t<div class=\"elementor-widget-container\">\n\t\t\t\t\t\t\t\t\t\t\t\t<figure class=\"wp-caption\">\n\t\t\t\t\t\t\t\t\t\t<img loading=\"lazy\" decoding=\"async\" width=\"768\" height=\"512\" src=\"https:\/\/www.elturistatranquil.com\/wp-content\/uploads\/F92-Frula-Huesca.jpg\" class=\"attachment-large size-large wp-image-51260\" alt=\"Frula, Huesca\" srcset=\"https:\/\/www.elturistatranquil.com\/wp-content\/uploads\/F92-Frula-Huesca.jpg 768w, https:\/\/www.elturistatranquil.com\/wp-content\/uploads\/F92-Frula-Huesca-339x226.jpg 339w\" sizes=\"(max-width: 768px) 100vw, 768px\" \/>\t\t\t\t\t\t\t\t\t\t\t<figcaption class=\"widget-image-caption wp-caption-text\"><\/figcaption>\n\t\t\t\t\t\t\t\t\t\t<\/figure>\n\t\t\t\t\t\t\t\t\t<\/div>\n\t\t\t\t<\/div>\n\t\t\t\t<div class=\"elementor-element elementor-element-4b6dbbb elementor-widget elementor-widget-text-editor\" data-id=\"4b6dbbb\" data-element_type=\"widget\" data-e-type=\"widget\" data-widget_type=\"text-editor.default\">\n\t\t\t\t<div class=\"elementor-widget-container\">\n\t\t\t\t\t\t\t\t\t<p>Els dos extrems del costat de llevant de la pla\u00e7a Major es tanquen amb arcs decoratius de mig punt i ma\u00f3. En el cas del costat nord, trenca la continu\u00eftat del carrer Comer\u00e7.<\/p><p>L&#8217;altre edifici representatiu el constitueixen les depend\u00e8ncies de l&#8217;<strong>ajuntament pedani<\/strong> (<strong>M<\/strong>), situat al lateral nord de la pla\u00e7a. Com \u00e9s molt habitual, uns porxos acullen diversos serveis, aix\u00ed com el bar.<\/p>\t\t\t\t\t\t\t\t<\/div>\n\t\t\t\t<\/div>\n\t\t\t\t<div class=\"elementor-element elementor-element-91433af elementor-widget elementor-widget-image\" data-id=\"91433af\" data-element_type=\"widget\" data-e-type=\"widget\" data-widget_type=\"image.default\">\n\t\t\t\t<div class=\"elementor-widget-container\">\n\t\t\t\t\t\t\t\t\t\t\t\t<figure class=\"wp-caption\">\n\t\t\t\t\t\t\t\t\t\t<img loading=\"lazy\" decoding=\"async\" width=\"768\" height=\"511\" src=\"https:\/\/www.elturistatranquil.com\/wp-content\/uploads\/F93-Frula-Huesca.jpg\" class=\"attachment-large size-large wp-image-51262\" alt=\"Frula, Huesca\" srcset=\"https:\/\/www.elturistatranquil.com\/wp-content\/uploads\/F93-Frula-Huesca.jpg 768w, https:\/\/www.elturistatranquil.com\/wp-content\/uploads\/F93-Frula-Huesca-339x226.jpg 339w\" sizes=\"(max-width: 768px) 100vw, 768px\" \/>\t\t\t\t\t\t\t\t\t\t\t<figcaption class=\"widget-image-caption wp-caption-text\"><\/figcaption>\n\t\t\t\t\t\t\t\t\t\t<\/figure>\n\t\t\t\t\t\t\t\t\t<\/div>\n\t\t\t\t<\/div>\n\t\t\t\t<div class=\"elementor-element elementor-element-dee1dd7 elementor-widget elementor-widget-image\" data-id=\"dee1dd7\" data-element_type=\"widget\" data-e-type=\"widget\" data-widget_type=\"image.default\">\n\t\t\t\t<div class=\"elementor-widget-container\">\n\t\t\t\t\t\t\t\t\t\t\t\t<figure class=\"wp-caption\">\n\t\t\t\t\t\t\t\t\t\t<img loading=\"lazy\" decoding=\"async\" width=\"768\" height=\"511\" src=\"https:\/\/www.elturistatranquil.com\/wp-content\/uploads\/F94-Frula-Huesca.jpg\" class=\"attachment-large size-large wp-image-51264\" alt=\"Frula, Huesca\" srcset=\"https:\/\/www.elturistatranquil.com\/wp-content\/uploads\/F94-Frula-Huesca.jpg 768w, https:\/\/www.elturistatranquil.com\/wp-content\/uploads\/F94-Frula-Huesca-339x226.jpg 339w\" sizes=\"(max-width: 768px) 100vw, 768px\" \/>\t\t\t\t\t\t\t\t\t\t\t<figcaption class=\"widget-image-caption wp-caption-text\"><\/figcaption>\n\t\t\t\t\t\t\t\t\t\t<\/figure>\n\t\t\t\t\t\t\t\t\t<\/div>\n\t\t\t\t<\/div>\n\t\t\t\t<div class=\"elementor-element elementor-element-d9dac6c elementor-widget elementor-widget-text-editor\" data-id=\"d9dac6c\" data-element_type=\"widget\" data-e-type=\"widget\" data-widget_type=\"text-editor.default\">\n\t\t\t\t<div class=\"elementor-widget-container\">\n\t\t\t\t\t\t\t\t\t<p>Les <strong>escoles<\/strong> (<strong>E<\/strong>) com tamb\u00e9 \u00e9s molt habitual, es van situar al marge del poblat, al costat sud al costat de la ronda. Igualment, dos edificis adossats, per a nens i nenes, de ma\u00f3 vermell, amb ampli espai d&#8217;esbarjo i zona esportiva.<\/p>\t\t\t\t\t\t\t\t<\/div>\n\t\t\t\t<\/div>\n\t\t\t\t<div class=\"elementor-element elementor-element-77d37db elementor-widget elementor-widget-image\" data-id=\"77d37db\" data-element_type=\"widget\" data-e-type=\"widget\" data-widget_type=\"image.default\">\n\t\t\t\t<div class=\"elementor-widget-container\">\n\t\t\t\t\t\t\t\t\t\t\t\t<figure class=\"wp-caption\">\n\t\t\t\t\t\t\t\t\t\t<img loading=\"lazy\" decoding=\"async\" width=\"768\" height=\"511\" src=\"https:\/\/www.elturistatranquil.com\/wp-content\/uploads\/F95-Frula-Huesca.jpg\" class=\"attachment-large size-large wp-image-51266\" alt=\"Frula, Huesca\" srcset=\"https:\/\/www.elturistatranquil.com\/wp-content\/uploads\/F95-Frula-Huesca.jpg 768w, https:\/\/www.elturistatranquil.com\/wp-content\/uploads\/F95-Frula-Huesca-339x226.jpg 339w\" sizes=\"(max-width: 768px) 100vw, 768px\" \/>\t\t\t\t\t\t\t\t\t\t\t<figcaption class=\"widget-image-caption wp-caption-text\"><\/figcaption>\n\t\t\t\t\t\t\t\t\t\t<\/figure>\n\t\t\t\t\t\t\t\t\t<\/div>\n\t\t\t\t<\/div>\n\t\t\t\t<div class=\"elementor-element elementor-element-4f7330e elementor-widget elementor-widget-heading\" data-id=\"4f7330e\" data-element_type=\"widget\" data-e-type=\"widget\" data-widget_type=\"heading.default\">\n\t\t\t\t<div class=\"elementor-widget-container\">\n\t\t\t\t\t<h5 class=\"elementor-heading-title elementor-size-default\">Tipologia de les parcel\u00b7les, models de casa i fa\u00e7anes de les illes<\/h5>\t\t\t\t<\/div>\n\t\t\t\t<\/div>\n\t\t\t\t<div class=\"elementor-element elementor-element-4d3c5b2 elementor-widget elementor-widget-text-editor\" data-id=\"4d3c5b2\" data-element_type=\"widget\" data-e-type=\"widget\" data-widget_type=\"text-editor.default\">\n\t\t\t\t<div class=\"elementor-widget-container\">\n\t\t\t\t\t\t\t\t\t<p>Com que s\u00f3n les illes tancades i tenen les entrades a les cases i als corrals pels quatre costats de l&#8217;illa. va for\u00e7ar a construir cases del tipus d&#8217;entrada a l&#8217;habitatge i al corral per la fa\u00e7ana principal, jugant a la seva combinat\u00f2ria amb els dos nivells, per trencar la possible monotonia.<\/p><p>Cases de model (<strong>A1<\/strong>) adossades, amb un nivell i amb la doble entrada per la fa\u00e7ana.<\/p>\t\t\t\t\t\t\t\t<\/div>\n\t\t\t\t<\/div>\n\t\t\t\t<div class=\"elementor-element elementor-element-a5b60f4 elementor-widget elementor-widget-image\" data-id=\"a5b60f4\" data-element_type=\"widget\" data-e-type=\"widget\" data-widget_type=\"image.default\">\n\t\t\t\t<div class=\"elementor-widget-container\">\n\t\t\t\t\t\t\t\t\t\t\t\t<figure class=\"wp-caption\">\n\t\t\t\t\t\t\t\t\t\t<img loading=\"lazy\" decoding=\"async\" width=\"768\" height=\"512\" src=\"https:\/\/www.elturistatranquil.com\/wp-content\/uploads\/F96-Frula-Huesca.jpg\" class=\"attachment-large size-large wp-image-51268\" alt=\"Frula, Huesca\" srcset=\"https:\/\/www.elturistatranquil.com\/wp-content\/uploads\/F96-Frula-Huesca.jpg 768w, https:\/\/www.elturistatranquil.com\/wp-content\/uploads\/F96-Frula-Huesca-339x226.jpg 339w\" sizes=\"(max-width: 768px) 100vw, 768px\" \/>\t\t\t\t\t\t\t\t\t\t\t<figcaption class=\"widget-image-caption wp-caption-text\"><\/figcaption>\n\t\t\t\t\t\t\t\t\t\t<\/figure>\n\t\t\t\t\t\t\t\t\t<\/div>\n\t\t\t\t<\/div>\n\t\t\t\t<div class=\"elementor-element elementor-element-7f41329 elementor-widget elementor-widget-text-editor\" data-id=\"7f41329\" data-element_type=\"widget\" data-e-type=\"widget\" data-widget_type=\"text-editor.default\">\n\t\t\t\t<div class=\"elementor-widget-container\">\n\t\t\t\t\t\t\t\t\t<p>Cases modelo (<strong>A2<\/strong>) de dos nivells amb les dues entrades al frontal.<\/p>\t\t\t\t\t\t\t\t<\/div>\n\t\t\t\t<\/div>\n\t\t\t\t<div class=\"elementor-element elementor-element-d6792ff elementor-widget elementor-widget-image\" data-id=\"d6792ff\" data-element_type=\"widget\" data-e-type=\"widget\" data-widget_type=\"image.default\">\n\t\t\t\t<div class=\"elementor-widget-container\">\n\t\t\t\t\t\t\t\t\t\t\t\t<figure class=\"wp-caption\">\n\t\t\t\t\t\t\t\t\t\t<img loading=\"lazy\" decoding=\"async\" width=\"768\" height=\"512\" src=\"https:\/\/www.elturistatranquil.com\/wp-content\/uploads\/F97-Frula-Huesca.jpg\" class=\"attachment-large size-large wp-image-51273\" alt=\"Frula, Huesca\" srcset=\"https:\/\/www.elturistatranquil.com\/wp-content\/uploads\/F97-Frula-Huesca.jpg 768w, https:\/\/www.elturistatranquil.com\/wp-content\/uploads\/F97-Frula-Huesca-339x226.jpg 339w\" sizes=\"(max-width: 768px) 100vw, 768px\" \/>\t\t\t\t\t\t\t\t\t\t\t<figcaption class=\"widget-image-caption wp-caption-text\"><\/figcaption>\n\t\t\t\t\t\t\t\t\t\t<\/figure>\n\t\t\t\t\t\t\t\t\t<\/div>\n\t\t\t\t<\/div>\n\t\t\t\t<div class=\"elementor-element elementor-element-3bbd70a elementor-widget elementor-widget-text-editor\" data-id=\"3bbd70a\" data-element_type=\"widget\" data-e-type=\"widget\" data-widget_type=\"text-editor.default\">\n\t\t\t\t<div class=\"elementor-widget-container\">\n\t\t\t\t\t\t\t\t\t<p>Cases del model (<strong>B2<\/strong>) de dos nivells, tamb\u00e9 adossades, amb entrada al corral per sota de l&#8217;edifici.<\/p>\t\t\t\t\t\t\t\t<\/div>\n\t\t\t\t<\/div>\n\t\t\t\t<div class=\"elementor-element elementor-element-da7979c elementor-widget elementor-widget-image\" data-id=\"da7979c\" data-element_type=\"widget\" data-e-type=\"widget\" data-widget_type=\"image.default\">\n\t\t\t\t<div class=\"elementor-widget-container\">\n\t\t\t\t\t\t\t\t\t\t\t\t<figure class=\"wp-caption\">\n\t\t\t\t\t\t\t\t\t\t<img loading=\"lazy\" decoding=\"async\" width=\"768\" height=\"511\" src=\"https:\/\/www.elturistatranquil.com\/wp-content\/uploads\/F98-Frula-Huesca.jpg\" class=\"attachment-large size-large wp-image-51275\" alt=\"Frula, Huesca\" srcset=\"https:\/\/www.elturistatranquil.com\/wp-content\/uploads\/F98-Frula-Huesca.jpg 768w, https:\/\/www.elturistatranquil.com\/wp-content\/uploads\/F98-Frula-Huesca-339x226.jpg 339w\" sizes=\"(max-width: 768px) 100vw, 768px\" \/>\t\t\t\t\t\t\t\t\t\t\t<figcaption class=\"widget-image-caption wp-caption-text\"><\/figcaption>\n\t\t\t\t\t\t\t\t\t\t<\/figure>\n\t\t\t\t\t\t\t\t\t<\/div>\n\t\t\t\t<\/div>\n\t\t\t\t<div class=\"elementor-element elementor-element-6e7b2cd elementor-widget elementor-widget-text-editor\" data-id=\"6e7b2cd\" data-element_type=\"widget\" data-e-type=\"widget\" data-widget_type=\"text-editor.default\">\n\t\t\t\t<div class=\"elementor-widget-container\">\n\t\t\t\t\t\t\t\t\t<p>Cases model (<strong>C1<\/strong> i <strong>C2<\/strong>) sense entrada al corral, destinades a obrers. Com es veu, esta col\u00b7locades de forma alternada.<\/p>\t\t\t\t\t\t\t\t<\/div>\n\t\t\t\t<\/div>\n\t\t\t\t<div class=\"elementor-element elementor-element-bb8bd0f elementor-widget elementor-widget-image\" data-id=\"bb8bd0f\" data-element_type=\"widget\" data-e-type=\"widget\" data-widget_type=\"image.default\">\n\t\t\t\t<div class=\"elementor-widget-container\">\n\t\t\t\t\t\t\t\t\t\t\t\t<figure class=\"wp-caption\">\n\t\t\t\t\t\t\t\t\t\t<img loading=\"lazy\" decoding=\"async\" width=\"768\" height=\"512\" src=\"https:\/\/www.elturistatranquil.com\/wp-content\/uploads\/F99-Frula-Huesca.jpg\" class=\"attachment-large size-large wp-image-51277\" alt=\"Frula, Huesca\" srcset=\"https:\/\/www.elturistatranquil.com\/wp-content\/uploads\/F99-Frula-Huesca.jpg 768w, https:\/\/www.elturistatranquil.com\/wp-content\/uploads\/F99-Frula-Huesca-339x226.jpg 339w\" sizes=\"(max-width: 768px) 100vw, 768px\" \/>\t\t\t\t\t\t\t\t\t\t\t<figcaption class=\"widget-image-caption wp-caption-text\"><\/figcaption>\n\t\t\t\t\t\t\t\t\t\t<\/figure>\n\t\t\t\t\t\t\t\t\t<\/div>\n\t\t\t\t<\/div>\n\t\t\t\t<div class=\"elementor-element elementor-element-4619d64 elementor-widget elementor-widget-text-editor\" data-id=\"4619d64\" data-element_type=\"widget\" data-e-type=\"widget\" data-widget_type=\"text-editor.default\">\n\t\t\t\t<div class=\"elementor-widget-container\">\n\t\t\t\t\t\t\t\t\t<p>Als marges s&#8217;ha produ\u00eft l&#8217;expansi\u00f3 d&#8217;una illa a gaireb\u00e9 tot el per\u00edmetre, amb creixement d&#8217;habitatges i alguna agroind\u00fastria.<\/p>\t\t\t\t\t\t\t\t<\/div>\n\t\t\t\t<\/div>\n\t\t\t\t<div class=\"elementor-element elementor-element-06fb579 elementor-widget elementor-widget-heading\" data-id=\"06fb579\" data-element_type=\"widget\" data-e-type=\"widget\" data-widget_type=\"heading.default\">\n\t\t\t\t<div class=\"elementor-widget-container\">\n\t\t\t\t\t<h3 class=\"elementor-heading-title elementor-size-default\">Aq\u00fceducte del canal de Monegres<\/h3>\t\t\t\t<\/div>\n\t\t\t\t<\/div>\n\t\t\t\t<div class=\"elementor-element elementor-element-2495e24 elementor-widget elementor-widget-text-editor\" data-id=\"2495e24\" data-element_type=\"widget\" data-e-type=\"widget\" data-widget_type=\"text-editor.default\">\n\t\t\t\t<div class=\"elementor-widget-container\">\n\t\t\t\t\t\t\t\t\t<p>Seguint el recorregut, despr\u00e9s de passar per les municipalitats de <strong>Torralba de Arag\u00f3n<\/strong> i <strong>Tardienta<\/strong>, que no van tenir actuacions de l&#8217;INC, ens creuarem amb una de les obres d&#8217;enginyeria a qu\u00e8 es va enfrontar el canal de Monegres.<\/p><p>Es tracta d&#8217;un llarg <strong>aq\u00fceducte<\/strong> que comen\u00e7a al punt (<strong>E<\/strong>) (coordenades 41.9831349, -0.5418711) a la sortida de Tardenta per l&#8217;A-1211, un quil\u00f2metre al sud de l&#8217;anomenada \u201c<strong>abra\u00e7ada de Tardenta<\/strong>\u201d ja esmentat, punt on el <strong>canal del Cinca<\/strong> s&#8217;uneix al <strong>canal de Monegres<\/strong>.<\/p><p>L&#8217;aq\u00fceducte es mant\u00e9 elevat sobre pilars durant for\u00e7a quil\u00f2metres, mantenint el nivell de l&#8217;aigua per sobre de la superf\u00edcie dels camps pels quals discorre.<\/p>\t\t\t\t\t\t\t\t<\/div>\n\t\t\t\t<\/div>\n\t\t\t\t<div class=\"elementor-element elementor-element-c676138 elementor-widget elementor-widget-image\" data-id=\"c676138\" data-element_type=\"widget\" data-e-type=\"widget\" data-widget_type=\"image.default\">\n\t\t\t\t<div class=\"elementor-widget-container\">\n\t\t\t\t\t\t\t\t\t\t\t\t<figure class=\"wp-caption\">\n\t\t\t\t\t\t\t\t\t\t<img loading=\"lazy\" decoding=\"async\" width=\"768\" height=\"511\" src=\"https:\/\/www.elturistatranquil.com\/wp-content\/uploads\/F100-Acueducto-canal-de-Monegros-Tardienta-Huesca.jpg\" class=\"attachment-large size-large wp-image-51279\" alt=\"Acueducto canal de Monegros, Tardienta, Huesca\" srcset=\"https:\/\/www.elturistatranquil.com\/wp-content\/uploads\/F100-Acueducto-canal-de-Monegros-Tardienta-Huesca.jpg 768w, https:\/\/www.elturistatranquil.com\/wp-content\/uploads\/F100-Acueducto-canal-de-Monegros-Tardienta-Huesca-339x226.jpg 339w\" sizes=\"(max-width: 768px) 100vw, 768px\" \/>\t\t\t\t\t\t\t\t\t\t\t<figcaption class=\"widget-image-caption wp-caption-text\"><\/figcaption>\n\t\t\t\t\t\t\t\t\t\t<\/figure>\n\t\t\t\t\t\t\t\t\t<\/div>\n\t\t\t\t<\/div>\n\t\t\t\t<div class=\"elementor-element elementor-element-a5fab87 elementor-widget elementor-widget-image\" data-id=\"a5fab87\" data-element_type=\"widget\" data-e-type=\"widget\" data-widget_type=\"image.default\">\n\t\t\t\t<div class=\"elementor-widget-container\">\n\t\t\t\t\t\t\t\t\t\t\t\t<figure class=\"wp-caption\">\n\t\t\t\t\t\t\t\t\t\t<img loading=\"lazy\" decoding=\"async\" width=\"768\" height=\"511\" src=\"https:\/\/www.elturistatranquil.com\/wp-content\/uploads\/F101-Acueducto-canal-de-Monegros-Tardienta-Huesca.jpg\" class=\"attachment-large size-large wp-image-51281\" alt=\"Acueducto canal de Monegros, Tardienta, Huesca\" srcset=\"https:\/\/www.elturistatranquil.com\/wp-content\/uploads\/F101-Acueducto-canal-de-Monegros-Tardienta-Huesca.jpg 768w, https:\/\/www.elturistatranquil.com\/wp-content\/uploads\/F101-Acueducto-canal-de-Monegros-Tardienta-Huesca-339x226.jpg 339w\" sizes=\"(max-width: 768px) 100vw, 768px\" \/>\t\t\t\t\t\t\t\t\t\t\t<figcaption class=\"widget-image-caption wp-caption-text\"><\/figcaption>\n\t\t\t\t\t\t\t\t\t\t<\/figure>\n\t\t\t\t\t\t\t\t\t<\/div>\n\t\t\t\t<\/div>\n\t\t\t\t<div class=\"elementor-element elementor-element-f9d1ac5 elementor-widget elementor-widget-image\" data-id=\"f9d1ac5\" data-element_type=\"widget\" data-e-type=\"widget\" data-widget_type=\"image.default\">\n\t\t\t\t<div class=\"elementor-widget-container\">\n\t\t\t\t\t\t\t\t\t\t\t\t<figure class=\"wp-caption\">\n\t\t\t\t\t\t\t\t\t\t<img loading=\"lazy\" decoding=\"async\" width=\"768\" height=\"512\" src=\"https:\/\/www.elturistatranquil.com\/wp-content\/uploads\/F102-Acueducto-canal-de-Monegros-Tardienta-Huesca.jpg\" class=\"attachment-large size-large wp-image-51283\" alt=\"Acueducto canal de Monegros, Tardienta, Huesca\" srcset=\"https:\/\/www.elturistatranquil.com\/wp-content\/uploads\/F102-Acueducto-canal-de-Monegros-Tardienta-Huesca.jpg 768w, https:\/\/www.elturistatranquil.com\/wp-content\/uploads\/F102-Acueducto-canal-de-Monegros-Tardienta-Huesca-339x226.jpg 339w\" sizes=\"(max-width: 768px) 100vw, 768px\" \/>\t\t\t\t\t\t\t\t\t\t\t<figcaption class=\"widget-image-caption wp-caption-text\"><\/figcaption>\n\t\t\t\t\t\t\t\t\t\t<\/figure>\n\t\t\t\t\t\t\t\t\t<\/div>\n\t\t\t\t<\/div>\n\t\t\t\t<div class=\"elementor-element elementor-element-f6bb1ae elementor-widget elementor-widget-image\" data-id=\"f6bb1ae\" data-element_type=\"widget\" data-e-type=\"widget\" data-widget_type=\"image.default\">\n\t\t\t\t<div class=\"elementor-widget-container\">\n\t\t\t\t\t\t\t\t\t\t\t\t<figure class=\"wp-caption\">\n\t\t\t\t\t\t\t\t\t\t<img loading=\"lazy\" decoding=\"async\" width=\"768\" height=\"512\" src=\"https:\/\/www.elturistatranquil.com\/wp-content\/uploads\/F103-Acueducto-canal-de-Monegros-Tardienta-Huesca.jpg\" class=\"attachment-large size-large wp-image-51285\" alt=\"Acueducto canal de Monegros, Tardienta, Huesca\" srcset=\"https:\/\/www.elturistatranquil.com\/wp-content\/uploads\/F103-Acueducto-canal-de-Monegros-Tardienta-Huesca.jpg 768w, https:\/\/www.elturistatranquil.com\/wp-content\/uploads\/F103-Acueducto-canal-de-Monegros-Tardienta-Huesca-339x226.jpg 339w\" sizes=\"(max-width: 768px) 100vw, 768px\" \/>\t\t\t\t\t\t\t\t\t\t\t<figcaption class=\"widget-image-caption wp-caption-text\"><\/figcaption>\n\t\t\t\t\t\t\t\t\t\t<\/figure>\n\t\t\t\t\t\t\t\t\t<\/div>\n\t\t\t\t<\/div>\n\t\t\t\t<div class=\"elementor-element elementor-element-b0acc59 elementor-widget elementor-widget-image\" data-id=\"b0acc59\" data-element_type=\"widget\" data-e-type=\"widget\" data-widget_type=\"image.default\">\n\t\t\t\t<div class=\"elementor-widget-container\">\n\t\t\t\t\t\t\t\t\t\t\t\t<figure class=\"wp-caption\">\n\t\t\t\t\t\t\t\t\t\t<img loading=\"lazy\" decoding=\"async\" width=\"768\" height=\"512\" src=\"https:\/\/www.elturistatranquil.com\/wp-content\/uploads\/F104-Acueducto-canal-de-Monegros-Tardienta-Huesca.jpg\" class=\"attachment-large size-large wp-image-51287\" alt=\"Acueducto canal de Monegros, Tardienta, Huesca\" srcset=\"https:\/\/www.elturistatranquil.com\/wp-content\/uploads\/F104-Acueducto-canal-de-Monegros-Tardienta-Huesca.jpg 768w, https:\/\/www.elturistatranquil.com\/wp-content\/uploads\/F104-Acueducto-canal-de-Monegros-Tardienta-Huesca-339x226.jpg 339w\" sizes=\"(max-width: 768px) 100vw, 768px\" \/>\t\t\t\t\t\t\t\t\t\t\t<figcaption class=\"widget-image-caption wp-caption-text\"><\/figcaption>\n\t\t\t\t\t\t\t\t\t\t<\/figure>\n\t\t\t\t\t\t\t\t\t<\/div>\n\t\t\t\t<\/div>\n\t\t\t\t<div class=\"elementor-element elementor-element-7e51dd6 elementor-widget elementor-widget-heading\" data-id=\"7e51dd6\" data-element_type=\"widget\" data-e-type=\"widget\" data-widget_type=\"heading.default\">\n\t\t\t\t<div class=\"elementor-widget-container\">\n\t\t\t\t\t<h4 class=\"elementor-heading-title elementor-size-default\">Artasona del Llano<\/h4>\t\t\t\t<\/div>\n\t\t\t\t<\/div>\n\t\t\t\t<div class=\"elementor-element elementor-element-9fab01e elementor-widget elementor-widget-image\" data-id=\"9fab01e\" data-element_type=\"widget\" data-e-type=\"widget\" data-widget_type=\"image.default\">\n\t\t\t\t<div class=\"elementor-widget-container\">\n\t\t\t\t\t\t\t\t\t\t\t\t<figure class=\"wp-caption\">\n\t\t\t\t\t\t\t\t\t\t<img loading=\"lazy\" decoding=\"async\" width=\"768\" height=\"459\" src=\"https:\/\/www.elturistatranquil.com\/wp-content\/uploads\/F105-Artasona-del-Llano-Huesca-Google-earth-2024-02-15.jpg\" class=\"attachment-large size-large wp-image-51289\" alt=\"Artasona-del-Llano, Huesca (Google-earth-2024-02-15)\" srcset=\"https:\/\/www.elturistatranquil.com\/wp-content\/uploads\/F105-Artasona-del-Llano-Huesca-Google-earth-2024-02-15.jpg 768w, https:\/\/www.elturistatranquil.com\/wp-content\/uploads\/F105-Artasona-del-Llano-Huesca-Google-earth-2024-02-15-339x203.jpg 339w\" sizes=\"(max-width: 768px) 100vw, 768px\" \/>\t\t\t\t\t\t\t\t\t\t\t<figcaption class=\"widget-image-caption wp-caption-text\">(Google earth 2024-02-15)<\/figcaption>\n\t\t\t\t\t\t\t\t\t\t<\/figure>\n\t\t\t\t\t\t\t\t\t<\/div>\n\t\t\t\t<\/div>\n\t\t\t\t<div class=\"elementor-element elementor-element-60698bb elementor-widget elementor-widget-text-editor\" data-id=\"60698bb\" data-element_type=\"widget\" data-e-type=\"widget\" data-widget_type=\"text-editor.default\">\n\t\t\t\t<div class=\"elementor-widget-container\">\n\t\t\t\t\t\t\t\t\t<p>Poble colonitzaci\u00f3: <strong>Artasona del Llano<\/strong>. Municipi: Almud\u00e9var. Prov\u00edncia: Osca. Coordenades: 42\u00b000\u203214\u2033N 0\u00b034\u203239\u2033W.<\/p><p>Pla: la zona del canal de Monegres I-La Violada. Any planificaci\u00f3: 1952. Any ocupaci\u00f3: 1957. Arquitectes: ampliaci\u00f3 Jos\u00e9 Borobio.<\/p><p>Colons: 41. Obrers: 10. Altres: 2. Total cases: 53. Poblaci\u00f3 2000: 83 habitants. Poblaci\u00f3 2023: 79 habitants (-4,82%).<\/p><p>Pattern urban\u00edstic: mixt de m\u00f2duls ortogonals i corbs; trapezi circular.<\/p>\t\t\t\t\t\t\t\t<\/div>\n\t\t\t\t<\/div>\n\t\t\t\t<div class=\"elementor-element elementor-element-9e1fe8c elementor-widget elementor-widget-heading\" data-id=\"9e1fe8c\" data-element_type=\"widget\" data-e-type=\"widget\" data-widget_type=\"heading.default\">\n\t\t\t\t<div class=\"elementor-widget-container\">\n\t\t\t\t\t<h4 class=\"elementor-heading-title elementor-size-default\">San Jorge<\/h4>\t\t\t\t<\/div>\n\t\t\t\t<\/div>\n\t\t\t\t<div class=\"elementor-element elementor-element-7d435df elementor-widget elementor-widget-image\" data-id=\"7d435df\" data-element_type=\"widget\" data-e-type=\"widget\" data-widget_type=\"image.default\">\n\t\t\t\t<div class=\"elementor-widget-container\">\n\t\t\t\t\t\t\t\t\t\t\t\t<figure class=\"wp-caption\">\n\t\t\t\t\t\t\t\t\t\t<img loading=\"lazy\" decoding=\"async\" width=\"768\" height=\"459\" src=\"https:\/\/www.elturistatranquil.com\/wp-content\/uploads\/F106-San-Jorge-Huesca-Google-earth-2024-02-15.jpg\" class=\"attachment-large size-large wp-image-51291\" alt=\"San-Jorge, Huesca (Google-earth-2024-02-15)\" srcset=\"https:\/\/www.elturistatranquil.com\/wp-content\/uploads\/F106-San-Jorge-Huesca-Google-earth-2024-02-15.jpg 768w, https:\/\/www.elturistatranquil.com\/wp-content\/uploads\/F106-San-Jorge-Huesca-Google-earth-2024-02-15-339x203.jpg 339w\" sizes=\"(max-width: 768px) 100vw, 768px\" \/>\t\t\t\t\t\t\t\t\t\t\t<figcaption class=\"widget-image-caption wp-caption-text\">(Google earth 2024-02-15)<\/figcaption>\n\t\t\t\t\t\t\t\t\t\t<\/figure>\n\t\t\t\t\t\t\t\t\t<\/div>\n\t\t\t\t<\/div>\n\t\t\t\t<div class=\"elementor-element elementor-element-2a889ca elementor-widget elementor-widget-text-editor\" data-id=\"2a889ca\" data-element_type=\"widget\" data-e-type=\"widget\" data-widget_type=\"text-editor.default\">\n\t\t\t\t<div class=\"elementor-widget-container\">\n\t\t\t\t\t\t\t\t\t<p>Poble colonitzaci\u00f3: <strong>San Jorge<\/strong>. Municipi: Almud\u00e9var. Prov\u00edncia: Osca. Coordenades: 41\u00b059\u203250\u2033N 0\u00b038\u203248\u2033W.<\/p><p>Pla: La zona del canal de Monegres I-La Violada. Any planificaci\u00f3: 1954. Any ocupaci\u00f3: 1957. Arquitectes: Jos\u00e9 Borobio.<\/p><p>Colons: 46. Obrers: 12. Altres: 3. Total cases: 61. Poblaci\u00f3 2000: 135 habitants. Poblaci\u00f3 2023: 128 habitants (-5,19%).<\/p><p>Pattern urban\u00edstic: mixt de m\u00f2duls ortogonals.<\/p>\t\t\t\t\t\t\t\t<\/div>\n\t\t\t\t<\/div>\n\t\t\t\t<div class=\"elementor-element elementor-element-4d53ec1 elementor-widget elementor-widget-heading\" data-id=\"4d53ec1\" data-element_type=\"widget\" data-e-type=\"widget\" data-widget_type=\"heading.default\">\n\t\t\t\t<div class=\"elementor-widget-container\">\n\t\t\t\t\t<h4 class=\"elementor-heading-title elementor-size-default\">Ontinar de Salz<\/h4>\t\t\t\t<\/div>\n\t\t\t\t<\/div>\n\t\t\t\t<div class=\"elementor-element elementor-element-fa01075 elementor-widget elementor-widget-image\" data-id=\"fa01075\" data-element_type=\"widget\" data-e-type=\"widget\" data-widget_type=\"image.default\">\n\t\t\t\t<div class=\"elementor-widget-container\">\n\t\t\t\t\t\t\t\t\t\t\t\t<figure class=\"wp-caption\">\n\t\t\t\t\t\t\t\t\t\t<img loading=\"lazy\" decoding=\"async\" width=\"768\" height=\"459\" src=\"https:\/\/www.elturistatranquil.com\/wp-content\/uploads\/F107-Ontinar-de-Saiz-ZaragozaGoogle-earth-2024-02-15.jpg\" class=\"attachment-large size-large wp-image-51296\" alt=\"Ontinar-de-Saiz, Zaragoza(Google-earth-2024-02-15)\" srcset=\"https:\/\/www.elturistatranquil.com\/wp-content\/uploads\/F107-Ontinar-de-Saiz-ZaragozaGoogle-earth-2024-02-15.jpg 768w, https:\/\/www.elturistatranquil.com\/wp-content\/uploads\/F107-Ontinar-de-Saiz-ZaragozaGoogle-earth-2024-02-15-339x203.jpg 339w\" sizes=\"(max-width: 768px) 100vw, 768px\" \/>\t\t\t\t\t\t\t\t\t\t\t<figcaption class=\"widget-image-caption wp-caption-text\">(Google earth 2024-02-15)<\/figcaption>\n\t\t\t\t\t\t\t\t\t\t<\/figure>\n\t\t\t\t\t\t\t\t\t<\/div>\n\t\t\t\t<\/div>\n\t\t\t\t<div class=\"elementor-element elementor-element-0624cbd elementor-widget elementor-widget-text-editor\" data-id=\"0624cbd\" data-element_type=\"widget\" data-e-type=\"widget\" data-widget_type=\"text-editor.default\">\n\t\t\t\t<div class=\"elementor-widget-container\">\n\t\t\t\t\t\t\t\t\t<p>Poble colonitzaci\u00f3: <strong>Ontinar de Salz<\/strong>. Municipi: Zuera. Prov\u00edncia: Saragossa. Coordenades: 41\u00b056\u203208\u2033N 0\u00b045\u203224\u2033W.<\/p><p>Pla: La zona del canal de Monegres I-La Violada. Any planificaci\u00f3: 1944. Arquitectes: Jos\u00e9 Borobio. Va ser el primer poble programat.<\/p><p>Colons: 108. Obrers: 7. Altres: 10. Total cases: 125. Poblaci\u00f3 2000: 626 habitants. Poblaci\u00f3 2023: 795 habitants (27,0%). L&#8217;\u00fanic que ha crescut en poblaci\u00f3.<\/p><p>Pattern urban\u00edstic: ortogonal regular; corb.<\/p>\t\t\t\t\t\t\t\t<\/div>\n\t\t\t\t<\/div>\n\t\t\t\t<div class=\"elementor-element elementor-element-5da702c elementor-widget elementor-widget-heading\" data-id=\"5da702c\" data-element_type=\"widget\" data-e-type=\"widget\" data-widget_type=\"heading.default\">\n\t\t\t\t<div class=\"elementor-widget-container\">\n\t\t\t\t\t<h3 class=\"elementor-heading-title elementor-size-default\">El Temple<\/h3>\t\t\t\t<\/div>\n\t\t\t\t<\/div>\n\t\t\t\t<div class=\"elementor-element elementor-element-db09b32 elementor-widget elementor-widget-image\" data-id=\"db09b32\" data-element_type=\"widget\" data-e-type=\"widget\" data-widget_type=\"image.default\">\n\t\t\t\t<div class=\"elementor-widget-container\">\n\t\t\t\t\t\t\t\t\t\t\t\t<figure class=\"wp-caption\">\n\t\t\t\t\t\t\t\t\t\t<img loading=\"lazy\" decoding=\"async\" width=\"768\" height=\"459\" src=\"https:\/\/www.elturistatranquil.com\/wp-content\/uploads\/F108-El-Temple-Huesca-Google-earth-2024-02-15.jpg\" class=\"attachment-large size-large wp-image-51298\" alt=\"Ontinar-de-Saiz, Zaragoza(Google-earth-2024-02-15)\" srcset=\"https:\/\/www.elturistatranquil.com\/wp-content\/uploads\/F108-El-Temple-Huesca-Google-earth-2024-02-15.jpg 768w, https:\/\/www.elturistatranquil.com\/wp-content\/uploads\/F108-El-Temple-Huesca-Google-earth-2024-02-15-339x203.jpg 339w\" sizes=\"(max-width: 768px) 100vw, 768px\" \/>\t\t\t\t\t\t\t\t\t\t\t<figcaption class=\"widget-image-caption wp-caption-text\">(Google earth 2024-02-15)<\/figcaption>\n\t\t\t\t\t\t\t\t\t\t<\/figure>\n\t\t\t\t\t\t\t\t\t<\/div>\n\t\t\t\t<\/div>\n\t\t\t\t<div class=\"elementor-element elementor-element-dfc28e6 elementor-widget elementor-widget-text-editor\" data-id=\"dfc28e6\" data-element_type=\"widget\" data-e-type=\"widget\" data-widget_type=\"text-editor.default\">\n\t\t\t\t<div class=\"elementor-widget-container\">\n\t\t\t\t\t\t\t\t\t<p>Poble colonitzaci\u00f3: <strong>El Temple<\/strong>. Municipi: Gurrea de G\u00e1llego. Prov\u00edncia: Osca. Coordenades: 41\u00b058\u203229\u2033N 0\u00b045\u203203\u2033W.<\/p><p>Pla: La zona del canal de Monegres I-La Violada. Any planificaci\u00f3: 1946. Any ocupaci\u00f3: 1952. Arquitectes: Jos\u00e9 Borobio.<\/p><p>Colons: 143. Altres: 12. Total cases: 155. Poblaci\u00f3 2000: 486 habitants. Poblaci\u00f3 2023: 412 habitants (-15,23%).<\/p><p>Pattern urban\u00edstic: mixt de m\u00f2duls ortogonals.<\/p><p><strong>El Temple<\/strong> (<strong>F<\/strong>) va ser el segon poblat de colonitzaci\u00f3 programat a la zona el 1946, amb un projecte de l&#8217;arquitecte Jos\u00e9 Borobio. El primer poblat programat havia estat el ve\u00ed <strong>Onti\u00f1ar de Salz<\/strong> un any abans.<\/p><p>Formava part de la Zona de la Violada, que es trobava molt desenvolupada com a zona de regadiu abans de la Guerra Civil, cosa que es va aprofitar per iniciar aqu\u00ed les actuacions de l&#8217;INC als Monegres.<\/p>\t\t\t\t\t\t\t\t<\/div>\n\t\t\t\t<\/div>\n\t\t\t\t<div class=\"elementor-element elementor-element-d495be0 elementor-widget elementor-widget-heading\" data-id=\"d495be0\" data-element_type=\"widget\" data-e-type=\"widget\" data-widget_type=\"heading.default\">\n\t\t\t\t<div class=\"elementor-widget-container\">\n\t\t\t\t\t<h5 class=\"elementor-heading-title elementor-size-default\">Tipologia de patrons urbans<\/h5>\t\t\t\t<\/div>\n\t\t\t\t<\/div>\n\t\t\t\t<div class=\"elementor-element elementor-element-f053279 elementor-widget elementor-widget-text-editor\" data-id=\"f053279\" data-element_type=\"widget\" data-e-type=\"widget\" data-widget_type=\"text-editor.default\">\n\t\t\t\t<div class=\"elementor-widget-container\">\n\t\t\t\t\t\t\t\t\t<p>Sobre un terreny planer sense condicionants orogr\u00e0fics, l&#8217;arquitecte Jos\u00e9 Borobio va proposar un plantejament basat en m\u00f2duls octogonals disposats en <strong>m\u00f2duls octogonals d&#8217;orientaci\u00f3 mixta<\/strong>.<\/p><p>Observem la meitat occidental formada per dos m\u00f2duls quadrangulars. Sobre el m\u00f2dul nord penetra de forma obliqua un altre m\u00f2dul octogonal, trencant el seu costat de llevant. El triangle que deixa buit pel sud l&#8217;assemblatge de m\u00f2duls anterior s&#8217;omple amb una forma de tipus rombo\u00efdal. Tot plegat, les rondes exteriors delimiten gaireb\u00e9 un pent\u00e0gon irregular.<\/p><p>La conflu\u00e8ncia d&#8217;aquests m\u00f2duls deixa al centre un espai trapezoidal que ser\u00e0 el destinat a pla\u00e7a Major, on penetrar\u00e0, com ser\u00e0 despr\u00e9s habitual, l&#8217;edifici del temple.<\/p>\t\t\t\t\t\t\t\t<\/div>\n\t\t\t\t<\/div>\n\t\t\t\t<div class=\"elementor-element elementor-element-1679519 elementor-widget elementor-widget-image\" data-id=\"1679519\" data-element_type=\"widget\" data-e-type=\"widget\" data-widget_type=\"image.default\">\n\t\t\t\t<div class=\"elementor-widget-container\">\n\t\t\t\t\t\t\t\t\t\t\t\t<figure class=\"wp-caption\">\n\t\t\t\t\t\t\t\t\t\t<img loading=\"lazy\" decoding=\"async\" width=\"768\" height=\"512\" src=\"https:\/\/www.elturistatranquil.com\/wp-content\/uploads\/F109-El-Temple-Huesca-Google-earth-2024-02-15.jpg\" class=\"attachment-large size-large wp-image-51300\" alt=\"El Temple, Huesca (Google-earth-2024-02-15)\" srcset=\"https:\/\/www.elturistatranquil.com\/wp-content\/uploads\/F109-El-Temple-Huesca-Google-earth-2024-02-15.jpg 768w, https:\/\/www.elturistatranquil.com\/wp-content\/uploads\/F109-El-Temple-Huesca-Google-earth-2024-02-15-339x226.jpg 339w\" sizes=\"(max-width: 768px) 100vw, 768px\" \/>\t\t\t\t\t\t\t\t\t\t\t<figcaption class=\"widget-image-caption wp-caption-text\">(Sobre Google earth 2024-02-15)<\/figcaption>\n\t\t\t\t\t\t\t\t\t\t<\/figure>\n\t\t\t\t\t\t\t\t\t<\/div>\n\t\t\t\t<\/div>\n\t\t\t\t<div class=\"elementor-element elementor-element-9073b22 elementor-widget elementor-widget-text-editor\" data-id=\"9073b22\" data-element_type=\"widget\" data-e-type=\"widget\" data-widget_type=\"text-editor.default\">\n\t\t\t\t<div class=\"elementor-widget-container\">\n\t\t\t\t\t\t\t\t\t<p>Amb algunes ampliacions, es mant\u00e9 l&#8217;estructura del projecte del 1947.<\/p>\t\t\t\t\t\t\t\t<\/div>\n\t\t\t\t<\/div>\n\t\t\t\t<div class=\"elementor-element elementor-element-21c3d30 elementor-widget elementor-widget-image\" data-id=\"21c3d30\" data-element_type=\"widget\" data-e-type=\"widget\" data-widget_type=\"image.default\">\n\t\t\t\t<div class=\"elementor-widget-container\">\n\t\t\t\t\t\t\t\t\t\t\t\t<figure class=\"wp-caption\">\n\t\t\t\t\t\t\t\t\t\t<img loading=\"lazy\" decoding=\"async\" width=\"768\" height=\"512\" src=\"https:\/\/www.elturistatranquil.com\/wp-content\/uploads\/F110-El-Temple-Jose-Borobio-1947-Alagon-p-262.jpg\" class=\"attachment-large size-large wp-image-51302\" alt=\"El-Temple,-Jose-Borobio,-1947-(Alagon,-p-262)\" srcset=\"https:\/\/www.elturistatranquil.com\/wp-content\/uploads\/F110-El-Temple-Jose-Borobio-1947-Alagon-p-262.jpg 768w, https:\/\/www.elturistatranquil.com\/wp-content\/uploads\/F110-El-Temple-Jose-Borobio-1947-Alagon-p-262-339x226.jpg 339w\" sizes=\"(max-width: 768px) 100vw, 768px\" \/>\t\t\t\t\t\t\t\t\t\t\t<figcaption class=\"widget-image-caption wp-caption-text\">El Temple, Jos\u00e9 Borobio, projecte de 1947 (Font: Alag\u00f3n, 2021, p. 262)<\/figcaption>\n\t\t\t\t\t\t\t\t\t\t<\/figure>\n\t\t\t\t\t\t\t\t\t<\/div>\n\t\t\t\t<\/div>\n\t\t\t\t<div class=\"elementor-element elementor-element-51fe0b7 elementor-widget elementor-widget-text-editor\" data-id=\"51fe0b7\" data-element_type=\"widget\" data-e-type=\"widget\" data-widget_type=\"text-editor.default\">\n\t\t\t\t<div class=\"elementor-widget-container\">\n\t\t\t\t\t\t\t\t\t<p>Un tret d&#8217;aquest projecte \u00e9s que s&#8217;aplica parcialment la segregaci\u00f3 entre el tr\u00e0nsit animal i el vianant.<\/p><p>Des de l&#8217;etapa preb\u00e8l\u00b7lica s&#8217;estava analitzant la conveni\u00e8ncia de separar totalment les circulacions dels animals i de les persones, sense que hi hagi enlla\u00e7os entre els dos carrers. Aix\u00ed, als carrers de carros s&#8217;hi entrava des de les rondes exteriors que circumden el conjunt.<\/p><p>Es considerava que aquest tipus de carrers afavoriria la neteja de les vies principals, el desenvolupament de la vida interior i de la relaci\u00f3 entre els ve\u00efns.<\/p>\t\t\t\t\t\t\t\t<\/div>\n\t\t\t\t<\/div>\n\t\t\t\t<div class=\"elementor-element elementor-element-2e8d7aa elementor-widget elementor-widget-heading\" data-id=\"2e8d7aa\" data-element_type=\"widget\" data-e-type=\"widget\" data-widget_type=\"heading.default\">\n\t\t\t\t<div class=\"elementor-widget-container\">\n\t\t\t\t\t<h5 class=\"elementor-heading-title elementor-size-default\">Els eixos articuladors i tipologies de carrers<\/h5>\t\t\t\t<\/div>\n\t\t\t\t<\/div>\n\t\t\t\t<div class=\"elementor-element elementor-element-6c07830 elementor-widget elementor-widget-text-editor\" data-id=\"6c07830\" data-element_type=\"widget\" data-e-type=\"widget\" data-widget_type=\"text-editor.default\">\n\t\t\t\t<div class=\"elementor-widget-container\">\n\t\t\t\t\t\t\t\t\t<p>Quatre eixos que parteixen de la <strong>pla\u00e7a Major<\/strong> articulen el conjunt, complint el criteri que no tinguin continu\u00eftat entre si.<\/p><p>Aquests quatre carrers, al costat de les rondes que envolten el poble, s\u00f3n els \u00fanics que tenen tr\u00e0nsit compartit persones i carros. Tenen una amplada de 9-10 metres.<\/p><p>Entrant al <strong>carrer Major<\/strong> pel sud-est, la torre de l&#8217;esgl\u00e9sia tanca la perspectiva.<\/p>\t\t\t\t\t\t\t\t<\/div>\n\t\t\t\t<\/div>\n\t\t\t\t<div class=\"elementor-element elementor-element-9bbd307 elementor-widget elementor-widget-image\" data-id=\"9bbd307\" data-element_type=\"widget\" data-e-type=\"widget\" data-widget_type=\"image.default\">\n\t\t\t\t<div class=\"elementor-widget-container\">\n\t\t\t\t\t\t\t\t\t\t\t\t<figure class=\"wp-caption\">\n\t\t\t\t\t\t\t\t\t\t<img loading=\"lazy\" decoding=\"async\" width=\"768\" height=\"511\" src=\"https:\/\/www.elturistatranquil.com\/wp-content\/uploads\/F111-El-Temple-Huesca.jpg\" class=\"attachment-large size-large wp-image-51307\" alt=\"El Temple, Huesca\" srcset=\"https:\/\/www.elturistatranquil.com\/wp-content\/uploads\/F111-El-Temple-Huesca.jpg 768w, https:\/\/www.elturistatranquil.com\/wp-content\/uploads\/F111-El-Temple-Huesca-339x226.jpg 339w\" sizes=\"(max-width: 768px) 100vw, 768px\" \/>\t\t\t\t\t\t\t\t\t\t\t<figcaption class=\"widget-image-caption wp-caption-text\"><\/figcaption>\n\t\t\t\t\t\t\t\t\t\t<\/figure>\n\t\t\t\t\t\t\t\t\t<\/div>\n\t\t\t\t<\/div>\n\t\t\t\t<div class=\"elementor-element elementor-element-76e0dd6 elementor-widget elementor-widget-text-editor\" data-id=\"76e0dd6\" data-element_type=\"widget\" data-e-type=\"widget\" data-widget_type=\"text-editor.default\">\n\t\t\t\t<div class=\"elementor-widget-container\">\n\t\t\t\t\t\t\t\t\t<p><strong>Carrer Major <\/strong>entrant per l&#8217;oest.<\/p>\t\t\t\t\t\t\t\t<\/div>\n\t\t\t\t<\/div>\n\t\t\t\t<div class=\"elementor-element elementor-element-c2c3986 elementor-widget elementor-widget-image\" data-id=\"c2c3986\" data-element_type=\"widget\" data-e-type=\"widget\" data-widget_type=\"image.default\">\n\t\t\t\t<div class=\"elementor-widget-container\">\n\t\t\t\t\t\t\t\t\t\t\t\t<figure class=\"wp-caption\">\n\t\t\t\t\t\t\t\t\t\t<img loading=\"lazy\" decoding=\"async\" width=\"768\" height=\"511\" src=\"https:\/\/www.elturistatranquil.com\/wp-content\/uploads\/F112-El-Temple-Huesca.jpg\" class=\"attachment-large size-large wp-image-51309\" alt=\"El Temple, Huesca\" srcset=\"https:\/\/www.elturistatranquil.com\/wp-content\/uploads\/F112-El-Temple-Huesca.jpg 768w, https:\/\/www.elturistatranquil.com\/wp-content\/uploads\/F112-El-Temple-Huesca-339x226.jpg 339w\" sizes=\"(max-width: 768px) 100vw, 768px\" \/>\t\t\t\t\t\t\t\t\t\t\t<figcaption class=\"widget-image-caption wp-caption-text\"><\/figcaption>\n\t\t\t\t\t\t\t\t\t\t<\/figure>\n\t\t\t\t\t\t\t\t\t<\/div>\n\t\t\t\t<\/div>\n\t\t\t\t<div class=\"elementor-element elementor-element-d7e2ebc elementor-widget elementor-widget-text-editor\" data-id=\"d7e2ebc\" data-element_type=\"widget\" data-e-type=\"widget\" data-widget_type=\"text-editor.default\">\n\t\t\t\t<div class=\"elementor-widget-container\">\n\t\t\t\t\t\t\t\t\t<p><strong>Carrer de la Torre<\/strong> des de la pla\u00e7a Major.<\/p>\t\t\t\t\t\t\t\t<\/div>\n\t\t\t\t<\/div>\n\t\t\t\t<div class=\"elementor-element elementor-element-d0248dc elementor-widget elementor-widget-image\" data-id=\"d0248dc\" data-element_type=\"widget\" data-e-type=\"widget\" data-widget_type=\"image.default\">\n\t\t\t\t<div class=\"elementor-widget-container\">\n\t\t\t\t\t\t\t\t\t\t\t\t<figure class=\"wp-caption\">\n\t\t\t\t\t\t\t\t\t\t<img loading=\"lazy\" decoding=\"async\" width=\"768\" height=\"511\" src=\"https:\/\/www.elturistatranquil.com\/wp-content\/uploads\/F113-El-Temple-Huesca.jpg\" class=\"attachment-large size-large wp-image-51311\" alt=\"El Temple, Huesca\" srcset=\"https:\/\/www.elturistatranquil.com\/wp-content\/uploads\/F113-El-Temple-Huesca.jpg 768w, https:\/\/www.elturistatranquil.com\/wp-content\/uploads\/F113-El-Temple-Huesca-339x226.jpg 339w\" sizes=\"(max-width: 768px) 100vw, 768px\" \/>\t\t\t\t\t\t\t\t\t\t\t<figcaption class=\"widget-image-caption wp-caption-text\"><\/figcaption>\n\t\t\t\t\t\t\t\t\t\t<\/figure>\n\t\t\t\t\t\t\t\t\t<\/div>\n\t\t\t\t<\/div>\n\t\t\t\t<div class=\"elementor-element elementor-element-f32ab11 elementor-widget elementor-widget-text-editor\" data-id=\"f32ab11\" data-element_type=\"widget\" data-e-type=\"widget\" data-widget_type=\"text-editor.default\">\n\t\t\t\t<div class=\"elementor-widget-container\">\n\t\t\t\t\t\t\t\t\t<p><strong>Carrer Guara<\/strong> en direcci\u00f3 a la pla\u00e7a Major.<\/p>\t\t\t\t\t\t\t\t<\/div>\n\t\t\t\t<\/div>\n\t\t\t\t<div class=\"elementor-element elementor-element-b986883 elementor-widget elementor-widget-image\" data-id=\"b986883\" data-element_type=\"widget\" data-e-type=\"widget\" data-widget_type=\"image.default\">\n\t\t\t\t<div class=\"elementor-widget-container\">\n\t\t\t\t\t\t\t\t\t\t\t\t<figure class=\"wp-caption\">\n\t\t\t\t\t\t\t\t\t\t<img loading=\"lazy\" decoding=\"async\" width=\"768\" height=\"511\" src=\"https:\/\/www.elturistatranquil.com\/wp-content\/uploads\/F114-El-Temple-Huesca.jpg\" class=\"attachment-large size-large wp-image-51313\" alt=\"El Temple, Huesca\" srcset=\"https:\/\/www.elturistatranquil.com\/wp-content\/uploads\/F114-El-Temple-Huesca.jpg 768w, https:\/\/www.elturistatranquil.com\/wp-content\/uploads\/F114-El-Temple-Huesca-339x226.jpg 339w\" sizes=\"(max-width: 768px) 100vw, 768px\" \/>\t\t\t\t\t\t\t\t\t\t\t<figcaption class=\"widget-image-caption wp-caption-text\"><\/figcaption>\n\t\t\t\t\t\t\t\t\t\t<\/figure>\n\t\t\t\t\t\t\t\t\t<\/div>\n\t\t\t\t<\/div>\n\t\t\t\t<div class=\"elementor-element elementor-element-4ef13a4 elementor-widget elementor-widget-text-editor\" data-id=\"4ef13a4\" data-element_type=\"widget\" data-e-type=\"widget\" data-widget_type=\"text-editor.default\">\n\t\t\t\t<div class=\"elementor-widget-container\">\n\t\t\t\t\t\t\t\t\t<p>Con la ampliaci\u00f3n por el lado norte, la ronda se convirti\u00f3 en la <strong>calle Huesca<\/strong>, otra de las calles compartidas. A la izquierda casas de la ampliaci\u00f3n posterior.<\/p>\t\t\t\t\t\t\t\t<\/div>\n\t\t\t\t<\/div>\n\t\t\t\t<div class=\"elementor-element elementor-element-f6c6ef8 elementor-widget elementor-widget-image\" data-id=\"f6c6ef8\" data-element_type=\"widget\" data-e-type=\"widget\" data-widget_type=\"image.default\">\n\t\t\t\t<div class=\"elementor-widget-container\">\n\t\t\t\t\t\t\t\t\t\t\t\t<figure class=\"wp-caption\">\n\t\t\t\t\t\t\t\t\t\t<img loading=\"lazy\" decoding=\"async\" width=\"768\" height=\"512\" src=\"https:\/\/www.elturistatranquil.com\/wp-content\/uploads\/F115-El-Temple-Huesca.jpg\" class=\"attachment-large size-large wp-image-51315\" alt=\"El Temple, Huesca\" srcset=\"https:\/\/www.elturistatranquil.com\/wp-content\/uploads\/F115-El-Temple-Huesca.jpg 768w, https:\/\/www.elturistatranquil.com\/wp-content\/uploads\/F115-El-Temple-Huesca-339x226.jpg 339w\" sizes=\"(max-width: 768px) 100vw, 768px\" \/>\t\t\t\t\t\t\t\t\t\t\t<figcaption class=\"widget-image-caption wp-caption-text\"><\/figcaption>\n\t\t\t\t\t\t\t\t\t\t<\/figure>\n\t\t\t\t\t\t\t\t\t<\/div>\n\t\t\t\t<\/div>\n\t\t\t\t<div class=\"elementor-element elementor-element-1d581e6 elementor-widget elementor-widget-text-editor\" data-id=\"1d581e6\" data-element_type=\"widget\" data-e-type=\"widget\" data-widget_type=\"text-editor.default\">\n\t\t\t\t<div class=\"elementor-widget-container\">\n\t\t\t\t\t\t\t\t\t<p>La resta dels carrers compresos dins de cadascun dels quatre m\u00f2duls urban\u00edstics, d&#8217;amplada 4-6 metres, s\u00f3n <strong>carrers de circulaci\u00f3 segregada<\/strong>, b\u00e9 per a vianants o b\u00e9 per a carros. En cada cas, el carrer nom\u00e9s donava acc\u00e9s a l&#8217;entrada a l\u2019habitatge o a la portalada del corral.<\/p><p>Segons sembla, els vials de poca amplada dels carrers segregats buscaven la protecci\u00f3 del fort vent dominant a la regi\u00f3.<\/p><p>Un dels <strong>carrers segregats per a vianants<\/strong> el trobem al m\u00f2dul sud-oest, al laberint que forma el <strong>carrer la Ese<\/strong>, formant una \u201cZ\u201d.<\/p>\t\t\t\t\t\t\t\t<\/div>\n\t\t\t\t<\/div>\n\t\t\t\t<div class=\"elementor-element elementor-element-a6f9e67 elementor-widget elementor-widget-image\" data-id=\"a6f9e67\" data-element_type=\"widget\" data-e-type=\"widget\" data-widget_type=\"image.default\">\n\t\t\t\t<div class=\"elementor-widget-container\">\n\t\t\t\t\t\t\t\t\t\t\t\t<figure class=\"wp-caption\">\n\t\t\t\t\t\t\t\t\t\t<img loading=\"lazy\" decoding=\"async\" width=\"768\" height=\"512\" src=\"https:\/\/www.elturistatranquil.com\/wp-content\/uploads\/F116-El-Temple-Huesca.jpg\" class=\"attachment-large size-large wp-image-51317\" alt=\"El Temple, Huesca\" srcset=\"https:\/\/www.elturistatranquil.com\/wp-content\/uploads\/F116-El-Temple-Huesca.jpg 768w, https:\/\/www.elturistatranquil.com\/wp-content\/uploads\/F116-El-Temple-Huesca-339x226.jpg 339w\" sizes=\"(max-width: 768px) 100vw, 768px\" \/>\t\t\t\t\t\t\t\t\t\t\t<figcaption class=\"widget-image-caption wp-caption-text\"><\/figcaption>\n\t\t\t\t\t\t\t\t\t\t<\/figure>\n\t\t\t\t\t\t\t\t\t<\/div>\n\t\t\t\t<\/div>\n\t\t\t\t<div class=\"elementor-element elementor-element-104ab88 elementor-widget elementor-widget-text-editor\" data-id=\"104ab88\" data-element_type=\"widget\" data-e-type=\"widget\" data-widget_type=\"text-editor.default\">\n\t\t\t\t<div class=\"elementor-widget-container\">\n\t\t\t\t\t\t\t\t\t<p>Com a exemple de <strong>carrer segregat per a carros<\/strong> el mateix nom de <strong>carrer Corrales<\/strong> \u00e9s significatiu. Entrada per la <strong>ronda del Moncayo<\/strong>.<\/p>\t\t\t\t\t\t\t\t<\/div>\n\t\t\t\t<\/div>\n\t\t\t\t<div class=\"elementor-element elementor-element-7ff55eb elementor-widget elementor-widget-image\" data-id=\"7ff55eb\" data-element_type=\"widget\" data-e-type=\"widget\" data-widget_type=\"image.default\">\n\t\t\t\t<div class=\"elementor-widget-container\">\n\t\t\t\t\t\t\t\t\t\t\t\t<figure class=\"wp-caption\">\n\t\t\t\t\t\t\t\t\t\t<img loading=\"lazy\" decoding=\"async\" width=\"768\" height=\"512\" src=\"https:\/\/www.elturistatranquil.com\/wp-content\/uploads\/F117-El-Temple-Huesca.jpg\" class=\"attachment-large size-large wp-image-51319\" alt=\"El Temple, Huesca\" srcset=\"https:\/\/www.elturistatranquil.com\/wp-content\/uploads\/F117-El-Temple-Huesca.jpg 768w, https:\/\/www.elturistatranquil.com\/wp-content\/uploads\/F117-El-Temple-Huesca-339x226.jpg 339w\" sizes=\"(max-width: 768px) 100vw, 768px\" \/>\t\t\t\t\t\t\t\t\t\t\t<figcaption class=\"widget-image-caption wp-caption-text\"><\/figcaption>\n\t\t\t\t\t\t\t\t\t\t<\/figure>\n\t\t\t\t\t\t\t\t\t<\/div>\n\t\t\t\t<\/div>\n\t\t\t\t<div class=\"elementor-element elementor-element-57210cd elementor-widget elementor-widget-text-editor\" data-id=\"57210cd\" data-element_type=\"widget\" data-e-type=\"widget\" data-widget_type=\"text-editor.default\">\n\t\t\t\t<div class=\"elementor-widget-container\">\n\t\t\t\t\t\t\t\t\t<p>En certs casos, els carrers per a carros acabaven sense sortida perqu\u00e8 no tinguessin acc\u00e9s a la trama interior. Tenir en compte que als carrers de carros nom\u00e9s s&#8217;hi accedia des de les rondes exteriors.<\/p><p>Punt sense sortida al <strong>carrer la Ese<\/strong> amb acc\u00e9s als corrals.<\/p>\t\t\t\t\t\t\t\t<\/div>\n\t\t\t\t<\/div>\n\t\t\t\t<div class=\"elementor-element elementor-element-2b38ee0 elementor-widget elementor-widget-image\" data-id=\"2b38ee0\" data-element_type=\"widget\" data-e-type=\"widget\" data-widget_type=\"image.default\">\n\t\t\t\t<div class=\"elementor-widget-container\">\n\t\t\t\t\t\t\t\t\t\t\t\t<figure class=\"wp-caption\">\n\t\t\t\t\t\t\t\t\t\t<img loading=\"lazy\" decoding=\"async\" width=\"768\" height=\"512\" src=\"https:\/\/www.elturistatranquil.com\/wp-content\/uploads\/F118-El-Temple-Huesca.jpg\" class=\"attachment-large size-large wp-image-51324\" alt=\"El Temple, Huesca\" srcset=\"https:\/\/www.elturistatranquil.com\/wp-content\/uploads\/F118-El-Temple-Huesca.jpg 768w, https:\/\/www.elturistatranquil.com\/wp-content\/uploads\/F118-El-Temple-Huesca-339x226.jpg 339w\" sizes=\"(max-width: 768px) 100vw, 768px\" \/>\t\t\t\t\t\t\t\t\t\t\t<figcaption class=\"widget-image-caption wp-caption-text\"><\/figcaption>\n\t\t\t\t\t\t\t\t\t\t<\/figure>\n\t\t\t\t\t\t\t\t\t<\/div>\n\t\t\t\t<\/div>\n\t\t\t\t<div class=\"elementor-element elementor-element-570655c elementor-widget elementor-widget-text-editor\" data-id=\"570655c\" data-element_type=\"widget\" data-e-type=\"widget\" data-widget_type=\"text-editor.default\">\n\t\t\t\t<div class=\"elementor-widget-container\">\n\t\t\t\t\t\t\t\t\t<p>Podem apreciar que a aquests carrers per a carros tamb\u00e9 se&#8217;ls atribu\u00efa import\u00e0ncia simb\u00f2lica, com amb aquest arc d&#8217;entrada al <strong>carrer la Ese<\/strong> des de la <strong>ronda de San Isidro<\/strong>.<\/p>\t\t\t\t\t\t\t\t<\/div>\n\t\t\t\t<\/div>\n\t\t\t\t<div class=\"elementor-element elementor-element-317ad71 elementor-widget elementor-widget-image\" data-id=\"317ad71\" data-element_type=\"widget\" data-e-type=\"widget\" data-widget_type=\"image.default\">\n\t\t\t\t<div class=\"elementor-widget-container\">\n\t\t\t\t\t\t\t\t\t\t\t\t<figure class=\"wp-caption\">\n\t\t\t\t\t\t\t\t\t\t<img loading=\"lazy\" decoding=\"async\" width=\"768\" height=\"512\" src=\"https:\/\/www.elturistatranquil.com\/wp-content\/uploads\/F119-El-Temple-Huesca.jpg\" class=\"attachment-large size-large wp-image-51326\" alt=\"El Temple, Huesca\" srcset=\"https:\/\/www.elturistatranquil.com\/wp-content\/uploads\/F119-El-Temple-Huesca.jpg 768w, https:\/\/www.elturistatranquil.com\/wp-content\/uploads\/F119-El-Temple-Huesca-339x226.jpg 339w\" sizes=\"(max-width: 768px) 100vw, 768px\" \/>\t\t\t\t\t\t\t\t\t\t\t<figcaption class=\"widget-image-caption wp-caption-text\"><\/figcaption>\n\t\t\t\t\t\t\t\t\t\t<\/figure>\n\t\t\t\t\t\t\t\t\t<\/div>\n\t\t\t\t<\/div>\n\t\t\t\t<div class=\"elementor-element elementor-element-5ae8194 elementor-widget elementor-widget-heading\" data-id=\"5ae8194\" data-element_type=\"widget\" data-e-type=\"widget\" data-widget_type=\"heading.default\">\n\t\t\t\t<div class=\"elementor-widget-container\">\n\t\t\t\t\t<h5 class=\"elementor-heading-title elementor-size-default\">Els materials de construcci\u00f3<\/h5>\t\t\t\t<\/div>\n\t\t\t\t<\/div>\n\t\t\t\t<div class=\"elementor-element elementor-element-7f3eaca elementor-widget elementor-widget-text-editor\" data-id=\"7f3eaca\" data-element_type=\"widget\" data-e-type=\"widget\" data-widget_type=\"text-editor.default\">\n\t\t\t\t<div class=\"elementor-widget-container\">\n\t\t\t\t\t\t\t\t\t<p>Els dos materials de f\u00e0brica que mostren les edificacions de El Temple s\u00f3n el ma\u00f3 groc i el arrebossat. En l&#8217;actualitat l\u2019arrebossat \u00e9s de diversos colors, no s\u00e9 si al principi va ser tot blanc o ja es va aplicar el criteri de diversificar colors per trencar la possible monotonia.<\/p>\t\t\t\t\t\t\t\t<\/div>\n\t\t\t\t<\/div>\n\t\t\t\t<div class=\"elementor-element elementor-element-a798ca0 elementor-widget elementor-widget-heading\" data-id=\"a798ca0\" data-element_type=\"widget\" data-e-type=\"widget\" data-widget_type=\"heading.default\">\n\t\t\t\t<div class=\"elementor-widget-container\">\n\t\t\t\t\t<h5 class=\"elementor-heading-title elementor-size-default\">El centre: elements simb\u00f2lics de poder i els serveis complementaris<\/h5>\t\t\t\t<\/div>\n\t\t\t\t<\/div>\n\t\t\t\t<div class=\"elementor-element elementor-element-9f63713 elementor-widget elementor-widget-text-editor\" data-id=\"9f63713\" data-element_type=\"widget\" data-e-type=\"widget\" data-widget_type=\"text-editor.default\">\n\t\t\t\t<div class=\"elementor-widget-container\">\n\t\t\t\t\t\t\t\t\t<p>La <strong>pla\u00e7a Major<\/strong> constitueix el centre del poblat i s&#8217;hi concentren, com sempre, els poders civil i religiosa, aix\u00ed com els serveis.<\/p><p>Per la disposici\u00f3 obliqua dels m\u00f2duls urban\u00edstics ortogonals la pla\u00e7a tindria una forma trapezoidal encara que, com hem vist tamb\u00e9 a Frula, l&#8217;edifici del temple penetra a la pla\u00e7a de manera que la torre-campanar s&#8217;ubica al punt de conflu\u00e8ncia dels dos eixos visuals formats pel carrer Major i el carrer la Torre, deixant clar el seu paper ordenador.<\/p>\t\t\t\t\t\t\t\t<\/div>\n\t\t\t\t<\/div>\n\t\t\t\t<div class=\"elementor-element elementor-element-3d84cc3 elementor-widget elementor-widget-image\" data-id=\"3d84cc3\" data-element_type=\"widget\" data-e-type=\"widget\" data-widget_type=\"image.default\">\n\t\t\t\t<div class=\"elementor-widget-container\">\n\t\t\t\t\t\t\t\t\t\t\t\t<figure class=\"wp-caption\">\n\t\t\t\t\t\t\t\t\t\t<img loading=\"lazy\" decoding=\"async\" width=\"768\" height=\"512\" src=\"https:\/\/www.elturistatranquil.com\/wp-content\/uploads\/F120-El-Temple-Huesca.jpg\" class=\"attachment-large size-large wp-image-51328\" alt=\"El Temple, Huesca\" srcset=\"https:\/\/www.elturistatranquil.com\/wp-content\/uploads\/F120-El-Temple-Huesca.jpg 768w, https:\/\/www.elturistatranquil.com\/wp-content\/uploads\/F120-El-Temple-Huesca-339x226.jpg 339w\" sizes=\"(max-width: 768px) 100vw, 768px\" \/>\t\t\t\t\t\t\t\t\t\t\t<figcaption class=\"widget-image-caption wp-caption-text\"><\/figcaption>\n\t\t\t\t\t\t\t\t\t\t<\/figure>\n\t\t\t\t\t\t\t\t\t<\/div>\n\t\t\t\t<\/div>\n\t\t\t\t<div class=\"elementor-element elementor-element-e421edb elementor-widget elementor-widget-image\" data-id=\"e421edb\" data-element_type=\"widget\" data-e-type=\"widget\" data-widget_type=\"image.default\">\n\t\t\t\t<div class=\"elementor-widget-container\">\n\t\t\t\t\t\t\t\t\t\t\t\t<figure class=\"wp-caption\">\n\t\t\t\t\t\t\t\t\t\t<img loading=\"lazy\" decoding=\"async\" width=\"768\" height=\"512\" src=\"https:\/\/www.elturistatranquil.com\/wp-content\/uploads\/F121-El-Temple-Huesca.jpg\" class=\"attachment-large size-large wp-image-51330\" alt=\"El Temple, Huesca\" srcset=\"https:\/\/www.elturistatranquil.com\/wp-content\/uploads\/F121-El-Temple-Huesca.jpg 768w, https:\/\/www.elturistatranquil.com\/wp-content\/uploads\/F121-El-Temple-Huesca-339x226.jpg 339w\" sizes=\"(max-width: 768px) 100vw, 768px\" \/>\t\t\t\t\t\t\t\t\t\t\t<figcaption class=\"widget-image-caption wp-caption-text\"><\/figcaption>\n\t\t\t\t\t\t\t\t\t\t<\/figure>\n\t\t\t\t\t\t\t\t\t<\/div>\n\t\t\t\t<\/div>\n\t\t\t\t<div class=\"elementor-element elementor-element-e584ab4 elementor-widget elementor-widget-text-editor\" data-id=\"e584ab4\" data-element_type=\"widget\" data-e-type=\"widget\" data-widget_type=\"text-editor.default\">\n\t\t\t\t<div class=\"elementor-widget-container\">\n\t\t\t\t\t\t\t\t\t<p>Un altre element que forma part dels motius decoratius s\u00f3n els arcs d\u2019acc\u00e9s a la pla\u00e7a Major.<\/p><p>L&#8217;eix que forma el <strong>carrer Guara<\/strong> queda limitat en arribar a la pla\u00e7a per un d&#8217;aquests arcs.<\/p>\t\t\t\t\t\t\t\t<\/div>\n\t\t\t\t<\/div>\n\t\t\t\t<div class=\"elementor-element elementor-element-a7dd909 elementor-widget elementor-widget-image\" data-id=\"a7dd909\" data-element_type=\"widget\" data-e-type=\"widget\" data-widget_type=\"image.default\">\n\t\t\t\t<div class=\"elementor-widget-container\">\n\t\t\t\t\t\t\t\t\t\t\t\t<figure class=\"wp-caption\">\n\t\t\t\t\t\t\t\t\t\t<img loading=\"lazy\" decoding=\"async\" width=\"768\" height=\"561\" src=\"https:\/\/www.elturistatranquil.com\/wp-content\/uploads\/F122-El-Temple-Huesca.jpg\" class=\"attachment-large size-large wp-image-51332\" alt=\"El Temple, Huesca\" srcset=\"https:\/\/www.elturistatranquil.com\/wp-content\/uploads\/F122-El-Temple-Huesca.jpg 768w, https:\/\/www.elturistatranquil.com\/wp-content\/uploads\/F122-El-Temple-Huesca-309x226.jpg 309w\" sizes=\"(max-width: 768px) 100vw, 768px\" \/>\t\t\t\t\t\t\t\t\t\t\t<figcaption class=\"widget-image-caption wp-caption-text\"><\/figcaption>\n\t\t\t\t\t\t\t\t\t\t<\/figure>\n\t\t\t\t\t\t\t\t\t<\/div>\n\t\t\t\t<\/div>\n\t\t\t\t<div class=\"elementor-element elementor-element-5301773 elementor-widget elementor-widget-text-editor\" data-id=\"5301773\" data-element_type=\"widget\" data-e-type=\"widget\" data-widget_type=\"text-editor.default\">\n\t\t\t\t<div class=\"elementor-widget-container\">\n\t\t\t\t\t\t\t\t\t<p>Pel que fa als edificis, el m\u00e9s important \u00e9s l&#8217; <strong>Esgl\u00e9sia de La Asunci\u00f3n de Nuestra Se\u00f1ora<\/strong> (<strong>T<\/strong>), l&#8217;edifici \u00e9s historicista, d&#8217;estil neorom\u00e0nic-mud\u00e8jar, molt vinculat a la zona. Tot ell de ma\u00f3 groc. Per exig\u00e8ncies de la seva disposici\u00f3 a la trama urbana, l&#8217;orientaci\u00f3 no \u00e9s can\u00f2nica, sin\u00f3 en sentit nord-est.<\/p>\t\t\t\t\t\t\t\t<\/div>\n\t\t\t\t<\/div>\n\t\t\t\t<div class=\"elementor-element elementor-element-05a7ce7 elementor-widget elementor-widget-image\" data-id=\"05a7ce7\" data-element_type=\"widget\" data-e-type=\"widget\" data-widget_type=\"image.default\">\n\t\t\t\t<div class=\"elementor-widget-container\">\n\t\t\t\t\t\t\t\t\t\t\t\t<figure class=\"wp-caption\">\n\t\t\t\t\t\t\t\t\t\t<img loading=\"lazy\" decoding=\"async\" width=\"768\" height=\"512\" src=\"https:\/\/www.elturistatranquil.com\/wp-content\/uploads\/F123-El-Temple-Huesca.jpg\" class=\"attachment-large size-large wp-image-51334\" alt=\"El Temple, Huesca\" srcset=\"https:\/\/www.elturistatranquil.com\/wp-content\/uploads\/F123-El-Temple-Huesca.jpg 768w, https:\/\/www.elturistatranquil.com\/wp-content\/uploads\/F123-El-Temple-Huesca-339x226.jpg 339w\" sizes=\"(max-width: 768px) 100vw, 768px\" \/>\t\t\t\t\t\t\t\t\t\t\t<figcaption class=\"widget-image-caption wp-caption-text\"><\/figcaption>\n\t\t\t\t\t\t\t\t\t\t<\/figure>\n\t\t\t\t\t\t\t\t\t<\/div>\n\t\t\t\t<\/div>\n\t\t\t\t<div class=\"elementor-element elementor-element-9050555 elementor-widget elementor-widget-text-editor\" data-id=\"9050555\" data-element_type=\"widget\" data-e-type=\"widget\" data-widget_type=\"text-editor.default\">\n\t\t\t\t<div class=\"elementor-widget-container\">\n\t\t\t\t\t\t\t\t\t<p>Per la forma exterior sembla un temple d&#8217;una sola nau, amb absis rectangular, i amb capelles laterals situades entre contraforts. Als peus l\u00b4entrada amb un ampli p\u00f2rtic de grans arcs de mig punt.<\/p><p>Adossada al costat de l&#8217;ep\u00edstola, al punt de conflu\u00e8ncia visual dels carrers Major i la Torre s&#8217;al\u00e7a una esvelta i sobre elevada torre que acaba en un campanar octogonal.<\/p>\t\t\t\t\t\t\t\t<\/div>\n\t\t\t\t<\/div>\n\t\t\t\t<div class=\"elementor-element elementor-element-4e7ee4a elementor-widget elementor-widget-image\" data-id=\"4e7ee4a\" data-element_type=\"widget\" data-e-type=\"widget\" data-widget_type=\"image.default\">\n\t\t\t\t<div class=\"elementor-widget-container\">\n\t\t\t\t\t\t\t\t\t\t\t\t<figure class=\"wp-caption\">\n\t\t\t\t\t\t\t\t\t\t<img loading=\"lazy\" decoding=\"async\" width=\"768\" height=\"512\" src=\"https:\/\/www.elturistatranquil.com\/wp-content\/uploads\/F124-El-Temple-Huesca.jpg\" class=\"attachment-large size-large wp-image-51336\" alt=\"El Temple, Huesca\" srcset=\"https:\/\/www.elturistatranquil.com\/wp-content\/uploads\/F124-El-Temple-Huesca.jpg 768w, https:\/\/www.elturistatranquil.com\/wp-content\/uploads\/F124-El-Temple-Huesca-339x226.jpg 339w\" sizes=\"(max-width: 768px) 100vw, 768px\" \/>\t\t\t\t\t\t\t\t\t\t\t<figcaption class=\"widget-image-caption wp-caption-text\"><\/figcaption>\n\t\t\t\t\t\t\t\t\t\t<\/figure>\n\t\t\t\t\t\t\t\t\t<\/div>\n\t\t\t\t<\/div>\n\t\t\t\t<div class=\"elementor-element elementor-element-04dd11f elementor-widget elementor-widget-text-editor\" data-id=\"04dd11f\" data-element_type=\"widget\" data-e-type=\"widget\" data-widget_type=\"text-editor.default\">\n\t\t\t\t<div class=\"elementor-widget-container\">\n\t\t\t\t\t\t\t\t\t<p>Al lateral de llevant, cantoner amb el carrer Major, hi ha l&#8217;<strong> edifici municipal<\/strong> (<strong>M<\/strong>) i al costat el bar.<\/p><p>L\u2019\u00faltim nivell de l\u2019ajuntament recorda l\u2019estil d\u2019arcades de l\u2019arquitectura tradicional aragonesa.<\/p>\t\t\t\t\t\t\t\t<\/div>\n\t\t\t\t<\/div>\n\t\t\t\t<div class=\"elementor-element elementor-element-852c246 elementor-widget elementor-widget-image\" data-id=\"852c246\" data-element_type=\"widget\" data-e-type=\"widget\" data-widget_type=\"image.default\">\n\t\t\t\t<div class=\"elementor-widget-container\">\n\t\t\t\t\t\t\t\t\t\t\t\t<figure class=\"wp-caption\">\n\t\t\t\t\t\t\t\t\t\t<img loading=\"lazy\" decoding=\"async\" width=\"768\" height=\"512\" src=\"https:\/\/www.elturistatranquil.com\/wp-content\/uploads\/F125-El-Temple-Huesca.jpg\" class=\"attachment-large size-large wp-image-51338\" alt=\"El Temple, Huesca\" srcset=\"https:\/\/www.elturistatranquil.com\/wp-content\/uploads\/F125-El-Temple-Huesca.jpg 768w, https:\/\/www.elturistatranquil.com\/wp-content\/uploads\/F125-El-Temple-Huesca-339x226.jpg 339w\" sizes=\"(max-width: 768px) 100vw, 768px\" \/>\t\t\t\t\t\t\t\t\t\t\t<figcaption class=\"widget-image-caption wp-caption-text\"><\/figcaption>\n\t\t\t\t\t\t\t\t\t\t<\/figure>\n\t\t\t\t\t\t\t\t\t<\/div>\n\t\t\t\t<\/div>\n\t\t\t\t<div class=\"elementor-element elementor-element-7848f8d elementor-widget elementor-widget-text-editor\" data-id=\"7848f8d\" data-element_type=\"widget\" data-e-type=\"widget\" data-widget_type=\"text-editor.default\">\n\t\t\t\t<div class=\"elementor-widget-container\">\n\t\t\t\t\t\t\t\t\t<p>L&#8217;estil arquitect\u00f2nic de l&#8217;ajuntament pedani i dels edificis de serveis que tanquen la pla\u00e7a al v\u00e8rtex nord, confluint a l&#8217;esgl\u00e9sia, s\u00f3n del mateix estil i material de ma\u00f3, en gran part porticat.<\/p><p>Les <strong>escoles<\/strong> (<strong>E<\/strong>) van ser situades a la perif\u00e8ria, just al v\u00e8rtex del romboide de l&#8217;extrem sud.<\/p>\t\t\t\t\t\t\t\t<\/div>\n\t\t\t\t<\/div>\n\t\t\t\t<div class=\"elementor-element elementor-element-6aac87f elementor-widget elementor-widget-image\" data-id=\"6aac87f\" data-element_type=\"widget\" data-e-type=\"widget\" data-widget_type=\"image.default\">\n\t\t\t\t<div class=\"elementor-widget-container\">\n\t\t\t\t\t\t\t\t\t\t\t\t<figure class=\"wp-caption\">\n\t\t\t\t\t\t\t\t\t\t<img loading=\"lazy\" decoding=\"async\" width=\"768\" height=\"501\" src=\"https:\/\/www.elturistatranquil.com\/wp-content\/uploads\/F126-El-Temple-Huesca.jpg\" class=\"attachment-large size-large wp-image-51340\" alt=\"El Temple, Huesca\" srcset=\"https:\/\/www.elturistatranquil.com\/wp-content\/uploads\/F126-El-Temple-Huesca.jpg 768w, https:\/\/www.elturistatranquil.com\/wp-content\/uploads\/F126-El-Temple-Huesca-339x221.jpg 339w\" sizes=\"(max-width: 768px) 100vw, 768px\" \/>\t\t\t\t\t\t\t\t\t\t\t<figcaption class=\"widget-image-caption wp-caption-text\"><\/figcaption>\n\t\t\t\t\t\t\t\t\t\t<\/figure>\n\t\t\t\t\t\t\t\t\t<\/div>\n\t\t\t\t<\/div>\n\t\t\t\t<div class=\"elementor-element elementor-element-e6d5801 elementor-widget elementor-widget-heading\" data-id=\"e6d5801\" data-element_type=\"widget\" data-e-type=\"widget\" data-widget_type=\"heading.default\">\n\t\t\t\t<div class=\"elementor-widget-container\">\n\t\t\t\t\t<h4 class=\"elementor-heading-title elementor-size-default\">Tipologia de les parcel\u00b7les, models de casa i fa\u00e7anes de les illes<\/h4>\t\t\t\t<\/div>\n\t\t\t\t<\/div>\n\t\t\t\t<div class=\"elementor-element elementor-element-2818a95 elementor-widget elementor-widget-text-editor\" data-id=\"2818a95\" data-element_type=\"widget\" data-e-type=\"widget\" data-widget_type=\"text-editor.default\">\n\t\t\t\t<div class=\"elementor-widget-container\">\n\t\t\t\t\t\t\t\t\t<p>El criteri urban\u00edstic adoptat al El Temple de carrers segregats comporta que les parcel\u00b7les d&#8217;habitatge siguin predominantment dels tipus (<strong>C1<\/strong>, <strong>C2<\/strong>) d&#8217;entrades per costats diferents, preferentment per la part posterior, i d&#8217;un o dos nivells.<\/p><p>De cases de tipus (<strong>C1<\/strong>) d&#8217;un nivell he trobat dos tipus: de fa\u00e7ana simple i de fa\u00e7ana amb porxo.<\/p><p>Sobretot als carrers de vianants els d&#8217;un nivell estan adossats.<\/p>\t\t\t\t\t\t\t\t<\/div>\n\t\t\t\t<\/div>\n\t\t\t\t<div class=\"elementor-element elementor-element-c0b8482 elementor-widget elementor-widget-image\" data-id=\"c0b8482\" data-element_type=\"widget\" data-e-type=\"widget\" data-widget_type=\"image.default\">\n\t\t\t\t<div class=\"elementor-widget-container\">\n\t\t\t\t\t\t\t\t\t\t\t\t<figure class=\"wp-caption\">\n\t\t\t\t\t\t\t\t\t\t<img loading=\"lazy\" decoding=\"async\" width=\"768\" height=\"511\" src=\"https:\/\/www.elturistatranquil.com\/wp-content\/uploads\/F127-El-Temple-Huesca.jpg\" class=\"attachment-large size-large wp-image-51342\" alt=\"El Temple, Huesca\" srcset=\"https:\/\/www.elturistatranquil.com\/wp-content\/uploads\/F127-El-Temple-Huesca.jpg 768w, https:\/\/www.elturistatranquil.com\/wp-content\/uploads\/F127-El-Temple-Huesca-339x226.jpg 339w\" sizes=\"(max-width: 768px) 100vw, 768px\" \/>\t\t\t\t\t\t\t\t\t\t\t<figcaption class=\"widget-image-caption wp-caption-text\"><\/figcaption>\n\t\t\t\t\t\t\t\t\t\t<\/figure>\n\t\t\t\t\t\t\t\t\t<\/div>\n\t\t\t\t<\/div>\n\t\t\t\t<div class=\"elementor-element elementor-element-82822ff elementor-widget elementor-widget-text-editor\" data-id=\"82822ff\" data-element_type=\"widget\" data-e-type=\"widget\" data-widget_type=\"text-editor.default\">\n\t\t\t\t<div class=\"elementor-widget-container\">\n\t\t\t\t\t\t\t\t\t<p>Les de fa\u00e7ana amb porxo apareixen sempre aparellades.<\/p>\t\t\t\t\t\t\t\t<\/div>\n\t\t\t\t<\/div>\n\t\t\t\t<div class=\"elementor-element elementor-element-f542f26 elementor-widget elementor-widget-image\" data-id=\"f542f26\" data-element_type=\"widget\" data-e-type=\"widget\" data-widget_type=\"image.default\">\n\t\t\t\t<div class=\"elementor-widget-container\">\n\t\t\t\t\t\t\t\t\t\t\t\t<figure class=\"wp-caption\">\n\t\t\t\t\t\t\t\t\t\t<img loading=\"lazy\" decoding=\"async\" width=\"768\" height=\"512\" src=\"https:\/\/www.elturistatranquil.com\/wp-content\/uploads\/F128-El-Temple-Huesca.jpg\" class=\"attachment-large size-large wp-image-51344\" alt=\"El Temple, Huesca\" srcset=\"https:\/\/www.elturistatranquil.com\/wp-content\/uploads\/F128-El-Temple-Huesca.jpg 768w, https:\/\/www.elturistatranquil.com\/wp-content\/uploads\/F128-El-Temple-Huesca-339x226.jpg 339w\" sizes=\"(max-width: 768px) 100vw, 768px\" \/>\t\t\t\t\t\t\t\t\t\t\t<figcaption class=\"widget-image-caption wp-caption-text\"><\/figcaption>\n\t\t\t\t\t\t\t\t\t\t<\/figure>\n\t\t\t\t\t\t\t\t\t<\/div>\n\t\t\t\t<\/div>\n\t\t\t\t<div class=\"elementor-element elementor-element-d4c8645 elementor-widget elementor-widget-text-editor\" data-id=\"d4c8645\" data-element_type=\"widget\" data-e-type=\"widget\" data-widget_type=\"text-editor.default\">\n\t\t\t\t<div class=\"elementor-widget-container\">\n\t\t\t\t\t\t\t\t\t<p>En cuanto al tipo (<strong>C2<\/strong>) de doble nivel, se combinan tambi\u00e9n en forma adosada o alternada con otra de un nivel (<strong>C1<\/strong>).<\/p>\t\t\t\t\t\t\t\t<\/div>\n\t\t\t\t<\/div>\n\t\t\t\t<div class=\"elementor-element elementor-element-64432ff elementor-widget elementor-widget-image\" data-id=\"64432ff\" data-element_type=\"widget\" data-e-type=\"widget\" data-widget_type=\"image.default\">\n\t\t\t\t<div class=\"elementor-widget-container\">\n\t\t\t\t\t\t\t\t\t\t\t\t<figure class=\"wp-caption\">\n\t\t\t\t\t\t\t\t\t\t<img loading=\"lazy\" decoding=\"async\" width=\"768\" height=\"511\" src=\"https:\/\/www.elturistatranquil.com\/wp-content\/uploads\/F129-El-Temple-Huesca.jpg\" class=\"attachment-large size-large wp-image-51349\" alt=\"El Temple, Huesca\" srcset=\"https:\/\/www.elturistatranquil.com\/wp-content\/uploads\/F129-El-Temple-Huesca.jpg 768w, https:\/\/www.elturistatranquil.com\/wp-content\/uploads\/F129-El-Temple-Huesca-339x226.jpg 339w\" sizes=\"(max-width: 768px) 100vw, 768px\" \/>\t\t\t\t\t\t\t\t\t\t\t<figcaption class=\"widget-image-caption wp-caption-text\"><\/figcaption>\n\t\t\t\t\t\t\t\t\t\t<\/figure>\n\t\t\t\t\t\t\t\t\t<\/div>\n\t\t\t\t<\/div>\n\t\t\t\t<div class=\"elementor-element elementor-element-3fe188f elementor-widget elementor-widget-image\" data-id=\"3fe188f\" data-element_type=\"widget\" data-e-type=\"widget\" data-widget_type=\"image.default\">\n\t\t\t\t<div class=\"elementor-widget-container\">\n\t\t\t\t\t\t\t\t\t\t\t\t<figure class=\"wp-caption\">\n\t\t\t\t\t\t\t\t\t\t<img loading=\"lazy\" decoding=\"async\" width=\"768\" height=\"512\" src=\"https:\/\/www.elturistatranquil.com\/wp-content\/uploads\/F130-El-Temple-Huesca.jpg\" class=\"attachment-large size-large wp-image-51351\" alt=\"El Temple, Huesca\" srcset=\"https:\/\/www.elturistatranquil.com\/wp-content\/uploads\/F130-El-Temple-Huesca.jpg 768w, https:\/\/www.elturistatranquil.com\/wp-content\/uploads\/F130-El-Temple-Huesca-339x226.jpg 339w\" sizes=\"(max-width: 768px) 100vw, 768px\" \/>\t\t\t\t\t\t\t\t\t\t\t<figcaption class=\"widget-image-caption wp-caption-text\"><\/figcaption>\n\t\t\t\t\t\t\t\t\t\t<\/figure>\n\t\t\t\t\t\t\t\t\t<\/div>\n\t\t\t\t<\/div>\n\t\t\t\t<div class=\"elementor-element elementor-element-795b6fe elementor-widget elementor-widget-text-editor\" data-id=\"795b6fe\" data-element_type=\"widget\" data-e-type=\"widget\" data-widget_type=\"text-editor.default\">\n\t\t\t\t<div class=\"elementor-widget-container\">\n\t\t\t\t\t\t\t\t\t<p>Finalment, a les rondes podem trobar cases adossades i aparellades tipus (<strong>B2<\/strong>) amb les dues entrades per la fa\u00e7ana disposades de forma adossada o aparellada.<\/p>\t\t\t\t\t\t\t\t<\/div>\n\t\t\t\t<\/div>\n\t\t\t\t<div class=\"elementor-element elementor-element-9af607f elementor-widget elementor-widget-image\" data-id=\"9af607f\" data-element_type=\"widget\" data-e-type=\"widget\" data-widget_type=\"image.default\">\n\t\t\t\t<div class=\"elementor-widget-container\">\n\t\t\t\t\t\t\t\t\t\t\t\t<figure class=\"wp-caption\">\n\t\t\t\t\t\t\t\t\t\t<img loading=\"lazy\" decoding=\"async\" width=\"768\" height=\"512\" src=\"https:\/\/www.elturistatranquil.com\/wp-content\/uploads\/F131-El-Temple-Huesca.jpg\" class=\"attachment-large size-large wp-image-51353\" alt=\"El Temple, Huesca\" srcset=\"https:\/\/www.elturistatranquil.com\/wp-content\/uploads\/F131-El-Temple-Huesca.jpg 768w, https:\/\/www.elturistatranquil.com\/wp-content\/uploads\/F131-El-Temple-Huesca-339x226.jpg 339w\" sizes=\"(max-width: 768px) 100vw, 768px\" \/>\t\t\t\t\t\t\t\t\t\t\t<figcaption class=\"widget-image-caption wp-caption-text\"><\/figcaption>\n\t\t\t\t\t\t\t\t\t\t<\/figure>\n\t\t\t\t\t\t\t\t\t<\/div>\n\t\t\t\t<\/div>\n\t\t\t\t<div class=\"elementor-element elementor-element-9f6a263 elementor-widget elementor-widget-text-editor\" data-id=\"9f6a263\" data-element_type=\"widget\" data-e-type=\"widget\" data-widget_type=\"text-editor.default\">\n\t\t\t\t<div class=\"elementor-widget-container\">\n\t\t\t\t\t\t\t\t\t<p>No m&#8217;aturar\u00e9 a considerar les intervencions posteriors, b\u00e9 d&#8217;habitatges, o de parcs o instal\u00b7lacions esportives, que ja responen a altres moments.<\/p><p>Abandono <strong>El Temple<\/strong>, un poble agradable i ben cuidat, per dirigir-me a l&#8217;embassament de La Sotonera, punt d&#8217;arrencada del regadiu del canal de Monegres.<\/p>\t\t\t\t\t\t\t\t<\/div>\n\t\t\t\t<\/div>\n\t\t\t\t<div class=\"elementor-element elementor-element-27bd333 elementor-widget elementor-widget-heading\" data-id=\"27bd333\" data-element_type=\"widget\" data-e-type=\"widget\" data-widget_type=\"heading.default\">\n\t\t\t\t<div class=\"elementor-widget-container\">\n\t\t\t\t\t<h4 class=\"elementor-heading-title elementor-size-default\"> Puilato\t<\/h4>\t\t\t\t<\/div>\n\t\t\t\t<\/div>\n\t\t\t\t<div class=\"elementor-element elementor-element-b298f2f elementor-widget elementor-widget-image\" data-id=\"b298f2f\" data-element_type=\"widget\" data-e-type=\"widget\" data-widget_type=\"image.default\">\n\t\t\t\t<div class=\"elementor-widget-container\">\n\t\t\t\t\t\t\t\t\t\t\t\t<figure class=\"wp-caption\">\n\t\t\t\t\t\t\t\t\t\t<img loading=\"lazy\" decoding=\"async\" width=\"768\" height=\"459\" src=\"https:\/\/www.elturistatranquil.com\/wp-content\/uploads\/F132-Puilato-Zaragoza-Google-earth-2024-02-15.jpg\" class=\"attachment-large size-large wp-image-51355\" alt=\"Puilato, Zaragoza (Google-earth-2024-02-15)\" srcset=\"https:\/\/www.elturistatranquil.com\/wp-content\/uploads\/F132-Puilato-Zaragoza-Google-earth-2024-02-15.jpg 768w, https:\/\/www.elturistatranquil.com\/wp-content\/uploads\/F132-Puilato-Zaragoza-Google-earth-2024-02-15-339x203.jpg 339w\" sizes=\"(max-width: 768px) 100vw, 768px\" \/>\t\t\t\t\t\t\t\t\t\t\t<figcaption class=\"widget-image-caption wp-caption-text\">(Google earth 2024-02-15)<\/figcaption>\n\t\t\t\t\t\t\t\t\t\t<\/figure>\n\t\t\t\t\t\t\t\t\t<\/div>\n\t\t\t\t<\/div>\n\t\t\t\t<div class=\"elementor-element elementor-element-ee27ee3 elementor-widget elementor-widget-text-editor\" data-id=\"ee27ee3\" data-element_type=\"widget\" data-e-type=\"widget\" data-widget_type=\"text-editor.default\">\n\t\t\t\t<div class=\"elementor-widget-container\">\n\t\t\t\t\t\t\t\t\t<p>Poble colonitzaci\u00f3: <strong>Puilato<\/strong>. Municipi: Zuera. Prov\u00edncia: Saragossa. Coordenades: 41\u00b054\u203238\u2033N 0\u00b045\u20327\u2033W.<\/p><p>Pla: La zona del canal de Monegres I-La Violada. Any planificaci\u00f3: 1954. Arquitectes: Jos\u00e9 Borobio.<\/p><p>Colons: 39. Obrers: 6. Altres: 2. Total cases: 47<\/p><p>Situat al sud d\u2019Onti\u00f1ar.<\/p><p>Per les males condicions de localitzaci\u00f3, el poble va ser derru\u00eft, nom\u00e9s queden les ru\u00efnes.<\/p><p>Els problemes de fonamentaci\u00f3 que va patir el poble a causa de l&#8217;aparici\u00f3 d&#8217;una falla al terreny, van portar a decidir enderrocar el poble i traslladar els colons a Ontinar i a Zuera.<\/p>\t\t\t\t\t\t\t\t<\/div>\n\t\t\t\t<\/div>\n\t\t\t\t<div class=\"elementor-element elementor-element-570bee8 elementor-widget elementor-widget-heading\" data-id=\"570bee8\" data-element_type=\"widget\" data-e-type=\"widget\" data-widget_type=\"heading.default\">\n\t\t\t\t<div class=\"elementor-widget-container\">\n\t\t\t\t\t<h3 class=\"elementor-heading-title elementor-size-default\">Embassament de La Sotonera<\/h3>\t\t\t\t<\/div>\n\t\t\t\t<\/div>\n\t\t\t\t<div class=\"elementor-element elementor-element-443d441 elementor-widget elementor-widget-text-editor\" data-id=\"443d441\" data-element_type=\"widget\" data-e-type=\"widget\" data-widget_type=\"text-editor.default\">\n\t\t\t\t<div class=\"elementor-widget-container\">\n\t\t\t\t\t\t\t\t\t<p>Accedeixo a l\u2019<strong>embassament de La Sotonera<\/strong> (<strong>G<\/strong>) pel punt on es troba la presa inferior de les tres que t\u00e9 l&#8217;embassament, al costat de l&#8217;edifici de la Confederaci\u00f3 Hidrogr\u00e0fica de l&#8217;Ebre, un poblat de treballadors i la Central Hidroel\u00e8ctrica de Sotonera (coordenades 42.10683, -0.67082).<\/p><p>Unes escales donen acc\u00e9s fins al mur de contenci\u00f3 de la presa.<\/p>\t\t\t\t\t\t\t\t<\/div>\n\t\t\t\t<\/div>\n\t\t\t\t<div class=\"elementor-element elementor-element-f05eeff elementor-widget elementor-widget-image\" data-id=\"f05eeff\" data-element_type=\"widget\" data-e-type=\"widget\" data-widget_type=\"image.default\">\n\t\t\t\t<div class=\"elementor-widget-container\">\n\t\t\t\t\t\t\t\t\t\t\t\t<figure class=\"wp-caption\">\n\t\t\t\t\t\t\t\t\t\t<img loading=\"lazy\" decoding=\"async\" width=\"768\" height=\"512\" src=\"https:\/\/www.elturistatranquil.com\/wp-content\/uploads\/F133-Embalse-de-la-Sotonera-Huesca.jpg\" class=\"attachment-large size-large wp-image-51360\" alt=\"Embalse de la Sotonera, Huesca\" srcset=\"https:\/\/www.elturistatranquil.com\/wp-content\/uploads\/F133-Embalse-de-la-Sotonera-Huesca.jpg 768w, https:\/\/www.elturistatranquil.com\/wp-content\/uploads\/F133-Embalse-de-la-Sotonera-Huesca-339x226.jpg 339w\" sizes=\"(max-width: 768px) 100vw, 768px\" \/>\t\t\t\t\t\t\t\t\t\t\t<figcaption class=\"widget-image-caption wp-caption-text\"><\/figcaption>\n\t\t\t\t\t\t\t\t\t\t<\/figure>\n\t\t\t\t\t\t\t\t\t<\/div>\n\t\t\t\t<\/div>\n\t\t\t\t<div class=\"elementor-element elementor-element-da4454a elementor-widget elementor-widget-text-editor\" data-id=\"da4454a\" data-element_type=\"widget\" data-e-type=\"widget\" data-widget_type=\"text-editor.default\">\n\t\t\t\t<div class=\"elementor-widget-container\">\n\t\t\t\t\t\t\t\t\t<p>L&#8217;<strong>embassament de La Sotonera<\/strong> constitueix el punt d&#8217;acumulaci\u00f3 d&#8217;aigua que alimenta el sistema de regadius Monegres-La Violada-Flumen.<\/p><p>El projecte de l&#8217;embassament \u00e9s del 1915, i no va entrar en servei fins a l&#8217;any 1961.<\/p><p>S&#8217;alimenta de les aig\u00fces dels rius Ast\u00f3n i Sot\u00f3n i de les procedents del riu G\u00e1llego a l&#8217;embassament d&#8217;Ardisa a trav\u00e9s del canal del G\u00e1llego.<\/p><p>Com que la zona \u00e9s plana i no hi ha accidents geogr\u00e0fics que permetin construir una presa de gola, per aix\u00f2, per crear un embassament es va procedir a construir un mur de retenci\u00f3 de 3.870 metres de longitud i 32 metres d&#8217;al\u00e7ada sobre els fonaments.<\/p><p>Est\u00e0 constru\u00efda a base de nombroses capes de grava i terra, repetidament regades i piconades. A partir del 1953, a causa d&#8217;una modificaci\u00f3 del projecte original, l&#8217;obra es va finalitzar aplicant sobre la superf\u00edcie una barrera de nucli d&#8217;argila impermeable, grava i lloses grans de pedra d&#8217;uns 30 cm de gruix. Els talussos es van fer m\u00e9s suaus i es va refor\u00e7ar el peu de la presa.<\/p>\t\t\t\t\t\t\t\t<\/div>\n\t\t\t\t<\/div>\n\t\t\t\t<div class=\"elementor-element elementor-element-d722e9e elementor-widget elementor-widget-image\" data-id=\"d722e9e\" data-element_type=\"widget\" data-e-type=\"widget\" data-widget_type=\"image.default\">\n\t\t\t\t<div class=\"elementor-widget-container\">\n\t\t\t\t\t\t\t\t\t\t\t\t<figure class=\"wp-caption\">\n\t\t\t\t\t\t\t\t\t\t<img loading=\"lazy\" decoding=\"async\" width=\"768\" height=\"433\" src=\"https:\/\/www.elturistatranquil.com\/wp-content\/uploads\/F134-Embalse-de-la-Sotonera-Huesca.jpg\" class=\"attachment-large size-large wp-image-51362\" alt=\"Embalse de la Sotonera, Huesca\" srcset=\"https:\/\/www.elturistatranquil.com\/wp-content\/uploads\/F134-Embalse-de-la-Sotonera-Huesca.jpg 768w, https:\/\/www.elturistatranquil.com\/wp-content\/uploads\/F134-Embalse-de-la-Sotonera-Huesca-339x191.jpg 339w\" sizes=\"(max-width: 768px) 100vw, 768px\" \/>\t\t\t\t\t\t\t\t\t\t\t<figcaption class=\"widget-image-caption wp-caption-text\"><\/figcaption>\n\t\t\t\t\t\t\t\t\t\t<\/figure>\n\t\t\t\t\t\t\t\t\t<\/div>\n\t\t\t\t<\/div>\n\t\t\t\t<div class=\"elementor-element elementor-element-6550338 elementor-widget elementor-widget-text-editor\" data-id=\"6550338\" data-element_type=\"widget\" data-e-type=\"widget\" data-widget_type=\"text-editor.default\">\n\t\t\t\t<div class=\"elementor-widget-container\">\n\t\t\t\t\t\t\t\t\t<p>Un cam\u00ed asfaltat voreja tot el mur i en facilita el recorregut. Dins l\u2019embassament, en aquell moment totalment visible pel baix nivell d&#8217;acumulaci\u00f3 d&#8217;aigua, una edificaci\u00f3 constitueix el lloc de presa d&#8217;aigua que actuar\u00e0 sobre una central hidroel\u00e8ctrica i iniciar\u00e0 el recorregut d&#8217;una de les entrades del canal de Monegres.<\/p>\t\t\t\t\t\t\t\t<\/div>\n\t\t\t\t<\/div>\n\t\t\t\t<div class=\"elementor-element elementor-element-27bcadd elementor-widget elementor-widget-image\" data-id=\"27bcadd\" data-element_type=\"widget\" data-e-type=\"widget\" data-widget_type=\"image.default\">\n\t\t\t\t<div class=\"elementor-widget-container\">\n\t\t\t\t\t\t\t\t\t\t\t\t<figure class=\"wp-caption\">\n\t\t\t\t\t\t\t\t\t\t<img loading=\"lazy\" decoding=\"async\" width=\"768\" height=\"511\" src=\"https:\/\/www.elturistatranquil.com\/wp-content\/uploads\/F135-Embalse-de-la-Sotonera-Huesca.jpg\" class=\"attachment-large size-large wp-image-51364\" alt=\"Embalse de la Sotonera, Huesca\" srcset=\"https:\/\/www.elturistatranquil.com\/wp-content\/uploads\/F135-Embalse-de-la-Sotonera-Huesca.jpg 768w, https:\/\/www.elturistatranquil.com\/wp-content\/uploads\/F135-Embalse-de-la-Sotonera-Huesca-339x226.jpg 339w\" sizes=\"(max-width: 768px) 100vw, 768px\" \/>\t\t\t\t\t\t\t\t\t\t\t<figcaption class=\"widget-image-caption wp-caption-text\"><\/figcaption>\n\t\t\t\t\t\t\t\t\t\t<\/figure>\n\t\t\t\t\t\t\t\t\t<\/div>\n\t\t\t\t<\/div>\n\t\t\t\t<div class=\"elementor-element elementor-element-86bb5d0 elementor-widget elementor-widget-image\" data-id=\"86bb5d0\" data-element_type=\"widget\" data-e-type=\"widget\" data-widget_type=\"image.default\">\n\t\t\t\t<div class=\"elementor-widget-container\">\n\t\t\t\t\t\t\t\t\t\t\t\t<figure class=\"wp-caption\">\n\t\t\t\t\t\t\t\t\t\t<img loading=\"lazy\" decoding=\"async\" width=\"768\" height=\"512\" src=\"https:\/\/www.elturistatranquil.com\/wp-content\/uploads\/F136-Embalse-de-la-Sotonera-Huesca.jpg\" class=\"attachment-large size-large wp-image-51366\" alt=\"Embalse de la Sotonera, Huesca\" srcset=\"https:\/\/www.elturistatranquil.com\/wp-content\/uploads\/F136-Embalse-de-la-Sotonera-Huesca.jpg 768w, https:\/\/www.elturistatranquil.com\/wp-content\/uploads\/F136-Embalse-de-la-Sotonera-Huesca-339x226.jpg 339w\" sizes=\"(max-width: 768px) 100vw, 768px\" \/>\t\t\t\t\t\t\t\t\t\t\t<figcaption class=\"widget-image-caption wp-caption-text\"><\/figcaption>\n\t\t\t\t\t\t\t\t\t\t<\/figure>\n\t\t\t\t\t\t\t\t\t<\/div>\n\t\t\t\t<\/div>\n\t\t\t\t<div class=\"elementor-element elementor-element-1610ffe elementor-widget elementor-widget-text-editor\" data-id=\"1610ffe\" data-element_type=\"widget\" data-e-type=\"widget\" data-widget_type=\"text-editor.default\">\n\t\t\t\t<div class=\"elementor-widget-container\">\n\t\t\t\t\t\t\t\t\t<p>En realitat, el conjunt de la presa consta de tres trams, cadascun dels quals pren el nom del curs d&#8217;aigua a qu\u00e8 interromp. A cadascun d&#8217;ells hi ha una presa d&#8217;aigua, situades a diferent profunditat les unes de les altres, que donen peu a tantes sortides de cabal.<\/p><p>Des de dalt del mur s&#8217;observen diverses construccions a l&#8217;exterior. Un edifici de la Confederaci\u00f3 Hidrogr\u00e0fica de l&#8217;Ebre, i un <strong>poblat<\/strong> al servei de les instal\u00b7lacions, que mant\u00e9 una part en \u00fas, a tocar de l&#8217;esgl\u00e9sia t\u00edpica d&#8217;aquest tipus de poblament.<\/p><p>Una mica m\u00e9s allunyat, i fora de la imatge, hi ha la <strong>Col\u00f2nia de Tormos <\/strong>(coordenades 42\u00b005&#8217;50.9&#8243;N 0\u00b040&#8217;26.8&#8243;W), on s&#8217;allotjaven els obrers de construcci\u00f3 de la presa.<\/p>\t\t\t\t\t\t\t\t<\/div>\n\t\t\t\t<\/div>\n\t\t\t\t<div class=\"elementor-element elementor-element-116b121 elementor-widget elementor-widget-image\" data-id=\"116b121\" data-element_type=\"widget\" data-e-type=\"widget\" data-widget_type=\"image.default\">\n\t\t\t\t<div class=\"elementor-widget-container\">\n\t\t\t\t\t\t\t\t\t\t\t\t<figure class=\"wp-caption\">\n\t\t\t\t\t\t\t\t\t\t<img loading=\"lazy\" decoding=\"async\" width=\"768\" height=\"512\" src=\"https:\/\/www.elturistatranquil.com\/wp-content\/uploads\/F137-Embalse-de-la-Sotonera-Huesca.jpg\" class=\"attachment-large size-large wp-image-51368\" alt=\"Embalse de la Sotonera, Huesca\" srcset=\"https:\/\/www.elturistatranquil.com\/wp-content\/uploads\/F137-Embalse-de-la-Sotonera-Huesca.jpg 768w, https:\/\/www.elturistatranquil.com\/wp-content\/uploads\/F137-Embalse-de-la-Sotonera-Huesca-339x226.jpg 339w\" sizes=\"(max-width: 768px) 100vw, 768px\" \/>\t\t\t\t\t\t\t\t\t\t\t<figcaption class=\"widget-image-caption wp-caption-text\"><\/figcaption>\n\t\t\t\t\t\t\t\t\t\t<\/figure>\n\t\t\t\t\t\t\t\t\t<\/div>\n\t\t\t\t<\/div>\n\t\t\t\t<div class=\"elementor-element elementor-element-954a569 elementor-widget elementor-widget-text-editor\" data-id=\"954a569\" data-element_type=\"widget\" data-e-type=\"widget\" data-widget_type=\"text-editor.default\">\n\t\t\t\t<div class=\"elementor-widget-container\">\n\t\t\t\t\t\t\t\t\t<p>Als peus de la presa, sobre la sortida d&#8217;aigua, es va construir el 1989 la <strong>central hidroel\u00e8ctrica La Sotonera<\/strong>. Aquesta central est\u00e0 concebuda per aprofitar l&#8217;aigua que, procedent de l&#8217;embassament, ha d&#8217;abastir el canal de Monegres. Es pot definir com una central de peu de presa, i es troba ubicada a la sortida inferior de les tres que existien en aquest embassament.<\/p>\t\t\t\t\t\t\t\t<\/div>\n\t\t\t\t<\/div>\n\t\t\t\t<div class=\"elementor-element elementor-element-c3682fd elementor-widget elementor-widget-image\" data-id=\"c3682fd\" data-element_type=\"widget\" data-e-type=\"widget\" data-widget_type=\"image.default\">\n\t\t\t\t<div class=\"elementor-widget-container\">\n\t\t\t\t\t\t\t\t\t\t\t\t<figure class=\"wp-caption\">\n\t\t\t\t\t\t\t\t\t\t<img loading=\"lazy\" decoding=\"async\" width=\"768\" height=\"512\" src=\"https:\/\/www.elturistatranquil.com\/wp-content\/uploads\/F138-Embalse-de-la-Sotonera-Huesca.jpg\" class=\"attachment-large size-large wp-image-51370\" alt=\"Embalse de la Sotonera, Huesca\" srcset=\"https:\/\/www.elturistatranquil.com\/wp-content\/uploads\/F138-Embalse-de-la-Sotonera-Huesca.jpg 768w, https:\/\/www.elturistatranquil.com\/wp-content\/uploads\/F138-Embalse-de-la-Sotonera-Huesca-339x226.jpg 339w\" sizes=\"(max-width: 768px) 100vw, 768px\" \/>\t\t\t\t\t\t\t\t\t\t\t<figcaption class=\"widget-image-caption wp-caption-text\"><\/figcaption>\n\t\t\t\t\t\t\t\t\t\t<\/figure>\n\t\t\t\t\t\t\t\t\t<\/div>\n\t\t\t\t<\/div>\n\t\t\t\t<div class=\"elementor-element elementor-element-2422731 elementor-widget elementor-widget-text-editor\" data-id=\"2422731\" data-element_type=\"widget\" data-e-type=\"widget\" data-widget_type=\"text-editor.default\">\n\t\t\t\t<div class=\"elementor-widget-container\">\n\t\t\t\t\t\t\t\t\t<p>Prenc el cam\u00ed cap al <strong>Club N\u00e0utic de la Sotonera<\/strong>, passant pel poblat de Tormos.<\/p><p>Aprofiteu el bon dia per dinar a la terrassa del Club N\u00e0utic, amb vista sobre l&#8217;embassament.<\/p><p>Des d&#8217;aquest punt tamb\u00e9 podeu accedir a peu al cam\u00ed del mur de la presa per l&#8217;extrem occidental.<\/p>\t\t\t\t\t\t\t\t<\/div>\n\t\t\t\t<\/div>\n\t\t\t\t<div class=\"elementor-element elementor-element-d733c94 elementor-widget elementor-widget-heading\" data-id=\"d733c94\" data-element_type=\"widget\" data-e-type=\"widget\" data-widget_type=\"heading.default\">\n\t\t\t\t<div class=\"elementor-widget-container\">\n\t\t\t\t\t<h4 class=\"elementor-heading-title elementor-size-default\">Valsalada<\/h4>\t\t\t\t<\/div>\n\t\t\t\t<\/div>\n\t\t\t\t<div class=\"elementor-element elementor-element-f53ab69 elementor-widget elementor-widget-image\" data-id=\"f53ab69\" data-element_type=\"widget\" data-e-type=\"widget\" data-widget_type=\"image.default\">\n\t\t\t\t<div class=\"elementor-widget-container\">\n\t\t\t\t\t\t\t\t\t\t\t\t<figure class=\"wp-caption\">\n\t\t\t\t\t\t\t\t\t\t<img loading=\"lazy\" decoding=\"async\" width=\"768\" height=\"459\" src=\"https:\/\/www.elturistatranquil.com\/wp-content\/uploads\/F139-Valsalada-Huesca-Google-earth-2024-02-15.jpg\" class=\"attachment-large size-large wp-image-51375\" alt=\"Valsalada, Huesca (Google-earth-2024-02-15)\" srcset=\"https:\/\/www.elturistatranquil.com\/wp-content\/uploads\/F139-Valsalada-Huesca-Google-earth-2024-02-15.jpg 768w, https:\/\/www.elturistatranquil.com\/wp-content\/uploads\/F139-Valsalada-Huesca-Google-earth-2024-02-15-339x203.jpg 339w\" sizes=\"(max-width: 768px) 100vw, 768px\" \/>\t\t\t\t\t\t\t\t\t\t\t<figcaption class=\"widget-image-caption wp-caption-text\">(Google earth 2024-02-15)<\/figcaption>\n\t\t\t\t\t\t\t\t\t\t<\/figure>\n\t\t\t\t\t\t\t\t\t<\/div>\n\t\t\t\t<\/div>\n\t\t\t\t<div class=\"elementor-element elementor-element-169c217 elementor-widget elementor-widget-text-editor\" data-id=\"169c217\" data-element_type=\"widget\" data-e-type=\"widget\" data-widget_type=\"text-editor.default\">\n\t\t\t\t<div class=\"elementor-widget-container\">\n\t\t\t\t\t\t\t\t\t<p>Poble colonitzaci\u00f3: <strong>Valsalada<\/strong>. Municipi: Almud\u00e9var. Prov\u00edncia: Osca. Coordenades: 42\u00b002\u203254\u2033N 0\u00b038\u203257\u2033W.<\/p><p>Pla: La zona del canal de Monegres I-La Violada. Any planificaci\u00f3: 1954. Arquitectes: ampliaci\u00f3 de Jos\u00e9 Borobio.<\/p><p>Colons: 59. Obrers: 9. Altres: 3. Total cases: 71. Poblaci\u00f3 2000: 137 habitants. Poblaci\u00f3 2023: 111 habitants (-18,98%).<\/p><p>Pattern urban\u00edstic: corb sinu\u00f3s.<\/p>\t\t\t\t\t\t\t\t<\/div>\n\t\t\t\t<\/div>\n\t\t\t\t<div class=\"elementor-element elementor-element-6c3d58e elementor-widget elementor-widget-heading\" data-id=\"6c3d58e\" data-element_type=\"widget\" data-e-type=\"widget\" data-widget_type=\"heading.default\">\n\t\t\t\t<div class=\"elementor-widget-container\">\n\t\t\t\t\t<h4 class=\"elementor-heading-title elementor-size-default\">Valfonda de Santa Ana<\/h4>\t\t\t\t<\/div>\n\t\t\t\t<\/div>\n\t\t\t\t<div class=\"elementor-element elementor-element-230f018 elementor-widget elementor-widget-image\" data-id=\"230f018\" data-element_type=\"widget\" data-e-type=\"widget\" data-widget_type=\"image.default\">\n\t\t\t\t<div class=\"elementor-widget-container\">\n\t\t\t\t\t\t\t\t\t\t\t\t<figure class=\"wp-caption\">\n\t\t\t\t\t\t\t\t\t\t<img loading=\"lazy\" decoding=\"async\" width=\"768\" height=\"459\" src=\"https:\/\/www.elturistatranquil.com\/wp-content\/uploads\/F140-Valfonda-de-Santa-Ana-Huesca-Google-earth-2024-02-15.jpg\" class=\"attachment-large size-large wp-image-51377\" alt=\"Valfonda-de-Santa-Ana, Huesca (Google-earth-2024-02-15)\" srcset=\"https:\/\/www.elturistatranquil.com\/wp-content\/uploads\/F140-Valfonda-de-Santa-Ana-Huesca-Google-earth-2024-02-15.jpg 768w, https:\/\/www.elturistatranquil.com\/wp-content\/uploads\/F140-Valfonda-de-Santa-Ana-Huesca-Google-earth-2024-02-15-339x203.jpg 339w\" sizes=\"(max-width: 768px) 100vw, 768px\" \/>\t\t\t\t\t\t\t\t\t\t\t<figcaption class=\"widget-image-caption wp-caption-text\">(Google earth 2024-02-15)<\/figcaption>\n\t\t\t\t\t\t\t\t\t\t<\/figure>\n\t\t\t\t\t\t\t\t\t<\/div>\n\t\t\t\t<\/div>\n\t\t\t\t<div class=\"elementor-element elementor-element-a66b02b elementor-widget elementor-widget-text-editor\" data-id=\"a66b02b\" data-element_type=\"widget\" data-e-type=\"widget\" data-widget_type=\"text-editor.default\">\n\t\t\t\t<div class=\"elementor-widget-container\">\n\t\t\t\t\t\t\t\t\t<p>Poble colonitzaci\u00f3: <strong>Valfonda de Santa Ana<\/strong>. Municipi: Torres de Barbu\u00e9s. Prov\u00edncia: Osca. Coordenades: 41\u00b057\u203201\u2033N 0\u00b028\u203206\u2033W.<\/p><p>Pla: La zona del canal de Monegres II. Any planificaci\u00f3: 1957. Any ocupaci\u00f3: 1957. Arquitectes: Antonio Barbany Bail\u00f3 (Jos\u00e9 Borobio possible ampliaci\u00f3).<\/p><p>Colons: 82. Obrers: 20. Altres: 8. Total cases: 110. Poblaci\u00f3 2000: 276 habitants. Poblaci\u00f3 2023: 214 habitants (-22,46%).<\/p><p>Pattern urban\u00edstic: mixt de m\u00f2duls ortogonals i corbs; corb sinu\u00f3s; sector circular (menor).<\/p>\t\t\t\t\t\t\t\t<\/div>\n\t\t\t\t<\/div>\n\t\t\t\t<div class=\"elementor-element elementor-element-0ec09ab elementor-widget elementor-widget-heading\" data-id=\"0ec09ab\" data-element_type=\"widget\" data-e-type=\"widget\" data-widget_type=\"heading.default\">\n\t\t\t\t<div class=\"elementor-widget-container\">\n\t\t\t\t\t<h3 class=\"elementor-heading-title elementor-size-default\">Curbe\t<\/h3>\t\t\t\t<\/div>\n\t\t\t\t<\/div>\n\t\t\t\t<div class=\"elementor-element elementor-element-d2d4b66 elementor-widget elementor-widget-image\" data-id=\"d2d4b66\" data-element_type=\"widget\" data-e-type=\"widget\" data-widget_type=\"image.default\">\n\t\t\t\t<div class=\"elementor-widget-container\">\n\t\t\t\t\t\t\t\t\t\t\t\t<figure class=\"wp-caption\">\n\t\t\t\t\t\t\t\t\t\t<img loading=\"lazy\" decoding=\"async\" width=\"768\" height=\"459\" src=\"https:\/\/www.elturistatranquil.com\/wp-content\/uploads\/F141-Curbe-Huesca-Google-earth-2024-02-15.jpg\" class=\"attachment-large size-large wp-image-51379\" alt=\"Curbe, Huesca (Google-earth-2024-02-15)\" srcset=\"https:\/\/www.elturistatranquil.com\/wp-content\/uploads\/F141-Curbe-Huesca-Google-earth-2024-02-15.jpg 768w, https:\/\/www.elturistatranquil.com\/wp-content\/uploads\/F141-Curbe-Huesca-Google-earth-2024-02-15-339x203.jpg 339w\" sizes=\"(max-width: 768px) 100vw, 768px\" \/>\t\t\t\t\t\t\t\t\t\t\t<figcaption class=\"widget-image-caption wp-caption-text\"> (Google earth 2024-02-15)<\/figcaption>\n\t\t\t\t\t\t\t\t\t\t<\/figure>\n\t\t\t\t\t\t\t\t\t<\/div>\n\t\t\t\t<\/div>\n\t\t\t\t<div class=\"elementor-element elementor-element-a63af27 elementor-widget elementor-widget-text-editor\" data-id=\"a63af27\" data-element_type=\"widget\" data-e-type=\"widget\" data-widget_type=\"text-editor.default\">\n\t\t\t\t<div class=\"elementor-widget-container\">\n\t\t\t\t\t\t\t\t\t<p>Poble colonitzaci\u00f3: <strong>Curbe<\/strong>. Municipi: Gra\u00f1\u00e9n. Prov\u00edncia: Osca. Coordenades: 41\u00b054\u203224\u2033N 0\u00b018\u203243\u2033W.<\/p><p>Pla: La zona del canal del Flumen. Any planificaci\u00f3: 1956. Arquitectes: Javier Calvo Lorea; ampliaci\u00f3 Jos\u00e9 Borobio.<\/p><p>Colons: 78. Obrers: 10. Altres: 5. Total cases: 93. Poblaci\u00f3 2000: 268 habitants. Poblaci\u00f3 2023: 191 habitants (-28,73%).<\/p><p>Pattern urban\u00edstic: mixt de m\u00f2duls corbs; corb sinu\u00f3s; sector circular (menor); trapezi circular.<\/p><p>A <strong>Curbe<\/strong> (<strong>H<\/strong>) inicialment anomenat <strong>Curbez<\/strong>, ens hem despla\u00e7at a la zona del Canal del Flumen, darrera fase del pla dels Monegres. Es va projectar el 1956 i va comen\u00e7ar el seu cam\u00ed el 1958.<\/p>\t\t\t\t\t\t\t\t<\/div>\n\t\t\t\t<\/div>\n\t\t\t\t<div class=\"elementor-element elementor-element-ca8f71b elementor-widget elementor-widget-heading\" data-id=\"ca8f71b\" data-element_type=\"widget\" data-e-type=\"widget\" data-widget_type=\"heading.default\">\n\t\t\t\t<div class=\"elementor-widget-container\">\n\t\t\t\t\t<h5 class=\"elementor-heading-title elementor-size-default\">Tipologia de patrons urbans<\/h5>\t\t\t\t<\/div>\n\t\t\t\t<\/div>\n\t\t\t\t<div class=\"elementor-element elementor-element-a01b9f6 elementor-widget elementor-widget-image\" data-id=\"a01b9f6\" data-element_type=\"widget\" data-e-type=\"widget\" data-widget_type=\"image.default\">\n\t\t\t\t<div class=\"elementor-widget-container\">\n\t\t\t\t\t\t\t\t\t\t\t\t<figure class=\"wp-caption\">\n\t\t\t\t\t\t\t\t\t\t<img loading=\"lazy\" decoding=\"async\" width=\"768\" height=\"512\" src=\"https:\/\/www.elturistatranquil.com\/wp-content\/uploads\/F142-Curbe-Huesca-Google-earth-2024-02-15.jpg\" class=\"attachment-large size-large wp-image-51381\" alt=\"Curbe, Huesca (Google-earth-2024-02-15)\" srcset=\"https:\/\/www.elturistatranquil.com\/wp-content\/uploads\/F142-Curbe-Huesca-Google-earth-2024-02-15.jpg 768w, https:\/\/www.elturistatranquil.com\/wp-content\/uploads\/F142-Curbe-Huesca-Google-earth-2024-02-15-339x226.jpg 339w\" sizes=\"(max-width: 768px) 100vw, 768px\" \/>\t\t\t\t\t\t\t\t\t\t\t<figcaption class=\"widget-image-caption wp-caption-text\">(Sobre Google earth 2024-02-15)<\/figcaption>\n\t\t\t\t\t\t\t\t\t\t<\/figure>\n\t\t\t\t\t\t\t\t\t<\/div>\n\t\t\t\t<\/div>\n\t\t\t\t<div class=\"elementor-element elementor-element-17ba833 elementor-widget elementor-widget-image\" data-id=\"17ba833\" data-element_type=\"widget\" data-e-type=\"widget\" data-widget_type=\"image.default\">\n\t\t\t\t<div class=\"elementor-widget-container\">\n\t\t\t\t\t\t\t\t\t\t\t\t<figure class=\"wp-caption\">\n\t\t\t\t\t\t\t\t\t\t<img loading=\"lazy\" decoding=\"async\" width=\"768\" height=\"513\" src=\"https:\/\/www.elturistatranquil.com\/wp-content\/uploads\/F143-F142-Curbe-Huesca-Jose-Borobio-1958-Alagon-p-335.jpg\" class=\"attachment-large size-large wp-image-51383\" alt=\"Curbe, Huesca, Jose-Borobio,-1958,-Alagon-p-335\" srcset=\"https:\/\/www.elturistatranquil.com\/wp-content\/uploads\/F143-F142-Curbe-Huesca-Jose-Borobio-1958-Alagon-p-335.jpg 768w, https:\/\/www.elturistatranquil.com\/wp-content\/uploads\/F143-F142-Curbe-Huesca-Jose-Borobio-1958-Alagon-p-335-339x226.jpg 339w\" sizes=\"(max-width: 768px) 100vw, 768px\" \/>\t\t\t\t\t\t\t\t\t\t\t<figcaption class=\"widget-image-caption wp-caption-text\">Curbe, arquitecte Jos\u00e9 Borobio, 1958 (Font: Alag\u00f3n, 2021, p. 335)<\/figcaption>\n\t\t\t\t\t\t\t\t\t\t<\/figure>\n\t\t\t\t\t\t\t\t\t<\/div>\n\t\t\t\t<\/div>\n\t\t\t\t<div class=\"elementor-element elementor-element-1d68aa9 elementor-widget elementor-widget-text-editor\" data-id=\"1d68aa9\" data-element_type=\"widget\" data-e-type=\"widget\" data-widget_type=\"text-editor.default\">\n\t\t\t\t<div class=\"elementor-widget-container\">\n\t\t\t\t\t\t\t\t\t<p>L&#8217;arquitecte va ser Javier Calvo Lorea, encara que el disseny definitiu va anar a c\u00e0rrec de Jos\u00e9 Borobio, aplicant a la planificaci\u00f3 de Curbe un model gen\u00e8ric mixt de m\u00f2duls corbs, on es combinen el tra\u00e7at corb sinu\u00f3s del carrer transversal, <strong>carrer Ancha<\/strong> i de la ronda nord, el <strong>carrer Viento<\/strong>, amb m\u00f2duls de sector circular (menor) i de trapezis circulars. No hi ha cap carrer recte, excepte els tres trams de llevant. Pel que sembla, les curvatures pretenien adaptar-se a l&#8217;orografia.<\/p><p>El centre de poblat, despla\u00e7at cap al nord, adopta la forma d&#8217;arc circular, on inscriuen les escoles i algun dels serveis.<\/p>\t\t\t\t\t\t\t\t<\/div>\n\t\t\t\t<\/div>\n\t\t\t\t<div class=\"elementor-element elementor-element-d01ca91 elementor-widget elementor-widget-heading\" data-id=\"d01ca91\" data-element_type=\"widget\" data-e-type=\"widget\" data-widget_type=\"heading.default\">\n\t\t\t\t<div class=\"elementor-widget-container\">\n\t\t\t\t\t<h5 class=\"elementor-heading-title elementor-size-default\">Els eixos articuladors<\/h5>\t\t\t\t<\/div>\n\t\t\t\t<\/div>\n\t\t\t\t<div class=\"elementor-element elementor-element-1dfa8d5 elementor-widget elementor-widget-text-editor\" data-id=\"1dfa8d5\" data-element_type=\"widget\" data-e-type=\"widget\" data-widget_type=\"text-editor.default\">\n\t\t\t\t<div class=\"elementor-widget-container\">\n\t\t\t\t\t\t\t\t\t<p>De nord a sud un eix corb, el <strong>carrer la Sierra<\/strong>. El <strong>carrer Arco<\/strong>, com el seu nom indica, forma un arc nord-est, que envolta el centre. Transversalment, un tra\u00e7at lleugerament sinu\u00f3s recorre els carrers <strong>Ample <\/strong>i<strong> Centro<\/strong>.<\/p><p>D&#8217;aquesta manera queden formades set illes tancades amb les dobles entrades a les parcel\u00b7les d&#8217;habitatge, a la casa i al corral, a la fa\u00e7ana o a algunes cases cantonera pel costat.<\/p><p>Els carrers amples de 9-10 metres, gaireb\u00e9 tots preparats per a arbrat at\u00e8s que no existeix cap carrer de segona, excepte un passatge de vianants que trenca el gran arc trapezoidal dels sud-oest i un curt passatge al nord-est<\/p><p>La curvatura dels carrers no permet que la torre de l&#8217;esgl\u00e9sia sigui a l&#8217;eix visual del carrer d&#8217;entrada, nom\u00e9s quan s\u2019arriba a la pla\u00e7a, per\u00f2 no impedeix que sobresurti imponent.<\/p>\t\t\t\t\t\t\t\t<\/div>\n\t\t\t\t<\/div>\n\t\t\t\t<div class=\"elementor-element elementor-element-31551dc elementor-widget elementor-widget-image\" data-id=\"31551dc\" data-element_type=\"widget\" data-e-type=\"widget\" data-widget_type=\"image.default\">\n\t\t\t\t<div class=\"elementor-widget-container\">\n\t\t\t\t\t\t\t\t\t\t\t\t<figure class=\"wp-caption\">\n\t\t\t\t\t\t\t\t\t\t<img loading=\"lazy\" decoding=\"async\" width=\"768\" height=\"512\" src=\"https:\/\/www.elturistatranquil.com\/wp-content\/uploads\/F144-Curbe-Huesca.jpg\" class=\"attachment-large size-large wp-image-51385\" alt=\"Curbe, Huesca\" srcset=\"https:\/\/www.elturistatranquil.com\/wp-content\/uploads\/F144-Curbe-Huesca.jpg 768w, https:\/\/www.elturistatranquil.com\/wp-content\/uploads\/F144-Curbe-Huesca-339x226.jpg 339w\" sizes=\"(max-width: 768px) 100vw, 768px\" \/>\t\t\t\t\t\t\t\t\t\t\t<figcaption class=\"widget-image-caption wp-caption-text\"><\/figcaption>\n\t\t\t\t\t\t\t\t\t\t<\/figure>\n\t\t\t\t\t\t\t\t\t<\/div>\n\t\t\t\t<\/div>\n\t\t\t\t<div class=\"elementor-element elementor-element-8d80790 elementor-widget elementor-widget-text-editor\" data-id=\"8d80790\" data-element_type=\"widget\" data-e-type=\"widget\" data-widget_type=\"text-editor.default\">\n\t\t\t\t<div class=\"elementor-widget-container\">\n\t\t\t\t\t\t\t\t\t<p>Entrada pel <strong>carrer Ample<\/strong>, que constitueix l&#8217;eix transversal del poble oest-est.<\/p>\t\t\t\t\t\t\t\t<\/div>\n\t\t\t\t<\/div>\n\t\t\t\t<div class=\"elementor-element elementor-element-a4133b7 elementor-widget elementor-widget-image\" data-id=\"a4133b7\" data-element_type=\"widget\" data-e-type=\"widget\" data-widget_type=\"image.default\">\n\t\t\t\t<div class=\"elementor-widget-container\">\n\t\t\t\t\t\t\t\t\t\t\t\t<figure class=\"wp-caption\">\n\t\t\t\t\t\t\t\t\t\t<img loading=\"lazy\" decoding=\"async\" width=\"768\" height=\"512\" src=\"https:\/\/www.elturistatranquil.com\/wp-content\/uploads\/F145-Curbe-Huesca.jpg\" class=\"attachment-large size-large wp-image-51387\" alt=\"Curbe, Huesca\" srcset=\"https:\/\/www.elturistatranquil.com\/wp-content\/uploads\/F145-Curbe-Huesca.jpg 768w, https:\/\/www.elturistatranquil.com\/wp-content\/uploads\/F145-Curbe-Huesca-339x226.jpg 339w\" sizes=\"(max-width: 768px) 100vw, 768px\" \/>\t\t\t\t\t\t\t\t\t\t\t<figcaption class=\"widget-image-caption wp-caption-text\"><\/figcaption>\n\t\t\t\t\t\t\t\t\t\t<\/figure>\n\t\t\t\t\t\t\t\t\t<\/div>\n\t\t\t\t<\/div>\n\t\t\t\t<div class=\"elementor-element elementor-element-7f8f9c1 elementor-widget elementor-widget-text-editor\" data-id=\"7f8f9c1\" data-element_type=\"widget\" data-e-type=\"widget\" data-widget_type=\"text-editor.default\">\n\t\t\t\t<div class=\"elementor-widget-container\">\n\t\t\t\t\t\t\t\t\t<p>En arribar al carrer major a esquerre i dret el <strong>carrer Arco<\/strong> qu\u00e8 constitueix l&#8217;eix de curvatura interior de Curbe.<\/p>\t\t\t\t\t\t\t\t<\/div>\n\t\t\t\t<\/div>\n\t\t\t\t<div class=\"elementor-element elementor-element-3d24faa elementor-widget elementor-widget-image\" data-id=\"3d24faa\" data-element_type=\"widget\" data-e-type=\"widget\" data-widget_type=\"image.default\">\n\t\t\t\t<div class=\"elementor-widget-container\">\n\t\t\t\t\t\t\t\t\t\t\t\t<figure class=\"wp-caption\">\n\t\t\t\t\t\t\t\t\t\t<img loading=\"lazy\" decoding=\"async\" width=\"768\" height=\"511\" src=\"https:\/\/www.elturistatranquil.com\/wp-content\/uploads\/F146-Curbe-Huesca.jpg\" class=\"attachment-large size-large wp-image-51389\" alt=\"Curbe, Huesca\" srcset=\"https:\/\/www.elturistatranquil.com\/wp-content\/uploads\/F146-Curbe-Huesca.jpg 768w, https:\/\/www.elturistatranquil.com\/wp-content\/uploads\/F146-Curbe-Huesca-339x226.jpg 339w\" sizes=\"(max-width: 768px) 100vw, 768px\" \/>\t\t\t\t\t\t\t\t\t\t\t<figcaption class=\"widget-image-caption wp-caption-text\"><\/figcaption>\n\t\t\t\t\t\t\t\t\t\t<\/figure>\n\t\t\t\t\t\t\t\t\t<\/div>\n\t\t\t\t<\/div>\n\t\t\t\t<div class=\"elementor-element elementor-element-c4fb21d elementor-widget elementor-widget-text-editor\" data-id=\"c4fb21d\" data-element_type=\"widget\" data-e-type=\"widget\" data-widget_type=\"text-editor.default\">\n\t\t\t\t<div class=\"elementor-widget-container\">\n\t\t\t\t\t\t\t\t\t<p>Perllongant per l&#8217;est l&#8217;eix transversal el <strong>carrer Centro<\/strong>.<\/p>\t\t\t\t\t\t\t\t<\/div>\n\t\t\t\t<\/div>\n\t\t\t\t<div class=\"elementor-element elementor-element-d0f2cb8 elementor-widget elementor-widget-image\" data-id=\"d0f2cb8\" data-element_type=\"widget\" data-e-type=\"widget\" data-widget_type=\"image.default\">\n\t\t\t\t<div class=\"elementor-widget-container\">\n\t\t\t\t\t\t\t\t\t\t\t\t<figure class=\"wp-caption\">\n\t\t\t\t\t\t\t\t\t\t<img loading=\"lazy\" decoding=\"async\" width=\"768\" height=\"511\" src=\"https:\/\/www.elturistatranquil.com\/wp-content\/uploads\/F147-Curbe-Huesca.jpg\" class=\"attachment-large size-large wp-image-51391\" alt=\"Curbe, Huesca\" srcset=\"https:\/\/www.elturistatranquil.com\/wp-content\/uploads\/F147-Curbe-Huesca.jpg 768w, https:\/\/www.elturistatranquil.com\/wp-content\/uploads\/F147-Curbe-Huesca-339x226.jpg 339w\" sizes=\"(max-width: 768px) 100vw, 768px\" \/>\t\t\t\t\t\t\t\t\t\t\t<figcaption class=\"widget-image-caption wp-caption-text\"><\/figcaption>\n\t\t\t\t\t\t\t\t\t\t<\/figure>\n\t\t\t\t\t\t\t\t\t<\/div>\n\t\t\t\t<\/div>\n\t\t\t\t<div class=\"elementor-element elementor-element-44ff91c elementor-widget elementor-widget-text-editor\" data-id=\"44ff91c\" data-element_type=\"widget\" data-e-type=\"widget\" data-widget_type=\"text-editor.default\">\n\t\t\t\t<div class=\"elementor-widget-container\">\n\t\t\t\t\t\t\t\t\t<p>L&#8217;eix vertical el forma la suau corba del <strong>carrer la Sierra<\/strong>.<\/p>\t\t\t\t\t\t\t\t<\/div>\n\t\t\t\t<\/div>\n\t\t\t\t<div class=\"elementor-element elementor-element-da14a84 elementor-widget elementor-widget-image\" data-id=\"da14a84\" data-element_type=\"widget\" data-e-type=\"widget\" data-widget_type=\"image.default\">\n\t\t\t\t<div class=\"elementor-widget-container\">\n\t\t\t\t\t\t\t\t\t\t\t\t<figure class=\"wp-caption\">\n\t\t\t\t\t\t\t\t\t\t<img loading=\"lazy\" decoding=\"async\" width=\"768\" height=\"511\" src=\"https:\/\/www.elturistatranquil.com\/wp-content\/uploads\/F148-Curbe-Huesca.jpg\" class=\"attachment-large size-large wp-image-51393\" alt=\"Curbe, Huesca\" srcset=\"https:\/\/www.elturistatranquil.com\/wp-content\/uploads\/F148-Curbe-Huesca.jpg 768w, https:\/\/www.elturistatranquil.com\/wp-content\/uploads\/F148-Curbe-Huesca-339x226.jpg 339w\" sizes=\"(max-width: 768px) 100vw, 768px\" \/>\t\t\t\t\t\t\t\t\t\t\t<figcaption class=\"widget-image-caption wp-caption-text\"><\/figcaption>\n\t\t\t\t\t\t\t\t\t\t<\/figure>\n\t\t\t\t\t\t\t\t\t<\/div>\n\t\t\t\t<\/div>\n\t\t\t\t<div class=\"elementor-element elementor-element-c5915f0 elementor-widget elementor-widget-text-editor\" data-id=\"c5915f0\" data-element_type=\"widget\" data-e-type=\"widget\" data-widget_type=\"text-editor.default\">\n\t\t\t\t<div class=\"elementor-widget-container\">\n\t\t\t\t\t\t\t\t\t<p>Al gran arc de gaireb\u00e9 90<sup>o<\/sup> que constitueix costat sud oest es va obrir un <strong>passatge de vianants<\/strong> per facilitar l&#8217;acc\u00e9s amb l&#8217;exterior.<\/p>\t\t\t\t\t\t\t\t<\/div>\n\t\t\t\t<\/div>\n\t\t\t\t<div class=\"elementor-element elementor-element-d7b10aa elementor-widget elementor-widget-image\" data-id=\"d7b10aa\" data-element_type=\"widget\" data-e-type=\"widget\" data-widget_type=\"image.default\">\n\t\t\t\t<div class=\"elementor-widget-container\">\n\t\t\t\t\t\t\t\t\t\t\t\t<figure class=\"wp-caption\">\n\t\t\t\t\t\t\t\t\t\t<img loading=\"lazy\" decoding=\"async\" width=\"768\" height=\"511\" src=\"https:\/\/www.elturistatranquil.com\/wp-content\/uploads\/F149-Curbe-Huesca.jpg\" class=\"attachment-large size-large wp-image-51398\" alt=\"Curbe, Huesca\" srcset=\"https:\/\/www.elturistatranquil.com\/wp-content\/uploads\/F149-Curbe-Huesca.jpg 768w, https:\/\/www.elturistatranquil.com\/wp-content\/uploads\/F149-Curbe-Huesca-339x226.jpg 339w\" sizes=\"(max-width: 768px) 100vw, 768px\" \/>\t\t\t\t\t\t\t\t\t\t\t<figcaption class=\"widget-image-caption wp-caption-text\"><\/figcaption>\n\t\t\t\t\t\t\t\t\t\t<\/figure>\n\t\t\t\t\t\t\t\t\t<\/div>\n\t\t\t\t<\/div>\n\t\t\t\t<div class=\"elementor-element elementor-element-8d996ed elementor-widget elementor-widget-heading\" data-id=\"8d996ed\" data-element_type=\"widget\" data-e-type=\"widget\" data-widget_type=\"heading.default\">\n\t\t\t\t<div class=\"elementor-widget-container\">\n\t\t\t\t\t<h5 class=\"elementor-heading-title elementor-size-default\">Els materials de construcci\u00f3<\/h5>\t\t\t\t<\/div>\n\t\t\t\t<\/div>\n\t\t\t\t<div class=\"elementor-element elementor-element-0b23f6e elementor-widget elementor-widget-text-editor\" data-id=\"0b23f6e\" data-element_type=\"widget\" data-e-type=\"widget\" data-widget_type=\"text-editor.default\">\n\t\t\t\t<div class=\"elementor-widget-container\">\n\t\t\t\t\t\t\t\t\t<p>Pr\u00e0cticament tots els edificis estan constru\u00efts amb pedra de carreu pels quatre costats, deixant alguns detalls amb arrebossat.<\/p><p>En certs llocs, alguns dels murs fan la sensaci\u00f3 de trobar-se davant de les muralles d&#8217;una ciutat.<\/p>\t\t\t\t\t\t\t\t<\/div>\n\t\t\t\t<\/div>\n\t\t\t\t<div class=\"elementor-element elementor-element-8e3592d elementor-widget elementor-widget-heading\" data-id=\"8e3592d\" data-element_type=\"widget\" data-e-type=\"widget\" data-widget_type=\"heading.default\">\n\t\t\t\t<div class=\"elementor-widget-container\">\n\t\t\t\t\t<h5 class=\"elementor-heading-title elementor-size-default\">El centre: elements simb\u00f2lics de poder i els serveis complementaris<\/h5>\t\t\t\t<\/div>\n\t\t\t\t<\/div>\n\t\t\t\t<div class=\"elementor-element elementor-element-de2b454 elementor-widget elementor-widget-text-editor\" data-id=\"de2b454\" data-element_type=\"widget\" data-e-type=\"widget\" data-widget_type=\"text-editor.default\">\n\t\t\t\t<div class=\"elementor-widget-container\">\n\t\t\t\t\t\t\t\t\t<p>La pla\u00e7a Major, <strong>pla\u00e7a Espa\u00f1a<\/strong>, tindria una forma pr\u00e0cticament quadrada si no fos per la penetraci\u00f3 que efectua l&#8217;edifici de l&#8217;esgl\u00e9sia, com estem acostumats a veure en altres pobles.<\/p>\t\t\t\t\t\t\t\t<\/div>\n\t\t\t\t<\/div>\n\t\t\t\t<div class=\"elementor-element elementor-element-0cd85be elementor-widget elementor-widget-image\" data-id=\"0cd85be\" data-element_type=\"widget\" data-e-type=\"widget\" data-widget_type=\"image.default\">\n\t\t\t\t<div class=\"elementor-widget-container\">\n\t\t\t\t\t\t\t\t\t\t\t\t<figure class=\"wp-caption\">\n\t\t\t\t\t\t\t\t\t\t<img loading=\"lazy\" decoding=\"async\" width=\"768\" height=\"433\" src=\"https:\/\/www.elturistatranquil.com\/wp-content\/uploads\/F150-Curbe-Huesca.jpg\" class=\"attachment-large size-large wp-image-51400\" alt=\"Curbe, Huesca\" srcset=\"https:\/\/www.elturistatranquil.com\/wp-content\/uploads\/F150-Curbe-Huesca.jpg 768w, https:\/\/www.elturistatranquil.com\/wp-content\/uploads\/F150-Curbe-Huesca-339x191.jpg 339w\" sizes=\"(max-width: 768px) 100vw, 768px\" \/>\t\t\t\t\t\t\t\t\t\t\t<figcaption class=\"widget-image-caption wp-caption-text\"><\/figcaption>\n\t\t\t\t\t\t\t\t\t\t<\/figure>\n\t\t\t\t\t\t\t\t\t<\/div>\n\t\t\t\t<\/div>\n\t\t\t\t<div class=\"elementor-element elementor-element-0d0ab46 elementor-widget elementor-widget-image\" data-id=\"0d0ab46\" data-element_type=\"widget\" data-e-type=\"widget\" data-widget_type=\"image.default\">\n\t\t\t\t<div class=\"elementor-widget-container\">\n\t\t\t\t\t\t\t\t\t\t\t\t<figure class=\"wp-caption\">\n\t\t\t\t\t\t\t\t\t\t<img loading=\"lazy\" decoding=\"async\" width=\"768\" height=\"433\" src=\"https:\/\/www.elturistatranquil.com\/wp-content\/uploads\/F151-Curbe-Huesca.jpg\" class=\"attachment-large size-large wp-image-51402\" alt=\"Curbe, Huesca\" srcset=\"https:\/\/www.elturistatranquil.com\/wp-content\/uploads\/F151-Curbe-Huesca.jpg 768w, https:\/\/www.elturistatranquil.com\/wp-content\/uploads\/F151-Curbe-Huesca-339x191.jpg 339w\" sizes=\"(max-width: 768px) 100vw, 768px\" \/>\t\t\t\t\t\t\t\t\t\t\t<figcaption class=\"widget-image-caption wp-caption-text\"><\/figcaption>\n\t\t\t\t\t\t\t\t\t\t<\/figure>\n\t\t\t\t\t\t\t\t\t<\/div>\n\t\t\t\t<\/div>\n\t\t\t\t<div class=\"elementor-element elementor-element-2d6acb0 elementor-widget elementor-widget-text-editor\" data-id=\"2d6acb0\" data-element_type=\"widget\" data-e-type=\"widget\" data-widget_type=\"text-editor.default\">\n\t\t\t\t<div class=\"elementor-widget-container\">\n\t\t\t\t\t\t\t\t\t<p>A la part nord l&#8217;<strong>ajuntament pedani<\/strong> (<strong>M<\/strong>), al costat dels locals del bar i botiga.<\/p>\t\t\t\t\t\t\t\t<\/div>\n\t\t\t\t<\/div>\n\t\t\t\t<div class=\"elementor-element elementor-element-a1e154d elementor-widget elementor-widget-image\" data-id=\"a1e154d\" data-element_type=\"widget\" data-e-type=\"widget\" data-widget_type=\"image.default\">\n\t\t\t\t<div class=\"elementor-widget-container\">\n\t\t\t\t\t\t\t\t\t\t\t\t<figure class=\"wp-caption\">\n\t\t\t\t\t\t\t\t\t\t<img loading=\"lazy\" decoding=\"async\" width=\"768\" height=\"512\" src=\"https:\/\/www.elturistatranquil.com\/wp-content\/uploads\/F152-Curbe-Huesca.jpg\" class=\"attachment-large size-large wp-image-51406\" alt=\"Curbe, Huesca\" srcset=\"https:\/\/www.elturistatranquil.com\/wp-content\/uploads\/F152-Curbe-Huesca.jpg 768w, https:\/\/www.elturistatranquil.com\/wp-content\/uploads\/F152-Curbe-Huesca-339x226.jpg 339w\" sizes=\"(max-width: 768px) 100vw, 768px\" \/>\t\t\t\t\t\t\t\t\t\t\t<figcaption class=\"widget-image-caption wp-caption-text\"><\/figcaption>\n\t\t\t\t\t\t\t\t\t\t<\/figure>\n\t\t\t\t\t\t\t\t\t<\/div>\n\t\t\t\t<\/div>\n\t\t\t\t<div class=\"elementor-element elementor-element-c45528d elementor-widget elementor-widget-text-editor\" data-id=\"c45528d\" data-element_type=\"widget\" data-e-type=\"widget\" data-widget_type=\"text-editor.default\">\n\t\t\t\t<div class=\"elementor-widget-container\">\n\t\t\t\t\t\t\t\t\t<p>Al centre penetrant a la pla\u00e7a l&#8217;<strong>esgl\u00e9sia de Santa Teresa de Jes\u00fas<\/strong> (<strong>T<\/strong>), amb orientaci\u00f3 no can\u00f2nica cap al nord.<\/p><p>L\u00b4edifici de l\u00b4esgl\u00e9sia \u00e9s d\u00b4estil ecl\u00e8ctic amb la fa\u00e7ana de carreuat i la testera i els laterals arrebossats en blanc. Als peus del temple, en posici\u00f3 cantonera pel costat de l&#8217;ep\u00edstola, una sobre elevada torre quadrada, tamb\u00e9 de carreuat, amb un darrer nivell amb finestres del campanar de forma enreixada.<\/p>\t\t\t\t\t\t\t\t<\/div>\n\t\t\t\t<\/div>\n\t\t\t\t<div class=\"elementor-element elementor-element-32b47fb elementor-widget elementor-widget-image\" data-id=\"32b47fb\" data-element_type=\"widget\" data-e-type=\"widget\" data-widget_type=\"image.default\">\n\t\t\t\t<div class=\"elementor-widget-container\">\n\t\t\t\t\t\t\t\t\t\t\t\t<figure class=\"wp-caption\">\n\t\t\t\t\t\t\t\t\t\t<img loading=\"lazy\" decoding=\"async\" width=\"768\" height=\"512\" src=\"https:\/\/www.elturistatranquil.com\/wp-content\/uploads\/F153-Curbe-Huesca.jpg\" class=\"attachment-large size-large wp-image-51408\" alt=\"Curbe, Huesca\" srcset=\"https:\/\/www.elturistatranquil.com\/wp-content\/uploads\/F153-Curbe-Huesca.jpg 768w, https:\/\/www.elturistatranquil.com\/wp-content\/uploads\/F153-Curbe-Huesca-339x226.jpg 339w\" sizes=\"(max-width: 768px) 100vw, 768px\" \/>\t\t\t\t\t\t\t\t\t\t\t<figcaption class=\"widget-image-caption wp-caption-text\"><\/figcaption>\n\t\t\t\t\t\t\t\t\t\t<\/figure>\n\t\t\t\t\t\t\t\t\t<\/div>\n\t\t\t\t<\/div>\n\t\t\t\t<div class=\"elementor-element elementor-element-5f9f488 elementor-widget elementor-widget-image\" data-id=\"5f9f488\" data-element_type=\"widget\" data-e-type=\"widget\" data-widget_type=\"image.default\">\n\t\t\t\t<div class=\"elementor-widget-container\">\n\t\t\t\t\t\t\t\t\t\t\t\t<figure class=\"wp-caption\">\n\t\t\t\t\t\t\t\t\t\t<img loading=\"lazy\" decoding=\"async\" width=\"768\" height=\"512\" src=\"https:\/\/www.elturistatranquil.com\/wp-content\/uploads\/F154-Curbe-Huesca.jpg\" class=\"attachment-large size-large wp-image-51410\" alt=\"Curbe, Huesca\" srcset=\"https:\/\/www.elturistatranquil.com\/wp-content\/uploads\/F154-Curbe-Huesca.jpg 768w, https:\/\/www.elturistatranquil.com\/wp-content\/uploads\/F154-Curbe-Huesca-339x226.jpg 339w\" sizes=\"(max-width: 768px) 100vw, 768px\" \/>\t\t\t\t\t\t\t\t\t\t\t<figcaption class=\"widget-image-caption wp-caption-text\"><\/figcaption>\n\t\t\t\t\t\t\t\t\t\t<\/figure>\n\t\t\t\t\t\t\t\t\t<\/div>\n\t\t\t\t<\/div>\n\t\t\t\t<div class=\"elementor-element elementor-element-e19f2db elementor-widget elementor-widget-text-editor\" data-id=\"e19f2db\" data-element_type=\"widget\" data-e-type=\"widget\" data-widget_type=\"text-editor.default\">\n\t\t\t\t<div class=\"elementor-widget-container\">\n\t\t\t\t\t\t\t\t\t<p>Al costat sud de la pla\u00e7a de Espa\u00f1a hi ha les <strong>escoles de nens i nenes<\/strong> (<strong>E<\/strong>). A l&#8217;extrem est de l&#8217;edificaci\u00f3 els habitatges de mestres i l&#8217;extrem sud el local social. Per la part posterior, camps d&#8217;esbarjo al costat d&#8217;una zona enjardinada.<\/p>\t\t\t\t\t\t\t\t<\/div>\n\t\t\t\t<\/div>\n\t\t\t\t<div class=\"elementor-element elementor-element-7ecaccc elementor-widget elementor-widget-image\" data-id=\"7ecaccc\" data-element_type=\"widget\" data-e-type=\"widget\" data-widget_type=\"image.default\">\n\t\t\t\t<div class=\"elementor-widget-container\">\n\t\t\t\t\t\t\t\t\t\t\t\t<figure class=\"wp-caption\">\n\t\t\t\t\t\t\t\t\t\t<img loading=\"lazy\" decoding=\"async\" width=\"768\" height=\"511\" src=\"https:\/\/www.elturistatranquil.com\/wp-content\/uploads\/F155-Curbe-Huesca.jpg\" class=\"attachment-large size-large wp-image-51415\" alt=\"Curbe, Huesca\" srcset=\"https:\/\/www.elturistatranquil.com\/wp-content\/uploads\/F155-Curbe-Huesca.jpg 768w, https:\/\/www.elturistatranquil.com\/wp-content\/uploads\/F155-Curbe-Huesca-339x226.jpg 339w\" sizes=\"(max-width: 768px) 100vw, 768px\" \/>\t\t\t\t\t\t\t\t\t\t\t<figcaption class=\"widget-image-caption wp-caption-text\"><\/figcaption>\n\t\t\t\t\t\t\t\t\t\t<\/figure>\n\t\t\t\t\t\t\t\t\t<\/div>\n\t\t\t\t<\/div>\n\t\t\t\t<div class=\"elementor-element elementor-element-1876880 elementor-widget elementor-widget-text-editor\" data-id=\"1876880\" data-element_type=\"widget\" data-e-type=\"widget\" data-widget_type=\"text-editor.default\">\n\t\t\t\t<div class=\"elementor-widget-container\">\n\t\t\t\t\t\t\t\t\t<p>A la cantonada dels carrers de la Serra i de l&#8217;arc es va ubicar el <strong>Centre Social<\/strong>.<\/p>\t\t\t\t\t\t\t\t<\/div>\n\t\t\t\t<\/div>\n\t\t\t\t<div class=\"elementor-element elementor-element-794a79d elementor-widget elementor-widget-image\" data-id=\"794a79d\" data-element_type=\"widget\" data-e-type=\"widget\" data-widget_type=\"image.default\">\n\t\t\t\t<div class=\"elementor-widget-container\">\n\t\t\t\t\t\t\t\t\t\t\t\t<figure class=\"wp-caption\">\n\t\t\t\t\t\t\t\t\t\t<img loading=\"lazy\" decoding=\"async\" width=\"768\" height=\"512\" src=\"https:\/\/www.elturistatranquil.com\/wp-content\/uploads\/F156-Curbe-Huesca.jpg\" class=\"attachment-large size-large wp-image-51417\" alt=\"Curbe, Huesca\" srcset=\"https:\/\/www.elturistatranquil.com\/wp-content\/uploads\/F156-Curbe-Huesca.jpg 768w, https:\/\/www.elturistatranquil.com\/wp-content\/uploads\/F156-Curbe-Huesca-339x226.jpg 339w\" sizes=\"(max-width: 768px) 100vw, 768px\" \/>\t\t\t\t\t\t\t\t\t\t\t<figcaption class=\"widget-image-caption wp-caption-text\"><\/figcaption>\n\t\t\t\t\t\t\t\t\t\t<\/figure>\n\t\t\t\t\t\t\t\t\t<\/div>\n\t\t\t\t<\/div>\n\t\t\t\t<div class=\"elementor-element elementor-element-c13277c elementor-widget elementor-widget-heading\" data-id=\"c13277c\" data-element_type=\"widget\" data-e-type=\"widget\" data-widget_type=\"heading.default\">\n\t\t\t\t<div class=\"elementor-widget-container\">\n\t\t\t\t\t<h5 class=\"elementor-heading-title elementor-size-default\">Tipologia de les parcel\u00b7les, models de casa i fa\u00e7anes de les illes<\/h5>\t\t\t\t<\/div>\n\t\t\t\t<\/div>\n\t\t\t\t<div class=\"elementor-element elementor-element-25e58e9 elementor-widget elementor-widget-text-editor\" data-id=\"25e58e9\" data-element_type=\"widget\" data-e-type=\"widget\" data-widget_type=\"text-editor.default\">\n\t\t\t\t<div class=\"elementor-widget-container\">\n\t\t\t\t\t\t\t\t\t<p>Les parcel\u00b7les de colons s\u00f3n de 600 m<sup>2<\/sup>, de 15 a 20 metres de fa\u00e7ana per 30 a 40 metres de profunditat. Les dels obrers de 15 per 30 metres.<\/p><p>Els habitatges d&#8217;obrers s&#8217;intercalen amb els de colons per no crear barris discriminats.<\/p><p>El criteri d\u2019illa tancada adoptat a Curbe comporta que la tipologia de parcel\u00b7les ha de ser les de doble entrada per la fa\u00e7ana, at\u00e8s que els corrals queden situats a l\u2019interior d\u2019illa.<\/p><p>Cases model (<strong>A1<\/strong>) d\u2019un nivell adossades.<\/p>\t\t\t\t\t\t\t\t<\/div>\n\t\t\t\t<\/div>\n\t\t\t\t<div class=\"elementor-element elementor-element-48eff04 elementor-widget elementor-widget-image\" data-id=\"48eff04\" data-element_type=\"widget\" data-e-type=\"widget\" data-widget_type=\"image.default\">\n\t\t\t\t<div class=\"elementor-widget-container\">\n\t\t\t\t\t\t\t\t\t\t\t\t<figure class=\"wp-caption\">\n\t\t\t\t\t\t\t\t\t\t<img loading=\"lazy\" decoding=\"async\" width=\"768\" height=\"512\" src=\"https:\/\/www.elturistatranquil.com\/wp-content\/uploads\/F157-Curbe-Huesca.jpg\" class=\"attachment-large size-large wp-image-51419\" alt=\"Curbe, Huesca\" srcset=\"https:\/\/www.elturistatranquil.com\/wp-content\/uploads\/F157-Curbe-Huesca.jpg 768w, https:\/\/www.elturistatranquil.com\/wp-content\/uploads\/F157-Curbe-Huesca-339x226.jpg 339w\" sizes=\"(max-width: 768px) 100vw, 768px\" \/>\t\t\t\t\t\t\t\t\t\t\t<figcaption class=\"widget-image-caption wp-caption-text\"><\/figcaption>\n\t\t\t\t\t\t\t\t\t\t<\/figure>\n\t\t\t\t\t\t\t\t\t<\/div>\n\t\t\t\t<\/div>\n\t\t\t\t<div class=\"elementor-element elementor-element-8b90f4e elementor-widget elementor-widget-text-editor\" data-id=\"8b90f4e\" data-element_type=\"widget\" data-e-type=\"widget\" data-widget_type=\"text-editor.default\">\n\t\t\t\t<div class=\"elementor-widget-container\">\n\t\t\t\t\t\t\t\t\t<p>Cases de model (<strong>A2<\/strong>) de dos nivells, adossades.<\/p>\t\t\t\t\t\t\t\t<\/div>\n\t\t\t\t<\/div>\n\t\t\t\t<div class=\"elementor-element elementor-element-9ca43be elementor-widget elementor-widget-image\" data-id=\"9ca43be\" data-element_type=\"widget\" data-e-type=\"widget\" data-widget_type=\"image.default\">\n\t\t\t\t<div class=\"elementor-widget-container\">\n\t\t\t\t\t\t\t\t\t\t\t\t<figure class=\"wp-caption\">\n\t\t\t\t\t\t\t\t\t\t<img loading=\"lazy\" decoding=\"async\" width=\"768\" height=\"511\" src=\"https:\/\/www.elturistatranquil.com\/wp-content\/uploads\/F158-Curbe-Huesca.jpg\" class=\"attachment-large size-large wp-image-51421\" alt=\"Curbe, Huesca\" srcset=\"https:\/\/www.elturistatranquil.com\/wp-content\/uploads\/F158-Curbe-Huesca.jpg 768w, https:\/\/www.elturistatranquil.com\/wp-content\/uploads\/F158-Curbe-Huesca-339x226.jpg 339w\" sizes=\"(max-width: 768px) 100vw, 768px\" \/>\t\t\t\t\t\t\t\t\t\t\t<figcaption class=\"widget-image-caption wp-caption-text\"><\/figcaption>\n\t\t\t\t\t\t\t\t\t\t<\/figure>\n\t\t\t\t\t\t\t\t\t<\/div>\n\t\t\t\t<\/div>\n\t\t\t\t<div class=\"elementor-element elementor-element-03230c7 elementor-widget elementor-widget-text-editor\" data-id=\"03230c7\" data-element_type=\"widget\" data-e-type=\"widget\" data-widget_type=\"text-editor.default\">\n\t\t\t\t<div class=\"elementor-widget-container\">\n\t\t\t\t\t\t\t\t\t<p>En altres carrers es combinen la disposici\u00f3 adossada i aparellada, oferint variabilitat visual.<\/p>\t\t\t\t\t\t\t\t<\/div>\n\t\t\t\t<\/div>\n\t\t\t\t<div class=\"elementor-element elementor-element-ba3e7af elementor-widget elementor-widget-image\" data-id=\"ba3e7af\" data-element_type=\"widget\" data-e-type=\"widget\" data-widget_type=\"image.default\">\n\t\t\t\t<div class=\"elementor-widget-container\">\n\t\t\t\t\t\t\t\t\t\t\t\t<figure class=\"wp-caption\">\n\t\t\t\t\t\t\t\t\t\t<img loading=\"lazy\" decoding=\"async\" width=\"768\" height=\"511\" src=\"https:\/\/www.elturistatranquil.com\/wp-content\/uploads\/F159-Curbe-Huesca.jpg\" class=\"attachment-large size-large wp-image-51423\" alt=\"Curbe, Huesca\" srcset=\"https:\/\/www.elturistatranquil.com\/wp-content\/uploads\/F159-Curbe-Huesca.jpg 768w, https:\/\/www.elturistatranquil.com\/wp-content\/uploads\/F159-Curbe-Huesca-339x226.jpg 339w\" sizes=\"(max-width: 768px) 100vw, 768px\" \/>\t\t\t\t\t\t\t\t\t\t\t<figcaption class=\"widget-image-caption wp-caption-text\"><\/figcaption>\n\t\t\t\t\t\t\t\t\t\t<\/figure>\n\t\t\t\t\t\t\t\t\t<\/div>\n\t\t\t\t<\/div>\n\t\t\t\t<div class=\"elementor-element elementor-element-512787e elementor-widget elementor-widget-heading\" data-id=\"512787e\" data-element_type=\"widget\" data-e-type=\"widget\" data-widget_type=\"heading.default\">\n\t\t\t\t<div class=\"elementor-widget-container\">\n\t\t\t\t\t<h3 class=\"elementor-heading-title elementor-size-default\">Sodeto<\/h3>\t\t\t\t<\/div>\n\t\t\t\t<\/div>\n\t\t\t\t<div class=\"elementor-element elementor-element-4f39505 elementor-widget elementor-widget-image\" data-id=\"4f39505\" data-element_type=\"widget\" data-e-type=\"widget\" data-widget_type=\"image.default\">\n\t\t\t\t<div class=\"elementor-widget-container\">\n\t\t\t\t\t\t\t\t\t\t\t\t<figure class=\"wp-caption\">\n\t\t\t\t\t\t\t\t\t\t<img loading=\"lazy\" decoding=\"async\" width=\"768\" height=\"459\" src=\"https:\/\/www.elturistatranquil.com\/wp-content\/uploads\/F160-Sodeto-Huesca-Google-earth-2024-02-15.jpg\" class=\"attachment-large size-large wp-image-51425\" alt=\"Sodeto, Huesca (Google-earth-2024-02-15)\" srcset=\"https:\/\/www.elturistatranquil.com\/wp-content\/uploads\/F160-Sodeto-Huesca-Google-earth-2024-02-15.jpg 768w, https:\/\/www.elturistatranquil.com\/wp-content\/uploads\/F160-Sodeto-Huesca-Google-earth-2024-02-15-339x203.jpg 339w\" sizes=\"(max-width: 768px) 100vw, 768px\" \/>\t\t\t\t\t\t\t\t\t\t\t<figcaption class=\"widget-image-caption wp-caption-text\">(Google earth 2024-02-15)<\/figcaption>\n\t\t\t\t\t\t\t\t\t\t<\/figure>\n\t\t\t\t\t\t\t\t\t<\/div>\n\t\t\t\t<\/div>\n\t\t\t\t<div class=\"elementor-element elementor-element-8ca9937 elementor-widget elementor-widget-text-editor\" data-id=\"8ca9937\" data-element_type=\"widget\" data-e-type=\"widget\" data-widget_type=\"text-editor.default\">\n\t\t\t\t<div class=\"elementor-widget-container\">\n\t\t\t\t\t\t\t\t\t<p>Poble colonitzaci\u00f3: <strong>Sodeto<\/strong>. Municipi: Alberuela de Tubo. Prov\u00edncia: Osca. Coordenades: 41\u00b053\u203225\u2033N 0\u00b015\u203211\u2033W.<\/p><p>Pla: La zona del canal del Flumen. Any planificaci\u00f3: 1956. Arquitectes: Santiago Lagunas; ampliaci\u00f3 Jos\u00e9 Borobio.<\/p><p>Colons: 74. Obrers: 10. Altres: 8. Total cases: 92. Poblaci\u00f3 2000: 245 habitants. Poblaci\u00f3 2023: 214 habitants (-12,65%).<\/p><p>Pattern urban\u00edstic: mixt de m\u00f2duls ortogonals i corbs; sector circular (menor).<\/p><p>A Sodeto es troba el <strong>Centre d&#8217;Interpretaci\u00f3 de la Colonitzaci\u00f3 Agraria a Espanya<\/strong>.<\/p><p>El poble de <strong>Sodeto<\/strong> (<strong>I<\/strong>) va ser l&#8217;\u00faltim programat a la zona el 1956 amb projecte de l\u2019arquitecte Santiago Lagunas, el definitiu el 1968 projectat per Jos\u00e9 Borobio.<\/p>\t\t\t\t\t\t\t\t<\/div>\n\t\t\t\t<\/div>\n\t\t\t\t<div class=\"elementor-element elementor-element-2378f9f elementor-widget elementor-widget-heading\" data-id=\"2378f9f\" data-element_type=\"widget\" data-e-type=\"widget\" data-widget_type=\"heading.default\">\n\t\t\t\t<div class=\"elementor-widget-container\">\n\t\t\t\t\t<h5 class=\"elementor-heading-title elementor-size-default\">Tipologia de patrons urbans<\/h5>\t\t\t\t<\/div>\n\t\t\t\t<\/div>\n\t\t\t\t<div class=\"elementor-element elementor-element-f926cb6 elementor-widget elementor-widget-image\" data-id=\"f926cb6\" data-element_type=\"widget\" data-e-type=\"widget\" data-widget_type=\"image.default\">\n\t\t\t\t<div class=\"elementor-widget-container\">\n\t\t\t\t\t\t\t\t\t\t\t\t<figure class=\"wp-caption\">\n\t\t\t\t\t\t\t\t\t\t<img loading=\"lazy\" decoding=\"async\" width=\"768\" height=\"512\" src=\"https:\/\/www.elturistatranquil.com\/wp-content\/uploads\/F161-Sodeto-Huesca-Google-earth-2024-02-15.jpg\" class=\"attachment-large size-large wp-image-51430\" alt=\"Sodeto, Huesca (Sobre Google-earth-2024-02-15)\" srcset=\"https:\/\/www.elturistatranquil.com\/wp-content\/uploads\/F161-Sodeto-Huesca-Google-earth-2024-02-15.jpg 768w, https:\/\/www.elturistatranquil.com\/wp-content\/uploads\/F161-Sodeto-Huesca-Google-earth-2024-02-15-339x226.jpg 339w\" sizes=\"(max-width: 768px) 100vw, 768px\" \/>\t\t\t\t\t\t\t\t\t\t\t<figcaption class=\"widget-image-caption wp-caption-text\">(Sobre Google earth 2024-02-15)<\/figcaption>\n\t\t\t\t\t\t\t\t\t\t<\/figure>\n\t\t\t\t\t\t\t\t\t<\/div>\n\t\t\t\t<\/div>\n\t\t\t\t<div class=\"elementor-element elementor-element-2ae483d elementor-widget elementor-widget-image\" data-id=\"2ae483d\" data-element_type=\"widget\" data-e-type=\"widget\" data-widget_type=\"image.default\">\n\t\t\t\t<div class=\"elementor-widget-container\">\n\t\t\t\t\t\t\t\t\t\t\t\t<figure class=\"wp-caption\">\n\t\t\t\t\t\t\t\t\t\t<img loading=\"lazy\" decoding=\"async\" width=\"768\" height=\"512\" src=\"https:\/\/www.elturistatranquil.com\/wp-content\/uploads\/F162-Sodeto-Huesca-Jose-Borobio-1968-Alagon-341.jpg\" class=\"attachment-large size-large wp-image-51432\" alt=\"Sodeto,- Huesca, Jose Borobio,-1968,-Alagon,-341\" srcset=\"https:\/\/www.elturistatranquil.com\/wp-content\/uploads\/F162-Sodeto-Huesca-Jose-Borobio-1968-Alagon-341.jpg 768w, https:\/\/www.elturistatranquil.com\/wp-content\/uploads\/F162-Sodeto-Huesca-Jose-Borobio-1968-Alagon-341-339x226.jpg 339w\" sizes=\"(max-width: 768px) 100vw, 768px\" \/>\t\t\t\t\t\t\t\t\t\t\t<figcaption class=\"widget-image-caption wp-caption-text\">Sodeto, projecte definitiu de l'arquitecte Jose Borobio, 1968 (Font: Alag\u00f3n, 2021, p. 341)<\/figcaption>\n\t\t\t\t\t\t\t\t\t\t<\/figure>\n\t\t\t\t\t\t\t\t\t<\/div>\n\t\t\t\t<\/div>\n\t\t\t\t<div class=\"elementor-element elementor-element-69fd0c7 elementor-widget elementor-widget-text-editor\" data-id=\"69fd0c7\" data-element_type=\"widget\" data-e-type=\"widget\" data-widget_type=\"text-editor.default\">\n\t\t\t\t<div class=\"elementor-widget-container\">\n\t\t\t\t\t\t\t\t\t<p>La maqueta correspon al disseny anterior al definitiu, per\u00f2 ajuda a entendre clarament quina era la l\u00f2gica de l&#8217;estructura de distribuci\u00f3 de les zones i de les parcel\u00b7les amb les diferents tipologies.<\/p>\t\t\t\t\t\t\t\t<\/div>\n\t\t\t\t<\/div>\n\t\t\t\t<div class=\"elementor-element elementor-element-b4bffe3 elementor-widget elementor-widget-image\" data-id=\"b4bffe3\" data-element_type=\"widget\" data-e-type=\"widget\" data-widget_type=\"image.default\">\n\t\t\t\t<div class=\"elementor-widget-container\">\n\t\t\t\t\t\t\t\t\t\t\t\t<figure class=\"wp-caption\">\n\t\t\t\t\t\t\t\t\t\t<img loading=\"lazy\" decoding=\"async\" width=\"768\" height=\"433\" src=\"https:\/\/www.elturistatranquil.com\/wp-content\/uploads\/F163-Sodeto-Huesca.jpg\" class=\"attachment-large size-large wp-image-51434\" alt=\"Sodeto,-Huesca\" srcset=\"https:\/\/www.elturistatranquil.com\/wp-content\/uploads\/F163-Sodeto-Huesca.jpg 768w, https:\/\/www.elturistatranquil.com\/wp-content\/uploads\/F163-Sodeto-Huesca-339x191.jpg 339w\" sizes=\"(max-width: 768px) 100vw, 768px\" \/>\t\t\t\t\t\t\t\t\t\t\t<figcaption class=\"widget-image-caption wp-caption-text\"><\/figcaption>\n\t\t\t\t\t\t\t\t\t\t<\/figure>\n\t\t\t\t\t\t\t\t\t<\/div>\n\t\t\t\t<\/div>\n\t\t\t\t<div class=\"elementor-element elementor-element-4b52f26 elementor-widget elementor-widget-text-editor\" data-id=\"4b52f26\" data-element_type=\"widget\" data-e-type=\"widget\" data-widget_type=\"text-editor.default\">\n\t\t\t\t<div class=\"elementor-widget-container\">\n\t\t\t\t\t\t\t\t\t<p>L&#8217;eix sobre el que s&#8217;organitza <strong>Sodeto<\/strong>, que al principi havia d&#8217;anomenar-se <strong>Monte Sodeto<\/strong>, \u00e9s el v\u00e8rtex del tur\u00f3 a la vessant del qual es va construir el poble.<\/p><p>Aquesta adaptaci\u00f3 al terreny \u00e9s la que justifica la forma de quasi sector circular de la part central que s&#8217;obre cap a ponent.<\/p><p>Els dos costats del sector circular es prolonguen amb m\u00f2duls ortogonals de diferents dimensions. Pel costat nord, <strong>carrer Galileo<\/strong>, un rectangle estret que ocupa tot el flanc. A la part sud, del <strong>carrer Guitarrico<\/strong> parteix una illa allargada de l&#8217;amplada de l&#8217;illa central del sector circular, mentre que la prolongaci\u00f3 de l&#8217;illa exterior m\u00e9s occidental es destina a les escoles i la zona esportiva, ampliada respecte al projecte.<\/p>\t\t\t\t\t\t\t\t<\/div>\n\t\t\t\t<\/div>\n\t\t\t\t<div class=\"elementor-element elementor-element-05aae5a elementor-widget elementor-widget-heading\" data-id=\"05aae5a\" data-element_type=\"widget\" data-e-type=\"widget\" data-widget_type=\"heading.default\">\n\t\t\t\t<div class=\"elementor-widget-container\">\n\t\t\t\t\t<h5 class=\"elementor-heading-title elementor-size-default\">Els eixos articuladors i tipologies de carrers<\/h5>\t\t\t\t<\/div>\n\t\t\t\t<\/div>\n\t\t\t\t<div class=\"elementor-element elementor-element-134f46e elementor-widget elementor-widget-text-editor\" data-id=\"134f46e\" data-element_type=\"widget\" data-e-type=\"widget\" data-widget_type=\"text-editor.default\">\n\t\t\t\t<div class=\"elementor-widget-container\">\n\t\t\t\t\t\t\t\t\t<p>L&#8217;eix principal d&#8217;entrada a Sodeto est\u00e0 col\u00b7locat de forma asim\u00e8trica a la zona nord, pel <strong>carrer Galileo<\/strong>, seguint el costat nord del sector circular.<\/p><p>No ens hauria de sorprendre la posici\u00f3 d&#8217;eix visual de la torre de l&#8217;esgl\u00e9sia respecte a l&#8217;eix de l&#8217;entrada principal pel carrer Galileo.<\/p>\t\t\t\t\t\t\t\t<\/div>\n\t\t\t\t<\/div>\n\t\t\t\t<div class=\"elementor-element elementor-element-17c6d1e elementor-widget elementor-widget-image\" data-id=\"17c6d1e\" data-element_type=\"widget\" data-e-type=\"widget\" data-widget_type=\"image.default\">\n\t\t\t\t<div class=\"elementor-widget-container\">\n\t\t\t\t\t\t\t\t\t\t\t\t<figure class=\"wp-caption\">\n\t\t\t\t\t\t\t\t\t\t<img loading=\"lazy\" decoding=\"async\" width=\"768\" height=\"512\" src=\"https:\/\/www.elturistatranquil.com\/wp-content\/uploads\/F164-Sodeto-Huesca.jpg\" class=\"attachment-large size-large wp-image-51436\" alt=\"Sodeto, Huesca\" srcset=\"https:\/\/www.elturistatranquil.com\/wp-content\/uploads\/F164-Sodeto-Huesca.jpg 768w, https:\/\/www.elturistatranquil.com\/wp-content\/uploads\/F164-Sodeto-Huesca-339x226.jpg 339w\" sizes=\"(max-width: 768px) 100vw, 768px\" \/>\t\t\t\t\t\t\t\t\t\t\t<figcaption class=\"widget-image-caption wp-caption-text\"><\/figcaption>\n\t\t\t\t\t\t\t\t\t\t<\/figure>\n\t\t\t\t\t\t\t\t\t<\/div>\n\t\t\t\t<\/div>\n\t\t\t\t<div class=\"elementor-element elementor-element-b8a051a elementor-widget elementor-widget-text-editor\" data-id=\"b8a051a\" data-element_type=\"widget\" data-e-type=\"widget\" data-widget_type=\"text-editor.default\">\n\t\t\t\t<div class=\"elementor-widget-container\">\n\t\t\t\t\t\t\t\t\t<p><strong>Carrer Galileo<\/strong> des de la <strong>pla\u00e7a Provincia<\/strong>.<\/p>\t\t\t\t\t\t\t\t<\/div>\n\t\t\t\t<\/div>\n\t\t\t\t<div class=\"elementor-element elementor-element-6798f51 elementor-widget elementor-widget-image\" data-id=\"6798f51\" data-element_type=\"widget\" data-e-type=\"widget\" data-widget_type=\"image.default\">\n\t\t\t\t<div class=\"elementor-widget-container\">\n\t\t\t\t\t\t\t\t\t\t\t\t<figure class=\"wp-caption\">\n\t\t\t\t\t\t\t\t\t\t<img loading=\"lazy\" decoding=\"async\" width=\"768\" height=\"512\" src=\"https:\/\/www.elturistatranquil.com\/wp-content\/uploads\/F165-Sodeto-Huesca.jpg\" class=\"attachment-large size-large wp-image-51441\" alt=\"Sodeto, Huesca\" srcset=\"https:\/\/www.elturistatranquil.com\/wp-content\/uploads\/F165-Sodeto-Huesca.jpg 768w, https:\/\/www.elturistatranquil.com\/wp-content\/uploads\/F165-Sodeto-Huesca-339x226.jpg 339w\" sizes=\"(max-width: 768px) 100vw, 768px\" \/>\t\t\t\t\t\t\t\t\t\t\t<figcaption class=\"widget-image-caption wp-caption-text\"><\/figcaption>\n\t\t\t\t\t\t\t\t\t\t<\/figure>\n\t\t\t\t\t\t\t\t\t<\/div>\n\t\t\t\t<\/div>\n\t\t\t\t<div class=\"elementor-element elementor-element-b0771d2 elementor-widget elementor-widget-text-editor\" data-id=\"b0771d2\" data-element_type=\"widget\" data-e-type=\"widget\" data-widget_type=\"text-editor.default\">\n\t\t\t\t<div class=\"elementor-widget-container\">\n\t\t\t\t\t\t\t\t\t<p>El v\u00e8rtex m\u00e9s elevat l&#8217;ocupar\u00e0 el temple i als peus s&#8217;articular\u00e0 la pla\u00e7a Major, <strong>pla\u00e7a Prov\u00edncia<\/strong>, amb les depend\u00e8ncies municipals i els serveis.<\/p>\t\t\t\t\t\t\t\t<\/div>\n\t\t\t\t<\/div>\n\t\t\t\t<div class=\"elementor-element elementor-element-a279ebf elementor-widget elementor-widget-image\" data-id=\"a279ebf\" data-element_type=\"widget\" data-e-type=\"widget\" data-widget_type=\"image.default\">\n\t\t\t\t<div class=\"elementor-widget-container\">\n\t\t\t\t\t\t\t\t\t\t\t\t<figure class=\"wp-caption\">\n\t\t\t\t\t\t\t\t\t\t<img loading=\"lazy\" decoding=\"async\" width=\"768\" height=\"512\" src=\"https:\/\/www.elturistatranquil.com\/wp-content\/uploads\/F166-Sodeto-Huesca.jpg\" class=\"attachment-large size-large wp-image-51443\" alt=\"Sodeto, Huesca\" srcset=\"https:\/\/www.elturistatranquil.com\/wp-content\/uploads\/F166-Sodeto-Huesca.jpg 768w, https:\/\/www.elturistatranquil.com\/wp-content\/uploads\/F166-Sodeto-Huesca-339x226.jpg 339w\" sizes=\"(max-width: 768px) 100vw, 768px\" \/>\t\t\t\t\t\t\t\t\t\t\t<figcaption class=\"widget-image-caption wp-caption-text\"><\/figcaption>\n\t\t\t\t\t\t\t\t\t\t<\/figure>\n\t\t\t\t\t\t\t\t\t<\/div>\n\t\t\t\t<\/div>\n\t\t\t\t<div class=\"elementor-element elementor-element-e4ddac7 elementor-widget elementor-widget-text-editor\" data-id=\"e4ddac7\" data-element_type=\"widget\" data-e-type=\"widget\" data-widget_type=\"text-editor.default\">\n\t\t\t\t<div class=\"elementor-widget-container\">\n\t\t\t\t\t\t\t\t\t<p>A la banda m\u00e9s a llevant de la pla\u00e7a Prov\u00edncia, als peus de l&#8217;esgl\u00e9sia, parteix l&#8217;eix del <strong>carrer Monflorite<\/strong>. El primer tram amb cases a banda i banda, el segon amb cases davant d&#8217;una pineda.<\/p>\t\t\t\t\t\t\t\t<\/div>\n\t\t\t\t<\/div>\n\t\t\t\t<div class=\"elementor-element elementor-element-c22b583 elementor-widget elementor-widget-image\" data-id=\"c22b583\" data-element_type=\"widget\" data-e-type=\"widget\" data-widget_type=\"image.default\">\n\t\t\t\t<div class=\"elementor-widget-container\">\n\t\t\t\t\t\t\t\t\t\t\t\t<figure class=\"wp-caption\">\n\t\t\t\t\t\t\t\t\t\t<img loading=\"lazy\" decoding=\"async\" width=\"768\" height=\"512\" src=\"https:\/\/www.elturistatranquil.com\/wp-content\/uploads\/F167-Sodeto-Huesca.jpg\" class=\"attachment-large size-large wp-image-51445\" alt=\"Sodeto, Huesca\" srcset=\"https:\/\/www.elturistatranquil.com\/wp-content\/uploads\/F167-Sodeto-Huesca.jpg 768w, https:\/\/www.elturistatranquil.com\/wp-content\/uploads\/F167-Sodeto-Huesca-339x226.jpg 339w\" sizes=\"(max-width: 768px) 100vw, 768px\" \/>\t\t\t\t\t\t\t\t\t\t\t<figcaption class=\"widget-image-caption wp-caption-text\"><\/figcaption>\n\t\t\t\t\t\t\t\t\t\t<\/figure>\n\t\t\t\t\t\t\t\t\t<\/div>\n\t\t\t\t<\/div>\n\t\t\t\t<div class=\"elementor-element elementor-element-40d2230 elementor-widget elementor-widget-text-editor\" data-id=\"40d2230\" data-element_type=\"widget\" data-e-type=\"widget\" data-widget_type=\"text-editor.default\">\n\t\t\t\t<div class=\"elementor-widget-container\">\n\t\t\t\t\t\t\t\t\t<p>En arribar a la cantonada, el carrer Monflorite continua amb cases al costat de ponent i conflueix amb l&#8217;eix format pel <strong>carrer Guitarrico<\/strong> que constitueix l&#8217;eix de contacte entre el sector circular i la prolongaci\u00f3 ortogonal.<\/p>\t\t\t\t\t\t\t\t<\/div>\n\t\t\t\t<\/div>\n\t\t\t\t<div class=\"elementor-element elementor-element-b5c36e9 elementor-widget elementor-widget-image\" data-id=\"b5c36e9\" data-element_type=\"widget\" data-e-type=\"widget\" data-widget_type=\"image.default\">\n\t\t\t\t<div class=\"elementor-widget-container\">\n\t\t\t\t\t\t\t\t\t\t\t\t<figure class=\"wp-caption\">\n\t\t\t\t\t\t\t\t\t\t<img loading=\"lazy\" decoding=\"async\" width=\"768\" height=\"512\" src=\"https:\/\/www.elturistatranquil.com\/wp-content\/uploads\/F168-Sodeto-Huesca.jpg\" class=\"attachment-large size-large wp-image-51447\" alt=\"Sodeto, Huesca\" srcset=\"https:\/\/www.elturistatranquil.com\/wp-content\/uploads\/F168-Sodeto-Huesca.jpg 768w, https:\/\/www.elturistatranquil.com\/wp-content\/uploads\/F168-Sodeto-Huesca-339x226.jpg 339w\" sizes=\"(max-width: 768px) 100vw, 768px\" \/>\t\t\t\t\t\t\t\t\t\t\t<figcaption class=\"widget-image-caption wp-caption-text\"><\/figcaption>\n\t\t\t\t\t\t\t\t\t\t<\/figure>\n\t\t\t\t\t\t\t\t\t<\/div>\n\t\t\t\t<\/div>\n\t\t\t\t<div class=\"elementor-element elementor-element-01346e3 elementor-widget elementor-widget-text-editor\" data-id=\"01346e3\" data-element_type=\"widget\" data-e-type=\"widget\" data-widget_type=\"text-editor.default\">\n\t\t\t\t<div class=\"elementor-widget-container\">\n\t\t\t\t\t\t\t\t\t<p>Eix que forma el <strong>carrer Guitarrico<\/strong>.<\/p>\t\t\t\t\t\t\t\t<\/div>\n\t\t\t\t<\/div>\n\t\t\t\t<div class=\"elementor-element elementor-element-2e5f73d elementor-widget elementor-widget-image\" data-id=\"2e5f73d\" data-element_type=\"widget\" data-e-type=\"widget\" data-widget_type=\"image.default\">\n\t\t\t\t<div class=\"elementor-widget-container\">\n\t\t\t\t\t\t\t\t\t\t\t\t<figure class=\"wp-caption\">\n\t\t\t\t\t\t\t\t\t\t<img loading=\"lazy\" decoding=\"async\" width=\"768\" height=\"512\" src=\"https:\/\/www.elturistatranquil.com\/wp-content\/uploads\/F169-Sodeto-Huesca.jpg\" class=\"attachment-large size-large wp-image-51449\" alt=\"Sodeto, Huesca\" srcset=\"https:\/\/www.elturistatranquil.com\/wp-content\/uploads\/F169-Sodeto-Huesca.jpg 768w, https:\/\/www.elturistatranquil.com\/wp-content\/uploads\/F169-Sodeto-Huesca-339x226.jpg 339w\" sizes=\"(max-width: 768px) 100vw, 768px\" \/>\t\t\t\t\t\t\t\t\t\t\t<figcaption class=\"widget-image-caption wp-caption-text\"><\/figcaption>\n\t\t\t\t\t\t\t\t\t\t<\/figure>\n\t\t\t\t\t\t\t\t\t<\/div>\n\t\t\t\t<\/div>\n\t\t\t\t<div class=\"elementor-element elementor-element-5565531 elementor-widget elementor-widget-text-editor\" data-id=\"5565531\" data-element_type=\"widget\" data-e-type=\"widget\" data-widget_type=\"text-editor.default\">\n\t\t\t\t<div class=\"elementor-widget-container\">\n\t\t\t\t\t\t\t\t\t<p>Dividint all\u00f2 que podr\u00edem considerar la part central del sector circular, s&#8217;obre l&#8217;eix del <strong>carrer los Mallos<\/strong>. Parteix del carrer Galileu, a la cantonada on es troba el <strong>Centre d&#8217;Interpretaci\u00f3 de la Colonitzaci\u00f3 Agr\u00e0ria a Espanya<\/strong> que hem vist a principi del post, amb la seva forma arquejada.<\/p>\t\t\t\t\t\t\t\t<\/div>\n\t\t\t\t<\/div>\n\t\t\t\t<div class=\"elementor-element elementor-element-54717cb elementor-widget elementor-widget-image\" data-id=\"54717cb\" data-element_type=\"widget\" data-e-type=\"widget\" data-widget_type=\"image.default\">\n\t\t\t\t<div class=\"elementor-widget-container\">\n\t\t\t\t\t\t\t\t\t\t\t\t<figure class=\"wp-caption\">\n\t\t\t\t\t\t\t\t\t\t<img loading=\"lazy\" decoding=\"async\" width=\"768\" height=\"512\" src=\"https:\/\/www.elturistatranquil.com\/wp-content\/uploads\/F170-Sodeto-Huesca.jpg\" class=\"attachment-large size-large wp-image-51454\" alt=\"Sodeto, Huesca\" srcset=\"https:\/\/www.elturistatranquil.com\/wp-content\/uploads\/F170-Sodeto-Huesca.jpg 768w, https:\/\/www.elturistatranquil.com\/wp-content\/uploads\/F170-Sodeto-Huesca-339x226.jpg 339w\" sizes=\"(max-width: 768px) 100vw, 768px\" \/>\t\t\t\t\t\t\t\t\t\t\t<figcaption class=\"widget-image-caption wp-caption-text\"><\/figcaption>\n\t\t\t\t\t\t\t\t\t\t<\/figure>\n\t\t\t\t\t\t\t\t\t<\/div>\n\t\t\t\t<\/div>\n\t\t\t\t<div class=\"elementor-element elementor-element-a443789 elementor-widget elementor-widget-text-editor\" data-id=\"a443789\" data-element_type=\"widget\" data-e-type=\"widget\" data-widget_type=\"text-editor.default\">\n\t\t\t\t<div class=\"elementor-widget-container\">\n\t\t\t\t\t\t\t\t\t<p>La prolongaci\u00f3 del carrer presenta a una banda cases i a l&#8217;altra les <strong>escoles<\/strong> (<strong>E<\/strong>) i <strong>zona esportiva<\/strong>.<\/p>\t\t\t\t\t\t\t\t<\/div>\n\t\t\t\t<\/div>\n\t\t\t\t<div class=\"elementor-element elementor-element-560e5a8 elementor-widget elementor-widget-image\" data-id=\"560e5a8\" data-element_type=\"widget\" data-e-type=\"widget\" data-widget_type=\"image.default\">\n\t\t\t\t<div class=\"elementor-widget-container\">\n\t\t\t\t\t\t\t\t\t\t\t\t<figure class=\"wp-caption\">\n\t\t\t\t\t\t\t\t\t\t<img loading=\"lazy\" decoding=\"async\" width=\"768\" height=\"511\" src=\"https:\/\/www.elturistatranquil.com\/wp-content\/uploads\/F171-Sodeto-Huesca.jpg\" class=\"attachment-large size-large wp-image-51456\" alt=\"Sodeto, Huesca\" srcset=\"https:\/\/www.elturistatranquil.com\/wp-content\/uploads\/F171-Sodeto-Huesca.jpg 768w, https:\/\/www.elturistatranquil.com\/wp-content\/uploads\/F171-Sodeto-Huesca-339x226.jpg 339w\" sizes=\"(max-width: 768px) 100vw, 768px\" \/>\t\t\t\t\t\t\t\t\t\t\t<figcaption class=\"widget-image-caption wp-caption-text\"><\/figcaption>\n\t\t\t\t\t\t\t\t\t\t<\/figure>\n\t\t\t\t\t\t\t\t\t<\/div>\n\t\t\t\t<\/div>\n\t\t\t\t<div class=\"elementor-element elementor-element-dbdd802 elementor-widget elementor-widget-heading\" data-id=\"dbdd802\" data-element_type=\"widget\" data-e-type=\"widget\" data-widget_type=\"heading.default\">\n\t\t\t\t<div class=\"elementor-widget-container\">\n\t\t\t\t\t<h5 class=\"elementor-heading-title elementor-size-default\">Els materials de construcci\u00f3<\/h5>\t\t\t\t<\/div>\n\t\t\t\t<\/div>\n\t\t\t\t<div class=\"elementor-element elementor-element-ae84b66 elementor-widget elementor-widget-text-editor\" data-id=\"ae84b66\" data-element_type=\"widget\" data-e-type=\"widget\" data-widget_type=\"text-editor.default\">\n\t\t\t\t<div class=\"elementor-widget-container\">\n\t\t\t\t\t\t\t\t\t<p>La ma\u00e7oneria de pedra vista i\/o el carreu s\u00f3n els materials dominants, juntament amb l&#8217;arrebossat. Actualment es veuen colors diferents d&#8217;arrebossada, no s\u00e9 si sempre va ser aix\u00ed o es van construir en blanc.<\/p>\t\t\t\t\t\t\t\t<\/div>\n\t\t\t\t<\/div>\n\t\t\t\t<div class=\"elementor-element elementor-element-516b862 elementor-widget elementor-widget-heading\" data-id=\"516b862\" data-element_type=\"widget\" data-e-type=\"widget\" data-widget_type=\"heading.default\">\n\t\t\t\t<div class=\"elementor-widget-container\">\n\t\t\t\t\t<h5 class=\"elementor-heading-title elementor-size-default\">El centre: elements simb\u00f2lics de poder i els serveis complementaris<\/h5>\t\t\t\t<\/div>\n\t\t\t\t<\/div>\n\t\t\t\t<div class=\"elementor-element elementor-element-10ada28 elementor-widget elementor-widget-text-editor\" data-id=\"10ada28\" data-element_type=\"widget\" data-e-type=\"widget\" data-widget_type=\"text-editor.default\">\n\t\t\t\t<div class=\"elementor-widget-container\">\n\t\t\t\t\t\t\t\t\t<p>A la <strong>pla\u00e7a Prov\u00edncia<\/strong> es concentra de manera ortodoxa l&#8217;ajuntament pedani l&#8217;esgl\u00e9sia i els serveis col\u00b7lectius, el bar i artesanies.<\/p><p>Les <strong>depend\u00e8ncies municipals<\/strong> (<strong>M<\/strong>) ocupen un gran edifici amb porxos de grans arcs de mig punt.<\/p>\t\t\t\t\t\t\t\t<\/div>\n\t\t\t\t<\/div>\n\t\t\t\t<div class=\"elementor-element elementor-element-6e6930f elementor-widget elementor-widget-image\" data-id=\"6e6930f\" data-element_type=\"widget\" data-e-type=\"widget\" data-widget_type=\"image.default\">\n\t\t\t\t<div class=\"elementor-widget-container\">\n\t\t\t\t\t\t\t\t\t\t\t\t<figure class=\"wp-caption\">\n\t\t\t\t\t\t\t\t\t\t<img loading=\"lazy\" decoding=\"async\" width=\"768\" height=\"511\" src=\"https:\/\/www.elturistatranquil.com\/wp-content\/uploads\/F172-Sodeto-Huesca.jpg\" class=\"attachment-large size-large wp-image-51458\" alt=\"Sodeto, Huesca\" srcset=\"https:\/\/www.elturistatranquil.com\/wp-content\/uploads\/F172-Sodeto-Huesca.jpg 768w, https:\/\/www.elturistatranquil.com\/wp-content\/uploads\/F172-Sodeto-Huesca-339x226.jpg 339w\" sizes=\"(max-width: 768px) 100vw, 768px\" \/>\t\t\t\t\t\t\t\t\t\t\t<figcaption class=\"widget-image-caption wp-caption-text\"><\/figcaption>\n\t\t\t\t\t\t\t\t\t\t<\/figure>\n\t\t\t\t\t\t\t\t\t<\/div>\n\t\t\t\t<\/div>\n\t\t\t\t<div class=\"elementor-element elementor-element-8ea2895 elementor-widget elementor-widget-text-editor\" data-id=\"8ea2895\" data-element_type=\"widget\" data-e-type=\"widget\" data-widget_type=\"text-editor.default\">\n\t\t\t\t<div class=\"elementor-widget-container\">\n\t\t\t\t\t\t\t\t\t<p>L&#8217; <strong>esgl\u00e9sia de San Miguel Arc\u00e1ngel<\/strong> (<strong>T<\/strong>) compleix en aquesta ocasi\u00f3 amb l&#8217;orientaci\u00f3 can\u00f2nica a l&#8217;est. Situada al punt m\u00e9s elevat del poble, la sobre elevada torre-campanar encara sobresurt m\u00e9s dels que ens t\u00e9 acostumats. \u00c9s un edifici d&#8217;estil ecl\u00e8ctic<\/p>\t\t\t\t\t\t\t\t<\/div>\n\t\t\t\t<\/div>\n\t\t\t\t<div class=\"elementor-element elementor-element-cd95634 elementor-widget elementor-widget-image\" data-id=\"cd95634\" data-element_type=\"widget\" data-e-type=\"widget\" data-widget_type=\"image.default\">\n\t\t\t\t<div class=\"elementor-widget-container\">\n\t\t\t\t\t\t\t\t\t\t\t\t<figure class=\"wp-caption\">\n\t\t\t\t\t\t\t\t\t\t<img loading=\"lazy\" decoding=\"async\" width=\"768\" height=\"512\" src=\"https:\/\/www.elturistatranquil.com\/wp-content\/uploads\/F173-Sodeto-Huesca.jpg\" class=\"attachment-large size-large wp-image-51475\" alt=\"Sodeto, Huesca\" srcset=\"https:\/\/www.elturistatranquil.com\/wp-content\/uploads\/F173-Sodeto-Huesca.jpg 768w, https:\/\/www.elturistatranquil.com\/wp-content\/uploads\/F173-Sodeto-Huesca-339x226.jpg 339w\" sizes=\"(max-width: 768px) 100vw, 768px\" \/>\t\t\t\t\t\t\t\t\t\t\t<figcaption class=\"widget-image-caption wp-caption-text\"><\/figcaption>\n\t\t\t\t\t\t\t\t\t\t<\/figure>\n\t\t\t\t\t\t\t\t\t<\/div>\n\t\t\t\t<\/div>\n\t\t\t\t<div class=\"elementor-element elementor-element-297047f elementor-widget elementor-widget-text-editor\" data-id=\"297047f\" data-element_type=\"widget\" data-e-type=\"widget\" data-widget_type=\"text-editor.default\">\n\t\t\t\t<div class=\"elementor-widget-container\">\n\t\t\t\t\t\t\t\t\t<p>Constru\u00efda amb carreus ben acabats, \u00e9s un temple t\u00edpic d&#8217;una nau, amb la torre campanar als peus al costat de l&#8217;evangeli. A la c\u00faspide de la torre, dues finestres rectangulars per cada costat allotgen les campanes. Tamb\u00e9 presenta rellotges als costats.<\/p><p>Les <strong>escoles de nens i nenes<\/strong> (<strong>E<\/strong>) se situen al marge del poblat. Un bon acabat en carreuat fi, i amb amplis espais d&#8217;esbarjo.<\/p>\t\t\t\t\t\t\t\t<\/div>\n\t\t\t\t<\/div>\n\t\t\t\t<div class=\"elementor-element elementor-element-d8c02e0 elementor-widget elementor-widget-image\" data-id=\"d8c02e0\" data-element_type=\"widget\" data-e-type=\"widget\" data-widget_type=\"image.default\">\n\t\t\t\t<div class=\"elementor-widget-container\">\n\t\t\t\t\t\t\t\t\t\t\t\t<figure class=\"wp-caption\">\n\t\t\t\t\t\t\t\t\t\t<img loading=\"lazy\" decoding=\"async\" width=\"768\" height=\"512\" src=\"https:\/\/www.elturistatranquil.com\/wp-content\/uploads\/F174-Sodeto-Huesca.jpg\" class=\"attachment-large size-large wp-image-51477\" alt=\"Sodeto, Huesca\" srcset=\"https:\/\/www.elturistatranquil.com\/wp-content\/uploads\/F174-Sodeto-Huesca.jpg 768w, https:\/\/www.elturistatranquil.com\/wp-content\/uploads\/F174-Sodeto-Huesca-339x226.jpg 339w\" sizes=\"(max-width: 768px) 100vw, 768px\" \/>\t\t\t\t\t\t\t\t\t\t\t<figcaption class=\"widget-image-caption wp-caption-text\"><\/figcaption>\n\t\t\t\t\t\t\t\t\t\t<\/figure>\n\t\t\t\t\t\t\t\t\t<\/div>\n\t\t\t\t<\/div>\n\t\t\t\t<div class=\"elementor-element elementor-element-7f6f502 elementor-widget elementor-widget-heading\" data-id=\"7f6f502\" data-element_type=\"widget\" data-e-type=\"widget\" data-widget_type=\"heading.default\">\n\t\t\t\t<div class=\"elementor-widget-container\">\n\t\t\t\t\t<h5 class=\"elementor-heading-title elementor-size-default\">Tipologia de les parcel\u00b7les, models de casa i fa\u00e7anes de les illes<\/h5>\t\t\t\t<\/div>\n\t\t\t\t<\/div>\n\t\t\t\t<div class=\"elementor-element elementor-element-38b959e elementor-widget elementor-widget-text-editor\" data-id=\"38b959e\" data-element_type=\"widget\" data-e-type=\"widget\" data-widget_type=\"text-editor.default\">\n\t\t\t\t<div class=\"elementor-widget-container\">\n\t\t\t\t\t\t\t\t\t<p>A la maqueta del principi d\u2019aquest apartat hem pogut observar la disposici\u00f3 de les illes segons el model tancat.<\/p><p>Ja sabem que l&#8217;illa tancada comporta que les dues entrades a la parcel\u00b7la s&#8217;han de situar a la part frontal. Per aix\u00f2, els models de distribuci\u00f3 de la casa hauran de ser del tipus (<strong>A<\/strong> o <strong>B<\/strong>) d&#8217;una o dues plantes.<\/p><p>Seguint les directrius b\u00e0siques de l&#8217;ordenaci\u00f3 d&#8217;aquests poblats veurem que la disposici\u00f3 del front pot ser de combinacions variades, adossades o aparellades.<\/p><p>Cases (<strong>A1<\/strong>) d\u2019un nivell, aparellades.<\/p>\t\t\t\t\t\t\t\t<\/div>\n\t\t\t\t<\/div>\n\t\t\t\t<div class=\"elementor-element elementor-element-6dc9239 elementor-widget elementor-widget-image\" data-id=\"6dc9239\" data-element_type=\"widget\" data-e-type=\"widget\" data-widget_type=\"image.default\">\n\t\t\t\t<div class=\"elementor-widget-container\">\n\t\t\t\t\t\t\t\t\t\t\t\t<figure class=\"wp-caption\">\n\t\t\t\t\t\t\t\t\t\t<img loading=\"lazy\" decoding=\"async\" width=\"768\" height=\"512\" src=\"https:\/\/www.elturistatranquil.com\/wp-content\/uploads\/F175-Sodeto-Huesca.jpg\" class=\"attachment-large size-large wp-image-51460\" alt=\"Sodeto, Huesca\" srcset=\"https:\/\/www.elturistatranquil.com\/wp-content\/uploads\/F175-Sodeto-Huesca.jpg 768w, https:\/\/www.elturistatranquil.com\/wp-content\/uploads\/F175-Sodeto-Huesca-339x226.jpg 339w\" sizes=\"(max-width: 768px) 100vw, 768px\" \/>\t\t\t\t\t\t\t\t\t\t\t<figcaption class=\"widget-image-caption wp-caption-text\"><\/figcaption>\n\t\t\t\t\t\t\t\t\t\t<\/figure>\n\t\t\t\t\t\t\t\t\t<\/div>\n\t\t\t\t<\/div>\n\t\t\t\t<div class=\"elementor-element elementor-element-911d6f4 elementor-widget elementor-widget-text-editor\" data-id=\"911d6f4\" data-element_type=\"widget\" data-e-type=\"widget\" data-widget_type=\"text-editor.default\">\n\t\t\t\t<div class=\"elementor-widget-container\">\n\t\t\t\t\t\t\t\t\t<p>Cases (<strong>A2<\/strong>) de dos nivells, adossades.<\/p>\t\t\t\t\t\t\t\t<\/div>\n\t\t\t\t<\/div>\n\t\t\t\t<div class=\"elementor-element elementor-element-a8ab65d elementor-widget elementor-widget-image\" data-id=\"a8ab65d\" data-element_type=\"widget\" data-e-type=\"widget\" data-widget_type=\"image.default\">\n\t\t\t\t<div class=\"elementor-widget-container\">\n\t\t\t\t\t\t\t\t\t\t\t\t<figure class=\"wp-caption\">\n\t\t\t\t\t\t\t\t\t\t<img loading=\"lazy\" decoding=\"async\" width=\"768\" height=\"512\" src=\"https:\/\/www.elturistatranquil.com\/wp-content\/uploads\/F176-Sodeto-Huesca.jpg\" class=\"attachment-large size-large wp-image-51462\" alt=\"Sodeto, Huesca\" srcset=\"https:\/\/www.elturistatranquil.com\/wp-content\/uploads\/F176-Sodeto-Huesca.jpg 768w, https:\/\/www.elturistatranquil.com\/wp-content\/uploads\/F176-Sodeto-Huesca-339x226.jpg 339w\" sizes=\"(max-width: 768px) 100vw, 768px\" \/>\t\t\t\t\t\t\t\t\t\t\t<figcaption class=\"widget-image-caption wp-caption-text\"><\/figcaption>\n\t\t\t\t\t\t\t\t\t\t<\/figure>\n\t\t\t\t\t\t\t\t\t<\/div>\n\t\t\t\t<\/div>\n\t\t\t\t<div class=\"elementor-element elementor-element-4ce5150 elementor-widget elementor-widget-text-editor\" data-id=\"4ce5150\" data-element_type=\"widget\" data-e-type=\"widget\" data-widget_type=\"text-editor.default\">\n\t\t\t\t<div class=\"elementor-widget-container\">\n\t\t\t\t\t\t\t\t\t<p>Cases (<strong>B2<\/strong>) de dos nivells, aparellades.<\/p>\t\t\t\t\t\t\t\t<\/div>\n\t\t\t\t<\/div>\n\t\t\t\t<div class=\"elementor-element elementor-element-1d764f1 elementor-widget elementor-widget-image\" data-id=\"1d764f1\" data-element_type=\"widget\" data-e-type=\"widget\" data-widget_type=\"image.default\">\n\t\t\t\t<div class=\"elementor-widget-container\">\n\t\t\t\t\t\t\t\t\t\t\t\t<figure class=\"wp-caption\">\n\t\t\t\t\t\t\t\t\t\t<img loading=\"lazy\" decoding=\"async\" width=\"768\" height=\"512\" src=\"https:\/\/www.elturistatranquil.com\/wp-content\/uploads\/F177-Sodeto-Huesca.jpg\" class=\"attachment-large size-large wp-image-51464\" alt=\"Sodeto, Huesca\" srcset=\"https:\/\/www.elturistatranquil.com\/wp-content\/uploads\/F177-Sodeto-Huesca.jpg 768w, https:\/\/www.elturistatranquil.com\/wp-content\/uploads\/F177-Sodeto-Huesca-339x226.jpg 339w\" sizes=\"(max-width: 768px) 100vw, 768px\" \/>\t\t\t\t\t\t\t\t\t\t\t<figcaption class=\"widget-image-caption wp-caption-text\"><\/figcaption>\n\t\t\t\t\t\t\t\t\t\t<\/figure>\n\t\t\t\t\t\t\t\t\t<\/div>\n\t\t\t\t<\/div>\n\t\t\t\t<div class=\"elementor-element elementor-element-9a42487 elementor-widget elementor-widget-text-editor\" data-id=\"9a42487\" data-element_type=\"widget\" data-e-type=\"widget\" data-widget_type=\"text-editor.default\">\n\t\t\t\t<div class=\"elementor-widget-container\">\n\t\t\t\t\t\t\t\t\t<p>Casa d&#8217;obrer (<strong>C1<\/strong>) d\u2019un nivell, sense portalada.<\/p>\t\t\t\t\t\t\t\t<\/div>\n\t\t\t\t<\/div>\n\t\t\t\t<div class=\"elementor-element elementor-element-7bcbd70 elementor-widget elementor-widget-image\" data-id=\"7bcbd70\" data-element_type=\"widget\" data-e-type=\"widget\" data-widget_type=\"image.default\">\n\t\t\t\t<div class=\"elementor-widget-container\">\n\t\t\t\t\t\t\t\t\t\t\t\t<figure class=\"wp-caption\">\n\t\t\t\t\t\t\t\t\t\t<img loading=\"lazy\" decoding=\"async\" width=\"768\" height=\"512\" src=\"https:\/\/www.elturistatranquil.com\/wp-content\/uploads\/F178-Sodeto-Huesca.jpg\" class=\"attachment-large size-large wp-image-51469\" alt=\"Sodeto, Huesca\" srcset=\"https:\/\/www.elturistatranquil.com\/wp-content\/uploads\/F178-Sodeto-Huesca.jpg 768w, https:\/\/www.elturistatranquil.com\/wp-content\/uploads\/F178-Sodeto-Huesca-339x226.jpg 339w\" sizes=\"(max-width: 768px) 100vw, 768px\" \/>\t\t\t\t\t\t\t\t\t\t\t<figcaption class=\"widget-image-caption wp-caption-text\"><\/figcaption>\n\t\t\t\t\t\t\t\t\t\t<\/figure>\n\t\t\t\t\t\t\t\t\t<\/div>\n\t\t\t\t<\/div>\n\t\t\t\t<div class=\"elementor-element elementor-element-b39d1fb elementor-widget elementor-widget-heading\" data-id=\"b39d1fb\" data-element_type=\"widget\" data-e-type=\"widget\" data-widget_type=\"heading.default\">\n\t\t\t\t<div class=\"elementor-widget-container\">\n\t\t\t\t\t<h4 class=\"elementor-heading-title elementor-size-default\">Centre d'Interpretaci\u00f3 de la Colonitzaci\u00f3 Agr\u00e0ria a Espanya de Sodeto<\/h4>\t\t\t\t<\/div>\n\t\t\t\t<\/div>\n\t\t\t\t<div class=\"elementor-element elementor-element-e796e17 elementor-widget elementor-widget-text-editor\" data-id=\"e796e17\" data-element_type=\"widget\" data-e-type=\"widget\" data-widget_type=\"text-editor.default\">\n\t\t\t\t<div class=\"elementor-widget-container\">\n\t\t\t\t\t\t\t\t\t<p>Al carrer Galileu s&#8217;hi ubica el <a href=\"http:\/\/colonizacion.losmonegros.com\/\" target=\"_blank\" rel=\"noopener\"><strong>Centre d&#8217;Interpretaci\u00f3 de la Colonitzaci\u00f3 Agr\u00e0ria a Espanya <\/strong><\/a>qu\u00e8 ocupa una casa t\u00edpica que mant\u00e9 la seva estructura tot i que ha patit una ampliaci\u00f3 a la zona del corral per acollir sales del centre.<\/p><p>Com ja l\u2019he presentat al principi del post, em remeto a aquest punt per llegir-lo.<\/p>\t\t\t\t\t\t\t\t<\/div>\n\t\t\t\t<\/div>\n\t\t\t\t<div class=\"elementor-element elementor-element-33c3535 elementor-widget elementor-widget-heading\" data-id=\"33c3535\" data-element_type=\"widget\" data-e-type=\"widget\" data-widget_type=\"heading.default\">\n\t\t\t\t<div class=\"elementor-widget-container\">\n\t\t\t\t\t<h3 class=\"elementor-heading-title elementor-size-default\">Cementiri de Sodeto<\/h3>\t\t\t\t<\/div>\n\t\t\t\t<\/div>\n\t\t\t\t<div class=\"elementor-element elementor-element-0292de8 elementor-widget elementor-widget-text-editor\" data-id=\"0292de8\" data-element_type=\"widget\" data-e-type=\"widget\" data-widget_type=\"text-editor.default\">\n\t\t\t\t<div class=\"elementor-widget-container\">\n\t\t\t\t\t\t\t\t\t<p>En algun dels pobles tamb\u00e9 es va construir el seu <strong>cementiri<\/strong>. A la resta els corresponia el cementiri ubicat a la capital municipal.<\/p><p>Em va semblar interessant acostar-m&#8217;hi a un d&#8217;ells, en concret el de Sodeto, per veure quina era la forma que se&#8217;ls va donar dins de les normatives urban\u00edstiques i arquitect\u00f2niques dels pobles de colonitzaci\u00f3.<\/p><p>A uns 700 m a sud-oest a la localitat s&#8217;ubica al <strong>cementiri municipal de Sodeto<\/strong>.<\/p>\t\t\t\t\t\t\t\t<\/div>\n\t\t\t\t<\/div>\n\t\t\t\t<div class=\"elementor-element elementor-element-c25e6d5 elementor-widget elementor-widget-image\" data-id=\"c25e6d5\" data-element_type=\"widget\" data-e-type=\"widget\" data-widget_type=\"image.default\">\n\t\t\t\t<div class=\"elementor-widget-container\">\n\t\t\t\t\t\t\t\t\t\t\t\t<figure class=\"wp-caption\">\n\t\t\t\t\t\t\t\t\t\t<img loading=\"lazy\" decoding=\"async\" width=\"768\" height=\"512\" src=\"https:\/\/www.elturistatranquil.com\/wp-content\/uploads\/F179-Cementerio-de-Sodeto-Huesca-Google-earth-2024-02-17.jpg\" class=\"attachment-large size-large wp-image-51471\" alt=\"Cementerio-de-Sodeto, Huesca (Google-earth-2024-02-17)\" srcset=\"https:\/\/www.elturistatranquil.com\/wp-content\/uploads\/F179-Cementerio-de-Sodeto-Huesca-Google-earth-2024-02-17.jpg 768w, https:\/\/www.elturistatranquil.com\/wp-content\/uploads\/F179-Cementerio-de-Sodeto-Huesca-Google-earth-2024-02-17-339x226.jpg 339w\" sizes=\"(max-width: 768px) 100vw, 768px\" \/>\t\t\t\t\t\t\t\t\t\t\t<figcaption class=\"widget-image-caption wp-caption-text\">(Google earth 2024-02-15)<\/figcaption>\n\t\t\t\t\t\t\t\t\t\t<\/figure>\n\t\t\t\t\t\t\t\t\t<\/div>\n\t\t\t\t<\/div>\n\t\t\t\t<div class=\"elementor-element elementor-element-86e5b95 elementor-widget elementor-widget-text-editor\" data-id=\"86e5b95\" data-element_type=\"widget\" data-e-type=\"widget\" data-widget_type=\"text-editor.default\">\n\t\t\t\t<div class=\"elementor-widget-container\">\n\t\t\t\t\t\t\t\t\t<p>Una construcci\u00f3 s\u00f2bria dins d&#8217;un mur quadrangular, amb una senzilla capella que sobresurt al costat de la porta d&#8217;entrada i que nom\u00e9s es manifesta per una estructura de ferro amb una petita campana.<\/p>\t\t\t\t\t\t\t\t<\/div>\n\t\t\t\t<\/div>\n\t\t\t\t<div class=\"elementor-element elementor-element-c60673b elementor-widget elementor-widget-image\" data-id=\"c60673b\" data-element_type=\"widget\" data-e-type=\"widget\" data-widget_type=\"image.default\">\n\t\t\t\t<div class=\"elementor-widget-container\">\n\t\t\t\t\t\t\t\t\t\t\t\t<figure class=\"wp-caption\">\n\t\t\t\t\t\t\t\t\t\t<img loading=\"lazy\" decoding=\"async\" width=\"768\" height=\"433\" src=\"https:\/\/www.elturistatranquil.com\/wp-content\/uploads\/F180-Cementerio-de-Sodeto-Huesca.jpg\" class=\"attachment-large size-large wp-image-51482\" alt=\"Cementerio-de-Sodeto, Huesca\" srcset=\"https:\/\/www.elturistatranquil.com\/wp-content\/uploads\/F180-Cementerio-de-Sodeto-Huesca.jpg 768w, https:\/\/www.elturistatranquil.com\/wp-content\/uploads\/F180-Cementerio-de-Sodeto-Huesca-339x191.jpg 339w\" sizes=\"(max-width: 768px) 100vw, 768px\" \/>\t\t\t\t\t\t\t\t\t\t\t<figcaption class=\"widget-image-caption wp-caption-text\"><\/figcaption>\n\t\t\t\t\t\t\t\t\t\t<\/figure>\n\t\t\t\t\t\t\t\t\t<\/div>\n\t\t\t\t<\/div>\n\t\t\t\t<div class=\"elementor-element elementor-element-b0994ff elementor-widget elementor-widget-text-editor\" data-id=\"b0994ff\" data-element_type=\"widget\" data-e-type=\"widget\" data-widget_type=\"text-editor.default\">\n\t\t\t\t<div class=\"elementor-widget-container\">\n\t\t\t\t\t\t\t\t\t<p>L&#8217;interior del recinte forma un ampli espai relativament arbrat, amb dues simples edificacions porxades que ocupen parcialment l&#8217;angle sud-est acullen tres nivells de n\u00ednxols de paret.<\/p>\t\t\t\t\t\t\t\t<\/div>\n\t\t\t\t<\/div>\n\t\t\t\t<div class=\"elementor-element elementor-element-785d96b elementor-widget elementor-widget-image\" data-id=\"785d96b\" data-element_type=\"widget\" data-e-type=\"widget\" data-widget_type=\"image.default\">\n\t\t\t\t<div class=\"elementor-widget-container\">\n\t\t\t\t\t\t\t\t\t\t\t\t<figure class=\"wp-caption\">\n\t\t\t\t\t\t\t\t\t\t<img loading=\"lazy\" decoding=\"async\" width=\"768\" height=\"433\" src=\"https:\/\/www.elturistatranquil.com\/wp-content\/uploads\/F181-Cementerio-de-Sodeto-Huesca.jpg\" class=\"attachment-large size-large wp-image-51487\" alt=\"Cementerio-de-Sodeto, Huesca\" srcset=\"https:\/\/www.elturistatranquil.com\/wp-content\/uploads\/F181-Cementerio-de-Sodeto-Huesca.jpg 768w, https:\/\/www.elturistatranquil.com\/wp-content\/uploads\/F181-Cementerio-de-Sodeto-Huesca-339x191.jpg 339w\" sizes=\"(max-width: 768px) 100vw, 768px\" \/>\t\t\t\t\t\t\t\t\t\t\t<figcaption class=\"widget-image-caption wp-caption-text\"><\/figcaption>\n\t\t\t\t\t\t\t\t\t\t<\/figure>\n\t\t\t\t\t\t\t\t\t<\/div>\n\t\t\t\t<\/div>\n\t\t\t\t<div class=\"elementor-element elementor-element-8a0c6c3 elementor-widget elementor-widget-text-editor\" data-id=\"8a0c6c3\" data-element_type=\"widget\" data-e-type=\"widget\" data-widget_type=\"text-editor.default\">\n\t\t\t\t<div class=\"elementor-widget-container\">\n\t\t\t\t\t\t\t\t\t<p>Configura un conjunt senzill i auster.<\/p>\t\t\t\t\t\t\t\t<\/div>\n\t\t\t\t<\/div>\n\t\t\t\t<div class=\"elementor-element elementor-element-350e9b0 elementor-widget elementor-widget-heading\" data-id=\"350e9b0\" data-element_type=\"widget\" data-e-type=\"widget\" data-widget_type=\"heading.default\">\n\t\t\t\t<div class=\"elementor-widget-container\">\n\t\t\t\t\t<h4 class=\"elementor-heading-title elementor-size-default\">San Lorenzo del Flumen<\/h4>\t\t\t\t<\/div>\n\t\t\t\t<\/div>\n\t\t\t\t<div class=\"elementor-element elementor-element-a186bc7 elementor-widget elementor-widget-image\" data-id=\"a186bc7\" data-element_type=\"widget\" data-e-type=\"widget\" data-widget_type=\"image.default\">\n\t\t\t\t<div class=\"elementor-widget-container\">\n\t\t\t\t\t\t\t\t\t\t\t\t<figure class=\"wp-caption\">\n\t\t\t\t\t\t\t\t\t\t<img loading=\"lazy\" decoding=\"async\" width=\"768\" height=\"459\" src=\"https:\/\/www.elturistatranquil.com\/wp-content\/uploads\/F182-San-Lorenzo-de-FlumenHuesca-Google-earth-2024-02-15.jpg\" class=\"attachment-large size-large wp-image-51489\" alt=\"San-Lorenzo-de-Flumen, Huesca (Google-earth-2024-02-15)\" srcset=\"https:\/\/www.elturistatranquil.com\/wp-content\/uploads\/F182-San-Lorenzo-de-FlumenHuesca-Google-earth-2024-02-15.jpg 768w, https:\/\/www.elturistatranquil.com\/wp-content\/uploads\/F182-San-Lorenzo-de-FlumenHuesca-Google-earth-2024-02-15-339x203.jpg 339w\" sizes=\"(max-width: 768px) 100vw, 768px\" \/>\t\t\t\t\t\t\t\t\t\t\t<figcaption class=\"widget-image-caption wp-caption-text\">(Google earth 2024-02-15)<\/figcaption>\n\t\t\t\t\t\t\t\t\t\t<\/figure>\n\t\t\t\t\t\t\t\t\t<\/div>\n\t\t\t\t<\/div>\n\t\t\t\t<div class=\"elementor-element elementor-element-432008c elementor-widget elementor-widget-text-editor\" data-id=\"432008c\" data-element_type=\"widget\" data-e-type=\"widget\" data-widget_type=\"text-editor.default\">\n\t\t\t\t<div class=\"elementor-widget-container\">\n\t\t\t\t\t\t\t\t\t<p>Poble colonitzaci\u00f3: <strong>San Lorenzo del Flumen<\/strong>. Municipi: Lalueza. Prov\u00edncia: Osca. Coordenades: 41\u00b052\u203218\u2033N 0\u00b012\u203202\u2033W.<\/p><p>Pla: La zona del canal del Flumen. Any planificaci\u00f3: 1956. Any ocupaci\u00f3: 1963. Arquitectes: Alfonso Bu\u00f1uel Portoles; ampliaci\u00f3 Jos\u00e9 Borobio.<\/p><p>Colons: 136. Obrers: 20. Total cases: 156. Poblaci\u00f3 2000: 462 habitant. Poblaci\u00f3 2023: 325 habitants (-29,65%).<\/p><p>Pattern urban\u00edstic: mixt de m\u00f2duls ortogonals i corbs; sector circular (menor; trapezi circular.<\/p>\t\t\t\t\t\t\t\t<\/div>\n\t\t\t\t<\/div>\n\t\t\t\t<div class=\"elementor-element elementor-element-4a53fdc elementor-widget elementor-widget-heading\" data-id=\"4a53fdc\" data-element_type=\"widget\" data-e-type=\"widget\" data-widget_type=\"heading.default\">\n\t\t\t\t<div class=\"elementor-widget-container\">\n\t\t\t\t\t<h2 class=\"elementor-heading-title elementor-size-default\">Fi de la visita<\/h2>\t\t\t\t<\/div>\n\t\t\t\t<\/div>\n\t\t\t\t<div class=\"elementor-element elementor-element-9b3eb02 elementor-widget elementor-widget-text-editor\" data-id=\"9b3eb02\" data-element_type=\"widget\" data-e-type=\"widget\" data-widget_type=\"text-editor.default\">\n\t\t\t\t<div class=\"elementor-widget-container\">\n\t\t\t\t\t\t\t\t\t<p>Han passat vuitanta anys des que, el 1944, i fins al 1957, es van comen\u00e7ar a programar i executar els 16 pobles de colonitzaci\u00f3 agr\u00e0ria compresos a la zona dels Monegres-La Violada.<\/p><p>Quelcom iniciat i programat a l&#8217;\u00e8poca de l&#8217;agricultura del treball hum\u00e0 i del carro, ha vist com la mecanitzaci\u00f3 substitu\u00efa l&#8217;esfor\u00e7 manual i modificava les relacions de l&#8217;home amb el medi, ampliant la productivitat del treball, amb la capacitat de treballar i gestionar superf\u00edcies immensament m\u00e9s \u00e0mplies en una jornada de treball. Tamb\u00e9 hem passat de la dictadura a la democr\u00e0cia aquests anys.<\/p><p>\u00a0La parcel\u00b7la agr\u00e0ria que es lliurava a cada fam\u00edlia de colons ara \u00e9s absolutament insuficient per mantenir una fam\u00edlia. Una conseq\u00fc\u00e8ncia ha estat la concentraci\u00f3 de la propietat agr\u00e0ria a menys mans.<\/p><p>Tot i aix\u00f2, els poblats que es van construir des de zero s&#8217;han mantingut i, com hem vist al llarg d&#8217;aquest post, conserven en alta mesura les formes urban\u00edstiques que es van aplicar en aquell proc\u00e9s, fins i tot quan es produ\u00efssin ampliacions. Aix\u00f2 no obstant, d&#8217;acord amb el disseny, continuen sent exclusivament pobles agraris, amb escasses possibilitats d&#8217;introducci\u00f3 industrial o serveis productius.<\/p><p>El que es destaca \u00e9s el canvi d&#8217;\u00fas de les parcel\u00b7les urbanes i dels habitatges que, en la majoria dels casos, han passat a convertir-se en la resid\u00e8ncia dels colons i els obrers jubilats, o en resid\u00e8ncies secund\u00e0ries per als seus fills.<\/p><p>Els ajuntaments pedanis, que constitueixen la forma juridicoadministrativa d&#8217;aquests poblats, han estat capa\u00e7os de mantenir i millorar de manera general aquests pobles que, encara que han vist baixar el nombre de poblaci\u00f3, no han entrat en una fase d&#8217;aband\u00f3.<\/p><p>Despr\u00e9s de les visites que he efectuat a pobles de colonitzaci\u00f3 agr\u00e0ria a diferents indrets d&#8217;Espanya, em reafirmo en l&#8217;inter\u00e8s que t\u00e9 acostar-s&#8217;hi per con\u00e8ixer-los i intentar comprendre&#8217;n l&#8217;origen, la forma i l&#8217;evoluci\u00f3.<\/p><p>S\u00f3n exemples d&#8217;hist\u00f2ria encara viva que podem copsar per nosaltres mateixos.<\/p>\t\t\t\t\t\t\t\t<\/div>\n\t\t\t\t<\/div>\n\t\t\t\t<div class=\"elementor-element elementor-element-3e26259 elementor-widget elementor-widget-heading\" data-id=\"3e26259\" data-element_type=\"widget\" data-e-type=\"widget\" data-widget_type=\"heading.default\">\n\t\t\t\t<div class=\"elementor-widget-container\">\n\t\t\t\t\t<h2 class=\"elementor-heading-title elementor-size-default\">Bases d'informaci\u00f3<\/h2>\t\t\t\t<\/div>\n\t\t\t\t<\/div>\n\t\t\t\t<div class=\"elementor-element elementor-element-1670cf77 elementor-widget elementor-widget-text-editor\" data-id=\"1670cf77\" data-element_type=\"widget\" data-e-type=\"widget\" data-widget_type=\"text-editor.default\">\n\t\t\t\t<div class=\"elementor-widget-container\">\n\t\t\t\t\t\t\t\t\t<p><strong>Webs<\/strong><\/p><p><a href=\"https:\/\/turismolosmonegros.org\/pueblos-de-colonizacion\" target=\"_blank\" rel=\"noopener\">consejocomarcal<\/a><br \/><a href=\"http:\/\/colonizacion.losmonegros.com\/\" target=\"_blank\" rel=\"noopener\">centrointerpretacion<\/a><br \/><a href=\"http:\/\/www.turismomonegros.com\/pueblos-de-colonizacioacuten-de-los-monegros.html\" target=\"_blank\" rel=\"noopener\">turismomonegros<\/a><\/p><p><strong>Web academic<\/strong><\/p><p><a href=\"https:\/\/www.coam.org\/media\/Default%20Files\/fundacion\/biblioteca\/revista-arquitectura-100\/1946-1958\/docs\/revista-completa\/revista-nacional-arquitectura-1948-n83.pdf\" target=\"_blank\" rel=\"noopener\">El Instituto Nacional de Colonizaci\u00f3n y diversos art\u00edculos (1948). &#8220;Revista Nacional de Arquitectura&#8221;, n,3.<\/a><br \/><a href=\"https:\/\/www.coam.org\/media\/Default%20Files\/fundacion\/biblioteca\/revista-urbanismo\/docs\/revista-urbanismo-n3-pag4-12.pdf\" target=\"_blank\" rel=\"noopener\">Tam\u00e9s Alarc\u00f3n, Jos\u00e9. <\/a><em>Actuaciones del Instituto Nacional de Colonizaci\u00f3n 1939-1970<br \/><\/em><a href=\"https:\/\/www.cazarabet.com\/papeles\/colonaragon.htm\" target=\"_blank\" rel=\"noopener\">Los papeles de Cazarabet. <em>Colonizaci\u00f3n agraria en Arag\u00f3n<\/em><\/a><br \/><a href=\"https:\/\/www.academia.edu\/5118790\/El_medio_rural_al_servicio_del_r%C3%A9gimen_de_Franco_Los_pueblos_de_Colonizaci%C3%B3n_de_la_zona_de_Almud%C3%A9var_San_Jorge_Artasona_del_Llano_Valsalada_\" target=\"_blank\" rel=\"noopener\">Alag\u00f3n Laste, Jos\u00e9 Mar\u00eda (2013). <\/a><em>El medio rural al servicio del r\u00e9gimen de Franco: Los pueblos de Colonizaci\u00f3n de la zona de Almud\u00e9var [San Jorge, Artasona del Llano, Valsalada]<br \/><\/em><a href=\"https:\/\/dehesa.unex.es\/bitstream\/10662\/5865\/1\/0213-2214_34_221.pdf\" target=\"_blank\" rel=\"noopener\">Alag\u00f3n Laste, Jos\u00e9 Mar\u00eda (2014<em>). \u00bfViviendas aisladas o n\u00facleos urbanos? modelos urban\u00edsticos del Instituto Nacional de Colonizaci\u00f3n en Arag\u00f3n: la zona de Monegros-Flumen (Huesca)<\/em><\/a><br \/><a href=\"https:\/\/www.ub.edu\/geocrit\/sn\/sn-520.pdf\" target=\"_blank\" rel=\"noopener\">Alag\u00f3n Laste, Jos\u00e9 Mar\u00eda (2015). <em>Los pueblos de colonizaci\u00f3n del plan de riegos del Alto Arag\u00f3n y su emplazamiento en el territorio<\/em>. &#8220;Scripta Nova&#8221;, n\u00ba 520<\/a><br \/><a href=\"https:\/\/www.mapa.gob.es\/es\/ministerio\/archivos-biblioteca-mediateca\/mediateca\/alagon-creacion-identidad_tcm30-541431.pdf\" target=\"_blank\" rel=\"noopener\">Alag\u00f3n Laste, Jos\u00e9 Mar\u00eda (2018). <\/a><em>Pueblos de colonizaci\u00f3n: la creaci\u00f3n de una nueva identidad<br \/><\/em><a href=\"https:\/\/recyt.fecyt.es\/index.php\/CyTET\/article\/download\/81728\/51143\/266745\" target=\"_blank\" rel=\"noopener\">Moncl\u00fas, Javier, Oy\u00f3n, Jos\u00e9 Luis (1983). <em>Colonizaci\u00f3n agraria y &#8220;urbanismo rural&#8221; en el siglo XX. La experiencia del Instituto Nacional de Colonizaci\u00f3n<\/em><\/a><br \/><a href=\"https:\/\/upcommons.upc.edu\/bitstream\/handle\/2117\/93178\/TJSOB10de10.pdf\" target=\"_blank\" rel=\"noopener\">Oy\u00f3n, Jos\u00e9 Luis (1985). <em>Colonias agr\u00edcolas y poblados de colonizaci\u00f3n. Arquitectura y vivienda rural en Espa\u00f1a (1850-1965)<\/em> (Tesis doctoral)<\/a><br \/><a href=\"https:\/\/recercat.cat\/bitstream\/id\/114098\/Bufalo-Guillen-MPIA.pdf\" target=\"_blank\" rel=\"noopener\">B\u00fafalo, Claudia del (2013). <em>La experiencia de Jos\u00e9 Borobio en el Instituto Nacional de Colonizaci\u00f3n (1944-1977): Trece pueblos<\/em> (Trabajo Fin Master)<\/a><br \/><a href=\"https:\/\/www.mapa.gob.es\/es\/ministerio\/archivos-biblioteca-mediateca\/mediateca\/DARAn.8-Ene-2012_tcm30-89629.pdf\" target=\"_blank\" rel=\"noopener\">El Instituto Nacional de Colonizaci\u00f3n. <em>El fondo de la Delegaci\u00f3n Regional del Ebro<\/em><\/a><\/p><p><strong>Llibres<\/strong><\/p><p>Alag\u00f3n Laste, Jos\u00e9 Mar\u00eda (2021). <em>Los pueblos de colonizaci\u00f3n de la cuenca del Ebro: planificaci\u00f3n territorial y urban\u00edstica<\/em> (Tesis doctoral)<br \/>Moncl\u00fas, Javier y Oy\u00f3n, Jos\u00e9 Luis (1988).\u00a0 <em>Historia y Evoluci\u00f3n Historia y Evoluci\u00f3n de la Colonizaci\u00f3n Agraria en Espa\u00f1a. Volumen I. Pol\u00edticas y t\u00e9cnicas en la ordenaci\u00f3n del espacio rural<\/em>. Madrid: Secretar\u00eda General T\u00e9cnica, Ministerio de Agricultura, Pesca y Alimentaci\u00f3n.<br \/>Moncl\u00fas, Javier (2008). <em>Los paisajes de la colonizaci\u00f3n en el valle del Ebro.<\/em> In Calzada P\u00e9rez, M. (coord.) <em>Pueblos de colonizaci\u00f3n III: Ebro, Duero, Norte y Levante.<\/em> C\u00f3rdoba: Fundaci\u00f3n Arquitectura Contempor\u00e1nea, pp. 28-37.<\/p>\t\t\t\t\t\t\t\t<\/div>\n\t\t\t\t<\/div>\n\t\t\t\t\t<\/div>\n\t\t<\/div>\n\t\t\t\t\t<\/div>\n\t\t<\/section>\n\t\t\t\t<\/div>\n\t\t","protected":false},"excerpt":{"rendered":"<p>La transformaci\u00f3 en regadiu dels Monegres-La Violada (Osca-Saragossa) va requerir la construcci\u00f3 de setze Pobles de Colonitzaci\u00f3 Agr\u00e0ria. Al post farem un recorregut per tota aquesta zona. Pobles de Colonitzaci\u00f3 &#8230; <a title=\"Pobles de Colonitzaci\u00f3 Agr\u00e0ria dels Monegres (Osca\/Saragossa)\" class=\"read-more\" href=\"https:\/\/www.elturistatranquil.com\/ca\/pobles-de-colonitzacio-agraria-dels-monegres-osca-saragossa\/\" aria-label=\"M\u00e9s informaci\u00f3 sobre Pobles de Colonitzaci\u00f3 Agr\u00e0ria dels Monegres (Osca\/Saragossa)\">[ &#8230; ]<\/a><\/p>\n","protected":false},"author":1,"featured_media":51494,"comment_status":"open","ping_status":"closed","sticky":false,"template":"","format":"standard","meta":{"footnotes":""},"categories":[70,71,72,249,83,92,138,99,100,185,107,152],"tags":[],"class_list":["post-51511","post","type-post","status-publish","format-standard","has-post-thumbnail","hentry","category-arquitectura-civil-ca","category-arquitectura-popular-ca","category-arquitectura-religiosa-ca","category-assentments-programats","category-historia-ca","category-museus","category-osca","category-poble","category-pobles-i-ciutats-amb-interes","category-saragossa","category-segle-xx-xxi","category-urbanisme","infinite-scroll-item","generate-columns","tablet-grid-50","mobile-grid-100","grid-parent","grid-50","no-featured-image-padding"],"yoast_head":"<!-- This site is optimized with the Yoast SEO plugin v27.4 - https:\/\/yoast.com\/product\/yoast-seo-wordpress\/ -->\n<title>Pobles de Colonitzaci\u00f3 Agr\u00e0ria dels Monegres (Osca\/Saragossa) - El turista tranquil<\/title>\n<meta name=\"description\" content=\"La transformaci\u00f3 en regadiu dels Monegres-La Violada (Osca-Saragossa) va requerir la construcci\u00f3 de setze Pobles de Colonitzaci\u00f3 Agr\u00e0ria. Al post farem un recorregut per tota aquesta zona.\" \/>\n<meta name=\"robots\" content=\"index, follow, max-snippet:-1, max-image-preview:large, max-video-preview:-1\" \/>\n<link rel=\"canonical\" href=\"https:\/\/www.elturistatranquil.com\/ca\/pobles-de-colonitzacio-agraria-dels-monegres-osca-saragossa\/\" \/>\n<meta property=\"og:locale\" content=\"ca_ES\" \/>\n<meta property=\"og:type\" content=\"article\" \/>\n<meta property=\"og:title\" content=\"Pobles de Colonitzaci\u00f3 Agr\u00e0ria dels Monegres (Osca\/Saragossa) - El turista tranquil\" \/>\n<meta property=\"og:description\" content=\"La transformaci\u00f3 en regadiu dels Monegres-La Violada (Osca-Saragossa) va requerir la construcci\u00f3 de setze Pobles de Colonitzaci\u00f3 Agr\u00e0ria. Al post farem un recorregut per tota aquesta zona.\" \/>\n<meta property=\"og:url\" content=\"https:\/\/www.elturistatranquil.com\/ca\/pobles-de-colonitzacio-agraria-dels-monegres-osca-saragossa\/\" \/>\n<meta property=\"og:site_name\" content=\"El turista tranquil\" \/>\n<meta property=\"article:publisher\" content=\"https:\/\/www.facebook.com\/elturistatranquilo\/\" \/>\n<meta property=\"article:published_time\" content=\"2024-02-24T11:56:19+00:00\" \/>\n<meta property=\"article:modified_time\" content=\"2025-09-06T09:33:11+00:00\" \/>\n<meta property=\"og:image\" content=\"https:\/\/www.elturistatranquil.com\/wp-content\/uploads\/F00-Sodeto-Huesca.jpg\" \/>\n\t<meta property=\"og:image:width\" content=\"768\" \/>\n\t<meta property=\"og:image:height\" content=\"512\" \/>\n\t<meta property=\"og:image:type\" content=\"image\/jpeg\" \/>\n<meta name=\"author\" content=\"admin\" \/>\n<meta name=\"twitter:card\" content=\"summary_large_image\" \/>\n<meta name=\"twitter:label1\" content=\"Escrit per\" \/>\n\t<meta name=\"twitter:data1\" content=\"admin\" \/>\n\t<meta name=\"twitter:label2\" content=\"Temps estimat de lectura\" \/>\n\t<meta name=\"twitter:data2\" content=\"106 minuts\" \/>\n<script type=\"application\/ld+json\" class=\"yoast-schema-graph\">{\"@context\":\"https:\\\/\\\/schema.org\",\"@graph\":[{\"@type\":\"Article\",\"@id\":\"https:\\\/\\\/www.elturistatranquil.com\\\/ca\\\/pobles-de-colonitzacio-agraria-dels-monegres-osca-saragossa\\\/#article\",\"isPartOf\":{\"@id\":\"https:\\\/\\\/www.elturistatranquil.com\\\/ca\\\/pobles-de-colonitzacio-agraria-dels-monegres-osca-saragossa\\\/\"},\"author\":{\"name\":\"admin\",\"@id\":\"https:\\\/\\\/www.elturistatranquil.com\\\/ca\\\/#\\\/schema\\\/person\\\/16f607c3079b96ed0c530a52e6b58bb5\"},\"headline\":\"Pobles de Colonitzaci\u00f3 Agr\u00e0ria dels Monegres (Osca\\\/Saragossa)\",\"datePublished\":\"2024-02-24T11:56:19+00:00\",\"dateModified\":\"2025-09-06T09:33:11+00:00\",\"mainEntityOfPage\":{\"@id\":\"https:\\\/\\\/www.elturistatranquil.com\\\/ca\\\/pobles-de-colonitzacio-agraria-dels-monegres-osca-saragossa\\\/\"},\"wordCount\":13432,\"commentCount\":0,\"image\":{\"@id\":\"https:\\\/\\\/www.elturistatranquil.com\\\/ca\\\/pobles-de-colonitzacio-agraria-dels-monegres-osca-saragossa\\\/#primaryimage\"},\"thumbnailUrl\":\"https:\\\/\\\/www.elturistatranquil.com\\\/wp-content\\\/uploads\\\/F00-Sodeto-Huesca.jpg\",\"articleSection\":[\"Arquitectura civil\",\"Arquitectura popular\",\"Arquitectura religiosa\",\"Assentaments programats\",\"Hist\u00f2ria\",\"Museus\",\"Osca\",\"Poble\",\"Pobles i ciutats amb inter\u00e9s\",\"Saragossa\",\"Segle XX-XXI\",\"Urbanisme\"],\"inLanguage\":\"ca\",\"potentialAction\":[{\"@type\":\"CommentAction\",\"name\":\"Comment\",\"target\":[\"https:\\\/\\\/www.elturistatranquil.com\\\/ca\\\/pobles-de-colonitzacio-agraria-dels-monegres-osca-saragossa\\\/#respond\"]}]},{\"@type\":\"WebPage\",\"@id\":\"https:\\\/\\\/www.elturistatranquil.com\\\/ca\\\/pobles-de-colonitzacio-agraria-dels-monegres-osca-saragossa\\\/\",\"url\":\"https:\\\/\\\/www.elturistatranquil.com\\\/ca\\\/pobles-de-colonitzacio-agraria-dels-monegres-osca-saragossa\\\/\",\"name\":\"Pobles de Colonitzaci\u00f3 Agr\u00e0ria dels Monegres (Osca\\\/Saragossa) - El turista tranquil\",\"isPartOf\":{\"@id\":\"https:\\\/\\\/www.elturistatranquil.com\\\/ca\\\/#website\"},\"primaryImageOfPage\":{\"@id\":\"https:\\\/\\\/www.elturistatranquil.com\\\/ca\\\/pobles-de-colonitzacio-agraria-dels-monegres-osca-saragossa\\\/#primaryimage\"},\"image\":{\"@id\":\"https:\\\/\\\/www.elturistatranquil.com\\\/ca\\\/pobles-de-colonitzacio-agraria-dels-monegres-osca-saragossa\\\/#primaryimage\"},\"thumbnailUrl\":\"https:\\\/\\\/www.elturistatranquil.com\\\/wp-content\\\/uploads\\\/F00-Sodeto-Huesca.jpg\",\"datePublished\":\"2024-02-24T11:56:19+00:00\",\"dateModified\":\"2025-09-06T09:33:11+00:00\",\"author\":{\"@id\":\"https:\\\/\\\/www.elturistatranquil.com\\\/ca\\\/#\\\/schema\\\/person\\\/16f607c3079b96ed0c530a52e6b58bb5\"},\"description\":\"La transformaci\u00f3 en regadiu dels Monegres-La Violada (Osca-Saragossa) va requerir la construcci\u00f3 de setze Pobles de Colonitzaci\u00f3 Agr\u00e0ria. Al post farem un recorregut per tota aquesta zona.\",\"breadcrumb\":{\"@id\":\"https:\\\/\\\/www.elturistatranquil.com\\\/ca\\\/pobles-de-colonitzacio-agraria-dels-monegres-osca-saragossa\\\/#breadcrumb\"},\"inLanguage\":\"ca\",\"potentialAction\":[{\"@type\":\"ReadAction\",\"target\":[\"https:\\\/\\\/www.elturistatranquil.com\\\/ca\\\/pobles-de-colonitzacio-agraria-dels-monegres-osca-saragossa\\\/\"]}]},{\"@type\":\"ImageObject\",\"inLanguage\":\"ca\",\"@id\":\"https:\\\/\\\/www.elturistatranquil.com\\\/ca\\\/pobles-de-colonitzacio-agraria-dels-monegres-osca-saragossa\\\/#primaryimage\",\"url\":\"https:\\\/\\\/www.elturistatranquil.com\\\/wp-content\\\/uploads\\\/F00-Sodeto-Huesca.jpg\",\"contentUrl\":\"https:\\\/\\\/www.elturistatranquil.com\\\/wp-content\\\/uploads\\\/F00-Sodeto-Huesca.jpg\",\"width\":768,\"height\":512,\"caption\":\"Sodeto, Huesca\"},{\"@type\":\"BreadcrumbList\",\"@id\":\"https:\\\/\\\/www.elturistatranquil.com\\\/ca\\\/pobles-de-colonitzacio-agraria-dels-monegres-osca-saragossa\\\/#breadcrumb\",\"itemListElement\":[{\"@type\":\"ListItem\",\"position\":1,\"name\":\"Portada\",\"item\":\"https:\\\/\\\/www.elturistatranquil.com\\\/ca\\\/\"},{\"@type\":\"ListItem\",\"position\":2,\"name\":\"Pobles de Colonitzaci\u00f3 Agr\u00e0ria dels Monegres (Osca\\\/Saragossa)\"}]},{\"@type\":\"WebSite\",\"@id\":\"https:\\\/\\\/www.elturistatranquil.com\\\/ca\\\/#website\",\"url\":\"https:\\\/\\\/www.elturistatranquil.com\\\/ca\\\/\",\"name\":\"El turista tranquil\",\"description\":\"Blog de viatges\",\"potentialAction\":[{\"@type\":\"SearchAction\",\"target\":{\"@type\":\"EntryPoint\",\"urlTemplate\":\"https:\\\/\\\/www.elturistatranquil.com\\\/ca\\\/?s={search_term_string}\"},\"query-input\":{\"@type\":\"PropertyValueSpecification\",\"valueRequired\":true,\"valueName\":\"search_term_string\"}}],\"inLanguage\":\"ca\"},{\"@type\":\"Person\",\"@id\":\"https:\\\/\\\/www.elturistatranquil.com\\\/ca\\\/#\\\/schema\\\/person\\\/16f607c3079b96ed0c530a52e6b58bb5\",\"name\":\"admin\",\"image\":{\"@type\":\"ImageObject\",\"inLanguage\":\"ca\",\"@id\":\"https:\\\/\\\/secure.gravatar.com\\\/avatar\\\/1fbaf22aee75fcbb29a2f97b107f95d25d3a19b7c3416105be10269872673e8d?s=96&d=mm&r=g\",\"url\":\"https:\\\/\\\/secure.gravatar.com\\\/avatar\\\/1fbaf22aee75fcbb29a2f97b107f95d25d3a19b7c3416105be10269872673e8d?s=96&d=mm&r=g\",\"contentUrl\":\"https:\\\/\\\/secure.gravatar.com\\\/avatar\\\/1fbaf22aee75fcbb29a2f97b107f95d25d3a19b7c3416105be10269872673e8d?s=96&d=mm&r=g\",\"caption\":\"admin\"}}]}<\/script>\n<!-- \/ Yoast SEO plugin. -->","yoast_head_json":{"title":"Pobles de Colonitzaci\u00f3 Agr\u00e0ria dels Monegres (Osca\/Saragossa) - El turista tranquil","description":"La transformaci\u00f3 en regadiu dels Monegres-La Violada (Osca-Saragossa) va requerir la construcci\u00f3 de setze Pobles de Colonitzaci\u00f3 Agr\u00e0ria. Al post farem un recorregut per tota aquesta zona.","robots":{"index":"index","follow":"follow","max-snippet":"max-snippet:-1","max-image-preview":"max-image-preview:large","max-video-preview":"max-video-preview:-1"},"canonical":"https:\/\/www.elturistatranquil.com\/ca\/pobles-de-colonitzacio-agraria-dels-monegres-osca-saragossa\/","og_locale":"ca_ES","og_type":"article","og_title":"Pobles de Colonitzaci\u00f3 Agr\u00e0ria dels Monegres (Osca\/Saragossa) - El turista tranquil","og_description":"La transformaci\u00f3 en regadiu dels Monegres-La Violada (Osca-Saragossa) va requerir la construcci\u00f3 de setze Pobles de Colonitzaci\u00f3 Agr\u00e0ria. Al post farem un recorregut per tota aquesta zona.","og_url":"https:\/\/www.elturistatranquil.com\/ca\/pobles-de-colonitzacio-agraria-dels-monegres-osca-saragossa\/","og_site_name":"El turista tranquil","article_publisher":"https:\/\/www.facebook.com\/elturistatranquilo\/","article_published_time":"2024-02-24T11:56:19+00:00","article_modified_time":"2025-09-06T09:33:11+00:00","og_image":[{"width":768,"height":512,"url":"https:\/\/www.elturistatranquil.com\/wp-content\/uploads\/F00-Sodeto-Huesca.jpg","type":"image\/jpeg"}],"author":"admin","twitter_card":"summary_large_image","twitter_misc":{"Escrit per":"admin","Temps estimat de lectura":"106 minuts"},"schema":{"@context":"https:\/\/schema.org","@graph":[{"@type":"Article","@id":"https:\/\/www.elturistatranquil.com\/ca\/pobles-de-colonitzacio-agraria-dels-monegres-osca-saragossa\/#article","isPartOf":{"@id":"https:\/\/www.elturistatranquil.com\/ca\/pobles-de-colonitzacio-agraria-dels-monegres-osca-saragossa\/"},"author":{"name":"admin","@id":"https:\/\/www.elturistatranquil.com\/ca\/#\/schema\/person\/16f607c3079b96ed0c530a52e6b58bb5"},"headline":"Pobles de Colonitzaci\u00f3 Agr\u00e0ria dels Monegres (Osca\/Saragossa)","datePublished":"2024-02-24T11:56:19+00:00","dateModified":"2025-09-06T09:33:11+00:00","mainEntityOfPage":{"@id":"https:\/\/www.elturistatranquil.com\/ca\/pobles-de-colonitzacio-agraria-dels-monegres-osca-saragossa\/"},"wordCount":13432,"commentCount":0,"image":{"@id":"https:\/\/www.elturistatranquil.com\/ca\/pobles-de-colonitzacio-agraria-dels-monegres-osca-saragossa\/#primaryimage"},"thumbnailUrl":"https:\/\/www.elturistatranquil.com\/wp-content\/uploads\/F00-Sodeto-Huesca.jpg","articleSection":["Arquitectura civil","Arquitectura popular","Arquitectura religiosa","Assentaments programats","Hist\u00f2ria","Museus","Osca","Poble","Pobles i ciutats amb inter\u00e9s","Saragossa","Segle XX-XXI","Urbanisme"],"inLanguage":"ca","potentialAction":[{"@type":"CommentAction","name":"Comment","target":["https:\/\/www.elturistatranquil.com\/ca\/pobles-de-colonitzacio-agraria-dels-monegres-osca-saragossa\/#respond"]}]},{"@type":"WebPage","@id":"https:\/\/www.elturistatranquil.com\/ca\/pobles-de-colonitzacio-agraria-dels-monegres-osca-saragossa\/","url":"https:\/\/www.elturistatranquil.com\/ca\/pobles-de-colonitzacio-agraria-dels-monegres-osca-saragossa\/","name":"Pobles de Colonitzaci\u00f3 Agr\u00e0ria dels Monegres (Osca\/Saragossa) - El turista tranquil","isPartOf":{"@id":"https:\/\/www.elturistatranquil.com\/ca\/#website"},"primaryImageOfPage":{"@id":"https:\/\/www.elturistatranquil.com\/ca\/pobles-de-colonitzacio-agraria-dels-monegres-osca-saragossa\/#primaryimage"},"image":{"@id":"https:\/\/www.elturistatranquil.com\/ca\/pobles-de-colonitzacio-agraria-dels-monegres-osca-saragossa\/#primaryimage"},"thumbnailUrl":"https:\/\/www.elturistatranquil.com\/wp-content\/uploads\/F00-Sodeto-Huesca.jpg","datePublished":"2024-02-24T11:56:19+00:00","dateModified":"2025-09-06T09:33:11+00:00","author":{"@id":"https:\/\/www.elturistatranquil.com\/ca\/#\/schema\/person\/16f607c3079b96ed0c530a52e6b58bb5"},"description":"La transformaci\u00f3 en regadiu dels Monegres-La Violada (Osca-Saragossa) va requerir la construcci\u00f3 de setze Pobles de Colonitzaci\u00f3 Agr\u00e0ria. Al post farem un recorregut per tota aquesta zona.","breadcrumb":{"@id":"https:\/\/www.elturistatranquil.com\/ca\/pobles-de-colonitzacio-agraria-dels-monegres-osca-saragossa\/#breadcrumb"},"inLanguage":"ca","potentialAction":[{"@type":"ReadAction","target":["https:\/\/www.elturistatranquil.com\/ca\/pobles-de-colonitzacio-agraria-dels-monegres-osca-saragossa\/"]}]},{"@type":"ImageObject","inLanguage":"ca","@id":"https:\/\/www.elturistatranquil.com\/ca\/pobles-de-colonitzacio-agraria-dels-monegres-osca-saragossa\/#primaryimage","url":"https:\/\/www.elturistatranquil.com\/wp-content\/uploads\/F00-Sodeto-Huesca.jpg","contentUrl":"https:\/\/www.elturistatranquil.com\/wp-content\/uploads\/F00-Sodeto-Huesca.jpg","width":768,"height":512,"caption":"Sodeto, Huesca"},{"@type":"BreadcrumbList","@id":"https:\/\/www.elturistatranquil.com\/ca\/pobles-de-colonitzacio-agraria-dels-monegres-osca-saragossa\/#breadcrumb","itemListElement":[{"@type":"ListItem","position":1,"name":"Portada","item":"https:\/\/www.elturistatranquil.com\/ca\/"},{"@type":"ListItem","position":2,"name":"Pobles de Colonitzaci\u00f3 Agr\u00e0ria dels Monegres (Osca\/Saragossa)"}]},{"@type":"WebSite","@id":"https:\/\/www.elturistatranquil.com\/ca\/#website","url":"https:\/\/www.elturistatranquil.com\/ca\/","name":"El turista tranquil","description":"Blog de viatges","potentialAction":[{"@type":"SearchAction","target":{"@type":"EntryPoint","urlTemplate":"https:\/\/www.elturistatranquil.com\/ca\/?s={search_term_string}"},"query-input":{"@type":"PropertyValueSpecification","valueRequired":true,"valueName":"search_term_string"}}],"inLanguage":"ca"},{"@type":"Person","@id":"https:\/\/www.elturistatranquil.com\/ca\/#\/schema\/person\/16f607c3079b96ed0c530a52e6b58bb5","name":"admin","image":{"@type":"ImageObject","inLanguage":"ca","@id":"https:\/\/secure.gravatar.com\/avatar\/1fbaf22aee75fcbb29a2f97b107f95d25d3a19b7c3416105be10269872673e8d?s=96&d=mm&r=g","url":"https:\/\/secure.gravatar.com\/avatar\/1fbaf22aee75fcbb29a2f97b107f95d25d3a19b7c3416105be10269872673e8d?s=96&d=mm&r=g","contentUrl":"https:\/\/secure.gravatar.com\/avatar\/1fbaf22aee75fcbb29a2f97b107f95d25d3a19b7c3416105be10269872673e8d?s=96&d=mm&r=g","caption":"admin"}}]}},"_links":{"self":[{"href":"https:\/\/www.elturistatranquil.com\/ca\/wp-json\/wp\/v2\/posts\/51511","targetHints":{"allow":["GET"]}}],"collection":[{"href":"https:\/\/www.elturistatranquil.com\/ca\/wp-json\/wp\/v2\/posts"}],"about":[{"href":"https:\/\/www.elturistatranquil.com\/ca\/wp-json\/wp\/v2\/types\/post"}],"author":[{"embeddable":true,"href":"https:\/\/www.elturistatranquil.com\/ca\/wp-json\/wp\/v2\/users\/1"}],"replies":[{"embeddable":true,"href":"https:\/\/www.elturistatranquil.com\/ca\/wp-json\/wp\/v2\/comments?post=51511"}],"version-history":[{"count":8,"href":"https:\/\/www.elturistatranquil.com\/ca\/wp-json\/wp\/v2\/posts\/51511\/revisions"}],"predecessor-version":[{"id":61745,"href":"https:\/\/www.elturistatranquil.com\/ca\/wp-json\/wp\/v2\/posts\/51511\/revisions\/61745"}],"wp:featuredmedia":[{"embeddable":true,"href":"https:\/\/www.elturistatranquil.com\/ca\/wp-json\/wp\/v2\/media\/51494"}],"wp:attachment":[{"href":"https:\/\/www.elturistatranquil.com\/ca\/wp-json\/wp\/v2\/media?parent=51511"}],"wp:term":[{"taxonomy":"category","embeddable":true,"href":"https:\/\/www.elturistatranquil.com\/ca\/wp-json\/wp\/v2\/categories?post=51511"},{"taxonomy":"post_tag","embeddable":true,"href":"https:\/\/www.elturistatranquil.com\/ca\/wp-json\/wp\/v2\/tags?post=51511"}],"curies":[{"name":"wp","href":"https:\/\/api.w.org\/{rel}","templated":true}]}}