{"id":51930,"date":"2024-03-16T20:56:48","date_gmt":"2024-03-16T19:56:48","guid":{"rendered":"https:\/\/www.elturistatranquil.com\/?p=51930"},"modified":"2024-03-20T21:04:01","modified_gmt":"2024-03-20T20:04:01","slug":"esglesies-romanic-gotiques-de-la-ciutat-de-soria","status":"publish","type":"post","link":"https:\/\/www.elturistatranquil.com\/ca\/esglesies-romanic-gotiques-de-la-ciutat-de-soria\/","title":{"rendered":"Esgl\u00e9sies rom\u00e0nic-g\u00f2tiques de la ciutat de S\u00f2ria"},"content":{"rendered":"\t\t<div data-elementor-type=\"wp-post\" data-elementor-id=\"51930\" class=\"elementor elementor-51930 elementor-51555\" data-elementor-post-type=\"post\">\n\t\t\t\t\t\t<section class=\"elementor-section elementor-top-section elementor-element elementor-element-1f1bb7d1 elementor-section-boxed elementor-section-height-default elementor-section-height-default\" data-id=\"1f1bb7d1\" data-element_type=\"section\" data-e-type=\"section\">\n\t\t\t\t\t\t<div class=\"elementor-container elementor-column-gap-default\">\n\t\t\t\t\t<div class=\"elementor-column elementor-col-100 elementor-top-column elementor-element elementor-element-5a2e08ec\" data-id=\"5a2e08ec\" data-element_type=\"column\" data-e-type=\"column\">\n\t\t\t<div class=\"elementor-widget-wrap elementor-element-populated\">\n\t\t\t\t\t\t<section class=\"elementor-section elementor-inner-section elementor-element elementor-element-5810772f elementor-section-content-middle elementor-section-boxed elementor-section-height-default elementor-section-height-default\" data-id=\"5810772f\" data-element_type=\"section\" data-e-type=\"section\">\n\t\t\t\t\t\t<div class=\"elementor-container elementor-column-gap-default\">\n\t\t\t\t\t<div class=\"elementor-column elementor-col-100 elementor-inner-column elementor-element elementor-element-13938e3f\" data-id=\"13938e3f\" data-element_type=\"column\" data-e-type=\"column\">\n\t\t\t<div class=\"elementor-widget-wrap elementor-element-populated\">\n\t\t\t\t\t\t<div class=\"elementor-element elementor-element-178e0ba2 elementor-widget elementor-widget-text-editor\" data-id=\"178e0ba2\" data-element_type=\"widget\" data-e-type=\"widget\" data-widget_type=\"text-editor.default\">\n\t\t\t\t<div class=\"elementor-widget-container\">\n\t\t\t\t\t\t\t\t\t<p>En aquest Post presentarem les esgl\u00e9sies rom\u00e0nic-g\u00f2tiques de la ciutat de S\u00f2ria: <em>San Pedro<\/em>, <em>Santo Domingo<\/em>, <em>San Juan de Rabanera<\/em>, <em>Nuestra Se\u00f1ora de la Mayor<\/em>, <em>San Nicol\u00e1s<\/em>, el <em>monestir de San Pedro del Duero<\/em> i el <em>monestir de San Polo<\/em><strong>.<\/strong><\/p>\t\t\t\t\t\t\t\t<\/div>\n\t\t\t\t<\/div>\n\t\t\t\t\t<\/div>\n\t\t<\/div>\n\t\t\t\t\t<\/div>\n\t\t<\/section>\n\t\t\t\t<div class=\"elementor-element elementor-element-ab3ef45 elementor-widget elementor-widget-heading\" data-id=\"ab3ef45\" data-element_type=\"widget\" data-e-type=\"widget\" data-widget_type=\"heading.default\">\n\t\t\t\t<div class=\"elementor-widget-container\">\n\t\t\t\t\t<h1 class=\"elementor-heading-title elementor-size-default\">Esgl\u00e9sies rom\u00e0nic-g\u00f2tiques de la ciutat de S\u00f2ria<\/h1>\t\t\t\t<\/div>\n\t\t\t\t<\/div>\n\t\t\t\t\t<\/div>\n\t\t<\/div>\n\t\t\t\t\t<\/div>\n\t\t<\/section>\n\t\t\t\t<section class=\"elementor-section elementor-top-section elementor-element elementor-element-6d6f078b elementor-section-boxed elementor-section-height-default elementor-section-height-default\" data-id=\"6d6f078b\" data-element_type=\"section\" data-e-type=\"section\">\n\t\t\t\t\t\t<div class=\"elementor-container elementor-column-gap-default\">\n\t\t\t\t\t<div class=\"elementor-column elementor-col-100 elementor-top-column elementor-element elementor-element-2076dfde\" data-id=\"2076dfde\" data-element_type=\"column\" data-e-type=\"column\">\n\t\t\t<div class=\"elementor-widget-wrap elementor-element-populated\">\n\t\t\t\t\t\t<div class=\"elementor-element elementor-element-1c6fbbc9 elementor-widget elementor-widget-image\" data-id=\"1c6fbbc9\" data-element_type=\"widget\" data-e-type=\"widget\" data-widget_type=\"image.default\">\n\t\t\t\t<div class=\"elementor-widget-container\">\n\t\t\t\t\t\t\t\t\t\t\t\t<figure class=\"wp-caption\">\n\t\t\t\t\t\t\t\t\t\t<img fetchpriority=\"high\" decoding=\"async\" width=\"768\" height=\"512\" src=\"https:\/\/www.elturistatranquil.com\/wp-content\/uploads\/F01-Iglesias-romanico-goticas-de-Soria-Google-earth-2024-03-15.jpg\" class=\"attachment-large size-large wp-image-51572\" alt=\"Iglesias romanico-goticas de Soria (Google earth-2024-03-15)\" srcset=\"https:\/\/www.elturistatranquil.com\/wp-content\/uploads\/F01-Iglesias-romanico-goticas-de-Soria-Google-earth-2024-03-15.jpg 768w, https:\/\/www.elturistatranquil.com\/wp-content\/uploads\/F01-Iglesias-romanico-goticas-de-Soria-Google-earth-2024-03-15-339x226.jpg 339w\" sizes=\"(max-width: 768px) 100vw, 768px\" \/>\t\t\t\t\t\t\t\t\t\t\t<figcaption class=\"widget-image-caption wp-caption-text\">Esgl\u00e9sies rom\u00e0nic-g\u00f2tiques de S\u00f2ria (Google earth 2024-03-04)<\/figcaption>\n\t\t\t\t\t\t\t\t\t\t<\/figure>\n\t\t\t\t\t\t\t\t\t<\/div>\n\t\t\t\t<\/div>\n\t\t\t\t<section class=\"elementor-section elementor-inner-section elementor-element elementor-element-c68a516 elementor-section-boxed elementor-section-height-default elementor-section-height-default\" data-id=\"c68a516\" data-element_type=\"section\" data-e-type=\"section\" data-settings=\"{&quot;background_background&quot;:&quot;classic&quot;}\">\n\t\t\t\t\t\t\t<div class=\"elementor-background-overlay\"><\/div>\n\t\t\t\t\t\t\t<div class=\"elementor-container elementor-column-gap-default\">\n\t\t\t\t\t<div class=\"elementor-column elementor-col-100 elementor-inner-column elementor-element elementor-element-75fd2b87\" data-id=\"75fd2b87\" data-element_type=\"column\" data-e-type=\"column\" data-settings=\"{&quot;background_background&quot;:&quot;classic&quot;}\">\n\t\t\t<div class=\"elementor-widget-wrap elementor-element-populated\">\n\t\t\t\t\t\t<div class=\"elementor-element elementor-element-46034b70 elementor-widget elementor-widget-text-editor\" data-id=\"46034b70\" data-element_type=\"widget\" data-e-type=\"widget\" data-widget_type=\"text-editor.default\">\n\t\t\t\t<div class=\"elementor-widget-container\">\n\t\t\t\t\t\t\t\t\t<p>Comarca: Comarca de Soria. Prov\u00edncia: S\u00f3ria. Com. Aut\u00f2noma: Castilla y Le\u00f3n<\/p><p>Coordenades: 41\u00b046\u203200\u2033N 2\u00b028\u203200\u2033O. Altitud: 1.061 msnm. Poblaci\u00f3: 40.096 habitants (2023)<\/p><p>Web: <a href=\"https:\/\/guiadesoria.es\/soria-y-provincia\/soria-ciudad.html\" target=\"_blank\" rel=\"noopener\">guiadesoria<\/a><\/p><p>Visita: 2021<\/p>\t\t\t\t\t\t\t\t<\/div>\n\t\t\t\t<\/div>\n\t\t\t\t\t<\/div>\n\t\t<\/div>\n\t\t\t\t\t<\/div>\n\t\t<\/section>\n\t\t\t\t<div class=\"elementor-element elementor-element-60690ff3 elementor-widget elementor-widget-image\" data-id=\"60690ff3\" data-element_type=\"widget\" data-e-type=\"widget\" data-widget_type=\"image.default\">\n\t\t\t\t<div class=\"elementor-widget-container\">\n\t\t\t\t\t\t\t\t\t\t\t\t<figure class=\"wp-caption\">\n\t\t\t\t\t\t\t\t\t\t<img decoding=\"async\" width=\"768\" height=\"511\" src=\"https:\/\/www.elturistatranquil.com\/wp-content\/uploads\/F02e-Mapa-de-situacion-de-Soria-Google-maps-2024-03-15.jpg\" class=\"attachment-medium_large size-medium_large wp-image-51577\" alt=\"Mapa-de-situaci\u00f3n-de-Soria-(Google-maps-2024-03-15)\" srcset=\"https:\/\/www.elturistatranquil.com\/wp-content\/uploads\/F02e-Mapa-de-situacion-de-Soria-Google-maps-2024-03-15.jpg 768w, https:\/\/www.elturistatranquil.com\/wp-content\/uploads\/F02e-Mapa-de-situacion-de-Soria-Google-maps-2024-03-15-339x226.jpg 339w\" sizes=\"(max-width: 768px) 100vw, 768px\" \/>\t\t\t\t\t\t\t\t\t\t\t<figcaption class=\"widget-image-caption wp-caption-text\">Mapa de situaci\u00f3 de S\u00f2ria (Google maps 2024-03-15)<\/figcaption>\n\t\t\t\t\t\t\t\t\t\t<\/figure>\n\t\t\t\t\t\t\t\t\t<\/div>\n\t\t\t\t<\/div>\n\t\t\t\t<div class=\"elementor-element elementor-element-260d2472 elementor-widget elementor-widget-spacer\" data-id=\"260d2472\" data-element_type=\"widget\" data-e-type=\"widget\" data-widget_type=\"spacer.default\">\n\t\t\t\t<div class=\"elementor-widget-container\">\n\t\t\t\t\t\t\t<div class=\"elementor-spacer\">\n\t\t\t<div class=\"elementor-spacer-inner\"><\/div>\n\t\t<\/div>\n\t\t\t\t\t\t<\/div>\n\t\t\t\t<\/div>\n\t\t\t\t<div class=\"elementor-element elementor-element-4c1c8e07 elementor-toc--minimized-on-tablet elementor-widget elementor-widget-table-of-contents\" data-id=\"4c1c8e07\" data-element_type=\"widget\" data-e-type=\"widget\" data-settings=\"{&quot;headings_by_tags&quot;:[&quot;h2&quot;,&quot;h3&quot;,&quot;h4&quot;],&quot;marker_view&quot;:&quot;bullets&quot;,&quot;icon&quot;:{&quot;value&quot;:&quot;&quot;,&quot;library&quot;:&quot;&quot;},&quot;no_headings_message&quot;:&quot;No s&#039;ha trobat cap encap\\u00e7alament en aquesta p\\u00e0gina.&quot;,&quot;minimize_box&quot;:&quot;yes&quot;,&quot;minimized_on&quot;:&quot;tablet&quot;,&quot;hierarchical_view&quot;:&quot;yes&quot;,&quot;min_height&quot;:{&quot;unit&quot;:&quot;px&quot;,&quot;size&quot;:&quot;&quot;,&quot;sizes&quot;:[]},&quot;min_height_tablet&quot;:{&quot;unit&quot;:&quot;px&quot;,&quot;size&quot;:&quot;&quot;,&quot;sizes&quot;:[]},&quot;min_height_mobile&quot;:{&quot;unit&quot;:&quot;px&quot;,&quot;size&quot;:&quot;&quot;,&quot;sizes&quot;:[]}}\" data-widget_type=\"table-of-contents.default\">\n\t\t\t\t<div class=\"elementor-widget-container\">\n\t\t\t\t\t\t\t\t\t<div class=\"elementor-toc__header\">\n\t\t\t\t\t\t<h4 class=\"elementor-toc__header-title\">\n\t\t\t\t\u00cdndex\t\t\t<\/h4>\n\t\t\t\t\t\t\t\t\t\t<div class=\"elementor-toc__toggle-button elementor-toc__toggle-button--expand\" role=\"button\" tabindex=\"0\" aria-controls=\"elementor-toc__4c1c8e07\" aria-expanded=\"true\" aria-label=\"Open table of contents\"><i aria-hidden=\"true\" class=\"fas fa-chevron-down\"><\/i><\/div>\n\t\t\t\t<div class=\"elementor-toc__toggle-button elementor-toc__toggle-button--collapse\" role=\"button\" tabindex=\"0\" aria-controls=\"elementor-toc__4c1c8e07\" aria-expanded=\"true\" aria-label=\"Close table of contents\"><i aria-hidden=\"true\" class=\"fas fa-chevron-up\"><\/i><\/div>\n\t\t\t\t\t<\/div>\n\t\t\t\t<div id=\"elementor-toc__4c1c8e07\" class=\"elementor-toc__body\">\n\t\t\t<div class=\"elementor-toc__spinner-container\">\n\t\t\t\t<i class=\"elementor-toc__spinner eicon-animation-spin eicon-loading\" aria-hidden=\"true\"><\/i>\t\t\t<\/div>\n\t\t<\/div>\n\t\t\t\t\t\t<\/div>\n\t\t\t\t<\/div>\n\t\t\t\t<div class=\"elementor-element elementor-element-855fe28 elementor-widget elementor-widget-menu-anchor\" data-id=\"855fe28\" data-element_type=\"widget\" data-e-type=\"widget\" data-widget_type=\"menu-anchor.default\">\n\t\t\t\t<div class=\"elementor-widget-container\">\n\t\t\t\t\t\t\t<div class=\"elementor-menu-anchor\" id=\"a0101-EnlaceaunpuntodentrodelPost\"><\/div>\n\t\t\t\t\t\t<\/div>\n\t\t\t\t<\/div>\n\t\t\t\t<div class=\"elementor-element elementor-element-50633117 elementor-widget elementor-widget-spacer\" data-id=\"50633117\" data-element_type=\"widget\" data-e-type=\"widget\" data-widget_type=\"spacer.default\">\n\t\t\t\t<div class=\"elementor-widget-container\">\n\t\t\t\t\t\t\t<div class=\"elementor-spacer\">\n\t\t\t<div class=\"elementor-spacer-inner\"><\/div>\n\t\t<\/div>\n\t\t\t\t\t\t<\/div>\n\t\t\t\t<\/div>\n\t\t\t\t<div class=\"elementor-element elementor-element-76c21a39 elementor-widget elementor-widget-heading\" data-id=\"76c21a39\" data-element_type=\"widget\" data-e-type=\"widget\" data-widget_type=\"heading.default\">\n\t\t\t\t<div class=\"elementor-widget-container\">\n\t\t\t\t\t<h2 class=\"elementor-heading-title elementor-size-default\">Esgl\u00e9sies rom\u00e0nic-g\u00f2tiques de la ciutat de S\u00f2ria<\/h2>\t\t\t\t<\/div>\n\t\t\t\t<\/div>\n\t\t\t\t<div class=\"elementor-element elementor-element-6a1b6 elementor-widget elementor-widget-text-editor\" data-id=\"6a1b6\" data-element_type=\"widget\" data-e-type=\"widget\" data-widget_type=\"text-editor.default\">\n\t\t\t\t<div class=\"elementor-widget-container\">\n\t\t\t\t\t\t\t\t\t<p>Amb la repoblaci\u00f3 de S\u00f2ria per Alfons I el batallador, a principis del segle XII, a la localitat es construiran nombroses esgl\u00e9sies parroquials i monestirs, dins el per\u00edode de rom\u00e0nic ple.<\/p><p>De totes elles- completes, transformades o en ru\u00efnes-, subsisteixen set: <strong>San Pedro<\/strong> (<strong>1<\/strong>), <strong>Santo Domingo<\/strong> (<strong>2<\/strong>), <strong>San Juan de Rabanera<\/strong> (<strong>3<\/strong>), <strong>Nuestra Se\u00f1ora de la Mayor<\/strong> (<strong>4<\/strong>), <strong>San Nicol\u00e1s<\/strong> (<strong>5<\/strong>), el <strong>monestir de San Pedro del Duero<\/strong> (<strong>6<\/strong>) i el <strong>monestir de San Polo<\/strong> (<strong>7<\/strong>).<\/p>\t\t\t\t\t\t\t\t<\/div>\n\t\t\t\t<\/div>\n\t\t\t\t<div class=\"elementor-element elementor-element-40e97bbb elementor-widget elementor-widget-heading\" data-id=\"40e97bbb\" data-element_type=\"widget\" data-e-type=\"widget\" data-widget_type=\"heading.default\">\n\t\t\t\t<div class=\"elementor-widget-container\">\n\t\t\t\t\t<h2 class=\"elementor-heading-title elementor-size-default\">Concatedral i Claustre de San Pedro<\/h2>\t\t\t\t<\/div>\n\t\t\t\t<\/div>\n\t\t\t\t<div class=\"elementor-element elementor-element-ef2e971 elementor-widget elementor-widget-text-editor\" data-id=\"ef2e971\" data-element_type=\"widget\" data-e-type=\"widget\" data-widget_type=\"text-editor.default\">\n\t\t\t\t<div class=\"elementor-widget-container\">\n\t\t\t\t\t\t\t\t\t<p><em>B\u00e9 d\u2019Inter\u00e8s Cultural (BIC) <\/em><\/p><p>Comen\u00e7arem el nostre recorregut per les esgl\u00e9sies rom\u00e0nic-g\u00f2tiques de la ciutat de S\u00f2ria per la <strong>Concatedral i Claustre de San Pedro<\/strong> (<strong>1<\/strong>).<\/p><p>A partir d&#8217;una esgl\u00e9sia constru\u00efda en el moment de la repoblaci\u00f3 d&#8217;aquestes terres per Alfons I el batallador, a principis del segle XII, va anar creixent un caseriu que avan\u00e7ant en direcci\u00f3 oposada al cam\u00ed del riu, cap a les zones m\u00e9s elevades del t\u00e0lveg on s&#8217;assenta S\u00f2ria.<\/p><p>La import\u00e0ncia que va adquirir aquest caseriu va fer que el bisbe d&#8217;Osma la convert\u00eds en col\u00b7legiata a c\u00e0rrec de capellans de la regla de Sant Agust\u00ed.<\/p><p>Aquests van procedir a construir un nou temple sobre l&#8217;anterior i instal\u00b7lacions monacals. Per\u00f2 el temple es va esfondrar a principis del segle XVI.<\/p><p>Despr\u00e9s de l&#8217;enfonsament de l&#8217;esgl\u00e9sia el 1544, va ser reedificada a c\u00e0rrec del mestre Juan Mart\u00ednez Mutio i acabada cap al 1575, inclosa la construcci\u00f3 de la torre-campanar. En la seva reedificaci\u00f3 es va adoptar com a amplada del nou temple la del transsepte antic, de manera que els murs exteriors de les naus laterals es van despla\u00e7ar cap a ell. L&#8217;aven\u00e7 del mur exterior del costat de l&#8217;evangeli va portar aparellada l&#8217;eliminaci\u00f3 del corredor sud del claustre i de part de l&#8217;inici de les laterals de llevant i ponent.<\/p><p>La gran al\u00e7ada de tots els murs laterals del temple, i que pr\u00e0cticament no sobresurti la coberta, \u00e9s perqu\u00e8 la planta del temple \u00e9s del tipus <a href=\"https:\/\/www.elturistatranquil.com\/ca\/esglesies-monestirs-i-ordres-religioses-a-ledat-mitjana\/#b1523\" target=\"_blank\" rel=\"noopener\">basilical de sal\u00f3<\/a>, en qu\u00e8 totes les naus tenen la mateixa altura sense que sobresurti per tant la coberta de la nau central, com \u00e9s habitual en la majoria dels temples.<\/p>\t\t\t\t\t\t\t\t<\/div>\n\t\t\t\t<\/div>\n\t\t\t\t<div class=\"elementor-element elementor-element-5d73d01b elementor-widget elementor-widget-image\" data-id=\"5d73d01b\" data-element_type=\"widget\" data-e-type=\"widget\" data-widget_type=\"image.default\">\n\t\t\t\t<div class=\"elementor-widget-container\">\n\t\t\t\t\t\t\t\t\t\t\t\t<figure class=\"wp-caption\">\n\t\t\t\t\t\t\t\t\t\t<img decoding=\"async\" width=\"768\" height=\"511\" src=\"https:\/\/www.elturistatranquil.com\/wp-content\/uploads\/F04-Concatedral-de-San-Pedro-Soria.jpg\" class=\"attachment-large size-large wp-image-51579\" alt=\"Mapa-de-situaci\u00f3n-de-Soria-(Google-maps-2024-03-15)\" srcset=\"https:\/\/www.elturistatranquil.com\/wp-content\/uploads\/F04-Concatedral-de-San-Pedro-Soria.jpg 768w, https:\/\/www.elturistatranquil.com\/wp-content\/uploads\/F04-Concatedral-de-San-Pedro-Soria-339x226.jpg 339w\" sizes=\"(max-width: 768px) 100vw, 768px\" \/>\t\t\t\t\t\t\t\t\t\t\t<figcaption class=\"widget-image-caption wp-caption-text\"><\/figcaption>\n\t\t\t\t\t\t\t\t\t\t<\/figure>\n\t\t\t\t\t\t\t\t\t<\/div>\n\t\t\t\t<\/div>\n\t\t\t\t<div class=\"elementor-element elementor-element-6364cca elementor-widget elementor-widget-text-editor\" data-id=\"6364cca\" data-element_type=\"widget\" data-e-type=\"widget\" data-widget_type=\"text-editor.default\">\n\t\t\t\t<div class=\"elementor-widget-container\">\n\t\t\t\t\t\t\t\t\t<p>Va rebre la categoria de cocatedral el 1959, encara que la capital eclesi\u00e0stica es mant\u00e9 a Burgo de Osma, on es troba l&#8217;altra cocatedral.<\/p><p>La reconstrucci\u00f3 es va realitzar en estil g\u00f2tic tard\u00e0 i plateresc, i el conjunt arquitect\u00f2nic queda format per un claustre rom\u00e0nic que es comunica amb el temple g\u00f2tic pel costat de l&#8217;evangeli, i els costats nord i est del claustre les depend\u00e8ncies conventuals.<\/p><p>Tamb\u00e9 es van conservar del temple rom\u00e0nic els dos extrems del transsepte, com s&#8217;assenyala al pl\u00e0nol posterior.<\/p><p>De les depend\u00e8ncies conventuals actualment s&#8217;observen el refectori, seguint la galeria nord (no visitable) i unes depend\u00e8ncies al costat de llevant (no visitables).<\/p>\t\t\t\t\t\t\t\t<\/div>\n\t\t\t\t<\/div>\n\t\t\t\t<div class=\"elementor-element elementor-element-37ac185 elementor-widget elementor-widget-image\" data-id=\"37ac185\" data-element_type=\"widget\" data-e-type=\"widget\" data-widget_type=\"image.default\">\n\t\t\t\t<div class=\"elementor-widget-container\">\n\t\t\t\t\t\t\t\t\t\t\t\t<figure class=\"wp-caption\">\n\t\t\t\t\t\t\t\t\t\t<img loading=\"lazy\" decoding=\"async\" width=\"768\" height=\"512\" src=\"https:\/\/www.elturistatranquil.com\/wp-content\/uploads\/F05-Concatedral-de-San-Pedro-Soria-Google-earth-2024-03-11.jpg\" class=\"attachment-large size-large wp-image-51581\" alt=\"Concatedral de San Pedro, Soria (Google-earth-2024-03-11)\" srcset=\"https:\/\/www.elturistatranquil.com\/wp-content\/uploads\/F05-Concatedral-de-San-Pedro-Soria-Google-earth-2024-03-11.jpg 768w, https:\/\/www.elturistatranquil.com\/wp-content\/uploads\/F05-Concatedral-de-San-Pedro-Soria-Google-earth-2024-03-11-339x226.jpg 339w\" sizes=\"(max-width: 768px) 100vw, 768px\" \/>\t\t\t\t\t\t\t\t\t\t\t<figcaption class=\"widget-image-caption wp-caption-text\">(Google earth 2024-03-11)<\/figcaption>\n\t\t\t\t\t\t\t\t\t\t<\/figure>\n\t\t\t\t\t\t\t\t\t<\/div>\n\t\t\t\t<\/div>\n\t\t\t\t<div class=\"elementor-element elementor-element-c4c5e53 elementor-widget elementor-widget-image\" data-id=\"c4c5e53\" data-element_type=\"widget\" data-e-type=\"widget\" data-widget_type=\"image.default\">\n\t\t\t\t<div class=\"elementor-widget-container\">\n\t\t\t\t\t\t\t\t\t\t\t\t<figure class=\"wp-caption\">\n\t\t\t\t\t\t\t\t\t\t<img loading=\"lazy\" decoding=\"async\" width=\"768\" height=\"512\" src=\"https:\/\/www.elturistatranquil.com\/wp-content\/uploads\/F06-Concatedral-de-San-Pedro-Soria.jpg\" class=\"attachment-large size-large wp-image-51583\" alt=\"Concatedral de San Pedro, Soria\" srcset=\"https:\/\/www.elturistatranquil.com\/wp-content\/uploads\/F06-Concatedral-de-San-Pedro-Soria.jpg 768w, https:\/\/www.elturistatranquil.com\/wp-content\/uploads\/F06-Concatedral-de-San-Pedro-Soria-339x226.jpg 339w\" sizes=\"(max-width: 768px) 100vw, 768px\" \/>\t\t\t\t\t\t\t\t\t\t\t<figcaption class=\"widget-image-caption wp-caption-text\">Planta de la cocatedral de San Pedro. Les zones negres corresponen a les restes de l'esgl\u00e9sia rom\u00e0nica que es conserven<\/figcaption>\n\t\t\t\t\t\t\t\t\t\t<\/figure>\n\t\t\t\t\t\t\t\t\t<\/div>\n\t\t\t\t<\/div>\n\t\t\t\t<div class=\"elementor-element elementor-element-5a8376a9 elementor-widget elementor-widget-heading\" data-id=\"5a8376a9\" data-element_type=\"widget\" data-e-type=\"widget\" data-widget_type=\"heading.default\">\n\t\t\t\t<div class=\"elementor-widget-container\">\n\t\t\t\t\t<h4 class=\"elementor-heading-title elementor-size-default\">L\u2019exterior<\/h4>\t\t\t\t<\/div>\n\t\t\t\t<\/div>\n\t\t\t\t<div class=\"elementor-element elementor-element-d7a4a3a elementor-widget elementor-widget-text-editor\" data-id=\"d7a4a3a\" data-element_type=\"widget\" data-e-type=\"widget\" data-widget_type=\"text-editor.default\">\n\t\t\t\t<div class=\"elementor-widget-container\">\n\t\t\t\t\t\t\t\t\t<p>L&#8217;estil arquitect\u00f2nic \u00e9s auster amb murs de carreus. Als peus i a la cap\u00e7alera se situen exteriorment contraforts rectangulars. En canvi, els contraforts dels laterals se situen a l&#8217;interior, en dues naus m\u00e9s estretes que les centrals, a partir de les columnes de sustentaci\u00f3 de la coberta, formant capelles, forma usual de construcci\u00f3 de l&#8217;\u00e8poca.<\/p>\t\t\t\t\t\t\t\t<\/div>\n\t\t\t\t<\/div>\n\t\t\t\t<div class=\"elementor-element elementor-element-4a93788 elementor-widget elementor-widget-image\" data-id=\"4a93788\" data-element_type=\"widget\" data-e-type=\"widget\" data-widget_type=\"image.default\">\n\t\t\t\t<div class=\"elementor-widget-container\">\n\t\t\t\t\t\t\t\t\t\t\t\t<figure class=\"wp-caption\">\n\t\t\t\t\t\t\t\t\t\t<img loading=\"lazy\" decoding=\"async\" width=\"768\" height=\"511\" src=\"https:\/\/www.elturistatranquil.com\/wp-content\/uploads\/F07-Concatedral-de-San-Pedro-Soria.jpg\" class=\"attachment-large size-large wp-image-51585\" alt=\"Concatedral de San Pedro, Soria\" srcset=\"https:\/\/www.elturistatranquil.com\/wp-content\/uploads\/F07-Concatedral-de-San-Pedro-Soria.jpg 768w, https:\/\/www.elturistatranquil.com\/wp-content\/uploads\/F07-Concatedral-de-San-Pedro-Soria-339x226.jpg 339w\" sizes=\"(max-width: 768px) 100vw, 768px\" \/>\t\t\t\t\t\t\t\t\t\t\t<figcaption class=\"widget-image-caption wp-caption-text\"><\/figcaption>\n\t\t\t\t\t\t\t\t\t\t<\/figure>\n\t\t\t\t\t\t\t\t\t<\/div>\n\t\t\t\t<\/div>\n\t\t\t\t<div class=\"elementor-element elementor-element-63906a8 elementor-widget elementor-widget-text-editor\" data-id=\"63906a8\" data-element_type=\"widget\" data-e-type=\"widget\" data-widget_type=\"text-editor.default\">\n\t\t\t\t<div class=\"elementor-widget-container\">\n\t\t\t\t\t\t\t\t\t<p>Als peus del temple, entro dos contraforts, se situava la Porta Santa (porta que s&#8217;obre els anys de jubileu de les esgl\u00e9sia que tenen concedit aquest privilegi), que era l&#8217;entrada a la primera esgl\u00e9sia rom\u00e0nica. Amb la reforma la portada principal es va traslladar al costat meridional.<\/p><p>La forma \u00e9s la d&#8217;un simple arc renaixentista.<\/p>\t\t\t\t\t\t\t\t<\/div>\n\t\t\t\t<\/div>\n\t\t\t\t<div class=\"elementor-element elementor-element-d39c3f0 elementor-widget elementor-widget-image\" data-id=\"d39c3f0\" data-element_type=\"widget\" data-e-type=\"widget\" data-widget_type=\"image.default\">\n\t\t\t\t<div class=\"elementor-widget-container\">\n\t\t\t\t\t\t\t\t\t\t\t\t<figure class=\"wp-caption\">\n\t\t\t\t\t\t\t\t\t\t<img loading=\"lazy\" decoding=\"async\" width=\"768\" height=\"512\" src=\"https:\/\/www.elturistatranquil.com\/wp-content\/uploads\/F08-Concatedral-de-San-Pedro-Soria.jpg\" class=\"attachment-large size-large wp-image-51587\" alt=\"Concatedral de San Pedro, Soria\" srcset=\"https:\/\/www.elturistatranquil.com\/wp-content\/uploads\/F08-Concatedral-de-San-Pedro-Soria.jpg 768w, https:\/\/www.elturistatranquil.com\/wp-content\/uploads\/F08-Concatedral-de-San-Pedro-Soria-339x226.jpg 339w\" sizes=\"(max-width: 768px) 100vw, 768px\" \/>\t\t\t\t\t\t\t\t\t\t\t<figcaption class=\"widget-image-caption wp-caption-text\"><\/figcaption>\n\t\t\t\t\t\t\t\t\t\t<\/figure>\n\t\t\t\t\t\t\t\t\t<\/div>\n\t\t\t\t<\/div>\n\t\t\t\t<div class=\"elementor-element elementor-element-a2c7323 elementor-widget elementor-widget-text-editor\" data-id=\"a2c7323\" data-element_type=\"widget\" data-e-type=\"widget\" data-widget_type=\"text-editor.default\">\n\t\t\t\t<div class=\"elementor-widget-container\">\n\t\t\t\t\t\t\t\t\t<p>La torre de la cocatedral de San Pedro \u00e9s de carreu, de planta sensiblement quadrada. La sala de campanes al nivell superior disposa de dues obertures per banda, ocupades per sengles campanes, excepte al costat nord, on s&#8217;ubica la campana major.<\/p>\t\t\t\t\t\t\t\t<\/div>\n\t\t\t\t<\/div>\n\t\t\t\t<div class=\"elementor-element elementor-element-3492e98 elementor-widget elementor-widget-image\" data-id=\"3492e98\" data-element_type=\"widget\" data-e-type=\"widget\" data-widget_type=\"image.default\">\n\t\t\t\t<div class=\"elementor-widget-container\">\n\t\t\t\t\t\t\t\t\t\t\t\t<figure class=\"wp-caption\">\n\t\t\t\t\t\t\t\t\t\t<img loading=\"lazy\" decoding=\"async\" width=\"768\" height=\"511\" src=\"https:\/\/www.elturistatranquil.com\/wp-content\/uploads\/F09-Concatedral-de-San-Pedro-Soria.jpg\" class=\"attachment-large size-large wp-image-51589\" alt=\"Concatedral de San Pedro, Soria\" srcset=\"https:\/\/www.elturistatranquil.com\/wp-content\/uploads\/F09-Concatedral-de-San-Pedro-Soria.jpg 768w, https:\/\/www.elturistatranquil.com\/wp-content\/uploads\/F09-Concatedral-de-San-Pedro-Soria-339x226.jpg 339w\" sizes=\"(max-width: 768px) 100vw, 768px\" \/>\t\t\t\t\t\t\t\t\t\t\t<figcaption class=\"widget-image-caption wp-caption-text\"><\/figcaption>\n\t\t\t\t\t\t\t\t\t\t<\/figure>\n\t\t\t\t\t\t\t\t\t<\/div>\n\t\t\t\t<\/div>\n\t\t\t\t<div class=\"elementor-element elementor-element-bfffa3c elementor-widget elementor-widget-text-editor\" data-id=\"bfffa3c\" data-element_type=\"widget\" data-e-type=\"widget\" data-widget_type=\"text-editor.default\">\n\t\t\t\t<div class=\"elementor-widget-container\">\n\t\t\t\t\t\t\t\t\t<p>A la cantonada dels peus del costat de l&#8217;ep\u00edstola sobresurt sobre el mur lateral un cos de capella, que trenca la continu\u00eftat del mur.<\/p><p>Com he assenyalat, amb la reforma, l&#8217;entrada principal es va traslladar al costat de l&#8217;ep\u00edstola, al transsepte de l&#8217;esgl\u00e9sia rom\u00e0nica que es va conservar, com s&#8217;aprecia pel color i l&#8217;alineaci\u00f3 amb el mur constru\u00eft posteriorment.<\/p>\t\t\t\t\t\t\t\t<\/div>\n\t\t\t\t<\/div>\n\t\t\t\t<div class=\"elementor-element elementor-element-d902347 elementor-widget elementor-widget-image\" data-id=\"d902347\" data-element_type=\"widget\" data-e-type=\"widget\" data-widget_type=\"image.default\">\n\t\t\t\t<div class=\"elementor-widget-container\">\n\t\t\t\t\t\t\t\t\t\t\t\t<figure class=\"wp-caption\">\n\t\t\t\t\t\t\t\t\t\t<img loading=\"lazy\" decoding=\"async\" width=\"768\" height=\"511\" src=\"https:\/\/www.elturistatranquil.com\/wp-content\/uploads\/F10-Concatedral-de-San-Pedro-Soria.jpg\" class=\"attachment-large size-large wp-image-51591\" alt=\"Concatedral de San Pedro, Soria\" srcset=\"https:\/\/www.elturistatranquil.com\/wp-content\/uploads\/F10-Concatedral-de-San-Pedro-Soria.jpg 768w, https:\/\/www.elturistatranquil.com\/wp-content\/uploads\/F10-Concatedral-de-San-Pedro-Soria-339x226.jpg 339w\" sizes=\"(max-width: 768px) 100vw, 768px\" \/>\t\t\t\t\t\t\t\t\t\t\t<figcaption class=\"widget-image-caption wp-caption-text\"><\/figcaption>\n\t\t\t\t\t\t\t\t\t\t<\/figure>\n\t\t\t\t\t\t\t\t\t<\/div>\n\t\t\t\t<\/div>\n\t\t\t\t<div class=\"elementor-element elementor-element-ee7a514 elementor-widget elementor-widget-text-editor\" data-id=\"ee7a514\" data-element_type=\"widget\" data-e-type=\"widget\" data-widget_type=\"text-editor.default\">\n\t\t\t\t<div class=\"elementor-widget-container\">\n\t\t\t\t\t\t\t\t\t<p>La porta que es va construir en estil plateresc amb Sant Pere en una forn\u00edcula a la part superior.<\/p>\t\t\t\t\t\t\t\t<\/div>\n\t\t\t\t<\/div>\n\t\t\t\t<div class=\"elementor-element elementor-element-c70c641 elementor-widget elementor-widget-image\" data-id=\"c70c641\" data-element_type=\"widget\" data-e-type=\"widget\" data-widget_type=\"image.default\">\n\t\t\t\t<div class=\"elementor-widget-container\">\n\t\t\t\t\t\t\t\t\t\t\t\t<figure class=\"wp-caption\">\n\t\t\t\t\t\t\t\t\t\t<img loading=\"lazy\" decoding=\"async\" width=\"768\" height=\"511\" src=\"https:\/\/www.elturistatranquil.com\/wp-content\/uploads\/F11-Concatedral-de-San-Pedro-Soria.jpg\" class=\"attachment-large size-large wp-image-51596\" alt=\"Concatedral de San Pedro, Soria\" srcset=\"https:\/\/www.elturistatranquil.com\/wp-content\/uploads\/F11-Concatedral-de-San-Pedro-Soria.jpg 768w, https:\/\/www.elturistatranquil.com\/wp-content\/uploads\/F11-Concatedral-de-San-Pedro-Soria-339x226.jpg 339w\" sizes=\"(max-width: 768px) 100vw, 768px\" \/>\t\t\t\t\t\t\t\t\t\t\t<figcaption class=\"widget-image-caption wp-caption-text\"><\/figcaption>\n\t\t\t\t\t\t\t\t\t\t<\/figure>\n\t\t\t\t\t\t\t\t\t<\/div>\n\t\t\t\t<\/div>\n\t\t\t\t<div class=\"elementor-element elementor-element-b82edb2 elementor-widget elementor-widget-image\" data-id=\"b82edb2\" data-element_type=\"widget\" data-e-type=\"widget\" data-widget_type=\"image.default\">\n\t\t\t\t<div class=\"elementor-widget-container\">\n\t\t\t\t\t\t\t\t\t\t\t\t<figure class=\"wp-caption\">\n\t\t\t\t\t\t\t\t\t\t<img loading=\"lazy\" decoding=\"async\" width=\"768\" height=\"511\" src=\"https:\/\/www.elturistatranquil.com\/wp-content\/uploads\/F12-Concatedral-de-San-Pedro-Soria.jpg\" class=\"attachment-large size-large wp-image-51598\" alt=\"Concatedral de San Pedro, Soria\" srcset=\"https:\/\/www.elturistatranquil.com\/wp-content\/uploads\/F12-Concatedral-de-San-Pedro-Soria.jpg 768w, https:\/\/www.elturistatranquil.com\/wp-content\/uploads\/F12-Concatedral-de-San-Pedro-Soria-339x226.jpg 339w\" sizes=\"(max-width: 768px) 100vw, 768px\" \/>\t\t\t\t\t\t\t\t\t\t\t<figcaption class=\"widget-image-caption wp-caption-text\"><\/figcaption>\n\t\t\t\t\t\t\t\t\t\t<\/figure>\n\t\t\t\t\t\t\t\t\t<\/div>\n\t\t\t\t<\/div>\n\t\t\t\t<div class=\"elementor-element elementor-element-78194db elementor-widget elementor-widget-image\" data-id=\"78194db\" data-element_type=\"widget\" data-e-type=\"widget\" data-widget_type=\"image.default\">\n\t\t\t\t<div class=\"elementor-widget-container\">\n\t\t\t\t\t\t\t\t\t\t\t\t<figure class=\"wp-caption\">\n\t\t\t\t\t\t\t\t\t\t<img loading=\"lazy\" decoding=\"async\" width=\"768\" height=\"511\" src=\"https:\/\/www.elturistatranquil.com\/wp-content\/uploads\/F13-Concatedral-de-San-Pedro-Soria.jpg\" class=\"attachment-large size-large wp-image-51600\" alt=\"Concatedral de San Pedro, Soria\" srcset=\"https:\/\/www.elturistatranquil.com\/wp-content\/uploads\/F13-Concatedral-de-San-Pedro-Soria.jpg 768w, https:\/\/www.elturistatranquil.com\/wp-content\/uploads\/F13-Concatedral-de-San-Pedro-Soria-339x226.jpg 339w\" sizes=\"(max-width: 768px) 100vw, 768px\" \/>\t\t\t\t\t\t\t\t\t\t\t<figcaption class=\"widget-image-caption wp-caption-text\"><\/figcaption>\n\t\t\t\t\t\t\t\t\t\t<\/figure>\n\t\t\t\t\t\t\t\t\t<\/div>\n\t\t\t\t<\/div>\n\t\t\t\t<div class=\"elementor-element elementor-element-a326b55 elementor-widget elementor-widget-text-editor\" data-id=\"a326b55\" data-element_type=\"widget\" data-e-type=\"widget\" data-widget_type=\"text-editor.default\">\n\t\t\t\t<div class=\"elementor-widget-container\">\n\t\t\t\t\t\t\t\t\t<p>A la porta s&#8217;hi poden apreciar ferramenta d&#8217;\u00e8poca.<\/p>\t\t\t\t\t\t\t\t<\/div>\n\t\t\t\t<\/div>\n\t\t\t\t<section class=\"elementor-section elementor-inner-section elementor-element elementor-element-39d979c elementor-section-boxed elementor-section-height-default elementor-section-height-default\" data-id=\"39d979c\" data-element_type=\"section\" data-e-type=\"section\">\n\t\t\t\t\t\t<div class=\"elementor-container elementor-column-gap-default\">\n\t\t\t\t\t<div class=\"elementor-column elementor-col-50 elementor-inner-column elementor-element elementor-element-f99722e\" data-id=\"f99722e\" data-element_type=\"column\" data-e-type=\"column\">\n\t\t\t<div class=\"elementor-widget-wrap elementor-element-populated\">\n\t\t\t\t\t\t<div class=\"elementor-element elementor-element-87ec680 elementor-widget elementor-widget-image\" data-id=\"87ec680\" data-element_type=\"widget\" data-e-type=\"widget\" data-widget_type=\"image.default\">\n\t\t\t\t<div class=\"elementor-widget-container\">\n\t\t\t\t\t\t\t\t\t\t\t\t\t\t\t<img loading=\"lazy\" decoding=\"async\" width=\"380\" height=\"380\" src=\"https:\/\/www.elturistatranquil.com\/wp-content\/uploads\/F14m-Concatedral-de-San-Pedro-Soria.jpg\" class=\"attachment-large size-large wp-image-51602\" alt=\"Concatedral de San Pedro, Soria\" srcset=\"https:\/\/www.elturistatranquil.com\/wp-content\/uploads\/F14m-Concatedral-de-San-Pedro-Soria.jpg 380w, https:\/\/www.elturistatranquil.com\/wp-content\/uploads\/F14m-Concatedral-de-San-Pedro-Soria-226x226.jpg 226w\" sizes=\"(max-width: 380px) 100vw, 380px\" \/>\t\t\t\t\t\t\t\t\t\t\t\t\t\t\t<\/div>\n\t\t\t\t<\/div>\n\t\t\t\t\t<\/div>\n\t\t<\/div>\n\t\t\t\t<div class=\"elementor-column elementor-col-50 elementor-inner-column elementor-element elementor-element-b3caae8\" data-id=\"b3caae8\" data-element_type=\"column\" data-e-type=\"column\">\n\t\t\t<div class=\"elementor-widget-wrap elementor-element-populated\">\n\t\t\t\t\t\t<div class=\"elementor-element elementor-element-b7efe95 elementor-widget elementor-widget-image\" data-id=\"b7efe95\" data-element_type=\"widget\" data-e-type=\"widget\" data-widget_type=\"image.default\">\n\t\t\t\t<div class=\"elementor-widget-container\">\n\t\t\t\t\t\t\t\t\t\t\t\t\t\t\t<img loading=\"lazy\" decoding=\"async\" width=\"380\" height=\"380\" src=\"https:\/\/www.elturistatranquil.com\/wp-content\/uploads\/F14n-Concatedral-de-San-Pedro-Soria.jpg\" class=\"attachment-large size-large wp-image-51604\" alt=\"Concatedral de San Pedro, Soria\" srcset=\"https:\/\/www.elturistatranquil.com\/wp-content\/uploads\/F14n-Concatedral-de-San-Pedro-Soria.jpg 380w, https:\/\/www.elturistatranquil.com\/wp-content\/uploads\/F14n-Concatedral-de-San-Pedro-Soria-226x226.jpg 226w\" sizes=\"(max-width: 380px) 100vw, 380px\" \/>\t\t\t\t\t\t\t\t\t\t\t\t\t\t\t<\/div>\n\t\t\t\t<\/div>\n\t\t\t\t\t<\/div>\n\t\t<\/div>\n\t\t\t\t\t<\/div>\n\t\t<\/section>\n\t\t\t\t<div class=\"elementor-element elementor-element-bdaf53b elementor-widget elementor-widget-image\" data-id=\"bdaf53b\" data-element_type=\"widget\" data-e-type=\"widget\" data-widget_type=\"image.default\">\n\t\t\t\t<div class=\"elementor-widget-container\">\n\t\t\t\t\t\t\t\t\t\t\t\t<figure class=\"wp-caption\">\n\t\t\t\t\t\t\t\t\t\t<img loading=\"lazy\" decoding=\"async\" width=\"768\" height=\"512\" src=\"https:\/\/www.elturistatranquil.com\/wp-content\/uploads\/F15-Concatedral-de-San-Pedro-Soria.jpg\" class=\"attachment-large size-large wp-image-51606\" alt=\"Concatedral de San Pedro, Soria\" srcset=\"https:\/\/www.elturistatranquil.com\/wp-content\/uploads\/F15-Concatedral-de-San-Pedro-Soria.jpg 768w, https:\/\/www.elturistatranquil.com\/wp-content\/uploads\/F15-Concatedral-de-San-Pedro-Soria-339x226.jpg 339w\" sizes=\"(max-width: 768px) 100vw, 768px\" \/>\t\t\t\t\t\t\t\t\t\t\t<figcaption class=\"widget-image-caption wp-caption-text\"><\/figcaption>\n\t\t\t\t\t\t\t\t\t\t<\/figure>\n\t\t\t\t\t\t\t\t\t<\/div>\n\t\t\t\t<\/div>\n\t\t\t\t<div class=\"elementor-element elementor-element-5f4fbd6 elementor-widget elementor-widget-text-editor\" data-id=\"5f4fbd6\" data-element_type=\"widget\" data-e-type=\"widget\" data-widget_type=\"text-editor.default\">\n\t\t\t\t<div class=\"elementor-widget-container\">\n\t\t\t\t\t\t\t\t\t<p>Al segle XVI es va construir un sol absis en forma pentagonal ocupant \u00fanicament la nau central.<\/p>\t\t\t\t\t\t\t\t<\/div>\n\t\t\t\t<\/div>\n\t\t\t\t<div class=\"elementor-element elementor-element-b9e1e75 elementor-widget elementor-widget-image\" data-id=\"b9e1e75\" data-element_type=\"widget\" data-e-type=\"widget\" data-widget_type=\"image.default\">\n\t\t\t\t<div class=\"elementor-widget-container\">\n\t\t\t\t\t\t\t\t\t\t\t\t<figure class=\"wp-caption\">\n\t\t\t\t\t\t\t\t\t\t<img loading=\"lazy\" decoding=\"async\" width=\"768\" height=\"512\" src=\"https:\/\/www.elturistatranquil.com\/wp-content\/uploads\/F16-Concatedral-de-San-Pedro-Soria.jpg\" class=\"attachment-large size-large wp-image-51608\" alt=\"Concatedral de San Pedro, Soria\" srcset=\"https:\/\/www.elturistatranquil.com\/wp-content\/uploads\/F16-Concatedral-de-San-Pedro-Soria.jpg 768w, https:\/\/www.elturistatranquil.com\/wp-content\/uploads\/F16-Concatedral-de-San-Pedro-Soria-339x226.jpg 339w\" sizes=\"(max-width: 768px) 100vw, 768px\" \/>\t\t\t\t\t\t\t\t\t\t\t<figcaption class=\"widget-image-caption wp-caption-text\"><\/figcaption>\n\t\t\t\t\t\t\t\t\t\t<\/figure>\n\t\t\t\t\t\t\t\t\t<\/div>\n\t\t\t\t<\/div>\n\t\t\t\t<div class=\"elementor-element elementor-element-85403df elementor-widget elementor-widget-text-editor\" data-id=\"85403df\" data-element_type=\"widget\" data-e-type=\"widget\" data-widget_type=\"text-editor.default\">\n\t\t\t\t<div class=\"elementor-widget-container\">\n\t\t\t\t\t\t\t\t\t<p>Sobre el mur meridional i als contraforts de l&#8217;absis van deixar la seva signatura mitjan\u00e7ant blasons.<\/p>\t\t\t\t\t\t\t\t<\/div>\n\t\t\t\t<\/div>\n\t\t\t\t<section class=\"elementor-section elementor-inner-section elementor-element elementor-element-ec0c9a3 elementor-section-boxed elementor-section-height-default elementor-section-height-default\" data-id=\"ec0c9a3\" data-element_type=\"section\" data-e-type=\"section\">\n\t\t\t\t\t\t<div class=\"elementor-container elementor-column-gap-default\">\n\t\t\t\t\t<div class=\"elementor-column elementor-col-50 elementor-inner-column elementor-element elementor-element-152f0f9\" data-id=\"152f0f9\" data-element_type=\"column\" data-e-type=\"column\">\n\t\t\t<div class=\"elementor-widget-wrap elementor-element-populated\">\n\t\t\t\t\t\t<div class=\"elementor-element elementor-element-8512612 elementor-widget elementor-widget-image\" data-id=\"8512612\" data-element_type=\"widget\" data-e-type=\"widget\" data-widget_type=\"image.default\">\n\t\t\t\t<div class=\"elementor-widget-container\">\n\t\t\t\t\t\t\t\t\t\t\t\t\t\t\t<img loading=\"lazy\" decoding=\"async\" width=\"380\" height=\"380\" src=\"https:\/\/www.elturistatranquil.com\/wp-content\/uploads\/F17m-Concatedral-de-San-Pedro-Soria.jpg\" class=\"attachment-large size-large wp-image-51610\" alt=\"Concatedral de San Pedro, Soria\" srcset=\"https:\/\/www.elturistatranquil.com\/wp-content\/uploads\/F17m-Concatedral-de-San-Pedro-Soria.jpg 380w, https:\/\/www.elturistatranquil.com\/wp-content\/uploads\/F17m-Concatedral-de-San-Pedro-Soria-226x226.jpg 226w\" sizes=\"(max-width: 380px) 100vw, 380px\" \/>\t\t\t\t\t\t\t\t\t\t\t\t\t\t\t<\/div>\n\t\t\t\t<\/div>\n\t\t\t\t\t<\/div>\n\t\t<\/div>\n\t\t\t\t<div class=\"elementor-column elementor-col-50 elementor-inner-column elementor-element elementor-element-57fb44d\" data-id=\"57fb44d\" data-element_type=\"column\" data-e-type=\"column\">\n\t\t\t<div class=\"elementor-widget-wrap elementor-element-populated\">\n\t\t\t\t\t\t<div class=\"elementor-element elementor-element-1a69412 elementor-widget elementor-widget-image\" data-id=\"1a69412\" data-element_type=\"widget\" data-e-type=\"widget\" data-widget_type=\"image.default\">\n\t\t\t\t<div class=\"elementor-widget-container\">\n\t\t\t\t\t\t\t\t\t\t\t\t\t\t\t<img loading=\"lazy\" decoding=\"async\" width=\"380\" height=\"380\" src=\"https:\/\/www.elturistatranquil.com\/wp-content\/uploads\/F17n-Concatedral-de-San-Pedro-Soria.jpg\" class=\"attachment-large size-large wp-image-51612\" alt=\"Concatedral de San Pedro, Soria\" srcset=\"https:\/\/www.elturistatranquil.com\/wp-content\/uploads\/F17n-Concatedral-de-San-Pedro-Soria.jpg 380w, https:\/\/www.elturistatranquil.com\/wp-content\/uploads\/F17n-Concatedral-de-San-Pedro-Soria-226x226.jpg 226w\" sizes=\"(max-width: 380px) 100vw, 380px\" \/>\t\t\t\t\t\t\t\t\t\t\t\t\t\t\t<\/div>\n\t\t\t\t<\/div>\n\t\t\t\t\t<\/div>\n\t\t<\/div>\n\t\t\t\t\t<\/div>\n\t\t<\/section>\n\t\t\t\t<div class=\"elementor-element elementor-element-84ffc5f elementor-widget elementor-widget-text-editor\" data-id=\"84ffc5f\" data-element_type=\"widget\" data-e-type=\"widget\" data-widget_type=\"text-editor.default\">\n\t\t\t\t<div class=\"elementor-widget-container\">\n\t\t\t\t\t\t\t\t\t<p>\u00a0<\/p><p>Avan\u00e7ant per l&#8217;exterior fins al costat nord, trobem l&#8217;edifici corresponent al refectori que estava situat al costat de la galeria nord del claustre. A la cantonada oriental apareix un conjunt de obertures a tres nivells. El m\u00e9s interessant \u00e9s el superior en qu\u00e8 es troba una finestra tr\u00edfora que recorda les <a href=\"https:\/\/www.elturistatranquil.com\/ca\/esglesia-de-santa-cristina-de-lena\/#b0703\" target=\"_blank\" rel=\"noopener\">asturienses<\/a>. Es pot suposar que aquest conjunt d&#8217;entrada podria correspondre a la primera construcci\u00f3 rom\u00e0nica de la col\u00b7legiata.<\/p>\t\t\t\t\t\t\t\t<\/div>\n\t\t\t\t<\/div>\n\t\t\t\t<div class=\"elementor-element elementor-element-81bbc45 elementor-widget elementor-widget-image\" data-id=\"81bbc45\" data-element_type=\"widget\" data-e-type=\"widget\" data-widget_type=\"image.default\">\n\t\t\t\t<div class=\"elementor-widget-container\">\n\t\t\t\t\t\t\t\t\t\t\t\t<figure class=\"wp-caption\">\n\t\t\t\t\t\t\t\t\t\t<img loading=\"lazy\" decoding=\"async\" width=\"768\" height=\"512\" src=\"https:\/\/www.elturistatranquil.com\/wp-content\/uploads\/F18-Concatedral-de-San-Pedro-Soria.jpg\" class=\"attachment-large size-large wp-image-51614\" alt=\"Concatedral de San Pedro, Soria\" srcset=\"https:\/\/www.elturistatranquil.com\/wp-content\/uploads\/F18-Concatedral-de-San-Pedro-Soria.jpg 768w, https:\/\/www.elturistatranquil.com\/wp-content\/uploads\/F18-Concatedral-de-San-Pedro-Soria-339x226.jpg 339w\" sizes=\"(max-width: 768px) 100vw, 768px\" \/>\t\t\t\t\t\t\t\t\t\t\t<figcaption class=\"widget-image-caption wp-caption-text\"><\/figcaption>\n\t\t\t\t\t\t\t\t\t\t<\/figure>\n\t\t\t\t\t\t\t\t\t<\/div>\n\t\t\t\t<\/div>\n\t\t\t\t<div class=\"elementor-element elementor-element-cb1d1aa elementor-widget elementor-widget-text-editor\" data-id=\"cb1d1aa\" data-element_type=\"widget\" data-e-type=\"widget\" data-widget_type=\"text-editor.default\">\n\t\t\t\t<div class=\"elementor-widget-container\">\n\t\t\t\t\t\t\t\t\t<p>Tot i que a aquesta part no acostuma a adre\u00e7ar-s\u2019hi els visitants la situaci\u00f3 dels senyals d&#8217;alarma no sembla la m\u00e9s respectuosa amb els vestigis hist\u00f2rics.<\/p>\t\t\t\t\t\t\t\t<\/div>\n\t\t\t\t<\/div>\n\t\t\t\t<div class=\"elementor-element elementor-element-df03183 elementor-widget elementor-widget-image\" data-id=\"df03183\" data-element_type=\"widget\" data-e-type=\"widget\" data-widget_type=\"image.default\">\n\t\t\t\t<div class=\"elementor-widget-container\">\n\t\t\t\t\t\t\t\t\t\t\t\t<figure class=\"wp-caption\">\n\t\t\t\t\t\t\t\t\t\t<img loading=\"lazy\" decoding=\"async\" width=\"768\" height=\"512\" src=\"https:\/\/www.elturistatranquil.com\/wp-content\/uploads\/F19a-Concatedral-de-San-Pedro-Soria.jpg\" class=\"attachment-large size-large wp-image-51627\" alt=\"Concatedral de San Pedro, Soria\" srcset=\"https:\/\/www.elturistatranquil.com\/wp-content\/uploads\/F19a-Concatedral-de-San-Pedro-Soria.jpg 768w, https:\/\/www.elturistatranquil.com\/wp-content\/uploads\/F19a-Concatedral-de-San-Pedro-Soria-339x226.jpg 339w\" sizes=\"(max-width: 768px) 100vw, 768px\" \/>\t\t\t\t\t\t\t\t\t\t\t<figcaption class=\"widget-image-caption wp-caption-text\"><\/figcaption>\n\t\t\t\t\t\t\t\t\t\t<\/figure>\n\t\t\t\t\t\t\t\t\t<\/div>\n\t\t\t\t<\/div>\n\t\t\t\t<div class=\"elementor-element elementor-element-840b994 elementor-widget elementor-widget-image\" data-id=\"840b994\" data-element_type=\"widget\" data-e-type=\"widget\" data-widget_type=\"image.default\">\n\t\t\t\t<div class=\"elementor-widget-container\">\n\t\t\t\t\t\t\t\t\t\t\t\t<figure class=\"wp-caption\">\n\t\t\t\t\t\t\t\t\t\t<img loading=\"lazy\" decoding=\"async\" width=\"768\" height=\"512\" src=\"https:\/\/www.elturistatranquil.com\/wp-content\/uploads\/F19b-Concatedral-de-San-Pedro-Soria.jpg\" class=\"attachment-large size-large wp-image-51629\" alt=\"Concatedral de San Pedro, Soria\" srcset=\"https:\/\/www.elturistatranquil.com\/wp-content\/uploads\/F19b-Concatedral-de-San-Pedro-Soria.jpg 768w, https:\/\/www.elturistatranquil.com\/wp-content\/uploads\/F19b-Concatedral-de-San-Pedro-Soria-339x226.jpg 339w\" sizes=\"(max-width: 768px) 100vw, 768px\" \/>\t\t\t\t\t\t\t\t\t\t\t<figcaption class=\"widget-image-caption wp-caption-text\"><\/figcaption>\n\t\t\t\t\t\t\t\t\t\t<\/figure>\n\t\t\t\t\t\t\t\t\t<\/div>\n\t\t\t\t<\/div>\n\t\t\t\t<div class=\"elementor-element elementor-element-62a6bed elementor-widget elementor-widget-text-editor\" data-id=\"62a6bed\" data-element_type=\"widget\" data-e-type=\"widget\" data-widget_type=\"text-editor.default\">\n\t\t\t\t<div class=\"elementor-widget-container\">\n\t\t\t\t\t\t\t\t\t<p>Sobre el mur lateral tamb\u00e9 s&#8217;obren finestres i espitlleres.<\/p>\t\t\t\t\t\t\t\t<\/div>\n\t\t\t\t<\/div>\n\t\t\t\t<div class=\"elementor-element elementor-element-706f4d8 elementor-widget elementor-widget-image\" data-id=\"706f4d8\" data-element_type=\"widget\" data-e-type=\"widget\" data-widget_type=\"image.default\">\n\t\t\t\t<div class=\"elementor-widget-container\">\n\t\t\t\t\t\t\t\t\t\t\t\t<figure class=\"wp-caption\">\n\t\t\t\t\t\t\t\t\t\t<img loading=\"lazy\" decoding=\"async\" width=\"768\" height=\"511\" src=\"https:\/\/www.elturistatranquil.com\/wp-content\/uploads\/F20-Concatedral-de-San-Pedro-Soria.jpg\" class=\"attachment-large size-large wp-image-51631\" alt=\"Concatedral de San Pedro, Soria\" srcset=\"https:\/\/www.elturistatranquil.com\/wp-content\/uploads\/F20-Concatedral-de-San-Pedro-Soria.jpg 768w, https:\/\/www.elturistatranquil.com\/wp-content\/uploads\/F20-Concatedral-de-San-Pedro-Soria-339x226.jpg 339w\" sizes=\"(max-width: 768px) 100vw, 768px\" \/>\t\t\t\t\t\t\t\t\t\t\t<figcaption class=\"widget-image-caption wp-caption-text\"><\/figcaption>\n\t\t\t\t\t\t\t\t\t\t<\/figure>\n\t\t\t\t\t\t\t\t\t<\/div>\n\t\t\t\t<\/div>\n\t\t\t\t<div class=\"elementor-element elementor-element-040bdec elementor-widget elementor-widget-heading\" data-id=\"040bdec\" data-element_type=\"widget\" data-e-type=\"widget\" data-widget_type=\"heading.default\">\n\t\t\t\t<div class=\"elementor-widget-container\">\n\t\t\t\t\t<h4 class=\"elementor-heading-title elementor-size-default\">Claustre rom\u00e0nic<\/h4>\t\t\t\t<\/div>\n\t\t\t\t<\/div>\n\t\t\t\t<div class=\"elementor-element elementor-element-fae300c elementor-widget elementor-widget-text-editor\" data-id=\"fae300c\" data-element_type=\"widget\" data-e-type=\"widget\" data-widget_type=\"text-editor.default\">\n\t\t\t\t<div class=\"elementor-widget-container\">\n\t\t\t\t\t\t\t\t\t<p>En entrar al temple ens dirigim en primer lloc al claustre rom\u00e0nic.<\/p><p>El claustre, de forma quadrada, ocupa una \u00e0mplia extensi\u00f3 de 30 per 30 metres. Es considera que es va construir sota la influ\u00e8ncia del de Silos.<\/p><p>Del claustre rom\u00e0nic se&#8217;n conserven gaireb\u00e9 tres quartes parts, ja que com sabem, la galeria meridional va ser desmuntada per construir el mur nord del temple seguint la l\u00ednia del transsepte. Aix\u00f2 va obligar tamb\u00e9 a retallar les arcades del claustre que conflu\u00efen en aquesta zona, com es pot apreciar al pl\u00e0nol de la planta mostrat anteriorment, i que es reflecteix a les fotografies posteriors.<\/p><p>El claustre est\u00e0 format per galeries d\u2019un sol nivell cobertes amb teulada de teula corba. Les arcades que recorren les galeries queden partides per dos pilars a cada costat.<\/p><p>Els arcs rom\u00e0nics de mig punt es recolzen en dobles columnes apariades amb capitells esculpits amb figures vegetals, zoomorfes o historiades.<\/p><p>Els pilars tamb\u00e9 es decoren amb triples columnes geminades, amb capitells.<\/p>\t\t\t\t\t\t\t\t<\/div>\n\t\t\t\t<\/div>\n\t\t\t\t<div class=\"elementor-element elementor-element-51ef112 elementor-widget elementor-widget-image\" data-id=\"51ef112\" data-element_type=\"widget\" data-e-type=\"widget\" data-widget_type=\"image.default\">\n\t\t\t\t<div class=\"elementor-widget-container\">\n\t\t\t\t\t\t\t\t\t\t\t\t<figure class=\"wp-caption\">\n\t\t\t\t\t\t\t\t\t\t<img loading=\"lazy\" decoding=\"async\" width=\"768\" height=\"511\" src=\"https:\/\/www.elturistatranquil.com\/wp-content\/uploads\/F21-Concatedral-de-San-Pedro-Soria.jpg\" class=\"attachment-large size-large wp-image-51633\" alt=\"Concatedral de San Pedro, Soria\" srcset=\"https:\/\/www.elturistatranquil.com\/wp-content\/uploads\/F21-Concatedral-de-San-Pedro-Soria.jpg 768w, https:\/\/www.elturistatranquil.com\/wp-content\/uploads\/F21-Concatedral-de-San-Pedro-Soria-339x226.jpg 339w\" sizes=\"(max-width: 768px) 100vw, 768px\" \/>\t\t\t\t\t\t\t\t\t\t\t<figcaption class=\"widget-image-caption wp-caption-text\"><\/figcaption>\n\t\t\t\t\t\t\t\t\t\t<\/figure>\n\t\t\t\t\t\t\t\t\t<\/div>\n\t\t\t\t<\/div>\n\t\t\t\t<div class=\"elementor-element elementor-element-b2bdbec elementor-widget elementor-widget-image\" data-id=\"b2bdbec\" data-element_type=\"widget\" data-e-type=\"widget\" data-widget_type=\"image.default\">\n\t\t\t\t<div class=\"elementor-widget-container\">\n\t\t\t\t\t\t\t\t\t\t\t\t<figure class=\"wp-caption\">\n\t\t\t\t\t\t\t\t\t\t<img loading=\"lazy\" decoding=\"async\" width=\"768\" height=\"512\" src=\"https:\/\/www.elturistatranquil.com\/wp-content\/uploads\/F22-Concatedral-de-San-Pedro-Soria.jpg\" class=\"attachment-large size-large wp-image-51635\" alt=\"Concatedral de San Pedro, Soria\" srcset=\"https:\/\/www.elturistatranquil.com\/wp-content\/uploads\/F22-Concatedral-de-San-Pedro-Soria.jpg 768w, https:\/\/www.elturistatranquil.com\/wp-content\/uploads\/F22-Concatedral-de-San-Pedro-Soria-339x226.jpg 339w\" sizes=\"(max-width: 768px) 100vw, 768px\" \/>\t\t\t\t\t\t\t\t\t\t\t<figcaption class=\"widget-image-caption wp-caption-text\"><\/figcaption>\n\t\t\t\t\t\t\t\t\t\t<\/figure>\n\t\t\t\t\t\t\t\t\t<\/div>\n\t\t\t\t<\/div>\n\t\t\t\t<div class=\"elementor-element elementor-element-ec5d4d2 elementor-widget elementor-widget-image\" data-id=\"ec5d4d2\" data-element_type=\"widget\" data-e-type=\"widget\" data-widget_type=\"image.default\">\n\t\t\t\t<div class=\"elementor-widget-container\">\n\t\t\t\t\t\t\t\t\t\t\t\t<figure class=\"wp-caption\">\n\t\t\t\t\t\t\t\t\t\t<img loading=\"lazy\" decoding=\"async\" width=\"768\" height=\"511\" src=\"https:\/\/www.elturistatranquil.com\/wp-content\/uploads\/F23-Concatedral-de-San-Pedro-Soria.jpg\" class=\"attachment-large size-large wp-image-51637\" alt=\"Concatedral de San Pedro, Soria\" srcset=\"https:\/\/www.elturistatranquil.com\/wp-content\/uploads\/F23-Concatedral-de-San-Pedro-Soria.jpg 768w, https:\/\/www.elturistatranquil.com\/wp-content\/uploads\/F23-Concatedral-de-San-Pedro-Soria-339x226.jpg 339w\" sizes=\"(max-width: 768px) 100vw, 768px\" \/>\t\t\t\t\t\t\t\t\t\t\t<figcaption class=\"widget-image-caption wp-caption-text\"><\/figcaption>\n\t\t\t\t\t\t\t\t\t\t<\/figure>\n\t\t\t\t\t\t\t\t\t<\/div>\n\t\t\t\t<\/div>\n\t\t\t\t<div class=\"elementor-element elementor-element-9dcf505 elementor-widget elementor-widget-image\" data-id=\"9dcf505\" data-element_type=\"widget\" data-e-type=\"widget\" data-widget_type=\"image.default\">\n\t\t\t\t<div class=\"elementor-widget-container\">\n\t\t\t\t\t\t\t\t\t\t\t\t<figure class=\"wp-caption\">\n\t\t\t\t\t\t\t\t\t\t<img loading=\"lazy\" decoding=\"async\" width=\"768\" height=\"511\" src=\"https:\/\/www.elturistatranquil.com\/wp-content\/uploads\/F24-Concatedral-de-San-Pedro-Soria.jpg\" class=\"attachment-large size-large wp-image-51639\" alt=\"Concatedral de San Pedro, Soria\" srcset=\"https:\/\/www.elturistatranquil.com\/wp-content\/uploads\/F24-Concatedral-de-San-Pedro-Soria.jpg 768w, https:\/\/www.elturistatranquil.com\/wp-content\/uploads\/F24-Concatedral-de-San-Pedro-Soria-339x226.jpg 339w\" sizes=\"(max-width: 768px) 100vw, 768px\" \/>\t\t\t\t\t\t\t\t\t\t\t<figcaption class=\"widget-image-caption wp-caption-text\"><\/figcaption>\n\t\t\t\t\t\t\t\t\t\t<\/figure>\n\t\t\t\t\t\t\t\t\t<\/div>\n\t\t\t\t<\/div>\n\t\t\t\t<div class=\"elementor-element elementor-element-8722dda elementor-widget elementor-widget-image\" data-id=\"8722dda\" data-element_type=\"widget\" data-e-type=\"widget\" data-widget_type=\"image.default\">\n\t\t\t\t<div class=\"elementor-widget-container\">\n\t\t\t\t\t\t\t\t\t\t\t\t<figure class=\"wp-caption\">\n\t\t\t\t\t\t\t\t\t\t<img loading=\"lazy\" decoding=\"async\" width=\"768\" height=\"511\" src=\"https:\/\/www.elturistatranquil.com\/wp-content\/uploads\/F25-Concatedral-de-San-Pedro-Soria.jpg\" class=\"attachment-large size-large wp-image-51641\" alt=\"Concatedral de San Pedro, Soria\" srcset=\"https:\/\/www.elturistatranquil.com\/wp-content\/uploads\/F25-Concatedral-de-San-Pedro-Soria.jpg 768w, https:\/\/www.elturistatranquil.com\/wp-content\/uploads\/F25-Concatedral-de-San-Pedro-Soria-339x226.jpg 339w\" sizes=\"(max-width: 768px) 100vw, 768px\" \/>\t\t\t\t\t\t\t\t\t\t\t<figcaption class=\"widget-image-caption wp-caption-text\"><\/figcaption>\n\t\t\t\t\t\t\t\t\t\t<\/figure>\n\t\t\t\t\t\t\t\t\t<\/div>\n\t\t\t\t<\/div>\n\t\t\t\t<div class=\"elementor-element elementor-element-01342a7 elementor-widget elementor-widget-text-editor\" data-id=\"01342a7\" data-element_type=\"widget\" data-e-type=\"widget\" data-widget_type=\"text-editor.default\">\n\t\t\t\t<div class=\"elementor-widget-container\">\n\t\t\t\t\t\t\t\t\t<p>La comunicaci\u00f3 amb el temple es produeix per la galeria de llevant, situant-se tot seguit l&#8217;entrada a la sala capitular.<\/p>\t\t\t\t\t\t\t\t<\/div>\n\t\t\t\t<\/div>\n\t\t\t\t<div class=\"elementor-element elementor-element-320272a elementor-widget elementor-widget-image\" data-id=\"320272a\" data-element_type=\"widget\" data-e-type=\"widget\" data-widget_type=\"image.default\">\n\t\t\t\t<div class=\"elementor-widget-container\">\n\t\t\t\t\t\t\t\t\t\t\t\t<figure class=\"wp-caption\">\n\t\t\t\t\t\t\t\t\t\t<img loading=\"lazy\" decoding=\"async\" width=\"768\" height=\"511\" src=\"https:\/\/www.elturistatranquil.com\/wp-content\/uploads\/F26-Concatedral-de-San-Pedro-Soria.jpg\" class=\"attachment-large size-large wp-image-51643\" alt=\"Concatedral de San Pedro, Soria\" srcset=\"https:\/\/www.elturistatranquil.com\/wp-content\/uploads\/F26-Concatedral-de-San-Pedro-Soria.jpg 768w, https:\/\/www.elturistatranquil.com\/wp-content\/uploads\/F26-Concatedral-de-San-Pedro-Soria-339x226.jpg 339w\" sizes=\"(max-width: 768px) 100vw, 768px\" \/>\t\t\t\t\t\t\t\t\t\t\t<figcaption class=\"widget-image-caption wp-caption-text\"><\/figcaption>\n\t\t\t\t\t\t\t\t\t\t<\/figure>\n\t\t\t\t\t\t\t\t\t<\/div>\n\t\t\t\t<\/div>\n\t\t\t\t<div class=\"elementor-element elementor-element-2ba3d2d elementor-widget elementor-widget-image\" data-id=\"2ba3d2d\" data-element_type=\"widget\" data-e-type=\"widget\" data-widget_type=\"image.default\">\n\t\t\t\t<div class=\"elementor-widget-container\">\n\t\t\t\t\t\t\t\t\t\t\t\t<figure class=\"wp-caption\">\n\t\t\t\t\t\t\t\t\t\t<img loading=\"lazy\" decoding=\"async\" width=\"768\" height=\"511\" src=\"https:\/\/www.elturistatranquil.com\/wp-content\/uploads\/F37-Concatedral-de-San-Pedro-Soria.jpg\" class=\"attachment-large size-large wp-image-51651\" alt=\"Concatedral de San Pedro, Soria\" srcset=\"https:\/\/www.elturistatranquil.com\/wp-content\/uploads\/F37-Concatedral-de-San-Pedro-Soria.jpg 768w, https:\/\/www.elturistatranquil.com\/wp-content\/uploads\/F37-Concatedral-de-San-Pedro-Soria-339x226.jpg 339w\" sizes=\"(max-width: 768px) 100vw, 768px\" \/>\t\t\t\t\t\t\t\t\t\t\t<figcaption class=\"widget-image-caption wp-caption-text\"><\/figcaption>\n\t\t\t\t\t\t\t\t\t\t<\/figure>\n\t\t\t\t\t\t\t\t\t<\/div>\n\t\t\t\t<\/div>\n\t\t\t\t<div class=\"elementor-element elementor-element-612a8ac elementor-widget elementor-widget-text-editor\" data-id=\"612a8ac\" data-element_type=\"widget\" data-e-type=\"widget\" data-widget_type=\"text-editor.default\">\n\t\t\t\t<div class=\"elementor-widget-container\">\n\t\t\t\t\t\t\t\t\t<p>L&#8217;entrada a l&#8217;antiga sala capitular s&#8217;efectua a trav\u00e9s d&#8217;una obertura de mig punt de doble esqueixada de tres arquivoltes sobre columnes amb capitells. L&#8217;arc d&#8217;acc\u00e9s \u00e9s lobulat.<\/p><p>A cada costat un finestral d&#8217;arc de mig punt que a l&#8217;interior cont\u00e9 a la base un coixinet de dos arcs de mig punt i mainell de doble columna amb capitells. A sobre un \u00f2cul circular polilobulat.<\/p><p>Les tres obertures amb vasa d\u2019adorn de dibuixos geom\u00e8trics.<\/p>\t\t\t\t\t\t\t\t<\/div>\n\t\t\t\t<\/div>\n\t\t\t\t<div class=\"elementor-element elementor-element-01c4811 elementor-widget elementor-widget-image\" data-id=\"01c4811\" data-element_type=\"widget\" data-e-type=\"widget\" data-widget_type=\"image.default\">\n\t\t\t\t<div class=\"elementor-widget-container\">\n\t\t\t\t\t\t\t\t\t\t\t\t<figure class=\"wp-caption\">\n\t\t\t\t\t\t\t\t\t\t<img loading=\"lazy\" decoding=\"async\" width=\"768\" height=\"576\" src=\"https:\/\/www.elturistatranquil.com\/wp-content\/uploads\/F27-Concatedral-de-San-Pedro-Soria.jpg\" class=\"attachment-large size-large wp-image-51625\" alt=\"Concatedral de San Pedro, Soria\" srcset=\"https:\/\/www.elturistatranquil.com\/wp-content\/uploads\/F27-Concatedral-de-San-Pedro-Soria.jpg 768w, https:\/\/www.elturistatranquil.com\/wp-content\/uploads\/F27-Concatedral-de-San-Pedro-Soria-301x226.jpg 301w\" sizes=\"(max-width: 768px) 100vw, 768px\" \/>\t\t\t\t\t\t\t\t\t\t\t<figcaption class=\"widget-image-caption wp-caption-text\"><\/figcaption>\n\t\t\t\t\t\t\t\t\t\t<\/figure>\n\t\t\t\t\t\t\t\t\t<\/div>\n\t\t\t\t<\/div>\n\t\t\t\t<div class=\"elementor-element elementor-element-6ae14de elementor-widget elementor-widget-image\" data-id=\"6ae14de\" data-element_type=\"widget\" data-e-type=\"widget\" data-widget_type=\"image.default\">\n\t\t\t\t<div class=\"elementor-widget-container\">\n\t\t\t\t\t\t\t\t\t\t\t\t<figure class=\"wp-caption\">\n\t\t\t\t\t\t\t\t\t\t<img loading=\"lazy\" decoding=\"async\" width=\"768\" height=\"511\" src=\"https:\/\/www.elturistatranquil.com\/wp-content\/uploads\/F28-Concatedral-de-San-Pedro-Soria.jpg\" class=\"attachment-large size-large wp-image-51653\" alt=\"Concatedral de San Pedro, Soria\" srcset=\"https:\/\/www.elturistatranquil.com\/wp-content\/uploads\/F28-Concatedral-de-San-Pedro-Soria.jpg 768w, https:\/\/www.elturistatranquil.com\/wp-content\/uploads\/F28-Concatedral-de-San-Pedro-Soria-339x226.jpg 339w\" sizes=\"(max-width: 768px) 100vw, 768px\" \/>\t\t\t\t\t\t\t\t\t\t\t<figcaption class=\"widget-image-caption wp-caption-text\"><\/figcaption>\n\t\t\t\t\t\t\t\t\t\t<\/figure>\n\t\t\t\t\t\t\t\t\t<\/div>\n\t\t\t\t<\/div>\n\t\t\t\t<div class=\"elementor-element elementor-element-5bcea96 elementor-widget elementor-widget-image\" data-id=\"5bcea96\" data-element_type=\"widget\" data-e-type=\"widget\" data-widget_type=\"image.default\">\n\t\t\t\t<div class=\"elementor-widget-container\">\n\t\t\t\t\t\t\t\t\t\t\t\t<figure class=\"wp-caption\">\n\t\t\t\t\t\t\t\t\t\t<img loading=\"lazy\" decoding=\"async\" width=\"768\" height=\"511\" src=\"https:\/\/www.elturistatranquil.com\/wp-content\/uploads\/F29-Concatedral-de-San-Pedro-Soria.jpg\" class=\"attachment-large size-large wp-image-51655\" alt=\"Concatedral de San Pedro, Soria\" srcset=\"https:\/\/www.elturistatranquil.com\/wp-content\/uploads\/F29-Concatedral-de-San-Pedro-Soria.jpg 768w, https:\/\/www.elturistatranquil.com\/wp-content\/uploads\/F29-Concatedral-de-San-Pedro-Soria-339x226.jpg 339w\" sizes=\"(max-width: 768px) 100vw, 768px\" \/>\t\t\t\t\t\t\t\t\t\t\t<figcaption class=\"widget-image-caption wp-caption-text\"><\/figcaption>\n\t\t\t\t\t\t\t\t\t\t<\/figure>\n\t\t\t\t\t\t\t\t\t<\/div>\n\t\t\t\t<\/div>\n\t\t\t\t<div class=\"elementor-element elementor-element-d0ca137 elementor-widget elementor-widget-text-editor\" data-id=\"d0ca137\" data-element_type=\"widget\" data-e-type=\"widget\" data-widget_type=\"text-editor.default\">\n\t\t\t\t<div class=\"elementor-widget-container\">\n\t\t\t\t\t\t\t\t\t<p>Entre aquestes estructures de la sala capitular i la portada d&#8217;acc\u00e9s seg\u00fcent a una depend\u00e8ncia situada m\u00e9s al nord, s&#8217;obre una cavitat sepulcral. La obertura \u00e9s d&#8217;arc de mig punt polilobulat i les parets laterals interiors estan decorades amb petites columnes amb capitells de decoraci\u00f3 vegetal. Al fons es va decorar s&#8217;hi observa una creu <em>florenzada<\/em>. La seva f\u00e0brica \u00e9s de la mateixa \u00e8poca que la fa\u00e7ana de la sala capitular.<\/p>\t\t\t\t\t\t\t\t<\/div>\n\t\t\t\t<\/div>\n\t\t\t\t<div class=\"elementor-element elementor-element-6175c99 elementor-widget elementor-widget-image\" data-id=\"6175c99\" data-element_type=\"widget\" data-e-type=\"widget\" data-widget_type=\"image.default\">\n\t\t\t\t<div class=\"elementor-widget-container\">\n\t\t\t\t\t\t\t\t\t\t\t\t<figure class=\"wp-caption\">\n\t\t\t\t\t\t\t\t\t\t<img loading=\"lazy\" decoding=\"async\" width=\"768\" height=\"511\" src=\"https:\/\/www.elturistatranquil.com\/wp-content\/uploads\/F30-Concatedral-de-San-Pedro-Soria.jpg\" class=\"attachment-large size-large wp-image-51657\" alt=\"Concatedral de San Pedro, Soria\" srcset=\"https:\/\/www.elturistatranquil.com\/wp-content\/uploads\/F30-Concatedral-de-San-Pedro-Soria.jpg 768w, https:\/\/www.elturistatranquil.com\/wp-content\/uploads\/F30-Concatedral-de-San-Pedro-Soria-339x226.jpg 339w\" sizes=\"(max-width: 768px) 100vw, 768px\" \/>\t\t\t\t\t\t\t\t\t\t\t<figcaption class=\"widget-image-caption wp-caption-text\"><\/figcaption>\n\t\t\t\t\t\t\t\t\t\t<\/figure>\n\t\t\t\t\t\t\t\t\t<\/div>\n\t\t\t\t<\/div>\n\t\t\t\t<div class=\"elementor-element elementor-element-a432221 elementor-widget elementor-widget-image\" data-id=\"a432221\" data-element_type=\"widget\" data-e-type=\"widget\" data-widget_type=\"image.default\">\n\t\t\t\t<div class=\"elementor-widget-container\">\n\t\t\t\t\t\t\t\t\t\t\t\t<figure class=\"wp-caption\">\n\t\t\t\t\t\t\t\t\t\t<img loading=\"lazy\" decoding=\"async\" width=\"768\" height=\"512\" src=\"https:\/\/www.elturistatranquil.com\/wp-content\/uploads\/F31-Concatedral-de-San-Pedro-Soria.jpg\" class=\"attachment-large size-large wp-image-51659\" alt=\"Concatedral de San Pedro, Soria\" srcset=\"https:\/\/www.elturistatranquil.com\/wp-content\/uploads\/F31-Concatedral-de-San-Pedro-Soria.jpg 768w, https:\/\/www.elturistatranquil.com\/wp-content\/uploads\/F31-Concatedral-de-San-Pedro-Soria-339x226.jpg 339w\" sizes=\"(max-width: 768px) 100vw, 768px\" \/>\t\t\t\t\t\t\t\t\t\t\t<figcaption class=\"widget-image-caption wp-caption-text\"><\/figcaption>\n\t\t\t\t\t\t\t\t\t\t<\/figure>\n\t\t\t\t\t\t\t\t\t<\/div>\n\t\t\t\t<\/div>\n\t\t\t\t<div class=\"elementor-element elementor-element-e49014c elementor-widget elementor-widget-text-editor\" data-id=\"e49014c\" data-element_type=\"widget\" data-e-type=\"widget\" data-widget_type=\"text-editor.default\">\n\t\t\t\t<div class=\"elementor-widget-container\">\n\t\t\t\t\t\t\t\t\t<p>Al llarg dels corredors oriental i septentrional s&#8217;obren diverses obertures de portes i finestres, totes rom\u00e0niques d&#8217;arcs de mig punt.<\/p>\t\t\t\t\t\t\t\t<\/div>\n\t\t\t\t<\/div>\n\t\t\t\t<div class=\"elementor-element elementor-element-9245bd4 elementor-widget elementor-widget-image\" data-id=\"9245bd4\" data-element_type=\"widget\" data-e-type=\"widget\" data-widget_type=\"image.default\">\n\t\t\t\t<div class=\"elementor-widget-container\">\n\t\t\t\t\t\t\t\t\t\t\t\t<figure class=\"wp-caption\">\n\t\t\t\t\t\t\t\t\t\t<img loading=\"lazy\" decoding=\"async\" width=\"768\" height=\"511\" src=\"https:\/\/www.elturistatranquil.com\/wp-content\/uploads\/F32-Concatedral-de-San-Pedro-Soria.jpg\" class=\"attachment-large size-large wp-image-51661\" alt=\"Concatedral de San Pedro, Soria\" srcset=\"https:\/\/www.elturistatranquil.com\/wp-content\/uploads\/F32-Concatedral-de-San-Pedro-Soria.jpg 768w, https:\/\/www.elturistatranquil.com\/wp-content\/uploads\/F32-Concatedral-de-San-Pedro-Soria-339x226.jpg 339w\" sizes=\"(max-width: 768px) 100vw, 768px\" \/>\t\t\t\t\t\t\t\t\t\t\t<figcaption class=\"widget-image-caption wp-caption-text\"><\/figcaption>\n\t\t\t\t\t\t\t\t\t\t<\/figure>\n\t\t\t\t\t\t\t\t\t<\/div>\n\t\t\t\t<\/div>\n\t\t\t\t<div class=\"elementor-element elementor-element-6449041 elementor-widget elementor-widget-text-editor\" data-id=\"6449041\" data-element_type=\"widget\" data-e-type=\"widget\" data-widget_type=\"text-editor.default\">\n\t\t\t\t<div class=\"elementor-widget-container\">\n\t\t\t\t\t\t\t\t\t<p>Tamb\u00e9 subsisteixen reminisc\u00e8ncies de les pintures que cobrien els murs del claustre.<\/p>\t\t\t\t\t\t\t\t<\/div>\n\t\t\t\t<\/div>\n\t\t\t\t<div class=\"elementor-element elementor-element-595f22d elementor-widget elementor-widget-image\" data-id=\"595f22d\" data-element_type=\"widget\" data-e-type=\"widget\" data-widget_type=\"image.default\">\n\t\t\t\t<div class=\"elementor-widget-container\">\n\t\t\t\t\t\t\t\t\t\t\t\t<figure class=\"wp-caption\">\n\t\t\t\t\t\t\t\t\t\t<img loading=\"lazy\" decoding=\"async\" width=\"768\" height=\"511\" src=\"https:\/\/www.elturistatranquil.com\/wp-content\/uploads\/F33-Concatedral-de-San-Pedro-Soria.jpg\" class=\"attachment-large size-large wp-image-51663\" alt=\"Concatedral de San Pedro, Soria\" srcset=\"https:\/\/www.elturistatranquil.com\/wp-content\/uploads\/F33-Concatedral-de-San-Pedro-Soria.jpg 768w, https:\/\/www.elturistatranquil.com\/wp-content\/uploads\/F33-Concatedral-de-San-Pedro-Soria-339x226.jpg 339w\" sizes=\"(max-width: 768px) 100vw, 768px\" \/>\t\t\t\t\t\t\t\t\t\t\t<figcaption class=\"widget-image-caption wp-caption-text\"><\/figcaption>\n\t\t\t\t\t\t\t\t\t\t<\/figure>\n\t\t\t\t\t\t\t\t\t<\/div>\n\t\t\t\t<\/div>\n\t\t\t\t<div class=\"elementor-element elementor-element-ee83f43 elementor-widget elementor-widget-text-editor\" data-id=\"ee83f43\" data-element_type=\"widget\" data-e-type=\"widget\" data-widget_type=\"text-editor.default\">\n\t\t\t\t<div class=\"elementor-widget-container\">\n\t\t\t\t\t\t\t\t\t<p>Entrada al refectori al corredor nord.<\/p>\t\t\t\t\t\t\t\t<\/div>\n\t\t\t\t<\/div>\n\t\t\t\t<div class=\"elementor-element elementor-element-21bc5a0 elementor-widget elementor-widget-image\" data-id=\"21bc5a0\" data-element_type=\"widget\" data-e-type=\"widget\" data-widget_type=\"image.default\">\n\t\t\t\t<div class=\"elementor-widget-container\">\n\t\t\t\t\t\t\t\t\t\t\t\t<figure class=\"wp-caption\">\n\t\t\t\t\t\t\t\t\t\t<img loading=\"lazy\" decoding=\"async\" width=\"768\" height=\"511\" src=\"https:\/\/www.elturistatranquil.com\/wp-content\/uploads\/F34-Concatedral-de-San-Pedro-Soria.jpg\" class=\"attachment-large size-large wp-image-51665\" alt=\"Concatedral de San Pedro, Soria\" srcset=\"https:\/\/www.elturistatranquil.com\/wp-content\/uploads\/F34-Concatedral-de-San-Pedro-Soria.jpg 768w, https:\/\/www.elturistatranquil.com\/wp-content\/uploads\/F34-Concatedral-de-San-Pedro-Soria-339x226.jpg 339w\" sizes=\"(max-width: 768px) 100vw, 768px\" \/>\t\t\t\t\t\t\t\t\t\t\t<figcaption class=\"widget-image-caption wp-caption-text\"><\/figcaption>\n\t\t\t\t\t\t\t\t\t\t<\/figure>\n\t\t\t\t\t\t\t\t\t<\/div>\n\t\t\t\t<\/div>\n\t\t\t\t<div class=\"elementor-element elementor-element-f31e9e9 elementor-widget elementor-widget-text-editor\" data-id=\"f31e9e9\" data-element_type=\"widget\" data-e-type=\"widget\" data-widget_type=\"text-editor.default\">\n\t\t\t\t<div class=\"elementor-widget-container\">\n\t\t\t\t\t\t\t\t\t<p>Per la seva banda, al lateral occidental s&#8217;obren al mur sis solis.<\/p>\t\t\t\t\t\t\t\t<\/div>\n\t\t\t\t<\/div>\n\t\t\t\t<div class=\"elementor-element elementor-element-1c26c89 elementor-widget elementor-widget-image\" data-id=\"1c26c89\" data-element_type=\"widget\" data-e-type=\"widget\" data-widget_type=\"image.default\">\n\t\t\t\t<div class=\"elementor-widget-container\">\n\t\t\t\t\t\t\t\t\t\t\t\t<figure class=\"wp-caption\">\n\t\t\t\t\t\t\t\t\t\t<img loading=\"lazy\" decoding=\"async\" width=\"768\" height=\"512\" src=\"https:\/\/www.elturistatranquil.com\/wp-content\/uploads\/F35-Concatedral-de-San-Pedro-Soria.jpg\" class=\"attachment-large size-large wp-image-51667\" alt=\"Concatedral de San Pedro, Soria\" srcset=\"https:\/\/www.elturistatranquil.com\/wp-content\/uploads\/F35-Concatedral-de-San-Pedro-Soria.jpg 768w, https:\/\/www.elturistatranquil.com\/wp-content\/uploads\/F35-Concatedral-de-San-Pedro-Soria-339x226.jpg 339w\" sizes=\"(max-width: 768px) 100vw, 768px\" \/>\t\t\t\t\t\t\t\t\t\t\t<figcaption class=\"widget-image-caption wp-caption-text\"><\/figcaption>\n\t\t\t\t\t\t\t\t\t\t<\/figure>\n\t\t\t\t\t\t\t\t\t<\/div>\n\t\t\t\t<\/div>\n\t\t\t\t<div class=\"elementor-element elementor-element-1d9d0de elementor-widget elementor-widget-image\" data-id=\"1d9d0de\" data-element_type=\"widget\" data-e-type=\"widget\" data-widget_type=\"image.default\">\n\t\t\t\t<div class=\"elementor-widget-container\">\n\t\t\t\t\t\t\t\t\t\t\t\t<figure class=\"wp-caption\">\n\t\t\t\t\t\t\t\t\t\t<img loading=\"lazy\" decoding=\"async\" width=\"768\" height=\"511\" src=\"https:\/\/www.elturistatranquil.com\/wp-content\/uploads\/F36-Concatedral-de-San-Pedro-Soria.jpg\" class=\"attachment-large size-large wp-image-51669\" alt=\"Concatedral de San Pedro, Soria\" srcset=\"https:\/\/www.elturistatranquil.com\/wp-content\/uploads\/F36-Concatedral-de-San-Pedro-Soria.jpg 768w, https:\/\/www.elturistatranquil.com\/wp-content\/uploads\/F36-Concatedral-de-San-Pedro-Soria-339x226.jpg 339w\" sizes=\"(max-width: 768px) 100vw, 768px\" \/>\t\t\t\t\t\t\t\t\t\t\t<figcaption class=\"widget-image-caption wp-caption-text\"><\/figcaption>\n\t\t\t\t\t\t\t\t\t\t<\/figure>\n\t\t\t\t\t\t\t\t\t<\/div>\n\t\t\t\t<\/div>\n\t\t\t\t<div class=\"elementor-element elementor-element-862d72a elementor-widget elementor-widget-text-editor\" data-id=\"862d72a\" data-element_type=\"widget\" data-e-type=\"widget\" data-widget_type=\"text-editor.default\">\n\t\t\t\t<div class=\"elementor-widget-container\">\n\t\t\t\t\t\t\t\t\t<p>A tots els murs es troben innombrables marques de picapedrer i dibuixos gravats als carreus, aix\u00ed com inscripcions diverses.<\/p>\t\t\t\t\t\t\t\t<\/div>\n\t\t\t\t<\/div>\n\t\t\t\t<section class=\"elementor-section elementor-inner-section elementor-element elementor-element-38cf3d6 elementor-section-boxed elementor-section-height-default elementor-section-height-default\" data-id=\"38cf3d6\" data-element_type=\"section\" data-e-type=\"section\">\n\t\t\t\t\t\t<div class=\"elementor-container elementor-column-gap-default\">\n\t\t\t\t\t<div class=\"elementor-column elementor-col-50 elementor-inner-column elementor-element elementor-element-d79027f\" data-id=\"d79027f\" data-element_type=\"column\" data-e-type=\"column\">\n\t\t\t<div class=\"elementor-widget-wrap elementor-element-populated\">\n\t\t\t\t\t\t<div class=\"elementor-element elementor-element-c381325 elementor-widget elementor-widget-image\" data-id=\"c381325\" data-element_type=\"widget\" data-e-type=\"widget\" data-widget_type=\"image.default\">\n\t\t\t\t<div class=\"elementor-widget-container\">\n\t\t\t\t\t\t\t\t\t\t\t\t\t\t\t<img loading=\"lazy\" decoding=\"async\" width=\"380\" height=\"380\" src=\"https:\/\/www.elturistatranquil.com\/wp-content\/uploads\/F38m-Concatedral-de-San-Pedro-Soria.jpg\" class=\"attachment-large size-large wp-image-51693\" alt=\"Concatedral de San Pedro, Soria\" srcset=\"https:\/\/www.elturistatranquil.com\/wp-content\/uploads\/F38m-Concatedral-de-San-Pedro-Soria.jpg 380w, https:\/\/www.elturistatranquil.com\/wp-content\/uploads\/F38m-Concatedral-de-San-Pedro-Soria-226x226.jpg 226w\" sizes=\"(max-width: 380px) 100vw, 380px\" \/>\t\t\t\t\t\t\t\t\t\t\t\t\t\t\t<\/div>\n\t\t\t\t<\/div>\n\t\t\t\t\t<\/div>\n\t\t<\/div>\n\t\t\t\t<div class=\"elementor-column elementor-col-50 elementor-inner-column elementor-element elementor-element-c000f44\" data-id=\"c000f44\" data-element_type=\"column\" data-e-type=\"column\">\n\t\t\t<div class=\"elementor-widget-wrap elementor-element-populated\">\n\t\t\t\t\t\t<div class=\"elementor-element elementor-element-d5ea8f7 elementor-widget elementor-widget-image\" data-id=\"d5ea8f7\" data-element_type=\"widget\" data-e-type=\"widget\" data-widget_type=\"image.default\">\n\t\t\t\t<div class=\"elementor-widget-container\">\n\t\t\t\t\t\t\t\t\t\t\t\t\t\t\t<img loading=\"lazy\" decoding=\"async\" width=\"380\" height=\"380\" src=\"https:\/\/www.elturistatranquil.com\/wp-content\/uploads\/F38n-Concatedral-de-San-Pedro-Soria.jpg\" class=\"attachment-large size-large wp-image-51695\" alt=\"Concatedral de San Pedro, Soria\" srcset=\"https:\/\/www.elturistatranquil.com\/wp-content\/uploads\/F38n-Concatedral-de-San-Pedro-Soria.jpg 380w, https:\/\/www.elturistatranquil.com\/wp-content\/uploads\/F38n-Concatedral-de-San-Pedro-Soria-226x226.jpg 226w\" sizes=\"(max-width: 380px) 100vw, 380px\" \/>\t\t\t\t\t\t\t\t\t\t\t\t\t\t\t<\/div>\n\t\t\t\t<\/div>\n\t\t\t\t\t<\/div>\n\t\t<\/div>\n\t\t\t\t\t<\/div>\n\t\t<\/section>\n\t\t\t\t<section class=\"elementor-section elementor-inner-section elementor-element elementor-element-e0c3e8e elementor-section-boxed elementor-section-height-default elementor-section-height-default\" data-id=\"e0c3e8e\" data-element_type=\"section\" data-e-type=\"section\">\n\t\t\t\t\t\t<div class=\"elementor-container elementor-column-gap-default\">\n\t\t\t\t\t<div class=\"elementor-column elementor-col-50 elementor-inner-column elementor-element elementor-element-593f0bf\" data-id=\"593f0bf\" data-element_type=\"column\" data-e-type=\"column\">\n\t\t\t<div class=\"elementor-widget-wrap elementor-element-populated\">\n\t\t\t\t\t\t<div class=\"elementor-element elementor-element-d38fbcd elementor-widget elementor-widget-image\" data-id=\"d38fbcd\" data-element_type=\"widget\" data-e-type=\"widget\" data-widget_type=\"image.default\">\n\t\t\t\t<div class=\"elementor-widget-container\">\n\t\t\t\t\t\t\t\t\t\t\t\t\t\t\t<img loading=\"lazy\" decoding=\"async\" width=\"380\" height=\"380\" src=\"https:\/\/www.elturistatranquil.com\/wp-content\/uploads\/F38o-Concatedral-de-San-Pedro-Soria.jpg\" class=\"attachment-large size-large wp-image-51697\" alt=\"Concatedral de San Pedro, Soria\" srcset=\"https:\/\/www.elturistatranquil.com\/wp-content\/uploads\/F38o-Concatedral-de-San-Pedro-Soria.jpg 380w, https:\/\/www.elturistatranquil.com\/wp-content\/uploads\/F38o-Concatedral-de-San-Pedro-Soria-226x226.jpg 226w\" sizes=\"(max-width: 380px) 100vw, 380px\" \/>\t\t\t\t\t\t\t\t\t\t\t\t\t\t\t<\/div>\n\t\t\t\t<\/div>\n\t\t\t\t\t<\/div>\n\t\t<\/div>\n\t\t\t\t<div class=\"elementor-column elementor-col-50 elementor-inner-column elementor-element elementor-element-afa0544\" data-id=\"afa0544\" data-element_type=\"column\" data-e-type=\"column\">\n\t\t\t<div class=\"elementor-widget-wrap elementor-element-populated\">\n\t\t\t\t\t\t<div class=\"elementor-element elementor-element-58dfccb elementor-widget elementor-widget-image\" data-id=\"58dfccb\" data-element_type=\"widget\" data-e-type=\"widget\" data-widget_type=\"image.default\">\n\t\t\t\t<div class=\"elementor-widget-container\">\n\t\t\t\t\t\t\t\t\t\t\t\t\t\t\t<img loading=\"lazy\" decoding=\"async\" width=\"380\" height=\"380\" src=\"https:\/\/www.elturistatranquil.com\/wp-content\/uploads\/F38p-Concatedral-de-San-Pedro-Soria.jpg\" class=\"attachment-large size-large wp-image-51699\" alt=\"Concatedral de San Pedro, Soria\" srcset=\"https:\/\/www.elturistatranquil.com\/wp-content\/uploads\/F38p-Concatedral-de-San-Pedro-Soria.jpg 380w, https:\/\/www.elturistatranquil.com\/wp-content\/uploads\/F38p-Concatedral-de-San-Pedro-Soria-226x226.jpg 226w\" sizes=\"(max-width: 380px) 100vw, 380px\" \/>\t\t\t\t\t\t\t\t\t\t\t\t\t\t\t<\/div>\n\t\t\t\t<\/div>\n\t\t\t\t\t<\/div>\n\t\t<\/div>\n\t\t\t\t\t<\/div>\n\t\t<\/section>\n\t\t\t\t<div class=\"elementor-element elementor-element-d14c00f elementor-widget elementor-widget-text-editor\" data-id=\"d14c00f\" data-element_type=\"widget\" data-e-type=\"widget\" data-widget_type=\"text-editor.default\">\n\t\t\t\t<div class=\"elementor-widget-container\">\n\t\t\t\t\t\t\t\t\t<p>\u00a0<\/p><p>El claustre en el seu conjunt est\u00e0 format per arqueries d&#8217;arcs de mig punt de dovelles, tots iguals en la seva forma, recolzats en columnes apariades amb doble capitell i doble basa adossades. Els fusts quadrangulars es recolzen sobre un podi corregut.<\/p><p>Per sobre vasa d\u2019adorn amb dibuixos geom\u00e8trics. Un doble r\u00e0fec, el de sota pedra sobre m\u00e8nsules del mateix material, i un altre de fusta amb m\u00e8nsules tamb\u00e9 de fusta, que suporten la coberta que aboca sobre el pati, amb teules ondulades.<\/p>\t\t\t\t\t\t\t\t<\/div>\n\t\t\t\t<\/div>\n\t\t\t\t<div class=\"elementor-element elementor-element-589bd37 elementor-widget elementor-widget-image\" data-id=\"589bd37\" data-element_type=\"widget\" data-e-type=\"widget\" data-widget_type=\"image.default\">\n\t\t\t\t<div class=\"elementor-widget-container\">\n\t\t\t\t\t\t\t\t\t\t\t\t<figure class=\"wp-caption\">\n\t\t\t\t\t\t\t\t\t\t<img loading=\"lazy\" decoding=\"async\" width=\"768\" height=\"511\" src=\"https:\/\/www.elturistatranquil.com\/wp-content\/uploads\/F39-Concatedral-de-San-Pedro-Soria.jpg\" class=\"attachment-large size-large wp-image-51701\" alt=\"Concatedral de San Pedro, Soria\" srcset=\"https:\/\/www.elturistatranquil.com\/wp-content\/uploads\/F39-Concatedral-de-San-Pedro-Soria.jpg 768w, https:\/\/www.elturistatranquil.com\/wp-content\/uploads\/F39-Concatedral-de-San-Pedro-Soria-339x226.jpg 339w\" sizes=\"(max-width: 768px) 100vw, 768px\" \/>\t\t\t\t\t\t\t\t\t\t\t<figcaption class=\"widget-image-caption wp-caption-text\"><\/figcaption>\n\t\t\t\t\t\t\t\t\t\t<\/figure>\n\t\t\t\t\t\t\t\t\t<\/div>\n\t\t\t\t<\/div>\n\t\t\t\t<div class=\"elementor-element elementor-element-6b0dac6 elementor-widget elementor-widget-text-editor\" data-id=\"6b0dac6\" data-element_type=\"widget\" data-e-type=\"widget\" data-widget_type=\"text-editor.default\">\n\t\t\t\t<div class=\"elementor-widget-container\">\n\t\t\t\t\t\t\t\t\t<p>A cada costat s&#8217;intercalen dos pilars, que estan decorats a la part exterior per dobles o triples columnes apariades o geminades, sempre amb capitells fins al r\u00e0fec de la coberta. \u00c9s un tipus d\u2019aplicaci\u00f3 poc usual.<\/p>\t\t\t\t\t\t\t\t<\/div>\n\t\t\t\t<\/div>\n\t\t\t\t<div class=\"elementor-element elementor-element-146d2c4 elementor-widget elementor-widget-image\" data-id=\"146d2c4\" data-element_type=\"widget\" data-e-type=\"widget\" data-widget_type=\"image.default\">\n\t\t\t\t<div class=\"elementor-widget-container\">\n\t\t\t\t\t\t\t\t\t\t\t\t<figure class=\"wp-caption\">\n\t\t\t\t\t\t\t\t\t\t<img loading=\"lazy\" decoding=\"async\" width=\"768\" height=\"511\" src=\"https:\/\/www.elturistatranquil.com\/wp-content\/uploads\/F40-Concatedral-de-San-Pedro-Soria.jpg\" class=\"attachment-large size-large wp-image-51683\" alt=\"Concatedral de San Pedro, Soria\" srcset=\"https:\/\/www.elturistatranquil.com\/wp-content\/uploads\/F40-Concatedral-de-San-Pedro-Soria.jpg 768w, https:\/\/www.elturistatranquil.com\/wp-content\/uploads\/F40-Concatedral-de-San-Pedro-Soria-339x226.jpg 339w\" sizes=\"(max-width: 768px) 100vw, 768px\" \/>\t\t\t\t\t\t\t\t\t\t\t<figcaption class=\"widget-image-caption wp-caption-text\"><\/figcaption>\n\t\t\t\t\t\t\t\t\t\t<\/figure>\n\t\t\t\t\t\t\t\t\t<\/div>\n\t\t\t\t<\/div>\n\t\t\t\t<div class=\"elementor-element elementor-element-a374f3a elementor-widget elementor-widget-image\" data-id=\"a374f3a\" data-element_type=\"widget\" data-e-type=\"widget\" data-widget_type=\"image.default\">\n\t\t\t\t<div class=\"elementor-widget-container\">\n\t\t\t\t\t\t\t\t\t\t\t\t<figure class=\"wp-caption\">\n\t\t\t\t\t\t\t\t\t\t<img loading=\"lazy\" decoding=\"async\" width=\"768\" height=\"511\" src=\"https:\/\/www.elturistatranquil.com\/wp-content\/uploads\/F41-Concatedral-de-San-Pedro-Soria.jpg\" class=\"attachment-large size-large wp-image-51685\" alt=\"Concatedral de San Pedro, Soria\" srcset=\"https:\/\/www.elturistatranquil.com\/wp-content\/uploads\/F41-Concatedral-de-San-Pedro-Soria.jpg 768w, https:\/\/www.elturistatranquil.com\/wp-content\/uploads\/F41-Concatedral-de-San-Pedro-Soria-339x226.jpg 339w\" sizes=\"(max-width: 768px) 100vw, 768px\" \/>\t\t\t\t\t\t\t\t\t\t\t<figcaption class=\"widget-image-caption wp-caption-text\"><\/figcaption>\n\t\t\t\t\t\t\t\t\t\t<\/figure>\n\t\t\t\t\t\t\t\t\t<\/div>\n\t\t\t\t<\/div>\n\t\t\t\t<div class=\"elementor-element elementor-element-9bd6c9a elementor-widget elementor-widget-image\" data-id=\"9bd6c9a\" data-element_type=\"widget\" data-e-type=\"widget\" data-widget_type=\"image.default\">\n\t\t\t\t<div class=\"elementor-widget-container\">\n\t\t\t\t\t\t\t\t\t\t\t\t<figure class=\"wp-caption\">\n\t\t\t\t\t\t\t\t\t\t<img loading=\"lazy\" decoding=\"async\" width=\"768\" height=\"511\" src=\"https:\/\/www.elturistatranquil.com\/wp-content\/uploads\/F42-Concatedral-de-San-Pedro-Soria.jpg\" class=\"attachment-large size-large wp-image-51687\" alt=\"Concatedral de San Pedro, Soria\" srcset=\"https:\/\/www.elturistatranquil.com\/wp-content\/uploads\/F42-Concatedral-de-San-Pedro-Soria.jpg 768w, https:\/\/www.elturistatranquil.com\/wp-content\/uploads\/F42-Concatedral-de-San-Pedro-Soria-339x226.jpg 339w\" sizes=\"(max-width: 768px) 100vw, 768px\" \/>\t\t\t\t\t\t\t\t\t\t\t<figcaption class=\"widget-image-caption wp-caption-text\"><\/figcaption>\n\t\t\t\t\t\t\t\t\t\t<\/figure>\n\t\t\t\t\t\t\t\t\t<\/div>\n\t\t\t\t<\/div>\n\t\t\t\t<div class=\"elementor-element elementor-element-d7b0ec7 elementor-widget elementor-widget-image\" data-id=\"d7b0ec7\" data-element_type=\"widget\" data-e-type=\"widget\" data-widget_type=\"image.default\">\n\t\t\t\t<div class=\"elementor-widget-container\">\n\t\t\t\t\t\t\t\t\t\t\t\t<figure class=\"wp-caption\">\n\t\t\t\t\t\t\t\t\t\t<img loading=\"lazy\" decoding=\"async\" width=\"768\" height=\"511\" src=\"https:\/\/www.elturistatranquil.com\/wp-content\/uploads\/F43-Concatedral-de-San-Pedro-Soria.jpg\" class=\"attachment-large size-large wp-image-51689\" alt=\"Concatedral de San Pedro, Soria\" srcset=\"https:\/\/www.elturistatranquil.com\/wp-content\/uploads\/F43-Concatedral-de-San-Pedro-Soria.jpg 768w, https:\/\/www.elturistatranquil.com\/wp-content\/uploads\/F43-Concatedral-de-San-Pedro-Soria-339x226.jpg 339w\" sizes=\"(max-width: 768px) 100vw, 768px\" \/>\t\t\t\t\t\t\t\t\t\t\t<figcaption class=\"widget-image-caption wp-caption-text\"><\/figcaption>\n\t\t\t\t\t\t\t\t\t\t<\/figure>\n\t\t\t\t\t\t\t\t\t<\/div>\n\t\t\t\t<\/div>\n\t\t\t\t<div class=\"elementor-element elementor-element-4ea2069 elementor-widget elementor-widget-text-editor\" data-id=\"4ea2069\" data-element_type=\"widget\" data-e-type=\"widget\" data-widget_type=\"text-editor.default\">\n\t\t\t\t<div class=\"elementor-widget-container\">\n\t\t\t\t\t\t\t\t\t<p>Els capitells bellament llaurats amb motius florals, zoomorfs o historiats.<\/p>\t\t\t\t\t\t\t\t<\/div>\n\t\t\t\t<\/div>\n\t\t\t\t<section class=\"elementor-section elementor-inner-section elementor-element elementor-element-48116b9 elementor-section-boxed elementor-section-height-default elementor-section-height-default\" data-id=\"48116b9\" data-element_type=\"section\" data-e-type=\"section\">\n\t\t\t\t\t\t<div class=\"elementor-container elementor-column-gap-default\">\n\t\t\t\t\t<div class=\"elementor-column elementor-col-50 elementor-inner-column elementor-element elementor-element-bb4302a\" data-id=\"bb4302a\" data-element_type=\"column\" data-e-type=\"column\">\n\t\t\t<div class=\"elementor-widget-wrap elementor-element-populated\">\n\t\t\t\t\t\t<div class=\"elementor-element elementor-element-d4133a1 elementor-widget elementor-widget-image\" data-id=\"d4133a1\" data-element_type=\"widget\" data-e-type=\"widget\" data-widget_type=\"image.default\">\n\t\t\t\t<div class=\"elementor-widget-container\">\n\t\t\t\t\t\t\t\t\t\t\t\t\t\t\t<img loading=\"lazy\" decoding=\"async\" width=\"380\" height=\"380\" src=\"https:\/\/www.elturistatranquil.com\/wp-content\/uploads\/F44m-Concatedral-de-San-Pedro-Soria.jpg\" class=\"attachment-large size-large wp-image-51691\" alt=\"Concatedral de San Pedro, Soria\" srcset=\"https:\/\/www.elturistatranquil.com\/wp-content\/uploads\/F44m-Concatedral-de-San-Pedro-Soria.jpg 380w, https:\/\/www.elturistatranquil.com\/wp-content\/uploads\/F44m-Concatedral-de-San-Pedro-Soria-226x226.jpg 226w\" sizes=\"(max-width: 380px) 100vw, 380px\" \/>\t\t\t\t\t\t\t\t\t\t\t\t\t\t\t<\/div>\n\t\t\t\t<\/div>\n\t\t\t\t\t<\/div>\n\t\t<\/div>\n\t\t\t\t<div class=\"elementor-column elementor-col-50 elementor-inner-column elementor-element elementor-element-ce7efb7\" data-id=\"ce7efb7\" data-element_type=\"column\" data-e-type=\"column\">\n\t\t\t<div class=\"elementor-widget-wrap elementor-element-populated\">\n\t\t\t\t\t\t<div class=\"elementor-element elementor-element-c0cff37 elementor-widget elementor-widget-image\" data-id=\"c0cff37\" data-element_type=\"widget\" data-e-type=\"widget\" data-widget_type=\"image.default\">\n\t\t\t\t<div class=\"elementor-widget-container\">\n\t\t\t\t\t\t\t\t\t\t\t\t\t\t\t<img loading=\"lazy\" decoding=\"async\" width=\"380\" height=\"380\" src=\"https:\/\/www.elturistatranquil.com\/wp-content\/uploads\/F44n-Concatedral-de-San-Pedro-Soria.jpg\" class=\"attachment-large size-large wp-image-51711\" alt=\"Concatedral de San Pedro, Soria\" srcset=\"https:\/\/www.elturistatranquil.com\/wp-content\/uploads\/F44n-Concatedral-de-San-Pedro-Soria.jpg 380w, https:\/\/www.elturistatranquil.com\/wp-content\/uploads\/F44n-Concatedral-de-San-Pedro-Soria-226x226.jpg 226w\" sizes=\"(max-width: 380px) 100vw, 380px\" \/>\t\t\t\t\t\t\t\t\t\t\t\t\t\t\t<\/div>\n\t\t\t\t<\/div>\n\t\t\t\t\t<\/div>\n\t\t<\/div>\n\t\t\t\t\t<\/div>\n\t\t<\/section>\n\t\t\t\t<section class=\"elementor-section elementor-inner-section elementor-element elementor-element-366e89b elementor-section-boxed elementor-section-height-default elementor-section-height-default\" data-id=\"366e89b\" data-element_type=\"section\" data-e-type=\"section\">\n\t\t\t\t\t\t<div class=\"elementor-container elementor-column-gap-default\">\n\t\t\t\t\t<div class=\"elementor-column elementor-col-50 elementor-inner-column elementor-element elementor-element-7ceeb8c\" data-id=\"7ceeb8c\" data-element_type=\"column\" data-e-type=\"column\">\n\t\t\t<div class=\"elementor-widget-wrap elementor-element-populated\">\n\t\t\t\t\t\t<div class=\"elementor-element elementor-element-4df57a0 elementor-widget elementor-widget-image\" data-id=\"4df57a0\" data-element_type=\"widget\" data-e-type=\"widget\" data-widget_type=\"image.default\">\n\t\t\t\t<div class=\"elementor-widget-container\">\n\t\t\t\t\t\t\t\t\t\t\t\t\t\t\t<img loading=\"lazy\" decoding=\"async\" width=\"380\" height=\"380\" src=\"https:\/\/www.elturistatranquil.com\/wp-content\/uploads\/F44o-Concatedral-de-San-Pedro-Soria.jpg\" class=\"attachment-large size-large wp-image-51713\" alt=\"Concatedral de San Pedro, Soria\" srcset=\"https:\/\/www.elturistatranquil.com\/wp-content\/uploads\/F44o-Concatedral-de-San-Pedro-Soria.jpg 380w, https:\/\/www.elturistatranquil.com\/wp-content\/uploads\/F44o-Concatedral-de-San-Pedro-Soria-226x226.jpg 226w\" sizes=\"(max-width: 380px) 100vw, 380px\" \/>\t\t\t\t\t\t\t\t\t\t\t\t\t\t\t<\/div>\n\t\t\t\t<\/div>\n\t\t\t\t\t<\/div>\n\t\t<\/div>\n\t\t\t\t<div class=\"elementor-column elementor-col-50 elementor-inner-column elementor-element elementor-element-2186642\" data-id=\"2186642\" data-element_type=\"column\" data-e-type=\"column\">\n\t\t\t<div class=\"elementor-widget-wrap elementor-element-populated\">\n\t\t\t\t\t\t<div class=\"elementor-element elementor-element-c894b34 elementor-widget elementor-widget-image\" data-id=\"c894b34\" data-element_type=\"widget\" data-e-type=\"widget\" data-widget_type=\"image.default\">\n\t\t\t\t<div class=\"elementor-widget-container\">\n\t\t\t\t\t\t\t\t\t\t\t\t\t\t\t<img loading=\"lazy\" decoding=\"async\" width=\"380\" height=\"380\" src=\"https:\/\/www.elturistatranquil.com\/wp-content\/uploads\/F44p-Concatedral-de-San-Pedro-Soria.jpg\" class=\"attachment-large size-large wp-image-51715\" alt=\"Concatedral de San Pedro, Soria\" srcset=\"https:\/\/www.elturistatranquil.com\/wp-content\/uploads\/F44p-Concatedral-de-San-Pedro-Soria.jpg 380w, https:\/\/www.elturistatranquil.com\/wp-content\/uploads\/F44p-Concatedral-de-San-Pedro-Soria-226x226.jpg 226w\" sizes=\"(max-width: 380px) 100vw, 380px\" \/>\t\t\t\t\t\t\t\t\t\t\t\t\t\t\t<\/div>\n\t\t\t\t<\/div>\n\t\t\t\t\t<\/div>\n\t\t<\/div>\n\t\t\t\t\t<\/div>\n\t\t<\/section>\n\t\t\t\t<div class=\"elementor-element elementor-element-7f2ac14 elementor-widget elementor-widget-text-editor\" data-id=\"7f2ac14\" data-element_type=\"widget\" data-e-type=\"widget\" data-widget_type=\"text-editor.default\">\n\t\t\t\t<div class=\"elementor-widget-container\">\n\t\t\t\t\t\t\t\t\t<p>\u00a0<\/p><p>Sepulcre despr\u00e9s d&#8217;una gelosia amb estrelles i dues mitges llunes, que correspondrien a les armes her\u00e0ldiques dels Salvador.<\/p>\t\t\t\t\t\t\t\t<\/div>\n\t\t\t\t<\/div>\n\t\t\t\t<div class=\"elementor-element elementor-element-cb8a788 elementor-widget elementor-widget-image\" data-id=\"cb8a788\" data-element_type=\"widget\" data-e-type=\"widget\" data-widget_type=\"image.default\">\n\t\t\t\t<div class=\"elementor-widget-container\">\n\t\t\t\t\t\t\t\t\t\t\t\t<figure class=\"wp-caption\">\n\t\t\t\t\t\t\t\t\t\t<img loading=\"lazy\" decoding=\"async\" width=\"768\" height=\"512\" src=\"https:\/\/www.elturistatranquil.com\/wp-content\/uploads\/F45-Concatedral-de-San-Pedro-Soria.jpg\" class=\"attachment-large size-large wp-image-51717\" alt=\"Concatedral de San Pedro, Soria\" srcset=\"https:\/\/www.elturistatranquil.com\/wp-content\/uploads\/F45-Concatedral-de-San-Pedro-Soria.jpg 768w, https:\/\/www.elturistatranquil.com\/wp-content\/uploads\/F45-Concatedral-de-San-Pedro-Soria-339x226.jpg 339w\" sizes=\"(max-width: 768px) 100vw, 768px\" \/>\t\t\t\t\t\t\t\t\t\t\t<figcaption class=\"widget-image-caption wp-caption-text\"><\/figcaption>\n\t\t\t\t\t\t\t\t\t\t<\/figure>\n\t\t\t\t\t\t\t\t\t<\/div>\n\t\t\t\t<\/div>\n\t\t\t\t<div class=\"elementor-element elementor-element-ec1f868 elementor-widget elementor-widget-image\" data-id=\"ec1f868\" data-element_type=\"widget\" data-e-type=\"widget\" data-widget_type=\"image.default\">\n\t\t\t\t<div class=\"elementor-widget-container\">\n\t\t\t\t\t\t\t\t\t\t\t\t<figure class=\"wp-caption\">\n\t\t\t\t\t\t\t\t\t\t<img loading=\"lazy\" decoding=\"async\" width=\"768\" height=\"512\" src=\"https:\/\/www.elturistatranquil.com\/wp-content\/uploads\/F46-Concatedral-de-San-Pedro-Soria.jpg\" class=\"attachment-large size-large wp-image-51719\" alt=\"Concatedral de San Pedro, Soria\" srcset=\"https:\/\/www.elturistatranquil.com\/wp-content\/uploads\/F46-Concatedral-de-San-Pedro-Soria.jpg 768w, https:\/\/www.elturistatranquil.com\/wp-content\/uploads\/F46-Concatedral-de-San-Pedro-Soria-339x226.jpg 339w\" sizes=\"(max-width: 768px) 100vw, 768px\" \/>\t\t\t\t\t\t\t\t\t\t\t<figcaption class=\"widget-image-caption wp-caption-text\"><\/figcaption>\n\t\t\t\t\t\t\t\t\t\t<\/figure>\n\t\t\t\t\t\t\t\t\t<\/div>\n\t\t\t\t<\/div>\n\t\t\t\t<div class=\"elementor-element elementor-element-ebd8827 elementor-widget elementor-widget-text-editor\" data-id=\"ebd8827\" data-element_type=\"widget\" data-e-type=\"widget\" data-widget_type=\"text-editor.default\">\n\t\t\t\t<div class=\"elementor-widget-container\">\n\t\t\t\t\t\t\t\t\t<p>En una cantonada del claustre s&#8217;ha col\u00b7locat una pica baptismal rom\u00e0nica procedent de l&#8217;esgl\u00e9sia de Sauquillo de Alc\u00e1zar.<\/p>\t\t\t\t\t\t\t\t<\/div>\n\t\t\t\t<\/div>\n\t\t\t\t<div class=\"elementor-element elementor-element-92fc252 elementor-widget elementor-widget-image\" data-id=\"92fc252\" data-element_type=\"widget\" data-e-type=\"widget\" data-widget_type=\"image.default\">\n\t\t\t\t<div class=\"elementor-widget-container\">\n\t\t\t\t\t\t\t\t\t\t\t\t<figure class=\"wp-caption\">\n\t\t\t\t\t\t\t\t\t\t<img loading=\"lazy\" decoding=\"async\" width=\"768\" height=\"512\" src=\"https:\/\/www.elturistatranquil.com\/wp-content\/uploads\/F47-Concatedral-de-San-Pedro-Soria.jpg\" class=\"attachment-large size-large wp-image-51721\" alt=\"Concatedral de San Pedro, Soria\" srcset=\"https:\/\/www.elturistatranquil.com\/wp-content\/uploads\/F47-Concatedral-de-San-Pedro-Soria.jpg 768w, https:\/\/www.elturistatranquil.com\/wp-content\/uploads\/F47-Concatedral-de-San-Pedro-Soria-339x226.jpg 339w\" sizes=\"(max-width: 768px) 100vw, 768px\" \/>\t\t\t\t\t\t\t\t\t\t\t<figcaption class=\"widget-image-caption wp-caption-text\"><\/figcaption>\n\t\t\t\t\t\t\t\t\t\t<\/figure>\n\t\t\t\t\t\t\t\t\t<\/div>\n\t\t\t\t<\/div>\n\t\t\t\t<div class=\"elementor-element elementor-element-8651751 elementor-widget elementor-widget-heading\" data-id=\"8651751\" data-element_type=\"widget\" data-e-type=\"widget\" data-widget_type=\"heading.default\">\n\t\t\t\t<div class=\"elementor-widget-container\">\n\t\t\t\t\t<h4 class=\"elementor-heading-title elementor-size-default\">L\u2019interior g\u00f2tic<\/h4>\t\t\t\t<\/div>\n\t\t\t\t<\/div>\n\t\t\t\t<div class=\"elementor-element elementor-element-2e002a7 elementor-widget elementor-widget-text-editor\" data-id=\"2e002a7\" data-element_type=\"widget\" data-e-type=\"widget\" data-widget_type=\"text-editor.default\">\n\t\t\t\t<div class=\"elementor-widget-container\">\n\t\t\t\t\t\t\t\t\t<p>La planta del temple \u00e9s <a href=\"https:\/\/www.elturistatranquil.com\/ca\/esglesies-monestirs-i-ordres-religioses-a-ledat-mitjana\/#b1523\" target=\"_blank\" rel=\"noopener\">basilical de sal\u00f3<\/a>, de moda en aquella \u00e8poca com ja hem pogut veure a l&#8217;esgl\u00e9sia de <a href=\"https:\/\/www.elturistatranquil.com\/ca\/villaescusa-de-haro-conca\/#c7304\" target=\"_blank\" rel=\"noopener\">esgl\u00e9sia de San Pedro de Villaescusa de Haro<\/a>.<\/p><p>Est\u00e0 formada per tres naus i cinc trams de base id\u00e8ntica i la mateixa altura, formant una distribuci\u00f3 quadriculada. La planta d&#8217;aquestes tres naus amb el transsepte correspondria a la planta i les dimensions del temps rom\u00e0nic.<\/p><p>Per\u00f2, amb la reconstrucci\u00f3, es van ampliar els laterals amb dues naus, una a cada costat, de la meitat d&#8217;amplada, per\u00f2 dividides per un mur a cada columna formant capelles laterals, interioritzant aix\u00ed els contraforts del temple.<\/p><p>Aquesta ampliaci\u00f3 \u00e9s que hem vist que va ser la causant de la destrucci\u00f3 de la galeria del claustre adossat al mur del temple.<\/p>\t\t\t\t\t\t\t\t<\/div>\n\t\t\t\t<\/div>\n\t\t\t\t<div class=\"elementor-element elementor-element-19a66d0 elementor-widget elementor-widget-image\" data-id=\"19a66d0\" data-element_type=\"widget\" data-e-type=\"widget\" data-widget_type=\"image.default\">\n\t\t\t\t<div class=\"elementor-widget-container\">\n\t\t\t\t\t\t\t\t\t\t\t\t<figure class=\"wp-caption\">\n\t\t\t\t\t\t\t\t\t\t<img loading=\"lazy\" decoding=\"async\" width=\"768\" height=\"512\" src=\"https:\/\/www.elturistatranquil.com\/wp-content\/uploads\/F48-Concatedral-de-San-Pedro-Soria.jpg\" class=\"attachment-large size-large wp-image-51723\" alt=\"Concatedral de San Pedro, Soria\" srcset=\"https:\/\/www.elturistatranquil.com\/wp-content\/uploads\/F48-Concatedral-de-San-Pedro-Soria.jpg 768w, https:\/\/www.elturistatranquil.com\/wp-content\/uploads\/F48-Concatedral-de-San-Pedro-Soria-339x226.jpg 339w\" sizes=\"(max-width: 768px) 100vw, 768px\" \/>\t\t\t\t\t\t\t\t\t\t\t<figcaption class=\"widget-image-caption wp-caption-text\"><\/figcaption>\n\t\t\t\t\t\t\t\t\t\t<\/figure>\n\t\t\t\t\t\t\t\t\t<\/div>\n\t\t\t\t<\/div>\n\t\t\t\t<div class=\"elementor-element elementor-element-97e218d elementor-widget elementor-widget-image\" data-id=\"97e218d\" data-element_type=\"widget\" data-e-type=\"widget\" data-widget_type=\"image.default\">\n\t\t\t\t<div class=\"elementor-widget-container\">\n\t\t\t\t\t\t\t\t\t\t\t\t<figure class=\"wp-caption\">\n\t\t\t\t\t\t\t\t\t\t<img loading=\"lazy\" decoding=\"async\" width=\"768\" height=\"512\" src=\"https:\/\/www.elturistatranquil.com\/wp-content\/uploads\/F49-Concatedral-de-San-Pedro-Soria.jpg\" class=\"attachment-large size-large wp-image-51725\" alt=\"Concatedral de San Pedro, Soria\" srcset=\"https:\/\/www.elturistatranquil.com\/wp-content\/uploads\/F49-Concatedral-de-San-Pedro-Soria.jpg 768w, https:\/\/www.elturistatranquil.com\/wp-content\/uploads\/F49-Concatedral-de-San-Pedro-Soria-339x226.jpg 339w\" sizes=\"(max-width: 768px) 100vw, 768px\" \/>\t\t\t\t\t\t\t\t\t\t\t<figcaption class=\"widget-image-caption wp-caption-text\"><\/figcaption>\n\t\t\t\t\t\t\t\t\t\t<\/figure>\n\t\t\t\t\t\t\t\t\t<\/div>\n\t\t\t\t<\/div>\n\t\t\t\t<div class=\"elementor-element elementor-element-08b307c elementor-widget elementor-widget-text-editor\" data-id=\"08b307c\" data-element_type=\"widget\" data-e-type=\"widget\" data-widget_type=\"text-editor.default\">\n\t\t\t\t<div class=\"elementor-widget-container\">\n\t\t\t\t\t\t\t\t\t<p>El front del temple, orientat can\u00f2nicament a llevant, \u00e9s constitu\u00eft per dos murs que tanquen les naus laterals, mentre que a la central s&#8217;obre un absis pentagonal a l&#8217;exterior.<\/p><p>A la imatge seg\u00fcent al presbiteri i la capella major amb l&#8217;altar i el retaule major.<\/p>\t\t\t\t\t\t\t\t<\/div>\n\t\t\t\t<\/div>\n\t\t\t\t<div class=\"elementor-element elementor-element-d8fb03f elementor-widget elementor-widget-image\" data-id=\"d8fb03f\" data-element_type=\"widget\" data-e-type=\"widget\" data-widget_type=\"image.default\">\n\t\t\t\t<div class=\"elementor-widget-container\">\n\t\t\t\t\t\t\t\t\t\t\t\t<figure class=\"wp-caption\">\n\t\t\t\t\t\t\t\t\t\t<img loading=\"lazy\" decoding=\"async\" width=\"768\" height=\"512\" src=\"https:\/\/www.elturistatranquil.com\/wp-content\/uploads\/F50-Concatedral-de-San-Pedro-Soria.jpg\" class=\"attachment-large size-large wp-image-51727\" alt=\"Concatedral de San Pedro, Soria\" srcset=\"https:\/\/www.elturistatranquil.com\/wp-content\/uploads\/F50-Concatedral-de-San-Pedro-Soria.jpg 768w, https:\/\/www.elturistatranquil.com\/wp-content\/uploads\/F50-Concatedral-de-San-Pedro-Soria-339x226.jpg 339w\" sizes=\"(max-width: 768px) 100vw, 768px\" \/>\t\t\t\t\t\t\t\t\t\t\t<figcaption class=\"widget-image-caption wp-caption-text\"><\/figcaption>\n\t\t\t\t\t\t\t\t\t\t<\/figure>\n\t\t\t\t\t\t\t\t\t<\/div>\n\t\t\t\t<\/div>\n\t\t\t\t<div class=\"elementor-element elementor-element-dc131f4 elementor-widget elementor-widget-text-editor\" data-id=\"dc131f4\" data-element_type=\"widget\" data-e-type=\"widget\" data-widget_type=\"text-editor.default\">\n\t\t\t\t<div class=\"elementor-widget-container\">\n\t\t\t\t\t\t\t\t\t<p>Nau lateral de l\u00b4ep\u00edstola, amb la porta principal d\u00b4entrada al temple.<\/p>\t\t\t\t\t\t\t\t<\/div>\n\t\t\t\t<\/div>\n\t\t\t\t<div class=\"elementor-element elementor-element-8b85330 elementor-widget elementor-widget-image\" data-id=\"8b85330\" data-element_type=\"widget\" data-e-type=\"widget\" data-widget_type=\"image.default\">\n\t\t\t\t<div class=\"elementor-widget-container\">\n\t\t\t\t\t\t\t\t\t\t\t\t<figure class=\"wp-caption\">\n\t\t\t\t\t\t\t\t\t\t<img loading=\"lazy\" decoding=\"async\" width=\"768\" height=\"547\" src=\"https:\/\/www.elturistatranquil.com\/wp-content\/uploads\/F51-Concatedral-de-San-Pedro-Soria.jpg\" class=\"attachment-large size-large wp-image-51709\" alt=\"Concatedral de San Pedro, Soria\" srcset=\"https:\/\/www.elturistatranquil.com\/wp-content\/uploads\/F51-Concatedral-de-San-Pedro-Soria.jpg 768w, https:\/\/www.elturistatranquil.com\/wp-content\/uploads\/F51-Concatedral-de-San-Pedro-Soria-317x226.jpg 317w\" sizes=\"(max-width: 768px) 100vw, 768px\" \/>\t\t\t\t\t\t\t\t\t\t\t<figcaption class=\"widget-image-caption wp-caption-text\"><\/figcaption>\n\t\t\t\t\t\t\t\t\t\t<\/figure>\n\t\t\t\t\t\t\t\t\t<\/div>\n\t\t\t\t<\/div>\n\t\t\t\t<div class=\"elementor-element elementor-element-625eb53 elementor-widget elementor-widget-text-editor\" data-id=\"625eb53\" data-element_type=\"widget\" data-e-type=\"widget\" data-widget_type=\"text-editor.default\">\n\t\t\t\t<div class=\"elementor-widget-container\">\n\t\t\t\t\t\t\t\t\t<p>Nau lateral del costat de l&#8217;evangeli, des d&#8217;on s&#8217;accedeix al claustre.<\/p>\t\t\t\t\t\t\t\t<\/div>\n\t\t\t\t<\/div>\n\t\t\t\t<div class=\"elementor-element elementor-element-b92ce6a elementor-widget elementor-widget-image\" data-id=\"b92ce6a\" data-element_type=\"widget\" data-e-type=\"widget\" data-widget_type=\"image.default\">\n\t\t\t\t<div class=\"elementor-widget-container\">\n\t\t\t\t\t\t\t\t\t\t\t\t<figure class=\"wp-caption\">\n\t\t\t\t\t\t\t\t\t\t<img loading=\"lazy\" decoding=\"async\" width=\"768\" height=\"512\" src=\"https:\/\/www.elturistatranquil.com\/wp-content\/uploads\/F52-Concatedral-de-San-Pedro-Soria.jpg\" class=\"attachment-large size-large wp-image-51736\" alt=\"Concatedral de San Pedro, Soria\" srcset=\"https:\/\/www.elturistatranquil.com\/wp-content\/uploads\/F52-Concatedral-de-San-Pedro-Soria.jpg 768w, https:\/\/www.elturistatranquil.com\/wp-content\/uploads\/F52-Concatedral-de-San-Pedro-Soria-339x226.jpg 339w\" sizes=\"(max-width: 768px) 100vw, 768px\" \/>\t\t\t\t\t\t\t\t\t\t\t<figcaption class=\"widget-image-caption wp-caption-text\"><\/figcaption>\n\t\t\t\t\t\t\t\t\t\t<\/figure>\n\t\t\t\t\t\t\t\t\t<\/div>\n\t\t\t\t<\/div>\n\t\t\t\t<div class=\"elementor-element elementor-element-722b266 elementor-widget elementor-widget-image\" data-id=\"722b266\" data-element_type=\"widget\" data-e-type=\"widget\" data-widget_type=\"image.default\">\n\t\t\t\t<div class=\"elementor-widget-container\">\n\t\t\t\t\t\t\t\t\t\t\t\t<figure class=\"wp-caption\">\n\t\t\t\t\t\t\t\t\t\t<img loading=\"lazy\" decoding=\"async\" width=\"768\" height=\"512\" src=\"https:\/\/www.elturistatranquil.com\/wp-content\/uploads\/F53-Concatedral-de-San-Pedro-Soria.jpg\" class=\"attachment-large size-large wp-image-51738\" alt=\"Concatedral de San Pedro, Soria\" srcset=\"https:\/\/www.elturistatranquil.com\/wp-content\/uploads\/F53-Concatedral-de-San-Pedro-Soria.jpg 768w, https:\/\/www.elturistatranquil.com\/wp-content\/uploads\/F53-Concatedral-de-San-Pedro-Soria-339x226.jpg 339w\" sizes=\"(max-width: 768px) 100vw, 768px\" \/>\t\t\t\t\t\t\t\t\t\t\t<figcaption class=\"widget-image-caption wp-caption-text\"><\/figcaption>\n\t\t\t\t\t\t\t\t\t\t<\/figure>\n\t\t\t\t\t\t\t\t\t<\/div>\n\t\t\t\t<\/div>\n\t\t\t\t<div class=\"elementor-element elementor-element-1093d75 elementor-widget elementor-widget-text-editor\" data-id=\"1093d75\" data-element_type=\"widget\" data-e-type=\"widget\" data-widget_type=\"text-editor.default\">\n\t\t\t\t<div class=\"elementor-widget-container\">\n\t\t\t\t\t\t\t\t\t<p>En el centre, despr\u00e9s de l&#8217;altar major, el retaule major, retaule renaixentista obra de Francisco del R\u00edo del segle XVI, narrant episodis de la vida de Sant Pere, que no aprofita la forma pentagonal de l\u2019absis. A banda i banda, sobre el mur es situen dos altars amb grans retaules, renaixentista de revestiment daurat el del costat de l&#8217;ep\u00edstola i barroc de fusta vista al lateral de l&#8217;evangeli.<\/p>\t\t\t\t\t\t\t\t<\/div>\n\t\t\t\t<\/div>\n\t\t\t\t<div class=\"elementor-element elementor-element-5dc2393 elementor-widget elementor-widget-image\" data-id=\"5dc2393\" data-element_type=\"widget\" data-e-type=\"widget\" data-widget_type=\"image.default\">\n\t\t\t\t<div class=\"elementor-widget-container\">\n\t\t\t\t\t\t\t\t\t\t\t\t<figure class=\"wp-caption\">\n\t\t\t\t\t\t\t\t\t\t<img loading=\"lazy\" decoding=\"async\" width=\"632\" height=\"590\" src=\"https:\/\/www.elturistatranquil.com\/wp-content\/uploads\/F54-Concatedral-de-San-Pedro-Soria.jpg\" class=\"attachment-large size-large wp-image-51740\" alt=\"Concatedral de San Pedro, Soria\" srcset=\"https:\/\/www.elturistatranquil.com\/wp-content\/uploads\/F54-Concatedral-de-San-Pedro-Soria.jpg 632w, https:\/\/www.elturistatranquil.com\/wp-content\/uploads\/F54-Concatedral-de-San-Pedro-Soria-242x226.jpg 242w\" sizes=\"(max-width: 632px) 100vw, 632px\" \/>\t\t\t\t\t\t\t\t\t\t\t<figcaption class=\"widget-image-caption wp-caption-text\"><\/figcaption>\n\t\t\t\t\t\t\t\t\t\t<\/figure>\n\t\t\t\t\t\t\t\t\t<\/div>\n\t\t\t\t<\/div>\n\t\t\t\t<section class=\"elementor-section elementor-inner-section elementor-element elementor-element-e47322b elementor-section-boxed elementor-section-height-default elementor-section-height-default\" data-id=\"e47322b\" data-element_type=\"section\" data-e-type=\"section\">\n\t\t\t\t\t\t<div class=\"elementor-container elementor-column-gap-default\">\n\t\t\t\t\t<div class=\"elementor-column elementor-col-50 elementor-inner-column elementor-element elementor-element-fc29393\" data-id=\"fc29393\" data-element_type=\"column\" data-e-type=\"column\">\n\t\t\t<div class=\"elementor-widget-wrap elementor-element-populated\">\n\t\t\t\t\t\t<div class=\"elementor-element elementor-element-9df7084 elementor-widget elementor-widget-image\" data-id=\"9df7084\" data-element_type=\"widget\" data-e-type=\"widget\" data-widget_type=\"image.default\">\n\t\t\t\t<div class=\"elementor-widget-container\">\n\t\t\t\t\t\t\t\t\t\t\t\t<figure class=\"wp-caption\">\n\t\t\t\t\t\t\t\t\t\t<img loading=\"lazy\" decoding=\"async\" width=\"380\" height=\"507\" src=\"https:\/\/www.elturistatranquil.com\/wp-content\/uploads\/F55n-Concatedral-de-San-Pedro-Soria.jpg\" class=\"attachment-large size-large wp-image-51744\" alt=\"Concatedral de San Pedro, Soria\" srcset=\"https:\/\/www.elturistatranquil.com\/wp-content\/uploads\/F55n-Concatedral-de-San-Pedro-Soria.jpg 380w, https:\/\/www.elturistatranquil.com\/wp-content\/uploads\/F55n-Concatedral-de-San-Pedro-Soria-169x226.jpg 169w\" sizes=\"(max-width: 380px) 100vw, 380px\" \/>\t\t\t\t\t\t\t\t\t\t\t<figcaption class=\"widget-image-caption wp-caption-text\">Capella absidal de San Miguel amb un retaule barroc de mitjans segle XVIII, d'estil rococ\u00f3, de fusta de pi sense pintar ni daurar, a l'esquerra de la capella major al costat de l'evangeli<\/figcaption>\n\t\t\t\t\t\t\t\t\t\t<\/figure>\n\t\t\t\t\t\t\t\t\t<\/div>\n\t\t\t\t<\/div>\n\t\t\t\t\t<\/div>\n\t\t<\/div>\n\t\t\t\t<div class=\"elementor-column elementor-col-50 elementor-inner-column elementor-element elementor-element-01bf26c\" data-id=\"01bf26c\" data-element_type=\"column\" data-e-type=\"column\">\n\t\t\t<div class=\"elementor-widget-wrap elementor-element-populated\">\n\t\t\t\t\t\t<div class=\"elementor-element elementor-element-37bbd04 elementor-widget elementor-widget-image\" data-id=\"37bbd04\" data-element_type=\"widget\" data-e-type=\"widget\" data-widget_type=\"image.default\">\n\t\t\t\t<div class=\"elementor-widget-container\">\n\t\t\t\t\t\t\t\t\t\t\t\t<figure class=\"wp-caption\">\n\t\t\t\t\t\t\t\t\t\t<img loading=\"lazy\" decoding=\"async\" width=\"380\" height=\"507\" src=\"https:\/\/www.elturistatranquil.com\/wp-content\/uploads\/F55m-Concatedral-de-San-Pedro-Soria.jpg\" class=\"attachment-large size-large wp-image-51742\" alt=\"Concatedral de San Pedro, Soria\" srcset=\"https:\/\/www.elturistatranquil.com\/wp-content\/uploads\/F55m-Concatedral-de-San-Pedro-Soria.jpg 380w, https:\/\/www.elturistatranquil.com\/wp-content\/uploads\/F55m-Concatedral-de-San-Pedro-Soria-169x226.jpg 169w\" sizes=\"(max-width: 380px) 100vw, 380px\" \/>\t\t\t\t\t\t\t\t\t\t\t<figcaption class=\"widget-image-caption wp-caption-text\">Capella absidal de Sant Nicolau, amb un retaule de mitjans segle XVI, procedeix de l'esgl\u00e9sia de Santa Clara, a la dreta de la capella major al costat de l'ep\u00edstola<\/figcaption>\n\t\t\t\t\t\t\t\t\t\t<\/figure>\n\t\t\t\t\t\t\t\t\t<\/div>\n\t\t\t\t<\/div>\n\t\t\t\t\t<\/div>\n\t\t<\/div>\n\t\t\t\t\t<\/div>\n\t\t<\/section>\n\t\t\t\t<div class=\"elementor-element elementor-element-7c6567b elementor-widget elementor-widget-text-editor\" data-id=\"7c6567b\" data-element_type=\"widget\" data-e-type=\"widget\" data-widget_type=\"text-editor.default\">\n\t\t\t\t<div class=\"elementor-widget-container\">\n\t\t\t\t\t\t\t\t\t<p>\u00a0<\/p><p>Als peus del temple la Porta Santa, el cor sobre arcs carpanell, on s&#8217;allotja l&#8217;orgue, la que s&#8217;hi accedeix per un balc\u00f3 corregut des de la part septentrional del temple. Dues finestres d\u2019arc de mig punt aporten llum al recinte.<\/p>\t\t\t\t\t\t\t\t<\/div>\n\t\t\t\t<\/div>\n\t\t\t\t<div class=\"elementor-element elementor-element-a310f02 elementor-widget elementor-widget-image\" data-id=\"a310f02\" data-element_type=\"widget\" data-e-type=\"widget\" data-widget_type=\"image.default\">\n\t\t\t\t<div class=\"elementor-widget-container\">\n\t\t\t\t\t\t\t\t\t\t\t\t<figure class=\"wp-caption\">\n\t\t\t\t\t\t\t\t\t\t<img loading=\"lazy\" decoding=\"async\" width=\"768\" height=\"512\" src=\"https:\/\/www.elturistatranquil.com\/wp-content\/uploads\/F57-Concatedral-de-San-Pedro-Soria.jpg\" class=\"attachment-large size-large wp-image-51746\" alt=\"Concatedral de San Pedro, Soria\" srcset=\"https:\/\/www.elturistatranquil.com\/wp-content\/uploads\/F57-Concatedral-de-San-Pedro-Soria.jpg 768w, https:\/\/www.elturistatranquil.com\/wp-content\/uploads\/F57-Concatedral-de-San-Pedro-Soria-339x226.jpg 339w\" sizes=\"(max-width: 768px) 100vw, 768px\" \/>\t\t\t\t\t\t\t\t\t\t\t<figcaption class=\"widget-image-caption wp-caption-text\"><\/figcaption>\n\t\t\t\t\t\t\t\t\t\t<\/figure>\n\t\t\t\t\t\t\t\t\t<\/div>\n\t\t\t\t<\/div>\n\t\t\t\t<div class=\"elementor-element elementor-element-18b8de7 elementor-widget elementor-widget-image\" data-id=\"18b8de7\" data-element_type=\"widget\" data-e-type=\"widget\" data-widget_type=\"image.default\">\n\t\t\t\t<div class=\"elementor-widget-container\">\n\t\t\t\t\t\t\t\t\t\t\t\t<figure class=\"wp-caption\">\n\t\t\t\t\t\t\t\t\t\t<img loading=\"lazy\" decoding=\"async\" width=\"768\" height=\"541\" src=\"https:\/\/www.elturistatranquil.com\/wp-content\/uploads\/F58-Concatedral-de-San-Pedro-Soria.jpg\" class=\"attachment-large size-large wp-image-51748\" alt=\"Concatedral de San Pedro, Soria\" srcset=\"https:\/\/www.elturistatranquil.com\/wp-content\/uploads\/F58-Concatedral-de-San-Pedro-Soria.jpg 768w, https:\/\/www.elturistatranquil.com\/wp-content\/uploads\/F58-Concatedral-de-San-Pedro-Soria-321x226.jpg 321w\" sizes=\"(max-width: 768px) 100vw, 768px\" \/>\t\t\t\t\t\t\t\t\t\t\t<figcaption class=\"widget-image-caption wp-caption-text\"><\/figcaption>\n\t\t\t\t\t\t\t\t\t\t<\/figure>\n\t\t\t\t\t\t\t\t\t<\/div>\n\t\t\t\t<\/div>\n\t\t\t\t<div class=\"elementor-element elementor-element-0915ed8 elementor-widget elementor-widget-text-editor\" data-id=\"0915ed8\" data-element_type=\"widget\" data-e-type=\"widget\" data-widget_type=\"text-editor.default\">\n\t\t\t\t<div class=\"elementor-widget-container\">\n\t\t\t\t\t\t\t\t\t<p>En observar l&#8217;entrada principal pel costat de l&#8217;ep\u00edstola, constatem que la f\u00e0brica d&#8217;aquest tram \u00e9s d&#8217;estil rom\u00e0nic i correspon al transsepte de l&#8217;antic temple que es va conservar amb la reconstrucci\u00f3 del segle XVI.<\/p>\t\t\t\t\t\t\t\t<\/div>\n\t\t\t\t<\/div>\n\t\t\t\t<div class=\"elementor-element elementor-element-7cf2a27 elementor-widget elementor-widget-image\" data-id=\"7cf2a27\" data-element_type=\"widget\" data-e-type=\"widget\" data-widget_type=\"image.default\">\n\t\t\t\t<div class=\"elementor-widget-container\">\n\t\t\t\t\t\t\t\t\t\t\t\t<figure class=\"wp-caption\">\n\t\t\t\t\t\t\t\t\t\t<img loading=\"lazy\" decoding=\"async\" width=\"768\" height=\"512\" src=\"https:\/\/www.elturistatranquil.com\/wp-content\/uploads\/F59-Concatedral-de-San-Pedro-Soria.jpg\" class=\"attachment-large size-large wp-image-51750\" alt=\"Concatedral de San Pedro, Soria\" srcset=\"https:\/\/www.elturistatranquil.com\/wp-content\/uploads\/F59-Concatedral-de-San-Pedro-Soria.jpg 768w, https:\/\/www.elturistatranquil.com\/wp-content\/uploads\/F59-Concatedral-de-San-Pedro-Soria-339x226.jpg 339w\" sizes=\"(max-width: 768px) 100vw, 768px\" \/>\t\t\t\t\t\t\t\t\t\t\t<figcaption class=\"widget-image-caption wp-caption-text\"><\/figcaption>\n\t\t\t\t\t\t\t\t\t\t<\/figure>\n\t\t\t\t\t\t\t\t\t<\/div>\n\t\t\t\t<\/div>\n\t\t\t\t<div class=\"elementor-element elementor-element-6be4d3d elementor-widget elementor-widget-text-editor\" data-id=\"6be4d3d\" data-element_type=\"widget\" data-e-type=\"widget\" data-widget_type=\"text-editor.default\">\n\t\t\t\t<div class=\"elementor-widget-container\">\n\t\t\t\t\t\t\t\t\t<p>La coberta est\u00e0 formada per tres teulades de coberta a dues aig\u00fces, cadascuna independent, on la central segueix el recorregut a la nau central i les dues laterals, de m\u00e9s amplada, cobreixen cadascuna les dues naus laterals.<\/p><p>Aquesta estructura es recolza en una volta de creueria tota ella a la mateixa al\u00e7ada com correspon a una bas\u00edlica de sal\u00f3. A la base 16 gruixudes columnes, el fust de les quals est\u00e0 constru\u00eft de peces de \u00a0carreu. La columna presenta un simple cimaci del qual parteixen els nervis i la creueria estelada en forma de palmera.<\/p>\t\t\t\t\t\t\t\t<\/div>\n\t\t\t\t<\/div>\n\t\t\t\t<div class=\"elementor-element elementor-element-025634a elementor-widget elementor-widget-image\" data-id=\"025634a\" data-element_type=\"widget\" data-e-type=\"widget\" data-widget_type=\"image.default\">\n\t\t\t\t<div class=\"elementor-widget-container\">\n\t\t\t\t\t\t\t\t\t\t\t\t<figure class=\"wp-caption\">\n\t\t\t\t\t\t\t\t\t\t<img loading=\"lazy\" decoding=\"async\" width=\"768\" height=\"512\" src=\"https:\/\/www.elturistatranquil.com\/wp-content\/uploads\/F60-Concatedral-de-San-Pedro-Soria.jpg\" class=\"attachment-large size-large wp-image-51732\" alt=\"Concatedral de San Pedro, Soria\" srcset=\"https:\/\/www.elturistatranquil.com\/wp-content\/uploads\/F60-Concatedral-de-San-Pedro-Soria.jpg 768w, https:\/\/www.elturistatranquil.com\/wp-content\/uploads\/F60-Concatedral-de-San-Pedro-Soria-339x226.jpg 339w\" sizes=\"(max-width: 768px) 100vw, 768px\" \/>\t\t\t\t\t\t\t\t\t\t\t<figcaption class=\"widget-image-caption wp-caption-text\"><\/figcaption>\n\t\t\t\t\t\t\t\t\t\t<\/figure>\n\t\t\t\t\t\t\t\t\t<\/div>\n\t\t\t\t<\/div>\n\t\t\t\t<div class=\"elementor-element elementor-element-534e731 elementor-widget elementor-widget-text-editor\" data-id=\"534e731\" data-element_type=\"widget\" data-e-type=\"widget\" data-widget_type=\"text-editor.default\">\n\t\t\t\t<div class=\"elementor-widget-container\">\n\t\t\t\t\t\t\t\t\t<p>Val la pena aturar-se a observar la forma de palmera o ventall dels nervis que donen lloc a una complexa volta estelada, pr\u00f2pia del g\u00f2tic tard\u00e0.<\/p>\t\t\t\t\t\t\t\t<\/div>\n\t\t\t\t<\/div>\n\t\t\t\t<div class=\"elementor-element elementor-element-9335aff elementor-widget elementor-widget-image\" data-id=\"9335aff\" data-element_type=\"widget\" data-e-type=\"widget\" data-widget_type=\"image.default\">\n\t\t\t\t<div class=\"elementor-widget-container\">\n\t\t\t\t\t\t\t\t\t\t\t\t<figure class=\"wp-caption\">\n\t\t\t\t\t\t\t\t\t\t<img loading=\"lazy\" decoding=\"async\" width=\"768\" height=\"512\" src=\"https:\/\/www.elturistatranquil.com\/wp-content\/uploads\/F61-Concatedral-de-San-Pedro-Soria.jpg\" class=\"attachment-large size-large wp-image-51734\" alt=\"Concatedral de San Pedro, Soria\" srcset=\"https:\/\/www.elturistatranquil.com\/wp-content\/uploads\/F61-Concatedral-de-San-Pedro-Soria.jpg 768w, https:\/\/www.elturistatranquil.com\/wp-content\/uploads\/F61-Concatedral-de-San-Pedro-Soria-339x226.jpg 339w\" sizes=\"(max-width: 768px) 100vw, 768px\" \/>\t\t\t\t\t\t\t\t\t\t\t<figcaption class=\"widget-image-caption wp-caption-text\"><\/figcaption>\n\t\t\t\t\t\t\t\t\t\t<\/figure>\n\t\t\t\t\t\t\t\t\t<\/div>\n\t\t\t\t<\/div>\n\t\t\t\t<div class=\"elementor-element elementor-element-486bf2b elementor-widget elementor-widget-image\" data-id=\"486bf2b\" data-element_type=\"widget\" data-e-type=\"widget\" data-widget_type=\"image.default\">\n\t\t\t\t<div class=\"elementor-widget-container\">\n\t\t\t\t\t\t\t\t\t\t\t\t<figure class=\"wp-caption\">\n\t\t\t\t\t\t\t\t\t\t<img loading=\"lazy\" decoding=\"async\" width=\"768\" height=\"512\" src=\"https:\/\/www.elturistatranquil.com\/wp-content\/uploads\/F62-Concatedral-de-San-Pedro-Soria.jpg\" class=\"attachment-large size-large wp-image-51764\" alt=\"Concatedral de San Pedro, Soria\" srcset=\"https:\/\/www.elturistatranquil.com\/wp-content\/uploads\/F62-Concatedral-de-San-Pedro-Soria.jpg 768w, https:\/\/www.elturistatranquil.com\/wp-content\/uploads\/F62-Concatedral-de-San-Pedro-Soria-339x226.jpg 339w\" sizes=\"(max-width: 768px) 100vw, 768px\" \/>\t\t\t\t\t\t\t\t\t\t\t<figcaption class=\"widget-image-caption wp-caption-text\"><\/figcaption>\n\t\t\t\t\t\t\t\t\t\t<\/figure>\n\t\t\t\t\t\t\t\t\t<\/div>\n\t\t\t\t<\/div>\n\t\t\t\t<div class=\"elementor-element elementor-element-0b599d8 elementor-widget elementor-widget-text-editor\" data-id=\"0b599d8\" data-element_type=\"widget\" data-e-type=\"widget\" data-widget_type=\"text-editor.default\">\n\t\t\t\t<div class=\"elementor-widget-container\">\n\t\t\t\t\t\t\t\t\t<p>Sobre el fons de les capelles laterals se situa a cadascuna d&#8217;elles altars d&#8217;estil barroc.<\/p>\t\t\t\t\t\t\t\t<\/div>\n\t\t\t\t<\/div>\n\t\t\t\t<section class=\"elementor-section elementor-inner-section elementor-element elementor-element-17a991e elementor-section-boxed elementor-section-height-default elementor-section-height-default\" data-id=\"17a991e\" data-element_type=\"section\" data-e-type=\"section\">\n\t\t\t\t\t\t<div class=\"elementor-container elementor-column-gap-default\">\n\t\t\t\t\t<div class=\"elementor-column elementor-col-50 elementor-inner-column elementor-element elementor-element-88d3490\" data-id=\"88d3490\" data-element_type=\"column\" data-e-type=\"column\">\n\t\t\t<div class=\"elementor-widget-wrap elementor-element-populated\">\n\t\t\t\t\t\t<div class=\"elementor-element elementor-element-79760c7 elementor-widget elementor-widget-image\" data-id=\"79760c7\" data-element_type=\"widget\" data-e-type=\"widget\" data-widget_type=\"image.default\">\n\t\t\t\t<div class=\"elementor-widget-container\">\n\t\t\t\t\t\t\t\t\t\t\t\t\t\t\t<img loading=\"lazy\" decoding=\"async\" width=\"380\" height=\"507\" src=\"https:\/\/www.elturistatranquil.com\/wp-content\/uploads\/F63m-Concatedral-de-San-Pedro-Soria.jpg\" class=\"attachment-large size-large wp-image-51766\" alt=\"Concatedral de San Pedro, Soria\" srcset=\"https:\/\/www.elturistatranquil.com\/wp-content\/uploads\/F63m-Concatedral-de-San-Pedro-Soria.jpg 380w, https:\/\/www.elturistatranquil.com\/wp-content\/uploads\/F63m-Concatedral-de-San-Pedro-Soria-169x226.jpg 169w\" sizes=\"(max-width: 380px) 100vw, 380px\" \/>\t\t\t\t\t\t\t\t\t\t\t\t\t\t\t<\/div>\n\t\t\t\t<\/div>\n\t\t\t\t\t<\/div>\n\t\t<\/div>\n\t\t\t\t<div class=\"elementor-column elementor-col-50 elementor-inner-column elementor-element elementor-element-5e7ffcf\" data-id=\"5e7ffcf\" data-element_type=\"column\" data-e-type=\"column\">\n\t\t\t<div class=\"elementor-widget-wrap elementor-element-populated\">\n\t\t\t\t\t\t<div class=\"elementor-element elementor-element-e8c2fc0 elementor-widget elementor-widget-image\" data-id=\"e8c2fc0\" data-element_type=\"widget\" data-e-type=\"widget\" data-widget_type=\"image.default\">\n\t\t\t\t<div class=\"elementor-widget-container\">\n\t\t\t\t\t\t\t\t\t\t\t\t\t\t\t<img loading=\"lazy\" decoding=\"async\" width=\"380\" height=\"507\" src=\"https:\/\/www.elturistatranquil.com\/wp-content\/uploads\/F63n-Concatedral-de-San-Pedro-Soria.jpg\" class=\"attachment-large size-large wp-image-51768\" alt=\"Concatedral de San Pedro, Soria\" srcset=\"https:\/\/www.elturistatranquil.com\/wp-content\/uploads\/F63n-Concatedral-de-San-Pedro-Soria.jpg 380w, https:\/\/www.elturistatranquil.com\/wp-content\/uploads\/F63n-Concatedral-de-San-Pedro-Soria-169x226.jpg 169w\" sizes=\"(max-width: 380px) 100vw, 380px\" \/>\t\t\t\t\t\t\t\t\t\t\t\t\t\t\t<\/div>\n\t\t\t\t<\/div>\n\t\t\t\t\t<\/div>\n\t\t<\/div>\n\t\t\t\t\t<\/div>\n\t\t<\/section>\n\t\t\t\t<div class=\"elementor-element elementor-element-8757e31 elementor-widget elementor-widget-heading\" data-id=\"8757e31\" data-element_type=\"widget\" data-e-type=\"widget\" data-widget_type=\"heading.default\">\n\t\t\t\t<div class=\"elementor-widget-container\">\n\t\t\t\t\t<h2 class=\"elementor-heading-title elementor-size-default\">Esgl\u00e9sia de Santo Domingo<\/h2>\t\t\t\t<\/div>\n\t\t\t\t<\/div>\n\t\t\t\t<div class=\"elementor-element elementor-element-ccfd1f2 elementor-widget elementor-widget-text-editor\" data-id=\"ccfd1f2\" data-element_type=\"widget\" data-e-type=\"widget\" data-widget_type=\"text-editor.default\">\n\t\t\t\t<div class=\"elementor-widget-container\">\n\t\t\t\t\t\t\t\t\t<p><em>B\u00e9 d&#8217;Inter\u00e8s Cultural (BIC)<\/em><\/p><p>A la pla\u00e7a dels comtes de Lleida on s&#8217;empla\u00e7a un dels monuments m\u00e9s importants del rom\u00e0nic sori\u00e0 de la ciutat; es tracta de l&#8217; <strong>Esgl\u00e9sia de Santo Domingo<\/strong> (<strong>2<\/strong>).<\/p><p>Aquest temple rom\u00e0nic va ser erigit al segle XII. Possiblement l&#8217;element m\u00e9s interessant del temple sigui la seva fa\u00e7ana amb arquivolta i timp\u00e0, amb una gran rosassa i adornada d&#8217;arqueries cegues.<\/p><p>El conjunt va ser edificat en tres etapes entre els segles XII i XVI, alhora que patia canvis en la seva consideraci\u00f3 eclesial.<\/p><p>Es tracta, doncs, d&#8217;un altre dels temples rom\u00e0nic-g\u00f2tic de la ciutat.<\/p>\t\t\t\t\t\t\t\t<\/div>\n\t\t\t\t<\/div>\n\t\t\t\t<div class=\"elementor-element elementor-element-4a93776 elementor-widget elementor-widget-image\" data-id=\"4a93776\" data-element_type=\"widget\" data-e-type=\"widget\" data-widget_type=\"image.default\">\n\t\t\t\t<div class=\"elementor-widget-container\">\n\t\t\t\t\t\t\t\t\t\t\t\t<figure class=\"wp-caption\">\n\t\t\t\t\t\t\t\t\t\t<img loading=\"lazy\" decoding=\"async\" width=\"768\" height=\"512\" src=\"https:\/\/www.elturistatranquil.com\/wp-content\/uploads\/F65-Iglesia-de-Santo-Domingo-Soria.jpg\" class=\"attachment-large size-large wp-image-51770\" alt=\"Iglesia de Santo Domingo, Soria\" srcset=\"https:\/\/www.elturistatranquil.com\/wp-content\/uploads\/F65-Iglesia-de-Santo-Domingo-Soria.jpg 768w, https:\/\/www.elturistatranquil.com\/wp-content\/uploads\/F65-Iglesia-de-Santo-Domingo-Soria-339x226.jpg 339w\" sizes=\"(max-width: 768px) 100vw, 768px\" \/>\t\t\t\t\t\t\t\t\t\t\t<figcaption class=\"widget-image-caption wp-caption-text\"><\/figcaption>\n\t\t\t\t\t\t\t\t\t\t<\/figure>\n\t\t\t\t\t\t\t\t\t<\/div>\n\t\t\t\t<\/div>\n\t\t\t\t<div class=\"elementor-element elementor-element-06e69e9 elementor-widget elementor-widget-text-editor\" data-id=\"06e69e9\" data-element_type=\"widget\" data-e-type=\"widget\" data-widget_type=\"text-editor.default\">\n\t\t\t\t<div class=\"elementor-widget-container\">\n\t\t\t\t\t\t\t\t\t<p>Al dibuix de la planta est\u00e0 representat el que es conserva de les tres etapes de construcci\u00f3. Els murs puntejats corresponen al primer edifici rom\u00e0nic del qual l&#8217;aspecte visible m\u00e9s destacat que es conserva \u00e9s la torre. Els murs ratllats corresponen a la renovaci\u00f3 de finals del segle XII, als peus del temps i la portada rom\u00e0nica. Mentre que els murs en negre constitueixen la part d&#8217;edificaci\u00f3 g\u00f2tica del segle XVI, amb el nou absis i presbiteri i les dues capelles laterals.<\/p>\t\t\t\t\t\t\t\t<\/div>\n\t\t\t\t<\/div>\n\t\t\t\t<div class=\"elementor-element elementor-element-cff371c elementor-widget elementor-widget-image\" data-id=\"cff371c\" data-element_type=\"widget\" data-e-type=\"widget\" data-widget_type=\"image.default\">\n\t\t\t\t<div class=\"elementor-widget-container\">\n\t\t\t\t\t\t\t\t\t\t\t\t<figure class=\"wp-caption\">\n\t\t\t\t\t\t\t\t\t\t<img loading=\"lazy\" decoding=\"async\" width=\"768\" height=\"512\" src=\"https:\/\/www.elturistatranquil.com\/wp-content\/uploads\/F66-Iglesia-de-Santo-Domingo-Soria.jpg\" class=\"attachment-large size-large wp-image-51772\" alt=\"Iglesia de Santo Domingo, Soria\" srcset=\"https:\/\/www.elturistatranquil.com\/wp-content\/uploads\/F66-Iglesia-de-Santo-Domingo-Soria.jpg 768w, https:\/\/www.elturistatranquil.com\/wp-content\/uploads\/F66-Iglesia-de-Santo-Domingo-Soria-339x226.jpg 339w\" sizes=\"(max-width: 768px) 100vw, 768px\" \/>\t\t\t\t\t\t\t\t\t\t\t<figcaption class=\"widget-image-caption wp-caption-text\"><\/figcaption>\n\t\t\t\t\t\t\t\t\t\t<\/figure>\n\t\t\t\t\t\t\t\t\t<\/div>\n\t\t\t\t<\/div>\n\t\t\t\t<div class=\"elementor-element elementor-element-cf7976f elementor-widget elementor-widget-heading\" data-id=\"cf7976f\" data-element_type=\"widget\" data-e-type=\"widget\" data-widget_type=\"heading.default\">\n\t\t\t\t<div class=\"elementor-widget-container\">\n\t\t\t\t\t<h4 class=\"elementor-heading-title elementor-size-default\">L'exterior<\/h4>\t\t\t\t<\/div>\n\t\t\t\t<\/div>\n\t\t\t\t<div class=\"elementor-element elementor-element-7916569 elementor-widget elementor-widget-text-editor\" data-id=\"7916569\" data-element_type=\"widget\" data-e-type=\"widget\" data-widget_type=\"text-editor.default\">\n\t\t\t\t<div class=\"elementor-widget-container\">\n\t\t\t\t\t\t\t\t\t<p>En la seva visi\u00f3 enlluerna la portada del temple.<\/p>\t\t\t\t\t\t\t\t<\/div>\n\t\t\t\t<\/div>\n\t\t\t\t<div class=\"elementor-element elementor-element-17de04e elementor-widget elementor-widget-image\" data-id=\"17de04e\" data-element_type=\"widget\" data-e-type=\"widget\" data-widget_type=\"image.default\">\n\t\t\t\t<div class=\"elementor-widget-container\">\n\t\t\t\t\t\t\t\t\t\t\t\t<figure class=\"wp-caption\">\n\t\t\t\t\t\t\t\t\t\t<img loading=\"lazy\" decoding=\"async\" width=\"768\" height=\"512\" src=\"https:\/\/www.elturistatranquil.com\/wp-content\/uploads\/F68-Iglesia-de-Santo-Domingo-Soria.jpg\" class=\"attachment-large size-large wp-image-51776\" alt=\"Iglesia de Santo Domingo, Soria\" srcset=\"https:\/\/www.elturistatranquil.com\/wp-content\/uploads\/F68-Iglesia-de-Santo-Domingo-Soria.jpg 768w, https:\/\/www.elturistatranquil.com\/wp-content\/uploads\/F68-Iglesia-de-Santo-Domingo-Soria-339x226.jpg 339w\" sizes=\"(max-width: 768px) 100vw, 768px\" \/>\t\t\t\t\t\t\t\t\t\t\t<figcaption class=\"widget-image-caption wp-caption-text\"><\/figcaption>\n\t\t\t\t\t\t\t\t\t\t<\/figure>\n\t\t\t\t\t\t\t\t\t<\/div>\n\t\t\t\t<\/div>\n\t\t\t\t<div class=\"elementor-element elementor-element-5dac057 elementor-widget elementor-widget-text-editor\" data-id=\"5dac057\" data-element_type=\"widget\" data-e-type=\"widget\" data-widget_type=\"text-editor.default\">\n\t\t\t\t<div class=\"elementor-widget-container\">\n\t\t\t\t\t\t\t\t\t<p>Se suposa que, a principis del segle XII, es va construir en aquest indret una petita esgl\u00e9sia rom\u00e0nica en honor a Sant Tom\u00e9, situada davant de la porta del Roser de la muralla. A finals d&#8217;aquest segle es va produir una \u00e0mplia remodelaci\u00f3 i va ser llavors quan es va aixecar la fa\u00e7ana, possiblement sota el mecenatge d&#8217;Alfonso VIII i la seva esposa Leonor de Plantagenet.<\/p><p>En fundar-se al costat el 1556 el convent de dominics, l&#8217;esgl\u00e9sia parroquial els va ser cedida per al seu \u00fas, i va passar a ser l&#8217;esgl\u00e9sia de Santo Domingo.<\/p><p>El 1586 els dominics van introduir profunds canvis, com va ser l&#8217;enderrocament i reconstrucci\u00f3 de la cap\u00e7alera del temple i l&#8217;ampliaci\u00f3 amb dues capelles laterals al segon tram de la nau del temple, alhora que es va unir el cenobi amb el temple. L&#8217;obra va ser encarregada a Francisco de Revilla.<\/p><p>Entre 1836 i 1853, el convent dels dominics va estar abandonat com a conseq\u00fc\u00e8ncia de la desamortitzaci\u00f3. Al cap de poc temps, va ser ocupat per una Comunitat de germanes clarisses, concedint-los l&#8217;\u00fas exclusiu del temple, deixant de ser esgl\u00e9sia parroquial. Aquesta ordre continua habitant el convent.<\/p>\t\t\t\t\t\t\t\t<\/div>\n\t\t\t\t<\/div>\n\t\t\t\t<div class=\"elementor-element elementor-element-50f7b79 elementor-widget elementor-widget-image\" data-id=\"50f7b79\" data-element_type=\"widget\" data-e-type=\"widget\" data-widget_type=\"image.default\">\n\t\t\t\t<div class=\"elementor-widget-container\">\n\t\t\t\t\t\t\t\t\t\t\t\t<figure class=\"wp-caption\">\n\t\t\t\t\t\t\t\t\t\t<img loading=\"lazy\" decoding=\"async\" width=\"768\" height=\"512\" src=\"https:\/\/www.elturistatranquil.com\/wp-content\/uploads\/F68-Iglesia-de-Santo-Domingo-Soria.jpg\" class=\"attachment-large size-large wp-image-51776\" alt=\"Iglesia de Santo Domingo, Soria\" srcset=\"https:\/\/www.elturistatranquil.com\/wp-content\/uploads\/F68-Iglesia-de-Santo-Domingo-Soria.jpg 768w, https:\/\/www.elturistatranquil.com\/wp-content\/uploads\/F68-Iglesia-de-Santo-Domingo-Soria-339x226.jpg 339w\" sizes=\"(max-width: 768px) 100vw, 768px\" \/>\t\t\t\t\t\t\t\t\t\t\t<figcaption class=\"widget-image-caption wp-caption-text\"><\/figcaption>\n\t\t\t\t\t\t\t\t\t\t<\/figure>\n\t\t\t\t\t\t\t\t\t<\/div>\n\t\t\t\t<\/div>\n\t\t\t\t<div class=\"elementor-element elementor-element-153d008 elementor-widget elementor-widget-text-editor\" data-id=\"153d008\" data-element_type=\"widget\" data-e-type=\"widget\" data-widget_type=\"text-editor.default\">\n\t\t\t\t<div class=\"elementor-widget-container\">\n\t\t\t\t\t\t\t\t\t<p>La torre del primer rom\u00e0nic est\u00e0 adossada per l&#8217;exterior a all\u00f2 que havia de ser el primer tram o presbiteri del costat de l&#8217;evangeli. \u00c9s de quatre nivells els dos m\u00e9s baixos, amb arqueries cegues molt allargades, de mig punt la primera, i una mica apuntades la segona; el tercer presenta uns finestrals que han estat tapiats, mentre que el quart i darrer nivell presenta a cada costat una finestra-campanar d&#8217;arc de mig punt.<\/p><p>Per sobre del segon nivell una imposta decorada.<\/p>\t\t\t\t\t\t\t\t<\/div>\n\t\t\t\t<\/div>\n\t\t\t\t<div class=\"elementor-element elementor-element-882078e elementor-widget elementor-widget-image\" data-id=\"882078e\" data-element_type=\"widget\" data-e-type=\"widget\" data-widget_type=\"image.default\">\n\t\t\t\t<div class=\"elementor-widget-container\">\n\t\t\t\t\t\t\t\t\t\t\t\t<figure class=\"wp-caption\">\n\t\t\t\t\t\t\t\t\t\t<img loading=\"lazy\" decoding=\"async\" width=\"768\" height=\"512\" src=\"https:\/\/www.elturistatranquil.com\/wp-content\/uploads\/F69-Iglesia-de-Santo-Domingo-Soria.jpg\" class=\"attachment-large size-large wp-image-51758\" alt=\"Iglesia de Santo Domingo, Soria\" srcset=\"https:\/\/www.elturistatranquil.com\/wp-content\/uploads\/F69-Iglesia-de-Santo-Domingo-Soria.jpg 768w, https:\/\/www.elturistatranquil.com\/wp-content\/uploads\/F69-Iglesia-de-Santo-Domingo-Soria-339x226.jpg 339w\" sizes=\"(max-width: 768px) 100vw, 768px\" \/>\t\t\t\t\t\t\t\t\t\t\t<figcaption class=\"widget-image-caption wp-caption-text\"><\/figcaption>\n\t\t\t\t\t\t\t\t\t\t<\/figure>\n\t\t\t\t\t\t\t\t\t<\/div>\n\t\t\t\t<\/div>\n\t\t\t\t<div class=\"elementor-element elementor-element-1747a76 elementor-widget elementor-widget-text-editor\" data-id=\"1747a76\" data-element_type=\"widget\" data-e-type=\"widget\" data-widget_type=\"text-editor.default\">\n\t\t\t\t<div class=\"elementor-widget-container\">\n\t\t\t\t\t\t\t\t\t<p>La fa\u00e7ana \u00e9s un mur amb front\u00f3. Al centre una gran portada de doble esqueixada. Els laterals presenten dos nivells d&#8217;arcs cecs de mig punt, m\u00e9s elevats els de primer nivell que els del segon. I per sobre una gran rosassa.<\/p><p>Es considera que aquesta portada \u00e9s d&#8217;influ\u00e8ncia francesa (La nostra Senyora de Poitiers), que seria conseq\u00fc\u00e8ncia de la influ\u00e8ncia de la reina Leonor de Plantagenet.<\/p>\t\t\t\t\t\t\t\t<\/div>\n\t\t\t\t<\/div>\n\t\t\t\t<div class=\"elementor-element elementor-element-252f9b7 elementor-widget elementor-widget-image\" data-id=\"252f9b7\" data-element_type=\"widget\" data-e-type=\"widget\" data-widget_type=\"image.default\">\n\t\t\t\t<div class=\"elementor-widget-container\">\n\t\t\t\t\t\t\t\t\t\t\t\t<figure class=\"wp-caption\">\n\t\t\t\t\t\t\t\t\t\t<img loading=\"lazy\" decoding=\"async\" width=\"768\" height=\"512\" src=\"https:\/\/www.elturistatranquil.com\/wp-content\/uploads\/F70-Iglesia-de-Santo-Domingo-Soria.jpg\" class=\"attachment-large size-large wp-image-51760\" alt=\"Iglesia de Santo Domingo, Soria\" srcset=\"https:\/\/www.elturistatranquil.com\/wp-content\/uploads\/F70-Iglesia-de-Santo-Domingo-Soria.jpg 768w, https:\/\/www.elturistatranquil.com\/wp-content\/uploads\/F70-Iglesia-de-Santo-Domingo-Soria-339x226.jpg 339w\" sizes=\"(max-width: 768px) 100vw, 768px\" \/>\t\t\t\t\t\t\t\t\t\t\t<figcaption class=\"widget-image-caption wp-caption-text\"><\/figcaption>\n\t\t\t\t\t\t\t\t\t\t<\/figure>\n\t\t\t\t\t\t\t\t\t<\/div>\n\t\t\t\t<\/div>\n\t\t\t\t<div class=\"elementor-element elementor-element-6f6752e elementor-widget elementor-widget-text-editor\" data-id=\"6f6752e\" data-element_type=\"widget\" data-e-type=\"widget\" data-widget_type=\"text-editor.default\">\n\t\t\t\t<div class=\"elementor-widget-container\">\n\t\t\t\t\t\t\t\t\t<p>La portada \u00e9s de planta avan\u00e7ada amb teulada i quatre arquivoltes de doble esqueixada que es recolzen en capitells sobre columnes. El timp\u00e0 se sustenta sobre queixals.<\/p>\t\t\t\t\t\t\t\t<\/div>\n\t\t\t\t<\/div>\n\t\t\t\t<div class=\"elementor-element elementor-element-bca18dc elementor-widget elementor-widget-image\" data-id=\"bca18dc\" data-element_type=\"widget\" data-e-type=\"widget\" data-widget_type=\"image.default\">\n\t\t\t\t<div class=\"elementor-widget-container\">\n\t\t\t\t\t\t\t\t\t\t\t\t<figure class=\"wp-caption\">\n\t\t\t\t\t\t\t\t\t\t<img loading=\"lazy\" decoding=\"async\" width=\"768\" height=\"512\" src=\"https:\/\/www.elturistatranquil.com\/wp-content\/uploads\/F71-Iglesia-de-Santo-Domingo-Soria.jpg\" class=\"attachment-large size-large wp-image-51762\" alt=\"Iglesia de Santo Domingo, Soria\" srcset=\"https:\/\/www.elturistatranquil.com\/wp-content\/uploads\/F71-Iglesia-de-Santo-Domingo-Soria.jpg 768w, https:\/\/www.elturistatranquil.com\/wp-content\/uploads\/F71-Iglesia-de-Santo-Domingo-Soria-339x226.jpg 339w\" sizes=\"(max-width: 768px) 100vw, 768px\" \/>\t\t\t\t\t\t\t\t\t\t\t<figcaption class=\"widget-image-caption wp-caption-text\"><\/figcaption>\n\t\t\t\t\t\t\t\t\t\t<\/figure>\n\t\t\t\t\t\t\t\t\t<\/div>\n\t\t\t\t<\/div>\n\t\t\t\t<div class=\"elementor-element elementor-element-54b3af7 elementor-widget elementor-widget-text-editor\" data-id=\"54b3af7\" data-element_type=\"widget\" data-e-type=\"widget\" data-widget_type=\"text-editor.default\">\n\t\t\t\t<div class=\"elementor-widget-container\">\n\t\t\t\t\t\t\t\t\t<p>Aquesta portada se la coneix com la <em>B\u00edblia de pedra<\/em>. Les representacions escult\u00f2riques s\u00f3n imatges antropomorfes representant diferents moments de la B\u00edblia i els Evangelis.<\/p><p>El timp\u00e0 est\u00e0 dedicat a Crist sedent envoltat de quatre \u00c0ngels amb els s\u00edmbols dels evangelistes. Als extrems el profeta Isa\u00efes i la Verge Maria.<\/p>\t\t\t\t\t\t\t\t<\/div>\n\t\t\t\t<\/div>\n\t\t\t\t<div class=\"elementor-element elementor-element-54c6b0c elementor-widget elementor-widget-image\" data-id=\"54c6b0c\" data-element_type=\"widget\" data-e-type=\"widget\" data-widget_type=\"image.default\">\n\t\t\t\t<div class=\"elementor-widget-container\">\n\t\t\t\t\t\t\t\t\t\t\t\t<figure class=\"wp-caption\">\n\t\t\t\t\t\t\t\t\t\t<img loading=\"lazy\" decoding=\"async\" width=\"768\" height=\"512\" src=\"https:\/\/www.elturistatranquil.com\/wp-content\/uploads\/F72-Iglesia-de-Santo-Domingo-Soria.jpg\" class=\"attachment-large size-large wp-image-51791\" alt=\"Iglesia de Santo Domingo, Soria\" srcset=\"https:\/\/www.elturistatranquil.com\/wp-content\/uploads\/F72-Iglesia-de-Santo-Domingo-Soria.jpg 768w, https:\/\/www.elturistatranquil.com\/wp-content\/uploads\/F72-Iglesia-de-Santo-Domingo-Soria-339x226.jpg 339w\" sizes=\"(max-width: 768px) 100vw, 768px\" \/>\t\t\t\t\t\t\t\t\t\t\t<figcaption class=\"widget-image-caption wp-caption-text\"><\/figcaption>\n\t\t\t\t\t\t\t\t\t\t<\/figure>\n\t\t\t\t\t\t\t\t\t<\/div>\n\t\t\t\t<\/div>\n\t\t\t\t<div class=\"elementor-element elementor-element-597bedb elementor-widget elementor-widget-image\" data-id=\"597bedb\" data-element_type=\"widget\" data-e-type=\"widget\" data-widget_type=\"image.default\">\n\t\t\t\t<div class=\"elementor-widget-container\">\n\t\t\t\t\t\t\t\t\t\t\t\t<figure class=\"wp-caption\">\n\t\t\t\t\t\t\t\t\t\t<img loading=\"lazy\" decoding=\"async\" width=\"768\" height=\"511\" src=\"https:\/\/www.elturistatranquil.com\/wp-content\/uploads\/F73-Iglesia-de-Santo-Domingo-Soria.jpg\" class=\"attachment-large size-large wp-image-51793\" alt=\"Iglesia de Santo Domingo, Soria\" srcset=\"https:\/\/www.elturistatranquil.com\/wp-content\/uploads\/F73-Iglesia-de-Santo-Domingo-Soria.jpg 768w, https:\/\/www.elturistatranquil.com\/wp-content\/uploads\/F73-Iglesia-de-Santo-Domingo-Soria-339x226.jpg 339w\" sizes=\"(max-width: 768px) 100vw, 768px\" \/>\t\t\t\t\t\t\t\t\t\t\t<figcaption class=\"widget-image-caption wp-caption-text\"><\/figcaption>\n\t\t\t\t\t\t\t\t\t\t<\/figure>\n\t\t\t\t\t\t\t\t\t<\/div>\n\t\t\t\t<\/div>\n\t\t\t\t<div class=\"elementor-element elementor-element-f9056fb elementor-widget elementor-widget-image\" data-id=\"f9056fb\" data-element_type=\"widget\" data-e-type=\"widget\" data-widget_type=\"image.default\">\n\t\t\t\t<div class=\"elementor-widget-container\">\n\t\t\t\t\t\t\t\t\t\t\t\t<figure class=\"wp-caption\">\n\t\t\t\t\t\t\t\t\t\t<img loading=\"lazy\" decoding=\"async\" width=\"768\" height=\"511\" src=\"https:\/\/www.elturistatranquil.com\/wp-content\/uploads\/F74-Iglesia-de-Santo-Domingo-Soria.jpg\" class=\"attachment-large size-large wp-image-51795\" alt=\"Iglesia de Santo Domingo, Soria\" srcset=\"https:\/\/www.elturistatranquil.com\/wp-content\/uploads\/F74-Iglesia-de-Santo-Domingo-Soria.jpg 768w, https:\/\/www.elturistatranquil.com\/wp-content\/uploads\/F74-Iglesia-de-Santo-Domingo-Soria-339x226.jpg 339w\" sizes=\"(max-width: 768px) 100vw, 768px\" \/>\t\t\t\t\t\t\t\t\t\t\t<figcaption class=\"widget-image-caption wp-caption-text\"><\/figcaption>\n\t\t\t\t\t\t\t\t\t\t<\/figure>\n\t\t\t\t\t\t\t\t\t<\/div>\n\t\t\t\t<\/div>\n\t\t\t\t<div class=\"elementor-element elementor-element-50f68fa elementor-widget elementor-widget-image\" data-id=\"50f68fa\" data-element_type=\"widget\" data-e-type=\"widget\" data-widget_type=\"image.default\">\n\t\t\t\t<div class=\"elementor-widget-container\">\n\t\t\t\t\t\t\t\t\t\t\t\t<figure class=\"wp-caption\">\n\t\t\t\t\t\t\t\t\t\t<img loading=\"lazy\" decoding=\"async\" width=\"768\" height=\"511\" src=\"https:\/\/www.elturistatranquil.com\/wp-content\/uploads\/F75-Iglesia-de-Santo-Domingo-Soria.jpg\" class=\"attachment-large size-large wp-image-51797\" alt=\"Iglesia de Santo Domingo, Soria\" srcset=\"https:\/\/www.elturistatranquil.com\/wp-content\/uploads\/F75-Iglesia-de-Santo-Domingo-Soria.jpg 768w, https:\/\/www.elturistatranquil.com\/wp-content\/uploads\/F75-Iglesia-de-Santo-Domingo-Soria-339x226.jpg 339w\" sizes=\"(max-width: 768px) 100vw, 768px\" \/>\t\t\t\t\t\t\t\t\t\t\t<figcaption class=\"widget-image-caption wp-caption-text\"><\/figcaption>\n\t\t\t\t\t\t\t\t\t\t<\/figure>\n\t\t\t\t\t\t\t\t\t<\/div>\n\t\t\t\t<\/div>\n\t\t\t\t<div class=\"elementor-element elementor-element-f94c00b elementor-widget elementor-widget-image\" data-id=\"f94c00b\" data-element_type=\"widget\" data-e-type=\"widget\" data-widget_type=\"image.default\">\n\t\t\t\t<div class=\"elementor-widget-container\">\n\t\t\t\t\t\t\t\t\t\t\t\t<figure class=\"wp-caption\">\n\t\t\t\t\t\t\t\t\t\t<img loading=\"lazy\" decoding=\"async\" width=\"768\" height=\"511\" src=\"https:\/\/www.elturistatranquil.com\/wp-content\/uploads\/F76-Iglesia-de-Santo-Domingo-Soria.jpg\" class=\"attachment-large size-large wp-image-51799\" alt=\"Iglesia de Santo Domingo, Soria\" srcset=\"https:\/\/www.elturistatranquil.com\/wp-content\/uploads\/F76-Iglesia-de-Santo-Domingo-Soria.jpg 768w, https:\/\/www.elturistatranquil.com\/wp-content\/uploads\/F76-Iglesia-de-Santo-Domingo-Soria-339x226.jpg 339w\" sizes=\"(max-width: 768px) 100vw, 768px\" \/>\t\t\t\t\t\t\t\t\t\t\t<figcaption class=\"widget-image-caption wp-caption-text\"><\/figcaption>\n\t\t\t\t\t\t\t\t\t\t<\/figure>\n\t\t\t\t\t\t\t\t\t<\/div>\n\t\t\t\t<\/div>\n\t\t\t\t<div class=\"elementor-element elementor-element-ad86f43 elementor-widget elementor-widget-text-editor\" data-id=\"ad86f43\" data-element_type=\"widget\" data-e-type=\"widget\" data-widget_type=\"text-editor.default\">\n\t\t\t\t<div class=\"elementor-widget-container\">\n\t\t\t\t\t\t\t\t\t<p>Al capcer, sobre la teulada, una rosassa rom\u00e0nica de vuit l\u00f2buls que baixen sobre capitells amb columnes que es reuneixen al centre sobre bases que adquireixen forma circular.<\/p><p>Al v\u00e8rtex de la coberta, sobresurt una creu florenca que fa de pinacle del front\u00f3.<\/p>\t\t\t\t\t\t\t\t<\/div>\n\t\t\t\t<\/div>\n\t\t\t\t<div class=\"elementor-element elementor-element-c700da5 elementor-widget elementor-widget-image\" data-id=\"c700da5\" data-element_type=\"widget\" data-e-type=\"widget\" data-widget_type=\"image.default\">\n\t\t\t\t<div class=\"elementor-widget-container\">\n\t\t\t\t\t\t\t\t\t\t\t\t<figure class=\"wp-caption\">\n\t\t\t\t\t\t\t\t\t\t<img loading=\"lazy\" decoding=\"async\" width=\"768\" height=\"512\" src=\"https:\/\/www.elturistatranquil.com\/wp-content\/uploads\/F77-Iglesia-de-Santo-Domingo-Soria.jpg\" class=\"attachment-large size-large wp-image-51781\" alt=\"Iglesia de Santo Domingo, Soria\" srcset=\"https:\/\/www.elturistatranquil.com\/wp-content\/uploads\/F77-Iglesia-de-Santo-Domingo-Soria.jpg 768w, https:\/\/www.elturistatranquil.com\/wp-content\/uploads\/F77-Iglesia-de-Santo-Domingo-Soria-339x226.jpg 339w\" sizes=\"(max-width: 768px) 100vw, 768px\" \/>\t\t\t\t\t\t\t\t\t\t\t<figcaption class=\"widget-image-caption wp-caption-text\"><\/figcaption>\n\t\t\t\t\t\t\t\t\t\t<\/figure>\n\t\t\t\t\t\t\t\t\t<\/div>\n\t\t\t\t<\/div>\n\t\t\t\t<div class=\"elementor-element elementor-element-44448d7 elementor-widget elementor-widget-heading\" data-id=\"44448d7\" data-element_type=\"widget\" data-e-type=\"widget\" data-widget_type=\"heading.default\">\n\t\t\t\t<div class=\"elementor-widget-container\">\n\t\t\t\t\t<h4 class=\"elementor-heading-title elementor-size-default\">L'interior<\/h4>\t\t\t\t<\/div>\n\t\t\t\t<\/div>\n\t\t\t\t<div class=\"elementor-element elementor-element-71a3372 elementor-widget elementor-widget-text-editor\" data-id=\"71a3372\" data-element_type=\"widget\" data-e-type=\"widget\" data-widget_type=\"text-editor.default\">\n\t\t\t\t<div class=\"elementor-widget-container\">\n\t\t\t\t\t\t\t\t\t<p>L&#8217;interior del temple est\u00e0 format per una \u00e0mplia nau central de tres trams amb pilars i arcs formers una mica apuntats. Les dues naus laterals estan dividides per murs darrere dels pilars formant capelles, cosa que substitueix els contraforts exteriors.<\/p><p>En planta, per\u00f2 no en altura, presentaria la forma de creu llatina amb les dues capelles afegides al segle XVI fent de transsepte.<\/p><p>Despr\u00e9s d&#8217;un tram, que ocupa l&#8217;amplada de la torre, amb la porta d&#8217;acc\u00e9s, es troba la capella major formada pel presbiteri i l&#8217;absis pentagonal incorporats al segle XVI o principis del XVII.<\/p><p>A les parts afegides al segle XVI les voltes s\u00f3n de creueria estrellada t\u00edpiques del g\u00f2tic l&#8217;\u00e8poca.<\/p>\t\t\t\t\t\t\t\t<\/div>\n\t\t\t\t<\/div>\n\t\t\t\t<div class=\"elementor-element elementor-element-d49e2db elementor-widget elementor-widget-image\" data-id=\"d49e2db\" data-element_type=\"widget\" data-e-type=\"widget\" data-widget_type=\"image.default\">\n\t\t\t\t<div class=\"elementor-widget-container\">\n\t\t\t\t\t\t\t\t\t\t\t\t<figure class=\"wp-caption\">\n\t\t\t\t\t\t\t\t\t\t<img loading=\"lazy\" decoding=\"async\" width=\"768\" height=\"512\" src=\"https:\/\/www.elturistatranquil.com\/wp-content\/uploads\/F78-Iglesia-de-Santo-Domingo-Soria.jpg\" class=\"attachment-large size-large wp-image-51783\" alt=\"Iglesia de Santo Domingo, Soria\" srcset=\"https:\/\/www.elturistatranquil.com\/wp-content\/uploads\/F78-Iglesia-de-Santo-Domingo-Soria.jpg 768w, https:\/\/www.elturistatranquil.com\/wp-content\/uploads\/F78-Iglesia-de-Santo-Domingo-Soria-339x226.jpg 339w\" sizes=\"(max-width: 768px) 100vw, 768px\" \/>\t\t\t\t\t\t\t\t\t\t\t<figcaption class=\"widget-image-caption wp-caption-text\"><\/figcaption>\n\t\t\t\t\t\t\t\t\t\t<\/figure>\n\t\t\t\t\t\t\t\t\t<\/div>\n\t\t\t\t<\/div>\n\t\t\t\t<div class=\"elementor-element elementor-element-2df12de elementor-widget elementor-widget-image\" data-id=\"2df12de\" data-element_type=\"widget\" data-e-type=\"widget\" data-widget_type=\"image.default\">\n\t\t\t\t<div class=\"elementor-widget-container\">\n\t\t\t\t\t\t\t\t\t\t\t\t<figure class=\"wp-caption\">\n\t\t\t\t\t\t\t\t\t\t<img loading=\"lazy\" decoding=\"async\" width=\"768\" height=\"511\" src=\"https:\/\/www.elturistatranquil.com\/wp-content\/uploads\/F79-Iglesia-de-Santo-Domingo-Soria.jpg\" class=\"attachment-large size-large wp-image-51785\" alt=\"Iglesia de Santo Domingo, Soria\" srcset=\"https:\/\/www.elturistatranquil.com\/wp-content\/uploads\/F79-Iglesia-de-Santo-Domingo-Soria.jpg 768w, https:\/\/www.elturistatranquil.com\/wp-content\/uploads\/F79-Iglesia-de-Santo-Domingo-Soria-339x226.jpg 339w\" sizes=\"(max-width: 768px) 100vw, 768px\" \/>\t\t\t\t\t\t\t\t\t\t\t<figcaption class=\"widget-image-caption wp-caption-text\"><\/figcaption>\n\t\t\t\t\t\t\t\t\t\t<\/figure>\n\t\t\t\t\t\t\t\t\t<\/div>\n\t\t\t\t<\/div>\n\t\t\t\t<div class=\"elementor-element elementor-element-2339c31 elementor-widget elementor-widget-text-editor\" data-id=\"2339c31\" data-element_type=\"widget\" data-e-type=\"widget\" data-widget_type=\"text-editor.default\">\n\t\t\t\t<div class=\"elementor-widget-container\">\n\t\t\t\t\t\t\t\t\t<p>Als peus, una gran rosassa rom\u00e0nica.<\/p>\t\t\t\t\t\t\t\t<\/div>\n\t\t\t\t<\/div>\n\t\t\t\t<div class=\"elementor-element elementor-element-8a77b87 elementor-widget elementor-widget-image\" data-id=\"8a77b87\" data-element_type=\"widget\" data-e-type=\"widget\" data-widget_type=\"image.default\">\n\t\t\t\t<div class=\"elementor-widget-container\">\n\t\t\t\t\t\t\t\t\t\t\t\t<figure class=\"wp-caption\">\n\t\t\t\t\t\t\t\t\t\t<img loading=\"lazy\" decoding=\"async\" width=\"768\" height=\"512\" src=\"https:\/\/www.elturistatranquil.com\/wp-content\/uploads\/F80-Iglesia-de-Santo-Domingo-Soria.jpg\" class=\"attachment-large size-large wp-image-51787\" alt=\"Iglesia de Santo Domingo, Soria\" srcset=\"https:\/\/www.elturistatranquil.com\/wp-content\/uploads\/F80-Iglesia-de-Santo-Domingo-Soria.jpg 768w, https:\/\/www.elturistatranquil.com\/wp-content\/uploads\/F80-Iglesia-de-Santo-Domingo-Soria-339x226.jpg 339w\" sizes=\"(max-width: 768px) 100vw, 768px\" \/>\t\t\t\t\t\t\t\t\t\t\t<figcaption class=\"widget-image-caption wp-caption-text\"><\/figcaption>\n\t\t\t\t\t\t\t\t\t\t<\/figure>\n\t\t\t\t\t\t\t\t\t<\/div>\n\t\t\t\t<\/div>\n\t\t\t\t<div class=\"elementor-element elementor-element-6c011e1 elementor-widget elementor-widget-image\" data-id=\"6c011e1\" data-element_type=\"widget\" data-e-type=\"widget\" data-widget_type=\"image.default\">\n\t\t\t\t<div class=\"elementor-widget-container\">\n\t\t\t\t\t\t\t\t\t\t\t\t<figure class=\"wp-caption\">\n\t\t\t\t\t\t\t\t\t\t<img loading=\"lazy\" decoding=\"async\" width=\"768\" height=\"512\" src=\"https:\/\/www.elturistatranquil.com\/wp-content\/uploads\/F81-Iglesia-de-Santo-Domingo-Soria.jpg\" class=\"attachment-large size-large wp-image-51789\" alt=\"Iglesia de Santo Domingo, Soria\" srcset=\"https:\/\/www.elturistatranquil.com\/wp-content\/uploads\/F81-Iglesia-de-Santo-Domingo-Soria.jpg 768w, https:\/\/www.elturistatranquil.com\/wp-content\/uploads\/F81-Iglesia-de-Santo-Domingo-Soria-339x226.jpg 339w\" sizes=\"(max-width: 768px) 100vw, 768px\" \/>\t\t\t\t\t\t\t\t\t\t\t<figcaption class=\"widget-image-caption wp-caption-text\"><\/figcaption>\n\t\t\t\t\t\t\t\t\t\t<\/figure>\n\t\t\t\t\t\t\t\t\t<\/div>\n\t\t\t\t<\/div>\n\t\t\t\t<div class=\"elementor-element elementor-element-e8e16af elementor-widget elementor-widget-image\" data-id=\"e8e16af\" data-element_type=\"widget\" data-e-type=\"widget\" data-widget_type=\"image.default\">\n\t\t\t\t<div class=\"elementor-widget-container\">\n\t\t\t\t\t\t\t\t\t\t\t\t<figure class=\"wp-caption\">\n\t\t\t\t\t\t\t\t\t\t<img loading=\"lazy\" decoding=\"async\" width=\"768\" height=\"512\" src=\"https:\/\/www.elturistatranquil.com\/wp-content\/uploads\/F82-Iglesia-de-Santo-Domingo-Soria.jpg\" class=\"attachment-large size-large wp-image-51809\" alt=\"Iglesia de Santo Domingo, Soria\" srcset=\"https:\/\/www.elturistatranquil.com\/wp-content\/uploads\/F82-Iglesia-de-Santo-Domingo-Soria.jpg 768w, https:\/\/www.elturistatranquil.com\/wp-content\/uploads\/F82-Iglesia-de-Santo-Domingo-Soria-339x226.jpg 339w\" sizes=\"(max-width: 768px) 100vw, 768px\" \/>\t\t\t\t\t\t\t\t\t\t\t<figcaption class=\"widget-image-caption wp-caption-text\"><\/figcaption>\n\t\t\t\t\t\t\t\t\t\t<\/figure>\n\t\t\t\t\t\t\t\t\t<\/div>\n\t\t\t\t<\/div>\n\t\t\t\t<div class=\"elementor-element elementor-element-4c164d6 elementor-widget elementor-widget-text-editor\" data-id=\"4c164d6\" data-element_type=\"widget\" data-e-type=\"widget\" data-widget_type=\"text-editor.default\">\n\t\t\t\t<div class=\"elementor-widget-container\">\n\t\t\t\t\t\t\t\t\t<p>La cristalleria de la rosassa \u00e9s de l&#8217;any 1917.<\/p>\t\t\t\t\t\t\t\t<\/div>\n\t\t\t\t<\/div>\n\t\t\t\t<div class=\"elementor-element elementor-element-8f156b3 elementor-widget elementor-widget-image\" data-id=\"8f156b3\" data-element_type=\"widget\" data-e-type=\"widget\" data-widget_type=\"image.default\">\n\t\t\t\t<div class=\"elementor-widget-container\">\n\t\t\t\t\t\t\t\t\t\t\t\t<figure class=\"wp-caption\">\n\t\t\t\t\t\t\t\t\t\t<img loading=\"lazy\" decoding=\"async\" width=\"768\" height=\"513\" src=\"https:\/\/www.elturistatranquil.com\/wp-content\/uploads\/F83-Iglesia-de-Santo-Domingo-Soria.jpg\" class=\"attachment-large size-large wp-image-51811\" alt=\"Iglesia de Santo Domingo, Soria\" srcset=\"https:\/\/www.elturistatranquil.com\/wp-content\/uploads\/F83-Iglesia-de-Santo-Domingo-Soria.jpg 768w, https:\/\/www.elturistatranquil.com\/wp-content\/uploads\/F83-Iglesia-de-Santo-Domingo-Soria-339x226.jpg 339w\" sizes=\"(max-width: 768px) 100vw, 768px\" \/>\t\t\t\t\t\t\t\t\t\t\t<figcaption class=\"widget-image-caption wp-caption-text\"><\/figcaption>\n\t\t\t\t\t\t\t\t\t\t<\/figure>\n\t\t\t\t\t\t\t\t\t<\/div>\n\t\t\t\t<\/div>\n\t\t\t\t<div class=\"elementor-element elementor-element-49eb532 elementor-widget elementor-widget-text-editor\" data-id=\"49eb532\" data-element_type=\"widget\" data-e-type=\"widget\" data-widget_type=\"text-editor.default\">\n\t\t\t\t<div class=\"elementor-widget-container\">\n\t\t\t\t\t\t\t\t\t<p>Per l&#8217;interior dels pilars dels arcs formers una mica apuntats parteixen tres columnes embegudes de suport dels arcs. Pel costat que dona a la nau central, dues o tres columnes embegudes s&#8217;eleven fins a la base de la volta. Aquesta \u00e9s de can\u00f3 de carreus una mica apuntada, amb arcs torals.<\/p><p>Totes les columnes acaben en capitells de composicions diverses vegetals, zoomorfes o antropomorfes.<\/p>\t\t\t\t\t\t\t\t<\/div>\n\t\t\t\t<\/div>\n\t\t\t\t<div class=\"elementor-element elementor-element-1e6a07f elementor-widget elementor-widget-image\" data-id=\"1e6a07f\" data-element_type=\"widget\" data-e-type=\"widget\" data-widget_type=\"image.default\">\n\t\t\t\t<div class=\"elementor-widget-container\">\n\t\t\t\t\t\t\t\t\t\t\t\t<figure class=\"wp-caption\">\n\t\t\t\t\t\t\t\t\t\t<img loading=\"lazy\" decoding=\"async\" width=\"768\" height=\"576\" src=\"https:\/\/www.elturistatranquil.com\/wp-content\/uploads\/F84-Iglesia-de-Santo-Domingo-Soria.jpg\" class=\"attachment-large size-large wp-image-51813\" alt=\"Iglesia de Santo Domingo, Soria\" srcset=\"https:\/\/www.elturistatranquil.com\/wp-content\/uploads\/F84-Iglesia-de-Santo-Domingo-Soria.jpg 768w, https:\/\/www.elturistatranquil.com\/wp-content\/uploads\/F84-Iglesia-de-Santo-Domingo-Soria-301x226.jpg 301w\" sizes=\"(max-width: 768px) 100vw, 768px\" \/>\t\t\t\t\t\t\t\t\t\t\t<figcaption class=\"widget-image-caption wp-caption-text\"><\/figcaption>\n\t\t\t\t\t\t\t\t\t\t<\/figure>\n\t\t\t\t\t\t\t\t\t<\/div>\n\t\t\t\t<\/div>\n\t\t\t\t<div class=\"elementor-element elementor-element-a374a2c elementor-widget elementor-widget-image\" data-id=\"a374a2c\" data-element_type=\"widget\" data-e-type=\"widget\" data-widget_type=\"image.default\">\n\t\t\t\t<div class=\"elementor-widget-container\">\n\t\t\t\t\t\t\t\t\t\t\t\t<figure class=\"wp-caption\">\n\t\t\t\t\t\t\t\t\t\t<img loading=\"lazy\" decoding=\"async\" width=\"768\" height=\"511\" src=\"https:\/\/www.elturistatranquil.com\/wp-content\/uploads\/F85-Iglesia-de-Santo-Domingo-Soria.jpg\" class=\"attachment-large size-large wp-image-51815\" alt=\"Iglesia de Santo Domingo, Soria\" srcset=\"https:\/\/www.elturistatranquil.com\/wp-content\/uploads\/F85-Iglesia-de-Santo-Domingo-Soria.jpg 768w, https:\/\/www.elturistatranquil.com\/wp-content\/uploads\/F85-Iglesia-de-Santo-Domingo-Soria-339x226.jpg 339w\" sizes=\"(max-width: 768px) 100vw, 768px\" \/>\t\t\t\t\t\t\t\t\t\t\t<figcaption class=\"widget-image-caption wp-caption-text\"><\/figcaption>\n\t\t\t\t\t\t\t\t\t\t<\/figure>\n\t\t\t\t\t\t\t\t\t<\/div>\n\t\t\t\t<\/div>\n\t\t\t\t<div class=\"elementor-element elementor-element-8c3df5d elementor-widget elementor-widget-text-editor\" data-id=\"8c3df5d\" data-element_type=\"widget\" data-e-type=\"widget\" data-widget_type=\"text-editor.default\">\n\t\t\t\t<div class=\"elementor-widget-container\">\n\t\t\t\t\t\t\t\t\t<p>La capella que fa les funcions de transsepte al costat de l&#8217;ep\u00edstola est\u00e0 dedicada a la Mare de D\u00e9u del Roser, amb un gran retaule pintat i daurat del segle XVIII.<\/p>\t\t\t\t\t\t\t\t<\/div>\n\t\t\t\t<\/div>\n\t\t\t\t<div class=\"elementor-element elementor-element-6ab850a elementor-widget elementor-widget-image\" data-id=\"6ab850a\" data-element_type=\"widget\" data-e-type=\"widget\" data-widget_type=\"image.default\">\n\t\t\t\t<div class=\"elementor-widget-container\">\n\t\t\t\t\t\t\t\t\t\t\t\t<figure class=\"wp-caption\">\n\t\t\t\t\t\t\t\t\t\t<img loading=\"lazy\" decoding=\"async\" width=\"768\" height=\"512\" src=\"https:\/\/www.elturistatranquil.com\/wp-content\/uploads\/F86-Iglesia-de-Santo-Domingo-Soria.jpg\" class=\"attachment-large size-large wp-image-51817\" alt=\"Iglesia de Santo Domingo, Soria\" srcset=\"https:\/\/www.elturistatranquil.com\/wp-content\/uploads\/F86-Iglesia-de-Santo-Domingo-Soria.jpg 768w, https:\/\/www.elturistatranquil.com\/wp-content\/uploads\/F86-Iglesia-de-Santo-Domingo-Soria-339x226.jpg 339w\" sizes=\"(max-width: 768px) 100vw, 768px\" \/>\t\t\t\t\t\t\t\t\t\t\t<figcaption class=\"widget-image-caption wp-caption-text\"><\/figcaption>\n\t\t\t\t\t\t\t\t\t\t<\/figure>\n\t\t\t\t\t\t\t\t\t<\/div>\n\t\t\t\t<\/div>\n\t\t\t\t<div class=\"elementor-element elementor-element-99673fb elementor-widget elementor-widget-text-editor\" data-id=\"99673fb\" data-element_type=\"widget\" data-e-type=\"widget\" data-widget_type=\"text-editor.default\">\n\t\t\t\t<div class=\"elementor-widget-container\">\n\t\t\t\t\t\t\t\t\t<p>Volta g\u00f2tica de creueria de la capella.<\/p>\t\t\t\t\t\t\t\t<\/div>\n\t\t\t\t<\/div>\n\t\t\t\t<div class=\"elementor-element elementor-element-e6fd8f6 elementor-widget elementor-widget-image\" data-id=\"e6fd8f6\" data-element_type=\"widget\" data-e-type=\"widget\" data-widget_type=\"image.default\">\n\t\t\t\t<div class=\"elementor-widget-container\">\n\t\t\t\t\t\t\t\t\t\t\t\t<figure class=\"wp-caption\">\n\t\t\t\t\t\t\t\t\t\t<img loading=\"lazy\" decoding=\"async\" width=\"768\" height=\"512\" src=\"https:\/\/www.elturistatranquil.com\/wp-content\/uploads\/F87-Iglesia-de-Santo-Domingo-Soria.jpg\" class=\"attachment-large size-large wp-image-51819\" alt=\"Iglesia de Santo Domingo, Soria\" srcset=\"https:\/\/www.elturistatranquil.com\/wp-content\/uploads\/F87-Iglesia-de-Santo-Domingo-Soria.jpg 768w, https:\/\/www.elturistatranquil.com\/wp-content\/uploads\/F87-Iglesia-de-Santo-Domingo-Soria-339x226.jpg 339w\" sizes=\"(max-width: 768px) 100vw, 768px\" \/>\t\t\t\t\t\t\t\t\t\t\t<figcaption class=\"widget-image-caption wp-caption-text\"><\/figcaption>\n\t\t\t\t\t\t\t\t\t\t<\/figure>\n\t\t\t\t\t\t\t\t\t<\/div>\n\t\t\t\t<\/div>\n\t\t\t\t<div class=\"elementor-element elementor-element-d9f8493 elementor-widget elementor-widget-text-editor\" data-id=\"d9f8493\" data-element_type=\"widget\" data-e-type=\"widget\" data-widget_type=\"text-editor.default\">\n\t\t\t\t<div class=\"elementor-widget-container\">\n\t\t\t\t\t\t\t\t\t<p>Al costat de l&#8217;evangeli, la capella-transsepte afegida est\u00e0 dedicada al Sant Crist<\/p>\t\t\t\t\t\t\t\t<\/div>\n\t\t\t\t<\/div>\n\t\t\t\t<div class=\"elementor-element elementor-element-63d2397 elementor-widget elementor-widget-image\" data-id=\"63d2397\" data-element_type=\"widget\" data-e-type=\"widget\" data-widget_type=\"image.default\">\n\t\t\t\t<div class=\"elementor-widget-container\">\n\t\t\t\t\t\t\t\t\t\t\t\t<figure class=\"wp-caption\">\n\t\t\t\t\t\t\t\t\t\t<img loading=\"lazy\" decoding=\"async\" width=\"768\" height=\"512\" src=\"https:\/\/www.elturistatranquil.com\/wp-content\/uploads\/F88-Iglesia-de-Santo-Domingo-Soria.jpg\" class=\"attachment-large size-large wp-image-51821\" alt=\"Iglesia de Santo Domingo, Soria\" srcset=\"https:\/\/www.elturistatranquil.com\/wp-content\/uploads\/F88-Iglesia-de-Santo-Domingo-Soria.jpg 768w, https:\/\/www.elturistatranquil.com\/wp-content\/uploads\/F88-Iglesia-de-Santo-Domingo-Soria-339x226.jpg 339w\" sizes=\"(max-width: 768px) 100vw, 768px\" \/>\t\t\t\t\t\t\t\t\t\t\t<figcaption class=\"widget-image-caption wp-caption-text\"><\/figcaption>\n\t\t\t\t\t\t\t\t\t\t<\/figure>\n\t\t\t\t\t\t\t\t\t<\/div>\n\t\t\t\t<\/div>\n\t\t\t\t<div class=\"elementor-element elementor-element-407c90d elementor-widget elementor-widget-heading\" data-id=\"407c90d\" data-element_type=\"widget\" data-e-type=\"widget\" data-widget_type=\"heading.default\">\n\t\t\t\t<div class=\"elementor-widget-container\">\n\t\t\t\t\t<h2 class=\"elementor-heading-title elementor-size-default\">Esgl\u00e9sia de San Juan de Rabanera<\/h2>\t\t\t\t<\/div>\n\t\t\t\t<\/div>\n\t\t\t\t<div class=\"elementor-element elementor-element-23afdd3 elementor-widget elementor-widget-text-editor\" data-id=\"23afdd3\" data-element_type=\"widget\" data-e-type=\"widget\" data-widget_type=\"text-editor.default\">\n\t\t\t\t<div class=\"elementor-widget-container\">\n\t\t\t\t\t\t\t\t\t<p><em>B\u00e9 d&#8217;Inter\u00e8s Cultural (BIC)<\/em><\/p><p>El nom de <strong>San Juan de Rabanera<\/strong> (<strong>3<\/strong>) d&#8217;aquesta esgl\u00e9sia \u00e9s deu a que en la repoblaci\u00f3 d&#8217;Alfons I aquesta col\u00b7laci\u00f3, una de les 35 intramurs que es van crear a S\u00f2ria, va ser repoblada per gent provinent de Rabanera del Campo.<\/p><p>Va patir nombroses transformacions, especialment en el per\u00edode barroc, sent la restauraci\u00f3 de mitjans segle XX la que ha tornat la seva esplendor rom\u00e0nica al temple.<\/p><p>En estar tancada en el moment de la meva visita no puc presentar les caracter\u00edstiques de l&#8217;interior del temple encara que es pot assenyalar que la planta d&#8217;una sola nau \u00e9s de creu llatina; ampli presbiteri; absis en hemicicle i dos absidioles no ostensibles a l&#8217;exterior embegudes al mur oriental dels dos bra\u00e7os del transsepte. Per sota d&#8217;ambd\u00f3s costats del transsepte s&#8217;obren dues capelles que sobresurten m\u00e9s que el mateix transsepte cap a l&#8217;exterior. Les esgl\u00e9sies rom\u00e0niques de planta de Creu llatina no s\u00f3n usuals a l&#8217;arquitectura soriana.<\/p><p>La seva orientaci\u00f3 \u00e9s can\u00f2nica a llevant. L&#8217;entrada est\u00e0 situada als peus del temple, encara que l&#8217;esgl\u00e9sia original era al costat sud i ara tapiada.<\/p>\t\t\t\t\t\t\t\t<\/div>\n\t\t\t\t<\/div>\n\t\t\t\t<div class=\"elementor-element elementor-element-1668249 elementor-widget elementor-widget-image\" data-id=\"1668249\" data-element_type=\"widget\" data-e-type=\"widget\" data-widget_type=\"image.default\">\n\t\t\t\t<div class=\"elementor-widget-container\">\n\t\t\t\t\t\t\t\t\t\t\t\t<figure class=\"wp-caption\">\n\t\t\t\t\t\t\t\t\t\t<img loading=\"lazy\" decoding=\"async\" width=\"768\" height=\"512\" src=\"https:\/\/www.elturistatranquil.com\/wp-content\/uploads\/F89a-Iglesia-de-San-Juan-de-Rabanera-Soria.jpg\" class=\"attachment-large size-large wp-image-51823\" alt=\"Iglesia de San Juan de Rabanera, Soria\" srcset=\"https:\/\/www.elturistatranquil.com\/wp-content\/uploads\/F89a-Iglesia-de-San-Juan-de-Rabanera-Soria.jpg 768w, https:\/\/www.elturistatranquil.com\/wp-content\/uploads\/F89a-Iglesia-de-San-Juan-de-Rabanera-Soria-339x226.jpg 339w\" sizes=\"(max-width: 768px) 100vw, 768px\" \/>\t\t\t\t\t\t\t\t\t\t\t<figcaption class=\"widget-image-caption wp-caption-text\"><\/figcaption>\n\t\t\t\t\t\t\t\t\t\t<\/figure>\n\t\t\t\t\t\t\t\t\t<\/div>\n\t\t\t\t<\/div>\n\t\t\t\t<div class=\"elementor-element elementor-element-146f76e elementor-widget elementor-widget-text-editor\" data-id=\"146f76e\" data-element_type=\"widget\" data-e-type=\"widget\" data-widget_type=\"text-editor.default\">\n\t\t\t\t<div class=\"elementor-widget-container\">\n\t\t\t\t\t\t\t\t\t<p>La portada que observem \u00e9s rom\u00e0nica de doble esqueixada en un avan\u00e7ament amb teulada i un gran \u00f2cul superior.<\/p><p>Gaireb\u00e9 tot l&#8217;edifici \u00e9s de ma\u00e7oneria ben llaurada, excepte el darrer tram de la torre campanar que combina el carreuat amb la ma\u00e7oneria, com va ser constru\u00eft al segle XVI.<\/p>\t\t\t\t\t\t\t\t<\/div>\n\t\t\t\t<\/div>\n\t\t\t\t<div class=\"elementor-element elementor-element-3735d5d elementor-widget elementor-widget-image\" data-id=\"3735d5d\" data-element_type=\"widget\" data-e-type=\"widget\" data-widget_type=\"image.default\">\n\t\t\t\t<div class=\"elementor-widget-container\">\n\t\t\t\t\t\t\t\t\t\t\t\t<figure class=\"wp-caption\">\n\t\t\t\t\t\t\t\t\t\t<img loading=\"lazy\" decoding=\"async\" width=\"768\" height=\"512\" src=\"https:\/\/www.elturistatranquil.com\/wp-content\/uploads\/F89b-Iglesia-de-San-Juan-de-Rabanera-Soria.jpg\" class=\"attachment-large size-large wp-image-51825\" alt=\"Iglesia de San Juan de Rabanera, Soria\" srcset=\"https:\/\/www.elturistatranquil.com\/wp-content\/uploads\/F89b-Iglesia-de-San-Juan-de-Rabanera-Soria.jpg 768w, https:\/\/www.elturistatranquil.com\/wp-content\/uploads\/F89b-Iglesia-de-San-Juan-de-Rabanera-Soria-339x226.jpg 339w\" sizes=\"(max-width: 768px) 100vw, 768px\" \/>\t\t\t\t\t\t\t\t\t\t\t<figcaption class=\"widget-image-caption wp-caption-text\"><\/figcaption>\n\t\t\t\t\t\t\t\t\t\t<\/figure>\n\t\t\t\t\t\t\t\t\t<\/div>\n\t\t\t\t<\/div>\n\t\t\t\t<div class=\"elementor-element elementor-element-c1d7b34 elementor-widget elementor-widget-text-editor\" data-id=\"c1d7b34\" data-element_type=\"widget\" data-e-type=\"widget\" data-widget_type=\"text-editor.default\">\n\t\t\t\t<div class=\"elementor-widget-container\">\n\t\t\t\t\t\t\t\t\t<p>Quatre arquivoltes sense decoraci\u00f3, excepte la interior, amb un dibuix geom\u00e8tric. Les arquivoltes protegides per una vasa d\u2019adorn i una teulada sobre m\u00e8nsules.<\/p><p>La difer\u00e8ncia de materials entre el cos de l&#8217;edifici i el ressalt fan pensar en dos moments diferents de la construcci\u00f3. La informaci\u00f3 tur\u00edstica explica que aquesta portada correspon a l&#8217;esgl\u00e9sia de Sant Nicolau (<strong>5<\/strong>) que despr\u00e9s de quedar en ru\u00efnes es va decidir el 1908 desmuntar-la i traslladar-la a aquest temple.<\/p>\t\t\t\t\t\t\t\t<\/div>\n\t\t\t\t<\/div>\n\t\t\t\t<div class=\"elementor-element elementor-element-4514cb7 elementor-widget elementor-widget-image\" data-id=\"4514cb7\" data-element_type=\"widget\" data-e-type=\"widget\" data-widget_type=\"image.default\">\n\t\t\t\t<div class=\"elementor-widget-container\">\n\t\t\t\t\t\t\t\t\t\t\t\t<figure class=\"wp-caption\">\n\t\t\t\t\t\t\t\t\t\t<img loading=\"lazy\" decoding=\"async\" width=\"768\" height=\"511\" src=\"https:\/\/www.elturistatranquil.com\/wp-content\/uploads\/F90-Iglesia-de-San-Juan-de-Rabanera-Soria.jpg\" class=\"attachment-large size-large wp-image-51807\" alt=\"Iglesia de San Juan de Rabanera, Soria\" srcset=\"https:\/\/www.elturistatranquil.com\/wp-content\/uploads\/F90-Iglesia-de-San-Juan-de-Rabanera-Soria.jpg 768w, https:\/\/www.elturistatranquil.com\/wp-content\/uploads\/F90-Iglesia-de-San-Juan-de-Rabanera-Soria-339x226.jpg 339w\" sizes=\"(max-width: 768px) 100vw, 768px\" \/>\t\t\t\t\t\t\t\t\t\t\t<figcaption class=\"widget-image-caption wp-caption-text\"><\/figcaption>\n\t\t\t\t\t\t\t\t\t\t<\/figure>\n\t\t\t\t\t\t\t\t\t<\/div>\n\t\t\t\t<\/div>\n\t\t\t\t<div class=\"elementor-element elementor-element-15d676f elementor-widget elementor-widget-text-editor\" data-id=\"15d676f\" data-element_type=\"widget\" data-e-type=\"widget\" data-widget_type=\"text-editor.default\">\n\t\t\t\t<div class=\"elementor-widget-container\">\n\t\t\t\t\t\t\t\t\t<p>Tres columnes suporten els capitells a cada costat amb brancals intercalats. Les bases s\u00f3n simples i individualitzades.<\/p><p>Els brancals de la porta s\u00f3n columnes m\u00e9s gruixudes, mentre que un capitell de majors dimensions a cada costat fa les funcions de queixal.<\/p>\t\t\t\t\t\t\t\t<\/div>\n\t\t\t\t<\/div>\n\t\t\t\t<div class=\"elementor-element elementor-element-395a433 elementor-widget elementor-widget-image\" data-id=\"395a433\" data-element_type=\"widget\" data-e-type=\"widget\" data-widget_type=\"image.default\">\n\t\t\t\t<div class=\"elementor-widget-container\">\n\t\t\t\t\t\t\t\t\t\t\t\t<figure class=\"wp-caption\">\n\t\t\t\t\t\t\t\t\t\t<img loading=\"lazy\" decoding=\"async\" width=\"393\" height=\"590\" src=\"https:\/\/www.elturistatranquil.com\/wp-content\/uploads\/F92-Iglesia-de-San-Juan-de-Rabanera-Soria.jpg\" class=\"attachment-large size-large wp-image-51837\" alt=\"Iglesia de San Juan de Rabanera, Soria\" srcset=\"https:\/\/www.elturistatranquil.com\/wp-content\/uploads\/F92-Iglesia-de-San-Juan-de-Rabanera-Soria.jpg 393w, https:\/\/www.elturistatranquil.com\/wp-content\/uploads\/F92-Iglesia-de-San-Juan-de-Rabanera-Soria-151x226.jpg 151w\" sizes=\"(max-width: 393px) 100vw, 393px\" \/>\t\t\t\t\t\t\t\t\t\t\t<figcaption class=\"widget-image-caption wp-caption-text\"><\/figcaption>\n\t\t\t\t\t\t\t\t\t\t<\/figure>\n\t\t\t\t\t\t\t\t\t<\/div>\n\t\t\t\t<\/div>\n\t\t\t\t<div class=\"elementor-element elementor-element-54de80e elementor-widget elementor-widget-text-editor\" data-id=\"54de80e\" data-element_type=\"widget\" data-e-type=\"widget\" data-widget_type=\"text-editor.default\">\n\t\t\t\t<div class=\"elementor-widget-container\">\n\t\t\t\t\t\t\t\t\t<p>Tots els capitells s\u00f3n historiats.<\/p>\t\t\t\t\t\t\t\t<\/div>\n\t\t\t\t<\/div>\n\t\t\t\t<div class=\"elementor-element elementor-element-12e77ea elementor-widget elementor-widget-image\" data-id=\"12e77ea\" data-element_type=\"widget\" data-e-type=\"widget\" data-widget_type=\"image.default\">\n\t\t\t\t<div class=\"elementor-widget-container\">\n\t\t\t\t\t\t\t\t\t\t\t\t<figure class=\"wp-caption\">\n\t\t\t\t\t\t\t\t\t\t<img loading=\"lazy\" decoding=\"async\" width=\"768\" height=\"511\" src=\"https:\/\/www.elturistatranquil.com\/wp-content\/uploads\/F93-Iglesia-de-San-Juan-de-Rabanera-Soria.jpg\" class=\"attachment-large size-large wp-image-51839\" alt=\"Iglesia de San Juan de Rabanera, Soria\" srcset=\"https:\/\/www.elturistatranquil.com\/wp-content\/uploads\/F93-Iglesia-de-San-Juan-de-Rabanera-Soria.jpg 768w, https:\/\/www.elturistatranquil.com\/wp-content\/uploads\/F93-Iglesia-de-San-Juan-de-Rabanera-Soria-339x226.jpg 339w\" sizes=\"(max-width: 768px) 100vw, 768px\" \/>\t\t\t\t\t\t\t\t\t\t\t<figcaption class=\"widget-image-caption wp-caption-text\"><\/figcaption>\n\t\t\t\t\t\t\t\t\t\t<\/figure>\n\t\t\t\t\t\t\t\t\t<\/div>\n\t\t\t\t<\/div>\n\t\t\t\t<div class=\"elementor-element elementor-element-df84477 elementor-widget elementor-widget-image\" data-id=\"df84477\" data-element_type=\"widget\" data-e-type=\"widget\" data-widget_type=\"image.default\">\n\t\t\t\t<div class=\"elementor-widget-container\">\n\t\t\t\t\t\t\t\t\t\t\t\t<figure class=\"wp-caption\">\n\t\t\t\t\t\t\t\t\t\t<img loading=\"lazy\" decoding=\"async\" width=\"768\" height=\"511\" src=\"https:\/\/www.elturistatranquil.com\/wp-content\/uploads\/F94-Iglesia-de-San-Juan-de-Rabanera-Soria.jpg\" class=\"attachment-large size-large wp-image-51841\" alt=\"Iglesia de San Juan de Rabanera, Soria\" srcset=\"https:\/\/www.elturistatranquil.com\/wp-content\/uploads\/F94-Iglesia-de-San-Juan-de-Rabanera-Soria.jpg 768w, https:\/\/www.elturistatranquil.com\/wp-content\/uploads\/F94-Iglesia-de-San-Juan-de-Rabanera-Soria-339x226.jpg 339w\" sizes=\"(max-width: 768px) 100vw, 768px\" \/>\t\t\t\t\t\t\t\t\t\t\t<figcaption class=\"widget-image-caption wp-caption-text\"><\/figcaption>\n\t\t\t\t\t\t\t\t\t\t<\/figure>\n\t\t\t\t\t\t\t\t\t<\/div>\n\t\t\t\t<\/div>\n\t\t\t\t<div class=\"elementor-element elementor-element-b230572 elementor-widget elementor-widget-text-editor\" data-id=\"b230572\" data-element_type=\"widget\" data-e-type=\"widget\" data-widget_type=\"text-editor.default\">\n\t\t\t\t<div class=\"elementor-widget-container\">\n\t\t\t\t\t\t\t\t\t<p>Al timp\u00e0 hi ha representat Sant Nicolau, sant titular de l&#8217;esgl\u00e9sia per a la qual es va aixecar aquesta portada.<\/p>\t\t\t\t\t\t\t\t<\/div>\n\t\t\t\t<\/div>\n\t\t\t\t<div class=\"elementor-element elementor-element-97c5ec6 elementor-widget elementor-widget-image\" data-id=\"97c5ec6\" data-element_type=\"widget\" data-e-type=\"widget\" data-widget_type=\"image.default\">\n\t\t\t\t<div class=\"elementor-widget-container\">\n\t\t\t\t\t\t\t\t\t\t\t\t<figure class=\"wp-caption\">\n\t\t\t\t\t\t\t\t\t\t<img loading=\"lazy\" decoding=\"async\" width=\"768\" height=\"511\" src=\"https:\/\/www.elturistatranquil.com\/wp-content\/uploads\/F91-Iglesia-de-San-Juan-de-Rabanera-Soria.jpg\" class=\"attachment-large size-large wp-image-51835\" alt=\"Iglesia de San Juan de Rabanera, Soria\" srcset=\"https:\/\/www.elturistatranquil.com\/wp-content\/uploads\/F91-Iglesia-de-San-Juan-de-Rabanera-Soria.jpg 768w, https:\/\/www.elturistatranquil.com\/wp-content\/uploads\/F91-Iglesia-de-San-Juan-de-Rabanera-Soria-339x226.jpg 339w\" sizes=\"(max-width: 768px) 100vw, 768px\" \/>\t\t\t\t\t\t\t\t\t\t\t<figcaption class=\"widget-image-caption wp-caption-text\"><\/figcaption>\n\t\t\t\t\t\t\t\t\t\t<\/figure>\n\t\t\t\t\t\t\t\t\t<\/div>\n\t\t\t\t<\/div>\n\t\t\t\t<div class=\"elementor-element elementor-element-0b60a34 elementor-widget elementor-widget-text-editor\" data-id=\"0b60a34\" data-element_type=\"widget\" data-e-type=\"widget\" data-widget_type=\"text-editor.default\">\n\t\t\t\t<div class=\"elementor-widget-container\">\n\t\t\t\t\t\t\t\t\t<p>El lateral s&#8217;observa m\u00e9s proper als peus la capella de menor altura sobresortint i per darrere el transsepte de major altura. Tamb\u00e9 una entrada lateral, amb un arc ogival apuntat.<\/p><p>La torre-campanar quadrada s&#8217;eleva sobre el creuer dos nivells, amb una teulada a quatre aig\u00fces.<\/p><p>A l&#8217;\u00faltim nivell s&#8217;obren una o dues finestres per banda d&#8217;arcs de mig punt que allotgen les campanes.<\/p>\t\t\t\t\t\t\t\t<\/div>\n\t\t\t\t<\/div>\n\t\t\t\t<div class=\"elementor-element elementor-element-aeb521e elementor-widget elementor-widget-image\" data-id=\"aeb521e\" data-element_type=\"widget\" data-e-type=\"widget\" data-widget_type=\"image.default\">\n\t\t\t\t<div class=\"elementor-widget-container\">\n\t\t\t\t\t\t\t\t\t\t\t\t<figure class=\"wp-caption\">\n\t\t\t\t\t\t\t\t\t\t<img loading=\"lazy\" decoding=\"async\" width=\"768\" height=\"511\" src=\"https:\/\/www.elturistatranquil.com\/wp-content\/uploads\/F95-Iglesia-de-San-Juan-de-Rabanera-Soria.jpg\" class=\"attachment-large size-large wp-image-51843\" alt=\"Iglesia de San Juan de Rabanera, Soria\" srcset=\"https:\/\/www.elturistatranquil.com\/wp-content\/uploads\/F95-Iglesia-de-San-Juan-de-Rabanera-Soria.jpg 768w, https:\/\/www.elturistatranquil.com\/wp-content\/uploads\/F95-Iglesia-de-San-Juan-de-Rabanera-Soria-339x226.jpg 339w\" sizes=\"(max-width: 768px) 100vw, 768px\" \/>\t\t\t\t\t\t\t\t\t\t\t<figcaption class=\"widget-image-caption wp-caption-text\"><\/figcaption>\n\t\t\t\t\t\t\t\t\t\t<\/figure>\n\t\t\t\t\t\t\t\t\t<\/div>\n\t\t\t\t<\/div>\n\t\t\t\t<div class=\"elementor-element elementor-element-f5094df elementor-widget elementor-widget-image\" data-id=\"f5094df\" data-element_type=\"widget\" data-e-type=\"widget\" data-widget_type=\"image.default\">\n\t\t\t\t<div class=\"elementor-widget-container\">\n\t\t\t\t\t\t\t\t\t\t\t\t<figure class=\"wp-caption\">\n\t\t\t\t\t\t\t\t\t\t<img loading=\"lazy\" decoding=\"async\" width=\"768\" height=\"511\" src=\"https:\/\/www.elturistatranquil.com\/wp-content\/uploads\/F96-Iglesia-de-San-Juan-de-Rabanera-Soria.jpg\" class=\"attachment-large size-large wp-image-51845\" alt=\"Iglesia de San Juan de Rabanera, Soria\" srcset=\"https:\/\/www.elturistatranquil.com\/wp-content\/uploads\/F96-Iglesia-de-San-Juan-de-Rabanera-Soria.jpg 768w, https:\/\/www.elturistatranquil.com\/wp-content\/uploads\/F96-Iglesia-de-San-Juan-de-Rabanera-Soria-339x226.jpg 339w\" sizes=\"(max-width: 768px) 100vw, 768px\" \/>\t\t\t\t\t\t\t\t\t\t\t<figcaption class=\"widget-image-caption wp-caption-text\"><\/figcaption>\n\t\t\t\t\t\t\t\t\t\t<\/figure>\n\t\t\t\t\t\t\t\t\t<\/div>\n\t\t\t\t<\/div>\n\t\t\t\t<div class=\"elementor-element elementor-element-54402c9 elementor-widget elementor-widget-text-editor\" data-id=\"54402c9\" data-element_type=\"widget\" data-e-type=\"widget\" data-widget_type=\"text-editor.default\">\n\t\t\t\t<div class=\"elementor-widget-container\">\n\t\t\t\t\t\t\t\t\t<p>L&#8217;acc\u00e9s al campanar s&#8217;efectua per una escala de cargol que parteix des del transsepte i sobresurt en traspassar la coberta de la nau fins a un punt en qu\u00e8 comunica amb una escala recta exterior fins a l&#8217;entrada al campanar.<\/p>\t\t\t\t\t\t\t\t<\/div>\n\t\t\t\t<\/div>\n\t\t\t\t<div class=\"elementor-element elementor-element-93a2502 elementor-widget elementor-widget-image\" data-id=\"93a2502\" data-element_type=\"widget\" data-e-type=\"widget\" data-widget_type=\"image.default\">\n\t\t\t\t<div class=\"elementor-widget-container\">\n\t\t\t\t\t\t\t\t\t\t\t\t<figure class=\"wp-caption\">\n\t\t\t\t\t\t\t\t\t\t<img loading=\"lazy\" decoding=\"async\" width=\"768\" height=\"511\" src=\"https:\/\/www.elturistatranquil.com\/wp-content\/uploads\/F97-Iglesia-de-San-Juan-de-Rabanera-Soria.jpg\" class=\"attachment-large size-large wp-image-51847\" alt=\"Iglesia de San Juan de Rabanera, Soria\" srcset=\"https:\/\/www.elturistatranquil.com\/wp-content\/uploads\/F97-Iglesia-de-San-Juan-de-Rabanera-Soria.jpg 768w, https:\/\/www.elturistatranquil.com\/wp-content\/uploads\/F97-Iglesia-de-San-Juan-de-Rabanera-Soria-339x226.jpg 339w\" sizes=\"(max-width: 768px) 100vw, 768px\" \/>\t\t\t\t\t\t\t\t\t\t\t<figcaption class=\"widget-image-caption wp-caption-text\"><\/figcaption>\n\t\t\t\t\t\t\t\t\t\t<\/figure>\n\t\t\t\t\t\t\t\t\t<\/div>\n\t\t\t\t<\/div>\n\t\t\t\t<div class=\"elementor-element elementor-element-05d915b elementor-widget elementor-widget-text-editor\" data-id=\"05d915b\" data-element_type=\"widget\" data-e-type=\"widget\" data-widget_type=\"text-editor.default\">\n\t\t\t\t<div class=\"elementor-widget-container\">\n\t\t\t\t\t\t\t\t\t<p>La il\u00b7luminaci\u00f3 del transsepte s&#8217;efectua per una finestra estreta tipus sagetera d&#8217;arc de mig punt amb columnetes amb capitells.<\/p><p>A l&#8217;extrem del capcer un Lle\u00f3 subjectant una presa.<\/p>\t\t\t\t\t\t\t\t<\/div>\n\t\t\t\t<\/div>\n\t\t\t\t<div class=\"elementor-element elementor-element-620993d elementor-widget elementor-widget-image\" data-id=\"620993d\" data-element_type=\"widget\" data-e-type=\"widget\" data-widget_type=\"image.default\">\n\t\t\t\t<div class=\"elementor-widget-container\">\n\t\t\t\t\t\t\t\t\t\t\t\t<figure class=\"wp-caption\">\n\t\t\t\t\t\t\t\t\t\t<img loading=\"lazy\" decoding=\"async\" width=\"768\" height=\"511\" src=\"https:\/\/www.elturistatranquil.com\/wp-content\/uploads\/F99-Iglesia-de-San-Juan-de-Rabanera-Soria.jpg\" class=\"attachment-large size-large wp-image-51849\" alt=\"Iglesia de San Juan de Rabanera, Soria\" srcset=\"https:\/\/www.elturistatranquil.com\/wp-content\/uploads\/F99-Iglesia-de-San-Juan-de-Rabanera-Soria.jpg 768w, https:\/\/www.elturistatranquil.com\/wp-content\/uploads\/F99-Iglesia-de-San-Juan-de-Rabanera-Soria-339x226.jpg 339w\" sizes=\"(max-width: 768px) 100vw, 768px\" \/>\t\t\t\t\t\t\t\t\t\t\t<figcaption class=\"widget-image-caption wp-caption-text\"><\/figcaption>\n\t\t\t\t\t\t\t\t\t\t<\/figure>\n\t\t\t\t\t\t\t\t\t<\/div>\n\t\t\t\t<\/div>\n\t\t\t\t<div class=\"elementor-element elementor-element-2c396d5 elementor-widget elementor-widget-image\" data-id=\"2c396d5\" data-element_type=\"widget\" data-e-type=\"widget\" data-widget_type=\"image.default\">\n\t\t\t\t<div class=\"elementor-widget-container\">\n\t\t\t\t\t\t\t\t\t\t\t\t<figure class=\"wp-caption\">\n\t\t\t\t\t\t\t\t\t\t<img loading=\"lazy\" decoding=\"async\" width=\"768\" height=\"511\" src=\"https:\/\/www.elturistatranquil.com\/wp-content\/uploads\/F100-Iglesia-de-San-Juan-de-Rabanera-Soria.jpg\" class=\"attachment-large size-large wp-image-51851\" alt=\"Iglesia de San Juan de Rabanera, Soria\" srcset=\"https:\/\/www.elturistatranquil.com\/wp-content\/uploads\/F100-Iglesia-de-San-Juan-de-Rabanera-Soria.jpg 768w, https:\/\/www.elturistatranquil.com\/wp-content\/uploads\/F100-Iglesia-de-San-Juan-de-Rabanera-Soria-339x226.jpg 339w\" sizes=\"(max-width: 768px) 100vw, 768px\" \/>\t\t\t\t\t\t\t\t\t\t\t<figcaption class=\"widget-image-caption wp-caption-text\"><\/figcaption>\n\t\t\t\t\t\t\t\t\t\t<\/figure>\n\t\t\t\t\t\t\t\t\t<\/div>\n\t\t\t\t<\/div>\n\t\t\t\t<div class=\"elementor-element elementor-element-706d4f0 elementor-widget elementor-widget-text-editor\" data-id=\"706d4f0\" data-element_type=\"widget\" data-e-type=\"widget\" data-widget_type=\"text-editor.default\">\n\t\t\t\t<div class=\"elementor-widget-container\">\n\t\t\t\t\t\t\t\t\t<p>El front del temple est\u00e0 format per un notable absis semicircular amb presbiteri. Una particularitat \u00e9s que per l\u2019exterior tres lesenes rectangulars rematades per capitells divideixen el semicercle en quatre parts. Les dues lesenes exteriors presenten una mena d&#8217;arcuaci\u00f3 cega amb dibuixos geom\u00e8trics mentre que els dos trams centrals estan ocupats per dues finestres d&#8217;arc de mig punt amb columnes i capitells, que serveixen d&#8217;il\u00b7luminaci\u00f3 altar.<\/p><p>Tamb\u00e9 per aquest costat s&#8217;observa diferents tipus de pedra i fins i tot de f\u00e0brica ja que el darrer tram del campanar \u00e9s una combinaci\u00f3 de carreuat i ma\u00e7oneria del segle XVI.<\/p><p>Aquestes finestres s\u00f3n de m\u00e9s qualitat arquitect\u00f2nica que les del transsepte.<\/p><p>La imposta recorre tot l&#8217;absis per sota les finestres.<\/p>\t\t\t\t\t\t\t\t<\/div>\n\t\t\t\t<\/div>\n\t\t\t\t<div class=\"elementor-element elementor-element-25445aa elementor-widget elementor-widget-image\" data-id=\"25445aa\" data-element_type=\"widget\" data-e-type=\"widget\" data-widget_type=\"image.default\">\n\t\t\t\t<div class=\"elementor-widget-container\">\n\t\t\t\t\t\t\t\t\t\t\t\t<figure class=\"wp-caption\">\n\t\t\t\t\t\t\t\t\t\t<img loading=\"lazy\" decoding=\"async\" width=\"768\" height=\"511\" src=\"https:\/\/www.elturistatranquil.com\/wp-content\/uploads\/F101-Iglesia-de-San-Juan-de-Rabanera-Soria.jpg\" class=\"attachment-large size-large wp-image-51833\" alt=\"Iglesia de San Juan de Rabanera, Soria\" srcset=\"https:\/\/www.elturistatranquil.com\/wp-content\/uploads\/F101-Iglesia-de-San-Juan-de-Rabanera-Soria.jpg 768w, https:\/\/www.elturistatranquil.com\/wp-content\/uploads\/F101-Iglesia-de-San-Juan-de-Rabanera-Soria-339x226.jpg 339w\" sizes=\"(max-width: 768px) 100vw, 768px\" \/>\t\t\t\t\t\t\t\t\t\t\t<figcaption class=\"widget-image-caption wp-caption-text\"><\/figcaption>\n\t\t\t\t\t\t\t\t\t\t<\/figure>\n\t\t\t\t\t\t\t\t\t<\/div>\n\t\t\t\t<\/div>\n\t\t\t\t<div class=\"elementor-element elementor-element-a774e58 elementor-widget elementor-widget-image\" data-id=\"a774e58\" data-element_type=\"widget\" data-e-type=\"widget\" data-widget_type=\"image.default\">\n\t\t\t\t<div class=\"elementor-widget-container\">\n\t\t\t\t\t\t\t\t\t\t\t\t<figure class=\"wp-caption\">\n\t\t\t\t\t\t\t\t\t\t<img loading=\"lazy\" decoding=\"async\" width=\"768\" height=\"511\" src=\"https:\/\/www.elturistatranquil.com\/wp-content\/uploads\/F102-Iglesia-de-San-Juan-de-Rabanera-Soria.jpg\" class=\"attachment-large size-large wp-image-51880\" alt=\"Iglesia de San Juan de Rabanera, Soria\" srcset=\"https:\/\/www.elturistatranquil.com\/wp-content\/uploads\/F102-Iglesia-de-San-Juan-de-Rabanera-Soria.jpg 768w, https:\/\/www.elturistatranquil.com\/wp-content\/uploads\/F102-Iglesia-de-San-Juan-de-Rabanera-Soria-339x226.jpg 339w\" sizes=\"(max-width: 768px) 100vw, 768px\" \/>\t\t\t\t\t\t\t\t\t\t\t<figcaption class=\"widget-image-caption wp-caption-text\"><\/figcaption>\n\t\t\t\t\t\t\t\t\t\t<\/figure>\n\t\t\t\t\t\t\t\t\t<\/div>\n\t\t\t\t<\/div>\n\t\t\t\t<div class=\"elementor-element elementor-element-0e84082 elementor-widget elementor-widget-text-editor\" data-id=\"0e84082\" data-element_type=\"widget\" data-e-type=\"widget\" data-widget_type=\"text-editor.default\">\n\t\t\t\t<div class=\"elementor-widget-container\">\n\t\t\t\t\t\t\t\t\t<p>Al costat de l&#8217;ep\u00edstola veiem sobresortir igualment el bra\u00e7 del transsepte amb l&#8217;allargada finestra d&#8217;arc de mig punt.<\/p>\t\t\t\t\t\t\t\t<\/div>\n\t\t\t\t<\/div>\n\t\t\t\t<div class=\"elementor-element elementor-element-48c35f3 elementor-widget elementor-widget-image\" data-id=\"48c35f3\" data-element_type=\"widget\" data-e-type=\"widget\" data-widget_type=\"image.default\">\n\t\t\t\t<div class=\"elementor-widget-container\">\n\t\t\t\t\t\t\t\t\t\t\t\t<figure class=\"wp-caption\">\n\t\t\t\t\t\t\t\t\t\t<img loading=\"lazy\" decoding=\"async\" width=\"768\" height=\"511\" src=\"https:\/\/www.elturistatranquil.com\/wp-content\/uploads\/F103-Iglesia-de-San-Juan-de-Rabanera-Soria.jpg\" class=\"attachment-large size-large wp-image-51862\" alt=\"Iglesia de San Juan de Rabanera, Soria\" srcset=\"https:\/\/www.elturistatranquil.com\/wp-content\/uploads\/F103-Iglesia-de-San-Juan-de-Rabanera-Soria.jpg 768w, https:\/\/www.elturistatranquil.com\/wp-content\/uploads\/F103-Iglesia-de-San-Juan-de-Rabanera-Soria-339x226.jpg 339w\" sizes=\"(max-width: 768px) 100vw, 768px\" \/>\t\t\t\t\t\t\t\t\t\t\t<figcaption class=\"widget-image-caption wp-caption-text\"><\/figcaption>\n\t\t\t\t\t\t\t\t\t\t<\/figure>\n\t\t\t\t\t\t\t\t\t<\/div>\n\t\t\t\t<\/div>\n\t\t\t\t<div class=\"elementor-element elementor-element-0e372fb elementor-widget elementor-widget-text-editor\" data-id=\"0e372fb\" data-element_type=\"widget\" data-e-type=\"widget\" data-widget_type=\"text-editor.default\">\n\t\t\t\t<div class=\"elementor-widget-container\">\n\t\t\t\t\t\t\t\t\t<p>En el lado de la ep\u00edstola vemos sobresalir igualmente el brazo del transepto con la alargada ventana de arco de medio punto.<\/p>\t\t\t\t\t\t\t\t<\/div>\n\t\t\t\t<\/div>\n\t\t\t\t<div class=\"elementor-element elementor-element-d23135c elementor-widget elementor-widget-image\" data-id=\"d23135c\" data-element_type=\"widget\" data-e-type=\"widget\" data-widget_type=\"image.default\">\n\t\t\t\t<div class=\"elementor-widget-container\">\n\t\t\t\t\t\t\t\t\t\t\t\t<figure class=\"wp-caption\">\n\t\t\t\t\t\t\t\t\t\t<img loading=\"lazy\" decoding=\"async\" width=\"768\" height=\"511\" src=\"https:\/\/www.elturistatranquil.com\/wp-content\/uploads\/F104-Iglesia-de-San-Juan-de-Rabanera-Soria.jpg\" class=\"attachment-large size-large wp-image-51864\" alt=\"Iglesia de San Juan de Rabanera, Soria\" srcset=\"https:\/\/www.elturistatranquil.com\/wp-content\/uploads\/F104-Iglesia-de-San-Juan-de-Rabanera-Soria.jpg 768w, https:\/\/www.elturistatranquil.com\/wp-content\/uploads\/F104-Iglesia-de-San-Juan-de-Rabanera-Soria-339x226.jpg 339w\" sizes=\"(max-width: 768px) 100vw, 768px\" \/>\t\t\t\t\t\t\t\t\t\t\t<figcaption class=\"widget-image-caption wp-caption-text\"><\/figcaption>\n\t\t\t\t\t\t\t\t\t\t<\/figure>\n\t\t\t\t\t\t\t\t\t<\/div>\n\t\t\t\t<\/div>\n\t\t\t\t<div class=\"elementor-element elementor-element-ab8e5d7 elementor-widget elementor-widget-heading\" data-id=\"ab8e5d7\" data-element_type=\"widget\" data-e-type=\"widget\" data-widget_type=\"heading.default\">\n\t\t\t\t<div class=\"elementor-widget-container\">\n\t\t\t\t\t<h2 class=\"elementor-heading-title elementor-size-default\">Esgl\u00e9sia de Nuestra Se\u00f1ora de la Mayor<\/h2>\t\t\t\t<\/div>\n\t\t\t\t<\/div>\n\t\t\t\t<div class=\"elementor-element elementor-element-05cdc2b elementor-widget elementor-widget-text-editor\" data-id=\"05cdc2b\" data-element_type=\"widget\" data-e-type=\"widget\" data-widget_type=\"text-editor.default\">\n\t\t\t\t<div class=\"elementor-widget-container\">\n\t\t\t\t\t\t\t\t\t<p>L&#8217;<strong>esgl\u00e9sia de la Nuestra Se\u00f1ora de La Major<\/strong> (<strong>4<\/strong>), tamb\u00e9 coneguda com a <strong>Santa Maria la Mayor<\/strong>, \u00e9s un altre exemple de temple rom\u00e0nic reconstru\u00eft en estil g\u00f2tic al segle XVI, que, com sabem, va ser un moment d&#8217;esplendor econ\u00f2mic de la ciutat de S\u00f2ria. Novament reconstru\u00efda al segle XIX quan amena\u00e7ava ru\u00efna.<\/p><p>L&#8217;esgl\u00e9sia rom\u00e0nica del segle XII estava dedicada a Sant Gil.<\/p><p>Durant les obres de restauraci\u00f3 de la col\u00b7legiata de San Pedro al segle XVI, el Cabildo col\u00b7legial va passar a reunir-se en aquesta esgl\u00e9sia rebatejant-la amb el nom d&#8217;<strong>esgl\u00e9sia <\/strong><strong>de Nuestra Se\u00f1ora de la Mayor<\/strong>. Va ser un moment de concentraci\u00f3 dels poders civils i eclesi\u00e0stics a la Pla\u00e7a Major.<\/p><p>Tamb\u00e9 tancada al moment de la visita, haurem de conformar-nos amb un recorregut per l&#8217;exterior i comentar-ne algunes de les caracter\u00edstiques interiors sobre el pl\u00e0nol de la planta.<\/p>\t\t\t\t\t\t\t\t<\/div>\n\t\t\t\t<\/div>\n\t\t\t\t<div class=\"elementor-element elementor-element-d6a1fea elementor-widget elementor-widget-image\" data-id=\"d6a1fea\" data-element_type=\"widget\" data-e-type=\"widget\" data-widget_type=\"image.default\">\n\t\t\t\t<div class=\"elementor-widget-container\">\n\t\t\t\t\t\t\t\t\t\t\t\t<figure class=\"wp-caption\">\n\t\t\t\t\t\t\t\t\t\t<img loading=\"lazy\" decoding=\"async\" width=\"768\" height=\"512\" src=\"https:\/\/www.elturistatranquil.com\/wp-content\/uploads\/F105a-Iglesia-de-Nuestra-Senora-de-la-Mayor-Soria.jpg\" class=\"attachment-large size-large wp-image-51866\" alt=\"Iglesia de Nuestra Se\u00f1ora de la Mayor, Soria\" srcset=\"https:\/\/www.elturistatranquil.com\/wp-content\/uploads\/F105a-Iglesia-de-Nuestra-Senora-de-la-Mayor-Soria.jpg 768w, https:\/\/www.elturistatranquil.com\/wp-content\/uploads\/F105a-Iglesia-de-Nuestra-Senora-de-la-Mayor-Soria-339x226.jpg 339w\" sizes=\"(max-width: 768px) 100vw, 768px\" \/>\t\t\t\t\t\t\t\t\t\t\t<figcaption class=\"widget-image-caption wp-caption-text\"><\/figcaption>\n\t\t\t\t\t\t\t\t\t\t<\/figure>\n\t\t\t\t\t\t\t\t\t<\/div>\n\t\t\t\t<\/div>\n\t\t\t\t<div class=\"elementor-element elementor-element-aa14c41 elementor-widget elementor-widget-text-editor\" data-id=\"aa14c41\" data-element_type=\"widget\" data-e-type=\"widget\" data-widget_type=\"text-editor.default\">\n\t\t\t\t<div class=\"elementor-widget-container\">\n\t\t\t\t\t\t\t\t\t<p>El que resta per l&#8217;exterior del temple rom\u00e0nic primitiu \u00e9s una part del mur exterior de la nau meridional, la portada allotjada en ell i la torre. Mentre que l\u2019absis amb presbiteri i la resta de murs correspondrien a l&#8217;obra g\u00f2tica del segle XVI.<\/p><p>L&#8217;orientaci\u00f3 del temple \u00e9s can\u00f2nica a llevant.<\/p><p>No \u00e9s una edificaci\u00f3 exempta, sin\u00f3 que s&#8217;hi van acoblar edificis civils, dels quals encara subsisteix l&#8217;annex als peus del temple. A les darreres restauracions s&#8217;han anat eliminant les que s&#8217;havien afegit sobretot sobre l&#8217;absis, les quals, no obstant, han deixat la cicatriu del seu ancoratge sobre els murs.<\/p><p>L\u00b4entrada al temple s\u00b4efectua per l\u00b4\u00faltim tram del costat de l\u2019ep\u00edstola.<\/p><p>La portada s&#8217;obre en un avan\u00e7ament amb teulada o guardapols recolzat en m\u00e8nsules.<\/p>\t\t\t\t\t\t\t\t<\/div>\n\t\t\t\t<\/div>\n\t\t\t\t<div class=\"elementor-element elementor-element-de58dea elementor-widget elementor-widget-image\" data-id=\"de58dea\" data-element_type=\"widget\" data-e-type=\"widget\" data-widget_type=\"image.default\">\n\t\t\t\t<div class=\"elementor-widget-container\">\n\t\t\t\t\t\t\t\t\t\t\t\t<figure class=\"wp-caption\">\n\t\t\t\t\t\t\t\t\t\t<img loading=\"lazy\" decoding=\"async\" width=\"768\" height=\"512\" src=\"https:\/\/www.elturistatranquil.com\/wp-content\/uploads\/F105b-Iglesia-de-Nuestra-Senora-de-la-Mayor-Soria.jpg\" class=\"attachment-large size-large wp-image-51868\" alt=\"Iglesia de Nuestra Se\u00f1ora de la Mayor, Soria\" srcset=\"https:\/\/www.elturistatranquil.com\/wp-content\/uploads\/F105b-Iglesia-de-Nuestra-Senora-de-la-Mayor-Soria.jpg 768w, https:\/\/www.elturistatranquil.com\/wp-content\/uploads\/F105b-Iglesia-de-Nuestra-Senora-de-la-Mayor-Soria-339x226.jpg 339w\" sizes=\"(max-width: 768px) 100vw, 768px\" \/>\t\t\t\t\t\t\t\t\t\t\t<figcaption class=\"widget-image-caption wp-caption-text\"><\/figcaption>\n\t\t\t\t\t\t\t\t\t\t<\/figure>\n\t\t\t\t\t\t\t\t\t<\/div>\n\t\t\t\t<\/div>\n\t\t\t\t<div class=\"elementor-element elementor-element-07d05b3 elementor-widget elementor-widget-text-editor\" data-id=\"07d05b3\" data-element_type=\"widget\" data-e-type=\"widget\" data-widget_type=\"text-editor.default\">\n\t\t\t\t<div class=\"elementor-widget-container\">\n\t\t\t\t\t\t\t\t\t<p>Segons sembla, no era aquesta la disposici\u00f3 original de la portada, sin\u00f3 que aquesta va ocupar diverses posicions a banda i banda del temple.<\/p><p>En primer terme, el monument al <strong>Fur de S\u00f2ria<\/strong>, atorgat al segle XII.<\/p>\t\t\t\t\t\t\t\t<\/div>\n\t\t\t\t<\/div>\n\t\t\t\t<div class=\"elementor-element elementor-element-caa75fe elementor-widget elementor-widget-image\" data-id=\"caa75fe\" data-element_type=\"widget\" data-e-type=\"widget\" data-widget_type=\"image.default\">\n\t\t\t\t<div class=\"elementor-widget-container\">\n\t\t\t\t\t\t\t\t\t\t\t\t<figure class=\"wp-caption\">\n\t\t\t\t\t\t\t\t\t\t<img loading=\"lazy\" decoding=\"async\" width=\"768\" height=\"511\" src=\"https:\/\/www.elturistatranquil.com\/wp-content\/uploads\/F106-Iglesia-de-Nuestra-Senora-de-la-Mayor-Soria.jpg\" class=\"attachment-large size-large wp-image-51870\" alt=\"Iglesia de Nuestra Se\u00f1ora de la Mayor, Soria\" srcset=\"https:\/\/www.elturistatranquil.com\/wp-content\/uploads\/F106-Iglesia-de-Nuestra-Senora-de-la-Mayor-Soria.jpg 768w, https:\/\/www.elturistatranquil.com\/wp-content\/uploads\/F106-Iglesia-de-Nuestra-Senora-de-la-Mayor-Soria-339x226.jpg 339w\" sizes=\"(max-width: 768px) 100vw, 768px\" \/>\t\t\t\t\t\t\t\t\t\t\t<figcaption class=\"widget-image-caption wp-caption-text\"><\/figcaption>\n\t\t\t\t\t\t\t\t\t\t<\/figure>\n\t\t\t\t\t\t\t\t\t<\/div>\n\t\t\t\t<\/div>\n\t\t\t\t<div class=\"elementor-element elementor-element-3a04242 elementor-widget elementor-widget-text-editor\" data-id=\"3a04242\" data-element_type=\"widget\" data-e-type=\"widget\" data-widget_type=\"text-editor.default\">\n\t\t\t\t<div class=\"elementor-widget-container\">\n\t\t\t\t\t\t\t\t\t<p>L\u00b4obertura \u00e9s de tres arquivoltes d\u00b4arc rom\u00e0nic de mig punt. Es recolzen en tres capitells per costat sobre columnes alternades amb brancals.<\/p><p>La decoraci\u00f3 de les arquivoltes est\u00e0 formada per simples cordons de fulles vegetals.<\/p>\t\t\t\t\t\t\t\t<\/div>\n\t\t\t\t<\/div>\n\t\t\t\t<div class=\"elementor-element elementor-element-c6f1b5c elementor-widget elementor-widget-image\" data-id=\"c6f1b5c\" data-element_type=\"widget\" data-e-type=\"widget\" data-widget_type=\"image.default\">\n\t\t\t\t<div class=\"elementor-widget-container\">\n\t\t\t\t\t\t\t\t\t\t\t\t<figure class=\"wp-caption\">\n\t\t\t\t\t\t\t\t\t\t<img loading=\"lazy\" decoding=\"async\" width=\"768\" height=\"511\" src=\"https:\/\/www.elturistatranquil.com\/wp-content\/uploads\/F107-Iglesia-de-Nuestra-Senora-de-la-Mayor-Soria.jpg\" class=\"attachment-large size-large wp-image-51872\" alt=\"Iglesia de Nuestra Se\u00f1ora de la Mayor, Soria\" srcset=\"https:\/\/www.elturistatranquil.com\/wp-content\/uploads\/F107-Iglesia-de-Nuestra-Senora-de-la-Mayor-Soria.jpg 768w, https:\/\/www.elturistatranquil.com\/wp-content\/uploads\/F107-Iglesia-de-Nuestra-Senora-de-la-Mayor-Soria-339x226.jpg 339w\" sizes=\"(max-width: 768px) 100vw, 768px\" \/>\t\t\t\t\t\t\t\t\t\t\t<figcaption class=\"widget-image-caption wp-caption-text\"><\/figcaption>\n\t\t\t\t\t\t\t\t\t\t<\/figure>\n\t\t\t\t\t\t\t\t\t<\/div>\n\t\t\t\t<\/div>\n\t\t\t\t<div class=\"elementor-element elementor-element-b4cf42b elementor-widget elementor-widget-text-editor\" data-id=\"b4cf42b\" data-element_type=\"widget\" data-e-type=\"widget\" data-widget_type=\"text-editor.default\">\n\t\t\t\t<div class=\"elementor-widget-container\">\n\t\t\t\t\t\t\t\t\t<p>Les m\u00e8nsules de la teulada sense decoraci\u00f3 especial.<\/p>\t\t\t\t\t\t\t\t<\/div>\n\t\t\t\t<\/div>\n\t\t\t\t<div class=\"elementor-element elementor-element-af60bb0 elementor-widget elementor-widget-image\" data-id=\"af60bb0\" data-element_type=\"widget\" data-e-type=\"widget\" data-widget_type=\"image.default\">\n\t\t\t\t<div class=\"elementor-widget-container\">\n\t\t\t\t\t\t\t\t\t\t\t\t<figure class=\"wp-caption\">\n\t\t\t\t\t\t\t\t\t\t<img loading=\"lazy\" decoding=\"async\" width=\"768\" height=\"511\" src=\"https:\/\/www.elturistatranquil.com\/wp-content\/uploads\/F108-Iglesia-de-Nuestra-Senora-de-la-Mayor-Soria.jpg\" class=\"attachment-large size-large wp-image-51874\" alt=\"Iglesia de Nuestra Se\u00f1ora de la Mayor, Soria\" srcset=\"https:\/\/www.elturistatranquil.com\/wp-content\/uploads\/F108-Iglesia-de-Nuestra-Senora-de-la-Mayor-Soria.jpg 768w, https:\/\/www.elturistatranquil.com\/wp-content\/uploads\/F108-Iglesia-de-Nuestra-Senora-de-la-Mayor-Soria-339x226.jpg 339w\" sizes=\"(max-width: 768px) 100vw, 768px\" \/>\t\t\t\t\t\t\t\t\t\t\t<figcaption class=\"widget-image-caption wp-caption-text\"><\/figcaption>\n\t\t\t\t\t\t\t\t\t\t<\/figure>\n\t\t\t\t\t\t\t\t\t<\/div>\n\t\t\t\t<\/div>\n\t\t\t\t<div class=\"elementor-element elementor-element-5fea812 elementor-widget elementor-widget-text-editor\" data-id=\"5fea812\" data-element_type=\"widget\" data-e-type=\"widget\" data-widget_type=\"text-editor.default\">\n\t\t\t\t<div class=\"elementor-widget-container\">\n\t\t\t\t\t\t\t\t\t<p>Els capitells, for\u00e7a deteriorats alguns, presenten tra\u00e7ats de cistelleria i zoomorfs. Els cimacis segueixen un cord\u00f3 vegetal semblant al de l&#8217;arquivolta interior.<\/p>\t\t\t\t\t\t\t\t<\/div>\n\t\t\t\t<\/div>\n\t\t\t\t<div class=\"elementor-element elementor-element-4dfe30d elementor-widget elementor-widget-image\" data-id=\"4dfe30d\" data-element_type=\"widget\" data-e-type=\"widget\" data-widget_type=\"image.default\">\n\t\t\t\t<div class=\"elementor-widget-container\">\n\t\t\t\t\t\t\t\t\t\t\t\t<figure class=\"wp-caption\">\n\t\t\t\t\t\t\t\t\t\t<img loading=\"lazy\" decoding=\"async\" width=\"768\" height=\"511\" src=\"https:\/\/www.elturistatranquil.com\/wp-content\/uploads\/F109-Iglesia-de-Nuestra-Senora-de-la-Mayor-Soria.jpg\" class=\"attachment-large size-large wp-image-51876\" alt=\"Iglesia de Nuestra Se\u00f1ora de la Mayor, Soria\" srcset=\"https:\/\/www.elturistatranquil.com\/wp-content\/uploads\/F109-Iglesia-de-Nuestra-Senora-de-la-Mayor-Soria.jpg 768w, https:\/\/www.elturistatranquil.com\/wp-content\/uploads\/F109-Iglesia-de-Nuestra-Senora-de-la-Mayor-Soria-339x226.jpg 339w\" sizes=\"(max-width: 768px) 100vw, 768px\" \/>\t\t\t\t\t\t\t\t\t\t\t<figcaption class=\"widget-image-caption wp-caption-text\"><\/figcaption>\n\t\t\t\t\t\t\t\t\t\t<\/figure>\n\t\t\t\t\t\t\t\t\t<\/div>\n\t\t\t\t<\/div>\n\t\t\t\t<div class=\"elementor-element elementor-element-2c598eb elementor-widget elementor-widget-image\" data-id=\"2c598eb\" data-element_type=\"widget\" data-e-type=\"widget\" data-widget_type=\"image.default\">\n\t\t\t\t<div class=\"elementor-widget-container\">\n\t\t\t\t\t\t\t\t\t\t\t\t<figure class=\"wp-caption\">\n\t\t\t\t\t\t\t\t\t\t<img loading=\"lazy\" decoding=\"async\" width=\"768\" height=\"511\" src=\"https:\/\/www.elturistatranquil.com\/wp-content\/uploads\/F110-Iglesia-de-Nuestra-Senora-de-la-Mayor-Soria.jpg\" class=\"attachment-large size-large wp-image-51878\" alt=\"Iglesia de Nuestra Se\u00f1ora de la Mayor, Soria\" srcset=\"https:\/\/www.elturistatranquil.com\/wp-content\/uploads\/F110-Iglesia-de-Nuestra-Senora-de-la-Mayor-Soria.jpg 768w, https:\/\/www.elturistatranquil.com\/wp-content\/uploads\/F110-Iglesia-de-Nuestra-Senora-de-la-Mayor-Soria-339x226.jpg 339w\" sizes=\"(max-width: 768px) 100vw, 768px\" \/>\t\t\t\t\t\t\t\t\t\t\t<figcaption class=\"widget-image-caption wp-caption-text\"><\/figcaption>\n\t\t\t\t\t\t\t\t\t\t<\/figure>\n\t\t\t\t\t\t\t\t\t<\/div>\n\t\t\t\t<\/div>\n\t\t\t\t<div class=\"elementor-element elementor-element-3b4935e elementor-widget elementor-widget-text-editor\" data-id=\"3b4935e\" data-element_type=\"widget\" data-e-type=\"widget\" data-widget_type=\"text-editor.default\">\n\t\t\t\t<div class=\"elementor-widget-container\">\n\t\t\t\t\t\t\t\t\t<p>L&#8217;absis amb presbiteri acaba en forma trapezoidal, amb els cantons refor\u00e7ats amb contraforts. A la part superior de cada contrafort es mostra el blas\u00f3 dels Calderones, que van estar molt vinculats a la reconstrucci\u00f3 d&#8217;aquesta esgl\u00e9sia al segle XVI.<\/p>\t\t\t\t\t\t\t\t<\/div>\n\t\t\t\t<\/div>\n\t\t\t\t<div class=\"elementor-element elementor-element-af2d1cc elementor-widget elementor-widget-image\" data-id=\"af2d1cc\" data-element_type=\"widget\" data-e-type=\"widget\" data-widget_type=\"image.default\">\n\t\t\t\t<div class=\"elementor-widget-container\">\n\t\t\t\t\t\t\t\t\t\t\t\t<figure class=\"wp-caption\">\n\t\t\t\t\t\t\t\t\t\t<img loading=\"lazy\" decoding=\"async\" width=\"768\" height=\"511\" src=\"https:\/\/www.elturistatranquil.com\/wp-content\/uploads\/F111-Iglesia-de-Nuestra-Senora-de-la-Mayor-Soria.jpg\" class=\"attachment-large size-large wp-image-51894\" alt=\"Iglesia de Nuestra Se\u00f1ora de la Mayor, Soria\" srcset=\"https:\/\/www.elturistatranquil.com\/wp-content\/uploads\/F111-Iglesia-de-Nuestra-Senora-de-la-Mayor-Soria.jpg 768w, https:\/\/www.elturistatranquil.com\/wp-content\/uploads\/F111-Iglesia-de-Nuestra-Senora-de-la-Mayor-Soria-339x226.jpg 339w\" sizes=\"(max-width: 768px) 100vw, 768px\" \/>\t\t\t\t\t\t\t\t\t\t\t<figcaption class=\"widget-image-caption wp-caption-text\"><\/figcaption>\n\t\t\t\t\t\t\t\t\t\t<\/figure>\n\t\t\t\t\t\t\t\t\t<\/div>\n\t\t\t\t<\/div>\n\t\t\t\t<section class=\"elementor-section elementor-inner-section elementor-element elementor-element-4b2e2af elementor-section-boxed elementor-section-height-default elementor-section-height-default\" data-id=\"4b2e2af\" data-element_type=\"section\" data-e-type=\"section\">\n\t\t\t\t\t\t<div class=\"elementor-container elementor-column-gap-default\">\n\t\t\t\t\t<div class=\"elementor-column elementor-col-50 elementor-inner-column elementor-element elementor-element-003a2fa\" data-id=\"003a2fa\" data-element_type=\"column\" data-e-type=\"column\">\n\t\t\t<div class=\"elementor-widget-wrap elementor-element-populated\">\n\t\t\t\t\t\t<div class=\"elementor-element elementor-element-705b5af elementor-widget elementor-widget-image\" data-id=\"705b5af\" data-element_type=\"widget\" data-e-type=\"widget\" data-widget_type=\"image.default\">\n\t\t\t\t<div class=\"elementor-widget-container\">\n\t\t\t\t\t\t\t\t\t\t\t\t\t\t\t<img loading=\"lazy\" decoding=\"async\" width=\"380\" height=\"380\" src=\"https:\/\/www.elturistatranquil.com\/wp-content\/uploads\/F112m-Iglesia-de-Nuestra-Senora-de-la-Mayor-Soria.jpg\" class=\"attachment-large size-large wp-image-51896\" alt=\"Iglesia de Nuestra Se\u00f1ora de la Mayor, Soria\" srcset=\"https:\/\/www.elturistatranquil.com\/wp-content\/uploads\/F112m-Iglesia-de-Nuestra-Senora-de-la-Mayor-Soria.jpg 380w, https:\/\/www.elturistatranquil.com\/wp-content\/uploads\/F112m-Iglesia-de-Nuestra-Senora-de-la-Mayor-Soria-226x226.jpg 226w\" sizes=\"(max-width: 380px) 100vw, 380px\" \/>\t\t\t\t\t\t\t\t\t\t\t\t\t\t\t<\/div>\n\t\t\t\t<\/div>\n\t\t\t\t\t<\/div>\n\t\t<\/div>\n\t\t\t\t<div class=\"elementor-column elementor-col-50 elementor-inner-column elementor-element elementor-element-b091476\" data-id=\"b091476\" data-element_type=\"column\" data-e-type=\"column\">\n\t\t\t<div class=\"elementor-widget-wrap elementor-element-populated\">\n\t\t\t\t\t\t<div class=\"elementor-element elementor-element-ec3bebb elementor-widget elementor-widget-image\" data-id=\"ec3bebb\" data-element_type=\"widget\" data-e-type=\"widget\" data-widget_type=\"image.default\">\n\t\t\t\t<div class=\"elementor-widget-container\">\n\t\t\t\t\t\t\t\t\t\t\t\t\t\t\t<img loading=\"lazy\" decoding=\"async\" width=\"380\" height=\"380\" src=\"https:\/\/www.elturistatranquil.com\/wp-content\/uploads\/F112n-Iglesia-de-Nuestra-Senora-de-la-Mayor-Soria.jpg\" class=\"attachment-large size-large wp-image-51898\" alt=\"Iglesia de Nuestra Se\u00f1ora de la Mayor, Soria\" srcset=\"https:\/\/www.elturistatranquil.com\/wp-content\/uploads\/F112n-Iglesia-de-Nuestra-Senora-de-la-Mayor-Soria.jpg 380w, https:\/\/www.elturistatranquil.com\/wp-content\/uploads\/F112n-Iglesia-de-Nuestra-Senora-de-la-Mayor-Soria-226x226.jpg 226w\" sizes=\"(max-width: 380px) 100vw, 380px\" \/>\t\t\t\t\t\t\t\t\t\t\t\t\t\t\t<\/div>\n\t\t\t\t<\/div>\n\t\t\t\t\t<\/div>\n\t\t<\/div>\n\t\t\t\t\t<\/div>\n\t\t<\/section>\n\t\t\t\t<div class=\"elementor-element elementor-element-63d984e elementor-widget elementor-widget-text-editor\" data-id=\"63d984e\" data-element_type=\"widget\" data-e-type=\"widget\" data-widget_type=\"text-editor.default\">\n\t\t\t\t<div class=\"elementor-widget-container\">\n\t\t\t\t\t\t\t\t\t<p>\u00a0<\/p><p>La torre forma part dels elements originals rom\u00e0nics del temple. Va haver de ser reconstru\u00efda al segle XVIII per un esfondrament parcial, cosa que \u00e9s perfectament visible. S&#8217;al\u00e7a adossada al mur septentrional del presbiteri.<\/p><p>Com que l&#8217;esgl\u00e9sia rom\u00e0nica original era de menor altura. La torre havia de sobresortir sobre la coberta del temple, encara que realment tampoc no \u00e9s una torre molt alta, per\u00f2, en elevar-se l&#8217;edifici en la seva reconstrucci\u00f3 g\u00f2tica, ha quedat pr\u00e0cticament al mateix nivell que la coberta actual, per la qual cosa cal endinsar-se al carrer\u00f3 lateral per poder observar-la.<\/p><p>Nom\u00e9s la finestra de la campana de la part superior \u00e9s original rom\u00e0nic en forma d&#8217;arc de mig punt de doble arquivolta llisa i xambrana de puntes de diamant. L&#8217;arquivolta exterior descansa sobre columnetes amb capitells treballats.<\/p>\t\t\t\t\t\t\t\t<\/div>\n\t\t\t\t<\/div>\n\t\t\t\t<div class=\"elementor-element elementor-element-cec606d elementor-widget elementor-widget-image\" data-id=\"cec606d\" data-element_type=\"widget\" data-e-type=\"widget\" data-widget_type=\"image.default\">\n\t\t\t\t<div class=\"elementor-widget-container\">\n\t\t\t\t\t\t\t\t\t\t\t\t<figure class=\"wp-caption\">\n\t\t\t\t\t\t\t\t\t\t<img loading=\"lazy\" decoding=\"async\" width=\"768\" height=\"511\" src=\"https:\/\/www.elturistatranquil.com\/wp-content\/uploads\/F113-Iglesia-de-Nuestra-Senora-de-la-Mayor-Soria.jpg\" class=\"attachment-large size-large wp-image-51900\" alt=\"Iglesia de Nuestra Se\u00f1ora de la Mayor, Soria\" srcset=\"https:\/\/www.elturistatranquil.com\/wp-content\/uploads\/F113-Iglesia-de-Nuestra-Senora-de-la-Mayor-Soria.jpg 768w, https:\/\/www.elturistatranquil.com\/wp-content\/uploads\/F113-Iglesia-de-Nuestra-Senora-de-la-Mayor-Soria-339x226.jpg 339w\" sizes=\"(max-width: 768px) 100vw, 768px\" \/>\t\t\t\t\t\t\t\t\t\t\t<figcaption class=\"widget-image-caption wp-caption-text\"><\/figcaption>\n\t\t\t\t\t\t\t\t\t\t<\/figure>\n\t\t\t\t\t\t\t\t\t<\/div>\n\t\t\t\t<\/div>\n\t\t\t\t<div class=\"elementor-element elementor-element-9afa4a0 elementor-widget elementor-widget-image\" data-id=\"9afa4a0\" data-element_type=\"widget\" data-e-type=\"widget\" data-widget_type=\"image.default\">\n\t\t\t\t<div class=\"elementor-widget-container\">\n\t\t\t\t\t\t\t\t\t\t\t\t<figure class=\"wp-caption\">\n\t\t\t\t\t\t\t\t\t\t<img loading=\"lazy\" decoding=\"async\" width=\"768\" height=\"511\" src=\"https:\/\/www.elturistatranquil.com\/wp-content\/uploads\/F114-Iglesia-de-Nuestra-Senora-de-la-Mayor-Soria.jpg\" class=\"attachment-large size-large wp-image-51902\" alt=\"Iglesia de Nuestra Se\u00f1ora de la Mayor, Soria\" srcset=\"https:\/\/www.elturistatranquil.com\/wp-content\/uploads\/F114-Iglesia-de-Nuestra-Senora-de-la-Mayor-Soria.jpg 768w, https:\/\/www.elturistatranquil.com\/wp-content\/uploads\/F114-Iglesia-de-Nuestra-Senora-de-la-Mayor-Soria-339x226.jpg 339w\" sizes=\"(max-width: 768px) 100vw, 768px\" \/>\t\t\t\t\t\t\t\t\t\t\t<figcaption class=\"widget-image-caption wp-caption-text\"><\/figcaption>\n\t\t\t\t\t\t\t\t\t\t<\/figure>\n\t\t\t\t\t\t\t\t\t<\/div>\n\t\t\t\t<\/div>\n\t\t\t\t<div class=\"elementor-element elementor-element-b0ce8f9 elementor-widget elementor-widget-text-editor\" data-id=\"b0ce8f9\" data-element_type=\"widget\" data-e-type=\"widget\" data-widget_type=\"text-editor.default\">\n\t\t\t\t<div class=\"elementor-widget-container\">\n\t\t\t\t\t\t\t\t\t<p>Assenyalem incidentalment que davant del mur meridional s&#8217;ha empla\u00e7at l&#8217;escultura, a nivell del terra, de <strong>do\u00f1a Leonor Izquierdo<\/strong>, esposa d&#8217;Antonio Machado, davant una cadira buida, efectuada a partir de la fotografia del dia del casament de la parella qu\u00e8 van fer en aquesta esgl\u00e9sia. Aquesta disposici\u00f3 fa que sigui \u00e0mpliament utilitzada pels turistes per fer-se una fotografia reempla\u00e7ant al poeta.<\/p>\t\t\t\t\t\t\t\t<\/div>\n\t\t\t\t<\/div>\n\t\t\t\t<div class=\"elementor-element elementor-element-367e0ce elementor-widget elementor-widget-image\" data-id=\"367e0ce\" data-element_type=\"widget\" data-e-type=\"widget\" data-widget_type=\"image.default\">\n\t\t\t\t<div class=\"elementor-widget-container\">\n\t\t\t\t\t\t\t\t\t\t\t\t<figure class=\"wp-caption\">\n\t\t\t\t\t\t\t\t\t\t<img loading=\"lazy\" decoding=\"async\" width=\"768\" height=\"511\" src=\"https:\/\/www.elturistatranquil.com\/wp-content\/uploads\/F115-dona-Leonor-Izquierdo-Soria.jpg\" class=\"attachment-large size-large wp-image-51904\" alt=\"do\u00f1a Leonor Izquierdo, Soria\" srcset=\"https:\/\/www.elturistatranquil.com\/wp-content\/uploads\/F115-dona-Leonor-Izquierdo-Soria.jpg 768w, https:\/\/www.elturistatranquil.com\/wp-content\/uploads\/F115-dona-Leonor-Izquierdo-Soria-339x226.jpg 339w\" sizes=\"(max-width: 768px) 100vw, 768px\" \/>\t\t\t\t\t\t\t\t\t\t\t<figcaption class=\"widget-image-caption wp-caption-text\"><\/figcaption>\n\t\t\t\t\t\t\t\t\t\t<\/figure>\n\t\t\t\t\t\t\t\t\t<\/div>\n\t\t\t\t<\/div>\n\t\t\t\t<div class=\"elementor-element elementor-element-d14c678 elementor-widget elementor-widget-heading\" data-id=\"d14c678\" data-element_type=\"widget\" data-e-type=\"widget\" data-widget_type=\"heading.default\">\n\t\t\t\t<div class=\"elementor-widget-container\">\n\t\t\t\t\t<h2 class=\"elementor-heading-title elementor-size-default\">Esgl\u00e9sia de San Nicol\u00e1s<\/h2>\t\t\t\t<\/div>\n\t\t\t\t<\/div>\n\t\t\t\t<div class=\"elementor-element elementor-element-7cf642b elementor-widget elementor-widget-text-editor\" data-id=\"7cf642b\" data-element_type=\"widget\" data-e-type=\"widget\" data-widget_type=\"text-editor.default\">\n\t\t\t\t<div class=\"elementor-widget-container\">\n\t\t\t\t\t\t\t\t\t<p><em>B\u00e9 d&#8217;Inter\u00e8s Cultural (BIC)<\/em><\/p><p>Al principi del <strong>carrer Real<\/strong> hi ha les ru\u00efnes consolidades d&#8217;un temple rom\u00e0nic erigit als segles XII i XIII. Es tracta de les <strong>ru\u00efnes de l&#8217;Esgl\u00e9sia de Sant Nicolau<\/strong> (<strong>5<\/strong>).<\/p><p>Es conserva el que va ser un esvelt absis i d&#8217;una f\u00e0brica compacta.<\/p><p>Com hem vist anteriorment, el seu p\u00f2rtic va ser traslladat com a entrada de ponent de l&#8217;esgl\u00e9sia de San Juan de Rabanera.<\/p>\t\t\t\t\t\t\t\t<\/div>\n\t\t\t\t<\/div>\n\t\t\t\t<div class=\"elementor-element elementor-element-31de08e elementor-widget elementor-widget-image\" data-id=\"31de08e\" data-element_type=\"widget\" data-e-type=\"widget\" data-widget_type=\"image.default\">\n\t\t\t\t<div class=\"elementor-widget-container\">\n\t\t\t\t\t\t\t\t\t\t\t\t<figure class=\"wp-caption\">\n\t\t\t\t\t\t\t\t\t\t<img loading=\"lazy\" decoding=\"async\" width=\"768\" height=\"511\" src=\"https:\/\/www.elturistatranquil.com\/wp-content\/uploads\/F116-Iglesia-de-San-Nicolas-Soria.jpg\" class=\"attachment-large size-large wp-image-51906\" alt=\"Iglesia de San Nicol\u00e1s, Soria\" srcset=\"https:\/\/www.elturistatranquil.com\/wp-content\/uploads\/F116-Iglesia-de-San-Nicolas-Soria.jpg 768w, https:\/\/www.elturistatranquil.com\/wp-content\/uploads\/F116-Iglesia-de-San-Nicolas-Soria-339x226.jpg 339w\" sizes=\"(max-width: 768px) 100vw, 768px\" \/>\t\t\t\t\t\t\t\t\t\t\t<figcaption class=\"widget-image-caption wp-caption-text\"><\/figcaption>\n\t\t\t\t\t\t\t\t\t\t<\/figure>\n\t\t\t\t\t\t\t\t\t<\/div>\n\t\t\t\t<\/div>\n\t\t\t\t<div class=\"elementor-element elementor-element-7844f53 elementor-widget elementor-widget-heading\" data-id=\"7844f53\" data-element_type=\"widget\" data-e-type=\"widget\" data-widget_type=\"heading.default\">\n\t\t\t\t<div class=\"elementor-widget-container\">\n\t\t\t\t\t<h2 class=\"elementor-heading-title elementor-size-default\">Monestir de San Juan de Duero<\/h2>\t\t\t\t<\/div>\n\t\t\t\t<\/div>\n\t\t\t\t<div class=\"elementor-element elementor-element-8de4e55 elementor-widget elementor-widget-text-editor\" data-id=\"8de4e55\" data-element_type=\"widget\" data-e-type=\"widget\" data-widget_type=\"text-editor.default\">\n\t\t\t\t<div class=\"elementor-widget-container\">\n\t\t\t\t\t\t\t\t\t<p><em>B\u00e9 d&#8217;Inter\u00e8s Cultural (BIC)<\/em><\/p><p>Els dos temples que ens queden per presentar es troben situats a l&#8217;altra banda del riu Duero, passat el pont.<\/p><p>At\u00e8s que he tractat de tots dos en dos posts anteriors, em remeto a ells per no repetir el ja exposat en aquest Blog.<\/p><p>El primer es tracta del <strong>monestir i claustre de San Juan de Duero<\/strong> (<strong>6<\/strong>) amb l&#8217;enlla\u00e7 seg\u00fcent:<\/p>\t\t\t\t\t\t\t\t<\/div>\n\t\t\t\t<\/div>\n\t\t\t\t<div class=\"elementor-element elementor-element-00186e4 elementor-widget elementor-widget-text-editor\" data-id=\"00186e4\" data-element_type=\"widget\" data-e-type=\"widget\" data-widget_type=\"text-editor.default\">\n\t\t\t\t<div class=\"elementor-widget-container\">\n\t\t\t\t\t\t\t\t\t<p>Enlla\u00e7 amb el Post: <a href=\"https:\/\/www.elturistatranquil.com\/ca\/monestir-de-san-juan-de-duero-soria\/\" target=\"_blank\" rel=\"noopener\"><strong>Monestir de San Juan de Duero<\/strong><\/a><\/p>\t\t\t\t\t\t\t\t<\/div>\n\t\t\t\t<\/div>\n\t\t\t\t<div class=\"elementor-element elementor-element-74fa7ae elementor-widget elementor-widget-image\" data-id=\"74fa7ae\" data-element_type=\"widget\" data-e-type=\"widget\" data-widget_type=\"image.default\">\n\t\t\t\t<div class=\"elementor-widget-container\">\n\t\t\t\t\t\t\t\t\t\t\t\t<figure class=\"wp-caption\">\n\t\t\t\t\t\t\t\t\t\t<img loading=\"lazy\" decoding=\"async\" width=\"768\" height=\"511\" src=\"https:\/\/www.elturistatranquil.com\/wp-content\/uploads\/F00-Monasterio-de-San-Juan-de-Duero-Soria.jpg\" class=\"attachment-large size-large wp-image-50689\" alt=\"Monasterio de San Juan de Duero, Soria\" srcset=\"https:\/\/www.elturistatranquil.com\/wp-content\/uploads\/\/F00-Monasterio-de-San-Juan-de-Duero-Soria.jpg 768w, https:\/\/www.elturistatranquil.com\/wp-content\/uploads\/\/F00-Monasterio-de-San-Juan-de-Duero-Soria-339x226.jpg 339w\" sizes=\"(max-width: 768px) 100vw, 768px\" \/>\t\t\t\t\t\t\t\t\t\t\t<figcaption class=\"widget-image-caption wp-caption-text\"><\/figcaption>\n\t\t\t\t\t\t\t\t\t\t<\/figure>\n\t\t\t\t\t\t\t\t\t<\/div>\n\t\t\t\t<\/div>\n\t\t\t\t<div class=\"elementor-element elementor-element-f2053cc elementor-widget elementor-widget-image\" data-id=\"f2053cc\" data-element_type=\"widget\" data-e-type=\"widget\" data-widget_type=\"image.default\">\n\t\t\t\t<div class=\"elementor-widget-container\">\n\t\t\t\t\t\t\t\t\t\t\t\t<figure class=\"wp-caption\">\n\t\t\t\t\t\t\t\t\t\t<img loading=\"lazy\" decoding=\"async\" width=\"768\" height=\"549\" src=\"https:\/\/www.elturistatranquil.com\/wp-content\/uploads\/F36-Monasterio-de-San-Juan-de-Duero-Soria.jpg\" class=\"attachment-large size-large wp-image-50636\" alt=\"Monasterio de San Juan de Duero, Soria\" srcset=\"https:\/\/www.elturistatranquil.com\/wp-content\/uploads\/F36-Monasterio-de-San-Juan-de-Duero-Soria.jpg 768w, https:\/\/www.elturistatranquil.com\/wp-content\/uploads\/F36-Monasterio-de-San-Juan-de-Duero-Soria-316x226.jpg 316w\" sizes=\"(max-width: 768px) 100vw, 768px\" \/>\t\t\t\t\t\t\t\t\t\t\t<figcaption class=\"widget-image-caption wp-caption-text\"><\/figcaption>\n\t\t\t\t\t\t\t\t\t\t<\/figure>\n\t\t\t\t\t\t\t\t\t<\/div>\n\t\t\t\t<\/div>\n\t\t\t\t<div class=\"elementor-element elementor-element-375f495 elementor-widget elementor-widget-heading\" data-id=\"375f495\" data-element_type=\"widget\" data-e-type=\"widget\" data-widget_type=\"heading.default\">\n\t\t\t\t<div class=\"elementor-widget-container\">\n\t\t\t\t\t<h2 class=\"elementor-heading-title elementor-size-default\">Monestir templer de San Polo<\/h2>\t\t\t\t<\/div>\n\t\t\t\t<\/div>\n\t\t\t\t<div class=\"elementor-element elementor-element-760d3b4 elementor-widget elementor-widget-text-editor\" data-id=\"760d3b4\" data-element_type=\"widget\" data-e-type=\"widget\" data-widget_type=\"text-editor.default\">\n\t\t\t\t<div class=\"elementor-widget-container\">\n\t\t\t\t\t\t\t\t\t<p><em>B\u00e9 d&#8217;Inter\u00e8s Cultural (BIC)<\/em><\/p><p>El segon \u00e9s el <strong>monestir templer de San Polo<\/strong> (<strong>7<\/strong>). Em remeto a l&#8217;enlla\u00e7 seg\u00fcent:<\/p>\t\t\t\t\t\t\t\t<\/div>\n\t\t\t\t<\/div>\n\t\t\t\t<div class=\"elementor-element elementor-element-4e5c8a5 elementor-widget elementor-widget-text-editor\" data-id=\"4e5c8a5\" data-element_type=\"widget\" data-e-type=\"widget\" data-widget_type=\"text-editor.default\">\n\t\t\t\t<div class=\"elementor-widget-container\">\n\t\t\t\t\t\t\t\t\t<p>Enlla\u00e7 amb el post: <a href=\"https:\/\/www.elturistatranquil.com\/ca\/ermita-de-sant-saturi-soria\/#b7610\" target=\"_blank\" rel=\"noopener\"><strong>Ermita de Sant Saturi \/ Monestir de San Polo<\/strong><\/a><\/p>\t\t\t\t\t\t\t\t<\/div>\n\t\t\t\t<\/div>\n\t\t\t\t<div class=\"elementor-element elementor-element-8fd3459 elementor-widget elementor-widget-image\" data-id=\"8fd3459\" data-element_type=\"widget\" data-e-type=\"widget\" data-widget_type=\"image.default\">\n\t\t\t\t<div class=\"elementor-widget-container\">\n\t\t\t\t\t\t\t\t\t\t\t\t<figure class=\"wp-caption\">\n\t\t\t\t\t\t\t\t\t\t<img loading=\"lazy\" decoding=\"async\" width=\"768\" height=\"512\" src=\"https:\/\/www.elturistatranquil.com\/wp-content\/uploads\/F119-Monasterio-de-San-Polo-Soria.jpg\" class=\"attachment-large size-large wp-image-51914\" alt=\"Monasterio de San Polo, Soria\" srcset=\"https:\/\/www.elturistatranquil.com\/wp-content\/uploads\/F119-Monasterio-de-San-Polo-Soria.jpg 768w, https:\/\/www.elturistatranquil.com\/wp-content\/uploads\/F119-Monasterio-de-San-Polo-Soria-339x226.jpg 339w\" sizes=\"(max-width: 768px) 100vw, 768px\" \/>\t\t\t\t\t\t\t\t\t\t\t<figcaption class=\"widget-image-caption wp-caption-text\"><\/figcaption>\n\t\t\t\t\t\t\t\t\t\t<\/figure>\n\t\t\t\t\t\t\t\t\t<\/div>\n\t\t\t\t<\/div>\n\t\t\t\t<div class=\"elementor-element elementor-element-b7fa2cf elementor-widget elementor-widget-heading\" data-id=\"b7fa2cf\" data-element_type=\"widget\" data-e-type=\"widget\" data-widget_type=\"heading.default\">\n\t\t\t\t<div class=\"elementor-widget-container\">\n\t\t\t\t\t<h2 class=\"elementor-heading-title elementor-size-default\">Fi de la visita<\/h2>\t\t\t\t<\/div>\n\t\t\t\t<\/div>\n\t\t\t\t<div class=\"elementor-element elementor-element-ff1e566 elementor-widget elementor-widget-text-editor\" data-id=\"ff1e566\" data-element_type=\"widget\" data-e-type=\"widget\" data-widget_type=\"text-editor.default\">\n\t\t\t\t<div class=\"elementor-widget-container\">\n\t\t\t\t\t\t\t\t\t<p>S\u00f2ria \u00e9s una de les prov\u00edncies m\u00e9s riques en arquitectura religiosa rom\u00e0nica i a la seva capital, la ciutat de S\u00f2ria, es concentra un nombre important d&#8217;aquests edificis religiosos, en nombrosos casos amb importants reformes d&#8217;estil g\u00f2tic al segle XVI, en uns moments de m\u00e0xima esplendor econ\u00f2mica de la ciutat sobre la base dels negocis de La Mesta.<\/p><p>En aquest Post he tingut ocasi\u00f3 de presentar els set que en constitueixen el principal atractiu.<\/p><p>M&#8217;ompliria de satisfacci\u00f3 que aquest text serv\u00eds per incitar el lector a despla\u00e7ar-se a aquesta bella capital i comprovar per si mateix la bellesa i l&#8217;inter\u00e8s de la seva contemplaci\u00f3.<\/p>\t\t\t\t\t\t\t\t<\/div>\n\t\t\t\t<\/div>\n\t\t\t\t<div class=\"elementor-element elementor-element-e349674 elementor-widget elementor-widget-heading\" data-id=\"e349674\" data-element_type=\"widget\" data-e-type=\"widget\" data-widget_type=\"heading.default\">\n\t\t\t\t<div class=\"elementor-widget-container\">\n\t\t\t\t\t<h2 class=\"elementor-heading-title elementor-size-default\">Bases d\u2019informaci\u00f3<\/h2>\t\t\t\t<\/div>\n\t\t\t\t<\/div>\n\t\t\t\t<div class=\"elementor-element elementor-element-21ba96e1 elementor-widget elementor-widget-text-editor\" data-id=\"21ba96e1\" data-element_type=\"widget\" data-e-type=\"widget\" data-widget_type=\"text-editor.default\">\n\t\t\t\t<div class=\"elementor-widget-container\">\n\t\t\t\t\t\t\t\t\t<p><strong>Webs<\/strong><\/p><p><strong>Concatedral i Claustre de San Pedro<br \/><\/strong><a href=\"https:\/\/guiadesoria.es\/soria-y-provincia\/soria-ciudad\/589-claustro-y-concatedral-de-san-pedro.html\" target=\"_blank\" rel=\"noopener\">guiadesoria<\/a><br \/><a href=\"https:\/\/www.turismosoria.es\/que-ver\/monumentos\/concatedral-de-san-pedro-y-claustro\/\" target=\"_blank\" rel=\"noopener\">turismodesoria<\/a><br \/><a href=\"https:\/\/es.wikipedia.org\/wiki\/Concatedral_de_San_Pedro_de_Soria\" target=\"_blank\" rel=\"noopener\">wikipedia<\/a><br \/><a href=\"https:\/\/www.desdesoria.es\/articulo\/capital\/soria-monumental-y-turistica-4-concatedral-y-claustro-de-san-pedro\/20230104110659723466.html\" target=\"_blank\" rel=\"noopener\">desdesoria<\/a><br \/><a href=\"http:\/\/soria-goig.com\/historia\/HistSoria%20Archivada\/sanPedro_1588.htm\" target=\"_blank\" rel=\"noopener\">soria-goig<\/a><br \/><a href=\"http:\/\/www.arquivoltas.com\/13-Soria\/01-SoriaSanPedro01.htm\" target=\"_blank\" rel=\"noopener\">arquivoltas<\/a><br \/><a href=\"https:\/\/www.arteguias.com\/catedral\/soria.htm\" target=\"_blank\" rel=\"noopener\">arteguias<\/a><br \/><a href=\"http:\/\/www.lafronteradelduero.com\/Paginas\/san_pedro_de_soria.html\" target=\"_blank\" rel=\"noopener\">lafronteradelduero<\/a><\/p><p><strong>Esgl\u00e9sia de Santo Domingo<br \/><\/strong><a href=\"https:\/\/guiadesoria.es\/soria-y-provincia\/soria-ciudad\/603-iglesia-de-santo-domingo.html\" target=\"_blank\" rel=\"noopener\">guiadesoria<\/a><br \/><a href=\"https:\/\/www.turismosoria.es\/que-ver\/monumentos\/iglesia-de-santo-domingo\/\" target=\"_blank\" rel=\"noopener\">turismodesoria<\/a><br \/><a href=\"https:\/\/es.wikipedia.org\/wiki\/Iglesia_de_Santo_Domingo_(Soria)\" target=\"_blank\" rel=\"noopener\">wikipedia<\/a><br \/><a href=\"https:\/\/www.desdesoria.es\/articulo\/capital\/soria-monumental-y-turistica-1-santo-domingo\/20230101110012723401.html\" target=\"_blank\" rel=\"noopener\">desdesoria<\/a><br \/><a href=\"http:\/\/soria-goig.com\/historia\/HistSoria%20Archivada\/SantoTome_capillaMayor.htm\" target=\"_blank\" rel=\"noopener\">soria-goig<\/a><br \/><a href=\"http:\/\/www.arquivoltas.com\/13-Soria\/01-SantoDomingo01.htm\" target=\"_blank\" rel=\"noopener\">arquivoltas<\/a><br \/><a href=\"https:\/\/www.arteguias.com\/iglesia\/santodomingosoria.htm\" target=\"_blank\" rel=\"noopener\">arteguias<\/a><br \/><a href=\"http:\/\/www.lafronteradelduero.com\/Paginas\/santo_domingo_de_soria.html\" target=\"_blank\" rel=\"noopener\">lafronteradelduero<\/a><\/p><p><strong>Esgl\u00e9sia de San Ju<\/strong><strong>an <\/strong><strong>de R<\/strong><strong>a<\/strong><strong>b<\/strong><strong>an<\/strong><strong>era<\/strong><strong><br \/><\/strong><a href=\"https:\/\/guiadesoria.es\/soria-y-provincia\/soria-ciudad\/602-iglesia-de-san-juan-de-rabanera.html\" target=\"_blank\" rel=\"noopener\">guiadesoria<\/a><br \/><a href=\"https:\/\/www.turismosoria.es\/que-ver\/monumentos\/iglesia-de-san-juan-de-rabanera\/\" target=\"_blank\" rel=\"noopener\">turismodesoria<\/a><br \/><a href=\"https:\/\/es.wikipedia.org\/wiki\/Iglesia_de_San_Juan_de_Rabanera\" target=\"_blank\" rel=\"noopener\">wikipedia<\/a><br \/><a href=\"https:\/\/www.desdesoria.es\/articulo\/capital\/soria-monumental-y-turistica-3-san-juan-de-rabanera\/20230103111251723432.html\" target=\"_blank\" rel=\"noopener\">desdesoria<\/a><br \/><a href=\"http:\/\/www.arquivoltas.com\/13-Soria\/01-SJuanRabanera.htm\" target=\"_blank\" rel=\"noopener\">arquivoltas<\/a><br \/><a href=\"http:\/\/www.lafronteradelduero.com\/Paginas\/sanjuanderabanera.html\" target=\"_blank\" rel=\"noopener\">lafronteradelduero<\/a><\/p><p><strong>Esgl\u00e9sia Nuestra Se\u00f1ora de la Mayor<br \/><\/strong><a href=\"https:\/\/guiadesoria.es\/soria-y-provincia\/soria-ciudad\/598-iglesia-de-nuestra-senora-de-la-mayor.html\" target=\"_blank\" rel=\"noopener\">guiadesoria<\/a><br \/><a href=\"https:\/\/www.turismosoria.es\/que-ver\/monumentos\/iglesia-de-ntra-senora-de-la-mayor\/\" target=\"_blank\" rel=\"noopener\">turismodesoria<\/a><br \/><a href=\"https:\/\/es.wikipedia.org\/wiki\/Iglesia_de_Santa_Mar%C3%ADa_la_Mayor_(Soria)\" target=\"_blank\" rel=\"noopener\">wikipedia<\/a><br \/><a href=\"https:\/\/www.desdesoria.es\/articulo\/capital\/soria-monumental-y-turistica-13-iglesia-nuestra-senora-de-la-mayor\/20230116202324723779.html\" target=\"_blank\" rel=\"noopener\">desdesoria<\/a><br \/><a href=\"http:\/\/www.arquivoltas.com\/13-Soria\/01-SantaMarialaMayor.htm\" target=\"_blank\" rel=\"noopener\">arquivoltas<\/a><br \/><a href=\"http:\/\/www.lafronteradelduero.com\/Paginas\/soria_nuestra_senora_la_mayor.html\" target=\"_blank\" rel=\"noopener\">lafronteradelduero<\/a><\/p><p><strong>Esgl\u00e9sia de San Nicol\u00e1s<br \/><\/strong><a href=\"https:\/\/guiadesoria.es\/soria-y-provincia\/soria-ciudad\/604-ruinas-de-la-iglesia-de-san-nicolas.html\" target=\"_blank\" rel=\"noopener\">guiadesoria<\/a><br \/><a href=\"https:\/\/www.turismosoria.es\/que-ver\/monumentos\/ruinas-de-la-iglesia-de-san-nicolas\/\" target=\"_blank\" rel=\"noopener\">turismodesoria<\/a><br \/><a href=\"https:\/\/es.wikipedia.org\/wiki\/Iglesia_de_San_Nicol%C3%A1s_(Soria)\" target=\"_blank\" rel=\"noopener\">wikipedia<\/a><br \/><a href=\"https:\/\/www.desdesoria.es\/articulo\/capital\/soria-monumental-y-turistica-8-ruinas-de-la-iglesia-de-san-nicolas\/20230109130651723573.html\" target=\"_blank\" rel=\"noopener\">desdesoria<\/a><br \/><a href=\"http:\/\/www.arquivoltas.com\/13-Soria\/01-SNicolas.htm\" target=\"_blank\" rel=\"noopener\">arquivoltas<\/a><br \/><a href=\"https:\/\/www.arteguias.com\/monumentos\/sannicolassoria.htm\" target=\"_blank\" rel=\"noopener\">arteguias<\/a><br \/><a href=\"http:\/\/www.lafronteradelduero.com\/Paginas\/san_nicolas.html\" target=\"_blank\" rel=\"noopener\">lafronteradelduero<\/a><\/p>\t\t\t\t\t\t\t\t<\/div>\n\t\t\t\t<\/div>\n\t\t\t\t\t<\/div>\n\t\t<\/div>\n\t\t\t\t\t<\/div>\n\t\t<\/section>\n\t\t\t\t<\/div>\n\t\t","protected":false},"excerpt":{"rendered":"<p>En aquest Post presentarem les esgl\u00e9sies rom\u00e0nic-g\u00f2tiques de la ciutat de S\u00f2ria: San Pedro, Santo Domingo, San Juan de Rabanera, Nuestra Se\u00f1ora de la Mayor, San Nicol\u00e1s, el monestir de &#8230; <a title=\"Esgl\u00e9sies rom\u00e0nic-g\u00f2tiques de la ciutat de S\u00f2ria\" class=\"read-more\" href=\"https:\/\/www.elturistatranquil.com\/ca\/esglesies-romanic-gotiques-de-la-ciutat-de-soria\/\" aria-label=\"M\u00e9s informaci\u00f3 sobre Esgl\u00e9sies rom\u00e0nic-g\u00f2tiques de la ciutat de S\u00f2ria\">[ &#8230; ]<\/a><\/p>\n","protected":false},"author":1,"featured_media":51795,"comment_status":"open","ping_status":"closed","sticky":false,"template":"","format":"standard","meta":{"footnotes":""},"categories":[72,74,145,82,87,90,104,192],"tags":[],"class_list":["post-51930","post","type-post","status-publish","format-standard","has-post-thumbnail","hentry","category-arquitectura-religiosa-ca","category-barroc","category-edat-mitjana","category-gotic","category-joies-al-territori","category-monestirs-catedrals","category-preromanic-ca","category-soria-ca","infinite-scroll-item","generate-columns","tablet-grid-50","mobile-grid-100","grid-parent","grid-50","no-featured-image-padding"],"yoast_head":"<!-- This site is optimized with the Yoast SEO plugin v27.4 - https:\/\/yoast.com\/product\/yoast-seo-wordpress\/ -->\n<title>Esgl\u00e9sies rom\u00e0nic-g\u00f2tiques de la ciutat de S\u00f2ria - El turista tranquil<\/title>\n<meta name=\"description\" content=\"En aquest Post presentarem les esgl\u00e9sies rom\u00e0nic-g\u00f2tiques de la ciutat de S\u00f2ria: San Pedro, Santo Domingo, San Juan de Rabanera, Nuestra Se\u00f1ora de la Mayor, San Nicol\u00e1s, el monestir de San Pedro del Duero i el monestir de San Polo.\" \/>\n<meta name=\"robots\" content=\"index, follow, max-snippet:-1, max-image-preview:large, max-video-preview:-1\" \/>\n<link rel=\"canonical\" href=\"https:\/\/www.elturistatranquil.com\/ca\/esglesies-romanic-gotiques-de-la-ciutat-de-soria\/\" \/>\n<meta property=\"og:locale\" content=\"ca_ES\" \/>\n<meta property=\"og:type\" content=\"article\" \/>\n<meta property=\"og:title\" content=\"Esgl\u00e9sies rom\u00e0nic-g\u00f2tiques de la ciutat de S\u00f2ria - El turista tranquil\" \/>\n<meta property=\"og:description\" content=\"En aquest Post presentarem les esgl\u00e9sies rom\u00e0nic-g\u00f2tiques de la ciutat de S\u00f2ria: San Pedro, Santo Domingo, San Juan de Rabanera, Nuestra Se\u00f1ora de la Mayor, San Nicol\u00e1s, el monestir de San Pedro del Duero i el monestir de San Polo.\" \/>\n<meta property=\"og:url\" content=\"https:\/\/www.elturistatranquil.com\/ca\/esglesies-romanic-gotiques-de-la-ciutat-de-soria\/\" \/>\n<meta property=\"og:site_name\" content=\"El turista tranquil\" \/>\n<meta property=\"article:publisher\" content=\"https:\/\/www.facebook.com\/elturistatranquilo\/\" \/>\n<meta property=\"article:published_time\" content=\"2024-03-16T19:56:48+00:00\" \/>\n<meta property=\"article:modified_time\" content=\"2024-03-20T20:04:01+00:00\" \/>\n<meta property=\"og:image\" content=\"https:\/\/www.elturistatranquil.com\/wp-content\/uploads\/F74-Iglesia-de-Santo-Domingo-Soria.jpg\" \/>\n\t<meta property=\"og:image:width\" content=\"768\" \/>\n\t<meta property=\"og:image:height\" content=\"511\" \/>\n\t<meta property=\"og:image:type\" content=\"image\/jpeg\" \/>\n<meta name=\"author\" content=\"admin\" \/>\n<meta name=\"twitter:card\" content=\"summary_large_image\" \/>\n<meta name=\"twitter:label1\" content=\"Escrit per\" \/>\n\t<meta name=\"twitter:data1\" content=\"admin\" \/>\n\t<meta name=\"twitter:label2\" content=\"Temps estimat de lectura\" \/>\n\t<meta name=\"twitter:data2\" content=\"48 minuts\" \/>\n<script type=\"application\/ld+json\" class=\"yoast-schema-graph\">{\"@context\":\"https:\\\/\\\/schema.org\",\"@graph\":[{\"@type\":\"Article\",\"@id\":\"https:\\\/\\\/www.elturistatranquil.com\\\/ca\\\/esglesies-romanic-gotiques-de-la-ciutat-de-soria\\\/#article\",\"isPartOf\":{\"@id\":\"https:\\\/\\\/www.elturistatranquil.com\\\/ca\\\/esglesies-romanic-gotiques-de-la-ciutat-de-soria\\\/\"},\"author\":{\"name\":\"admin\",\"@id\":\"https:\\\/\\\/www.elturistatranquil.com\\\/ca\\\/#\\\/schema\\\/person\\\/16f607c3079b96ed0c530a52e6b58bb5\"},\"headline\":\"Esgl\u00e9sies rom\u00e0nic-g\u00f2tiques de la ciutat de S\u00f2ria\",\"datePublished\":\"2024-03-16T19:56:48+00:00\",\"dateModified\":\"2024-03-20T20:04:01+00:00\",\"mainEntityOfPage\":{\"@id\":\"https:\\\/\\\/www.elturistatranquil.com\\\/ca\\\/esglesies-romanic-gotiques-de-la-ciutat-de-soria\\\/\"},\"wordCount\":5108,\"commentCount\":0,\"image\":{\"@id\":\"https:\\\/\\\/www.elturistatranquil.com\\\/ca\\\/esglesies-romanic-gotiques-de-la-ciutat-de-soria\\\/#primaryimage\"},\"thumbnailUrl\":\"https:\\\/\\\/www.elturistatranquil.com\\\/wp-content\\\/uploads\\\/F74-Iglesia-de-Santo-Domingo-Soria.jpg\",\"articleSection\":[\"Arquitectura religiosa\",\"Barroc\",\"Edat mitjana\",\"G\u00f2tic\",\"Joies al territori\",\"Monestirs, Catedrals\",\"Rom\u00e0nic\",\"S\u00f2ria\"],\"inLanguage\":\"ca\",\"potentialAction\":[{\"@type\":\"CommentAction\",\"name\":\"Comment\",\"target\":[\"https:\\\/\\\/www.elturistatranquil.com\\\/ca\\\/esglesies-romanic-gotiques-de-la-ciutat-de-soria\\\/#respond\"]}]},{\"@type\":\"WebPage\",\"@id\":\"https:\\\/\\\/www.elturistatranquil.com\\\/ca\\\/esglesies-romanic-gotiques-de-la-ciutat-de-soria\\\/\",\"url\":\"https:\\\/\\\/www.elturistatranquil.com\\\/ca\\\/esglesies-romanic-gotiques-de-la-ciutat-de-soria\\\/\",\"name\":\"Esgl\u00e9sies rom\u00e0nic-g\u00f2tiques de la ciutat de S\u00f2ria - El turista tranquil\",\"isPartOf\":{\"@id\":\"https:\\\/\\\/www.elturistatranquil.com\\\/ca\\\/#website\"},\"primaryImageOfPage\":{\"@id\":\"https:\\\/\\\/www.elturistatranquil.com\\\/ca\\\/esglesies-romanic-gotiques-de-la-ciutat-de-soria\\\/#primaryimage\"},\"image\":{\"@id\":\"https:\\\/\\\/www.elturistatranquil.com\\\/ca\\\/esglesies-romanic-gotiques-de-la-ciutat-de-soria\\\/#primaryimage\"},\"thumbnailUrl\":\"https:\\\/\\\/www.elturistatranquil.com\\\/wp-content\\\/uploads\\\/F74-Iglesia-de-Santo-Domingo-Soria.jpg\",\"datePublished\":\"2024-03-16T19:56:48+00:00\",\"dateModified\":\"2024-03-20T20:04:01+00:00\",\"author\":{\"@id\":\"https:\\\/\\\/www.elturistatranquil.com\\\/ca\\\/#\\\/schema\\\/person\\\/16f607c3079b96ed0c530a52e6b58bb5\"},\"description\":\"En aquest Post presentarem les esgl\u00e9sies rom\u00e0nic-g\u00f2tiques de la ciutat de S\u00f2ria: San Pedro, Santo Domingo, San Juan de Rabanera, Nuestra Se\u00f1ora de la Mayor, San Nicol\u00e1s, el monestir de San Pedro del Duero i el monestir de San Polo.\",\"breadcrumb\":{\"@id\":\"https:\\\/\\\/www.elturistatranquil.com\\\/ca\\\/esglesies-romanic-gotiques-de-la-ciutat-de-soria\\\/#breadcrumb\"},\"inLanguage\":\"ca\",\"potentialAction\":[{\"@type\":\"ReadAction\",\"target\":[\"https:\\\/\\\/www.elturistatranquil.com\\\/ca\\\/esglesies-romanic-gotiques-de-la-ciutat-de-soria\\\/\"]}]},{\"@type\":\"ImageObject\",\"inLanguage\":\"ca\",\"@id\":\"https:\\\/\\\/www.elturistatranquil.com\\\/ca\\\/esglesies-romanic-gotiques-de-la-ciutat-de-soria\\\/#primaryimage\",\"url\":\"https:\\\/\\\/www.elturistatranquil.com\\\/wp-content\\\/uploads\\\/F74-Iglesia-de-Santo-Domingo-Soria.jpg\",\"contentUrl\":\"https:\\\/\\\/www.elturistatranquil.com\\\/wp-content\\\/uploads\\\/F74-Iglesia-de-Santo-Domingo-Soria.jpg\",\"width\":768,\"height\":511,\"caption\":\"Iglesia de Santo Domingo, Soria\"},{\"@type\":\"BreadcrumbList\",\"@id\":\"https:\\\/\\\/www.elturistatranquil.com\\\/ca\\\/esglesies-romanic-gotiques-de-la-ciutat-de-soria\\\/#breadcrumb\",\"itemListElement\":[{\"@type\":\"ListItem\",\"position\":1,\"name\":\"Portada\",\"item\":\"https:\\\/\\\/www.elturistatranquil.com\\\/ca\\\/\"},{\"@type\":\"ListItem\",\"position\":2,\"name\":\"Esgl\u00e9sies rom\u00e0nic-g\u00f2tiques de la ciutat de S\u00f2ria\"}]},{\"@type\":\"WebSite\",\"@id\":\"https:\\\/\\\/www.elturistatranquil.com\\\/ca\\\/#website\",\"url\":\"https:\\\/\\\/www.elturistatranquil.com\\\/ca\\\/\",\"name\":\"El turista tranquil\",\"description\":\"Blog de viatges\",\"potentialAction\":[{\"@type\":\"SearchAction\",\"target\":{\"@type\":\"EntryPoint\",\"urlTemplate\":\"https:\\\/\\\/www.elturistatranquil.com\\\/ca\\\/?s={search_term_string}\"},\"query-input\":{\"@type\":\"PropertyValueSpecification\",\"valueRequired\":true,\"valueName\":\"search_term_string\"}}],\"inLanguage\":\"ca\"},{\"@type\":\"Person\",\"@id\":\"https:\\\/\\\/www.elturistatranquil.com\\\/ca\\\/#\\\/schema\\\/person\\\/16f607c3079b96ed0c530a52e6b58bb5\",\"name\":\"admin\",\"image\":{\"@type\":\"ImageObject\",\"inLanguage\":\"ca\",\"@id\":\"https:\\\/\\\/secure.gravatar.com\\\/avatar\\\/1fbaf22aee75fcbb29a2f97b107f95d25d3a19b7c3416105be10269872673e8d?s=96&d=mm&r=g\",\"url\":\"https:\\\/\\\/secure.gravatar.com\\\/avatar\\\/1fbaf22aee75fcbb29a2f97b107f95d25d3a19b7c3416105be10269872673e8d?s=96&d=mm&r=g\",\"contentUrl\":\"https:\\\/\\\/secure.gravatar.com\\\/avatar\\\/1fbaf22aee75fcbb29a2f97b107f95d25d3a19b7c3416105be10269872673e8d?s=96&d=mm&r=g\",\"caption\":\"admin\"}}]}<\/script>\n<!-- \/ Yoast SEO plugin. -->","yoast_head_json":{"title":"Esgl\u00e9sies rom\u00e0nic-g\u00f2tiques de la ciutat de S\u00f2ria - El turista tranquil","description":"En aquest Post presentarem les esgl\u00e9sies rom\u00e0nic-g\u00f2tiques de la ciutat de S\u00f2ria: San Pedro, Santo Domingo, San Juan de Rabanera, Nuestra Se\u00f1ora de la Mayor, San Nicol\u00e1s, el monestir de San Pedro del Duero i el monestir de San Polo.","robots":{"index":"index","follow":"follow","max-snippet":"max-snippet:-1","max-image-preview":"max-image-preview:large","max-video-preview":"max-video-preview:-1"},"canonical":"https:\/\/www.elturistatranquil.com\/ca\/esglesies-romanic-gotiques-de-la-ciutat-de-soria\/","og_locale":"ca_ES","og_type":"article","og_title":"Esgl\u00e9sies rom\u00e0nic-g\u00f2tiques de la ciutat de S\u00f2ria - El turista tranquil","og_description":"En aquest Post presentarem les esgl\u00e9sies rom\u00e0nic-g\u00f2tiques de la ciutat de S\u00f2ria: San Pedro, Santo Domingo, San Juan de Rabanera, Nuestra Se\u00f1ora de la Mayor, San Nicol\u00e1s, el monestir de San Pedro del Duero i el monestir de San Polo.","og_url":"https:\/\/www.elturistatranquil.com\/ca\/esglesies-romanic-gotiques-de-la-ciutat-de-soria\/","og_site_name":"El turista tranquil","article_publisher":"https:\/\/www.facebook.com\/elturistatranquilo\/","article_published_time":"2024-03-16T19:56:48+00:00","article_modified_time":"2024-03-20T20:04:01+00:00","og_image":[{"width":768,"height":511,"url":"https:\/\/www.elturistatranquil.com\/wp-content\/uploads\/F74-Iglesia-de-Santo-Domingo-Soria.jpg","type":"image\/jpeg"}],"author":"admin","twitter_card":"summary_large_image","twitter_misc":{"Escrit per":"admin","Temps estimat de lectura":"48 minuts"},"schema":{"@context":"https:\/\/schema.org","@graph":[{"@type":"Article","@id":"https:\/\/www.elturistatranquil.com\/ca\/esglesies-romanic-gotiques-de-la-ciutat-de-soria\/#article","isPartOf":{"@id":"https:\/\/www.elturistatranquil.com\/ca\/esglesies-romanic-gotiques-de-la-ciutat-de-soria\/"},"author":{"name":"admin","@id":"https:\/\/www.elturistatranquil.com\/ca\/#\/schema\/person\/16f607c3079b96ed0c530a52e6b58bb5"},"headline":"Esgl\u00e9sies rom\u00e0nic-g\u00f2tiques de la ciutat de S\u00f2ria","datePublished":"2024-03-16T19:56:48+00:00","dateModified":"2024-03-20T20:04:01+00:00","mainEntityOfPage":{"@id":"https:\/\/www.elturistatranquil.com\/ca\/esglesies-romanic-gotiques-de-la-ciutat-de-soria\/"},"wordCount":5108,"commentCount":0,"image":{"@id":"https:\/\/www.elturistatranquil.com\/ca\/esglesies-romanic-gotiques-de-la-ciutat-de-soria\/#primaryimage"},"thumbnailUrl":"https:\/\/www.elturistatranquil.com\/wp-content\/uploads\/F74-Iglesia-de-Santo-Domingo-Soria.jpg","articleSection":["Arquitectura religiosa","Barroc","Edat mitjana","G\u00f2tic","Joies al territori","Monestirs, Catedrals","Rom\u00e0nic","S\u00f2ria"],"inLanguage":"ca","potentialAction":[{"@type":"CommentAction","name":"Comment","target":["https:\/\/www.elturistatranquil.com\/ca\/esglesies-romanic-gotiques-de-la-ciutat-de-soria\/#respond"]}]},{"@type":"WebPage","@id":"https:\/\/www.elturistatranquil.com\/ca\/esglesies-romanic-gotiques-de-la-ciutat-de-soria\/","url":"https:\/\/www.elturistatranquil.com\/ca\/esglesies-romanic-gotiques-de-la-ciutat-de-soria\/","name":"Esgl\u00e9sies rom\u00e0nic-g\u00f2tiques de la ciutat de S\u00f2ria - El turista tranquil","isPartOf":{"@id":"https:\/\/www.elturistatranquil.com\/ca\/#website"},"primaryImageOfPage":{"@id":"https:\/\/www.elturistatranquil.com\/ca\/esglesies-romanic-gotiques-de-la-ciutat-de-soria\/#primaryimage"},"image":{"@id":"https:\/\/www.elturistatranquil.com\/ca\/esglesies-romanic-gotiques-de-la-ciutat-de-soria\/#primaryimage"},"thumbnailUrl":"https:\/\/www.elturistatranquil.com\/wp-content\/uploads\/F74-Iglesia-de-Santo-Domingo-Soria.jpg","datePublished":"2024-03-16T19:56:48+00:00","dateModified":"2024-03-20T20:04:01+00:00","author":{"@id":"https:\/\/www.elturistatranquil.com\/ca\/#\/schema\/person\/16f607c3079b96ed0c530a52e6b58bb5"},"description":"En aquest Post presentarem les esgl\u00e9sies rom\u00e0nic-g\u00f2tiques de la ciutat de S\u00f2ria: San Pedro, Santo Domingo, San Juan de Rabanera, Nuestra Se\u00f1ora de la Mayor, San Nicol\u00e1s, el monestir de San Pedro del Duero i el monestir de San Polo.","breadcrumb":{"@id":"https:\/\/www.elturistatranquil.com\/ca\/esglesies-romanic-gotiques-de-la-ciutat-de-soria\/#breadcrumb"},"inLanguage":"ca","potentialAction":[{"@type":"ReadAction","target":["https:\/\/www.elturistatranquil.com\/ca\/esglesies-romanic-gotiques-de-la-ciutat-de-soria\/"]}]},{"@type":"ImageObject","inLanguage":"ca","@id":"https:\/\/www.elturistatranquil.com\/ca\/esglesies-romanic-gotiques-de-la-ciutat-de-soria\/#primaryimage","url":"https:\/\/www.elturistatranquil.com\/wp-content\/uploads\/F74-Iglesia-de-Santo-Domingo-Soria.jpg","contentUrl":"https:\/\/www.elturistatranquil.com\/wp-content\/uploads\/F74-Iglesia-de-Santo-Domingo-Soria.jpg","width":768,"height":511,"caption":"Iglesia de Santo Domingo, Soria"},{"@type":"BreadcrumbList","@id":"https:\/\/www.elturistatranquil.com\/ca\/esglesies-romanic-gotiques-de-la-ciutat-de-soria\/#breadcrumb","itemListElement":[{"@type":"ListItem","position":1,"name":"Portada","item":"https:\/\/www.elturistatranquil.com\/ca\/"},{"@type":"ListItem","position":2,"name":"Esgl\u00e9sies rom\u00e0nic-g\u00f2tiques de la ciutat de S\u00f2ria"}]},{"@type":"WebSite","@id":"https:\/\/www.elturistatranquil.com\/ca\/#website","url":"https:\/\/www.elturistatranquil.com\/ca\/","name":"El turista tranquil","description":"Blog de viatges","potentialAction":[{"@type":"SearchAction","target":{"@type":"EntryPoint","urlTemplate":"https:\/\/www.elturistatranquil.com\/ca\/?s={search_term_string}"},"query-input":{"@type":"PropertyValueSpecification","valueRequired":true,"valueName":"search_term_string"}}],"inLanguage":"ca"},{"@type":"Person","@id":"https:\/\/www.elturistatranquil.com\/ca\/#\/schema\/person\/16f607c3079b96ed0c530a52e6b58bb5","name":"admin","image":{"@type":"ImageObject","inLanguage":"ca","@id":"https:\/\/secure.gravatar.com\/avatar\/1fbaf22aee75fcbb29a2f97b107f95d25d3a19b7c3416105be10269872673e8d?s=96&d=mm&r=g","url":"https:\/\/secure.gravatar.com\/avatar\/1fbaf22aee75fcbb29a2f97b107f95d25d3a19b7c3416105be10269872673e8d?s=96&d=mm&r=g","contentUrl":"https:\/\/secure.gravatar.com\/avatar\/1fbaf22aee75fcbb29a2f97b107f95d25d3a19b7c3416105be10269872673e8d?s=96&d=mm&r=g","caption":"admin"}}]}},"_links":{"self":[{"href":"https:\/\/www.elturistatranquil.com\/ca\/wp-json\/wp\/v2\/posts\/51930","targetHints":{"allow":["GET"]}}],"collection":[{"href":"https:\/\/www.elturistatranquil.com\/ca\/wp-json\/wp\/v2\/posts"}],"about":[{"href":"https:\/\/www.elturistatranquil.com\/ca\/wp-json\/wp\/v2\/types\/post"}],"author":[{"embeddable":true,"href":"https:\/\/www.elturistatranquil.com\/ca\/wp-json\/wp\/v2\/users\/1"}],"replies":[{"embeddable":true,"href":"https:\/\/www.elturistatranquil.com\/ca\/wp-json\/wp\/v2\/comments?post=51930"}],"version-history":[{"count":5,"href":"https:\/\/www.elturistatranquil.com\/ca\/wp-json\/wp\/v2\/posts\/51930\/revisions"}],"predecessor-version":[{"id":51941,"href":"https:\/\/www.elturistatranquil.com\/ca\/wp-json\/wp\/v2\/posts\/51930\/revisions\/51941"}],"wp:featuredmedia":[{"embeddable":true,"href":"https:\/\/www.elturistatranquil.com\/ca\/wp-json\/wp\/v2\/media\/51795"}],"wp:attachment":[{"href":"https:\/\/www.elturistatranquil.com\/ca\/wp-json\/wp\/v2\/media?parent=51930"}],"wp:term":[{"taxonomy":"category","embeddable":true,"href":"https:\/\/www.elturistatranquil.com\/ca\/wp-json\/wp\/v2\/categories?post=51930"},{"taxonomy":"post_tag","embeddable":true,"href":"https:\/\/www.elturistatranquil.com\/ca\/wp-json\/wp\/v2\/tags?post=51930"}],"curies":[{"name":"wp","href":"https:\/\/api.w.org\/{rel}","templated":true}]}}