{"id":52432,"date":"2024-04-27T17:55:29","date_gmt":"2024-04-27T15:55:29","guid":{"rendered":"https:\/\/www.elturistatranquil.com\/?p=52432"},"modified":"2024-10-08T13:48:34","modified_gmt":"2024-10-08T11:48:34","slug":"moli-hidraulic-fariner-el-blanco-conca","status":"publish","type":"post","link":"https:\/\/www.elturistatranquil.com\/ca\/moli-hidraulic-fariner-el-blanco-conca\/","title":{"rendered":"Mol\u00ed hidr\u00e0ulic fariner El Blanco (Conca)"},"content":{"rendered":"\t\t<div data-elementor-type=\"wp-post\" data-elementor-id=\"52432\" class=\"elementor elementor-52432 elementor-52266\" data-elementor-post-type=\"post\">\n\t\t\t\t\t\t<section class=\"elementor-section elementor-top-section elementor-element elementor-element-6e2f98fc elementor-section-boxed elementor-section-height-default elementor-section-height-default\" data-id=\"6e2f98fc\" data-element_type=\"section\" data-e-type=\"section\">\n\t\t\t\t\t\t<div class=\"elementor-container elementor-column-gap-default\">\n\t\t\t\t\t<div class=\"elementor-column elementor-col-100 elementor-top-column elementor-element elementor-element-1e4cce64\" data-id=\"1e4cce64\" data-element_type=\"column\" data-e-type=\"column\">\n\t\t\t<div class=\"elementor-widget-wrap elementor-element-populated\">\n\t\t\t\t\t\t<section class=\"elementor-section elementor-inner-section elementor-element elementor-element-35617a8d elementor-section-content-middle elementor-section-boxed elementor-section-height-default elementor-section-height-default\" data-id=\"35617a8d\" data-element_type=\"section\" data-e-type=\"section\">\n\t\t\t\t\t\t<div class=\"elementor-container elementor-column-gap-default\">\n\t\t\t\t\t<div class=\"elementor-column elementor-col-100 elementor-inner-column elementor-element elementor-element-3470dbf1\" data-id=\"3470dbf1\" data-element_type=\"column\" data-e-type=\"column\">\n\t\t\t<div class=\"elementor-widget-wrap elementor-element-populated\">\n\t\t\t\t\t\t<div class=\"elementor-element elementor-element-6dd4a13b elementor-widget elementor-widget-text-editor\" data-id=\"6dd4a13b\" data-element_type=\"widget\" data-e-type=\"widget\" data-widget_type=\"text-editor.default\">\n\t\t\t\t<div class=\"elementor-widget-container\">\n\t\t\t\t\t\t\t\t\t<p>El <strong>mol\u00ed El Blanco<\/strong> \u00e9s un dels molins hidr\u00e0ulics que, juntament amb els de vent, van ser els mecanismes m\u00e9s usats durant segles a Espanya per a la m\u00f2lta de farina.<\/p>\t\t\t\t\t\t\t\t<\/div>\n\t\t\t\t<\/div>\n\t\t\t\t\t<\/div>\n\t\t<\/div>\n\t\t\t\t\t<\/div>\n\t\t<\/section>\n\t\t\t\t<div class=\"elementor-element elementor-element-142bf4ec elementor-widget elementor-widget-heading\" data-id=\"142bf4ec\" data-element_type=\"widget\" data-e-type=\"widget\" data-widget_type=\"heading.default\">\n\t\t\t\t<div class=\"elementor-widget-container\">\n\t\t\t\t\t<h1 class=\"elementor-heading-title elementor-size-default\">Mol\u00ed hidr\u00e0ulic fariner El Blanco (Conca)<\/h1>\t\t\t\t<\/div>\n\t\t\t\t<\/div>\n\t\t\t\t\t<\/div>\n\t\t<\/div>\n\t\t\t\t\t<\/div>\n\t\t<\/section>\n\t\t\t\t<section class=\"elementor-section elementor-top-section elementor-element elementor-element-3e8d3ef9 elementor-section-boxed elementor-section-height-default elementor-section-height-default\" data-id=\"3e8d3ef9\" data-element_type=\"section\" data-e-type=\"section\">\n\t\t\t\t\t\t<div class=\"elementor-container elementor-column-gap-default\">\n\t\t\t\t\t<div class=\"elementor-column elementor-col-100 elementor-top-column elementor-element elementor-element-1f85aac7\" data-id=\"1f85aac7\" data-element_type=\"column\" data-e-type=\"column\">\n\t\t\t<div class=\"elementor-widget-wrap elementor-element-populated\">\n\t\t\t\t\t\t<div class=\"elementor-element elementor-element-764cf4a4 elementor-widget elementor-widget-image\" data-id=\"764cf4a4\" data-element_type=\"widget\" data-e-type=\"widget\" data-widget_type=\"image.default\">\n\t\t\t\t<div class=\"elementor-widget-container\">\n\t\t\t\t\t\t\t\t\t\t\t\t<figure class=\"wp-caption\">\n\t\t\t\t\t\t\t\t\t\t<img fetchpriority=\"high\" decoding=\"async\" width=\"768\" height=\"512\" src=\"https:\/\/www.elturistatranquil.com\/wp-content\/uploads\/F01-Molino-El-Blanco-Carrascosa-de-Haro-Google-earth-2024-04-20-B-1.jpg\" class=\"attachment-large size-large wp-image-52276\" alt=\"Molino El Blanco, Carrascosa de Haro (Google earth 2024-04-20) B (1)\" srcset=\"https:\/\/www.elturistatranquil.com\/wp-content\/uploads\/F01-Molino-El-Blanco-Carrascosa-de-Haro-Google-earth-2024-04-20-B-1.jpg 768w, https:\/\/www.elturistatranquil.com\/wp-content\/uploads\/F01-Molino-El-Blanco-Carrascosa-de-Haro-Google-earth-2024-04-20-B-1-339x226.jpg 339w\" sizes=\"(max-width: 768px) 100vw, 768px\" \/>\t\t\t\t\t\t\t\t\t\t\t<figcaption class=\"widget-image-caption wp-caption-text\">Mol\u00ed El Blanco (Google earth 2024-04-20)<\/figcaption>\n\t\t\t\t\t\t\t\t\t\t<\/figure>\n\t\t\t\t\t\t\t\t\t<\/div>\n\t\t\t\t<\/div>\n\t\t\t\t<section class=\"elementor-section elementor-inner-section elementor-element elementor-element-53c24f18 elementor-section-boxed elementor-section-height-default elementor-section-height-default\" data-id=\"53c24f18\" data-element_type=\"section\" data-e-type=\"section\" data-settings=\"{&quot;background_background&quot;:&quot;classic&quot;}\">\n\t\t\t\t\t\t\t<div class=\"elementor-background-overlay\"><\/div>\n\t\t\t\t\t\t\t<div class=\"elementor-container elementor-column-gap-default\">\n\t\t\t\t\t<div class=\"elementor-column elementor-col-100 elementor-inner-column elementor-element elementor-element-208e68fb\" data-id=\"208e68fb\" data-element_type=\"column\" data-e-type=\"column\" data-settings=\"{&quot;background_background&quot;:&quot;classic&quot;}\">\n\t\t\t<div class=\"elementor-widget-wrap elementor-element-populated\">\n\t\t\t\t\t\t<div class=\"elementor-element elementor-element-1e7bf78 elementor-widget elementor-widget-text-editor\" data-id=\"1e7bf78\" data-element_type=\"widget\" data-e-type=\"widget\" data-widget_type=\"text-editor.default\">\n\t\t\t\t<div class=\"elementor-widget-container\">\n\t\t\t\t\t\t\t\t\t<p>Direcci\u00f3: Carretera CUV-8345. Municipi: Carrascosa de Haro.\u00a0 Comarca: Tierra de Alarc\u00f3n. Prov\u00edncia: Cuenca. Com. Aut\u00f2noma: Castilla-La Mancha<\/p><p>Coordenades: 39\u00b037&#8217;00.0&#8243;N 2\u00b034&#8217;12.0&#8243;O Altitud: 777 msnm<\/p><p>Contacte: <a href=\"mailto:ecohuevoslosmolinos@hotmail.com\" target=\"_blank\" rel=\"noopener\">ecohuevoslosmolinos@hotmail.com<\/a><\/p><p>Tfno.: 656 886 737 \/ 660 181 151<\/p><p>Visita: 2022<\/p>\t\t\t\t\t\t\t\t<\/div>\n\t\t\t\t<\/div>\n\t\t\t\t\t<\/div>\n\t\t<\/div>\n\t\t\t\t\t<\/div>\n\t\t<\/section>\n\t\t\t\t<div class=\"elementor-element elementor-element-1f0927ea elementor-widget elementor-widget-image\" data-id=\"1f0927ea\" data-element_type=\"widget\" data-e-type=\"widget\" data-widget_type=\"image.default\">\n\t\t\t\t<div class=\"elementor-widget-container\">\n\t\t\t\t\t\t\t\t\t\t\t\t<figure class=\"wp-caption\">\n\t\t\t\t\t\t\t\t\t\t<img decoding=\"async\" width=\"768\" height=\"512\" src=\"https:\/\/www.elturistatranquil.com\/wp-content\/uploads\/F02e-Mapa-de-situacion-del-molino-El-Blanco-Carrascosa-de-Haro-Google-maps-2024-04-22.jpg\" class=\"attachment-medium_large size-medium_large wp-image-52278\" alt=\"Mapa de situaci\u00f3n del molino El Blanco, Carrascosa de Haro (Google maps 2024-04-22)\" srcset=\"https:\/\/www.elturistatranquil.com\/wp-content\/uploads\/F02e-Mapa-de-situacion-del-molino-El-Blanco-Carrascosa-de-Haro-Google-maps-2024-04-22.jpg 768w, https:\/\/www.elturistatranquil.com\/wp-content\/uploads\/F02e-Mapa-de-situacion-del-molino-El-Blanco-Carrascosa-de-Haro-Google-maps-2024-04-22-339x226.jpg 339w\" sizes=\"(max-width: 768px) 100vw, 768px\" \/>\t\t\t\t\t\t\t\t\t\t\t<figcaption class=\"widget-image-caption wp-caption-text\">Mapa de situaci\u00f3 del mol\u00ed El Blanco, Cuenca (Google maps 2024-04-22)<\/figcaption>\n\t\t\t\t\t\t\t\t\t\t<\/figure>\n\t\t\t\t\t\t\t\t\t<\/div>\n\t\t\t\t<\/div>\n\t\t\t\t<div class=\"elementor-element elementor-element-7bb2cbb elementor-widget elementor-widget-spacer\" data-id=\"7bb2cbb\" data-element_type=\"widget\" data-e-type=\"widget\" data-widget_type=\"spacer.default\">\n\t\t\t\t<div class=\"elementor-widget-container\">\n\t\t\t\t\t\t\t<div class=\"elementor-spacer\">\n\t\t\t<div class=\"elementor-spacer-inner\"><\/div>\n\t\t<\/div>\n\t\t\t\t\t\t<\/div>\n\t\t\t\t<\/div>\n\t\t\t\t<div class=\"elementor-element elementor-element-77de5118 elementor-toc--minimized-on-tablet elementor-widget elementor-widget-table-of-contents\" data-id=\"77de5118\" data-element_type=\"widget\" data-e-type=\"widget\" data-settings=\"{&quot;headings_by_tags&quot;:[&quot;h2&quot;,&quot;h3&quot;,&quot;h4&quot;],&quot;marker_view&quot;:&quot;bullets&quot;,&quot;icon&quot;:{&quot;value&quot;:&quot;&quot;,&quot;library&quot;:&quot;&quot;},&quot;no_headings_message&quot;:&quot;No s&#039;ha trobat cap encap\\u00e7alament en aquesta p\\u00e0gina.&quot;,&quot;minimize_box&quot;:&quot;yes&quot;,&quot;minimized_on&quot;:&quot;tablet&quot;,&quot;hierarchical_view&quot;:&quot;yes&quot;,&quot;min_height&quot;:{&quot;unit&quot;:&quot;px&quot;,&quot;size&quot;:&quot;&quot;,&quot;sizes&quot;:[]},&quot;min_height_tablet&quot;:{&quot;unit&quot;:&quot;px&quot;,&quot;size&quot;:&quot;&quot;,&quot;sizes&quot;:[]},&quot;min_height_mobile&quot;:{&quot;unit&quot;:&quot;px&quot;,&quot;size&quot;:&quot;&quot;,&quot;sizes&quot;:[]}}\" data-widget_type=\"table-of-contents.default\">\n\t\t\t\t<div class=\"elementor-widget-container\">\n\t\t\t\t\t\t\t\t\t<div class=\"elementor-toc__header\">\n\t\t\t\t\t\t<h4 class=\"elementor-toc__header-title\">\n\t\t\t\t\u00cdndex\t\t\t<\/h4>\n\t\t\t\t\t\t\t\t\t\t<div class=\"elementor-toc__toggle-button elementor-toc__toggle-button--expand\" role=\"button\" tabindex=\"0\" aria-controls=\"elementor-toc__77de5118\" aria-expanded=\"true\" aria-label=\"Open table of contents\"><i aria-hidden=\"true\" class=\"fas fa-chevron-down\"><\/i><\/div>\n\t\t\t\t<div class=\"elementor-toc__toggle-button elementor-toc__toggle-button--collapse\" role=\"button\" tabindex=\"0\" aria-controls=\"elementor-toc__77de5118\" aria-expanded=\"true\" aria-label=\"Close table of contents\"><i aria-hidden=\"true\" class=\"fas fa-chevron-up\"><\/i><\/div>\n\t\t\t\t\t<\/div>\n\t\t\t\t<div id=\"elementor-toc__77de5118\" class=\"elementor-toc__body\">\n\t\t\t<div class=\"elementor-toc__spinner-container\">\n\t\t\t\t<i class=\"elementor-toc__spinner eicon-animation-spin eicon-loading\" aria-hidden=\"true\"><\/i>\t\t\t<\/div>\n\t\t<\/div>\n\t\t\t\t\t\t<\/div>\n\t\t\t\t<\/div>\n\t\t\t\t<div class=\"elementor-element elementor-element-4f141880 elementor-widget elementor-widget-menu-anchor\" data-id=\"4f141880\" data-element_type=\"widget\" data-e-type=\"widget\" data-widget_type=\"menu-anchor.default\">\n\t\t\t\t<div class=\"elementor-widget-container\">\n\t\t\t\t\t\t\t<div class=\"elementor-menu-anchor\" id=\"a0101-EnlaceaunpuntodentrodelPost\"><\/div>\n\t\t\t\t\t\t<\/div>\n\t\t\t\t<\/div>\n\t\t\t\t<div class=\"elementor-element elementor-element-235c84c0 elementor-widget elementor-widget-spacer\" data-id=\"235c84c0\" data-element_type=\"widget\" data-e-type=\"widget\" data-widget_type=\"spacer.default\">\n\t\t\t\t<div class=\"elementor-widget-container\">\n\t\t\t\t\t\t\t<div class=\"elementor-spacer\">\n\t\t\t<div class=\"elementor-spacer-inner\"><\/div>\n\t\t<\/div>\n\t\t\t\t\t\t<\/div>\n\t\t\t\t<\/div>\n\t\t\t\t<div class=\"elementor-element elementor-element-601d4f2c elementor-widget elementor-widget-heading\" data-id=\"601d4f2c\" data-element_type=\"widget\" data-e-type=\"widget\" data-widget_type=\"heading.default\">\n\t\t\t\t<div class=\"elementor-widget-container\">\n\t\t\t\t\t<h2 class=\"elementor-heading-title elementor-size-default\">Mol\u00ed hidr\u00e0ulic fariner El Blanco. Carrascosa de Haro. Conca<\/h2>\t\t\t\t<\/div>\n\t\t\t\t<\/div>\n\t\t\t\t<div class=\"elementor-element elementor-element-d4efda7 elementor-widget elementor-widget-text-editor\" data-id=\"d4efda7\" data-element_type=\"widget\" data-e-type=\"widget\" data-widget_type=\"text-editor.default\">\n\t\t\t\t<div class=\"elementor-widget-container\">\n\t\t\t\t\t\t\t\t\t<p><em>Aquest post es complementa amb el Post\u00a0<\/em><a href=\"https:\/\/www.elturistatranquil.com\/ca\/molins-de-vent-a-la-mancha\/\" target=\"_blank\" rel=\"noopener\"><em><strong>Molins de vent a La Mancha<\/strong><\/em><\/a><em>, amb el que disposar d&#8217;una visi\u00f3 de conjunt dels molins fariners hist\u00f2rics a Espanya.<\/em><\/p>\t\t\t\t\t\t\t\t<\/div>\n\t\t\t\t<\/div>\n\t\t\t\t<div class=\"elementor-element elementor-element-ad4c8e9 elementor-widget elementor-widget-text-editor\" data-id=\"ad4c8e9\" data-element_type=\"widget\" data-e-type=\"widget\" data-widget_type=\"text-editor.default\">\n\t\t\t\t<div class=\"elementor-widget-container\">\n\t\t\t\t\t\t\t\t\t<p>Els molins han estat al llarg de la hist\u00f2ria una de les solucions per convertir els cereals en farina. Sabem que hi ha diferents tipus de molins en funci\u00f3 de l&#8217;energia que utilitzaven. De sang (homes o animals), e\u00f2lica o hidr\u00e0ulica, van ser les m\u00e9s esteses abans que es desenvolupessin les energies f\u00f2ssils i l&#8217;el\u00e8ctrica.<\/p><p>A un altre <em>Post<\/em> hem tingut ocasi\u00f3 de tractar l&#8217;\u00fas de l&#8217;energia e\u00f2lica mitjan\u00e7ant els molins de vent. Aquest <em>Post<\/em> el dedicar\u00e9 als <strong>molins hidr\u00e0ulics o molins d\u2019aigua<\/strong>.<\/p><p>En diferents recorreguts presentats en aquest <em>Blog<\/em> ens hem topat ja amb molins hidr\u00e0ulics distribu\u00efts per tota l&#8217;Espanya peninsular, encara que sense aprofundir-ne les caracter\u00edstiques i el funcionament: <a href=\"https:\/\/www.elturistatranquil.com\/ca\/muinos-de-verdes-paratge-i-refugi\/\" target=\"_blank\" rel=\"noopener\">Mui\u00f1os de Verdes<\/a>; <a href=\"https:\/\/www.elturistatranquil.com\/ca\/canal-de-castella-a\/\" target=\"_blank\" rel=\"noopener\">Canal de Castella<\/a>; <a href=\"https:\/\/www.elturistatranquil.com\/ca\/penya-segat-el-bolao-i-moli-cantabria\/\" target=\"_blank\" rel=\"noopener\">El Bolao<\/a>; <a href=\"https:\/\/www.elturistatranquil.com\/ca\/lierganes-cantabria\/\" target=\"_blank\" rel=\"noopener\">Li\u00e9rganes;<\/a> <a href=\"https:\/\/www.elturistatranquil.com\/ca\/elbete-arizkun-i-amaiur-maya-baztan-navarra\/\" target=\"_blank\" rel=\"noopener\">Amaiur\/Maya<\/a>; <a href=\"https:\/\/www.elturistatranquil.com\/ca\/sant-feliu-de-pallerols-girona\/\" target=\"_blank\" rel=\"noopener\">Sant Feliu de Pallerols<\/a>; <a href=\"https:\/\/www.elturistatranquil.com\/ca\/paratges-de-laigua-a-la-sierra-de-albarracin\/\" target=\"_blank\" rel=\"noopener\">Serra d&#8217;Albarrac\u00edn<\/a>.<\/p><p>La nostra atenci\u00f3 se centrar\u00e0 en el <strong>mol\u00ed El Blanco<\/strong>, situat al riu Z\u00e1ncara, a Carrascosa de Haro a la prov\u00edncia de Conca.<\/p><p>Es tracta, probablement, de l&#8217;\u00fanic mol\u00ed en funcionament de tota Castilla-La Mancha, per aix\u00f2 el seu inter\u00e8s a visitar-lo en poder veure les instal\u00b7lacions i el seu funcionament.<\/p><p>Un suggeriment entusiasta: apropeu-vos a veure el mol\u00ed El Blanco, i aprofiteu per menjar molt b\u00e9 al <strong>restaurant Molino El Blanco<\/strong>, a l&#8217;edifici adossat.<\/p>\t\t\t\t\t\t\t\t<\/div>\n\t\t\t\t<\/div>\n\t\t\t\t<div class=\"elementor-element elementor-element-0e259d3 elementor-widget elementor-widget-menu-anchor\" data-id=\"0e259d3\" data-element_type=\"widget\" data-e-type=\"widget\" data-widget_type=\"menu-anchor.default\">\n\t\t\t\t<div class=\"elementor-widget-container\">\n\t\t\t\t\t\t\t<div class=\"elementor-menu-anchor\" id=\"b9101\"><\/div>\n\t\t\t\t\t\t<\/div>\n\t\t\t\t<\/div>\n\t\t\t\t<div class=\"elementor-element elementor-element-3f40c54d elementor-widget elementor-widget-heading\" data-id=\"3f40c54d\" data-element_type=\"widget\" data-e-type=\"widget\" data-widget_type=\"heading.default\">\n\t\t\t\t<div class=\"elementor-widget-container\">\n\t\t\t\t\t<h2 class=\"elementor-heading-title elementor-size-default\">Els molins fariners<\/h2>\t\t\t\t<\/div>\n\t\t\t\t<\/div>\n\t\t\t\t<div class=\"elementor-element elementor-element-7d37a19 elementor-widget elementor-widget-text-editor\" data-id=\"7d37a19\" data-element_type=\"widget\" data-e-type=\"widget\" data-widget_type=\"text-editor.default\">\n\t\t\t\t<div class=\"elementor-widget-container\">\n\t\t\t\t\t\t\t\t\t<p>Des que es va introduir l&#8217;agricultura, l&#8217;home va anar creant utensilis i m\u00e0quines per convertir els cereals en farina, per poder obtenir pa, un dels aliments b\u00e0sics de la humanitat.<\/p><p>Primer amb pedres amb formes c\u00f2ncaves on triturar manualment colpejant amb una altra pedra els grans de cereal. Despr\u00e9s uns primers utensilis mec\u00e0nics simples ja van introduir la trituraci\u00f3 entre dues pedres, on una girava sobre l&#8217;altra mitjan\u00e7ant l&#8217;aplicaci\u00f3 de l&#8217;esfor\u00e7 hum\u00e0 i despr\u00e9s d&#8217;altres de m\u00e9s complexos amb aplicaci\u00f3 d&#8217;energia animal. El sistema d&#8217;obtenci\u00f3 de farina per pressi\u00f3 d&#8217;una pedra sobre una altra s&#8217;ha mantingut pr\u00e0cticament fins a l&#8217;actualitat, mentre que el que ha anat canviant ha estat la complexitat de les m\u00e0quines o molins (home vinculat al de la m\u00f2lta).<\/p><p>Els molins fariners havien d&#8217;estar situats a les rodalies de les poblacions per abastir-les, per la qual cosa es van anar desenvolupant maquin\u00e0ries adaptades a les condicions geogr\u00e0fiques de cada lloc, alhora que cada vegada t\u00e8cnicament m\u00e9s perfeccionades.<\/p><p>Del primer moment, en qu\u00e8 \u00fanicament es podia fer servir energia humana o animal, es va anar passant a aprofitar altres formes d&#8217;energies naturals f\u00e0cils d&#8217;aplicar, com ara l&#8217;energia e\u00f2lica i la hidr\u00e0ulica.<\/p><p>Juntament amb els <strong><a href=\"https:\/\/www.elturistatranquil.com\/ca\/molins-de-vent-a-la-mancha\/\" target=\"_blank\" rel=\"noopener\">molins de vent d\u2019aspes<\/a><\/strong>, els <strong>molins hidr\u00e0ulics de riba<\/strong> van ser els grans sistemes utilitzats a Espanya.<\/p><p>Una aproximaci\u00f3 a la hist\u00f2ria dels molins fariners manuals i hidr\u00e0ulics al <em>Post<\/em>: <strong><a href=\"https:\/\/www.elturistatranquil.com\/ca\/museu-dels-molins-de-mazonovo-asturies\/\" target=\"_blank\" rel=\"noopener\">Museu dels Molins de Mazonovo (Ast\u00faries)<\/a><\/strong>.<\/p>\t\t\t\t\t\t\t\t<\/div>\n\t\t\t\t<\/div>\n\t\t\t\t<div class=\"elementor-element elementor-element-b7fe3ff elementor-widget elementor-widget-heading\" data-id=\"b7fe3ff\" data-element_type=\"widget\" data-e-type=\"widget\" data-widget_type=\"heading.default\">\n\t\t\t\t<div class=\"elementor-widget-container\">\n\t\t\t\t\t<h2 class=\"elementor-heading-title elementor-size-default\">Molins hidr\u00e0ulics de riba<\/h2>\t\t\t\t<\/div>\n\t\t\t\t<\/div>\n\t\t\t\t<div class=\"elementor-element elementor-element-35969180 elementor-widget elementor-widget-text-editor\" data-id=\"35969180\" data-element_type=\"widget\" data-e-type=\"widget\" data-widget_type=\"text-editor.default\">\n\t\t\t\t<div class=\"elementor-widget-container\">\n\t\t\t\t\t\t\t\t\t<p>Com es pot deduir de la seva denominaci\u00f3, els molins hidr\u00e0ulics utilitzen l&#8217;energia cin\u00e8tica de l&#8217;aigua d&#8217;un riu o del mar, b\u00e9 per la for\u00e7a de despla\u00e7ament superficial, b\u00e9 per una caiguda o salt d&#8217;aigua per augmentar-ne l&#8217;energia cin\u00e8tica.<\/p><p>Als de mar, tamb\u00e9 anomenats <strong>molins de marea<\/strong>, s\u2019aprofita el desnivell entre la pleamar i la baixamar a llocs \u00a0costaners on els canvis de nivell de les marees s\u00f3n significatius.<\/p><p>Als situats a zones terrestres el que s&#8217;aprofita \u00e9s el moviment de l&#8217;aigua del riu o el desnivell del seu curs, per la qual cosa se situen als marges dels rius, s\u00e8quies, canals (<em>caz<\/em>).<\/p><p>En el primer cas dels molins terrestres es fa servir directament el moviment del curs de l&#8217;aigua fent-lo actuar sobre una <strong>roda vertical de paletes <\/strong>o<strong> <em>ace\u00f1a<\/em><\/strong>, que genera un moviment rotatori horitzontal. Generalment, el mol\u00ed s&#8217;ubica a una caseta amb la roda hidr\u00e0ulica per l&#8217;exterior. En uns casos la part inferior de la roda se submergeix a la llera del llit fluvial, arrossegant les paletes fent-la girar; en altres es col\u00b7loca al costat d&#8217;un salt d&#8217;aigua on el raig en la seva caiguda incideix sobre les aletes per la part lateral, o omple uns cat\u00fafols adossats a la roda que amb el pes de l&#8217;aigua la fan girar en forma descendent.<\/p><p>Tamb\u00e9 existia el <strong>mol\u00ed de barca<\/strong>, on sobre una barca, plataformes o entre dues barques situades al centre del curs fluvial, es muntava una roda hidr\u00e0ulica al costat d&#8217;una construcci\u00f3 de fusta amb el mol\u00ed.<\/p><p>El tipus m\u00e9s est\u00e8s de molins hidr\u00e0ulics de riba va ser el <strong>mol\u00ed de rodet <\/strong>o<strong> de roda horitzontal <\/strong>(<strong><em>rodezno<\/em><\/strong>), on, sobre una roda horitzontal amb pales o \u00e0leps es projecta un raig d&#8217;aigua que prov\u00e9 d&#8217;un desnivell, fent rotar una turbina, cosa que provoca un moviment giratori sobre l&#8217;eix vertical acoblat a ella. Aquest tipus de mol\u00ed es va desenvolupar per poder aprofitar el cabal de cursos d&#8217;esc\u00e0s i irregular aportaci\u00f3 h\u00eddrica, alhora que era m\u00e9s senzill i econ\u00f2mic que el de roda vertical.<\/p><p>Des de l&#8217;Edat Mitjana els molins hidr\u00e0ulics de riba van tenir una \u00e0mplia aplicaci\u00f3 en farineres, batans, ferreries, papereres, etc.<\/p><p>Els dos dibuixos seg\u00fcents mostren l&#8217;esquema d&#8217;un <strong>mol\u00ed de roda vertical<\/strong> (<strong><em>ace\u00f1a<\/em><\/strong>) i un altre de <strong>turbina horitzontal<\/strong> (<strong><em>rodezno<\/em><\/strong>).<\/p>\t\t\t\t\t\t\t\t<\/div>\n\t\t\t\t<\/div>\n\t\t\t\t<section class=\"elementor-section elementor-inner-section elementor-element elementor-element-eff1ea1 elementor-section-boxed elementor-section-height-default elementor-section-height-default\" data-id=\"eff1ea1\" data-element_type=\"section\" data-e-type=\"section\">\n\t\t\t\t\t\t<div class=\"elementor-container elementor-column-gap-default\">\n\t\t\t\t\t<div class=\"elementor-column elementor-col-50 elementor-inner-column elementor-element elementor-element-4338342\" data-id=\"4338342\" data-element_type=\"column\" data-e-type=\"column\">\n\t\t\t<div class=\"elementor-widget-wrap elementor-element-populated\">\n\t\t\t\t\t\t<div class=\"elementor-element elementor-element-22246d7 elementor-widget elementor-widget-image\" data-id=\"22246d7\" data-element_type=\"widget\" data-e-type=\"widget\" data-widget_type=\"image.default\">\n\t\t\t\t<div class=\"elementor-widget-container\">\n\t\t\t\t\t\t\t\t\t\t\t\t\t\t\t<img decoding=\"async\" width=\"380\" height=\"507\" src=\"https:\/\/www.elturistatranquil.com\/wp-content\/uploads\/F03m-Molino-de-acena.jpg\" class=\"attachment-large size-large wp-image-52280\" alt=\"Molino de ace\u00f1a\" srcset=\"https:\/\/www.elturistatranquil.com\/wp-content\/uploads\/F03m-Molino-de-acena.jpg 380w, https:\/\/www.elturistatranquil.com\/wp-content\/uploads\/F03m-Molino-de-acena-169x226.jpg 169w\" sizes=\"(max-width: 380px) 100vw, 380px\" \/>\t\t\t\t\t\t\t\t\t\t\t\t\t\t\t<\/div>\n\t\t\t\t<\/div>\n\t\t\t\t\t<\/div>\n\t\t<\/div>\n\t\t\t\t<div class=\"elementor-column elementor-col-50 elementor-inner-column elementor-element elementor-element-ea53caa\" data-id=\"ea53caa\" data-element_type=\"column\" data-e-type=\"column\">\n\t\t\t<div class=\"elementor-widget-wrap elementor-element-populated\">\n\t\t\t\t\t\t<div class=\"elementor-element elementor-element-204f56f elementor-widget elementor-widget-image\" data-id=\"204f56f\" data-element_type=\"widget\" data-e-type=\"widget\" data-widget_type=\"image.default\">\n\t\t\t\t<div class=\"elementor-widget-container\">\n\t\t\t\t\t\t\t\t\t\t\t\t\t\t\t<img loading=\"lazy\" decoding=\"async\" width=\"380\" height=\"507\" src=\"https:\/\/www.elturistatranquil.com\/wp-content\/uploads\/F03n-Molino-de-rodezno-horizontal.jpg\" class=\"attachment-large size-large wp-image-52282\" alt=\"Molino de rodezno horizontal\" srcset=\"https:\/\/www.elturistatranquil.com\/wp-content\/uploads\/F03n-Molino-de-rodezno-horizontal.jpg 380w, https:\/\/www.elturistatranquil.com\/wp-content\/uploads\/F03n-Molino-de-rodezno-horizontal-169x226.jpg 169w\" sizes=\"(max-width: 380px) 100vw, 380px\" \/>\t\t\t\t\t\t\t\t\t\t\t\t\t\t\t<\/div>\n\t\t\t\t<\/div>\n\t\t\t\t\t<\/div>\n\t\t<\/div>\n\t\t\t\t\t<\/div>\n\t\t<\/section>\n\t\t\t\t<div class=\"elementor-element elementor-element-e0d2d26 elementor-widget elementor-widget-text-editor\" data-id=\"e0d2d26\" data-element_type=\"widget\" data-e-type=\"widget\" data-widget_type=\"text-editor.default\">\n\t\t\t\t<div class=\"elementor-widget-container\">\n\t\t\t\t\t\t\t\t\t<p>\u00a0<\/p><p>En el cas del <strong>mol\u00ed de roda vertical<\/strong> apreciem que la maquin\u00e0ria interior del mol\u00ed actua de la mateixa manera que ho fan els molins de vent d&#8217;aspes, amb la difer\u00e8ncia que la roda catalina se situa per sota les pedres del mol\u00ed , mentre que al mol\u00ed de vent estan col\u00b7locades a la part superior, acoblades a les aspes. D&#8217;altra banda, l&#8217;esquema de funcionament \u00e9s id\u00e8ntic.<\/p><p>La menor complexitat t\u00e8cnica dels <strong>molins de rodet horitzontal<\/strong> \u00e9s que, per la posici\u00f3 horitzontal de la roda, el seu eix vertical transmet directament el moviment a la pedra del mol\u00ed, sense que hagin d&#8217;intervenir engranatges. Alhora, aquesta menor complexitat redu\u00efa la mida de les edificacions dels molins.<\/p><p>La condici\u00f3 necess\u00e0ria per al seu funcionament \u00e9s que es cre\u00ef un desnivell o salt d&#8217;aigua perqu\u00e8 un raig d&#8217;aigua topi amb les paletes del rodet amb prou for\u00e7a i velocitat perqu\u00e8 pugui fer girar el rodet i la mola, posant en funcionament la maquin\u00e0ria de m\u00f2lta.<\/p><p>El m\u00e9s important \u00e9s aconseguir la major pressi\u00f3 i velocitat de l\u2019aigua amb el menor cabal possible. Aix\u00f2 permetia la seva aplicaci\u00f3 a les circumst\u00e0ncies h\u00eddriques m\u00e9s desfavorables. D&#8217;aqu\u00ed la seva gran difusi\u00f3 per tota la Pen\u00ednsula en poder-se aplicar a zones amb esc\u00e0s potencial h\u00eddric.<\/p>\t\t\t\t\t\t\t\t<\/div>\n\t\t\t\t<\/div>\n\t\t\t\t<div class=\"elementor-element elementor-element-8c5175b elementor-widget elementor-widget-heading\" data-id=\"8c5175b\" data-element_type=\"widget\" data-e-type=\"widget\" data-widget_type=\"heading.default\">\n\t\t\t\t<div class=\"elementor-widget-container\">\n\t\t\t\t\t<h3 class=\"elementor-heading-title elementor-size-default\">Estructura d'un mol\u00ed hidr\u00e0ulic fariner de rodet horitzontal<\/h3>\t\t\t\t<\/div>\n\t\t\t\t<\/div>\n\t\t\t\t<div class=\"elementor-element elementor-element-39f78ec elementor-widget elementor-widget-text-editor\" data-id=\"39f78ec\" data-element_type=\"widget\" data-e-type=\"widget\" data-widget_type=\"text-editor.default\">\n\t\t\t\t<div class=\"elementor-widget-container\">\n\t\t\t\t\t\t\t\t\t<p>Es distingeixen quatre \u00e0mbits constructius fonamentals.<\/p><p>El <strong>canal d&#8217;aigua<\/strong> (<strong><em>caz<\/em><\/strong>) que deriva del curs d&#8217;un riu per portar-la fins a l&#8217;edifici del mol\u00ed.<\/p><p>L&#8217;<strong>edifici del mol\u00ed<\/strong> on cal distingir: el <strong>carcab\u00e0<\/strong> o <strong>espai inferior<\/strong> on se situa el rodet sobre el qual flueix el raig d&#8217;aigua amb un eix vertical (arbre) que puja fins a la sala de m\u00f2lta. D&#8217;aquest punt parteix el <strong>canal de desgu\u00e0s<\/strong> (<strong><em>socaz<\/em><\/strong>), que correspon al tros de llera que va des de sota el mol\u00ed fins a la mare del riu.<\/p><p>Per sobre se situen les <strong>naus del mol\u00ed<\/strong>, amb els seus accessoris, aix\u00ed com l\u2019<strong>habitatge del moliner<\/strong>.<\/p><p>Anir\u00e9 presentant cadascuna d&#8217;aquestes parts aprofitant la visita al <strong>mol\u00ed El Blanco<\/strong>.<\/p>\t\t\t\t\t\t\t\t<\/div>\n\t\t\t\t<\/div>\n\t\t\t\t<div class=\"elementor-element elementor-element-b0abf6e elementor-widget elementor-widget-heading\" data-id=\"b0abf6e\" data-element_type=\"widget\" data-e-type=\"widget\" data-widget_type=\"heading.default\">\n\t\t\t\t<div class=\"elementor-widget-container\">\n\t\t\t\t\t<h2 class=\"elementor-heading-title elementor-size-default\">La visita al mol\u00ed El Blanco<\/h2>\t\t\t\t<\/div>\n\t\t\t\t<\/div>\n\t\t\t\t<div class=\"elementor-element elementor-element-4651d15 elementor-widget elementor-widget-text-editor\" data-id=\"4651d15\" data-element_type=\"widget\" data-e-type=\"widget\" data-widget_type=\"text-editor.default\">\n\t\t\t\t<div class=\"elementor-widget-container\">\n\t\t\t\t\t\t\t\t\t<p>A la imatge a\u00e8ria distingim el curs del <strong>riu<\/strong> Z\u00e1ncara del qual, de la part nord sorgeix el <strong>canal<\/strong> que portar\u00e0 l&#8217;aigua fins al mol\u00ed. Al centre el <strong>mol\u00ed <\/strong>amb altres edificacions actuals, com el restaurant Molino El Blanco. Tot seguit, la sortida de l&#8217;aigua del mol\u00ed pel <strong>canal de desgu\u00e0s<\/strong> que retornar\u00e0 l&#8217;aigua novament al curs del riu per la part sud.<\/p><p>Sense que tingui relaci\u00f3 amb el mol\u00ed, observem al quadrant sud-est de la fotografia una pista en forma d&#8217;\u201dU\u201d allargada. Correspon a la <strong>pista El Mol\u00ed de curses de llebrers<\/strong> en la modalitat de regats, molt freq\u00fcentada els caps de setmana.<\/p>\t\t\t\t\t\t\t\t<\/div>\n\t\t\t\t<\/div>\n\t\t\t\t<div class=\"elementor-element elementor-element-2c863169 elementor-widget elementor-widget-image\" data-id=\"2c863169\" data-element_type=\"widget\" data-e-type=\"widget\" data-widget_type=\"image.default\">\n\t\t\t\t<div class=\"elementor-widget-container\">\n\t\t\t\t\t\t\t\t\t\t\t\t<figure class=\"wp-caption\">\n\t\t\t\t\t\t\t\t\t\t<img loading=\"lazy\" decoding=\"async\" width=\"768\" height=\"512\" src=\"https:\/\/www.elturistatranquil.com\/wp-content\/uploads\/F04-Molino-El-Blanco-Carrascosa-de-Haro-Google-earth-2024-04-20-B-1.jpg\" class=\"attachment-large size-large wp-image-52284\" alt=\"Molino El Blanco, Carrascosa de Haro (Google earth 2024-04-20) B (1)\" srcset=\"https:\/\/www.elturistatranquil.com\/wp-content\/uploads\/F04-Molino-El-Blanco-Carrascosa-de-Haro-Google-earth-2024-04-20-B-1.jpg 768w, https:\/\/www.elturistatranquil.com\/wp-content\/uploads\/F04-Molino-El-Blanco-Carrascosa-de-Haro-Google-earth-2024-04-20-B-1-339x226.jpg 339w\" sizes=\"(max-width: 768px) 100vw, 768px\" \/>\t\t\t\t\t\t\t\t\t\t\t<figcaption class=\"widget-image-caption wp-caption-text\">Mol\u00ed El Blanco, Carrascosa de Haro (Google earth 2024-04-20)<\/figcaption>\n\t\t\t\t\t\t\t\t\t\t<\/figure>\n\t\t\t\t\t\t\t\t\t<\/div>\n\t\t\t\t<\/div>\n\t\t\t\t<div class=\"elementor-element elementor-element-ec77f39 elementor-widget elementor-widget-heading\" data-id=\"ec77f39\" data-element_type=\"widget\" data-e-type=\"widget\" data-widget_type=\"heading.default\">\n\t\t\t\t<div class=\"elementor-widget-container\">\n\t\t\t\t\t<h2 class=\"elementor-heading-title elementor-size-default\">Una mica d'hist\u00f2ria<\/h2>\t\t\t\t<\/div>\n\t\t\t\t<\/div>\n\t\t\t\t<div class=\"elementor-element elementor-element-4648708 elementor-widget elementor-widget-text-editor\" data-id=\"4648708\" data-element_type=\"widget\" data-e-type=\"widget\" data-widget_type=\"text-editor.default\">\n\t\t\t\t<div class=\"elementor-widget-container\">\n\t\t\t\t\t\t\t\t\t<p>Com s&#8217;ha assenyalat, la necessitat de disposar de farina de cereals -a les nostres terres, blat, ordi, s\u00e8gol o blat de moro-, va for\u00e7ar que, a cada localitat o propera, s&#8217;hagu\u00e9s de disposar d&#8217;un mol\u00ed fariner, aprofitant les possibilitats energ\u00e8tiques de cada zona: animal, e\u00f2lica o hidr\u00e0ulica.<\/p><p>En el cas de Carrascosa de Haro van ser diversos els molins hidr\u00e0ulics que es van instal\u00b7lar seguint la llera del riu Z\u00e1ncara. Un d&#8217;ells va ser el <strong>mol\u00ed El Blanco<\/strong>, del qual es t\u00e9 not\u00edcia des del segle XIV, quan el 1325 Don Juan Manuel. cita al <em>Llibre de la Ca\u00e7a<\/em>, el mol\u00ed de El Blanco al riu Z\u00e1ncara.<\/p><p>Posteriorment, l&#8217;Ordre de Santiago va continuar gestionant el mol\u00ed.<\/p><p>Segons es transcriu a <a href=\"https:\/\/lillodelamancha.wordpress.com\/2023\/12\/30\/molino-de-el-blanco\/\" target=\"_blank\" rel=\"noopener\">Lillodelamancha<\/a>, hi ha una descripci\u00f3 del mol\u00ed El Blanco efectuada el 1783, en \u00e8poca de Carlos III, en qu\u00e8 descriuen tots els detalls de l&#8217;estat del mol\u00ed en aquell moment, i les reparacions necess\u00e0ries per al seu manteniment. De la lectura se&#8217;n despr\u00e8n la continu\u00eftat estructural del mol\u00ed fins a l&#8217;actual.<\/p><p>Ja al segle XX, el 1978, <em>Elida Izquierdo<\/em> i el seu marit <em>Laureano Madrid<\/em> van comprar el mol\u00ed en homenatge i mem\u00f2ria del seu pare, l&#8217;\u00faltim moliner, i on ells havien treballat, amb l&#8217;objectiu de mantenir-lo i poder-lo mostrar a les generacions futures en forma muse\u00eftzada.<\/p><p>Evidentment, ara nom\u00e9s constitueix una rel\u00edquia hist\u00f2rica sense funci\u00f3 productiva, per\u00f2 serveix per mantenir viu un exemple de mol\u00ed hidr\u00e0ulic amb el seu paper hist\u00f2ric i etnogr\u00e0fic fonamental.<\/p>\t\t\t\t\t\t\t\t<\/div>\n\t\t\t\t<\/div>\n\t\t\t\t<div class=\"elementor-element elementor-element-a440774 elementor-widget elementor-widget-heading\" data-id=\"a440774\" data-element_type=\"widget\" data-e-type=\"widget\" data-widget_type=\"heading.default\">\n\t\t\t\t<div class=\"elementor-widget-container\">\n\t\t\t\t\t<h2 class=\"elementor-heading-title elementor-size-default\">Exterior del mol\u00ed<\/h2>\t\t\t\t<\/div>\n\t\t\t\t<\/div>\n\t\t\t\t<div class=\"elementor-element elementor-element-5619c9f7 elementor-widget elementor-widget-heading\" data-id=\"5619c9f7\" data-element_type=\"widget\" data-e-type=\"widget\" data-widget_type=\"heading.default\">\n\t\t\t\t<div class=\"elementor-widget-container\">\n\t\t\t\t\t<h3 class=\"elementor-heading-title elementor-size-default\">L\u2019edifici<\/h3>\t\t\t\t<\/div>\n\t\t\t\t<\/div>\n\t\t\t\t<div class=\"elementor-element elementor-element-67ea137 elementor-widget elementor-widget-text-editor\" data-id=\"67ea137\" data-element_type=\"widget\" data-e-type=\"widget\" data-widget_type=\"text-editor.default\">\n\t\t\t\t<div class=\"elementor-widget-container\">\n\t\t\t\t\t\t\t\t\t<p>La forma de l\u2019edifici \u00e9s la cl\u00e0ssica d\u2019un mol\u00ed hidr\u00e0ulic de riba. Un edifici-pont de planta rectangular amb la coberta de teules a dues aig\u00fces. El que els fa inconfusibles s\u00f3n els <strong>ulls del mol\u00ed<\/strong> de la part inferior, i trobar-se situats sobre un corrent d&#8217;aigua. Per sobre s&#8217;eleven dues plantes.<\/p><p>El <strong>mol\u00ed El Blanco<\/strong> est\u00e0 format per dos cossos adossats que es distingeixen per l&#8217;acabat dels murs. El m\u00e9s gran, amb els ulls, arrebossat per fora, constitueix el cos del mol\u00ed, i a l&#8217;esquerra, en el sentit del curs de l&#8217;aigua, un altre cos m\u00e9s petit de ma\u00e7oneria vista que fa d&#8217;entrada a la sala de m\u00f2lta a la planta baixa i d&#8217;habitatge a la superior.<\/p><p>Els edificis dels molins havien de ser construccions s\u00f2lides, especialment a la part posterior on s&#8217;assenta la bassa i on rep l&#8217;envit de l&#8217;aigua.<\/p>\t\t\t\t\t\t\t\t<\/div>\n\t\t\t\t<\/div>\n\t\t\t\t<div class=\"elementor-element elementor-element-980b57e elementor-widget elementor-widget-image\" data-id=\"980b57e\" data-element_type=\"widget\" data-e-type=\"widget\" data-widget_type=\"image.default\">\n\t\t\t\t<div class=\"elementor-widget-container\">\n\t\t\t\t\t\t\t\t\t\t\t\t<figure class=\"wp-caption\">\n\t\t\t\t\t\t\t\t\t\t<img loading=\"lazy\" decoding=\"async\" width=\"768\" height=\"512\" src=\"https:\/\/www.elturistatranquil.com\/wp-content\/uploads\/F05a-Molino-El-Blanco-Carrascosa-de-Haro.jpg\" class=\"attachment-large size-large wp-image-52286\" alt=\"Molino El Blanco, Carrascosa de Haro\" srcset=\"https:\/\/www.elturistatranquil.com\/wp-content\/uploads\/F05a-Molino-El-Blanco-Carrascosa-de-Haro.jpg 768w, https:\/\/www.elturistatranquil.com\/wp-content\/uploads\/F05a-Molino-El-Blanco-Carrascosa-de-Haro-339x226.jpg 339w\" sizes=\"(max-width: 768px) 100vw, 768px\" \/>\t\t\t\t\t\t\t\t\t\t\t<figcaption class=\"widget-image-caption wp-caption-text\"><\/figcaption>\n\t\t\t\t\t\t\t\t\t\t<\/figure>\n\t\t\t\t\t\t\t\t\t<\/div>\n\t\t\t\t<\/div>\n\t\t\t\t<div class=\"elementor-element elementor-element-57a5299 elementor-widget elementor-widget-image\" data-id=\"57a5299\" data-element_type=\"widget\" data-e-type=\"widget\" data-widget_type=\"image.default\">\n\t\t\t\t<div class=\"elementor-widget-container\">\n\t\t\t\t\t\t\t\t\t\t\t\t<figure class=\"wp-caption\">\n\t\t\t\t\t\t\t\t\t\t<img loading=\"lazy\" decoding=\"async\" width=\"768\" height=\"512\" src=\"https:\/\/www.elturistatranquil.com\/wp-content\/uploads\/F05b-Molino-El-Blanco-Carrascosa-de-Haro.jpg\" class=\"attachment-large size-large wp-image-52291\" alt=\"Molino El Blanco, Carrascosa de Haro\" srcset=\"https:\/\/www.elturistatranquil.com\/wp-content\/uploads\/F05b-Molino-El-Blanco-Carrascosa-de-Haro.jpg 768w, https:\/\/www.elturistatranquil.com\/wp-content\/uploads\/F05b-Molino-El-Blanco-Carrascosa-de-Haro-339x226.jpg 339w\" sizes=\"(max-width: 768px) 100vw, 768px\" \/>\t\t\t\t\t\t\t\t\t\t\t<figcaption class=\"widget-image-caption wp-caption-text\"><\/figcaption>\n\t\t\t\t\t\t\t\t\t\t<\/figure>\n\t\t\t\t\t\t\t\t\t<\/div>\n\t\t\t\t<\/div>\n\t\t\t\t<div class=\"elementor-element elementor-element-0eb35ea elementor-widget elementor-widget-text-editor\" data-id=\"0eb35ea\" data-element_type=\"widget\" data-e-type=\"widget\" data-widget_type=\"text-editor.default\">\n\t\t\t\t<div class=\"elementor-widget-container\">\n\t\t\t\t\t\t\t\t\t<p>Des de la primera planta, o sala de m\u00f2lta, s&#8217;hi accedeix per una escala exterior a la planta superior, on trobarem el torn de cernuda.<\/p>\t\t\t\t\t\t\t\t<\/div>\n\t\t\t\t<\/div>\n\t\t\t\t<div class=\"elementor-element elementor-element-12589de elementor-widget elementor-widget-image\" data-id=\"12589de\" data-element_type=\"widget\" data-e-type=\"widget\" data-widget_type=\"image.default\">\n\t\t\t\t<div class=\"elementor-widget-container\">\n\t\t\t\t\t\t\t\t\t\t\t\t<figure class=\"wp-caption\">\n\t\t\t\t\t\t\t\t\t\t<img loading=\"lazy\" decoding=\"async\" width=\"768\" height=\"512\" src=\"https:\/\/www.elturistatranquil.com\/wp-content\/uploads\/F06-Molino-El-Blanco-Carrascosa-de-Haro.jpg\" class=\"attachment-large size-large wp-image-52293\" alt=\"Molino El Blanco, Carrascosa de Haro\" srcset=\"https:\/\/www.elturistatranquil.com\/wp-content\/uploads\/F06-Molino-El-Blanco-Carrascosa-de-Haro.jpg 768w, https:\/\/www.elturistatranquil.com\/wp-content\/uploads\/F06-Molino-El-Blanco-Carrascosa-de-Haro-339x226.jpg 339w\" sizes=\"(max-width: 768px) 100vw, 768px\" \/>\t\t\t\t\t\t\t\t\t\t\t<figcaption class=\"widget-image-caption wp-caption-text\"><\/figcaption>\n\t\t\t\t\t\t\t\t\t\t<\/figure>\n\t\t\t\t\t\t\t\t\t<\/div>\n\t\t\t\t<\/div>\n\t\t\t\t<div class=\"elementor-element elementor-element-5863d44 elementor-widget elementor-widget-heading\" data-id=\"5863d44\" data-element_type=\"widget\" data-e-type=\"widget\" data-widget_type=\"heading.default\">\n\t\t\t\t<div class=\"elementor-widget-container\">\n\t\t\t\t\t<h3 class=\"elementor-heading-title elementor-size-default\">El canal d\u2019entrada<\/h3>\t\t\t\t<\/div>\n\t\t\t\t<\/div>\n\t\t\t\t<div class=\"elementor-element elementor-element-5b24202 elementor-widget elementor-widget-text-editor\" data-id=\"5b24202\" data-element_type=\"widget\" data-e-type=\"widget\" data-widget_type=\"text-editor.default\">\n\t\t\t\t<div class=\"elementor-widget-container\">\n\t\t\t\t\t\t\t\t\t<p>Per la part posterior arriba el <strong>canal d\u2019entrada<\/strong> (<strong><em>caz<\/em><\/strong>), per on s&#8217;aporta l\u2019aigua, a un nivell superior al que hi ha els carcaus.<\/p>\t\t\t\t\t\t\t\t<\/div>\n\t\t\t\t<\/div>\n\t\t\t\t<div class=\"elementor-element elementor-element-a3ea575 elementor-widget elementor-widget-image\" data-id=\"a3ea575\" data-element_type=\"widget\" data-e-type=\"widget\" data-widget_type=\"image.default\">\n\t\t\t\t<div class=\"elementor-widget-container\">\n\t\t\t\t\t\t\t\t\t\t\t\t<figure class=\"wp-caption\">\n\t\t\t\t\t\t\t\t\t\t<img loading=\"lazy\" decoding=\"async\" width=\"768\" height=\"512\" src=\"https:\/\/www.elturistatranquil.com\/wp-content\/uploads\/F07-Molino-El-Blanco-Carrascosa-de-Haro.jpg\" class=\"attachment-large size-large wp-image-52295\" alt=\"Molino El Blanco, Carrascosa de Haro\" srcset=\"https:\/\/www.elturistatranquil.com\/wp-content\/uploads\/F07-Molino-El-Blanco-Carrascosa-de-Haro.jpg 768w, https:\/\/www.elturistatranquil.com\/wp-content\/uploads\/F07-Molino-El-Blanco-Carrascosa-de-Haro-339x226.jpg 339w\" sizes=\"(max-width: 768px) 100vw, 768px\" \/>\t\t\t\t\t\t\t\t\t\t\t<figcaption class=\"widget-image-caption wp-caption-text\"><\/figcaption>\n\t\t\t\t\t\t\t\t\t\t<\/figure>\n\t\t\t\t\t\t\t\t\t<\/div>\n\t\t\t\t<\/div>\n\t\t\t\t<div class=\"elementor-element elementor-element-81663f7 elementor-widget elementor-widget-text-editor\" data-id=\"81663f7\" data-element_type=\"widget\" data-e-type=\"widget\" data-widget_type=\"text-editor.default\">\n\t\t\t\t<div class=\"elementor-widget-container\">\n\t\t\t\t\t\t\t\t\t<p>Una comporta serveix d&#8217;embornal del nivell de la llera per regular-lo i evitar la inundaci\u00f3 del mol\u00ed i per netejar-lo de troncs i mala herba.<\/p>\t\t\t\t\t\t\t\t<\/div>\n\t\t\t\t<\/div>\n\t\t\t\t<div class=\"elementor-element elementor-element-5cac614 elementor-widget elementor-widget-image\" data-id=\"5cac614\" data-element_type=\"widget\" data-e-type=\"widget\" data-widget_type=\"image.default\">\n\t\t\t\t<div class=\"elementor-widget-container\">\n\t\t\t\t\t\t\t\t\t\t\t\t<figure class=\"wp-caption\">\n\t\t\t\t\t\t\t\t\t\t<img loading=\"lazy\" decoding=\"async\" width=\"768\" height=\"512\" src=\"https:\/\/www.elturistatranquil.com\/wp-content\/uploads\/F08-Molino-El-Blanco-Carrascosa-de-Haro.jpg\" class=\"attachment-large size-large wp-image-52297\" alt=\"Molino El Blanco, Carrascosa de Haro\" srcset=\"https:\/\/www.elturistatranquil.com\/wp-content\/uploads\/F08-Molino-El-Blanco-Carrascosa-de-Haro.jpg 768w, https:\/\/www.elturistatranquil.com\/wp-content\/uploads\/F08-Molino-El-Blanco-Carrascosa-de-Haro-339x226.jpg 339w\" sizes=\"(max-width: 768px) 100vw, 768px\" \/>\t\t\t\t\t\t\t\t\t\t\t<figcaption class=\"widget-image-caption wp-caption-text\"><\/figcaption>\n\t\t\t\t\t\t\t\t\t\t<\/figure>\n\t\t\t\t\t\t\t\t\t<\/div>\n\t\t\t\t<\/div>\n\t\t\t\t<div class=\"elementor-element elementor-element-6b67e3d elementor-widget elementor-widget-image\" data-id=\"6b67e3d\" data-element_type=\"widget\" data-e-type=\"widget\" data-widget_type=\"image.default\">\n\t\t\t\t<div class=\"elementor-widget-container\">\n\t\t\t\t\t\t\t\t\t\t\t\t<figure class=\"wp-caption\">\n\t\t\t\t\t\t\t\t\t\t<img loading=\"lazy\" decoding=\"async\" width=\"768\" height=\"512\" src=\"https:\/\/www.elturistatranquil.com\/wp-content\/uploads\/F09-Molino-El-Blanco-Carrascosa-de-Haro.jpg\" class=\"attachment-large size-large wp-image-52299\" alt=\"Molino El Blanco, Carrascosa de Haro\" srcset=\"https:\/\/www.elturistatranquil.com\/wp-content\/uploads\/F09-Molino-El-Blanco-Carrascosa-de-Haro.jpg 768w, https:\/\/www.elturistatranquil.com\/wp-content\/uploads\/F09-Molino-El-Blanco-Carrascosa-de-Haro-339x226.jpg 339w\" sizes=\"(max-width: 768px) 100vw, 768px\" \/>\t\t\t\t\t\t\t\t\t\t\t<figcaption class=\"widget-image-caption wp-caption-text\"><\/figcaption>\n\t\t\t\t\t\t\t\t\t\t<\/figure>\n\t\t\t\t\t\t\t\t\t<\/div>\n\t\t\t\t<\/div>\n\t\t\t\t<div class=\"elementor-element elementor-element-8a18aac elementor-widget elementor-widget-text-editor\" data-id=\"8a18aac\" data-element_type=\"widget\" data-e-type=\"widget\" data-widget_type=\"text-editor.default\">\n\t\t\t\t<div class=\"elementor-widget-container\">\n\t\t\t\t\t\t\t\t\t<p>Uns 450 metres al nord el mol\u00ed pren l&#8217;aigua del riu Z\u00e1ncara i a trav\u00e9s del canal la porta fins all\u00e0.<\/p>\t\t\t\t\t\t\t\t<\/div>\n\t\t\t\t<\/div>\n\t\t\t\t<div class=\"elementor-element elementor-element-9592d0d elementor-widget elementor-widget-image\" data-id=\"9592d0d\" data-element_type=\"widget\" data-e-type=\"widget\" data-widget_type=\"image.default\">\n\t\t\t\t<div class=\"elementor-widget-container\">\n\t\t\t\t\t\t\t\t\t\t\t\t<figure class=\"wp-caption\">\n\t\t\t\t\t\t\t\t\t\t<img loading=\"lazy\" decoding=\"async\" width=\"768\" height=\"512\" src=\"https:\/\/www.elturistatranquil.com\/wp-content\/uploads\/F10-Molino-El-Blanco-Carrascosa-de-Haro.jpg\" class=\"attachment-large size-large wp-image-52301\" alt=\"Molino El Blanco, Carrascosa de Haro\" srcset=\"https:\/\/www.elturistatranquil.com\/wp-content\/uploads\/F10-Molino-El-Blanco-Carrascosa-de-Haro.jpg 768w, https:\/\/www.elturistatranquil.com\/wp-content\/uploads\/F10-Molino-El-Blanco-Carrascosa-de-Haro-339x226.jpg 339w\" sizes=\"(max-width: 768px) 100vw, 768px\" \/>\t\t\t\t\t\t\t\t\t\t\t<figcaption class=\"widget-image-caption wp-caption-text\"><\/figcaption>\n\t\t\t\t\t\t\t\t\t\t<\/figure>\n\t\t\t\t\t\t\t\t\t<\/div>\n\t\t\t\t<\/div>\n\t\t\t\t<div class=\"elementor-element elementor-element-7314611 elementor-widget elementor-widget-image\" data-id=\"7314611\" data-element_type=\"widget\" data-e-type=\"widget\" data-widget_type=\"image.default\">\n\t\t\t\t<div class=\"elementor-widget-container\">\n\t\t\t\t\t\t\t\t\t\t\t\t<figure class=\"wp-caption\">\n\t\t\t\t\t\t\t\t\t\t<img loading=\"lazy\" decoding=\"async\" width=\"768\" height=\"512\" src=\"https:\/\/www.elturistatranquil.com\/wp-content\/uploads\/F11-Molino-El-Blanco-Carrascosa-de-Haro.jpg\" class=\"attachment-large size-large wp-image-52303\" alt=\"Molino El Blanco, Carrascosa de Haro\" srcset=\"https:\/\/www.elturistatranquil.com\/wp-content\/uploads\/F11-Molino-El-Blanco-Carrascosa-de-Haro.jpg 768w, https:\/\/www.elturistatranquil.com\/wp-content\/uploads\/F11-Molino-El-Blanco-Carrascosa-de-Haro-339x226.jpg 339w\" sizes=\"(max-width: 768px) 100vw, 768px\" \/>\t\t\t\t\t\t\t\t\t\t\t<figcaption class=\"widget-image-caption wp-caption-text\"><\/figcaption>\n\t\t\t\t\t\t\t\t\t\t<\/figure>\n\t\t\t\t\t\t\t\t\t<\/div>\n\t\t\t\t<\/div>\n\t\t\t\t<div class=\"elementor-element elementor-element-92c942b elementor-widget elementor-widget-heading\" data-id=\"92c942b\" data-element_type=\"widget\" data-e-type=\"widget\" data-widget_type=\"heading.default\">\n\t\t\t\t<div class=\"elementor-widget-container\">\n\t\t\t\t\t<h3 class=\"elementor-heading-title elementor-size-default\">El rastell i la bassa o presa<\/h3>\t\t\t\t<\/div>\n\t\t\t\t<\/div>\n\t\t\t\t<div class=\"elementor-element elementor-element-d7dab66 elementor-widget elementor-widget-text-editor\" data-id=\"d7dab66\" data-element_type=\"widget\" data-e-type=\"widget\" data-widget_type=\"text-editor.default\">\n\t\t\t\t<div class=\"elementor-widget-container\">\n\t\t\t\t\t\t\t\t\t<p>Al final del recorregut s&#8217;eixampla formant una <strong>bassa<\/strong> o <strong>presa<\/strong>. A l&#8217;entrada de la bassa, al costat de la comporta de l&#8217;embornal, hi ha instal\u00b7lat un <strong>rasclet<\/strong>, consistent en una estacada de troncs disposats verticalment que deixen passar l&#8217;aigua, per\u00f2 impedeixen que troncs i mala herba arrossegats pel corrent entrin a la bassa i puguin obturar els tubs d\u2019aigua que actua sobre les turbines.<\/p><p>La comporta de l&#8217;<strong>alleujador<\/strong> annex serveix al seu torn per evacuar els troncs i la mala herba que hagin estat detinguts pel rastell.<\/p>\t\t\t\t\t\t\t\t<\/div>\n\t\t\t\t<\/div>\n\t\t\t\t<div class=\"elementor-element elementor-element-d757e9c elementor-widget elementor-widget-image\" data-id=\"d757e9c\" data-element_type=\"widget\" data-e-type=\"widget\" data-widget_type=\"image.default\">\n\t\t\t\t<div class=\"elementor-widget-container\">\n\t\t\t\t\t\t\t\t\t\t\t\t<figure class=\"wp-caption\">\n\t\t\t\t\t\t\t\t\t\t<img loading=\"lazy\" decoding=\"async\" width=\"768\" height=\"512\" src=\"https:\/\/www.elturistatranquil.com\/wp-content\/uploads\/F12-Molino-El-Blanco-Carrascosa-de-Haro.jpg\" class=\"attachment-large size-large wp-image-52305\" alt=\"Molino El Blanco, Carrascosa de Haro\" srcset=\"https:\/\/www.elturistatranquil.com\/wp-content\/uploads\/F12-Molino-El-Blanco-Carrascosa-de-Haro.jpg 768w, https:\/\/www.elturistatranquil.com\/wp-content\/uploads\/F12-Molino-El-Blanco-Carrascosa-de-Haro-339x226.jpg 339w\" sizes=\"(max-width: 768px) 100vw, 768px\" \/>\t\t\t\t\t\t\t\t\t\t\t<figcaption class=\"widget-image-caption wp-caption-text\"><\/figcaption>\n\t\t\t\t\t\t\t\t\t\t<\/figure>\n\t\t\t\t\t\t\t\t\t<\/div>\n\t\t\t\t<\/div>\n\t\t\t\t<div class=\"elementor-element elementor-element-5b1ae46 elementor-widget elementor-widget-text-editor\" data-id=\"5b1ae46\" data-element_type=\"widget\" data-e-type=\"widget\" data-widget_type=\"text-editor.default\">\n\t\t\t\t<div class=\"elementor-widget-container\">\n\t\t\t\t\t\t\t\t\t<p>Al final de la bassa uns tallamars distribueixen l&#8217;aigua cap a les entrades d&#8217;aigua als carcaus i dos t\u00fanels de sobreeixidor.<\/p>\t\t\t\t\t\t\t\t<\/div>\n\t\t\t\t<\/div>\n\t\t\t\t<div class=\"elementor-element elementor-element-77c964d elementor-widget elementor-widget-image\" data-id=\"77c964d\" data-element_type=\"widget\" data-e-type=\"widget\" data-widget_type=\"image.default\">\n\t\t\t\t<div class=\"elementor-widget-container\">\n\t\t\t\t\t\t\t\t\t\t\t\t<figure class=\"wp-caption\">\n\t\t\t\t\t\t\t\t\t\t<img loading=\"lazy\" decoding=\"async\" width=\"768\" height=\"512\" src=\"https:\/\/www.elturistatranquil.com\/wp-content\/uploads\/F13-Molino-El-Blanco-Carrascosa-de-Haro.jpg\" class=\"attachment-large size-large wp-image-52307\" alt=\"Molino El Blanco, Carrascosa de Haro\" srcset=\"https:\/\/www.elturistatranquil.com\/wp-content\/uploads\/F13-Molino-El-Blanco-Carrascosa-de-Haro.jpg 768w, https:\/\/www.elturistatranquil.com\/wp-content\/uploads\/F13-Molino-El-Blanco-Carrascosa-de-Haro-339x226.jpg 339w\" sizes=\"(max-width: 768px) 100vw, 768px\" \/>\t\t\t\t\t\t\t\t\t\t\t<figcaption class=\"widget-image-caption wp-caption-text\"><\/figcaption>\n\t\t\t\t\t\t\t\t\t\t<\/figure>\n\t\t\t\t\t\t\t\t\t<\/div>\n\t\t\t\t<\/div>\n\t\t\t\t<div class=\"elementor-element elementor-element-2d8e793 elementor-widget elementor-widget-heading\" data-id=\"2d8e793\" data-element_type=\"widget\" data-e-type=\"widget\" data-widget_type=\"heading.default\">\n\t\t\t\t<div class=\"elementor-widget-container\">\n\t\t\t\t\t<h3 class=\"elementor-heading-title elementor-size-default\">Els carcaus i el canal de desgu\u00e0s<\/h3>\t\t\t\t<\/div>\n\t\t\t\t<\/div>\n\t\t\t\t<div class=\"elementor-element elementor-element-e14b6a7 elementor-widget elementor-widget-text-editor\" data-id=\"e14b6a7\" data-element_type=\"widget\" data-e-type=\"widget\" data-widget_type=\"text-editor.default\">\n\t\t\t\t<div class=\"elementor-widget-container\">\n\t\t\t\t\t\t\t\t\t<p>Els dos &#8220;ulls&#8221; de l&#8217;esquerra a la fotografia corresponen als buits dels <strong>carcaus<\/strong> en qu\u00e8 se situa un rodet a cadascun allotjat sota l&#8217;edifici. Els altres dos ulls serveixen de sobreeixidor perqu\u00e8 pugui sortir per ells l&#8217;excedent d&#8217;aigua que s&#8217;acumula a la bassa.<\/p>\t\t\t\t\t\t\t\t<\/div>\n\t\t\t\t<\/div>\n\t\t\t\t<div class=\"elementor-element elementor-element-10906ae elementor-widget elementor-widget-image\" data-id=\"10906ae\" data-element_type=\"widget\" data-e-type=\"widget\" data-widget_type=\"image.default\">\n\t\t\t\t<div class=\"elementor-widget-container\">\n\t\t\t\t\t\t\t\t\t\t\t\t<figure class=\"wp-caption\">\n\t\t\t\t\t\t\t\t\t\t<img loading=\"lazy\" decoding=\"async\" width=\"768\" height=\"512\" src=\"https:\/\/www.elturistatranquil.com\/wp-content\/uploads\/F14-Molino-El-Blanco-Carrascosa-de-Haro.jpg\" class=\"attachment-large size-large wp-image-52309\" alt=\"Molino El Blanco, Carrascosa de Haro\" srcset=\"https:\/\/www.elturistatranquil.com\/wp-content\/uploads\/F14-Molino-El-Blanco-Carrascosa-de-Haro.jpg 768w, https:\/\/www.elturistatranquil.com\/wp-content\/uploads\/F14-Molino-El-Blanco-Carrascosa-de-Haro-339x226.jpg 339w\" sizes=\"(max-width: 768px) 100vw, 768px\" \/>\t\t\t\t\t\t\t\t\t\t\t<figcaption class=\"widget-image-caption wp-caption-text\"><\/figcaption>\n\t\t\t\t\t\t\t\t\t\t<\/figure>\n\t\t\t\t\t\t\t\t\t<\/div>\n\t\t\t\t<\/div>\n\t\t\t\t<div class=\"elementor-element elementor-element-b2dfd95 elementor-widget elementor-widget-image\" data-id=\"b2dfd95\" data-element_type=\"widget\" data-e-type=\"widget\" data-widget_type=\"image.default\">\n\t\t\t\t<div class=\"elementor-widget-container\">\n\t\t\t\t\t\t\t\t\t\t\t\t<figure class=\"wp-caption\">\n\t\t\t\t\t\t\t\t\t\t<img loading=\"lazy\" decoding=\"async\" width=\"768\" height=\"512\" src=\"https:\/\/www.elturistatranquil.com\/wp-content\/uploads\/F15-Molino-El-Blanco-Carrascosa-de-Haro.jpg\" class=\"attachment-large size-large wp-image-52311\" alt=\"Molino El Blanco, Carrascosa de Haro\" srcset=\"https:\/\/www.elturistatranquil.com\/wp-content\/uploads\/F15-Molino-El-Blanco-Carrascosa-de-Haro.jpg 768w, https:\/\/www.elturistatranquil.com\/wp-content\/uploads\/F15-Molino-El-Blanco-Carrascosa-de-Haro-339x226.jpg 339w\" sizes=\"(max-width: 768px) 100vw, 768px\" \/>\t\t\t\t\t\t\t\t\t\t\t<figcaption class=\"widget-image-caption wp-caption-text\"><\/figcaption>\n\t\t\t\t\t\t\t\t\t\t<\/figure>\n\t\t\t\t\t\t\t\t\t<\/div>\n\t\t\t\t<\/div>\n\t\t\t\t<div class=\"elementor-element elementor-element-7d3c8ee elementor-widget elementor-widget-heading\" data-id=\"7d3c8ee\" data-element_type=\"widget\" data-e-type=\"widget\" data-widget_type=\"heading.default\">\n\t\t\t\t<div class=\"elementor-widget-container\">\n\t\t\t\t\t<h2 class=\"elementor-heading-title elementor-size-default\">Interior del mol\u00ed<\/h2>\t\t\t\t<\/div>\n\t\t\t\t<\/div>\n\t\t\t\t<div class=\"elementor-element elementor-element-7a31635 elementor-widget elementor-widget-heading\" data-id=\"7a31635\" data-element_type=\"widget\" data-e-type=\"widget\" data-widget_type=\"heading.default\">\n\t\t\t\t<div class=\"elementor-widget-container\">\n\t\t\t\t\t<h3 class=\"elementor-heading-title elementor-size-default\">Sala de recepci\u00f3 i magatzem de gra<\/h3>\t\t\t\t<\/div>\n\t\t\t\t<\/div>\n\t\t\t\t<div class=\"elementor-element elementor-element-5d6f9c2 elementor-widget elementor-widget-text-editor\" data-id=\"5d6f9c2\" data-element_type=\"widget\" data-e-type=\"widget\" data-widget_type=\"text-editor.default\">\n\t\t\t\t<div class=\"elementor-widget-container\">\n\t\t\t\t\t\t\t\t\t<p>S&#8217;hi entra per una gran sala que era el lloc de recepci\u00f3 del gra i de recollida de la farina.<\/p><p>Per les parets es troben distribu\u00efts diferents utensilis vinculats a les tasques de transport i manipulaci\u00f3 dels cereals.<\/p>\t\t\t\t\t\t\t\t<\/div>\n\t\t\t\t<\/div>\n\t\t\t\t<div class=\"elementor-element elementor-element-461b0eb elementor-widget elementor-widget-image\" data-id=\"461b0eb\" data-element_type=\"widget\" data-e-type=\"widget\" data-widget_type=\"image.default\">\n\t\t\t\t<div class=\"elementor-widget-container\">\n\t\t\t\t\t\t\t\t\t\t\t\t<figure class=\"wp-caption\">\n\t\t\t\t\t\t\t\t\t\t<img loading=\"lazy\" decoding=\"async\" width=\"768\" height=\"512\" src=\"https:\/\/www.elturistatranquil.com\/wp-content\/uploads\/F16-Molino-El-Blanco-Carrascosa-de-Haro.jpg\" class=\"attachment-large size-large wp-image-52313\" alt=\"Molino El Blanco, Carrascosa de Haro\" srcset=\"https:\/\/www.elturistatranquil.com\/wp-content\/uploads\/F16-Molino-El-Blanco-Carrascosa-de-Haro.jpg 768w, https:\/\/www.elturistatranquil.com\/wp-content\/uploads\/F16-Molino-El-Blanco-Carrascosa-de-Haro-339x226.jpg 339w\" sizes=\"(max-width: 768px) 100vw, 768px\" \/>\t\t\t\t\t\t\t\t\t\t\t<figcaption class=\"widget-image-caption wp-caption-text\"><\/figcaption>\n\t\t\t\t\t\t\t\t\t\t<\/figure>\n\t\t\t\t\t\t\t\t\t<\/div>\n\t\t\t\t<\/div>\n\t\t\t\t<div class=\"elementor-element elementor-element-ba802c9 elementor-widget elementor-widget-image\" data-id=\"ba802c9\" data-element_type=\"widget\" data-e-type=\"widget\" data-widget_type=\"image.default\">\n\t\t\t\t<div class=\"elementor-widget-container\">\n\t\t\t\t\t\t\t\t\t\t\t\t<figure class=\"wp-caption\">\n\t\t\t\t\t\t\t\t\t\t<img loading=\"lazy\" decoding=\"async\" width=\"768\" height=\"512\" src=\"https:\/\/www.elturistatranquil.com\/wp-content\/uploads\/F17-Molino-El-Blanco-Carrascosa-de-Haro.jpg\" class=\"attachment-large size-large wp-image-52318\" alt=\"Molino El Blanco, Carrascosa de Haro\" srcset=\"https:\/\/www.elturistatranquil.com\/wp-content\/uploads\/F17-Molino-El-Blanco-Carrascosa-de-Haro.jpg 768w, https:\/\/www.elturistatranquil.com\/wp-content\/uploads\/F17-Molino-El-Blanco-Carrascosa-de-Haro-339x226.jpg 339w\" sizes=\"(max-width: 768px) 100vw, 768px\" \/>\t\t\t\t\t\t\t\t\t\t\t<figcaption class=\"widget-image-caption wp-caption-text\"><\/figcaption>\n\t\t\t\t\t\t\t\t\t\t<\/figure>\n\t\t\t\t\t\t\t\t\t<\/div>\n\t\t\t\t<\/div>\n\t\t\t\t<div class=\"elementor-element elementor-element-dd6a486 elementor-widget elementor-widget-heading\" data-id=\"dd6a486\" data-element_type=\"widget\" data-e-type=\"widget\" data-widget_type=\"heading.default\">\n\t\t\t\t<div class=\"elementor-widget-container\">\n\t\t\t\t\t<h3 class=\"elementor-heading-title elementor-size-default\">Sala de m\u00f2lta<\/h3>\t\t\t\t<\/div>\n\t\t\t\t<\/div>\n\t\t\t\t<div class=\"elementor-element elementor-element-c8f32e1 elementor-widget elementor-widget-text-editor\" data-id=\"c8f32e1\" data-element_type=\"widget\" data-e-type=\"widget\" data-widget_type=\"text-editor.default\">\n\t\t\t\t<div class=\"elementor-widget-container\">\n\t\t\t\t\t\t\t\t\t<p>En travessar la porta de recepci\u00f3 entrem a la <strong>sala de m\u00f2lta<\/strong>.<\/p>\t\t\t\t\t\t\t\t<\/div>\n\t\t\t\t<\/div>\n\t\t\t\t<div class=\"elementor-element elementor-element-1ffa390 elementor-widget elementor-widget-image\" data-id=\"1ffa390\" data-element_type=\"widget\" data-e-type=\"widget\" data-widget_type=\"image.default\">\n\t\t\t\t<div class=\"elementor-widget-container\">\n\t\t\t\t\t\t\t\t\t\t\t\t<figure class=\"wp-caption\">\n\t\t\t\t\t\t\t\t\t\t<img loading=\"lazy\" decoding=\"async\" width=\"768\" height=\"512\" src=\"https:\/\/www.elturistatranquil.com\/wp-content\/uploads\/F18-Molino-El-Blanco-Carrascosa-de-Haro.jpg\" class=\"attachment-large size-large wp-image-52320\" alt=\"Molino El Blanco, Carrascosa de Haro\" srcset=\"https:\/\/www.elturistatranquil.com\/wp-content\/uploads\/F18-Molino-El-Blanco-Carrascosa-de-Haro.jpg 768w, https:\/\/www.elturistatranquil.com\/wp-content\/uploads\/F18-Molino-El-Blanco-Carrascosa-de-Haro-339x226.jpg 339w\" sizes=\"(max-width: 768px) 100vw, 768px\" \/>\t\t\t\t\t\t\t\t\t\t\t<figcaption class=\"widget-image-caption wp-caption-text\"><\/figcaption>\n\t\t\t\t\t\t\t\t\t\t<\/figure>\n\t\t\t\t\t\t\t\t\t<\/div>\n\t\t\t\t<\/div>\n\t\t\t\t<div class=\"elementor-element elementor-element-5d71790 elementor-widget elementor-widget-image\" data-id=\"5d71790\" data-element_type=\"widget\" data-e-type=\"widget\" data-widget_type=\"image.default\">\n\t\t\t\t<div class=\"elementor-widget-container\">\n\t\t\t\t\t\t\t\t\t\t\t\t<figure class=\"wp-caption\">\n\t\t\t\t\t\t\t\t\t\t<img loading=\"lazy\" decoding=\"async\" width=\"768\" height=\"512\" src=\"https:\/\/www.elturistatranquil.com\/wp-content\/uploads\/F19-Molino-El-Blanco-Carrascosa-de-Haro.jpg\" class=\"attachment-large size-large wp-image-52322\" alt=\"Molino El Blanco, Carrascosa de Haro\" srcset=\"https:\/\/www.elturistatranquil.com\/wp-content\/uploads\/F19-Molino-El-Blanco-Carrascosa-de-Haro.jpg 768w, https:\/\/www.elturistatranquil.com\/wp-content\/uploads\/F19-Molino-El-Blanco-Carrascosa-de-Haro-339x226.jpg 339w\" sizes=\"(max-width: 768px) 100vw, 768px\" \/>\t\t\t\t\t\t\t\t\t\t\t<figcaption class=\"widget-image-caption wp-caption-text\"><\/figcaption>\n\t\t\t\t\t\t\t\t\t\t<\/figure>\n\t\t\t\t\t\t\t\t\t<\/div>\n\t\t\t\t<\/div>\n\t\t\t\t<div class=\"elementor-element elementor-element-5166ec22 elementor-widget elementor-widget-heading\" data-id=\"5166ec22\" data-element_type=\"widget\" data-e-type=\"widget\" data-widget_type=\"heading.default\">\n\t\t\t\t<div class=\"elementor-widget-container\">\n\t\t\t\t\t<h5 class=\"elementor-heading-title elementor-size-default\">La m\u00e0quina netejadora<\/h5>\t\t\t\t<\/div>\n\t\t\t\t<\/div>\n\t\t\t\t<div class=\"elementor-element elementor-element-e8234df elementor-widget elementor-widget-text-editor\" data-id=\"e8234df\" data-element_type=\"widget\" data-e-type=\"widget\" data-widget_type=\"text-editor.default\">\n\t\t\t\t<div class=\"elementor-widget-container\">\n\t\t\t\t\t\t\t\t\t<p>Abans de procedir a la m\u00f2lta s&#8217;havia de preparar el gra. En una <strong>m\u00e0quina netejadora<\/strong> es netejava el cereal de possibles restes de terra, pols o palla i es mullava per estovar-lo i aconseguir aix\u00ed una millor trituraci\u00f3 i separaci\u00f3 entre les capes. A m\u00e9s, aportava una durabilitat m\u00e9s gran de les pedres de m\u00f2lta.<\/p><p>En aquesta primera fotografia, davant de la m\u00e0quina de netejar apareixen dues canonades. Per elles es despla\u00e7aven uns cat\u00fafols que pugen cap a la planta superior on trobarem la m\u00e0quina de cernut que veurem m\u00e9s endavant.<\/p>\t\t\t\t\t\t\t\t<\/div>\n\t\t\t\t<\/div>\n\t\t\t\t<div class=\"elementor-element elementor-element-d87f853 elementor-widget elementor-widget-image\" data-id=\"d87f853\" data-element_type=\"widget\" data-e-type=\"widget\" data-widget_type=\"image.default\">\n\t\t\t\t<div class=\"elementor-widget-container\">\n\t\t\t\t\t\t\t\t\t\t\t\t<figure class=\"wp-caption\">\n\t\t\t\t\t\t\t\t\t\t<img loading=\"lazy\" decoding=\"async\" width=\"398\" height=\"590\" src=\"https:\/\/www.elturistatranquil.com\/wp-content\/uploads\/F20-Molino-El-Blanco-Carrascosa-de-Haro.jpg\" class=\"attachment-large size-large wp-image-52324\" alt=\"Molino El Blanco, Carrascosa de Haro\" srcset=\"https:\/\/www.elturistatranquil.com\/wp-content\/uploads\/F20-Molino-El-Blanco-Carrascosa-de-Haro.jpg 398w, https:\/\/www.elturistatranquil.com\/wp-content\/uploads\/F20-Molino-El-Blanco-Carrascosa-de-Haro-152x226.jpg 152w\" sizes=\"(max-width: 398px) 100vw, 398px\" \/>\t\t\t\t\t\t\t\t\t\t\t<figcaption class=\"widget-image-caption wp-caption-text\"><\/figcaption>\n\t\t\t\t\t\t\t\t\t\t<\/figure>\n\t\t\t\t\t\t\t\t\t<\/div>\n\t\t\t\t<\/div>\n\t\t\t\t<div class=\"elementor-element elementor-element-4d280c4 elementor-widget elementor-widget-image\" data-id=\"4d280c4\" data-element_type=\"widget\" data-e-type=\"widget\" data-widget_type=\"image.default\">\n\t\t\t\t<div class=\"elementor-widget-container\">\n\t\t\t\t\t\t\t\t\t\t\t\t<figure class=\"wp-caption\">\n\t\t\t\t\t\t\t\t\t\t<img loading=\"lazy\" decoding=\"async\" width=\"768\" height=\"512\" src=\"https:\/\/www.elturistatranquil.com\/wp-content\/uploads\/F21-Molino-El-Blanco-Carrascosa-de-Haro.jpg\" class=\"attachment-large size-large wp-image-52326\" alt=\"Molino El Blanco, Carrascosa de Haro\" srcset=\"https:\/\/www.elturistatranquil.com\/wp-content\/uploads\/F21-Molino-El-Blanco-Carrascosa-de-Haro.jpg 768w, https:\/\/www.elturistatranquil.com\/wp-content\/uploads\/F21-Molino-El-Blanco-Carrascosa-de-Haro-339x226.jpg 339w\" sizes=\"(max-width: 768px) 100vw, 768px\" \/>\t\t\t\t\t\t\t\t\t\t\t<figcaption class=\"widget-image-caption wp-caption-text\"><\/figcaption>\n\t\t\t\t\t\t\t\t\t\t<\/figure>\n\t\t\t\t\t\t\t\t\t<\/div>\n\t\t\t\t<\/div>\n\t\t\t\t<div class=\"elementor-element elementor-element-510e24c elementor-widget elementor-widget-heading\" data-id=\"510e24c\" data-element_type=\"widget\" data-e-type=\"widget\" data-widget_type=\"heading.default\">\n\t\t\t\t<div class=\"elementor-widget-container\">\n\t\t\t\t\t<h5 class=\"elementor-heading-title elementor-size-default\">La m\u00f2lta i la seva maquin\u00e0ria: el mol\u00ed<\/h5>\t\t\t\t<\/div>\n\t\t\t\t<\/div>\n\t\t\t\t<div class=\"elementor-element elementor-element-b4419b2 elementor-widget elementor-widget-text-editor\" data-id=\"b4419b2\" data-element_type=\"widget\" data-e-type=\"widget\" data-widget_type=\"text-editor.default\">\n\t\t\t\t<div class=\"elementor-widget-container\">\n\t\t\t\t\t\t\t\t\t<p>Al <strong>mol\u00ed El Blanco<\/strong> es mostrava aquest dibuix on apareixen els elements estructurals b\u00e0sics d&#8217;aquest tipus de molins de roda, sense incloure la netejadora que acabem de veure.<\/p><p>Seguint el dibuix podrem anar observant el seu aspecte real a la maquin\u00e0ria del <strong>mol\u00ed El Blanco<\/strong>.<\/p>\t\t\t\t\t\t\t\t<\/div>\n\t\t\t\t<\/div>\n\t\t\t\t<div class=\"elementor-element elementor-element-ef66452 elementor-widget elementor-widget-image\" data-id=\"ef66452\" data-element_type=\"widget\" data-e-type=\"widget\" data-widget_type=\"image.default\">\n\t\t\t\t<div class=\"elementor-widget-container\">\n\t\t\t\t\t\t\t\t\t\t\t\t<figure class=\"wp-caption\">\n\t\t\t\t\t\t\t\t\t\t<img loading=\"lazy\" decoding=\"async\" width=\"768\" height=\"512\" src=\"https:\/\/www.elturistatranquil.com\/wp-content\/uploads\/F22-Molino-de-rodezno.jpg\" class=\"attachment-large size-large wp-image-52331\" alt=\"Molino de rodezno\" srcset=\"https:\/\/www.elturistatranquil.com\/wp-content\/uploads\/F22-Molino-de-rodezno.jpg 768w, https:\/\/www.elturistatranquil.com\/wp-content\/uploads\/F22-Molino-de-rodezno-339x226.jpg 339w\" sizes=\"(max-width: 768px) 100vw, 768px\" \/>\t\t\t\t\t\t\t\t\t\t\t<figcaption class=\"widget-image-caption wp-caption-text\"><\/figcaption>\n\t\t\t\t\t\t\t\t\t\t<\/figure>\n\t\t\t\t\t\t\t\t\t<\/div>\n\t\t\t\t<\/div>\n\t\t\t\t<div class=\"elementor-element elementor-element-e022bde elementor-widget elementor-widget-text-editor\" data-id=\"e022bde\" data-element_type=\"widget\" data-e-type=\"widget\" data-widget_type=\"text-editor.default\">\n\t\t\t\t<div class=\"elementor-widget-container\">\n\t\t\t\t\t\t\t\t\t<p>La <strong>maquin\u00e0ria del mol\u00ed<\/strong> pr\u00f2piament dita est\u00e0 formada per quatre parts essencials: el <strong>rodet<\/strong> (<strong><em>rodezno<\/em><\/strong>); les <strong>pedres de m\u00f2lta<\/strong> o <strong>mola de mol\u00ed<\/strong>, la <strong>tremuja<\/strong> i el <strong>cernedor<\/strong>.<\/p><p>Aquesta \u00e9s la fase en qu\u00e8 es produeix la m\u00f2lta del gra triturant-lo en fer-ho passar entre dues pesades pedres circulars superposades, on la superior (<strong>pedra volandera<\/strong>) gira rotat\u00f2riament sobre una altra fixa (<strong>pedra sotana<\/strong>) assentada al <strong>bancal<\/strong> del mol\u00ed. Per sobre, des de la <strong>tremuja<\/strong>, es va aportant el gra a l&#8217;interior de les pedres o moles.<\/p><p>Aquest moviment rotatori es produeix per l&#8217;acci\u00f3 de l&#8217;aigua sobre el <strong>rodet<\/strong> al qual est\u00e0 unida per un eix (<strong>arbre<\/strong>) la pedra volandera.<\/p>\t\t\t\t\t\t\t\t<\/div>\n\t\t\t\t<\/div>\n\t\t\t\t<div class=\"elementor-element elementor-element-eb41c88 elementor-widget elementor-widget-heading\" data-id=\"eb41c88\" data-element_type=\"widget\" data-e-type=\"widget\" data-widget_type=\"heading.default\">\n\t\t\t\t<div class=\"elementor-widget-container\">\n\t\t\t\t\t<h5 class=\"elementor-heading-title elementor-size-default\">El rodet <\/h5>\t\t\t\t<\/div>\n\t\t\t\t<\/div>\n\t\t\t\t<div class=\"elementor-element elementor-element-15a3dbb elementor-widget elementor-widget-text-editor\" data-id=\"15a3dbb\" data-element_type=\"widget\" data-e-type=\"widget\" data-widget_type=\"text-editor.default\">\n\t\t\t\t<div class=\"elementor-widget-container\">\n\t\t\t\t\t\t\t\t\t<p>El <strong>rodet<\/strong> (<strong><em>rodezno<\/em><\/strong>) o <strong>turbina<\/strong> \u00e9s una roda amb una corona circular composta de <strong>pales<\/strong> o <strong>\u00e0leps<\/strong>. Sobre aquestes pales es fa incidir un doll d&#8217;aigua a velocitat i volum suficient per fer moure el rodet i la mola. En aquesta operaci\u00f3, \u00e9s m\u00e9s important la velocitat que el cabal d&#8217;aigua.<\/p>\t\t\t\t\t\t\t\t<\/div>\n\t\t\t\t<\/div>\n\t\t\t\t<section class=\"elementor-section elementor-inner-section elementor-element elementor-element-3083c1e elementor-section-boxed elementor-section-height-default elementor-section-height-default\" data-id=\"3083c1e\" data-element_type=\"section\" data-e-type=\"section\">\n\t\t\t\t\t\t<div class=\"elementor-container elementor-column-gap-default\">\n\t\t\t\t\t<div class=\"elementor-column elementor-col-50 elementor-inner-column elementor-element elementor-element-07a2cf8\" data-id=\"07a2cf8\" data-element_type=\"column\" data-e-type=\"column\">\n\t\t\t<div class=\"elementor-widget-wrap elementor-element-populated\">\n\t\t\t\t\t\t<div class=\"elementor-element elementor-element-71f4aab elementor-widget elementor-widget-image\" data-id=\"71f4aab\" data-element_type=\"widget\" data-e-type=\"widget\" data-widget_type=\"image.default\">\n\t\t\t\t<div class=\"elementor-widget-container\">\n\t\t\t\t\t\t\t\t\t\t\t\t<figure class=\"wp-caption\">\n\t\t\t\t\t\t\t\t\t\t<img loading=\"lazy\" decoding=\"async\" width=\"380\" height=\"380\" src=\"https:\/\/www.elturistatranquil.com\/wp-content\/uploads\/F23m-Rodezno-de-palas.jpg\" class=\"attachment-large size-large wp-image-52333\" alt=\"Rodezno de palas\" srcset=\"https:\/\/www.elturistatranquil.com\/wp-content\/uploads\/F23m-Rodezno-de-palas.jpg 380w, https:\/\/www.elturistatranquil.com\/wp-content\/uploads\/F23m-Rodezno-de-palas-226x226.jpg 226w\" sizes=\"(max-width: 380px) 100vw, 380px\" \/>\t\t\t\t\t\t\t\t\t\t\t<figcaption class=\"widget-image-caption wp-caption-text\">Rodet de pales<\/figcaption>\n\t\t\t\t\t\t\t\t\t\t<\/figure>\n\t\t\t\t\t\t\t\t\t<\/div>\n\t\t\t\t<\/div>\n\t\t\t\t\t<\/div>\n\t\t<\/div>\n\t\t\t\t<div class=\"elementor-column elementor-col-50 elementor-inner-column elementor-element elementor-element-139aa17\" data-id=\"139aa17\" data-element_type=\"column\" data-e-type=\"column\">\n\t\t\t<div class=\"elementor-widget-wrap elementor-element-populated\">\n\t\t\t\t\t\t<div class=\"elementor-element elementor-element-e59488e elementor-widget elementor-widget-image\" data-id=\"e59488e\" data-element_type=\"widget\" data-e-type=\"widget\" data-widget_type=\"image.default\">\n\t\t\t\t<div class=\"elementor-widget-container\">\n\t\t\t\t\t\t\t\t\t\t\t\t<figure class=\"wp-caption\">\n\t\t\t\t\t\t\t\t\t\t<img loading=\"lazy\" decoding=\"async\" width=\"380\" height=\"380\" src=\"https:\/\/www.elturistatranquil.com\/wp-content\/uploads\/F23n-Rodezno-de-alabes.jpg\" class=\"attachment-large size-large wp-image-52335\" alt=\"Rodezno de alabes\" srcset=\"https:\/\/www.elturistatranquil.com\/wp-content\/uploads\/F23n-Rodezno-de-alabes.jpg 380w, https:\/\/www.elturistatranquil.com\/wp-content\/uploads\/F23n-Rodezno-de-alabes-226x226.jpg 226w\" sizes=\"(max-width: 380px) 100vw, 380px\" \/>\t\t\t\t\t\t\t\t\t\t\t<figcaption class=\"widget-image-caption wp-caption-text\">Rodet d'\u00e0leps<\/figcaption>\n\t\t\t\t\t\t\t\t\t\t<\/figure>\n\t\t\t\t\t\t\t\t\t<\/div>\n\t\t\t\t<\/div>\n\t\t\t\t\t<\/div>\n\t\t<\/div>\n\t\t\t\t\t<\/div>\n\t\t<\/section>\n\t\t\t\t<div class=\"elementor-element elementor-element-d9f0aae elementor-widget elementor-widget-text-editor\" data-id=\"d9f0aae\" data-element_type=\"widget\" data-e-type=\"widget\" data-widget_type=\"text-editor.default\">\n\t\t\t\t<div class=\"elementor-widget-container\">\n\t\t\t\t\t\t\t\t\t<p>\u00a0<\/p><p>El doll d&#8217;aigua procedeix de la <strong>bassa<\/strong> o <strong>cub<\/strong> de pressi\u00f3 que es troba situada a la part posterior de l&#8217;edifici. A trav\u00e9s d&#8217;una <strong>canonada<\/strong> o <strong>presa<\/strong> es fa incidir obliquament el raig d&#8217;aigua sobre les pales amb un pendent de 2\/3.<\/p><p>Per la literatura que he consultat sembla que el desnivell de l&#8217;aigua per accionar aquest tipus de molins oscil\u00b7lava entre els 5 i els 12 metres i, preferentment, entre els 8 i els 9 metres. S\u00f3n desnivells relativament modestos que permeten que amb petites s\u00e8quies ubicar un mol\u00ed aprofitant el pendent natural del riu.<\/p>\t\t\t\t\t\t\t\t<\/div>\n\t\t\t\t<\/div>\n\t\t\t\t<div class=\"elementor-element elementor-element-f01697c elementor-widget elementor-widget-image\" data-id=\"f01697c\" data-element_type=\"widget\" data-e-type=\"widget\" data-widget_type=\"image.default\">\n\t\t\t\t<div class=\"elementor-widget-container\">\n\t\t\t\t\t\t\t\t\t\t\t\t<figure class=\"wp-caption\">\n\t\t\t\t\t\t\t\t\t\t<img loading=\"lazy\" decoding=\"async\" width=\"768\" height=\"512\" src=\"https:\/\/www.elturistatranquil.com\/wp-content\/uploads\/F24-Molino-El-Blanco-Carrascosa-de-Haro.jpg\" class=\"attachment-large size-large wp-image-52337\" alt=\"Molino El Blanco, Carrascosa de Haro\" srcset=\"https:\/\/www.elturistatranquil.com\/wp-content\/uploads\/F24-Molino-El-Blanco-Carrascosa-de-Haro.jpg 768w, https:\/\/www.elturistatranquil.com\/wp-content\/uploads\/F24-Molino-El-Blanco-Carrascosa-de-Haro-339x226.jpg 339w\" sizes=\"(max-width: 768px) 100vw, 768px\" \/>\t\t\t\t\t\t\t\t\t\t\t<figcaption class=\"widget-image-caption wp-caption-text\"><\/figcaption>\n\t\t\t\t\t\t\t\t\t\t<\/figure>\n\t\t\t\t\t\t\t\t\t<\/div>\n\t\t\t\t<\/div>\n\t\t\t\t<div class=\"elementor-element elementor-element-dd36b48 elementor-widget elementor-widget-text-editor\" data-id=\"dd36b48\" data-element_type=\"widget\" data-e-type=\"widget\" data-widget_type=\"text-editor.default\">\n\t\t\t\t<div class=\"elementor-widget-container\">\n\t\t\t\t\t\t\t\t\t<p>Una <strong>comporta<\/strong> o <strong>pany<\/strong> accionada des de la sala de m\u00f2lta regula el doll d&#8217;aigua per aconseguir la velocitat de gir adequada de la mola.<\/p><p>Del centre del rodet s&#8217;eleva un <strong>eix<\/strong> o <strong>arbre<\/strong> que s&#8217;acobla a la roda volandera de forma directa, fent-la girar a la mateixa velocitat que el rodet.<\/p><p>L&#8217;eix del rodet es recolza sobre una biga de fusta o de ferro, anomenat <strong>banc<\/strong>, que t\u00e9 la particularitat que pot ser mogut verticalment per un extrem (<strong>llevador<\/strong>), elevant o baixant el punt de suport de l&#8217;arbre que, en estar acoblat a la mola volandera, possibilita modificar la dist\u00e0ncia de separaci\u00f3 entre moles (alleugeriment) i, aix\u00ed, ajustar el gruix de la m\u00f2lta. El llevador s&#8217;acciona des de la sala de m\u00f2lta al costat del mol\u00ed.<\/p>\t\t\t\t\t\t\t\t<\/div>\n\t\t\t\t<\/div>\n\t\t\t\t<div class=\"elementor-element elementor-element-3c8c94f elementor-widget elementor-widget-image\" data-id=\"3c8c94f\" data-element_type=\"widget\" data-e-type=\"widget\" data-widget_type=\"image.default\">\n\t\t\t\t<div class=\"elementor-widget-container\">\n\t\t\t\t\t\t\t\t\t\t\t\t<figure class=\"wp-caption\">\n\t\t\t\t\t\t\t\t\t\t<img loading=\"lazy\" decoding=\"async\" width=\"768\" height=\"512\" src=\"https:\/\/www.elturistatranquil.com\/wp-content\/uploads\/F25-Molino-El-Blanco-Carrascosa-de-Haro.jpg\" class=\"attachment-large size-large wp-image-52342\" alt=\"Molino El Blanco, Carrascosa de Haro\" srcset=\"https:\/\/www.elturistatranquil.com\/wp-content\/uploads\/F25-Molino-El-Blanco-Carrascosa-de-Haro.jpg 768w, https:\/\/www.elturistatranquil.com\/wp-content\/uploads\/F25-Molino-El-Blanco-Carrascosa-de-Haro-339x226.jpg 339w\" sizes=\"(max-width: 768px) 100vw, 768px\" \/>\t\t\t\t\t\t\t\t\t\t\t<figcaption class=\"widget-image-caption wp-caption-text\"><\/figcaption>\n\t\t\t\t\t\t\t\t\t\t<\/figure>\n\t\t\t\t\t\t\t\t\t<\/div>\n\t\t\t\t<\/div>\n\t\t\t\t<div class=\"elementor-element elementor-element-6fdb0c4 elementor-widget elementor-widget-text-editor\" data-id=\"6fdb0c4\" data-element_type=\"widget\" data-e-type=\"widget\" data-widget_type=\"text-editor.default\">\n\t\t\t\t<div class=\"elementor-widget-container\">\n\t\t\t\t\t\t\t\t\t<p>Al mol\u00ed El Blanco s&#8217;observa entre el rodet i les moles una altra roda adossada a l&#8217;arbre, que gira sense funci\u00f3 aparent. Sembla com si fos un volant d&#8217;in\u00e8rcia per estabilitzar la velocitat de gir de la roda.<\/p>\t\t\t\t\t\t\t\t<\/div>\n\t\t\t\t<\/div>\n\t\t\t\t<div class=\"elementor-element elementor-element-26ecdcf elementor-widget elementor-widget-image\" data-id=\"26ecdcf\" data-element_type=\"widget\" data-e-type=\"widget\" data-widget_type=\"image.default\">\n\t\t\t\t<div class=\"elementor-widget-container\">\n\t\t\t\t\t\t\t\t\t\t\t\t<figure class=\"wp-caption\">\n\t\t\t\t\t\t\t\t\t\t<img loading=\"lazy\" decoding=\"async\" width=\"768\" height=\"512\" src=\"https:\/\/www.elturistatranquil.com\/wp-content\/uploads\/F26-Molino-El-Blanco-Carrascosa-de-Haro.jpg\" class=\"attachment-large size-large wp-image-52344\" alt=\"Molino El Blanco, Carrascosa de Haro\" srcset=\"https:\/\/www.elturistatranquil.com\/wp-content\/uploads\/F26-Molino-El-Blanco-Carrascosa-de-Haro.jpg 768w, https:\/\/www.elturistatranquil.com\/wp-content\/uploads\/F26-Molino-El-Blanco-Carrascosa-de-Haro-339x226.jpg 339w\" sizes=\"(max-width: 768px) 100vw, 768px\" \/>\t\t\t\t\t\t\t\t\t\t\t<figcaption class=\"widget-image-caption wp-caption-text\"><\/figcaption>\n\t\t\t\t\t\t\t\t\t\t<\/figure>\n\t\t\t\t\t\t\t\t\t<\/div>\n\t\t\t\t<\/div>\n\t\t\t\t<div class=\"elementor-element elementor-element-90774ce elementor-widget elementor-widget-heading\" data-id=\"90774ce\" data-element_type=\"widget\" data-e-type=\"widget\" data-widget_type=\"heading.default\">\n\t\t\t\t<div class=\"elementor-widget-container\">\n\t\t\t\t\t<h5 class=\"elementor-heading-title elementor-size-default\">La bancada i les moles<\/h5>\t\t\t\t<\/div>\n\t\t\t\t<\/div>\n\t\t\t\t<div class=\"elementor-element elementor-element-0915f29 elementor-widget elementor-widget-text-editor\" data-id=\"0915f29\" data-element_type=\"widget\" data-e-type=\"widget\" data-widget_type=\"text-editor.default\">\n\t\t\t\t<div class=\"elementor-widget-container\">\n\t\t\t\t\t\t\t\t\t<p>A la sala de m\u00f2lta cadascun dels dos molins es munta sobre una <strong>bancada<\/strong> o <strong>taula de m\u00f2lta<\/strong> (<strong><em>alfange<\/em><\/strong>).<\/p><p>Sobre la bancada es fixa la <strong>pedra sotana<\/strong> i, sobre aquesta, la <strong>pedra volandera<\/strong>. Les dues pedres estan tancades en un <strong>guardapols<\/strong> de fusta, on es recull la farina que surt entre les dues pedres.<\/p><p>Pel centre de les pedres passa l&#8217;<strong>arbre<\/strong>. Per la inferior la fa a trav\u00e9s de la <strong>boixa<\/strong> que permet girar l&#8217;eix que puja fins a la pedra volandera per\u00f2 que impedeix que el gra que entra s&#8217;escapi per aquest orifici.<\/p><p>L&#8217;arbre que sobresurt s&#8217;acobla a la pedra volandera per transmetre el gir del rodet.<\/p><p>La part inferior de la bancada \u00e9s oberta, cosa que permet al moliner veure tots els elements de la maquin\u00e0ria de l&#8217;interior fins al rodet.<\/p>\t\t\t\t\t\t\t\t<\/div>\n\t\t\t\t<\/div>\n\t\t\t\t<div class=\"elementor-element elementor-element-c7321fd elementor-widget elementor-widget-image\" data-id=\"c7321fd\" data-element_type=\"widget\" data-e-type=\"widget\" data-widget_type=\"image.default\">\n\t\t\t\t<div class=\"elementor-widget-container\">\n\t\t\t\t\t\t\t\t\t\t\t\t<figure class=\"wp-caption\">\n\t\t\t\t\t\t\t\t\t\t<img loading=\"lazy\" decoding=\"async\" width=\"768\" height=\"512\" src=\"https:\/\/www.elturistatranquil.com\/wp-content\/uploads\/F19-Molino-El-Blanco-Carrascosa-de-Haro.jpg\" class=\"attachment-large size-large wp-image-52322\" alt=\"Molino El Blanco, Carrascosa de Haro\" srcset=\"https:\/\/www.elturistatranquil.com\/wp-content\/uploads\/F19-Molino-El-Blanco-Carrascosa-de-Haro.jpg 768w, https:\/\/www.elturistatranquil.com\/wp-content\/uploads\/F19-Molino-El-Blanco-Carrascosa-de-Haro-339x226.jpg 339w\" sizes=\"(max-width: 768px) 100vw, 768px\" \/>\t\t\t\t\t\t\t\t\t\t\t<figcaption class=\"widget-image-caption wp-caption-text\"><\/figcaption>\n\t\t\t\t\t\t\t\t\t\t<\/figure>\n\t\t\t\t\t\t\t\t\t<\/div>\n\t\t\t\t<\/div>\n\t\t\t\t<div class=\"elementor-element elementor-element-b090da2 elementor-widget elementor-widget-heading\" data-id=\"b090da2\" data-element_type=\"widget\" data-e-type=\"widget\" data-widget_type=\"heading.default\">\n\t\t\t\t<div class=\"elementor-widget-container\">\n\t\t\t\t\t<h5 class=\"elementor-heading-title elementor-size-default\">La tremuja<\/h5>\t\t\t\t<\/div>\n\t\t\t\t<\/div>\n\t\t\t\t<div class=\"elementor-element elementor-element-0792055 elementor-widget elementor-widget-text-editor\" data-id=\"0792055\" data-element_type=\"widget\" data-e-type=\"widget\" data-widget_type=\"text-editor.default\">\n\t\t\t\t<div class=\"elementor-widget-container\">\n\t\t\t\t\t\t\t\t\t<p>A la part superior un calaix piramidal constitueix la <strong>tremuja<\/strong> on el moliner aboca el gra per a la seva m\u00f2lta. S&#8217;hi accedeix per una escala que puja fins a la part posterior.<\/p><p>La tremuja aboca el gra a la <strong>canaleta<\/strong> que el porta fins a una obertura cil\u00edndrica que t\u00e9 la roda volandera al seu centre (<strong><em>ojal<\/em><\/strong>) pel qual va penetrant el gra.<\/p>\t\t\t\t\t\t\t\t<\/div>\n\t\t\t\t<\/div>\n\t\t\t\t<div class=\"elementor-element elementor-element-c466a97 elementor-widget elementor-widget-image\" data-id=\"c466a97\" data-element_type=\"widget\" data-e-type=\"widget\" data-widget_type=\"image.default\">\n\t\t\t\t<div class=\"elementor-widget-container\">\n\t\t\t\t\t\t\t\t\t\t\t\t<figure class=\"wp-caption\">\n\t\t\t\t\t\t\t\t\t\t<img loading=\"lazy\" decoding=\"async\" width=\"768\" height=\"512\" src=\"https:\/\/www.elturistatranquil.com\/wp-content\/uploads\/F28-Molino-El-Blanco-Carrascosa-de-Haro.jpg\" class=\"attachment-large size-large wp-image-52346\" alt=\"Molino El Blanco, Carrascosa de Haro\" srcset=\"https:\/\/www.elturistatranquil.com\/wp-content\/uploads\/F28-Molino-El-Blanco-Carrascosa-de-Haro.jpg 768w, https:\/\/www.elturistatranquil.com\/wp-content\/uploads\/F28-Molino-El-Blanco-Carrascosa-de-Haro-339x226.jpg 339w\" sizes=\"(max-width: 768px) 100vw, 768px\" \/>\t\t\t\t\t\t\t\t\t\t\t<figcaption class=\"widget-image-caption wp-caption-text\"><\/figcaption>\n\t\t\t\t\t\t\t\t\t\t<\/figure>\n\t\t\t\t\t\t\t\t\t<\/div>\n\t\t\t\t<\/div>\n\t\t\t\t<div class=\"elementor-element elementor-element-a90e70b elementor-widget elementor-widget-text-editor\" data-id=\"a90e70b\" data-element_type=\"widget\" data-e-type=\"widget\" data-widget_type=\"text-editor.default\">\n\t\t\t\t<div class=\"elementor-widget-container\">\n\t\t\t\t\t\t\t\t\t<p>En aquest mol\u00ed veiem que l&#8217;arbre s&#8217;est\u00e9n sobre la pedra amb un prisma quadrangular de fusta acoblat a ell a l&#8217;al\u00e7ada de la canaleta. Serveix perqu\u00e8, amb el gir del prisma, cada v\u00e8rtex colpegi r\u00edtmicament la canaleta, activant el descens del gra des de la tremuja.<\/p>\t\t\t\t\t\t\t\t<\/div>\n\t\t\t\t<\/div>\n\t\t\t\t<div class=\"elementor-element elementor-element-b528f07 elementor-widget elementor-widget-image\" data-id=\"b528f07\" data-element_type=\"widget\" data-e-type=\"widget\" data-widget_type=\"image.default\">\n\t\t\t\t<div class=\"elementor-widget-container\">\n\t\t\t\t\t\t\t\t\t\t\t\t<figure class=\"wp-caption\">\n\t\t\t\t\t\t\t\t\t\t<img loading=\"lazy\" decoding=\"async\" width=\"768\" height=\"512\" src=\"https:\/\/www.elturistatranquil.com\/wp-content\/uploads\/F29-Molino-El-Blanco-Carrascosa-de-Haro.jpg\" class=\"attachment-large size-large wp-image-52348\" alt=\"Molino El Blanco, Carrascosa de Haro\" srcset=\"https:\/\/www.elturistatranquil.com\/wp-content\/uploads\/F29-Molino-El-Blanco-Carrascosa-de-Haro.jpg 768w, https:\/\/www.elturistatranquil.com\/wp-content\/uploads\/F29-Molino-El-Blanco-Carrascosa-de-Haro-339x226.jpg 339w\" sizes=\"(max-width: 768px) 100vw, 768px\" \/>\t\t\t\t\t\t\t\t\t\t\t<figcaption class=\"widget-image-caption wp-caption-text\"><\/figcaption>\n\t\t\t\t\t\t\t\t\t\t<\/figure>\n\t\t\t\t\t\t\t\t\t<\/div>\n\t\t\t\t<\/div>\n\t\t\t\t<div class=\"elementor-element elementor-element-7e6d833 elementor-widget elementor-widget-heading\" data-id=\"7e6d833\" data-element_type=\"widget\" data-e-type=\"widget\" data-widget_type=\"heading.default\">\n\t\t\t\t<div class=\"elementor-widget-container\">\n\t\t\t\t\t<h5 class=\"elementor-heading-title elementor-size-default\">Les pedres, rodes o moles<\/h5>\t\t\t\t<\/div>\n\t\t\t\t<\/div>\n\t\t\t\t<div class=\"elementor-element elementor-element-67770c9 elementor-widget elementor-widget-text-editor\" data-id=\"67770c9\" data-element_type=\"widget\" data-e-type=\"widget\" data-widget_type=\"text-editor.default\">\n\t\t\t\t<div class=\"elementor-widget-container\">\n\t\t\t\t\t\t\t\t\t<p>Les <strong>pedres<\/strong>, <strong>rodes<\/strong> o <strong>moles de mol\u00ed<\/strong> s\u00f3n pedres cil\u00edndriques d&#8217;una sola pe\u00e7a, generalment de pedra sorrenca dura o de granit, de poc gruix amb relaci\u00f3 al seu di\u00e0metre, d&#8217;uns 120\/180 cent\u00edmetres de di\u00e0metre i uns 20 cent\u00edmetres de gruix, a les que s&#8217;han practicat uns estriats (<strong>repicat<\/strong>) en sentit radial per les quals llisca el cereal a moldre i es distribueix sobre la superf\u00edcie provocant el trencament i l&#8217;esclafament de cada gra.<\/p><p>El moviment giratori produeix una for\u00e7a centr\u00edfuga que va despla\u00e7ant la molta cap a l&#8217;exterior, i ser\u00e0 recollida al guardapols.<\/p><p>La velocitat adequada de gir de les pedres es troba a 60 i 120 revolucions per minut. La velocitat no es pot augmentar indefinidament per evitar que la for\u00e7a centr\u00edfuga faci sortir el gra sense triturar.<\/p><p>Com ja hem vist, el moliner pot modificar la separaci\u00f3 entre les pedres (<strong>alleugeriment<\/strong>) i la velocitat de gir. Aix\u00ed mateix, tamb\u00e9 haur\u00e0 decidit amb anterioritat el dibuix de l&#8217;entallat dels moles.<\/p><p>En aquesta pedra de la fotografia es veuen els estriats de m\u00f2lta, la obertura del centre i els buits de fixaci\u00f3 de l&#8217;arbre a la roda.<\/p><p>La pedra col\u00b7locada al terra de l&#8217;entrada sembla una pedra solera, amb un redu\u00eft buit central on se situaria la <strong>boixa<\/strong>.<\/p>\t\t\t\t\t\t\t\t<\/div>\n\t\t\t\t<\/div>\n\t\t\t\t<section class=\"elementor-section elementor-inner-section elementor-element elementor-element-d9a509d elementor-section-boxed elementor-section-height-default elementor-section-height-default\" data-id=\"d9a509d\" data-element_type=\"section\" data-e-type=\"section\">\n\t\t\t\t\t\t<div class=\"elementor-container elementor-column-gap-default\">\n\t\t\t\t\t<div class=\"elementor-column elementor-col-50 elementor-inner-column elementor-element elementor-element-3ebfafd\" data-id=\"3ebfafd\" data-element_type=\"column\" data-e-type=\"column\">\n\t\t\t<div class=\"elementor-widget-wrap elementor-element-populated\">\n\t\t\t\t\t\t<div class=\"elementor-element elementor-element-a667862 elementor-widget elementor-widget-image\" data-id=\"a667862\" data-element_type=\"widget\" data-e-type=\"widget\" data-widget_type=\"image.default\">\n\t\t\t\t<div class=\"elementor-widget-container\">\n\t\t\t\t\t\t\t\t\t\t\t\t\t\t\t<img loading=\"lazy\" decoding=\"async\" width=\"380\" height=\"380\" src=\"https:\/\/www.elturistatranquil.com\/wp-content\/uploads\/F30m-Rueda-o-piedra-de-molino.jpg\" class=\"attachment-large size-large wp-image-52353\" alt=\"Rueda o piedra de molino\" srcset=\"https:\/\/www.elturistatranquil.com\/wp-content\/uploads\/F30m-Rueda-o-piedra-de-molino.jpg 380w, https:\/\/www.elturistatranquil.com\/wp-content\/uploads\/F30m-Rueda-o-piedra-de-molino-226x226.jpg 226w\" sizes=\"(max-width: 380px) 100vw, 380px\" \/>\t\t\t\t\t\t\t\t\t\t\t\t\t\t\t<\/div>\n\t\t\t\t<\/div>\n\t\t\t\t\t<\/div>\n\t\t<\/div>\n\t\t\t\t<div class=\"elementor-column elementor-col-50 elementor-inner-column elementor-element elementor-element-97049ea\" data-id=\"97049ea\" data-element_type=\"column\" data-e-type=\"column\">\n\t\t\t<div class=\"elementor-widget-wrap elementor-element-populated\">\n\t\t\t\t\t\t<div class=\"elementor-element elementor-element-308a64a elementor-widget elementor-widget-image\" data-id=\"308a64a\" data-element_type=\"widget\" data-e-type=\"widget\" data-widget_type=\"image.default\">\n\t\t\t\t<div class=\"elementor-widget-container\">\n\t\t\t\t\t\t\t\t\t\t\t\t\t\t\t<img loading=\"lazy\" decoding=\"async\" width=\"380\" height=\"380\" src=\"https:\/\/www.elturistatranquil.com\/wp-content\/uploads\/F30n-Rueda-o-piedra-de-molino.jpg\" class=\"attachment-large size-large wp-image-52355\" alt=\"Rueda o piedra de molino\" srcset=\"https:\/\/www.elturistatranquil.com\/wp-content\/uploads\/F30n-Rueda-o-piedra-de-molino.jpg 380w, https:\/\/www.elturistatranquil.com\/wp-content\/uploads\/F30n-Rueda-o-piedra-de-molino-226x226.jpg 226w\" sizes=\"(max-width: 380px) 100vw, 380px\" \/>\t\t\t\t\t\t\t\t\t\t\t\t\t\t\t<\/div>\n\t\t\t\t<\/div>\n\t\t\t\t\t<\/div>\n\t\t<\/div>\n\t\t\t\t\t<\/div>\n\t\t<\/section>\n\t\t\t\t<div class=\"elementor-element elementor-element-dc5a856 elementor-widget elementor-widget-heading\" data-id=\"dc5a856\" data-element_type=\"widget\" data-e-type=\"widget\" data-widget_type=\"heading.default\">\n\t\t\t\t<div class=\"elementor-widget-container\">\n\t\t\t\t\t<h5 class=\"elementor-heading-title elementor-size-default\">La grua o cabra<\/h5>\t\t\t\t<\/div>\n\t\t\t\t<\/div>\n\t\t\t\t<div class=\"elementor-element elementor-element-ce71141 elementor-widget elementor-widget-text-editor\" data-id=\"ce71141\" data-element_type=\"widget\" data-e-type=\"widget\" data-widget_type=\"text-editor.default\">\n\t\t\t\t<div class=\"elementor-widget-container\">\n\t\t\t\t\t\t\t\t\t<p>La pedra volandera havia de moure&#8217;s peri\u00f2dicament per facilitar la neteja i el repic de les estriats. Per facilitar aquesta tasca, es disposava al costat d&#8217;una estructura girat\u00f2ria en forma de \u201cforca\u201d, la <strong>cabra<\/strong>, de la qual penjava una tenalla formada per dos bra\u00e7os corbats que s&#8217;aplicava sobre la pedra volandera, la pin\u00e7ava, l&#8217;elevava, i la despla\u00e7ava cap a l&#8217;exterior, deixant visibles i accessibles les dues cares interiors de les pedres per ser rehabilitades, repicant-les per reparar el desgast. La grua se situava entre els dos molins per a ser utilitzada indistintament en tots dos.<\/p><p>La forma semicircular de la tenassa de la c\u00e0bria permetia voltejar f\u00e0cilment la pedra volandera per poder repicar-la amb facilitat.<\/p>\t\t\t\t\t\t\t\t<\/div>\n\t\t\t\t<\/div>\n\t\t\t\t<div class=\"elementor-element elementor-element-fe7bfdd elementor-widget elementor-widget-image\" data-id=\"fe7bfdd\" data-element_type=\"widget\" data-e-type=\"widget\" data-widget_type=\"image.default\">\n\t\t\t\t<div class=\"elementor-widget-container\">\n\t\t\t\t\t\t\t\t\t\t\t\t<figure class=\"wp-caption\">\n\t\t\t\t\t\t\t\t\t\t<img loading=\"lazy\" decoding=\"async\" width=\"768\" height=\"512\" src=\"https:\/\/www.elturistatranquil.com\/wp-content\/uploads\/F32-Molino-El-Blanco-Carrascosa-de-Haro.jpg\" class=\"attachment-large size-large wp-image-52357\" alt=\"Molino El Blanco, Carrascosa de Haro\" srcset=\"https:\/\/www.elturistatranquil.com\/wp-content\/uploads\/F32-Molino-El-Blanco-Carrascosa-de-Haro.jpg 768w, https:\/\/www.elturistatranquil.com\/wp-content\/uploads\/F32-Molino-El-Blanco-Carrascosa-de-Haro-339x226.jpg 339w\" sizes=\"(max-width: 768px) 100vw, 768px\" \/>\t\t\t\t\t\t\t\t\t\t\t<figcaption class=\"widget-image-caption wp-caption-text\"><\/figcaption>\n\t\t\t\t\t\t\t\t\t\t<\/figure>\n\t\t\t\t\t\t\t\t\t<\/div>\n\t\t\t\t<\/div>\n\t\t\t\t<div class=\"elementor-element elementor-element-391322f elementor-widget elementor-widget-text-editor\" data-id=\"391322f\" data-element_type=\"widget\" data-e-type=\"widget\" data-widget_type=\"text-editor.default\">\n\t\t\t\t<div class=\"elementor-widget-container\">\n\t\t\t\t\t\t\t\t\t<p>La m\u00f2lta es recollia en un dip\u00f2sit de farina (<strong>farinera<\/strong>) i es traslladava a un <strong>cernedor<\/strong> per separar la farina del seg\u00f3..<\/p><p>Aix\u00ed acabava el proc\u00e9s de m\u00f2lta.<\/p><p>A les dues sales d&#8217;aquesta planta del mol\u00ed El Blanco s&#8217;han col\u00b7locat diversos objectes i eines vinculats al proc\u00e9s de m\u00f2lta aportant una informaci\u00f3 muse\u00edstica etnogr\u00e0fica al conjunt.<\/p>\t\t\t\t\t\t\t\t<\/div>\n\t\t\t\t<\/div>\n\t\t\t\t<div class=\"elementor-element elementor-element-5e17bbb elementor-widget elementor-widget-image\" data-id=\"5e17bbb\" data-element_type=\"widget\" data-e-type=\"widget\" data-widget_type=\"image.default\">\n\t\t\t\t<div class=\"elementor-widget-container\">\n\t\t\t\t\t\t\t\t\t\t\t\t<figure class=\"wp-caption\">\n\t\t\t\t\t\t\t\t\t\t<img loading=\"lazy\" decoding=\"async\" width=\"768\" height=\"512\" src=\"https:\/\/www.elturistatranquil.com\/wp-content\/uploads\/F33-Molino-El-Blanco-Carrascosa-de-Haro.jpg\" class=\"attachment-large size-large wp-image-52359\" alt=\"Molino El Blanco, Carrascosa de Haro\" srcset=\"https:\/\/www.elturistatranquil.com\/wp-content\/uploads\/F33-Molino-El-Blanco-Carrascosa-de-Haro.jpg 768w, https:\/\/www.elturistatranquil.com\/wp-content\/uploads\/F33-Molino-El-Blanco-Carrascosa-de-Haro-339x226.jpg 339w\" sizes=\"(max-width: 768px) 100vw, 768px\" \/>\t\t\t\t\t\t\t\t\t\t\t<figcaption class=\"widget-image-caption wp-caption-text\"><\/figcaption>\n\t\t\t\t\t\t\t\t\t\t<\/figure>\n\t\t\t\t\t\t\t\t\t<\/div>\n\t\t\t\t<\/div>\n\t\t\t\t<div class=\"elementor-element elementor-element-b5b4931 elementor-widget elementor-widget-image\" data-id=\"b5b4931\" data-element_type=\"widget\" data-e-type=\"widget\" data-widget_type=\"image.default\">\n\t\t\t\t<div class=\"elementor-widget-container\">\n\t\t\t\t\t\t\t\t\t\t\t\t<figure class=\"wp-caption\">\n\t\t\t\t\t\t\t\t\t\t<img loading=\"lazy\" decoding=\"async\" width=\"768\" height=\"512\" src=\"https:\/\/www.elturistatranquil.com\/wp-content\/uploads\/F34-Molino-El-Blanco-Carrascosa-de-Haro.jpg\" class=\"attachment-large size-large wp-image-52361\" alt=\"Molino El Blanco, Carrascosa de Haro\" srcset=\"https:\/\/www.elturistatranquil.com\/wp-content\/uploads\/F34-Molino-El-Blanco-Carrascosa-de-Haro.jpg 768w, https:\/\/www.elturistatranquil.com\/wp-content\/uploads\/F34-Molino-El-Blanco-Carrascosa-de-Haro-339x226.jpg 339w\" sizes=\"(max-width: 768px) 100vw, 768px\" \/>\t\t\t\t\t\t\t\t\t\t\t<figcaption class=\"widget-image-caption wp-caption-text\"><\/figcaption>\n\t\t\t\t\t\t\t\t\t\t<\/figure>\n\t\t\t\t\t\t\t\t\t<\/div>\n\t\t\t\t<\/div>\n\t\t\t\t<div class=\"elementor-element elementor-element-456ed8f elementor-widget elementor-widget-heading\" data-id=\"456ed8f\" data-element_type=\"widget\" data-e-type=\"widget\" data-widget_type=\"heading.default\">\n\t\t\t\t<div class=\"elementor-widget-container\">\n\t\t\t\t\t<h3 class=\"elementor-heading-title elementor-size-default\">Sala de cernut<\/h3>\t\t\t\t<\/div>\n\t\t\t\t<\/div>\n\t\t\t\t<div class=\"elementor-element elementor-element-a9ce701 elementor-widget elementor-widget-text-editor\" data-id=\"a9ce701\" data-element_type=\"widget\" data-e-type=\"widget\" data-widget_type=\"text-editor.default\">\n\t\t\t\t<div class=\"elementor-widget-container\">\n\t\t\t\t\t\t\t\t\t<p>Ja al segle XX, en aquest mol\u00ed es va instal\u00b7lar a la planta superior un <strong>torn de cernut<\/strong> mec\u00e0nic.<\/p><p>Una escala exterior situada al fons de la sala de m\u00f2lta dona acc\u00e9s directe a la sala de cernut.<\/p>\t\t\t\t\t\t\t\t<\/div>\n\t\t\t\t<\/div>\n\t\t\t\t<div class=\"elementor-element elementor-element-7ba7b95 elementor-widget elementor-widget-image\" data-id=\"7ba7b95\" data-element_type=\"widget\" data-e-type=\"widget\" data-widget_type=\"image.default\">\n\t\t\t\t<div class=\"elementor-widget-container\">\n\t\t\t\t\t\t\t\t\t\t\t\t<figure class=\"wp-caption\">\n\t\t\t\t\t\t\t\t\t\t<img loading=\"lazy\" decoding=\"async\" width=\"768\" height=\"512\" src=\"https:\/\/www.elturistatranquil.com\/wp-content\/uploads\/F35-Molino-El-Blanco-Carrascosa-de-Haro.jpg\" class=\"attachment-large size-large wp-image-52366\" alt=\"Molino El Blanco, Carrascosa de Haro\" srcset=\"https:\/\/www.elturistatranquil.com\/wp-content\/uploads\/F35-Molino-El-Blanco-Carrascosa-de-Haro.jpg 768w, https:\/\/www.elturistatranquil.com\/wp-content\/uploads\/F35-Molino-El-Blanco-Carrascosa-de-Haro-339x226.jpg 339w\" sizes=\"(max-width: 768px) 100vw, 768px\" \/>\t\t\t\t\t\t\t\t\t\t\t<figcaption class=\"widget-image-caption wp-caption-text\"><\/figcaption>\n\t\t\t\t\t\t\t\t\t\t<\/figure>\n\t\t\t\t\t\t\t\t\t<\/div>\n\t\t\t\t<\/div>\n\t\t\t\t<div class=\"elementor-element elementor-element-1461f96 elementor-widget elementor-widget-image\" data-id=\"1461f96\" data-element_type=\"widget\" data-e-type=\"widget\" data-widget_type=\"image.default\">\n\t\t\t\t<div class=\"elementor-widget-container\">\n\t\t\t\t\t\t\t\t\t\t\t\t<figure class=\"wp-caption\">\n\t\t\t\t\t\t\t\t\t\t<img loading=\"lazy\" decoding=\"async\" width=\"768\" height=\"512\" src=\"https:\/\/www.elturistatranquil.com\/wp-content\/uploads\/F36-Molino-El-Blanco-Carrascosa-de-Haro.jpg\" class=\"attachment-large size-large wp-image-52368\" alt=\"Molino El Blanco, Carrascosa de Haro\" srcset=\"https:\/\/www.elturistatranquil.com\/wp-content\/uploads\/F36-Molino-El-Blanco-Carrascosa-de-Haro.jpg 768w, https:\/\/www.elturistatranquil.com\/wp-content\/uploads\/F36-Molino-El-Blanco-Carrascosa-de-Haro-339x226.jpg 339w\" sizes=\"(max-width: 768px) 100vw, 768px\" \/>\t\t\t\t\t\t\t\t\t\t\t<figcaption class=\"widget-image-caption wp-caption-text\"><\/figcaption>\n\t\t\t\t\t\t\t\t\t\t<\/figure>\n\t\t\t\t\t\t\t\t\t<\/div>\n\t\t\t\t<\/div>\n\t\t\t\t<div class=\"elementor-element elementor-element-cf41653 elementor-widget elementor-widget-text-editor\" data-id=\"cf41653\" data-element_type=\"widget\" data-e-type=\"widget\" data-widget_type=\"text-editor.default\">\n\t\t\t\t<div class=\"elementor-widget-container\">\n\t\t\t\t\t\t\t\t\t<p>Des de la sortida del mol\u00ed s&#8217;elevava la farina fins al <strong>torn de cernut<\/strong> mitjan\u00e7ant una <strong>cadena de cat\u00fafols<\/strong>. En una de les primeres fotografies de la sala de m\u00f2lta hem vist l&#8217;inici de la canonada per on es desplacen els cat\u00fafols. Aqu\u00ed veiem com continua el trajecte fins al cernedor.<\/p>\t\t\t\t\t\t\t\t<\/div>\n\t\t\t\t<\/div>\n\t\t\t\t<div class=\"elementor-element elementor-element-289f648 elementor-widget elementor-widget-image\" data-id=\"289f648\" data-element_type=\"widget\" data-e-type=\"widget\" data-widget_type=\"image.default\">\n\t\t\t\t<div class=\"elementor-widget-container\">\n\t\t\t\t\t\t\t\t\t\t\t\t<figure class=\"wp-caption\">\n\t\t\t\t\t\t\t\t\t\t<img loading=\"lazy\" decoding=\"async\" width=\"768\" height=\"512\" src=\"https:\/\/www.elturistatranquil.com\/wp-content\/uploads\/F37-Molino-El-Blanco-Carrascosa-de-Haro.jpg\" class=\"attachment-large size-large wp-image-52370\" alt=\"Molino El Blanco, Carrascosa de Haro\" srcset=\"https:\/\/www.elturistatranquil.com\/wp-content\/uploads\/F37-Molino-El-Blanco-Carrascosa-de-Haro.jpg 768w, https:\/\/www.elturistatranquil.com\/wp-content\/uploads\/F37-Molino-El-Blanco-Carrascosa-de-Haro-339x226.jpg 339w\" sizes=\"(max-width: 768px) 100vw, 768px\" \/>\t\t\t\t\t\t\t\t\t\t\t<figcaption class=\"widget-image-caption wp-caption-text\"><\/figcaption>\n\t\t\t\t\t\t\t\t\t\t<\/figure>\n\t\t\t\t\t\t\t\t\t<\/div>\n\t\t\t\t<\/div>\n\t\t\t\t<div class=\"elementor-element elementor-element-dbae55f elementor-widget elementor-widget-image\" data-id=\"dbae55f\" data-element_type=\"widget\" data-e-type=\"widget\" data-widget_type=\"image.default\">\n\t\t\t\t<div class=\"elementor-widget-container\">\n\t\t\t\t\t\t\t\t\t\t\t\t<figure class=\"wp-caption\">\n\t\t\t\t\t\t\t\t\t\t<img loading=\"lazy\" decoding=\"async\" width=\"768\" height=\"512\" src=\"https:\/\/www.elturistatranquil.com\/wp-content\/uploads\/F38-Molino-El-Blanco-Carrascosa-de-Haro.jpg\" class=\"attachment-large size-large wp-image-52372\" alt=\"Molino El Blanco, Carrascosa de Haro\" srcset=\"https:\/\/www.elturistatranquil.com\/wp-content\/uploads\/F38-Molino-El-Blanco-Carrascosa-de-Haro.jpg 768w, https:\/\/www.elturistatranquil.com\/wp-content\/uploads\/F38-Molino-El-Blanco-Carrascosa-de-Haro-339x226.jpg 339w\" sizes=\"(max-width: 768px) 100vw, 768px\" \/>\t\t\t\t\t\t\t\t\t\t\t<figcaption class=\"widget-image-caption wp-caption-text\"><\/figcaption>\n\t\t\t\t\t\t\t\t\t\t<\/figure>\n\t\t\t\t\t\t\t\t\t<\/div>\n\t\t\t\t<\/div>\n\t\t\t\t<div class=\"elementor-element elementor-element-bd52e18 elementor-widget elementor-widget-text-editor\" data-id=\"bd52e18\" data-element_type=\"widget\" data-e-type=\"widget\" data-widget_type=\"text-editor.default\">\n\t\t\t\t<div class=\"elementor-widget-container\">\n\t\t\t\t\t\t\t\t\t<p>La farina es despla\u00e7ava al llarg del torn embolicat amb <strong>teles de sed\u00e0s<\/strong>. En el recorregut per l&#8217;interior d&#8217;aquesta m\u00e0quina s&#8217;anaven separant per gruixos els components de la farina, els m\u00e9s fins al principi fins al seg\u00f3 (la pellofa) al final del recorregut.<\/p><p>Al seu estat actual nom\u00e9s s&#8217;observa l&#8217;estructura del torn, sense els cernedors.<\/p>\t\t\t\t\t\t\t\t<\/div>\n\t\t\t\t<\/div>\n\t\t\t\t<div class=\"elementor-element elementor-element-e13eef3 elementor-widget elementor-widget-image\" data-id=\"e13eef3\" data-element_type=\"widget\" data-e-type=\"widget\" data-widget_type=\"image.default\">\n\t\t\t\t<div class=\"elementor-widget-container\">\n\t\t\t\t\t\t\t\t\t\t\t\t<figure class=\"wp-caption\">\n\t\t\t\t\t\t\t\t\t\t<img loading=\"lazy\" decoding=\"async\" width=\"768\" height=\"512\" src=\"https:\/\/www.elturistatranquil.com\/wp-content\/uploads\/F39-Molino-El-Blanco-Carrascosa-de-Haro.jpg\" class=\"attachment-large size-large wp-image-52374\" alt=\"Molino El Blanco, Carrascosa de Haro\" srcset=\"https:\/\/www.elturistatranquil.com\/wp-content\/uploads\/F39-Molino-El-Blanco-Carrascosa-de-Haro.jpg 768w, https:\/\/www.elturistatranquil.com\/wp-content\/uploads\/F39-Molino-El-Blanco-Carrascosa-de-Haro-339x226.jpg 339w\" sizes=\"(max-width: 768px) 100vw, 768px\" \/>\t\t\t\t\t\t\t\t\t\t\t<figcaption class=\"widget-image-caption wp-caption-text\"><\/figcaption>\n\t\t\t\t\t\t\t\t\t\t<\/figure>\n\t\t\t\t\t\t\t\t\t<\/div>\n\t\t\t\t<\/div>\n\t\t\t\t<div class=\"elementor-element elementor-element-a40230a elementor-widget elementor-widget-text-editor\" data-id=\"a40230a\" data-element_type=\"widget\" data-e-type=\"widget\" data-widget_type=\"text-editor.default\">\n\t\t\t\t<div class=\"elementor-widget-container\">\n\t\t\t\t\t\t\t\t\t<p>A cada tram una tremuja recollia la part seleccionada i, a trav\u00e9s d&#8217;unes <strong>m\u00e0negues<\/strong>, caient per gravetat a la sala de m\u00f2lta, on eren <strong>ensacades<\/strong>.<\/p><p>Un \u00fanic moliner podia fer totes les tasques, des del netejat, l&#8217;alimentaci\u00f3 dels molins i l&#8217;ensacat, des de la mateixa sala.<\/p>\t\t\t\t\t\t\t\t<\/div>\n\t\t\t\t<\/div>\n\t\t\t\t<div class=\"elementor-element elementor-element-fabd412 elementor-widget elementor-widget-image\" data-id=\"fabd412\" data-element_type=\"widget\" data-e-type=\"widget\" data-widget_type=\"image.default\">\n\t\t\t\t<div class=\"elementor-widget-container\">\n\t\t\t\t\t\t\t\t\t\t\t\t<figure class=\"wp-caption\">\n\t\t\t\t\t\t\t\t\t\t<img loading=\"lazy\" decoding=\"async\" width=\"768\" height=\"512\" src=\"https:\/\/www.elturistatranquil.com\/wp-content\/uploads\/F40-Molino-El-Blanco-Carrascosa-de-Haro.jpg\" class=\"attachment-large size-large wp-image-52376\" alt=\"Molino El Blanco, Carrascosa de Haro\" srcset=\"https:\/\/www.elturistatranquil.com\/wp-content\/uploads\/F40-Molino-El-Blanco-Carrascosa-de-Haro.jpg 768w, https:\/\/www.elturistatranquil.com\/wp-content\/uploads\/F40-Molino-El-Blanco-Carrascosa-de-Haro-339x226.jpg 339w\" sizes=\"(max-width: 768px) 100vw, 768px\" \/>\t\t\t\t\t\t\t\t\t\t\t<figcaption class=\"widget-image-caption wp-caption-text\"><\/figcaption>\n\t\t\t\t\t\t\t\t\t\t<\/figure>\n\t\t\t\t\t\t\t\t\t<\/div>\n\t\t\t\t<\/div>\n\t\t\t\t<div class=\"elementor-element elementor-element-24b6441 elementor-widget elementor-widget-heading\" data-id=\"24b6441\" data-element_type=\"widget\" data-e-type=\"widget\" data-widget_type=\"heading.default\">\n\t\t\t\t<div class=\"elementor-widget-container\">\n\t\t\t\t\t<h2 class=\"elementor-heading-title elementor-size-default\">El pagament de la m\u00f2lta<\/h2>\t\t\t\t<\/div>\n\t\t\t\t<\/div>\n\t\t\t\t<div class=\"elementor-element elementor-element-e708f37 elementor-widget elementor-widget-text-editor\" data-id=\"e708f37\" data-element_type=\"widget\" data-e-type=\"widget\" data-widget_type=\"text-editor.default\">\n\t\t\t\t<div class=\"elementor-widget-container\">\n\t\t\t\t\t\t\t\t\t<p>El moliner cobrava els seus serveis a trav\u00e9s del sistema de <strong>m\u00e0quila<\/strong>.<\/p><p>Segons la RAE, m\u00e0quila \u00e9s la porci\u00f3 de gra, farina o oli que correspon al moliner per la m\u00f2lta.<\/p><p>En tractar dels molins de vent sabem que la m\u00e0quila als molins fariners se situava en una quantitat que oscil\u00b7lava al voltant d&#8217;un 8 per 100 del gra que es portava a moldre. En altres llocs es parla del 4%.<\/p><p>L&#8217;usual era que el moliner es va quedar la m\u00e0quila en forma de gra abans de moldre.<\/p>\t\t\t\t\t\t\t\t<\/div>\n\t\t\t\t<\/div>\n\t\t\t\t<div class=\"elementor-element elementor-element-6462608 elementor-widget elementor-widget-heading\" data-id=\"6462608\" data-element_type=\"widget\" data-e-type=\"widget\" data-widget_type=\"heading.default\">\n\t\t\t\t<div class=\"elementor-widget-container\">\n\t\t\t\t\t<h2 class=\"elementor-heading-title elementor-size-default\">Habitatge del moliner\n<\/h2>\t\t\t\t<\/div>\n\t\t\t\t<\/div>\n\t\t\t\t<div class=\"elementor-element elementor-element-f9a9e46 elementor-widget elementor-widget-text-editor\" data-id=\"f9a9e46\" data-element_type=\"widget\" data-e-type=\"widget\" data-widget_type=\"text-editor.default\">\n\t\t\t\t<div class=\"elementor-widget-container\">\n\t\t\t\t\t\t\t\t\t<p>\u00c9s molt interessant poder veure l&#8217;<strong>habitatge del moliner<\/strong>, per entendre la vida i la feina en un mol\u00ed hidr\u00e0ulic.<\/p><p>En primer lloc, cal precisar que, at\u00e8s que l&#8217;energia hidr\u00e0ulica de qu\u00e8 es nodreix \u00e9s constant dia i nit, si hi havia prou demanda, el treball de m\u00f2lta s&#8217;efectuava de forma cont\u00ednua durant les 24 hores de cada dia.<\/p><p>L&#8217;habitatge est\u00e0 adossat al mol\u00ed i, com veurem, amb comunicaci\u00f3 visual amb la sala de m\u00f2lta, de manera que poder controlar el proc\u00e9s de producci\u00f3, i si escau la tasca dels empleats contractats, encara que es trob\u00e9s a casa seva.<\/p><p>Al mol\u00ed El Blanco, a l&#8217;habitatge s&#8217;hi accedeix per la mateixa porta que a la zona de recepci\u00f3 del gra a moldre.<\/p>\t\t\t\t\t\t\t\t<\/div>\n\t\t\t\t<\/div>\n\t\t\t\t<div class=\"elementor-element elementor-element-f71185f elementor-widget elementor-widget-image\" data-id=\"f71185f\" data-element_type=\"widget\" data-e-type=\"widget\" data-widget_type=\"image.default\">\n\t\t\t\t<div class=\"elementor-widget-container\">\n\t\t\t\t\t\t\t\t\t\t\t\t<figure class=\"wp-caption\">\n\t\t\t\t\t\t\t\t\t\t<img loading=\"lazy\" decoding=\"async\" width=\"768\" height=\"512\" src=\"https:\/\/www.elturistatranquil.com\/wp-content\/uploads\/F41-Casa-del-molinero-Molino-El-Blanco-Carrascosa-de-Haro.jpg\" class=\"attachment-large size-large wp-image-52381\" alt=\"Casa del molinero, Molino El Blanco, Carrascosa de Haro\" srcset=\"https:\/\/www.elturistatranquil.com\/wp-content\/uploads\/F41-Casa-del-molinero-Molino-El-Blanco-Carrascosa-de-Haro.jpg 768w, https:\/\/www.elturistatranquil.com\/wp-content\/uploads\/F41-Casa-del-molinero-Molino-El-Blanco-Carrascosa-de-Haro-339x226.jpg 339w\" sizes=\"(max-width: 768px) 100vw, 768px\" \/>\t\t\t\t\t\t\t\t\t\t\t<figcaption class=\"widget-image-caption wp-caption-text\"><\/figcaption>\n\t\t\t\t\t\t\t\t\t\t<\/figure>\n\t\t\t\t\t\t\t\t\t<\/div>\n\t\t\t\t<\/div>\n\t\t\t\t<div class=\"elementor-element elementor-element-feb9f7e elementor-widget elementor-widget-text-editor\" data-id=\"feb9f7e\" data-element_type=\"widget\" data-e-type=\"widget\" data-widget_type=\"text-editor.default\">\n\t\t\t\t<div class=\"elementor-widget-container\">\n\t\t\t\t\t\t\t\t\t<p>Des d\u2019aquesta sala, una escala interior puja fins a la planta superior. Les dimensions de l&#8217;habitatge s\u00f3n les mateixes que les de la planta interior.<\/p>\t\t\t\t\t\t\t\t<\/div>\n\t\t\t\t<\/div>\n\t\t\t\t<div class=\"elementor-element elementor-element-0c60af7 elementor-widget elementor-widget-image\" data-id=\"0c60af7\" data-element_type=\"widget\" data-e-type=\"widget\" data-widget_type=\"image.default\">\n\t\t\t\t<div class=\"elementor-widget-container\">\n\t\t\t\t\t\t\t\t\t\t\t\t<figure class=\"wp-caption\">\n\t\t\t\t\t\t\t\t\t\t<img loading=\"lazy\" decoding=\"async\" width=\"768\" height=\"512\" src=\"https:\/\/www.elturistatranquil.com\/wp-content\/uploads\/F42-Casa-del-molinero-Molino-El-Blanco-Carrascosa-de-Haro.jpg\" class=\"attachment-large size-large wp-image-52383\" alt=\"Casa del molinero, Molino El Blanco, Carrascosa de Haro\" srcset=\"https:\/\/www.elturistatranquil.com\/wp-content\/uploads\/F42-Casa-del-molinero-Molino-El-Blanco-Carrascosa-de-Haro.jpg 768w, https:\/\/www.elturistatranquil.com\/wp-content\/uploads\/F42-Casa-del-molinero-Molino-El-Blanco-Carrascosa-de-Haro-339x226.jpg 339w\" sizes=\"(max-width: 768px) 100vw, 768px\" \/>\t\t\t\t\t\t\t\t\t\t\t<figcaption class=\"widget-image-caption wp-caption-text\"><\/figcaption>\n\t\t\t\t\t\t\t\t\t\t<\/figure>\n\t\t\t\t\t\t\t\t\t<\/div>\n\t\t\t\t<\/div>\n\t\t\t\t<div class=\"elementor-element elementor-element-05c3931 elementor-widget elementor-widget-text-editor\" data-id=\"05c3931\" data-element_type=\"widget\" data-e-type=\"widget\" data-widget_type=\"text-editor.default\">\n\t\t\t\t<div class=\"elementor-widget-container\">\n\t\t\t\t\t\t\t\t\t<p>La planta de l\u2019habitatge est\u00e0 dividida en dues habitacions. La primera, oberta a l&#8217;escala, forma la <strong>cuina-menjador-estar<\/strong>.<\/p><p>Al fons, una porta dona acc\u00e9s al <strong>dormitori<\/strong>.<\/p>\t\t\t\t\t\t\t\t<\/div>\n\t\t\t\t<\/div>\n\t\t\t\t<div class=\"elementor-element elementor-element-ea74520 elementor-widget elementor-widget-image\" data-id=\"ea74520\" data-element_type=\"widget\" data-e-type=\"widget\" data-widget_type=\"image.default\">\n\t\t\t\t<div class=\"elementor-widget-container\">\n\t\t\t\t\t\t\t\t\t\t\t\t<figure class=\"wp-caption\">\n\t\t\t\t\t\t\t\t\t\t<img loading=\"lazy\" decoding=\"async\" width=\"768\" height=\"512\" src=\"https:\/\/www.elturistatranquil.com\/wp-content\/uploads\/F43-Casa-del-molinero-Molino-El-Blanco-Carrascosa-de-Haro.jpg\" class=\"attachment-large size-large wp-image-52385\" alt=\"Casa del molinero, Molino El Blanco, Carrascosa de Haro\" srcset=\"https:\/\/www.elturistatranquil.com\/wp-content\/uploads\/F43-Casa-del-molinero-Molino-El-Blanco-Carrascosa-de-Haro.jpg 768w, https:\/\/www.elturistatranquil.com\/wp-content\/uploads\/F43-Casa-del-molinero-Molino-El-Blanco-Carrascosa-de-Haro-339x226.jpg 339w\" sizes=\"(max-width: 768px) 100vw, 768px\" \/>\t\t\t\t\t\t\t\t\t\t\t<figcaption class=\"widget-image-caption wp-caption-text\"><\/figcaption>\n\t\t\t\t\t\t\t\t\t\t<\/figure>\n\t\t\t\t\t\t\t\t\t<\/div>\n\t\t\t\t<\/div>\n\t\t\t\t<div class=\"elementor-element elementor-element-bb19c82 elementor-widget elementor-widget-text-editor\" data-id=\"bb19c82\" data-element_type=\"widget\" data-e-type=\"widget\" data-widget_type=\"text-editor.default\">\n\t\t\t\t<div class=\"elementor-widget-container\">\n\t\t\t\t\t\t\t\t\t<p>Els elements que forma la sala-cuina s\u00f3n simples. Una cuina amb el foc a terra; una taula; unes cadires; i el parament de cuina.<\/p>\t\t\t\t\t\t\t\t<\/div>\n\t\t\t\t<\/div>\n\t\t\t\t<div class=\"elementor-element elementor-element-d9901bd elementor-widget elementor-widget-image\" data-id=\"d9901bd\" data-element_type=\"widget\" data-e-type=\"widget\" data-widget_type=\"image.default\">\n\t\t\t\t<div class=\"elementor-widget-container\">\n\t\t\t\t\t\t\t\t\t\t\t\t<figure class=\"wp-caption\">\n\t\t\t\t\t\t\t\t\t\t<img loading=\"lazy\" decoding=\"async\" width=\"768\" height=\"512\" src=\"https:\/\/www.elturistatranquil.com\/wp-content\/uploads\/F44-Casa-del-molinero-Molino-El-Blanco-Carrascosa-de-Haro.jpg\" class=\"attachment-large size-large wp-image-52387\" alt=\"Casa del molinero, Molino El Blanco, Carrascosa de Haro\" srcset=\"https:\/\/www.elturistatranquil.com\/wp-content\/uploads\/F44-Casa-del-molinero-Molino-El-Blanco-Carrascosa-de-Haro.jpg 768w, https:\/\/www.elturistatranquil.com\/wp-content\/uploads\/F44-Casa-del-molinero-Molino-El-Blanco-Carrascosa-de-Haro-339x226.jpg 339w\" sizes=\"(max-width: 768px) 100vw, 768px\" \/>\t\t\t\t\t\t\t\t\t\t\t<figcaption class=\"widget-image-caption wp-caption-text\"><\/figcaption>\n\t\t\t\t\t\t\t\t\t\t<\/figure>\n\t\t\t\t\t\t\t\t\t<\/div>\n\t\t\t\t<\/div>\n\t\t\t\t<div class=\"elementor-element elementor-element-d7764aa elementor-widget elementor-widget-image\" data-id=\"d7764aa\" data-element_type=\"widget\" data-e-type=\"widget\" data-widget_type=\"image.default\">\n\t\t\t\t<div class=\"elementor-widget-container\">\n\t\t\t\t\t\t\t\t\t\t\t\t<figure class=\"wp-caption\">\n\t\t\t\t\t\t\t\t\t\t<img loading=\"lazy\" decoding=\"async\" width=\"768\" height=\"512\" src=\"https:\/\/www.elturistatranquil.com\/wp-content\/uploads\/F45-Casa-del-molinero-Molino-El-Blanco-Carrascosa-de-Haro.jpg\" class=\"attachment-large size-large wp-image-52389\" alt=\"Casa del molinero, Molino El Blanco, Carrascosa de Haro\" srcset=\"https:\/\/www.elturistatranquil.com\/wp-content\/uploads\/F45-Casa-del-molinero-Molino-El-Blanco-Carrascosa-de-Haro.jpg 768w, https:\/\/www.elturistatranquil.com\/wp-content\/uploads\/F45-Casa-del-molinero-Molino-El-Blanco-Carrascosa-de-Haro-339x226.jpg 339w\" sizes=\"(max-width: 768px) 100vw, 768px\" \/>\t\t\t\t\t\t\t\t\t\t\t<figcaption class=\"widget-image-caption wp-caption-text\"><\/figcaption>\n\t\t\t\t\t\t\t\t\t\t<\/figure>\n\t\t\t\t\t\t\t\t\t<\/div>\n\t\t\t\t<\/div>\n\t\t\t\t<div class=\"elementor-element elementor-element-196614d elementor-widget elementor-widget-image\" data-id=\"196614d\" data-element_type=\"widget\" data-e-type=\"widget\" data-widget_type=\"image.default\">\n\t\t\t\t<div class=\"elementor-widget-container\">\n\t\t\t\t\t\t\t\t\t\t\t\t<figure class=\"wp-caption\">\n\t\t\t\t\t\t\t\t\t\t<img loading=\"lazy\" decoding=\"async\" width=\"768\" height=\"512\" src=\"https:\/\/www.elturistatranquil.com\/wp-content\/uploads\/F46-Casa-del-molinero-Molino-El-Blanco-Carrascosa-de-Haro.jpg\" class=\"attachment-large size-large wp-image-52391\" alt=\"Casa del molinero, Molino El Blanco, Carrascosa de Haro\" srcset=\"https:\/\/www.elturistatranquil.com\/wp-content\/uploads\/F46-Casa-del-molinero-Molino-El-Blanco-Carrascosa-de-Haro.jpg 768w, https:\/\/www.elturistatranquil.com\/wp-content\/uploads\/F46-Casa-del-molinero-Molino-El-Blanco-Carrascosa-de-Haro-339x226.jpg 339w\" sizes=\"(max-width: 768px) 100vw, 768px\" \/>\t\t\t\t\t\t\t\t\t\t\t<figcaption class=\"widget-image-caption wp-caption-text\"><\/figcaption>\n\t\t\t\t\t\t\t\t\t\t<\/figure>\n\t\t\t\t\t\t\t\t\t<\/div>\n\t\t\t\t<\/div>\n\t\t\t\t<div class=\"elementor-element elementor-element-cf12140 elementor-widget elementor-widget-image\" data-id=\"cf12140\" data-element_type=\"widget\" data-e-type=\"widget\" data-widget_type=\"image.default\">\n\t\t\t\t<div class=\"elementor-widget-container\">\n\t\t\t\t\t\t\t\t\t\t\t\t<figure class=\"wp-caption\">\n\t\t\t\t\t\t\t\t\t\t<img loading=\"lazy\" decoding=\"async\" width=\"768\" height=\"512\" src=\"https:\/\/www.elturistatranquil.com\/wp-content\/uploads\/F47-Casa-del-molinero-Molino-El-Blanco-Carrascosa-de-Haro.jpg\" class=\"attachment-large size-large wp-image-52396\" alt=\"Casa del molinero, Molino El Blanco, Carrascosa de Haro\" srcset=\"https:\/\/www.elturistatranquil.com\/wp-content\/uploads\/F47-Casa-del-molinero-Molino-El-Blanco-Carrascosa-de-Haro.jpg 768w, https:\/\/www.elturistatranquil.com\/wp-content\/uploads\/F47-Casa-del-molinero-Molino-El-Blanco-Carrascosa-de-Haro-339x226.jpg 339w\" sizes=\"(max-width: 768px) 100vw, 768px\" \/>\t\t\t\t\t\t\t\t\t\t\t<figcaption class=\"widget-image-caption wp-caption-text\"><\/figcaption>\n\t\t\t\t\t\t\t\t\t\t<\/figure>\n\t\t\t\t\t\t\t\t\t<\/div>\n\t\t\t\t<\/div>\n\t\t\t\t<div class=\"elementor-element elementor-element-e719605 elementor-widget elementor-widget-image\" data-id=\"e719605\" data-element_type=\"widget\" data-e-type=\"widget\" data-widget_type=\"image.default\">\n\t\t\t\t<div class=\"elementor-widget-container\">\n\t\t\t\t\t\t\t\t\t\t\t\t<figure class=\"wp-caption\">\n\t\t\t\t\t\t\t\t\t\t<img loading=\"lazy\" decoding=\"async\" width=\"768\" height=\"512\" src=\"https:\/\/www.elturistatranquil.com\/wp-content\/uploads\/F48-Casa-del-molinero-Molino-El-Blanco-Carrascosa-de-Haro.jpg\" class=\"attachment-large size-large wp-image-52398\" alt=\"Casa del molinero, Molino El Blanco, Carrascosa de Haro\" srcset=\"https:\/\/www.elturistatranquil.com\/wp-content\/uploads\/F48-Casa-del-molinero-Molino-El-Blanco-Carrascosa-de-Haro.jpg 768w, https:\/\/www.elturistatranquil.com\/wp-content\/uploads\/F48-Casa-del-molinero-Molino-El-Blanco-Carrascosa-de-Haro-339x226.jpg 339w\" sizes=\"(max-width: 768px) 100vw, 768px\" \/>\t\t\t\t\t\t\t\t\t\t\t<figcaption class=\"widget-image-caption wp-caption-text\"><\/figcaption>\n\t\t\t\t\t\t\t\t\t\t<\/figure>\n\t\t\t\t\t\t\t\t\t<\/div>\n\t\t\t\t<\/div>\n\t\t\t\t<div class=\"elementor-element elementor-element-abc4248 elementor-widget elementor-widget-text-editor\" data-id=\"abc4248\" data-element_type=\"widget\" data-e-type=\"widget\" data-widget_type=\"text-editor.default\">\n\t\t\t\t<div class=\"elementor-widget-container\">\n\t\t\t\t\t\t\t\t\t<p>El <strong>dormitori<\/strong>, tamb\u00e9 amb un simple llit de matrimoni.<\/p>\t\t\t\t\t\t\t\t<\/div>\n\t\t\t\t<\/div>\n\t\t\t\t<div class=\"elementor-element elementor-element-6045830 elementor-widget elementor-widget-image\" data-id=\"6045830\" data-element_type=\"widget\" data-e-type=\"widget\" data-widget_type=\"image.default\">\n\t\t\t\t<div class=\"elementor-widget-container\">\n\t\t\t\t\t\t\t\t\t\t\t\t<figure class=\"wp-caption\">\n\t\t\t\t\t\t\t\t\t\t<img loading=\"lazy\" decoding=\"async\" width=\"768\" height=\"512\" src=\"https:\/\/www.elturistatranquil.com\/wp-content\/uploads\/F49-Casa-del-molinero-Molino-El-Blanco-Carrascosa-de-Haro.jpg\" class=\"attachment-large size-large wp-image-52400\" alt=\"Casa del molinero, Molino El Blanco, Carrascosa de Haro\" srcset=\"https:\/\/www.elturistatranquil.com\/wp-content\/uploads\/F49-Casa-del-molinero-Molino-El-Blanco-Carrascosa-de-Haro.jpg 768w, https:\/\/www.elturistatranquil.com\/wp-content\/uploads\/F49-Casa-del-molinero-Molino-El-Blanco-Carrascosa-de-Haro-339x226.jpg 339w\" sizes=\"(max-width: 768px) 100vw, 768px\" \/>\t\t\t\t\t\t\t\t\t\t\t<figcaption class=\"widget-image-caption wp-caption-text\"><\/figcaption>\n\t\t\t\t\t\t\t\t\t\t<\/figure>\n\t\t\t\t\t\t\t\t\t<\/div>\n\t\t\t\t<\/div>\n\t\t\t\t<div class=\"elementor-element elementor-element-c7ebafc elementor-widget elementor-widget-image\" data-id=\"c7ebafc\" data-element_type=\"widget\" data-e-type=\"widget\" data-widget_type=\"image.default\">\n\t\t\t\t<div class=\"elementor-widget-container\">\n\t\t\t\t\t\t\t\t\t\t\t\t<figure class=\"wp-caption\">\n\t\t\t\t\t\t\t\t\t\t<img loading=\"lazy\" decoding=\"async\" width=\"768\" height=\"512\" src=\"https:\/\/www.elturistatranquil.com\/wp-content\/uploads\/F50-Casa-del-molinero-Molino-El-Blanco-Carrascosa-de-Haro.jpg\" class=\"attachment-large size-large wp-image-52402\" alt=\"Casa del molinero, Molino El Blanco, Carrascosa de Haro\" srcset=\"https:\/\/www.elturistatranquil.com\/wp-content\/uploads\/F50-Casa-del-molinero-Molino-El-Blanco-Carrascosa-de-Haro.jpg 768w, https:\/\/www.elturistatranquil.com\/wp-content\/uploads\/F50-Casa-del-molinero-Molino-El-Blanco-Carrascosa-de-Haro-339x226.jpg 339w\" sizes=\"(max-width: 768px) 100vw, 768px\" \/>\t\t\t\t\t\t\t\t\t\t\t<figcaption class=\"widget-image-caption wp-caption-text\"><\/figcaption>\n\t\t\t\t\t\t\t\t\t\t<\/figure>\n\t\t\t\t\t\t\t\t\t<\/div>\n\t\t\t\t<\/div>\n\t\t\t\t<div class=\"elementor-element elementor-element-6b0f365 elementor-widget elementor-widget-text-editor\" data-id=\"6b0f365\" data-element_type=\"widget\" data-e-type=\"widget\" data-widget_type=\"text-editor.default\">\n\t\t\t\t<div class=\"elementor-widget-container\">\n\t\t\t\t\t\t\t\t\t<p>L&#8217;element al que feia refer\u00e8ncia de vinculaci\u00f3 permanent amb el treball al mol\u00ed es troba en una <strong>finestreta<\/strong> que comunica amb la sala de m\u00f2lta.<\/p><p>A trav\u00e9s seva, per visi\u00f3 i pel soroll de les pedres en fregar entre si a qu\u00e8 el moliner estava acostumat, podia seguir les incid\u00e8ncies del que passava i de l&#8217;actuaci\u00f3 de l&#8217;empleat, sobretot durant les nits.<\/p>\t\t\t\t\t\t\t\t<\/div>\n\t\t\t\t<\/div>\n\t\t\t\t<div class=\"elementor-element elementor-element-2537df6 elementor-widget elementor-widget-image\" data-id=\"2537df6\" data-element_type=\"widget\" data-e-type=\"widget\" data-widget_type=\"image.default\">\n\t\t\t\t<div class=\"elementor-widget-container\">\n\t\t\t\t\t\t\t\t\t\t\t\t<figure class=\"wp-caption\">\n\t\t\t\t\t\t\t\t\t\t<img loading=\"lazy\" decoding=\"async\" width=\"768\" height=\"512\" src=\"https:\/\/www.elturistatranquil.com\/wp-content\/uploads\/F51-Casa-del-molinero-Molino-El-Blanco-Carrascosa-de-Haro.jpg\" class=\"attachment-large size-large wp-image-52407\" alt=\"Casa del molinero, Molino El Blanco, Carrascosa de Haro\" srcset=\"https:\/\/www.elturistatranquil.com\/wp-content\/uploads\/F51-Casa-del-molinero-Molino-El-Blanco-Carrascosa-de-Haro.jpg 768w, https:\/\/www.elturistatranquil.com\/wp-content\/uploads\/F51-Casa-del-molinero-Molino-El-Blanco-Carrascosa-de-Haro-339x226.jpg 339w\" sizes=\"(max-width: 768px) 100vw, 768px\" \/>\t\t\t\t\t\t\t\t\t\t\t<figcaption class=\"widget-image-caption wp-caption-text\"><\/figcaption>\n\t\t\t\t\t\t\t\t\t\t<\/figure>\n\t\t\t\t\t\t\t\t\t<\/div>\n\t\t\t\t<\/div>\n\t\t\t\t<div class=\"elementor-element elementor-element-a2dd3b0 elementor-widget elementor-widget-text-editor\" data-id=\"a2dd3b0\" data-element_type=\"widget\" data-e-type=\"widget\" data-widget_type=\"text-editor.default\">\n\t\t\t\t<div class=\"elementor-widget-container\">\n\t\t\t\t\t\t\t\t\t<p>Punt final a la visita al <strong>moli El Blanco<\/strong>.<\/p>\t\t\t\t\t\t\t\t<\/div>\n\t\t\t\t<\/div>\n\t\t\t\t<div class=\"elementor-element elementor-element-bb21419 elementor-widget elementor-widget-heading\" data-id=\"bb21419\" data-element_type=\"widget\" data-e-type=\"widget\" data-widget_type=\"heading.default\">\n\t\t\t\t<div class=\"elementor-widget-container\">\n\t\t\t\t\t<h2 class=\"elementor-heading-title elementor-size-default\">El restaurant Molino El Blanco.<\/h2>\t\t\t\t<\/div>\n\t\t\t\t<\/div>\n\t\t\t\t<div class=\"elementor-element elementor-element-da699b6 elementor-widget elementor-widget-text-editor\" data-id=\"da699b6\" data-element_type=\"widget\" data-e-type=\"widget\" data-widget_type=\"text-editor.default\">\n\t\t\t\t<div class=\"elementor-widget-container\">\n\t\t\t\t\t\t\t\t\t<p>Al costat del mol\u00ed els propietaris han aixecat el <strong>restaurant Molino El Blanco<\/strong>.<\/p><p>Va ser un perfecte lloc per completar una visita de gran inter\u00e8s amb un \u00e0pat excel\u00b7lent. Una cuina on predomina el que ara s&#8217;ha anomenat de \u201cquil\u00f2metre zero\u201d, amb productes propis i de la zona de gran qualitat.<\/p>\t\t\t\t\t\t\t\t<\/div>\n\t\t\t\t<\/div>\n\t\t\t\t<div class=\"elementor-element elementor-element-1a839fd elementor-widget elementor-widget-image\" data-id=\"1a839fd\" data-element_type=\"widget\" data-e-type=\"widget\" data-widget_type=\"image.default\">\n\t\t\t\t<div class=\"elementor-widget-container\">\n\t\t\t\t\t\t\t\t\t\t\t\t<figure class=\"wp-caption\">\n\t\t\t\t\t\t\t\t\t\t<img loading=\"lazy\" decoding=\"async\" width=\"768\" height=\"512\" src=\"https:\/\/www.elturistatranquil.com\/wp-content\/uploads\/F52-Restaurante-Molino-El-Blanco-Carrascosa-de-Haro.jpg\" class=\"attachment-large size-large wp-image-52409\" alt=\"Restaurante Molino El Blanco, Carrascosa de Haro\" srcset=\"https:\/\/www.elturistatranquil.com\/wp-content\/uploads\/F52-Restaurante-Molino-El-Blanco-Carrascosa-de-Haro.jpg 768w, https:\/\/www.elturistatranquil.com\/wp-content\/uploads\/F52-Restaurante-Molino-El-Blanco-Carrascosa-de-Haro-339x226.jpg 339w\" sizes=\"(max-width: 768px) 100vw, 768px\" \/>\t\t\t\t\t\t\t\t\t\t\t<figcaption class=\"widget-image-caption wp-caption-text\"><\/figcaption>\n\t\t\t\t\t\t\t\t\t\t<\/figure>\n\t\t\t\t\t\t\t\t\t<\/div>\n\t\t\t\t<\/div>\n\t\t\t\t<div class=\"elementor-element elementor-element-0a19f63 elementor-widget elementor-widget-heading\" data-id=\"0a19f63\" data-element_type=\"widget\" data-e-type=\"widget\" data-widget_type=\"heading.default\">\n\t\t\t\t<div class=\"elementor-widget-container\">\n\t\t\t\t\t<h2 class=\"elementor-heading-title elementor-size-default\">Pista de regates El Molino<\/h2>\t\t\t\t<\/div>\n\t\t\t\t<\/div>\n\t\t\t\t<div class=\"elementor-element elementor-element-2db88d5 elementor-widget elementor-widget-text-editor\" data-id=\"2db88d5\" data-element_type=\"widget\" data-e-type=\"widget\" data-widget_type=\"text-editor.default\">\n\t\t\t\t<div class=\"elementor-widget-container\">\n\t\t\t\t\t\t\t\t\t<p>Un altre atractiu que es reuneix al lloc \u00e9s la <strong>pista El Molino de carreres de llebrers, modalitat de regates<\/strong>.<\/p><p>Els caps de setmana la pista est\u00e0 molt concorreguda i, si teniu temps i ganes, podeu seguir alguna de les curses.<\/p><p>La modalitat regates \u00e9s una cursa de llebrers amb llebre mec\u00e0nica. Els gossos corren darrere d&#8217;una llebre mec\u00e0nica que no nom\u00e9s es mou en l\u00ednia recta, sin\u00f3 que fa un recorregut en forma de ferradura de m\u00e9s de 1.000 metres, de manera que es poden apreciar els canvis de direcci\u00f3 i velocitat.<\/p>\t\t\t\t\t\t\t\t<\/div>\n\t\t\t\t<\/div>\n\t\t\t\t<div class=\"elementor-element elementor-element-1211f6c elementor-widget elementor-widget-image\" data-id=\"1211f6c\" data-element_type=\"widget\" data-e-type=\"widget\" data-widget_type=\"image.default\">\n\t\t\t\t<div class=\"elementor-widget-container\">\n\t\t\t\t\t\t\t\t\t\t\t\t<figure class=\"wp-caption\">\n\t\t\t\t\t\t\t\t\t\t<img loading=\"lazy\" decoding=\"async\" width=\"768\" height=\"512\" src=\"https:\/\/www.elturistatranquil.com\/wp-content\/uploads\/F04-Molino-El-Blanco-Carrascosa-de-Haro-Google-earth-2024-04-20-B-1.jpg\" class=\"attachment-large size-large wp-image-52284\" alt=\"Molino El Blanco, Carrascosa de Haro (Google earth 2024-04-20) B (1)\" srcset=\"https:\/\/www.elturistatranquil.com\/wp-content\/uploads\/F04-Molino-El-Blanco-Carrascosa-de-Haro-Google-earth-2024-04-20-B-1.jpg 768w, https:\/\/www.elturistatranquil.com\/wp-content\/uploads\/F04-Molino-El-Blanco-Carrascosa-de-Haro-Google-earth-2024-04-20-B-1-339x226.jpg 339w\" sizes=\"(max-width: 768px) 100vw, 768px\" \/>\t\t\t\t\t\t\t\t\t\t\t<figcaption class=\"widget-image-caption wp-caption-text\"> (Google earth 2024-04-20)<\/figcaption>\n\t\t\t\t\t\t\t\t\t\t<\/figure>\n\t\t\t\t\t\t\t\t\t<\/div>\n\t\t\t\t<\/div>\n\t\t\t\t<div class=\"elementor-element elementor-element-86ad243 elementor-widget elementor-widget-image\" data-id=\"86ad243\" data-element_type=\"widget\" data-e-type=\"widget\" data-widget_type=\"image.default\">\n\t\t\t\t<div class=\"elementor-widget-container\">\n\t\t\t\t\t\t\t\t\t\t\t\t<figure class=\"wp-caption\">\n\t\t\t\t\t\t\t\t\t\t<img loading=\"lazy\" decoding=\"async\" width=\"768\" height=\"512\" src=\"https:\/\/www.elturistatranquil.com\/wp-content\/uploads\/F54-Pista-de-regates-El-Molino-Carrascosa-de-Haro.jpg\" class=\"attachment-large size-large wp-image-52411\" alt=\"Pista de regates El, Molino, Carrascosa de Haro\" srcset=\"https:\/\/www.elturistatranquil.com\/wp-content\/uploads\/F54-Pista-de-regates-El-Molino-Carrascosa-de-Haro.jpg 768w, https:\/\/www.elturistatranquil.com\/wp-content\/uploads\/F54-Pista-de-regates-El-Molino-Carrascosa-de-Haro-339x226.jpg 339w\" sizes=\"(max-width: 768px) 100vw, 768px\" \/>\t\t\t\t\t\t\t\t\t\t\t<figcaption class=\"widget-image-caption wp-caption-text\"><\/figcaption>\n\t\t\t\t\t\t\t\t\t\t<\/figure>\n\t\t\t\t\t\t\t\t\t<\/div>\n\t\t\t\t<\/div>\n\t\t\t\t<div class=\"elementor-element elementor-element-a44a74c elementor-widget elementor-widget-image\" data-id=\"a44a74c\" data-element_type=\"widget\" data-e-type=\"widget\" data-widget_type=\"image.default\">\n\t\t\t\t<div class=\"elementor-widget-container\">\n\t\t\t\t\t\t\t\t\t\t\t\t<figure class=\"wp-caption\">\n\t\t\t\t\t\t\t\t\t\t<img loading=\"lazy\" decoding=\"async\" width=\"768\" height=\"512\" src=\"https:\/\/www.elturistatranquil.com\/wp-content\/uploads\/F55-Pista-de-regates-El-Molino-Carrascosa-de-Haro.jpg\" class=\"attachment-large size-large wp-image-52413\" alt=\"Pista de regates El, Molino, Carrascosa de Haro\" srcset=\"https:\/\/www.elturistatranquil.com\/wp-content\/uploads\/F55-Pista-de-regates-El-Molino-Carrascosa-de-Haro.jpg 768w, https:\/\/www.elturistatranquil.com\/wp-content\/uploads\/F55-Pista-de-regates-El-Molino-Carrascosa-de-Haro-339x226.jpg 339w\" sizes=\"(max-width: 768px) 100vw, 768px\" \/>\t\t\t\t\t\t\t\t\t\t\t<figcaption class=\"widget-image-caption wp-caption-text\"><\/figcaption>\n\t\t\t\t\t\t\t\t\t\t<\/figure>\n\t\t\t\t\t\t\t\t\t<\/div>\n\t\t\t\t<\/div>\n\t\t\t\t<div class=\"elementor-element elementor-element-434c755 elementor-widget elementor-widget-image\" data-id=\"434c755\" data-element_type=\"widget\" data-e-type=\"widget\" data-widget_type=\"image.default\">\n\t\t\t\t<div class=\"elementor-widget-container\">\n\t\t\t\t\t\t\t\t\t\t\t\t<figure class=\"wp-caption\">\n\t\t\t\t\t\t\t\t\t\t<img loading=\"lazy\" decoding=\"async\" width=\"768\" height=\"512\" src=\"https:\/\/www.elturistatranquil.com\/wp-content\/uploads\/F56-Pista-de-regates-El-Molino-Carrascosa-de-Haro.jpg\" class=\"attachment-large size-large wp-image-52415\" alt=\"Pista de regates El, Molino, Carrascosa de Haro\" srcset=\"https:\/\/www.elturistatranquil.com\/wp-content\/uploads\/F56-Pista-de-regates-El-Molino-Carrascosa-de-Haro.jpg 768w, https:\/\/www.elturistatranquil.com\/wp-content\/uploads\/F56-Pista-de-regates-El-Molino-Carrascosa-de-Haro-339x226.jpg 339w\" sizes=\"(max-width: 768px) 100vw, 768px\" \/>\t\t\t\t\t\t\t\t\t\t\t<figcaption class=\"widget-image-caption wp-caption-text\"><\/figcaption>\n\t\t\t\t\t\t\t\t\t\t<\/figure>\n\t\t\t\t\t\t\t\t\t<\/div>\n\t\t\t\t<\/div>\n\t\t\t\t<div class=\"elementor-element elementor-element-d64cdc6 elementor-widget elementor-widget-image\" data-id=\"d64cdc6\" data-element_type=\"widget\" data-e-type=\"widget\" data-widget_type=\"image.default\">\n\t\t\t\t<div class=\"elementor-widget-container\">\n\t\t\t\t\t\t\t\t\t\t\t\t<figure class=\"wp-caption\">\n\t\t\t\t\t\t\t\t\t\t<img loading=\"lazy\" decoding=\"async\" width=\"768\" height=\"512\" src=\"https:\/\/www.elturistatranquil.com\/wp-content\/uploads\/F57-Pista-de-regates-El-Molino-Carrascosa-de-Haro.jpg\" class=\"attachment-large size-large wp-image-52417\" alt=\"Pista de regates El, Molino, Carrascosa de Haro\" srcset=\"https:\/\/www.elturistatranquil.com\/wp-content\/uploads\/F57-Pista-de-regates-El-Molino-Carrascosa-de-Haro.jpg 768w, https:\/\/www.elturistatranquil.com\/wp-content\/uploads\/F57-Pista-de-regates-El-Molino-Carrascosa-de-Haro-339x226.jpg 339w\" sizes=\"(max-width: 768px) 100vw, 768px\" \/>\t\t\t\t\t\t\t\t\t\t\t<figcaption class=\"widget-image-caption wp-caption-text\"><\/figcaption>\n\t\t\t\t\t\t\t\t\t\t<\/figure>\n\t\t\t\t\t\t\t\t\t<\/div>\n\t\t\t\t<\/div>\n\t\t\t\t<div class=\"elementor-element elementor-element-8367e58 elementor-widget elementor-widget-heading\" data-id=\"8367e58\" data-element_type=\"widget\" data-e-type=\"widget\" data-widget_type=\"heading.default\">\n\t\t\t\t<div class=\"elementor-widget-container\">\n\t\t\t\t\t<h2 class=\"elementor-heading-title elementor-size-default\">Fi de la visita<\/h2>\t\t\t\t<\/div>\n\t\t\t\t<\/div>\n\t\t\t\t<div class=\"elementor-element elementor-element-56c0551 elementor-widget elementor-widget-text-editor\" data-id=\"56c0551\" data-element_type=\"widget\" data-e-type=\"widget\" data-widget_type=\"text-editor.default\">\n\t\t\t\t<div class=\"elementor-widget-container\">\n\t\t\t\t\t\t\t\t\t<p>Poca cosa queda per dir. Visitar el <strong>mol\u00ed El Blanco<\/strong> \u00e9s una ocasi\u00f3 de poder con\u00e8ixer i veure en funcionament un mol\u00ed hidr\u00e0ulic fariner, amb un origen de m\u00e9s de 800 anys.<\/p><p>La persona que us acompanyar\u00e0 a la visita, vinculada a la fam\u00edlia propiet\u00e0ria, sabr\u00e0 donar-vos totes les explicacions i respondre a les vostres preguntes.<\/p><p>Podreu passejar entre els llebrers.<\/p><p>I una bona idea, pot ser degustar la magn\u00edfica cuina d\u00b4arrels tradicionals que us ofereixen al Restaurant.<\/p><p>Aquesta \u00e9s la meva opini\u00f3 particular, sense cap mena d&#8217;enlla\u00e7 amb la fam\u00edlia <em>Elida Izquierdo<\/em> i <em>Laureano Madrid<\/em>, els propietaris, a qui devem la superviv\u00e8ncia del mol\u00ed.<\/p><p>\u00c9s de just\u00edcia agrair-los que hagin posat tot el seu esfor\u00e7, i diners, a mantenir viva una joia hist\u00f2rica tecnol\u00f2gica i etnogr\u00e0fica com el <strong>mol\u00ed El Blanco<\/strong> de Carrascosa de Haro, a Cuenca.<\/p>\t\t\t\t\t\t\t\t<\/div>\n\t\t\t\t<\/div>\n\t\t\t\t<div class=\"elementor-element elementor-element-d309fa1 elementor-widget elementor-widget-heading\" data-id=\"d309fa1\" data-element_type=\"widget\" data-e-type=\"widget\" data-widget_type=\"heading.default\">\n\t\t\t\t<div class=\"elementor-widget-container\">\n\t\t\t\t\t<h2 class=\"elementor-heading-title elementor-size-default\">Bases d\u2019informaci\u00f3<\/h2>\t\t\t\t<\/div>\n\t\t\t\t<\/div>\n\t\t\t\t<div class=\"elementor-element elementor-element-6cf2add0 elementor-widget elementor-widget-text-editor\" data-id=\"6cf2add0\" data-element_type=\"widget\" data-e-type=\"widget\" data-widget_type=\"text-editor.default\">\n\t\t\t\t<div class=\"elementor-widget-container\">\n\t\t\t\t\t\t\t\t\t<p><strong>Webs<\/strong><\/p><p><a href=\"https:\/\/es.wikipedia.org\/wiki\/Molino_del_Blanco\" target=\"_blank\" rel=\"noopener\">wikipedia<\/a><br \/><a href=\"https:\/\/www.verpueblos.com\/castilla+la+mancha\/cuenca\/carrascosa+de+haro\/foto\/1543157\/\" target=\"_blank\" rel=\"noopener\">verpueblos<\/a><\/p><p><strong>Youtube<\/strong><\/p><p><a href=\"https:\/\/www.youtube.com\/watch?v=HPDs-yyLchs\" target=\"_blank\" rel=\"noopener\">El \u00faltimo molino<\/a><br \/><a href=\"https:\/\/www.youtube.com\/watch?v=lcYFbdDFwrY\" target=\"_blank\" rel=\"noopener\">As\u00ed funciona el Molino El Blanco de Carrascosa de Haro<\/a><\/p><p><strong>Web academic<\/strong><\/p><p>Lillodelamancha. <a href=\"https:\/\/lillodelamancha.wordpress.com\/2023\/12\/\" target=\"_blank\" rel=\"noopener\"><em>Historia en la Mancha. Molino de El Blanco<\/em><\/a><br \/>L\u00f3pez-Garc\u00eda, R. et alt. <a href=\"https:\/\/www.xixcnim.uji.es\/CDActas\/Documentos\/ComunicacionesPosters\/06-03.pdf\" target=\"_blank\" rel=\"noopener\"><em>Las herramientas de Ingenier\u00eda Asistida aplicadas a la Historia de las M\u00e1quinas y Mecanismos<\/em>. <\/a><em>Recuperaci\u00f3n virtual de un Molino Hidr\u00e1ulico<br \/><\/em>Zamora Morillas, Mario. <a href=\"https:\/\/crea.ujaen.es\/jspui\/bitstream\/10953.1\/4053\/1\/TFG_Zamora_Morillas%2CMario.pdf\" target=\"_blank\" rel=\"noopener\"><em>Estudio hist\u00f3rico tecnol\u00f3gico del molino hidr\u00e1ulico de rodezno de juan T\u00edscar<\/em><\/a> <br \/>Rojas-Sol\u00e1, J.I. y Domene-Garc\u00eda, J. (2005). <a href=\"https:\/\/ve.scielo.org\/scielo.php?script=sci_arttext&amp;pid=S0378-18442005001200005&amp;lng=es&amp;nrm=iso&amp;tlng=es\" target=\"_blank\" rel=\"noopener\"><em>Ingenier\u00eda y dise\u00f1o asistido por ordenador: estudio de molinos hidr\u00e1ulicos en el sureste espa\u00f1ol<\/em><\/a><br \/>Escalante Fern\u00e1ndez, M. del Mar y Garc\u00eda Garc\u00eda-Saavedra, M\u00aa Luisa (2015)\u00a0 <a href=\"https:\/\/dialnet.unirioja.es\/descarga\/libro\/785828.pdf#page=127\" target=\"_blank\" rel=\"noopener\"><em>La energ\u00eda hidr\u00e1ulica como fuerza motora: El ejemplo de los molinos hidr\u00e1ulicos de Navalagamella (Madrid)<\/em><\/a><br \/>Headworth, Howard G. \u00a0(2003-2004). <a href=\"http:\/\/agora.edu.es\/servlet\/articulo?codigo=1371745\" target=\"_blank\" rel=\"noopener\"><em>Los molinos hidr\u00e1ulicos de Huebro revisitados: sus caracter\u00edsticas t\u00e9cnicas<\/em><\/a><br \/>Moreno Vega, Alberto (2013). <em>T<a href=\"https:\/\/sedhc.es\/biblioteca\/actas\/Aju%20076%20Moreno.pdf\" target=\"_blank\" rel=\"noopener\">\u00e9cnicas constructivas e innovaciones mec\u00e1nicas aplicadas a los molinos bajomedievales: Un estudio sobre su evoluci\u00f3n en Espa\u00f1a (siglos XI al XV)<\/a><br \/><\/em>P\u00e9rez de Ciriza Galarza, Laura (2020). <a href=\"https:\/\/zaguan.unizar.es\/record\/101436\/files\/TAZ-TFG-2020-4780.pdf\" target=\"_blank\" rel=\"noopener\"><em>Estudio tipol\u00f3gico del molino harinero y casos de recuperaci\u00f3n contempor\u00e1neos mediante su cambio de uso<\/em><\/a> (Trabajo Fin de Grado)<br \/>Revilla Casado, Javier. <a href=\"https:\/\/dialnet.unirioja.es\/descarga\/articulo\/8025924.pdf\" target=\"_blank\" rel=\"noopener\"><em>Cuesti\u00f3n de maquilas: diferencia<br \/>entre molino y f\u00e1brica de harinas<\/em><\/a><br \/>M\u00e9ndez-Cabrera Fuentes, Miguel (2022). <a href=\"https:\/\/lamejortierradecastilla.com\/las-piedras-de-molino\/\" target=\"_blank\" rel=\"noopener\"><em>Las piedras de molino<\/em><\/a><\/p>\t\t\t\t\t\t\t\t<\/div>\n\t\t\t\t<\/div>\n\t\t\t\t\t<\/div>\n\t\t<\/div>\n\t\t\t\t\t<\/div>\n\t\t<\/section>\n\t\t\t\t<\/div>\n\t\t","protected":false},"excerpt":{"rendered":"<p>El mol\u00ed El Blanco \u00e9s un dels molins hidr\u00e0ulics que, juntament amb els de vent, van ser els mecanismes m\u00e9s usats durant segles a Espanya per a la m\u00f2lta de &#8230; <a title=\"Mol\u00ed hidr\u00e0ulic fariner El Blanco (Conca)\" class=\"read-more\" href=\"https:\/\/www.elturistatranquil.com\/ca\/moli-hidraulic-fariner-el-blanco-conca\/\" aria-label=\"M\u00e9s informaci\u00f3 sobre Mol\u00ed hidr\u00e0ulic fariner El Blanco (Conca)\">[ &#8230; ]<\/a><\/p>\n","protected":false},"author":1,"featured_media":52425,"comment_status":"open","ping_status":"closed","sticky":false,"template":"","format":"standard","meta":{"footnotes":""},"categories":[70,227,78,145,81,83,87,92,69,99,102],"tags":[],"class_list":["post-52432","post","type-post","status-publish","format-standard","has-post-thumbnail","hentry","category-arquitectura-civil-ca","category-conca","category-cultura-rural-ca","category-edat-mitjana","category-etnografia-ca","category-historia-ca","category-joies-al-territori","category-museus","category-arqueologia-industrial-ca","category-poble","category-restaurant","infinite-scroll-item","generate-columns","tablet-grid-50","mobile-grid-100","grid-parent","grid-50","no-featured-image-padding"],"yoast_head":"<!-- This site is optimized with the Yoast SEO plugin v27.4 - https:\/\/yoast.com\/product\/yoast-seo-wordpress\/ -->\n<title>Mol\u00ed hidr\u00e0ulic fariner El Blanco (Conca) - El turista tranquil<\/title>\n<meta name=\"description\" content=\"El mol\u00ed El Blanco \u00e9s un dels molins hidr\u00e0ulics que, juntament amb els de vent, van ser els mecanismes m\u00e9s usats durant segles a Espanya per a la m\u00f2lta de farina.\" \/>\n<meta name=\"robots\" content=\"index, follow, max-snippet:-1, max-image-preview:large, max-video-preview:-1\" \/>\n<link rel=\"canonical\" href=\"https:\/\/www.elturistatranquil.com\/ca\/moli-hidraulic-fariner-el-blanco-conca\/\" \/>\n<meta property=\"og:locale\" content=\"ca_ES\" \/>\n<meta property=\"og:type\" content=\"article\" \/>\n<meta property=\"og:title\" content=\"Mol\u00ed hidr\u00e0ulic fariner El Blanco (Conca) - El turista tranquil\" \/>\n<meta property=\"og:description\" content=\"El mol\u00ed El Blanco \u00e9s un dels molins hidr\u00e0ulics que, juntament amb els de vent, van ser els mecanismes m\u00e9s usats durant segles a Espanya per a la m\u00f2lta de farina.\" \/>\n<meta property=\"og:url\" content=\"https:\/\/www.elturistatranquil.com\/ca\/moli-hidraulic-fariner-el-blanco-conca\/\" \/>\n<meta property=\"og:site_name\" content=\"El turista tranquil\" \/>\n<meta property=\"article:publisher\" content=\"https:\/\/www.facebook.com\/elturistatranquilo\/\" \/>\n<meta property=\"article:published_time\" content=\"2024-04-27T15:55:29+00:00\" \/>\n<meta property=\"article:modified_time\" content=\"2024-10-08T11:48:34+00:00\" \/>\n<meta property=\"og:image\" content=\"https:\/\/www.elturistatranquil.com\/wp-content\/uploads\/F00-Molino-El-Blanco-Carrascosa-de-Haro.jpg\" \/>\n\t<meta property=\"og:image:width\" content=\"768\" \/>\n\t<meta property=\"og:image:height\" content=\"512\" \/>\n\t<meta property=\"og:image:type\" content=\"image\/jpeg\" \/>\n<meta name=\"author\" content=\"admin\" \/>\n<meta name=\"twitter:card\" content=\"summary_large_image\" \/>\n<meta name=\"twitter:label1\" content=\"Escrit per\" \/>\n\t<meta name=\"twitter:data1\" content=\"admin\" \/>\n\t<meta name=\"twitter:label2\" content=\"Temps estimat de lectura\" \/>\n\t<meta name=\"twitter:data2\" content=\"37 minuts\" \/>\n<script type=\"application\/ld+json\" class=\"yoast-schema-graph\">{\"@context\":\"https:\\\/\\\/schema.org\",\"@graph\":[{\"@type\":\"Article\",\"@id\":\"https:\\\/\\\/www.elturistatranquil.com\\\/ca\\\/moli-hidraulic-fariner-el-blanco-conca\\\/#article\",\"isPartOf\":{\"@id\":\"https:\\\/\\\/www.elturistatranquil.com\\\/ca\\\/moli-hidraulic-fariner-el-blanco-conca\\\/\"},\"author\":{\"name\":\"admin\",\"@id\":\"https:\\\/\\\/www.elturistatranquil.com\\\/ca\\\/#\\\/schema\\\/person\\\/16f607c3079b96ed0c530a52e6b58bb5\"},\"headline\":\"Mol\u00ed hidr\u00e0ulic fariner El Blanco (Conca)\",\"datePublished\":\"2024-04-27T15:55:29+00:00\",\"dateModified\":\"2024-10-08T11:48:34+00:00\",\"mainEntityOfPage\":{\"@id\":\"https:\\\/\\\/www.elturistatranquil.com\\\/ca\\\/moli-hidraulic-fariner-el-blanco-conca\\\/\"},\"wordCount\":4858,\"commentCount\":0,\"image\":{\"@id\":\"https:\\\/\\\/www.elturistatranquil.com\\\/ca\\\/moli-hidraulic-fariner-el-blanco-conca\\\/#primaryimage\"},\"thumbnailUrl\":\"https:\\\/\\\/www.elturistatranquil.com\\\/wp-content\\\/uploads\\\/F00-Molino-El-Blanco-Carrascosa-de-Haro.jpg\",\"articleSection\":[\"Arquitectura civil\",\"Conca\",\"Cultura rural\",\"Edat mitjana\",\"Etnografia\",\"Hist\u00f2ria\",\"Joies al territori\",\"Museus\",\"Patrimoni econ\u00f2mic\\\/productiu\",\"Poble\",\"Restaurant\"],\"inLanguage\":\"ca\",\"potentialAction\":[{\"@type\":\"CommentAction\",\"name\":\"Comment\",\"target\":[\"https:\\\/\\\/www.elturistatranquil.com\\\/ca\\\/moli-hidraulic-fariner-el-blanco-conca\\\/#respond\"]}]},{\"@type\":\"WebPage\",\"@id\":\"https:\\\/\\\/www.elturistatranquil.com\\\/ca\\\/moli-hidraulic-fariner-el-blanco-conca\\\/\",\"url\":\"https:\\\/\\\/www.elturistatranquil.com\\\/ca\\\/moli-hidraulic-fariner-el-blanco-conca\\\/\",\"name\":\"Mol\u00ed hidr\u00e0ulic fariner El Blanco (Conca) - El turista tranquil\",\"isPartOf\":{\"@id\":\"https:\\\/\\\/www.elturistatranquil.com\\\/ca\\\/#website\"},\"primaryImageOfPage\":{\"@id\":\"https:\\\/\\\/www.elturistatranquil.com\\\/ca\\\/moli-hidraulic-fariner-el-blanco-conca\\\/#primaryimage\"},\"image\":{\"@id\":\"https:\\\/\\\/www.elturistatranquil.com\\\/ca\\\/moli-hidraulic-fariner-el-blanco-conca\\\/#primaryimage\"},\"thumbnailUrl\":\"https:\\\/\\\/www.elturistatranquil.com\\\/wp-content\\\/uploads\\\/F00-Molino-El-Blanco-Carrascosa-de-Haro.jpg\",\"datePublished\":\"2024-04-27T15:55:29+00:00\",\"dateModified\":\"2024-10-08T11:48:34+00:00\",\"author\":{\"@id\":\"https:\\\/\\\/www.elturistatranquil.com\\\/ca\\\/#\\\/schema\\\/person\\\/16f607c3079b96ed0c530a52e6b58bb5\"},\"description\":\"El mol\u00ed El Blanco \u00e9s un dels molins hidr\u00e0ulics que, juntament amb els de vent, van ser els mecanismes m\u00e9s usats durant segles a Espanya per a la m\u00f2lta de farina.\",\"breadcrumb\":{\"@id\":\"https:\\\/\\\/www.elturistatranquil.com\\\/ca\\\/moli-hidraulic-fariner-el-blanco-conca\\\/#breadcrumb\"},\"inLanguage\":\"ca\",\"potentialAction\":[{\"@type\":\"ReadAction\",\"target\":[\"https:\\\/\\\/www.elturistatranquil.com\\\/ca\\\/moli-hidraulic-fariner-el-blanco-conca\\\/\"]}]},{\"@type\":\"ImageObject\",\"inLanguage\":\"ca\",\"@id\":\"https:\\\/\\\/www.elturistatranquil.com\\\/ca\\\/moli-hidraulic-fariner-el-blanco-conca\\\/#primaryimage\",\"url\":\"https:\\\/\\\/www.elturistatranquil.com\\\/wp-content\\\/uploads\\\/F00-Molino-El-Blanco-Carrascosa-de-Haro.jpg\",\"contentUrl\":\"https:\\\/\\\/www.elturistatranquil.com\\\/wp-content\\\/uploads\\\/F00-Molino-El-Blanco-Carrascosa-de-Haro.jpg\",\"width\":768,\"height\":512,\"caption\":\"Molino El Blanco, Carrascosa de Haro\"},{\"@type\":\"BreadcrumbList\",\"@id\":\"https:\\\/\\\/www.elturistatranquil.com\\\/ca\\\/moli-hidraulic-fariner-el-blanco-conca\\\/#breadcrumb\",\"itemListElement\":[{\"@type\":\"ListItem\",\"position\":1,\"name\":\"Portada\",\"item\":\"https:\\\/\\\/www.elturistatranquil.com\\\/ca\\\/\"},{\"@type\":\"ListItem\",\"position\":2,\"name\":\"Mol\u00ed hidr\u00e0ulic fariner El Blanco (Conca)\"}]},{\"@type\":\"WebSite\",\"@id\":\"https:\\\/\\\/www.elturistatranquil.com\\\/ca\\\/#website\",\"url\":\"https:\\\/\\\/www.elturistatranquil.com\\\/ca\\\/\",\"name\":\"El turista tranquil\",\"description\":\"Blog de viatges\",\"potentialAction\":[{\"@type\":\"SearchAction\",\"target\":{\"@type\":\"EntryPoint\",\"urlTemplate\":\"https:\\\/\\\/www.elturistatranquil.com\\\/ca\\\/?s={search_term_string}\"},\"query-input\":{\"@type\":\"PropertyValueSpecification\",\"valueRequired\":true,\"valueName\":\"search_term_string\"}}],\"inLanguage\":\"ca\"},{\"@type\":\"Person\",\"@id\":\"https:\\\/\\\/www.elturistatranquil.com\\\/ca\\\/#\\\/schema\\\/person\\\/16f607c3079b96ed0c530a52e6b58bb5\",\"name\":\"admin\",\"image\":{\"@type\":\"ImageObject\",\"inLanguage\":\"ca\",\"@id\":\"https:\\\/\\\/secure.gravatar.com\\\/avatar\\\/1fbaf22aee75fcbb29a2f97b107f95d25d3a19b7c3416105be10269872673e8d?s=96&d=mm&r=g\",\"url\":\"https:\\\/\\\/secure.gravatar.com\\\/avatar\\\/1fbaf22aee75fcbb29a2f97b107f95d25d3a19b7c3416105be10269872673e8d?s=96&d=mm&r=g\",\"contentUrl\":\"https:\\\/\\\/secure.gravatar.com\\\/avatar\\\/1fbaf22aee75fcbb29a2f97b107f95d25d3a19b7c3416105be10269872673e8d?s=96&d=mm&r=g\",\"caption\":\"admin\"}}]}<\/script>\n<!-- \/ Yoast SEO plugin. -->","yoast_head_json":{"title":"Mol\u00ed hidr\u00e0ulic fariner El Blanco (Conca) - El turista tranquil","description":"El mol\u00ed El Blanco \u00e9s un dels molins hidr\u00e0ulics que, juntament amb els de vent, van ser els mecanismes m\u00e9s usats durant segles a Espanya per a la m\u00f2lta de farina.","robots":{"index":"index","follow":"follow","max-snippet":"max-snippet:-1","max-image-preview":"max-image-preview:large","max-video-preview":"max-video-preview:-1"},"canonical":"https:\/\/www.elturistatranquil.com\/ca\/moli-hidraulic-fariner-el-blanco-conca\/","og_locale":"ca_ES","og_type":"article","og_title":"Mol\u00ed hidr\u00e0ulic fariner El Blanco (Conca) - El turista tranquil","og_description":"El mol\u00ed El Blanco \u00e9s un dels molins hidr\u00e0ulics que, juntament amb els de vent, van ser els mecanismes m\u00e9s usats durant segles a Espanya per a la m\u00f2lta de farina.","og_url":"https:\/\/www.elturistatranquil.com\/ca\/moli-hidraulic-fariner-el-blanco-conca\/","og_site_name":"El turista tranquil","article_publisher":"https:\/\/www.facebook.com\/elturistatranquilo\/","article_published_time":"2024-04-27T15:55:29+00:00","article_modified_time":"2024-10-08T11:48:34+00:00","og_image":[{"width":768,"height":512,"url":"https:\/\/www.elturistatranquil.com\/wp-content\/uploads\/F00-Molino-El-Blanco-Carrascosa-de-Haro.jpg","type":"image\/jpeg"}],"author":"admin","twitter_card":"summary_large_image","twitter_misc":{"Escrit per":"admin","Temps estimat de lectura":"37 minuts"},"schema":{"@context":"https:\/\/schema.org","@graph":[{"@type":"Article","@id":"https:\/\/www.elturistatranquil.com\/ca\/moli-hidraulic-fariner-el-blanco-conca\/#article","isPartOf":{"@id":"https:\/\/www.elturistatranquil.com\/ca\/moli-hidraulic-fariner-el-blanco-conca\/"},"author":{"name":"admin","@id":"https:\/\/www.elturistatranquil.com\/ca\/#\/schema\/person\/16f607c3079b96ed0c530a52e6b58bb5"},"headline":"Mol\u00ed hidr\u00e0ulic fariner El Blanco (Conca)","datePublished":"2024-04-27T15:55:29+00:00","dateModified":"2024-10-08T11:48:34+00:00","mainEntityOfPage":{"@id":"https:\/\/www.elturistatranquil.com\/ca\/moli-hidraulic-fariner-el-blanco-conca\/"},"wordCount":4858,"commentCount":0,"image":{"@id":"https:\/\/www.elturistatranquil.com\/ca\/moli-hidraulic-fariner-el-blanco-conca\/#primaryimage"},"thumbnailUrl":"https:\/\/www.elturistatranquil.com\/wp-content\/uploads\/F00-Molino-El-Blanco-Carrascosa-de-Haro.jpg","articleSection":["Arquitectura civil","Conca","Cultura rural","Edat mitjana","Etnografia","Hist\u00f2ria","Joies al territori","Museus","Patrimoni econ\u00f2mic\/productiu","Poble","Restaurant"],"inLanguage":"ca","potentialAction":[{"@type":"CommentAction","name":"Comment","target":["https:\/\/www.elturistatranquil.com\/ca\/moli-hidraulic-fariner-el-blanco-conca\/#respond"]}]},{"@type":"WebPage","@id":"https:\/\/www.elturistatranquil.com\/ca\/moli-hidraulic-fariner-el-blanco-conca\/","url":"https:\/\/www.elturistatranquil.com\/ca\/moli-hidraulic-fariner-el-blanco-conca\/","name":"Mol\u00ed hidr\u00e0ulic fariner El Blanco (Conca) - El turista tranquil","isPartOf":{"@id":"https:\/\/www.elturistatranquil.com\/ca\/#website"},"primaryImageOfPage":{"@id":"https:\/\/www.elturistatranquil.com\/ca\/moli-hidraulic-fariner-el-blanco-conca\/#primaryimage"},"image":{"@id":"https:\/\/www.elturistatranquil.com\/ca\/moli-hidraulic-fariner-el-blanco-conca\/#primaryimage"},"thumbnailUrl":"https:\/\/www.elturistatranquil.com\/wp-content\/uploads\/F00-Molino-El-Blanco-Carrascosa-de-Haro.jpg","datePublished":"2024-04-27T15:55:29+00:00","dateModified":"2024-10-08T11:48:34+00:00","author":{"@id":"https:\/\/www.elturistatranquil.com\/ca\/#\/schema\/person\/16f607c3079b96ed0c530a52e6b58bb5"},"description":"El mol\u00ed El Blanco \u00e9s un dels molins hidr\u00e0ulics que, juntament amb els de vent, van ser els mecanismes m\u00e9s usats durant segles a Espanya per a la m\u00f2lta de farina.","breadcrumb":{"@id":"https:\/\/www.elturistatranquil.com\/ca\/moli-hidraulic-fariner-el-blanco-conca\/#breadcrumb"},"inLanguage":"ca","potentialAction":[{"@type":"ReadAction","target":["https:\/\/www.elturistatranquil.com\/ca\/moli-hidraulic-fariner-el-blanco-conca\/"]}]},{"@type":"ImageObject","inLanguage":"ca","@id":"https:\/\/www.elturistatranquil.com\/ca\/moli-hidraulic-fariner-el-blanco-conca\/#primaryimage","url":"https:\/\/www.elturistatranquil.com\/wp-content\/uploads\/F00-Molino-El-Blanco-Carrascosa-de-Haro.jpg","contentUrl":"https:\/\/www.elturistatranquil.com\/wp-content\/uploads\/F00-Molino-El-Blanco-Carrascosa-de-Haro.jpg","width":768,"height":512,"caption":"Molino El Blanco, Carrascosa de Haro"},{"@type":"BreadcrumbList","@id":"https:\/\/www.elturistatranquil.com\/ca\/moli-hidraulic-fariner-el-blanco-conca\/#breadcrumb","itemListElement":[{"@type":"ListItem","position":1,"name":"Portada","item":"https:\/\/www.elturistatranquil.com\/ca\/"},{"@type":"ListItem","position":2,"name":"Mol\u00ed hidr\u00e0ulic fariner El Blanco (Conca)"}]},{"@type":"WebSite","@id":"https:\/\/www.elturistatranquil.com\/ca\/#website","url":"https:\/\/www.elturistatranquil.com\/ca\/","name":"El turista tranquil","description":"Blog de viatges","potentialAction":[{"@type":"SearchAction","target":{"@type":"EntryPoint","urlTemplate":"https:\/\/www.elturistatranquil.com\/ca\/?s={search_term_string}"},"query-input":{"@type":"PropertyValueSpecification","valueRequired":true,"valueName":"search_term_string"}}],"inLanguage":"ca"},{"@type":"Person","@id":"https:\/\/www.elturistatranquil.com\/ca\/#\/schema\/person\/16f607c3079b96ed0c530a52e6b58bb5","name":"admin","image":{"@type":"ImageObject","inLanguage":"ca","@id":"https:\/\/secure.gravatar.com\/avatar\/1fbaf22aee75fcbb29a2f97b107f95d25d3a19b7c3416105be10269872673e8d?s=96&d=mm&r=g","url":"https:\/\/secure.gravatar.com\/avatar\/1fbaf22aee75fcbb29a2f97b107f95d25d3a19b7c3416105be10269872673e8d?s=96&d=mm&r=g","contentUrl":"https:\/\/secure.gravatar.com\/avatar\/1fbaf22aee75fcbb29a2f97b107f95d25d3a19b7c3416105be10269872673e8d?s=96&d=mm&r=g","caption":"admin"}}]}},"_links":{"self":[{"href":"https:\/\/www.elturistatranquil.com\/ca\/wp-json\/wp\/v2\/posts\/52432","targetHints":{"allow":["GET"]}}],"collection":[{"href":"https:\/\/www.elturistatranquil.com\/ca\/wp-json\/wp\/v2\/posts"}],"about":[{"href":"https:\/\/www.elturistatranquil.com\/ca\/wp-json\/wp\/v2\/types\/post"}],"author":[{"embeddable":true,"href":"https:\/\/www.elturistatranquil.com\/ca\/wp-json\/wp\/v2\/users\/1"}],"replies":[{"embeddable":true,"href":"https:\/\/www.elturistatranquil.com\/ca\/wp-json\/wp\/v2\/comments?post=52432"}],"version-history":[{"count":5,"href":"https:\/\/www.elturistatranquil.com\/ca\/wp-json\/wp\/v2\/posts\/52432\/revisions"}],"predecessor-version":[{"id":54150,"href":"https:\/\/www.elturistatranquil.com\/ca\/wp-json\/wp\/v2\/posts\/52432\/revisions\/54150"}],"wp:featuredmedia":[{"embeddable":true,"href":"https:\/\/www.elturistatranquil.com\/ca\/wp-json\/wp\/v2\/media\/52425"}],"wp:attachment":[{"href":"https:\/\/www.elturistatranquil.com\/ca\/wp-json\/wp\/v2\/media?parent=52432"}],"wp:term":[{"taxonomy":"category","embeddable":true,"href":"https:\/\/www.elturistatranquil.com\/ca\/wp-json\/wp\/v2\/categories?post=52432"},{"taxonomy":"post_tag","embeddable":true,"href":"https:\/\/www.elturistatranquil.com\/ca\/wp-json\/wp\/v2\/tags?post=52432"}],"curies":[{"name":"wp","href":"https:\/\/api.w.org\/{rel}","templated":true}]}}