{"id":53138,"date":"2024-06-22T12:21:22","date_gmt":"2024-06-22T10:21:22","guid":{"rendered":"https:\/\/www.elturistatranquil.com\/?p=53138"},"modified":"2025-11-14T12:45:11","modified_gmt":"2025-11-14T11:45:11","slug":"castell-i-muralles-de-cuellar-segovia","status":"publish","type":"post","link":"https:\/\/www.elturistatranquil.com\/ca\/castell-i-muralles-de-cuellar-segovia\/","title":{"rendered":"Castell i muralles de Cu\u00e9llar (Seg\u00f2via)"},"content":{"rendered":"\t\t<div data-elementor-type=\"wp-post\" data-elementor-id=\"53138\" class=\"elementor elementor-53138 elementor-52698\" data-elementor-post-type=\"post\">\n\t\t\t\t\t\t<section class=\"elementor-section elementor-top-section elementor-element elementor-element-79503acf elementor-section-boxed elementor-section-height-default elementor-section-height-default\" data-id=\"79503acf\" data-element_type=\"section\" data-e-type=\"section\">\n\t\t\t\t\t\t<div class=\"elementor-container elementor-column-gap-default\">\n\t\t\t\t\t<div class=\"elementor-column elementor-col-100 elementor-top-column elementor-element elementor-element-1d201b38\" data-id=\"1d201b38\" data-element_type=\"column\" data-e-type=\"column\">\n\t\t\t<div class=\"elementor-widget-wrap elementor-element-populated\">\n\t\t\t\t\t\t<section class=\"elementor-section elementor-inner-section elementor-element elementor-element-8a4dda9 elementor-section-content-middle elementor-section-boxed elementor-section-height-default elementor-section-height-default\" data-id=\"8a4dda9\" data-element_type=\"section\" data-e-type=\"section\">\n\t\t\t\t\t\t<div class=\"elementor-container elementor-column-gap-default\">\n\t\t\t\t\t<div class=\"elementor-column elementor-col-100 elementor-inner-column elementor-element elementor-element-422de1b5\" data-id=\"422de1b5\" data-element_type=\"column\" data-e-type=\"column\">\n\t\t\t<div class=\"elementor-widget-wrap elementor-element-populated\">\n\t\t\t\t\t\t<div class=\"elementor-element elementor-element-2a5b57c4 elementor-widget elementor-widget-text-editor\" data-id=\"2a5b57c4\" data-element_type=\"widget\" data-e-type=\"widget\" data-widget_type=\"text-editor.default\">\n\t\t\t\t<div class=\"elementor-widget-container\">\n\t\t\t\t\t\t\t\t\t<p><strong>Castell i muralles de Cu\u00e9llar<\/strong> (Seg\u00f2via) una vila que a l&#8217;Edat Mitjana va ser resid\u00e8ncia reial i on els ducs d&#8217;Alburquerque van convertir la seva resid\u00e8ncia en castell-palau. Impacta el seu doble recinte murat.<\/p>\t\t\t\t\t\t\t\t<\/div>\n\t\t\t\t<\/div>\n\t\t\t\t\t<\/div>\n\t\t<\/div>\n\t\t\t\t\t<\/div>\n\t\t<\/section>\n\t\t\t\t<div class=\"elementor-element elementor-element-753ad59d elementor-widget elementor-widget-heading\" data-id=\"753ad59d\" data-element_type=\"widget\" data-e-type=\"widget\" data-widget_type=\"heading.default\">\n\t\t\t\t<div class=\"elementor-widget-container\">\n\t\t\t\t\t<h1 class=\"elementor-heading-title elementor-size-default\">Castell i muralles de Cu\u00e9llar (Seg\u00f2via)<\/h1>\t\t\t\t<\/div>\n\t\t\t\t<\/div>\n\t\t\t\t\t<\/div>\n\t\t<\/div>\n\t\t\t\t\t<\/div>\n\t\t<\/section>\n\t\t\t\t<section class=\"elementor-section elementor-top-section elementor-element elementor-element-110756dc elementor-section-boxed elementor-section-height-default elementor-section-height-default\" data-id=\"110756dc\" data-element_type=\"section\" data-e-type=\"section\">\n\t\t\t\t\t\t<div class=\"elementor-container elementor-column-gap-default\">\n\t\t\t\t\t<div class=\"elementor-column elementor-col-100 elementor-top-column elementor-element elementor-element-5ae2745\" data-id=\"5ae2745\" data-element_type=\"column\" data-e-type=\"column\">\n\t\t\t<div class=\"elementor-widget-wrap elementor-element-populated\">\n\t\t\t\t\t\t<div class=\"elementor-element elementor-element-218e5d41 elementor-widget elementor-widget-image\" data-id=\"218e5d41\" data-element_type=\"widget\" data-e-type=\"widget\" data-widget_type=\"image.default\">\n\t\t\t\t<div class=\"elementor-widget-container\">\n\t\t\t\t\t\t\t\t\t\t\t\t<figure class=\"wp-caption\">\n\t\t\t\t\t\t\t\t\t\t<img fetchpriority=\"high\" decoding=\"async\" width=\"768\" height=\"512\" src=\"https:\/\/www.elturistatranquil.com\/wp-content\/uploads\/F01-Cuellar-castillo-y-murallas-Google-earth-202406-11.jpg\" class=\"attachment-large size-large wp-image-52713\" alt=\"Cuellar, castillo y murallas (Google earth 202406-11)\" srcset=\"https:\/\/www.elturistatranquil.com\/wp-content\/uploads\/F01-Cuellar-castillo-y-murallas-Google-earth-202406-11.jpg 768w, https:\/\/www.elturistatranquil.com\/wp-content\/uploads\/F01-Cuellar-castillo-y-murallas-Google-earth-202406-11-339x226.jpg 339w\" sizes=\"(max-width: 768px) 100vw, 768px\" \/>\t\t\t\t\t\t\t\t\t\t\t<figcaption class=\"widget-image-caption wp-caption-text\">Cu\u00e9llar, castell i muralles (Google earth 2024-06-11)<\/figcaption>\n\t\t\t\t\t\t\t\t\t\t<\/figure>\n\t\t\t\t\t\t\t\t\t<\/div>\n\t\t\t\t<\/div>\n\t\t\t\t<div class=\"elementor-element elementor-element-30337cee elementor-widget elementor-widget-spacer\" data-id=\"30337cee\" data-element_type=\"widget\" data-e-type=\"widget\" data-widget_type=\"spacer.default\">\n\t\t\t\t<div class=\"elementor-widget-container\">\n\t\t\t\t\t\t\t<div class=\"elementor-spacer\">\n\t\t\t<div class=\"elementor-spacer-inner\"><\/div>\n\t\t<\/div>\n\t\t\t\t\t\t<\/div>\n\t\t\t\t<\/div>\n\t\t\t\t<section class=\"elementor-section elementor-inner-section elementor-element elementor-element-5ef00bbb elementor-section-boxed elementor-section-height-default elementor-section-height-default\" data-id=\"5ef00bbb\" data-element_type=\"section\" data-e-type=\"section\" data-settings=\"{&quot;background_background&quot;:&quot;classic&quot;}\">\n\t\t\t\t\t\t\t<div class=\"elementor-background-overlay\"><\/div>\n\t\t\t\t\t\t\t<div class=\"elementor-container elementor-column-gap-default\">\n\t\t\t\t\t<div class=\"elementor-column elementor-col-100 elementor-inner-column elementor-element elementor-element-45f3bbe4\" data-id=\"45f3bbe4\" data-element_type=\"column\" data-e-type=\"column\" data-settings=\"{&quot;background_background&quot;:&quot;classic&quot;}\">\n\t\t\t<div class=\"elementor-widget-wrap elementor-element-populated\">\n\t\t\t\t\t\t<div class=\"elementor-element elementor-element-1e04f5ec elementor-widget elementor-widget-text-editor\" data-id=\"1e04f5ec\" data-element_type=\"widget\" data-e-type=\"widget\" data-widget_type=\"text-editor.default\">\n\t\t\t\t<div class=\"elementor-widget-container\">\n\t\t\t\t\t\t\t\t\t<p>Comarca: Tierra de Pinares. Prov\u00edncia: Segovia. Com. Aut\u00f2noma: Castilla y Le\u00f3n<\/p><p>Coordenades:\u00a0 Altitud: 857 msnm. Poblaci\u00f3: 8.530 habitants en la localitat<\/p><p>Web: <a href=\"https:\/\/www.cuellar.es\/\" target=\"_blank\" rel=\"noopener\">turismodecuellar<\/a><\/p><p><em>B\u00e9 d&#8217;Inter\u00e8s Cultural (BIC): Conjunt Hist\u00f2ric<\/em><\/p><p>Visita: 2023<\/p>\t\t\t\t\t\t\t\t<\/div>\n\t\t\t\t<\/div>\n\t\t\t\t\t<\/div>\n\t\t<\/div>\n\t\t\t\t\t<\/div>\n\t\t<\/section>\n\t\t\t\t<div class=\"elementor-element elementor-element-56a37b15 elementor-widget elementor-widget-image\" data-id=\"56a37b15\" data-element_type=\"widget\" data-e-type=\"widget\" data-widget_type=\"image.default\">\n\t\t\t\t<div class=\"elementor-widget-container\">\n\t\t\t\t\t\t\t\t\t\t\t\t<figure class=\"wp-caption\">\n\t\t\t\t\t\t\t\t\t\t<img decoding=\"async\" width=\"768\" height=\"513\" src=\"https:\/\/www.elturistatranquil.com\/wp-content\/uploads\/F02c-Mapa-de-situacio-de-Cuellar-Google-maps-2024-06-11.jpg\" class=\"attachment-medium_large size-medium_large wp-image-53140\" alt=\"Mapa de situaci\u00f3 de Cu\u00e9llar (Google maps 2024-06-11)\" srcset=\"https:\/\/www.elturistatranquil.com\/wp-content\/uploads\/F02c-Mapa-de-situacio-de-Cuellar-Google-maps-2024-06-11.jpg 768w, https:\/\/www.elturistatranquil.com\/wp-content\/uploads\/F02c-Mapa-de-situacio-de-Cuellar-Google-maps-2024-06-11-339x226.jpg 339w\" sizes=\"(max-width: 768px) 100vw, 768px\" \/>\t\t\t\t\t\t\t\t\t\t\t<figcaption class=\"widget-image-caption wp-caption-text\">Mapa de situaci\u00f3 de Cu\u00e9llar (Google maps 2024-06-11)<\/figcaption>\n\t\t\t\t\t\t\t\t\t\t<\/figure>\n\t\t\t\t\t\t\t\t\t<\/div>\n\t\t\t\t<\/div>\n\t\t\t\t<div class=\"elementor-element elementor-element-64e71939 elementor-widget elementor-widget-spacer\" data-id=\"64e71939\" data-element_type=\"widget\" data-e-type=\"widget\" data-widget_type=\"spacer.default\">\n\t\t\t\t<div class=\"elementor-widget-container\">\n\t\t\t\t\t\t\t<div class=\"elementor-spacer\">\n\t\t\t<div class=\"elementor-spacer-inner\"><\/div>\n\t\t<\/div>\n\t\t\t\t\t\t<\/div>\n\t\t\t\t<\/div>\n\t\t\t\t<div class=\"elementor-element elementor-element-1a6ffbbb elementor-toc--minimized-on-tablet elementor-widget elementor-widget-table-of-contents\" data-id=\"1a6ffbbb\" data-element_type=\"widget\" data-e-type=\"widget\" data-settings=\"{&quot;headings_by_tags&quot;:[&quot;h2&quot;,&quot;h3&quot;,&quot;h4&quot;],&quot;marker_view&quot;:&quot;bullets&quot;,&quot;icon&quot;:{&quot;value&quot;:&quot;&quot;,&quot;library&quot;:&quot;&quot;},&quot;no_headings_message&quot;:&quot;No se ha encontrado ning\\u00fan encabezado en esta p\\u00e1gina.&quot;,&quot;minimize_box&quot;:&quot;yes&quot;,&quot;minimized_on&quot;:&quot;tablet&quot;,&quot;hierarchical_view&quot;:&quot;yes&quot;,&quot;min_height&quot;:{&quot;unit&quot;:&quot;px&quot;,&quot;size&quot;:&quot;&quot;,&quot;sizes&quot;:[]},&quot;min_height_tablet&quot;:{&quot;unit&quot;:&quot;px&quot;,&quot;size&quot;:&quot;&quot;,&quot;sizes&quot;:[]},&quot;min_height_mobile&quot;:{&quot;unit&quot;:&quot;px&quot;,&quot;size&quot;:&quot;&quot;,&quot;sizes&quot;:[]}}\" data-widget_type=\"table-of-contents.default\">\n\t\t\t\t<div class=\"elementor-widget-container\">\n\t\t\t\t\t\t\t\t\t<div class=\"elementor-toc__header\">\n\t\t\t\t\t\t<h4 class=\"elementor-toc__header-title\">\n\t\t\t\t\u00cdndex\t\t\t<\/h4>\n\t\t\t\t\t\t\t\t\t\t<div class=\"elementor-toc__toggle-button elementor-toc__toggle-button--expand\" role=\"button\" tabindex=\"0\" aria-controls=\"elementor-toc__1a6ffbbb\" aria-expanded=\"true\" aria-label=\"Open table of contents\"><i aria-hidden=\"true\" class=\"fas fa-chevron-down\"><\/i><\/div>\n\t\t\t\t<div class=\"elementor-toc__toggle-button elementor-toc__toggle-button--collapse\" role=\"button\" tabindex=\"0\" aria-controls=\"elementor-toc__1a6ffbbb\" aria-expanded=\"true\" aria-label=\"Close table of contents\"><i aria-hidden=\"true\" class=\"fas fa-chevron-up\"><\/i><\/div>\n\t\t\t\t\t<\/div>\n\t\t\t\t<div id=\"elementor-toc__1a6ffbbb\" class=\"elementor-toc__body\">\n\t\t\t<div class=\"elementor-toc__spinner-container\">\n\t\t\t\t<i class=\"elementor-toc__spinner eicon-animation-spin eicon-loading\" aria-hidden=\"true\"><\/i>\t\t\t<\/div>\n\t\t<\/div>\n\t\t\t\t\t\t<\/div>\n\t\t\t\t<\/div>\n\t\t\t\t<div class=\"elementor-element elementor-element-2ffde259 elementor-widget elementor-widget-menu-anchor\" data-id=\"2ffde259\" data-element_type=\"widget\" data-e-type=\"widget\" data-widget_type=\"menu-anchor.default\">\n\t\t\t\t<div class=\"elementor-widget-container\">\n\t\t\t\t\t\t\t<div class=\"elementor-menu-anchor\" id=\"a0101-EnlaceaunpuntodentrodelPost\"><\/div>\n\t\t\t\t\t\t<\/div>\n\t\t\t\t<\/div>\n\t\t\t\t<div class=\"elementor-element elementor-element-59c9ad1f elementor-widget elementor-widget-spacer\" data-id=\"59c9ad1f\" data-element_type=\"widget\" data-e-type=\"widget\" data-widget_type=\"spacer.default\">\n\t\t\t\t<div class=\"elementor-widget-container\">\n\t\t\t\t\t\t\t<div class=\"elementor-spacer\">\n\t\t\t<div class=\"elementor-spacer-inner\"><\/div>\n\t\t<\/div>\n\t\t\t\t\t\t<\/div>\n\t\t\t\t<\/div>\n\t\t\t\t<div class=\"elementor-element elementor-element-451bd17 elementor-widget elementor-widget-heading\" data-id=\"451bd17\" data-element_type=\"widget\" data-e-type=\"widget\" data-widget_type=\"heading.default\">\n\t\t\t\t<div class=\"elementor-widget-container\">\n\t\t\t\t\t<h2 class=\"elementor-heading-title elementor-size-default\">Castell i muralles de Cu\u00e9llar. Tierra de Pinares. Seg\u00f2via<\/h2>\t\t\t\t<\/div>\n\t\t\t\t<\/div>\n\t\t\t\t<div class=\"elementor-element elementor-element-489aa26c elementor-widget elementor-widget-text-editor\" data-id=\"489aa26c\" data-element_type=\"widget\" data-e-type=\"widget\" data-widget_type=\"text-editor.default\">\n\t\t\t\t<div class=\"elementor-widget-container\">\n\t\t\t\t\t\t\t\t\t<p>La vila de <strong>Cu\u00e9llar<\/strong> \u00e9s part important en la hist\u00f2ria de la recuperaci\u00f3 i repoblaci\u00f3 cristiana de la vall del Duero des del segle X, a partir de la batalla de Simancas (939).<\/p><p>A l\u00b4important manteniment d\u00b4aquest recinte fortificat format per castell i muralles urbanes han contribu\u00eft dos fets essencials.<\/p><p>Per al castell, haver pertangut de forma continuada des de 1465 fins a l&#8217;actualitat a la casa d&#8217;Alburquerque. Amb per\u00edodes atzarosos des del 1811, any de la fi dels senyorius a Espanya, per\u00f2 mantenint sempre l&#8217;edifici alguna forma de funcionalitat, ha impedit que s&#8217;arru\u00efn\u00e9s, com tants d&#8217;altres. Actualment \u00e9s cedit al Ministeri d&#8217;Educaci\u00f3.<\/p><p>Per a les muralles, l&#8217;inter\u00e8s del municipi i del Ministeri de Foment per rehabilitar part de la primera tanca i potenciar tur\u00edsticament la localitat.<\/p><p>Sobre la import\u00e0ncia de Cu\u00e9llar en certs moments hist\u00f2rics, indicar que al segle XI va arribar a ser resid\u00e8ncia reial en per\u00edodes del regnat d&#8217;Alfonso V o al segle XIII amb el rei Sancho IV o la regent Mar\u00eda de Molina. Tamb\u00e9 a Cu\u00e9llar es van convocar en diverses ocasions Corts Generals, com el 1184, 1297 i 1454.<\/p>\t\t\t\t\t\t\t\t<\/div>\n\t\t\t\t<\/div>\n\t\t\t\t<div class=\"elementor-element elementor-element-6b464c5f elementor-widget elementor-widget-heading\" data-id=\"6b464c5f\" data-element_type=\"widget\" data-e-type=\"widget\" data-widget_type=\"heading.default\">\n\t\t\t\t<div class=\"elementor-widget-container\">\n\t\t\t\t\t<h2 class=\"elementor-heading-title elementor-size-default\">Alguns esdeveniments significatius a la hist\u00f2ria de Cu\u00e9llar<\/h2>\t\t\t\t<\/div>\n\t\t\t\t<\/div>\n\t\t\t\t<div class=\"elementor-element elementor-element-30d21954 elementor-widget elementor-widget-heading\" data-id=\"30d21954\" data-element_type=\"widget\" data-e-type=\"widget\" data-widget_type=\"heading.default\">\n\t\t\t\t<div class=\"elementor-widget-container\">\n\t\t\t\t\t<h5 class=\"elementor-heading-title elementor-size-default\">Dels vacceus a l'Edat Mitjana<\/h5>\t\t\t\t<\/div>\n\t\t\t\t<\/div>\n\t\t\t\t<div class=\"elementor-element elementor-element-7907198 elementor-widget elementor-widget-text-editor\" data-id=\"7907198\" data-element_type=\"widget\" data-e-type=\"widget\" data-widget_type=\"text-editor.default\">\n\t\t\t\t<div class=\"elementor-widget-container\">\n\t\t\t\t\t\t\t\t\t<p>Els primers indicis d&#8217;ocupaci\u00f3 de Cu\u00e9llar corresponen als vacceus, cap a l&#8217;any 350 aC.<\/p><p>No se sap si els romans la van ocupar o la van arrasar perqu\u00e8 no es conserven vestigis.<\/p><p>En \u00e8poca visigoda la poblaci\u00f3 ocupava el tur\u00f3 proper de Castilviejo, on tamb\u00e9 es devia establir-se el primer assentament de repoblaci\u00f3 cristiana als anys 940.<\/p>\t\t\t\t\t\t\t\t<\/div>\n\t\t\t\t<\/div>\n\t\t\t\t<div class=\"elementor-element elementor-element-31e4247 elementor-widget elementor-widget-heading\" data-id=\"31e4247\" data-element_type=\"widget\" data-e-type=\"widget\" data-widget_type=\"heading.default\">\n\t\t\t\t<div class=\"elementor-widget-container\">\n\t\t\t\t\t<h5 class=\"elementor-heading-title elementor-size-default\">Primera repoblaci\u00f3 pels comtes de Monz\u00f3n<\/h5>\t\t\t\t<\/div>\n\t\t\t\t<\/div>\n\t\t\t\t<div class=\"elementor-element elementor-element-67b0eca elementor-widget elementor-widget-text-editor\" data-id=\"67b0eca\" data-element_type=\"widget\" data-e-type=\"widget\" data-widget_type=\"text-editor.default\">\n\t\t\t\t<div class=\"elementor-widget-container\">\n\t\t\t\t\t\t\t\t\t<p>Despr\u00e9s de la batalla de Simancas de l&#8217;any 939, en qu\u00e8 Ramiro II de Le\u00f3n derrota Abderram\u00e1n III, comen\u00e7a la repoblaci\u00f3 del sud del Duero.<\/p><p>El rei encarrega la repoblaci\u00f3 al sud del riu Duero, a la denominada Marca Central, als comtes de Monz\u00f3n, sent Assur Fern\u00e1ndez i Fernando Ans\u00farez II els que l&#8217;executen.<\/p><p>La primera dada escrita que es t\u00e9 de Cu\u00e9llar (Collar) \u00e9s de l&#8217;any 942. La poblaci\u00f3 s&#8217;assenta a Castilviejo, a la zona propera m\u00e9s elevada a l&#8217;altipl\u00e0 que posteriorment ocupar\u00e0 Cu\u00e9llar.<\/p>\t\t\t\t\t\t\t\t<\/div>\n\t\t\t\t<\/div>\n\t\t\t\t<div class=\"elementor-element elementor-element-68d0f28 elementor-widget elementor-widget-heading\" data-id=\"68d0f28\" data-element_type=\"widget\" data-e-type=\"widget\" data-widget_type=\"heading.default\">\n\t\t\t\t<div class=\"elementor-widget-container\">\n\t\t\t\t\t<h5 class=\"elementor-heading-title elementor-size-default\">Reconquesta per Almansor<\/h5>\t\t\t\t<\/div>\n\t\t\t\t<\/div>\n\t\t\t\t<div class=\"elementor-element elementor-element-a5255ad elementor-widget elementor-widget-text-editor\" data-id=\"a5255ad\" data-element_type=\"widget\" data-e-type=\"widget\" data-widget_type=\"text-editor.default\">\n\t\t\t\t<div class=\"elementor-widget-container\">\n\t\t\t\t\t\t\t\t\t<p>L&#8217;any 977 Almansor reconquereix el sud del Duero, i aquesta zona torna a quedar despoblada.<\/p><p>Despr\u00e9s de la seva mort i la del seu fill Adb al-Malik, al califat de C\u00f2rdova se succeeixen en una s\u00e8rie de lluites internes que porten a l&#8217;enfonsament del califat el 1031 i a l&#8217;inici dels anomenats Regnes de Taifes. Aquesta inestabilitat interna \u00e9s aprofitada pels regnes cristians del nord per avan\u00e7ar cap al sud.<\/p><p>Abans de la conquesta de Toledo pel rei Alfonso VI de Lle\u00f3 l&#8217;any 1085, sembla que ja s&#8217;ha iniciat la repoblaci\u00f3 d&#8217;aquesta zona i que des de Castilviejo la poblaci\u00f3 s&#8217;ha despla\u00e7at a l&#8217;altipl\u00e0 buit que ocupa actualment, construint la fortalesa i el primer recinte murat de la vila.<\/p><p>La primera fortalesa del segle XI va haver de ser un simple recinte protector, de forma quadrangular, amb els costats occidental, meridional i el v\u00e8rtex sud-oest en xamfr\u00e0 adaptats a l&#8217;orografia.<\/p>\t\t\t\t\t\t\t\t<\/div>\n\t\t\t\t<\/div>\n\t\t\t\t<div class=\"elementor-element elementor-element-4c815d1e elementor-widget elementor-widget-image\" data-id=\"4c815d1e\" data-element_type=\"widget\" data-e-type=\"widget\" data-widget_type=\"image.default\">\n\t\t\t\t<div class=\"elementor-widget-container\">\n\t\t\t\t\t\t\t\t\t\t\t\t<figure class=\"wp-caption\">\n\t\t\t\t\t\t\t\t\t\t<img decoding=\"async\" width=\"768\" height=\"512\" src=\"https:\/\/www.elturistatranquil.com\/wp-content\/uploads\/F03-Castillo-de-Cuellar.-Plano-1-Fuente-Sobre-dibujos-del-libro-de-Juan-Armindo-Hernandez-Montero.jpg\" class=\"attachment-large size-large wp-image-52717\" alt=\"Castillo de Cuellar. Plano 1 (Fuente- Sobre dibujos del libro de Juan Armindo Hern\u00e1ndez Montero)\" srcset=\"https:\/\/www.elturistatranquil.com\/wp-content\/uploads\/F03-Castillo-de-Cuellar.-Plano-1-Fuente-Sobre-dibujos-del-libro-de-Juan-Armindo-Hernandez-Montero.jpg 768w, https:\/\/www.elturistatranquil.com\/wp-content\/uploads\/F03-Castillo-de-Cuellar.-Plano-1-Fuente-Sobre-dibujos-del-libro-de-Juan-Armindo-Hernandez-Montero-339x226.jpg 339w\" sizes=\"(max-width: 768px) 100vw, 768px\" \/>\t\t\t\t\t\t\t\t\t\t\t<figcaption class=\"widget-image-caption wp-caption-text\">Pl\u00e0nol 1 (Font: Sobre dibuixos del llibre de Juan Armindo Hern\u00e1ndez Montero)<\/figcaption>\n\t\t\t\t\t\t\t\t\t\t<\/figure>\n\t\t\t\t\t\t\t\t\t<\/div>\n\t\t\t\t<\/div>\n\t\t\t\t<div class=\"elementor-element elementor-element-4f33c08 elementor-widget elementor-widget-text-editor\" data-id=\"4f33c08\" data-element_type=\"widget\" data-e-type=\"widget\" data-widget_type=\"text-editor.default\">\n\t\t\t\t<div class=\"elementor-widget-container\">\n\t\t\t\t\t\t\t\t\t<p>Per protegir la poblaci\u00f3 es va construir una primera tanca formant el que es va anomenar la ciutadella (l\u00ednia vermella). La l\u00ednia groga mostra la segona tanca constru\u00efda posteriorment.<\/p>\t\t\t\t\t\t\t\t<\/div>\n\t\t\t\t<\/div>\n\t\t\t\t<div class=\"elementor-element elementor-element-e601e08 elementor-widget elementor-widget-image\" data-id=\"e601e08\" data-element_type=\"widget\" data-e-type=\"widget\" data-widget_type=\"image.default\">\n\t\t\t\t<div class=\"elementor-widget-container\">\n\t\t\t\t\t\t\t\t\t\t\t\t<figure class=\"wp-caption\">\n\t\t\t\t\t\t\t\t\t\t<img loading=\"lazy\" decoding=\"async\" width=\"768\" height=\"512\" src=\"https:\/\/www.elturistatranquil.com\/wp-content\/uploads\/F04-Cercas-de-Cuellar-Segovia-Google-earth-2024-06-16.jpg\" class=\"attachment-large size-large wp-image-52723\" alt=\"Cercas de Cuellar, Segovia (Google earth 2024-06-16)\" srcset=\"https:\/\/www.elturistatranquil.com\/wp-content\/uploads\/F04-Cercas-de-Cuellar-Segovia-Google-earth-2024-06-16.jpg 768w, https:\/\/www.elturistatranquil.com\/wp-content\/uploads\/F04-Cercas-de-Cuellar-Segovia-Google-earth-2024-06-16-339x226.jpg 339w\" sizes=\"(max-width: 768px) 100vw, 768px\" \/>\t\t\t\t\t\t\t\t\t\t\t<figcaption class=\"widget-image-caption wp-caption-text\">Tanques de Cu\u00e9llar (Google earth 2024-06-16)<\/figcaption>\n\t\t\t\t\t\t\t\t\t\t<\/figure>\n\t\t\t\t\t\t\t\t\t<\/div>\n\t\t\t\t<\/div>\n\t\t\t\t<div class=\"elementor-element elementor-element-01002b8 elementor-widget elementor-widget-text-editor\" data-id=\"01002b8\" data-element_type=\"widget\" data-e-type=\"widget\" data-widget_type=\"text-editor.default\">\n\t\t\t\t<div class=\"elementor-widget-container\">\n\t\t\t\t\t\t\t\t\t<p>La conquesta de Toledo despla\u00e7a definitivament la frontera fins al Tajo, tornant la tranquil\u00b7litat a aquest territori. En aquestes circumst\u00e0ncies, despr\u00e9s de la fundaci\u00f3 de Valladolid l&#8217;any 1084, Alfonso VI encarrega la repoblaci\u00f3 d&#8217;aquestes terres al comte Pedro Ans\u00farez, de manera que es consolida la repoblaci\u00f3 definitiva.<\/p><p>Ans\u00farez designa Albar Fa\u00f1e per repoblar la vila de Cu\u00e9llar (Collar) i poc despr\u00e9s se la dona en casar amb la seva filla Mar\u00eda P\u00e9rez.<\/p><p>La poblaci\u00f3 s&#8217;ha expandit m\u00e9s enll\u00e0 de la muralla pel costat de llevant, baixant cap al riu, per la qual cosa a principis del segle XII s&#8217;ampliar\u00e0 la tanca amb un segon recinte.<\/p>\t\t\t\t\t\t\t\t<\/div>\n\t\t\t\t<\/div>\n\t\t\t\t<div class=\"elementor-element elementor-element-8e867af elementor-widget elementor-widget-heading\" data-id=\"8e867af\" data-element_type=\"widget\" data-e-type=\"widget\" data-widget_type=\"heading.default\">\n\t\t\t\t<div class=\"elementor-widget-container\">\n\t\t\t\t\t<h5 class=\"elementor-heading-title elementor-size-default\">Terra de reialenc. Comunitat de Vila i Terra<\/h5>\t\t\t\t<\/div>\n\t\t\t\t<\/div>\n\t\t\t\t<div class=\"elementor-element elementor-element-8dd1d1e elementor-widget elementor-widget-text-editor\" data-id=\"8dd1d1e\" data-element_type=\"widget\" data-e-type=\"widget\" data-widget_type=\"text-editor.default\">\n\t\t\t\t<div class=\"elementor-widget-container\">\n\t\t\t\t\t\t\t\t\t<p>En ser terres de reialenc es constituiran a Comunitat de Terra i Vila, amb un Consell presidit per l&#8217;alcalde de la Vila.<\/p><p>El primer document conegut del Consell i la Comunitat de Vila i Terra \u00e9s de l&#8217;any 1147.<\/p><p>En 1233, el rei Fernando III reconeix el privilegi per a Cu\u00e9llar &#8220;de no l&#8217;axenar de la Corona Real&#8221;. Mentre que, el 1252, Alfonso X li atorga Fur Reial el 1258, i Sancho IV \u00e9s el primer rei que es nomena senyor de Cu\u00e9llar.<\/p><p>Des de 1284 el rei Sancho IV i la seva dona Mar\u00eda de Molina estableixen la seva resid\u00e8ncia a la vila, per la qual cosa fan importants obres per adaptar la fortalesa militar a resid\u00e8ncia reial. Durant la reg\u00e8ncia de Maria de Molina per minoria d&#8217;edat de Fernando IV, el 1297 convoca Corts a la vila.<\/p><p>La resid\u00e8ncia dels reis a Cu\u00e9llar durant diversos anys fa que la vila sigui un atractiu lloc per a l&#8217;assentament de nou recintes eclesials i conventuals, com els convents de San Francisco i de Santa Clara, i altres a les terres de Cu\u00e9llar.<\/p><p>Tamb\u00e9 Pedro I mostra inter\u00e8s per Cu\u00e9llar, construint una casa-palau dins la vila, on el 1354 celebra el seu casament amb Juana de Castro.<\/p><p>Despr\u00e9s de la mort de Leonor d&#8217;Arag\u00f3, l&#8217;esposa de Juan I de Castella, a Cu\u00e9llar l&#8217;any 1382, el rei cedeix el senyoriu de la vila al seu fill l&#8217;infant Fernando &#8220;el d&#8217;Antequera&#8221;. Amb aix\u00f2, la Comunitat de Vila i Terra de Cu\u00e9llar deixa de pert\u00e0nyer a la Corona.<\/p>\t\t\t\t\t\t\t\t<\/div>\n\t\t\t\t<\/div>\n\t\t\t\t<div class=\"elementor-element elementor-element-f9b4983 elementor-widget elementor-widget-heading\" data-id=\"f9b4983\" data-element_type=\"widget\" data-e-type=\"widget\" data-widget_type=\"heading.default\">\n\t\t\t\t<div class=\"elementor-widget-container\">\n\t\t\t\t\t<h5 class=\"elementor-heading-title elementor-size-default\">Anys convulsos i canvis de senyors<\/h5>\t\t\t\t<\/div>\n\t\t\t\t<\/div>\n\t\t\t\t<div class=\"elementor-element elementor-element-d56c829 elementor-widget elementor-widget-text-editor\" data-id=\"d56c829\" data-element_type=\"widget\" data-e-type=\"widget\" data-widget_type=\"text-editor.default\">\n\t\t\t\t<div class=\"elementor-widget-container\">\n\t\t\t\t\t\t\t\t\t<p>El 1412, despr\u00e9s del Comprom\u00eds de Casp, on \u00e9s proclamat Fernando d&#8217;Antequera com a rei de la Corona d&#8217;Arag\u00f3 com a Ferran I, la vila de Cu\u00e9llar que havia rebut del seu pare Juan I de Castella, passa a integrar-se al Regne d&#8217;Arag\u00f3.<\/p><p>Ferran I d&#8217;Arag\u00f3 cedeix el 1416 la vila i les seves terres al seu fill l&#8217;infant Joan (que ser\u00e0 Joan II d&#8217;Arag\u00f3).<\/p><p>Seran anys convulsos per a Cu\u00e9llar que passar\u00e0 a les mans de la Corona de Navarra.<\/p><p>Entre 1420 i 1430 es produeix el conflicte entre els Infants d&#8217;Arag\u00f3 i el rei Juan II de Castella. Juan II confisca les seves possessions als Infants d&#8217;Arag\u00f3 i se les dona a Fadrique, Conde de Luna, per\u00f2 de fet no ser\u00e0 fins a 1444 que deixin de pert\u00e0nyer al regne de Navarra i el 1445 prengui possessi\u00f3 de Cu\u00e9llar el conestable \u00c1lvaro de Luna.<\/p>\t\t\t\t\t\t\t\t<\/div>\n\t\t\t\t<\/div>\n\t\t\t\t<div class=\"elementor-element elementor-element-675b095 elementor-widget elementor-widget-heading\" data-id=\"675b095\" data-element_type=\"widget\" data-e-type=\"widget\" data-widget_type=\"heading.default\">\n\t\t\t\t<div class=\"elementor-widget-container\">\n\t\t\t\t\t<h5 class=\"elementor-heading-title elementor-size-default\">Cu\u00e9llar al senyoriu del conestable \u00c1lvaro de Luna<\/h5>\t\t\t\t<\/div>\n\t\t\t\t<\/div>\n\t\t\t\t<div class=\"elementor-element elementor-element-690d964 elementor-widget elementor-widget-text-editor\" data-id=\"690d964\" data-element_type=\"widget\" data-e-type=\"widget\" data-widget_type=\"text-editor.default\">\n\t\t\t\t<div class=\"elementor-widget-container\">\n\t\t\t\t\t\t\t\t\t<p>Del 1444 al 1453 seran uns vuit anys en qu\u00e8 el conestable posar\u00e0 un gran afany a enfortir i embellir les seves possessions, i, entre elles, la vila de Cu\u00e9llar.<\/p><p>D&#8217;una banda, converteix el castell en un <a href=\"https:\/\/www.elturistatranquil.com\/ca\/els-castells-medievals-a-espanya-tipologies\/#b1203\" target=\"_blank\" rel=\"noopener\">castell-palau<\/a> com a resid\u00e8ncia senyorial, com estava de moda en aquell moment entre els senyors al regne de Castella i Lle\u00f3.<\/p>\t\t\t\t\t\t\t\t<\/div>\n\t\t\t\t<\/div>\n\t\t\t\t<div class=\"elementor-element elementor-element-960912d elementor-widget elementor-widget-image\" data-id=\"960912d\" data-element_type=\"widget\" data-e-type=\"widget\" data-widget_type=\"image.default\">\n\t\t\t\t<div class=\"elementor-widget-container\">\n\t\t\t\t\t\t\t\t\t\t\t\t<figure class=\"wp-caption\">\n\t\t\t\t\t\t\t\t\t\t<img loading=\"lazy\" decoding=\"async\" width=\"768\" height=\"511\" src=\"https:\/\/www.elturistatranquil.com\/wp-content\/uploads\/F05-Castillo-de-Cuellar.-Plano-2-Fuente-Sobre-dibujos-del-libro-de-Juan-Armindo-Hernandez-Montero.jpg\" class=\"attachment-large size-large wp-image-52719\" alt=\"Castillo de Cuellar. Plano 2 (Fuente- Sobre dibujos del libro de Juan Armindo Hern\u00e1ndez Montero)\" srcset=\"https:\/\/www.elturistatranquil.com\/wp-content\/uploads\/F05-Castillo-de-Cuellar.-Plano-2-Fuente-Sobre-dibujos-del-libro-de-Juan-Armindo-Hernandez-Montero.jpg 768w, https:\/\/www.elturistatranquil.com\/wp-content\/uploads\/F05-Castillo-de-Cuellar.-Plano-2-Fuente-Sobre-dibujos-del-libro-de-Juan-Armindo-Hernandez-Montero-339x226.jpg 339w\" sizes=\"(max-width: 768px) 100vw, 768px\" \/>\t\t\t\t\t\t\t\t\t\t\t<figcaption class=\"widget-image-caption wp-caption-text\">Pl\u00e0nol 2 (Font: Sobre dibuixos del llibre de Juan Armindo Hern\u00e1ndez Montero)<\/figcaption>\n\t\t\t\t\t\t\t\t\t\t<\/figure>\n\t\t\t\t\t\t\t\t\t<\/div>\n\t\t\t\t<\/div>\n\t\t\t\t<div class=\"elementor-element elementor-element-a668a0f elementor-widget elementor-widget-text-editor\" data-id=\"a668a0f\" data-element_type=\"widget\" data-e-type=\"widget\" data-widget_type=\"text-editor.default\">\n\t\t\t\t<div class=\"elementor-widget-container\">\n\t\t\t\t\t\t\t\t\t<p>De l&#8217;altra, refor\u00e7a les muralles del castell i de la vila, construint una avantmuralla al voltant de tot el per\u00edmetre dels dos recintes murats, aix\u00ed com del flanc oriental del castell davant de la vila. Tot aix\u00f2 adaptat als nous sistemes defensius de protecci\u00f3 pirobal\u00edstica.<\/p><p>Quan \u00c1lvaro de Luna mor decapitat, no ha tingut temps d&#8217;acabar el projecte.<\/p>\t\t\t\t\t\t\t\t<\/div>\n\t\t\t\t<\/div>\n\t\t\t\t<div class=\"elementor-element elementor-element-f259400 elementor-widget elementor-widget-heading\" data-id=\"f259400\" data-element_type=\"widget\" data-e-type=\"widget\" data-widget_type=\"heading.default\">\n\t\t\t\t<div class=\"elementor-widget-container\">\n\t\t\t\t\t<h5 class=\"elementor-heading-title elementor-size-default\">Recuperaci\u00f3 per la corona de Castella<\/h5>\t\t\t\t<\/div>\n\t\t\t\t<\/div>\n\t\t\t\t<div class=\"elementor-element elementor-element-f31be13 elementor-widget elementor-widget-text-editor\" data-id=\"f31be13\" data-element_type=\"widget\" data-e-type=\"widget\" data-widget_type=\"text-editor.default\">\n\t\t\t\t<div class=\"elementor-widget-container\">\n\t\t\t\t\t\t\t\t\t<p>A la mort de \u00c1lvaro de Luna, Cu\u00e9llar torna a passar a la Corona de Castella i Lle\u00f3. Juan II el lliura a la seva filla la Infanta Isabel (futura Isabel I), on resideix amb el seu germ\u00e0 Alfonso i la seva mare la reina Isabel de Portugal.<\/p><p>El rei Enrique IV convoca Corts Generals a Cu\u00e9llar el 1454.<\/p><p>Contra les voluntats del seu pare, el 1464 Enrique IV, desposseeix de Cu\u00e9llar la seva germana Isabel i se la lliura a Beltr\u00e1n de la Cueva, I duc d&#8217;Alburquerque.<\/p>\t\t\t\t\t\t\t\t<\/div>\n\t\t\t\t<\/div>\n\t\t\t\t<div class=\"elementor-element elementor-element-13ec3a3 elementor-widget elementor-widget-heading\" data-id=\"13ec3a3\" data-element_type=\"widget\" data-e-type=\"widget\" data-widget_type=\"heading.default\">\n\t\t\t\t<div class=\"elementor-widget-container\">\n\t\t\t\t\t<h5 class=\"elementor-heading-title elementor-size-default\">El pas definitiu al senyoriu del ducat d'Alburquerque<\/h5>\t\t\t\t<\/div>\n\t\t\t\t<\/div>\n\t\t\t\t<div class=\"elementor-element elementor-element-13b19e4 elementor-widget elementor-widget-text-editor\" data-id=\"13b19e4\" data-element_type=\"widget\" data-e-type=\"widget\" data-widget_type=\"text-editor.default\">\n\t\t\t\t<div class=\"elementor-widget-container\">\n\t\t\t\t\t\t\t\t\t<p>El 1465 pren possessi\u00f3 de la vila de Cu\u00e9llar Beltr\u00e1n de la Cueva, I duc d&#8217;Alburquerque, i l&#8217;ha d&#8217;abandonar Isabel de Portugal, Isabel i Alfons.<\/p><p>Beltr\u00e1n de la Cueva fa del castell la seva resid\u00e8ncia permanent per estar a prop de Seg\u00f2via, en aquell moment la ciutat de la Cort traslladada des de Cu\u00e9llar.<\/p><p>Des de 1464, en qu\u00e8 la Casa d&#8217;Alburquerque pren possessi\u00f3 de Cu\u00e9llar i les seves terres, n&#8217;ha mantingut la propietat fins a l&#8217;actualitat. Primer com a senyoriu ducal fins a 1881, i amb l&#8217;abolici\u00f3 dels senyorius per les Corts de Cadis, com a propiet\u00e0ria del castell i altres immobles de la vila. En total 13 ducs.<\/p><p>En arribar, el I duc veu inconcluses les obres i empr\u00e8n el seu acabat, ampliant i embellint el castell-palau i refor\u00e7ant les muralles de la vila. Per continuar el projecte truca a Hanequin de Brussel\u00b7les, el m\u00e9s important arquitecte del moment a Castella, fent-se c\u00e0rrec de les obres el seu fill Hanequin Egas Mart\u00edn que ser\u00e0 anomenat Hanequin de Cu\u00e9llar, reprenent-se les obres el 1471.<\/p><p>Un cop aconseguida l&#8217;autoritzaci\u00f3 per enderrocar l&#8217;esgl\u00e9sia de Sant Nicolau, es trasllada l&#8217;avantmuralla del costat nord del castell amb la nova porta d&#8217;entrada i la barbacana. Es demoleix el mur nord i s&#8217;aixeca un nou llen\u00e7 sobre el mur de l&#8217;antiga barbacana de ma\u00e7oneria, cosa que representa l&#8217;ampliaci\u00f3 del pati d&#8217;armes interior. D&#8217;aquesta manera, quedaran fixats definitivament l&#8217;estructura i els l\u00edmits de la fortalesa-palau.<\/p><p>Hanequin Egas de Cu\u00e9llar tamb\u00e9 dissenya uns petits jardins que els ubica al costat de la porta del t\u00e0lveg del costat sud de la fortalesa.<\/p>\t\t\t\t\t\t\t\t<\/div>\n\t\t\t\t<\/div>\n\t\t\t\t<div class=\"elementor-element elementor-element-2c333e6 elementor-widget elementor-widget-image\" data-id=\"2c333e6\" data-element_type=\"widget\" data-e-type=\"widget\" data-widget_type=\"image.default\">\n\t\t\t\t<div class=\"elementor-widget-container\">\n\t\t\t\t\t\t\t\t\t\t\t\t<figure class=\"wp-caption\">\n\t\t\t\t\t\t\t\t\t\t<img loading=\"lazy\" decoding=\"async\" width=\"768\" height=\"511\" src=\"https:\/\/www.elturistatranquil.com\/wp-content\/uploads\/F06-Castillo-de-Cuellar.-Plano-3-Fuente-Sobre-dibujos-del-libro-de-Juan-Armindo-Hernandez-Montero.jpg\" class=\"attachment-large size-large wp-image-52721\" alt=\"Castillo de Cuellar. Plano 3 (Fuente- Sobre dibujos del libro de Juan Armindo Hern\u00e1ndez Montero)\" srcset=\"https:\/\/www.elturistatranquil.com\/wp-content\/uploads\/F06-Castillo-de-Cuellar.-Plano-3-Fuente-Sobre-dibujos-del-libro-de-Juan-Armindo-Hernandez-Montero.jpg 768w, https:\/\/www.elturistatranquil.com\/wp-content\/uploads\/F06-Castillo-de-Cuellar.-Plano-3-Fuente-Sobre-dibujos-del-libro-de-Juan-Armindo-Hernandez-Montero-339x226.jpg 339w\" sizes=\"(max-width: 768px) 100vw, 768px\" \/>\t\t\t\t\t\t\t\t\t\t\t<figcaption class=\"widget-image-caption wp-caption-text\">Pl\u00e0nol 3 (Font: Sobre dibuixos del llibre de Juan Armindo Hern\u00e1ndez Montero)<\/figcaption>\n\t\t\t\t\t\t\t\t\t\t<\/figure>\n\t\t\t\t\t\t\t\t\t<\/div>\n\t\t\t\t<\/div>\n\t\t\t\t<div class=\"elementor-element elementor-element-cfd563e elementor-widget elementor-widget-image\" data-id=\"cfd563e\" data-element_type=\"widget\" data-e-type=\"widget\" data-widget_type=\"image.default\">\n\t\t\t\t<div class=\"elementor-widget-container\">\n\t\t\t\t\t\t\t\t\t\t\t\t<figure class=\"wp-caption\">\n\t\t\t\t\t\t\t\t\t\t<img loading=\"lazy\" decoding=\"async\" width=\"768\" height=\"512\" src=\"https:\/\/www.elturistatranquil.com\/wp-content\/uploads\/F07-Castillo-de-Cuellar-Segovia.jpg\" class=\"attachment-large size-large wp-image-52725\" alt=\"Castillo de Cuellar, Segovia\" srcset=\"https:\/\/www.elturistatranquil.com\/wp-content\/uploads\/F07-Castillo-de-Cuellar-Segovia.jpg 768w, https:\/\/www.elturistatranquil.com\/wp-content\/uploads\/F07-Castillo-de-Cuellar-Segovia-339x226.jpg 339w\" sizes=\"(max-width: 768px) 100vw, 768px\" \/>\t\t\t\t\t\t\t\t\t\t\t<figcaption class=\"widget-image-caption wp-caption-text\">Maqueta del castell-palau que es mostra a la torre de l'homenatge<\/figcaption>\n\t\t\t\t\t\t\t\t\t\t<\/figure>\n\t\t\t\t\t\t\t\t\t<\/div>\n\t\t\t\t<\/div>\n\t\t\t\t<div class=\"elementor-element elementor-element-eef2406 elementor-widget elementor-widget-text-editor\" data-id=\"eef2406\" data-element_type=\"widget\" data-e-type=\"widget\" data-widget_type=\"text-editor.default\">\n\t\t\t\t<div class=\"elementor-widget-container\">\n\t\t\t\t\t\t\t\t\t<p>Amb el II duc, Francisco Fern\u00e1ndez de la Cova i Mendoza, a partir del 1492, un cop acabi de consolidar les obres de les estructures defensives del castell i muralles, donar\u00e0 prioritat a altres obres a Cu\u00e9llar com convents i esgl\u00e9sies, pres\u00f3 o mandonguilla .<\/p><p>En els primers anys del 1500 el II duc introdueix les idees renaixentistes &#8220;a lo romano&#8221; en les seves actuacions, projectant aquestes idees en uns jardins al sud del castell, on incorpora un gran estany, un bosc ordenat amb jardins i l&#8217;horta . Sembla que a l&#8217;estany van arribar a organitzar-se naum\u00e0quies (batalles navals).<\/p><p>L&#8217;actuaci\u00f3 m\u00e9s destacada a la trama urbana \u00e9s la realitzaci\u00f3 d&#8217;una gran pla\u00e7a d&#8217;armes davant del castell-fortalesa, anomenada m\u00e9s tard Pla\u00e7a del Palau, dins el primer recinte de la vila. D&#8217;aquesta manera aconsegueix alliberar l&#8217;entorn de la resid\u00e8ncia en estendre l&#8217;espai urb\u00e0 cap a l&#8217;est i arriba fins a l&#8217;esgl\u00e9sia de Sant Mart\u00ed.<\/p><p>El 1526, el III duc, Beltr\u00e1n de la Cova i Toledo, segons tots els indicis, se servir\u00e0 de l&#8217;arquitecte Rodrigo Gil de Honta\u00f1\u00f3n per ampliar en altura la fortalesa-palau per convertir-la en un veritable palau renaixentista com es van anar convertint les resid\u00e8ncies de les grans fam\u00edlies dins de la noblesa. Tamb\u00e9 projecta tres galeries porticades al pati d&#8217;armes, de les quals nom\u00e9s es va arribar a construir la del costat sud.<\/p><p>Tot aquest esfor\u00e7 de remodelaci\u00f3 es paralitza el 1559 en morir el III duc.<\/p><p>Entre el 1560 i el 1613 no es coneixen obres importants realitzades pels successius ducs d&#8217;Alburquerque. El 1631 el VII duc, Francisco Fern\u00e1ndez de la Cueva i de la Cueva, inicia una altra intervenci\u00f3 d&#8217;envergadura quan decideix realitzar una nova armeria que canviar\u00e0 la fesomia interior del pati d&#8217;armes amb els arquitectes Juan de Mazuecos i Alonso de Higueras.<\/p><p>El 1757 deixa de ser resid\u00e8ncia dels ducs en viure a Madrid el nou propietari, Pedro de la Cueva i Velasco Guzm\u00e1n i Sp\u00ednola, XII duc.<\/p><p>A partir del moment en qu\u00e8 el castell senyorial no \u00e9s habitat pels seus propietaris no es fan obres importants a l&#8217;edifici.<\/p>\t\t\t\t\t\t\t\t<\/div>\n\t\t\t\t<\/div>\n\t\t\t\t<div class=\"elementor-element elementor-element-9a4f38c elementor-widget elementor-widget-heading\" data-id=\"9a4f38c\" data-element_type=\"widget\" data-e-type=\"widget\" data-widget_type=\"heading.default\">\n\t\t\t\t<div class=\"elementor-widget-container\">\n\t\t\t\t\t<h5 class=\"elementor-heading-title elementor-size-default\">Fi dels senyorius. Els avatars des del segle XIX<\/h5>\t\t\t\t<\/div>\n\t\t\t\t<\/div>\n\t\t\t\t<div class=\"elementor-element elementor-element-a98e097 elementor-widget elementor-widget-text-editor\" data-id=\"a98e097\" data-element_type=\"widget\" data-e-type=\"widget\" data-widget_type=\"text-editor.default\">\n\t\t\t\t<div class=\"elementor-widget-container\">\n\t\t\t\t\t\t\t\t\t<p>Des del segle XIX nom\u00e9s agents externs intervindran substancialment a l&#8217;edifici.<\/p><p>Amb l&#8217;abolici\u00f3 dels senyorius per les Corts de Cadis el 1881 els senyorius es converteixen en simple propietat privada i anul\u00b7len el vassallatge i les prestacions personals al Senyor o noble feudal.<\/p><p>A partir d&#8217;aquell any la casa d&#8217;Alburquerque passa a ser exclusivament propiet\u00e0ria de certes edificacions, com el castell-palau, la panera i les cases annexes i altres propietats a Cu\u00e9llar. En continuar sense ser habitat s&#8217;accentua l&#8217;aband\u00f3 del palau-fortalesa, aix\u00ed com certs esdeveniments hist\u00f2rics que se succeiran.<\/p><p>Entre els anys 1808-1812 pateix els efectes destructius de les tropes napole\u00f2niques que ocupen el castell i en abandonar-lo realitzen el corresponent saqueig de b\u00e9ns i incendi de mobiliari i estris.<\/p><p>Per la seva banda, la muralla va patint successius esfondraments, alhora que \u00e9s ocupada en molts trams per construccions adossades.<\/p><p>Fins a 1931 no es produeix el primer reconeixement oficial del valor hist\u00f2ric de Cu\u00e9llar, quan durant la II Rep\u00fablica, les muralles i el castell-palau s\u00f3n declarats <em>Monument Hist\u00f2ric-Art\u00edstic<\/em>.<\/p><p>Un nou \u00fas rep el 1937, durant la Guerra Civil, quan \u00e9s requisat per les forces franquistes i el converteixen en pres\u00f3 militar. A partir de 1940 es fan obres d&#8217;adequaci\u00f3 per acollir els presos pol\u00edtics. A finals de la d\u00e8cada dels quaranta o principis dels cinquanta el castell-palau deixa de ser pres\u00f3 i es transforma en sanatori penitenciari antitubercul\u00f3s, i finalment \u00e9s clausurat el 1966.<\/p><p>Aquestes tres actuacions hauran tingut impactes importants sobre l&#8217;edifici, tant externament com internament.<\/p><p>Passa a mans del Ministeri d&#8217;Educaci\u00f3 i Ci\u00e8ncia i el 1973 la Direcci\u00f3 General de Belles Arts restaura el castell-palau les obres del qual s\u00f3n dirigides per l&#8217;arquitecte Alberto Garc\u00eda Gil.<\/p><p>Quan el 1983 es \u200b\u200bdecideix habilitar-lo com a Institut de Formaci\u00f3 Professional, s&#8217;encarrega al mateix arquitecte les \u00e0mplies remodelacions internes per adaptar-lo a la nova funci\u00f3.<\/p><p>Paral\u00b7lelament a les obres de Garc\u00eda Gil, l&#8217;Escola Taller Cuellarana treballa a la torre de l&#8217;homenatge des del 1992. Les obres dirigides pels arquitectes Fernando Nieto Criado i Jes\u00fas Nieto Criado pretenen valorar els elements heretats. Els espais, un cop vestits amb mobles i estris d&#8217;\u00e8poca, creen un ambient medieval que \u00e9s el que actualment s&#8217;ofereix al visitant a partir del 1998, quan l&#8217;Ajuntament organitza visites tur\u00edstiques guiades i tamb\u00e9 teatralitzades al castell-palau.<\/p><p>El 1994 la Junta de Castella i Lle\u00f3 declara Cu\u00e9llar com a <em>B\u00e9 d&#8217;Inter\u00e8s Cultural (BIC)-Conjunt hist\u00f2ric<\/em>.<\/p><p>L&#8217;any 2006 el XIX duc, Ioannes Osorio i Beltr\u00e1n de Lis cedeix a l&#8217;Ajuntament de Cu\u00e9llar els antics jardins i hortes del castell-palau amb una superf\u00edcie de vuit hect\u00e0rees. Aquest espai antigament estava dividit als jardins renaixentistes, un petit bosc de ca\u00e7a, l&#8217;horta, cases d&#8217;hortolans i estades ramaderes. En aquest lloc el Consistori realitza un espai verd que \u00e9s anomenat Parc de l&#8217;Horta del Duc, creant un jard\u00ed bot\u00e0nic i zones d&#8217;esbarjo<\/p><p>Importants actuacions p\u00fabliques s&#8217;han executat des de finals del segle XX, tant al castell-palau com a les muralles, especialment les que millor es conserven del primer recinte.<\/p><p>Per a qui estigui interessat en una informaci\u00f3 exhaustiva del castell i les muralles de Cu\u00e9llar \u00e9s recomanable l&#8217;obra de <em>Juan Armindo Hern\u00e1ndez Montero<\/em>, (2020), <em>El Castillo-Palacio y las murallas de Cu\u00e9llar<\/em>, Ediciones de la Torre, que es pot adquirir a la Oficina de Turisme, al mateix castell.<\/p><p>En el transcurs de la visita al castell-palau i a les muralles podrem apreciar l&#8217;estat actual d&#8217;aquest llarg proc\u00e9s hist\u00f2ric i de les actuacions que darrerament s&#8217;han executat.<\/p><p>A la presentaci\u00f3 de la visita que vaig fer, primer em centrar\u00e9 en el castell-palau; a continuaci\u00f3, presentar\u00e9 el recorregut per la muralla i les portes del primer recinte i, finalment, de les poques restes que queden de la tanca del segon recinte.<\/p>\t\t\t\t\t\t\t\t<\/div>\n\t\t\t\t<\/div>\n\t\t\t\t<div class=\"elementor-element elementor-element-9338d04 elementor-widget elementor-widget-heading\" data-id=\"9338d04\" data-element_type=\"widget\" data-e-type=\"widget\" data-widget_type=\"heading.default\">\n\t\t\t\t<div class=\"elementor-widget-container\">\n\t\t\t\t\t<h2 class=\"elementor-heading-title elementor-size-default\">La visita al castell<\/h2>\t\t\t\t<\/div>\n\t\t\t\t<\/div>\n\t\t\t\t<div class=\"elementor-element elementor-element-2e17949 elementor-widget elementor-widget-text-editor\" data-id=\"2e17949\" data-element_type=\"widget\" data-e-type=\"widget\" data-widget_type=\"text-editor.default\">\n\t\t\t\t<div class=\"elementor-widget-container\">\n\t\t\t\t\t\t\t\t\t<p>Comencem la visita pel castell-palau. Com sabem, el primer recinte de la fortalesa \u00e9s del segle XI.<\/p><p>La primera ampliaci\u00f3 l&#8217;executa \u00c1lvaro de Luna al segle XV (1444-1453).<\/p><p>La forma definitiva l\u2019anir\u00e0 adquirint amb les successives reformes que introdueixen els diversos ducs d&#8217;Alburquerque a partir del 1465 fins al 1757, en qu\u00e8 deixen de residir al castell-palau, en traslladar la seva resid\u00e8ncia a Madrid, per\u00f2 mantenint la propietat.<\/p><p>Despr\u00e9s de la desamortitzaci\u00f3 dels senyorius el 1811, i l&#8217;ocupaci\u00f3 destructora de les tropes napole\u00f2niques, el castell entra en una fase de degradaci\u00f3 sense \u00fas espec\u00edfic.<\/p><p>A partir del 1937 recobra diverses funcionalitats. Primer com a pres\u00f3 militar i de presos pol\u00edtics franquista; despr\u00e9s com a sanatori penitenciari antitubercul\u00f3s fins al 1960; i, finalment, compartit com a Institut de Formaci\u00f3 Professional i com a recinte tur\u00edstic.<\/p><p>Les tres imatges seg\u00fcents ens ofereixen la visi\u00f3 zenital del castell, el pl\u00e0nol de la planta actual i una perspectiva a\u00e8ria des del flanc nord.<\/p>\t\t\t\t\t\t\t\t<\/div>\n\t\t\t\t<\/div>\n\t\t\t\t<div class=\"elementor-element elementor-element-76da5ab elementor-widget elementor-widget-image\" data-id=\"76da5ab\" data-element_type=\"widget\" data-e-type=\"widget\" data-widget_type=\"image.default\">\n\t\t\t\t<div class=\"elementor-widget-container\">\n\t\t\t\t\t\t\t\t\t\t\t\t<figure class=\"wp-caption\">\n\t\t\t\t\t\t\t\t\t\t<img loading=\"lazy\" decoding=\"async\" width=\"768\" height=\"512\" src=\"https:\/\/www.elturistatranquil.com\/wp-content\/uploads\/F08-Castillo-Cuellar-Segovia-Google-earth-2024-06-16.jpg\" class=\"attachment-large size-large wp-image-52727\" alt=\"Castillo Cuellar, Segovia (Google earth 2024-06-16)\" srcset=\"https:\/\/www.elturistatranquil.com\/wp-content\/uploads\/F08-Castillo-Cuellar-Segovia-Google-earth-2024-06-16.jpg 768w, https:\/\/www.elturistatranquil.com\/wp-content\/uploads\/F08-Castillo-Cuellar-Segovia-Google-earth-2024-06-16-339x226.jpg 339w\" sizes=\"(max-width: 768px) 100vw, 768px\" \/>\t\t\t\t\t\t\t\t\t\t\t<figcaption class=\"widget-image-caption wp-caption-text\">(Google earth 2024-06-16)<\/figcaption>\n\t\t\t\t\t\t\t\t\t\t<\/figure>\n\t\t\t\t\t\t\t\t\t<\/div>\n\t\t\t\t<\/div>\n\t\t\t\t<div class=\"elementor-element elementor-element-5b87ec1 elementor-widget elementor-widget-image\" data-id=\"5b87ec1\" data-element_type=\"widget\" data-e-type=\"widget\" data-widget_type=\"image.default\">\n\t\t\t\t<div class=\"elementor-widget-container\">\n\t\t\t\t\t\t\t\t\t\t\t\t<figure class=\"wp-caption\">\n\t\t\t\t\t\t\t\t\t\t<img loading=\"lazy\" decoding=\"async\" width=\"768\" height=\"511\" src=\"https:\/\/www.elturistatranquil.com\/wp-content\/uploads\/F06-Castillo-de-Cuellar.-Plano-3-Fuente-Sobre-dibujos-del-libro-de-Juan-Armindo-Hernandez-Montero.jpg\" class=\"attachment-large size-large wp-image-52721\" alt=\"Castillo de Cuellar. Plano 3 (Fuente- Sobre dibujos del libro de Juan Armindo Hern\u00e1ndez Montero)\" srcset=\"https:\/\/www.elturistatranquil.com\/wp-content\/uploads\/F06-Castillo-de-Cuellar.-Plano-3-Fuente-Sobre-dibujos-del-libro-de-Juan-Armindo-Hernandez-Montero.jpg 768w, https:\/\/www.elturistatranquil.com\/wp-content\/uploads\/F06-Castillo-de-Cuellar.-Plano-3-Fuente-Sobre-dibujos-del-libro-de-Juan-Armindo-Hernandez-Montero-339x226.jpg 339w\" sizes=\"(max-width: 768px) 100vw, 768px\" \/>\t\t\t\t\t\t\t\t\t\t\t<figcaption class=\"widget-image-caption wp-caption-text\">Pl\u00e0nol 3 (Font: Sobre dibuixos del llibre de Juan Armindo Hern\u00e1ndez Montero)<\/figcaption>\n\t\t\t\t\t\t\t\t\t\t<\/figure>\n\t\t\t\t\t\t\t\t\t<\/div>\n\t\t\t\t<\/div>\n\t\t\t\t<div class=\"elementor-element elementor-element-a58718e elementor-widget elementor-widget-text-editor\" data-id=\"a58718e\" data-element_type=\"widget\" data-e-type=\"widget\" data-widget_type=\"text-editor.default\">\n\t\t\t\t<div class=\"elementor-widget-container\">\n\t\t\t\t\t\t\t\t\t<p>Aquesta imatge a\u00e8ria mostra, en primer terme, cap a la dreta, el llen\u00e7 de la tanca urbana que parteix del castell des de la lli\u00e7a del costat nord, amb la barbacana i l&#8217;avantporta del castell que protegeixen l&#8217;elevat mur del castell, i la porta de acc\u00e9s al castell pel pati d\u00b4armes.<\/p><p>Despr\u00e9s del llen\u00e7 del mur nord s&#8217;eleva, al fons, la arqueria constru\u00efda al costat sud de la pla\u00e7a d&#8217;armes, aix\u00ed com l&#8217;edifici destinat a acollir els diferents serveis al costat de ponent.<\/p><p>A l&#8217;esquerra, el flanc de llevant, amb la torre de \u00c1lvaro de Luna a primer terme i la torre de l&#8217;homenatge al fons i, per sota, l&#8217;avantmuralla i la lli\u00e7a defensant el costat de contacte amb la ciutadella.<\/p><p>La figura quadrangular de la primera fortificaci\u00f3, sense la torre de l&#8217;homenatge, seria d&#8217;uns 40 x 40 metres.<\/p>\t\t\t\t\t\t\t\t<\/div>\n\t\t\t\t<\/div>\n\t\t\t\t<div class=\"elementor-element elementor-element-fb39a0d elementor-widget elementor-widget-image\" data-id=\"fb39a0d\" data-element_type=\"widget\" data-e-type=\"widget\" data-widget_type=\"image.default\">\n\t\t\t\t<div class=\"elementor-widget-container\">\n\t\t\t\t\t\t\t\t\t\t\t\t<figure class=\"wp-caption\">\n\t\t\t\t\t\t\t\t\t\t<img loading=\"lazy\" decoding=\"async\" width=\"768\" height=\"512\" src=\"https:\/\/www.elturistatranquil.com\/wp-content\/uploads\/F10-Castillo-de-Cuellar-Segovia-Foto-Turismo-de-Cuellar.jpg\" class=\"attachment-large size-large wp-image-52729\" alt=\"Castillo de Cuellar, Segovia (Foto Turismo de Cuellar)\" srcset=\"https:\/\/www.elturistatranquil.com\/wp-content\/uploads\/F10-Castillo-de-Cuellar-Segovia-Foto-Turismo-de-Cuellar.jpg 768w, https:\/\/www.elturistatranquil.com\/wp-content\/uploads\/F10-Castillo-de-Cuellar-Segovia-Foto-Turismo-de-Cuellar-339x226.jpg 339w\" sizes=\"(max-width: 768px) 100vw, 768px\" \/>\t\t\t\t\t\t\t\t\t\t\t<figcaption class=\"widget-image-caption wp-caption-text\">(Foto: Turismo de Cu\u00e9llar)<\/figcaption>\n\t\t\t\t\t\t\t\t\t\t<\/figure>\n\t\t\t\t\t\t\t\t\t<\/div>\n\t\t\t\t<\/div>\n\t\t\t\t<div class=\"elementor-element elementor-element-50c42cfd elementor-widget elementor-widget-heading\" data-id=\"50c42cfd\" data-element_type=\"widget\" data-e-type=\"widget\" data-widget_type=\"heading.default\">\n\t\t\t\t<div class=\"elementor-widget-container\">\n\t\t\t\t\t<h3 class=\"elementor-heading-title elementor-size-default\">Recorregut de l'exterior<\/h3>\t\t\t\t<\/div>\n\t\t\t\t<\/div>\n\t\t\t\t<div class=\"elementor-element elementor-element-484592d elementor-widget elementor-widget-heading\" data-id=\"484592d\" data-element_type=\"widget\" data-e-type=\"widget\" data-widget_type=\"heading.default\">\n\t\t\t\t<div class=\"elementor-widget-container\">\n\t\t\t\t\t<h5 class=\"elementor-heading-title elementor-size-default\">Costat nord<\/h5>\t\t\t\t<\/div>\n\t\t\t\t<\/div>\n\t\t\t\t<div class=\"elementor-element elementor-element-607ed29 elementor-widget elementor-widget-text-editor\" data-id=\"607ed29\" data-element_type=\"widget\" data-e-type=\"widget\" data-widget_type=\"text-editor.default\">\n\t\t\t\t<div class=\"elementor-widget-container\">\n\t\t\t\t\t\t\t\t\t<p><strong>S\u00edntesi hist\u00f2rica del costat nord<\/strong>.<\/p><p><strong>Segle XI-XII<\/strong>: Mur de la tanca del primer recinte o ciutadella (a la dreta), que enlla\u00e7a amb el mur oest del castell.<br \/><strong>Segle XV<\/strong>: Gran torre cil\u00edndrica anomenada de \u00c1lvaro de Luna (a l&#8217;esquerra).<br \/>-S&#8217;avan\u00e7a l&#8217;avantmuralla cap al nord amb l&#8217;avantporta a la barbacana.<br \/>-Es construeix el mur nord del castell sobre la anterior avantmuralla (al fons amb merlets).<br \/>-Es construeix l&#8217;avantmuralla del costat de llevant que comen\u00e7a a l&#8217;esquerra de la barbacana.<br \/>-La barbacana amb una torrassa defensiva a la dreta i una porta que tanca el pas entre la lli\u00e7a nord i l&#8217;est. Aquesta porta est\u00e0 defensada per torrasses elevades.<\/p>\t\t\t\t\t\t\t\t<\/div>\n\t\t\t\t<\/div>\n\t\t\t\t<div class=\"elementor-element elementor-element-fc9e761 elementor-widget elementor-widget-image\" data-id=\"fc9e761\" data-element_type=\"widget\" data-e-type=\"widget\" data-widget_type=\"image.default\">\n\t\t\t\t<div class=\"elementor-widget-container\">\n\t\t\t\t\t\t\t\t\t\t\t\t<figure class=\"wp-caption\">\n\t\t\t\t\t\t\t\t\t\t<img loading=\"lazy\" decoding=\"async\" width=\"768\" height=\"512\" src=\"https:\/\/www.elturistatranquil.com\/wp-content\/uploads\/F11-Castillo-de-Cuellar-Segovia.jpg\" class=\"attachment-large size-large wp-image-52734\" alt=\"Castillo de Cuellar, Segovia\" srcset=\"https:\/\/www.elturistatranquil.com\/wp-content\/uploads\/F11-Castillo-de-Cuellar-Segovia.jpg 768w, https:\/\/www.elturistatranquil.com\/wp-content\/uploads\/F11-Castillo-de-Cuellar-Segovia-339x226.jpg 339w\" sizes=\"(max-width: 768px) 100vw, 768px\" \/>\t\t\t\t\t\t\t\t\t\t\t<figcaption class=\"widget-image-caption wp-caption-text\"><\/figcaption>\n\t\t\t\t\t\t\t\t\t\t<\/figure>\n\t\t\t\t\t\t\t\t\t<\/div>\n\t\t\t\t<\/div>\n\t\t\t\t<div class=\"elementor-element elementor-element-66213a5 elementor-widget elementor-widget-text-editor\" data-id=\"66213a5\" data-element_type=\"widget\" data-e-type=\"widget\" data-widget_type=\"text-editor.default\">\n\t\t\t\t<div class=\"elementor-widget-container\">\n\t\t\t\t\t\t\t\t\t<p>L&#8217;avantmuralla i la barbacana d&#8217;entrada al castell des de l&#8217;interior del primer recinte emmurallat pel costat nord s&#8217;acaben a partir del 1471, amb la demolici\u00f3 de les ru\u00efnes de l&#8217;esgl\u00e9sia de Sant Nicolau. La f\u00e0brica del llen\u00e7 \u00e9s de ma\u00e7oneria.<\/p><p>Aquesta \u00e9s la porta que uneix el castell a la ciutadella on s&#8217;assenta la poblaci\u00f3. L\u00b4entrada s\u00b4efectua a trav\u00e9s de la barbacana que dona acc\u00e9s a la lli\u00e7a de la cara nord protegint el mur nord del castell i la porta d\u00b4entrada al pati d\u00b4armes.<\/p><p>La porta d&#8217;arc carpanell de la barbacana \u00e9s de carreuat centrada en un mur situat a l&#8217;esquerra entre dos cubs i un garit\u00f3 o escaraguaita defensius.<\/p><p>El cub de l&#8217;esquerra forma part de l&#8217;avantmuralla de la lli\u00e7a de llevant, per la seva menor altura, encara que li falta el parapet emmerletat com a tota l&#8217;avantmuralla, \u00e9s presumible que estigu\u00e9s protegit per un fossat sec que passaria tamb\u00e9 davant del llen\u00e7 de la porta, i que aquesta dispos\u00e9s d&#8217;un pont llevad\u00eds, com hem vist en altres castells senyorials <a href=\"https:\/\/www.elturistatranquil.com\/ca\/castell-de-belmonte-conca\/\" target=\"_blank\" rel=\"noopener\">(Belmonte,<\/a> <a href=\"https:\/\/www.elturistatranquil.com\/ca\/castell-dampudia-palencia\/\" target=\"_blank\" rel=\"noopener\">Ampudia).<\/a><\/p>\t\t\t\t\t\t\t\t<\/div>\n\t\t\t\t<\/div>\n\t\t\t\t<div class=\"elementor-element elementor-element-933b55d elementor-widget elementor-widget-image\" data-id=\"933b55d\" data-element_type=\"widget\" data-e-type=\"widget\" data-widget_type=\"image.default\">\n\t\t\t\t<div class=\"elementor-widget-container\">\n\t\t\t\t\t\t\t\t\t\t\t\t<figure class=\"wp-caption\">\n\t\t\t\t\t\t\t\t\t\t<img loading=\"lazy\" decoding=\"async\" width=\"768\" height=\"512\" src=\"https:\/\/www.elturistatranquil.com\/wp-content\/uploads\/F12-Castillo-de-Cuellar-Segovia.jpg\" class=\"attachment-large size-large wp-image-52736\" alt=\"Castillo de Cuellar, Segovia\" srcset=\"https:\/\/www.elturistatranquil.com\/wp-content\/uploads\/F12-Castillo-de-Cuellar-Segovia.jpg 768w, https:\/\/www.elturistatranquil.com\/wp-content\/uploads\/F12-Castillo-de-Cuellar-Segovia-339x226.jpg 339w\" sizes=\"(max-width: 768px) 100vw, 768px\" \/>\t\t\t\t\t\t\t\t\t\t\t<figcaption class=\"widget-image-caption wp-caption-text\"><\/figcaption>\n\t\t\t\t\t\t\t\t\t\t<\/figure>\n\t\t\t\t\t\t\t\t\t<\/div>\n\t\t\t\t<\/div>\n\t\t\t\t<div class=\"elementor-element elementor-element-239d418 elementor-widget elementor-widget-image\" data-id=\"239d418\" data-element_type=\"widget\" data-e-type=\"widget\" data-widget_type=\"image.default\">\n\t\t\t\t<div class=\"elementor-widget-container\">\n\t\t\t\t\t\t\t\t\t\t\t\t<figure class=\"wp-caption\">\n\t\t\t\t\t\t\t\t\t\t<img loading=\"lazy\" decoding=\"async\" width=\"768\" height=\"511\" src=\"https:\/\/www.elturistatranquil.com\/wp-content\/uploads\/F13-Castillo-de-Cuellar-Segovia.jpg\" class=\"attachment-large size-large wp-image-52738\" alt=\"Castillo de Cuellar, Segovia\" srcset=\"https:\/\/www.elturistatranquil.com\/wp-content\/uploads\/F13-Castillo-de-Cuellar-Segovia.jpg 768w, https:\/\/www.elturistatranquil.com\/wp-content\/uploads\/F13-Castillo-de-Cuellar-Segovia-339x226.jpg 339w\" sizes=\"(max-width: 768px) 100vw, 768px\" \/>\t\t\t\t\t\t\t\t\t\t\t<figcaption class=\"widget-image-caption wp-caption-text\"><\/figcaption>\n\t\t\t\t\t\t\t\t\t\t<\/figure>\n\t\t\t\t\t\t\t\t\t<\/div>\n\t\t\t\t<\/div>\n\t\t\t\t<div class=\"elementor-element elementor-element-ac5d202 elementor-widget elementor-widget-text-editor\" data-id=\"ac5d202\" data-element_type=\"widget\" data-e-type=\"widget\" data-widget_type=\"text-editor.default\">\n\t\t\t\t<div class=\"elementor-widget-container\">\n\t\t\t\t\t\t\t\t\t<p>El cub de la dreta \u00e9s de majors dimensions, que podria acollir una la terrassa artilleria, defensa aquesta zona amb el mur retret.<\/p><p>Aquesta forma estranya discont\u00ednua s&#8217;explica perqu\u00e8 aquest lloc l&#8217;ocupava les ru\u00efnes de l&#8217;esgl\u00e9sia de Sant Nicolau, i fins al 1471 Beltr\u00e1n de la Cueva, I duc, no va obtenir el perm\u00eds del bisbat de Seg\u00f2via per demolir-la, amb la condici\u00f3 que es col\u00b7loqu\u00e9s al seu lloc una creu de pedra, que mai no es va arribar a construir.<\/p><p>Aquest llen\u00e7 es tanca sobre el mur de la primera a prop de la vila.<\/p><p>Per darrere, sobresurt el llen\u00e7 del mur nord del castell, en qu\u00e8 si s&#8217;han mantingut els merlets acabats en pir\u00e0mide.<\/p><p>En diversos punts dels murs i cubs es disposen troneres d\u2019orbe i pal.<\/p>\t\t\t\t\t\t\t\t<\/div>\n\t\t\t\t<\/div>\n\t\t\t\t<div class=\"elementor-element elementor-element-56733c1 elementor-widget elementor-widget-image\" data-id=\"56733c1\" data-element_type=\"widget\" data-e-type=\"widget\" data-widget_type=\"image.default\">\n\t\t\t\t<div class=\"elementor-widget-container\">\n\t\t\t\t\t\t\t\t\t\t\t\t<figure class=\"wp-caption\">\n\t\t\t\t\t\t\t\t\t\t<img loading=\"lazy\" decoding=\"async\" width=\"768\" height=\"512\" src=\"https:\/\/www.elturistatranquil.com\/wp-content\/uploads\/F14-Castillo-de-Cuellar-Segovia.jpg\" class=\"attachment-large size-large wp-image-52740\" alt=\"Castillo de Cuellar, Segovia\" srcset=\"https:\/\/www.elturistatranquil.com\/wp-content\/uploads\/F14-Castillo-de-Cuellar-Segovia.jpg 768w, https:\/\/www.elturistatranquil.com\/wp-content\/uploads\/F14-Castillo-de-Cuellar-Segovia-339x226.jpg 339w\" sizes=\"(max-width: 768px) 100vw, 768px\" \/>\t\t\t\t\t\t\t\t\t\t\t<figcaption class=\"widget-image-caption wp-caption-text\"><\/figcaption>\n\t\t\t\t\t\t\t\t\t\t<\/figure>\n\t\t\t\t\t\t\t\t\t<\/div>\n\t\t\t\t<\/div>\n\t\t\t\t<div class=\"elementor-element elementor-element-5148b9b elementor-widget elementor-widget-text-editor\" data-id=\"5148b9b\" data-element_type=\"widget\" data-e-type=\"widget\" data-widget_type=\"text-editor.default\">\n\t\t\t\t<div class=\"elementor-widget-container\">\n\t\t\t\t\t\t\t\t\t<p>A l&#8217;observa des de l&#8217;angle nord-est, veiem que el garit\u00f3 forma part defensiva de la porta que tanca l&#8217;acc\u00e9s des de la lli\u00e7a de llevant a la lli\u00e7a de la porta principal.<\/p>\t\t\t\t\t\t\t\t<\/div>\n\t\t\t\t<\/div>\n\t\t\t\t<div class=\"elementor-element elementor-element-9feb735 elementor-widget elementor-widget-image\" data-id=\"9feb735\" data-element_type=\"widget\" data-e-type=\"widget\" data-widget_type=\"image.default\">\n\t\t\t\t<div class=\"elementor-widget-container\">\n\t\t\t\t\t\t\t\t\t\t\t\t<figure class=\"wp-caption\">\n\t\t\t\t\t\t\t\t\t\t<img loading=\"lazy\" decoding=\"async\" width=\"768\" height=\"512\" src=\"https:\/\/www.elturistatranquil.com\/wp-content\/uploads\/F15-Castillo-de-Cuellar-Segovia.jpg\" class=\"attachment-large size-large wp-image-52742\" alt=\"Castillo de Cuellar, Segovia\" srcset=\"https:\/\/www.elturistatranquil.com\/wp-content\/uploads\/F15-Castillo-de-Cuellar-Segovia.jpg 768w, https:\/\/www.elturistatranquil.com\/wp-content\/uploads\/F15-Castillo-de-Cuellar-Segovia-339x226.jpg 339w\" sizes=\"(max-width: 768px) 100vw, 768px\" \/>\t\t\t\t\t\t\t\t\t\t\t<figcaption class=\"widget-image-caption wp-caption-text\"><\/figcaption>\n\t\t\t\t\t\t\t\t\t\t<\/figure>\n\t\t\t\t\t\t\t\t\t<\/div>\n\t\t\t\t<\/div>\n\t\t\t\t<div class=\"elementor-element elementor-element-454a2f8 elementor-widget elementor-widget-heading\" data-id=\"454a2f8\" data-element_type=\"widget\" data-e-type=\"widget\" data-widget_type=\"heading.default\">\n\t\t\t\t<div class=\"elementor-widget-container\">\n\t\t\t\t\t<h5 class=\"elementor-heading-title elementor-size-default\">Costat est<\/h5>\t\t\t\t<\/div>\n\t\t\t\t<\/div>\n\t\t\t\t<div class=\"elementor-element elementor-element-d30c48a elementor-widget elementor-widget-text-editor\" data-id=\"d30c48a\" data-element_type=\"widget\" data-e-type=\"widget\" data-widget_type=\"text-editor.default\">\n\t\t\t\t<div class=\"elementor-widget-container\">\n\t\t\t\t\t\t\t\t\t<p><strong>S\u00edntesi hist\u00f2rica del costat est.<\/strong><\/p><p><strong>Segle XI-XII<\/strong>: Al v\u00e8rtex sud-est s&#8217;adossa la torre de l&#8217;homenatge (esquerra)<br \/><strong>Segle XV<\/strong>. \u00c1lvaro de Luna: Gran torre cil\u00edndrica anomenada de \u00c1lvaro de Luna (a la dreta).<br \/>-Nou mur de llevant de carreuat de gran qualitat, amb un garit\u00f3 al centre.<br \/><strong>Segle XV<\/strong>. Beltr\u00e1n de la Cueva: Es construeix l&#8217;avantmuralla. que s&#8217;uneix amb la del costat nord. Les dues llisses nord i est queden separades per una porta amb dues torrasses al\u00e7ades volades (dreta).<br \/>-A la cantonada entre el llen\u00e7 i la torre de l&#8217;homenatge, s&#8217;aixeca una semitorre cil\u00edndrica (torre de la capella). El semicilindre sobresurt parcialment formant un mur d&#8217;arc.<br \/>-Recreix la torre de l&#8217;homenatge amb habitacions.<br \/>-Inclou un garit\u00f3 a la cantonada exterior de la torre de l&#8217;homenatge (esquerra).<br \/><strong>Segle XVI<\/strong>: La torre de l&#8217;homenatge \u00e9s recrescuda novament.<\/p>\t\t\t\t\t\t\t\t<\/div>\n\t\t\t\t<\/div>\n\t\t\t\t<div class=\"elementor-element elementor-element-f1285ad elementor-widget elementor-widget-image\" data-id=\"f1285ad\" data-element_type=\"widget\" data-e-type=\"widget\" data-widget_type=\"image.default\">\n\t\t\t\t<div class=\"elementor-widget-container\">\n\t\t\t\t\t\t\t\t\t\t\t\t<figure class=\"wp-caption\">\n\t\t\t\t\t\t\t\t\t\t<img loading=\"lazy\" decoding=\"async\" width=\"768\" height=\"512\" src=\"https:\/\/www.elturistatranquil.com\/wp-content\/uploads\/F16-Castillo-de-Cuellar-Segovia.jpg\" class=\"attachment-large size-large wp-image-52747\" alt=\"Castillo de Cuellar, Segovia\" srcset=\"https:\/\/www.elturistatranquil.com\/wp-content\/uploads\/F16-Castillo-de-Cuellar-Segovia.jpg 768w, https:\/\/www.elturistatranquil.com\/wp-content\/uploads\/F16-Castillo-de-Cuellar-Segovia-339x226.jpg 339w\" sizes=\"(max-width: 768px) 100vw, 768px\" \/>\t\t\t\t\t\t\t\t\t\t\t<figcaption class=\"widget-image-caption wp-caption-text\"><\/figcaption>\n\t\t\t\t\t\t\t\t\t\t<\/figure>\n\t\t\t\t\t\t\t\t\t<\/div>\n\t\t\t\t<\/div>\n\t\t\t\t<div class=\"elementor-element elementor-element-d2fb8ca elementor-widget elementor-widget-text-editor\" data-id=\"d2fb8ca\" data-element_type=\"widget\" data-e-type=\"widget\" data-widget_type=\"text-editor.default\">\n\t\t\t\t<div class=\"elementor-widget-container\">\n\t\t\t\t\t\t\t\t\t<p>El costat est o de llevant ofereix la perspectiva m\u00e9s espectacular des de l&#8217;esplanada de la gran pla\u00e7a de Palau, que adopta una funci\u00f3 de glacis defensiu. Des de la perspectiva del paper simb\u00f2lic del senyoriu, la fa\u00e7ana de la zona de llevant \u00e9s oberta a la pla\u00e7a del mercat davant de l&#8217;esgl\u00e9sia de San Mart\u00edn; \u00e9s el lloc on els senyors de la vila presideixen els llen\u00e7os b\u00e8l\u00b7lics, justes, teatres, mercats, etc.<\/p><p>En aquest costat es distingeixen dos pl\u00e0nols de construcci\u00f3. En primer terme, l&#8217;avantmuralla que va des de la porta d&#8217;entrada a la lli\u00e7a nord, a la dreta fins als peus de la torre de l&#8217;homenatge, a l&#8217;esquerra. Com manen les lleis de la poliorc\u00e8tica, aquest mur ha de ser m\u00e9s baix que el mur del castell per facilitar la defensa des dels merlets del castell en cas que aquesta l\u00ednia l&#8217;enemic fos depassada. Cinc cubs reforcen l&#8217;avantmuralla, que veia augmentada la seva capacitat defensiva per un fossat sec. La f\u00e0brica de l&#8217;avantmuralla continua sent de ma\u00e7oneria.<\/p><p>Per darrere, la muralla del castell. A la dreta, la gran torre circular anomenada de \u00c1lvaro de Luna, que va ser qui la va manar construir. Al centre del llen\u00e7 emmerletat del cam\u00ed de ronda un garit\u00f3, i a esquerra la torre de l&#8217;homenatge.<\/p><p>Si les m\u00e8nsules que s&#8217;observen a dalt de tot de la torrassa s\u00f3n originals, falta l&#8217;emmerletat que les justifiqui.<\/p>\t\t\t\t\t\t\t\t<\/div>\n\t\t\t\t<\/div>\n\t\t\t\t<div class=\"elementor-element elementor-element-4840135 elementor-widget elementor-widget-image\" data-id=\"4840135\" data-element_type=\"widget\" data-e-type=\"widget\" data-widget_type=\"image.default\">\n\t\t\t\t<div class=\"elementor-widget-container\">\n\t\t\t\t\t\t\t\t\t\t\t\t<figure class=\"wp-caption\">\n\t\t\t\t\t\t\t\t\t\t<img loading=\"lazy\" decoding=\"async\" width=\"768\" height=\"512\" src=\"https:\/\/www.elturistatranquil.com\/wp-content\/uploads\/F17-Castillo-de-Cuellar-Segovia.jpg\" class=\"attachment-large size-large wp-image-52749\" alt=\"Castillo de Cuellar, Segovia\" srcset=\"https:\/\/www.elturistatranquil.com\/wp-content\/uploads\/F17-Castillo-de-Cuellar-Segovia.jpg 768w, https:\/\/www.elturistatranquil.com\/wp-content\/uploads\/F17-Castillo-de-Cuellar-Segovia-339x226.jpg 339w\" sizes=\"(max-width: 768px) 100vw, 768px\" \/>\t\t\t\t\t\t\t\t\t\t\t<figcaption class=\"widget-image-caption wp-caption-text\"><\/figcaption>\n\t\t\t\t\t\t\t\t\t\t<\/figure>\n\t\t\t\t\t\t\t\t\t<\/div>\n\t\t\t\t<\/div>\n\t\t\t\t<div class=\"elementor-element elementor-element-677ac3c elementor-widget elementor-widget-text-editor\" data-id=\"677ac3c\" data-element_type=\"widget\" data-e-type=\"widget\" data-widget_type=\"text-editor.default\">\n\t\t\t\t<div class=\"elementor-widget-container\">\n\t\t\t\t\t\t\t\t\t<p>Els cubs i llen\u00e7os igualment refor\u00e7ats amb tronera d\u2019orbe i pal.<\/p><p>Desconec si el portell situat en aquest punt \u00e9s original o va ser una construcci\u00f3 posterior.<\/p>\t\t\t\t\t\t\t\t<\/div>\n\t\t\t\t<\/div>\n\t\t\t\t<div class=\"elementor-element elementor-element-579f7ec elementor-widget elementor-widget-image\" data-id=\"579f7ec\" data-element_type=\"widget\" data-e-type=\"widget\" data-widget_type=\"image.default\">\n\t\t\t\t<div class=\"elementor-widget-container\">\n\t\t\t\t\t\t\t\t\t\t\t\t<figure class=\"wp-caption\">\n\t\t\t\t\t\t\t\t\t\t<img loading=\"lazy\" decoding=\"async\" width=\"768\" height=\"512\" src=\"https:\/\/www.elturistatranquil.com\/wp-content\/uploads\/F19-Castillo-de-Cuellar-Segovia.jpg\" class=\"attachment-large size-large wp-image-52751\" alt=\"Castillo de Cuellar, Segovia\" srcset=\"https:\/\/www.elturistatranquil.com\/wp-content\/uploads\/F19-Castillo-de-Cuellar-Segovia.jpg 768w, https:\/\/www.elturistatranquil.com\/wp-content\/uploads\/F19-Castillo-de-Cuellar-Segovia-339x226.jpg 339w\" sizes=\"(max-width: 768px) 100vw, 768px\" \/>\t\t\t\t\t\t\t\t\t\t\t<figcaption class=\"widget-image-caption wp-caption-text\"><\/figcaption>\n\t\t\t\t\t\t\t\t\t\t<\/figure>\n\t\t\t\t\t\t\t\t\t<\/div>\n\t\t\t\t<\/div>\n\t\t\t\t<div class=\"elementor-element elementor-element-ee7aa63 elementor-widget elementor-widget-image\" data-id=\"ee7aa63\" data-element_type=\"widget\" data-e-type=\"widget\" data-widget_type=\"image.default\">\n\t\t\t\t<div class=\"elementor-widget-container\">\n\t\t\t\t\t\t\t\t\t\t\t\t<figure class=\"wp-caption\">\n\t\t\t\t\t\t\t\t\t\t<img loading=\"lazy\" decoding=\"async\" width=\"768\" height=\"511\" src=\"https:\/\/www.elturistatranquil.com\/wp-content\/uploads\/F20-Castillo-de-Cuellar-Segovia.jpg\" class=\"attachment-large size-large wp-image-52753\" alt=\"Castillo de Cuellar, Segovia\" srcset=\"https:\/\/www.elturistatranquil.com\/wp-content\/uploads\/F20-Castillo-de-Cuellar-Segovia.jpg 768w, https:\/\/www.elturistatranquil.com\/wp-content\/uploads\/F20-Castillo-de-Cuellar-Segovia-339x226.jpg 339w\" sizes=\"(max-width: 768px) 100vw, 768px\" \/>\t\t\t\t\t\t\t\t\t\t\t<figcaption class=\"widget-image-caption wp-caption-text\"><\/figcaption>\n\t\t\t\t\t\t\t\t\t\t<\/figure>\n\t\t\t\t\t\t\t\t\t<\/div>\n\t\t\t\t<\/div>\n\t\t\t\t<div class=\"elementor-element elementor-element-6dd6289 elementor-widget elementor-widget-image\" data-id=\"6dd6289\" data-element_type=\"widget\" data-e-type=\"widget\" data-widget_type=\"image.default\">\n\t\t\t\t<div class=\"elementor-widget-container\">\n\t\t\t\t\t\t\t\t\t\t\t\t<figure class=\"wp-caption\">\n\t\t\t\t\t\t\t\t\t\t<img loading=\"lazy\" decoding=\"async\" width=\"768\" height=\"511\" src=\"https:\/\/www.elturistatranquil.com\/wp-content\/uploads\/F21-Castillo-de-Cuellar-Segovia.jpg\" class=\"attachment-large size-large wp-image-52755\" alt=\"Castillo de Cuellar, Segovia\" srcset=\"https:\/\/www.elturistatranquil.com\/wp-content\/uploads\/F21-Castillo-de-Cuellar-Segovia.jpg 768w, https:\/\/www.elturistatranquil.com\/wp-content\/uploads\/F21-Castillo-de-Cuellar-Segovia-339x226.jpg 339w\" sizes=\"(max-width: 768px) 100vw, 768px\" \/>\t\t\t\t\t\t\t\t\t\t\t<figcaption class=\"widget-image-caption wp-caption-text\"><\/figcaption>\n\t\t\t\t\t\t\t\t\t\t<\/figure>\n\t\t\t\t\t\t\t\t\t<\/div>\n\t\t\t\t<\/div>\n\t\t\t\t<div class=\"elementor-element elementor-element-c3bae09 elementor-widget elementor-widget-text-editor\" data-id=\"c3bae09\" data-element_type=\"widget\" data-e-type=\"widget\" data-widget_type=\"text-editor.default\">\n\t\t\t\t<div class=\"elementor-widget-container\">\n\t\t\t\t\t\t\t\t\t<p>Al garit\u00f3 sobre anells volats de forma c\u00f2nica de la part central li falten els merlets perqu\u00e8 pugui complir la seva funci\u00f3 de garita de vigil\u00e0ncia.<\/p>\t\t\t\t\t\t\t\t<\/div>\n\t\t\t\t<\/div>\n\t\t\t\t<div class=\"elementor-element elementor-element-445ae1b elementor-widget elementor-widget-image\" data-id=\"445ae1b\" data-element_type=\"widget\" data-e-type=\"widget\" data-widget_type=\"image.default\">\n\t\t\t\t<div class=\"elementor-widget-container\">\n\t\t\t\t\t\t\t\t\t\t\t\t<figure class=\"wp-caption\">\n\t\t\t\t\t\t\t\t\t\t<img loading=\"lazy\" decoding=\"async\" width=\"768\" height=\"512\" src=\"https:\/\/www.elturistatranquil.com\/wp-content\/uploads\/F22-Castillo-de-Cuellar-Segovia.jpg\" class=\"attachment-large size-large wp-image-52760\" alt=\"Castillo de Cuellar, Segovia\" srcset=\"https:\/\/www.elturistatranquil.com\/wp-content\/uploads\/F22-Castillo-de-Cuellar-Segovia.jpg 768w, https:\/\/www.elturistatranquil.com\/wp-content\/uploads\/F22-Castillo-de-Cuellar-Segovia-339x226.jpg 339w\" sizes=\"(max-width: 768px) 100vw, 768px\" \/>\t\t\t\t\t\t\t\t\t\t\t<figcaption class=\"widget-image-caption wp-caption-text\"><\/figcaption>\n\t\t\t\t\t\t\t\t\t\t<\/figure>\n\t\t\t\t\t\t\t\t\t<\/div>\n\t\t\t\t<\/div>\n\t\t\t\t<div class=\"elementor-element elementor-element-848e966 elementor-widget elementor-widget-text-editor\" data-id=\"848e966\" data-element_type=\"widget\" data-e-type=\"widget\" data-widget_type=\"text-editor.default\">\n\t\t\t\t<div class=\"elementor-widget-container\">\n\t\t\t\t\t\t\t\t\t<p>Sobre el primer recinte rectangular de la fortalesa, es va adossar, ja al segle XI, una torrassa rectangular seguint el tra\u00e7at del mur de migdia del castell i del qual partia la primera a prop de la vila pel costat sud. Aquesta torrassa constitueix la torre de l&#8217;homenatge.<\/p><p>La planta de la torre est\u00e0 travessada per una arcada que servia, alhora, d&#8217;acc\u00e9s sud a la vila i a l&#8217;interior del castell.<\/p><p>Quan es va construir la lli\u00e7a seguint per l&#8217;exterior de la torre es va eliminar aquesta entrada a la vila, i va quedar reservada l&#8217;arcada per acc\u00e9s a la lli\u00e7a i comunicar amb la porta del costat nord.<\/p><p>Al segle XV, \u00c1lvaro de Luna incrusta una torre semicircular (torre de la capella) a la cantonada nord de la torre de l&#8217;homenatge i el mur de llevant. Als baixos d&#8217;aquesta torre col\u00b7loca la masmorra, damunt la capella i a la part superior hi ha un cam\u00ed de ronda volat.<\/p><p>Al segle XVI, el III duc, Beltr\u00e1n de la Cueva i Toledo, elevar\u00e0 tota una planta al m\u00f2dul de migdia i a la torre de l&#8217;homenatge en estil g\u00f2tic-renaixentista a tota l&#8217;\u00faltima planta sobre el cam\u00ed de ronda.<\/p>\t\t\t\t\t\t\t\t<\/div>\n\t\t\t\t<\/div>\n\t\t\t\t<div class=\"elementor-element elementor-element-c2677fe elementor-widget elementor-widget-image\" data-id=\"c2677fe\" data-element_type=\"widget\" data-e-type=\"widget\" data-widget_type=\"image.default\">\n\t\t\t\t<div class=\"elementor-widget-container\">\n\t\t\t\t\t\t\t\t\t\t\t\t<figure class=\"wp-caption\">\n\t\t\t\t\t\t\t\t\t\t<img loading=\"lazy\" decoding=\"async\" width=\"768\" height=\"512\" src=\"https:\/\/www.elturistatranquil.com\/wp-content\/uploads\/F23-Castillo-de-Cuellar-Segovia.jpg\" class=\"attachment-large size-large wp-image-52762\" alt=\"Castillo de Cuellar, Segovia\" srcset=\"https:\/\/www.elturistatranquil.com\/wp-content\/uploads\/F23-Castillo-de-Cuellar-Segovia.jpg 768w, https:\/\/www.elturistatranquil.com\/wp-content\/uploads\/F23-Castillo-de-Cuellar-Segovia-339x226.jpg 339w\" sizes=\"(max-width: 768px) 100vw, 768px\" \/>\t\t\t\t\t\t\t\t\t\t\t<figcaption class=\"widget-image-caption wp-caption-text\"><\/figcaption>\n\t\t\t\t\t\t\t\t\t\t<\/figure>\n\t\t\t\t\t\t\t\t\t<\/div>\n\t\t\t\t<\/div>\n\t\t\t\t<div class=\"elementor-element elementor-element-13245ef elementor-widget elementor-widget-text-editor\" data-id=\"13245ef\" data-element_type=\"widget\" data-e-type=\"widget\" data-widget_type=\"text-editor.default\">\n\t\t\t\t<div class=\"elementor-widget-container\">\n\t\t\t\t\t\t\t\t\t<p>L&#8217;avantmuralla envolta la torre de l&#8217;homenatge i acaba sobre la tanca de la vila.<\/p>\t\t\t\t\t\t\t\t<\/div>\n\t\t\t\t<\/div>\n\t\t\t\t<div class=\"elementor-element elementor-element-7786821 elementor-widget elementor-widget-image\" data-id=\"7786821\" data-element_type=\"widget\" data-e-type=\"widget\" data-widget_type=\"image.default\">\n\t\t\t\t<div class=\"elementor-widget-container\">\n\t\t\t\t\t\t\t\t\t\t\t\t<figure class=\"wp-caption\">\n\t\t\t\t\t\t\t\t\t\t<img loading=\"lazy\" decoding=\"async\" width=\"768\" height=\"512\" src=\"https:\/\/www.elturistatranquil.com\/wp-content\/uploads\/F24-Castillo-de-Cuellar-Segovia.jpg\" class=\"attachment-large size-large wp-image-52764\" alt=\"Castillo de Cuellar, Segovia\" srcset=\"https:\/\/www.elturistatranquil.com\/wp-content\/uploads\/F24-Castillo-de-Cuellar-Segovia.jpg 768w, https:\/\/www.elturistatranquil.com\/wp-content\/uploads\/F24-Castillo-de-Cuellar-Segovia-339x226.jpg 339w\" sizes=\"(max-width: 768px) 100vw, 768px\" \/>\t\t\t\t\t\t\t\t\t\t\t<figcaption class=\"widget-image-caption wp-caption-text\"><\/figcaption>\n\t\t\t\t\t\t\t\t\t\t<\/figure>\n\t\t\t\t\t\t\t\t\t<\/div>\n\t\t\t\t<\/div>\n\t\t\t\t<div class=\"elementor-element elementor-element-2087e05 elementor-widget elementor-widget-heading\" data-id=\"2087e05\" data-element_type=\"widget\" data-e-type=\"widget\" data-widget_type=\"heading.default\">\n\t\t\t\t<div class=\"elementor-widget-container\">\n\t\t\t\t\t<h5 class=\"elementor-heading-title elementor-size-default\">Costat sud <\/h5>\t\t\t\t<\/div>\n\t\t\t\t<\/div>\n\t\t\t\t<div class=\"elementor-element elementor-element-2ef639a elementor-widget elementor-widget-text-editor\" data-id=\"2ef639a\" data-element_type=\"widget\" data-e-type=\"widget\" data-widget_type=\"text-editor.default\">\n\t\t\t\t<div class=\"elementor-widget-container\">\n\t\t\t\t\t\t\t\t\t<p><strong>S\u00edntesi hist\u00f2rica del costat sud.<\/strong><\/p><p><strong>Segle XI-XII<\/strong>: Es construeix el llen\u00e7 sud de la primitiva fortalesa. A l&#8217;extrem sud-oest (esquerra) el mur girava formant un xamfr\u00e0 per unir-se al costat de ponent (<strong>Pl\u00e0nol 1<\/strong>). La f\u00e0brica havia de ser completament llisa, com a la banda oest.<br \/>-S&#8217;adossa la torre de l&#8217;homenatge amb dues torrasses quadrangulars defensives (dreta).<br \/>-El mur de la tanca del primer recinte s&#8217;acobla a la torre dreta de la porta (dreta).<br \/><strong>Segle XIII. Rei Sancho IV<\/strong>. Sobre l&#8217;edifici interior adossat a muralla de la fortalesa s&#8217;enlaira una nova planta per acollir la fam\u00edlia reial i la cort.<br \/>-Aixeca el segon arc de la porta de la torre de l&#8217;homenatge.<br \/><strong>Segle XIV. \u00c1lvaro de Luna<\/strong>. Inicia la construcci\u00f3 (inacabada) d&#8217;una gran torre cil\u00edndrica, anomenada torre o cub de Santo Domingo, al v\u00e8rtex sud-oest a la zona del xamfr\u00e0 de la muralla. (A l&#8217;esquerra).<br \/><strong>Segle XVII. IX duc<\/strong>. Aixeca el tercer arc de la porta de l&#8217;homenatge, amb una galeria correguda coberta per sobre. Tamb\u00e9 construeix l&#8217;anomenat \u201cel mirador de la duquessa\u201d sobre la torre de la dreta.<\/p>\t\t\t\t\t\t\t\t<\/div>\n\t\t\t\t<\/div>\n\t\t\t\t<div class=\"elementor-element elementor-element-57b79d2 elementor-widget elementor-widget-image\" data-id=\"57b79d2\" data-element_type=\"widget\" data-e-type=\"widget\" data-widget_type=\"image.default\">\n\t\t\t\t<div class=\"elementor-widget-container\">\n\t\t\t\t\t\t\t\t\t\t\t\t<figure class=\"wp-caption\">\n\t\t\t\t\t\t\t\t\t\t<img loading=\"lazy\" decoding=\"async\" width=\"768\" height=\"512\" src=\"https:\/\/www.elturistatranquil.com\/wp-content\/uploads\/F25-Castillo-de-Cuellar-Segovia.jpg\" class=\"attachment-large size-large wp-image-52766\" alt=\"Castillo de Cuellar, Segovia\" srcset=\"https:\/\/www.elturistatranquil.com\/wp-content\/uploads\/F25-Castillo-de-Cuellar-Segovia.jpg 768w, https:\/\/www.elturistatranquil.com\/wp-content\/uploads\/F25-Castillo-de-Cuellar-Segovia-339x226.jpg 339w\" sizes=\"(max-width: 768px) 100vw, 768px\" \/>\t\t\t\t\t\t\t\t\t\t\t<figcaption class=\"widget-image-caption wp-caption-text\"><\/figcaption>\n\t\t\t\t\t\t\t\t\t\t<\/figure>\n\t\t\t\t\t\t\t\t\t<\/div>\n\t\t\t\t<\/div>\n\t\t\t\t<div class=\"elementor-element elementor-element-51281cd elementor-widget elementor-widget-text-editor\" data-id=\"51281cd\" data-element_type=\"widget\" data-e-type=\"widget\" data-widget_type=\"text-editor.default\">\n\t\t\t\t<div class=\"elementor-widget-container\">\n\t\t\t\t\t\t\t\t\t<p>Al costat de migdia hi havia l&#8217;entrada al castell des de l&#8217;exterior de la tanca de la vila, alhora que l&#8217;entrada a aquesta pel costat sud-oest, per sota de la torre de l&#8217;homenatge. Aquest mur s\u2019integrava a la muralla urbana d\u2019aquesta zona juntament amb el mur del costat oest.<\/p><p>En convertir-se en castell-palau a partir del segle XV, i amb la construcci\u00f3 dels jardins i hort tancats per murs avan\u00e7ant-se a la zona sud del territori, va anar perdent el car\u00e0cter defensiu i sent la zona que majorment adopto l&#8217;estil palat\u00ed renaixentista.<\/p><p>Al principi existia un sol arc mud\u00e8jar, el m\u00e9s petit del fons, amb sageteres a la part superior. La porta estava flanquejada per dues torres quadrangulars que sobresortien del mur.<\/p><p>Amb les diferents ampliacions i reforma, es van construir en dos moments diferents els dos arcs avan\u00e7ats sobre el primer que s&#8217;observen a la construcci\u00f3 actual.<\/p><p>Tamb\u00e9 \u00e9s posterior l\u00b4elevaci\u00f3 de l\u00b4\u00faltima planta de tota aquesta edificaci\u00f3 sud. Ho veurem amb m\u00e9s detall al recorregut per l&#8217;interior.<\/p><p>Amb la privatitzaci\u00f3 d&#8217;aquesta entrada exclusivament per al castell, amb els segles es va anar expandint cap al sud els jardins i els horts al servei del castell fins als l\u00edmits que mostra la l\u00ednia verda.<\/p>\t\t\t\t\t\t\t\t<\/div>\n\t\t\t\t<\/div>\n\t\t\t\t<div class=\"elementor-element elementor-element-499b5e1 elementor-widget elementor-widget-image\" data-id=\"499b5e1\" data-element_type=\"widget\" data-e-type=\"widget\" data-widget_type=\"image.default\">\n\t\t\t\t<div class=\"elementor-widget-container\">\n\t\t\t\t\t\t\t\t\t\t\t\t<figure class=\"wp-caption\">\n\t\t\t\t\t\t\t\t\t\t<img loading=\"lazy\" decoding=\"async\" width=\"768\" height=\"512\" src=\"https:\/\/www.elturistatranquil.com\/wp-content\/uploads\/F26-Cuellar-jardines-b-Google-earth-2024-06-18.jpg\" class=\"attachment-large size-large wp-image-52768\" alt=\"Castillo de Cuellar, Segovia\" srcset=\"https:\/\/www.elturistatranquil.com\/wp-content\/uploads\/F26-Cuellar-jardines-b-Google-earth-2024-06-18.jpg 768w, https:\/\/www.elturistatranquil.com\/wp-content\/uploads\/F26-Cuellar-jardines-b-Google-earth-2024-06-18-339x226.jpg 339w\" sizes=\"(max-width: 768px) 100vw, 768px\" \/>\t\t\t\t\t\t\t\t\t\t\t<figcaption class=\"widget-image-caption wp-caption-text\">(Google earth 2024-06-18)<\/figcaption>\n\t\t\t\t\t\t\t\t\t\t<\/figure>\n\t\t\t\t\t\t\t\t\t<\/div>\n\t\t\t\t<\/div>\n\t\t\t\t<div class=\"elementor-element elementor-element-cd3d190 elementor-widget elementor-widget-text-editor\" data-id=\"cd3d190\" data-element_type=\"widget\" data-e-type=\"widget\" data-widget_type=\"text-editor.default\">\n\t\t\t\t<div class=\"elementor-widget-container\">\n\t\t\t\t\t\t\t\t\t<p>La cantonada aixamfranada de l&#8217;angle sud-oest del primer recinte (mirar el <strong>pl\u00e0nol 1<\/strong> al principi del Post) constitu\u00efa la part m\u00e9s vulnerable de la fortificaci\u00f3, per aix\u00f2, una de les decisions de \u00c1lvaro de Luna al segle XV va ser refor\u00e7ar aquesta cantonada amb un gran cub circular, denominada cub de Santo Domingo, de la qual s&#8217;inicia la seva construcci\u00f3, amb f\u00e0brica de carreu.<\/p><p>En aquell moment es va construir una sala inferior amb volta, amb una terrassa superior que havia de servir com a plataforma per ubicar artilleria pesant.<\/p><p>De fet, aquest cub mai no va arribar a acabar-se, com ho mostra el dibuix de Parcerisas del segle XIX, i haurien de passar cinc segles fins que el 1951 creix\u00e9s la torrassa amb la sala superior i els matacans de remat sense emmerletat. L&#8217;al\u00e7ada resulta menor que els llen\u00e7os confrontants. Si aix\u00f2 \u00e9s aix\u00ed, no s&#8217;ent\u00e9n perqu\u00e8 es va recr\u00e9ixer en una rehabilitaci\u00f3 una torre amb una obra i al\u00e7ada que mai no havia existit.<\/p>\t\t\t\t\t\t\t\t<\/div>\n\t\t\t\t<\/div>\n\t\t\t\t<div class=\"elementor-element elementor-element-74dc8c5 elementor-widget elementor-widget-image\" data-id=\"74dc8c5\" data-element_type=\"widget\" data-e-type=\"widget\" data-widget_type=\"image.default\">\n\t\t\t\t<div class=\"elementor-widget-container\">\n\t\t\t\t\t\t\t\t\t\t\t\t<figure class=\"wp-caption\">\n\t\t\t\t\t\t\t\t\t\t<img loading=\"lazy\" decoding=\"async\" width=\"768\" height=\"511\" src=\"https:\/\/www.elturistatranquil.com\/wp-content\/uploads\/F27-Castillo-de-Cuellar-Segovia.jpg\" class=\"attachment-large size-large wp-image-52773\" alt=\"Castillo de Cuellar, Segovia\" srcset=\"https:\/\/www.elturistatranquil.com\/wp-content\/uploads\/F27-Castillo-de-Cuellar-Segovia.jpg 768w, https:\/\/www.elturistatranquil.com\/wp-content\/uploads\/F27-Castillo-de-Cuellar-Segovia-339x226.jpg 339w\" sizes=\"(max-width: 768px) 100vw, 768px\" \/>\t\t\t\t\t\t\t\t\t\t\t<figcaption class=\"widget-image-caption wp-caption-text\"><\/figcaption>\n\t\t\t\t\t\t\t\t\t\t<\/figure>\n\t\t\t\t\t\t\t\t\t<\/div>\n\t\t\t\t<\/div>\n\t\t\t\t<div class=\"elementor-element elementor-element-8a3bb11 elementor-widget elementor-widget-image\" data-id=\"8a3bb11\" data-element_type=\"widget\" data-e-type=\"widget\" data-widget_type=\"image.default\">\n\t\t\t\t<div class=\"elementor-widget-container\">\n\t\t\t\t\t\t\t\t\t\t\t\t<figure class=\"wp-caption\">\n\t\t\t\t\t\t\t\t\t\t<img loading=\"lazy\" decoding=\"async\" width=\"768\" height=\"512\" src=\"https:\/\/www.elturistatranquil.com\/wp-content\/uploads\/F28-Castillo-de-Cuellar-Segovia-dibujo-de-Parcerisas.jpg\" class=\"attachment-large size-large wp-image-52775\" alt=\"Castillo de Cuellar, Segovia\" srcset=\"https:\/\/www.elturistatranquil.com\/wp-content\/uploads\/F28-Castillo-de-Cuellar-Segovia-dibujo-de-Parcerisas.jpg 768w, https:\/\/www.elturistatranquil.com\/wp-content\/uploads\/F28-Castillo-de-Cuellar-Segovia-dibujo-de-Parcerisas-339x226.jpg 339w\" sizes=\"(max-width: 768px) 100vw, 768px\" \/>\t\t\t\t\t\t\t\t\t\t\t<figcaption class=\"widget-image-caption wp-caption-text\"><\/figcaption>\n\t\t\t\t\t\t\t\t\t\t<\/figure>\n\t\t\t\t\t\t\t\t\t<\/div>\n\t\t\t\t<\/div>\n\t\t\t\t<div class=\"elementor-element elementor-element-64da2b4 elementor-widget elementor-widget-heading\" data-id=\"64da2b4\" data-element_type=\"widget\" data-e-type=\"widget\" data-widget_type=\"heading.default\">\n\t\t\t\t<div class=\"elementor-widget-container\">\n\t\t\t\t\t<h5 class=\"elementor-heading-title elementor-size-default\">Costat oest<\/h5>\t\t\t\t<\/div>\n\t\t\t\t<\/div>\n\t\t\t\t<div class=\"elementor-element elementor-element-7cab599 elementor-widget elementor-widget-text-editor\" data-id=\"7cab599\" data-element_type=\"widget\" data-e-type=\"widget\" data-widget_type=\"text-editor.default\">\n\t\t\t\t<div class=\"elementor-widget-container\">\n\t\t\t\t\t\t\t\t\t<p><strong>S\u00edntesi hist\u00f2rica del costat oest.<\/strong><\/p><p><strong>Segle XI-XII<\/strong>. Es construeix el llen\u00e7 oest de la primitiva fortalesa. Al<br \/>v\u00e8rtex sud, on s&#8217;unia amb el mur aixamfranat, es col\u00b7loca una torre que sobresurt amb dos costats paral\u00b7lels acabats en un semicilindre (a la dreta).<br \/><strong>Segle XV. \u00c1lvaro de Luna<\/strong>. Refor\u00e7a el mur coronat de grans matacans amb emmerletat; a l&#8217;esquerra un garit\u00f3 rematat amb matacans. Els merlets avui desapareguts.<br \/>-A la dreta, el cub de Santo Domingo s&#8217;insereix a l&#8217;antiga torre d&#8217;aquesta cantonada.<\/p>\t\t\t\t\t\t\t\t<\/div>\n\t\t\t\t<\/div>\n\t\t\t\t<div class=\"elementor-element elementor-element-000d462 elementor-widget elementor-widget-image\" data-id=\"000d462\" data-element_type=\"widget\" data-e-type=\"widget\" data-widget_type=\"image.default\">\n\t\t\t\t<div class=\"elementor-widget-container\">\n\t\t\t\t\t\t\t\t\t\t\t\t<figure class=\"wp-caption\">\n\t\t\t\t\t\t\t\t\t\t<img loading=\"lazy\" decoding=\"async\" width=\"768\" height=\"512\" src=\"https:\/\/www.elturistatranquil.com\/wp-content\/uploads\/F29-Castillo-de-Cuellar-Segovia-Google-earth-Street-View-2024-06-16-.jpg\" class=\"attachment-large size-large wp-image-52777\" alt=\"Castillo de Cuellar, Segovia\" srcset=\"https:\/\/www.elturistatranquil.com\/wp-content\/uploads\/F29-Castillo-de-Cuellar-Segovia-Google-earth-Street-View-2024-06-16-.jpg 768w, https:\/\/www.elturistatranquil.com\/wp-content\/uploads\/F29-Castillo-de-Cuellar-Segovia-Google-earth-Street-View-2024-06-16--339x226.jpg 339w\" sizes=\"(max-width: 768px) 100vw, 768px\" \/>\t\t\t\t\t\t\t\t\t\t\t<figcaption class=\"widget-image-caption wp-caption-text\">(Google earth-Street View 2024-06-16)<\/figcaption>\n\t\t\t\t\t\t\t\t\t\t<\/figure>\n\t\t\t\t\t\t\t\t\t<\/div>\n\t\t\t\t<\/div>\n\t\t\t\t<div class=\"elementor-element elementor-element-e8f0126 elementor-widget elementor-widget-text-editor\" data-id=\"e8f0126\" data-element_type=\"widget\" data-e-type=\"widget\" data-widget_type=\"text-editor.default\">\n\t\t\t\t<div class=\"elementor-widget-container\">\n\t\t\t\t\t\t\t\t\t<p>Arribats al costat de ponent, ens trobem amb la part del castell que dona a l&#8217;exterior de la vila i que, per tant, queda integrada a la muralla urbana del primer recinte, per\u00f2 amb una capacitat defensiva superior en al\u00e7ada.<\/p><p>El cub de Santo Domingo entronca amb el cub cantoner anterior que correspon a la primera construcci\u00f3. El llen\u00e7 d&#8217;aquest costat arriba fins a la cantonada nord-oest de la muralla del recinte interior del castell al pati d&#8217;armes, on hi ha un garit\u00f3 amb merlets sobre voladures d&#8217;anell circulars. Des d&#8217;aquest punt parteix la tanca nord del primer recinte, que al primer tram s&#8217;integra a l&#8217;interior de la lli\u00e7a nord per on hem iniciat el recorregut exterior.<\/p><p>La f\u00e0brica del llen\u00e7 \u00e9s de ma\u00e7oneria que cal suposar que no tenia cap obertura. Per sobre un matac\u00e0 emmerletat corregut recolzat en modillons de rotllos. Li falten els merlets.<\/p>\t\t\t\t\t\t\t\t<\/div>\n\t\t\t\t<\/div>\n\t\t\t\t<div class=\"elementor-element elementor-element-2eb3c8a elementor-widget elementor-widget-image\" data-id=\"2eb3c8a\" data-element_type=\"widget\" data-e-type=\"widget\" data-widget_type=\"image.default\">\n\t\t\t\t<div class=\"elementor-widget-container\">\n\t\t\t\t\t\t\t\t\t\t\t\t<figure class=\"wp-caption\">\n\t\t\t\t\t\t\t\t\t\t<img loading=\"lazy\" decoding=\"async\" width=\"768\" height=\"512\" src=\"https:\/\/www.elturistatranquil.com\/wp-content\/uploads\/F30-Castillo-de-Cuellar-Segovia.jpg\" class=\"attachment-large size-large wp-image-52779\" alt=\"Castillo de Cuellar, Segovia\" srcset=\"https:\/\/www.elturistatranquil.com\/wp-content\/uploads\/F30-Castillo-de-Cuellar-Segovia.jpg 768w, https:\/\/www.elturistatranquil.com\/wp-content\/uploads\/F30-Castillo-de-Cuellar-Segovia-339x226.jpg 339w\" sizes=\"(max-width: 768px) 100vw, 768px\" \/>\t\t\t\t\t\t\t\t\t\t\t<figcaption class=\"widget-image-caption wp-caption-text\"><\/figcaption>\n\t\t\t\t\t\t\t\t\t\t<\/figure>\n\t\t\t\t\t\t\t\t\t<\/div>\n\t\t\t\t<\/div>\n\t\t\t\t<div class=\"elementor-element elementor-element-31f922f elementor-widget elementor-widget-heading\" data-id=\"31f922f\" data-element_type=\"widget\" data-e-type=\"widget\" data-widget_type=\"heading.default\">\n\t\t\t\t<div class=\"elementor-widget-container\">\n\t\t\t\t\t<h3 class=\"elementor-heading-title elementor-size-default\">Visita de l\u2019interior<\/h3>\t\t\t\t<\/div>\n\t\t\t\t<\/div>\n\t\t\t\t<div class=\"elementor-element elementor-element-2465cb1 elementor-widget elementor-widget-text-editor\" data-id=\"2465cb1\" data-element_type=\"widget\" data-e-type=\"widget\" data-widget_type=\"text-editor.default\">\n\t\t\t\t<div class=\"elementor-widget-container\">\n\t\t\t\t\t\t\t\t\t<p>La visita a l&#8217;interior del castell-palau \u00e9s sempre guiada. El punt de trobada \u00e9s la lli\u00e7a d&#8217;entrada del costat nord.<\/p><p>Hem de saber que la visita tur\u00edstica guiada es limita a un recorregut per la lli\u00e7a del costat de llevant, la fa\u00e7ana meridional des dels jardins, la torre de l&#8217;homenatge i la visualitzaci\u00f3 del pati d&#8217;armes darrere d&#8217;una vidriera, per tornar per la lli\u00e7a al punt de trobada a l&#8217;entrada. La resta de l&#8217;edifici, \u00e9s a dir, els tres cossos al voltant del pati d&#8217;armes i el pati d&#8217;armes mateix estan destinats a altres usos.<\/p><p>El que es mostra de l&#8217;interior de l&#8217;edifici a la torre de l&#8217;homenatge \u00e9s una muse\u00eftzaci\u00f3, recreant amb mobiliari estades d&#8217;un castell, encara que no als llocs que ocupaven, sin\u00f3 aprofitant les estances de la torre de l&#8217;homenatge. No hi ha res de la resta d&#8217;estades de servidors i serveis.<\/p>\t\t\t\t\t\t\t\t<\/div>\n\t\t\t\t<\/div>\n\t\t\t\t<div class=\"elementor-element elementor-element-12e0331 elementor-widget elementor-widget-heading\" data-id=\"12e0331\" data-element_type=\"widget\" data-e-type=\"widget\" data-widget_type=\"heading.default\">\n\t\t\t\t<div class=\"elementor-widget-container\">\n\t\t\t\t\t<h5 class=\"elementor-heading-title elementor-size-default\">La lli\u00e7a de l'entrada nord<\/h5>\t\t\t\t<\/div>\n\t\t\t\t<\/div>\n\t\t\t\t<div class=\"elementor-element elementor-element-6b1a001 elementor-widget elementor-widget-text-editor\" data-id=\"6b1a001\" data-element_type=\"widget\" data-e-type=\"widget\" data-widget_type=\"text-editor.default\">\n\t\t\t\t<div class=\"elementor-widget-container\">\n\t\t\t\t\t\t\t\t\t<p>Travessada l&#8217;avantporta del castell pel costat nord s&#8217;entra a la lli\u00e7a que, com s&#8217;observa, est\u00e0 dividida per un mur.<\/p><p>Al fons, la muralla nord del castell, amb la porta que dona acc\u00e9s al pati d&#8217;armes. En ampliar-se la pla\u00e7a d&#8217;armes pel nord, en \u00e8poca de Beltr\u00e1n de la Cueva, es va enderrocar l&#8217;antic mur i es va construir aquest nou sobre el mur de l&#8217;antiga barbacana, avan\u00e7ant alhora la nova barbacana que acabem de travessar.<\/p><p>La ubicaci\u00f3 de l&#8217;avantporta de la nova barbacana queda desenfilada respecte a l&#8217;entrada de la fortalesa, per protegir-la millor.<\/p><p>Es construeix de carreuat, per donar m\u00e9s prest\u00e0ncia a la nova porta principal, amb merlets piramidals acabats amb bulbs.<\/p><p>La porta d&#8217;arc tipus conopial de carreuat amb una xambrana alf\u00eds amb tres blasons: centrat l&#8217;escut reial de Castella i Lle\u00f3 d&#8217;Enrique IV, a l&#8217;esquerra el de la Cueva i a la dreta el de Mendoza per la seva dona Menc\u00eda. Per d\u2019amunt una lladronera sobre modillons.<\/p><p>Aquest nou llen\u00e7 uneix la torre cil\u00edndrica inacabada per \u00c1lvaro de Luna amb el del costat oest. A la trobada dels dos murs s\u2019aixeca un garit\u00f3 volat igual al de la torre de l&#8217;homenatge i adornen sobre el cub de Santo Domingo.<\/p><p>Per sobre un petit matac\u00e0.<\/p><p>A l&#8217;esquerra, un obertura practicada a la torre de \u00c1lvaro de Luna dona acc\u00e9s a l&#8217;Oficina de Turisme, lloc on adquirir les entrades tur\u00edstiques de Cu\u00e9llar.<\/p>\t\t\t\t\t\t\t\t<\/div>\n\t\t\t\t<\/div>\n\t\t\t\t<div class=\"elementor-element elementor-element-9006fc1 elementor-widget elementor-widget-image\" data-id=\"9006fc1\" data-element_type=\"widget\" data-e-type=\"widget\" data-widget_type=\"image.default\">\n\t\t\t\t<div class=\"elementor-widget-container\">\n\t\t\t\t\t\t\t\t\t\t\t\t<figure class=\"wp-caption\">\n\t\t\t\t\t\t\t\t\t\t<img loading=\"lazy\" decoding=\"async\" width=\"768\" height=\"512\" src=\"https:\/\/www.elturistatranquil.com\/wp-content\/uploads\/F31-Castillo-de-Cuellar-Segovia.jpg\" class=\"attachment-large size-large wp-image-52781\" alt=\"Castillo de Cuellar, Segovia\" srcset=\"https:\/\/www.elturistatranquil.com\/wp-content\/uploads\/F31-Castillo-de-Cuellar-Segovia.jpg 768w, https:\/\/www.elturistatranquil.com\/wp-content\/uploads\/F31-Castillo-de-Cuellar-Segovia-339x226.jpg 339w\" sizes=\"(max-width: 768px) 100vw, 768px\" \/>\t\t\t\t\t\t\t\t\t\t\t<figcaption class=\"widget-image-caption wp-caption-text\"><\/figcaption>\n\t\t\t\t\t\t\t\t\t\t<\/figure>\n\t\t\t\t\t\t\t\t\t<\/div>\n\t\t\t\t<\/div>\n\t\t\t\t<div class=\"elementor-element elementor-element-ad21d9a elementor-widget elementor-widget-image\" data-id=\"ad21d9a\" data-element_type=\"widget\" data-e-type=\"widget\" data-widget_type=\"image.default\">\n\t\t\t\t<div class=\"elementor-widget-container\">\n\t\t\t\t\t\t\t\t\t\t\t\t<figure class=\"wp-caption\">\n\t\t\t\t\t\t\t\t\t\t<img loading=\"lazy\" decoding=\"async\" width=\"768\" height=\"512\" src=\"https:\/\/www.elturistatranquil.com\/wp-content\/uploads\/F32-Castillo-de-Cuellar-Segovia.jpg\" class=\"attachment-large size-large wp-image-52786\" alt=\"Castillo de Cuellar, Segovia\" srcset=\"https:\/\/www.elturistatranquil.com\/wp-content\/uploads\/F32-Castillo-de-Cuellar-Segovia.jpg 768w, https:\/\/www.elturistatranquil.com\/wp-content\/uploads\/F32-Castillo-de-Cuellar-Segovia-339x226.jpg 339w\" sizes=\"(max-width: 768px) 100vw, 768px\" \/>\t\t\t\t\t\t\t\t\t\t\t<figcaption class=\"widget-image-caption wp-caption-text\"><\/figcaption>\n\t\t\t\t\t\t\t\t\t\t<\/figure>\n\t\t\t\t\t\t\t\t\t<\/div>\n\t\t\t\t<\/div>\n\t\t\t\t<div class=\"elementor-element elementor-element-a5ee078 elementor-widget elementor-widget-text-editor\" data-id=\"a5ee078\" data-element_type=\"widget\" data-e-type=\"widget\" data-widget_type=\"text-editor.default\">\n\t\t\t\t<div class=\"elementor-widget-container\">\n\t\t\t\t\t\t\t\t\t<p>El costat esquerre de la lli\u00e7a tanca el pas amb una porta a la lli\u00e7a de llevant. Podem veure l&#8217;escala de pedra adossada al mur que permet\u00e9 l&#8217;acc\u00e9s a cam\u00ed de ronda defensiu.<\/p>\t\t\t\t\t\t\t\t<\/div>\n\t\t\t\t<\/div>\n\t\t\t\t<div class=\"elementor-element elementor-element-7d57124 elementor-widget elementor-widget-image\" data-id=\"7d57124\" data-element_type=\"widget\" data-e-type=\"widget\" data-widget_type=\"image.default\">\n\t\t\t\t<div class=\"elementor-widget-container\">\n\t\t\t\t\t\t\t\t\t\t\t\t<figure class=\"wp-caption\">\n\t\t\t\t\t\t\t\t\t\t<img loading=\"lazy\" decoding=\"async\" width=\"768\" height=\"512\" src=\"https:\/\/www.elturistatranquil.com\/wp-content\/uploads\/F33-Castillo-de-Cuellar-Segovia.jpg\" class=\"attachment-large size-large wp-image-52788\" alt=\"Castillo de Cuellar, Segovia\" srcset=\"https:\/\/www.elturistatranquil.com\/wp-content\/uploads\/F33-Castillo-de-Cuellar-Segovia.jpg 768w, https:\/\/www.elturistatranquil.com\/wp-content\/uploads\/F33-Castillo-de-Cuellar-Segovia-339x226.jpg 339w\" sizes=\"(max-width: 768px) 100vw, 768px\" \/>\t\t\t\t\t\t\t\t\t\t\t<figcaption class=\"widget-image-caption wp-caption-text\"><\/figcaption>\n\t\t\t\t\t\t\t\t\t\t<\/figure>\n\t\t\t\t\t\t\t\t\t<\/div>\n\t\t\t\t<\/div>\n\t\t\t\t<div class=\"elementor-element elementor-element-47bb7c9 elementor-widget elementor-widget-heading\" data-id=\"47bb7c9\" data-element_type=\"widget\" data-e-type=\"widget\" data-widget_type=\"heading.default\">\n\t\t\t\t<div class=\"elementor-widget-container\">\n\t\t\t\t\t<h5 class=\"elementor-heading-title elementor-size-default\">La lli\u00e7a del costat est<\/h5>\t\t\t\t<\/div>\n\t\t\t\t<\/div>\n\t\t\t\t<div class=\"elementor-element elementor-element-50a997c elementor-widget elementor-widget-text-editor\" data-id=\"50a997c\" data-element_type=\"widget\" data-e-type=\"widget\" data-widget_type=\"text-editor.default\">\n\t\t\t\t<div class=\"elementor-widget-container\">\n\t\t\t\t\t\t\t\t\t<p>Vista des del costat exterior, des de la lli\u00e7a de llevant, veiem la porta d&#8217;acc\u00e9s a la lli\u00e7a de l&#8217;entrada principal, d&#8217;arc de punt ogival de carreuat, defensada per dos garitons sobre anells circulars unides entre si per la part superior per un altre arc ogival exempt, tot aix\u00f2 de carreuat.<\/p><p>La meva impressi\u00f3 \u00e9s que aquesta posada va haver de ser reconstru\u00efda quan es va avan\u00e7ar la lli\u00e7a del costat nord i que en aquell moment es va encarar l&#8217;entrada cap a la lli\u00e7a del costat de llevant.<\/p><p>A la clau de l&#8217;arc de la porta el blas\u00f3 dels Luna.<\/p>\t\t\t\t\t\t\t\t<\/div>\n\t\t\t\t<\/div>\n\t\t\t\t<div class=\"elementor-element elementor-element-68257ae elementor-widget elementor-widget-image\" data-id=\"68257ae\" data-element_type=\"widget\" data-e-type=\"widget\" data-widget_type=\"image.default\">\n\t\t\t\t<div class=\"elementor-widget-container\">\n\t\t\t\t\t\t\t\t\t\t\t\t<figure class=\"wp-caption\">\n\t\t\t\t\t\t\t\t\t\t<img loading=\"lazy\" decoding=\"async\" width=\"768\" height=\"511\" src=\"https:\/\/www.elturistatranquil.com\/wp-content\/uploads\/F34-Castillo-de-Cuellar-Segovia.jpg\" class=\"attachment-large size-large wp-image-52790\" alt=\"Castillo de Cuellar, Segovia\" srcset=\"https:\/\/www.elturistatranquil.com\/wp-content\/uploads\/F34-Castillo-de-Cuellar-Segovia.jpg 768w, https:\/\/www.elturistatranquil.com\/wp-content\/uploads\/F34-Castillo-de-Cuellar-Segovia-339x226.jpg 339w\" sizes=\"(max-width: 768px) 100vw, 768px\" \/>\t\t\t\t\t\t\t\t\t\t\t<figcaption class=\"widget-image-caption wp-caption-text\"><\/figcaption>\n\t\t\t\t\t\t\t\t\t\t<\/figure>\n\t\t\t\t\t\t\t\t\t<\/div>\n\t\t\t\t<\/div>\n\t\t\t\t<div class=\"elementor-element elementor-element-903f742 elementor-widget elementor-widget-text-editor\" data-id=\"903f742\" data-element_type=\"widget\" data-e-type=\"widget\" data-widget_type=\"text-editor.default\">\n\t\t\t\t<div class=\"elementor-widget-container\">\n\t\t\t\t\t\t\t\t\t<p>La lli\u00e7a de llevant envolta la gran torre de \u00c1lvaro de Luna.<\/p>\t\t\t\t\t\t\t\t<\/div>\n\t\t\t\t<\/div>\n\t\t\t\t<div class=\"elementor-element elementor-element-0915cbd elementor-widget elementor-widget-image\" data-id=\"0915cbd\" data-element_type=\"widget\" data-e-type=\"widget\" data-widget_type=\"image.default\">\n\t\t\t\t<div class=\"elementor-widget-container\">\n\t\t\t\t\t\t\t\t\t\t\t\t<figure class=\"wp-caption\">\n\t\t\t\t\t\t\t\t\t\t<img loading=\"lazy\" decoding=\"async\" width=\"768\" height=\"512\" src=\"https:\/\/www.elturistatranquil.com\/wp-content\/uploads\/F35-Castillo-de-Cuellar-Segovia.jpg\" class=\"attachment-large size-large wp-image-52792\" alt=\"Castillo de Cuellar, Segovia\" srcset=\"https:\/\/www.elturistatranquil.com\/wp-content\/uploads\/F35-Castillo-de-Cuellar-Segovia.jpg 768w, https:\/\/www.elturistatranquil.com\/wp-content\/uploads\/F35-Castillo-de-Cuellar-Segovia-339x226.jpg 339w\" sizes=\"(max-width: 768px) 100vw, 768px\" \/>\t\t\t\t\t\t\t\t\t\t\t<figcaption class=\"widget-image-caption wp-caption-text\"><\/figcaption>\n\t\t\t\t\t\t\t\t\t\t<\/figure>\n\t\t\t\t\t\t\t\t\t<\/div>\n\t\t\t\t<\/div>\n\t\t\t\t<div class=\"elementor-element elementor-element-27809e7 elementor-widget elementor-widget-image\" data-id=\"27809e7\" data-element_type=\"widget\" data-e-type=\"widget\" data-widget_type=\"image.default\">\n\t\t\t\t<div class=\"elementor-widget-container\">\n\t\t\t\t\t\t\t\t\t\t\t\t<figure class=\"wp-caption\">\n\t\t\t\t\t\t\t\t\t\t<img loading=\"lazy\" decoding=\"async\" width=\"768\" height=\"511\" src=\"https:\/\/www.elturistatranquil.com\/wp-content\/uploads\/F36-Castillo-de-Cuellar-Segovia.jpg\" class=\"attachment-large size-large wp-image-52794\" alt=\"Castillo de Cuellar, Segovia\" srcset=\"https:\/\/www.elturistatranquil.com\/wp-content\/uploads\/F36-Castillo-de-Cuellar-Segovia.jpg 768w, https:\/\/www.elturistatranquil.com\/wp-content\/uploads\/F36-Castillo-de-Cuellar-Segovia-339x226.jpg 339w\" sizes=\"(max-width: 768px) 100vw, 768px\" \/>\t\t\t\t\t\t\t\t\t\t\t<figcaption class=\"widget-image-caption wp-caption-text\"><\/figcaption>\n\t\t\t\t\t\t\t\t\t\t<\/figure>\n\t\t\t\t\t\t\t\t\t<\/div>\n\t\t\t\t<\/div>\n\t\t\t\t<div class=\"elementor-element elementor-element-4595997 elementor-widget elementor-widget-text-editor\" data-id=\"4595997\" data-element_type=\"widget\" data-e-type=\"widget\" data-widget_type=\"text-editor.default\">\n\t\t\t\t<div class=\"elementor-widget-container\">\n\t\t\t\t\t\t\t\t\t<p>Tant la torre com el llen\u00e7 de muralla s\u00f3n de f\u00e0brica de carreuat de gran qualitat.<\/p><p>La torre de \u00c1lvaro de Luna t\u00e9 uns 11 metres de di\u00e0metre per 19 d\u00b4al\u00e7ada.<\/p><p>Aquesta torre disposava de dues sales de volta i d&#8217;una espl\u00e8ndida finestra g\u00f2tic-toledana on col\u00b7loca a la llinda de la finestra g\u00f2tic-flam\u00edgera un altre blas\u00f3 dels Luna, aix\u00ed com sobre l&#8217;arc de tra\u00e7a g\u00f2tica de sortida al cam\u00ed de ronda.<\/p>\t\t\t\t\t\t\t\t<\/div>\n\t\t\t\t<\/div>\n\t\t\t\t<div class=\"elementor-element elementor-element-185c302 elementor-widget elementor-widget-image\" data-id=\"185c302\" data-element_type=\"widget\" data-e-type=\"widget\" data-widget_type=\"image.default\">\n\t\t\t\t<div class=\"elementor-widget-container\">\n\t\t\t\t\t\t\t\t\t\t\t\t<figure class=\"wp-caption\">\n\t\t\t\t\t\t\t\t\t\t<img loading=\"lazy\" decoding=\"async\" width=\"768\" height=\"512\" src=\"https:\/\/www.elturistatranquil.com\/wp-content\/uploads\/F37-Castillo-de-Cuellar-Segovia.jpg\" class=\"attachment-large size-large wp-image-52799\" alt=\"Castillo de Cuellar, Segovia\" srcset=\"https:\/\/www.elturistatranquil.com\/wp-content\/uploads\/F37-Castillo-de-Cuellar-Segovia.jpg 768w, https:\/\/www.elturistatranquil.com\/wp-content\/uploads\/F37-Castillo-de-Cuellar-Segovia-339x226.jpg 339w\" sizes=\"(max-width: 768px) 100vw, 768px\" \/>\t\t\t\t\t\t\t\t\t\t\t<figcaption class=\"widget-image-caption wp-caption-text\"><\/figcaption>\n\t\t\t\t\t\t\t\t\t\t<\/figure>\n\t\t\t\t\t\t\t\t\t<\/div>\n\t\t\t\t<\/div>\n\t\t\t\t<div class=\"elementor-element elementor-element-d14c017 elementor-widget elementor-widget-text-editor\" data-id=\"d14c017\" data-element_type=\"widget\" data-e-type=\"widget\" data-widget_type=\"text-editor.default\">\n\t\t\t\t<div class=\"elementor-widget-container\">\n\t\t\t\t\t\t\t\t\t<p>El llen\u00e7 est\u00e0 dividit a la seva altura per dues impostes corregudes volades del mateix material i excel\u00b7lent factura.<\/p>\t\t\t\t\t\t\t\t<\/div>\n\t\t\t\t<\/div>\n\t\t\t\t<div class=\"elementor-element elementor-element-2a34e68 elementor-widget elementor-widget-image\" data-id=\"2a34e68\" data-element_type=\"widget\" data-e-type=\"widget\" data-widget_type=\"image.default\">\n\t\t\t\t<div class=\"elementor-widget-container\">\n\t\t\t\t\t\t\t\t\t\t\t\t<figure class=\"wp-caption\">\n\t\t\t\t\t\t\t\t\t\t<img loading=\"lazy\" decoding=\"async\" width=\"768\" height=\"511\" src=\"https:\/\/www.elturistatranquil.com\/wp-content\/uploads\/F38-Castillo-de-Cuellar-Segovia.jpg\" class=\"attachment-large size-large wp-image-52801\" alt=\"Castillo de Cuellar, Segovia\" srcset=\"https:\/\/www.elturistatranquil.com\/wp-content\/uploads\/F38-Castillo-de-Cuellar-Segovia.jpg 768w, https:\/\/www.elturistatranquil.com\/wp-content\/uploads\/F38-Castillo-de-Cuellar-Segovia-339x226.jpg 339w\" sizes=\"(max-width: 768px) 100vw, 768px\" \/>\t\t\t\t\t\t\t\t\t\t\t<figcaption class=\"widget-image-caption wp-caption-text\"><\/figcaption>\n\t\t\t\t\t\t\t\t\t\t<\/figure>\n\t\t\t\t\t\t\t\t\t<\/div>\n\t\t\t\t<\/div>\n\t\t\t\t<div class=\"elementor-element elementor-element-050980d elementor-widget elementor-widget-image\" data-id=\"050980d\" data-element_type=\"widget\" data-e-type=\"widget\" data-widget_type=\"image.default\">\n\t\t\t\t<div class=\"elementor-widget-container\">\n\t\t\t\t\t\t\t\t\t\t\t\t<figure class=\"wp-caption\">\n\t\t\t\t\t\t\t\t\t\t<img loading=\"lazy\" decoding=\"async\" width=\"768\" height=\"512\" src=\"https:\/\/www.elturistatranquil.com\/wp-content\/uploads\/F39-Castillo-de-Cuellar-Segovia.jpg\" class=\"attachment-large size-large wp-image-52803\" alt=\"Castillo de Cuellar, Segovia\" srcset=\"https:\/\/www.elturistatranquil.com\/wp-content\/uploads\/F39-Castillo-de-Cuellar-Segovia.jpg 768w, https:\/\/www.elturistatranquil.com\/wp-content\/uploads\/F39-Castillo-de-Cuellar-Segovia-339x226.jpg 339w\" sizes=\"(max-width: 768px) 100vw, 768px\" \/>\t\t\t\t\t\t\t\t\t\t\t<figcaption class=\"widget-image-caption wp-caption-text\"><\/figcaption>\n\t\t\t\t\t\t\t\t\t\t<\/figure>\n\t\t\t\t\t\t\t\t\t<\/div>\n\t\t\t\t<\/div>\n\t\t\t\t<div class=\"elementor-element elementor-element-3bf664c elementor-widget elementor-widget-text-editor\" data-id=\"3bf664c\" data-element_type=\"widget\" data-e-type=\"widget\" data-widget_type=\"text-editor.default\">\n\t\t\t\t<div class=\"elementor-widget-container\">\n\t\t\t\t\t\t\t\t\t<p>Enmig del llen\u00e7 de llevant, un garit\u00f3 amb m\u00e8nsules esglaonada en anell, composta per nou baquetons, rematada amb matacans. Manca el merlet superior.<\/p>\t\t\t\t\t\t\t\t<\/div>\n\t\t\t\t<\/div>\n\t\t\t\t<div class=\"elementor-element elementor-element-a4d9c1e elementor-widget elementor-widget-image\" data-id=\"a4d9c1e\" data-element_type=\"widget\" data-e-type=\"widget\" data-widget_type=\"image.default\">\n\t\t\t\t<div class=\"elementor-widget-container\">\n\t\t\t\t\t\t\t\t\t\t\t\t<figure class=\"wp-caption\">\n\t\t\t\t\t\t\t\t\t\t<img loading=\"lazy\" decoding=\"async\" width=\"768\" height=\"512\" src=\"https:\/\/www.elturistatranquil.com\/wp-content\/uploads\/F40-Castillo-de-Cuellar-Segovia.jpg\" class=\"attachment-large size-large wp-image-52805\" alt=\"Castillo de Cuellar, Segovia\" srcset=\"https:\/\/www.elturistatranquil.com\/wp-content\/uploads\/F40-Castillo-de-Cuellar-Segovia.jpg 768w, https:\/\/www.elturistatranquil.com\/wp-content\/uploads\/F40-Castillo-de-Cuellar-Segovia-339x226.jpg 339w\" sizes=\"(max-width: 768px) 100vw, 768px\" \/>\t\t\t\t\t\t\t\t\t\t\t<figcaption class=\"widget-image-caption wp-caption-text\"><\/figcaption>\n\t\t\t\t\t\t\t\t\t\t<\/figure>\n\t\t\t\t\t\t\t\t\t<\/div>\n\t\t\t\t<\/div>\n\t\t\t\t<div class=\"elementor-element elementor-element-59e16f3 elementor-widget elementor-widget-text-editor\" data-id=\"59e16f3\" data-element_type=\"widget\" data-e-type=\"widget\" data-widget_type=\"text-editor.default\">\n\t\t\t\t<div class=\"elementor-widget-container\">\n\t\t\t\t\t\t\t\t\t<p>Al recorregut de l&#8217;avantmuralla en diversos punts apareixen troneres d&#8217;orbe i pal.<\/p>\t\t\t\t\t\t\t\t<\/div>\n\t\t\t\t<\/div>\n\t\t\t\t<div class=\"elementor-element elementor-element-7c52c8a elementor-widget elementor-widget-image\" data-id=\"7c52c8a\" data-element_type=\"widget\" data-e-type=\"widget\" data-widget_type=\"image.default\">\n\t\t\t\t<div class=\"elementor-widget-container\">\n\t\t\t\t\t\t\t\t\t\t\t\t<figure class=\"wp-caption\">\n\t\t\t\t\t\t\t\t\t\t<img loading=\"lazy\" decoding=\"async\" width=\"768\" height=\"512\" src=\"https:\/\/www.elturistatranquil.com\/wp-content\/uploads\/F41-Castillo-de-Cuellar-Segovia.jpg\" class=\"attachment-large size-large wp-image-52807\" alt=\"Castillo de Cuellar, Segovia\" srcset=\"https:\/\/www.elturistatranquil.com\/wp-content\/uploads\/F41-Castillo-de-Cuellar-Segovia.jpg 768w, https:\/\/www.elturistatranquil.com\/wp-content\/uploads\/F41-Castillo-de-Cuellar-Segovia-339x226.jpg 339w\" sizes=\"(max-width: 768px) 100vw, 768px\" \/>\t\t\t\t\t\t\t\t\t\t\t<figcaption class=\"widget-image-caption wp-caption-text\"><\/figcaption>\n\t\t\t\t\t\t\t\t\t\t<\/figure>\n\t\t\t\t\t\t\t\t\t<\/div>\n\t\t\t\t<\/div>\n\t\t\t\t<div class=\"elementor-element elementor-element-76402e1 elementor-widget elementor-widget-text-editor\" data-id=\"76402e1\" data-element_type=\"widget\" data-e-type=\"widget\" data-widget_type=\"text-editor.default\">\n\t\t\t\t<div class=\"elementor-widget-container\">\n\t\t\t\t\t\t\t\t\t<p>Tamb\u00e9 l\u00b4acc\u00e9s al portell que hem vist des de l\u00b4exterior.<\/p>\t\t\t\t\t\t\t\t<\/div>\n\t\t\t\t<\/div>\n\t\t\t\t<div class=\"elementor-element elementor-element-73c3d1d elementor-widget elementor-widget-image\" data-id=\"73c3d1d\" data-element_type=\"widget\" data-e-type=\"widget\" data-widget_type=\"image.default\">\n\t\t\t\t<div class=\"elementor-widget-container\">\n\t\t\t\t\t\t\t\t\t\t\t\t<figure class=\"wp-caption\">\n\t\t\t\t\t\t\t\t\t\t<img loading=\"lazy\" decoding=\"async\" width=\"768\" height=\"511\" src=\"https:\/\/www.elturistatranquil.com\/wp-content\/uploads\/F42-Castillo-de-Cuellar-Segovia.jpg\" class=\"attachment-large size-large wp-image-52812\" alt=\"Castillo de Cuellar, Segovia\" srcset=\"https:\/\/www.elturistatranquil.com\/wp-content\/uploads\/F42-Castillo-de-Cuellar-Segovia.jpg 768w, https:\/\/www.elturistatranquil.com\/wp-content\/uploads\/F42-Castillo-de-Cuellar-Segovia-339x226.jpg 339w\" sizes=\"(max-width: 768px) 100vw, 768px\" \/>\t\t\t\t\t\t\t\t\t\t\t<figcaption class=\"widget-image-caption wp-caption-text\"><\/figcaption>\n\t\t\t\t\t\t\t\t\t\t<\/figure>\n\t\t\t\t\t\t\t\t\t<\/div>\n\t\t\t\t<\/div>\n\t\t\t\t<div class=\"elementor-element elementor-element-f3cf281 elementor-widget elementor-widget-text-editor\" data-id=\"f3cf281\" data-element_type=\"widget\" data-e-type=\"widget\" data-widget_type=\"text-editor.default\">\n\t\t\t\t<div class=\"elementor-widget-container\">\n\t\t\t\t\t\t\t\t\t<p>Al sud de la lli\u00e7a s&#8217;enlaira la torre annexada a la torre de l&#8217;homenatge.<\/p>\t\t\t\t\t\t\t\t<\/div>\n\t\t\t\t<\/div>\n\t\t\t\t<div class=\"elementor-element elementor-element-5e825fc elementor-widget elementor-widget-image\" data-id=\"5e825fc\" data-element_type=\"widget\" data-e-type=\"widget\" data-widget_type=\"image.default\">\n\t\t\t\t<div class=\"elementor-widget-container\">\n\t\t\t\t\t\t\t\t\t\t\t\t<figure class=\"wp-caption\">\n\t\t\t\t\t\t\t\t\t\t<img loading=\"lazy\" decoding=\"async\" width=\"768\" height=\"512\" src=\"https:\/\/www.elturistatranquil.com\/wp-content\/uploads\/F43-Castillo-de-Cuellar-Segovia.jpg\" class=\"attachment-large size-large wp-image-52814\" alt=\"Castillo de Cuellar, Segovia\" srcset=\"https:\/\/www.elturistatranquil.com\/wp-content\/uploads\/F43-Castillo-de-Cuellar-Segovia.jpg 768w, https:\/\/www.elturistatranquil.com\/wp-content\/uploads\/F43-Castillo-de-Cuellar-Segovia-339x226.jpg 339w\" sizes=\"(max-width: 768px) 100vw, 768px\" \/>\t\t\t\t\t\t\t\t\t\t\t<figcaption class=\"widget-image-caption wp-caption-text\"><\/figcaption>\n\t\t\t\t\t\t\t\t\t\t<\/figure>\n\t\t\t\t\t\t\t\t\t<\/div>\n\t\t\t\t<\/div>\n\t\t\t\t<div class=\"elementor-element elementor-element-975ec8c elementor-widget elementor-widget-text-editor\" data-id=\"975ec8c\" data-element_type=\"widget\" data-e-type=\"widget\" data-widget_type=\"text-editor.default\">\n\t\t\t\t<div class=\"elementor-widget-container\">\n\t\t\t\t\t\t\t\t\t<p>Passada la torre s&#8217;al\u00e7a la torre de l&#8217;homenatge amb la porta mud\u00e8jar que corresponia a la primera entrada a la vila pel costat sud i que ara nom\u00e9s serveix d&#8217;acc\u00e9s entre els jardins del sud i la lli\u00e7a de llevant on ens trobem.<\/p><p>La lli\u00e7a continua vorejant la torre de l&#8217;homenatge fins a enlla\u00e7ar amb la muralla de la tanca del costat sud de la vila.<\/p>\t\t\t\t\t\t\t\t<\/div>\n\t\t\t\t<\/div>\n\t\t\t\t<div class=\"elementor-element elementor-element-41a4e30 elementor-widget elementor-widget-image\" data-id=\"41a4e30\" data-element_type=\"widget\" data-e-type=\"widget\" data-widget_type=\"image.default\">\n\t\t\t\t<div class=\"elementor-widget-container\">\n\t\t\t\t\t\t\t\t\t\t\t\t<figure class=\"wp-caption\">\n\t\t\t\t\t\t\t\t\t\t<img loading=\"lazy\" decoding=\"async\" width=\"768\" height=\"511\" src=\"https:\/\/www.elturistatranquil.com\/wp-content\/uploads\/F44-Castillo-de-Cuellar-Segovia.jpg\" class=\"attachment-large size-large wp-image-52816\" alt=\"Castillo de Cuellar, Segovia\" srcset=\"https:\/\/www.elturistatranquil.com\/wp-content\/uploads\/F44-Castillo-de-Cuellar-Segovia.jpg 768w, https:\/\/www.elturistatranquil.com\/wp-content\/uploads\/F44-Castillo-de-Cuellar-Segovia-339x226.jpg 339w\" sizes=\"(max-width: 768px) 100vw, 768px\" \/>\t\t\t\t\t\t\t\t\t\t\t<figcaption class=\"widget-image-caption wp-caption-text\"><\/figcaption>\n\t\t\t\t\t\t\t\t\t\t<\/figure>\n\t\t\t\t\t\t\t\t\t<\/div>\n\t\t\t\t<\/div>\n\t\t\t\t<div class=\"elementor-element elementor-element-ff2d263 elementor-widget elementor-widget-text-editor\" data-id=\"ff2d263\" data-element_type=\"widget\" data-e-type=\"widget\" data-widget_type=\"text-editor.default\">\n\t\t\t\t<div class=\"elementor-widget-container\">\n\t\t\t\t\t\t\t\t\t<p>Aquestes dues fotografies mostren el tram de la lli\u00e7a que envolta la torre de l&#8217;homenatge que mor sobre la tanca i el cub de l&#8217;extrem sud de la mateixa lli\u00e7a.<\/p>\t\t\t\t\t\t\t\t<\/div>\n\t\t\t\t<\/div>\n\t\t\t\t<section class=\"elementor-section elementor-inner-section elementor-element elementor-element-b48e344 elementor-section-boxed elementor-section-height-default elementor-section-height-default\" data-id=\"b48e344\" data-element_type=\"section\" data-e-type=\"section\">\n\t\t\t\t\t\t<div class=\"elementor-container elementor-column-gap-default\">\n\t\t\t\t\t<div class=\"elementor-column elementor-col-50 elementor-inner-column elementor-element elementor-element-5700bd6\" data-id=\"5700bd6\" data-element_type=\"column\" data-e-type=\"column\">\n\t\t\t<div class=\"elementor-widget-wrap elementor-element-populated\">\n\t\t\t\t\t\t<div class=\"elementor-element elementor-element-e4d533e elementor-widget elementor-widget-image\" data-id=\"e4d533e\" data-element_type=\"widget\" data-e-type=\"widget\" data-widget_type=\"image.default\">\n\t\t\t\t<div class=\"elementor-widget-container\">\n\t\t\t\t\t\t\t\t\t\t\t\t\t\t\t<img loading=\"lazy\" decoding=\"async\" width=\"380\" height=\"507\" src=\"https:\/\/www.elturistatranquil.com\/wp-content\/uploads\/F45m-Castillo-de-Cuellar-Segovia.jpg\" class=\"attachment-large size-large wp-image-52818\" alt=\"Castillo de Cuellar, Segovia\" srcset=\"https:\/\/www.elturistatranquil.com\/wp-content\/uploads\/F45m-Castillo-de-Cuellar-Segovia.jpg 380w, https:\/\/www.elturistatranquil.com\/wp-content\/uploads\/F45m-Castillo-de-Cuellar-Segovia-169x226.jpg 169w\" sizes=\"(max-width: 380px) 100vw, 380px\" \/>\t\t\t\t\t\t\t\t\t\t\t\t\t\t\t<\/div>\n\t\t\t\t<\/div>\n\t\t\t\t\t<\/div>\n\t\t<\/div>\n\t\t\t\t<div class=\"elementor-column elementor-col-50 elementor-inner-column elementor-element elementor-element-6b2a4f1\" data-id=\"6b2a4f1\" data-element_type=\"column\" data-e-type=\"column\">\n\t\t\t<div class=\"elementor-widget-wrap elementor-element-populated\">\n\t\t\t\t\t\t<div class=\"elementor-element elementor-element-5c52ebb elementor-widget elementor-widget-image\" data-id=\"5c52ebb\" data-element_type=\"widget\" data-e-type=\"widget\" data-widget_type=\"image.default\">\n\t\t\t\t<div class=\"elementor-widget-container\">\n\t\t\t\t\t\t\t\t\t\t\t\t\t\t\t<img loading=\"lazy\" decoding=\"async\" width=\"380\" height=\"507\" src=\"https:\/\/www.elturistatranquil.com\/wp-content\/uploads\/F45n-Castillo-de-Cuellar-Segovia.jpg\" class=\"attachment-large size-large wp-image-52820\" alt=\"Castillo de Cuellar, Segovia\" srcset=\"https:\/\/www.elturistatranquil.com\/wp-content\/uploads\/F45n-Castillo-de-Cuellar-Segovia.jpg 380w, https:\/\/www.elturistatranquil.com\/wp-content\/uploads\/F45n-Castillo-de-Cuellar-Segovia-169x226.jpg 169w\" sizes=\"(max-width: 380px) 100vw, 380px\" \/>\t\t\t\t\t\t\t\t\t\t\t\t\t\t\t<\/div>\n\t\t\t\t<\/div>\n\t\t\t\t\t<\/div>\n\t\t<\/div>\n\t\t\t\t\t<\/div>\n\t\t<\/section>\n\t\t\t\t<div class=\"elementor-element elementor-element-2861d6c elementor-widget elementor-widget-heading\" data-id=\"2861d6c\" data-element_type=\"widget\" data-e-type=\"widget\" data-widget_type=\"heading.default\">\n\t\t\t\t<div class=\"elementor-widget-container\">\n\t\t\t\t\t<h5 class=\"elementor-heading-title elementor-size-default\">La torre de l'homenatge i el mur sud<\/h5>\t\t\t\t<\/div>\n\t\t\t\t<\/div>\n\t\t\t\t<div class=\"elementor-element elementor-element-b26a0a3 elementor-widget elementor-widget-text-editor\" data-id=\"b26a0a3\" data-element_type=\"widget\" data-e-type=\"widget\" data-widget_type=\"text-editor.default\">\n\t\t\t\t<div class=\"elementor-widget-container\">\n\t\t\t\t\t\t\t\t\t<p>Centrem-nos a observar la torre de l&#8217;homenatge en la seva composici\u00f3 exterior.<\/p><p>Com ja hem assenyalat, la torre de l&#8217;homenatge forma part de la construcci\u00f3 de la primera fase de la fortalesa, quan es va adossar a l&#8217;extrem sud del flanc de llevant. De forma rectangular, uns 16 metres de costat per uns 9 metres de profunditat, que \u00e9s d&#8217;uns 11 metres si afegim les torres que flanquegen la portada.<\/p><p>De dreta a esquerra a les fotografies, la semitorre (torre de la capella) adossada per Beltr\u00e1n de la Cueva; el cos rectangular de la torre de l&#8217;homenatge; i al v\u00e8rtex sud-est un garit\u00f3 sobre anells volats.<\/p><p>Al segle XVII, en \u00e8poca de Melchor Fern\u00e1ndez de la Cueva i Henr\u00edquez, IX duc, el nivell superior es va elevar amb una planta recolzada en un matac\u00e0 perimetral que envolta tota la torre, substituint els merlets.<\/p>\t\t\t\t\t\t\t\t<\/div>\n\t\t\t\t<\/div>\n\t\t\t\t<div class=\"elementor-element elementor-element-ad6226a elementor-widget elementor-widget-image\" data-id=\"ad6226a\" data-element_type=\"widget\" data-e-type=\"widget\" data-widget_type=\"image.default\">\n\t\t\t\t<div class=\"elementor-widget-container\">\n\t\t\t\t\t\t\t\t\t\t\t\t<figure class=\"wp-caption\">\n\t\t\t\t\t\t\t\t\t\t<img loading=\"lazy\" decoding=\"async\" width=\"768\" height=\"512\" src=\"https:\/\/www.elturistatranquil.com\/wp-content\/uploads\/F47-Castillo-de-Cuellar-Segovia.jpg\" class=\"attachment-large size-large wp-image-52827\" alt=\"Castillo de Cuellar, Segovia\" srcset=\"https:\/\/www.elturistatranquil.com\/wp-content\/uploads\/F47-Castillo-de-Cuellar-Segovia.jpg 768w, https:\/\/www.elturistatranquil.com\/wp-content\/uploads\/F47-Castillo-de-Cuellar-Segovia-339x226.jpg 339w\" sizes=\"(max-width: 768px) 100vw, 768px\" \/>\t\t\t\t\t\t\t\t\t\t\t<figcaption class=\"widget-image-caption wp-caption-text\"><\/figcaption>\n\t\t\t\t\t\t\t\t\t\t<\/figure>\n\t\t\t\t\t\t\t\t\t<\/div>\n\t\t\t\t<\/div>\n\t\t\t\t<div class=\"elementor-element elementor-element-fd1a01c elementor-widget elementor-widget-image\" data-id=\"fd1a01c\" data-element_type=\"widget\" data-e-type=\"widget\" data-widget_type=\"image.default\">\n\t\t\t\t<div class=\"elementor-widget-container\">\n\t\t\t\t\t\t\t\t\t\t\t\t<figure class=\"wp-caption\">\n\t\t\t\t\t\t\t\t\t\t<img loading=\"lazy\" decoding=\"async\" width=\"768\" height=\"512\" src=\"https:\/\/www.elturistatranquil.com\/wp-content\/uploads\/F48-Castillo-de-Cuellar-Segovia.jpg\" class=\"attachment-large size-large wp-image-52829\" alt=\"Castillo de Cuellar, Segovia\" srcset=\"https:\/\/www.elturistatranquil.com\/wp-content\/uploads\/F48-Castillo-de-Cuellar-Segovia.jpg 768w, https:\/\/www.elturistatranquil.com\/wp-content\/uploads\/F48-Castillo-de-Cuellar-Segovia-339x226.jpg 339w\" sizes=\"(max-width: 768px) 100vw, 768px\" \/>\t\t\t\t\t\t\t\t\t\t\t<figcaption class=\"widget-image-caption wp-caption-text\"><\/figcaption>\n\t\t\t\t\t\t\t\t\t\t<\/figure>\n\t\t\t\t\t\t\t\t\t<\/div>\n\t\t\t\t<\/div>\n\t\t\t\t<div class=\"elementor-element elementor-element-74a966f elementor-widget elementor-widget-image\" data-id=\"74a966f\" data-element_type=\"widget\" data-e-type=\"widget\" data-widget_type=\"image.default\">\n\t\t\t\t<div class=\"elementor-widget-container\">\n\t\t\t\t\t\t\t\t\t\t\t\t<figure class=\"wp-caption\">\n\t\t\t\t\t\t\t\t\t\t<img loading=\"lazy\" decoding=\"async\" width=\"768\" height=\"511\" src=\"https:\/\/www.elturistatranquil.com\/wp-content\/uploads\/F49-Castillo-de-Cuellar-Segovia.jpg\" class=\"attachment-large size-large wp-image-52831\" alt=\"Castillo de Cuellar, Segovia\" srcset=\"https:\/\/www.elturistatranquil.com\/wp-content\/uploads\/F49-Castillo-de-Cuellar-Segovia.jpg 768w, https:\/\/www.elturistatranquil.com\/wp-content\/uploads\/F49-Castillo-de-Cuellar-Segovia-339x226.jpg 339w\" sizes=\"(max-width: 768px) 100vw, 768px\" \/>\t\t\t\t\t\t\t\t\t\t\t<figcaption class=\"widget-image-caption wp-caption-text\"><\/figcaption>\n\t\t\t\t\t\t\t\t\t\t<\/figure>\n\t\t\t\t\t\t\t\t\t<\/div>\n\t\t\t\t<\/div>\n\t\t\t\t<div class=\"elementor-element elementor-element-85a0c95 elementor-widget elementor-widget-image\" data-id=\"85a0c95\" data-element_type=\"widget\" data-e-type=\"widget\" data-widget_type=\"image.default\">\n\t\t\t\t<div class=\"elementor-widget-container\">\n\t\t\t\t\t\t\t\t\t\t\t\t<figure class=\"wp-caption\">\n\t\t\t\t\t\t\t\t\t\t<img loading=\"lazy\" decoding=\"async\" width=\"768\" height=\"511\" src=\"https:\/\/www.elturistatranquil.com\/wp-content\/uploads\/F50-Castillo-de-Cuellar-Segovia.jpg\" class=\"attachment-large size-large wp-image-52833\" alt=\"Castillo de Cuellar, Segovia\" srcset=\"https:\/\/www.elturistatranquil.com\/wp-content\/uploads\/F50-Castillo-de-Cuellar-Segovia.jpg 768w, https:\/\/www.elturistatranquil.com\/wp-content\/uploads\/F50-Castillo-de-Cuellar-Segovia-339x226.jpg 339w\" sizes=\"(max-width: 768px) 100vw, 768px\" \/>\t\t\t\t\t\t\t\t\t\t\t<figcaption class=\"widget-image-caption wp-caption-text\"><\/figcaption>\n\t\t\t\t\t\t\t\t\t\t<\/figure>\n\t\t\t\t\t\t\t\t\t<\/div>\n\t\t\t\t<\/div>\n\t\t\t\t<div class=\"elementor-element elementor-element-0fd6018 elementor-widget elementor-widget-text-editor\" data-id=\"0fd6018\" data-element_type=\"widget\" data-e-type=\"widget\" data-widget_type=\"text-editor.default\">\n\t\t\t\t<div class=\"elementor-widget-container\">\n\t\t\t\t\t\t\t\t\t<p>Aquesta primera imatge mostra el punt d&#8217;uni\u00f3 del cam\u00ed de ronda de la muralla de la primera tanca amb l&#8217;angle de la torre de l&#8217;homenatge; mentre que a la seg\u00fcent observem el mur sud del castell, amb la porta de la torre de l&#8217;homenatge, des de l&#8217;exterior de la tanca. Es justifica aix\u00ed que aquesta fos una porta d\u2019entrada al recinte de la ciutadella de Cu\u00e9llar.<\/p>\t\t\t\t\t\t\t\t<\/div>\n\t\t\t\t<\/div>\n\t\t\t\t<div class=\"elementor-element elementor-element-1d0520e elementor-widget elementor-widget-image\" data-id=\"1d0520e\" data-element_type=\"widget\" data-e-type=\"widget\" data-widget_type=\"image.default\">\n\t\t\t\t<div class=\"elementor-widget-container\">\n\t\t\t\t\t\t\t\t\t\t\t\t<figure class=\"wp-caption\">\n\t\t\t\t\t\t\t\t\t\t<img loading=\"lazy\" decoding=\"async\" width=\"518\" height=\"590\" src=\"https:\/\/www.elturistatranquil.com\/wp-content\/uploads\/F51-Castillo-de-Cuellar-Segovia.jpg\" class=\"attachment-large size-large wp-image-52835\" alt=\"Castillo de Cuellar, Segovia\" srcset=\"https:\/\/www.elturistatranquil.com\/wp-content\/uploads\/F51-Castillo-de-Cuellar-Segovia.jpg 518w, https:\/\/www.elturistatranquil.com\/wp-content\/uploads\/F51-Castillo-de-Cuellar-Segovia-198x226.jpg 198w\" sizes=\"(max-width: 518px) 100vw, 518px\" \/>\t\t\t\t\t\t\t\t\t\t\t<figcaption class=\"widget-image-caption wp-caption-text\"><\/figcaption>\n\t\t\t\t\t\t\t\t\t\t<\/figure>\n\t\t\t\t\t\t\t\t\t<\/div>\n\t\t\t\t<\/div>\n\t\t\t\t<div class=\"elementor-element elementor-element-d6bed20 elementor-widget elementor-widget-image\" data-id=\"d6bed20\" data-element_type=\"widget\" data-e-type=\"widget\" data-widget_type=\"image.default\">\n\t\t\t\t<div class=\"elementor-widget-container\">\n\t\t\t\t\t\t\t\t\t\t\t\t<figure class=\"wp-caption\">\n\t\t\t\t\t\t\t\t\t\t<img loading=\"lazy\" decoding=\"async\" width=\"768\" height=\"512\" src=\"https:\/\/www.elturistatranquil.com\/wp-content\/uploads\/F52-Castillo-de-Cuellar-Segovia.jpg\" class=\"attachment-large size-large wp-image-52837\" alt=\"Castillo de Cuellar, Segovia\" srcset=\"https:\/\/www.elturistatranquil.com\/wp-content\/uploads\/F52-Castillo-de-Cuellar-Segovia.jpg 768w, https:\/\/www.elturistatranquil.com\/wp-content\/uploads\/F52-Castillo-de-Cuellar-Segovia-339x226.jpg 339w\" sizes=\"(max-width: 768px) 100vw, 768px\" \/>\t\t\t\t\t\t\t\t\t\t\t<figcaption class=\"widget-image-caption wp-caption-text\"><\/figcaption>\n\t\t\t\t\t\t\t\t\t\t<\/figure>\n\t\t\t\t\t\t\t\t\t<\/div>\n\t\t\t\t<\/div>\n\t\t\t\t<div class=\"elementor-element elementor-element-01eec24 elementor-widget elementor-widget-text-editor\" data-id=\"01eec24\" data-element_type=\"widget\" data-e-type=\"widget\" data-widget_type=\"text-editor.default\">\n\t\t\t\t<div class=\"elementor-widget-container\">\n\t\t\t\t\t\t\t\t\t<p>La primera portada, la m\u00e9s petita del fons, d&#8217;estil mud\u00e8jar estava oberta sobre el llen\u00e7 de la primera muralla de la fortalesa i estava protegida per les dues torrasses quadrangulars.<\/p><p>S&#8217;observa com, recolzat a les torrasses, s&#8217;han incorporat dos arcs m\u00e9s en diferents moments de construcci\u00f3.<\/p><p>La segona arcada interm\u00e8dia \u00e9s de finals del segle XIII, en \u00e8poca de Sancho IV, quan se&#8217;n decideix potenciar el car\u00e0cter defensiu. Es construeix avan\u00e7ada cap a la meitat del sortint de les torres separat de l&#8217;existent per fer una espitllera vertical de defensa i protecci\u00f3 de la porta. El nou arc amaga l&#8217;excel\u00b7lent disseny primitiu de ma\u00f3 amb sageteres.<\/p>\t\t\t\t\t\t\t\t<\/div>\n\t\t\t\t<\/div>\n\t\t\t\t<div class=\"elementor-element elementor-element-831a0b0 elementor-widget elementor-widget-image\" data-id=\"831a0b0\" data-element_type=\"widget\" data-e-type=\"widget\" data-widget_type=\"image.default\">\n\t\t\t\t<div class=\"elementor-widget-container\">\n\t\t\t\t\t\t\t\t\t\t\t\t<figure class=\"wp-caption\">\n\t\t\t\t\t\t\t\t\t\t<img loading=\"lazy\" decoding=\"async\" width=\"768\" height=\"512\" src=\"https:\/\/www.elturistatranquil.com\/wp-content\/uploads\/F53-Castillo-de-Cuellar-Segovia.jpg\" class=\"attachment-large size-large wp-image-52839\" alt=\"Castillo de Cuellar, Segovia\" srcset=\"https:\/\/www.elturistatranquil.com\/wp-content\/uploads\/F53-Castillo-de-Cuellar-Segovia.jpg 768w, https:\/\/www.elturistatranquil.com\/wp-content\/uploads\/F53-Castillo-de-Cuellar-Segovia-339x226.jpg 339w\" sizes=\"(max-width: 768px) 100vw, 768px\" \/>\t\t\t\t\t\t\t\t\t\t\t<figcaption class=\"widget-image-caption wp-caption-text\"><\/figcaption>\n\t\t\t\t\t\t\t\t\t\t<\/figure>\n\t\t\t\t\t\t\t\t\t<\/div>\n\t\t\t\t<\/div>\n\t\t\t\t<div class=\"elementor-element elementor-element-554821c elementor-widget elementor-widget-text-editor\" data-id=\"554821c\" data-element_type=\"widget\" data-e-type=\"widget\" data-widget_type=\"text-editor.default\">\n\t\t\t\t<div class=\"elementor-widget-container\">\n\t\t\t\t\t\t\t\t\t<p>L&#8217;\u00faltima reforma correspon a l&#8217;\u00e8poca de Melchor Fern\u00e1ndez de la Cueva i Henr\u00edquez, IX duc, al segle XVII. Per construir l&#8217;anomenat &#8220;el mirador de la duquessa&#8221; connectat a les habitacions principals dels ducs, s&#8217;aixeca un gran arc recolzat a les torres laterals per subjectar el forjat, i es cobreix amb una estructura de peus drets de fusta que subjecta un forjat de fusta i teula cer\u00e0mica. Aquest mirador va ser enderrocat i reconstru\u00eft en una de les intervencions de finals del segle XX.<\/p>\t\t\t\t\t\t\t\t<\/div>\n\t\t\t\t<\/div>\n\t\t\t\t<div class=\"elementor-element elementor-element-1fbe312 elementor-widget elementor-widget-image\" data-id=\"1fbe312\" data-element_type=\"widget\" data-e-type=\"widget\" data-widget_type=\"image.default\">\n\t\t\t\t<div class=\"elementor-widget-container\">\n\t\t\t\t\t\t\t\t\t\t\t\t<figure class=\"wp-caption\">\n\t\t\t\t\t\t\t\t\t\t<img loading=\"lazy\" decoding=\"async\" width=\"768\" height=\"512\" src=\"https:\/\/www.elturistatranquil.com\/wp-content\/uploads\/F54-Castillo-de-Cuellar-Segovia.jpg\" class=\"attachment-large size-large wp-image-52841\" alt=\"Castillo de Cuellar, Segovia\" srcset=\"https:\/\/www.elturistatranquil.com\/wp-content\/uploads\/F54-Castillo-de-Cuellar-Segovia.jpg 768w, https:\/\/www.elturistatranquil.com\/wp-content\/uploads\/F54-Castillo-de-Cuellar-Segovia-339x226.jpg 339w\" sizes=\"(max-width: 768px) 100vw, 768px\" \/>\t\t\t\t\t\t\t\t\t\t\t<figcaption class=\"widget-image-caption wp-caption-text\"><\/figcaption>\n\t\t\t\t\t\t\t\t\t\t<\/figure>\n\t\t\t\t\t\t\t\t\t<\/div>\n\t\t\t\t<\/div>\n\t\t\t\t<div class=\"elementor-element elementor-element-ecc0a18 elementor-widget elementor-widget-image\" data-id=\"ecc0a18\" data-element_type=\"widget\" data-e-type=\"widget\" data-widget_type=\"image.default\">\n\t\t\t\t<div class=\"elementor-widget-container\">\n\t\t\t\t\t\t\t\t\t\t\t\t<figure class=\"wp-caption\">\n\t\t\t\t\t\t\t\t\t\t<img loading=\"lazy\" decoding=\"async\" width=\"768\" height=\"512\" src=\"https:\/\/www.elturistatranquil.com\/wp-content\/uploads\/F55-Castillo-de-Cuellar-Segovia.jpg\" class=\"attachment-large size-large wp-image-52843\" alt=\"Castillo de Cuellar, Segovia\" srcset=\"https:\/\/www.elturistatranquil.com\/wp-content\/uploads\/F55-Castillo-de-Cuellar-Segovia.jpg 768w, https:\/\/www.elturistatranquil.com\/wp-content\/uploads\/F55-Castillo-de-Cuellar-Segovia-339x226.jpg 339w\" sizes=\"(max-width: 768px) 100vw, 768px\" \/>\t\t\t\t\t\t\t\t\t\t\t<figcaption class=\"widget-image-caption wp-caption-text\"><\/figcaption>\n\t\t\t\t\t\t\t\t\t\t<\/figure>\n\t\t\t\t\t\t\t\t\t<\/div>\n\t\t\t\t<\/div>\n\t\t\t\t<div class=\"elementor-element elementor-element-d0c2f26 elementor-widget elementor-widget-image\" data-id=\"d0c2f26\" data-element_type=\"widget\" data-e-type=\"widget\" data-widget_type=\"image.default\">\n\t\t\t\t<div class=\"elementor-widget-container\">\n\t\t\t\t\t\t\t\t\t\t\t\t<figure class=\"wp-caption\">\n\t\t\t\t\t\t\t\t\t\t<img loading=\"lazy\" decoding=\"async\" width=\"768\" height=\"512\" src=\"https:\/\/www.elturistatranquil.com\/wp-content\/uploads\/F56-Castillo-de-Cuellar-Segovia.jpg\" class=\"attachment-large size-large wp-image-52845\" alt=\"Castillo de Cuellar, Segovia\" srcset=\"https:\/\/www.elturistatranquil.com\/wp-content\/uploads\/F56-Castillo-de-Cuellar-Segovia.jpg 768w, https:\/\/www.elturistatranquil.com\/wp-content\/uploads\/F56-Castillo-de-Cuellar-Segovia-339x226.jpg 339w\" sizes=\"(max-width: 768px) 100vw, 768px\" \/>\t\t\t\t\t\t\t\t\t\t\t<figcaption class=\"widget-image-caption wp-caption-text\"><\/figcaption>\n\t\t\t\t\t\t\t\t\t\t<\/figure>\n\t\t\t\t\t\t\t\t\t<\/div>\n\t\t\t\t<\/div>\n\t\t\t\t<div class=\"elementor-element elementor-element-0b4bea5 elementor-widget elementor-widget-text-editor\" data-id=\"0b4bea5\" data-element_type=\"widget\" data-e-type=\"widget\" data-widget_type=\"text-editor.default\">\n\t\t\t\t<div class=\"elementor-widget-container\">\n\t\t\t\t\t\t\t\t\t<p>El 1694 el X duc recupera la idea de construir una capella d&#8217;\u00e0mplies dimensions digna del castell-palau, per\u00f2 ho fa fora de la fortalesa, en un edifici adossat a la porta mud\u00e8jar i dins dels jardins. No hi ha restes d&#8217;aquest edifici. Probablement a aquest moment correspon l\u2019obertura d\u2019aquesta porta que comunica la lli\u00e7a amb el jard\u00ed.<\/p>\t\t\t\t\t\t\t\t<\/div>\n\t\t\t\t<\/div>\n\t\t\t\t<div class=\"elementor-element elementor-element-379db3b elementor-widget elementor-widget-image\" data-id=\"379db3b\" data-element_type=\"widget\" data-e-type=\"widget\" data-widget_type=\"image.default\">\n\t\t\t\t<div class=\"elementor-widget-container\">\n\t\t\t\t\t\t\t\t\t\t\t\t<figure class=\"wp-caption\">\n\t\t\t\t\t\t\t\t\t\t<img loading=\"lazy\" decoding=\"async\" width=\"768\" height=\"512\" src=\"https:\/\/www.elturistatranquil.com\/wp-content\/uploads\/F57-Castillo-de-Cuellar-Segovia.jpg\" class=\"attachment-large size-large wp-image-52850\" alt=\"Castillo de Cuellar, Segovia\" srcset=\"https:\/\/www.elturistatranquil.com\/wp-content\/uploads\/F57-Castillo-de-Cuellar-Segovia.jpg 768w, https:\/\/www.elturistatranquil.com\/wp-content\/uploads\/F57-Castillo-de-Cuellar-Segovia-339x226.jpg 339w\" sizes=\"(max-width: 768px) 100vw, 768px\" \/>\t\t\t\t\t\t\t\t\t\t\t<figcaption class=\"widget-image-caption wp-caption-text\"><\/figcaption>\n\t\t\t\t\t\t\t\t\t\t<\/figure>\n\t\t\t\t\t\t\t\t\t<\/div>\n\t\t\t\t<\/div>\n\t\t\t\t<div class=\"elementor-element elementor-element-3775b3d elementor-widget elementor-widget-text-editor\" data-id=\"3775b3d\" data-element_type=\"widget\" data-e-type=\"widget\" data-widget_type=\"text-editor.default\">\n\t\t\t\t<div class=\"elementor-widget-container\">\n\t\t\t\t\t\t\t\t\t<p>S&#8217;han conservat les pollegueres de la primera porta, aix\u00ed com un arc interior a la torre estava dotada d&#8217;un rastell.<\/p>\t\t\t\t\t\t\t\t<\/div>\n\t\t\t\t<\/div>\n\t\t\t\t<div class=\"elementor-element elementor-element-dcb0a8b elementor-widget elementor-widget-image\" data-id=\"dcb0a8b\" data-element_type=\"widget\" data-e-type=\"widget\" data-widget_type=\"image.default\">\n\t\t\t\t<div class=\"elementor-widget-container\">\n\t\t\t\t\t\t\t\t\t\t\t\t<figure class=\"wp-caption\">\n\t\t\t\t\t\t\t\t\t\t<img loading=\"lazy\" decoding=\"async\" width=\"768\" height=\"511\" src=\"https:\/\/www.elturistatranquil.com\/wp-content\/uploads\/F58-Castillo-de-Cuellar-Segovia.jpg\" class=\"attachment-large size-large wp-image-52852\" alt=\"Castillo de Cuellar, Segovia\" srcset=\"https:\/\/www.elturistatranquil.com\/wp-content\/uploads\/F58-Castillo-de-Cuellar-Segovia.jpg 768w, https:\/\/www.elturistatranquil.com\/wp-content\/uploads\/F58-Castillo-de-Cuellar-Segovia-339x226.jpg 339w\" sizes=\"(max-width: 768px) 100vw, 768px\" \/>\t\t\t\t\t\t\t\t\t\t\t<figcaption class=\"widget-image-caption wp-caption-text\"><\/figcaption>\n\t\t\t\t\t\t\t\t\t\t<\/figure>\n\t\t\t\t\t\t\t\t\t<\/div>\n\t\t\t\t<\/div>\n\t\t\t\t<div class=\"elementor-element elementor-element-e8d94e5 elementor-widget elementor-widget-text-editor\" data-id=\"e8d94e5\" data-element_type=\"widget\" data-e-type=\"widget\" data-widget_type=\"text-editor.default\">\n\t\t\t\t<div class=\"elementor-widget-container\">\n\t\t\t\t\t\t\t\t\t<p>Recordem que el costat sud, que era muralla exterior al primer recinte, estava format per un llen\u00e7 entre la torre de l&#8217;homenatge i la que despr\u00e9s va ser la torre de Santo Domingo. Per tant, en un primer moment havia de ser llisa, de ma\u00e7oneria i emmerletada com la del costat oest.<\/p><p>En convertir-lo a partir del segle XIV en castell senyorial, i quedar inclosa dins del recinte del jard\u00ed-hort, i encarada al migdia, va ser la que m\u00e9s transformacions va patir per atorgar-li un aspecte palat\u00ed renaixentista.<\/p>\t\t\t\t\t\t\t\t<\/div>\n\t\t\t\t<\/div>\n\t\t\t\t<div class=\"elementor-element elementor-element-05cdd04 elementor-widget elementor-widget-image\" data-id=\"05cdd04\" data-element_type=\"widget\" data-e-type=\"widget\" data-widget_type=\"image.default\">\n\t\t\t\t<div class=\"elementor-widget-container\">\n\t\t\t\t\t\t\t\t\t\t\t\t<figure class=\"wp-caption\">\n\t\t\t\t\t\t\t\t\t\t<img loading=\"lazy\" decoding=\"async\" width=\"768\" height=\"512\" src=\"https:\/\/www.elturistatranquil.com\/wp-content\/uploads\/F25-Castillo-de-Cuellar-Segovia.jpg\" class=\"attachment-large size-large wp-image-52766\" alt=\"Castillo de Cuellar, Segovia\" srcset=\"https:\/\/www.elturistatranquil.com\/wp-content\/uploads\/F25-Castillo-de-Cuellar-Segovia.jpg 768w, https:\/\/www.elturistatranquil.com\/wp-content\/uploads\/F25-Castillo-de-Cuellar-Segovia-339x226.jpg 339w\" sizes=\"(max-width: 768px) 100vw, 768px\" \/>\t\t\t\t\t\t\t\t\t\t\t<figcaption class=\"widget-image-caption wp-caption-text\"><\/figcaption>\n\t\t\t\t\t\t\t\t\t\t<\/figure>\n\t\t\t\t\t\t\t\t\t<\/div>\n\t\t\t\t<\/div>\n\t\t\t\t<div class=\"elementor-element elementor-element-187d188 elementor-widget elementor-widget-text-editor\" data-id=\"187d188\" data-element_type=\"widget\" data-e-type=\"widget\" data-widget_type=\"text-editor.default\">\n\t\t\t\t<div class=\"elementor-widget-container\">\n\t\t\t\t\t\t\t\t\t<p>El m\u00e9s assenyalat \u00e9s l&#8217;elevaci\u00f3 i la cobertura del cam\u00ed de ronda amb una quarta planta amb una galeria correguda g\u00f2tic-renaixentista oberta cap al migdia, aix\u00ed com el recreixement de la torre de l&#8217;homenatge.<\/p><p>La galeria \u00e9s d&#8217;arcs escarsers amb capitells j\u00f2nics sobre columnes i balustrada de pedra. Els adornen amb els escuts del III duc i els de la seva dona Isabel Gir\u00f3n. Acaba amb una cornisa de doble gola tamb\u00e9 de carreuat, tot aix\u00f2 de tall renaixentista.<\/p><p>D&#8217;altra banda, al mur s&#8217;han anat introduint diferents obertures, aix\u00ed com una porta per la qual s&#8217;accedeix al cos de l&#8217;edifici.<\/p>\t\t\t\t\t\t\t\t<\/div>\n\t\t\t\t<\/div>\n\t\t\t\t<div class=\"elementor-element elementor-element-153d20a elementor-widget elementor-widget-image\" data-id=\"153d20a\" data-element_type=\"widget\" data-e-type=\"widget\" data-widget_type=\"image.default\">\n\t\t\t\t<div class=\"elementor-widget-container\">\n\t\t\t\t\t\t\t\t\t\t\t\t<figure class=\"wp-caption\">\n\t\t\t\t\t\t\t\t\t\t<img loading=\"lazy\" decoding=\"async\" width=\"768\" height=\"512\" src=\"https:\/\/www.elturistatranquil.com\/wp-content\/uploads\/F60-Castillo-de-Cuellar-Segovia.jpg\" class=\"attachment-large size-large wp-image-52857\" alt=\"Castillo de Cuellar, Segovia\" srcset=\"https:\/\/www.elturistatranquil.com\/wp-content\/uploads\/F60-Castillo-de-Cuellar-Segovia.jpg 768w, https:\/\/www.elturistatranquil.com\/wp-content\/uploads\/F60-Castillo-de-Cuellar-Segovia-339x226.jpg 339w\" sizes=\"(max-width: 768px) 100vw, 768px\" \/>\t\t\t\t\t\t\t\t\t\t\t<figcaption class=\"widget-image-caption wp-caption-text\"><\/figcaption>\n\t\t\t\t\t\t\t\t\t\t<\/figure>\n\t\t\t\t\t\t\t\t\t<\/div>\n\t\t\t\t<\/div>\n\t\t\t\t<div class=\"elementor-element elementor-element-e371061 elementor-widget elementor-widget-text-editor\" data-id=\"e371061\" data-element_type=\"widget\" data-e-type=\"widget\" data-widget_type=\"text-editor.default\">\n\t\t\t\t<div class=\"elementor-widget-container\">\n\t\t\t\t\t\t\t\t\t<p>Es mant\u00e9 els matacans del cam\u00ed de ronda i se n&#8217;introdueix un altre de m\u00e9s grand\u00e0ria sota les l\u00ednies de c\u00e0rrega de les columnes de la galeria.<\/p>\t\t\t\t\t\t\t\t<\/div>\n\t\t\t\t<\/div>\n\t\t\t\t<div class=\"elementor-element elementor-element-dc1a4a4 elementor-widget elementor-widget-image\" data-id=\"dc1a4a4\" data-element_type=\"widget\" data-e-type=\"widget\" data-widget_type=\"image.default\">\n\t\t\t\t<div class=\"elementor-widget-container\">\n\t\t\t\t\t\t\t\t\t\t\t\t<figure class=\"wp-caption\">\n\t\t\t\t\t\t\t\t\t\t<img loading=\"lazy\" decoding=\"async\" width=\"768\" height=\"513\" src=\"https:\/\/www.elturistatranquil.com\/wp-content\/uploads\/F61-Castillo-de-Cuellar-Segovia.jpg\" class=\"attachment-large size-large wp-image-52859\" alt=\"Castillo de Cuellar, Segovia\" srcset=\"https:\/\/www.elturistatranquil.com\/wp-content\/uploads\/F61-Castillo-de-Cuellar-Segovia.jpg 768w, https:\/\/www.elturistatranquil.com\/wp-content\/uploads\/F61-Castillo-de-Cuellar-Segovia-339x226.jpg 339w\" sizes=\"(max-width: 768px) 100vw, 768px\" \/>\t\t\t\t\t\t\t\t\t\t\t<figcaption class=\"widget-image-caption wp-caption-text\"><\/figcaption>\n\t\t\t\t\t\t\t\t\t\t<\/figure>\n\t\t\t\t\t\t\t\t\t<\/div>\n\t\t\t\t<\/div>\n\t\t\t\t<div class=\"elementor-element elementor-element-c090a63 elementor-widget elementor-widget-text-editor\" data-id=\"c090a63\" data-element_type=\"widget\" data-e-type=\"widget\" data-widget_type=\"text-editor.default\">\n\t\t\t\t<div class=\"elementor-widget-container\">\n\t\t\t\t\t\t\t\t\t<p>A les rehabilitacions s&#8217;ha recobert el mur amb un arrebossat de cercles esgrafiats.<\/p>\t\t\t\t\t\t\t\t<\/div>\n\t\t\t\t<\/div>\n\t\t\t\t<div class=\"elementor-element elementor-element-4bdc404 elementor-widget elementor-widget-image\" data-id=\"4bdc404\" data-element_type=\"widget\" data-e-type=\"widget\" data-widget_type=\"image.default\">\n\t\t\t\t<div class=\"elementor-widget-container\">\n\t\t\t\t\t\t\t\t\t\t\t\t<figure class=\"wp-caption\">\n\t\t\t\t\t\t\t\t\t\t<img loading=\"lazy\" decoding=\"async\" width=\"768\" height=\"511\" src=\"https:\/\/www.elturistatranquil.com\/wp-content\/uploads\/F62-Castillo-de-Cuellar-Segovia.jpg\" class=\"attachment-large size-large wp-image-52861\" alt=\"Castillo de Cuellar, Segovia\" srcset=\"https:\/\/www.elturistatranquil.com\/wp-content\/uploads\/F62-Castillo-de-Cuellar-Segovia.jpg 768w, https:\/\/www.elturistatranquil.com\/wp-content\/uploads\/F62-Castillo-de-Cuellar-Segovia-339x226.jpg 339w\" sizes=\"(max-width: 768px) 100vw, 768px\" \/>\t\t\t\t\t\t\t\t\t\t\t<figcaption class=\"widget-image-caption wp-caption-text\"><\/figcaption>\n\t\t\t\t\t\t\t\t\t\t<\/figure>\n\t\t\t\t\t\t\t\t\t<\/div>\n\t\t\t\t<\/div>\n\t\t\t\t<div class=\"elementor-element elementor-element-ecb2951 elementor-widget elementor-widget-heading\" data-id=\"ecb2951\" data-element_type=\"widget\" data-e-type=\"widget\" data-widget_type=\"heading.default\">\n\t\t\t\t<div class=\"elementor-widget-container\">\n\t\t\t\t\t<h5 class=\"elementor-heading-title elementor-size-default\">L\u00b4interior i la torre de l\u00b4homenatge<\/h5>\t\t\t\t<\/div>\n\t\t\t\t<\/div>\n\t\t\t\t<div class=\"elementor-element elementor-element-dc18b5a elementor-widget elementor-widget-text-editor\" data-id=\"dc18b5a\" data-element_type=\"widget\" data-e-type=\"widget\" data-widget_type=\"text-editor.default\">\n\t\t\t\t<div class=\"elementor-widget-container\">\n\t\t\t\t\t\t\t\t\t<p>La visita a l&#8217;interior s&#8217;efectua a trav\u00e9s d&#8217;una porta oberta posteriorment al llen\u00e7 per on s&#8217;entra en un recinte amb volta de can\u00f3 rebaixat de carreu de pedra.<\/p><p>S\u00b4observen accessos a diverses habitacions d\u00b4aquesta planta.<\/p><p>Al principi, aquest m\u00f2dul del costat sud estava format per un soterrani amb el graner, magatzems i l&#8217;armeria. La planta baixa per on hem entrat estava destinada a les habitacions dels soldats i una planta primera per a la cort i el servei.<\/p>\t\t\t\t\t\t\t\t<\/div>\n\t\t\t\t<\/div>\n\t\t\t\t<div class=\"elementor-element elementor-element-b6f9971 elementor-widget elementor-widget-image\" data-id=\"b6f9971\" data-element_type=\"widget\" data-e-type=\"widget\" data-widget_type=\"image.default\">\n\t\t\t\t<div class=\"elementor-widget-container\">\n\t\t\t\t\t\t\t\t\t\t\t\t<figure class=\"wp-caption\">\n\t\t\t\t\t\t\t\t\t\t<img loading=\"lazy\" decoding=\"async\" width=\"768\" height=\"512\" src=\"https:\/\/www.elturistatranquil.com\/wp-content\/uploads\/F63-Castillo-de-Cuellar-Segovia.jpg\" class=\"attachment-large size-large wp-image-52866\" alt=\"Castillo de Cuellar, Segovia\" srcset=\"https:\/\/www.elturistatranquil.com\/wp-content\/uploads\/F63-Castillo-de-Cuellar-Segovia.jpg 768w, https:\/\/www.elturistatranquil.com\/wp-content\/uploads\/F63-Castillo-de-Cuellar-Segovia-339x226.jpg 339w\" sizes=\"(max-width: 768px) 100vw, 768px\" \/>\t\t\t\t\t\t\t\t\t\t\t<figcaption class=\"widget-image-caption wp-caption-text\"><\/figcaption>\n\t\t\t\t\t\t\t\t\t\t<\/figure>\n\t\t\t\t\t\t\t\t\t<\/div>\n\t\t\t\t<\/div>\n\t\t\t\t<div class=\"elementor-element elementor-element-df5150a elementor-widget elementor-widget-image\" data-id=\"df5150a\" data-element_type=\"widget\" data-e-type=\"widget\" data-widget_type=\"image.default\">\n\t\t\t\t<div class=\"elementor-widget-container\">\n\t\t\t\t\t\t\t\t\t\t\t\t<figure class=\"wp-caption\">\n\t\t\t\t\t\t\t\t\t\t<img loading=\"lazy\" decoding=\"async\" width=\"768\" height=\"512\" src=\"https:\/\/www.elturistatranquil.com\/wp-content\/uploads\/F64-Castillo-de-Cuellar-Segovia.jpg\" class=\"attachment-large size-large wp-image-52868\" alt=\"Castillo de Cuellar, Segovia\" srcset=\"https:\/\/www.elturistatranquil.com\/wp-content\/uploads\/F64-Castillo-de-Cuellar-Segovia.jpg 768w, https:\/\/www.elturistatranquil.com\/wp-content\/uploads\/F64-Castillo-de-Cuellar-Segovia-339x226.jpg 339w\" sizes=\"(max-width: 768px) 100vw, 768px\" \/>\t\t\t\t\t\t\t\t\t\t\t<figcaption class=\"widget-image-caption wp-caption-text\"><\/figcaption>\n\t\t\t\t\t\t\t\t\t\t<\/figure>\n\t\t\t\t\t\t\t\t\t<\/div>\n\t\t\t\t<\/div>\n\t\t\t\t<div class=\"elementor-element elementor-element-8aadead elementor-widget elementor-widget-text-editor\" data-id=\"8aadead\" data-element_type=\"widget\" data-e-type=\"widget\" data-widget_type=\"text-editor.default\">\n\t\t\t\t<div class=\"elementor-widget-container\">\n\t\t\t\t\t\t\t\t\t<p>Al costat de llevant es mostra la pres\u00f3 o calab\u00f3s situat a la planta baixa de la torrassa (torre de la capella) adossat al costat nord de la torre de l&#8217;homenatge.<\/p><p>Aqu\u00ed s&#8217;observa que el cercle de la torrassa queda tallat per la secant de la muralla de llevant.<\/p>\t\t\t\t\t\t\t\t<\/div>\n\t\t\t\t<\/div>\n\t\t\t\t<div class=\"elementor-element elementor-element-b4eef74 elementor-widget elementor-widget-image\" data-id=\"b4eef74\" data-element_type=\"widget\" data-e-type=\"widget\" data-widget_type=\"image.default\">\n\t\t\t\t<div class=\"elementor-widget-container\">\n\t\t\t\t\t\t\t\t\t\t\t\t<figure class=\"wp-caption\">\n\t\t\t\t\t\t\t\t\t\t<img loading=\"lazy\" decoding=\"async\" width=\"768\" height=\"512\" src=\"https:\/\/www.elturistatranquil.com\/wp-content\/uploads\/F65-Castillo-de-Cuellar-Segovia.jpg\" class=\"attachment-large size-large wp-image-52870\" alt=\"Castillo de Cuellar, Segovia\" srcset=\"https:\/\/www.elturistatranquil.com\/wp-content\/uploads\/F65-Castillo-de-Cuellar-Segovia.jpg 768w, https:\/\/www.elturistatranquil.com\/wp-content\/uploads\/F65-Castillo-de-Cuellar-Segovia-339x226.jpg 339w\" sizes=\"(max-width: 768px) 100vw, 768px\" \/>\t\t\t\t\t\t\t\t\t\t\t<figcaption class=\"widget-image-caption wp-caption-text\"><\/figcaption>\n\t\t\t\t\t\t\t\t\t\t<\/figure>\n\t\t\t\t\t\t\t\t\t<\/div>\n\t\t\t\t<\/div>\n\t\t\t\t<div class=\"elementor-element elementor-element-19e2b4a elementor-widget elementor-widget-text-editor\" data-id=\"19e2b4a\" data-element_type=\"widget\" data-e-type=\"widget\" data-widget_type=\"text-editor.default\">\n\t\t\t\t<div class=\"elementor-widget-container\">\n\t\t\t\t\t\t\t\t\t<p>Una escala moss\u00e0rab porta fins a les plantes superiors de la torre de l&#8217;homenatge.<\/p>\t\t\t\t\t\t\t\t<\/div>\n\t\t\t\t<\/div>\n\t\t\t\t<div class=\"elementor-element elementor-element-2045b11 elementor-widget elementor-widget-image\" data-id=\"2045b11\" data-element_type=\"widget\" data-e-type=\"widget\" data-widget_type=\"image.default\">\n\t\t\t\t<div class=\"elementor-widget-container\">\n\t\t\t\t\t\t\t\t\t\t\t\t<figure class=\"wp-caption\">\n\t\t\t\t\t\t\t\t\t\t<img loading=\"lazy\" decoding=\"async\" width=\"768\" height=\"512\" src=\"https:\/\/www.elturistatranquil.com\/wp-content\/uploads\/F66-Castillo-de-Cuellar-Segovia.jpg\" class=\"attachment-large size-large wp-image-52872\" alt=\"Castillo de Cuellar, Segovia\" srcset=\"https:\/\/www.elturistatranquil.com\/wp-content\/uploads\/F66-Castillo-de-Cuellar-Segovia.jpg 768w, https:\/\/www.elturistatranquil.com\/wp-content\/uploads\/F66-Castillo-de-Cuellar-Segovia-339x226.jpg 339w\" sizes=\"(max-width: 768px) 100vw, 768px\" \/>\t\t\t\t\t\t\t\t\t\t\t<figcaption class=\"widget-image-caption wp-caption-text\"><\/figcaption>\n\t\t\t\t\t\t\t\t\t\t<\/figure>\n\t\t\t\t\t\t\t\t\t<\/div>\n\t\t\t\t<\/div>\n\t\t\t\t<div class=\"elementor-element elementor-element-9c30545 elementor-widget elementor-widget-text-editor\" data-id=\"9c30545\" data-element_type=\"widget\" data-e-type=\"widget\" data-widget_type=\"text-editor.default\">\n\t\t\t\t<div class=\"elementor-widget-container\">\n\t\t\t\t\t\t\t\t\t<p>Amb la darrera reforma, s&#8217;han adaptat els espais interiors de la torre de l&#8217;homenatge per dotar-los de m\u00e9s sumptuositat.<\/p><p>Amb la pretensi\u00f3 de mostrar uns espais d\u00b4ambient medieval, s\u00b4han decorat amb mobles i estris d\u00b4\u00e8poca.<\/p><p>El que el visitant rep \u00e9s una recreaci\u00f3 de la capella, la sala de l&#8217;homenatge, la sala de dones i un dormitori.<\/p>\t\t\t\t\t\t\t\t<\/div>\n\t\t\t\t<\/div>\n\t\t\t\t<div class=\"elementor-element elementor-element-a98f918 elementor-widget elementor-widget-image\" data-id=\"a98f918\" data-element_type=\"widget\" data-e-type=\"widget\" data-widget_type=\"image.default\">\n\t\t\t\t<div class=\"elementor-widget-container\">\n\t\t\t\t\t\t\t\t\t\t\t\t<figure class=\"wp-caption\">\n\t\t\t\t\t\t\t\t\t\t<img loading=\"lazy\" decoding=\"async\" width=\"768\" height=\"512\" src=\"https:\/\/www.elturistatranquil.com\/wp-content\/uploads\/F67-Castillo-de-Cuellar-Segovia.jpg\" class=\"attachment-large size-large wp-image-52874\" alt=\"Castillo de Cuellar, Segovia\" srcset=\"https:\/\/www.elturistatranquil.com\/wp-content\/uploads\/F67-Castillo-de-Cuellar-Segovia.jpg 768w, https:\/\/www.elturistatranquil.com\/wp-content\/uploads\/F67-Castillo-de-Cuellar-Segovia-339x226.jpg 339w\" sizes=\"(max-width: 768px) 100vw, 768px\" \/>\t\t\t\t\t\t\t\t\t\t\t<figcaption class=\"widget-image-caption wp-caption-text\"><\/figcaption>\n\t\t\t\t\t\t\t\t\t\t<\/figure>\n\t\t\t\t\t\t\t\t\t<\/div>\n\t\t\t\t<\/div>\n\t\t\t\t<div class=\"elementor-element elementor-element-e527694 elementor-widget elementor-widget-image\" data-id=\"e527694\" data-element_type=\"widget\" data-e-type=\"widget\" data-widget_type=\"image.default\">\n\t\t\t\t<div class=\"elementor-widget-container\">\n\t\t\t\t\t\t\t\t\t\t\t\t<figure class=\"wp-caption\">\n\t\t\t\t\t\t\t\t\t\t<img loading=\"lazy\" decoding=\"async\" width=\"768\" height=\"512\" src=\"https:\/\/www.elturistatranquil.com\/wp-content\/uploads\/F68-Castillo-de-Cuellar-Segovia.jpg\" class=\"attachment-large size-large wp-image-52879\" alt=\"Castillo de Cuellar, Segovia\" srcset=\"https:\/\/www.elturistatranquil.com\/wp-content\/uploads\/F68-Castillo-de-Cuellar-Segovia.jpg 768w, https:\/\/www.elturistatranquil.com\/wp-content\/uploads\/F68-Castillo-de-Cuellar-Segovia-339x226.jpg 339w\" sizes=\"(max-width: 768px) 100vw, 768px\" \/>\t\t\t\t\t\t\t\t\t\t\t<figcaption class=\"widget-image-caption wp-caption-text\"><\/figcaption>\n\t\t\t\t\t\t\t\t\t\t<\/figure>\n\t\t\t\t\t\t\t\t\t<\/div>\n\t\t\t\t<\/div>\n\t\t\t\t<div class=\"elementor-element elementor-element-83fc820 elementor-widget elementor-widget-image\" data-id=\"83fc820\" data-element_type=\"widget\" data-e-type=\"widget\" data-widget_type=\"image.default\">\n\t\t\t\t<div class=\"elementor-widget-container\">\n\t\t\t\t\t\t\t\t\t\t\t\t<figure class=\"wp-caption\">\n\t\t\t\t\t\t\t\t\t\t<img loading=\"lazy\" decoding=\"async\" width=\"768\" height=\"512\" src=\"https:\/\/www.elturistatranquil.com\/wp-content\/uploads\/F69-Castillo-de-Cuellar-Segovia.jpg\" class=\"attachment-large size-large wp-image-52881\" alt=\"Castillo de Cuellar, Segovia\" srcset=\"https:\/\/www.elturistatranquil.com\/wp-content\/uploads\/F69-Castillo-de-Cuellar-Segovia.jpg 768w, https:\/\/www.elturistatranquil.com\/wp-content\/uploads\/F69-Castillo-de-Cuellar-Segovia-339x226.jpg 339w\" sizes=\"(max-width: 768px) 100vw, 768px\" \/>\t\t\t\t\t\t\t\t\t\t\t<figcaption class=\"widget-image-caption wp-caption-text\"><\/figcaption>\n\t\t\t\t\t\t\t\t\t\t<\/figure>\n\t\t\t\t\t\t\t\t\t<\/div>\n\t\t\t\t<\/div>\n\t\t\t\t<div class=\"elementor-element elementor-element-c687b40 elementor-widget elementor-widget-image\" data-id=\"c687b40\" data-element_type=\"widget\" data-e-type=\"widget\" data-widget_type=\"image.default\">\n\t\t\t\t<div class=\"elementor-widget-container\">\n\t\t\t\t\t\t\t\t\t\t\t\t<figure class=\"wp-caption\">\n\t\t\t\t\t\t\t\t\t\t<img loading=\"lazy\" decoding=\"async\" width=\"768\" height=\"512\" src=\"https:\/\/www.elturistatranquil.com\/wp-content\/uploads\/F70-Castillo-de-Cuellar-Segovia.jpg\" class=\"attachment-large size-large wp-image-52883\" alt=\"Castillo de Cuellar, Segovia\" srcset=\"https:\/\/www.elturistatranquil.com\/wp-content\/uploads\/F70-Castillo-de-Cuellar-Segovia.jpg 768w, https:\/\/www.elturistatranquil.com\/wp-content\/uploads\/F70-Castillo-de-Cuellar-Segovia-339x226.jpg 339w\" sizes=\"(max-width: 768px) 100vw, 768px\" \/>\t\t\t\t\t\t\t\t\t\t\t<figcaption class=\"widget-image-caption wp-caption-text\"><\/figcaption>\n\t\t\t\t\t\t\t\t\t\t<\/figure>\n\t\t\t\t\t\t\t\t\t<\/div>\n\t\t\t\t<\/div>\n\t\t\t\t<div class=\"elementor-element elementor-element-0c3dce4 elementor-widget elementor-widget-image\" data-id=\"0c3dce4\" data-element_type=\"widget\" data-e-type=\"widget\" data-widget_type=\"image.default\">\n\t\t\t\t<div class=\"elementor-widget-container\">\n\t\t\t\t\t\t\t\t\t\t\t\t<figure class=\"wp-caption\">\n\t\t\t\t\t\t\t\t\t\t<img loading=\"lazy\" decoding=\"async\" width=\"768\" height=\"512\" src=\"https:\/\/www.elturistatranquil.com\/wp-content\/uploads\/F72-Castillo-de-Cuellar-Segovia.jpg\" class=\"attachment-large size-large wp-image-52885\" alt=\"Castillo de Cuellar, Segovia\" srcset=\"https:\/\/www.elturistatranquil.com\/wp-content\/uploads\/F72-Castillo-de-Cuellar-Segovia.jpg 768w, https:\/\/www.elturistatranquil.com\/wp-content\/uploads\/F72-Castillo-de-Cuellar-Segovia-339x226.jpg 339w\" sizes=\"(max-width: 768px) 100vw, 768px\" \/>\t\t\t\t\t\t\t\t\t\t\t<figcaption class=\"widget-image-caption wp-caption-text\"><\/figcaption>\n\t\t\t\t\t\t\t\t\t\t<\/figure>\n\t\t\t\t\t\t\t\t\t<\/div>\n\t\t\t\t<\/div>\n\t\t\t\t<div class=\"elementor-element elementor-element-e9d4ec8 elementor-widget elementor-widget-image\" data-id=\"e9d4ec8\" data-element_type=\"widget\" data-e-type=\"widget\" data-widget_type=\"image.default\">\n\t\t\t\t<div class=\"elementor-widget-container\">\n\t\t\t\t\t\t\t\t\t\t\t\t<figure class=\"wp-caption\">\n\t\t\t\t\t\t\t\t\t\t<img loading=\"lazy\" decoding=\"async\" width=\"768\" height=\"512\" src=\"https:\/\/www.elturistatranquil.com\/wp-content\/uploads\/F73-Castillo-de-Cuellar-Segovia.jpg\" class=\"attachment-large size-large wp-image-52890\" alt=\"Castillo de Cuellar, Segovia\" srcset=\"https:\/\/www.elturistatranquil.com\/wp-content\/uploads\/F73-Castillo-de-Cuellar-Segovia.jpg 768w, https:\/\/www.elturistatranquil.com\/wp-content\/uploads\/F73-Castillo-de-Cuellar-Segovia-339x226.jpg 339w\" sizes=\"(max-width: 768px) 100vw, 768px\" \/>\t\t\t\t\t\t\t\t\t\t\t<figcaption class=\"widget-image-caption wp-caption-text\"><\/figcaption>\n\t\t\t\t\t\t\t\t\t\t<\/figure>\n\t\t\t\t\t\t\t\t\t<\/div>\n\t\t\t\t<\/div>\n\t\t\t\t<div class=\"elementor-element elementor-element-51dc94c elementor-widget elementor-widget-image\" data-id=\"51dc94c\" data-element_type=\"widget\" data-e-type=\"widget\" data-widget_type=\"image.default\">\n\t\t\t\t<div class=\"elementor-widget-container\">\n\t\t\t\t\t\t\t\t\t\t\t\t<figure class=\"wp-caption\">\n\t\t\t\t\t\t\t\t\t\t<img loading=\"lazy\" decoding=\"async\" width=\"768\" height=\"512\" src=\"https:\/\/www.elturistatranquil.com\/wp-content\/uploads\/F74-Castillo-de-Cuellar-Segovia.jpg\" class=\"attachment-large size-large wp-image-52892\" alt=\"Castillo de Cuellar, Segovia\" srcset=\"https:\/\/www.elturistatranquil.com\/wp-content\/uploads\/F74-Castillo-de-Cuellar-Segovia.jpg 768w, https:\/\/www.elturistatranquil.com\/wp-content\/uploads\/F74-Castillo-de-Cuellar-Segovia-339x226.jpg 339w\" sizes=\"(max-width: 768px) 100vw, 768px\" \/>\t\t\t\t\t\t\t\t\t\t\t<figcaption class=\"widget-image-caption wp-caption-text\"><\/figcaption>\n\t\t\t\t\t\t\t\t\t\t<\/figure>\n\t\t\t\t\t\t\t\t\t<\/div>\n\t\t\t\t<\/div>\n\t\t\t\t<div class=\"elementor-element elementor-element-856c97a elementor-widget elementor-widget-image\" data-id=\"856c97a\" data-element_type=\"widget\" data-e-type=\"widget\" data-widget_type=\"image.default\">\n\t\t\t\t<div class=\"elementor-widget-container\">\n\t\t\t\t\t\t\t\t\t\t\t\t<figure class=\"wp-caption\">\n\t\t\t\t\t\t\t\t\t\t<img loading=\"lazy\" decoding=\"async\" width=\"768\" height=\"512\" src=\"https:\/\/www.elturistatranquil.com\/wp-content\/uploads\/F75-Castillo-de-Cuellar-Segovia.jpg\" class=\"attachment-large size-large wp-image-52894\" alt=\"Castillo de Cuellar, Segovia\" srcset=\"https:\/\/www.elturistatranquil.com\/wp-content\/uploads\/F75-Castillo-de-Cuellar-Segovia.jpg 768w, https:\/\/www.elturistatranquil.com\/wp-content\/uploads\/F75-Castillo-de-Cuellar-Segovia-339x226.jpg 339w\" sizes=\"(max-width: 768px) 100vw, 768px\" \/>\t\t\t\t\t\t\t\t\t\t\t<figcaption class=\"widget-image-caption wp-caption-text\"><\/figcaption>\n\t\t\t\t\t\t\t\t\t\t<\/figure>\n\t\t\t\t\t\t\t\t\t<\/div>\n\t\t\t\t<\/div>\n\t\t\t\t<div class=\"elementor-element elementor-element-14bbc3e elementor-widget elementor-widget-text-editor\" data-id=\"14bbc3e\" data-element_type=\"widget\" data-e-type=\"widget\" data-widget_type=\"text-editor.default\">\n\t\t\t\t<div class=\"elementor-widget-container\">\n\t\t\t\t\t\t\t\t\t<p>A l&#8217;\u00faltim nivell de la torre de la capella es mostra un muntatge de la \u201cc\u00e0mera de les meravelles\u201d on els senyors guardaven les seves col\u00b7leccions objectes art\u00edstics i ex\u00f2tics.<\/p><p>Al mur, reproduccions de dibuixos realitzats per Parcerisas al segle XIX, amb el corresponent al castell de Cu\u00e9llar al centre. Aquest dibuix est\u00e0 inserit al Post a l&#8217;apartat de la muralla oest.<\/p>\t\t\t\t\t\t\t\t<\/div>\n\t\t\t\t<\/div>\n\t\t\t\t<div class=\"elementor-element elementor-element-84eae77 elementor-widget elementor-widget-image\" data-id=\"84eae77\" data-element_type=\"widget\" data-e-type=\"widget\" data-widget_type=\"image.default\">\n\t\t\t\t<div class=\"elementor-widget-container\">\n\t\t\t\t\t\t\t\t\t\t\t\t<figure class=\"wp-caption\">\n\t\t\t\t\t\t\t\t\t\t<img loading=\"lazy\" decoding=\"async\" width=\"768\" height=\"512\" src=\"https:\/\/www.elturistatranquil.com\/wp-content\/uploads\/F76-Castillo-de-Cuellar-Segovia.jpg\" class=\"attachment-large size-large wp-image-52896\" alt=\"Castillo de Cuellar, Segovia\" srcset=\"https:\/\/www.elturistatranquil.com\/wp-content\/uploads\/F76-Castillo-de-Cuellar-Segovia.jpg 768w, https:\/\/www.elturistatranquil.com\/wp-content\/uploads\/F76-Castillo-de-Cuellar-Segovia-339x226.jpg 339w\" sizes=\"(max-width: 768px) 100vw, 768px\" \/>\t\t\t\t\t\t\t\t\t\t\t<figcaption class=\"widget-image-caption wp-caption-text\"><\/figcaption>\n\t\t\t\t\t\t\t\t\t\t<\/figure>\n\t\t\t\t\t\t\t\t\t<\/div>\n\t\t\t\t<\/div>\n\t\t\t\t<div class=\"elementor-element elementor-element-2544cca elementor-widget elementor-widget-text-editor\" data-id=\"2544cca\" data-element_type=\"widget\" data-e-type=\"widget\" data-widget_type=\"text-editor.default\">\n\t\t\t\t<div class=\"elementor-widget-container\">\n\t\t\t\t\t\t\t\t\t<p>Aqu\u00ed s&#8217;observa la forma de segment circular m\u00e9s gran de la torre de la capella.<\/p>\t\t\t\t\t\t\t\t<\/div>\n\t\t\t\t<\/div>\n\t\t\t\t<div class=\"elementor-element elementor-element-9c5a560 elementor-widget elementor-widget-image\" data-id=\"9c5a560\" data-element_type=\"widget\" data-e-type=\"widget\" data-widget_type=\"image.default\">\n\t\t\t\t<div class=\"elementor-widget-container\">\n\t\t\t\t\t\t\t\t\t\t\t\t<figure class=\"wp-caption\">\n\t\t\t\t\t\t\t\t\t\t<img loading=\"lazy\" decoding=\"async\" width=\"768\" height=\"512\" src=\"https:\/\/www.elturistatranquil.com\/wp-content\/uploads\/F78-Castillo-de-Cuellar-Segovia.jpg\" class=\"attachment-large size-large wp-image-52898\" alt=\"Castillo de Cuellar, Segovia\" srcset=\"https:\/\/www.elturistatranquil.com\/wp-content\/uploads\/F78-Castillo-de-Cuellar-Segovia.jpg 768w, https:\/\/www.elturistatranquil.com\/wp-content\/uploads\/F78-Castillo-de-Cuellar-Segovia-339x226.jpg 339w\" sizes=\"(max-width: 768px) 100vw, 768px\" \/>\t\t\t\t\t\t\t\t\t\t\t<figcaption class=\"widget-image-caption wp-caption-text\"><\/figcaption>\n\t\t\t\t\t\t\t\t\t\t<\/figure>\n\t\t\t\t\t\t\t\t\t<\/div>\n\t\t\t\t<\/div>\n\t\t\t\t<div class=\"elementor-element elementor-element-6d88d9e elementor-widget elementor-widget-text-editor\" data-id=\"6d88d9e\" data-element_type=\"widget\" data-e-type=\"widget\" data-widget_type=\"text-editor.default\">\n\t\t\t\t<div class=\"elementor-widget-container\">\n\t\t\t\t\t\t\t\t\t<p>En aquesta darrera intervenci\u00f3 es reconstrueix l&#8217;antic mirador de les duquesses per convertir-lo en terrassa, plantejat com una galeria oberta que es comunica amb l&#8217;altra torre quadrangular esquerra de la torre de l&#8217;homenatge.<\/p>\t\t\t\t\t\t\t\t<\/div>\n\t\t\t\t<\/div>\n\t\t\t\t<div class=\"elementor-element elementor-element-335b44b elementor-widget elementor-widget-image\" data-id=\"335b44b\" data-element_type=\"widget\" data-e-type=\"widget\" data-widget_type=\"image.default\">\n\t\t\t\t<div class=\"elementor-widget-container\">\n\t\t\t\t\t\t\t\t\t\t\t\t<figure class=\"wp-caption\">\n\t\t\t\t\t\t\t\t\t\t<img loading=\"lazy\" decoding=\"async\" width=\"768\" height=\"512\" src=\"https:\/\/www.elturistatranquil.com\/wp-content\/uploads\/F79-Castillo-de-Cuellar-Segovia.jpg\" class=\"attachment-large size-large wp-image-52900\" alt=\"Castillo de Cuellar, Segovia\" srcset=\"https:\/\/www.elturistatranquil.com\/wp-content\/uploads\/F79-Castillo-de-Cuellar-Segovia.jpg 768w, https:\/\/www.elturistatranquil.com\/wp-content\/uploads\/F79-Castillo-de-Cuellar-Segovia-339x226.jpg 339w\" sizes=\"(max-width: 768px) 100vw, 768px\" \/>\t\t\t\t\t\t\t\t\t\t\t<figcaption class=\"widget-image-caption wp-caption-text\"><\/figcaption>\n\t\t\t\t\t\t\t\t\t\t<\/figure>\n\t\t\t\t\t\t\t\t\t<\/div>\n\t\t\t\t<\/div>\n\t\t\t\t<div class=\"elementor-element elementor-element-b1844a8 elementor-widget elementor-widget-image\" data-id=\"b1844a8\" data-element_type=\"widget\" data-e-type=\"widget\" data-widget_type=\"image.default\">\n\t\t\t\t<div class=\"elementor-widget-container\">\n\t\t\t\t\t\t\t\t\t\t\t\t<figure class=\"wp-caption\">\n\t\t\t\t\t\t\t\t\t\t<img loading=\"lazy\" decoding=\"async\" width=\"768\" height=\"512\" src=\"https:\/\/www.elturistatranquil.com\/wp-content\/uploads\/F80-Castillo-de-Cuellar-Segovia.jpg\" class=\"attachment-large size-large wp-image-52905\" alt=\"Castillo de Cuellar, Segovia\" srcset=\"https:\/\/www.elturistatranquil.com\/wp-content\/uploads\/F80-Castillo-de-Cuellar-Segovia.jpg 768w, https:\/\/www.elturistatranquil.com\/wp-content\/uploads\/F80-Castillo-de-Cuellar-Segovia-339x226.jpg 339w\" sizes=\"(max-width: 768px) 100vw, 768px\" \/>\t\t\t\t\t\t\t\t\t\t\t<figcaption class=\"widget-image-caption wp-caption-text\"><\/figcaption>\n\t\t\t\t\t\t\t\t\t\t<\/figure>\n\t\t\t\t\t\t\t\t\t<\/div>\n\t\t\t\t<\/div>\n\t\t\t\t<div class=\"elementor-element elementor-element-337171e elementor-widget elementor-widget-image\" data-id=\"337171e\" data-element_type=\"widget\" data-e-type=\"widget\" data-widget_type=\"image.default\">\n\t\t\t\t<div class=\"elementor-widget-container\">\n\t\t\t\t\t\t\t\t\t\t\t\t<figure class=\"wp-caption\">\n\t\t\t\t\t\t\t\t\t\t<img loading=\"lazy\" decoding=\"async\" width=\"768\" height=\"512\" src=\"https:\/\/www.elturistatranquil.com\/wp-content\/uploads\/F81-Castillo-de-Cuellar-Segovia.jpg\" class=\"attachment-large size-large wp-image-52907\" alt=\"Castillo de Cuellar, Segovia\" srcset=\"https:\/\/www.elturistatranquil.com\/wp-content\/uploads\/F81-Castillo-de-Cuellar-Segovia.jpg 768w, https:\/\/www.elturistatranquil.com\/wp-content\/uploads\/F81-Castillo-de-Cuellar-Segovia-339x226.jpg 339w\" sizes=\"(max-width: 768px) 100vw, 768px\" \/>\t\t\t\t\t\t\t\t\t\t\t<figcaption class=\"widget-image-caption wp-caption-text\"><\/figcaption>\n\t\t\t\t\t\t\t\t\t\t<\/figure>\n\t\t\t\t\t\t\t\t\t<\/div>\n\t\t\t\t<\/div>\n\t\t\t\t<div class=\"elementor-element elementor-element-991d2a3 elementor-widget elementor-widget-image\" data-id=\"991d2a3\" data-element_type=\"widget\" data-e-type=\"widget\" data-widget_type=\"image.default\">\n\t\t\t\t<div class=\"elementor-widget-container\">\n\t\t\t\t\t\t\t\t\t\t\t\t<figure class=\"wp-caption\">\n\t\t\t\t\t\t\t\t\t\t<img loading=\"lazy\" decoding=\"async\" width=\"768\" height=\"512\" src=\"https:\/\/www.elturistatranquil.com\/wp-content\/uploads\/F82-Castillo-de-Cuellar-Segovia.jpg\" class=\"attachment-large size-large wp-image-52909\" alt=\"Castillo de Cuellar, Segovia\" srcset=\"https:\/\/www.elturistatranquil.com\/wp-content\/uploads\/F82-Castillo-de-Cuellar-Segovia.jpg 768w, https:\/\/www.elturistatranquil.com\/wp-content\/uploads\/F82-Castillo-de-Cuellar-Segovia-339x226.jpg 339w\" sizes=\"(max-width: 768px) 100vw, 768px\" \/>\t\t\t\t\t\t\t\t\t\t\t<figcaption class=\"widget-image-caption wp-caption-text\"><\/figcaption>\n\t\t\t\t\t\t\t\t\t\t<\/figure>\n\t\t\t\t\t\t\t\t\t<\/div>\n\t\t\t\t<\/div>\n\t\t\t\t<div class=\"elementor-element elementor-element-62f3bb2 elementor-widget elementor-widget-text-editor\" data-id=\"62f3bb2\" data-element_type=\"widget\" data-e-type=\"widget\" data-widget_type=\"text-editor.default\">\n\t\t\t\t<div class=\"elementor-widget-container\">\n\t\t\t\t\t\t\t\t\t<p>En aquesta habitaci\u00f3 hi ha la maqueta del castell que he reprodu\u00eft al principi del Post.<\/p>\t\t\t\t\t\t\t\t<\/div>\n\t\t\t\t<\/div>\n\t\t\t\t<div class=\"elementor-element elementor-element-414e7be elementor-widget elementor-widget-image\" data-id=\"414e7be\" data-element_type=\"widget\" data-e-type=\"widget\" data-widget_type=\"image.default\">\n\t\t\t\t<div class=\"elementor-widget-container\">\n\t\t\t\t\t\t\t\t\t\t\t\t<figure class=\"wp-caption\">\n\t\t\t\t\t\t\t\t\t\t<img loading=\"lazy\" decoding=\"async\" width=\"768\" height=\"512\" src=\"https:\/\/www.elturistatranquil.com\/wp-content\/uploads\/F83-Castillo-de-Cuellar-Segovia.jpg\" class=\"attachment-large size-large wp-image-52911\" alt=\"Castillo de Cuellar, Segovia\" srcset=\"https:\/\/www.elturistatranquil.com\/wp-content\/uploads\/F83-Castillo-de-Cuellar-Segovia.jpg 768w, https:\/\/www.elturistatranquil.com\/wp-content\/uploads\/F83-Castillo-de-Cuellar-Segovia-339x226.jpg 339w\" sizes=\"(max-width: 768px) 100vw, 768px\" \/>\t\t\t\t\t\t\t\t\t\t\t<figcaption class=\"widget-image-caption wp-caption-text\"><\/figcaption>\n\t\t\t\t\t\t\t\t\t\t<\/figure>\n\t\t\t\t\t\t\t\t\t<\/div>\n\t\t\t\t<\/div>\n\t\t\t\t<div class=\"elementor-element elementor-element-74c803b elementor-widget elementor-widget-text-editor\" data-id=\"74c803b\" data-element_type=\"widget\" data-e-type=\"widget\" data-widget_type=\"text-editor.default\">\n\t\t\t\t<div class=\"elementor-widget-container\">\n\t\t\t\t\t\t\t\t\t<p>El que \u00e9s impressionant s\u00f3n les perspectives que s&#8217;arriben a veure des d&#8217;aquesta altura sobre els voltants i la Meseta.<\/p><p>En primer terme, l&#8217;extensi\u00f3 dels jardins i l&#8217;hort del castell. Al fons el mar de pinedes i la serra de Guadarrama.<\/p>\t\t\t\t\t\t\t\t<\/div>\n\t\t\t\t<\/div>\n\t\t\t\t<div class=\"elementor-element elementor-element-4daa365 elementor-widget elementor-widget-image\" data-id=\"4daa365\" data-element_type=\"widget\" data-e-type=\"widget\" data-widget_type=\"image.default\">\n\t\t\t\t<div class=\"elementor-widget-container\">\n\t\t\t\t\t\t\t\t\t\t\t\t<figure class=\"wp-caption\">\n\t\t\t\t\t\t\t\t\t\t<img loading=\"lazy\" decoding=\"async\" width=\"768\" height=\"512\" src=\"https:\/\/www.elturistatranquil.com\/wp-content\/uploads\/F84-Castillo-de-Cuellar-Segovia.jpg\" class=\"attachment-large size-large wp-image-52913\" alt=\"Castillo de Cuellar, Segovia\" srcset=\"https:\/\/www.elturistatranquil.com\/wp-content\/uploads\/F84-Castillo-de-Cuellar-Segovia.jpg 768w, https:\/\/www.elturistatranquil.com\/wp-content\/uploads\/F84-Castillo-de-Cuellar-Segovia-339x226.jpg 339w\" sizes=\"(max-width: 768px) 100vw, 768px\" \/>\t\t\t\t\t\t\t\t\t\t\t<figcaption class=\"widget-image-caption wp-caption-text\"><\/figcaption>\n\t\t\t\t\t\t\t\t\t\t<\/figure>\n\t\t\t\t\t\t\t\t\t<\/div>\n\t\t\t\t<\/div>\n\t\t\t\t<div class=\"elementor-element elementor-element-8adb4b5 elementor-widget elementor-widget-text-editor\" data-id=\"8adb4b5\" data-element_type=\"widget\" data-e-type=\"widget\" data-widget_type=\"text-editor.default\">\n\t\t\t\t<div class=\"elementor-widget-container\">\n\t\t\t\t\t\t\t\t\t<p>Tamb\u00e9 \u00e9s magn\u00edfica la panor\u00e0mica de la muralla de la part sud de la tanca del primer recinte, amb el cam\u00ed de ronda al llarg del seu recorregut i, per darrere, extramurs, les esgl\u00e9sies de Santa Maria de la Cuesta i del Salvador, el mar de pinedes i el sistema central al fons.<\/p>\t\t\t\t\t\t\t\t<\/div>\n\t\t\t\t<\/div>\n\t\t\t\t<div class=\"elementor-element elementor-element-54bd3a8 elementor-widget elementor-widget-image\" data-id=\"54bd3a8\" data-element_type=\"widget\" data-e-type=\"widget\" data-widget_type=\"image.default\">\n\t\t\t\t<div class=\"elementor-widget-container\">\n\t\t\t\t\t\t\t\t\t\t\t\t<figure class=\"wp-caption\">\n\t\t\t\t\t\t\t\t\t\t<img loading=\"lazy\" decoding=\"async\" width=\"768\" height=\"512\" src=\"https:\/\/www.elturistatranquil.com\/wp-content\/uploads\/F85-Castillo-de-Cuellar-Segovia.jpg\" class=\"attachment-large size-large wp-image-52915\" alt=\"Castillo de Cuellar, Segovia\" srcset=\"https:\/\/www.elturistatranquil.com\/wp-content\/uploads\/F85-Castillo-de-Cuellar-Segovia.jpg 768w, https:\/\/www.elturistatranquil.com\/wp-content\/uploads\/F85-Castillo-de-Cuellar-Segovia-339x226.jpg 339w\" sizes=\"(max-width: 768px) 100vw, 768px\" \/>\t\t\t\t\t\t\t\t\t\t\t<figcaption class=\"widget-image-caption wp-caption-text\"><\/figcaption>\n\t\t\t\t\t\t\t\t\t\t<\/figure>\n\t\t\t\t\t\t\t\t\t<\/div>\n\t\t\t\t<\/div>\n\t\t\t\t<div class=\"elementor-element elementor-element-cd5acc1 elementor-widget elementor-widget-image\" data-id=\"cd5acc1\" data-element_type=\"widget\" data-e-type=\"widget\" data-widget_type=\"image.default\">\n\t\t\t\t<div class=\"elementor-widget-container\">\n\t\t\t\t\t\t\t\t\t\t\t\t<figure class=\"wp-caption\">\n\t\t\t\t\t\t\t\t\t\t<img loading=\"lazy\" decoding=\"async\" width=\"768\" height=\"512\" src=\"https:\/\/www.elturistatranquil.com\/wp-content\/uploads\/F86-Castillo-de-Cuellar-Segovia.jpg\" class=\"attachment-large size-large wp-image-52920\" alt=\"Castillo de Cuellar, Segovia\" srcset=\"https:\/\/www.elturistatranquil.com\/wp-content\/uploads\/F86-Castillo-de-Cuellar-Segovia.jpg 768w, https:\/\/www.elturistatranquil.com\/wp-content\/uploads\/F86-Castillo-de-Cuellar-Segovia-339x226.jpg 339w\" sizes=\"(max-width: 768px) 100vw, 768px\" \/>\t\t\t\t\t\t\t\t\t\t\t<figcaption class=\"widget-image-caption wp-caption-text\"><\/figcaption>\n\t\t\t\t\t\t\t\t\t\t<\/figure>\n\t\t\t\t\t\t\t\t\t<\/div>\n\t\t\t\t<\/div>\n\t\t\t\t<div class=\"elementor-element elementor-element-a2cfc27 elementor-widget elementor-widget-heading\" data-id=\"a2cfc27\" data-element_type=\"widget\" data-e-type=\"widget\" data-widget_type=\"heading.default\">\n\t\t\t\t<div class=\"elementor-widget-container\">\n\t\t\t\t\t<h5 class=\"elementor-heading-title elementor-size-default\">El pati d\u2019armes<\/h5>\t\t\t\t<\/div>\n\t\t\t\t<\/div>\n\t\t\t\t<div class=\"elementor-element elementor-element-0958942 elementor-widget elementor-widget-text-editor\" data-id=\"0958942\" data-element_type=\"widget\" data-e-type=\"widget\" data-widget_type=\"text-editor.default\">\n\t\t\t\t<div class=\"elementor-widget-container\">\n\t\t\t\t\t\t\t\t\t<p>A trav\u00e9s d&#8217;una escala interior la visita porta fins a una zona amb vidrieres sobre la galeria sud del pati d&#8217;armes.<\/p><p>Al segle XVI Beltr\u00e1n de la Cueva i Toledo, III duc, planteja com a gran obra el gran projecte d&#8217;aixecar una galeria perimetral pels quatre costats del pati d&#8217;armes per aconseguir augmentar la qualitat art\u00edstica de l&#8217;edifici medieval i transformar-lo en palau renaixentista. D&#8217;aquest projecte nom\u00e9s se&#8217;n va executar el del costat sud.<\/p><p>Aquesta galeria del costat de migdia t\u00e9 les dues primeres plantes d&#8217;arcades de grans columnes amb capitells j\u00f2nics de volutes formades per veneres i arcs escarsers decorats amb blasons. La tercera planta est\u00e0 formada per una alternan\u00e7a de buits (finestres) i massissos com una petita l\u00f2gia adovellada. Les tres plantes estan dividides per una imposta motllurada lineal de doble gola que accentua l&#8217;horitzontalitat del conjunt.<\/p><p>La imatge correspon a la galeria del primer pis.<\/p>\t\t\t\t\t\t\t\t<\/div>\n\t\t\t\t<\/div>\n\t\t\t\t<div class=\"elementor-element elementor-element-f27cd06 elementor-widget elementor-widget-image\" data-id=\"f27cd06\" data-element_type=\"widget\" data-e-type=\"widget\" data-widget_type=\"image.default\">\n\t\t\t\t<div class=\"elementor-widget-container\">\n\t\t\t\t\t\t\t\t\t\t\t\t<figure class=\"wp-caption\">\n\t\t\t\t\t\t\t\t\t\t<img loading=\"lazy\" decoding=\"async\" width=\"768\" height=\"512\" src=\"https:\/\/www.elturistatranquil.com\/wp-content\/uploads\/F87-Castillo-de-Cuellar-Segovia.jpg\" class=\"attachment-large size-large wp-image-52922\" alt=\"Castillo de Cuellar, Segovia\" srcset=\"https:\/\/www.elturistatranquil.com\/wp-content\/uploads\/F87-Castillo-de-Cuellar-Segovia.jpg 768w, https:\/\/www.elturistatranquil.com\/wp-content\/uploads\/F87-Castillo-de-Cuellar-Segovia-339x226.jpg 339w\" sizes=\"(max-width: 768px) 100vw, 768px\" \/>\t\t\t\t\t\t\t\t\t\t\t<figcaption class=\"widget-image-caption wp-caption-text\"><\/figcaption>\n\t\t\t\t\t\t\t\t\t\t<\/figure>\n\t\t\t\t\t\t\t\t\t<\/div>\n\t\t\t\t<\/div>\n\t\t\t\t<div class=\"elementor-element elementor-element-e67a055 elementor-widget elementor-widget-image\" data-id=\"e67a055\" data-element_type=\"widget\" data-e-type=\"widget\" data-widget_type=\"image.default\">\n\t\t\t\t<div class=\"elementor-widget-container\">\n\t\t\t\t\t\t\t\t\t\t\t\t<figure class=\"wp-caption\">\n\t\t\t\t\t\t\t\t\t\t<img loading=\"lazy\" decoding=\"async\" width=\"768\" height=\"512\" src=\"https:\/\/www.elturistatranquil.com\/wp-content\/uploads\/F88-Castillo-de-Cuellar-Segovia.jpg\" class=\"attachment-large size-large wp-image-52924\" alt=\"Castillo de Cuellar, Segovia\" srcset=\"https:\/\/www.elturistatranquil.com\/wp-content\/uploads\/F88-Castillo-de-Cuellar-Segovia.jpg 768w, https:\/\/www.elturistatranquil.com\/wp-content\/uploads\/F88-Castillo-de-Cuellar-Segovia-339x226.jpg 339w\" sizes=\"(max-width: 768px) 100vw, 768px\" \/>\t\t\t\t\t\t\t\t\t\t\t<figcaption class=\"widget-image-caption wp-caption-text\"><\/figcaption>\n\t\t\t\t\t\t\t\t\t\t<\/figure>\n\t\t\t\t\t\t\t\t\t<\/div>\n\t\t\t\t<\/div>\n\t\t\t\t<div class=\"elementor-element elementor-element-696b466 elementor-widget elementor-widget-text-editor\" data-id=\"696b466\" data-element_type=\"widget\" data-e-type=\"widget\" data-widget_type=\"text-editor.default\">\n\t\t\t\t<div class=\"elementor-widget-container\">\n\t\t\t\t\t\t\t\t\t<p>Adossat al llen\u00e7 de ponent, l&#8217;edificaci\u00f3 de tres plantes est\u00e0 formada per una primera planta amb cellers, cotxeres i guadarnes. Per sobre, un edifici que t\u00e9 menys fons i permet crear una terrassa. A la planta primera hi havia les depend\u00e8ncies de servei i la cuina i a les superiors les habitacions del mateix servei.<\/p><p>Pel costat de llevant, l&#8217;edificaci\u00f3 estava formada per tres plantes, amb les cavallerisses als baixos.<\/p><p>Sobre el llen\u00e7 del mur nord no es va arribar a construir cap edificaci\u00f3 ni galeria.<\/p>\t\t\t\t\t\t\t\t<\/div>\n\t\t\t\t<\/div>\n\t\t\t\t<div class=\"elementor-element elementor-element-2070c21 elementor-widget elementor-widget-image\" data-id=\"2070c21\" data-element_type=\"widget\" data-e-type=\"widget\" data-widget_type=\"image.default\">\n\t\t\t\t<div class=\"elementor-widget-container\">\n\t\t\t\t\t\t\t\t\t\t\t\t<figure class=\"wp-caption\">\n\t\t\t\t\t\t\t\t\t\t<img loading=\"lazy\" decoding=\"async\" width=\"768\" height=\"512\" src=\"https:\/\/www.elturistatranquil.com\/wp-content\/uploads\/F89-Castillo-de-Cuellar-Segovia.jpg\" class=\"attachment-large size-large wp-image-52926\" alt=\"Castillo de Cuellar, Segovia\" srcset=\"https:\/\/www.elturistatranquil.com\/wp-content\/uploads\/F89-Castillo-de-Cuellar-Segovia.jpg 768w, https:\/\/www.elturistatranquil.com\/wp-content\/uploads\/F89-Castillo-de-Cuellar-Segovia-339x226.jpg 339w\" sizes=\"(max-width: 768px) 100vw, 768px\" \/>\t\t\t\t\t\t\t\t\t\t\t<figcaption class=\"widget-image-caption wp-caption-text\"><\/figcaption>\n\t\t\t\t\t\t\t\t\t\t<\/figure>\n\t\t\t\t\t\t\t\t\t<\/div>\n\t\t\t\t<\/div>\n\t\t\t\t<div class=\"elementor-element elementor-element-9600813 elementor-widget elementor-widget-image\" data-id=\"9600813\" data-element_type=\"widget\" data-e-type=\"widget\" data-widget_type=\"image.default\">\n\t\t\t\t<div class=\"elementor-widget-container\">\n\t\t\t\t\t\t\t\t\t\t\t\t<figure class=\"wp-caption\">\n\t\t\t\t\t\t\t\t\t\t<img loading=\"lazy\" decoding=\"async\" width=\"768\" height=\"529\" src=\"https:\/\/www.elturistatranquil.com\/wp-content\/uploads\/F90-Castillo-de-Cuellar-Segovia.jpg\" class=\"attachment-large size-large wp-image-52931\" alt=\"Castillo de Cuellar, Segovia\" srcset=\"https:\/\/www.elturistatranquil.com\/wp-content\/uploads\/F90-Castillo-de-Cuellar-Segovia.jpg 768w, https:\/\/www.elturistatranquil.com\/wp-content\/uploads\/F90-Castillo-de-Cuellar-Segovia-328x226.jpg 328w\" sizes=\"(max-width: 768px) 100vw, 768px\" \/>\t\t\t\t\t\t\t\t\t\t\t<figcaption class=\"widget-image-caption wp-caption-text\"><\/figcaption>\n\t\t\t\t\t\t\t\t\t\t<\/figure>\n\t\t\t\t\t\t\t\t\t<\/div>\n\t\t\t\t<\/div>\n\t\t\t\t<div class=\"elementor-element elementor-element-deb5645 elementor-widget elementor-widget-text-editor\" data-id=\"deb5645\" data-element_type=\"widget\" data-e-type=\"widget\" data-widget_type=\"text-editor.default\">\n\t\t\t\t<div class=\"elementor-widget-container\">\n\t\t\t\t\t\t\t\t\t<p>A la imatge seg\u00fcent la galeria de la planta baixa.<\/p>\t\t\t\t\t\t\t\t<\/div>\n\t\t\t\t<\/div>\n\t\t\t\t<div class=\"elementor-element elementor-element-55e0d7c elementor-widget elementor-widget-image\" data-id=\"55e0d7c\" data-element_type=\"widget\" data-e-type=\"widget\" data-widget_type=\"image.default\">\n\t\t\t\t<div class=\"elementor-widget-container\">\n\t\t\t\t\t\t\t\t\t\t\t\t<figure class=\"wp-caption\">\n\t\t\t\t\t\t\t\t\t\t<img loading=\"lazy\" decoding=\"async\" width=\"768\" height=\"512\" src=\"https:\/\/www.elturistatranquil.com\/wp-content\/uploads\/F91-Castillo-de-Cuellar-Segovia.jpg\" class=\"attachment-large size-large wp-image-52933\" alt=\"Castillo de Cuellar, Segovia\" srcset=\"https:\/\/www.elturistatranquil.com\/wp-content\/uploads\/F91-Castillo-de-Cuellar-Segovia.jpg 768w, https:\/\/www.elturistatranquil.com\/wp-content\/uploads\/F91-Castillo-de-Cuellar-Segovia-339x226.jpg 339w\" sizes=\"(max-width: 768px) 100vw, 768px\" \/>\t\t\t\t\t\t\t\t\t\t\t<figcaption class=\"widget-image-caption wp-caption-text\"><\/figcaption>\n\t\t\t\t\t\t\t\t\t\t<\/figure>\n\t\t\t\t\t\t\t\t\t<\/div>\n\t\t\t\t<\/div>\n\t\t\t\t<div class=\"elementor-element elementor-element-78966c3 elementor-widget elementor-widget-image\" data-id=\"78966c3\" data-element_type=\"widget\" data-e-type=\"widget\" data-widget_type=\"image.default\">\n\t\t\t\t<div class=\"elementor-widget-container\">\n\t\t\t\t\t\t\t\t\t\t\t\t<figure class=\"wp-caption\">\n\t\t\t\t\t\t\t\t\t\t<img loading=\"lazy\" decoding=\"async\" width=\"768\" height=\"512\" src=\"https:\/\/www.elturistatranquil.com\/wp-content\/uploads\/F92-Castillo-de-Cuellar-Segovia.jpg\" class=\"attachment-large size-large wp-image-52935\" alt=\"Castillo de Cuellar, Segovia\" srcset=\"https:\/\/www.elturistatranquil.com\/wp-content\/uploads\/F92-Castillo-de-Cuellar-Segovia.jpg 768w, https:\/\/www.elturistatranquil.com\/wp-content\/uploads\/F92-Castillo-de-Cuellar-Segovia-339x226.jpg 339w\" sizes=\"(max-width: 768px) 100vw, 768px\" \/>\t\t\t\t\t\t\t\t\t\t\t<figcaption class=\"widget-image-caption wp-caption-text\"><\/figcaption>\n\t\t\t\t\t\t\t\t\t\t<\/figure>\n\t\t\t\t\t\t\t\t\t<\/div>\n\t\t\t\t<\/div>\n\t\t\t\t<div class=\"elementor-element elementor-element-3ad6400 elementor-widget elementor-widget-text-editor\" data-id=\"3ad6400\" data-element_type=\"widget\" data-e-type=\"widget\" data-widget_type=\"text-editor.default\">\n\t\t\t\t<div class=\"elementor-widget-container\">\n\t\t\t\t\t\t\t\t\t<p>Com podem apreciar en aquestes fotografies anteriors, aquest pati d&#8217;armes es fa servir per a esdeveniments, com el casament que s&#8217;estava celebrant al moment de la visita.<\/p><p>Sortint ja de la torre de l&#8217;homenatge es pot apreciar l&#8217;escala mud\u00e8jar de la torre del costat dret.<\/p>\t\t\t\t\t\t\t\t<\/div>\n\t\t\t\t<\/div>\n\t\t\t\t<div class=\"elementor-element elementor-element-d0ef721 elementor-widget elementor-widget-image\" data-id=\"d0ef721\" data-element_type=\"widget\" data-e-type=\"widget\" data-widget_type=\"image.default\">\n\t\t\t\t<div class=\"elementor-widget-container\">\n\t\t\t\t\t\t\t\t\t\t\t\t<figure class=\"wp-caption\">\n\t\t\t\t\t\t\t\t\t\t<img loading=\"lazy\" decoding=\"async\" width=\"768\" height=\"512\" src=\"https:\/\/www.elturistatranquil.com\/wp-content\/uploads\/F93-Castillo-de-Cuellar-Segovia.jpg\" class=\"attachment-large size-large wp-image-52937\" alt=\"Castillo de Cuellar, Segovia\" srcset=\"https:\/\/www.elturistatranquil.com\/wp-content\/uploads\/F93-Castillo-de-Cuellar-Segovia.jpg 768w, https:\/\/www.elturistatranquil.com\/wp-content\/uploads\/F93-Castillo-de-Cuellar-Segovia-339x226.jpg 339w\" sizes=\"(max-width: 768px) 100vw, 768px\" \/>\t\t\t\t\t\t\t\t\t\t\t<figcaption class=\"widget-image-caption wp-caption-text\"><\/figcaption>\n\t\t\t\t\t\t\t\t\t\t<\/figure>\n\t\t\t\t\t\t\t\t\t<\/div>\n\t\t\t\t<\/div>\n\t\t\t\t<div class=\"elementor-element elementor-element-842c48c elementor-widget elementor-widget-text-editor\" data-id=\"842c48c\" data-element_type=\"widget\" data-e-type=\"widget\" data-widget_type=\"text-editor.default\">\n\t\t\t\t<div class=\"elementor-widget-container\">\n\t\t\t\t\t\t\t\t\t<p>Per finalitzar el recorregut de la visita, es torna per la lli\u00e7a de llevant fins a la posada d&#8217;entrada.<\/p>\t\t\t\t\t\t\t\t<\/div>\n\t\t\t\t<\/div>\n\t\t\t\t<div class=\"elementor-element elementor-element-23d60c3 elementor-widget elementor-widget-heading\" data-id=\"23d60c3\" data-element_type=\"widget\" data-e-type=\"widget\" data-widget_type=\"heading.default\">\n\t\t\t\t<div class=\"elementor-widget-container\">\n\t\t\t\t\t<h2 class=\"elementor-heading-title elementor-size-default\">Recorregut per les muralles<\/h2>\t\t\t\t<\/div>\n\t\t\t\t<\/div>\n\t\t\t\t<div class=\"elementor-element elementor-element-f9be333 elementor-widget elementor-widget-text-editor\" data-id=\"f9be333\" data-element_type=\"widget\" data-e-type=\"widget\" data-widget_type=\"text-editor.default\">\n\t\t\t\t<div class=\"elementor-widget-container\">\n\t\t\t\t\t\t\t\t\t<p>Per comen\u00e7ar, recordem que les muralles de les poblacions sempre pertanyien al rei o al senyor de la vila, fins a l&#8217;aprovaci\u00f3 de la Llei de senyorius de 1811 aprovada a les Corts de Cadis. A partir d&#8217;aquell any tots els recintes murats, barbacanes, portes i portells van passar a dependre dels ajuntaments. Com a mostra d\u2019aquesta propietat, \u00e9s usual trobar els blasons dels propietaris sobre aquests murs, especialment situats sobre les portes. Quan els municipis col\u00b7laboraven econ\u00f2micament en la seva conservaci\u00f3 podem veure&#8217;l reflectit amb la incorporaci\u00f3 de l&#8217;escut del municipi juntament amb els senyors en aquells punts en qu\u00e8 van mostrar el seu suport a la conservaci\u00f3. Aquesta situaci\u00f3 es produeix a Cu\u00e9llar, com veurem al recorregut.<\/p><p>Les muralles de Cu\u00e9llar estan formades per un doble recinte. El primer, que abasta el que s&#8217;anomena Ciutadella, correspon la seva construcci\u00f3 al moment de consolidar la vila de Cu\u00e9llar com a recinte fortificat de repoblaci\u00f3, al segle XI.<\/p><p>A finals del segle XI i principis del XII Pedro Ans\u00farez aixeca el segon recinte murat.<\/p><p>Al segle XV, amb \u00c1lvaro de Luna i amb Beltr\u00e1n de la Cueva, es reforcen les muralles amb la construcci\u00f3 d&#8217;una avantmuralla davant de tot el recorregut exterior dels dos recintes murats. Al segle XVI s&#8217;executen les darreres obres de refor\u00e7 de les muralles. La necessitat de refor\u00e7 defensiu est\u00e0 vinculada a les cont\u00ednues guerres i conflictes del per\u00edode de la hist\u00f2ria del regne de Castella.<\/p><p>Les muralles aniran patint progressius deterioraments, m\u00e9s importants a partir del 1811, amb la desamortitzaci\u00f3 dels senyorius, quan les muralles passen a dependre del municipi.<\/p><p>Progressivament van sent aprofitats els murs per recolzar construccions sobre ells, mentre que altres trams es desplomen.<\/p><p>Les muralles del segon recinte, que es troben al bell mig de la zona urbana m\u00e9s din\u00e0mica, s\u00f3n les que es veuran m\u00e9s afectades.<\/p><p>Per comprendre millor la import\u00e0ncia de les portes situades als costats nord i nord-est cal tenir en compte que per aquesta zona d&#8217;altipl\u00e0 passava la ruta Valladolid a Seg\u00f2via i que cap a l&#8217;est es bifurca cap a Pe\u00f1afiel. En canvi, els costats oest i el sud m\u00e9s agrest no comuniquen amb cap centre important. Aix\u00f2 explicaria que a partir del segle XV es pogu\u00e9s prescindir de l&#8217;acc\u00e9s sud-oest per la torre de l&#8217;homenatge.<\/p><p>Al seg\u00fcent pl\u00e0nol de les muralles dels dos recintes s&#8217;aprecia l&#8217;avantmuralla al voltant del per\u00edmetre exterior de la tanca.<\/p>\t\t\t\t\t\t\t\t<\/div>\n\t\t\t\t<\/div>\n\t\t\t\t<div class=\"elementor-element elementor-element-33aa6da elementor-widget elementor-widget-image\" data-id=\"33aa6da\" data-element_type=\"widget\" data-e-type=\"widget\" data-widget_type=\"image.default\">\n\t\t\t\t<div class=\"elementor-widget-container\">\n\t\t\t\t\t\t\t\t\t\t\t\t<figure class=\"wp-caption\">\n\t\t\t\t\t\t\t\t\t\t<img loading=\"lazy\" decoding=\"async\" width=\"768\" height=\"512\" src=\"https:\/\/www.elturistatranquil.com\/wp-content\/uploads\/F94-Castillo-de-Cuellar.-Plano-4-Fuente-Sobre-dibujos-del-libro-de-Juan-Armindo-Hernandez-Montero.jpg\" class=\"attachment-large size-large wp-image-52939\" alt=\"Castillo de Cuellar. Plano 4 (Fuente- Sobre dibujos del libro de Juan Armindo Hern\u00e1ndez Montero)\" srcset=\"https:\/\/www.elturistatranquil.com\/wp-content\/uploads\/F94-Castillo-de-Cuellar.-Plano-4-Fuente-Sobre-dibujos-del-libro-de-Juan-Armindo-Hernandez-Montero.jpg 768w, https:\/\/www.elturistatranquil.com\/wp-content\/uploads\/F94-Castillo-de-Cuellar.-Plano-4-Fuente-Sobre-dibujos-del-libro-de-Juan-Armindo-Hernandez-Montero-339x226.jpg 339w\" sizes=\"(max-width: 768px) 100vw, 768px\" \/>\t\t\t\t\t\t\t\t\t\t\t<figcaption class=\"widget-image-caption wp-caption-text\">Pl\u00e0nol 4. PRIMER RECINTE: P1 Porta de la Torre del Homenaje; P2 Porta de Robledo o de San Basilio; P3 Porta de la Juder\u00eda; P4 Porta de San Mart\u00edn; P5 Porta de Santiago; P6 Porta de Las Cuevas; P7 Portillo Huerta del Duque; P8 Porta nova Huerta del Duque; P9 Porta nova nord; E1 Fortalesa, castell-palau; E2 Torre artillera nord; E3 Torre de la Barrera; E4 Torre de l\u2019Este; E5 Torre de la Muela; E6 Torre de Santiago; E7 Torre de Las Cuevas; E8 Torre Puerta del Duque; I1 Esgl\u00e9sia de San Mart\u00edn; I2 Esgl\u00e9sia de San Esteban; I5 Esgl\u00e9sia de Santiago; I8 Esgl\u00e9sia de San Nicol\u00e1s. SEGON RECINTE: P10 Porta de San Andr\u00e9s; P11 Portell de la Alh\u00f3ndiga; P12 Porta de Carchena; P13 Porta de San Pedro; P14 Porta de la Trinidad; P15 Portell de los Lavaderos o del Ex\u00e1ngel; P16 Portell a la Porta de Las Cuevas; E9 Torre de San Blas; I3 Esgl\u00e9sia de la Magdalena; I4 Esgl\u00e9sia de San Miguel; I6 Esgl\u00e9sia de Santa Marina; I7 Esgl\u00e9sia de San Pedro (Font: Sobre dibuixos del llibre de Juan Armindo Hern\u00e1ndez Montero)<\/figcaption>\n\t\t\t\t\t\t\t\t\t\t<\/figure>\n\t\t\t\t\t\t\t\t\t<\/div>\n\t\t\t\t<\/div>\n\t\t\t\t<div class=\"elementor-element elementor-element-ea8d0d3 elementor-widget elementor-widget-image\" data-id=\"ea8d0d3\" data-element_type=\"widget\" data-e-type=\"widget\" data-widget_type=\"image.default\">\n\t\t\t\t<div class=\"elementor-widget-container\">\n\t\t\t\t\t\t\t\t\t\t\t\t<figure class=\"wp-caption\">\n\t\t\t\t\t\t\t\t\t\t<img loading=\"lazy\" decoding=\"async\" width=\"768\" height=\"512\" src=\"https:\/\/www.elturistatranquil.com\/wp-content\/uploads\/F94b-Cercas-de-Cuellar-Segovia-Google-earth-2024-06-16.jpg\" class=\"attachment-large size-large wp-image-52941\" alt=\"Cercas de Cuellar, Segovia (Google earth 2024-06-16)\" srcset=\"https:\/\/www.elturistatranquil.com\/wp-content\/uploads\/F94b-Cercas-de-Cuellar-Segovia-Google-earth-2024-06-16.jpg 768w, https:\/\/www.elturistatranquil.com\/wp-content\/uploads\/F94b-Cercas-de-Cuellar-Segovia-Google-earth-2024-06-16-339x226.jpg 339w\" sizes=\"(max-width: 768px) 100vw, 768px\" \/>\t\t\t\t\t\t\t\t\t\t\t<figcaption class=\"widget-image-caption wp-caption-text\">Tanques de Cu\u00e9llar (Google earth 2024-06-16)<\/figcaption>\n\t\t\t\t\t\t\t\t\t\t<\/figure>\n\t\t\t\t\t\t\t\t\t<\/div>\n\t\t\t\t<\/div>\n\t\t\t\t<div class=\"elementor-element elementor-element-ce98f90 elementor-widget elementor-widget-text-editor\" data-id=\"ce98f90\" data-element_type=\"widget\" data-e-type=\"widget\" data-widget_type=\"text-editor.default\">\n\t\t\t\t<div class=\"elementor-widget-container\">\n\t\t\t\t\t\t\t\t\t<p>Comen\u00e7o per la tanca del primer recinte i, a continuaci\u00f3, la corresponent al segon recinte.<\/p>\t\t\t\t\t\t\t\t<\/div>\n\t\t\t\t<\/div>\n\t\t\t\t<div class=\"elementor-element elementor-element-03147c7 elementor-widget elementor-widget-heading\" data-id=\"03147c7\" data-element_type=\"widget\" data-e-type=\"widget\" data-widget_type=\"heading.default\">\n\t\t\t\t<div class=\"elementor-widget-container\">\n\t\t\t\t\t<h3 class=\"elementor-heading-title elementor-size-default\">La muralla i portes del primer recinte<\/h3>\t\t\t\t<\/div>\n\t\t\t\t<\/div>\n\t\t\t\t<div class=\"elementor-element elementor-element-f1be1f6 elementor-widget elementor-widget-text-editor\" data-id=\"f1be1f6\" data-element_type=\"widget\" data-e-type=\"widget\" data-widget_type=\"text-editor.default\">\n\t\t\t\t<div class=\"elementor-widget-container\">\n\t\t\t\t\t\t\t\t\t<p>El primer recinte murat, tamb\u00e9 anomenat Ciutadella, t\u00e9 una longitud aproximada de 1,10 km incloent els costats de la fortalesa. Els llen\u00e7os s&#8217;eleven per sobre del terreny exterior entre els 12 i els 16 metres.<\/p><p>La f\u00e0brica dels llen\u00e7os \u00e9s de ma\u00e7oneria de pedra calc\u00e0ria i morter de cal\u00e7. Incorporen ma\u00f3 als murs de les portes mud\u00e8jars i carreus als restants trams, principalment en els elements singulars de les portes com brancals, arcs, etc.<\/p><p>Sobre la primera tanca s&#8217;obren tres portes: la de Robledo o de San Basilio (<strong>P2<\/strong>) al nord-oest; la de Sant Mart\u00ed (<strong>P4<\/strong>) a l&#8217;est com a accessos principals des de l&#8217;exterior; i la porta mud\u00e8jar (<strong>P1<\/strong>) al sud-oest sota la torre de l&#8217;homenatge de la fortalesa.<\/p><p>Quan es construeixi la segona tanca, s&#8217;obriran altres portes o portells en aquesta primera, per permetre la connexi\u00f3 entre els dos recintes: la del call jueu (<strong>P3<\/strong>) al nord; la de Santiago (<strong>P5<\/strong>) al sud-est i la de Las Cuevas (<strong>P6<\/strong>) al sud. Tamb\u00e9 s&#8217;obrir\u00e0 posteriorment el portell de l&#8217;Horta del Duc al llen\u00e7 sud.<\/p><p>Una gran part de tot el que es veu ara ha estat refet a les diverses fases de reconstrucci\u00f3 del segle XX. Les difer\u00e8ncies de materials es veuen clarament en molts trams.<\/p><p>Inicio el recorregut, en el sentit de les agulles del rellotge pel flanc de ponent, al punt on la tanca parteix des del castell cap a llevant.<\/p>\t\t\t\t\t\t\t\t<\/div>\n\t\t\t\t<\/div>\n\t\t\t\t<div class=\"elementor-element elementor-element-2d2b7e3 elementor-widget elementor-widget-heading\" data-id=\"2d2b7e3\" data-element_type=\"widget\" data-e-type=\"widget\" data-widget_type=\"heading.default\">\n\t\t\t\t<div class=\"elementor-widget-container\">\n\t\t\t\t\t<h5 class=\"elementor-heading-title elementor-size-default\">Avantmuralla exterior<\/h5>\t\t\t\t<\/div>\n\t\t\t\t<\/div>\n\t\t\t\t<div class=\"elementor-element elementor-element-6f28543 elementor-widget elementor-widget-text-editor\" data-id=\"6f28543\" data-element_type=\"widget\" data-e-type=\"widget\" data-widget_type=\"text-editor.default\">\n\t\t\t\t<div class=\"elementor-widget-container\">\n\t\t\t\t\t\t\t\t\t<p>En temps de \u00c1lvaro de Luna, a mitjans del segle XV, s&#8217;inicia la construcci\u00f3 de l&#8217;avantmuralla del primer recinte recobrint tot el recinte murat, d&#8217;extrem a extrems fins als angles del castell.<\/p><p>L&#8217;avantmuralla incorporava una barbacana amb una avantporta davant de cada porta per on anava passant. Pr\u00e0cticament no les citar\u00e9 al llarg del recorregut perqu\u00e8 gaireb\u00e9 la totalitat d&#8217;aquesta estructura ha desaparegut. Nom\u00e9s \u00e9s f\u00e0cilment visible en un segment del costat sud, al costat de la porta de Las Cuevas.<\/p><p>Des de l&#8217;enlla\u00e7 amb la muralla del castell es desenvolupa un gran llen\u00e7 fins a un cub artiller que defensa la cantonada de la de San Basilio.<\/p>\t\t\t\t\t\t\t\t<\/div>\n\t\t\t\t<\/div>\n\t\t\t\t<div class=\"elementor-element elementor-element-f8e3105 elementor-widget elementor-widget-image\" data-id=\"f8e3105\" data-element_type=\"widget\" data-e-type=\"widget\" data-widget_type=\"image.default\">\n\t\t\t\t<div class=\"elementor-widget-container\">\n\t\t\t\t\t\t\t\t\t\t\t\t<figure class=\"wp-caption\">\n\t\t\t\t\t\t\t\t\t\t<img loading=\"lazy\" decoding=\"async\" width=\"768\" height=\"512\" src=\"https:\/\/www.elturistatranquil.com\/wp-content\/uploads\/F95-Murallas-de-Cuellar-Segovia.jpg\" class=\"attachment-large size-large wp-image-52946\" alt=\"Murallas de Cuellar, Segovia\" srcset=\"https:\/\/www.elturistatranquil.com\/wp-content\/uploads\/F95-Murallas-de-Cuellar-Segovia.jpg 768w, https:\/\/www.elturistatranquil.com\/wp-content\/uploads\/F95-Murallas-de-Cuellar-Segovia-339x226.jpg 339w\" sizes=\"(max-width: 768px) 100vw, 768px\" \/>\t\t\t\t\t\t\t\t\t\t\t<figcaption class=\"widget-image-caption wp-caption-text\"><\/figcaption>\n\t\t\t\t\t\t\t\t\t\t<\/figure>\n\t\t\t\t\t\t\t\t\t<\/div>\n\t\t\t\t<\/div>\n\t\t\t\t<div class=\"elementor-element elementor-element-79364ec elementor-widget elementor-widget-text-editor\" data-id=\"79364ec\" data-element_type=\"widget\" data-e-type=\"widget\" data-widget_type=\"text-editor.default\">\n\t\t\t\t<div class=\"elementor-widget-container\">\n\t\t\t\t\t\t\t\t\t<p>Al moment de la reconstrucci\u00f3 actual, s&#8217;ha deixat un nou pas (<strong>P9<\/strong>) per facilitar el tr\u00e0nsit rodat.<\/p>\t\t\t\t\t\t\t\t<\/div>\n\t\t\t\t<\/div>\n\t\t\t\t<div class=\"elementor-element elementor-element-4901c5c elementor-widget elementor-widget-image\" data-id=\"4901c5c\" data-element_type=\"widget\" data-e-type=\"widget\" data-widget_type=\"image.default\">\n\t\t\t\t<div class=\"elementor-widget-container\">\n\t\t\t\t\t\t\t\t\t\t\t\t<figure class=\"wp-caption\">\n\t\t\t\t\t\t\t\t\t\t<img loading=\"lazy\" decoding=\"async\" width=\"768\" height=\"512\" src=\"https:\/\/www.elturistatranquil.com\/wp-content\/uploads\/F96-Murallas-de-Cuellar-Segovia.jpg\" class=\"attachment-large size-large wp-image-52948\" alt=\"Murallas de Cuellar, Segovia\" srcset=\"https:\/\/www.elturistatranquil.com\/wp-content\/uploads\/F96-Murallas-de-Cuellar-Segovia.jpg 768w, https:\/\/www.elturistatranquil.com\/wp-content\/uploads\/F96-Murallas-de-Cuellar-Segovia-339x226.jpg 339w\" sizes=\"(max-width: 768px) 100vw, 768px\" \/>\t\t\t\t\t\t\t\t\t\t\t<figcaption class=\"widget-image-caption wp-caption-text\"><\/figcaption>\n\t\t\t\t\t\t\t\t\t\t<\/figure>\n\t\t\t\t\t\t\t\t\t<\/div>\n\t\t\t\t<\/div>\n\t\t\t\t<div class=\"elementor-element elementor-element-38ca4d9 elementor-widget elementor-widget-heading\" data-id=\"38ca4d9\" data-element_type=\"widget\" data-e-type=\"widget\" data-widget_type=\"heading.default\">\n\t\t\t\t<div class=\"elementor-widget-container\">\n\t\t\t\t\t<h5 class=\"elementor-heading-title elementor-size-default\">Porta de Robledo o de San Basilio<\/h5>\t\t\t\t<\/div>\n\t\t\t\t<\/div>\n\t\t\t\t<div class=\"elementor-element elementor-element-5a701d7 elementor-widget elementor-widget-text-editor\" data-id=\"5a701d7\" data-element_type=\"widget\" data-e-type=\"widget\" data-widget_type=\"text-editor.default\">\n\t\t\t\t<div class=\"elementor-widget-container\">\n\t\t\t\t\t\t\t\t\t<p>A la fotografia es veu clarament el paper defensiu del cub artiller del segle XV, en relaci\u00f3 amb la porta de San Basilio.<\/p>\t\t\t\t\t\t\t\t<\/div>\n\t\t\t\t<\/div>\n\t\t\t\t<div class=\"elementor-element elementor-element-5efbf10 elementor-widget elementor-widget-image\" data-id=\"5efbf10\" data-element_type=\"widget\" data-e-type=\"widget\" data-widget_type=\"image.default\">\n\t\t\t\t<div class=\"elementor-widget-container\">\n\t\t\t\t\t\t\t\t\t\t\t\t<figure class=\"wp-caption\">\n\t\t\t\t\t\t\t\t\t\t<img loading=\"lazy\" decoding=\"async\" width=\"768\" height=\"316\" src=\"https:\/\/www.elturistatranquil.com\/wp-content\/uploads\/F97-Puerta-de-Robledo-o-de-San-Basilio-Cuellar-Segovia.jpg\" class=\"attachment-large size-large wp-image-52950\" alt=\"Puerta de Robledo o de San Basilio, Cuellar, Segovia\" srcset=\"https:\/\/www.elturistatranquil.com\/wp-content\/uploads\/F97-Puerta-de-Robledo-o-de-San-Basilio-Cuellar-Segovia.jpg 768w, https:\/\/www.elturistatranquil.com\/wp-content\/uploads\/F97-Puerta-de-Robledo-o-de-San-Basilio-Cuellar-Segovia-339x139.jpg 339w\" sizes=\"(max-width: 768px) 100vw, 768px\" \/>\t\t\t\t\t\t\t\t\t\t\t<figcaption class=\"widget-image-caption wp-caption-text\">(Foto: Turismo de Cu\u00e9llar)<\/figcaption>\n\t\t\t\t\t\t\t\t\t\t<\/figure>\n\t\t\t\t\t\t\t\t\t<\/div>\n\t\t\t\t<\/div>\n\t\t\t\t<div class=\"elementor-element elementor-element-ea0f4f6 elementor-widget elementor-widget-image\" data-id=\"ea0f4f6\" data-element_type=\"widget\" data-e-type=\"widget\" data-widget_type=\"image.default\">\n\t\t\t\t<div class=\"elementor-widget-container\">\n\t\t\t\t\t\t\t\t\t\t\t\t<figure class=\"wp-caption\">\n\t\t\t\t\t\t\t\t\t\t<img loading=\"lazy\" decoding=\"async\" width=\"768\" height=\"512\" src=\"https:\/\/www.elturistatranquil.com\/wp-content\/uploads\/F98-Puerta-de-Robledo-o-de-San-Basilio-Cuellar-Segovia.jpg\" class=\"attachment-large size-large wp-image-52952\" alt=\"Puerta de Robledo o de San Basilio, Cuellar, Segovia\" srcset=\"https:\/\/www.elturistatranquil.com\/wp-content\/uploads\/F98-Puerta-de-Robledo-o-de-San-Basilio-Cuellar-Segovia.jpg 768w, https:\/\/www.elturistatranquil.com\/wp-content\/uploads\/F98-Puerta-de-Robledo-o-de-San-Basilio-Cuellar-Segovia-339x226.jpg 339w\" sizes=\"(max-width: 768px) 100vw, 768px\" \/>\t\t\t\t\t\t\t\t\t\t\t<figcaption class=\"widget-image-caption wp-caption-text\"><\/figcaption>\n\t\t\t\t\t\t\t\t\t\t<\/figure>\n\t\t\t\t\t\t\t\t\t<\/div>\n\t\t\t\t<\/div>\n\t\t\t\t<div class=\"elementor-element elementor-element-406e009 elementor-widget elementor-widget-text-editor\" data-id=\"406e009\" data-element_type=\"widget\" data-e-type=\"widget\" data-widget_type=\"text-editor.default\">\n\t\t\t\t<div class=\"elementor-widget-container\">\n\t\t\t\t\t\t\t\t\t<p>La porta de Robledo (<strong>P2<\/strong>) popularment anomenada de San Basilio i tamb\u00e9 Arc de San Basilio, \u00e9s la porta m\u00e9s antiga juntament amb la de la torre de l&#8217;homenatge. Constru\u00efdes durant el segle XI contempor\u00e0nies del segon assentament de la vila en temps dels reis Alfonso V i Alfonso VI.<\/p><p>La porta \u00e9s d&#8217;estil mud\u00e8jar amb dues torres de protecci\u00f3, una quadrangular a l&#8217;esquerra i un cub a la dreta.<\/p><p>L&#8217;exterior de la porta t\u00e9 forma d&#8217;arc de mig punt de ma\u00f3 sobre un basament de carreuat. Per sobre de l&#8217;alf\u00eds de ma\u00f3 un mur de ma\u00e7oneria fins a l&#8217;emmerletat. Sobre l&#8217;arc un escut de Cu\u00e9llar i als merlots dos grans blasons dels Cueva, III duc, i els Toledo per la seva dona, i una tronera, aix\u00f2 darrer del segle XVI.<\/p><p>Per l&#8217;interior, deixant una buhedera o buit de defensa, un arc m\u00e9s petit de carreuat amb alf\u00eds de ma\u00f3 que dona pas al recinte de la porta.<\/p><p>El conjunt no \u00e9s una simple porta, sin\u00f3 un petit recinte abaluardat.<\/p>\t\t\t\t\t\t\t\t<\/div>\n\t\t\t\t<\/div>\n\t\t\t\t<div class=\"elementor-element elementor-element-42c2de2 elementor-widget elementor-widget-image\" data-id=\"42c2de2\" data-element_type=\"widget\" data-e-type=\"widget\" data-widget_type=\"image.default\">\n\t\t\t\t<div class=\"elementor-widget-container\">\n\t\t\t\t\t\t\t\t\t\t\t\t<figure class=\"wp-caption\">\n\t\t\t\t\t\t\t\t\t\t<img loading=\"lazy\" decoding=\"async\" width=\"768\" height=\"512\" src=\"https:\/\/www.elturistatranquil.com\/wp-content\/uploads\/F99-Puerta-de-Robledo-o-de-San-Basilio-Cuellar-Segovia.jpg\" class=\"attachment-large size-large wp-image-52954\" alt=\"Puerta de Robledo o de San Basilio, Cuellar, Segovia\" srcset=\"https:\/\/www.elturistatranquil.com\/wp-content\/uploads\/F99-Puerta-de-Robledo-o-de-San-Basilio-Cuellar-Segovia.jpg 768w, https:\/\/www.elturistatranquil.com\/wp-content\/uploads\/F99-Puerta-de-Robledo-o-de-San-Basilio-Cuellar-Segovia-339x226.jpg 339w\" sizes=\"(max-width: 768px) 100vw, 768px\" \/>\t\t\t\t\t\t\t\t\t\t\t<figcaption class=\"widget-image-caption wp-caption-text\"><\/figcaption>\n\t\t\t\t\t\t\t\t\t\t<\/figure>\n\t\t\t\t\t\t\t\t\t<\/div>\n\t\t\t\t<\/div>\n\t\t\t\t<div class=\"elementor-element elementor-element-34170dd elementor-widget elementor-widget-text-editor\" data-id=\"34170dd\" data-element_type=\"widget\" data-e-type=\"widget\" data-widget_type=\"text-editor.default\">\n\t\t\t\t<div class=\"elementor-widget-container\">\n\t\t\t\t\t\t\t\t\t<p>A la fotografia, el llen\u00e7 nord-est amb el cam\u00ed de ronda ara visitable, des de l&#8217;interior.<\/p><p>En aquesta zona es trobava al principi el barri i l&#8217;esgl\u00e9sia de San Nicolas.<\/p>\t\t\t\t\t\t\t\t<\/div>\n\t\t\t\t<\/div>\n\t\t\t\t<div class=\"elementor-element elementor-element-8456043 elementor-widget elementor-widget-image\" data-id=\"8456043\" data-element_type=\"widget\" data-e-type=\"widget\" data-widget_type=\"image.default\">\n\t\t\t\t<div class=\"elementor-widget-container\">\n\t\t\t\t\t\t\t\t\t\t\t\t<figure class=\"wp-caption\">\n\t\t\t\t\t\t\t\t\t\t<img loading=\"lazy\" decoding=\"async\" width=\"768\" height=\"512\" src=\"https:\/\/www.elturistatranquil.com\/wp-content\/uploads\/F100-Murallas-de-Cuellar-Segovia.jpg\" class=\"attachment-large size-large wp-image-52959\" alt=\"Murallas de Cuellar, Segovia\" srcset=\"https:\/\/www.elturistatranquil.com\/wp-content\/uploads\/F100-Murallas-de-Cuellar-Segovia.jpg 768w, https:\/\/www.elturistatranquil.com\/wp-content\/uploads\/F100-Murallas-de-Cuellar-Segovia-339x226.jpg 339w\" sizes=\"(max-width: 768px) 100vw, 768px\" \/>\t\t\t\t\t\t\t\t\t\t\t<figcaption class=\"widget-image-caption wp-caption-text\"><\/figcaption>\n\t\t\t\t\t\t\t\t\t\t<\/figure>\n\t\t\t\t\t\t\t\t\t<\/div>\n\t\t\t\t<\/div>\n\t\t\t\t<div class=\"elementor-element elementor-element-f611c11 elementor-widget elementor-widget-text-editor\" data-id=\"f611c11\" data-element_type=\"widget\" data-e-type=\"widget\" data-widget_type=\"text-editor.default\">\n\t\t\t\t<div class=\"elementor-widget-container\">\n\t\t\t\t\t\t\t\t\t<p>La fa\u00e7ana interior de la porta la forma un arc de ma\u00f3 peraltat amb una arquivolta del mateix material i alf\u00eds de ma\u00f3. Sobre l&#8217;arc apareix el mur de ma\u00e7oneria amb verdugades de ma\u00f3. A l&#8217;esquerra, una porta per a vianants que comunica amb l&#8217;exterior mentre que per una escala interior s&#8217;accedeix a la terrassa.<\/p>\t\t\t\t\t\t\t\t<\/div>\n\t\t\t\t<\/div>\n\t\t\t\t<div class=\"elementor-element elementor-element-4200ee8 elementor-widget elementor-widget-image\" data-id=\"4200ee8\" data-element_type=\"widget\" data-e-type=\"widget\" data-widget_type=\"image.default\">\n\t\t\t\t<div class=\"elementor-widget-container\">\n\t\t\t\t\t\t\t\t\t\t\t\t<figure class=\"wp-caption\">\n\t\t\t\t\t\t\t\t\t\t<img loading=\"lazy\" decoding=\"async\" width=\"768\" height=\"511\" src=\"https:\/\/www.elturistatranquil.com\/wp-content\/uploads\/F101-Puerta-de-Robledo-o-de-San-Basilio-Cuellar-Segovia.jpg\" class=\"attachment-large size-large wp-image-52961\" alt=\"Puerta de Robledo o de San Basilio, Cuellar, Segovia\" srcset=\"https:\/\/www.elturistatranquil.com\/wp-content\/uploads\/F101-Puerta-de-Robledo-o-de-San-Basilio-Cuellar-Segovia.jpg 768w, https:\/\/www.elturistatranquil.com\/wp-content\/uploads\/F101-Puerta-de-Robledo-o-de-San-Basilio-Cuellar-Segovia-339x226.jpg 339w\" sizes=\"(max-width: 768px) 100vw, 768px\" \/>\t\t\t\t\t\t\t\t\t\t\t<figcaption class=\"widget-image-caption wp-caption-text\"><\/figcaption>\n\t\t\t\t\t\t\t\t\t\t<\/figure>\n\t\t\t\t\t\t\t\t\t<\/div>\n\t\t\t\t<\/div>\n\t\t\t\t<div class=\"elementor-element elementor-element-24c97ce elementor-widget elementor-widget-image\" data-id=\"24c97ce\" data-element_type=\"widget\" data-e-type=\"widget\" data-widget_type=\"image.default\">\n\t\t\t\t<div class=\"elementor-widget-container\">\n\t\t\t\t\t\t\t\t\t\t\t\t<figure class=\"wp-caption\">\n\t\t\t\t\t\t\t\t\t\t<img loading=\"lazy\" decoding=\"async\" width=\"768\" height=\"512\" src=\"https:\/\/www.elturistatranquil.com\/wp-content\/uploads\/F102-Puerta-de-Robledo-o-de-San-Basilio-Cuellar-Segovia.jpg\" class=\"attachment-large size-large wp-image-52963\" alt=\"Puerta de Robledo o de San Basilio, Cuellar, Segovia\" srcset=\"https:\/\/www.elturistatranquil.com\/wp-content\/uploads\/F102-Puerta-de-Robledo-o-de-San-Basilio-Cuellar-Segovia.jpg 768w, https:\/\/www.elturistatranquil.com\/wp-content\/uploads\/F102-Puerta-de-Robledo-o-de-San-Basilio-Cuellar-Segovia-339x226.jpg 339w\" sizes=\"(max-width: 768px) 100vw, 768px\" \/>\t\t\t\t\t\t\t\t\t\t\t<figcaption class=\"widget-image-caption wp-caption-text\"><\/figcaption>\n\t\t\t\t\t\t\t\t\t\t<\/figure>\n\t\t\t\t\t\t\t\t\t<\/div>\n\t\t\t\t<\/div>\n\t\t\t\t<div class=\"elementor-element elementor-element-e1dc1bd elementor-widget elementor-widget-text-editor\" data-id=\"e1dc1bd\" data-element_type=\"widget\" data-e-type=\"widget\" data-widget_type=\"text-editor.default\">\n\t\t\t\t<div class=\"elementor-widget-container\">\n\t\t\t\t\t\t\t\t\t<p>La muralla avan\u00e7a cap a llevant fins a la porta de la Juder\u00eda. Des d&#8217;intramurs veiem un primer tram de llen\u00e7 imponent, i com es perd entre les cases.<\/p>\t\t\t\t\t\t\t\t<\/div>\n\t\t\t\t<\/div>\n\t\t\t\t<div class=\"elementor-element elementor-element-a0d850e elementor-widget elementor-widget-image\" data-id=\"a0d850e\" data-element_type=\"widget\" data-e-type=\"widget\" data-widget_type=\"image.default\">\n\t\t\t\t<div class=\"elementor-widget-container\">\n\t\t\t\t\t\t\t\t\t\t\t\t<figure class=\"wp-caption\">\n\t\t\t\t\t\t\t\t\t\t<img loading=\"lazy\" decoding=\"async\" width=\"768\" height=\"512\" src=\"https:\/\/www.elturistatranquil.com\/wp-content\/uploads\/F103-Murallas-de-Cuellar-Segovia.jpg\" class=\"attachment-large size-large wp-image-52965\" alt=\"Murallas de Cuellar, Segovia\" srcset=\"https:\/\/www.elturistatranquil.com\/wp-content\/uploads\/F103-Murallas-de-Cuellar-Segovia.jpg 768w, https:\/\/www.elturistatranquil.com\/wp-content\/uploads\/F103-Murallas-de-Cuellar-Segovia-339x226.jpg 339w\" sizes=\"(max-width: 768px) 100vw, 768px\" \/>\t\t\t\t\t\t\t\t\t\t\t<figcaption class=\"widget-image-caption wp-caption-text\"><\/figcaption>\n\t\t\t\t\t\t\t\t\t\t<\/figure>\n\t\t\t\t\t\t\t\t\t<\/div>\n\t\t\t\t<\/div>\n\t\t\t\t<div class=\"elementor-element elementor-element-5e08a8a elementor-widget elementor-widget-text-editor\" data-id=\"5e08a8a\" data-element_type=\"widget\" data-e-type=\"widget\" data-widget_type=\"text-editor.default\">\n\t\t\t\t<div class=\"elementor-widget-container\">\n\t\t\t\t\t\t\t\t\t<p>En el recorregut cap a llevant es poden apreciar restes de muralla intercalades amb construccions residencials posteriors.<\/p>\t\t\t\t\t\t\t\t<\/div>\n\t\t\t\t<\/div>\n\t\t\t\t<div class=\"elementor-element elementor-element-6af5df9 elementor-widget elementor-widget-image\" data-id=\"6af5df9\" data-element_type=\"widget\" data-e-type=\"widget\" data-widget_type=\"image.default\">\n\t\t\t\t<div class=\"elementor-widget-container\">\n\t\t\t\t\t\t\t\t\t\t\t\t<figure class=\"wp-caption\">\n\t\t\t\t\t\t\t\t\t\t<img loading=\"lazy\" decoding=\"async\" width=\"768\" height=\"512\" src=\"https:\/\/www.elturistatranquil.com\/wp-content\/uploads\/F104-Murallas-de-Cuellar-Segovia.jpg\" class=\"attachment-large size-large wp-image-52970\" alt=\"Murallas de Cuellar, Segovia\" srcset=\"https:\/\/www.elturistatranquil.com\/wp-content\/uploads\/F104-Murallas-de-Cuellar-Segovia.jpg 768w, https:\/\/www.elturistatranquil.com\/wp-content\/uploads\/F104-Murallas-de-Cuellar-Segovia-339x226.jpg 339w\" sizes=\"(max-width: 768px) 100vw, 768px\" \/>\t\t\t\t\t\t\t\t\t\t\t<figcaption class=\"widget-image-caption wp-caption-text\"><\/figcaption>\n\t\t\t\t\t\t\t\t\t\t<\/figure>\n\t\t\t\t\t\t\t\t\t<\/div>\n\t\t\t\t<\/div>\n\t\t\t\t<div class=\"elementor-element elementor-element-988ab22 elementor-widget elementor-widget-text-editor\" data-id=\"988ab22\" data-element_type=\"widget\" data-e-type=\"widget\" data-widget_type=\"text-editor.default\">\n\t\t\t\t<div class=\"elementor-widget-container\">\n\t\t\t\t\t\t\t\t\t<p>A mig recorregut es troba una torre de tra\u00e7a mud\u00e8jar (<strong>E3<\/strong>) al costat del graner de l&#8217;antiga fam\u00edlia dels Daza, molt transformat per a altres usos.<\/p>\t\t\t\t\t\t\t\t<\/div>\n\t\t\t\t<\/div>\n\t\t\t\t<div class=\"elementor-element elementor-element-339b8cd elementor-widget elementor-widget-image\" data-id=\"339b8cd\" data-element_type=\"widget\" data-e-type=\"widget\" data-widget_type=\"image.default\">\n\t\t\t\t<div class=\"elementor-widget-container\">\n\t\t\t\t\t\t\t\t\t\t\t\t<figure class=\"wp-caption\">\n\t\t\t\t\t\t\t\t\t\t<img loading=\"lazy\" decoding=\"async\" width=\"768\" height=\"512\" src=\"https:\/\/www.elturistatranquil.com\/wp-content\/uploads\/F107-Murallas-de-Cuellar-Segovia.jpg\" class=\"attachment-large size-large wp-image-52972\" alt=\"Murallas de Cuellar, Segovia\" srcset=\"https:\/\/www.elturistatranquil.com\/wp-content\/uploads\/F107-Murallas-de-Cuellar-Segovia.jpg 768w, https:\/\/www.elturistatranquil.com\/wp-content\/uploads\/F107-Murallas-de-Cuellar-Segovia-339x226.jpg 339w\" sizes=\"(max-width: 768px) 100vw, 768px\" \/>\t\t\t\t\t\t\t\t\t\t\t<figcaption class=\"widget-image-caption wp-caption-text\"><\/figcaption>\n\t\t\t\t\t\t\t\t\t\t<\/figure>\n\t\t\t\t\t\t\t\t\t<\/div>\n\t\t\t\t<\/div>\n\t\t\t\t<div class=\"elementor-element elementor-element-186aea3 elementor-widget elementor-widget-text-editor\" data-id=\"186aea3\" data-element_type=\"widget\" data-e-type=\"widget\" data-widget_type=\"text-editor.default\">\n\t\t\t\t<div class=\"elementor-widget-container\">\n\t\t\t\t\t\t\t\t\t<p>En alguns punts es mantenen merlets del mur. Aquest portell va haver de ser obert molt posteriorment per facilitar l&#8217;acc\u00e9s a la resid\u00e8ncia.<\/p>\t\t\t\t\t\t\t\t<\/div>\n\t\t\t\t<\/div>\n\t\t\t\t<div class=\"elementor-element elementor-element-47912a6 elementor-widget elementor-widget-image\" data-id=\"47912a6\" data-element_type=\"widget\" data-e-type=\"widget\" data-widget_type=\"image.default\">\n\t\t\t\t<div class=\"elementor-widget-container\">\n\t\t\t\t\t\t\t\t\t\t\t\t<figure class=\"wp-caption\">\n\t\t\t\t\t\t\t\t\t\t<img loading=\"lazy\" decoding=\"async\" width=\"768\" height=\"512\" src=\"https:\/\/www.elturistatranquil.com\/wp-content\/uploads\/F109-Murallas-de-Cuellar-Segovia.jpg\" class=\"attachment-large size-large wp-image-52974\" alt=\"Murallas de Cuellar, Segovia\" srcset=\"https:\/\/www.elturistatranquil.com\/wp-content\/uploads\/F109-Murallas-de-Cuellar-Segovia.jpg 768w, https:\/\/www.elturistatranquil.com\/wp-content\/uploads\/F109-Murallas-de-Cuellar-Segovia-339x226.jpg 339w\" sizes=\"(max-width: 768px) 100vw, 768px\" \/>\t\t\t\t\t\t\t\t\t\t\t<figcaption class=\"widget-image-caption wp-caption-text\"><\/figcaption>\n\t\t\t\t\t\t\t\t\t\t<\/figure>\n\t\t\t\t\t\t\t\t\t<\/div>\n\t\t\t\t<\/div>\n\t\t\t\t<div class=\"elementor-element elementor-element-16c9834 elementor-widget elementor-widget-heading\" data-id=\"16c9834\" data-element_type=\"widget\" data-e-type=\"widget\" data-widget_type=\"heading.default\">\n\t\t\t\t<div class=\"elementor-widget-container\">\n\t\t\t\t\t<h5 class=\"elementor-heading-title elementor-size-default\">Porta de la Juder\u00eda<\/h5>\t\t\t\t<\/div>\n\t\t\t\t<\/div>\n\t\t\t\t<div class=\"elementor-element elementor-element-da38c2b elementor-widget elementor-widget-text-editor\" data-id=\"da38c2b\" data-element_type=\"widget\" data-e-type=\"widget\" data-widget_type=\"text-editor.default\">\n\t\t\t\t<div class=\"elementor-widget-container\">\n\t\t\t\t\t\t\t\t\t<p>S&#8217;arriba a la porta o portell de la Juder\u00eda (<strong>P3)<\/strong>. Per accedir-hi s&#8217;ha d&#8217;entrar al segon recinte, i seguir els carrers de Sant Esteve i de la Juder\u00eda.<\/p><p>Al costat del brancal dret de la porta del call s&#8217;inicia el segon recinte de muralla que surt cap a la porta de San Andr\u00e9s (<strong>P10<\/strong>). Va ser com a motiu de la construcci\u00f3 de la segona muralla que es va obrir el portell del call per enlla\u00e7ar el barri de San Gil a intramurs del primer recinte amb el barri de l&#8217;antiga jueria ubicat al segon recinte. \u00c9s un pas simplement de vianants i sense acc\u00e9s per a carros per la seva amplada limitada i l&#8217;excessiu pendent dels carrers lim\u00edtrofs del segon recinte, des d&#8217;on est\u00e0 feta la fotografia.<\/p><p>De la porta segueix cap a l&#8217;esquerra l&#8217;edifici de l&#8217;antic Estudi de Gram\u00e0tica, on es troba imbu\u00eft un tram del cam\u00ed de ronda amb sageteres i troneres d&#8217;orbe i creu.<\/p>\t\t\t\t\t\t\t\t<\/div>\n\t\t\t\t<\/div>\n\t\t\t\t<div class=\"elementor-element elementor-element-3e77a85 elementor-widget elementor-widget-image\" data-id=\"3e77a85\" data-element_type=\"widget\" data-e-type=\"widget\" data-widget_type=\"image.default\">\n\t\t\t\t<div class=\"elementor-widget-container\">\n\t\t\t\t\t\t\t\t\t\t\t\t<figure class=\"wp-caption\">\n\t\t\t\t\t\t\t\t\t\t<img loading=\"lazy\" decoding=\"async\" width=\"768\" height=\"511\" src=\"https:\/\/www.elturistatranquil.com\/wp-content\/uploads\/F110-Puerta-de-la-Juderia-Cuellar-Segovia.jpg\" class=\"attachment-large size-large wp-image-52976\" alt=\"Puerta de la Juderia, Cuellar, Segovia\" srcset=\"https:\/\/www.elturistatranquil.com\/wp-content\/uploads\/F110-Puerta-de-la-Juderia-Cuellar-Segovia.jpg 768w, https:\/\/www.elturistatranquil.com\/wp-content\/uploads\/F110-Puerta-de-la-Juderia-Cuellar-Segovia-339x226.jpg 339w\" sizes=\"(max-width: 768px) 100vw, 768px\" \/>\t\t\t\t\t\t\t\t\t\t\t<figcaption class=\"widget-image-caption wp-caption-text\"><\/figcaption>\n\t\t\t\t\t\t\t\t\t\t<\/figure>\n\t\t\t\t\t\t\t\t\t<\/div>\n\t\t\t\t<\/div>\n\t\t\t\t<div class=\"elementor-element elementor-element-8c75012 elementor-widget elementor-widget-image\" data-id=\"8c75012\" data-element_type=\"widget\" data-e-type=\"widget\" data-widget_type=\"image.default\">\n\t\t\t\t<div class=\"elementor-widget-container\">\n\t\t\t\t\t\t\t\t\t\t\t\t<figure class=\"wp-caption\">\n\t\t\t\t\t\t\t\t\t\t<img loading=\"lazy\" decoding=\"async\" width=\"768\" height=\"512\" src=\"https:\/\/www.elturistatranquil.com\/wp-content\/uploads\/F111-Puerta-de-la-Juderia-Cuellar-Segovia.jpg\" class=\"attachment-large size-large wp-image-52978\" alt=\"Puerta de la Juderia, Cuellar, Segovia\" srcset=\"https:\/\/www.elturistatranquil.com\/wp-content\/uploads\/F111-Puerta-de-la-Juderia-Cuellar-Segovia.jpg 768w, https:\/\/www.elturistatranquil.com\/wp-content\/uploads\/F111-Puerta-de-la-Juderia-Cuellar-Segovia-339x226.jpg 339w\" sizes=\"(max-width: 768px) 100vw, 768px\" \/>\t\t\t\t\t\t\t\t\t\t\t<figcaption class=\"widget-image-caption wp-caption-text\"><\/figcaption>\n\t\t\t\t\t\t\t\t\t\t<\/figure>\n\t\t\t\t\t\t\t\t\t<\/div>\n\t\t\t\t<\/div>\n\t\t\t\t<div class=\"elementor-element elementor-element-b8277d7 elementor-widget elementor-widget-text-editor\" data-id=\"b8277d7\" data-element_type=\"widget\" data-e-type=\"widget\" data-widget_type=\"text-editor.default\">\n\t\t\t\t<div class=\"elementor-widget-container\">\n\t\t\t\t\t\t\t\t\t<p>Des del barri de San Gil s&#8217;observa clarament la seva funci\u00f3 de pas per als vianants d&#8217;enlla\u00e7 amb un arc escarser.<\/p>\t\t\t\t\t\t\t\t<\/div>\n\t\t\t\t<\/div>\n\t\t\t\t<div class=\"elementor-element elementor-element-8bbc5f9 elementor-widget elementor-widget-image\" data-id=\"8bbc5f9\" data-element_type=\"widget\" data-e-type=\"widget\" data-widget_type=\"image.default\">\n\t\t\t\t<div class=\"elementor-widget-container\">\n\t\t\t\t\t\t\t\t\t\t\t\t<figure class=\"wp-caption\">\n\t\t\t\t\t\t\t\t\t\t<img loading=\"lazy\" decoding=\"async\" width=\"768\" height=\"512\" src=\"https:\/\/www.elturistatranquil.com\/wp-content\/uploads\/F113-Puerta-de-la-Juderia-Cuellar-Segovia.jpg\" class=\"attachment-large size-large wp-image-52983\" alt=\"Puerta de la Juderia, Cuellar, Segovia\" srcset=\"https:\/\/www.elturistatranquil.com\/wp-content\/uploads\/F113-Puerta-de-la-Juderia-Cuellar-Segovia.jpg 768w, https:\/\/www.elturistatranquil.com\/wp-content\/uploads\/F113-Puerta-de-la-Juderia-Cuellar-Segovia-339x226.jpg 339w\" sizes=\"(max-width: 768px) 100vw, 768px\" \/>\t\t\t\t\t\t\t\t\t\t\t<figcaption class=\"widget-image-caption wp-caption-text\"><\/figcaption>\n\t\t\t\t\t\t\t\t\t\t<\/figure>\n\t\t\t\t\t\t\t\t\t<\/div>\n\t\t\t\t<\/div>\n\t\t\t\t<div class=\"elementor-element elementor-element-1e9ac17 elementor-widget elementor-widget-heading\" data-id=\"1e9ac17\" data-element_type=\"widget\" data-e-type=\"widget\" data-widget_type=\"heading.default\">\n\t\t\t\t<div class=\"elementor-widget-container\">\n\t\t\t\t\t<h5 class=\"elementor-heading-title elementor-size-default\">Porta de San Mart\u00edn<\/h5>\t\t\t\t<\/div>\n\t\t\t\t<\/div>\n\t\t\t\t<div class=\"elementor-element elementor-element-bdcfd12 elementor-widget elementor-widget-text-editor\" data-id=\"bdcfd12\" data-element_type=\"widget\" data-e-type=\"widget\" data-widget_type=\"text-editor.default\">\n\t\t\t\t<div class=\"elementor-widget-container\">\n\t\t\t\t\t\t\t\t\t<p>De les tres portes inicials de la primera tanca, la porta de San Mart\u00edn (<strong>P4<\/strong>)\u00a0 era la que corresponia a l&#8217;entrada per llevant a la poblaci\u00f3.<\/p><p>La porta est\u00e0 localitzada al costat de l&#8217;angle que forma el llen\u00e7 que ve des d&#8217;on hi havia la torre del Nord-est i que en aquest punt gira 90<sup>o<\/sup> cap al sud.<\/p><p>A l&#8217;esquerra a la foto les restes del perfil del mur del llen\u00e7 que anava des de la torre del Nord-est (<strong>E4<\/strong>) al costat de l&#8217;esgl\u00e9sia de San Esteban (<strong>I2<\/strong>) al trencament del mur cap al sud, amb la porta de San Mart\u00edn (<strong>P4<\/strong> ) orientada a llevant al costat de l&#8217;angle dels murs.<\/p><p>No queden traces del mur al voltant de la torre del Nord-est.<\/p><p>En el moment que es van eliminar els edificis d&#8217;habitatges que es trobaven en aquest tram fins a la torre del Nord-oest van apar\u00e8ixer uns soterraments de cementiri exterior de l&#8217;esgl\u00e9sia, que actualment s&#8217;han reconvertit en zona arqueol\u00f2gica.<\/p>\t\t\t\t\t\t\t\t<\/div>\n\t\t\t\t<\/div>\n\t\t\t\t<div class=\"elementor-element elementor-element-a975891 elementor-widget elementor-widget-image\" data-id=\"a975891\" data-element_type=\"widget\" data-e-type=\"widget\" data-widget_type=\"image.default\">\n\t\t\t\t<div class=\"elementor-widget-container\">\n\t\t\t\t\t\t\t\t\t\t\t\t<figure class=\"wp-caption\">\n\t\t\t\t\t\t\t\t\t\t<img loading=\"lazy\" decoding=\"async\" width=\"768\" height=\"512\" src=\"https:\/\/www.elturistatranquil.com\/wp-content\/uploads\/F114-Puerta-de-San-Martin-Cuellar-Segovia.jpg\" class=\"attachment-large size-large wp-image-52985\" alt=\"Puerta de San Martin, Cuellar, Segovia\" srcset=\"https:\/\/www.elturistatranquil.com\/wp-content\/uploads\/F114-Puerta-de-San-Martin-Cuellar-Segovia.jpg 768w, https:\/\/www.elturistatranquil.com\/wp-content\/uploads\/F114-Puerta-de-San-Martin-Cuellar-Segovia-339x226.jpg 339w\" sizes=\"(max-width: 768px) 100vw, 768px\" \/>\t\t\t\t\t\t\t\t\t\t\t<figcaption class=\"widget-image-caption wp-caption-text\"><\/figcaption>\n\t\t\t\t\t\t\t\t\t\t<\/figure>\n\t\t\t\t\t\t\t\t\t<\/div>\n\t\t\t\t<\/div>\n\t\t\t\t<div class=\"elementor-element elementor-element-9ea6b2c elementor-widget elementor-widget-image\" data-id=\"9ea6b2c\" data-element_type=\"widget\" data-e-type=\"widget\" data-widget_type=\"image.default\">\n\t\t\t\t<div class=\"elementor-widget-container\">\n\t\t\t\t\t\t\t\t\t\t\t\t<figure class=\"wp-caption\">\n\t\t\t\t\t\t\t\t\t\t<img loading=\"lazy\" decoding=\"async\" width=\"768\" height=\"511\" src=\"https:\/\/www.elturistatranquil.com\/wp-content\/uploads\/F115-Puerta-de-San-Martin-Cuellar-Segovia.jpg\" class=\"attachment-large size-large wp-image-52987\" alt=\"Puerta de San Martin, Cuellar, Segovia\" srcset=\"https:\/\/www.elturistatranquil.com\/wp-content\/uploads\/F115-Puerta-de-San-Martin-Cuellar-Segovia.jpg 768w, https:\/\/www.elturistatranquil.com\/wp-content\/uploads\/F115-Puerta-de-San-Martin-Cuellar-Segovia-339x226.jpg 339w\" sizes=\"(max-width: 768px) 100vw, 768px\" \/>\t\t\t\t\t\t\t\t\t\t\t<figcaption class=\"widget-image-caption wp-caption-text\"><\/figcaption>\n\t\t\t\t\t\t\t\t\t\t<\/figure>\n\t\t\t\t\t\t\t\t\t<\/div>\n\t\t\t\t<\/div>\n\t\t\t\t<div class=\"elementor-element elementor-element-26ad719 elementor-widget elementor-widget-text-editor\" data-id=\"26ad719\" data-element_type=\"widget\" data-e-type=\"widget\" data-widget_type=\"text-editor.default\">\n\t\t\t\t<div class=\"elementor-widget-container\">\n\t\t\t\t\t\t\t\t\t<p>La construcci\u00f3 que s&#8217;observa actualment de la porta de San Mart\u00edn correspon a la transformaci\u00f3 i modernitzaci\u00f3 de principis del segle XVI segons criteris poliorc\u00e8tics quan \u00e9s ampliada i la reforcen en aixecar les bestorres (torrasses buides oberts pel costat de l&#8217;interior de la fortalesa) adjacents.<\/p>\t\t\t\t\t\t\t\t<\/div>\n\t\t\t\t<\/div>\n\t\t\t\t<div class=\"elementor-element elementor-element-0038ea3 elementor-widget elementor-widget-image\" data-id=\"0038ea3\" data-element_type=\"widget\" data-e-type=\"widget\" data-widget_type=\"image.default\">\n\t\t\t\t<div class=\"elementor-widget-container\">\n\t\t\t\t\t\t\t\t\t\t\t\t<figure class=\"wp-caption\">\n\t\t\t\t\t\t\t\t\t\t<img loading=\"lazy\" decoding=\"async\" width=\"768\" height=\"512\" src=\"https:\/\/www.elturistatranquil.com\/wp-content\/uploads\/F116-Puerta-de-San-Martin-Cuellar-Segovia.jpg\" class=\"attachment-large size-large wp-image-52989\" alt=\"Puerta de San Martin, Cuellar, Segovia\" srcset=\"https:\/\/www.elturistatranquil.com\/wp-content\/uploads\/F116-Puerta-de-San-Martin-Cuellar-Segovia.jpg 768w, https:\/\/www.elturistatranquil.com\/wp-content\/uploads\/F116-Puerta-de-San-Martin-Cuellar-Segovia-339x226.jpg 339w\" sizes=\"(max-width: 768px) 100vw, 768px\" \/>\t\t\t\t\t\t\t\t\t\t\t<figcaption class=\"widget-image-caption wp-caption-text\"><\/figcaption>\n\t\t\t\t\t\t\t\t\t\t<\/figure>\n\t\t\t\t\t\t\t\t\t<\/div>\n\t\t\t\t<\/div>\n\t\t\t\t<div class=\"elementor-element elementor-element-bc7aab5 elementor-widget elementor-widget-text-editor\" data-id=\"bc7aab5\" data-element_type=\"widget\" data-e-type=\"widget\" data-widget_type=\"text-editor.default\">\n\t\t\t\t<div class=\"elementor-widget-container\">\n\t\t\t\t\t\t\t\t\t<p>La porta \u00e9s d&#8217;arc de mig punt amb grans dovelles de carreuat amb un alf\u00eds tamb\u00e9 de carreuat amb l&#8217;escut de Cu\u00e9llar, mentre que a dalt de les bestorres situen els blasons de la Cueva del II duc i de Toledo per la seva dona.<\/p>\t\t\t\t\t\t\t\t<\/div>\n\t\t\t\t<\/div>\n\t\t\t\t<div class=\"elementor-element elementor-element-af1c0a2 elementor-widget elementor-widget-image\" data-id=\"af1c0a2\" data-element_type=\"widget\" data-e-type=\"widget\" data-widget_type=\"image.default\">\n\t\t\t\t<div class=\"elementor-widget-container\">\n\t\t\t\t\t\t\t\t\t\t\t\t<figure class=\"wp-caption\">\n\t\t\t\t\t\t\t\t\t\t<img loading=\"lazy\" decoding=\"async\" width=\"768\" height=\"511\" src=\"https:\/\/www.elturistatranquil.com\/wp-content\/uploads\/F117-Puerta-de-San-Martin-Cuellar-Segovia.jpg\" class=\"attachment-large size-large wp-image-52991\" alt=\"Puerta de San Martin, Cuellar, Segovia\" srcset=\"https:\/\/www.elturistatranquil.com\/wp-content\/uploads\/F117-Puerta-de-San-Martin-Cuellar-Segovia.jpg 768w, https:\/\/www.elturistatranquil.com\/wp-content\/uploads\/F117-Puerta-de-San-Martin-Cuellar-Segovia-339x226.jpg 339w\" sizes=\"(max-width: 768px) 100vw, 768px\" \/>\t\t\t\t\t\t\t\t\t\t\t<figcaption class=\"widget-image-caption wp-caption-text\"><\/figcaption>\n\t\t\t\t\t\t\t\t\t\t<\/figure>\n\t\t\t\t\t\t\t\t\t<\/div>\n\t\t\t\t<\/div>\n\t\t\t\t<div class=\"elementor-element elementor-element-3113d80 elementor-widget elementor-widget-text-editor\" data-id=\"3113d80\" data-element_type=\"widget\" data-e-type=\"widget\" data-widget_type=\"text-editor.default\">\n\t\t\t\t<div class=\"elementor-widget-container\">\n\t\t\t\t\t\t\t\t\t<p>El II duc va realitzar un important refor\u00e7 de les muralles introduint les troneres d\u2019orbe i creu i les troneres horitzontals o de b\u00fastia.<\/p>\t\t\t\t\t\t\t\t<\/div>\n\t\t\t\t<\/div>\n\t\t\t\t<div class=\"elementor-element elementor-element-7459171 elementor-widget elementor-widget-image\" data-id=\"7459171\" data-element_type=\"widget\" data-e-type=\"widget\" data-widget_type=\"image.default\">\n\t\t\t\t<div class=\"elementor-widget-container\">\n\t\t\t\t\t\t\t\t\t\t\t\t<figure class=\"wp-caption\">\n\t\t\t\t\t\t\t\t\t\t<img loading=\"lazy\" decoding=\"async\" width=\"768\" height=\"512\" src=\"https:\/\/www.elturistatranquil.com\/wp-content\/uploads\/F118-Puerta-de-San-Martin-Cuellar-Segovia.jpg\" class=\"attachment-large size-large wp-image-52996\" alt=\"Puerta de San Martin, Cuellar, Segovia\" srcset=\"https:\/\/www.elturistatranquil.com\/wp-content\/uploads\/F118-Puerta-de-San-Martin-Cuellar-Segovia.jpg 768w, https:\/\/www.elturistatranquil.com\/wp-content\/uploads\/F118-Puerta-de-San-Martin-Cuellar-Segovia-339x226.jpg 339w\" sizes=\"(max-width: 768px) 100vw, 768px\" \/>\t\t\t\t\t\t\t\t\t\t\t<figcaption class=\"widget-image-caption wp-caption-text\"><\/figcaption>\n\t\t\t\t\t\t\t\t\t\t<\/figure>\n\t\t\t\t\t\t\t\t\t<\/div>\n\t\t\t\t<\/div>\n\t\t\t\t<div class=\"elementor-element elementor-element-d9d8edf elementor-widget elementor-widget-image\" data-id=\"d9d8edf\" data-element_type=\"widget\" data-e-type=\"widget\" data-widget_type=\"image.default\">\n\t\t\t\t<div class=\"elementor-widget-container\">\n\t\t\t\t\t\t\t\t\t\t\t\t<figure class=\"wp-caption\">\n\t\t\t\t\t\t\t\t\t\t<img loading=\"lazy\" decoding=\"async\" width=\"768\" height=\"511\" src=\"https:\/\/www.elturistatranquil.com\/wp-content\/uploads\/F119-Puerta-de-San-Martin-Cuellar-Segovia.jpg\" class=\"attachment-large size-large wp-image-52998\" alt=\"Puerta de San Martin, Cuellar, Segovia\" srcset=\"https:\/\/www.elturistatranquil.com\/wp-content\/uploads\/F119-Puerta-de-San-Martin-Cuellar-Segovia.jpg 768w, https:\/\/www.elturistatranquil.com\/wp-content\/uploads\/F119-Puerta-de-San-Martin-Cuellar-Segovia-339x226.jpg 339w\" sizes=\"(max-width: 768px) 100vw, 768px\" \/>\t\t\t\t\t\t\t\t\t\t\t<figcaption class=\"widget-image-caption wp-caption-text\"><\/figcaption>\n\t\t\t\t\t\t\t\t\t\t<\/figure>\n\t\t\t\t\t\t\t\t\t<\/div>\n\t\t\t\t<\/div>\n\t\t\t\t<div class=\"elementor-element elementor-element-039594c elementor-widget elementor-widget-text-editor\" data-id=\"039594c\" data-element_type=\"widget\" data-e-type=\"widget\" data-widget_type=\"text-editor.default\">\n\t\t\t\t<div class=\"elementor-widget-container\">\n\t\t\t\t\t\t\t\t\t<p>Els llen\u00e7os adjacents estan coronats amb merlets amb troneres d\u2019orbe i creu.<\/p>\t\t\t\t\t\t\t\t<\/div>\n\t\t\t\t<\/div>\n\t\t\t\t<div class=\"elementor-element elementor-element-733a005 elementor-widget elementor-widget-image\" data-id=\"733a005\" data-element_type=\"widget\" data-e-type=\"widget\" data-widget_type=\"image.default\">\n\t\t\t\t<div class=\"elementor-widget-container\">\n\t\t\t\t\t\t\t\t\t\t\t\t<figure class=\"wp-caption\">\n\t\t\t\t\t\t\t\t\t\t<img loading=\"lazy\" decoding=\"async\" width=\"768\" height=\"512\" src=\"https:\/\/www.elturistatranquil.com\/wp-content\/uploads\/F120-Puerta-de-San-Martin-Cuellar-Segovia.jpg\" class=\"attachment-large size-large wp-image-53000\" alt=\"Puerta de San Martin, Cuellar, Segovia\" srcset=\"https:\/\/www.elturistatranquil.com\/wp-content\/uploads\/F120-Puerta-de-San-Martin-Cuellar-Segovia.jpg 768w, https:\/\/www.elturistatranquil.com\/wp-content\/uploads\/F120-Puerta-de-San-Martin-Cuellar-Segovia-339x226.jpg 339w\" sizes=\"(max-width: 768px) 100vw, 768px\" \/>\t\t\t\t\t\t\t\t\t\t\t<figcaption class=\"widget-image-caption wp-caption-text\"><\/figcaption>\n\t\t\t\t\t\t\t\t\t\t<\/figure>\n\t\t\t\t\t\t\t\t\t<\/div>\n\t\t\t\t<\/div>\n\t\t\t\t<div class=\"elementor-element elementor-element-d7257b4 elementor-widget elementor-widget-text-editor\" data-id=\"d7257b4\" data-element_type=\"widget\" data-e-type=\"widget\" data-widget_type=\"text-editor.default\">\n\t\t\t\t<div class=\"elementor-widget-container\">\n\t\t\t\t\t\t\t\t\t<p>La fa\u00e7ana interior \u00e9s un simple arc rebaixat amb doble porta amb dos rangs o quicis per subjectar les pollegueres per l&#8217;exterior de la f\u00e0brica i dos m\u00e9s despr\u00e9s de la brancal de l&#8217;arc principal de grans dovelles<\/p><p>Vista des de l&#8217;interior, les construccions d&#8217;habitatges han deixat l&#8217;espai esc\u00e0s de pas i veiem com el buit de la bestorre de la dreta ha estat igualment ocupada.<\/p>\t\t\t\t\t\t\t\t<\/div>\n\t\t\t\t<\/div>\n\t\t\t\t<div class=\"elementor-element elementor-element-18c2d44 elementor-widget elementor-widget-image\" data-id=\"18c2d44\" data-element_type=\"widget\" data-e-type=\"widget\" data-widget_type=\"image.default\">\n\t\t\t\t<div class=\"elementor-widget-container\">\n\t\t\t\t\t\t\t\t\t\t\t\t<figure class=\"wp-caption\">\n\t\t\t\t\t\t\t\t\t\t<img loading=\"lazy\" decoding=\"async\" width=\"768\" height=\"512\" src=\"https:\/\/www.elturistatranquil.com\/wp-content\/uploads\/F121-Puerta-de-San-Martin-Cuellar-Segovia.jpg\" class=\"attachment-large size-large wp-image-53009\" alt=\"Puerta de San Martin, Cuellar, Segovia\" srcset=\"https:\/\/www.elturistatranquil.com\/wp-content\/uploads\/F121-Puerta-de-San-Martin-Cuellar-Segovia.jpg 768w, https:\/\/www.elturistatranquil.com\/wp-content\/uploads\/F121-Puerta-de-San-Martin-Cuellar-Segovia-339x226.jpg 339w\" sizes=\"(max-width: 768px) 100vw, 768px\" \/>\t\t\t\t\t\t\t\t\t\t\t<figcaption class=\"widget-image-caption wp-caption-text\"><\/figcaption>\n\t\t\t\t\t\t\t\t\t\t<\/figure>\n\t\t\t\t\t\t\t\t\t<\/div>\n\t\t\t\t<\/div>\n\t\t\t\t<div class=\"elementor-element elementor-element-5309485 elementor-widget elementor-widget-text-editor\" data-id=\"5309485\" data-element_type=\"widget\" data-e-type=\"widget\" data-widget_type=\"text-editor.default\">\n\t\t\t\t<div class=\"elementor-widget-container\">\n\t\t\t\t\t\t\t\t\t<p>Aquesta porta permetia el pas de carros. Per possibilitar el pas de vehicles m\u00e9s moderns m\u00e9s amples s&#8217;ha eliminat la brancal del costat dret, com s&#8217;aprecia a la foto.<\/p>\t\t\t\t\t\t\t\t<\/div>\n\t\t\t\t<\/div>\n\t\t\t\t<div class=\"elementor-element elementor-element-0d1ffd4 elementor-widget elementor-widget-image\" data-id=\"0d1ffd4\" data-element_type=\"widget\" data-e-type=\"widget\" data-widget_type=\"image.default\">\n\t\t\t\t<div class=\"elementor-widget-container\">\n\t\t\t\t\t\t\t\t\t\t\t\t<figure class=\"wp-caption\">\n\t\t\t\t\t\t\t\t\t\t<img loading=\"lazy\" decoding=\"async\" width=\"768\" height=\"512\" src=\"https:\/\/www.elturistatranquil.com\/wp-content\/uploads\/F122-Puerta-de-San-Martin-Cuellar-Segovia.jpg\" class=\"attachment-large size-large wp-image-53002\" alt=\"Puerta de San Martin, Cuellar, Segovia\" srcset=\"https:\/\/www.elturistatranquil.com\/wp-content\/uploads\/F122-Puerta-de-San-Martin-Cuellar-Segovia.jpg 768w, https:\/\/www.elturistatranquil.com\/wp-content\/uploads\/F122-Puerta-de-San-Martin-Cuellar-Segovia-339x226.jpg 339w\" sizes=\"(max-width: 768px) 100vw, 768px\" \/>\t\t\t\t\t\t\t\t\t\t\t<figcaption class=\"widget-image-caption wp-caption-text\"><\/figcaption>\n\t\t\t\t\t\t\t\t\t\t<\/figure>\n\t\t\t\t\t\t\t\t\t<\/div>\n\t\t\t\t<\/div>\n\t\t\t\t<div class=\"elementor-element elementor-element-1b2b4f0 elementor-widget elementor-widget-text-editor\" data-id=\"1b2b4f0\" data-element_type=\"widget\" data-e-type=\"widget\" data-widget_type=\"text-editor.default\">\n\t\t\t\t<div class=\"elementor-widget-container\">\n\t\t\t\t\t\t\t\t\t<p>La torre de la Muela (<strong>E5<\/strong>) (a l&#8217;esquerra) divideix en dues parts pr\u00e0cticament iguals del llen\u00e7 que va entre la porta de San Mart\u00edn i la porta de Santiago (<strong>P5<\/strong>). \u00c9s de forma quadrangular i s&#8217;eleva per sobre del llen\u00e7.<\/p><p>A partir d\u00b4aquesta torre el llen\u00e7 continua fins a la porta de Santiago.<\/p>\t\t\t\t\t\t\t\t<\/div>\n\t\t\t\t<\/div>\n\t\t\t\t<div class=\"elementor-element elementor-element-3a43104 elementor-widget elementor-widget-image\" data-id=\"3a43104\" data-element_type=\"widget\" data-e-type=\"widget\" data-widget_type=\"image.default\">\n\t\t\t\t<div class=\"elementor-widget-container\">\n\t\t\t\t\t\t\t\t\t\t\t\t<figure class=\"wp-caption\">\n\t\t\t\t\t\t\t\t\t\t<img loading=\"lazy\" decoding=\"async\" width=\"768\" height=\"511\" src=\"https:\/\/www.elturistatranquil.com\/wp-content\/uploads\/F124-Puerta-de-San-Martin-Cuellar-Segovia.jpg\" class=\"attachment-large size-large wp-image-53004\" alt=\"Puerta de San Martin, Cuellar, Segovia\" srcset=\"https:\/\/www.elturistatranquil.com\/wp-content\/uploads\/F124-Puerta-de-San-Martin-Cuellar-Segovia.jpg 768w, https:\/\/www.elturistatranquil.com\/wp-content\/uploads\/F124-Puerta-de-San-Martin-Cuellar-Segovia-339x226.jpg 339w\" sizes=\"(max-width: 768px) 100vw, 768px\" \/>\t\t\t\t\t\t\t\t\t\t\t<figcaption class=\"widget-image-caption wp-caption-text\"><\/figcaption>\n\t\t\t\t\t\t\t\t\t\t<\/figure>\n\t\t\t\t\t\t\t\t\t<\/div>\n\t\t\t\t<\/div>\n\t\t\t\t<div class=\"elementor-element elementor-element-7b24ffd elementor-widget elementor-widget-heading\" data-id=\"7b24ffd\" data-element_type=\"widget\" data-e-type=\"widget\" data-widget_type=\"heading.default\">\n\t\t\t\t<div class=\"elementor-widget-container\">\n\t\t\t\t\t<h5 class=\"elementor-heading-title elementor-size-default\">Porta de Santiago<\/h5>\t\t\t\t<\/div>\n\t\t\t\t<\/div>\n\t\t\t\t<div class=\"elementor-element elementor-element-c91d48e elementor-widget elementor-widget-text-editor\" data-id=\"c91d48e\" data-element_type=\"widget\" data-e-type=\"widget\" data-widget_type=\"text-editor.default\">\n\t\t\t\t<div class=\"elementor-widget-container\">\n\t\t\t\t\t\t\t\t\t<p>Abans d&#8217;arribar a la porta de Santiago (<strong>P5<\/strong>) el mur fa un altre gir de 90<sup>o<\/sup> cap a ponent, on, al costat sud d&#8217;aquest angle, s&#8217;obre la porta.<\/p><p>La torre (<strong>E6<\/strong>) al costat de la porta destaca per la seva elevada al\u00e7ada. Aquest punt es troba en un lloc idoni de vigil\u00e0ncia, des d&#8217;on es pot veure tota la vila medieval i l&#8217;entorn exterior cap a l&#8217;est fins al pla de la vega del riu Cega amb el paisatge de pinedes i la serra de Guadarrama al fons.<\/p><p>Es considera que aquesta porta va ser oberta al segle XIII quan van aixecar l&#8217;esgl\u00e9sia mud\u00e8jar de Santiago (<strong>I5<\/strong>) una vegada constru\u00efda la tanca del segon recinte. A m\u00e9s de comunicar els dos recintes serviria com a acc\u00e9s per als feligresos del primer recinte.<\/p><p>L&#8217;esgl\u00e9sia est\u00e0 actualment sense coberta, i nom\u00e9s se&#8217;n conserven els murs i l&#8217;absis. A la fotografia es veu l&#8217;angle de la tanca amb la torre i el mur del lateral de l&#8217;evangeli de l&#8217;esgl\u00e9sia que s&#8217;hi acobla. En aquest mur es va obrir un gran arc de pas.<\/p>\t\t\t\t\t\t\t\t<\/div>\n\t\t\t\t<\/div>\n\t\t\t\t<div class=\"elementor-element elementor-element-41e454f elementor-widget elementor-widget-image\" data-id=\"41e454f\" data-element_type=\"widget\" data-e-type=\"widget\" data-widget_type=\"image.default\">\n\t\t\t\t<div class=\"elementor-widget-container\">\n\t\t\t\t\t\t\t\t\t\t\t\t<figure class=\"wp-caption\">\n\t\t\t\t\t\t\t\t\t\t<img loading=\"lazy\" decoding=\"async\" width=\"768\" height=\"512\" src=\"https:\/\/www.elturistatranquil.com\/wp-content\/uploads\/F125-Puerta-de-Santiago-Cuellar-Segovia.jpg\" class=\"attachment-large size-large wp-image-53014\" alt=\"Puerta de Santiago, Cuellar, Segovia\" srcset=\"https:\/\/www.elturistatranquil.com\/wp-content\/uploads\/F125-Puerta-de-Santiago-Cuellar-Segovia.jpg 768w, https:\/\/www.elturistatranquil.com\/wp-content\/uploads\/F125-Puerta-de-Santiago-Cuellar-Segovia-339x226.jpg 339w\" sizes=\"(max-width: 768px) 100vw, 768px\" \/>\t\t\t\t\t\t\t\t\t\t\t<figcaption class=\"widget-image-caption wp-caption-text\"><\/figcaption>\n\t\t\t\t\t\t\t\t\t\t<\/figure>\n\t\t\t\t\t\t\t\t\t<\/div>\n\t\t\t\t<\/div>\n\t\t\t\t<div class=\"elementor-element elementor-element-a693561 elementor-widget elementor-widget-text-editor\" data-id=\"a693561\" data-element_type=\"widget\" data-e-type=\"widget\" data-widget_type=\"text-editor.default\">\n\t\t\t\t<div class=\"elementor-widget-container\">\n\t\t\t\t\t\t\t\t\t<p>\u00c9s una porta simplement de vianants, sense acc\u00e9s per a carros pel limitat ample i l&#8217;excessiu pendent dels carrers lim\u00edtrofs entre els dos recintes.<\/p><p>La torre actualment t\u00e9 una part cil\u00edndrica cap a la porta i a l&#8217;extrem oposat una part plana a l&#8217;enlla\u00e7 amb el llen\u00e7 nord.<\/p><p>El mur fins a la coronaci\u00f3 emmerletada i la torre presenten troneres d\u2019orbe i creu, de temps del II duc.<\/p>\t\t\t\t\t\t\t\t<\/div>\n\t\t\t\t<\/div>\n\t\t\t\t<div class=\"elementor-element elementor-element-479ef4a elementor-widget elementor-widget-image\" data-id=\"479ef4a\" data-element_type=\"widget\" data-e-type=\"widget\" data-widget_type=\"image.default\">\n\t\t\t\t<div class=\"elementor-widget-container\">\n\t\t\t\t\t\t\t\t\t\t\t\t<figure class=\"wp-caption\">\n\t\t\t\t\t\t\t\t\t\t<img loading=\"lazy\" decoding=\"async\" width=\"768\" height=\"512\" src=\"https:\/\/www.elturistatranquil.com\/wp-content\/uploads\/F126-Puerta-y-torre-de-Santiago-Cuellar-Segovia.jpg\" class=\"attachment-large size-large wp-image-53016\" alt=\"Puerta y torre de Santiago, Cuellar, Segovia\" srcset=\"https:\/\/www.elturistatranquil.com\/wp-content\/uploads\/F126-Puerta-y-torre-de-Santiago-Cuellar-Segovia.jpg 768w, https:\/\/www.elturistatranquil.com\/wp-content\/uploads\/F126-Puerta-y-torre-de-Santiago-Cuellar-Segovia-339x226.jpg 339w\" sizes=\"(max-width: 768px) 100vw, 768px\" \/>\t\t\t\t\t\t\t\t\t\t\t<figcaption class=\"widget-image-caption wp-caption-text\"><\/figcaption>\n\t\t\t\t\t\t\t\t\t\t<\/figure>\n\t\t\t\t\t\t\t\t\t<\/div>\n\t\t\t\t<\/div>\n\t\t\t\t<div class=\"elementor-element elementor-element-8381cdd elementor-widget elementor-widget-text-editor\" data-id=\"8381cdd\" data-element_type=\"widget\" data-e-type=\"widget\" data-widget_type=\"text-editor.default\">\n\t\t\t\t<div class=\"elementor-widget-container\">\n\t\t\t\t\t\t\t\t\t<p>La porta \u00e9s d&#8217;una sola fulla amb els brancals interiors i exteriors de carreuat, oberta a la muralla de ma\u00e7oneria.<\/p>\t\t\t\t\t\t\t\t<\/div>\n\t\t\t\t<\/div>\n\t\t\t\t<div class=\"elementor-element elementor-element-926fc74 elementor-widget elementor-widget-image\" data-id=\"926fc74\" data-element_type=\"widget\" data-e-type=\"widget\" data-widget_type=\"image.default\">\n\t\t\t\t<div class=\"elementor-widget-container\">\n\t\t\t\t\t\t\t\t\t\t\t\t<figure class=\"wp-caption\">\n\t\t\t\t\t\t\t\t\t\t<img loading=\"lazy\" decoding=\"async\" width=\"768\" height=\"512\" src=\"https:\/\/www.elturistatranquil.com\/wp-content\/uploads\/F127-Puerta-de-Santiago-Cuellar-Segovia.jpg\" class=\"attachment-large size-large wp-image-53018\" alt=\"Puerta y torre de Santiago, Cuellar, Segovia\" srcset=\"https:\/\/www.elturistatranquil.com\/wp-content\/uploads\/F127-Puerta-de-Santiago-Cuellar-Segovia.jpg 768w, https:\/\/www.elturistatranquil.com\/wp-content\/uploads\/F127-Puerta-de-Santiago-Cuellar-Segovia-339x226.jpg 339w\" sizes=\"(max-width: 768px) 100vw, 768px\" \/>\t\t\t\t\t\t\t\t\t\t\t<figcaption class=\"widget-image-caption wp-caption-text\"><\/figcaption>\n\t\t\t\t\t\t\t\t\t\t<\/figure>\n\t\t\t\t\t\t\t\t\t<\/div>\n\t\t\t\t<\/div>\n\t\t\t\t<div class=\"elementor-element elementor-element-34076b4 elementor-widget elementor-widget-text-editor\" data-id=\"34076b4\" data-element_type=\"widget\" data-e-type=\"widget\" data-widget_type=\"text-editor.default\">\n\t\t\t\t<div class=\"elementor-widget-container\">\n\t\t\t\t\t\t\t\t\t<p>Des de l&#8217;interior, \u00e9s clarament constatable el desnivell d&#8217;aquesta zona.<\/p>\t\t\t\t\t\t\t\t<\/div>\n\t\t\t\t<\/div>\n\t\t\t\t<div class=\"elementor-element elementor-element-251bbfa elementor-widget elementor-widget-image\" data-id=\"251bbfa\" data-element_type=\"widget\" data-e-type=\"widget\" data-widget_type=\"image.default\">\n\t\t\t\t<div class=\"elementor-widget-container\">\n\t\t\t\t\t\t\t\t\t\t\t\t<figure class=\"wp-caption\">\n\t\t\t\t\t\t\t\t\t\t<img loading=\"lazy\" decoding=\"async\" width=\"768\" height=\"511\" src=\"https:\/\/www.elturistatranquil.com\/wp-content\/uploads\/F129-Puerta-de-Santiago-Cuellar-Segovia.jpg\" class=\"attachment-large size-large wp-image-53020\" alt=\"Puerta y torre de Santiago, Cuellar, Segovia\" srcset=\"https:\/\/www.elturistatranquil.com\/wp-content\/uploads\/F129-Puerta-de-Santiago-Cuellar-Segovia.jpg 768w, https:\/\/www.elturistatranquil.com\/wp-content\/uploads\/F129-Puerta-de-Santiago-Cuellar-Segovia-339x226.jpg 339w\" sizes=\"(max-width: 768px) 100vw, 768px\" \/>\t\t\t\t\t\t\t\t\t\t\t<figcaption class=\"widget-image-caption wp-caption-text\"><\/figcaption>\n\t\t\t\t\t\t\t\t\t\t<\/figure>\n\t\t\t\t\t\t\t\t\t<\/div>\n\t\t\t\t<\/div>\n\t\t\t\t<div class=\"elementor-element elementor-element-06a2f2c elementor-widget elementor-widget-text-editor\" data-id=\"06a2f2c\" data-element_type=\"widget\" data-e-type=\"widget\" data-widget_type=\"text-editor.default\">\n\t\t\t\t<div class=\"elementor-widget-container\">\n\t\t\t\t\t\t\t\t\t<p>Fins i tot sense matacans, la torre sobresurt sobre la muralla i el conjunt de residencial.<\/p>\t\t\t\t\t\t\t\t<\/div>\n\t\t\t\t<\/div>\n\t\t\t\t<div class=\"elementor-element elementor-element-8fcaee6 elementor-widget elementor-widget-image\" data-id=\"8fcaee6\" data-element_type=\"widget\" data-e-type=\"widget\" data-widget_type=\"image.default\">\n\t\t\t\t<div class=\"elementor-widget-container\">\n\t\t\t\t\t\t\t\t\t\t\t\t<figure class=\"wp-caption\">\n\t\t\t\t\t\t\t\t\t\t<img loading=\"lazy\" decoding=\"async\" width=\"768\" height=\"512\" src=\"https:\/\/www.elturistatranquil.com\/wp-content\/uploads\/F130-Puerta-de-Santiago-Cuellar-Segovia.jpg\" class=\"attachment-large size-large wp-image-53022\" alt=\"Puerta y torre de Santiago, Cuellar, Segovia\" srcset=\"https:\/\/www.elturistatranquil.com\/wp-content\/uploads\/F130-Puerta-de-Santiago-Cuellar-Segovia.jpg 768w, https:\/\/www.elturistatranquil.com\/wp-content\/uploads\/F130-Puerta-de-Santiago-Cuellar-Segovia-339x226.jpg 339w\" sizes=\"(max-width: 768px) 100vw, 768px\" \/>\t\t\t\t\t\t\t\t\t\t\t<figcaption class=\"widget-image-caption wp-caption-text\"><\/figcaption>\n\t\t\t\t\t\t\t\t\t\t<\/figure>\n\t\t\t\t\t\t\t\t\t<\/div>\n\t\t\t\t<\/div>\n\t\t\t\t<div class=\"elementor-element elementor-element-b99ba88 elementor-widget elementor-widget-text-editor\" data-id=\"b99ba88\" data-element_type=\"widget\" data-e-type=\"widget\" data-widget_type=\"text-editor.default\">\n\t\t\t\t<div class=\"elementor-widget-container\">\n\t\t\t\t\t\t\t\t\t<p>A partir d&#8217;aqu\u00ed, el mur de la tanca del primer recinte continua fins a la porta de Las Cuevas (<strong>P6<\/strong>).<\/p><p>Des d&#8217;aquesta torre fins al castell, passant per la torre de Las Cuevas (<strong>E7<\/strong>) s&#8217;ha rehabilitat tot el cam\u00ed de ronda de la muralla amb el mur emmerletat protector que pot ser recorregut com un complement de la visita a la fortalesa, com veurem tot seguit.<\/p>\t\t\t\t\t\t\t\t<\/div>\n\t\t\t\t<\/div>\n\t\t\t\t<div class=\"elementor-element elementor-element-82de231 elementor-widget elementor-widget-image\" data-id=\"82de231\" data-element_type=\"widget\" data-e-type=\"widget\" data-widget_type=\"image.default\">\n\t\t\t\t<div class=\"elementor-widget-container\">\n\t\t\t\t\t\t\t\t\t\t\t\t<figure class=\"wp-caption\">\n\t\t\t\t\t\t\t\t\t\t<img loading=\"lazy\" decoding=\"async\" width=\"768\" height=\"512\" src=\"https:\/\/www.elturistatranquil.com\/wp-content\/uploads\/F131-Puerta-de-Santiago-Cuellar-Segovia.jpg\" class=\"attachment-large size-large wp-image-53024\" alt=\"Puerta y torre de Santiago, Cuellar, Segovia\" srcset=\"https:\/\/www.elturistatranquil.com\/wp-content\/uploads\/F131-Puerta-de-Santiago-Cuellar-Segovia.jpg 768w, https:\/\/www.elturistatranquil.com\/wp-content\/uploads\/F131-Puerta-de-Santiago-Cuellar-Segovia-339x226.jpg 339w\" sizes=\"(max-width: 768px) 100vw, 768px\" \/>\t\t\t\t\t\t\t\t\t\t\t<figcaption class=\"widget-image-caption wp-caption-text\"><\/figcaption>\n\t\t\t\t\t\t\t\t\t\t<\/figure>\n\t\t\t\t\t\t\t\t\t<\/div>\n\t\t\t\t<\/div>\n\t\t\t\t<div class=\"elementor-element elementor-element-e46ee5b elementor-widget elementor-widget-image\" data-id=\"e46ee5b\" data-element_type=\"widget\" data-e-type=\"widget\" data-widget_type=\"image.default\">\n\t\t\t\t<div class=\"elementor-widget-container\">\n\t\t\t\t\t\t\t\t\t\t\t\t<figure class=\"wp-caption\">\n\t\t\t\t\t\t\t\t\t\t<img loading=\"lazy\" decoding=\"async\" width=\"768\" height=\"512\" src=\"https:\/\/www.elturistatranquil.com\/wp-content\/uploads\/F132-Murallas-de-Cuellar-Segovia.jpg\" class=\"attachment-large size-large wp-image-53026\" alt=\"Murallas de Cuellar, Segovia\" srcset=\"https:\/\/www.elturistatranquil.com\/wp-content\/uploads\/F132-Murallas-de-Cuellar-Segovia.jpg 768w, https:\/\/www.elturistatranquil.com\/wp-content\/uploads\/F132-Murallas-de-Cuellar-Segovia-339x226.jpg 339w\" sizes=\"(max-width: 768px) 100vw, 768px\" \/>\t\t\t\t\t\t\t\t\t\t\t<figcaption class=\"widget-image-caption wp-caption-text\"><\/figcaption>\n\t\t\t\t\t\t\t\t\t\t<\/figure>\n\t\t\t\t\t\t\t\t\t<\/div>\n\t\t\t\t<\/div>\n\t\t\t\t<div class=\"elementor-element elementor-element-59ce310 elementor-widget elementor-widget-heading\" data-id=\"59ce310\" data-element_type=\"widget\" data-e-type=\"widget\" data-widget_type=\"heading.default\">\n\t\t\t\t<div class=\"elementor-widget-container\">\n\t\t\t\t\t<h5 class=\"elementor-heading-title elementor-size-default\">Puerta de Las Cuevas<\/h5>\t\t\t\t<\/div>\n\t\t\t\t<\/div>\n\t\t\t\t<div class=\"elementor-element elementor-element-b4b9d55 elementor-widget elementor-widget-text-editor\" data-id=\"b4b9d55\" data-element_type=\"widget\" data-e-type=\"widget\" data-widget_type=\"text-editor.default\">\n\t\t\t\t<div class=\"elementor-widget-container\">\n\t\t\t\t\t\t\t\t\t<p>A uns 140 metres en direcci\u00f3 oest del llen\u00e7 de muralla del costat sud es troba la porta i la torre de Las Cuevas (<strong>P6<\/strong>. <strong>E7<\/strong>).<\/p><p>Aquesta porta, que actualment \u00e9s simplement un esvoranc rectangular, sense cap resta antiga, es va obrir en el moment en qu\u00e8 es va construir la tanca del segon recinte que parteix des d&#8217;aquest punt al seu bra\u00e7 sud. Aquest era un pas de comunicaci\u00f3 entre els dos recintes.<\/p><p>A la fotografia apreciem com el mur de l&#8217;esquerra, punt d&#8217;arrencada de la segona tanca, s&#8217;enfila amb la primera tanca, amb l\u2019obertura de pas entre recintes i la torre de protecci\u00f3 que s&#8217;al\u00e7a darrere.<\/p><p>Ocupa una posici\u00f3 sim\u00e8trica respecte al portell de la Juder\u00eda, amb la difer\u00e8ncia que aquesta porta de Las Cuevas permetia el pas de carros.<\/p>\t\t\t\t\t\t\t\t<\/div>\n\t\t\t\t<\/div>\n\t\t\t\t<div class=\"elementor-element elementor-element-d0646e7 elementor-widget elementor-widget-image\" data-id=\"d0646e7\" data-element_type=\"widget\" data-e-type=\"widget\" data-widget_type=\"image.default\">\n\t\t\t\t<div class=\"elementor-widget-container\">\n\t\t\t\t\t\t\t\t\t\t\t\t<figure class=\"wp-caption\">\n\t\t\t\t\t\t\t\t\t\t<img loading=\"lazy\" decoding=\"async\" width=\"768\" height=\"511\" src=\"https:\/\/www.elturistatranquil.com\/wp-content\/uploads\/F133-Puerta-de-Las-Cuevas-Cuellar-Segovia.jpg\" class=\"attachment-large size-large wp-image-53028\" alt=\"Puerta de Las Cuevas, Cuellar, Segovia\" srcset=\"https:\/\/www.elturistatranquil.com\/wp-content\/uploads\/F133-Puerta-de-Las-Cuevas-Cuellar-Segovia.jpg 768w, https:\/\/www.elturistatranquil.com\/wp-content\/uploads\/F133-Puerta-de-Las-Cuevas-Cuellar-Segovia-339x226.jpg 339w\" sizes=\"(max-width: 768px) 100vw, 768px\" \/>\t\t\t\t\t\t\t\t\t\t\t<figcaption class=\"widget-image-caption wp-caption-text\"><\/figcaption>\n\t\t\t\t\t\t\t\t\t\t<\/figure>\n\t\t\t\t\t\t\t\t\t<\/div>\n\t\t\t\t<\/div>\n\t\t\t\t<div class=\"elementor-element elementor-element-89eba29 elementor-widget elementor-widget-text-editor\" data-id=\"89eba29\" data-element_type=\"widget\" data-e-type=\"widget\" data-widget_type=\"text-editor.default\">\n\t\t\t\t<div class=\"elementor-widget-container\">\n\t\t\t\t\t\t\t\t\t<p>La torre de Las Cuevas (<strong>E7<\/strong>) \u00e9s una bestorre quadrangular que presenta la manca de mur interior als seus dos ter\u00e7os inferiors, encara que t\u00e9 coberta la gola.<\/p>\t\t\t\t\t\t\t\t<\/div>\n\t\t\t\t<\/div>\n\t\t\t\t<div class=\"elementor-element elementor-element-0cf1e2e elementor-widget elementor-widget-image\" data-id=\"0cf1e2e\" data-element_type=\"widget\" data-e-type=\"widget\" data-widget_type=\"image.default\">\n\t\t\t\t<div class=\"elementor-widget-container\">\n\t\t\t\t\t\t\t\t\t\t\t\t<figure class=\"wp-caption\">\n\t\t\t\t\t\t\t\t\t\t<img loading=\"lazy\" decoding=\"async\" width=\"768\" height=\"511\" src=\"https:\/\/www.elturistatranquil.com\/wp-content\/uploads\/F134-Torre-de-Las-Cuevas-Cuellar-Segovia.jpg\" class=\"attachment-large size-large wp-image-53030\" alt=\"Puerta de Las Cuevas, Cuellar, Segovia\" srcset=\"https:\/\/www.elturistatranquil.com\/wp-content\/uploads\/F134-Torre-de-Las-Cuevas-Cuellar-Segovia.jpg 768w, https:\/\/www.elturistatranquil.com\/wp-content\/uploads\/F134-Torre-de-Las-Cuevas-Cuellar-Segovia-339x226.jpg 339w\" sizes=\"(max-width: 768px) 100vw, 768px\" \/>\t\t\t\t\t\t\t\t\t\t\t<figcaption class=\"widget-image-caption wp-caption-text\"><\/figcaption>\n\t\t\t\t\t\t\t\t\t\t<\/figure>\n\t\t\t\t\t\t\t\t\t<\/div>\n\t\t\t\t<\/div>\n\t\t\t\t<div class=\"elementor-element elementor-element-26aea8a elementor-widget elementor-widget-text-editor\" data-id=\"26aea8a\" data-element_type=\"widget\" data-e-type=\"widget\" data-widget_type=\"text-editor.default\">\n\t\t\t\t<div class=\"elementor-widget-container\">\n\t\t\t\t\t\t\t\t\t<p>Si ens situem al capdamunt del cam\u00ed de ronda, en aquest punt del recorregut a la porta de Las Cuevas, podem observar la panor\u00e0mica que es domina sobre l&#8217;interior de les viles i sobre els voltants fins a la llunyania.<\/p><p>Al parell de fotografies seg\u00fcents es mostra el recorregut del mur i el cam\u00ed de ronda cap a llevant, que porta fins a la torre de Santiago, i a l&#8217;altra, el mateix tram vist des de la torre de Santiago amb la torre de Las Cuevas al fons.<\/p>\t\t\t\t\t\t\t\t<\/div>\n\t\t\t\t<\/div>\n\t\t\t\t<section class=\"elementor-section elementor-inner-section elementor-element elementor-element-89c9539 elementor-section-boxed elementor-section-height-default elementor-section-height-default\" data-id=\"89c9539\" data-element_type=\"section\" data-e-type=\"section\">\n\t\t\t\t\t\t<div class=\"elementor-container elementor-column-gap-default\">\n\t\t\t\t\t<div class=\"elementor-column elementor-col-50 elementor-inner-column elementor-element elementor-element-04dcbb8\" data-id=\"04dcbb8\" data-element_type=\"column\" data-e-type=\"column\">\n\t\t\t<div class=\"elementor-widget-wrap elementor-element-populated\">\n\t\t\t\t\t\t<div class=\"elementor-element elementor-element-d1fd52c elementor-widget elementor-widget-image\" data-id=\"d1fd52c\" data-element_type=\"widget\" data-e-type=\"widget\" data-widget_type=\"image.default\">\n\t\t\t\t<div class=\"elementor-widget-container\">\n\t\t\t\t\t\t\t\t\t\t\t\t\t\t\t<img loading=\"lazy\" decoding=\"async\" width=\"380\" height=\"570\" src=\"https:\/\/www.elturistatranquil.com\/wp-content\/uploads\/F135m-Murallas-de-Cuellar-Segovia.jpg\" class=\"attachment-large size-large wp-image-53032\" alt=\"Murallas de Cuellar, Segovia\" srcset=\"https:\/\/www.elturistatranquil.com\/wp-content\/uploads\/F135m-Murallas-de-Cuellar-Segovia.jpg 380w, https:\/\/www.elturistatranquil.com\/wp-content\/uploads\/F135m-Murallas-de-Cuellar-Segovia-151x226.jpg 151w\" sizes=\"(max-width: 380px) 100vw, 380px\" \/>\t\t\t\t\t\t\t\t\t\t\t\t\t\t\t<\/div>\n\t\t\t\t<\/div>\n\t\t\t\t\t<\/div>\n\t\t<\/div>\n\t\t\t\t<div class=\"elementor-column elementor-col-50 elementor-inner-column elementor-element elementor-element-a854b13\" data-id=\"a854b13\" data-element_type=\"column\" data-e-type=\"column\">\n\t\t\t<div class=\"elementor-widget-wrap elementor-element-populated\">\n\t\t\t\t\t\t<div class=\"elementor-element elementor-element-17026c3 elementor-widget elementor-widget-image\" data-id=\"17026c3\" data-element_type=\"widget\" data-e-type=\"widget\" data-widget_type=\"image.default\">\n\t\t\t\t<div class=\"elementor-widget-container\">\n\t\t\t\t\t\t\t\t\t\t\t\t\t\t\t<img loading=\"lazy\" decoding=\"async\" width=\"380\" height=\"570\" src=\"https:\/\/www.elturistatranquil.com\/wp-content\/uploads\/F135n-Murallas-de-Cuellar-Segovia.jpg\" class=\"attachment-large size-large wp-image-53034\" alt=\"Murallas de Cuellar, Segovia\" srcset=\"https:\/\/www.elturistatranquil.com\/wp-content\/uploads\/F135n-Murallas-de-Cuellar-Segovia.jpg 380w, https:\/\/www.elturistatranquil.com\/wp-content\/uploads\/F135n-Murallas-de-Cuellar-Segovia-151x226.jpg 151w\" sizes=\"(max-width: 380px) 100vw, 380px\" \/>\t\t\t\t\t\t\t\t\t\t\t\t\t\t\t<\/div>\n\t\t\t\t<\/div>\n\t\t\t\t\t<\/div>\n\t\t<\/div>\n\t\t\t\t\t<\/div>\n\t\t<\/section>\n\t\t\t\t<div class=\"elementor-element elementor-element-4f3007d elementor-widget elementor-widget-text-editor\" data-id=\"4f3007d\" data-element_type=\"widget\" data-e-type=\"widget\" data-widget_type=\"text-editor.default\">\n\t\t\t\t<div class=\"elementor-widget-container\">\n\t\t\t\t\t\t\t\t\t<p>\u00a0<\/p><p>Prenem aquest punt de la muralla per observar les panor\u00e0miques que ens ofereix, semblants a les de la torre de Santiago.<\/p>\t\t\t\t\t\t\t\t<\/div>\n\t\t\t\t<\/div>\n\t\t\t\t<div class=\"elementor-element elementor-element-85657e2 elementor-widget elementor-widget-image\" data-id=\"85657e2\" data-element_type=\"widget\" data-e-type=\"widget\" data-widget_type=\"image.default\">\n\t\t\t\t<div class=\"elementor-widget-container\">\n\t\t\t\t\t\t\t\t\t\t\t\t<figure class=\"wp-caption\">\n\t\t\t\t\t\t\t\t\t\t<img loading=\"lazy\" decoding=\"async\" width=\"768\" height=\"512\" src=\"https:\/\/www.elturistatranquil.com\/wp-content\/uploads\/F136-Torre-de-Las-Cuevas-Cuellar-Segovia.jpg\" class=\"attachment-large size-large wp-image-53039\" alt=\"Torre de Las Cuevas, Cuellar, Segovia\" srcset=\"https:\/\/www.elturistatranquil.com\/wp-content\/uploads\/F136-Torre-de-Las-Cuevas-Cuellar-Segovia.jpg 768w, https:\/\/www.elturistatranquil.com\/wp-content\/uploads\/F136-Torre-de-Las-Cuevas-Cuellar-Segovia-339x226.jpg 339w\" sizes=\"(max-width: 768px) 100vw, 768px\" \/>\t\t\t\t\t\t\t\t\t\t\t<figcaption class=\"widget-image-caption wp-caption-text\"><\/figcaption>\n\t\t\t\t\t\t\t\t\t\t<\/figure>\n\t\t\t\t\t\t\t\t\t<\/div>\n\t\t\t\t<\/div>\n\t\t\t\t<section class=\"elementor-section elementor-inner-section elementor-element elementor-element-83b6c92 elementor-section-boxed elementor-section-height-default elementor-section-height-default\" data-id=\"83b6c92\" data-element_type=\"section\" data-e-type=\"section\">\n\t\t\t\t\t\t<div class=\"elementor-container elementor-column-gap-default\">\n\t\t\t\t\t<div class=\"elementor-column elementor-col-50 elementor-inner-column elementor-element elementor-element-cc7c52b\" data-id=\"cc7c52b\" data-element_type=\"column\" data-e-type=\"column\">\n\t\t\t<div class=\"elementor-widget-wrap elementor-element-populated\">\n\t\t\t\t\t\t<div class=\"elementor-element elementor-element-779bc86 elementor-widget elementor-widget-image\" data-id=\"779bc86\" data-element_type=\"widget\" data-e-type=\"widget\" data-widget_type=\"image.default\">\n\t\t\t\t<div class=\"elementor-widget-container\">\n\t\t\t\t\t\t\t\t\t\t\t\t<figure class=\"wp-caption\">\n\t\t\t\t\t\t\t\t\t\t<img loading=\"lazy\" decoding=\"async\" width=\"380\" height=\"570\" src=\"https:\/\/www.elturistatranquil.com\/wp-content\/uploads\/F137m-Iglesia-de-San-Esteban-Cuellar-Segovia.jpg\" class=\"attachment-large size-large wp-image-53041\" alt=\"Iglesia de San Esteban, Cuellar, Segovia\" srcset=\"https:\/\/www.elturistatranquil.com\/wp-content\/uploads\/F137m-Iglesia-de-San-Esteban-Cuellar-Segovia.jpg 380w, https:\/\/www.elturistatranquil.com\/wp-content\/uploads\/F137m-Iglesia-de-San-Esteban-Cuellar-Segovia-151x226.jpg 151w\" sizes=\"(max-width: 380px) 100vw, 380px\" \/>\t\t\t\t\t\t\t\t\t\t\t<figcaption class=\"widget-image-caption wp-caption-text\">Esgl\u00e9sia de San Esteban al segon recinte<\/figcaption>\n\t\t\t\t\t\t\t\t\t\t<\/figure>\n\t\t\t\t\t\t\t\t\t<\/div>\n\t\t\t\t<\/div>\n\t\t\t\t\t<\/div>\n\t\t<\/div>\n\t\t\t\t<div class=\"elementor-column elementor-col-50 elementor-inner-column elementor-element elementor-element-29c7ed1\" data-id=\"29c7ed1\" data-element_type=\"column\" data-e-type=\"column\">\n\t\t\t<div class=\"elementor-widget-wrap elementor-element-populated\">\n\t\t\t\t\t\t<div class=\"elementor-element elementor-element-c0bc897 elementor-widget elementor-widget-image\" data-id=\"c0bc897\" data-element_type=\"widget\" data-e-type=\"widget\" data-widget_type=\"image.default\">\n\t\t\t\t<div class=\"elementor-widget-container\">\n\t\t\t\t\t\t\t\t\t\t\t\t<figure class=\"wp-caption\">\n\t\t\t\t\t\t\t\t\t\t<img loading=\"lazy\" decoding=\"async\" width=\"380\" height=\"570\" src=\"https:\/\/www.elturistatranquil.com\/wp-content\/uploads\/F137n-Muralles-de-Cuellar-Segovia-Ig-San-Miguel.jpg\" class=\"attachment-large size-large wp-image-53045\" alt=\"Muralles de Cuellar, Segovia, Ig San Miguel\" srcset=\"https:\/\/www.elturistatranquil.com\/wp-content\/uploads\/F137n-Muralles-de-Cuellar-Segovia-Ig-San-Miguel.jpg 380w, https:\/\/www.elturistatranquil.com\/wp-content\/uploads\/F137n-Muralles-de-Cuellar-Segovia-Ig-San-Miguel-151x226.jpg 151w\" sizes=\"(max-width: 380px) 100vw, 380px\" \/>\t\t\t\t\t\t\t\t\t\t\t<figcaption class=\"widget-image-caption wp-caption-text\">Esgl\u00e9sia de San Miquel al segon recinte<\/figcaption>\n\t\t\t\t\t\t\t\t\t\t<\/figure>\n\t\t\t\t\t\t\t\t\t<\/div>\n\t\t\t\t<\/div>\n\t\t\t\t\t<\/div>\n\t\t<\/div>\n\t\t\t\t\t<\/div>\n\t\t<\/section>\n\t\t\t\t<section class=\"elementor-section elementor-inner-section elementor-element elementor-element-95b4667 elementor-section-boxed elementor-section-height-default elementor-section-height-default\" data-id=\"95b4667\" data-element_type=\"section\" data-e-type=\"section\">\n\t\t\t\t\t\t<div class=\"elementor-container elementor-column-gap-default\">\n\t\t\t\t\t<div class=\"elementor-column elementor-col-50 elementor-inner-column elementor-element elementor-element-d13c933\" data-id=\"d13c933\" data-element_type=\"column\" data-e-type=\"column\">\n\t\t\t<div class=\"elementor-widget-wrap elementor-element-populated\">\n\t\t\t\t\t\t<div class=\"elementor-element elementor-element-716fdc6 elementor-widget elementor-widget-image\" data-id=\"716fdc6\" data-element_type=\"widget\" data-e-type=\"widget\" data-widget_type=\"image.default\">\n\t\t\t\t<div class=\"elementor-widget-container\">\n\t\t\t\t\t\t\t\t\t\t\t\t<figure class=\"wp-caption\">\n\t\t\t\t\t\t\t\t\t\t<img loading=\"lazy\" decoding=\"async\" width=\"380\" height=\"570\" src=\"https:\/\/www.elturistatranquil.com\/wp-content\/uploads\/F137o-Muralles-de-Cuellar-Segovia-Ig-Sta-Marina-davant-Ig-S-Pedro-darrera-2.jpg\" class=\"attachment-large size-large wp-image-53058\" alt=\"Muralles de Cuellar, Segovia, Ig Sta Marina davant Ig S Pedro darrera\" srcset=\"https:\/\/www.elturistatranquil.com\/wp-content\/uploads\/F137o-Muralles-de-Cuellar-Segovia-Ig-Sta-Marina-davant-Ig-S-Pedro-darrera-2.jpg 380w, https:\/\/www.elturistatranquil.com\/wp-content\/uploads\/F137o-Muralles-de-Cuellar-Segovia-Ig-Sta-Marina-davant-Ig-S-Pedro-darrera-2-151x226.jpg 151w\" sizes=\"(max-width: 380px) 100vw, 380px\" \/>\t\t\t\t\t\t\t\t\t\t\t<figcaption class=\"widget-image-caption wp-caption-text\">Esgl\u00e9sia de Santa Marina, extramurs, i darrere l'esgl\u00e9sia de San Pedro, sobre la segona muralla<\/figcaption>\n\t\t\t\t\t\t\t\t\t\t<\/figure>\n\t\t\t\t\t\t\t\t\t<\/div>\n\t\t\t\t<\/div>\n\t\t\t\t\t<\/div>\n\t\t<\/div>\n\t\t\t\t<div class=\"elementor-column elementor-col-50 elementor-inner-column elementor-element elementor-element-b3e5e02\" data-id=\"b3e5e02\" data-element_type=\"column\" data-e-type=\"column\">\n\t\t\t<div class=\"elementor-widget-wrap elementor-element-populated\">\n\t\t\t\t\t\t<div class=\"elementor-element elementor-element-f1375c6 elementor-widget elementor-widget-image\" data-id=\"f1375c6\" data-element_type=\"widget\" data-e-type=\"widget\" data-widget_type=\"image.default\">\n\t\t\t\t<div class=\"elementor-widget-container\">\n\t\t\t\t\t\t\t\t\t\t\t\t<figure class=\"wp-caption\">\n\t\t\t\t\t\t\t\t\t\t<img loading=\"lazy\" decoding=\"async\" width=\"380\" height=\"570\" src=\"https:\/\/www.elturistatranquil.com\/wp-content\/uploads\/F137p-Muralles-de-Cuellar-Segovia-Ig-Sta-Maria-de-la-Cuesta-i-del-Salvador-ezquerra-1.jpg\" class=\"attachment-large size-large wp-image-53054\" alt=\"Muralles de Cuellar, Segovia, Ig Sta Maria de la Cuesta i del Salvador ezquerra\" srcset=\"https:\/\/www.elturistatranquil.com\/wp-content\/uploads\/F137p-Muralles-de-Cuellar-Segovia-Ig-Sta-Maria-de-la-Cuesta-i-del-Salvador-ezquerra-1.jpg 380w, https:\/\/www.elturistatranquil.com\/wp-content\/uploads\/F137p-Muralles-de-Cuellar-Segovia-Ig-Sta-Maria-de-la-Cuesta-i-del-Salvador-ezquerra-1-151x226.jpg 151w\" sizes=\"(max-width: 380px) 100vw, 380px\" \/>\t\t\t\t\t\t\t\t\t\t\t<figcaption class=\"widget-image-caption wp-caption-text\">Torres de les esgl\u00e9sies de Santa Maria de la Cuesta al centre i del Salvador a l'esquerra, situades extramurs; pinedes i serra de Guadarrama al fons<\/figcaption>\n\t\t\t\t\t\t\t\t\t\t<\/figure>\n\t\t\t\t\t\t\t\t\t<\/div>\n\t\t\t\t<\/div>\n\t\t\t\t\t<\/div>\n\t\t<\/div>\n\t\t\t\t\t<\/div>\n\t\t<\/section>\n\t\t\t\t<div class=\"elementor-element elementor-element-93c0567 elementor-widget elementor-widget-text-editor\" data-id=\"93c0567\" data-element_type=\"widget\" data-e-type=\"widget\" data-widget_type=\"text-editor.default\">\n\t\t\t\t<div class=\"elementor-widget-container\">\n\t\t\t\t\t\t\t\t\t<p>\u00a0<\/p><p>A partir d\u00b4aqu\u00ed segueix el llen\u00e7 de la primera muralla cap a ponent en un tra\u00e7at continu, sense cap torre fins a la porta de la torre de l\u00b4homenatge (<strong>P1<\/strong>).<\/p><p>Visi\u00f3 des de la torre de la Cueva cap a ponent.<\/p>\t\t\t\t\t\t\t\t<\/div>\n\t\t\t\t<\/div>\n\t\t\t\t<div class=\"elementor-element elementor-element-135b0fa elementor-widget elementor-widget-image\" data-id=\"135b0fa\" data-element_type=\"widget\" data-e-type=\"widget\" data-widget_type=\"image.default\">\n\t\t\t\t<div class=\"elementor-widget-container\">\n\t\t\t\t\t\t\t\t\t\t\t\t<figure class=\"wp-caption\">\n\t\t\t\t\t\t\t\t\t\t<img loading=\"lazy\" decoding=\"async\" width=\"768\" height=\"511\" src=\"https:\/\/www.elturistatranquil.com\/wp-content\/uploads\/F138-Murallas-de-Cuellar-Segovia.jpg\" class=\"attachment-large size-large wp-image-53063\" alt=\"Murallas de Cuellar, Segovia\" srcset=\"https:\/\/www.elturistatranquil.com\/wp-content\/uploads\/F138-Murallas-de-Cuellar-Segovia.jpg 768w, https:\/\/www.elturistatranquil.com\/wp-content\/uploads\/F138-Murallas-de-Cuellar-Segovia-339x226.jpg 339w\" sizes=\"(max-width: 768px) 100vw, 768px\" \/>\t\t\t\t\t\t\t\t\t\t\t<figcaption class=\"widget-image-caption wp-caption-text\"><\/figcaption>\n\t\t\t\t\t\t\t\t\t\t<\/figure>\n\t\t\t\t\t\t\t\t\t<\/div>\n\t\t\t\t<\/div>\n\t\t\t\t<div class=\"elementor-element elementor-element-78cb55d elementor-widget elementor-widget-heading\" data-id=\"78cb55d\" data-element_type=\"widget\" data-e-type=\"widget\" data-widget_type=\"heading.default\">\n\t\t\t\t<div class=\"elementor-widget-container\">\n\t\t\t\t\t<h5 class=\"elementor-heading-title elementor-size-default\">Portell de la Huerta del Duque<\/h5>\t\t\t\t<\/div>\n\t\t\t\t<\/div>\n\t\t\t\t<div class=\"elementor-element elementor-element-07a7ced elementor-widget elementor-widget-text-editor\" data-id=\"07a7ced\" data-element_type=\"widget\" data-e-type=\"widget\" data-widget_type=\"text-editor.default\">\n\t\t\t\t<div class=\"elementor-widget-container\">\n\t\t\t\t\t\t\t\t\t<p>En aquest llarg llen\u00e7, a uns vuitanta metres cap a l&#8217;oest de la porta de Las Cuevas, s&#8217;obre un pas, avui dia anomenat portell de la Huerta del Duque (<strong>P7<\/strong>), que connectava a l&#8217;antic barri de San Mart\u00edn del primer recinte amb les hortes de l&#8217;exterior de les muralles.<\/p><p>Despr\u00e9s de la construcci\u00f3 de l&#8217;avantmuralla per \u00c1lvaro de Luna al segle XV \u00e9s possible que aquest acc\u00e9s serv\u00eds d&#8217;acc\u00e9s a la lli\u00e7a.<\/p><p>El portell va estar tapiat fins que es va descobrir durant la restauraci\u00f3 del 1990, i va ser reconstru\u00eft amb un arc de mig punt d&#8217;estil neomoz\u00e0rab.<\/p>\t\t\t\t\t\t\t\t<\/div>\n\t\t\t\t<\/div>\n\t\t\t\t<div class=\"elementor-element elementor-element-68cb9b5 elementor-widget elementor-widget-image\" data-id=\"68cb9b5\" data-element_type=\"widget\" data-e-type=\"widget\" data-widget_type=\"image.default\">\n\t\t\t\t<div class=\"elementor-widget-container\">\n\t\t\t\t\t\t\t\t\t\t\t\t<figure class=\"wp-caption\">\n\t\t\t\t\t\t\t\t\t\t<img loading=\"lazy\" decoding=\"async\" width=\"768\" height=\"512\" src=\"https:\/\/www.elturistatranquil.com\/wp-content\/uploads\/F139-Murallas-de-Cuellar-Segovia.jpg\" class=\"attachment-large size-large wp-image-53065\" alt=\"Murallas de Cuellar, Segovia\" srcset=\"https:\/\/www.elturistatranquil.com\/wp-content\/uploads\/F139-Murallas-de-Cuellar-Segovia.jpg 768w, https:\/\/www.elturistatranquil.com\/wp-content\/uploads\/F139-Murallas-de-Cuellar-Segovia-339x226.jpg 339w\" sizes=\"(max-width: 768px) 100vw, 768px\" \/>\t\t\t\t\t\t\t\t\t\t\t<figcaption class=\"widget-image-caption wp-caption-text\"><\/figcaption>\n\t\t\t\t\t\t\t\t\t\t<\/figure>\n\t\t\t\t\t\t\t\t\t<\/div>\n\t\t\t\t<\/div>\n\t\t\t\t<div class=\"elementor-element elementor-element-a860347 elementor-widget elementor-widget-image\" data-id=\"a860347\" data-element_type=\"widget\" data-e-type=\"widget\" data-widget_type=\"image.default\">\n\t\t\t\t<div class=\"elementor-widget-container\">\n\t\t\t\t\t\t\t\t\t\t\t\t<figure class=\"wp-caption\">\n\t\t\t\t\t\t\t\t\t\t<img loading=\"lazy\" decoding=\"async\" width=\"768\" height=\"512\" src=\"https:\/\/www.elturistatranquil.com\/wp-content\/uploads\/F141-Portilla-de-la-Huerta-del-Duque-Cuellar-Segovia.jpg\" class=\"attachment-large size-large wp-image-53067\" alt=\"Portilla de la Huerta del Duque, Cuellar, Segovia\" srcset=\"https:\/\/www.elturistatranquil.com\/wp-content\/uploads\/F141-Portilla-de-la-Huerta-del-Duque-Cuellar-Segovia.jpg 768w, https:\/\/www.elturistatranquil.com\/wp-content\/uploads\/F141-Portilla-de-la-Huerta-del-Duque-Cuellar-Segovia-339x226.jpg 339w\" sizes=\"(max-width: 768px) 100vw, 768px\" \/>\t\t\t\t\t\t\t\t\t\t\t<figcaption class=\"widget-image-caption wp-caption-text\"><\/figcaption>\n\t\t\t\t\t\t\t\t\t\t<\/figure>\n\t\t\t\t\t\t\t\t\t<\/div>\n\t\t\t\t<\/div>\n\t\t\t\t<div class=\"elementor-element elementor-element-5ac3227 elementor-widget elementor-widget-text-editor\" data-id=\"5ac3227\" data-element_type=\"widget\" data-e-type=\"widget\" data-widget_type=\"text-editor.default\">\n\t\t\t\t<div class=\"elementor-widget-container\">\n\t\t\t\t\t\t\t\t\t<p>Des de la torre de Las Cuevas s&#8217;aprecia el recorregut de tot aquest llen\u00e7 fins a empalmar amb el castell als peus de la torre de l&#8217;homenatge (<strong>P1<\/strong>).<\/p><p>A les dues fotografies doble perspectiva d&#8217;aquest tram per l&#8217;exterior i per l&#8217;interior del recinte. A la imatge a la dreta la torre de l&#8217;esgl\u00e9sia de San Mart\u00edn, al bell mig de l&#8217;esplanada. \u00c9s l\u00b4\u00fanica esgl\u00e9sia que queda dins del primer recinte.<\/p>\t\t\t\t\t\t\t\t<\/div>\n\t\t\t\t<\/div>\n\t\t\t\t<div class=\"elementor-element elementor-element-8f556d9 elementor-widget elementor-widget-image\" data-id=\"8f556d9\" data-element_type=\"widget\" data-e-type=\"widget\" data-widget_type=\"image.default\">\n\t\t\t\t<div class=\"elementor-widget-container\">\n\t\t\t\t\t\t\t\t\t\t\t\t<figure class=\"wp-caption\">\n\t\t\t\t\t\t\t\t\t\t<img loading=\"lazy\" decoding=\"async\" width=\"768\" height=\"512\" src=\"https:\/\/www.elturistatranquil.com\/wp-content\/uploads\/F142-Murallas-de-Cuellar-Segovia.jpg\" class=\"attachment-large size-large wp-image-53069\" alt=\"Murallas de Cuellar, Segovia\" srcset=\"https:\/\/www.elturistatranquil.com\/wp-content\/uploads\/F142-Murallas-de-Cuellar-Segovia.jpg 768w, https:\/\/www.elturistatranquil.com\/wp-content\/uploads\/F142-Murallas-de-Cuellar-Segovia-339x226.jpg 339w\" sizes=\"(max-width: 768px) 100vw, 768px\" \/>\t\t\t\t\t\t\t\t\t\t\t<figcaption class=\"widget-image-caption wp-caption-text\"><\/figcaption>\n\t\t\t\t\t\t\t\t\t\t<\/figure>\n\t\t\t\t\t\t\t\t\t<\/div>\n\t\t\t\t<\/div>\n\t\t\t\t<div class=\"elementor-element elementor-element-1c0a2d8 elementor-widget elementor-widget-image\" data-id=\"1c0a2d8\" data-element_type=\"widget\" data-e-type=\"widget\" data-widget_type=\"image.default\">\n\t\t\t\t<div class=\"elementor-widget-container\">\n\t\t\t\t\t\t\t\t\t\t\t\t<figure class=\"wp-caption\">\n\t\t\t\t\t\t\t\t\t\t<img loading=\"lazy\" decoding=\"async\" width=\"768\" height=\"512\" src=\"https:\/\/www.elturistatranquil.com\/wp-content\/uploads\/F143-Murallas-de-Cuellar-Segovia.jpg\" class=\"attachment-large size-large wp-image-53071\" alt=\"Murallas de Cuellar, Segovia\" srcset=\"https:\/\/www.elturistatranquil.com\/wp-content\/uploads\/F143-Murallas-de-Cuellar-Segovia.jpg 768w, https:\/\/www.elturistatranquil.com\/wp-content\/uploads\/F143-Murallas-de-Cuellar-Segovia-339x226.jpg 339w\" sizes=\"(max-width: 768px) 100vw, 768px\" \/>\t\t\t\t\t\t\t\t\t\t\t<figcaption class=\"widget-image-caption wp-caption-text\"><\/figcaption>\n\t\t\t\t\t\t\t\t\t\t<\/figure>\n\t\t\t\t\t\t\t\t\t<\/div>\n\t\t\t\t<\/div>\n\t\t\t\t<div class=\"elementor-element elementor-element-98fe3cc elementor-widget elementor-widget-heading\" data-id=\"98fe3cc\" data-element_type=\"widget\" data-e-type=\"widget\" data-widget_type=\"heading.default\">\n\t\t\t\t<div class=\"elementor-widget-container\">\n\t\t\t\t\t<h5 class=\"elementor-heading-title elementor-size-default\">Porta de la Torre del homenaje<\/h5>\t\t\t\t<\/div>\n\t\t\t\t<\/div>\n\t\t\t\t<div class=\"elementor-element elementor-element-ed63451 elementor-widget elementor-widget-text-editor\" data-id=\"ed63451\" data-element_type=\"widget\" data-e-type=\"widget\" data-widget_type=\"text-editor.default\">\n\t\t\t\t<div class=\"elementor-widget-container\">\n\t\t\t\t\t\t\t\t\t<p>El final del recorregut mena a la porta de la Torre del homenaje (<strong>P1<\/strong>), una de les tres portes inicials que donava entrada pel sud-oest.<\/p><p>La tanca acaba a l&#8217;angle exterior de la porta de la Torre del homenaje.<\/p><p>No insistir\u00e9 en aquesta porta que ja ha estat presentada en tractar el castell. Nom\u00e9s recordar que era una de les tres que tenia el primer recinte, per la qual s&#8217;entrava des del sud-oest, alhora que era entrada al castell i que, amb la construcci\u00f3 de la lli\u00e7a exterior al segle XV, va quedar reservada exclusivament per accedir-hi al castell.<\/p><p>La porta oberta a la tanca va haver de construir-se en el moment en qu\u00e8 es va ubicar en aquest lloc una capella al segle XVIII.<\/p>\t\t\t\t\t\t\t\t<\/div>\n\t\t\t\t<\/div>\n\t\t\t\t<div class=\"elementor-element elementor-element-8300dd7 elementor-widget elementor-widget-image\" data-id=\"8300dd7\" data-element_type=\"widget\" data-e-type=\"widget\" data-widget_type=\"image.default\">\n\t\t\t\t<div class=\"elementor-widget-container\">\n\t\t\t\t\t\t\t\t\t\t\t\t<figure class=\"wp-caption\">\n\t\t\t\t\t\t\t\t\t\t<img loading=\"lazy\" decoding=\"async\" width=\"768\" height=\"512\" src=\"https:\/\/www.elturistatranquil.com\/wp-content\/uploads\/F57-Castillo-de-Cuellar-Segovia.jpg\" class=\"attachment-large size-large wp-image-52850\" alt=\"Castillo de Cuellar, Segovia\" srcset=\"https:\/\/www.elturistatranquil.com\/wp-content\/uploads\/F57-Castillo-de-Cuellar-Segovia.jpg 768w, https:\/\/www.elturistatranquil.com\/wp-content\/uploads\/F57-Castillo-de-Cuellar-Segovia-339x226.jpg 339w\" sizes=\"(max-width: 768px) 100vw, 768px\" \/>\t\t\t\t\t\t\t\t\t\t\t<figcaption class=\"widget-image-caption wp-caption-text\"><\/figcaption>\n\t\t\t\t\t\t\t\t\t\t<\/figure>\n\t\t\t\t\t\t\t\t\t<\/div>\n\t\t\t\t<\/div>\n\t\t\t\t<div class=\"elementor-element elementor-element-7e0cfe5 elementor-widget elementor-widget-text-editor\" data-id=\"7e0cfe5\" data-element_type=\"widget\" data-e-type=\"widget\" data-widget_type=\"text-editor.default\">\n\t\t\t\t<div class=\"elementor-widget-container\">\n\t\t\t\t\t\t\t\t\t<p>Amb la darrera reconstrucci\u00f3, s&#8217;ha obert un pas cap al parc de la Huerta del Duque, a continuaci\u00f3 del que hauria de ser el fossat exterior del castell.<\/p>\t\t\t\t\t\t\t\t<\/div>\n\t\t\t\t<\/div>\n\t\t\t\t<div class=\"elementor-element elementor-element-c7d9311 elementor-widget elementor-widget-heading\" data-id=\"c7d9311\" data-element_type=\"widget\" data-e-type=\"widget\" data-widget_type=\"heading.default\">\n\t\t\t\t<div class=\"elementor-widget-container\">\n\t\t\t\t\t<h3 class=\"elementor-heading-title elementor-size-default\">La muralla i portes del segon recinte<\/h3>\t\t\t\t<\/div>\n\t\t\t\t<\/div>\n\t\t\t\t<div class=\"elementor-element elementor-element-d555630 elementor-widget elementor-widget-text-editor\" data-id=\"d555630\" data-element_type=\"widget\" data-e-type=\"widget\" data-widget_type=\"text-editor.default\">\n\t\t\t\t<div class=\"elementor-widget-container\">\n\t\t\t\t\t\t\t\t\t<p>Aix\u00ed com del primer recinte es conserven o s&#8217;han reconstru\u00eft totes les portes i gran part de la muralla, del segon recinte queden drets molts menys vestigis de la tanca i portes, havent arribat fins a l&#8217;actualitat \u00fanicament les portes de San Andr\u00e9s (<strong>P11<\/strong>) i el portell de la Alh\u00f3ndiga (<strong>P12<\/strong>) al costat nord i la porta del Ex\u00e0ngel (<strong>P15<\/strong>) al costat sud.<\/p>\t\t\t\t\t\t\t\t<\/div>\n\t\t\t\t<\/div>\n\t\t\t\t<div class=\"elementor-element elementor-element-52bce7b elementor-widget elementor-widget-heading\" data-id=\"52bce7b\" data-element_type=\"widget\" data-e-type=\"widget\" data-widget_type=\"heading.default\">\n\t\t\t\t<div class=\"elementor-widget-container\">\n\t\t\t\t\t<h5 class=\"elementor-heading-title elementor-size-default\">Inici de la segona tanca i porta de San Andr\u00e9s<\/h5>\t\t\t\t<\/div>\n\t\t\t\t<\/div>\n\t\t\t\t<div class=\"elementor-element elementor-element-536375f elementor-widget elementor-widget-text-editor\" data-id=\"536375f\" data-element_type=\"widget\" data-e-type=\"widget\" data-widget_type=\"text-editor.default\">\n\t\t\t\t<div class=\"elementor-widget-container\">\n\t\t\t\t\t\t\t\t\t<p>La muralla del segon recinte, de poc m\u00e9s d&#8217;1 km, va des de la porta de la Juder\u00eda fins a la porta de Las Cuevas, pel costat de llevant de la vila.<\/p><p>Situem-nos al costat nord, al costat de la porta de la Juder\u00eda (<strong>P3<\/strong>). En el moment de la presentaci\u00f3 ja es va dir que de la brancal dreta de la porta s&#8217;iniciava el recorregut de la segona muralla.<\/p><p>El mur es dirigeix \u200b\u200bcap al nord formant un arc c\u00f2ncau. El mur no \u00e9s visible, inserit a les edificacions urbanes.<\/p><p>A uns 65 metres gira 90<sup>o<\/sup> en direcci\u00f3 a llevant. En aquest angle s\u2019obre la porta de San Andr\u00e9s (<strong>P10<\/strong>) que dona acc\u00e9s al segon recinte. La seva situaci\u00f3 era important al costat del cam\u00ed de Valladolid en direcci\u00f3 a Seg\u00f2via.<\/p><p>Era una porta amb buhedera i amb una torre defensiva a la cantonada, del que nom\u00e9s queda l&#8217;obertura exterior en forma d&#8217;arc lleugerament apuntada de carreu a la part superior, amb un alf\u00eds amb l&#8217;escut del Concejo de Cu\u00e9llar i restes de la torre .<\/p><p>\u00c9s una \u00e0mplia porta que permet el pas de carruatges.<\/p>\t\t\t\t\t\t\t\t<\/div>\n\t\t\t\t<\/div>\n\t\t\t\t<div class=\"elementor-element elementor-element-320c2f5 elementor-widget elementor-widget-image\" data-id=\"320c2f5\" data-element_type=\"widget\" data-e-type=\"widget\" data-widget_type=\"image.default\">\n\t\t\t\t<div class=\"elementor-widget-container\">\n\t\t\t\t\t\t\t\t\t\t\t\t<figure class=\"wp-caption\">\n\t\t\t\t\t\t\t\t\t\t<img loading=\"lazy\" decoding=\"async\" width=\"768\" height=\"512\" src=\"https:\/\/www.elturistatranquil.com\/wp-content\/uploads\/F146-Puerta-de-San-Andres-Cuellar-Segovia.jpg\" class=\"attachment-large size-large wp-image-53076\" alt=\"Puerta de San Andres, Cuellar, Segovia\" srcset=\"https:\/\/www.elturistatranquil.com\/wp-content\/uploads\/F146-Puerta-de-San-Andres-Cuellar-Segovia.jpg 768w, https:\/\/www.elturistatranquil.com\/wp-content\/uploads\/F146-Puerta-de-San-Andres-Cuellar-Segovia-339x226.jpg 339w\" sizes=\"(max-width: 768px) 100vw, 768px\" \/>\t\t\t\t\t\t\t\t\t\t\t<figcaption class=\"widget-image-caption wp-caption-text\"><\/figcaption>\n\t\t\t\t\t\t\t\t\t\t<\/figure>\n\t\t\t\t\t\t\t\t\t<\/div>\n\t\t\t\t<\/div>\n\t\t\t\t<div class=\"elementor-element elementor-element-f148bb5 elementor-widget elementor-widget-image\" data-id=\"f148bb5\" data-element_type=\"widget\" data-e-type=\"widget\" data-widget_type=\"image.default\">\n\t\t\t\t<div class=\"elementor-widget-container\">\n\t\t\t\t\t\t\t\t\t\t\t\t<figure class=\"wp-caption\">\n\t\t\t\t\t\t\t\t\t\t<img loading=\"lazy\" decoding=\"async\" width=\"768\" height=\"512\" src=\"https:\/\/www.elturistatranquil.com\/wp-content\/uploads\/F147-Puerta-de-San-Andres-Cuellar-Segovia.jpg\" class=\"attachment-large size-large wp-image-53078\" alt=\"Puerta de San Andres, Cuellar, Segovia\" srcset=\"https:\/\/www.elturistatranquil.com\/wp-content\/uploads\/F147-Puerta-de-San-Andres-Cuellar-Segovia.jpg 768w, https:\/\/www.elturistatranquil.com\/wp-content\/uploads\/F147-Puerta-de-San-Andres-Cuellar-Segovia-339x226.jpg 339w\" sizes=\"(max-width: 768px) 100vw, 768px\" \/>\t\t\t\t\t\t\t\t\t\t\t<figcaption class=\"widget-image-caption wp-caption-text\"><\/figcaption>\n\t\t\t\t\t\t\t\t\t\t<\/figure>\n\t\t\t\t\t\t\t\t\t<\/div>\n\t\t\t\t<\/div>\n\t\t\t\t<div class=\"elementor-element elementor-element-c4f5b48 elementor-widget elementor-widget-text-editor\" data-id=\"c4f5b48\" data-element_type=\"widget\" data-e-type=\"widget\" data-widget_type=\"text-editor.default\">\n\t\t\t\t<div class=\"elementor-widget-container\">\n\t\t\t\t\t\t\t\t\t<p>Recordem que tot el tra\u00e7at exterior murat estava protegit per una avantmuralla amb barbacanes i avantportes davant de cada entrada, com passava davant aquesta porta de San Andr\u00e9s, per\u00f2 sense que es conservi cap resta.<\/p><p>El llen\u00e7 d&#8217;aquesta segona muralla continua en direcci\u00f3 a llevant fins a la porta de Carchena (<strong>P12<\/strong>).<\/p><p>Com es pot observar a les fotografies, el mur ha estat molt aprofitat a la part interior per adossar-li un continu d&#8217;edificacions. En algunes s&#8217;han respectat elements defensius del cam\u00ed de ronda emmerletat, com ara troneres d&#8217;orbe i creu.<\/p>\t\t\t\t\t\t\t\t<\/div>\n\t\t\t\t<\/div>\n\t\t\t\t<div class=\"elementor-element elementor-element-5db6310 elementor-widget elementor-widget-image\" data-id=\"5db6310\" data-element_type=\"widget\" data-e-type=\"widget\" data-widget_type=\"image.default\">\n\t\t\t\t<div class=\"elementor-widget-container\">\n\t\t\t\t\t\t\t\t\t\t\t\t<figure class=\"wp-caption\">\n\t\t\t\t\t\t\t\t\t\t<img loading=\"lazy\" decoding=\"async\" width=\"768\" height=\"512\" src=\"https:\/\/www.elturistatranquil.com\/wp-content\/uploads\/F148-Murallas-de-Cuellar-Segovia.jpg\" class=\"attachment-large size-large wp-image-53080\" alt=\"Murallas de Cuellar, Segovia\" srcset=\"https:\/\/www.elturistatranquil.com\/wp-content\/uploads\/F148-Murallas-de-Cuellar-Segovia.jpg 768w, https:\/\/www.elturistatranquil.com\/wp-content\/uploads\/F148-Murallas-de-Cuellar-Segovia-339x226.jpg 339w\" sizes=\"(max-width: 768px) 100vw, 768px\" \/>\t\t\t\t\t\t\t\t\t\t\t<figcaption class=\"widget-image-caption wp-caption-text\"><\/figcaption>\n\t\t\t\t\t\t\t\t\t\t<\/figure>\n\t\t\t\t\t\t\t\t\t<\/div>\n\t\t\t\t<\/div>\n\t\t\t\t<div class=\"elementor-element elementor-element-abf969e elementor-widget elementor-widget-image\" data-id=\"abf969e\" data-element_type=\"widget\" data-e-type=\"widget\" data-widget_type=\"image.default\">\n\t\t\t\t<div class=\"elementor-widget-container\">\n\t\t\t\t\t\t\t\t\t\t\t\t<figure class=\"wp-caption\">\n\t\t\t\t\t\t\t\t\t\t<img loading=\"lazy\" decoding=\"async\" width=\"768\" height=\"512\" src=\"https:\/\/www.elturistatranquil.com\/wp-content\/uploads\/F149-Murallas-de-Cuellar-Segovia.jpg\" class=\"attachment-large size-large wp-image-53082\" alt=\"Murallas de Cuellar, Segovia\" srcset=\"https:\/\/www.elturistatranquil.com\/wp-content\/uploads\/F149-Murallas-de-Cuellar-Segovia.jpg 768w, https:\/\/www.elturistatranquil.com\/wp-content\/uploads\/F149-Murallas-de-Cuellar-Segovia-339x226.jpg 339w\" sizes=\"(max-width: 768px) 100vw, 768px\" \/>\t\t\t\t\t\t\t\t\t\t\t<figcaption class=\"widget-image-caption wp-caption-text\"><\/figcaption>\n\t\t\t\t\t\t\t\t\t\t<\/figure>\n\t\t\t\t\t\t\t\t\t<\/div>\n\t\t\t\t<\/div>\n\t\t\t\t<div class=\"elementor-element elementor-element-6512748 elementor-widget elementor-widget-text-editor\" data-id=\"6512748\" data-element_type=\"widget\" data-e-type=\"widget\" data-widget_type=\"text-editor.default\">\n\t\t\t\t<div class=\"elementor-widget-container\">\n\t\t\t\t\t\t\t\t\t<p>L&#8217;obra m\u00e9s important va ser l&#8217;hospital i l&#8217;esgl\u00e9sia de la Magdalena (<strong>I3<\/strong>). Dues plantes de l&#8217;hospital s&#8217;enlairen sobre la muralla. Una primera part en ru\u00efnes i la seg\u00fcent rehabilitada.<\/p>\t\t\t\t\t\t\t\t<\/div>\n\t\t\t\t<\/div>\n\t\t\t\t<div class=\"elementor-element elementor-element-373dea1 elementor-widget elementor-widget-image\" data-id=\"373dea1\" data-element_type=\"widget\" data-e-type=\"widget\" data-widget_type=\"image.default\">\n\t\t\t\t<div class=\"elementor-widget-container\">\n\t\t\t\t\t\t\t\t\t\t\t\t<figure class=\"wp-caption\">\n\t\t\t\t\t\t\t\t\t\t<img loading=\"lazy\" decoding=\"async\" width=\"768\" height=\"511\" src=\"https:\/\/www.elturistatranquil.com\/wp-content\/uploads\/F150-Murallas-de-Cuellar-Segovia.jpg\" class=\"attachment-large size-large wp-image-53087\" alt=\"Murallas de Cuellar, Segovia\" srcset=\"https:\/\/www.elturistatranquil.com\/wp-content\/uploads\/F150-Murallas-de-Cuellar-Segovia.jpg 768w, https:\/\/www.elturistatranquil.com\/wp-content\/uploads\/F150-Murallas-de-Cuellar-Segovia-339x226.jpg 339w\" sizes=\"(max-width: 768px) 100vw, 768px\" \/>\t\t\t\t\t\t\t\t\t\t\t<figcaption class=\"widget-image-caption wp-caption-text\"><\/figcaption>\n\t\t\t\t\t\t\t\t\t\t<\/figure>\n\t\t\t\t\t\t\t\t\t<\/div>\n\t\t\t\t<\/div>\n\t\t\t\t<div class=\"elementor-element elementor-element-d776563 elementor-widget elementor-widget-image\" data-id=\"d776563\" data-element_type=\"widget\" data-e-type=\"widget\" data-widget_type=\"image.default\">\n\t\t\t\t<div class=\"elementor-widget-container\">\n\t\t\t\t\t\t\t\t\t\t\t\t<figure class=\"wp-caption\">\n\t\t\t\t\t\t\t\t\t\t<img loading=\"lazy\" decoding=\"async\" width=\"768\" height=\"512\" src=\"https:\/\/www.elturistatranquil.com\/wp-content\/uploads\/F151-Portillo-de-la-Alhondiga-Cuellar-Segovia.jpg\" class=\"attachment-large size-large wp-image-53089\" alt=\"Portillo de la Alhondiga, Cuellar, Segovia\" srcset=\"https:\/\/www.elturistatranquil.com\/wp-content\/uploads\/F151-Portillo-de-la-Alhondiga-Cuellar-Segovia.jpg 768w, https:\/\/www.elturistatranquil.com\/wp-content\/uploads\/F151-Portillo-de-la-Alhondiga-Cuellar-Segovia-339x226.jpg 339w\" sizes=\"(max-width: 768px) 100vw, 768px\" \/>\t\t\t\t\t\t\t\t\t\t\t<figcaption class=\"widget-image-caption wp-caption-text\"><\/figcaption>\n\t\t\t\t\t\t\t\t\t\t<\/figure>\n\t\t\t\t\t\t\t\t\t<\/div>\n\t\t\t\t<\/div>\n\t\t\t\t<div class=\"elementor-element elementor-element-9323e05 elementor-widget elementor-widget-heading\" data-id=\"9323e05\" data-element_type=\"widget\" data-e-type=\"widget\" data-widget_type=\"heading.default\">\n\t\t\t\t<div class=\"elementor-widget-container\">\n\t\t\t\t\t<h5 class=\"elementor-heading-title elementor-size-default\">Portell de la Alh\u00f3ndiga<\/h5>\t\t\t\t<\/div>\n\t\t\t\t<\/div>\n\t\t\t\t<div class=\"elementor-element elementor-element-0d8ad18 elementor-widget elementor-widget-text-editor\" data-id=\"0d8ad18\" data-element_type=\"widget\" data-e-type=\"widget\" data-widget_type=\"text-editor.default\">\n\t\t\t\t<div class=\"elementor-widget-container\">\n\t\t\t\t\t\t\t\t\t<p>Al recorregut cap a la porta de Carchena (<strong>P12<\/strong>), a continuaci\u00f3 de l&#8217;Hospital de Santa Maria Magdalena, s&#8217;obre el portell de la Alh\u00f3ndiga (<strong>P11<\/strong>).<\/p><p>Per connectar directament extramurs amb la Alh\u00f3ndiga, es va obrir el portell de la Alh\u00f3ndiga, amb una porta d&#8217;acc\u00e9s al recinte interior de l&#8217;antic magatzem de gra.<\/p><p>El portell i la porta interior d&#8217;acc\u00e9s a la Alh\u00f3ndiga s\u00f3n d&#8217;estil g\u00f2tic de finals del segle XV o principis del XVI, al temps del II duc.<\/p>\t\t\t\t\t\t\t\t<\/div>\n\t\t\t\t<\/div>\n\t\t\t\t<div class=\"elementor-element elementor-element-88fe47f elementor-widget elementor-widget-image\" data-id=\"88fe47f\" data-element_type=\"widget\" data-e-type=\"widget\" data-widget_type=\"image.default\">\n\t\t\t\t<div class=\"elementor-widget-container\">\n\t\t\t\t\t\t\t\t\t\t\t\t<figure class=\"wp-caption\">\n\t\t\t\t\t\t\t\t\t\t<img loading=\"lazy\" decoding=\"async\" width=\"768\" height=\"511\" src=\"https:\/\/www.elturistatranquil.com\/wp-content\/uploads\/F152-Portillo-de-la-Alhondiga-Cuellar-Segovia.jpg\" class=\"attachment-large size-large wp-image-53091\" alt=\"Portillo de la Alhondiga, Cuellar, Segovia\" srcset=\"https:\/\/www.elturistatranquil.com\/wp-content\/uploads\/F152-Portillo-de-la-Alhondiga-Cuellar-Segovia.jpg 768w, https:\/\/www.elturistatranquil.com\/wp-content\/uploads\/F152-Portillo-de-la-Alhondiga-Cuellar-Segovia-339x226.jpg 339w\" sizes=\"(max-width: 768px) 100vw, 768px\" \/>\t\t\t\t\t\t\t\t\t\t\t<figcaption class=\"widget-image-caption wp-caption-text\"><\/figcaption>\n\t\t\t\t\t\t\t\t\t\t<\/figure>\n\t\t\t\t\t\t\t\t\t<\/div>\n\t\t\t\t<\/div>\n\t\t\t\t<div class=\"elementor-element elementor-element-6678b89 elementor-widget elementor-widget-image\" data-id=\"6678b89\" data-element_type=\"widget\" data-e-type=\"widget\" data-widget_type=\"image.default\">\n\t\t\t\t<div class=\"elementor-widget-container\">\n\t\t\t\t\t\t\t\t\t\t\t\t<figure class=\"wp-caption\">\n\t\t\t\t\t\t\t\t\t\t<img loading=\"lazy\" decoding=\"async\" width=\"768\" height=\"512\" src=\"https:\/\/www.elturistatranquil.com\/wp-content\/uploads\/F154-Portillo-de-la-Alhondiga-Cuellar-Segovia.jpg\" class=\"attachment-large size-large wp-image-53093\" alt=\"Portillo de la Alhondiga, Cuellar, Segovia\" srcset=\"https:\/\/www.elturistatranquil.com\/wp-content\/uploads\/F154-Portillo-de-la-Alhondiga-Cuellar-Segovia.jpg 768w, https:\/\/www.elturistatranquil.com\/wp-content\/uploads\/F154-Portillo-de-la-Alhondiga-Cuellar-Segovia-339x226.jpg 339w\" sizes=\"(max-width: 768px) 100vw, 768px\" \/>\t\t\t\t\t\t\t\t\t\t\t<figcaption class=\"widget-image-caption wp-caption-text\"><\/figcaption>\n\t\t\t\t\t\t\t\t\t\t<\/figure>\n\t\t\t\t\t\t\t\t\t<\/div>\n\t\t\t\t<\/div>\n\t\t\t\t<div class=\"elementor-element elementor-element-4809375 elementor-widget elementor-widget-heading\" data-id=\"4809375\" data-element_type=\"widget\" data-e-type=\"widget\" data-widget_type=\"heading.default\">\n\t\t\t\t<div class=\"elementor-widget-container\">\n\t\t\t\t\t<h5 class=\"elementor-heading-title elementor-size-default\">Porta de Carchena<\/h5>\t\t\t\t<\/div>\n\t\t\t\t<\/div>\n\t\t\t\t<div class=\"elementor-element elementor-element-352b937 elementor-widget elementor-widget-text-editor\" data-id=\"352b937\" data-element_type=\"widget\" data-e-type=\"widget\" data-widget_type=\"text-editor.default\">\n\t\t\t\t<div class=\"elementor-widget-container\">\n\t\t\t\t\t\t\t\t\t<p>La muralla continua a la seva curvatura cap a llevant fins a assolir la porta de Carchena (<strong>P12<\/strong>). Veiem com el mur \u00e9s r\u00e0pidament engolit per les construccions, apareixent al final lleugers vestigis al lloc que ocupava aquesta porta.<\/p><p>La ubicaci\u00f3 d&#8217;aquesta porta era important ja que se situava a la cru\u00eflla dels camins de Valladolid i Seg\u00f2via amb el de Pe\u00f1afiel. A partir del moment de construcci\u00f3 d&#8217;aquest segon recinte al segle XII, anirien creixent altres barris a extramurs.<\/p><p>Al fons, al mig de les edificacions, cosa que podria ser un lateral de la porta, i en primer terme la continuaci\u00f3 de la muralla cap al sud al carrer Herreros.<\/p>\t\t\t\t\t\t\t\t<\/div>\n\t\t\t\t<\/div>\n\t\t\t\t<div class=\"elementor-element elementor-element-ee59cdb elementor-widget elementor-widget-image\" data-id=\"ee59cdb\" data-element_type=\"widget\" data-e-type=\"widget\" data-widget_type=\"image.default\">\n\t\t\t\t<div class=\"elementor-widget-container\">\n\t\t\t\t\t\t\t\t\t\t\t\t<figure class=\"wp-caption\">\n\t\t\t\t\t\t\t\t\t\t<img loading=\"lazy\" decoding=\"async\" width=\"768\" height=\"512\" src=\"https:\/\/www.elturistatranquil.com\/wp-content\/uploads\/F155-Puerta-de-Carchena-Cuellar-Segovia.jpg\" class=\"attachment-large size-large wp-image-53095\" alt=\"Puerta de Carchena, Cuellar, Segovia\" srcset=\"https:\/\/www.elturistatranquil.com\/wp-content\/uploads\/F155-Puerta-de-Carchena-Cuellar-Segovia.jpg 768w, https:\/\/www.elturistatranquil.com\/wp-content\/uploads\/F155-Puerta-de-Carchena-Cuellar-Segovia-339x226.jpg 339w\" sizes=\"(max-width: 768px) 100vw, 768px\" \/>\t\t\t\t\t\t\t\t\t\t\t<figcaption class=\"widget-image-caption wp-caption-text\"><\/figcaption>\n\t\t\t\t\t\t\t\t\t\t<\/figure>\n\t\t\t\t\t\t\t\t\t<\/div>\n\t\t\t\t<\/div>\n\t\t\t\t<div class=\"elementor-element elementor-element-bcbfaa0 elementor-widget elementor-widget-menu-anchor\" data-id=\"bcbfaa0\" data-element_type=\"widget\" data-e-type=\"widget\" data-widget_type=\"menu-anchor.default\">\n\t\t\t\t<div class=\"elementor-widget-container\">\n\t\t\t\t\t\t\t<div class=\"elementor-menu-anchor\" id=\"010\"><\/div>\n\t\t\t\t\t\t<\/div>\n\t\t\t\t<\/div>\n\t\t\t\t<div class=\"elementor-element elementor-element-abca631 elementor-widget elementor-widget-heading\" data-id=\"abca631\" data-element_type=\"widget\" data-e-type=\"widget\" data-widget_type=\"heading.default\">\n\t\t\t\t<div class=\"elementor-widget-container\">\n\t\t\t\t\t<h5 class=\"elementor-heading-title elementor-size-default\">Porta de San Pedro<\/h5>\t\t\t\t<\/div>\n\t\t\t\t<\/div>\n\t\t\t\t<div class=\"elementor-element elementor-element-547ae96 elementor-widget elementor-widget-text-editor\" data-id=\"547ae96\" data-element_type=\"widget\" data-e-type=\"widget\" data-widget_type=\"text-editor.default\">\n\t\t\t\t<div class=\"elementor-widget-container\">\n\t\t\t\t\t\t\t\t\t<p>Despr\u00e9s del recorregut de les ru\u00efnes de muralla pel carrer Herreros, s&#8217;arriba al lloc on s&#8217;obria la porta de San Pedro (<strong>P13<\/strong>), al v\u00e8rtex sud-oriental d&#8217;aquesta segona tanca.<\/p><p>\u00c9s un lloc molt interessant, ja que \u00e9s un dels exemples en qu\u00e8 els murs d&#8217;una esgl\u00e9sia s&#8217;integren formant part de la muralla (com a <a href=\"https:\/\/www.elturistatranquil.com\/ca\/montfalco-murallat-lleida\/#c2204\" target=\"_blank\" rel=\"noopener\">Montfalc\u00f3 Muralla<\/a>t).<\/p><p>A la primera \u00e8poca, en el moment de construcci\u00f3 de la tanca als segles XI-XII, en aquest lloc havia d&#8217;existir un oratori dedicat a San Pedro que, en temps de Pedro Ans\u00farez, es va transformar en Esgl\u00e9sia rom\u00e0nic-mud\u00e8jar.<\/p><p>Al segle XV, quan es va construir l&#8217;avantmuralla, aquesta esgl\u00e9sia va quedar integrada a la lli\u00e7a.<\/p><p>Al segle XVI, el II duc refor\u00e7a tots els recintes murats, i rep el 1511 autoritzaci\u00f3 del bisbat de Seg\u00f2via per demolir l&#8217;absis de l&#8217;esgl\u00e9sia rom\u00e0nica i substituir-lo per un altre gran absis de car\u00e0cter defensiu d&#8217;estil g\u00f2tic, l&#8217;obra del qual \u00e9s atribu\u00efda a Hanequin Egas de Cu\u00e9llar.<\/p><p>El nou cos i l&#8217;absis s&#8217;enlaira com a defensa sobre la porta, i tamb\u00e9 s&#8217;hi incorpora una nova torre als peus de l&#8217;esgl\u00e9sia a tall de talaia, amb un darrer cos recrescut posteriorment.<\/p><p>Al dibuix del segle XIX s&#8217;observa l&#8217;avantporta de la porta de San Pedro, amb l&#8217;esgl\u00e9sia formant part del mur, i la torre talaia.<\/p><p>A la fotografia actual, l&#8217;avantporta de la barbacana ha desaparegut i l&#8217;ampit de la porta del temple formaria part del mur de l&#8217;avantporta, retallat.<\/p><p>Sembla que aquesta porta es va convertir en l&#8217;entrada m\u00e9s concorreguda de la vila al costat de la via de Seg\u00f2via.<\/p>\t\t\t\t\t\t\t\t<\/div>\n\t\t\t\t<\/div>\n\t\t\t\t<div class=\"elementor-element elementor-element-71b757a elementor-widget elementor-widget-image\" data-id=\"71b757a\" data-element_type=\"widget\" data-e-type=\"widget\" data-widget_type=\"image.default\">\n\t\t\t\t<div class=\"elementor-widget-container\">\n\t\t\t\t\t\t\t\t\t\t\t\t<figure class=\"wp-caption\">\n\t\t\t\t\t\t\t\t\t\t<img loading=\"lazy\" decoding=\"async\" width=\"768\" height=\"512\" src=\"https:\/\/www.elturistatranquil.com\/wp-content\/uploads\/F156-Puerta-de-San-Pedro-Cuellar-Segovia.jpg\" class=\"attachment-large size-large wp-image-53100\" alt=\"Puerta de San Pedro, Cuellar, Segovia\" srcset=\"https:\/\/www.elturistatranquil.com\/wp-content\/uploads\/F156-Puerta-de-San-Pedro-Cuellar-Segovia.jpg 768w, https:\/\/www.elturistatranquil.com\/wp-content\/uploads\/F156-Puerta-de-San-Pedro-Cuellar-Segovia-339x226.jpg 339w\" sizes=\"(max-width: 768px) 100vw, 768px\" \/>\t\t\t\t\t\t\t\t\t\t\t<figcaption class=\"widget-image-caption wp-caption-text\"><\/figcaption>\n\t\t\t\t\t\t\t\t\t\t<\/figure>\n\t\t\t\t\t\t\t\t\t<\/div>\n\t\t\t\t<\/div>\n\t\t\t\t<div class=\"elementor-element elementor-element-6062a3f elementor-widget elementor-widget-image\" data-id=\"6062a3f\" data-element_type=\"widget\" data-e-type=\"widget\" data-widget_type=\"image.default\">\n\t\t\t\t<div class=\"elementor-widget-container\">\n\t\t\t\t\t\t\t\t\t\t\t\t<figure class=\"wp-caption\">\n\t\t\t\t\t\t\t\t\t\t<img loading=\"lazy\" decoding=\"async\" width=\"768\" height=\"512\" src=\"https:\/\/www.elturistatranquil.com\/wp-content\/uploads\/F157-Puerta-de-San-Pedro-Cuellar-Segovia.jpg\" class=\"attachment-large size-large wp-image-53102\" alt=\"Puerta de San Pedro, Cuellar, Segovia\" srcset=\"https:\/\/www.elturistatranquil.com\/wp-content\/uploads\/F157-Puerta-de-San-Pedro-Cuellar-Segovia.jpg 768w, https:\/\/www.elturistatranquil.com\/wp-content\/uploads\/F157-Puerta-de-San-Pedro-Cuellar-Segovia-339x226.jpg 339w\" sizes=\"(max-width: 768px) 100vw, 768px\" \/>\t\t\t\t\t\t\t\t\t\t\t<figcaption class=\"widget-image-caption wp-caption-text\"><\/figcaption>\n\t\t\t\t\t\t\t\t\t\t<\/figure>\n\t\t\t\t\t\t\t\t\t<\/div>\n\t\t\t\t<\/div>\n\t\t\t\t<div class=\"elementor-element elementor-element-c847699 elementor-widget elementor-widget-text-editor\" data-id=\"c847699\" data-element_type=\"widget\" data-e-type=\"widget\" data-widget_type=\"text-editor.default\">\n\t\t\t\t<div class=\"elementor-widget-container\">\n\t\t\t\t\t\t\t\t\t<p>Com que \u00e9s perfectament visible, aquest mur est\u00e0 protegit amb finestres amb m\u00faltiples troneres d\u2019orbe i creu i l&#8217;ineludible blas\u00f3 del duc.<\/p>\t\t\t\t\t\t\t\t<\/div>\n\t\t\t\t<\/div>\n\t\t\t\t<div class=\"elementor-element elementor-element-514ae68 elementor-widget elementor-widget-image\" data-id=\"514ae68\" data-element_type=\"widget\" data-e-type=\"widget\" data-widget_type=\"image.default\">\n\t\t\t\t<div class=\"elementor-widget-container\">\n\t\t\t\t\t\t\t\t\t\t\t\t<figure class=\"wp-caption\">\n\t\t\t\t\t\t\t\t\t\t<img loading=\"lazy\" decoding=\"async\" width=\"768\" height=\"511\" src=\"https:\/\/www.elturistatranquil.com\/wp-content\/uploads\/F158-Puerta-de-San-Pedro-Cuellar-Segovia.jpg\" class=\"attachment-large size-large wp-image-53104\" alt=\"Puerta de San Pedro, Cuellar, Segovia\" srcset=\"https:\/\/www.elturistatranquil.com\/wp-content\/uploads\/F158-Puerta-de-San-Pedro-Cuellar-Segovia.jpg 768w, https:\/\/www.elturistatranquil.com\/wp-content\/uploads\/F158-Puerta-de-San-Pedro-Cuellar-Segovia-339x226.jpg 339w\" sizes=\"(max-width: 768px) 100vw, 768px\" \/>\t\t\t\t\t\t\t\t\t\t\t<figcaption class=\"widget-image-caption wp-caption-text\"><\/figcaption>\n\t\t\t\t\t\t\t\t\t\t<\/figure>\n\t\t\t\t\t\t\t\t\t<\/div>\n\t\t\t\t<\/div>\n\t\t\t\t<div class=\"elementor-element elementor-element-f0e7eb5 elementor-widget elementor-widget-image\" data-id=\"f0e7eb5\" data-element_type=\"widget\" data-e-type=\"widget\" data-widget_type=\"image.default\">\n\t\t\t\t<div class=\"elementor-widget-container\">\n\t\t\t\t\t\t\t\t\t\t\t\t<figure class=\"wp-caption\">\n\t\t\t\t\t\t\t\t\t\t<img loading=\"lazy\" decoding=\"async\" width=\"768\" height=\"511\" src=\"https:\/\/www.elturistatranquil.com\/wp-content\/uploads\/F159-Puerta-de-San-Pedro-Cuellar-Segovia.jpg\" class=\"attachment-large size-large wp-image-53106\" alt=\"Puerta de San Pedro, Cuellar, Segovia\" srcset=\"https:\/\/www.elturistatranquil.com\/wp-content\/uploads\/F159-Puerta-de-San-Pedro-Cuellar-Segovia.jpg 768w, https:\/\/www.elturistatranquil.com\/wp-content\/uploads\/F159-Puerta-de-San-Pedro-Cuellar-Segovia-339x226.jpg 339w\" sizes=\"(max-width: 768px) 100vw, 768px\" \/>\t\t\t\t\t\t\t\t\t\t\t<figcaption class=\"widget-image-caption wp-caption-text\"><\/figcaption>\n\t\t\t\t\t\t\t\t\t\t<\/figure>\n\t\t\t\t\t\t\t\t\t<\/div>\n\t\t\t\t<\/div>\n\t\t\t\t<div class=\"elementor-element elementor-element-4516178 elementor-widget elementor-widget-image\" data-id=\"4516178\" data-element_type=\"widget\" data-e-type=\"widget\" data-widget_type=\"image.default\">\n\t\t\t\t<div class=\"elementor-widget-container\">\n\t\t\t\t\t\t\t\t\t\t\t\t<figure class=\"wp-caption\">\n\t\t\t\t\t\t\t\t\t\t<img loading=\"lazy\" decoding=\"async\" width=\"768\" height=\"511\" src=\"https:\/\/www.elturistatranquil.com\/wp-content\/uploads\/F160-Puerta-de-San-Pedro-Cuellar-Segovia.jpg\" class=\"attachment-large size-large wp-image-53108\" alt=\"Puerta de San Pedro, Cuellar, Segovia\" srcset=\"https:\/\/www.elturistatranquil.com\/wp-content\/uploads\/F160-Puerta-de-San-Pedro-Cuellar-Segovia.jpg 768w, https:\/\/www.elturistatranquil.com\/wp-content\/uploads\/F160-Puerta-de-San-Pedro-Cuellar-Segovia-339x226.jpg 339w\" sizes=\"(max-width: 768px) 100vw, 768px\" \/>\t\t\t\t\t\t\t\t\t\t\t<figcaption class=\"widget-image-caption wp-caption-text\"><\/figcaption>\n\t\t\t\t\t\t\t\t\t\t<\/figure>\n\t\t\t\t\t\t\t\t\t<\/div>\n\t\t\t\t<\/div>\n\t\t\t\t<div class=\"elementor-element elementor-element-9958030 elementor-widget elementor-widget-heading\" data-id=\"9958030\" data-element_type=\"widget\" data-e-type=\"widget\" data-widget_type=\"heading.default\">\n\t\t\t\t<div class=\"elementor-widget-container\">\n\t\t\t\t\t<h5 class=\"elementor-heading-title elementor-size-default\">Porta de La Trinidad<\/h5>\t\t\t\t<\/div>\n\t\t\t\t<\/div>\n\t\t\t\t<div class=\"elementor-element elementor-element-814c4c9 elementor-widget elementor-widget-text-editor\" data-id=\"814c4c9\" data-element_type=\"widget\" data-e-type=\"widget\" data-widget_type=\"text-editor.default\">\n\t\t\t\t<div class=\"elementor-widget-container\">\n\t\t\t\t\t\t\t\t\t<p>La muralla continuaria cap a ponent en direcci\u00f3 al castell. Cal assenyalar que, com ja he indicat, tot el flanc meridional de les tanques \u00e9s d&#8217;esc\u00e0s \u00fas per a les relacions amb l&#8217;exterior en no tenir connexions amb altres pobles, i queda gaireb\u00e9 limitat a la funci\u00f3 de comunicaci\u00f3 dels habitants de la vila amb els camps de cultiu o amb els jardins i hort del duc.<\/p><p>La seg\u00fcent obertura \u00e9s la porta de la Trinitat (<strong>P14<\/strong>). D&#8217;aquesta porta nom\u00e9s en queden restes d&#8217;una de les torres encaixat a la construcci\u00f3 urbana, ja que sembla que al segle XIX l&#8217;Ajuntament va decidir la seva demolici\u00f3 per facilitar-ne l&#8217;acc\u00e9s.<\/p>\t\t\t\t\t\t\t\t<\/div>\n\t\t\t\t<\/div>\n\t\t\t\t<div class=\"elementor-element elementor-element-3dac0c6 elementor-widget elementor-widget-image\" data-id=\"3dac0c6\" data-element_type=\"widget\" data-e-type=\"widget\" data-widget_type=\"image.default\">\n\t\t\t\t<div class=\"elementor-widget-container\">\n\t\t\t\t\t\t\t\t\t\t\t\t<figure class=\"wp-caption\">\n\t\t\t\t\t\t\t\t\t\t<img loading=\"lazy\" decoding=\"async\" width=\"768\" height=\"512\" src=\"https:\/\/www.elturistatranquil.com\/wp-content\/uploads\/F161-Puerta-de-la-Trinidad-Cuellar-Segovia.jpg\" class=\"attachment-large size-large wp-image-53113\" alt=\"Puerta de la Trinidad, Cuellar, Segovia\" srcset=\"https:\/\/www.elturistatranquil.com\/wp-content\/uploads\/F161-Puerta-de-la-Trinidad-Cuellar-Segovia.jpg 768w, https:\/\/www.elturistatranquil.com\/wp-content\/uploads\/F161-Puerta-de-la-Trinidad-Cuellar-Segovia-339x226.jpg 339w\" sizes=\"(max-width: 768px) 100vw, 768px\" \/>\t\t\t\t\t\t\t\t\t\t\t<figcaption class=\"widget-image-caption wp-caption-text\"><\/figcaption>\n\t\t\t\t\t\t\t\t\t\t<\/figure>\n\t\t\t\t\t\t\t\t\t<\/div>\n\t\t\t\t<\/div>\n\t\t\t\t<div class=\"elementor-element elementor-element-10cc2bd elementor-widget elementor-widget-heading\" data-id=\"10cc2bd\" data-element_type=\"widget\" data-e-type=\"widget\" data-widget_type=\"heading.default\">\n\t\t\t\t<div class=\"elementor-widget-container\">\n\t\t\t\t\t<h5 class=\"elementor-heading-title elementor-size-default\">Portell de los Lavaderos o del Ex\u00e1ngel<\/h5>\t\t\t\t<\/div>\n\t\t\t\t<\/div>\n\t\t\t\t<div class=\"elementor-element elementor-element-431631e elementor-widget elementor-widget-text-editor\" data-id=\"431631e\" data-element_type=\"widget\" data-e-type=\"widget\" data-widget_type=\"text-editor.default\">\n\t\t\t\t<div class=\"elementor-widget-container\">\n\t\t\t\t\t\t\t\t\t<p>En el recorregut fins al final d&#8217;aquesta segona tanca a la porta de Las Cuevas, nom\u00e9s s&#8217;obre un portell, el portell de l&#8217;Ex\u00e1ngel (<strong>P15<\/strong>) tamb\u00e9 anomenat de los Lavaderos, per trobar-se al costat dels antics safareigs d&#8217;intramurs del segon recinte, per tant, l&#8217;avantmuralla passaria per l&#8217;exterior dels safareigs.<\/p><p>Aquest ser\u00e0 un dels accessos de poca import\u00e0ncia.<\/p>\t\t\t\t\t\t\t\t<\/div>\n\t\t\t\t<\/div>\n\t\t\t\t<div class=\"elementor-element elementor-element-b20478d elementor-widget elementor-widget-image\" data-id=\"b20478d\" data-element_type=\"widget\" data-e-type=\"widget\" data-widget_type=\"image.default\">\n\t\t\t\t<div class=\"elementor-widget-container\">\n\t\t\t\t\t\t\t\t\t\t\t\t<figure class=\"wp-caption\">\n\t\t\t\t\t\t\t\t\t\t<img loading=\"lazy\" decoding=\"async\" width=\"768\" height=\"512\" src=\"https:\/\/www.elturistatranquil.com\/wp-content\/uploads\/F162-Puerta-del-Exangel-y-lavaderos-Cuellar-Segovia.jpg\" class=\"attachment-large size-large wp-image-53115\" alt=\"Puerta del Exangel y lavaderos, Cuellar, Segovia\" srcset=\"https:\/\/www.elturistatranquil.com\/wp-content\/uploads\/F162-Puerta-del-Exangel-y-lavaderos-Cuellar-Segovia.jpg 768w, https:\/\/www.elturistatranquil.com\/wp-content\/uploads\/F162-Puerta-del-Exangel-y-lavaderos-Cuellar-Segovia-339x226.jpg 339w\" sizes=\"(max-width: 768px) 100vw, 768px\" \/>\t\t\t\t\t\t\t\t\t\t\t<figcaption class=\"widget-image-caption wp-caption-text\"><\/figcaption>\n\t\t\t\t\t\t\t\t\t\t<\/figure>\n\t\t\t\t\t\t\t\t\t<\/div>\n\t\t\t\t<\/div>\n\t\t\t\t<div class=\"elementor-element elementor-element-f1fab33 elementor-widget elementor-widget-heading\" data-id=\"f1fab33\" data-element_type=\"widget\" data-e-type=\"widget\" data-widget_type=\"heading.default\">\n\t\t\t\t<div class=\"elementor-widget-container\">\n\t\t\t\t\t<h5 class=\"elementor-heading-title elementor-size-default\">Sortida a la lli\u00e7a a la porta de Las Cuevas i avantmuralla sud<\/h5>\t\t\t\t<\/div>\n\t\t\t\t<\/div>\n\t\t\t\t<div class=\"elementor-element elementor-element-0c11707 elementor-widget elementor-widget-text-editor\" data-id=\"0c11707\" data-element_type=\"widget\" data-e-type=\"widget\" data-widget_type=\"text-editor.default\">\n\t\t\t\t<div class=\"elementor-widget-container\">\n\t\t\t\t\t\t\t\t\t<p>Arribem al final del recorregut de la segona muralla.<\/p><p>Quan vam observar la porta de Las Cuevas a la primera muralla vam veure com s&#8217;hi acoblava el mur que procedia del segon recinte.<\/p><p>Pocs metres abans de l&#8217;acoblament s&#8217;obre una petita obertura rectangular que dona pas al que seria la lli\u00e7a de l&#8217;avantmuralla exterior, que aniria a parar a la torre. Si passem a l&#8217;exterior, trobarem l&#8217;\u00fanica zona de restes visibles de l&#8217;avantmuralla, encara que molt retallada, com tamb\u00e9 ho \u00e9s el fragment de muralla que es veu darrere.<\/p><p>Des del meu punt de vista, \u00e9s una ll\u00e0stima que, posats a reconstruir, no hagin portat l&#8217;avantmuralla fins a la torre, cosa que donaria una idea millor del paper de l&#8217;avantmuralla amb la seva lli\u00e7a.<\/p>\t\t\t\t\t\t\t\t<\/div>\n\t\t\t\t<\/div>\n\t\t\t\t<div class=\"elementor-element elementor-element-5b73b94 elementor-widget elementor-widget-image\" data-id=\"5b73b94\" data-element_type=\"widget\" data-e-type=\"widget\" data-widget_type=\"image.default\">\n\t\t\t\t<div class=\"elementor-widget-container\">\n\t\t\t\t\t\t\t\t\t\t\t\t<figure class=\"wp-caption\">\n\t\t\t\t\t\t\t\t\t\t<img loading=\"lazy\" decoding=\"async\" width=\"768\" height=\"511\" src=\"https:\/\/www.elturistatranquil.com\/wp-content\/uploads\/F163-Portillo-de-la-antemuralla-de-la-Puerta-de-Las-Cuevas-Cuellar-Segovia.jpg\" class=\"attachment-large size-large wp-image-53117\" alt=\"Portillo de la antemuralla de la Puerta de Las Cuevas, Cuellar, Segovia\" srcset=\"https:\/\/www.elturistatranquil.com\/wp-content\/uploads\/F163-Portillo-de-la-antemuralla-de-la-Puerta-de-Las-Cuevas-Cuellar-Segovia.jpg 768w, https:\/\/www.elturistatranquil.com\/wp-content\/uploads\/F163-Portillo-de-la-antemuralla-de-la-Puerta-de-Las-Cuevas-Cuellar-Segovia-339x226.jpg 339w\" sizes=\"(max-width: 768px) 100vw, 768px\" \/>\t\t\t\t\t\t\t\t\t\t\t<figcaption class=\"widget-image-caption wp-caption-text\"><\/figcaption>\n\t\t\t\t\t\t\t\t\t\t<\/figure>\n\t\t\t\t\t\t\t\t\t<\/div>\n\t\t\t\t<\/div>\n\t\t\t\t<div class=\"elementor-element elementor-element-48ca131 elementor-widget elementor-widget-image\" data-id=\"48ca131\" data-element_type=\"widget\" data-e-type=\"widget\" data-widget_type=\"image.default\">\n\t\t\t\t<div class=\"elementor-widget-container\">\n\t\t\t\t\t\t\t\t\t\t\t\t<figure class=\"wp-caption\">\n\t\t\t\t\t\t\t\t\t\t<img loading=\"lazy\" decoding=\"async\" width=\"768\" height=\"512\" src=\"https:\/\/www.elturistatranquil.com\/wp-content\/uploads\/F164-Antemurallas-de-Cuellar-Segovia.jpg\" class=\"attachment-large size-large wp-image-53119\" alt=\"Antemurallas de Cuellar, Segovia\" srcset=\"https:\/\/www.elturistatranquil.com\/wp-content\/uploads\/F164-Antemurallas-de-Cuellar-Segovia.jpg 768w, https:\/\/www.elturistatranquil.com\/wp-content\/uploads\/F164-Antemurallas-de-Cuellar-Segovia-339x226.jpg 339w\" sizes=\"(max-width: 768px) 100vw, 768px\" \/>\t\t\t\t\t\t\t\t\t\t\t<figcaption class=\"widget-image-caption wp-caption-text\"><\/figcaption>\n\t\t\t\t\t\t\t\t\t\t<\/figure>\n\t\t\t\t\t\t\t\t\t<\/div>\n\t\t\t\t<\/div>\n\t\t\t\t<div class=\"elementor-element elementor-element-3f46f88 elementor-widget elementor-widget-image\" data-id=\"3f46f88\" data-element_type=\"widget\" data-e-type=\"widget\" data-widget_type=\"image.default\">\n\t\t\t\t<div class=\"elementor-widget-container\">\n\t\t\t\t\t\t\t\t\t\t\t\t<figure class=\"wp-caption\">\n\t\t\t\t\t\t\t\t\t\t<img loading=\"lazy\" decoding=\"async\" width=\"768\" height=\"512\" src=\"https:\/\/www.elturistatranquil.com\/wp-content\/uploads\/F165-Antemurallas-de-Cuellar-Segovia.jpg\" class=\"attachment-large size-large wp-image-53121\" alt=\"Antemurallas de Cuellar, Segovia\" srcset=\"https:\/\/www.elturistatranquil.com\/wp-content\/uploads\/F165-Antemurallas-de-Cuellar-Segovia.jpg 768w, https:\/\/www.elturistatranquil.com\/wp-content\/uploads\/F165-Antemurallas-de-Cuellar-Segovia-339x226.jpg 339w\" sizes=\"(max-width: 768px) 100vw, 768px\" \/>\t\t\t\t\t\t\t\t\t\t\t<figcaption class=\"widget-image-caption wp-caption-text\"><\/figcaption>\n\t\t\t\t\t\t\t\t\t\t<\/figure>\n\t\t\t\t\t\t\t\t\t<\/div>\n\t\t\t\t<\/div>\n\t\t\t\t<div class=\"elementor-element elementor-element-c9d81da elementor-widget elementor-widget-text-editor\" data-id=\"c9d81da\" data-element_type=\"widget\" data-e-type=\"widget\" data-widget_type=\"text-editor.default\">\n\t\t\t\t<div class=\"elementor-widget-container\">\n\t\t\t\t\t\t\t\t\t<p>Acaba doncs aqu\u00ed el recorregut per la segona tanca i, amb aix\u00f2, la visita a aquesta part del ric contingut historicoart\u00edstic de la vila de Cu\u00e9llar.<\/p>\t\t\t\t\t\t\t\t<\/div>\n\t\t\t\t<\/div>\n\t\t\t\t<div class=\"elementor-element elementor-element-f4b0b0c elementor-widget elementor-widget-heading\" data-id=\"f4b0b0c\" data-element_type=\"widget\" data-e-type=\"widget\" data-widget_type=\"heading.default\">\n\t\t\t\t<div class=\"elementor-widget-container\">\n\t\t\t\t\t<h2 class=\"elementor-heading-title elementor-size-default\">Fi de la visita<\/h2>\t\t\t\t<\/div>\n\t\t\t\t<\/div>\n\t\t\t\t<div class=\"elementor-element elementor-element-364054a elementor-widget elementor-widget-text-editor\" data-id=\"364054a\" data-element_type=\"widget\" data-e-type=\"widget\" data-widget_type=\"text-editor.default\">\n\t\t\t\t<div class=\"elementor-widget-container\">\n\t\t\t\t\t\t\t\t\t<p>Hem recorregut els dos recintes murats presidits pel castell d&#8217;una vila medieval que havia estat seu dels reis de Castella i Lle\u00f3, terra de reialenc i Comunitat de Vila i Terra que veur\u00e0, a partir del segle XV com es converteix en estan\u00e7a d&#8217;un dels grans senyorius d&#8217;Espanya, sota la propietat i domini de la casa d&#8217;Alburquerque.<\/p><p>Amb els canvis hist\u00f2rics d&#8217;aquests segles, passar\u00e0 de fortalesa militar defensiva i de repoblaci\u00f3 a castell senyorial amb la moda dels senyors castellans de convertir-los en palaus.<\/p><p>Per poder influir i confabular al voltant del poder reial centralitzat a Madrid, els senyors canvien la seva estrat\u00e8gia residencial abandonant els seus castells que substituiran per palaus a la <em>Villa y Corte<\/em>. Ser\u00e0 el punt d\u00b4inflexi\u00f3 cap a la decad\u00e8ncia dels llocs castellans.<\/p><p>La posterior p\u00e8rdua dels atributs senyorials sobre els seus vassalls rebr\u00e0 aquesta decad\u00e8ncia.<\/p><p>Seguiran segles d&#8217;incertesa, en el cas de Cu\u00e9llar agreujada per la Guerra Civil en convertir-lo en pres\u00f3 militar i de repressi\u00f3 pol\u00edtica.<\/p><p>Per fi, certa consci\u00e8ncia patrimonial, incentivada per la nova era del turisme, salvar\u00e0, b\u00e9 que malament, la monumentalitat d&#8217;un lloc com Cu\u00e9llar, fent-ho digne de ser visitat i apreciat.<\/p>\t\t\t\t\t\t\t\t<\/div>\n\t\t\t\t<\/div>\n\t\t\t\t<div class=\"elementor-element elementor-element-4d03e24 elementor-widget elementor-widget-heading\" data-id=\"4d03e24\" data-element_type=\"widget\" data-e-type=\"widget\" data-widget_type=\"heading.default\">\n\t\t\t\t<div class=\"elementor-widget-container\">\n\t\t\t\t\t<h2 class=\"elementor-heading-title elementor-size-default\">Bases d\u2019informaci\u00f3<\/h2>\t\t\t\t<\/div>\n\t\t\t\t<\/div>\n\t\t\t\t<div class=\"elementor-element elementor-element-3e463c55 elementor-widget elementor-widget-text-editor\" data-id=\"3e463c55\" data-element_type=\"widget\" data-e-type=\"widget\" data-widget_type=\"text-editor.default\">\n\t\t\t\t<div class=\"elementor-widget-container\">\n\t\t\t\t\t\t\t\t\t<p><strong>Webs<br \/><\/strong><a href=\"https:\/\/www.cuellar.es\/que-ver-en-cuellar\/\" target=\"_blank\" rel=\"noopener\">turismodecuellar<\/a><br \/><a href=\"http:\/\/www.aytocuellar.es\/turismo\/index.php?pagina=contenido&amp;sec=visitaruno\" target=\"_blank\" rel=\"noopener\">ayuntamiento-turismo<\/a><br \/><a href=\"https:\/\/es.wikipedia.org\/wiki\/Cu%C3%A9llar\" target=\"_blank\" rel=\"noopener\">wikipedia<\/a><br \/><a href=\"https:\/\/www.monumentalnet.org\/monumentos.php?rf=cu%C3%A9llar&amp;cc=00&amp;pc=00&amp;mn=&amp;ln=&amp;ct=&amp;ob=0&amp;mc=&amp;lc=&amp;pn=&amp;cn=&amp;p=1&amp;m=\" target=\"_blank\" rel=\"noopener\">monumentalnet<\/a><br \/><a href=\"https:\/\/www.cuellar.es\/wp-content\/uploads\/2022\/12\/folleto-cuellar.pdf\" target=\"_blank\" rel=\"noopener\">folleto-cuellar<\/a><br \/><a href=\"https:\/\/ermitiella.blogspot.com\/2014\/03\/las-fortificaciones-de-cuellar-segovia.html\" target=\"_blank\" rel=\"noopener\">ermitiella<\/a><\/p><p><strong>Caste<\/strong><strong>ll<br \/><\/strong><a href=\"https:\/\/www.cuellar.es\/castillo\/\" target=\"_blank\" rel=\"noopener\">ayuntamiento-castillo<\/a><br \/><a href=\"https:\/\/es.m.wikipedia.org\/wiki\/Castillo_de_Cu%C3%A9llar\" target=\"_blank\" rel=\"noopener\">wikipedia castillo<\/a><br \/><a href=\"https:\/\/megaconstrucciones.net\/?construccion=castillo-cuellar\" target=\"_blank\" rel=\"noopener\">megaconstrucciones.net<\/a><\/p><p><strong>Muralles<br \/><\/strong><a href=\"http:\/\/www.aytocuellar.es\/turismo\/index.php?pagina=contenido&amp;sec=murallas\" target=\"_blank\" rel=\"noopener\">ayuntamiento-murallas<\/a><br \/><a href=\"https:\/\/www.murallasdecuellar.es\/\" target=\"_blank\" rel=\"noopener\">murallasdecuellar<\/a><br \/><a href=\"https:\/\/www.cuellar.es\/archivoscuellar\/folleto-murallas.pdf\" target=\"_blank\" rel=\"noopener\">folleto-murallas<\/a><\/p><p><strong>Web academic<br \/><\/strong>Remolina Seivane, Jos\u00e9 Miguel (2017). <em><a href=\"https:\/\/run.unl.pt\/bitstream\/10362\/35593\/1\/JornadasCV_RUN.PDF#page=233\" target=\"_blank\" rel=\"noopener\">La forma urbana de Cu\u00e9llar y Sep\u00falveda, dos ciudades fortaleza de frontera en Castilla<\/a>.<\/em> pp. 233-253<br \/>Olmos Herguedas, Emilio. <a href=\"https:\/\/dialnet.unirioja.es\/descarga\/articulo\/939068.pdf\" target=\"_blank\" rel=\"noopener\"><em>Urban\u00edstica medieval en una villa de la cuenca del Duero: Cu\u00e9llar durante la Baja Edad Media<\/em><\/a><br \/>Senovilla Arranz, Isabel (2020). <a href=\"https:\/\/uvadoc.uva.es\/bitstream\/handle\/10324\/43547\/TFG-N.%201438.pdf?sequence=1&amp;isAllowed=y\" target=\"_blank\" rel=\"noopener\"><em>El turismo en Cu\u00e9llar<\/em><\/a> (Trabajo Fin de Grado)<\/p><p><strong>Llibres<br \/><\/strong>Hern\u00e1ndez Montero, Juan Armindo (2020). <em>El Castillo-Palacio y las murallas de Cu\u00e9llar<\/em> (Tesis doctoral). Ediciones de la Torre<br \/>Cooper, Edward (1991). <em>Castillos se\u00f1oriales en la Corona de Castilla<\/em>. Junta de Castilla y Le\u00f3n. Vol. I.2<\/p>\t\t\t\t\t\t\t\t<\/div>\n\t\t\t\t<\/div>\n\t\t\t\t\t<\/div>\n\t\t<\/div>\n\t\t\t\t\t<\/div>\n\t\t<\/section>\n\t\t\t\t<\/div>\n\t\t","protected":false},"excerpt":{"rendered":"<p>Castell i muralles de Cu\u00e9llar (Seg\u00f2via) una vila que a l&#8217;Edat Mitjana va ser resid\u00e8ncia reial i on els ducs d&#8217;Alburquerque van convertir la seva resid\u00e8ncia en castell-palau. Impacta el &#8230; <a title=\"Castell i muralles de Cu\u00e9llar (Seg\u00f2via)\" class=\"read-more\" href=\"https:\/\/www.elturistatranquil.com\/ca\/castell-i-muralles-de-cuellar-segovia\/\" aria-label=\"M\u00e9s informaci\u00f3 sobre Castell i muralles de Cu\u00e9llar (Seg\u00f2via)\">[ &#8230; ]<\/a><\/p>\n","protected":false},"author":1,"featured_media":52700,"comment_status":"open","ping_status":"closed","sticky":false,"template":"","format":"standard","meta":{"footnotes":""},"categories":[75,77,145,83,87,91,159,101,139,240,110],"tags":[],"class_list":["post-53138","post","type-post","status-publish","format-standard","has-post-thumbnail","hentry","category-castells","category-conjunts-historics","category-edat-mitjana","category-historia-ca","category-joies-al-territori","category-mudejar-ca","category-recintes-emmurallats","category-renaixement","category-segle-xvi-xvii","category-segovia-ca","category-vila","infinite-scroll-item","generate-columns","tablet-grid-50","mobile-grid-100","grid-parent","grid-50","no-featured-image-padding"],"yoast_head":"<!-- This site is optimized with the Yoast SEO plugin v27.4 - https:\/\/yoast.com\/product\/yoast-seo-wordpress\/ -->\n<title>Castell i muralles de Cu\u00e9llar (Seg\u00f2via) - El turista tranquil<\/title>\n<meta name=\"description\" content=\"Castell i muralles de Cu\u00e9llar (Seg\u00f2via) una vila que a l&#039;Edat Mitjana va ser resid\u00e8ncia reial i on els ducs d&#039;Alburquerque van convertir la seva resid\u00e8ncia en castell-palau. Impacta el seu doble recinte murat.\" \/>\n<meta name=\"robots\" content=\"index, follow, max-snippet:-1, max-image-preview:large, max-video-preview:-1\" \/>\n<link rel=\"canonical\" href=\"https:\/\/www.elturistatranquil.com\/ca\/castell-i-muralles-de-cuellar-segovia\/\" \/>\n<meta property=\"og:locale\" content=\"ca_ES\" \/>\n<meta property=\"og:type\" content=\"article\" \/>\n<meta property=\"og:title\" content=\"Castell i muralles de Cu\u00e9llar (Seg\u00f2via) - El turista tranquil\" \/>\n<meta property=\"og:description\" content=\"Castell i muralles de Cu\u00e9llar (Seg\u00f2via) una vila que a l&#039;Edat Mitjana va ser resid\u00e8ncia reial i on els ducs d&#039;Alburquerque van convertir la seva resid\u00e8ncia en castell-palau. Impacta el seu doble recinte murat.\" \/>\n<meta property=\"og:url\" content=\"https:\/\/www.elturistatranquil.com\/ca\/castell-i-muralles-de-cuellar-segovia\/\" \/>\n<meta property=\"og:site_name\" content=\"El turista tranquil\" \/>\n<meta property=\"article:publisher\" content=\"https:\/\/www.facebook.com\/elturistatranquilo\/\" \/>\n<meta property=\"article:published_time\" content=\"2024-06-22T10:21:22+00:00\" \/>\n<meta property=\"article:modified_time\" content=\"2025-11-14T11:45:11+00:00\" \/>\n<meta property=\"og:image\" content=\"https:\/\/www.elturistatranquil.com\/wp-content\/uploads\/F00-Castillo-de-Cuellar-Segovia.jpg\" \/>\n\t<meta property=\"og:image:width\" content=\"768\" \/>\n\t<meta property=\"og:image:height\" content=\"512\" \/>\n\t<meta property=\"og:image:type\" content=\"image\/jpeg\" \/>\n<meta name=\"author\" content=\"admin\" \/>\n<meta name=\"twitter:card\" content=\"summary_large_image\" \/>\n<meta name=\"twitter:label1\" content=\"Escrit per\" \/>\n\t<meta name=\"twitter:data1\" content=\"admin\" \/>\n\t<meta name=\"twitter:label2\" content=\"Temps estimat de lectura\" \/>\n\t<meta name=\"twitter:data2\" content=\"96 minuts\" \/>\n<script type=\"application\/ld+json\" class=\"yoast-schema-graph\">{\"@context\":\"https:\\\/\\\/schema.org\",\"@graph\":[{\"@type\":\"Article\",\"@id\":\"https:\\\/\\\/www.elturistatranquil.com\\\/ca\\\/castell-i-muralles-de-cuellar-segovia\\\/#article\",\"isPartOf\":{\"@id\":\"https:\\\/\\\/www.elturistatranquil.com\\\/ca\\\/castell-i-muralles-de-cuellar-segovia\\\/\"},\"author\":{\"name\":\"admin\",\"@id\":\"https:\\\/\\\/www.elturistatranquil.com\\\/ca\\\/#\\\/schema\\\/person\\\/16f607c3079b96ed0c530a52e6b58bb5\"},\"headline\":\"Castell i muralles de Cu\u00e9llar (Seg\u00f2via)\",\"datePublished\":\"2024-06-22T10:21:22+00:00\",\"dateModified\":\"2025-11-14T11:45:11+00:00\",\"mainEntityOfPage\":{\"@id\":\"https:\\\/\\\/www.elturistatranquil.com\\\/ca\\\/castell-i-muralles-de-cuellar-segovia\\\/\"},\"wordCount\":12802,\"commentCount\":0,\"image\":{\"@id\":\"https:\\\/\\\/www.elturistatranquil.com\\\/ca\\\/castell-i-muralles-de-cuellar-segovia\\\/#primaryimage\"},\"thumbnailUrl\":\"https:\\\/\\\/www.elturistatranquil.com\\\/wp-content\\\/uploads\\\/F00-Castillo-de-Cuellar-Segovia.jpg\",\"articleSection\":[\"Castells, Muralles\",\"Conjunts hist\u00f2rics\",\"Edat mitjana\",\"Hist\u00f2ria\",\"Joies al territori\",\"Mud\u00e8jar\",\"Recintes emmurallats\",\"Renaixement\",\"Segle XVI-XVII\",\"Seg\u00f2via\",\"Vila\"],\"inLanguage\":\"ca\",\"potentialAction\":[{\"@type\":\"CommentAction\",\"name\":\"Comment\",\"target\":[\"https:\\\/\\\/www.elturistatranquil.com\\\/ca\\\/castell-i-muralles-de-cuellar-segovia\\\/#respond\"]}]},{\"@type\":\"WebPage\",\"@id\":\"https:\\\/\\\/www.elturistatranquil.com\\\/ca\\\/castell-i-muralles-de-cuellar-segovia\\\/\",\"url\":\"https:\\\/\\\/www.elturistatranquil.com\\\/ca\\\/castell-i-muralles-de-cuellar-segovia\\\/\",\"name\":\"Castell i muralles de Cu\u00e9llar (Seg\u00f2via) - El turista tranquil\",\"isPartOf\":{\"@id\":\"https:\\\/\\\/www.elturistatranquil.com\\\/ca\\\/#website\"},\"primaryImageOfPage\":{\"@id\":\"https:\\\/\\\/www.elturistatranquil.com\\\/ca\\\/castell-i-muralles-de-cuellar-segovia\\\/#primaryimage\"},\"image\":{\"@id\":\"https:\\\/\\\/www.elturistatranquil.com\\\/ca\\\/castell-i-muralles-de-cuellar-segovia\\\/#primaryimage\"},\"thumbnailUrl\":\"https:\\\/\\\/www.elturistatranquil.com\\\/wp-content\\\/uploads\\\/F00-Castillo-de-Cuellar-Segovia.jpg\",\"datePublished\":\"2024-06-22T10:21:22+00:00\",\"dateModified\":\"2025-11-14T11:45:11+00:00\",\"author\":{\"@id\":\"https:\\\/\\\/www.elturistatranquil.com\\\/ca\\\/#\\\/schema\\\/person\\\/16f607c3079b96ed0c530a52e6b58bb5\"},\"description\":\"Castell i muralles de Cu\u00e9llar (Seg\u00f2via) una vila que a l'Edat Mitjana va ser resid\u00e8ncia reial i on els ducs d'Alburquerque van convertir la seva resid\u00e8ncia en castell-palau. Impacta el seu doble recinte murat.\",\"breadcrumb\":{\"@id\":\"https:\\\/\\\/www.elturistatranquil.com\\\/ca\\\/castell-i-muralles-de-cuellar-segovia\\\/#breadcrumb\"},\"inLanguage\":\"ca\",\"potentialAction\":[{\"@type\":\"ReadAction\",\"target\":[\"https:\\\/\\\/www.elturistatranquil.com\\\/ca\\\/castell-i-muralles-de-cuellar-segovia\\\/\"]}]},{\"@type\":\"ImageObject\",\"inLanguage\":\"ca\",\"@id\":\"https:\\\/\\\/www.elturistatranquil.com\\\/ca\\\/castell-i-muralles-de-cuellar-segovia\\\/#primaryimage\",\"url\":\"https:\\\/\\\/www.elturistatranquil.com\\\/wp-content\\\/uploads\\\/F00-Castillo-de-Cuellar-Segovia.jpg\",\"contentUrl\":\"https:\\\/\\\/www.elturistatranquil.com\\\/wp-content\\\/uploads\\\/F00-Castillo-de-Cuellar-Segovia.jpg\",\"width\":768,\"height\":512,\"caption\":\"Castillo de Cuellar, Segovia\"},{\"@type\":\"BreadcrumbList\",\"@id\":\"https:\\\/\\\/www.elturistatranquil.com\\\/ca\\\/castell-i-muralles-de-cuellar-segovia\\\/#breadcrumb\",\"itemListElement\":[{\"@type\":\"ListItem\",\"position\":1,\"name\":\"Portada\",\"item\":\"https:\\\/\\\/www.elturistatranquil.com\\\/ca\\\/\"},{\"@type\":\"ListItem\",\"position\":2,\"name\":\"Castell i muralles de Cu\u00e9llar (Seg\u00f2via)\"}]},{\"@type\":\"WebSite\",\"@id\":\"https:\\\/\\\/www.elturistatranquil.com\\\/ca\\\/#website\",\"url\":\"https:\\\/\\\/www.elturistatranquil.com\\\/ca\\\/\",\"name\":\"El turista tranquil\",\"description\":\"Blog de viatges\",\"potentialAction\":[{\"@type\":\"SearchAction\",\"target\":{\"@type\":\"EntryPoint\",\"urlTemplate\":\"https:\\\/\\\/www.elturistatranquil.com\\\/ca\\\/?s={search_term_string}\"},\"query-input\":{\"@type\":\"PropertyValueSpecification\",\"valueRequired\":true,\"valueName\":\"search_term_string\"}}],\"inLanguage\":\"ca\"},{\"@type\":\"Person\",\"@id\":\"https:\\\/\\\/www.elturistatranquil.com\\\/ca\\\/#\\\/schema\\\/person\\\/16f607c3079b96ed0c530a52e6b58bb5\",\"name\":\"admin\",\"image\":{\"@type\":\"ImageObject\",\"inLanguage\":\"ca\",\"@id\":\"https:\\\/\\\/secure.gravatar.com\\\/avatar\\\/1fbaf22aee75fcbb29a2f97b107f95d25d3a19b7c3416105be10269872673e8d?s=96&d=mm&r=g\",\"url\":\"https:\\\/\\\/secure.gravatar.com\\\/avatar\\\/1fbaf22aee75fcbb29a2f97b107f95d25d3a19b7c3416105be10269872673e8d?s=96&d=mm&r=g\",\"contentUrl\":\"https:\\\/\\\/secure.gravatar.com\\\/avatar\\\/1fbaf22aee75fcbb29a2f97b107f95d25d3a19b7c3416105be10269872673e8d?s=96&d=mm&r=g\",\"caption\":\"admin\"}}]}<\/script>\n<!-- \/ Yoast SEO plugin. -->","yoast_head_json":{"title":"Castell i muralles de Cu\u00e9llar (Seg\u00f2via) - El turista tranquil","description":"Castell i muralles de Cu\u00e9llar (Seg\u00f2via) una vila que a l'Edat Mitjana va ser resid\u00e8ncia reial i on els ducs d'Alburquerque van convertir la seva resid\u00e8ncia en castell-palau. Impacta el seu doble recinte murat.","robots":{"index":"index","follow":"follow","max-snippet":"max-snippet:-1","max-image-preview":"max-image-preview:large","max-video-preview":"max-video-preview:-1"},"canonical":"https:\/\/www.elturistatranquil.com\/ca\/castell-i-muralles-de-cuellar-segovia\/","og_locale":"ca_ES","og_type":"article","og_title":"Castell i muralles de Cu\u00e9llar (Seg\u00f2via) - El turista tranquil","og_description":"Castell i muralles de Cu\u00e9llar (Seg\u00f2via) una vila que a l'Edat Mitjana va ser resid\u00e8ncia reial i on els ducs d'Alburquerque van convertir la seva resid\u00e8ncia en castell-palau. Impacta el seu doble recinte murat.","og_url":"https:\/\/www.elturistatranquil.com\/ca\/castell-i-muralles-de-cuellar-segovia\/","og_site_name":"El turista tranquil","article_publisher":"https:\/\/www.facebook.com\/elturistatranquilo\/","article_published_time":"2024-06-22T10:21:22+00:00","article_modified_time":"2025-11-14T11:45:11+00:00","og_image":[{"width":768,"height":512,"url":"https:\/\/www.elturistatranquil.com\/wp-content\/uploads\/F00-Castillo-de-Cuellar-Segovia.jpg","type":"image\/jpeg"}],"author":"admin","twitter_card":"summary_large_image","twitter_misc":{"Escrit per":"admin","Temps estimat de lectura":"96 minuts"},"schema":{"@context":"https:\/\/schema.org","@graph":[{"@type":"Article","@id":"https:\/\/www.elturistatranquil.com\/ca\/castell-i-muralles-de-cuellar-segovia\/#article","isPartOf":{"@id":"https:\/\/www.elturistatranquil.com\/ca\/castell-i-muralles-de-cuellar-segovia\/"},"author":{"name":"admin","@id":"https:\/\/www.elturistatranquil.com\/ca\/#\/schema\/person\/16f607c3079b96ed0c530a52e6b58bb5"},"headline":"Castell i muralles de Cu\u00e9llar (Seg\u00f2via)","datePublished":"2024-06-22T10:21:22+00:00","dateModified":"2025-11-14T11:45:11+00:00","mainEntityOfPage":{"@id":"https:\/\/www.elturistatranquil.com\/ca\/castell-i-muralles-de-cuellar-segovia\/"},"wordCount":12802,"commentCount":0,"image":{"@id":"https:\/\/www.elturistatranquil.com\/ca\/castell-i-muralles-de-cuellar-segovia\/#primaryimage"},"thumbnailUrl":"https:\/\/www.elturistatranquil.com\/wp-content\/uploads\/F00-Castillo-de-Cuellar-Segovia.jpg","articleSection":["Castells, Muralles","Conjunts hist\u00f2rics","Edat mitjana","Hist\u00f2ria","Joies al territori","Mud\u00e8jar","Recintes emmurallats","Renaixement","Segle XVI-XVII","Seg\u00f2via","Vila"],"inLanguage":"ca","potentialAction":[{"@type":"CommentAction","name":"Comment","target":["https:\/\/www.elturistatranquil.com\/ca\/castell-i-muralles-de-cuellar-segovia\/#respond"]}]},{"@type":"WebPage","@id":"https:\/\/www.elturistatranquil.com\/ca\/castell-i-muralles-de-cuellar-segovia\/","url":"https:\/\/www.elturistatranquil.com\/ca\/castell-i-muralles-de-cuellar-segovia\/","name":"Castell i muralles de Cu\u00e9llar (Seg\u00f2via) - El turista tranquil","isPartOf":{"@id":"https:\/\/www.elturistatranquil.com\/ca\/#website"},"primaryImageOfPage":{"@id":"https:\/\/www.elturistatranquil.com\/ca\/castell-i-muralles-de-cuellar-segovia\/#primaryimage"},"image":{"@id":"https:\/\/www.elturistatranquil.com\/ca\/castell-i-muralles-de-cuellar-segovia\/#primaryimage"},"thumbnailUrl":"https:\/\/www.elturistatranquil.com\/wp-content\/uploads\/F00-Castillo-de-Cuellar-Segovia.jpg","datePublished":"2024-06-22T10:21:22+00:00","dateModified":"2025-11-14T11:45:11+00:00","author":{"@id":"https:\/\/www.elturistatranquil.com\/ca\/#\/schema\/person\/16f607c3079b96ed0c530a52e6b58bb5"},"description":"Castell i muralles de Cu\u00e9llar (Seg\u00f2via) una vila que a l'Edat Mitjana va ser resid\u00e8ncia reial i on els ducs d'Alburquerque van convertir la seva resid\u00e8ncia en castell-palau. Impacta el seu doble recinte murat.","breadcrumb":{"@id":"https:\/\/www.elturistatranquil.com\/ca\/castell-i-muralles-de-cuellar-segovia\/#breadcrumb"},"inLanguage":"ca","potentialAction":[{"@type":"ReadAction","target":["https:\/\/www.elturistatranquil.com\/ca\/castell-i-muralles-de-cuellar-segovia\/"]}]},{"@type":"ImageObject","inLanguage":"ca","@id":"https:\/\/www.elturistatranquil.com\/ca\/castell-i-muralles-de-cuellar-segovia\/#primaryimage","url":"https:\/\/www.elturistatranquil.com\/wp-content\/uploads\/F00-Castillo-de-Cuellar-Segovia.jpg","contentUrl":"https:\/\/www.elturistatranquil.com\/wp-content\/uploads\/F00-Castillo-de-Cuellar-Segovia.jpg","width":768,"height":512,"caption":"Castillo de Cuellar, Segovia"},{"@type":"BreadcrumbList","@id":"https:\/\/www.elturistatranquil.com\/ca\/castell-i-muralles-de-cuellar-segovia\/#breadcrumb","itemListElement":[{"@type":"ListItem","position":1,"name":"Portada","item":"https:\/\/www.elturistatranquil.com\/ca\/"},{"@type":"ListItem","position":2,"name":"Castell i muralles de Cu\u00e9llar (Seg\u00f2via)"}]},{"@type":"WebSite","@id":"https:\/\/www.elturistatranquil.com\/ca\/#website","url":"https:\/\/www.elturistatranquil.com\/ca\/","name":"El turista tranquil","description":"Blog de viatges","potentialAction":[{"@type":"SearchAction","target":{"@type":"EntryPoint","urlTemplate":"https:\/\/www.elturistatranquil.com\/ca\/?s={search_term_string}"},"query-input":{"@type":"PropertyValueSpecification","valueRequired":true,"valueName":"search_term_string"}}],"inLanguage":"ca"},{"@type":"Person","@id":"https:\/\/www.elturistatranquil.com\/ca\/#\/schema\/person\/16f607c3079b96ed0c530a52e6b58bb5","name":"admin","image":{"@type":"ImageObject","inLanguage":"ca","@id":"https:\/\/secure.gravatar.com\/avatar\/1fbaf22aee75fcbb29a2f97b107f95d25d3a19b7c3416105be10269872673e8d?s=96&d=mm&r=g","url":"https:\/\/secure.gravatar.com\/avatar\/1fbaf22aee75fcbb29a2f97b107f95d25d3a19b7c3416105be10269872673e8d?s=96&d=mm&r=g","contentUrl":"https:\/\/secure.gravatar.com\/avatar\/1fbaf22aee75fcbb29a2f97b107f95d25d3a19b7c3416105be10269872673e8d?s=96&d=mm&r=g","caption":"admin"}}]}},"_links":{"self":[{"href":"https:\/\/www.elturistatranquil.com\/ca\/wp-json\/wp\/v2\/posts\/53138","targetHints":{"allow":["GET"]}}],"collection":[{"href":"https:\/\/www.elturistatranquil.com\/ca\/wp-json\/wp\/v2\/posts"}],"about":[{"href":"https:\/\/www.elturistatranquil.com\/ca\/wp-json\/wp\/v2\/types\/post"}],"author":[{"embeddable":true,"href":"https:\/\/www.elturistatranquil.com\/ca\/wp-json\/wp\/v2\/users\/1"}],"replies":[{"embeddable":true,"href":"https:\/\/www.elturistatranquil.com\/ca\/wp-json\/wp\/v2\/comments?post=53138"}],"version-history":[{"count":11,"href":"https:\/\/www.elturistatranquil.com\/ca\/wp-json\/wp\/v2\/posts\/53138\/revisions"}],"predecessor-version":[{"id":62551,"href":"https:\/\/www.elturistatranquil.com\/ca\/wp-json\/wp\/v2\/posts\/53138\/revisions\/62551"}],"wp:featuredmedia":[{"embeddable":true,"href":"https:\/\/www.elturistatranquil.com\/ca\/wp-json\/wp\/v2\/media\/52700"}],"wp:attachment":[{"href":"https:\/\/www.elturistatranquil.com\/ca\/wp-json\/wp\/v2\/media?parent=53138"}],"wp:term":[{"taxonomy":"category","embeddable":true,"href":"https:\/\/www.elturistatranquil.com\/ca\/wp-json\/wp\/v2\/categories?post=53138"},{"taxonomy":"post_tag","embeddable":true,"href":"https:\/\/www.elturistatranquil.com\/ca\/wp-json\/wp\/v2\/tags?post=53138"}],"curies":[{"name":"wp","href":"https:\/\/api.w.org\/{rel}","templated":true}]}}