{"id":53473,"date":"2024-07-20T09:00:45","date_gmt":"2024-07-20T07:00:45","guid":{"rendered":"https:\/\/www.elturistatranquil.com\/?p=53473"},"modified":"2024-07-20T09:22:12","modified_gmt":"2024-07-20T07:22:12","slug":"soria-la-ciutat-historica","status":"publish","type":"post","link":"https:\/\/www.elturistatranquil.com\/ca\/soria-la-ciutat-historica\/","title":{"rendered":"S\u00f2ria, la ciutat hist\u00f2rica"},"content":{"rendered":"\t\t<div data-elementor-type=\"wp-post\" data-elementor-id=\"53473\" class=\"elementor elementor-53473 elementor-53185\" data-elementor-post-type=\"post\">\n\t\t\t\t\t\t<section class=\"elementor-section elementor-top-section elementor-element elementor-element-6520be0f elementor-section-boxed elementor-section-height-default elementor-section-height-default\" data-id=\"6520be0f\" data-element_type=\"section\" data-e-type=\"section\">\n\t\t\t\t\t\t<div class=\"elementor-container elementor-column-gap-default\">\n\t\t\t\t\t<div class=\"elementor-column elementor-col-100 elementor-top-column elementor-element elementor-element-6b3cbaa6\" data-id=\"6b3cbaa6\" data-element_type=\"column\" data-e-type=\"column\">\n\t\t\t<div class=\"elementor-widget-wrap elementor-element-populated\">\n\t\t\t\t\t\t<section class=\"elementor-section elementor-inner-section elementor-element elementor-element-53179188 elementor-section-content-middle elementor-section-boxed elementor-section-height-default elementor-section-height-default\" data-id=\"53179188\" data-element_type=\"section\" data-e-type=\"section\">\n\t\t\t\t\t\t<div class=\"elementor-container elementor-column-gap-default\">\n\t\t\t\t\t<div class=\"elementor-column elementor-col-100 elementor-inner-column elementor-element elementor-element-77564b64\" data-id=\"77564b64\" data-element_type=\"column\" data-e-type=\"column\">\n\t\t\t<div class=\"elementor-widget-wrap elementor-element-populated\">\n\t\t\t\t\t\t<div class=\"elementor-element elementor-element-6c398c24 elementor-widget elementor-widget-text-editor\" data-id=\"6c398c24\" data-element_type=\"widget\" data-e-type=\"widget\" data-widget_type=\"text-editor.default\">\n\t\t\t\t<div class=\"elementor-widget-container\">\n\t\t\t\t\t\t\t\t\t<p>Passejarem seguint diversos itineraris per la part hist\u00f2rica de la <strong>ciutat de S\u00f2ria<\/strong> (Castella i Lle\u00f3). En aquest Post una visi\u00f3 general, que es complementa amb tres posts espec\u00edfics m\u00e9s de monuments rellevants de la ciutat.<\/p>\t\t\t\t\t\t\t\t<\/div>\n\t\t\t\t<\/div>\n\t\t\t\t\t<\/div>\n\t\t<\/div>\n\t\t\t\t\t<\/div>\n\t\t<\/section>\n\t\t\t\t<div class=\"elementor-element elementor-element-62f567e7 elementor-widget elementor-widget-heading\" data-id=\"62f567e7\" data-element_type=\"widget\" data-e-type=\"widget\" data-widget_type=\"heading.default\">\n\t\t\t\t<div class=\"elementor-widget-container\">\n\t\t\t\t\t<h1 class=\"elementor-heading-title elementor-size-default\">S\u00f2ria, la ciutat hist\u00f2rica<\/h1>\t\t\t\t<\/div>\n\t\t\t\t<\/div>\n\t\t\t\t\t<\/div>\n\t\t<\/div>\n\t\t\t\t\t<\/div>\n\t\t<\/section>\n\t\t\t\t<section class=\"elementor-section elementor-top-section elementor-element elementor-element-3e83122e elementor-section-boxed elementor-section-height-default elementor-section-height-default\" data-id=\"3e83122e\" data-element_type=\"section\" data-e-type=\"section\">\n\t\t\t\t\t\t<div class=\"elementor-container elementor-column-gap-default\">\n\t\t\t\t\t<div class=\"elementor-column elementor-col-100 elementor-top-column elementor-element elementor-element-5d7965cd\" data-id=\"5d7965cd\" data-element_type=\"column\" data-e-type=\"column\">\n\t\t\t<div class=\"elementor-widget-wrap elementor-element-populated\">\n\t\t\t\t\t\t<div class=\"elementor-element elementor-element-7e8c767f elementor-widget elementor-widget-image\" data-id=\"7e8c767f\" data-element_type=\"widget\" data-e-type=\"widget\" data-widget_type=\"image.default\">\n\t\t\t\t<div class=\"elementor-widget-container\">\n\t\t\t\t\t\t\t\t\t\t\t\t<figure class=\"wp-caption\">\n\t\t\t\t\t\t\t\t\t\t<img fetchpriority=\"high\" decoding=\"async\" width=\"768\" height=\"512\" src=\"https:\/\/www.elturistatranquil.com\/wp-content\/uploads\/F01-0-Vista-de-Soria-y-su-muralla-historica-Google-earth-2024-03-04.jpg\" class=\"attachment-large size-large wp-image-53194\" alt=\"Vista de Soria y su muralla hist\u00f3rica (Google earth 2024-03-04)\" srcset=\"https:\/\/www.elturistatranquil.com\/wp-content\/uploads\/F01-0-Vista-de-Soria-y-su-muralla-historica-Google-earth-2024-03-04.jpg 768w, https:\/\/www.elturistatranquil.com\/wp-content\/uploads\/F01-0-Vista-de-Soria-y-su-muralla-historica-Google-earth-2024-03-04-339x226.jpg 339w\" sizes=\"(max-width: 768px) 100vw, 768px\" \/>\t\t\t\t\t\t\t\t\t\t\t<figcaption class=\"widget-image-caption wp-caption-text\">Vista de S\u00f2ria i la seva muralla hist\u00f2rica (Google earth 2024-03-04)<\/figcaption>\n\t\t\t\t\t\t\t\t\t\t<\/figure>\n\t\t\t\t\t\t\t\t\t<\/div>\n\t\t\t\t<\/div>\n\t\t\t\t<section class=\"elementor-section elementor-inner-section elementor-element elementor-element-3199e12 elementor-section-boxed elementor-section-height-default elementor-section-height-default\" data-id=\"3199e12\" data-element_type=\"section\" data-e-type=\"section\" data-settings=\"{&quot;background_background&quot;:&quot;classic&quot;}\">\n\t\t\t\t\t\t\t<div class=\"elementor-background-overlay\"><\/div>\n\t\t\t\t\t\t\t<div class=\"elementor-container elementor-column-gap-default\">\n\t\t\t\t\t<div class=\"elementor-column elementor-col-100 elementor-inner-column elementor-element elementor-element-5678fe62\" data-id=\"5678fe62\" data-element_type=\"column\" data-e-type=\"column\" data-settings=\"{&quot;background_background&quot;:&quot;classic&quot;}\">\n\t\t\t<div class=\"elementor-widget-wrap elementor-element-populated\">\n\t\t\t\t\t\t<div class=\"elementor-element elementor-element-238db2e3 elementor-widget elementor-widget-text-editor\" data-id=\"238db2e3\" data-element_type=\"widget\" data-e-type=\"widget\" data-widget_type=\"text-editor.default\">\n\t\t\t\t<div class=\"elementor-widget-container\">\n\t\t\t\t\t\t\t\t\t<p>Comarca: Comarca de Soria. Prov\u00edncia: Soria. Com. Aut\u00f2noma: Castilla y Le\u00f3n<\/p><p>Coordenades: 41\u00b046\u203200\u2033N 2\u00b028\u203200\u2033O. Altitud: 1.061 msnm. Poblaci\u00f3: 40.096 habitants (2023)<\/p><p>Web: <a href=\"https:\/\/www.soria.es\/\" target=\"_blank\" rel=\"noopener\">soria<\/a><\/p><p><em>B\u00e9 d&#8217;Inter\u00e8s Cultural (BIC): Conjunt hist\u00f2ric<\/em><\/p><p><em>B\u00e9 d&#8217;Inter\u00e8s Cultural (BIC)<\/em> de diversos monuments<\/p><p>Visita: 2021<\/p>\t\t\t\t\t\t\t\t<\/div>\n\t\t\t\t<\/div>\n\t\t\t\t\t<\/div>\n\t\t<\/div>\n\t\t\t\t\t<\/div>\n\t\t<\/section>\n\t\t\t\t<div class=\"elementor-element elementor-element-5f9e486f elementor-widget elementor-widget-image\" data-id=\"5f9e486f\" data-element_type=\"widget\" data-e-type=\"widget\" data-widget_type=\"image.default\">\n\t\t\t\t<div class=\"elementor-widget-container\">\n\t\t\t\t\t\t\t\t\t\t\t\t<figure class=\"wp-caption\">\n\t\t\t\t\t\t\t\t\t\t<img decoding=\"async\" width=\"768\" height=\"511\" src=\"https:\/\/www.elturistatranquil.com\/wp-content\/uploads\/F02c-Mapa-de-situacio-de-Soria-Google-maps-2024-06-04.jpg\" class=\"attachment-medium_large size-medium_large wp-image-53475\" alt=\"Mapa de situacio de Soria (Google maps 2024-06-04)\" srcset=\"https:\/\/www.elturistatranquil.com\/wp-content\/uploads\/F02c-Mapa-de-situacio-de-Soria-Google-maps-2024-06-04.jpg 768w, https:\/\/www.elturistatranquil.com\/wp-content\/uploads\/F02c-Mapa-de-situacio-de-Soria-Google-maps-2024-06-04-339x226.jpg 339w\" sizes=\"(max-width: 768px) 100vw, 768px\" \/>\t\t\t\t\t\t\t\t\t\t\t<figcaption class=\"widget-image-caption wp-caption-text\">Mapa de situaci\u00f3 de S\u00f2ria (Google maps 2024-01-04)<\/figcaption>\n\t\t\t\t\t\t\t\t\t\t<\/figure>\n\t\t\t\t\t\t\t\t\t<\/div>\n\t\t\t\t<\/div>\n\t\t\t\t<div class=\"elementor-element elementor-element-31ca797e elementor-widget elementor-widget-spacer\" data-id=\"31ca797e\" data-element_type=\"widget\" data-e-type=\"widget\" data-widget_type=\"spacer.default\">\n\t\t\t\t<div class=\"elementor-widget-container\">\n\t\t\t\t\t\t\t<div class=\"elementor-spacer\">\n\t\t\t<div class=\"elementor-spacer-inner\"><\/div>\n\t\t<\/div>\n\t\t\t\t\t\t<\/div>\n\t\t\t\t<\/div>\n\t\t\t\t<div class=\"elementor-element elementor-element-61159440 elementor-toc--minimized-on-tablet elementor-widget elementor-widget-table-of-contents\" data-id=\"61159440\" data-element_type=\"widget\" data-e-type=\"widget\" data-settings=\"{&quot;headings_by_tags&quot;:[&quot;h2&quot;,&quot;h3&quot;,&quot;h4&quot;],&quot;marker_view&quot;:&quot;bullets&quot;,&quot;icon&quot;:{&quot;value&quot;:&quot;&quot;,&quot;library&quot;:&quot;&quot;},&quot;no_headings_message&quot;:&quot;No s&#039;ha trobat cap encap\\u00e7alament en aquesta p\\u00e0gina.&quot;,&quot;minimize_box&quot;:&quot;yes&quot;,&quot;minimized_on&quot;:&quot;tablet&quot;,&quot;hierarchical_view&quot;:&quot;yes&quot;,&quot;min_height&quot;:{&quot;unit&quot;:&quot;px&quot;,&quot;size&quot;:&quot;&quot;,&quot;sizes&quot;:[]},&quot;min_height_tablet&quot;:{&quot;unit&quot;:&quot;px&quot;,&quot;size&quot;:&quot;&quot;,&quot;sizes&quot;:[]},&quot;min_height_mobile&quot;:{&quot;unit&quot;:&quot;px&quot;,&quot;size&quot;:&quot;&quot;,&quot;sizes&quot;:[]}}\" data-widget_type=\"table-of-contents.default\">\n\t\t\t\t<div class=\"elementor-widget-container\">\n\t\t\t\t\t\t\t\t\t<div class=\"elementor-toc__header\">\n\t\t\t\t\t\t<h4 class=\"elementor-toc__header-title\">\n\t\t\t\t\u00cdndex\t\t\t<\/h4>\n\t\t\t\t\t\t\t\t\t\t<div class=\"elementor-toc__toggle-button elementor-toc__toggle-button--expand\" role=\"button\" tabindex=\"0\" aria-controls=\"elementor-toc__61159440\" aria-expanded=\"true\" aria-label=\"Open table of contents\"><i aria-hidden=\"true\" class=\"fas fa-chevron-down\"><\/i><\/div>\n\t\t\t\t<div class=\"elementor-toc__toggle-button elementor-toc__toggle-button--collapse\" role=\"button\" tabindex=\"0\" aria-controls=\"elementor-toc__61159440\" aria-expanded=\"true\" aria-label=\"Close table of contents\"><i aria-hidden=\"true\" class=\"fas fa-chevron-up\"><\/i><\/div>\n\t\t\t\t\t<\/div>\n\t\t\t\t<div id=\"elementor-toc__61159440\" class=\"elementor-toc__body\">\n\t\t\t<div class=\"elementor-toc__spinner-container\">\n\t\t\t\t<i class=\"elementor-toc__spinner eicon-animation-spin eicon-loading\" aria-hidden=\"true\"><\/i>\t\t\t<\/div>\n\t\t<\/div>\n\t\t\t\t\t\t<\/div>\n\t\t\t\t<\/div>\n\t\t\t\t<div class=\"elementor-element elementor-element-2f1fdddb elementor-widget elementor-widget-menu-anchor\" data-id=\"2f1fdddb\" data-element_type=\"widget\" data-e-type=\"widget\" data-widget_type=\"menu-anchor.default\">\n\t\t\t\t<div class=\"elementor-widget-container\">\n\t\t\t\t\t\t\t<div class=\"elementor-menu-anchor\" id=\"a0101-EnlaceaunpuntodentrodelPost\"><\/div>\n\t\t\t\t\t\t<\/div>\n\t\t\t\t<\/div>\n\t\t\t\t<div class=\"elementor-element elementor-element-73fda203 elementor-widget elementor-widget-spacer\" data-id=\"73fda203\" data-element_type=\"widget\" data-e-type=\"widget\" data-widget_type=\"spacer.default\">\n\t\t\t\t<div class=\"elementor-widget-container\">\n\t\t\t\t\t\t\t<div class=\"elementor-spacer\">\n\t\t\t<div class=\"elementor-spacer-inner\"><\/div>\n\t\t<\/div>\n\t\t\t\t\t\t<\/div>\n\t\t\t\t<\/div>\n\t\t\t\t<div class=\"elementor-element elementor-element-5534d28d elementor-widget elementor-widget-heading\" data-id=\"5534d28d\" data-element_type=\"widget\" data-e-type=\"widget\" data-widget_type=\"heading.default\">\n\t\t\t\t<div class=\"elementor-widget-container\">\n\t\t\t\t\t<h2 class=\"elementor-heading-title elementor-size-default\">S\u00f2ria, la ciutat hist\u00f2rica<\/h2>\t\t\t\t<\/div>\n\t\t\t\t<\/div>\n\t\t\t\t<div class=\"elementor-element elementor-element-3318bd48 elementor-widget elementor-widget-text-editor\" data-id=\"3318bd48\" data-element_type=\"widget\" data-e-type=\"widget\" data-widget_type=\"text-editor.default\">\n\t\t\t\t<div class=\"elementor-widget-container\">\n\t\t\t\t\t\t\t\t\t<p>En aquest Post ens aturarem en una de les capitals de prov\u00edncia m\u00e9s petites, amb 40.096 habitants, nom\u00e9s superada per <a href=\"https:\/\/www.elturistatranquil.com\/ca\/un-dia-a-terol\/\" target=\"_blank\" rel=\"noopener\">Terol<\/a>, per\u00f2 amb una impressionant hist\u00f2ria.<\/p><p>L&#8217;inter\u00e8s excepcional que alguns elements hist\u00f2rics de <strong>S\u00f2ria<\/strong> m&#8217;han portat a presentar aquesta ciutat de forma fraccionada a diversos Posts per poder-los donar m\u00e9s real\u00e7.<\/p><p>Una panor\u00e0mica general de la ciutat hist\u00f2rica de S\u00f2ria est\u00e0 continguda en aquest Post que el lector est\u00e0 llegint sota la forma de passejades per la ciutat. Es complementa amb tres Posts m\u00e9s, dedicats a obres concretes: <strong><a href=\"https:\/\/www.elturistatranquil.com\/ca\/esglesies-romanic-gotiques-de-la-ciutat-de-soria\/\" target=\"_blank\" rel=\"noopener\">Esgl\u00e9sies rom\u00e0nic-g\u00f2tiques de la ciutat de S\u00f2ria<\/a>, <a href=\"https:\/\/www.elturistatranquil.com\/ca\/monestir-de-san-juan-de-duero-soria\/\" target=\"_blank\" rel=\"noopener\">Monestir de San Juan de Duero<\/a> i <a href=\"https:\/\/www.elturistatranquil.com\/ca\/ermita-de-sant-saturi-soria\/\" target=\"_blank\" rel=\"noopener\">Ermita de Sant Saturi<\/a>.<\/strong><\/p>\t\t\t\t\t\t\t\t<\/div>\n\t\t\t\t<\/div>\n\t\t\t\t<div class=\"elementor-element elementor-element-72291aee elementor-widget elementor-widget-heading\" data-id=\"72291aee\" data-element_type=\"widget\" data-e-type=\"widget\" data-widget_type=\"heading.default\">\n\t\t\t\t<div class=\"elementor-widget-container\">\n\t\t\t\t\t<h2 class=\"elementor-heading-title elementor-size-default\">El territori<\/h2>\t\t\t\t<\/div>\n\t\t\t\t<\/div>\n\t\t\t\t<div class=\"elementor-element elementor-element-fe340df elementor-widget elementor-widget-text-editor\" data-id=\"fe340df\" data-element_type=\"widget\" data-e-type=\"widget\" data-widget_type=\"text-editor.default\">\n\t\t\t\t<div class=\"elementor-widget-container\">\n\t\t\t\t\t\t\t\t\t<p>Situada en ple Sistema Ib\u00e8ric, a la part nord, \u00e9s la segona capital de prov\u00edncia localitzada a major altitud, a 1.064 msnm, per sota de la ciutat d&#8217;\u00c0vila (1.130 msnm).<\/p><p>Si relacionem la posici\u00f3 de S\u00f2ria al mapa de situaci\u00f3 del principi del text amb el conjunt de mapes que s&#8217;ofereixen al Post <a href=\"https:\/\/www.elturistatranquil.com\/ca\/estructures-territorials-a-lespanya-peninsular\/\" target=\"_blank\" rel=\"noopener\">Estructures territorials a l\u2019Espanya peninsular<\/a>, podrem fer-nos una idea dels condicionants geogr\u00e0fics i hist\u00f2rics m\u00e9s rellevants en qu\u00e8 es troba emmarcada.<\/p><p>Remarquem que, en ple Sistema Ib\u00e8ric, se situa en un lloc important de pas especialment entre la Meseta nord, la vall de l&#8217;Ebre i les rutes cap a Fran\u00e7a. La seva posici\u00f3 de v\u00e8rtex com a lloc de frontera entre els regnes de Castella, Arag\u00f3 i Navarra, la va convertir en lloc de conflicte per la seva possessi\u00f3 pels tres regnes. Finalment, des de 1134 queda integrada al regne de Castella.<\/p>\t\t\t\t\t\t\t\t<\/div>\n\t\t\t\t<\/div>\n\t\t\t\t<div class=\"elementor-element elementor-element-048a83c elementor-widget elementor-widget-heading\" data-id=\"048a83c\" data-element_type=\"widget\" data-e-type=\"widget\" data-widget_type=\"heading.default\">\n\t\t\t\t<div class=\"elementor-widget-container\">\n\t\t\t\t\t<h2 class=\"elementor-heading-title elementor-size-default\">Una mica d'hist\u00f2ria<\/h2>\t\t\t\t<\/div>\n\t\t\t\t<\/div>\n\t\t\t\t<div class=\"elementor-element elementor-element-2ed35e0 elementor-widget elementor-widget-text-editor\" data-id=\"2ed35e0\" data-element_type=\"widget\" data-e-type=\"widget\" data-widget_type=\"text-editor.default\">\n\t\t\t\t<div class=\"elementor-widget-container\">\n\t\t\t\t\t\t\t\t\t<p>Hi ha indicis al tur\u00f3 del Castell que S\u00f2ria estava ocupada des de l&#8217;Edat del Ferro.<\/p><p>En territori dels arevacs, amb capital a Numantia, a 8 quil\u00f2metres al nord, no va destacar fins a ser conquerida pels \u00e0rabs a mitjan segle IX. Es t\u00e9 not\u00edcia que l&#8217;any 868 existia com a localitat \u00e0rab.<\/p><p>Va ser lloc de pugna entre moros i cristians com a cap de <em>Estremadura<\/em>, alternant en el seu domini, fins que el 1079 Al-K\u00e1dir cedeix S\u00f2ria a Alfonso VI de Lle\u00f3 y Castella, procedint-se al seu repoblament.<\/p><p>S\u00f2ria adquireix r\u00e0pida i not\u00f2ria influ\u00e8ncia a l&#8217;altimeseta de l&#8217;Alt Duero en ser <em>&#8220;Cabeza&#8221; de pueblos, ciudades y villas que conformaban tanto esta Estremadura como &#8220;la Tierra de Soria&#8221;<\/em>, instituci\u00f3 que perdura avui dia amb el nom de <em>&#8220;Mancomunidad de los 150 Pueblos&#8221;.<\/em><\/p><p>Com ja he assenyalat, la posici\u00f3 fronterera de S\u00f2ria amb els regnes de Navarra i Arag\u00f3 van ser un determinant hist\u00f2ric important a les pugnes per establir i defensar les fronteres entre aquests regnes i el de Castella al llarg de tota l&#8217;Edat Mitjana.<\/p><p>Despr\u00e9s de la separaci\u00f3 d&#8217;Urraca I de Castella i Alfons I d&#8217;Arag\u00f3 el 1114, \u00e9s incorporada a la corona d&#8217;Arag\u00f3. El 1119 el rei autoritza la vila per tenir mercat setmanal.<\/p><p>Finalment, despr\u00e9s de les reclamacions d&#8217;Alfonso VII de Castella \u00e9s cedida definitivament a Castella el 1134.<\/p><p>En \u00e8poca de turbul\u00e8ncies per la successi\u00f3 al regne de Castella, el 1159, en optar la vila per Alfonso VIII, lloc on havia nascut, aquest, en agra\u00efment, va concedir a la vila furs per la seva lleialtat.<\/p><p>La m\u00e0xima import\u00e0ncia de S\u00f2ria estar\u00e0 vinculada a la Mesta des del segle XIII, constituint una de les \u201cestremadures\u201d dels recorreguts ramaders transhumants a l&#8217;encap\u00e7alament del Duero. La transcend\u00e8ncia de la Mesta a la zona donar\u00e0 origen a la florida d&#8217;una important noblesa agr\u00edcola i ramadera, que es reflecteix als palaus i cases blasonades que es distribueixen per la ciutat.<\/p><p>Sembla que aquest fet \u00e9s el que explicaria el lema <em>\u201cSoria Pura Cabeza de Estremadura\u201d<\/em> a l&#8217;escut de la ciutat, al qual, a S\u00f2ria Pura, com a s\u00edmbol de puresa de sang, s&#8217;hi afegeix Cap de Estremadura, reflex de la import\u00e0ncia en la estructura de la Mesta. A l&#8217;escut es reflecteix tamb\u00e9 un castell com a significaci\u00f3 del seu paper de frontera, i l&#8217;ef\u00edgie d&#8217;Alfonso VIII, molt vinculat a la ciutat.<\/p>\t\t\t\t\t\t\t\t<\/div>\n\t\t\t\t<\/div>\n\t\t\t\t<div class=\"elementor-element elementor-element-77c2d1d9 elementor-widget elementor-widget-image\" data-id=\"77c2d1d9\" data-element_type=\"widget\" data-e-type=\"widget\" data-widget_type=\"image.default\">\n\t\t\t\t<div class=\"elementor-widget-container\">\n\t\t\t\t\t\t\t\t\t\t\t\t<figure class=\"wp-caption\">\n\t\t\t\t\t\t\t\t\t\t<img decoding=\"async\" width=\"378\" height=\"486\" src=\"https:\/\/www.elturistatranquil.com\/wp-content\/uploads\/F03-Escudo-de-Soria.jpg\" class=\"attachment-large size-large wp-image-53198\" alt=\"Escudo de Soria\" srcset=\"https:\/\/www.elturistatranquil.com\/wp-content\/uploads\/F03-Escudo-de-Soria.jpg 378w, https:\/\/www.elturistatranquil.com\/wp-content\/uploads\/F03-Escudo-de-Soria-176x226.jpg 176w\" sizes=\"(max-width: 378px) 100vw, 378px\" \/>\t\t\t\t\t\t\t\t\t\t\t<figcaption class=\"widget-image-caption wp-caption-text\"><\/figcaption>\n\t\t\t\t\t\t\t\t\t\t<\/figure>\n\t\t\t\t\t\t\t\t\t<\/div>\n\t\t\t\t<\/div>\n\t\t\t\t<div class=\"elementor-element elementor-element-5adb39cb elementor-widget elementor-widget-text-editor\" data-id=\"5adb39cb\" data-element_type=\"widget\" data-e-type=\"widget\" data-widget_type=\"text-editor.default\">\n\t\t\t\t<div class=\"elementor-widget-container\">\n\t\t\t\t\t\t\t\t\t<p>El 1256 Alfonso X li concedeix el Fur Reial, amb un govern local basat en dues institucions, la dels Cavallers Hijosdalgo dels Dotze Llinatges i el Com\u00fa de Ve\u00efns, vigent fins al 1.863. Tenia en aquell moment 777 ve\u00efns, uns 3.100 habitants.<\/p><p>La import\u00e0ncia de S\u00f2ria en aquests segles de l&#8217;Edat Mitjana es manifesta a les mostres valuoses d&#8217;art rom\u00e0nic que es distribueixen per la ciutat.<\/p><p>La situaci\u00f3 de S\u00f2ria al v\u00e8rtex dels tres regnes medievals, amb un important paper de la llana, va fer florir el comer\u00e7 amb la pres\u00e8ncia d&#8217;un important call jueu.<\/p><p>A mitjans segle XIV S\u00f2ria passa de ser vila a ciutat.<\/p><p>Es considera que la decad\u00e8ncia econ\u00f2mica de S\u00f2ria es va derivar de l&#8217;expulsi\u00f3 dels jueus el 1492, amb una p\u00e8rdua de poblaci\u00f3 que alguns arriben a estimar en un 25%.<\/p><p>A m\u00e9s, la uni\u00f3 din\u00e0stica d&#8217;Espanya despr\u00e9s dels Reis Cat\u00f2lics va comportar que S\u00f2ria deix\u00e9s de ser un enclavament estrat\u00e8gic, amb la p\u00e8rdua conseg\u00fcent d&#8217;influ\u00e8ncia.<\/p><p>S\u00f2ria opta per adherir-se al moviment dels Comuneros, oposant-se a Carlos V en el moment del seu al\u00e7ament (1520-1522).<\/p><p>Durant aquests segles continua la decad\u00e8ncia econ\u00f2mica, paral\u00b7lela a la p\u00e8rdua d&#8217;import\u00e0ncia de la Mesta i del comer\u00e7 de la llana.<\/p><p>Arriba a algun protagonisme estrat\u00e8gic com a l\u00ednia fronterera en 1706 durant la Guerra de Successi\u00f3, posant-se del costat de Felip V.<\/p><p>A la Guerra del Franc\u00e8s, el 22 de novembre de 1808, les tropes franceses van saquejar la ciutat i van incendiar bona part dels edificis. No tornar\u00e0 a ser reconquerida fins al 1812.<\/p><p>El segueix un per\u00edode de decad\u00e8ncia demogr\u00e0fica i econ\u00f2mica, de la qual no es recuperar\u00e0 fins a la segona meitat del segle XIX. Al cens de 1842 comptava amb 942 llars i 5400 ve\u00efns. A m\u00e9s, el 1836 s&#8217;haur\u00e0 suprimit la instituci\u00f3 del Consell de la Mesta i el final de la Cabana Reial, cosa que enfonsa la ramaderia, principal font de riquesa per a S\u00f2ria.<\/p><p>A finals segle XIX es posen esperances que l&#8217;arribada del ferrocarril, a la l\u00ednia Torralba-S\u00f2ria, serveixi d&#8217;esper\u00f3 per a l&#8217;economia.<\/p><p>Fins al 2012 la ciutat va anar creixent i arriba als 40,147 habitants. A partir d&#8217;aquest any sembla haver-se estancat (40,096 habitants el 2023).<\/p><p>La ciutat lluita per mantenir-se en un context territorial desfavorable que afecta gran part de les terres del Sistema Ib\u00e8ric, en condicions clim\u00e0tiques i de localitzaci\u00f3 desfavorables, fora dels eixos econ\u00f2mics i de comunicacions. L&#8217;any 2023, la ciutat de S\u00f2ria encara no est\u00e0 connectada a la xarxa d&#8217;autovies espanyoles, ni d&#8217;aquell AVE que havia de passar per totes les capitals de prov\u00edncia.<\/p><p>Es posen les esperances que el turisme, aprofitant el gran potencial historicoart\u00edstic de la ciutat i la prov\u00edncia, pugui servir de motor econ\u00f2mic.<\/p>\t\t\t\t\t\t\t\t<\/div>\n\t\t\t\t<\/div>\n\t\t\t\t<div class=\"elementor-element elementor-element-c510019 elementor-widget elementor-widget-heading\" data-id=\"c510019\" data-element_type=\"widget\" data-e-type=\"widget\" data-widget_type=\"heading.default\">\n\t\t\t\t<div class=\"elementor-widget-container\">\n\t\t\t\t\t<h2 class=\"elementor-heading-title elementor-size-default\">Urbanisme de S\u00f2ria<\/h2>\t\t\t\t<\/div>\n\t\t\t\t<\/div>\n\t\t\t\t<div class=\"elementor-element elementor-element-822ac27 elementor-widget elementor-widget-text-editor\" data-id=\"822ac27\" data-element_type=\"widget\" data-e-type=\"widget\" data-widget_type=\"text-editor.default\">\n\t\t\t\t<div class=\"elementor-widget-container\">\n\t\t\t\t\t\t\t\t\t<p>Amb antecedents de poblaci\u00f3 \u00e0rab, l&#8217;urbanisme de la ciutat vella de S\u00f2ria \u00e9s clarament de tipus medieval, amb carrers estrets i irregulars m\u00e9s o menys adaptats a l&#8217;orografia, on part dels carrers principals es dirigeixen a les portes de la muralla, com \u00e9s la norma.<\/p><p>Situada en un t\u00e0lveg entre dos turons, com s&#8217;observa a la fotografia feta des de llevant. Per aquest t\u00e0lveg descendia fins al riu una \u00e0mplia i llarga canyada reial que, provinent de la Meseta portava fins a les terres altes de la estremadura del Sistema Ib\u00e8ric, a l&#8217;altra banda del Duero.<\/p><p>Al sud (a l&#8217;esquerra de la fotografia) el castell. Al nord (a la dreta) el tur\u00f3 del Mir\u00f3n, amb l&#8217;ermita de la Mare de D\u00e9u del Mir\u00f3n i el mirador dels Quatre Vents. El t\u00e0lveg forma un altipl\u00e0 que s&#8217;eleva suaument cap a ponent; per aquest costat de l&#8217;altipl\u00e0 \u00e9s per on ha anat creixent la ciutat fora muralles. Cap a llevant (la perspectiva que es veu a la imatge), baixa cap al marge del riu Duero.<\/p><p>El castell es trobava situat sobre un tur\u00f3 al marge dret del riu Duero, mentre que la tanca s&#8217;estenia cap al nord, amb el mur del costat de llevant seguint la llera del riu, envoltant el caseriu seguint per les cotes m\u00e9s elevades per no deixar cap flanc exterior a m\u00e9s altura.<\/p>\t\t\t\t\t\t\t\t<\/div>\n\t\t\t\t<\/div>\n\t\t\t\t<div class=\"elementor-element elementor-element-9ce0332 elementor-widget elementor-widget-image\" data-id=\"9ce0332\" data-element_type=\"widget\" data-e-type=\"widget\" data-widget_type=\"image.default\">\n\t\t\t\t<div class=\"elementor-widget-container\">\n\t\t\t\t\t\t\t\t\t\t\t\t<figure class=\"wp-caption\">\n\t\t\t\t\t\t\t\t\t\t<img loading=\"lazy\" decoding=\"async\" width=\"768\" height=\"264\" src=\"https:\/\/www.elturistatranquil.com\/wp-content\/uploads\/F04-Soria.jpg\" class=\"attachment-large size-large wp-image-53200\" alt=\"Soria\" srcset=\"https:\/\/www.elturistatranquil.com\/wp-content\/uploads\/F04-Soria.jpg 768w, https:\/\/www.elturistatranquil.com\/wp-content\/uploads\/F04-Soria-339x117.jpg 339w\" sizes=\"(max-width: 768px) 100vw, 768px\" \/>\t\t\t\t\t\t\t\t\t\t\t<figcaption class=\"widget-image-caption wp-caption-text\"><\/figcaption>\n\t\t\t\t\t\t\t\t\t\t<\/figure>\n\t\t\t\t\t\t\t\t\t<\/div>\n\t\t\t\t<\/div>\n\t\t\t\t<div class=\"elementor-element elementor-element-7d99c43 elementor-widget elementor-widget-text-editor\" data-id=\"7d99c43\" data-element_type=\"widget\" data-e-type=\"widget\" data-widget_type=\"text-editor.default\">\n\t\t\t\t<div class=\"elementor-widget-container\">\n\t\t\t\t\t\t\t\t\t<p>Els dos vessants dels turons no van ser mai ocupats, restringint-se l&#8217;assentament d&#8217;habitatges a la part central del t\u00e0lveg.<\/p><p>El resultat \u00e9s una ocupaci\u00f3 a l&#8217;interior de la muralla formant una mena de \u201cT\u201d decantada cap a ponent.<\/p><p>Per la seva banda, el creixement va anar produint-se fora muralla, estenent-se cap a ponent per l&#8217;altipl\u00e0. Primer en un raval sobre la muralla occidental, potenciat amb l&#8217;autoritzaci\u00f3 el 1525 de construir habitatges adossats a la muralla, per anar despr\u00e9s estenent-se en dos eixos cap al nord-oest i el sud-oest. Si observem la vista zenital del mapa actual de la ciutat de S\u00f2ria, considerant la gran zona verda que significa el parc l&#8217;Albereda de Cervantes, sembla una forma de \u201cA\u201d decantada en direcci\u00f3 a llevant.<\/p>\t\t\t\t\t\t\t\t<\/div>\n\t\t\t\t<\/div>\n\t\t\t\t<div class=\"elementor-element elementor-element-78155e3 elementor-widget elementor-widget-image\" data-id=\"78155e3\" data-element_type=\"widget\" data-e-type=\"widget\" data-widget_type=\"image.default\">\n\t\t\t\t<div class=\"elementor-widget-container\">\n\t\t\t\t\t\t\t\t\t\t\t\t<figure class=\"wp-caption\">\n\t\t\t\t\t\t\t\t\t\t<img loading=\"lazy\" decoding=\"async\" width=\"552\" height=\"511\" src=\"https:\/\/www.elturistatranquil.com\/wp-content\/uploads\/F05a-Murallay-arterias-historicas-de-Soria.jpg\" class=\"attachment-large size-large wp-image-53202\" alt=\"Muralla y arterias historicas de Soria\" srcset=\"https:\/\/www.elturistatranquil.com\/wp-content\/uploads\/F05a-Murallay-arterias-historicas-de-Soria.jpg 552w, https:\/\/www.elturistatranquil.com\/wp-content\/uploads\/F05a-Murallay-arterias-historicas-de-Soria-244x226.jpg 244w\" sizes=\"(max-width: 552px) 100vw, 552px\" \/>\t\t\t\t\t\t\t\t\t\t\t<figcaption class=\"widget-image-caption wp-caption-text\"><\/figcaption>\n\t\t\t\t\t\t\t\t\t\t<\/figure>\n\t\t\t\t\t\t\t\t\t<\/div>\n\t\t\t\t<\/div>\n\t\t\t\t<div class=\"elementor-element elementor-element-5045583 elementor-widget elementor-widget-image\" data-id=\"5045583\" data-element_type=\"widget\" data-e-type=\"widget\" data-widget_type=\"image.default\">\n\t\t\t\t<div class=\"elementor-widget-container\">\n\t\t\t\t\t\t\t\t\t\t\t\t<figure class=\"wp-caption\">\n\t\t\t\t\t\t\t\t\t\t<img loading=\"lazy\" decoding=\"async\" width=\"768\" height=\"512\" src=\"https:\/\/www.elturistatranquil.com\/wp-content\/uploads\/F05b-Murallas-puertas-calles-principales-de-Soria-sobre-Google-earth-2024-03-04.jpg\" class=\"attachment-large size-large wp-image-53204\" alt=\"Murallas, puertas, calles principales de Soria (sobre Google earth 2024-03-04)\" srcset=\"https:\/\/www.elturistatranquil.com\/wp-content\/uploads\/F05b-Murallas-puertas-calles-principales-de-Soria-sobre-Google-earth-2024-03-04.jpg 768w, https:\/\/www.elturistatranquil.com\/wp-content\/uploads\/F05b-Murallas-puertas-calles-principales-de-Soria-sobre-Google-earth-2024-03-04-339x226.jpg 339w\" sizes=\"(max-width: 768px) 100vw, 768px\" \/>\t\t\t\t\t\t\t\t\t\t\t<figcaption class=\"widget-image-caption wp-caption-text\">(Sobre Google earth 2024-03-04)<\/figcaption>\n\t\t\t\t\t\t\t\t\t\t<\/figure>\n\t\t\t\t\t\t\t\t\t<\/div>\n\t\t\t\t<\/div>\n\t\t\t\t<div class=\"elementor-element elementor-element-4b88267 elementor-widget elementor-widget-text-editor\" data-id=\"4b88267\" data-element_type=\"widget\" data-e-type=\"widget\" data-widget_type=\"text-editor.default\">\n\t\t\t\t<div class=\"elementor-widget-container\">\n\t\t\t\t\t\t\t\t\t<p>Les l\u00ednies grogues corresponen a una interpretaci\u00f3 de <a href=\"http:\/\/soria-goig.com\/historia\/HistSoria%20Archivada\/murallaDeSoria.htm#puertas\" target=\"_blank\" rel=\"noopener\">Jos\u00e9 Ignacio Esteban Jauregui<\/a> de quins havien de ser els eixos principals de la ciutat medieval que unien les cinc portes principals, i que conflu\u00efen sobre el pont del Duero a llevant.<\/p><p>Tot i que veiem la gran extensi\u00f3 exterior que ocupa la S\u00f2ria actual, la ciutat hist\u00f2rica ha mantingut el centre urb\u00e0 al mateix lloc, ocupant la Pla\u00e7a Major, alhora que l&#8217;eix dels carrers Marqu\u00e9s de Vadillo-El Collado, conserva el seu esperit de carrer principal, potenciat per la pres\u00e8ncia de turistes. Es mant\u00e9, per tant, un centre hist\u00f2ric viu i din\u00e0mic.<\/p><p>Facilita aquesta din\u00e0mica que la pla\u00e7a Mariano Granados i l&#8217;Albereda de Cervantes constitueixin la prolongaci\u00f3 de l&#8217;eix antic, i queden perfectament integrats en un continu urban\u00edstic entre la ciutat vella i la nova.<\/p><p>Amb aquests elements anir\u00e9 passejant per S\u00f2ria.<\/p><p>Recordem que aquesta presentaci\u00f3 general de la ciutat es complementa amb tres Posts m\u00e9s: : <a href=\"https:\/\/www.elturistatranquil.com\/ca\/esglesies-romanic-gotiques-de-la-ciutat-de-soria\/\" target=\"_blank\" rel=\"noopener\"><strong>Esgl\u00e9sies rom\u00e0nic-g\u00f2tiques de la ciutat de S\u00f2ria<\/strong><\/a>, <a href=\"https:\/\/www.elturistatranquil.com\/ca\/monestir-de-san-juan-de-duero-soria\/\" target=\"_blank\" rel=\"noopener\"><strong>Monestir de San Juan de Duero<\/strong><\/a> i <a href=\"https:\/\/www.elturistatranquil.com\/ca\/ermita-de-sant-saturi-soria\/\" target=\"_blank\" rel=\"noopener\"><strong>Ermita de Sant Saturi<\/strong><\/a>.<\/p>\t\t\t\t\t\t\t\t<\/div>\n\t\t\t\t<\/div>\n\t\t\t\t<div class=\"elementor-element elementor-element-046ea27 elementor-widget elementor-widget-heading\" data-id=\"046ea27\" data-element_type=\"widget\" data-e-type=\"widget\" data-widget_type=\"heading.default\">\n\t\t\t\t<div class=\"elementor-widget-container\">\n\t\t\t\t\t<h2 class=\"elementor-heading-title elementor-size-default\">La visita a S\u00f2ria<\/h2>\t\t\t\t<\/div>\n\t\t\t\t<\/div>\n\t\t\t\t<div class=\"elementor-element elementor-element-2de18a0 elementor-widget elementor-widget-text-editor\" data-id=\"2de18a0\" data-element_type=\"widget\" data-e-type=\"widget\" data-widget_type=\"text-editor.default\">\n\t\t\t\t<div class=\"elementor-widget-container\">\n\t\t\t\t\t\t\t\t\t<p>Per organitzar la presentaci\u00f3 de la visita he establert set recorreguts amb els punts de visita corresponents. El visitant es pot organitzar al vostre gust, tenint en compte que el recorregut m\u00e9s allunyat des del punt pres com a centre de refer\u00e8ncia, a la <strong>pla\u00e7a Mariano Granados<\/strong> (<strong>punt blau<\/strong>), \u00e9s d&#8217;uns 15 minuts. Nom\u00e9s es troben una mica m\u00e9s allunyades les visites al marge esquerre del Duero, les presentades a l&#8217;\u00faltim apartat.<\/p><p>Un al\u00b7licient per al visitant \u00e9s que tota la ciutat antiga \u00e9s de vianants, sense cotxes que molestin el caminar, ni interrompin el paisatge urb\u00e0.<\/p><p><em>L\u00ednies grogues: recorreguts. <\/em><em>N\u00fameros en lila: refer\u00e8ncies de visita. <\/em><em>L\u00ednia vermella: muralla i castell. <\/em><em>Punts vermells amb quadrat blanc: portes hist\u00f2riques de la muralla.<\/em><\/p>\t\t\t\t\t\t\t\t<\/div>\n\t\t\t\t<\/div>\n\t\t\t\t<div class=\"elementor-element elementor-element-dd2e306 elementor-widget elementor-widget-html\" data-id=\"dd2e306\" data-element_type=\"widget\" data-e-type=\"widget\" data-widget_type=\"html.default\">\n\t\t\t\t<div class=\"elementor-widget-container\">\n\t\t\t\t\t<iframe src=\"https:\/\/www.google.com\/maps\/d\/embed?mid=1AAZxLkxpTZX28xZkBFCsDxSgoi659aY&ehbc=2E312F&noprof=1\" width=\"640\" height=\"480\"><\/iframe>\t\t\t\t<\/div>\n\t\t\t\t<\/div>\n\t\t\t\t<div class=\"elementor-element elementor-element-dcbc157 elementor-widget elementor-widget-heading\" data-id=\"dcbc157\" data-element_type=\"widget\" data-e-type=\"widget\" data-widget_type=\"heading.default\">\n\t\t\t\t<div class=\"elementor-widget-container\">\n\t\t\t\t\t<h3 class=\"elementor-heading-title elementor-size-default\">Pla\u00e7a Mariano Granados, carrer Marqu\u00e9s de Vadillo, carrer de El Collado, pla\u00e7a Mayor i carrer Mayor <\/h3>\t\t\t\t<\/div>\n\t\t\t\t<\/div>\n\t\t\t\t<div class=\"elementor-element elementor-element-928062f elementor-widget elementor-widget-text-editor\" data-id=\"928062f\" data-element_type=\"widget\" data-e-type=\"widget\" data-widget_type=\"text-editor.default\">\n\t\t\t\t<div class=\"elementor-widget-container\">\n\t\t\t\t\t\t\t\t\t<p>Fora muralles, a la <strong>pla\u00e7a Mariano Granados<\/strong> (<strong>punt blau<\/strong>), comen\u00e7o el primer itinerari en direcci\u00f3 a llevant que em portar\u00e0 a la <strong>pla\u00e7a Major<\/strong>.<\/p><p>Pel fons s&#8217;entra al <strong>carrer marqu\u00e8s de Vadillo<\/strong>.<\/p>\t\t\t\t\t\t\t\t<\/div>\n\t\t\t\t<\/div>\n\t\t\t\t<div class=\"elementor-element elementor-element-3d90cfd elementor-widget elementor-widget-image\" data-id=\"3d90cfd\" data-element_type=\"widget\" data-e-type=\"widget\" data-widget_type=\"image.default\">\n\t\t\t\t<div class=\"elementor-widget-container\">\n\t\t\t\t\t\t\t\t\t\t\t\t<figure class=\"wp-caption\">\n\t\t\t\t\t\t\t\t\t\t<img loading=\"lazy\" decoding=\"async\" width=\"768\" height=\"512\" src=\"https:\/\/www.elturistatranquil.com\/wp-content\/uploads\/F06-plaza-Mariano-Granados-Soria.jpg\" class=\"attachment-large size-large wp-image-53206\" alt=\"plaza Mariano Granados, Soria\" srcset=\"https:\/\/www.elturistatranquil.com\/wp-content\/uploads\/F06-plaza-Mariano-Granados-Soria.jpg 768w, https:\/\/www.elturistatranquil.com\/wp-content\/uploads\/F06-plaza-Mariano-Granados-Soria-339x226.jpg 339w\" sizes=\"(max-width: 768px) 100vw, 768px\" \/>\t\t\t\t\t\t\t\t\t\t\t<figcaption class=\"widget-image-caption wp-caption-text\"><\/figcaption>\n\t\t\t\t\t\t\t\t\t\t<\/figure>\n\t\t\t\t\t\t\t\t\t<\/div>\n\t\t\t\t<\/div>\n\t\t\t\t<div class=\"elementor-element elementor-element-bc92c0a elementor-widget elementor-widget-text-editor\" data-id=\"bc92c0a\" data-element_type=\"widget\" data-e-type=\"widget\" data-widget_type=\"text-editor.default\">\n\t\t\t\t<div class=\"elementor-widget-container\">\n\t\t\t\t\t\t\t\t\t<p>A continuaci\u00f3, al primer tram del <strong>carrer de El Collado<\/strong>, hi havia hagut una <strong>Portella<\/strong> que no va ser oberta fins al segle XVI, de la qual avui no en queda cap rastre. Haurem entrat ja dins del caseriu murat medieval.<\/p>\t\t\t\t\t\t\t\t<\/div>\n\t\t\t\t<\/div>\n\t\t\t\t<div class=\"elementor-element elementor-element-92fb152 elementor-widget elementor-widget-image\" data-id=\"92fb152\" data-element_type=\"widget\" data-e-type=\"widget\" data-widget_type=\"image.default\">\n\t\t\t\t<div class=\"elementor-widget-container\">\n\t\t\t\t\t\t\t\t\t\t\t\t<figure class=\"wp-caption\">\n\t\t\t\t\t\t\t\t\t\t<img loading=\"lazy\" decoding=\"async\" width=\"768\" height=\"511\" src=\"https:\/\/www.elturistatranquil.com\/wp-content\/uploads\/F07-Calle-Collado-Soria.jpg\" class=\"attachment-large size-large wp-image-53208\" alt=\"Calle Collado, Soria\" srcset=\"https:\/\/www.elturistatranquil.com\/wp-content\/uploads\/F07-Calle-Collado-Soria.jpg 768w, https:\/\/www.elturistatranquil.com\/wp-content\/uploads\/F07-Calle-Collado-Soria-339x226.jpg 339w\" sizes=\"(max-width: 768px) 100vw, 768px\" \/>\t\t\t\t\t\t\t\t\t\t\t<figcaption class=\"widget-image-caption wp-caption-text\"><\/figcaption>\n\t\t\t\t\t\t\t\t\t\t<\/figure>\n\t\t\t\t\t\t\t\t\t<\/div>\n\t\t\t\t<\/div>\n\t\t\t\t<div class=\"elementor-element elementor-element-e8c0f5b elementor-widget elementor-widget-text-editor\" data-id=\"e8c0f5b\" data-element_type=\"widget\" data-e-type=\"widget\" data-widget_type=\"text-editor.default\">\n\t\t\t\t<div class=\"elementor-widget-container\">\n\t\t\t\t\t\t\t\t\t<p>En gran part, els edificis del carrer de El Collado se sustenten sobre pilars quadrats, formant porxos. L\u00b4activitat comercial es mant\u00e9 perfectament viva. Tornarem a trobar els pilars quadrats de les porxades a la pla\u00e7a Major.<\/p>\t\t\t\t\t\t\t\t<\/div>\n\t\t\t\t<\/div>\n\t\t\t\t<div class=\"elementor-element elementor-element-20f72c3 elementor-widget elementor-widget-heading\" data-id=\"20f72c3\" data-element_type=\"widget\" data-e-type=\"widget\" data-widget_type=\"heading.default\">\n\t\t\t\t<div class=\"elementor-widget-container\">\n\t\t\t\t\t<h5 class=\"elementor-heading-title elementor-size-default\">C\u00edrculo Amistad-Numancia<\/h5>\t\t\t\t<\/div>\n\t\t\t\t<\/div>\n\t\t\t\t<div class=\"elementor-element elementor-element-9777216 elementor-widget elementor-widget-text-editor\" data-id=\"9777216\" data-element_type=\"widget\" data-e-type=\"widget\" data-widget_type=\"text-editor.default\">\n\t\t\t\t<div class=\"elementor-widget-container\">\n\t\t\t\t\t\t\t\t\t<p>Un dels punts importants del carrer \u00e9s el <strong>C\u00edrculo Amistad-Numancia<\/strong> (<strong>1<\/strong>), on podrem veure en bronze, assegut llegint un llibre, el <strong>poeta Gerardo Diego<\/strong>.<\/p>\t\t\t\t\t\t\t\t<\/div>\n\t\t\t\t<\/div>\n\t\t\t\t<div class=\"elementor-element elementor-element-3730094 elementor-widget elementor-widget-image\" data-id=\"3730094\" data-element_type=\"widget\" data-e-type=\"widget\" data-widget_type=\"image.default\">\n\t\t\t\t<div class=\"elementor-widget-container\">\n\t\t\t\t\t\t\t\t\t\t\t\t<figure class=\"wp-caption\">\n\t\t\t\t\t\t\t\t\t\t<img loading=\"lazy\" decoding=\"async\" width=\"768\" height=\"512\" src=\"https:\/\/www.elturistatranquil.com\/wp-content\/uploads\/F08-Calle-Collado-Soria.jpg\" class=\"attachment-large size-large wp-image-53210\" alt=\"Calle Collado, Soria\" srcset=\"https:\/\/www.elturistatranquil.com\/wp-content\/uploads\/F08-Calle-Collado-Soria.jpg 768w, https:\/\/www.elturistatranquil.com\/wp-content\/uploads\/F08-Calle-Collado-Soria-339x226.jpg 339w\" sizes=\"(max-width: 768px) 100vw, 768px\" \/>\t\t\t\t\t\t\t\t\t\t\t<figcaption class=\"widget-image-caption wp-caption-text\"><\/figcaption>\n\t\t\t\t\t\t\t\t\t\t<\/figure>\n\t\t\t\t\t\t\t\t\t<\/div>\n\t\t\t\t<\/div>\n\t\t\t\t<div class=\"elementor-element elementor-element-9bae71b elementor-widget elementor-widget-image\" data-id=\"9bae71b\" data-element_type=\"widget\" data-e-type=\"widget\" data-widget_type=\"image.default\">\n\t\t\t\t<div class=\"elementor-widget-container\">\n\t\t\t\t\t\t\t\t\t\t\t\t<figure class=\"wp-caption\">\n\t\t\t\t\t\t\t\t\t\t<img loading=\"lazy\" decoding=\"async\" width=\"768\" height=\"511\" src=\"https:\/\/www.elturistatranquil.com\/wp-content\/uploads\/F09-Escultura-de-Jorge-Guillen-Soria.jpg\" class=\"attachment-large size-large wp-image-53215\" alt=\"Escultura de Jorge Guillen, Soria\" srcset=\"https:\/\/www.elturistatranquil.com\/wp-content\/uploads\/F09-Escultura-de-Jorge-Guillen-Soria.jpg 768w, https:\/\/www.elturistatranquil.com\/wp-content\/uploads\/F09-Escultura-de-Jorge-Guillen-Soria-339x226.jpg 339w\" sizes=\"(max-width: 768px) 100vw, 768px\" \/>\t\t\t\t\t\t\t\t\t\t\t<figcaption class=\"widget-image-caption wp-caption-text\"><\/figcaption>\n\t\t\t\t\t\t\t\t\t\t<\/figure>\n\t\t\t\t\t\t\t\t\t<\/div>\n\t\t\t\t<\/div>\n\t\t\t\t<div class=\"elementor-element elementor-element-72f4f59 elementor-widget elementor-widget-text-editor\" data-id=\"72f4f59\" data-element_type=\"widget\" data-e-type=\"widget\" data-widget_type=\"text-editor.default\">\n\t\t\t\t<div class=\"elementor-widget-container\">\n\t\t\t\t\t\t\t\t\t<p>S\u00f2ria com a ciutat dels poetes \u00e9s un dels atractius que ofereix al visitant: \u201cUn lloc on sentir la poesia\u201d en refer\u00e8ncia a les etapes de les seves vides que van passar a la ciutat <strong>Gustavo Adolfo B\u00e9cquer<\/strong>, <strong>Antonio Machado<\/strong> i <strong>Gerardo Diego<\/strong>.<\/p><p>El <strong>C\u00edrculo Amistad Numancia<\/strong> (<strong>1<\/strong>), el popular <em>Casino<\/em> com se&#8217;l coneix, \u00e9s el resultat de la uni\u00f3 de dues institucions m\u00e9s que centen\u00e0ries. La primera en el temps, el Casino de Num\u00e0ncia, es va constituir a S\u00f2ria el 1848, i definia, en els seus primers Estatuts, el seu fi destinat a \u201cla distracci\u00f3 i passatemps de les persones de bona Societat\u201d, i del Cercle de l&#8217;Amistat, fundat el 1865, amb semblants fins que l&#8217;anterior, \u201cla distracci\u00f3 i la il\u00b7lustraci\u00f3 dels socis que la componen\u201d.<\/p><p>Totes dues van conviure durant molts anys al mateix edifici al c\u00e8ntric carrer de El Collado, fins que el 1961 el Casino de Num\u00e0ncia va ser \u00ababsorbit\u00bb pel Cercle, constituint-se l&#8217;actual Societat.<\/p><p>En arribar a la <strong>pla\u00e7a<\/strong> <strong>el Rosel y San Juan<\/strong> es produeix una trifurcaci\u00f3. Prendrem el costat dret, seguint el <strong>carrer de El Collado<\/strong>, per assolir la <strong>pla\u00e7a Major<\/strong>.<\/p>\t\t\t\t\t\t\t\t<\/div>\n\t\t\t\t<\/div>\n\t\t\t\t<div class=\"elementor-element elementor-element-dc69a04 elementor-widget elementor-widget-image\" data-id=\"dc69a04\" data-element_type=\"widget\" data-e-type=\"widget\" data-widget_type=\"image.default\">\n\t\t\t\t<div class=\"elementor-widget-container\">\n\t\t\t\t\t\t\t\t\t\t\t\t<figure class=\"wp-caption\">\n\t\t\t\t\t\t\t\t\t\t<img loading=\"lazy\" decoding=\"async\" width=\"768\" height=\"511\" src=\"https:\/\/www.elturistatranquil.com\/wp-content\/uploads\/F10-Calle-Collado-Soria.jpg\" class=\"attachment-large size-large wp-image-53217\" alt=\"Calle Collado, Soria\" srcset=\"https:\/\/www.elturistatranquil.com\/wp-content\/uploads\/F10-Calle-Collado-Soria.jpg 768w, https:\/\/www.elturistatranquil.com\/wp-content\/uploads\/F10-Calle-Collado-Soria-339x226.jpg 339w\" sizes=\"(max-width: 768px) 100vw, 768px\" \/>\t\t\t\t\t\t\t\t\t\t\t<figcaption class=\"widget-image-caption wp-caption-text\"><\/figcaption>\n\t\t\t\t\t\t\t\t\t\t<\/figure>\n\t\t\t\t\t\t\t\t\t<\/div>\n\t\t\t\t<\/div>\n\t\t\t\t<div class=\"elementor-element elementor-element-07229f0 elementor-widget elementor-widget-text-editor\" data-id=\"07229f0\" data-element_type=\"widget\" data-e-type=\"widget\" data-widget_type=\"text-editor.default\">\n\t\t\t\t<div class=\"elementor-widget-container\">\n\t\t\t\t\t\t\t\t\t<p>Al centre s&#8217;obre el <strong>carrer<\/strong> <strong>Zapater\u00eda<\/strong>, i del costat esquerre surt el <strong>carrer Aguirre<\/strong>. Tots dos formaran part d&#8217;altres recorreguts.<\/p>\t\t\t\t\t\t\t\t<\/div>\n\t\t\t\t<\/div>\n\t\t\t\t<div class=\"elementor-element elementor-element-9d1e4d1 elementor-widget elementor-widget-image\" data-id=\"9d1e4d1\" data-element_type=\"widget\" data-e-type=\"widget\" data-widget_type=\"image.default\">\n\t\t\t\t<div class=\"elementor-widget-container\">\n\t\t\t\t\t\t\t\t\t\t\t\t<figure class=\"wp-caption\">\n\t\t\t\t\t\t\t\t\t\t<img loading=\"lazy\" decoding=\"async\" width=\"768\" height=\"511\" src=\"https:\/\/www.elturistatranquil.com\/wp-content\/uploads\/F11-plaza-el-Rosel-y-San-Juan-Soria.jpg\" class=\"attachment-large size-large wp-image-53219\" alt=\"plaza el Rosel y San Juan, Soria\" srcset=\"https:\/\/www.elturistatranquil.com\/wp-content\/uploads\/F11-plaza-el-Rosel-y-San-Juan-Soria.jpg 768w, https:\/\/www.elturistatranquil.com\/wp-content\/uploads\/F11-plaza-el-Rosel-y-San-Juan-Soria-339x226.jpg 339w\" sizes=\"(max-width: 768px) 100vw, 768px\" \/>\t\t\t\t\t\t\t\t\t\t\t<figcaption class=\"widget-image-caption wp-caption-text\"><\/figcaption>\n\t\t\t\t\t\t\t\t\t\t<\/figure>\n\t\t\t\t\t\t\t\t\t<\/div>\n\t\t\t\t<\/div>\n\t\t\t\t<div class=\"elementor-element elementor-element-9bbee76 elementor-widget elementor-widget-text-editor\" data-id=\"9bbee76\" data-element_type=\"widget\" data-e-type=\"widget\" data-widget_type=\"text-editor.default\">\n\t\t\t\t<div class=\"elementor-widget-container\">\n\t\t\t\t\t\t\t\t\t<p>Prosseguint doncs pel <strong>carrer de El Collado<\/strong>, ara m\u00e9s estret, anirem a parar a la <strong>pla\u00e7a Major<\/strong>.<\/p>\t\t\t\t\t\t\t\t<\/div>\n\t\t\t\t<\/div>\n\t\t\t\t<div class=\"elementor-element elementor-element-b6fdf79 elementor-widget elementor-widget-image\" data-id=\"b6fdf79\" data-element_type=\"widget\" data-e-type=\"widget\" data-widget_type=\"image.default\">\n\t\t\t\t<div class=\"elementor-widget-container\">\n\t\t\t\t\t\t\t\t\t\t\t\t<figure class=\"wp-caption\">\n\t\t\t\t\t\t\t\t\t\t<img loading=\"lazy\" decoding=\"async\" width=\"768\" height=\"511\" src=\"https:\/\/www.elturistatranquil.com\/wp-content\/uploads\/F12-Calle-Collado-Soria.jpg\" class=\"attachment-large size-large wp-image-53221\" alt=\"Calle Collado, Soria\" srcset=\"https:\/\/www.elturistatranquil.com\/wp-content\/uploads\/F12-Calle-Collado-Soria.jpg 768w, https:\/\/www.elturistatranquil.com\/wp-content\/uploads\/F12-Calle-Collado-Soria-339x226.jpg 339w\" sizes=\"(max-width: 768px) 100vw, 768px\" \/>\t\t\t\t\t\t\t\t\t\t\t<figcaption class=\"widget-image-caption wp-caption-text\"><\/figcaption>\n\t\t\t\t\t\t\t\t\t\t<\/figure>\n\t\t\t\t\t\t\t\t\t<\/div>\n\t\t\t\t<\/div>\n\t\t\t\t<div class=\"elementor-element elementor-element-d261cfd elementor-widget elementor-widget-heading\" data-id=\"d261cfd\" data-element_type=\"widget\" data-e-type=\"widget\" data-widget_type=\"heading.default\">\n\t\t\t\t<div class=\"elementor-widget-container\">\n\t\t\t\t\t<h5 class=\"elementor-heading-title elementor-size-default\">Pla\u00e7a Mayor<\/h5>\t\t\t\t<\/div>\n\t\t\t\t<\/div>\n\t\t\t\t<div class=\"elementor-element elementor-element-2a525db elementor-widget elementor-widget-text-editor\" data-id=\"2a525db\" data-element_type=\"widget\" data-e-type=\"widget\" data-widget_type=\"text-editor.default\">\n\t\t\t\t<div class=\"elementor-widget-container\">\n\t\t\t\t\t\t\t\t\t<p>La primera <strong>pla\u00e7a Major<\/strong> de S\u00f2ria va estar situada a l&#8217;actual pla\u00e7a San Pedro davant de la que era la Col\u00b7legiata de San Pedro (actual Concatedral). El posterior desenvolupament urb\u00e0 de S\u00f2ria va avan\u00e7ar en direcci\u00f3 oest cap a la zona m\u00e9s alta i plana, despla\u00e7ant-se a trav\u00e9s del carrer Major en el recorregut cap a l&#8217;altra porta important, la porta de Rabanera.<\/p><p>En aquest recorregut es va localitzar el primer mercat de la ciutat, coneixent-se posteriorment amb el nom de pla\u00e7a del Blat. la consolidaci\u00f3 d&#8217;aquest punt com a centre de poder civil i eclesi\u00e0stic al segle XVI la va portar a constituir-se a la pla\u00e7a Major que ara coneixem.<\/p><p>La <strong>pla\u00e7a Major<\/strong> constitueix un rectangle irregular allargat en qu\u00e8 es concentraven el poder pol\u00edtic i el poder religi\u00f3s. El poder pol\u00edtic representat les cases dels <em>Cavallers Hijosdalgo dels Dotze Llinatges<\/em> i el <em>Com\u00fa de Ve\u00efns<\/em>, que eren les dues institucions que des del Fur Reial d&#8217;Alfonso X (1256), van governar la ciutat fins a 1863, des de l&#8217;edifici de l&#8217;Ajuntament, o Casa dels Cavallers dels Dotze Llinatges. Mentre que el poder religi\u00f3s, se situava a l&#8217;esgl\u00e9sia de Santa Maria la Major, encara que en construir la Concatedral va ser despla\u00e7at cap a aquesta. Per\u00f2, en ess\u00e8ncia, s&#8217;ajusta al model de pla\u00e7a major com a centre de poder als pobles, viles i ciutats espanyoles.<\/p><p>No presenta un model urban\u00edstic uniforme, sin\u00f3 que cada edifici pren una forma arquitect\u00f2nica particular.<\/p>\t\t\t\t\t\t\t\t<\/div>\n\t\t\t\t<\/div>\n\t\t\t\t<div class=\"elementor-element elementor-element-b820c8a elementor-widget elementor-widget-image\" data-id=\"b820c8a\" data-element_type=\"widget\" data-e-type=\"widget\" data-widget_type=\"image.default\">\n\t\t\t\t<div class=\"elementor-widget-container\">\n\t\t\t\t\t\t\t\t\t\t\t\t<figure class=\"wp-caption\">\n\t\t\t\t\t\t\t\t\t\t<img loading=\"lazy\" decoding=\"async\" width=\"768\" height=\"511\" src=\"https:\/\/www.elturistatranquil.com\/wp-content\/uploads\/F13-Plaza-Mayor-Soria.jpg\" class=\"attachment-large size-large wp-image-53223\" alt=\"Plaza Mayor, Soria\" srcset=\"https:\/\/www.elturistatranquil.com\/wp-content\/uploads\/F13-Plaza-Mayor-Soria.jpg 768w, https:\/\/www.elturistatranquil.com\/wp-content\/uploads\/F13-Plaza-Mayor-Soria-339x226.jpg 339w\" sizes=\"(max-width: 768px) 100vw, 768px\" \/>\t\t\t\t\t\t\t\t\t\t\t<figcaption class=\"widget-image-caption wp-caption-text\"><\/figcaption>\n\t\t\t\t\t\t\t\t\t\t<\/figure>\n\t\t\t\t\t\t\t\t\t<\/div>\n\t\t\t\t<\/div>\n\t\t\t\t<div class=\"elementor-element elementor-element-e05fa0c elementor-widget elementor-widget-text-editor\" data-id=\"e05fa0c\" data-element_type=\"widget\" data-e-type=\"widget\" data-widget_type=\"text-editor.default\">\n\t\t\t\t<div class=\"elementor-widget-container\">\n\t\t\t\t\t\t\t\t\t<p>Al centre, mig amagada pels para-sols de les terrasses dels bars s&#8217;al\u00e7a la <strong>font dels lleons<\/strong> (<strong>2<\/strong>), del 1788, font ornamental neocl\u00e0ssica, motivada per la portada d&#8217;aig\u00fces a S\u00f2ria. Ha ocupat diverses instal\u00b7lacions i localitzacions fins a la ubicaci\u00f3 actual a la pla\u00e7a Major.<\/p>\t\t\t\t\t\t\t\t<\/div>\n\t\t\t\t<\/div>\n\t\t\t\t<div class=\"elementor-element elementor-element-5539c30 elementor-widget elementor-widget-image\" data-id=\"5539c30\" data-element_type=\"widget\" data-e-type=\"widget\" data-widget_type=\"image.default\">\n\t\t\t\t<div class=\"elementor-widget-container\">\n\t\t\t\t\t\t\t\t\t\t\t\t<figure class=\"wp-caption\">\n\t\t\t\t\t\t\t\t\t\t<img loading=\"lazy\" decoding=\"async\" width=\"768\" height=\"511\" src=\"https:\/\/www.elturistatranquil.com\/wp-content\/uploads\/F14-Plaza-Mayor-Soria.jpg\" class=\"attachment-large size-large wp-image-53225\" alt=\"Plaza Mayor, Soria\" srcset=\"https:\/\/www.elturistatranquil.com\/wp-content\/uploads\/F14-Plaza-Mayor-Soria.jpg 768w, https:\/\/www.elturistatranquil.com\/wp-content\/uploads\/F14-Plaza-Mayor-Soria-339x226.jpg 339w\" sizes=\"(max-width: 768px) 100vw, 768px\" \/>\t\t\t\t\t\t\t\t\t\t\t<figcaption class=\"widget-image-caption wp-caption-text\"><\/figcaption>\n\t\t\t\t\t\t\t\t\t\t<\/figure>\n\t\t\t\t\t\t\t\t\t<\/div>\n\t\t\t\t<\/div>\n\t\t\t\t<div class=\"elementor-element elementor-element-ea15973 elementor-widget elementor-widget-image\" data-id=\"ea15973\" data-element_type=\"widget\" data-e-type=\"widget\" data-widget_type=\"image.default\">\n\t\t\t\t<div class=\"elementor-widget-container\">\n\t\t\t\t\t\t\t\t\t\t\t\t<figure class=\"wp-caption\">\n\t\t\t\t\t\t\t\t\t\t<img loading=\"lazy\" decoding=\"async\" width=\"768\" height=\"512\" src=\"https:\/\/www.elturistatranquil.com\/wp-content\/uploads\/F15-fuente-de-los-leones-Soria.jpg\" class=\"attachment-large size-large wp-image-53227\" alt=\"fuente de los leones , Soria\" srcset=\"https:\/\/www.elturistatranquil.com\/wp-content\/uploads\/F15-fuente-de-los-leones-Soria.jpg 768w, https:\/\/www.elturistatranquil.com\/wp-content\/uploads\/F15-fuente-de-los-leones-Soria-339x226.jpg 339w\" sizes=\"(max-width: 768px) 100vw, 768px\" \/>\t\t\t\t\t\t\t\t\t\t\t<figcaption class=\"widget-image-caption wp-caption-text\"><\/figcaption>\n\t\t\t\t\t\t\t\t\t\t<\/figure>\n\t\t\t\t\t\t\t\t\t<\/div>\n\t\t\t\t<\/div>\n\t\t\t\t<div class=\"elementor-element elementor-element-1166cfe elementor-widget elementor-widget-heading\" data-id=\"1166cfe\" data-element_type=\"widget\" data-e-type=\"widget\" data-widget_type=\"heading.default\">\n\t\t\t\t<div class=\"elementor-widget-container\">\n\t\t\t\t\t<h5 class=\"elementor-heading-title elementor-size-default\">Casa del Com\u00fan, casa de los Doce Linajes\/Ajuntamiento, Teatre Palau de la Audiencia i Esgl\u00e9sia de Santa Mar\u00eda la Mayor<\/h5>\t\t\t\t<\/div>\n\t\t\t\t<\/div>\n\t\t\t\t<div class=\"elementor-element elementor-element-7965960 elementor-widget elementor-widget-text-editor\" data-id=\"7965960\" data-element_type=\"widget\" data-e-type=\"widget\" data-widget_type=\"text-editor.default\">\n\t\t\t\t<div class=\"elementor-widget-container\">\n\t\t\t\t\t\t\t\t\t<p>Al lateral nord destaca la <strong>Casa del Com\u00fan<\/strong> (<strong>3<\/strong>) i per sota l&#8217;<strong>Arc del Cuerno<\/strong>,, porta de torils per la qual sortien els braus quan la pla\u00e7a Major servia de pla\u00e7a de toros.<\/p><p>Aquest edifici del segle XVI, constru\u00eft de f\u00e0brica de carreuat ben acabat, amb finestres d&#8217;arcs de mig punt. La superior va ser afegida al segle XX.<\/p>\t\t\t\t\t\t\t\t<\/div>\n\t\t\t\t<\/div>\n\t\t\t\t<div class=\"elementor-element elementor-element-e5f1f3e elementor-widget elementor-widget-image\" data-id=\"e5f1f3e\" data-element_type=\"widget\" data-e-type=\"widget\" data-widget_type=\"image.default\">\n\t\t\t\t<div class=\"elementor-widget-container\">\n\t\t\t\t\t\t\t\t\t\t\t\t<figure class=\"wp-caption\">\n\t\t\t\t\t\t\t\t\t\t<img loading=\"lazy\" decoding=\"async\" width=\"768\" height=\"511\" src=\"https:\/\/www.elturistatranquil.com\/wp-content\/uploads\/F16-Casa-del-Comun-Soria.jpg\" class=\"attachment-large size-large wp-image-53229\" alt=\"Casa del Com\u00fan , Soria\" srcset=\"https:\/\/www.elturistatranquil.com\/wp-content\/uploads\/F16-Casa-del-Comun-Soria.jpg 768w, https:\/\/www.elturistatranquil.com\/wp-content\/uploads\/F16-Casa-del-Comun-Soria-339x226.jpg 339w\" sizes=\"(max-width: 768px) 100vw, 768px\" \/>\t\t\t\t\t\t\t\t\t\t\t<figcaption class=\"widget-image-caption wp-caption-text\"><\/figcaption>\n\t\t\t\t\t\t\t\t\t\t<\/figure>\n\t\t\t\t\t\t\t\t\t<\/div>\n\t\t\t\t<\/div>\n\t\t\t\t<div class=\"elementor-element elementor-element-7f552d9 elementor-widget elementor-widget-image\" data-id=\"7f552d9\" data-element_type=\"widget\" data-e-type=\"widget\" data-widget_type=\"image.default\">\n\t\t\t\t<div class=\"elementor-widget-container\">\n\t\t\t\t\t\t\t\t\t\t\t\t<figure class=\"wp-caption\">\n\t\t\t\t\t\t\t\t\t\t<img loading=\"lazy\" decoding=\"async\" width=\"768\" height=\"511\" src=\"https:\/\/www.elturistatranquil.com\/wp-content\/uploads\/F17Arco-del-Cuerno-Soria.jpg\" class=\"attachment-large size-large wp-image-53231\" alt=\"Arco del Cuerno, Soria\" srcset=\"https:\/\/www.elturistatranquil.com\/wp-content\/uploads\/F17Arco-del-Cuerno-Soria.jpg 768w, https:\/\/www.elturistatranquil.com\/wp-content\/uploads\/F17Arco-del-Cuerno-Soria-339x226.jpg 339w\" sizes=\"(max-width: 768px) 100vw, 768px\" \/>\t\t\t\t\t\t\t\t\t\t\t<figcaption class=\"widget-image-caption wp-caption-text\"><\/figcaption>\n\t\t\t\t\t\t\t\t\t\t<\/figure>\n\t\t\t\t\t\t\t\t\t<\/div>\n\t\t\t\t<\/div>\n\t\t\t\t<div class=\"elementor-element elementor-element-7c1d522 elementor-widget elementor-widget-text-editor\" data-id=\"7c1d522\" data-element_type=\"widget\" data-e-type=\"widget\" data-widget_type=\"text-editor.default\">\n\t\t\t\t<div class=\"elementor-widget-container\">\n\t\t\t\t\t\t\t\t\t<p>Als laterals de la Casa del Com\u00fan podem apreciar els balcons envidrats t\u00edpics de l&#8217;arquitectura tradicional soriana que ajudaven a protegir-se del fred.<\/p><p>Al davant, al lateral sud, s&#8217;al\u00e7a l&#8217;altra <strong>Casa de Govern municipal<\/strong>, la dels <strong>Cavallers Hijosdalgo dels Dotze Llinatges<\/strong> o <strong>casa dels Dotze Llinatges<\/strong> (<strong>4<\/strong>).<\/p><p>Un espl\u00e8ndid edifici d&#8217;arquitectura civil soriana del segle XVII, de tres nivells, amb els baixos porticats amb arcs de mig punt sobre pilars quadrats, tamb\u00e9 de carreuat fi.<\/p><p>L&#8217;edifici original correspon a la part central, amb cinc balcons, els dos cossos laterals, com es nota pel color i la vellesa de la pedra, es van afegir el 1975 i el 2007, reproduint fidelment les formes arquitect\u00f2niques.<\/p>\t\t\t\t\t\t\t\t<\/div>\n\t\t\t\t<\/div>\n\t\t\t\t<div class=\"elementor-element elementor-element-51b1c86 elementor-widget elementor-widget-image\" data-id=\"51b1c86\" data-element_type=\"widget\" data-e-type=\"widget\" data-widget_type=\"image.default\">\n\t\t\t\t<div class=\"elementor-widget-container\">\n\t\t\t\t\t\t\t\t\t\t\t\t<figure class=\"wp-caption\">\n\t\t\t\t\t\t\t\t\t\t<img loading=\"lazy\" decoding=\"async\" width=\"768\" height=\"511\" src=\"https:\/\/www.elturistatranquil.com\/wp-content\/uploads\/F18-casa-de-los-Doce-Linajes-Soria.jpg\" class=\"attachment-large size-large wp-image-53233\" alt=\"casa de los Doce Linajes , Soria\" srcset=\"https:\/\/www.elturistatranquil.com\/wp-content\/uploads\/F18-casa-de-los-Doce-Linajes-Soria.jpg 768w, https:\/\/www.elturistatranquil.com\/wp-content\/uploads\/F18-casa-de-los-Doce-Linajes-Soria-339x226.jpg 339w\" sizes=\"(max-width: 768px) 100vw, 768px\" \/>\t\t\t\t\t\t\t\t\t\t\t<figcaption class=\"widget-image-caption wp-caption-text\"><\/figcaption>\n\t\t\t\t\t\t\t\t\t\t<\/figure>\n\t\t\t\t\t\t\t\t\t<\/div>\n\t\t\t\t<\/div>\n\t\t\t\t<div class=\"elementor-element elementor-element-f2ead5b elementor-widget elementor-widget-text-editor\" data-id=\"f2ead5b\" data-element_type=\"widget\" data-e-type=\"widget\" data-widget_type=\"text-editor.default\">\n\t\t\t\t<div class=\"elementor-widget-container\">\n\t\t\t\t\t\t\t\t\t<p>Al centre la ins\u00edgnia de la Instituci\u00f3 en qu\u00e8 es representen els cavallers dels Dotze Llinatges i les seves armes, representant les fam\u00edlies nobles de S\u00f2ria. La figura del centre se suposa que correspon al rei Alfonso VIII de Castella, que va concedir certs privilegis als cavallers abans de morir.<\/p><p>S&#8217;especula que aquesta figura tindria influ\u00e8ncia de la llegenda del rei Art\u00fas a trav\u00e9s de l&#8217;esposa del rei, Elionor de Plantagenet.<\/p>\t\t\t\t\t\t\t\t<\/div>\n\t\t\t\t<\/div>\n\t\t\t\t<div class=\"elementor-element elementor-element-5a32782 elementor-widget elementor-widget-image\" data-id=\"5a32782\" data-element_type=\"widget\" data-e-type=\"widget\" data-widget_type=\"image.default\">\n\t\t\t\t<div class=\"elementor-widget-container\">\n\t\t\t\t\t\t\t\t\t\t\t\t<figure class=\"wp-caption\">\n\t\t\t\t\t\t\t\t\t\t<img loading=\"lazy\" decoding=\"async\" width=\"768\" height=\"513\" src=\"https:\/\/www.elturistatranquil.com\/wp-content\/uploads\/F19-casa-de-los-Doce-Linajes-Soria.jpg\" class=\"attachment-large size-large wp-image-53238\" alt=\"casa de los Doce Linajes , Soria\" srcset=\"https:\/\/www.elturistatranquil.com\/wp-content\/uploads\/F19-casa-de-los-Doce-Linajes-Soria.jpg 768w, https:\/\/www.elturistatranquil.com\/wp-content\/uploads\/F19-casa-de-los-Doce-Linajes-Soria-339x226.jpg 339w\" sizes=\"(max-width: 768px) 100vw, 768px\" \/>\t\t\t\t\t\t\t\t\t\t\t<figcaption class=\"widget-image-caption wp-caption-text\"><\/figcaption>\n\t\t\t\t\t\t\t\t\t\t<\/figure>\n\t\t\t\t\t\t\t\t\t<\/div>\n\t\t\t\t<\/div>\n\t\t\t\t<div class=\"elementor-element elementor-element-d154aab elementor-widget elementor-widget-heading\" data-id=\"d154aab\" data-element_type=\"widget\" data-e-type=\"widget\" data-widget_type=\"heading.default\">\n\t\t\t\t<div class=\"elementor-widget-container\">\n\t\t\t\t\t<h4 class=\"elementor-heading-title elementor-size-default\">Palau de la Audiencia<\/h4>\t\t\t\t<\/div>\n\t\t\t\t<\/div>\n\t\t\t\t<div class=\"elementor-element elementor-element-09b10eb elementor-widget elementor-widget-text-editor\" data-id=\"09b10eb\" data-element_type=\"widget\" data-e-type=\"widget\" data-widget_type=\"text-editor.default\">\n\t\t\t\t<div class=\"elementor-widget-container\">\n\t\t\t\t\t\t\t\t\t<p><em>B\u00e9 d&#8217;Inter\u00e8s Cultural (BIC)<\/em><\/p><p>Tanca el lateral de llevant de la pla\u00e7a l&#8217;edifici que actualment acull el <strong>teatre Palacio de la Audiencia<\/strong> (<strong>5<\/strong>).<\/p><p>Com el seu nom deixa entreveure, aquest edifici va tenir abans altres destins com van ser pres\u00f3, casa consistorial -abans de traslladar-se a la casa dels Dotze Llinatges- i Audi\u00e8ncia, de la qual deriva el nom actual.<\/p><p>Es tracta tamb\u00e9 d&#8217;un edifici del segle XVII, constru\u00eft en carreus fins amb les mateixes arcades d&#8217;arc de mig punt sobre pilars quadrats.<\/p><p>El 1986 va ser rehabilitat per convertir-lo en teatre, sales d&#8217;exposicions i sales de confer\u00e8ncies.<\/p><p>S&#8217;hi observa el rellotge i una campana sobre estructura met\u00e0l\u00b7lica molt t\u00edpic d&#8217;antics edificis p\u00fablics d&#8217;\u00c8poca Moderna.<\/p>\t\t\t\t\t\t\t\t<\/div>\n\t\t\t\t<\/div>\n\t\t\t\t<div class=\"elementor-element elementor-element-acdd557 elementor-widget elementor-widget-image\" data-id=\"acdd557\" data-element_type=\"widget\" data-e-type=\"widget\" data-widget_type=\"image.default\">\n\t\t\t\t<div class=\"elementor-widget-container\">\n\t\t\t\t\t\t\t\t\t\t\t\t<figure class=\"wp-caption\">\n\t\t\t\t\t\t\t\t\t\t<img loading=\"lazy\" decoding=\"async\" width=\"768\" height=\"511\" src=\"https:\/\/www.elturistatranquil.com\/wp-content\/uploads\/F20-Teatro-Palacio-de-la-Audiencia-Soria.jpg\" class=\"attachment-large size-large wp-image-53240\" alt=\"Teatro Palacio de la Audiencia , Soria\" srcset=\"https:\/\/www.elturistatranquil.com\/wp-content\/uploads\/F20-Teatro-Palacio-de-la-Audiencia-Soria.jpg 768w, https:\/\/www.elturistatranquil.com\/wp-content\/uploads\/F20-Teatro-Palacio-de-la-Audiencia-Soria-339x226.jpg 339w\" sizes=\"(max-width: 768px) 100vw, 768px\" \/>\t\t\t\t\t\t\t\t\t\t\t<figcaption class=\"widget-image-caption wp-caption-text\"><\/figcaption>\n\t\t\t\t\t\t\t\t\t\t<\/figure>\n\t\t\t\t\t\t\t\t\t<\/div>\n\t\t\t\t<\/div>\n\t\t\t\t<div class=\"elementor-element elementor-element-ab6c4de elementor-widget elementor-widget-heading\" data-id=\"ab6c4de\" data-element_type=\"widget\" data-e-type=\"widget\" data-widget_type=\"heading.default\">\n\t\t\t\t<div class=\"elementor-widget-container\">\n\t\t\t\t\t<h5 class=\"elementor-heading-title elementor-size-default\">Esgl\u00e9sia de Nuestra Se\u00f1ora de la Mayor<\/h5>\t\t\t\t<\/div>\n\t\t\t\t<\/div>\n\t\t\t\t<div class=\"elementor-element elementor-element-ecb1533 elementor-widget elementor-widget-text-editor\" data-id=\"ecb1533\" data-element_type=\"widget\" data-e-type=\"widget\" data-widget_type=\"text-editor.default\">\n\t\t\t\t<div class=\"elementor-widget-container\">\n\t\t\t\t\t\t\t\t\t<p>Finalment, a la cantonada nord-est l&#8217;<strong>esgl\u00e9sia de Nuestra Se\u00f1ora de la Mayor<\/strong> (<strong>6<\/strong>), amb orientaci\u00f3 can\u00f2nica a llevant. L&#8217;edifici surt de la pla\u00e7a per l&#8217;extrem nord-est de forma obliqua, mentre que el peu s&#8217;adossa als edificis de l\u2019illa de cases.<\/p><p>Enlla\u00e7 amb el Post: <a href=\"https:\/\/www.elturistatranquil.com\/ca\/esglesies-romanic-gotiques-de-la-ciutat-de-soria\/\" target=\"_blank\" rel=\"noopener\"><strong>Esgl\u00e9sies rom\u00e0nic-g\u00f2tiques de la ciutat de S\u00f2ria<\/strong><\/a><\/p>\t\t\t\t\t\t\t\t<\/div>\n\t\t\t\t<\/div>\n\t\t\t\t<div class=\"elementor-element elementor-element-b995a51 elementor-widget elementor-widget-image\" data-id=\"b995a51\" data-element_type=\"widget\" data-e-type=\"widget\" data-widget_type=\"image.default\">\n\t\t\t\t<div class=\"elementor-widget-container\">\n\t\t\t\t\t\t\t\t\t\t\t\t<figure class=\"wp-caption\">\n\t\t\t\t\t\t\t\t\t\t<img loading=\"lazy\" decoding=\"async\" width=\"768\" height=\"511\" src=\"https:\/\/www.elturistatranquil.com\/wp-content\/uploads\/F21-Iglesia-de-Nuestra-Senora-de-la-Mayor-Soria.jpg\" class=\"attachment-large size-large wp-image-53242\" alt=\"Iglesia de Nuestra Se\u00f1ora de la Mayor , Soria\" srcset=\"https:\/\/www.elturistatranquil.com\/wp-content\/uploads\/F21-Iglesia-de-Nuestra-Senora-de-la-Mayor-Soria.jpg 768w, https:\/\/www.elturistatranquil.com\/wp-content\/uploads\/F21-Iglesia-de-Nuestra-Senora-de-la-Mayor-Soria-339x226.jpg 339w\" sizes=\"(max-width: 768px) 100vw, 768px\" \/>\t\t\t\t\t\t\t\t\t\t\t<figcaption class=\"widget-image-caption wp-caption-text\"><\/figcaption>\n\t\t\t\t\t\t\t\t\t\t<\/figure>\n\t\t\t\t\t\t\t\t\t<\/div>\n\t\t\t\t<\/div>\n\t\t\t\t<div class=\"elementor-element elementor-element-0301144 elementor-widget elementor-widget-text-editor\" data-id=\"0301144\" data-element_type=\"widget\" data-e-type=\"widget\" data-widget_type=\"text-editor.default\">\n\t\t\t\t<div class=\"elementor-widget-container\">\n\t\t\t\t\t\t\t\t\t<p>Homenatge a la <strong>fam\u00edlia Machado<\/strong> al costat del mur del . Es va instal\u00b7lar l&#8217;any 2010 una escultura a mida natural i a nivell del s\u00f2l, de l&#8217;escultor Ricardo Gonz\u00e1lez Gil, representant la senyora <strong>Leonor izquierdo Cuevas<\/strong> (<strong>7<\/strong>), esposa d&#8217;Antonio Machado, recolzada al respatller d\u2019una cadira buida. S&#8217;havien casat al temple i va ser el lloc del seu funeral.<\/p><p>Aquest punt es coneix com a <strong>rac\u00f3 de Leonor<\/strong> i la disposici\u00f3 buida de la cadira fa que es converteixi en un lloc on els turistes se sentin a fer-se una fotografia amb Leonor, suplint el poeta Machado.<\/p>\t\t\t\t\t\t\t\t<\/div>\n\t\t\t\t<\/div>\n\t\t\t\t<div class=\"elementor-element elementor-element-0f4f1dd elementor-widget elementor-widget-image\" data-id=\"0f4f1dd\" data-element_type=\"widget\" data-e-type=\"widget\" data-widget_type=\"image.default\">\n\t\t\t\t<div class=\"elementor-widget-container\">\n\t\t\t\t\t\t\t\t\t\t\t\t<figure class=\"wp-caption\">\n\t\t\t\t\t\t\t\t\t\t<img loading=\"lazy\" decoding=\"async\" width=\"768\" height=\"511\" src=\"https:\/\/www.elturistatranquil.com\/wp-content\/uploads\/F22-Escultura-de-dona-Leonor-izquierdo-Cuevas-Soria.jpg\" class=\"attachment-large size-large wp-image-53244\" alt=\"Escultura de do\u00f1a Leonor izquierdo Cuevas , Soria\" srcset=\"https:\/\/www.elturistatranquil.com\/wp-content\/uploads\/F22-Escultura-de-dona-Leonor-izquierdo-Cuevas-Soria.jpg 768w, https:\/\/www.elturistatranquil.com\/wp-content\/uploads\/F22-Escultura-de-dona-Leonor-izquierdo-Cuevas-Soria-339x226.jpg 339w\" sizes=\"(max-width: 768px) 100vw, 768px\" \/>\t\t\t\t\t\t\t\t\t\t\t<figcaption class=\"widget-image-caption wp-caption-text\"><\/figcaption>\n\t\t\t\t\t\t\t\t\t\t<\/figure>\n\t\t\t\t\t\t\t\t\t<\/div>\n\t\t\t\t<\/div>\n\t\t\t\t<div class=\"elementor-element elementor-element-f836685 elementor-widget elementor-widget-image\" data-id=\"f836685\" data-element_type=\"widget\" data-e-type=\"widget\" data-widget_type=\"image.default\">\n\t\t\t\t<div class=\"elementor-widget-container\">\n\t\t\t\t\t\t\t\t\t\t\t\t<figure class=\"wp-caption\">\n\t\t\t\t\t\t\t\t\t\t<img loading=\"lazy\" decoding=\"async\" width=\"768\" height=\"512\" src=\"https:\/\/www.elturistatranquil.com\/wp-content\/uploads\/F23-Escultura-de-dona-Leonor-izquierdo-Cuevas-Soria.jpg\" class=\"attachment-large size-large wp-image-53246\" alt=\"Escultura de do\u00f1a Leonor izquierdo Cuevas , Soria\" srcset=\"https:\/\/www.elturistatranquil.com\/wp-content\/uploads\/F23-Escultura-de-dona-Leonor-izquierdo-Cuevas-Soria.jpg 768w, https:\/\/www.elturistatranquil.com\/wp-content\/uploads\/F23-Escultura-de-dona-Leonor-izquierdo-Cuevas-Soria-339x226.jpg 339w\" sizes=\"(max-width: 768px) 100vw, 768px\" \/>\t\t\t\t\t\t\t\t\t\t\t<figcaption class=\"widget-image-caption wp-caption-text\"><\/figcaption>\n\t\t\t\t\t\t\t\t\t\t<\/figure>\n\t\t\t\t\t\t\t\t\t<\/div>\n\t\t\t\t<\/div>\n\t\t\t\t<div class=\"elementor-element elementor-element-08ae21e elementor-widget elementor-widget-text-editor\" data-id=\"08ae21e\" data-element_type=\"widget\" data-e-type=\"widget\" data-widget_type=\"text-editor.default\">\n\t\t\t\t<div class=\"elementor-widget-container\">\n\t\t\t\t\t\t\t\t\t<p>Sortint de la pla\u00e7a, el <strong>carrer Sorovega<\/strong> enlla\u00e7a amb el <strong>carrer Major<\/strong>, on se situava l&#8217;entrada principal a la ciutat per la porta del Duero.<\/p>\t\t\t\t\t\t\t\t<\/div>\n\t\t\t\t<\/div>\n\t\t\t\t<div class=\"elementor-element elementor-element-50fdb14 elementor-widget elementor-widget-image\" data-id=\"50fdb14\" data-element_type=\"widget\" data-e-type=\"widget\" data-widget_type=\"image.default\">\n\t\t\t\t<div class=\"elementor-widget-container\">\n\t\t\t\t\t\t\t\t\t\t\t\t<figure class=\"wp-caption\">\n\t\t\t\t\t\t\t\t\t\t<img loading=\"lazy\" decoding=\"async\" width=\"768\" height=\"511\" src=\"https:\/\/www.elturistatranquil.com\/wp-content\/uploads\/F24-calle-Sorovega.jpg\" class=\"attachment-large size-large wp-image-53251\" alt=\"calle Sorovega, Soria\" srcset=\"https:\/\/www.elturistatranquil.com\/wp-content\/uploads\/F24-calle-Sorovega.jpg 768w, https:\/\/www.elturistatranquil.com\/wp-content\/uploads\/F24-calle-Sorovega-339x226.jpg 339w\" sizes=\"(max-width: 768px) 100vw, 768px\" \/>\t\t\t\t\t\t\t\t\t\t\t<figcaption class=\"widget-image-caption wp-caption-text\"><\/figcaption>\n\t\t\t\t\t\t\t\t\t\t<\/figure>\n\t\t\t\t\t\t\t\t\t<\/div>\n\t\t\t\t<\/div>\n\t\t\t\t<div class=\"elementor-element elementor-element-14fe7d6 elementor-widget elementor-widget-text-editor\" data-id=\"14fe7d6\" data-element_type=\"widget\" data-e-type=\"widget\" data-widget_type=\"text-editor.default\">\n\t\t\t\t<div class=\"elementor-widget-container\">\n\t\t\t\t\t\t\t\t\t<p>A l&#8217;esplanada que es forma s&#8217;ha ubicat una escultura <strong>commemorativa del 750\u00e8 aniversari del fur de S\u00f2ria<\/strong> (<strong>8<\/strong>), obra de l&#8217;escultor \u00d3scar Albari\u00f1o (2006).<\/p>\t\t\t\t\t\t\t\t<\/div>\n\t\t\t\t<\/div>\n\t\t\t\t<div class=\"elementor-element elementor-element-3a57100 elementor-widget elementor-widget-image\" data-id=\"3a57100\" data-element_type=\"widget\" data-e-type=\"widget\" data-widget_type=\"image.default\">\n\t\t\t\t<div class=\"elementor-widget-container\">\n\t\t\t\t\t\t\t\t\t\t\t\t<figure class=\"wp-caption\">\n\t\t\t\t\t\t\t\t\t\t<img loading=\"lazy\" decoding=\"async\" width=\"768\" height=\"511\" src=\"https:\/\/www.elturistatranquil.com\/wp-content\/uploads\/F25-Escultura-del-fuero-de-Soria.jpg\" class=\"attachment-large size-large wp-image-53253\" alt=\"Escultura del fuero de Soria\" srcset=\"https:\/\/www.elturistatranquil.com\/wp-content\/uploads\/F25-Escultura-del-fuero-de-Soria.jpg 768w, https:\/\/www.elturistatranquil.com\/wp-content\/uploads\/F25-Escultura-del-fuero-de-Soria-339x226.jpg 339w\" sizes=\"(max-width: 768px) 100vw, 768px\" \/>\t\t\t\t\t\t\t\t\t\t\t<figcaption class=\"widget-image-caption wp-caption-text\"><\/figcaption>\n\t\t\t\t\t\t\t\t\t\t<\/figure>\n\t\t\t\t\t\t\t\t\t<\/div>\n\t\t\t\t<\/div>\n\t\t\t\t<div class=\"elementor-element elementor-element-e1d6000 elementor-widget elementor-widget-heading\" data-id=\"e1d6000\" data-element_type=\"widget\" data-e-type=\"widget\" data-widget_type=\"heading.default\">\n\t\t\t\t<div class=\"elementor-widget-container\">\n\t\t\t\t\t<h5 class=\"elementor-heading-title elementor-size-default\">Torre de Do\u00f1a Urraca<\/h5>\t\t\t\t<\/div>\n\t\t\t\t<\/div>\n\t\t\t\t<div class=\"elementor-element elementor-element-deb16fe elementor-widget elementor-widget-text-editor\" data-id=\"deb16fe\" data-element_type=\"widget\" data-e-type=\"widget\" data-widget_type=\"text-editor.default\">\n\t\t\t\t<div class=\"elementor-widget-container\">\n\t\t\t\t\t\t\t\t\t<p>A la dreta la <strong>torre de Do\u00f1a Urraca<\/strong> (<strong>9<\/strong>). La llegenda diu que hi va ser presa la reina de Castella do\u00f1a Urraca, encara que no hi ha, pel que sembla, const\u00e0ncia hist\u00f2rica del fet.<\/p><p>L&#8217;edifici va ser transformat al segle XVI i va patir un incendi a principis del XVII. Posteriorment va ser la \u201cPensi\u00f3 de la Gitana\u201d i actualment \u00e9s un habitatge particular.<\/p><p>L&#8217;edifici \u00e9s de planta rectangular, amb murs de ma\u00e7oneria i refor\u00e7os cantoners de carreuat. Tenia tres pisos, actualment redu\u00efts a dos.<\/p>\t\t\t\t\t\t\t\t<\/div>\n\t\t\t\t<\/div>\n\t\t\t\t<div class=\"elementor-element elementor-element-d0181d2 elementor-widget elementor-widget-image\" data-id=\"d0181d2\" data-element_type=\"widget\" data-e-type=\"widget\" data-widget_type=\"image.default\">\n\t\t\t\t<div class=\"elementor-widget-container\">\n\t\t\t\t\t\t\t\t\t\t\t\t<figure class=\"wp-caption\">\n\t\t\t\t\t\t\t\t\t\t<img loading=\"lazy\" decoding=\"async\" width=\"768\" height=\"512\" src=\"https:\/\/www.elturistatranquil.com\/wp-content\/uploads\/F26-torre-de-Dona-Urraca-Soria.jpg\" class=\"attachment-large size-large wp-image-53255\" alt=\"torre de Do\u00f1a Urraca , Soria\" srcset=\"https:\/\/www.elturistatranquil.com\/wp-content\/uploads\/F26-torre-de-Dona-Urraca-Soria.jpg 768w, https:\/\/www.elturistatranquil.com\/wp-content\/uploads\/F26-torre-de-Dona-Urraca-Soria-339x226.jpg 339w\" sizes=\"(max-width: 768px) 100vw, 768px\" \/>\t\t\t\t\t\t\t\t\t\t\t<figcaption class=\"widget-image-caption wp-caption-text\"><\/figcaption>\n\t\t\t\t\t\t\t\t\t\t<\/figure>\n\t\t\t\t\t\t\t\t\t<\/div>\n\t\t\t\t<\/div>\n\t\t\t\t<div class=\"elementor-element elementor-element-bee6e06 elementor-widget elementor-widget-text-editor\" data-id=\"bee6e06\" data-element_type=\"widget\" data-e-type=\"widget\" data-widget_type=\"text-editor.default\">\n\t\t\t\t<div class=\"elementor-widget-container\">\n\t\t\t\t\t\t\t\t\t<p>Tanco aqu\u00ed aquest primer itinerari.<\/p>\t\t\t\t\t\t\t\t<\/div>\n\t\t\t\t<\/div>\n\t\t\t\t<div class=\"elementor-element elementor-element-807eb3d elementor-widget elementor-widget-heading\" data-id=\"807eb3d\" data-element_type=\"widget\" data-e-type=\"widget\" data-widget_type=\"heading.default\">\n\t\t\t\t<div class=\"elementor-widget-container\">\n\t\t\t\t\t<h3 class=\"elementor-heading-title elementor-size-default\">Carrer Aduana Vieja, pla\u00e7a del Vergel, pla\u00e7a dels Condes de L\u00e9rida i carrer Estudio<\/h3>\t\t\t\t<\/div>\n\t\t\t\t<\/div>\n\t\t\t\t<div class=\"elementor-element elementor-element-ede3be2 elementor-widget elementor-widget-text-editor\" data-id=\"ede3be2\" data-element_type=\"widget\" data-e-type=\"widget\" data-widget_type=\"text-editor.default\">\n\t\t\t\t<div class=\"elementor-widget-container\">\n\t\t\t\t\t\t\t\t\t<p>Entre el carrer de El Collado i la pla\u00e7a dels Comtes de Lleida s&#8217;est\u00e9n el <strong>carrer Aduana Vieja<\/strong>. Aquest carrer va ser un dels carrers principals, al costat dels carrers Real i Caballeros, de concentraci\u00f3 de palaus i cases senyorials que es van al\u00e7ar a la sobra de la muralla. Segons indica el seu nom, en aquest punt havia d&#8217;estar situada la duana que cobraven els impostos de les mercaderies que entraven a S\u00f2ria.<\/p>\t\t\t\t\t\t\t\t<\/div>\n\t\t\t\t<\/div>\n\t\t\t\t<div class=\"elementor-element elementor-element-31b2784 elementor-widget elementor-widget-heading\" data-id=\"31b2784\" data-element_type=\"widget\" data-e-type=\"widget\" data-widget_type=\"heading.default\">\n\t\t\t\t<div class=\"elementor-widget-container\">\n\t\t\t\t\t<h4 class=\"elementor-heading-title elementor-size-default\">Palau dels R\u00edos y Salcedo<\/h4>\t\t\t\t<\/div>\n\t\t\t\t<\/div>\n\t\t\t\t<div class=\"elementor-element elementor-element-f4828fc elementor-widget elementor-widget-text-editor\" data-id=\"f4828fc\" data-element_type=\"widget\" data-e-type=\"widget\" data-widget_type=\"text-editor.default\">\n\t\t\t\t<div class=\"elementor-widget-container\">\n\t\t\t\t\t\t\t\t\t<p><em>B\u00e9 d&#8217;Inter\u00e8s Cultural (BIC)<\/em><\/p><p>El primer que trobem \u00e9s el <strong>palau dels R\u00edos y Salcedo<\/strong> (<strong>10<\/strong>). Constitueix un dels millors exemples d&#8217;arquitectura renaixentista-plateresca de la ciutat, manat construir el 1549. A partir del segle XVIII ser\u00e0 convent i altres usos posteriors, fins que actualment aculli l&#8217;<strong>Arxiu Hist\u00f2ric Provincial<\/strong>.<\/p><p>La portada s&#8217;ubica al costat dret de l&#8217;ala sud de l&#8217;edifici, de manera que qued\u00e9s centrada davant de la placeta davantera.<\/p><p>\u00c9s una edificaci\u00f3 de tres nivells. Els murs de l&#8217;edifici combinen els carreus amb la ma\u00e7oneria.<\/p>\t\t\t\t\t\t\t\t<\/div>\n\t\t\t\t<\/div>\n\t\t\t\t<div class=\"elementor-element elementor-element-5f5e9ca elementor-widget elementor-widget-image\" data-id=\"5f5e9ca\" data-element_type=\"widget\" data-e-type=\"widget\" data-widget_type=\"image.default\">\n\t\t\t\t<div class=\"elementor-widget-container\">\n\t\t\t\t\t\t\t\t\t\t\t\t<figure class=\"wp-caption\">\n\t\t\t\t\t\t\t\t\t\t<img loading=\"lazy\" decoding=\"async\" width=\"768\" height=\"511\" src=\"https:\/\/www.elturistatranquil.com\/wp-content\/uploads\/F27-palacio-de-los-Rios-y-Salcedo-Soria.jpg\" class=\"attachment-large size-large wp-image-53257\" alt=\"palacio de los R\u00edos y Salcedo , Soria\" srcset=\"https:\/\/www.elturistatranquil.com\/wp-content\/uploads\/F27-palacio-de-los-Rios-y-Salcedo-Soria.jpg 768w, https:\/\/www.elturistatranquil.com\/wp-content\/uploads\/F27-palacio-de-los-Rios-y-Salcedo-Soria-339x226.jpg 339w\" sizes=\"(max-width: 768px) 100vw, 768px\" \/>\t\t\t\t\t\t\t\t\t\t\t<figcaption class=\"widget-image-caption wp-caption-text\"><\/figcaption>\n\t\t\t\t\t\t\t\t\t\t<\/figure>\n\t\t\t\t\t\t\t\t\t<\/div>\n\t\t\t\t<\/div>\n\t\t\t\t<div class=\"elementor-element elementor-element-b2c0fa3 elementor-widget elementor-widget-text-editor\" data-id=\"b2c0fa3\" data-element_type=\"widget\" data-e-type=\"widget\" data-widget_type=\"text-editor.default\">\n\t\t\t\t<div class=\"elementor-widget-container\">\n\t\t\t\t\t\t\t\t\t<p>El finestral amb balc\u00f3 d\u2019enreixat. Per la part superior, un front\u00f3 amb el blas\u00f3 de la fam\u00edlia emmarcat amb motllures.<\/p><p>Finestra angular o cantonada utilitzada al renaixement espanyol, on es reprodueix el blas\u00f3 de la fam\u00edlia.<\/p>\t\t\t\t\t\t\t\t<\/div>\n\t\t\t\t<\/div>\n\t\t\t\t<div class=\"elementor-element elementor-element-4f2b32d elementor-widget elementor-widget-image\" data-id=\"4f2b32d\" data-element_type=\"widget\" data-e-type=\"widget\" data-widget_type=\"image.default\">\n\t\t\t\t<div class=\"elementor-widget-container\">\n\t\t\t\t\t\t\t\t\t\t\t\t<figure class=\"wp-caption\">\n\t\t\t\t\t\t\t\t\t\t<img loading=\"lazy\" decoding=\"async\" width=\"768\" height=\"511\" src=\"https:\/\/www.elturistatranquil.com\/wp-content\/uploads\/F28-palacio-de-los-Rios-y-Salcedo-Soria.jpg\" class=\"attachment-large size-large wp-image-53259\" alt=\"palacio de los R\u00edos y Salcedo , Soria\" srcset=\"https:\/\/www.elturistatranquil.com\/wp-content\/uploads\/F28-palacio-de-los-Rios-y-Salcedo-Soria.jpg 768w, https:\/\/www.elturistatranquil.com\/wp-content\/uploads\/F28-palacio-de-los-Rios-y-Salcedo-Soria-339x226.jpg 339w\" sizes=\"(max-width: 768px) 100vw, 768px\" \/>\t\t\t\t\t\t\t\t\t\t\t<figcaption class=\"widget-image-caption wp-caption-text\"><\/figcaption>\n\t\t\t\t\t\t\t\t\t\t<\/figure>\n\t\t\t\t\t\t\t\t\t<\/div>\n\t\t\t\t<\/div>\n\t\t\t\t<div class=\"elementor-element elementor-element-bb016fa elementor-widget elementor-widget-text-editor\" data-id=\"bb016fa\" data-element_type=\"widget\" data-e-type=\"widget\" data-widget_type=\"text-editor.default\">\n\t\t\t\t<div class=\"elementor-widget-container\">\n\t\t\t\t\t\t\t\t\t<p>A l&#8217;interior, el pati est\u00e0 condicionat amb columnes de ferro i cobertura de vidre moderna, usat com a espai d&#8217;exposicions.<\/p>\t\t\t\t\t\t\t\t<\/div>\n\t\t\t\t<\/div>\n\t\t\t\t<div class=\"elementor-element elementor-element-1486efd elementor-widget elementor-widget-image\" data-id=\"1486efd\" data-element_type=\"widget\" data-e-type=\"widget\" data-widget_type=\"image.default\">\n\t\t\t\t<div class=\"elementor-widget-container\">\n\t\t\t\t\t\t\t\t\t\t\t\t<figure class=\"wp-caption\">\n\t\t\t\t\t\t\t\t\t\t<img loading=\"lazy\" decoding=\"async\" width=\"768\" height=\"511\" src=\"https:\/\/www.elturistatranquil.com\/wp-content\/uploads\/F29-palacio-de-los-Rios-y-Salcedo-Soria.jpg\" class=\"attachment-large size-large wp-image-53264\" alt=\"palacio de los R\u00edos y Salcedo , Soria\" srcset=\"https:\/\/www.elturistatranquil.com\/wp-content\/uploads\/F29-palacio-de-los-Rios-y-Salcedo-Soria.jpg 768w, https:\/\/www.elturistatranquil.com\/wp-content\/uploads\/F29-palacio-de-los-Rios-y-Salcedo-Soria-339x226.jpg 339w\" sizes=\"(max-width: 768px) 100vw, 768px\" \/>\t\t\t\t\t\t\t\t\t\t\t<figcaption class=\"widget-image-caption wp-caption-text\"><\/figcaption>\n\t\t\t\t\t\t\t\t\t\t<\/figure>\n\t\t\t\t\t\t\t\t\t<\/div>\n\t\t\t\t<\/div>\n\t\t\t\t<div class=\"elementor-element elementor-element-80af19a elementor-widget elementor-widget-heading\" data-id=\"80af19a\" data-element_type=\"widget\" data-e-type=\"widget\" data-widget_type=\"heading.default\">\n\t\t\t\t<div class=\"elementor-widget-container\">\n\t\t\t\t\t<h5 class=\"elementor-heading-title elementor-size-default\">Palaus dels Castejones, de don Diego de Solier i del Vescomte de Eza <\/h5>\t\t\t\t<\/div>\n\t\t\t\t<\/div>\n\t\t\t\t<div class=\"elementor-element elementor-element-77c9673 elementor-widget elementor-widget-text-editor\" data-id=\"77c9673\" data-element_type=\"widget\" data-e-type=\"widget\" data-widget_type=\"text-editor.default\">\n\t\t\t\t<div class=\"elementor-widget-container\">\n\t\t\t\t\t\t\t\t\t<p>Carrer amunt, prossegueix una successi\u00f3 de cases senyorials. Adossat al palau dels R\u00edos i Salcedo s&#8217;al\u00e7a el <strong>palau dels Castejones<\/strong> i tot seguit, el <strong>palau de Don Diego de Solier<\/strong>; actualment tots dos es troben units. Finalment, el <strong>palau del Vescomte de Eza o dels Sant Clement<\/strong>.<\/p><p>El <strong>palau dels Castejones<\/strong> (<strong>11<\/strong>), de tres nivells, \u00e9s un edifici plateresc igual que l&#8217;anterior palau dels R\u00edos i Salcedo, amb la fa\u00e7ana de carreuat fi.<\/p><p>A la portada i les finestres \u00e9s on millor es mostra l&#8217;estil plateresc. La portada, amb arc escarser i l&#8217;escut dels amos sostingut per dos salvatges. A les finestres i balcons la llinda en forma de venera.<\/p>\t\t\t\t\t\t\t\t<\/div>\n\t\t\t\t<\/div>\n\t\t\t\t<div class=\"elementor-element elementor-element-3437bac elementor-widget elementor-widget-image\" data-id=\"3437bac\" data-element_type=\"widget\" data-e-type=\"widget\" data-widget_type=\"image.default\">\n\t\t\t\t<div class=\"elementor-widget-container\">\n\t\t\t\t\t\t\t\t\t\t\t\t<figure class=\"wp-caption\">\n\t\t\t\t\t\t\t\t\t\t<img loading=\"lazy\" decoding=\"async\" width=\"768\" height=\"511\" src=\"https:\/\/www.elturistatranquil.com\/wp-content\/uploads\/F30-palacio-de-los-Castejones-Soria.jpg\" class=\"attachment-large size-large wp-image-53266\" alt=\"palacio de los Castejones , Soria\" srcset=\"https:\/\/www.elturistatranquil.com\/wp-content\/uploads\/F30-palacio-de-los-Castejones-Soria.jpg 768w, https:\/\/www.elturistatranquil.com\/wp-content\/uploads\/F30-palacio-de-los-Castejones-Soria-339x226.jpg 339w\" sizes=\"(max-width: 768px) 100vw, 768px\" \/>\t\t\t\t\t\t\t\t\t\t\t<figcaption class=\"widget-image-caption wp-caption-text\"><\/figcaption>\n\t\t\t\t\t\t\t\t\t\t<\/figure>\n\t\t\t\t\t\t\t\t\t<\/div>\n\t\t\t\t<\/div>\n\t\t\t\t<div class=\"elementor-element elementor-element-769ebd9 elementor-widget elementor-widget-image\" data-id=\"769ebd9\" data-element_type=\"widget\" data-e-type=\"widget\" data-widget_type=\"image.default\">\n\t\t\t\t<div class=\"elementor-widget-container\">\n\t\t\t\t\t\t\t\t\t\t\t\t<figure class=\"wp-caption\">\n\t\t\t\t\t\t\t\t\t\t<img loading=\"lazy\" decoding=\"async\" width=\"768\" height=\"512\" src=\"https:\/\/www.elturistatranquil.com\/wp-content\/uploads\/F31-palacio-de-los-Castejones-Soria.jpg\" class=\"attachment-large size-large wp-image-53268\" alt=\"palacio de los Castejones ,\" srcset=\"https:\/\/www.elturistatranquil.com\/wp-content\/uploads\/F31-palacio-de-los-Castejones-Soria.jpg 768w, https:\/\/www.elturistatranquil.com\/wp-content\/uploads\/F31-palacio-de-los-Castejones-Soria-339x226.jpg 339w\" sizes=\"(max-width: 768px) 100vw, 768px\" \/>\t\t\t\t\t\t\t\t\t\t\t<figcaption class=\"widget-image-caption wp-caption-text\"><\/figcaption>\n\t\t\t\t\t\t\t\t\t\t<\/figure>\n\t\t\t\t\t\t\t\t\t<\/div>\n\t\t\t\t<\/div>\n\t\t\t\t<div class=\"elementor-element elementor-element-732f9be elementor-widget elementor-widget-text-editor\" data-id=\"732f9be\" data-element_type=\"widget\" data-e-type=\"widget\" data-widget_type=\"text-editor.default\">\n\t\t\t\t<div class=\"elementor-widget-container\">\n\t\t\t\t\t\t\t\t\t<p>El <strong>palau de Don Diego de Solier<\/strong> (<strong>12<\/strong>) (el seg\u00fcent a la fotografia anterior), constru\u00eft entre 1599 i 1607, t\u00e9 les traces de l&#8217;estil renaixentista. L&#8217;entrada est\u00e0 situada en un atzucac ara desaparegut, per la qual cosa el va d&#8217;acc\u00e9s actual \u00e9s posterior.<\/p><p>El mur \u00e9s de carreuat i ma\u00e7oneria, amb els balcons amb brancals amb cassetons laterals i front\u00f3 superior. Al segon pis una galeria d&#8217;arcs de mig punt sobre columnes toscanes.<\/p><p>El quart edifici correspon al <strong>palau del Vescomte de Eza o dels San Clemente <\/strong>(<strong>13<\/strong>).<\/p><p>L\u00b4origen de l\u00b4edifici \u00e9s una casa forta del segle XII que defensava la muralla. \u00c9s l&#8217;\u00fanica dels Dotze Llinatges de S\u00f2ria que queda dreta.<\/p><p>En aquest cas, ens trobem davant d&#8217;una edificaci\u00f3 austera amb el mur de carreuat i ma\u00e7oneria.<\/p><p>El que hi destaca \u00e9s el gran blas\u00f3 barroc del segle XVIII qu\u00e8 ocupa la part central del segon pis.<\/p><p>Sota el balc\u00f3 hi ha unes cadenes que manifesten que en aquest edifici ha dormit un rei, Alfons XIII.<\/p>\t\t\t\t\t\t\t\t<\/div>\n\t\t\t\t<\/div>\n\t\t\t\t<div class=\"elementor-element elementor-element-f869cf6 elementor-widget elementor-widget-image\" data-id=\"f869cf6\" data-element_type=\"widget\" data-e-type=\"widget\" data-widget_type=\"image.default\">\n\t\t\t\t<div class=\"elementor-widget-container\">\n\t\t\t\t\t\t\t\t\t\t\t\t<figure class=\"wp-caption\">\n\t\t\t\t\t\t\t\t\t\t<img loading=\"lazy\" decoding=\"async\" width=\"768\" height=\"512\" src=\"https:\/\/www.elturistatranquil.com\/wp-content\/uploads\/F32-Palacio-del-Vizconde-de-Eza-o-de-los-San-Clemente.-Soria.jpg\" class=\"attachment-large size-large wp-image-53270\" alt=\"Palacio del Vizconde de Eza o de los San Clemente., Soria\" srcset=\"https:\/\/www.elturistatranquil.com\/wp-content\/uploads\/F32-Palacio-del-Vizconde-de-Eza-o-de-los-San-Clemente.-Soria.jpg 768w, https:\/\/www.elturistatranquil.com\/wp-content\/uploads\/F32-Palacio-del-Vizconde-de-Eza-o-de-los-San-Clemente.-Soria-339x226.jpg 339w\" sizes=\"(max-width: 768px) 100vw, 768px\" \/>\t\t\t\t\t\t\t\t\t\t\t<figcaption class=\"widget-image-caption wp-caption-text\"><\/figcaption>\n\t\t\t\t\t\t\t\t\t\t<\/figure>\n\t\t\t\t\t\t\t\t\t<\/div>\n\t\t\t\t<\/div>\n\t\t\t\t<div class=\"elementor-element elementor-element-5a7e65e elementor-widget elementor-widget-heading\" data-id=\"5a7e65e\" data-element_type=\"widget\" data-e-type=\"widget\" data-widget_type=\"heading.default\">\n\t\t\t\t<div class=\"elementor-widget-container\">\n\t\t\t\t\t<h5 class=\"elementor-heading-title elementor-size-default\">Institut Antonio Machado i monuments a Machado<\/h5>\t\t\t\t<\/div>\n\t\t\t\t<\/div>\n\t\t\t\t<div class=\"elementor-element elementor-element-e2d44b7 elementor-widget elementor-widget-text-editor\" data-id=\"e2d44b7\" data-element_type=\"widget\" data-e-type=\"widget\" data-widget_type=\"text-editor.default\">\n\t\t\t\t<div class=\"elementor-widget-container\">\n\t\t\t\t\t\t\t\t\t<p>Passat aquest punt del carrer Aduana Vieja, al davant s&#8217;al\u00e7a l&#8217;<strong>Institut Antonio Machado<\/strong> (<strong>14<\/strong>), que fa cantonada amb la <strong>pla\u00e7a del Vergel<\/strong>.<\/p><p>L&#8217;inter\u00e8s hist\u00f2ric i simb\u00f2lic que t\u00e9 per a S\u00f2ria aquest edifici se centra que Antonio Machado hi va impartir classes com a catedr\u00e0tic de franc\u00e8s.<\/p><p>L&#8217;origen d&#8217;aquesta edificaci\u00f3 se situa l&#8217;any 1575 com a edifici dels jesu\u00eftes, encara que el 1740 un incendi el va destruir gaireb\u00e9 completament. Els jesu\u00eftes el van reconstruir fins que el van haver d&#8217;abandonar el 1767 a causa de la seva expulsi\u00f3 d&#8217;Espanya.<\/p><p>L&#8217;edificaci\u00f3 va passar per diverses ocupacions fins que va tornar a ser destinat a Institut d&#8217;Ensenyament. S&#8217;honra d&#8217;haver tingut com a professors personatges il\u00b7lustres com el mateix Antonio Machado, Gerardo Diego o Jos\u00e9 Antonio Gaya Nu\u00f1o.<\/p>\t\t\t\t\t\t\t\t<\/div>\n\t\t\t\t<\/div>\n\t\t\t\t<div class=\"elementor-element elementor-element-ad4817b elementor-widget elementor-widget-image\" data-id=\"ad4817b\" data-element_type=\"widget\" data-e-type=\"widget\" data-widget_type=\"image.default\">\n\t\t\t\t<div class=\"elementor-widget-container\">\n\t\t\t\t\t\t\t\t\t\t\t\t<figure class=\"wp-caption\">\n\t\t\t\t\t\t\t\t\t\t<img loading=\"lazy\" decoding=\"async\" width=\"768\" height=\"511\" src=\"https:\/\/www.elturistatranquil.com\/wp-content\/uploads\/F33-Instituto-Antonio-Machado-Soria.jpg\" class=\"attachment-large size-large wp-image-53272\" alt=\"Instituto Antonio Machado, Soria\" srcset=\"https:\/\/www.elturistatranquil.com\/wp-content\/uploads\/F33-Instituto-Antonio-Machado-Soria.jpg 768w, https:\/\/www.elturistatranquil.com\/wp-content\/uploads\/F33-Instituto-Antonio-Machado-Soria-339x226.jpg 339w\" sizes=\"(max-width: 768px) 100vw, 768px\" \/>\t\t\t\t\t\t\t\t\t\t\t<figcaption class=\"widget-image-caption wp-caption-text\"><\/figcaption>\n\t\t\t\t\t\t\t\t\t\t<\/figure>\n\t\t\t\t\t\t\t\t\t<\/div>\n\t\t\t\t<\/div>\n\t\t\t\t<div class=\"elementor-element elementor-element-62f417b elementor-widget elementor-widget-text-editor\" data-id=\"62f417b\" data-element_type=\"widget\" data-e-type=\"widget\" data-widget_type=\"text-editor.default\">\n\t\t\t\t<div class=\"elementor-widget-container\">\n\t\t\t\t\t\t\t\t\t<p>L\u00b4estada d\u00b4Antonio Machado s\u00b4homenatja amb dues escultures situades a l\u2019exterior de l\u00b4edifici.<\/p><p>Un <strong>bust de bronze d&#8217;Antonio Machado<\/strong> (<strong>15<\/strong>) sobre mon\u00f2lit de pedra de l&#8217;escultor Pablo Serrano, de l&#8217;any 1982.<\/p>\t\t\t\t\t\t\t\t<\/div>\n\t\t\t\t<\/div>\n\t\t\t\t<div class=\"elementor-element elementor-element-6ebf209 elementor-widget elementor-widget-image\" data-id=\"6ebf209\" data-element_type=\"widget\" data-e-type=\"widget\" data-widget_type=\"image.default\">\n\t\t\t\t<div class=\"elementor-widget-container\">\n\t\t\t\t\t\t\t\t\t\t\t\t<figure class=\"wp-caption\">\n\t\t\t\t\t\t\t\t\t\t<img loading=\"lazy\" decoding=\"async\" width=\"768\" height=\"511\" src=\"https:\/\/www.elturistatranquil.com\/wp-content\/uploads\/F34-busto-de-bronce-de-Antonio-Machado-de-Pablo-Serrano-Soria.jpg\" class=\"attachment-large size-large wp-image-53274\" alt=\"busto de bronce de Antonio Machado de Pablo Serrano, Soria\" srcset=\"https:\/\/www.elturistatranquil.com\/wp-content\/uploads\/F34-busto-de-bronce-de-Antonio-Machado-de-Pablo-Serrano-Soria.jpg 768w, https:\/\/www.elturistatranquil.com\/wp-content\/uploads\/F34-busto-de-bronce-de-Antonio-Machado-de-Pablo-Serrano-Soria-339x226.jpg 339w\" sizes=\"(max-width: 768px) 100vw, 768px\" \/>\t\t\t\t\t\t\t\t\t\t\t<figcaption class=\"widget-image-caption wp-caption-text\"><\/figcaption>\n\t\t\t\t\t\t\t\t\t\t<\/figure>\n\t\t\t\t\t\t\t\t\t<\/div>\n\t\t\t\t<\/div>\n\t\t\t\t<div class=\"elementor-element elementor-element-8989efb elementor-widget elementor-widget-text-editor\" data-id=\"8989efb\" data-element_type=\"widget\" data-e-type=\"widget\" data-widget_type=\"text-editor.default\">\n\t\t\t\t<div class=\"elementor-widget-container\">\n\t\t\t\t\t\t\t\t\t<p>L&#8217;altra, \u00e9s una escultura en bronze de mida natural de l&#8217;escultor Ricardo Gonz\u00e1lez Gil de l&#8217;any 2010. S&#8217;hi mostra <strong>Antonio Machado assegut en una butaca el dia del casament<\/strong> (<strong>16<\/strong>). Aquesta escultura complementa la que hem vist a la Pla\u00e7a Major on es trobava la dona del poeta, Leonor Izquierdo darrere de la mateixa cadira (<strong>7<\/strong>), per\u00f2 en aquell lloc buida.<\/p>\t\t\t\t\t\t\t\t<\/div>\n\t\t\t\t<\/div>\n\t\t\t\t<div class=\"elementor-element elementor-element-d071200 elementor-widget elementor-widget-image\" data-id=\"d071200\" data-element_type=\"widget\" data-e-type=\"widget\" data-widget_type=\"image.default\">\n\t\t\t\t<div class=\"elementor-widget-container\">\n\t\t\t\t\t\t\t\t\t\t\t\t<figure class=\"wp-caption\">\n\t\t\t\t\t\t\t\t\t\t<img loading=\"lazy\" decoding=\"async\" width=\"768\" height=\"511\" src=\"https:\/\/www.elturistatranquil.com\/wp-content\/uploads\/F35-Antonio-Machado-sentado-en-un-sillon-el-dia-de-su-boda-de-Ricardo-Gonzalez-Gil-Soria.jpg\" class=\"attachment-large size-large wp-image-53279\" alt=\"Antonio Machado sentado en un sill\u00f3n el d\u00eda de su boda de Ricardo Gonzalez Gil, Soria\" srcset=\"https:\/\/www.elturistatranquil.com\/wp-content\/uploads\/F35-Antonio-Machado-sentado-en-un-sillon-el-dia-de-su-boda-de-Ricardo-Gonzalez-Gil-Soria.jpg 768w, https:\/\/www.elturistatranquil.com\/wp-content\/uploads\/F35-Antonio-Machado-sentado-en-un-sillon-el-dia-de-su-boda-de-Ricardo-Gonzalez-Gil-Soria-339x226.jpg 339w\" sizes=\"(max-width: 768px) 100vw, 768px\" \/>\t\t\t\t\t\t\t\t\t\t\t<figcaption class=\"widget-image-caption wp-caption-text\"><\/figcaption>\n\t\t\t\t\t\t\t\t\t\t<\/figure>\n\t\t\t\t\t\t\t\t\t<\/div>\n\t\t\t\t<\/div>\n\t\t\t\t<div class=\"elementor-element elementor-element-c08face elementor-widget elementor-widget-heading\" data-id=\"c08face\" data-element_type=\"widget\" data-e-type=\"widget\" data-widget_type=\"heading.default\">\n\t\t\t\t<div class=\"elementor-widget-container\">\n\t\t\t\t\t<h5 class=\"elementor-heading-title elementor-size-default\">Muralla i portella<\/h5>\t\t\t\t<\/div>\n\t\t\t\t<\/div>\n\t\t\t\t<div class=\"elementor-element elementor-element-db1dff2 elementor-widget elementor-widget-text-editor\" data-id=\"db1dff2\" data-element_type=\"widget\" data-e-type=\"widget\" data-widget_type=\"text-editor.default\">\n\t\t\t\t<div class=\"elementor-widget-container\">\n\t\t\t\t\t\t\t\t\t<p>A ponent de la <strong>pla\u00e7a del Verger<\/strong> al fons s&#8217;obre una <strong>portella<\/strong> (<strong>17<\/strong>) sobre la muralla. En acostar-nos, queda visible un ampli fragment de la muralla de S\u00f2ria. En aquest tram de muralla cap al nord, no es va adossar cap construcci\u00f3, cosa que permet fer-nos una idea de la magnitud de la construcci\u00f3 del mur.<\/p>\t\t\t\t\t\t\t\t<\/div>\n\t\t\t\t<\/div>\n\t\t\t\t<div class=\"elementor-element elementor-element-4bcc18b elementor-widget elementor-widget-image\" data-id=\"4bcc18b\" data-element_type=\"widget\" data-e-type=\"widget\" data-widget_type=\"image.default\">\n\t\t\t\t<div class=\"elementor-widget-container\">\n\t\t\t\t\t\t\t\t\t\t\t\t<figure class=\"wp-caption\">\n\t\t\t\t\t\t\t\t\t\t<img loading=\"lazy\" decoding=\"async\" width=\"768\" height=\"513\" src=\"https:\/\/www.elturistatranquil.com\/wp-content\/uploads\/F36-Postigo-Puerta-de-Pro-y-muralla-de-Soria.jpg\" class=\"attachment-large size-large wp-image-53281\" alt=\"Postigo Puerta de Pro y muralla de Soria\" srcset=\"https:\/\/www.elturistatranquil.com\/wp-content\/uploads\/F36-Postigo-Puerta-de-Pro-y-muralla-de-Soria.jpg 768w, https:\/\/www.elturistatranquil.com\/wp-content\/uploads\/F36-Postigo-Puerta-de-Pro-y-muralla-de-Soria-339x226.jpg 339w\" sizes=\"(max-width: 768px) 100vw, 768px\" \/>\t\t\t\t\t\t\t\t\t\t\t<figcaption class=\"widget-image-caption wp-caption-text\"><\/figcaption>\n\t\t\t\t\t\t\t\t\t\t<\/figure>\n\t\t\t\t\t\t\t\t\t<\/div>\n\t\t\t\t<\/div>\n\t\t\t\t<div class=\"elementor-element elementor-element-cde1308 elementor-widget elementor-widget-text-editor\" data-id=\"cde1308\" data-element_type=\"widget\" data-e-type=\"widget\" data-widget_type=\"text-editor.default\">\n\t\t\t\t<div class=\"elementor-widget-container\">\n\t\t\t\t\t\t\t\t\t<p>Travessant la portella ens situem al <strong>carrer Puertas de Pro<\/strong>, aqu\u00ed veiem com, sobre el costat exterior de la muralla, s\u00ed que es van adossar les edificacions de les cases, que mostren l&#8217;arquitectura popular urbana soriana d&#8217;aquell moment, configurant una carrer exterior del <strong>Raval<\/strong> sobre el que es va anar expandint la ciutat.<\/p>\t\t\t\t\t\t\t\t<\/div>\n\t\t\t\t<\/div>\n\t\t\t\t<div class=\"elementor-element elementor-element-c13676b elementor-widget elementor-widget-image\" data-id=\"c13676b\" data-element_type=\"widget\" data-e-type=\"widget\" data-widget_type=\"image.default\">\n\t\t\t\t<div class=\"elementor-widget-container\">\n\t\t\t\t\t\t\t\t\t\t\t\t<figure class=\"wp-caption\">\n\t\t\t\t\t\t\t\t\t\t<img loading=\"lazy\" decoding=\"async\" width=\"768\" height=\"512\" src=\"https:\/\/www.elturistatranquil.com\/wp-content\/uploads\/F37-Postigo-Puerta-de-Pro-Soria.jpg\" class=\"attachment-large size-large wp-image-53283\" alt=\"Postigo Puerta de Pro, Soria\" srcset=\"https:\/\/www.elturistatranquil.com\/wp-content\/uploads\/F37-Postigo-Puerta-de-Pro-Soria.jpg 768w, https:\/\/www.elturistatranquil.com\/wp-content\/uploads\/F37-Postigo-Puerta-de-Pro-Soria-339x226.jpg 339w\" sizes=\"(max-width: 768px) 100vw, 768px\" \/>\t\t\t\t\t\t\t\t\t\t\t<figcaption class=\"widget-image-caption wp-caption-text\"><\/figcaption>\n\t\t\t\t\t\t\t\t\t\t<\/figure>\n\t\t\t\t\t\t\t\t\t<\/div>\n\t\t\t\t<\/div>\n\t\t\t\t<div class=\"elementor-element elementor-element-39bca15 elementor-widget elementor-widget-image\" data-id=\"39bca15\" data-element_type=\"widget\" data-e-type=\"widget\" data-widget_type=\"image.default\">\n\t\t\t\t<div class=\"elementor-widget-container\">\n\t\t\t\t\t\t\t\t\t\t\t\t<figure class=\"wp-caption\">\n\t\t\t\t\t\t\t\t\t\t<img loading=\"lazy\" decoding=\"async\" width=\"768\" height=\"511\" src=\"https:\/\/www.elturistatranquil.com\/wp-content\/uploads\/F38-calle-Puertas-de-Pro-Soria.jpg\" class=\"attachment-large size-large wp-image-53285\" alt=\"calle Puertas de Pro, Soria\" srcset=\"https:\/\/www.elturistatranquil.com\/wp-content\/uploads\/F38-calle-Puertas-de-Pro-Soria.jpg 768w, https:\/\/www.elturistatranquil.com\/wp-content\/uploads\/F38-calle-Puertas-de-Pro-Soria-339x226.jpg 339w\" sizes=\"(max-width: 768px) 100vw, 768px\" \/>\t\t\t\t\t\t\t\t\t\t\t<figcaption class=\"widget-image-caption wp-caption-text\"><\/figcaption>\n\t\t\t\t\t\t\t\t\t\t<\/figure>\n\t\t\t\t\t\t\t\t\t<\/div>\n\t\t\t\t<\/div>\n\t\t\t\t<div class=\"elementor-element elementor-element-cf8a770 elementor-widget elementor-widget-heading\" data-id=\"cf8a770\" data-element_type=\"widget\" data-e-type=\"widget\" data-widget_type=\"heading.default\">\n\t\t\t\t<div class=\"elementor-widget-container\">\n\t\t\t\t\t<h4 class=\"elementor-heading-title elementor-size-default\">Esgl\u00e9sia de Santo Domingo<\/h4>\t\t\t\t<\/div>\n\t\t\t\t<\/div>\n\t\t\t\t<div class=\"elementor-element elementor-element-11ad0b8 elementor-widget elementor-widget-text-editor\" data-id=\"11ad0b8\" data-element_type=\"widget\" data-e-type=\"widget\" data-widget_type=\"text-editor.default\">\n\t\t\t\t<div class=\"elementor-widget-container\">\n\t\t\t\t\t\t\t\t\t<p><em>B\u00e9 d&#8217;Inter\u00e8s Cultural (BIC)<\/em><\/p><p>Tornant al carrer Aduana Vieja s&#8217;enfila fins a la <strong>pla\u00e7a de los Condes de L\u00e9rida<\/strong> on s&#8217;empla\u00e7a un dels monuments m\u00e9s importants del rom\u00e0nic sori\u00e0 de la ciutat. Es tracta de l<strong>\u00b4Esgl\u00e9sia de Santo Domingo<\/strong> (<strong>18<\/strong>).<\/p><p>Enlla\u00e7 amb el Post: <strong><a href=\"https:\/\/www.elturistatranquil.com\/ca\/esglesies-romanic-gotiques-de-la-ciutat-de-soria\/\" target=\"_blank\" rel=\"noopener\">Esgl\u00e9sies rom\u00e0nic-g\u00f2tiques de la ciutat de S\u00f2ria<\/a><\/strong><\/p><p>\u00a0<\/p>\t\t\t\t\t\t\t\t<\/div>\n\t\t\t\t<\/div>\n\t\t\t\t<div class=\"elementor-element elementor-element-c7d1bad elementor-widget elementor-widget-image\" data-id=\"c7d1bad\" data-element_type=\"widget\" data-e-type=\"widget\" data-widget_type=\"image.default\">\n\t\t\t\t<div class=\"elementor-widget-container\">\n\t\t\t\t\t\t\t\t\t\t\t\t<figure class=\"wp-caption\">\n\t\t\t\t\t\t\t\t\t\t<img loading=\"lazy\" decoding=\"async\" width=\"768\" height=\"511\" src=\"https:\/\/www.elturistatranquil.com\/wp-content\/uploads\/F39-Iglesia-de-Santo-Domingo-Soria.jpg\" class=\"attachment-large size-large wp-image-53287\" alt=\"Iglesia de Santo Domingo, Soria\" srcset=\"https:\/\/www.elturistatranquil.com\/wp-content\/uploads\/F39-Iglesia-de-Santo-Domingo-Soria.jpg 768w, https:\/\/www.elturistatranquil.com\/wp-content\/uploads\/F39-Iglesia-de-Santo-Domingo-Soria-339x226.jpg 339w\" sizes=\"(max-width: 768px) 100vw, 768px\" \/>\t\t\t\t\t\t\t\t\t\t\t<figcaption class=\"widget-image-caption wp-caption-text\"><\/figcaption>\n\t\t\t\t\t\t\t\t\t\t<\/figure>\n\t\t\t\t\t\t\t\t\t<\/div>\n\t\t\t\t<\/div>\n\t\t\t\t<div class=\"elementor-element elementor-element-244b78f elementor-widget elementor-widget-image\" data-id=\"244b78f\" data-element_type=\"widget\" data-e-type=\"widget\" data-widget_type=\"image.default\">\n\t\t\t\t<div class=\"elementor-widget-container\">\n\t\t\t\t\t\t\t\t\t\t\t\t<figure class=\"wp-caption\">\n\t\t\t\t\t\t\t\t\t\t<img loading=\"lazy\" decoding=\"async\" width=\"768\" height=\"511\" src=\"https:\/\/www.elturistatranquil.com\/wp-content\/uploads\/F40-Iglesia-de-Santo-Domingo-Soria.jpg\" class=\"attachment-large size-large wp-image-53289\" alt=\"Iglesia de Santo Domingo, Soria\" srcset=\"https:\/\/www.elturistatranquil.com\/wp-content\/uploads\/F40-Iglesia-de-Santo-Domingo-Soria.jpg 768w, https:\/\/www.elturistatranquil.com\/wp-content\/uploads\/F40-Iglesia-de-Santo-Domingo-Soria-339x226.jpg 339w\" sizes=\"(max-width: 768px) 100vw, 768px\" \/>\t\t\t\t\t\t\t\t\t\t\t<figcaption class=\"widget-image-caption wp-caption-text\"><\/figcaption>\n\t\t\t\t\t\t\t\t\t\t<\/figure>\n\t\t\t\t\t\t\t\t\t<\/div>\n\t\t\t\t<\/div>\n\t\t\t\t<div class=\"elementor-element elementor-element-ce919d4 elementor-widget elementor-widget-text-editor\" data-id=\"ce919d4\" data-element_type=\"widget\" data-e-type=\"widget\" data-widget_type=\"text-editor.default\">\n\t\t\t\t<div class=\"elementor-widget-container\">\n\t\t\t\t\t\t\t\t\t<p>A la sortida de l\u00b4esgl\u00e9sia de Santo Domingo, retrocedim cap al centre de la ciutat pel <strong>carrer Estudios<\/strong>.<\/p>\t\t\t\t\t\t\t\t<\/div>\n\t\t\t\t<\/div>\n\t\t\t\t<div class=\"elementor-element elementor-element-91afef7 elementor-widget elementor-widget-heading\" data-id=\"91afef7\" data-element_type=\"widget\" data-e-type=\"widget\" data-widget_type=\"heading.default\">\n\t\t\t\t<div class=\"elementor-widget-container\">\n\t\t\t\t\t<h5 class=\"elementor-heading-title elementor-size-default\">Monestir de les Clarisas<\/h5>\t\t\t\t<\/div>\n\t\t\t\t<\/div>\n\t\t\t\t<div class=\"elementor-element elementor-element-724789c elementor-widget elementor-widget-text-editor\" data-id=\"724789c\" data-element_type=\"widget\" data-e-type=\"widget\" data-widget_type=\"text-editor.default\">\n\t\t\t\t<div class=\"elementor-widget-container\">\n\t\t\t\t\t\t\t\t\t<p>Primer seguirem al costat de la fa\u00e7ana del <strong>monestir<\/strong> <strong>de les Clarisas<\/strong> (<strong>19<\/strong>), que ja sabem que antigament havia estat l&#8217;antic convent de Santo Domingo.<\/p><p>L\u00b4edifici de quatre nivells no presenta particularitats arquitect\u00f2niques destacables. Un gran mur de ma\u00e7oneria, amb la porta de mig punt amb dovelles a l&#8217;extrem nord, i per la resta de la fa\u00e7ana nombroses finestres rectangulars de mida diferent emmarcades en pedra de carreuat. El darrer nivell presenta parcialment arcades de mig punt de ma\u00f3.<\/p>\t\t\t\t\t\t\t\t<\/div>\n\t\t\t\t<\/div>\n\t\t\t\t<div class=\"elementor-element elementor-element-e8fa1fc elementor-widget elementor-widget-image\" data-id=\"e8fa1fc\" data-element_type=\"widget\" data-e-type=\"widget\" data-widget_type=\"image.default\">\n\t\t\t\t<div class=\"elementor-widget-container\">\n\t\t\t\t\t\t\t\t\t\t\t\t<figure class=\"wp-caption\">\n\t\t\t\t\t\t\t\t\t\t<img loading=\"lazy\" decoding=\"async\" width=\"768\" height=\"511\" src=\"https:\/\/www.elturistatranquil.com\/wp-content\/uploads\/F41-Monasterio-de-las-Clarisas-Soria.jpg\" class=\"attachment-large size-large wp-image-53291\" alt=\"Monasterio de las Clarisas , Soria\" srcset=\"https:\/\/www.elturistatranquil.com\/wp-content\/uploads\/F41-Monasterio-de-las-Clarisas-Soria.jpg 768w, https:\/\/www.elturistatranquil.com\/wp-content\/uploads\/F41-Monasterio-de-las-Clarisas-Soria-339x226.jpg 339w\" sizes=\"(max-width: 768px) 100vw, 768px\" \/>\t\t\t\t\t\t\t\t\t\t\t<figcaption class=\"widget-image-caption wp-caption-text\"><\/figcaption>\n\t\t\t\t\t\t\t\t\t\t<\/figure>\n\t\t\t\t\t\t\t\t\t<\/div>\n\t\t\t\t<\/div>\n\t\t\t\t<div class=\"elementor-element elementor-element-d11ff2e elementor-widget elementor-widget-heading\" data-id=\"d11ff2e\" data-element_type=\"widget\" data-e-type=\"widget\" data-widget_type=\"heading.default\">\n\t\t\t\t<div class=\"elementor-widget-container\">\n\t\t\t\t\t<h5 class=\"elementor-heading-title elementor-size-default\">Casas modernistes<\/h5>\t\t\t\t<\/div>\n\t\t\t\t<\/div>\n\t\t\t\t<div class=\"elementor-element elementor-element-b949c8c elementor-widget elementor-widget-text-editor\" data-id=\"b949c8c\" data-element_type=\"widget\" data-e-type=\"widget\" data-widget_type=\"text-editor.default\">\n\t\t\t\t<div class=\"elementor-widget-container\">\n\t\t\t\t\t\t\t\t\t<p>El m\u00e9s interessant al carrer Estudis s\u00f3n les diverses <strong>cases d&#8217;estil modernista <\/strong>que trobem al llarg del recorregut.<\/p><p><strong>Casa modernista<\/strong> (<strong>20<\/strong>) a la <strong>pla\u00e7a Bernardo Robles, n\u00fam. 6<\/strong>.<\/p>\t\t\t\t\t\t\t\t<\/div>\n\t\t\t\t<\/div>\n\t\t\t\t<div class=\"elementor-element elementor-element-aaeb142 elementor-widget elementor-widget-image\" data-id=\"aaeb142\" data-element_type=\"widget\" data-e-type=\"widget\" data-widget_type=\"image.default\">\n\t\t\t\t<div class=\"elementor-widget-container\">\n\t\t\t\t\t\t\t\t\t\t\t\t<figure class=\"wp-caption\">\n\t\t\t\t\t\t\t\t\t\t<img loading=\"lazy\" decoding=\"async\" width=\"768\" height=\"513\" src=\"https:\/\/www.elturistatranquil.com\/wp-content\/uploads\/F42-Casa-modernista-en-la-plaza-Bernardo-Robles-Soria.jpg\" class=\"attachment-large size-large wp-image-53296\" alt=\"Casa modernista en la plaza Bernardo Robles, Soria\" srcset=\"https:\/\/www.elturistatranquil.com\/wp-content\/uploads\/F42-Casa-modernista-en-la-plaza-Bernardo-Robles-Soria.jpg 768w, https:\/\/www.elturistatranquil.com\/wp-content\/uploads\/F42-Casa-modernista-en-la-plaza-Bernardo-Robles-Soria-339x226.jpg 339w\" sizes=\"(max-width: 768px) 100vw, 768px\" \/>\t\t\t\t\t\t\t\t\t\t\t<figcaption class=\"widget-image-caption wp-caption-text\"><\/figcaption>\n\t\t\t\t\t\t\t\t\t\t<\/figure>\n\t\t\t\t\t\t\t\t\t<\/div>\n\t\t\t\t<\/div>\n\t\t\t\t<div class=\"elementor-element elementor-element-b061540 elementor-widget elementor-widget-text-editor\" data-id=\"b061540\" data-element_type=\"widget\" data-e-type=\"widget\" data-widget_type=\"text-editor.default\">\n\t\t\t\t<div class=\"elementor-widget-container\">\n\t\t\t\t\t\t\t\t\t<p><strong>Casa modernista<\/strong> (<strong>21<\/strong>) al <strong>carrer Estudis, n\u00fam. 6<\/strong>.<\/p>\t\t\t\t\t\t\t\t<\/div>\n\t\t\t\t<\/div>\n\t\t\t\t<div class=\"elementor-element elementor-element-cdc650c elementor-widget elementor-widget-image\" data-id=\"cdc650c\" data-element_type=\"widget\" data-e-type=\"widget\" data-widget_type=\"image.default\">\n\t\t\t\t<div class=\"elementor-widget-container\">\n\t\t\t\t\t\t\t\t\t\t\t\t<figure class=\"wp-caption\">\n\t\t\t\t\t\t\t\t\t\t<img loading=\"lazy\" decoding=\"async\" width=\"768\" height=\"511\" src=\"https:\/\/www.elturistatranquil.com\/wp-content\/uploads\/F43-Casa-modernista-en-la-calle-Estudios-6-Soria.jpg\" class=\"attachment-large size-large wp-image-53298\" alt=\"Casa modernista en la calle Estudios 6, Soria\" srcset=\"https:\/\/www.elturistatranquil.com\/wp-content\/uploads\/F43-Casa-modernista-en-la-calle-Estudios-6-Soria.jpg 768w, https:\/\/www.elturistatranquil.com\/wp-content\/uploads\/F43-Casa-modernista-en-la-calle-Estudios-6-Soria-339x226.jpg 339w\" sizes=\"(max-width: 768px) 100vw, 768px\" \/>\t\t\t\t\t\t\t\t\t\t\t<figcaption class=\"widget-image-caption wp-caption-text\"><\/figcaption>\n\t\t\t\t\t\t\t\t\t\t<\/figure>\n\t\t\t\t\t\t\t\t\t<\/div>\n\t\t\t\t<\/div>\n\t\t\t\t<div class=\"elementor-element elementor-element-5e02b5b elementor-widget elementor-widget-text-editor\" data-id=\"5e02b5b\" data-element_type=\"widget\" data-e-type=\"widget\" data-widget_type=\"text-editor.default\">\n\t\t\t\t<div class=\"elementor-widget-container\">\n\t\t\t\t\t\t\t\t\t<p>El carrer Estudis aboca a la <strong>pla\u00e7a el Rosel y San Juan<\/strong>.<\/p>\t\t\t\t\t\t\t\t<\/div>\n\t\t\t\t<\/div>\n\t\t\t\t<div class=\"elementor-element elementor-element-0dc689e elementor-widget elementor-widget-heading\" data-id=\"0dc689e\" data-element_type=\"widget\" data-e-type=\"widget\" data-widget_type=\"heading.default\">\n\t\t\t\t<div class=\"elementor-widget-container\">\n\t\t\t\t\t<h3 class=\"elementor-heading-title elementor-size-default\">Carrer Aguirre, carrer Condes de G\u00f3mara, pla\u00e7a Ram\u00f3n Ayll\u00f3n, travessera Cinco Villas, carrer Obispo Agust\u00edn, pla\u00e7a de San Pedro i carrer Santa Cruz<\/h3>\t\t\t\t<\/div>\n\t\t\t\t<\/div>\n\t\t\t\t<div class=\"elementor-element elementor-element-2d7f246 elementor-widget elementor-widget-text-editor\" data-id=\"2d7f246\" data-element_type=\"widget\" data-e-type=\"widget\" data-widget_type=\"text-editor.default\">\n\t\t\t\t<div class=\"elementor-widget-container\">\n\t\t\t\t\t\t\t\t\t<p>A la <strong>pla\u00e7a el Rosel y San Juan<\/strong> inicio un tercer recorregut que ens portar\u00e0 fins a la Concatedral i claustre de San Pedro.<\/p>\t\t\t\t\t\t\t\t<\/div>\n\t\t\t\t<\/div>\n\t\t\t\t<div class=\"elementor-element elementor-element-6f6ebce elementor-widget elementor-widget-heading\" data-id=\"6f6ebce\" data-element_type=\"widget\" data-e-type=\"widget\" data-widget_type=\"heading.default\">\n\t\t\t\t<div class=\"elementor-widget-container\">\n\t\t\t\t\t<h4 class=\"elementor-heading-title elementor-size-default\">Palau dels Comtes de G\u00f3mara<\/h4>\t\t\t\t<\/div>\n\t\t\t\t<\/div>\n\t\t\t\t<div class=\"elementor-element elementor-element-5ba1c71 elementor-widget elementor-widget-text-editor\" data-id=\"5ba1c71\" data-element_type=\"widget\" data-e-type=\"widget\" data-widget_type=\"text-editor.default\">\n\t\t\t\t<div class=\"elementor-widget-container\">\n\t\t\t\t\t\t\t\t\t<p><em>B\u00e9 d&#8217;Inter\u00e8s Cultural (BIC)<\/em><\/p><p>Passat primer tram del <strong>carrer Aguirre<\/strong> una bifurcaci\u00f3 en oblic pel costat nord segueix el <strong>carrer Comtes de G\u00f3mara<\/strong> on s&#8217;ubica l\u00f2gicament el <strong>palau dels Comtes de G\u00f3mara <\/strong>(<strong>22<\/strong>).<\/p><p>Es tracta de l\u00b4edifici civil m\u00e9s important d\u00b4ordre particular de la ciutat. Nom\u00e9s cal tenir en compte que la fa\u00e7ana t\u00e9 una longitud d&#8217;uns 105 metres.<\/p><p>Edificat entre 1577 i 1592 com a nou palau dels R\u00edo y Salcedo, mostra l&#8217;opul\u00e8ncia del seu patrimoni en base a la seva cabana ovina i a formar part de l&#8217;Honrat Concejo de la Mesta, sent el promotor Francisco L\u00f3pez del R\u00edo.<\/p><p>Se&#8217;l coneix com a <strong>palau dels Comtes de G\u00f3mara<\/strong> ja que, el 1690, el rei Carlos II li va concedir el t\u00edtol de Comte de G\u00f3mara a Ruiz de Saucedo y Arbuzi, del llinatge dels Salcedo y de los R\u00edos.<\/p><p>L&#8217;edifici renaixentista de tend\u00e8ncia herreriana \u00e9s una construcci\u00f3 de tres nivells, formada per tres cossos arquitect\u00f2nicament diferents, m\u00e9s una torre de cinc nivells a l&#8217;extrem oriental.<\/p>\t\t\t\t\t\t\t\t<\/div>\n\t\t\t\t<\/div>\n\t\t\t\t<div class=\"elementor-element elementor-element-b7da706 elementor-widget elementor-widget-image\" data-id=\"b7da706\" data-element_type=\"widget\" data-e-type=\"widget\" data-widget_type=\"image.default\">\n\t\t\t\t<div class=\"elementor-widget-container\">\n\t\t\t\t\t\t\t\t\t\t\t\t<figure class=\"wp-caption\">\n\t\t\t\t\t\t\t\t\t\t<img loading=\"lazy\" decoding=\"async\" width=\"768\" height=\"511\" src=\"https:\/\/www.elturistatranquil.com\/wp-content\/uploads\/F44-Palacio-de-los-Condes-de-Gomara-Soria.jpg\" class=\"attachment-large size-large wp-image-53300\" alt=\"Palacio de los Condes de Gomara , Soria\" srcset=\"https:\/\/www.elturistatranquil.com\/wp-content\/uploads\/F44-Palacio-de-los-Condes-de-Gomara-Soria.jpg 768w, https:\/\/www.elturistatranquil.com\/wp-content\/uploads\/F44-Palacio-de-los-Condes-de-Gomara-Soria-339x226.jpg 339w\" sizes=\"(max-width: 768px) 100vw, 768px\" \/>\t\t\t\t\t\t\t\t\t\t\t<figcaption class=\"widget-image-caption wp-caption-text\"><\/figcaption>\n\t\t\t\t\t\t\t\t\t\t<\/figure>\n\t\t\t\t\t\t\t\t\t<\/div>\n\t\t\t\t<\/div>\n\t\t\t\t<div class=\"elementor-element elementor-element-65cc4c8 elementor-widget elementor-widget-text-editor\" data-id=\"65cc4c8\" data-element_type=\"widget\" data-e-type=\"widget\" data-widget_type=\"text-editor.default\">\n\t\t\t\t<div class=\"elementor-widget-container\">\n\t\t\t\t\t\t\t\t\t<p>El cos central correspondria a la primera construcci\u00f3 del palau. Al centre una portada amb dues columnes laterals i un timp\u00e0 que arriba fins al centre del primer pis. Per sobre, el gran escut de la fam\u00edlia subjecte per dos macers en qu\u00e8 s&#8217;incorporen els llinatges familiars.<\/p>\t\t\t\t\t\t\t\t<\/div>\n\t\t\t\t<\/div>\n\t\t\t\t<div class=\"elementor-element elementor-element-5015764 elementor-widget elementor-widget-image\" data-id=\"5015764\" data-element_type=\"widget\" data-e-type=\"widget\" data-widget_type=\"image.default\">\n\t\t\t\t<div class=\"elementor-widget-container\">\n\t\t\t\t\t\t\t\t\t\t\t\t<figure class=\"wp-caption\">\n\t\t\t\t\t\t\t\t\t\t<img loading=\"lazy\" decoding=\"async\" width=\"768\" height=\"512\" src=\"https:\/\/www.elturistatranquil.com\/wp-content\/uploads\/F45-Palacio-de-los-Condes-de-Gomara-Soria.jpg\" class=\"attachment-large size-large wp-image-53302\" alt=\"Palacio de los Condes de Gomara , Soria\" srcset=\"https:\/\/www.elturistatranquil.com\/wp-content\/uploads\/F45-Palacio-de-los-Condes-de-Gomara-Soria.jpg 768w, https:\/\/www.elturistatranquil.com\/wp-content\/uploads\/F45-Palacio-de-los-Condes-de-Gomara-Soria-339x226.jpg 339w\" sizes=\"(max-width: 768px) 100vw, 768px\" \/>\t\t\t\t\t\t\t\t\t\t\t<figcaption class=\"widget-image-caption wp-caption-text\"><\/figcaption>\n\t\t\t\t\t\t\t\t\t\t<\/figure>\n\t\t\t\t\t\t\t\t\t<\/div>\n\t\t\t\t<\/div>\n\t\t\t\t<div class=\"elementor-element elementor-element-54b1390 elementor-widget elementor-widget-text-editor\" data-id=\"54b1390\" data-element_type=\"widget\" data-e-type=\"widget\" data-widget_type=\"text-editor.default\">\n\t\t\t\t<div class=\"elementor-widget-container\">\n\t\t\t\t\t\t\t\t\t<p>Al timp\u00e0, dos \u00e0ngels subjecten un pergam\u00ed que cont\u00e9 una extensa inscripci\u00f3, en la qual s&#8217;explica que el va fer construir Francisco L\u00f3pez del R\u00edo, i els seus t\u00edtols, amb la indicaci\u00f3 que es va acabar l&#8217;any 1592.<\/p><p>Dos balcons de ferreria amb front\u00f3 triangular sobre la llinda, disposats sim\u00e8tricament a cada costat de la portada al primer pis.<\/p><p>A l&#8217;\u00faltim nivell una galeria oberta amb el sostre recolzat un pilars quadrangulars i dues finestres enreixades a cada costat sobre l&#8217;eix dels finestrals del pis inferior.<\/p>\t\t\t\t\t\t\t\t<\/div>\n\t\t\t\t<\/div>\n\t\t\t\t<div class=\"elementor-element elementor-element-0a6b39d elementor-widget elementor-widget-image\" data-id=\"0a6b39d\" data-element_type=\"widget\" data-e-type=\"widget\" data-widget_type=\"image.default\">\n\t\t\t\t<div class=\"elementor-widget-container\">\n\t\t\t\t\t\t\t\t\t\t\t\t<figure class=\"wp-caption\">\n\t\t\t\t\t\t\t\t\t\t<img loading=\"lazy\" decoding=\"async\" width=\"768\" height=\"511\" src=\"https:\/\/www.elturistatranquil.com\/wp-content\/uploads\/F46-Palacio-de-los-Condes-de-Gomara-Soria.jpg\" class=\"attachment-large size-large wp-image-53304\" alt=\"Palacio de los Condes de Gomara , Soria\" srcset=\"https:\/\/www.elturistatranquil.com\/wp-content\/uploads\/F46-Palacio-de-los-Condes-de-Gomara-Soria.jpg 768w, https:\/\/www.elturistatranquil.com\/wp-content\/uploads\/F46-Palacio-de-los-Condes-de-Gomara-Soria-339x226.jpg 339w\" sizes=\"(max-width: 768px) 100vw, 768px\" \/>\t\t\t\t\t\t\t\t\t\t\t<figcaption class=\"widget-image-caption wp-caption-text\"><\/figcaption>\n\t\t\t\t\t\t\t\t\t\t<\/figure>\n\t\t\t\t\t\t\t\t\t<\/div>\n\t\t\t\t<\/div>\n\t\t\t\t<div class=\"elementor-element elementor-element-ddefd67 elementor-widget elementor-widget-text-editor\" data-id=\"ddefd67\" data-element_type=\"widget\" data-e-type=\"widget\" data-widget_type=\"text-editor.default\">\n\t\t\t\t<div class=\"elementor-widget-container\">\n\t\t\t\t\t\t\t\t\t<p>Tot seguit d&#8217;aquest cos central, a la dreta una segona part constru\u00efda posteriorment juntament amb la torre.<\/p><p>El que destaca d&#8217;aquest bloc s\u00f3n una galeria correguda amb arcs de mig punt sobre dotze columnes d&#8217;estil tosc\u00e0 al primer pis, i una galeria oberta sota la coberta que se sost\u00e9 sobre vint-i-quatre columnes d&#8217;estil j\u00f2nic.<\/p>\t\t\t\t\t\t\t\t<\/div>\n\t\t\t\t<\/div>\n\t\t\t\t<div class=\"elementor-element elementor-element-51e8403 elementor-widget elementor-widget-image\" data-id=\"51e8403\" data-element_type=\"widget\" data-e-type=\"widget\" data-widget_type=\"image.default\">\n\t\t\t\t<div class=\"elementor-widget-container\">\n\t\t\t\t\t\t\t\t\t\t\t\t<figure class=\"wp-caption\">\n\t\t\t\t\t\t\t\t\t\t<img loading=\"lazy\" decoding=\"async\" width=\"768\" height=\"513\" src=\"https:\/\/www.elturistatranquil.com\/wp-content\/uploads\/F47-Palacio-de-los-Condes-de-Gomara-Soria.jpg\" class=\"attachment-large size-large wp-image-53306\" alt=\"Palacio de los Condes de Gomara , Soria\" srcset=\"https:\/\/www.elturistatranquil.com\/wp-content\/uploads\/F47-Palacio-de-los-Condes-de-Gomara-Soria.jpg 768w, https:\/\/www.elturistatranquil.com\/wp-content\/uploads\/F47-Palacio-de-los-Condes-de-Gomara-Soria-339x226.jpg 339w\" sizes=\"(max-width: 768px) 100vw, 768px\" \/>\t\t\t\t\t\t\t\t\t\t\t<figcaption class=\"widget-image-caption wp-caption-text\"><\/figcaption>\n\t\t\t\t\t\t\t\t\t\t<\/figure>\n\t\t\t\t\t\t\t\t\t<\/div>\n\t\t\t\t<\/div>\n\t\t\t\t<div class=\"elementor-element elementor-element-f810a86 elementor-widget elementor-widget-image\" data-id=\"f810a86\" data-element_type=\"widget\" data-e-type=\"widget\" data-widget_type=\"image.default\">\n\t\t\t\t<div class=\"elementor-widget-container\">\n\t\t\t\t\t\t\t\t\t\t\t\t<figure class=\"wp-caption\">\n\t\t\t\t\t\t\t\t\t\t<img loading=\"lazy\" decoding=\"async\" width=\"768\" height=\"511\" src=\"https:\/\/www.elturistatranquil.com\/wp-content\/uploads\/F48-Palacio-de-los-Condes-de-Gomara-Soria.jpg\" class=\"attachment-large size-large wp-image-53308\" alt=\"Palacio de los Condes de Gomara , Soria\" srcset=\"https:\/\/www.elturistatranquil.com\/wp-content\/uploads\/F48-Palacio-de-los-Condes-de-Gomara-Soria.jpg 768w, https:\/\/www.elturistatranquil.com\/wp-content\/uploads\/F48-Palacio-de-los-Condes-de-Gomara-Soria-339x226.jpg 339w\" sizes=\"(max-width: 768px) 100vw, 768px\" \/>\t\t\t\t\t\t\t\t\t\t\t<figcaption class=\"widget-image-caption wp-caption-text\"><\/figcaption>\n\t\t\t\t\t\t\t\t\t\t<\/figure>\n\t\t\t\t\t\t\t\t\t<\/div>\n\t\t\t\t<\/div>\n\t\t\t\t<div class=\"elementor-element elementor-element-410ebe6 elementor-widget elementor-widget-text-editor\" data-id=\"410ebe6\" data-element_type=\"widget\" data-e-type=\"widget\" data-widget_type=\"text-editor.default\">\n\t\t\t\t<div class=\"elementor-widget-container\">\n\t\t\t\t\t\t\t\t\t<p>A l&#8217;extrem de llevant una torre quadrada de cinc nivells, amb dues finestres per cada costat al nivell superior. No t\u00e9 cap altra funci\u00f3 que la demostrativa de poder per part de la fam\u00edlia. Es remata a la part superior amb dotze acroteris decoratius.<\/p>\t\t\t\t\t\t\t\t<\/div>\n\t\t\t\t<\/div>\n\t\t\t\t<div class=\"elementor-element elementor-element-98aa3e3 elementor-widget elementor-widget-image\" data-id=\"98aa3e3\" data-element_type=\"widget\" data-e-type=\"widget\" data-widget_type=\"image.default\">\n\t\t\t\t<div class=\"elementor-widget-container\">\n\t\t\t\t\t\t\t\t\t\t\t\t<figure class=\"wp-caption\">\n\t\t\t\t\t\t\t\t\t\t<img loading=\"lazy\" decoding=\"async\" width=\"768\" height=\"511\" src=\"https:\/\/www.elturistatranquil.com\/wp-content\/uploads\/F49-Palacio-de-los-Condes-de-Gomara-Soria.jpg\" class=\"attachment-large size-large wp-image-53310\" alt=\"Palacio de los Condes de Gomara , Soria\" srcset=\"https:\/\/www.elturistatranquil.com\/wp-content\/uploads\/F49-Palacio-de-los-Condes-de-Gomara-Soria.jpg 768w, https:\/\/www.elturistatranquil.com\/wp-content\/uploads\/F49-Palacio-de-los-Condes-de-Gomara-Soria-339x226.jpg 339w\" sizes=\"(max-width: 768px) 100vw, 768px\" \/>\t\t\t\t\t\t\t\t\t\t\t<figcaption class=\"widget-image-caption wp-caption-text\"><\/figcaption>\n\t\t\t\t\t\t\t\t\t\t<\/figure>\n\t\t\t\t\t\t\t\t\t<\/div>\n\t\t\t\t<\/div>\n\t\t\t\t<div class=\"elementor-element elementor-element-64ca2f8 elementor-widget elementor-widget-text-editor\" data-id=\"64ca2f8\" data-element_type=\"widget\" data-e-type=\"widget\" data-widget_type=\"text-editor.default\">\n\t\t\t\t<div class=\"elementor-widget-container\">\n\t\t\t\t\t\t\t\t\t<p>El tercer bloc de l\u2019edifici est\u00e0 situat a l\u2019altre extrem de ponent. Per aqu\u00ed passava un carrer que es dirigia cap a l&#8217;interior per aix\u00f2 es construir un ampli t\u00fanel de pas amb volta de can\u00f3 rebaixat i f\u00e0brica de carreuat.<\/p>\t\t\t\t\t\t\t\t<\/div>\n\t\t\t\t<\/div>\n\t\t\t\t<div class=\"elementor-element elementor-element-75e49e3 elementor-widget elementor-widget-image\" data-id=\"75e49e3\" data-element_type=\"widget\" data-e-type=\"widget\" data-widget_type=\"image.default\">\n\t\t\t\t<div class=\"elementor-widget-container\">\n\t\t\t\t\t\t\t\t\t\t\t\t<figure class=\"wp-caption\">\n\t\t\t\t\t\t\t\t\t\t<img loading=\"lazy\" decoding=\"async\" width=\"768\" height=\"511\" src=\"https:\/\/www.elturistatranquil.com\/wp-content\/uploads\/F50-Palacio-de-los-Condes-de-Gomara-Soria.jpg\" class=\"attachment-large size-large wp-image-53312\" alt=\"Palacio de los Condes de Gomara , Soria\" srcset=\"https:\/\/www.elturistatranquil.com\/wp-content\/uploads\/F50-Palacio-de-los-Condes-de-Gomara-Soria.jpg 768w, https:\/\/www.elturistatranquil.com\/wp-content\/uploads\/F50-Palacio-de-los-Condes-de-Gomara-Soria-339x226.jpg 339w\" sizes=\"(max-width: 768px) 100vw, 768px\" \/>\t\t\t\t\t\t\t\t\t\t\t<figcaption class=\"widget-image-caption wp-caption-text\"><\/figcaption>\n\t\t\t\t\t\t\t\t\t\t<\/figure>\n\t\t\t\t\t\t\t\t\t<\/div>\n\t\t\t\t<\/div>\n\t\t\t\t<div class=\"elementor-element elementor-element-29c6f0f elementor-widget elementor-widget-text-editor\" data-id=\"29c6f0f\" data-element_type=\"widget\" data-e-type=\"widget\" data-widget_type=\"text-editor.default\">\n\t\t\t\t<div class=\"elementor-widget-container\">\n\t\t\t\t\t\t\t\t\t<p>Al <strong>carrer Aguirre<\/strong>, que discorre per l&#8217;altre branc davant del palau, podem veure encara velles cases molt deteriorades d&#8217;estil <strong>arquitect\u00f2nic popular<\/strong> (<strong>23<\/strong>) de S\u00f2ria, amb les grans galeries de vidre corregudes al llarg de la fa\u00e7ana.<\/p>\t\t\t\t\t\t\t\t<\/div>\n\t\t\t\t<\/div>\n\t\t\t\t<div class=\"elementor-element elementor-element-dccd49a elementor-widget elementor-widget-image\" data-id=\"dccd49a\" data-element_type=\"widget\" data-e-type=\"widget\" data-widget_type=\"image.default\">\n\t\t\t\t<div class=\"elementor-widget-container\">\n\t\t\t\t\t\t\t\t\t\t\t\t<figure class=\"wp-caption\">\n\t\t\t\t\t\t\t\t\t\t<img loading=\"lazy\" decoding=\"async\" width=\"768\" height=\"511\" src=\"https:\/\/www.elturistatranquil.com\/wp-content\/uploads\/F51-calle-Aguirre-Soria.jpg\" class=\"attachment-large size-large wp-image-53314\" alt=\"calle Aguirre, Soria\" srcset=\"https:\/\/www.elturistatranquil.com\/wp-content\/uploads\/F51-calle-Aguirre-Soria.jpg 768w, https:\/\/www.elturistatranquil.com\/wp-content\/uploads\/F51-calle-Aguirre-Soria-339x226.jpg 339w\" sizes=\"(max-width: 768px) 100vw, 768px\" \/>\t\t\t\t\t\t\t\t\t\t\t<figcaption class=\"widget-image-caption wp-caption-text\"><\/figcaption>\n\t\t\t\t\t\t\t\t\t\t<\/figure>\n\t\t\t\t\t\t\t\t\t<\/div>\n\t\t\t\t<\/div>\n\t\t\t\t<div class=\"elementor-element elementor-element-0dbe846 elementor-widget elementor-widget-heading\" data-id=\"0dbe846\" data-element_type=\"widget\" data-e-type=\"widget\" data-widget_type=\"heading.default\">\n\t\t\t\t<div class=\"elementor-widget-container\">\n\t\t\t\t\t<h5 class=\"elementor-heading-title elementor-size-default\">Convent del Carmen<\/h5>\t\t\t\t<\/div>\n\t\t\t\t<\/div>\n\t\t\t\t<div class=\"elementor-element elementor-element-beedaf5 elementor-widget elementor-widget-text-editor\" data-id=\"beedaf5\" data-element_type=\"widget\" data-e-type=\"widget\" data-widget_type=\"text-editor.default\">\n\t\t\t\t<div class=\"elementor-widget-container\">\n\t\t\t\t\t\t\t\t\t<p>Al final del carrer Aguirre arribem a la <strong>pla\u00e7a Ram\u00f3n Ayll\u00f3n<\/strong>, on hi ha el complex d&#8217;edificis que formen el <strong>convent del Carmen<\/strong> (<strong>24<\/strong>).<\/p><p>Per a S\u00f2ria, el significat hist\u00f2ric d&#8217;aquest convent, patrocinat per la noble senyora Beatriz de Beaumont, \u00e9s que fou rebut directament de Teresa de Jes\u00fas. Com diu una placa commemorativa a la fa\u00e7ana: \u201c<em>Convento de Madres Carmelitas Descalzas fundado personalmente por Santa Teresa de Jes\u00fas el d\u00eda 2 de junio del a\u00f1o 1581<\/em>\u201d.<\/p><p>El complex d&#8217;edificis el formen el <strong>convent de les carmelites descalces<\/strong>, a la fotografia, darrere l&#8217;<strong>esgl\u00e9sia del Carmen<\/strong> i, al fons, un <strong>convent de frares carmelites descal\u00e7os<\/strong> que es va crear el 1680 per\u00f2 que va haver de ser abandonat el 1835 despr\u00e9s de la desamortitzaci\u00f3 de Mendiz\u00e1bal, encara que posteriorment van recuperar aquesta edificaci\u00f3. Mentre que les carmelites han estat sempre ocupant el convent excepte en 30 dies de l&#8217;any 1808 durant l&#8217;ocupaci\u00f3 francesa de la ciutat.<\/p><p>Quan passem pel carrer Reial podrem veure la part del convent que dona a aquell carrer.<\/p>\t\t\t\t\t\t\t\t<\/div>\n\t\t\t\t<\/div>\n\t\t\t\t<div class=\"elementor-element elementor-element-3b3720d elementor-widget elementor-widget-image\" data-id=\"3b3720d\" data-element_type=\"widget\" data-e-type=\"widget\" data-widget_type=\"image.default\">\n\t\t\t\t<div class=\"elementor-widget-container\">\n\t\t\t\t\t\t\t\t\t\t\t\t<figure class=\"wp-caption\">\n\t\t\t\t\t\t\t\t\t\t<img loading=\"lazy\" decoding=\"async\" width=\"768\" height=\"512\" src=\"https:\/\/www.elturistatranquil.com\/wp-content\/uploads\/F52-convento-del-Carmen-Soria.jpg\" class=\"attachment-large size-large wp-image-53316\" alt=\"convento del Carmen , Soria\" srcset=\"https:\/\/www.elturistatranquil.com\/wp-content\/uploads\/F52-convento-del-Carmen-Soria.jpg 768w, https:\/\/www.elturistatranquil.com\/wp-content\/uploads\/F52-convento-del-Carmen-Soria-339x226.jpg 339w\" sizes=\"(max-width: 768px) 100vw, 768px\" \/>\t\t\t\t\t\t\t\t\t\t\t<figcaption class=\"widget-image-caption wp-caption-text\"><\/figcaption>\n\t\t\t\t\t\t\t\t\t\t<\/figure>\n\t\t\t\t\t\t\t\t\t<\/div>\n\t\t\t\t<\/div>\n\t\t\t\t<div class=\"elementor-element elementor-element-5f7a6ef elementor-widget elementor-widget-heading\" data-id=\"5f7a6ef\" data-element_type=\"widget\" data-e-type=\"widget\" data-widget_type=\"heading.default\">\n\t\t\t\t<div class=\"elementor-widget-container\">\n\t\t\t\t\t<h4 class=\"elementor-heading-title elementor-size-default\">Concatedral i claustre de San Pedro<\/h4>\t\t\t\t<\/div>\n\t\t\t\t<\/div>\n\t\t\t\t<div class=\"elementor-element elementor-element-88ab33e elementor-widget elementor-widget-text-editor\" data-id=\"88ab33e\" data-element_type=\"widget\" data-e-type=\"widget\" data-widget_type=\"text-editor.default\">\n\t\t\t\t<div class=\"elementor-widget-container\">\n\t\t\t\t\t\t\t\t\t<p><em>B\u00e9 d&#8217;Inter\u00e8s Cultural (BIC)<\/em><\/p><p>Seguint per la <strong>travessera de les 5 Villas<\/strong> i el <strong>carrer<\/strong> <strong>Obispo Agust\u00edn (N-234)<\/strong>, s&#8217;arriba a la <strong>pla\u00e7a de San Pedro<\/strong>, on s&#8217;aixeca la <strong>Concatedral i el claustre de San Pedro<\/strong> (<strong>25<\/strong>).<\/p><p>Enlla\u00e7 amb el Post: <strong><a href=\"https:\/\/www.elturistatranquil.com\/ca\/esglesies-romanic-gotiques-de-la-ciutat-de-soria\/\" target=\"_blank\" rel=\"noopener\">Esgl\u00e9sies rom\u00e0nic-g\u00f2tiques de la ciutat de S\u00f2ria<\/a><\/strong><\/p><p>La Concatedral va tenir el seu origen rom\u00e0nic al segle XIII. Posteriorment va ser convertida en col\u00b7legiata i, despr\u00e9s del seu enfonsament el 1544, va ser reconstru\u00eft el seu cos en estil g\u00f2tic, sent elevada a concatedral el 1959, juntament amb la de Burgo d&#8217;Osma.<\/p>\t\t\t\t\t\t\t\t<\/div>\n\t\t\t\t<\/div>\n\t\t\t\t<div class=\"elementor-element elementor-element-a5d82be elementor-widget elementor-widget-image\" data-id=\"a5d82be\" data-element_type=\"widget\" data-e-type=\"widget\" data-widget_type=\"image.default\">\n\t\t\t\t<div class=\"elementor-widget-container\">\n\t\t\t\t\t\t\t\t\t\t\t\t<figure class=\"wp-caption\">\n\t\t\t\t\t\t\t\t\t\t<img loading=\"lazy\" decoding=\"async\" width=\"768\" height=\"513\" src=\"https:\/\/www.elturistatranquil.com\/wp-content\/uploads\/F53-Concatedral-y-Claustro-de-San-Pedro-Soria.jpg\" class=\"attachment-large size-large wp-image-53318\" alt=\"Concatedral y Claustro de San Pedro , Soria\" srcset=\"https:\/\/www.elturistatranquil.com\/wp-content\/uploads\/F53-Concatedral-y-Claustro-de-San-Pedro-Soria.jpg 768w, https:\/\/www.elturistatranquil.com\/wp-content\/uploads\/F53-Concatedral-y-Claustro-de-San-Pedro-Soria-339x226.jpg 339w\" sizes=\"(max-width: 768px) 100vw, 768px\" \/>\t\t\t\t\t\t\t\t\t\t\t<figcaption class=\"widget-image-caption wp-caption-text\"><\/figcaption>\n\t\t\t\t\t\t\t\t\t\t<\/figure>\n\t\t\t\t\t\t\t\t\t<\/div>\n\t\t\t\t<\/div>\n\t\t\t\t<div class=\"elementor-element elementor-element-dfbc9e1 elementor-widget elementor-widget-image\" data-id=\"dfbc9e1\" data-element_type=\"widget\" data-e-type=\"widget\" data-widget_type=\"image.default\">\n\t\t\t\t<div class=\"elementor-widget-container\">\n\t\t\t\t\t\t\t\t\t\t\t\t<figure class=\"wp-caption\">\n\t\t\t\t\t\t\t\t\t\t<img loading=\"lazy\" decoding=\"async\" width=\"768\" height=\"511\" src=\"https:\/\/www.elturistatranquil.com\/wp-content\/uploads\/F54-Concatedral-y-Claustro-de-San-Pedro-Soria.jpg\" class=\"attachment-large size-large wp-image-53323\" alt=\"Concatedral y Claustro de San Pedro , Soria\" srcset=\"https:\/\/www.elturistatranquil.com\/wp-content\/uploads\/F54-Concatedral-y-Claustro-de-San-Pedro-Soria.jpg 768w, https:\/\/www.elturistatranquil.com\/wp-content\/uploads\/F54-Concatedral-y-Claustro-de-San-Pedro-Soria-339x226.jpg 339w\" sizes=\"(max-width: 768px) 100vw, 768px\" \/>\t\t\t\t\t\t\t\t\t\t\t<figcaption class=\"widget-image-caption wp-caption-text\"><\/figcaption>\n\t\t\t\t\t\t\t\t\t\t<\/figure>\n\t\t\t\t\t\t\t\t\t<\/div>\n\t\t\t\t<\/div>\n\t\t\t\t<div class=\"elementor-element elementor-element-1097c8f elementor-widget elementor-widget-image\" data-id=\"1097c8f\" data-element_type=\"widget\" data-e-type=\"widget\" data-widget_type=\"image.default\">\n\t\t\t\t<div class=\"elementor-widget-container\">\n\t\t\t\t\t\t\t\t\t\t\t\t<figure class=\"wp-caption\">\n\t\t\t\t\t\t\t\t\t\t<img loading=\"lazy\" decoding=\"async\" width=\"768\" height=\"513\" src=\"https:\/\/www.elturistatranquil.com\/wp-content\/uploads\/F55-Concatedral-y-Claustro-de-San-Pedro-Soria.jpg\" class=\"attachment-large size-large wp-image-53325\" alt=\"Concatedral y Claustro de San Pedro , Soria\" srcset=\"https:\/\/www.elturistatranquil.com\/wp-content\/uploads\/F55-Concatedral-y-Claustro-de-San-Pedro-Soria.jpg 768w, https:\/\/www.elturistatranquil.com\/wp-content\/uploads\/F55-Concatedral-y-Claustro-de-San-Pedro-Soria-339x226.jpg 339w\" sizes=\"(max-width: 768px) 100vw, 768px\" \/>\t\t\t\t\t\t\t\t\t\t\t<figcaption class=\"widget-image-caption wp-caption-text\"><\/figcaption>\n\t\t\t\t\t\t\t\t\t\t<\/figure>\n\t\t\t\t\t\t\t\t\t<\/div>\n\t\t\t\t<\/div>\n\t\t\t\t<div class=\"elementor-element elementor-element-46663c2 elementor-widget elementor-widget-heading\" data-id=\"46663c2\" data-element_type=\"widget\" data-e-type=\"widget\" data-widget_type=\"heading.default\">\n\t\t\t\t<div class=\"elementor-widget-container\">\n\t\t\t\t\t<h3 class=\"elementor-heading-title elementor-size-default\">Carrer Real i carrer Zapater\u00eda<\/h3>\t\t\t\t<\/div>\n\t\t\t\t<\/div>\n\t\t\t\t<div class=\"elementor-element elementor-element-32f26af elementor-widget elementor-widget-text-editor\" data-id=\"32f26af\" data-element_type=\"widget\" data-e-type=\"widget\" data-widget_type=\"text-editor.default\">\n\t\t\t\t<div class=\"elementor-widget-container\">\n\t\t\t\t\t\t\t\t\t<p>El <strong>carrer Real<\/strong> i la seva continuaci\u00f3 despr\u00e9s de passar per la <strong>pla\u00e7a Fuente Cabrejas<\/strong> al <strong>carrer Zapater\u00eda<\/strong>, va ser la via principal de S\u00f2ria a l&#8217;Edat Mitjana. Al segle XVI es va concentrar en aquest recorregut gran nombre de cases nobili\u00e0ries d&#8217;estil g\u00f2tic-isabel\u00ed.<\/p><p>Si efectuem el recorregut en el sentit est-oest, partirem del <strong>carrer<\/strong> <strong>Nuestra Se\u00f1ora del Azogue<\/strong>, al costat de la pla\u00e7a de San Pedro fins arribar a pla\u00e7a San Blas y el Rosel.<\/p><p>Com que \u00e9s un carrer estret, ha quedat en certa manera marginat en relaci\u00f3 amb els grans eixos m\u00e9s din\u00e0mics moderns. A m\u00e9s, s&#8217;han incorporat un gran nombre d&#8217;habitatges sense cap respecte per mantenir un estil urban\u00edstic coherent. Tot i aix\u00f2, crec molt aconsellable fer el seu recorregut per captar l&#8217;esperit d&#8217;un carrer hist\u00f2ric.<\/p>\t\t\t\t\t\t\t\t<\/div>\n\t\t\t\t<\/div>\n\t\t\t\t<div class=\"elementor-element elementor-element-c1f3c02 elementor-widget elementor-widget-heading\" data-id=\"c1f3c02\" data-element_type=\"widget\" data-e-type=\"widget\" data-widget_type=\"heading.default\">\n\t\t\t\t<div class=\"elementor-widget-container\">\n\t\t\t\t\t<h4 class=\"elementor-heading-title elementor-size-default\">Ru\u00efnes de l\u2019esgl\u00e9sia de San Nicol\u00e1s <\/h4>\t\t\t\t<\/div>\n\t\t\t\t<\/div>\n\t\t\t\t<div class=\"elementor-element elementor-element-284f61e elementor-widget elementor-widget-text-editor\" data-id=\"284f61e\" data-element_type=\"widget\" data-e-type=\"widget\" data-widget_type=\"text-editor.default\">\n\t\t\t\t<div class=\"elementor-widget-container\">\n\t\t\t\t\t\t\t\t\t<p><em>B\u00e9 d&#8217;Inter\u00e8s Cultural (BIC)<\/em><\/p><p>Despr\u00e9s de passar el primer tram de blocs anodins hi ha les ru\u00efnes consolidades l&#8217;<strong>esgl\u00e9sia de San Nicolas<\/strong> (<strong>26<\/strong>), temple rom\u00e0nic erigit als segles XII i XIII.<\/p><p>Es conserva el que fou esvelt absis i d&#8217;una f\u00e0brica compacta i part de les parets del temple sense coberta.<\/p>\t\t\t\t\t\t\t\t<\/div>\n\t\t\t\t<\/div>\n\t\t\t\t<div class=\"elementor-element elementor-element-1ad2359 elementor-widget elementor-widget-image\" data-id=\"1ad2359\" data-element_type=\"widget\" data-e-type=\"widget\" data-widget_type=\"image.default\">\n\t\t\t\t<div class=\"elementor-widget-container\">\n\t\t\t\t\t\t\t\t\t\t\t\t<figure class=\"wp-caption\">\n\t\t\t\t\t\t\t\t\t\t<img loading=\"lazy\" decoding=\"async\" width=\"768\" height=\"511\" src=\"https:\/\/www.elturistatranquil.com\/wp-content\/uploads\/F56-Iglesia-de-San-Nicolas-Soria.jpg\" class=\"attachment-large size-large wp-image-53327\" alt=\"Iglesia de San Nicol\u00e1s , Soria\" srcset=\"https:\/\/www.elturistatranquil.com\/wp-content\/uploads\/F56-Iglesia-de-San-Nicolas-Soria.jpg 768w, https:\/\/www.elturistatranquil.com\/wp-content\/uploads\/F56-Iglesia-de-San-Nicolas-Soria-339x226.jpg 339w\" sizes=\"(max-width: 768px) 100vw, 768px\" \/>\t\t\t\t\t\t\t\t\t\t\t<figcaption class=\"widget-image-caption wp-caption-text\"><\/figcaption>\n\t\t\t\t\t\t\t\t\t\t<\/figure>\n\t\t\t\t\t\t\t\t\t<\/div>\n\t\t\t\t<\/div>\n\t\t\t\t<div class=\"elementor-element elementor-element-7456ba1 elementor-widget elementor-widget-text-editor\" data-id=\"7456ba1\" data-element_type=\"widget\" data-e-type=\"widget\" data-widget_type=\"text-editor.default\">\n\t\t\t\t<div class=\"elementor-widget-container\">\n\t\t\t\t\t\t\t\t\t<p>L&#8217;estret carrer puja i ens podem anar aturant als casalots que encara subsisteixen.<\/p>\t\t\t\t\t\t\t\t<\/div>\n\t\t\t\t<\/div>\n\t\t\t\t<div class=\"elementor-element elementor-element-848b006 elementor-widget elementor-widget-image\" data-id=\"848b006\" data-element_type=\"widget\" data-e-type=\"widget\" data-widget_type=\"image.default\">\n\t\t\t\t<div class=\"elementor-widget-container\">\n\t\t\t\t\t\t\t\t\t\t\t\t<figure class=\"wp-caption\">\n\t\t\t\t\t\t\t\t\t\t<img loading=\"lazy\" decoding=\"async\" width=\"768\" height=\"513\" src=\"https:\/\/www.elturistatranquil.com\/wp-content\/uploads\/F57-calle-Real-Soria.jpg\" class=\"attachment-large size-large wp-image-53329\" alt=\"calle Real, Soria\" srcset=\"https:\/\/www.elturistatranquil.com\/wp-content\/uploads\/F57-calle-Real-Soria.jpg 768w, https:\/\/www.elturistatranquil.com\/wp-content\/uploads\/F57-calle-Real-Soria-339x226.jpg 339w\" sizes=\"(max-width: 768px) 100vw, 768px\" \/>\t\t\t\t\t\t\t\t\t\t\t<figcaption class=\"widget-image-caption wp-caption-text\"><\/figcaption>\n\t\t\t\t\t\t\t\t\t\t<\/figure>\n\t\t\t\t\t\t\t\t\t<\/div>\n\t\t\t\t<\/div>\n\t\t\t\t<div class=\"elementor-element elementor-element-5db70ec elementor-widget elementor-widget-image\" data-id=\"5db70ec\" data-element_type=\"widget\" data-e-type=\"widget\" data-widget_type=\"image.default\">\n\t\t\t\t<div class=\"elementor-widget-container\">\n\t\t\t\t\t\t\t\t\t\t\t\t<figure class=\"wp-caption\">\n\t\t\t\t\t\t\t\t\t\t<img loading=\"lazy\" decoding=\"async\" width=\"768\" height=\"511\" src=\"https:\/\/www.elturistatranquil.com\/wp-content\/uploads\/F58-calle-Real-Soria.jpg\" class=\"attachment-large size-large wp-image-53334\" alt=\"calle Real, Soria\" srcset=\"https:\/\/www.elturistatranquil.com\/wp-content\/uploads\/F58-calle-Real-Soria.jpg 768w, https:\/\/www.elturistatranquil.com\/wp-content\/uploads\/F58-calle-Real-Soria-339x226.jpg 339w\" sizes=\"(max-width: 768px) 100vw, 768px\" \/>\t\t\t\t\t\t\t\t\t\t\t<figcaption class=\"widget-image-caption wp-caption-text\"><\/figcaption>\n\t\t\t\t\t\t\t\t\t\t<\/figure>\n\t\t\t\t\t\t\t\t\t<\/div>\n\t\t\t\t<\/div>\n\t\t\t\t<div class=\"elementor-element elementor-element-60d8301 elementor-widget elementor-widget-image\" data-id=\"60d8301\" data-element_type=\"widget\" data-e-type=\"widget\" data-widget_type=\"image.default\">\n\t\t\t\t<div class=\"elementor-widget-container\">\n\t\t\t\t\t\t\t\t\t\t\t\t<figure class=\"wp-caption\">\n\t\t\t\t\t\t\t\t\t\t<img loading=\"lazy\" decoding=\"async\" width=\"768\" height=\"511\" src=\"https:\/\/www.elturistatranquil.com\/wp-content\/uploads\/F59-calle-Real-Soria.jpg\" class=\"attachment-large size-large wp-image-53336\" alt=\"calle Real, Soria\" srcset=\"https:\/\/www.elturistatranquil.com\/wp-content\/uploads\/F59-calle-Real-Soria.jpg 768w, https:\/\/www.elturistatranquil.com\/wp-content\/uploads\/F59-calle-Real-Soria-339x226.jpg 339w\" sizes=\"(max-width: 768px) 100vw, 768px\" \/>\t\t\t\t\t\t\t\t\t\t\t<figcaption class=\"widget-image-caption wp-caption-text\"><\/figcaption>\n\t\t\t\t\t\t\t\t\t\t<\/figure>\n\t\t\t\t\t\t\t\t\t<\/div>\n\t\t\t\t<\/div>\n\t\t\t\t<div class=\"elementor-element elementor-element-d41adf1 elementor-widget elementor-widget-text-editor\" data-id=\"d41adf1\" data-element_type=\"widget\" data-e-type=\"widget\" data-widget_type=\"text-editor.default\">\n\t\t\t\t<div class=\"elementor-widget-container\">\n\t\t\t\t\t\t\t\t\t<p>En assolir la <strong>pla\u00e7a Fuente Cabreja<\/strong> s&#8217;al\u00e7a al costat nord una edificaci\u00f3 de carreuat i ma\u00e7oneria, amb una entrada de tres arcs de mig punt, m\u00e9s petits els dos laterals, que correspon al <strong>convent del Carmen<\/strong> (<strong>24<\/strong>), que s&#8217;ha citat anteriorment.<\/p>\t\t\t\t\t\t\t\t<\/div>\n\t\t\t\t<\/div>\n\t\t\t\t<div class=\"elementor-element elementor-element-10b95d6 elementor-widget elementor-widget-image\" data-id=\"10b95d6\" data-element_type=\"widget\" data-e-type=\"widget\" data-widget_type=\"image.default\">\n\t\t\t\t<div class=\"elementor-widget-container\">\n\t\t\t\t\t\t\t\t\t\t\t\t<figure class=\"wp-caption\">\n\t\t\t\t\t\t\t\t\t\t<img loading=\"lazy\" decoding=\"async\" width=\"768\" height=\"511\" src=\"https:\/\/www.elturistatranquil.com\/wp-content\/uploads\/F60-convento-del-Carmen-Soria.jpg\" class=\"attachment-large size-large wp-image-53341\" alt=\"convento del Carmen , Soria\" srcset=\"https:\/\/www.elturistatranquil.com\/wp-content\/uploads\/F60-convento-del-Carmen-Soria.jpg 768w, https:\/\/www.elturistatranquil.com\/wp-content\/uploads\/F60-convento-del-Carmen-Soria-339x226.jpg 339w\" sizes=\"(max-width: 768px) 100vw, 768px\" \/>\t\t\t\t\t\t\t\t\t\t\t<figcaption class=\"widget-image-caption wp-caption-text\"><\/figcaption>\n\t\t\t\t\t\t\t\t\t\t<\/figure>\n\t\t\t\t\t\t\t\t\t<\/div>\n\t\t\t\t<\/div>\n\t\t\t\t<div class=\"elementor-element elementor-element-06ec135 elementor-widget elementor-widget-heading\" data-id=\"06ec135\" data-element_type=\"widget\" data-e-type=\"widget\" data-widget_type=\"heading.default\">\n\t\t\t\t<div class=\"elementor-widget-container\">\n\t\t\t\t\t<h5 class=\"elementor-heading-title elementor-size-default\">La Font Cabrejas<\/h5>\t\t\t\t<\/div>\n\t\t\t\t<\/div>\n\t\t\t\t<div class=\"elementor-element elementor-element-3c58522 elementor-widget elementor-widget-text-editor\" data-id=\"3c58522\" data-element_type=\"widget\" data-e-type=\"widget\" data-widget_type=\"text-editor.default\">\n\t\t\t\t<div class=\"elementor-widget-container\">\n\t\t\t\t\t\t\t\t\t<p>Davant, a l&#8217;altra banda de la pla\u00e7a, la <strong>font Cabrejas<\/strong> (<strong>27<\/strong>).<\/p>\t\t\t\t\t\t\t\t<\/div>\n\t\t\t\t<\/div>\n\t\t\t\t<div class=\"elementor-element elementor-element-ba2b04d elementor-widget elementor-widget-image\" data-id=\"ba2b04d\" data-element_type=\"widget\" data-e-type=\"widget\" data-widget_type=\"image.default\">\n\t\t\t\t<div class=\"elementor-widget-container\">\n\t\t\t\t\t\t\t\t\t\t\t\t<figure class=\"wp-caption\">\n\t\t\t\t\t\t\t\t\t\t<img loading=\"lazy\" decoding=\"async\" width=\"768\" height=\"511\" src=\"https:\/\/www.elturistatranquil.com\/wp-content\/uploads\/F61-plaza-Fuente-Cabreja-Soria.jpg\" class=\"attachment-large size-large wp-image-53343\" alt=\"plaza Fuente Cabreja , Soria\" srcset=\"https:\/\/www.elturistatranquil.com\/wp-content\/uploads\/F61-plaza-Fuente-Cabreja-Soria.jpg 768w, https:\/\/www.elturistatranquil.com\/wp-content\/uploads\/F61-plaza-Fuente-Cabreja-Soria-339x226.jpg 339w\" sizes=\"(max-width: 768px) 100vw, 768px\" \/>\t\t\t\t\t\t\t\t\t\t\t<figcaption class=\"widget-image-caption wp-caption-text\"><\/figcaption>\n\t\t\t\t\t\t\t\t\t\t<\/figure>\n\t\t\t\t\t\t\t\t\t<\/div>\n\t\t\t\t<\/div>\n\t\t\t\t<div class=\"elementor-element elementor-element-c3fa6b0 elementor-widget elementor-widget-text-editor\" data-id=\"c3fa6b0\" data-element_type=\"widget\" data-e-type=\"widget\" data-widget_type=\"text-editor.default\">\n\t\t\t\t<div class=\"elementor-widget-container\">\n\t\t\t\t\t\t\t\t\t<p>Amb les mateixes caracter\u00edstiques del carrer Real continua el <strong>carrer<\/strong> <strong>Zapater\u00eda<\/strong>.<\/p>\t\t\t\t\t\t\t\t<\/div>\n\t\t\t\t<\/div>\n\t\t\t\t<div class=\"elementor-element elementor-element-e75104c elementor-widget elementor-widget-image\" data-id=\"e75104c\" data-element_type=\"widget\" data-e-type=\"widget\" data-widget_type=\"image.default\">\n\t\t\t\t<div class=\"elementor-widget-container\">\n\t\t\t\t\t\t\t\t\t\t\t\t<figure class=\"wp-caption\">\n\t\t\t\t\t\t\t\t\t\t<img loading=\"lazy\" decoding=\"async\" width=\"768\" height=\"511\" src=\"https:\/\/www.elturistatranquil.com\/wp-content\/uploads\/F62-calle-Zapateria.-Soria.jpg\" class=\"attachment-large size-large wp-image-53345\" alt=\"calle Zapater\u00eda. Soria\" srcset=\"https:\/\/www.elturistatranquil.com\/wp-content\/uploads\/F62-calle-Zapateria.-Soria.jpg 768w, https:\/\/www.elturistatranquil.com\/wp-content\/uploads\/F62-calle-Zapateria.-Soria-339x226.jpg 339w\" sizes=\"(max-width: 768px) 100vw, 768px\" \/>\t\t\t\t\t\t\t\t\t\t\t<figcaption class=\"widget-image-caption wp-caption-text\"><\/figcaption>\n\t\t\t\t\t\t\t\t\t\t<\/figure>\n\t\t\t\t\t\t\t\t\t<\/div>\n\t\t\t\t<\/div>\n\t\t\t\t<div class=\"elementor-element elementor-element-fd3fb43 elementor-widget elementor-widget-image\" data-id=\"fd3fb43\" data-element_type=\"widget\" data-e-type=\"widget\" data-widget_type=\"image.default\">\n\t\t\t\t<div class=\"elementor-widget-container\">\n\t\t\t\t\t\t\t\t\t\t\t\t<figure class=\"wp-caption\">\n\t\t\t\t\t\t\t\t\t\t<img loading=\"lazy\" decoding=\"async\" width=\"768\" height=\"511\" src=\"https:\/\/www.elturistatranquil.com\/wp-content\/uploads\/F63-calle-Zapateria.-Soria.jpg\" class=\"attachment-large size-large wp-image-53347\" alt=\"calle Zapater\u00eda. Soria\" srcset=\"https:\/\/www.elturistatranquil.com\/wp-content\/uploads\/F63-calle-Zapateria.-Soria.jpg 768w, https:\/\/www.elturistatranquil.com\/wp-content\/uploads\/F63-calle-Zapateria.-Soria-339x226.jpg 339w\" sizes=\"(max-width: 768px) 100vw, 768px\" \/>\t\t\t\t\t\t\t\t\t\t\t<figcaption class=\"widget-image-caption wp-caption-text\"><\/figcaption>\n\t\t\t\t\t\t\t\t\t\t<\/figure>\n\t\t\t\t\t\t\t\t\t<\/div>\n\t\t\t\t<\/div>\n\t\t\t\t<div class=\"elementor-element elementor-element-3c40980 elementor-widget elementor-widget-heading\" data-id=\"3c40980\" data-element_type=\"widget\" data-e-type=\"widget\" data-widget_type=\"heading.default\">\n\t\t\t\t<div class=\"elementor-widget-container\">\n\t\t\t\t\t<h3 class=\"elementor-heading-title elementor-size-default\">Carrer Caballeros<\/h3>\t\t\t\t<\/div>\n\t\t\t\t<\/div>\n\t\t\t\t<div class=\"elementor-element elementor-element-1c0afd6 elementor-widget elementor-widget-text-editor\" data-id=\"1c0afd6\" data-element_type=\"widget\" data-e-type=\"widget\" data-widget_type=\"text-editor.default\">\n\t\t\t\t<div class=\"elementor-widget-container\">\n\t\t\t\t\t\t\t\t\t<p>Al seg\u00fcent itinerari prenem com a refer\u00e8ncia el costat sud-est de la pla\u00e7a Mariano Granados, a partir de la <strong>pla\u00e7a Ram\u00f3n y Cajal<\/strong>.<\/p>\t\t\t\t\t\t\t\t<\/div>\n\t\t\t\t<\/div>\n\t\t\t\t<div class=\"elementor-element elementor-element-66fffbc elementor-widget elementor-widget-heading\" data-id=\"66fffbc\" data-element_type=\"widget\" data-e-type=\"widget\" data-widget_type=\"heading.default\">\n\t\t\t\t<div class=\"elementor-widget-container\">\n\t\t\t\t\t<h4 class=\"elementor-heading-title elementor-size-default\">Palau del Marqu\u00e9s de Alc\u00e1ntara<\/h4>\t\t\t\t<\/div>\n\t\t\t\t<\/div>\n\t\t\t\t<div class=\"elementor-element elementor-element-8ff3936 elementor-widget elementor-widget-text-editor\" data-id=\"8ff3936\" data-element_type=\"widget\" data-e-type=\"widget\" data-widget_type=\"text-editor.default\">\n\t\t\t\t<div class=\"elementor-widget-container\">\n\t\t\t\t\t\t\t\t\t<p><em>B\u00e9 d&#8217;Inter\u00e8s Cultural (BIC)<\/em><\/p><p>D&#8217;aquesta pla\u00e7a surt el <strong>carrer Caballeros<\/strong> que s&#8217;inicia, a la cantonada sud, amb el <strong>palau del Marqu\u00e9s de Alc\u00e1ntara <\/strong>(<strong>28).<\/strong><\/p><p>El palau \u00e9s barroc del segle XVII, finalitzat l&#8217;any 1704. \u00c9s un producte dels beneficis que s&#8217;obtenien de la Mesta.<\/p><p>L\u00b4edifici \u00e9s dues plantes, amb una torre cantonera. L&#8217;inter\u00e8s d&#8217;aquesta torre se centra que es va construir sobre una de les torres de defensa de la porta de Rabanera, essent l&#8217;\u00fanic vestigi que queda, com es pot constatar a la base de la torre actual. La torre, de tres cossos, \u00e9s rematada amb un capital de pissarra d&#8217;estil herreri\u00e0.<\/p>\t\t\t\t\t\t\t\t<\/div>\n\t\t\t\t<\/div>\n\t\t\t\t<div class=\"elementor-element elementor-element-33c5129 elementor-widget elementor-widget-image\" data-id=\"33c5129\" data-element_type=\"widget\" data-e-type=\"widget\" data-widget_type=\"image.default\">\n\t\t\t\t<div class=\"elementor-widget-container\">\n\t\t\t\t\t\t\t\t\t\t\t\t<figure class=\"wp-caption\">\n\t\t\t\t\t\t\t\t\t\t<img loading=\"lazy\" decoding=\"async\" width=\"768\" height=\"511\" src=\"https:\/\/www.elturistatranquil.com\/wp-content\/uploads\/F64-palacio-del-Marques-de-Alcantara-Soria.jpg\" class=\"attachment-large size-large wp-image-53349\" alt=\"palacio del Marqu\u00e9s de Alc\u00e1ntara , Soria\" srcset=\"https:\/\/www.elturistatranquil.com\/wp-content\/uploads\/F64-palacio-del-Marques-de-Alcantara-Soria.jpg 768w, https:\/\/www.elturistatranquil.com\/wp-content\/uploads\/F64-palacio-del-Marques-de-Alcantara-Soria-339x226.jpg 339w\" sizes=\"(max-width: 768px) 100vw, 768px\" \/>\t\t\t\t\t\t\t\t\t\t\t<figcaption class=\"widget-image-caption wp-caption-text\"><\/figcaption>\n\t\t\t\t\t\t\t\t\t\t<\/figure>\n\t\t\t\t\t\t\t\t\t<\/div>\n\t\t\t\t<\/div>\n\t\t\t\t<div class=\"elementor-element elementor-element-e1fa997 elementor-widget elementor-widget-text-editor\" data-id=\"e1fa997\" data-element_type=\"widget\" data-e-type=\"widget\" data-widget_type=\"text-editor.default\">\n\t\t\t\t<div class=\"elementor-widget-container\">\n\t\t\t\t\t\t\t\t\t<p>La porta principal de carreu encoixinada, amb un front\u00f3 corb amb el blas\u00f3 dels Marquesos de Alc\u00e1ntara.<\/p>\t\t\t\t\t\t\t\t<\/div>\n\t\t\t\t<\/div>\n\t\t\t\t<div class=\"elementor-element elementor-element-a326997 elementor-widget elementor-widget-image\" data-id=\"a326997\" data-element_type=\"widget\" data-e-type=\"widget\" data-widget_type=\"image.default\">\n\t\t\t\t<div class=\"elementor-widget-container\">\n\t\t\t\t\t\t\t\t\t\t\t\t<figure class=\"wp-caption\">\n\t\t\t\t\t\t\t\t\t\t<img loading=\"lazy\" decoding=\"async\" width=\"768\" height=\"511\" src=\"https:\/\/www.elturistatranquil.com\/wp-content\/uploads\/F65-palacio-del-Marques-de-Alcantara-Soria.jpg\" class=\"attachment-large size-large wp-image-53351\" alt=\"palacio del Marqu\u00e9s de Alcantara , Soria\" srcset=\"https:\/\/www.elturistatranquil.com\/wp-content\/uploads\/F65-palacio-del-Marques-de-Alcantara-Soria.jpg 768w, https:\/\/www.elturistatranquil.com\/wp-content\/uploads\/F65-palacio-del-Marques-de-Alcantara-Soria-339x226.jpg 339w\" sizes=\"(max-width: 768px) 100vw, 768px\" \/>\t\t\t\t\t\t\t\t\t\t\t<figcaption class=\"widget-image-caption wp-caption-text\"><\/figcaption>\n\t\t\t\t\t\t\t\t\t\t<\/figure>\n\t\t\t\t\t\t\t\t\t<\/div>\n\t\t\t\t<\/div>\n\t\t\t\t<div class=\"elementor-element elementor-element-be82414 elementor-widget elementor-widget-heading\" data-id=\"be82414\" data-element_type=\"widget\" data-e-type=\"widget\" data-widget_type=\"heading.default\">\n\t\t\t\t<div class=\"elementor-widget-container\">\n\t\t\t\t\t<h5 class=\"elementor-heading-title elementor-size-default\">Monument als Sanjuanes<\/h5>\t\t\t\t<\/div>\n\t\t\t\t<\/div>\n\t\t\t\t<div class=\"elementor-element elementor-element-8641420 elementor-widget elementor-widget-text-editor\" data-id=\"8641420\" data-element_type=\"widget\" data-e-type=\"widget\" data-widget_type=\"text-editor.default\">\n\t\t\t\t<div class=\"elementor-widget-container\">\n\t\t\t\t\t\t\t\t\t<p>Al davant se situa la <strong>pla\u00e7a del Olivo<\/strong> on destaca el <strong>monument als Sanjuanes<\/strong> (<strong>29<\/strong>), obra de l&#8217;escultor Antonio Soria G\u00f3mez, dedicat als Sanjuanes i a tots els homes i dones que han exercit el c\u00e0rrec de Jurats de Quadrilla.<\/p><p>A la primavera es trien els dotze jurats i jurades que governaran sengles quadrilles en qu\u00e8 es divideix la ciutat. El jurat t\u00e9 el seu origen als antics alcaldes de barri medievals. Els Sanjuanes s\u00f3n el conjunt d&#8217;activitats que es desenvolupen a S\u00f2ria al voltant de la festa de Sant Joan.<\/p>\t\t\t\t\t\t\t\t<\/div>\n\t\t\t\t<\/div>\n\t\t\t\t<div class=\"elementor-element elementor-element-9005172 elementor-widget elementor-widget-image\" data-id=\"9005172\" data-element_type=\"widget\" data-e-type=\"widget\" data-widget_type=\"image.default\">\n\t\t\t\t<div class=\"elementor-widget-container\">\n\t\t\t\t\t\t\t\t\t\t\t\t<figure class=\"wp-caption\">\n\t\t\t\t\t\t\t\t\t\t<img loading=\"lazy\" decoding=\"async\" width=\"768\" height=\"511\" src=\"https:\/\/www.elturistatranquil.com\/wp-content\/uploads\/F66-monumento-a-los-Sanjuanes-de-Antonio-Soria-Gomez-Soria.jpg\" class=\"attachment-large size-large wp-image-53353\" alt=\"monumento a los Sanjuanes de Antonio Soria Gomez, Soria\" srcset=\"https:\/\/www.elturistatranquil.com\/wp-content\/uploads\/F66-monumento-a-los-Sanjuanes-de-Antonio-Soria-Gomez-Soria.jpg 768w, https:\/\/www.elturistatranquil.com\/wp-content\/uploads\/F66-monumento-a-los-Sanjuanes-de-Antonio-Soria-Gomez-Soria-339x226.jpg 339w\" sizes=\"(max-width: 768px) 100vw, 768px\" \/>\t\t\t\t\t\t\t\t\t\t\t<figcaption class=\"widget-image-caption wp-caption-text\"><\/figcaption>\n\t\t\t\t\t\t\t\t\t\t<\/figure>\n\t\t\t\t\t\t\t\t\t<\/div>\n\t\t\t\t<\/div>\n\t\t\t\t<div class=\"elementor-element elementor-element-a0bfb22 elementor-widget elementor-widget-heading\" data-id=\"a0bfb22\" data-element_type=\"widget\" data-e-type=\"widget\" data-widget_type=\"heading.default\">\n\t\t\t\t<div class=\"elementor-widget-container\">\n\t\t\t\t\t<h4 class=\"elementor-heading-title elementor-size-default\">Casona dels Salvadores<\/h4>\t\t\t\t<\/div>\n\t\t\t\t<\/div>\n\t\t\t\t<div class=\"elementor-element elementor-element-896f560 elementor-widget elementor-widget-text-editor\" data-id=\"896f560\" data-element_type=\"widget\" data-e-type=\"widget\" data-widget_type=\"text-editor.default\">\n\t\t\t\t<div class=\"elementor-widget-container\">\n\t\t\t\t\t\t\t\t\t<p><em>B\u00e9 d&#8217;Inter\u00e8s Cultural (BIC)<\/em><\/p><p>A la cantonada seg\u00fcent tenim la <strong>casona dels Salvadores<\/strong> (<strong>30<\/strong>), tamb\u00e9 del segle XVII. El llinatge dels Salvadores es remunta a Mart\u00edn Salvador, un acompanyant de Rodrigo D\u00edaz de Vivar, citat al <em>Cantar del Mio Cid<\/em>.<\/p><p>\u00c9s un edifici de tres plantes, de ma\u00e7oneria arrebossada en blanc, amb les obertures i cantonades de carreuat i reixeries.<\/p>\t\t\t\t\t\t\t\t<\/div>\n\t\t\t\t<\/div>\n\t\t\t\t<div class=\"elementor-element elementor-element-c02b74e elementor-widget elementor-widget-image\" data-id=\"c02b74e\" data-element_type=\"widget\" data-e-type=\"widget\" data-widget_type=\"image.default\">\n\t\t\t\t<div class=\"elementor-widget-container\">\n\t\t\t\t\t\t\t\t\t\t\t\t<figure class=\"wp-caption\">\n\t\t\t\t\t\t\t\t\t\t<img loading=\"lazy\" decoding=\"async\" width=\"768\" height=\"511\" src=\"https:\/\/www.elturistatranquil.com\/wp-content\/uploads\/F67-Casona-de-los-Salvadores-Soria.jpg\" class=\"attachment-large size-large wp-image-53355\" alt=\"Casona de los Salvadores , Soria\" srcset=\"https:\/\/www.elturistatranquil.com\/wp-content\/uploads\/F67-Casona-de-los-Salvadores-Soria.jpg 768w, https:\/\/www.elturistatranquil.com\/wp-content\/uploads\/F67-Casona-de-los-Salvadores-Soria-339x226.jpg 339w\" sizes=\"(max-width: 768px) 100vw, 768px\" \/>\t\t\t\t\t\t\t\t\t\t\t<figcaption class=\"widget-image-caption wp-caption-text\"><\/figcaption>\n\t\t\t\t\t\t\t\t\t\t<\/figure>\n\t\t\t\t\t\t\t\t\t<\/div>\n\t\t\t\t<\/div>\n\t\t\t\t<div class=\"elementor-element elementor-element-115a55c elementor-widget elementor-widget-text-editor\" data-id=\"115a55c\" data-element_type=\"widget\" data-e-type=\"widget\" data-widget_type=\"text-editor.default\">\n\t\t\t\t<div class=\"elementor-widget-container\">\n\t\t\t\t\t\t\t\t\t<p>Des d&#8217;aquest punt del carrer Caballeros s&#8217;obre una bifurcaci\u00f3 t\u00edpica dels tra\u00e7ats medievals, cap al sud-est continua el <strong>carrer Caballeros<\/strong> i cap a l&#8217;est el <strong>carrer de San Juan de Rabanera<\/strong>. La bifurcaci\u00f3 deixa al centre un espai triangular irregular on s&#8217;assent\u00e0 l&#8217;esgl\u00e9sia de San Juan de Rabanera. Aquest triangle no t\u00e9 nom de guia de carrers espec\u00edfic.<\/p>\t\t\t\t\t\t\t\t<\/div>\n\t\t\t\t<\/div>\n\t\t\t\t<div class=\"elementor-element elementor-element-c3dc8fd elementor-widget elementor-widget-heading\" data-id=\"c3dc8fd\" data-element_type=\"widget\" data-e-type=\"widget\" data-widget_type=\"heading.default\">\n\t\t\t\t<div class=\"elementor-widget-container\">\n\t\t\t\t\t<h5 class=\"elementor-heading-title elementor-size-default\">Palau de la Diputaci\u00f3 i Delegaci\u00f3 d\u2019Hisenda. Galeria de sorians il\u00b7lustres<\/h5>\t\t\t\t<\/div>\n\t\t\t\t<\/div>\n\t\t\t\t<div class=\"elementor-element elementor-element-a82f696 elementor-widget elementor-widget-text-editor\" data-id=\"a82f696\" data-element_type=\"widget\" data-e-type=\"widget\" data-widget_type=\"text-editor.default\">\n\t\t\t\t<div class=\"elementor-widget-container\">\n\t\t\t\t\t\t\t\t\t<p>El lateral sud d\u2019aquest espai est\u00e0 ocupat per l\u2019edifici de la Delegaci\u00f3 d\u2019Hisenda, obra de principis del segle XX, i el <strong>palau de la Diputaci\u00f3 <\/strong>(<strong>31<\/strong>), del segle XIX. Totes dues edificacions d&#8217;estil historicista.<\/p><p>El que destaca en aquest espai s\u00f3n les vuit escultures en bronze de la <strong>galeria de sorians il\u00b7lustres<\/strong> (<strong>31<\/strong>) empla\u00e7ades davant de la fa\u00e7ana de la Diputaci\u00f3. Escultures realistes realitzades per F. Coullant-Valera el 1970-1971.<\/p><p>Es tracten de Francisco L\u00f3pez de G\u00f3mara, El Juglar del Cid, Santa Cristina de Osma, Alfonso VIII, San Pedro de Osma Sor Mar\u00eda de \u00c1greda, Diego La\u00ednez i San Mart\u00edn de Finojosa.<\/p>\t\t\t\t\t\t\t\t<\/div>\n\t\t\t\t<\/div>\n\t\t\t\t<div class=\"elementor-element elementor-element-7663004 elementor-widget elementor-widget-image\" data-id=\"7663004\" data-element_type=\"widget\" data-e-type=\"widget\" data-widget_type=\"image.default\">\n\t\t\t\t<div class=\"elementor-widget-container\">\n\t\t\t\t\t\t\t\t\t\t\t\t<figure class=\"wp-caption\">\n\t\t\t\t\t\t\t\t\t\t<img loading=\"lazy\" decoding=\"async\" width=\"768\" height=\"511\" src=\"https:\/\/www.elturistatranquil.com\/wp-content\/uploads\/F68-Diputacion-y-galeria-de-sorianos-ilustres-Soria.jpg\" class=\"attachment-large size-large wp-image-53360\" alt=\"Diputacion y galer\u00eda de sorianos ilustres , Soria\" srcset=\"https:\/\/www.elturistatranquil.com\/wp-content\/uploads\/F68-Diputacion-y-galeria-de-sorianos-ilustres-Soria.jpg 768w, https:\/\/www.elturistatranquil.com\/wp-content\/uploads\/F68-Diputacion-y-galeria-de-sorianos-ilustres-Soria-339x226.jpg 339w\" sizes=\"(max-width: 768px) 100vw, 768px\" \/>\t\t\t\t\t\t\t\t\t\t\t<figcaption class=\"widget-image-caption wp-caption-text\"><\/figcaption>\n\t\t\t\t\t\t\t\t\t\t<\/figure>\n\t\t\t\t\t\t\t\t\t<\/div>\n\t\t\t\t<\/div>\n\t\t\t\t<div class=\"elementor-element elementor-element-3db7447 elementor-widget elementor-widget-heading\" data-id=\"3db7447\" data-element_type=\"widget\" data-e-type=\"widget\" data-widget_type=\"heading.default\">\n\t\t\t\t<div class=\"elementor-widget-container\">\n\t\t\t\t\t<h4 class=\"elementor-heading-title elementor-size-default\">Esgl\u00e9sia de San Juan de Rabanera<\/h4>\t\t\t\t<\/div>\n\t\t\t\t<\/div>\n\t\t\t\t<div class=\"elementor-element elementor-element-36fd301 elementor-widget elementor-widget-text-editor\" data-id=\"36fd301\" data-element_type=\"widget\" data-e-type=\"widget\" data-widget_type=\"text-editor.default\">\n\t\t\t\t<div class=\"elementor-widget-container\">\n\t\t\t\t\t\t\t\t\t<p><em>B\u00e9 d&#8217;Inter\u00e8s Cultural (BIC)<\/em><\/p><p>Enlla\u00e7 amb el Post: <strong><a href=\"https:\/\/www.elturistatranquil.com\/ca\/esglesies-romanic-gotiques-de-la-ciutat-de-soria\/\" target=\"_blank\" rel=\"noopener\">Esgl\u00e9sies rom\u00e0nic-g\u00f2tiques de la ciutat de S\u00f2ria<\/a><\/strong><\/p><p>L&#8217;<strong>esgl\u00e9sia de San Juan de Rabanera<\/strong> (<strong>32<\/strong>) \u00e9s una de les esgl\u00e9sies rom\u00e0niques m\u00e9s interessants de S\u00f2ria.<\/p>\t\t\t\t\t\t\t\t<\/div>\n\t\t\t\t<\/div>\n\t\t\t\t<div class=\"elementor-element elementor-element-afc6ad9 elementor-widget elementor-widget-image\" data-id=\"afc6ad9\" data-element_type=\"widget\" data-e-type=\"widget\" data-widget_type=\"image.default\">\n\t\t\t\t<div class=\"elementor-widget-container\">\n\t\t\t\t\t\t\t\t\t\t\t\t<figure class=\"wp-caption\">\n\t\t\t\t\t\t\t\t\t\t<img loading=\"lazy\" decoding=\"async\" width=\"768\" height=\"511\" src=\"https:\/\/www.elturistatranquil.com\/wp-content\/uploads\/F69-iglesia-de-San-Juan-de-Rabanera-Soria.jpg\" class=\"attachment-large size-large wp-image-53362\" alt=\"iglesia de San Juan de Rabanera , Soria\" srcset=\"https:\/\/www.elturistatranquil.com\/wp-content\/uploads\/F69-iglesia-de-San-Juan-de-Rabanera-Soria.jpg 768w, https:\/\/www.elturistatranquil.com\/wp-content\/uploads\/F69-iglesia-de-San-Juan-de-Rabanera-Soria-339x226.jpg 339w\" sizes=\"(max-width: 768px) 100vw, 768px\" \/>\t\t\t\t\t\t\t\t\t\t\t<figcaption class=\"widget-image-caption wp-caption-text\"><\/figcaption>\n\t\t\t\t\t\t\t\t\t\t<\/figure>\n\t\t\t\t\t\t\t\t\t<\/div>\n\t\t\t\t<\/div>\n\t\t\t\t<div class=\"elementor-element elementor-element-0116f64 elementor-widget elementor-widget-image\" data-id=\"0116f64\" data-element_type=\"widget\" data-e-type=\"widget\" data-widget_type=\"image.default\">\n\t\t\t\t<div class=\"elementor-widget-container\">\n\t\t\t\t\t\t\t\t\t\t\t\t<figure class=\"wp-caption\">\n\t\t\t\t\t\t\t\t\t\t<img loading=\"lazy\" decoding=\"async\" width=\"768\" height=\"511\" src=\"https:\/\/www.elturistatranquil.com\/wp-content\/uploads\/F70-iglesia-de-San-Juan-de-Rabanera-Soria.jpg\" class=\"attachment-large size-large wp-image-53364\" alt=\"iglesia de San Juan de Rabanera , Soria\" srcset=\"https:\/\/www.elturistatranquil.com\/wp-content\/uploads\/F70-iglesia-de-San-Juan-de-Rabanera-Soria.jpg 768w, https:\/\/www.elturistatranquil.com\/wp-content\/uploads\/F70-iglesia-de-San-Juan-de-Rabanera-Soria-339x226.jpg 339w\" sizes=\"(max-width: 768px) 100vw, 768px\" \/>\t\t\t\t\t\t\t\t\t\t\t<figcaption class=\"widget-image-caption wp-caption-text\"><\/figcaption>\n\t\t\t\t\t\t\t\t\t\t<\/figure>\n\t\t\t\t\t\t\t\t\t<\/div>\n\t\t\t\t<\/div>\n\t\t\t\t<div class=\"elementor-element elementor-element-5240723 elementor-widget elementor-widget-heading\" data-id=\"5240723\" data-element_type=\"widget\" data-e-type=\"widget\" data-widget_type=\"heading.default\">\n\t\t\t\t<div class=\"elementor-widget-container\">\n\t\t\t\t\t<h3 class=\"elementor-heading-title elementor-size-default\">Pla\u00e7a Mariano Granados, carrer Nicol\u00e1s Rabal, Alameda de Cervantes, carrer Ferial, pla\u00e7a Salvador i pla\u00e7a Ram\u00f3n Benito Ace\u00f1a<\/h3>\t\t\t\t<\/div>\n\t\t\t\t<\/div>\n\t\t\t\t<div class=\"elementor-element elementor-element-e2e4b39 elementor-widget elementor-widget-text-editor\" data-id=\"e2e4b39\" data-element_type=\"widget\" data-e-type=\"widget\" data-widget_type=\"text-editor.default\">\n\t\t\t\t<div class=\"elementor-widget-container\">\n\t\t\t\t\t\t\t\t\t<p>Ens situem ara extramurs cap a ponent als ravals de la ciutat emmurallada medieval.<\/p><p>Partim de la <strong>pla\u00e7a Mariano Granados<\/strong>, d&#8217;on sortir\u00e0 el v\u00e8rtex del gran triangle enjardinat de la <strong>Alameda de Cervantes<\/strong>.<\/p>\t\t\t\t\t\t\t\t<\/div>\n\t\t\t\t<\/div>\n\t\t\t\t<div class=\"elementor-element elementor-element-b14eb0a elementor-widget elementor-widget-image\" data-id=\"b14eb0a\" data-element_type=\"widget\" data-e-type=\"widget\" data-widget_type=\"image.default\">\n\t\t\t\t<div class=\"elementor-widget-container\">\n\t\t\t\t\t\t\t\t\t\t\t\t<figure class=\"wp-caption\">\n\t\t\t\t\t\t\t\t\t\t<img loading=\"lazy\" decoding=\"async\" width=\"768\" height=\"511\" src=\"https:\/\/www.elturistatranquil.com\/wp-content\/uploads\/F71-plaza-Mariano-Granados-Soria.jpg\" class=\"attachment-large size-large wp-image-53366\" alt=\"plaza Mariano Granados, Soria\" srcset=\"https:\/\/www.elturistatranquil.com\/wp-content\/uploads\/F71-plaza-Mariano-Granados-Soria.jpg 768w, https:\/\/www.elturistatranquil.com\/wp-content\/uploads\/F71-plaza-Mariano-Granados-Soria-339x226.jpg 339w\" sizes=\"(max-width: 768px) 100vw, 768px\" \/>\t\t\t\t\t\t\t\t\t\t\t<figcaption class=\"widget-image-caption wp-caption-text\"><\/figcaption>\n\t\t\t\t\t\t\t\t\t\t<\/figure>\n\t\t\t\t\t\t\t\t\t<\/div>\n\t\t\t\t<\/div>\n\t\t\t\t<div class=\"elementor-element elementor-element-d176c25 elementor-widget elementor-widget-heading\" data-id=\"d176c25\" data-element_type=\"widget\" data-e-type=\"widget\" data-widget_type=\"heading.default\">\n\t\t\t\t<div class=\"elementor-widget-container\">\n\t\t\t\t\t<h5 class=\"elementor-heading-title elementor-size-default\">Rac\u00f3 de B\u00e9cquer<\/h5>\t\t\t\t<\/div>\n\t\t\t\t<\/div>\n\t\t\t\t<div class=\"elementor-element elementor-element-6821817 elementor-widget elementor-widget-text-editor\" data-id=\"6821817\" data-element_type=\"widget\" data-e-type=\"widget\" data-widget_type=\"text-editor.default\">\n\t\t\t\t<div class=\"elementor-widget-container\">\n\t\t\t\t\t\t\t\t\t<p>Pel <strong>carrer Nicolas Rabal<\/strong> girant per l&#8217;<strong>avinguda Duque de Soria<\/strong> podem anar a relaxar-nos al <strong>Rac\u00f3 de B\u00e9cquer<\/strong> (<strong>33<\/strong>). Des d&#8217;aqu\u00ed tindrem una primera visi\u00f3 del costat de llevant <strong>convent de San Francisco<\/strong>.<\/p>\t\t\t\t\t\t\t\t<\/div>\n\t\t\t\t<\/div>\n\t\t\t\t<div class=\"elementor-element elementor-element-7ebd74f elementor-widget elementor-widget-image\" data-id=\"7ebd74f\" data-element_type=\"widget\" data-e-type=\"widget\" data-widget_type=\"image.default\">\n\t\t\t\t<div class=\"elementor-widget-container\">\n\t\t\t\t\t\t\t\t\t\t\t\t<figure class=\"wp-caption\">\n\t\t\t\t\t\t\t\t\t\t<img loading=\"lazy\" decoding=\"async\" width=\"768\" height=\"511\" src=\"https:\/\/www.elturistatranquil.com\/wp-content\/uploads\/F72-Rincon-de-Bequer-Soria.jpg\" class=\"attachment-large size-large wp-image-53368\" alt=\"Rinc\u00f3n de Bequer , Soria\" srcset=\"https:\/\/www.elturistatranquil.com\/wp-content\/uploads\/F72-Rincon-de-Bequer-Soria.jpg 768w, https:\/\/www.elturistatranquil.com\/wp-content\/uploads\/F72-Rincon-de-Bequer-Soria-339x226.jpg 339w\" sizes=\"(max-width: 768px) 100vw, 768px\" \/>\t\t\t\t\t\t\t\t\t\t\t<figcaption class=\"widget-image-caption wp-caption-text\"><\/figcaption>\n\t\t\t\t\t\t\t\t\t\t<\/figure>\n\t\t\t\t\t\t\t\t\t<\/div>\n\t\t\t\t<\/div>\n\t\t\t\t<div class=\"elementor-element elementor-element-c138aa4 elementor-widget elementor-widget-heading\" data-id=\"c138aa4\" data-element_type=\"widget\" data-e-type=\"widget\" data-widget_type=\"heading.default\">\n\t\t\t\t<div class=\"elementor-widget-container\">\n\t\t\t\t\t<h5 class=\"elementor-heading-title elementor-size-default\">Convent de San Francisco<\/h5>\t\t\t\t<\/div>\n\t\t\t\t<\/div>\n\t\t\t\t<div class=\"elementor-element elementor-element-82bb10a elementor-widget elementor-widget-text-editor\" data-id=\"82bb10a\" data-element_type=\"widget\" data-e-type=\"widget\" data-widget_type=\"text-editor.default\">\n\t\t\t\t<div class=\"elementor-widget-container\">\n\t\t\t\t\t\t\t\t\t<p>R<\/p><p>Tornant al carrer Nicol\u00e1s Rabal sembla la fa\u00e7ana del <strong>convent de San Francisco<\/strong> (<strong>34<\/strong>).<\/p><p>En el moment de l&#8217;expansi\u00f3 de les <a href=\"https:\/\/www.elturistatranquil.com\/ca\/esglesies-monestirs-i-ordres-religioses-a-ledat-mitjana\/#b1510\" target=\"_blank\" rel=\"noopener\">ordes mendicants<\/a>, aquestes van ubicar els seus convents als voltants de les ciutats m\u00e9s poblades. En aquest cas, s&#8217;atribueix al mateix Sant Francesc d\u2019Assis, la fundaci\u00f3 del convent al segle XIII (1214).<\/p><p>Al llarg de la hist\u00f2ria aquest convent va patir diversos incendis i avatars, inclosa la desamortitzaci\u00f3. Les restes que queden han estat molt modificades.<\/p>\t\t\t\t\t\t\t\t<\/div>\n\t\t\t\t<\/div>\n\t\t\t\t<div class=\"elementor-element elementor-element-91e4fe6 elementor-widget elementor-widget-image\" data-id=\"91e4fe6\" data-element_type=\"widget\" data-e-type=\"widget\" data-widget_type=\"image.default\">\n\t\t\t\t<div class=\"elementor-widget-container\">\n\t\t\t\t\t\t\t\t\t\t\t\t<figure class=\"wp-caption\">\n\t\t\t\t\t\t\t\t\t\t<img loading=\"lazy\" decoding=\"async\" width=\"768\" height=\"512\" src=\"https:\/\/www.elturistatranquil.com\/wp-content\/uploads\/F73-convento-de-San-Francisco-Soria.jpg\" class=\"attachment-large size-large wp-image-53373\" alt=\"convento de San Francisco, Soria\" srcset=\"https:\/\/www.elturistatranquil.com\/wp-content\/uploads\/F73-convento-de-San-Francisco-Soria.jpg 768w, https:\/\/www.elturistatranquil.com\/wp-content\/uploads\/F73-convento-de-San-Francisco-Soria-339x226.jpg 339w\" sizes=\"(max-width: 768px) 100vw, 768px\" \/>\t\t\t\t\t\t\t\t\t\t\t<figcaption class=\"widget-image-caption wp-caption-text\"><\/figcaption>\n\t\t\t\t\t\t\t\t\t\t<\/figure>\n\t\t\t\t\t\t\t\t\t<\/div>\n\t\t\t\t<\/div>\n\t\t\t\t<div class=\"elementor-element elementor-element-3073ce9 elementor-widget elementor-widget-image\" data-id=\"3073ce9\" data-element_type=\"widget\" data-e-type=\"widget\" data-widget_type=\"image.default\">\n\t\t\t\t<div class=\"elementor-widget-container\">\n\t\t\t\t\t\t\t\t\t\t\t\t<figure class=\"wp-caption\">\n\t\t\t\t\t\t\t\t\t\t<img loading=\"lazy\" decoding=\"async\" width=\"768\" height=\"511\" src=\"https:\/\/www.elturistatranquil.com\/wp-content\/uploads\/F74-convento-de-San-Francisco-Soria.jpg\" class=\"attachment-large size-large wp-image-53375\" alt=\"convento de San Francisco, Soria\" srcset=\"https:\/\/www.elturistatranquil.com\/wp-content\/uploads\/F74-convento-de-San-Francisco-Soria.jpg 768w, https:\/\/www.elturistatranquil.com\/wp-content\/uploads\/F74-convento-de-San-Francisco-Soria-339x226.jpg 339w\" sizes=\"(max-width: 768px) 100vw, 768px\" \/>\t\t\t\t\t\t\t\t\t\t\t<figcaption class=\"widget-image-caption wp-caption-text\"><\/figcaption>\n\t\t\t\t\t\t\t\t\t\t<\/figure>\n\t\t\t\t\t\t\t\t\t<\/div>\n\t\t\t\t<\/div>\n\t\t\t\t<div class=\"elementor-element elementor-element-4dc4fba elementor-widget elementor-widget-heading\" data-id=\"4dc4fba\" data-element_type=\"widget\" data-e-type=\"widget\" data-widget_type=\"heading.default\">\n\t\t\t\t<div class=\"elementor-widget-container\">\n\t\t\t\t\t<h5 class=\"elementor-heading-title elementor-size-default\">Alameda de Cervantes<\/h5>\t\t\t\t<\/div>\n\t\t\t\t<\/div>\n\t\t\t\t<div class=\"elementor-element elementor-element-3606390 elementor-widget elementor-widget-text-editor\" data-id=\"3606390\" data-element_type=\"widget\" data-e-type=\"widget\" data-widget_type=\"text-editor.default\">\n\t\t\t\t<div class=\"elementor-widget-container\">\n\t\t\t\t\t\t\t\t\t<p>Un dels llocs m\u00e9s encantadors de S\u00f2ria \u00e9s la <strong>Alameda de Cervantes<\/strong> (<strong>35<\/strong>), popularment coneguda com <strong>la Devesa<\/strong>.<\/p><p>S\u00f3n gaireb\u00e9 10 hect\u00e0rees de jardins i parc urb\u00e0 al cor de la ciutat, amb l&#8217;entrada principal per la pla\u00e7a de Mariano Granados.<\/p>\t\t\t\t\t\t\t\t<\/div>\n\t\t\t\t<\/div>\n\t\t\t\t<div class=\"elementor-element elementor-element-79f16f1 elementor-widget elementor-widget-image\" data-id=\"79f16f1\" data-element_type=\"widget\" data-e-type=\"widget\" data-widget_type=\"image.default\">\n\t\t\t\t<div class=\"elementor-widget-container\">\n\t\t\t\t\t\t\t\t\t\t\t\t<figure class=\"wp-caption\">\n\t\t\t\t\t\t\t\t\t\t<img loading=\"lazy\" decoding=\"async\" width=\"768\" height=\"512\" src=\"https:\/\/www.elturistatranquil.com\/wp-content\/uploads\/F75-Alameda-de-Cervantes-Soria.jpg\" class=\"attachment-large size-large wp-image-53380\" alt=\"Alameda de Cervantes , Soria\" srcset=\"https:\/\/www.elturistatranquil.com\/wp-content\/uploads\/F75-Alameda-de-Cervantes-Soria.jpg 768w, https:\/\/www.elturistatranquil.com\/wp-content\/uploads\/F75-Alameda-de-Cervantes-Soria-339x226.jpg 339w\" sizes=\"(max-width: 768px) 100vw, 768px\" \/>\t\t\t\t\t\t\t\t\t\t\t<figcaption class=\"widget-image-caption wp-caption-text\"><\/figcaption>\n\t\t\t\t\t\t\t\t\t\t<\/figure>\n\t\t\t\t\t\t\t\t\t<\/div>\n\t\t\t\t<\/div>\n\t\t\t\t<div class=\"elementor-element elementor-element-d6d38e0 elementor-widget elementor-widget-text-editor\" data-id=\"d6d38e0\" data-element_type=\"widget\" data-e-type=\"widget\" data-widget_type=\"text-editor.default\">\n\t\t\t\t<div class=\"elementor-widget-container\">\n\t\t\t\t\t\t\t\t\t<p>La zona de l&#8217;entrada principal des de \u00e9s l&#8217;enjardinada amb un roserar.<\/p>\t\t\t\t\t\t\t\t<\/div>\n\t\t\t\t<\/div>\n\t\t\t\t<div class=\"elementor-element elementor-element-e94070f elementor-widget elementor-widget-image\" data-id=\"e94070f\" data-element_type=\"widget\" data-e-type=\"widget\" data-widget_type=\"image.default\">\n\t\t\t\t<div class=\"elementor-widget-container\">\n\t\t\t\t\t\t\t\t\t\t\t\t<figure class=\"wp-caption\">\n\t\t\t\t\t\t\t\t\t\t<img loading=\"lazy\" decoding=\"async\" width=\"768\" height=\"512\" src=\"https:\/\/www.elturistatranquil.com\/wp-content\/uploads\/F76-Alameda-de-Cervantes-Soria.jpg\" class=\"attachment-large size-large wp-image-53382\" alt=\"Alameda de Cervantes , Soria\" srcset=\"https:\/\/www.elturistatranquil.com\/wp-content\/uploads\/F76-Alameda-de-Cervantes-Soria.jpg 768w, https:\/\/www.elturistatranquil.com\/wp-content\/uploads\/F76-Alameda-de-Cervantes-Soria-339x226.jpg 339w\" sizes=\"(max-width: 768px) 100vw, 768px\" \/>\t\t\t\t\t\t\t\t\t\t\t<figcaption class=\"widget-image-caption wp-caption-text\"><\/figcaption>\n\t\t\t\t\t\t\t\t\t\t<\/figure>\n\t\t\t\t\t\t\t\t\t<\/div>\n\t\t\t\t<\/div>\n\t\t\t\t<div class=\"elementor-element elementor-element-d1afe64 elementor-widget elementor-widget-text-editor\" data-id=\"d1afe64\" data-element_type=\"widget\" data-e-type=\"widget\" data-widget_type=\"text-editor.default\">\n\t\t\t\t<div class=\"elementor-widget-container\">\n\t\t\t\t\t\t\t\t\t<p>Mentre que, a ponent, a dalt del terreny, una \u00e0mplia prada coneguda com <strong>\u201cel Alto de la Dehesa\u201d<\/strong>.<\/p>\t\t\t\t\t\t\t\t<\/div>\n\t\t\t\t<\/div>\n\t\t\t\t<div class=\"elementor-element elementor-element-1e6602d elementor-widget elementor-widget-image\" data-id=\"1e6602d\" data-element_type=\"widget\" data-e-type=\"widget\" data-widget_type=\"image.default\">\n\t\t\t\t<div class=\"elementor-widget-container\">\n\t\t\t\t\t\t\t\t\t\t\t\t<figure class=\"wp-caption\">\n\t\t\t\t\t\t\t\t\t\t<img loading=\"lazy\" decoding=\"async\" width=\"768\" height=\"512\" src=\"https:\/\/www.elturistatranquil.com\/wp-content\/uploads\/F77-Alameda-de-Cervantes-Soria.jpg\" class=\"attachment-large size-large wp-image-53384\" alt=\"Alameda de Cervantes , Soria\" srcset=\"https:\/\/www.elturistatranquil.com\/wp-content\/uploads\/F77-Alameda-de-Cervantes-Soria.jpg 768w, https:\/\/www.elturistatranquil.com\/wp-content\/uploads\/F77-Alameda-de-Cervantes-Soria-339x226.jpg 339w\" sizes=\"(max-width: 768px) 100vw, 768px\" \/>\t\t\t\t\t\t\t\t\t\t\t<figcaption class=\"widget-image-caption wp-caption-text\"><\/figcaption>\n\t\t\t\t\t\t\t\t\t\t<\/figure>\n\t\t\t\t\t\t\t\t\t<\/div>\n\t\t\t\t<\/div>\n\t\t\t\t<div class=\"elementor-element elementor-element-723769f elementor-widget elementor-widget-image\" data-id=\"723769f\" data-element_type=\"widget\" data-e-type=\"widget\" data-widget_type=\"image.default\">\n\t\t\t\t<div class=\"elementor-widget-container\">\n\t\t\t\t\t\t\t\t\t\t\t\t<figure class=\"wp-caption\">\n\t\t\t\t\t\t\t\t\t\t<img loading=\"lazy\" decoding=\"async\" width=\"768\" height=\"512\" src=\"https:\/\/www.elturistatranquil.com\/wp-content\/uploads\/F78-Alameda-de-Cervantes-Soria.jpg\" class=\"attachment-large size-large wp-image-53386\" alt=\"Alameda de Cervantes , Soria\" srcset=\"https:\/\/www.elturistatranquil.com\/wp-content\/uploads\/F78-Alameda-de-Cervantes-Soria.jpg 768w, https:\/\/www.elturistatranquil.com\/wp-content\/uploads\/F78-Alameda-de-Cervantes-Soria-339x226.jpg 339w\" sizes=\"(max-width: 768px) 100vw, 768px\" \/>\t\t\t\t\t\t\t\t\t\t\t<figcaption class=\"widget-image-caption wp-caption-text\"><\/figcaption>\n\t\t\t\t\t\t\t\t\t\t<\/figure>\n\t\t\t\t\t\t\t\t\t<\/div>\n\t\t\t\t<\/div>\n\t\t\t\t<div class=\"elementor-element elementor-element-9af424a elementor-widget elementor-widget-heading\" data-id=\"9af424a\" data-element_type=\"widget\" data-e-type=\"widget\" data-widget_type=\"heading.default\">\n\t\t\t\t<div class=\"elementor-widget-container\">\n\t\t\t\t\t<h5 class=\"elementor-heading-title elementor-size-default\">Kiosco de m\u00fasica<\/h5>\t\t\t\t<\/div>\n\t\t\t\t<\/div>\n\t\t\t\t<div class=\"elementor-element elementor-element-48bbd49 elementor-widget elementor-widget-text-editor\" data-id=\"48bbd49\" data-element_type=\"widget\" data-e-type=\"widget\" data-widget_type=\"text-editor.default\">\n\t\t\t\t<div class=\"elementor-widget-container\">\n\t\t\t\t\t\t\t\t\t<p>A la zona enjardinada es localitza el <strong>kiosc de m\u00fasica<\/strong> (<strong>36<\/strong>), tamb\u00e9 anomenat <strong>arbre de la m\u00fasica<\/strong>. La doble originalitat d&#8217;aquest quiosc \u00e9s que la plataforma per als m\u00fasics est\u00e0 considerablement elevada sobre una estructura met\u00e0l\u00b7lica modernista. Mentre que pel centre s&#8217;eleva un arbre les branques del qual aixopluga els m\u00fasics conegut com l&#8217;<strong>arbre de la m\u00fasica<\/strong>.<\/p>\t\t\t\t\t\t\t\t<\/div>\n\t\t\t\t<\/div>\n\t\t\t\t<div class=\"elementor-element elementor-element-c0d5b63 elementor-widget elementor-widget-image\" data-id=\"c0d5b63\" data-element_type=\"widget\" data-e-type=\"widget\" data-widget_type=\"image.default\">\n\t\t\t\t<div class=\"elementor-widget-container\">\n\t\t\t\t\t\t\t\t\t\t\t\t<figure class=\"wp-caption\">\n\t\t\t\t\t\t\t\t\t\t<img loading=\"lazy\" decoding=\"async\" width=\"768\" height=\"511\" src=\"https:\/\/www.elturistatranquil.com\/wp-content\/uploads\/F79-kiosco-arbol-de-la-musica-Soria.jpg\" class=\"attachment-large size-large wp-image-53390\" alt=\"kiosco-arbol de la m\u00fasica , Soria\" srcset=\"https:\/\/www.elturistatranquil.com\/wp-content\/uploads\/F79-kiosco-arbol-de-la-musica-Soria.jpg 768w, https:\/\/www.elturistatranquil.com\/wp-content\/uploads\/F79-kiosco-arbol-de-la-musica-Soria-339x226.jpg 339w\" sizes=\"(max-width: 768px) 100vw, 768px\" \/>\t\t\t\t\t\t\t\t\t\t\t<figcaption class=\"widget-image-caption wp-caption-text\"><\/figcaption>\n\t\t\t\t\t\t\t\t\t\t<\/figure>\n\t\t\t\t\t\t\t\t\t<\/div>\n\t\t\t\t<\/div>\n\t\t\t\t<div class=\"elementor-element elementor-element-ef922ea elementor-widget elementor-widget-heading\" data-id=\"ef922ea\" data-element_type=\"widget\" data-e-type=\"widget\" data-widget_type=\"heading.default\">\n\t\t\t\t<div class=\"elementor-widget-container\">\n\t\t\t\t\t<h5 class=\"elementor-heading-title elementor-size-default\">Ermita de la Soledad<\/h5>\t\t\t\t<\/div>\n\t\t\t\t<\/div>\n\t\t\t\t<div class=\"elementor-element elementor-element-9da980b elementor-widget elementor-widget-text-editor\" data-id=\"9da980b\" data-element_type=\"widget\" data-e-type=\"widget\" data-widget_type=\"text-editor.default\">\n\t\t\t\t<div class=\"elementor-widget-container\">\n\t\t\t\t\t\t\t\t\t<p>A escassos 40 metres del Kiosc de la m\u00fasica en direcci\u00f3 nord-est hi ha una altra joia, l&#8217;<strong>ermita de la Soledad<\/strong> (<strong>37<\/strong>), al costat del <strong>passeig del Espol\u00f3n<\/strong>.<\/p><p>Aquesta construcci\u00f3 religiosa \u00e9s del segle XVI. Es va construir com a calvari extramurs, encarregat a Pedro i Rodrigo P\u00e9rez de Villabiad.<\/p><p>Posteriorment, els comtes de G\u00f3mara se&#8217;n van plantejar l&#8217;ampliaci\u00f3, construint un gran p\u00f2rtic d&#8217;entrada que no va tenir continu\u00eftat. Per aix\u00f2, en la seva visi\u00f3 actual, aquest p\u00f2rtic resulta desproporcionat en relaci\u00f3 amb el cos de la capella.<\/p><p>En estar encarada la porta de la capella cap a les portes de la ciutat, la disposici\u00f3 de l&#8217;altar \u00e9s cap a ponent.<\/p>\t\t\t\t\t\t\t\t<\/div>\n\t\t\t\t<\/div>\n\t\t\t\t<div class=\"elementor-element elementor-element-9094a2f elementor-widget elementor-widget-image\" data-id=\"9094a2f\" data-element_type=\"widget\" data-e-type=\"widget\" data-widget_type=\"image.default\">\n\t\t\t\t<div class=\"elementor-widget-container\">\n\t\t\t\t\t\t\t\t\t\t\t\t<figure class=\"wp-caption\">\n\t\t\t\t\t\t\t\t\t\t<img loading=\"lazy\" decoding=\"async\" width=\"768\" height=\"512\" src=\"https:\/\/www.elturistatranquil.com\/wp-content\/uploads\/F80-Iermita-de-la-Soledad-Soria.jpg\" class=\"attachment-large size-large wp-image-53392\" alt=\"ermita de la Soledad , Soria\" srcset=\"https:\/\/www.elturistatranquil.com\/wp-content\/uploads\/F80-Iermita-de-la-Soledad-Soria.jpg 768w, https:\/\/www.elturistatranquil.com\/wp-content\/uploads\/F80-Iermita-de-la-Soledad-Soria-339x226.jpg 339w\" sizes=\"(max-width: 768px) 100vw, 768px\" \/>\t\t\t\t\t\t\t\t\t\t\t<figcaption class=\"widget-image-caption wp-caption-text\"><\/figcaption>\n\t\t\t\t\t\t\t\t\t\t<\/figure>\n\t\t\t\t\t\t\t\t\t<\/div>\n\t\t\t\t<\/div>\n\t\t\t\t<div class=\"elementor-element elementor-element-eaa56d1 elementor-widget elementor-widget-text-editor\" data-id=\"eaa56d1\" data-element_type=\"widget\" data-e-type=\"widget\" data-widget_type=\"text-editor.default\">\n\t\t\t\t<div class=\"elementor-widget-container\">\n\t\t\t\t\t\t\t\t\t<p>El p\u00f2rtic \u00e9s de f\u00e0brica de carreuat amb tres arcs de mig punt, m\u00e9s gran el central.<\/p>\t\t\t\t\t\t\t\t<\/div>\n\t\t\t\t<\/div>\n\t\t\t\t<div class=\"elementor-element elementor-element-c2ac9be elementor-widget elementor-widget-image\" data-id=\"c2ac9be\" data-element_type=\"widget\" data-e-type=\"widget\" data-widget_type=\"image.default\">\n\t\t\t\t<div class=\"elementor-widget-container\">\n\t\t\t\t\t\t\t\t\t\t\t\t<figure class=\"wp-caption\">\n\t\t\t\t\t\t\t\t\t\t<img loading=\"lazy\" decoding=\"async\" width=\"768\" height=\"511\" src=\"https:\/\/www.elturistatranquil.com\/wp-content\/uploads\/F81-Iermita-de-la-Soledad-Soria.jpg\" class=\"attachment-large size-large wp-image-53394\" alt=\"ermita de la Soledad , Soria\" srcset=\"https:\/\/www.elturistatranquil.com\/wp-content\/uploads\/F81-Iermita-de-la-Soledad-Soria.jpg 768w, https:\/\/www.elturistatranquil.com\/wp-content\/uploads\/F81-Iermita-de-la-Soledad-Soria-339x226.jpg 339w\" sizes=\"(max-width: 768px) 100vw, 768px\" \/>\t\t\t\t\t\t\t\t\t\t\t<figcaption class=\"widget-image-caption wp-caption-text\"><\/figcaption>\n\t\t\t\t\t\t\t\t\t\t<\/figure>\n\t\t\t\t\t\t\t\t\t<\/div>\n\t\t\t\t<\/div>\n\t\t\t\t<div class=\"elementor-element elementor-element-fdd4447 elementor-widget elementor-widget-text-editor\" data-id=\"fdd4447\" data-element_type=\"widget\" data-e-type=\"widget\" data-widget_type=\"text-editor.default\">\n\t\t\t\t<div class=\"elementor-widget-container\">\n\t\t\t\t\t\t\t\t\t<p>L\u00b4interior est\u00e0 format per dos recintes. Entrant, la capella g\u00f2tica amb la Verge de les Angoixes i del Sant Sepulcre.<\/p><p>Sota la imatge de la Mare de D\u00e9u una urna amb un Crist Jacent.<\/p>\t\t\t\t\t\t\t\t<\/div>\n\t\t\t\t<\/div>\n\t\t\t\t<div class=\"elementor-element elementor-element-ff9fba7 elementor-widget elementor-widget-image\" data-id=\"ff9fba7\" data-element_type=\"widget\" data-e-type=\"widget\" data-widget_type=\"image.default\">\n\t\t\t\t<div class=\"elementor-widget-container\">\n\t\t\t\t\t\t\t\t\t\t\t\t<figure class=\"wp-caption\">\n\t\t\t\t\t\t\t\t\t\t<img loading=\"lazy\" decoding=\"async\" width=\"768\" height=\"511\" src=\"https:\/\/www.elturistatranquil.com\/wp-content\/uploads\/F82-ermita-de-la-Soledad-Soria.jpg\" class=\"attachment-large size-large wp-image-53396\" alt=\"ermita de la Soledad , Soria\" srcset=\"https:\/\/www.elturistatranquil.com\/wp-content\/uploads\/F82-ermita-de-la-Soledad-Soria.jpg 768w, https:\/\/www.elturistatranquil.com\/wp-content\/uploads\/F82-ermita-de-la-Soledad-Soria-339x226.jpg 339w\" sizes=\"(max-width: 768px) 100vw, 768px\" \/>\t\t\t\t\t\t\t\t\t\t\t<figcaption class=\"widget-image-caption wp-caption-text\"><\/figcaption>\n\t\t\t\t\t\t\t\t\t\t<\/figure>\n\t\t\t\t\t\t\t\t\t<\/div>\n\t\t\t\t<\/div>\n\t\t\t\t<div class=\"elementor-element elementor-element-bae8f86 elementor-widget elementor-widget-image\" data-id=\"bae8f86\" data-element_type=\"widget\" data-e-type=\"widget\" data-widget_type=\"image.default\">\n\t\t\t\t<div class=\"elementor-widget-container\">\n\t\t\t\t\t\t\t\t\t\t\t\t<figure class=\"wp-caption\">\n\t\t\t\t\t\t\t\t\t\t<img loading=\"lazy\" decoding=\"async\" width=\"768\" height=\"512\" src=\"https:\/\/www.elturistatranquil.com\/wp-content\/uploads\/F83-ermita-de-la-Soledad-Soria.jpg\" class=\"attachment-large size-large wp-image-53398\" alt=\"ermita de la Soledad , Soria\" srcset=\"https:\/\/www.elturistatranquil.com\/wp-content\/uploads\/F83-ermita-de-la-Soledad-Soria.jpg 768w, https:\/\/www.elturistatranquil.com\/wp-content\/uploads\/F83-ermita-de-la-Soledad-Soria-339x226.jpg 339w\" sizes=\"(max-width: 768px) 100vw, 768px\" \/>\t\t\t\t\t\t\t\t\t\t\t<figcaption class=\"widget-image-caption wp-caption-text\"><\/figcaption>\n\t\t\t\t\t\t\t\t\t\t<\/figure>\n\t\t\t\t\t\t\t\t\t<\/div>\n\t\t\t\t<\/div>\n\t\t\t\t<div class=\"elementor-element elementor-element-e42af04 elementor-widget elementor-widget-text-editor\" data-id=\"e42af04\" data-element_type=\"widget\" data-e-type=\"widget\" data-widget_type=\"text-editor.default\">\n\t\t\t\t<div class=\"elementor-widget-container\">\n\t\t\t\t\t\t\t\t\t<p>A trav\u00e9s d&#8217;un passad\u00eds obert a la banda esquerra de l&#8217;altar s&#8217;accedeix a un recinte posterior on hi ha la imatge del Crist del Humilladero, d&#8217;estil de Joan de Juni o algun deixeble.<\/p><p>Darrere del crist una pintura del poble sori\u00e0 de Calata\u00f1azor amb les seves muralles i el camp en qu\u00e8 va tenir lloc la derrota del moro Almansor (al-Man\u1e63\u016br).<\/p>\t\t\t\t\t\t\t\t<\/div>\n\t\t\t\t<\/div>\n\t\t\t\t<div class=\"elementor-element elementor-element-630b9f0 elementor-widget elementor-widget-image\" data-id=\"630b9f0\" data-element_type=\"widget\" data-e-type=\"widget\" data-widget_type=\"image.default\">\n\t\t\t\t<div class=\"elementor-widget-container\">\n\t\t\t\t\t\t\t\t\t\t\t\t<figure class=\"wp-caption\">\n\t\t\t\t\t\t\t\t\t\t<img loading=\"lazy\" decoding=\"async\" width=\"442\" height=\"590\" src=\"https:\/\/www.elturistatranquil.com\/wp-content\/uploads\/F84-ermita-de-la-Soledad-Soria.jpg\" class=\"attachment-large size-large wp-image-53400\" alt=\"ermita de la Soledad , Soria\" srcset=\"https:\/\/www.elturistatranquil.com\/wp-content\/uploads\/F84-ermita-de-la-Soledad-Soria.jpg 442w, https:\/\/www.elturistatranquil.com\/wp-content\/uploads\/F84-ermita-de-la-Soledad-Soria-169x226.jpg 169w\" sizes=\"(max-width: 442px) 100vw, 442px\" \/>\t\t\t\t\t\t\t\t\t\t\t<figcaption class=\"widget-image-caption wp-caption-text\"><\/figcaption>\n\t\t\t\t\t\t\t\t\t\t<\/figure>\n\t\t\t\t\t\t\t\t\t<\/div>\n\t\t\t\t<\/div>\n\t\t\t\t<div class=\"elementor-element elementor-element-a716e38 elementor-widget elementor-widget-heading\" data-id=\"a716e38\" data-element_type=\"widget\" data-e-type=\"widget\" data-widget_type=\"heading.default\">\n\t\t\t\t<div class=\"elementor-widget-container\">\n\t\t\t\t\t<h4 class=\"elementor-heading-title elementor-size-default\">Museu Numant\u00ed<\/h4>\t\t\t\t<\/div>\n\t\t\t\t<\/div>\n\t\t\t\t<div class=\"elementor-element elementor-element-de8a63a elementor-widget elementor-widget-text-editor\" data-id=\"de8a63a\" data-element_type=\"widget\" data-e-type=\"widget\" data-widget_type=\"text-editor.default\">\n\t\t\t\t<div class=\"elementor-widget-container\">\n\t\t\t\t\t\t\t\t\t<p><em>B\u00e9 d&#8217;Inter\u00e8s Cultural (BIC)<\/em><\/p><p>Creuant el <strong>passeig del Espol\u00f3n<\/strong> hi ha el <strong>Museu Numant\u00ed<\/strong> (<strong>38<\/strong>).<\/p><p>El 1916, arran de les excavacions arqueol\u00f2giques al <strong>jaciment de Num\u00e0ncia<\/strong>, es va instal\u00b7lar a S\u00f2ria un museu per acollir les troballes. Despr\u00e9s d&#8217;unir-se amb el Museu Provincial, la g\u00e8nesi del qual es remunta al proc\u00e9s desamortitzador del segle XIX, va donar com a resultat l&#8217;actual Museu.<\/p>\t\t\t\t\t\t\t\t<\/div>\n\t\t\t\t<\/div>\n\t\t\t\t<div class=\"elementor-element elementor-element-ad42dd1 elementor-widget elementor-widget-image\" data-id=\"ad42dd1\" data-element_type=\"widget\" data-e-type=\"widget\" data-widget_type=\"image.default\">\n\t\t\t\t<div class=\"elementor-widget-container\">\n\t\t\t\t\t\t\t\t\t\t\t\t<figure class=\"wp-caption\">\n\t\t\t\t\t\t\t\t\t\t<img loading=\"lazy\" decoding=\"async\" width=\"768\" height=\"512\" src=\"https:\/\/www.elturistatranquil.com\/wp-content\/uploads\/F85-Museo-Numantino-Soria.jpg\" class=\"attachment-large size-large wp-image-53405\" alt=\"Museo Numantino , Soria\" srcset=\"https:\/\/www.elturistatranquil.com\/wp-content\/uploads\/F85-Museo-Numantino-Soria.jpg 768w, https:\/\/www.elturistatranquil.com\/wp-content\/uploads\/F85-Museo-Numantino-Soria-339x226.jpg 339w\" sizes=\"(max-width: 768px) 100vw, 768px\" \/>\t\t\t\t\t\t\t\t\t\t\t<figcaption class=\"widget-image-caption wp-caption-text\"><\/figcaption>\n\t\t\t\t\t\t\t\t\t\t<\/figure>\n\t\t\t\t\t\t\t\t\t<\/div>\n\t\t\t\t<\/div>\n\t\t\t\t<div class=\"elementor-element elementor-element-f7ed315 elementor-widget elementor-widget-text-editor\" data-id=\"f7ed315\" data-element_type=\"widget\" data-e-type=\"widget\" data-widget_type=\"text-editor.default\">\n\t\t\t\t<div class=\"elementor-widget-container\">\n\t\t\t\t\t\t\t\t\t<p>A les \u00e0mplies instal\u00b7lacions del museu es presenta l&#8217;evoluci\u00f3 cronol\u00f2gica de la hist\u00f2ria de la prov\u00edncia, des del Paleol\u00edtic Inferior fins a l&#8217;Edat Moderna, amb una secci\u00f3 espec\u00edfica dedicada a la cultura celtib\u00e8rica, adaptada a invidents.<\/p><p>Val la pena dedicar el temps necessari a la visita al museu, cosa que permet penetrar en la cultura celtib\u00e8rica, i admirar el mestratge en la construcci\u00f3 d&#8217;objectes, amb valuoses peces exposades.<\/p>\t\t\t\t\t\t\t\t<\/div>\n\t\t\t\t<\/div>\n\t\t\t\t<div class=\"elementor-element elementor-element-d5a0672 elementor-widget elementor-widget-image\" data-id=\"d5a0672\" data-element_type=\"widget\" data-e-type=\"widget\" data-widget_type=\"image.default\">\n\t\t\t\t<div class=\"elementor-widget-container\">\n\t\t\t\t\t\t\t\t\t\t\t\t<figure class=\"wp-caption\">\n\t\t\t\t\t\t\t\t\t\t<img loading=\"lazy\" decoding=\"async\" width=\"749\" height=\"590\" src=\"https:\/\/www.elturistatranquil.com\/wp-content\/uploads\/F86-Museo-Numantino-Soria.jpg\" class=\"attachment-large size-large wp-image-53407\" alt=\"Museo Numantino , Soria\" srcset=\"https:\/\/www.elturistatranquil.com\/wp-content\/uploads\/F86-Museo-Numantino-Soria.jpg 749w, https:\/\/www.elturistatranquil.com\/wp-content\/uploads\/F86-Museo-Numantino-Soria-287x226.jpg 287w\" sizes=\"(max-width: 749px) 100vw, 749px\" \/>\t\t\t\t\t\t\t\t\t\t\t<figcaption class=\"widget-image-caption wp-caption-text\"><\/figcaption>\n\t\t\t\t\t\t\t\t\t\t<\/figure>\n\t\t\t\t\t\t\t\t\t<\/div>\n\t\t\t\t<\/div>\n\t\t\t\t<div class=\"elementor-element elementor-element-4b24232 elementor-widget elementor-widget-image\" data-id=\"4b24232\" data-element_type=\"widget\" data-e-type=\"widget\" data-widget_type=\"image.default\">\n\t\t\t\t<div class=\"elementor-widget-container\">\n\t\t\t\t\t\t\t\t\t\t\t\t<figure class=\"wp-caption\">\n\t\t\t\t\t\t\t\t\t\t<img loading=\"lazy\" decoding=\"async\" width=\"768\" height=\"512\" src=\"https:\/\/www.elturistatranquil.com\/wp-content\/uploads\/F87-Museo-Numantino-Soria.jpg\" class=\"attachment-large size-large wp-image-53409\" alt=\"Museo Numantino , Soria\" srcset=\"https:\/\/www.elturistatranquil.com\/wp-content\/uploads\/F87-Museo-Numantino-Soria.jpg 768w, https:\/\/www.elturistatranquil.com\/wp-content\/uploads\/F87-Museo-Numantino-Soria-339x226.jpg 339w\" sizes=\"(max-width: 768px) 100vw, 768px\" \/>\t\t\t\t\t\t\t\t\t\t\t<figcaption class=\"widget-image-caption wp-caption-text\"><\/figcaption>\n\t\t\t\t\t\t\t\t\t\t<\/figure>\n\t\t\t\t\t\t\t\t\t<\/div>\n\t\t\t\t<\/div>\n\t\t\t\t<div class=\"elementor-element elementor-element-d1d45cb elementor-widget elementor-widget-image\" data-id=\"d1d45cb\" data-element_type=\"widget\" data-e-type=\"widget\" data-widget_type=\"image.default\">\n\t\t\t\t<div class=\"elementor-widget-container\">\n\t\t\t\t\t\t\t\t\t\t\t\t<figure class=\"wp-caption\">\n\t\t\t\t\t\t\t\t\t\t<img loading=\"lazy\" decoding=\"async\" width=\"768\" height=\"512\" src=\"https:\/\/www.elturistatranquil.com\/wp-content\/uploads\/F88-Museo-Numantino-Soria.jpg\" class=\"attachment-large size-large wp-image-53411\" alt=\"Museo Numantino , Soria\" srcset=\"https:\/\/www.elturistatranquil.com\/wp-content\/uploads\/F88-Museo-Numantino-Soria.jpg 768w, https:\/\/www.elturistatranquil.com\/wp-content\/uploads\/F88-Museo-Numantino-Soria-339x226.jpg 339w\" sizes=\"(max-width: 768px) 100vw, 768px\" \/>\t\t\t\t\t\t\t\t\t\t\t<figcaption class=\"widget-image-caption wp-caption-text\"><\/figcaption>\n\t\t\t\t\t\t\t\t\t\t<\/figure>\n\t\t\t\t\t\t\t\t\t<\/div>\n\t\t\t\t<\/div>\n\t\t\t\t<div class=\"elementor-element elementor-element-64e2be2 elementor-widget elementor-widget-text-editor\" data-id=\"64e2be2\" data-element_type=\"widget\" data-e-type=\"widget\" data-widget_type=\"text-editor.default\">\n\t\t\t\t<div class=\"elementor-widget-container\">\n\t\t\t\t\t\t\t\t\t<p>Reproducci\u00f3 d\u2019una casa celtibera.<\/p>\t\t\t\t\t\t\t\t<\/div>\n\t\t\t\t<\/div>\n\t\t\t\t<div class=\"elementor-element elementor-element-e573c91 elementor-widget elementor-widget-image\" data-id=\"e573c91\" data-element_type=\"widget\" data-e-type=\"widget\" data-widget_type=\"image.default\">\n\t\t\t\t<div class=\"elementor-widget-container\">\n\t\t\t\t\t\t\t\t\t\t\t\t<figure class=\"wp-caption\">\n\t\t\t\t\t\t\t\t\t\t<img loading=\"lazy\" decoding=\"async\" width=\"768\" height=\"512\" src=\"https:\/\/www.elturistatranquil.com\/wp-content\/uploads\/F89-Museo-Numantino-Soria.jpg\" class=\"attachment-large size-large wp-image-53420\" alt=\"Museo Numantino , Soria\" srcset=\"https:\/\/www.elturistatranquil.com\/wp-content\/uploads\/F89-Museo-Numantino-Soria.jpg 768w, https:\/\/www.elturistatranquil.com\/wp-content\/uploads\/F89-Museo-Numantino-Soria-339x226.jpg 339w\" sizes=\"(max-width: 768px) 100vw, 768px\" \/>\t\t\t\t\t\t\t\t\t\t\t<figcaption class=\"widget-image-caption wp-caption-text\"><\/figcaption>\n\t\t\t\t\t\t\t\t\t\t<\/figure>\n\t\t\t\t\t\t\t\t\t<\/div>\n\t\t\t\t<\/div>\n\t\t\t\t<div class=\"elementor-element elementor-element-dc05608 elementor-widget elementor-widget-image\" data-id=\"dc05608\" data-element_type=\"widget\" data-e-type=\"widget\" data-widget_type=\"image.default\">\n\t\t\t\t<div class=\"elementor-widget-container\">\n\t\t\t\t\t\t\t\t\t\t\t\t<figure class=\"wp-caption\">\n\t\t\t\t\t\t\t\t\t\t<img loading=\"lazy\" decoding=\"async\" width=\"768\" height=\"549\" src=\"https:\/\/www.elturistatranquil.com\/wp-content\/uploads\/F90-Museo-Numantino-Soria.jpg\" class=\"attachment-large size-large wp-image-53422\" alt=\"Museo Numantino , Soria\" srcset=\"https:\/\/www.elturistatranquil.com\/wp-content\/uploads\/F90-Museo-Numantino-Soria.jpg 768w, https:\/\/www.elturistatranquil.com\/wp-content\/uploads\/F90-Museo-Numantino-Soria-316x226.jpg 316w\" sizes=\"(max-width: 768px) 100vw, 768px\" \/>\t\t\t\t\t\t\t\t\t\t\t<figcaption class=\"widget-image-caption wp-caption-text\"><\/figcaption>\n\t\t\t\t\t\t\t\t\t\t<\/figure>\n\t\t\t\t\t\t\t\t\t<\/div>\n\t\t\t\t<\/div>\n\t\t\t\t<div class=\"elementor-element elementor-element-d8f10e0 elementor-widget elementor-widget-image\" data-id=\"d8f10e0\" data-element_type=\"widget\" data-e-type=\"widget\" data-widget_type=\"image.default\">\n\t\t\t\t<div class=\"elementor-widget-container\">\n\t\t\t\t\t\t\t\t\t\t\t\t<figure class=\"wp-caption\">\n\t\t\t\t\t\t\t\t\t\t<img loading=\"lazy\" decoding=\"async\" width=\"768\" height=\"512\" src=\"https:\/\/www.elturistatranquil.com\/wp-content\/uploads\/F91-Museo-Numantino-Soria.jpg\" class=\"attachment-large size-large wp-image-53424\" alt=\"Museo Numantino , Soria\" srcset=\"https:\/\/www.elturistatranquil.com\/wp-content\/uploads\/F91-Museo-Numantino-Soria.jpg 768w, https:\/\/www.elturistatranquil.com\/wp-content\/uploads\/F91-Museo-Numantino-Soria-339x226.jpg 339w\" sizes=\"(max-width: 768px) 100vw, 768px\" \/>\t\t\t\t\t\t\t\t\t\t\t<figcaption class=\"widget-image-caption wp-caption-text\"><\/figcaption>\n\t\t\t\t\t\t\t\t\t\t<\/figure>\n\t\t\t\t\t\t\t\t\t<\/div>\n\t\t\t\t<\/div>\n\t\t\t\t<div class=\"elementor-element elementor-element-33aac3f elementor-widget elementor-widget-image\" data-id=\"33aac3f\" data-element_type=\"widget\" data-e-type=\"widget\" data-widget_type=\"image.default\">\n\t\t\t\t<div class=\"elementor-widget-container\">\n\t\t\t\t\t\t\t\t\t\t\t\t<figure class=\"wp-caption\">\n\t\t\t\t\t\t\t\t\t\t<img loading=\"lazy\" decoding=\"async\" width=\"768\" height=\"511\" src=\"https:\/\/www.elturistatranquil.com\/wp-content\/uploads\/F92-Museo-Numantino-Soria.jpg\" class=\"attachment-large size-large wp-image-53426\" alt=\"Museo Numantino , Soria\" srcset=\"https:\/\/www.elturistatranquil.com\/wp-content\/uploads\/F92-Museo-Numantino-Soria.jpg 768w, https:\/\/www.elturistatranquil.com\/wp-content\/uploads\/F92-Museo-Numantino-Soria-339x226.jpg 339w\" sizes=\"(max-width: 768px) 100vw, 768px\" \/>\t\t\t\t\t\t\t\t\t\t\t<figcaption class=\"widget-image-caption wp-caption-text\"><\/figcaption>\n\t\t\t\t\t\t\t\t\t\t<\/figure>\n\t\t\t\t\t\t\t\t\t<\/div>\n\t\t\t\t<\/div>\n\t\t\t\t<div class=\"elementor-element elementor-element-0c0bdd0 elementor-widget elementor-widget-text-editor\" data-id=\"0c0bdd0\" data-element_type=\"widget\" data-e-type=\"widget\" data-widget_type=\"text-editor.default\">\n\t\t\t\t<div class=\"elementor-widget-container\">\n\t\t\t\t\t\t\t\t\t<p>Una de les formes de presentaci\u00f3 del <strong>cavallet de S\u00f2ria<\/strong>, s\u00edmbol actual de la ciutat i la prov\u00edncia, muntat en un b\u00e0cul celtiber.<\/p>\t\t\t\t\t\t\t\t<\/div>\n\t\t\t\t<\/div>\n\t\t\t\t<div class=\"elementor-element elementor-element-79de032 elementor-widget elementor-widget-image\" data-id=\"79de032\" data-element_type=\"widget\" data-e-type=\"widget\" data-widget_type=\"image.default\">\n\t\t\t\t<div class=\"elementor-widget-container\">\n\t\t\t\t\t\t\t\t\t\t\t\t<figure class=\"wp-caption\">\n\t\t\t\t\t\t\t\t\t\t<img loading=\"lazy\" decoding=\"async\" width=\"768\" height=\"511\" src=\"https:\/\/www.elturistatranquil.com\/wp-content\/uploads\/F93-Museo-Numantino-Soria.jpg\" class=\"attachment-large size-large wp-image-53428\" alt=\"Museo Numantino , Soria\" srcset=\"https:\/\/www.elturistatranquil.com\/wp-content\/uploads\/F93-Museo-Numantino-Soria.jpg 768w, https:\/\/www.elturistatranquil.com\/wp-content\/uploads\/F93-Museo-Numantino-Soria-339x226.jpg 339w\" sizes=\"(max-width: 768px) 100vw, 768px\" \/>\t\t\t\t\t\t\t\t\t\t\t<figcaption class=\"widget-image-caption wp-caption-text\"><\/figcaption>\n\t\t\t\t\t\t\t\t\t\t<\/figure>\n\t\t\t\t\t\t\t\t\t<\/div>\n\t\t\t\t<\/div>\n\t\t\t\t<div class=\"elementor-element elementor-element-4382b1e elementor-widget elementor-widget-heading\" data-id=\"4382b1e\" data-element_type=\"widget\" data-e-type=\"widget\" data-widget_type=\"heading.default\">\n\t\t\t\t<div class=\"elementor-widget-container\">\n\t\t\t\t\t<h5 class=\"elementor-heading-title elementor-size-default\">Esgl\u00e9sia de San Salvador<\/h5>\t\t\t\t<\/div>\n\t\t\t\t<\/div>\n\t\t\t\t<div class=\"elementor-element elementor-element-f30203f elementor-widget elementor-widget-text-editor\" data-id=\"f30203f\" data-element_type=\"widget\" data-e-type=\"widget\" data-widget_type=\"text-editor.default\">\n\t\t\t\t<div class=\"elementor-widget-container\">\n\t\t\t\t\t\t\t\t\t<p>Tot i no haver-li pogut dedicar el temps que es mereixia al Museu, continuo aquest recorregut fins a la <strong>pla\u00e7a del Salvador<\/strong>.<\/p><p>All\u00e0 pel segle XII, extramurs de la ciutat, es va construir l&#8217; <strong>esgl\u00e9sia del Salvador<\/strong> (<strong>39<\/strong>), una esgl\u00e9sia parroquial rom\u00e0nica al raval. A la segona meitat d&#8217;aquell segle va haver de passar a l&#8217;Orde de Calatrava.<\/p><p>Va tornar a ser esgl\u00e9sia parroquial i, despr\u00e9s de diversos avatars al llarg dels segles, el 1967 es va enderrocar l&#8217;antic temple per construir-ne un de modern i amb m\u00e9s capacitat.<\/p><p>Solament es va conservar l&#8217;absis rom\u00e0nic, que constitueix la Capella del Sagrari de l&#8217;esgl\u00e9sia actual.<\/p><p>L&#8217;edifici modern \u00e9s obra dels arquitectes els germans Francisco i Juan Mar\u00eda Bellosillo Garc\u00eda i Luis Jim\u00e9nez Fern\u00e1ndez.<\/p><p>Pel meu gust, la fa\u00e7ana \u00e9s una obra que sorpr\u00e8n, per\u00f2 que no desentona a l&#8217;ambient urb\u00e0 sori\u00e0.<\/p>\t\t\t\t\t\t\t\t<\/div>\n\t\t\t\t<\/div>\n\t\t\t\t<div class=\"elementor-element elementor-element-85605b2 elementor-widget elementor-widget-image\" data-id=\"85605b2\" data-element_type=\"widget\" data-e-type=\"widget\" data-widget_type=\"image.default\">\n\t\t\t\t<div class=\"elementor-widget-container\">\n\t\t\t\t\t\t\t\t\t\t\t\t<figure class=\"wp-caption\">\n\t\t\t\t\t\t\t\t\t\t<img loading=\"lazy\" decoding=\"async\" width=\"768\" height=\"511\" src=\"https:\/\/www.elturistatranquil.com\/wp-content\/uploads\/F94-la-iglesia-del-Salvador-Soria.jpg\" class=\"attachment-large size-large wp-image-53433\" alt=\"la iglesia del Salvador , Soria\" srcset=\"https:\/\/www.elturistatranquil.com\/wp-content\/uploads\/F94-la-iglesia-del-Salvador-Soria.jpg 768w, https:\/\/www.elturistatranquil.com\/wp-content\/uploads\/F94-la-iglesia-del-Salvador-Soria-339x226.jpg 339w\" sizes=\"(max-width: 768px) 100vw, 768px\" \/>\t\t\t\t\t\t\t\t\t\t\t<figcaption class=\"widget-image-caption wp-caption-text\"><\/figcaption>\n\t\t\t\t\t\t\t\t\t\t<\/figure>\n\t\t\t\t\t\t\t\t\t<\/div>\n\t\t\t\t<\/div>\n\t\t\t\t<div class=\"elementor-element elementor-element-c5857c8 elementor-widget elementor-widget-image\" data-id=\"c5857c8\" data-element_type=\"widget\" data-e-type=\"widget\" data-widget_type=\"image.default\">\n\t\t\t\t<div class=\"elementor-widget-container\">\n\t\t\t\t\t\t\t\t\t\t\t\t<figure class=\"wp-caption\">\n\t\t\t\t\t\t\t\t\t\t<img loading=\"lazy\" decoding=\"async\" width=\"768\" height=\"511\" src=\"https:\/\/www.elturistatranquil.com\/wp-content\/uploads\/F95-la-iglesia-del-Salvador-Soria.jpg\" class=\"attachment-large size-large wp-image-53435\" alt=\"la iglesia del Salvador , Soria\" srcset=\"https:\/\/www.elturistatranquil.com\/wp-content\/uploads\/F95-la-iglesia-del-Salvador-Soria.jpg 768w, https:\/\/www.elturistatranquil.com\/wp-content\/uploads\/F95-la-iglesia-del-Salvador-Soria-339x226.jpg 339w\" sizes=\"(max-width: 768px) 100vw, 768px\" \/>\t\t\t\t\t\t\t\t\t\t\t<figcaption class=\"widget-image-caption wp-caption-text\"><\/figcaption>\n\t\t\t\t\t\t\t\t\t\t<\/figure>\n\t\t\t\t\t\t\t\t\t<\/div>\n\t\t\t\t<\/div>\n\t\t\t\t<div class=\"elementor-element elementor-element-5ea9439 elementor-widget elementor-widget-heading\" data-id=\"5ea9439\" data-element_type=\"widget\" data-e-type=\"widget\" data-widget_type=\"heading.default\">\n\t\t\t\t<div class=\"elementor-widget-container\">\n\t\t\t\t\t<h3 class=\"elementor-heading-title elementor-size-default\">Carrer San Agust\u00edn, pont del Duero, N-234, cam\u00ed de las \u00c1nimas i passeig de San Saturio <\/h3>\t\t\t\t<\/div>\n\t\t\t\t<\/div>\n\t\t\t\t<div class=\"elementor-element elementor-element-675ba88 elementor-widget elementor-widget-text-editor\" data-id=\"675ba88\" data-element_type=\"widget\" data-e-type=\"widget\" data-widget_type=\"text-editor.default\">\n\t\t\t\t<div class=\"elementor-widget-container\">\n\t\t\t\t\t\t\t\t\t<p>Arribem al darrer itinerari de la visita a la S\u00f2ria hist\u00f2rica. Ens desplacem a llevant del riu Duero, amb diverses construccions entre les m\u00e9s significatives de la ciutat.<\/p>\t\t\t\t\t\t\t\t<\/div>\n\t\t\t\t<\/div>\n\t\t\t\t<div class=\"elementor-element elementor-element-d1f3611 elementor-widget elementor-widget-heading\" data-id=\"d1f3611\" data-element_type=\"widget\" data-e-type=\"widget\" data-widget_type=\"heading.default\">\n\t\t\t\t<div class=\"elementor-widget-container\">\n\t\t\t\t\t<h5 class=\"elementor-heading-title elementor-size-default\">Pont medieval del Duero<\/h5>\t\t\t\t<\/div>\n\t\t\t\t<\/div>\n\t\t\t\t<div class=\"elementor-element elementor-element-9add702 elementor-widget elementor-widget-text-editor\" data-id=\"9add702\" data-element_type=\"widget\" data-e-type=\"widget\" data-widget_type=\"text-editor.default\">\n\t\t\t\t<div class=\"elementor-widget-container\">\n\t\t\t\t\t\t\t\t\t<p>Primer, travessem el <strong>pont medieval del Duero<\/strong> (<strong>40<\/strong>). La seva import\u00e0ncia estrat\u00e8gica s&#8217;assenta que era l&#8217;\u00fanic acc\u00e9s des del llevant peninsular a S\u00f2ria i, per extensi\u00f3, a la Meseta.<\/p><p>Encara que des d&#8217;antic degu\u00e9 haver-hi un pas sobre el Duero en aquest punt, sembla probable que les obres del pont de pedra medieval actual corresponguin al segle XVI.<\/p><p>El pont, amb lleuger \u201cllom d&#8217;ase\u201d, ha patit diversos contratemps ocasionats per avingudes del riu, fins a quedar configurat en vuit ulls d&#8217;arcs de mig punt que van disminuint la mida des del centre cap als extrems. Als pilars, cara amunt, se situen els corresponents tallamars.<\/p><p>Degu\u00e9 disposar de dues torres de porta on es cobrava el portatge, enderrocades al segle XIX.<\/p>\t\t\t\t\t\t\t\t<\/div>\n\t\t\t\t<\/div>\n\t\t\t\t<div class=\"elementor-element elementor-element-a94fee1 elementor-widget elementor-widget-image\" data-id=\"a94fee1\" data-element_type=\"widget\" data-e-type=\"widget\" data-widget_type=\"image.default\">\n\t\t\t\t<div class=\"elementor-widget-container\">\n\t\t\t\t\t\t\t\t\t\t\t\t<figure class=\"wp-caption\">\n\t\t\t\t\t\t\t\t\t\t<img loading=\"lazy\" decoding=\"async\" width=\"768\" height=\"512\" src=\"https:\/\/www.elturistatranquil.com\/wp-content\/uploads\/F96-puente-medieval-del-Duero-Soria.jpg\" class=\"attachment-large size-large wp-image-53437\" alt=\"puente medieval del Duero , Soria\" srcset=\"https:\/\/www.elturistatranquil.com\/wp-content\/uploads\/F96-puente-medieval-del-Duero-Soria.jpg 768w, https:\/\/www.elturistatranquil.com\/wp-content\/uploads\/F96-puente-medieval-del-Duero-Soria-339x226.jpg 339w\" sizes=\"(max-width: 768px) 100vw, 768px\" \/>\t\t\t\t\t\t\t\t\t\t\t<figcaption class=\"widget-image-caption wp-caption-text\"><\/figcaption>\n\t\t\t\t\t\t\t\t\t\t<\/figure>\n\t\t\t\t\t\t\t\t\t<\/div>\n\t\t\t\t<\/div>\n\t\t\t\t<div class=\"elementor-element elementor-element-10bf57d elementor-widget elementor-widget-heading\" data-id=\"10bf57d\" data-element_type=\"widget\" data-e-type=\"widget\" data-widget_type=\"heading.default\">\n\t\t\t\t<div class=\"elementor-widget-container\">\n\t\t\t\t\t<h4 class=\"elementor-heading-title elementor-size-default\">Monestir de San Juan de Duero<\/h4>\t\t\t\t<\/div>\n\t\t\t\t<\/div>\n\t\t\t\t<div class=\"elementor-element elementor-element-9a1cd77 elementor-widget elementor-widget-text-editor\" data-id=\"9a1cd77\" data-element_type=\"widget\" data-e-type=\"widget\" data-widget_type=\"text-editor.default\">\n\t\t\t\t<div class=\"elementor-widget-container\">\n\t\t\t\t\t\t\t\t\t<p><em>B\u00e9 d&#8217;Inter\u00e8s Cultural (BIC)<\/em><\/p><p>De les diverses actuacions que s&#8217;han realitzat en aquest costat del riu, una de les m\u00e9s destacades correspon al <strong>monestir de San Juan de Duero<\/strong> (<strong>41<\/strong>),situat al costat nord del cam\u00ed d&#8217;entrada a S\u00f2ria. Per la seva import\u00e0ncia t\u00e9 dedicat un Post particular:<\/p><p>Enlla\u00e7 amb el Post: <strong><a href=\"https:\/\/www.elturistatranquil.com\/ca\/monestir-de-san-juan-de-duero-soria\/\" target=\"_blank\" rel=\"noopener\">Monestir de San Juan de Duero<\/a><\/strong><\/p><p>Sobresurt pel seu inter\u00e8s i originalitat el fam\u00f3s claustre de San Juan de Duero.<\/p>\t\t\t\t\t\t\t\t<\/div>\n\t\t\t\t<\/div>\n\t\t\t\t<div class=\"elementor-element elementor-element-f51869f elementor-widget elementor-widget-image\" data-id=\"f51869f\" data-element_type=\"widget\" data-e-type=\"widget\" data-widget_type=\"image.default\">\n\t\t\t\t<div class=\"elementor-widget-container\">\n\t\t\t\t\t\t\t\t\t\t\t\t<figure class=\"wp-caption\">\n\t\t\t\t\t\t\t\t\t\t<img loading=\"lazy\" decoding=\"async\" width=\"768\" height=\"511\" src=\"https:\/\/www.elturistatranquil.com\/wp-content\/uploads\/F97-Monasterio-de-San-Juan-de-Duero-Soria.jpg\" class=\"attachment-large size-large wp-image-53439\" alt=\"Monasterio de San Juan de Duero, Soria\" srcset=\"https:\/\/www.elturistatranquil.com\/wp-content\/uploads\/F97-Monasterio-de-San-Juan-de-Duero-Soria.jpg 768w, https:\/\/www.elturistatranquil.com\/wp-content\/uploads\/F97-Monasterio-de-San-Juan-de-Duero-Soria-339x226.jpg 339w\" sizes=\"(max-width: 768px) 100vw, 768px\" \/>\t\t\t\t\t\t\t\t\t\t\t<figcaption class=\"widget-image-caption wp-caption-text\"><\/figcaption>\n\t\t\t\t\t\t\t\t\t\t<\/figure>\n\t\t\t\t\t\t\t\t\t<\/div>\n\t\t\t\t<\/div>\n\t\t\t\t<div class=\"elementor-element elementor-element-8174397 elementor-widget elementor-widget-image\" data-id=\"8174397\" data-element_type=\"widget\" data-e-type=\"widget\" data-widget_type=\"image.default\">\n\t\t\t\t<div class=\"elementor-widget-container\">\n\t\t\t\t\t\t\t\t\t\t\t\t<figure class=\"wp-caption\">\n\t\t\t\t\t\t\t\t\t\t<img loading=\"lazy\" decoding=\"async\" width=\"768\" height=\"512\" src=\"https:\/\/www.elturistatranquil.com\/wp-content\/uploads\/F98-Monasterio-de-San-Juan-de-Duero-Soria.jpg\" class=\"attachment-large size-large wp-image-53441\" alt=\"Monasterio de San Juan de Duero, Soria\" srcset=\"https:\/\/www.elturistatranquil.com\/wp-content\/uploads\/F98-Monasterio-de-San-Juan-de-Duero-Soria.jpg 768w, https:\/\/www.elturistatranquil.com\/wp-content\/uploads\/F98-Monasterio-de-San-Juan-de-Duero-Soria-339x226.jpg 339w\" sizes=\"(max-width: 768px) 100vw, 768px\" \/>\t\t\t\t\t\t\t\t\t\t\t<figcaption class=\"widget-image-caption wp-caption-text\"><\/figcaption>\n\t\t\t\t\t\t\t\t\t\t<\/figure>\n\t\t\t\t\t\t\t\t\t<\/div>\n\t\t\t\t<\/div>\n\t\t\t\t<div class=\"elementor-element elementor-element-e999316 elementor-widget elementor-widget-heading\" data-id=\"e999316\" data-element_type=\"widget\" data-e-type=\"widget\" data-widget_type=\"heading.default\">\n\t\t\t\t<div class=\"elementor-widget-container\">\n\t\t\t\t\t<h4 class=\"elementor-heading-title elementor-size-default\">Monestir templer de San Polo<\/h4>\t\t\t\t<\/div>\n\t\t\t\t<\/div>\n\t\t\t\t<div class=\"elementor-element elementor-element-8271645 elementor-widget elementor-widget-text-editor\" data-id=\"8271645\" data-element_type=\"widget\" data-e-type=\"widget\" data-widget_type=\"text-editor.default\">\n\t\t\t\t<div class=\"elementor-widget-container\">\n\t\t\t\t\t\t\t\t\t<p><em>B\u00e9 d&#8217;Inter\u00e8s Cultural (BIC)<\/em><\/p><p>Enlla\u00e7 amb el Post: <strong><a href=\"https:\/\/www.elturistatranquil.com\/ca\/ermita-de-sant-saturi-soria\/\" target=\"_blank\" rel=\"noopener\">Ermita de Sant Saturi \/ monestir templer de San Polo<\/a><\/strong><\/p><p>L&#8217;altra banda de l&#8217;acc\u00e9s a S\u00f2ria, al costat sud, va ser el lloc escollit per ubicar un altre monestir, el <strong>monestir templer de San Polo<\/strong> (<strong>42<\/strong>), del qual en queden molt poques restes.<\/p>\t\t\t\t\t\t\t\t<\/div>\n\t\t\t\t<\/div>\n\t\t\t\t<div class=\"elementor-element elementor-element-bb32629 elementor-widget elementor-widget-image\" data-id=\"bb32629\" data-element_type=\"widget\" data-e-type=\"widget\" data-widget_type=\"image.default\">\n\t\t\t\t<div class=\"elementor-widget-container\">\n\t\t\t\t\t\t\t\t\t\t\t\t<figure class=\"wp-caption\">\n\t\t\t\t\t\t\t\t\t\t<img loading=\"lazy\" decoding=\"async\" width=\"768\" height=\"511\" src=\"https:\/\/www.elturistatranquil.com\/wp-content\/uploads\/F99-monasterio-templario-de-San-Polo-Soria.jpg\" class=\"attachment-large size-large wp-image-53446\" alt=\"monasterio templario de San Polo , Soria\" srcset=\"https:\/\/www.elturistatranquil.com\/wp-content\/uploads\/F99-monasterio-templario-de-San-Polo-Soria.jpg 768w, https:\/\/www.elturistatranquil.com\/wp-content\/uploads\/F99-monasterio-templario-de-San-Polo-Soria-339x226.jpg 339w\" sizes=\"(max-width: 768px) 100vw, 768px\" \/>\t\t\t\t\t\t\t\t\t\t\t<figcaption class=\"widget-image-caption wp-caption-text\"><\/figcaption>\n\t\t\t\t\t\t\t\t\t\t<\/figure>\n\t\t\t\t\t\t\t\t\t<\/div>\n\t\t\t\t<\/div>\n\t\t\t\t<div class=\"elementor-element elementor-element-4d94318 elementor-widget elementor-widget-heading\" data-id=\"4d94318\" data-element_type=\"widget\" data-e-type=\"widget\" data-widget_type=\"heading.default\">\n\t\t\t\t<div class=\"elementor-widget-container\">\n\t\t\t\t\t<h5 class=\"elementor-heading-title elementor-size-default\">Pont de ferro<\/h5>\t\t\t\t<\/div>\n\t\t\t\t<\/div>\n\t\t\t\t<div class=\"elementor-element elementor-element-ae18abc elementor-widget elementor-widget-text-editor\" data-id=\"ae18abc\" data-element_type=\"widget\" data-e-type=\"widget\" data-widget_type=\"text-editor.default\">\n\t\t\t\t<div class=\"elementor-widget-container\">\n\t\t\t\t\t\t\t\t\t<p>Seguint el marge esquerre del Duero veiem com el travessa un <strong>pont de ferro<\/strong> (<strong>43<\/strong>).<\/p><p>Aquest pont va ser constru\u00eft l&#8217;any 1929 destinat al ferrocarril. Quan el 1996 es va clausurar la l\u00ednia S\u00f2ria-Castej\u00f3n, el pont va quedar en des\u00fas.<\/p>\t\t\t\t\t\t\t\t<\/div>\n\t\t\t\t<\/div>\n\t\t\t\t<div class=\"elementor-element elementor-element-803acf9 elementor-widget elementor-widget-image\" data-id=\"803acf9\" data-element_type=\"widget\" data-e-type=\"widget\" data-widget_type=\"image.default\">\n\t\t\t\t<div class=\"elementor-widget-container\">\n\t\t\t\t\t\t\t\t\t\t\t\t<figure class=\"wp-caption\">\n\t\t\t\t\t\t\t\t\t\t<img loading=\"lazy\" decoding=\"async\" width=\"768\" height=\"512\" src=\"https:\/\/www.elturistatranquil.com\/wp-content\/uploads\/F100-puente-de-hierro-Soria.jpg\" class=\"attachment-large size-large wp-image-53448\" alt=\"puente de hierro, Soria\" srcset=\"https:\/\/www.elturistatranquil.com\/wp-content\/uploads\/F100-puente-de-hierro-Soria.jpg 768w, https:\/\/www.elturistatranquil.com\/wp-content\/uploads\/F100-puente-de-hierro-Soria-339x226.jpg 339w\" sizes=\"(max-width: 768px) 100vw, 768px\" \/>\t\t\t\t\t\t\t\t\t\t\t<figcaption class=\"widget-image-caption wp-caption-text\"><\/figcaption>\n\t\t\t\t\t\t\t\t\t\t<\/figure>\n\t\t\t\t\t\t\t\t\t<\/div>\n\t\t\t\t<\/div>\n\t\t\t\t<div class=\"elementor-element elementor-element-6e07eb6 elementor-widget elementor-widget-heading\" data-id=\"6e07eb6\" data-element_type=\"widget\" data-e-type=\"widget\" data-widget_type=\"heading.default\">\n\t\t\t\t<div class=\"elementor-widget-container\">\n\t\t\t\t\t<h4 class=\"elementor-heading-title elementor-size-default\">Ermita de San Saturio<\/h4>\t\t\t\t<\/div>\n\t\t\t\t<\/div>\n\t\t\t\t<div class=\"elementor-element elementor-element-12afd30 elementor-widget elementor-widget-text-editor\" data-id=\"12afd30\" data-element_type=\"widget\" data-e-type=\"widget\" data-widget_type=\"text-editor.default\">\n\t\t\t\t<div class=\"elementor-widget-container\">\n\t\t\t\t\t\t\t\t\t<p><em>B\u00e9 d&#8217;Inter\u00e8s Cultural (BIC)<\/em><\/p><p>Enlla\u00e7 amb el Post: <strong><a href=\"https:\/\/www.elturistatranquil.com\/ca\/ermita-de-sant-saturi-soria\/\" target=\"_blank\" rel=\"noopener\">Ermita de Sant Saturi<\/a><\/strong><\/p><p>Per a S\u00f2ria \u00e9s molt important i emblem\u00e0tica l&#8217;<strong>ermita de Sant Saturi<\/strong> (<strong>44<\/strong>), on va viure l&#8217;eremita Sant Saturi all\u00e0 pel segle VI i sobre la cova del qual es va edificar una ermita barroca al segle XVIII.<\/p><p>Sant Saturi \u00e9s el sant patr\u00f3 de Soria.<\/p>\t\t\t\t\t\t\t\t<\/div>\n\t\t\t\t<\/div>\n\t\t\t\t<div class=\"elementor-element elementor-element-645f584 elementor-widget elementor-widget-image\" data-id=\"645f584\" data-element_type=\"widget\" data-e-type=\"widget\" data-widget_type=\"image.default\">\n\t\t\t\t<div class=\"elementor-widget-container\">\n\t\t\t\t\t\t\t\t\t\t\t\t<figure class=\"wp-caption\">\n\t\t\t\t\t\t\t\t\t\t<img loading=\"lazy\" decoding=\"async\" width=\"768\" height=\"511\" src=\"https:\/\/www.elturistatranquil.com\/wp-content\/uploads\/F101-Ermita-de-San-Saturio-Soria.jpg\" class=\"attachment-large size-large wp-image-53450\" alt=\"Ermita de San Saturio, Soria\" srcset=\"https:\/\/www.elturistatranquil.com\/wp-content\/uploads\/F101-Ermita-de-San-Saturio-Soria.jpg 768w, https:\/\/www.elturistatranquil.com\/wp-content\/uploads\/F101-Ermita-de-San-Saturio-Soria-339x226.jpg 339w\" sizes=\"(max-width: 768px) 100vw, 768px\" \/>\t\t\t\t\t\t\t\t\t\t\t<figcaption class=\"widget-image-caption wp-caption-text\"><\/figcaption>\n\t\t\t\t\t\t\t\t\t\t<\/figure>\n\t\t\t\t\t\t\t\t\t<\/div>\n\t\t\t\t<\/div>\n\t\t\t\t<div class=\"elementor-element elementor-element-ea1c9b8 elementor-widget elementor-widget-image\" data-id=\"ea1c9b8\" data-element_type=\"widget\" data-e-type=\"widget\" data-widget_type=\"image.default\">\n\t\t\t\t<div class=\"elementor-widget-container\">\n\t\t\t\t\t\t\t\t\t\t\t\t<figure class=\"wp-caption\">\n\t\t\t\t\t\t\t\t\t\t<img loading=\"lazy\" decoding=\"async\" width=\"768\" height=\"511\" src=\"https:\/\/www.elturistatranquil.com\/wp-content\/uploads\/F102-Ermita-de-San-Saturio-Soria.jpg\" class=\"attachment-large size-large wp-image-53452\" alt=\"Ermita de San Saturio, Soria\" srcset=\"https:\/\/www.elturistatranquil.com\/wp-content\/uploads\/F102-Ermita-de-San-Saturio-Soria.jpg 768w, https:\/\/www.elturistatranquil.com\/wp-content\/uploads\/F102-Ermita-de-San-Saturio-Soria-339x226.jpg 339w\" sizes=\"(max-width: 768px) 100vw, 768px\" \/>\t\t\t\t\t\t\t\t\t\t\t<figcaption class=\"widget-image-caption wp-caption-text\"><\/figcaption>\n\t\t\t\t\t\t\t\t\t\t<\/figure>\n\t\t\t\t\t\t\t\t\t<\/div>\n\t\t\t\t<\/div>\n\t\t\t\t<div class=\"elementor-element elementor-element-45f5de5 elementor-widget elementor-widget-heading\" data-id=\"45f5de5\" data-element_type=\"widget\" data-e-type=\"widget\" data-widget_type=\"heading.default\">\n\t\t\t\t<div class=\"elementor-widget-container\">\n\t\t\t\t\t<h3 class=\"elementor-heading-title elementor-size-default\">Les muralles i el castell<\/h3>\t\t\t\t<\/div>\n\t\t\t\t<\/div>\n\t\t\t\t<div class=\"elementor-element elementor-element-4873a72 elementor-widget elementor-widget-text-editor\" data-id=\"4873a72\" data-element_type=\"widget\" data-e-type=\"widget\" data-widget_type=\"text-editor.default\">\n\t\t\t\t<div class=\"elementor-widget-container\">\n\t\t\t\t\t\t\t\t\t<p>De la visita a la S\u00f2ria hist\u00f2rica, em queda pendent per a una altra ocasi\u00f3 fer el recorregut de les muralles i el castell.<\/p><p>Per a qui est\u00e0 interessat, podeu llegir l&#8217;extens i documentat article: <a href=\"http:\/\/soria-goig.com\/historia\/HistSoria%20Archivada\/murallaDeSoria.htm\" target=\"_blank\" rel=\"noopener\">La muralla de S\u00f2ria<\/a><\/p>\t\t\t\t\t\t\t\t<\/div>\n\t\t\t\t<\/div>\n\t\t\t\t<div class=\"elementor-element elementor-element-8aa9f7a elementor-widget elementor-widget-image\" data-id=\"8aa9f7a\" data-element_type=\"widget\" data-e-type=\"widget\" data-widget_type=\"image.default\">\n\t\t\t\t<div class=\"elementor-widget-container\">\n\t\t\t\t\t\t\t\t\t\t\t\t<figure class=\"wp-caption\">\n\t\t\t\t\t\t\t\t\t\t<img loading=\"lazy\" decoding=\"async\" width=\"768\" height=\"557\" src=\"https:\/\/www.elturistatranquil.com\/wp-content\/uploads\/F103-muralla-de-Soria.jpg\" class=\"attachment-large size-large wp-image-53454\" alt=\"muralla de Soria\" srcset=\"https:\/\/www.elturistatranquil.com\/wp-content\/uploads\/F103-muralla-de-Soria.jpg 768w, https:\/\/www.elturistatranquil.com\/wp-content\/uploads\/F103-muralla-de-Soria-312x226.jpg 312w\" sizes=\"(max-width: 768px) 100vw, 768px\" \/>\t\t\t\t\t\t\t\t\t\t\t<figcaption class=\"widget-image-caption wp-caption-text\"><\/figcaption>\n\t\t\t\t\t\t\t\t\t\t<\/figure>\n\t\t\t\t\t\t\t\t\t<\/div>\n\t\t\t\t<\/div>\n\t\t\t\t<div class=\"elementor-element elementor-element-0bef67c elementor-widget elementor-widget-heading\" data-id=\"0bef67c\" data-element_type=\"widget\" data-e-type=\"widget\" data-widget_type=\"heading.default\">\n\t\t\t\t<div class=\"elementor-widget-container\">\n\t\t\t\t\t<h2 class=\"elementor-heading-title elementor-size-default\">Fi de la visita<\/h2>\t\t\t\t<\/div>\n\t\t\t\t<\/div>\n\t\t\t\t<div class=\"elementor-element elementor-element-a9378ff elementor-widget elementor-widget-text-editor\" data-id=\"a9378ff\" data-element_type=\"widget\" data-e-type=\"widget\" data-widget_type=\"text-editor.default\">\n\t\t\t\t<div class=\"elementor-widget-container\">\n\t\t\t\t\t\t\t\t\t<p>Acabada la presentaci\u00f3 de la seq\u00fc\u00e8ncia de recorreguts en qu\u00e8 he subdividit la visita a la <strong>S\u00f2ria hist\u00f2rica<\/strong>, nom\u00e9s em resta animar encaridament els turistes amb interessos culturals a visitar aquesta ciutat, aix\u00ed com l&#8217;ampli ventall de llocs d&#8217;inter\u00e8s hist\u00f2ric, cultural i paisatg\u00edstic. natural que l&#8217;envolta.<\/p>\t\t\t\t\t\t\t\t<\/div>\n\t\t\t\t<\/div>\n\t\t\t\t<div class=\"elementor-element elementor-element-2fe280e elementor-widget elementor-widget-heading\" data-id=\"2fe280e\" data-element_type=\"widget\" data-e-type=\"widget\" data-widget_type=\"heading.default\">\n\t\t\t\t<div class=\"elementor-widget-container\">\n\t\t\t\t\t<h2 class=\"elementor-heading-title elementor-size-default\">Bases d\u2019informaci\u00f3<\/h2>\t\t\t\t<\/div>\n\t\t\t\t<\/div>\n\t\t\t\t<div class=\"elementor-element elementor-element-b6916cc elementor-widget elementor-widget-text-editor\" data-id=\"b6916cc\" data-element_type=\"widget\" data-e-type=\"widget\" data-widget_type=\"text-editor.default\">\n\t\t\t\t<div class=\"elementor-widget-container\">\n\t\t\t\t\t\t\t\t\t<p><strong>Webs<\/strong><\/p><p><a href=\"https:\/\/www.soria.es\/\" target=\"_blank\" rel=\"noopener\">ayuntamiento<\/a><br \/><a href=\"https:\/\/www.turismosoria.es\/\" target=\"_blank\" rel=\"noopener\">turismosoria<\/a><br \/><a href=\"https:\/\/es.wikipedia.org\/wiki\/Soria\" target=\"_blank\" rel=\"noopener\">wikipedia<\/a><br \/><a href=\"https:\/\/guiadesoria.es\/soria-y-provincia\/soria-ciudad.html\" target=\"_blank\" rel=\"noopener\">guiadesoria<\/a><br \/><a href=\"https:\/\/www.sorianitelaimaginas.com\/\" target=\"_blank\" rel=\"noopener\">turismodiputacion<\/a><br \/><a href=\"https:\/\/elige.soria.es\/el-porque-soria-es-cabeza-de-estremadura\/\" target=\"_blank\" rel=\"noopener\">eligesoria<\/a><br \/><a href=\"https:\/\/servicios.jcyl.es\/pweb\/buscarInmueble.do\" target=\"_blank\" rel=\"noopener\">portalpatrimonio<\/a><br \/><a href=\"https:\/\/www.arteguias.com\/historiaciudadsoria.htm\" target=\"_blank\" rel=\"noopener\">arteguias-historia ciudad<\/a><br \/><a href=\"http:\/\/www.arquivoltas.com\/13-Soria\/01Soria-Ciudad.htm\" target=\"_blank\" rel=\"noopener\">arquivoltas<\/a><br \/><a href=\"https:\/\/www.monumentalnet.org\/monumentos.php?rf=&amp;cc=00&amp;pc=00&amp;mn=soria&amp;ln=soria&amp;ct=&amp;ob=0&amp;mc=&amp;lc=&amp;pn=&amp;cn=&amp;p=1&amp;m=\" target=\"_blank\" rel=\"noopener\">monumentalnet<\/a><br \/><a href=\"https:\/\/megaconstrucciones.net\/?construccion=soria\" target=\"_blank\" rel=\"noopener\">megaconstrucciones<\/a><\/p><p><strong>Webs academic<\/strong><\/p><p>HistSoria Archivada. <a href=\"http:\/\/soria-goig.com\/historia\/HistSoria%20Archivada\/histsoriaarchivada.htm\" target=\"_blank\" rel=\"noopener\"><em>Sobre la peque\u00f1a historia archivada de Soria<\/em><\/a><br \/><em><a href=\"https:\/\/elige.soria.es\/el-porque-soria-es-cabeza-de-estremadura\/\" target=\"_blank\" rel=\"noopener\">El porqu\u00e9 Soria es Cabeza de Estremadura<\/a><br \/><\/em>Asenjo Gonz\u00e1lez, M. (2012). <a href=\"https:\/\/www.aeca.es\/old\/viii_encuentro_trabajo_historia_contabilidad\/ponencias\/003a.pdf\" target=\"_blank\" rel=\"noopener\"><em>La ciudad de Soria. El concejo medieval y su fuero<\/em><\/a><br \/>Diago Hernando, M. (2009). <a href=\"https:\/\/dialnet.unirioja.es\/servlet\/articulo?codigo=3209120\" target=\"_blank\" rel=\"noopener\"><em>La ciudad de Soria como centro manufacturero durante el per\u00edodo bajomedieval<\/em><\/a><br \/>Franco, A. M. <a href=\"https:\/\/riubu.ubu.es\/bitstream\/handle\/10259.4\/2167\/0211-8998_n200_p133-142.pdf?sequence=1\" target=\"_blank\" rel=\"noopener\"><em>La Soria de Antonio Machado<\/em><\/a><br \/>Incausa Garc\u00eda, L. (2015). <a href=\"https:\/\/uvadoc.uva.es\/handle\/10324\/12939\" target=\"_blank\" rel=\"noopener\"><em>Geograf\u00eda urbana de Soria<\/em><\/a> (Trabajo Fin de Grado)<br \/>Lozano Mart\u00ednez, C. (2015). <a href=\"https:\/\/uvadoc.uva.es\/bitstream\/handle\/10324\/13446\/TFG-O%20545.pdf?sequence=1\" target=\"_blank\" rel=\"noopener\"><em>Edificios rom\u00e1nicos de la ciudad de Soria: dimensi\u00f3n pedag\u00f3gica<\/em><\/a> (trabajo Fin de Grado)<br \/>Mart\u00ednez D\u00edez, G. <a href=\"https:\/\/www.boe.es\/biblioteca_juridica\/anuarios_derecho\/abrir_pdf.php?id=ANU-H-2006-10000900032\" target=\"_blank\" rel=\"noopener\"><em>El fuero de Soria: G\u00e9nesis y fuentes<\/em><\/a><br \/>Mart\u00ednez Hernando, M\u00aa del C. <a href=\"https:\/\/dialnet.unirioja.es\/descarga\/articulo\/59741.pdf\" target=\"_blank\" rel=\"noopener\"><em>Los or\u00edgenes de la ciudad de Soria<\/em><\/a> <br \/>R\u00edo Lafuente, M\u00aa I. del (2016). <a href=\"https:\/\/rua.ua.es\/dspace\/bitstream\/10045\/54787\/1\/Libro-jubilar-homenaje-Antonio-Gil-Olcina-Ed-ampliada_43.pdf\" target=\"_blank\" rel=\"noopener\"><em>Estudio de los paisajes de la ciudad hist\u00f3rica. Breve ensayo metodol\u00f3gico y su aplicaci\u00f3n a la ciudad de Soria<\/em><\/a><br \/>R\u00edo Lafuente, M\u00aa I. del (2011). <a href=\"https:\/\/e-archivo.uc3m.es\/bitstream\/handle\/10016\/16500\/representaciones_rio_TERAP_2011.pdf\" target=\"_blank\" rel=\"noopener\"><em>Las representaciones culturales y sus conexiones con el turismo. Una aproximaci\u00f3n a la construcci\u00f3n y difusi\u00f3n de la imagen literaria y tur\u00edstica del paisaje de la ciudad de Soria<\/em><\/a><br \/>Sanz Yag\u00fce, A. I. (2012). <a href=\"https:\/\/e-spacio.uned.es\/entities\/publication\/02639b56-2d8e-406f-a914-cfc45cf901ab\/full\" target=\"_blank\" rel=\"noopener\"><em>La ciudad de Soria en el siglo XVIII. Un estudio sociocultural<\/em> <\/a>(Tesis doctoral)<br \/>Torres Balbas, L. (1952). <a href=\"https:\/\/oa.upm.es\/33142\/1\/1952_soria_opt.pdf\" target=\"_blank\" rel=\"noopener\"><em>Soria: Interpretaci\u00f3n de sus or\u00edgenes y evoluci\u00f3n urbana<\/em><\/a><\/p>\t\t\t\t\t\t\t\t<\/div>\n\t\t\t\t<\/div>\n\t\t\t\t\t<\/div>\n\t\t<\/div>\n\t\t\t\t\t<\/div>\n\t\t<\/section>\n\t\t\t\t<\/div>\n\t\t","protected":false},"excerpt":{"rendered":"<p>Passejarem seguint diversos itineraris per la part hist\u00f2rica de la ciutat de S\u00f2ria (Castella i Lle\u00f3). En aquest Post una visi\u00f3 general, que es complementa amb tres posts espec\u00edfics m\u00e9s &#8230; <a title=\"S\u00f2ria, la ciutat hist\u00f2rica\" class=\"read-more\" href=\"https:\/\/www.elturistatranquil.com\/ca\/soria-la-ciutat-historica\/\" aria-label=\"M\u00e9s informaci\u00f3 sobre S\u00f2ria, la ciutat hist\u00f2rica\">[ &#8230; ]<\/a><\/p>\n","protected":false},"author":1,"featured_media":53187,"comment_status":"open","ping_status":"closed","sticky":false,"template":"","format":"standard","meta":{"footnotes":""},"categories":[70,71,72,75,76,77,145,82,90,92,100,159,101,139,192,152],"tags":[],"class_list":["post-53473","post","type-post","status-publish","format-standard","has-post-thumbnail","hentry","category-arquitectura-civil-ca","category-arquitectura-popular-ca","category-arquitectura-religiosa-ca","category-castells","category-ciutat","category-conjunts-historics","category-edat-mitjana","category-gotic","category-monestirs-catedrals","category-museus","category-pobles-i-ciutats-amb-interes","category-recintes-emmurallats","category-renaixement","category-segle-xvi-xvii","category-soria-ca","category-urbanisme","infinite-scroll-item","generate-columns","tablet-grid-50","mobile-grid-100","grid-parent","grid-50","no-featured-image-padding"],"yoast_head":"<!-- This site is optimized with the Yoast SEO plugin v27.4 - https:\/\/yoast.com\/product\/yoast-seo-wordpress\/ -->\n<title>S\u00f2ria, la ciutat hist\u00f2rica - El turista tranquil<\/title>\n<meta name=\"description\" content=\"Passejarem seguint diversos itineraris per la part hist\u00f2rica de la ciutat de S\u00f2ria (Castella i Lle\u00f3). En aquest Post una visi\u00f3 general, que es complementa amb tres posts espec\u00edfics m\u00e9s de monuments rellevants de la ciutat.\" \/>\n<meta name=\"robots\" content=\"index, follow, max-snippet:-1, max-image-preview:large, max-video-preview:-1\" \/>\n<link rel=\"canonical\" href=\"https:\/\/www.elturistatranquil.com\/ca\/soria-la-ciutat-historica\/\" \/>\n<meta property=\"og:locale\" content=\"ca_ES\" \/>\n<meta property=\"og:type\" content=\"article\" \/>\n<meta property=\"og:title\" content=\"S\u00f2ria, la ciutat hist\u00f2rica - El turista tranquil\" \/>\n<meta property=\"og:description\" content=\"Passejarem seguint diversos itineraris per la part hist\u00f2rica de la ciutat de S\u00f2ria (Castella i Lle\u00f3). En aquest Post una visi\u00f3 general, que es complementa amb tres posts espec\u00edfics m\u00e9s de monuments rellevants de la ciutat.\" \/>\n<meta property=\"og:url\" content=\"https:\/\/www.elturistatranquil.com\/ca\/soria-la-ciutat-historica\/\" \/>\n<meta property=\"og:site_name\" content=\"El turista tranquil\" \/>\n<meta property=\"article:publisher\" content=\"https:\/\/www.facebook.com\/elturistatranquilo\/\" \/>\n<meta property=\"article:published_time\" content=\"2024-07-20T07:00:45+00:00\" \/>\n<meta property=\"article:modified_time\" content=\"2024-07-20T07:22:12+00:00\" \/>\n<meta property=\"og:image\" content=\"https:\/\/www.elturistatranquil.com\/wp-content\/uploads\/F00-Soria.jpg\" \/>\n\t<meta property=\"og:image:width\" content=\"768\" \/>\n\t<meta property=\"og:image:height\" content=\"512\" \/>\n\t<meta property=\"og:image:type\" content=\"image\/jpeg\" \/>\n<meta name=\"author\" content=\"admin\" \/>\n<meta name=\"twitter:card\" content=\"summary_large_image\" \/>\n<meta name=\"twitter:label1\" content=\"Escrit per\" \/>\n\t<meta name=\"twitter:data1\" content=\"admin\" \/>\n\t<meta name=\"twitter:label2\" content=\"Temps estimat de lectura\" \/>\n\t<meta name=\"twitter:data2\" content=\"62 minuts\" \/>\n<script type=\"application\/ld+json\" class=\"yoast-schema-graph\">{\"@context\":\"https:\\\/\\\/schema.org\",\"@graph\":[{\"@type\":\"Article\",\"@id\":\"https:\\\/\\\/www.elturistatranquil.com\\\/ca\\\/soria-la-ciutat-historica\\\/#article\",\"isPartOf\":{\"@id\":\"https:\\\/\\\/www.elturistatranquil.com\\\/ca\\\/soria-la-ciutat-historica\\\/\"},\"author\":{\"name\":\"admin\",\"@id\":\"https:\\\/\\\/www.elturistatranquil.com\\\/ca\\\/#\\\/schema\\\/person\\\/16f607c3079b96ed0c530a52e6b58bb5\"},\"headline\":\"S\u00f2ria, la ciutat hist\u00f2rica\",\"datePublished\":\"2024-07-20T07:00:45+00:00\",\"dateModified\":\"2024-07-20T07:22:12+00:00\",\"mainEntityOfPage\":{\"@id\":\"https:\\\/\\\/www.elturistatranquil.com\\\/ca\\\/soria-la-ciutat-historica\\\/\"},\"wordCount\":8190,\"commentCount\":0,\"image\":{\"@id\":\"https:\\\/\\\/www.elturistatranquil.com\\\/ca\\\/soria-la-ciutat-historica\\\/#primaryimage\"},\"thumbnailUrl\":\"https:\\\/\\\/www.elturistatranquil.com\\\/wp-content\\\/uploads\\\/F00-Soria.jpg\",\"articleSection\":[\"Arquitectura civil\",\"Arquitectura popular\",\"Arquitectura religiosa\",\"Castells, Muralles\",\"Ciutat\",\"Conjunts hist\u00f2rics\",\"Edat mitjana\",\"G\u00f2tic\",\"Monestirs, Catedrals\",\"Museus\",\"Pobles i ciutats amb inter\u00e9s\",\"Recintes emmurallats\",\"Renaixement\",\"Segle XVI-XVII\",\"S\u00f2ria\",\"Urbanisme\"],\"inLanguage\":\"ca\",\"potentialAction\":[{\"@type\":\"CommentAction\",\"name\":\"Comment\",\"target\":[\"https:\\\/\\\/www.elturistatranquil.com\\\/ca\\\/soria-la-ciutat-historica\\\/#respond\"]}]},{\"@type\":\"WebPage\",\"@id\":\"https:\\\/\\\/www.elturistatranquil.com\\\/ca\\\/soria-la-ciutat-historica\\\/\",\"url\":\"https:\\\/\\\/www.elturistatranquil.com\\\/ca\\\/soria-la-ciutat-historica\\\/\",\"name\":\"S\u00f2ria, la ciutat hist\u00f2rica - El turista tranquil\",\"isPartOf\":{\"@id\":\"https:\\\/\\\/www.elturistatranquil.com\\\/ca\\\/#website\"},\"primaryImageOfPage\":{\"@id\":\"https:\\\/\\\/www.elturistatranquil.com\\\/ca\\\/soria-la-ciutat-historica\\\/#primaryimage\"},\"image\":{\"@id\":\"https:\\\/\\\/www.elturistatranquil.com\\\/ca\\\/soria-la-ciutat-historica\\\/#primaryimage\"},\"thumbnailUrl\":\"https:\\\/\\\/www.elturistatranquil.com\\\/wp-content\\\/uploads\\\/F00-Soria.jpg\",\"datePublished\":\"2024-07-20T07:00:45+00:00\",\"dateModified\":\"2024-07-20T07:22:12+00:00\",\"author\":{\"@id\":\"https:\\\/\\\/www.elturistatranquil.com\\\/ca\\\/#\\\/schema\\\/person\\\/16f607c3079b96ed0c530a52e6b58bb5\"},\"description\":\"Passejarem seguint diversos itineraris per la part hist\u00f2rica de la ciutat de S\u00f2ria (Castella i Lle\u00f3). En aquest Post una visi\u00f3 general, que es complementa amb tres posts espec\u00edfics m\u00e9s de monuments rellevants de la ciutat.\",\"breadcrumb\":{\"@id\":\"https:\\\/\\\/www.elturistatranquil.com\\\/ca\\\/soria-la-ciutat-historica\\\/#breadcrumb\"},\"inLanguage\":\"ca\",\"potentialAction\":[{\"@type\":\"ReadAction\",\"target\":[\"https:\\\/\\\/www.elturistatranquil.com\\\/ca\\\/soria-la-ciutat-historica\\\/\"]}]},{\"@type\":\"ImageObject\",\"inLanguage\":\"ca\",\"@id\":\"https:\\\/\\\/www.elturistatranquil.com\\\/ca\\\/soria-la-ciutat-historica\\\/#primaryimage\",\"url\":\"https:\\\/\\\/www.elturistatranquil.com\\\/wp-content\\\/uploads\\\/F00-Soria.jpg\",\"contentUrl\":\"https:\\\/\\\/www.elturistatranquil.com\\\/wp-content\\\/uploads\\\/F00-Soria.jpg\",\"width\":768,\"height\":512,\"caption\":\"Soria\"},{\"@type\":\"BreadcrumbList\",\"@id\":\"https:\\\/\\\/www.elturistatranquil.com\\\/ca\\\/soria-la-ciutat-historica\\\/#breadcrumb\",\"itemListElement\":[{\"@type\":\"ListItem\",\"position\":1,\"name\":\"Portada\",\"item\":\"https:\\\/\\\/www.elturistatranquil.com\\\/ca\\\/\"},{\"@type\":\"ListItem\",\"position\":2,\"name\":\"S\u00f2ria, la ciutat hist\u00f2rica\"}]},{\"@type\":\"WebSite\",\"@id\":\"https:\\\/\\\/www.elturistatranquil.com\\\/ca\\\/#website\",\"url\":\"https:\\\/\\\/www.elturistatranquil.com\\\/ca\\\/\",\"name\":\"El turista tranquil\",\"description\":\"Blog de viatges\",\"potentialAction\":[{\"@type\":\"SearchAction\",\"target\":{\"@type\":\"EntryPoint\",\"urlTemplate\":\"https:\\\/\\\/www.elturistatranquil.com\\\/ca\\\/?s={search_term_string}\"},\"query-input\":{\"@type\":\"PropertyValueSpecification\",\"valueRequired\":true,\"valueName\":\"search_term_string\"}}],\"inLanguage\":\"ca\"},{\"@type\":\"Person\",\"@id\":\"https:\\\/\\\/www.elturistatranquil.com\\\/ca\\\/#\\\/schema\\\/person\\\/16f607c3079b96ed0c530a52e6b58bb5\",\"name\":\"admin\",\"image\":{\"@type\":\"ImageObject\",\"inLanguage\":\"ca\",\"@id\":\"https:\\\/\\\/secure.gravatar.com\\\/avatar\\\/1fbaf22aee75fcbb29a2f97b107f95d25d3a19b7c3416105be10269872673e8d?s=96&d=mm&r=g\",\"url\":\"https:\\\/\\\/secure.gravatar.com\\\/avatar\\\/1fbaf22aee75fcbb29a2f97b107f95d25d3a19b7c3416105be10269872673e8d?s=96&d=mm&r=g\",\"contentUrl\":\"https:\\\/\\\/secure.gravatar.com\\\/avatar\\\/1fbaf22aee75fcbb29a2f97b107f95d25d3a19b7c3416105be10269872673e8d?s=96&d=mm&r=g\",\"caption\":\"admin\"}}]}<\/script>\n<!-- \/ Yoast SEO plugin. -->","yoast_head_json":{"title":"S\u00f2ria, la ciutat hist\u00f2rica - El turista tranquil","description":"Passejarem seguint diversos itineraris per la part hist\u00f2rica de la ciutat de S\u00f2ria (Castella i Lle\u00f3). En aquest Post una visi\u00f3 general, que es complementa amb tres posts espec\u00edfics m\u00e9s de monuments rellevants de la ciutat.","robots":{"index":"index","follow":"follow","max-snippet":"max-snippet:-1","max-image-preview":"max-image-preview:large","max-video-preview":"max-video-preview:-1"},"canonical":"https:\/\/www.elturistatranquil.com\/ca\/soria-la-ciutat-historica\/","og_locale":"ca_ES","og_type":"article","og_title":"S\u00f2ria, la ciutat hist\u00f2rica - El turista tranquil","og_description":"Passejarem seguint diversos itineraris per la part hist\u00f2rica de la ciutat de S\u00f2ria (Castella i Lle\u00f3). En aquest Post una visi\u00f3 general, que es complementa amb tres posts espec\u00edfics m\u00e9s de monuments rellevants de la ciutat.","og_url":"https:\/\/www.elturistatranquil.com\/ca\/soria-la-ciutat-historica\/","og_site_name":"El turista tranquil","article_publisher":"https:\/\/www.facebook.com\/elturistatranquilo\/","article_published_time":"2024-07-20T07:00:45+00:00","article_modified_time":"2024-07-20T07:22:12+00:00","og_image":[{"width":768,"height":512,"url":"https:\/\/www.elturistatranquil.com\/wp-content\/uploads\/F00-Soria.jpg","type":"image\/jpeg"}],"author":"admin","twitter_card":"summary_large_image","twitter_misc":{"Escrit per":"admin","Temps estimat de lectura":"62 minuts"},"schema":{"@context":"https:\/\/schema.org","@graph":[{"@type":"Article","@id":"https:\/\/www.elturistatranquil.com\/ca\/soria-la-ciutat-historica\/#article","isPartOf":{"@id":"https:\/\/www.elturistatranquil.com\/ca\/soria-la-ciutat-historica\/"},"author":{"name":"admin","@id":"https:\/\/www.elturistatranquil.com\/ca\/#\/schema\/person\/16f607c3079b96ed0c530a52e6b58bb5"},"headline":"S\u00f2ria, la ciutat hist\u00f2rica","datePublished":"2024-07-20T07:00:45+00:00","dateModified":"2024-07-20T07:22:12+00:00","mainEntityOfPage":{"@id":"https:\/\/www.elturistatranquil.com\/ca\/soria-la-ciutat-historica\/"},"wordCount":8190,"commentCount":0,"image":{"@id":"https:\/\/www.elturistatranquil.com\/ca\/soria-la-ciutat-historica\/#primaryimage"},"thumbnailUrl":"https:\/\/www.elturistatranquil.com\/wp-content\/uploads\/F00-Soria.jpg","articleSection":["Arquitectura civil","Arquitectura popular","Arquitectura religiosa","Castells, Muralles","Ciutat","Conjunts hist\u00f2rics","Edat mitjana","G\u00f2tic","Monestirs, Catedrals","Museus","Pobles i ciutats amb inter\u00e9s","Recintes emmurallats","Renaixement","Segle XVI-XVII","S\u00f2ria","Urbanisme"],"inLanguage":"ca","potentialAction":[{"@type":"CommentAction","name":"Comment","target":["https:\/\/www.elturistatranquil.com\/ca\/soria-la-ciutat-historica\/#respond"]}]},{"@type":"WebPage","@id":"https:\/\/www.elturistatranquil.com\/ca\/soria-la-ciutat-historica\/","url":"https:\/\/www.elturistatranquil.com\/ca\/soria-la-ciutat-historica\/","name":"S\u00f2ria, la ciutat hist\u00f2rica - El turista tranquil","isPartOf":{"@id":"https:\/\/www.elturistatranquil.com\/ca\/#website"},"primaryImageOfPage":{"@id":"https:\/\/www.elturistatranquil.com\/ca\/soria-la-ciutat-historica\/#primaryimage"},"image":{"@id":"https:\/\/www.elturistatranquil.com\/ca\/soria-la-ciutat-historica\/#primaryimage"},"thumbnailUrl":"https:\/\/www.elturistatranquil.com\/wp-content\/uploads\/F00-Soria.jpg","datePublished":"2024-07-20T07:00:45+00:00","dateModified":"2024-07-20T07:22:12+00:00","author":{"@id":"https:\/\/www.elturistatranquil.com\/ca\/#\/schema\/person\/16f607c3079b96ed0c530a52e6b58bb5"},"description":"Passejarem seguint diversos itineraris per la part hist\u00f2rica de la ciutat de S\u00f2ria (Castella i Lle\u00f3). En aquest Post una visi\u00f3 general, que es complementa amb tres posts espec\u00edfics m\u00e9s de monuments rellevants de la ciutat.","breadcrumb":{"@id":"https:\/\/www.elturistatranquil.com\/ca\/soria-la-ciutat-historica\/#breadcrumb"},"inLanguage":"ca","potentialAction":[{"@type":"ReadAction","target":["https:\/\/www.elturistatranquil.com\/ca\/soria-la-ciutat-historica\/"]}]},{"@type":"ImageObject","inLanguage":"ca","@id":"https:\/\/www.elturistatranquil.com\/ca\/soria-la-ciutat-historica\/#primaryimage","url":"https:\/\/www.elturistatranquil.com\/wp-content\/uploads\/F00-Soria.jpg","contentUrl":"https:\/\/www.elturistatranquil.com\/wp-content\/uploads\/F00-Soria.jpg","width":768,"height":512,"caption":"Soria"},{"@type":"BreadcrumbList","@id":"https:\/\/www.elturistatranquil.com\/ca\/soria-la-ciutat-historica\/#breadcrumb","itemListElement":[{"@type":"ListItem","position":1,"name":"Portada","item":"https:\/\/www.elturistatranquil.com\/ca\/"},{"@type":"ListItem","position":2,"name":"S\u00f2ria, la ciutat hist\u00f2rica"}]},{"@type":"WebSite","@id":"https:\/\/www.elturistatranquil.com\/ca\/#website","url":"https:\/\/www.elturistatranquil.com\/ca\/","name":"El turista tranquil","description":"Blog de viatges","potentialAction":[{"@type":"SearchAction","target":{"@type":"EntryPoint","urlTemplate":"https:\/\/www.elturistatranquil.com\/ca\/?s={search_term_string}"},"query-input":{"@type":"PropertyValueSpecification","valueRequired":true,"valueName":"search_term_string"}}],"inLanguage":"ca"},{"@type":"Person","@id":"https:\/\/www.elturistatranquil.com\/ca\/#\/schema\/person\/16f607c3079b96ed0c530a52e6b58bb5","name":"admin","image":{"@type":"ImageObject","inLanguage":"ca","@id":"https:\/\/secure.gravatar.com\/avatar\/1fbaf22aee75fcbb29a2f97b107f95d25d3a19b7c3416105be10269872673e8d?s=96&d=mm&r=g","url":"https:\/\/secure.gravatar.com\/avatar\/1fbaf22aee75fcbb29a2f97b107f95d25d3a19b7c3416105be10269872673e8d?s=96&d=mm&r=g","contentUrl":"https:\/\/secure.gravatar.com\/avatar\/1fbaf22aee75fcbb29a2f97b107f95d25d3a19b7c3416105be10269872673e8d?s=96&d=mm&r=g","caption":"admin"}}]}},"_links":{"self":[{"href":"https:\/\/www.elturistatranquil.com\/ca\/wp-json\/wp\/v2\/posts\/53473","targetHints":{"allow":["GET"]}}],"collection":[{"href":"https:\/\/www.elturistatranquil.com\/ca\/wp-json\/wp\/v2\/posts"}],"about":[{"href":"https:\/\/www.elturistatranquil.com\/ca\/wp-json\/wp\/v2\/types\/post"}],"author":[{"embeddable":true,"href":"https:\/\/www.elturistatranquil.com\/ca\/wp-json\/wp\/v2\/users\/1"}],"replies":[{"embeddable":true,"href":"https:\/\/www.elturistatranquil.com\/ca\/wp-json\/wp\/v2\/comments?post=53473"}],"version-history":[{"count":5,"href":"https:\/\/www.elturistatranquil.com\/ca\/wp-json\/wp\/v2\/posts\/53473\/revisions"}],"predecessor-version":[{"id":53527,"href":"https:\/\/www.elturistatranquil.com\/ca\/wp-json\/wp\/v2\/posts\/53473\/revisions\/53527"}],"wp:featuredmedia":[{"embeddable":true,"href":"https:\/\/www.elturistatranquil.com\/ca\/wp-json\/wp\/v2\/media\/53187"}],"wp:attachment":[{"href":"https:\/\/www.elturistatranquil.com\/ca\/wp-json\/wp\/v2\/media?parent=53473"}],"wp:term":[{"taxonomy":"category","embeddable":true,"href":"https:\/\/www.elturistatranquil.com\/ca\/wp-json\/wp\/v2\/categories?post=53473"},{"taxonomy":"post_tag","embeddable":true,"href":"https:\/\/www.elturistatranquil.com\/ca\/wp-json\/wp\/v2\/tags?post=53473"}],"curies":[{"name":"wp","href":"https:\/\/api.w.org\/{rel}","templated":true}]}}