{"id":55406,"date":"2025-01-05T17:51:40","date_gmt":"2025-01-05T16:51:40","guid":{"rendered":"https:\/\/www.elturistatranquil.com\/?p=55406"},"modified":"2026-03-20T10:01:44","modified_gmt":"2026-03-20T09:01:44","slug":"posada-de-dona-urraca-arribes-del-duero","status":"publish","type":"post","link":"https:\/\/www.elturistatranquil.com\/ca\/posada-de-dona-urraca-arribes-del-duero\/","title":{"rendered":"Posada de Do\u00f1a Urraca. Arribes del Duero"},"content":{"rendered":"\t\t<div data-elementor-type=\"wp-post\" data-elementor-id=\"55406\" class=\"elementor elementor-55406 elementor-55307\" data-elementor-post-type=\"post\">\n\t\t\t\t\t\t<section class=\"elementor-section elementor-top-section elementor-element elementor-element-62dca721 elementor-section-boxed elementor-section-height-default elementor-section-height-default\" data-id=\"62dca721\" data-element_type=\"section\" data-e-type=\"section\">\n\t\t\t\t\t\t<div class=\"elementor-container elementor-column-gap-default\">\n\t\t\t\t\t<div class=\"elementor-column elementor-col-100 elementor-top-column elementor-element elementor-element-574c1812\" data-id=\"574c1812\" data-element_type=\"column\" data-e-type=\"column\">\n\t\t\t<div class=\"elementor-widget-wrap elementor-element-populated\">\n\t\t\t\t\t\t<section class=\"elementor-section elementor-inner-section elementor-element elementor-element-492ea935 elementor-section-content-middle elementor-section-boxed elementor-section-height-default elementor-section-height-default\" data-id=\"492ea935\" data-element_type=\"section\" data-e-type=\"section\">\n\t\t\t\t\t\t<div class=\"elementor-container elementor-column-gap-default\">\n\t\t\t\t\t<div class=\"elementor-column elementor-col-100 elementor-inner-column elementor-element elementor-element-5e8450fa\" data-id=\"5e8450fa\" data-element_type=\"column\" data-e-type=\"column\">\n\t\t\t<div class=\"elementor-widget-wrap elementor-element-populated\">\n\t\t\t\t\t\t<div class=\"elementor-element elementor-element-12b52e0c elementor-widget elementor-widget-text-editor\" data-id=\"12b52e0c\" data-element_type=\"widget\" data-e-type=\"widget\" data-widget_type=\"text-editor.default\">\n\t\t\t\t<div class=\"elementor-widget-container\">\n\t\t\t\t\t\t\t\t\t<p>La <strong>Posada de Do\u00f1a Urraca,<\/strong> empla\u00e7ada a Fermoselle (Zamora), dins del Parc Natural Arribes del Duero i capital de la regi\u00f3 vin\u00edcola Arribes, \u00e9s un allotjament de qualitat amb un restaurant magn\u00edfic.<\/p>\t\t\t\t\t\t\t\t<\/div>\n\t\t\t\t<\/div>\n\t\t\t\t\t<\/div>\n\t\t<\/div>\n\t\t\t\t\t<\/div>\n\t\t<\/section>\n\t\t\t\t<div class=\"elementor-element elementor-element-70916a03 elementor-widget elementor-widget-heading\" data-id=\"70916a03\" data-element_type=\"widget\" data-e-type=\"widget\" data-widget_type=\"heading.default\">\n\t\t\t\t<div class=\"elementor-widget-container\">\n\t\t\t\t\t<h1 class=\"elementor-heading-title elementor-size-default\">Posada de Do\u00f1a Urraca. Arribes del Duero<\/h1>\t\t\t\t<\/div>\n\t\t\t\t<\/div>\n\t\t\t\t\t<\/div>\n\t\t<\/div>\n\t\t\t\t\t<\/div>\n\t\t<\/section>\n\t\t\t\t<section class=\"elementor-section elementor-top-section elementor-element elementor-element-24ffbd60 elementor-section-boxed elementor-section-height-default elementor-section-height-default\" data-id=\"24ffbd60\" data-element_type=\"section\" data-e-type=\"section\">\n\t\t\t\t\t\t<div class=\"elementor-container elementor-column-gap-default\">\n\t\t\t\t\t<div class=\"elementor-column elementor-col-100 elementor-top-column elementor-element elementor-element-2b9d1abe\" data-id=\"2b9d1abe\" data-element_type=\"column\" data-e-type=\"column\">\n\t\t\t<div class=\"elementor-widget-wrap elementor-element-populated\">\n\t\t\t\t\t\t<div class=\"elementor-element elementor-element-4c9f235a elementor-widget elementor-widget-image\" data-id=\"4c9f235a\" data-element_type=\"widget\" data-e-type=\"widget\" data-widget_type=\"image.default\">\n\t\t\t\t<div class=\"elementor-widget-container\">\n\t\t\t\t\t\t\t\t\t\t\t\t<figure class=\"wp-caption\">\n\t\t\t\t\t\t\t\t\t\t<img fetchpriority=\"high\" decoding=\"async\" width=\"768\" height=\"512\" src=\"https:\/\/www.elturistatranquil.com\/wp-content\/uploads\/F01-Posada-de-Dona-Urraca-Fermoselle-Zamora.jpg\" class=\"attachment-large size-large wp-image-55316\" alt=\"Posada de Do\u00f1a Urraca, Fermoselle, Zamora\" srcset=\"https:\/\/www.elturistatranquil.com\/wp-content\/uploads\/F01-Posada-de-Dona-Urraca-Fermoselle-Zamora.jpg 768w, https:\/\/www.elturistatranquil.com\/wp-content\/uploads\/F01-Posada-de-Dona-Urraca-Fermoselle-Zamora-339x226.jpg 339w\" sizes=\"(max-width: 768px) 100vw, 768px\" \/>\t\t\t\t\t\t\t\t\t\t\t<figcaption class=\"widget-image-caption wp-caption-text\"><\/figcaption>\n\t\t\t\t\t\t\t\t\t\t<\/figure>\n\t\t\t\t\t\t\t\t\t<\/div>\n\t\t\t\t<\/div>\n\t\t\t\t<section class=\"elementor-section elementor-inner-section elementor-element elementor-element-6a2f672 elementor-section-boxed elementor-section-height-default elementor-section-height-default\" data-id=\"6a2f672\" data-element_type=\"section\" data-e-type=\"section\" data-settings=\"{&quot;background_background&quot;:&quot;classic&quot;}\">\n\t\t\t\t\t\t\t<div class=\"elementor-background-overlay\"><\/div>\n\t\t\t\t\t\t\t<div class=\"elementor-container elementor-column-gap-default\">\n\t\t\t\t\t<div class=\"elementor-column elementor-col-100 elementor-inner-column elementor-element elementor-element-501af4a0\" data-id=\"501af4a0\" data-element_type=\"column\" data-e-type=\"column\" data-settings=\"{&quot;background_background&quot;:&quot;classic&quot;}\">\n\t\t\t<div class=\"elementor-widget-wrap elementor-element-populated\">\n\t\t\t\t\t\t<div class=\"elementor-element elementor-element-24729d8f elementor-widget elementor-widget-text-editor\" data-id=\"24729d8f\" data-element_type=\"widget\" data-e-type=\"widget\" data-widget_type=\"text-editor.default\">\n\t\t\t\t<div class=\"elementor-widget-container\">\n\t\t\t\t\t\t\t\t\t<p>Direcci\u00f3: C\/ Requejo, 272. 49220. Fermoselle.\u00a0 Comarca: Sayago. Prov\u00edncia: Zamora. Com. Aut\u00f2noma: Castilla y Le\u00f3n<br \/>Coordenades: 41\u00b019&#8217;10.1&#8243;N 6\u00b023&#8217;21.6&#8243;O. Altitud: 684 msnm. Poblaci\u00f3: 1.142 habitants (2023)<br \/>Web: <a href=\"https:\/\/www.posadadonaurraca.es\/\" target=\"_blank\" rel=\"noopener\">posadadonaurraca<\/a><br \/>Email.\u00a0<a href=\"mailto:reservas@posadadedonaurraca.com\" target=\"_blank\" rel=\"noopener\">reservas@posadadedonaurraca.com<\/a><br \/>Tel\u00e8fon. (+34) 980 613 473 | 679 995 602<br \/>19 habitacions<br \/>Estada: 2024<\/p>\t\t\t\t\t\t\t\t<\/div>\n\t\t\t\t<\/div>\n\t\t\t\t\t<\/div>\n\t\t<\/div>\n\t\t\t\t\t<\/div>\n\t\t<\/section>\n\t\t\t\t<div class=\"elementor-element elementor-element-7b5f4812 elementor-widget elementor-widget-image\" data-id=\"7b5f4812\" data-element_type=\"widget\" data-e-type=\"widget\" data-widget_type=\"image.default\">\n\t\t\t\t<div class=\"elementor-widget-container\">\n\t\t\t\t\t\t\t\t\t\t\t\t<figure class=\"wp-caption\">\n\t\t\t\t\t\t\t\t\t\t<img decoding=\"async\" width=\"768\" height=\"512\" src=\"https:\/\/www.elturistatranquil.com\/wp-content\/uploads\/F02e-Mapa-de-situacion-de-la-Posada-de-Dona-Urraca-Fermoselle-Google-maps-2024-12-05-1.jpg\" class=\"attachment-medium_large size-medium_large wp-image-55410\" alt=\"Mapa de situaci\u00f3 de la Posada de Do\u00f1a Urraca, Fermoselle (Google maps 2024-12-05)\" srcset=\"https:\/\/www.elturistatranquil.com\/wp-content\/uploads\/F02e-Mapa-de-situacion-de-la-Posada-de-Dona-Urraca-Fermoselle-Google-maps-2024-12-05-1.jpg 768w, https:\/\/www.elturistatranquil.com\/wp-content\/uploads\/F02e-Mapa-de-situacion-de-la-Posada-de-Dona-Urraca-Fermoselle-Google-maps-2024-12-05-1-339x226.jpg 339w\" sizes=\"(max-width: 768px) 100vw, 768px\" \/>\t\t\t\t\t\t\t\t\t\t\t<figcaption class=\"widget-image-caption wp-caption-text\">Mapa de situaci\u00f3 de la Posada de Do\u00f1a Urraca, Fermoselle (Google maps 2024-12-05)<\/figcaption>\n\t\t\t\t\t\t\t\t\t\t<\/figure>\n\t\t\t\t\t\t\t\t\t<\/div>\n\t\t\t\t<\/div>\n\t\t\t\t<div class=\"elementor-element elementor-element-27c02ef8 elementor-widget elementor-widget-spacer\" data-id=\"27c02ef8\" data-element_type=\"widget\" data-e-type=\"widget\" data-widget_type=\"spacer.default\">\n\t\t\t\t<div class=\"elementor-widget-container\">\n\t\t\t\t\t\t\t<div class=\"elementor-spacer\">\n\t\t\t<div class=\"elementor-spacer-inner\"><\/div>\n\t\t<\/div>\n\t\t\t\t\t\t<\/div>\n\t\t\t\t<\/div>\n\t\t\t\t<div class=\"elementor-element elementor-element-3739f078 elementor-toc--minimized-on-tablet elementor-widget elementor-widget-table-of-contents\" data-id=\"3739f078\" data-element_type=\"widget\" data-e-type=\"widget\" data-settings=\"{&quot;headings_by_tags&quot;:[&quot;h2&quot;,&quot;h3&quot;,&quot;h4&quot;],&quot;marker_view&quot;:&quot;bullets&quot;,&quot;icon&quot;:{&quot;value&quot;:&quot;&quot;,&quot;library&quot;:&quot;&quot;},&quot;no_headings_message&quot;:&quot;No se ha encontrado ning\\u00fan encabezado en esta p\\u00e1gina.&quot;,&quot;minimize_box&quot;:&quot;yes&quot;,&quot;minimized_on&quot;:&quot;tablet&quot;,&quot;hierarchical_view&quot;:&quot;yes&quot;,&quot;min_height&quot;:{&quot;unit&quot;:&quot;px&quot;,&quot;size&quot;:&quot;&quot;,&quot;sizes&quot;:[]},&quot;min_height_tablet&quot;:{&quot;unit&quot;:&quot;px&quot;,&quot;size&quot;:&quot;&quot;,&quot;sizes&quot;:[]},&quot;min_height_mobile&quot;:{&quot;unit&quot;:&quot;px&quot;,&quot;size&quot;:&quot;&quot;,&quot;sizes&quot;:[]}}\" data-widget_type=\"table-of-contents.default\">\n\t\t\t\t<div class=\"elementor-widget-container\">\n\t\t\t\t\t\t\t\t\t<div class=\"elementor-toc__header\">\n\t\t\t\t\t\t<h4 class=\"elementor-toc__header-title\">\n\t\t\t\t\u00cdndex\t\t\t<\/h4>\n\t\t\t\t\t\t\t\t\t\t<div class=\"elementor-toc__toggle-button elementor-toc__toggle-button--expand\" role=\"button\" tabindex=\"0\" aria-controls=\"elementor-toc__3739f078\" aria-expanded=\"true\" aria-label=\"Open table of contents\"><i aria-hidden=\"true\" class=\"fas fa-chevron-down\"><\/i><\/div>\n\t\t\t\t<div class=\"elementor-toc__toggle-button elementor-toc__toggle-button--collapse\" role=\"button\" tabindex=\"0\" aria-controls=\"elementor-toc__3739f078\" aria-expanded=\"true\" aria-label=\"Close table of contents\"><i aria-hidden=\"true\" class=\"fas fa-chevron-up\"><\/i><\/div>\n\t\t\t\t\t<\/div>\n\t\t\t\t<div id=\"elementor-toc__3739f078\" class=\"elementor-toc__body\">\n\t\t\t<div class=\"elementor-toc__spinner-container\">\n\t\t\t\t<i class=\"elementor-toc__spinner eicon-animation-spin eicon-loading\" aria-hidden=\"true\"><\/i>\t\t\t<\/div>\n\t\t<\/div>\n\t\t\t\t\t\t<\/div>\n\t\t\t\t<\/div>\n\t\t\t\t<div class=\"elementor-element elementor-element-cad80aa elementor-widget elementor-widget-spacer\" data-id=\"cad80aa\" data-element_type=\"widget\" data-e-type=\"widget\" data-widget_type=\"spacer.default\">\n\t\t\t\t<div class=\"elementor-widget-container\">\n\t\t\t\t\t\t\t<div class=\"elementor-spacer\">\n\t\t\t<div class=\"elementor-spacer-inner\"><\/div>\n\t\t<\/div>\n\t\t\t\t\t\t<\/div>\n\t\t\t\t<\/div>\n\t\t\t\t<div class=\"elementor-element elementor-element-49952d61 elementor-widget elementor-widget-heading\" data-id=\"49952d61\" data-element_type=\"widget\" data-e-type=\"widget\" data-widget_type=\"heading.default\">\n\t\t\t\t<div class=\"elementor-widget-container\">\n\t\t\t\t\t<h2 class=\"elementor-heading-title elementor-size-default\">Posada de Do\u00f1a Urraca. Fermoselle. Arribes del Duero. Zamora<\/h2>\t\t\t\t<\/div>\n\t\t\t\t<\/div>\n\t\t\t\t<div class=\"elementor-element elementor-element-53087112 elementor-widget elementor-widget-text-editor\" data-id=\"53087112\" data-element_type=\"widget\" data-e-type=\"widget\" data-widget_type=\"text-editor.default\">\n\t\t\t\t<div class=\"elementor-widget-container\">\n\t\t\t\t\t\t\t\t\t<p>En una sortida de tardor \u00e9s atraient afegir a les motivacions d&#8217;hist\u00f2ria, cultura i territori l&#8217;atractiu de la verema a alguna de les moltes regions vin\u00edcoles de qu\u00e8 est\u00e0 plena la Pen\u00ednsula. En aquest cas, l&#8217;elecci\u00f3 va recaure en <strong>els\/les Arribes del Duero<\/strong> (\u201cels Arribes\u201d per a la gent de Zamora, \u201cles Arribes\u201d per a la gent de Salamanca).<\/p><p>L&#8217;<strong>espai natural Arribes del Duero<\/strong> concentra un c\u00famul de valors d&#8217;espai natural protegit per ser <strong><em>parc natural, zona d&#8217;especial protecci\u00f3 per a les aus, zona especial de conservaci\u00f3 i reserva de la biosfera<\/em><\/strong>. El riu Duero, en aquesta zona fent de frontera amb Portugal, ens robar\u00e0 el cor amb la seva agresta bellesa paisatgista des de qualsevol punt que ho observem.<\/p><p>La hist\u00f2ria de tota aquesta zona zamorana, des de la pres\u00e8ncia humana prehist\u00f2rica, es va construir des de l&#8217;Alta Edat Mitjana, en un dels primers focus d&#8217;expansi\u00f3 de la Reconquesta, deixant un llegat d&#8217;obres rom\u00e0niques impressionant. La marginaci\u00f3 posterior, quan els successos hist\u00f2rics es van anar despla\u00e7ant cap a altres territoris, han preservat un cabal de tradici\u00f3 i arquitectura popular que es conserva en gran mesura.<\/p><p>A m\u00e9s, com a regi\u00f3 vin\u00edcola, compta amb la <strong><em>Denominaci\u00f3 d&#8217;Origen Arribes<\/em><\/strong> que unifica dues zones de llarga tradici\u00f3 vitivin\u00edcola, localitzades entre Zamora i Salamanca, i vinculades geogr\u00e0ficament pel recorregut fluvial del riu Duero.<\/p>\t\t\t\t\t\t\t\t<\/div>\n\t\t\t\t<\/div>\n\t\t\t\t<div class=\"elementor-element elementor-element-1a61bbfd elementor-widget elementor-widget-heading\" data-id=\"1a61bbfd\" data-element_type=\"widget\" data-e-type=\"widget\" data-widget_type=\"heading.default\">\n\t\t\t\t<div class=\"elementor-widget-container\">\n\t\t\t\t\t<h2 class=\"elementor-heading-title elementor-size-default\">Elecci\u00f3 de l'allotjament<\/h2>\t\t\t\t<\/div>\n\t\t\t\t<\/div>\n\t\t\t\t<div class=\"elementor-element elementor-element-3a6d8a85 elementor-widget elementor-widget-text-editor\" data-id=\"3a6d8a85\" data-element_type=\"widget\" data-e-type=\"widget\" data-widget_type=\"text-editor.default\">\n\t\t\t\t<div class=\"elementor-widget-container\">\n\t\t\t\t\t\t\t\t\t<p>Un cop decidida l\u00b4elecci\u00f3 de <strong>Fermoselle<\/strong> per ser la capital d\u00b4aquesta zona vin\u00edcola i localitat on es concentren la gran majoria dels seus cellers, la recerca per Internet d\u00b4allotjament em va portar a triar la <strong>Posada de Do\u00f1a Urraca<\/strong>. Va resultar una elecci\u00f3 encertada, tant a l&#8217;allotjament, com a la seva ubicaci\u00f3 i en la qualitat del restaurant.<\/p><p>Cal assenyalar que do\u00f1a Urraca a qu\u00e8 est\u00e0 dedicada la posada es refereix a la princesa portuguesa, filla d&#8217;Alfonso Enriques, l\u00edder de la independ\u00e8ncia de Portugal, que va triar el seu castell com a lloc de retir despr\u00e9s de l&#8217;anul\u00b7laci\u00f3 del matrimoni amb el monarca Fernando II de Le\u00f3n.<\/p>\t\t\t\t\t\t\t\t<\/div>\n\t\t\t\t<\/div>\n\t\t\t\t<div class=\"elementor-element elementor-element-9bdfc0c elementor-widget elementor-widget-heading\" data-id=\"9bdfc0c\" data-element_type=\"widget\" data-e-type=\"widget\" data-widget_type=\"heading.default\">\n\t\t\t\t<div class=\"elementor-widget-container\">\n\t\t\t\t\t<h2 class=\"elementor-heading-title elementor-size-default\">L'allotjament: Posada de Do\u00f1a Urraca<\/h2>\t\t\t\t<\/div>\n\t\t\t\t<\/div>\n\t\t\t\t<div class=\"elementor-element elementor-element-bbd20e2 elementor-widget elementor-widget-text-editor\" data-id=\"bbd20e2\" data-element_type=\"widget\" data-e-type=\"widget\" data-widget_type=\"text-editor.default\">\n\t\t\t\t<div class=\"elementor-widget-container\">\n\t\t\t\t\t\t\t\t\t<p>La <strong>Posada de Do\u00f1a Urraca<\/strong> s&#8217;ubica a l&#8217;entrada de la localitat, al carrer Requejo, 272 (CL-527), amb facilitat d&#8217;aparcament, i unes magn\u00edfiques vistes sobre Fermoselle i sobre els Arribes fins a la franja de Portugal.<\/p><p>Isabel Puente gestiona l\u2019establiment, i la seva mare Carmina \u00e9s la responsable de la cuina. La qualitat del servei i la seva amabilitat es fan paleses des del primer moment, quan arribem a una hora una mica intempestiva. La fam\u00edlia \u00e9s propiet\u00e0ria de <strong><em>Puente Robles<\/em><\/strong>, que produeixen pernils, embotits i formatges d&#8217;alta qualitat.<\/p>\t\t\t\t\t\t\t\t<\/div>\n\t\t\t\t<\/div>\n\t\t\t\t<div class=\"elementor-element elementor-element-5962e8cb elementor-widget elementor-widget-heading\" data-id=\"5962e8cb\" data-element_type=\"widget\" data-e-type=\"widget\" data-widget_type=\"heading.default\">\n\t\t\t\t<div class=\"elementor-widget-container\">\n\t\t\t\t\t<h5 class=\"elementor-heading-title elementor-size-default\">L'edifici<\/h5>\t\t\t\t<\/div>\n\t\t\t\t<\/div>\n\t\t\t\t<div class=\"elementor-element elementor-element-447b25b elementor-widget elementor-widget-text-editor\" data-id=\"447b25b\" data-element_type=\"widget\" data-e-type=\"widget\" data-widget_type=\"text-editor.default\">\n\t\t\t\t<div class=\"elementor-widget-container\">\n\t\t\t\t\t\t\t\t\t<p>L&#8217;edifici \u00e9s un bloc allargat de dues plantes de ma\u00e7oneria de pedra i carreus a les obertures i cantonades de l&#8217;edifici i coberta de teula a dues aig\u00fces.<\/p><p>Visualment apareix com una edificaci\u00f3 d&#8217;una planta sobre elevada, per\u00f2 tot el nivell sota sostre s&#8217;ha habilitat com a habitacions amb unes \u00e0mplies claraboies obertes a la teulada per a cada habitaci\u00f3.<\/p><p>La particularitat d&#8217;aquesta edificaci\u00f3 \u00e9s que es tractava de la caserna primitiva de la Gu\u00e0rdia Civil, que la fam\u00edlia Puente va reconvertir en aquest acollidor allotjament rural.<\/p>\t\t\t\t\t\t\t\t<\/div>\n\t\t\t\t<\/div>\n\t\t\t\t<div class=\"elementor-element elementor-element-203939af elementor-widget elementor-widget-image\" data-id=\"203939af\" data-element_type=\"widget\" data-e-type=\"widget\" data-widget_type=\"image.default\">\n\t\t\t\t<div class=\"elementor-widget-container\">\n\t\t\t\t\t\t\t\t\t\t\t\t<figure class=\"wp-caption\">\n\t\t\t\t\t\t\t\t\t\t<img decoding=\"async\" width=\"768\" height=\"511\" src=\"https:\/\/www.elturistatranquil.com\/wp-content\/uploads\/F03-Posada-de-Dona-Urraca-Fermoselle-Zamora.jpg\" class=\"attachment-large size-large wp-image-55320\" alt=\"Posada de Do\u00f1a Urraca, Fermoselle, Zamora\" srcset=\"https:\/\/www.elturistatranquil.com\/wp-content\/uploads\/F03-Posada-de-Dona-Urraca-Fermoselle-Zamora.jpg 768w, https:\/\/www.elturistatranquil.com\/wp-content\/uploads\/F03-Posada-de-Dona-Urraca-Fermoselle-Zamora-339x226.jpg 339w\" sizes=\"(max-width: 768px) 100vw, 768px\" \/>\t\t\t\t\t\t\t\t\t\t\t<figcaption class=\"widget-image-caption wp-caption-text\"><\/figcaption>\n\t\t\t\t\t\t\t\t\t\t<\/figure>\n\t\t\t\t\t\t\t\t\t<\/div>\n\t\t\t\t<\/div>\n\t\t\t\t<div class=\"elementor-element elementor-element-a1f4b93 elementor-widget elementor-widget-image\" data-id=\"a1f4b93\" data-element_type=\"widget\" data-e-type=\"widget\" data-widget_type=\"image.default\">\n\t\t\t\t<div class=\"elementor-widget-container\">\n\t\t\t\t\t\t\t\t\t\t\t\t<figure class=\"wp-caption\">\n\t\t\t\t\t\t\t\t\t\t<img loading=\"lazy\" decoding=\"async\" width=\"768\" height=\"511\" src=\"https:\/\/www.elturistatranquil.com\/wp-content\/uploads\/F04-Posada-de-Dona-Urraca-Fermoselle-Zamora.jpg\" class=\"attachment-large size-large wp-image-55322\" alt=\"Posada de Do\u00f1a Urraca, Fermoselle, Zamora\" srcset=\"https:\/\/www.elturistatranquil.com\/wp-content\/uploads\/F04-Posada-de-Dona-Urraca-Fermoselle-Zamora.jpg 768w, https:\/\/www.elturistatranquil.com\/wp-content\/uploads\/F04-Posada-de-Dona-Urraca-Fermoselle-Zamora-339x226.jpg 339w\" sizes=\"(max-width: 768px) 100vw, 768px\" \/>\t\t\t\t\t\t\t\t\t\t\t<figcaption class=\"widget-image-caption wp-caption-text\"><\/figcaption>\n\t\t\t\t\t\t\t\t\t\t<\/figure>\n\t\t\t\t\t\t\t\t\t<\/div>\n\t\t\t\t<\/div>\n\t\t\t\t<div class=\"elementor-element elementor-element-082e90c elementor-widget elementor-widget-text-editor\" data-id=\"082e90c\" data-element_type=\"widget\" data-e-type=\"widget\" data-widget_type=\"text-editor.default\">\n\t\t\t\t<div class=\"elementor-widget-container\">\n\t\t\t\t\t\t\t\t\t<p>Pel costat dret, vist des de la carretera, hi ha una \u00e0mplia terrassa que s&#8217;enlaira sobre la muntanya per successives terrasses pr\u00f2pies de l&#8217;aprofitament del s\u00f2l agrari d&#8217;aquestes terres. Aquestes terrasses, convenientment adaptades i decorades amb una gran profusi\u00f3 d&#8217;elements etnogr\u00e0fics, estan a disposici\u00f3 dels clients, per exemple, com a sol\u00e0rium, alhora que, des d&#8217;elles, es disposa d&#8217;\u00e0mplies vistes sobre Fermoselle i els Arribes.<\/p>\t\t\t\t\t\t\t\t<\/div>\n\t\t\t\t<\/div>\n\t\t\t\t<div class=\"elementor-element elementor-element-7dc21a2 elementor-widget elementor-widget-image\" data-id=\"7dc21a2\" data-element_type=\"widget\" data-e-type=\"widget\" data-widget_type=\"image.default\">\n\t\t\t\t<div class=\"elementor-widget-container\">\n\t\t\t\t\t\t\t\t\t\t\t\t<figure class=\"wp-caption\">\n\t\t\t\t\t\t\t\t\t\t<img loading=\"lazy\" decoding=\"async\" width=\"768\" height=\"512\" src=\"https:\/\/www.elturistatranquil.com\/wp-content\/uploads\/F05-Posada-de-Dona-Urraca-Fermoselle-Zamora.jpg\" class=\"attachment-large size-large wp-image-55324\" alt=\"Posada de Do\u00f1a Urraca, Fermoselle, Zamora\" srcset=\"https:\/\/www.elturistatranquil.com\/wp-content\/uploads\/F05-Posada-de-Dona-Urraca-Fermoselle-Zamora.jpg 768w, https:\/\/www.elturistatranquil.com\/wp-content\/uploads\/F05-Posada-de-Dona-Urraca-Fermoselle-Zamora-339x226.jpg 339w\" sizes=\"(max-width: 768px) 100vw, 768px\" \/>\t\t\t\t\t\t\t\t\t\t\t<figcaption class=\"widget-image-caption wp-caption-text\"><\/figcaption>\n\t\t\t\t\t\t\t\t\t\t<\/figure>\n\t\t\t\t\t\t\t\t\t<\/div>\n\t\t\t\t<\/div>\n\t\t\t\t<div class=\"elementor-element elementor-element-016f55b elementor-widget elementor-widget-text-editor\" data-id=\"016f55b\" data-element_type=\"widget\" data-e-type=\"widget\" data-widget_type=\"text-editor.default\">\n\t\t\t\t<div class=\"elementor-widget-container\">\n\t\t\t\t\t\t\t\t\t<p>La localitzaci\u00f3 de la Posada de Do\u00f1a Urraca \u00e9s ideal des del punt vista de l&#8217;aparcament i de les vistes sobre els Arribes que disposem des de les terrasses.<\/p><p>Els 950 metres que ens separen del centre de la vila, als peus del castell, seguint el <strong>carrer de Requejo<\/strong>, transcorren per aquest carrer principal amb les seves cases hist\u00f2riques i moltes de les innombrables entrades a les coves-celler amb qu\u00e8 est\u00e0 foradat el tur\u00f3 sobre el qual s&#8217;assenta Fermoselle. A m\u00e9s, cal tenir en compte que l&#8217;urbanisme de la vila est\u00e0 dissenyat per a l&#8217;\u00fas de vianants i l&#8217;antic acc\u00e9s amb carros a les diferents coves-celler, i no pensat per a autom\u00f2bils i aparcament.<\/p><p>Si volem gaudir de les vistes que ens ofereixen els seus variats miradors de la localitat \u00e9s aconsellable proveir-vos d&#8217;un cal\u00e7at c\u00f2mode adequat.<\/p><p>A la Posada, pujant per una doble escalinata, s&#8217;accedeix a la zona de recepci\u00f3 on immediatament entrarem en contacte amb una acurada exposici\u00f3-oferta dels productes de la zona. D&#8217;una banda, una \u00e0mplia mostra dels<strong><em> vins<\/em><\/strong> de la denominaci\u00f3 Arribes que es produeixen en gran mesura als cellers de Fermoselle. De l&#8217;altra, una oferta dels excel\u00b7lents productes <strong><em>Puente Robles<\/em><\/strong> -pernils, embotits i formatges- que produeixen ells mateixos. Cada cop que sortim i entrem a la Posada, s&#8217;activaran els nostres sentits a la vista d&#8217;aquesta exposici\u00f3 de productes.<\/p>\t\t\t\t\t\t\t\t<\/div>\n\t\t\t\t<\/div>\n\t\t\t\t<div class=\"elementor-element elementor-element-bb5a325 elementor-widget elementor-widget-image\" data-id=\"bb5a325\" data-element_type=\"widget\" data-e-type=\"widget\" data-widget_type=\"image.default\">\n\t\t\t\t<div class=\"elementor-widget-container\">\n\t\t\t\t\t\t\t\t\t\t\t\t<figure class=\"wp-caption\">\n\t\t\t\t\t\t\t\t\t\t<img loading=\"lazy\" decoding=\"async\" width=\"768\" height=\"512\" src=\"https:\/\/www.elturistatranquil.com\/wp-content\/uploads\/F06-Posada-de-Dona-Urraca-Fermoselle-Zamora.jpg\" class=\"attachment-large size-large wp-image-55326\" alt=\"Posada de Do\u00f1a Urraca, Fermoselle, Zamora\" srcset=\"https:\/\/www.elturistatranquil.com\/wp-content\/uploads\/F06-Posada-de-Dona-Urraca-Fermoselle-Zamora.jpg 768w, https:\/\/www.elturistatranquil.com\/wp-content\/uploads\/F06-Posada-de-Dona-Urraca-Fermoselle-Zamora-339x226.jpg 339w\" sizes=\"(max-width: 768px) 100vw, 768px\" \/>\t\t\t\t\t\t\t\t\t\t\t<figcaption class=\"widget-image-caption wp-caption-text\"><\/figcaption>\n\t\t\t\t\t\t\t\t\t\t<\/figure>\n\t\t\t\t\t\t\t\t\t<\/div>\n\t\t\t\t<\/div>\n\t\t\t\t<div class=\"elementor-element elementor-element-7d8af8d elementor-widget elementor-widget-image\" data-id=\"7d8af8d\" data-element_type=\"widget\" data-e-type=\"widget\" data-widget_type=\"image.default\">\n\t\t\t\t<div class=\"elementor-widget-container\">\n\t\t\t\t\t\t\t\t\t\t\t\t<figure class=\"wp-caption\">\n\t\t\t\t\t\t\t\t\t\t<img loading=\"lazy\" decoding=\"async\" width=\"768\" height=\"512\" src=\"https:\/\/www.elturistatranquil.com\/wp-content\/uploads\/F07-Posada-de-Dona-Urraca-Fermoselle-Zamora.jpg\" class=\"attachment-large size-large wp-image-55328\" alt=\"Posada de Do\u00f1a Urraca, Fermoselle, Zamora\" srcset=\"https:\/\/www.elturistatranquil.com\/wp-content\/uploads\/F07-Posada-de-Dona-Urraca-Fermoselle-Zamora.jpg 768w, https:\/\/www.elturistatranquil.com\/wp-content\/uploads\/F07-Posada-de-Dona-Urraca-Fermoselle-Zamora-339x226.jpg 339w\" sizes=\"(max-width: 768px) 100vw, 768px\" \/>\t\t\t\t\t\t\t\t\t\t\t<figcaption class=\"widget-image-caption wp-caption-text\"><\/figcaption>\n\t\t\t\t\t\t\t\t\t\t<\/figure>\n\t\t\t\t\t\t\t\t\t<\/div>\n\t\t\t\t<\/div>\n\t\t\t\t<div class=\"elementor-element elementor-element-b8fa1d2 elementor-widget elementor-widget-text-editor\" data-id=\"b8fa1d2\" data-element_type=\"widget\" data-e-type=\"widget\" data-widget_type=\"text-editor.default\">\n\t\t\t\t<div class=\"elementor-widget-container\">\n\t\t\t\t\t\t\t\t\t<p>Des d&#8217;aquest punt es distribueixen les instal\u00b7lacions de l&#8217;allotjament, i una acurada escala, o l&#8217;ascensor de vidre, no portar\u00e0 a les habitacions.<\/p>\t\t\t\t\t\t\t\t<\/div>\n\t\t\t\t<\/div>\n\t\t\t\t<div class=\"elementor-element elementor-element-372f3ec elementor-widget elementor-widget-image\" data-id=\"372f3ec\" data-element_type=\"widget\" data-e-type=\"widget\" data-widget_type=\"image.default\">\n\t\t\t\t<div class=\"elementor-widget-container\">\n\t\t\t\t\t\t\t\t\t\t\t\t<figure class=\"wp-caption\">\n\t\t\t\t\t\t\t\t\t\t<img loading=\"lazy\" decoding=\"async\" width=\"768\" height=\"512\" src=\"https:\/\/www.elturistatranquil.com\/wp-content\/uploads\/F08-Posada-de-Dona-Urraca-Fermoselle-Zamora.jpg\" class=\"attachment-large size-large wp-image-55330\" alt=\"Posada de Do\u00f1a Urraca, Fermoselle, Zamora\" srcset=\"https:\/\/www.elturistatranquil.com\/wp-content\/uploads\/F08-Posada-de-Dona-Urraca-Fermoselle-Zamora.jpg 768w, https:\/\/www.elturistatranquil.com\/wp-content\/uploads\/F08-Posada-de-Dona-Urraca-Fermoselle-Zamora-339x226.jpg 339w\" sizes=\"(max-width: 768px) 100vw, 768px\" \/>\t\t\t\t\t\t\t\t\t\t\t<figcaption class=\"widget-image-caption wp-caption-text\"><\/figcaption>\n\t\t\t\t\t\t\t\t\t\t<\/figure>\n\t\t\t\t\t\t\t\t\t<\/div>\n\t\t\t\t<\/div>\n\t\t\t\t<div class=\"elementor-element elementor-element-5c35583 elementor-widget elementor-widget-image\" data-id=\"5c35583\" data-element_type=\"widget\" data-e-type=\"widget\" data-widget_type=\"image.default\">\n\t\t\t\t<div class=\"elementor-widget-container\">\n\t\t\t\t\t\t\t\t\t\t\t\t<figure class=\"wp-caption\">\n\t\t\t\t\t\t\t\t\t\t<img loading=\"lazy\" decoding=\"async\" width=\"768\" height=\"512\" src=\"https:\/\/www.elturistatranquil.com\/wp-content\/uploads\/F09-Posada-de-Dona-Urraca-Fermoselle-Zamora.jpg\" class=\"attachment-large size-large wp-image-55332\" alt=\"Posada de Do\u00f1a Urraca, Fermoselle, Zamora\" srcset=\"https:\/\/www.elturistatranquil.com\/wp-content\/uploads\/F09-Posada-de-Dona-Urraca-Fermoselle-Zamora.jpg 768w, https:\/\/www.elturistatranquil.com\/wp-content\/uploads\/F09-Posada-de-Dona-Urraca-Fermoselle-Zamora-339x226.jpg 339w\" sizes=\"(max-width: 768px) 100vw, 768px\" \/>\t\t\t\t\t\t\t\t\t\t\t<figcaption class=\"widget-image-caption wp-caption-text\"><\/figcaption>\n\t\t\t\t\t\t\t\t\t\t<\/figure>\n\t\t\t\t\t\t\t\t\t<\/div>\n\t\t\t\t<\/div>\n\t\t\t\t<div class=\"elementor-element elementor-element-5d7b3cc elementor-widget elementor-widget-image\" data-id=\"5d7b3cc\" data-element_type=\"widget\" data-e-type=\"widget\" data-widget_type=\"image.default\">\n\t\t\t\t<div class=\"elementor-widget-container\">\n\t\t\t\t\t\t\t\t\t\t\t\t<figure class=\"wp-caption\">\n\t\t\t\t\t\t\t\t\t\t<img loading=\"lazy\" decoding=\"async\" width=\"768\" height=\"512\" src=\"https:\/\/www.elturistatranquil.com\/wp-content\/uploads\/F10-Posada-de-Dona-Urraca-Fermoselle-Zamora.jpg\" class=\"attachment-large size-large wp-image-55334\" alt=\"Posada de Do\u00f1a Urraca, Fermoselle, Zamora\" srcset=\"https:\/\/www.elturistatranquil.com\/wp-content\/uploads\/F10-Posada-de-Dona-Urraca-Fermoselle-Zamora.jpg 768w, https:\/\/www.elturistatranquil.com\/wp-content\/uploads\/F10-Posada-de-Dona-Urraca-Fermoselle-Zamora-339x226.jpg 339w\" sizes=\"(max-width: 768px) 100vw, 768px\" \/>\t\t\t\t\t\t\t\t\t\t\t<figcaption class=\"widget-image-caption wp-caption-text\"><\/figcaption>\n\t\t\t\t\t\t\t\t\t\t<\/figure>\n\t\t\t\t\t\t\t\t\t<\/div>\n\t\t\t\t<\/div>\n\t\t\t\t<div class=\"elementor-element elementor-element-5f44837 elementor-widget elementor-widget-text-editor\" data-id=\"5f44837\" data-element_type=\"widget\" data-e-type=\"widget\" data-widget_type=\"text-editor.default\">\n\t\t\t\t<div class=\"elementor-widget-container\">\n\t\t\t\t\t\t\t\t\t<p>Com s&#8217;apreciava des de l&#8217;exterior, les habitacions es distribueixen a banda i banda d&#8217;un llarg passad\u00eds.<\/p>\t\t\t\t\t\t\t\t<\/div>\n\t\t\t\t<\/div>\n\t\t\t\t<div class=\"elementor-element elementor-element-77abb89 elementor-widget elementor-widget-image\" data-id=\"77abb89\" data-element_type=\"widget\" data-e-type=\"widget\" data-widget_type=\"image.default\">\n\t\t\t\t<div class=\"elementor-widget-container\">\n\t\t\t\t\t\t\t\t\t\t\t\t<figure class=\"wp-caption\">\n\t\t\t\t\t\t\t\t\t\t<img loading=\"lazy\" decoding=\"async\" width=\"768\" height=\"512\" src=\"https:\/\/www.elturistatranquil.com\/wp-content\/uploads\/F11-Posada-de-Dona-Urraca-Fermoselle-Zamora.jpg\" class=\"attachment-large size-large wp-image-55336\" alt=\"Posada de Do\u00f1a Urraca, Fermoselle, Zamora\" srcset=\"https:\/\/www.elturistatranquil.com\/wp-content\/uploads\/F11-Posada-de-Dona-Urraca-Fermoselle-Zamora.jpg 768w, https:\/\/www.elturistatranquil.com\/wp-content\/uploads\/F11-Posada-de-Dona-Urraca-Fermoselle-Zamora-339x226.jpg 339w\" sizes=\"(max-width: 768px) 100vw, 768px\" \/>\t\t\t\t\t\t\t\t\t\t\t<figcaption class=\"widget-image-caption wp-caption-text\"><\/figcaption>\n\t\t\t\t\t\t\t\t\t\t<\/figure>\n\t\t\t\t\t\t\t\t\t<\/div>\n\t\t\t\t<\/div>\n\t\t\t\t<div class=\"elementor-element elementor-element-87ef0ed elementor-widget elementor-widget-image\" data-id=\"87ef0ed\" data-element_type=\"widget\" data-e-type=\"widget\" data-widget_type=\"image.default\">\n\t\t\t\t<div class=\"elementor-widget-container\">\n\t\t\t\t\t\t\t\t\t\t\t\t<figure class=\"wp-caption\">\n\t\t\t\t\t\t\t\t\t\t<img loading=\"lazy\" decoding=\"async\" width=\"768\" height=\"512\" src=\"https:\/\/www.elturistatranquil.com\/wp-content\/uploads\/F12-Posada-de-Dona-Urraca-Fermoselle-Zamora.jpg\" class=\"attachment-large size-large wp-image-55341\" alt=\"Posada de Do\u00f1a Urraca, Fermoselle, Zamora\" srcset=\"https:\/\/www.elturistatranquil.com\/wp-content\/uploads\/F12-Posada-de-Dona-Urraca-Fermoselle-Zamora.jpg 768w, https:\/\/www.elturistatranquil.com\/wp-content\/uploads\/F12-Posada-de-Dona-Urraca-Fermoselle-Zamora-339x226.jpg 339w\" sizes=\"(max-width: 768px) 100vw, 768px\" \/>\t\t\t\t\t\t\t\t\t\t\t<figcaption class=\"widget-image-caption wp-caption-text\"><\/figcaption>\n\t\t\t\t\t\t\t\t\t\t<\/figure>\n\t\t\t\t\t\t\t\t\t<\/div>\n\t\t\t\t<\/div>\n\t\t\t\t<div class=\"elementor-element elementor-element-df32b36 elementor-widget elementor-widget-heading\" data-id=\"df32b36\" data-element_type=\"widget\" data-e-type=\"widget\" data-widget_type=\"heading.default\">\n\t\t\t\t<div class=\"elementor-widget-container\">\n\t\t\t\t\t<h5 class=\"elementor-heading-title elementor-size-default\">L'habitaci\u00f3<\/h5>\t\t\t\t<\/div>\n\t\t\t\t<\/div>\n\t\t\t\t<div class=\"elementor-element elementor-element-d321f9b elementor-widget elementor-widget-text-editor\" data-id=\"d321f9b\" data-element_type=\"widget\" data-e-type=\"widget\" data-widget_type=\"text-editor.default\">\n\t\t\t\t<div class=\"elementor-widget-container\">\n\t\t\t\t\t\t\t\t\t<p>A mi em va correspondre l&#8217;habitaci\u00f3 206.<\/p>\t\t\t\t\t\t\t\t<\/div>\n\t\t\t\t<\/div>\n\t\t\t\t<div class=\"elementor-element elementor-element-8f67b9f elementor-widget elementor-widget-image\" data-id=\"8f67b9f\" data-element_type=\"widget\" data-e-type=\"widget\" data-widget_type=\"image.default\">\n\t\t\t\t<div class=\"elementor-widget-container\">\n\t\t\t\t\t\t\t\t\t\t\t\t<figure class=\"wp-caption\">\n\t\t\t\t\t\t\t\t\t\t<img loading=\"lazy\" decoding=\"async\" width=\"768\" height=\"512\" src=\"https:\/\/www.elturistatranquil.com\/wp-content\/uploads\/F13-Posada-de-Dona-Urraca-Fermoselle-Zamora.jpg\" class=\"attachment-large size-large wp-image-55343\" alt=\"Posada de Do\u00f1a Urraca, Fermoselle, Zamora\" srcset=\"https:\/\/www.elturistatranquil.com\/wp-content\/uploads\/F13-Posada-de-Dona-Urraca-Fermoselle-Zamora.jpg 768w, https:\/\/www.elturistatranquil.com\/wp-content\/uploads\/F13-Posada-de-Dona-Urraca-Fermoselle-Zamora-339x226.jpg 339w\" sizes=\"(max-width: 768px) 100vw, 768px\" \/>\t\t\t\t\t\t\t\t\t\t\t<figcaption class=\"widget-image-caption wp-caption-text\"><\/figcaption>\n\t\t\t\t\t\t\t\t\t\t<\/figure>\n\t\t\t\t\t\t\t\t\t<\/div>\n\t\t\t\t<\/div>\n\t\t\t\t<div class=\"elementor-element elementor-element-ea61d2b elementor-widget elementor-widget-text-editor\" data-id=\"ea61d2b\" data-element_type=\"widget\" data-e-type=\"widget\" data-widget_type=\"text-editor.default\">\n\t\t\t\t<div class=\"elementor-widget-container\">\n\t\t\t\t\t\t\t\t\t<p>Com he assenyalat abans, les habitacions d&#8217;aquesta planta ocupen el sota sostre de tot l&#8217;edifici i la il\u00b7luminaci\u00f3 i ventilaci\u00f3 s&#8217;obt\u00e9 a trav\u00e9s d&#8217;una \u00e0mplia claraboia.<\/p><p>El sostre de fusta i el mur exterior de carreu vist atorguen personalitat a l&#8217;\u00e0mplia estada.<\/p>\t\t\t\t\t\t\t\t<\/div>\n\t\t\t\t<\/div>\n\t\t\t\t<div class=\"elementor-element elementor-element-6573fac elementor-widget elementor-widget-image\" data-id=\"6573fac\" data-element_type=\"widget\" data-e-type=\"widget\" data-widget_type=\"image.default\">\n\t\t\t\t<div class=\"elementor-widget-container\">\n\t\t\t\t\t\t\t\t\t\t\t\t<figure class=\"wp-caption\">\n\t\t\t\t\t\t\t\t\t\t<img loading=\"lazy\" decoding=\"async\" width=\"768\" height=\"512\" src=\"https:\/\/www.elturistatranquil.com\/wp-content\/uploads\/F14-Posada-de-Dona-Urraca-Fermoselle-Zamora.jpg\" class=\"attachment-large size-large wp-image-55345\" alt=\"Posada de Do\u00f1a Urraca, Fermoselle, Zamora\" srcset=\"https:\/\/www.elturistatranquil.com\/wp-content\/uploads\/F14-Posada-de-Dona-Urraca-Fermoselle-Zamora.jpg 768w, https:\/\/www.elturistatranquil.com\/wp-content\/uploads\/F14-Posada-de-Dona-Urraca-Fermoselle-Zamora-339x226.jpg 339w\" sizes=\"(max-width: 768px) 100vw, 768px\" \/>\t\t\t\t\t\t\t\t\t\t\t<figcaption class=\"widget-image-caption wp-caption-text\"><\/figcaption>\n\t\t\t\t\t\t\t\t\t\t<\/figure>\n\t\t\t\t\t\t\t\t\t<\/div>\n\t\t\t\t<\/div>\n\t\t\t\t<div class=\"elementor-element elementor-element-add99b4 elementor-widget elementor-widget-image\" data-id=\"add99b4\" data-element_type=\"widget\" data-e-type=\"widget\" data-widget_type=\"image.default\">\n\t\t\t\t<div class=\"elementor-widget-container\">\n\t\t\t\t\t\t\t\t\t\t\t\t<figure class=\"wp-caption\">\n\t\t\t\t\t\t\t\t\t\t<img loading=\"lazy\" decoding=\"async\" width=\"768\" height=\"512\" src=\"https:\/\/www.elturistatranquil.com\/wp-content\/uploads\/F17-Posada-de-Dona-Urraca-Fermoselle-Zamora.jpg\" class=\"attachment-large size-large wp-image-55351\" alt=\"Posada de Do\u00f1a Urraca, Fermoselle, Zamora\" srcset=\"https:\/\/www.elturistatranquil.com\/wp-content\/uploads\/F17-Posada-de-Dona-Urraca-Fermoselle-Zamora.jpg 768w, https:\/\/www.elturistatranquil.com\/wp-content\/uploads\/F17-Posada-de-Dona-Urraca-Fermoselle-Zamora-339x226.jpg 339w\" sizes=\"(max-width: 768px) 100vw, 768px\" \/>\t\t\t\t\t\t\t\t\t\t\t<figcaption class=\"widget-image-caption wp-caption-text\"><\/figcaption>\n\t\t\t\t\t\t\t\t\t\t<\/figure>\n\t\t\t\t\t\t\t\t\t<\/div>\n\t\t\t\t<\/div>\n\t\t\t\t<div class=\"elementor-element elementor-element-90628d1 elementor-widget elementor-widget-image\" data-id=\"90628d1\" data-element_type=\"widget\" data-e-type=\"widget\" data-widget_type=\"image.default\">\n\t\t\t\t<div class=\"elementor-widget-container\">\n\t\t\t\t\t\t\t\t\t\t\t\t<figure class=\"wp-caption\">\n\t\t\t\t\t\t\t\t\t\t<img loading=\"lazy\" decoding=\"async\" width=\"768\" height=\"512\" src=\"https:\/\/www.elturistatranquil.com\/wp-content\/uploads\/F15-Posada-de-Dona-Urraca-Fermoselle-Zamora.jpg\" class=\"attachment-large size-large wp-image-55347\" alt=\"Posada de Do\u00f1a Urraca, Fermoselle, Zamora\" srcset=\"https:\/\/www.elturistatranquil.com\/wp-content\/uploads\/F15-Posada-de-Dona-Urraca-Fermoselle-Zamora.jpg 768w, https:\/\/www.elturistatranquil.com\/wp-content\/uploads\/F15-Posada-de-Dona-Urraca-Fermoselle-Zamora-339x226.jpg 339w\" sizes=\"(max-width: 768px) 100vw, 768px\" \/>\t\t\t\t\t\t\t\t\t\t\t<figcaption class=\"widget-image-caption wp-caption-text\"><\/figcaption>\n\t\t\t\t\t\t\t\t\t\t<\/figure>\n\t\t\t\t\t\t\t\t\t<\/div>\n\t\t\t\t<\/div>\n\t\t\t\t<div class=\"elementor-element elementor-element-6b2c93f elementor-widget elementor-widget-image\" data-id=\"6b2c93f\" data-element_type=\"widget\" data-e-type=\"widget\" data-widget_type=\"image.default\">\n\t\t\t\t<div class=\"elementor-widget-container\">\n\t\t\t\t\t\t\t\t\t\t\t\t<figure class=\"wp-caption\">\n\t\t\t\t\t\t\t\t\t\t<img loading=\"lazy\" decoding=\"async\" width=\"768\" height=\"512\" src=\"https:\/\/www.elturistatranquil.com\/wp-content\/uploads\/F16-Posada-de-Dona-Urraca-Fermoselle-Zamora.jpg\" class=\"attachment-large size-large wp-image-55349\" alt=\"Posada de Do\u00f1a Urraca, Fermoselle, Zamora\" srcset=\"https:\/\/www.elturistatranquil.com\/wp-content\/uploads\/F16-Posada-de-Dona-Urraca-Fermoselle-Zamora.jpg 768w, https:\/\/www.elturistatranquil.com\/wp-content\/uploads\/F16-Posada-de-Dona-Urraca-Fermoselle-Zamora-339x226.jpg 339w\" sizes=\"(max-width: 768px) 100vw, 768px\" \/>\t\t\t\t\t\t\t\t\t\t\t<figcaption class=\"widget-image-caption wp-caption-text\"><\/figcaption>\n\t\t\t\t\t\t\t\t\t\t<\/figure>\n\t\t\t\t\t\t\t\t\t<\/div>\n\t\t\t\t<\/div>\n\t\t\t\t<div class=\"elementor-element elementor-element-19ca1e0 elementor-widget elementor-widget-image\" data-id=\"19ca1e0\" data-element_type=\"widget\" data-e-type=\"widget\" data-widget_type=\"image.default\">\n\t\t\t\t<div class=\"elementor-widget-container\">\n\t\t\t\t\t\t\t\t\t\t\t\t<figure class=\"wp-caption\">\n\t\t\t\t\t\t\t\t\t\t<img loading=\"lazy\" decoding=\"async\" width=\"768\" height=\"512\" src=\"https:\/\/www.elturistatranquil.com\/wp-content\/uploads\/F18-Posada-de-Dona-Urraca-Fermoselle-Zamora.jpg\" class=\"attachment-large size-large wp-image-55353\" alt=\"Posada de Do\u00f1a Urraca, Fermoselle, Zamora\" srcset=\"https:\/\/www.elturistatranquil.com\/wp-content\/uploads\/F18-Posada-de-Dona-Urraca-Fermoselle-Zamora.jpg 768w, https:\/\/www.elturistatranquil.com\/wp-content\/uploads\/F18-Posada-de-Dona-Urraca-Fermoselle-Zamora-339x226.jpg 339w\" sizes=\"(max-width: 768px) 100vw, 768px\" \/>\t\t\t\t\t\t\t\t\t\t\t<figcaption class=\"widget-image-caption wp-caption-text\"><\/figcaption>\n\t\t\t\t\t\t\t\t\t\t<\/figure>\n\t\t\t\t\t\t\t\t\t<\/div>\n\t\t\t\t<\/div>\n\t\t\t\t<div class=\"elementor-element elementor-element-3e7df2e elementor-widget elementor-widget-image\" data-id=\"3e7df2e\" data-element_type=\"widget\" data-e-type=\"widget\" data-widget_type=\"image.default\">\n\t\t\t\t<div class=\"elementor-widget-container\">\n\t\t\t\t\t\t\t\t\t\t\t\t<figure class=\"wp-caption\">\n\t\t\t\t\t\t\t\t\t\t<img loading=\"lazy\" decoding=\"async\" width=\"768\" height=\"512\" src=\"https:\/\/www.elturistatranquil.com\/wp-content\/uploads\/F19-Posada-de-Dona-Urraca-Fermoselle-Zamora.jpg\" class=\"attachment-large size-large wp-image-55358\" alt=\"Posada de Do\u00f1a Urraca, Fermoselle, Zamora\" srcset=\"https:\/\/www.elturistatranquil.com\/wp-content\/uploads\/F19-Posada-de-Dona-Urraca-Fermoselle-Zamora.jpg 768w, https:\/\/www.elturistatranquil.com\/wp-content\/uploads\/F19-Posada-de-Dona-Urraca-Fermoselle-Zamora-339x226.jpg 339w\" sizes=\"(max-width: 768px) 100vw, 768px\" \/>\t\t\t\t\t\t\t\t\t\t\t<figcaption class=\"widget-image-caption wp-caption-text\"><\/figcaption>\n\t\t\t\t\t\t\t\t\t\t<\/figure>\n\t\t\t\t\t\t\t\t\t<\/div>\n\t\t\t\t<\/div>\n\t\t\t\t<div class=\"elementor-element elementor-element-2b79398 elementor-widget elementor-widget-heading\" data-id=\"2b79398\" data-element_type=\"widget\" data-e-type=\"widget\" data-widget_type=\"heading.default\">\n\t\t\t\t<div class=\"elementor-widget-container\">\n\t\t\t\t\t<h5 class=\"elementor-heading-title elementor-size-default\">L'esmorzar. El restaurant<\/h5>\t\t\t\t<\/div>\n\t\t\t\t<\/div>\n\t\t\t\t<div class=\"elementor-element elementor-element-84e9c71 elementor-widget elementor-widget-text-editor\" data-id=\"84e9c71\" data-element_type=\"widget\" data-e-type=\"widget\" data-widget_type=\"text-editor.default\">\n\t\t\t\t<div class=\"elementor-widget-container\">\n\t\t\t\t\t\t\t\t\t<p>Un bufet cl\u00e0ssic i ben assortit aportar\u00e0 l&#8217;energia per enfrontar-se a les intenses jornades que transcorreran per aquest territori carregat d&#8217;hist\u00f2ria i amb una naturalesa desbordant en tots els seus recorreguts.<\/p><p>Una particularitat \u00e9s que de la cuina de Carmina sortir\u00e0 tota la brioixeria casolana.<\/p>\t\t\t\t\t\t\t\t<\/div>\n\t\t\t\t<\/div>\n\t\t\t\t<div class=\"elementor-element elementor-element-a230fd6 elementor-widget elementor-widget-image\" data-id=\"a230fd6\" data-element_type=\"widget\" data-e-type=\"widget\" data-widget_type=\"image.default\">\n\t\t\t\t<div class=\"elementor-widget-container\">\n\t\t\t\t\t\t\t\t\t\t\t\t<figure class=\"wp-caption\">\n\t\t\t\t\t\t\t\t\t\t<img loading=\"lazy\" decoding=\"async\" width=\"768\" height=\"512\" src=\"https:\/\/www.elturistatranquil.com\/wp-content\/uploads\/F20-Posada-de-Dona-Urraca-Fermoselle-Zamora.jpg\" class=\"attachment-large size-large wp-image-55360\" alt=\"F17\" srcset=\"https:\/\/www.elturistatranquil.com\/wp-content\/uploads\/F20-Posada-de-Dona-Urraca-Fermoselle-Zamora.jpg 768w, https:\/\/www.elturistatranquil.com\/wp-content\/uploads\/F20-Posada-de-Dona-Urraca-Fermoselle-Zamora-339x226.jpg 339w\" sizes=\"(max-width: 768px) 100vw, 768px\" \/>\t\t\t\t\t\t\t\t\t\t\t<figcaption class=\"widget-image-caption wp-caption-text\"><\/figcaption>\n\t\t\t\t\t\t\t\t\t\t<\/figure>\n\t\t\t\t\t\t\t\t\t<\/div>\n\t\t\t\t<\/div>\n\t\t\t\t<div class=\"elementor-element elementor-element-3d83d29 elementor-widget elementor-widget-text-editor\" data-id=\"3d83d29\" data-element_type=\"widget\" data-e-type=\"widget\" data-widget_type=\"text-editor.default\">\n\t\t\t\t<div class=\"elementor-widget-container\">\n\t\t\t\t\t\t\t\t\t<p>Com es pot apreciar, l&#8217;espai\u00f3s i ben disposat menjador crea el clima adient per a un bon gaudi del m\u00e0xim nombre de menjars que puguem realitzar al restaurant, signe de l&#8217;excel\u00b7lent qualitat de la cuina en mans de Carmina.<\/p>\t\t\t\t\t\t\t\t<\/div>\n\t\t\t\t<\/div>\n\t\t\t\t<div class=\"elementor-element elementor-element-6d6eb6c elementor-widget elementor-widget-image\" data-id=\"6d6eb6c\" data-element_type=\"widget\" data-e-type=\"widget\" data-widget_type=\"image.default\">\n\t\t\t\t<div class=\"elementor-widget-container\">\n\t\t\t\t\t\t\t\t\t\t\t\t<figure class=\"wp-caption\">\n\t\t\t\t\t\t\t\t\t\t<img loading=\"lazy\" decoding=\"async\" width=\"768\" height=\"512\" src=\"https:\/\/www.elturistatranquil.com\/wp-content\/uploads\/F21-Posada-de-Dona-Urraca-Fermoselle-Zamora.jpg\" class=\"attachment-large size-large wp-image-55365\" alt=\"Posada de Do\u00f1a Urraca, Fermoselle, Zamora\" srcset=\"https:\/\/www.elturistatranquil.com\/wp-content\/uploads\/F21-Posada-de-Dona-Urraca-Fermoselle-Zamora.jpg 768w, https:\/\/www.elturistatranquil.com\/wp-content\/uploads\/F21-Posada-de-Dona-Urraca-Fermoselle-Zamora-339x226.jpg 339w\" sizes=\"(max-width: 768px) 100vw, 768px\" \/>\t\t\t\t\t\t\t\t\t\t\t<figcaption class=\"widget-image-caption wp-caption-text\"><\/figcaption>\n\t\t\t\t\t\t\t\t\t\t<\/figure>\n\t\t\t\t\t\t\t\t\t<\/div>\n\t\t\t\t<\/div>\n\t\t\t\t<div class=\"elementor-element elementor-element-b4d66f7 elementor-widget elementor-widget-image\" data-id=\"b4d66f7\" data-element_type=\"widget\" data-e-type=\"widget\" data-widget_type=\"image.default\">\n\t\t\t\t<div class=\"elementor-widget-container\">\n\t\t\t\t\t\t\t\t\t\t\t\t<figure class=\"wp-caption\">\n\t\t\t\t\t\t\t\t\t\t<img loading=\"lazy\" decoding=\"async\" width=\"768\" height=\"512\" src=\"https:\/\/www.elturistatranquil.com\/wp-content\/uploads\/F22-Posada-de-Dona-Urraca-Fermoselle-Zamora.jpg\" class=\"attachment-large size-large wp-image-55371\" alt=\"Posada de Do\u00f1a Urraca, Fermoselle, Zamora\" srcset=\"https:\/\/www.elturistatranquil.com\/wp-content\/uploads\/F22-Posada-de-Dona-Urraca-Fermoselle-Zamora.jpg 768w, https:\/\/www.elturistatranquil.com\/wp-content\/uploads\/F22-Posada-de-Dona-Urraca-Fermoselle-Zamora-339x226.jpg 339w\" sizes=\"(max-width: 768px) 100vw, 768px\" \/>\t\t\t\t\t\t\t\t\t\t\t<figcaption class=\"widget-image-caption wp-caption-text\"><\/figcaption>\n\t\t\t\t\t\t\t\t\t\t<\/figure>\n\t\t\t\t\t\t\t\t\t<\/div>\n\t\t\t\t<\/div>\n\t\t\t\t<div class=\"elementor-element elementor-element-8ef7b44 elementor-widget elementor-widget-heading\" data-id=\"8ef7b44\" data-element_type=\"widget\" data-e-type=\"widget\" data-widget_type=\"heading.default\">\n\t\t\t\t<div class=\"elementor-widget-container\">\n\t\t\t\t\t<h5 class=\"elementor-heading-title elementor-size-default\">L'ambient de l'hotel, llocs comuns i instal\u00b7lacions<\/h5>\t\t\t\t<\/div>\n\t\t\t\t<\/div>\n\t\t\t\t<div class=\"elementor-element elementor-element-9108e3b elementor-widget elementor-widget-text-editor\" data-id=\"9108e3b\" data-element_type=\"widget\" data-e-type=\"widget\" data-widget_type=\"text-editor.default\">\n\t\t\t\t<div class=\"elementor-widget-container\">\n\t\t\t\t\t\t\t\t\t<p>Diferents punts de rep\u00f2s o d&#8217;espera creen un ambient c\u00e0lid a la Posada, a la qual ajuden els objectes o representacions de tipus etnogr\u00e0fic repartits per tot el conjunt.<\/p>\t\t\t\t\t\t\t\t<\/div>\n\t\t\t\t<\/div>\n\t\t\t\t<div class=\"elementor-element elementor-element-10d0175 elementor-widget elementor-widget-image\" data-id=\"10d0175\" data-element_type=\"widget\" data-e-type=\"widget\" data-widget_type=\"image.default\">\n\t\t\t\t<div class=\"elementor-widget-container\">\n\t\t\t\t\t\t\t\t\t\t\t\t<figure class=\"wp-caption\">\n\t\t\t\t\t\t\t\t\t\t<img loading=\"lazy\" decoding=\"async\" width=\"768\" height=\"512\" src=\"https:\/\/www.elturistatranquil.com\/wp-content\/uploads\/F23-Posada-de-Dona-Urraca-Fermoselle-Zamora.jpg\" class=\"attachment-large size-large wp-image-55369\" alt=\"Posada de Do\u00f1a Urraca, Fermoselle, Zamora\" srcset=\"https:\/\/www.elturistatranquil.com\/wp-content\/uploads\/F23-Posada-de-Dona-Urraca-Fermoselle-Zamora.jpg 768w, https:\/\/www.elturistatranquil.com\/wp-content\/uploads\/F23-Posada-de-Dona-Urraca-Fermoselle-Zamora-339x226.jpg 339w\" sizes=\"(max-width: 768px) 100vw, 768px\" \/>\t\t\t\t\t\t\t\t\t\t\t<figcaption class=\"widget-image-caption wp-caption-text\"><\/figcaption>\n\t\t\t\t\t\t\t\t\t\t<\/figure>\n\t\t\t\t\t\t\t\t\t<\/div>\n\t\t\t\t<\/div>\n\t\t\t\t<div class=\"elementor-element elementor-element-34c78a7 elementor-widget elementor-widget-image\" data-id=\"34c78a7\" data-element_type=\"widget\" data-e-type=\"widget\" data-widget_type=\"image.default\">\n\t\t\t\t<div class=\"elementor-widget-container\">\n\t\t\t\t\t\t\t\t\t\t\t\t<figure class=\"wp-caption\">\n\t\t\t\t\t\t\t\t\t\t<img loading=\"lazy\" decoding=\"async\" width=\"768\" height=\"512\" src=\"https:\/\/www.elturistatranquil.com\/wp-content\/uploads\/F24-Posada-de-Dona-Urraca-Fermoselle-Zamora.jpg\" class=\"attachment-large size-large wp-image-55373\" alt=\"Posada de Do\u00f1a Urraca, Fermoselle, Zamora\" srcset=\"https:\/\/www.elturistatranquil.com\/wp-content\/uploads\/F24-Posada-de-Dona-Urraca-Fermoselle-Zamora.jpg 768w, https:\/\/www.elturistatranquil.com\/wp-content\/uploads\/F24-Posada-de-Dona-Urraca-Fermoselle-Zamora-339x226.jpg 339w\" sizes=\"(max-width: 768px) 100vw, 768px\" \/>\t\t\t\t\t\t\t\t\t\t\t<figcaption class=\"widget-image-caption wp-caption-text\"><\/figcaption>\n\t\t\t\t\t\t\t\t\t\t<\/figure>\n\t\t\t\t\t\t\t\t\t<\/div>\n\t\t\t\t<\/div>\n\t\t\t\t<div class=\"elementor-element elementor-element-56e8a93 elementor-widget elementor-widget-image\" data-id=\"56e8a93\" data-element_type=\"widget\" data-e-type=\"widget\" data-widget_type=\"image.default\">\n\t\t\t\t<div class=\"elementor-widget-container\">\n\t\t\t\t\t\t\t\t\t\t\t\t<figure class=\"wp-caption\">\n\t\t\t\t\t\t\t\t\t\t<img loading=\"lazy\" decoding=\"async\" width=\"768\" height=\"512\" src=\"https:\/\/www.elturistatranquil.com\/wp-content\/uploads\/F25-Posada-de-Dona-Urraca-Fermoselle-Zamora.jpg\" class=\"attachment-large size-large wp-image-55375\" alt=\"Posada de Do\u00f1a Urraca, Fermoselle, Zamora\" srcset=\"https:\/\/www.elturistatranquil.com\/wp-content\/uploads\/F25-Posada-de-Dona-Urraca-Fermoselle-Zamora.jpg 768w, https:\/\/www.elturistatranquil.com\/wp-content\/uploads\/F25-Posada-de-Dona-Urraca-Fermoselle-Zamora-339x226.jpg 339w\" sizes=\"(max-width: 768px) 100vw, 768px\" \/>\t\t\t\t\t\t\t\t\t\t\t<figcaption class=\"widget-image-caption wp-caption-text\"><\/figcaption>\n\t\t\t\t\t\t\t\t\t\t<\/figure>\n\t\t\t\t\t\t\t\t\t<\/div>\n\t\t\t\t<\/div>\n\t\t\t\t<div class=\"elementor-element elementor-element-94e64cd elementor-widget elementor-widget-image\" data-id=\"94e64cd\" data-element_type=\"widget\" data-e-type=\"widget\" data-widget_type=\"image.default\">\n\t\t\t\t<div class=\"elementor-widget-container\">\n\t\t\t\t\t\t\t\t\t\t\t\t<figure class=\"wp-caption\">\n\t\t\t\t\t\t\t\t\t\t<img loading=\"lazy\" decoding=\"async\" width=\"768\" height=\"512\" src=\"https:\/\/www.elturistatranquil.com\/wp-content\/uploads\/F26-Posada-de-Dona-Urraca-Fermoselle-Zamora.jpg\" class=\"attachment-large size-large wp-image-55377\" alt=\"Posada de Do\u00f1a Urraca, Fermoselle, Zamora\" srcset=\"https:\/\/www.elturistatranquil.com\/wp-content\/uploads\/F26-Posada-de-Dona-Urraca-Fermoselle-Zamora.jpg 768w, https:\/\/www.elturistatranquil.com\/wp-content\/uploads\/F26-Posada-de-Dona-Urraca-Fermoselle-Zamora-339x226.jpg 339w\" sizes=\"(max-width: 768px) 100vw, 768px\" \/>\t\t\t\t\t\t\t\t\t\t\t<figcaption class=\"widget-image-caption wp-caption-text\"><\/figcaption>\n\t\t\t\t\t\t\t\t\t\t<\/figure>\n\t\t\t\t\t\t\t\t\t<\/div>\n\t\t\t\t<\/div>\n\t\t\t\t<div class=\"elementor-element elementor-element-ccfc216 elementor-widget elementor-widget-image\" data-id=\"ccfc216\" data-element_type=\"widget\" data-e-type=\"widget\" data-widget_type=\"image.default\">\n\t\t\t\t<div class=\"elementor-widget-container\">\n\t\t\t\t\t\t\t\t\t\t\t\t<figure class=\"wp-caption\">\n\t\t\t\t\t\t\t\t\t\t<img loading=\"lazy\" decoding=\"async\" width=\"768\" height=\"512\" src=\"https:\/\/www.elturistatranquil.com\/wp-content\/uploads\/F27-Posada-de-Dona-Urraca-Fermoselle-Zamora.jpg\" class=\"attachment-large size-large wp-image-55379\" alt=\"Posada de Do\u00f1a Urraca, Fermoselle, Zamora\" srcset=\"https:\/\/www.elturistatranquil.com\/wp-content\/uploads\/F27-Posada-de-Dona-Urraca-Fermoselle-Zamora.jpg 768w, https:\/\/www.elturistatranquil.com\/wp-content\/uploads\/F27-Posada-de-Dona-Urraca-Fermoselle-Zamora-339x226.jpg 339w\" sizes=\"(max-width: 768px) 100vw, 768px\" \/>\t\t\t\t\t\t\t\t\t\t\t<figcaption class=\"widget-image-caption wp-caption-text\"><\/figcaption>\n\t\t\t\t\t\t\t\t\t\t<\/figure>\n\t\t\t\t\t\t\t\t\t<\/div>\n\t\t\t\t<\/div>\n\t\t\t\t<div class=\"elementor-element elementor-element-bc5c6b0 elementor-widget elementor-widget-text-editor\" data-id=\"bc5c6b0\" data-element_type=\"widget\" data-e-type=\"widget\" data-widget_type=\"text-editor.default\">\n\t\t\t\t<div class=\"elementor-widget-container\">\n\t\t\t\t\t\t\t\t\t<p>Com he assenyalat al principi, un conjunt de terrasses que en altres temps haurien servit com a feixes per al cultiu agr\u00edcola esglaonat, est\u00e0 ara condicionat per al gaudi dels allotjats.<\/p>\t\t\t\t\t\t\t\t<\/div>\n\t\t\t\t<\/div>\n\t\t\t\t<div class=\"elementor-element elementor-element-e0171fd elementor-widget elementor-widget-image\" data-id=\"e0171fd\" data-element_type=\"widget\" data-e-type=\"widget\" data-widget_type=\"image.default\">\n\t\t\t\t<div class=\"elementor-widget-container\">\n\t\t\t\t\t\t\t\t\t\t\t\t<figure class=\"wp-caption\">\n\t\t\t\t\t\t\t\t\t\t<img loading=\"lazy\" decoding=\"async\" width=\"768\" height=\"512\" src=\"https:\/\/www.elturistatranquil.com\/wp-content\/uploads\/F05-Posada-de-Dona-Urraca-Fermoselle-Zamora.jpg\" class=\"attachment-large size-large wp-image-55324\" alt=\"Posada de Do\u00f1a Urraca, Fermoselle, Zamora\" srcset=\"https:\/\/www.elturistatranquil.com\/wp-content\/uploads\/F05-Posada-de-Dona-Urraca-Fermoselle-Zamora.jpg 768w, https:\/\/www.elturistatranquil.com\/wp-content\/uploads\/F05-Posada-de-Dona-Urraca-Fermoselle-Zamora-339x226.jpg 339w\" sizes=\"(max-width: 768px) 100vw, 768px\" \/>\t\t\t\t\t\t\t\t\t\t\t<figcaption class=\"widget-image-caption wp-caption-text\"><\/figcaption>\n\t\t\t\t\t\t\t\t\t\t<\/figure>\n\t\t\t\t\t\t\t\t\t<\/div>\n\t\t\t\t<\/div>\n\t\t\t\t<div class=\"elementor-element elementor-element-8208d1f elementor-widget elementor-widget-text-editor\" data-id=\"8208d1f\" data-element_type=\"widget\" data-e-type=\"widget\" data-widget_type=\"text-editor.default\">\n\t\t\t\t<div class=\"elementor-widget-container\">\n\t\t\t\t\t\t\t\t\t<p>Ajuda a potenciar l&#8217;ambient rural i vin\u00edcola de la zona antics aparells del treball artesanal, com ara aquesta premsa per a vi.<\/p>\t\t\t\t\t\t\t\t<\/div>\n\t\t\t\t<\/div>\n\t\t\t\t<div class=\"elementor-element elementor-element-45ed20e elementor-widget elementor-widget-image\" data-id=\"45ed20e\" data-element_type=\"widget\" data-e-type=\"widget\" data-widget_type=\"image.default\">\n\t\t\t\t<div class=\"elementor-widget-container\">\n\t\t\t\t\t\t\t\t\t\t\t\t<figure class=\"wp-caption\">\n\t\t\t\t\t\t\t\t\t\t<img loading=\"lazy\" decoding=\"async\" width=\"768\" height=\"512\" src=\"https:\/\/www.elturistatranquil.com\/wp-content\/uploads\/F29-Posada-de-Dona-Urraca-Fermoselle-Zamora.jpg\" class=\"attachment-large size-large wp-image-55384\" alt=\"Posada de Do\u00f1a Urraca, Fermoselle, Zamora\" srcset=\"https:\/\/www.elturistatranquil.com\/wp-content\/uploads\/F29-Posada-de-Dona-Urraca-Fermoselle-Zamora.jpg 768w, https:\/\/www.elturistatranquil.com\/wp-content\/uploads\/F29-Posada-de-Dona-Urraca-Fermoselle-Zamora-339x226.jpg 339w\" sizes=\"(max-width: 768px) 100vw, 768px\" \/>\t\t\t\t\t\t\t\t\t\t\t<figcaption class=\"widget-image-caption wp-caption-text\"><\/figcaption>\n\t\t\t\t\t\t\t\t\t\t<\/figure>\n\t\t\t\t\t\t\t\t\t<\/div>\n\t\t\t\t<\/div>\n\t\t\t\t<div class=\"elementor-element elementor-element-c066b44 elementor-widget elementor-widget-heading\" data-id=\"c066b44\" data-element_type=\"widget\" data-e-type=\"widget\" data-widget_type=\"heading.default\">\n\t\t\t\t<div class=\"elementor-widget-container\">\n\t\t\t\t\t<h5 class=\"elementor-heading-title elementor-size-default\">L'entorn<\/h5>\t\t\t\t<\/div>\n\t\t\t\t<\/div>\n\t\t\t\t<div class=\"elementor-element elementor-element-dd9ce70 elementor-widget elementor-widget-text-editor\" data-id=\"dd9ce70\" data-element_type=\"widget\" data-e-type=\"widget\" data-widget_type=\"text-editor.default\">\n\t\t\t\t<div class=\"elementor-widget-container\">\n\t\t\t\t\t\t\t\t\t<p>A l&#8217;entorn immediat de la Posada podem apreciar un abandonat refugi pastoral de pedra seca. Les edificacions auxiliars agr\u00e0ries i ramaderes que es practicava amb ramats de cabres i ovelles (chiviteros), ser\u00e0 un dels atractius que aprofitarem per visitar durant la nostra estada.<\/p>\t\t\t\t\t\t\t\t<\/div>\n\t\t\t\t<\/div>\n\t\t\t\t<div class=\"elementor-element elementor-element-765900a elementor-widget elementor-widget-image\" data-id=\"765900a\" data-element_type=\"widget\" data-e-type=\"widget\" data-widget_type=\"image.default\">\n\t\t\t\t<div class=\"elementor-widget-container\">\n\t\t\t\t\t\t\t\t\t\t\t\t<figure class=\"wp-caption\">\n\t\t\t\t\t\t\t\t\t\t<img loading=\"lazy\" decoding=\"async\" width=\"768\" height=\"512\" src=\"https:\/\/www.elturistatranquil.com\/wp-content\/uploads\/F30-Posada-de-Dona-Urraca-Fermoselle-Zamora.jpg\" class=\"attachment-large size-large wp-image-55386\" alt=\"Posada de Do\u00f1a Urraca, Fermoselle, Zamora\" srcset=\"https:\/\/www.elturistatranquil.com\/wp-content\/uploads\/F30-Posada-de-Dona-Urraca-Fermoselle-Zamora.jpg 768w, https:\/\/www.elturistatranquil.com\/wp-content\/uploads\/F30-Posada-de-Dona-Urraca-Fermoselle-Zamora-339x226.jpg 339w\" sizes=\"(max-width: 768px) 100vw, 768px\" \/>\t\t\t\t\t\t\t\t\t\t\t<figcaption class=\"widget-image-caption wp-caption-text\"><\/figcaption>\n\t\t\t\t\t\t\t\t\t\t<\/figure>\n\t\t\t\t\t\t\t\t\t<\/div>\n\t\t\t\t<\/div>\n\t\t\t\t<div class=\"elementor-element elementor-element-b10dde3 elementor-widget elementor-widget-text-editor\" data-id=\"b10dde3\" data-element_type=\"widget\" data-e-type=\"widget\" data-widget_type=\"text-editor.default\">\n\t\t\t\t<div class=\"elementor-widget-container\">\n\t\t\t\t\t\t\t\t\t<p>Les vistes des de la terrassa d&#8217;entrada i des de les feixes que pugen per la muntanya ofereixen una panor\u00e0mica canviant al llarg del dia i les estacions, tant de Fermoselle com dels Arribes.<\/p><p>En qualsevol cas, la retina es va quedant amb la imatge de Fermoselle, amb el castell de tur\u00f3 a l&#8217;extrem sobre la vall del Duero.<\/p><p>La humitat que emana del Duero, i els capvespres cap a ponent, m\u00e9s enll\u00e0 dels l\u00edmits de Portugal, ofereixen als amants de la fotografia, la possibilitat d&#8217;obtenir interessants instant\u00e0nies.<\/p>\t\t\t\t\t\t\t\t<\/div>\n\t\t\t\t<\/div>\n\t\t\t\t<div class=\"elementor-element elementor-element-40c8a63 elementor-widget elementor-widget-image\" data-id=\"40c8a63\" data-element_type=\"widget\" data-e-type=\"widget\" data-widget_type=\"image.default\">\n\t\t\t\t<div class=\"elementor-widget-container\">\n\t\t\t\t\t\t\t\t\t\t\t\t<figure class=\"wp-caption\">\n\t\t\t\t\t\t\t\t\t\t<img loading=\"lazy\" decoding=\"async\" width=\"768\" height=\"512\" src=\"https:\/\/www.elturistatranquil.com\/wp-content\/uploads\/F31-Posada-de-Dona-Urraca-Fermoselle-Zamora.jpg\" class=\"attachment-large size-large wp-image-55388\" alt=\"Posada de Do\u00f1a Urraca, Fermoselle, Zamora\" srcset=\"https:\/\/www.elturistatranquil.com\/wp-content\/uploads\/F31-Posada-de-Dona-Urraca-Fermoselle-Zamora.jpg 768w, https:\/\/www.elturistatranquil.com\/wp-content\/uploads\/F31-Posada-de-Dona-Urraca-Fermoselle-Zamora-339x226.jpg 339w\" sizes=\"(max-width: 768px) 100vw, 768px\" \/>\t\t\t\t\t\t\t\t\t\t\t<figcaption class=\"widget-image-caption wp-caption-text\"><\/figcaption>\n\t\t\t\t\t\t\t\t\t\t<\/figure>\n\t\t\t\t\t\t\t\t\t<\/div>\n\t\t\t\t<\/div>\n\t\t\t\t<div class=\"elementor-element elementor-element-52329f4 elementor-widget elementor-widget-image\" data-id=\"52329f4\" data-element_type=\"widget\" data-e-type=\"widget\" data-widget_type=\"image.default\">\n\t\t\t\t<div class=\"elementor-widget-container\">\n\t\t\t\t\t\t\t\t\t\t\t\t<figure class=\"wp-caption\">\n\t\t\t\t\t\t\t\t\t\t<img loading=\"lazy\" decoding=\"async\" width=\"768\" height=\"512\" src=\"https:\/\/www.elturistatranquil.com\/wp-content\/uploads\/F32-Posada-de-Dona-Urraca-Fermoselle-Zamora.jpg\" class=\"attachment-large size-large wp-image-55390\" alt=\"Posada de Do\u00f1a Urraca, Fermoselle, Zamora\" srcset=\"https:\/\/www.elturistatranquil.com\/wp-content\/uploads\/F32-Posada-de-Dona-Urraca-Fermoselle-Zamora.jpg 768w, https:\/\/www.elturistatranquil.com\/wp-content\/uploads\/F32-Posada-de-Dona-Urraca-Fermoselle-Zamora-339x226.jpg 339w\" sizes=\"(max-width: 768px) 100vw, 768px\" \/>\t\t\t\t\t\t\t\t\t\t\t<figcaption class=\"widget-image-caption wp-caption-text\"><\/figcaption>\n\t\t\t\t\t\t\t\t\t\t<\/figure>\n\t\t\t\t\t\t\t\t\t<\/div>\n\t\t\t\t<\/div>\n\t\t\t\t<div class=\"elementor-element elementor-element-104e84f elementor-widget elementor-widget-image\" data-id=\"104e84f\" data-element_type=\"widget\" data-e-type=\"widget\" data-widget_type=\"image.default\">\n\t\t\t\t<div class=\"elementor-widget-container\">\n\t\t\t\t\t\t\t\t\t\t\t\t<figure class=\"wp-caption\">\n\t\t\t\t\t\t\t\t\t\t<img loading=\"lazy\" decoding=\"async\" width=\"768\" height=\"512\" src=\"https:\/\/www.elturistatranquil.com\/wp-content\/uploads\/F32b-Posada-de-Dona-Urraca-Fermoselle-Zamora.jpg\" class=\"attachment-large size-large wp-image-55392\" alt=\"Posada de Do\u00f1a Urraca, Fermoselle, Zamora\" srcset=\"https:\/\/www.elturistatranquil.com\/wp-content\/uploads\/F32b-Posada-de-Dona-Urraca-Fermoselle-Zamora.jpg 768w, https:\/\/www.elturistatranquil.com\/wp-content\/uploads\/F32b-Posada-de-Dona-Urraca-Fermoselle-Zamora-339x226.jpg 339w\" sizes=\"(max-width: 768px) 100vw, 768px\" \/>\t\t\t\t\t\t\t\t\t\t\t<figcaption class=\"widget-image-caption wp-caption-text\"><\/figcaption>\n\t\t\t\t\t\t\t\t\t\t<\/figure>\n\t\t\t\t\t\t\t\t\t<\/div>\n\t\t\t\t<\/div>\n\t\t\t\t<div class=\"elementor-element elementor-element-05363a3 elementor-widget elementor-widget-image\" data-id=\"05363a3\" data-element_type=\"widget\" data-e-type=\"widget\" data-widget_type=\"image.default\">\n\t\t\t\t<div class=\"elementor-widget-container\">\n\t\t\t\t\t\t\t\t\t\t\t\t<figure class=\"wp-caption\">\n\t\t\t\t\t\t\t\t\t\t<img loading=\"lazy\" decoding=\"async\" width=\"768\" height=\"433\" src=\"https:\/\/www.elturistatranquil.com\/wp-content\/uploads\/F33-Posada-de-Dona-Urraca-Fermoselle-Zamora.jpg\" class=\"attachment-large size-large wp-image-55394\" alt=\"Posada de Do\u00f1a Urraca, Fermoselle, Zamora\" srcset=\"https:\/\/www.elturistatranquil.com\/wp-content\/uploads\/F33-Posada-de-Dona-Urraca-Fermoselle-Zamora.jpg 768w, https:\/\/www.elturistatranquil.com\/wp-content\/uploads\/F33-Posada-de-Dona-Urraca-Fermoselle-Zamora-339x191.jpg 339w\" sizes=\"(max-width: 768px) 100vw, 768px\" \/>\t\t\t\t\t\t\t\t\t\t\t<figcaption class=\"widget-image-caption wp-caption-text\"><\/figcaption>\n\t\t\t\t\t\t\t\t\t\t<\/figure>\n\t\t\t\t\t\t\t\t\t<\/div>\n\t\t\t\t<\/div>\n\t\t\t\t<div class=\"elementor-element elementor-element-d5ae18e elementor-widget elementor-widget-heading\" data-id=\"d5ae18e\" data-element_type=\"widget\" data-e-type=\"widget\" data-widget_type=\"heading.default\">\n\t\t\t\t<div class=\"elementor-widget-container\">\n\t\t\t\t\t<h2 class=\"elementor-heading-title elementor-size-default\">Propostes de sortides<\/h2>\t\t\t\t<\/div>\n\t\t\t\t<\/div>\n\t\t\t\t<div class=\"elementor-element elementor-element-22144a62 elementor-widget elementor-widget-heading\" data-id=\"22144a62\" data-element_type=\"widget\" data-e-type=\"widget\" data-widget_type=\"heading.default\">\n\t\t\t\t<div class=\"elementor-widget-container\">\n\t\t\t\t\t<h4 class=\"elementor-heading-title elementor-size-default\">El territori: Parc natural Arribes del Duero<\/h4>\t\t\t\t<\/div>\n\t\t\t\t<\/div>\n\t\t\t\t<div class=\"elementor-element elementor-element-6e3a57f elementor-widget elementor-widget-text-editor\" data-id=\"6e3a57f\" data-element_type=\"widget\" data-e-type=\"widget\" data-widget_type=\"text-editor.default\">\n\t\t\t\t<div class=\"elementor-widget-container\">\n\t\t\t\t\t\t\t\t\t<p>A l&#8217;extrem nord-oest de la prov\u00edncia de Salamanca i al sud-oest de Zamora, tocant a l&#8217;oest amb Portugal, es troba delimitat el <a href=\"https:\/\/www.elturistatranquil.com\/ca\/arribes-del-duero-a-zamora\/\" target=\"_blank\" rel=\"noopener\"><strong>Parc Natural Arribes del Duero<\/strong><\/a>.<\/p><p>Dins dels l\u00edmits del Parc es troben interessants localitats com la vila de <a href=\"https:\/\/www.elturistatranquil.com\/ca\/fermoselle-zamora\/\" target=\"_blank\" rel=\"noopener\"><strong>Fermoselle<\/strong><\/a> a la part zamorana o <strong>San Felices de los Gallegos <\/strong>a la part salmantina, ambdues declarades <em>Conjunt Hist\u00f2ric Art\u00edstic<\/em>. Encara que gaireb\u00e9 totes les localitats de Arribes del Duero presenten un ric Patrimoni en vestigis vetons, com els castros, tombes antropom\u00f2rfiques, esteles, fonts medievals i un ric llegat de la vida de cultiu i ramadera com molins, trulls o \u201cchiviteros\u201d.<\/p>\t\t\t\t\t\t\t\t<\/div>\n\t\t\t\t<\/div>\n\t\t\t\t<div class=\"elementor-element elementor-element-b6cec9e elementor-widget elementor-widget-image\" data-id=\"b6cec9e\" data-element_type=\"widget\" data-e-type=\"widget\" data-widget_type=\"image.default\">\n\t\t\t\t<div class=\"elementor-widget-container\">\n\t\t\t\t\t\t\t\t\t\t\t\t<figure class=\"wp-caption\">\n\t\t\t\t\t\t\t\t\t\t<img loading=\"lazy\" decoding=\"async\" width=\"520\" height=\"600\" src=\"https:\/\/www.elturistatranquil.com\/wp-content\/uploads\/F34-Parque-Natural-Arribes-del-Duero.jpg\" class=\"attachment-large size-large wp-image-55396\" alt=\"Parque Natural Arribes del Duero\" srcset=\"https:\/\/www.elturistatranquil.com\/wp-content\/uploads\/F34-Parque-Natural-Arribes-del-Duero.jpg 520w, https:\/\/www.elturistatranquil.com\/wp-content\/uploads\/F34-Parque-Natural-Arribes-del-Duero-196x226.jpg 196w\" sizes=\"(max-width: 520px) 100vw, 520px\" \/>\t\t\t\t\t\t\t\t\t\t\t<figcaption class=\"widget-image-caption wp-caption-text\">Parc Natural de Arribes del Duero<\/figcaption>\n\t\t\t\t\t\t\t\t\t\t<\/figure>\n\t\t\t\t\t\t\t\t\t<\/div>\n\t\t\t\t<\/div>\n\t\t\t\t<div class=\"elementor-element elementor-element-388a052 elementor-widget elementor-widget-text-editor\" data-id=\"388a052\" data-element_type=\"widget\" data-e-type=\"widget\" data-widget_type=\"text-editor.default\">\n\t\t\t\t<div class=\"elementor-widget-container\">\n\t\t\t\t\t\t\t\t\t<p>El seg\u00fcent \u00e9s un esquema dels interessos que van centrar la nostra atenci\u00f3 per on ens v\u00e0rem moure en aquesta sortida. \u00c9s un redu\u00eft grup d&#8217;aspectes for\u00e7a concrets dins l&#8217;ampli ventall de possibilitats paisatg\u00edstic culturals que ofereix la prov\u00edncia de Zamora.<\/p>\t\t\t\t\t\t\t\t<\/div>\n\t\t\t\t<\/div>\n\t\t\t\t<div class=\"elementor-element elementor-element-be3cda1 elementor-widget elementor-widget-heading\" data-id=\"be3cda1\" data-element_type=\"widget\" data-e-type=\"widget\" data-widget_type=\"heading.default\">\n\t\t\t\t<div class=\"elementor-widget-container\">\n\t\t\t\t\t<h4 class=\"elementor-heading-title elementor-size-default\">Miradors del Duero<\/h4>\t\t\t\t<\/div>\n\t\t\t\t<\/div>\n\t\t\t\t<div class=\"elementor-element elementor-element-e715272 elementor-widget elementor-widget-text-editor\" data-id=\"e715272\" data-element_type=\"widget\" data-e-type=\"widget\" data-widget_type=\"text-editor.default\">\n\t\t\t\t<div class=\"elementor-widget-container\">\n\t\t\t\t\t\t\t\t\t<p>Una experi\u00e8ncia paisatg\u00edstica inoblidable \u00e9s observar el curs del riu Duero, aix\u00ed com dels seus afluents com el Tormes, des dels nombrosos miradors que es troben al gaireb\u00e9 centenar de quil\u00f2metres del recorregut.<\/p><p>He comptabilitzat m\u00e9s de 70 miradors proposats pels seus empla\u00e7aments estrat\u00e8gics des d&#8217;on obtenir espectaculars perspectives.<\/p><p>Els que vam triar van ser:<\/p><p><strong><em>Sobre el riu Duero<\/em><\/strong>:<\/p><p><a href=\"https:\/\/www.elturistatranquil.com\/ca\/arribes-del-duero-a-zamora\/\" target=\"_blank\" rel=\"noopener\"><strong>Mirador del Meandre del riu Duero<\/strong><\/a>, Pinilla de Fermoselle (41\u00b021\u203248\u2033N 6\u00b022\u203223\u2033W)<br \/><a href=\"https:\/\/www.elturistatranquil.com\/ca\/arribes-del-duero-a-zamora\/\" target=\"_blank\" rel=\"noopener\"><strong>Mirador de las Barrancas<\/strong><\/a>, Cozcurrita, Fariza (41\u00b026\u203226\u2033N 6\u00b017\u203226\u2033W). Es troba al costat de l\u2019<a href=\"https:\/\/www.elturistatranquil.com\/ca\/arribes-del-duero-a-zamora\/\" target=\"_blank\" rel=\"noopener\"><strong>Ermita de Nuestra Se\u00f1ora del Castillo<\/strong><\/a>.<br \/><a href=\"https:\/\/www.elturistatranquil.com\/ca\/arribes-del-duero-a-zamora\/\" target=\"_blank\" rel=\"noopener\"><strong>Mirador del Centre d&#8217;Interpretaci\u00f3 de Miranda do Douro<\/strong><\/a>, Miranda do Douro (41\u00b029&#8217;23.5&#8243;N 6\u00b016&#8217;04.6&#8243;W)<\/p><p><strong><em>Sobre el riu Tormes:<\/em><\/strong><\/p><p><a href=\"https:\/\/www.elturistatranquil.com\/ca\/arribes-del-duero-a-zamora\/\" target=\"_blank\" rel=\"noopener\"><strong>Mirado<\/strong><strong>r de Somaero<\/strong><\/a>, Trabanca (41\u00b016\u203247\u2033N 6\u00b021\u203259\u2033W)<\/p>\t\t\t\t\t\t\t\t<\/div>\n\t\t\t\t<\/div>\n\t\t\t\t<div class=\"elementor-element elementor-element-ad8c858 elementor-widget elementor-widget-heading\" data-id=\"ad8c858\" data-element_type=\"widget\" data-e-type=\"widget\" data-widget_type=\"heading.default\">\n\t\t\t\t<div class=\"elementor-widget-container\">\n\t\t\t\t\t<h4 class=\"elementor-heading-title elementor-size-default\">Creuers fluvials pel Duero<\/h4>\t\t\t\t<\/div>\n\t\t\t\t<\/div>\n\t\t\t\t<div class=\"elementor-element elementor-element-b43a654 elementor-widget elementor-widget-text-editor\" data-id=\"b43a654\" data-element_type=\"widget\" data-e-type=\"widget\" data-widget_type=\"text-editor.default\">\n\t\t\t\t<div class=\"elementor-widget-container\">\n\t\t\t\t\t\t\t\t\t<p>Una experi\u00e8ncia que aconsello \u00e9s fer un creuer fluvial pel Duero.<\/p><p>Hi ha quatre punts d&#8217;embarcament:<\/p><p><a href=\"https:\/\/www.elturistatranquil.com\/ca\/arribes-del-duero-a-zamora\/\" target=\"_blank\" rel=\"noopener\"><strong>Embarcador de Miranda do Douro<\/strong><\/a>, Miranda do Douro, Portugal (<a href=\"https:\/\/naturaliste.es\/crucero-por-el-duero-barco-arribes\/\" target=\"_blank\" rel=\"noopener\">Naturalista<\/a>)<br \/><strong>Embarcador de Fermoselle-Bemposta<\/strong>, Fermoselle, Zamora (<a href=\"https:\/\/naturaliste.es\/crucero-por-el-duero-barco-arribes\/\" target=\"_blank\" rel=\"noopener\">Naturalista<\/a>)<br \/><strong>Embarcador de Aldead\u00e1vila de la Ribera<\/strong>, Aldead\u00e1vila de la Ribera, Salamanca (<a href=\"https:\/\/www.corazondelasarribes.com\/situacion-crucero-duero.asp\">Coraz\u00f3n de las Arribes<\/a>)<br \/><strong>Embarcador de Vilvestre<\/strong>, Vilvestre, Salamanca (<a href=\"https:\/\/www.losarribesdelduero.com\/crucero-fluvial-vilvestre\/\" target=\"_blank\" rel=\"noopener\">crucerofluvialvilvestre<\/a>)<\/p><p>Nosaltres efectuem el recorregut des de Miranda do Douro, entre els impressionants congostos del riu. Alhora, permet con\u00e8ixer una vila portuguesa.<\/p>\t\t\t\t\t\t\t\t<\/div>\n\t\t\t\t<\/div>\n\t\t\t\t<div class=\"elementor-element elementor-element-6c73437 elementor-widget elementor-widget-heading\" data-id=\"6c73437\" data-element_type=\"widget\" data-e-type=\"widget\" data-widget_type=\"heading.default\">\n\t\t\t\t<div class=\"elementor-widget-container\">\n\t\t\t\t\t<h4 class=\"elementor-heading-title elementor-size-default\">Localitats visitades<\/h4>\t\t\t\t<\/div>\n\t\t\t\t<\/div>\n\t\t\t\t<div class=\"elementor-element elementor-element-e54c359 elementor-widget elementor-widget-text-editor\" data-id=\"e54c359\" data-element_type=\"widget\" data-e-type=\"widget\" data-widget_type=\"text-editor.default\">\n\t\t\t\t<div class=\"elementor-widget-container\">\n\t\t\t\t\t\t\t\t\t<p><strong><a href=\"https:\/\/www.elturistatranquil.com\/ca\/fermoselle-zamora\/\" target=\"_blank\" rel=\"noopener\">Fermoselle<\/a><br \/>Miranda do Douro <\/strong>(Portugal)<strong><br \/><a href=\"https:\/\/www.elturistatranquil.com\/ca\/zamora-historica\/\" target=\"_blank\" rel=\"noopener\">Zamora<\/a><\/strong><\/p>\t\t\t\t\t\t\t\t<\/div>\n\t\t\t\t<\/div>\n\t\t\t\t<div class=\"elementor-element elementor-element-8fd6893 elementor-widget elementor-widget-heading\" data-id=\"8fd6893\" data-element_type=\"widget\" data-e-type=\"widget\" data-widget_type=\"heading.default\">\n\t\t\t\t<div class=\"elementor-widget-container\">\n\t\t\t\t\t<h4 class=\"elementor-heading-title elementor-size-default\">Enoturisme: Cellers<\/h4>\t\t\t\t<\/div>\n\t\t\t\t<\/div>\n\t\t\t\t<div class=\"elementor-element elementor-element-811ea28 elementor-widget elementor-widget-text-editor\" data-id=\"811ea28\" data-element_type=\"widget\" data-e-type=\"widget\" data-widget_type=\"text-editor.default\">\n\t\t\t\t<div class=\"elementor-widget-container\">\n\t\t\t\t\t\t\t\t\t<p>Ens trobem a la regi\u00f3 de la <strong>Denominaci\u00f3 d&#8217;Origen Arribes<\/strong> (<strong>9<\/strong>). \u00c9s una denominaci\u00f3 que agrupa uns 30 cellers de mida petita situats, en la seva immensa majoria al llarg del costat de llevant del riu Duero, com s&#8217;observa al mapa <strong>9. Arribes<\/strong>.<\/p>\t\t\t\t\t\t\t\t<\/div>\n\t\t\t\t<\/div>\n\t\t\t\t<div class=\"elementor-element elementor-element-1f95543 elementor-widget elementor-widget-image\" data-id=\"1f95543\" data-element_type=\"widget\" data-e-type=\"widget\" data-widget_type=\"image.default\">\n\t\t\t\t<div class=\"elementor-widget-container\">\n\t\t\t\t\t\t\t\t\t\t\t\t<figure class=\"wp-caption\">\n\t\t\t\t\t\t\t\t\t\t<img loading=\"lazy\" decoding=\"async\" width=\"768\" height=\"511\" src=\"https:\/\/www.elturistatranquil.com\/wp-content\/uploads\/F35-9-Region-Vinicola-Arribes-Espana.jpg\" class=\"attachment-large size-large wp-image-55398\" alt=\"9 Region Vinicola Arribes, Espana\" srcset=\"https:\/\/www.elturistatranquil.com\/wp-content\/uploads\/F35-9-Region-Vinicola-Arribes-Espana.jpg 768w, https:\/\/www.elturistatranquil.com\/wp-content\/uploads\/F35-9-Region-Vinicola-Arribes-Espana-339x226.jpg 339w\" sizes=\"(max-width: 768px) 100vw, 768px\" \/>\t\t\t\t\t\t\t\t\t\t\t<figcaption class=\"widget-image-caption wp-caption-text\">Regiones vin\u00edcolas: 1. R\u00edas Baixas; 2. Ribeiro; 3. Ribera sacra; 4 Monterrey; 5. Valdeorras; 6. Bierzo; 7. Tierra de Le\u00f3n; 8. Cigales; 9. Arribes; 10. Toro; 11. Tierra del vino de Zamora; 12. Rueda<\/figcaption>\n\t\t\t\t\t\t\t\t\t\t<\/figure>\n\t\t\t\t\t\t\t\t\t<\/div>\n\t\t\t\t<\/div>\n\t\t\t\t<div class=\"elementor-element elementor-element-4fc78a3b elementor-widget elementor-widget-text-editor\" data-id=\"4fc78a3b\" data-element_type=\"widget\" data-e-type=\"widget\" data-widget_type=\"text-editor.default\">\n\t\t\t\t<div class=\"elementor-widget-container\">\n\t\t\t\t\t\t\t\t\t<p>V\u00e0rem visitar el celler <a href=\"https:\/\/www.elturistatranquil.com\/ca\/bodegas-pascual-fernandez-frontera-natural-d-o-arribes\/\" target=\"_blank\" rel=\"noopener\"><strong>Bodegas Pascual Fern\u00e1ndez. Frontera Natural<\/strong><\/a> de Fermoselle. Es mostren quatre coves-celler antigues, m\u00e9s la instal\u00b7laci\u00f3 moderna, amb el cl\u00e0ssic tast final.<\/p><p>Espl\u00e8ndides les explicacions historicoculturals i vit\u00edcoles durant el recorregut i el tast.<\/p>\t\t\t\t\t\t\t\t<\/div>\n\t\t\t\t<\/div>\n\t\t\t\t<div class=\"elementor-element elementor-element-5356fe6 elementor-widget elementor-widget-heading\" data-id=\"5356fe6\" data-element_type=\"widget\" data-e-type=\"widget\" data-widget_type=\"heading.default\">\n\t\t\t\t<div class=\"elementor-widget-container\">\n\t\t\t\t\t<h4 class=\"elementor-heading-title elementor-size-default\">Arquitectura popular: \u201cchiviteros\u201d<\/h4>\t\t\t\t<\/div>\n\t\t\t\t<\/div>\n\t\t\t\t<div class=\"elementor-element elementor-element-bf64203 elementor-widget elementor-widget-text-editor\" data-id=\"bf64203\" data-element_type=\"widget\" data-e-type=\"widget\" data-widget_type=\"text-editor.default\">\n\t\t\t\t<div class=\"elementor-widget-container\">\n\t\t\t\t\t\t\t\t\t<p>De la nombrosa arquitectura popular que es conserva a la zona, ens limitem a con\u00e8ixer els \u201c<strong><em>chiviteros<\/em><\/strong>\u201d. Es tracta de piques constru\u00efdes amb pedra seca destinades als ramats de cabres situades al mig de la muntanya.<\/p><p><a href=\"https:\/\/www.elturistatranquil.com\/ca\/arribes-del-duero-a-zamora\/\" target=\"_blank\" rel=\"noopener\"><strong>Chivitero de Somaero <\/strong><\/a>(41\u00b016&#8217;41.5&#8243;N 6\u00b021&#8217;53.9&#8243;W) i<a href=\"https:\/\/www.elturistatranquil.com\/ca\/arribes-del-duero-a-zamora\/\" target=\"_blank\" rel=\"noopener\"><strong> Caba\u00f1as de la Falla del Peine <\/strong><\/a>(41\u00b016&#8217;39.5&#8243;N 6\u00b021&#8217;50.1&#8243;W)<br \/><a href=\"https:\/\/www.elturistatranquil.com\/ca\/parc-tematic-de-larquitectura-tradicional-de-trabanca-salamanca\/\" target=\"_blank\" rel=\"noopener\"><strong>Parc tem\u00e0tic de l&#8217;arquitectura tradicional <\/strong><\/a>(41\u00b013&#8217;55.8&#8243;N 6\u00b022&#8217;53.8&#8243;W)<br \/><a href=\"https:\/\/www.elturistatranquil.com\/ca\/arribes-del-duero-a-zamora\/\" target=\"_blank\" rel=\"noopener\"><strong>Chivitero de Torregamones <\/strong><\/a>(41\u00b030&#8217;40.5&#8243;N 6\u00b014&#8217;01.5&#8243;W). Un \u201d<em>chivitero<\/em>\u201d complet que es conserva muse\u00eftzat de forma natural. Aconsellable accedir per la pista que parteix de la localitat de Torregamones.<\/p>\t\t\t\t\t\t\t\t<\/div>\n\t\t\t\t<\/div>\n\t\t\t\t<div class=\"elementor-element elementor-element-3f19126 elementor-widget elementor-widget-heading\" data-id=\"3f19126\" data-element_type=\"widget\" data-e-type=\"widget\" data-widget_type=\"heading.default\">\n\t\t\t\t<div class=\"elementor-widget-container\">\n\t\t\t\t\t<h2 class=\"elementor-heading-title elementor-size-default\">Fi de la sortida: el retorn<\/h2>\t\t\t\t<\/div>\n\t\t\t\t<\/div>\n\t\t\t\t<div class=\"elementor-element elementor-element-e90b142 elementor-widget elementor-widget-text-editor\" data-id=\"e90b142\" data-element_type=\"widget\" data-e-type=\"widget\" data-widget_type=\"text-editor.default\">\n\t\t\t\t<div class=\"elementor-widget-container\">\n\t\t\t\t\t\t\t\t\t<p>Zamora i els\/les Arribes del Duero \u00e9s una part d&#8217;Espanya que cal visitar.<\/p><p>Allotjaments com la <strong>Posada de Do\u00f1a Urraca<\/strong> fan l&#8217;estada especialment agradable i c\u00f2moda. Si s&#8217;acompanya d&#8217;una bona cuina com la que ofereix Carmina, amb productes de qualitat i elaboraci\u00f3 de primera, i d&#8217;excel\u00b7lents vins de la terra, la satisfacci\u00f3 \u00e9s completa, tenint en compte el familiar tracte que Isabel i Carmina ens van dispensar des del primer moment.<\/p><p>Com sempre, vull assenyalar que aquest Post s&#8217;ha redactat sota el meu criteri particular, sense que em vinculi cap inter\u00e8s personal o econ\u00f2mic. Simplement, m&#8217;ha agradat i aix\u00ed ho explico.<\/p>\t\t\t\t\t\t\t\t<\/div>\n\t\t\t\t<\/div>\n\t\t\t\t\t<\/div>\n\t\t<\/div>\n\t\t\t\t\t<\/div>\n\t\t<\/section>\n\t\t\t\t<\/div>\n\t\t","protected":false},"excerpt":{"rendered":"<p>La Posada de Do\u00f1a Urraca, empla\u00e7ada a Fermoselle (Zamora), dins del Parc Natural Arribes del Duero i capital de la regi\u00f3 vin\u00edcola Arribes, \u00e9s un allotjament de qualitat amb un &#8230; <a title=\"Posada de Do\u00f1a Urraca. Arribes del Duero\" class=\"read-more\" href=\"https:\/\/www.elturistatranquil.com\/ca\/posada-de-dona-urraca-arribes-del-duero\/\" aria-label=\"M\u00e9s informaci\u00f3 sobre Posada de Do\u00f1a Urraca. Arribes del Duero\">[ &#8230; ]<\/a><\/p>\n","protected":false},"author":1,"featured_media":55316,"comment_status":"open","ping_status":"closed","sticky":false,"template":"","format":"standard","meta":{"footnotes":""},"categories":[77,229,84,197,102,108,244],"tags":[],"class_list":["post-55406","post","type-post","status-publish","format-standard","has-post-thumbnail","hentry","category-conjunts-historics","category-enoturisme","category-hotel-ca","category-parc-natural","category-restaurant","category-turisme-tranquil","category-zamora-ca","infinite-scroll-item","generate-columns","tablet-grid-50","mobile-grid-100","grid-parent","grid-50","no-featured-image-padding"],"yoast_head":"<!-- This site is optimized with the Yoast SEO plugin v27.4 - https:\/\/yoast.com\/product\/yoast-seo-wordpress\/ -->\n<title>Posada de Do\u00f1a Urraca. Arribes del Duero - El turista tranquil<\/title>\n<meta name=\"description\" content=\"La Posada de Do\u00f1a Urraca, empla\u00e7ada a Fermoselle (Zamora), dins del Parc Natural Arribes del Duero i capital de la regi\u00f3 vin\u00edcola Arribes, \u00e9s un allotjament de qualitat amb un restaurant magn\u00edfic.\" \/>\n<meta name=\"robots\" content=\"index, follow, max-snippet:-1, max-image-preview:large, max-video-preview:-1\" \/>\n<link rel=\"canonical\" href=\"https:\/\/www.elturistatranquil.com\/ca\/posada-de-dona-urraca-arribes-del-duero\/\" \/>\n<meta property=\"og:locale\" content=\"ca_ES\" \/>\n<meta property=\"og:type\" content=\"article\" \/>\n<meta property=\"og:title\" content=\"Posada de Do\u00f1a Urraca. Arribes del Duero - El turista tranquil\" \/>\n<meta property=\"og:description\" content=\"La Posada de Do\u00f1a Urraca, empla\u00e7ada a Fermoselle (Zamora), dins del Parc Natural Arribes del Duero i capital de la regi\u00f3 vin\u00edcola Arribes, \u00e9s un allotjament de qualitat amb un restaurant magn\u00edfic.\" \/>\n<meta property=\"og:url\" content=\"https:\/\/www.elturistatranquil.com\/ca\/posada-de-dona-urraca-arribes-del-duero\/\" \/>\n<meta property=\"og:site_name\" content=\"El turista tranquil\" \/>\n<meta property=\"article:publisher\" content=\"https:\/\/www.facebook.com\/elturistatranquilo\/\" \/>\n<meta property=\"article:published_time\" content=\"2025-01-05T16:51:40+00:00\" \/>\n<meta property=\"article:modified_time\" content=\"2026-03-20T09:01:44+00:00\" \/>\n<meta property=\"og:image\" content=\"https:\/\/www.elturistatranquil.com\/wp-content\/uploads\/F01-Posada-de-Dona-Urraca-Fermoselle-Zamora.jpg\" \/>\n\t<meta property=\"og:image:width\" content=\"768\" \/>\n\t<meta property=\"og:image:height\" content=\"512\" \/>\n\t<meta property=\"og:image:type\" content=\"image\/jpeg\" \/>\n<meta name=\"author\" content=\"admin\" \/>\n<meta name=\"twitter:card\" content=\"summary_large_image\" \/>\n<meta name=\"twitter:label1\" content=\"Escrit per\" \/>\n\t<meta name=\"twitter:data1\" content=\"admin\" \/>\n\t<meta name=\"twitter:label2\" content=\"Temps estimat de lectura\" \/>\n\t<meta name=\"twitter:data2\" content=\"17 minuts\" \/>\n<script type=\"application\/ld+json\" class=\"yoast-schema-graph\">{\"@context\":\"https:\\\/\\\/schema.org\",\"@graph\":[{\"@type\":\"Article\",\"@id\":\"https:\\\/\\\/www.elturistatranquil.com\\\/ca\\\/posada-de-dona-urraca-arribes-del-duero\\\/#article\",\"isPartOf\":{\"@id\":\"https:\\\/\\\/www.elturistatranquil.com\\\/ca\\\/posada-de-dona-urraca-arribes-del-duero\\\/\"},\"author\":{\"name\":\"admin\",\"@id\":\"https:\\\/\\\/www.elturistatranquil.com\\\/ca\\\/#\\\/schema\\\/person\\\/16f607c3079b96ed0c530a52e6b58bb5\"},\"headline\":\"Posada de Do\u00f1a Urraca. Arribes del Duero\",\"datePublished\":\"2025-01-05T16:51:40+00:00\",\"dateModified\":\"2026-03-20T09:01:44+00:00\",\"mainEntityOfPage\":{\"@id\":\"https:\\\/\\\/www.elturistatranquil.com\\\/ca\\\/posada-de-dona-urraca-arribes-del-duero\\\/\"},\"wordCount\":2154,\"commentCount\":0,\"image\":{\"@id\":\"https:\\\/\\\/www.elturistatranquil.com\\\/ca\\\/posada-de-dona-urraca-arribes-del-duero\\\/#primaryimage\"},\"thumbnailUrl\":\"https:\\\/\\\/www.elturistatranquil.com\\\/wp-content\\\/uploads\\\/F01-Posada-de-Dona-Urraca-Fermoselle-Zamora.jpg\",\"articleSection\":[\"Conjunts hist\u00f2rics\",\"Enoturisme\",\"Hotel, Allotjament\",\"Parc natural\",\"Restaurant\",\"Turisme tranquil\",\"Zamora\"],\"inLanguage\":\"ca\",\"potentialAction\":[{\"@type\":\"CommentAction\",\"name\":\"Comment\",\"target\":[\"https:\\\/\\\/www.elturistatranquil.com\\\/ca\\\/posada-de-dona-urraca-arribes-del-duero\\\/#respond\"]}]},{\"@type\":\"WebPage\",\"@id\":\"https:\\\/\\\/www.elturistatranquil.com\\\/ca\\\/posada-de-dona-urraca-arribes-del-duero\\\/\",\"url\":\"https:\\\/\\\/www.elturistatranquil.com\\\/ca\\\/posada-de-dona-urraca-arribes-del-duero\\\/\",\"name\":\"Posada de Do\u00f1a Urraca. Arribes del Duero - El turista tranquil\",\"isPartOf\":{\"@id\":\"https:\\\/\\\/www.elturistatranquil.com\\\/ca\\\/#website\"},\"primaryImageOfPage\":{\"@id\":\"https:\\\/\\\/www.elturistatranquil.com\\\/ca\\\/posada-de-dona-urraca-arribes-del-duero\\\/#primaryimage\"},\"image\":{\"@id\":\"https:\\\/\\\/www.elturistatranquil.com\\\/ca\\\/posada-de-dona-urraca-arribes-del-duero\\\/#primaryimage\"},\"thumbnailUrl\":\"https:\\\/\\\/www.elturistatranquil.com\\\/wp-content\\\/uploads\\\/F01-Posada-de-Dona-Urraca-Fermoselle-Zamora.jpg\",\"datePublished\":\"2025-01-05T16:51:40+00:00\",\"dateModified\":\"2026-03-20T09:01:44+00:00\",\"author\":{\"@id\":\"https:\\\/\\\/www.elturistatranquil.com\\\/ca\\\/#\\\/schema\\\/person\\\/16f607c3079b96ed0c530a52e6b58bb5\"},\"description\":\"La Posada de Do\u00f1a Urraca, empla\u00e7ada a Fermoselle (Zamora), dins del Parc Natural Arribes del Duero i capital de la regi\u00f3 vin\u00edcola Arribes, \u00e9s un allotjament de qualitat amb un restaurant magn\u00edfic.\",\"breadcrumb\":{\"@id\":\"https:\\\/\\\/www.elturistatranquil.com\\\/ca\\\/posada-de-dona-urraca-arribes-del-duero\\\/#breadcrumb\"},\"inLanguage\":\"ca\",\"potentialAction\":[{\"@type\":\"ReadAction\",\"target\":[\"https:\\\/\\\/www.elturistatranquil.com\\\/ca\\\/posada-de-dona-urraca-arribes-del-duero\\\/\"]}]},{\"@type\":\"ImageObject\",\"inLanguage\":\"ca\",\"@id\":\"https:\\\/\\\/www.elturistatranquil.com\\\/ca\\\/posada-de-dona-urraca-arribes-del-duero\\\/#primaryimage\",\"url\":\"https:\\\/\\\/www.elturistatranquil.com\\\/wp-content\\\/uploads\\\/F01-Posada-de-Dona-Urraca-Fermoselle-Zamora.jpg\",\"contentUrl\":\"https:\\\/\\\/www.elturistatranquil.com\\\/wp-content\\\/uploads\\\/F01-Posada-de-Dona-Urraca-Fermoselle-Zamora.jpg\",\"width\":768,\"height\":512,\"caption\":\"Posada de Do\u00f1a Urraca, Fermoselle, Zamora\"},{\"@type\":\"BreadcrumbList\",\"@id\":\"https:\\\/\\\/www.elturistatranquil.com\\\/ca\\\/posada-de-dona-urraca-arribes-del-duero\\\/#breadcrumb\",\"itemListElement\":[{\"@type\":\"ListItem\",\"position\":1,\"name\":\"Portada\",\"item\":\"https:\\\/\\\/www.elturistatranquil.com\\\/ca\\\/\"},{\"@type\":\"ListItem\",\"position\":2,\"name\":\"Posada de Do\u00f1a Urraca. Arribes del Duero\"}]},{\"@type\":\"WebSite\",\"@id\":\"https:\\\/\\\/www.elturistatranquil.com\\\/ca\\\/#website\",\"url\":\"https:\\\/\\\/www.elturistatranquil.com\\\/ca\\\/\",\"name\":\"El turista tranquil\",\"description\":\"Blog de viatges\",\"potentialAction\":[{\"@type\":\"SearchAction\",\"target\":{\"@type\":\"EntryPoint\",\"urlTemplate\":\"https:\\\/\\\/www.elturistatranquil.com\\\/ca\\\/?s={search_term_string}\"},\"query-input\":{\"@type\":\"PropertyValueSpecification\",\"valueRequired\":true,\"valueName\":\"search_term_string\"}}],\"inLanguage\":\"ca\"},{\"@type\":\"Person\",\"@id\":\"https:\\\/\\\/www.elturistatranquil.com\\\/ca\\\/#\\\/schema\\\/person\\\/16f607c3079b96ed0c530a52e6b58bb5\",\"name\":\"admin\",\"image\":{\"@type\":\"ImageObject\",\"inLanguage\":\"ca\",\"@id\":\"https:\\\/\\\/secure.gravatar.com\\\/avatar\\\/1fbaf22aee75fcbb29a2f97b107f95d25d3a19b7c3416105be10269872673e8d?s=96&d=mm&r=g\",\"url\":\"https:\\\/\\\/secure.gravatar.com\\\/avatar\\\/1fbaf22aee75fcbb29a2f97b107f95d25d3a19b7c3416105be10269872673e8d?s=96&d=mm&r=g\",\"contentUrl\":\"https:\\\/\\\/secure.gravatar.com\\\/avatar\\\/1fbaf22aee75fcbb29a2f97b107f95d25d3a19b7c3416105be10269872673e8d?s=96&d=mm&r=g\",\"caption\":\"admin\"}}]}<\/script>\n<!-- \/ Yoast SEO plugin. -->","yoast_head_json":{"title":"Posada de Do\u00f1a Urraca. Arribes del Duero - El turista tranquil","description":"La Posada de Do\u00f1a Urraca, empla\u00e7ada a Fermoselle (Zamora), dins del Parc Natural Arribes del Duero i capital de la regi\u00f3 vin\u00edcola Arribes, \u00e9s un allotjament de qualitat amb un restaurant magn\u00edfic.","robots":{"index":"index","follow":"follow","max-snippet":"max-snippet:-1","max-image-preview":"max-image-preview:large","max-video-preview":"max-video-preview:-1"},"canonical":"https:\/\/www.elturistatranquil.com\/ca\/posada-de-dona-urraca-arribes-del-duero\/","og_locale":"ca_ES","og_type":"article","og_title":"Posada de Do\u00f1a Urraca. Arribes del Duero - El turista tranquil","og_description":"La Posada de Do\u00f1a Urraca, empla\u00e7ada a Fermoselle (Zamora), dins del Parc Natural Arribes del Duero i capital de la regi\u00f3 vin\u00edcola Arribes, \u00e9s un allotjament de qualitat amb un restaurant magn\u00edfic.","og_url":"https:\/\/www.elturistatranquil.com\/ca\/posada-de-dona-urraca-arribes-del-duero\/","og_site_name":"El turista tranquil","article_publisher":"https:\/\/www.facebook.com\/elturistatranquilo\/","article_published_time":"2025-01-05T16:51:40+00:00","article_modified_time":"2026-03-20T09:01:44+00:00","og_image":[{"width":768,"height":512,"url":"https:\/\/www.elturistatranquil.com\/wp-content\/uploads\/F01-Posada-de-Dona-Urraca-Fermoselle-Zamora.jpg","type":"image\/jpeg"}],"author":"admin","twitter_card":"summary_large_image","twitter_misc":{"Escrit per":"admin","Temps estimat de lectura":"17 minuts"},"schema":{"@context":"https:\/\/schema.org","@graph":[{"@type":"Article","@id":"https:\/\/www.elturistatranquil.com\/ca\/posada-de-dona-urraca-arribes-del-duero\/#article","isPartOf":{"@id":"https:\/\/www.elturistatranquil.com\/ca\/posada-de-dona-urraca-arribes-del-duero\/"},"author":{"name":"admin","@id":"https:\/\/www.elturistatranquil.com\/ca\/#\/schema\/person\/16f607c3079b96ed0c530a52e6b58bb5"},"headline":"Posada de Do\u00f1a Urraca. Arribes del Duero","datePublished":"2025-01-05T16:51:40+00:00","dateModified":"2026-03-20T09:01:44+00:00","mainEntityOfPage":{"@id":"https:\/\/www.elturistatranquil.com\/ca\/posada-de-dona-urraca-arribes-del-duero\/"},"wordCount":2154,"commentCount":0,"image":{"@id":"https:\/\/www.elturistatranquil.com\/ca\/posada-de-dona-urraca-arribes-del-duero\/#primaryimage"},"thumbnailUrl":"https:\/\/www.elturistatranquil.com\/wp-content\/uploads\/F01-Posada-de-Dona-Urraca-Fermoselle-Zamora.jpg","articleSection":["Conjunts hist\u00f2rics","Enoturisme","Hotel, Allotjament","Parc natural","Restaurant","Turisme tranquil","Zamora"],"inLanguage":"ca","potentialAction":[{"@type":"CommentAction","name":"Comment","target":["https:\/\/www.elturistatranquil.com\/ca\/posada-de-dona-urraca-arribes-del-duero\/#respond"]}]},{"@type":"WebPage","@id":"https:\/\/www.elturistatranquil.com\/ca\/posada-de-dona-urraca-arribes-del-duero\/","url":"https:\/\/www.elturistatranquil.com\/ca\/posada-de-dona-urraca-arribes-del-duero\/","name":"Posada de Do\u00f1a Urraca. Arribes del Duero - El turista tranquil","isPartOf":{"@id":"https:\/\/www.elturistatranquil.com\/ca\/#website"},"primaryImageOfPage":{"@id":"https:\/\/www.elturistatranquil.com\/ca\/posada-de-dona-urraca-arribes-del-duero\/#primaryimage"},"image":{"@id":"https:\/\/www.elturistatranquil.com\/ca\/posada-de-dona-urraca-arribes-del-duero\/#primaryimage"},"thumbnailUrl":"https:\/\/www.elturistatranquil.com\/wp-content\/uploads\/F01-Posada-de-Dona-Urraca-Fermoselle-Zamora.jpg","datePublished":"2025-01-05T16:51:40+00:00","dateModified":"2026-03-20T09:01:44+00:00","author":{"@id":"https:\/\/www.elturistatranquil.com\/ca\/#\/schema\/person\/16f607c3079b96ed0c530a52e6b58bb5"},"description":"La Posada de Do\u00f1a Urraca, empla\u00e7ada a Fermoselle (Zamora), dins del Parc Natural Arribes del Duero i capital de la regi\u00f3 vin\u00edcola Arribes, \u00e9s un allotjament de qualitat amb un restaurant magn\u00edfic.","breadcrumb":{"@id":"https:\/\/www.elturistatranquil.com\/ca\/posada-de-dona-urraca-arribes-del-duero\/#breadcrumb"},"inLanguage":"ca","potentialAction":[{"@type":"ReadAction","target":["https:\/\/www.elturistatranquil.com\/ca\/posada-de-dona-urraca-arribes-del-duero\/"]}]},{"@type":"ImageObject","inLanguage":"ca","@id":"https:\/\/www.elturistatranquil.com\/ca\/posada-de-dona-urraca-arribes-del-duero\/#primaryimage","url":"https:\/\/www.elturistatranquil.com\/wp-content\/uploads\/F01-Posada-de-Dona-Urraca-Fermoselle-Zamora.jpg","contentUrl":"https:\/\/www.elturistatranquil.com\/wp-content\/uploads\/F01-Posada-de-Dona-Urraca-Fermoselle-Zamora.jpg","width":768,"height":512,"caption":"Posada de Do\u00f1a Urraca, Fermoselle, Zamora"},{"@type":"BreadcrumbList","@id":"https:\/\/www.elturistatranquil.com\/ca\/posada-de-dona-urraca-arribes-del-duero\/#breadcrumb","itemListElement":[{"@type":"ListItem","position":1,"name":"Portada","item":"https:\/\/www.elturistatranquil.com\/ca\/"},{"@type":"ListItem","position":2,"name":"Posada de Do\u00f1a Urraca. Arribes del Duero"}]},{"@type":"WebSite","@id":"https:\/\/www.elturistatranquil.com\/ca\/#website","url":"https:\/\/www.elturistatranquil.com\/ca\/","name":"El turista tranquil","description":"Blog de viatges","potentialAction":[{"@type":"SearchAction","target":{"@type":"EntryPoint","urlTemplate":"https:\/\/www.elturistatranquil.com\/ca\/?s={search_term_string}"},"query-input":{"@type":"PropertyValueSpecification","valueRequired":true,"valueName":"search_term_string"}}],"inLanguage":"ca"},{"@type":"Person","@id":"https:\/\/www.elturistatranquil.com\/ca\/#\/schema\/person\/16f607c3079b96ed0c530a52e6b58bb5","name":"admin","image":{"@type":"ImageObject","inLanguage":"ca","@id":"https:\/\/secure.gravatar.com\/avatar\/1fbaf22aee75fcbb29a2f97b107f95d25d3a19b7c3416105be10269872673e8d?s=96&d=mm&r=g","url":"https:\/\/secure.gravatar.com\/avatar\/1fbaf22aee75fcbb29a2f97b107f95d25d3a19b7c3416105be10269872673e8d?s=96&d=mm&r=g","contentUrl":"https:\/\/secure.gravatar.com\/avatar\/1fbaf22aee75fcbb29a2f97b107f95d25d3a19b7c3416105be10269872673e8d?s=96&d=mm&r=g","caption":"admin"}}]}},"_links":{"self":[{"href":"https:\/\/www.elturistatranquil.com\/ca\/wp-json\/wp\/v2\/posts\/55406","targetHints":{"allow":["GET"]}}],"collection":[{"href":"https:\/\/www.elturistatranquil.com\/ca\/wp-json\/wp\/v2\/posts"}],"about":[{"href":"https:\/\/www.elturistatranquil.com\/ca\/wp-json\/wp\/v2\/types\/post"}],"author":[{"embeddable":true,"href":"https:\/\/www.elturistatranquil.com\/ca\/wp-json\/wp\/v2\/users\/1"}],"replies":[{"embeddable":true,"href":"https:\/\/www.elturistatranquil.com\/ca\/wp-json\/wp\/v2\/comments?post=55406"}],"version-history":[{"count":14,"href":"https:\/\/www.elturistatranquil.com\/ca\/wp-json\/wp\/v2\/posts\/55406\/revisions"}],"predecessor-version":[{"id":64439,"href":"https:\/\/www.elturistatranquil.com\/ca\/wp-json\/wp\/v2\/posts\/55406\/revisions\/64439"}],"wp:featuredmedia":[{"embeddable":true,"href":"https:\/\/www.elturistatranquil.com\/ca\/wp-json\/wp\/v2\/media\/55316"}],"wp:attachment":[{"href":"https:\/\/www.elturistatranquil.com\/ca\/wp-json\/wp\/v2\/media?parent=55406"}],"wp:term":[{"taxonomy":"category","embeddable":true,"href":"https:\/\/www.elturistatranquil.com\/ca\/wp-json\/wp\/v2\/categories?post=55406"},{"taxonomy":"post_tag","embeddable":true,"href":"https:\/\/www.elturistatranquil.com\/ca\/wp-json\/wp\/v2\/tags?post=55406"}],"curies":[{"name":"wp","href":"https:\/\/api.w.org\/{rel}","templated":true}]}}