{"id":55747,"date":"2025-02-01T12:13:40","date_gmt":"2025-02-01T11:13:40","guid":{"rendered":"https:\/\/www.elturistatranquil.com\/?p=55747"},"modified":"2025-02-08T20:18:38","modified_gmt":"2025-02-08T19:18:38","slug":"fermoselle-zamora","status":"publish","type":"post","link":"https:\/\/www.elturistatranquil.com\/ca\/fermoselle-zamora\/","title":{"rendered":"Fermoselle (Zamora)"},"content":{"rendered":"\t\t<div data-elementor-type=\"wp-post\" data-elementor-id=\"55747\" class=\"elementor elementor-55747 elementor-55433\" data-elementor-post-type=\"post\">\n\t\t\t\t\t\t<section class=\"elementor-section elementor-top-section elementor-element elementor-element-670adfc1 elementor-section-boxed elementor-section-height-default elementor-section-height-default\" data-id=\"670adfc1\" data-element_type=\"section\" data-e-type=\"section\">\n\t\t\t\t\t\t<div class=\"elementor-container elementor-column-gap-default\">\n\t\t\t\t\t<div class=\"elementor-column elementor-col-100 elementor-top-column elementor-element elementor-element-19a79323\" data-id=\"19a79323\" data-element_type=\"column\" data-e-type=\"column\">\n\t\t\t<div class=\"elementor-widget-wrap elementor-element-populated\">\n\t\t\t\t\t\t<section class=\"elementor-section elementor-inner-section elementor-element elementor-element-34b08e9e elementor-section-content-middle elementor-section-boxed elementor-section-height-default elementor-section-height-default\" data-id=\"34b08e9e\" data-element_type=\"section\" data-e-type=\"section\">\n\t\t\t\t\t\t<div class=\"elementor-container elementor-column-gap-default\">\n\t\t\t\t\t<div class=\"elementor-column elementor-col-100 elementor-inner-column elementor-element elementor-element-77b7b0db\" data-id=\"77b7b0db\" data-element_type=\"column\" data-e-type=\"column\">\n\t\t\t<div class=\"elementor-widget-wrap elementor-element-populated\">\n\t\t\t\t\t\t<div class=\"elementor-element elementor-element-37aa2e74 elementor-widget elementor-widget-text-editor\" data-id=\"37aa2e74\" data-element_type=\"widget\" data-e-type=\"widget\" data-widget_type=\"text-editor.default\">\n\t\t\t\t<div class=\"elementor-widget-container\">\n\t\t\t\t\t\t\t\t\t<p><strong>Fermoselle<\/strong> (Zamora) \u00e9s una vila d&#8217;origen medieval que evoluciona amb els temps fins als nostres dies revitalitzada per la viticultura i la preservaci\u00f3 de la natura, i que ofereix al visitant autenticitat.<\/p>\t\t\t\t\t\t\t\t<\/div>\n\t\t\t\t<\/div>\n\t\t\t\t\t<\/div>\n\t\t<\/div>\n\t\t\t\t\t<\/div>\n\t\t<\/section>\n\t\t\t\t<div class=\"elementor-element elementor-element-676c7ec6 elementor-widget elementor-widget-heading\" data-id=\"676c7ec6\" data-element_type=\"widget\" data-e-type=\"widget\" data-widget_type=\"heading.default\">\n\t\t\t\t<div class=\"elementor-widget-container\">\n\t\t\t\t\t<h1 class=\"elementor-heading-title elementor-size-default\">Fermoselle (Zamora)<\/h1>\t\t\t\t<\/div>\n\t\t\t\t<\/div>\n\t\t\t\t\t<\/div>\n\t\t<\/div>\n\t\t\t\t\t<\/div>\n\t\t<\/section>\n\t\t\t\t<section class=\"elementor-section elementor-top-section elementor-element elementor-element-3fbb03a8 elementor-section-boxed elementor-section-height-default elementor-section-height-default\" data-id=\"3fbb03a8\" data-element_type=\"section\" data-e-type=\"section\">\n\t\t\t\t\t\t<div class=\"elementor-container elementor-column-gap-default\">\n\t\t\t\t\t<div class=\"elementor-column elementor-col-100 elementor-top-column elementor-element elementor-element-390bc22\" data-id=\"390bc22\" data-element_type=\"column\" data-e-type=\"column\">\n\t\t\t<div class=\"elementor-widget-wrap elementor-element-populated\">\n\t\t\t\t\t\t<div class=\"elementor-element elementor-element-3e2f818c elementor-widget elementor-widget-image\" data-id=\"3e2f818c\" data-element_type=\"widget\" data-e-type=\"widget\" data-widget_type=\"image.default\">\n\t\t\t\t<div class=\"elementor-widget-container\">\n\t\t\t\t\t\t\t\t\t\t\t\t<figure class=\"wp-caption\">\n\t\t\t\t\t\t\t\t\t\t<img fetchpriority=\"high\" decoding=\"async\" width=\"768\" height=\"512\" src=\"https:\/\/www.elturistatranquil.com\/wp-content\/uploads\/F01-Fermoselle-Zamora-Google-maps-2025-01-21-a.jpg\" class=\"attachment-large size-large wp-image-55441\" alt=\"Fermoselle, Zamora (Google maps 2025-01-21) a\" srcset=\"https:\/\/www.elturistatranquil.com\/wp-content\/uploads\/F01-Fermoselle-Zamora-Google-maps-2025-01-21-a.jpg 768w, https:\/\/www.elturistatranquil.com\/wp-content\/uploads\/F01-Fermoselle-Zamora-Google-maps-2025-01-21-a-339x226.jpg 339w\" sizes=\"(max-width: 768px) 100vw, 768px\" \/>\t\t\t\t\t\t\t\t\t\t\t<figcaption class=\"widget-image-caption wp-caption-text\">Fermoselle, Zamora (Google maps 2025-01-21)<\/figcaption>\n\t\t\t\t\t\t\t\t\t\t<\/figure>\n\t\t\t\t\t\t\t\t\t<\/div>\n\t\t\t\t<\/div>\n\t\t\t\t<section class=\"elementor-section elementor-inner-section elementor-element elementor-element-7233723f elementor-section-boxed elementor-section-height-default elementor-section-height-default\" data-id=\"7233723f\" data-element_type=\"section\" data-e-type=\"section\" data-settings=\"{&quot;background_background&quot;:&quot;classic&quot;}\">\n\t\t\t\t\t\t\t<div class=\"elementor-background-overlay\"><\/div>\n\t\t\t\t\t\t\t<div class=\"elementor-container elementor-column-gap-default\">\n\t\t\t\t\t<div class=\"elementor-column elementor-col-100 elementor-inner-column elementor-element elementor-element-5548af0d\" data-id=\"5548af0d\" data-element_type=\"column\" data-e-type=\"column\" data-settings=\"{&quot;background_background&quot;:&quot;classic&quot;}\">\n\t\t\t<div class=\"elementor-widget-wrap elementor-element-populated\">\n\t\t\t\t\t\t<div class=\"elementor-element elementor-element-51511e5b elementor-widget elementor-widget-text-editor\" data-id=\"51511e5b\" data-element_type=\"widget\" data-e-type=\"widget\" data-widget_type=\"text-editor.default\">\n\t\t\t\t<div class=\"elementor-widget-container\">\n\t\t\t\t\t\t\t\t\t<p>Comarca: Sayago (Arribes del Duero). Prov\u00edncia: Zamora. Com. Aut\u00f2noma: Castilla y Le\u00f3n<br \/>Coordenades: 41\u00b019\u203203\u2033N 6\u00b023\u203242\u2033O. Altitud: 669 msnm. Poblaci\u00f3: 1.146 habitants (2024)<br \/>Web: <a href=\"https:\/\/fermoselle.es\/\" target=\"_blank\" rel=\"noopener\">ayuntamiento<\/a><br \/><em>Conjunt Hist\u00f2ric Art\u00edstic (BIC)<br \/><\/em>Visita: 2024<\/p>\t\t\t\t\t\t\t\t<\/div>\n\t\t\t\t<\/div>\n\t\t\t\t\t<\/div>\n\t\t<\/div>\n\t\t\t\t\t<\/div>\n\t\t<\/section>\n\t\t\t\t<div class=\"elementor-element elementor-element-642329b elementor-widget elementor-widget-image\" data-id=\"642329b\" data-element_type=\"widget\" data-e-type=\"widget\" data-widget_type=\"image.default\">\n\t\t\t\t<div class=\"elementor-widget-container\">\n\t\t\t\t\t\t\t\t\t\t\t\t<figure class=\"wp-caption\">\n\t\t\t\t\t\t\t\t\t\t<img decoding=\"async\" width=\"768\" height=\"512\" src=\"https:\/\/www.elturistatranquil.com\/wp-content\/uploads\/F02e-Mapa-de-situacion-de-la-Posada-de-Dona-Urraca-Fermoselle-Google-maps-2024-12-05-1.jpg\" class=\"attachment-medium_large size-medium_large wp-image-55410\" alt=\"Mapa de situaci\u00f3 de la Posada de Do\u00f1a Urraca, Fermoselle (Google maps 2024-12-05)\" srcset=\"https:\/\/www.elturistatranquil.com\/wp-content\/uploads\/F02e-Mapa-de-situacion-de-la-Posada-de-Dona-Urraca-Fermoselle-Google-maps-2024-12-05-1.jpg 768w, https:\/\/www.elturistatranquil.com\/wp-content\/uploads\/F02e-Mapa-de-situacion-de-la-Posada-de-Dona-Urraca-Fermoselle-Google-maps-2024-12-05-1-339x226.jpg 339w\" sizes=\"(max-width: 768px) 100vw, 768px\" \/>\t\t\t\t\t\t\t\t\t\t\t<figcaption class=\"widget-image-caption wp-caption-text\">Mapa de situaci\u00f3 de Fermoselle, Zamora (Google maps 2024-12-05)<\/figcaption>\n\t\t\t\t\t\t\t\t\t\t<\/figure>\n\t\t\t\t\t\t\t\t\t<\/div>\n\t\t\t\t<\/div>\n\t\t\t\t<div class=\"elementor-element elementor-element-28fd13e3 elementor-widget elementor-widget-spacer\" data-id=\"28fd13e3\" data-element_type=\"widget\" data-e-type=\"widget\" data-widget_type=\"spacer.default\">\n\t\t\t\t<div class=\"elementor-widget-container\">\n\t\t\t\t\t\t\t<div class=\"elementor-spacer\">\n\t\t\t<div class=\"elementor-spacer-inner\"><\/div>\n\t\t<\/div>\n\t\t\t\t\t\t<\/div>\n\t\t\t\t<\/div>\n\t\t\t\t<div class=\"elementor-element elementor-element-2cd82643 elementor-toc--minimized-on-tablet elementor-widget elementor-widget-table-of-contents\" data-id=\"2cd82643\" data-element_type=\"widget\" data-e-type=\"widget\" data-settings=\"{&quot;headings_by_tags&quot;:[&quot;h2&quot;,&quot;h3&quot;,&quot;h4&quot;],&quot;marker_view&quot;:&quot;bullets&quot;,&quot;icon&quot;:{&quot;value&quot;:&quot;&quot;,&quot;library&quot;:&quot;&quot;},&quot;no_headings_message&quot;:&quot;No se ha encontrado ning\\u00fan encabezado en esta p\\u00e1gina.&quot;,&quot;minimize_box&quot;:&quot;yes&quot;,&quot;minimized_on&quot;:&quot;tablet&quot;,&quot;hierarchical_view&quot;:&quot;yes&quot;,&quot;min_height&quot;:{&quot;unit&quot;:&quot;px&quot;,&quot;size&quot;:&quot;&quot;,&quot;sizes&quot;:[]},&quot;min_height_tablet&quot;:{&quot;unit&quot;:&quot;px&quot;,&quot;size&quot;:&quot;&quot;,&quot;sizes&quot;:[]},&quot;min_height_mobile&quot;:{&quot;unit&quot;:&quot;px&quot;,&quot;size&quot;:&quot;&quot;,&quot;sizes&quot;:[]}}\" data-widget_type=\"table-of-contents.default\">\n\t\t\t\t<div class=\"elementor-widget-container\">\n\t\t\t\t\t\t\t\t\t<div class=\"elementor-toc__header\">\n\t\t\t\t\t\t<h4 class=\"elementor-toc__header-title\">\n\t\t\t\t\u00cdndex\t\t\t<\/h4>\n\t\t\t\t\t\t\t\t\t\t<div class=\"elementor-toc__toggle-button elementor-toc__toggle-button--expand\" role=\"button\" tabindex=\"0\" aria-controls=\"elementor-toc__2cd82643\" aria-expanded=\"true\" aria-label=\"Open table of contents\"><i aria-hidden=\"true\" class=\"fas fa-chevron-down\"><\/i><\/div>\n\t\t\t\t<div class=\"elementor-toc__toggle-button elementor-toc__toggle-button--collapse\" role=\"button\" tabindex=\"0\" aria-controls=\"elementor-toc__2cd82643\" aria-expanded=\"true\" aria-label=\"Close table of contents\"><i aria-hidden=\"true\" class=\"fas fa-chevron-up\"><\/i><\/div>\n\t\t\t\t\t<\/div>\n\t\t\t\t<div id=\"elementor-toc__2cd82643\" class=\"elementor-toc__body\">\n\t\t\t<div class=\"elementor-toc__spinner-container\">\n\t\t\t\t<i class=\"elementor-toc__spinner eicon-animation-spin eicon-loading\" aria-hidden=\"true\"><\/i>\t\t\t<\/div>\n\t\t<\/div>\n\t\t\t\t\t\t<\/div>\n\t\t\t\t<\/div>\n\t\t\t\t<div class=\"elementor-element elementor-element-39ea1afd elementor-widget elementor-widget-menu-anchor\" data-id=\"39ea1afd\" data-element_type=\"widget\" data-e-type=\"widget\" data-widget_type=\"menu-anchor.default\">\n\t\t\t\t<div class=\"elementor-widget-container\">\n\t\t\t\t\t\t\t<div class=\"elementor-menu-anchor\" id=\"a0101-EnlaceaunpuntodentrodelPost\"><\/div>\n\t\t\t\t\t\t<\/div>\n\t\t\t\t<\/div>\n\t\t\t\t<div class=\"elementor-element elementor-element-4ec093d5 elementor-widget elementor-widget-spacer\" data-id=\"4ec093d5\" data-element_type=\"widget\" data-e-type=\"widget\" data-widget_type=\"spacer.default\">\n\t\t\t\t<div class=\"elementor-widget-container\">\n\t\t\t\t\t\t\t<div class=\"elementor-spacer\">\n\t\t\t<div class=\"elementor-spacer-inner\"><\/div>\n\t\t<\/div>\n\t\t\t\t\t\t<\/div>\n\t\t\t\t<\/div>\n\t\t\t\t<div class=\"elementor-element elementor-element-31d01a77 elementor-widget elementor-widget-heading\" data-id=\"31d01a77\" data-element_type=\"widget\" data-e-type=\"widget\" data-widget_type=\"heading.default\">\n\t\t\t\t<div class=\"elementor-widget-container\">\n\t\t\t\t\t<h2 class=\"elementor-heading-title elementor-size-default\">Fermoselle. Sayago. Zamora<\/h2>\t\t\t\t<\/div>\n\t\t\t\t<\/div>\n\t\t\t\t<div class=\"elementor-element elementor-element-dca792c elementor-widget elementor-widget-text-editor\" data-id=\"dca792c\" data-element_type=\"widget\" data-e-type=\"widget\" data-widget_type=\"text-editor.default\">\n\t\t\t\t<div class=\"elementor-widget-container\">\n\t\t\t\t\t\t\t\t\t<p>A la comarca del Sayago, on la prov\u00edncia de Zamora fa frontera amb Portugal al riu Duero, es localitza la vila de <strong>Fermoselle<\/strong>, capital de la zona i de la Denominaci\u00f3 d&#8217;Origen <strong>DO Arribes<\/strong>. Un poblament medieval que va tenir gran import\u00e0ncia estrat\u00e8gica a l&#8217;Edat Mitjana en la configuraci\u00f3 de la frontera entre el Regne de Lle\u00f3 i el de Portugal.<\/p><p>Ser\u00e0 el nostre punt de refer\u00e8ncia des de la <a href=\"https:\/\/www.elturistatranquil.com\/ca\/posada-de-dona-urraca-arribes-del-duero\/\" target=\"_blank\" rel=\"noopener\">Posada de Do\u00f1a Urraca<\/a> per con\u00e8ixer aquest impressionant territori.<\/p>\t\t\t\t\t\t\t\t<\/div>\n\t\t\t\t<\/div>\n\t\t\t\t<div class=\"elementor-element elementor-element-3a2248fc elementor-widget elementor-widget-image\" data-id=\"3a2248fc\" data-element_type=\"widget\" data-e-type=\"widget\" data-widget_type=\"image.default\">\n\t\t\t\t<div class=\"elementor-widget-container\">\n\t\t\t\t\t\t\t\t\t\t\t\t<figure class=\"wp-caption\">\n\t\t\t\t\t\t\t\t\t\t<img decoding=\"async\" width=\"768\" height=\"512\" src=\"https:\/\/www.elturistatranquil.com\/wp-content\/uploads\/F32b-Posada-de-Dona-Urraca-Fermoselle-Zamora.jpg\" class=\"attachment-large size-large wp-image-55392\" alt=\"Posada de Do\u00f1a Urraca, Fermoselle, Zamora\" srcset=\"https:\/\/www.elturistatranquil.com\/wp-content\/uploads\/F32b-Posada-de-Dona-Urraca-Fermoselle-Zamora.jpg 768w, https:\/\/www.elturistatranquil.com\/wp-content\/uploads\/F32b-Posada-de-Dona-Urraca-Fermoselle-Zamora-339x226.jpg 339w\" sizes=\"(max-width: 768px) 100vw, 768px\" \/>\t\t\t\t\t\t\t\t\t\t\t<figcaption class=\"widget-image-caption wp-caption-text\"><\/figcaption>\n\t\t\t\t\t\t\t\t\t\t<\/figure>\n\t\t\t\t\t\t\t\t\t<\/div>\n\t\t\t\t<\/div>\n\t\t\t\t<div class=\"elementor-element elementor-element-1449d0eb elementor-widget elementor-widget-heading\" data-id=\"1449d0eb\" data-element_type=\"widget\" data-e-type=\"widget\" data-widget_type=\"heading.default\">\n\t\t\t\t<div class=\"elementor-widget-container\">\n\t\t\t\t\t<h2 class=\"elementor-heading-title elementor-size-default\">El territori<\/h2>\t\t\t\t<\/div>\n\t\t\t\t<\/div>\n\t\t\t\t<div class=\"elementor-element elementor-element-aded634 elementor-widget elementor-widget-text-editor\" data-id=\"aded634\" data-element_type=\"widget\" data-e-type=\"widget\" data-widget_type=\"text-editor.default\">\n\t\t\t\t<div class=\"elementor-widget-container\">\n\t\t\t\t\t\t\t\t\t<p><strong>Fermoselle<\/strong> s&#8217;al\u00e7a sobre l&#8217;espinada d&#8217;un promontori roc\u00f3s que avan\u00e7a sobre la vall i que acaba en forma de tur\u00f3 sobresortint, sobre el qual es va assentar el castell i el primer nucli de caseriu.<\/p><p>El seu territori es caracteritza per un relleu accidentat, on els rius Duero i Tormes han esculpit impressionants canons i congostos que dibuixen un paisatge de gran bellesa i valor ecol\u00f2gic.<\/p><p>El clima de la zona \u00e9s mediterrani continentalitzat, amb hiverns freds i estius calorosos, marcats per una notable amplitud t\u00e8rmica i precipitacions moderades. Els s\u00f2ls, majorit\u00e0riament gran\u00edtics i pissarrosos, han condicionat l&#8217;activitat agr\u00edcola tradicional, destacant el cultiu de vinyes, oliveres i ametllers, que aprofiten les terrasses formades als vessants del terreny.<\/p><p>La vegetaci\u00f3 combina esp\u00e8cies pr\u00f2pies del bosc mediterrani, com alzines i sureres, amb un matoll dens de estepes i altres plantes adaptades a l&#8217;aridesa del clima.<\/p><p>Aquest entorn natural es veu refor\u00e7at per la seva situaci\u00f3 al cor del <strong>Parc Natural de Arribes del Duero<\/strong>.<\/p>\t\t\t\t\t\t\t\t<\/div>\n\t\t\t\t<\/div>\n\t\t\t\t<div class=\"elementor-element elementor-element-376c945 elementor-widget elementor-widget-image\" data-id=\"376c945\" data-element_type=\"widget\" data-e-type=\"widget\" data-widget_type=\"image.default\">\n\t\t\t\t<div class=\"elementor-widget-container\">\n\t\t\t\t\t\t\t\t\t\t\t\t<figure class=\"wp-caption\">\n\t\t\t\t\t\t\t\t\t\t<img loading=\"lazy\" decoding=\"async\" width=\"520\" height=\"600\" src=\"https:\/\/www.elturistatranquil.com\/wp-content\/uploads\/F34-Parque-Natural-Arribes-del-Duero.jpg\" class=\"attachment-large size-large wp-image-55396\" alt=\"Parque Natural Arribes del Duero\" srcset=\"https:\/\/www.elturistatranquil.com\/wp-content\/uploads\/F34-Parque-Natural-Arribes-del-Duero.jpg 520w, https:\/\/www.elturistatranquil.com\/wp-content\/uploads\/F34-Parque-Natural-Arribes-del-Duero-196x226.jpg 196w\" sizes=\"(max-width: 520px) 100vw, 520px\" \/>\t\t\t\t\t\t\t\t\t\t\t<figcaption class=\"widget-image-caption wp-caption-text\"><\/figcaption>\n\t\t\t\t\t\t\t\t\t\t<\/figure>\n\t\t\t\t\t\t\t\t\t<\/div>\n\t\t\t\t<\/div>\n\t\t\t\t<div class=\"elementor-element elementor-element-3cc7d59 elementor-widget elementor-widget-image\" data-id=\"3cc7d59\" data-element_type=\"widget\" data-e-type=\"widget\" data-widget_type=\"image.default\">\n\t\t\t\t<div class=\"elementor-widget-container\">\n\t\t\t\t\t\t\t\t\t\t\t\t<figure class=\"wp-caption\">\n\t\t\t\t\t\t\t\t\t\t<img loading=\"lazy\" decoding=\"async\" width=\"768\" height=\"512\" src=\"https:\/\/www.elturistatranquil.com\/wp-content\/uploads\/F05-Fermoselle-en-los-Arribes-del-Duero-Google-maps-2025-01-22.jpg\" class=\"attachment-large size-large wp-image-55443\" alt=\"Fermoselle en los Arribes del Duero (Google maps 2025-01-22)\" srcset=\"https:\/\/www.elturistatranquil.com\/wp-content\/uploads\/F05-Fermoselle-en-los-Arribes-del-Duero-Google-maps-2025-01-22.jpg 768w, https:\/\/www.elturistatranquil.com\/wp-content\/uploads\/F05-Fermoselle-en-los-Arribes-del-Duero-Google-maps-2025-01-22-339x226.jpg 339w\" sizes=\"(max-width: 768px) 100vw, 768px\" \/>\t\t\t\t\t\t\t\t\t\t\t<figcaption class=\"widget-image-caption wp-caption-text\">Fermoselle als Arribes del Duero (Google maps 2025-01-22)<\/figcaption>\n\t\t\t\t\t\t\t\t\t\t<\/figure>\n\t\t\t\t\t\t\t\t\t<\/div>\n\t\t\t\t<\/div>\n\t\t\t\t<div class=\"elementor-element elementor-element-c324b1f elementor-widget elementor-widget-text-editor\" data-id=\"c324b1f\" data-element_type=\"widget\" data-e-type=\"widget\" data-widget_type=\"text-editor.default\">\n\t\t\t\t<div class=\"elementor-widget-container\">\n\t\t\t\t\t\t\t\t\t<p>Aquestes caracter\u00edstiques del medi natural, juntament amb la seva ubicaci\u00f3 estrat\u00e8gica a la frontera amb Portugal, confereixen a Fermoselle un car\u00e0cter singular, on la hist\u00f2ria, la geografia i la tradici\u00f3 s&#8217;entrellacen en un paisatge de gran riquesa i contrast.<\/p><p>Si relacionem la posici\u00f3 de Fermoselle al mapa de situaci\u00f3 del principi del text amb el conjunt de mapes que s&#8217;ofereixen al <em>Post<\/em> <a href=\"https:\/\/www.elturistatranquil.com\/ca\/estructures-territorials-a-lespanya-peninsular\/\" target=\"_blank\" rel=\"noopener\">Estructures territorials a l&#8217;Espanya peninsular<\/a>, podrem fer-nos una idea dels condicionants geogr\u00e0fics i hist\u00f2rics m\u00e9s rellevants en qu\u00e8 es troba emmarcada Fermoselle.<\/p>\t\t\t\t\t\t\t\t<\/div>\n\t\t\t\t<\/div>\n\t\t\t\t<div class=\"elementor-element elementor-element-a906d18 elementor-widget elementor-widget-heading\" data-id=\"a906d18\" data-element_type=\"widget\" data-e-type=\"widget\" data-widget_type=\"heading.default\">\n\t\t\t\t<div class=\"elementor-widget-container\">\n\t\t\t\t\t<h2 class=\"elementor-heading-title elementor-size-default\">Una mica d'hist\u00f2ria\n<\/h2>\t\t\t\t<\/div>\n\t\t\t\t<\/div>\n\t\t\t\t<div class=\"elementor-element elementor-element-14300ea elementor-widget elementor-widget-text-editor\" data-id=\"14300ea\" data-element_type=\"widget\" data-e-type=\"widget\" data-widget_type=\"text-editor.default\">\n\t\t\t\t<div class=\"elementor-widget-container\">\n\t\t\t\t\t\t\t\t\t<p>La hist\u00f2ria de Fermoselle es remunta a temps antics, amb evid\u00e8ncies de col\u00f2nies des de l&#8217;Edat del Bronze.<\/p><p>Durant l&#8217;\u00e8poca romana, va formar part de la Lusitania i la seva ubicaci\u00f3 estrat\u00e8gica al Duero va afavorir la seva import\u00e0ncia a les rutes de comunicaci\u00f3 i defensa.<\/p><p>Amb la invasi\u00f3 musulmana al segle VIII, el territori va passar al seu control fins que, al segle IX, els regnes cristians van iniciar la seva reconquesta, encara que el domini de la zona va oscil\u00b7lar durant anys entre musulmans i cristians. Finalment, al segle XI, Fernando I de Le\u00f3n va consolidar la seva recuperaci\u00f3 per al Regne de Lle\u00f3.<\/p><p>Al segle XII, Fermoselle va cobrar gran rellev\u00e0ncia com a enclavament fronterer amb Portugal. En aquest context, va destacar la figura de Do\u00f1a Urraca de Portugal, esposa de Fernando II de Le\u00f3n. Despr\u00e9s de l&#8217;anul\u00b7laci\u00f3 del seu matrimoni per motius de proximitat de parentiu at\u00e8s que eren cosins segons, Urraca es va refugiar al castell de Fermoselle, que en aquella \u00e8poca era una fortalesa clau en la defensa del regne lleon\u00e8s. Durant el regnat de Fernando II, la vila va rebre privilegis i es va impulsar la repoblaci\u00f3, consolidant la seva import\u00e0ncia militar i estrat\u00e8gica.<\/p><p>La independ\u00e8ncia portuguesa el 1143 va convertir Fermoselle en un enclavament crucial en els conflictes entre tots dos regnes, refor\u00e7ant-se la seva muralla i el seu castell sota Alfonso IX.<\/p><p>Durant el segle XIII passa diverses vegades a dependre alternativament de la Corona i del bisbat de Zamora. En aquest per\u00edode, el 1221 Alfonso IX li concedeix Carta Foral.<\/p><p>Amb Alfonso XI, al segle XIV, es van enfortir encara m\u00e9s les seves defenses a causa de les constants disputes amb Portugal. I va ser al segle XV, amb els Reis Cat\u00f2lics que van consolidar el seu control, incorporant Fermoselle definitivament a la Corona de Castella.<\/p><p>Va ser baluard Comuner al segle XVI i, despr\u00e9s de la derrota d&#8217;aquests, l&#8217;emperador Carlos I ordenar\u00e0 destruir el castell i les muralles.<\/p><p>Els segles XVII i XVIII van transc\u00f3rrer amb relativa estabilitat, encara que la vila va patir les conseq\u00fc\u00e8ncies de conflictes com la Guerra de Restauraci\u00f3 Portuguesa i la Guerra de Successi\u00f3 Espanyola. Al segle XIX, la Guerra del Franc\u00e8s va portar enfrontaments als seus carrers, on guerrillers espanyols van combatre contra les tropes napole\u00f2niques.<\/p><p>Durant el segle XX, la despoblaci\u00f3 i l&#8217;emigraci\u00f3 van marcar la seva hist\u00f2ria, especialment a les d\u00e8cades dels 50 i 60, quan moltes fam\u00edlies van buscar oportunitats fora de la regi\u00f3.<\/p><p>Tot i aix\u00f2, en els darrers anys, Fermoselle ha ressorgit gr\u00e0cies al seu valor patrimonial, la seva tradici\u00f3 vitivin\u00edcola i la seva inclusi\u00f3 al Parc Natural de Arribes del Duero, convertint-se en una destinaci\u00f3 tur\u00edstica de gran inter\u00e8s, on encara es poden apreciar els vestigis de l&#8217;antic castell que al seu dia va protegir la vila i que, va servir de refugi del moments convulsos de la vida d\u2019Urraca.<\/p><p>Tot i que no hi ha cap pont d&#8217;enlla\u00e7 amb Portugal des de Fermoselle, sempre ha estat un pas fronterer mitjan\u00e7ant barques, havent disposat de duana.<\/p>\t\t\t\t\t\t\t\t<\/div>\n\t\t\t\t<\/div>\n\t\t\t\t<div class=\"elementor-element elementor-element-a4ade3e elementor-widget elementor-widget-heading\" data-id=\"a4ade3e\" data-element_type=\"widget\" data-e-type=\"widget\" data-widget_type=\"heading.default\">\n\t\t\t\t<div class=\"elementor-widget-container\">\n\t\t\t\t\t<h4 class=\"elementor-heading-title elementor-size-default\">Fermoselle al Diccionario de Madoz<\/h4>\t\t\t\t<\/div>\n\t\t\t\t<\/div>\n\t\t\t\t<div class=\"elementor-element elementor-element-b885504 elementor-widget elementor-widget-text-editor\" data-id=\"b885504\" data-element_type=\"widget\" data-e-type=\"widget\" data-widget_type=\"text-editor.default\">\n\t\t\t\t<div class=\"elementor-widget-container\">\n\t\t\t\t\t\t\t\t\t<p><em>\u201cV. con ayuntamiento, aduana terrestre de primera clase (\u2026). SIT.\u00a0 sobre un pe\u00f1asco \u00e9ntre los r. Duero y Tormes; los muchos cerros que se elevan por sus alrededores cubiertos de vi\u00f1edo, forman una vista agradable y basta cierto punto deliciosa (\u2026); su CLIMA es algo templado.; sus enfermedades mas comunes pulmon\u00edas, pleures\u00edas, tercianas y fiebres tifoideas.\u00a0 Tiene 750 CASAS distribuidas en varias calles; entre aquellas se cuenta la consistorial y c\u00e1rcel; la escuela de ni\u00f1os y la de ni\u00f1as (\u2026).\u00a0 Hay un ex-convento de Franciscos descalzos que sirve en la actualidad de hospital; este es de fundaci\u00f3n particular (\u2026). A la orilla \u00edzq.\u00a0 del Duero en su confluencia con el Tormes, \u00e9 inmediato \u00e1 la poblaci\u00f3n\u00a0 se ve un desmantelado cast., en que antes hubo gobernador, y 2 compa\u00f1\u00edas de inv\u00e1lidos para su guarnici\u00f3n(\u2026).\u00a0 <\/em><\/p><p><em>\u201cSe encuentra \u00e1 orillas del mencionado Duero, un cas.\u00a0llamado\u00a0 Mucena, donde viven los arrendatarios de la barca que da\u00a0 paso \u00e1 Portugal; y una casita para los carabineros. (\u2026)\u00a0 <\/em><\/p><p><em>\u201cLos CAMINOS dirigen \u00e1 Zamora, Ledesma y Salamanca; todos en lastimoso estado; para los pueblos lim\u00edtrofes hay unas veredas bastante penosas (\u2026). PROD.\u00a0 : vino , centeno, trigo, cebada, aceite, buenas frutas y pastos ; cria ganado lanar, vacuno y cabrio; caza de conejos y perdices; y pesca de barbos y anguilas.\u00a0 IMP.: unos 24 telares de lienzos gruesos, 8 molinos de aceite, una m\u00e1quina destilatoria de aguardiente, I y varios molinos harineros, COMERCIO: esportacion de aceite, vino , frutas, aguardiente y lana, \u00e9 importaci\u00f3n de centeno, cebada, garbanzos, jab\u00f3n, queso y otros efectos de consumo.<\/em><\/p><p><em>\u201cPOBL.: 782 vec, 2,501 almas\u00a0\u201c<\/em><\/p>\t\t\t\t\t\t\t\t<\/div>\n\t\t\t\t<\/div>\n\t\t\t\t<div class=\"elementor-element elementor-element-9b781d2 elementor-widget elementor-widget-heading\" data-id=\"9b781d2\" data-element_type=\"widget\" data-e-type=\"widget\" data-widget_type=\"heading.default\">\n\t\t\t\t<div class=\"elementor-widget-container\">\n\t\t\t\t\t<h2 class=\"elementor-heading-title elementor-size-default\">La visita a Fermoselle<\/h2>\t\t\t\t<\/div>\n\t\t\t\t<\/div>\n\t\t\t\t<div class=\"elementor-element elementor-element-122f7fd elementor-widget elementor-widget-image\" data-id=\"122f7fd\" data-element_type=\"widget\" data-e-type=\"widget\" data-widget_type=\"image.default\">\n\t\t\t\t<div class=\"elementor-widget-container\">\n\t\t\t\t\t\t\t\t\t\t\t\t<figure class=\"wp-caption\">\n\t\t\t\t\t\t\t\t\t\t<img loading=\"lazy\" decoding=\"async\" width=\"768\" height=\"512\" src=\"https:\/\/www.elturistatranquil.com\/wp-content\/uploads\/F06a-Recorrido-por-Fermoselle-Google-maps-2025-01-22.jpg\" class=\"attachment-large size-large wp-image-55445\" alt=\"Recorrido por Fermoselle (Google maps 2025-01-22)\" srcset=\"https:\/\/www.elturistatranquil.com\/wp-content\/uploads\/F06a-Recorrido-por-Fermoselle-Google-maps-2025-01-22.jpg 768w, https:\/\/www.elturistatranquil.com\/wp-content\/uploads\/F06a-Recorrido-por-Fermoselle-Google-maps-2025-01-22-339x226.jpg 339w\" sizes=\"(max-width: 768px) 100vw, 768px\" \/>\t\t\t\t\t\t\t\t\t\t\t<figcaption class=\"widget-image-caption wp-caption-text\">Recorregut central per Fermoselle (Google maps 2025-01-15)<\/figcaption>\n\t\t\t\t\t\t\t\t\t\t<\/figure>\n\t\t\t\t\t\t\t\t\t<\/div>\n\t\t\t\t<\/div>\n\t\t\t\t<div class=\"elementor-element elementor-element-f8aeb3c elementor-widget elementor-widget-image\" data-id=\"f8aeb3c\" data-element_type=\"widget\" data-e-type=\"widget\" data-widget_type=\"image.default\">\n\t\t\t\t<div class=\"elementor-widget-container\">\n\t\t\t\t\t\t\t\t\t\t\t\t<figure class=\"wp-caption\">\n\t\t\t\t\t\t\t\t\t\t<img loading=\"lazy\" decoding=\"async\" width=\"768\" height=\"513\" src=\"https:\/\/www.elturistatranquil.com\/wp-content\/uploads\/F06b-Recorrido-por-Fermoselle-Google-maps-2025-01-22.jpg\" class=\"attachment-large size-large wp-image-55447\" alt=\"Recorrido por Fermoselle (Google maps 2025-01-22)\" srcset=\"https:\/\/www.elturistatranquil.com\/wp-content\/uploads\/F06b-Recorrido-por-Fermoselle-Google-maps-2025-01-22.jpg 768w, https:\/\/www.elturistatranquil.com\/wp-content\/uploads\/F06b-Recorrido-por-Fermoselle-Google-maps-2025-01-22-339x226.jpg 339w\" sizes=\"(max-width: 768px) 100vw, 768px\" \/>\t\t\t\t\t\t\t\t\t\t\t<figcaption class=\"widget-image-caption wp-caption-text\">Indicaci\u00f3 de tots punts de visita a Fermoselle (Google maps 2025-01-15)<\/figcaption>\n\t\t\t\t\t\t\t\t\t\t<\/figure>\n\t\t\t\t\t\t\t\t\t<\/div>\n\t\t\t\t<\/div>\n\t\t\t\t<div class=\"elementor-element elementor-element-ca888de elementor-widget elementor-widget-text-editor\" data-id=\"ca888de\" data-element_type=\"widget\" data-e-type=\"widget\" data-widget_type=\"text-editor.default\">\n\t\t\t\t<div class=\"elementor-widget-container\">\n\t\t\t\t\t\t\t\t\t<p>Com es veu a la fotografia zenital, el castell i el caseriu inicials es van situar sobre l&#8217;extrem d&#8217;un sortint de l&#8217;altipl\u00e0 orientat en direcci\u00f3 nord-oest que forma una espinada rocosa de granit.<\/p><p>Aquesta orografia condicionar\u00e0 una estructura urbana de carrers sinuosos vinculats a la morfologia irregular i als afloraments gran\u00edtics, alhora que propiciar\u00e0 l&#8217;exist\u00e8ncia de quatre miradors urbans sobre tota la l\u00ednia de arribes: el del Castell, el Toroj\u00f3n, del Terrapl\u00e9n i Las Pe\u00f1as.<\/p><p>D&#8217;altra banda, aquesta morfologia \u00e9s la que haur\u00e0 perm\u00e8s hist\u00f2ricament la proliferaci\u00f3 dels cellers subterranis perforats als pendents que li atorguen una de les particularitats de la vila que permet tur\u00edsticament qualificar-se com <strong><em>el poble dels 1.000 cellers<\/em><\/strong>. Gaireb\u00e9 es pot dir que, a m\u00e9s dels cellers als quals s&#8217;accedeix des del carrer, cada casa en t\u00e9 un al seu interior. Pel que s&#8217;especula, la xifra estaria m\u00e9s propera als cinc-centes, per\u00f2 no se sap exactament quants existeixen. Amb la particularitat, com\u00fa a aquests pobles foradats, que molts es comuniquen internament entre si.<\/p><p>El recorregut proposat \u00e9s circular, partint de la <strong>Posada de Do\u00f1a Urraca<\/strong> i, de fet, des de l&#8217;inici del <strong>carrer Requejo<\/strong> (<strong>1<\/strong>), al costat de la carretera CL-527.<\/p>\t\t\t\t\t\t\t\t<\/div>\n\t\t\t\t<\/div>\n\t\t\t\t<div class=\"elementor-element elementor-element-4f6180fa elementor-widget elementor-widget-heading\" data-id=\"4f6180fa\" data-element_type=\"widget\" data-e-type=\"widget\" data-widget_type=\"heading.default\">\n\t\t\t\t<div class=\"elementor-widget-container\">\n\t\t\t\t\t<h3 class=\"elementor-heading-title elementor-size-default\">Carrer Requejo<\/h3>\t\t\t\t<\/div>\n\t\t\t\t<\/div>\n\t\t\t\t<div class=\"elementor-element elementor-element-2e018d6 elementor-widget elementor-widget-text-editor\" data-id=\"2e018d6\" data-element_type=\"widget\" data-e-type=\"widget\" data-widget_type=\"text-editor.default\">\n\t\t\t\t<div class=\"elementor-widget-container\">\n\t\t\t\t\t\t\t\t\t<p>L&#8217;entrada pel <strong>carrer Requejo<\/strong> (<strong>1<\/strong>) ja ens dona la idea de quina ser\u00e0 la morfologia urbana. A l&#8217;esquerra, recolzant-se sobre el pendent de la muntanya, les entrades als cellers seran una de les imatges recurrents, alternant amb cases d&#8217;una o dues plantes.<\/p><p>A la dreta, sobre el pendent exterior, s&#8217;hi acumularan les edificacions residencials de 2 o 3 nivells, amb nombroses construccions d&#8217;arquitectura impersonal pr\u00f2pia de la segona meitat del segle XX fins ara.<\/p><p>Destaca un dels elements de l\u00b4arquitectura popular de la zona en forma d\u00b4escales de pedra massisses exteriors. Tamb\u00e9 observarem predominar els carreus de granit perfectament tallats que es combinaran amb la ma\u00e7oneria de pedra.<\/p><p>Les petites obertures allargades, generalment protegides per reixes, moltes arran de terra, constitueixen els respiradors de les coves dels cellers.<\/p>\t\t\t\t\t\t\t\t<\/div>\n\t\t\t\t<\/div>\n\t\t\t\t<div class=\"elementor-element elementor-element-ee00fe6 elementor-widget elementor-widget-image\" data-id=\"ee00fe6\" data-element_type=\"widget\" data-e-type=\"widget\" data-widget_type=\"image.default\">\n\t\t\t\t<div class=\"elementor-widget-container\">\n\t\t\t\t\t\t\t\t\t\t\t\t<figure class=\"wp-caption\">\n\t\t\t\t\t\t\t\t\t\t<img loading=\"lazy\" decoding=\"async\" width=\"768\" height=\"512\" src=\"https:\/\/www.elturistatranquil.com\/wp-content\/uploads\/F07-Calle-Requejo-Fermoselle-Zamora.jpg\" class=\"attachment-large size-large wp-image-55449\" alt=\"Calle Requejo, Fermoselle, Zamora\" srcset=\"https:\/\/www.elturistatranquil.com\/wp-content\/uploads\/F07-Calle-Requejo-Fermoselle-Zamora.jpg 768w, https:\/\/www.elturistatranquil.com\/wp-content\/uploads\/F07-Calle-Requejo-Fermoselle-Zamora-339x226.jpg 339w\" sizes=\"(max-width: 768px) 100vw, 768px\" \/>\t\t\t\t\t\t\t\t\t\t\t<figcaption class=\"widget-image-caption wp-caption-text\"><\/figcaption>\n\t\t\t\t\t\t\t\t\t\t<\/figure>\n\t\t\t\t\t\t\t\t\t<\/div>\n\t\t\t\t<\/div>\n\t\t\t\t<div class=\"elementor-element elementor-element-d759432 elementor-widget elementor-widget-image\" data-id=\"d759432\" data-element_type=\"widget\" data-e-type=\"widget\" data-widget_type=\"image.default\">\n\t\t\t\t<div class=\"elementor-widget-container\">\n\t\t\t\t\t\t\t\t\t\t\t\t<figure class=\"wp-caption\">\n\t\t\t\t\t\t\t\t\t\t<img loading=\"lazy\" decoding=\"async\" width=\"768\" height=\"512\" src=\"https:\/\/www.elturistatranquil.com\/wp-content\/uploads\/F08-Calle-Requejo-Fermoselle-Zamora.jpg\" class=\"attachment-large size-large wp-image-55451\" alt=\"Calle Requejo, Fermoselle, Zamora\" srcset=\"https:\/\/www.elturistatranquil.com\/wp-content\/uploads\/F08-Calle-Requejo-Fermoselle-Zamora.jpg 768w, https:\/\/www.elturistatranquil.com\/wp-content\/uploads\/F08-Calle-Requejo-Fermoselle-Zamora-339x226.jpg 339w\" sizes=\"(max-width: 768px) 100vw, 768px\" \/>\t\t\t\t\t\t\t\t\t\t\t<figcaption class=\"widget-image-caption wp-caption-text\"><\/figcaption>\n\t\t\t\t\t\t\t\t\t\t<\/figure>\n\t\t\t\t\t\t\t\t\t<\/div>\n\t\t\t\t<\/div>\n\t\t\t\t<div class=\"elementor-element elementor-element-11cbe8f elementor-widget elementor-widget-image\" data-id=\"11cbe8f\" data-element_type=\"widget\" data-e-type=\"widget\" data-widget_type=\"image.default\">\n\t\t\t\t<div class=\"elementor-widget-container\">\n\t\t\t\t\t\t\t\t\t\t\t\t<figure class=\"wp-caption\">\n\t\t\t\t\t\t\t\t\t\t<img loading=\"lazy\" decoding=\"async\" width=\"768\" height=\"512\" src=\"https:\/\/www.elturistatranquil.com\/wp-content\/uploads\/F09-Calle-Requejo-Fermoselle-Zamora.jpg\" class=\"attachment-large size-large wp-image-55453\" alt=\"Calle Requejo, Fermoselle, Zamora\" srcset=\"https:\/\/www.elturistatranquil.com\/wp-content\/uploads\/F09-Calle-Requejo-Fermoselle-Zamora.jpg 768w, https:\/\/www.elturistatranquil.com\/wp-content\/uploads\/F09-Calle-Requejo-Fermoselle-Zamora-339x226.jpg 339w\" sizes=\"(max-width: 768px) 100vw, 768px\" \/>\t\t\t\t\t\t\t\t\t\t\t<figcaption class=\"widget-image-caption wp-caption-text\"><\/figcaption>\n\t\t\t\t\t\t\t\t\t\t<\/figure>\n\t\t\t\t\t\t\t\t\t<\/div>\n\t\t\t\t<\/div>\n\t\t\t\t<div class=\"elementor-element elementor-element-ce80d69 elementor-widget elementor-widget-image\" data-id=\"ce80d69\" data-element_type=\"widget\" data-e-type=\"widget\" data-widget_type=\"image.default\">\n\t\t\t\t<div class=\"elementor-widget-container\">\n\t\t\t\t\t\t\t\t\t\t\t\t<figure class=\"wp-caption\">\n\t\t\t\t\t\t\t\t\t\t<img loading=\"lazy\" decoding=\"async\" width=\"768\" height=\"512\" src=\"https:\/\/www.elturistatranquil.com\/wp-content\/uploads\/F10-Calle-Requejo-Fermoselle-Zamora.jpg\" class=\"attachment-large size-large wp-image-55455\" alt=\"Calle Requejo, Fermoselle, Zamora\" srcset=\"https:\/\/www.elturistatranquil.com\/wp-content\/uploads\/F10-Calle-Requejo-Fermoselle-Zamora.jpg 768w, https:\/\/www.elturistatranquil.com\/wp-content\/uploads\/F10-Calle-Requejo-Fermoselle-Zamora-339x226.jpg 339w\" sizes=\"(max-width: 768px) 100vw, 768px\" \/>\t\t\t\t\t\t\t\t\t\t\t<figcaption class=\"widget-image-caption wp-caption-text\"><\/figcaption>\n\t\t\t\t\t\t\t\t\t\t<\/figure>\n\t\t\t\t\t\t\t\t\t<\/div>\n\t\t\t\t<\/div>\n\t\t\t\t<div class=\"elementor-element elementor-element-ffc08d6 elementor-widget elementor-widget-image\" data-id=\"ffc08d6\" data-element_type=\"widget\" data-e-type=\"widget\" data-widget_type=\"image.default\">\n\t\t\t\t<div class=\"elementor-widget-container\">\n\t\t\t\t\t\t\t\t\t\t\t\t<figure class=\"wp-caption\">\n\t\t\t\t\t\t\t\t\t\t<img loading=\"lazy\" decoding=\"async\" width=\"768\" height=\"512\" src=\"https:\/\/www.elturistatranquil.com\/wp-content\/uploads\/F11-Calle-Requejo-Fermoselle-Zamora.jpg\" class=\"attachment-large size-large wp-image-55457\" alt=\"Calle Requejo, Fermoselle, Zamora\" srcset=\"https:\/\/www.elturistatranquil.com\/wp-content\/uploads\/F11-Calle-Requejo-Fermoselle-Zamora.jpg 768w, https:\/\/www.elturistatranquil.com\/wp-content\/uploads\/F11-Calle-Requejo-Fermoselle-Zamora-339x226.jpg 339w\" sizes=\"(max-width: 768px) 100vw, 768px\" \/>\t\t\t\t\t\t\t\t\t\t\t<figcaption class=\"widget-image-caption wp-caption-text\"><\/figcaption>\n\t\t\t\t\t\t\t\t\t\t<\/figure>\n\t\t\t\t\t\t\t\t\t<\/div>\n\t\t\t\t<\/div>\n\t\t\t\t<div class=\"elementor-element elementor-element-6ffd978 elementor-widget elementor-widget-text-editor\" data-id=\"6ffd978\" data-element_type=\"widget\" data-e-type=\"widget\" data-widget_type=\"text-editor.default\">\n\t\t\t\t<div class=\"elementor-widget-container\">\n\t\t\t\t\t\t\t\t\t<p>A nombrosos llocs, la formaci\u00f3 gran\u00edtica t\u00edpicament arrodonida pels efectes erosius arriba fins al l\u00edmit del carrer; o potser seria millor dir que els carrers es van anar adaptant als afloraments rocosos naturals, i els intersticis que deixaven s&#8217;anaven emplenant amb construccions urbanes.<\/p>\t\t\t\t\t\t\t\t<\/div>\n\t\t\t\t<\/div>\n\t\t\t\t<div class=\"elementor-element elementor-element-5bbafae elementor-widget elementor-widget-image\" data-id=\"5bbafae\" data-element_type=\"widget\" data-e-type=\"widget\" data-widget_type=\"image.default\">\n\t\t\t\t<div class=\"elementor-widget-container\">\n\t\t\t\t\t\t\t\t\t\t\t\t<figure class=\"wp-caption\">\n\t\t\t\t\t\t\t\t\t\t<img loading=\"lazy\" decoding=\"async\" width=\"768\" height=\"512\" src=\"https:\/\/www.elturistatranquil.com\/wp-content\/uploads\/F12-Calle-Requejo-Fermoselle-Zamora.jpg\" class=\"attachment-large size-large wp-image-55459\" alt=\"Calle Requejo, Fermoselle, Zamora\" srcset=\"https:\/\/www.elturistatranquil.com\/wp-content\/uploads\/F12-Calle-Requejo-Fermoselle-Zamora.jpg 768w, https:\/\/www.elturistatranquil.com\/wp-content\/uploads\/F12-Calle-Requejo-Fermoselle-Zamora-339x226.jpg 339w\" sizes=\"(max-width: 768px) 100vw, 768px\" \/>\t\t\t\t\t\t\t\t\t\t\t<figcaption class=\"widget-image-caption wp-caption-text\"><\/figcaption>\n\t\t\t\t\t\t\t\t\t\t<\/figure>\n\t\t\t\t\t\t\t\t\t<\/div>\n\t\t\t\t<\/div>\n\t\t\t\t<div class=\"elementor-element elementor-element-9f6ab77 elementor-widget elementor-widget-text-editor\" data-id=\"9f6ab77\" data-element_type=\"widget\" data-e-type=\"widget\" data-widget_type=\"text-editor.default\">\n\t\t\t\t<div class=\"elementor-widget-container\">\n\t\t\t\t\t\t\t\t\t<p>S\u00f3n nombroses les construccions amb portes d&#8217;arc de mig punt de carreuat amb dovelles. I a la primera planta balcons amb barana de ferro.<\/p>\t\t\t\t\t\t\t\t<\/div>\n\t\t\t\t<\/div>\n\t\t\t\t<div class=\"elementor-element elementor-element-d56fc8a elementor-widget elementor-widget-image\" data-id=\"d56fc8a\" data-element_type=\"widget\" data-e-type=\"widget\" data-widget_type=\"image.default\">\n\t\t\t\t<div class=\"elementor-widget-container\">\n\t\t\t\t\t\t\t\t\t\t\t\t<figure class=\"wp-caption\">\n\t\t\t\t\t\t\t\t\t\t<img loading=\"lazy\" decoding=\"async\" width=\"768\" height=\"512\" src=\"https:\/\/www.elturistatranquil.com\/wp-content\/uploads\/F13-Calle-Requejo-Fermoselle-Zamora.jpg\" class=\"attachment-large size-large wp-image-55464\" alt=\"Calle Requejo, Fermoselle, Zamora\" srcset=\"https:\/\/www.elturistatranquil.com\/wp-content\/uploads\/F13-Calle-Requejo-Fermoselle-Zamora.jpg 768w, https:\/\/www.elturistatranquil.com\/wp-content\/uploads\/F13-Calle-Requejo-Fermoselle-Zamora-339x226.jpg 339w\" sizes=\"(max-width: 768px) 100vw, 768px\" \/>\t\t\t\t\t\t\t\t\t\t\t<figcaption class=\"widget-image-caption wp-caption-text\"><\/figcaption>\n\t\t\t\t\t\t\t\t\t\t<\/figure>\n\t\t\t\t\t\t\t\t\t<\/div>\n\t\t\t\t<\/div>\n\t\t\t\t<div class=\"elementor-element elementor-element-71dea2b elementor-widget elementor-widget-image\" data-id=\"71dea2b\" data-element_type=\"widget\" data-e-type=\"widget\" data-widget_type=\"image.default\">\n\t\t\t\t<div class=\"elementor-widget-container\">\n\t\t\t\t\t\t\t\t\t\t\t\t<figure class=\"wp-caption\">\n\t\t\t\t\t\t\t\t\t\t<img loading=\"lazy\" decoding=\"async\" width=\"768\" height=\"512\" src=\"https:\/\/www.elturistatranquil.com\/wp-content\/uploads\/F14-Calle-Requejo-Fermoselle-Zamora.jpg\" class=\"attachment-large size-large wp-image-55466\" alt=\"Calle Requejo, Fermoselle, Zamora\" srcset=\"https:\/\/www.elturistatranquil.com\/wp-content\/uploads\/F14-Calle-Requejo-Fermoselle-Zamora.jpg 768w, https:\/\/www.elturistatranquil.com\/wp-content\/uploads\/F14-Calle-Requejo-Fermoselle-Zamora-339x226.jpg 339w\" sizes=\"(max-width: 768px) 100vw, 768px\" \/>\t\t\t\t\t\t\t\t\t\t\t<figcaption class=\"widget-image-caption wp-caption-text\"><\/figcaption>\n\t\t\t\t\t\t\t\t\t\t<\/figure>\n\t\t\t\t\t\t\t\t\t<\/div>\n\t\t\t\t<\/div>\n\t\t\t\t<div class=\"elementor-element elementor-element-afcf985 elementor-widget elementor-widget-text-editor\" data-id=\"afcf985\" data-element_type=\"widget\" data-e-type=\"widget\" data-widget_type=\"text-editor.default\">\n\t\t\t\t<div class=\"elementor-widget-container\">\n\t\t\t\t\t\t\t\t\t<p>Com constatarem en arribar a la pla\u00e7a Major, les cru\u00eflles del carrer principal estan dotades de proteccions met\u00e0l\u00b7liques enreixades movibles per tancar el pas del carrer als braus durant els tancaments t\u00edpics de les festes patronals. Altres parts dels enreixats es munten i desmunten per a cada ocasi\u00f3.<\/p>\t\t\t\t\t\t\t\t<\/div>\n\t\t\t\t<\/div>\n\t\t\t\t<div class=\"elementor-element elementor-element-a44415f elementor-widget elementor-widget-image\" data-id=\"a44415f\" data-element_type=\"widget\" data-e-type=\"widget\" data-widget_type=\"image.default\">\n\t\t\t\t<div class=\"elementor-widget-container\">\n\t\t\t\t\t\t\t\t\t\t\t\t<figure class=\"wp-caption\">\n\t\t\t\t\t\t\t\t\t\t<img loading=\"lazy\" decoding=\"async\" width=\"768\" height=\"512\" src=\"https:\/\/www.elturistatranquil.com\/wp-content\/uploads\/F15-Calle-Requejo-Fermoselle-Zamora.jpg\" class=\"attachment-large size-large wp-image-55468\" alt=\"Calle Requejo, Fermoselle, Zamora\" srcset=\"https:\/\/www.elturistatranquil.com\/wp-content\/uploads\/F15-Calle-Requejo-Fermoselle-Zamora.jpg 768w, https:\/\/www.elturistatranquil.com\/wp-content\/uploads\/F15-Calle-Requejo-Fermoselle-Zamora-339x226.jpg 339w\" sizes=\"(max-width: 768px) 100vw, 768px\" \/>\t\t\t\t\t\t\t\t\t\t\t<figcaption class=\"widget-image-caption wp-caption-text\"><\/figcaption>\n\t\t\t\t\t\t\t\t\t\t<\/figure>\n\t\t\t\t\t\t\t\t\t<\/div>\n\t\t\t\t<\/div>\n\t\t\t\t<div class=\"elementor-element elementor-element-236f50d elementor-widget elementor-widget-heading\" data-id=\"236f50d\" data-element_type=\"widget\" data-e-type=\"widget\" data-widget_type=\"heading.default\">\n\t\t\t\t<div class=\"elementor-widget-container\">\n\t\t\t\t\t<h4 class=\"elementor-heading-title elementor-size-default\">Porta del Villar o L'Arc<\/h4>\t\t\t\t<\/div>\n\t\t\t\t<\/div>\n\t\t\t\t<div class=\"elementor-element elementor-element-fe00463 elementor-widget elementor-widget-text-editor\" data-id=\"fe00463\" data-element_type=\"widget\" data-e-type=\"widget\" data-widget_type=\"text-editor.default\">\n\t\t\t\t<div class=\"elementor-widget-container\">\n\t\t\t\t\t\t\t\t\t<p>La <strong>Porta del Villar<\/strong>, coneguda com <strong>El Arco<\/strong> (<strong>2<\/strong>) seria la porta principal d&#8217;entrada al recinte emmurallat. Sembla que existia una altra porta pel sud-oest vers Portugal.<\/p><p>\u00c9s d&#8217;arc apuntat de carreuat amb un balc\u00f3 cobert a la part superior, \u00e9s l&#8217;\u00fanic vestigi de la muralla que envoltava la vila medieval; mentre que el mur de llen\u00e7 estava constru\u00eft en ma\u00e7oneria de pedra.<\/p>\t\t\t\t\t\t\t\t<\/div>\n\t\t\t\t<\/div>\n\t\t\t\t<div class=\"elementor-element elementor-element-f2da849 elementor-widget elementor-widget-image\" data-id=\"f2da849\" data-element_type=\"widget\" data-e-type=\"widget\" data-widget_type=\"image.default\">\n\t\t\t\t<div class=\"elementor-widget-container\">\n\t\t\t\t\t\t\t\t\t\t\t\t<figure class=\"wp-caption\">\n\t\t\t\t\t\t\t\t\t\t<img loading=\"lazy\" decoding=\"async\" width=\"768\" height=\"512\" src=\"https:\/\/www.elturistatranquil.com\/wp-content\/uploads\/F16-El-Arco-Fermoselle-Zamora.jpg\" class=\"attachment-large size-large wp-image-55470\" alt=\"El Arco, Fermoselle, Zamora\" srcset=\"https:\/\/www.elturistatranquil.com\/wp-content\/uploads\/F16-El-Arco-Fermoselle-Zamora.jpg 768w, https:\/\/www.elturistatranquil.com\/wp-content\/uploads\/F16-El-Arco-Fermoselle-Zamora-339x226.jpg 339w\" sizes=\"(max-width: 768px) 100vw, 768px\" \/>\t\t\t\t\t\t\t\t\t\t\t<figcaption class=\"widget-image-caption wp-caption-text\"><\/figcaption>\n\t\t\t\t\t\t\t\t\t\t<\/figure>\n\t\t\t\t\t\t\t\t\t<\/div>\n\t\t\t\t<\/div>\n\t\t\t\t<div class=\"elementor-element elementor-element-fa0be03 elementor-widget elementor-widget-image\" data-id=\"fa0be03\" data-element_type=\"widget\" data-e-type=\"widget\" data-widget_type=\"image.default\">\n\t\t\t\t<div class=\"elementor-widget-container\">\n\t\t\t\t\t\t\t\t\t\t\t\t<figure class=\"wp-caption\">\n\t\t\t\t\t\t\t\t\t\t<img loading=\"lazy\" decoding=\"async\" width=\"768\" height=\"512\" src=\"https:\/\/www.elturistatranquil.com\/wp-content\/uploads\/F17-El-Arco-Fermoselle-Zamora.jpg\" class=\"attachment-large size-large wp-image-55472\" alt=\"El Arco, Fermoselle, Zamora\" srcset=\"https:\/\/www.elturistatranquil.com\/wp-content\/uploads\/F17-El-Arco-Fermoselle-Zamora.jpg 768w, https:\/\/www.elturistatranquil.com\/wp-content\/uploads\/F17-El-Arco-Fermoselle-Zamora-339x226.jpg 339w\" sizes=\"(max-width: 768px) 100vw, 768px\" \/>\t\t\t\t\t\t\t\t\t\t\t<figcaption class=\"widget-image-caption wp-caption-text\"><\/figcaption>\n\t\t\t\t\t\t\t\t\t\t<\/figure>\n\t\t\t\t\t\t\t\t\t<\/div>\n\t\t\t\t<\/div>\n\t\t\t\t<div class=\"elementor-element elementor-element-bf7205b elementor-widget elementor-widget-image\" data-id=\"bf7205b\" data-element_type=\"widget\" data-e-type=\"widget\" data-widget_type=\"image.default\">\n\t\t\t\t<div class=\"elementor-widget-container\">\n\t\t\t\t\t\t\t\t\t\t\t\t<figure class=\"wp-caption\">\n\t\t\t\t\t\t\t\t\t\t<img loading=\"lazy\" decoding=\"async\" width=\"768\" height=\"512\" src=\"https:\/\/www.elturistatranquil.com\/wp-content\/uploads\/F18-El-Arco-Fermoselle-Zamora.jpg\" class=\"attachment-large size-large wp-image-55474\" alt=\"El Arco, Fermoselle, Zamora\" srcset=\"https:\/\/www.elturistatranquil.com\/wp-content\/uploads\/F18-El-Arco-Fermoselle-Zamora.jpg 768w, https:\/\/www.elturistatranquil.com\/wp-content\/uploads\/F18-El-Arco-Fermoselle-Zamora-339x226.jpg 339w\" sizes=\"(max-width: 768px) 100vw, 768px\" \/>\t\t\t\t\t\t\t\t\t\t\t<figcaption class=\"widget-image-caption wp-caption-text\"><\/figcaption>\n\t\t\t\t\t\t\t\t\t\t<\/figure>\n\t\t\t\t\t\t\t\t\t<\/div>\n\t\t\t\t<\/div>\n\t\t\t\t<div class=\"elementor-element elementor-element-6b0dc81 elementor-widget elementor-widget-text-editor\" data-id=\"6b0dc81\" data-element_type=\"widget\" data-e-type=\"widget\" data-widget_type=\"text-editor.default\">\n\t\t\t\t<div class=\"elementor-widget-container\">\n\t\t\t\t\t\t\t\t\t<p>Entrem a la vila d&#8217;origen medieval pel carrer que localment es coneix com a <strong>carrer Abajo<\/strong>.<\/p><p>La casa de l&#8217;interior que continua pel costat esquerre es considera que \u00e9s una de les m\u00e9s antigues de Fermoselle, amb dos grans arcs de mig punt que formen una porxada.<\/p>\t\t\t\t\t\t\t\t<\/div>\n\t\t\t\t<\/div>\n\t\t\t\t<div class=\"elementor-element elementor-element-545ae00 elementor-widget elementor-widget-image\" data-id=\"545ae00\" data-element_type=\"widget\" data-e-type=\"widget\" data-widget_type=\"image.default\">\n\t\t\t\t<div class=\"elementor-widget-container\">\n\t\t\t\t\t\t\t\t\t\t\t\t<figure class=\"wp-caption\">\n\t\t\t\t\t\t\t\t\t\t<img loading=\"lazy\" decoding=\"async\" width=\"768\" height=\"512\" src=\"https:\/\/www.elturistatranquil.com\/wp-content\/uploads\/F19-Calle-Requejo-Fermoselle-Zamora.jpg\" class=\"attachment-large size-large wp-image-55476\" alt=\"Calle Requejo, Fermoselle, Zamora\" srcset=\"https:\/\/www.elturistatranquil.com\/wp-content\/uploads\/F19-Calle-Requejo-Fermoselle-Zamora.jpg 768w, https:\/\/www.elturistatranquil.com\/wp-content\/uploads\/F19-Calle-Requejo-Fermoselle-Zamora-339x226.jpg 339w\" sizes=\"(max-width: 768px) 100vw, 768px\" \/>\t\t\t\t\t\t\t\t\t\t\t<figcaption class=\"widget-image-caption wp-caption-text\"><\/figcaption>\n\t\t\t\t\t\t\t\t\t\t<\/figure>\n\t\t\t\t\t\t\t\t\t<\/div>\n\t\t\t\t<\/div>\n\t\t\t\t<div class=\"elementor-element elementor-element-8fa1f65 elementor-widget elementor-widget-text-editor\" data-id=\"8fa1f65\" data-element_type=\"widget\" data-e-type=\"widget\" data-widget_type=\"text-editor.default\">\n\t\t\t\t<div class=\"elementor-widget-container\">\n\t\t\t\t\t\t\t\t\t<p>L&#8217;arquitectura tradicional que va formant els carrers de l&#8217;interior hist\u00f2ric mostren els elements de f\u00e0brica en qu\u00e8 domina el carreu fi en les diferents obertures dels edificis, amb alternan\u00e7a de llindes de pedra o arcs de mig punt amb la funci\u00f3 d&#8217;arc de desc\u00e0rrega, a l&#8217;interior dels quals s&#8217;allotgen porta, finestres i acc\u00e9s al soterrani del celler.<\/p><p>Els murs de ma\u00e7oneria de pedra i balcons amb baranes met\u00e0l\u00b7liques. Sent propi d&#8217;aquesta arquitectura que els sortints dels balcons se sustenten en grans m\u00e8nsules de pedra.<\/p>\t\t\t\t\t\t\t\t<\/div>\n\t\t\t\t<\/div>\n\t\t\t\t<div class=\"elementor-element elementor-element-4a0c78a elementor-widget elementor-widget-image\" data-id=\"4a0c78a\" data-element_type=\"widget\" data-e-type=\"widget\" data-widget_type=\"image.default\">\n\t\t\t\t<div class=\"elementor-widget-container\">\n\t\t\t\t\t\t\t\t\t\t\t\t<figure class=\"wp-caption\">\n\t\t\t\t\t\t\t\t\t\t<img loading=\"lazy\" decoding=\"async\" width=\"768\" height=\"512\" src=\"https:\/\/www.elturistatranquil.com\/wp-content\/uploads\/F20-Calle-Requejo-Fermoselle-Zamora.jpg\" class=\"attachment-large size-large wp-image-55478\" alt=\"Calle Requejo, Fermoselle, Zamora\" srcset=\"https:\/\/www.elturistatranquil.com\/wp-content\/uploads\/F20-Calle-Requejo-Fermoselle-Zamora.jpg 768w, https:\/\/www.elturistatranquil.com\/wp-content\/uploads\/F20-Calle-Requejo-Fermoselle-Zamora-339x226.jpg 339w\" sizes=\"(max-width: 768px) 100vw, 768px\" \/>\t\t\t\t\t\t\t\t\t\t\t<figcaption class=\"widget-image-caption wp-caption-text\"><\/figcaption>\n\t\t\t\t\t\t\t\t\t\t<\/figure>\n\t\t\t\t\t\t\t\t\t<\/div>\n\t\t\t\t<\/div>\n\t\t\t\t<div class=\"elementor-element elementor-element-76b75af elementor-widget elementor-widget-image\" data-id=\"76b75af\" data-element_type=\"widget\" data-e-type=\"widget\" data-widget_type=\"image.default\">\n\t\t\t\t<div class=\"elementor-widget-container\">\n\t\t\t\t\t\t\t\t\t\t\t\t<figure class=\"wp-caption\">\n\t\t\t\t\t\t\t\t\t\t<img loading=\"lazy\" decoding=\"async\" width=\"768\" height=\"512\" src=\"https:\/\/www.elturistatranquil.com\/wp-content\/uploads\/F21-Calle-Requejo-Fermoselle-Zamora.jpg\" class=\"attachment-large size-large wp-image-55480\" alt=\"Calle Requejo, Fermoselle, Zamora\" srcset=\"https:\/\/www.elturistatranquil.com\/wp-content\/uploads\/F21-Calle-Requejo-Fermoselle-Zamora.jpg 768w, https:\/\/www.elturistatranquil.com\/wp-content\/uploads\/F21-Calle-Requejo-Fermoselle-Zamora-339x226.jpg 339w\" sizes=\"(max-width: 768px) 100vw, 768px\" \/>\t\t\t\t\t\t\t\t\t\t\t<figcaption class=\"widget-image-caption wp-caption-text\"><\/figcaption>\n\t\t\t\t\t\t\t\t\t\t<\/figure>\n\t\t\t\t\t\t\t\t\t<\/div>\n\t\t\t\t<\/div>\n\t\t\t\t<div class=\"elementor-element elementor-element-5791a4c elementor-widget elementor-widget-image\" data-id=\"5791a4c\" data-element_type=\"widget\" data-e-type=\"widget\" data-widget_type=\"image.default\">\n\t\t\t\t<div class=\"elementor-widget-container\">\n\t\t\t\t\t\t\t\t\t\t\t\t<figure class=\"wp-caption\">\n\t\t\t\t\t\t\t\t\t\t<img loading=\"lazy\" decoding=\"async\" width=\"768\" height=\"512\" src=\"https:\/\/www.elturistatranquil.com\/wp-content\/uploads\/F22-Calle-Requejo-Fermoselle-Zamora.jpg\" class=\"attachment-large size-large wp-image-55482\" alt=\"Calle Requejo, Fermoselle, Zamora\" srcset=\"https:\/\/www.elturistatranquil.com\/wp-content\/uploads\/F22-Calle-Requejo-Fermoselle-Zamora.jpg 768w, https:\/\/www.elturistatranquil.com\/wp-content\/uploads\/F22-Calle-Requejo-Fermoselle-Zamora-339x226.jpg 339w\" sizes=\"(max-width: 768px) 100vw, 768px\" \/>\t\t\t\t\t\t\t\t\t\t\t<figcaption class=\"widget-image-caption wp-caption-text\"><\/figcaption>\n\t\t\t\t\t\t\t\t\t\t<\/figure>\n\t\t\t\t\t\t\t\t\t<\/div>\n\t\t\t\t<\/div>\n\t\t\t\t<div class=\"elementor-element elementor-element-43d7d3d elementor-widget elementor-widget-image\" data-id=\"43d7d3d\" data-element_type=\"widget\" data-e-type=\"widget\" data-widget_type=\"image.default\">\n\t\t\t\t<div class=\"elementor-widget-container\">\n\t\t\t\t\t\t\t\t\t\t\t\t<figure class=\"wp-caption\">\n\t\t\t\t\t\t\t\t\t\t<img loading=\"lazy\" decoding=\"async\" width=\"768\" height=\"512\" src=\"https:\/\/www.elturistatranquil.com\/wp-content\/uploads\/F23-Calle-Requejo-Fermoselle-Zamora.jpg\" class=\"attachment-large size-large wp-image-55487\" alt=\"Calle Requejo, Fermoselle, Zamora\" srcset=\"https:\/\/www.elturistatranquil.com\/wp-content\/uploads\/F23-Calle-Requejo-Fermoselle-Zamora.jpg 768w, https:\/\/www.elturistatranquil.com\/wp-content\/uploads\/F23-Calle-Requejo-Fermoselle-Zamora-339x226.jpg 339w\" sizes=\"(max-width: 768px) 100vw, 768px\" \/>\t\t\t\t\t\t\t\t\t\t\t<figcaption class=\"widget-image-caption wp-caption-text\"><\/figcaption>\n\t\t\t\t\t\t\t\t\t\t<\/figure>\n\t\t\t\t\t\t\t\t\t<\/div>\n\t\t\t\t<\/div>\n\t\t\t\t<div class=\"elementor-element elementor-element-3bc2966 elementor-widget elementor-widget-text-editor\" data-id=\"3bc2966\" data-element_type=\"widget\" data-e-type=\"widget\" data-widget_type=\"text-editor.default\">\n\t\t\t\t<div class=\"elementor-widget-container\">\n\t\t\t\t\t\t\t\t\t<p>L&#8217;edifici hist\u00f2ric conegut com \u201cLa Capella\u201d exhibeix un gran arc amb les dovelles llaurades formant un lleuger abotzinament.<\/p>\t\t\t\t\t\t\t\t<\/div>\n\t\t\t\t<\/div>\n\t\t\t\t<div class=\"elementor-element elementor-element-3b175c4 elementor-widget elementor-widget-image\" data-id=\"3b175c4\" data-element_type=\"widget\" data-e-type=\"widget\" data-widget_type=\"image.default\">\n\t\t\t\t<div class=\"elementor-widget-container\">\n\t\t\t\t\t\t\t\t\t\t\t\t<figure class=\"wp-caption\">\n\t\t\t\t\t\t\t\t\t\t<img loading=\"lazy\" decoding=\"async\" width=\"768\" height=\"512\" src=\"https:\/\/www.elturistatranquil.com\/wp-content\/uploads\/F24-Calle-Requejo-Fermoselle-Zamora.jpg\" class=\"attachment-large size-large wp-image-55489\" alt=\"Calle Requejo, Fermoselle, Zamora\" srcset=\"https:\/\/www.elturistatranquil.com\/wp-content\/uploads\/F24-Calle-Requejo-Fermoselle-Zamora.jpg 768w, https:\/\/www.elturistatranquil.com\/wp-content\/uploads\/F24-Calle-Requejo-Fermoselle-Zamora-339x226.jpg 339w\" sizes=\"(max-width: 768px) 100vw, 768px\" \/>\t\t\t\t\t\t\t\t\t\t\t<figcaption class=\"widget-image-caption wp-caption-text\"><\/figcaption>\n\t\t\t\t\t\t\t\t\t\t<\/figure>\n\t\t\t\t\t\t\t\t\t<\/div>\n\t\t\t\t<\/div>\n\t\t\t\t<div class=\"elementor-element elementor-element-c33cecf elementor-widget elementor-widget-heading\" data-id=\"c33cecf\" data-element_type=\"widget\" data-e-type=\"widget\" data-widget_type=\"heading.default\">\n\t\t\t\t<div class=\"elementor-widget-container\">\n\t\t\t\t\t<h4 class=\"elementor-heading-title elementor-size-default\">Esgl\u00e9sia de Nuestra Se\u00f1ora de la Asunci\u00f3n<\/h4>\t\t\t\t<\/div>\n\t\t\t\t<\/div>\n\t\t\t\t<div class=\"elementor-element elementor-element-849591a elementor-widget elementor-widget-text-editor\" data-id=\"849591a\" data-element_type=\"widget\" data-e-type=\"widget\" data-widget_type=\"text-editor.default\">\n\t\t\t\t<div class=\"elementor-widget-container\">\n\t\t\t\t\t\t\t\t\t<p><em>B\u00e9 d&#8217;Inter\u00e8s Cultural (BIC)<\/em><\/p><p>Al final del carrer, abans d&#8217;entrar a la pla\u00e7a Major, hi ha l&#8217;<strong>esgl\u00e9sia de Nuestra Se\u00f1ora de la Asunci\u00f3n<\/strong> (<strong>3<\/strong>). D&#8217;origen rom\u00e0nic del segle XIII, va ser remodelada diverses vegades.<\/p><p>Tot el conjunt presenta una bona f\u00e0brica de carreuat fina.<\/p><p>La primera perspectiva \u00e9s de l&#8217;absis recte, sobresortint el transsepte, i una petita edificaci\u00f3 auxiliar a la cantonada.<\/p>\t\t\t\t\t\t\t\t<\/div>\n\t\t\t\t<\/div>\n\t\t\t\t<div class=\"elementor-element elementor-element-dd567c6 elementor-widget elementor-widget-image\" data-id=\"dd567c6\" data-element_type=\"widget\" data-e-type=\"widget\" data-widget_type=\"image.default\">\n\t\t\t\t<div class=\"elementor-widget-container\">\n\t\t\t\t\t\t\t\t\t\t\t\t<figure class=\"wp-caption\">\n\t\t\t\t\t\t\t\t\t\t<img loading=\"lazy\" decoding=\"async\" width=\"768\" height=\"512\" src=\"https:\/\/www.elturistatranquil.com\/wp-content\/uploads\/F25-Iglesia-Ntra-Sra-de-la-Asuncion-Fermoselle-Zamora.jpg\" class=\"attachment-large size-large wp-image-55491\" alt=\"Iglesia Ntra Sra de la Asuncion, Fermoselle, Zamora\" srcset=\"https:\/\/www.elturistatranquil.com\/wp-content\/uploads\/F25-Iglesia-Ntra-Sra-de-la-Asuncion-Fermoselle-Zamora.jpg 768w, https:\/\/www.elturistatranquil.com\/wp-content\/uploads\/F25-Iglesia-Ntra-Sra-de-la-Asuncion-Fermoselle-Zamora-339x226.jpg 339w\" sizes=\"(max-width: 768px) 100vw, 768px\" \/>\t\t\t\t\t\t\t\t\t\t\t<figcaption class=\"widget-image-caption wp-caption-text\"><\/figcaption>\n\t\t\t\t\t\t\t\t\t\t<\/figure>\n\t\t\t\t\t\t\t\t\t<\/div>\n\t\t\t\t<\/div>\n\t\t\t\t<div class=\"elementor-element elementor-element-37d9c3f elementor-widget elementor-widget-text-editor\" data-id=\"37d9c3f\" data-element_type=\"widget\" data-e-type=\"widget\" data-widget_type=\"text-editor.default\">\n\t\t\t\t<div class=\"elementor-widget-container\">\n\t\t\t\t\t\t\t\t\t<p>En arribar vam tenir la sort de trobar <em>Jos\u00e9 Luis<\/em>, el sagrist\u00e0, que acabava de tancar, el qual, amablement, va tenir la gentilesa d&#8217;obrir-nos el temple per a una r\u00e0pida visita a l&#8217;interior.<\/p><p>El primer mur que s&#8217;observa correspon al lateral de l&#8217;evangeli on, en \u00e8poca dels Reis Cat\u00f2lics, es va remodelar amb una portada d&#8217;estil renaixentista.<\/p>\t\t\t\t\t\t\t\t<\/div>\n\t\t\t\t<\/div>\n\t\t\t\t<div class=\"elementor-element elementor-element-6c78408 elementor-widget elementor-widget-image\" data-id=\"6c78408\" data-element_type=\"widget\" data-e-type=\"widget\" data-widget_type=\"image.default\">\n\t\t\t\t<div class=\"elementor-widget-container\">\n\t\t\t\t\t\t\t\t\t\t\t\t<figure class=\"wp-caption\">\n\t\t\t\t\t\t\t\t\t\t<img loading=\"lazy\" decoding=\"async\" width=\"768\" height=\"512\" src=\"https:\/\/www.elturistatranquil.com\/wp-content\/uploads\/F26-Iglesia-Ntra-Sra-de-la-Asuncion-Fermoselle-Zamora.jpg\" class=\"attachment-large size-large wp-image-55493\" alt=\"Iglesia Ntra Sra de la Asuncion, Fermoselle, Zamora\" srcset=\"https:\/\/www.elturistatranquil.com\/wp-content\/uploads\/F26-Iglesia-Ntra-Sra-de-la-Asuncion-Fermoselle-Zamora.jpg 768w, https:\/\/www.elturistatranquil.com\/wp-content\/uploads\/F26-Iglesia-Ntra-Sra-de-la-Asuncion-Fermoselle-Zamora-339x226.jpg 339w\" sizes=\"(max-width: 768px) 100vw, 768px\" \/>\t\t\t\t\t\t\t\t\t\t\t<figcaption class=\"widget-image-caption wp-caption-text\"><\/figcaption>\n\t\t\t\t\t\t\t\t\t\t<\/figure>\n\t\t\t\t\t\t\t\t\t<\/div>\n\t\t\t\t<\/div>\n\t\t\t\t<div class=\"elementor-element elementor-element-c3f3312 elementor-widget elementor-widget-text-editor\" data-id=\"c3f3312\" data-element_type=\"widget\" data-e-type=\"widget\" data-widget_type=\"text-editor.default\">\n\t\t\t\t<div class=\"elementor-widget-container\">\n\t\t\t\t\t\t\t\t\t<p>El mur sud i els peus del temple s\u00f3n les \u00faniques restes d&#8217;estil rom\u00e0nic.<\/p><p>La testera dels peus cont\u00e9 una portada d&#8217;arc apuntat i a sobre un lleuger fris sense cap motllura. Una finestra d&#8217;arc escarser d&#8217;il\u00b7luminaci\u00f3 i una altra de m\u00e9s petita al costat de l&#8217;ep\u00edstola. Culmina amb una petita espadanya d&#8217;una obertura.<\/p>\t\t\t\t\t\t\t\t<\/div>\n\t\t\t\t<\/div>\n\t\t\t\t<div class=\"elementor-element elementor-element-5c2009a elementor-widget elementor-widget-image\" data-id=\"5c2009a\" data-element_type=\"widget\" data-e-type=\"widget\" data-widget_type=\"image.default\">\n\t\t\t\t<div class=\"elementor-widget-container\">\n\t\t\t\t\t\t\t\t\t\t\t\t<figure class=\"wp-caption\">\n\t\t\t\t\t\t\t\t\t\t<img loading=\"lazy\" decoding=\"async\" width=\"768\" height=\"512\" src=\"https:\/\/www.elturistatranquil.com\/wp-content\/uploads\/F27-Iglesia-Ntra-Sra-de-la-Asuncion-Fermoselle-Zamora.jpg\" class=\"attachment-large size-large wp-image-55495\" alt=\"Iglesia Ntra Sra de la Asuncion, Fermoselle, Zamora\" srcset=\"https:\/\/www.elturistatranquil.com\/wp-content\/uploads\/F27-Iglesia-Ntra-Sra-de-la-Asuncion-Fermoselle-Zamora.jpg 768w, https:\/\/www.elturistatranquil.com\/wp-content\/uploads\/F27-Iglesia-Ntra-Sra-de-la-Asuncion-Fermoselle-Zamora-339x226.jpg 339w\" sizes=\"(max-width: 768px) 100vw, 768px\" \/>\t\t\t\t\t\t\t\t\t\t\t<figcaption class=\"widget-image-caption wp-caption-text\"><\/figcaption>\n\t\t\t\t\t\t\t\t\t\t<\/figure>\n\t\t\t\t\t\t\t\t\t<\/div>\n\t\t\t\t<\/div>\n\t\t\t\t<div class=\"elementor-element elementor-element-9f88dfd elementor-widget elementor-widget-text-editor\" data-id=\"9f88dfd\" data-element_type=\"widget\" data-e-type=\"widget\" data-widget_type=\"text-editor.default\">\n\t\t\t\t<div class=\"elementor-widget-container\">\n\t\t\t\t\t\t\t\t\t<p>La portada d&#8217;arc apuntat de transici\u00f3 rom\u00e0nic-g\u00f2tica, de doble esqueixada amb tres arquivoltes sobre columnes i una xambrana exterior. Tant els capitells com les arquivoltes i xambrana estan decorats amb motllures geom\u00e8triques i florals.<\/p>\t\t\t\t\t\t\t\t<\/div>\n\t\t\t\t<\/div>\n\t\t\t\t<div class=\"elementor-element elementor-element-66ac354 elementor-widget elementor-widget-image\" data-id=\"66ac354\" data-element_type=\"widget\" data-e-type=\"widget\" data-widget_type=\"image.default\">\n\t\t\t\t<div class=\"elementor-widget-container\">\n\t\t\t\t\t\t\t\t\t\t\t\t<figure class=\"wp-caption\">\n\t\t\t\t\t\t\t\t\t\t<img loading=\"lazy\" decoding=\"async\" width=\"768\" height=\"512\" src=\"https:\/\/www.elturistatranquil.com\/wp-content\/uploads\/F28-Iglesia-Ntra-Sra-de-la-Asuncion-Fermoselle-Zamora.jpg\" class=\"attachment-large size-large wp-image-55497\" alt=\"Iglesia Ntra Sra de la Asuncion, Fermoselle, Zamora\" srcset=\"https:\/\/www.elturistatranquil.com\/wp-content\/uploads\/F28-Iglesia-Ntra-Sra-de-la-Asuncion-Fermoselle-Zamora.jpg 768w, https:\/\/www.elturistatranquil.com\/wp-content\/uploads\/F28-Iglesia-Ntra-Sra-de-la-Asuncion-Fermoselle-Zamora-339x226.jpg 339w\" sizes=\"(max-width: 768px) 100vw, 768px\" \/>\t\t\t\t\t\t\t\t\t\t\t<figcaption class=\"widget-image-caption wp-caption-text\"><\/figcaption>\n\t\t\t\t\t\t\t\t\t\t<\/figure>\n\t\t\t\t\t\t\t\t\t<\/div>\n\t\t\t\t<\/div>\n\t\t\t\t<div class=\"elementor-element elementor-element-34163b3 elementor-widget elementor-widget-image\" data-id=\"34163b3\" data-element_type=\"widget\" data-e-type=\"widget\" data-widget_type=\"image.default\">\n\t\t\t\t<div class=\"elementor-widget-container\">\n\t\t\t\t\t\t\t\t\t\t\t\t<figure class=\"wp-caption\">\n\t\t\t\t\t\t\t\t\t\t<img loading=\"lazy\" decoding=\"async\" width=\"768\" height=\"432\" src=\"https:\/\/www.elturistatranquil.com\/wp-content\/uploads\/F29-Iglesia-Ntra-Sra-de-la-Asuncion-Fermoselle-Zamora.jpg\" class=\"attachment-large size-large wp-image-55499\" alt=\"Iglesia Ntra Sra de la Asuncion, Fermoselle, Zamora\" srcset=\"https:\/\/www.elturistatranquil.com\/wp-content\/uploads\/F29-Iglesia-Ntra-Sra-de-la-Asuncion-Fermoselle-Zamora.jpg 768w, https:\/\/www.elturistatranquil.com\/wp-content\/uploads\/F29-Iglesia-Ntra-Sra-de-la-Asuncion-Fermoselle-Zamora-339x191.jpg 339w\" sizes=\"(max-width: 768px) 100vw, 768px\" \/>\t\t\t\t\t\t\t\t\t\t\t<figcaption class=\"widget-image-caption wp-caption-text\"><\/figcaption>\n\t\t\t\t\t\t\t\t\t\t<\/figure>\n\t\t\t\t\t\t\t\t\t<\/div>\n\t\t\t\t<\/div>\n\t\t\t\t<div class=\"elementor-element elementor-element-97c8b7f elementor-widget elementor-widget-image\" data-id=\"97c8b7f\" data-element_type=\"widget\" data-e-type=\"widget\" data-widget_type=\"image.default\">\n\t\t\t\t<div class=\"elementor-widget-container\">\n\t\t\t\t\t\t\t\t\t\t\t\t<figure class=\"wp-caption\">\n\t\t\t\t\t\t\t\t\t\t<img loading=\"lazy\" decoding=\"async\" width=\"768\" height=\"429\" src=\"https:\/\/www.elturistatranquil.com\/wp-content\/uploads\/F30-Iglesia-Ntra-Sra-de-la-Asuncion-Fermoselle-Zamora.jpg\" class=\"attachment-large size-large wp-image-55504\" alt=\"Iglesia Ntra Sra de la Asuncion, Fermoselle, Zamora\" srcset=\"https:\/\/www.elturistatranquil.com\/wp-content\/uploads\/F30-Iglesia-Ntra-Sra-de-la-Asuncion-Fermoselle-Zamora.jpg 768w, https:\/\/www.elturistatranquil.com\/wp-content\/uploads\/F30-Iglesia-Ntra-Sra-de-la-Asuncion-Fermoselle-Zamora-339x189.jpg 339w\" sizes=\"(max-width: 768px) 100vw, 768px\" \/>\t\t\t\t\t\t\t\t\t\t\t<figcaption class=\"widget-image-caption wp-caption-text\"><\/figcaption>\n\t\t\t\t\t\t\t\t\t\t<\/figure>\n\t\t\t\t\t\t\t\t\t<\/div>\n\t\t\t\t<\/div>\n\t\t\t\t<div class=\"elementor-element elementor-element-69099dd elementor-widget elementor-widget-text-editor\" data-id=\"69099dd\" data-element_type=\"widget\" data-e-type=\"widget\" data-widget_type=\"text-editor.default\">\n\t\t\t\t<div class=\"elementor-widget-container\">\n\t\t\t\t\t\t\t\t\t<p>En el costat de l&#8217;ep\u00edstola hi ha, junt a l&#8217;absis, la torre-campanar, i sobre el mur l&#8217;altra portada de transici\u00f3 rom\u00e0nic-g\u00f2tica.<\/p><p>Al segle XVI es va incorporar davant de la portada un atri quadrangular adossat a la torre, amb dos grans arcs apuntats d&#8217;acc\u00e9s i volta de creueria.<\/p>\t\t\t\t\t\t\t\t<\/div>\n\t\t\t\t<\/div>\n\t\t\t\t<div class=\"elementor-element elementor-element-6b525fe elementor-widget elementor-widget-image\" data-id=\"6b525fe\" data-element_type=\"widget\" data-e-type=\"widget\" data-widget_type=\"image.default\">\n\t\t\t\t<div class=\"elementor-widget-container\">\n\t\t\t\t\t\t\t\t\t\t\t\t<figure class=\"wp-caption\">\n\t\t\t\t\t\t\t\t\t\t<img loading=\"lazy\" decoding=\"async\" width=\"768\" height=\"433\" src=\"https:\/\/www.elturistatranquil.com\/wp-content\/uploads\/F31-Iglesia-Ntra-Sra-de-la-Asuncion-Fermoselle-Zamora.jpg\" class=\"attachment-large size-large wp-image-55506\" alt=\"Iglesia Ntra Sra de la Asuncion, Fermoselle, Zamora\" srcset=\"https:\/\/www.elturistatranquil.com\/wp-content\/uploads\/F31-Iglesia-Ntra-Sra-de-la-Asuncion-Fermoselle-Zamora.jpg 768w, https:\/\/www.elturistatranquil.com\/wp-content\/uploads\/F31-Iglesia-Ntra-Sra-de-la-Asuncion-Fermoselle-Zamora-339x191.jpg 339w\" sizes=\"(max-width: 768px) 100vw, 768px\" \/>\t\t\t\t\t\t\t\t\t\t\t<figcaption class=\"widget-image-caption wp-caption-text\"><\/figcaption>\n\t\t\t\t\t\t\t\t\t\t<\/figure>\n\t\t\t\t\t\t\t\t\t<\/div>\n\t\t\t\t<\/div>\n\t\t\t\t<div class=\"elementor-element elementor-element-11d87fe elementor-widget elementor-widget-text-editor\" data-id=\"11d87fe\" data-element_type=\"widget\" data-e-type=\"widget\" data-widget_type=\"text-editor.default\">\n\t\t\t\t<div class=\"elementor-widget-container\">\n\t\t\t\t\t\t\t\t\t<p>La portada tamb\u00e9 d&#8217;arc apuntat de transici\u00f3 rom\u00e0nic-g\u00f2tica, de doble esqueixada amb tres arquivoltes sobre columnes i una xambrana exterior i el mateix tipus de decoraci\u00f3.<\/p>\t\t\t\t\t\t\t\t<\/div>\n\t\t\t\t<\/div>\n\t\t\t\t<div class=\"elementor-element elementor-element-254ea91 elementor-widget elementor-widget-image\" data-id=\"254ea91\" data-element_type=\"widget\" data-e-type=\"widget\" data-widget_type=\"image.default\">\n\t\t\t\t<div class=\"elementor-widget-container\">\n\t\t\t\t\t\t\t\t\t\t\t\t<figure class=\"wp-caption\">\n\t\t\t\t\t\t\t\t\t\t<img loading=\"lazy\" decoding=\"async\" width=\"768\" height=\"433\" src=\"https:\/\/www.elturistatranquil.com\/wp-content\/uploads\/F32-Iglesia-Ntra-Sra-de-la-Asuncion-Fermoselle-Zamora.jpg\" class=\"attachment-large size-large wp-image-55508\" alt=\"Iglesia Ntra Sra de la Asuncion, Fermoselle, Zamora\" srcset=\"https:\/\/www.elturistatranquil.com\/wp-content\/uploads\/F32-Iglesia-Ntra-Sra-de-la-Asuncion-Fermoselle-Zamora.jpg 768w, https:\/\/www.elturistatranquil.com\/wp-content\/uploads\/F32-Iglesia-Ntra-Sra-de-la-Asuncion-Fermoselle-Zamora-339x191.jpg 339w\" sizes=\"(max-width: 768px) 100vw, 768px\" \/>\t\t\t\t\t\t\t\t\t\t\t<figcaption class=\"widget-image-caption wp-caption-text\"><\/figcaption>\n\t\t\t\t\t\t\t\t\t\t<\/figure>\n\t\t\t\t\t\t\t\t\t<\/div>\n\t\t\t\t<\/div>\n\t\t\t\t<div class=\"elementor-element elementor-element-3a5af10 elementor-widget elementor-widget-text-editor\" data-id=\"3a5af10\" data-element_type=\"widget\" data-e-type=\"widget\" data-widget_type=\"text-editor.default\">\n\t\t\t\t<div class=\"elementor-widget-container\">\n\t\t\t\t\t\t\t\t\t<p>La torre-campanar \u00e9s tamb\u00e9 del segle XVI. Est\u00e0 formada per quatre cossos, amb el superior amb doble obertura per banda per a les campanes.<\/p><p>La coberta \u00e9s plana amb balustrada de pedra i, al costat de ponent, s&#8217;eleva una petita espadanya d&#8217;una obertura, relativament similar a la dels peus.<\/p>\t\t\t\t\t\t\t\t<\/div>\n\t\t\t\t<\/div>\n\t\t\t\t<div class=\"elementor-element elementor-element-5065993 elementor-widget elementor-widget-image\" data-id=\"5065993\" data-element_type=\"widget\" data-e-type=\"widget\" data-widget_type=\"image.default\">\n\t\t\t\t<div class=\"elementor-widget-container\">\n\t\t\t\t\t\t\t\t\t\t\t\t<figure class=\"wp-caption\">\n\t\t\t\t\t\t\t\t\t\t<img loading=\"lazy\" decoding=\"async\" width=\"768\" height=\"433\" src=\"https:\/\/www.elturistatranquil.com\/wp-content\/uploads\/F33-Iglesia-Ntra-Sra-de-la-Asuncion-Fermoselle-Zamora.jpg\" class=\"attachment-large size-large wp-image-55513\" alt=\"Iglesia Ntra Sra de la Asuncion, Fermoselle, Zamora\" srcset=\"https:\/\/www.elturistatranquil.com\/wp-content\/uploads\/F33-Iglesia-Ntra-Sra-de-la-Asuncion-Fermoselle-Zamora.jpg 768w, https:\/\/www.elturistatranquil.com\/wp-content\/uploads\/F33-Iglesia-Ntra-Sra-de-la-Asuncion-Fermoselle-Zamora-339x191.jpg 339w\" sizes=\"(max-width: 768px) 100vw, 768px\" \/>\t\t\t\t\t\t\t\t\t\t\t<figcaption class=\"widget-image-caption wp-caption-text\"><\/figcaption>\n\t\t\t\t\t\t\t\t\t\t<\/figure>\n\t\t\t\t\t\t\t\t\t<\/div>\n\t\t\t\t<\/div>\n\t\t\t\t<div class=\"elementor-element elementor-element-427b233 elementor-widget elementor-widget-text-editor\" data-id=\"427b233\" data-element_type=\"widget\" data-e-type=\"widget\" data-widget_type=\"text-editor.default\">\n\t\t\t\t<div class=\"elementor-widget-container\">\n\t\t\t\t\t\t\t\t\t<p>L\u00b4interior, amb planta de creu llatina d\u00b4una nau, est\u00e0 formada per grans arcs g\u00f2tics que es recolzen en columnes adossades als murs. La volta amb llunets proporciona una excel\u00b7lent il\u00b7luminaci\u00f3.<\/p><p>Sobre el creuer una volta senzilla sense il\u00b7luminaci\u00f3 ni decoraci\u00f3.<\/p>\t\t\t\t\t\t\t\t<\/div>\n\t\t\t\t<\/div>\n\t\t\t\t<div class=\"elementor-element elementor-element-8dd371b elementor-widget elementor-widget-image\" data-id=\"8dd371b\" data-element_type=\"widget\" data-e-type=\"widget\" data-widget_type=\"image.default\">\n\t\t\t\t<div class=\"elementor-widget-container\">\n\t\t\t\t\t\t\t\t\t\t\t\t<figure class=\"wp-caption\">\n\t\t\t\t\t\t\t\t\t\t<img loading=\"lazy\" decoding=\"async\" width=\"768\" height=\"433\" src=\"https:\/\/www.elturistatranquil.com\/wp-content\/uploads\/F34-Iglesia-Ntra-Sra-de-la-Asuncion-Fermoselle-Zamora.jpg\" class=\"attachment-large size-large wp-image-55515\" alt=\"Iglesia Ntra Sra de la Asuncion, Fermoselle, Zamora\" srcset=\"https:\/\/www.elturistatranquil.com\/wp-content\/uploads\/F34-Iglesia-Ntra-Sra-de-la-Asuncion-Fermoselle-Zamora.jpg 768w, https:\/\/www.elturistatranquil.com\/wp-content\/uploads\/F34-Iglesia-Ntra-Sra-de-la-Asuncion-Fermoselle-Zamora-339x191.jpg 339w\" sizes=\"(max-width: 768px) 100vw, 768px\" \/>\t\t\t\t\t\t\t\t\t\t\t<figcaption class=\"widget-image-caption wp-caption-text\"><\/figcaption>\n\t\t\t\t\t\t\t\t\t\t<\/figure>\n\t\t\t\t\t\t\t\t\t<\/div>\n\t\t\t\t<\/div>\n\t\t\t\t<div class=\"elementor-element elementor-element-727076f elementor-widget elementor-widget-image\" data-id=\"727076f\" data-element_type=\"widget\" data-e-type=\"widget\" data-widget_type=\"image.default\">\n\t\t\t\t<div class=\"elementor-widget-container\">\n\t\t\t\t\t\t\t\t\t\t\t\t<figure class=\"wp-caption\">\n\t\t\t\t\t\t\t\t\t\t<img loading=\"lazy\" decoding=\"async\" width=\"768\" height=\"433\" src=\"https:\/\/www.elturistatranquil.com\/wp-content\/uploads\/F35-Iglesia-Ntra-Sra-de-la-Asuncion-Fermoselle-Zamora.jpg\" class=\"attachment-large size-large wp-image-55517\" alt=\"Iglesia Ntra Sra de la Asuncion, Fermoselle, Zamora\" srcset=\"https:\/\/www.elturistatranquil.com\/wp-content\/uploads\/F35-Iglesia-Ntra-Sra-de-la-Asuncion-Fermoselle-Zamora.jpg 768w, https:\/\/www.elturistatranquil.com\/wp-content\/uploads\/F35-Iglesia-Ntra-Sra-de-la-Asuncion-Fermoselle-Zamora-339x191.jpg 339w\" sizes=\"(max-width: 768px) 100vw, 768px\" \/>\t\t\t\t\t\t\t\t\t\t\t<figcaption class=\"widget-image-caption wp-caption-text\"><\/figcaption>\n\t\t\t\t\t\t\t\t\t\t<\/figure>\n\t\t\t\t\t\t\t\t\t<\/div>\n\t\t\t\t<\/div>\n\t\t\t\t<div class=\"elementor-element elementor-element-e9580af elementor-widget elementor-widget-image\" data-id=\"e9580af\" data-element_type=\"widget\" data-e-type=\"widget\" data-widget_type=\"image.default\">\n\t\t\t\t<div class=\"elementor-widget-container\">\n\t\t\t\t\t\t\t\t\t\t\t\t<figure class=\"wp-caption\">\n\t\t\t\t\t\t\t\t\t\t<img loading=\"lazy\" decoding=\"async\" width=\"768\" height=\"433\" src=\"https:\/\/www.elturistatranquil.com\/wp-content\/uploads\/F36-Iglesia-Ntra-Sra-de-la-Asuncion-Fermoselle-Zamora.jpg\" class=\"attachment-large size-large wp-image-55519\" alt=\"Iglesia Ntra Sra de la Asuncion, Fermoselle, Zamora\" srcset=\"https:\/\/www.elturistatranquil.com\/wp-content\/uploads\/F36-Iglesia-Ntra-Sra-de-la-Asuncion-Fermoselle-Zamora.jpg 768w, https:\/\/www.elturistatranquil.com\/wp-content\/uploads\/F36-Iglesia-Ntra-Sra-de-la-Asuncion-Fermoselle-Zamora-339x191.jpg 339w\" sizes=\"(max-width: 768px) 100vw, 768px\" \/>\t\t\t\t\t\t\t\t\t\t\t<figcaption class=\"widget-image-caption wp-caption-text\"><\/figcaption>\n\t\t\t\t\t\t\t\t\t\t<\/figure>\n\t\t\t\t\t\t\t\t\t<\/div>\n\t\t\t\t<\/div>\n\t\t\t\t<div class=\"elementor-element elementor-element-545815c elementor-widget elementor-widget-heading\" data-id=\"545815c\" data-element_type=\"widget\" data-e-type=\"widget\" data-widget_type=\"heading.default\">\n\t\t\t\t<div class=\"elementor-widget-container\">\n\t\t\t\t\t<h3 class=\"elementor-heading-title elementor-size-default\">Pla\u00e7a Major <\/h3>\t\t\t\t<\/div>\n\t\t\t\t<\/div>\n\t\t\t\t<div class=\"elementor-element elementor-element-2a63ae0 elementor-widget elementor-widget-text-editor\" data-id=\"2a63ae0\" data-element_type=\"widget\" data-e-type=\"widget\" data-widget_type=\"text-editor.default\">\n\t\t\t\t<div class=\"elementor-widget-container\">\n\t\t\t\t\t\t\t\t\t<p>Del v\u00e8rtex nord-occidental de l&#8217;esgl\u00e9sia s&#8217;obre la cantonada d&#8217;entrada a la <strong>pla\u00e7a Major<\/strong> (<strong>4<\/strong>). \u00c9s un espai quadrangular irregular on destaca al costat nord l&#8217;edifici de l&#8217;Ajuntament acompanyat, en general, de nobles edificis de pedra.<\/p><p>Com indica la informaci\u00f3 municipal, durant el mes d&#8217;agost es converteix en protagonista absoluta de les festes de Sant Agust\u00ed. Seguint el seu per\u00edmetre es munta la graderia d&#8217;una pla\u00e7a de braus on acaben els tancaments taurins. A les fotos en proc\u00e9s de lent desmuntatge.<\/p>\t\t\t\t\t\t\t\t<\/div>\n\t\t\t\t<\/div>\n\t\t\t\t<div class=\"elementor-element elementor-element-5d683e7 elementor-widget elementor-widget-image\" data-id=\"5d683e7\" data-element_type=\"widget\" data-e-type=\"widget\" data-widget_type=\"image.default\">\n\t\t\t\t<div class=\"elementor-widget-container\">\n\t\t\t\t\t\t\t\t\t\t\t\t<figure class=\"wp-caption\">\n\t\t\t\t\t\t\t\t\t\t<img loading=\"lazy\" decoding=\"async\" width=\"768\" height=\"512\" src=\"https:\/\/www.elturistatranquil.com\/wp-content\/uploads\/F37-Plaza-Mayor-Fermoselle-Zamora.jpg\" class=\"attachment-large size-large wp-image-55521\" alt=\"Plaza Mayor, Fermoselle, Zamora\" srcset=\"https:\/\/www.elturistatranquil.com\/wp-content\/uploads\/F37-Plaza-Mayor-Fermoselle-Zamora.jpg 768w, https:\/\/www.elturistatranquil.com\/wp-content\/uploads\/F37-Plaza-Mayor-Fermoselle-Zamora-339x226.jpg 339w\" sizes=\"(max-width: 768px) 100vw, 768px\" \/>\t\t\t\t\t\t\t\t\t\t\t<figcaption class=\"widget-image-caption wp-caption-text\"><\/figcaption>\n\t\t\t\t\t\t\t\t\t\t<\/figure>\n\t\t\t\t\t\t\t\t\t<\/div>\n\t\t\t\t<\/div>\n\t\t\t\t<div class=\"elementor-element elementor-element-f532bc4 elementor-widget elementor-widget-image\" data-id=\"f532bc4\" data-element_type=\"widget\" data-e-type=\"widget\" data-widget_type=\"image.default\">\n\t\t\t\t<div class=\"elementor-widget-container\">\n\t\t\t\t\t\t\t\t\t\t\t\t<figure class=\"wp-caption\">\n\t\t\t\t\t\t\t\t\t\t<img loading=\"lazy\" decoding=\"async\" width=\"768\" height=\"512\" src=\"https:\/\/www.elturistatranquil.com\/wp-content\/uploads\/F38-Plaza-Mayor-Fermoselle-Zamora.jpg\" class=\"attachment-large size-large wp-image-55523\" alt=\"Plaza Mayor, Fermoselle, Zamora\" srcset=\"https:\/\/www.elturistatranquil.com\/wp-content\/uploads\/F38-Plaza-Mayor-Fermoselle-Zamora.jpg 768w, https:\/\/www.elturistatranquil.com\/wp-content\/uploads\/F38-Plaza-Mayor-Fermoselle-Zamora-339x226.jpg 339w\" sizes=\"(max-width: 768px) 100vw, 768px\" \/>\t\t\t\t\t\t\t\t\t\t\t<figcaption class=\"widget-image-caption wp-caption-text\"><\/figcaption>\n\t\t\t\t\t\t\t\t\t\t<\/figure>\n\t\t\t\t\t\t\t\t\t<\/div>\n\t\t\t\t<\/div>\n\t\t\t\t<div class=\"elementor-element elementor-element-2f4e31a elementor-widget elementor-widget-heading\" data-id=\"2f4e31a\" data-element_type=\"widget\" data-e-type=\"widget\" data-widget_type=\"heading.default\">\n\t\t\t\t<div class=\"elementor-widget-container\">\n\t\t\t\t\t<h4 class=\"elementor-heading-title elementor-size-default\">L\u2019Ajuntament<\/h4>\t\t\t\t<\/div>\n\t\t\t\t<\/div>\n\t\t\t\t<div class=\"elementor-element elementor-element-e4d6a6e elementor-widget elementor-widget-text-editor\" data-id=\"e4d6a6e\" data-element_type=\"widget\" data-e-type=\"widget\" data-widget_type=\"text-editor.default\">\n\t\t\t\t<div class=\"elementor-widget-container\">\n\t\t\t\t\t\t\t\t\t<p>El semi amagat edifici de l&#8217;<strong>Ajuntament<\/strong> (<strong>5<\/strong>) ens deixa intuir un edifici de dos nivells, el superior amb obertures d&#8217;arc de mig punt i un balc\u00f3 corregut amb balustrada de ferro forjat. Per sobre sobresurt la torre del rellotge rematada amb un elaborat campanar de ferro forjat.<\/p>\t\t\t\t\t\t\t\t<\/div>\n\t\t\t\t<\/div>\n\t\t\t\t<div class=\"elementor-element elementor-element-e3056de elementor-widget elementor-widget-image\" data-id=\"e3056de\" data-element_type=\"widget\" data-e-type=\"widget\" data-widget_type=\"image.default\">\n\t\t\t\t<div class=\"elementor-widget-container\">\n\t\t\t\t\t\t\t\t\t\t\t\t<figure class=\"wp-caption\">\n\t\t\t\t\t\t\t\t\t\t<img loading=\"lazy\" decoding=\"async\" width=\"768\" height=\"512\" src=\"https:\/\/www.elturistatranquil.com\/wp-content\/uploads\/F39-Ayuntamiento-Fermoselle-Zamora.jpg\" class=\"attachment-large size-large wp-image-55528\" alt=\"Ayuntamiento, Fermoselle, Zamora\" srcset=\"https:\/\/www.elturistatranquil.com\/wp-content\/uploads\/F39-Ayuntamiento-Fermoselle-Zamora.jpg 768w, https:\/\/www.elturistatranquil.com\/wp-content\/uploads\/F39-Ayuntamiento-Fermoselle-Zamora-339x226.jpg 339w\" sizes=\"(max-width: 768px) 100vw, 768px\" \/>\t\t\t\t\t\t\t\t\t\t\t<figcaption class=\"widget-image-caption wp-caption-text\"><\/figcaption>\n\t\t\t\t\t\t\t\t\t\t<\/figure>\n\t\t\t\t\t\t\t\t\t<\/div>\n\t\t\t\t<\/div>\n\t\t\t\t<div class=\"elementor-element elementor-element-36d6cc1 elementor-widget elementor-widget-heading\" data-id=\"36d6cc1\" data-element_type=\"widget\" data-e-type=\"widget\" data-widget_type=\"heading.default\">\n\t\t\t\t<div class=\"elementor-widget-container\">\n\t\t\t\t\t<h4 class=\"elementor-heading-title elementor-size-default\">Castell de Do\u00f1a Urraca de Fermoselle BIC i Mirador del Castell<\/h4>\t\t\t\t<\/div>\n\t\t\t\t<\/div>\n\t\t\t\t<div class=\"elementor-element elementor-element-cc41963 elementor-widget elementor-widget-text-editor\" data-id=\"cc41963\" data-element_type=\"widget\" data-e-type=\"widget\" data-widget_type=\"text-editor.default\">\n\t\t\t\t<div class=\"elementor-widget-container\">\n\t\t\t\t\t\t\t\t\t<p><em>B\u00e9 d&#8217;Inter\u00e8s Cultural (BIC)<\/em><\/p><p>De l&#8217;altra sortida de la pla\u00e7a Major pel costat oest sorgeix el <strong>carrer Antonio Regojo<\/strong>, que fent una ziga-zaga ens eleva fins a l&#8217;entrada del castell.<\/p><p>\u00a0El <strong>castell de Do\u00f1a Urraca<\/strong> (<strong>6<\/strong>), era una edificaci\u00f3 defensiva de gran import\u00e0ncia en una localitat estrat\u00e8gica a la frontera entre Lle\u00f3 i Portugal. El seu origen correspon al segle XII, amb reformes successives fins al segle XVI. Com veurem a continuaci\u00f3, actualment gaireb\u00e9 no queden restes visibles, per\u00f2 es constata la seva posici\u00f3 estrat\u00e8gica territorial en construir-se en un empla\u00e7ament privilegiat sobre un promontori roc\u00f3s, cosa que permetia un control visual sobre la vall del Duero.<\/p><p>Es creu que el seu origen pot remuntar-se a la repoblaci\u00f3 lleonesa de l&#8217;Alta Edat Mitjana, quan el Regne de Lle\u00f3 consolidava les seves defenses davant de les incursions musulmanes i, posteriorment, davant de la creixent influ\u00e8ncia del Regne de Portugal.<\/p><p>Al segle XII, sota el regnat de Fernando II de Le\u00f3n (1157-1188), Fermoselle i el seu castell van adquirir major import\u00e0ncia com a pla\u00e7a defensiva a la frontera amb Portugal.<\/p><p>Per refor\u00e7ar una alian\u00e7a entre ambd\u00f3s regnes, Fernando II de Le\u00f3n en 1165 va contreure matrimoni amb Do\u00f1a Urraca de Portugal, infanta portuguesa filla del rei Alfonso I Enr\u00edquez i de Mafalda de Savoia. No obstant aix\u00f2, el matrimoni va ser anul\u00b7lat el 1175 pel Papa Alexandre III per raons de consanguinitat com a cosins segons, fet que va generar conflictes sobre les possessions territorials que ella havia rebut.<\/p><p>Despr\u00e9s de l&#8217;anul\u00b7laci\u00f3 del matrimoni, Urraca va escollir el castell de Fermoselle com a lloc de resid\u00e8ncia.<\/p><p>El carrer costerut desemboca en una petita porta d&#8217;acc\u00e9s al castell.<\/p>\t\t\t\t\t\t\t\t<\/div>\n\t\t\t\t<\/div>\n\t\t\t\t<div class=\"elementor-element elementor-element-9293bd7 elementor-widget elementor-widget-image\" data-id=\"9293bd7\" data-element_type=\"widget\" data-e-type=\"widget\" data-widget_type=\"image.default\">\n\t\t\t\t<div class=\"elementor-widget-container\">\n\t\t\t\t\t\t\t\t\t\t\t\t<figure class=\"wp-caption\">\n\t\t\t\t\t\t\t\t\t\t<img loading=\"lazy\" decoding=\"async\" width=\"768\" height=\"433\" src=\"https:\/\/www.elturistatranquil.com\/wp-content\/uploads\/F40-Subida-al-Castillo-Fermoselle-Zamora.jpg\" class=\"attachment-large size-large wp-image-55530\" alt=\"Subida al Castillo, Fermoselle, Zamora\" srcset=\"https:\/\/www.elturistatranquil.com\/wp-content\/uploads\/F40-Subida-al-Castillo-Fermoselle-Zamora.jpg 768w, https:\/\/www.elturistatranquil.com\/wp-content\/uploads\/F40-Subida-al-Castillo-Fermoselle-Zamora-339x191.jpg 339w\" sizes=\"(max-width: 768px) 100vw, 768px\" \/>\t\t\t\t\t\t\t\t\t\t\t<figcaption class=\"widget-image-caption wp-caption-text\"><\/figcaption>\n\t\t\t\t\t\t\t\t\t\t<\/figure>\n\t\t\t\t\t\t\t\t\t<\/div>\n\t\t\t\t<\/div>\n\t\t\t\t<div class=\"elementor-element elementor-element-75ddf86 elementor-widget elementor-widget-image\" data-id=\"75ddf86\" data-element_type=\"widget\" data-e-type=\"widget\" data-widget_type=\"image.default\">\n\t\t\t\t<div class=\"elementor-widget-container\">\n\t\t\t\t\t\t\t\t\t\t\t\t<figure class=\"wp-caption\">\n\t\t\t\t\t\t\t\t\t\t<img loading=\"lazy\" decoding=\"async\" width=\"768\" height=\"433\" src=\"https:\/\/www.elturistatranquil.com\/wp-content\/uploads\/F41-Castillo-Fermoselle-Zamora.jpg\" class=\"attachment-large size-large wp-image-55532\" alt=\"Castillo, Fermoselle, Zamora\" srcset=\"https:\/\/www.elturistatranquil.com\/wp-content\/uploads\/F41-Castillo-Fermoselle-Zamora.jpg 768w, https:\/\/www.elturistatranquil.com\/wp-content\/uploads\/F41-Castillo-Fermoselle-Zamora-339x191.jpg 339w\" sizes=\"(max-width: 768px) 100vw, 768px\" \/>\t\t\t\t\t\t\t\t\t\t\t<figcaption class=\"widget-image-caption wp-caption-text\"><\/figcaption>\n\t\t\t\t\t\t\t\t\t\t<\/figure>\n\t\t\t\t\t\t\t\t\t<\/div>\n\t\t\t\t<\/div>\n\t\t\t\t<div class=\"elementor-element elementor-element-a766ff1 elementor-widget elementor-widget-text-editor\" data-id=\"a766ff1\" data-element_type=\"widget\" data-e-type=\"widget\" data-widget_type=\"text-editor.default\">\n\t\t\t\t<div class=\"elementor-widget-container\">\n\t\t\t\t\t\t\t\t\t<p>Per tipologia, seria un <a href=\"https:\/\/www.elturistatranquil.com\/ca\/els-castells-medievals-a-espanya-tipologies\/\" target=\"_blank\" rel=\"noopener\">castell d&#8217;altipl\u00e0, per\u00f2 en posici\u00f3 de castell roquer<\/a>, atesa la seva orografia particular a l&#8217;extrem de l&#8217;espinada rocosa.<\/p><p>Com a resposta de Carlos I a la posici\u00f3 de Fermoselle favorable als Comuners, en finalitzar en conflicte, amb la derrota d&#8217;aquests, l&#8217;emperador va fer destruir el castell.<\/p><p>Amb el seu deteriorament, l&#8217;any 1822 la diputaci\u00f3 va autoritzar que s&#8217;aprofitessin les seves ru\u00efnes a les construccions de la vila, per exemple, com a arcades de cellers.<\/p>\t\t\t\t\t\t\t\t<\/div>\n\t\t\t\t<\/div>\n\t\t\t\t<div class=\"elementor-element elementor-element-0b3ba5d elementor-widget elementor-widget-image\" data-id=\"0b3ba5d\" data-element_type=\"widget\" data-e-type=\"widget\" data-widget_type=\"image.default\">\n\t\t\t\t<div class=\"elementor-widget-container\">\n\t\t\t\t\t\t\t\t\t\t\t\t<figure class=\"wp-caption\">\n\t\t\t\t\t\t\t\t\t\t<img loading=\"lazy\" decoding=\"async\" width=\"768\" height=\"433\" src=\"https:\/\/www.elturistatranquil.com\/wp-content\/uploads\/F42Castillo-Fermoselle-Zamora.jpg\" class=\"attachment-large size-large wp-image-55534\" alt=\"Castillo, Fermoselle, Zamora\" srcset=\"https:\/\/www.elturistatranquil.com\/wp-content\/uploads\/F42Castillo-Fermoselle-Zamora.jpg 768w, https:\/\/www.elturistatranquil.com\/wp-content\/uploads\/F42Castillo-Fermoselle-Zamora-339x191.jpg 339w\" sizes=\"(max-width: 768px) 100vw, 768px\" \/>\t\t\t\t\t\t\t\t\t\t\t<figcaption class=\"widget-image-caption wp-caption-text\"><\/figcaption>\n\t\t\t\t\t\t\t\t\t\t<\/figure>\n\t\t\t\t\t\t\t\t\t<\/div>\n\t\t\t\t<\/div>\n\t\t\t\t<div class=\"elementor-element elementor-element-95e1f68 elementor-widget elementor-widget-image\" data-id=\"95e1f68\" data-element_type=\"widget\" data-e-type=\"widget\" data-widget_type=\"image.default\">\n\t\t\t\t<div class=\"elementor-widget-container\">\n\t\t\t\t\t\t\t\t\t\t\t\t<figure class=\"wp-caption\">\n\t\t\t\t\t\t\t\t\t\t<img loading=\"lazy\" decoding=\"async\" width=\"768\" height=\"433\" src=\"https:\/\/www.elturistatranquil.com\/wp-content\/uploads\/F43-Castillo-Fermoselle-Zamora.jpg\" class=\"attachment-large size-large wp-image-55536\" alt=\"Castillo, Fermoselle, Zamora\" srcset=\"https:\/\/www.elturistatranquil.com\/wp-content\/uploads\/F43-Castillo-Fermoselle-Zamora.jpg 768w, https:\/\/www.elturistatranquil.com\/wp-content\/uploads\/F43-Castillo-Fermoselle-Zamora-339x191.jpg 339w\" sizes=\"(max-width: 768px) 100vw, 768px\" \/>\t\t\t\t\t\t\t\t\t\t\t<figcaption class=\"widget-image-caption wp-caption-text\"><\/figcaption>\n\t\t\t\t\t\t\t\t\t\t<\/figure>\n\t\t\t\t\t\t\t\t\t<\/div>\n\t\t\t\t<\/div>\n\t\t\t\t<div class=\"elementor-element elementor-element-31bc88e elementor-widget elementor-widget-image\" data-id=\"31bc88e\" data-element_type=\"widget\" data-e-type=\"widget\" data-widget_type=\"image.default\">\n\t\t\t\t<div class=\"elementor-widget-container\">\n\t\t\t\t\t\t\t\t\t\t\t\t<figure class=\"wp-caption\">\n\t\t\t\t\t\t\t\t\t\t<img loading=\"lazy\" decoding=\"async\" width=\"768\" height=\"433\" src=\"https:\/\/www.elturistatranquil.com\/wp-content\/uploads\/F44-Castillo-Fermoselle-Zamora.jpg\" class=\"attachment-large size-large wp-image-55538\" alt=\"Castillo, Fermoselle, Zamora\" srcset=\"https:\/\/www.elturistatranquil.com\/wp-content\/uploads\/F44-Castillo-Fermoselle-Zamora.jpg 768w, https:\/\/www.elturistatranquil.com\/wp-content\/uploads\/F44-Castillo-Fermoselle-Zamora-339x191.jpg 339w\" sizes=\"(max-width: 768px) 100vw, 768px\" \/>\t\t\t\t\t\t\t\t\t\t\t<figcaption class=\"widget-image-caption wp-caption-text\"><\/figcaption>\n\t\t\t\t\t\t\t\t\t\t<\/figure>\n\t\t\t\t\t\t\t\t\t<\/div>\n\t\t\t\t<\/div>\n\t\t\t\t<div class=\"elementor-element elementor-element-170fbe5 elementor-widget elementor-widget-text-editor\" data-id=\"170fbe5\" data-element_type=\"widget\" data-e-type=\"widget\" data-widget_type=\"text-editor.default\">\n\t\t\t\t<div class=\"elementor-widget-container\">\n\t\t\t\t\t\t\t\t\t<p>Aquesta elevaci\u00f3 de Fermoselle se la considera alhora com el <strong>mirador del Castell<\/strong> (<strong>7<\/strong>).<\/p><p>En la visita, el dia havia comen\u00e7at pluj\u00f3s i amb boira. Va ser un espectacle de la natura veure com anava aclarint i apareixia el paisatge progressivament.<\/p>\t\t\t\t\t\t\t\t<\/div>\n\t\t\t\t<\/div>\n\t\t\t\t<div class=\"elementor-element elementor-element-2597b4a elementor-widget elementor-widget-image\" data-id=\"2597b4a\" data-element_type=\"widget\" data-e-type=\"widget\" data-widget_type=\"image.default\">\n\t\t\t\t<div class=\"elementor-widget-container\">\n\t\t\t\t\t\t\t\t\t\t\t\t<figure class=\"wp-caption\">\n\t\t\t\t\t\t\t\t\t\t<img loading=\"lazy\" decoding=\"async\" width=\"768\" height=\"433\" src=\"https:\/\/www.elturistatranquil.com\/wp-content\/uploads\/F45-Mirador-del-Castillo-Fermoselle-Zamora.jpg\" class=\"attachment-large size-large wp-image-55540\" alt=\"Mirador del Castillo, Fermoselle, Zamora\" srcset=\"https:\/\/www.elturistatranquil.com\/wp-content\/uploads\/F45-Mirador-del-Castillo-Fermoselle-Zamora.jpg 768w, https:\/\/www.elturistatranquil.com\/wp-content\/uploads\/F45-Mirador-del-Castillo-Fermoselle-Zamora-339x191.jpg 339w\" sizes=\"(max-width: 768px) 100vw, 768px\" \/>\t\t\t\t\t\t\t\t\t\t\t<figcaption class=\"widget-image-caption wp-caption-text\"><\/figcaption>\n\t\t\t\t\t\t\t\t\t\t<\/figure>\n\t\t\t\t\t\t\t\t\t<\/div>\n\t\t\t\t<\/div>\n\t\t\t\t<div class=\"elementor-element elementor-element-3bb9cd5 elementor-widget elementor-widget-image\" data-id=\"3bb9cd5\" data-element_type=\"widget\" data-e-type=\"widget\" data-widget_type=\"image.default\">\n\t\t\t\t<div class=\"elementor-widget-container\">\n\t\t\t\t\t\t\t\t\t\t\t\t<figure class=\"wp-caption\">\n\t\t\t\t\t\t\t\t\t\t<img loading=\"lazy\" decoding=\"async\" width=\"768\" height=\"433\" src=\"https:\/\/www.elturistatranquil.com\/wp-content\/uploads\/F46-Mirador-del-Castillo-Fermoselle-Zamora.jpg\" class=\"attachment-large size-large wp-image-55542\" alt=\"Mirador del Castillo, Fermoselle, Zamora\" srcset=\"https:\/\/www.elturistatranquil.com\/wp-content\/uploads\/F46-Mirador-del-Castillo-Fermoselle-Zamora.jpg 768w, https:\/\/www.elturistatranquil.com\/wp-content\/uploads\/F46-Mirador-del-Castillo-Fermoselle-Zamora-339x191.jpg 339w\" sizes=\"(max-width: 768px) 100vw, 768px\" \/>\t\t\t\t\t\t\t\t\t\t\t<figcaption class=\"widget-image-caption wp-caption-text\"><\/figcaption>\n\t\t\t\t\t\t\t\t\t\t<\/figure>\n\t\t\t\t\t\t\t\t\t<\/div>\n\t\t\t\t<\/div>\n\t\t\t\t<div class=\"elementor-element elementor-element-8cb7b12 elementor-widget elementor-widget-image\" data-id=\"8cb7b12\" data-element_type=\"widget\" data-e-type=\"widget\" data-widget_type=\"image.default\">\n\t\t\t\t<div class=\"elementor-widget-container\">\n\t\t\t\t\t\t\t\t\t\t\t\t<figure class=\"wp-caption\">\n\t\t\t\t\t\t\t\t\t\t<img loading=\"lazy\" decoding=\"async\" width=\"768\" height=\"433\" src=\"https:\/\/www.elturistatranquil.com\/wp-content\/uploads\/F47a-Mirador-del-Castillo-Fermoselle-Zamora.jpg\" class=\"attachment-large size-large wp-image-55544\" alt=\"Mirador del Castillo, Fermoselle, Zamora\" srcset=\"https:\/\/www.elturistatranquil.com\/wp-content\/uploads\/F47a-Mirador-del-Castillo-Fermoselle-Zamora.jpg 768w, https:\/\/www.elturistatranquil.com\/wp-content\/uploads\/F47a-Mirador-del-Castillo-Fermoselle-Zamora-339x191.jpg 339w\" sizes=\"(max-width: 768px) 100vw, 768px\" \/>\t\t\t\t\t\t\t\t\t\t\t<figcaption class=\"widget-image-caption wp-caption-text\"><\/figcaption>\n\t\t\t\t\t\t\t\t\t\t<\/figure>\n\t\t\t\t\t\t\t\t\t<\/div>\n\t\t\t\t<\/div>\n\t\t\t\t<div class=\"elementor-element elementor-element-7e271c4 elementor-widget elementor-widget-text-editor\" data-id=\"7e271c4\" data-element_type=\"widget\" data-e-type=\"widget\" data-widget_type=\"text-editor.default\">\n\t\t\t\t<div class=\"elementor-widget-container\">\n\t\t\t\t\t\t\t\t\t<p>Vist l&#8217;enclavament del castell des del costat sud, queda perfectament clar el seu empla\u00e7ament roquer sobre una surg\u00e8ncia gran\u00edtica espectacular.<\/p>\t\t\t\t\t\t\t\t<\/div>\n\t\t\t\t<\/div>\n\t\t\t\t<div class=\"elementor-element elementor-element-497da3e elementor-widget elementor-widget-image\" data-id=\"497da3e\" data-element_type=\"widget\" data-e-type=\"widget\" data-widget_type=\"image.default\">\n\t\t\t\t<div class=\"elementor-widget-container\">\n\t\t\t\t\t\t\t\t\t\t\t\t<figure class=\"wp-caption\">\n\t\t\t\t\t\t\t\t\t\t<img loading=\"lazy\" decoding=\"async\" width=\"768\" height=\"432\" src=\"https:\/\/www.elturistatranquil.com\/wp-content\/uploads\/F47b-Castillo-Fermoselle-Zamora.jpg\" class=\"attachment-large size-large wp-image-55549\" alt=\"Castillo, Fermoselle, Zamora\" srcset=\"https:\/\/www.elturistatranquil.com\/wp-content\/uploads\/F47b-Castillo-Fermoselle-Zamora.jpg 768w, https:\/\/www.elturistatranquil.com\/wp-content\/uploads\/F47b-Castillo-Fermoselle-Zamora-339x191.jpg 339w\" sizes=\"(max-width: 768px) 100vw, 768px\" \/>\t\t\t\t\t\t\t\t\t\t\t<figcaption class=\"widget-image-caption wp-caption-text\"><\/figcaption>\n\t\t\t\t\t\t\t\t\t\t<\/figure>\n\t\t\t\t\t\t\t\t\t<\/div>\n\t\t\t\t<\/div>\n\t\t\t\t<div class=\"elementor-element elementor-element-91aa1d6 elementor-widget elementor-widget-heading\" data-id=\"91aa1d6\" data-element_type=\"widget\" data-e-type=\"widget\" data-widget_type=\"heading.default\">\n\t\t\t\t<div class=\"elementor-widget-container\">\n\t\t\t\t\t<h3 class=\"elementor-heading-title elementor-size-default\">Carrer Isidro Cabezas<\/h3>\t\t\t\t<\/div>\n\t\t\t\t<\/div>\n\t\t\t\t<div class=\"elementor-element elementor-element-5622ec9 elementor-widget elementor-widget-text-editor\" data-id=\"5622ec9\" data-element_type=\"widget\" data-e-type=\"widget\" data-widget_type=\"text-editor.default\">\n\t\t\t\t<div class=\"elementor-widget-container\">\n\t\t\t\t\t\t\t\t\t<p>Prossegueix el recorregut des de la pla\u00e7a Major pel <strong>carrer Isidro Cabezas<\/strong> (<strong>8<\/strong>), que pel costat meridional de l&#8217;espinada ens ha de portar al carrer Nogal. Hem deixat de banda el <strong>mirador del Terrapl\u00e8n<\/strong> (<strong>9<\/strong>).<\/p>\t\t\t\t\t\t\t\t<\/div>\n\t\t\t\t<\/div>\n\t\t\t\t<div class=\"elementor-element elementor-element-ce31aa1 elementor-widget elementor-widget-image\" data-id=\"ce31aa1\" data-element_type=\"widget\" data-e-type=\"widget\" data-widget_type=\"image.default\">\n\t\t\t\t<div class=\"elementor-widget-container\">\n\t\t\t\t\t\t\t\t\t\t\t\t<figure class=\"wp-caption\">\n\t\t\t\t\t\t\t\t\t\t<img loading=\"lazy\" decoding=\"async\" width=\"768\" height=\"433\" src=\"https:\/\/www.elturistatranquil.com\/wp-content\/uploads\/F48-Calle-Isidro-Cabezas-Fermoselle-Zamora.jpg\" class=\"attachment-large size-large wp-image-55551\" alt=\"Calle Isidro Cabezas, Fermoselle, Zamora\" srcset=\"https:\/\/www.elturistatranquil.com\/wp-content\/uploads\/F48-Calle-Isidro-Cabezas-Fermoselle-Zamora.jpg 768w, https:\/\/www.elturistatranquil.com\/wp-content\/uploads\/F48-Calle-Isidro-Cabezas-Fermoselle-Zamora-339x191.jpg 339w\" sizes=\"(max-width: 768px) 100vw, 768px\" \/>\t\t\t\t\t\t\t\t\t\t\t<figcaption class=\"widget-image-caption wp-caption-text\"><\/figcaption>\n\t\t\t\t\t\t\t\t\t\t<\/figure>\n\t\t\t\t\t\t\t\t\t<\/div>\n\t\t\t\t<\/div>\n\t\t\t\t<div class=\"elementor-element elementor-element-6a27bb6 elementor-widget elementor-widget-text-editor\" data-id=\"6a27bb6\" data-element_type=\"widget\" data-e-type=\"widget\" data-widget_type=\"text-editor.default\">\n\t\t\t\t<div class=\"elementor-widget-container\">\n\t\t\t\t\t\t\t\t\t<p>Continuem apreciant les nombroses restes d&#8217;arquitectura tradicional, a m\u00e9s d&#8217;un dels nombrosos <strong>creuers<\/strong>.<\/p>\t\t\t\t\t\t\t\t<\/div>\n\t\t\t\t<\/div>\n\t\t\t\t<div class=\"elementor-element elementor-element-610c952 elementor-widget elementor-widget-image\" data-id=\"610c952\" data-element_type=\"widget\" data-e-type=\"widget\" data-widget_type=\"image.default\">\n\t\t\t\t<div class=\"elementor-widget-container\">\n\t\t\t\t\t\t\t\t\t\t\t\t<figure class=\"wp-caption\">\n\t\t\t\t\t\t\t\t\t\t<img loading=\"lazy\" decoding=\"async\" width=\"768\" height=\"433\" src=\"https:\/\/www.elturistatranquil.com\/wp-content\/uploads\/F49-Calle-Isidro-Cabezas-Fermoselle-Zamora.jpg\" class=\"attachment-large size-large wp-image-55553\" alt=\"Calle Isidro Cabezas, Fermoselle, Zamora\" srcset=\"https:\/\/www.elturistatranquil.com\/wp-content\/uploads\/F49-Calle-Isidro-Cabezas-Fermoselle-Zamora.jpg 768w, https:\/\/www.elturistatranquil.com\/wp-content\/uploads\/F49-Calle-Isidro-Cabezas-Fermoselle-Zamora-339x191.jpg 339w\" sizes=\"(max-width: 768px) 100vw, 768px\" \/>\t\t\t\t\t\t\t\t\t\t\t<figcaption class=\"widget-image-caption wp-caption-text\"><\/figcaption>\n\t\t\t\t\t\t\t\t\t\t<\/figure>\n\t\t\t\t\t\t\t\t\t<\/div>\n\t\t\t\t<\/div>\n\t\t\t\t<div class=\"elementor-element elementor-element-4c89d3b elementor-widget elementor-widget-text-editor\" data-id=\"4c89d3b\" data-element_type=\"widget\" data-e-type=\"widget\" data-widget_type=\"text-editor.default\">\n\t\t\t\t<div class=\"elementor-widget-container\">\n\t\t\t\t\t\t\t\t\t<p><strong>Creuer<\/strong> (<strong>10<\/strong>) al carrer Isidro Cabezas a la conflu\u00e8ncia amb el <strong>carrer de La Laguna<\/strong>.<\/p>\t\t\t\t\t\t\t\t<\/div>\n\t\t\t\t<\/div>\n\t\t\t\t<div class=\"elementor-element elementor-element-d0034b9 elementor-widget elementor-widget-image\" data-id=\"d0034b9\" data-element_type=\"widget\" data-e-type=\"widget\" data-widget_type=\"image.default\">\n\t\t\t\t<div class=\"elementor-widget-container\">\n\t\t\t\t\t\t\t\t\t\t\t\t<figure class=\"wp-caption\">\n\t\t\t\t\t\t\t\t\t\t<img loading=\"lazy\" decoding=\"async\" width=\"768\" height=\"433\" src=\"https:\/\/www.elturistatranquil.com\/wp-content\/uploads\/F50-Calle-Isidro-Cabezas-Fermoselle-Zamora.jpg\" class=\"attachment-large size-large wp-image-55558\" alt=\"Calle Isidro Cabezas, Fermoselle, Zamora\" srcset=\"https:\/\/www.elturistatranquil.com\/wp-content\/uploads\/F50-Calle-Isidro-Cabezas-Fermoselle-Zamora.jpg 768w, https:\/\/www.elturistatranquil.com\/wp-content\/uploads\/F50-Calle-Isidro-Cabezas-Fermoselle-Zamora-339x191.jpg 339w\" sizes=\"(max-width: 768px) 100vw, 768px\" \/>\t\t\t\t\t\t\t\t\t\t\t<figcaption class=\"widget-image-caption wp-caption-text\"><\/figcaption>\n\t\t\t\t\t\t\t\t\t\t<\/figure>\n\t\t\t\t\t\t\t\t\t<\/div>\n\t\t\t\t<\/div>\n\t\t\t\t<div class=\"elementor-element elementor-element-226679b elementor-widget elementor-widget-heading\" data-id=\"226679b\" data-element_type=\"widget\" data-e-type=\"widget\" data-widget_type=\"heading.default\">\n\t\t\t\t<div class=\"elementor-widget-container\">\n\t\t\t\t\t<h3 class=\"elementor-heading-title elementor-size-default\">Carrer Nogal <\/h3>\t\t\t\t<\/div>\n\t\t\t\t<\/div>\n\t\t\t\t<div class=\"elementor-element elementor-element-098339f elementor-widget elementor-widget-text-editor\" data-id=\"098339f\" data-element_type=\"widget\" data-e-type=\"widget\" data-widget_type=\"text-editor.default\">\n\t\t\t\t<div class=\"elementor-widget-container\">\n\t\t\t\t\t\t\t\t\t<p>Just abans d&#8217;arribar a la <strong>pla\u00e7a de Francisco Galiana<\/strong> s&#8217;obre a l&#8217;esquerra un carrer costerut. Es tracta del <strong>carrer Nogal<\/strong> (<strong>11<\/strong>), un dels m\u00e9s significatius del tra\u00e7at antic.<\/p><p>Al principi \u00e9s un carrer de vianants ample i amb escales, per\u00f2, en arribar a meitat de recorregut s&#8217;obre un corriol a la dreta per vorejar una immensa massa rocosa, recuperant novament la forma de carrer al tram final.<\/p><p>Val la pena anar aturant-se per observar les diverses construccions tradicionals que es troben per tot el recorregut, i com es van obrint successius cellers.<\/p>\t\t\t\t\t\t\t\t<\/div>\n\t\t\t\t<\/div>\n\t\t\t\t<div class=\"elementor-element elementor-element-9aeb58f elementor-widget elementor-widget-image\" data-id=\"9aeb58f\" data-element_type=\"widget\" data-e-type=\"widget\" data-widget_type=\"image.default\">\n\t\t\t\t<div class=\"elementor-widget-container\">\n\t\t\t\t\t\t\t\t\t\t\t\t<figure class=\"wp-caption\">\n\t\t\t\t\t\t\t\t\t\t<img loading=\"lazy\" decoding=\"async\" width=\"768\" height=\"433\" src=\"https:\/\/www.elturistatranquil.com\/wp-content\/uploads\/F51-Calle-Nogal-Fermoselle-Zamora.jpg\" class=\"attachment-large size-large wp-image-55560\" alt=\"Calle Nogal, Fermoselle, Zamora\" srcset=\"https:\/\/www.elturistatranquil.com\/wp-content\/uploads\/F51-Calle-Nogal-Fermoselle-Zamora.jpg 768w, https:\/\/www.elturistatranquil.com\/wp-content\/uploads\/F51-Calle-Nogal-Fermoselle-Zamora-339x191.jpg 339w\" sizes=\"(max-width: 768px) 100vw, 768px\" \/>\t\t\t\t\t\t\t\t\t\t\t<figcaption class=\"widget-image-caption wp-caption-text\"><\/figcaption>\n\t\t\t\t\t\t\t\t\t\t<\/figure>\n\t\t\t\t\t\t\t\t\t<\/div>\n\t\t\t\t<\/div>\n\t\t\t\t<div class=\"elementor-element elementor-element-00dde62 elementor-widget elementor-widget-image\" data-id=\"00dde62\" data-element_type=\"widget\" data-e-type=\"widget\" data-widget_type=\"image.default\">\n\t\t\t\t<div class=\"elementor-widget-container\">\n\t\t\t\t\t\t\t\t\t\t\t\t<figure class=\"wp-caption\">\n\t\t\t\t\t\t\t\t\t\t<img loading=\"lazy\" decoding=\"async\" width=\"768\" height=\"432\" src=\"https:\/\/www.elturistatranquil.com\/wp-content\/uploads\/F52-Calle-Nogal-Fermoselle-Zamora.jpg\" class=\"attachment-large size-large wp-image-55562\" alt=\"Calle Nogal, Fermoselle, Zamora\" srcset=\"https:\/\/www.elturistatranquil.com\/wp-content\/uploads\/F52-Calle-Nogal-Fermoselle-Zamora.jpg 768w, https:\/\/www.elturistatranquil.com\/wp-content\/uploads\/F52-Calle-Nogal-Fermoselle-Zamora-339x191.jpg 339w\" sizes=\"(max-width: 768px) 100vw, 768px\" \/>\t\t\t\t\t\t\t\t\t\t\t<figcaption class=\"widget-image-caption wp-caption-text\"><\/figcaption>\n\t\t\t\t\t\t\t\t\t\t<\/figure>\n\t\t\t\t\t\t\t\t\t<\/div>\n\t\t\t\t<\/div>\n\t\t\t\t<div class=\"elementor-element elementor-element-c73b2f4 elementor-widget elementor-widget-text-editor\" data-id=\"c73b2f4\" data-element_type=\"widget\" data-e-type=\"widget\" data-widget_type=\"text-editor.default\">\n\t\t\t\t<div class=\"elementor-widget-container\">\n\t\t\t\t\t\t\t\t\t<p>En aquest cas, la sortida del balc\u00f3 est\u00e0 formada per una gran llosa de pedra.<\/p>\t\t\t\t\t\t\t\t<\/div>\n\t\t\t\t<\/div>\n\t\t\t\t<div class=\"elementor-element elementor-element-1d880ea elementor-widget elementor-widget-image\" data-id=\"1d880ea\" data-element_type=\"widget\" data-e-type=\"widget\" data-widget_type=\"image.default\">\n\t\t\t\t<div class=\"elementor-widget-container\">\n\t\t\t\t\t\t\t\t\t\t\t\t<figure class=\"wp-caption\">\n\t\t\t\t\t\t\t\t\t\t<img loading=\"lazy\" decoding=\"async\" width=\"768\" height=\"432\" src=\"https:\/\/www.elturistatranquil.com\/wp-content\/uploads\/F53-Calle-Nogal-Fermoselle-Zamora.jpg\" class=\"attachment-large size-large wp-image-55564\" alt=\"Calle Nogal, Fermoselle, Zamora\" srcset=\"https:\/\/www.elturistatranquil.com\/wp-content\/uploads\/F53-Calle-Nogal-Fermoselle-Zamora.jpg 768w, https:\/\/www.elturistatranquil.com\/wp-content\/uploads\/F53-Calle-Nogal-Fermoselle-Zamora-339x191.jpg 339w\" sizes=\"(max-width: 768px) 100vw, 768px\" \/>\t\t\t\t\t\t\t\t\t\t\t<figcaption class=\"widget-image-caption wp-caption-text\"><\/figcaption>\n\t\t\t\t\t\t\t\t\t\t<\/figure>\n\t\t\t\t\t\t\t\t\t<\/div>\n\t\t\t\t<\/div>\n\t\t\t\t<div class=\"elementor-element elementor-element-9a341a6 elementor-widget elementor-widget-image\" data-id=\"9a341a6\" data-element_type=\"widget\" data-e-type=\"widget\" data-widget_type=\"image.default\">\n\t\t\t\t<div class=\"elementor-widget-container\">\n\t\t\t\t\t\t\t\t\t\t\t\t<figure class=\"wp-caption\">\n\t\t\t\t\t\t\t\t\t\t<img loading=\"lazy\" decoding=\"async\" width=\"768\" height=\"432\" src=\"https:\/\/www.elturistatranquil.com\/wp-content\/uploads\/F54-Calle-Nogal-Fermoselle-Zamora.jpg\" class=\"attachment-large size-large wp-image-55566\" alt=\"Calle Nogal, Fermoselle, Zamora\" srcset=\"https:\/\/www.elturistatranquil.com\/wp-content\/uploads\/F54-Calle-Nogal-Fermoselle-Zamora.jpg 768w, https:\/\/www.elturistatranquil.com\/wp-content\/uploads\/F54-Calle-Nogal-Fermoselle-Zamora-339x191.jpg 339w\" sizes=\"(max-width: 768px) 100vw, 768px\" \/>\t\t\t\t\t\t\t\t\t\t\t<figcaption class=\"widget-image-caption wp-caption-text\"><\/figcaption>\n\t\t\t\t\t\t\t\t\t\t<\/figure>\n\t\t\t\t\t\t\t\t\t<\/div>\n\t\t\t\t<\/div>\n\t\t\t\t<div class=\"elementor-element elementor-element-b5d388e elementor-widget elementor-widget-image\" data-id=\"b5d388e\" data-element_type=\"widget\" data-e-type=\"widget\" data-widget_type=\"image.default\">\n\t\t\t\t<div class=\"elementor-widget-container\">\n\t\t\t\t\t\t\t\t\t\t\t\t<figure class=\"wp-caption\">\n\t\t\t\t\t\t\t\t\t\t<img loading=\"lazy\" decoding=\"async\" width=\"768\" height=\"433\" src=\"https:\/\/www.elturistatranquil.com\/wp-content\/uploads\/F55-Calle-Nogal-Fermoselle-Zamora.jpg\" class=\"attachment-large size-large wp-image-55568\" alt=\"Calle Nogal, Fermoselle, Zamora\" srcset=\"https:\/\/www.elturistatranquil.com\/wp-content\/uploads\/F55-Calle-Nogal-Fermoselle-Zamora.jpg 768w, https:\/\/www.elturistatranquil.com\/wp-content\/uploads\/F55-Calle-Nogal-Fermoselle-Zamora-339x191.jpg 339w\" sizes=\"(max-width: 768px) 100vw, 768px\" \/>\t\t\t\t\t\t\t\t\t\t\t<figcaption class=\"widget-image-caption wp-caption-text\"><\/figcaption>\n\t\t\t\t\t\t\t\t\t\t<\/figure>\n\t\t\t\t\t\t\t\t\t<\/div>\n\t\t\t\t<\/div>\n\t\t\t\t<div class=\"elementor-element elementor-element-7e866b1 elementor-widget elementor-widget-text-editor\" data-id=\"7e866b1\" data-element_type=\"widget\" data-e-type=\"widget\" data-widget_type=\"text-editor.default\">\n\t\t\t\t<div class=\"elementor-widget-container\">\n\t\t\t\t\t\t\t\t\t<p>Parem atenci\u00f3 a l&#8217;estructura d&#8217;aquesta porta de celler. Sobre els brancals de carreu s&#8217;assenta una llinda amb la forma particular que, per salvar la important dimensi\u00f3 del buit, est\u00e0 format per dues grans pedres rectangulars amb una clau al centre, com si fos un arc de mig punt.<\/p><p>Per disminuir la c\u00e0rrega sobre la llinda, l&#8217;arquitectura popular va rec\u00f3rrer a crear un arc de desc\u00e0rrega amb pedres de carreu desbastat, tamb\u00e9 amb la seva clau.<\/p>\t\t\t\t\t\t\t\t<\/div>\n\t\t\t\t<\/div>\n\t\t\t\t<div class=\"elementor-element elementor-element-6fdb2a9 elementor-widget elementor-widget-image\" data-id=\"6fdb2a9\" data-element_type=\"widget\" data-e-type=\"widget\" data-widget_type=\"image.default\">\n\t\t\t\t<div class=\"elementor-widget-container\">\n\t\t\t\t\t\t\t\t\t\t\t\t<figure class=\"wp-caption\">\n\t\t\t\t\t\t\t\t\t\t<img loading=\"lazy\" decoding=\"async\" width=\"768\" height=\"433\" src=\"https:\/\/www.elturistatranquil.com\/wp-content\/uploads\/F56-Calle-Nogal-Fermoselle-Zamora.jpg\" class=\"attachment-large size-large wp-image-55573\" alt=\"Calle Nogal, Fermoselle, Zamora\" srcset=\"https:\/\/www.elturistatranquil.com\/wp-content\/uploads\/F56-Calle-Nogal-Fermoselle-Zamora.jpg 768w, https:\/\/www.elturistatranquil.com\/wp-content\/uploads\/F56-Calle-Nogal-Fermoselle-Zamora-339x191.jpg 339w\" sizes=\"(max-width: 768px) 100vw, 768px\" \/>\t\t\t\t\t\t\t\t\t\t\t<figcaption class=\"widget-image-caption wp-caption-text\"><\/figcaption>\n\t\t\t\t\t\t\t\t\t\t<\/figure>\n\t\t\t\t\t\t\t\t\t<\/div>\n\t\t\t\t<\/div>\n\t\t\t\t<div class=\"elementor-element elementor-element-2a2e987 elementor-widget elementor-widget-text-editor\" data-id=\"2a2e987\" data-element_type=\"widget\" data-e-type=\"widget\" data-widget_type=\"text-editor.default\">\n\t\t\t\t<div class=\"elementor-widget-container\">\n\t\t\t\t\t\t\t\t\t<p>Aqu\u00ed l&#8217;arc \u00e9s de forma carpanell.<\/p>\t\t\t\t\t\t\t\t<\/div>\n\t\t\t\t<\/div>\n\t\t\t\t<div class=\"elementor-element elementor-element-7cb2a10 elementor-widget elementor-widget-image\" data-id=\"7cb2a10\" data-element_type=\"widget\" data-e-type=\"widget\" data-widget_type=\"image.default\">\n\t\t\t\t<div class=\"elementor-widget-container\">\n\t\t\t\t\t\t\t\t\t\t\t\t<figure class=\"wp-caption\">\n\t\t\t\t\t\t\t\t\t\t<img loading=\"lazy\" decoding=\"async\" width=\"768\" height=\"433\" src=\"https:\/\/www.elturistatranquil.com\/wp-content\/uploads\/F57-Calle-Nogal-Fermoselle-Zamora.jpg\" class=\"attachment-large size-large wp-image-55575\" alt=\"Calle Nogal, Fermoselle, Zamora\" srcset=\"https:\/\/www.elturistatranquil.com\/wp-content\/uploads\/F57-Calle-Nogal-Fermoselle-Zamora.jpg 768w, https:\/\/www.elturistatranquil.com\/wp-content\/uploads\/F57-Calle-Nogal-Fermoselle-Zamora-339x191.jpg 339w\" sizes=\"(max-width: 768px) 100vw, 768px\" \/>\t\t\t\t\t\t\t\t\t\t\t<figcaption class=\"widget-image-caption wp-caption-text\"><\/figcaption>\n\t\t\t\t\t\t\t\t\t\t<\/figure>\n\t\t\t\t\t\t\t\t\t<\/div>\n\t\t\t\t<\/div>\n\t\t\t\t<div class=\"elementor-element elementor-element-ff8f2db elementor-widget elementor-widget-image\" data-id=\"ff8f2db\" data-element_type=\"widget\" data-e-type=\"widget\" data-widget_type=\"image.default\">\n\t\t\t\t<div class=\"elementor-widget-container\">\n\t\t\t\t\t\t\t\t\t\t\t\t<figure class=\"wp-caption\">\n\t\t\t\t\t\t\t\t\t\t<img loading=\"lazy\" decoding=\"async\" width=\"768\" height=\"433\" src=\"https:\/\/www.elturistatranquil.com\/wp-content\/uploads\/F58-Calle-Nogal-Fermoselle-Zamora.jpg\" class=\"attachment-large size-large wp-image-55577\" alt=\"Calle Nogal, Fermoselle, Zamora\" srcset=\"https:\/\/www.elturistatranquil.com\/wp-content\/uploads\/F58-Calle-Nogal-Fermoselle-Zamora.jpg 768w, https:\/\/www.elturistatranquil.com\/wp-content\/uploads\/F58-Calle-Nogal-Fermoselle-Zamora-339x191.jpg 339w\" sizes=\"(max-width: 768px) 100vw, 768px\" \/>\t\t\t\t\t\t\t\t\t\t\t<figcaption class=\"widget-image-caption wp-caption-text\"><\/figcaption>\n\t\t\t\t\t\t\t\t\t\t<\/figure>\n\t\t\t\t\t\t\t\t\t<\/div>\n\t\t\t\t<\/div>\n\t\t\t\t<div class=\"elementor-element elementor-element-b3fb43b elementor-widget elementor-widget-text-editor\" data-id=\"b3fb43b\" data-element_type=\"widget\" data-e-type=\"widget\" data-widget_type=\"text-editor.default\">\n\t\t\t\t<div class=\"elementor-widget-container\">\n\t\t\t\t\t\t\t\t\t<p>Viarany que s&#8217;obre a la dreta per vorejar la massa rocosa. Per cert, hauria d&#8217;estar millor senyalitzat i cuidat.<\/p>\t\t\t\t\t\t\t\t<\/div>\n\t\t\t\t<\/div>\n\t\t\t\t<div class=\"elementor-element elementor-element-f187c39 elementor-widget elementor-widget-image\" data-id=\"f187c39\" data-element_type=\"widget\" data-e-type=\"widget\" data-widget_type=\"image.default\">\n\t\t\t\t<div class=\"elementor-widget-container\">\n\t\t\t\t\t\t\t\t\t\t\t\t<figure class=\"wp-caption\">\n\t\t\t\t\t\t\t\t\t\t<img loading=\"lazy\" decoding=\"async\" width=\"768\" height=\"433\" src=\"https:\/\/www.elturistatranquil.com\/wp-content\/uploads\/F59-Calle-Nogal-Fermoselle-Zamora.jpg\" class=\"attachment-large size-large wp-image-55579\" alt=\"Calle Nogal, Fermoselle, Zamora\" srcset=\"https:\/\/www.elturistatranquil.com\/wp-content\/uploads\/F59-Calle-Nogal-Fermoselle-Zamora.jpg 768w, https:\/\/www.elturistatranquil.com\/wp-content\/uploads\/F59-Calle-Nogal-Fermoselle-Zamora-339x191.jpg 339w\" sizes=\"(max-width: 768px) 100vw, 768px\" \/>\t\t\t\t\t\t\t\t\t\t\t<figcaption class=\"widget-image-caption wp-caption-text\"><\/figcaption>\n\t\t\t\t\t\t\t\t\t\t<\/figure>\n\t\t\t\t\t\t\t\t\t<\/div>\n\t\t\t\t<\/div>\n\t\t\t\t<div class=\"elementor-element elementor-element-afd2711 elementor-widget elementor-widget-heading\" data-id=\"afd2711\" data-element_type=\"widget\" data-e-type=\"widget\" data-widget_type=\"heading.default\">\n\t\t\t\t<div class=\"elementor-widget-container\">\n\t\t\t\t\t<h4 class=\"elementor-heading-title elementor-size-default\">Un celler casol\u00e0<\/h4>\t\t\t\t<\/div>\n\t\t\t\t<\/div>\n\t\t\t\t<div class=\"elementor-element elementor-element-d113e28 elementor-widget elementor-widget-text-editor\" data-id=\"d113e28\" data-element_type=\"widget\" data-e-type=\"widget\" data-widget_type=\"text-editor.default\">\n\t\t\t\t<div class=\"elementor-widget-container\">\n\t\t\t\t\t\t\t\t\t<p>Una sorpresa pel cam\u00ed va ser retrobar-nos al final del carrer amb <em>Jos\u00e9 Luis<\/em>, el sagrist\u00e0, acompanyat del seu amic <em>Eloi<\/em>.<\/p><p>Com \u00e9s l\u00f2gic amb gent tan amable, ens aturem a xerrar una estona. Aix\u00ed, ens explica que en aquest lloc t\u00e9 un petit celler per a \u00fas propi i ens convida a visitar-lo. Hi produeix especialment aiguardent.<\/p>\t\t\t\t\t\t\t\t<\/div>\n\t\t\t\t<\/div>\n\t\t\t\t<div class=\"elementor-element elementor-element-fad66cb elementor-widget elementor-widget-image\" data-id=\"fad66cb\" data-element_type=\"widget\" data-e-type=\"widget\" data-widget_type=\"image.default\">\n\t\t\t\t<div class=\"elementor-widget-container\">\n\t\t\t\t\t\t\t\t\t\t\t\t<figure class=\"wp-caption\">\n\t\t\t\t\t\t\t\t\t\t<img loading=\"lazy\" decoding=\"async\" width=\"768\" height=\"433\" src=\"https:\/\/www.elturistatranquil.com\/wp-content\/uploads\/F60-Eloi-y-Jose-Luis-Fermoselle-Zamora.jpg\" class=\"attachment-large size-large wp-image-55581\" alt=\"Eloi y Jose Luis, Fermoselle, Zamora\" srcset=\"https:\/\/www.elturistatranquil.com\/wp-content\/uploads\/F60-Eloi-y-Jose-Luis-Fermoselle-Zamora.jpg 768w, https:\/\/www.elturistatranquil.com\/wp-content\/uploads\/F60-Eloi-y-Jose-Luis-Fermoselle-Zamora-339x191.jpg 339w\" sizes=\"(max-width: 768px) 100vw, 768px\" \/>\t\t\t\t\t\t\t\t\t\t\t<figcaption class=\"widget-image-caption wp-caption-text\"><\/figcaption>\n\t\t\t\t\t\t\t\t\t\t<\/figure>\n\t\t\t\t\t\t\t\t\t<\/div>\n\t\t\t\t<\/div>\n\t\t\t\t<div class=\"elementor-element elementor-element-7e30ffc elementor-widget elementor-widget-image\" data-id=\"7e30ffc\" data-element_type=\"widget\" data-e-type=\"widget\" data-widget_type=\"image.default\">\n\t\t\t\t<div class=\"elementor-widget-container\">\n\t\t\t\t\t\t\t\t\t\t\t\t<figure class=\"wp-caption\">\n\t\t\t\t\t\t\t\t\t\t<img loading=\"lazy\" decoding=\"async\" width=\"768\" height=\"433\" src=\"https:\/\/www.elturistatranquil.com\/wp-content\/uploads\/F61-Bodega-particular-Fermoselle-Zamora.jpg\" class=\"attachment-large size-large wp-image-55583\" alt=\"Bodega particular, Fermoselle, Zamora\" srcset=\"https:\/\/www.elturistatranquil.com\/wp-content\/uploads\/F61-Bodega-particular-Fermoselle-Zamora.jpg 768w, https:\/\/www.elturistatranquil.com\/wp-content\/uploads\/F61-Bodega-particular-Fermoselle-Zamora-339x191.jpg 339w\" sizes=\"(max-width: 768px) 100vw, 768px\" \/>\t\t\t\t\t\t\t\t\t\t\t<figcaption class=\"widget-image-caption wp-caption-text\"><\/figcaption>\n\t\t\t\t\t\t\t\t\t\t<\/figure>\n\t\t\t\t\t\t\t\t\t<\/div>\n\t\t\t\t<\/div>\n\t\t\t\t<div class=\"elementor-element elementor-element-9f4229c elementor-widget elementor-widget-text-editor\" data-id=\"9f4229c\" data-element_type=\"widget\" data-e-type=\"widget\" data-widget_type=\"text-editor.default\">\n\t\t\t\t<div class=\"elementor-widget-container\">\n\t\t\t\t\t\t\t\t\t<p>Impressiona veure la solidesa de l&#8217;estructura d&#8217;arcs de carreuat. Veiem tamb\u00e9 que devia ser molt gran i ara est\u00e0 s\u00f2lidament dividit.<\/p>\t\t\t\t\t\t\t\t<\/div>\n\t\t\t\t<\/div>\n\t\t\t\t<div class=\"elementor-element elementor-element-04de659 elementor-widget elementor-widget-image\" data-id=\"04de659\" data-element_type=\"widget\" data-e-type=\"widget\" data-widget_type=\"image.default\">\n\t\t\t\t<div class=\"elementor-widget-container\">\n\t\t\t\t\t\t\t\t\t\t\t\t<figure class=\"wp-caption\">\n\t\t\t\t\t\t\t\t\t\t<img loading=\"lazy\" decoding=\"async\" width=\"768\" height=\"433\" src=\"https:\/\/www.elturistatranquil.com\/wp-content\/uploads\/F62-Bodega-particular-Fermoselle-Zamora.jpg\" class=\"attachment-large size-large wp-image-55588\" alt=\"Bodega particular, Fermoselle, Zamora\" srcset=\"https:\/\/www.elturistatranquil.com\/wp-content\/uploads\/F62-Bodega-particular-Fermoselle-Zamora.jpg 768w, https:\/\/www.elturistatranquil.com\/wp-content\/uploads\/F62-Bodega-particular-Fermoselle-Zamora-339x191.jpg 339w\" sizes=\"(max-width: 768px) 100vw, 768px\" \/>\t\t\t\t\t\t\t\t\t\t\t<figcaption class=\"widget-image-caption wp-caption-text\"><\/figcaption>\n\t\t\t\t\t\t\t\t\t\t<\/figure>\n\t\t\t\t\t\t\t\t\t<\/div>\n\t\t\t\t<\/div>\n\t\t\t\t<div class=\"elementor-element elementor-element-187c3bb elementor-widget elementor-widget-image\" data-id=\"187c3bb\" data-element_type=\"widget\" data-e-type=\"widget\" data-widget_type=\"image.default\">\n\t\t\t\t<div class=\"elementor-widget-container\">\n\t\t\t\t\t\t\t\t\t\t\t\t<figure class=\"wp-caption\">\n\t\t\t\t\t\t\t\t\t\t<img loading=\"lazy\" decoding=\"async\" width=\"768\" height=\"433\" src=\"https:\/\/www.elturistatranquil.com\/wp-content\/uploads\/F63-Bodega-particular-Fermoselle-Zamora.jpg\" class=\"attachment-large size-large wp-image-55590\" alt=\"Bodega particular, Fermoselle, Zamora\" srcset=\"https:\/\/www.elturistatranquil.com\/wp-content\/uploads\/F63-Bodega-particular-Fermoselle-Zamora.jpg 768w, https:\/\/www.elturistatranquil.com\/wp-content\/uploads\/F63-Bodega-particular-Fermoselle-Zamora-339x191.jpg 339w\" sizes=\"(max-width: 768px) 100vw, 768px\" \/>\t\t\t\t\t\t\t\t\t\t\t<figcaption class=\"widget-image-caption wp-caption-text\"><\/figcaption>\n\t\t\t\t\t\t\t\t\t\t<\/figure>\n\t\t\t\t\t\t\t\t\t<\/div>\n\t\t\t\t<\/div>\n\t\t\t\t<div class=\"elementor-element elementor-element-81523c3 elementor-widget elementor-widget-image\" data-id=\"81523c3\" data-element_type=\"widget\" data-e-type=\"widget\" data-widget_type=\"image.default\">\n\t\t\t\t<div class=\"elementor-widget-container\">\n\t\t\t\t\t\t\t\t\t\t\t\t<figure class=\"wp-caption\">\n\t\t\t\t\t\t\t\t\t\t<img loading=\"lazy\" decoding=\"async\" width=\"768\" height=\"433\" src=\"https:\/\/www.elturistatranquil.com\/wp-content\/uploads\/F64-Bodega-particular-Fermoselle-Zamora.jpg\" class=\"attachment-large size-large wp-image-55592\" alt=\"Bodega particular, Fermoselle, Zamora\" srcset=\"https:\/\/www.elturistatranquil.com\/wp-content\/uploads\/F64-Bodega-particular-Fermoselle-Zamora.jpg 768w, https:\/\/www.elturistatranquil.com\/wp-content\/uploads\/F64-Bodega-particular-Fermoselle-Zamora-339x191.jpg 339w\" sizes=\"(max-width: 768px) 100vw, 768px\" \/>\t\t\t\t\t\t\t\t\t\t\t<figcaption class=\"widget-image-caption wp-caption-text\"><\/figcaption>\n\t\t\t\t\t\t\t\t\t\t<\/figure>\n\t\t\t\t\t\t\t\t\t<\/div>\n\t\t\t\t<\/div>\n\t\t\t\t<div class=\"elementor-element elementor-element-b57dcb0 elementor-widget elementor-widget-text-editor\" data-id=\"b57dcb0\" data-element_type=\"widget\" data-e-type=\"widget\" data-widget_type=\"text-editor.default\">\n\t\t\t\t<div class=\"elementor-widget-container\">\n\t\t\t\t\t\t\t\t\t<p>Abans d&#8217;anar-nos-en, l&#8217;Eloi ens aconsella que visitem les fonts com un dels llocs de m\u00e9s inter\u00e8s de Fermoselle. Seguirem el consell i no ens penedirem.<\/p>\t\t\t\t\t\t\t\t<\/div>\n\t\t\t\t<\/div>\n\t\t\t\t<div class=\"elementor-element elementor-element-adc3aed elementor-widget elementor-widget-heading\" data-id=\"adc3aed\" data-element_type=\"widget\" data-e-type=\"widget\" data-widget_type=\"heading.default\">\n\t\t\t\t<div class=\"elementor-widget-container\">\n\t\t\t\t\t<h3 class=\"elementor-heading-title elementor-size-default\">Carrer Pe\u00f1as<\/h3>\t\t\t\t<\/div>\n\t\t\t\t<\/div>\n\t\t\t\t<div class=\"elementor-element elementor-element-2024090 elementor-widget elementor-widget-text-editor\" data-id=\"2024090\" data-element_type=\"widget\" data-e-type=\"widget\" data-widget_type=\"text-editor.default\">\n\t\t\t\t<div class=\"elementor-widget-container\">\n\t\t\t\t\t\t\t\t\t<p>Des d&#8217;all\u00e0 continuarem ascendint pel <strong>carrer de Pe\u00f1as<\/strong>, nom molt descriptiu, cap a un dels miradors m\u00e9s interessants.<\/p>\t\t\t\t\t\t\t\t<\/div>\n\t\t\t\t<\/div>\n\t\t\t\t<div class=\"elementor-element elementor-element-e35200c elementor-widget elementor-widget-heading\" data-id=\"e35200c\" data-element_type=\"widget\" data-e-type=\"widget\" data-widget_type=\"heading.default\">\n\t\t\t\t<div class=\"elementor-widget-container\">\n\t\t\t\t\t<h4 class=\"elementor-heading-title elementor-size-default\">Mirador El Toroj\u00f3n o del Torrej\u00f3n <\/h4>\t\t\t\t<\/div>\n\t\t\t\t<\/div>\n\t\t\t\t<div class=\"elementor-element elementor-element-3da12b7 elementor-widget elementor-widget-text-editor\" data-id=\"3da12b7\" data-element_type=\"widget\" data-e-type=\"widget\" data-widget_type=\"text-editor.default\">\n\t\t\t\t<div class=\"elementor-widget-container\">\n\t\t\t\t\t\t\t\t\t<p>El <strong>mirador El Toroj\u00f3n o del Torrej\u00f3n<\/strong> (<strong>12<\/strong>) ens ofereix l&#8217;espectacle de la vista de l&#8217;espinada del caseriu fins al castell, aix\u00ed com una amplia visi\u00f3 sobre els Arribes.<\/p>\t\t\t\t\t\t\t\t<\/div>\n\t\t\t\t<\/div>\n\t\t\t\t<div class=\"elementor-element elementor-element-4a41cee elementor-widget elementor-widget-image\" data-id=\"4a41cee\" data-element_type=\"widget\" data-e-type=\"widget\" data-widget_type=\"image.default\">\n\t\t\t\t<div class=\"elementor-widget-container\">\n\t\t\t\t\t\t\t\t\t\t\t\t<figure class=\"wp-caption\">\n\t\t\t\t\t\t\t\t\t\t<img loading=\"lazy\" decoding=\"async\" width=\"768\" height=\"433\" src=\"https:\/\/www.elturistatranquil.com\/wp-content\/uploads\/F65-Mirador-El-Torrojon-Fermoselle-Zamora.jpg\" class=\"attachment-large size-large wp-image-55594\" alt=\"Mirador El Torrojon, Fermoselle, Zamora\" srcset=\"https:\/\/www.elturistatranquil.com\/wp-content\/uploads\/F65-Mirador-El-Torrojon-Fermoselle-Zamora.jpg 768w, https:\/\/www.elturistatranquil.com\/wp-content\/uploads\/F65-Mirador-El-Torrojon-Fermoselle-Zamora-339x191.jpg 339w\" sizes=\"(max-width: 768px) 100vw, 768px\" \/>\t\t\t\t\t\t\t\t\t\t\t<figcaption class=\"widget-image-caption wp-caption-text\"><\/figcaption>\n\t\t\t\t\t\t\t\t\t\t<\/figure>\n\t\t\t\t\t\t\t\t\t<\/div>\n\t\t\t\t<\/div>\n\t\t\t\t<div class=\"elementor-element elementor-element-5099548 elementor-widget elementor-widget-image\" data-id=\"5099548\" data-element_type=\"widget\" data-e-type=\"widget\" data-widget_type=\"image.default\">\n\t\t\t\t<div class=\"elementor-widget-container\">\n\t\t\t\t\t\t\t\t\t\t\t\t<figure class=\"wp-caption\">\n\t\t\t\t\t\t\t\t\t\t<img loading=\"lazy\" decoding=\"async\" width=\"768\" height=\"433\" src=\"https:\/\/www.elturistatranquil.com\/wp-content\/uploads\/F66-Mirador-El-Torrojon-Fermoselle-Zamora.jpg\" class=\"attachment-large size-large wp-image-55596\" alt=\"Mirador El Torrojon, Fermoselle, Zamora\" srcset=\"https:\/\/www.elturistatranquil.com\/wp-content\/uploads\/F66-Mirador-El-Torrojon-Fermoselle-Zamora.jpg 768w, https:\/\/www.elturistatranquil.com\/wp-content\/uploads\/F66-Mirador-El-Torrojon-Fermoselle-Zamora-339x191.jpg 339w\" sizes=\"(max-width: 768px) 100vw, 768px\" \/>\t\t\t\t\t\t\t\t\t\t\t<figcaption class=\"widget-image-caption wp-caption-text\"><\/figcaption>\n\t\t\t\t\t\t\t\t\t\t<\/figure>\n\t\t\t\t\t\t\t\t\t<\/div>\n\t\t\t\t<\/div>\n\t\t\t\t<div class=\"elementor-element elementor-element-4529e9d elementor-widget elementor-widget-image\" data-id=\"4529e9d\" data-element_type=\"widget\" data-e-type=\"widget\" data-widget_type=\"image.default\">\n\t\t\t\t<div class=\"elementor-widget-container\">\n\t\t\t\t\t\t\t\t\t\t\t\t<figure class=\"wp-caption\">\n\t\t\t\t\t\t\t\t\t\t<img loading=\"lazy\" decoding=\"async\" width=\"768\" height=\"433\" src=\"https:\/\/www.elturistatranquil.com\/wp-content\/uploads\/F67-Mirador-El-Torrojon-Fermoselle-Zamora.jpg\" class=\"attachment-large size-large wp-image-55598\" alt=\"Mirador El Torrojon, Fermoselle, Zamora\" srcset=\"https:\/\/www.elturistatranquil.com\/wp-content\/uploads\/F67-Mirador-El-Torrojon-Fermoselle-Zamora.jpg 768w, https:\/\/www.elturistatranquil.com\/wp-content\/uploads\/F67-Mirador-El-Torrojon-Fermoselle-Zamora-339x191.jpg 339w\" sizes=\"(max-width: 768px) 100vw, 768px\" \/>\t\t\t\t\t\t\t\t\t\t\t<figcaption class=\"widget-image-caption wp-caption-text\"><\/figcaption>\n\t\t\t\t\t\t\t\t\t\t<\/figure>\n\t\t\t\t\t\t\t\t\t<\/div>\n\t\t\t\t<\/div>\n\t\t\t\t<div class=\"elementor-element elementor-element-2042554 elementor-widget elementor-widget-heading\" data-id=\"2042554\" data-element_type=\"widget\" data-e-type=\"widget\" data-widget_type=\"heading.default\">\n\t\t\t\t<div class=\"elementor-widget-container\">\n\t\t\t\t\t<h3 class=\"elementor-heading-title elementor-size-default\">Carrer Torrej\u00f3n<\/h3>\t\t\t\t<\/div>\n\t\t\t\t<\/div>\n\t\t\t\t<div class=\"elementor-element elementor-element-26fa051 elementor-widget elementor-widget-text-editor\" data-id=\"26fa051\" data-element_type=\"widget\" data-e-type=\"widget\" data-widget_type=\"text-editor.default\">\n\t\t\t\t<div class=\"elementor-widget-container\">\n\t\t\t\t\t\t\t\t\t<p>El descens pel <strong>carrer Torrej\u00f3n<\/strong> (<strong>13<\/strong>) continua fent aflorar la massa gran\u00edtica en qu\u00e8 s&#8217;assenta el conjunt, alhora que oferint belles imatges.<\/p>\t\t\t\t\t\t\t\t<\/div>\n\t\t\t\t<\/div>\n\t\t\t\t<div class=\"elementor-element elementor-element-3626e84 elementor-widget elementor-widget-image\" data-id=\"3626e84\" data-element_type=\"widget\" data-e-type=\"widget\" data-widget_type=\"image.default\">\n\t\t\t\t<div class=\"elementor-widget-container\">\n\t\t\t\t\t\t\t\t\t\t\t\t<figure class=\"wp-caption\">\n\t\t\t\t\t\t\t\t\t\t<img loading=\"lazy\" decoding=\"async\" width=\"768\" height=\"433\" src=\"https:\/\/www.elturistatranquil.com\/wp-content\/uploads\/F68-Calle-Torrojon-Fermoselle-Zamora.jpg\" class=\"attachment-large size-large wp-image-55603\" alt=\"Calle Torrojon, Fermoselle, Zamora\" srcset=\"https:\/\/www.elturistatranquil.com\/wp-content\/uploads\/F68-Calle-Torrojon-Fermoselle-Zamora.jpg 768w, https:\/\/www.elturistatranquil.com\/wp-content\/uploads\/F68-Calle-Torrojon-Fermoselle-Zamora-339x191.jpg 339w\" sizes=\"(max-width: 768px) 100vw, 768px\" \/>\t\t\t\t\t\t\t\t\t\t\t<figcaption class=\"widget-image-caption wp-caption-text\"><\/figcaption>\n\t\t\t\t\t\t\t\t\t\t<\/figure>\n\t\t\t\t\t\t\t\t\t<\/div>\n\t\t\t\t<\/div>\n\t\t\t\t<div class=\"elementor-element elementor-element-f779274 elementor-widget elementor-widget-image\" data-id=\"f779274\" data-element_type=\"widget\" data-e-type=\"widget\" data-widget_type=\"image.default\">\n\t\t\t\t<div class=\"elementor-widget-container\">\n\t\t\t\t\t\t\t\t\t\t\t\t<figure class=\"wp-caption\">\n\t\t\t\t\t\t\t\t\t\t<img loading=\"lazy\" decoding=\"async\" width=\"443\" height=\"590\" src=\"https:\/\/www.elturistatranquil.com\/wp-content\/uploads\/F69-Calle-Torrojon-Fermoselle-Zamora.jpg\" class=\"attachment-large size-large wp-image-55605\" alt=\"Calle Torrojon, Fermoselle, Zamora\" srcset=\"https:\/\/www.elturistatranquil.com\/wp-content\/uploads\/F69-Calle-Torrojon-Fermoselle-Zamora.jpg 443w, https:\/\/www.elturistatranquil.com\/wp-content\/uploads\/F69-Calle-Torrojon-Fermoselle-Zamora-170x226.jpg 170w\" sizes=\"(max-width: 443px) 100vw, 443px\" \/>\t\t\t\t\t\t\t\t\t\t\t<figcaption class=\"widget-image-caption wp-caption-text\"><\/figcaption>\n\t\t\t\t\t\t\t\t\t\t<\/figure>\n\t\t\t\t\t\t\t\t\t<\/div>\n\t\t\t\t<\/div>\n\t\t\t\t<div class=\"elementor-element elementor-element-473d521 elementor-widget elementor-widget-image\" data-id=\"473d521\" data-element_type=\"widget\" data-e-type=\"widget\" data-widget_type=\"image.default\">\n\t\t\t\t<div class=\"elementor-widget-container\">\n\t\t\t\t\t\t\t\t\t\t\t\t<figure class=\"wp-caption\">\n\t\t\t\t\t\t\t\t\t\t<img loading=\"lazy\" decoding=\"async\" width=\"768\" height=\"433\" src=\"https:\/\/www.elturistatranquil.com\/wp-content\/uploads\/F70-Calle-Torrojon-Fermoselle-Zamora.jpg\" class=\"attachment-large size-large wp-image-55607\" alt=\"Calle Torrojon, Fermoselle, Zamora\" srcset=\"https:\/\/www.elturistatranquil.com\/wp-content\/uploads\/F70-Calle-Torrojon-Fermoselle-Zamora.jpg 768w, https:\/\/www.elturistatranquil.com\/wp-content\/uploads\/F70-Calle-Torrojon-Fermoselle-Zamora-339x191.jpg 339w\" sizes=\"(max-width: 768px) 100vw, 768px\" \/>\t\t\t\t\t\t\t\t\t\t\t<figcaption class=\"widget-image-caption wp-caption-text\"><\/figcaption>\n\t\t\t\t\t\t\t\t\t\t<\/figure>\n\t\t\t\t\t\t\t\t\t<\/div>\n\t\t\t\t<\/div>\n\t\t\t\t<div class=\"elementor-element elementor-element-f5b5798 elementor-widget elementor-widget-text-editor\" data-id=\"f5b5798\" data-element_type=\"widget\" data-e-type=\"widget\" data-widget_type=\"text-editor.default\">\n\t\t\t\t<div class=\"elementor-widget-container\">\n\t\t\t\t\t\t\t\t\t<p>Aix\u00ed com tamb\u00e9 imatges d&#8217;aband\u00f3.<\/p>\t\t\t\t\t\t\t\t<\/div>\n\t\t\t\t<\/div>\n\t\t\t\t<div class=\"elementor-element elementor-element-aa99296 elementor-widget elementor-widget-image\" data-id=\"aa99296\" data-element_type=\"widget\" data-e-type=\"widget\" data-widget_type=\"image.default\">\n\t\t\t\t<div class=\"elementor-widget-container\">\n\t\t\t\t\t\t\t\t\t\t\t\t<figure class=\"wp-caption\">\n\t\t\t\t\t\t\t\t\t\t<img loading=\"lazy\" decoding=\"async\" width=\"768\" height=\"433\" src=\"https:\/\/www.elturistatranquil.com\/wp-content\/uploads\/F71-Calle-Torrojon-Fermoselle-Zamora.jpg\" class=\"attachment-large size-large wp-image-55609\" alt=\"Calle Torrojon, Fermoselle, Zamora\" srcset=\"https:\/\/www.elturistatranquil.com\/wp-content\/uploads\/F71-Calle-Torrojon-Fermoselle-Zamora.jpg 768w, https:\/\/www.elturistatranquil.com\/wp-content\/uploads\/F71-Calle-Torrojon-Fermoselle-Zamora-339x191.jpg 339w\" sizes=\"(max-width: 768px) 100vw, 768px\" \/>\t\t\t\t\t\t\t\t\t\t\t<figcaption class=\"widget-image-caption wp-caption-text\"><\/figcaption>\n\t\t\t\t\t\t\t\t\t\t<\/figure>\n\t\t\t\t\t\t\t\t\t<\/div>\n\t\t\t\t<\/div>\n\t\t\t\t<div class=\"elementor-element elementor-element-0142fec elementor-widget elementor-widget-heading\" data-id=\"0142fec\" data-element_type=\"widget\" data-e-type=\"widget\" data-widget_type=\"heading.default\">\n\t\t\t\t<div class=\"elementor-widget-container\">\n\t\t\t\t\t<h3 class=\"elementor-heading-title elementor-size-default\">Carrer Subida a Santa Colomba<\/h3>\t\t\t\t<\/div>\n\t\t\t\t<\/div>\n\t\t\t\t<div class=\"elementor-element elementor-element-bb6ef3e elementor-widget elementor-widget-text-editor\" data-id=\"bb6ef3e\" data-element_type=\"widget\" data-e-type=\"widget\" data-widget_type=\"text-editor.default\">\n\t\t\t\t<div class=\"elementor-widget-container\">\n\t\t\t\t\t\t\t\t\t<p>Deixem de banda pujar al <strong>mirador de Las Pe\u00f1as<\/strong> (<strong>15<\/strong>), per dirigir-nos directament al <strong>carrer Subida a Santa Colomba<\/strong> (<strong>14<\/strong>), l&#8217;altre carrer principal de Fermoselle que porta des de la pla\u00e7a Major cap al sector sud-oriental pel flanc meridional de la vila, formant una \u201cV\u201d amb el carrer Requejo.<\/p><p>Continua mantenint-se l&#8217;ambient tradicional de les construccions, algunes de ben rehabilitades, encara que altres propietaris hagin optat per la construcci\u00f3 moderna impersonal.<\/p><p>La llinda de la casa del n\u00famero 106 ens informa que la seva construcci\u00f3 data del 1892.<\/p>\t\t\t\t\t\t\t\t<\/div>\n\t\t\t\t<\/div>\n\t\t\t\t<div class=\"elementor-element elementor-element-a78ca5f elementor-widget elementor-widget-image\" data-id=\"a78ca5f\" data-element_type=\"widget\" data-e-type=\"widget\" data-widget_type=\"image.default\">\n\t\t\t\t<div class=\"elementor-widget-container\">\n\t\t\t\t\t\t\t\t\t\t\t\t<figure class=\"wp-caption\">\n\t\t\t\t\t\t\t\t\t\t<img loading=\"lazy\" decoding=\"async\" width=\"768\" height=\"433\" src=\"https:\/\/www.elturistatranquil.com\/wp-content\/uploads\/F72-Calle-Subida-a-Sta-Colomba-Fermoselle-Zamora.jpg\" class=\"attachment-large size-large wp-image-55614\" alt=\"Calle Subida a Sta Colomba, Fermoselle, Zamora\" srcset=\"https:\/\/www.elturistatranquil.com\/wp-content\/uploads\/F72-Calle-Subida-a-Sta-Colomba-Fermoselle-Zamora.jpg 768w, https:\/\/www.elturistatranquil.com\/wp-content\/uploads\/F72-Calle-Subida-a-Sta-Colomba-Fermoselle-Zamora-339x191.jpg 339w\" sizes=\"(max-width: 768px) 100vw, 768px\" \/>\t\t\t\t\t\t\t\t\t\t\t<figcaption class=\"widget-image-caption wp-caption-text\"><\/figcaption>\n\t\t\t\t\t\t\t\t\t\t<\/figure>\n\t\t\t\t\t\t\t\t\t<\/div>\n\t\t\t\t<\/div>\n\t\t\t\t<div class=\"elementor-element elementor-element-b8e6961 elementor-widget elementor-widget-image\" data-id=\"b8e6961\" data-element_type=\"widget\" data-e-type=\"widget\" data-widget_type=\"image.default\">\n\t\t\t\t<div class=\"elementor-widget-container\">\n\t\t\t\t\t\t\t\t\t\t\t\t<figure class=\"wp-caption\">\n\t\t\t\t\t\t\t\t\t\t<img loading=\"lazy\" decoding=\"async\" width=\"768\" height=\"433\" src=\"https:\/\/www.elturistatranquil.com\/wp-content\/uploads\/F73-Calle-Subida-a-Sta-Colomba-Fermoselle-Zamora.jpg\" class=\"attachment-large size-large wp-image-55616\" alt=\"Calle Subida a Sta Colomba, Fermoselle, Zamora\" srcset=\"https:\/\/www.elturistatranquil.com\/wp-content\/uploads\/F73-Calle-Subida-a-Sta-Colomba-Fermoselle-Zamora.jpg 768w, https:\/\/www.elturistatranquil.com\/wp-content\/uploads\/F73-Calle-Subida-a-Sta-Colomba-Fermoselle-Zamora-339x191.jpg 339w\" sizes=\"(max-width: 768px) 100vw, 768px\" \/>\t\t\t\t\t\t\t\t\t\t\t<figcaption class=\"widget-image-caption wp-caption-text\"><\/figcaption>\n\t\t\t\t\t\t\t\t\t\t<\/figure>\n\t\t\t\t\t\t\t\t\t<\/div>\n\t\t\t\t<\/div>\n\t\t\t\t<div class=\"elementor-element elementor-element-463d153 elementor-widget elementor-widget-heading\" data-id=\"463d153\" data-element_type=\"widget\" data-e-type=\"widget\" data-widget_type=\"heading.default\">\n\t\t\t\t<div class=\"elementor-widget-container\">\n\t\t\t\t\t<h4 class=\"elementor-heading-title elementor-size-default\">Esgl\u00e9sia de Santa Colomba<\/h4>\t\t\t\t<\/div>\n\t\t\t\t<\/div>\n\t\t\t\t<div class=\"elementor-element elementor-element-f1c8119 elementor-widget elementor-widget-text-editor\" data-id=\"f1c8119\" data-element_type=\"widget\" data-e-type=\"widget\" data-widget_type=\"text-editor.default\">\n\t\t\t\t<div class=\"elementor-widget-container\">\n\t\t\t\t\t\t\t\t\t<p>En aquesta zona alta de la localitat, s&#8217;al\u00e7a l&#8217;<strong>esgl\u00e9sia de Santa Colomba<\/strong> (<strong>16<\/strong>) els or\u00edgens de la qual es remunten al rom\u00e0nic del segle XII com una ermita separada del poble.<\/p><p>Com \u00e9s perfectament visible, l&#8217;edifici ha patit remodelacions importants, amb una arquitectura d&#8217;estil ecl\u00e8ctic, on sobresurt una torre del rellotge rematada amb un altre campanar de ferro forjat elaborat, de l&#8217;estil del de l&#8217;ajuntament.<\/p><p>Al costat de l&#8217;evangeli, un mur m\u00e9s antic amb porta de carreuat de mig punt es localitza una petita espadanya de tres obertures.<\/p><p>La informaci\u00f3 tur\u00edstica ens diu que al seu interior rep culte el Crist del Humilladero, popularment el bene\u00eft Crist de Santa Colomba, talla rom\u00e0nica del segle XII-XIII en fusta, el tresor art\u00edstic m\u00e9s important de la vila.<\/p>\t\t\t\t\t\t\t\t<\/div>\n\t\t\t\t<\/div>\n\t\t\t\t<div class=\"elementor-element elementor-element-d09bb65 elementor-widget elementor-widget-image\" data-id=\"d09bb65\" data-element_type=\"widget\" data-e-type=\"widget\" data-widget_type=\"image.default\">\n\t\t\t\t<div class=\"elementor-widget-container\">\n\t\t\t\t\t\t\t\t\t\t\t\t<figure class=\"wp-caption\">\n\t\t\t\t\t\t\t\t\t\t<img loading=\"lazy\" decoding=\"async\" width=\"768\" height=\"433\" src=\"https:\/\/www.elturistatranquil.com\/wp-content\/uploads\/F74-Iglesia-de-Sta-Colomba-Fermoselle-Zamora.jpg\" class=\"attachment-large size-large wp-image-55618\" alt=\"Iglesia de Sta Colomba, Fermoselle, Zamora\" srcset=\"https:\/\/www.elturistatranquil.com\/wp-content\/uploads\/F74-Iglesia-de-Sta-Colomba-Fermoselle-Zamora.jpg 768w, https:\/\/www.elturistatranquil.com\/wp-content\/uploads\/F74-Iglesia-de-Sta-Colomba-Fermoselle-Zamora-339x191.jpg 339w\" sizes=\"(max-width: 768px) 100vw, 768px\" \/>\t\t\t\t\t\t\t\t\t\t\t<figcaption class=\"widget-image-caption wp-caption-text\"><\/figcaption>\n\t\t\t\t\t\t\t\t\t\t<\/figure>\n\t\t\t\t\t\t\t\t\t<\/div>\n\t\t\t\t<\/div>\n\t\t\t\t<div class=\"elementor-element elementor-element-76ea487 elementor-widget elementor-widget-image\" data-id=\"76ea487\" data-element_type=\"widget\" data-e-type=\"widget\" data-widget_type=\"image.default\">\n\t\t\t\t<div class=\"elementor-widget-container\">\n\t\t\t\t\t\t\t\t\t\t\t\t<figure class=\"wp-caption\">\n\t\t\t\t\t\t\t\t\t\t<img loading=\"lazy\" decoding=\"async\" width=\"768\" height=\"433\" src=\"https:\/\/www.elturistatranquil.com\/wp-content\/uploads\/F75-Iglesia-de-Sta-Colomba-Fermoselle-Zamora.jpg\" class=\"attachment-large size-large wp-image-55620\" alt=\"Iglesia de Sta Colomba, Fermoselle, Zamora\" srcset=\"https:\/\/www.elturistatranquil.com\/wp-content\/uploads\/F75-Iglesia-de-Sta-Colomba-Fermoselle-Zamora.jpg 768w, https:\/\/www.elturistatranquil.com\/wp-content\/uploads\/F75-Iglesia-de-Sta-Colomba-Fermoselle-Zamora-339x191.jpg 339w\" sizes=\"(max-width: 768px) 100vw, 768px\" \/>\t\t\t\t\t\t\t\t\t\t\t<figcaption class=\"widget-image-caption wp-caption-text\"><\/figcaption>\n\t\t\t\t\t\t\t\t\t\t<\/figure>\n\t\t\t\t\t\t\t\t\t<\/div>\n\t\t\t\t<\/div>\n\t\t\t\t<div class=\"elementor-element elementor-element-6254876 elementor-widget elementor-widget-text-editor\" data-id=\"6254876\" data-element_type=\"widget\" data-e-type=\"widget\" data-widget_type=\"text-editor.default\">\n\t\t\t\t<div class=\"elementor-widget-container\">\n\t\t\t\t\t\t\t\t\t<p>Moltes vegades m&#8217;he queixat en aquest <em>Blog<\/em> de l&#8217;escassa consideraci\u00f3 que els ajuntaments donen a l&#8217;entorn d&#8217;edificis hist\u00f2rics. \u00c9s particularment indignant com s\u00f3n utilitzats com a ubicaci\u00f3 de contenidors, en aquest cas fent gu\u00e0rdia a cada costat de l&#8217;entrada del temple. Deu ser el lloc m\u00e9s c\u00f2mode i menys conflictiu amb relaci\u00f3 als ve\u00efns, per\u00f2 quan es vol vendre un lloc com a atracci\u00f3 tur\u00edstica, caldria millorar aquests detalls, aix\u00ed com mantenir una m\u00ednima dignitat cultural respecte al passat hist\u00f2ric.<\/p>\t\t\t\t\t\t\t\t<\/div>\n\t\t\t\t<\/div>\n\t\t\t\t<div class=\"elementor-element elementor-element-d837adc elementor-widget elementor-widget-image\" data-id=\"d837adc\" data-element_type=\"widget\" data-e-type=\"widget\" data-widget_type=\"image.default\">\n\t\t\t\t<div class=\"elementor-widget-container\">\n\t\t\t\t\t\t\t\t\t\t\t\t<figure class=\"wp-caption\">\n\t\t\t\t\t\t\t\t\t\t<img loading=\"lazy\" decoding=\"async\" width=\"768\" height=\"432\" src=\"https:\/\/www.elturistatranquil.com\/wp-content\/uploads\/F76-Iglesia-de-Sta-Colomba-Fermoselle-Zamora.jpg\" class=\"attachment-large size-large wp-image-55622\" alt=\"Iglesia de Sta Colomba, Fermoselle, Zamora\" srcset=\"https:\/\/www.elturistatranquil.com\/wp-content\/uploads\/F76-Iglesia-de-Sta-Colomba-Fermoselle-Zamora.jpg 768w, https:\/\/www.elturistatranquil.com\/wp-content\/uploads\/F76-Iglesia-de-Sta-Colomba-Fermoselle-Zamora-339x191.jpg 339w\" sizes=\"(max-width: 768px) 100vw, 768px\" \/>\t\t\t\t\t\t\t\t\t\t\t<figcaption class=\"widget-image-caption wp-caption-text\"><\/figcaption>\n\t\t\t\t\t\t\t\t\t\t<\/figure>\n\t\t\t\t\t\t\t\t\t<\/div>\n\t\t\t\t<\/div>\n\t\t\t\t<div class=\"elementor-element elementor-element-e951025 elementor-widget elementor-widget-heading\" data-id=\"e951025\" data-element_type=\"widget\" data-e-type=\"widget\" data-widget_type=\"heading.default\">\n\t\t\t\t<div class=\"elementor-widget-container\">\n\t\t\t\t\t<h3 class=\"elementor-heading-title elementor-size-default\">Carrer Barrancos<\/h3>\t\t\t\t<\/div>\n\t\t\t\t<\/div>\n\t\t\t\t<div class=\"elementor-element elementor-element-73b4837 elementor-widget elementor-widget-text-editor\" data-id=\"73b4837\" data-element_type=\"widget\" data-e-type=\"widget\" data-widget_type=\"text-editor.default\">\n\t\t\t\t<div class=\"elementor-widget-container\">\n\t\t\t\t\t\t\t\t\t<p>Resseguint pel <strong>carrer Barrancos<\/strong> (<strong>17<\/strong>), entre blocs de pedra gran\u00edtica i murs de ma\u00e7oneria de pedra, ens dirigirem cap a un altre dels miradors de la vila.<\/p>\t\t\t\t\t\t\t\t<\/div>\n\t\t\t\t<\/div>\n\t\t\t\t<div class=\"elementor-element elementor-element-776b61c elementor-widget elementor-widget-image\" data-id=\"776b61c\" data-element_type=\"widget\" data-e-type=\"widget\" data-widget_type=\"image.default\">\n\t\t\t\t<div class=\"elementor-widget-container\">\n\t\t\t\t\t\t\t\t\t\t\t\t<figure class=\"wp-caption\">\n\t\t\t\t\t\t\t\t\t\t<img loading=\"lazy\" decoding=\"async\" width=\"768\" height=\"433\" src=\"https:\/\/www.elturistatranquil.com\/wp-content\/uploads\/F77-Calle-Barrancos-Fermoselle-Zamora.jpg\" class=\"attachment-large size-large wp-image-55627\" alt=\"Calle Barrancos, Fermoselle, Zamora\" srcset=\"https:\/\/www.elturistatranquil.com\/wp-content\/uploads\/F77-Calle-Barrancos-Fermoselle-Zamora.jpg 768w, https:\/\/www.elturistatranquil.com\/wp-content\/uploads\/F77-Calle-Barrancos-Fermoselle-Zamora-339x191.jpg 339w\" sizes=\"(max-width: 768px) 100vw, 768px\" \/>\t\t\t\t\t\t\t\t\t\t\t<figcaption class=\"widget-image-caption wp-caption-text\"><\/figcaption>\n\t\t\t\t\t\t\t\t\t\t<\/figure>\n\t\t\t\t\t\t\t\t\t<\/div>\n\t\t\t\t<\/div>\n\t\t\t\t<div class=\"elementor-element elementor-element-e58fcdd elementor-widget elementor-widget-image\" data-id=\"e58fcdd\" data-element_type=\"widget\" data-e-type=\"widget\" data-widget_type=\"image.default\">\n\t\t\t\t<div class=\"elementor-widget-container\">\n\t\t\t\t\t\t\t\t\t\t\t\t<figure class=\"wp-caption\">\n\t\t\t\t\t\t\t\t\t\t<img loading=\"lazy\" decoding=\"async\" width=\"768\" height=\"433\" src=\"https:\/\/www.elturistatranquil.com\/wp-content\/uploads\/F78-Calle-Barrancos-Fermoselle-Zamora.jpg\" class=\"attachment-large size-large wp-image-55629\" alt=\"Calle Barrancos, Fermoselle, Zamora\" srcset=\"https:\/\/www.elturistatranquil.com\/wp-content\/uploads\/F78-Calle-Barrancos-Fermoselle-Zamora.jpg 768w, https:\/\/www.elturistatranquil.com\/wp-content\/uploads\/F78-Calle-Barrancos-Fermoselle-Zamora-339x191.jpg 339w\" sizes=\"(max-width: 768px) 100vw, 768px\" \/>\t\t\t\t\t\t\t\t\t\t\t<figcaption class=\"widget-image-caption wp-caption-text\"><\/figcaption>\n\t\t\t\t\t\t\t\t\t\t<\/figure>\n\t\t\t\t\t\t\t\t\t<\/div>\n\t\t\t\t<\/div>\n\t\t\t\t<div class=\"elementor-element elementor-element-5e6f2cf elementor-widget elementor-widget-image\" data-id=\"5e6f2cf\" data-element_type=\"widget\" data-e-type=\"widget\" data-widget_type=\"image.default\">\n\t\t\t\t<div class=\"elementor-widget-container\">\n\t\t\t\t\t\t\t\t\t\t\t\t<figure class=\"wp-caption\">\n\t\t\t\t\t\t\t\t\t\t<img loading=\"lazy\" decoding=\"async\" width=\"768\" height=\"433\" src=\"https:\/\/www.elturistatranquil.com\/wp-content\/uploads\/F79-Calle-Barrancos-Fermoselle-Zamora.jpg\" class=\"attachment-large size-large wp-image-55631\" alt=\"Calle Barrancos, Fermoselle, Zamora\" srcset=\"https:\/\/www.elturistatranquil.com\/wp-content\/uploads\/F79-Calle-Barrancos-Fermoselle-Zamora.jpg 768w, https:\/\/www.elturistatranquil.com\/wp-content\/uploads\/F79-Calle-Barrancos-Fermoselle-Zamora-339x191.jpg 339w\" sizes=\"(max-width: 768px) 100vw, 768px\" \/>\t\t\t\t\t\t\t\t\t\t\t<figcaption class=\"widget-image-caption wp-caption-text\"><\/figcaption>\n\t\t\t\t\t\t\t\t\t\t<\/figure>\n\t\t\t\t\t\t\t\t\t<\/div>\n\t\t\t\t<\/div>\n\t\t\t\t<div class=\"elementor-element elementor-element-229cba4 elementor-widget elementor-widget-image\" data-id=\"229cba4\" data-element_type=\"widget\" data-e-type=\"widget\" data-widget_type=\"image.default\">\n\t\t\t\t<div class=\"elementor-widget-container\">\n\t\t\t\t\t\t\t\t\t\t\t\t<figure class=\"wp-caption\">\n\t\t\t\t\t\t\t\t\t\t<img loading=\"lazy\" decoding=\"async\" width=\"768\" height=\"433\" src=\"https:\/\/www.elturistatranquil.com\/wp-content\/uploads\/F80-Calle-Barrancos-Fermoselle-Zamora.jpg\" class=\"attachment-large size-large wp-image-55633\" alt=\"Calle Barrancos, Fermoselle, Zamora\" srcset=\"https:\/\/www.elturistatranquil.com\/wp-content\/uploads\/F80-Calle-Barrancos-Fermoselle-Zamora.jpg 768w, https:\/\/www.elturistatranquil.com\/wp-content\/uploads\/F80-Calle-Barrancos-Fermoselle-Zamora-339x191.jpg 339w\" sizes=\"(max-width: 768px) 100vw, 768px\" \/>\t\t\t\t\t\t\t\t\t\t\t<figcaption class=\"widget-image-caption wp-caption-text\"><\/figcaption>\n\t\t\t\t\t\t\t\t\t\t<\/figure>\n\t\t\t\t\t\t\t\t\t<\/div>\n\t\t\t\t<\/div>\n\t\t\t\t<div class=\"elementor-element elementor-element-d16dd62 elementor-widget elementor-widget-heading\" data-id=\"d16dd62\" data-element_type=\"widget\" data-e-type=\"widget\" data-widget_type=\"heading.default\">\n\t\t\t\t<div class=\"elementor-widget-container\">\n\t\t\t\t\t<h4 class=\"elementor-heading-title elementor-size-default\">Mirador de los Barrancos <\/h4>\t\t\t\t<\/div>\n\t\t\t\t<\/div>\n\t\t\t\t<div class=\"elementor-element elementor-element-1a84af9 elementor-widget elementor-widget-text-editor\" data-id=\"1a84af9\" data-element_type=\"widget\" data-e-type=\"widget\" data-widget_type=\"text-editor.default\">\n\t\t\t\t<div class=\"elementor-widget-container\">\n\t\t\t\t\t\t\t\t\t<p>El <strong>mirador de los Barrancos<\/strong> (<strong>18<\/strong>) ens ofereix una nova panor\u00e0mica, aquesta vegada sobre l&#8217;\u00e0rea nord dels Arribes.<\/p>\t\t\t\t\t\t\t\t<\/div>\n\t\t\t\t<\/div>\n\t\t\t\t<div class=\"elementor-element elementor-element-cc5a823 elementor-widget elementor-widget-image\" data-id=\"cc5a823\" data-element_type=\"widget\" data-e-type=\"widget\" data-widget_type=\"image.default\">\n\t\t\t\t<div class=\"elementor-widget-container\">\n\t\t\t\t\t\t\t\t\t\t\t\t<figure class=\"wp-caption\">\n\t\t\t\t\t\t\t\t\t\t<img loading=\"lazy\" decoding=\"async\" width=\"768\" height=\"433\" src=\"https:\/\/www.elturistatranquil.com\/wp-content\/uploads\/F81-Mirador-de-los-Barrancos-Fermoselle-Zamora.jpg\" class=\"attachment-large size-large wp-image-55635\" alt=\"Calle Barrancos, Fermoselle, Zamora\" srcset=\"https:\/\/www.elturistatranquil.com\/wp-content\/uploads\/F81-Mirador-de-los-Barrancos-Fermoselle-Zamora.jpg 768w, https:\/\/www.elturistatranquil.com\/wp-content\/uploads\/F81-Mirador-de-los-Barrancos-Fermoselle-Zamora-339x191.jpg 339w\" sizes=\"(max-width: 768px) 100vw, 768px\" \/>\t\t\t\t\t\t\t\t\t\t\t<figcaption class=\"widget-image-caption wp-caption-text\"><\/figcaption>\n\t\t\t\t\t\t\t\t\t\t<\/figure>\n\t\t\t\t\t\t\t\t\t<\/div>\n\t\t\t\t<\/div>\n\t\t\t\t<div class=\"elementor-element elementor-element-ad02d91 elementor-widget elementor-widget-text-editor\" data-id=\"ad02d91\" data-element_type=\"widget\" data-e-type=\"widget\" data-widget_type=\"text-editor.default\">\n\t\t\t\t<div class=\"elementor-widget-container\">\n\t\t\t\t\t\t\t\t\t<p>Tamb\u00e9 descobrim una estructura met\u00e0l\u00b7lica en forma de copa. S&#8217;haur\u00e0 d&#8217;anar a veure de qu\u00e8 es tracta.<\/p>\t\t\t\t\t\t\t\t<\/div>\n\t\t\t\t<\/div>\n\t\t\t\t<div class=\"elementor-element elementor-element-85f5644 elementor-widget elementor-widget-image\" data-id=\"85f5644\" data-element_type=\"widget\" data-e-type=\"widget\" data-widget_type=\"image.default\">\n\t\t\t\t<div class=\"elementor-widget-container\">\n\t\t\t\t\t\t\t\t\t\t\t\t<figure class=\"wp-caption\">\n\t\t\t\t\t\t\t\t\t\t<img loading=\"lazy\" decoding=\"async\" width=\"768\" height=\"433\" src=\"https:\/\/www.elturistatranquil.com\/wp-content\/uploads\/F82-Mirador-de-los-Barrancos-Fermoselle-Zamora.jpg\" class=\"attachment-large size-large wp-image-55640\" alt=\"Calle Barrancos, Fermoselle, Zamora\" srcset=\"https:\/\/www.elturistatranquil.com\/wp-content\/uploads\/F82-Mirador-de-los-Barrancos-Fermoselle-Zamora.jpg 768w, https:\/\/www.elturistatranquil.com\/wp-content\/uploads\/F82-Mirador-de-los-Barrancos-Fermoselle-Zamora-339x191.jpg 339w\" sizes=\"(max-width: 768px) 100vw, 768px\" \/>\t\t\t\t\t\t\t\t\t\t\t<figcaption class=\"widget-image-caption wp-caption-text\"><\/figcaption>\n\t\t\t\t\t\t\t\t\t\t<\/figure>\n\t\t\t\t\t\t\t\t\t<\/div>\n\t\t\t\t<\/div>\n\t\t\t\t<div class=\"elementor-element elementor-element-dba1744 elementor-widget elementor-widget-heading\" data-id=\"dba1744\" data-element_type=\"widget\" data-e-type=\"widget\" data-widget_type=\"heading.default\">\n\t\t\t\t<div class=\"elementor-widget-container\">\n\t\t\t\t\t<h3 class=\"elementor-heading-title elementor-size-default\">Carrer Subida Fontanicas<\/h3>\t\t\t\t<\/div>\n\t\t\t\t<\/div>\n\t\t\t\t<div class=\"elementor-element elementor-element-346b895 elementor-widget elementor-widget-text-editor\" data-id=\"346b895\" data-element_type=\"widget\" data-e-type=\"widget\" data-widget_type=\"text-editor.default\">\n\t\t\t\t<div class=\"elementor-widget-container\">\n\t\t\t\t\t\t\t\t\t<p>La tornada des del mirador ens porta fins al <strong>carrer subida Fontanicas<\/strong> (<strong>19<\/strong>). Es la zona de major concentraci\u00f3 de cellers comercials de Fermoselle.<\/p><p>Aqu\u00ed es troba el celler que hem triat per visitar, la <strong>bodega Pascual Fern\u00e1ndez, Siete Escalones<\/strong>. Deixo per a un altre <em>Post<\/em> estendre-m&#8217;hi, encara que podem deixar const\u00e0ncia visual de les seves instal\u00b7lacions externes i una mostra d&#8217;una de les seves caves, encara que fos d&#8217;\u00fas.<\/p>\t\t\t\t\t\t\t\t<\/div>\n\t\t\t\t<\/div>\n\t\t\t\t<div class=\"elementor-element elementor-element-c5e1ec4 elementor-widget elementor-widget-image\" data-id=\"c5e1ec4\" data-element_type=\"widget\" data-e-type=\"widget\" data-widget_type=\"image.default\">\n\t\t\t\t<div class=\"elementor-widget-container\">\n\t\t\t\t\t\t\t\t\t\t\t\t<figure class=\"wp-caption\">\n\t\t\t\t\t\t\t\t\t\t<img loading=\"lazy\" decoding=\"async\" width=\"768\" height=\"432\" src=\"https:\/\/www.elturistatranquil.com\/wp-content\/uploads\/F83-Bodega-Pascual-Fernandez-Calle-Subida-Fontanicas-Fermoselle-Zamora.jpg\" class=\"attachment-large size-large wp-image-55642\" alt=\"Bodega Pascual Fernandez, Calle Subida Fontanicas , Fermoselle, Zamora\" srcset=\"https:\/\/www.elturistatranquil.com\/wp-content\/uploads\/F83-Bodega-Pascual-Fernandez-Calle-Subida-Fontanicas-Fermoselle-Zamora.jpg 768w, https:\/\/www.elturistatranquil.com\/wp-content\/uploads\/F83-Bodega-Pascual-Fernandez-Calle-Subida-Fontanicas-Fermoselle-Zamora-339x191.jpg 339w\" sizes=\"(max-width: 768px) 100vw, 768px\" \/>\t\t\t\t\t\t\t\t\t\t\t<figcaption class=\"widget-image-caption wp-caption-text\"><\/figcaption>\n\t\t\t\t\t\t\t\t\t\t<\/figure>\n\t\t\t\t\t\t\t\t\t<\/div>\n\t\t\t\t<\/div>\n\t\t\t\t<div class=\"elementor-element elementor-element-a209b08 elementor-widget elementor-widget-image\" data-id=\"a209b08\" data-element_type=\"widget\" data-e-type=\"widget\" data-widget_type=\"image.default\">\n\t\t\t\t<div class=\"elementor-widget-container\">\n\t\t\t\t\t\t\t\t\t\t\t\t<figure class=\"wp-caption\">\n\t\t\t\t\t\t\t\t\t\t<img loading=\"lazy\" decoding=\"async\" width=\"768\" height=\"433\" src=\"https:\/\/www.elturistatranquil.com\/wp-content\/uploads\/F84-Bodega-Pascual-Fernandez-Calle-Subida-Fontanicas-Fermoselle-Zamora.jpg\" class=\"attachment-large size-large wp-image-55644\" alt=\"Bodega Pascual Fernandez, Calle Subida Fontanicas , Fermoselle, Zamora\" srcset=\"https:\/\/www.elturistatranquil.com\/wp-content\/uploads\/F84-Bodega-Pascual-Fernandez-Calle-Subida-Fontanicas-Fermoselle-Zamora.jpg 768w, https:\/\/www.elturistatranquil.com\/wp-content\/uploads\/F84-Bodega-Pascual-Fernandez-Calle-Subida-Fontanicas-Fermoselle-Zamora-339x191.jpg 339w\" sizes=\"(max-width: 768px) 100vw, 768px\" \/>\t\t\t\t\t\t\t\t\t\t\t<figcaption class=\"widget-image-caption wp-caption-text\"><\/figcaption>\n\t\t\t\t\t\t\t\t\t\t<\/figure>\n\t\t\t\t\t\t\t\t\t<\/div>\n\t\t\t\t<\/div>\n\t\t\t\t<div class=\"elementor-element elementor-element-de47bbc elementor-widget elementor-widget-text-editor\" data-id=\"de47bbc\" data-element_type=\"widget\" data-e-type=\"widget\" data-widget_type=\"text-editor.default\">\n\t\t\t\t<div class=\"elementor-widget-container\">\n\t\t\t\t\t\t\t\t\t<p>Ja he assenyalat que l&#8217;estat ru\u00efn\u00f3s del castell va portar la Diputaci\u00f3 de Zamora a autoritzar l&#8217;aprofitament de les restes per part dels ve\u00efns. Les voltes d&#8217;alguns cellers procedirien d&#8217;aquestes restes.<\/p>\t\t\t\t\t\t\t\t<\/div>\n\t\t\t\t<\/div>\n\t\t\t\t<div class=\"elementor-element elementor-element-cc9416c elementor-widget elementor-widget-image\" data-id=\"cc9416c\" data-element_type=\"widget\" data-e-type=\"widget\" data-widget_type=\"image.default\">\n\t\t\t\t<div class=\"elementor-widget-container\">\n\t\t\t\t\t\t\t\t\t\t\t\t<figure class=\"wp-caption\">\n\t\t\t\t\t\t\t\t\t\t<img loading=\"lazy\" decoding=\"async\" width=\"768\" height=\"433\" src=\"https:\/\/www.elturistatranquil.com\/wp-content\/uploads\/F85-Bodega-Pascual-Fernandez-Calle-Subida-Fontanicas-Fermoselle-Zamora.jpg\" class=\"attachment-large size-large wp-image-55646\" alt=\"Bodega Pascual Fernandez, Calle Subida Fontanicas , Fermoselle, Zamora\" srcset=\"https:\/\/www.elturistatranquil.com\/wp-content\/uploads\/F85-Bodega-Pascual-Fernandez-Calle-Subida-Fontanicas-Fermoselle-Zamora.jpg 768w, https:\/\/www.elturistatranquil.com\/wp-content\/uploads\/F85-Bodega-Pascual-Fernandez-Calle-Subida-Fontanicas-Fermoselle-Zamora-339x191.jpg 339w\" sizes=\"(max-width: 768px) 100vw, 768px\" \/>\t\t\t\t\t\t\t\t\t\t\t<figcaption class=\"widget-image-caption wp-caption-text\"><\/figcaption>\n\t\t\t\t\t\t\t\t\t\t<\/figure>\n\t\t\t\t\t\t\t\t\t<\/div>\n\t\t\t\t<\/div>\n\t\t\t\t<div class=\"elementor-element elementor-element-1aaac94 elementor-widget elementor-widget-text-editor\" data-id=\"1aaac94\" data-element_type=\"widget\" data-e-type=\"widget\" data-widget_type=\"text-editor.default\">\n\t\t\t\t<div class=\"elementor-widget-container\">\n\t\t\t\t\t\t\t\t\t<p>En una placeta d&#8217;aquest carrer (<strong>20<\/strong>), en estat d&#8217;obres, hem trobat l&#8217;estructura met\u00e0l\u00b7lica visualitzada des del mirador, que representa una <strong>copa de vi<\/strong>. \u00c9s una escultura d&#8217;<em>\u00c0ngel Luis Juli\u00e1n<\/em>.<\/p><p>L&#8217;escultura de la copa i una placa ens informen que est\u00e0 destinada a homenatjar <strong><em>Maria Isabel Mijares Garc\u00eda Pelayo<\/em><\/strong> (1942-2024) per ser la primera dona en\u00f2loga d&#8217;Espanya exercint la professi\u00f3 i dirigint un celler i <em>alma mater<\/em> del concurs internacional m\u00e9s gran de vins d&#8217;Espanya i Portugal.<\/p>\t\t\t\t\t\t\t\t<\/div>\n\t\t\t\t<\/div>\n\t\t\t\t<div class=\"elementor-element elementor-element-a6e4ca3 elementor-widget elementor-widget-image\" data-id=\"a6e4ca3\" data-element_type=\"widget\" data-e-type=\"widget\" data-widget_type=\"image.default\">\n\t\t\t\t<div class=\"elementor-widget-container\">\n\t\t\t\t\t\t\t\t\t\t\t\t<figure class=\"wp-caption\">\n\t\t\t\t\t\t\t\t\t\t<img loading=\"lazy\" decoding=\"async\" width=\"768\" height=\"433\" src=\"https:\/\/www.elturistatranquil.com\/wp-content\/uploads\/F86-Calle-Subida-Fontanicas-Fermoselle-Zamora.jpg\" class=\"attachment-large size-large wp-image-55648\" alt=\"Calle Subida Fontanicas , Fermoselle, Zamora\" srcset=\"https:\/\/www.elturistatranquil.com\/wp-content\/uploads\/F86-Calle-Subida-Fontanicas-Fermoselle-Zamora.jpg 768w, https:\/\/www.elturistatranquil.com\/wp-content\/uploads\/F86-Calle-Subida-Fontanicas-Fermoselle-Zamora-339x191.jpg 339w\" sizes=\"(max-width: 768px) 100vw, 768px\" \/>\t\t\t\t\t\t\t\t\t\t\t<figcaption class=\"widget-image-caption wp-caption-text\"><\/figcaption>\n\t\t\t\t\t\t\t\t\t\t<\/figure>\n\t\t\t\t\t\t\t\t\t<\/div>\n\t\t\t\t<\/div>\n\t\t\t\t<div class=\"elementor-element elementor-element-64f97a8 elementor-widget elementor-widget-image\" data-id=\"64f97a8\" data-element_type=\"widget\" data-e-type=\"widget\" data-widget_type=\"image.default\">\n\t\t\t\t<div class=\"elementor-widget-container\">\n\t\t\t\t\t\t\t\t\t\t\t\t<figure class=\"wp-caption\">\n\t\t\t\t\t\t\t\t\t\t<img loading=\"lazy\" decoding=\"async\" width=\"768\" height=\"432\" src=\"https:\/\/www.elturistatranquil.com\/wp-content\/uploads\/F87-Escultura-a-Maria-Isabel-Mijares-de-Angel-Luis-Julian-Fermoselle-Zamora.jpg\" class=\"attachment-large size-large wp-image-55657\" alt=\"Escultura a Mar\u00eda Isabel Mijares de \u00c1ngel Luis Juli\u00e1n, Fermoselle, Zamora\" srcset=\"https:\/\/www.elturistatranquil.com\/wp-content\/uploads\/F87-Escultura-a-Maria-Isabel-Mijares-de-Angel-Luis-Julian-Fermoselle-Zamora.jpg 768w, https:\/\/www.elturistatranquil.com\/wp-content\/uploads\/F87-Escultura-a-Maria-Isabel-Mijares-de-Angel-Luis-Julian-Fermoselle-Zamora-339x191.jpg 339w\" sizes=\"(max-width: 768px) 100vw, 768px\" \/>\t\t\t\t\t\t\t\t\t\t\t<figcaption class=\"widget-image-caption wp-caption-text\"><\/figcaption>\n\t\t\t\t\t\t\t\t\t\t<\/figure>\n\t\t\t\t\t\t\t\t\t<\/div>\n\t\t\t\t<\/div>\n\t\t\t\t<div class=\"elementor-element elementor-element-ee86949 elementor-widget elementor-widget-text-editor\" data-id=\"ee86949\" data-element_type=\"widget\" data-e-type=\"widget\" data-widget_type=\"text-editor.default\">\n\t\t\t\t<div class=\"elementor-widget-container\">\n\t\t\t\t\t\t\t\t\t<p>Entre els elements d&#8217;arquitectura popular que hem anat observant al nostre recorregut aportem una darrera mostra d&#8217;escala exterior massissa de pedra. La porta de la casa a sobre, el celler a sota.<\/p>\t\t\t\t\t\t\t\t<\/div>\n\t\t\t\t<\/div>\n\t\t\t\t<div class=\"elementor-element elementor-element-580b69f elementor-widget elementor-widget-image\" data-id=\"580b69f\" data-element_type=\"widget\" data-e-type=\"widget\" data-widget_type=\"image.default\">\n\t\t\t\t<div class=\"elementor-widget-container\">\n\t\t\t\t\t\t\t\t\t\t\t\t<figure class=\"wp-caption\">\n\t\t\t\t\t\t\t\t\t\t<img loading=\"lazy\" decoding=\"async\" width=\"768\" height=\"433\" src=\"https:\/\/www.elturistatranquil.com\/wp-content\/uploads\/F88-Calle-Subida-Fontanicas-Fermoselle-Zamora.jpg\" class=\"attachment-large size-large wp-image-55655\" alt=\"Calle Subida Fontanicas , Fermoselle, Zamora\" srcset=\"https:\/\/www.elturistatranquil.com\/wp-content\/uploads\/F88-Calle-Subida-Fontanicas-Fermoselle-Zamora.jpg 768w, https:\/\/www.elturistatranquil.com\/wp-content\/uploads\/F88-Calle-Subida-Fontanicas-Fermoselle-Zamora-339x191.jpg 339w\" sizes=\"(max-width: 768px) 100vw, 768px\" \/>\t\t\t\t\t\t\t\t\t\t\t<figcaption class=\"widget-image-caption wp-caption-text\"><\/figcaption>\n\t\t\t\t\t\t\t\t\t\t<\/figure>\n\t\t\t\t\t\t\t\t\t<\/div>\n\t\t\t\t<\/div>\n\t\t\t\t<div class=\"elementor-element elementor-element-a16e052 elementor-widget elementor-widget-text-editor\" data-id=\"a16e052\" data-element_type=\"widget\" data-e-type=\"widget\" data-widget_type=\"text-editor.default\">\n\t\t\t\t<div class=\"elementor-widget-container\">\n\t\t\t\t\t\t\t\t\t<p>Descendint pel carrer Subida Fontanicas arribarem al carrer Requejo, gaireb\u00e9 al punt d&#8217;inici del nostre recorregut pel nucli hist\u00f2ric de Fermoselle.<\/p>\t\t\t\t\t\t\t\t<\/div>\n\t\t\t\t<\/div>\n\t\t\t\t<div class=\"elementor-element elementor-element-6e13e8c elementor-widget elementor-widget-heading\" data-id=\"6e13e8c\" data-element_type=\"widget\" data-e-type=\"widget\" data-widget_type=\"heading.default\">\n\t\t\t\t<div class=\"elementor-widget-container\">\n\t\t\t\t\t<h3 class=\"elementor-heading-title elementor-size-default\">Extraradi<\/h3>\t\t\t\t<\/div>\n\t\t\t\t<\/div>\n\t\t\t\t<div class=\"elementor-element elementor-element-1e2f1f9 elementor-widget elementor-widget-text-editor\" data-id=\"1e2f1f9\" data-element_type=\"widget\" data-e-type=\"widget\" data-widget_type=\"text-editor.default\">\n\t\t\t\t<div class=\"elementor-widget-container\">\n\t\t\t\t\t\t\t\t\t<p>Pels voltants de la vila hist\u00f2rica de Fermoselle valdr\u00e0 la pena dirigir-se a alguns altres llocs amb inter\u00e8s.<\/p>\t\t\t\t\t\t\t\t<\/div>\n\t\t\t\t<\/div>\n\t\t\t\t<div class=\"elementor-element elementor-element-1e8ea42 elementor-widget elementor-widget-heading\" data-id=\"1e8ea42\" data-element_type=\"widget\" data-e-type=\"widget\" data-widget_type=\"heading.default\">\n\t\t\t\t<div class=\"elementor-widget-container\">\n\t\t\t\t\t<h4 class=\"elementor-heading-title elementor-size-default\">Convent de San Francisco, Casa del Parc de Arribes del Duero<\/h4>\t\t\t\t<\/div>\n\t\t\t\t<\/div>\n\t\t\t\t<div class=\"elementor-element elementor-element-a4261fa elementor-widget elementor-widget-text-editor\" data-id=\"a4261fa\" data-element_type=\"widget\" data-e-type=\"widget\" data-widget_type=\"text-editor.default\">\n\t\t\t\t<div class=\"elementor-widget-container\">\n\t\t\t\t\t\t\t\t\t<p>Al costat sud del nucli urb\u00e0, encara que fora de la part hist\u00f2rica, hi trobem l&#8217;edifici d&#8217;un <strong>antic convent de San Francisco<\/strong> (<strong>21<\/strong>) que com era molt habitual, l&#8217;orde franciscana acostumava a construir extramurs dels llocs on s&#8217;assentaven.<\/p><p>Convent aixecat segons sembla al segle XVIII, sobre les ru\u00efnes d&#8217;una ermita rom\u00e0nica del segle XII de la qual encara perduren els murs, m\u00e8nsules i una ventada agitada originals.<\/p><p>D&#8217;una sola nau de planta cruciforme a qu\u00e8 es va adherir el convent en forma de &#8220;U&#8221; amb claustre al centre. Al seu interior es venera el Crist de Santa Colomba.<\/p><p>Actualment acull la <strong>Casa del Parc de Arribes del Duero<\/strong> on es pot con\u00e8ixer la hist\u00f2ria i dades d&#8217;inter\u00e8s dels Arribes, com a Centre d&#8217;Interpretaci\u00f3.<\/p>\t\t\t\t\t\t\t\t<\/div>\n\t\t\t\t<\/div>\n\t\t\t\t<div class=\"elementor-element elementor-element-e26887a elementor-widget elementor-widget-image\" data-id=\"e26887a\" data-element_type=\"widget\" data-e-type=\"widget\" data-widget_type=\"image.default\">\n\t\t\t\t<div class=\"elementor-widget-container\">\n\t\t\t\t\t\t\t\t\t\t\t\t<figure class=\"wp-caption\">\n\t\t\t\t\t\t\t\t\t\t<img loading=\"lazy\" decoding=\"async\" width=\"768\" height=\"432\" src=\"https:\/\/www.elturistatranquil.com\/wp-content\/uploads\/F89-Convento-de-San-Francisco-Fermoselle-Zamora.jpg\" class=\"attachment-large size-large wp-image-55661\" alt=\"Convento de San Francisco, Fermoselle, Zamora\" srcset=\"https:\/\/www.elturistatranquil.com\/wp-content\/uploads\/F89-Convento-de-San-Francisco-Fermoselle-Zamora.jpg 768w, https:\/\/www.elturistatranquil.com\/wp-content\/uploads\/F89-Convento-de-San-Francisco-Fermoselle-Zamora-339x191.jpg 339w\" sizes=\"(max-width: 768px) 100vw, 768px\" \/>\t\t\t\t\t\t\t\t\t\t\t<figcaption class=\"widget-image-caption wp-caption-text\"><\/figcaption>\n\t\t\t\t\t\t\t\t\t\t<\/figure>\n\t\t\t\t\t\t\t\t\t<\/div>\n\t\t\t\t<\/div>\n\t\t\t\t<div class=\"elementor-element elementor-element-6456630 elementor-widget elementor-widget-image\" data-id=\"6456630\" data-element_type=\"widget\" data-e-type=\"widget\" data-widget_type=\"image.default\">\n\t\t\t\t<div class=\"elementor-widget-container\">\n\t\t\t\t\t\t\t\t\t\t\t\t<figure class=\"wp-caption\">\n\t\t\t\t\t\t\t\t\t\t<img loading=\"lazy\" decoding=\"async\" width=\"768\" height=\"432\" src=\"https:\/\/www.elturistatranquil.com\/wp-content\/uploads\/F90-Convento-de-San-Francisco-Fermoselle-Zamora.jpg\" class=\"attachment-large size-large wp-image-55666\" alt=\"Convento de San Francisco, Fermoselle, Zamora\" srcset=\"https:\/\/www.elturistatranquil.com\/wp-content\/uploads\/F90-Convento-de-San-Francisco-Fermoselle-Zamora.jpg 768w, https:\/\/www.elturistatranquil.com\/wp-content\/uploads\/F90-Convento-de-San-Francisco-Fermoselle-Zamora-339x191.jpg 339w\" sizes=\"(max-width: 768px) 100vw, 768px\" \/>\t\t\t\t\t\t\t\t\t\t\t<figcaption class=\"widget-image-caption wp-caption-text\"><\/figcaption>\n\t\t\t\t\t\t\t\t\t\t<\/figure>\n\t\t\t\t\t\t\t\t\t<\/div>\n\t\t\t\t<\/div>\n\t\t\t\t<div class=\"elementor-element elementor-element-c46056c elementor-widget elementor-widget-image\" data-id=\"c46056c\" data-element_type=\"widget\" data-e-type=\"widget\" data-widget_type=\"image.default\">\n\t\t\t\t<div class=\"elementor-widget-container\">\n\t\t\t\t\t\t\t\t\t\t\t\t<figure class=\"wp-caption\">\n\t\t\t\t\t\t\t\t\t\t<img loading=\"lazy\" decoding=\"async\" width=\"768\" height=\"432\" src=\"https:\/\/www.elturistatranquil.com\/wp-content\/uploads\/F91Convento-de-San-Francisco-Fermoselle-Zamora.jpg\" class=\"attachment-large size-large wp-image-55668\" alt=\"Convento de San Francisco, Fermoselle, Zamora\" srcset=\"https:\/\/www.elturistatranquil.com\/wp-content\/uploads\/F91Convento-de-San-Francisco-Fermoselle-Zamora.jpg 768w, https:\/\/www.elturistatranquil.com\/wp-content\/uploads\/F91Convento-de-San-Francisco-Fermoselle-Zamora-339x191.jpg 339w\" sizes=\"(max-width: 768px) 100vw, 768px\" \/>\t\t\t\t\t\t\t\t\t\t\t<figcaption class=\"widget-image-caption wp-caption-text\"><\/figcaption>\n\t\t\t\t\t\t\t\t\t\t<\/figure>\n\t\t\t\t\t\t\t\t\t<\/div>\n\t\t\t\t<\/div>\n\t\t\t\t<div class=\"elementor-element elementor-element-2da9d50 elementor-widget elementor-widget-text-editor\" data-id=\"2da9d50\" data-element_type=\"widget\" data-e-type=\"widget\" data-widget_type=\"text-editor.default\">\n\t\t\t\t<div class=\"elementor-widget-container\">\n\t\t\t\t\t\t\t\t\t<p>Just al costat del convent un altre dels <strong>creuers<\/strong> de Fermoselle.<\/p>\t\t\t\t\t\t\t\t<\/div>\n\t\t\t\t<\/div>\n\t\t\t\t<div class=\"elementor-element elementor-element-8c817f0 elementor-widget elementor-widget-image\" data-id=\"8c817f0\" data-element_type=\"widget\" data-e-type=\"widget\" data-widget_type=\"image.default\">\n\t\t\t\t<div class=\"elementor-widget-container\">\n\t\t\t\t\t\t\t\t\t\t\t\t<figure class=\"wp-caption\">\n\t\t\t\t\t\t\t\t\t\t<img loading=\"lazy\" decoding=\"async\" width=\"768\" height=\"432\" src=\"https:\/\/www.elturistatranquil.com\/wp-content\/uploads\/F92-Convento-de-San-Francisco-Fermoselle-Zamora.jpg\" class=\"attachment-large size-large wp-image-55670\" alt=\"Convento de San Francisco, Fermoselle, Zamora\" srcset=\"https:\/\/www.elturistatranquil.com\/wp-content\/uploads\/F92-Convento-de-San-Francisco-Fermoselle-Zamora.jpg 768w, https:\/\/www.elturistatranquil.com\/wp-content\/uploads\/F92-Convento-de-San-Francisco-Fermoselle-Zamora-339x191.jpg 339w\" sizes=\"(max-width: 768px) 100vw, 768px\" \/>\t\t\t\t\t\t\t\t\t\t\t<figcaption class=\"widget-image-caption wp-caption-text\"><\/figcaption>\n\t\t\t\t\t\t\t\t\t\t<\/figure>\n\t\t\t\t\t\t\t\t\t<\/div>\n\t\t\t\t<\/div>\n\t\t\t\t<div class=\"elementor-element elementor-element-2e28798 elementor-widget elementor-widget-text-editor\" data-id=\"2e28798\" data-element_type=\"widget\" data-e-type=\"widget\" data-widget_type=\"text-editor.default\">\n\t\t\t\t<div class=\"elementor-widget-container\">\n\t\t\t\t\t\t\t\t\t<p>Des d&#8217;aqu\u00ed disposem de perspectives sobre el flanc sud de l&#8217;espinada on s&#8217;assenta la part central de la vila, amb la torre de l&#8217;esgl\u00e9sia destacant.<\/p>\t\t\t\t\t\t\t\t<\/div>\n\t\t\t\t<\/div>\n\t\t\t\t<div class=\"elementor-element elementor-element-f50db5c elementor-widget elementor-widget-image\" data-id=\"f50db5c\" data-element_type=\"widget\" data-e-type=\"widget\" data-widget_type=\"image.default\">\n\t\t\t\t<div class=\"elementor-widget-container\">\n\t\t\t\t\t\t\t\t\t\t\t\t<figure class=\"wp-caption\">\n\t\t\t\t\t\t\t\t\t\t<img loading=\"lazy\" decoding=\"async\" width=\"768\" height=\"432\" src=\"https:\/\/www.elturistatranquil.com\/wp-content\/uploads\/F93-Fermoselle-Zamora.jpg\" class=\"attachment-large size-large wp-image-55672\" alt=\"Fermoselle, Zamora\" srcset=\"https:\/\/www.elturistatranquil.com\/wp-content\/uploads\/F93-Fermoselle-Zamora.jpg 768w, https:\/\/www.elturistatranquil.com\/wp-content\/uploads\/F93-Fermoselle-Zamora-339x191.jpg 339w\" sizes=\"(max-width: 768px) 100vw, 768px\" \/>\t\t\t\t\t\t\t\t\t\t\t<figcaption class=\"widget-image-caption wp-caption-text\"><\/figcaption>\n\t\t\t\t\t\t\t\t\t\t<\/figure>\n\t\t\t\t\t\t\t\t\t<\/div>\n\t\t\t\t<\/div>\n\t\t\t\t<div class=\"elementor-element elementor-element-924c4e7 elementor-widget elementor-widget-image\" data-id=\"924c4e7\" data-element_type=\"widget\" data-e-type=\"widget\" data-widget_type=\"image.default\">\n\t\t\t\t<div class=\"elementor-widget-container\">\n\t\t\t\t\t\t\t\t\t\t\t\t<figure class=\"wp-caption\">\n\t\t\t\t\t\t\t\t\t\t<img loading=\"lazy\" decoding=\"async\" width=\"768\" height=\"432\" src=\"https:\/\/www.elturistatranquil.com\/wp-content\/uploads\/F94-Fermoselle-Zamora.jpg\" class=\"attachment-large size-large wp-image-55674\" alt=\"Fermoselle, Zamora\" srcset=\"https:\/\/www.elturistatranquil.com\/wp-content\/uploads\/F94-Fermoselle-Zamora.jpg 768w, https:\/\/www.elturistatranquil.com\/wp-content\/uploads\/F94-Fermoselle-Zamora-339x191.jpg 339w\" sizes=\"(max-width: 768px) 100vw, 768px\" \/>\t\t\t\t\t\t\t\t\t\t\t<figcaption class=\"widget-image-caption wp-caption-text\"><\/figcaption>\n\t\t\t\t\t\t\t\t\t\t<\/figure>\n\t\t\t\t\t\t\t\t\t<\/div>\n\t\t\t\t<\/div>\n\t\t\t\t<div class=\"elementor-element elementor-element-4d32c16 elementor-widget elementor-widget-text-editor\" data-id=\"4d32c16\" data-element_type=\"widget\" data-e-type=\"widget\" data-widget_type=\"text-editor.default\">\n\t\t\t\t<div class=\"elementor-widget-container\">\n\t\t\t\t\t\t\t\t\t<p>A dalt del tur\u00f3 apareixen un conjunt de cases penjades.<\/p>\t\t\t\t\t\t\t\t<\/div>\n\t\t\t\t<\/div>\n\t\t\t\t<div class=\"elementor-element elementor-element-6d79a3a elementor-widget elementor-widget-image\" data-id=\"6d79a3a\" data-element_type=\"widget\" data-e-type=\"widget\" data-widget_type=\"image.default\">\n\t\t\t\t<div class=\"elementor-widget-container\">\n\t\t\t\t\t\t\t\t\t\t\t\t<figure class=\"wp-caption\">\n\t\t\t\t\t\t\t\t\t\t<img loading=\"lazy\" decoding=\"async\" width=\"768\" height=\"432\" src=\"https:\/\/www.elturistatranquil.com\/wp-content\/uploads\/F95-Fermoselle-Zamora.jpg\" class=\"attachment-large size-large wp-image-55676\" alt=\"Fermoselle, Zamora\" srcset=\"https:\/\/www.elturistatranquil.com\/wp-content\/uploads\/F95-Fermoselle-Zamora.jpg 768w, https:\/\/www.elturistatranquil.com\/wp-content\/uploads\/F95-Fermoselle-Zamora-339x191.jpg 339w\" sizes=\"(max-width: 768px) 100vw, 768px\" \/>\t\t\t\t\t\t\t\t\t\t\t<figcaption class=\"widget-image-caption wp-caption-text\"><\/figcaption>\n\t\t\t\t\t\t\t\t\t\t<\/figure>\n\t\t\t\t\t\t\t\t\t<\/div>\n\t\t\t\t<\/div>\n\t\t\t\t<div class=\"elementor-element elementor-element-63110a0 elementor-widget elementor-widget-heading\" data-id=\"63110a0\" data-element_type=\"widget\" data-e-type=\"widget\" data-widget_type=\"heading.default\">\n\t\t\t\t<div class=\"elementor-widget-container\">\n\t\t\t\t\t<h4 class=\"elementor-heading-title elementor-size-default\">Ermita de la Soledad <\/h4>\t\t\t\t<\/div>\n\t\t\t\t<\/div>\n\t\t\t\t<div class=\"elementor-element elementor-element-125e2cd elementor-widget elementor-widget-text-editor\" data-id=\"125e2cd\" data-element_type=\"widget\" data-e-type=\"widget\" data-widget_type=\"text-editor.default\">\n\t\t\t\t<div class=\"elementor-widget-container\">\n\t\t\t\t\t\t\t\t\t<p>Als afores, a la <strong>carretera CL-527<\/strong> se situa el cementiri al costat de l&#8217;<strong>ermita de la Soledad<\/strong> (<strong>22<\/strong>).<\/p><p>\u00c9s una ermita rom\u00e0nica del segle XIII, destacant la porta que dona acc\u00e9s al cementiri i figures ornamentals.<\/p><p>S&#8217;atribueix a un miracle el fet que caigu\u00e9s un llamp que va desmuntar una pedra de grans dimensions que no va caure sobre la teulada de l&#8217;Esgl\u00e9sia, i va quedar suspesa i despla\u00e7ada del seu assentament.<\/p>\t\t\t\t\t\t\t\t<\/div>\n\t\t\t\t<\/div>\n\t\t\t\t<div class=\"elementor-element elementor-element-fb8f06c elementor-widget elementor-widget-image\" data-id=\"fb8f06c\" data-element_type=\"widget\" data-e-type=\"widget\" data-widget_type=\"image.default\">\n\t\t\t\t<div class=\"elementor-widget-container\">\n\t\t\t\t\t\t\t\t\t\t\t\t<figure class=\"wp-caption\">\n\t\t\t\t\t\t\t\t\t\t<img loading=\"lazy\" decoding=\"async\" width=\"768\" height=\"432\" src=\"https:\/\/www.elturistatranquil.com\/wp-content\/uploads\/F96-Ermita-de-la-Soledad-Fermoselle-Zamora.jpg\" class=\"attachment-large size-large wp-image-55678\" alt=\"Ermita de la Soledad, Fermoselle, Zamora\" srcset=\"https:\/\/www.elturistatranquil.com\/wp-content\/uploads\/F96-Ermita-de-la-Soledad-Fermoselle-Zamora.jpg 768w, https:\/\/www.elturistatranquil.com\/wp-content\/uploads\/F96-Ermita-de-la-Soledad-Fermoselle-Zamora-339x191.jpg 339w\" sizes=\"(max-width: 768px) 100vw, 768px\" \/>\t\t\t\t\t\t\t\t\t\t\t<figcaption class=\"widget-image-caption wp-caption-text\"><\/figcaption>\n\t\t\t\t\t\t\t\t\t\t<\/figure>\n\t\t\t\t\t\t\t\t\t<\/div>\n\t\t\t\t<\/div>\n\t\t\t\t<div class=\"elementor-element elementor-element-2a6e594 elementor-widget elementor-widget-image\" data-id=\"2a6e594\" data-element_type=\"widget\" data-e-type=\"widget\" data-widget_type=\"image.default\">\n\t\t\t\t<div class=\"elementor-widget-container\">\n\t\t\t\t\t\t\t\t\t\t\t\t<figure class=\"wp-caption\">\n\t\t\t\t\t\t\t\t\t\t<img loading=\"lazy\" decoding=\"async\" width=\"768\" height=\"432\" src=\"https:\/\/www.elturistatranquil.com\/wp-content\/uploads\/F97-Ermita-de-la-Soledad-Fermoselle-Zamora.jpg\" class=\"attachment-large size-large wp-image-55680\" alt=\"Ermita de la Soledad, Fermoselle, Zamora\" srcset=\"https:\/\/www.elturistatranquil.com\/wp-content\/uploads\/F97-Ermita-de-la-Soledad-Fermoselle-Zamora.jpg 768w, https:\/\/www.elturistatranquil.com\/wp-content\/uploads\/F97-Ermita-de-la-Soledad-Fermoselle-Zamora-339x191.jpg 339w\" sizes=\"(max-width: 768px) 100vw, 768px\" \/>\t\t\t\t\t\t\t\t\t\t\t<figcaption class=\"widget-image-caption wp-caption-text\"><\/figcaption>\n\t\t\t\t\t\t\t\t\t\t<\/figure>\n\t\t\t\t\t\t\t\t\t<\/div>\n\t\t\t\t<\/div>\n\t\t\t\t<div class=\"elementor-element elementor-element-55b8a96 elementor-widget elementor-widget-image\" data-id=\"55b8a96\" data-element_type=\"widget\" data-e-type=\"widget\" data-widget_type=\"image.default\">\n\t\t\t\t<div class=\"elementor-widget-container\">\n\t\t\t\t\t\t\t\t\t\t\t\t<figure class=\"wp-caption\">\n\t\t\t\t\t\t\t\t\t\t<img loading=\"lazy\" decoding=\"async\" width=\"768\" height=\"432\" src=\"https:\/\/www.elturistatranquil.com\/wp-content\/uploads\/F98-Ermita-de-la-Soledad-Fermoselle-Zamora.jpg\" class=\"attachment-large size-large wp-image-55685\" alt=\"Ermita de la Soledad, Fermoselle, Zamora\" srcset=\"https:\/\/www.elturistatranquil.com\/wp-content\/uploads\/F98-Ermita-de-la-Soledad-Fermoselle-Zamora.jpg 768w, https:\/\/www.elturistatranquil.com\/wp-content\/uploads\/F98-Ermita-de-la-Soledad-Fermoselle-Zamora-339x191.jpg 339w\" sizes=\"(max-width: 768px) 100vw, 768px\" \/>\t\t\t\t\t\t\t\t\t\t\t<figcaption class=\"widget-image-caption wp-caption-text\"><\/figcaption>\n\t\t\t\t\t\t\t\t\t\t<\/figure>\n\t\t\t\t\t\t\t\t\t<\/div>\n\t\t\t\t<\/div>\n\t\t\t\t<div class=\"elementor-element elementor-element-5bcdf5f elementor-widget elementor-widget-text-editor\" data-id=\"5bcdf5f\" data-element_type=\"widget\" data-e-type=\"widget\" data-widget_type=\"text-editor.default\">\n\t\t\t\t<div class=\"elementor-widget-container\">\n\t\t\t\t\t\t\t\t\t<p>Al costat de l&#8217;ermita es conserven creus de pedra que pertanyen a un <strong>antic via crucis<\/strong>.<\/p>\t\t\t\t\t\t\t\t<\/div>\n\t\t\t\t<\/div>\n\t\t\t\t<div class=\"elementor-element elementor-element-c6f6547 elementor-widget elementor-widget-image\" data-id=\"c6f6547\" data-element_type=\"widget\" data-e-type=\"widget\" data-widget_type=\"image.default\">\n\t\t\t\t<div class=\"elementor-widget-container\">\n\t\t\t\t\t\t\t\t\t\t\t\t<figure class=\"wp-caption\">\n\t\t\t\t\t\t\t\t\t\t<img loading=\"lazy\" decoding=\"async\" width=\"768\" height=\"432\" src=\"https:\/\/www.elturistatranquil.com\/wp-content\/uploads\/F99-Ermita-de-la-Soledad-Fermoselle-Zamora.jpg\" class=\"attachment-large size-large wp-image-55687\" alt=\"Ermita de la Soledad, Fermoselle, Zamora\" srcset=\"https:\/\/www.elturistatranquil.com\/wp-content\/uploads\/F99-Ermita-de-la-Soledad-Fermoselle-Zamora.jpg 768w, https:\/\/www.elturistatranquil.com\/wp-content\/uploads\/F99-Ermita-de-la-Soledad-Fermoselle-Zamora-339x191.jpg 339w\" sizes=\"(max-width: 768px) 100vw, 768px\" \/>\t\t\t\t\t\t\t\t\t\t\t<figcaption class=\"widget-image-caption wp-caption-text\"><\/figcaption>\n\t\t\t\t\t\t\t\t\t\t<\/figure>\n\t\t\t\t\t\t\t\t\t<\/div>\n\t\t\t\t<\/div>\n\t\t\t\t<div class=\"elementor-element elementor-element-457f6d1 elementor-widget elementor-widget-heading\" data-id=\"457f6d1\" data-element_type=\"widget\" data-e-type=\"widget\" data-widget_type=\"heading.default\">\n\t\t\t\t<div class=\"elementor-widget-container\">\n\t\t\t\t\t<h4 class=\"elementor-heading-title elementor-size-default\">Ermita del Santo Cristo del Pino (Santa Cruz). Mirador de las Escaleras <\/h4>\t\t\t\t<\/div>\n\t\t\t\t<\/div>\n\t\t\t\t<div class=\"elementor-element elementor-element-94cc383 elementor-widget elementor-widget-text-editor\" data-id=\"94cc383\" data-element_type=\"widget\" data-e-type=\"widget\" data-widget_type=\"text-editor.default\">\n\t\t\t\t<div class=\"elementor-widget-container\">\n\t\t\t\t\t\t\t\t\t<p>A 2,3 quil\u00f2metres del cementiri, al cam\u00ed cap al <strong>mirador de les Escaleras<\/strong> sobre el Duero, es troba l&#8217; <strong>Ermita del Sant Crist del Pi (Santa Creu)<\/strong> (<strong>23<\/strong>). \u00c9s una senzilla construcci\u00f3 de per\u00edode visig\u00f2tic i moss\u00e0rab dels segles XI-XIII.<\/p><p>Sobre la porta es pot llegir una inscripci\u00f3 g\u00f2tica &#8220;<em>Por la se\u00f1al de la Cruz l\u00edbranos de nuestros enemigos<\/em>&#8220;, aix\u00ed com altres interessants s\u00edmbols<\/p><p>Recomanen venir a gaudir de la romeria del dilluns de Pentecosta, durant la qual \u00e9s tradici\u00f3 esmorzar xocolata amb bescuits i xurros i berenar el cl\u00e0ssic rostit fermosell\u00e0.<\/p><p>A la porta apareix una placa amb la inscripci\u00f3 \u201cRamon Ramos Funcia\u201d, intueixo que ha de ser l&#8217;amo de l&#8217;ermita. Mentre que a sobre una altra placa ens informa que \u00e9s una \u201c<em>Ermita conservada y atendida por un grupo de fermosellanas devotas del Santo Cristo del Pino<\/em>\u201d.<\/p><p>L\u00b4entorn ofereix unes vistes de gran bellesa.<\/p>\t\t\t\t\t\t\t\t<\/div>\n\t\t\t\t<\/div>\n\t\t\t\t<div class=\"elementor-element elementor-element-0d4ecab elementor-widget elementor-widget-image\" data-id=\"0d4ecab\" data-element_type=\"widget\" data-e-type=\"widget\" data-widget_type=\"image.default\">\n\t\t\t\t<div class=\"elementor-widget-container\">\n\t\t\t\t\t\t\t\t\t\t\t\t<figure class=\"wp-caption\">\n\t\t\t\t\t\t\t\t\t\t<img loading=\"lazy\" decoding=\"async\" width=\"768\" height=\"432\" src=\"https:\/\/www.elturistatranquil.com\/wp-content\/uploads\/F100-Ermita-del-santo-Cristo-del-Pino-Fermoselle-Zamora.jpg\" class=\"attachment-large size-large wp-image-55689\" alt=\"Ermita del santo Cristo del Pino, Fermoselle, Zamora\" srcset=\"https:\/\/www.elturistatranquil.com\/wp-content\/uploads\/F100-Ermita-del-santo-Cristo-del-Pino-Fermoselle-Zamora.jpg 768w, https:\/\/www.elturistatranquil.com\/wp-content\/uploads\/F100-Ermita-del-santo-Cristo-del-Pino-Fermoselle-Zamora-339x191.jpg 339w\" sizes=\"(max-width: 768px) 100vw, 768px\" \/>\t\t\t\t\t\t\t\t\t\t\t<figcaption class=\"widget-image-caption wp-caption-text\"><\/figcaption>\n\t\t\t\t\t\t\t\t\t\t<\/figure>\n\t\t\t\t\t\t\t\t\t<\/div>\n\t\t\t\t<\/div>\n\t\t\t\t<div class=\"elementor-element elementor-element-d9a1cd0 elementor-widget elementor-widget-image\" data-id=\"d9a1cd0\" data-element_type=\"widget\" data-e-type=\"widget\" data-widget_type=\"image.default\">\n\t\t\t\t<div class=\"elementor-widget-container\">\n\t\t\t\t\t\t\t\t\t\t\t\t<figure class=\"wp-caption\">\n\t\t\t\t\t\t\t\t\t\t<img loading=\"lazy\" decoding=\"async\" width=\"768\" height=\"433\" src=\"https:\/\/www.elturistatranquil.com\/wp-content\/uploads\/F101-Ermita-del-santo-Cristo-del-Pino-Fermoselle-Zamora.jpg\" class=\"attachment-large size-large wp-image-55691\" alt=\"Ermita del santo Cristo del Pino, Fermoselle, Zamora\" srcset=\"https:\/\/www.elturistatranquil.com\/wp-content\/uploads\/F101-Ermita-del-santo-Cristo-del-Pino-Fermoselle-Zamora.jpg 768w, https:\/\/www.elturistatranquil.com\/wp-content\/uploads\/F101-Ermita-del-santo-Cristo-del-Pino-Fermoselle-Zamora-339x191.jpg 339w\" sizes=\"(max-width: 768px) 100vw, 768px\" \/>\t\t\t\t\t\t\t\t\t\t\t<figcaption class=\"widget-image-caption wp-caption-text\"><\/figcaption>\n\t\t\t\t\t\t\t\t\t\t<\/figure>\n\t\t\t\t\t\t\t\t\t<\/div>\n\t\t\t\t<\/div>\n\t\t\t\t<div class=\"elementor-element elementor-element-ac79e4c elementor-widget elementor-widget-image\" data-id=\"ac79e4c\" data-element_type=\"widget\" data-e-type=\"widget\" data-widget_type=\"image.default\">\n\t\t\t\t<div class=\"elementor-widget-container\">\n\t\t\t\t\t\t\t\t\t\t\t\t<figure class=\"wp-caption\">\n\t\t\t\t\t\t\t\t\t\t<img loading=\"lazy\" decoding=\"async\" width=\"768\" height=\"433\" src=\"https:\/\/www.elturistatranquil.com\/wp-content\/uploads\/F102-Ermita-del-santo-Cristo-del-Pino-Fermoselle-Zamora.jpg\" class=\"attachment-large size-large wp-image-55693\" alt=\"Ermita del santo Cristo del Pino, Fermoselle, Zamora\" srcset=\"https:\/\/www.elturistatranquil.com\/wp-content\/uploads\/F102-Ermita-del-santo-Cristo-del-Pino-Fermoselle-Zamora.jpg 768w, https:\/\/www.elturistatranquil.com\/wp-content\/uploads\/F102-Ermita-del-santo-Cristo-del-Pino-Fermoselle-Zamora-339x191.jpg 339w\" sizes=\"(max-width: 768px) 100vw, 768px\" \/>\t\t\t\t\t\t\t\t\t\t\t<figcaption class=\"widget-image-caption wp-caption-text\"><\/figcaption>\n\t\t\t\t\t\t\t\t\t\t<\/figure>\n\t\t\t\t\t\t\t\t\t<\/div>\n\t\t\t\t<\/div>\n\t\t\t\t<section class=\"elementor-section elementor-inner-section elementor-element elementor-element-598263c elementor-section-boxed elementor-section-height-default elementor-section-height-default\" data-id=\"598263c\" data-element_type=\"section\" data-e-type=\"section\">\n\t\t\t\t\t\t<div class=\"elementor-container elementor-column-gap-default\">\n\t\t\t\t\t<div class=\"elementor-column elementor-col-50 elementor-inner-column elementor-element elementor-element-4d0d4be\" data-id=\"4d0d4be\" data-element_type=\"column\" data-e-type=\"column\">\n\t\t\t<div class=\"elementor-widget-wrap elementor-element-populated\">\n\t\t\t\t\t\t<div class=\"elementor-element elementor-element-bdeed0d elementor-widget elementor-widget-image\" data-id=\"bdeed0d\" data-element_type=\"widget\" data-e-type=\"widget\" data-widget_type=\"image.default\">\n\t\t\t\t<div class=\"elementor-widget-container\">\n\t\t\t\t\t\t\t\t\t\t\t\t\t\t\t<img loading=\"lazy\" decoding=\"async\" width=\"380\" height=\"380\" src=\"https:\/\/www.elturistatranquil.com\/wp-content\/uploads\/F103m-Ermita-del-santo-Cristo-del-Pino-Fermoselle-Zamora.jpg\" class=\"attachment-large size-large wp-image-55695\" alt=\"Ermita del santo Cristo del Pino, Fermoselle, Zamora\" srcset=\"https:\/\/www.elturistatranquil.com\/wp-content\/uploads\/F103m-Ermita-del-santo-Cristo-del-Pino-Fermoselle-Zamora.jpg 380w, https:\/\/www.elturistatranquil.com\/wp-content\/uploads\/F103m-Ermita-del-santo-Cristo-del-Pino-Fermoselle-Zamora-226x226.jpg 226w\" sizes=\"(max-width: 380px) 100vw, 380px\" \/>\t\t\t\t\t\t\t\t\t\t\t\t\t\t\t<\/div>\n\t\t\t\t<\/div>\n\t\t\t\t\t<\/div>\n\t\t<\/div>\n\t\t\t\t<div class=\"elementor-column elementor-col-50 elementor-inner-column elementor-element elementor-element-2a4289e\" data-id=\"2a4289e\" data-element_type=\"column\" data-e-type=\"column\">\n\t\t\t<div class=\"elementor-widget-wrap elementor-element-populated\">\n\t\t\t\t\t\t<div class=\"elementor-element elementor-element-6772b02 elementor-widget elementor-widget-image\" data-id=\"6772b02\" data-element_type=\"widget\" data-e-type=\"widget\" data-widget_type=\"image.default\">\n\t\t\t\t<div class=\"elementor-widget-container\">\n\t\t\t\t\t\t\t\t\t\t\t\t\t\t\t<img loading=\"lazy\" decoding=\"async\" width=\"380\" height=\"380\" src=\"https:\/\/www.elturistatranquil.com\/wp-content\/uploads\/F103n-Ermita-del-santo-Cristo-del-Pino-Fermoselle-Zamora.jpg\" class=\"attachment-large size-large wp-image-55697\" alt=\"Ermita del santo Cristo del Pino, Fermoselle, Zamora\" srcset=\"https:\/\/www.elturistatranquil.com\/wp-content\/uploads\/F103n-Ermita-del-santo-Cristo-del-Pino-Fermoselle-Zamora.jpg 380w, https:\/\/www.elturistatranquil.com\/wp-content\/uploads\/F103n-Ermita-del-santo-Cristo-del-Pino-Fermoselle-Zamora-226x226.jpg 226w\" sizes=\"(max-width: 380px) 100vw, 380px\" \/>\t\t\t\t\t\t\t\t\t\t\t\t\t\t\t<\/div>\n\t\t\t\t<\/div>\n\t\t\t\t\t<\/div>\n\t\t<\/div>\n\t\t\t\t\t<\/div>\n\t\t<\/section>\n\t\t\t\t<div class=\"elementor-element elementor-element-f293d75 elementor-widget elementor-widget-spacer\" data-id=\"f293d75\" data-element_type=\"widget\" data-e-type=\"widget\" data-widget_type=\"spacer.default\">\n\t\t\t\t<div class=\"elementor-widget-container\">\n\t\t\t\t\t\t\t<div class=\"elementor-spacer\">\n\t\t\t<div class=\"elementor-spacer-inner\"><\/div>\n\t\t<\/div>\n\t\t\t\t\t\t<\/div>\n\t\t\t\t<\/div>\n\t\t\t\t<div class=\"elementor-element elementor-element-6e1b1dd elementor-widget elementor-widget-image\" data-id=\"6e1b1dd\" data-element_type=\"widget\" data-e-type=\"widget\" data-widget_type=\"image.default\">\n\t\t\t\t<div class=\"elementor-widget-container\">\n\t\t\t\t\t\t\t\t\t\t\t\t<figure class=\"wp-caption\">\n\t\t\t\t\t\t\t\t\t\t<img loading=\"lazy\" decoding=\"async\" width=\"768\" height=\"433\" src=\"https:\/\/www.elturistatranquil.com\/wp-content\/uploads\/F104-Ermita-del-santo-Cristo-del-Pino-Fermoselle-Zamora.jpg\" class=\"attachment-large size-large wp-image-55699\" alt=\"Ermita del santo Cristo del Pino, Fermoselle, Zamora\" srcset=\"https:\/\/www.elturistatranquil.com\/wp-content\/uploads\/F104-Ermita-del-santo-Cristo-del-Pino-Fermoselle-Zamora.jpg 768w, https:\/\/www.elturistatranquil.com\/wp-content\/uploads\/F104-Ermita-del-santo-Cristo-del-Pino-Fermoselle-Zamora-339x191.jpg 339w\" sizes=\"(max-width: 768px) 100vw, 768px\" \/>\t\t\t\t\t\t\t\t\t\t\t<figcaption class=\"widget-image-caption wp-caption-text\"><\/figcaption>\n\t\t\t\t\t\t\t\t\t\t<\/figure>\n\t\t\t\t\t\t\t\t\t<\/div>\n\t\t\t\t<\/div>\n\t\t\t\t<div class=\"elementor-element elementor-element-e3c0a5c elementor-widget elementor-widget-text-editor\" data-id=\"e3c0a5c\" data-element_type=\"widget\" data-e-type=\"widget\" data-widget_type=\"text-editor.default\">\n\t\t\t\t<div class=\"elementor-widget-container\">\n\t\t\t\t\t\t\t\t\t<p>A poc m\u00e9s d&#8217;un quil\u00f2metre el cam\u00ed porta al <strong>mirador de las Escaleras<\/strong> sobre el riu Duero.<\/p>\t\t\t\t\t\t\t\t<\/div>\n\t\t\t\t<\/div>\n\t\t\t\t<div class=\"elementor-element elementor-element-c20f842 elementor-widget elementor-widget-heading\" data-id=\"c20f842\" data-element_type=\"widget\" data-e-type=\"widget\" data-widget_type=\"heading.default\">\n\t\t\t\t<div class=\"elementor-widget-container\">\n\t\t\t\t\t<h4 class=\"elementor-heading-title elementor-size-default\">Fonts de Mar\u00eda Abril i de la Noria <\/h4>\t\t\t\t<\/div>\n\t\t\t\t<\/div>\n\t\t\t\t<div class=\"elementor-element elementor-element-a4b08a8 elementor-widget elementor-widget-text-editor\" data-id=\"a4b08a8\" data-element_type=\"widget\" data-e-type=\"widget\" data-widget_type=\"text-editor.default\">\n\t\t\t\t<div class=\"elementor-widget-container\">\n\t\t\t\t\t\t\t\t\t<p>Seguint els consells de l\u2019<em>Eloy<\/em>, recorrerem un tram del <strong>cam\u00ed de les fonts<\/strong> que forma part de la diversitat de fonts que es prodiguen pels Arribes del Duero.<\/p><p>Tornem al punt de partida de la nostra primera visita a l&#8217;entrada del carrer Requejo (<strong>1<\/strong>). Al davant, a l&#8217;altra banda de la carretera, en direcci\u00f3 nord, al cam\u00ed descendent s&#8217;inicia el sender de les fonts.<\/p><p>La font de Maria Abril, la <strong>font de la Noria<\/strong>, el <strong>pou Merg\u00fabez<\/strong>, la <strong>font del Penao<\/strong>, el <strong>pou del Seco<\/strong>, la <strong>font les Mueles<\/strong>, la <strong>Nova<\/strong>l\u2026 la localitat de Fermoselle t\u00e9 nombrosos representants d&#8217;aquests petris contenidors d&#8217;aigua repartits pel nucli urb\u00e0 i el seu entorn de diferents antiguitats i tipologies.<\/p><p>Originades despr\u00e9s d&#8217;excavar les zones on aflora l&#8217;aigua retinguda per les roques i protegir-la amb murs de pedra. De forma quadrangular, cobertes amb una sostrada de granit o un arc m\u00e9s treballat; aconsegueixen mantenir el l\u00edquid vital net i protegit del Sol, que evapora i fomenta el creixement d&#8217;algues i llenties d&#8217;aigua.<\/p><p>Al parc natural de Arribes del Duero moltes fonts es troben en estat d&#8217;aband\u00f3, des que l&#8217;aigua potable va arribar a poc a poc als habitatges a partir de mitjans segle XX. Actualment hi ha un moviment creixent de valoritzaci\u00f3 del patrimoni arquitect\u00f2nic local que ha suposat l&#8217;augment de les activitats de restauraci\u00f3 i millora.<\/p><p>La primera, la <strong>font de Maria Abril<\/strong> (<strong>24<\/strong>) la trobem a 150 metres.<\/p>\t\t\t\t\t\t\t\t<\/div>\n\t\t\t\t<\/div>\n\t\t\t\t<div class=\"elementor-element elementor-element-0fb7fc9 elementor-widget elementor-widget-image\" data-id=\"0fb7fc9\" data-element_type=\"widget\" data-e-type=\"widget\" data-widget_type=\"image.default\">\n\t\t\t\t<div class=\"elementor-widget-container\">\n\t\t\t\t\t\t\t\t\t\t\t\t<figure class=\"wp-caption\">\n\t\t\t\t\t\t\t\t\t\t<img loading=\"lazy\" decoding=\"async\" width=\"768\" height=\"432\" src=\"https:\/\/www.elturistatranquil.com\/wp-content\/uploads\/F105-Fuente-de-Maria-Abril-Fermoselle-Zamora.jpg\" class=\"attachment-large size-large wp-image-55704\" alt=\"Fuente de Maria Abril, Fermoselle, Zamora\" srcset=\"https:\/\/www.elturistatranquil.com\/wp-content\/uploads\/F105-Fuente-de-Maria-Abril-Fermoselle-Zamora.jpg 768w, https:\/\/www.elturistatranquil.com\/wp-content\/uploads\/F105-Fuente-de-Maria-Abril-Fermoselle-Zamora-339x191.jpg 339w\" sizes=\"(max-width: 768px) 100vw, 768px\" \/>\t\t\t\t\t\t\t\t\t\t\t<figcaption class=\"widget-image-caption wp-caption-text\"><\/figcaption>\n\t\t\t\t\t\t\t\t\t\t<\/figure>\n\t\t\t\t\t\t\t\t\t<\/div>\n\t\t\t\t<\/div>\n\t\t\t\t<div class=\"elementor-element elementor-element-3e4a2b0 elementor-widget elementor-widget-text-editor\" data-id=\"3e4a2b0\" data-element_type=\"widget\" data-e-type=\"widget\" data-widget_type=\"text-editor.default\">\n\t\t\t\t<div class=\"elementor-widget-container\">\n\t\t\t\t\t\t\t\t\t<p>Una gran cavitat de coberta de mig punt en perfecta f\u00e0brica de carreuat de pedra fina allotja la bassa de la font.<\/p>\t\t\t\t\t\t\t\t<\/div>\n\t\t\t\t<\/div>\n\t\t\t\t<div class=\"elementor-element elementor-element-2ff7627 elementor-widget elementor-widget-image\" data-id=\"2ff7627\" data-element_type=\"widget\" data-e-type=\"widget\" data-widget_type=\"image.default\">\n\t\t\t\t<div class=\"elementor-widget-container\">\n\t\t\t\t\t\t\t\t\t\t\t\t<figure class=\"wp-caption\">\n\t\t\t\t\t\t\t\t\t\t<img loading=\"lazy\" decoding=\"async\" width=\"768\" height=\"432\" src=\"https:\/\/www.elturistatranquil.com\/wp-content\/uploads\/F106-Fuente-de-Maria-Abril-Fermoselle-Zamora.jpg\" class=\"attachment-large size-large wp-image-55706\" alt=\"Fuente de Maria Abril, Fermoselle, Zamora\" srcset=\"https:\/\/www.elturistatranquil.com\/wp-content\/uploads\/F106-Fuente-de-Maria-Abril-Fermoselle-Zamora.jpg 768w, https:\/\/www.elturistatranquil.com\/wp-content\/uploads\/F106-Fuente-de-Maria-Abril-Fermoselle-Zamora-339x191.jpg 339w\" sizes=\"(max-width: 768px) 100vw, 768px\" \/>\t\t\t\t\t\t\t\t\t\t\t<figcaption class=\"widget-image-caption wp-caption-text\"><\/figcaption>\n\t\t\t\t\t\t\t\t\t\t<\/figure>\n\t\t\t\t\t\t\t\t\t<\/div>\n\t\t\t\t<\/div>\n\t\t\t\t<div class=\"elementor-element elementor-element-e53fc66 elementor-widget elementor-widget-image\" data-id=\"e53fc66\" data-element_type=\"widget\" data-e-type=\"widget\" data-widget_type=\"image.default\">\n\t\t\t\t<div class=\"elementor-widget-container\">\n\t\t\t\t\t\t\t\t\t\t\t\t<figure class=\"wp-caption\">\n\t\t\t\t\t\t\t\t\t\t<img loading=\"lazy\" decoding=\"async\" width=\"768\" height=\"432\" src=\"https:\/\/www.elturistatranquil.com\/wp-content\/uploads\/F107-Fuente-de-Maria-Abril-Fermoselle-Zamora.jpg\" class=\"attachment-large size-large wp-image-55708\" alt=\"Fuente de Maria Abril, Fermoselle, Zamora\" srcset=\"https:\/\/www.elturistatranquil.com\/wp-content\/uploads\/F107-Fuente-de-Maria-Abril-Fermoselle-Zamora.jpg 768w, https:\/\/www.elturistatranquil.com\/wp-content\/uploads\/F107-Fuente-de-Maria-Abril-Fermoselle-Zamora-339x191.jpg 339w\" sizes=\"(max-width: 768px) 100vw, 768px\" \/>\t\t\t\t\t\t\t\t\t\t\t<figcaption class=\"widget-image-caption wp-caption-text\"><\/figcaption>\n\t\t\t\t\t\t\t\t\t\t<\/figure>\n\t\t\t\t\t\t\t\t\t<\/div>\n\t\t\t\t<\/div>\n\t\t\t\t<div class=\"elementor-element elementor-element-da94da5 elementor-widget elementor-widget-text-editor\" data-id=\"da94da5\" data-element_type=\"widget\" data-e-type=\"widget\" data-widget_type=\"text-editor.default\">\n\t\t\t\t<div class=\"elementor-widget-container\">\n\t\t\t\t\t\t\t\t\t<p>550 metres m\u00e9s endavant se situa la <strong>font de la Noria<\/strong> (<strong>25<\/strong>). Amb una estructura de volta similar a l&#8217;anterior a l&#8217;entrada, uns esglaons porten a un cos perpendicular que dona forma de \u201cT\u201d a la bassa de la font.<\/p>\t\t\t\t\t\t\t\t<\/div>\n\t\t\t\t<\/div>\n\t\t\t\t<div class=\"elementor-element elementor-element-7d0de4f elementor-widget elementor-widget-image\" data-id=\"7d0de4f\" data-element_type=\"widget\" data-e-type=\"widget\" data-widget_type=\"image.default\">\n\t\t\t\t<div class=\"elementor-widget-container\">\n\t\t\t\t\t\t\t\t\t\t\t\t<figure class=\"wp-caption\">\n\t\t\t\t\t\t\t\t\t\t<img loading=\"lazy\" decoding=\"async\" width=\"768\" height=\"432\" src=\"https:\/\/www.elturistatranquil.com\/wp-content\/uploads\/F108-Fuente-de-La-Noria-Fermoselle-Zamora.jpg\" class=\"attachment-large size-large wp-image-55710\" alt=\"Fuente de La Noria, Fermoselle, Zamora\" srcset=\"https:\/\/www.elturistatranquil.com\/wp-content\/uploads\/F108-Fuente-de-La-Noria-Fermoselle-Zamora.jpg 768w, https:\/\/www.elturistatranquil.com\/wp-content\/uploads\/F108-Fuente-de-La-Noria-Fermoselle-Zamora-339x191.jpg 339w\" sizes=\"(max-width: 768px) 100vw, 768px\" \/>\t\t\t\t\t\t\t\t\t\t\t<figcaption class=\"widget-image-caption wp-caption-text\"><\/figcaption>\n\t\t\t\t\t\t\t\t\t\t<\/figure>\n\t\t\t\t\t\t\t\t\t<\/div>\n\t\t\t\t<\/div>\n\t\t\t\t<div class=\"elementor-element elementor-element-2e10973 elementor-widget elementor-widget-image\" data-id=\"2e10973\" data-element_type=\"widget\" data-e-type=\"widget\" data-widget_type=\"image.default\">\n\t\t\t\t<div class=\"elementor-widget-container\">\n\t\t\t\t\t\t\t\t\t\t\t\t<figure class=\"wp-caption\">\n\t\t\t\t\t\t\t\t\t\t<img loading=\"lazy\" decoding=\"async\" width=\"768\" height=\"432\" src=\"https:\/\/www.elturistatranquil.com\/wp-content\/uploads\/F109-Fuente-de-La-Noria-Fermoselle-Zamora.jpg\" class=\"attachment-large size-large wp-image-55712\" alt=\"Fuente de La Noria, Fermoselle, Zamora\" srcset=\"https:\/\/www.elturistatranquil.com\/wp-content\/uploads\/F109-Fuente-de-La-Noria-Fermoselle-Zamora.jpg 768w, https:\/\/www.elturistatranquil.com\/wp-content\/uploads\/F109-Fuente-de-La-Noria-Fermoselle-Zamora-339x191.jpg 339w\" sizes=\"(max-width: 768px) 100vw, 768px\" \/>\t\t\t\t\t\t\t\t\t\t\t<figcaption class=\"widget-image-caption wp-caption-text\"><\/figcaption>\n\t\t\t\t\t\t\t\t\t\t<\/figure>\n\t\t\t\t\t\t\t\t\t<\/div>\n\t\t\t\t<\/div>\n\t\t\t\t<div class=\"elementor-element elementor-element-ace0157 elementor-widget elementor-widget-image\" data-id=\"ace0157\" data-element_type=\"widget\" data-e-type=\"widget\" data-widget_type=\"image.default\">\n\t\t\t\t<div class=\"elementor-widget-container\">\n\t\t\t\t\t\t\t\t\t\t\t\t<figure class=\"wp-caption\">\n\t\t\t\t\t\t\t\t\t\t<img loading=\"lazy\" decoding=\"async\" width=\"768\" height=\"576\" src=\"https:\/\/www.elturistatranquil.com\/wp-content\/uploads\/F110-Fuente-de-La-Noria-Fermoselle-Zamora.jpg\" class=\"attachment-large size-large wp-image-55714\" alt=\"Fuente de La Noria, Fermoselle, Zamora\" srcset=\"https:\/\/www.elturistatranquil.com\/wp-content\/uploads\/F110-Fuente-de-La-Noria-Fermoselle-Zamora.jpg 768w, https:\/\/www.elturistatranquil.com\/wp-content\/uploads\/F110-Fuente-de-La-Noria-Fermoselle-Zamora-301x226.jpg 301w\" sizes=\"(max-width: 768px) 100vw, 768px\" \/>\t\t\t\t\t\t\t\t\t\t\t<figcaption class=\"widget-image-caption wp-caption-text\"><\/figcaption>\n\t\t\t\t\t\t\t\t\t\t<\/figure>\n\t\t\t\t\t\t\t\t\t<\/div>\n\t\t\t\t<\/div>\n\t\t\t\t<div class=\"elementor-element elementor-element-e4a1ea1 elementor-widget elementor-widget-text-editor\" data-id=\"e4a1ea1\" data-element_type=\"widget\" data-e-type=\"widget\" data-widget_type=\"text-editor.default\">\n\t\t\t\t<div class=\"elementor-widget-container\">\n\t\t\t\t\t\t\t\t\t<p>Creiem que amb aquestes dues fonts ens hem fet una idea d\u2019aquest tipus de construcci\u00f3 rural.<\/p><p>Pel cam\u00ed podem veure un altre element d&#8217;arquitectura tradicional, en aquest cas aplicat a una obra p\u00fablica. Per salvar petits rierols o rambles a la zona es va adoptar el model de situar pedres rectangulars com a pilar al centre de la llera per recolzar-hi blocs pedra formant llindes sobre les quals assentar el cam\u00ed. Si el buit a salvar era massa ample i elevat es constru\u00efa un muret com el de la fotografia.<\/p>\t\t\t\t\t\t\t\t<\/div>\n\t\t\t\t<\/div>\n\t\t\t\t<div class=\"elementor-element elementor-element-382f8b2 elementor-widget elementor-widget-image\" data-id=\"382f8b2\" data-element_type=\"widget\" data-e-type=\"widget\" data-widget_type=\"image.default\">\n\t\t\t\t<div class=\"elementor-widget-container\">\n\t\t\t\t\t\t\t\t\t\t\t\t<figure class=\"wp-caption\">\n\t\t\t\t\t\t\t\t\t\t<img loading=\"lazy\" decoding=\"async\" width=\"768\" height=\"432\" src=\"https:\/\/www.elturistatranquil.com\/wp-content\/uploads\/F111-Fermoselle-Zamora.jpg\" class=\"attachment-large size-large wp-image-55719\" alt=\"Fermoselle, Zamora\" srcset=\"https:\/\/www.elturistatranquil.com\/wp-content\/uploads\/F111-Fermoselle-Zamora.jpg 768w, https:\/\/www.elturistatranquil.com\/wp-content\/uploads\/F111-Fermoselle-Zamora-339x191.jpg 339w\" sizes=\"(max-width: 768px) 100vw, 768px\" \/>\t\t\t\t\t\t\t\t\t\t\t<figcaption class=\"widget-image-caption wp-caption-text\"><\/figcaption>\n\t\t\t\t\t\t\t\t\t\t<\/figure>\n\t\t\t\t\t\t\t\t\t<\/div>\n\t\t\t\t<\/div>\n\t\t\t\t<div class=\"elementor-element elementor-element-999da3b elementor-widget elementor-widget-text-editor\" data-id=\"999da3b\" data-element_type=\"widget\" data-e-type=\"widget\" data-widget_type=\"text-editor.default\">\n\t\t\t\t<div class=\"elementor-widget-container\">\n\t\t\t\t\t\t\t\t\t<p>El passeig de tornada aporta noves perspectives sobre la vila.<\/p>\t\t\t\t\t\t\t\t<\/div>\n\t\t\t\t<\/div>\n\t\t\t\t<div class=\"elementor-element elementor-element-d832432 elementor-widget elementor-widget-image\" data-id=\"d832432\" data-element_type=\"widget\" data-e-type=\"widget\" data-widget_type=\"image.default\">\n\t\t\t\t<div class=\"elementor-widget-container\">\n\t\t\t\t\t\t\t\t\t\t\t\t<figure class=\"wp-caption\">\n\t\t\t\t\t\t\t\t\t\t<img loading=\"lazy\" decoding=\"async\" width=\"768\" height=\"432\" src=\"https:\/\/www.elturistatranquil.com\/wp-content\/uploads\/F112-Fermoselle-Zamora.jpg\" class=\"attachment-large size-large wp-image-55721\" alt=\"Fermoselle, Zamora\" srcset=\"https:\/\/www.elturistatranquil.com\/wp-content\/uploads\/F112-Fermoselle-Zamora.jpg 768w, https:\/\/www.elturistatranquil.com\/wp-content\/uploads\/F112-Fermoselle-Zamora-339x191.jpg 339w\" sizes=\"(max-width: 768px) 100vw, 768px\" \/>\t\t\t\t\t\t\t\t\t\t\t<figcaption class=\"widget-image-caption wp-caption-text\"><\/figcaption>\n\t\t\t\t\t\t\t\t\t\t<\/figure>\n\t\t\t\t\t\t\t\t\t<\/div>\n\t\t\t\t<\/div>\n\t\t\t\t<div class=\"elementor-element elementor-element-d8910e6 elementor-widget elementor-widget-image\" data-id=\"d8910e6\" data-element_type=\"widget\" data-e-type=\"widget\" data-widget_type=\"image.default\">\n\t\t\t\t<div class=\"elementor-widget-container\">\n\t\t\t\t\t\t\t\t\t\t\t\t<figure class=\"wp-caption\">\n\t\t\t\t\t\t\t\t\t\t<img loading=\"lazy\" decoding=\"async\" width=\"768\" height=\"432\" src=\"https:\/\/www.elturistatranquil.com\/wp-content\/uploads\/F113-Fermoselle-Zamora.jpg\" class=\"attachment-large size-large wp-image-55723\" alt=\"Fermoselle, Zamora\" srcset=\"https:\/\/www.elturistatranquil.com\/wp-content\/uploads\/F113-Fermoselle-Zamora.jpg 768w, https:\/\/www.elturistatranquil.com\/wp-content\/uploads\/F113-Fermoselle-Zamora-339x191.jpg 339w\" sizes=\"(max-width: 768px) 100vw, 768px\" \/>\t\t\t\t\t\t\t\t\t\t\t<figcaption class=\"widget-image-caption wp-caption-text\"><\/figcaption>\n\t\t\t\t\t\t\t\t\t\t<\/figure>\n\t\t\t\t\t\t\t\t\t<\/div>\n\t\t\t\t<\/div>\n\t\t\t\t<div class=\"elementor-element elementor-element-70ce268 elementor-widget elementor-widget-heading\" data-id=\"70ce268\" data-element_type=\"widget\" data-e-type=\"widget\" data-widget_type=\"heading.default\">\n\t\t\t\t<div class=\"elementor-widget-container\">\n\t\t\t\t\t<h2 class=\"elementor-heading-title elementor-size-default\">Fi de la visita<\/h2>\t\t\t\t<\/div>\n\t\t\t\t<\/div>\n\t\t\t\t<div class=\"elementor-element elementor-element-f4bdce6 elementor-widget elementor-widget-text-editor\" data-id=\"f4bdce6\" data-element_type=\"widget\" data-e-type=\"widget\" data-widget_type=\"text-editor.default\">\n\t\t\t\t<div class=\"elementor-widget-container\">\n\t\t\t\t\t\t\t\t\t<p>La conclusi\u00f3 que obtinc de la visita a <strong>Fermoselle<\/strong> \u00e9s que t\u00e9 ben merescuda la qualificaci\u00f3 de <em>Conjunt Hist\u00f2ric (BIC)<\/em> per la seva autenticitat.<\/p><p>La gran difer\u00e8ncia amb altres llocs que busquen potenciar-se per ser hist\u00f2ricament bonics \u00e9s que Fermoselle \u00e9s aut\u00e8ntic. D&#8217;una banda, \u00e9s una vila viva, amb un potencial basat en el vi de la DO Arribes. D&#8217;altra banda, el que \u00e9s hist\u00f2ric \u00e9s aut\u00e8ntic en moltes de les seves edificacions i coves-celler, i que, encara que s&#8217;hagi hagut d&#8217;assumir la reformulaci\u00f3 de moltes edificacions basada en el model d&#8217;arquitectura impersonal amb materials moderns, allunyats del treball de la pedra, el conjunt \u00e9s funcional.<\/p><p>Com ells mateixos reconeixen, no tenen grans monuments art\u00edstics, sin\u00f3 que tenen autenticitat hist\u00f2rica.<\/p><p>\u00c9s una vila tan viva com que, producte de la pand\u00e8mia es va posar de moda elaborar a les cases una mena de tapets manuals omplint el c\u00e8rcol d&#8217;un <em>hula-hoop<\/em>. Els va agradar, i han adoptat aquestes peces artesanals col\u00b7locant-les a balcons i baranes, com un s\u00edmbol propi de vida social. El que \u00e9s important no \u00e9s l&#8217;est\u00e8tica, sin\u00f3 el sentiment social de vida col\u00b7lectiva que impregna la seva orgullosa exhibici\u00f3 p\u00fablica.<\/p><p>En resum, una aut\u00e8ntica vila d&#8217;origen medieval evolucionant amb els temps fins avui revitalitzada per la viticultura i la preservaci\u00f3 de la natura.<\/p>\t\t\t\t\t\t\t\t<\/div>\n\t\t\t\t<\/div>\n\t\t\t\t<div class=\"elementor-element elementor-element-febd8ad elementor-widget elementor-widget-image\" data-id=\"febd8ad\" data-element_type=\"widget\" data-e-type=\"widget\" data-widget_type=\"image.default\">\n\t\t\t\t<div class=\"elementor-widget-container\">\n\t\t\t\t\t\t\t\t\t\t\t\t<figure class=\"wp-caption\">\n\t\t\t\t\t\t\t\t\t\t<img loading=\"lazy\" decoding=\"async\" width=\"768\" height=\"432\" src=\"https:\/\/www.elturistatranquil.com\/wp-content\/uploads\/F114-Calle-Requejo-Fermoselle-Zamora.jpg\" class=\"attachment-large size-large wp-image-55725\" alt=\"Fermoselle, Zamora\" srcset=\"https:\/\/www.elturistatranquil.com\/wp-content\/uploads\/F114-Calle-Requejo-Fermoselle-Zamora.jpg 768w, https:\/\/www.elturistatranquil.com\/wp-content\/uploads\/F114-Calle-Requejo-Fermoselle-Zamora-339x191.jpg 339w\" sizes=\"(max-width: 768px) 100vw, 768px\" \/>\t\t\t\t\t\t\t\t\t\t\t<figcaption class=\"widget-image-caption wp-caption-text\"><\/figcaption>\n\t\t\t\t\t\t\t\t\t\t<\/figure>\n\t\t\t\t\t\t\t\t\t<\/div>\n\t\t\t\t<\/div>\n\t\t\t\t<div class=\"elementor-element elementor-element-a5effc5 elementor-widget elementor-widget-image\" data-id=\"a5effc5\" data-element_type=\"widget\" data-e-type=\"widget\" data-widget_type=\"image.default\">\n\t\t\t\t<div class=\"elementor-widget-container\">\n\t\t\t\t\t\t\t\t\t\t\t\t<figure class=\"wp-caption\">\n\t\t\t\t\t\t\t\t\t\t<img loading=\"lazy\" decoding=\"async\" width=\"768\" height=\"432\" src=\"https:\/\/www.elturistatranquil.com\/wp-content\/uploads\/F115-Fermoselle-Zamora.jpg\" class=\"attachment-large size-large wp-image-55727\" alt=\"Fermoselle, Zamora\" srcset=\"https:\/\/www.elturistatranquil.com\/wp-content\/uploads\/F115-Fermoselle-Zamora.jpg 768w, https:\/\/www.elturistatranquil.com\/wp-content\/uploads\/F115-Fermoselle-Zamora-339x191.jpg 339w\" sizes=\"(max-width: 768px) 100vw, 768px\" \/>\t\t\t\t\t\t\t\t\t\t\t<figcaption class=\"widget-image-caption wp-caption-text\"><\/figcaption>\n\t\t\t\t\t\t\t\t\t\t<\/figure>\n\t\t\t\t\t\t\t\t\t<\/div>\n\t\t\t\t<\/div>\n\t\t\t\t<div class=\"elementor-element elementor-element-5abec37 elementor-widget elementor-widget-image\" data-id=\"5abec37\" data-element_type=\"widget\" data-e-type=\"widget\" data-widget_type=\"image.default\">\n\t\t\t\t<div class=\"elementor-widget-container\">\n\t\t\t\t\t\t\t\t\t\t\t\t<figure class=\"wp-caption\">\n\t\t\t\t\t\t\t\t\t\t<img loading=\"lazy\" decoding=\"async\" width=\"768\" height=\"432\" src=\"https:\/\/www.elturistatranquil.com\/wp-content\/uploads\/F116-Fermoselle-Zamora.jpg\" class=\"attachment-large size-large wp-image-55729\" alt=\"Fermoselle, Zamora\" srcset=\"https:\/\/www.elturistatranquil.com\/wp-content\/uploads\/F116-Fermoselle-Zamora.jpg 768w, https:\/\/www.elturistatranquil.com\/wp-content\/uploads\/F116-Fermoselle-Zamora-339x191.jpg 339w\" sizes=\"(max-width: 768px) 100vw, 768px\" \/>\t\t\t\t\t\t\t\t\t\t\t<figcaption class=\"widget-image-caption wp-caption-text\"><\/figcaption>\n\t\t\t\t\t\t\t\t\t\t<\/figure>\n\t\t\t\t\t\t\t\t\t<\/div>\n\t\t\t\t<\/div>\n\t\t\t\t<div class=\"elementor-element elementor-element-8c637c7 elementor-widget elementor-widget-heading\" data-id=\"8c637c7\" data-element_type=\"widget\" data-e-type=\"widget\" data-widget_type=\"heading.default\">\n\t\t\t\t<div class=\"elementor-widget-container\">\n\t\t\t\t\t<h2 class=\"elementor-heading-title elementor-size-default\">Bases d\u2019informaci\u00f3<\/h2>\t\t\t\t<\/div>\n\t\t\t\t<\/div>\n\t\t\t\t<div class=\"elementor-element elementor-element-6d06e26 elementor-widget elementor-widget-text-editor\" data-id=\"6d06e26\" data-element_type=\"widget\" data-e-type=\"widget\" data-widget_type=\"text-editor.default\">\n\t\t\t\t<div class=\"elementor-widget-container\">\n\t\t\t\t\t\t\t\t\t<p><strong>Webs<\/strong><\/p><p><a href=\"https:\/\/fermoselle.es\/\" target=\"_blank\" rel=\"noopener\">ayuntamiento<\/a><br \/><a href=\"https:\/\/fermoselle.es\/historia\/\" target=\"_blank\" rel=\"noopener\">ayuntamiento-historia<\/a><br \/><a href=\"https:\/\/fermoselle.es\/gastronomia\/\" target=\"_blank\" rel=\"noopener\">ayuntamiento-gastronom\u00eda<\/a><br \/><a href=\"https:\/\/es.wikipedia.org\/wiki\/Fermoselle\" target=\"_blank\" rel=\"noopener\">wikipedia<\/a><br \/><a href=\"https:\/\/www.losarribesdelduero.com\/fermoselle\/\" target=\"_blank\" rel=\"noopener\">losarribesdelduero<\/a><br \/><a href=\"https:\/\/www.arteguias.com\/zamora\/guiafermoselle.htm\" target=\"_blank\" rel=\"noopener\">arteguias<\/a><br \/><a href=\"https:\/\/www.posadadonaurraca.es\/es\/entorno\/entorno-de-fermoselle-2\" target=\"_blank\" rel=\"noopener\">entornodefermosselle<\/a><\/p><p><strong>Webs academic<\/strong><\/p><p>Madoz, Pascual. <a href=\"https:\/\/www.diccionariomadoz.com\" target=\"_blank\" rel=\"noopener\"><em>Diccionario geogr\u00e1fico-estad\u00edstico-hist\u00f3rico de Espa\u00f1a y sus posesiones de ultramar (1846-1850)<\/em><\/a> <br \/>Gil Crespo, Adela (1966). <a href=\"https:\/\/reunido.uniovi.es\/index.php\/CESXVIII\/article\/download\/12468\/13331\" target=\"_blank\" rel=\"noopener\"><em>Estructura agro-social del Sayago (Zamora) en el siglo XVIII (seg\u00fan el Catastro del Marqu\u00e9s de la Ensenada)<\/em><\/a><br \/>Gonz\u00e1lez Vallv\u00e9, Jos\u00e9 Luis (1984). <a href=\"https:\/\/dialnet.unirioja.es\/descarga\/articulo\/6578759.pdf\" target=\"_blank\" rel=\"noopener\"><em>El Duero internacional<\/em><\/a><br \/>Caldero Fern\u00e1ndez, Jes\u00fas (1991). <em><a href=\"https:\/\/dialnet.unirioja.es\/descarga\/articulo\/6336626.pdf\" target=\"_blank\" rel=\"noopener\">El cultivo de la vid en Fermoselle a mediados del siglo XVIII<\/a><br \/><\/em>Carrete Parrondo, Carlos (1991). <em><a href=\"https:\/\/dialnet.unirioja.es\/descarga\/articulo\/6336617.pdf\" target=\"_blank\" rel=\"noopener\">Asentamientos jud\u00edos en la provincia de Zamora<\/a><br \/><\/em>Mart\u00edn Ferrero, M\u00aa de los \u00c1ngeles (1997). <a href=\"https:\/\/dialnet.unirioja.es\/descarga\/articulo\/6547983.pdf\" target=\"_blank\" rel=\"noopener\"><em>El bajo Sayago: una subcomarca zamorana en el Parque Natural de los Arribes del Duero<\/em><\/a><br \/>Ferrero Ferrero, Flori\u00e1n (2001). <em><a href=\"https:\/\/dialnet.unirioja.es\/descarga\/articulo\/929974.pdf\" target=\"_blank\" rel=\"noopener\">La documentaci\u00f3n zamorana de la \u00e9poca de Femando III<\/a><br \/><\/em>Mart\u00edn Viso, I\u00f1aki (2002). <a href=\"https:\/\/dialnet.unirioja.es\/descarga\/articulo\/637957.pdf\" target=\"_blank\" rel=\"noopener\"><em>La formaci\u00f3n de la frontera con Portugal y su impacto en el occidente zamorano (siglos XII-XIII)<\/em><\/a><br \/>Potente Castro, Marta et alt. (2023). <a href=\"https:\/\/dialnet.unirioja.es\/descarga\/articulo\/9007571.pdf\" target=\"_blank\" rel=\"noopener\"><em>Turismo y patrimonio como motores de desarrollo rural el caso de las bodegas hist\u00f3ricas de Fermoselle (Zamora)<\/em><\/a><\/p>\t\t\t\t\t\t\t\t<\/div>\n\t\t\t\t<\/div>\n\t\t\t\t\t<\/div>\n\t\t<\/div>\n\t\t\t\t\t<\/div>\n\t\t<\/section>\n\t\t\t\t<\/div>\n\t\t","protected":false},"excerpt":{"rendered":"<p>Fermoselle (Zamora) \u00e9s una vila d&#8217;origen medieval que evoluciona amb els temps fins als nostres dies revitalitzada per la viticultura i la preservaci\u00f3 de la natura, i que ofereix al &#8230; <a title=\"Fermoselle (Zamora)\" class=\"read-more\" href=\"https:\/\/www.elturistatranquil.com\/ca\/fermoselle-zamora\/\" aria-label=\"M\u00e9s informaci\u00f3 sobre Fermoselle (Zamora)\">[ &#8230; ]<\/a><\/p>\n","protected":false},"author":1,"featured_media":55439,"comment_status":"open","ping_status":"closed","sticky":false,"template":"","format":"standard","meta":{"footnotes":""},"categories":[71,72,75,77,78,145,229,82,90,95,197,100,104,110,244],"tags":[],"class_list":["post-55747","post","type-post","status-publish","format-standard","has-post-thumbnail","hentry","category-arquitectura-popular-ca","category-arquitectura-religiosa-ca","category-castells","category-conjunts-historics","category-cultura-rural-ca","category-edat-mitjana","category-enoturisme","category-gotic","category-monestirs-catedrals","category-paisatge","category-parc-natural","category-pobles-i-ciutats-amb-interes","category-preromanic-ca","category-vila","category-zamora-ca","infinite-scroll-item","generate-columns","tablet-grid-50","mobile-grid-100","grid-parent","grid-50","no-featured-image-padding"],"yoast_head":"<!-- This site is optimized with the Yoast SEO plugin v27.4 - https:\/\/yoast.com\/product\/yoast-seo-wordpress\/ -->\n<title>Fermoselle (Zamora) - El turista tranquil<\/title>\n<meta name=\"description\" content=\"Fermoselle (Zamora) \u00e9s una vila d&#039;origen medieval que evoluciona amb els temps fins als nostres dies revitalitzada per la viticultura i la preservaci\u00f3 de la natura, i que ofereix al visitant autenticitat.\" \/>\n<meta name=\"robots\" content=\"index, follow, max-snippet:-1, max-image-preview:large, max-video-preview:-1\" \/>\n<link rel=\"canonical\" href=\"https:\/\/www.elturistatranquil.com\/ca\/fermoselle-zamora\/\" \/>\n<meta property=\"og:locale\" content=\"ca_ES\" \/>\n<meta property=\"og:type\" content=\"article\" \/>\n<meta property=\"og:title\" content=\"Fermoselle (Zamora) - El turista tranquil\" \/>\n<meta property=\"og:description\" content=\"Fermoselle (Zamora) \u00e9s una vila d&#039;origen medieval que evoluciona amb els temps fins als nostres dies revitalitzada per la viticultura i la preservaci\u00f3 de la natura, i que ofereix al visitant autenticitat.\" \/>\n<meta property=\"og:url\" content=\"https:\/\/www.elturistatranquil.com\/ca\/fermoselle-zamora\/\" \/>\n<meta property=\"og:site_name\" content=\"El turista tranquil\" \/>\n<meta property=\"article:publisher\" content=\"https:\/\/www.facebook.com\/elturistatranquilo\/\" \/>\n<meta property=\"article:published_time\" content=\"2025-02-01T11:13:40+00:00\" \/>\n<meta property=\"article:modified_time\" content=\"2025-02-08T19:18:38+00:00\" \/>\n<meta property=\"og:image\" content=\"https:\/\/www.elturistatranquil.com\/wp-content\/uploads\/F00-Fermoselle-Zamora.jpg\" \/>\n\t<meta property=\"og:image:width\" content=\"768\" \/>\n\t<meta property=\"og:image:height\" content=\"512\" \/>\n\t<meta property=\"og:image:type\" content=\"image\/jpeg\" \/>\n<meta name=\"author\" content=\"admin\" \/>\n<meta name=\"twitter:card\" content=\"summary_large_image\" \/>\n<meta name=\"twitter:label1\" content=\"Escrit per\" \/>\n\t<meta name=\"twitter:data1\" content=\"admin\" \/>\n\t<meta name=\"twitter:label2\" content=\"Temps estimat de lectura\" \/>\n\t<meta name=\"twitter:data2\" content=\"53 minuts\" \/>\n<script type=\"application\/ld+json\" class=\"yoast-schema-graph\">{\"@context\":\"https:\\\/\\\/schema.org\",\"@graph\":[{\"@type\":\"Article\",\"@id\":\"https:\\\/\\\/www.elturistatranquil.com\\\/ca\\\/fermoselle-zamora\\\/#article\",\"isPartOf\":{\"@id\":\"https:\\\/\\\/www.elturistatranquil.com\\\/ca\\\/fermoselle-zamora\\\/\"},\"author\":{\"name\":\"admin\",\"@id\":\"https:\\\/\\\/www.elturistatranquil.com\\\/ca\\\/#\\\/schema\\\/person\\\/16f607c3079b96ed0c530a52e6b58bb5\"},\"headline\":\"Fermoselle (Zamora)\",\"datePublished\":\"2025-02-01T11:13:40+00:00\",\"dateModified\":\"2025-02-08T19:18:38+00:00\",\"mainEntityOfPage\":{\"@id\":\"https:\\\/\\\/www.elturistatranquil.com\\\/ca\\\/fermoselle-zamora\\\/\"},\"wordCount\":5581,\"commentCount\":0,\"image\":{\"@id\":\"https:\\\/\\\/www.elturistatranquil.com\\\/ca\\\/fermoselle-zamora\\\/#primaryimage\"},\"thumbnailUrl\":\"https:\\\/\\\/www.elturistatranquil.com\\\/wp-content\\\/uploads\\\/F00-Fermoselle-Zamora.jpg\",\"articleSection\":[\"Arquitectura popular\",\"Arquitectura religiosa\",\"Castells, Muralles\",\"Conjunts hist\u00f2rics\",\"Cultura rural\",\"Edat mitjana\",\"Enoturisme\",\"G\u00f2tic\",\"Monestirs, Catedrals\",\"Paisatge\",\"Parc natural\",\"Pobles i ciutats amb inter\u00e9s\",\"Rom\u00e0nic\",\"Vila\",\"Zamora\"],\"inLanguage\":\"ca\",\"potentialAction\":[{\"@type\":\"CommentAction\",\"name\":\"Comment\",\"target\":[\"https:\\\/\\\/www.elturistatranquil.com\\\/ca\\\/fermoselle-zamora\\\/#respond\"]}]},{\"@type\":\"WebPage\",\"@id\":\"https:\\\/\\\/www.elturistatranquil.com\\\/ca\\\/fermoselle-zamora\\\/\",\"url\":\"https:\\\/\\\/www.elturistatranquil.com\\\/ca\\\/fermoselle-zamora\\\/\",\"name\":\"Fermoselle (Zamora) - El turista tranquil\",\"isPartOf\":{\"@id\":\"https:\\\/\\\/www.elturistatranquil.com\\\/ca\\\/#website\"},\"primaryImageOfPage\":{\"@id\":\"https:\\\/\\\/www.elturistatranquil.com\\\/ca\\\/fermoselle-zamora\\\/#primaryimage\"},\"image\":{\"@id\":\"https:\\\/\\\/www.elturistatranquil.com\\\/ca\\\/fermoselle-zamora\\\/#primaryimage\"},\"thumbnailUrl\":\"https:\\\/\\\/www.elturistatranquil.com\\\/wp-content\\\/uploads\\\/F00-Fermoselle-Zamora.jpg\",\"datePublished\":\"2025-02-01T11:13:40+00:00\",\"dateModified\":\"2025-02-08T19:18:38+00:00\",\"author\":{\"@id\":\"https:\\\/\\\/www.elturistatranquil.com\\\/ca\\\/#\\\/schema\\\/person\\\/16f607c3079b96ed0c530a52e6b58bb5\"},\"description\":\"Fermoselle (Zamora) \u00e9s una vila d'origen medieval que evoluciona amb els temps fins als nostres dies revitalitzada per la viticultura i la preservaci\u00f3 de la natura, i que ofereix al visitant autenticitat.\",\"breadcrumb\":{\"@id\":\"https:\\\/\\\/www.elturistatranquil.com\\\/ca\\\/fermoselle-zamora\\\/#breadcrumb\"},\"inLanguage\":\"ca\",\"potentialAction\":[{\"@type\":\"ReadAction\",\"target\":[\"https:\\\/\\\/www.elturistatranquil.com\\\/ca\\\/fermoselle-zamora\\\/\"]}]},{\"@type\":\"ImageObject\",\"inLanguage\":\"ca\",\"@id\":\"https:\\\/\\\/www.elturistatranquil.com\\\/ca\\\/fermoselle-zamora\\\/#primaryimage\",\"url\":\"https:\\\/\\\/www.elturistatranquil.com\\\/wp-content\\\/uploads\\\/F00-Fermoselle-Zamora.jpg\",\"contentUrl\":\"https:\\\/\\\/www.elturistatranquil.com\\\/wp-content\\\/uploads\\\/F00-Fermoselle-Zamora.jpg\",\"width\":768,\"height\":512,\"caption\":\"Fermoselle, Zamora\"},{\"@type\":\"BreadcrumbList\",\"@id\":\"https:\\\/\\\/www.elturistatranquil.com\\\/ca\\\/fermoselle-zamora\\\/#breadcrumb\",\"itemListElement\":[{\"@type\":\"ListItem\",\"position\":1,\"name\":\"Portada\",\"item\":\"https:\\\/\\\/www.elturistatranquil.com\\\/ca\\\/\"},{\"@type\":\"ListItem\",\"position\":2,\"name\":\"Fermoselle (Zamora)\"}]},{\"@type\":\"WebSite\",\"@id\":\"https:\\\/\\\/www.elturistatranquil.com\\\/ca\\\/#website\",\"url\":\"https:\\\/\\\/www.elturistatranquil.com\\\/ca\\\/\",\"name\":\"El turista tranquil\",\"description\":\"Blog de viatges\",\"potentialAction\":[{\"@type\":\"SearchAction\",\"target\":{\"@type\":\"EntryPoint\",\"urlTemplate\":\"https:\\\/\\\/www.elturistatranquil.com\\\/ca\\\/?s={search_term_string}\"},\"query-input\":{\"@type\":\"PropertyValueSpecification\",\"valueRequired\":true,\"valueName\":\"search_term_string\"}}],\"inLanguage\":\"ca\"},{\"@type\":\"Person\",\"@id\":\"https:\\\/\\\/www.elturistatranquil.com\\\/ca\\\/#\\\/schema\\\/person\\\/16f607c3079b96ed0c530a52e6b58bb5\",\"name\":\"admin\",\"image\":{\"@type\":\"ImageObject\",\"inLanguage\":\"ca\",\"@id\":\"https:\\\/\\\/secure.gravatar.com\\\/avatar\\\/1fbaf22aee75fcbb29a2f97b107f95d25d3a19b7c3416105be10269872673e8d?s=96&d=mm&r=g\",\"url\":\"https:\\\/\\\/secure.gravatar.com\\\/avatar\\\/1fbaf22aee75fcbb29a2f97b107f95d25d3a19b7c3416105be10269872673e8d?s=96&d=mm&r=g\",\"contentUrl\":\"https:\\\/\\\/secure.gravatar.com\\\/avatar\\\/1fbaf22aee75fcbb29a2f97b107f95d25d3a19b7c3416105be10269872673e8d?s=96&d=mm&r=g\",\"caption\":\"admin\"}}]}<\/script>\n<!-- \/ Yoast SEO plugin. -->","yoast_head_json":{"title":"Fermoselle (Zamora) - El turista tranquil","description":"Fermoselle (Zamora) \u00e9s una vila d'origen medieval que evoluciona amb els temps fins als nostres dies revitalitzada per la viticultura i la preservaci\u00f3 de la natura, i que ofereix al visitant autenticitat.","robots":{"index":"index","follow":"follow","max-snippet":"max-snippet:-1","max-image-preview":"max-image-preview:large","max-video-preview":"max-video-preview:-1"},"canonical":"https:\/\/www.elturistatranquil.com\/ca\/fermoselle-zamora\/","og_locale":"ca_ES","og_type":"article","og_title":"Fermoselle (Zamora) - El turista tranquil","og_description":"Fermoselle (Zamora) \u00e9s una vila d'origen medieval que evoluciona amb els temps fins als nostres dies revitalitzada per la viticultura i la preservaci\u00f3 de la natura, i que ofereix al visitant autenticitat.","og_url":"https:\/\/www.elturistatranquil.com\/ca\/fermoselle-zamora\/","og_site_name":"El turista tranquil","article_publisher":"https:\/\/www.facebook.com\/elturistatranquilo\/","article_published_time":"2025-02-01T11:13:40+00:00","article_modified_time":"2025-02-08T19:18:38+00:00","og_image":[{"width":768,"height":512,"url":"https:\/\/www.elturistatranquil.com\/wp-content\/uploads\/F00-Fermoselle-Zamora.jpg","type":"image\/jpeg"}],"author":"admin","twitter_card":"summary_large_image","twitter_misc":{"Escrit per":"admin","Temps estimat de lectura":"53 minuts"},"schema":{"@context":"https:\/\/schema.org","@graph":[{"@type":"Article","@id":"https:\/\/www.elturistatranquil.com\/ca\/fermoselle-zamora\/#article","isPartOf":{"@id":"https:\/\/www.elturistatranquil.com\/ca\/fermoselle-zamora\/"},"author":{"name":"admin","@id":"https:\/\/www.elturistatranquil.com\/ca\/#\/schema\/person\/16f607c3079b96ed0c530a52e6b58bb5"},"headline":"Fermoselle (Zamora)","datePublished":"2025-02-01T11:13:40+00:00","dateModified":"2025-02-08T19:18:38+00:00","mainEntityOfPage":{"@id":"https:\/\/www.elturistatranquil.com\/ca\/fermoselle-zamora\/"},"wordCount":5581,"commentCount":0,"image":{"@id":"https:\/\/www.elturistatranquil.com\/ca\/fermoselle-zamora\/#primaryimage"},"thumbnailUrl":"https:\/\/www.elturistatranquil.com\/wp-content\/uploads\/F00-Fermoselle-Zamora.jpg","articleSection":["Arquitectura popular","Arquitectura religiosa","Castells, Muralles","Conjunts hist\u00f2rics","Cultura rural","Edat mitjana","Enoturisme","G\u00f2tic","Monestirs, Catedrals","Paisatge","Parc natural","Pobles i ciutats amb inter\u00e9s","Rom\u00e0nic","Vila","Zamora"],"inLanguage":"ca","potentialAction":[{"@type":"CommentAction","name":"Comment","target":["https:\/\/www.elturistatranquil.com\/ca\/fermoselle-zamora\/#respond"]}]},{"@type":"WebPage","@id":"https:\/\/www.elturistatranquil.com\/ca\/fermoselle-zamora\/","url":"https:\/\/www.elturistatranquil.com\/ca\/fermoselle-zamora\/","name":"Fermoselle (Zamora) - El turista tranquil","isPartOf":{"@id":"https:\/\/www.elturistatranquil.com\/ca\/#website"},"primaryImageOfPage":{"@id":"https:\/\/www.elturistatranquil.com\/ca\/fermoselle-zamora\/#primaryimage"},"image":{"@id":"https:\/\/www.elturistatranquil.com\/ca\/fermoselle-zamora\/#primaryimage"},"thumbnailUrl":"https:\/\/www.elturistatranquil.com\/wp-content\/uploads\/F00-Fermoselle-Zamora.jpg","datePublished":"2025-02-01T11:13:40+00:00","dateModified":"2025-02-08T19:18:38+00:00","author":{"@id":"https:\/\/www.elturistatranquil.com\/ca\/#\/schema\/person\/16f607c3079b96ed0c530a52e6b58bb5"},"description":"Fermoselle (Zamora) \u00e9s una vila d'origen medieval que evoluciona amb els temps fins als nostres dies revitalitzada per la viticultura i la preservaci\u00f3 de la natura, i que ofereix al visitant autenticitat.","breadcrumb":{"@id":"https:\/\/www.elturistatranquil.com\/ca\/fermoselle-zamora\/#breadcrumb"},"inLanguage":"ca","potentialAction":[{"@type":"ReadAction","target":["https:\/\/www.elturistatranquil.com\/ca\/fermoselle-zamora\/"]}]},{"@type":"ImageObject","inLanguage":"ca","@id":"https:\/\/www.elturistatranquil.com\/ca\/fermoselle-zamora\/#primaryimage","url":"https:\/\/www.elturistatranquil.com\/wp-content\/uploads\/F00-Fermoselle-Zamora.jpg","contentUrl":"https:\/\/www.elturistatranquil.com\/wp-content\/uploads\/F00-Fermoselle-Zamora.jpg","width":768,"height":512,"caption":"Fermoselle, Zamora"},{"@type":"BreadcrumbList","@id":"https:\/\/www.elturistatranquil.com\/ca\/fermoselle-zamora\/#breadcrumb","itemListElement":[{"@type":"ListItem","position":1,"name":"Portada","item":"https:\/\/www.elturistatranquil.com\/ca\/"},{"@type":"ListItem","position":2,"name":"Fermoselle (Zamora)"}]},{"@type":"WebSite","@id":"https:\/\/www.elturistatranquil.com\/ca\/#website","url":"https:\/\/www.elturistatranquil.com\/ca\/","name":"El turista tranquil","description":"Blog de viatges","potentialAction":[{"@type":"SearchAction","target":{"@type":"EntryPoint","urlTemplate":"https:\/\/www.elturistatranquil.com\/ca\/?s={search_term_string}"},"query-input":{"@type":"PropertyValueSpecification","valueRequired":true,"valueName":"search_term_string"}}],"inLanguage":"ca"},{"@type":"Person","@id":"https:\/\/www.elturistatranquil.com\/ca\/#\/schema\/person\/16f607c3079b96ed0c530a52e6b58bb5","name":"admin","image":{"@type":"ImageObject","inLanguage":"ca","@id":"https:\/\/secure.gravatar.com\/avatar\/1fbaf22aee75fcbb29a2f97b107f95d25d3a19b7c3416105be10269872673e8d?s=96&d=mm&r=g","url":"https:\/\/secure.gravatar.com\/avatar\/1fbaf22aee75fcbb29a2f97b107f95d25d3a19b7c3416105be10269872673e8d?s=96&d=mm&r=g","contentUrl":"https:\/\/secure.gravatar.com\/avatar\/1fbaf22aee75fcbb29a2f97b107f95d25d3a19b7c3416105be10269872673e8d?s=96&d=mm&r=g","caption":"admin"}}]}},"_links":{"self":[{"href":"https:\/\/www.elturistatranquil.com\/ca\/wp-json\/wp\/v2\/posts\/55747","targetHints":{"allow":["GET"]}}],"collection":[{"href":"https:\/\/www.elturistatranquil.com\/ca\/wp-json\/wp\/v2\/posts"}],"about":[{"href":"https:\/\/www.elturistatranquil.com\/ca\/wp-json\/wp\/v2\/types\/post"}],"author":[{"embeddable":true,"href":"https:\/\/www.elturistatranquil.com\/ca\/wp-json\/wp\/v2\/users\/1"}],"replies":[{"embeddable":true,"href":"https:\/\/www.elturistatranquil.com\/ca\/wp-json\/wp\/v2\/comments?post=55747"}],"version-history":[{"count":5,"href":"https:\/\/www.elturistatranquil.com\/ca\/wp-json\/wp\/v2\/posts\/55747\/revisions"}],"predecessor-version":[{"id":55758,"href":"https:\/\/www.elturistatranquil.com\/ca\/wp-json\/wp\/v2\/posts\/55747\/revisions\/55758"}],"wp:featuredmedia":[{"embeddable":true,"href":"https:\/\/www.elturistatranquil.com\/ca\/wp-json\/wp\/v2\/media\/55439"}],"wp:attachment":[{"href":"https:\/\/www.elturistatranquil.com\/ca\/wp-json\/wp\/v2\/media?parent=55747"}],"wp:term":[{"taxonomy":"category","embeddable":true,"href":"https:\/\/www.elturistatranquil.com\/ca\/wp-json\/wp\/v2\/categories?post=55747"},{"taxonomy":"post_tag","embeddable":true,"href":"https:\/\/www.elturistatranquil.com\/ca\/wp-json\/wp\/v2\/tags?post=55747"}],"curies":[{"name":"wp","href":"https:\/\/api.w.org\/{rel}","templated":true}]}}