{"id":55959,"date":"2025-02-15T11:23:07","date_gmt":"2025-02-15T10:23:07","guid":{"rendered":"https:\/\/www.elturistatranquil.com\/?p=55959"},"modified":"2025-02-16T21:56:23","modified_gmt":"2025-02-16T20:56:23","slug":"basilica-de-san-juan-de-banos-i-font-de-recesvinto-palencia","status":"publish","type":"post","link":"https:\/\/www.elturistatranquil.com\/ca\/basilica-de-san-juan-de-banos-i-font-de-recesvinto-palencia\/","title":{"rendered":"Bas\u00edlica de San Juan de Ba\u00f1os i Font de Recesvinto (Pal\u00e8ncia)"},"content":{"rendered":"\t\t<div data-elementor-type=\"wp-post\" data-elementor-id=\"55959\" class=\"elementor elementor-55959 elementor-55766\" data-elementor-post-type=\"post\">\n\t\t\t\t\t\t<section class=\"elementor-section elementor-top-section elementor-element elementor-element-3da0cf15 elementor-section-boxed elementor-section-height-default elementor-section-height-default\" data-id=\"3da0cf15\" data-element_type=\"section\" data-e-type=\"section\">\n\t\t\t\t\t\t<div class=\"elementor-container elementor-column-gap-default\">\n\t\t\t\t\t<div class=\"elementor-column elementor-col-100 elementor-top-column elementor-element elementor-element-60af7395\" data-id=\"60af7395\" data-element_type=\"column\" data-e-type=\"column\">\n\t\t\t<div class=\"elementor-widget-wrap elementor-element-populated\">\n\t\t\t\t\t\t<section class=\"elementor-section elementor-inner-section elementor-element elementor-element-7205421c elementor-section-content-middle elementor-section-boxed elementor-section-height-default elementor-section-height-default\" data-id=\"7205421c\" data-element_type=\"section\" data-e-type=\"section\">\n\t\t\t\t\t\t<div class=\"elementor-container elementor-column-gap-default\">\n\t\t\t\t\t<div class=\"elementor-column elementor-col-100 elementor-inner-column elementor-element elementor-element-167cc4ec\" data-id=\"167cc4ec\" data-element_type=\"column\" data-e-type=\"column\">\n\t\t\t<div class=\"elementor-widget-wrap elementor-element-populated\">\n\t\t\t\t\t\t<div class=\"elementor-element elementor-element-3bc02fec elementor-widget elementor-widget-text-editor\" data-id=\"3bc02fec\" data-element_type=\"widget\" data-e-type=\"widget\" data-widget_type=\"text-editor.default\">\n\t\t\t\t<div class=\"elementor-widget-container\">\n\t\t\t\t\t\t\t\t\t<p><strong>\u00c0LBUM DE FOTOS<\/strong><\/p>\t\t\t\t\t\t\t\t<\/div>\n\t\t\t\t<\/div>\n\t\t\t\t\t<\/div>\n\t\t<\/div>\n\t\t\t\t\t<\/div>\n\t\t<\/section>\n\t\t\t\t<div class=\"elementor-element elementor-element-57db5d72 elementor-widget elementor-widget-heading\" data-id=\"57db5d72\" data-element_type=\"widget\" data-e-type=\"widget\" data-widget_type=\"heading.default\">\n\t\t\t\t<div class=\"elementor-widget-container\">\n\t\t\t\t\t<h1 class=\"elementor-heading-title elementor-size-default\">Bas\u00edlica de San Juan de Ba\u00f1os i Font de Recesvinto (Pal\u00e8ncia)<\/h1>\t\t\t\t<\/div>\n\t\t\t\t<\/div>\n\t\t\t\t\t<\/div>\n\t\t<\/div>\n\t\t\t\t\t<\/div>\n\t\t<\/section>\n\t\t\t\t<section class=\"elementor-section elementor-top-section elementor-element elementor-element-14809c75 elementor-section-boxed elementor-section-height-default elementor-section-height-default\" data-id=\"14809c75\" data-element_type=\"section\" data-e-type=\"section\">\n\t\t\t\t\t\t<div class=\"elementor-container elementor-column-gap-default\">\n\t\t\t\t\t<div class=\"elementor-column elementor-col-100 elementor-top-column elementor-element elementor-element-773563cb\" data-id=\"773563cb\" data-element_type=\"column\" data-e-type=\"column\">\n\t\t\t<div class=\"elementor-widget-wrap elementor-element-populated\">\n\t\t\t\t\t\t<div class=\"elementor-element elementor-element-11a8a499 elementor-widget elementor-widget-image\" data-id=\"11a8a499\" data-element_type=\"widget\" data-e-type=\"widget\" data-widget_type=\"image.default\">\n\t\t\t\t<div class=\"elementor-widget-container\">\n\t\t\t\t\t\t\t\t\t\t\t\t<figure class=\"wp-caption\">\n\t\t\t\t\t\t\t\t\t\t<img fetchpriority=\"high\" decoding=\"async\" width=\"768\" height=\"512\" src=\"https:\/\/www.elturistatranquil.com\/wp-content\/uploads\/F01c-Stuacio-de-la-Basilica-de-San-Juan-de-Banos-Google-maps-2025-02-12.jpg\" class=\"attachment-medium_large size-medium_large wp-image-55975\" alt=\"Stuaci\u00f3 de la Basilica de San Juan de Ba\u00f1os (Google maps 2025-02-12)\" srcset=\"https:\/\/www.elturistatranquil.com\/wp-content\/uploads\/F01c-Stuacio-de-la-Basilica-de-San-Juan-de-Banos-Google-maps-2025-02-12.jpg 768w, https:\/\/www.elturistatranquil.com\/wp-content\/uploads\/F01c-Stuacio-de-la-Basilica-de-San-Juan-de-Banos-Google-maps-2025-02-12-339x226.jpg 339w\" sizes=\"(max-width: 768px) 100vw, 768px\" \/>\t\t\t\t\t\t\t\t\t\t\t<figcaption class=\"widget-image-caption wp-caption-text\">Mapa de situaci\u00f3 de la bas\u00edlica de San Juan de Ba\u00f1os (Google maps 2025-02-03)<\/figcaption>\n\t\t\t\t\t\t\t\t\t\t<\/figure>\n\t\t\t\t\t\t\t\t\t<\/div>\n\t\t\t\t<\/div>\n\t\t\t\t<section class=\"elementor-section elementor-inner-section elementor-element elementor-element-23534628 elementor-section-boxed elementor-section-height-default elementor-section-height-default\" data-id=\"23534628\" data-element_type=\"section\" data-e-type=\"section\" data-settings=\"{&quot;background_background&quot;:&quot;classic&quot;}\">\n\t\t\t\t\t\t\t<div class=\"elementor-background-overlay\"><\/div>\n\t\t\t\t\t\t\t<div class=\"elementor-container elementor-column-gap-default\">\n\t\t\t\t\t<div class=\"elementor-column elementor-col-100 elementor-inner-column elementor-element elementor-element-64b52da1\" data-id=\"64b52da1\" data-element_type=\"column\" data-e-type=\"column\" data-settings=\"{&quot;background_background&quot;:&quot;classic&quot;}\">\n\t\t\t<div class=\"elementor-widget-wrap elementor-element-populated\">\n\t\t\t\t\t\t<div class=\"elementor-element elementor-element-6ab0029b elementor-widget elementor-widget-text-editor\" data-id=\"6ab0029b\" data-element_type=\"widget\" data-e-type=\"widget\" data-widget_type=\"text-editor.default\">\n\t\t\t\t<div class=\"elementor-widget-container\">\n\t\t\t\t\t\t\t\t\t<p>Direcci\u00f3: C\/ Ermita B C, 13, 34200 Ba\u00f1os de Cerrato. Comarca:\u00a0 El Cerrato. Prov\u00edncia:\u00a0 Pal\u00e8ncia. Com. Aut\u00f2noma: Castilla y Le\u00f3n<br \/>Coordenades: 41\u00b055\u203215\u2033N 4\u00b028\u203220\u2033O.\u00a0 Altitud: 723 msnm<br \/>Web: <a href=\"https:\/\/ventadebanos.es\/turismo\/basilica-de-san-juan-de-banos\/\" target=\"_blank\" rel=\"noopener\">ventadebanos<\/a><br \/><em>B\u00e9 d&#8217;Inter\u00e8s Cultural (BIC)<br \/><\/em>Visita: 2023<\/p>\t\t\t\t\t\t\t\t<\/div>\n\t\t\t\t<\/div>\n\t\t\t\t\t<\/div>\n\t\t<\/div>\n\t\t\t\t\t<\/div>\n\t\t<\/section>\n\t\t\t\t<div class=\"elementor-element elementor-element-7a0226e9 elementor-widget elementor-widget-spacer\" data-id=\"7a0226e9\" data-element_type=\"widget\" data-e-type=\"widget\" data-widget_type=\"spacer.default\">\n\t\t\t\t<div class=\"elementor-widget-container\">\n\t\t\t\t\t\t\t<div class=\"elementor-spacer\">\n\t\t\t<div class=\"elementor-spacer-inner\"><\/div>\n\t\t<\/div>\n\t\t\t\t\t\t<\/div>\n\t\t\t\t<\/div>\n\t\t\t\t<div class=\"elementor-element elementor-element-eb922e elementor-toc--minimized-on-tablet elementor-widget elementor-widget-table-of-contents\" data-id=\"eb922e\" data-element_type=\"widget\" data-e-type=\"widget\" data-settings=\"{&quot;headings_by_tags&quot;:[&quot;h2&quot;,&quot;h3&quot;,&quot;h4&quot;],&quot;marker_view&quot;:&quot;bullets&quot;,&quot;icon&quot;:{&quot;value&quot;:&quot;&quot;,&quot;library&quot;:&quot;&quot;},&quot;no_headings_message&quot;:&quot;No se ha encontrado ning\\u00fan encabezado en esta p\\u00e1gina.&quot;,&quot;minimize_box&quot;:&quot;yes&quot;,&quot;minimized_on&quot;:&quot;tablet&quot;,&quot;hierarchical_view&quot;:&quot;yes&quot;,&quot;min_height&quot;:{&quot;unit&quot;:&quot;px&quot;,&quot;size&quot;:&quot;&quot;,&quot;sizes&quot;:[]},&quot;min_height_tablet&quot;:{&quot;unit&quot;:&quot;px&quot;,&quot;size&quot;:&quot;&quot;,&quot;sizes&quot;:[]},&quot;min_height_mobile&quot;:{&quot;unit&quot;:&quot;px&quot;,&quot;size&quot;:&quot;&quot;,&quot;sizes&quot;:[]}}\" data-widget_type=\"table-of-contents.default\">\n\t\t\t\t<div class=\"elementor-widget-container\">\n\t\t\t\t\t\t\t\t\t<div class=\"elementor-toc__header\">\n\t\t\t\t\t\t<h4 class=\"elementor-toc__header-title\">\n\t\t\t\t\u00cdndex\t\t\t<\/h4>\n\t\t\t\t\t\t\t\t\t\t<div class=\"elementor-toc__toggle-button elementor-toc__toggle-button--expand\" role=\"button\" tabindex=\"0\" aria-controls=\"elementor-toc__eb922e\" aria-expanded=\"true\" aria-label=\"Open table of contents\"><i aria-hidden=\"true\" class=\"fas fa-chevron-down\"><\/i><\/div>\n\t\t\t\t<div class=\"elementor-toc__toggle-button elementor-toc__toggle-button--collapse\" role=\"button\" tabindex=\"0\" aria-controls=\"elementor-toc__eb922e\" aria-expanded=\"true\" aria-label=\"Close table of contents\"><i aria-hidden=\"true\" class=\"fas fa-chevron-up\"><\/i><\/div>\n\t\t\t\t\t<\/div>\n\t\t\t\t<div id=\"elementor-toc__eb922e\" class=\"elementor-toc__body\">\n\t\t\t<div class=\"elementor-toc__spinner-container\">\n\t\t\t\t<i class=\"elementor-toc__spinner eicon-animation-spin eicon-loading\" aria-hidden=\"true\"><\/i>\t\t\t<\/div>\n\t\t<\/div>\n\t\t\t\t\t\t<\/div>\n\t\t\t\t<\/div>\n\t\t\t\t<div class=\"elementor-element elementor-element-1a9f06a elementor-widget elementor-widget-menu-anchor\" data-id=\"1a9f06a\" data-element_type=\"widget\" data-e-type=\"widget\" data-widget_type=\"menu-anchor.default\">\n\t\t\t\t<div class=\"elementor-widget-container\">\n\t\t\t\t\t\t\t<div class=\"elementor-menu-anchor\" id=\"a0101-EnlaceaunpuntodentrodelPost\"><\/div>\n\t\t\t\t\t\t<\/div>\n\t\t\t\t<\/div>\n\t\t\t\t<div class=\"elementor-element elementor-element-7fdf57fb elementor-widget elementor-widget-spacer\" data-id=\"7fdf57fb\" data-element_type=\"widget\" data-e-type=\"widget\" data-widget_type=\"spacer.default\">\n\t\t\t\t<div class=\"elementor-widget-container\">\n\t\t\t\t\t\t\t<div class=\"elementor-spacer\">\n\t\t\t<div class=\"elementor-spacer-inner\"><\/div>\n\t\t<\/div>\n\t\t\t\t\t\t<\/div>\n\t\t\t\t<\/div>\n\t\t\t\t<div class=\"elementor-element elementor-element-6aad46c0 elementor-widget elementor-widget-heading\" data-id=\"6aad46c0\" data-element_type=\"widget\" data-e-type=\"widget\" data-widget_type=\"heading.default\">\n\t\t\t\t<div class=\"elementor-widget-container\">\n\t\t\t\t\t<h2 class=\"elementor-heading-title elementor-size-default\">Bas\u00edlica visigoda de San Juan de Ba\u00f1os i Font de Recesvinto. Ba\u00f1os de Cerrato. Pal\u00e8ncia<\/h2>\t\t\t\t<\/div>\n\t\t\t\t<\/div>\n\t\t\t\t<div class=\"elementor-element elementor-element-29e9a979 elementor-widget elementor-widget-text-editor\" data-id=\"29e9a979\" data-element_type=\"widget\" data-e-type=\"widget\" data-widget_type=\"text-editor.default\">\n\t\t\t\t<div class=\"elementor-widget-container\">\n\t\t\t\t\t\t\t\t\t<p>Ubicada a la localitat palentina de Ba\u00f1os de Cerrato, la <strong>Bas\u00edlica de San Juan de Ba\u00f1os <\/strong>(<strong>B<\/strong>) \u00e9s un dels exemples m\u00e9s significatius de l&#8217;arquitectura visigoda a la pen\u00ednsula ib\u00e8rica. La seva construcci\u00f3 data de l&#8217;any 661, segons consta en una l\u00e0pida fundacional en llat\u00ed que es conserva a l&#8217;interior del temple, durant el regnat de Recesvint (653-672), qui va ordenar la seva edificaci\u00f3 com un exvot de gratitud despr\u00e9s d&#8217;haver-se curat a les aig\u00fces de la propera <strong>font de Recesvinto<\/strong> o <strong>de San Juan<\/strong>.<\/p><p>A partir d&#8217;aquesta dada, es considera que San Juan de Ba\u00f1os \u00e9s el temple cristi\u00e0 m\u00e9s antic que es conserva a Espanya.<\/p><p>La Bas\u00edlica de San Juan de Ba\u00f1os \u00e9s una de les mostres m\u00e9s importants del per\u00edode visigot, caracteritzat per la seva estructura de tres naus separades per columnes amb capitells i columnes reutilitzades d&#8217;\u00e8poca romana, cobertes per una sostrada de fusta. La cap\u00e7alera est\u00e0 conformada per un absis central recte i dues absidioles laterals tamb\u00e9 rectes.<\/p><p>L&#8217;absis central t\u00e9 una coberta d&#8217;arc visigot de ferradura, mentre que les cobertes dels absis laterals s\u00f3n molt posteriors de creueria.<\/p><p>L&#8217;acc\u00e9s al temple es fa per un p\u00f2rtic amb arc de ferradura, un dels elements m\u00e9s caracter\u00edstics de l&#8217;arquitectura visigoda.<\/p><p>Prop de la bas\u00edlica, a 40 metres del costat sud, hi ha la denominada <strong>font de Recesvinto<\/strong> o <strong>de San Juan<\/strong> (<strong>F<\/strong>). Una font natural l&#8217;origen de la qual es vincula a la llegenda fundacional del temple. Es diu que el rei Recesvint va beure d&#8217;aquestes aig\u00fces i es va curar d&#8217;una greu malaltia, cosa que el va portar a manar la construcci\u00f3 de la bas\u00edlica en agra\u00efment.<\/p><p>Al llarg dels segles el temple ha patit diverses reformes, especialment durant l\u2019Edat Mitjana, quan va ser adaptada a les necessitats lit\u00fargiques de l&#8217;\u00e8poca. Tot i aix\u00f2, conserva gran part de la seva estructura original, la qual cosa la converteix en una de les esgl\u00e9sies visigodes millor preservades d&#8217;Espanya.<\/p>\t\t\t\t\t\t\t\t<\/div>\n\t\t\t\t<\/div>\n\t\t\t\t<div class=\"elementor-element elementor-element-e4db14b elementor-widget elementor-widget-image\" data-id=\"e4db14b\" data-element_type=\"widget\" data-e-type=\"widget\" data-widget_type=\"image.default\">\n\t\t\t\t<div class=\"elementor-widget-container\">\n\t\t\t\t\t\t\t\t\t\t\t\t<figure class=\"wp-caption\">\n\t\t\t\t\t\t\t\t\t\t<img decoding=\"async\" width=\"768\" height=\"513\" src=\"https:\/\/www.elturistatranquil.com\/wp-content\/uploads\/F02b-Vista-cenital-iglesia-de-San-Juan-de-Banos-Google-maps-2025-02-03.jpg\" class=\"attachment-large size-large wp-image-55776\" alt=\"Vista cenital iglesia de San Juan de Ba\u00f1os (Google maps 2025-02-03)\" srcset=\"https:\/\/www.elturistatranquil.com\/wp-content\/uploads\/F02b-Vista-cenital-iglesia-de-San-Juan-de-Banos-Google-maps-2025-02-03.jpg 768w, https:\/\/www.elturistatranquil.com\/wp-content\/uploads\/F02b-Vista-cenital-iglesia-de-San-Juan-de-Banos-Google-maps-2025-02-03-339x226.jpg 339w\" sizes=\"(max-width: 768px) 100vw, 768px\" \/>\t\t\t\t\t\t\t\t\t\t\t<figcaption class=\"widget-image-caption wp-caption-text\">Bas\u00edlica de San Juan de Ba\u00f1os (Google maps 2025-02-03)<\/figcaption>\n\t\t\t\t\t\t\t\t\t\t<\/figure>\n\t\t\t\t\t\t\t\t\t<\/div>\n\t\t\t\t<\/div>\n\t\t\t\t<div class=\"elementor-element elementor-element-71579c62 elementor-widget elementor-widget-image\" data-id=\"71579c62\" data-element_type=\"widget\" data-e-type=\"widget\" data-widget_type=\"image.default\">\n\t\t\t\t<div class=\"elementor-widget-container\">\n\t\t\t\t\t\t\t\t\t\t\t\t<figure class=\"wp-caption\">\n\t\t\t\t\t\t\t\t\t\t<img decoding=\"async\" width=\"768\" height=\"512\" src=\"https:\/\/www.elturistatranquil.com\/wp-content\/uploads\/F02a-Vista-cenital-iglesia-de-San-Juan-de-Banos-y-fuente-Google-maps-2025-02-03.jpg\" class=\"attachment-large size-large wp-image-55774\" alt=\"Vista cenital iglesia de San Juan de Ba\u00f1os y fuente (Google maps 2025-02-03)\" srcset=\"https:\/\/www.elturistatranquil.com\/wp-content\/uploads\/F02a-Vista-cenital-iglesia-de-San-Juan-de-Banos-y-fuente-Google-maps-2025-02-03.jpg 768w, https:\/\/www.elturistatranquil.com\/wp-content\/uploads\/F02a-Vista-cenital-iglesia-de-San-Juan-de-Banos-y-fuente-Google-maps-2025-02-03-339x226.jpg 339w\" sizes=\"(max-width: 768px) 100vw, 768px\" \/>\t\t\t\t\t\t\t\t\t\t\t<figcaption class=\"widget-image-caption wp-caption-text\">Bas\u00edlica de San Juan de Ba\u00f1os (B) i font de Recesvinto (F) (Google maps 2025-02-03)<\/figcaption>\n\t\t\t\t\t\t\t\t\t\t<\/figure>\n\t\t\t\t\t\t\t\t\t<\/div>\n\t\t\t\t<\/div>\n\t\t\t\t<div class=\"elementor-element elementor-element-0293a75 elementor-widget elementor-widget-image\" data-id=\"0293a75\" data-element_type=\"widget\" data-e-type=\"widget\" data-widget_type=\"image.default\">\n\t\t\t\t<div class=\"elementor-widget-container\">\n\t\t\t\t\t\t\t\t\t\t\t\t<figure class=\"wp-caption\">\n\t\t\t\t\t\t\t\t\t\t<img loading=\"lazy\" decoding=\"async\" width=\"768\" height=\"342\" src=\"https:\/\/www.elturistatranquil.com\/wp-content\/uploads\/F03-Plantas-de-la-Basilica-de-San-Juan-de-Banos-apuntes-santanderlasalle.jpg\" class=\"attachment-large size-large wp-image-55778\" alt=\"Vista cenital iglesia de San Juan de Ba\u00f1os (Google maps 2025-02-03)\" srcset=\"https:\/\/www.elturistatranquil.com\/wp-content\/uploads\/F03-Plantas-de-la-Basilica-de-San-Juan-de-Banos-apuntes-santanderlasalle.jpg 768w, https:\/\/www.elturistatranquil.com\/wp-content\/uploads\/F03-Plantas-de-la-Basilica-de-San-Juan-de-Banos-apuntes-santanderlasalle-339x151.jpg 339w\" sizes=\"(max-width: 768px) 100vw, 768px\" \/>\t\t\t\t\t\t\t\t\t\t\t<figcaption class=\"widget-image-caption wp-caption-text\">Evoluci\u00f3 estimada de la planta de la bas\u00edlica de San Juan de Ba\u00f1os. La planta original presentava una mena de creuer o transsepte que s'obria sobre una triple cap\u00e7alera formada per tres capelles rectangulars no cont\u00ednues. Aquesta estructura \u00e9s d'una gran originalitat i no t\u00e9 paral\u00b7lel ni dins ni fora d'Espanya excepte a la bas\u00edlica de Santa Luc\u00eda del Trampal (C\u00e0ceres). Les dues capelles laterals van haver de desapar\u00e8ixer al final de l'Edat Mitjana, sent substitu\u00efdes, possiblement cap al segle XV o XVI, per dues adossades a la central cobertes per voltes ogivals. D'aquesta manera, la planta es va convertir en un simple rectangle amb la cap\u00e7alera desfigurada. (Font: Apuntes.santanderlasalle.es)<\/figcaption>\n\t\t\t\t\t\t\t\t\t\t<\/figure>\n\t\t\t\t\t\t\t\t\t<\/div>\n\t\t\t\t<\/div>\n\t\t\t\t<div class=\"elementor-element elementor-element-6a94ad56 elementor-widget elementor-widget-heading\" data-id=\"6a94ad56\" data-element_type=\"widget\" data-e-type=\"widget\" data-widget_type=\"heading.default\">\n\t\t\t\t<div class=\"elementor-widget-container\">\n\t\t\t\t\t<h2 class=\"elementor-heading-title elementor-size-default\">\u00c0lbum de fotos de la Bas\u00edlica Visigoda de San Juan de Ba\u00f1os i Font de Recesvinto<\/h2>\t\t\t\t<\/div>\n\t\t\t\t<\/div>\n\t\t\t\t<div class=\"elementor-element elementor-element-d8d5fb0 elementor-widget elementor-widget-heading\" data-id=\"d8d5fb0\" data-element_type=\"widget\" data-e-type=\"widget\" data-widget_type=\"heading.default\">\n\t\t\t\t<div class=\"elementor-widget-container\">\n\t\t\t\t\t<h3 class=\"elementor-heading-title elementor-size-default\">Bas\u00edlica Visigoda de San Juan de Ba\u00f1os<\/h3>\t\t\t\t<\/div>\n\t\t\t\t<\/div>\n\t\t\t\t<div class=\"elementor-element elementor-element-7e9537a elementor-widget elementor-widget-heading\" data-id=\"7e9537a\" data-element_type=\"widget\" data-e-type=\"widget\" data-widget_type=\"heading.default\">\n\t\t\t\t<div class=\"elementor-widget-container\">\n\t\t\t\t\t<h4 class=\"elementor-heading-title elementor-size-default\">Exterior<\/h4>\t\t\t\t<\/div>\n\t\t\t\t<\/div>\n\t\t\t\t<div class=\"elementor-element elementor-element-aef89fd elementor-widget elementor-widget-image\" data-id=\"aef89fd\" data-element_type=\"widget\" data-e-type=\"widget\" data-widget_type=\"image.default\">\n\t\t\t\t<div class=\"elementor-widget-container\">\n\t\t\t\t\t\t\t\t\t\t\t\t<figure class=\"wp-caption\">\n\t\t\t\t\t\t\t\t\t\t<img loading=\"lazy\" decoding=\"async\" width=\"768\" height=\"512\" src=\"https:\/\/www.elturistatranquil.com\/wp-content\/uploads\/F04-Basilica-de-San-Juan-de-Banos-Banos-de-Cerrato-Palencia.jpg\" class=\"attachment-large size-large wp-image-55780\" alt=\"Basilica de San Juan de Ba\u00f1os, Ba\u00f1os de Cerrato, Palencia\" srcset=\"https:\/\/www.elturistatranquil.com\/wp-content\/uploads\/F04-Basilica-de-San-Juan-de-Banos-Banos-de-Cerrato-Palencia.jpg 768w, https:\/\/www.elturistatranquil.com\/wp-content\/uploads\/F04-Basilica-de-San-Juan-de-Banos-Banos-de-Cerrato-Palencia-339x226.jpg 339w\" sizes=\"(max-width: 768px) 100vw, 768px\" \/>\t\t\t\t\t\t\t\t\t\t\t<figcaption class=\"widget-image-caption wp-caption-text\"><\/figcaption>\n\t\t\t\t\t\t\t\t\t\t<\/figure>\n\t\t\t\t\t\t\t\t\t<\/div>\n\t\t\t\t<\/div>\n\t\t\t\t<div class=\"elementor-element elementor-element-f43982e elementor-widget elementor-widget-image\" data-id=\"f43982e\" data-element_type=\"widget\" data-e-type=\"widget\" data-widget_type=\"image.default\">\n\t\t\t\t<div class=\"elementor-widget-container\">\n\t\t\t\t\t\t\t\t\t\t\t\t<figure class=\"wp-caption\">\n\t\t\t\t\t\t\t\t\t\t<img loading=\"lazy\" decoding=\"async\" width=\"768\" height=\"512\" src=\"https:\/\/www.elturistatranquil.com\/wp-content\/uploads\/F05-Basilica-de-San-Juan-de-Banos-Banos-de-Cerrato-Palencia.jpg\" class=\"attachment-large size-large wp-image-55782\" alt=\"Basilica de San Juan de Ba\u00f1os, Ba\u00f1os de Cerrato, Palencia\" srcset=\"https:\/\/www.elturistatranquil.com\/wp-content\/uploads\/F05-Basilica-de-San-Juan-de-Banos-Banos-de-Cerrato-Palencia.jpg 768w, https:\/\/www.elturistatranquil.com\/wp-content\/uploads\/F05-Basilica-de-San-Juan-de-Banos-Banos-de-Cerrato-Palencia-339x226.jpg 339w\" sizes=\"(max-width: 768px) 100vw, 768px\" \/>\t\t\t\t\t\t\t\t\t\t\t<figcaption class=\"widget-image-caption wp-caption-text\"><\/figcaption>\n\t\t\t\t\t\t\t\t\t\t<\/figure>\n\t\t\t\t\t\t\t\t\t<\/div>\n\t\t\t\t<\/div>\n\t\t\t\t<div class=\"elementor-element elementor-element-1da9437 elementor-widget elementor-widget-image\" data-id=\"1da9437\" data-element_type=\"widget\" data-e-type=\"widget\" data-widget_type=\"image.default\">\n\t\t\t\t<div class=\"elementor-widget-container\">\n\t\t\t\t\t\t\t\t\t\t\t\t<figure class=\"wp-caption\">\n\t\t\t\t\t\t\t\t\t\t<img loading=\"lazy\" decoding=\"async\" width=\"768\" height=\"511\" src=\"https:\/\/www.elturistatranquil.com\/wp-content\/uploads\/F06-Basilica-de-San-Juan-de-Banos-Banos-de-Cerrato-Palencia.jpg\" class=\"attachment-large size-large wp-image-55784\" alt=\"Basilica de San Juan de Ba\u00f1os, Ba\u00f1os de Cerrato, Palencia\" srcset=\"https:\/\/www.elturistatranquil.com\/wp-content\/uploads\/F06-Basilica-de-San-Juan-de-Banos-Banos-de-Cerrato-Palencia.jpg 768w, https:\/\/www.elturistatranquil.com\/wp-content\/uploads\/F06-Basilica-de-San-Juan-de-Banos-Banos-de-Cerrato-Palencia-339x226.jpg 339w\" sizes=\"(max-width: 768px) 100vw, 768px\" \/>\t\t\t\t\t\t\t\t\t\t\t<figcaption class=\"widget-image-caption wp-caption-text\"><\/figcaption>\n\t\t\t\t\t\t\t\t\t\t<\/figure>\n\t\t\t\t\t\t\t\t\t<\/div>\n\t\t\t\t<\/div>\n\t\t\t\t<div class=\"elementor-element elementor-element-2e74162 elementor-widget elementor-widget-image\" data-id=\"2e74162\" data-element_type=\"widget\" data-e-type=\"widget\" data-widget_type=\"image.default\">\n\t\t\t\t<div class=\"elementor-widget-container\">\n\t\t\t\t\t\t\t\t\t\t\t\t<figure class=\"wp-caption\">\n\t\t\t\t\t\t\t\t\t\t<img loading=\"lazy\" decoding=\"async\" width=\"768\" height=\"511\" src=\"https:\/\/www.elturistatranquil.com\/wp-content\/uploads\/F07-Basilica-de-San-Juan-de-Banos-Banos-de-Cerrato-Palencia.jpg\" class=\"attachment-large size-large wp-image-55786\" alt=\"Basilica de San Juan de Ba\u00f1os, Ba\u00f1os de Cerrato, Palencia\" srcset=\"https:\/\/www.elturistatranquil.com\/wp-content\/uploads\/F07-Basilica-de-San-Juan-de-Banos-Banos-de-Cerrato-Palencia.jpg 768w, https:\/\/www.elturistatranquil.com\/wp-content\/uploads\/F07-Basilica-de-San-Juan-de-Banos-Banos-de-Cerrato-Palencia-339x226.jpg 339w\" sizes=\"(max-width: 768px) 100vw, 768px\" \/>\t\t\t\t\t\t\t\t\t\t\t<figcaption class=\"widget-image-caption wp-caption-text\"><\/figcaption>\n\t\t\t\t\t\t\t\t\t\t<\/figure>\n\t\t\t\t\t\t\t\t\t<\/div>\n\t\t\t\t<\/div>\n\t\t\t\t<div class=\"elementor-element elementor-element-cd2cc2f elementor-widget elementor-widget-image\" data-id=\"cd2cc2f\" data-element_type=\"widget\" data-e-type=\"widget\" data-widget_type=\"image.default\">\n\t\t\t\t<div class=\"elementor-widget-container\">\n\t\t\t\t\t\t\t\t\t\t\t\t<figure class=\"wp-caption\">\n\t\t\t\t\t\t\t\t\t\t<img loading=\"lazy\" decoding=\"async\" width=\"768\" height=\"511\" src=\"https:\/\/www.elturistatranquil.com\/wp-content\/uploads\/F08-Basilica-de-San-Juan-de-Banos-Banos-de-Cerrato-Palencia.jpg\" class=\"attachment-large size-large wp-image-55788\" alt=\"Basilica de San Juan de Ba\u00f1os, Ba\u00f1os de Cerrato, Palencia\" srcset=\"https:\/\/www.elturistatranquil.com\/wp-content\/uploads\/F08-Basilica-de-San-Juan-de-Banos-Banos-de-Cerrato-Palencia.jpg 768w, https:\/\/www.elturistatranquil.com\/wp-content\/uploads\/F08-Basilica-de-San-Juan-de-Banos-Banos-de-Cerrato-Palencia-339x226.jpg 339w\" sizes=\"(max-width: 768px) 100vw, 768px\" \/>\t\t\t\t\t\t\t\t\t\t\t<figcaption class=\"widget-image-caption wp-caption-text\"><\/figcaption>\n\t\t\t\t\t\t\t\t\t\t<\/figure>\n\t\t\t\t\t\t\t\t\t<\/div>\n\t\t\t\t<\/div>\n\t\t\t\t<div class=\"elementor-element elementor-element-15c560b elementor-widget elementor-widget-image\" data-id=\"15c560b\" data-element_type=\"widget\" data-e-type=\"widget\" data-widget_type=\"image.default\">\n\t\t\t\t<div class=\"elementor-widget-container\">\n\t\t\t\t\t\t\t\t\t\t\t\t<figure class=\"wp-caption\">\n\t\t\t\t\t\t\t\t\t\t<img loading=\"lazy\" decoding=\"async\" width=\"768\" height=\"511\" src=\"https:\/\/www.elturistatranquil.com\/wp-content\/uploads\/F09-Basilica-de-San-Juan-de-Banos-Banos-de-Cerrato-Palencia.jpg\" class=\"attachment-large size-large wp-image-55790\" alt=\"Basilica de San Juan de Ba\u00f1os, Ba\u00f1os de Cerrato, Palencia\" srcset=\"https:\/\/www.elturistatranquil.com\/wp-content\/uploads\/F09-Basilica-de-San-Juan-de-Banos-Banos-de-Cerrato-Palencia.jpg 768w, https:\/\/www.elturistatranquil.com\/wp-content\/uploads\/F09-Basilica-de-San-Juan-de-Banos-Banos-de-Cerrato-Palencia-339x226.jpg 339w\" sizes=\"(max-width: 768px) 100vw, 768px\" \/>\t\t\t\t\t\t\t\t\t\t\t<figcaption class=\"widget-image-caption wp-caption-text\"><\/figcaption>\n\t\t\t\t\t\t\t\t\t\t<\/figure>\n\t\t\t\t\t\t\t\t\t<\/div>\n\t\t\t\t<\/div>\n\t\t\t\t<div class=\"elementor-element elementor-element-161fdcb elementor-widget elementor-widget-image\" data-id=\"161fdcb\" data-element_type=\"widget\" data-e-type=\"widget\" data-widget_type=\"image.default\">\n\t\t\t\t<div class=\"elementor-widget-container\">\n\t\t\t\t\t\t\t\t\t\t\t\t<figure class=\"wp-caption\">\n\t\t\t\t\t\t\t\t\t\t<img loading=\"lazy\" decoding=\"async\" width=\"768\" height=\"512\" src=\"https:\/\/www.elturistatranquil.com\/wp-content\/uploads\/F10-Basilica-de-San-Juan-de-Banos-Banos-de-Cerrato-Palencia.jpg\" class=\"attachment-large size-large wp-image-55795\" alt=\"Basilica de San Juan de Ba\u00f1os, Ba\u00f1os de Cerrato, Palencia\" srcset=\"https:\/\/www.elturistatranquil.com\/wp-content\/uploads\/F10-Basilica-de-San-Juan-de-Banos-Banos-de-Cerrato-Palencia.jpg 768w, https:\/\/www.elturistatranquil.com\/wp-content\/uploads\/F10-Basilica-de-San-Juan-de-Banos-Banos-de-Cerrato-Palencia-339x226.jpg 339w\" sizes=\"(max-width: 768px) 100vw, 768px\" \/>\t\t\t\t\t\t\t\t\t\t\t<figcaption class=\"widget-image-caption wp-caption-text\"><\/figcaption>\n\t\t\t\t\t\t\t\t\t\t<\/figure>\n\t\t\t\t\t\t\t\t\t<\/div>\n\t\t\t\t<\/div>\n\t\t\t\t<div class=\"elementor-element elementor-element-4210fa9 elementor-widget elementor-widget-image\" data-id=\"4210fa9\" data-element_type=\"widget\" data-e-type=\"widget\" data-widget_type=\"image.default\">\n\t\t\t\t<div class=\"elementor-widget-container\">\n\t\t\t\t\t\t\t\t\t\t\t\t<figure class=\"wp-caption\">\n\t\t\t\t\t\t\t\t\t\t<img loading=\"lazy\" decoding=\"async\" width=\"768\" height=\"512\" src=\"https:\/\/www.elturistatranquil.com\/wp-content\/uploads\/F11-Basilica-de-San-Juan-de-Banos-Banos-de-Cerrato-Palencia.jpg\" class=\"attachment-large size-large wp-image-55797\" alt=\"Basilica de San Juan de Ba\u00f1os, Ba\u00f1os de Cerrato, Palencia\" srcset=\"https:\/\/www.elturistatranquil.com\/wp-content\/uploads\/F11-Basilica-de-San-Juan-de-Banos-Banos-de-Cerrato-Palencia.jpg 768w, https:\/\/www.elturistatranquil.com\/wp-content\/uploads\/F11-Basilica-de-San-Juan-de-Banos-Banos-de-Cerrato-Palencia-339x226.jpg 339w\" sizes=\"(max-width: 768px) 100vw, 768px\" \/>\t\t\t\t\t\t\t\t\t\t\t<figcaption class=\"widget-image-caption wp-caption-text\"><\/figcaption>\n\t\t\t\t\t\t\t\t\t\t<\/figure>\n\t\t\t\t\t\t\t\t\t<\/div>\n\t\t\t\t<\/div>\n\t\t\t\t<div class=\"elementor-element elementor-element-a34e24e elementor-widget elementor-widget-image\" data-id=\"a34e24e\" data-element_type=\"widget\" data-e-type=\"widget\" data-widget_type=\"image.default\">\n\t\t\t\t<div class=\"elementor-widget-container\">\n\t\t\t\t\t\t\t\t\t\t\t\t<figure class=\"wp-caption\">\n\t\t\t\t\t\t\t\t\t\t<img loading=\"lazy\" decoding=\"async\" width=\"768\" height=\"512\" src=\"https:\/\/www.elturistatranquil.com\/wp-content\/uploads\/F12-Basilica-de-San-Juan-de-Banos-Banos-de-Cerrato-Palencia.jpg\" class=\"attachment-large size-large wp-image-55799\" alt=\"Basilica de San Juan de Ba\u00f1os, Ba\u00f1os de Cerrato, Palencia\" srcset=\"https:\/\/www.elturistatranquil.com\/wp-content\/uploads\/F12-Basilica-de-San-Juan-de-Banos-Banos-de-Cerrato-Palencia.jpg 768w, https:\/\/www.elturistatranquil.com\/wp-content\/uploads\/F12-Basilica-de-San-Juan-de-Banos-Banos-de-Cerrato-Palencia-339x226.jpg 339w\" sizes=\"(max-width: 768px) 100vw, 768px\" \/>\t\t\t\t\t\t\t\t\t\t\t<figcaption class=\"widget-image-caption wp-caption-text\"><\/figcaption>\n\t\t\t\t\t\t\t\t\t\t<\/figure>\n\t\t\t\t\t\t\t\t\t<\/div>\n\t\t\t\t<\/div>\n\t\t\t\t<div class=\"elementor-element elementor-element-1dc5d1a elementor-widget elementor-widget-image\" data-id=\"1dc5d1a\" data-element_type=\"widget\" data-e-type=\"widget\" data-widget_type=\"image.default\">\n\t\t\t\t<div class=\"elementor-widget-container\">\n\t\t\t\t\t\t\t\t\t\t\t\t<figure class=\"wp-caption\">\n\t\t\t\t\t\t\t\t\t\t<img loading=\"lazy\" decoding=\"async\" width=\"768\" height=\"512\" src=\"https:\/\/www.elturistatranquil.com\/wp-content\/uploads\/F13-Basilica-de-San-Juan-de-Banos-Banos-de-Cerrato-Palencia.jpg\" class=\"attachment-large size-large wp-image-55801\" alt=\"Basilica de San Juan de Ba\u00f1os, Ba\u00f1os de Cerrato, Palencia\" srcset=\"https:\/\/www.elturistatranquil.com\/wp-content\/uploads\/F13-Basilica-de-San-Juan-de-Banos-Banos-de-Cerrato-Palencia.jpg 768w, https:\/\/www.elturistatranquil.com\/wp-content\/uploads\/F13-Basilica-de-San-Juan-de-Banos-Banos-de-Cerrato-Palencia-339x226.jpg 339w\" sizes=\"(max-width: 768px) 100vw, 768px\" \/>\t\t\t\t\t\t\t\t\t\t\t<figcaption class=\"widget-image-caption wp-caption-text\"><\/figcaption>\n\t\t\t\t\t\t\t\t\t\t<\/figure>\n\t\t\t\t\t\t\t\t\t<\/div>\n\t\t\t\t<\/div>\n\t\t\t\t<div class=\"elementor-element elementor-element-faeaccf elementor-widget elementor-widget-image\" data-id=\"faeaccf\" data-element_type=\"widget\" data-e-type=\"widget\" data-widget_type=\"image.default\">\n\t\t\t\t<div class=\"elementor-widget-container\">\n\t\t\t\t\t\t\t\t\t\t\t\t<figure class=\"wp-caption\">\n\t\t\t\t\t\t\t\t\t\t<img loading=\"lazy\" decoding=\"async\" width=\"768\" height=\"512\" src=\"https:\/\/www.elturistatranquil.com\/wp-content\/uploads\/F14-Basilica-de-San-Juan-de-Banos-Banos-de-Cerrato-Palencia.jpg\" class=\"attachment-large size-large wp-image-55803\" alt=\"Basilica de San Juan de Ba\u00f1os, Ba\u00f1os de Cerrato, Palencia\" srcset=\"https:\/\/www.elturistatranquil.com\/wp-content\/uploads\/F14-Basilica-de-San-Juan-de-Banos-Banos-de-Cerrato-Palencia.jpg 768w, https:\/\/www.elturistatranquil.com\/wp-content\/uploads\/F14-Basilica-de-San-Juan-de-Banos-Banos-de-Cerrato-Palencia-339x226.jpg 339w\" sizes=\"(max-width: 768px) 100vw, 768px\" \/>\t\t\t\t\t\t\t\t\t\t\t<figcaption class=\"widget-image-caption wp-caption-text\"><\/figcaption>\n\t\t\t\t\t\t\t\t\t\t<\/figure>\n\t\t\t\t\t\t\t\t\t<\/div>\n\t\t\t\t<\/div>\n\t\t\t\t<div class=\"elementor-element elementor-element-971142e elementor-widget elementor-widget-image\" data-id=\"971142e\" data-element_type=\"widget\" data-e-type=\"widget\" data-widget_type=\"image.default\">\n\t\t\t\t<div class=\"elementor-widget-container\">\n\t\t\t\t\t\t\t\t\t\t\t\t<figure class=\"wp-caption\">\n\t\t\t\t\t\t\t\t\t\t<img loading=\"lazy\" decoding=\"async\" width=\"768\" height=\"512\" src=\"https:\/\/www.elturistatranquil.com\/wp-content\/uploads\/F15-Basilica-de-San-Juan-de-Banos-Banos-de-Cerrato-Palencia.jpg\" class=\"attachment-large size-large wp-image-55805\" alt=\"Basilica de San Juan de Ba\u00f1os, Ba\u00f1os de Cerrato, Palencia\" srcset=\"https:\/\/www.elturistatranquil.com\/wp-content\/uploads\/F15-Basilica-de-San-Juan-de-Banos-Banos-de-Cerrato-Palencia.jpg 768w, https:\/\/www.elturistatranquil.com\/wp-content\/uploads\/F15-Basilica-de-San-Juan-de-Banos-Banos-de-Cerrato-Palencia-339x226.jpg 339w\" sizes=\"(max-width: 768px) 100vw, 768px\" \/>\t\t\t\t\t\t\t\t\t\t\t<figcaption class=\"widget-image-caption wp-caption-text\"><\/figcaption>\n\t\t\t\t\t\t\t\t\t\t<\/figure>\n\t\t\t\t\t\t\t\t\t<\/div>\n\t\t\t\t<\/div>\n\t\t\t\t<div class=\"elementor-element elementor-element-3275c04 elementor-widget elementor-widget-image\" data-id=\"3275c04\" data-element_type=\"widget\" data-e-type=\"widget\" data-widget_type=\"image.default\">\n\t\t\t\t<div class=\"elementor-widget-container\">\n\t\t\t\t\t\t\t\t\t\t\t\t<figure class=\"wp-caption\">\n\t\t\t\t\t\t\t\t\t\t<img loading=\"lazy\" decoding=\"async\" width=\"768\" height=\"511\" src=\"https:\/\/www.elturistatranquil.com\/wp-content\/uploads\/F17-Basilica-de-San-Juan-de-Banos-Banos-de-Cerrato-Palencia.jpg\" class=\"attachment-large size-large wp-image-55809\" alt=\"Basilica de San Juan de Ba\u00f1os, Ba\u00f1os de Cerrato, Palencia\" srcset=\"https:\/\/www.elturistatranquil.com\/wp-content\/uploads\/F17-Basilica-de-San-Juan-de-Banos-Banos-de-Cerrato-Palencia.jpg 768w, https:\/\/www.elturistatranquil.com\/wp-content\/uploads\/F17-Basilica-de-San-Juan-de-Banos-Banos-de-Cerrato-Palencia-339x226.jpg 339w\" sizes=\"(max-width: 768px) 100vw, 768px\" \/>\t\t\t\t\t\t\t\t\t\t\t<figcaption class=\"widget-image-caption wp-caption-text\"><\/figcaption>\n\t\t\t\t\t\t\t\t\t\t<\/figure>\n\t\t\t\t\t\t\t\t\t<\/div>\n\t\t\t\t<\/div>\n\t\t\t\t<div class=\"elementor-element elementor-element-dcd512f elementor-widget elementor-widget-image\" data-id=\"dcd512f\" data-element_type=\"widget\" data-e-type=\"widget\" data-widget_type=\"image.default\">\n\t\t\t\t<div class=\"elementor-widget-container\">\n\t\t\t\t\t\t\t\t\t\t\t\t<figure class=\"wp-caption\">\n\t\t\t\t\t\t\t\t\t\t<img loading=\"lazy\" decoding=\"async\" width=\"768\" height=\"511\" src=\"https:\/\/www.elturistatranquil.com\/wp-content\/uploads\/F18-Basilica-de-San-Juan-de-Banos-Banos-de-Cerrato-Palencia.jpg\" class=\"attachment-large size-large wp-image-55811\" alt=\"Basilica de San Juan de Ba\u00f1os, Ba\u00f1os de Cerrato, Palencia\" srcset=\"https:\/\/www.elturistatranquil.com\/wp-content\/uploads\/F18-Basilica-de-San-Juan-de-Banos-Banos-de-Cerrato-Palencia.jpg 768w, https:\/\/www.elturistatranquil.com\/wp-content\/uploads\/F18-Basilica-de-San-Juan-de-Banos-Banos-de-Cerrato-Palencia-339x226.jpg 339w\" sizes=\"(max-width: 768px) 100vw, 768px\" \/>\t\t\t\t\t\t\t\t\t\t\t<figcaption class=\"widget-image-caption wp-caption-text\"><\/figcaption>\n\t\t\t\t\t\t\t\t\t\t<\/figure>\n\t\t\t\t\t\t\t\t\t<\/div>\n\t\t\t\t<\/div>\n\t\t\t\t<div class=\"elementor-element elementor-element-2416036 elementor-widget elementor-widget-image\" data-id=\"2416036\" data-element_type=\"widget\" data-e-type=\"widget\" data-widget_type=\"image.default\">\n\t\t\t\t<div class=\"elementor-widget-container\">\n\t\t\t\t\t\t\t\t\t\t\t\t<figure class=\"wp-caption\">\n\t\t\t\t\t\t\t\t\t\t<img loading=\"lazy\" decoding=\"async\" width=\"768\" height=\"511\" src=\"https:\/\/www.elturistatranquil.com\/wp-content\/uploads\/F19-Basilica-de-San-Juan-de-Banos-Banos-de-Cerrato-Palencia.jpg\" class=\"attachment-large size-large wp-image-55816\" alt=\"Basilica de San Juan de Ba\u00f1os, Ba\u00f1os de Cerrato, Palencia\" srcset=\"https:\/\/www.elturistatranquil.com\/wp-content\/uploads\/F19-Basilica-de-San-Juan-de-Banos-Banos-de-Cerrato-Palencia.jpg 768w, https:\/\/www.elturistatranquil.com\/wp-content\/uploads\/F19-Basilica-de-San-Juan-de-Banos-Banos-de-Cerrato-Palencia-339x226.jpg 339w\" sizes=\"(max-width: 768px) 100vw, 768px\" \/>\t\t\t\t\t\t\t\t\t\t\t<figcaption class=\"widget-image-caption wp-caption-text\"><\/figcaption>\n\t\t\t\t\t\t\t\t\t\t<\/figure>\n\t\t\t\t\t\t\t\t\t<\/div>\n\t\t\t\t<\/div>\n\t\t\t\t<div class=\"elementor-element elementor-element-584122e elementor-widget elementor-widget-image\" data-id=\"584122e\" data-element_type=\"widget\" data-e-type=\"widget\" data-widget_type=\"image.default\">\n\t\t\t\t<div class=\"elementor-widget-container\">\n\t\t\t\t\t\t\t\t\t\t\t\t<figure class=\"wp-caption\">\n\t\t\t\t\t\t\t\t\t\t<img loading=\"lazy\" decoding=\"async\" width=\"768\" height=\"512\" src=\"https:\/\/www.elturistatranquil.com\/wp-content\/uploads\/F20-Basilica-de-San-Juan-de-Banos-Banos-de-Cerrato-Palencia.jpg\" class=\"attachment-large size-large wp-image-55818\" alt=\"Basilica de San Juan de Ba\u00f1os, Ba\u00f1os de Cerrato, Palencia\" srcset=\"https:\/\/www.elturistatranquil.com\/wp-content\/uploads\/F20-Basilica-de-San-Juan-de-Banos-Banos-de-Cerrato-Palencia.jpg 768w, https:\/\/www.elturistatranquil.com\/wp-content\/uploads\/F20-Basilica-de-San-Juan-de-Banos-Banos-de-Cerrato-Palencia-339x226.jpg 339w\" sizes=\"(max-width: 768px) 100vw, 768px\" \/>\t\t\t\t\t\t\t\t\t\t\t<figcaption class=\"widget-image-caption wp-caption-text\"><\/figcaption>\n\t\t\t\t\t\t\t\t\t\t<\/figure>\n\t\t\t\t\t\t\t\t\t<\/div>\n\t\t\t\t<\/div>\n\t\t\t\t<div class=\"elementor-element elementor-element-8c17ace elementor-widget elementor-widget-image\" data-id=\"8c17ace\" data-element_type=\"widget\" data-e-type=\"widget\" data-widget_type=\"image.default\">\n\t\t\t\t<div class=\"elementor-widget-container\">\n\t\t\t\t\t\t\t\t\t\t\t\t<figure class=\"wp-caption\">\n\t\t\t\t\t\t\t\t\t\t<img loading=\"lazy\" decoding=\"async\" width=\"768\" height=\"512\" src=\"https:\/\/www.elturistatranquil.com\/wp-content\/uploads\/F22-Basilica-de-San-Juan-de-Banos-Banos-de-Cerrato-Palencia.jpg\" class=\"attachment-large size-large wp-image-55822\" alt=\"Basilica de San Juan de Ba\u00f1os, Ba\u00f1os de Cerrato, Palencia\" srcset=\"https:\/\/www.elturistatranquil.com\/wp-content\/uploads\/F22-Basilica-de-San-Juan-de-Banos-Banos-de-Cerrato-Palencia.jpg 768w, https:\/\/www.elturistatranquil.com\/wp-content\/uploads\/F22-Basilica-de-San-Juan-de-Banos-Banos-de-Cerrato-Palencia-339x226.jpg 339w\" sizes=\"(max-width: 768px) 100vw, 768px\" \/>\t\t\t\t\t\t\t\t\t\t\t<figcaption class=\"widget-image-caption wp-caption-text\"><\/figcaption>\n\t\t\t\t\t\t\t\t\t\t<\/figure>\n\t\t\t\t\t\t\t\t\t<\/div>\n\t\t\t\t<\/div>\n\t\t\t\t<div class=\"elementor-element elementor-element-16ce264 elementor-widget elementor-widget-image\" data-id=\"16ce264\" data-element_type=\"widget\" data-e-type=\"widget\" data-widget_type=\"image.default\">\n\t\t\t\t<div class=\"elementor-widget-container\">\n\t\t\t\t\t\t\t\t\t\t\t\t<figure class=\"wp-caption\">\n\t\t\t\t\t\t\t\t\t\t<img loading=\"lazy\" decoding=\"async\" width=\"768\" height=\"512\" src=\"https:\/\/www.elturistatranquil.com\/wp-content\/uploads\/F23-Basilica-de-San-Juan-de-Banos-Banos-de-Cerrato-Palencia.jpg\" class=\"attachment-large size-large wp-image-55824\" alt=\"Basilica de San Juan de Ba\u00f1os, Ba\u00f1os de Cerrato, Palencia\" srcset=\"https:\/\/www.elturistatranquil.com\/wp-content\/uploads\/F23-Basilica-de-San-Juan-de-Banos-Banos-de-Cerrato-Palencia.jpg 768w, https:\/\/www.elturistatranquil.com\/wp-content\/uploads\/F23-Basilica-de-San-Juan-de-Banos-Banos-de-Cerrato-Palencia-339x226.jpg 339w\" sizes=\"(max-width: 768px) 100vw, 768px\" \/>\t\t\t\t\t\t\t\t\t\t\t<figcaption class=\"widget-image-caption wp-caption-text\"><\/figcaption>\n\t\t\t\t\t\t\t\t\t\t<\/figure>\n\t\t\t\t\t\t\t\t\t<\/div>\n\t\t\t\t<\/div>\n\t\t\t\t<div class=\"elementor-element elementor-element-25e1b10 elementor-widget elementor-widget-image\" data-id=\"25e1b10\" data-element_type=\"widget\" data-e-type=\"widget\" data-widget_type=\"image.default\">\n\t\t\t\t<div class=\"elementor-widget-container\">\n\t\t\t\t\t\t\t\t\t\t\t\t<figure class=\"wp-caption\">\n\t\t\t\t\t\t\t\t\t\t<img loading=\"lazy\" decoding=\"async\" width=\"768\" height=\"512\" src=\"https:\/\/www.elturistatranquil.com\/wp-content\/uploads\/F24-Basilica-de-San-Juan-de-Banos-Banos-de-Cerrato-Palencia.jpg\" class=\"attachment-large size-large wp-image-55829\" alt=\"Basilica de San Juan de Ba\u00f1os, Ba\u00f1os de Cerrato, Palencia\" srcset=\"https:\/\/www.elturistatranquil.com\/wp-content\/uploads\/F24-Basilica-de-San-Juan-de-Banos-Banos-de-Cerrato-Palencia.jpg 768w, https:\/\/www.elturistatranquil.com\/wp-content\/uploads\/F24-Basilica-de-San-Juan-de-Banos-Banos-de-Cerrato-Palencia-339x226.jpg 339w\" sizes=\"(max-width: 768px) 100vw, 768px\" \/>\t\t\t\t\t\t\t\t\t\t\t<figcaption class=\"widget-image-caption wp-caption-text\"><\/figcaption>\n\t\t\t\t\t\t\t\t\t\t<\/figure>\n\t\t\t\t\t\t\t\t\t<\/div>\n\t\t\t\t<\/div>\n\t\t\t\t<div class=\"elementor-element elementor-element-b74e8ad elementor-widget elementor-widget-image\" data-id=\"b74e8ad\" data-element_type=\"widget\" data-e-type=\"widget\" data-widget_type=\"image.default\">\n\t\t\t\t<div class=\"elementor-widget-container\">\n\t\t\t\t\t\t\t\t\t\t\t\t<figure class=\"wp-caption\">\n\t\t\t\t\t\t\t\t\t\t<img loading=\"lazy\" decoding=\"async\" width=\"768\" height=\"512\" src=\"https:\/\/www.elturistatranquil.com\/wp-content\/uploads\/F25-Basilica-de-San-Juan-de-Banos-Banos-de-Cerrato-Palencia.jpg\" class=\"attachment-large size-large wp-image-55831\" alt=\"Basilica de San Juan de Ba\u00f1os, Ba\u00f1os de Cerrato, Palencia\" srcset=\"https:\/\/www.elturistatranquil.com\/wp-content\/uploads\/F25-Basilica-de-San-Juan-de-Banos-Banos-de-Cerrato-Palencia.jpg 768w, https:\/\/www.elturistatranquil.com\/wp-content\/uploads\/F25-Basilica-de-San-Juan-de-Banos-Banos-de-Cerrato-Palencia-339x226.jpg 339w\" sizes=\"(max-width: 768px) 100vw, 768px\" \/>\t\t\t\t\t\t\t\t\t\t\t<figcaption class=\"widget-image-caption wp-caption-text\"><\/figcaption>\n\t\t\t\t\t\t\t\t\t\t<\/figure>\n\t\t\t\t\t\t\t\t\t<\/div>\n\t\t\t\t<\/div>\n\t\t\t\t<div class=\"elementor-element elementor-element-7aa6c4d elementor-widget elementor-widget-image\" data-id=\"7aa6c4d\" data-element_type=\"widget\" data-e-type=\"widget\" data-widget_type=\"image.default\">\n\t\t\t\t<div class=\"elementor-widget-container\">\n\t\t\t\t\t\t\t\t\t\t\t\t<figure class=\"wp-caption\">\n\t\t\t\t\t\t\t\t\t\t<img loading=\"lazy\" decoding=\"async\" width=\"768\" height=\"512\" src=\"https:\/\/www.elturistatranquil.com\/wp-content\/uploads\/F26-Basilica-de-San-Juan-de-Banos-Banos-de-Cerrato-Palencia.jpg\" class=\"attachment-large size-large wp-image-55833\" alt=\"Basilica de San Juan de Ba\u00f1os, Ba\u00f1os de Cerrato, Palencia\" srcset=\"https:\/\/www.elturistatranquil.com\/wp-content\/uploads\/F26-Basilica-de-San-Juan-de-Banos-Banos-de-Cerrato-Palencia.jpg 768w, https:\/\/www.elturistatranquil.com\/wp-content\/uploads\/F26-Basilica-de-San-Juan-de-Banos-Banos-de-Cerrato-Palencia-339x226.jpg 339w\" sizes=\"(max-width: 768px) 100vw, 768px\" \/>\t\t\t\t\t\t\t\t\t\t\t<figcaption class=\"widget-image-caption wp-caption-text\"><\/figcaption>\n\t\t\t\t\t\t\t\t\t\t<\/figure>\n\t\t\t\t\t\t\t\t\t<\/div>\n\t\t\t\t<\/div>\n\t\t\t\t<div class=\"elementor-element elementor-element-350180e elementor-widget elementor-widget-image\" data-id=\"350180e\" data-element_type=\"widget\" data-e-type=\"widget\" data-widget_type=\"image.default\">\n\t\t\t\t<div class=\"elementor-widget-container\">\n\t\t\t\t\t\t\t\t\t\t\t\t<figure class=\"wp-caption\">\n\t\t\t\t\t\t\t\t\t\t<img loading=\"lazy\" decoding=\"async\" width=\"768\" height=\"511\" src=\"https:\/\/www.elturistatranquil.com\/wp-content\/uploads\/F27-Basilica-de-San-Juan-de-Banos-Banos-de-Cerrato-Palencia.jpg\" class=\"attachment-large size-large wp-image-55835\" alt=\"Basilica de San Juan de Ba\u00f1os, Ba\u00f1os de Cerrato, Palencia\" srcset=\"https:\/\/www.elturistatranquil.com\/wp-content\/uploads\/F27-Basilica-de-San-Juan-de-Banos-Banos-de-Cerrato-Palencia.jpg 768w, https:\/\/www.elturistatranquil.com\/wp-content\/uploads\/F27-Basilica-de-San-Juan-de-Banos-Banos-de-Cerrato-Palencia-339x226.jpg 339w\" sizes=\"(max-width: 768px) 100vw, 768px\" \/>\t\t\t\t\t\t\t\t\t\t\t<figcaption class=\"widget-image-caption wp-caption-text\"><\/figcaption>\n\t\t\t\t\t\t\t\t\t\t<\/figure>\n\t\t\t\t\t\t\t\t\t<\/div>\n\t\t\t\t<\/div>\n\t\t\t\t<div class=\"elementor-element elementor-element-b969991 elementor-widget elementor-widget-image\" data-id=\"b969991\" data-element_type=\"widget\" data-e-type=\"widget\" data-widget_type=\"image.default\">\n\t\t\t\t<div class=\"elementor-widget-container\">\n\t\t\t\t\t\t\t\t\t\t\t\t<figure class=\"wp-caption\">\n\t\t\t\t\t\t\t\t\t\t<img loading=\"lazy\" decoding=\"async\" width=\"768\" height=\"511\" src=\"https:\/\/www.elturistatranquil.com\/wp-content\/uploads\/F28-Basilica-de-San-Juan-de-Banos-Banos-de-Cerrato-Palencia.jpg\" class=\"attachment-large size-large wp-image-55837\" alt=\"Basilica de San Juan de Ba\u00f1os, Ba\u00f1os de Cerrato, Palencia\" srcset=\"https:\/\/www.elturistatranquil.com\/wp-content\/uploads\/F28-Basilica-de-San-Juan-de-Banos-Banos-de-Cerrato-Palencia.jpg 768w, https:\/\/www.elturistatranquil.com\/wp-content\/uploads\/F28-Basilica-de-San-Juan-de-Banos-Banos-de-Cerrato-Palencia-339x226.jpg 339w\" sizes=\"(max-width: 768px) 100vw, 768px\" \/>\t\t\t\t\t\t\t\t\t\t\t<figcaption class=\"widget-image-caption wp-caption-text\"><\/figcaption>\n\t\t\t\t\t\t\t\t\t\t<\/figure>\n\t\t\t\t\t\t\t\t\t<\/div>\n\t\t\t\t<\/div>\n\t\t\t\t<div class=\"elementor-element elementor-element-678ff87 elementor-widget elementor-widget-image\" data-id=\"678ff87\" data-element_type=\"widget\" data-e-type=\"widget\" data-widget_type=\"image.default\">\n\t\t\t\t<div class=\"elementor-widget-container\">\n\t\t\t\t\t\t\t\t\t\t\t\t<figure class=\"wp-caption\">\n\t\t\t\t\t\t\t\t\t\t<img loading=\"lazy\" decoding=\"async\" width=\"768\" height=\"512\" src=\"https:\/\/www.elturistatranquil.com\/wp-content\/uploads\/F29-Basilica-de-San-Juan-de-Banos-Banos-de-Cerrato-Palencia.jpg\" class=\"attachment-large size-large wp-image-55842\" alt=\"Basilica de San Juan de Ba\u00f1os, Ba\u00f1os de Cerrato, Palencia\" srcset=\"https:\/\/www.elturistatranquil.com\/wp-content\/uploads\/F29-Basilica-de-San-Juan-de-Banos-Banos-de-Cerrato-Palencia.jpg 768w, https:\/\/www.elturistatranquil.com\/wp-content\/uploads\/F29-Basilica-de-San-Juan-de-Banos-Banos-de-Cerrato-Palencia-339x226.jpg 339w\" sizes=\"(max-width: 768px) 100vw, 768px\" \/>\t\t\t\t\t\t\t\t\t\t\t<figcaption class=\"widget-image-caption wp-caption-text\"><\/figcaption>\n\t\t\t\t\t\t\t\t\t\t<\/figure>\n\t\t\t\t\t\t\t\t\t<\/div>\n\t\t\t\t<\/div>\n\t\t\t\t<div class=\"elementor-element elementor-element-ef39637 elementor-widget elementor-widget-image\" data-id=\"ef39637\" data-element_type=\"widget\" data-e-type=\"widget\" data-widget_type=\"image.default\">\n\t\t\t\t<div class=\"elementor-widget-container\">\n\t\t\t\t\t\t\t\t\t\t\t\t<figure class=\"wp-caption\">\n\t\t\t\t\t\t\t\t\t\t<img loading=\"lazy\" decoding=\"async\" width=\"768\" height=\"512\" src=\"https:\/\/www.elturistatranquil.com\/wp-content\/uploads\/F30-Basilica-de-San-Juan-de-Banos-Banos-de-Cerrato-Palencia.jpg\" class=\"attachment-large size-large wp-image-55844\" alt=\"Basilica de San Juan de Ba\u00f1os, Ba\u00f1os de Cerrato, Palencia\" srcset=\"https:\/\/www.elturistatranquil.com\/wp-content\/uploads\/F30-Basilica-de-San-Juan-de-Banos-Banos-de-Cerrato-Palencia.jpg 768w, https:\/\/www.elturistatranquil.com\/wp-content\/uploads\/F30-Basilica-de-San-Juan-de-Banos-Banos-de-Cerrato-Palencia-339x226.jpg 339w\" sizes=\"(max-width: 768px) 100vw, 768px\" \/>\t\t\t\t\t\t\t\t\t\t\t<figcaption class=\"widget-image-caption wp-caption-text\"><\/figcaption>\n\t\t\t\t\t\t\t\t\t\t<\/figure>\n\t\t\t\t\t\t\t\t\t<\/div>\n\t\t\t\t<\/div>\n\t\t\t\t<div class=\"elementor-element elementor-element-456969b elementor-widget elementor-widget-image\" data-id=\"456969b\" data-element_type=\"widget\" data-e-type=\"widget\" data-widget_type=\"image.default\">\n\t\t\t\t<div class=\"elementor-widget-container\">\n\t\t\t\t\t\t\t\t\t\t\t\t<figure class=\"wp-caption\">\n\t\t\t\t\t\t\t\t\t\t<img loading=\"lazy\" decoding=\"async\" width=\"768\" height=\"511\" src=\"https:\/\/www.elturistatranquil.com\/wp-content\/uploads\/F31-Basilica-de-San-Juan-de-Banos-Banos-de-Cerrato-Palencia.jpg\" class=\"attachment-large size-large wp-image-55846\" alt=\"Basilica de San Juan de Ba\u00f1os, Ba\u00f1os de Cerrato, Palencia\" srcset=\"https:\/\/www.elturistatranquil.com\/wp-content\/uploads\/F31-Basilica-de-San-Juan-de-Banos-Banos-de-Cerrato-Palencia.jpg 768w, https:\/\/www.elturistatranquil.com\/wp-content\/uploads\/F31-Basilica-de-San-Juan-de-Banos-Banos-de-Cerrato-Palencia-339x226.jpg 339w\" sizes=\"(max-width: 768px) 100vw, 768px\" \/>\t\t\t\t\t\t\t\t\t\t\t<figcaption class=\"widget-image-caption wp-caption-text\"><\/figcaption>\n\t\t\t\t\t\t\t\t\t\t<\/figure>\n\t\t\t\t\t\t\t\t\t<\/div>\n\t\t\t\t<\/div>\n\t\t\t\t<div class=\"elementor-element elementor-element-e0717cb elementor-widget elementor-widget-image\" data-id=\"e0717cb\" data-element_type=\"widget\" data-e-type=\"widget\" data-widget_type=\"image.default\">\n\t\t\t\t<div class=\"elementor-widget-container\">\n\t\t\t\t\t\t\t\t\t\t\t\t<figure class=\"wp-caption\">\n\t\t\t\t\t\t\t\t\t\t<img loading=\"lazy\" decoding=\"async\" width=\"768\" height=\"511\" src=\"https:\/\/www.elturistatranquil.com\/wp-content\/uploads\/F32-Basilica-de-San-Juan-de-Banos-Banos-de-Cerrato-Palencia.jpg\" class=\"attachment-large size-large wp-image-55848\" alt=\"Basilica de San Juan de Ba\u00f1os, Ba\u00f1os de Cerrato, Palencia\" srcset=\"https:\/\/www.elturistatranquil.com\/wp-content\/uploads\/F32-Basilica-de-San-Juan-de-Banos-Banos-de-Cerrato-Palencia.jpg 768w, https:\/\/www.elturistatranquil.com\/wp-content\/uploads\/F32-Basilica-de-San-Juan-de-Banos-Banos-de-Cerrato-Palencia-339x226.jpg 339w\" sizes=\"(max-width: 768px) 100vw, 768px\" \/>\t\t\t\t\t\t\t\t\t\t\t<figcaption class=\"widget-image-caption wp-caption-text\"><\/figcaption>\n\t\t\t\t\t\t\t\t\t\t<\/figure>\n\t\t\t\t\t\t\t\t\t<\/div>\n\t\t\t\t<\/div>\n\t\t\t\t<div class=\"elementor-element elementor-element-1c785fe elementor-widget elementor-widget-heading\" data-id=\"1c785fe\" data-element_type=\"widget\" data-e-type=\"widget\" data-widget_type=\"heading.default\">\n\t\t\t\t<div class=\"elementor-widget-container\">\n\t\t\t\t\t<h4 class=\"elementor-heading-title elementor-size-default\">Interior<\/h4>\t\t\t\t<\/div>\n\t\t\t\t<\/div>\n\t\t\t\t<div class=\"elementor-element elementor-element-d2b5138 elementor-widget elementor-widget-image\" data-id=\"d2b5138\" data-element_type=\"widget\" data-e-type=\"widget\" data-widget_type=\"image.default\">\n\t\t\t\t<div class=\"elementor-widget-container\">\n\t\t\t\t\t\t\t\t\t\t\t\t<figure class=\"wp-caption\">\n\t\t\t\t\t\t\t\t\t\t<img loading=\"lazy\" decoding=\"async\" width=\"418\" height=\"600\" src=\"https:\/\/www.elturistatranquil.com\/wp-content\/uploads\/F33-Basilica-de-San-Juan-de-Banos-Banos-de-Cerrato-Palencia.-Grabado-del-XIX.jpg\" class=\"attachment-large size-large wp-image-55853\" alt=\"Basilica de San Juan de Ba\u00f1os, Ba\u00f1os de Cerrato, Palencia. Grabado del XIX\" srcset=\"https:\/\/www.elturistatranquil.com\/wp-content\/uploads\/F33-Basilica-de-San-Juan-de-Banos-Banos-de-Cerrato-Palencia.-Grabado-del-XIX.jpg 418w, https:\/\/www.elturistatranquil.com\/wp-content\/uploads\/F33-Basilica-de-San-Juan-de-Banos-Banos-de-Cerrato-Palencia.-Grabado-del-XIX-157x226.jpg 157w\" sizes=\"(max-width: 418px) 100vw, 418px\" \/>\t\t\t\t\t\t\t\t\t\t\t<figcaption class=\"widget-image-caption wp-caption-text\">San Juan de Ba\u00f1os abans de la restauraci\u00f3 en un gravat del segle XIX<\/figcaption>\n\t\t\t\t\t\t\t\t\t\t<\/figure>\n\t\t\t\t\t\t\t\t\t<\/div>\n\t\t\t\t<\/div>\n\t\t\t\t<div class=\"elementor-element elementor-element-813b04b elementor-widget elementor-widget-image\" data-id=\"813b04b\" data-element_type=\"widget\" data-e-type=\"widget\" data-widget_type=\"image.default\">\n\t\t\t\t<div class=\"elementor-widget-container\">\n\t\t\t\t\t\t\t\t\t\t\t\t<figure class=\"wp-caption\">\n\t\t\t\t\t\t\t\t\t\t<img loading=\"lazy\" decoding=\"async\" width=\"768\" height=\"507\" src=\"https:\/\/www.elturistatranquil.com\/wp-content\/uploads\/F34-Basilica-de-San-Juan-de-Banos-Banos-de-Cerrato-Palencia-1.jpg\" class=\"attachment-large size-large wp-image-55857\" alt=\"Basilica de San Juan de Ba\u00f1os, Ba\u00f1os de Cerrato, Palencia\" srcset=\"https:\/\/www.elturistatranquil.com\/wp-content\/uploads\/F34-Basilica-de-San-Juan-de-Banos-Banos-de-Cerrato-Palencia-1.jpg 768w, https:\/\/www.elturistatranquil.com\/wp-content\/uploads\/F34-Basilica-de-San-Juan-de-Banos-Banos-de-Cerrato-Palencia-1-339x224.jpg 339w\" sizes=\"(max-width: 768px) 100vw, 768px\" \/>\t\t\t\t\t\t\t\t\t\t\t<figcaption class=\"widget-image-caption wp-caption-text\"><\/figcaption>\n\t\t\t\t\t\t\t\t\t\t<\/figure>\n\t\t\t\t\t\t\t\t\t<\/div>\n\t\t\t\t<\/div>\n\t\t\t\t<div class=\"elementor-element elementor-element-c9c5a14 elementor-widget elementor-widget-image\" data-id=\"c9c5a14\" data-element_type=\"widget\" data-e-type=\"widget\" data-widget_type=\"image.default\">\n\t\t\t\t<div class=\"elementor-widget-container\">\n\t\t\t\t\t\t\t\t\t\t\t\t<figure class=\"wp-caption\">\n\t\t\t\t\t\t\t\t\t\t<img loading=\"lazy\" decoding=\"async\" width=\"443\" height=\"590\" src=\"https:\/\/www.elturistatranquil.com\/wp-content\/uploads\/F35-Basilica-de-San-Juan-de-Banos-Banos-de-Cerrato-Palencia.jpg\" class=\"attachment-large size-large wp-image-55859\" alt=\"Basilica de San Juan de Ba\u00f1os, Ba\u00f1os de Cerrato, Palencia\" srcset=\"https:\/\/www.elturistatranquil.com\/wp-content\/uploads\/F35-Basilica-de-San-Juan-de-Banos-Banos-de-Cerrato-Palencia.jpg 443w, https:\/\/www.elturistatranquil.com\/wp-content\/uploads\/F35-Basilica-de-San-Juan-de-Banos-Banos-de-Cerrato-Palencia-170x226.jpg 170w\" sizes=\"(max-width: 443px) 100vw, 443px\" \/>\t\t\t\t\t\t\t\t\t\t\t<figcaption class=\"widget-image-caption wp-caption-text\"><\/figcaption>\n\t\t\t\t\t\t\t\t\t\t<\/figure>\n\t\t\t\t\t\t\t\t\t<\/div>\n\t\t\t\t<\/div>\n\t\t\t\t<div class=\"elementor-element elementor-element-0b46214 elementor-widget elementor-widget-image\" data-id=\"0b46214\" data-element_type=\"widget\" data-e-type=\"widget\" data-widget_type=\"image.default\">\n\t\t\t\t<div class=\"elementor-widget-container\">\n\t\t\t\t\t\t\t\t\t\t\t\t<figure class=\"wp-caption\">\n\t\t\t\t\t\t\t\t\t\t<img loading=\"lazy\" decoding=\"async\" width=\"768\" height=\"512\" src=\"https:\/\/www.elturistatranquil.com\/wp-content\/uploads\/F36-Basilica-de-San-Juan-de-Banos-Banos-de-Cerrato-Palencia.jpg\" class=\"attachment-large size-large wp-image-55861\" alt=\"Basilica de San Juan de Ba\u00f1os, Ba\u00f1os de Cerrato, Palencia\" srcset=\"https:\/\/www.elturistatranquil.com\/wp-content\/uploads\/F36-Basilica-de-San-Juan-de-Banos-Banos-de-Cerrato-Palencia.jpg 768w, https:\/\/www.elturistatranquil.com\/wp-content\/uploads\/F36-Basilica-de-San-Juan-de-Banos-Banos-de-Cerrato-Palencia-339x226.jpg 339w\" sizes=\"(max-width: 768px) 100vw, 768px\" \/>\t\t\t\t\t\t\t\t\t\t\t<figcaption class=\"widget-image-caption wp-caption-text\"><\/figcaption>\n\t\t\t\t\t\t\t\t\t\t<\/figure>\n\t\t\t\t\t\t\t\t\t<\/div>\n\t\t\t\t<\/div>\n\t\t\t\t<div class=\"elementor-element elementor-element-c9a5cf7 elementor-widget elementor-widget-image\" data-id=\"c9a5cf7\" data-element_type=\"widget\" data-e-type=\"widget\" data-widget_type=\"image.default\">\n\t\t\t\t<div class=\"elementor-widget-container\">\n\t\t\t\t\t\t\t\t\t\t\t\t<figure class=\"wp-caption\">\n\t\t\t\t\t\t\t\t\t\t<img loading=\"lazy\" decoding=\"async\" width=\"768\" height=\"433\" src=\"https:\/\/www.elturistatranquil.com\/wp-content\/uploads\/F37-Basilica-de-San-Juan-de-Banos-Banos-de-Cerrato-Palencia.jpg\" class=\"attachment-large size-large wp-image-55863\" alt=\"Basilica de San Juan de Ba\u00f1os, Ba\u00f1os de Cerrato, Palencia\" srcset=\"https:\/\/www.elturistatranquil.com\/wp-content\/uploads\/F37-Basilica-de-San-Juan-de-Banos-Banos-de-Cerrato-Palencia.jpg 768w, https:\/\/www.elturistatranquil.com\/wp-content\/uploads\/F37-Basilica-de-San-Juan-de-Banos-Banos-de-Cerrato-Palencia-339x191.jpg 339w\" sizes=\"(max-width: 768px) 100vw, 768px\" \/>\t\t\t\t\t\t\t\t\t\t\t<figcaption class=\"widget-image-caption wp-caption-text\"><\/figcaption>\n\t\t\t\t\t\t\t\t\t\t<\/figure>\n\t\t\t\t\t\t\t\t\t<\/div>\n\t\t\t\t<\/div>\n\t\t\t\t<div class=\"elementor-element elementor-element-f8e5a98 elementor-widget elementor-widget-image\" data-id=\"f8e5a98\" data-element_type=\"widget\" data-e-type=\"widget\" data-widget_type=\"image.default\">\n\t\t\t\t<div class=\"elementor-widget-container\">\n\t\t\t\t\t\t\t\t\t\t\t\t<figure class=\"wp-caption\">\n\t\t\t\t\t\t\t\t\t\t<img loading=\"lazy\" decoding=\"async\" width=\"768\" height=\"433\" src=\"https:\/\/www.elturistatranquil.com\/wp-content\/uploads\/F38-Basilica-de-San-Juan-de-Banos-Banos-de-Cerrato-Palencia.jpg\" class=\"attachment-large size-large wp-image-55865\" alt=\"Basilica de San Juan de Ba\u00f1os, Ba\u00f1os de Cerrato, Palencia\" srcset=\"https:\/\/www.elturistatranquil.com\/wp-content\/uploads\/F38-Basilica-de-San-Juan-de-Banos-Banos-de-Cerrato-Palencia.jpg 768w, https:\/\/www.elturistatranquil.com\/wp-content\/uploads\/F38-Basilica-de-San-Juan-de-Banos-Banos-de-Cerrato-Palencia-339x191.jpg 339w\" sizes=\"(max-width: 768px) 100vw, 768px\" \/>\t\t\t\t\t\t\t\t\t\t\t<figcaption class=\"widget-image-caption wp-caption-text\"><\/figcaption>\n\t\t\t\t\t\t\t\t\t\t<\/figure>\n\t\t\t\t\t\t\t\t\t<\/div>\n\t\t\t\t<\/div>\n\t\t\t\t<div class=\"elementor-element elementor-element-687ee6f elementor-widget elementor-widget-image\" data-id=\"687ee6f\" data-element_type=\"widget\" data-e-type=\"widget\" data-widget_type=\"image.default\">\n\t\t\t\t<div class=\"elementor-widget-container\">\n\t\t\t\t\t\t\t\t\t\t\t\t<figure class=\"wp-caption\">\n\t\t\t\t\t\t\t\t\t\t<img loading=\"lazy\" decoding=\"async\" width=\"768\" height=\"512\" src=\"https:\/\/www.elturistatranquil.com\/wp-content\/uploads\/F39-Basilica-de-San-Juan-de-Banos-Banos-de-Cerrato-Palencia.jpg\" class=\"attachment-large size-large wp-image-55867\" alt=\"Basilica de San Juan de Ba\u00f1os, Ba\u00f1os de Cerrato, Palencia\" srcset=\"https:\/\/www.elturistatranquil.com\/wp-content\/uploads\/F39-Basilica-de-San-Juan-de-Banos-Banos-de-Cerrato-Palencia.jpg 768w, https:\/\/www.elturistatranquil.com\/wp-content\/uploads\/F39-Basilica-de-San-Juan-de-Banos-Banos-de-Cerrato-Palencia-339x226.jpg 339w\" sizes=\"(max-width: 768px) 100vw, 768px\" \/>\t\t\t\t\t\t\t\t\t\t\t<figcaption class=\"widget-image-caption wp-caption-text\"><\/figcaption>\n\t\t\t\t\t\t\t\t\t\t<\/figure>\n\t\t\t\t\t\t\t\t\t<\/div>\n\t\t\t\t<\/div>\n\t\t\t\t<div class=\"elementor-element elementor-element-d76c0bb elementor-widget elementor-widget-image\" data-id=\"d76c0bb\" data-element_type=\"widget\" data-e-type=\"widget\" data-widget_type=\"image.default\">\n\t\t\t\t<div class=\"elementor-widget-container\">\n\t\t\t\t\t\t\t\t\t\t\t\t<figure class=\"wp-caption\">\n\t\t\t\t\t\t\t\t\t\t<img loading=\"lazy\" decoding=\"async\" width=\"768\" height=\"512\" src=\"https:\/\/www.elturistatranquil.com\/wp-content\/uploads\/F40-Basilica-de-San-Juan-de-Banos-Banos-de-Cerrato-Palencia.jpg\" class=\"attachment-large size-large wp-image-55872\" alt=\"Basilica de San Juan de Ba\u00f1os, Ba\u00f1os de Cerrato, Palencia\" srcset=\"https:\/\/www.elturistatranquil.com\/wp-content\/uploads\/F40-Basilica-de-San-Juan-de-Banos-Banos-de-Cerrato-Palencia.jpg 768w, https:\/\/www.elturistatranquil.com\/wp-content\/uploads\/F40-Basilica-de-San-Juan-de-Banos-Banos-de-Cerrato-Palencia-339x226.jpg 339w\" sizes=\"(max-width: 768px) 100vw, 768px\" \/>\t\t\t\t\t\t\t\t\t\t\t<figcaption class=\"widget-image-caption wp-caption-text\"><\/figcaption>\n\t\t\t\t\t\t\t\t\t\t<\/figure>\n\t\t\t\t\t\t\t\t\t<\/div>\n\t\t\t\t<\/div>\n\t\t\t\t<div class=\"elementor-element elementor-element-1270717 elementor-widget elementor-widget-image\" data-id=\"1270717\" data-element_type=\"widget\" data-e-type=\"widget\" data-widget_type=\"image.default\">\n\t\t\t\t<div class=\"elementor-widget-container\">\n\t\t\t\t\t\t\t\t\t\t\t\t<figure class=\"wp-caption\">\n\t\t\t\t\t\t\t\t\t\t<img loading=\"lazy\" decoding=\"async\" width=\"768\" height=\"512\" src=\"https:\/\/www.elturistatranquil.com\/wp-content\/uploads\/F41-Basilica-de-San-Juan-de-Banos-Banos-de-Cerrato-Palencia.jpg\" class=\"attachment-large size-large wp-image-55874\" alt=\"Basilica de San Juan de Ba\u00f1os, Ba\u00f1os de Cerrato, Palencia\" srcset=\"https:\/\/www.elturistatranquil.com\/wp-content\/uploads\/F41-Basilica-de-San-Juan-de-Banos-Banos-de-Cerrato-Palencia.jpg 768w, https:\/\/www.elturistatranquil.com\/wp-content\/uploads\/F41-Basilica-de-San-Juan-de-Banos-Banos-de-Cerrato-Palencia-339x226.jpg 339w\" sizes=\"(max-width: 768px) 100vw, 768px\" \/>\t\t\t\t\t\t\t\t\t\t\t<figcaption class=\"widget-image-caption wp-caption-text\"><\/figcaption>\n\t\t\t\t\t\t\t\t\t\t<\/figure>\n\t\t\t\t\t\t\t\t\t<\/div>\n\t\t\t\t<\/div>\n\t\t\t\t<div class=\"elementor-element elementor-element-32e93de elementor-widget elementor-widget-image\" data-id=\"32e93de\" data-element_type=\"widget\" data-e-type=\"widget\" data-widget_type=\"image.default\">\n\t\t\t\t<div class=\"elementor-widget-container\">\n\t\t\t\t\t\t\t\t\t\t\t\t<figure class=\"wp-caption\">\n\t\t\t\t\t\t\t\t\t\t<img loading=\"lazy\" decoding=\"async\" width=\"443\" height=\"590\" src=\"https:\/\/www.elturistatranquil.com\/wp-content\/uploads\/F42-Basilica-de-San-Juan-de-Banos-Banos-de-Cerrato-Palencia.jpg\" class=\"attachment-large size-large wp-image-55876\" alt=\"Basilica de San Juan de Ba\u00f1os, Ba\u00f1os de Cerrato, Palencia\" srcset=\"https:\/\/www.elturistatranquil.com\/wp-content\/uploads\/F42-Basilica-de-San-Juan-de-Banos-Banos-de-Cerrato-Palencia.jpg 443w, https:\/\/www.elturistatranquil.com\/wp-content\/uploads\/F42-Basilica-de-San-Juan-de-Banos-Banos-de-Cerrato-Palencia-170x226.jpg 170w\" sizes=\"(max-width: 443px) 100vw, 443px\" \/>\t\t\t\t\t\t\t\t\t\t\t<figcaption class=\"widget-image-caption wp-caption-text\"><\/figcaption>\n\t\t\t\t\t\t\t\t\t\t<\/figure>\n\t\t\t\t\t\t\t\t\t<\/div>\n\t\t\t\t<\/div>\n\t\t\t\t<div class=\"elementor-element elementor-element-2afba10 elementor-widget elementor-widget-image\" data-id=\"2afba10\" data-element_type=\"widget\" data-e-type=\"widget\" data-widget_type=\"image.default\">\n\t\t\t\t<div class=\"elementor-widget-container\">\n\t\t\t\t\t\t\t\t\t\t\t\t<figure class=\"wp-caption\">\n\t\t\t\t\t\t\t\t\t\t<img loading=\"lazy\" decoding=\"async\" width=\"768\" height=\"512\" src=\"https:\/\/www.elturistatranquil.com\/wp-content\/uploads\/F43-Basilica-de-San-Juan-de-Banos-Banos-de-Cerrato-Palencia.jpg\" class=\"attachment-large size-large wp-image-55878\" alt=\"Basilica de San Juan de Ba\u00f1os, Ba\u00f1os de Cerrato, Palencia\" srcset=\"https:\/\/www.elturistatranquil.com\/wp-content\/uploads\/F43-Basilica-de-San-Juan-de-Banos-Banos-de-Cerrato-Palencia.jpg 768w, https:\/\/www.elturistatranquil.com\/wp-content\/uploads\/F43-Basilica-de-San-Juan-de-Banos-Banos-de-Cerrato-Palencia-339x226.jpg 339w\" sizes=\"(max-width: 768px) 100vw, 768px\" \/>\t\t\t\t\t\t\t\t\t\t\t<figcaption class=\"widget-image-caption wp-caption-text\"><\/figcaption>\n\t\t\t\t\t\t\t\t\t\t<\/figure>\n\t\t\t\t\t\t\t\t\t<\/div>\n\t\t\t\t<\/div>\n\t\t\t\t<div class=\"elementor-element elementor-element-e2229c3 elementor-widget elementor-widget-image\" data-id=\"e2229c3\" data-element_type=\"widget\" data-e-type=\"widget\" data-widget_type=\"image.default\">\n\t\t\t\t<div class=\"elementor-widget-container\">\n\t\t\t\t\t\t\t\t\t\t\t\t<figure class=\"wp-caption\">\n\t\t\t\t\t\t\t\t\t\t<img loading=\"lazy\" decoding=\"async\" width=\"768\" height=\"512\" src=\"https:\/\/www.elturistatranquil.com\/wp-content\/uploads\/F44-Basilica-de-San-Juan-de-Banos-Banos-de-Cerrato-Palencia.jpg\" class=\"attachment-large size-large wp-image-55880\" alt=\"Basilica de San Juan de Ba\u00f1os, Ba\u00f1os de Cerrato, Palencia\" srcset=\"https:\/\/www.elturistatranquil.com\/wp-content\/uploads\/F44-Basilica-de-San-Juan-de-Banos-Banos-de-Cerrato-Palencia.jpg 768w, https:\/\/www.elturistatranquil.com\/wp-content\/uploads\/F44-Basilica-de-San-Juan-de-Banos-Banos-de-Cerrato-Palencia-339x226.jpg 339w\" sizes=\"(max-width: 768px) 100vw, 768px\" \/>\t\t\t\t\t\t\t\t\t\t\t<figcaption class=\"widget-image-caption wp-caption-text\"><\/figcaption>\n\t\t\t\t\t\t\t\t\t\t<\/figure>\n\t\t\t\t\t\t\t\t\t<\/div>\n\t\t\t\t<\/div>\n\t\t\t\t<div class=\"elementor-element elementor-element-06bec77 elementor-widget elementor-widget-image\" data-id=\"06bec77\" data-element_type=\"widget\" data-e-type=\"widget\" data-widget_type=\"image.default\">\n\t\t\t\t<div class=\"elementor-widget-container\">\n\t\t\t\t\t\t\t\t\t\t\t\t<figure class=\"wp-caption\">\n\t\t\t\t\t\t\t\t\t\t<img loading=\"lazy\" decoding=\"async\" width=\"768\" height=\"512\" src=\"https:\/\/www.elturistatranquil.com\/wp-content\/uploads\/F45-Basilica-de-San-Juan-de-Banos-Banos-de-Cerrato-Palencia.jpg\" class=\"attachment-large size-large wp-image-55888\" alt=\"Basilica de San Juan de Ba\u00f1os, Ba\u00f1os de Cerrato, Palencia\" srcset=\"https:\/\/www.elturistatranquil.com\/wp-content\/uploads\/F45-Basilica-de-San-Juan-de-Banos-Banos-de-Cerrato-Palencia.jpg 768w, https:\/\/www.elturistatranquil.com\/wp-content\/uploads\/F45-Basilica-de-San-Juan-de-Banos-Banos-de-Cerrato-Palencia-339x226.jpg 339w\" sizes=\"(max-width: 768px) 100vw, 768px\" \/>\t\t\t\t\t\t\t\t\t\t\t<figcaption class=\"widget-image-caption wp-caption-text\"><\/figcaption>\n\t\t\t\t\t\t\t\t\t\t<\/figure>\n\t\t\t\t\t\t\t\t\t<\/div>\n\t\t\t\t<\/div>\n\t\t\t\t<div class=\"elementor-element elementor-element-daa5f0b elementor-widget elementor-widget-image\" data-id=\"daa5f0b\" data-element_type=\"widget\" data-e-type=\"widget\" data-widget_type=\"image.default\">\n\t\t\t\t<div class=\"elementor-widget-container\">\n\t\t\t\t\t\t\t\t\t\t\t\t<figure class=\"wp-caption\">\n\t\t\t\t\t\t\t\t\t\t<img loading=\"lazy\" decoding=\"async\" width=\"768\" height=\"512\" src=\"https:\/\/www.elturistatranquil.com\/wp-content\/uploads\/F47-Basilica-de-San-Juan-de-Banos-Banos-de-Cerrato-Palencia.jpg\" class=\"attachment-large size-large wp-image-55895\" alt=\"Basilica de San Juan de Ba\u00f1os, Ba\u00f1os de Cerrato, Palencia\" srcset=\"https:\/\/www.elturistatranquil.com\/wp-content\/uploads\/F47-Basilica-de-San-Juan-de-Banos-Banos-de-Cerrato-Palencia.jpg 768w, https:\/\/www.elturistatranquil.com\/wp-content\/uploads\/F47-Basilica-de-San-Juan-de-Banos-Banos-de-Cerrato-Palencia-339x226.jpg 339w\" sizes=\"(max-width: 768px) 100vw, 768px\" \/>\t\t\t\t\t\t\t\t\t\t\t<figcaption class=\"widget-image-caption wp-caption-text\"><\/figcaption>\n\t\t\t\t\t\t\t\t\t\t<\/figure>\n\t\t\t\t\t\t\t\t\t<\/div>\n\t\t\t\t<\/div>\n\t\t\t\t<div class=\"elementor-element elementor-element-91d6e36 elementor-widget elementor-widget-image\" data-id=\"91d6e36\" data-element_type=\"widget\" data-e-type=\"widget\" data-widget_type=\"image.default\">\n\t\t\t\t<div class=\"elementor-widget-container\">\n\t\t\t\t\t\t\t\t\t\t\t\t<figure class=\"wp-caption\">\n\t\t\t\t\t\t\t\t\t\t<img loading=\"lazy\" decoding=\"async\" width=\"768\" height=\"512\" src=\"https:\/\/www.elturistatranquil.com\/wp-content\/uploads\/F48-Basilica-de-San-Juan-de-Banos-Banos-de-Cerrato-Palencia.jpg\" class=\"attachment-large size-large wp-image-55897\" alt=\"Basilica de San Juan de Ba\u00f1os, Ba\u00f1os de Cerrato, Palencia\" srcset=\"https:\/\/www.elturistatranquil.com\/wp-content\/uploads\/F48-Basilica-de-San-Juan-de-Banos-Banos-de-Cerrato-Palencia.jpg 768w, https:\/\/www.elturistatranquil.com\/wp-content\/uploads\/F48-Basilica-de-San-Juan-de-Banos-Banos-de-Cerrato-Palencia-339x226.jpg 339w\" sizes=\"(max-width: 768px) 100vw, 768px\" \/>\t\t\t\t\t\t\t\t\t\t\t<figcaption class=\"widget-image-caption wp-caption-text\"><\/figcaption>\n\t\t\t\t\t\t\t\t\t\t<\/figure>\n\t\t\t\t\t\t\t\t\t<\/div>\n\t\t\t\t<\/div>\n\t\t\t\t<div class=\"elementor-element elementor-element-0e9a4d6 elementor-widget elementor-widget-image\" data-id=\"0e9a4d6\" data-element_type=\"widget\" data-e-type=\"widget\" data-widget_type=\"image.default\">\n\t\t\t\t<div class=\"elementor-widget-container\">\n\t\t\t\t\t\t\t\t\t\t\t\t<figure class=\"wp-caption\">\n\t\t\t\t\t\t\t\t\t\t<img loading=\"lazy\" decoding=\"async\" width=\"768\" height=\"433\" src=\"https:\/\/www.elturistatranquil.com\/wp-content\/uploads\/F49-Basilica-de-San-Juan-de-Banos-Banos-de-Cerrato-Palencia.jpg\" class=\"attachment-large size-large wp-image-55899\" alt=\"Basilica de San Juan de Ba\u00f1os, Ba\u00f1os de Cerrato, Palencia\" srcset=\"https:\/\/www.elturistatranquil.com\/wp-content\/uploads\/F49-Basilica-de-San-Juan-de-Banos-Banos-de-Cerrato-Palencia.jpg 768w, https:\/\/www.elturistatranquil.com\/wp-content\/uploads\/F49-Basilica-de-San-Juan-de-Banos-Banos-de-Cerrato-Palencia-339x191.jpg 339w\" sizes=\"(max-width: 768px) 100vw, 768px\" \/>\t\t\t\t\t\t\t\t\t\t\t<figcaption class=\"widget-image-caption wp-caption-text\"><\/figcaption>\n\t\t\t\t\t\t\t\t\t\t<\/figure>\n\t\t\t\t\t\t\t\t\t<\/div>\n\t\t\t\t<\/div>\n\t\t\t\t<div class=\"elementor-element elementor-element-a943b6b elementor-widget elementor-widget-image\" data-id=\"a943b6b\" data-element_type=\"widget\" data-e-type=\"widget\" data-widget_type=\"image.default\">\n\t\t\t\t<div class=\"elementor-widget-container\">\n\t\t\t\t\t\t\t\t\t\t\t\t<figure class=\"wp-caption\">\n\t\t\t\t\t\t\t\t\t\t<img loading=\"lazy\" decoding=\"async\" width=\"768\" height=\"433\" src=\"https:\/\/www.elturistatranquil.com\/wp-content\/uploads\/F50-Basilica-de-San-Juan-de-Banos-Banos-de-Cerrato-Palencia.jpg\" class=\"attachment-large size-large wp-image-55901\" alt=\"Basilica de San Juan de Ba\u00f1os, Ba\u00f1os de Cerrato, Palencia\" srcset=\"https:\/\/www.elturistatranquil.com\/wp-content\/uploads\/F50-Basilica-de-San-Juan-de-Banos-Banos-de-Cerrato-Palencia.jpg 768w, https:\/\/www.elturistatranquil.com\/wp-content\/uploads\/F50-Basilica-de-San-Juan-de-Banos-Banos-de-Cerrato-Palencia-339x191.jpg 339w\" sizes=\"(max-width: 768px) 100vw, 768px\" \/>\t\t\t\t\t\t\t\t\t\t\t<figcaption class=\"widget-image-caption wp-caption-text\"><\/figcaption>\n\t\t\t\t\t\t\t\t\t\t<\/figure>\n\t\t\t\t\t\t\t\t\t<\/div>\n\t\t\t\t<\/div>\n\t\t\t\t<div class=\"elementor-element elementor-element-0e42df5 elementor-widget elementor-widget-image\" data-id=\"0e42df5\" data-element_type=\"widget\" data-e-type=\"widget\" data-widget_type=\"image.default\">\n\t\t\t\t<div class=\"elementor-widget-container\">\n\t\t\t\t\t\t\t\t\t\t\t\t<figure class=\"wp-caption\">\n\t\t\t\t\t\t\t\t\t\t<img loading=\"lazy\" decoding=\"async\" width=\"768\" height=\"433\" src=\"https:\/\/www.elturistatranquil.com\/wp-content\/uploads\/F51-Basilica-de-San-Juan-de-Banos-Banos-de-Cerrato-Palencia.jpg\" class=\"attachment-large size-large wp-image-55903\" alt=\"Basilica de San Juan de Ba\u00f1os, Ba\u00f1os de Cerrato, Palencia\" srcset=\"https:\/\/www.elturistatranquil.com\/wp-content\/uploads\/F51-Basilica-de-San-Juan-de-Banos-Banos-de-Cerrato-Palencia.jpg 768w, https:\/\/www.elturistatranquil.com\/wp-content\/uploads\/F51-Basilica-de-San-Juan-de-Banos-Banos-de-Cerrato-Palencia-339x191.jpg 339w\" sizes=\"(max-width: 768px) 100vw, 768px\" \/>\t\t\t\t\t\t\t\t\t\t\t<figcaption class=\"widget-image-caption wp-caption-text\"><\/figcaption>\n\t\t\t\t\t\t\t\t\t\t<\/figure>\n\t\t\t\t\t\t\t\t\t<\/div>\n\t\t\t\t<\/div>\n\t\t\t\t<div class=\"elementor-element elementor-element-8175d00 elementor-widget elementor-widget-image\" data-id=\"8175d00\" data-element_type=\"widget\" data-e-type=\"widget\" data-widget_type=\"image.default\">\n\t\t\t\t<div class=\"elementor-widget-container\">\n\t\t\t\t\t\t\t\t\t\t\t\t<figure class=\"wp-caption\">\n\t\t\t\t\t\t\t\t\t\t<img loading=\"lazy\" decoding=\"async\" width=\"768\" height=\"512\" src=\"https:\/\/www.elturistatranquil.com\/wp-content\/uploads\/F52-Basilica-de-San-Juan-de-Banos-Banos-de-Cerrato-Palencia.jpg\" class=\"attachment-large size-large wp-image-55905\" alt=\"Basilica de San Juan de Ba\u00f1os, Ba\u00f1os de Cerrato, Palencia\" srcset=\"https:\/\/www.elturistatranquil.com\/wp-content\/uploads\/F52-Basilica-de-San-Juan-de-Banos-Banos-de-Cerrato-Palencia.jpg 768w, https:\/\/www.elturistatranquil.com\/wp-content\/uploads\/F52-Basilica-de-San-Juan-de-Banos-Banos-de-Cerrato-Palencia-339x226.jpg 339w\" sizes=\"(max-width: 768px) 100vw, 768px\" \/>\t\t\t\t\t\t\t\t\t\t\t<figcaption class=\"widget-image-caption wp-caption-text\"><\/figcaption>\n\t\t\t\t\t\t\t\t\t\t<\/figure>\n\t\t\t\t\t\t\t\t\t<\/div>\n\t\t\t\t<\/div>\n\t\t\t\t<div class=\"elementor-element elementor-element-8163f22 elementor-widget elementor-widget-image\" data-id=\"8163f22\" data-element_type=\"widget\" data-e-type=\"widget\" data-widget_type=\"image.default\">\n\t\t\t\t<div class=\"elementor-widget-container\">\n\t\t\t\t\t\t\t\t\t\t\t\t<figure class=\"wp-caption\">\n\t\t\t\t\t\t\t\t\t\t<img loading=\"lazy\" decoding=\"async\" width=\"443\" height=\"590\" src=\"https:\/\/www.elturistatranquil.com\/wp-content\/uploads\/F53-Basilica-de-San-Juan-de-Banos-Banos-de-Cerrato-Palencia.jpg\" class=\"attachment-large size-large wp-image-55907\" alt=\"Basilica de San Juan de Ba\u00f1os, Ba\u00f1os de Cerrato, Palencia\" srcset=\"https:\/\/www.elturistatranquil.com\/wp-content\/uploads\/F53-Basilica-de-San-Juan-de-Banos-Banos-de-Cerrato-Palencia.jpg 443w, https:\/\/www.elturistatranquil.com\/wp-content\/uploads\/F53-Basilica-de-San-Juan-de-Banos-Banos-de-Cerrato-Palencia-170x226.jpg 170w\" sizes=\"(max-width: 443px) 100vw, 443px\" \/>\t\t\t\t\t\t\t\t\t\t\t<figcaption class=\"widget-image-caption wp-caption-text\"><\/figcaption>\n\t\t\t\t\t\t\t\t\t\t<\/figure>\n\t\t\t\t\t\t\t\t\t<\/div>\n\t\t\t\t<\/div>\n\t\t\t\t<div class=\"elementor-element elementor-element-5def33c elementor-widget elementor-widget-image\" data-id=\"5def33c\" data-element_type=\"widget\" data-e-type=\"widget\" data-widget_type=\"image.default\">\n\t\t\t\t<div class=\"elementor-widget-container\">\n\t\t\t\t\t\t\t\t\t\t\t\t<figure class=\"wp-caption\">\n\t\t\t\t\t\t\t\t\t\t<img loading=\"lazy\" decoding=\"async\" width=\"768\" height=\"433\" src=\"https:\/\/www.elturistatranquil.com\/wp-content\/uploads\/F54-Basilica-de-San-Juan-de-Banos-Banos-de-Cerrato-Palencia.jpg\" class=\"attachment-large size-large wp-image-55909\" alt=\"Basilica de San Juan de Ba\u00f1os, Ba\u00f1os de Cerrato, Palencia\" srcset=\"https:\/\/www.elturistatranquil.com\/wp-content\/uploads\/F54-Basilica-de-San-Juan-de-Banos-Banos-de-Cerrato-Palencia.jpg 768w, https:\/\/www.elturistatranquil.com\/wp-content\/uploads\/F54-Basilica-de-San-Juan-de-Banos-Banos-de-Cerrato-Palencia-339x191.jpg 339w\" sizes=\"(max-width: 768px) 100vw, 768px\" \/>\t\t\t\t\t\t\t\t\t\t\t<figcaption class=\"widget-image-caption wp-caption-text\"><\/figcaption>\n\t\t\t\t\t\t\t\t\t\t<\/figure>\n\t\t\t\t\t\t\t\t\t<\/div>\n\t\t\t\t<\/div>\n\t\t\t\t<div class=\"elementor-element elementor-element-639282e elementor-widget elementor-widget-image\" data-id=\"639282e\" data-element_type=\"widget\" data-e-type=\"widget\" data-widget_type=\"image.default\">\n\t\t\t\t<div class=\"elementor-widget-container\">\n\t\t\t\t\t\t\t\t\t\t\t\t<figure class=\"wp-caption\">\n\t\t\t\t\t\t\t\t\t\t<img loading=\"lazy\" decoding=\"async\" width=\"768\" height=\"433\" src=\"https:\/\/www.elturistatranquil.com\/wp-content\/uploads\/F56-Basilica-de-San-Juan-de-Banos-Banos-de-Cerrato-Palencia.jpg\" class=\"attachment-large size-large wp-image-55916\" alt=\"Basilica de San Juan de Ba\u00f1os, Ba\u00f1os de Cerrato, Palencia\" srcset=\"https:\/\/www.elturistatranquil.com\/wp-content\/uploads\/F56-Basilica-de-San-Juan-de-Banos-Banos-de-Cerrato-Palencia.jpg 768w, https:\/\/www.elturistatranquil.com\/wp-content\/uploads\/F56-Basilica-de-San-Juan-de-Banos-Banos-de-Cerrato-Palencia-339x191.jpg 339w\" sizes=\"(max-width: 768px) 100vw, 768px\" \/>\t\t\t\t\t\t\t\t\t\t\t<figcaption class=\"widget-image-caption wp-caption-text\"><\/figcaption>\n\t\t\t\t\t\t\t\t\t\t<\/figure>\n\t\t\t\t\t\t\t\t\t<\/div>\n\t\t\t\t<\/div>\n\t\t\t\t<div class=\"elementor-element elementor-element-cdc466f elementor-widget elementor-widget-image\" data-id=\"cdc466f\" data-element_type=\"widget\" data-e-type=\"widget\" data-widget_type=\"image.default\">\n\t\t\t\t<div class=\"elementor-widget-container\">\n\t\t\t\t\t\t\t\t\t\t\t\t<figure class=\"wp-caption\">\n\t\t\t\t\t\t\t\t\t\t<img loading=\"lazy\" decoding=\"async\" width=\"768\" height=\"433\" src=\"https:\/\/www.elturistatranquil.com\/wp-content\/uploads\/F57-Basilica-de-San-Juan-de-Banos-Banos-de-Cerrato-Palencia.jpg\" class=\"attachment-large size-large wp-image-55918\" alt=\"Basilica de San Juan de Ba\u00f1os, Ba\u00f1os de Cerrato, Palencia\" srcset=\"https:\/\/www.elturistatranquil.com\/wp-content\/uploads\/F57-Basilica-de-San-Juan-de-Banos-Banos-de-Cerrato-Palencia.jpg 768w, https:\/\/www.elturistatranquil.com\/wp-content\/uploads\/F57-Basilica-de-San-Juan-de-Banos-Banos-de-Cerrato-Palencia-339x191.jpg 339w\" sizes=\"(max-width: 768px) 100vw, 768px\" \/>\t\t\t\t\t\t\t\t\t\t\t<figcaption class=\"widget-image-caption wp-caption-text\"><\/figcaption>\n\t\t\t\t\t\t\t\t\t\t<\/figure>\n\t\t\t\t\t\t\t\t\t<\/div>\n\t\t\t\t<\/div>\n\t\t\t\t<section class=\"elementor-section elementor-inner-section elementor-element elementor-element-3fc8473 elementor-section-boxed elementor-section-height-default elementor-section-height-default\" data-id=\"3fc8473\" data-element_type=\"section\" data-e-type=\"section\">\n\t\t\t\t\t\t<div class=\"elementor-container elementor-column-gap-default\">\n\t\t\t\t\t<div class=\"elementor-column elementor-col-50 elementor-inner-column elementor-element elementor-element-b05e753\" data-id=\"b05e753\" data-element_type=\"column\" data-e-type=\"column\">\n\t\t\t<div class=\"elementor-widget-wrap elementor-element-populated\">\n\t\t\t\t\t\t<div class=\"elementor-element elementor-element-802fd9f elementor-widget elementor-widget-image\" data-id=\"802fd9f\" data-element_type=\"widget\" data-e-type=\"widget\" data-widget_type=\"image.default\">\n\t\t\t\t<div class=\"elementor-widget-container\">\n\t\t\t\t\t\t\t\t\t\t\t\t\t\t\t<img loading=\"lazy\" decoding=\"async\" width=\"380\" height=\"380\" src=\"https:\/\/www.elturistatranquil.com\/wp-content\/uploads\/F58m-Basilica-de-San-Juan-de-Banos-Banos-de-Cerrato-Palencia.jpg\" class=\"attachment-large size-large wp-image-55920\" alt=\"Basilica de San Juan de Ba\u00f1os, Ba\u00f1os de Cerrato, Palencia\" srcset=\"https:\/\/www.elturistatranquil.com\/wp-content\/uploads\/F58m-Basilica-de-San-Juan-de-Banos-Banos-de-Cerrato-Palencia.jpg 380w, https:\/\/www.elturistatranquil.com\/wp-content\/uploads\/F58m-Basilica-de-San-Juan-de-Banos-Banos-de-Cerrato-Palencia-226x226.jpg 226w\" sizes=\"(max-width: 380px) 100vw, 380px\" \/>\t\t\t\t\t\t\t\t\t\t\t\t\t\t\t<\/div>\n\t\t\t\t<\/div>\n\t\t\t\t\t<\/div>\n\t\t<\/div>\n\t\t\t\t<div class=\"elementor-column elementor-col-50 elementor-inner-column elementor-element elementor-element-07c08f0\" data-id=\"07c08f0\" data-element_type=\"column\" data-e-type=\"column\">\n\t\t\t<div class=\"elementor-widget-wrap elementor-element-populated\">\n\t\t\t\t\t\t<div class=\"elementor-element elementor-element-06adb07 elementor-widget elementor-widget-image\" data-id=\"06adb07\" data-element_type=\"widget\" data-e-type=\"widget\" data-widget_type=\"image.default\">\n\t\t\t\t<div class=\"elementor-widget-container\">\n\t\t\t\t\t\t\t\t\t\t\t\t\t\t\t<img loading=\"lazy\" decoding=\"async\" width=\"380\" height=\"380\" src=\"https:\/\/www.elturistatranquil.com\/wp-content\/uploads\/F58n-Basilica-de-San-Juan-de-Banos-Banos-de-Cerrato-Palencia.jpg\" class=\"attachment-large size-large wp-image-55922\" alt=\"Basilica de San Juan de Ba\u00f1os, Ba\u00f1os de Cerrato, Palencia\" srcset=\"https:\/\/www.elturistatranquil.com\/wp-content\/uploads\/F58n-Basilica-de-San-Juan-de-Banos-Banos-de-Cerrato-Palencia.jpg 380w, https:\/\/www.elturistatranquil.com\/wp-content\/uploads\/F58n-Basilica-de-San-Juan-de-Banos-Banos-de-Cerrato-Palencia-226x226.jpg 226w\" sizes=\"(max-width: 380px) 100vw, 380px\" \/>\t\t\t\t\t\t\t\t\t\t\t\t\t\t\t<\/div>\n\t\t\t\t<\/div>\n\t\t\t\t\t<\/div>\n\t\t<\/div>\n\t\t\t\t\t<\/div>\n\t\t<\/section>\n\t\t\t\t<div class=\"elementor-element elementor-element-8f1473b elementor-widget elementor-widget-spacer\" data-id=\"8f1473b\" data-element_type=\"widget\" data-e-type=\"widget\" data-widget_type=\"spacer.default\">\n\t\t\t\t<div class=\"elementor-widget-container\">\n\t\t\t\t\t\t\t<div class=\"elementor-spacer\">\n\t\t\t<div class=\"elementor-spacer-inner\"><\/div>\n\t\t<\/div>\n\t\t\t\t\t\t<\/div>\n\t\t\t\t<\/div>\n\t\t\t\t<section class=\"elementor-section elementor-inner-section elementor-element elementor-element-338d916 elementor-section-boxed elementor-section-height-default elementor-section-height-default\" data-id=\"338d916\" data-element_type=\"section\" data-e-type=\"section\">\n\t\t\t\t\t\t<div class=\"elementor-container elementor-column-gap-default\">\n\t\t\t\t\t<div class=\"elementor-column elementor-col-50 elementor-inner-column elementor-element elementor-element-f2a659b\" data-id=\"f2a659b\" data-element_type=\"column\" data-e-type=\"column\">\n\t\t\t<div class=\"elementor-widget-wrap elementor-element-populated\">\n\t\t\t\t\t\t<div class=\"elementor-element elementor-element-3711e7e elementor-widget elementor-widget-image\" data-id=\"3711e7e\" data-element_type=\"widget\" data-e-type=\"widget\" data-widget_type=\"image.default\">\n\t\t\t\t<div class=\"elementor-widget-container\">\n\t\t\t\t\t\t\t\t\t\t\t\t\t\t\t<img loading=\"lazy\" decoding=\"async\" width=\"380\" height=\"380\" src=\"https:\/\/www.elturistatranquil.com\/wp-content\/uploads\/F58o-Basilica-de-San-Juan-de-Banos-Banos-de-Cerrato-Palencia.jpg\" class=\"attachment-large size-large wp-image-55924\" alt=\"Basilica de San Juan de Ba\u00f1os, Ba\u00f1os de Cerrato, Palencia\" srcset=\"https:\/\/www.elturistatranquil.com\/wp-content\/uploads\/F58o-Basilica-de-San-Juan-de-Banos-Banos-de-Cerrato-Palencia.jpg 380w, https:\/\/www.elturistatranquil.com\/wp-content\/uploads\/F58o-Basilica-de-San-Juan-de-Banos-Banos-de-Cerrato-Palencia-226x226.jpg 226w\" sizes=\"(max-width: 380px) 100vw, 380px\" \/>\t\t\t\t\t\t\t\t\t\t\t\t\t\t\t<\/div>\n\t\t\t\t<\/div>\n\t\t\t\t\t<\/div>\n\t\t<\/div>\n\t\t\t\t<div class=\"elementor-column elementor-col-50 elementor-inner-column elementor-element elementor-element-032b0d8\" data-id=\"032b0d8\" data-element_type=\"column\" data-e-type=\"column\">\n\t\t\t<div class=\"elementor-widget-wrap elementor-element-populated\">\n\t\t\t\t\t\t<div class=\"elementor-element elementor-element-0360506 elementor-widget elementor-widget-image\" data-id=\"0360506\" data-element_type=\"widget\" data-e-type=\"widget\" data-widget_type=\"image.default\">\n\t\t\t\t<div class=\"elementor-widget-container\">\n\t\t\t\t\t\t\t\t\t\t\t\t\t\t\t<img loading=\"lazy\" decoding=\"async\" width=\"380\" height=\"380\" src=\"https:\/\/www.elturistatranquil.com\/wp-content\/uploads\/F58p-Basilica-de-San-Juan-de-Banos-Banos-de-Cerrato-Palencia.jpg\" class=\"attachment-large size-large wp-image-55926\" alt=\"Basilica de San Juan de Ba\u00f1os, Ba\u00f1os de Cerrato, Palencia\" srcset=\"https:\/\/www.elturistatranquil.com\/wp-content\/uploads\/F58p-Basilica-de-San-Juan-de-Banos-Banos-de-Cerrato-Palencia.jpg 380w, https:\/\/www.elturistatranquil.com\/wp-content\/uploads\/F58p-Basilica-de-San-Juan-de-Banos-Banos-de-Cerrato-Palencia-226x226.jpg 226w\" sizes=\"(max-width: 380px) 100vw, 380px\" \/>\t\t\t\t\t\t\t\t\t\t\t\t\t\t\t<\/div>\n\t\t\t\t<\/div>\n\t\t\t\t\t<\/div>\n\t\t<\/div>\n\t\t\t\t\t<\/div>\n\t\t<\/section>\n\t\t\t\t<div class=\"elementor-element elementor-element-5af7bce elementor-widget elementor-widget-spacer\" data-id=\"5af7bce\" data-element_type=\"widget\" data-e-type=\"widget\" data-widget_type=\"spacer.default\">\n\t\t\t\t<div class=\"elementor-widget-container\">\n\t\t\t\t\t\t\t<div class=\"elementor-spacer\">\n\t\t\t<div class=\"elementor-spacer-inner\"><\/div>\n\t\t<\/div>\n\t\t\t\t\t\t<\/div>\n\t\t\t\t<\/div>\n\t\t\t\t<div class=\"elementor-element elementor-element-77e7912 elementor-widget elementor-widget-heading\" data-id=\"77e7912\" data-element_type=\"widget\" data-e-type=\"widget\" data-widget_type=\"heading.default\">\n\t\t\t\t<div class=\"elementor-widget-container\">\n\t\t\t\t\t<h3 class=\"elementor-heading-title elementor-size-default\">Font de Recesvinto<\/h3>\t\t\t\t<\/div>\n\t\t\t\t<\/div>\n\t\t\t\t<div class=\"elementor-element elementor-element-d572878 elementor-widget elementor-widget-image\" data-id=\"d572878\" data-element_type=\"widget\" data-e-type=\"widget\" data-widget_type=\"image.default\">\n\t\t\t\t<div class=\"elementor-widget-container\">\n\t\t\t\t\t\t\t\t\t\t\t\t<figure class=\"wp-caption\">\n\t\t\t\t\t\t\t\t\t\t<img loading=\"lazy\" decoding=\"async\" width=\"768\" height=\"512\" src=\"https:\/\/www.elturistatranquil.com\/wp-content\/uploads\/F59-Fuente-de-Recesvinto-Banos-de-Cerrato-Palencia.jpg\" class=\"attachment-large size-large wp-image-55931\" alt=\"Fuente de Recesvinto, Ba\u00f1os de Cerrato, Palencia\" srcset=\"https:\/\/www.elturistatranquil.com\/wp-content\/uploads\/F59-Fuente-de-Recesvinto-Banos-de-Cerrato-Palencia.jpg 768w, https:\/\/www.elturistatranquil.com\/wp-content\/uploads\/F59-Fuente-de-Recesvinto-Banos-de-Cerrato-Palencia-339x226.jpg 339w\" sizes=\"(max-width: 768px) 100vw, 768px\" \/>\t\t\t\t\t\t\t\t\t\t\t<figcaption class=\"widget-image-caption wp-caption-text\"><\/figcaption>\n\t\t\t\t\t\t\t\t\t\t<\/figure>\n\t\t\t\t\t\t\t\t\t<\/div>\n\t\t\t\t<\/div>\n\t\t\t\t<div class=\"elementor-element elementor-element-4798304a elementor-widget elementor-widget-image\" data-id=\"4798304a\" data-element_type=\"widget\" data-e-type=\"widget\" data-widget_type=\"image.default\">\n\t\t\t\t<div class=\"elementor-widget-container\">\n\t\t\t\t\t\t\t\t\t\t\t\t<figure class=\"wp-caption\">\n\t\t\t\t\t\t\t\t\t\t<img loading=\"lazy\" decoding=\"async\" width=\"768\" height=\"511\" src=\"https:\/\/www.elturistatranquil.com\/wp-content\/uploads\/F60-Fuente-de-Recesvinto-Banos-de-Cerrato-Palencia.jpg\" class=\"attachment-large size-large wp-image-55933\" alt=\"Fuente de Recesvinto, Ba\u00f1os de Cerrato, Palencia\" srcset=\"https:\/\/www.elturistatranquil.com\/wp-content\/uploads\/F60-Fuente-de-Recesvinto-Banos-de-Cerrato-Palencia.jpg 768w, https:\/\/www.elturistatranquil.com\/wp-content\/uploads\/F60-Fuente-de-Recesvinto-Banos-de-Cerrato-Palencia-339x226.jpg 339w\" sizes=\"(max-width: 768px) 100vw, 768px\" \/>\t\t\t\t\t\t\t\t\t\t\t<figcaption class=\"widget-image-caption wp-caption-text\"><\/figcaption>\n\t\t\t\t\t\t\t\t\t\t<\/figure>\n\t\t\t\t\t\t\t\t\t<\/div>\n\t\t\t\t<\/div>\n\t\t\t\t<div class=\"elementor-element elementor-element-2e0fa3d elementor-widget elementor-widget-image\" data-id=\"2e0fa3d\" data-element_type=\"widget\" data-e-type=\"widget\" data-widget_type=\"image.default\">\n\t\t\t\t<div class=\"elementor-widget-container\">\n\t\t\t\t\t\t\t\t\t\t\t\t<figure class=\"wp-caption\">\n\t\t\t\t\t\t\t\t\t\t<img loading=\"lazy\" decoding=\"async\" width=\"768\" height=\"511\" src=\"https:\/\/www.elturistatranquil.com\/wp-content\/uploads\/F61-Fuente-de-Recesvinto-Banos-de-Cerrato-Palencia.jpg\" class=\"attachment-large size-large wp-image-55935\" alt=\"Fuente de Recesvinto, Ba\u00f1os de Cerrato, Palencia\" srcset=\"https:\/\/www.elturistatranquil.com\/wp-content\/uploads\/F61-Fuente-de-Recesvinto-Banos-de-Cerrato-Palencia.jpg 768w, https:\/\/www.elturistatranquil.com\/wp-content\/uploads\/F61-Fuente-de-Recesvinto-Banos-de-Cerrato-Palencia-339x226.jpg 339w\" sizes=\"(max-width: 768px) 100vw, 768px\" \/>\t\t\t\t\t\t\t\t\t\t\t<figcaption class=\"widget-image-caption wp-caption-text\"><\/figcaption>\n\t\t\t\t\t\t\t\t\t\t<\/figure>\n\t\t\t\t\t\t\t\t\t<\/div>\n\t\t\t\t<\/div>\n\t\t\t\t\t<\/div>\n\t\t<\/div>\n\t\t\t\t\t<\/div>\n\t\t<\/section>\n\t\t\t\t<\/div>\n\t\t","protected":false},"excerpt":{"rendered":"<p>\u00c0LBUM DE FOTOS Bas\u00edlica de San Juan de Ba\u00f1os i Font de Recesvinto (Pal\u00e8ncia) Mapa de situaci\u00f3 de la bas\u00edlica de San Juan de Ba\u00f1os (Google maps 2025-02-03) Direcci\u00f3: C\/ &#8230; <a title=\"Bas\u00edlica de San Juan de Ba\u00f1os i Font de Recesvinto (Pal\u00e8ncia)\" class=\"read-more\" href=\"https:\/\/www.elturistatranquil.com\/ca\/basilica-de-san-juan-de-banos-i-font-de-recesvinto-palencia\/\" aria-label=\"M\u00e9s informaci\u00f3 sobre Bas\u00edlica de San Juan de Ba\u00f1os i Font de Recesvinto (Pal\u00e8ncia)\">[ &#8230; ]<\/a><\/p>\n","protected":false},"author":1,"featured_media":55958,"comment_status":"open","ping_status":"closed","sticky":false,"template":"","format":"standard","meta":{"footnotes":""},"categories":[72,145,87,162,98],"tags":[],"class_list":["post-55959","post","type-post","status-publish","format-standard","has-post-thumbnail","hentry","category-arquitectura-religiosa-ca","category-edat-mitjana","category-joies-al-territori","category-palencia-ca","category-preromanic","infinite-scroll-item","generate-columns","tablet-grid-50","mobile-grid-100","grid-parent","grid-50","no-featured-image-padding"],"yoast_head":"<!-- This site is optimized with the Yoast SEO plugin v27.4 - https:\/\/yoast.com\/product\/yoast-seo-wordpress\/ -->\n<title>Bas\u00edlica de San Juan de Ba\u00f1os i Font de Recesvinto (Pal\u00e8ncia) - El turista tranquil<\/title>\n<meta name=\"description\" content=\"La bas\u00edlica de San Juan de Ba\u00f1os (Ba\u00f1os de Cerrato, Pal\u00e8ncia) \u00e9s una joia del patrimoni espanyol que reflecteix la perviv\u00e8ncia del per\u00edode visigot. La seva relaci\u00f3 amb la font de Recesvinto refor\u00e7a el seu car\u00e0cter simb\u00f2lic i la seva import\u00e0ncia hist\u00f2rica, sent un testimoni excepcional de la Hisp\u00e0nia del segle VII.\" \/>\n<meta name=\"robots\" content=\"index, follow, max-snippet:-1, max-image-preview:large, max-video-preview:-1\" \/>\n<link rel=\"canonical\" href=\"https:\/\/www.elturistatranquil.com\/ca\/basilica-de-san-juan-de-banos-i-font-de-recesvinto-palencia\/\" \/>\n<meta property=\"og:locale\" content=\"ca_ES\" \/>\n<meta property=\"og:type\" content=\"article\" \/>\n<meta property=\"og:title\" content=\"Bas\u00edlica de San Juan de Ba\u00f1os i Font de Recesvinto (Pal\u00e8ncia) - El turista tranquil\" \/>\n<meta property=\"og:description\" content=\"La bas\u00edlica de San Juan de Ba\u00f1os (Ba\u00f1os de Cerrato, Pal\u00e8ncia) \u00e9s una joia del patrimoni espanyol que reflecteix la perviv\u00e8ncia del per\u00edode visigot. La seva relaci\u00f3 amb la font de Recesvinto refor\u00e7a el seu car\u00e0cter simb\u00f2lic i la seva import\u00e0ncia hist\u00f2rica, sent un testimoni excepcional de la Hisp\u00e0nia del segle VII.\" \/>\n<meta property=\"og:url\" content=\"https:\/\/www.elturistatranquil.com\/ca\/basilica-de-san-juan-de-banos-i-font-de-recesvinto-palencia\/\" \/>\n<meta property=\"og:site_name\" content=\"El turista tranquil\" \/>\n<meta property=\"article:publisher\" content=\"https:\/\/www.facebook.com\/elturistatranquilo\/\" \/>\n<meta property=\"article:published_time\" content=\"2025-02-15T10:23:07+00:00\" \/>\n<meta property=\"article:modified_time\" content=\"2025-02-16T20:56:23+00:00\" \/>\n<meta property=\"og:image\" content=\"https:\/\/www.elturistatranquil.com\/wp-content\/uploads\/F00-Basilica-de-San-Juan-de-Banos-Banos-de-Cerrato-Palencia-1-rotated.jpg\" \/>\n\t<meta property=\"og:image:width\" content=\"768\" \/>\n\t<meta property=\"og:image:height\" content=\"512\" \/>\n\t<meta property=\"og:image:type\" content=\"image\/jpeg\" \/>\n<meta name=\"author\" content=\"admin\" \/>\n<meta name=\"twitter:card\" content=\"summary_large_image\" \/>\n<meta name=\"twitter:label1\" content=\"Escrit per\" \/>\n\t<meta name=\"twitter:data1\" content=\"admin\" \/>\n\t<meta name=\"twitter:label2\" content=\"Temps estimat de lectura\" \/>\n\t<meta name=\"twitter:data2\" content=\"16 minuts\" \/>\n<script type=\"application\/ld+json\" class=\"yoast-schema-graph\">{\"@context\":\"https:\\\/\\\/schema.org\",\"@graph\":[{\"@type\":\"Article\",\"@id\":\"https:\\\/\\\/www.elturistatranquil.com\\\/ca\\\/basilica-de-san-juan-de-banos-i-font-de-recesvinto-palencia\\\/#article\",\"isPartOf\":{\"@id\":\"https:\\\/\\\/www.elturistatranquil.com\\\/ca\\\/basilica-de-san-juan-de-banos-i-font-de-recesvinto-palencia\\\/\"},\"author\":{\"name\":\"admin\",\"@id\":\"https:\\\/\\\/www.elturistatranquil.com\\\/ca\\\/#\\\/schema\\\/person\\\/16f607c3079b96ed0c530a52e6b58bb5\"},\"headline\":\"Bas\u00edlica de San Juan de Ba\u00f1os i Font de Recesvinto (Pal\u00e8ncia)\",\"datePublished\":\"2025-02-15T10:23:07+00:00\",\"dateModified\":\"2025-02-16T20:56:23+00:00\",\"mainEntityOfPage\":{\"@id\":\"https:\\\/\\\/www.elturistatranquil.com\\\/ca\\\/basilica-de-san-juan-de-banos-i-font-de-recesvinto-palencia\\\/\"},\"wordCount\":670,\"commentCount\":0,\"image\":{\"@id\":\"https:\\\/\\\/www.elturistatranquil.com\\\/ca\\\/basilica-de-san-juan-de-banos-i-font-de-recesvinto-palencia\\\/#primaryimage\"},\"thumbnailUrl\":\"https:\\\/\\\/www.elturistatranquil.com\\\/wp-content\\\/uploads\\\/F00-Basilica-de-San-Juan-de-Banos-Banos-de-Cerrato-Palencia-1-rotated.jpg\",\"articleSection\":[\"Arquitectura religiosa\",\"Edat mitjana\",\"Joies al territori\",\"Pal\u00e8ncia\",\"Prerom\u00e0nic\"],\"inLanguage\":\"ca\",\"potentialAction\":[{\"@type\":\"CommentAction\",\"name\":\"Comment\",\"target\":[\"https:\\\/\\\/www.elturistatranquil.com\\\/ca\\\/basilica-de-san-juan-de-banos-i-font-de-recesvinto-palencia\\\/#respond\"]}]},{\"@type\":\"WebPage\",\"@id\":\"https:\\\/\\\/www.elturistatranquil.com\\\/ca\\\/basilica-de-san-juan-de-banos-i-font-de-recesvinto-palencia\\\/\",\"url\":\"https:\\\/\\\/www.elturistatranquil.com\\\/ca\\\/basilica-de-san-juan-de-banos-i-font-de-recesvinto-palencia\\\/\",\"name\":\"Bas\u00edlica de San Juan de Ba\u00f1os i Font de Recesvinto (Pal\u00e8ncia) - El turista tranquil\",\"isPartOf\":{\"@id\":\"https:\\\/\\\/www.elturistatranquil.com\\\/ca\\\/#website\"},\"primaryImageOfPage\":{\"@id\":\"https:\\\/\\\/www.elturistatranquil.com\\\/ca\\\/basilica-de-san-juan-de-banos-i-font-de-recesvinto-palencia\\\/#primaryimage\"},\"image\":{\"@id\":\"https:\\\/\\\/www.elturistatranquil.com\\\/ca\\\/basilica-de-san-juan-de-banos-i-font-de-recesvinto-palencia\\\/#primaryimage\"},\"thumbnailUrl\":\"https:\\\/\\\/www.elturistatranquil.com\\\/wp-content\\\/uploads\\\/F00-Basilica-de-San-Juan-de-Banos-Banos-de-Cerrato-Palencia-1-rotated.jpg\",\"datePublished\":\"2025-02-15T10:23:07+00:00\",\"dateModified\":\"2025-02-16T20:56:23+00:00\",\"author\":{\"@id\":\"https:\\\/\\\/www.elturistatranquil.com\\\/ca\\\/#\\\/schema\\\/person\\\/16f607c3079b96ed0c530a52e6b58bb5\"},\"description\":\"La bas\u00edlica de San Juan de Ba\u00f1os (Ba\u00f1os de Cerrato, Pal\u00e8ncia) \u00e9s una joia del patrimoni espanyol que reflecteix la perviv\u00e8ncia del per\u00edode visigot. La seva relaci\u00f3 amb la font de Recesvinto refor\u00e7a el seu car\u00e0cter simb\u00f2lic i la seva import\u00e0ncia hist\u00f2rica, sent un testimoni excepcional de la Hisp\u00e0nia del segle VII.\",\"breadcrumb\":{\"@id\":\"https:\\\/\\\/www.elturistatranquil.com\\\/ca\\\/basilica-de-san-juan-de-banos-i-font-de-recesvinto-palencia\\\/#breadcrumb\"},\"inLanguage\":\"ca\",\"potentialAction\":[{\"@type\":\"ReadAction\",\"target\":[\"https:\\\/\\\/www.elturistatranquil.com\\\/ca\\\/basilica-de-san-juan-de-banos-i-font-de-recesvinto-palencia\\\/\"]}]},{\"@type\":\"ImageObject\",\"inLanguage\":\"ca\",\"@id\":\"https:\\\/\\\/www.elturistatranquil.com\\\/ca\\\/basilica-de-san-juan-de-banos-i-font-de-recesvinto-palencia\\\/#primaryimage\",\"url\":\"https:\\\/\\\/www.elturistatranquil.com\\\/wp-content\\\/uploads\\\/F00-Basilica-de-San-Juan-de-Banos-Banos-de-Cerrato-Palencia-1-rotated.jpg\",\"contentUrl\":\"https:\\\/\\\/www.elturistatranquil.com\\\/wp-content\\\/uploads\\\/F00-Basilica-de-San-Juan-de-Banos-Banos-de-Cerrato-Palencia-1-rotated.jpg\",\"width\":768,\"height\":512,\"caption\":\"Basilica de San Juan de Ba\u00f1os, Ba\u00f1os de Cerrato, Palencia\"},{\"@type\":\"BreadcrumbList\",\"@id\":\"https:\\\/\\\/www.elturistatranquil.com\\\/ca\\\/basilica-de-san-juan-de-banos-i-font-de-recesvinto-palencia\\\/#breadcrumb\",\"itemListElement\":[{\"@type\":\"ListItem\",\"position\":1,\"name\":\"Portada\",\"item\":\"https:\\\/\\\/www.elturistatranquil.com\\\/ca\\\/\"},{\"@type\":\"ListItem\",\"position\":2,\"name\":\"Bas\u00edlica de San Juan de Ba\u00f1os i Font de Recesvinto (Pal\u00e8ncia)\"}]},{\"@type\":\"WebSite\",\"@id\":\"https:\\\/\\\/www.elturistatranquil.com\\\/ca\\\/#website\",\"url\":\"https:\\\/\\\/www.elturistatranquil.com\\\/ca\\\/\",\"name\":\"El turista tranquil\",\"description\":\"Blog de viatges\",\"potentialAction\":[{\"@type\":\"SearchAction\",\"target\":{\"@type\":\"EntryPoint\",\"urlTemplate\":\"https:\\\/\\\/www.elturistatranquil.com\\\/ca\\\/?s={search_term_string}\"},\"query-input\":{\"@type\":\"PropertyValueSpecification\",\"valueRequired\":true,\"valueName\":\"search_term_string\"}}],\"inLanguage\":\"ca\"},{\"@type\":\"Person\",\"@id\":\"https:\\\/\\\/www.elturistatranquil.com\\\/ca\\\/#\\\/schema\\\/person\\\/16f607c3079b96ed0c530a52e6b58bb5\",\"name\":\"admin\",\"image\":{\"@type\":\"ImageObject\",\"inLanguage\":\"ca\",\"@id\":\"https:\\\/\\\/secure.gravatar.com\\\/avatar\\\/1fbaf22aee75fcbb29a2f97b107f95d25d3a19b7c3416105be10269872673e8d?s=96&d=mm&r=g\",\"url\":\"https:\\\/\\\/secure.gravatar.com\\\/avatar\\\/1fbaf22aee75fcbb29a2f97b107f95d25d3a19b7c3416105be10269872673e8d?s=96&d=mm&r=g\",\"contentUrl\":\"https:\\\/\\\/secure.gravatar.com\\\/avatar\\\/1fbaf22aee75fcbb29a2f97b107f95d25d3a19b7c3416105be10269872673e8d?s=96&d=mm&r=g\",\"caption\":\"admin\"}}]}<\/script>\n<!-- \/ Yoast SEO plugin. -->","yoast_head_json":{"title":"Bas\u00edlica de San Juan de Ba\u00f1os i Font de Recesvinto (Pal\u00e8ncia) - El turista tranquil","description":"La bas\u00edlica de San Juan de Ba\u00f1os (Ba\u00f1os de Cerrato, Pal\u00e8ncia) \u00e9s una joia del patrimoni espanyol que reflecteix la perviv\u00e8ncia del per\u00edode visigot. La seva relaci\u00f3 amb la font de Recesvinto refor\u00e7a el seu car\u00e0cter simb\u00f2lic i la seva import\u00e0ncia hist\u00f2rica, sent un testimoni excepcional de la Hisp\u00e0nia del segle VII.","robots":{"index":"index","follow":"follow","max-snippet":"max-snippet:-1","max-image-preview":"max-image-preview:large","max-video-preview":"max-video-preview:-1"},"canonical":"https:\/\/www.elturistatranquil.com\/ca\/basilica-de-san-juan-de-banos-i-font-de-recesvinto-palencia\/","og_locale":"ca_ES","og_type":"article","og_title":"Bas\u00edlica de San Juan de Ba\u00f1os i Font de Recesvinto (Pal\u00e8ncia) - El turista tranquil","og_description":"La bas\u00edlica de San Juan de Ba\u00f1os (Ba\u00f1os de Cerrato, Pal\u00e8ncia) \u00e9s una joia del patrimoni espanyol que reflecteix la perviv\u00e8ncia del per\u00edode visigot. La seva relaci\u00f3 amb la font de Recesvinto refor\u00e7a el seu car\u00e0cter simb\u00f2lic i la seva import\u00e0ncia hist\u00f2rica, sent un testimoni excepcional de la Hisp\u00e0nia del segle VII.","og_url":"https:\/\/www.elturistatranquil.com\/ca\/basilica-de-san-juan-de-banos-i-font-de-recesvinto-palencia\/","og_site_name":"El turista tranquil","article_publisher":"https:\/\/www.facebook.com\/elturistatranquilo\/","article_published_time":"2025-02-15T10:23:07+00:00","article_modified_time":"2025-02-16T20:56:23+00:00","og_image":[{"width":768,"height":512,"url":"https:\/\/www.elturistatranquil.com\/wp-content\/uploads\/F00-Basilica-de-San-Juan-de-Banos-Banos-de-Cerrato-Palencia-1-rotated.jpg","type":"image\/jpeg"}],"author":"admin","twitter_card":"summary_large_image","twitter_misc":{"Escrit per":"admin","Temps estimat de lectura":"16 minuts"},"schema":{"@context":"https:\/\/schema.org","@graph":[{"@type":"Article","@id":"https:\/\/www.elturistatranquil.com\/ca\/basilica-de-san-juan-de-banos-i-font-de-recesvinto-palencia\/#article","isPartOf":{"@id":"https:\/\/www.elturistatranquil.com\/ca\/basilica-de-san-juan-de-banos-i-font-de-recesvinto-palencia\/"},"author":{"name":"admin","@id":"https:\/\/www.elturistatranquil.com\/ca\/#\/schema\/person\/16f607c3079b96ed0c530a52e6b58bb5"},"headline":"Bas\u00edlica de San Juan de Ba\u00f1os i Font de Recesvinto (Pal\u00e8ncia)","datePublished":"2025-02-15T10:23:07+00:00","dateModified":"2025-02-16T20:56:23+00:00","mainEntityOfPage":{"@id":"https:\/\/www.elturistatranquil.com\/ca\/basilica-de-san-juan-de-banos-i-font-de-recesvinto-palencia\/"},"wordCount":670,"commentCount":0,"image":{"@id":"https:\/\/www.elturistatranquil.com\/ca\/basilica-de-san-juan-de-banos-i-font-de-recesvinto-palencia\/#primaryimage"},"thumbnailUrl":"https:\/\/www.elturistatranquil.com\/wp-content\/uploads\/F00-Basilica-de-San-Juan-de-Banos-Banos-de-Cerrato-Palencia-1-rotated.jpg","articleSection":["Arquitectura religiosa","Edat mitjana","Joies al territori","Pal\u00e8ncia","Prerom\u00e0nic"],"inLanguage":"ca","potentialAction":[{"@type":"CommentAction","name":"Comment","target":["https:\/\/www.elturistatranquil.com\/ca\/basilica-de-san-juan-de-banos-i-font-de-recesvinto-palencia\/#respond"]}]},{"@type":"WebPage","@id":"https:\/\/www.elturistatranquil.com\/ca\/basilica-de-san-juan-de-banos-i-font-de-recesvinto-palencia\/","url":"https:\/\/www.elturistatranquil.com\/ca\/basilica-de-san-juan-de-banos-i-font-de-recesvinto-palencia\/","name":"Bas\u00edlica de San Juan de Ba\u00f1os i Font de Recesvinto (Pal\u00e8ncia) - El turista tranquil","isPartOf":{"@id":"https:\/\/www.elturistatranquil.com\/ca\/#website"},"primaryImageOfPage":{"@id":"https:\/\/www.elturistatranquil.com\/ca\/basilica-de-san-juan-de-banos-i-font-de-recesvinto-palencia\/#primaryimage"},"image":{"@id":"https:\/\/www.elturistatranquil.com\/ca\/basilica-de-san-juan-de-banos-i-font-de-recesvinto-palencia\/#primaryimage"},"thumbnailUrl":"https:\/\/www.elturistatranquil.com\/wp-content\/uploads\/F00-Basilica-de-San-Juan-de-Banos-Banos-de-Cerrato-Palencia-1-rotated.jpg","datePublished":"2025-02-15T10:23:07+00:00","dateModified":"2025-02-16T20:56:23+00:00","author":{"@id":"https:\/\/www.elturistatranquil.com\/ca\/#\/schema\/person\/16f607c3079b96ed0c530a52e6b58bb5"},"description":"La bas\u00edlica de San Juan de Ba\u00f1os (Ba\u00f1os de Cerrato, Pal\u00e8ncia) \u00e9s una joia del patrimoni espanyol que reflecteix la perviv\u00e8ncia del per\u00edode visigot. La seva relaci\u00f3 amb la font de Recesvinto refor\u00e7a el seu car\u00e0cter simb\u00f2lic i la seva import\u00e0ncia hist\u00f2rica, sent un testimoni excepcional de la Hisp\u00e0nia del segle VII.","breadcrumb":{"@id":"https:\/\/www.elturistatranquil.com\/ca\/basilica-de-san-juan-de-banos-i-font-de-recesvinto-palencia\/#breadcrumb"},"inLanguage":"ca","potentialAction":[{"@type":"ReadAction","target":["https:\/\/www.elturistatranquil.com\/ca\/basilica-de-san-juan-de-banos-i-font-de-recesvinto-palencia\/"]}]},{"@type":"ImageObject","inLanguage":"ca","@id":"https:\/\/www.elturistatranquil.com\/ca\/basilica-de-san-juan-de-banos-i-font-de-recesvinto-palencia\/#primaryimage","url":"https:\/\/www.elturistatranquil.com\/wp-content\/uploads\/F00-Basilica-de-San-Juan-de-Banos-Banos-de-Cerrato-Palencia-1-rotated.jpg","contentUrl":"https:\/\/www.elturistatranquil.com\/wp-content\/uploads\/F00-Basilica-de-San-Juan-de-Banos-Banos-de-Cerrato-Palencia-1-rotated.jpg","width":768,"height":512,"caption":"Basilica de San Juan de Ba\u00f1os, Ba\u00f1os de Cerrato, Palencia"},{"@type":"BreadcrumbList","@id":"https:\/\/www.elturistatranquil.com\/ca\/basilica-de-san-juan-de-banos-i-font-de-recesvinto-palencia\/#breadcrumb","itemListElement":[{"@type":"ListItem","position":1,"name":"Portada","item":"https:\/\/www.elturistatranquil.com\/ca\/"},{"@type":"ListItem","position":2,"name":"Bas\u00edlica de San Juan de Ba\u00f1os i Font de Recesvinto (Pal\u00e8ncia)"}]},{"@type":"WebSite","@id":"https:\/\/www.elturistatranquil.com\/ca\/#website","url":"https:\/\/www.elturistatranquil.com\/ca\/","name":"El turista tranquil","description":"Blog de viatges","potentialAction":[{"@type":"SearchAction","target":{"@type":"EntryPoint","urlTemplate":"https:\/\/www.elturistatranquil.com\/ca\/?s={search_term_string}"},"query-input":{"@type":"PropertyValueSpecification","valueRequired":true,"valueName":"search_term_string"}}],"inLanguage":"ca"},{"@type":"Person","@id":"https:\/\/www.elturistatranquil.com\/ca\/#\/schema\/person\/16f607c3079b96ed0c530a52e6b58bb5","name":"admin","image":{"@type":"ImageObject","inLanguage":"ca","@id":"https:\/\/secure.gravatar.com\/avatar\/1fbaf22aee75fcbb29a2f97b107f95d25d3a19b7c3416105be10269872673e8d?s=96&d=mm&r=g","url":"https:\/\/secure.gravatar.com\/avatar\/1fbaf22aee75fcbb29a2f97b107f95d25d3a19b7c3416105be10269872673e8d?s=96&d=mm&r=g","contentUrl":"https:\/\/secure.gravatar.com\/avatar\/1fbaf22aee75fcbb29a2f97b107f95d25d3a19b7c3416105be10269872673e8d?s=96&d=mm&r=g","caption":"admin"}}]}},"_links":{"self":[{"href":"https:\/\/www.elturistatranquil.com\/ca\/wp-json\/wp\/v2\/posts\/55959","targetHints":{"allow":["GET"]}}],"collection":[{"href":"https:\/\/www.elturistatranquil.com\/ca\/wp-json\/wp\/v2\/posts"}],"about":[{"href":"https:\/\/www.elturistatranquil.com\/ca\/wp-json\/wp\/v2\/types\/post"}],"author":[{"embeddable":true,"href":"https:\/\/www.elturistatranquil.com\/ca\/wp-json\/wp\/v2\/users\/1"}],"replies":[{"embeddable":true,"href":"https:\/\/www.elturistatranquil.com\/ca\/wp-json\/wp\/v2\/comments?post=55959"}],"version-history":[{"count":5,"href":"https:\/\/www.elturistatranquil.com\/ca\/wp-json\/wp\/v2\/posts\/55959\/revisions"}],"predecessor-version":[{"id":55979,"href":"https:\/\/www.elturistatranquil.com\/ca\/wp-json\/wp\/v2\/posts\/55959\/revisions\/55979"}],"wp:featuredmedia":[{"embeddable":true,"href":"https:\/\/www.elturistatranquil.com\/ca\/wp-json\/wp\/v2\/media\/55958"}],"wp:attachment":[{"href":"https:\/\/www.elturistatranquil.com\/ca\/wp-json\/wp\/v2\/media?parent=55959"}],"wp:term":[{"taxonomy":"category","embeddable":true,"href":"https:\/\/www.elturistatranquil.com\/ca\/wp-json\/wp\/v2\/categories?post=55959"},{"taxonomy":"post_tag","embeddable":true,"href":"https:\/\/www.elturistatranquil.com\/ca\/wp-json\/wp\/v2\/tags?post=55959"}],"curies":[{"name":"wp","href":"https:\/\/api.w.org\/{rel}","templated":true}]}}