{"id":57342,"date":"2025-04-05T11:17:16","date_gmt":"2025-04-05T09:17:16","guid":{"rendered":"https:\/\/www.elturistatranquil.com\/?p=57342"},"modified":"2025-04-05T12:52:06","modified_gmt":"2025-04-05T10:52:06","slug":"roda-disavena-osca","status":"publish","type":"post","link":"https:\/\/www.elturistatranquil.com\/ca\/roda-disavena-osca\/","title":{"rendered":"Roda d&#8217;Is\u00e0vena. Osca"},"content":{"rendered":"\t\t<div data-elementor-type=\"wp-post\" data-elementor-id=\"57342\" class=\"elementor elementor-57342 elementor-56961\" data-elementor-post-type=\"post\">\n\t\t\t\t\t\t<section class=\"elementor-section elementor-top-section elementor-element elementor-element-26fb7aec elementor-section-boxed elementor-section-height-default elementor-section-height-default\" data-id=\"26fb7aec\" data-element_type=\"section\" data-e-type=\"section\">\n\t\t\t\t\t\t<div class=\"elementor-container elementor-column-gap-default\">\n\t\t\t\t\t<div class=\"elementor-column elementor-col-100 elementor-top-column elementor-element elementor-element-6d2838d6\" data-id=\"6d2838d6\" data-element_type=\"column\" data-e-type=\"column\">\n\t\t\t<div class=\"elementor-widget-wrap elementor-element-populated\">\n\t\t\t\t\t\t<section class=\"elementor-section elementor-inner-section elementor-element elementor-element-2754c057 elementor-section-content-middle elementor-section-boxed elementor-section-height-default elementor-section-height-default\" data-id=\"2754c057\" data-element_type=\"section\" data-e-type=\"section\">\n\t\t\t\t\t\t<div class=\"elementor-container elementor-column-gap-default\">\n\t\t\t\t\t<div class=\"elementor-column elementor-col-100 elementor-inner-column elementor-element elementor-element-7cb72220\" data-id=\"7cb72220\" data-element_type=\"column\" data-e-type=\"column\">\n\t\t\t<div class=\"elementor-widget-wrap elementor-element-populated\">\n\t\t\t\t\t\t<div class=\"elementor-element elementor-element-41913ec4 elementor-widget elementor-widget-text-editor\" data-id=\"41913ec4\" data-element_type=\"widget\" data-e-type=\"widget\" data-widget_type=\"text-editor.default\">\n\t\t\t\t<div class=\"elementor-widget-container\">\n\t\t\t\t\t\t\t\t\t<p><strong>\u00c0LBUM DE FOTOS<\/strong><\/p>\t\t\t\t\t\t\t\t<\/div>\n\t\t\t\t<\/div>\n\t\t\t\t\t<\/div>\n\t\t<\/div>\n\t\t\t\t\t<\/div>\n\t\t<\/section>\n\t\t\t\t<section class=\"elementor-section elementor-inner-section elementor-element elementor-element-3f23bf0e elementor-section-content-middle elementor-section-boxed elementor-section-height-default elementor-section-height-default\" data-id=\"3f23bf0e\" data-element_type=\"section\" data-e-type=\"section\">\n\t\t\t\t\t\t<div class=\"elementor-container elementor-column-gap-default\">\n\t\t\t\t\t<div class=\"elementor-column elementor-col-100 elementor-inner-column elementor-element elementor-element-17cd6465\" data-id=\"17cd6465\" data-element_type=\"column\" data-e-type=\"column\">\n\t\t\t<div class=\"elementor-widget-wrap elementor-element-populated\">\n\t\t\t\t\t\t<div class=\"elementor-element elementor-element-28543436 elementor-widget elementor-widget-text-editor\" data-id=\"28543436\" data-element_type=\"widget\" data-e-type=\"widget\" data-widget_type=\"text-editor.default\">\n\t\t\t\t<div class=\"elementor-widget-container\">\n\t\t\t\t\t\t\t\t\t<p><strong>Roda d&#8217;Is\u00e0vena <\/strong>(Osca) no \u00e9s un lloc de pas, sin\u00f3 un lloc on s&#8217;arriba amb intenci\u00f3. I s&#8217;ho mereix. La seva hist\u00f2ria, la trama urbana i l&#8217;arquitectura, el converteixen en una destinaci\u00f3 perfecta per a qui viatja amb esperit d&#8217;observaci\u00f3.<\/p>\t\t\t\t\t\t\t\t<\/div>\n\t\t\t\t<\/div>\n\t\t\t\t\t<\/div>\n\t\t<\/div>\n\t\t\t\t\t<\/div>\n\t\t<\/section>\n\t\t\t\t<div class=\"elementor-element elementor-element-84da340 elementor-widget elementor-widget-heading\" data-id=\"84da340\" data-element_type=\"widget\" data-e-type=\"widget\" data-widget_type=\"heading.default\">\n\t\t\t\t<div class=\"elementor-widget-container\">\n\t\t\t\t\t<h1 class=\"elementor-heading-title elementor-size-default\">Roda d'Is\u00e0vena. Osca<\/h1>\t\t\t\t<\/div>\n\t\t\t\t<\/div>\n\t\t\t\t\t<\/div>\n\t\t<\/div>\n\t\t\t\t\t<\/div>\n\t\t<\/section>\n\t\t\t\t<section class=\"elementor-section elementor-top-section elementor-element elementor-element-40ac69c7 elementor-section-boxed elementor-section-height-default elementor-section-height-default\" data-id=\"40ac69c7\" data-element_type=\"section\" data-e-type=\"section\">\n\t\t\t\t\t\t<div class=\"elementor-container elementor-column-gap-default\">\n\t\t\t\t\t<div class=\"elementor-column elementor-col-100 elementor-top-column elementor-element elementor-element-55d41870\" data-id=\"55d41870\" data-element_type=\"column\" data-e-type=\"column\">\n\t\t\t<div class=\"elementor-widget-wrap elementor-element-populated\">\n\t\t\t\t\t\t<div class=\"elementor-element elementor-element-6a082391 elementor-widget elementor-widget-image\" data-id=\"6a082391\" data-element_type=\"widget\" data-e-type=\"widget\" data-widget_type=\"image.default\">\n\t\t\t\t<div class=\"elementor-widget-container\">\n\t\t\t\t\t\t\t\t\t\t\t\t<figure class=\"wp-caption\">\n\t\t\t\t\t\t\t\t\t\t<img fetchpriority=\"high\" decoding=\"async\" width=\"768\" height=\"512\" src=\"https:\/\/www.elturistatranquil.com\/wp-content\/uploads\/F01c-Mapa-de-situacio-de-Roda-de-Isabena-Google-maps-2025-03-27.jpg\" class=\"attachment-medium_large size-medium_large wp-image-57355\" alt=\"Mapa de situacio de Roda de Isabena (Google maps 2025-03-27)\" srcset=\"https:\/\/www.elturistatranquil.com\/wp-content\/uploads\/F01c-Mapa-de-situacio-de-Roda-de-Isabena-Google-maps-2025-03-27.jpg 768w, https:\/\/www.elturistatranquil.com\/wp-content\/uploads\/F01c-Mapa-de-situacio-de-Roda-de-Isabena-Google-maps-2025-03-27-339x226.jpg 339w\" sizes=\"(max-width: 768px) 100vw, 768px\" \/>\t\t\t\t\t\t\t\t\t\t\t<figcaption class=\"widget-image-caption wp-caption-text\">Mapa de situaci\u00f3 de Roda de Is\u00e0vena (Google maps 2025-03-27)<\/figcaption>\n\t\t\t\t\t\t\t\t\t\t<\/figure>\n\t\t\t\t\t\t\t\t\t<\/div>\n\t\t\t\t<\/div>\n\t\t\t\t<section class=\"elementor-section elementor-inner-section elementor-element elementor-element-4ee55060 elementor-section-boxed elementor-section-height-default elementor-section-height-default\" data-id=\"4ee55060\" data-element_type=\"section\" data-e-type=\"section\" data-settings=\"{&quot;background_background&quot;:&quot;classic&quot;}\">\n\t\t\t\t\t\t\t<div class=\"elementor-background-overlay\"><\/div>\n\t\t\t\t\t\t\t<div class=\"elementor-container elementor-column-gap-default\">\n\t\t\t\t\t<div class=\"elementor-column elementor-col-100 elementor-inner-column elementor-element elementor-element-18f35687\" data-id=\"18f35687\" data-element_type=\"column\" data-e-type=\"column\" data-settings=\"{&quot;background_background&quot;:&quot;classic&quot;}\">\n\t\t\t<div class=\"elementor-widget-wrap elementor-element-populated\">\n\t\t\t\t\t\t<div class=\"elementor-element elementor-element-20fd1dbc elementor-widget elementor-widget-text-editor\" data-id=\"20fd1dbc\" data-element_type=\"widget\" data-e-type=\"widget\" data-widget_type=\"text-editor.default\">\n\t\t\t\t<div class=\"elementor-widget-container\">\n\t\t\t\t\t\t\t\t\t<p>Municipi: Is\u00e0vena. Comarca: Ribagor\u00e7a. Prov\u00edncia: Osca. Com. Aut\u00f2noma: Arag\u00f3<br \/>Coordenades: 42\u00b017&#8217;28.8&#8243;N 0\u00b031&#8217;42.4&#8243;E. Altitud: 907 msnm. Poblaci\u00f3: 44 habitants (2023)<br \/>Web: <a href=\"https:\/\/www.xn--isbena-qta.es\/roda-de-is%C3%A1bena\" target=\"_blank\" rel=\"noopener\">ayuntamiento<\/a><em><br \/>Conjunt Hist\u00f2ric Art\u00edstic (BIC)<\/em><br \/>Visita: 2022<\/p>\t\t\t\t\t\t\t\t<\/div>\n\t\t\t\t<\/div>\n\t\t\t\t\t<\/div>\n\t\t<\/div>\n\t\t\t\t\t<\/div>\n\t\t<\/section>\n\t\t\t\t<div class=\"elementor-element elementor-element-730c25e6 elementor-widget elementor-widget-spacer\" data-id=\"730c25e6\" data-element_type=\"widget\" data-e-type=\"widget\" data-widget_type=\"spacer.default\">\n\t\t\t\t<div class=\"elementor-widget-container\">\n\t\t\t\t\t\t\t<div class=\"elementor-spacer\">\n\t\t\t<div class=\"elementor-spacer-inner\"><\/div>\n\t\t<\/div>\n\t\t\t\t\t\t<\/div>\n\t\t\t\t<\/div>\n\t\t\t\t<div class=\"elementor-element elementor-element-e821413 elementor-toc--minimized-on-tablet elementor-widget elementor-widget-table-of-contents\" data-id=\"e821413\" data-element_type=\"widget\" data-e-type=\"widget\" data-settings=\"{&quot;headings_by_tags&quot;:[&quot;h2&quot;,&quot;h3&quot;,&quot;h4&quot;],&quot;marker_view&quot;:&quot;bullets&quot;,&quot;icon&quot;:{&quot;value&quot;:&quot;&quot;,&quot;library&quot;:&quot;&quot;},&quot;no_headings_message&quot;:&quot;No se ha encontrado ning\\u00fan encabezado en esta p\\u00e1gina.&quot;,&quot;minimize_box&quot;:&quot;yes&quot;,&quot;minimized_on&quot;:&quot;tablet&quot;,&quot;hierarchical_view&quot;:&quot;yes&quot;,&quot;min_height&quot;:{&quot;unit&quot;:&quot;px&quot;,&quot;size&quot;:&quot;&quot;,&quot;sizes&quot;:[]},&quot;min_height_tablet&quot;:{&quot;unit&quot;:&quot;px&quot;,&quot;size&quot;:&quot;&quot;,&quot;sizes&quot;:[]},&quot;min_height_mobile&quot;:{&quot;unit&quot;:&quot;px&quot;,&quot;size&quot;:&quot;&quot;,&quot;sizes&quot;:[]}}\" data-widget_type=\"table-of-contents.default\">\n\t\t\t\t<div class=\"elementor-widget-container\">\n\t\t\t\t\t\t\t\t\t<div class=\"elementor-toc__header\">\n\t\t\t\t\t\t<h4 class=\"elementor-toc__header-title\">\n\t\t\t\t\u00cdndex\t\t\t<\/h4>\n\t\t\t\t\t\t\t\t\t\t<div class=\"elementor-toc__toggle-button elementor-toc__toggle-button--expand\" role=\"button\" tabindex=\"0\" aria-controls=\"elementor-toc__e821413\" aria-expanded=\"true\" aria-label=\"Open table of contents\"><i aria-hidden=\"true\" class=\"fas fa-chevron-down\"><\/i><\/div>\n\t\t\t\t<div class=\"elementor-toc__toggle-button elementor-toc__toggle-button--collapse\" role=\"button\" tabindex=\"0\" aria-controls=\"elementor-toc__e821413\" aria-expanded=\"true\" aria-label=\"Close table of contents\"><i aria-hidden=\"true\" class=\"fas fa-chevron-up\"><\/i><\/div>\n\t\t\t\t\t<\/div>\n\t\t\t\t<div id=\"elementor-toc__e821413\" class=\"elementor-toc__body\">\n\t\t\t<div class=\"elementor-toc__spinner-container\">\n\t\t\t\t<i class=\"elementor-toc__spinner eicon-animation-spin eicon-loading\" aria-hidden=\"true\"><\/i>\t\t\t<\/div>\n\t\t<\/div>\n\t\t\t\t\t\t<\/div>\n\t\t\t\t<\/div>\n\t\t\t\t<div class=\"elementor-element elementor-element-7a04a8ab elementor-widget elementor-widget-menu-anchor\" data-id=\"7a04a8ab\" data-element_type=\"widget\" data-e-type=\"widget\" data-widget_type=\"menu-anchor.default\">\n\t\t\t\t<div class=\"elementor-widget-container\">\n\t\t\t\t\t\t\t<div class=\"elementor-menu-anchor\" id=\"a0101-EnlaceaunpuntodentrodelPost\"><\/div>\n\t\t\t\t\t\t<\/div>\n\t\t\t\t<\/div>\n\t\t\t\t<div class=\"elementor-element elementor-element-4dca4f29 elementor-widget elementor-widget-spacer\" data-id=\"4dca4f29\" data-element_type=\"widget\" data-e-type=\"widget\" data-widget_type=\"spacer.default\">\n\t\t\t\t<div class=\"elementor-widget-container\">\n\t\t\t\t\t\t\t<div class=\"elementor-spacer\">\n\t\t\t<div class=\"elementor-spacer-inner\"><\/div>\n\t\t<\/div>\n\t\t\t\t\t\t<\/div>\n\t\t\t\t<\/div>\n\t\t\t\t<div class=\"elementor-element elementor-element-5b21e900 elementor-widget elementor-widget-heading\" data-id=\"5b21e900\" data-element_type=\"widget\" data-e-type=\"widget\" data-widget_type=\"heading.default\">\n\t\t\t\t<div class=\"elementor-widget-container\">\n\t\t\t\t\t<h2 class=\"elementor-heading-title elementor-size-default\">Roda d'Is\u00e0vena. Ribagor\u00e7a. Osca<\/h2>\t\t\t\t<\/div>\n\t\t\t\t<\/div>\n\t\t\t\t<div class=\"elementor-element elementor-element-53ec5624 elementor-widget elementor-widget-text-editor\" data-id=\"53ec5624\" data-element_type=\"widget\" data-e-type=\"widget\" data-widget_type=\"text-editor.default\">\n\t\t\t\t<div class=\"elementor-widget-container\">\n\t\t\t\t\t\t\t\t\t<p>Enfilada a 907 metres d&#8217;altitud, <strong>Roda d&#8217;Is\u00e0vena<\/strong> domina des del seu promontori la tranquil\u00b7la vall del riu Is\u00e0vena. Aquest petit nucli, pertanyent al municipi del mateix nom, se situa a la comarca de la Ribagor\u00e7a, a la prov\u00edncia d&#8217;Osca, envoltat per les serres d&#8217;Esdolomada, Chordal i Sis. La seva ubicaci\u00f3 elevada i l&#8217;acc\u00e9s controlat expliquen que, durant segles, fos un enclavament estrat\u00e8gic i espiritual de gran rellev\u00e0ncia a l&#8217;Alt Arag\u00f3.<\/p>\t\t\t\t\t\t\t\t<\/div>\n\t\t\t\t<\/div>\n\t\t\t\t<div class=\"elementor-element elementor-element-46bc130d elementor-widget elementor-widget-image\" data-id=\"46bc130d\" data-element_type=\"widget\" data-e-type=\"widget\" data-widget_type=\"image.default\">\n\t\t\t\t<div class=\"elementor-widget-container\">\n\t\t\t\t\t\t\t\t\t\t\t\t<figure class=\"wp-caption\">\n\t\t\t\t\t\t\t\t\t\t<img decoding=\"async\" width=\"768\" height=\"512\" src=\"https:\/\/www.elturistatranquil.com\/wp-content\/uploads\/F02-Roda-de-Isabena-Huesca-Google-maps-2025-03-24.jpg\" class=\"attachment-large size-large wp-image-56969\" alt=\"Roda de Isabena, Huesca (Google maps 2025-03-24)\" srcset=\"https:\/\/www.elturistatranquil.com\/wp-content\/uploads\/F02-Roda-de-Isabena-Huesca-Google-maps-2025-03-24.jpg 768w, https:\/\/www.elturistatranquil.com\/wp-content\/uploads\/F02-Roda-de-Isabena-Huesca-Google-maps-2025-03-24-339x226.jpg 339w\" sizes=\"(max-width: 768px) 100vw, 768px\" \/>\t\t\t\t\t\t\t\t\t\t\t<figcaption class=\"widget-image-caption wp-caption-text\">Foto zenital (Google maps 2025-03-24)<\/figcaption>\n\t\t\t\t\t\t\t\t\t\t<\/figure>\n\t\t\t\t\t\t\t\t\t<\/div>\n\t\t\t\t<\/div>\n\t\t\t\t<div class=\"elementor-element elementor-element-ba56783 elementor-widget elementor-widget-text-editor\" data-id=\"ba56783\" data-element_type=\"widget\" data-e-type=\"widget\" data-widget_type=\"text-editor.default\">\n\t\t\t\t<div class=\"elementor-widget-container\">\n\t\t\t\t\t\t\t\t\t<p>Ja al segle X, Roda es va consolidar com a basti\u00f3 defensiu davant la ve\u00efna Taifa de Saragossa. La seva esplendor va arribar a mitjan segle, en convertir-se en seu episcopal i capital pol\u00edtica del comtat de Ribagor\u00e7a. Durant els segles XI i XII, va viure la seva edat daurada: van florir les construccions religioses i es va materialitzar l&#8217;entramat urb\u00e0 que encara podem rec\u00f3rrer.<\/p><p>Tot i aix\u00f2, amb l&#8217;aven\u00e7 de la frontera cap al sud, despr\u00e9s de la conquesta de Barbastre el 1100 es va traslladar la seu episcopal a la ciutat de Vero (1100) i m\u00e9s tard a Lleida (1149), cosa que va marcar l&#8217;inici del seu declivi, fins arribar al tranquil poble que \u00e9s avui amb 44 habitants (2023).<\/p>\t\t\t\t\t\t\t\t<\/div>\n\t\t\t\t<\/div>\n\t\t\t\t<div class=\"elementor-element elementor-element-66acd07f elementor-widget elementor-widget-heading\" data-id=\"66acd07f\" data-element_type=\"widget\" data-e-type=\"widget\" data-widget_type=\"heading.default\">\n\t\t\t\t<div class=\"elementor-widget-container\">\n\t\t\t\t\t<h5 class=\"elementor-heading-title elementor-size-default\">Urbanisme medieval, construccions de l\u00b4Edat Moderna<\/h5>\t\t\t\t<\/div>\n\t\t\t\t<\/div>\n\t\t\t\t<div class=\"elementor-element elementor-element-a3102be elementor-widget elementor-widget-text-editor\" data-id=\"a3102be\" data-element_type=\"widget\" data-e-type=\"widget\" data-widget_type=\"text-editor.default\">\n\t\t\t\t<div class=\"elementor-widget-container\">\n\t\t\t\t\t\t\t\t\t<p>El tra\u00e7at urb\u00e0 conserva el tra\u00e7at medieval: carrers estrets i sinuosos adaptats a l&#8217;orografia, un \u00fanic acc\u00e9s per l&#8217;antic portal i restes visibles de la muralla, actualment en proc\u00e9s de restauraci\u00f3. Tot i aix\u00f2, el conjunt de les seves edificacions correspon als segles XVII i XVIII, fruit de la recuperaci\u00f3 econ\u00f2mica d&#8217;Arag\u00f3 a partir del segle XVI.<\/p><p>Les cases de pedra actualment visibles pertanyen majorit\u00e0riament a l&#8217;Edat Moderna, molt especialment del segle XVIII, com testifiquen les dates gravades a les seves llindes. En la percepci\u00f3 col\u00b7lectiva \u2014i en la promoci\u00f3 tur\u00edstica\u2014 les assumim com a medievals, per\u00f2 caldria parlar m\u00e9s d&#8217;un &#8220;<em>poble de tra\u00e7at medieval i reconstru\u00eft a l&#8217;Edat Moderna<\/em>&#8220;.<\/p>\t\t\t\t\t\t\t\t<\/div>\n\t\t\t\t<\/div>\n\t\t\t\t<section class=\"elementor-section elementor-inner-section elementor-element elementor-element-3fcb066 elementor-section-boxed elementor-section-height-default elementor-section-height-default\" data-id=\"3fcb066\" data-element_type=\"section\" data-e-type=\"section\">\n\t\t\t\t\t\t<div class=\"elementor-container elementor-column-gap-default\">\n\t\t\t\t\t<div class=\"elementor-column elementor-col-50 elementor-inner-column elementor-element elementor-element-d5010f8\" data-id=\"d5010f8\" data-element_type=\"column\" data-e-type=\"column\">\n\t\t\t<div class=\"elementor-widget-wrap elementor-element-populated\">\n\t\t\t\t\t\t<div class=\"elementor-element elementor-element-386c752 elementor-widget elementor-widget-image\" data-id=\"386c752\" data-element_type=\"widget\" data-e-type=\"widget\" data-widget_type=\"image.default\">\n\t\t\t\t<div class=\"elementor-widget-container\">\n\t\t\t\t\t\t\t\t\t\t\t\t\t\t\t<img decoding=\"async\" width=\"380\" height=\"380\" src=\"https:\/\/www.elturistatranquil.com\/wp-content\/uploads\/F03m-Roda-de-Isabena-Huesca.jpg\" class=\"attachment-large size-large wp-image-56971\" alt=\"Roda de Isabena, Huesca\" srcset=\"https:\/\/www.elturistatranquil.com\/wp-content\/uploads\/F03m-Roda-de-Isabena-Huesca.jpg 380w, https:\/\/www.elturistatranquil.com\/wp-content\/uploads\/F03m-Roda-de-Isabena-Huesca-226x226.jpg 226w\" sizes=\"(max-width: 380px) 100vw, 380px\" \/>\t\t\t\t\t\t\t\t\t\t\t\t\t\t\t<\/div>\n\t\t\t\t<\/div>\n\t\t\t\t\t<\/div>\n\t\t<\/div>\n\t\t\t\t<div class=\"elementor-column elementor-col-50 elementor-inner-column elementor-element elementor-element-7090066\" data-id=\"7090066\" data-element_type=\"column\" data-e-type=\"column\">\n\t\t\t<div class=\"elementor-widget-wrap elementor-element-populated\">\n\t\t\t\t\t\t<div class=\"elementor-element elementor-element-9194fde elementor-widget elementor-widget-image\" data-id=\"9194fde\" data-element_type=\"widget\" data-e-type=\"widget\" data-widget_type=\"image.default\">\n\t\t\t\t<div class=\"elementor-widget-container\">\n\t\t\t\t\t\t\t\t\t\t\t\t\t\t\t<img loading=\"lazy\" decoding=\"async\" width=\"380\" height=\"380\" src=\"https:\/\/www.elturistatranquil.com\/wp-content\/uploads\/F03n-Roda-de-Isabena-Huesca.jpg\" class=\"attachment-large size-large wp-image-56973\" alt=\"Roda de Isabena, Huesca\" srcset=\"https:\/\/www.elturistatranquil.com\/wp-content\/uploads\/F03n-Roda-de-Isabena-Huesca.jpg 380w, https:\/\/www.elturistatranquil.com\/wp-content\/uploads\/F03n-Roda-de-Isabena-Huesca-226x226.jpg 226w\" sizes=\"(max-width: 380px) 100vw, 380px\" \/>\t\t\t\t\t\t\t\t\t\t\t\t\t\t\t<\/div>\n\t\t\t\t<\/div>\n\t\t\t\t\t<\/div>\n\t\t<\/div>\n\t\t\t\t\t<\/div>\n\t\t<\/section>\n\t\t\t\t<section class=\"elementor-section elementor-inner-section elementor-element elementor-element-404fc19 elementor-section-boxed elementor-section-height-default elementor-section-height-default\" data-id=\"404fc19\" data-element_type=\"section\" data-e-type=\"section\">\n\t\t\t\t\t\t<div class=\"elementor-container elementor-column-gap-default\">\n\t\t\t\t\t<div class=\"elementor-column elementor-col-50 elementor-inner-column elementor-element elementor-element-ad1349e\" data-id=\"ad1349e\" data-element_type=\"column\" data-e-type=\"column\">\n\t\t\t<div class=\"elementor-widget-wrap elementor-element-populated\">\n\t\t\t\t\t\t<div class=\"elementor-element elementor-element-f2a9343 elementor-widget elementor-widget-image\" data-id=\"f2a9343\" data-element_type=\"widget\" data-e-type=\"widget\" data-widget_type=\"image.default\">\n\t\t\t\t<div class=\"elementor-widget-container\">\n\t\t\t\t\t\t\t\t\t\t\t\t\t\t\t<img loading=\"lazy\" decoding=\"async\" width=\"380\" height=\"380\" src=\"https:\/\/www.elturistatranquil.com\/wp-content\/uploads\/F03o-Roda-de-Isabena-Huesca.jpg\" class=\"attachment-large size-large wp-image-56975\" alt=\"Roda de Isabena, Huesca\" srcset=\"https:\/\/www.elturistatranquil.com\/wp-content\/uploads\/F03o-Roda-de-Isabena-Huesca.jpg 380w, https:\/\/www.elturistatranquil.com\/wp-content\/uploads\/F03o-Roda-de-Isabena-Huesca-226x226.jpg 226w\" sizes=\"(max-width: 380px) 100vw, 380px\" \/>\t\t\t\t\t\t\t\t\t\t\t\t\t\t\t<\/div>\n\t\t\t\t<\/div>\n\t\t\t\t\t<\/div>\n\t\t<\/div>\n\t\t\t\t<div class=\"elementor-column elementor-col-50 elementor-inner-column elementor-element elementor-element-acff37e\" data-id=\"acff37e\" data-element_type=\"column\" data-e-type=\"column\">\n\t\t\t<div class=\"elementor-widget-wrap elementor-element-populated\">\n\t\t\t\t\t\t<div class=\"elementor-element elementor-element-ec25d36 elementor-widget elementor-widget-image\" data-id=\"ec25d36\" data-element_type=\"widget\" data-e-type=\"widget\" data-widget_type=\"image.default\">\n\t\t\t\t<div class=\"elementor-widget-container\">\n\t\t\t\t\t\t\t\t\t\t\t\t\t\t\t<img loading=\"lazy\" decoding=\"async\" width=\"380\" height=\"380\" src=\"https:\/\/www.elturistatranquil.com\/wp-content\/uploads\/F03p-Roda-de-Isabena-Huesca.jpg\" class=\"attachment-large size-large wp-image-56977\" alt=\"Roda de Isabena, Huesca\" srcset=\"https:\/\/www.elturistatranquil.com\/wp-content\/uploads\/F03p-Roda-de-Isabena-Huesca.jpg 380w, https:\/\/www.elturistatranquil.com\/wp-content\/uploads\/F03p-Roda-de-Isabena-Huesca-226x226.jpg 226w\" sizes=\"(max-width: 380px) 100vw, 380px\" \/>\t\t\t\t\t\t\t\t\t\t\t\t\t\t\t<\/div>\n\t\t\t\t<\/div>\n\t\t\t\t\t<\/div>\n\t\t<\/div>\n\t\t\t\t\t<\/div>\n\t\t<\/section>\n\t\t\t\t<section class=\"elementor-section elementor-inner-section elementor-element elementor-element-fe649a9 elementor-section-boxed elementor-section-height-default elementor-section-height-default\" data-id=\"fe649a9\" data-element_type=\"section\" data-e-type=\"section\">\n\t\t\t\t\t\t<div class=\"elementor-container elementor-column-gap-default\">\n\t\t\t\t\t<div class=\"elementor-column elementor-col-50 elementor-inner-column elementor-element elementor-element-526d9be\" data-id=\"526d9be\" data-element_type=\"column\" data-e-type=\"column\">\n\t\t\t<div class=\"elementor-widget-wrap elementor-element-populated\">\n\t\t\t\t\t\t<div class=\"elementor-element elementor-element-da3d84e elementor-widget elementor-widget-image\" data-id=\"da3d84e\" data-element_type=\"widget\" data-e-type=\"widget\" data-widget_type=\"image.default\">\n\t\t\t\t<div class=\"elementor-widget-container\">\n\t\t\t\t\t\t\t\t\t\t\t\t\t\t\t<img loading=\"lazy\" decoding=\"async\" width=\"380\" height=\"380\" src=\"https:\/\/www.elturistatranquil.com\/wp-content\/uploads\/F03q-Roda-de-Isabena-Huesca.jpg\" class=\"attachment-large size-large wp-image-56979\" alt=\"Roda de Isabena, Huesca\" srcset=\"https:\/\/www.elturistatranquil.com\/wp-content\/uploads\/F03q-Roda-de-Isabena-Huesca.jpg 380w, https:\/\/www.elturistatranquil.com\/wp-content\/uploads\/F03q-Roda-de-Isabena-Huesca-226x226.jpg 226w\" sizes=\"(max-width: 380px) 100vw, 380px\" \/>\t\t\t\t\t\t\t\t\t\t\t\t\t\t\t<\/div>\n\t\t\t\t<\/div>\n\t\t\t\t\t<\/div>\n\t\t<\/div>\n\t\t\t\t<div class=\"elementor-column elementor-col-50 elementor-inner-column elementor-element elementor-element-e2c6f2d\" data-id=\"e2c6f2d\" data-element_type=\"column\" data-e-type=\"column\">\n\t\t\t<div class=\"elementor-widget-wrap elementor-element-populated\">\n\t\t\t\t\t\t<div class=\"elementor-element elementor-element-8796d17 elementor-widget elementor-widget-image\" data-id=\"8796d17\" data-element_type=\"widget\" data-e-type=\"widget\" data-widget_type=\"image.default\">\n\t\t\t\t<div class=\"elementor-widget-container\">\n\t\t\t\t\t\t\t\t\t\t\t\t\t\t\t<img loading=\"lazy\" decoding=\"async\" width=\"380\" height=\"380\" src=\"https:\/\/www.elturistatranquil.com\/wp-content\/uploads\/F03r-Roda-de-Isabena-Huesca.jpg\" class=\"attachment-large size-large wp-image-56981\" alt=\"Roda de Isabena, Huesca\" srcset=\"https:\/\/www.elturistatranquil.com\/wp-content\/uploads\/F03r-Roda-de-Isabena-Huesca.jpg 380w, https:\/\/www.elturistatranquil.com\/wp-content\/uploads\/F03r-Roda-de-Isabena-Huesca-226x226.jpg 226w\" sizes=\"(max-width: 380px) 100vw, 380px\" \/>\t\t\t\t\t\t\t\t\t\t\t\t\t\t\t<\/div>\n\t\t\t\t<\/div>\n\t\t\t\t\t<\/div>\n\t\t<\/div>\n\t\t\t\t\t<\/div>\n\t\t<\/section>\n\t\t\t\t<div class=\"elementor-element elementor-element-010a101 elementor-widget elementor-widget-spacer\" data-id=\"010a101\" data-element_type=\"widget\" data-e-type=\"widget\" data-widget_type=\"spacer.default\">\n\t\t\t\t<div class=\"elementor-widget-container\">\n\t\t\t\t\t\t\t<div class=\"elementor-spacer\">\n\t\t\t<div class=\"elementor-spacer-inner\"><\/div>\n\t\t<\/div>\n\t\t\t\t\t\t<\/div>\n\t\t\t\t<\/div>\n\t\t\t\t<div class=\"elementor-element elementor-element-f7170e6 elementor-widget elementor-widget-heading\" data-id=\"f7170e6\" data-element_type=\"widget\" data-e-type=\"widget\" data-widget_type=\"heading.default\">\n\t\t\t\t<div class=\"elementor-widget-container\">\n\t\t\t\t\t<h5 class=\"elementor-heading-title elementor-size-default\">Conjunt monumental<\/h5>\t\t\t\t<\/div>\n\t\t\t\t<\/div>\n\t\t\t\t<div class=\"elementor-element elementor-element-2fa73cf elementor-widget elementor-widget-text-editor\" data-id=\"2fa73cf\" data-element_type=\"widget\" data-e-type=\"widget\" data-widget_type=\"text-editor.default\">\n\t\t\t\t<div class=\"elementor-widget-container\">\n\t\t\t\t\t\t\t\t\t<p>El tresor patrimonial m\u00e9s gran de Roda \u00e9s la seva <strong>catedral hist\u00f2rica<\/strong>, considerada la m\u00e9s antiga del que seria el Regne d&#8217;Arag\u00f3. La seva construcci\u00f3 va comen\u00e7ar el 956 per ordre del comte Ramon II de Ribagor\u00e7a. Despr\u00e9s de ser destru\u00efda per Abd-al-Malik el 1006, va ser reconstru\u00efda sota el regnat de San\u00e7 III el Major. El temple, d&#8217;origen rom\u00e0nic llombard, va rebre m\u00e9s tard aportacions de mestres navarresos vinculats al cam\u00ed de Sant Jaume.<\/p><p>La planta \u00e9s basilical, amb tres naus i tres absis semicirculars. Un quart absis es troba a la capella de la sala capitular. Al segle XVIII es van afegir elements neocl\u00e0ssics, com el p\u00f2rtic i la torre campanar.<\/p><p>Adossat al lateral de l&#8217;evangeli, al costat nord, es conserva complet el <strong>claustre rom\u00e0nic<\/strong> de planta quadrangular irregular. Tamb\u00e9 se&#8217;n conserven el refectori (avui menjador de l&#8217;Hospeder\u00eda), la sala capitular i altres depend\u00e8ncies de l&#8217;antic complex can\u00f2nic.<\/p>\t\t\t\t\t\t\t\t<\/div>\n\t\t\t\t<\/div>\n\t\t\t\t<div class=\"elementor-element elementor-element-cb29983 elementor-widget elementor-widget-heading\" data-id=\"cb29983\" data-element_type=\"widget\" data-e-type=\"widget\" data-widget_type=\"heading.default\">\n\t\t\t\t<div class=\"elementor-widget-container\">\n\t\t\t\t\t<h5 class=\"elementor-heading-title elementor-size-default\">Altres punts de visita<\/h5>\t\t\t\t<\/div>\n\t\t\t\t<\/div>\n\t\t\t\t<div class=\"elementor-element elementor-element-03142d4 elementor-widget elementor-widget-text-editor\" data-id=\"03142d4\" data-element_type=\"widget\" data-e-type=\"widget\" data-widget_type=\"text-editor.default\">\n\t\t\t\t<div class=\"elementor-widget-container\">\n\t\t\t\t\t\t\t\t\t<p>A m\u00e9s de la catedral, Roda convida a perdre&#8217;s entre els seus carrers, i observar el <strong>Palau fortificat del Prior<\/strong>, la <strong>Torre Grossa<\/strong>, la <strong>Pla\u00e7a Major<\/strong> amb l&#8217;Ajuntament, el <strong>Museu de l&#8217;Era de Vicen<\/strong>, i les <strong>cases-pont<\/strong>, constru\u00efdes sobre la via, que generen passatges voltats. Des de l\u00b4aparcament, l\u00b4acc\u00e9s pel <strong>Portal<\/strong> (antiga entrada al recinte) ofereix una de les millors vistes panor\u00e0miques cap al sud.<\/p>\t\t\t\t\t\t\t\t<\/div>\n\t\t\t\t<\/div>\n\t\t\t\t<div class=\"elementor-element elementor-element-6e13cd8d elementor-widget elementor-widget-heading\" data-id=\"6e13cd8d\" data-element_type=\"widget\" data-e-type=\"widget\" data-widget_type=\"heading.default\">\n\t\t\t\t<div class=\"elementor-widget-container\">\n\t\t\t\t\t<h2 class=\"elementor-heading-title elementor-size-default\">\u00c0lbum de fotos de Roda d\u2019Is\u00e0vena<\/h2>\t\t\t\t<\/div>\n\t\t\t\t<\/div>\n\t\t\t\t<div class=\"elementor-element elementor-element-b59b226 elementor-widget elementor-widget-text-editor\" data-id=\"b59b226\" data-element_type=\"widget\" data-e-type=\"widget\" data-widget_type=\"text-editor.default\">\n\t\t\t\t<div class=\"elementor-widget-container\">\n\t\t\t\t\t\t\t\t\t<p>Abans de passar a <strong>l&#8217;\u00c0lbum de Fotos<\/strong>, vull comentar que la nostra visita va coincidir amb el dia de \u201ctancament tur\u00edstic\u201d: dimarts \u2014una raresa, ja que la majoria ho fan els dilluns\u2014, cosa que ens va impedir accedir a l&#8217;interior de la catedral i al museu. Tot i aix\u00f2, el <strong>restaurant de l&#8217;Hospederia de Roda d&#8217;Is\u00e0vena<\/strong> estava obert. I va ser una fortuna: no nom\u00e9s vam gaudir d&#8217;un \u00e0pat excel\u00b7lent, sin\u00f3 que vam poder accedir a l&#8217;antic refectori g\u00f2tic, amb restes de pintures murals, i visitar el claustre.<\/p>\t\t\t\t\t\t\t\t<\/div>\n\t\t\t\t<\/div>\n\t\t\t\t<div class=\"elementor-element elementor-element-81c23c2 elementor-widget elementor-widget-image\" data-id=\"81c23c2\" data-element_type=\"widget\" data-e-type=\"widget\" data-widget_type=\"image.default\">\n\t\t\t\t<div class=\"elementor-widget-container\">\n\t\t\t\t\t\t\t\t\t\t\t\t<figure class=\"wp-caption\">\n\t\t\t\t\t\t\t\t\t\t<img loading=\"lazy\" decoding=\"async\" width=\"768\" height=\"512\" src=\"https:\/\/www.elturistatranquil.com\/wp-content\/uploads\/F04-Roda-de-Isabena-Huesca-Google-maps-2025-03-24.jpg\" class=\"attachment-large size-large wp-image-56983\" alt=\"Roda de Isabena, Huesca (Google maps 2025-03-24)\" srcset=\"https:\/\/www.elturistatranquil.com\/wp-content\/uploads\/F04-Roda-de-Isabena-Huesca-Google-maps-2025-03-24.jpg 768w, https:\/\/www.elturistatranquil.com\/wp-content\/uploads\/F04-Roda-de-Isabena-Huesca-Google-maps-2025-03-24-339x226.jpg 339w\" sizes=\"(max-width: 768px) 100vw, 768px\" \/>\t\t\t\t\t\t\t\t\t\t\t<figcaption class=\"widget-image-caption wp-caption-text\">(Pk) Aparcament; (A) Muralles; (B) Portal de Santa Anna; (C) Pla\u00e7a Portal i carrer Santa Ana; (D) Pla\u00e7a Major; (E) Catedral hist\u00f2rica de Sant Vicent; (G) Palau fortificat del Prior; (F) Pla\u00e7a Arquitecte Pons Sorolla i Torre Grossa; (H) Cementiri; (I) Carrer del Mitj\u00e0; (J) Carrer de la Carcillada (carrer Baixa); (K) Carrer de l'Era; (L) Placeta de l'Hospital; (M) Carrer Pedro Pac i (N) Museu l'Era de Vicen (sobre Google maps 2025-03-24)<\/figcaption>\n\t\t\t\t\t\t\t\t\t\t<\/figure>\n\t\t\t\t\t\t\t\t\t<\/div>\n\t\t\t\t<\/div>\n\t\t\t\t<div class=\"elementor-element elementor-element-cf804e0 elementor-widget elementor-widget-image\" data-id=\"cf804e0\" data-element_type=\"widget\" data-e-type=\"widget\" data-widget_type=\"image.default\">\n\t\t\t\t<div class=\"elementor-widget-container\">\n\t\t\t\t\t\t\t\t\t\t\t\t<figure class=\"wp-caption\">\n\t\t\t\t\t\t\t\t\t\t<img loading=\"lazy\" decoding=\"async\" width=\"768\" height=\"512\" src=\"https:\/\/www.elturistatranquil.com\/wp-content\/uploads\/F05a-Roda-de-Isabena-Huesca.jpg\" class=\"attachment-large size-large wp-image-56985\" alt=\"Roda de Isabena, Huesca\" srcset=\"https:\/\/www.elturistatranquil.com\/wp-content\/uploads\/F05a-Roda-de-Isabena-Huesca.jpg 768w, https:\/\/www.elturistatranquil.com\/wp-content\/uploads\/F05a-Roda-de-Isabena-Huesca-339x226.jpg 339w\" sizes=\"(max-width: 768px) 100vw, 768px\" \/>\t\t\t\t\t\t\t\t\t\t\t<figcaption class=\"widget-image-caption wp-caption-text\"><\/figcaption>\n\t\t\t\t\t\t\t\t\t\t<\/figure>\n\t\t\t\t\t\t\t\t\t<\/div>\n\t\t\t\t<\/div>\n\t\t\t\t<div class=\"elementor-element elementor-element-1ddc182 elementor-widget elementor-widget-image\" data-id=\"1ddc182\" data-element_type=\"widget\" data-e-type=\"widget\" data-widget_type=\"image.default\">\n\t\t\t\t<div class=\"elementor-widget-container\">\n\t\t\t\t\t\t\t\t\t\t\t\t<figure class=\"wp-caption\">\n\t\t\t\t\t\t\t\t\t\t<img loading=\"lazy\" decoding=\"async\" width=\"768\" height=\"512\" src=\"https:\/\/www.elturistatranquil.com\/wp-content\/uploads\/F05b-Roda-de-Isabena-Huesca.jpg\" class=\"attachment-large size-large wp-image-56990\" alt=\"Roda de Isabena, Huesca\" srcset=\"https:\/\/www.elturistatranquil.com\/wp-content\/uploads\/F05b-Roda-de-Isabena-Huesca.jpg 768w, https:\/\/www.elturistatranquil.com\/wp-content\/uploads\/F05b-Roda-de-Isabena-Huesca-339x226.jpg 339w\" sizes=\"(max-width: 768px) 100vw, 768px\" \/>\t\t\t\t\t\t\t\t\t\t\t<figcaption class=\"widget-image-caption wp-caption-text\"><\/figcaption>\n\t\t\t\t\t\t\t\t\t\t<\/figure>\n\t\t\t\t\t\t\t\t\t<\/div>\n\t\t\t\t<\/div>\n\t\t\t\t<div class=\"elementor-element elementor-element-713f381 elementor-widget elementor-widget-image\" data-id=\"713f381\" data-element_type=\"widget\" data-e-type=\"widget\" data-widget_type=\"image.default\">\n\t\t\t\t<div class=\"elementor-widget-container\">\n\t\t\t\t\t\t\t\t\t\t\t\t<figure class=\"wp-caption\">\n\t\t\t\t\t\t\t\t\t\t<img loading=\"lazy\" decoding=\"async\" width=\"768\" height=\"502\" src=\"https:\/\/www.elturistatranquil.com\/wp-content\/uploads\/F05c-Roda-de-Isabena-Huesca.-Foto-Turismo-de-Aragon.jpg\" class=\"attachment-large size-large wp-image-56992\" alt=\"Roda de Isabena, Huesca. Foto-Turismo de Aragon\" srcset=\"https:\/\/www.elturistatranquil.com\/wp-content\/uploads\/F05c-Roda-de-Isabena-Huesca.-Foto-Turismo-de-Aragon.jpg 768w, https:\/\/www.elturistatranquil.com\/wp-content\/uploads\/F05c-Roda-de-Isabena-Huesca.-Foto-Turismo-de-Aragon-339x222.jpg 339w\" sizes=\"(max-width: 768px) 100vw, 768px\" \/>\t\t\t\t\t\t\t\t\t\t\t<figcaption class=\"widget-image-caption wp-caption-text\">(Foto: Turismo de Arag\u00f3n)<\/figcaption>\n\t\t\t\t\t\t\t\t\t\t<\/figure>\n\t\t\t\t\t\t\t\t\t<\/div>\n\t\t\t\t<\/div>\n\t\t\t\t<div class=\"elementor-element elementor-element-2a31049a elementor-widget elementor-widget-heading\" data-id=\"2a31049a\" data-element_type=\"widget\" data-e-type=\"widget\" data-widget_type=\"heading.default\">\n\t\t\t\t<div class=\"elementor-widget-container\">\n\t\t\t\t\t<h3 class=\"elementor-heading-title elementor-size-default\">Aparcament (Pk) i les muralles (A)<\/h3>\t\t\t\t<\/div>\n\t\t\t\t<\/div>\n\t\t\t\t<div class=\"elementor-element elementor-element-ad737fd elementor-widget elementor-widget-image\" data-id=\"ad737fd\" data-element_type=\"widget\" data-e-type=\"widget\" data-widget_type=\"image.default\">\n\t\t\t\t<div class=\"elementor-widget-container\">\n\t\t\t\t\t\t\t\t\t\t\t\t<figure class=\"wp-caption\">\n\t\t\t\t\t\t\t\t\t\t<img loading=\"lazy\" decoding=\"async\" width=\"768\" height=\"512\" src=\"https:\/\/www.elturistatranquil.com\/wp-content\/uploads\/F06-Roda-de-Isabena-Huesca.jpg\" class=\"attachment-large size-large wp-image-56994\" alt=\"Roda de Isabena, Huesca\" srcset=\"https:\/\/www.elturistatranquil.com\/wp-content\/uploads\/F06-Roda-de-Isabena-Huesca.jpg 768w, https:\/\/www.elturistatranquil.com\/wp-content\/uploads\/F06-Roda-de-Isabena-Huesca-339x226.jpg 339w\" sizes=\"(max-width: 768px) 100vw, 768px\" \/>\t\t\t\t\t\t\t\t\t\t\t<figcaption class=\"widget-image-caption wp-caption-text\"><\/figcaption>\n\t\t\t\t\t\t\t\t\t\t<\/figure>\n\t\t\t\t\t\t\t\t\t<\/div>\n\t\t\t\t<\/div>\n\t\t\t\t<div class=\"elementor-element elementor-element-0f03879 elementor-widget elementor-widget-image\" data-id=\"0f03879\" data-element_type=\"widget\" data-e-type=\"widget\" data-widget_type=\"image.default\">\n\t\t\t\t<div class=\"elementor-widget-container\">\n\t\t\t\t\t\t\t\t\t\t\t\t<figure class=\"wp-caption\">\n\t\t\t\t\t\t\t\t\t\t<img loading=\"lazy\" decoding=\"async\" width=\"768\" height=\"512\" src=\"https:\/\/www.elturistatranquil.com\/wp-content\/uploads\/F07-Roda-de-Isabena-Huesca.jpg\" class=\"attachment-large size-large wp-image-56996\" alt=\"Roda de Isabena, Huesca\" srcset=\"https:\/\/www.elturistatranquil.com\/wp-content\/uploads\/F07-Roda-de-Isabena-Huesca.jpg 768w, https:\/\/www.elturistatranquil.com\/wp-content\/uploads\/F07-Roda-de-Isabena-Huesca-339x226.jpg 339w\" sizes=\"(max-width: 768px) 100vw, 768px\" \/>\t\t\t\t\t\t\t\t\t\t\t<figcaption class=\"widget-image-caption wp-caption-text\"><\/figcaption>\n\t\t\t\t\t\t\t\t\t\t<\/figure>\n\t\t\t\t\t\t\t\t\t<\/div>\n\t\t\t\t<\/div>\n\t\t\t\t<div class=\"elementor-element elementor-element-06883a0 elementor-widget elementor-widget-image\" data-id=\"06883a0\" data-element_type=\"widget\" data-e-type=\"widget\" data-widget_type=\"image.default\">\n\t\t\t\t<div class=\"elementor-widget-container\">\n\t\t\t\t\t\t\t\t\t\t\t\t<figure class=\"wp-caption\">\n\t\t\t\t\t\t\t\t\t\t<img loading=\"lazy\" decoding=\"async\" width=\"768\" height=\"511\" src=\"https:\/\/www.elturistatranquil.com\/wp-content\/uploads\/F09-Roda-de-Isabena-Huesca.jpg\" class=\"attachment-large size-large wp-image-56998\" alt=\"Roda de Isabena, Huesca\" srcset=\"https:\/\/www.elturistatranquil.com\/wp-content\/uploads\/F09-Roda-de-Isabena-Huesca.jpg 768w, https:\/\/www.elturistatranquil.com\/wp-content\/uploads\/F09-Roda-de-Isabena-Huesca-339x226.jpg 339w\" sizes=\"(max-width: 768px) 100vw, 768px\" \/>\t\t\t\t\t\t\t\t\t\t\t<figcaption class=\"widget-image-caption wp-caption-text\"><\/figcaption>\n\t\t\t\t\t\t\t\t\t\t<\/figure>\n\t\t\t\t\t\t\t\t\t<\/div>\n\t\t\t\t<\/div>\n\t\t\t\t<div class=\"elementor-element elementor-element-fb6c94d elementor-widget elementor-widget-image\" data-id=\"fb6c94d\" data-element_type=\"widget\" data-e-type=\"widget\" data-widget_type=\"image.default\">\n\t\t\t\t<div class=\"elementor-widget-container\">\n\t\t\t\t\t\t\t\t\t\t\t\t<figure class=\"wp-caption\">\n\t\t\t\t\t\t\t\t\t\t<img loading=\"lazy\" decoding=\"async\" width=\"768\" height=\"511\" src=\"https:\/\/www.elturistatranquil.com\/wp-content\/uploads\/F10-Roda-de-Isabena-Huesca.jpg\" class=\"attachment-large size-large wp-image-57000\" alt=\"Roda de Isabena, Huesca\" srcset=\"https:\/\/www.elturistatranquil.com\/wp-content\/uploads\/F10-Roda-de-Isabena-Huesca.jpg 768w, https:\/\/www.elturistatranquil.com\/wp-content\/uploads\/F10-Roda-de-Isabena-Huesca-339x226.jpg 339w\" sizes=\"(max-width: 768px) 100vw, 768px\" \/>\t\t\t\t\t\t\t\t\t\t\t<figcaption class=\"widget-image-caption wp-caption-text\"><\/figcaption>\n\t\t\t\t\t\t\t\t\t\t<\/figure>\n\t\t\t\t\t\t\t\t\t<\/div>\n\t\t\t\t<\/div>\n\t\t\t\t<div class=\"elementor-element elementor-element-3d43f61 elementor-widget elementor-widget-image\" data-id=\"3d43f61\" data-element_type=\"widget\" data-e-type=\"widget\" data-widget_type=\"image.default\">\n\t\t\t\t<div class=\"elementor-widget-container\">\n\t\t\t\t\t\t\t\t\t\t\t\t<figure class=\"wp-caption\">\n\t\t\t\t\t\t\t\t\t\t<img loading=\"lazy\" decoding=\"async\" width=\"768\" height=\"512\" src=\"https:\/\/www.elturistatranquil.com\/wp-content\/uploads\/F11-Roda-de-Isabena-Huesca.jpg\" class=\"attachment-large size-large wp-image-57002\" alt=\"Roda de Isabena, Huesca\" srcset=\"https:\/\/www.elturistatranquil.com\/wp-content\/uploads\/F11-Roda-de-Isabena-Huesca.jpg 768w, https:\/\/www.elturistatranquil.com\/wp-content\/uploads\/F11-Roda-de-Isabena-Huesca-339x226.jpg 339w\" sizes=\"(max-width: 768px) 100vw, 768px\" \/>\t\t\t\t\t\t\t\t\t\t\t<figcaption class=\"widget-image-caption wp-caption-text\"><\/figcaption>\n\t\t\t\t\t\t\t\t\t\t<\/figure>\n\t\t\t\t\t\t\t\t\t<\/div>\n\t\t\t\t<\/div>\n\t\t\t\t<div class=\"elementor-element elementor-element-6d68584 elementor-widget elementor-widget-image\" data-id=\"6d68584\" data-element_type=\"widget\" data-e-type=\"widget\" data-widget_type=\"image.default\">\n\t\t\t\t<div class=\"elementor-widget-container\">\n\t\t\t\t\t\t\t\t\t\t\t\t<figure class=\"wp-caption\">\n\t\t\t\t\t\t\t\t\t\t<img loading=\"lazy\" decoding=\"async\" width=\"768\" height=\"512\" src=\"https:\/\/www.elturistatranquil.com\/wp-content\/uploads\/F13-Roda-de-Isabena-Huesca.jpg\" class=\"attachment-large size-large wp-image-57004\" alt=\"Roda de Isabena, Huesca\" srcset=\"https:\/\/www.elturistatranquil.com\/wp-content\/uploads\/F13-Roda-de-Isabena-Huesca.jpg 768w, https:\/\/www.elturistatranquil.com\/wp-content\/uploads\/F13-Roda-de-Isabena-Huesca-339x226.jpg 339w\" sizes=\"(max-width: 768px) 100vw, 768px\" \/>\t\t\t\t\t\t\t\t\t\t\t<figcaption class=\"widget-image-caption wp-caption-text\"><\/figcaption>\n\t\t\t\t\t\t\t\t\t\t<\/figure>\n\t\t\t\t\t\t\t\t\t<\/div>\n\t\t\t\t<\/div>\n\t\t\t\t<div class=\"elementor-element elementor-element-e28e50d elementor-widget elementor-widget-heading\" data-id=\"e28e50d\" data-element_type=\"widget\" data-e-type=\"widget\" data-widget_type=\"heading.default\">\n\t\t\t\t<div class=\"elementor-widget-container\">\n\t\t\t\t\t<h3 class=\"elementor-heading-title elementor-size-default\">Portal de Santa Ana. Mirador Arcs del Portal (B)<\/h3>\t\t\t\t<\/div>\n\t\t\t\t<\/div>\n\t\t\t\t<div class=\"elementor-element elementor-element-0102571 elementor-widget elementor-widget-image\" data-id=\"0102571\" data-element_type=\"widget\" data-e-type=\"widget\" data-widget_type=\"image.default\">\n\t\t\t\t<div class=\"elementor-widget-container\">\n\t\t\t\t\t\t\t\t\t\t\t\t<figure class=\"wp-caption\">\n\t\t\t\t\t\t\t\t\t\t<img loading=\"lazy\" decoding=\"async\" width=\"768\" height=\"512\" src=\"https:\/\/www.elturistatranquil.com\/wp-content\/uploads\/F14-Roda-de-Isabena-Huesca.jpg\" class=\"attachment-large size-large wp-image-57006\" alt=\"Portal de Santa Ana. Mirador Arcos del Portal (B)\" srcset=\"https:\/\/www.elturistatranquil.com\/wp-content\/uploads\/F14-Roda-de-Isabena-Huesca.jpg 768w, https:\/\/www.elturistatranquil.com\/wp-content\/uploads\/F14-Roda-de-Isabena-Huesca-339x226.jpg 339w\" sizes=\"(max-width: 768px) 100vw, 768px\" \/>\t\t\t\t\t\t\t\t\t\t\t<figcaption class=\"widget-image-caption wp-caption-text\"><\/figcaption>\n\t\t\t\t\t\t\t\t\t\t<\/figure>\n\t\t\t\t\t\t\t\t\t<\/div>\n\t\t\t\t<\/div>\n\t\t\t\t<div class=\"elementor-element elementor-element-a6d2fc8 elementor-widget elementor-widget-image\" data-id=\"a6d2fc8\" data-element_type=\"widget\" data-e-type=\"widget\" data-widget_type=\"image.default\">\n\t\t\t\t<div class=\"elementor-widget-container\">\n\t\t\t\t\t\t\t\t\t\t\t\t<figure class=\"wp-caption\">\n\t\t\t\t\t\t\t\t\t\t<img loading=\"lazy\" decoding=\"async\" width=\"768\" height=\"511\" src=\"https:\/\/www.elturistatranquil.com\/wp-content\/uploads\/F15-Roda-de-Isabena-Huesca.jpg\" class=\"attachment-large size-large wp-image-57008\" alt=\"Roda de Isabena, Huesca\" srcset=\"https:\/\/www.elturistatranquil.com\/wp-content\/uploads\/F15-Roda-de-Isabena-Huesca.jpg 768w, https:\/\/www.elturistatranquil.com\/wp-content\/uploads\/F15-Roda-de-Isabena-Huesca-339x226.jpg 339w\" sizes=\"(max-width: 768px) 100vw, 768px\" \/>\t\t\t\t\t\t\t\t\t\t\t<figcaption class=\"widget-image-caption wp-caption-text\"><\/figcaption>\n\t\t\t\t\t\t\t\t\t\t<\/figure>\n\t\t\t\t\t\t\t\t\t<\/div>\n\t\t\t\t<\/div>\n\t\t\t\t<div class=\"elementor-element elementor-element-92ce01d elementor-widget elementor-widget-image\" data-id=\"92ce01d\" data-element_type=\"widget\" data-e-type=\"widget\" data-widget_type=\"image.default\">\n\t\t\t\t<div class=\"elementor-widget-container\">\n\t\t\t\t\t\t\t\t\t\t\t\t<figure class=\"wp-caption\">\n\t\t\t\t\t\t\t\t\t\t<img loading=\"lazy\" decoding=\"async\" width=\"768\" height=\"511\" src=\"https:\/\/www.elturistatranquil.com\/wp-content\/uploads\/F16-Roda-de-Isabena-Huesca.jpg\" class=\"attachment-large size-large wp-image-57013\" alt=\"Roda de Isabena, Huesca\" srcset=\"https:\/\/www.elturistatranquil.com\/wp-content\/uploads\/F16-Roda-de-Isabena-Huesca.jpg 768w, https:\/\/www.elturistatranquil.com\/wp-content\/uploads\/F16-Roda-de-Isabena-Huesca-339x226.jpg 339w\" sizes=\"(max-width: 768px) 100vw, 768px\" \/>\t\t\t\t\t\t\t\t\t\t\t<figcaption class=\"widget-image-caption wp-caption-text\"><\/figcaption>\n\t\t\t\t\t\t\t\t\t\t<\/figure>\n\t\t\t\t\t\t\t\t\t<\/div>\n\t\t\t\t<\/div>\n\t\t\t\t<div class=\"elementor-element elementor-element-25076a5 elementor-widget elementor-widget-heading\" data-id=\"25076a5\" data-element_type=\"widget\" data-e-type=\"widget\" data-widget_type=\"heading.default\">\n\t\t\t\t<div class=\"elementor-widget-container\">\n\t\t\t\t\t<h3 class=\"elementor-heading-title elementor-size-default\">Pla\u00e7a Portal i carrer Santa Ana (C)<\/h3>\t\t\t\t<\/div>\n\t\t\t\t<\/div>\n\t\t\t\t<div class=\"elementor-element elementor-element-48d78c1 elementor-widget elementor-widget-image\" data-id=\"48d78c1\" data-element_type=\"widget\" data-e-type=\"widget\" data-widget_type=\"image.default\">\n\t\t\t\t<div class=\"elementor-widget-container\">\n\t\t\t\t\t\t\t\t\t\t\t\t<figure class=\"wp-caption\">\n\t\t\t\t\t\t\t\t\t\t<img loading=\"lazy\" decoding=\"async\" width=\"768\" height=\"512\" src=\"https:\/\/www.elturistatranquil.com\/wp-content\/uploads\/F17-Roda-de-Isabena-Huesca.jpg\" class=\"attachment-large size-large wp-image-57015\" alt=\"Plaza Portal y calle Santa Ana (C)\" srcset=\"https:\/\/www.elturistatranquil.com\/wp-content\/uploads\/F17-Roda-de-Isabena-Huesca.jpg 768w, https:\/\/www.elturistatranquil.com\/wp-content\/uploads\/F17-Roda-de-Isabena-Huesca-339x226.jpg 339w\" sizes=\"(max-width: 768px) 100vw, 768px\" \/>\t\t\t\t\t\t\t\t\t\t\t<figcaption class=\"widget-image-caption wp-caption-text\"><\/figcaption>\n\t\t\t\t\t\t\t\t\t\t<\/figure>\n\t\t\t\t\t\t\t\t\t<\/div>\n\t\t\t\t<\/div>\n\t\t\t\t<div class=\"elementor-element elementor-element-8af841b elementor-widget elementor-widget-image\" data-id=\"8af841b\" data-element_type=\"widget\" data-e-type=\"widget\" data-widget_type=\"image.default\">\n\t\t\t\t<div class=\"elementor-widget-container\">\n\t\t\t\t\t\t\t\t\t\t\t\t<figure class=\"wp-caption\">\n\t\t\t\t\t\t\t\t\t\t<img loading=\"lazy\" decoding=\"async\" width=\"768\" height=\"512\" src=\"https:\/\/www.elturistatranquil.com\/wp-content\/uploads\/F18-Roda-de-Isabena-Huesca.jpg\" class=\"attachment-large size-large wp-image-57017\" alt=\"Plaza Portal y calle Santa Ana (C)\" srcset=\"https:\/\/www.elturistatranquil.com\/wp-content\/uploads\/F18-Roda-de-Isabena-Huesca.jpg 768w, https:\/\/www.elturistatranquil.com\/wp-content\/uploads\/F18-Roda-de-Isabena-Huesca-339x226.jpg 339w\" sizes=\"(max-width: 768px) 100vw, 768px\" \/>\t\t\t\t\t\t\t\t\t\t\t<figcaption class=\"widget-image-caption wp-caption-text\"><\/figcaption>\n\t\t\t\t\t\t\t\t\t\t<\/figure>\n\t\t\t\t\t\t\t\t\t<\/div>\n\t\t\t\t<\/div>\n\t\t\t\t<div class=\"elementor-element elementor-element-a690c6d elementor-widget elementor-widget-image\" data-id=\"a690c6d\" data-element_type=\"widget\" data-e-type=\"widget\" data-widget_type=\"image.default\">\n\t\t\t\t<div class=\"elementor-widget-container\">\n\t\t\t\t\t\t\t\t\t\t\t\t<figure class=\"wp-caption\">\n\t\t\t\t\t\t\t\t\t\t<img loading=\"lazy\" decoding=\"async\" width=\"768\" height=\"511\" src=\"https:\/\/www.elturistatranquil.com\/wp-content\/uploads\/F19-Roda-de-Isabena-Huesca.jpg\" class=\"attachment-large size-large wp-image-57019\" alt=\"Roda de Isabena, Huesca\" srcset=\"https:\/\/www.elturistatranquil.com\/wp-content\/uploads\/F19-Roda-de-Isabena-Huesca.jpg 768w, https:\/\/www.elturistatranquil.com\/wp-content\/uploads\/F19-Roda-de-Isabena-Huesca-339x226.jpg 339w\" sizes=\"(max-width: 768px) 100vw, 768px\" \/>\t\t\t\t\t\t\t\t\t\t\t<figcaption class=\"widget-image-caption wp-caption-text\"><\/figcaption>\n\t\t\t\t\t\t\t\t\t\t<\/figure>\n\t\t\t\t\t\t\t\t\t<\/div>\n\t\t\t\t<\/div>\n\t\t\t\t<div class=\"elementor-element elementor-element-27d9b88 elementor-widget elementor-widget-image\" data-id=\"27d9b88\" data-element_type=\"widget\" data-e-type=\"widget\" data-widget_type=\"image.default\">\n\t\t\t\t<div class=\"elementor-widget-container\">\n\t\t\t\t\t\t\t\t\t\t\t\t<figure class=\"wp-caption\">\n\t\t\t\t\t\t\t\t\t\t<img loading=\"lazy\" decoding=\"async\" width=\"768\" height=\"511\" src=\"https:\/\/www.elturistatranquil.com\/wp-content\/uploads\/F20-Roda-de-Isabena-Huesca.jpg\" class=\"attachment-large size-large wp-image-57021\" alt=\"Roda de Isabena, Huesca\" srcset=\"https:\/\/www.elturistatranquil.com\/wp-content\/uploads\/F20-Roda-de-Isabena-Huesca.jpg 768w, https:\/\/www.elturistatranquil.com\/wp-content\/uploads\/F20-Roda-de-Isabena-Huesca-339x226.jpg 339w\" sizes=\"(max-width: 768px) 100vw, 768px\" \/>\t\t\t\t\t\t\t\t\t\t\t<figcaption class=\"widget-image-caption wp-caption-text\"><\/figcaption>\n\t\t\t\t\t\t\t\t\t\t<\/figure>\n\t\t\t\t\t\t\t\t\t<\/div>\n\t\t\t\t<\/div>\n\t\t\t\t<div class=\"elementor-element elementor-element-511cbcf elementor-widget elementor-widget-image\" data-id=\"511cbcf\" data-element_type=\"widget\" data-e-type=\"widget\" data-widget_type=\"image.default\">\n\t\t\t\t<div class=\"elementor-widget-container\">\n\t\t\t\t\t\t\t\t\t\t\t\t<figure class=\"wp-caption\">\n\t\t\t\t\t\t\t\t\t\t<img loading=\"lazy\" decoding=\"async\" width=\"768\" height=\"512\" src=\"https:\/\/www.elturistatranquil.com\/wp-content\/uploads\/F21-Roda-de-Isabena-Huesca.jpg\" class=\"attachment-large size-large wp-image-57023\" alt=\"Roda de Isabena, Huesca\" srcset=\"https:\/\/www.elturistatranquil.com\/wp-content\/uploads\/F21-Roda-de-Isabena-Huesca.jpg 768w, https:\/\/www.elturistatranquil.com\/wp-content\/uploads\/F21-Roda-de-Isabena-Huesca-339x226.jpg 339w\" sizes=\"(max-width: 768px) 100vw, 768px\" \/>\t\t\t\t\t\t\t\t\t\t\t<figcaption class=\"widget-image-caption wp-caption-text\"><\/figcaption>\n\t\t\t\t\t\t\t\t\t\t<\/figure>\n\t\t\t\t\t\t\t\t\t<\/div>\n\t\t\t\t<\/div>\n\t\t\t\t<div class=\"elementor-element elementor-element-e307852 elementor-widget elementor-widget-image\" data-id=\"e307852\" data-element_type=\"widget\" data-e-type=\"widget\" data-widget_type=\"image.default\">\n\t\t\t\t<div class=\"elementor-widget-container\">\n\t\t\t\t\t\t\t\t\t\t\t\t<figure class=\"wp-caption\">\n\t\t\t\t\t\t\t\t\t\t<img loading=\"lazy\" decoding=\"async\" width=\"768\" height=\"512\" src=\"https:\/\/www.elturistatranquil.com\/wp-content\/uploads\/F22-Roda-de-Isabena-Huesca.jpg\" class=\"attachment-large size-large wp-image-57025\" alt=\"Roda de Isabena, Huesca\" srcset=\"https:\/\/www.elturistatranquil.com\/wp-content\/uploads\/F22-Roda-de-Isabena-Huesca.jpg 768w, https:\/\/www.elturistatranquil.com\/wp-content\/uploads\/F22-Roda-de-Isabena-Huesca-339x226.jpg 339w\" sizes=\"(max-width: 768px) 100vw, 768px\" \/>\t\t\t\t\t\t\t\t\t\t\t<figcaption class=\"widget-image-caption wp-caption-text\"><\/figcaption>\n\t\t\t\t\t\t\t\t\t\t<\/figure>\n\t\t\t\t\t\t\t\t\t<\/div>\n\t\t\t\t<\/div>\n\t\t\t\t<div class=\"elementor-element elementor-element-7053f85 elementor-widget elementor-widget-image\" data-id=\"7053f85\" data-element_type=\"widget\" data-e-type=\"widget\" data-widget_type=\"image.default\">\n\t\t\t\t<div class=\"elementor-widget-container\">\n\t\t\t\t\t\t\t\t\t\t\t\t<figure class=\"wp-caption\">\n\t\t\t\t\t\t\t\t\t\t<img loading=\"lazy\" decoding=\"async\" width=\"768\" height=\"511\" src=\"https:\/\/www.elturistatranquil.com\/wp-content\/uploads\/F23-Roda-de-Isabena-Huesca.jpg\" class=\"attachment-large size-large wp-image-57027\" alt=\"Roda de Isabena, Huesca\" srcset=\"https:\/\/www.elturistatranquil.com\/wp-content\/uploads\/F23-Roda-de-Isabena-Huesca.jpg 768w, https:\/\/www.elturistatranquil.com\/wp-content\/uploads\/F23-Roda-de-Isabena-Huesca-339x226.jpg 339w\" sizes=\"(max-width: 768px) 100vw, 768px\" \/>\t\t\t\t\t\t\t\t\t\t\t<figcaption class=\"widget-image-caption wp-caption-text\"><\/figcaption>\n\t\t\t\t\t\t\t\t\t\t<\/figure>\n\t\t\t\t\t\t\t\t\t<\/div>\n\t\t\t\t<\/div>\n\t\t\t\t<div class=\"elementor-element elementor-element-5b0344b elementor-widget elementor-widget-image\" data-id=\"5b0344b\" data-element_type=\"widget\" data-e-type=\"widget\" data-widget_type=\"image.default\">\n\t\t\t\t<div class=\"elementor-widget-container\">\n\t\t\t\t\t\t\t\t\t\t\t\t<figure class=\"wp-caption\">\n\t\t\t\t\t\t\t\t\t\t<img loading=\"lazy\" decoding=\"async\" width=\"558\" height=\"590\" src=\"https:\/\/www.elturistatranquil.com\/wp-content\/uploads\/F24-Roda-de-Isabena-Huesca.jpg\" class=\"attachment-large size-large wp-image-57029\" alt=\"Roda de Isabena, Huesca\" srcset=\"https:\/\/www.elturistatranquil.com\/wp-content\/uploads\/F24-Roda-de-Isabena-Huesca.jpg 558w, https:\/\/www.elturistatranquil.com\/wp-content\/uploads\/F24-Roda-de-Isabena-Huesca-214x226.jpg 214w\" sizes=\"(max-width: 558px) 100vw, 558px\" \/>\t\t\t\t\t\t\t\t\t\t\t<figcaption class=\"widget-image-caption wp-caption-text\"><\/figcaption>\n\t\t\t\t\t\t\t\t\t\t<\/figure>\n\t\t\t\t\t\t\t\t\t<\/div>\n\t\t\t\t<\/div>\n\t\t\t\t<div class=\"elementor-element elementor-element-7348fe8 elementor-widget elementor-widget-image\" data-id=\"7348fe8\" data-element_type=\"widget\" data-e-type=\"widget\" data-widget_type=\"image.default\">\n\t\t\t\t<div class=\"elementor-widget-container\">\n\t\t\t\t\t\t\t\t\t\t\t\t<figure class=\"wp-caption\">\n\t\t\t\t\t\t\t\t\t\t<img loading=\"lazy\" decoding=\"async\" width=\"768\" height=\"511\" src=\"https:\/\/www.elturistatranquil.com\/wp-content\/uploads\/F25-Roda-de-Isabena-Huesca.jpg\" class=\"attachment-large size-large wp-image-57034\" alt=\"Roda de Isabena, Huesca\" srcset=\"https:\/\/www.elturistatranquil.com\/wp-content\/uploads\/F25-Roda-de-Isabena-Huesca.jpg 768w, https:\/\/www.elturistatranquil.com\/wp-content\/uploads\/F25-Roda-de-Isabena-Huesca-339x226.jpg 339w\" sizes=\"(max-width: 768px) 100vw, 768px\" \/>\t\t\t\t\t\t\t\t\t\t\t<figcaption class=\"widget-image-caption wp-caption-text\"><\/figcaption>\n\t\t\t\t\t\t\t\t\t\t<\/figure>\n\t\t\t\t\t\t\t\t\t<\/div>\n\t\t\t\t<\/div>\n\t\t\t\t<div class=\"elementor-element elementor-element-8cafd97 elementor-widget elementor-widget-heading\" data-id=\"8cafd97\" data-element_type=\"widget\" data-e-type=\"widget\" data-widget_type=\"heading.default\">\n\t\t\t\t<div class=\"elementor-widget-container\">\n\t\t\t\t\t<h3 class=\"elementor-heading-title elementor-size-default\">Pla\u00e7a Major (D)<\/h3>\t\t\t\t<\/div>\n\t\t\t\t<\/div>\n\t\t\t\t<div class=\"elementor-element elementor-element-73156ae elementor-widget elementor-widget-image\" data-id=\"73156ae\" data-element_type=\"widget\" data-e-type=\"widget\" data-widget_type=\"image.default\">\n\t\t\t\t<div class=\"elementor-widget-container\">\n\t\t\t\t\t\t\t\t\t\t\t\t<figure class=\"wp-caption\">\n\t\t\t\t\t\t\t\t\t\t<img loading=\"lazy\" decoding=\"async\" width=\"768\" height=\"511\" src=\"https:\/\/www.elturistatranquil.com\/wp-content\/uploads\/F26-Roda-de-Isabena-Huesca.jpg\" class=\"attachment-large size-large wp-image-57036\" alt=\"Roda de Isabena, Huesca\" srcset=\"https:\/\/www.elturistatranquil.com\/wp-content\/uploads\/F26-Roda-de-Isabena-Huesca.jpg 768w, https:\/\/www.elturistatranquil.com\/wp-content\/uploads\/F26-Roda-de-Isabena-Huesca-339x226.jpg 339w\" sizes=\"(max-width: 768px) 100vw, 768px\" \/>\t\t\t\t\t\t\t\t\t\t\t<figcaption class=\"widget-image-caption wp-caption-text\"><\/figcaption>\n\t\t\t\t\t\t\t\t\t\t<\/figure>\n\t\t\t\t\t\t\t\t\t<\/div>\n\t\t\t\t<\/div>\n\t\t\t\t<div class=\"elementor-element elementor-element-1551ba2 elementor-widget elementor-widget-image\" data-id=\"1551ba2\" data-element_type=\"widget\" data-e-type=\"widget\" data-widget_type=\"image.default\">\n\t\t\t\t<div class=\"elementor-widget-container\">\n\t\t\t\t\t\t\t\t\t\t\t\t<figure class=\"wp-caption\">\n\t\t\t\t\t\t\t\t\t\t<img loading=\"lazy\" decoding=\"async\" width=\"768\" height=\"512\" src=\"https:\/\/www.elturistatranquil.com\/wp-content\/uploads\/F27-Roda-de-Isabena-Huesca.jpg\" class=\"attachment-large size-large wp-image-57038\" alt=\"Roda de Isabena, Huesca\" srcset=\"https:\/\/www.elturistatranquil.com\/wp-content\/uploads\/F27-Roda-de-Isabena-Huesca.jpg 768w, https:\/\/www.elturistatranquil.com\/wp-content\/uploads\/F27-Roda-de-Isabena-Huesca-339x226.jpg 339w\" sizes=\"(max-width: 768px) 100vw, 768px\" \/>\t\t\t\t\t\t\t\t\t\t\t<figcaption class=\"widget-image-caption wp-caption-text\"><\/figcaption>\n\t\t\t\t\t\t\t\t\t\t<\/figure>\n\t\t\t\t\t\t\t\t\t<\/div>\n\t\t\t\t<\/div>\n\t\t\t\t<div class=\"elementor-element elementor-element-5da24fd elementor-widget elementor-widget-image\" data-id=\"5da24fd\" data-element_type=\"widget\" data-e-type=\"widget\" data-widget_type=\"image.default\">\n\t\t\t\t<div class=\"elementor-widget-container\">\n\t\t\t\t\t\t\t\t\t\t\t\t<figure class=\"wp-caption\">\n\t\t\t\t\t\t\t\t\t\t<img loading=\"lazy\" decoding=\"async\" width=\"768\" height=\"512\" src=\"https:\/\/www.elturistatranquil.com\/wp-content\/uploads\/F29-Roda-de-Isabena-Huesca.jpg\" class=\"attachment-large size-large wp-image-57040\" alt=\"Roda de Isabena, Huesca\" srcset=\"https:\/\/www.elturistatranquil.com\/wp-content\/uploads\/F29-Roda-de-Isabena-Huesca.jpg 768w, https:\/\/www.elturistatranquil.com\/wp-content\/uploads\/F29-Roda-de-Isabena-Huesca-339x226.jpg 339w\" sizes=\"(max-width: 768px) 100vw, 768px\" \/>\t\t\t\t\t\t\t\t\t\t\t<figcaption class=\"widget-image-caption wp-caption-text\"><\/figcaption>\n\t\t\t\t\t\t\t\t\t\t<\/figure>\n\t\t\t\t\t\t\t\t\t<\/div>\n\t\t\t\t<\/div>\n\t\t\t\t<div class=\"elementor-element elementor-element-edf721d elementor-widget elementor-widget-image\" data-id=\"edf721d\" data-element_type=\"widget\" data-e-type=\"widget\" data-widget_type=\"image.default\">\n\t\t\t\t<div class=\"elementor-widget-container\">\n\t\t\t\t\t\t\t\t\t\t\t\t<figure class=\"wp-caption\">\n\t\t\t\t\t\t\t\t\t\t<img loading=\"lazy\" decoding=\"async\" width=\"768\" height=\"511\" src=\"https:\/\/www.elturistatranquil.com\/wp-content\/uploads\/F31-Roda-de-Isabena-Huesca.jpg\" class=\"attachment-large size-large wp-image-57042\" alt=\"Roda de Isabena, Huesca\" srcset=\"https:\/\/www.elturistatranquil.com\/wp-content\/uploads\/F31-Roda-de-Isabena-Huesca.jpg 768w, https:\/\/www.elturistatranquil.com\/wp-content\/uploads\/F31-Roda-de-Isabena-Huesca-339x226.jpg 339w\" sizes=\"(max-width: 768px) 100vw, 768px\" \/>\t\t\t\t\t\t\t\t\t\t\t<figcaption class=\"widget-image-caption wp-caption-text\"><\/figcaption>\n\t\t\t\t\t\t\t\t\t\t<\/figure>\n\t\t\t\t\t\t\t\t\t<\/div>\n\t\t\t\t<\/div>\n\t\t\t\t<div class=\"elementor-element elementor-element-ad3caa9 elementor-widget elementor-widget-image\" data-id=\"ad3caa9\" data-element_type=\"widget\" data-e-type=\"widget\" data-widget_type=\"image.default\">\n\t\t\t\t<div class=\"elementor-widget-container\">\n\t\t\t\t\t\t\t\t\t\t\t\t<figure class=\"wp-caption\">\n\t\t\t\t\t\t\t\t\t\t<img loading=\"lazy\" decoding=\"async\" width=\"768\" height=\"511\" src=\"https:\/\/www.elturistatranquil.com\/wp-content\/uploads\/F32-Roda-de-Isabena-Huesca.jpg\" class=\"attachment-large size-large wp-image-57044\" alt=\"Roda de Isabena, Huesca\" srcset=\"https:\/\/www.elturistatranquil.com\/wp-content\/uploads\/F32-Roda-de-Isabena-Huesca.jpg 768w, https:\/\/www.elturistatranquil.com\/wp-content\/uploads\/F32-Roda-de-Isabena-Huesca-339x226.jpg 339w\" sizes=\"(max-width: 768px) 100vw, 768px\" \/>\t\t\t\t\t\t\t\t\t\t\t<figcaption class=\"widget-image-caption wp-caption-text\"><\/figcaption>\n\t\t\t\t\t\t\t\t\t\t<\/figure>\n\t\t\t\t\t\t\t\t\t<\/div>\n\t\t\t\t<\/div>\n\t\t\t\t<div class=\"elementor-element elementor-element-1a6038c elementor-widget elementor-widget-image\" data-id=\"1a6038c\" data-element_type=\"widget\" data-e-type=\"widget\" data-widget_type=\"image.default\">\n\t\t\t\t<div class=\"elementor-widget-container\">\n\t\t\t\t\t\t\t\t\t\t\t\t<figure class=\"wp-caption\">\n\t\t\t\t\t\t\t\t\t\t<img loading=\"lazy\" decoding=\"async\" width=\"768\" height=\"511\" src=\"https:\/\/www.elturistatranquil.com\/wp-content\/uploads\/F33-Roda-de-Isabena-Huesca.jpg\" class=\"attachment-large size-large wp-image-57049\" alt=\"Roda de Isabena, Huesca\" srcset=\"https:\/\/www.elturistatranquil.com\/wp-content\/uploads\/F33-Roda-de-Isabena-Huesca.jpg 768w, https:\/\/www.elturistatranquil.com\/wp-content\/uploads\/F33-Roda-de-Isabena-Huesca-339x226.jpg 339w\" sizes=\"(max-width: 768px) 100vw, 768px\" \/>\t\t\t\t\t\t\t\t\t\t\t<figcaption class=\"widget-image-caption wp-caption-text\"><\/figcaption>\n\t\t\t\t\t\t\t\t\t\t<\/figure>\n\t\t\t\t\t\t\t\t\t<\/div>\n\t\t\t\t<\/div>\n\t\t\t\t<div class=\"elementor-element elementor-element-7a32840 elementor-widget elementor-widget-image\" data-id=\"7a32840\" data-element_type=\"widget\" data-e-type=\"widget\" data-widget_type=\"image.default\">\n\t\t\t\t<div class=\"elementor-widget-container\">\n\t\t\t\t\t\t\t\t\t\t\t\t<figure class=\"wp-caption\">\n\t\t\t\t\t\t\t\t\t\t<img loading=\"lazy\" decoding=\"async\" width=\"768\" height=\"511\" src=\"https:\/\/www.elturistatranquil.com\/wp-content\/uploads\/F35-Roda-de-Isabena-Huesca.jpg\" class=\"attachment-large size-large wp-image-57051\" alt=\"Roda de Isabena, Huesca\" srcset=\"https:\/\/www.elturistatranquil.com\/wp-content\/uploads\/F35-Roda-de-Isabena-Huesca.jpg 768w, https:\/\/www.elturistatranquil.com\/wp-content\/uploads\/F35-Roda-de-Isabena-Huesca-339x226.jpg 339w\" sizes=\"(max-width: 768px) 100vw, 768px\" \/>\t\t\t\t\t\t\t\t\t\t\t<figcaption class=\"widget-image-caption wp-caption-text\"><\/figcaption>\n\t\t\t\t\t\t\t\t\t\t<\/figure>\n\t\t\t\t\t\t\t\t\t<\/div>\n\t\t\t\t<\/div>\n\t\t\t\t<div class=\"elementor-element elementor-element-56e85f4 elementor-widget elementor-widget-image\" data-id=\"56e85f4\" data-element_type=\"widget\" data-e-type=\"widget\" data-widget_type=\"image.default\">\n\t\t\t\t<div class=\"elementor-widget-container\">\n\t\t\t\t\t\t\t\t\t\t\t\t<figure class=\"wp-caption\">\n\t\t\t\t\t\t\t\t\t\t<img loading=\"lazy\" decoding=\"async\" width=\"768\" height=\"511\" src=\"https:\/\/www.elturistatranquil.com\/wp-content\/uploads\/F36-Roda-de-Isabena-Huesca.jpg\" class=\"attachment-large size-large wp-image-57053\" alt=\"Roda de Isabena, Huesca\" srcset=\"https:\/\/www.elturistatranquil.com\/wp-content\/uploads\/F36-Roda-de-Isabena-Huesca.jpg 768w, https:\/\/www.elturistatranquil.com\/wp-content\/uploads\/F36-Roda-de-Isabena-Huesca-339x226.jpg 339w\" sizes=\"(max-width: 768px) 100vw, 768px\" \/>\t\t\t\t\t\t\t\t\t\t\t<figcaption class=\"widget-image-caption wp-caption-text\"><\/figcaption>\n\t\t\t\t\t\t\t\t\t\t<\/figure>\n\t\t\t\t\t\t\t\t\t<\/div>\n\t\t\t\t<\/div>\n\t\t\t\t<div class=\"elementor-element elementor-element-afe6605 elementor-widget elementor-widget-heading\" data-id=\"afe6605\" data-element_type=\"widget\" data-e-type=\"widget\" data-widget_type=\"heading.default\">\n\t\t\t\t<div class=\"elementor-widget-container\">\n\t\t\t\t\t<h3 class=\"elementor-heading-title elementor-size-default\">Catedral hist\u00f2rica de San Vicente (E)<\/h3>\t\t\t\t<\/div>\n\t\t\t\t<\/div>\n\t\t\t\t<div class=\"elementor-element elementor-element-4122a982 elementor-widget elementor-widget-text-editor\" data-id=\"4122a982\" data-element_type=\"widget\" data-e-type=\"widget\" data-widget_type=\"text-editor.default\">\n\t\t\t\t<div class=\"elementor-widget-container\">\n\t\t\t\t\t\t\t\t\t<p><em>B\u00e9 d&#8217;Inter\u00e8s Cultural (BIC)<\/em><\/p>\t\t\t\t\t\t\t\t<\/div>\n\t\t\t\t<\/div>\n\t\t\t\t<div class=\"elementor-element elementor-element-dcf54b9 elementor-widget elementor-widget-image\" data-id=\"dcf54b9\" data-element_type=\"widget\" data-e-type=\"widget\" data-widget_type=\"image.default\">\n\t\t\t\t<div class=\"elementor-widget-container\">\n\t\t\t\t\t\t\t\t\t\t\t\t<figure class=\"wp-caption\">\n\t\t\t\t\t\t\t\t\t\t<img loading=\"lazy\" decoding=\"async\" width=\"768\" height=\"512\" src=\"https:\/\/www.elturistatranquil.com\/wp-content\/uploads\/F37-Catedral-de-Roda-de-Isabena-Huesca.jpg\" class=\"attachment-large size-large wp-image-57055\" alt=\"Catedral de Roda de Isabena, Huesca\" srcset=\"https:\/\/www.elturistatranquil.com\/wp-content\/uploads\/F37-Catedral-de-Roda-de-Isabena-Huesca.jpg 768w, https:\/\/www.elturistatranquil.com\/wp-content\/uploads\/F37-Catedral-de-Roda-de-Isabena-Huesca-339x226.jpg 339w\" sizes=\"(max-width: 768px) 100vw, 768px\" \/>\t\t\t\t\t\t\t\t\t\t\t<figcaption class=\"widget-image-caption wp-caption-text\"><\/figcaption>\n\t\t\t\t\t\t\t\t\t\t<\/figure>\n\t\t\t\t\t\t\t\t\t<\/div>\n\t\t\t\t<\/div>\n\t\t\t\t<div class=\"elementor-element elementor-element-fac890a elementor-widget elementor-widget-image\" data-id=\"fac890a\" data-element_type=\"widget\" data-e-type=\"widget\" data-widget_type=\"image.default\">\n\t\t\t\t<div class=\"elementor-widget-container\">\n\t\t\t\t\t\t\t\t\t\t\t\t<figure class=\"wp-caption\">\n\t\t\t\t\t\t\t\t\t\t<img loading=\"lazy\" decoding=\"async\" width=\"460\" height=\"600\" src=\"https:\/\/www.elturistatranquil.com\/wp-content\/uploads\/F38-Catedral-de-Roda-de-Isabena-Huesca.jpg\" class=\"attachment-large size-large wp-image-57057\" alt=\"Catedral de Roda de Isabena, Huesca\" srcset=\"https:\/\/www.elturistatranquil.com\/wp-content\/uploads\/F38-Catedral-de-Roda-de-Isabena-Huesca.jpg 460w, https:\/\/www.elturistatranquil.com\/wp-content\/uploads\/F38-Catedral-de-Roda-de-Isabena-Huesca-173x226.jpg 173w\" sizes=\"(max-width: 460px) 100vw, 460px\" \/>\t\t\t\t\t\t\t\t\t\t\t<figcaption class=\"widget-image-caption wp-caption-text\"><\/figcaption>\n\t\t\t\t\t\t\t\t\t\t<\/figure>\n\t\t\t\t\t\t\t\t\t<\/div>\n\t\t\t\t<\/div>\n\t\t\t\t<div class=\"elementor-element elementor-element-8b0a0cf elementor-widget elementor-widget-heading\" data-id=\"8b0a0cf\" data-element_type=\"widget\" data-e-type=\"widget\" data-widget_type=\"heading.default\">\n\t\t\t\t<div class=\"elementor-widget-container\">\n\t\t\t\t\t<h5 class=\"elementor-heading-title elementor-size-default\">L\u2019exterior<\/h5>\t\t\t\t<\/div>\n\t\t\t\t<\/div>\n\t\t\t\t<div class=\"elementor-element elementor-element-83fb484 elementor-widget elementor-widget-image\" data-id=\"83fb484\" data-element_type=\"widget\" data-e-type=\"widget\" data-widget_type=\"image.default\">\n\t\t\t\t<div class=\"elementor-widget-container\">\n\t\t\t\t\t\t\t\t\t\t\t\t<figure class=\"wp-caption\">\n\t\t\t\t\t\t\t\t\t\t<img loading=\"lazy\" decoding=\"async\" width=\"768\" height=\"511\" src=\"https:\/\/www.elturistatranquil.com\/wp-content\/uploads\/F39-Catedral-de-Roda-de-Isabena-Huesca.jpg\" class=\"attachment-large size-large wp-image-57062\" alt=\"Catedral de Roda de Isabena, Huesca\" srcset=\"https:\/\/www.elturistatranquil.com\/wp-content\/uploads\/F39-Catedral-de-Roda-de-Isabena-Huesca.jpg 768w, https:\/\/www.elturistatranquil.com\/wp-content\/uploads\/F39-Catedral-de-Roda-de-Isabena-Huesca-339x226.jpg 339w\" sizes=\"(max-width: 768px) 100vw, 768px\" \/>\t\t\t\t\t\t\t\t\t\t\t<figcaption class=\"widget-image-caption wp-caption-text\"><\/figcaption>\n\t\t\t\t\t\t\t\t\t\t<\/figure>\n\t\t\t\t\t\t\t\t\t<\/div>\n\t\t\t\t<\/div>\n\t\t\t\t<div class=\"elementor-element elementor-element-21136ff elementor-widget elementor-widget-image\" data-id=\"21136ff\" data-element_type=\"widget\" data-e-type=\"widget\" data-widget_type=\"image.default\">\n\t\t\t\t<div class=\"elementor-widget-container\">\n\t\t\t\t\t\t\t\t\t\t\t\t<figure class=\"wp-caption\">\n\t\t\t\t\t\t\t\t\t\t<img loading=\"lazy\" decoding=\"async\" width=\"768\" height=\"511\" src=\"https:\/\/www.elturistatranquil.com\/wp-content\/uploads\/F40-Catedral-de-Roda-de-Isabena-Huesca.jpg\" class=\"attachment-large size-large wp-image-57064\" alt=\"Catedral de Roda de Isabena, Huesca\" srcset=\"https:\/\/www.elturistatranquil.com\/wp-content\/uploads\/F40-Catedral-de-Roda-de-Isabena-Huesca.jpg 768w, https:\/\/www.elturistatranquil.com\/wp-content\/uploads\/F40-Catedral-de-Roda-de-Isabena-Huesca-339x226.jpg 339w\" sizes=\"(max-width: 768px) 100vw, 768px\" \/>\t\t\t\t\t\t\t\t\t\t\t<figcaption class=\"widget-image-caption wp-caption-text\"><\/figcaption>\n\t\t\t\t\t\t\t\t\t\t<\/figure>\n\t\t\t\t\t\t\t\t\t<\/div>\n\t\t\t\t<\/div>\n\t\t\t\t<div class=\"elementor-element elementor-element-df23c0a elementor-widget elementor-widget-image\" data-id=\"df23c0a\" data-element_type=\"widget\" data-e-type=\"widget\" data-widget_type=\"image.default\">\n\t\t\t\t<div class=\"elementor-widget-container\">\n\t\t\t\t\t\t\t\t\t\t\t\t<figure class=\"wp-caption\">\n\t\t\t\t\t\t\t\t\t\t<img loading=\"lazy\" decoding=\"async\" width=\"768\" height=\"511\" src=\"https:\/\/www.elturistatranquil.com\/wp-content\/uploads\/F41-Catedral-de-Roda-de-Isabena-Huesca.jpg\" class=\"attachment-large size-large wp-image-57066\" alt=\"Catedral de Roda de Isabena, Huesca\" srcset=\"https:\/\/www.elturistatranquil.com\/wp-content\/uploads\/F41-Catedral-de-Roda-de-Isabena-Huesca.jpg 768w, https:\/\/www.elturistatranquil.com\/wp-content\/uploads\/F41-Catedral-de-Roda-de-Isabena-Huesca-339x226.jpg 339w\" sizes=\"(max-width: 768px) 100vw, 768px\" \/>\t\t\t\t\t\t\t\t\t\t\t<figcaption class=\"widget-image-caption wp-caption-text\"><\/figcaption>\n\t\t\t\t\t\t\t\t\t\t<\/figure>\n\t\t\t\t\t\t\t\t\t<\/div>\n\t\t\t\t<\/div>\n\t\t\t\t<div class=\"elementor-element elementor-element-21af7b2 elementor-widget elementor-widget-image\" data-id=\"21af7b2\" data-element_type=\"widget\" data-e-type=\"widget\" data-widget_type=\"image.default\">\n\t\t\t\t<div class=\"elementor-widget-container\">\n\t\t\t\t\t\t\t\t\t\t\t\t<figure class=\"wp-caption\">\n\t\t\t\t\t\t\t\t\t\t<img loading=\"lazy\" decoding=\"async\" width=\"768\" height=\"512\" src=\"https:\/\/www.elturistatranquil.com\/wp-content\/uploads\/F42-Catedral-de-Roda-de-Isabena-Huesca.jpg\" class=\"attachment-large size-large wp-image-57068\" alt=\"Catedral de Roda de Isabena, Huesca\" srcset=\"https:\/\/www.elturistatranquil.com\/wp-content\/uploads\/F42-Catedral-de-Roda-de-Isabena-Huesca.jpg 768w, https:\/\/www.elturistatranquil.com\/wp-content\/uploads\/F42-Catedral-de-Roda-de-Isabena-Huesca-339x226.jpg 339w\" sizes=\"(max-width: 768px) 100vw, 768px\" \/>\t\t\t\t\t\t\t\t\t\t\t<figcaption class=\"widget-image-caption wp-caption-text\"><\/figcaption>\n\t\t\t\t\t\t\t\t\t\t<\/figure>\n\t\t\t\t\t\t\t\t\t<\/div>\n\t\t\t\t<\/div>\n\t\t\t\t<div class=\"elementor-element elementor-element-39e5043 elementor-widget elementor-widget-image\" data-id=\"39e5043\" data-element_type=\"widget\" data-e-type=\"widget\" data-widget_type=\"image.default\">\n\t\t\t\t<div class=\"elementor-widget-container\">\n\t\t\t\t\t\t\t\t\t\t\t\t<figure class=\"wp-caption\">\n\t\t\t\t\t\t\t\t\t\t<img loading=\"lazy\" decoding=\"async\" width=\"768\" height=\"511\" src=\"https:\/\/www.elturistatranquil.com\/wp-content\/uploads\/F43-Catedral-de-Roda-de-Isabena-Huesca.jpg\" class=\"attachment-large size-large wp-image-57070\" alt=\"Catedral de Roda de Isabena, Huesca\" srcset=\"https:\/\/www.elturistatranquil.com\/wp-content\/uploads\/F43-Catedral-de-Roda-de-Isabena-Huesca.jpg 768w, https:\/\/www.elturistatranquil.com\/wp-content\/uploads\/F43-Catedral-de-Roda-de-Isabena-Huesca-339x226.jpg 339w\" sizes=\"(max-width: 768px) 100vw, 768px\" \/>\t\t\t\t\t\t\t\t\t\t\t<figcaption class=\"widget-image-caption wp-caption-text\"><\/figcaption>\n\t\t\t\t\t\t\t\t\t\t<\/figure>\n\t\t\t\t\t\t\t\t\t<\/div>\n\t\t\t\t<\/div>\n\t\t\t\t<div class=\"elementor-element elementor-element-611c89e elementor-widget elementor-widget-image\" data-id=\"611c89e\" data-element_type=\"widget\" data-e-type=\"widget\" data-widget_type=\"image.default\">\n\t\t\t\t<div class=\"elementor-widget-container\">\n\t\t\t\t\t\t\t\t\t\t\t\t<figure class=\"wp-caption\">\n\t\t\t\t\t\t\t\t\t\t<img loading=\"lazy\" decoding=\"async\" width=\"768\" height=\"511\" src=\"https:\/\/www.elturistatranquil.com\/wp-content\/uploads\/F44-Catedral-de-Roda-de-Isabena-Huesca.jpg\" class=\"attachment-large size-large wp-image-57075\" alt=\"Catedral de Roda de Isabena, Huesca\" srcset=\"https:\/\/www.elturistatranquil.com\/wp-content\/uploads\/F44-Catedral-de-Roda-de-Isabena-Huesca.jpg 768w, https:\/\/www.elturistatranquil.com\/wp-content\/uploads\/F44-Catedral-de-Roda-de-Isabena-Huesca-339x226.jpg 339w\" sizes=\"(max-width: 768px) 100vw, 768px\" \/>\t\t\t\t\t\t\t\t\t\t\t<figcaption class=\"widget-image-caption wp-caption-text\"><\/figcaption>\n\t\t\t\t\t\t\t\t\t\t<\/figure>\n\t\t\t\t\t\t\t\t\t<\/div>\n\t\t\t\t<\/div>\n\t\t\t\t<div class=\"elementor-element elementor-element-29294f1 elementor-widget elementor-widget-image\" data-id=\"29294f1\" data-element_type=\"widget\" data-e-type=\"widget\" data-widget_type=\"image.default\">\n\t\t\t\t<div class=\"elementor-widget-container\">\n\t\t\t\t\t\t\t\t\t\t\t\t<figure class=\"wp-caption\">\n\t\t\t\t\t\t\t\t\t\t<img loading=\"lazy\" decoding=\"async\" width=\"768\" height=\"511\" src=\"https:\/\/www.elturistatranquil.com\/wp-content\/uploads\/F45-Catedral-de-Roda-de-Isabena-Huesca.jpg\" class=\"attachment-large size-large wp-image-57077\" alt=\"Catedral de Roda de Isabena, Huesca\" srcset=\"https:\/\/www.elturistatranquil.com\/wp-content\/uploads\/F45-Catedral-de-Roda-de-Isabena-Huesca.jpg 768w, https:\/\/www.elturistatranquil.com\/wp-content\/uploads\/F45-Catedral-de-Roda-de-Isabena-Huesca-339x226.jpg 339w\" sizes=\"(max-width: 768px) 100vw, 768px\" \/>\t\t\t\t\t\t\t\t\t\t\t<figcaption class=\"widget-image-caption wp-caption-text\"><\/figcaption>\n\t\t\t\t\t\t\t\t\t\t<\/figure>\n\t\t\t\t\t\t\t\t\t<\/div>\n\t\t\t\t<\/div>\n\t\t\t\t<div class=\"elementor-element elementor-element-54448ec elementor-widget elementor-widget-image\" data-id=\"54448ec\" data-element_type=\"widget\" data-e-type=\"widget\" data-widget_type=\"image.default\">\n\t\t\t\t<div class=\"elementor-widget-container\">\n\t\t\t\t\t\t\t\t\t\t\t\t<figure class=\"wp-caption\">\n\t\t\t\t\t\t\t\t\t\t<img loading=\"lazy\" decoding=\"async\" width=\"768\" height=\"512\" src=\"https:\/\/www.elturistatranquil.com\/wp-content\/uploads\/F46-Catedral-de-Roda-de-Isabena-Huesca.jpg\" class=\"attachment-large size-large wp-image-57079\" alt=\"Catedral de Roda de Isabena, Huesca\" srcset=\"https:\/\/www.elturistatranquil.com\/wp-content\/uploads\/F46-Catedral-de-Roda-de-Isabena-Huesca.jpg 768w, https:\/\/www.elturistatranquil.com\/wp-content\/uploads\/F46-Catedral-de-Roda-de-Isabena-Huesca-339x226.jpg 339w\" sizes=\"(max-width: 768px) 100vw, 768px\" \/>\t\t\t\t\t\t\t\t\t\t\t<figcaption class=\"widget-image-caption wp-caption-text\"><\/figcaption>\n\t\t\t\t\t\t\t\t\t\t<\/figure>\n\t\t\t\t\t\t\t\t\t<\/div>\n\t\t\t\t<\/div>\n\t\t\t\t<div class=\"elementor-element elementor-element-afb28ec elementor-widget elementor-widget-image\" data-id=\"afb28ec\" data-element_type=\"widget\" data-e-type=\"widget\" data-widget_type=\"image.default\">\n\t\t\t\t<div class=\"elementor-widget-container\">\n\t\t\t\t\t\t\t\t\t\t\t\t<figure class=\"wp-caption\">\n\t\t\t\t\t\t\t\t\t\t<img loading=\"lazy\" decoding=\"async\" width=\"768\" height=\"511\" src=\"https:\/\/www.elturistatranquil.com\/wp-content\/uploads\/F48-Catedral-de-Roda-de-Isabena-Huesca.jpg\" class=\"attachment-large size-large wp-image-57081\" alt=\"Catedral de Roda de Isabena, Huesca\" srcset=\"https:\/\/www.elturistatranquil.com\/wp-content\/uploads\/F48-Catedral-de-Roda-de-Isabena-Huesca.jpg 768w, https:\/\/www.elturistatranquil.com\/wp-content\/uploads\/F48-Catedral-de-Roda-de-Isabena-Huesca-339x226.jpg 339w\" sizes=\"(max-width: 768px) 100vw, 768px\" \/>\t\t\t\t\t\t\t\t\t\t\t<figcaption class=\"widget-image-caption wp-caption-text\"><\/figcaption>\n\t\t\t\t\t\t\t\t\t\t<\/figure>\n\t\t\t\t\t\t\t\t\t<\/div>\n\t\t\t\t<\/div>\n\t\t\t\t<div class=\"elementor-element elementor-element-b10f814 elementor-widget elementor-widget-image\" data-id=\"b10f814\" data-element_type=\"widget\" data-e-type=\"widget\" data-widget_type=\"image.default\">\n\t\t\t\t<div class=\"elementor-widget-container\">\n\t\t\t\t\t\t\t\t\t\t\t\t<figure class=\"wp-caption\">\n\t\t\t\t\t\t\t\t\t\t<img loading=\"lazy\" decoding=\"async\" width=\"768\" height=\"511\" src=\"https:\/\/www.elturistatranquil.com\/wp-content\/uploads\/F49-Catedral-de-Roda-de-Isabena-Huesca.jpg\" class=\"attachment-large size-large wp-image-57083\" alt=\"Catedral de Roda de Isabena, Huesca\" srcset=\"https:\/\/www.elturistatranquil.com\/wp-content\/uploads\/F49-Catedral-de-Roda-de-Isabena-Huesca.jpg 768w, https:\/\/www.elturistatranquil.com\/wp-content\/uploads\/F49-Catedral-de-Roda-de-Isabena-Huesca-339x226.jpg 339w\" sizes=\"(max-width: 768px) 100vw, 768px\" \/>\t\t\t\t\t\t\t\t\t\t\t<figcaption class=\"widget-image-caption wp-caption-text\"><\/figcaption>\n\t\t\t\t\t\t\t\t\t\t<\/figure>\n\t\t\t\t\t\t\t\t\t<\/div>\n\t\t\t\t<\/div>\n\t\t\t\t<div class=\"elementor-element elementor-element-fe995f8 elementor-widget elementor-widget-image\" data-id=\"fe995f8\" data-element_type=\"widget\" data-e-type=\"widget\" data-widget_type=\"image.default\">\n\t\t\t\t<div class=\"elementor-widget-container\">\n\t\t\t\t\t\t\t\t\t\t\t\t<figure class=\"wp-caption\">\n\t\t\t\t\t\t\t\t\t\t<img loading=\"lazy\" decoding=\"async\" width=\"768\" height=\"511\" src=\"https:\/\/www.elturistatranquil.com\/wp-content\/uploads\/F50-Catedral-de-Roda-de-Isabena-Huesca.jpg\" class=\"attachment-large size-large wp-image-57085\" alt=\"Catedral de Roda de Isabena, Huesca\" srcset=\"https:\/\/www.elturistatranquil.com\/wp-content\/uploads\/F50-Catedral-de-Roda-de-Isabena-Huesca.jpg 768w, https:\/\/www.elturistatranquil.com\/wp-content\/uploads\/F50-Catedral-de-Roda-de-Isabena-Huesca-339x226.jpg 339w\" sizes=\"(max-width: 768px) 100vw, 768px\" \/>\t\t\t\t\t\t\t\t\t\t\t<figcaption class=\"widget-image-caption wp-caption-text\"><\/figcaption>\n\t\t\t\t\t\t\t\t\t\t<\/figure>\n\t\t\t\t\t\t\t\t\t<\/div>\n\t\t\t\t<\/div>\n\t\t\t\t<div class=\"elementor-element elementor-element-f0763c1 elementor-widget elementor-widget-heading\" data-id=\"f0763c1\" data-element_type=\"widget\" data-e-type=\"widget\" data-widget_type=\"heading.default\">\n\t\t\t\t<div class=\"elementor-widget-container\">\n\t\t\t\t\t<h5 class=\"elementor-heading-title elementor-size-default\">El p\u00f2rtic rom\u00e0nic i neocl\u00e0ssic<\/h5>\t\t\t\t<\/div>\n\t\t\t\t<\/div>\n\t\t\t\t<div class=\"elementor-element elementor-element-a587481 elementor-widget elementor-widget-image\" data-id=\"a587481\" data-element_type=\"widget\" data-e-type=\"widget\" data-widget_type=\"image.default\">\n\t\t\t\t<div class=\"elementor-widget-container\">\n\t\t\t\t\t\t\t\t\t\t\t\t<figure class=\"wp-caption\">\n\t\t\t\t\t\t\t\t\t\t<img loading=\"lazy\" decoding=\"async\" width=\"768\" height=\"512\" src=\"https:\/\/www.elturistatranquil.com\/wp-content\/uploads\/F51-Catedral-de-Roda-de-Isabena-Huesca.jpg\" class=\"attachment-large size-large wp-image-57092\" alt=\"Catedral de Roda de Isabena, Huesca\" srcset=\"https:\/\/www.elturistatranquil.com\/wp-content\/uploads\/F51-Catedral-de-Roda-de-Isabena-Huesca.jpg 768w, https:\/\/www.elturistatranquil.com\/wp-content\/uploads\/F51-Catedral-de-Roda-de-Isabena-Huesca-339x226.jpg 339w\" sizes=\"(max-width: 768px) 100vw, 768px\" \/>\t\t\t\t\t\t\t\t\t\t\t<figcaption class=\"widget-image-caption wp-caption-text\"><\/figcaption>\n\t\t\t\t\t\t\t\t\t\t<\/figure>\n\t\t\t\t\t\t\t\t\t<\/div>\n\t\t\t\t<\/div>\n\t\t\t\t<div class=\"elementor-element elementor-element-a14898b elementor-widget elementor-widget-image\" data-id=\"a14898b\" data-element_type=\"widget\" data-e-type=\"widget\" data-widget_type=\"image.default\">\n\t\t\t\t<div class=\"elementor-widget-container\">\n\t\t\t\t\t\t\t\t\t\t\t\t<figure class=\"wp-caption\">\n\t\t\t\t\t\t\t\t\t\t<img loading=\"lazy\" decoding=\"async\" width=\"768\" height=\"512\" src=\"https:\/\/www.elturistatranquil.com\/wp-content\/uploads\/F53-Catedral-de-Roda-de-Isabena-Huesca.jpg\" class=\"attachment-large size-large wp-image-57096\" alt=\"Catedral de Roda de Isabena, Huesca\" srcset=\"https:\/\/www.elturistatranquil.com\/wp-content\/uploads\/F53-Catedral-de-Roda-de-Isabena-Huesca.jpg 768w, https:\/\/www.elturistatranquil.com\/wp-content\/uploads\/F53-Catedral-de-Roda-de-Isabena-Huesca-339x226.jpg 339w\" sizes=\"(max-width: 768px) 100vw, 768px\" \/>\t\t\t\t\t\t\t\t\t\t\t<figcaption class=\"widget-image-caption wp-caption-text\"><\/figcaption>\n\t\t\t\t\t\t\t\t\t\t<\/figure>\n\t\t\t\t\t\t\t\t\t<\/div>\n\t\t\t\t<\/div>\n\t\t\t\t<div class=\"elementor-element elementor-element-43e206d elementor-widget elementor-widget-image\" data-id=\"43e206d\" data-element_type=\"widget\" data-e-type=\"widget\" data-widget_type=\"image.default\">\n\t\t\t\t<div class=\"elementor-widget-container\">\n\t\t\t\t\t\t\t\t\t\t\t\t<figure class=\"wp-caption\">\n\t\t\t\t\t\t\t\t\t\t<img loading=\"lazy\" decoding=\"async\" width=\"768\" height=\"511\" src=\"https:\/\/www.elturistatranquil.com\/wp-content\/uploads\/F54-Catedral-de-Roda-de-Isabena-Huesca.jpg\" class=\"attachment-large size-large wp-image-57098\" alt=\"Catedral de Roda de Isabena, Huesca\" srcset=\"https:\/\/www.elturistatranquil.com\/wp-content\/uploads\/F54-Catedral-de-Roda-de-Isabena-Huesca.jpg 768w, https:\/\/www.elturistatranquil.com\/wp-content\/uploads\/F54-Catedral-de-Roda-de-Isabena-Huesca-339x226.jpg 339w\" sizes=\"(max-width: 768px) 100vw, 768px\" \/>\t\t\t\t\t\t\t\t\t\t\t<figcaption class=\"widget-image-caption wp-caption-text\"><\/figcaption>\n\t\t\t\t\t\t\t\t\t\t<\/figure>\n\t\t\t\t\t\t\t\t\t<\/div>\n\t\t\t\t<\/div>\n\t\t\t\t<div class=\"elementor-element elementor-element-b39160f elementor-widget elementor-widget-image\" data-id=\"b39160f\" data-element_type=\"widget\" data-e-type=\"widget\" data-widget_type=\"image.default\">\n\t\t\t\t<div class=\"elementor-widget-container\">\n\t\t\t\t\t\t\t\t\t\t\t\t<figure class=\"wp-caption\">\n\t\t\t\t\t\t\t\t\t\t<img loading=\"lazy\" decoding=\"async\" width=\"768\" height=\"511\" src=\"https:\/\/www.elturistatranquil.com\/wp-content\/uploads\/F55-Catedral-de-Roda-de-Isabena-Huesca.jpg\" class=\"attachment-large size-large wp-image-57100\" alt=\"Catedral de Roda de Isabena, Huesca\" srcset=\"https:\/\/www.elturistatranquil.com\/wp-content\/uploads\/F55-Catedral-de-Roda-de-Isabena-Huesca.jpg 768w, https:\/\/www.elturistatranquil.com\/wp-content\/uploads\/F55-Catedral-de-Roda-de-Isabena-Huesca-339x226.jpg 339w\" sizes=\"(max-width: 768px) 100vw, 768px\" \/>\t\t\t\t\t\t\t\t\t\t\t<figcaption class=\"widget-image-caption wp-caption-text\"><\/figcaption>\n\t\t\t\t\t\t\t\t\t\t<\/figure>\n\t\t\t\t\t\t\t\t\t<\/div>\n\t\t\t\t<\/div>\n\t\t\t\t<div class=\"elementor-element elementor-element-a3e2bc0 elementor-widget elementor-widget-image\" data-id=\"a3e2bc0\" data-element_type=\"widget\" data-e-type=\"widget\" data-widget_type=\"image.default\">\n\t\t\t\t<div class=\"elementor-widget-container\">\n\t\t\t\t\t\t\t\t\t\t\t\t<figure class=\"wp-caption\">\n\t\t\t\t\t\t\t\t\t\t<img loading=\"lazy\" decoding=\"async\" width=\"768\" height=\"512\" src=\"https:\/\/www.elturistatranquil.com\/wp-content\/uploads\/F56-Catedral-de-Roda-de-Isabena-Huesca.jpg\" class=\"attachment-large size-large wp-image-57102\" alt=\"Catedral de Roda de Isabena, Huesca\" srcset=\"https:\/\/www.elturistatranquil.com\/wp-content\/uploads\/F56-Catedral-de-Roda-de-Isabena-Huesca.jpg 768w, https:\/\/www.elturistatranquil.com\/wp-content\/uploads\/F56-Catedral-de-Roda-de-Isabena-Huesca-339x226.jpg 339w\" sizes=\"(max-width: 768px) 100vw, 768px\" \/>\t\t\t\t\t\t\t\t\t\t\t<figcaption class=\"widget-image-caption wp-caption-text\"><\/figcaption>\n\t\t\t\t\t\t\t\t\t\t<\/figure>\n\t\t\t\t\t\t\t\t\t<\/div>\n\t\t\t\t<\/div>\n\t\t\t\t<div class=\"elementor-element elementor-element-b2148af elementor-widget elementor-widget-image\" data-id=\"b2148af\" data-element_type=\"widget\" data-e-type=\"widget\" data-widget_type=\"image.default\">\n\t\t\t\t<div class=\"elementor-widget-container\">\n\t\t\t\t\t\t\t\t\t\t\t\t<figure class=\"wp-caption\">\n\t\t\t\t\t\t\t\t\t\t<img loading=\"lazy\" decoding=\"async\" width=\"768\" height=\"512\" src=\"https:\/\/www.elturistatranquil.com\/wp-content\/uploads\/F57-Catedral-de-Roda-de-Isabena-Huesca.jpg\" class=\"attachment-large size-large wp-image-57107\" alt=\"Catedral de Roda de Isabena, Huesca\" srcset=\"https:\/\/www.elturistatranquil.com\/wp-content\/uploads\/F57-Catedral-de-Roda-de-Isabena-Huesca.jpg 768w, https:\/\/www.elturistatranquil.com\/wp-content\/uploads\/F57-Catedral-de-Roda-de-Isabena-Huesca-339x226.jpg 339w\" sizes=\"(max-width: 768px) 100vw, 768px\" \/>\t\t\t\t\t\t\t\t\t\t\t<figcaption class=\"widget-image-caption wp-caption-text\"><\/figcaption>\n\t\t\t\t\t\t\t\t\t\t<\/figure>\n\t\t\t\t\t\t\t\t\t<\/div>\n\t\t\t\t<\/div>\n\t\t\t\t<div class=\"elementor-element elementor-element-e4283ef elementor-widget elementor-widget-image\" data-id=\"e4283ef\" data-element_type=\"widget\" data-e-type=\"widget\" data-widget_type=\"image.default\">\n\t\t\t\t<div class=\"elementor-widget-container\">\n\t\t\t\t\t\t\t\t\t\t\t\t<figure class=\"wp-caption\">\n\t\t\t\t\t\t\t\t\t\t<img loading=\"lazy\" decoding=\"async\" width=\"768\" height=\"512\" src=\"https:\/\/www.elturistatranquil.com\/wp-content\/uploads\/F58-Catedral-de-Roda-de-Isabena-Huesca.jpg\" class=\"attachment-large size-large wp-image-57109\" alt=\"Catedral de Roda de Isabena, Huesca\" srcset=\"https:\/\/www.elturistatranquil.com\/wp-content\/uploads\/F58-Catedral-de-Roda-de-Isabena-Huesca.jpg 768w, https:\/\/www.elturistatranquil.com\/wp-content\/uploads\/F58-Catedral-de-Roda-de-Isabena-Huesca-339x226.jpg 339w\" sizes=\"(max-width: 768px) 100vw, 768px\" \/>\t\t\t\t\t\t\t\t\t\t\t<figcaption class=\"widget-image-caption wp-caption-text\"><\/figcaption>\n\t\t\t\t\t\t\t\t\t\t<\/figure>\n\t\t\t\t\t\t\t\t\t<\/div>\n\t\t\t\t<\/div>\n\t\t\t\t<div class=\"elementor-element elementor-element-a0cd0d8 elementor-widget elementor-widget-image\" data-id=\"a0cd0d8\" data-element_type=\"widget\" data-e-type=\"widget\" data-widget_type=\"image.default\">\n\t\t\t\t<div class=\"elementor-widget-container\">\n\t\t\t\t\t\t\t\t\t\t\t\t<figure class=\"wp-caption\">\n\t\t\t\t\t\t\t\t\t\t<img loading=\"lazy\" decoding=\"async\" width=\"768\" height=\"512\" src=\"https:\/\/www.elturistatranquil.com\/wp-content\/uploads\/F60-Catedral-de-Roda-de-Isabena-Huesca.jpg\" class=\"attachment-large size-large wp-image-57111\" alt=\"Catedral de Roda de Isabena, Huesca\" srcset=\"https:\/\/www.elturistatranquil.com\/wp-content\/uploads\/F60-Catedral-de-Roda-de-Isabena-Huesca.jpg 768w, https:\/\/www.elturistatranquil.com\/wp-content\/uploads\/F60-Catedral-de-Roda-de-Isabena-Huesca-339x226.jpg 339w\" sizes=\"(max-width: 768px) 100vw, 768px\" \/>\t\t\t\t\t\t\t\t\t\t\t<figcaption class=\"widget-image-caption wp-caption-text\"><\/figcaption>\n\t\t\t\t\t\t\t\t\t\t<\/figure>\n\t\t\t\t\t\t\t\t\t<\/div>\n\t\t\t\t<\/div>\n\t\t\t\t<div class=\"elementor-element elementor-element-a584129 elementor-widget elementor-widget-image\" data-id=\"a584129\" data-element_type=\"widget\" data-e-type=\"widget\" data-widget_type=\"image.default\">\n\t\t\t\t<div class=\"elementor-widget-container\">\n\t\t\t\t\t\t\t\t\t\t\t\t<figure class=\"wp-caption\">\n\t\t\t\t\t\t\t\t\t\t<img loading=\"lazy\" decoding=\"async\" width=\"768\" height=\"511\" src=\"https:\/\/www.elturistatranquil.com\/wp-content\/uploads\/F62-Catedral-de-Roda-de-Isabena-Huesca.jpg\" class=\"attachment-large size-large wp-image-57116\" alt=\"Catedral de Roda de Isabena, Huesca\" srcset=\"https:\/\/www.elturistatranquil.com\/wp-content\/uploads\/F62-Catedral-de-Roda-de-Isabena-Huesca.jpg 768w, https:\/\/www.elturistatranquil.com\/wp-content\/uploads\/F62-Catedral-de-Roda-de-Isabena-Huesca-339x226.jpg 339w\" sizes=\"(max-width: 768px) 100vw, 768px\" \/>\t\t\t\t\t\t\t\t\t\t\t<figcaption class=\"widget-image-caption wp-caption-text\"><\/figcaption>\n\t\t\t\t\t\t\t\t\t\t<\/figure>\n\t\t\t\t\t\t\t\t\t<\/div>\n\t\t\t\t<\/div>\n\t\t\t\t<div class=\"elementor-element elementor-element-ed6833e elementor-widget elementor-widget-image\" data-id=\"ed6833e\" data-element_type=\"widget\" data-e-type=\"widget\" data-widget_type=\"image.default\">\n\t\t\t\t<div class=\"elementor-widget-container\">\n\t\t\t\t\t\t\t\t\t\t\t\t<figure class=\"wp-caption\">\n\t\t\t\t\t\t\t\t\t\t<img loading=\"lazy\" decoding=\"async\" width=\"768\" height=\"511\" src=\"https:\/\/www.elturistatranquil.com\/wp-content\/uploads\/F64-Catedral-de-Roda-de-Isabena-Huesca.jpg\" class=\"attachment-large size-large wp-image-57118\" alt=\"Catedral de Roda de Isabena, Huesca\" srcset=\"https:\/\/www.elturistatranquil.com\/wp-content\/uploads\/F64-Catedral-de-Roda-de-Isabena-Huesca.jpg 768w, https:\/\/www.elturistatranquil.com\/wp-content\/uploads\/F64-Catedral-de-Roda-de-Isabena-Huesca-339x226.jpg 339w\" sizes=\"(max-width: 768px) 100vw, 768px\" \/>\t\t\t\t\t\t\t\t\t\t\t<figcaption class=\"widget-image-caption wp-caption-text\"><\/figcaption>\n\t\t\t\t\t\t\t\t\t\t<\/figure>\n\t\t\t\t\t\t\t\t\t<\/div>\n\t\t\t\t<\/div>\n\t\t\t\t<div class=\"elementor-element elementor-element-c9bd62c elementor-widget elementor-widget-heading\" data-id=\"c9bd62c\" data-element_type=\"widget\" data-e-type=\"widget\" data-widget_type=\"heading.default\">\n\t\t\t\t<div class=\"elementor-widget-container\">\n\t\t\t\t\t<h5 class=\"elementor-heading-title elementor-size-default\">L'interior<\/h5>\t\t\t\t<\/div>\n\t\t\t\t<\/div>\n\t\t\t\t<div class=\"elementor-element elementor-element-bc0de74 elementor-widget elementor-widget-image\" data-id=\"bc0de74\" data-element_type=\"widget\" data-e-type=\"widget\" data-widget_type=\"image.default\">\n\t\t\t\t<div class=\"elementor-widget-container\">\n\t\t\t\t\t\t\t\t\t\t\t\t<figure class=\"wp-caption\">\n\t\t\t\t\t\t\t\t\t\t<img loading=\"lazy\" decoding=\"async\" width=\"768\" height=\"514\" src=\"https:\/\/www.elturistatranquil.com\/wp-content\/uploads\/F66-Catedral-de-Roda-de-Isabena-HuescaFoto-Diocesis-de-Barbastro-Monzon.jpg\" class=\"attachment-large size-large wp-image-57120\" alt=\"Catedral de Roda de Isabena, Huesca(Foto Diocesis de Barbastro Monzon)\" srcset=\"https:\/\/www.elturistatranquil.com\/wp-content\/uploads\/F66-Catedral-de-Roda-de-Isabena-HuescaFoto-Diocesis-de-Barbastro-Monzon.jpg 768w, https:\/\/www.elturistatranquil.com\/wp-content\/uploads\/F66-Catedral-de-Roda-de-Isabena-HuescaFoto-Diocesis-de-Barbastro-Monzon-339x226.jpg 339w\" sizes=\"(max-width: 768px) 100vw, 768px\" \/>\t\t\t\t\t\t\t\t\t\t\t<figcaption class=\"widget-image-caption wp-caption-text\">(Foto: Di\u00f3cesis de Barbastro Monz\u00f3n)<\/figcaption>\n\t\t\t\t\t\t\t\t\t\t<\/figure>\n\t\t\t\t\t\t\t\t\t<\/div>\n\t\t\t\t<\/div>\n\t\t\t\t<div class=\"elementor-element elementor-element-4d45cb66 elementor-widget elementor-widget-heading\" data-id=\"4d45cb66\" data-element_type=\"widget\" data-e-type=\"widget\" data-widget_type=\"heading.default\">\n\t\t\t\t<div class=\"elementor-widget-container\">\n\t\t\t\t\t<h4 class=\"elementor-heading-title elementor-size-default\">El claustre<\/h4>\t\t\t\t<\/div>\n\t\t\t\t<\/div>\n\t\t\t\t<div class=\"elementor-element elementor-element-4bfe7a9 elementor-widget elementor-widget-image\" data-id=\"4bfe7a9\" data-element_type=\"widget\" data-e-type=\"widget\" data-widget_type=\"image.default\">\n\t\t\t\t<div class=\"elementor-widget-container\">\n\t\t\t\t\t\t\t\t\t\t\t\t<figure class=\"wp-caption\">\n\t\t\t\t\t\t\t\t\t\t<img loading=\"lazy\" decoding=\"async\" width=\"768\" height=\"511\" src=\"https:\/\/www.elturistatranquil.com\/wp-content\/uploads\/F67-Claustro-de-la-catedral-de-Roda-de-Isabena-Huesca.jpg\" class=\"attachment-large size-large wp-image-57122\" alt=\"Claustro de la catedral de Roda de Isabena, Huesca\" srcset=\"https:\/\/www.elturistatranquil.com\/wp-content\/uploads\/F67-Claustro-de-la-catedral-de-Roda-de-Isabena-Huesca.jpg 768w, https:\/\/www.elturistatranquil.com\/wp-content\/uploads\/F67-Claustro-de-la-catedral-de-Roda-de-Isabena-Huesca-339x226.jpg 339w\" sizes=\"(max-width: 768px) 100vw, 768px\" \/>\t\t\t\t\t\t\t\t\t\t\t<figcaption class=\"widget-image-caption wp-caption-text\"><\/figcaption>\n\t\t\t\t\t\t\t\t\t\t<\/figure>\n\t\t\t\t\t\t\t\t\t<\/div>\n\t\t\t\t<\/div>\n\t\t\t\t<div class=\"elementor-element elementor-element-e3caa38 elementor-widget elementor-widget-image\" data-id=\"e3caa38\" data-element_type=\"widget\" data-e-type=\"widget\" data-widget_type=\"image.default\">\n\t\t\t\t<div class=\"elementor-widget-container\">\n\t\t\t\t\t\t\t\t\t\t\t\t<figure class=\"wp-caption\">\n\t\t\t\t\t\t\t\t\t\t<img loading=\"lazy\" decoding=\"async\" width=\"768\" height=\"512\" src=\"https:\/\/www.elturistatranquil.com\/wp-content\/uploads\/F68-Claustro-de-la-catedral-de-Roda-de-Isabena-Huesca.jpg\" class=\"attachment-large size-large wp-image-57124\" alt=\"Claustro de la catedral de Roda de Isabena, Huesca\" srcset=\"https:\/\/www.elturistatranquil.com\/wp-content\/uploads\/F68-Claustro-de-la-catedral-de-Roda-de-Isabena-Huesca.jpg 768w, https:\/\/www.elturistatranquil.com\/wp-content\/uploads\/F68-Claustro-de-la-catedral-de-Roda-de-Isabena-Huesca-339x226.jpg 339w\" sizes=\"(max-width: 768px) 100vw, 768px\" \/>\t\t\t\t\t\t\t\t\t\t\t<figcaption class=\"widget-image-caption wp-caption-text\"><\/figcaption>\n\t\t\t\t\t\t\t\t\t\t<\/figure>\n\t\t\t\t\t\t\t\t\t<\/div>\n\t\t\t\t<\/div>\n\t\t\t\t<div class=\"elementor-element elementor-element-410464a elementor-widget elementor-widget-image\" data-id=\"410464a\" data-element_type=\"widget\" data-e-type=\"widget\" data-widget_type=\"image.default\">\n\t\t\t\t<div class=\"elementor-widget-container\">\n\t\t\t\t\t\t\t\t\t\t\t\t<figure class=\"wp-caption\">\n\t\t\t\t\t\t\t\t\t\t<img loading=\"lazy\" decoding=\"async\" width=\"768\" height=\"512\" src=\"https:\/\/www.elturistatranquil.com\/wp-content\/uploads\/F69-Claustro-de-la-catedral-de-Roda-de-Isabena-Huesca.jpg\" class=\"attachment-large size-large wp-image-57129\" alt=\"Claustro de la catedral de Roda de Isabena, Huesca\" srcset=\"https:\/\/www.elturistatranquil.com\/wp-content\/uploads\/F69-Claustro-de-la-catedral-de-Roda-de-Isabena-Huesca.jpg 768w, https:\/\/www.elturistatranquil.com\/wp-content\/uploads\/F69-Claustro-de-la-catedral-de-Roda-de-Isabena-Huesca-339x226.jpg 339w\" sizes=\"(max-width: 768px) 100vw, 768px\" \/>\t\t\t\t\t\t\t\t\t\t\t<figcaption class=\"widget-image-caption wp-caption-text\"><\/figcaption>\n\t\t\t\t\t\t\t\t\t\t<\/figure>\n\t\t\t\t\t\t\t\t\t<\/div>\n\t\t\t\t<\/div>\n\t\t\t\t<div class=\"elementor-element elementor-element-6232bb5 elementor-widget elementor-widget-image\" data-id=\"6232bb5\" data-element_type=\"widget\" data-e-type=\"widget\" data-widget_type=\"image.default\">\n\t\t\t\t<div class=\"elementor-widget-container\">\n\t\t\t\t\t\t\t\t\t\t\t\t<figure class=\"wp-caption\">\n\t\t\t\t\t\t\t\t\t\t<img loading=\"lazy\" decoding=\"async\" width=\"768\" height=\"512\" src=\"https:\/\/www.elturistatranquil.com\/wp-content\/uploads\/F70-Claustro-de-la-catedral-de-Roda-de-Isabena-Huesca.jpg\" class=\"attachment-large size-large wp-image-57131\" alt=\"Claustro de la catedral de Roda de Isabena, Huesca\" srcset=\"https:\/\/www.elturistatranquil.com\/wp-content\/uploads\/F70-Claustro-de-la-catedral-de-Roda-de-Isabena-Huesca.jpg 768w, https:\/\/www.elturistatranquil.com\/wp-content\/uploads\/F70-Claustro-de-la-catedral-de-Roda-de-Isabena-Huesca-339x226.jpg 339w\" sizes=\"(max-width: 768px) 100vw, 768px\" \/>\t\t\t\t\t\t\t\t\t\t\t<figcaption class=\"widget-image-caption wp-caption-text\"><\/figcaption>\n\t\t\t\t\t\t\t\t\t\t<\/figure>\n\t\t\t\t\t\t\t\t\t<\/div>\n\t\t\t\t<\/div>\n\t\t\t\t<div class=\"elementor-element elementor-element-a61da98 elementor-widget elementor-widget-image\" data-id=\"a61da98\" data-element_type=\"widget\" data-e-type=\"widget\" data-widget_type=\"image.default\">\n\t\t\t\t<div class=\"elementor-widget-container\">\n\t\t\t\t\t\t\t\t\t\t\t\t<figure class=\"wp-caption\">\n\t\t\t\t\t\t\t\t\t\t<img loading=\"lazy\" decoding=\"async\" width=\"768\" height=\"511\" src=\"https:\/\/www.elturistatranquil.com\/wp-content\/uploads\/F71-Claustro-de-la-catedral-de-Roda-de-Isabena-Huesca.jpg\" class=\"attachment-large size-large wp-image-57133\" alt=\"Claustro de la catedral de Roda de Isabena, Huesca\" srcset=\"https:\/\/www.elturistatranquil.com\/wp-content\/uploads\/F71-Claustro-de-la-catedral-de-Roda-de-Isabena-Huesca.jpg 768w, https:\/\/www.elturistatranquil.com\/wp-content\/uploads\/F71-Claustro-de-la-catedral-de-Roda-de-Isabena-Huesca-339x226.jpg 339w\" sizes=\"(max-width: 768px) 100vw, 768px\" \/>\t\t\t\t\t\t\t\t\t\t\t<figcaption class=\"widget-image-caption wp-caption-text\"><\/figcaption>\n\t\t\t\t\t\t\t\t\t\t<\/figure>\n\t\t\t\t\t\t\t\t\t<\/div>\n\t\t\t\t<\/div>\n\t\t\t\t<div class=\"elementor-element elementor-element-274c6ae elementor-widget elementor-widget-image\" data-id=\"274c6ae\" data-element_type=\"widget\" data-e-type=\"widget\" data-widget_type=\"image.default\">\n\t\t\t\t<div class=\"elementor-widget-container\">\n\t\t\t\t\t\t\t\t\t\t\t\t<figure class=\"wp-caption\">\n\t\t\t\t\t\t\t\t\t\t<img loading=\"lazy\" decoding=\"async\" width=\"768\" height=\"512\" src=\"https:\/\/www.elturistatranquil.com\/wp-content\/uploads\/F72-Claustro-de-la-catedral-de-Roda-de-Isabena-Huesca.jpg\" class=\"attachment-large size-large wp-image-57135\" alt=\"Claustro de la catedral de Roda de Isabena, Huesca\" srcset=\"https:\/\/www.elturistatranquil.com\/wp-content\/uploads\/F72-Claustro-de-la-catedral-de-Roda-de-Isabena-Huesca.jpg 768w, https:\/\/www.elturistatranquil.com\/wp-content\/uploads\/F72-Claustro-de-la-catedral-de-Roda-de-Isabena-Huesca-339x226.jpg 339w\" sizes=\"(max-width: 768px) 100vw, 768px\" \/>\t\t\t\t\t\t\t\t\t\t\t<figcaption class=\"widget-image-caption wp-caption-text\"><\/figcaption>\n\t\t\t\t\t\t\t\t\t\t<\/figure>\n\t\t\t\t\t\t\t\t\t<\/div>\n\t\t\t\t<\/div>\n\t\t\t\t<div class=\"elementor-element elementor-element-76a2c01 elementor-widget elementor-widget-image\" data-id=\"76a2c01\" data-element_type=\"widget\" data-e-type=\"widget\" data-widget_type=\"image.default\">\n\t\t\t\t<div class=\"elementor-widget-container\">\n\t\t\t\t\t\t\t\t\t\t\t\t<figure class=\"wp-caption\">\n\t\t\t\t\t\t\t\t\t\t<img loading=\"lazy\" decoding=\"async\" width=\"768\" height=\"511\" src=\"https:\/\/www.elturistatranquil.com\/wp-content\/uploads\/F73-Claustro-de-la-catedral-de-Roda-de-Isabena-Huesca.jpg\" class=\"attachment-large size-large wp-image-57137\" alt=\"Claustro de la catedral de Roda de Isabena, Huesca\" srcset=\"https:\/\/www.elturistatranquil.com\/wp-content\/uploads\/F73-Claustro-de-la-catedral-de-Roda-de-Isabena-Huesca.jpg 768w, https:\/\/www.elturistatranquil.com\/wp-content\/uploads\/F73-Claustro-de-la-catedral-de-Roda-de-Isabena-Huesca-339x226.jpg 339w\" sizes=\"(max-width: 768px) 100vw, 768px\" \/>\t\t\t\t\t\t\t\t\t\t\t<figcaption class=\"widget-image-caption wp-caption-text\"><\/figcaption>\n\t\t\t\t\t\t\t\t\t\t<\/figure>\n\t\t\t\t\t\t\t\t\t<\/div>\n\t\t\t\t<\/div>\n\t\t\t\t<div class=\"elementor-element elementor-element-8fc3305 elementor-widget elementor-widget-image\" data-id=\"8fc3305\" data-element_type=\"widget\" data-e-type=\"widget\" data-widget_type=\"image.default\">\n\t\t\t\t<div class=\"elementor-widget-container\">\n\t\t\t\t\t\t\t\t\t\t\t\t<figure class=\"wp-caption\">\n\t\t\t\t\t\t\t\t\t\t<img loading=\"lazy\" decoding=\"async\" width=\"768\" height=\"511\" src=\"https:\/\/www.elturistatranquil.com\/wp-content\/uploads\/F74-Claustro-de-la-catedral-de-Roda-de-Isabena-Huesca.jpg\" class=\"attachment-large size-large wp-image-57142\" alt=\"Claustro de la catedral de Roda de Isabena, Huesca\" srcset=\"https:\/\/www.elturistatranquil.com\/wp-content\/uploads\/F74-Claustro-de-la-catedral-de-Roda-de-Isabena-Huesca.jpg 768w, https:\/\/www.elturistatranquil.com\/wp-content\/uploads\/F74-Claustro-de-la-catedral-de-Roda-de-Isabena-Huesca-339x226.jpg 339w\" sizes=\"(max-width: 768px) 100vw, 768px\" \/>\t\t\t\t\t\t\t\t\t\t\t<figcaption class=\"widget-image-caption wp-caption-text\"><\/figcaption>\n\t\t\t\t\t\t\t\t\t\t<\/figure>\n\t\t\t\t\t\t\t\t\t<\/div>\n\t\t\t\t<\/div>\n\t\t\t\t<div class=\"elementor-element elementor-element-7782820 elementor-widget elementor-widget-image\" data-id=\"7782820\" data-element_type=\"widget\" data-e-type=\"widget\" data-widget_type=\"image.default\">\n\t\t\t\t<div class=\"elementor-widget-container\">\n\t\t\t\t\t\t\t\t\t\t\t\t<figure class=\"wp-caption\">\n\t\t\t\t\t\t\t\t\t\t<img loading=\"lazy\" decoding=\"async\" width=\"768\" height=\"512\" src=\"https:\/\/www.elturistatranquil.com\/wp-content\/uploads\/F75-Claustro-de-la-catedral-de-Roda-de-Isabena-Huesca.jpg\" class=\"attachment-large size-large wp-image-57144\" alt=\"Claustro de la catedral de Roda de Isabena, Huesca\" srcset=\"https:\/\/www.elturistatranquil.com\/wp-content\/uploads\/F75-Claustro-de-la-catedral-de-Roda-de-Isabena-Huesca.jpg 768w, https:\/\/www.elturistatranquil.com\/wp-content\/uploads\/F75-Claustro-de-la-catedral-de-Roda-de-Isabena-Huesca-339x226.jpg 339w\" sizes=\"(max-width: 768px) 100vw, 768px\" \/>\t\t\t\t\t\t\t\t\t\t\t<figcaption class=\"widget-image-caption wp-caption-text\"><\/figcaption>\n\t\t\t\t\t\t\t\t\t\t<\/figure>\n\t\t\t\t\t\t\t\t\t<\/div>\n\t\t\t\t<\/div>\n\t\t\t\t<div class=\"elementor-element elementor-element-7921c84 elementor-widget elementor-widget-image\" data-id=\"7921c84\" data-element_type=\"widget\" data-e-type=\"widget\" data-widget_type=\"image.default\">\n\t\t\t\t<div class=\"elementor-widget-container\">\n\t\t\t\t\t\t\t\t\t\t\t\t<figure class=\"wp-caption\">\n\t\t\t\t\t\t\t\t\t\t<img loading=\"lazy\" decoding=\"async\" width=\"768\" height=\"512\" src=\"https:\/\/www.elturistatranquil.com\/wp-content\/uploads\/F76-Claustro-de-la-catedral-de-Roda-de-Isabena-Huesca.jpg\" class=\"attachment-large size-large wp-image-57146\" alt=\"Claustro de la catedral de Roda de Isabena, Huesca\" srcset=\"https:\/\/www.elturistatranquil.com\/wp-content\/uploads\/F76-Claustro-de-la-catedral-de-Roda-de-Isabena-Huesca.jpg 768w, https:\/\/www.elturistatranquil.com\/wp-content\/uploads\/F76-Claustro-de-la-catedral-de-Roda-de-Isabena-Huesca-339x226.jpg 339w\" sizes=\"(max-width: 768px) 100vw, 768px\" \/>\t\t\t\t\t\t\t\t\t\t\t<figcaption class=\"widget-image-caption wp-caption-text\"><\/figcaption>\n\t\t\t\t\t\t\t\t\t\t<\/figure>\n\t\t\t\t\t\t\t\t\t<\/div>\n\t\t\t\t<\/div>\n\t\t\t\t<div class=\"elementor-element elementor-element-68b7e14 elementor-widget elementor-widget-image\" data-id=\"68b7e14\" data-element_type=\"widget\" data-e-type=\"widget\" data-widget_type=\"image.default\">\n\t\t\t\t<div class=\"elementor-widget-container\">\n\t\t\t\t\t\t\t\t\t\t\t\t<figure class=\"wp-caption\">\n\t\t\t\t\t\t\t\t\t\t<img loading=\"lazy\" decoding=\"async\" width=\"768\" height=\"512\" src=\"https:\/\/www.elturistatranquil.com\/wp-content\/uploads\/F78-Claustro-de-la-catedral-de-Roda-de-Isabena-Huesca.jpg\" class=\"attachment-large size-large wp-image-57148\" alt=\"Claustro de la catedral de Roda de Isabena, Huesca\" srcset=\"https:\/\/www.elturistatranquil.com\/wp-content\/uploads\/F78-Claustro-de-la-catedral-de-Roda-de-Isabena-Huesca.jpg 768w, https:\/\/www.elturistatranquil.com\/wp-content\/uploads\/F78-Claustro-de-la-catedral-de-Roda-de-Isabena-Huesca-339x226.jpg 339w\" sizes=\"(max-width: 768px) 100vw, 768px\" \/>\t\t\t\t\t\t\t\t\t\t\t<figcaption class=\"widget-image-caption wp-caption-text\"><\/figcaption>\n\t\t\t\t\t\t\t\t\t\t<\/figure>\n\t\t\t\t\t\t\t\t\t<\/div>\n\t\t\t\t<\/div>\n\t\t\t\t<div class=\"elementor-element elementor-element-5dc6558 elementor-widget elementor-widget-image\" data-id=\"5dc6558\" data-element_type=\"widget\" data-e-type=\"widget\" data-widget_type=\"image.default\">\n\t\t\t\t<div class=\"elementor-widget-container\">\n\t\t\t\t\t\t\t\t\t\t\t\t<figure class=\"wp-caption\">\n\t\t\t\t\t\t\t\t\t\t<img loading=\"lazy\" decoding=\"async\" width=\"768\" height=\"512\" src=\"https:\/\/www.elturistatranquil.com\/wp-content\/uploads\/F79-Claustro-de-la-catedral-de-Roda-de-Isabena-Huesca.jpg\" class=\"attachment-large size-large wp-image-57153\" alt=\"Claustro de la catedral de Roda de Isabena, Huesca\" srcset=\"https:\/\/www.elturistatranquil.com\/wp-content\/uploads\/F79-Claustro-de-la-catedral-de-Roda-de-Isabena-Huesca.jpg 768w, https:\/\/www.elturistatranquil.com\/wp-content\/uploads\/F79-Claustro-de-la-catedral-de-Roda-de-Isabena-Huesca-339x226.jpg 339w\" sizes=\"(max-width: 768px) 100vw, 768px\" \/>\t\t\t\t\t\t\t\t\t\t\t<figcaption class=\"widget-image-caption wp-caption-text\"><\/figcaption>\n\t\t\t\t\t\t\t\t\t\t<\/figure>\n\t\t\t\t\t\t\t\t\t<\/div>\n\t\t\t\t<\/div>\n\t\t\t\t<div class=\"elementor-element elementor-element-1cddf8d elementor-widget elementor-widget-image\" data-id=\"1cddf8d\" data-element_type=\"widget\" data-e-type=\"widget\" data-widget_type=\"image.default\">\n\t\t\t\t<div class=\"elementor-widget-container\">\n\t\t\t\t\t\t\t\t\t\t\t\t<figure class=\"wp-caption\">\n\t\t\t\t\t\t\t\t\t\t<img loading=\"lazy\" decoding=\"async\" width=\"768\" height=\"511\" src=\"https:\/\/www.elturistatranquil.com\/wp-content\/uploads\/F80-Claustro-de-la-catedral-de-Roda-de-Isabena-Huesca.jpg\" class=\"attachment-large size-large wp-image-57155\" alt=\"Claustro de la catedral de Roda de Isabena, Huesca\" srcset=\"https:\/\/www.elturistatranquil.com\/wp-content\/uploads\/F80-Claustro-de-la-catedral-de-Roda-de-Isabena-Huesca.jpg 768w, https:\/\/www.elturistatranquil.com\/wp-content\/uploads\/F80-Claustro-de-la-catedral-de-Roda-de-Isabena-Huesca-339x226.jpg 339w\" sizes=\"(max-width: 768px) 100vw, 768px\" \/>\t\t\t\t\t\t\t\t\t\t\t<figcaption class=\"widget-image-caption wp-caption-text\"><\/figcaption>\n\t\t\t\t\t\t\t\t\t\t<\/figure>\n\t\t\t\t\t\t\t\t\t<\/div>\n\t\t\t\t<\/div>\n\t\t\t\t<div class=\"elementor-element elementor-element-e85610c elementor-widget elementor-widget-image\" data-id=\"e85610c\" data-element_type=\"widget\" data-e-type=\"widget\" data-widget_type=\"image.default\">\n\t\t\t\t<div class=\"elementor-widget-container\">\n\t\t\t\t\t\t\t\t\t\t\t\t<figure class=\"wp-caption\">\n\t\t\t\t\t\t\t\t\t\t<img loading=\"lazy\" decoding=\"async\" width=\"768\" height=\"512\" src=\"https:\/\/www.elturistatranquil.com\/wp-content\/uploads\/F82-Claustro-de-la-catedral-de-Roda-de-Isabena-Huesca.jpg\" class=\"attachment-large size-large wp-image-57157\" alt=\"Claustro de la catedral de Roda de Isabena, Huesca\" srcset=\"https:\/\/www.elturistatranquil.com\/wp-content\/uploads\/F82-Claustro-de-la-catedral-de-Roda-de-Isabena-Huesca.jpg 768w, https:\/\/www.elturistatranquil.com\/wp-content\/uploads\/F82-Claustro-de-la-catedral-de-Roda-de-Isabena-Huesca-339x226.jpg 339w\" sizes=\"(max-width: 768px) 100vw, 768px\" \/>\t\t\t\t\t\t\t\t\t\t\t<figcaption class=\"widget-image-caption wp-caption-text\"><\/figcaption>\n\t\t\t\t\t\t\t\t\t\t<\/figure>\n\t\t\t\t\t\t\t\t\t<\/div>\n\t\t\t\t<\/div>\n\t\t\t\t<div class=\"elementor-element elementor-element-7550d38 elementor-widget elementor-widget-image\" data-id=\"7550d38\" data-element_type=\"widget\" data-e-type=\"widget\" data-widget_type=\"image.default\">\n\t\t\t\t<div class=\"elementor-widget-container\">\n\t\t\t\t\t\t\t\t\t\t\t\t<figure class=\"wp-caption\">\n\t\t\t\t\t\t\t\t\t\t<img loading=\"lazy\" decoding=\"async\" width=\"768\" height=\"511\" src=\"https:\/\/www.elturistatranquil.com\/wp-content\/uploads\/F84-Claustro-de-la-catedral-de-Roda-de-Isabena-Huesca.jpg\" class=\"attachment-large size-large wp-image-57159\" alt=\"Claustro de la catedral de Roda de Isabena, Huesca\" srcset=\"https:\/\/www.elturistatranquil.com\/wp-content\/uploads\/F84-Claustro-de-la-catedral-de-Roda-de-Isabena-Huesca.jpg 768w, https:\/\/www.elturistatranquil.com\/wp-content\/uploads\/F84-Claustro-de-la-catedral-de-Roda-de-Isabena-Huesca-339x226.jpg 339w\" sizes=\"(max-width: 768px) 100vw, 768px\" \/>\t\t\t\t\t\t\t\t\t\t\t<figcaption class=\"widget-image-caption wp-caption-text\"><\/figcaption>\n\t\t\t\t\t\t\t\t\t\t<\/figure>\n\t\t\t\t\t\t\t\t\t<\/div>\n\t\t\t\t<\/div>\n\t\t\t\t<div class=\"elementor-element elementor-element-cb0aa13 elementor-widget elementor-widget-image\" data-id=\"cb0aa13\" data-element_type=\"widget\" data-e-type=\"widget\" data-widget_type=\"image.default\">\n\t\t\t\t<div class=\"elementor-widget-container\">\n\t\t\t\t\t\t\t\t\t\t\t\t<figure class=\"wp-caption\">\n\t\t\t\t\t\t\t\t\t\t<img loading=\"lazy\" decoding=\"async\" width=\"768\" height=\"511\" src=\"https:\/\/www.elturistatranquil.com\/wp-content\/uploads\/F85-Claustro-de-la-catedral-de-Roda-de-Isabena-Huesca.jpg\" class=\"attachment-large size-large wp-image-57161\" alt=\"Claustro de la catedral de Roda de Isabena, Huesca\" srcset=\"https:\/\/www.elturistatranquil.com\/wp-content\/uploads\/F85-Claustro-de-la-catedral-de-Roda-de-Isabena-Huesca.jpg 768w, https:\/\/www.elturistatranquil.com\/wp-content\/uploads\/F85-Claustro-de-la-catedral-de-Roda-de-Isabena-Huesca-339x226.jpg 339w\" sizes=\"(max-width: 768px) 100vw, 768px\" \/>\t\t\t\t\t\t\t\t\t\t\t<figcaption class=\"widget-image-caption wp-caption-text\"><\/figcaption>\n\t\t\t\t\t\t\t\t\t\t<\/figure>\n\t\t\t\t\t\t\t\t\t<\/div>\n\t\t\t\t<\/div>\n\t\t\t\t<div class=\"elementor-element elementor-element-2bd582c elementor-widget elementor-widget-image\" data-id=\"2bd582c\" data-element_type=\"widget\" data-e-type=\"widget\" data-widget_type=\"image.default\">\n\t\t\t\t<div class=\"elementor-widget-container\">\n\t\t\t\t\t\t\t\t\t\t\t\t<figure class=\"wp-caption\">\n\t\t\t\t\t\t\t\t\t\t<img loading=\"lazy\" decoding=\"async\" width=\"768\" height=\"512\" src=\"https:\/\/www.elturistatranquil.com\/wp-content\/uploads\/F86-Claustro-de-la-catedral-de-Roda-de-Isabena-Huesca.jpg\" class=\"attachment-large size-large wp-image-57163\" alt=\"Claustro de la catedral de Roda de Isabena, Huesca\" srcset=\"https:\/\/www.elturistatranquil.com\/wp-content\/uploads\/F86-Claustro-de-la-catedral-de-Roda-de-Isabena-Huesca.jpg 768w, https:\/\/www.elturistatranquil.com\/wp-content\/uploads\/F86-Claustro-de-la-catedral-de-Roda-de-Isabena-Huesca-339x226.jpg 339w\" sizes=\"(max-width: 768px) 100vw, 768px\" \/>\t\t\t\t\t\t\t\t\t\t\t<figcaption class=\"widget-image-caption wp-caption-text\"><\/figcaption>\n\t\t\t\t\t\t\t\t\t\t<\/figure>\n\t\t\t\t\t\t\t\t\t<\/div>\n\t\t\t\t<\/div>\n\t\t\t\t<section class=\"elementor-section elementor-inner-section elementor-element elementor-element-aea6dc5 elementor-section-boxed elementor-section-height-default elementor-section-height-default\" data-id=\"aea6dc5\" data-element_type=\"section\" data-e-type=\"section\">\n\t\t\t\t\t\t<div class=\"elementor-container elementor-column-gap-default\">\n\t\t\t\t\t<div class=\"elementor-column elementor-col-50 elementor-inner-column elementor-element elementor-element-ae0e7bc\" data-id=\"ae0e7bc\" data-element_type=\"column\" data-e-type=\"column\">\n\t\t\t<div class=\"elementor-widget-wrap elementor-element-populated\">\n\t\t\t\t\t\t<div class=\"elementor-element elementor-element-c974a98 elementor-widget elementor-widget-image\" data-id=\"c974a98\" data-element_type=\"widget\" data-e-type=\"widget\" data-widget_type=\"image.default\">\n\t\t\t\t<div class=\"elementor-widget-container\">\n\t\t\t\t\t\t\t\t\t\t\t\t\t\t\t<img loading=\"lazy\" decoding=\"async\" width=\"380\" height=\"380\" src=\"https:\/\/www.elturistatranquil.com\/wp-content\/uploads\/F87-Claustro-de-la-catedral-de-Roda-de-Isabena-Huesca.jpg\" class=\"attachment-large size-large wp-image-57168\" alt=\"Claustro de la catedral de Roda de Isabena, Huesca\" srcset=\"https:\/\/www.elturistatranquil.com\/wp-content\/uploads\/F87-Claustro-de-la-catedral-de-Roda-de-Isabena-Huesca.jpg 380w, https:\/\/www.elturistatranquil.com\/wp-content\/uploads\/F87-Claustro-de-la-catedral-de-Roda-de-Isabena-Huesca-226x226.jpg 226w\" sizes=\"(max-width: 380px) 100vw, 380px\" \/>\t\t\t\t\t\t\t\t\t\t\t\t\t\t\t<\/div>\n\t\t\t\t<\/div>\n\t\t\t\t\t<\/div>\n\t\t<\/div>\n\t\t\t\t<div class=\"elementor-column elementor-col-50 elementor-inner-column elementor-element elementor-element-f2318c7\" data-id=\"f2318c7\" data-element_type=\"column\" data-e-type=\"column\">\n\t\t\t<div class=\"elementor-widget-wrap elementor-element-populated\">\n\t\t\t\t\t\t<div class=\"elementor-element elementor-element-76e15bb elementor-widget elementor-widget-image\" data-id=\"76e15bb\" data-element_type=\"widget\" data-e-type=\"widget\" data-widget_type=\"image.default\">\n\t\t\t\t<div class=\"elementor-widget-container\">\n\t\t\t\t\t\t\t\t\t\t\t\t\t\t\t<img loading=\"lazy\" decoding=\"async\" width=\"380\" height=\"380\" src=\"https:\/\/www.elturistatranquil.com\/wp-content\/uploads\/F88-Claustro-de-la-catedral-de-Roda-de-Isabena-Huesca.jpg\" class=\"attachment-large size-large wp-image-57170\" alt=\"Claustro de la catedral de Roda de Isabena, Huesca\" srcset=\"https:\/\/www.elturistatranquil.com\/wp-content\/uploads\/F88-Claustro-de-la-catedral-de-Roda-de-Isabena-Huesca.jpg 380w, https:\/\/www.elturistatranquil.com\/wp-content\/uploads\/F88-Claustro-de-la-catedral-de-Roda-de-Isabena-Huesca-226x226.jpg 226w\" sizes=\"(max-width: 380px) 100vw, 380px\" \/>\t\t\t\t\t\t\t\t\t\t\t\t\t\t\t<\/div>\n\t\t\t\t<\/div>\n\t\t\t\t\t<\/div>\n\t\t<\/div>\n\t\t\t\t\t<\/div>\n\t\t<\/section>\n\t\t\t\t<section class=\"elementor-section elementor-inner-section elementor-element elementor-element-78a9ef5 elementor-section-boxed elementor-section-height-default elementor-section-height-default\" data-id=\"78a9ef5\" data-element_type=\"section\" data-e-type=\"section\">\n\t\t\t\t\t\t<div class=\"elementor-container elementor-column-gap-default\">\n\t\t\t\t\t<div class=\"elementor-column elementor-col-50 elementor-inner-column elementor-element elementor-element-297eb11\" data-id=\"297eb11\" data-element_type=\"column\" data-e-type=\"column\">\n\t\t\t<div class=\"elementor-widget-wrap elementor-element-populated\">\n\t\t\t\t\t\t<div class=\"elementor-element elementor-element-bfbbcba elementor-widget elementor-widget-image\" data-id=\"bfbbcba\" data-element_type=\"widget\" data-e-type=\"widget\" data-widget_type=\"image.default\">\n\t\t\t\t<div class=\"elementor-widget-container\">\n\t\t\t\t\t\t\t\t\t\t\t\t\t\t\t<img loading=\"lazy\" decoding=\"async\" width=\"380\" height=\"380\" src=\"https:\/\/www.elturistatranquil.com\/wp-content\/uploads\/F89-Claustro-de-la-catedral-de-Roda-de-Isabena-Huesca.jpg\" class=\"attachment-large size-large wp-image-57172\" alt=\"Claustro de la catedral de Roda de Isabena, Huesca\" srcset=\"https:\/\/www.elturistatranquil.com\/wp-content\/uploads\/F89-Claustro-de-la-catedral-de-Roda-de-Isabena-Huesca.jpg 380w, https:\/\/www.elturistatranquil.com\/wp-content\/uploads\/F89-Claustro-de-la-catedral-de-Roda-de-Isabena-Huesca-226x226.jpg 226w\" sizes=\"(max-width: 380px) 100vw, 380px\" \/>\t\t\t\t\t\t\t\t\t\t\t\t\t\t\t<\/div>\n\t\t\t\t<\/div>\n\t\t\t\t\t<\/div>\n\t\t<\/div>\n\t\t\t\t<div class=\"elementor-column elementor-col-50 elementor-inner-column elementor-element elementor-element-5e30561\" data-id=\"5e30561\" data-element_type=\"column\" data-e-type=\"column\">\n\t\t\t<div class=\"elementor-widget-wrap elementor-element-populated\">\n\t\t\t\t\t\t<div class=\"elementor-element elementor-element-0f5c743 elementor-widget elementor-widget-image\" data-id=\"0f5c743\" data-element_type=\"widget\" data-e-type=\"widget\" data-widget_type=\"image.default\">\n\t\t\t\t<div class=\"elementor-widget-container\">\n\t\t\t\t\t\t\t\t\t\t\t\t\t\t\t<img loading=\"lazy\" decoding=\"async\" width=\"380\" height=\"380\" src=\"https:\/\/www.elturistatranquil.com\/wp-content\/uploads\/F90-Claustro-de-la-catedral-de-Roda-de-Isabena-Huesca.jpg\" class=\"attachment-large size-large wp-image-57174\" alt=\"Claustro de la catedral de Roda de Isabena, Huesca\" srcset=\"https:\/\/www.elturistatranquil.com\/wp-content\/uploads\/F90-Claustro-de-la-catedral-de-Roda-de-Isabena-Huesca.jpg 380w, https:\/\/www.elturistatranquil.com\/wp-content\/uploads\/F90-Claustro-de-la-catedral-de-Roda-de-Isabena-Huesca-226x226.jpg 226w\" sizes=\"(max-width: 380px) 100vw, 380px\" \/>\t\t\t\t\t\t\t\t\t\t\t\t\t\t\t<\/div>\n\t\t\t\t<\/div>\n\t\t\t\t\t<\/div>\n\t\t<\/div>\n\t\t\t\t\t<\/div>\n\t\t<\/section>\n\t\t\t\t<div class=\"elementor-element elementor-element-f4518b2 elementor-widget elementor-widget-spacer\" data-id=\"f4518b2\" data-element_type=\"widget\" data-e-type=\"widget\" data-widget_type=\"spacer.default\">\n\t\t\t\t<div class=\"elementor-widget-container\">\n\t\t\t\t\t\t\t<div class=\"elementor-spacer\">\n\t\t\t<div class=\"elementor-spacer-inner\"><\/div>\n\t\t<\/div>\n\t\t\t\t\t\t<\/div>\n\t\t\t\t<\/div>\n\t\t\t\t<div class=\"elementor-element elementor-element-22f10c6 elementor-widget elementor-widget-image\" data-id=\"22f10c6\" data-element_type=\"widget\" data-e-type=\"widget\" data-widget_type=\"image.default\">\n\t\t\t\t<div class=\"elementor-widget-container\">\n\t\t\t\t\t\t\t\t\t\t\t\t<figure class=\"wp-caption\">\n\t\t\t\t\t\t\t\t\t\t<img loading=\"lazy\" decoding=\"async\" width=\"768\" height=\"511\" src=\"https:\/\/www.elturistatranquil.com\/wp-content\/uploads\/F91-Claustro-de-la-catedral-de-Roda-de-Isabena-Huesca.jpg\" class=\"attachment-large size-large wp-image-57176\" alt=\"Claustro de la catedral de Roda de Isabena, Huesca\" srcset=\"https:\/\/www.elturistatranquil.com\/wp-content\/uploads\/F91-Claustro-de-la-catedral-de-Roda-de-Isabena-Huesca.jpg 768w, https:\/\/www.elturistatranquil.com\/wp-content\/uploads\/F91-Claustro-de-la-catedral-de-Roda-de-Isabena-Huesca-339x226.jpg 339w\" sizes=\"(max-width: 768px) 100vw, 768px\" \/>\t\t\t\t\t\t\t\t\t\t\t<figcaption class=\"widget-image-caption wp-caption-text\"><\/figcaption>\n\t\t\t\t\t\t\t\t\t\t<\/figure>\n\t\t\t\t\t\t\t\t\t<\/div>\n\t\t\t\t<\/div>\n\t\t\t\t<div class=\"elementor-element elementor-element-a603ded elementor-widget elementor-widget-image\" data-id=\"a603ded\" data-element_type=\"widget\" data-e-type=\"widget\" data-widget_type=\"image.default\">\n\t\t\t\t<div class=\"elementor-widget-container\">\n\t\t\t\t\t\t\t\t\t\t\t\t<figure class=\"wp-caption\">\n\t\t\t\t\t\t\t\t\t\t<img loading=\"lazy\" decoding=\"async\" width=\"768\" height=\"511\" src=\"https:\/\/www.elturistatranquil.com\/wp-content\/uploads\/F92-Claustro-de-la-catedral-de-Roda-de-Isabena-Huesca.jpg\" class=\"attachment-large size-large wp-image-57178\" alt=\"Claustro de la catedral de Roda de Isabena, Huesca\" srcset=\"https:\/\/www.elturistatranquil.com\/wp-content\/uploads\/F92-Claustro-de-la-catedral-de-Roda-de-Isabena-Huesca.jpg 768w, https:\/\/www.elturistatranquil.com\/wp-content\/uploads\/F92-Claustro-de-la-catedral-de-Roda-de-Isabena-Huesca-339x226.jpg 339w\" sizes=\"(max-width: 768px) 100vw, 768px\" \/>\t\t\t\t\t\t\t\t\t\t\t<figcaption class=\"widget-image-caption wp-caption-text\"><\/figcaption>\n\t\t\t\t\t\t\t\t\t\t<\/figure>\n\t\t\t\t\t\t\t\t\t<\/div>\n\t\t\t\t<\/div>\n\t\t\t\t<div class=\"elementor-element elementor-element-cdecf2a elementor-widget elementor-widget-heading\" data-id=\"cdecf2a\" data-element_type=\"widget\" data-e-type=\"widget\" data-widget_type=\"heading.default\">\n\t\t\t\t<div class=\"elementor-widget-container\">\n\t\t\t\t\t<h5 class=\"elementor-heading-title elementor-size-default\">El refectori (restaurant de l'Hospederia de Roda d'Is\u00e0vena)<\/h5>\t\t\t\t<\/div>\n\t\t\t\t<\/div>\n\t\t\t\t<div class=\"elementor-element elementor-element-cca56a3 elementor-widget elementor-widget-image\" data-id=\"cca56a3\" data-element_type=\"widget\" data-e-type=\"widget\" data-widget_type=\"image.default\">\n\t\t\t\t<div class=\"elementor-widget-container\">\n\t\t\t\t\t\t\t\t\t\t\t\t<figure class=\"wp-caption\">\n\t\t\t\t\t\t\t\t\t\t<img loading=\"lazy\" decoding=\"async\" width=\"768\" height=\"512\" src=\"https:\/\/www.elturistatranquil.com\/wp-content\/uploads\/F93-Claustro-de-la-catedral-de-Roda-de-Isabena-Huesca.jpg\" class=\"attachment-large size-large wp-image-57183\" alt=\"Claustro de la catedral de Roda de Isabena, Huesca\" srcset=\"https:\/\/www.elturistatranquil.com\/wp-content\/uploads\/F93-Claustro-de-la-catedral-de-Roda-de-Isabena-Huesca.jpg 768w, https:\/\/www.elturistatranquil.com\/wp-content\/uploads\/F93-Claustro-de-la-catedral-de-Roda-de-Isabena-Huesca-339x226.jpg 339w\" sizes=\"(max-width: 768px) 100vw, 768px\" \/>\t\t\t\t\t\t\t\t\t\t\t<figcaption class=\"widget-image-caption wp-caption-text\"><\/figcaption>\n\t\t\t\t\t\t\t\t\t\t<\/figure>\n\t\t\t\t\t\t\t\t\t<\/div>\n\t\t\t\t<\/div>\n\t\t\t\t<div class=\"elementor-element elementor-element-1d5d325 elementor-widget elementor-widget-image\" data-id=\"1d5d325\" data-element_type=\"widget\" data-e-type=\"widget\" data-widget_type=\"image.default\">\n\t\t\t\t<div class=\"elementor-widget-container\">\n\t\t\t\t\t\t\t\t\t\t\t\t<figure class=\"wp-caption\">\n\t\t\t\t\t\t\t\t\t\t<img loading=\"lazy\" decoding=\"async\" width=\"768\" height=\"512\" src=\"https:\/\/www.elturistatranquil.com\/wp-content\/uploads\/F94-Claustro-de-la-catedral-de-Roda-de-Isabena-Huesca.jpg\" class=\"attachment-large size-large wp-image-57185\" alt=\"Claustro de la catedral de Roda de Isabena, Huesca\" srcset=\"https:\/\/www.elturistatranquil.com\/wp-content\/uploads\/F94-Claustro-de-la-catedral-de-Roda-de-Isabena-Huesca.jpg 768w, https:\/\/www.elturistatranquil.com\/wp-content\/uploads\/F94-Claustro-de-la-catedral-de-Roda-de-Isabena-Huesca-339x226.jpg 339w\" sizes=\"(max-width: 768px) 100vw, 768px\" \/>\t\t\t\t\t\t\t\t\t\t\t<figcaption class=\"widget-image-caption wp-caption-text\"><\/figcaption>\n\t\t\t\t\t\t\t\t\t\t<\/figure>\n\t\t\t\t\t\t\t\t\t<\/div>\n\t\t\t\t<\/div>\n\t\t\t\t<div class=\"elementor-element elementor-element-02ebd97 elementor-widget elementor-widget-image\" data-id=\"02ebd97\" data-element_type=\"widget\" data-e-type=\"widget\" data-widget_type=\"image.default\">\n\t\t\t\t<div class=\"elementor-widget-container\">\n\t\t\t\t\t\t\t\t\t\t\t\t<figure class=\"wp-caption\">\n\t\t\t\t\t\t\t\t\t\t<img loading=\"lazy\" decoding=\"async\" width=\"768\" height=\"512\" src=\"https:\/\/www.elturistatranquil.com\/wp-content\/uploads\/F95-Claustro-de-la-catedral-de-Roda-de-Isabena-Huesca.jpg\" class=\"attachment-large size-large wp-image-57187\" alt=\"Claustro de la catedral de Roda de Isabena, Huesca\" srcset=\"https:\/\/www.elturistatranquil.com\/wp-content\/uploads\/F95-Claustro-de-la-catedral-de-Roda-de-Isabena-Huesca.jpg 768w, https:\/\/www.elturistatranquil.com\/wp-content\/uploads\/F95-Claustro-de-la-catedral-de-Roda-de-Isabena-Huesca-339x226.jpg 339w\" sizes=\"(max-width: 768px) 100vw, 768px\" \/>\t\t\t\t\t\t\t\t\t\t\t<figcaption class=\"widget-image-caption wp-caption-text\"><\/figcaption>\n\t\t\t\t\t\t\t\t\t\t<\/figure>\n\t\t\t\t\t\t\t\t\t<\/div>\n\t\t\t\t<\/div>\n\t\t\t\t<div class=\"elementor-element elementor-element-571b422 elementor-widget elementor-widget-image\" data-id=\"571b422\" data-element_type=\"widget\" data-e-type=\"widget\" data-widget_type=\"image.default\">\n\t\t\t\t<div class=\"elementor-widget-container\">\n\t\t\t\t\t\t\t\t\t\t\t\t<figure class=\"wp-caption\">\n\t\t\t\t\t\t\t\t\t\t<img loading=\"lazy\" decoding=\"async\" width=\"768\" height=\"512\" src=\"https:\/\/www.elturistatranquil.com\/wp-content\/uploads\/F97-Claustro-de-la-catedral-de-Roda-de-Isabena-Huesca.jpg\" class=\"attachment-large size-large wp-image-57189\" alt=\"Claustro de la catedral de Roda de Isabena, Huesca\" srcset=\"https:\/\/www.elturistatranquil.com\/wp-content\/uploads\/F97-Claustro-de-la-catedral-de-Roda-de-Isabena-Huesca.jpg 768w, https:\/\/www.elturistatranquil.com\/wp-content\/uploads\/F97-Claustro-de-la-catedral-de-Roda-de-Isabena-Huesca-339x226.jpg 339w\" sizes=\"(max-width: 768px) 100vw, 768px\" \/>\t\t\t\t\t\t\t\t\t\t\t<figcaption class=\"widget-image-caption wp-caption-text\"><\/figcaption>\n\t\t\t\t\t\t\t\t\t\t<\/figure>\n\t\t\t\t\t\t\t\t\t<\/div>\n\t\t\t\t<\/div>\n\t\t\t\t<div class=\"elementor-element elementor-element-7cd191e elementor-widget elementor-widget-image\" data-id=\"7cd191e\" data-element_type=\"widget\" data-e-type=\"widget\" data-widget_type=\"image.default\">\n\t\t\t\t<div class=\"elementor-widget-container\">\n\t\t\t\t\t\t\t\t\t\t\t\t<figure class=\"wp-caption\">\n\t\t\t\t\t\t\t\t\t\t<img loading=\"lazy\" decoding=\"async\" width=\"768\" height=\"512\" src=\"https:\/\/www.elturistatranquil.com\/wp-content\/uploads\/F98-Claustro-de-la-catedral-de-Roda-de-Isabena-Huesca.jpg\" class=\"attachment-large size-large wp-image-57194\" alt=\"Claustro de la catedral de Roda de Isabena, Huesca\" srcset=\"https:\/\/www.elturistatranquil.com\/wp-content\/uploads\/F98-Claustro-de-la-catedral-de-Roda-de-Isabena-Huesca.jpg 768w, https:\/\/www.elturistatranquil.com\/wp-content\/uploads\/F98-Claustro-de-la-catedral-de-Roda-de-Isabena-Huesca-339x226.jpg 339w\" sizes=\"(max-width: 768px) 100vw, 768px\" \/>\t\t\t\t\t\t\t\t\t\t\t<figcaption class=\"widget-image-caption wp-caption-text\"><\/figcaption>\n\t\t\t\t\t\t\t\t\t\t<\/figure>\n\t\t\t\t\t\t\t\t\t<\/div>\n\t\t\t\t<\/div>\n\t\t\t\t<div class=\"elementor-element elementor-element-7e10412 elementor-widget elementor-widget-heading\" data-id=\"7e10412\" data-element_type=\"widget\" data-e-type=\"widget\" data-widget_type=\"heading.default\">\n\t\t\t\t<div class=\"elementor-widget-container\">\n\t\t\t\t\t<h3 class=\"elementor-heading-title elementor-size-default\">Voltants de la catedral<\/h3>\t\t\t\t<\/div>\n\t\t\t\t<\/div>\n\t\t\t\t<div class=\"elementor-element elementor-element-34902e8 elementor-widget elementor-widget-heading\" data-id=\"34902e8\" data-element_type=\"widget\" data-e-type=\"widget\" data-widget_type=\"heading.default\">\n\t\t\t\t<div class=\"elementor-widget-container\">\n\t\t\t\t\t<h4 class=\"elementor-heading-title elementor-size-default\">Palau fortificat del Prior (G)<\/h4>\t\t\t\t<\/div>\n\t\t\t\t<\/div>\n\t\t\t\t<div class=\"elementor-element elementor-element-abfc8d5 elementor-widget elementor-widget-image\" data-id=\"abfc8d5\" data-element_type=\"widget\" data-e-type=\"widget\" data-widget_type=\"image.default\">\n\t\t\t\t<div class=\"elementor-widget-container\">\n\t\t\t\t\t\t\t\t\t\t\t\t<figure class=\"wp-caption\">\n\t\t\t\t\t\t\t\t\t\t<img loading=\"lazy\" decoding=\"async\" width=\"768\" height=\"512\" src=\"https:\/\/www.elturistatranquil.com\/wp-content\/uploads\/F99-Palacio-fortificado-del-Prior.-Roda-de-Isabena-Huesca.jpg\" class=\"attachment-large size-large wp-image-57196\" alt=\"Palacio fortificado del Prior. Roda de Isabena, Huesca\" srcset=\"https:\/\/www.elturistatranquil.com\/wp-content\/uploads\/F99-Palacio-fortificado-del-Prior.-Roda-de-Isabena-Huesca.jpg 768w, https:\/\/www.elturistatranquil.com\/wp-content\/uploads\/F99-Palacio-fortificado-del-Prior.-Roda-de-Isabena-Huesca-339x226.jpg 339w\" sizes=\"(max-width: 768px) 100vw, 768px\" \/>\t\t\t\t\t\t\t\t\t\t\t<figcaption class=\"widget-image-caption wp-caption-text\"><\/figcaption>\n\t\t\t\t\t\t\t\t\t\t<\/figure>\n\t\t\t\t\t\t\t\t\t<\/div>\n\t\t\t\t<\/div>\n\t\t\t\t<div class=\"elementor-element elementor-element-c9a24b9 elementor-widget elementor-widget-image\" data-id=\"c9a24b9\" data-element_type=\"widget\" data-e-type=\"widget\" data-widget_type=\"image.default\">\n\t\t\t\t<div class=\"elementor-widget-container\">\n\t\t\t\t\t\t\t\t\t\t\t\t<figure class=\"wp-caption\">\n\t\t\t\t\t\t\t\t\t\t<img loading=\"lazy\" decoding=\"async\" width=\"768\" height=\"511\" src=\"https:\/\/www.elturistatranquil.com\/wp-content\/uploads\/F100-Palacio-fortificado-del-Prior.-Roda-de-Isabena-Huesca.jpg\" class=\"attachment-large size-large wp-image-57198\" alt=\"Palacio fortificado del Prior. Roda de Isabena, Huesca\" srcset=\"https:\/\/www.elturistatranquil.com\/wp-content\/uploads\/F100-Palacio-fortificado-del-Prior.-Roda-de-Isabena-Huesca.jpg 768w, https:\/\/www.elturistatranquil.com\/wp-content\/uploads\/F100-Palacio-fortificado-del-Prior.-Roda-de-Isabena-Huesca-339x226.jpg 339w\" sizes=\"(max-width: 768px) 100vw, 768px\" \/>\t\t\t\t\t\t\t\t\t\t\t<figcaption class=\"widget-image-caption wp-caption-text\"><\/figcaption>\n\t\t\t\t\t\t\t\t\t\t<\/figure>\n\t\t\t\t\t\t\t\t\t<\/div>\n\t\t\t\t<\/div>\n\t\t\t\t<div class=\"elementor-element elementor-element-581f36f elementor-widget elementor-widget-image\" data-id=\"581f36f\" data-element_type=\"widget\" data-e-type=\"widget\" data-widget_type=\"image.default\">\n\t\t\t\t<div class=\"elementor-widget-container\">\n\t\t\t\t\t\t\t\t\t\t\t\t<figure class=\"wp-caption\">\n\t\t\t\t\t\t\t\t\t\t<img loading=\"lazy\" decoding=\"async\" width=\"768\" height=\"511\" src=\"https:\/\/www.elturistatranquil.com\/wp-content\/uploads\/F101-Palacio-fortificado-del-Prior.-Roda-de-Isabena-Huesca.jpg\" class=\"attachment-large size-large wp-image-57200\" alt=\"Palacio fortificado del Prior. Roda de Isabena, Huesca\" srcset=\"https:\/\/www.elturistatranquil.com\/wp-content\/uploads\/F101-Palacio-fortificado-del-Prior.-Roda-de-Isabena-Huesca.jpg 768w, https:\/\/www.elturistatranquil.com\/wp-content\/uploads\/F101-Palacio-fortificado-del-Prior.-Roda-de-Isabena-Huesca-339x226.jpg 339w\" sizes=\"(max-width: 768px) 100vw, 768px\" \/>\t\t\t\t\t\t\t\t\t\t\t<figcaption class=\"widget-image-caption wp-caption-text\"><\/figcaption>\n\t\t\t\t\t\t\t\t\t\t<\/figure>\n\t\t\t\t\t\t\t\t\t<\/div>\n\t\t\t\t<\/div>\n\t\t\t\t<div class=\"elementor-element elementor-element-dbee25c elementor-widget elementor-widget-image\" data-id=\"dbee25c\" data-element_type=\"widget\" data-e-type=\"widget\" data-widget_type=\"image.default\">\n\t\t\t\t<div class=\"elementor-widget-container\">\n\t\t\t\t\t\t\t\t\t\t\t\t<figure class=\"wp-caption\">\n\t\t\t\t\t\t\t\t\t\t<img loading=\"lazy\" decoding=\"async\" width=\"768\" height=\"512\" src=\"https:\/\/www.elturistatranquil.com\/wp-content\/uploads\/F102-Palacio-fortificado-del-Prior.-Roda-de-Isabena-Huesca.jpg\" class=\"attachment-large size-large wp-image-57202\" alt=\"Palacio fortificado del Prior. Roda de Isabena, Huesca\" srcset=\"https:\/\/www.elturistatranquil.com\/wp-content\/uploads\/F102-Palacio-fortificado-del-Prior.-Roda-de-Isabena-Huesca.jpg 768w, https:\/\/www.elturistatranquil.com\/wp-content\/uploads\/F102-Palacio-fortificado-del-Prior.-Roda-de-Isabena-Huesca-339x226.jpg 339w\" sizes=\"(max-width: 768px) 100vw, 768px\" \/>\t\t\t\t\t\t\t\t\t\t\t<figcaption class=\"widget-image-caption wp-caption-text\"><\/figcaption>\n\t\t\t\t\t\t\t\t\t\t<\/figure>\n\t\t\t\t\t\t\t\t\t<\/div>\n\t\t\t\t<\/div>\n\t\t\t\t<div class=\"elementor-element elementor-element-ce0c6a5 elementor-widget elementor-widget-heading\" data-id=\"ce0c6a5\" data-element_type=\"widget\" data-e-type=\"widget\" data-widget_type=\"heading.default\">\n\t\t\t\t<div class=\"elementor-widget-container\">\n\t\t\t\t\t<h4 class=\"elementor-heading-title elementor-size-default\">Pla\u00e7a Arquitecte Pons Sorolla (F)<\/h4>\t\t\t\t<\/div>\n\t\t\t\t<\/div>\n\t\t\t\t<div class=\"elementor-element elementor-element-d85ad5d elementor-widget elementor-widget-image\" data-id=\"d85ad5d\" data-element_type=\"widget\" data-e-type=\"widget\" data-widget_type=\"image.default\">\n\t\t\t\t<div class=\"elementor-widget-container\">\n\t\t\t\t\t\t\t\t\t\t\t\t<figure class=\"wp-caption\">\n\t\t\t\t\t\t\t\t\t\t<img loading=\"lazy\" decoding=\"async\" width=\"768\" height=\"512\" src=\"https:\/\/www.elturistatranquil.com\/wp-content\/uploads\/F103-Roda-de-Isabena-Huesca.jpg\" class=\"attachment-large size-large wp-image-57207\" alt=\"Roda de Isabena, Huesca\" srcset=\"https:\/\/www.elturistatranquil.com\/wp-content\/uploads\/F103-Roda-de-Isabena-Huesca.jpg 768w, https:\/\/www.elturistatranquil.com\/wp-content\/uploads\/F103-Roda-de-Isabena-Huesca-339x226.jpg 339w\" sizes=\"(max-width: 768px) 100vw, 768px\" \/>\t\t\t\t\t\t\t\t\t\t\t<figcaption class=\"widget-image-caption wp-caption-text\"><\/figcaption>\n\t\t\t\t\t\t\t\t\t\t<\/figure>\n\t\t\t\t\t\t\t\t\t<\/div>\n\t\t\t\t<\/div>\n\t\t\t\t<div class=\"elementor-element elementor-element-802184e elementor-widget elementor-widget-image\" data-id=\"802184e\" data-element_type=\"widget\" data-e-type=\"widget\" data-widget_type=\"image.default\">\n\t\t\t\t<div class=\"elementor-widget-container\">\n\t\t\t\t\t\t\t\t\t\t\t\t<figure class=\"wp-caption\">\n\t\t\t\t\t\t\t\t\t\t<img loading=\"lazy\" decoding=\"async\" width=\"768\" height=\"511\" src=\"https:\/\/www.elturistatranquil.com\/wp-content\/uploads\/F105-Roda-de-Isabena-Huesca.jpg\" class=\"attachment-large size-large wp-image-57209\" alt=\"Roda de Isabena, Huesca\" srcset=\"https:\/\/www.elturistatranquil.com\/wp-content\/uploads\/F105-Roda-de-Isabena-Huesca.jpg 768w, https:\/\/www.elturistatranquil.com\/wp-content\/uploads\/F105-Roda-de-Isabena-Huesca-339x226.jpg 339w\" sizes=\"(max-width: 768px) 100vw, 768px\" \/>\t\t\t\t\t\t\t\t\t\t\t<figcaption class=\"widget-image-caption wp-caption-text\"><\/figcaption>\n\t\t\t\t\t\t\t\t\t\t<\/figure>\n\t\t\t\t\t\t\t\t\t<\/div>\n\t\t\t\t<\/div>\n\t\t\t\t<div class=\"elementor-element elementor-element-863f136 elementor-widget elementor-widget-image\" data-id=\"863f136\" data-element_type=\"widget\" data-e-type=\"widget\" data-widget_type=\"image.default\">\n\t\t\t\t<div class=\"elementor-widget-container\">\n\t\t\t\t\t\t\t\t\t\t\t\t<figure class=\"wp-caption\">\n\t\t\t\t\t\t\t\t\t\t<img loading=\"lazy\" decoding=\"async\" width=\"768\" height=\"512\" src=\"https:\/\/www.elturistatranquil.com\/wp-content\/uploads\/F106-Roda-de-Isabena-Huesca.jpg\" class=\"attachment-large size-large wp-image-57211\" alt=\"Roda de Isabena, Huesca\" srcset=\"https:\/\/www.elturistatranquil.com\/wp-content\/uploads\/F106-Roda-de-Isabena-Huesca.jpg 768w, https:\/\/www.elturistatranquil.com\/wp-content\/uploads\/F106-Roda-de-Isabena-Huesca-339x226.jpg 339w\" sizes=\"(max-width: 768px) 100vw, 768px\" \/>\t\t\t\t\t\t\t\t\t\t\t<figcaption class=\"widget-image-caption wp-caption-text\"><\/figcaption>\n\t\t\t\t\t\t\t\t\t\t<\/figure>\n\t\t\t\t\t\t\t\t\t<\/div>\n\t\t\t\t<\/div>\n\t\t\t\t<div class=\"elementor-element elementor-element-904889a elementor-widget elementor-widget-image\" data-id=\"904889a\" data-element_type=\"widget\" data-e-type=\"widget\" data-widget_type=\"image.default\">\n\t\t\t\t<div class=\"elementor-widget-container\">\n\t\t\t\t\t\t\t\t\t\t\t\t<figure class=\"wp-caption\">\n\t\t\t\t\t\t\t\t\t\t<img loading=\"lazy\" decoding=\"async\" width=\"768\" height=\"512\" src=\"https:\/\/www.elturistatranquil.com\/wp-content\/uploads\/F107-Roda-de-Isabena-Huesca.jpg\" class=\"attachment-large size-large wp-image-57213\" alt=\"Roda de Isabena, Huesca\" srcset=\"https:\/\/www.elturistatranquil.com\/wp-content\/uploads\/F107-Roda-de-Isabena-Huesca.jpg 768w, https:\/\/www.elturistatranquil.com\/wp-content\/uploads\/F107-Roda-de-Isabena-Huesca-339x226.jpg 339w\" sizes=\"(max-width: 768px) 100vw, 768px\" \/>\t\t\t\t\t\t\t\t\t\t\t<figcaption class=\"widget-image-caption wp-caption-text\"><\/figcaption>\n\t\t\t\t\t\t\t\t\t\t<\/figure>\n\t\t\t\t\t\t\t\t\t<\/div>\n\t\t\t\t<\/div>\n\t\t\t\t<div class=\"elementor-element elementor-element-31c1c31 elementor-widget elementor-widget-heading\" data-id=\"31c1c31\" data-element_type=\"widget\" data-e-type=\"widget\" data-widget_type=\"heading.default\">\n\t\t\t\t<div class=\"elementor-widget-container\">\n\t\t\t\t\t<h4 class=\"elementor-heading-title elementor-size-default\">Torre Grossa<\/h4>\t\t\t\t<\/div>\n\t\t\t\t<\/div>\n\t\t\t\t<div class=\"elementor-element elementor-element-81b556a elementor-widget elementor-widget-image\" data-id=\"81b556a\" data-element_type=\"widget\" data-e-type=\"widget\" data-widget_type=\"image.default\">\n\t\t\t\t<div class=\"elementor-widget-container\">\n\t\t\t\t\t\t\t\t\t\t\t\t<figure class=\"wp-caption\">\n\t\t\t\t\t\t\t\t\t\t<img loading=\"lazy\" decoding=\"async\" width=\"768\" height=\"512\" src=\"https:\/\/www.elturistatranquil.com\/wp-content\/uploads\/F108-Roda-de-Isabena-Huesca.jpg\" class=\"attachment-large size-large wp-image-57215\" alt=\"Roda de Isabena, Huesca\" srcset=\"https:\/\/www.elturistatranquil.com\/wp-content\/uploads\/F108-Roda-de-Isabena-Huesca.jpg 768w, https:\/\/www.elturistatranquil.com\/wp-content\/uploads\/F108-Roda-de-Isabena-Huesca-339x226.jpg 339w\" sizes=\"(max-width: 768px) 100vw, 768px\" \/>\t\t\t\t\t\t\t\t\t\t\t<figcaption class=\"widget-image-caption wp-caption-text\"><\/figcaption>\n\t\t\t\t\t\t\t\t\t\t<\/figure>\n\t\t\t\t\t\t\t\t\t<\/div>\n\t\t\t\t<\/div>\n\t\t\t\t<div class=\"elementor-element elementor-element-fff4450 elementor-widget elementor-widget-image\" data-id=\"fff4450\" data-element_type=\"widget\" data-e-type=\"widget\" data-widget_type=\"image.default\">\n\t\t\t\t<div class=\"elementor-widget-container\">\n\t\t\t\t\t\t\t\t\t\t\t\t<figure class=\"wp-caption\">\n\t\t\t\t\t\t\t\t\t\t<img loading=\"lazy\" decoding=\"async\" width=\"768\" height=\"512\" src=\"https:\/\/www.elturistatranquil.com\/wp-content\/uploads\/F109-Roda-de-Isabena-Huesca.jpg\" class=\"attachment-large size-large wp-image-57220\" alt=\"Roda de Isabena, Huesca\" srcset=\"https:\/\/www.elturistatranquil.com\/wp-content\/uploads\/F109-Roda-de-Isabena-Huesca.jpg 768w, https:\/\/www.elturistatranquil.com\/wp-content\/uploads\/F109-Roda-de-Isabena-Huesca-339x226.jpg 339w\" sizes=\"(max-width: 768px) 100vw, 768px\" \/>\t\t\t\t\t\t\t\t\t\t\t<figcaption class=\"widget-image-caption wp-caption-text\"><\/figcaption>\n\t\t\t\t\t\t\t\t\t\t<\/figure>\n\t\t\t\t\t\t\t\t\t<\/div>\n\t\t\t\t<\/div>\n\t\t\t\t<div class=\"elementor-element elementor-element-19ba1cc elementor-widget elementor-widget-image\" data-id=\"19ba1cc\" data-element_type=\"widget\" data-e-type=\"widget\" data-widget_type=\"image.default\">\n\t\t\t\t<div class=\"elementor-widget-container\">\n\t\t\t\t\t\t\t\t\t\t\t\t<figure class=\"wp-caption\">\n\t\t\t\t\t\t\t\t\t\t<img loading=\"lazy\" decoding=\"async\" width=\"768\" height=\"512\" src=\"https:\/\/www.elturistatranquil.com\/wp-content\/uploads\/F110-Roda-de-Isabena-Huesca.jpg\" class=\"attachment-large size-large wp-image-57222\" alt=\"Roda de Isabena, Huesca\" srcset=\"https:\/\/www.elturistatranquil.com\/wp-content\/uploads\/F110-Roda-de-Isabena-Huesca.jpg 768w, https:\/\/www.elturistatranquil.com\/wp-content\/uploads\/F110-Roda-de-Isabena-Huesca-339x226.jpg 339w\" sizes=\"(max-width: 768px) 100vw, 768px\" \/>\t\t\t\t\t\t\t\t\t\t\t<figcaption class=\"widget-image-caption wp-caption-text\"><\/figcaption>\n\t\t\t\t\t\t\t\t\t\t<\/figure>\n\t\t\t\t\t\t\t\t\t<\/div>\n\t\t\t\t<\/div>\n\t\t\t\t<div class=\"elementor-element elementor-element-e7250ff elementor-widget elementor-widget-image\" data-id=\"e7250ff\" data-element_type=\"widget\" data-e-type=\"widget\" data-widget_type=\"image.default\">\n\t\t\t\t<div class=\"elementor-widget-container\">\n\t\t\t\t\t\t\t\t\t\t\t\t<figure class=\"wp-caption\">\n\t\t\t\t\t\t\t\t\t\t<img loading=\"lazy\" decoding=\"async\" width=\"768\" height=\"512\" src=\"https:\/\/www.elturistatranquil.com\/wp-content\/uploads\/F111-Roda-de-Isabena-Huesca.jpg\" class=\"attachment-large size-large wp-image-57224\" alt=\"Roda de Isabena, Huesca\" srcset=\"https:\/\/www.elturistatranquil.com\/wp-content\/uploads\/F111-Roda-de-Isabena-Huesca.jpg 768w, https:\/\/www.elturistatranquil.com\/wp-content\/uploads\/F111-Roda-de-Isabena-Huesca-339x226.jpg 339w\" sizes=\"(max-width: 768px) 100vw, 768px\" \/>\t\t\t\t\t\t\t\t\t\t\t<figcaption class=\"widget-image-caption wp-caption-text\"><\/figcaption>\n\t\t\t\t\t\t\t\t\t\t<\/figure>\n\t\t\t\t\t\t\t\t\t<\/div>\n\t\t\t\t<\/div>\n\t\t\t\t<div class=\"elementor-element elementor-element-363600a elementor-widget elementor-widget-image\" data-id=\"363600a\" data-element_type=\"widget\" data-e-type=\"widget\" data-widget_type=\"image.default\">\n\t\t\t\t<div class=\"elementor-widget-container\">\n\t\t\t\t\t\t\t\t\t\t\t\t<figure class=\"wp-caption\">\n\t\t\t\t\t\t\t\t\t\t<img loading=\"lazy\" decoding=\"async\" width=\"768\" height=\"511\" src=\"https:\/\/www.elturistatranquil.com\/wp-content\/uploads\/F112-Roda-de-Isabena-Huesca.jpg\" class=\"attachment-large size-large wp-image-57226\" alt=\"Roda de Isabena, Huesca\" srcset=\"https:\/\/www.elturistatranquil.com\/wp-content\/uploads\/F112-Roda-de-Isabena-Huesca.jpg 768w, https:\/\/www.elturistatranquil.com\/wp-content\/uploads\/F112-Roda-de-Isabena-Huesca-339x226.jpg 339w\" sizes=\"(max-width: 768px) 100vw, 768px\" \/>\t\t\t\t\t\t\t\t\t\t\t<figcaption class=\"widget-image-caption wp-caption-text\"><\/figcaption>\n\t\t\t\t\t\t\t\t\t\t<\/figure>\n\t\t\t\t\t\t\t\t\t<\/div>\n\t\t\t\t<\/div>\n\t\t\t\t<div class=\"elementor-element elementor-element-c7fdb8b elementor-widget elementor-widget-heading\" data-id=\"c7fdb8b\" data-element_type=\"widget\" data-e-type=\"widget\" data-widget_type=\"heading.default\">\n\t\t\t\t<div class=\"elementor-widget-container\">\n\t\t\t\t\t<h4 class=\"elementor-heading-title elementor-size-default\">Cementeri (H)<\/h4>\t\t\t\t<\/div>\n\t\t\t\t<\/div>\n\t\t\t\t<div class=\"elementor-element elementor-element-3eea39a elementor-widget elementor-widget-image\" data-id=\"3eea39a\" data-element_type=\"widget\" data-e-type=\"widget\" data-widget_type=\"image.default\">\n\t\t\t\t<div class=\"elementor-widget-container\">\n\t\t\t\t\t\t\t\t\t\t\t\t<figure class=\"wp-caption\">\n\t\t\t\t\t\t\t\t\t\t<img loading=\"lazy\" decoding=\"async\" width=\"768\" height=\"511\" src=\"https:\/\/www.elturistatranquil.com\/wp-content\/uploads\/F113-Cementiri.-Roda-de-Isabena-Huesca.jpg\" class=\"attachment-large size-large wp-image-57228\" alt=\"Cementiri. Roda de Isabena, Huesca\" srcset=\"https:\/\/www.elturistatranquil.com\/wp-content\/uploads\/F113-Cementiri.-Roda-de-Isabena-Huesca.jpg 768w, https:\/\/www.elturistatranquil.com\/wp-content\/uploads\/F113-Cementiri.-Roda-de-Isabena-Huesca-339x226.jpg 339w\" sizes=\"(max-width: 768px) 100vw, 768px\" \/>\t\t\t\t\t\t\t\t\t\t\t<figcaption class=\"widget-image-caption wp-caption-text\"><\/figcaption>\n\t\t\t\t\t\t\t\t\t\t<\/figure>\n\t\t\t\t\t\t\t\t\t<\/div>\n\t\t\t\t<\/div>\n\t\t\t\t<div class=\"elementor-element elementor-element-9a2dfb3 elementor-widget elementor-widget-image\" data-id=\"9a2dfb3\" data-element_type=\"widget\" data-e-type=\"widget\" data-widget_type=\"image.default\">\n\t\t\t\t<div class=\"elementor-widget-container\">\n\t\t\t\t\t\t\t\t\t\t\t\t<figure class=\"wp-caption\">\n\t\t\t\t\t\t\t\t\t\t<img loading=\"lazy\" decoding=\"async\" width=\"768\" height=\"512\" src=\"https:\/\/www.elturistatranquil.com\/wp-content\/uploads\/F114-Cementiri.-Roda-de-Isabena-Huesca.jpg\" class=\"attachment-large size-large wp-image-57230\" alt=\"Cementiri. Roda de Isabena, Huesca\" srcset=\"https:\/\/www.elturistatranquil.com\/wp-content\/uploads\/F114-Cementiri.-Roda-de-Isabena-Huesca.jpg 768w, https:\/\/www.elturistatranquil.com\/wp-content\/uploads\/F114-Cementiri.-Roda-de-Isabena-Huesca-339x226.jpg 339w\" sizes=\"(max-width: 768px) 100vw, 768px\" \/>\t\t\t\t\t\t\t\t\t\t\t<figcaption class=\"widget-image-caption wp-caption-text\"><\/figcaption>\n\t\t\t\t\t\t\t\t\t\t<\/figure>\n\t\t\t\t\t\t\t\t\t<\/div>\n\t\t\t\t<\/div>\n\t\t\t\t<div class=\"elementor-element elementor-element-f1a694c elementor-widget elementor-widget-image\" data-id=\"f1a694c\" data-element_type=\"widget\" data-e-type=\"widget\" data-widget_type=\"image.default\">\n\t\t\t\t<div class=\"elementor-widget-container\">\n\t\t\t\t\t\t\t\t\t\t\t\t<figure class=\"wp-caption\">\n\t\t\t\t\t\t\t\t\t\t<img loading=\"lazy\" decoding=\"async\" width=\"768\" height=\"511\" src=\"https:\/\/www.elturistatranquil.com\/wp-content\/uploads\/F115-Roda-de-Isabena-Huesca.jpg\" class=\"attachment-large size-large wp-image-57232\" alt=\"Roda de Isabena, Huesca\" srcset=\"https:\/\/www.elturistatranquil.com\/wp-content\/uploads\/F115-Roda-de-Isabena-Huesca.jpg 768w, https:\/\/www.elturistatranquil.com\/wp-content\/uploads\/F115-Roda-de-Isabena-Huesca-339x226.jpg 339w\" sizes=\"(max-width: 768px) 100vw, 768px\" \/>\t\t\t\t\t\t\t\t\t\t\t<figcaption class=\"widget-image-caption wp-caption-text\"><\/figcaption>\n\t\t\t\t\t\t\t\t\t\t<\/figure>\n\t\t\t\t\t\t\t\t\t<\/div>\n\t\t\t\t<\/div>\n\t\t\t\t<div class=\"elementor-element elementor-element-16cd7c2 elementor-widget elementor-widget-image\" data-id=\"16cd7c2\" data-element_type=\"widget\" data-e-type=\"widget\" data-widget_type=\"image.default\">\n\t\t\t\t<div class=\"elementor-widget-container\">\n\t\t\t\t\t\t\t\t\t\t\t\t<figure class=\"wp-caption\">\n\t\t\t\t\t\t\t\t\t\t<img loading=\"lazy\" decoding=\"async\" width=\"768\" height=\"511\" src=\"https:\/\/www.elturistatranquil.com\/wp-content\/uploads\/F117-Roda-de-Isabena-Huesca.jpg\" class=\"attachment-large size-large wp-image-57234\" alt=\"Roda de Isabena, Huesca\" srcset=\"https:\/\/www.elturistatranquil.com\/wp-content\/uploads\/F117-Roda-de-Isabena-Huesca.jpg 768w, https:\/\/www.elturistatranquil.com\/wp-content\/uploads\/F117-Roda-de-Isabena-Huesca-339x226.jpg 339w\" sizes=\"(max-width: 768px) 100vw, 768px\" \/>\t\t\t\t\t\t\t\t\t\t\t<figcaption class=\"widget-image-caption wp-caption-text\"><\/figcaption>\n\t\t\t\t\t\t\t\t\t\t<\/figure>\n\t\t\t\t\t\t\t\t\t<\/div>\n\t\t\t\t<\/div>\n\t\t\t\t<div class=\"elementor-element elementor-element-5340a3d elementor-widget elementor-widget-image\" data-id=\"5340a3d\" data-element_type=\"widget\" data-e-type=\"widget\" data-widget_type=\"image.default\">\n\t\t\t\t<div class=\"elementor-widget-container\">\n\t\t\t\t\t\t\t\t\t\t\t\t<figure class=\"wp-caption\">\n\t\t\t\t\t\t\t\t\t\t<img loading=\"lazy\" decoding=\"async\" width=\"768\" height=\"512\" src=\"https:\/\/www.elturistatranquil.com\/wp-content\/uploads\/F118-Roda-de-Isabena-Huesca.jpg\" class=\"attachment-large size-large wp-image-57236\" alt=\"Roda de Isabena, Huesca\" srcset=\"https:\/\/www.elturistatranquil.com\/wp-content\/uploads\/F118-Roda-de-Isabena-Huesca.jpg 768w, https:\/\/www.elturistatranquil.com\/wp-content\/uploads\/F118-Roda-de-Isabena-Huesca-339x226.jpg 339w\" sizes=\"(max-width: 768px) 100vw, 768px\" \/>\t\t\t\t\t\t\t\t\t\t\t<figcaption class=\"widget-image-caption wp-caption-text\"><\/figcaption>\n\t\t\t\t\t\t\t\t\t\t<\/figure>\n\t\t\t\t\t\t\t\t\t<\/div>\n\t\t\t\t<\/div>\n\t\t\t\t<div class=\"elementor-element elementor-element-7031d35 elementor-widget elementor-widget-heading\" data-id=\"7031d35\" data-element_type=\"widget\" data-e-type=\"widget\" data-widget_type=\"heading.default\">\n\t\t\t\t<div class=\"elementor-widget-container\">\n\t\t\t\t\t<h3 class=\"elementor-heading-title elementor-size-default\">Passeig per la trama de l'Edat Mitjana i les construccions de l'Edat Moderna<\/h3>\t\t\t\t<\/div>\n\t\t\t\t<\/div>\n\t\t\t\t<div class=\"elementor-element elementor-element-82f761a elementor-widget elementor-widget-heading\" data-id=\"82f761a\" data-element_type=\"widget\" data-e-type=\"widget\" data-widget_type=\"heading.default\">\n\t\t\t\t<div class=\"elementor-widget-container\">\n\t\t\t\t\t<h4 class=\"elementor-heading-title elementor-size-default\">Carrer del Mig (I)<\/h4>\t\t\t\t<\/div>\n\t\t\t\t<\/div>\n\t\t\t\t<div class=\"elementor-element elementor-element-7b9ba5d elementor-widget elementor-widget-image\" data-id=\"7b9ba5d\" data-element_type=\"widget\" data-e-type=\"widget\" data-widget_type=\"image.default\">\n\t\t\t\t<div class=\"elementor-widget-container\">\n\t\t\t\t\t\t\t\t\t\t\t\t<figure class=\"wp-caption\">\n\t\t\t\t\t\t\t\t\t\t<img loading=\"lazy\" decoding=\"async\" width=\"768\" height=\"511\" src=\"https:\/\/www.elturistatranquil.com\/wp-content\/uploads\/F121-Roda-de-Isabena-Huesca.jpg\" class=\"attachment-large size-large wp-image-57238\" alt=\"Roda de Isabena, Huesca\" srcset=\"https:\/\/www.elturistatranquil.com\/wp-content\/uploads\/F121-Roda-de-Isabena-Huesca.jpg 768w, https:\/\/www.elturistatranquil.com\/wp-content\/uploads\/F121-Roda-de-Isabena-Huesca-339x226.jpg 339w\" sizes=\"(max-width: 768px) 100vw, 768px\" \/>\t\t\t\t\t\t\t\t\t\t\t<figcaption class=\"widget-image-caption wp-caption-text\"><\/figcaption>\n\t\t\t\t\t\t\t\t\t\t<\/figure>\n\t\t\t\t\t\t\t\t\t<\/div>\n\t\t\t\t<\/div>\n\t\t\t\t<div class=\"elementor-element elementor-element-54b5502 elementor-widget elementor-widget-image\" data-id=\"54b5502\" data-element_type=\"widget\" data-e-type=\"widget\" data-widget_type=\"image.default\">\n\t\t\t\t<div class=\"elementor-widget-container\">\n\t\t\t\t\t\t\t\t\t\t\t\t<figure class=\"wp-caption\">\n\t\t\t\t\t\t\t\t\t\t<img loading=\"lazy\" decoding=\"async\" width=\"768\" height=\"511\" src=\"https:\/\/www.elturistatranquil.com\/wp-content\/uploads\/F122-Roda-de-Isabena-Huesca.jpg\" class=\"attachment-large size-large wp-image-57243\" alt=\"Roda de Isabena, Huesca\" srcset=\"https:\/\/www.elturistatranquil.com\/wp-content\/uploads\/F122-Roda-de-Isabena-Huesca.jpg 768w, https:\/\/www.elturistatranquil.com\/wp-content\/uploads\/F122-Roda-de-Isabena-Huesca-339x226.jpg 339w\" sizes=\"(max-width: 768px) 100vw, 768px\" \/>\t\t\t\t\t\t\t\t\t\t\t<figcaption class=\"widget-image-caption wp-caption-text\"><\/figcaption>\n\t\t\t\t\t\t\t\t\t\t<\/figure>\n\t\t\t\t\t\t\t\t\t<\/div>\n\t\t\t\t<\/div>\n\t\t\t\t<div class=\"elementor-element elementor-element-3cff38e elementor-widget elementor-widget-image\" data-id=\"3cff38e\" data-element_type=\"widget\" data-e-type=\"widget\" data-widget_type=\"image.default\">\n\t\t\t\t<div class=\"elementor-widget-container\">\n\t\t\t\t\t\t\t\t\t\t\t\t<figure class=\"wp-caption\">\n\t\t\t\t\t\t\t\t\t\t<img loading=\"lazy\" decoding=\"async\" width=\"768\" height=\"511\" src=\"https:\/\/www.elturistatranquil.com\/wp-content\/uploads\/F123-Roda-de-Isabena-Huesca.jpg\" class=\"attachment-large size-large wp-image-57245\" alt=\"Roda de Isabena, Huesca\" srcset=\"https:\/\/www.elturistatranquil.com\/wp-content\/uploads\/F123-Roda-de-Isabena-Huesca.jpg 768w, https:\/\/www.elturistatranquil.com\/wp-content\/uploads\/F123-Roda-de-Isabena-Huesca-339x226.jpg 339w\" sizes=\"(max-width: 768px) 100vw, 768px\" \/>\t\t\t\t\t\t\t\t\t\t\t<figcaption class=\"widget-image-caption wp-caption-text\"><\/figcaption>\n\t\t\t\t\t\t\t\t\t\t<\/figure>\n\t\t\t\t\t\t\t\t\t<\/div>\n\t\t\t\t<\/div>\n\t\t\t\t<div class=\"elementor-element elementor-element-c3562c4 elementor-widget elementor-widget-image\" data-id=\"c3562c4\" data-element_type=\"widget\" data-e-type=\"widget\" data-widget_type=\"image.default\">\n\t\t\t\t<div class=\"elementor-widget-container\">\n\t\t\t\t\t\t\t\t\t\t\t\t<figure class=\"wp-caption\">\n\t\t\t\t\t\t\t\t\t\t<img loading=\"lazy\" decoding=\"async\" width=\"768\" height=\"511\" src=\"https:\/\/www.elturistatranquil.com\/wp-content\/uploads\/F124-Roda-de-Isabena-Huesca.jpg\" class=\"attachment-large size-large wp-image-57247\" alt=\"Roda de Isabena, Huesca\" srcset=\"https:\/\/www.elturistatranquil.com\/wp-content\/uploads\/F124-Roda-de-Isabena-Huesca.jpg 768w, https:\/\/www.elturistatranquil.com\/wp-content\/uploads\/F124-Roda-de-Isabena-Huesca-339x226.jpg 339w\" sizes=\"(max-width: 768px) 100vw, 768px\" \/>\t\t\t\t\t\t\t\t\t\t\t<figcaption class=\"widget-image-caption wp-caption-text\"><\/figcaption>\n\t\t\t\t\t\t\t\t\t\t<\/figure>\n\t\t\t\t\t\t\t\t\t<\/div>\n\t\t\t\t<\/div>\n\t\t\t\t<div class=\"elementor-element elementor-element-624c321 elementor-widget elementor-widget-image\" data-id=\"624c321\" data-element_type=\"widget\" data-e-type=\"widget\" data-widget_type=\"image.default\">\n\t\t\t\t<div class=\"elementor-widget-container\">\n\t\t\t\t\t\t\t\t\t\t\t\t<figure class=\"wp-caption\">\n\t\t\t\t\t\t\t\t\t\t<img loading=\"lazy\" decoding=\"async\" width=\"768\" height=\"512\" src=\"https:\/\/www.elturistatranquil.com\/wp-content\/uploads\/F125-Roda-de-Isabena-Huesca.jpg\" class=\"attachment-large size-large wp-image-57249\" alt=\"Roda de Isabena, Huesca\" srcset=\"https:\/\/www.elturistatranquil.com\/wp-content\/uploads\/F125-Roda-de-Isabena-Huesca.jpg 768w, https:\/\/www.elturistatranquil.com\/wp-content\/uploads\/F125-Roda-de-Isabena-Huesca-339x226.jpg 339w\" sizes=\"(max-width: 768px) 100vw, 768px\" \/>\t\t\t\t\t\t\t\t\t\t\t<figcaption class=\"widget-image-caption wp-caption-text\"><\/figcaption>\n\t\t\t\t\t\t\t\t\t\t<\/figure>\n\t\t\t\t\t\t\t\t\t<\/div>\n\t\t\t\t<\/div>\n\t\t\t\t<div class=\"elementor-element elementor-element-2c41aa0 elementor-widget elementor-widget-image\" data-id=\"2c41aa0\" data-element_type=\"widget\" data-e-type=\"widget\" data-widget_type=\"image.default\">\n\t\t\t\t<div class=\"elementor-widget-container\">\n\t\t\t\t\t\t\t\t\t\t\t\t<figure class=\"wp-caption\">\n\t\t\t\t\t\t\t\t\t\t<img loading=\"lazy\" decoding=\"async\" width=\"768\" height=\"511\" src=\"https:\/\/www.elturistatranquil.com\/wp-content\/uploads\/F128-Roda-de-Isabena-Huesca.jpg\" class=\"attachment-large size-large wp-image-57256\" alt=\"Roda de Isabena, Huesca\" srcset=\"https:\/\/www.elturistatranquil.com\/wp-content\/uploads\/F128-Roda-de-Isabena-Huesca.jpg 768w, https:\/\/www.elturistatranquil.com\/wp-content\/uploads\/F128-Roda-de-Isabena-Huesca-339x226.jpg 339w\" sizes=\"(max-width: 768px) 100vw, 768px\" \/>\t\t\t\t\t\t\t\t\t\t\t<figcaption class=\"widget-image-caption wp-caption-text\"><\/figcaption>\n\t\t\t\t\t\t\t\t\t\t<\/figure>\n\t\t\t\t\t\t\t\t\t<\/div>\n\t\t\t\t<\/div>\n\t\t\t\t<div class=\"elementor-element elementor-element-a53adc7 elementor-widget elementor-widget-image\" data-id=\"a53adc7\" data-element_type=\"widget\" data-e-type=\"widget\" data-widget_type=\"image.default\">\n\t\t\t\t<div class=\"elementor-widget-container\">\n\t\t\t\t\t\t\t\t\t\t\t\t<figure class=\"wp-caption\">\n\t\t\t\t\t\t\t\t\t\t<img loading=\"lazy\" decoding=\"async\" width=\"768\" height=\"511\" src=\"https:\/\/www.elturistatranquil.com\/wp-content\/uploads\/F129-Roda-de-Isabena-Huesca.jpg\" class=\"attachment-large size-large wp-image-57258\" alt=\"Roda de Isabena, Huesca\" srcset=\"https:\/\/www.elturistatranquil.com\/wp-content\/uploads\/F129-Roda-de-Isabena-Huesca.jpg 768w, https:\/\/www.elturistatranquil.com\/wp-content\/uploads\/F129-Roda-de-Isabena-Huesca-339x226.jpg 339w\" sizes=\"(max-width: 768px) 100vw, 768px\" \/>\t\t\t\t\t\t\t\t\t\t\t<figcaption class=\"widget-image-caption wp-caption-text\"><\/figcaption>\n\t\t\t\t\t\t\t\t\t\t<\/figure>\n\t\t\t\t\t\t\t\t\t<\/div>\n\t\t\t\t<\/div>\n\t\t\t\t<div class=\"elementor-element elementor-element-759b56a elementor-widget elementor-widget-image\" data-id=\"759b56a\" data-element_type=\"widget\" data-e-type=\"widget\" data-widget_type=\"image.default\">\n\t\t\t\t<div class=\"elementor-widget-container\">\n\t\t\t\t\t\t\t\t\t\t\t\t<figure class=\"wp-caption\">\n\t\t\t\t\t\t\t\t\t\t<img loading=\"lazy\" decoding=\"async\" width=\"768\" height=\"511\" src=\"https:\/\/www.elturistatranquil.com\/wp-content\/uploads\/F130-Roda-de-Isabena-Huesca.jpg\" class=\"attachment-large size-large wp-image-57260\" alt=\"Roda de Isabena, Huesca\" srcset=\"https:\/\/www.elturistatranquil.com\/wp-content\/uploads\/F130-Roda-de-Isabena-Huesca.jpg 768w, https:\/\/www.elturistatranquil.com\/wp-content\/uploads\/F130-Roda-de-Isabena-Huesca-339x226.jpg 339w\" sizes=\"(max-width: 768px) 100vw, 768px\" \/>\t\t\t\t\t\t\t\t\t\t\t<figcaption class=\"widget-image-caption wp-caption-text\"><\/figcaption>\n\t\t\t\t\t\t\t\t\t\t<\/figure>\n\t\t\t\t\t\t\t\t\t<\/div>\n\t\t\t\t<\/div>\n\t\t\t\t<div class=\"elementor-element elementor-element-4435882 elementor-widget elementor-widget-image\" data-id=\"4435882\" data-element_type=\"widget\" data-e-type=\"widget\" data-widget_type=\"image.default\">\n\t\t\t\t<div class=\"elementor-widget-container\">\n\t\t\t\t\t\t\t\t\t\t\t\t<figure class=\"wp-caption\">\n\t\t\t\t\t\t\t\t\t\t<img loading=\"lazy\" decoding=\"async\" width=\"768\" height=\"512\" src=\"https:\/\/www.elturistatranquil.com\/wp-content\/uploads\/F131-Roda-de-Isabena-Huesca.jpg\" class=\"attachment-large size-large wp-image-57262\" alt=\"Roda de Isabena, Huesca\" srcset=\"https:\/\/www.elturistatranquil.com\/wp-content\/uploads\/F131-Roda-de-Isabena-Huesca.jpg 768w, https:\/\/www.elturistatranquil.com\/wp-content\/uploads\/F131-Roda-de-Isabena-Huesca-339x226.jpg 339w\" sizes=\"(max-width: 768px) 100vw, 768px\" \/>\t\t\t\t\t\t\t\t\t\t\t<figcaption class=\"widget-image-caption wp-caption-text\"><\/figcaption>\n\t\t\t\t\t\t\t\t\t\t<\/figure>\n\t\t\t\t\t\t\t\t\t<\/div>\n\t\t\t\t<\/div>\n\t\t\t\t<div class=\"elementor-element elementor-element-f048fc0 elementor-widget elementor-widget-heading\" data-id=\"f048fc0\" data-element_type=\"widget\" data-e-type=\"widget\" data-widget_type=\"heading.default\">\n\t\t\t\t<div class=\"elementor-widget-container\">\n\t\t\t\t\t<h4 class=\"elementor-heading-title elementor-size-default\">Carrer de la Carcillada (carrer Baix) (J)<\/h4>\t\t\t\t<\/div>\n\t\t\t\t<\/div>\n\t\t\t\t<div class=\"elementor-element elementor-element-e6330fb elementor-widget elementor-widget-image\" data-id=\"e6330fb\" data-element_type=\"widget\" data-e-type=\"widget\" data-widget_type=\"image.default\">\n\t\t\t\t<div class=\"elementor-widget-container\">\n\t\t\t\t\t\t\t\t\t\t\t\t<figure class=\"wp-caption\">\n\t\t\t\t\t\t\t\t\t\t<img loading=\"lazy\" decoding=\"async\" width=\"768\" height=\"511\" src=\"https:\/\/www.elturistatranquil.com\/wp-content\/uploads\/F132-Roda-de-Isabena-Huesca.jpg\" class=\"attachment-large size-large wp-image-57264\" alt=\"Roda de Isabena, Huesca\" srcset=\"https:\/\/www.elturistatranquil.com\/wp-content\/uploads\/F132-Roda-de-Isabena-Huesca.jpg 768w, https:\/\/www.elturistatranquil.com\/wp-content\/uploads\/F132-Roda-de-Isabena-Huesca-339x226.jpg 339w\" sizes=\"(max-width: 768px) 100vw, 768px\" \/>\t\t\t\t\t\t\t\t\t\t\t<figcaption class=\"widget-image-caption wp-caption-text\"><\/figcaption>\n\t\t\t\t\t\t\t\t\t\t<\/figure>\n\t\t\t\t\t\t\t\t\t<\/div>\n\t\t\t\t<\/div>\n\t\t\t\t<div class=\"elementor-element elementor-element-95dcad4 elementor-widget elementor-widget-image\" data-id=\"95dcad4\" data-element_type=\"widget\" data-e-type=\"widget\" data-widget_type=\"image.default\">\n\t\t\t\t<div class=\"elementor-widget-container\">\n\t\t\t\t\t\t\t\t\t\t\t\t<figure class=\"wp-caption\">\n\t\t\t\t\t\t\t\t\t\t<img loading=\"lazy\" decoding=\"async\" width=\"768\" height=\"511\" src=\"https:\/\/www.elturistatranquil.com\/wp-content\/uploads\/F133-Roda-de-Isabena-Huesca.jpg\" class=\"attachment-large size-large wp-image-57269\" alt=\"Roda de Isabena, Huesca\" srcset=\"https:\/\/www.elturistatranquil.com\/wp-content\/uploads\/F133-Roda-de-Isabena-Huesca.jpg 768w, https:\/\/www.elturistatranquil.com\/wp-content\/uploads\/F133-Roda-de-Isabena-Huesca-339x226.jpg 339w\" sizes=\"(max-width: 768px) 100vw, 768px\" \/>\t\t\t\t\t\t\t\t\t\t\t<figcaption class=\"widget-image-caption wp-caption-text\"><\/figcaption>\n\t\t\t\t\t\t\t\t\t\t<\/figure>\n\t\t\t\t\t\t\t\t\t<\/div>\n\t\t\t\t<\/div>\n\t\t\t\t<div class=\"elementor-element elementor-element-49017c9 elementor-widget elementor-widget-image\" data-id=\"49017c9\" data-element_type=\"widget\" data-e-type=\"widget\" data-widget_type=\"image.default\">\n\t\t\t\t<div class=\"elementor-widget-container\">\n\t\t\t\t\t\t\t\t\t\t\t\t<figure class=\"wp-caption\">\n\t\t\t\t\t\t\t\t\t\t<img loading=\"lazy\" decoding=\"async\" width=\"768\" height=\"511\" src=\"https:\/\/www.elturistatranquil.com\/wp-content\/uploads\/F134-Roda-de-Isabena-Huesca.jpg\" class=\"attachment-large size-large wp-image-57271\" alt=\"Roda de Isabena, Huesca\" srcset=\"https:\/\/www.elturistatranquil.com\/wp-content\/uploads\/F134-Roda-de-Isabena-Huesca.jpg 768w, https:\/\/www.elturistatranquil.com\/wp-content\/uploads\/F134-Roda-de-Isabena-Huesca-339x226.jpg 339w\" sizes=\"(max-width: 768px) 100vw, 768px\" \/>\t\t\t\t\t\t\t\t\t\t\t<figcaption class=\"widget-image-caption wp-caption-text\"><\/figcaption>\n\t\t\t\t\t\t\t\t\t\t<\/figure>\n\t\t\t\t\t\t\t\t\t<\/div>\n\t\t\t\t<\/div>\n\t\t\t\t<div class=\"elementor-element elementor-element-10978bc elementor-widget elementor-widget-image\" data-id=\"10978bc\" data-element_type=\"widget\" data-e-type=\"widget\" data-widget_type=\"image.default\">\n\t\t\t\t<div class=\"elementor-widget-container\">\n\t\t\t\t\t\t\t\t\t\t\t\t<figure class=\"wp-caption\">\n\t\t\t\t\t\t\t\t\t\t<img loading=\"lazy\" decoding=\"async\" width=\"768\" height=\"511\" src=\"https:\/\/www.elturistatranquil.com\/wp-content\/uploads\/F136-Roda-de-Isabena-Huesca.jpg\" class=\"attachment-large size-large wp-image-57273\" alt=\"Roda de Isabena, Huesca\" srcset=\"https:\/\/www.elturistatranquil.com\/wp-content\/uploads\/F136-Roda-de-Isabena-Huesca.jpg 768w, https:\/\/www.elturistatranquil.com\/wp-content\/uploads\/F136-Roda-de-Isabena-Huesca-339x226.jpg 339w\" sizes=\"(max-width: 768px) 100vw, 768px\" \/>\t\t\t\t\t\t\t\t\t\t\t<figcaption class=\"widget-image-caption wp-caption-text\"><\/figcaption>\n\t\t\t\t\t\t\t\t\t\t<\/figure>\n\t\t\t\t\t\t\t\t\t<\/div>\n\t\t\t\t<\/div>\n\t\t\t\t<div class=\"elementor-element elementor-element-e0db950 elementor-widget elementor-widget-image\" data-id=\"e0db950\" data-element_type=\"widget\" data-e-type=\"widget\" data-widget_type=\"image.default\">\n\t\t\t\t<div class=\"elementor-widget-container\">\n\t\t\t\t\t\t\t\t\t\t\t\t<figure class=\"wp-caption\">\n\t\t\t\t\t\t\t\t\t\t<img loading=\"lazy\" decoding=\"async\" width=\"768\" height=\"511\" src=\"https:\/\/www.elturistatranquil.com\/wp-content\/uploads\/F137-Roda-de-Isabena-Huesca.jpg\" class=\"attachment-large size-large wp-image-57275\" alt=\"Roda de Isabena, Huesca\" srcset=\"https:\/\/www.elturistatranquil.com\/wp-content\/uploads\/F137-Roda-de-Isabena-Huesca.jpg 768w, https:\/\/www.elturistatranquil.com\/wp-content\/uploads\/F137-Roda-de-Isabena-Huesca-339x226.jpg 339w\" sizes=\"(max-width: 768px) 100vw, 768px\" \/>\t\t\t\t\t\t\t\t\t\t\t<figcaption class=\"widget-image-caption wp-caption-text\"><\/figcaption>\n\t\t\t\t\t\t\t\t\t\t<\/figure>\n\t\t\t\t\t\t\t\t\t<\/div>\n\t\t\t\t<\/div>\n\t\t\t\t<div class=\"elementor-element elementor-element-22c8b74 elementor-widget elementor-widget-image\" data-id=\"22c8b74\" data-element_type=\"widget\" data-e-type=\"widget\" data-widget_type=\"image.default\">\n\t\t\t\t<div class=\"elementor-widget-container\">\n\t\t\t\t\t\t\t\t\t\t\t\t<figure class=\"wp-caption\">\n\t\t\t\t\t\t\t\t\t\t<img loading=\"lazy\" decoding=\"async\" width=\"768\" height=\"511\" src=\"https:\/\/www.elturistatranquil.com\/wp-content\/uploads\/F138-Roda-de-Isabena-Huesca.jpg\" class=\"attachment-large size-large wp-image-57277\" alt=\"Roda de Isabena, Huesca\" srcset=\"https:\/\/www.elturistatranquil.com\/wp-content\/uploads\/F138-Roda-de-Isabena-Huesca.jpg 768w, https:\/\/www.elturistatranquil.com\/wp-content\/uploads\/F138-Roda-de-Isabena-Huesca-339x226.jpg 339w\" sizes=\"(max-width: 768px) 100vw, 768px\" \/>\t\t\t\t\t\t\t\t\t\t\t<figcaption class=\"widget-image-caption wp-caption-text\"><\/figcaption>\n\t\t\t\t\t\t\t\t\t\t<\/figure>\n\t\t\t\t\t\t\t\t\t<\/div>\n\t\t\t\t<\/div>\n\t\t\t\t<div class=\"elementor-element elementor-element-dd3cee5 elementor-widget elementor-widget-heading\" data-id=\"dd3cee5\" data-element_type=\"widget\" data-e-type=\"widget\" data-widget_type=\"heading.default\">\n\t\t\t\t<div class=\"elementor-widget-container\">\n\t\t\t\t\t<h4 class=\"elementor-heading-title elementor-size-default\">Carrer de l\u2019Era (K)<\/h4>\t\t\t\t<\/div>\n\t\t\t\t<\/div>\n\t\t\t\t<div class=\"elementor-element elementor-element-de0ba8f elementor-widget elementor-widget-image\" data-id=\"de0ba8f\" data-element_type=\"widget\" data-e-type=\"widget\" data-widget_type=\"image.default\">\n\t\t\t\t<div class=\"elementor-widget-container\">\n\t\t\t\t\t\t\t\t\t\t\t\t<figure class=\"wp-caption\">\n\t\t\t\t\t\t\t\t\t\t<img loading=\"lazy\" decoding=\"async\" width=\"768\" height=\"511\" src=\"https:\/\/www.elturistatranquil.com\/wp-content\/uploads\/F139-Roda-de-Isabena-Huesca.jpg\" class=\"attachment-large size-large wp-image-57282\" alt=\"Roda de Isabena, Huesca\" srcset=\"https:\/\/www.elturistatranquil.com\/wp-content\/uploads\/F139-Roda-de-Isabena-Huesca.jpg 768w, https:\/\/www.elturistatranquil.com\/wp-content\/uploads\/F139-Roda-de-Isabena-Huesca-339x226.jpg 339w\" sizes=\"(max-width: 768px) 100vw, 768px\" \/>\t\t\t\t\t\t\t\t\t\t\t<figcaption class=\"widget-image-caption wp-caption-text\"><\/figcaption>\n\t\t\t\t\t\t\t\t\t\t<\/figure>\n\t\t\t\t\t\t\t\t\t<\/div>\n\t\t\t\t<\/div>\n\t\t\t\t<div class=\"elementor-element elementor-element-5a40c89 elementor-widget elementor-widget-image\" data-id=\"5a40c89\" data-element_type=\"widget\" data-e-type=\"widget\" data-widget_type=\"image.default\">\n\t\t\t\t<div class=\"elementor-widget-container\">\n\t\t\t\t\t\t\t\t\t\t\t\t<figure class=\"wp-caption\">\n\t\t\t\t\t\t\t\t\t\t<img loading=\"lazy\" decoding=\"async\" width=\"768\" height=\"511\" src=\"https:\/\/www.elturistatranquil.com\/wp-content\/uploads\/F140-Roda-de-Isabena-Huesca.jpg\" class=\"attachment-large size-large wp-image-57284\" alt=\"Roda de Isabena, Huesca\" srcset=\"https:\/\/www.elturistatranquil.com\/wp-content\/uploads\/F140-Roda-de-Isabena-Huesca.jpg 768w, https:\/\/www.elturistatranquil.com\/wp-content\/uploads\/F140-Roda-de-Isabena-Huesca-339x226.jpg 339w\" sizes=\"(max-width: 768px) 100vw, 768px\" \/>\t\t\t\t\t\t\t\t\t\t\t<figcaption class=\"widget-image-caption wp-caption-text\"><\/figcaption>\n\t\t\t\t\t\t\t\t\t\t<\/figure>\n\t\t\t\t\t\t\t\t\t<\/div>\n\t\t\t\t<\/div>\n\t\t\t\t<div class=\"elementor-element elementor-element-20696bd elementor-widget elementor-widget-heading\" data-id=\"20696bd\" data-element_type=\"widget\" data-e-type=\"widget\" data-widget_type=\"heading.default\">\n\t\t\t\t<div class=\"elementor-widget-container\">\n\t\t\t\t\t<h4 class=\"elementor-heading-title elementor-size-default\">Placeta de l\u2019Hospital (L)<\/h4>\t\t\t\t<\/div>\n\t\t\t\t<\/div>\n\t\t\t\t<div class=\"elementor-element elementor-element-182f9c1 elementor-widget elementor-widget-image\" data-id=\"182f9c1\" data-element_type=\"widget\" data-e-type=\"widget\" data-widget_type=\"image.default\">\n\t\t\t\t<div class=\"elementor-widget-container\">\n\t\t\t\t\t\t\t\t\t\t\t\t<figure class=\"wp-caption\">\n\t\t\t\t\t\t\t\t\t\t<img loading=\"lazy\" decoding=\"async\" width=\"768\" height=\"511\" src=\"https:\/\/www.elturistatranquil.com\/wp-content\/uploads\/F141-Hospital.-Roda-de-Isabena-Huesca.jpg\" class=\"attachment-large size-large wp-image-57286\" alt=\"Hospital. Roda de Isabena, Huesca\" srcset=\"https:\/\/www.elturistatranquil.com\/wp-content\/uploads\/F141-Hospital.-Roda-de-Isabena-Huesca.jpg 768w, https:\/\/www.elturistatranquil.com\/wp-content\/uploads\/F141-Hospital.-Roda-de-Isabena-Huesca-339x226.jpg 339w\" sizes=\"(max-width: 768px) 100vw, 768px\" \/>\t\t\t\t\t\t\t\t\t\t\t<figcaption class=\"widget-image-caption wp-caption-text\"><\/figcaption>\n\t\t\t\t\t\t\t\t\t\t<\/figure>\n\t\t\t\t\t\t\t\t\t<\/div>\n\t\t\t\t<\/div>\n\t\t\t\t<div class=\"elementor-element elementor-element-1975151 elementor-widget elementor-widget-image\" data-id=\"1975151\" data-element_type=\"widget\" data-e-type=\"widget\" data-widget_type=\"image.default\">\n\t\t\t\t<div class=\"elementor-widget-container\">\n\t\t\t\t\t\t\t\t\t\t\t\t<figure class=\"wp-caption\">\n\t\t\t\t\t\t\t\t\t\t<img loading=\"lazy\" decoding=\"async\" width=\"768\" height=\"511\" src=\"https:\/\/www.elturistatranquil.com\/wp-content\/uploads\/F142-Hospital.-Roda-de-Isabena-Huesca.jpg\" class=\"attachment-large size-large wp-image-57288\" alt=\"Hospital. Roda de Isabena, Huesca\" srcset=\"https:\/\/www.elturistatranquil.com\/wp-content\/uploads\/F142-Hospital.-Roda-de-Isabena-Huesca.jpg 768w, https:\/\/www.elturistatranquil.com\/wp-content\/uploads\/F142-Hospital.-Roda-de-Isabena-Huesca-339x226.jpg 339w\" sizes=\"(max-width: 768px) 100vw, 768px\" \/>\t\t\t\t\t\t\t\t\t\t\t<figcaption class=\"widget-image-caption wp-caption-text\"><\/figcaption>\n\t\t\t\t\t\t\t\t\t\t<\/figure>\n\t\t\t\t\t\t\t\t\t<\/div>\n\t\t\t\t<\/div>\n\t\t\t\t<div class=\"elementor-element elementor-element-0a0da64 elementor-widget elementor-widget-image\" data-id=\"0a0da64\" data-element_type=\"widget\" data-e-type=\"widget\" data-widget_type=\"image.default\">\n\t\t\t\t<div class=\"elementor-widget-container\">\n\t\t\t\t\t\t\t\t\t\t\t\t<figure class=\"wp-caption\">\n\t\t\t\t\t\t\t\t\t\t<img loading=\"lazy\" decoding=\"async\" width=\"768\" height=\"511\" src=\"https:\/\/www.elturistatranquil.com\/wp-content\/uploads\/F143-Hospital.-Roda-de-Isabena-Huesca.jpg\" class=\"attachment-large size-large wp-image-57290\" alt=\"Hospital. Roda de Isabena, Huesca\" srcset=\"https:\/\/www.elturistatranquil.com\/wp-content\/uploads\/F143-Hospital.-Roda-de-Isabena-Huesca.jpg 768w, https:\/\/www.elturistatranquil.com\/wp-content\/uploads\/F143-Hospital.-Roda-de-Isabena-Huesca-339x226.jpg 339w\" sizes=\"(max-width: 768px) 100vw, 768px\" \/>\t\t\t\t\t\t\t\t\t\t\t<figcaption class=\"widget-image-caption wp-caption-text\"><\/figcaption>\n\t\t\t\t\t\t\t\t\t\t<\/figure>\n\t\t\t\t\t\t\t\t\t<\/div>\n\t\t\t\t<\/div>\n\t\t\t\t<div class=\"elementor-element elementor-element-39a6a80 elementor-widget elementor-widget-heading\" data-id=\"39a6a80\" data-element_type=\"widget\" data-e-type=\"widget\" data-widget_type=\"heading.default\">\n\t\t\t\t<div class=\"elementor-widget-container\">\n\t\t\t\t\t<h4 class=\"elementor-heading-title elementor-size-default\">Carrer Pedro Pac (M)<\/h4>\t\t\t\t<\/div>\n\t\t\t\t<\/div>\n\t\t\t\t<div class=\"elementor-element elementor-element-5a543fe elementor-widget elementor-widget-heading\" data-id=\"5a543fe\" data-element_type=\"widget\" data-e-type=\"widget\" data-widget_type=\"heading.default\">\n\t\t\t\t<div class=\"elementor-widget-container\">\n\t\t\t\t\t<h5 class=\"elementor-heading-title elementor-size-default\">Museu la Era de Vicen (N)<\/h5>\t\t\t\t<\/div>\n\t\t\t\t<\/div>\n\t\t\t\t<div class=\"elementor-element elementor-element-6496575 elementor-widget elementor-widget-image\" data-id=\"6496575\" data-element_type=\"widget\" data-e-type=\"widget\" data-widget_type=\"image.default\">\n\t\t\t\t<div class=\"elementor-widget-container\">\n\t\t\t\t\t\t\t\t\t\t\t\t<figure class=\"wp-caption\">\n\t\t\t\t\t\t\t\t\t\t<img loading=\"lazy\" decoding=\"async\" width=\"768\" height=\"511\" src=\"https:\/\/www.elturistatranquil.com\/wp-content\/uploads\/F147-Museo-la-Era-de-Vicen.-Roda-de-Isabena-Huesca.jpg\" class=\"attachment-large size-large wp-image-57295\" alt=\"Museo la Era de Vicen. Roda de Isabena, Huesca\" srcset=\"https:\/\/www.elturistatranquil.com\/wp-content\/uploads\/F147-Museo-la-Era-de-Vicen.-Roda-de-Isabena-Huesca.jpg 768w, https:\/\/www.elturistatranquil.com\/wp-content\/uploads\/F147-Museo-la-Era-de-Vicen.-Roda-de-Isabena-Huesca-339x226.jpg 339w\" sizes=\"(max-width: 768px) 100vw, 768px\" \/>\t\t\t\t\t\t\t\t\t\t\t<figcaption class=\"widget-image-caption wp-caption-text\"><\/figcaption>\n\t\t\t\t\t\t\t\t\t\t<\/figure>\n\t\t\t\t\t\t\t\t\t<\/div>\n\t\t\t\t<\/div>\n\t\t\t\t<div class=\"elementor-element elementor-element-cad4a7a elementor-widget elementor-widget-image\" data-id=\"cad4a7a\" data-element_type=\"widget\" data-e-type=\"widget\" data-widget_type=\"image.default\">\n\t\t\t\t<div class=\"elementor-widget-container\">\n\t\t\t\t\t\t\t\t\t\t\t\t<figure class=\"wp-caption\">\n\t\t\t\t\t\t\t\t\t\t<img loading=\"lazy\" decoding=\"async\" width=\"768\" height=\"512\" src=\"https:\/\/www.elturistatranquil.com\/wp-content\/uploads\/F148-Museo-la-Era-de-Vicen.-Roda-de-Isabena-Huesca.jpg\" class=\"attachment-large size-large wp-image-57297\" alt=\"Museo la Era de Vicen. Roda de Isabena, Huesca\" srcset=\"https:\/\/www.elturistatranquil.com\/wp-content\/uploads\/F148-Museo-la-Era-de-Vicen.-Roda-de-Isabena-Huesca.jpg 768w, https:\/\/www.elturistatranquil.com\/wp-content\/uploads\/F148-Museo-la-Era-de-Vicen.-Roda-de-Isabena-Huesca-339x226.jpg 339w\" sizes=\"(max-width: 768px) 100vw, 768px\" \/>\t\t\t\t\t\t\t\t\t\t\t<figcaption class=\"widget-image-caption wp-caption-text\"><\/figcaption>\n\t\t\t\t\t\t\t\t\t\t<\/figure>\n\t\t\t\t\t\t\t\t\t<\/div>\n\t\t\t\t<\/div>\n\t\t\t\t<div class=\"elementor-element elementor-element-7aaa12c elementor-widget elementor-widget-image\" data-id=\"7aaa12c\" data-element_type=\"widget\" data-e-type=\"widget\" data-widget_type=\"image.default\">\n\t\t\t\t<div class=\"elementor-widget-container\">\n\t\t\t\t\t\t\t\t\t\t\t\t<figure class=\"wp-caption\">\n\t\t\t\t\t\t\t\t\t\t<img loading=\"lazy\" decoding=\"async\" width=\"768\" height=\"511\" src=\"https:\/\/www.elturistatranquil.com\/wp-content\/uploads\/F150-Roda-de-Isabena-Huesca.jpg\" class=\"attachment-large size-large wp-image-57299\" alt=\"Roda de Isabena, Huesca\" srcset=\"https:\/\/www.elturistatranquil.com\/wp-content\/uploads\/F150-Roda-de-Isabena-Huesca.jpg 768w, https:\/\/www.elturistatranquil.com\/wp-content\/uploads\/F150-Roda-de-Isabena-Huesca-339x226.jpg 339w\" sizes=\"(max-width: 768px) 100vw, 768px\" \/>\t\t\t\t\t\t\t\t\t\t\t<figcaption class=\"widget-image-caption wp-caption-text\"><\/figcaption>\n\t\t\t\t\t\t\t\t\t\t<\/figure>\n\t\t\t\t\t\t\t\t\t<\/div>\n\t\t\t\t<\/div>\n\t\t\t\t<div class=\"elementor-element elementor-element-cc7535a elementor-widget elementor-widget-image\" data-id=\"cc7535a\" data-element_type=\"widget\" data-e-type=\"widget\" data-widget_type=\"image.default\">\n\t\t\t\t<div class=\"elementor-widget-container\">\n\t\t\t\t\t\t\t\t\t\t\t\t<figure class=\"wp-caption\">\n\t\t\t\t\t\t\t\t\t\t<img loading=\"lazy\" decoding=\"async\" width=\"768\" height=\"511\" src=\"https:\/\/www.elturistatranquil.com\/wp-content\/uploads\/F152-Roda-de-Isabena-Huesca.jpg\" class=\"attachment-large size-large wp-image-57301\" alt=\"Roda de Isabena, Huesca\" srcset=\"https:\/\/www.elturistatranquil.com\/wp-content\/uploads\/F152-Roda-de-Isabena-Huesca.jpg 768w, https:\/\/www.elturistatranquil.com\/wp-content\/uploads\/F152-Roda-de-Isabena-Huesca-339x226.jpg 339w\" sizes=\"(max-width: 768px) 100vw, 768px\" \/>\t\t\t\t\t\t\t\t\t\t\t<figcaption class=\"widget-image-caption wp-caption-text\"><\/figcaption>\n\t\t\t\t\t\t\t\t\t\t<\/figure>\n\t\t\t\t\t\t\t\t\t<\/div>\n\t\t\t\t<\/div>\n\t\t\t\t<div class=\"elementor-element elementor-element-08892dd elementor-widget elementor-widget-image\" data-id=\"08892dd\" data-element_type=\"widget\" data-e-type=\"widget\" data-widget_type=\"image.default\">\n\t\t\t\t<div class=\"elementor-widget-container\">\n\t\t\t\t\t\t\t\t\t\t\t\t<figure class=\"wp-caption\">\n\t\t\t\t\t\t\t\t\t\t<img loading=\"lazy\" decoding=\"async\" width=\"768\" height=\"511\" src=\"https:\/\/www.elturistatranquil.com\/wp-content\/uploads\/F153-Roda-de-Isabena-Huesca.jpg\" class=\"attachment-large size-large wp-image-57303\" alt=\"Roda de Isabena, Huesca\" srcset=\"https:\/\/www.elturistatranquil.com\/wp-content\/uploads\/F153-Roda-de-Isabena-Huesca.jpg 768w, https:\/\/www.elturistatranquil.com\/wp-content\/uploads\/F153-Roda-de-Isabena-Huesca-339x226.jpg 339w\" sizes=\"(max-width: 768px) 100vw, 768px\" \/>\t\t\t\t\t\t\t\t\t\t\t<figcaption class=\"widget-image-caption wp-caption-text\"><\/figcaption>\n\t\t\t\t\t\t\t\t\t\t<\/figure>\n\t\t\t\t\t\t\t\t\t<\/div>\n\t\t\t\t<\/div>\n\t\t\t\t<div class=\"elementor-element elementor-element-76d1df20 elementor-widget elementor-widget-image\" data-id=\"76d1df20\" data-element_type=\"widget\" data-e-type=\"widget\" data-widget_type=\"image.default\">\n\t\t\t\t<div class=\"elementor-widget-container\">\n\t\t\t\t\t\t\t\t\t\t\t\t<figure class=\"wp-caption\">\n\t\t\t\t\t\t\t\t\t\t<img loading=\"lazy\" decoding=\"async\" width=\"768\" height=\"512\" src=\"https:\/\/www.elturistatranquil.com\/wp-content\/uploads\/F154-Roda-de-Isabena-Huesca.jpg\" class=\"attachment-large size-large wp-image-57308\" alt=\"Roda de Isabena, Huesca\" srcset=\"https:\/\/www.elturistatranquil.com\/wp-content\/uploads\/F154-Roda-de-Isabena-Huesca.jpg 768w, https:\/\/www.elturistatranquil.com\/wp-content\/uploads\/F154-Roda-de-Isabena-Huesca-339x226.jpg 339w\" sizes=\"(max-width: 768px) 100vw, 768px\" \/>\t\t\t\t\t\t\t\t\t\t\t<figcaption class=\"widget-image-caption wp-caption-text\"><\/figcaption>\n\t\t\t\t\t\t\t\t\t\t<\/figure>\n\t\t\t\t\t\t\t\t\t<\/div>\n\t\t\t\t<\/div>\n\t\t\t\t<div class=\"elementor-element elementor-element-f4bfdd4 elementor-widget elementor-widget-image\" data-id=\"f4bfdd4\" data-element_type=\"widget\" data-e-type=\"widget\" data-widget_type=\"image.default\">\n\t\t\t\t<div class=\"elementor-widget-container\">\n\t\t\t\t\t\t\t\t\t\t\t\t<figure class=\"wp-caption\">\n\t\t\t\t\t\t\t\t\t\t<img loading=\"lazy\" decoding=\"async\" width=\"768\" height=\"512\" src=\"https:\/\/www.elturistatranquil.com\/wp-content\/uploads\/F155-Roda-de-Isabena-Huesca.jpg\" class=\"attachment-large size-large wp-image-57310\" alt=\"Roda de Isabena, Huesca\" srcset=\"https:\/\/www.elturistatranquil.com\/wp-content\/uploads\/F155-Roda-de-Isabena-Huesca.jpg 768w, https:\/\/www.elturistatranquil.com\/wp-content\/uploads\/F155-Roda-de-Isabena-Huesca-339x226.jpg 339w\" sizes=\"(max-width: 768px) 100vw, 768px\" \/>\t\t\t\t\t\t\t\t\t\t\t<figcaption class=\"widget-image-caption wp-caption-text\"><\/figcaption>\n\t\t\t\t\t\t\t\t\t\t<\/figure>\n\t\t\t\t\t\t\t\t\t<\/div>\n\t\t\t\t<\/div>\n\t\t\t\t<div class=\"elementor-element elementor-element-614ce7f elementor-widget elementor-widget-image\" data-id=\"614ce7f\" data-element_type=\"widget\" data-e-type=\"widget\" data-widget_type=\"image.default\">\n\t\t\t\t<div class=\"elementor-widget-container\">\n\t\t\t\t\t\t\t\t\t\t\t\t<figure class=\"wp-caption\">\n\t\t\t\t\t\t\t\t\t\t<img loading=\"lazy\" decoding=\"async\" width=\"768\" height=\"511\" src=\"https:\/\/www.elturistatranquil.com\/wp-content\/uploads\/F156-Roda-de-Isabena-Huesca.jpg\" class=\"attachment-large size-large wp-image-57312\" alt=\"Roda de Isabena, Huesca\" srcset=\"https:\/\/www.elturistatranquil.com\/wp-content\/uploads\/F156-Roda-de-Isabena-Huesca.jpg 768w, https:\/\/www.elturistatranquil.com\/wp-content\/uploads\/F156-Roda-de-Isabena-Huesca-339x226.jpg 339w\" sizes=\"(max-width: 768px) 100vw, 768px\" \/>\t\t\t\t\t\t\t\t\t\t\t<figcaption class=\"widget-image-caption wp-caption-text\"><\/figcaption>\n\t\t\t\t\t\t\t\t\t\t<\/figure>\n\t\t\t\t\t\t\t\t\t<\/div>\n\t\t\t\t<\/div>\n\t\t\t\t<div class=\"elementor-element elementor-element-bb8f261 elementor-widget elementor-widget-image\" data-id=\"bb8f261\" data-element_type=\"widget\" data-e-type=\"widget\" data-widget_type=\"image.default\">\n\t\t\t\t<div class=\"elementor-widget-container\">\n\t\t\t\t\t\t\t\t\t\t\t\t<figure class=\"wp-caption\">\n\t\t\t\t\t\t\t\t\t\t<img loading=\"lazy\" decoding=\"async\" width=\"768\" height=\"511\" src=\"https:\/\/www.elturistatranquil.com\/wp-content\/uploads\/F157-Roda-de-Isabena-Huesca.jpg\" class=\"attachment-large size-large wp-image-57314\" alt=\"Roda de Isabena, Huesca\" srcset=\"https:\/\/www.elturistatranquil.com\/wp-content\/uploads\/F157-Roda-de-Isabena-Huesca.jpg 768w, https:\/\/www.elturistatranquil.com\/wp-content\/uploads\/F157-Roda-de-Isabena-Huesca-339x226.jpg 339w\" sizes=\"(max-width: 768px) 100vw, 768px\" \/>\t\t\t\t\t\t\t\t\t\t\t<figcaption class=\"widget-image-caption wp-caption-text\"><\/figcaption>\n\t\t\t\t\t\t\t\t\t\t<\/figure>\n\t\t\t\t\t\t\t\t\t<\/div>\n\t\t\t\t<\/div>\n\t\t\t\t<div class=\"elementor-element elementor-element-f2f6985 elementor-widget elementor-widget-image\" data-id=\"f2f6985\" data-element_type=\"widget\" data-e-type=\"widget\" data-widget_type=\"image.default\">\n\t\t\t\t<div class=\"elementor-widget-container\">\n\t\t\t\t\t\t\t\t\t\t\t\t<figure class=\"wp-caption\">\n\t\t\t\t\t\t\t\t\t\t<img loading=\"lazy\" decoding=\"async\" width=\"768\" height=\"512\" src=\"https:\/\/www.elturistatranquil.com\/wp-content\/uploads\/F159-Roda-de-Isabena-Huesca.jpg\" class=\"attachment-large size-large wp-image-57316\" alt=\"Roda de Isabena, Huesca\" srcset=\"https:\/\/www.elturistatranquil.com\/wp-content\/uploads\/F159-Roda-de-Isabena-Huesca.jpg 768w, https:\/\/www.elturistatranquil.com\/wp-content\/uploads\/F159-Roda-de-Isabena-Huesca-339x226.jpg 339w\" sizes=\"(max-width: 768px) 100vw, 768px\" \/>\t\t\t\t\t\t\t\t\t\t\t<figcaption class=\"widget-image-caption wp-caption-text\"><\/figcaption>\n\t\t\t\t\t\t\t\t\t\t<\/figure>\n\t\t\t\t\t\t\t\t\t<\/div>\n\t\t\t\t<\/div>\n\t\t\t\t\t<\/div>\n\t\t<\/div>\n\t\t\t\t\t<\/div>\n\t\t<\/section>\n\t\t\t\t<\/div>\n\t\t","protected":false},"excerpt":{"rendered":"<p>\u00c0LBUM DE FOTOS Roda d&#8217;Is\u00e0vena (Osca) no \u00e9s un lloc de pas, sin\u00f3 un lloc on s&#8217;arriba amb intenci\u00f3. I s&#8217;ho mereix. La seva hist\u00f2ria, la trama urbana i l&#8217;arquitectura, &#8230; <a title=\"Roda d&#8217;Is\u00e0vena. Osca\" class=\"read-more\" href=\"https:\/\/www.elturistatranquil.com\/ca\/roda-disavena-osca\/\" aria-label=\"M\u00e9s informaci\u00f3 sobre Roda d&#8217;Is\u00e0vena. Osca\">[ &#8230; ]<\/a><\/p>\n","protected":false},"author":1,"featured_media":57354,"comment_status":"open","ping_status":"closed","sticky":false,"template":"","format":"standard","meta":{"footnotes":""},"categories":[71,72,77,145,172,138,95,99,100,159,102,104],"tags":[],"class_list":["post-57342","post","type-post","status-publish","format-standard","has-post-thumbnail","hentry","category-arquitectura-popular-ca","category-arquitectura-religiosa-ca","category-conjunts-historics","category-edat-mitjana","category-neoclassic","category-osca","category-paisatge","category-poble","category-pobles-i-ciutats-amb-interes","category-recintes-emmurallats","category-restaurant","category-preromanic-ca","infinite-scroll-item","generate-columns","tablet-grid-50","mobile-grid-100","grid-parent","grid-50","no-featured-image-padding"],"yoast_head":"<!-- This site is optimized with the Yoast SEO plugin v27.4 - https:\/\/yoast.com\/product\/yoast-seo-wordpress\/ -->\n<title>Roda d&#039;Is\u00e0vena. Osca - El turista tranquil<\/title>\n<meta name=\"description\" content=\"Roda d&#039;Is\u00e0vena (Osca) no \u00e9s un lloc de pas, sin\u00f3 un lloc on s&#039;arriba amb intenci\u00f3. I s&#039;ho mereix. La seva hist\u00f2ria, la trama urbana i l&#039;arquitectura, el converteixen en una destinaci\u00f3 perfecta per a qui viatja amb esperit d&#039;observaci\u00f3.\" \/>\n<meta name=\"robots\" content=\"index, follow, max-snippet:-1, max-image-preview:large, max-video-preview:-1\" \/>\n<link rel=\"canonical\" href=\"https:\/\/www.elturistatranquil.com\/ca\/roda-disavena-osca\/\" \/>\n<meta property=\"og:locale\" content=\"ca_ES\" \/>\n<meta property=\"og:type\" content=\"article\" \/>\n<meta property=\"og:title\" content=\"Roda d&#039;Is\u00e0vena. Osca - El turista tranquil\" \/>\n<meta property=\"og:description\" content=\"Roda d&#039;Is\u00e0vena (Osca) no \u00e9s un lloc de pas, sin\u00f3 un lloc on s&#039;arriba amb intenci\u00f3. I s&#039;ho mereix. La seva hist\u00f2ria, la trama urbana i l&#039;arquitectura, el converteixen en una destinaci\u00f3 perfecta per a qui viatja amb esperit d&#039;observaci\u00f3.\" \/>\n<meta property=\"og:url\" content=\"https:\/\/www.elturistatranquil.com\/ca\/roda-disavena-osca\/\" \/>\n<meta property=\"og:site_name\" content=\"El turista tranquil\" \/>\n<meta property=\"article:publisher\" content=\"https:\/\/www.facebook.com\/elturistatranquilo\/\" \/>\n<meta property=\"article:published_time\" content=\"2025-04-05T09:17:16+00:00\" \/>\n<meta property=\"article:modified_time\" content=\"2025-04-05T10:52:06+00:00\" \/>\n<meta property=\"og:image\" content=\"https:\/\/www.elturistatranquil.com\/wp-content\/uploads\/F00-Catedral-de-Roda-de-Isabena.-Huesca.jpg\" \/>\n\t<meta property=\"og:image:width\" content=\"768\" \/>\n\t<meta property=\"og:image:height\" content=\"512\" \/>\n\t<meta property=\"og:image:type\" content=\"image\/jpeg\" \/>\n<meta name=\"author\" content=\"admin\" \/>\n<meta name=\"twitter:card\" content=\"summary_large_image\" \/>\n<meta name=\"twitter:label1\" content=\"Escrit per\" \/>\n\t<meta name=\"twitter:data1\" content=\"admin\" \/>\n\t<meta name=\"twitter:label2\" content=\"Temps estimat de lectura\" \/>\n\t<meta name=\"twitter:data2\" content=\"34 minuts\" \/>\n<script type=\"application\/ld+json\" class=\"yoast-schema-graph\">{\"@context\":\"https:\\\/\\\/schema.org\",\"@graph\":[{\"@type\":\"Article\",\"@id\":\"https:\\\/\\\/www.elturistatranquil.com\\\/ca\\\/roda-disavena-osca\\\/#article\",\"isPartOf\":{\"@id\":\"https:\\\/\\\/www.elturistatranquil.com\\\/ca\\\/roda-disavena-osca\\\/\"},\"author\":{\"name\":\"admin\",\"@id\":\"https:\\\/\\\/www.elturistatranquil.com\\\/ca\\\/#\\\/schema\\\/person\\\/16f607c3079b96ed0c530a52e6b58bb5\"},\"headline\":\"Roda d&#8217;Is\u00e0vena. Osca\",\"datePublished\":\"2025-04-05T09:17:16+00:00\",\"dateModified\":\"2025-04-05T10:52:06+00:00\",\"mainEntityOfPage\":{\"@id\":\"https:\\\/\\\/www.elturistatranquil.com\\\/ca\\\/roda-disavena-osca\\\/\"},\"wordCount\":1039,\"commentCount\":0,\"image\":{\"@id\":\"https:\\\/\\\/www.elturistatranquil.com\\\/ca\\\/roda-disavena-osca\\\/#primaryimage\"},\"thumbnailUrl\":\"https:\\\/\\\/www.elturistatranquil.com\\\/wp-content\\\/uploads\\\/F00-Catedral-de-Roda-de-Isabena.-Huesca.jpg\",\"articleSection\":[\"Arquitectura popular\",\"Arquitectura religiosa\",\"Conjunts hist\u00f2rics\",\"Edat mitjana\",\"Neocl\u00e0ssic, Romanticisme\",\"Osca\",\"Paisatge\",\"Poble\",\"Pobles i ciutats amb inter\u00e9s\",\"Recintes emmurallats\",\"Restaurant\",\"Rom\u00e0nic\"],\"inLanguage\":\"ca\",\"potentialAction\":[{\"@type\":\"CommentAction\",\"name\":\"Comment\",\"target\":[\"https:\\\/\\\/www.elturistatranquil.com\\\/ca\\\/roda-disavena-osca\\\/#respond\"]}]},{\"@type\":\"WebPage\",\"@id\":\"https:\\\/\\\/www.elturistatranquil.com\\\/ca\\\/roda-disavena-osca\\\/\",\"url\":\"https:\\\/\\\/www.elturistatranquil.com\\\/ca\\\/roda-disavena-osca\\\/\",\"name\":\"Roda d'Is\u00e0vena. Osca - El turista tranquil\",\"isPartOf\":{\"@id\":\"https:\\\/\\\/www.elturistatranquil.com\\\/ca\\\/#website\"},\"primaryImageOfPage\":{\"@id\":\"https:\\\/\\\/www.elturistatranquil.com\\\/ca\\\/roda-disavena-osca\\\/#primaryimage\"},\"image\":{\"@id\":\"https:\\\/\\\/www.elturistatranquil.com\\\/ca\\\/roda-disavena-osca\\\/#primaryimage\"},\"thumbnailUrl\":\"https:\\\/\\\/www.elturistatranquil.com\\\/wp-content\\\/uploads\\\/F00-Catedral-de-Roda-de-Isabena.-Huesca.jpg\",\"datePublished\":\"2025-04-05T09:17:16+00:00\",\"dateModified\":\"2025-04-05T10:52:06+00:00\",\"author\":{\"@id\":\"https:\\\/\\\/www.elturistatranquil.com\\\/ca\\\/#\\\/schema\\\/person\\\/16f607c3079b96ed0c530a52e6b58bb5\"},\"description\":\"Roda d'Is\u00e0vena (Osca) no \u00e9s un lloc de pas, sin\u00f3 un lloc on s'arriba amb intenci\u00f3. I s'ho mereix. La seva hist\u00f2ria, la trama urbana i l'arquitectura, el converteixen en una destinaci\u00f3 perfecta per a qui viatja amb esperit d'observaci\u00f3.\",\"breadcrumb\":{\"@id\":\"https:\\\/\\\/www.elturistatranquil.com\\\/ca\\\/roda-disavena-osca\\\/#breadcrumb\"},\"inLanguage\":\"ca\",\"potentialAction\":[{\"@type\":\"ReadAction\",\"target\":[\"https:\\\/\\\/www.elturistatranquil.com\\\/ca\\\/roda-disavena-osca\\\/\"]}]},{\"@type\":\"ImageObject\",\"inLanguage\":\"ca\",\"@id\":\"https:\\\/\\\/www.elturistatranquil.com\\\/ca\\\/roda-disavena-osca\\\/#primaryimage\",\"url\":\"https:\\\/\\\/www.elturistatranquil.com\\\/wp-content\\\/uploads\\\/F00-Catedral-de-Roda-de-Isabena.-Huesca.jpg\",\"contentUrl\":\"https:\\\/\\\/www.elturistatranquil.com\\\/wp-content\\\/uploads\\\/F00-Catedral-de-Roda-de-Isabena.-Huesca.jpg\",\"width\":768,\"height\":512,\"caption\":\"Catedral de Roda de Isabena. Huesca\"},{\"@type\":\"BreadcrumbList\",\"@id\":\"https:\\\/\\\/www.elturistatranquil.com\\\/ca\\\/roda-disavena-osca\\\/#breadcrumb\",\"itemListElement\":[{\"@type\":\"ListItem\",\"position\":1,\"name\":\"Portada\",\"item\":\"https:\\\/\\\/www.elturistatranquil.com\\\/ca\\\/\"},{\"@type\":\"ListItem\",\"position\":2,\"name\":\"Roda d&#8217;Is\u00e0vena. Osca\"}]},{\"@type\":\"WebSite\",\"@id\":\"https:\\\/\\\/www.elturistatranquil.com\\\/ca\\\/#website\",\"url\":\"https:\\\/\\\/www.elturistatranquil.com\\\/ca\\\/\",\"name\":\"El turista tranquil\",\"description\":\"Blog de viatges\",\"potentialAction\":[{\"@type\":\"SearchAction\",\"target\":{\"@type\":\"EntryPoint\",\"urlTemplate\":\"https:\\\/\\\/www.elturistatranquil.com\\\/ca\\\/?s={search_term_string}\"},\"query-input\":{\"@type\":\"PropertyValueSpecification\",\"valueRequired\":true,\"valueName\":\"search_term_string\"}}],\"inLanguage\":\"ca\"},{\"@type\":\"Person\",\"@id\":\"https:\\\/\\\/www.elturistatranquil.com\\\/ca\\\/#\\\/schema\\\/person\\\/16f607c3079b96ed0c530a52e6b58bb5\",\"name\":\"admin\",\"image\":{\"@type\":\"ImageObject\",\"inLanguage\":\"ca\",\"@id\":\"https:\\\/\\\/secure.gravatar.com\\\/avatar\\\/1fbaf22aee75fcbb29a2f97b107f95d25d3a19b7c3416105be10269872673e8d?s=96&d=mm&r=g\",\"url\":\"https:\\\/\\\/secure.gravatar.com\\\/avatar\\\/1fbaf22aee75fcbb29a2f97b107f95d25d3a19b7c3416105be10269872673e8d?s=96&d=mm&r=g\",\"contentUrl\":\"https:\\\/\\\/secure.gravatar.com\\\/avatar\\\/1fbaf22aee75fcbb29a2f97b107f95d25d3a19b7c3416105be10269872673e8d?s=96&d=mm&r=g\",\"caption\":\"admin\"}}]}<\/script>\n<!-- \/ Yoast SEO plugin. -->","yoast_head_json":{"title":"Roda d'Is\u00e0vena. Osca - El turista tranquil","description":"Roda d'Is\u00e0vena (Osca) no \u00e9s un lloc de pas, sin\u00f3 un lloc on s'arriba amb intenci\u00f3. I s'ho mereix. La seva hist\u00f2ria, la trama urbana i l'arquitectura, el converteixen en una destinaci\u00f3 perfecta per a qui viatja amb esperit d'observaci\u00f3.","robots":{"index":"index","follow":"follow","max-snippet":"max-snippet:-1","max-image-preview":"max-image-preview:large","max-video-preview":"max-video-preview:-1"},"canonical":"https:\/\/www.elturistatranquil.com\/ca\/roda-disavena-osca\/","og_locale":"ca_ES","og_type":"article","og_title":"Roda d'Is\u00e0vena. Osca - El turista tranquil","og_description":"Roda d'Is\u00e0vena (Osca) no \u00e9s un lloc de pas, sin\u00f3 un lloc on s'arriba amb intenci\u00f3. I s'ho mereix. La seva hist\u00f2ria, la trama urbana i l'arquitectura, el converteixen en una destinaci\u00f3 perfecta per a qui viatja amb esperit d'observaci\u00f3.","og_url":"https:\/\/www.elturistatranquil.com\/ca\/roda-disavena-osca\/","og_site_name":"El turista tranquil","article_publisher":"https:\/\/www.facebook.com\/elturistatranquilo\/","article_published_time":"2025-04-05T09:17:16+00:00","article_modified_time":"2025-04-05T10:52:06+00:00","og_image":[{"width":768,"height":512,"url":"https:\/\/www.elturistatranquil.com\/wp-content\/uploads\/F00-Catedral-de-Roda-de-Isabena.-Huesca.jpg","type":"image\/jpeg"}],"author":"admin","twitter_card":"summary_large_image","twitter_misc":{"Escrit per":"admin","Temps estimat de lectura":"34 minuts"},"schema":{"@context":"https:\/\/schema.org","@graph":[{"@type":"Article","@id":"https:\/\/www.elturistatranquil.com\/ca\/roda-disavena-osca\/#article","isPartOf":{"@id":"https:\/\/www.elturistatranquil.com\/ca\/roda-disavena-osca\/"},"author":{"name":"admin","@id":"https:\/\/www.elturistatranquil.com\/ca\/#\/schema\/person\/16f607c3079b96ed0c530a52e6b58bb5"},"headline":"Roda d&#8217;Is\u00e0vena. Osca","datePublished":"2025-04-05T09:17:16+00:00","dateModified":"2025-04-05T10:52:06+00:00","mainEntityOfPage":{"@id":"https:\/\/www.elturistatranquil.com\/ca\/roda-disavena-osca\/"},"wordCount":1039,"commentCount":0,"image":{"@id":"https:\/\/www.elturistatranquil.com\/ca\/roda-disavena-osca\/#primaryimage"},"thumbnailUrl":"https:\/\/www.elturistatranquil.com\/wp-content\/uploads\/F00-Catedral-de-Roda-de-Isabena.-Huesca.jpg","articleSection":["Arquitectura popular","Arquitectura religiosa","Conjunts hist\u00f2rics","Edat mitjana","Neocl\u00e0ssic, Romanticisme","Osca","Paisatge","Poble","Pobles i ciutats amb inter\u00e9s","Recintes emmurallats","Restaurant","Rom\u00e0nic"],"inLanguage":"ca","potentialAction":[{"@type":"CommentAction","name":"Comment","target":["https:\/\/www.elturistatranquil.com\/ca\/roda-disavena-osca\/#respond"]}]},{"@type":"WebPage","@id":"https:\/\/www.elturistatranquil.com\/ca\/roda-disavena-osca\/","url":"https:\/\/www.elturistatranquil.com\/ca\/roda-disavena-osca\/","name":"Roda d'Is\u00e0vena. Osca - El turista tranquil","isPartOf":{"@id":"https:\/\/www.elturistatranquil.com\/ca\/#website"},"primaryImageOfPage":{"@id":"https:\/\/www.elturistatranquil.com\/ca\/roda-disavena-osca\/#primaryimage"},"image":{"@id":"https:\/\/www.elturistatranquil.com\/ca\/roda-disavena-osca\/#primaryimage"},"thumbnailUrl":"https:\/\/www.elturistatranquil.com\/wp-content\/uploads\/F00-Catedral-de-Roda-de-Isabena.-Huesca.jpg","datePublished":"2025-04-05T09:17:16+00:00","dateModified":"2025-04-05T10:52:06+00:00","author":{"@id":"https:\/\/www.elturistatranquil.com\/ca\/#\/schema\/person\/16f607c3079b96ed0c530a52e6b58bb5"},"description":"Roda d'Is\u00e0vena (Osca) no \u00e9s un lloc de pas, sin\u00f3 un lloc on s'arriba amb intenci\u00f3. I s'ho mereix. La seva hist\u00f2ria, la trama urbana i l'arquitectura, el converteixen en una destinaci\u00f3 perfecta per a qui viatja amb esperit d'observaci\u00f3.","breadcrumb":{"@id":"https:\/\/www.elturistatranquil.com\/ca\/roda-disavena-osca\/#breadcrumb"},"inLanguage":"ca","potentialAction":[{"@type":"ReadAction","target":["https:\/\/www.elturistatranquil.com\/ca\/roda-disavena-osca\/"]}]},{"@type":"ImageObject","inLanguage":"ca","@id":"https:\/\/www.elturistatranquil.com\/ca\/roda-disavena-osca\/#primaryimage","url":"https:\/\/www.elturistatranquil.com\/wp-content\/uploads\/F00-Catedral-de-Roda-de-Isabena.-Huesca.jpg","contentUrl":"https:\/\/www.elturistatranquil.com\/wp-content\/uploads\/F00-Catedral-de-Roda-de-Isabena.-Huesca.jpg","width":768,"height":512,"caption":"Catedral de Roda de Isabena. Huesca"},{"@type":"BreadcrumbList","@id":"https:\/\/www.elturistatranquil.com\/ca\/roda-disavena-osca\/#breadcrumb","itemListElement":[{"@type":"ListItem","position":1,"name":"Portada","item":"https:\/\/www.elturistatranquil.com\/ca\/"},{"@type":"ListItem","position":2,"name":"Roda d&#8217;Is\u00e0vena. Osca"}]},{"@type":"WebSite","@id":"https:\/\/www.elturistatranquil.com\/ca\/#website","url":"https:\/\/www.elturistatranquil.com\/ca\/","name":"El turista tranquil","description":"Blog de viatges","potentialAction":[{"@type":"SearchAction","target":{"@type":"EntryPoint","urlTemplate":"https:\/\/www.elturistatranquil.com\/ca\/?s={search_term_string}"},"query-input":{"@type":"PropertyValueSpecification","valueRequired":true,"valueName":"search_term_string"}}],"inLanguage":"ca"},{"@type":"Person","@id":"https:\/\/www.elturistatranquil.com\/ca\/#\/schema\/person\/16f607c3079b96ed0c530a52e6b58bb5","name":"admin","image":{"@type":"ImageObject","inLanguage":"ca","@id":"https:\/\/secure.gravatar.com\/avatar\/1fbaf22aee75fcbb29a2f97b107f95d25d3a19b7c3416105be10269872673e8d?s=96&d=mm&r=g","url":"https:\/\/secure.gravatar.com\/avatar\/1fbaf22aee75fcbb29a2f97b107f95d25d3a19b7c3416105be10269872673e8d?s=96&d=mm&r=g","contentUrl":"https:\/\/secure.gravatar.com\/avatar\/1fbaf22aee75fcbb29a2f97b107f95d25d3a19b7c3416105be10269872673e8d?s=96&d=mm&r=g","caption":"admin"}}]}},"_links":{"self":[{"href":"https:\/\/www.elturistatranquil.com\/ca\/wp-json\/wp\/v2\/posts\/57342","targetHints":{"allow":["GET"]}}],"collection":[{"href":"https:\/\/www.elturistatranquil.com\/ca\/wp-json\/wp\/v2\/posts"}],"about":[{"href":"https:\/\/www.elturistatranquil.com\/ca\/wp-json\/wp\/v2\/types\/post"}],"author":[{"embeddable":true,"href":"https:\/\/www.elturistatranquil.com\/ca\/wp-json\/wp\/v2\/users\/1"}],"replies":[{"embeddable":true,"href":"https:\/\/www.elturistatranquil.com\/ca\/wp-json\/wp\/v2\/comments?post=57342"}],"version-history":[{"count":5,"href":"https:\/\/www.elturistatranquil.com\/ca\/wp-json\/wp\/v2\/posts\/57342\/revisions"}],"predecessor-version":[{"id":57586,"href":"https:\/\/www.elturistatranquil.com\/ca\/wp-json\/wp\/v2\/posts\/57342\/revisions\/57586"}],"wp:featuredmedia":[{"embeddable":true,"href":"https:\/\/www.elturistatranquil.com\/ca\/wp-json\/wp\/v2\/media\/57354"}],"wp:attachment":[{"href":"https:\/\/www.elturistatranquil.com\/ca\/wp-json\/wp\/v2\/media?parent=57342"}],"wp:term":[{"taxonomy":"category","embeddable":true,"href":"https:\/\/www.elturistatranquil.com\/ca\/wp-json\/wp\/v2\/categories?post=57342"},{"taxonomy":"post_tag","embeddable":true,"href":"https:\/\/www.elturistatranquil.com\/ca\/wp-json\/wp\/v2\/tags?post=57342"}],"curies":[{"name":"wp","href":"https:\/\/api.w.org\/{rel}","templated":true}]}}