{"id":57534,"date":"2025-04-12T09:37:17","date_gmt":"2025-04-12T07:37:17","guid":{"rendered":"https:\/\/www.elturistatranquil.com\/?p=57534"},"modified":"2025-09-06T11:36:59","modified_gmt":"2025-09-06T09:36:59","slug":"la-rinconada-de-tajo-poble-de-colonitzacio-toledo","status":"publish","type":"post","link":"https:\/\/www.elturistatranquil.com\/ca\/la-rinconada-de-tajo-poble-de-colonitzacio-toledo\/","title":{"rendered":"La Rinconada de Tajo, poble de colonitzaci\u00f3 (Toledo)"},"content":{"rendered":"\t\t<div data-elementor-type=\"wp-post\" data-elementor-id=\"57534\" class=\"elementor elementor-57534 elementor-57396\" data-elementor-post-type=\"post\">\n\t\t\t\t\t\t<section class=\"elementor-section elementor-top-section elementor-element elementor-element-2f03d5ff elementor-section-boxed elementor-section-height-default elementor-section-height-default\" data-id=\"2f03d5ff\" data-element_type=\"section\" data-e-type=\"section\">\n\t\t\t\t\t\t<div class=\"elementor-container elementor-column-gap-default\">\n\t\t\t\t\t<div class=\"elementor-column elementor-col-100 elementor-top-column elementor-element elementor-element-15fb7a12\" data-id=\"15fb7a12\" data-element_type=\"column\" data-e-type=\"column\">\n\t\t\t<div class=\"elementor-widget-wrap elementor-element-populated\">\n\t\t\t\t\t\t<section class=\"elementor-section elementor-inner-section elementor-element elementor-element-6be3ca24 elementor-section-content-middle elementor-section-boxed elementor-section-height-default elementor-section-height-default\" data-id=\"6be3ca24\" data-element_type=\"section\" data-e-type=\"section\">\n\t\t\t\t\t\t<div class=\"elementor-container elementor-column-gap-default\">\n\t\t\t\t\t<div class=\"elementor-column elementor-col-100 elementor-inner-column elementor-element elementor-element-74fd1d29\" data-id=\"74fd1d29\" data-element_type=\"column\" data-e-type=\"column\">\n\t\t\t<div class=\"elementor-widget-wrap elementor-element-populated\">\n\t\t\t\t\t\t<div class=\"elementor-element elementor-element-48345dda elementor-widget elementor-widget-text-editor\" data-id=\"48345dda\" data-element_type=\"widget\" data-e-type=\"widget\" data-widget_type=\"text-editor.default\">\n\t\t\t\t<div class=\"elementor-widget-container\">\n\t\t\t\t\t\t\t\t\t<p><strong>La Rinconada de Tajo<\/strong> (Toledo) \u00e9s un exemple dels pobles de colonitzaci\u00f3 del franquisme. L&#8217;a\u00efllament de la seva localitzaci\u00f3 i la seva expansi\u00f3 nul\u00b7la ha possibilitat la seva conservaci\u00f3 fins a l&#8217;actualitat gaireb\u00e9 com va ser dissenyada, per la qual cosa representa un valu\u00f3s testimoni de les pol\u00edtiques agr\u00e0ries de mitjans segle XX.<\/p>\t\t\t\t\t\t\t\t<\/div>\n\t\t\t\t<\/div>\n\t\t\t\t\t<\/div>\n\t\t<\/div>\n\t\t\t\t\t<\/div>\n\t\t<\/section>\n\t\t\t\t<div class=\"elementor-element elementor-element-37e56e38 elementor-widget elementor-widget-heading\" data-id=\"37e56e38\" data-element_type=\"widget\" data-e-type=\"widget\" data-widget_type=\"heading.default\">\n\t\t\t\t<div class=\"elementor-widget-container\">\n\t\t\t\t\t<h1 class=\"elementor-heading-title elementor-size-default\">La Rinconada de Tajo, poble de colonitzaci\u00f3 (Toledo)<\/h1>\t\t\t\t<\/div>\n\t\t\t\t<\/div>\n\t\t\t\t\t<\/div>\n\t\t<\/div>\n\t\t\t\t\t<\/div>\n\t\t<\/section>\n\t\t\t\t<section class=\"elementor-section elementor-top-section elementor-element elementor-element-7362c13b elementor-section-boxed elementor-section-height-default elementor-section-height-default\" data-id=\"7362c13b\" data-element_type=\"section\" data-e-type=\"section\">\n\t\t\t\t\t\t<div class=\"elementor-container elementor-column-gap-default\">\n\t\t\t\t\t<div class=\"elementor-column elementor-col-100 elementor-top-column elementor-element elementor-element-1e3a57a9\" data-id=\"1e3a57a9\" data-element_type=\"column\" data-e-type=\"column\">\n\t\t\t<div class=\"elementor-widget-wrap elementor-element-populated\">\n\t\t\t\t\t\t<div class=\"elementor-element elementor-element-6552d961 elementor-widget elementor-widget-image\" data-id=\"6552d961\" data-element_type=\"widget\" data-e-type=\"widget\" data-widget_type=\"image.default\">\n\t\t\t\t<div class=\"elementor-widget-container\">\n\t\t\t\t\t\t\t\t\t\t\t\t<figure class=\"wp-caption\">\n\t\t\t\t\t\t\t\t\t\t<img fetchpriority=\"high\" decoding=\"async\" width=\"768\" height=\"512\" src=\"https:\/\/www.elturistatranquil.com\/wp-content\/uploads\/F01-La-Rinconada-de-TajoToledo-Google-maps-2025-04-02.jpg\" class=\"attachment-large size-large wp-image-57404\" alt=\"La Rinconada de Tajo,Toledo (Google maps 2025-04-02)\" srcset=\"https:\/\/www.elturistatranquil.com\/wp-content\/uploads\/F01-La-Rinconada-de-TajoToledo-Google-maps-2025-04-02.jpg 768w, https:\/\/www.elturistatranquil.com\/wp-content\/uploads\/F01-La-Rinconada-de-TajoToledo-Google-maps-2025-04-02-339x226.jpg 339w\" sizes=\"(max-width: 768px) 100vw, 768px\" \/>\t\t\t\t\t\t\t\t\t\t\t<figcaption class=\"widget-image-caption wp-caption-text\">La Rinconada de Tajo, Toledo (Google maps 2025-04-02)<\/figcaption>\n\t\t\t\t\t\t\t\t\t\t<\/figure>\n\t\t\t\t\t\t\t\t\t<\/div>\n\t\t\t\t<\/div>\n\t\t\t\t<section class=\"elementor-section elementor-inner-section elementor-element elementor-element-70a64db9 elementor-section-boxed elementor-section-height-default elementor-section-height-default\" data-id=\"70a64db9\" data-element_type=\"section\" data-e-type=\"section\" data-settings=\"{&quot;background_background&quot;:&quot;classic&quot;}\">\n\t\t\t\t\t\t\t<div class=\"elementor-background-overlay\"><\/div>\n\t\t\t\t\t\t\t<div class=\"elementor-container elementor-column-gap-default\">\n\t\t\t\t\t<div class=\"elementor-column elementor-col-100 elementor-inner-column elementor-element elementor-element-ba10ea2\" data-id=\"ba10ea2\" data-element_type=\"column\" data-e-type=\"column\" data-settings=\"{&quot;background_background&quot;:&quot;classic&quot;}\">\n\t\t\t<div class=\"elementor-widget-wrap elementor-element-populated\">\n\t\t\t\t\t\t<div class=\"elementor-element elementor-element-590532dc elementor-widget elementor-widget-text-editor\" data-id=\"590532dc\" data-element_type=\"widget\" data-e-type=\"widget\" data-widget_type=\"text-editor.default\">\n\t\t\t\t<div class=\"elementor-widget-container\">\n\t\t\t\t\t\t\t\t\t<p>Municipi: La Puebla de Montalb\u00e1n. Comarca: Torrijos. Prov\u00edncia: Toledo. Com. Aut\u00f2noma: Castilla-La Mancha<br \/>Coordenades: 39\u00b050&#8217;21.3&#8243;N 4\u00b024&#8217;48.0&#8243;O.\u00a0 Altitud: 412 msnm. Poblaci\u00f3: 85 habitants (2023)<br \/>Web: <a href=\"https:\/\/www.larinconadadetajo.es\" target=\"_blank\" rel=\"noopener\">ayuntamientopedaneo<\/a><br \/>Visita: 2021<\/p>\t\t\t\t\t\t\t\t<\/div>\n\t\t\t\t<\/div>\n\t\t\t\t\t<\/div>\n\t\t<\/div>\n\t\t\t\t\t<\/div>\n\t\t<\/section>\n\t\t\t\t<div class=\"elementor-element elementor-element-66c7c595 elementor-widget elementor-widget-image\" data-id=\"66c7c595\" data-element_type=\"widget\" data-e-type=\"widget\" data-widget_type=\"image.default\">\n\t\t\t\t<div class=\"elementor-widget-container\">\n\t\t\t\t\t\t\t\t\t\t\t\t<figure class=\"wp-caption\">\n\t\t\t\t\t\t\t\t\t\t<img decoding=\"async\" width=\"768\" height=\"512\" src=\"https:\/\/www.elturistatranquil.com\/wp-content\/uploads\/F02c-Mapa-de-situacio-de-La-Rinconada-de-Tajo-Toledo-Google-maps-2025-04-02.jpg\" class=\"attachment-medium_large size-medium_large wp-image-57536\" alt=\"Mapa de situaci\u00f3 de La Rinconada de Tajo, Toledo (Google maps 2025-04-02)\" srcset=\"https:\/\/www.elturistatranquil.com\/wp-content\/uploads\/F02c-Mapa-de-situacio-de-La-Rinconada-de-Tajo-Toledo-Google-maps-2025-04-02.jpg 768w, https:\/\/www.elturistatranquil.com\/wp-content\/uploads\/F02c-Mapa-de-situacio-de-La-Rinconada-de-Tajo-Toledo-Google-maps-2025-04-02-339x226.jpg 339w\" sizes=\"(max-width: 768px) 100vw, 768px\" \/>\t\t\t\t\t\t\t\t\t\t\t<figcaption class=\"widget-image-caption wp-caption-text\">Mapa de situaci\u00f3 de La Rinconada de Tajo, Toledo (Google maps 2025-04-02)<\/figcaption>\n\t\t\t\t\t\t\t\t\t\t<\/figure>\n\t\t\t\t\t\t\t\t\t<\/div>\n\t\t\t\t<\/div>\n\t\t\t\t<div class=\"elementor-element elementor-element-699ceaa0 elementor-widget elementor-widget-spacer\" data-id=\"699ceaa0\" data-element_type=\"widget\" data-e-type=\"widget\" data-widget_type=\"spacer.default\">\n\t\t\t\t<div class=\"elementor-widget-container\">\n\t\t\t\t\t\t\t<div class=\"elementor-spacer\">\n\t\t\t<div class=\"elementor-spacer-inner\"><\/div>\n\t\t<\/div>\n\t\t\t\t\t\t<\/div>\n\t\t\t\t<\/div>\n\t\t\t\t<div class=\"elementor-element elementor-element-45bd0380 elementor-toc--minimized-on-tablet elementor-widget elementor-widget-table-of-contents\" data-id=\"45bd0380\" data-element_type=\"widget\" data-e-type=\"widget\" data-settings=\"{&quot;headings_by_tags&quot;:[&quot;h2&quot;,&quot;h3&quot;,&quot;h4&quot;],&quot;marker_view&quot;:&quot;bullets&quot;,&quot;icon&quot;:{&quot;value&quot;:&quot;&quot;,&quot;library&quot;:&quot;&quot;},&quot;no_headings_message&quot;:&quot;No se ha encontrado ning\\u00fan encabezado en esta p\\u00e1gina.&quot;,&quot;minimize_box&quot;:&quot;yes&quot;,&quot;minimized_on&quot;:&quot;tablet&quot;,&quot;hierarchical_view&quot;:&quot;yes&quot;,&quot;min_height&quot;:{&quot;unit&quot;:&quot;px&quot;,&quot;size&quot;:&quot;&quot;,&quot;sizes&quot;:[]},&quot;min_height_tablet&quot;:{&quot;unit&quot;:&quot;px&quot;,&quot;size&quot;:&quot;&quot;,&quot;sizes&quot;:[]},&quot;min_height_mobile&quot;:{&quot;unit&quot;:&quot;px&quot;,&quot;size&quot;:&quot;&quot;,&quot;sizes&quot;:[]}}\" data-widget_type=\"table-of-contents.default\">\n\t\t\t\t<div class=\"elementor-widget-container\">\n\t\t\t\t\t\t\t\t\t<div class=\"elementor-toc__header\">\n\t\t\t\t\t\t<h4 class=\"elementor-toc__header-title\">\n\t\t\t\t\u00cdndex\t\t\t<\/h4>\n\t\t\t\t\t\t\t\t\t\t<div class=\"elementor-toc__toggle-button elementor-toc__toggle-button--expand\" role=\"button\" tabindex=\"0\" aria-controls=\"elementor-toc__45bd0380\" aria-expanded=\"true\" aria-label=\"Open table of contents\"><i aria-hidden=\"true\" class=\"fas fa-chevron-down\"><\/i><\/div>\n\t\t\t\t<div class=\"elementor-toc__toggle-button elementor-toc__toggle-button--collapse\" role=\"button\" tabindex=\"0\" aria-controls=\"elementor-toc__45bd0380\" aria-expanded=\"true\" aria-label=\"Close table of contents\"><i aria-hidden=\"true\" class=\"fas fa-chevron-up\"><\/i><\/div>\n\t\t\t\t\t<\/div>\n\t\t\t\t<div id=\"elementor-toc__45bd0380\" class=\"elementor-toc__body\">\n\t\t\t<div class=\"elementor-toc__spinner-container\">\n\t\t\t\t<i class=\"elementor-toc__spinner eicon-animation-spin eicon-loading\" aria-hidden=\"true\"><\/i>\t\t\t<\/div>\n\t\t<\/div>\n\t\t\t\t\t\t<\/div>\n\t\t\t\t<\/div>\n\t\t\t\t<div class=\"elementor-element elementor-element-b9f50df elementor-widget elementor-widget-menu-anchor\" data-id=\"b9f50df\" data-element_type=\"widget\" data-e-type=\"widget\" data-widget_type=\"menu-anchor.default\">\n\t\t\t\t<div class=\"elementor-widget-container\">\n\t\t\t\t\t\t\t<div class=\"elementor-menu-anchor\" id=\"a0101-EnlaceaunpuntodentrodelPost\"><\/div>\n\t\t\t\t\t\t<\/div>\n\t\t\t\t<\/div>\n\t\t\t\t<div class=\"elementor-element elementor-element-23e57cfa elementor-widget elementor-widget-spacer\" data-id=\"23e57cfa\" data-element_type=\"widget\" data-e-type=\"widget\" data-widget_type=\"spacer.default\">\n\t\t\t\t<div class=\"elementor-widget-container\">\n\t\t\t\t\t\t\t<div class=\"elementor-spacer\">\n\t\t\t<div class=\"elementor-spacer-inner\"><\/div>\n\t\t<\/div>\n\t\t\t\t\t\t<\/div>\n\t\t\t\t<\/div>\n\t\t\t\t<div class=\"elementor-element elementor-element-73b629fa elementor-widget elementor-widget-heading\" data-id=\"73b629fa\" data-element_type=\"widget\" data-e-type=\"widget\" data-widget_type=\"heading.default\">\n\t\t\t\t<div class=\"elementor-widget-container\">\n\t\t\t\t\t<h2 class=\"elementor-heading-title elementor-size-default\">La Rinconada, poble de colonitzaci\u00f3. Torrijos. Toledo<\/h2>\t\t\t\t<\/div>\n\t\t\t\t<\/div>\n\t\t\t\t<div class=\"elementor-element elementor-element-427de6cc elementor-widget elementor-widget-text-editor\" data-id=\"427de6cc\" data-element_type=\"widget\" data-e-type=\"widget\" data-widget_type=\"text-editor.default\">\n\t\t\t\t<div class=\"elementor-widget-container\">\n\t\t\t\t\t\t\t\t\t<p>Em dirigeixo a <strong>La Rinconada de Tajo<\/strong> o <strong>La Rinconada<\/strong>, un altre dels pobles de colonitzaci\u00f3 agr\u00e0ria franquista a la Vega del Tajo.<\/p><p>En dos <em>Posts conceptuals<\/em> vaig introduir el tema de la colonitzaci\u00f3 (<a href=\"https:\/\/www.elturistatranquil.com\/ca\/assentaments-de-poblacio-programats-1-tipologia\/\" target=\"_blank\" rel=\"noopener\">Assentaments de poblaci\u00f3 programats (1): Tipologia<\/a> y <a href=\"https:\/\/www.elturistatranquil.com\/ca\/assentaments-de-poblacio-programats-i-2-proces-historic-a-espanya\/\" target=\"_blank\" rel=\"noopener\">Assentaments de poblaci\u00f3 programats (i 2): Proc\u00e9s hist\u00f2ric a Espanya<\/a>) ) i en altres dos hem vist diferents actuacions, una referida als <a href=\"https:\/\/www.elturistatranquil.com\/ca\/pobles-de-colonitzacio-del-pla-badajoz\/\" target=\"_blank\" rel=\"noopener\">Pobles de Colonitzaci\u00f3 del Pla Badajoz<\/a>, i l&#8217;altre als <a href=\"https:\/\/www.elturistatranquil.com\/ca\/pobles-de-colonitzacio-agraria-dels-monegres-osca-saragossa\/\" target=\"_blank\" rel=\"noopener\">Pobles de Colonitzaci\u00f3 Agr\u00e0ria dels Monegres<\/a><\/p><p>En aquests <em>posts<\/em> s&#8217;explica qu\u00e8 van representar aquestes actuacions colonitzadores sobre el territori i els elements fonamentals de la seva estructura urbana i constructiva. Per aix\u00f2, aqu\u00ed em limitar\u00e9 a descriure <strong>La Rinconada<\/strong>, sense repetir conceptes ja exposats.<\/p><p>L&#8217;actuaci\u00f3 a <strong>La Rinconada<\/strong> va formar part del conjunt d&#8217;actuacions que es van efectuar a la part occidental de la Vega del Tajo a la prov\u00edncia de Toledo. Van ser deu intervencions al voltant de Talavera de la Reina.<\/p>\t\t\t\t\t\t\t\t<\/div>\n\t\t\t\t<\/div>\n\t\t\t\t<div class=\"elementor-element elementor-element-6b3b1d7c elementor-widget elementor-widget-image\" data-id=\"6b3b1d7c\" data-element_type=\"widget\" data-e-type=\"widget\" data-widget_type=\"image.default\">\n\t\t\t\t<div class=\"elementor-widget-container\">\n\t\t\t\t\t\t\t\t\t\t\t\t<figure class=\"wp-caption\">\n\t\t\t\t\t\t\t\t\t\t<img decoding=\"async\" width=\"768\" height=\"512\" src=\"https:\/\/www.elturistatranquil.com\/wp-content\/uploads\/F03-Pueblos-colonizacion-Vega-del-Tajo-Toledo-Google-maps-2025-04-01.jpg\" class=\"attachment-large size-large wp-image-57408\" alt=\"Pueblos colonizaci\u00f3n Vega del Tajo (Toledo) (Google maps 2025-04-01)\" srcset=\"https:\/\/www.elturistatranquil.com\/wp-content\/uploads\/F03-Pueblos-colonizacion-Vega-del-Tajo-Toledo-Google-maps-2025-04-01.jpg 768w, https:\/\/www.elturistatranquil.com\/wp-content\/uploads\/F03-Pueblos-colonizacion-Vega-del-Tajo-Toledo-Google-maps-2025-04-01-339x226.jpg 339w\" sizes=\"(max-width: 768px) 100vw, 768px\" \/>\t\t\t\t\t\t\t\t\t\t\t<figcaption class=\"widget-image-caption wp-caption-text\">Poblats de colonitzaci\u00f3 de la Vega del Tajo (sobre Google maps 2025-04-02)<\/figcaption>\n\t\t\t\t\t\t\t\t\t\t<\/figure>\n\t\t\t\t\t\t\t\t\t<\/div>\n\t\t\t\t<\/div>\n\t\t\t\t<div class=\"elementor-element elementor-element-e76f253 elementor-widget elementor-widget-text-editor\" data-id=\"e76f253\" data-element_type=\"widget\" data-e-type=\"widget\" data-widget_type=\"text-editor.default\">\n\t\t\t\t<div class=\"elementor-widget-container\">\n\t\t\t\t\t\t\t\t\t<p>Si relacionem la posici\u00f3 d&#8217;aquestes intervencions al mapa de situaci\u00f3 del principi del text amb el conjunt de mapes que s&#8217;ofereixen al Post <a href=\"https:\/\/www.elturistatranquil.com\/ca\/estructures-territorials-a-lespanya-peninsular\/\" target=\"_blank\" rel=\"noopener\">Estructures territorials a l\u2019Espanya peninsular<\/a>, podrem fer-nos una idea dels condicionants geogr\u00e0fics i hist\u00f2rics m\u00e9s rellevants en qu\u00e8 es troben emmarcades.<\/p>\t\t\t\t\t\t\t\t<\/div>\n\t\t\t\t<\/div>\n\t\t\t\t<div class=\"elementor-element elementor-element-6f1e416b elementor-widget elementor-widget-heading\" data-id=\"6f1e416b\" data-element_type=\"widget\" data-e-type=\"widget\" data-widget_type=\"heading.default\">\n\t\t\t\t<div class=\"elementor-widget-container\">\n\t\t\t\t\t<h2 class=\"elementor-heading-title elementor-size-default\">La Rinconada de Tajo: G\u00e8nesis i visita<\/h2>\t\t\t\t<\/div>\n\t\t\t\t<\/div>\n\t\t\t\t<div class=\"elementor-element elementor-element-6e5a3de elementor-widget elementor-widget-text-editor\" data-id=\"6e5a3de\" data-element_type=\"widget\" data-e-type=\"widget\" data-widget_type=\"text-editor.default\">\n\t\t\t\t<div class=\"elementor-widget-container\">\n\t\t\t\t\t\t\t\t\t<p><strong>La Rinconada<\/strong> o <strong>La Rinconada de Tajo<\/strong>, \u00e9s una pedania de <strong>La Puebla de Montalb\u00e1n<\/strong>, amb l&#8217;estatus administratiu d&#8217;EATIM (Entitat d&#8217;\u00c0mbit Territorial Inferior al Municipi),<\/p><p>Va iniciar la seva activitat el 1955, amb 56 colons vinguts de La Puebla de Montalb\u00e1n i d&#8217;altres pobles de Toledo, com Parrillas, i de diverses parts d&#8217;Espanya, sobretot Andalusia, encara que tamb\u00e9 de Madrid i de Val\u00e8ncia. Se&#8217;ls van assignar cinquanta-sis lots de terreny, un per colon.<\/p><p>Als colons i les seves fam\u00edlies calia afegir 4 artesans, 2 mestres, 1 capell\u00e0, els majorals i els guardes.<\/p><p>El proc\u00e9s comen\u00e7ava amb el <strong>lliurament provisional d&#8217;habitatge<\/strong>. La p\u00e0gina web de l&#8217;Ajuntament aporta un exemplar d&#8217;aquest document, aix\u00ed com de l&#8217;<strong>admissi\u00f3 de colon<\/strong>, tots dos de gran inter\u00e8s per la dificultat d&#8217;accedir-hi.<\/p>\t\t\t\t\t\t\t\t<\/div>\n\t\t\t\t<\/div>\n\t\t\t\t<div class=\"elementor-element elementor-element-6020ac5 elementor-widget elementor-widget-image\" data-id=\"6020ac5\" data-element_type=\"widget\" data-e-type=\"widget\" data-widget_type=\"image.default\">\n\t\t\t\t<div class=\"elementor-widget-container\">\n\t\t\t\t\t\t\t\t\t\t\t\t<figure class=\"wp-caption\">\n\t\t\t\t\t\t\t\t\t\t<img loading=\"lazy\" decoding=\"async\" width=\"438\" height=\"600\" src=\"https:\/\/www.elturistatranquil.com\/wp-content\/uploads\/F04-Acta-de-entrega-provisional-de-vivienda.-La-Rinconada-de-Tajo-Toledo.jpg\" class=\"attachment-large size-large wp-image-57410\" alt=\"Acta-de-entrega-provisional-de-vivienda. La Rinconada de Tajo, Toledo\" srcset=\"https:\/\/www.elturistatranquil.com\/wp-content\/uploads\/F04-Acta-de-entrega-provisional-de-vivienda.-La-Rinconada-de-Tajo-Toledo.jpg 438w, https:\/\/www.elturistatranquil.com\/wp-content\/uploads\/F04-Acta-de-entrega-provisional-de-vivienda.-La-Rinconada-de-Tajo-Toledo-165x226.jpg 165w\" sizes=\"(max-width: 438px) 100vw, 438px\" \/>\t\t\t\t\t\t\t\t\t\t\t<figcaption class=\"widget-image-caption wp-caption-text\">Contracte lliurament provisional d'habitatge (Font: Ajuntament EATIM Rinconada)<\/figcaption>\n\t\t\t\t\t\t\t\t\t\t<\/figure>\n\t\t\t\t\t\t\t\t\t<\/div>\n\t\t\t\t<\/div>\n\t\t\t\t<div class=\"elementor-element elementor-element-a53e0b5 elementor-widget elementor-widget-text-editor\" data-id=\"a53e0b5\" data-element_type=\"widget\" data-e-type=\"widget\" data-widget_type=\"text-editor.default\">\n\t\t\t\t<div class=\"elementor-widget-container\">\n\t\t\t\t\t\t\t\t\t<p>Aix\u00f2 significava que era adm\u00e8s perqu\u00e8 \u201c<em>reuneix les condicions exigides per la legislaci\u00f3 vigent, queda adm\u00e8s com a <strong>Colon en tutela<\/strong> de la finca &#8216;Rinconada&#8217; assignant-li amb aquest car\u00e0cter el lot n\u00famero<\/em> <em>X<\/em>\u201c. I se li lliuraven diversos b\u00e9ns en dip\u00f2sit (eines de treball, etc.)<\/p><p>S&#8217;obria per al colon un per\u00edode de fins a cinc anys per amortitzar els b\u00e9ns en dip\u00f2sit lliurats i si a m\u00e9s &#8220;<em>reun\u00eds les condicions necess\u00e0ries, podr\u00e0 passar al per\u00edode d&#8217;acc\u00e9s a la propietat<\/em>.&#8221;<\/p><p>Durant aquest per\u00edode al contracte s&#8217;estipulaven motius d&#8217;expulsi\u00f3.<\/p><p>Vegeu el document seg\u00fcent.<\/p>\t\t\t\t\t\t\t\t<\/div>\n\t\t\t\t<\/div>\n\t\t\t\t<div class=\"elementor-element elementor-element-102d205 elementor-widget elementor-widget-image\" data-id=\"102d205\" data-element_type=\"widget\" data-e-type=\"widget\" data-widget_type=\"image.default\">\n\t\t\t\t<div class=\"elementor-widget-container\">\n\t\t\t\t\t\t\t\t\t\t\t\t<figure class=\"wp-caption\">\n\t\t\t\t\t\t\t\t\t\t<img loading=\"lazy\" decoding=\"async\" width=\"422\" height=\"600\" src=\"https:\/\/www.elturistatranquil.com\/wp-content\/uploads\/F05a-Contrato-concesion-parcela.-caraA.-La-Rinconada-de-Tajo-Toledo.jpg\" class=\"attachment-large size-large wp-image-57412\" alt=\"Contrato concesion parcela. caraA. La Rinconada de Tajo, Toledo\" srcset=\"https:\/\/www.elturistatranquil.com\/wp-content\/uploads\/F05a-Contrato-concesion-parcela.-caraA.-La-Rinconada-de-Tajo-Toledo.jpg 422w, https:\/\/www.elturistatranquil.com\/wp-content\/uploads\/F05a-Contrato-concesion-parcela.-caraA.-La-Rinconada-de-Tajo-Toledo-159x226.jpg 159w\" sizes=\"(max-width: 422px) 100vw, 422px\" \/>\t\t\t\t\t\t\t\t\t\t\t<figcaption class=\"widget-image-caption wp-caption-text\"><\/figcaption>\n\t\t\t\t\t\t\t\t\t\t<\/figure>\n\t\t\t\t\t\t\t\t\t<\/div>\n\t\t\t\t<\/div>\n\t\t\t\t<div class=\"elementor-element elementor-element-c655f23 elementor-widget elementor-widget-image\" data-id=\"c655f23\" data-element_type=\"widget\" data-e-type=\"widget\" data-widget_type=\"image.default\">\n\t\t\t\t<div class=\"elementor-widget-container\">\n\t\t\t\t\t\t\t\t\t\t\t\t<figure class=\"wp-caption\">\n\t\t\t\t\t\t\t\t\t\t<img loading=\"lazy\" decoding=\"async\" width=\"438\" height=\"600\" src=\"https:\/\/www.elturistatranquil.com\/wp-content\/uploads\/F05b-Contrato-concesion-parcela.-Dorso.-La-Rinconada-de-Tajo-Toledo.jpg\" class=\"attachment-large size-large wp-image-57414\" alt=\"Contrato concesion parcela. Dorso. La Rinconada de Tajo, Toledo\" srcset=\"https:\/\/www.elturistatranquil.com\/wp-content\/uploads\/F05b-Contrato-concesion-parcela.-Dorso.-La-Rinconada-de-Tajo-Toledo.jpg 438w, https:\/\/www.elturistatranquil.com\/wp-content\/uploads\/F05b-Contrato-concesion-parcela.-Dorso.-La-Rinconada-de-Tajo-Toledo-165x226.jpg 165w\" sizes=\"(max-width: 438px) 100vw, 438px\" \/>\t\t\t\t\t\t\t\t\t\t\t<figcaption class=\"widget-image-caption wp-caption-text\">Admissi\u00f3 com a Colon en tutela (anvers i revers) (Font: Ajuntament EATIM Rinconada)<\/figcaption>\n\t\t\t\t\t\t\t\t\t\t<\/figure>\n\t\t\t\t\t\t\t\t\t<\/div>\n\t\t\t\t<\/div>\n\t\t\t\t<div class=\"elementor-element elementor-element-f6efbbc elementor-widget elementor-widget-text-editor\" data-id=\"f6efbbc\" data-element_type=\"widget\" data-e-type=\"widget\" data-widget_type=\"text-editor.default\">\n\t\t\t\t<div class=\"elementor-widget-container\">\n\t\t\t\t\t\t\t\t\t<p>A m\u00e9s dels documents anteriors, la web de l&#8217;Ajuntament ofereix una altra aportaci\u00f3 de gran inter\u00e8s en incloure el pl\u00e0nol de les parcel\u00b7les de cultiu en qu\u00e8 es trobava dividit el terme territorial del poblat. Segons consta, s\u00f3n 85 lots per als 56 colons.<\/p><p>Podem contrastar el pl\u00e0nol original amb la situaci\u00f3 de les parcel\u00b7les actuals reflectides a la fotografia zenital.<\/p>\t\t\t\t\t\t\t\t<\/div>\n\t\t\t\t<\/div>\n\t\t\t\t<div class=\"elementor-element elementor-element-57e93dc elementor-widget elementor-widget-image\" data-id=\"57e93dc\" data-element_type=\"widget\" data-e-type=\"widget\" data-widget_type=\"image.default\">\n\t\t\t\t<div class=\"elementor-widget-container\">\n\t\t\t\t\t\t\t\t\t\t\t\t<figure class=\"wp-caption\">\n\t\t\t\t\t\t\t\t\t\t<img loading=\"lazy\" decoding=\"async\" width=\"768\" height=\"512\" src=\"https:\/\/www.elturistatranquil.com\/wp-content\/uploads\/F06-Plano-de-parcelas_pueblo.-La-Rinconada-de-Tajo-Toledo.jpg\" class=\"attachment-large size-large wp-image-57416\" alt=\"Plano de parcelas_pueblo. La Rinconada de Tajo, Toledo\" srcset=\"https:\/\/www.elturistatranquil.com\/wp-content\/uploads\/F06-Plano-de-parcelas_pueblo.-La-Rinconada-de-Tajo-Toledo.jpg 768w, https:\/\/www.elturistatranquil.com\/wp-content\/uploads\/F06-Plano-de-parcelas_pueblo.-La-Rinconada-de-Tajo-Toledo-339x226.jpg 339w\" sizes=\"(max-width: 768px) 100vw, 768px\" \/>\t\t\t\t\t\t\t\t\t\t\t<figcaption class=\"widget-image-caption wp-caption-text\">(Font: Ayuntamiento EATIM Rinconada)<\/figcaption>\n\t\t\t\t\t\t\t\t\t\t<\/figure>\n\t\t\t\t\t\t\t\t\t<\/div>\n\t\t\t\t<\/div>\n\t\t\t\t<div class=\"elementor-element elementor-element-ef49c92 elementor-widget elementor-widget-image\" data-id=\"ef49c92\" data-element_type=\"widget\" data-e-type=\"widget\" data-widget_type=\"image.default\">\n\t\t\t\t<div class=\"elementor-widget-container\">\n\t\t\t\t\t\t\t\t\t\t\t\t<figure class=\"wp-caption\">\n\t\t\t\t\t\t\t\t\t\t<img loading=\"lazy\" decoding=\"async\" width=\"768\" height=\"512\" src=\"https:\/\/www.elturistatranquil.com\/wp-content\/uploads\/F07-Parcelario-La-Rinconada-de-Tajo-Toledo-Google-maps-2025-04-01.jpg\" class=\"attachment-large size-large wp-image-57418\" alt=\"Parcelario La Rinconada de Tajo, Toledo (Google maps 2025-04-01)\" srcset=\"https:\/\/www.elturistatranquil.com\/wp-content\/uploads\/F07-Parcelario-La-Rinconada-de-Tajo-Toledo-Google-maps-2025-04-01.jpg 768w, https:\/\/www.elturistatranquil.com\/wp-content\/uploads\/F07-Parcelario-La-Rinconada-de-Tajo-Toledo-Google-maps-2025-04-01-339x226.jpg 339w\" sizes=\"(max-width: 768px) 100vw, 768px\" \/>\t\t\t\t\t\t\t\t\t\t\t<figcaption class=\"widget-image-caption wp-caption-text\">(Google maps 2025-04-01)<\/figcaption>\n\t\t\t\t\t\t\t\t\t\t<\/figure>\n\t\t\t\t\t\t\t\t\t<\/div>\n\t\t\t\t<\/div>\n\t\t\t\t<div class=\"elementor-element elementor-element-26b74bb elementor-widget elementor-widget-heading\" data-id=\"26b74bb\" data-element_type=\"widget\" data-e-type=\"widget\" data-widget_type=\"heading.default\">\n\t\t\t\t<div class=\"elementor-widget-container\">\n\t\t\t\t\t<h2 class=\"elementor-heading-title elementor-size-default\">Caracter\u00edstiques urbanes del model aplicat a La Rinconada<\/h2>\t\t\t\t<\/div>\n\t\t\t\t<\/div>\n\t\t\t\t<div class=\"elementor-element elementor-element-fe93307 elementor-widget elementor-widget-text-editor\" data-id=\"fe93307\" data-element_type=\"widget\" data-e-type=\"widget\" data-widget_type=\"text-editor.default\">\n\t\t\t\t<div class=\"elementor-widget-container\">\n\t\t\t\t\t\t\t\t\t<p>Pla: Any planificaci\u00f3: 1949. Any lliurament: 1955. Arquitecte: No identificat<\/p><p>Colons: 56. Obrers: 0. Altres:7 m\u00e9s majorals i guardes. Total cases: 56 de colons m\u00e9s habitatges per a serveis. Poblaci\u00f3 estimada del projecte: 250 habitants. Poblaci\u00f3 2000: 143 habitants. Poblaci\u00f3 2023: 85 habitants (34% dels previstos). No es van construir cases per obrers.<\/p><p>Pattern urban\u00edstic: ortogonal, lleugerament en forma de trapezi circular.<\/p>\t\t\t\t\t\t\t\t<\/div>\n\t\t\t\t<\/div>\n\t\t\t\t<div class=\"elementor-element elementor-element-4609770c elementor-widget elementor-widget-heading\" data-id=\"4609770c\" data-element_type=\"widget\" data-e-type=\"widget\" data-widget_type=\"heading.default\">\n\t\t\t\t<div class=\"elementor-widget-container\">\n\t\t\t\t\t<h4 class=\"elementor-heading-title elementor-size-default\">Tipologia de patrons urbans<\/h4>\t\t\t\t<\/div>\n\t\t\t\t<\/div>\n\t\t\t\t<div class=\"elementor-element elementor-element-7f5b7af2 elementor-widget elementor-widget-text-editor\" data-id=\"7f5b7af2\" data-element_type=\"widget\" data-e-type=\"widget\" data-widget_type=\"text-editor.default\">\n\t\t\t\t<div class=\"elementor-widget-container\">\n\t\t\t\t\t\t\t\t\t<p>Sobre un terreny pla sense condicionants orogr\u00e0fics, es va plantejar un <a href=\"https:\/\/www.elturistatranquil.com\/pueblos-de-colonizacion-agraria-de-los-monegros-huesca-zaragoza\/#070\" target=\"_blank\" rel=\"noopener\">urbanisme simple de format ortogonal<\/a>, lleugerament en forma de trapezi circular, gaireb\u00e9 quadrangular..<\/p>\t\t\t\t\t\t\t\t<\/div>\n\t\t\t\t<\/div>\n\t\t\t\t<div class=\"elementor-element elementor-element-4d1f503 elementor-widget elementor-widget-image\" data-id=\"4d1f503\" data-element_type=\"widget\" data-e-type=\"widget\" data-widget_type=\"image.default\">\n\t\t\t\t<div class=\"elementor-widget-container\">\n\t\t\t\t\t\t\t\t\t\t\t\t<figure class=\"wp-caption\">\n\t\t\t\t\t\t\t\t\t\t<img loading=\"lazy\" decoding=\"async\" width=\"768\" height=\"512\" src=\"https:\/\/www.elturistatranquil.com\/wp-content\/uploads\/F08-La-Rinconada-de-TajoToledo-Google-maps-2025-04-02.jpg\" class=\"attachment-large size-large wp-image-57420\" alt=\"La Rinconada de Tajo,Toledo (Google maps 2025-04-02)\" srcset=\"https:\/\/www.elturistatranquil.com\/wp-content\/uploads\/F08-La-Rinconada-de-TajoToledo-Google-maps-2025-04-02.jpg 768w, https:\/\/www.elturistatranquil.com\/wp-content\/uploads\/F08-La-Rinconada-de-TajoToledo-Google-maps-2025-04-02-339x226.jpg 339w\" sizes=\"(max-width: 768px) 100vw, 768px\" \/>\t\t\t\t\t\t\t\t\t\t\t<figcaption class=\"widget-image-caption wp-caption-text\">(Google maps 2025-04-01)<\/figcaption>\n\t\t\t\t\t\t\t\t\t\t<\/figure>\n\t\t\t\t\t\t\t\t\t<\/div>\n\t\t\t\t<\/div>\n\t\t\t\t<div class=\"elementor-element elementor-element-8442907 elementor-widget elementor-widget-text-editor\" data-id=\"8442907\" data-element_type=\"widget\" data-e-type=\"widget\" data-widget_type=\"text-editor.default\">\n\t\t\t\t<div class=\"elementor-widget-container\">\n\t\t\t\t\t\t\t\t\t<p>No es va produir cap ampliaci\u00f3 ni remodelaci\u00f3 del projecte. \u00danicament es constata uns lleugers creixements en alguns punts de les Rondes que envolten la urbanitzaci\u00f3 primitiva, alguna en forma d&#8217;instal\u00b7lacions esportives.<\/p>\t\t\t\t\t\t\t\t<\/div>\n\t\t\t\t<\/div>\n\t\t\t\t<div class=\"elementor-element elementor-element-ae32152 elementor-widget elementor-widget-image\" data-id=\"ae32152\" data-element_type=\"widget\" data-e-type=\"widget\" data-widget_type=\"image.default\">\n\t\t\t\t<div class=\"elementor-widget-container\">\n\t\t\t\t\t\t\t\t\t\t\t\t<figure class=\"wp-caption\">\n\t\t\t\t\t\t\t\t\t\t<img loading=\"lazy\" decoding=\"async\" width=\"768\" height=\"512\" src=\"https:\/\/www.elturistatranquil.com\/wp-content\/uploads\/F09-Plano-de-parcelario-urbano.-La-Rinconada-de-Tajo-Toledo.jpg\" class=\"attachment-large size-large wp-image-57422\" alt=\"Plano de parcelario urbano. La Rinconada de Tajo, Toledo\" srcset=\"https:\/\/www.elturistatranquil.com\/wp-content\/uploads\/F09-Plano-de-parcelario-urbano.-La-Rinconada-de-Tajo-Toledo.jpg 768w, https:\/\/www.elturistatranquil.com\/wp-content\/uploads\/F09-Plano-de-parcelario-urbano.-La-Rinconada-de-Tajo-Toledo-339x226.jpg 339w\" sizes=\"(max-width: 768px) 100vw, 768px\" \/>\t\t\t\t\t\t\t\t\t\t\t<figcaption class=\"widget-image-caption wp-caption-text\">(Font: Ayuntamiento EATIM Rinconada)<\/figcaption>\n\t\t\t\t\t\t\t\t\t\t<\/figure>\n\t\t\t\t\t\t\t\t\t<\/div>\n\t\t\t\t<\/div>\n\t\t\t\t<div class=\"elementor-element elementor-element-ec3ad56 elementor-widget elementor-widget-text-editor\" data-id=\"ec3ad56\" data-element_type=\"widget\" data-e-type=\"widget\" data-widget_type=\"text-editor.default\">\n\t\t\t\t<div class=\"elementor-widget-container\">\n\t\t\t\t\t\t\t\t\t<p>Una caracter\u00edstica d\u2019aquest projecte \u00e9s que es destinen dos carrers d\u2019entrada exclusiva al corral de les parcel\u00b7les urbanes de cada colon, sense cap acc\u00e9s als habitatges, considerats carrers no ve\u00efnals. S\u00f3n les assenyalades amb l\u00ednia vermella.<\/p>\t\t\t\t\t\t\t\t<\/div>\n\t\t\t\t<\/div>\n\t\t\t\t<div class=\"elementor-element elementor-element-f4152bc elementor-widget elementor-widget-heading\" data-id=\"f4152bc\" data-element_type=\"widget\" data-e-type=\"widget\" data-widget_type=\"heading.default\">\n\t\t\t\t<div class=\"elementor-widget-container\">\n\t\t\t\t\t<h4 class=\"elementor-heading-title elementor-size-default\">Els eixos articuladors i tipologies de carrers<\/h4>\t\t\t\t<\/div>\n\t\t\t\t<\/div>\n\t\t\t\t<div class=\"elementor-element elementor-element-30bfaba elementor-widget elementor-widget-text-editor\" data-id=\"30bfaba\" data-element_type=\"widget\" data-e-type=\"widget\" data-widget_type=\"text-editor.default\">\n\t\t\t\t<div class=\"elementor-widget-container\">\n\t\t\t\t\t\t\t\t\t<p>En el sentit est-oest el <strong>carrer Major<\/strong>, divideix el poble en dues parts; constitueix l\u2019\u00fanic eix articulador. Un altre segon carrer paral\u00b7lel, <strong>carrer del Hoyo<\/strong>, que abasta uns 2\/3 de l&#8217;amplada del poble.<\/p><p>El que seria eix nord-sud queda trencada la seva continu\u00eftat i despla\u00e7ada respecta de l&#8217;entrada des de la carretera pel sud pel <strong>carrer Torre<\/strong> que entra a la <strong>pla\u00e7a Major<\/strong> per la cantonada est, i surt pel costat oest cap al nord pel <strong>carrer de San Isidro<\/strong>.<\/p><p>Tots dos eixos veuen refor\u00e7ada el seu paper per una amplada m\u00e9s gran del carrer i per ser els \u00fanics arbrats.<\/p><p>El <strong>carrer Lalariche<\/strong> \u00e9s l&#8217;altre situat al sud, amb la particularitat ja assenyalada que nom\u00e9s donen als corrals, i cap entrada als habitatges.<\/p><p>L&#8217;altre carrer de costat nord, el <strong>carrer del Reloj<\/strong> tampoc no t\u00e9 continu\u00eftat pel costat sud.<\/p><p>Seria una forma d\u2019aplicaci\u00f3 del criteri de no fer trames urbanes perfectament ortogonals, per allunyar la idea de ciutat d\u2019aquests nuclis.<\/p><p>Com era t\u00edpic del model colonitzador, la torre de l&#8217;esgl\u00e9sia es constitueix el centre de refer\u00e8ncia interior i exterior de cada poblat. D&#8217;aquesta manera, l&#8217;\u00fanic acc\u00e9s que uneix La Rinconada amb el sistema de carreteres s&#8217;efectua pel sud entrant pel <strong>carrer Torre<\/strong>, encarada a la torre-campanar del temple.<\/p><p>La imatge seg\u00fcent ofereix la perspectiva entrada. Curiosament, tot esser l&#8217;entrada principal, no t\u00e9 cap entrada d&#8217;habitatge, sin\u00f3 nom\u00e9s entrades al corral, segons el model explicat. La frondositat dels arbres amaga aquesta particularitat de carrer sense ve\u00efnat.<\/p>\t\t\t\t\t\t\t\t<\/div>\n\t\t\t\t<\/div>\n\t\t\t\t<div class=\"elementor-element elementor-element-7a0191d elementor-widget elementor-widget-image\" data-id=\"7a0191d\" data-element_type=\"widget\" data-e-type=\"widget\" data-widget_type=\"image.default\">\n\t\t\t\t<div class=\"elementor-widget-container\">\n\t\t\t\t\t\t\t\t\t\t\t\t<figure class=\"wp-caption\">\n\t\t\t\t\t\t\t\t\t\t<img loading=\"lazy\" decoding=\"async\" width=\"768\" height=\"512\" src=\"https:\/\/www.elturistatranquil.com\/wp-content\/uploads\/F10-La-Rinconada-de-Tajo-Toledo.jpg\" class=\"attachment-large size-large wp-image-57424\" alt=\"La Rinconada de Tajo, Toledo\" srcset=\"https:\/\/www.elturistatranquil.com\/wp-content\/uploads\/F10-La-Rinconada-de-Tajo-Toledo.jpg 768w, https:\/\/www.elturistatranquil.com\/wp-content\/uploads\/F10-La-Rinconada-de-Tajo-Toledo-339x226.jpg 339w\" sizes=\"(max-width: 768px) 100vw, 768px\" \/>\t\t\t\t\t\t\t\t\t\t\t<figcaption class=\"widget-image-caption wp-caption-text\"><\/figcaption>\n\t\t\t\t\t\t\t\t\t\t<\/figure>\n\t\t\t\t\t\t\t\t\t<\/div>\n\t\t\t\t<\/div>\n\t\t\t\t<div class=\"elementor-element elementor-element-2a59563 elementor-widget elementor-widget-text-editor\" data-id=\"2a59563\" data-element_type=\"widget\" data-e-type=\"widget\" data-widget_type=\"text-editor.default\">\n\t\t\t\t<div class=\"elementor-widget-container\">\n\t\t\t\t\t\t\t\t\t<p>Els dos carrers principals, Major i San Isidro, s\u00f3n m\u00e9s amples i arbrats. Mentre la resta, s\u00f3n m\u00e9s estretes i sense arbres.<\/p><p>La lleugera curvatura de l&#8217;ortogonalitat del nucli urb\u00e0 fa que el <strong>carrer Major<\/strong> no es visualitzi com un eix lineal allargat, sin\u00f3 que visualment queda dividit, com s&#8217;aprecia en aquestes dues fotografies fetes des de cada extrem del carrer. Aquesta obsessi\u00f3 per evitar els carrers lineals allargats va ser un dels criteris urban\u00edstics adoptats per evitar la imatge de ciutat en aquests pobles agraris.<\/p>\t\t\t\t\t\t\t\t<\/div>\n\t\t\t\t<\/div>\n\t\t\t\t<div class=\"elementor-element elementor-element-a46e57c elementor-widget elementor-widget-image\" data-id=\"a46e57c\" data-element_type=\"widget\" data-e-type=\"widget\" data-widget_type=\"image.default\">\n\t\t\t\t<div class=\"elementor-widget-container\">\n\t\t\t\t\t\t\t\t\t\t\t\t<figure class=\"wp-caption\">\n\t\t\t\t\t\t\t\t\t\t<img loading=\"lazy\" decoding=\"async\" width=\"768\" height=\"511\" src=\"https:\/\/www.elturistatranquil.com\/wp-content\/uploads\/F11-La-Rinconada-de-Tajo-Toledo.jpg\" class=\"attachment-large size-large wp-image-57426\" alt=\"La Rinconada de Tajo, Toledo\" srcset=\"https:\/\/www.elturistatranquil.com\/wp-content\/uploads\/F11-La-Rinconada-de-Tajo-Toledo.jpg 768w, https:\/\/www.elturistatranquil.com\/wp-content\/uploads\/F11-La-Rinconada-de-Tajo-Toledo-339x226.jpg 339w\" sizes=\"(max-width: 768px) 100vw, 768px\" \/>\t\t\t\t\t\t\t\t\t\t\t<figcaption class=\"widget-image-caption wp-caption-text\"><\/figcaption>\n\t\t\t\t\t\t\t\t\t\t<\/figure>\n\t\t\t\t\t\t\t\t\t<\/div>\n\t\t\t\t<\/div>\n\t\t\t\t<div class=\"elementor-element elementor-element-08bd53e elementor-widget elementor-widget-image\" data-id=\"08bd53e\" data-element_type=\"widget\" data-e-type=\"widget\" data-widget_type=\"image.default\">\n\t\t\t\t<div class=\"elementor-widget-container\">\n\t\t\t\t\t\t\t\t\t\t\t\t<figure class=\"wp-caption\">\n\t\t\t\t\t\t\t\t\t\t<img loading=\"lazy\" decoding=\"async\" width=\"768\" height=\"512\" src=\"https:\/\/www.elturistatranquil.com\/wp-content\/uploads\/F12-La-Rinconada-de-Tajo-Toledo.jpg\" class=\"attachment-large size-large wp-image-57428\" alt=\"La Rinconada de Tajo, Toledo\" srcset=\"https:\/\/www.elturistatranquil.com\/wp-content\/uploads\/F12-La-Rinconada-de-Tajo-Toledo.jpg 768w, https:\/\/www.elturistatranquil.com\/wp-content\/uploads\/F12-La-Rinconada-de-Tajo-Toledo-339x226.jpg 339w\" sizes=\"(max-width: 768px) 100vw, 768px\" \/>\t\t\t\t\t\t\t\t\t\t\t<figcaption class=\"widget-image-caption wp-caption-text\"><\/figcaption>\n\t\t\t\t\t\t\t\t\t\t<\/figure>\n\t\t\t\t\t\t\t\t\t<\/div>\n\t\t\t\t<\/div>\n\t\t\t\t<div class=\"elementor-element elementor-element-396ad28 elementor-widget elementor-widget-text-editor\" data-id=\"396ad28\" data-element_type=\"widget\" data-e-type=\"widget\" data-widget_type=\"text-editor.default\">\n\t\t\t\t<div class=\"elementor-widget-container\">\n\t\t\t\t\t\t\t\t\t<p>Perspectiva del <strong>carrer San Isidro<\/strong>, l\u2019altre carrer arbrat..<\/p>\t\t\t\t\t\t\t\t<\/div>\n\t\t\t\t<\/div>\n\t\t\t\t<div class=\"elementor-element elementor-element-ebfc903 elementor-widget elementor-widget-image\" data-id=\"ebfc903\" data-element_type=\"widget\" data-e-type=\"widget\" data-widget_type=\"image.default\">\n\t\t\t\t<div class=\"elementor-widget-container\">\n\t\t\t\t\t\t\t\t\t\t\t\t<figure class=\"wp-caption\">\n\t\t\t\t\t\t\t\t\t\t<img loading=\"lazy\" decoding=\"async\" width=\"768\" height=\"511\" src=\"https:\/\/www.elturistatranquil.com\/wp-content\/uploads\/F13-La-Rinconada-de-Tajo-Toledo.jpg\" class=\"attachment-large size-large wp-image-57433\" alt=\"La Rinconada de Tajo, Toledo\" srcset=\"https:\/\/www.elturistatranquil.com\/wp-content\/uploads\/F13-La-Rinconada-de-Tajo-Toledo.jpg 768w, https:\/\/www.elturistatranquil.com\/wp-content\/uploads\/F13-La-Rinconada-de-Tajo-Toledo-339x226.jpg 339w\" sizes=\"(max-width: 768px) 100vw, 768px\" \/>\t\t\t\t\t\t\t\t\t\t\t<figcaption class=\"widget-image-caption wp-caption-text\"><\/figcaption>\n\t\t\t\t\t\t\t\t\t\t<\/figure>\n\t\t\t\t\t\t\t\t\t<\/div>\n\t\t\t\t<\/div>\n\t\t\t\t<div class=\"elementor-element elementor-element-38d46f3 elementor-widget elementor-widget-text-editor\" data-id=\"38d46f3\" data-element_type=\"widget\" data-e-type=\"widget\" data-widget_type=\"text-editor.default\">\n\t\t\t\t<div class=\"elementor-widget-container\">\n\t\t\t\t\t\t\t\t\t<p>Al <strong>carrer del Reloj<\/strong> s&#8217;alternen l&#8217;entrada a l&#8217;habitatge amb l&#8217;entrada al corral de cada casa, ja que cada casa t\u00e9 el corral com a cases agr\u00e0ries per a les quals van ser concebudes.<\/p>\t\t\t\t\t\t\t\t<\/div>\n\t\t\t\t<\/div>\n\t\t\t\t<div class=\"elementor-element elementor-element-28de0e3 elementor-widget elementor-widget-image\" data-id=\"28de0e3\" data-element_type=\"widget\" data-e-type=\"widget\" data-widget_type=\"image.default\">\n\t\t\t\t<div class=\"elementor-widget-container\">\n\t\t\t\t\t\t\t\t\t\t\t\t<figure class=\"wp-caption\">\n\t\t\t\t\t\t\t\t\t\t<img loading=\"lazy\" decoding=\"async\" width=\"768\" height=\"512\" src=\"https:\/\/www.elturistatranquil.com\/wp-content\/uploads\/F14-La-Rinconada-de-Tajo-Toledo.jpg\" class=\"attachment-large size-large wp-image-57435\" alt=\"La Rinconada de Tajo, Toledo\" srcset=\"https:\/\/www.elturistatranquil.com\/wp-content\/uploads\/F14-La-Rinconada-de-Tajo-Toledo.jpg 768w, https:\/\/www.elturistatranquil.com\/wp-content\/uploads\/F14-La-Rinconada-de-Tajo-Toledo-339x226.jpg 339w\" sizes=\"(max-width: 768px) 100vw, 768px\" \/>\t\t\t\t\t\t\t\t\t\t\t<figcaption class=\"widget-image-caption wp-caption-text\"><\/figcaption>\n\t\t\t\t\t\t\t\t\t\t<\/figure>\n\t\t\t\t\t\t\t\t\t<\/div>\n\t\t\t\t<\/div>\n\t\t\t\t<div class=\"elementor-element elementor-element-05e483f elementor-widget elementor-widget-text-editor\" data-id=\"05e483f\" data-element_type=\"widget\" data-e-type=\"widget\" data-widget_type=\"text-editor.default\">\n\t\t\t\t<div class=\"elementor-widget-container\">\n\t\t\t\t\t\t\t\t\t<p>El <strong>carrer del Hoyo<\/strong> tamb\u00e9 \u00e9s secundari, amb el pati de les escoles a l&#8217;esquerra.<\/p>\t\t\t\t\t\t\t\t<\/div>\n\t\t\t\t<\/div>\n\t\t\t\t<div class=\"elementor-element elementor-element-173867d elementor-widget elementor-widget-image\" data-id=\"173867d\" data-element_type=\"widget\" data-e-type=\"widget\" data-widget_type=\"image.default\">\n\t\t\t\t<div class=\"elementor-widget-container\">\n\t\t\t\t\t\t\t\t\t\t\t\t<figure class=\"wp-caption\">\n\t\t\t\t\t\t\t\t\t\t<img loading=\"lazy\" decoding=\"async\" width=\"768\" height=\"511\" src=\"https:\/\/www.elturistatranquil.com\/wp-content\/uploads\/F15-La-Rinconada-de-Tajo-Toledo.jpg\" class=\"attachment-large size-large wp-image-57437\" alt=\"La Rinconada de Tajo, Toledo\" srcset=\"https:\/\/www.elturistatranquil.com\/wp-content\/uploads\/F15-La-Rinconada-de-Tajo-Toledo.jpg 768w, https:\/\/www.elturistatranquil.com\/wp-content\/uploads\/F15-La-Rinconada-de-Tajo-Toledo-339x226.jpg 339w\" sizes=\"(max-width: 768px) 100vw, 768px\" \/>\t\t\t\t\t\t\t\t\t\t\t<figcaption class=\"widget-image-caption wp-caption-text\"><\/figcaption>\n\t\t\t\t\t\t\t\t\t\t<\/figure>\n\t\t\t\t\t\t\t\t\t<\/div>\n\t\t\t\t<\/div>\n\t\t\t\t<div class=\"elementor-element elementor-element-94db483 elementor-widget elementor-widget-text-editor\" data-id=\"94db483\" data-element_type=\"widget\" data-e-type=\"widget\" data-widget_type=\"text-editor.default\">\n\t\t\t\t<div class=\"elementor-widget-container\">\n\t\t\t\t\t\t\t\t\t<p>El <strong>carrer Lalariche<\/strong>, sense arbrat, permet veure l&#8217;aspecte d&#8217;un carrer d&#8217;\u00fas exclusiu per al tr\u00e0nsit agr\u00edcola de les cases.<\/p>\t\t\t\t\t\t\t\t<\/div>\n\t\t\t\t<\/div>\n\t\t\t\t<div class=\"elementor-element elementor-element-5616405 elementor-widget elementor-widget-image\" data-id=\"5616405\" data-element_type=\"widget\" data-e-type=\"widget\" data-widget_type=\"image.default\">\n\t\t\t\t<div class=\"elementor-widget-container\">\n\t\t\t\t\t\t\t\t\t\t\t\t<figure class=\"wp-caption\">\n\t\t\t\t\t\t\t\t\t\t<img loading=\"lazy\" decoding=\"async\" width=\"768\" height=\"512\" src=\"https:\/\/www.elturistatranquil.com\/wp-content\/uploads\/F16-La-Rinconada-de-Tajo-Toledo.jpg\" class=\"attachment-large size-large wp-image-57439\" alt=\"La Rinconada de Tajo, Toledo\" srcset=\"https:\/\/www.elturistatranquil.com\/wp-content\/uploads\/F16-La-Rinconada-de-Tajo-Toledo.jpg 768w, https:\/\/www.elturistatranquil.com\/wp-content\/uploads\/F16-La-Rinconada-de-Tajo-Toledo-339x226.jpg 339w\" sizes=\"(max-width: 768px) 100vw, 768px\" \/>\t\t\t\t\t\t\t\t\t\t\t<figcaption class=\"widget-image-caption wp-caption-text\"><\/figcaption>\n\t\t\t\t\t\t\t\t\t\t<\/figure>\n\t\t\t\t\t\t\t\t\t<\/div>\n\t\t\t\t<\/div>\n\t\t\t\t<div class=\"elementor-element elementor-element-2d90b6f elementor-widget elementor-widget-heading\" data-id=\"2d90b6f\" data-element_type=\"widget\" data-e-type=\"widget\" data-widget_type=\"heading.default\">\n\t\t\t\t<div class=\"elementor-widget-container\">\n\t\t\t\t\t<h4 class=\"elementor-heading-title elementor-size-default\">Els materials de construcci\u00f3<\/h4>\t\t\t\t<\/div>\n\t\t\t\t<\/div>\n\t\t\t\t<div class=\"elementor-element elementor-element-94149fe elementor-widget elementor-widget-text-editor\" data-id=\"94149fe\" data-element_type=\"widget\" data-e-type=\"widget\" data-widget_type=\"text-editor.default\">\n\t\t\t\t<div class=\"elementor-widget-container\">\n\t\t\t\t\t\t\t\t\t<p>\u00c9s un poble de cases blanques, suposadament constru\u00efdes amb ma\u00f3. No s&#8217;observa cap altra nota de color, excepte a les portes. Les teulades a dues o quatre aig\u00fces de teula corba.<\/p>\t\t\t\t\t\t\t\t<\/div>\n\t\t\t\t<\/div>\n\t\t\t\t<div class=\"elementor-element elementor-element-056f193 elementor-widget elementor-widget-heading\" data-id=\"056f193\" data-element_type=\"widget\" data-e-type=\"widget\" data-widget_type=\"heading.default\">\n\t\t\t\t<div class=\"elementor-widget-container\">\n\t\t\t\t\t<h4 class=\"elementor-heading-title elementor-size-default\">El centre: elements simb\u00f2lics de poder i els serveis complementaris<\/h4>\t\t\t\t<\/div>\n\t\t\t\t<\/div>\n\t\t\t\t<div class=\"elementor-element elementor-element-a91a07c elementor-widget elementor-widget-text-editor\" data-id=\"a91a07c\" data-element_type=\"widget\" data-e-type=\"widget\" data-widget_type=\"text-editor.default\">\n\t\t\t\t<div class=\"elementor-widget-container\">\n\t\t\t\t\t\t\t\t\t<p>Urban\u00edsticament, la <strong>pla\u00e7a Major<\/strong> est\u00e0 concebuda m\u00e9s com una illa buida d&#8217;edificacions que com un espai de conflu\u00e8ncia.<\/p><p>Forma un espai semi obert, delimitat pel carrer Major que constitueix el costat sud. El costat oest, que a efectes pr\u00e0ctics correspon a l&#8217;inici del carrer de Sant Isidre, l&#8217;ocupa un edifici corregut d&#8217;arquitectura simple i uniforme, format per dos nivells i uns porxos.<\/p><p>Al costat nord, passat el carrer Sant Isidre, se situa una altra edificaci\u00f3 en forma de \u201cL\u201d, del mateix estil que l&#8217;anterior, tamb\u00e9 amb porxos. La pota curta de la \u201cL\u201d estava destinada als serveis parroquials que s&#8217;acoblen a la portada dels peus del temple, situat al centre d&#8217;aquest lateral, amb la torre-campanar al costat de l&#8217;ep\u00edstola.<\/p><p>Aquest costat no es tanca, sin\u00f3 que es deixa visible el lateral de l&#8217;ep\u00edstola del temple, amb un porxo i una entrada lateral i es tanca la placeta que s&#8217;ha format, amb el lateral oest de les escoles. Aquestes, continuaran pel carrer Major fins a la cantonada amb la <strong>ronda la Solana<\/strong>, al l\u00edmit constru\u00eft.<\/p>\t\t\t\t\t\t\t\t<\/div>\n\t\t\t\t<\/div>\n\t\t\t\t<div class=\"elementor-element elementor-element-452e7ef elementor-widget elementor-widget-image\" data-id=\"452e7ef\" data-element_type=\"widget\" data-e-type=\"widget\" data-widget_type=\"image.default\">\n\t\t\t\t<div class=\"elementor-widget-container\">\n\t\t\t\t\t\t\t\t\t\t\t\t<figure class=\"wp-caption\">\n\t\t\t\t\t\t\t\t\t\t<img loading=\"lazy\" decoding=\"async\" width=\"768\" height=\"512\" src=\"https:\/\/www.elturistatranquil.com\/wp-content\/uploads\/F17-La-Rinconada-de-Tajo-Toledo.jpg\" class=\"attachment-large size-large wp-image-57441\" alt=\"La Rinconada de Tajo, Toledo\" srcset=\"https:\/\/www.elturistatranquil.com\/wp-content\/uploads\/F17-La-Rinconada-de-Tajo-Toledo.jpg 768w, https:\/\/www.elturistatranquil.com\/wp-content\/uploads\/F17-La-Rinconada-de-Tajo-Toledo-339x226.jpg 339w\" sizes=\"(max-width: 768px) 100vw, 768px\" \/>\t\t\t\t\t\t\t\t\t\t\t<figcaption class=\"widget-image-caption wp-caption-text\"><\/figcaption>\n\t\t\t\t\t\t\t\t\t\t<\/figure>\n\t\t\t\t\t\t\t\t\t<\/div>\n\t\t\t\t<\/div>\n\t\t\t\t<div class=\"elementor-element elementor-element-6b3eef5 elementor-widget elementor-widget-text-editor\" data-id=\"6b3eef5\" data-element_type=\"widget\" data-e-type=\"widget\" data-widget_type=\"text-editor.default\">\n\t\t\t\t<div class=\"elementor-widget-container\">\n\t\t\t\t\t\t\t\t\t<p>Perspectiva de la pla\u00e7a Major des del cant\u00f3 nord-est.<\/p>\t\t\t\t\t\t\t\t<\/div>\n\t\t\t\t<\/div>\n\t\t\t\t<div class=\"elementor-element elementor-element-7c3a49a elementor-widget elementor-widget-image\" data-id=\"7c3a49a\" data-element_type=\"widget\" data-e-type=\"widget\" data-widget_type=\"image.default\">\n\t\t\t\t<div class=\"elementor-widget-container\">\n\t\t\t\t\t\t\t\t\t\t\t\t<figure class=\"wp-caption\">\n\t\t\t\t\t\t\t\t\t\t<img loading=\"lazy\" decoding=\"async\" width=\"768\" height=\"512\" src=\"https:\/\/www.elturistatranquil.com\/wp-content\/uploads\/F18-La-Rinconada-de-Tajo-Toledo.jpg\" class=\"attachment-large size-large wp-image-57443\" alt=\"La Rinconada de Tajo, Toledo\" srcset=\"https:\/\/www.elturistatranquil.com\/wp-content\/uploads\/F18-La-Rinconada-de-Tajo-Toledo.jpg 768w, https:\/\/www.elturistatranquil.com\/wp-content\/uploads\/F18-La-Rinconada-de-Tajo-Toledo-339x226.jpg 339w\" sizes=\"(max-width: 768px) 100vw, 768px\" \/>\t\t\t\t\t\t\t\t\t\t\t<figcaption class=\"widget-image-caption wp-caption-text\"><\/figcaption>\n\t\t\t\t\t\t\t\t\t\t<\/figure>\n\t\t\t\t\t\t\t\t\t<\/div>\n\t\t\t\t<\/div>\n\t\t\t\t<div class=\"elementor-element elementor-element-17e8f09 elementor-widget elementor-widget-text-editor\" data-id=\"17e8f09\" data-element_type=\"widget\" data-e-type=\"widget\" data-widget_type=\"text-editor.default\">\n\t\t\t\t<div class=\"elementor-widget-container\">\n\t\t\t\t\t\t\t\t\t<p>Com a centre de representaci\u00f3 del poder i els serveis, la pla\u00e7a Major allotja les depend\u00e8ncies municipals, que no ajuntament, en un extrem de l&#8217;edifici a \u201cL\u201d, i l&#8217;esmentada esgl\u00e9sia a l&#8217;altre extrem.<\/p><p>Una torreta, amb un rellotge, atorga un element de distinci\u00f3 i prest\u00e0ncia a les depend\u00e8ncies municipals, aix\u00ed com un balc\u00f3 corregut cantoner.<\/p>\t\t\t\t\t\t\t\t<\/div>\n\t\t\t\t<\/div>\n\t\t\t\t<div class=\"elementor-element elementor-element-5bf2df1 elementor-widget elementor-widget-image\" data-id=\"5bf2df1\" data-element_type=\"widget\" data-e-type=\"widget\" data-widget_type=\"image.default\">\n\t\t\t\t<div class=\"elementor-widget-container\">\n\t\t\t\t\t\t\t\t\t\t\t\t<figure class=\"wp-caption\">\n\t\t\t\t\t\t\t\t\t\t<img loading=\"lazy\" decoding=\"async\" width=\"768\" height=\"512\" src=\"https:\/\/www.elturistatranquil.com\/wp-content\/uploads\/F19-La-Rinconada-de-Tajo-Toledo.jpg\" class=\"attachment-large size-large wp-image-57448\" alt=\"La Rinconada de Tajo, Toledo\" srcset=\"https:\/\/www.elturistatranquil.com\/wp-content\/uploads\/F19-La-Rinconada-de-Tajo-Toledo.jpg 768w, https:\/\/www.elturistatranquil.com\/wp-content\/uploads\/F19-La-Rinconada-de-Tajo-Toledo-339x226.jpg 339w\" sizes=\"(max-width: 768px) 100vw, 768px\" \/>\t\t\t\t\t\t\t\t\t\t\t<figcaption class=\"widget-image-caption wp-caption-text\"><\/figcaption>\n\t\t\t\t\t\t\t\t\t\t<\/figure>\n\t\t\t\t\t\t\t\t\t<\/div>\n\t\t\t\t<\/div>\n\t\t\t\t<div class=\"elementor-element elementor-element-378bcba5 elementor-widget elementor-widget-heading\" data-id=\"378bcba5\" data-element_type=\"widget\" data-e-type=\"widget\" data-widget_type=\"heading.default\">\n\t\t\t\t<div class=\"elementor-widget-container\">\n\t\t\t\t\t<h5 class=\"elementor-heading-title elementor-size-default\">L'esgl\u00e9sia<\/h5>\t\t\t\t<\/div>\n\t\t\t\t<\/div>\n\t\t\t\t<div class=\"elementor-element elementor-element-1d9b1dd elementor-widget elementor-widget-text-editor\" data-id=\"1d9b1dd\" data-element_type=\"widget\" data-e-type=\"widget\" data-widget_type=\"text-editor.default\">\n\t\t\t\t<div class=\"elementor-widget-container\">\n\t\t\t\t\t\t\t\t\t<p>L\u2019edifici de l\u2019esgl\u00e9sia va ser un dels elements m\u00e9s significatius a l&#8217;urbanisme dels poblats de colonitzaci\u00f3. D&#8217;una banda, el cos m\u00e9s gran de l&#8217;edifici d&#8217;una esgl\u00e9sia respecte a les humils cases dels colons ja la feien sobresortir. De l&#8217;altra, l&#8217;acompanyament de la torre campanar, generalment de gran al\u00e7ada, marcava el punt de refer\u00e8ncia tant interior de la poblaci\u00f3 com de pres\u00e8ncia visible en relaci\u00f3 amb l&#8217;entorn.<\/p><p>En aquests pobles, l&#8217;esgl\u00e9sia no havia de competir amb el palau senyorial, a all\u00f2 que s&#8217;estava acostumat al m\u00f3n rural espanyol. I les depend\u00e8ncies municipals ped\u00e0nies, gaireb\u00e9 mai ajuntaments, s&#8217;havien de conformar amb petits ressalts, com ara la c\u00fapula que hem vist.<\/p><p>L&#8217;<strong>esgl\u00e9sia<\/strong> de La Rinconada de Tajo est\u00e0 dedicada a <strong>Sant Isidre<\/strong>. \u00c9s un edifici senzill, totalment arrebossat en blanc, inclosa la torre. La portada amb l\u2019entrada principal als peus del temple. Dins una gran arcada d&#8217;arc de mig punt, la porta de carreus de pedra amb un arc escarser molt rebaixat. Per sobre, un \u00f2cul del mateix tipus de pedra dins una creu arrodonida envoltant.<\/p>\t\t\t\t\t\t\t\t<\/div>\n\t\t\t\t<\/div>\n\t\t\t\t<div class=\"elementor-element elementor-element-6b5ea87 elementor-widget elementor-widget-image\" data-id=\"6b5ea87\" data-element_type=\"widget\" data-e-type=\"widget\" data-widget_type=\"image.default\">\n\t\t\t\t<div class=\"elementor-widget-container\">\n\t\t\t\t\t\t\t\t\t\t\t\t<figure class=\"wp-caption\">\n\t\t\t\t\t\t\t\t\t\t<img loading=\"lazy\" decoding=\"async\" width=\"768\" height=\"512\" src=\"https:\/\/www.elturistatranquil.com\/wp-content\/uploads\/F20-La-Rinconada-de-Tajo-Toledo.jpg\" class=\"attachment-large size-large wp-image-57450\" alt=\"La Rinconada de Tajo, Toledo\" srcset=\"https:\/\/www.elturistatranquil.com\/wp-content\/uploads\/F20-La-Rinconada-de-Tajo-Toledo.jpg 768w, https:\/\/www.elturistatranquil.com\/wp-content\/uploads\/F20-La-Rinconada-de-Tajo-Toledo-339x226.jpg 339w\" sizes=\"(max-width: 768px) 100vw, 768px\" \/>\t\t\t\t\t\t\t\t\t\t\t<figcaption class=\"widget-image-caption wp-caption-text\"><\/figcaption>\n\t\t\t\t\t\t\t\t\t\t<\/figure>\n\t\t\t\t\t\t\t\t\t<\/div>\n\t\t\t\t<\/div>\n\t\t\t\t<div class=\"elementor-element elementor-element-13044fd elementor-widget elementor-widget-image\" data-id=\"13044fd\" data-element_type=\"widget\" data-e-type=\"widget\" data-widget_type=\"image.default\">\n\t\t\t\t<div class=\"elementor-widget-container\">\n\t\t\t\t\t\t\t\t\t\t\t\t<figure class=\"wp-caption\">\n\t\t\t\t\t\t\t\t\t\t<img loading=\"lazy\" decoding=\"async\" width=\"768\" height=\"512\" src=\"https:\/\/www.elturistatranquil.com\/wp-content\/uploads\/F21-La-Rinconada-de-Tajo-Toledo.jpg\" class=\"attachment-large size-large wp-image-57452\" alt=\"La Rinconada de Tajo, Toledo\" srcset=\"https:\/\/www.elturistatranquil.com\/wp-content\/uploads\/F21-La-Rinconada-de-Tajo-Toledo.jpg 768w, https:\/\/www.elturistatranquil.com\/wp-content\/uploads\/F21-La-Rinconada-de-Tajo-Toledo-339x226.jpg 339w\" sizes=\"(max-width: 768px) 100vw, 768px\" \/>\t\t\t\t\t\t\t\t\t\t\t<figcaption class=\"widget-image-caption wp-caption-text\"><\/figcaption>\n\t\t\t\t\t\t\t\t\t\t<\/figure>\n\t\t\t\t\t\t\t\t\t<\/div>\n\t\t\t\t<\/div>\n\t\t\t\t<div class=\"elementor-element elementor-element-cb8dee3 elementor-widget elementor-widget-text-editor\" data-id=\"cb8dee3\" data-element_type=\"widget\" data-e-type=\"widget\" data-widget_type=\"text-editor.default\">\n\t\t\t\t<div class=\"elementor-widget-container\">\n\t\t\t\t\t\t\t\t\t<p>La coberta de la torre d&#8217;estil neoherreri\u00e0.<\/p>\t\t\t\t\t\t\t\t<\/div>\n\t\t\t\t<\/div>\n\t\t\t\t<div class=\"elementor-element elementor-element-d71a42b elementor-widget elementor-widget-image\" data-id=\"d71a42b\" data-element_type=\"widget\" data-e-type=\"widget\" data-widget_type=\"image.default\">\n\t\t\t\t<div class=\"elementor-widget-container\">\n\t\t\t\t\t\t\t\t\t\t\t\t<figure class=\"wp-caption\">\n\t\t\t\t\t\t\t\t\t\t<img loading=\"lazy\" decoding=\"async\" width=\"768\" height=\"512\" src=\"https:\/\/www.elturistatranquil.com\/wp-content\/uploads\/F22-La-Rinconada-de-Tajo-Toledo.jpg\" class=\"attachment-large size-large wp-image-57454\" alt=\"La Rinconada de Tajo, Toledo\" srcset=\"https:\/\/www.elturistatranquil.com\/wp-content\/uploads\/F22-La-Rinconada-de-Tajo-Toledo.jpg 768w, https:\/\/www.elturistatranquil.com\/wp-content\/uploads\/F22-La-Rinconada-de-Tajo-Toledo-339x226.jpg 339w\" sizes=\"(max-width: 768px) 100vw, 768px\" \/>\t\t\t\t\t\t\t\t\t\t\t<figcaption class=\"widget-image-caption wp-caption-text\"><\/figcaption>\n\t\t\t\t\t\t\t\t\t\t<\/figure>\n\t\t\t\t\t\t\t\t\t<\/div>\n\t\t\t\t<\/div>\n\t\t\t\t<div class=\"elementor-element elementor-element-82c69f7 elementor-widget elementor-widget-text-editor\" data-id=\"82c69f7\" data-element_type=\"widget\" data-e-type=\"widget\" data-widget_type=\"text-editor.default\">\n\t\t\t\t<div class=\"elementor-widget-container\">\n\t\t\t\t\t\t\t\t\t<p>Els porxos laterals id\u00e8ntics als de la resta de la pla\u00e7a.<\/p>\t\t\t\t\t\t\t\t<\/div>\n\t\t\t\t<\/div>\n\t\t\t\t<div class=\"elementor-element elementor-element-276c586 elementor-widget elementor-widget-image\" data-id=\"276c586\" data-element_type=\"widget\" data-e-type=\"widget\" data-widget_type=\"image.default\">\n\t\t\t\t<div class=\"elementor-widget-container\">\n\t\t\t\t\t\t\t\t\t\t\t\t<figure class=\"wp-caption\">\n\t\t\t\t\t\t\t\t\t\t<img loading=\"lazy\" decoding=\"async\" width=\"768\" height=\"512\" src=\"https:\/\/www.elturistatranquil.com\/wp-content\/uploads\/F23-La-Rinconada-de-Tajo-Toledo.jpg\" class=\"attachment-large size-large wp-image-57456\" alt=\"La Rinconada de Tajo, Toledo\" srcset=\"https:\/\/www.elturistatranquil.com\/wp-content\/uploads\/F23-La-Rinconada-de-Tajo-Toledo.jpg 768w, https:\/\/www.elturistatranquil.com\/wp-content\/uploads\/F23-La-Rinconada-de-Tajo-Toledo-339x226.jpg 339w\" sizes=\"(max-width: 768px) 100vw, 768px\" \/>\t\t\t\t\t\t\t\t\t\t\t<figcaption class=\"widget-image-caption wp-caption-text\"><\/figcaption>\n\t\t\t\t\t\t\t\t\t\t<\/figure>\n\t\t\t\t\t\t\t\t\t<\/div>\n\t\t\t\t<\/div>\n\t\t\t\t<div class=\"elementor-element elementor-element-cca9250 elementor-widget elementor-widget-text-editor\" data-id=\"cca9250\" data-element_type=\"widget\" data-e-type=\"widget\" data-widget_type=\"text-editor.default\">\n\t\t\t\t<div class=\"elementor-widget-container\">\n\t\t\t\t\t\t\t\t\t<p>L&#8217;absis tamb\u00e9 \u00e9s quadrangular, amb la coberta de teula corba a quatre aig\u00fces.<\/p>\t\t\t\t\t\t\t\t<\/div>\n\t\t\t\t<\/div>\n\t\t\t\t<div class=\"elementor-element elementor-element-6f7ffff elementor-widget elementor-widget-image\" data-id=\"6f7ffff\" data-element_type=\"widget\" data-e-type=\"widget\" data-widget_type=\"image.default\">\n\t\t\t\t<div class=\"elementor-widget-container\">\n\t\t\t\t\t\t\t\t\t\t\t\t<figure class=\"wp-caption\">\n\t\t\t\t\t\t\t\t\t\t<img loading=\"lazy\" decoding=\"async\" width=\"768\" height=\"512\" src=\"https:\/\/www.elturistatranquil.com\/wp-content\/uploads\/F24-La-Rinconada-de-Tajo-Toledo.jpg\" class=\"attachment-large size-large wp-image-57458\" alt=\"La Rinconada de Tajo, Toledo\" srcset=\"https:\/\/www.elturistatranquil.com\/wp-content\/uploads\/F24-La-Rinconada-de-Tajo-Toledo.jpg 768w, https:\/\/www.elturistatranquil.com\/wp-content\/uploads\/F24-La-Rinconada-de-Tajo-Toledo-339x226.jpg 339w\" sizes=\"(max-width: 768px) 100vw, 768px\" \/>\t\t\t\t\t\t\t\t\t\t\t<figcaption class=\"widget-image-caption wp-caption-text\"><\/figcaption>\n\t\t\t\t\t\t\t\t\t\t<\/figure>\n\t\t\t\t\t\t\t\t\t<\/div>\n\t\t\t\t<\/div>\n\t\t\t\t<div class=\"elementor-element elementor-element-dae63e6 elementor-widget elementor-widget-text-editor\" data-id=\"dae63e6\" data-element_type=\"widget\" data-e-type=\"widget\" data-widget_type=\"text-editor.default\">\n\t\t\t\t<div class=\"elementor-widget-container\">\n\t\t\t\t\t\t\t\t\t<p>Per la fotografia de l\u00b4Arxidi\u00f2cesi de Toledo, l\u00b4interior \u00e9s d\u00b4una nau, amb arcs de mig punt. Tamb\u00e9 tota arrebossada de blanc.<\/p>\t\t\t\t\t\t\t\t<\/div>\n\t\t\t\t<\/div>\n\t\t\t\t<div class=\"elementor-element elementor-element-74aa011 elementor-widget elementor-widget-image\" data-id=\"74aa011\" data-element_type=\"widget\" data-e-type=\"widget\" data-widget_type=\"image.default\">\n\t\t\t\t<div class=\"elementor-widget-container\">\n\t\t\t\t\t\t\t\t\t\t\t\t<figure class=\"wp-caption\">\n\t\t\t\t\t\t\t\t\t\t<img loading=\"lazy\" decoding=\"async\" width=\"443\" height=\"590\" src=\"https:\/\/www.elturistatranquil.com\/wp-content\/uploads\/F25-La-Rinconada-de-Tajo-Toledo.-foto-Arzobispado-de-Toledo.jpg\" class=\"attachment-large size-large wp-image-57460\" alt=\"La Rinconada de Tajo, Toledo. foto Arzobispado de Toledo\" srcset=\"https:\/\/www.elturistatranquil.com\/wp-content\/uploads\/F25-La-Rinconada-de-Tajo-Toledo.-foto-Arzobispado-de-Toledo.jpg 443w, https:\/\/www.elturistatranquil.com\/wp-content\/uploads\/F25-La-Rinconada-de-Tajo-Toledo.-foto-Arzobispado-de-Toledo-170x226.jpg 170w\" sizes=\"(max-width: 443px) 100vw, 443px\" \/>\t\t\t\t\t\t\t\t\t\t\t<figcaption class=\"widget-image-caption wp-caption-text\">(Foto: Arxidi\u00f2cesi de Toledo)<\/figcaption>\n\t\t\t\t\t\t\t\t\t\t<\/figure>\n\t\t\t\t\t\t\t\t\t<\/div>\n\t\t\t\t<\/div>\n\t\t\t\t<div class=\"elementor-element elementor-element-68ed892 elementor-widget elementor-widget-text-editor\" data-id=\"68ed892\" data-element_type=\"widget\" data-e-type=\"widget\" data-widget_type=\"text-editor.default\">\n\t\t\t\t<div class=\"elementor-widget-container\">\n\t\t\t\t\t\t\t\t\t<p>La <strong>pla\u00e7a Major<\/strong>, que constitueix el centre urb\u00e0, acollia els serveis que s&#8217;oferien al poble a cobert de les porxades, d&#8217;arcs rebaixats.<\/p>\t\t\t\t\t\t\t\t<\/div>\n\t\t\t\t<\/div>\n\t\t\t\t<div class=\"elementor-element elementor-element-e6795f6 elementor-widget elementor-widget-image\" data-id=\"e6795f6\" data-element_type=\"widget\" data-e-type=\"widget\" data-widget_type=\"image.default\">\n\t\t\t\t<div class=\"elementor-widget-container\">\n\t\t\t\t\t\t\t\t\t\t\t\t<figure class=\"wp-caption\">\n\t\t\t\t\t\t\t\t\t\t<img loading=\"lazy\" decoding=\"async\" width=\"768\" height=\"512\" src=\"https:\/\/www.elturistatranquil.com\/wp-content\/uploads\/F26-La-Rinconada-de-Tajo-Toledo.jpg\" class=\"attachment-large size-large wp-image-57462\" alt=\"La Rinconada de Tajo, Toledo\" srcset=\"https:\/\/www.elturistatranquil.com\/wp-content\/uploads\/F26-La-Rinconada-de-Tajo-Toledo.jpg 768w, https:\/\/www.elturistatranquil.com\/wp-content\/uploads\/F26-La-Rinconada-de-Tajo-Toledo-339x226.jpg 339w\" sizes=\"(max-width: 768px) 100vw, 768px\" \/>\t\t\t\t\t\t\t\t\t\t\t<figcaption class=\"widget-image-caption wp-caption-text\"><\/figcaption>\n\t\t\t\t\t\t\t\t\t\t<\/figure>\n\t\t\t\t\t\t\t\t\t<\/div>\n\t\t\t\t<\/div>\n\t\t\t\t<div class=\"elementor-element elementor-element-46de1fd elementor-widget elementor-widget-image\" data-id=\"46de1fd\" data-element_type=\"widget\" data-e-type=\"widget\" data-widget_type=\"image.default\">\n\t\t\t\t<div class=\"elementor-widget-container\">\n\t\t\t\t\t\t\t\t\t\t\t\t<figure class=\"wp-caption\">\n\t\t\t\t\t\t\t\t\t\t<img loading=\"lazy\" decoding=\"async\" width=\"768\" height=\"512\" src=\"https:\/\/www.elturistatranquil.com\/wp-content\/uploads\/F27-La-Rinconada-de-Tajo-Toledo.jpg\" class=\"attachment-large size-large wp-image-57467\" alt=\"La Rinconada de Tajo, Toledo\" srcset=\"https:\/\/www.elturistatranquil.com\/wp-content\/uploads\/F27-La-Rinconada-de-Tajo-Toledo.jpg 768w, https:\/\/www.elturistatranquil.com\/wp-content\/uploads\/F27-La-Rinconada-de-Tajo-Toledo-339x226.jpg 339w\" sizes=\"(max-width: 768px) 100vw, 768px\" \/>\t\t\t\t\t\t\t\t\t\t\t<figcaption class=\"widget-image-caption wp-caption-text\"><\/figcaption>\n\t\t\t\t\t\t\t\t\t\t<\/figure>\n\t\t\t\t\t\t\t\t\t<\/div>\n\t\t\t\t<\/div>\n\t\t\t\t<div class=\"elementor-element elementor-element-1e2127d elementor-widget elementor-widget-image\" data-id=\"1e2127d\" data-element_type=\"widget\" data-e-type=\"widget\" data-widget_type=\"image.default\">\n\t\t\t\t<div class=\"elementor-widget-container\">\n\t\t\t\t\t\t\t\t\t\t\t\t<figure class=\"wp-caption\">\n\t\t\t\t\t\t\t\t\t\t<img loading=\"lazy\" decoding=\"async\" width=\"768\" height=\"511\" src=\"https:\/\/www.elturistatranquil.com\/wp-content\/uploads\/F28-La-Rinconada-de-Tajo-Toledo.jpg\" class=\"attachment-large size-large wp-image-57469\" alt=\"La Rinconada de Tajo, Toledo\" srcset=\"https:\/\/www.elturistatranquil.com\/wp-content\/uploads\/F28-La-Rinconada-de-Tajo-Toledo.jpg 768w, https:\/\/www.elturistatranquil.com\/wp-content\/uploads\/F28-La-Rinconada-de-Tajo-Toledo-339x226.jpg 339w\" sizes=\"(max-width: 768px) 100vw, 768px\" \/>\t\t\t\t\t\t\t\t\t\t\t<figcaption class=\"widget-image-caption wp-caption-text\"><\/figcaption>\n\t\t\t\t\t\t\t\t\t\t<\/figure>\n\t\t\t\t\t\t\t\t\t<\/div>\n\t\t\t\t<\/div>\n\t\t\t\t<div class=\"elementor-element elementor-element-7145112 elementor-widget elementor-widget-image\" data-id=\"7145112\" data-element_type=\"widget\" data-e-type=\"widget\" data-widget_type=\"image.default\">\n\t\t\t\t<div class=\"elementor-widget-container\">\n\t\t\t\t\t\t\t\t\t\t\t\t<figure class=\"wp-caption\">\n\t\t\t\t\t\t\t\t\t\t<img loading=\"lazy\" decoding=\"async\" width=\"768\" height=\"511\" src=\"https:\/\/www.elturistatranquil.com\/wp-content\/uploads\/F29-La-Rinconada-de-Tajo-Toledo.jpg\" class=\"attachment-large size-large wp-image-57471\" alt=\"La Rinconada de Tajo, Toledo\" srcset=\"https:\/\/www.elturistatranquil.com\/wp-content\/uploads\/F29-La-Rinconada-de-Tajo-Toledo.jpg 768w, https:\/\/www.elturistatranquil.com\/wp-content\/uploads\/F29-La-Rinconada-de-Tajo-Toledo-339x226.jpg 339w\" sizes=\"(max-width: 768px) 100vw, 768px\" \/>\t\t\t\t\t\t\t\t\t\t\t<figcaption class=\"widget-image-caption wp-caption-text\"><\/figcaption>\n\t\t\t\t\t\t\t\t\t\t<\/figure>\n\t\t\t\t\t\t\t\t\t<\/div>\n\t\t\t\t<\/div>\n\t\t\t\t<div class=\"elementor-element elementor-element-2ac00fe elementor-widget elementor-widget-text-editor\" data-id=\"2ac00fe\" data-element_type=\"widget\" data-e-type=\"widget\" data-widget_type=\"text-editor.default\">\n\t\t\t\t<div class=\"elementor-widget-container\">\n\t\t\t\t\t\t\t\t\t<p>Hi va haver una certa cura amb introduir certa est\u00e8tica als forjats de baranes i finestres.<\/p>\t\t\t\t\t\t\t\t<\/div>\n\t\t\t\t<\/div>\n\t\t\t\t<div class=\"elementor-element elementor-element-7054687 elementor-widget elementor-widget-image\" data-id=\"7054687\" data-element_type=\"widget\" data-e-type=\"widget\" data-widget_type=\"image.default\">\n\t\t\t\t<div class=\"elementor-widget-container\">\n\t\t\t\t\t\t\t\t\t\t\t\t<figure class=\"wp-caption\">\n\t\t\t\t\t\t\t\t\t\t<img loading=\"lazy\" decoding=\"async\" width=\"768\" height=\"512\" src=\"https:\/\/www.elturistatranquil.com\/wp-content\/uploads\/F30-La-Rinconada-de-Tajo-Toledo.jpg\" class=\"attachment-large size-large wp-image-57473\" alt=\"La Rinconada de Tajo, Toledo\" srcset=\"https:\/\/www.elturistatranquil.com\/wp-content\/uploads\/F30-La-Rinconada-de-Tajo-Toledo.jpg 768w, https:\/\/www.elturistatranquil.com\/wp-content\/uploads\/F30-La-Rinconada-de-Tajo-Toledo-339x226.jpg 339w\" sizes=\"(max-width: 768px) 100vw, 768px\" \/>\t\t\t\t\t\t\t\t\t\t\t<figcaption class=\"widget-image-caption wp-caption-text\"><\/figcaption>\n\t\t\t\t\t\t\t\t\t\t<\/figure>\n\t\t\t\t\t\t\t\t\t<\/div>\n\t\t\t\t<\/div>\n\t\t\t\t<div class=\"elementor-element elementor-element-d03d1d0 elementor-widget elementor-widget-image\" data-id=\"d03d1d0\" data-element_type=\"widget\" data-e-type=\"widget\" data-widget_type=\"image.default\">\n\t\t\t\t<div class=\"elementor-widget-container\">\n\t\t\t\t\t\t\t\t\t\t\t\t<figure class=\"wp-caption\">\n\t\t\t\t\t\t\t\t\t\t<img loading=\"lazy\" decoding=\"async\" width=\"768\" height=\"512\" src=\"https:\/\/www.elturistatranquil.com\/wp-content\/uploads\/F31-La-Rinconada-de-Tajo-Toledo.jpg\" class=\"attachment-large size-large wp-image-57475\" alt=\"La Rinconada de Tajo, Toledo\" srcset=\"https:\/\/www.elturistatranquil.com\/wp-content\/uploads\/F31-La-Rinconada-de-Tajo-Toledo.jpg 768w, https:\/\/www.elturistatranquil.com\/wp-content\/uploads\/F31-La-Rinconada-de-Tajo-Toledo-339x226.jpg 339w\" sizes=\"(max-width: 768px) 100vw, 768px\" \/>\t\t\t\t\t\t\t\t\t\t\t<figcaption class=\"widget-image-caption wp-caption-text\"><\/figcaption>\n\t\t\t\t\t\t\t\t\t\t<\/figure>\n\t\t\t\t\t\t\t\t\t<\/div>\n\t\t\t\t<\/div>\n\t\t\t\t<div class=\"elementor-element elementor-element-c6c2bcb elementor-widget elementor-widget-text-editor\" data-id=\"c6c2bcb\" data-element_type=\"widget\" data-e-type=\"widget\" data-widget_type=\"text-editor.default\">\n\t\t\t\t<div class=\"elementor-widget-container\">\n\t\t\t\t\t\t\t\t\t<p>Els r\u00e8tols de bona cer\u00e0mica que es conserven ens informen que allotjaven: l&#8217;alcaldia; la fleca, la botiga, i la rectoral a l&#8217;edifici de la pla\u00e7a. I una hostatgeria, amb el servei de correus a l&#8217;edifici lateral.<\/p><p>A les dues plantes d&#8217;aquestes edificacions tamb\u00e9 es trobarien les resid\u00e8ncies dels mestres, els majorals i els guardes.<\/p>\t\t\t\t\t\t\t\t<\/div>\n\t\t\t\t<\/div>\n\t\t\t\t<div class=\"elementor-element elementor-element-8febccb elementor-widget elementor-widget-image\" data-id=\"8febccb\" data-element_type=\"widget\" data-e-type=\"widget\" data-widget_type=\"image.default\">\n\t\t\t\t<div class=\"elementor-widget-container\">\n\t\t\t\t\t\t\t\t\t\t\t\t<figure class=\"wp-caption\">\n\t\t\t\t\t\t\t\t\t\t<img loading=\"lazy\" decoding=\"async\" width=\"768\" height=\"511\" src=\"https:\/\/www.elturistatranquil.com\/wp-content\/uploads\/F32-La-Rinconada-de-Tajo-Toledo.jpg\" class=\"attachment-large size-large wp-image-57477\" alt=\"La Rinconada de Tajo, Toledo\" srcset=\"https:\/\/www.elturistatranquil.com\/wp-content\/uploads\/F32-La-Rinconada-de-Tajo-Toledo.jpg 768w, https:\/\/www.elturistatranquil.com\/wp-content\/uploads\/F32-La-Rinconada-de-Tajo-Toledo-339x226.jpg 339w\" sizes=\"(max-width: 768px) 100vw, 768px\" \/>\t\t\t\t\t\t\t\t\t\t\t<figcaption class=\"widget-image-caption wp-caption-text\"><\/figcaption>\n\t\t\t\t\t\t\t\t\t\t<\/figure>\n\t\t\t\t\t\t\t\t\t<\/div>\n\t\t\t\t<\/div>\n\t\t\t\t<div class=\"elementor-element elementor-element-cc22b26 elementor-widget elementor-widget-image\" data-id=\"cc22b26\" data-element_type=\"widget\" data-e-type=\"widget\" data-widget_type=\"image.default\">\n\t\t\t\t<div class=\"elementor-widget-container\">\n\t\t\t\t\t\t\t\t\t\t\t\t<figure class=\"wp-caption\">\n\t\t\t\t\t\t\t\t\t\t<img loading=\"lazy\" decoding=\"async\" width=\"768\" height=\"512\" src=\"https:\/\/www.elturistatranquil.com\/wp-content\/uploads\/F33-La-Rinconada-de-Tajo-Toledo.jpg\" class=\"attachment-large size-large wp-image-57479\" alt=\"La Rinconada de Tajo, Toledo\" srcset=\"https:\/\/www.elturistatranquil.com\/wp-content\/uploads\/F33-La-Rinconada-de-Tajo-Toledo.jpg 768w, https:\/\/www.elturistatranquil.com\/wp-content\/uploads\/F33-La-Rinconada-de-Tajo-Toledo-339x226.jpg 339w\" sizes=\"(max-width: 768px) 100vw, 768px\" \/>\t\t\t\t\t\t\t\t\t\t\t<figcaption class=\"widget-image-caption wp-caption-text\"><\/figcaption>\n\t\t\t\t\t\t\t\t\t\t<\/figure>\n\t\t\t\t\t\t\t\t\t<\/div>\n\t\t\t\t<\/div>\n\t\t\t\t<div class=\"elementor-element elementor-element-03a7aea elementor-widget elementor-widget-image\" data-id=\"03a7aea\" data-element_type=\"widget\" data-e-type=\"widget\" data-widget_type=\"image.default\">\n\t\t\t\t<div class=\"elementor-widget-container\">\n\t\t\t\t\t\t\t\t\t\t\t\t<figure class=\"wp-caption\">\n\t\t\t\t\t\t\t\t\t\t<img loading=\"lazy\" decoding=\"async\" width=\"768\" height=\"512\" src=\"https:\/\/www.elturistatranquil.com\/wp-content\/uploads\/F34-La-Rinconada-de-Tajo-Toledo.jpg\" class=\"attachment-large size-large wp-image-57484\" alt=\"La Rinconada de Tajo, Toledo\" srcset=\"https:\/\/www.elturistatranquil.com\/wp-content\/uploads\/F34-La-Rinconada-de-Tajo-Toledo.jpg 768w, https:\/\/www.elturistatranquil.com\/wp-content\/uploads\/F34-La-Rinconada-de-Tajo-Toledo-339x226.jpg 339w\" sizes=\"(max-width: 768px) 100vw, 768px\" \/>\t\t\t\t\t\t\t\t\t\t\t<figcaption class=\"widget-image-caption wp-caption-text\"><\/figcaption>\n\t\t\t\t\t\t\t\t\t\t<\/figure>\n\t\t\t\t\t\t\t\t\t<\/div>\n\t\t\t\t<\/div>\n\t\t\t\t<div class=\"elementor-element elementor-element-eb3c293 elementor-widget elementor-widget-image\" data-id=\"eb3c293\" data-element_type=\"widget\" data-e-type=\"widget\" data-widget_type=\"image.default\">\n\t\t\t\t<div class=\"elementor-widget-container\">\n\t\t\t\t\t\t\t\t\t\t\t\t<figure class=\"wp-caption\">\n\t\t\t\t\t\t\t\t\t\t<img loading=\"lazy\" decoding=\"async\" width=\"768\" height=\"512\" src=\"https:\/\/www.elturistatranquil.com\/wp-content\/uploads\/F35-La-Rinconada-de-Tajo-Toledo.jpg\" class=\"attachment-large size-large wp-image-57486\" alt=\"La Rinconada de Tajo, Toledo\" srcset=\"https:\/\/www.elturistatranquil.com\/wp-content\/uploads\/F35-La-Rinconada-de-Tajo-Toledo.jpg 768w, https:\/\/www.elturistatranquil.com\/wp-content\/uploads\/F35-La-Rinconada-de-Tajo-Toledo-339x226.jpg 339w\" sizes=\"(max-width: 768px) 100vw, 768px\" \/>\t\t\t\t\t\t\t\t\t\t\t<figcaption class=\"widget-image-caption wp-caption-text\"><\/figcaption>\n\t\t\t\t\t\t\t\t\t\t<\/figure>\n\t\t\t\t\t\t\t\t\t<\/div>\n\t\t\t\t<\/div>\n\t\t\t\t<div class=\"elementor-element elementor-element-db994f8 elementor-widget elementor-widget-image\" data-id=\"db994f8\" data-element_type=\"widget\" data-e-type=\"widget\" data-widget_type=\"image.default\">\n\t\t\t\t<div class=\"elementor-widget-container\">\n\t\t\t\t\t\t\t\t\t\t\t\t<figure class=\"wp-caption\">\n\t\t\t\t\t\t\t\t\t\t<img loading=\"lazy\" decoding=\"async\" width=\"768\" height=\"512\" src=\"https:\/\/www.elturistatranquil.com\/wp-content\/uploads\/F36-La-Rinconada-de-Tajo-Toledo.jpg\" class=\"attachment-large size-large wp-image-57488\" alt=\"La Rinconada de Tajo, Toledo\" srcset=\"https:\/\/www.elturistatranquil.com\/wp-content\/uploads\/F36-La-Rinconada-de-Tajo-Toledo.jpg 768w, https:\/\/www.elturistatranquil.com\/wp-content\/uploads\/F36-La-Rinconada-de-Tajo-Toledo-339x226.jpg 339w\" sizes=\"(max-width: 768px) 100vw, 768px\" \/>\t\t\t\t\t\t\t\t\t\t\t<figcaption class=\"widget-image-caption wp-caption-text\"><\/figcaption>\n\t\t\t\t\t\t\t\t\t\t<\/figure>\n\t\t\t\t\t\t\t\t\t<\/div>\n\t\t\t\t<\/div>\n\t\t\t\t<div class=\"elementor-element elementor-element-ce11314 elementor-widget elementor-widget-heading\" data-id=\"ce11314\" data-element_type=\"widget\" data-e-type=\"widget\" data-widget_type=\"heading.default\">\n\t\t\t\t<div class=\"elementor-widget-container\">\n\t\t\t\t\t<h4 class=\"elementor-heading-title elementor-size-default\">Les escoles i els serveis<\/h4>\t\t\t\t<\/div>\n\t\t\t\t<\/div>\n\t\t\t\t<div class=\"elementor-element elementor-element-5b4a4b0 elementor-widget elementor-widget-text-editor\" data-id=\"5b4a4b0\" data-element_type=\"widget\" data-e-type=\"widget\" data-widget_type=\"text-editor.default\">\n\t\t\t\t<div class=\"elementor-widget-container\">\n\t\t\t\t\t\t\t\t\t<p>Les <strong>escoles<\/strong>, reglament\u00e0riament segregades de nens i nenes, ja hem vist que ocupaven una edificaci\u00f3 d&#8217;una planta a l&#8217;extrem est del carrer Major. Darrere, disposaven d&#8217;un ampli pati.<\/p>\t\t\t\t\t\t\t\t<\/div>\n\t\t\t\t<\/div>\n\t\t\t\t<div class=\"elementor-element elementor-element-3eb9de6 elementor-widget elementor-widget-image\" data-id=\"3eb9de6\" data-element_type=\"widget\" data-e-type=\"widget\" data-widget_type=\"image.default\">\n\t\t\t\t<div class=\"elementor-widget-container\">\n\t\t\t\t\t\t\t\t\t\t\t\t<figure class=\"wp-caption\">\n\t\t\t\t\t\t\t\t\t\t<img loading=\"lazy\" decoding=\"async\" width=\"768\" height=\"512\" src=\"https:\/\/www.elturistatranquil.com\/wp-content\/uploads\/F37-La-Rinconada-de-Tajo-Toledo.jpg\" class=\"attachment-large size-large wp-image-57490\" alt=\"La Rinconada de Tajo, Toledo\" srcset=\"https:\/\/www.elturistatranquil.com\/wp-content\/uploads\/F37-La-Rinconada-de-Tajo-Toledo.jpg 768w, https:\/\/www.elturistatranquil.com\/wp-content\/uploads\/F37-La-Rinconada-de-Tajo-Toledo-339x226.jpg 339w\" sizes=\"(max-width: 768px) 100vw, 768px\" \/>\t\t\t\t\t\t\t\t\t\t\t<figcaption class=\"widget-image-caption wp-caption-text\"><\/figcaption>\n\t\t\t\t\t\t\t\t\t\t<\/figure>\n\t\t\t\t\t\t\t\t\t<\/div>\n\t\t\t\t<\/div>\n\t\t\t\t<div class=\"elementor-element elementor-element-8a51ee2 elementor-widget elementor-widget-image\" data-id=\"8a51ee2\" data-element_type=\"widget\" data-e-type=\"widget\" data-widget_type=\"image.default\">\n\t\t\t\t<div class=\"elementor-widget-container\">\n\t\t\t\t\t\t\t\t\t\t\t\t<figure class=\"wp-caption\">\n\t\t\t\t\t\t\t\t\t\t<img loading=\"lazy\" decoding=\"async\" width=\"768\" height=\"511\" src=\"https:\/\/www.elturistatranquil.com\/wp-content\/uploads\/F38-La-Rinconada-de-Tajo-Toledo.jpg\" class=\"attachment-large size-large wp-image-57495\" alt=\"La Rinconada de Tajo, Toledo\" srcset=\"https:\/\/www.elturistatranquil.com\/wp-content\/uploads\/F38-La-Rinconada-de-Tajo-Toledo.jpg 768w, https:\/\/www.elturistatranquil.com\/wp-content\/uploads\/F38-La-Rinconada-de-Tajo-Toledo-339x226.jpg 339w\" sizes=\"(max-width: 768px) 100vw, 768px\" \/>\t\t\t\t\t\t\t\t\t\t\t<figcaption class=\"widget-image-caption wp-caption-text\"><\/figcaption>\n\t\t\t\t\t\t\t\t\t\t<\/figure>\n\t\t\t\t\t\t\t\t\t<\/div>\n\t\t\t\t<\/div>\n\t\t\t\t<div class=\"elementor-element elementor-element-293213c elementor-widget elementor-widget-image\" data-id=\"293213c\" data-element_type=\"widget\" data-e-type=\"widget\" data-widget_type=\"image.default\">\n\t\t\t\t<div class=\"elementor-widget-container\">\n\t\t\t\t\t\t\t\t\t\t\t\t<figure class=\"wp-caption\">\n\t\t\t\t\t\t\t\t\t\t<img loading=\"lazy\" decoding=\"async\" width=\"768\" height=\"512\" src=\"https:\/\/www.elturistatranquil.com\/wp-content\/uploads\/F39-La-Rinconada-de-Tajo-Toledo.jpg\" class=\"attachment-large size-large wp-image-57497\" alt=\"La Rinconada de Tajo, Toledo\" srcset=\"https:\/\/www.elturistatranquil.com\/wp-content\/uploads\/F39-La-Rinconada-de-Tajo-Toledo.jpg 768w, https:\/\/www.elturistatranquil.com\/wp-content\/uploads\/F39-La-Rinconada-de-Tajo-Toledo-339x226.jpg 339w\" sizes=\"(max-width: 768px) 100vw, 768px\" \/>\t\t\t\t\t\t\t\t\t\t\t<figcaption class=\"widget-image-caption wp-caption-text\"><\/figcaption>\n\t\t\t\t\t\t\t\t\t\t<\/figure>\n\t\t\t\t\t\t\t\t\t<\/div>\n\t\t\t\t<\/div>\n\t\t\t\t<div class=\"elementor-element elementor-element-a7e8ddd elementor-widget elementor-widget-image\" data-id=\"a7e8ddd\" data-element_type=\"widget\" data-e-type=\"widget\" data-widget_type=\"image.default\">\n\t\t\t\t<div class=\"elementor-widget-container\">\n\t\t\t\t\t\t\t\t\t\t\t\t<figure class=\"wp-caption\">\n\t\t\t\t\t\t\t\t\t\t<img loading=\"lazy\" decoding=\"async\" width=\"768\" height=\"511\" src=\"https:\/\/www.elturistatranquil.com\/wp-content\/uploads\/F40-La-Rinconada-de-Tajo-Toledo.jpg\" class=\"attachment-large size-large wp-image-57499\" alt=\"La Rinconada de Tajo, Toledo\" srcset=\"https:\/\/www.elturistatranquil.com\/wp-content\/uploads\/F40-La-Rinconada-de-Tajo-Toledo.jpg 768w, https:\/\/www.elturistatranquil.com\/wp-content\/uploads\/F40-La-Rinconada-de-Tajo-Toledo-339x226.jpg 339w\" sizes=\"(max-width: 768px) 100vw, 768px\" \/>\t\t\t\t\t\t\t\t\t\t\t<figcaption class=\"widget-image-caption wp-caption-text\"><\/figcaption>\n\t\t\t\t\t\t\t\t\t\t<\/figure>\n\t\t\t\t\t\t\t\t\t<\/div>\n\t\t\t\t<\/div>\n\t\t\t\t<div class=\"elementor-element elementor-element-74f5f91 elementor-widget elementor-widget-text-editor\" data-id=\"74f5f91\" data-element_type=\"widget\" data-e-type=\"widget\" data-widget_type=\"text-editor.default\">\n\t\t\t\t<div class=\"elementor-widget-container\">\n\t\t\t\t\t\t\t\t\t<p>A la cantonada nord-est es va disposar una <strong>ferreria<\/strong> i una <strong>fusteria<\/strong>.<\/p><p>A l&#8217;altra banda de la ronda veiem la <strong>torre de l&#8217;aigua<\/strong>, un edifici mal conservat sense informaci\u00f3 sobre la utilitat, i una <strong>font amb abeurador<\/strong>, amb execuci\u00f3 de qualitat.<\/p>\t\t\t\t\t\t\t\t<\/div>\n\t\t\t\t<\/div>\n\t\t\t\t<div class=\"elementor-element elementor-element-f93e65f elementor-widget elementor-widget-image\" data-id=\"f93e65f\" data-element_type=\"widget\" data-e-type=\"widget\" data-widget_type=\"image.default\">\n\t\t\t\t<div class=\"elementor-widget-container\">\n\t\t\t\t\t\t\t\t\t\t\t\t<figure class=\"wp-caption\">\n\t\t\t\t\t\t\t\t\t\t<img loading=\"lazy\" decoding=\"async\" width=\"768\" height=\"512\" src=\"https:\/\/www.elturistatranquil.com\/wp-content\/uploads\/F41-La-Rinconada-de-Tajo-Toledo.jpg\" class=\"attachment-large size-large wp-image-57501\" alt=\"La Rinconada de Tajo, Toledo\" srcset=\"https:\/\/www.elturistatranquil.com\/wp-content\/uploads\/F41-La-Rinconada-de-Tajo-Toledo.jpg 768w, https:\/\/www.elturistatranquil.com\/wp-content\/uploads\/F41-La-Rinconada-de-Tajo-Toledo-339x226.jpg 339w\" sizes=\"(max-width: 768px) 100vw, 768px\" \/>\t\t\t\t\t\t\t\t\t\t\t<figcaption class=\"widget-image-caption wp-caption-text\"><\/figcaption>\n\t\t\t\t\t\t\t\t\t\t<\/figure>\n\t\t\t\t\t\t\t\t\t<\/div>\n\t\t\t\t<\/div>\n\t\t\t\t<div class=\"elementor-element elementor-element-129dd54 elementor-widget elementor-widget-image\" data-id=\"129dd54\" data-element_type=\"widget\" data-e-type=\"widget\" data-widget_type=\"image.default\">\n\t\t\t\t<div class=\"elementor-widget-container\">\n\t\t\t\t\t\t\t\t\t\t\t\t<figure class=\"wp-caption\">\n\t\t\t\t\t\t\t\t\t\t<img loading=\"lazy\" decoding=\"async\" width=\"768\" height=\"512\" src=\"https:\/\/www.elturistatranquil.com\/wp-content\/uploads\/F42-La-Rinconada-de-Tajo-Toledo.jpg\" class=\"attachment-large size-large wp-image-57503\" alt=\"La Rinconada de Tajo, Toledo\" srcset=\"https:\/\/www.elturistatranquil.com\/wp-content\/uploads\/F42-La-Rinconada-de-Tajo-Toledo.jpg 768w, https:\/\/www.elturistatranquil.com\/wp-content\/uploads\/F42-La-Rinconada-de-Tajo-Toledo-339x226.jpg 339w\" sizes=\"(max-width: 768px) 100vw, 768px\" \/>\t\t\t\t\t\t\t\t\t\t\t<figcaption class=\"widget-image-caption wp-caption-text\"><\/figcaption>\n\t\t\t\t\t\t\t\t\t\t<\/figure>\n\t\t\t\t\t\t\t\t\t<\/div>\n\t\t\t\t<\/div>\n\t\t\t\t<div class=\"elementor-element elementor-element-250b990 elementor-widget elementor-widget-heading\" data-id=\"250b990\" data-element_type=\"widget\" data-e-type=\"widget\" data-widget_type=\"heading.default\">\n\t\t\t\t<div class=\"elementor-widget-container\">\n\t\t\t\t\t<h4 class=\"elementor-heading-title elementor-size-default\">Tipologia de les parcel\u00b7les urbanes, models de casa i fa\u00e7anes de les illes<\/h4>\t\t\t\t<\/div>\n\t\t\t\t<\/div>\n\t\t\t\t<div class=\"elementor-element elementor-element-ca4efb5 elementor-widget elementor-widget-text-editor\" data-id=\"ca4efb5\" data-element_type=\"widget\" data-e-type=\"widget\" data-widget_type=\"text-editor.default\">\n\t\t\t\t<div class=\"elementor-widget-container\">\n\t\t\t\t\t\t\t\t\t<p>Sabem que el conjunt total de parcel\u00b7les residencials fou de 56. El model b\u00e0sic de la parcel\u00b7la va ser un quadrat de 15&#215;15 metres per banda, cosa que significa una superf\u00edcie de 225 m2, amb lleugeres variacions de la seva regularitat adaptades a la lleugera curvatura de la planta del conjunt urb\u00e0, i certes adaptacions particulars.<\/p><p>Al format de l&#8217;habitatge tamb\u00e9 es va optar majorit\u00e0riament per la planta quadrada. O en \u201cL\u201d a les cantoneres.<\/p><p>Al <em>Post<\/em> <a href=\"https:\/\/www.elturistatranquil.com\/ca\/pobles-de-colonitzacio-agraria-dels-monegres-osca-saragossa\/#a010\" target=\"_blank\" rel=\"noopener\">Pobles de colonitzaci\u00f3 agr\u00e0ria dels Monegres<\/a> vaig presentar els models de disposici\u00f3 de la casa a la parcel\u00b7la en qu\u00e8 es van executar tots els projectes del Instituto Nacional de Colonizaci\u00f3n per als poblats.<\/p><p>Les parcel\u00b7les de les cases de colons contenien tres depend\u00e8ncies: l\u2019habitatge (en negre); les depend\u00e8ncies agr\u00e0ries (en ratllat) i el corral (en blanc). Les fletxes signifiquen els punts d\u2019acc\u00e9s a l\u2019habitatge i al corral.<\/p>\t\t\t\t\t\t\t\t<\/div>\n\t\t\t\t<\/div>\n\t\t\t\t<div class=\"elementor-element elementor-element-b4c7d2f elementor-widget elementor-widget-image\" data-id=\"b4c7d2f\" data-element_type=\"widget\" data-e-type=\"widget\" data-widget_type=\"image.default\">\n\t\t\t\t<div class=\"elementor-widget-container\">\n\t\t\t\t\t\t\t\t\t\t\t\t<figure class=\"wp-caption\">\n\t\t\t\t\t\t\t\t\t\t<img loading=\"lazy\" decoding=\"async\" width=\"768\" height=\"512\" src=\"https:\/\/www.elturistatranquil.com\/wp-content\/uploads\/F43-Pueblos-de-Colonizacion.-Modelos-relacion-casa-parcela.jpg\" class=\"attachment-large size-large wp-image-57505\" alt=\"Pueblos de Colonizacion. Modelos relaci\u00f3n-casa-parcela\" srcset=\"https:\/\/www.elturistatranquil.com\/wp-content\/uploads\/F43-Pueblos-de-Colonizacion.-Modelos-relacion-casa-parcela.jpg 768w, https:\/\/www.elturistatranquil.com\/wp-content\/uploads\/F43-Pueblos-de-Colonizacion.-Modelos-relacion-casa-parcela-339x226.jpg 339w\" sizes=\"(max-width: 768px) 100vw, 768px\" \/>\t\t\t\t\t\t\t\t\t\t\t<figcaption class=\"widget-image-caption wp-caption-text\"><\/figcaption>\n\t\t\t\t\t\t\t\t\t\t<\/figure>\n\t\t\t\t\t\t\t\t\t<\/div>\n\t\t\t\t<\/div>\n\t\t\t\t<div class=\"elementor-element elementor-element-4955e70 elementor-widget elementor-widget-text-editor\" data-id=\"4955e70\" data-element_type=\"widget\" data-e-type=\"widget\" data-widget_type=\"text-editor.default\">\n\t\t\t\t<div class=\"elementor-widget-container\">\n\t\t\t\t\t\t\t\t\t<p>A La Rinconada s&#8217;han aplicat exclusivament els models <strong>A<\/strong> i <strong>C<\/strong>. L&#8217;<strong>A<\/strong> amb les dues entrades pel mateix costat i el <strong>C<\/strong> amb entrades per diferent carrer, usualment pel carrer posterior.<\/p><p>El model <strong>C<\/strong> \u00e9s el que permet dissenyar carrers nom\u00e9s amb entrades als corrals, com hem dit que passa als carrers Lalariche i Torre.<\/p><p>Observant el pl\u00e0nol, veiem que la distribuci\u00f3 en planta de tots els habitatges segueix la mateixa estructura, i nom\u00e9s canvia la disposici\u00f3 dels elements estructurals segons la seva disposici\u00f3 al parcel\u00b7lari urb\u00e0.<\/p><p>En funci\u00f3 del nombre de membres de la fam\u00edlia a qu\u00e8 estava destinat l&#8217;allotjament es van dissenyar dos tipus d&#8217;al\u00e7ades.<\/p><p>Aix\u00f2 permetia jugar amb les altures, intercalant d&#8217;una o dues plantes de manera que trencar amb la monotonia.<\/p><p>La seg\u00fcent \u00e9s una casa de <strong>model A d\u2019una planta<\/strong>: porta de l&#8217;habitatge, finestra i porta del corral al mateix costat de la parcel\u00b7la sobre un carrer.<\/p>\t\t\t\t\t\t\t\t<\/div>\n\t\t\t\t<\/div>\n\t\t\t\t<div class=\"elementor-element elementor-element-923df80 elementor-widget elementor-widget-image\" data-id=\"923df80\" data-element_type=\"widget\" data-e-type=\"widget\" data-widget_type=\"image.default\">\n\t\t\t\t<div class=\"elementor-widget-container\">\n\t\t\t\t\t\t\t\t\t\t\t\t<figure class=\"wp-caption\">\n\t\t\t\t\t\t\t\t\t\t<img loading=\"lazy\" decoding=\"async\" width=\"768\" height=\"511\" src=\"https:\/\/www.elturistatranquil.com\/wp-content\/uploads\/F44-La-Rinconada-de-Tajo-Toledo.jpg\" class=\"attachment-large size-large wp-image-57510\" alt=\"La Rinconada de Tajo, Toledo\" srcset=\"https:\/\/www.elturistatranquil.com\/wp-content\/uploads\/F44-La-Rinconada-de-Tajo-Toledo.jpg 768w, https:\/\/www.elturistatranquil.com\/wp-content\/uploads\/F44-La-Rinconada-de-Tajo-Toledo-339x226.jpg 339w\" sizes=\"(max-width: 768px) 100vw, 768px\" \/>\t\t\t\t\t\t\t\t\t\t\t<figcaption class=\"widget-image-caption wp-caption-text\"><\/figcaption>\n\t\t\t\t\t\t\t\t\t\t<\/figure>\n\t\t\t\t\t\t\t\t\t<\/div>\n\t\t\t\t<\/div>\n\t\t\t\t<div class=\"elementor-element elementor-element-ee79dfa elementor-widget elementor-widget-text-editor\" data-id=\"ee79dfa\" data-element_type=\"widget\" data-e-type=\"widget\" data-widget_type=\"text-editor.default\">\n\t\t\t\t<div class=\"elementor-widget-container\">\n\t\t\t\t\t\t\t\t\t<p>De <strong>model C d\u2019una planta<\/strong>: porta de l&#8217;habitatge, finestres sobre un carrer i porta del corral sobre un altre carrer, en aquest cas lateral.<\/p>\t\t\t\t\t\t\t\t<\/div>\n\t\t\t\t<\/div>\n\t\t\t\t<div class=\"elementor-element elementor-element-ef9f0a7 elementor-widget elementor-widget-image\" data-id=\"ef9f0a7\" data-element_type=\"widget\" data-e-type=\"widget\" data-widget_type=\"image.default\">\n\t\t\t\t<div class=\"elementor-widget-container\">\n\t\t\t\t\t\t\t\t\t\t\t\t<figure class=\"wp-caption\">\n\t\t\t\t\t\t\t\t\t\t<img loading=\"lazy\" decoding=\"async\" width=\"768\" height=\"511\" src=\"https:\/\/www.elturistatranquil.com\/wp-content\/uploads\/F45-La-Rinconada-de-Tajo-Toledo.jpg\" class=\"attachment-large size-large wp-image-57512\" alt=\"La Rinconada de Tajo, Toledo\" srcset=\"https:\/\/www.elturistatranquil.com\/wp-content\/uploads\/F45-La-Rinconada-de-Tajo-Toledo.jpg 768w, https:\/\/www.elturistatranquil.com\/wp-content\/uploads\/F45-La-Rinconada-de-Tajo-Toledo-339x226.jpg 339w\" sizes=\"(max-width: 768px) 100vw, 768px\" \/>\t\t\t\t\t\t\t\t\t\t\t<figcaption class=\"widget-image-caption wp-caption-text\"><\/figcaption>\n\t\t\t\t\t\t\t\t\t\t<\/figure>\n\t\t\t\t\t\t\t\t\t<\/div>\n\t\t\t\t<\/div>\n\t\t\t\t<div class=\"elementor-element elementor-element-0889004 elementor-widget elementor-widget-text-editor\" data-id=\"0889004\" data-element_type=\"widget\" data-e-type=\"widget\" data-widget_type=\"text-editor.default\">\n\t\t\t\t<div class=\"elementor-widget-container\">\n\t\t\t\t\t\t\t\t\t<p>De <strong>model C de dues plantes<\/strong>: porta de l\u2019habitatge sobre un carrer i porta del corral sobre el carrer lateral, en aquest cas el carrer , el qual, com sabem, est\u00e0 dedicada exclusivament a accessos als corrals.<\/p>\t\t\t\t\t\t\t\t<\/div>\n\t\t\t\t<\/div>\n\t\t\t\t<div class=\"elementor-element elementor-element-83f91f5 elementor-widget elementor-widget-image\" data-id=\"83f91f5\" data-element_type=\"widget\" data-e-type=\"widget\" data-widget_type=\"image.default\">\n\t\t\t\t<div class=\"elementor-widget-container\">\n\t\t\t\t\t\t\t\t\t\t\t\t<figure class=\"wp-caption\">\n\t\t\t\t\t\t\t\t\t\t<img loading=\"lazy\" decoding=\"async\" width=\"768\" height=\"512\" src=\"https:\/\/www.elturistatranquil.com\/wp-content\/uploads\/F46-La-Rinconada-de-Tajo-Toledo.jpg\" class=\"attachment-large size-large wp-image-57514\" alt=\"La Rinconada de Tajo, Toledo\" srcset=\"https:\/\/www.elturistatranquil.com\/wp-content\/uploads\/F46-La-Rinconada-de-Tajo-Toledo.jpg 768w, https:\/\/www.elturistatranquil.com\/wp-content\/uploads\/F46-La-Rinconada-de-Tajo-Toledo-339x226.jpg 339w\" sizes=\"(max-width: 768px) 100vw, 768px\" \/>\t\t\t\t\t\t\t\t\t\t\t<figcaption class=\"widget-image-caption wp-caption-text\"><\/figcaption>\n\t\t\t\t\t\t\t\t\t\t<\/figure>\n\t\t\t\t\t\t\t\t\t<\/div>\n\t\t\t\t<\/div>\n\t\t\t\t<div class=\"elementor-element elementor-element-2589346 elementor-widget elementor-widget-text-editor\" data-id=\"2589346\" data-element_type=\"widget\" data-e-type=\"widget\" data-widget_type=\"text-editor.default\">\n\t\t\t\t<div class=\"elementor-widget-container\">\n\t\t\t\t\t\t\t\t\t<p>Alternan\u00e7a d&#8217;al\u00e7ades per trencar la monotonia i plantes del model A.<\/p>\t\t\t\t\t\t\t\t<\/div>\n\t\t\t\t<\/div>\n\t\t\t\t<div class=\"elementor-element elementor-element-588b832 elementor-widget elementor-widget-image\" data-id=\"588b832\" data-element_type=\"widget\" data-e-type=\"widget\" data-widget_type=\"image.default\">\n\t\t\t\t<div class=\"elementor-widget-container\">\n\t\t\t\t\t\t\t\t\t\t\t\t<figure class=\"wp-caption\">\n\t\t\t\t\t\t\t\t\t\t<img loading=\"lazy\" decoding=\"async\" width=\"768\" height=\"511\" src=\"https:\/\/www.elturistatranquil.com\/wp-content\/uploads\/F47-La-Rinconada-de-Tajo-Toledo.jpg\" class=\"attachment-large size-large wp-image-57516\" alt=\"La Rinconada de Tajo, Toledo\" srcset=\"https:\/\/www.elturistatranquil.com\/wp-content\/uploads\/F47-La-Rinconada-de-Tajo-Toledo.jpg 768w, https:\/\/www.elturistatranquil.com\/wp-content\/uploads\/F47-La-Rinconada-de-Tajo-Toledo-339x226.jpg 339w\" sizes=\"(max-width: 768px) 100vw, 768px\" \/>\t\t\t\t\t\t\t\t\t\t\t<figcaption class=\"widget-image-caption wp-caption-text\"><\/figcaption>\n\t\t\t\t\t\t\t\t\t\t<\/figure>\n\t\t\t\t\t\t\t\t\t<\/div>\n\t\t\t\t<\/div>\n\t\t\t\t<div class=\"elementor-element elementor-element-792a6b3 elementor-widget elementor-widget-image\" data-id=\"792a6b3\" data-element_type=\"widget\" data-e-type=\"widget\" data-widget_type=\"image.default\">\n\t\t\t\t<div class=\"elementor-widget-container\">\n\t\t\t\t\t\t\t\t\t\t\t\t<figure class=\"wp-caption\">\n\t\t\t\t\t\t\t\t\t\t<img loading=\"lazy\" decoding=\"async\" width=\"768\" height=\"512\" src=\"https:\/\/www.elturistatranquil.com\/wp-content\/uploads\/F48-La-Rinconada-de-Tajo-Toledo.jpg\" class=\"attachment-large size-large wp-image-57518\" alt=\"La Rinconada de Tajo, Toledo\" srcset=\"https:\/\/www.elturistatranquil.com\/wp-content\/uploads\/F48-La-Rinconada-de-Tajo-Toledo.jpg 768w, https:\/\/www.elturistatranquil.com\/wp-content\/uploads\/F48-La-Rinconada-de-Tajo-Toledo-339x226.jpg 339w\" sizes=\"(max-width: 768px) 100vw, 768px\" \/>\t\t\t\t\t\t\t\t\t\t\t<figcaption class=\"widget-image-caption wp-caption-text\"><\/figcaption>\n\t\t\t\t\t\t\t\t\t\t<\/figure>\n\t\t\t\t\t\t\t\t\t<\/div>\n\t\t\t\t<\/div>\n\t\t\t\t<div class=\"elementor-element elementor-element-ed976a5 elementor-widget elementor-widget-image\" data-id=\"ed976a5\" data-element_type=\"widget\" data-e-type=\"widget\" data-widget_type=\"image.default\">\n\t\t\t\t<div class=\"elementor-widget-container\">\n\t\t\t\t\t\t\t\t\t\t\t\t<figure class=\"wp-caption\">\n\t\t\t\t\t\t\t\t\t\t<img loading=\"lazy\" decoding=\"async\" width=\"768\" height=\"512\" src=\"https:\/\/www.elturistatranquil.com\/wp-content\/uploads\/F14-La-Rinconada-de-Tajo-Toledo.jpg\" class=\"attachment-large size-large wp-image-57435\" alt=\"La Rinconada de Tajo, Toledo\" srcset=\"https:\/\/www.elturistatranquil.com\/wp-content\/uploads\/F14-La-Rinconada-de-Tajo-Toledo.jpg 768w, https:\/\/www.elturistatranquil.com\/wp-content\/uploads\/F14-La-Rinconada-de-Tajo-Toledo-339x226.jpg 339w\" sizes=\"(max-width: 768px) 100vw, 768px\" \/>\t\t\t\t\t\t\t\t\t\t\t<figcaption class=\"widget-image-caption wp-caption-text\"><\/figcaption>\n\t\t\t\t\t\t\t\t\t\t<\/figure>\n\t\t\t\t\t\t\t\t\t<\/div>\n\t\t\t\t<\/div>\n\t\t\t\t<div class=\"elementor-element elementor-element-6de24ed elementor-widget elementor-widget-text-editor\" data-id=\"6de24ed\" data-element_type=\"widget\" data-e-type=\"widget\" data-widget_type=\"text-editor.default\">\n\t\t\t\t<div class=\"elementor-widget-container\">\n\t\t\t\t\t\t\t\t\t<p>Als carrers on nom\u00e9s s&#8217;accedeix als corrals, com no se&#8217;ls considera carrers de ve\u00efnatge, no cal cuidar la monotonia ni l&#8217;est\u00e8tica en general. En part la monotonia queda trencada per l&#8217;al\u00e7ada m\u00e9s gran dels cossos d&#8217;allotjament d&#8217;activitat agr\u00e0ria (eines, animals, etc.).<\/p>\t\t\t\t\t\t\t\t<\/div>\n\t\t\t\t<\/div>\n\t\t\t\t<div class=\"elementor-element elementor-element-36711e8 elementor-widget elementor-widget-image\" data-id=\"36711e8\" data-element_type=\"widget\" data-e-type=\"widget\" data-widget_type=\"image.default\">\n\t\t\t\t<div class=\"elementor-widget-container\">\n\t\t\t\t\t\t\t\t\t\t\t\t<figure class=\"wp-caption\">\n\t\t\t\t\t\t\t\t\t\t<img loading=\"lazy\" decoding=\"async\" width=\"768\" height=\"512\" src=\"https:\/\/www.elturistatranquil.com\/wp-content\/uploads\/F16-La-Rinconada-de-Tajo-Toledo.jpg\" class=\"attachment-large size-large wp-image-57439\" alt=\"La Rinconada de Tajo, Toledo\" srcset=\"https:\/\/www.elturistatranquil.com\/wp-content\/uploads\/F16-La-Rinconada-de-Tajo-Toledo.jpg 768w, https:\/\/www.elturistatranquil.com\/wp-content\/uploads\/F16-La-Rinconada-de-Tajo-Toledo-339x226.jpg 339w\" sizes=\"(max-width: 768px) 100vw, 768px\" \/>\t\t\t\t\t\t\t\t\t\t\t<figcaption class=\"widget-image-caption wp-caption-text\"><\/figcaption>\n\t\t\t\t\t\t\t\t\t\t<\/figure>\n\t\t\t\t\t\t\t\t\t<\/div>\n\t\t\t\t<\/div>\n\t\t\t\t<div class=\"elementor-element elementor-element-fb60663 elementor-widget elementor-widget-heading\" data-id=\"fb60663\" data-element_type=\"widget\" data-e-type=\"widget\" data-widget_type=\"heading.default\">\n\t\t\t\t<div class=\"elementor-widget-container\">\n\t\t\t\t\t<h2 class=\"elementor-heading-title elementor-size-default\">Fi de la visita<\/h2>\t\t\t\t<\/div>\n\t\t\t\t<\/div>\n\t\t\t\t<div class=\"elementor-element elementor-element-e27d2b2 elementor-widget elementor-widget-text-editor\" data-id=\"e27d2b2\" data-element_type=\"widget\" data-e-type=\"widget\" data-widget_type=\"text-editor.default\">\n\t\t\t\t<div class=\"elementor-widget-container\">\n\t\t\t\t\t\t\t\t\t<p>El poble de <strong>La Rinconada de Tajo<\/strong> mant\u00e9 intactes les seves estructures i edificacions i amb una m\u00ednima expansi\u00f3 territorial. Gaireb\u00e9 podr\u00edem dir que \u00e9s un poble fossilitzat urban\u00edsticament, per\u00f2 no mort.<\/p><p>Els canvis patits per les t\u00e8cniques de producci\u00f3 agr\u00e0ria des dels anys cinquanta del segle passat en qu\u00e8 va ser concebut fins a l&#8217;actualitat, amb l&#8217;expansi\u00f3 del maquinisme, fa innecess\u00e0ria l&#8217;estructura de treball agr\u00e0ria basada en la unitat familiar de producci\u00f3.<\/p><p>Com a conseq\u00fc\u00e8ncia, s\u00f3n precises moltes menys fam\u00edlies alhora que cal m\u00e9s quantitat de superf\u00edcie a llaurar per fam\u00edlia. El resultat ha estat, com a tot el sector agrari, la disminuci\u00f3 de la poblaci\u00f3, at\u00e8s que les descend\u00e8ncies no trobaven llocs de treball a la pr\u00f2pia localitat.<\/p><p>He dit fossilitzada en el sentit que, en estar concebuts aquests poblats \u00fanica i exclusivament per desenvolupar activitats lligues al territori agr\u00edcola circumdant, sense possibilitat d&#8217;introduir un altre tipus d&#8217;activitats m\u00e9s intensives en l&#8217;\u00fas del s\u00f2l desvinculades de l&#8217;agricultura, fossin ind\u00fastries o serveis, ha fet impossible introduir un m\u00ednim de modernitzaci\u00f3 urb\u00e0-social i, \u00e9s en aquest sentit, que perviuen.<\/p><p>La pr\u00f2pia din\u00e0mica de disminuci\u00f3 poblacional (dels 250 aproximadament previstos inicialment, al m\u00e0xim de 321 als anys 60, als 85 actuals) ha fet desapar\u00e8ixer tots els serveis implantats inicialment: escola, comer\u00e7os, tallers. Nom\u00e9s un servei no comercial com l&#8217;esgl\u00e9sia mant\u00e9 parcialment les funcions.<\/p><p>El bon estat de tot el parc residencial dona a entendre que els habitatges estan ocupats una part per agricultors, altres per antics colons que romanen a la seva resid\u00e8ncia una vegada jubilats i, previsiblement la part important, com a resid\u00e8ncia secund\u00e0ria per als descendents dels colons.<\/p><p>Aquesta bona cura estructural fa de <strong>La Rinconada de Tajo<\/strong> gaireb\u00e9 una ciutat-jard\u00ed, tranquil\u00b7la i a\u00efllada, com crec que les fotografies ajuden a interpretar.<\/p><p>En resum, excepte per una limitada expansi\u00f3 arran les <strong>Rondes<\/strong>, La Rinconada de Tajo conserva intactes les caracter\u00edstiques arquitect\u00f2niques i urban\u00edstiques pr\u00f2pies dels pobles de colonitzaci\u00f3, la qual cosa la converteix en un interessant lloc d&#8217;observaci\u00f3 per comprendre les din\u00e0miques de planificaci\u00f3 territorial del projecte de colonitzaci\u00f3 agr\u00e0ria del Instituto Nacional de Colonizaci\u00f3n i de part de la pol\u00edtica agr\u00e0ria.<\/p><p>Podem considerar que els reptes significatius que es presenten a <strong>La Rinconada de Tajo <\/strong>estan relacionats amb la sostenibilitat demogr\u00e0fica, la viabilitat econ\u00f2mica i la preservaci\u00f3 del seu patrimoni.<\/p>\t\t\t\t\t\t\t\t<\/div>\n\t\t\t\t<\/div>\n\t\t\t\t<div class=\"elementor-element elementor-element-306e53f elementor-widget elementor-widget-heading\" data-id=\"306e53f\" data-element_type=\"widget\" data-e-type=\"widget\" data-widget_type=\"heading.default\">\n\t\t\t\t<div class=\"elementor-widget-container\">\n\t\t\t\t\t<h2 class=\"elementor-heading-title elementor-size-default\">Bases d\u2019informaci\u00f3<\/h2>\t\t\t\t<\/div>\n\t\t\t\t<\/div>\n\t\t\t\t<div class=\"elementor-element elementor-element-405c9232 elementor-widget elementor-widget-text-editor\" data-id=\"405c9232\" data-element_type=\"widget\" data-e-type=\"widget\" data-widget_type=\"text-editor.default\">\n\t\t\t\t<div class=\"elementor-widget-container\">\n\t\t\t\t\t\t\t\t\t<p><strong>Webs<\/strong><\/p><p><a href=\"https:\/\/www.larinconadadetajo.es\/historia-rinconada\" target=\"_blank\" rel=\"noopener\">larinconadadetajo<\/a><br \/><a href=\"https:\/\/es.wikipedia.org\/wiki\/La_Rinconada_de_Tajo\" target=\"_blank\" rel=\"noopener\">wikipedia<\/a><br \/><a href=\"https:\/\/es.wikipedia.org\/wiki\/Anexo:Poblados_del_Instituto_Nacional_de_Colonizaci%C3%B3n\" target=\"_blank\" rel=\"noopener\">wikipedia.Anexo:Poblados<\/a><br \/><a href=\"https:\/\/www.diputoledo.es\/global\/11\/50\/169\/dir_municipios\/R\/45502\" target=\"_blank\" rel=\"noopener\">diputoledo<\/a><br \/><a href=\"https:\/\/www.cmmedia.es\/tv\/ancha-es-castilla-la-mancha\/pepe-ultimo-colono-rinconada-tajo.html\" target=\"_blank\" rel=\"noopener\">cmmedia<\/a><br \/><a href=\"https:\/\/www.latribunadetoledo.es\/noticia\/zd9c3743e-db9b-b702-c658b2770a3b6a1d\/202306\/el-ultimo-colono-de-la-rinconada-de-tajo\" target=\"_blank\" rel=\"noopener\">latribunadetoledo<\/a><br \/>Ralero Rojas, Isabel (2023). <a href=\"https:\/\/www.realacademiatoledo.es\/downloads\/noticias\/57\/nuevo-anexo-al-toletum-sesion-en-talavera-6-de-mayo-de-2022.pdf#page=33\" target=\"_blank\" rel=\"noopener\"><em>Los colonos del agua: una mirada antropol\u00f3gica del Instituto Nacional De Colonizaci\u00f3n en la comarca de Talavera de la Reina <\/em><\/a><\/p>\t\t\t\t\t\t\t\t<\/div>\n\t\t\t\t<\/div>\n\t\t\t\t\t<\/div>\n\t\t<\/div>\n\t\t\t\t\t<\/div>\n\t\t<\/section>\n\t\t\t\t<\/div>\n\t\t","protected":false},"excerpt":{"rendered":"<p>La Rinconada de Tajo (Toledo) \u00e9s un exemple dels pobles de colonitzaci\u00f3 del franquisme. L&#8217;a\u00efllament de la seva localitzaci\u00f3 i la seva expansi\u00f3 nul\u00b7la ha possibilitat la seva conservaci\u00f3 fins &#8230; <a title=\"La Rinconada de Tajo, poble de colonitzaci\u00f3 (Toledo)\" class=\"read-more\" href=\"https:\/\/www.elturistatranquil.com\/ca\/la-rinconada-de-tajo-poble-de-colonitzacio-toledo\/\" aria-label=\"M\u00e9s informaci\u00f3 sobre La Rinconada de Tajo, poble de colonitzaci\u00f3 (Toledo)\">[ &#8230; ]<\/a><\/p>\n","protected":false},"author":1,"featured_media":57398,"comment_status":"open","ping_status":"closed","sticky":false,"template":"","format":"standard","meta":{"footnotes":""},"categories":[249,78,69,99,100,107,216,152],"tags":[],"class_list":["post-57534","post","type-post","status-publish","format-standard","has-post-thumbnail","hentry","category-assentments-programats","category-cultura-rural-ca","category-arqueologia-industrial-ca","category-poble","category-pobles-i-ciutats-amb-interes","category-segle-xx-xxi","category-toledo-ca","category-urbanisme","infinite-scroll-item","generate-columns","tablet-grid-50","mobile-grid-100","grid-parent","grid-50","no-featured-image-padding"],"yoast_head":"<!-- This site is optimized with the Yoast SEO plugin v27.4 - https:\/\/yoast.com\/product\/yoast-seo-wordpress\/ -->\n<title>La Rinconada de Tajo, poble de colonitzaci\u00f3 (Toledo) - El turista tranquil<\/title>\n<meta name=\"description\" content=\"La Rinconada de Tajo (Toledo) \u00e9s un exemple dels pobles de colonitzaci\u00f3 del franquisme. L&#039;a\u00efllament de la seva localitzaci\u00f3 i la seva expansi\u00f3 nul\u00b7la ha possibilitat la seva conservaci\u00f3 fins a l&#039;actualitat gaireb\u00e9 com va ser dissenyada, per la qual cosa representa un valu\u00f3s testimoni de les pol\u00edtiques agr\u00e0ries de mitjans segle XX.\" \/>\n<meta name=\"robots\" content=\"index, follow, max-snippet:-1, max-image-preview:large, max-video-preview:-1\" \/>\n<link rel=\"canonical\" href=\"https:\/\/www.elturistatranquil.com\/ca\/la-rinconada-de-tajo-poble-de-colonitzacio-toledo\/\" \/>\n<meta property=\"og:locale\" content=\"ca_ES\" \/>\n<meta property=\"og:type\" content=\"article\" \/>\n<meta property=\"og:title\" content=\"La Rinconada de Tajo, poble de colonitzaci\u00f3 (Toledo) - El turista tranquil\" \/>\n<meta property=\"og:description\" content=\"La Rinconada de Tajo (Toledo) \u00e9s un exemple dels pobles de colonitzaci\u00f3 del franquisme. L&#039;a\u00efllament de la seva localitzaci\u00f3 i la seva expansi\u00f3 nul\u00b7la ha possibilitat la seva conservaci\u00f3 fins a l&#039;actualitat gaireb\u00e9 com va ser dissenyada, per la qual cosa representa un valu\u00f3s testimoni de les pol\u00edtiques agr\u00e0ries de mitjans segle XX.\" \/>\n<meta property=\"og:url\" content=\"https:\/\/www.elturistatranquil.com\/ca\/la-rinconada-de-tajo-poble-de-colonitzacio-toledo\/\" \/>\n<meta property=\"og:site_name\" content=\"El turista tranquil\" \/>\n<meta property=\"article:publisher\" content=\"https:\/\/www.facebook.com\/elturistatranquilo\/\" \/>\n<meta property=\"article:published_time\" content=\"2025-04-12T07:37:17+00:00\" \/>\n<meta property=\"article:modified_time\" content=\"2025-09-06T09:36:59+00:00\" \/>\n<meta property=\"og:image\" content=\"https:\/\/www.elturistatranquil.com\/wp-content\/uploads\/F00-La-Rinconada-de-Tajo-Toledo.jpg\" \/>\n\t<meta property=\"og:image:width\" content=\"768\" \/>\n\t<meta property=\"og:image:height\" content=\"512\" \/>\n\t<meta property=\"og:image:type\" content=\"image\/jpeg\" \/>\n<meta name=\"author\" content=\"admin\" \/>\n<meta name=\"twitter:card\" content=\"summary_large_image\" \/>\n<meta name=\"twitter:label1\" content=\"Escrit per\" \/>\n\t<meta name=\"twitter:data1\" content=\"admin\" \/>\n\t<meta name=\"twitter:label2\" content=\"Temps estimat de lectura\" \/>\n\t<meta name=\"twitter:data2\" content=\"26 minuts\" \/>\n<script type=\"application\/ld+json\" class=\"yoast-schema-graph\">{\"@context\":\"https:\\\/\\\/schema.org\",\"@graph\":[{\"@type\":\"Article\",\"@id\":\"https:\\\/\\\/www.elturistatranquil.com\\\/ca\\\/la-rinconada-de-tajo-poble-de-colonitzacio-toledo\\\/#article\",\"isPartOf\":{\"@id\":\"https:\\\/\\\/www.elturistatranquil.com\\\/ca\\\/la-rinconada-de-tajo-poble-de-colonitzacio-toledo\\\/\"},\"author\":{\"name\":\"admin\",\"@id\":\"https:\\\/\\\/www.elturistatranquil.com\\\/ca\\\/#\\\/schema\\\/person\\\/16f607c3079b96ed0c530a52e6b58bb5\"},\"headline\":\"La Rinconada de Tajo, poble de colonitzaci\u00f3 (Toledo)\",\"datePublished\":\"2025-04-12T07:37:17+00:00\",\"dateModified\":\"2025-09-06T09:36:59+00:00\",\"mainEntityOfPage\":{\"@id\":\"https:\\\/\\\/www.elturistatranquil.com\\\/ca\\\/la-rinconada-de-tajo-poble-de-colonitzacio-toledo\\\/\"},\"wordCount\":3062,\"commentCount\":0,\"image\":{\"@id\":\"https:\\\/\\\/www.elturistatranquil.com\\\/ca\\\/la-rinconada-de-tajo-poble-de-colonitzacio-toledo\\\/#primaryimage\"},\"thumbnailUrl\":\"https:\\\/\\\/www.elturistatranquil.com\\\/wp-content\\\/uploads\\\/F00-La-Rinconada-de-Tajo-Toledo.jpg\",\"articleSection\":[\"Assentaments programats\",\"Cultura rural\",\"Patrimoni econ\u00f2mic\\\/productiu\",\"Poble\",\"Pobles i ciutats amb inter\u00e9s\",\"Segle XX-XXI\",\"Toledo\",\"Urbanisme\"],\"inLanguage\":\"ca\",\"potentialAction\":[{\"@type\":\"CommentAction\",\"name\":\"Comment\",\"target\":[\"https:\\\/\\\/www.elturistatranquil.com\\\/ca\\\/la-rinconada-de-tajo-poble-de-colonitzacio-toledo\\\/#respond\"]}]},{\"@type\":\"WebPage\",\"@id\":\"https:\\\/\\\/www.elturistatranquil.com\\\/ca\\\/la-rinconada-de-tajo-poble-de-colonitzacio-toledo\\\/\",\"url\":\"https:\\\/\\\/www.elturistatranquil.com\\\/ca\\\/la-rinconada-de-tajo-poble-de-colonitzacio-toledo\\\/\",\"name\":\"La Rinconada de Tajo, poble de colonitzaci\u00f3 (Toledo) - El turista tranquil\",\"isPartOf\":{\"@id\":\"https:\\\/\\\/www.elturistatranquil.com\\\/ca\\\/#website\"},\"primaryImageOfPage\":{\"@id\":\"https:\\\/\\\/www.elturistatranquil.com\\\/ca\\\/la-rinconada-de-tajo-poble-de-colonitzacio-toledo\\\/#primaryimage\"},\"image\":{\"@id\":\"https:\\\/\\\/www.elturistatranquil.com\\\/ca\\\/la-rinconada-de-tajo-poble-de-colonitzacio-toledo\\\/#primaryimage\"},\"thumbnailUrl\":\"https:\\\/\\\/www.elturistatranquil.com\\\/wp-content\\\/uploads\\\/F00-La-Rinconada-de-Tajo-Toledo.jpg\",\"datePublished\":\"2025-04-12T07:37:17+00:00\",\"dateModified\":\"2025-09-06T09:36:59+00:00\",\"author\":{\"@id\":\"https:\\\/\\\/www.elturistatranquil.com\\\/ca\\\/#\\\/schema\\\/person\\\/16f607c3079b96ed0c530a52e6b58bb5\"},\"description\":\"La Rinconada de Tajo (Toledo) \u00e9s un exemple dels pobles de colonitzaci\u00f3 del franquisme. L'a\u00efllament de la seva localitzaci\u00f3 i la seva expansi\u00f3 nul\u00b7la ha possibilitat la seva conservaci\u00f3 fins a l'actualitat gaireb\u00e9 com va ser dissenyada, per la qual cosa representa un valu\u00f3s testimoni de les pol\u00edtiques agr\u00e0ries de mitjans segle XX.\",\"breadcrumb\":{\"@id\":\"https:\\\/\\\/www.elturistatranquil.com\\\/ca\\\/la-rinconada-de-tajo-poble-de-colonitzacio-toledo\\\/#breadcrumb\"},\"inLanguage\":\"ca\",\"potentialAction\":[{\"@type\":\"ReadAction\",\"target\":[\"https:\\\/\\\/www.elturistatranquil.com\\\/ca\\\/la-rinconada-de-tajo-poble-de-colonitzacio-toledo\\\/\"]}]},{\"@type\":\"ImageObject\",\"inLanguage\":\"ca\",\"@id\":\"https:\\\/\\\/www.elturistatranquil.com\\\/ca\\\/la-rinconada-de-tajo-poble-de-colonitzacio-toledo\\\/#primaryimage\",\"url\":\"https:\\\/\\\/www.elturistatranquil.com\\\/wp-content\\\/uploads\\\/F00-La-Rinconada-de-Tajo-Toledo.jpg\",\"contentUrl\":\"https:\\\/\\\/www.elturistatranquil.com\\\/wp-content\\\/uploads\\\/F00-La-Rinconada-de-Tajo-Toledo.jpg\",\"width\":768,\"height\":512,\"caption\":\"La Rinconada de Tajo, Toledo\"},{\"@type\":\"BreadcrumbList\",\"@id\":\"https:\\\/\\\/www.elturistatranquil.com\\\/ca\\\/la-rinconada-de-tajo-poble-de-colonitzacio-toledo\\\/#breadcrumb\",\"itemListElement\":[{\"@type\":\"ListItem\",\"position\":1,\"name\":\"Portada\",\"item\":\"https:\\\/\\\/www.elturistatranquil.com\\\/ca\\\/\"},{\"@type\":\"ListItem\",\"position\":2,\"name\":\"La Rinconada de Tajo, poble de colonitzaci\u00f3 (Toledo)\"}]},{\"@type\":\"WebSite\",\"@id\":\"https:\\\/\\\/www.elturistatranquil.com\\\/ca\\\/#website\",\"url\":\"https:\\\/\\\/www.elturistatranquil.com\\\/ca\\\/\",\"name\":\"El turista tranquil\",\"description\":\"Blog de viatges\",\"potentialAction\":[{\"@type\":\"SearchAction\",\"target\":{\"@type\":\"EntryPoint\",\"urlTemplate\":\"https:\\\/\\\/www.elturistatranquil.com\\\/ca\\\/?s={search_term_string}\"},\"query-input\":{\"@type\":\"PropertyValueSpecification\",\"valueRequired\":true,\"valueName\":\"search_term_string\"}}],\"inLanguage\":\"ca\"},{\"@type\":\"Person\",\"@id\":\"https:\\\/\\\/www.elturistatranquil.com\\\/ca\\\/#\\\/schema\\\/person\\\/16f607c3079b96ed0c530a52e6b58bb5\",\"name\":\"admin\",\"image\":{\"@type\":\"ImageObject\",\"inLanguage\":\"ca\",\"@id\":\"https:\\\/\\\/secure.gravatar.com\\\/avatar\\\/1fbaf22aee75fcbb29a2f97b107f95d25d3a19b7c3416105be10269872673e8d?s=96&d=mm&r=g\",\"url\":\"https:\\\/\\\/secure.gravatar.com\\\/avatar\\\/1fbaf22aee75fcbb29a2f97b107f95d25d3a19b7c3416105be10269872673e8d?s=96&d=mm&r=g\",\"contentUrl\":\"https:\\\/\\\/secure.gravatar.com\\\/avatar\\\/1fbaf22aee75fcbb29a2f97b107f95d25d3a19b7c3416105be10269872673e8d?s=96&d=mm&r=g\",\"caption\":\"admin\"}}]}<\/script>\n<!-- \/ Yoast SEO plugin. -->","yoast_head_json":{"title":"La Rinconada de Tajo, poble de colonitzaci\u00f3 (Toledo) - El turista tranquil","description":"La Rinconada de Tajo (Toledo) \u00e9s un exemple dels pobles de colonitzaci\u00f3 del franquisme. L'a\u00efllament de la seva localitzaci\u00f3 i la seva expansi\u00f3 nul\u00b7la ha possibilitat la seva conservaci\u00f3 fins a l'actualitat gaireb\u00e9 com va ser dissenyada, per la qual cosa representa un valu\u00f3s testimoni de les pol\u00edtiques agr\u00e0ries de mitjans segle XX.","robots":{"index":"index","follow":"follow","max-snippet":"max-snippet:-1","max-image-preview":"max-image-preview:large","max-video-preview":"max-video-preview:-1"},"canonical":"https:\/\/www.elturistatranquil.com\/ca\/la-rinconada-de-tajo-poble-de-colonitzacio-toledo\/","og_locale":"ca_ES","og_type":"article","og_title":"La Rinconada de Tajo, poble de colonitzaci\u00f3 (Toledo) - El turista tranquil","og_description":"La Rinconada de Tajo (Toledo) \u00e9s un exemple dels pobles de colonitzaci\u00f3 del franquisme. L'a\u00efllament de la seva localitzaci\u00f3 i la seva expansi\u00f3 nul\u00b7la ha possibilitat la seva conservaci\u00f3 fins a l'actualitat gaireb\u00e9 com va ser dissenyada, per la qual cosa representa un valu\u00f3s testimoni de les pol\u00edtiques agr\u00e0ries de mitjans segle XX.","og_url":"https:\/\/www.elturistatranquil.com\/ca\/la-rinconada-de-tajo-poble-de-colonitzacio-toledo\/","og_site_name":"El turista tranquil","article_publisher":"https:\/\/www.facebook.com\/elturistatranquilo\/","article_published_time":"2025-04-12T07:37:17+00:00","article_modified_time":"2025-09-06T09:36:59+00:00","og_image":[{"width":768,"height":512,"url":"https:\/\/www.elturistatranquil.com\/wp-content\/uploads\/F00-La-Rinconada-de-Tajo-Toledo.jpg","type":"image\/jpeg"}],"author":"admin","twitter_card":"summary_large_image","twitter_misc":{"Escrit per":"admin","Temps estimat de lectura":"26 minuts"},"schema":{"@context":"https:\/\/schema.org","@graph":[{"@type":"Article","@id":"https:\/\/www.elturistatranquil.com\/ca\/la-rinconada-de-tajo-poble-de-colonitzacio-toledo\/#article","isPartOf":{"@id":"https:\/\/www.elturistatranquil.com\/ca\/la-rinconada-de-tajo-poble-de-colonitzacio-toledo\/"},"author":{"name":"admin","@id":"https:\/\/www.elturistatranquil.com\/ca\/#\/schema\/person\/16f607c3079b96ed0c530a52e6b58bb5"},"headline":"La Rinconada de Tajo, poble de colonitzaci\u00f3 (Toledo)","datePublished":"2025-04-12T07:37:17+00:00","dateModified":"2025-09-06T09:36:59+00:00","mainEntityOfPage":{"@id":"https:\/\/www.elturistatranquil.com\/ca\/la-rinconada-de-tajo-poble-de-colonitzacio-toledo\/"},"wordCount":3062,"commentCount":0,"image":{"@id":"https:\/\/www.elturistatranquil.com\/ca\/la-rinconada-de-tajo-poble-de-colonitzacio-toledo\/#primaryimage"},"thumbnailUrl":"https:\/\/www.elturistatranquil.com\/wp-content\/uploads\/F00-La-Rinconada-de-Tajo-Toledo.jpg","articleSection":["Assentaments programats","Cultura rural","Patrimoni econ\u00f2mic\/productiu","Poble","Pobles i ciutats amb inter\u00e9s","Segle XX-XXI","Toledo","Urbanisme"],"inLanguage":"ca","potentialAction":[{"@type":"CommentAction","name":"Comment","target":["https:\/\/www.elturistatranquil.com\/ca\/la-rinconada-de-tajo-poble-de-colonitzacio-toledo\/#respond"]}]},{"@type":"WebPage","@id":"https:\/\/www.elturistatranquil.com\/ca\/la-rinconada-de-tajo-poble-de-colonitzacio-toledo\/","url":"https:\/\/www.elturistatranquil.com\/ca\/la-rinconada-de-tajo-poble-de-colonitzacio-toledo\/","name":"La Rinconada de Tajo, poble de colonitzaci\u00f3 (Toledo) - El turista tranquil","isPartOf":{"@id":"https:\/\/www.elturistatranquil.com\/ca\/#website"},"primaryImageOfPage":{"@id":"https:\/\/www.elturistatranquil.com\/ca\/la-rinconada-de-tajo-poble-de-colonitzacio-toledo\/#primaryimage"},"image":{"@id":"https:\/\/www.elturistatranquil.com\/ca\/la-rinconada-de-tajo-poble-de-colonitzacio-toledo\/#primaryimage"},"thumbnailUrl":"https:\/\/www.elturistatranquil.com\/wp-content\/uploads\/F00-La-Rinconada-de-Tajo-Toledo.jpg","datePublished":"2025-04-12T07:37:17+00:00","dateModified":"2025-09-06T09:36:59+00:00","author":{"@id":"https:\/\/www.elturistatranquil.com\/ca\/#\/schema\/person\/16f607c3079b96ed0c530a52e6b58bb5"},"description":"La Rinconada de Tajo (Toledo) \u00e9s un exemple dels pobles de colonitzaci\u00f3 del franquisme. L'a\u00efllament de la seva localitzaci\u00f3 i la seva expansi\u00f3 nul\u00b7la ha possibilitat la seva conservaci\u00f3 fins a l'actualitat gaireb\u00e9 com va ser dissenyada, per la qual cosa representa un valu\u00f3s testimoni de les pol\u00edtiques agr\u00e0ries de mitjans segle XX.","breadcrumb":{"@id":"https:\/\/www.elturistatranquil.com\/ca\/la-rinconada-de-tajo-poble-de-colonitzacio-toledo\/#breadcrumb"},"inLanguage":"ca","potentialAction":[{"@type":"ReadAction","target":["https:\/\/www.elturistatranquil.com\/ca\/la-rinconada-de-tajo-poble-de-colonitzacio-toledo\/"]}]},{"@type":"ImageObject","inLanguage":"ca","@id":"https:\/\/www.elturistatranquil.com\/ca\/la-rinconada-de-tajo-poble-de-colonitzacio-toledo\/#primaryimage","url":"https:\/\/www.elturistatranquil.com\/wp-content\/uploads\/F00-La-Rinconada-de-Tajo-Toledo.jpg","contentUrl":"https:\/\/www.elturistatranquil.com\/wp-content\/uploads\/F00-La-Rinconada-de-Tajo-Toledo.jpg","width":768,"height":512,"caption":"La Rinconada de Tajo, Toledo"},{"@type":"BreadcrumbList","@id":"https:\/\/www.elturistatranquil.com\/ca\/la-rinconada-de-tajo-poble-de-colonitzacio-toledo\/#breadcrumb","itemListElement":[{"@type":"ListItem","position":1,"name":"Portada","item":"https:\/\/www.elturistatranquil.com\/ca\/"},{"@type":"ListItem","position":2,"name":"La Rinconada de Tajo, poble de colonitzaci\u00f3 (Toledo)"}]},{"@type":"WebSite","@id":"https:\/\/www.elturistatranquil.com\/ca\/#website","url":"https:\/\/www.elturistatranquil.com\/ca\/","name":"El turista tranquil","description":"Blog de viatges","potentialAction":[{"@type":"SearchAction","target":{"@type":"EntryPoint","urlTemplate":"https:\/\/www.elturistatranquil.com\/ca\/?s={search_term_string}"},"query-input":{"@type":"PropertyValueSpecification","valueRequired":true,"valueName":"search_term_string"}}],"inLanguage":"ca"},{"@type":"Person","@id":"https:\/\/www.elturistatranquil.com\/ca\/#\/schema\/person\/16f607c3079b96ed0c530a52e6b58bb5","name":"admin","image":{"@type":"ImageObject","inLanguage":"ca","@id":"https:\/\/secure.gravatar.com\/avatar\/1fbaf22aee75fcbb29a2f97b107f95d25d3a19b7c3416105be10269872673e8d?s=96&d=mm&r=g","url":"https:\/\/secure.gravatar.com\/avatar\/1fbaf22aee75fcbb29a2f97b107f95d25d3a19b7c3416105be10269872673e8d?s=96&d=mm&r=g","contentUrl":"https:\/\/secure.gravatar.com\/avatar\/1fbaf22aee75fcbb29a2f97b107f95d25d3a19b7c3416105be10269872673e8d?s=96&d=mm&r=g","caption":"admin"}}]}},"_links":{"self":[{"href":"https:\/\/www.elturistatranquil.com\/ca\/wp-json\/wp\/v2\/posts\/57534","targetHints":{"allow":["GET"]}}],"collection":[{"href":"https:\/\/www.elturistatranquil.com\/ca\/wp-json\/wp\/v2\/posts"}],"about":[{"href":"https:\/\/www.elturistatranquil.com\/ca\/wp-json\/wp\/v2\/types\/post"}],"author":[{"embeddable":true,"href":"https:\/\/www.elturistatranquil.com\/ca\/wp-json\/wp\/v2\/users\/1"}],"replies":[{"embeddable":true,"href":"https:\/\/www.elturistatranquil.com\/ca\/wp-json\/wp\/v2\/comments?post=57534"}],"version-history":[{"count":8,"href":"https:\/\/www.elturistatranquil.com\/ca\/wp-json\/wp\/v2\/posts\/57534\/revisions"}],"predecessor-version":[{"id":61748,"href":"https:\/\/www.elturistatranquil.com\/ca\/wp-json\/wp\/v2\/posts\/57534\/revisions\/61748"}],"wp:featuredmedia":[{"embeddable":true,"href":"https:\/\/www.elturistatranquil.com\/ca\/wp-json\/wp\/v2\/media\/57398"}],"wp:attachment":[{"href":"https:\/\/www.elturistatranquil.com\/ca\/wp-json\/wp\/v2\/media?parent=57534"}],"wp:term":[{"taxonomy":"category","embeddable":true,"href":"https:\/\/www.elturistatranquil.com\/ca\/wp-json\/wp\/v2\/categories?post=57534"},{"taxonomy":"post_tag","embeddable":true,"href":"https:\/\/www.elturistatranquil.com\/ca\/wp-json\/wp\/v2\/tags?post=57534"}],"curies":[{"name":"wp","href":"https:\/\/api.w.org\/{rel}","templated":true}]}}