{"id":58139,"date":"2025-04-19T13:34:50","date_gmt":"2025-04-19T11:34:50","guid":{"rendered":"https:\/\/www.elturistatranquil.com\/?p=58139"},"modified":"2025-07-19T10:26:22","modified_gmt":"2025-07-19T08:26:22","slug":"costa-cantabrica-entre-cap-busto-i-san-cibrao-asturies-i-lugo","status":"publish","type":"post","link":"https:\/\/www.elturistatranquil.com\/ca\/costa-cantabrica-entre-cap-busto-i-san-cibrao-asturies-i-lugo\/","title":{"rendered":"Costa cant\u00e0brica entre Cap Busto i San Cibrao (Ast\u00faries i Lugo)"},"content":{"rendered":"\t\t<div data-elementor-type=\"wp-post\" data-elementor-id=\"58139\" class=\"elementor elementor-58139 elementor-57764\" data-elementor-post-type=\"post\">\n\t\t\t\t\t\t<section class=\"elementor-section elementor-top-section elementor-element elementor-element-6252f278 elementor-section-boxed elementor-section-height-default elementor-section-height-default\" data-id=\"6252f278\" data-element_type=\"section\" data-e-type=\"section\">\n\t\t\t\t\t\t<div class=\"elementor-container elementor-column-gap-default\">\n\t\t\t\t\t<div class=\"elementor-column elementor-col-100 elementor-top-column elementor-element elementor-element-4d1bf4ac\" data-id=\"4d1bf4ac\" data-element_type=\"column\" data-e-type=\"column\">\n\t\t\t<div class=\"elementor-widget-wrap elementor-element-populated\">\n\t\t\t\t\t\t<section class=\"elementor-section elementor-inner-section elementor-element elementor-element-52dd1f95 elementor-section-content-middle elementor-section-boxed elementor-section-height-default elementor-section-height-default\" data-id=\"52dd1f95\" data-element_type=\"section\" data-e-type=\"section\">\n\t\t\t\t\t\t<div class=\"elementor-container elementor-column-gap-default\">\n\t\t\t\t\t<div class=\"elementor-column elementor-col-100 elementor-inner-column elementor-element elementor-element-298d8950\" data-id=\"298d8950\" data-element_type=\"column\" data-e-type=\"column\">\n\t\t\t<div class=\"elementor-widget-wrap elementor-element-populated\">\n\t\t\t\t\t\t<div class=\"elementor-element elementor-element-6b563c90 elementor-widget elementor-widget-text-editor\" data-id=\"6b563c90\" data-element_type=\"widget\" data-e-type=\"widget\" data-widget_type=\"text-editor.default\">\n\t\t\t\t<div class=\"elementor-widget-container\">\n\t\t\t\t\t\t\t\t\t<p><strong>\u00c0LBUM DE FOTOS<\/strong><\/p>\t\t\t\t\t\t\t\t<\/div>\n\t\t\t\t<\/div>\n\t\t\t\t\t<\/div>\n\t\t<\/div>\n\t\t\t\t\t<\/div>\n\t\t<\/section>\n\t\t\t\t<section class=\"elementor-section elementor-inner-section elementor-element elementor-element-1c22cddd elementor-section-content-middle elementor-section-boxed elementor-section-height-default elementor-section-height-default\" data-id=\"1c22cddd\" data-element_type=\"section\" data-e-type=\"section\">\n\t\t\t\t\t\t<div class=\"elementor-container elementor-column-gap-default\">\n\t\t\t\t\t<div class=\"elementor-column elementor-col-100 elementor-inner-column elementor-element elementor-element-60417674\" data-id=\"60417674\" data-element_type=\"column\" data-e-type=\"column\">\n\t\t\t<div class=\"elementor-widget-wrap elementor-element-populated\">\n\t\t\t\t\t\t<div class=\"elementor-element elementor-element-61db9c1a elementor-widget elementor-widget-text-editor\" data-id=\"61db9c1a\" data-element_type=\"widget\" data-e-type=\"widget\" data-widget_type=\"text-editor.default\">\n\t\t\t\t<div class=\"elementor-widget-container\">\n\t\t\t\t\t\t\t\t\t<p>Durant dos dies ens passejarem pel litoral cant\u00e0bric occidental, entre <strong>Cabo Busto<\/strong> i <strong>San Cibrao<\/strong> (Ast\u00faries i Lugo), apreciant penya-segats, platges, ports pesquers, fars i altres assentaments humans, des de castrenys a actuals.<\/p>\t\t\t\t\t\t\t\t<\/div>\n\t\t\t\t<\/div>\n\t\t\t\t\t<\/div>\n\t\t<\/div>\n\t\t\t\t\t<\/div>\n\t\t<\/section>\n\t\t\t\t<div class=\"elementor-element elementor-element-61c7b188 elementor-widget elementor-widget-heading\" data-id=\"61c7b188\" data-element_type=\"widget\" data-e-type=\"widget\" data-widget_type=\"heading.default\">\n\t\t\t\t<div class=\"elementor-widget-container\">\n\t\t\t\t\t<h1 class=\"elementor-heading-title elementor-size-default\">Costa cant\u00e0brica entre Cap Busto i San Cibrao (Ast\u00faries i Lugo)<\/h1>\t\t\t\t<\/div>\n\t\t\t\t<\/div>\n\t\t\t\t\t<\/div>\n\t\t<\/div>\n\t\t\t\t\t<\/div>\n\t\t<\/section>\n\t\t\t\t<section class=\"elementor-section elementor-top-section elementor-element elementor-element-300c4e96 elementor-section-boxed elementor-section-height-default elementor-section-height-default\" data-id=\"300c4e96\" data-element_type=\"section\" data-e-type=\"section\">\n\t\t\t\t\t\t<div class=\"elementor-container elementor-column-gap-default\">\n\t\t\t\t\t<div class=\"elementor-column elementor-col-100 elementor-top-column elementor-element elementor-element-225b10b2\" data-id=\"225b10b2\" data-element_type=\"column\" data-e-type=\"column\">\n\t\t\t<div class=\"elementor-widget-wrap elementor-element-populated\">\n\t\t\t\t\t\t<div class=\"elementor-element elementor-element-52bb68d0 elementor-widget elementor-widget-image\" data-id=\"52bb68d0\" data-element_type=\"widget\" data-e-type=\"widget\" data-widget_type=\"image.default\">\n\t\t\t\t<div class=\"elementor-widget-container\">\n\t\t\t\t\t\t\t\t\t\t\t\t<figure class=\"wp-caption\">\n\t\t\t\t\t\t\t\t\t\t<img fetchpriority=\"high\" decoding=\"async\" width=\"768\" height=\"512\" src=\"https:\/\/www.elturistatranquil.com\/wp-content\/uploads\/F01c-Mapa-situacio-Costa-cantabrica-entre-Cabo-Bustos-i-San-Cibrao-Google-maps-2025-04-13.jpg\" class=\"attachment-medium_large size-medium_large wp-image-58141\" alt=\"Mapa situacio Costa cant\u00e1brica entre Cabo Bustos i San Cibrao (Google maps 2025-04-13)\" srcset=\"https:\/\/www.elturistatranquil.com\/wp-content\/uploads\/F01c-Mapa-situacio-Costa-cantabrica-entre-Cabo-Bustos-i-San-Cibrao-Google-maps-2025-04-13.jpg 768w, https:\/\/www.elturistatranquil.com\/wp-content\/uploads\/F01c-Mapa-situacio-Costa-cantabrica-entre-Cabo-Bustos-i-San-Cibrao-Google-maps-2025-04-13-339x226.jpg 339w\" sizes=\"(max-width: 768px) 100vw, 768px\" \/>\t\t\t\t\t\t\t\t\t\t\t<figcaption class=\"widget-image-caption wp-caption-text\">Mapa situaci\u00f3 Costa cant\u00e0brica entre Cap Busto i San Cibrao (Google maps 2025-04-13)<\/figcaption>\n\t\t\t\t\t\t\t\t\t\t<\/figure>\n\t\t\t\t\t\t\t\t\t<\/div>\n\t\t\t\t<\/div>\n\t\t\t\t<section class=\"elementor-section elementor-inner-section elementor-element elementor-element-5a63b795 elementor-section-boxed elementor-section-height-default elementor-section-height-default\" data-id=\"5a63b795\" data-element_type=\"section\" data-e-type=\"section\" data-settings=\"{&quot;background_background&quot;:&quot;classic&quot;}\">\n\t\t\t\t\t\t\t<div class=\"elementor-background-overlay\"><\/div>\n\t\t\t\t\t\t\t<div class=\"elementor-container elementor-column-gap-default\">\n\t\t\t\t\t<div class=\"elementor-column elementor-col-100 elementor-inner-column elementor-element elementor-element-2440a21c\" data-id=\"2440a21c\" data-element_type=\"column\" data-e-type=\"column\" data-settings=\"{&quot;background_background&quot;:&quot;classic&quot;}\">\n\t\t\t<div class=\"elementor-widget-wrap elementor-element-populated\">\n\t\t\t\t\t\t<div class=\"elementor-element elementor-element-39b86681 elementor-widget elementor-widget-text-editor\" data-id=\"39b86681\" data-element_type=\"widget\" data-e-type=\"widget\" data-widget_type=\"text-editor.default\">\n\t\t\t\t<div class=\"elementor-widget-container\">\n\t\t\t\t\t\t\t\t\t<p>Prov\u00edncies: Ast\u00faries i Lugo. Com. Aut\u00f2nomes: Ast\u00faries y Galicia<br \/>Coordenades entre: 43\u00b034&#8217;27.8&#8243;N 6\u00b056&#8217;45.6&#8243;O y 43\u00b042&#8217;01.6&#8243;N 7\u00b026&#8217;12.0&#8243;O<br \/>Els municipis de Castropol (Ast\u00faries) i Ribadeo (Lugo) amb el seu litoral formen part de la <em>Reserva de la Biosfera Riu Eo, Oscos i Terres de Bur\u00f3n<\/em><br \/>Visita: 2024<\/p>\t\t\t\t\t\t\t\t<\/div>\n\t\t\t\t<\/div>\n\t\t\t\t\t<\/div>\n\t\t<\/div>\n\t\t\t\t\t<\/div>\n\t\t<\/section>\n\t\t\t\t<div class=\"elementor-element elementor-element-dbad659 elementor-widget elementor-widget-spacer\" data-id=\"dbad659\" data-element_type=\"widget\" data-e-type=\"widget\" data-widget_type=\"spacer.default\">\n\t\t\t\t<div class=\"elementor-widget-container\">\n\t\t\t\t\t\t\t<div class=\"elementor-spacer\">\n\t\t\t<div class=\"elementor-spacer-inner\"><\/div>\n\t\t<\/div>\n\t\t\t\t\t\t<\/div>\n\t\t\t\t<\/div>\n\t\t\t\t<div class=\"elementor-element elementor-element-64376c8c elementor-toc--minimized-on-tablet elementor-widget elementor-widget-table-of-contents\" data-id=\"64376c8c\" data-element_type=\"widget\" data-e-type=\"widget\" data-settings=\"{&quot;headings_by_tags&quot;:[&quot;h2&quot;,&quot;h3&quot;,&quot;h4&quot;],&quot;marker_view&quot;:&quot;bullets&quot;,&quot;icon&quot;:{&quot;value&quot;:&quot;&quot;,&quot;library&quot;:&quot;&quot;},&quot;no_headings_message&quot;:&quot;No se ha encontrado ning\\u00fan encabezado en esta p\\u00e1gina.&quot;,&quot;minimize_box&quot;:&quot;yes&quot;,&quot;minimized_on&quot;:&quot;tablet&quot;,&quot;hierarchical_view&quot;:&quot;yes&quot;,&quot;min_height&quot;:{&quot;unit&quot;:&quot;px&quot;,&quot;size&quot;:&quot;&quot;,&quot;sizes&quot;:[]},&quot;min_height_tablet&quot;:{&quot;unit&quot;:&quot;px&quot;,&quot;size&quot;:&quot;&quot;,&quot;sizes&quot;:[]},&quot;min_height_mobile&quot;:{&quot;unit&quot;:&quot;px&quot;,&quot;size&quot;:&quot;&quot;,&quot;sizes&quot;:[]}}\" data-widget_type=\"table-of-contents.default\">\n\t\t\t\t<div class=\"elementor-widget-container\">\n\t\t\t\t\t\t\t\t\t<div class=\"elementor-toc__header\">\n\t\t\t\t\t\t<h4 class=\"elementor-toc__header-title\">\n\t\t\t\t\u00cdndex\t\t\t<\/h4>\n\t\t\t\t\t\t\t\t\t\t<div class=\"elementor-toc__toggle-button elementor-toc__toggle-button--expand\" role=\"button\" tabindex=\"0\" aria-controls=\"elementor-toc__64376c8c\" aria-expanded=\"true\" aria-label=\"Open table of contents\"><i aria-hidden=\"true\" class=\"fas fa-chevron-down\"><\/i><\/div>\n\t\t\t\t<div class=\"elementor-toc__toggle-button elementor-toc__toggle-button--collapse\" role=\"button\" tabindex=\"0\" aria-controls=\"elementor-toc__64376c8c\" aria-expanded=\"true\" aria-label=\"Close table of contents\"><i aria-hidden=\"true\" class=\"fas fa-chevron-up\"><\/i><\/div>\n\t\t\t\t\t<\/div>\n\t\t\t\t<div id=\"elementor-toc__64376c8c\" class=\"elementor-toc__body\">\n\t\t\t<div class=\"elementor-toc__spinner-container\">\n\t\t\t\t<i class=\"elementor-toc__spinner eicon-animation-spin eicon-loading\" aria-hidden=\"true\"><\/i>\t\t\t<\/div>\n\t\t<\/div>\n\t\t\t\t\t\t<\/div>\n\t\t\t\t<\/div>\n\t\t\t\t<div class=\"elementor-element elementor-element-5d66c4f8 elementor-widget elementor-widget-menu-anchor\" data-id=\"5d66c4f8\" data-element_type=\"widget\" data-e-type=\"widget\" data-widget_type=\"menu-anchor.default\">\n\t\t\t\t<div class=\"elementor-widget-container\">\n\t\t\t\t\t\t\t<div class=\"elementor-menu-anchor\" id=\"a0101-EnlaceaunpuntodentrodelPost\"><\/div>\n\t\t\t\t\t\t<\/div>\n\t\t\t\t<\/div>\n\t\t\t\t<div class=\"elementor-element elementor-element-22558cbc elementor-widget elementor-widget-spacer\" data-id=\"22558cbc\" data-element_type=\"widget\" data-e-type=\"widget\" data-widget_type=\"spacer.default\">\n\t\t\t\t<div class=\"elementor-widget-container\">\n\t\t\t\t\t\t\t<div class=\"elementor-spacer\">\n\t\t\t<div class=\"elementor-spacer-inner\"><\/div>\n\t\t<\/div>\n\t\t\t\t\t\t<\/div>\n\t\t\t\t<\/div>\n\t\t\t\t<div class=\"elementor-element elementor-element-857aa elementor-widget elementor-widget-heading\" data-id=\"857aa\" data-element_type=\"widget\" data-e-type=\"widget\" data-widget_type=\"heading.default\">\n\t\t\t\t<div class=\"elementor-widget-container\">\n\t\t\t\t\t<h2 class=\"elementor-heading-title elementor-size-default\">Costa cant\u00e0brica entre Cap Busto i San Cibrao (Ast\u00faries i Lugo)<\/h2>\t\t\t\t<\/div>\n\t\t\t\t<\/div>\n\t\t\t\t<div class=\"elementor-element elementor-element-419cbacd elementor-widget elementor-widget-text-editor\" data-id=\"419cbacd\" data-element_type=\"widget\" data-e-type=\"widget\" data-widget_type=\"text-editor.default\">\n\t\t\t\t<div class=\"elementor-widget-container\">\n\t\t\t\t\t\t\t\t\t<p>Aquest <strong>\u00c0lbum de Fotos<\/strong> est\u00e0 dedicat a la costa cant\u00e0brica a banda i banda del <strong>riu Eo<\/strong>, que separa la costa asturiana de la costa de Lugo. Els municipis de <strong>Castropol <\/strong>(Ast\u00faries) i de <strong>Ribadeo<\/strong> (Lugo) amb el seu litoral formen part de la <em>Reserva de la Biosfera Riu Eo, Oscos i Terras de Bur\u00f3n<\/em>. \u00c9s de les poques ocasions en qu\u00e8 un litoral forma part d\u00b4una Reserva de la Biosfera.<\/p><p>A aquesta visita dediquem dues jornades completes.<\/p><p>La primera jornada va estar destinada a la costa <strong>occidental asturiana<\/strong>, entre el <strong>Cap Busto<\/strong> (<strong>1<\/strong>) i el <strong>port de T\u00e0pia de Casariego<\/strong> (<strong>6<\/strong>), amb uns 60 quil\u00f2metres de recorregut (sense comptar els despla\u00e7aments d&#8217;anada i tornada).<\/p><p>La segona jornada la dediquem a la <strong>costa gallega de Lugo<\/strong>, entre <strong>Ribadeo<\/strong> (<strong>13<\/strong>) i <strong>San Cibrao<\/strong> (<strong>11<\/strong>), tamb\u00e9 d&#8217;uns 60 quil\u00f2metres de recorregut entre els extrems. Com que el punt de partida i de tornada passava pels voltants de Ribadeo, el recorregut real, que \u00e9s el que es presenta a l&#8217;\u00c0lbum, es va iniciar al <strong>port de Rinlo<\/strong>, (<strong>7<\/strong>), fins a arribar a l&#8217;extrem m\u00e9s occidental del recorregut a <strong>San Cibrao<\/strong> (<strong>11<\/strong>), i tornar a <strong>Ribadeo<\/strong> (<strong>13<\/strong>) per tancar aquesta segona jornada.<\/p>\t\t\t\t\t\t\t\t<\/div>\n\t\t\t\t<\/div>\n\t\t\t\t<div class=\"elementor-element elementor-element-cbe2dca elementor-widget elementor-widget-image\" data-id=\"cbe2dca\" data-element_type=\"widget\" data-e-type=\"widget\" data-widget_type=\"image.default\">\n\t\t\t\t<div class=\"elementor-widget-container\">\n\t\t\t\t\t\t\t\t\t\t\t\t<figure class=\"wp-caption\">\n\t\t\t\t\t\t\t\t\t\t<img decoding=\"async\" width=\"768\" height=\"512\" src=\"https:\/\/www.elturistatranquil.com\/wp-content\/uploads\/F02-Itinerarios-Costa-cantabrica-entre-Cabo-Bustos-y-San-Cibrao-Google-maps-2025-04-13-1.jpg\" class=\"attachment-large size-large wp-image-58126\" alt=\"Itinerarios Costa cant\u00e1brica entre Cabo Bustos y San Cibrao (Google maps 2025-04-13)\" srcset=\"https:\/\/www.elturistatranquil.com\/wp-content\/uploads\/F02-Itinerarios-Costa-cantabrica-entre-Cabo-Bustos-y-San-Cibrao-Google-maps-2025-04-13-1.jpg 768w, https:\/\/www.elturistatranquil.com\/wp-content\/uploads\/F02-Itinerarios-Costa-cantabrica-entre-Cabo-Bustos-y-San-Cibrao-Google-maps-2025-04-13-1-339x226.jpg 339w\" sizes=\"(max-width: 768px) 100vw, 768px\" \/>\t\t\t\t\t\t\t\t\t\t\t<figcaption class=\"widget-image-caption wp-caption-text\">Itineraris Costa cant\u00e0brica entre Cap Busto i San Cibrao (Google maps 2025-04-13)<\/figcaption>\n\t\t\t\t\t\t\t\t\t\t<\/figure>\n\t\t\t\t\t\t\t\t\t<\/div>\n\t\t\t\t<\/div>\n\t\t\t\t<div class=\"elementor-element elementor-element-fb1f820 elementor-widget elementor-widget-text-editor\" data-id=\"fb1f820\" data-element_type=\"widget\" data-e-type=\"widget\" data-widget_type=\"text-editor.default\">\n\t\t\t\t<div class=\"elementor-widget-container\">\n\t\t\t\t\t\t\t\t\t<p>Ha de quedar clar que l&#8217;elecci\u00f3 dels punts de visita \u00e9s una entre moltes altres possibles igualment interessants. De fet, qualsevol punt \u00e9s interessant. Com que calia triar, i el temps \u00e9s limitat, seguim el criteri que estigu\u00e9s present tots els tipus de paisatge m\u00e9s representatius d&#8217;aquesta costa: penya-segats, platges, ports, fars, castres i alguna localitat important.<\/p><p>Del que es tracta \u00e9s obtenir una imatge de conjunt de la riquesa i bellesa d&#8217;aquesta <strong>costa cant\u00e0brica<\/strong>.<\/p>\t\t\t\t\t\t\t\t<\/div>\n\t\t\t\t<\/div>\n\t\t\t\t<div class=\"elementor-element elementor-element-7ced4c01 elementor-widget elementor-widget-heading\" data-id=\"7ced4c01\" data-element_type=\"widget\" data-e-type=\"widget\" data-widget_type=\"heading.default\">\n\t\t\t\t<div class=\"elementor-widget-container\">\n\t\t\t\t\t<h2 class=\"elementor-heading-title elementor-size-default\">El paisatge litoral entre Cap Busto i el riu Eo (Ast\u00faries occidental)<\/h2>\t\t\t\t<\/div>\n\t\t\t\t<\/div>\n\t\t\t\t<div class=\"elementor-element elementor-element-2834578 elementor-widget elementor-widget-text-editor\" data-id=\"2834578\" data-element_type=\"widget\" data-e-type=\"widget\" data-widget_type=\"text-editor.default\">\n\t\t\t\t<div class=\"elementor-widget-container\">\n\t\t\t\t\t\t\t\t\t<p>El tram costaner de l&#8217;occident asturi\u00e0 compr\u00e8s entre <strong>Cabo Busto<\/strong> (<strong>1<\/strong>) (concejo de Vald\u00e9s) i la <strong>desembocadura del riu Eo<\/strong> presenta un paisatge costaner modelat per antics processos geol\u00f2gics, una morfologia abrupta condicionada per l&#8217;erosi\u00f3 marina i fluvial, i una ocupaci\u00f3 humana dispersa i adaptada a les condicions del medi f\u00edsic.<\/p><p>El tret morfol\u00f2gic dominant en aquesta franja del litoral \u00e9s la rasa costanera, una superf\u00edcie estructural d&#8217;origen mar\u00ed que avui est\u00e0 elevada entre 70 i 100 metres sobre el nivell del mar. Aquesta plataforma, generada per l&#8217;acci\u00f3 combinada de l&#8217;aixecament tect\u00f2nic i la regressi\u00f3 marina, es presenta com un terreny pla que acaba bruscament en penya-segats actius, on l&#8217;acci\u00f3 erosiva del mar continua generant reculada de la vora costanera.<\/p><p>El substrat geol\u00f2gic d&#8217;aquesta franja pertany al s\u00f2col paleozoic del Domini Ast\u00faric, compost per pissarres, quarsites, gresos i calc\u00e0ries, dipositades entre l&#8217;Ordov\u00edcic i el Devoni\u00e0 (aproximadament entre 485 i 360 milions d&#8217;anys).<\/p><p>Els penya-segats dominen la major part del front litoral. Solen ser verticals o lleugerament inclinats, amb al\u00e7ades variables entre els 30 i els 80 metres. Estan interromputs per petites platges de c\u00f2dols, graves i sorres.<\/p>\t\t\t\t\t\t\t\t<\/div>\n\t\t\t\t<\/div>\n\t\t\t\t<div class=\"elementor-element elementor-element-790c2430 elementor-widget elementor-widget-heading\" data-id=\"790c2430\" data-element_type=\"widget\" data-e-type=\"widget\" data-widget_type=\"heading.default\">\n\t\t\t\t<div class=\"elementor-widget-container\">\n\t\t\t\t\t<h5 class=\"elementor-heading-title elementor-size-default\">Assentaments costaners: pobles i ports pesquers<\/h5>\t\t\t\t<\/div>\n\t\t\t\t<\/div>\n\t\t\t\t<div class=\"elementor-element elementor-element-073533f elementor-widget elementor-widget-text-editor\" data-id=\"073533f\" data-element_type=\"widget\" data-e-type=\"widget\" data-widget_type=\"text-editor.default\">\n\t\t\t\t<div class=\"elementor-widget-container\">\n\t\t\t\t\t\t\t\t\t<p>L\u00b4ocupaci\u00f3 humana d\u00b4aquesta franja litoral ha estat condicionada per l\u00b4acc\u00e9s al mar i la morfologia del terreny. La majoria dels nuclis de poblaci\u00f3 costanera es localitzen a zones on la rasa s&#8217;interromp o baixa, permetent l&#8217;exist\u00e8ncia de ports naturals o semi protegits.<\/p><p>El resultat en un litoral que es caracteritza per l&#8217;alternan\u00e7a entre penya-segats imponents, petites platges, ports pesquers i \u00e0rees rurals.<\/p>\t\t\t\t\t\t\t\t<\/div>\n\t\t\t\t<\/div>\n\t\t\t\t<div class=\"elementor-element elementor-element-415b39e7 elementor-widget elementor-widget-heading\" data-id=\"415b39e7\" data-element_type=\"widget\" data-e-type=\"widget\" data-widget_type=\"heading.default\">\n\t\t\t\t<div class=\"elementor-widget-container\">\n\t\t\t\t\t<h3 class=\"elementor-heading-title elementor-size-default\">\u00c0lbum de fotos de la costa asturiana de Cabo Busto a Tapia de Casariego<\/h3>\t\t\t\t<\/div>\n\t\t\t\t<\/div>\n\t\t\t\t<div class=\"elementor-element elementor-element-af079f5 elementor-widget elementor-widget-text-editor\" data-id=\"af079f5\" data-element_type=\"widget\" data-e-type=\"widget\" data-widget_type=\"text-editor.default\">\n\t\t\t\t<div class=\"elementor-widget-container\">\n\t\t\t\t\t\t\t\t\t<p>Al nostre recorregut partirem del <strong>Cap Busto<\/strong> (<strong>1<\/strong>), amb el seu far. i penya-segats de 80-90 metres. La seg\u00fcent parada a la <strong>Platja de Frexulfe<\/strong> (<strong>2<\/strong>), declarada <em>Monument Natural<\/em> per la seva biodiversitat i singularitat geomorfol\u00f2gica.<\/p><p>A la localitat de <strong>Navia<\/strong> (<strong>3<\/strong>) pararem a dinar. Aprofitarem per degustar un excel\u00b7lent <em>cachopo<\/em> al <strong>restaurant El Rinc\u00f3n de Noe<\/strong>, carrer La Olga, 9.<\/p><p>A la tarda, reprendrem el recorregut per <strong>Viav\u00e9lez<\/strong> (<strong>4<\/strong>), pujant al <strong>mirador de Viav\u00e9lez<\/strong>. La parada seg\u00fcent, recorrent camins rurals, ens porta al <strong>mirador de Cap Cebes<\/strong> (5), per acabar al <strong>port de T\u00e0pia de Casariego<\/strong> (<strong>6<\/strong>), un dels m\u00e9s importants d&#8217;aquesta zona.<\/p>\t\t\t\t\t\t\t\t<\/div>\n\t\t\t\t<\/div>\n\t\t\t\t<div class=\"elementor-element elementor-element-63ee274 elementor-widget elementor-widget-heading\" data-id=\"63ee274\" data-element_type=\"widget\" data-e-type=\"widget\" data-widget_type=\"heading.default\">\n\t\t\t\t<div class=\"elementor-widget-container\">\n\t\t\t\t\t<h4 class=\"elementor-heading-title elementor-size-default\">Far Cap Busto (1)<\/h4>\t\t\t\t<\/div>\n\t\t\t\t<\/div>\n\t\t\t\t<div class=\"elementor-element elementor-element-47233e9 elementor-widget elementor-widget-text-editor\" data-id=\"47233e9\" data-element_type=\"widget\" data-e-type=\"widget\" data-widget_type=\"text-editor.default\">\n\t\t\t\t<div class=\"elementor-widget-container\">\n\t\t\t\t\t\t\t\t\t<p>(Municipi: Vald\u00e9s. Coordenades: 43\u00b034&#8217;09.3&#8243;N 6\u00b028&#8217;10.0&#8243;O)<\/p>\t\t\t\t\t\t\t\t<\/div>\n\t\t\t\t<\/div>\n\t\t\t\t<div class=\"elementor-element elementor-element-6f4f3ef elementor-widget elementor-widget-image\" data-id=\"6f4f3ef\" data-element_type=\"widget\" data-e-type=\"widget\" data-widget_type=\"image.default\">\n\t\t\t\t<div class=\"elementor-widget-container\">\n\t\t\t\t\t\t\t\t\t\t\t\t<figure class=\"wp-caption\">\n\t\t\t\t\t\t\t\t\t\t<img decoding=\"async\" width=\"768\" height=\"512\" src=\"https:\/\/www.elturistatranquil.com\/wp-content\/uploads\/F03-Faro-Cabo-Busto-Asturias.jpg\" class=\"attachment-large size-large wp-image-57771\" alt=\"Faro Cabo Busto (Asturias)\" srcset=\"https:\/\/www.elturistatranquil.com\/wp-content\/uploads\/F03-Faro-Cabo-Busto-Asturias.jpg 768w, https:\/\/www.elturistatranquil.com\/wp-content\/uploads\/F03-Faro-Cabo-Busto-Asturias-339x226.jpg 339w\" sizes=\"(max-width: 768px) 100vw, 768px\" \/>\t\t\t\t\t\t\t\t\t\t\t<figcaption class=\"widget-image-caption wp-caption-text\"><\/figcaption>\n\t\t\t\t\t\t\t\t\t\t<\/figure>\n\t\t\t\t\t\t\t\t\t<\/div>\n\t\t\t\t<\/div>\n\t\t\t\t<div class=\"elementor-element elementor-element-f074dad elementor-widget elementor-widget-image\" data-id=\"f074dad\" data-element_type=\"widget\" data-e-type=\"widget\" data-widget_type=\"image.default\">\n\t\t\t\t<div class=\"elementor-widget-container\">\n\t\t\t\t\t\t\t\t\t\t\t\t<figure class=\"wp-caption\">\n\t\t\t\t\t\t\t\t\t\t<img loading=\"lazy\" decoding=\"async\" width=\"768\" height=\"512\" src=\"https:\/\/www.elturistatranquil.com\/wp-content\/uploads\/F05-Faro-Cabo-Busto-Asturias.jpg\" class=\"attachment-large size-large wp-image-57778\" alt=\"Faro Cabo Busto (Asturias)\" srcset=\"https:\/\/www.elturistatranquil.com\/wp-content\/uploads\/F05-Faro-Cabo-Busto-Asturias.jpg 768w, https:\/\/www.elturistatranquil.com\/wp-content\/uploads\/F05-Faro-Cabo-Busto-Asturias-339x226.jpg 339w\" sizes=\"(max-width: 768px) 100vw, 768px\" \/>\t\t\t\t\t\t\t\t\t\t\t<figcaption class=\"widget-image-caption wp-caption-text\"><\/figcaption>\n\t\t\t\t\t\t\t\t\t\t<\/figure>\n\t\t\t\t\t\t\t\t\t<\/div>\n\t\t\t\t<\/div>\n\t\t\t\t<div class=\"elementor-element elementor-element-ca06b67 elementor-widget elementor-widget-image\" data-id=\"ca06b67\" data-element_type=\"widget\" data-e-type=\"widget\" data-widget_type=\"image.default\">\n\t\t\t\t<div class=\"elementor-widget-container\">\n\t\t\t\t\t\t\t\t\t\t\t\t<figure class=\"wp-caption\">\n\t\t\t\t\t\t\t\t\t\t<img loading=\"lazy\" decoding=\"async\" width=\"768\" height=\"512\" src=\"https:\/\/www.elturistatranquil.com\/wp-content\/uploads\/F06-Faro-Cabo-Busto-Asturias.jpg\" class=\"attachment-large size-large wp-image-57780\" alt=\"Faro Cabo Busto (Asturias)\" srcset=\"https:\/\/www.elturistatranquil.com\/wp-content\/uploads\/F06-Faro-Cabo-Busto-Asturias.jpg 768w, https:\/\/www.elturistatranquil.com\/wp-content\/uploads\/F06-Faro-Cabo-Busto-Asturias-339x226.jpg 339w\" sizes=\"(max-width: 768px) 100vw, 768px\" \/>\t\t\t\t\t\t\t\t\t\t\t<figcaption class=\"widget-image-caption wp-caption-text\"><\/figcaption>\n\t\t\t\t\t\t\t\t\t\t<\/figure>\n\t\t\t\t\t\t\t\t\t<\/div>\n\t\t\t\t<\/div>\n\t\t\t\t<div class=\"elementor-element elementor-element-b21668c elementor-widget elementor-widget-image\" data-id=\"b21668c\" data-element_type=\"widget\" data-e-type=\"widget\" data-widget_type=\"image.default\">\n\t\t\t\t<div class=\"elementor-widget-container\">\n\t\t\t\t\t\t\t\t\t\t\t\t<figure class=\"wp-caption\">\n\t\t\t\t\t\t\t\t\t\t<img loading=\"lazy\" decoding=\"async\" width=\"768\" height=\"512\" src=\"https:\/\/www.elturistatranquil.com\/wp-content\/uploads\/F07-Faro-Cabo-Busto-Asturias.jpg\" class=\"attachment-large size-large wp-image-57782\" alt=\"Faro Cabo Busto (Asturias)\" srcset=\"https:\/\/www.elturistatranquil.com\/wp-content\/uploads\/F07-Faro-Cabo-Busto-Asturias.jpg 768w, https:\/\/www.elturistatranquil.com\/wp-content\/uploads\/F07-Faro-Cabo-Busto-Asturias-339x226.jpg 339w\" sizes=\"(max-width: 768px) 100vw, 768px\" \/>\t\t\t\t\t\t\t\t\t\t\t<figcaption class=\"widget-image-caption wp-caption-text\"><\/figcaption>\n\t\t\t\t\t\t\t\t\t\t<\/figure>\n\t\t\t\t\t\t\t\t\t<\/div>\n\t\t\t\t<\/div>\n\t\t\t\t<div class=\"elementor-element elementor-element-bb3b9fa elementor-widget elementor-widget-image\" data-id=\"bb3b9fa\" data-element_type=\"widget\" data-e-type=\"widget\" data-widget_type=\"image.default\">\n\t\t\t\t<div class=\"elementor-widget-container\">\n\t\t\t\t\t\t\t\t\t\t\t\t<figure class=\"wp-caption\">\n\t\t\t\t\t\t\t\t\t\t<img loading=\"lazy\" decoding=\"async\" width=\"768\" height=\"511\" src=\"https:\/\/www.elturistatranquil.com\/wp-content\/uploads\/F08-Faro-Cabo-Busto-Asturias.jpg\" class=\"attachment-large size-large wp-image-57784\" alt=\"Faro Cabo Busto (Asturias)\" srcset=\"https:\/\/www.elturistatranquil.com\/wp-content\/uploads\/F08-Faro-Cabo-Busto-Asturias.jpg 768w, https:\/\/www.elturistatranquil.com\/wp-content\/uploads\/F08-Faro-Cabo-Busto-Asturias-339x226.jpg 339w\" sizes=\"(max-width: 768px) 100vw, 768px\" \/>\t\t\t\t\t\t\t\t\t\t\t<figcaption class=\"widget-image-caption wp-caption-text\"><\/figcaption>\n\t\t\t\t\t\t\t\t\t\t<\/figure>\n\t\t\t\t\t\t\t\t\t<\/div>\n\t\t\t\t<\/div>\n\t\t\t\t<div class=\"elementor-element elementor-element-b33caf7 elementor-widget elementor-widget-image\" data-id=\"b33caf7\" data-element_type=\"widget\" data-e-type=\"widget\" data-widget_type=\"image.default\">\n\t\t\t\t<div class=\"elementor-widget-container\">\n\t\t\t\t\t\t\t\t\t\t\t\t<figure class=\"wp-caption\">\n\t\t\t\t\t\t\t\t\t\t<img loading=\"lazy\" decoding=\"async\" width=\"768\" height=\"512\" src=\"https:\/\/www.elturistatranquil.com\/wp-content\/uploads\/F09-Faro-Cabo-Busto-Asturias.jpg\" class=\"attachment-large size-large wp-image-57786\" alt=\"Faro Cabo Busto (Asturias)\" srcset=\"https:\/\/www.elturistatranquil.com\/wp-content\/uploads\/F09-Faro-Cabo-Busto-Asturias.jpg 768w, https:\/\/www.elturistatranquil.com\/wp-content\/uploads\/F09-Faro-Cabo-Busto-Asturias-339x226.jpg 339w\" sizes=\"(max-width: 768px) 100vw, 768px\" \/>\t\t\t\t\t\t\t\t\t\t\t<figcaption class=\"widget-image-caption wp-caption-text\"><\/figcaption>\n\t\t\t\t\t\t\t\t\t\t<\/figure>\n\t\t\t\t\t\t\t\t\t<\/div>\n\t\t\t\t<\/div>\n\t\t\t\t<div class=\"elementor-element elementor-element-780c7df elementor-widget elementor-widget-image\" data-id=\"780c7df\" data-element_type=\"widget\" data-e-type=\"widget\" data-widget_type=\"image.default\">\n\t\t\t\t<div class=\"elementor-widget-container\">\n\t\t\t\t\t\t\t\t\t\t\t\t<figure class=\"wp-caption\">\n\t\t\t\t\t\t\t\t\t\t<img loading=\"lazy\" decoding=\"async\" width=\"768\" height=\"512\" src=\"https:\/\/www.elturistatranquil.com\/wp-content\/uploads\/F10-Faro-Cabo-Busto-Asturias.jpg\" class=\"attachment-large size-large wp-image-57788\" alt=\"Faro Cabo Busto (Asturias)\" srcset=\"https:\/\/www.elturistatranquil.com\/wp-content\/uploads\/F10-Faro-Cabo-Busto-Asturias.jpg 768w, https:\/\/www.elturistatranquil.com\/wp-content\/uploads\/F10-Faro-Cabo-Busto-Asturias-339x226.jpg 339w\" sizes=\"(max-width: 768px) 100vw, 768px\" \/>\t\t\t\t\t\t\t\t\t\t\t<figcaption class=\"widget-image-caption wp-caption-text\"><\/figcaption>\n\t\t\t\t\t\t\t\t\t\t<\/figure>\n\t\t\t\t\t\t\t\t\t<\/div>\n\t\t\t\t<\/div>\n\t\t\t\t<div class=\"elementor-element elementor-element-68e5433 elementor-widget elementor-widget-heading\" data-id=\"68e5433\" data-element_type=\"widget\" data-e-type=\"widget\" data-widget_type=\"heading.default\">\n\t\t\t\t<div class=\"elementor-widget-container\">\n\t\t\t\t\t<h4 class=\"elementor-heading-title elementor-size-default\">Platja de Frexulfe (2)<\/h4>\t\t\t\t<\/div>\n\t\t\t\t<\/div>\n\t\t\t\t<div class=\"elementor-element elementor-element-e2c53af elementor-widget elementor-widget-text-editor\" data-id=\"e2c53af\" data-element_type=\"widget\" data-e-type=\"widget\" data-widget_type=\"text-editor.default\">\n\t\t\t\t<div class=\"elementor-widget-container\">\n\t\t\t\t\t\t\t\t\t<p>(Municipi: Navia. Coordenades: 43\u00b033&#8217;34.6&#8243;N 6\u00b040&#8217;14.0&#8243;O)<\/p>\t\t\t\t\t\t\t\t<\/div>\n\t\t\t\t<\/div>\n\t\t\t\t<div class=\"elementor-element elementor-element-2d187cc elementor-widget elementor-widget-image\" data-id=\"2d187cc\" data-element_type=\"widget\" data-e-type=\"widget\" data-widget_type=\"image.default\">\n\t\t\t\t<div class=\"elementor-widget-container\">\n\t\t\t\t\t\t\t\t\t\t\t\t<figure class=\"wp-caption\">\n\t\t\t\t\t\t\t\t\t\t<img loading=\"lazy\" decoding=\"async\" width=\"768\" height=\"512\" src=\"https:\/\/www.elturistatranquil.com\/wp-content\/uploads\/F11-Playa-de-Frexulfe-Asturias.jpg\" class=\"attachment-large size-large wp-image-57793\" alt=\"Playa de Frexulfe, Asturias\" srcset=\"https:\/\/www.elturistatranquil.com\/wp-content\/uploads\/F11-Playa-de-Frexulfe-Asturias.jpg 768w, https:\/\/www.elturistatranquil.com\/wp-content\/uploads\/F11-Playa-de-Frexulfe-Asturias-339x226.jpg 339w\" sizes=\"(max-width: 768px) 100vw, 768px\" \/>\t\t\t\t\t\t\t\t\t\t\t<figcaption class=\"widget-image-caption wp-caption-text\"><\/figcaption>\n\t\t\t\t\t\t\t\t\t\t<\/figure>\n\t\t\t\t\t\t\t\t\t<\/div>\n\t\t\t\t<\/div>\n\t\t\t\t<div class=\"elementor-element elementor-element-a66449d elementor-widget elementor-widget-image\" data-id=\"a66449d\" data-element_type=\"widget\" data-e-type=\"widget\" data-widget_type=\"image.default\">\n\t\t\t\t<div class=\"elementor-widget-container\">\n\t\t\t\t\t\t\t\t\t\t\t\t<figure class=\"wp-caption\">\n\t\t\t\t\t\t\t\t\t\t<img loading=\"lazy\" decoding=\"async\" width=\"768\" height=\"512\" src=\"https:\/\/www.elturistatranquil.com\/wp-content\/uploads\/F12-Playa-de-Frexulfe-Asturias.jpg\" class=\"attachment-large size-large wp-image-57795\" alt=\"Playa de Frexulfe, Asturias\" srcset=\"https:\/\/www.elturistatranquil.com\/wp-content\/uploads\/F12-Playa-de-Frexulfe-Asturias.jpg 768w, https:\/\/www.elturistatranquil.com\/wp-content\/uploads\/F12-Playa-de-Frexulfe-Asturias-339x226.jpg 339w\" sizes=\"(max-width: 768px) 100vw, 768px\" \/>\t\t\t\t\t\t\t\t\t\t\t<figcaption class=\"widget-image-caption wp-caption-text\"><\/figcaption>\n\t\t\t\t\t\t\t\t\t\t<\/figure>\n\t\t\t\t\t\t\t\t\t<\/div>\n\t\t\t\t<\/div>\n\t\t\t\t<div class=\"elementor-element elementor-element-49aad6b elementor-widget elementor-widget-image\" data-id=\"49aad6b\" data-element_type=\"widget\" data-e-type=\"widget\" data-widget_type=\"image.default\">\n\t\t\t\t<div class=\"elementor-widget-container\">\n\t\t\t\t\t\t\t\t\t\t\t\t<figure class=\"wp-caption\">\n\t\t\t\t\t\t\t\t\t\t<img loading=\"lazy\" decoding=\"async\" width=\"768\" height=\"512\" src=\"https:\/\/www.elturistatranquil.com\/wp-content\/uploads\/F13-Playa-de-Frexulfe-Asturias.jpg\" class=\"attachment-large size-large wp-image-57797\" alt=\"Playa de Frexulfe, Asturias\" srcset=\"https:\/\/www.elturistatranquil.com\/wp-content\/uploads\/F13-Playa-de-Frexulfe-Asturias.jpg 768w, https:\/\/www.elturistatranquil.com\/wp-content\/uploads\/F13-Playa-de-Frexulfe-Asturias-339x226.jpg 339w\" sizes=\"(max-width: 768px) 100vw, 768px\" \/>\t\t\t\t\t\t\t\t\t\t\t<figcaption class=\"widget-image-caption wp-caption-text\"><\/figcaption>\n\t\t\t\t\t\t\t\t\t\t<\/figure>\n\t\t\t\t\t\t\t\t\t<\/div>\n\t\t\t\t<\/div>\n\t\t\t\t<div class=\"elementor-element elementor-element-c28fa50 elementor-widget elementor-widget-image\" data-id=\"c28fa50\" data-element_type=\"widget\" data-e-type=\"widget\" data-widget_type=\"image.default\">\n\t\t\t\t<div class=\"elementor-widget-container\">\n\t\t\t\t\t\t\t\t\t\t\t\t<figure class=\"wp-caption\">\n\t\t\t\t\t\t\t\t\t\t<img loading=\"lazy\" decoding=\"async\" width=\"768\" height=\"512\" src=\"https:\/\/www.elturistatranquil.com\/wp-content\/uploads\/F14-Playa-de-Frexulfe-Asturias.jpg\" class=\"attachment-large size-large wp-image-57799\" alt=\"Playa de Frexulfe, Asturias\" srcset=\"https:\/\/www.elturistatranquil.com\/wp-content\/uploads\/F14-Playa-de-Frexulfe-Asturias.jpg 768w, https:\/\/www.elturistatranquil.com\/wp-content\/uploads\/F14-Playa-de-Frexulfe-Asturias-339x226.jpg 339w\" sizes=\"(max-width: 768px) 100vw, 768px\" \/>\t\t\t\t\t\t\t\t\t\t\t<figcaption class=\"widget-image-caption wp-caption-text\"><\/figcaption>\n\t\t\t\t\t\t\t\t\t\t<\/figure>\n\t\t\t\t\t\t\t\t\t<\/div>\n\t\t\t\t<\/div>\n\t\t\t\t<div class=\"elementor-element elementor-element-14efc36 elementor-widget elementor-widget-image\" data-id=\"14efc36\" data-element_type=\"widget\" data-e-type=\"widget\" data-widget_type=\"image.default\">\n\t\t\t\t<div class=\"elementor-widget-container\">\n\t\t\t\t\t\t\t\t\t\t\t\t<figure class=\"wp-caption\">\n\t\t\t\t\t\t\t\t\t\t<img loading=\"lazy\" decoding=\"async\" width=\"768\" height=\"512\" src=\"https:\/\/www.elturistatranquil.com\/wp-content\/uploads\/F15-Playa-de-Frexulfe-Asturias.jpg\" class=\"attachment-large size-large wp-image-57801\" alt=\"Playa de Frexulfe, Asturias\" srcset=\"https:\/\/www.elturistatranquil.com\/wp-content\/uploads\/F15-Playa-de-Frexulfe-Asturias.jpg 768w, https:\/\/www.elturistatranquil.com\/wp-content\/uploads\/F15-Playa-de-Frexulfe-Asturias-339x226.jpg 339w\" sizes=\"(max-width: 768px) 100vw, 768px\" \/>\t\t\t\t\t\t\t\t\t\t\t<figcaption class=\"widget-image-caption wp-caption-text\"><\/figcaption>\n\t\t\t\t\t\t\t\t\t\t<\/figure>\n\t\t\t\t\t\t\t\t\t<\/div>\n\t\t\t\t<\/div>\n\t\t\t\t<div class=\"elementor-element elementor-element-b105b6e elementor-widget elementor-widget-image\" data-id=\"b105b6e\" data-element_type=\"widget\" data-e-type=\"widget\" data-widget_type=\"image.default\">\n\t\t\t\t<div class=\"elementor-widget-container\">\n\t\t\t\t\t\t\t\t\t\t\t\t<figure class=\"wp-caption\">\n\t\t\t\t\t\t\t\t\t\t<img loading=\"lazy\" decoding=\"async\" width=\"768\" height=\"512\" src=\"https:\/\/www.elturistatranquil.com\/wp-content\/uploads\/F19-Playa-de-Frexulfe-Asturias.jpg\" class=\"attachment-large size-large wp-image-57808\" alt=\"Playa de Frexulfe, Asturias\" srcset=\"https:\/\/www.elturistatranquil.com\/wp-content\/uploads\/F19-Playa-de-Frexulfe-Asturias.jpg 768w, https:\/\/www.elturistatranquil.com\/wp-content\/uploads\/F19-Playa-de-Frexulfe-Asturias-339x226.jpg 339w\" sizes=\"(max-width: 768px) 100vw, 768px\" \/>\t\t\t\t\t\t\t\t\t\t\t<figcaption class=\"widget-image-caption wp-caption-text\"><\/figcaption>\n\t\t\t\t\t\t\t\t\t\t<\/figure>\n\t\t\t\t\t\t\t\t\t<\/div>\n\t\t\t\t<\/div>\n\t\t\t\t<div class=\"elementor-element elementor-element-b011888 elementor-widget elementor-widget-image\" data-id=\"b011888\" data-element_type=\"widget\" data-e-type=\"widget\" data-widget_type=\"image.default\">\n\t\t\t\t<div class=\"elementor-widget-container\">\n\t\t\t\t\t\t\t\t\t\t\t\t<figure class=\"wp-caption\">\n\t\t\t\t\t\t\t\t\t\t<img loading=\"lazy\" decoding=\"async\" width=\"768\" height=\"511\" src=\"https:\/\/www.elturistatranquil.com\/wp-content\/uploads\/F20-Playa-de-Frexulfe-Asturias.jpg\" class=\"attachment-large size-large wp-image-57810\" alt=\"Playa de Frexulfe, Asturias\" srcset=\"https:\/\/www.elturistatranquil.com\/wp-content\/uploads\/F20-Playa-de-Frexulfe-Asturias.jpg 768w, https:\/\/www.elturistatranquil.com\/wp-content\/uploads\/F20-Playa-de-Frexulfe-Asturias-339x226.jpg 339w\" sizes=\"(max-width: 768px) 100vw, 768px\" \/>\t\t\t\t\t\t\t\t\t\t\t<figcaption class=\"widget-image-caption wp-caption-text\"><\/figcaption>\n\t\t\t\t\t\t\t\t\t\t<\/figure>\n\t\t\t\t\t\t\t\t\t<\/div>\n\t\t\t\t<\/div>\n\t\t\t\t<div class=\"elementor-element elementor-element-2cf48fb elementor-widget elementor-widget-image\" data-id=\"2cf48fb\" data-element_type=\"widget\" data-e-type=\"widget\" data-widget_type=\"image.default\">\n\t\t\t\t<div class=\"elementor-widget-container\">\n\t\t\t\t\t\t\t\t\t\t\t\t<figure class=\"wp-caption\">\n\t\t\t\t\t\t\t\t\t\t<img loading=\"lazy\" decoding=\"async\" width=\"768\" height=\"511\" src=\"https:\/\/www.elturistatranquil.com\/wp-content\/uploads\/F21-Playa-de-Frexulfe-Asturias.jpg\" class=\"attachment-large size-large wp-image-57812\" alt=\"Playa de Frexulfe, Asturias\" srcset=\"https:\/\/www.elturistatranquil.com\/wp-content\/uploads\/F21-Playa-de-Frexulfe-Asturias.jpg 768w, https:\/\/www.elturistatranquil.com\/wp-content\/uploads\/F21-Playa-de-Frexulfe-Asturias-339x226.jpg 339w\" sizes=\"(max-width: 768px) 100vw, 768px\" \/>\t\t\t\t\t\t\t\t\t\t\t<figcaption class=\"widget-image-caption wp-caption-text\"><\/figcaption>\n\t\t\t\t\t\t\t\t\t\t<\/figure>\n\t\t\t\t\t\t\t\t\t<\/div>\n\t\t\t\t<\/div>\n\t\t\t\t<div class=\"elementor-element elementor-element-1070e34 elementor-widget elementor-widget-image\" data-id=\"1070e34\" data-element_type=\"widget\" data-e-type=\"widget\" data-widget_type=\"image.default\">\n\t\t\t\t<div class=\"elementor-widget-container\">\n\t\t\t\t\t\t\t\t\t\t\t\t<figure class=\"wp-caption\">\n\t\t\t\t\t\t\t\t\t\t<img loading=\"lazy\" decoding=\"async\" width=\"768\" height=\"511\" src=\"https:\/\/www.elturistatranquil.com\/wp-content\/uploads\/F22-Playa-de-Frexulfe-Asturias.jpg\" class=\"attachment-large size-large wp-image-57817\" alt=\"Playa de Frexulfe, Asturias\" srcset=\"https:\/\/www.elturistatranquil.com\/wp-content\/uploads\/F22-Playa-de-Frexulfe-Asturias.jpg 768w, https:\/\/www.elturistatranquil.com\/wp-content\/uploads\/F22-Playa-de-Frexulfe-Asturias-339x226.jpg 339w\" sizes=\"(max-width: 768px) 100vw, 768px\" \/>\t\t\t\t\t\t\t\t\t\t\t<figcaption class=\"widget-image-caption wp-caption-text\"><\/figcaption>\n\t\t\t\t\t\t\t\t\t\t<\/figure>\n\t\t\t\t\t\t\t\t\t<\/div>\n\t\t\t\t<\/div>\n\t\t\t\t<div class=\"elementor-element elementor-element-6e4a5bb elementor-widget elementor-widget-image\" data-id=\"6e4a5bb\" data-element_type=\"widget\" data-e-type=\"widget\" data-widget_type=\"image.default\">\n\t\t\t\t<div class=\"elementor-widget-container\">\n\t\t\t\t\t\t\t\t\t\t\t\t<figure class=\"wp-caption\">\n\t\t\t\t\t\t\t\t\t\t<img loading=\"lazy\" decoding=\"async\" width=\"768\" height=\"511\" src=\"https:\/\/www.elturistatranquil.com\/wp-content\/uploads\/F23-Playa-de-Frexulfe-Asturias.jpg\" class=\"attachment-large size-large wp-image-57819\" alt=\"Playa de Frexulfe, Asturias\" srcset=\"https:\/\/www.elturistatranquil.com\/wp-content\/uploads\/F23-Playa-de-Frexulfe-Asturias.jpg 768w, https:\/\/www.elturistatranquil.com\/wp-content\/uploads\/F23-Playa-de-Frexulfe-Asturias-339x226.jpg 339w\" sizes=\"(max-width: 768px) 100vw, 768px\" \/>\t\t\t\t\t\t\t\t\t\t\t<figcaption class=\"widget-image-caption wp-caption-text\"><\/figcaption>\n\t\t\t\t\t\t\t\t\t\t<\/figure>\n\t\t\t\t\t\t\t\t\t<\/div>\n\t\t\t\t<\/div>\n\t\t\t\t<div class=\"elementor-element elementor-element-5760b9e elementor-widget elementor-widget-image\" data-id=\"5760b9e\" data-element_type=\"widget\" data-e-type=\"widget\" data-widget_type=\"image.default\">\n\t\t\t\t<div class=\"elementor-widget-container\">\n\t\t\t\t\t\t\t\t\t\t\t\t<figure class=\"wp-caption\">\n\t\t\t\t\t\t\t\t\t\t<img loading=\"lazy\" decoding=\"async\" width=\"768\" height=\"511\" src=\"https:\/\/www.elturistatranquil.com\/wp-content\/uploads\/F24-Playa-de-Frexulfe-Asturias.jpg\" class=\"attachment-large size-large wp-image-57821\" alt=\"Playa de Frexulfe, Asturias\" srcset=\"https:\/\/www.elturistatranquil.com\/wp-content\/uploads\/F24-Playa-de-Frexulfe-Asturias.jpg 768w, https:\/\/www.elturistatranquil.com\/wp-content\/uploads\/F24-Playa-de-Frexulfe-Asturias-339x226.jpg 339w\" sizes=\"(max-width: 768px) 100vw, 768px\" \/>\t\t\t\t\t\t\t\t\t\t\t<figcaption class=\"widget-image-caption wp-caption-text\"><\/figcaption>\n\t\t\t\t\t\t\t\t\t\t<\/figure>\n\t\t\t\t\t\t\t\t\t<\/div>\n\t\t\t\t<\/div>\n\t\t\t\t<div class=\"elementor-element elementor-element-de86017 elementor-widget elementor-widget-heading\" data-id=\"de86017\" data-element_type=\"widget\" data-e-type=\"widget\" data-widget_type=\"heading.default\">\n\t\t\t\t<div class=\"elementor-widget-container\">\n\t\t\t\t\t<h4 class=\"elementor-heading-title elementor-size-default\">Navia (3) <\/h4>\t\t\t\t<\/div>\n\t\t\t\t<\/div>\n\t\t\t\t<div class=\"elementor-element elementor-element-d9e3733 elementor-widget elementor-widget-text-editor\" data-id=\"d9e3733\" data-element_type=\"widget\" data-e-type=\"widget\" data-widget_type=\"text-editor.default\">\n\t\t\t\t<div class=\"elementor-widget-container\">\n\t\t\t\t\t\t\t\t\t<p>(Municipi: Navia. Coordenades: 43\u00b032&#8217;30.5&#8243;N 6\u00b043&#8217;22.9&#8243;O)<\/p>\t\t\t\t\t\t\t\t<\/div>\n\t\t\t\t<\/div>\n\t\t\t\t<div class=\"elementor-element elementor-element-29151e2 elementor-widget elementor-widget-image\" data-id=\"29151e2\" data-element_type=\"widget\" data-e-type=\"widget\" data-widget_type=\"image.default\">\n\t\t\t\t<div class=\"elementor-widget-container\">\n\t\t\t\t\t\t\t\t\t\t\t\t<figure class=\"wp-caption\">\n\t\t\t\t\t\t\t\t\t\t<img loading=\"lazy\" decoding=\"async\" width=\"450\" height=\"600\" src=\"https:\/\/www.elturistatranquil.com\/wp-content\/uploads\/F25m-Navia-Asturias.jpg\" class=\"attachment-large size-large wp-image-57830\" alt=\"Navia, Asturias\" srcset=\"https:\/\/www.elturistatranquil.com\/wp-content\/uploads\/F25m-Navia-Asturias.jpg 450w, https:\/\/www.elturistatranquil.com\/wp-content\/uploads\/F25m-Navia-Asturias-170x226.jpg 170w\" sizes=\"(max-width: 450px) 100vw, 450px\" \/>\t\t\t\t\t\t\t\t\t\t\t<figcaption class=\"widget-image-caption wp-caption-text\"><\/figcaption>\n\t\t\t\t\t\t\t\t\t\t<\/figure>\n\t\t\t\t\t\t\t\t\t<\/div>\n\t\t\t\t<\/div>\n\t\t\t\t<div class=\"elementor-element elementor-element-cef168b elementor-widget elementor-widget-image\" data-id=\"cef168b\" data-element_type=\"widget\" data-e-type=\"widget\" data-widget_type=\"image.default\">\n\t\t\t\t<div class=\"elementor-widget-container\">\n\t\t\t\t\t\t\t\t\t\t\t\t<figure class=\"wp-caption\">\n\t\t\t\t\t\t\t\t\t\t<img loading=\"lazy\" decoding=\"async\" width=\"450\" height=\"600\" src=\"https:\/\/www.elturistatranquil.com\/wp-content\/uploads\/F26n-Navia-Asturias.jpg\" class=\"attachment-large size-large wp-image-57832\" alt=\"Navia, Asturias\" srcset=\"https:\/\/www.elturistatranquil.com\/wp-content\/uploads\/F26n-Navia-Asturias.jpg 450w, https:\/\/www.elturistatranquil.com\/wp-content\/uploads\/F26n-Navia-Asturias-170x226.jpg 170w\" sizes=\"(max-width: 450px) 100vw, 450px\" \/>\t\t\t\t\t\t\t\t\t\t\t<figcaption class=\"widget-image-caption wp-caption-text\"><\/figcaption>\n\t\t\t\t\t\t\t\t\t\t<\/figure>\n\t\t\t\t\t\t\t\t\t<\/div>\n\t\t\t\t<\/div>\n\t\t\t\t<div class=\"elementor-element elementor-element-d3e8bca elementor-widget elementor-widget-heading\" data-id=\"d3e8bca\" data-element_type=\"widget\" data-e-type=\"widget\" data-widget_type=\"heading.default\">\n\t\t\t\t<div class=\"elementor-widget-container\">\n\t\t\t\t\t<h4 class=\"elementor-heading-title elementor-size-default\">Viav\u00e9lez i mirador (4)<\/h4>\t\t\t\t<\/div>\n\t\t\t\t<\/div>\n\t\t\t\t<div class=\"elementor-element elementor-element-1cb8c9c elementor-widget elementor-widget-text-editor\" data-id=\"1cb8c9c\" data-element_type=\"widget\" data-e-type=\"widget\" data-widget_type=\"text-editor.default\">\n\t\t\t\t<div class=\"elementor-widget-container\">\n\t\t\t\t\t\t\t\t\t<p>(Municipi: El Franco. Coordenades: 43\u00b033&#8217;48.4&#8243;N 6\u00b050&#8217;24.3&#8243;O)<\/p>\t\t\t\t\t\t\t\t<\/div>\n\t\t\t\t<\/div>\n\t\t\t\t<div class=\"elementor-element elementor-element-411d66c elementor-widget elementor-widget-image\" data-id=\"411d66c\" data-element_type=\"widget\" data-e-type=\"widget\" data-widget_type=\"image.default\">\n\t\t\t\t<div class=\"elementor-widget-container\">\n\t\t\t\t\t\t\t\t\t\t\t\t<figure class=\"wp-caption\">\n\t\t\t\t\t\t\t\t\t\t<img loading=\"lazy\" decoding=\"async\" width=\"768\" height=\"512\" src=\"https:\/\/www.elturistatranquil.com\/wp-content\/uploads\/F27a-Viavelez-Google-maps-2025-04-15.jpg\" class=\"attachment-large size-large wp-image-57838\" alt=\"Viavelez (Google maps 2025-04-15)\" srcset=\"https:\/\/www.elturistatranquil.com\/wp-content\/uploads\/F27a-Viavelez-Google-maps-2025-04-15.jpg 768w, https:\/\/www.elturistatranquil.com\/wp-content\/uploads\/F27a-Viavelez-Google-maps-2025-04-15-339x226.jpg 339w\" sizes=\"(max-width: 768px) 100vw, 768px\" \/>\t\t\t\t\t\t\t\t\t\t\t<figcaption class=\"widget-image-caption wp-caption-text\">Viav\u00e9lez (Google maps 2025-04-15)<\/figcaption>\n\t\t\t\t\t\t\t\t\t\t<\/figure>\n\t\t\t\t\t\t\t\t\t<\/div>\n\t\t\t\t<\/div>\n\t\t\t\t<div class=\"elementor-element elementor-element-ed3a7b4 elementor-widget elementor-widget-image\" data-id=\"ed3a7b4\" data-element_type=\"widget\" data-e-type=\"widget\" data-widget_type=\"image.default\">\n\t\t\t\t<div class=\"elementor-widget-container\">\n\t\t\t\t\t\t\t\t\t\t\t\t<figure class=\"wp-caption\">\n\t\t\t\t\t\t\t\t\t\t<img loading=\"lazy\" decoding=\"async\" width=\"768\" height=\"511\" src=\"https:\/\/www.elturistatranquil.com\/wp-content\/uploads\/F27b-Viavelez-Asturias.jpg\" class=\"attachment-large size-large wp-image-57843\" alt=\"Viavelez, Asturias\" srcset=\"https:\/\/www.elturistatranquil.com\/wp-content\/uploads\/F27b-Viavelez-Asturias.jpg 768w, https:\/\/www.elturistatranquil.com\/wp-content\/uploads\/F27b-Viavelez-Asturias-339x226.jpg 339w\" sizes=\"(max-width: 768px) 100vw, 768px\" \/>\t\t\t\t\t\t\t\t\t\t\t<figcaption class=\"widget-image-caption wp-caption-text\"><\/figcaption>\n\t\t\t\t\t\t\t\t\t\t<\/figure>\n\t\t\t\t\t\t\t\t\t<\/div>\n\t\t\t\t<\/div>\n\t\t\t\t<div class=\"elementor-element elementor-element-fa6e3f3 elementor-widget elementor-widget-image\" data-id=\"fa6e3f3\" data-element_type=\"widget\" data-e-type=\"widget\" data-widget_type=\"image.default\">\n\t\t\t\t<div class=\"elementor-widget-container\">\n\t\t\t\t\t\t\t\t\t\t\t\t<figure class=\"wp-caption\">\n\t\t\t\t\t\t\t\t\t\t<img loading=\"lazy\" decoding=\"async\" width=\"768\" height=\"512\" src=\"https:\/\/www.elturistatranquil.com\/wp-content\/uploads\/F28-Viavelez-Asturias.jpg\" class=\"attachment-large size-large wp-image-57845\" alt=\"Viavelez, Asturias\" srcset=\"https:\/\/www.elturistatranquil.com\/wp-content\/uploads\/F28-Viavelez-Asturias.jpg 768w, https:\/\/www.elturistatranquil.com\/wp-content\/uploads\/F28-Viavelez-Asturias-339x226.jpg 339w\" sizes=\"(max-width: 768px) 100vw, 768px\" \/>\t\t\t\t\t\t\t\t\t\t\t<figcaption class=\"widget-image-caption wp-caption-text\"><\/figcaption>\n\t\t\t\t\t\t\t\t\t\t<\/figure>\n\t\t\t\t\t\t\t\t\t<\/div>\n\t\t\t\t<\/div>\n\t\t\t\t<div class=\"elementor-element elementor-element-c465972 elementor-widget elementor-widget-image\" data-id=\"c465972\" data-element_type=\"widget\" data-e-type=\"widget\" data-widget_type=\"image.default\">\n\t\t\t\t<div class=\"elementor-widget-container\">\n\t\t\t\t\t\t\t\t\t\t\t\t<figure class=\"wp-caption\">\n\t\t\t\t\t\t\t\t\t\t<img loading=\"lazy\" decoding=\"async\" width=\"768\" height=\"511\" src=\"https:\/\/www.elturistatranquil.com\/wp-content\/uploads\/F31-Viavelez-Asturias.jpg\" class=\"attachment-large size-large wp-image-57851\" alt=\"Viavelez, Asturias\" srcset=\"https:\/\/www.elturistatranquil.com\/wp-content\/uploads\/F31-Viavelez-Asturias.jpg 768w, https:\/\/www.elturistatranquil.com\/wp-content\/uploads\/F31-Viavelez-Asturias-339x226.jpg 339w\" sizes=\"(max-width: 768px) 100vw, 768px\" \/>\t\t\t\t\t\t\t\t\t\t\t<figcaption class=\"widget-image-caption wp-caption-text\"><\/figcaption>\n\t\t\t\t\t\t\t\t\t\t<\/figure>\n\t\t\t\t\t\t\t\t\t<\/div>\n\t\t\t\t<\/div>\n\t\t\t\t<div class=\"elementor-element elementor-element-9994b52 elementor-widget elementor-widget-image\" data-id=\"9994b52\" data-element_type=\"widget\" data-e-type=\"widget\" data-widget_type=\"image.default\">\n\t\t\t\t<div class=\"elementor-widget-container\">\n\t\t\t\t\t\t\t\t\t\t\t\t<figure class=\"wp-caption\">\n\t\t\t\t\t\t\t\t\t\t<img loading=\"lazy\" decoding=\"async\" width=\"768\" height=\"511\" src=\"https:\/\/www.elturistatranquil.com\/wp-content\/uploads\/F32-Viavelez-Asturias.jpg\" class=\"attachment-large size-large wp-image-57853\" alt=\"Viavelez, Asturias\" srcset=\"https:\/\/www.elturistatranquil.com\/wp-content\/uploads\/F32-Viavelez-Asturias.jpg 768w, https:\/\/www.elturistatranquil.com\/wp-content\/uploads\/F32-Viavelez-Asturias-339x226.jpg 339w\" sizes=\"(max-width: 768px) 100vw, 768px\" \/>\t\t\t\t\t\t\t\t\t\t\t<figcaption class=\"widget-image-caption wp-caption-text\"><\/figcaption>\n\t\t\t\t\t\t\t\t\t\t<\/figure>\n\t\t\t\t\t\t\t\t\t<\/div>\n\t\t\t\t<\/div>\n\t\t\t\t<div class=\"elementor-element elementor-element-ef8b550 elementor-widget elementor-widget-image\" data-id=\"ef8b550\" data-element_type=\"widget\" data-e-type=\"widget\" data-widget_type=\"image.default\">\n\t\t\t\t<div class=\"elementor-widget-container\">\n\t\t\t\t\t\t\t\t\t\t\t\t<figure class=\"wp-caption\">\n\t\t\t\t\t\t\t\t\t\t<img loading=\"lazy\" decoding=\"async\" width=\"768\" height=\"512\" src=\"https:\/\/www.elturistatranquil.com\/wp-content\/uploads\/F34-Viavelez-Asturias.jpg\" class=\"attachment-large size-large wp-image-57855\" alt=\"Viavelez, Asturias\" srcset=\"https:\/\/www.elturistatranquil.com\/wp-content\/uploads\/F34-Viavelez-Asturias.jpg 768w, https:\/\/www.elturistatranquil.com\/wp-content\/uploads\/F34-Viavelez-Asturias-339x226.jpg 339w\" sizes=\"(max-width: 768px) 100vw, 768px\" \/>\t\t\t\t\t\t\t\t\t\t\t<figcaption class=\"widget-image-caption wp-caption-text\"><\/figcaption>\n\t\t\t\t\t\t\t\t\t\t<\/figure>\n\t\t\t\t\t\t\t\t\t<\/div>\n\t\t\t\t<\/div>\n\t\t\t\t<div class=\"elementor-element elementor-element-0a0c4b6 elementor-widget elementor-widget-image\" data-id=\"0a0c4b6\" data-element_type=\"widget\" data-e-type=\"widget\" data-widget_type=\"image.default\">\n\t\t\t\t<div class=\"elementor-widget-container\">\n\t\t\t\t\t\t\t\t\t\t\t\t<figure class=\"wp-caption\">\n\t\t\t\t\t\t\t\t\t\t<img loading=\"lazy\" decoding=\"async\" width=\"768\" height=\"511\" src=\"https:\/\/www.elturistatranquil.com\/wp-content\/uploads\/F35-Viavelez-Asturias.jpg\" class=\"attachment-large size-large wp-image-57857\" alt=\"Viavelez, Asturias\" srcset=\"https:\/\/www.elturistatranquil.com\/wp-content\/uploads\/F35-Viavelez-Asturias.jpg 768w, https:\/\/www.elturistatranquil.com\/wp-content\/uploads\/F35-Viavelez-Asturias-339x226.jpg 339w\" sizes=\"(max-width: 768px) 100vw, 768px\" \/>\t\t\t\t\t\t\t\t\t\t\t<figcaption class=\"widget-image-caption wp-caption-text\"><\/figcaption>\n\t\t\t\t\t\t\t\t\t\t<\/figure>\n\t\t\t\t\t\t\t\t\t<\/div>\n\t\t\t\t<\/div>\n\t\t\t\t<div class=\"elementor-element elementor-element-7b675dc elementor-widget elementor-widget-image\" data-id=\"7b675dc\" data-element_type=\"widget\" data-e-type=\"widget\" data-widget_type=\"image.default\">\n\t\t\t\t<div class=\"elementor-widget-container\">\n\t\t\t\t\t\t\t\t\t\t\t\t<figure class=\"wp-caption\">\n\t\t\t\t\t\t\t\t\t\t<img loading=\"lazy\" decoding=\"async\" width=\"768\" height=\"512\" src=\"https:\/\/www.elturistatranquil.com\/wp-content\/uploads\/F37-Viavelez-Asturias.jpg\" class=\"attachment-large size-large wp-image-57861\" alt=\"Viavelez, Asturias\" srcset=\"https:\/\/www.elturistatranquil.com\/wp-content\/uploads\/F37-Viavelez-Asturias.jpg 768w, https:\/\/www.elturistatranquil.com\/wp-content\/uploads\/F37-Viavelez-Asturias-339x226.jpg 339w\" sizes=\"(max-width: 768px) 100vw, 768px\" \/>\t\t\t\t\t\t\t\t\t\t\t<figcaption class=\"widget-image-caption wp-caption-text\"><\/figcaption>\n\t\t\t\t\t\t\t\t\t\t<\/figure>\n\t\t\t\t\t\t\t\t\t<\/div>\n\t\t\t\t<\/div>\n\t\t\t\t<section class=\"elementor-section elementor-inner-section elementor-element elementor-element-3324fbb elementor-section-boxed elementor-section-height-default elementor-section-height-default\" data-id=\"3324fbb\" data-element_type=\"section\" data-e-type=\"section\">\n\t\t\t\t\t\t<div class=\"elementor-container elementor-column-gap-default\">\n\t\t\t\t\t<div class=\"elementor-column elementor-col-50 elementor-inner-column elementor-element elementor-element-d0d620a\" data-id=\"d0d620a\" data-element_type=\"column\" data-e-type=\"column\">\n\t\t\t<div class=\"elementor-widget-wrap elementor-element-populated\">\n\t\t\t\t\t\t<div class=\"elementor-element elementor-element-51e1336 elementor-widget elementor-widget-image\" data-id=\"51e1336\" data-element_type=\"widget\" data-e-type=\"widget\" data-widget_type=\"image.default\">\n\t\t\t\t<div class=\"elementor-widget-container\">\n\t\t\t\t\t\t\t\t\t\t\t\t\t\t\t<img loading=\"lazy\" decoding=\"async\" width=\"380\" height=\"570\" src=\"https:\/\/www.elturistatranquil.com\/wp-content\/uploads\/F38-Viavelez-Asturias.jpg\" class=\"attachment-large size-large wp-image-57863\" alt=\"Viavelez, Asturias\" srcset=\"https:\/\/www.elturistatranquil.com\/wp-content\/uploads\/F38-Viavelez-Asturias.jpg 380w, https:\/\/www.elturistatranquil.com\/wp-content\/uploads\/F38-Viavelez-Asturias-151x226.jpg 151w\" sizes=\"(max-width: 380px) 100vw, 380px\" \/>\t\t\t\t\t\t\t\t\t\t\t\t\t\t\t<\/div>\n\t\t\t\t<\/div>\n\t\t\t\t\t<\/div>\n\t\t<\/div>\n\t\t\t\t<div class=\"elementor-column elementor-col-50 elementor-inner-column elementor-element elementor-element-c239189\" data-id=\"c239189\" data-element_type=\"column\" data-e-type=\"column\">\n\t\t\t<div class=\"elementor-widget-wrap elementor-element-populated\">\n\t\t\t\t\t\t<div class=\"elementor-element elementor-element-3a20298 elementor-widget elementor-widget-image\" data-id=\"3a20298\" data-element_type=\"widget\" data-e-type=\"widget\" data-widget_type=\"image.default\">\n\t\t\t\t<div class=\"elementor-widget-container\">\n\t\t\t\t\t\t\t\t\t\t\t\t\t\t\t<img loading=\"lazy\" decoding=\"async\" width=\"380\" height=\"570\" src=\"https:\/\/www.elturistatranquil.com\/wp-content\/uploads\/F39-Viavelez-Asturias.jpg\" class=\"attachment-large size-large wp-image-57868\" alt=\"Viavelez, Asturias\" srcset=\"https:\/\/www.elturistatranquil.com\/wp-content\/uploads\/F39-Viavelez-Asturias.jpg 380w, https:\/\/www.elturistatranquil.com\/wp-content\/uploads\/F39-Viavelez-Asturias-151x226.jpg 151w\" sizes=\"(max-width: 380px) 100vw, 380px\" \/>\t\t\t\t\t\t\t\t\t\t\t\t\t\t\t<\/div>\n\t\t\t\t<\/div>\n\t\t\t\t\t<\/div>\n\t\t<\/div>\n\t\t\t\t\t<\/div>\n\t\t<\/section>\n\t\t\t\t<div class=\"elementor-element elementor-element-63567d8 elementor-widget elementor-widget-spacer\" data-id=\"63567d8\" data-element_type=\"widget\" data-e-type=\"widget\" data-widget_type=\"spacer.default\">\n\t\t\t\t<div class=\"elementor-widget-container\">\n\t\t\t\t\t\t\t<div class=\"elementor-spacer\">\n\t\t\t<div class=\"elementor-spacer-inner\"><\/div>\n\t\t<\/div>\n\t\t\t\t\t\t<\/div>\n\t\t\t\t<\/div>\n\t\t\t\t<div class=\"elementor-element elementor-element-66cca8d elementor-widget elementor-widget-image\" data-id=\"66cca8d\" data-element_type=\"widget\" data-e-type=\"widget\" data-widget_type=\"image.default\">\n\t\t\t\t<div class=\"elementor-widget-container\">\n\t\t\t\t\t\t\t\t\t\t\t\t<figure class=\"wp-caption\">\n\t\t\t\t\t\t\t\t\t\t<img loading=\"lazy\" decoding=\"async\" width=\"768\" height=\"498\" src=\"https:\/\/www.elturistatranquil.com\/wp-content\/uploads\/F40-Viavelez-Asturias.jpg\" class=\"attachment-large size-large wp-image-57870\" alt=\"Viavelez, Asturias\" srcset=\"https:\/\/www.elturistatranquil.com\/wp-content\/uploads\/F40-Viavelez-Asturias.jpg 768w, https:\/\/www.elturistatranquil.com\/wp-content\/uploads\/F40-Viavelez-Asturias-339x220.jpg 339w\" sizes=\"(max-width: 768px) 100vw, 768px\" \/>\t\t\t\t\t\t\t\t\t\t\t<figcaption class=\"widget-image-caption wp-caption-text\"><\/figcaption>\n\t\t\t\t\t\t\t\t\t\t<\/figure>\n\t\t\t\t\t\t\t\t\t<\/div>\n\t\t\t\t<\/div>\n\t\t\t\t<div class=\"elementor-element elementor-element-6695fa6 elementor-widget elementor-widget-image\" data-id=\"6695fa6\" data-element_type=\"widget\" data-e-type=\"widget\" data-widget_type=\"image.default\">\n\t\t\t\t<div class=\"elementor-widget-container\">\n\t\t\t\t\t\t\t\t\t\t\t\t<figure class=\"wp-caption\">\n\t\t\t\t\t\t\t\t\t\t<img loading=\"lazy\" decoding=\"async\" width=\"768\" height=\"512\" src=\"https:\/\/www.elturistatranquil.com\/wp-content\/uploads\/F41-Viavelez-Asturias.jpg\" class=\"attachment-large size-large wp-image-57872\" alt=\"Viavelez, Asturias\" srcset=\"https:\/\/www.elturistatranquil.com\/wp-content\/uploads\/F41-Viavelez-Asturias.jpg 768w, https:\/\/www.elturistatranquil.com\/wp-content\/uploads\/F41-Viavelez-Asturias-339x226.jpg 339w\" sizes=\"(max-width: 768px) 100vw, 768px\" \/>\t\t\t\t\t\t\t\t\t\t\t<figcaption class=\"widget-image-caption wp-caption-text\"><\/figcaption>\n\t\t\t\t\t\t\t\t\t\t<\/figure>\n\t\t\t\t\t\t\t\t\t<\/div>\n\t\t\t\t<\/div>\n\t\t\t\t<div class=\"elementor-element elementor-element-ab9c75d elementor-widget elementor-widget-image\" data-id=\"ab9c75d\" data-element_type=\"widget\" data-e-type=\"widget\" data-widget_type=\"image.default\">\n\t\t\t\t<div class=\"elementor-widget-container\">\n\t\t\t\t\t\t\t\t\t\t\t\t<figure class=\"wp-caption\">\n\t\t\t\t\t\t\t\t\t\t<img loading=\"lazy\" decoding=\"async\" width=\"768\" height=\"512\" src=\"https:\/\/www.elturistatranquil.com\/wp-content\/uploads\/F42-Viavelez-Asturias.jpg\" class=\"attachment-large size-large wp-image-57877\" alt=\"Viavelez, Asturias\" srcset=\"https:\/\/www.elturistatranquil.com\/wp-content\/uploads\/F42-Viavelez-Asturias.jpg 768w, https:\/\/www.elturistatranquil.com\/wp-content\/uploads\/F42-Viavelez-Asturias-339x226.jpg 339w\" sizes=\"(max-width: 768px) 100vw, 768px\" \/>\t\t\t\t\t\t\t\t\t\t\t<figcaption class=\"widget-image-caption wp-caption-text\"><\/figcaption>\n\t\t\t\t\t\t\t\t\t\t<\/figure>\n\t\t\t\t\t\t\t\t\t<\/div>\n\t\t\t\t<\/div>\n\t\t\t\t<div class=\"elementor-element elementor-element-365dfdd elementor-widget elementor-widget-image\" data-id=\"365dfdd\" data-element_type=\"widget\" data-e-type=\"widget\" data-widget_type=\"image.default\">\n\t\t\t\t<div class=\"elementor-widget-container\">\n\t\t\t\t\t\t\t\t\t\t\t\t<figure class=\"wp-caption\">\n\t\t\t\t\t\t\t\t\t\t<img loading=\"lazy\" decoding=\"async\" width=\"768\" height=\"511\" src=\"https:\/\/www.elturistatranquil.com\/wp-content\/uploads\/F43-Escultura-Litoral.-Autor-Knorr-2002.-Viavelez-Asturias.jpg\" class=\"attachment-large size-large wp-image-57879\" alt=\"Escultura Litoral. Autor Knorr, 2002. Viavelez, Asturias\" srcset=\"https:\/\/www.elturistatranquil.com\/wp-content\/uploads\/F43-Escultura-Litoral.-Autor-Knorr-2002.-Viavelez-Asturias.jpg 768w, https:\/\/www.elturistatranquil.com\/wp-content\/uploads\/F43-Escultura-Litoral.-Autor-Knorr-2002.-Viavelez-Asturias-339x226.jpg 339w\" sizes=\"(max-width: 768px) 100vw, 768px\" \/>\t\t\t\t\t\t\t\t\t\t\t<figcaption class=\"widget-image-caption wp-caption-text\">Escultura: Litoral. Autor: Knorr, 2002<\/figcaption>\n\t\t\t\t\t\t\t\t\t\t<\/figure>\n\t\t\t\t\t\t\t\t\t<\/div>\n\t\t\t\t<\/div>\n\t\t\t\t<div class=\"elementor-element elementor-element-8aab5ac elementor-widget elementor-widget-image\" data-id=\"8aab5ac\" data-element_type=\"widget\" data-e-type=\"widget\" data-widget_type=\"image.default\">\n\t\t\t\t<div class=\"elementor-widget-container\">\n\t\t\t\t\t\t\t\t\t\t\t\t<figure class=\"wp-caption\">\n\t\t\t\t\t\t\t\t\t\t<img loading=\"lazy\" decoding=\"async\" width=\"768\" height=\"511\" src=\"https:\/\/www.elturistatranquil.com\/wp-content\/uploads\/F44-Viavelez-Asturias.jpg\" class=\"attachment-large size-large wp-image-57883\" alt=\"Viavelez, Asturias\" srcset=\"https:\/\/www.elturistatranquil.com\/wp-content\/uploads\/F44-Viavelez-Asturias.jpg 768w, https:\/\/www.elturistatranquil.com\/wp-content\/uploads\/F44-Viavelez-Asturias-339x226.jpg 339w\" sizes=\"(max-width: 768px) 100vw, 768px\" \/>\t\t\t\t\t\t\t\t\t\t\t<figcaption class=\"widget-image-caption wp-caption-text\"><\/figcaption>\n\t\t\t\t\t\t\t\t\t\t<\/figure>\n\t\t\t\t\t\t\t\t\t<\/div>\n\t\t\t\t<\/div>\n\t\t\t\t<div class=\"elementor-element elementor-element-9b7bbcc elementor-widget elementor-widget-image\" data-id=\"9b7bbcc\" data-element_type=\"widget\" data-e-type=\"widget\" data-widget_type=\"image.default\">\n\t\t\t\t<div class=\"elementor-widget-container\">\n\t\t\t\t\t\t\t\t\t\t\t\t<figure class=\"wp-caption\">\n\t\t\t\t\t\t\t\t\t\t<img loading=\"lazy\" decoding=\"async\" width=\"768\" height=\"511\" src=\"https:\/\/www.elturistatranquil.com\/wp-content\/uploads\/F45-Viavelez-Asturias.jpg\" class=\"attachment-large size-large wp-image-57881\" alt=\"Viavelez, Asturias\" srcset=\"https:\/\/www.elturistatranquil.com\/wp-content\/uploads\/F45-Viavelez-Asturias.jpg 768w, https:\/\/www.elturistatranquil.com\/wp-content\/uploads\/F45-Viavelez-Asturias-339x226.jpg 339w\" sizes=\"(max-width: 768px) 100vw, 768px\" \/>\t\t\t\t\t\t\t\t\t\t\t<figcaption class=\"widget-image-caption wp-caption-text\"><\/figcaption>\n\t\t\t\t\t\t\t\t\t\t<\/figure>\n\t\t\t\t\t\t\t\t\t<\/div>\n\t\t\t\t<\/div>\n\t\t\t\t<div class=\"elementor-element elementor-element-608da0e elementor-widget elementor-widget-image\" data-id=\"608da0e\" data-element_type=\"widget\" data-e-type=\"widget\" data-widget_type=\"image.default\">\n\t\t\t\t<div class=\"elementor-widget-container\">\n\t\t\t\t\t\t\t\t\t\t\t\t<figure class=\"wp-caption\">\n\t\t\t\t\t\t\t\t\t\t<img loading=\"lazy\" decoding=\"async\" width=\"768\" height=\"511\" src=\"https:\/\/www.elturistatranquil.com\/wp-content\/uploads\/F46-Viavelez-Asturias.jpg\" class=\"attachment-large size-large wp-image-57885\" alt=\"Viavelez, Asturias\" srcset=\"https:\/\/www.elturistatranquil.com\/wp-content\/uploads\/F46-Viavelez-Asturias.jpg 768w, https:\/\/www.elturistatranquil.com\/wp-content\/uploads\/F46-Viavelez-Asturias-339x226.jpg 339w\" sizes=\"(max-width: 768px) 100vw, 768px\" \/>\t\t\t\t\t\t\t\t\t\t\t<figcaption class=\"widget-image-caption wp-caption-text\"><\/figcaption>\n\t\t\t\t\t\t\t\t\t\t<\/figure>\n\t\t\t\t\t\t\t\t\t<\/div>\n\t\t\t\t<\/div>\n\t\t\t\t<div class=\"elementor-element elementor-element-8e12349 elementor-widget elementor-widget-heading\" data-id=\"8e12349\" data-element_type=\"widget\" data-e-type=\"widget\" data-widget_type=\"heading.default\">\n\t\t\t\t<div class=\"elementor-widget-container\">\n\t\t\t\t\t<h4 class=\"elementor-heading-title elementor-size-default\">Mirador Cap Cebes (5)<\/h4>\t\t\t\t<\/div>\n\t\t\t\t<\/div>\n\t\t\t\t<div class=\"elementor-element elementor-element-951a33f elementor-widget elementor-widget-text-editor\" data-id=\"951a33f\" data-element_type=\"widget\" data-e-type=\"widget\" data-widget_type=\"text-editor.default\">\n\t\t\t\t<div class=\"elementor-widget-container\">\n\t\t\t\t\t\t\t\t\t<p>(Municipi: Tapia de Casariego. Coordenades: 43\u00b034&#8217;24.1&#8243;N 6\u00b055&#8217;29.5&#8243;O)<\/p>\t\t\t\t\t\t\t\t<\/div>\n\t\t\t\t<\/div>\n\t\t\t\t<div class=\"elementor-element elementor-element-a919aaa elementor-widget elementor-widget-image\" data-id=\"a919aaa\" data-element_type=\"widget\" data-e-type=\"widget\" data-widget_type=\"image.default\">\n\t\t\t\t<div class=\"elementor-widget-container\">\n\t\t\t\t\t\t\t\t\t\t\t\t<figure class=\"wp-caption\">\n\t\t\t\t\t\t\t\t\t\t<img loading=\"lazy\" decoding=\"async\" width=\"768\" height=\"512\" src=\"https:\/\/www.elturistatranquil.com\/wp-content\/uploads\/F47-Mirador-Cabo-Cebes-Asturias.jpg\" class=\"attachment-large size-large wp-image-57892\" alt=\"Mirador Cabo Cebes, Asturias\" srcset=\"https:\/\/www.elturistatranquil.com\/wp-content\/uploads\/F47-Mirador-Cabo-Cebes-Asturias.jpg 768w, https:\/\/www.elturistatranquil.com\/wp-content\/uploads\/F47-Mirador-Cabo-Cebes-Asturias-339x226.jpg 339w\" sizes=\"(max-width: 768px) 100vw, 768px\" \/>\t\t\t\t\t\t\t\t\t\t\t<figcaption class=\"widget-image-caption wp-caption-text\"><\/figcaption>\n\t\t\t\t\t\t\t\t\t\t<\/figure>\n\t\t\t\t\t\t\t\t\t<\/div>\n\t\t\t\t<\/div>\n\t\t\t\t<div class=\"elementor-element elementor-element-2398757 elementor-widget elementor-widget-image\" data-id=\"2398757\" data-element_type=\"widget\" data-e-type=\"widget\" data-widget_type=\"image.default\">\n\t\t\t\t<div class=\"elementor-widget-container\">\n\t\t\t\t\t\t\t\t\t\t\t\t<figure class=\"wp-caption\">\n\t\t\t\t\t\t\t\t\t\t<img loading=\"lazy\" decoding=\"async\" width=\"768\" height=\"511\" src=\"https:\/\/www.elturistatranquil.com\/wp-content\/uploads\/F48-Mirador-Cabo-Cebes-Asturias.jpg\" class=\"attachment-large size-large wp-image-57894\" alt=\"Mirador Cabo Cebes, Asturias\" srcset=\"https:\/\/www.elturistatranquil.com\/wp-content\/uploads\/F48-Mirador-Cabo-Cebes-Asturias.jpg 768w, https:\/\/www.elturistatranquil.com\/wp-content\/uploads\/F48-Mirador-Cabo-Cebes-Asturias-339x226.jpg 339w\" sizes=\"(max-width: 768px) 100vw, 768px\" \/>\t\t\t\t\t\t\t\t\t\t\t<figcaption class=\"widget-image-caption wp-caption-text\"><\/figcaption>\n\t\t\t\t\t\t\t\t\t\t<\/figure>\n\t\t\t\t\t\t\t\t\t<\/div>\n\t\t\t\t<\/div>\n\t\t\t\t<div class=\"elementor-element elementor-element-53eb651 elementor-widget elementor-widget-image\" data-id=\"53eb651\" data-element_type=\"widget\" data-e-type=\"widget\" data-widget_type=\"image.default\">\n\t\t\t\t<div class=\"elementor-widget-container\">\n\t\t\t\t\t\t\t\t\t\t\t\t<figure class=\"wp-caption\">\n\t\t\t\t\t\t\t\t\t\t<img loading=\"lazy\" decoding=\"async\" width=\"768\" height=\"511\" src=\"https:\/\/www.elturistatranquil.com\/wp-content\/uploads\/F49-Mirador-Cabo-Cebes-Asturias.jpg\" class=\"attachment-large size-large wp-image-57896\" alt=\"Mirador Cabo Cebes, Asturias\" srcset=\"https:\/\/www.elturistatranquil.com\/wp-content\/uploads\/F49-Mirador-Cabo-Cebes-Asturias.jpg 768w, https:\/\/www.elturistatranquil.com\/wp-content\/uploads\/F49-Mirador-Cabo-Cebes-Asturias-339x226.jpg 339w\" sizes=\"(max-width: 768px) 100vw, 768px\" \/>\t\t\t\t\t\t\t\t\t\t\t<figcaption class=\"widget-image-caption wp-caption-text\"><\/figcaption>\n\t\t\t\t\t\t\t\t\t\t<\/figure>\n\t\t\t\t\t\t\t\t\t<\/div>\n\t\t\t\t<\/div>\n\t\t\t\t<div class=\"elementor-element elementor-element-af349e7 elementor-widget elementor-widget-image\" data-id=\"af349e7\" data-element_type=\"widget\" data-e-type=\"widget\" data-widget_type=\"image.default\">\n\t\t\t\t<div class=\"elementor-widget-container\">\n\t\t\t\t\t\t\t\t\t\t\t\t<figure class=\"wp-caption\">\n\t\t\t\t\t\t\t\t\t\t<img loading=\"lazy\" decoding=\"async\" width=\"768\" height=\"512\" src=\"https:\/\/www.elturistatranquil.com\/wp-content\/uploads\/F50-Mirador-Cabo-Cebes-Asturias.jpg\" class=\"attachment-large size-large wp-image-57898\" alt=\"Mirador Cabo Cebes, Asturias\" srcset=\"https:\/\/www.elturistatranquil.com\/wp-content\/uploads\/F50-Mirador-Cabo-Cebes-Asturias.jpg 768w, https:\/\/www.elturistatranquil.com\/wp-content\/uploads\/F50-Mirador-Cabo-Cebes-Asturias-339x226.jpg 339w\" sizes=\"(max-width: 768px) 100vw, 768px\" \/>\t\t\t\t\t\t\t\t\t\t\t<figcaption class=\"widget-image-caption wp-caption-text\"><\/figcaption>\n\t\t\t\t\t\t\t\t\t\t<\/figure>\n\t\t\t\t\t\t\t\t\t<\/div>\n\t\t\t\t<\/div>\n\t\t\t\t<div class=\"elementor-element elementor-element-8b990d5 elementor-widget elementor-widget-heading\" data-id=\"8b990d5\" data-element_type=\"widget\" data-e-type=\"widget\" data-widget_type=\"heading.default\">\n\t\t\t\t<div class=\"elementor-widget-container\">\n\t\t\t\t\t<h4 class=\"elementor-heading-title elementor-size-default\">Tapia de Casariego (6)<\/h4>\t\t\t\t<\/div>\n\t\t\t\t<\/div>\n\t\t\t\t<div class=\"elementor-element elementor-element-b358874 elementor-widget elementor-widget-text-editor\" data-id=\"b358874\" data-element_type=\"widget\" data-e-type=\"widget\" data-widget_type=\"text-editor.default\">\n\t\t\t\t<div class=\"elementor-widget-container\">\n\t\t\t\t\t\t\t\t\t<p>(Municipi: Tapia de Casariego. Coordenades: 43\u00b034&#8217;10.6&#8243;N 6\u00b056&#8217;38.1&#8243;O)<\/p>\t\t\t\t\t\t\t\t<\/div>\n\t\t\t\t<\/div>\n\t\t\t\t<div class=\"elementor-element elementor-element-7d23090 elementor-widget elementor-widget-image\" data-id=\"7d23090\" data-element_type=\"widget\" data-e-type=\"widget\" data-widget_type=\"image.default\">\n\t\t\t\t<div class=\"elementor-widget-container\">\n\t\t\t\t\t\t\t\t\t\t\t\t<figure class=\"wp-caption\">\n\t\t\t\t\t\t\t\t\t\t<img loading=\"lazy\" decoding=\"async\" width=\"768\" height=\"512\" src=\"https:\/\/www.elturistatranquil.com\/wp-content\/uploads\/F52a-Tapia-de-Casariego-Google-maps-2025-04-15.jpg\" class=\"attachment-large size-large wp-image-57905\" alt=\"Tapia de Casariego (Google maps 2025-04-15)\" srcset=\"https:\/\/www.elturistatranquil.com\/wp-content\/uploads\/F52a-Tapia-de-Casariego-Google-maps-2025-04-15.jpg 768w, https:\/\/www.elturistatranquil.com\/wp-content\/uploads\/F52a-Tapia-de-Casariego-Google-maps-2025-04-15-339x226.jpg 339w\" sizes=\"(max-width: 768px) 100vw, 768px\" \/>\t\t\t\t\t\t\t\t\t\t\t<figcaption class=\"widget-image-caption wp-caption-text\">Tapia de Casariego (Google maps 2025-04-15)<\/figcaption>\n\t\t\t\t\t\t\t\t\t\t<\/figure>\n\t\t\t\t\t\t\t\t\t<\/div>\n\t\t\t\t<\/div>\n\t\t\t\t<div class=\"elementor-element elementor-element-40ae88e elementor-widget elementor-widget-image\" data-id=\"40ae88e\" data-element_type=\"widget\" data-e-type=\"widget\" data-widget_type=\"image.default\">\n\t\t\t\t<div class=\"elementor-widget-container\">\n\t\t\t\t\t\t\t\t\t\t\t\t<figure class=\"wp-caption\">\n\t\t\t\t\t\t\t\t\t\t<img loading=\"lazy\" decoding=\"async\" width=\"768\" height=\"511\" src=\"https:\/\/www.elturistatranquil.com\/wp-content\/uploads\/F52b-Tapia-de-Casariego-Asturias.jpg\" class=\"attachment-large size-large wp-image-57907\" alt=\"Tapia de Casariego, Asturias\" srcset=\"https:\/\/www.elturistatranquil.com\/wp-content\/uploads\/F52b-Tapia-de-Casariego-Asturias.jpg 768w, https:\/\/www.elturistatranquil.com\/wp-content\/uploads\/F52b-Tapia-de-Casariego-Asturias-339x226.jpg 339w\" sizes=\"(max-width: 768px) 100vw, 768px\" \/>\t\t\t\t\t\t\t\t\t\t\t<figcaption class=\"widget-image-caption wp-caption-text\"><\/figcaption>\n\t\t\t\t\t\t\t\t\t\t<\/figure>\n\t\t\t\t\t\t\t\t\t<\/div>\n\t\t\t\t<\/div>\n\t\t\t\t<div class=\"elementor-element elementor-element-8e4b5d5 elementor-widget elementor-widget-image\" data-id=\"8e4b5d5\" data-element_type=\"widget\" data-e-type=\"widget\" data-widget_type=\"image.default\">\n\t\t\t\t<div class=\"elementor-widget-container\">\n\t\t\t\t\t\t\t\t\t\t\t\t<figure class=\"wp-caption\">\n\t\t\t\t\t\t\t\t\t\t<img loading=\"lazy\" decoding=\"async\" width=\"768\" height=\"473\" src=\"https:\/\/www.elturistatranquil.com\/wp-content\/uploads\/F53-Tapia-de-Casariego-Asturias.jpg\" class=\"attachment-large size-large wp-image-57909\" alt=\"Tapia de Casariego, Asturias\" srcset=\"https:\/\/www.elturistatranquil.com\/wp-content\/uploads\/F53-Tapia-de-Casariego-Asturias.jpg 768w, https:\/\/www.elturistatranquil.com\/wp-content\/uploads\/F53-Tapia-de-Casariego-Asturias-339x209.jpg 339w\" sizes=\"(max-width: 768px) 100vw, 768px\" \/>\t\t\t\t\t\t\t\t\t\t\t<figcaption class=\"widget-image-caption wp-caption-text\"><\/figcaption>\n\t\t\t\t\t\t\t\t\t\t<\/figure>\n\t\t\t\t\t\t\t\t\t<\/div>\n\t\t\t\t<\/div>\n\t\t\t\t<div class=\"elementor-element elementor-element-5cd2b6c elementor-widget elementor-widget-image\" data-id=\"5cd2b6c\" data-element_type=\"widget\" data-e-type=\"widget\" data-widget_type=\"image.default\">\n\t\t\t\t<div class=\"elementor-widget-container\">\n\t\t\t\t\t\t\t\t\t\t\t\t<figure class=\"wp-caption\">\n\t\t\t\t\t\t\t\t\t\t<img loading=\"lazy\" decoding=\"async\" width=\"768\" height=\"511\" src=\"https:\/\/www.elturistatranquil.com\/wp-content\/uploads\/F54-Tapia-de-Casariego-Asturias.jpg\" class=\"attachment-large size-large wp-image-57911\" alt=\"Tapia de Casariego, Asturias\" srcset=\"https:\/\/www.elturistatranquil.com\/wp-content\/uploads\/F54-Tapia-de-Casariego-Asturias.jpg 768w, https:\/\/www.elturistatranquil.com\/wp-content\/uploads\/F54-Tapia-de-Casariego-Asturias-339x226.jpg 339w\" sizes=\"(max-width: 768px) 100vw, 768px\" \/>\t\t\t\t\t\t\t\t\t\t\t<figcaption class=\"widget-image-caption wp-caption-text\"><\/figcaption>\n\t\t\t\t\t\t\t\t\t\t<\/figure>\n\t\t\t\t\t\t\t\t\t<\/div>\n\t\t\t\t<\/div>\n\t\t\t\t<div class=\"elementor-element elementor-element-078b9a9 elementor-widget elementor-widget-image\" data-id=\"078b9a9\" data-element_type=\"widget\" data-e-type=\"widget\" data-widget_type=\"image.default\">\n\t\t\t\t<div class=\"elementor-widget-container\">\n\t\t\t\t\t\t\t\t\t\t\t\t<figure class=\"wp-caption\">\n\t\t\t\t\t\t\t\t\t\t<img loading=\"lazy\" decoding=\"async\" width=\"768\" height=\"511\" src=\"https:\/\/www.elturistatranquil.com\/wp-content\/uploads\/F55-Tapia-de-Casariego-Asturias.jpg\" class=\"attachment-large size-large wp-image-57913\" alt=\"Tapia de Casariego, Asturias\" srcset=\"https:\/\/www.elturistatranquil.com\/wp-content\/uploads\/F55-Tapia-de-Casariego-Asturias.jpg 768w, https:\/\/www.elturistatranquil.com\/wp-content\/uploads\/F55-Tapia-de-Casariego-Asturias-339x226.jpg 339w\" sizes=\"(max-width: 768px) 100vw, 768px\" \/>\t\t\t\t\t\t\t\t\t\t\t<figcaption class=\"widget-image-caption wp-caption-text\"><\/figcaption>\n\t\t\t\t\t\t\t\t\t\t<\/figure>\n\t\t\t\t\t\t\t\t\t<\/div>\n\t\t\t\t<\/div>\n\t\t\t\t<div class=\"elementor-element elementor-element-4bf970c elementor-widget elementor-widget-image\" data-id=\"4bf970c\" data-element_type=\"widget\" data-e-type=\"widget\" data-widget_type=\"image.default\">\n\t\t\t\t<div class=\"elementor-widget-container\">\n\t\t\t\t\t\t\t\t\t\t\t\t<figure class=\"wp-caption\">\n\t\t\t\t\t\t\t\t\t\t<img loading=\"lazy\" decoding=\"async\" width=\"768\" height=\"511\" src=\"https:\/\/www.elturistatranquil.com\/wp-content\/uploads\/F56-Tapia-de-Casariego-Asturias.jpg\" class=\"attachment-large size-large wp-image-57915\" alt=\"Tapia de Casariego, Asturias\" srcset=\"https:\/\/www.elturistatranquil.com\/wp-content\/uploads\/F56-Tapia-de-Casariego-Asturias.jpg 768w, https:\/\/www.elturistatranquil.com\/wp-content\/uploads\/F56-Tapia-de-Casariego-Asturias-339x226.jpg 339w\" sizes=\"(max-width: 768px) 100vw, 768px\" \/>\t\t\t\t\t\t\t\t\t\t\t<figcaption class=\"widget-image-caption wp-caption-text\"><\/figcaption>\n\t\t\t\t\t\t\t\t\t\t<\/figure>\n\t\t\t\t\t\t\t\t\t<\/div>\n\t\t\t\t<\/div>\n\t\t\t\t<div class=\"elementor-element elementor-element-b648284 elementor-widget elementor-widget-image\" data-id=\"b648284\" data-element_type=\"widget\" data-e-type=\"widget\" data-widget_type=\"image.default\">\n\t\t\t\t<div class=\"elementor-widget-container\">\n\t\t\t\t\t\t\t\t\t\t\t\t<figure class=\"wp-caption\">\n\t\t\t\t\t\t\t\t\t\t<img loading=\"lazy\" decoding=\"async\" width=\"768\" height=\"511\" src=\"https:\/\/www.elturistatranquil.com\/wp-content\/uploads\/F57-Tapia-de-Casariego-Asturias.jpg\" class=\"attachment-large size-large wp-image-57917\" alt=\"Tapia de Casariego, Asturias\" srcset=\"https:\/\/www.elturistatranquil.com\/wp-content\/uploads\/F57-Tapia-de-Casariego-Asturias.jpg 768w, https:\/\/www.elturistatranquil.com\/wp-content\/uploads\/F57-Tapia-de-Casariego-Asturias-339x226.jpg 339w\" sizes=\"(max-width: 768px) 100vw, 768px\" \/>\t\t\t\t\t\t\t\t\t\t\t<figcaption class=\"widget-image-caption wp-caption-text\"><\/figcaption>\n\t\t\t\t\t\t\t\t\t\t<\/figure>\n\t\t\t\t\t\t\t\t\t<\/div>\n\t\t\t\t<\/div>\n\t\t\t\t<div class=\"elementor-element elementor-element-3f726c4 elementor-widget elementor-widget-image\" data-id=\"3f726c4\" data-element_type=\"widget\" data-e-type=\"widget\" data-widget_type=\"image.default\">\n\t\t\t\t<div class=\"elementor-widget-container\">\n\t\t\t\t\t\t\t\t\t\t\t\t<figure class=\"wp-caption\">\n\t\t\t\t\t\t\t\t\t\t<img loading=\"lazy\" decoding=\"async\" width=\"768\" height=\"512\" src=\"https:\/\/www.elturistatranquil.com\/wp-content\/uploads\/F58-Tapia-de-Casariego-Asturias.jpg\" class=\"attachment-large size-large wp-image-57919\" alt=\"Tapia de Casariego, Asturias\" srcset=\"https:\/\/www.elturistatranquil.com\/wp-content\/uploads\/F58-Tapia-de-Casariego-Asturias.jpg 768w, https:\/\/www.elturistatranquil.com\/wp-content\/uploads\/F58-Tapia-de-Casariego-Asturias-339x226.jpg 339w\" sizes=\"(max-width: 768px) 100vw, 768px\" \/>\t\t\t\t\t\t\t\t\t\t\t<figcaption class=\"widget-image-caption wp-caption-text\"><\/figcaption>\n\t\t\t\t\t\t\t\t\t\t<\/figure>\n\t\t\t\t\t\t\t\t\t<\/div>\n\t\t\t\t<\/div>\n\t\t\t\t<div class=\"elementor-element elementor-element-4323522 elementor-widget elementor-widget-image\" data-id=\"4323522\" data-element_type=\"widget\" data-e-type=\"widget\" data-widget_type=\"image.default\">\n\t\t\t\t<div class=\"elementor-widget-container\">\n\t\t\t\t\t\t\t\t\t\t\t\t<figure class=\"wp-caption\">\n\t\t\t\t\t\t\t\t\t\t<img loading=\"lazy\" decoding=\"async\" width=\"768\" height=\"511\" src=\"https:\/\/www.elturistatranquil.com\/wp-content\/uploads\/F59-Tapia-de-Casariego-Asturias.jpg\" class=\"attachment-large size-large wp-image-57921\" alt=\"Tapia de Casariego, Asturias\" srcset=\"https:\/\/www.elturistatranquil.com\/wp-content\/uploads\/F59-Tapia-de-Casariego-Asturias.jpg 768w, https:\/\/www.elturistatranquil.com\/wp-content\/uploads\/F59-Tapia-de-Casariego-Asturias-339x226.jpg 339w\" sizes=\"(max-width: 768px) 100vw, 768px\" \/>\t\t\t\t\t\t\t\t\t\t\t<figcaption class=\"widget-image-caption wp-caption-text\"><\/figcaption>\n\t\t\t\t\t\t\t\t\t\t<\/figure>\n\t\t\t\t\t\t\t\t\t<\/div>\n\t\t\t\t<\/div>\n\t\t\t\t<div class=\"elementor-element elementor-element-1fbcd1f elementor-widget elementor-widget-heading\" data-id=\"1fbcd1f\" data-element_type=\"widget\" data-e-type=\"widget\" data-widget_type=\"heading.default\">\n\t\t\t\t<div class=\"elementor-widget-container\">\n\t\t\t\t\t<h2 class=\"elementor-heading-title elementor-size-default\">El paisatge litoral entre el riu Eo i (Lugo)<\/h2>\t\t\t\t<\/div>\n\t\t\t\t<\/div>\n\t\t\t\t<div class=\"elementor-element elementor-element-4ec95bc elementor-widget elementor-widget-text-editor\" data-id=\"4ec95bc\" data-element_type=\"widget\" data-e-type=\"widget\" data-widget_type=\"text-editor.default\">\n\t\t\t\t<div class=\"elementor-widget-container\">\n\t\t\t\t\t\t\t\t\t<p>El litoral de Lugo, compr\u00e8s entre <strong>Ribadeo<\/strong> i <strong>San Cibrao<\/strong>, forma part de la Mari\u00f1a Lucense, una regi\u00f3 costanera al nord de Gal\u00edcia que destaca per la seva riquesa geol\u00f2gica, la seva diversitat paisatg\u00edstica i el seu patrimoni cultural que han modelat el territori al llarg del temps.<\/p><p>La costa de Lugo entre el <strong>riu Eo<\/strong> i <strong>San Cipri\u00e1n<\/strong> (municipi de Cervo) presenta un litoral de transici\u00f3 entre el Cant\u00e0bric occidental i les ries gallegues, amb trams de penya-segats baixos, platges sorrenques \u00e0mplies, rasa costanera, ries obertes i sectors de maresma i duna. \u00c9s una franja de transici\u00f3 entre la costa abrupta de l&#8217;occident asturi\u00e0 i les ries altes gallegues.<\/p><p>El relleu dominant \u00e9s una rasa costanera baixa, suaument ondulada, on s&#8217;intercalen petits cursos fluvials i entrades del mar com la ria de Foz, que constitueix un sistema estuari de gran inter\u00e8s ambiental.<\/p><p>El substrat geol\u00f2gic est\u00e0 format per roques paleozoiques \u2014pissarres, quarsites, esquists i gresos\u2014 amb estructures plegades derivades de l&#8217;orog\u00e8nia herciniana. En alguns sectors costaners, com <strong>As Catedrais<\/strong>, catalogada com a <em>Monument Natural<\/em>, s&#8217;observen clarament processos d&#8217;erosi\u00f3 marina, amb la formaci\u00f3 d&#8217;arcs naturals, plataformes d&#8217;abrasi\u00f3 i estrats inclinats, amb penya-segats d\u00b4uns 30 metres.<\/p><p>En aquest tram litoral conserva vestigis de la <strong>cultura castrenya<\/strong>, amb assentaments fortificats preromans situats a zones elevades o estrat\u00e8giques del litoral. \u00c9s destacable el <strong>Castro de Fazouro<\/strong> (Foz), l&#8217;\u00fanic castro costaner de la prov\u00edncia de Lugo. Ocupa un petit promontori sobre el mar i conserva part de la seva estructura defensiva i habitatges.<\/p><p>Aquests elements permeten una lectura hist\u00f2rica del paisatge costaner com a espai ocupat i defensat des de fa m\u00e9s de dos mil anys.<\/p><p>L&#8217; <strong>\u00c0lbum de Fotos<\/strong> que segueix se centra en aquest litoral de Lugo corresponent a la segona jornada.<\/p>\t\t\t\t\t\t\t\t<\/div>\n\t\t\t\t<\/div>\n\t\t\t\t<div class=\"elementor-element elementor-element-01fdb3f elementor-widget elementor-widget-heading\" data-id=\"01fdb3f\" data-element_type=\"widget\" data-e-type=\"widget\" data-widget_type=\"heading.default\">\n\t\t\t\t<div class=\"elementor-widget-container\">\n\t\t\t\t\t<h3 class=\"elementor-heading-title elementor-size-default\">\u00c0lbum de fotos de la costa de Lugo del riu Eo a San Cibrao<\/h3>\t\t\t\t<\/div>\n\t\t\t\t<\/div>\n\t\t\t\t<div class=\"elementor-element elementor-element-f42ffee elementor-widget elementor-widget-text-editor\" data-id=\"f42ffee\" data-element_type=\"widget\" data-e-type=\"widget\" data-widget_type=\"text-editor.default\">\n\t\t\t\t<div class=\"elementor-widget-container\">\n\t\t\t\t\t\t\t\t\t<p>Comencem el recorregut pel <strong>Porto de Rinlo<\/strong> (<strong>7<\/strong>).<\/p><p>A continuaci\u00f3, per dirigir-nos a la <strong>platja das Catedrais<\/strong> triem fer el recorregut per les carreteres secund\u00e0ria que segueixen el litoral per sobre de la rasa, decisi\u00f3 encertada per con\u00e8ixer un paisatge pr\u00e0cticament sense construccions, i nom\u00e9s ocupat per innombrables campers.<\/p><p>A la <strong>platja das Catedrais<\/strong> (<strong>8<\/strong>), paguem la nostra improvisaci\u00f3. L&#8217;acc\u00e9s a la part m\u00e9s espectacular dels arcs naturals est\u00e0 limitat a una visita di\u00e0ria per a la qual s&#8217;ha de disposar del tiquet d&#8217;entrada corresponent, ens trobem amb les entrades exhaurides per Internet, cosa que no hav\u00edem previst. Aix\u00ed que ens vam haver de conformar amb la part menys espectacular i, tot i aix\u00ed, digna de baixar a la platja i rec\u00f3rrer l&#8217;\u00e0mbit accessible obert al p\u00fablic. Incloc un parell de fotografies \u201cmanllevades\u201d a <em>Turisme de Gal\u00edcia<\/em>, per veure una mostra del que ens vam perdre. Els penya-segats presenten unes al\u00e7ades d\u2019uns 30 metres.<\/p><p>Era l&#8217;hora del dinar i vam optar per la <strong>Pulperia Mario<\/strong> (9) a <strong>Viveiro<\/strong>, a tocar de la carretera. El pop va ser el nostre \u201ccentre d&#8217;atenci\u00f3\u201d.<\/p><p>La cultura castrenya \u00e9s una de les senyes d&#8217;identitat d&#8217;aquesta zona i que al <strong>Castro de Fazouro<\/strong> (<strong>10<\/strong>) presenta un dels pocs exemples de castro mar\u00edtim. Al l\u00edmit del nostre recorregut, a <strong>San Cibrao<\/strong> (<strong>11<\/strong>), s&#8217;arriba al punt de contacte amb la civilitzaci\u00f3 industrial, i es pot observar la zona portu\u00e0ria de la <em>Planta Alumina<\/em> de l&#8217;empresa <em>ALCOA<\/em>.<\/p><p>De tornada, ens desplacem fins a la part oriental del recorregut, a Ribadeo, al costat de la desembocadura del riu EO. Primer al <strong>far de A Pancha<\/strong> (<strong>12<\/strong>), per acabar el recorregut pels carrers de <strong>Ribadeo<\/strong> (<strong>13<\/strong>) i entrar en contacte amb la import\u00e0ncia dels indians.<\/p>\t\t\t\t\t\t\t\t<\/div>\n\t\t\t\t<\/div>\n\t\t\t\t<div class=\"elementor-element elementor-element-590988f elementor-widget elementor-widget-heading\" data-id=\"590988f\" data-element_type=\"widget\" data-e-type=\"widget\" data-widget_type=\"heading.default\">\n\t\t\t\t<div class=\"elementor-widget-container\">\n\t\t\t\t\t<h4 class=\"elementor-heading-title elementor-size-default\">Porto de Rinlo (7)<\/h4>\t\t\t\t<\/div>\n\t\t\t\t<\/div>\n\t\t\t\t<div class=\"elementor-element elementor-element-baf3870 elementor-widget elementor-widget-text-editor\" data-id=\"baf3870\" data-element_type=\"widget\" data-e-type=\"widget\" data-widget_type=\"text-editor.default\">\n\t\t\t\t<div class=\"elementor-widget-container\">\n\t\t\t\t\t\t\t\t\t<p><em>Reserva de la Biosfera<\/em><\/p><p>(Municipi: Ribadeo. Coordenades: 43\u00b033&#8217;29.5&#8243;N 7\u00b006&#8217;16.5&#8243;O)<\/p>\t\t\t\t\t\t\t\t<\/div>\n\t\t\t\t<\/div>\n\t\t\t\t<div class=\"elementor-element elementor-element-541bd4f elementor-widget elementor-widget-image\" data-id=\"541bd4f\" data-element_type=\"widget\" data-e-type=\"widget\" data-widget_type=\"image.default\">\n\t\t\t\t<div class=\"elementor-widget-container\">\n\t\t\t\t\t\t\t\t\t\t\t\t<figure class=\"wp-caption\">\n\t\t\t\t\t\t\t\t\t\t<img loading=\"lazy\" decoding=\"async\" width=\"768\" height=\"512\" src=\"https:\/\/www.elturistatranquil.com\/wp-content\/uploads\/F60a-Rinlo-Google-maps-2025-04-15.jpg\" class=\"attachment-large size-large wp-image-57923\" alt=\"Rinlo (Google maps 2025-04-15)\" srcset=\"https:\/\/www.elturistatranquil.com\/wp-content\/uploads\/F60a-Rinlo-Google-maps-2025-04-15.jpg 768w, https:\/\/www.elturistatranquil.com\/wp-content\/uploads\/F60a-Rinlo-Google-maps-2025-04-15-339x226.jpg 339w\" sizes=\"(max-width: 768px) 100vw, 768px\" \/>\t\t\t\t\t\t\t\t\t\t\t<figcaption class=\"widget-image-caption wp-caption-text\">Porto de Rinlo (Google maps 2025-04-15)<\/figcaption>\n\t\t\t\t\t\t\t\t\t\t<\/figure>\n\t\t\t\t\t\t\t\t\t<\/div>\n\t\t\t\t<\/div>\n\t\t\t\t<div class=\"elementor-element elementor-element-d3b123f elementor-widget elementor-widget-image\" data-id=\"d3b123f\" data-element_type=\"widget\" data-e-type=\"widget\" data-widget_type=\"image.default\">\n\t\t\t\t<div class=\"elementor-widget-container\">\n\t\t\t\t\t\t\t\t\t\t\t\t<figure class=\"wp-caption\">\n\t\t\t\t\t\t\t\t\t\t<img loading=\"lazy\" decoding=\"async\" width=\"768\" height=\"512\" src=\"https:\/\/www.elturistatranquil.com\/wp-content\/uploads\/F60b-Porto-de-Rinlo-Lugo.jpg\" class=\"attachment-large size-large wp-image-57925\" alt=\"Porto de Rinlo, Lugo\" srcset=\"https:\/\/www.elturistatranquil.com\/wp-content\/uploads\/F60b-Porto-de-Rinlo-Lugo.jpg 768w, https:\/\/www.elturistatranquil.com\/wp-content\/uploads\/F60b-Porto-de-Rinlo-Lugo-339x226.jpg 339w\" sizes=\"(max-width: 768px) 100vw, 768px\" \/>\t\t\t\t\t\t\t\t\t\t\t<figcaption class=\"widget-image-caption wp-caption-text\"><\/figcaption>\n\t\t\t\t\t\t\t\t\t\t<\/figure>\n\t\t\t\t\t\t\t\t\t<\/div>\n\t\t\t\t<\/div>\n\t\t\t\t<div class=\"elementor-element elementor-element-6de1de8 elementor-widget elementor-widget-image\" data-id=\"6de1de8\" data-element_type=\"widget\" data-e-type=\"widget\" data-widget_type=\"image.default\">\n\t\t\t\t<div class=\"elementor-widget-container\">\n\t\t\t\t\t\t\t\t\t\t\t\t<figure class=\"wp-caption\">\n\t\t\t\t\t\t\t\t\t\t<img loading=\"lazy\" decoding=\"async\" width=\"768\" height=\"511\" src=\"https:\/\/www.elturistatranquil.com\/wp-content\/uploads\/F61-Porto-de-Rinlo-Lugo.jpg\" class=\"attachment-large size-large wp-image-57930\" alt=\"Porto de Rinlo, Lugo\" srcset=\"https:\/\/www.elturistatranquil.com\/wp-content\/uploads\/F61-Porto-de-Rinlo-Lugo.jpg 768w, https:\/\/www.elturistatranquil.com\/wp-content\/uploads\/F61-Porto-de-Rinlo-Lugo-339x226.jpg 339w\" sizes=\"(max-width: 768px) 100vw, 768px\" \/>\t\t\t\t\t\t\t\t\t\t\t<figcaption class=\"widget-image-caption wp-caption-text\"><\/figcaption>\n\t\t\t\t\t\t\t\t\t\t<\/figure>\n\t\t\t\t\t\t\t\t\t<\/div>\n\t\t\t\t<\/div>\n\t\t\t\t<div class=\"elementor-element elementor-element-66ba7c9 elementor-widget elementor-widget-image\" data-id=\"66ba7c9\" data-element_type=\"widget\" data-e-type=\"widget\" data-widget_type=\"image.default\">\n\t\t\t\t<div class=\"elementor-widget-container\">\n\t\t\t\t\t\t\t\t\t\t\t\t<figure class=\"wp-caption\">\n\t\t\t\t\t\t\t\t\t\t<img loading=\"lazy\" decoding=\"async\" width=\"768\" height=\"512\" src=\"https:\/\/www.elturistatranquil.com\/wp-content\/uploads\/F62-Porto-de-Rinlo-Lugo.jpg\" class=\"attachment-large size-large wp-image-57932\" alt=\"Porto de Rinlo, Lugo\" srcset=\"https:\/\/www.elturistatranquil.com\/wp-content\/uploads\/F62-Porto-de-Rinlo-Lugo.jpg 768w, https:\/\/www.elturistatranquil.com\/wp-content\/uploads\/F62-Porto-de-Rinlo-Lugo-339x226.jpg 339w\" sizes=\"(max-width: 768px) 100vw, 768px\" \/>\t\t\t\t\t\t\t\t\t\t\t<figcaption class=\"widget-image-caption wp-caption-text\"><\/figcaption>\n\t\t\t\t\t\t\t\t\t\t<\/figure>\n\t\t\t\t\t\t\t\t\t<\/div>\n\t\t\t\t<\/div>\n\t\t\t\t<div class=\"elementor-element elementor-element-f127ee0 elementor-widget elementor-widget-image\" data-id=\"f127ee0\" data-element_type=\"widget\" data-e-type=\"widget\" data-widget_type=\"image.default\">\n\t\t\t\t<div class=\"elementor-widget-container\">\n\t\t\t\t\t\t\t\t\t\t\t\t<figure class=\"wp-caption\">\n\t\t\t\t\t\t\t\t\t\t<img loading=\"lazy\" decoding=\"async\" width=\"768\" height=\"512\" src=\"https:\/\/www.elturistatranquil.com\/wp-content\/uploads\/F63-Porto-de-Rinlo-Lugo.jpg\" class=\"attachment-large size-large wp-image-57934\" alt=\"Porto de Rinlo, Lugo\" srcset=\"https:\/\/www.elturistatranquil.com\/wp-content\/uploads\/F63-Porto-de-Rinlo-Lugo.jpg 768w, https:\/\/www.elturistatranquil.com\/wp-content\/uploads\/F63-Porto-de-Rinlo-Lugo-339x226.jpg 339w\" sizes=\"(max-width: 768px) 100vw, 768px\" \/>\t\t\t\t\t\t\t\t\t\t\t<figcaption class=\"widget-image-caption wp-caption-text\"><\/figcaption>\n\t\t\t\t\t\t\t\t\t\t<\/figure>\n\t\t\t\t\t\t\t\t\t<\/div>\n\t\t\t\t<\/div>\n\t\t\t\t<div class=\"elementor-element elementor-element-0f772ed elementor-widget elementor-widget-heading\" data-id=\"0f772ed\" data-element_type=\"widget\" data-e-type=\"widget\" data-widget_type=\"heading.default\">\n\t\t\t\t<div class=\"elementor-widget-container\">\n\t\t\t\t\t<h4 class=\"elementor-heading-title elementor-size-default\">Entre Rinlo i la platja das Catedrais<\/h4>\t\t\t\t<\/div>\n\t\t\t\t<\/div>\n\t\t\t\t<div class=\"elementor-element elementor-element-03621f9 elementor-widget elementor-widget-text-editor\" data-id=\"03621f9\" data-element_type=\"widget\" data-e-type=\"widget\" data-widget_type=\"text-editor.default\">\n\t\t\t\t<div class=\"elementor-widget-container\">\n\t\t\t\t\t\t\t\t\t<p><em>Reserva de la Biosfera<\/em><\/p>\t\t\t\t\t\t\t\t<\/div>\n\t\t\t\t<\/div>\n\t\t\t\t<div class=\"elementor-element elementor-element-d393d3d elementor-widget elementor-widget-image\" data-id=\"d393d3d\" data-element_type=\"widget\" data-e-type=\"widget\" data-widget_type=\"image.default\">\n\t\t\t\t<div class=\"elementor-widget-container\">\n\t\t\t\t\t\t\t\t\t\t\t\t<figure class=\"wp-caption\">\n\t\t\t\t\t\t\t\t\t\t<img loading=\"lazy\" decoding=\"async\" width=\"768\" height=\"511\" src=\"https:\/\/www.elturistatranquil.com\/wp-content\/uploads\/F64-De-Porto-de-Rinlo-a-Praia-das-Catedrais-Lugo.jpg\" class=\"attachment-large size-large wp-image-57936\" alt=\"De Porto de Rinlo a Praia das Catedrais, Lugo\" srcset=\"https:\/\/www.elturistatranquil.com\/wp-content\/uploads\/F64-De-Porto-de-Rinlo-a-Praia-das-Catedrais-Lugo.jpg 768w, https:\/\/www.elturistatranquil.com\/wp-content\/uploads\/F64-De-Porto-de-Rinlo-a-Praia-das-Catedrais-Lugo-339x226.jpg 339w\" sizes=\"(max-width: 768px) 100vw, 768px\" \/>\t\t\t\t\t\t\t\t\t\t\t<figcaption class=\"widget-image-caption wp-caption-text\"><\/figcaption>\n\t\t\t\t\t\t\t\t\t\t<\/figure>\n\t\t\t\t\t\t\t\t\t<\/div>\n\t\t\t\t<\/div>\n\t\t\t\t<div class=\"elementor-element elementor-element-27093bc elementor-widget elementor-widget-image\" data-id=\"27093bc\" data-element_type=\"widget\" data-e-type=\"widget\" data-widget_type=\"image.default\">\n\t\t\t\t<div class=\"elementor-widget-container\">\n\t\t\t\t\t\t\t\t\t\t\t\t<figure class=\"wp-caption\">\n\t\t\t\t\t\t\t\t\t\t<img loading=\"lazy\" decoding=\"async\" width=\"768\" height=\"512\" src=\"https:\/\/www.elturistatranquil.com\/wp-content\/uploads\/F65-De-Porto-de-Rinlo-a-Praia-das-Catedrais-Lugo.jpg\" class=\"attachment-large size-large wp-image-57938\" alt=\"De Porto de Rinlo a Praia das Catedrais, Lugo\" srcset=\"https:\/\/www.elturistatranquil.com\/wp-content\/uploads\/F65-De-Porto-de-Rinlo-a-Praia-das-Catedrais-Lugo.jpg 768w, https:\/\/www.elturistatranquil.com\/wp-content\/uploads\/F65-De-Porto-de-Rinlo-a-Praia-das-Catedrais-Lugo-339x226.jpg 339w\" sizes=\"(max-width: 768px) 100vw, 768px\" \/>\t\t\t\t\t\t\t\t\t\t\t<figcaption class=\"widget-image-caption wp-caption-text\"><\/figcaption>\n\t\t\t\t\t\t\t\t\t\t<\/figure>\n\t\t\t\t\t\t\t\t\t<\/div>\n\t\t\t\t<\/div>\n\t\t\t\t<div class=\"elementor-element elementor-element-3560486 elementor-widget elementor-widget-image\" data-id=\"3560486\" data-element_type=\"widget\" data-e-type=\"widget\" data-widget_type=\"image.default\">\n\t\t\t\t<div class=\"elementor-widget-container\">\n\t\t\t\t\t\t\t\t\t\t\t\t<figure class=\"wp-caption\">\n\t\t\t\t\t\t\t\t\t\t<img loading=\"lazy\" decoding=\"async\" width=\"768\" height=\"511\" src=\"https:\/\/www.elturistatranquil.com\/wp-content\/uploads\/F66-De-Porto-de-Rinlo-a-Praia-das-Catedrais-Lugo.jpg\" class=\"attachment-large size-large wp-image-57943\" alt=\"De Porto de Rinlo a Praia das Catedrais, Lugo\" srcset=\"https:\/\/www.elturistatranquil.com\/wp-content\/uploads\/F66-De-Porto-de-Rinlo-a-Praia-das-Catedrais-Lugo.jpg 768w, https:\/\/www.elturistatranquil.com\/wp-content\/uploads\/F66-De-Porto-de-Rinlo-a-Praia-das-Catedrais-Lugo-339x226.jpg 339w\" sizes=\"(max-width: 768px) 100vw, 768px\" \/>\t\t\t\t\t\t\t\t\t\t\t<figcaption class=\"widget-image-caption wp-caption-text\"><\/figcaption>\n\t\t\t\t\t\t\t\t\t\t<\/figure>\n\t\t\t\t\t\t\t\t\t<\/div>\n\t\t\t\t<\/div>\n\t\t\t\t<div class=\"elementor-element elementor-element-7432b7e elementor-widget elementor-widget-image\" data-id=\"7432b7e\" data-element_type=\"widget\" data-e-type=\"widget\" data-widget_type=\"image.default\">\n\t\t\t\t<div class=\"elementor-widget-container\">\n\t\t\t\t\t\t\t\t\t\t\t\t<figure class=\"wp-caption\">\n\t\t\t\t\t\t\t\t\t\t<img loading=\"lazy\" decoding=\"async\" width=\"768\" height=\"512\" src=\"https:\/\/www.elturistatranquil.com\/wp-content\/uploads\/F67-De-Porto-de-Rinlo-a-Ptaia-das-Catedrais-Lugo.jpg\" class=\"attachment-large size-large wp-image-57945\" alt=\"De Porto de Rinlo a Praia das Catedrais, Lugo\" srcset=\"https:\/\/www.elturistatranquil.com\/wp-content\/uploads\/F67-De-Porto-de-Rinlo-a-Ptaia-das-Catedrais-Lugo.jpg 768w, https:\/\/www.elturistatranquil.com\/wp-content\/uploads\/F67-De-Porto-de-Rinlo-a-Ptaia-das-Catedrais-Lugo-339x226.jpg 339w\" sizes=\"(max-width: 768px) 100vw, 768px\" \/>\t\t\t\t\t\t\t\t\t\t\t<figcaption class=\"widget-image-caption wp-caption-text\"><\/figcaption>\n\t\t\t\t\t\t\t\t\t\t<\/figure>\n\t\t\t\t\t\t\t\t\t<\/div>\n\t\t\t\t<\/div>\n\t\t\t\t<div class=\"elementor-element elementor-element-f0a7235 elementor-widget elementor-widget-image\" data-id=\"f0a7235\" data-element_type=\"widget\" data-e-type=\"widget\" data-widget_type=\"image.default\">\n\t\t\t\t<div class=\"elementor-widget-container\">\n\t\t\t\t\t\t\t\t\t\t\t\t<figure class=\"wp-caption\">\n\t\t\t\t\t\t\t\t\t\t<img loading=\"lazy\" decoding=\"async\" width=\"768\" height=\"512\" src=\"https:\/\/www.elturistatranquil.com\/wp-content\/uploads\/F68-De-Porto-de-Rinlo-a-Praia-das-Catedrais-Lugo.jpg\" class=\"attachment-large size-large wp-image-57947\" alt=\"De Porto de Rinlo a Praia das Catedrais, Lugo\" srcset=\"https:\/\/www.elturistatranquil.com\/wp-content\/uploads\/F68-De-Porto-de-Rinlo-a-Praia-das-Catedrais-Lugo.jpg 768w, https:\/\/www.elturistatranquil.com\/wp-content\/uploads\/F68-De-Porto-de-Rinlo-a-Praia-das-Catedrais-Lugo-339x226.jpg 339w\" sizes=\"(max-width: 768px) 100vw, 768px\" \/>\t\t\t\t\t\t\t\t\t\t\t<figcaption class=\"widget-image-caption wp-caption-text\"><\/figcaption>\n\t\t\t\t\t\t\t\t\t\t<\/figure>\n\t\t\t\t\t\t\t\t\t<\/div>\n\t\t\t\t<\/div>\n\t\t\t\t<div class=\"elementor-element elementor-element-bf039da elementor-widget elementor-widget-image\" data-id=\"bf039da\" data-element_type=\"widget\" data-e-type=\"widget\" data-widget_type=\"image.default\">\n\t\t\t\t<div class=\"elementor-widget-container\">\n\t\t\t\t\t\t\t\t\t\t\t\t<figure class=\"wp-caption\">\n\t\t\t\t\t\t\t\t\t\t<img loading=\"lazy\" decoding=\"async\" width=\"768\" height=\"512\" src=\"https:\/\/www.elturistatranquil.com\/wp-content\/uploads\/F69-De-Porto-de-Rinlo-a-Praia-das-Catedrais-Lugo.jpg\" class=\"attachment-large size-large wp-image-57949\" alt=\"De Porto de Rinlo a Praia das Catedrais, Lugo\" srcset=\"https:\/\/www.elturistatranquil.com\/wp-content\/uploads\/F69-De-Porto-de-Rinlo-a-Praia-das-Catedrais-Lugo.jpg 768w, https:\/\/www.elturistatranquil.com\/wp-content\/uploads\/F69-De-Porto-de-Rinlo-a-Praia-das-Catedrais-Lugo-339x226.jpg 339w\" sizes=\"(max-width: 768px) 100vw, 768px\" \/>\t\t\t\t\t\t\t\t\t\t\t<figcaption class=\"widget-image-caption wp-caption-text\"><\/figcaption>\n\t\t\t\t\t\t\t\t\t\t<\/figure>\n\t\t\t\t\t\t\t\t\t<\/div>\n\t\t\t\t<\/div>\n\t\t\t\t<div class=\"elementor-element elementor-element-eba0e5e elementor-widget elementor-widget-heading\" data-id=\"eba0e5e\" data-element_type=\"widget\" data-e-type=\"widget\" data-widget_type=\"heading.default\">\n\t\t\t\t<div class=\"elementor-widget-container\">\n\t\t\t\t\t<h4 class=\"elementor-heading-title elementor-size-default\">Platja das Catedrais (8)<\/h4>\t\t\t\t<\/div>\n\t\t\t\t<\/div>\n\t\t\t\t<div class=\"elementor-element elementor-element-71be9f2 elementor-widget elementor-widget-text-editor\" data-id=\"71be9f2\" data-element_type=\"widget\" data-e-type=\"widget\" data-widget_type=\"text-editor.default\">\n\t\t\t\t<div class=\"elementor-widget-container\">\n\t\t\t\t\t\t\t\t\t<p><em>Monument Natural i Reserva de la Biosfera<\/em><\/p><p>(Municipi: Ribadeo. Coordenades: 43\u00b033&#8217;14.6&#8243;N 7\u00b009&#8217;28.5&#8243;O)<\/p>\t\t\t\t\t\t\t\t<\/div>\n\t\t\t\t<\/div>\n\t\t\t\t<div class=\"elementor-element elementor-element-c9c2c84 elementor-widget elementor-widget-image\" data-id=\"c9c2c84\" data-element_type=\"widget\" data-e-type=\"widget\" data-widget_type=\"image.default\">\n\t\t\t\t<div class=\"elementor-widget-container\">\n\t\t\t\t\t\t\t\t\t\t\t\t<figure class=\"wp-caption\">\n\t\t\t\t\t\t\t\t\t\t<img loading=\"lazy\" decoding=\"async\" width=\"768\" height=\"512\" src=\"https:\/\/www.elturistatranquil.com\/wp-content\/uploads\/F70a-Praia-das-Catedrais-Google-maps-2025-04-15.jpg\" class=\"attachment-large size-large wp-image-57951\" alt=\"Praia das Catedrais (Google maps 2025-04-15)\" srcset=\"https:\/\/www.elturistatranquil.com\/wp-content\/uploads\/F70a-Praia-das-Catedrais-Google-maps-2025-04-15.jpg 768w, https:\/\/www.elturistatranquil.com\/wp-content\/uploads\/F70a-Praia-das-Catedrais-Google-maps-2025-04-15-339x226.jpg 339w\" sizes=\"(max-width: 768px) 100vw, 768px\" \/>\t\t\t\t\t\t\t\t\t\t\t<figcaption class=\"widget-image-caption wp-caption-text\">Platja das Catedrais (Google maps 2025-04-15)<\/figcaption>\n\t\t\t\t\t\t\t\t\t\t<\/figure>\n\t\t\t\t\t\t\t\t\t<\/div>\n\t\t\t\t<\/div>\n\t\t\t\t<div class=\"elementor-element elementor-element-7d40e28 elementor-widget elementor-widget-image\" data-id=\"7d40e28\" data-element_type=\"widget\" data-e-type=\"widget\" data-widget_type=\"image.default\">\n\t\t\t\t<div class=\"elementor-widget-container\">\n\t\t\t\t\t\t\t\t\t\t\t\t<figure class=\"wp-caption\">\n\t\t\t\t\t\t\t\t\t\t<img loading=\"lazy\" decoding=\"async\" width=\"768\" height=\"512\" src=\"https:\/\/www.elturistatranquil.com\/wp-content\/uploads\/F70b-Praia-das-Catedrais-Lugo.jpg\" class=\"attachment-large size-large wp-image-57953\" alt=\"Praia das Catedrais, Lugo\" srcset=\"https:\/\/www.elturistatranquil.com\/wp-content\/uploads\/F70b-Praia-das-Catedrais-Lugo.jpg 768w, https:\/\/www.elturistatranquil.com\/wp-content\/uploads\/F70b-Praia-das-Catedrais-Lugo-339x226.jpg 339w\" sizes=\"(max-width: 768px) 100vw, 768px\" \/>\t\t\t\t\t\t\t\t\t\t\t<figcaption class=\"widget-image-caption wp-caption-text\"><\/figcaption>\n\t\t\t\t\t\t\t\t\t\t<\/figure>\n\t\t\t\t\t\t\t\t\t<\/div>\n\t\t\t\t<\/div>\n\t\t\t\t<div class=\"elementor-element elementor-element-78fa261 elementor-widget elementor-widget-image\" data-id=\"78fa261\" data-element_type=\"widget\" data-e-type=\"widget\" data-widget_type=\"image.default\">\n\t\t\t\t<div class=\"elementor-widget-container\">\n\t\t\t\t\t\t\t\t\t\t\t\t<figure class=\"wp-caption\">\n\t\t\t\t\t\t\t\t\t\t<img loading=\"lazy\" decoding=\"async\" width=\"768\" height=\"511\" src=\"https:\/\/www.elturistatranquil.com\/wp-content\/uploads\/F71-Praia-das-Catedrais-Lugo.jpg\" class=\"attachment-large size-large wp-image-57955\" alt=\"Praia das Catedrais, Lugo\" srcset=\"https:\/\/www.elturistatranquil.com\/wp-content\/uploads\/F71-Praia-das-Catedrais-Lugo.jpg 768w, https:\/\/www.elturistatranquil.com\/wp-content\/uploads\/F71-Praia-das-Catedrais-Lugo-339x226.jpg 339w\" sizes=\"(max-width: 768px) 100vw, 768px\" \/>\t\t\t\t\t\t\t\t\t\t\t<figcaption class=\"widget-image-caption wp-caption-text\"><\/figcaption>\n\t\t\t\t\t\t\t\t\t\t<\/figure>\n\t\t\t\t\t\t\t\t\t<\/div>\n\t\t\t\t<\/div>\n\t\t\t\t<div class=\"elementor-element elementor-element-677a8d7 elementor-widget elementor-widget-image\" data-id=\"677a8d7\" data-element_type=\"widget\" data-e-type=\"widget\" data-widget_type=\"image.default\">\n\t\t\t\t<div class=\"elementor-widget-container\">\n\t\t\t\t\t\t\t\t\t\t\t\t<figure class=\"wp-caption\">\n\t\t\t\t\t\t\t\t\t\t<img loading=\"lazy\" decoding=\"async\" width=\"768\" height=\"512\" src=\"https:\/\/www.elturistatranquil.com\/wp-content\/uploads\/F72-Praia-das-Catedrais-Lugo.jpg\" class=\"attachment-large size-large wp-image-57957\" alt=\"Praia das Catedrais, Lugo\" srcset=\"https:\/\/www.elturistatranquil.com\/wp-content\/uploads\/F72-Praia-das-Catedrais-Lugo.jpg 768w, https:\/\/www.elturistatranquil.com\/wp-content\/uploads\/F72-Praia-das-Catedrais-Lugo-339x226.jpg 339w\" sizes=\"(max-width: 768px) 100vw, 768px\" \/>\t\t\t\t\t\t\t\t\t\t\t<figcaption class=\"widget-image-caption wp-caption-text\"><\/figcaption>\n\t\t\t\t\t\t\t\t\t\t<\/figure>\n\t\t\t\t\t\t\t\t\t<\/div>\n\t\t\t\t<\/div>\n\t\t\t\t<div class=\"elementor-element elementor-element-d832458 elementor-widget elementor-widget-image\" data-id=\"d832458\" data-element_type=\"widget\" data-e-type=\"widget\" data-widget_type=\"image.default\">\n\t\t\t\t<div class=\"elementor-widget-container\">\n\t\t\t\t\t\t\t\t\t\t\t\t<figure class=\"wp-caption\">\n\t\t\t\t\t\t\t\t\t\t<img loading=\"lazy\" decoding=\"async\" width=\"768\" height=\"511\" src=\"https:\/\/www.elturistatranquil.com\/wp-content\/uploads\/F73-Praia-das-Catedrais-Lugo.jpg\" class=\"attachment-large size-large wp-image-57959\" alt=\"Praia das Catedrais, Lugo\" srcset=\"https:\/\/www.elturistatranquil.com\/wp-content\/uploads\/F73-Praia-das-Catedrais-Lugo.jpg 768w, https:\/\/www.elturistatranquil.com\/wp-content\/uploads\/F73-Praia-das-Catedrais-Lugo-339x226.jpg 339w\" sizes=\"(max-width: 768px) 100vw, 768px\" \/>\t\t\t\t\t\t\t\t\t\t\t<figcaption class=\"widget-image-caption wp-caption-text\"><\/figcaption>\n\t\t\t\t\t\t\t\t\t\t<\/figure>\n\t\t\t\t\t\t\t\t\t<\/div>\n\t\t\t\t<\/div>\n\t\t\t\t<div class=\"elementor-element elementor-element-05e36d6 elementor-widget elementor-widget-image\" data-id=\"05e36d6\" data-element_type=\"widget\" data-e-type=\"widget\" data-widget_type=\"image.default\">\n\t\t\t\t<div class=\"elementor-widget-container\">\n\t\t\t\t\t\t\t\t\t\t\t\t<figure class=\"wp-caption\">\n\t\t\t\t\t\t\t\t\t\t<img loading=\"lazy\" decoding=\"async\" width=\"768\" height=\"512\" src=\"https:\/\/www.elturistatranquil.com\/wp-content\/uploads\/F00-75-Praia-das-Catedrais-Lugo.jpg\" class=\"attachment-large size-large wp-image-58124\" alt=\"Praia das Catedrais, Lugo\" srcset=\"https:\/\/www.elturistatranquil.com\/wp-content\/uploads\/F00-75-Praia-das-Catedrais-Lugo.jpg 768w, https:\/\/www.elturistatranquil.com\/wp-content\/uploads\/F00-75-Praia-das-Catedrais-Lugo-339x226.jpg 339w\" sizes=\"(max-width: 768px) 100vw, 768px\" \/>\t\t\t\t\t\t\t\t\t\t\t<figcaption class=\"widget-image-caption wp-caption-text\"><\/figcaption>\n\t\t\t\t\t\t\t\t\t\t<\/figure>\n\t\t\t\t\t\t\t\t\t<\/div>\n\t\t\t\t<\/div>\n\t\t\t\t<div class=\"elementor-element elementor-element-8dba9f3 elementor-widget elementor-widget-image\" data-id=\"8dba9f3\" data-element_type=\"widget\" data-e-type=\"widget\" data-widget_type=\"image.default\">\n\t\t\t\t<div class=\"elementor-widget-container\">\n\t\t\t\t\t\t\t\t\t\t\t\t<figure class=\"wp-caption\">\n\t\t\t\t\t\t\t\t\t\t<img loading=\"lazy\" decoding=\"async\" width=\"768\" height=\"511\" src=\"https:\/\/www.elturistatranquil.com\/wp-content\/uploads\/F76-Praia-das-Catedrais-Lugo.jpg\" class=\"attachment-large size-large wp-image-57963\" alt=\"Praia das Catedrais, Lugo\" srcset=\"https:\/\/www.elturistatranquil.com\/wp-content\/uploads\/F76-Praia-das-Catedrais-Lugo.jpg 768w, https:\/\/www.elturistatranquil.com\/wp-content\/uploads\/F76-Praia-das-Catedrais-Lugo-339x226.jpg 339w\" sizes=\"(max-width: 768px) 100vw, 768px\" \/>\t\t\t\t\t\t\t\t\t\t\t<figcaption class=\"widget-image-caption wp-caption-text\"><\/figcaption>\n\t\t\t\t\t\t\t\t\t\t<\/figure>\n\t\t\t\t\t\t\t\t\t<\/div>\n\t\t\t\t<\/div>\n\t\t\t\t<div class=\"elementor-element elementor-element-4153362 elementor-widget elementor-widget-image\" data-id=\"4153362\" data-element_type=\"widget\" data-e-type=\"widget\" data-widget_type=\"image.default\">\n\t\t\t\t<div class=\"elementor-widget-container\">\n\t\t\t\t\t\t\t\t\t\t\t\t<figure class=\"wp-caption\">\n\t\t\t\t\t\t\t\t\t\t<img loading=\"lazy\" decoding=\"async\" width=\"768\" height=\"511\" src=\"https:\/\/www.elturistatranquil.com\/wp-content\/uploads\/F77-Praia-das-Catedrais-Lugo.jpg\" class=\"attachment-large size-large wp-image-57965\" alt=\"Praia das Catedrais, Lugo\" srcset=\"https:\/\/www.elturistatranquil.com\/wp-content\/uploads\/F77-Praia-das-Catedrais-Lugo.jpg 768w, https:\/\/www.elturistatranquil.com\/wp-content\/uploads\/F77-Praia-das-Catedrais-Lugo-339x226.jpg 339w\" sizes=\"(max-width: 768px) 100vw, 768px\" \/>\t\t\t\t\t\t\t\t\t\t\t<figcaption class=\"widget-image-caption wp-caption-text\"><\/figcaption>\n\t\t\t\t\t\t\t\t\t\t<\/figure>\n\t\t\t\t\t\t\t\t\t<\/div>\n\t\t\t\t<\/div>\n\t\t\t\t<div class=\"elementor-element elementor-element-fa1336b elementor-widget elementor-widget-image\" data-id=\"fa1336b\" data-element_type=\"widget\" data-e-type=\"widget\" data-widget_type=\"image.default\">\n\t\t\t\t<div class=\"elementor-widget-container\">\n\t\t\t\t\t\t\t\t\t\t\t\t<figure class=\"wp-caption\">\n\t\t\t\t\t\t\t\t\t\t<img loading=\"lazy\" decoding=\"async\" width=\"768\" height=\"511\" src=\"https:\/\/www.elturistatranquil.com\/wp-content\/uploads\/F78-Praia-das-Catedrais-Lugo.jpg\" class=\"attachment-large size-large wp-image-57970\" alt=\"Praia das Catedrais, Lugo\" srcset=\"https:\/\/www.elturistatranquil.com\/wp-content\/uploads\/F78-Praia-das-Catedrais-Lugo.jpg 768w, https:\/\/www.elturistatranquil.com\/wp-content\/uploads\/F78-Praia-das-Catedrais-Lugo-339x226.jpg 339w\" sizes=\"(max-width: 768px) 100vw, 768px\" \/>\t\t\t\t\t\t\t\t\t\t\t<figcaption class=\"widget-image-caption wp-caption-text\"><\/figcaption>\n\t\t\t\t\t\t\t\t\t\t<\/figure>\n\t\t\t\t\t\t\t\t\t<\/div>\n\t\t\t\t<\/div>\n\t\t\t\t<div class=\"elementor-element elementor-element-62866a1 elementor-widget elementor-widget-image\" data-id=\"62866a1\" data-element_type=\"widget\" data-e-type=\"widget\" data-widget_type=\"image.default\">\n\t\t\t\t<div class=\"elementor-widget-container\">\n\t\t\t\t\t\t\t\t\t\t\t\t<figure class=\"wp-caption\">\n\t\t\t\t\t\t\t\t\t\t<img loading=\"lazy\" decoding=\"async\" width=\"768\" height=\"512\" src=\"https:\/\/www.elturistatranquil.com\/wp-content\/uploads\/F79-Praia-das-Catedrais-Lugo.jpg\" class=\"attachment-large size-large wp-image-57972\" alt=\"Praia das Catedrais, Lugo\" srcset=\"https:\/\/www.elturistatranquil.com\/wp-content\/uploads\/F79-Praia-das-Catedrais-Lugo.jpg 768w, https:\/\/www.elturistatranquil.com\/wp-content\/uploads\/F79-Praia-das-Catedrais-Lugo-339x226.jpg 339w\" sizes=\"(max-width: 768px) 100vw, 768px\" \/>\t\t\t\t\t\t\t\t\t\t\t<figcaption class=\"widget-image-caption wp-caption-text\"><\/figcaption>\n\t\t\t\t\t\t\t\t\t\t<\/figure>\n\t\t\t\t\t\t\t\t\t<\/div>\n\t\t\t\t<\/div>\n\t\t\t\t<div class=\"elementor-element elementor-element-40bf8b1 elementor-widget elementor-widget-image\" data-id=\"40bf8b1\" data-element_type=\"widget\" data-e-type=\"widget\" data-widget_type=\"image.default\">\n\t\t\t\t<div class=\"elementor-widget-container\">\n\t\t\t\t\t\t\t\t\t\t\t\t<figure class=\"wp-caption\">\n\t\t\t\t\t\t\t\t\t\t<img loading=\"lazy\" decoding=\"async\" width=\"768\" height=\"511\" src=\"https:\/\/www.elturistatranquil.com\/wp-content\/uploads\/F80-Praia-das-Catedrais-Lugo.jpg\" class=\"attachment-large size-large wp-image-57974\" alt=\"Praia das Catedrais, Lugo\" srcset=\"https:\/\/www.elturistatranquil.com\/wp-content\/uploads\/F80-Praia-das-Catedrais-Lugo.jpg 768w, https:\/\/www.elturistatranquil.com\/wp-content\/uploads\/F80-Praia-das-Catedrais-Lugo-339x226.jpg 339w\" sizes=\"(max-width: 768px) 100vw, 768px\" \/>\t\t\t\t\t\t\t\t\t\t\t<figcaption class=\"widget-image-caption wp-caption-text\"><\/figcaption>\n\t\t\t\t\t\t\t\t\t\t<\/figure>\n\t\t\t\t\t\t\t\t\t<\/div>\n\t\t\t\t<\/div>\n\t\t\t\t<div class=\"elementor-element elementor-element-bb95f47 elementor-widget elementor-widget-image\" data-id=\"bb95f47\" data-element_type=\"widget\" data-e-type=\"widget\" data-widget_type=\"image.default\">\n\t\t\t\t<div class=\"elementor-widget-container\">\n\t\t\t\t\t\t\t\t\t\t\t\t<figure class=\"wp-caption\">\n\t\t\t\t\t\t\t\t\t\t<img loading=\"lazy\" decoding=\"async\" width=\"400\" height=\"600\" src=\"https:\/\/www.elturistatranquil.com\/wp-content\/uploads\/F81-Praia-das-Catedrais-Lugo.jpg\" class=\"attachment-large size-large wp-image-57976\" alt=\"Praia das Catedrais, Lugo\" srcset=\"https:\/\/www.elturistatranquil.com\/wp-content\/uploads\/F81-Praia-das-Catedrais-Lugo.jpg 400w, https:\/\/www.elturistatranquil.com\/wp-content\/uploads\/F81-Praia-das-Catedrais-Lugo-151x226.jpg 151w\" sizes=\"(max-width: 400px) 100vw, 400px\" \/>\t\t\t\t\t\t\t\t\t\t\t<figcaption class=\"widget-image-caption wp-caption-text\"><\/figcaption>\n\t\t\t\t\t\t\t\t\t\t<\/figure>\n\t\t\t\t\t\t\t\t\t<\/div>\n\t\t\t\t<\/div>\n\t\t\t\t<div class=\"elementor-element elementor-element-d21169d elementor-widget elementor-widget-image\" data-id=\"d21169d\" data-element_type=\"widget\" data-e-type=\"widget\" data-widget_type=\"image.default\">\n\t\t\t\t<div class=\"elementor-widget-container\">\n\t\t\t\t\t\t\t\t\t\t\t\t<figure class=\"wp-caption\">\n\t\t\t\t\t\t\t\t\t\t<img loading=\"lazy\" decoding=\"async\" width=\"600\" height=\"600\" src=\"https:\/\/www.elturistatranquil.com\/wp-content\/uploads\/F82-Praia-das-Catedrais-Lugo.jpg\" class=\"attachment-large size-large wp-image-57978\" alt=\"Praia das Catedrais, Lugo\" srcset=\"https:\/\/www.elturistatranquil.com\/wp-content\/uploads\/F82-Praia-das-Catedrais-Lugo.jpg 600w, https:\/\/www.elturistatranquil.com\/wp-content\/uploads\/F82-Praia-das-Catedrais-Lugo-226x226.jpg 226w\" sizes=\"(max-width: 600px) 100vw, 600px\" \/>\t\t\t\t\t\t\t\t\t\t\t<figcaption class=\"widget-image-caption wp-caption-text\"><\/figcaption>\n\t\t\t\t\t\t\t\t\t\t<\/figure>\n\t\t\t\t\t\t\t\t\t<\/div>\n\t\t\t\t<\/div>\n\t\t\t\t<div class=\"elementor-element elementor-element-aec6f96 elementor-widget elementor-widget-image\" data-id=\"aec6f96\" data-element_type=\"widget\" data-e-type=\"widget\" data-widget_type=\"image.default\">\n\t\t\t\t<div class=\"elementor-widget-container\">\n\t\t\t\t\t\t\t\t\t\t\t\t<figure class=\"wp-caption\">\n\t\t\t\t\t\t\t\t\t\t<img loading=\"lazy\" decoding=\"async\" width=\"768\" height=\"511\" src=\"https:\/\/www.elturistatranquil.com\/wp-content\/uploads\/F83-Praia-das-Catedrais-Lugo.jpg\" class=\"attachment-large size-large wp-image-57980\" alt=\"Praia das Catedrais, Lugo\" srcset=\"https:\/\/www.elturistatranquil.com\/wp-content\/uploads\/F83-Praia-das-Catedrais-Lugo.jpg 768w, https:\/\/www.elturistatranquil.com\/wp-content\/uploads\/F83-Praia-das-Catedrais-Lugo-339x226.jpg 339w\" sizes=\"(max-width: 768px) 100vw, 768px\" \/>\t\t\t\t\t\t\t\t\t\t\t<figcaption class=\"widget-image-caption wp-caption-text\"><\/figcaption>\n\t\t\t\t\t\t\t\t\t\t<\/figure>\n\t\t\t\t\t\t\t\t\t<\/div>\n\t\t\t\t<\/div>\n\t\t\t\t<div class=\"elementor-element elementor-element-7deb7ff elementor-widget elementor-widget-image\" data-id=\"7deb7ff\" data-element_type=\"widget\" data-e-type=\"widget\" data-widget_type=\"image.default\">\n\t\t\t\t<div class=\"elementor-widget-container\">\n\t\t\t\t\t\t\t\t\t\t\t\t<figure class=\"wp-caption\">\n\t\t\t\t\t\t\t\t\t\t<img loading=\"lazy\" decoding=\"async\" width=\"768\" height=\"512\" src=\"https:\/\/www.elturistatranquil.com\/wp-content\/uploads\/F84-Praia-das-Catedrais-Lugo.jpg\" class=\"attachment-large size-large wp-image-57982\" alt=\"Praia das Catedrais, Lugo\" srcset=\"https:\/\/www.elturistatranquil.com\/wp-content\/uploads\/F84-Praia-das-Catedrais-Lugo.jpg 768w, https:\/\/www.elturistatranquil.com\/wp-content\/uploads\/F84-Praia-das-Catedrais-Lugo-339x226.jpg 339w\" sizes=\"(max-width: 768px) 100vw, 768px\" \/>\t\t\t\t\t\t\t\t\t\t\t<figcaption class=\"widget-image-caption wp-caption-text\"><\/figcaption>\n\t\t\t\t\t\t\t\t\t\t<\/figure>\n\t\t\t\t\t\t\t\t\t<\/div>\n\t\t\t\t<\/div>\n\t\t\t\t<div class=\"elementor-element elementor-element-f4bd87d elementor-widget elementor-widget-image\" data-id=\"f4bd87d\" data-element_type=\"widget\" data-e-type=\"widget\" data-widget_type=\"image.default\">\n\t\t\t\t<div class=\"elementor-widget-container\">\n\t\t\t\t\t\t\t\t\t\t\t\t<figure class=\"wp-caption\">\n\t\t\t\t\t\t\t\t\t\t<img loading=\"lazy\" decoding=\"async\" width=\"768\" height=\"511\" src=\"https:\/\/www.elturistatranquil.com\/wp-content\/uploads\/F85-Praia-das-Catedrais-Lugo.jpg\" class=\"attachment-large size-large wp-image-57984\" alt=\"Praia das Catedrais, Lugo\" srcset=\"https:\/\/www.elturistatranquil.com\/wp-content\/uploads\/F85-Praia-das-Catedrais-Lugo.jpg 768w, https:\/\/www.elturistatranquil.com\/wp-content\/uploads\/F85-Praia-das-Catedrais-Lugo-339x226.jpg 339w\" sizes=\"(max-width: 768px) 100vw, 768px\" \/>\t\t\t\t\t\t\t\t\t\t\t<figcaption class=\"widget-image-caption wp-caption-text\"><\/figcaption>\n\t\t\t\t\t\t\t\t\t\t<\/figure>\n\t\t\t\t\t\t\t\t\t<\/div>\n\t\t\t\t<\/div>\n\t\t\t\t<div class=\"elementor-element elementor-element-dac711a elementor-widget elementor-widget-image\" data-id=\"dac711a\" data-element_type=\"widget\" data-e-type=\"widget\" data-widget_type=\"image.default\">\n\t\t\t\t<div class=\"elementor-widget-container\">\n\t\t\t\t\t\t\t\t\t\t\t\t<figure class=\"wp-caption\">\n\t\t\t\t\t\t\t\t\t\t<img loading=\"lazy\" decoding=\"async\" width=\"768\" height=\"512\" src=\"https:\/\/www.elturistatranquil.com\/wp-content\/uploads\/F86-Praia-das-Catedrais-Lugo.jpg\" class=\"attachment-large size-large wp-image-57989\" alt=\"Praia das Catedrais, Lugo\" srcset=\"https:\/\/www.elturistatranquil.com\/wp-content\/uploads\/F86-Praia-das-Catedrais-Lugo.jpg 768w, https:\/\/www.elturistatranquil.com\/wp-content\/uploads\/F86-Praia-das-Catedrais-Lugo-339x226.jpg 339w\" sizes=\"(max-width: 768px) 100vw, 768px\" \/>\t\t\t\t\t\t\t\t\t\t\t<figcaption class=\"widget-image-caption wp-caption-text\"><\/figcaption>\n\t\t\t\t\t\t\t\t\t\t<\/figure>\n\t\t\t\t\t\t\t\t\t<\/div>\n\t\t\t\t<\/div>\n\t\t\t\t<div class=\"elementor-element elementor-element-4fd10f3 elementor-widget elementor-widget-image\" data-id=\"4fd10f3\" data-element_type=\"widget\" data-e-type=\"widget\" data-widget_type=\"image.default\">\n\t\t\t\t<div class=\"elementor-widget-container\">\n\t\t\t\t\t\t\t\t\t\t\t\t<figure class=\"wp-caption\">\n\t\t\t\t\t\t\t\t\t\t<img loading=\"lazy\" decoding=\"async\" width=\"768\" height=\"511\" src=\"https:\/\/www.elturistatranquil.com\/wp-content\/uploads\/F87-Praia-das-Catedrais-Lugo.jpg\" class=\"attachment-large size-large wp-image-57991\" alt=\"Praia das Catedrais, Lugo\" srcset=\"https:\/\/www.elturistatranquil.com\/wp-content\/uploads\/F87-Praia-das-Catedrais-Lugo.jpg 768w, https:\/\/www.elturistatranquil.com\/wp-content\/uploads\/F87-Praia-das-Catedrais-Lugo-339x226.jpg 339w\" sizes=\"(max-width: 768px) 100vw, 768px\" \/>\t\t\t\t\t\t\t\t\t\t\t<figcaption class=\"widget-image-caption wp-caption-text\"><\/figcaption>\n\t\t\t\t\t\t\t\t\t\t<\/figure>\n\t\t\t\t\t\t\t\t\t<\/div>\n\t\t\t\t<\/div>\n\t\t\t\t<div class=\"elementor-element elementor-element-b1f43ca elementor-widget elementor-widget-image\" data-id=\"b1f43ca\" data-element_type=\"widget\" data-e-type=\"widget\" data-widget_type=\"image.default\">\n\t\t\t\t<div class=\"elementor-widget-container\">\n\t\t\t\t\t\t\t\t\t\t\t\t<figure class=\"wp-caption\">\n\t\t\t\t\t\t\t\t\t\t<img decoding=\"async\" src=\"https:\/\/www.elturistatranquil.com\/wp-content\/uploads\/F88a-Praia-das-Catedrais-Lugo-1.jpg\" title=\"\" alt=\"Praia das Catedrais, Lugo\" loading=\"lazy\" \/>\t\t\t\t\t\t\t\t\t\t\t<figcaption class=\"widget-image-caption wp-caption-text\"><\/figcaption>\n\t\t\t\t\t\t\t\t\t\t<\/figure>\n\t\t\t\t\t\t\t\t\t<\/div>\n\t\t\t\t<\/div>\n\t\t\t\t<div class=\"elementor-element elementor-element-687af25 elementor-widget elementor-widget-image\" data-id=\"687af25\" data-element_type=\"widget\" data-e-type=\"widget\" data-widget_type=\"image.default\">\n\t\t\t\t<div class=\"elementor-widget-container\">\n\t\t\t\t\t\t\t\t\t\t\t\t<figure class=\"wp-caption\">\n\t\t\t\t\t\t\t\t\t\t<img loading=\"lazy\" decoding=\"async\" width=\"768\" height=\"512\" src=\"https:\/\/www.elturistatranquil.com\/wp-content\/uploads\/F88b-Praia-das-Catedrais-Lugo.jpg\" class=\"attachment-large size-large wp-image-57995\" alt=\"Praia das Catedrais, Lugo\" srcset=\"https:\/\/www.elturistatranquil.com\/wp-content\/uploads\/F88b-Praia-das-Catedrais-Lugo.jpg 768w, https:\/\/www.elturistatranquil.com\/wp-content\/uploads\/F88b-Praia-das-Catedrais-Lugo-339x226.jpg 339w\" sizes=\"(max-width: 768px) 100vw, 768px\" \/>\t\t\t\t\t\t\t\t\t\t\t<figcaption class=\"widget-image-caption wp-caption-text\"><\/figcaption>\n\t\t\t\t\t\t\t\t\t\t<\/figure>\n\t\t\t\t\t\t\t\t\t<\/div>\n\t\t\t\t<\/div>\n\t\t\t\t<div class=\"elementor-element elementor-element-e26a595 elementor-widget elementor-widget-image\" data-id=\"e26a595\" data-element_type=\"widget\" data-e-type=\"widget\" data-widget_type=\"image.default\">\n\t\t\t\t<div class=\"elementor-widget-container\">\n\t\t\t\t\t\t\t\t\t\t\t\t<figure class=\"wp-caption\">\n\t\t\t\t\t\t\t\t\t\t<img loading=\"lazy\" decoding=\"async\" width=\"768\" height=\"512\" src=\"https:\/\/www.elturistatranquil.com\/wp-content\/uploads\/F89-Praia-das-Catedrais-Lugo-Foto-Turismo-de-Galicia.jpg\" class=\"attachment-large size-large wp-image-57997\" alt=\"Praia das Catedrais, Lugo (Foto Turismo de Galicia)\" srcset=\"https:\/\/www.elturistatranquil.com\/wp-content\/uploads\/F89-Praia-das-Catedrais-Lugo-Foto-Turismo-de-Galicia.jpg 768w, https:\/\/www.elturistatranquil.com\/wp-content\/uploads\/F89-Praia-das-Catedrais-Lugo-Foto-Turismo-de-Galicia-339x226.jpg 339w\" sizes=\"(max-width: 768px) 100vw, 768px\" \/>\t\t\t\t\t\t\t\t\t\t\t<figcaption class=\"widget-image-caption wp-caption-text\">(Foto: Turismo de Galicia)<\/figcaption>\n\t\t\t\t\t\t\t\t\t\t<\/figure>\n\t\t\t\t\t\t\t\t\t<\/div>\n\t\t\t\t<\/div>\n\t\t\t\t<div class=\"elementor-element elementor-element-ff45eec elementor-widget elementor-widget-image\" data-id=\"ff45eec\" data-element_type=\"widget\" data-e-type=\"widget\" data-widget_type=\"image.default\">\n\t\t\t\t<div class=\"elementor-widget-container\">\n\t\t\t\t\t\t\t\t\t\t\t\t<figure class=\"wp-caption\">\n\t\t\t\t\t\t\t\t\t\t<img loading=\"lazy\" decoding=\"async\" width=\"768\" height=\"512\" src=\"https:\/\/www.elturistatranquil.com\/wp-content\/uploads\/F90-Praia-das-Catedrais-Lugo-Foto-Turismo-de-Galicia.jpg\" class=\"attachment-large size-large wp-image-57999\" alt=\"Praia das Catedrais, Lugo (Foto Turismo de Galicia)\" srcset=\"https:\/\/www.elturistatranquil.com\/wp-content\/uploads\/F90-Praia-das-Catedrais-Lugo-Foto-Turismo-de-Galicia.jpg 768w, https:\/\/www.elturistatranquil.com\/wp-content\/uploads\/F90-Praia-das-Catedrais-Lugo-Foto-Turismo-de-Galicia-339x226.jpg 339w\" sizes=\"(max-width: 768px) 100vw, 768px\" \/>\t\t\t\t\t\t\t\t\t\t\t<figcaption class=\"widget-image-caption wp-caption-text\">(Foto: Turismo de Galicia)<\/figcaption>\n\t\t\t\t\t\t\t\t\t\t<\/figure>\n\t\t\t\t\t\t\t\t\t<\/div>\n\t\t\t\t<\/div>\n\t\t\t\t<div class=\"elementor-element elementor-element-586c67c elementor-widget elementor-widget-heading\" data-id=\"586c67c\" data-element_type=\"widget\" data-e-type=\"widget\" data-widget_type=\"heading.default\">\n\t\t\t\t<div class=\"elementor-widget-container\">\n\t\t\t\t\t<h4 class=\"elementor-heading-title elementor-size-default\">De playa das Catedrais al Mirador de la passarel\u00b7la de fusta<\/h4>\t\t\t\t<\/div>\n\t\t\t\t<\/div>\n\t\t\t\t<div class=\"elementor-element elementor-element-81f089b elementor-widget elementor-widget-text-editor\" data-id=\"81f089b\" data-element_type=\"widget\" data-e-type=\"widget\" data-widget_type=\"text-editor.default\">\n\t\t\t\t<div class=\"elementor-widget-container\">\n\t\t\t\t\t\t\t\t\t<p><em>Reserva de la Biosfera<\/em><\/p>\t\t\t\t\t\t\t\t<\/div>\n\t\t\t\t<\/div>\n\t\t\t\t<div class=\"elementor-element elementor-element-765d84c elementor-widget elementor-widget-image\" data-id=\"765d84c\" data-element_type=\"widget\" data-e-type=\"widget\" data-widget_type=\"image.default\">\n\t\t\t\t<div class=\"elementor-widget-container\">\n\t\t\t\t\t\t\t\t\t\t\t\t<figure class=\"wp-caption\">\n\t\t\t\t\t\t\t\t\t\t<img loading=\"lazy\" decoding=\"async\" width=\"768\" height=\"511\" src=\"https:\/\/www.elturistatranquil.com\/wp-content\/uploads\/F91-Praia-de-Augasantas-Lugo.jpg\" class=\"attachment-large size-large wp-image-58001\" alt=\"Praia de Augasantas, Lugo\" srcset=\"https:\/\/www.elturistatranquil.com\/wp-content\/uploads\/F91-Praia-de-Augasantas-Lugo.jpg 768w, https:\/\/www.elturistatranquil.com\/wp-content\/uploads\/F91-Praia-de-Augasantas-Lugo-339x226.jpg 339w\" sizes=\"(max-width: 768px) 100vw, 768px\" \/>\t\t\t\t\t\t\t\t\t\t\t<figcaption class=\"widget-image-caption wp-caption-text\"><\/figcaption>\n\t\t\t\t\t\t\t\t\t\t<\/figure>\n\t\t\t\t\t\t\t\t\t<\/div>\n\t\t\t\t<\/div>\n\t\t\t\t<div class=\"elementor-element elementor-element-9874fb1 elementor-widget elementor-widget-image\" data-id=\"9874fb1\" data-element_type=\"widget\" data-e-type=\"widget\" data-widget_type=\"image.default\">\n\t\t\t\t<div class=\"elementor-widget-container\">\n\t\t\t\t\t\t\t\t\t\t\t\t<figure class=\"wp-caption\">\n\t\t\t\t\t\t\t\t\t\t<img loading=\"lazy\" decoding=\"async\" width=\"768\" height=\"512\" src=\"https:\/\/www.elturistatranquil.com\/wp-content\/uploads\/F92-Pena-dos-Corvos-Lugo.jpg\" class=\"attachment-large size-large wp-image-58003\" alt=\"Pena dos Corvos, Lugo\" srcset=\"https:\/\/www.elturistatranquil.com\/wp-content\/uploads\/F92-Pena-dos-Corvos-Lugo.jpg 768w, https:\/\/www.elturistatranquil.com\/wp-content\/uploads\/F92-Pena-dos-Corvos-Lugo-339x226.jpg 339w\" sizes=\"(max-width: 768px) 100vw, 768px\" \/>\t\t\t\t\t\t\t\t\t\t\t<figcaption class=\"widget-image-caption wp-caption-text\"><\/figcaption>\n\t\t\t\t\t\t\t\t\t\t<\/figure>\n\t\t\t\t\t\t\t\t\t<\/div>\n\t\t\t\t<\/div>\n\t\t\t\t<div class=\"elementor-element elementor-element-5b7c527 elementor-widget elementor-widget-image\" data-id=\"5b7c527\" data-element_type=\"widget\" data-e-type=\"widget\" data-widget_type=\"image.default\">\n\t\t\t\t<div class=\"elementor-widget-container\">\n\t\t\t\t\t\t\t\t\t\t\t\t<figure class=\"wp-caption\">\n\t\t\t\t\t\t\t\t\t\t<img loading=\"lazy\" decoding=\"async\" width=\"768\" height=\"512\" src=\"https:\/\/www.elturistatranquil.com\/wp-content\/uploads\/F93-Praia-das-Catedrais-Lugo.jpg\" class=\"attachment-large size-large wp-image-58005\" alt=\"Praia das Catedrais, Lugo\" srcset=\"https:\/\/www.elturistatranquil.com\/wp-content\/uploads\/F93-Praia-das-Catedrais-Lugo.jpg 768w, https:\/\/www.elturistatranquil.com\/wp-content\/uploads\/F93-Praia-das-Catedrais-Lugo-339x226.jpg 339w\" sizes=\"(max-width: 768px) 100vw, 768px\" \/>\t\t\t\t\t\t\t\t\t\t\t<figcaption class=\"widget-image-caption wp-caption-text\"><\/figcaption>\n\t\t\t\t\t\t\t\t\t\t<\/figure>\n\t\t\t\t\t\t\t\t\t<\/div>\n\t\t\t\t<\/div>\n\t\t\t\t<div class=\"elementor-element elementor-element-fad3063 elementor-widget elementor-widget-image\" data-id=\"fad3063\" data-element_type=\"widget\" data-e-type=\"widget\" data-widget_type=\"image.default\">\n\t\t\t\t<div class=\"elementor-widget-container\">\n\t\t\t\t\t\t\t\t\t\t\t\t<figure class=\"wp-caption\">\n\t\t\t\t\t\t\t\t\t\t<img loading=\"lazy\" decoding=\"async\" width=\"768\" height=\"511\" src=\"https:\/\/www.elturistatranquil.com\/wp-content\/uploads\/F94-Praia-das-Catedrais-Lugo.jpg\" class=\"attachment-large size-large wp-image-58007\" alt=\"Praia das Catedrais, Lugo\" srcset=\"https:\/\/www.elturistatranquil.com\/wp-content\/uploads\/F94-Praia-das-Catedrais-Lugo.jpg 768w, https:\/\/www.elturistatranquil.com\/wp-content\/uploads\/F94-Praia-das-Catedrais-Lugo-339x226.jpg 339w\" sizes=\"(max-width: 768px) 100vw, 768px\" \/>\t\t\t\t\t\t\t\t\t\t\t<figcaption class=\"widget-image-caption wp-caption-text\"><\/figcaption>\n\t\t\t\t\t\t\t\t\t\t<\/figure>\n\t\t\t\t\t\t\t\t\t<\/div>\n\t\t\t\t<\/div>\n\t\t\t\t<div class=\"elementor-element elementor-element-cc398eb elementor-widget elementor-widget-image\" data-id=\"cc398eb\" data-element_type=\"widget\" data-e-type=\"widget\" data-widget_type=\"image.default\">\n\t\t\t\t<div class=\"elementor-widget-container\">\n\t\t\t\t\t\t\t\t\t\t\t\t<figure class=\"wp-caption\">\n\t\t\t\t\t\t\t\t\t\t<img loading=\"lazy\" decoding=\"async\" width=\"768\" height=\"511\" src=\"https:\/\/www.elturistatranquil.com\/wp-content\/uploads\/F95-Pena-dos-Corvos-Lugo.jpg\" class=\"attachment-large size-large wp-image-58009\" alt=\"Pena dos Corvos, Lugo\" srcset=\"https:\/\/www.elturistatranquil.com\/wp-content\/uploads\/F95-Pena-dos-Corvos-Lugo.jpg 768w, https:\/\/www.elturistatranquil.com\/wp-content\/uploads\/F95-Pena-dos-Corvos-Lugo-339x226.jpg 339w\" sizes=\"(max-width: 768px) 100vw, 768px\" \/>\t\t\t\t\t\t\t\t\t\t\t<figcaption class=\"widget-image-caption wp-caption-text\"><\/figcaption>\n\t\t\t\t\t\t\t\t\t\t<\/figure>\n\t\t\t\t\t\t\t\t\t<\/div>\n\t\t\t\t<\/div>\n\t\t\t\t<div class=\"elementor-element elementor-element-78ffd2a elementor-widget elementor-widget-image\" data-id=\"78ffd2a\" data-element_type=\"widget\" data-e-type=\"widget\" data-widget_type=\"image.default\">\n\t\t\t\t<div class=\"elementor-widget-container\">\n\t\t\t\t\t\t\t\t\t\t\t\t<figure class=\"wp-caption\">\n\t\t\t\t\t\t\t\t\t\t<img loading=\"lazy\" decoding=\"async\" width=\"768\" height=\"511\" src=\"https:\/\/www.elturistatranquil.com\/wp-content\/uploads\/F96-Pena-dos-Corvos-Lugo.jpg\" class=\"attachment-large size-large wp-image-58013\" alt=\"Pena dos Corvos, Lugo\" srcset=\"https:\/\/www.elturistatranquil.com\/wp-content\/uploads\/F96-Pena-dos-Corvos-Lugo.jpg 768w, https:\/\/www.elturistatranquil.com\/wp-content\/uploads\/F96-Pena-dos-Corvos-Lugo-339x226.jpg 339w\" sizes=\"(max-width: 768px) 100vw, 768px\" \/>\t\t\t\t\t\t\t\t\t\t\t<figcaption class=\"widget-image-caption wp-caption-text\"><\/figcaption>\n\t\t\t\t\t\t\t\t\t\t<\/figure>\n\t\t\t\t\t\t\t\t\t<\/div>\n\t\t\t\t<\/div>\n\t\t\t\t<div class=\"elementor-element elementor-element-1532f5a elementor-widget elementor-widget-image\" data-id=\"1532f5a\" data-element_type=\"widget\" data-e-type=\"widget\" data-widget_type=\"image.default\">\n\t\t\t\t<div class=\"elementor-widget-container\">\n\t\t\t\t\t\t\t\t\t\t\t\t<figure class=\"wp-caption\">\n\t\t\t\t\t\t\t\t\t\t<img loading=\"lazy\" decoding=\"async\" width=\"768\" height=\"511\" src=\"https:\/\/www.elturistatranquil.com\/wp-content\/uploads\/F97-Pena-dos-Corvos-Lugo.jpg\" class=\"attachment-large size-large wp-image-58015\" alt=\"Pena dos Corvos, Lugo\" srcset=\"https:\/\/www.elturistatranquil.com\/wp-content\/uploads\/F97-Pena-dos-Corvos-Lugo.jpg 768w, https:\/\/www.elturistatranquil.com\/wp-content\/uploads\/F97-Pena-dos-Corvos-Lugo-339x226.jpg 339w\" sizes=\"(max-width: 768px) 100vw, 768px\" \/>\t\t\t\t\t\t\t\t\t\t\t<figcaption class=\"widget-image-caption wp-caption-text\"><\/figcaption>\n\t\t\t\t\t\t\t\t\t\t<\/figure>\n\t\t\t\t\t\t\t\t\t<\/div>\n\t\t\t\t<\/div>\n\t\t\t\t<div class=\"elementor-element elementor-element-7238e77 elementor-widget elementor-widget-image\" data-id=\"7238e77\" data-element_type=\"widget\" data-e-type=\"widget\" data-widget_type=\"image.default\">\n\t\t\t\t<div class=\"elementor-widget-container\">\n\t\t\t\t\t\t\t\t\t\t\t\t<figure class=\"wp-caption\">\n\t\t\t\t\t\t\t\t\t\t<img loading=\"lazy\" decoding=\"async\" width=\"768\" height=\"512\" src=\"https:\/\/www.elturistatranquil.com\/wp-content\/uploads\/F98-Pena-dos-Corvos-Lugo.jpg\" class=\"attachment-large size-large wp-image-58020\" alt=\"Pena dos Corvos, Lugo\" srcset=\"https:\/\/www.elturistatranquil.com\/wp-content\/uploads\/F98-Pena-dos-Corvos-Lugo.jpg 768w, https:\/\/www.elturistatranquil.com\/wp-content\/uploads\/F98-Pena-dos-Corvos-Lugo-339x226.jpg 339w\" sizes=\"(max-width: 768px) 100vw, 768px\" \/>\t\t\t\t\t\t\t\t\t\t\t<figcaption class=\"widget-image-caption wp-caption-text\"><\/figcaption>\n\t\t\t\t\t\t\t\t\t\t<\/figure>\n\t\t\t\t\t\t\t\t\t<\/div>\n\t\t\t\t<\/div>\n\t\t\t\t<div class=\"elementor-element elementor-element-53bcae5 elementor-widget elementor-widget-heading\" data-id=\"53bcae5\" data-element_type=\"widget\" data-e-type=\"widget\" data-widget_type=\"heading.default\">\n\t\t\t\t<div class=\"elementor-widget-container\">\n\t\t\t\t\t<h4 class=\"elementor-heading-title elementor-size-default\">Pulper\u00eda Mario (9)<\/h4>\t\t\t\t<\/div>\n\t\t\t\t<\/div>\n\t\t\t\t<div class=\"elementor-element elementor-element-b315e4b elementor-widget elementor-widget-text-editor\" data-id=\"b315e4b\" data-element_type=\"widget\" data-e-type=\"widget\" data-widget_type=\"text-editor.default\">\n\t\t\t\t<div class=\"elementor-widget-container\">\n\t\t\t\t\t\t\t\t\t<p>(Municipi: Viveiro. Coordenades: 43\u00b033&#8217;56.3&#8243;N 7\u00b014&#8217;15.6&#8243;O)<\/p><p>El pop va ser el nostre \u201ccentre d&#8217;atenci\u00f3\u201d.<\/p>\t\t\t\t\t\t\t\t<\/div>\n\t\t\t\t<\/div>\n\t\t\t\t<div class=\"elementor-element elementor-element-1ed4480 elementor-widget elementor-widget-image\" data-id=\"1ed4480\" data-element_type=\"widget\" data-e-type=\"widget\" data-widget_type=\"image.default\">\n\t\t\t\t<div class=\"elementor-widget-container\">\n\t\t\t\t\t\t\t\t\t\t\t\t<figure class=\"wp-caption\">\n\t\t\t\t\t\t\t\t\t\t<img loading=\"lazy\" decoding=\"async\" width=\"768\" height=\"432\" src=\"https:\/\/www.elturistatranquil.com\/wp-content\/uploads\/F99-A-Pulperia-Mario-de-Viveiro-Lugo-2.jpg\" class=\"attachment-large size-large wp-image-58030\" alt=\"A Pulperia Mario de Viveiro, Lugo\" srcset=\"https:\/\/www.elturistatranquil.com\/wp-content\/uploads\/F99-A-Pulperia-Mario-de-Viveiro-Lugo-2.jpg 768w, https:\/\/www.elturistatranquil.com\/wp-content\/uploads\/F99-A-Pulperia-Mario-de-Viveiro-Lugo-2-339x191.jpg 339w\" sizes=\"(max-width: 768px) 100vw, 768px\" \/>\t\t\t\t\t\t\t\t\t\t\t<figcaption class=\"widget-image-caption wp-caption-text\"><\/figcaption>\n\t\t\t\t\t\t\t\t\t\t<\/figure>\n\t\t\t\t\t\t\t\t\t<\/div>\n\t\t\t\t<\/div>\n\t\t\t\t<div class=\"elementor-element elementor-element-28ae35c elementor-widget elementor-widget-menu-anchor\" data-id=\"28ae35c\" data-element_type=\"widget\" data-e-type=\"widget\" data-widget_type=\"menu-anchor.default\">\n\t\t\t\t<div class=\"elementor-widget-container\">\n\t\t\t\t\t\t\t<div class=\"elementor-menu-anchor\" id=\"010\"><\/div>\n\t\t\t\t\t\t<\/div>\n\t\t\t\t<\/div>\n\t\t\t\t<div class=\"elementor-element elementor-element-65b28c5 elementor-widget elementor-widget-heading\" data-id=\"65b28c5\" data-element_type=\"widget\" data-e-type=\"widget\" data-widget_type=\"heading.default\">\n\t\t\t\t<div class=\"elementor-widget-container\">\n\t\t\t\t\t<h4 class=\"elementor-heading-title elementor-size-default\">Castro de Fazouro (10)<\/h4>\t\t\t\t<\/div>\n\t\t\t\t<\/div>\n\t\t\t\t<div class=\"elementor-element elementor-element-bc6529d elementor-widget elementor-widget-text-editor\" data-id=\"bc6529d\" data-element_type=\"widget\" data-e-type=\"widget\" data-widget_type=\"text-editor.default\">\n\t\t\t\t<div class=\"elementor-widget-container\">\n\t\t\t\t\t\t\t\t\t<p>(Municipi: Foz. Coordenades: 43\u00b036&#8217;13.6&#8243;N 7\u00b017&#8217;56.0&#8243;O)<\/p>\t\t\t\t\t\t\t\t<\/div>\n\t\t\t\t<\/div>\n\t\t\t\t<div class=\"elementor-element elementor-element-23b80e4 elementor-widget elementor-widget-image\" data-id=\"23b80e4\" data-element_type=\"widget\" data-e-type=\"widget\" data-widget_type=\"image.default\">\n\t\t\t\t<div class=\"elementor-widget-container\">\n\t\t\t\t\t\t\t\t\t\t\t\t<figure class=\"wp-caption\">\n\t\t\t\t\t\t\t\t\t\t<img loading=\"lazy\" decoding=\"async\" width=\"768\" height=\"512\" src=\"https:\/\/www.elturistatranquil.com\/wp-content\/uploads\/F100-Castro-de-Fazouro-Lugo.jpg\" class=\"attachment-large size-large wp-image-58035\" alt=\"Castro de Fazouro, Lugo\" srcset=\"https:\/\/www.elturistatranquil.com\/wp-content\/uploads\/F100-Castro-de-Fazouro-Lugo.jpg 768w, https:\/\/www.elturistatranquil.com\/wp-content\/uploads\/F100-Castro-de-Fazouro-Lugo-339x226.jpg 339w\" sizes=\"(max-width: 768px) 100vw, 768px\" \/>\t\t\t\t\t\t\t\t\t\t\t<figcaption class=\"widget-image-caption wp-caption-text\">Castro de Fazouro (Google maps 2025-04-15)<\/figcaption>\n\t\t\t\t\t\t\t\t\t\t<\/figure>\n\t\t\t\t\t\t\t\t\t<\/div>\n\t\t\t\t<\/div>\n\t\t\t\t<div class=\"elementor-element elementor-element-32ab892 elementor-widget elementor-widget-image\" data-id=\"32ab892\" data-element_type=\"widget\" data-e-type=\"widget\" data-widget_type=\"image.default\">\n\t\t\t\t<div class=\"elementor-widget-container\">\n\t\t\t\t\t\t\t\t\t\t\t\t<figure class=\"wp-caption\">\n\t\t\t\t\t\t\t\t\t\t<img loading=\"lazy\" decoding=\"async\" width=\"768\" height=\"512\" src=\"https:\/\/www.elturistatranquil.com\/wp-content\/uploads\/F101-Castro-de-Fazouro-Lugo.jpg\" class=\"attachment-large size-large wp-image-58037\" alt=\"Castro de Fazouro, Lugo\" srcset=\"https:\/\/www.elturistatranquil.com\/wp-content\/uploads\/F101-Castro-de-Fazouro-Lugo.jpg 768w, https:\/\/www.elturistatranquil.com\/wp-content\/uploads\/F101-Castro-de-Fazouro-Lugo-339x226.jpg 339w\" sizes=\"(max-width: 768px) 100vw, 768px\" \/>\t\t\t\t\t\t\t\t\t\t\t<figcaption class=\"widget-image-caption wp-caption-text\"><\/figcaption>\n\t\t\t\t\t\t\t\t\t\t<\/figure>\n\t\t\t\t\t\t\t\t\t<\/div>\n\t\t\t\t<\/div>\n\t\t\t\t<div class=\"elementor-element elementor-element-c69c30a elementor-widget elementor-widget-image\" data-id=\"c69c30a\" data-element_type=\"widget\" data-e-type=\"widget\" data-widget_type=\"image.default\">\n\t\t\t\t<div class=\"elementor-widget-container\">\n\t\t\t\t\t\t\t\t\t\t\t\t<figure class=\"wp-caption\">\n\t\t\t\t\t\t\t\t\t\t<img loading=\"lazy\" decoding=\"async\" width=\"768\" height=\"512\" src=\"https:\/\/www.elturistatranquil.com\/wp-content\/uploads\/F105-Castro-de-Fazouro-Lugo.jpg\" class=\"attachment-large size-large wp-image-58039\" alt=\"Castro de Fazouro, Lugo\" srcset=\"https:\/\/www.elturistatranquil.com\/wp-content\/uploads\/F105-Castro-de-Fazouro-Lugo.jpg 768w, https:\/\/www.elturistatranquil.com\/wp-content\/uploads\/F105-Castro-de-Fazouro-Lugo-339x226.jpg 339w\" sizes=\"(max-width: 768px) 100vw, 768px\" \/>\t\t\t\t\t\t\t\t\t\t\t<figcaption class=\"widget-image-caption wp-caption-text\"><\/figcaption>\n\t\t\t\t\t\t\t\t\t\t<\/figure>\n\t\t\t\t\t\t\t\t\t<\/div>\n\t\t\t\t<\/div>\n\t\t\t\t<div class=\"elementor-element elementor-element-1bbfa2b elementor-widget elementor-widget-image\" data-id=\"1bbfa2b\" data-element_type=\"widget\" data-e-type=\"widget\" data-widget_type=\"image.default\">\n\t\t\t\t<div class=\"elementor-widget-container\">\n\t\t\t\t\t\t\t\t\t\t\t\t<figure class=\"wp-caption\">\n\t\t\t\t\t\t\t\t\t\t<img loading=\"lazy\" decoding=\"async\" width=\"768\" height=\"512\" src=\"https:\/\/www.elturistatranquil.com\/wp-content\/uploads\/F108-Castro-de-Fazouro-Lugo.jpg\" class=\"attachment-large size-large wp-image-58041\" alt=\"Castro de Fazouro, Lugo\" srcset=\"https:\/\/www.elturistatranquil.com\/wp-content\/uploads\/F108-Castro-de-Fazouro-Lugo.jpg 768w, https:\/\/www.elturistatranquil.com\/wp-content\/uploads\/F108-Castro-de-Fazouro-Lugo-339x226.jpg 339w\" sizes=\"(max-width: 768px) 100vw, 768px\" \/>\t\t\t\t\t\t\t\t\t\t\t<figcaption class=\"widget-image-caption wp-caption-text\"><\/figcaption>\n\t\t\t\t\t\t\t\t\t\t<\/figure>\n\t\t\t\t\t\t\t\t\t<\/div>\n\t\t\t\t<\/div>\n\t\t\t\t<div class=\"elementor-element elementor-element-ed1fbda elementor-widget elementor-widget-image\" data-id=\"ed1fbda\" data-element_type=\"widget\" data-e-type=\"widget\" data-widget_type=\"image.default\">\n\t\t\t\t<div class=\"elementor-widget-container\">\n\t\t\t\t\t\t\t\t\t\t\t\t<figure class=\"wp-caption\">\n\t\t\t\t\t\t\t\t\t\t<img loading=\"lazy\" decoding=\"async\" width=\"768\" height=\"512\" src=\"https:\/\/www.elturistatranquil.com\/wp-content\/uploads\/F114-Castro-de-Fazouro-Lugo.jpg\" class=\"attachment-large size-large wp-image-58047\" alt=\"Castro de Fazouro, Lugo\" srcset=\"https:\/\/www.elturistatranquil.com\/wp-content\/uploads\/F114-Castro-de-Fazouro-Lugo.jpg 768w, https:\/\/www.elturistatranquil.com\/wp-content\/uploads\/F114-Castro-de-Fazouro-Lugo-339x226.jpg 339w\" sizes=\"(max-width: 768px) 100vw, 768px\" \/>\t\t\t\t\t\t\t\t\t\t\t<figcaption class=\"widget-image-caption wp-caption-text\"><\/figcaption>\n\t\t\t\t\t\t\t\t\t\t<\/figure>\n\t\t\t\t\t\t\t\t\t<\/div>\n\t\t\t\t<\/div>\n\t\t\t\t<div class=\"elementor-element elementor-element-825a7f1 elementor-widget elementor-widget-image\" data-id=\"825a7f1\" data-element_type=\"widget\" data-e-type=\"widget\" data-widget_type=\"image.default\">\n\t\t\t\t<div class=\"elementor-widget-container\">\n\t\t\t\t\t\t\t\t\t\t\t\t<figure class=\"wp-caption\">\n\t\t\t\t\t\t\t\t\t\t<img loading=\"lazy\" decoding=\"async\" width=\"768\" height=\"512\" src=\"https:\/\/www.elturistatranquil.com\/wp-content\/uploads\/F119-Castro-de-Fazouro-Lugo.jpg\" class=\"attachment-large size-large wp-image-58052\" alt=\"Castro de Fazouro, Lugo\" srcset=\"https:\/\/www.elturistatranquil.com\/wp-content\/uploads\/F119-Castro-de-Fazouro-Lugo.jpg 768w, https:\/\/www.elturistatranquil.com\/wp-content\/uploads\/F119-Castro-de-Fazouro-Lugo-339x226.jpg 339w\" sizes=\"(max-width: 768px) 100vw, 768px\" \/>\t\t\t\t\t\t\t\t\t\t\t<figcaption class=\"widget-image-caption wp-caption-text\"><\/figcaption>\n\t\t\t\t\t\t\t\t\t\t<\/figure>\n\t\t\t\t\t\t\t\t\t<\/div>\n\t\t\t\t<\/div>\n\t\t\t\t<div class=\"elementor-element elementor-element-f1456df elementor-widget elementor-widget-image\" data-id=\"f1456df\" data-element_type=\"widget\" data-e-type=\"widget\" data-widget_type=\"image.default\">\n\t\t\t\t<div class=\"elementor-widget-container\">\n\t\t\t\t\t\t\t\t\t\t\t\t<figure class=\"wp-caption\">\n\t\t\t\t\t\t\t\t\t\t<img loading=\"lazy\" decoding=\"async\" width=\"768\" height=\"512\" src=\"https:\/\/www.elturistatranquil.com\/wp-content\/uploads\/F123-Castro-de-Fazouro-Lugo.jpg\" class=\"attachment-large size-large wp-image-58054\" alt=\"Castro de Fazouro, Lugo\" srcset=\"https:\/\/www.elturistatranquil.com\/wp-content\/uploads\/F123-Castro-de-Fazouro-Lugo.jpg 768w, https:\/\/www.elturistatranquil.com\/wp-content\/uploads\/F123-Castro-de-Fazouro-Lugo-339x226.jpg 339w\" sizes=\"(max-width: 768px) 100vw, 768px\" \/>\t\t\t\t\t\t\t\t\t\t\t<figcaption class=\"widget-image-caption wp-caption-text\"><\/figcaption>\n\t\t\t\t\t\t\t\t\t\t<\/figure>\n\t\t\t\t\t\t\t\t\t<\/div>\n\t\t\t\t<\/div>\n\t\t\t\t<div class=\"elementor-element elementor-element-c7eb251 elementor-widget elementor-widget-image\" data-id=\"c7eb251\" data-element_type=\"widget\" data-e-type=\"widget\" data-widget_type=\"image.default\">\n\t\t\t\t<div class=\"elementor-widget-container\">\n\t\t\t\t\t\t\t\t\t\t\t\t<figure class=\"wp-caption\">\n\t\t\t\t\t\t\t\t\t\t<img loading=\"lazy\" decoding=\"async\" width=\"450\" height=\"600\" src=\"https:\/\/www.elturistatranquil.com\/wp-content\/uploads\/F124-Castro-de-Fazouro-Lugo.jpg\" class=\"attachment-large size-large wp-image-58056\" alt=\"Castro de Fazouro, Lugo\" srcset=\"https:\/\/www.elturistatranquil.com\/wp-content\/uploads\/F124-Castro-de-Fazouro-Lugo.jpg 450w, https:\/\/www.elturistatranquil.com\/wp-content\/uploads\/F124-Castro-de-Fazouro-Lugo-170x226.jpg 170w\" sizes=\"(max-width: 450px) 100vw, 450px\" \/>\t\t\t\t\t\t\t\t\t\t\t<figcaption class=\"widget-image-caption wp-caption-text\"><\/figcaption>\n\t\t\t\t\t\t\t\t\t\t<\/figure>\n\t\t\t\t\t\t\t\t\t<\/div>\n\t\t\t\t<\/div>\n\t\t\t\t<div class=\"elementor-element elementor-element-1d85eb3 elementor-widget elementor-widget-heading\" data-id=\"1d85eb3\" data-element_type=\"widget\" data-e-type=\"widget\" data-widget_type=\"heading.default\">\n\t\t\t\t<div class=\"elementor-widget-container\">\n\t\t\t\t\t<h4 class=\"elementor-heading-title elementor-size-default\">San Cibrao (11)<\/h4>\t\t\t\t<\/div>\n\t\t\t\t<\/div>\n\t\t\t\t<div class=\"elementor-element elementor-element-d5fdeaa elementor-widget elementor-widget-text-editor\" data-id=\"d5fdeaa\" data-element_type=\"widget\" data-e-type=\"widget\" data-widget_type=\"text-editor.default\">\n\t\t\t\t<div class=\"elementor-widget-container\">\n\t\t\t\t\t\t\t\t\t<p>(Municipi: Cervo. Coordenades: 43\u00b041&#8217;59.0&#8243;N 7\u00b026&#8217;15.3&#8243;O)<\/p>\t\t\t\t\t\t\t\t<\/div>\n\t\t\t\t<\/div>\n\t\t\t\t<div class=\"elementor-element elementor-element-2a155fd elementor-widget elementor-widget-image\" data-id=\"2a155fd\" data-element_type=\"widget\" data-e-type=\"widget\" data-widget_type=\"image.default\">\n\t\t\t\t<div class=\"elementor-widget-container\">\n\t\t\t\t\t\t\t\t\t\t\t\t<figure class=\"wp-caption\">\n\t\t\t\t\t\t\t\t\t\t<img loading=\"lazy\" decoding=\"async\" width=\"768\" height=\"512\" src=\"https:\/\/www.elturistatranquil.com\/wp-content\/uploads\/F125a-San-Cibrao-Google-maps-2025-04-15.jpg\" class=\"attachment-large size-large wp-image-58061\" alt=\"San Cibrao (Google maps 2025-04-15)\" srcset=\"https:\/\/www.elturistatranquil.com\/wp-content\/uploads\/F125a-San-Cibrao-Google-maps-2025-04-15.jpg 768w, https:\/\/www.elturistatranquil.com\/wp-content\/uploads\/F125a-San-Cibrao-Google-maps-2025-04-15-339x226.jpg 339w\" sizes=\"(max-width: 768px) 100vw, 768px\" \/>\t\t\t\t\t\t\t\t\t\t\t<figcaption class=\"widget-image-caption wp-caption-text\">San Cibrao (Google maps 2025-04-15)<\/figcaption>\n\t\t\t\t\t\t\t\t\t\t<\/figure>\n\t\t\t\t\t\t\t\t\t<\/div>\n\t\t\t\t<\/div>\n\t\t\t\t<div class=\"elementor-element elementor-element-f55844c elementor-widget elementor-widget-image\" data-id=\"f55844c\" data-element_type=\"widget\" data-e-type=\"widget\" data-widget_type=\"image.default\">\n\t\t\t\t<div class=\"elementor-widget-container\">\n\t\t\t\t\t\t\t\t\t\t\t\t<figure class=\"wp-caption\">\n\t\t\t\t\t\t\t\t\t\t<img loading=\"lazy\" decoding=\"async\" width=\"768\" height=\"512\" src=\"https:\/\/www.elturistatranquil.com\/wp-content\/uploads\/F125b-San-Cibrao-Lugo-Foto-Visitar-Lugo.jpg\" class=\"attachment-large size-large wp-image-58063\" alt=\"San Cibrao, Lugo (Foto Visitar Lugo)\" srcset=\"https:\/\/www.elturistatranquil.com\/wp-content\/uploads\/F125b-San-Cibrao-Lugo-Foto-Visitar-Lugo.jpg 768w, https:\/\/www.elturistatranquil.com\/wp-content\/uploads\/F125b-San-Cibrao-Lugo-Foto-Visitar-Lugo-339x226.jpg 339w\" sizes=\"(max-width: 768px) 100vw, 768px\" \/>\t\t\t\t\t\t\t\t\t\t\t<figcaption class=\"widget-image-caption wp-caption-text\">(Foto: Visitar Lugo)<\/figcaption>\n\t\t\t\t\t\t\t\t\t\t<\/figure>\n\t\t\t\t\t\t\t\t\t<\/div>\n\t\t\t\t<\/div>\n\t\t\t\t<div class=\"elementor-element elementor-element-353674b elementor-widget elementor-widget-image\" data-id=\"353674b\" data-element_type=\"widget\" data-e-type=\"widget\" data-widget_type=\"image.default\">\n\t\t\t\t<div class=\"elementor-widget-container\">\n\t\t\t\t\t\t\t\t\t\t\t\t<figure class=\"wp-caption\">\n\t\t\t\t\t\t\t\t\t\t<img loading=\"lazy\" decoding=\"async\" width=\"768\" height=\"512\" src=\"https:\/\/www.elturistatranquil.com\/wp-content\/uploads\/F126-San-Cibrao-Lugo.jpg\" class=\"attachment-large size-large wp-image-58065\" alt=\"San Cibrao, Lugo\" srcset=\"https:\/\/www.elturistatranquil.com\/wp-content\/uploads\/F126-San-Cibrao-Lugo.jpg 768w, https:\/\/www.elturistatranquil.com\/wp-content\/uploads\/F126-San-Cibrao-Lugo-339x226.jpg 339w\" sizes=\"(max-width: 768px) 100vw, 768px\" \/>\t\t\t\t\t\t\t\t\t\t\t<figcaption class=\"widget-image-caption wp-caption-text\"><\/figcaption>\n\t\t\t\t\t\t\t\t\t\t<\/figure>\n\t\t\t\t\t\t\t\t\t<\/div>\n\t\t\t\t<\/div>\n\t\t\t\t<div class=\"elementor-element elementor-element-1a1695c elementor-widget elementor-widget-image\" data-id=\"1a1695c\" data-element_type=\"widget\" data-e-type=\"widget\" data-widget_type=\"image.default\">\n\t\t\t\t<div class=\"elementor-widget-container\">\n\t\t\t\t\t\t\t\t\t\t\t\t<figure class=\"wp-caption\">\n\t\t\t\t\t\t\t\t\t\t<img loading=\"lazy\" decoding=\"async\" width=\"768\" height=\"511\" src=\"https:\/\/www.elturistatranquil.com\/wp-content\/uploads\/F127-Planta-Alumina-ALCOA-F125-San-Cibrao-Lugo.jpg\" class=\"attachment-large size-large wp-image-58067\" alt=\"Planta Alumina (ALCOA) F125 San Cibrao, Lugo\" srcset=\"https:\/\/www.elturistatranquil.com\/wp-content\/uploads\/F127-Planta-Alumina-ALCOA-F125-San-Cibrao-Lugo.jpg 768w, https:\/\/www.elturistatranquil.com\/wp-content\/uploads\/F127-Planta-Alumina-ALCOA-F125-San-Cibrao-Lugo-339x226.jpg 339w\" sizes=\"(max-width: 768px) 100vw, 768px\" \/>\t\t\t\t\t\t\t\t\t\t\t<figcaption class=\"widget-image-caption wp-caption-text\"><\/figcaption>\n\t\t\t\t\t\t\t\t\t\t<\/figure>\n\t\t\t\t\t\t\t\t\t<\/div>\n\t\t\t\t<\/div>\n\t\t\t\t<div class=\"elementor-element elementor-element-466db68 elementor-widget elementor-widget-heading\" data-id=\"466db68\" data-element_type=\"widget\" data-e-type=\"widget\" data-widget_type=\"heading.default\">\n\t\t\t\t<div class=\"elementor-widget-container\">\n\t\t\t\t\t<h4 class=\"elementor-heading-title elementor-size-default\">Far de A Pancha (12)<\/h4>\t\t\t\t<\/div>\n\t\t\t\t<\/div>\n\t\t\t\t<div class=\"elementor-element elementor-element-df24a3f elementor-widget elementor-widget-text-editor\" data-id=\"df24a3f\" data-element_type=\"widget\" data-e-type=\"widget\" data-widget_type=\"text-editor.default\">\n\t\t\t\t<div class=\"elementor-widget-container\">\n\t\t\t\t\t\t\t\t\t<p>(Municipi: Ribadeo. Coordenades: 43\u00b033&#8217;19.5&#8243;N 7\u00b002&#8217;32.8&#8243;O)<\/p>\t\t\t\t\t\t\t\t<\/div>\n\t\t\t\t<\/div>\n\t\t\t\t<div class=\"elementor-element elementor-element-f92e844 elementor-widget elementor-widget-image\" data-id=\"f92e844\" data-element_type=\"widget\" data-e-type=\"widget\" data-widget_type=\"image.default\">\n\t\t\t\t<div class=\"elementor-widget-container\">\n\t\t\t\t\t\t\t\t\t\t\t\t<figure class=\"wp-caption\">\n\t\t\t\t\t\t\t\t\t\t<img loading=\"lazy\" decoding=\"async\" width=\"768\" height=\"513\" src=\"https:\/\/www.elturistatranquil.com\/wp-content\/uploads\/F128a-Faro-de-A-Panda-Google-maps-2025-04-15.jpg\" class=\"attachment-large size-large wp-image-58069\" alt=\"Faro de A Panda (Google maps 2025-04-15)\" srcset=\"https:\/\/www.elturistatranquil.com\/wp-content\/uploads\/F128a-Faro-de-A-Panda-Google-maps-2025-04-15.jpg 768w, https:\/\/www.elturistatranquil.com\/wp-content\/uploads\/F128a-Faro-de-A-Panda-Google-maps-2025-04-15-339x226.jpg 339w\" sizes=\"(max-width: 768px) 100vw, 768px\" \/>\t\t\t\t\t\t\t\t\t\t\t<figcaption class=\"widget-image-caption wp-caption-text\">Far de A Pancha (Google maps 2025-04-15)<\/figcaption>\n\t\t\t\t\t\t\t\t\t\t<\/figure>\n\t\t\t\t\t\t\t\t\t<\/div>\n\t\t\t\t<\/div>\n\t\t\t\t<div class=\"elementor-element elementor-element-25875e1 elementor-widget elementor-widget-image\" data-id=\"25875e1\" data-element_type=\"widget\" data-e-type=\"widget\" data-widget_type=\"image.default\">\n\t\t\t\t<div class=\"elementor-widget-container\">\n\t\t\t\t\t\t\t\t\t\t\t\t<figure class=\"wp-caption\">\n\t\t\t\t\t\t\t\t\t\t<img loading=\"lazy\" decoding=\"async\" width=\"768\" height=\"512\" src=\"https:\/\/www.elturistatranquil.com\/wp-content\/uploads\/F128b-Faro-de-A-Pancha-Ribadeo-Lugo.jpg\" class=\"attachment-large size-large wp-image-58071\" alt=\"Faro de A Pancha , Ribadeo, Lugo\" srcset=\"https:\/\/www.elturistatranquil.com\/wp-content\/uploads\/F128b-Faro-de-A-Pancha-Ribadeo-Lugo.jpg 768w, https:\/\/www.elturistatranquil.com\/wp-content\/uploads\/F128b-Faro-de-A-Pancha-Ribadeo-Lugo-339x226.jpg 339w\" sizes=\"(max-width: 768px) 100vw, 768px\" \/>\t\t\t\t\t\t\t\t\t\t\t<figcaption class=\"widget-image-caption wp-caption-text\"><\/figcaption>\n\t\t\t\t\t\t\t\t\t\t<\/figure>\n\t\t\t\t\t\t\t\t\t<\/div>\n\t\t\t\t<\/div>\n\t\t\t\t<div class=\"elementor-element elementor-element-5de23aa elementor-widget elementor-widget-image\" data-id=\"5de23aa\" data-element_type=\"widget\" data-e-type=\"widget\" data-widget_type=\"image.default\">\n\t\t\t\t<div class=\"elementor-widget-container\">\n\t\t\t\t\t\t\t\t\t\t\t\t<figure class=\"wp-caption\">\n\t\t\t\t\t\t\t\t\t\t<img loading=\"lazy\" decoding=\"async\" width=\"768\" height=\"511\" src=\"https:\/\/www.elturistatranquil.com\/wp-content\/uploads\/F129-Faro-de-A-Pancha-Ribadeo-Lugo.jpg\" class=\"attachment-large size-large wp-image-58073\" alt=\"Faro de A Pancha , Ribadeo, Lugo\" srcset=\"https:\/\/www.elturistatranquil.com\/wp-content\/uploads\/F129-Faro-de-A-Pancha-Ribadeo-Lugo.jpg 768w, https:\/\/www.elturistatranquil.com\/wp-content\/uploads\/F129-Faro-de-A-Pancha-Ribadeo-Lugo-339x226.jpg 339w\" sizes=\"(max-width: 768px) 100vw, 768px\" \/>\t\t\t\t\t\t\t\t\t\t\t<figcaption class=\"widget-image-caption wp-caption-text\"><\/figcaption>\n\t\t\t\t\t\t\t\t\t\t<\/figure>\n\t\t\t\t\t\t\t\t\t<\/div>\n\t\t\t\t<\/div>\n\t\t\t\t<div class=\"elementor-element elementor-element-a5ff16c elementor-widget elementor-widget-image\" data-id=\"a5ff16c\" data-element_type=\"widget\" data-e-type=\"widget\" data-widget_type=\"image.default\">\n\t\t\t\t<div class=\"elementor-widget-container\">\n\t\t\t\t\t\t\t\t\t\t\t\t<figure class=\"wp-caption\">\n\t\t\t\t\t\t\t\t\t\t<img loading=\"lazy\" decoding=\"async\" width=\"768\" height=\"512\" src=\"https:\/\/www.elturistatranquil.com\/wp-content\/uploads\/F131-Faro-de-A-Pancha-Ribadeo-Lugo.jpg\" class=\"attachment-large size-large wp-image-58075\" alt=\"Faro de A Pancha , Ribadeo, Lugo\" srcset=\"https:\/\/www.elturistatranquil.com\/wp-content\/uploads\/F131-Faro-de-A-Pancha-Ribadeo-Lugo.jpg 768w, https:\/\/www.elturistatranquil.com\/wp-content\/uploads\/F131-Faro-de-A-Pancha-Ribadeo-Lugo-339x226.jpg 339w\" sizes=\"(max-width: 768px) 100vw, 768px\" \/>\t\t\t\t\t\t\t\t\t\t\t<figcaption class=\"widget-image-caption wp-caption-text\"><\/figcaption>\n\t\t\t\t\t\t\t\t\t\t<\/figure>\n\t\t\t\t\t\t\t\t\t<\/div>\n\t\t\t\t<\/div>\n\t\t\t\t<div class=\"elementor-element elementor-element-4c914f0 elementor-widget elementor-widget-image\" data-id=\"4c914f0\" data-element_type=\"widget\" data-e-type=\"widget\" data-widget_type=\"image.default\">\n\t\t\t\t<div class=\"elementor-widget-container\">\n\t\t\t\t\t\t\t\t\t\t\t\t<figure class=\"wp-caption\">\n\t\t\t\t\t\t\t\t\t\t<img loading=\"lazy\" decoding=\"async\" width=\"768\" height=\"512\" src=\"https:\/\/www.elturistatranquil.com\/wp-content\/uploads\/F132-Faro-de-A-Pancha-Ribadeo-Lugo.jpg\" class=\"attachment-large size-large wp-image-58077\" alt=\"Faro de A Pancha , Ribadeo, Lugo\" srcset=\"https:\/\/www.elturistatranquil.com\/wp-content\/uploads\/F132-Faro-de-A-Pancha-Ribadeo-Lugo.jpg 768w, https:\/\/www.elturistatranquil.com\/wp-content\/uploads\/F132-Faro-de-A-Pancha-Ribadeo-Lugo-339x226.jpg 339w\" sizes=\"(max-width: 768px) 100vw, 768px\" \/>\t\t\t\t\t\t\t\t\t\t\t<figcaption class=\"widget-image-caption wp-caption-text\"><\/figcaption>\n\t\t\t\t\t\t\t\t\t\t<\/figure>\n\t\t\t\t\t\t\t\t\t<\/div>\n\t\t\t\t<\/div>\n\t\t\t\t<div class=\"elementor-element elementor-element-cff7a36 elementor-widget elementor-widget-image\" data-id=\"cff7a36\" data-element_type=\"widget\" data-e-type=\"widget\" data-widget_type=\"image.default\">\n\t\t\t\t<div class=\"elementor-widget-container\">\n\t\t\t\t\t\t\t\t\t\t\t\t<figure class=\"wp-caption\">\n\t\t\t\t\t\t\t\t\t\t<img loading=\"lazy\" decoding=\"async\" width=\"768\" height=\"511\" src=\"https:\/\/www.elturistatranquil.com\/wp-content\/uploads\/F133-Faro-de-A-Pancha-Ribadeo-Lugo.jpg\" class=\"attachment-large size-large wp-image-58079\" alt=\"Faro de A Pancha , Ribadeo, Lugo\" srcset=\"https:\/\/www.elturistatranquil.com\/wp-content\/uploads\/F133-Faro-de-A-Pancha-Ribadeo-Lugo.jpg 768w, https:\/\/www.elturistatranquil.com\/wp-content\/uploads\/F133-Faro-de-A-Pancha-Ribadeo-Lugo-339x226.jpg 339w\" sizes=\"(max-width: 768px) 100vw, 768px\" \/>\t\t\t\t\t\t\t\t\t\t\t<figcaption class=\"widget-image-caption wp-caption-text\"><\/figcaption>\n\t\t\t\t\t\t\t\t\t\t<\/figure>\n\t\t\t\t\t\t\t\t\t<\/div>\n\t\t\t\t<\/div>\n\t\t\t\t<div class=\"elementor-element elementor-element-4193db2 elementor-widget elementor-widget-image\" data-id=\"4193db2\" data-element_type=\"widget\" data-e-type=\"widget\" data-widget_type=\"image.default\">\n\t\t\t\t<div class=\"elementor-widget-container\">\n\t\t\t\t\t\t\t\t\t\t\t\t<figure class=\"wp-caption\">\n\t\t\t\t\t\t\t\t\t\t<img loading=\"lazy\" decoding=\"async\" width=\"768\" height=\"511\" src=\"https:\/\/www.elturistatranquil.com\/wp-content\/uploads\/F134-Faro-de-A-Pancha-Ribadeo-Lugo.jpg\" class=\"attachment-large size-large wp-image-58084\" alt=\"Faro de A Pancha , Ribadeo, Lugo\" srcset=\"https:\/\/www.elturistatranquil.com\/wp-content\/uploads\/F134-Faro-de-A-Pancha-Ribadeo-Lugo.jpg 768w, https:\/\/www.elturistatranquil.com\/wp-content\/uploads\/F134-Faro-de-A-Pancha-Ribadeo-Lugo-339x226.jpg 339w\" sizes=\"(max-width: 768px) 100vw, 768px\" \/>\t\t\t\t\t\t\t\t\t\t\t<figcaption class=\"widget-image-caption wp-caption-text\"><\/figcaption>\n\t\t\t\t\t\t\t\t\t\t<\/figure>\n\t\t\t\t\t\t\t\t\t<\/div>\n\t\t\t\t<\/div>\n\t\t\t\t<div class=\"elementor-element elementor-element-c44b489 elementor-widget elementor-widget-image\" data-id=\"c44b489\" data-element_type=\"widget\" data-e-type=\"widget\" data-widget_type=\"image.default\">\n\t\t\t\t<div class=\"elementor-widget-container\">\n\t\t\t\t\t\t\t\t\t\t\t\t<figure class=\"wp-caption\">\n\t\t\t\t\t\t\t\t\t\t<img loading=\"lazy\" decoding=\"async\" width=\"768\" height=\"511\" src=\"https:\/\/www.elturistatranquil.com\/wp-content\/uploads\/F135-Faro-de-A-Pancha-Ribadeo-Lugo.jpg\" class=\"attachment-large size-large wp-image-58086\" alt=\"Faro de A Pancha , Ribadeo, Lugo\" srcset=\"https:\/\/www.elturistatranquil.com\/wp-content\/uploads\/F135-Faro-de-A-Pancha-Ribadeo-Lugo.jpg 768w, https:\/\/www.elturistatranquil.com\/wp-content\/uploads\/F135-Faro-de-A-Pancha-Ribadeo-Lugo-339x226.jpg 339w\" sizes=\"(max-width: 768px) 100vw, 768px\" \/>\t\t\t\t\t\t\t\t\t\t\t<figcaption class=\"widget-image-caption wp-caption-text\"><\/figcaption>\n\t\t\t\t\t\t\t\t\t\t<\/figure>\n\t\t\t\t\t\t\t\t\t<\/div>\n\t\t\t\t<\/div>\n\t\t\t\t<div class=\"elementor-element elementor-element-99ad6c0 elementor-widget elementor-widget-image\" data-id=\"99ad6c0\" data-element_type=\"widget\" data-e-type=\"widget\" data-widget_type=\"image.default\">\n\t\t\t\t<div class=\"elementor-widget-container\">\n\t\t\t\t\t\t\t\t\t\t\t\t<figure class=\"wp-caption\">\n\t\t\t\t\t\t\t\t\t\t<img loading=\"lazy\" decoding=\"async\" width=\"768\" height=\"511\" src=\"https:\/\/www.elturistatranquil.com\/wp-content\/uploads\/F136-Faro-de-A-Pancha-Ribadeo-Lugo.jpg\" class=\"attachment-large size-large wp-image-58088\" alt=\"Faro de A Pancha , Ribadeo, Lugo\" srcset=\"https:\/\/www.elturistatranquil.com\/wp-content\/uploads\/F136-Faro-de-A-Pancha-Ribadeo-Lugo.jpg 768w, https:\/\/www.elturistatranquil.com\/wp-content\/uploads\/F136-Faro-de-A-Pancha-Ribadeo-Lugo-339x226.jpg 339w\" sizes=\"(max-width: 768px) 100vw, 768px\" \/>\t\t\t\t\t\t\t\t\t\t\t<figcaption class=\"widget-image-caption wp-caption-text\"><\/figcaption>\n\t\t\t\t\t\t\t\t\t\t<\/figure>\n\t\t\t\t\t\t\t\t\t<\/div>\n\t\t\t\t<\/div>\n\t\t\t\t<div class=\"elementor-element elementor-element-15a93c9 elementor-widget elementor-widget-image\" data-id=\"15a93c9\" data-element_type=\"widget\" data-e-type=\"widget\" data-widget_type=\"image.default\">\n\t\t\t\t<div class=\"elementor-widget-container\">\n\t\t\t\t\t\t\t\t\t\t\t\t<figure class=\"wp-caption\">\n\t\t\t\t\t\t\t\t\t\t<img loading=\"lazy\" decoding=\"async\" width=\"768\" height=\"512\" src=\"https:\/\/www.elturistatranquil.com\/wp-content\/uploads\/F137-Faro-de-A-Pancha-Ribadeo-Lugo.jpg\" class=\"attachment-large size-large wp-image-58090\" alt=\"Faro de A Pancha , Ribadeo, Lugo\" srcset=\"https:\/\/www.elturistatranquil.com\/wp-content\/uploads\/F137-Faro-de-A-Pancha-Ribadeo-Lugo.jpg 768w, https:\/\/www.elturistatranquil.com\/wp-content\/uploads\/F137-Faro-de-A-Pancha-Ribadeo-Lugo-339x226.jpg 339w\" sizes=\"(max-width: 768px) 100vw, 768px\" \/>\t\t\t\t\t\t\t\t\t\t\t<figcaption class=\"widget-image-caption wp-caption-text\"><\/figcaption>\n\t\t\t\t\t\t\t\t\t\t<\/figure>\n\t\t\t\t\t\t\t\t\t<\/div>\n\t\t\t\t<\/div>\n\t\t\t\t<div class=\"elementor-element elementor-element-dfbaa4f elementor-widget elementor-widget-heading\" data-id=\"dfbaa4f\" data-element_type=\"widget\" data-e-type=\"widget\" data-widget_type=\"heading.default\">\n\t\t\t\t<div class=\"elementor-widget-container\">\n\t\t\t\t\t<h4 class=\"elementor-heading-title elementor-size-default\">Ribadeo (13)<\/h4>\t\t\t\t<\/div>\n\t\t\t\t<\/div>\n\t\t\t\t<div class=\"elementor-element elementor-element-e2af2e2 elementor-widget elementor-widget-text-editor\" data-id=\"e2af2e2\" data-element_type=\"widget\" data-e-type=\"widget\" data-widget_type=\"text-editor.default\">\n\t\t\t\t<div class=\"elementor-widget-container\">\n\t\t\t\t\t\t\t\t\t<p>(Municipi: Ribadeo. Coordenades: 43\u00b032&#8217;09.2&#8243;N 7\u00b002&#8217;26.2&#8243;O)<\/p>\t\t\t\t\t\t\t\t<\/div>\n\t\t\t\t<\/div>\n\t\t\t\t<div class=\"elementor-element elementor-element-35b750c elementor-widget elementor-widget-image\" data-id=\"35b750c\" data-element_type=\"widget\" data-e-type=\"widget\" data-widget_type=\"image.default\">\n\t\t\t\t<div class=\"elementor-widget-container\">\n\t\t\t\t\t\t\t\t\t\t\t\t<figure class=\"wp-caption\">\n\t\t\t\t\t\t\t\t\t\t<img loading=\"lazy\" decoding=\"async\" width=\"768\" height=\"512\" src=\"https:\/\/www.elturistatranquil.com\/wp-content\/uploads\/F138a-Rbadeo-Google-maps-2025-04-15.jpg\" class=\"attachment-large size-large wp-image-58095\" alt=\"Rbadeo (Google maps 2025-04-15)\" srcset=\"https:\/\/www.elturistatranquil.com\/wp-content\/uploads\/F138a-Rbadeo-Google-maps-2025-04-15.jpg 768w, https:\/\/www.elturistatranquil.com\/wp-content\/uploads\/F138a-Rbadeo-Google-maps-2025-04-15-339x226.jpg 339w\" sizes=\"(max-width: 768px) 100vw, 768px\" \/>\t\t\t\t\t\t\t\t\t\t\t<figcaption class=\"widget-image-caption wp-caption-text\">Ribadeo (Google maps 2025-04-15)<\/figcaption>\n\t\t\t\t\t\t\t\t\t\t<\/figure>\n\t\t\t\t\t\t\t\t\t<\/div>\n\t\t\t\t<\/div>\n\t\t\t\t<div class=\"elementor-element elementor-element-4d0cc98 elementor-widget elementor-widget-image\" data-id=\"4d0cc98\" data-element_type=\"widget\" data-e-type=\"widget\" data-widget_type=\"image.default\">\n\t\t\t\t<div class=\"elementor-widget-container\">\n\t\t\t\t\t\t\t\t\t\t\t\t<figure class=\"wp-caption\">\n\t\t\t\t\t\t\t\t\t\t<img loading=\"lazy\" decoding=\"async\" width=\"768\" height=\"511\" src=\"https:\/\/www.elturistatranquil.com\/wp-content\/uploads\/F138b-Ribadeo-Lugo.jpg\" class=\"attachment-large size-large wp-image-58097\" alt=\"Ribadeo, Lugo\" srcset=\"https:\/\/www.elturistatranquil.com\/wp-content\/uploads\/F138b-Ribadeo-Lugo.jpg 768w, https:\/\/www.elturistatranquil.com\/wp-content\/uploads\/F138b-Ribadeo-Lugo-339x226.jpg 339w\" sizes=\"(max-width: 768px) 100vw, 768px\" \/>\t\t\t\t\t\t\t\t\t\t\t<figcaption class=\"widget-image-caption wp-caption-text\"><\/figcaption>\n\t\t\t\t\t\t\t\t\t\t<\/figure>\n\t\t\t\t\t\t\t\t\t<\/div>\n\t\t\t\t<\/div>\n\t\t\t\t<div class=\"elementor-element elementor-element-c9becad elementor-widget elementor-widget-image\" data-id=\"c9becad\" data-element_type=\"widget\" data-e-type=\"widget\" data-widget_type=\"image.default\">\n\t\t\t\t<div class=\"elementor-widget-container\">\n\t\t\t\t\t\t\t\t\t\t\t\t<figure class=\"wp-caption\">\n\t\t\t\t\t\t\t\t\t\t<img loading=\"lazy\" decoding=\"async\" width=\"768\" height=\"511\" src=\"https:\/\/www.elturistatranquil.com\/wp-content\/uploads\/F139-Ribadeo-Lugo.jpg\" class=\"attachment-large size-large wp-image-58099\" alt=\"Ribadeo, Lugo\" srcset=\"https:\/\/www.elturistatranquil.com\/wp-content\/uploads\/F139-Ribadeo-Lugo.jpg 768w, https:\/\/www.elturistatranquil.com\/wp-content\/uploads\/F139-Ribadeo-Lugo-339x226.jpg 339w\" sizes=\"(max-width: 768px) 100vw, 768px\" \/>\t\t\t\t\t\t\t\t\t\t\t<figcaption class=\"widget-image-caption wp-caption-text\"><\/figcaption>\n\t\t\t\t\t\t\t\t\t\t<\/figure>\n\t\t\t\t\t\t\t\t\t<\/div>\n\t\t\t\t<\/div>\n\t\t\t\t<div class=\"elementor-element elementor-element-92b8ebc elementor-widget elementor-widget-image\" data-id=\"92b8ebc\" data-element_type=\"widget\" data-e-type=\"widget\" data-widget_type=\"image.default\">\n\t\t\t\t<div class=\"elementor-widget-container\">\n\t\t\t\t\t\t\t\t\t\t\t\t<figure class=\"wp-caption\">\n\t\t\t\t\t\t\t\t\t\t<img loading=\"lazy\" decoding=\"async\" width=\"768\" height=\"511\" src=\"https:\/\/www.elturistatranquil.com\/wp-content\/uploads\/F140-Ribadeo-Lugo.jpg\" class=\"attachment-large size-large wp-image-58101\" alt=\"Ribadeo, Lugo\" srcset=\"https:\/\/www.elturistatranquil.com\/wp-content\/uploads\/F140-Ribadeo-Lugo.jpg 768w, https:\/\/www.elturistatranquil.com\/wp-content\/uploads\/F140-Ribadeo-Lugo-339x226.jpg 339w\" sizes=\"(max-width: 768px) 100vw, 768px\" \/>\t\t\t\t\t\t\t\t\t\t\t<figcaption class=\"widget-image-caption wp-caption-text\"><\/figcaption>\n\t\t\t\t\t\t\t\t\t\t<\/figure>\n\t\t\t\t\t\t\t\t\t<\/div>\n\t\t\t\t<\/div>\n\t\t\t\t<div class=\"elementor-element elementor-element-f115711 elementor-widget elementor-widget-image\" data-id=\"f115711\" data-element_type=\"widget\" data-e-type=\"widget\" data-widget_type=\"image.default\">\n\t\t\t\t<div class=\"elementor-widget-container\">\n\t\t\t\t\t\t\t\t\t\t\t\t<figure class=\"wp-caption\">\n\t\t\t\t\t\t\t\t\t\t<img loading=\"lazy\" decoding=\"async\" width=\"768\" height=\"511\" src=\"https:\/\/www.elturistatranquil.com\/wp-content\/uploads\/F141-Ribadeo-Lugo.jpg\" class=\"attachment-large size-large wp-image-58103\" alt=\"Ribadeo, Lugo\" srcset=\"https:\/\/www.elturistatranquil.com\/wp-content\/uploads\/F141-Ribadeo-Lugo.jpg 768w, https:\/\/www.elturistatranquil.com\/wp-content\/uploads\/F141-Ribadeo-Lugo-339x226.jpg 339w\" sizes=\"(max-width: 768px) 100vw, 768px\" \/>\t\t\t\t\t\t\t\t\t\t\t<figcaption class=\"widget-image-caption wp-caption-text\"><\/figcaption>\n\t\t\t\t\t\t\t\t\t\t<\/figure>\n\t\t\t\t\t\t\t\t\t<\/div>\n\t\t\t\t<\/div>\n\t\t\t\t<div class=\"elementor-element elementor-element-70871a8 elementor-widget elementor-widget-image\" data-id=\"70871a8\" data-element_type=\"widget\" data-e-type=\"widget\" data-widget_type=\"image.default\">\n\t\t\t\t<div class=\"elementor-widget-container\">\n\t\t\t\t\t\t\t\t\t\t\t\t<figure class=\"wp-caption\">\n\t\t\t\t\t\t\t\t\t\t<img loading=\"lazy\" decoding=\"async\" width=\"768\" height=\"512\" src=\"https:\/\/www.elturistatranquil.com\/wp-content\/uploads\/F142-Ribadeo-Lugo.jpg\" class=\"attachment-large size-large wp-image-58105\" alt=\"Ribadeo, Lugo\" srcset=\"https:\/\/www.elturistatranquil.com\/wp-content\/uploads\/F142-Ribadeo-Lugo.jpg 768w, https:\/\/www.elturistatranquil.com\/wp-content\/uploads\/F142-Ribadeo-Lugo-339x226.jpg 339w\" sizes=\"(max-width: 768px) 100vw, 768px\" \/>\t\t\t\t\t\t\t\t\t\t\t<figcaption class=\"widget-image-caption wp-caption-text\"><\/figcaption>\n\t\t\t\t\t\t\t\t\t\t<\/figure>\n\t\t\t\t\t\t\t\t\t<\/div>\n\t\t\t\t<\/div>\n\t\t\t\t<div class=\"elementor-element elementor-element-99995f6 elementor-widget elementor-widget-image\" data-id=\"99995f6\" data-element_type=\"widget\" data-e-type=\"widget\" data-widget_type=\"image.default\">\n\t\t\t\t<div class=\"elementor-widget-container\">\n\t\t\t\t\t\t\t\t\t\t\t\t<figure class=\"wp-caption\">\n\t\t\t\t\t\t\t\t\t\t<img loading=\"lazy\" decoding=\"async\" width=\"768\" height=\"512\" src=\"https:\/\/www.elturistatranquil.com\/wp-content\/uploads\/F143-Ribadeo-Lugo.jpg\" class=\"attachment-large size-large wp-image-58107\" alt=\"Ribadeo, Lugo\" srcset=\"https:\/\/www.elturistatranquil.com\/wp-content\/uploads\/F143-Ribadeo-Lugo.jpg 768w, https:\/\/www.elturistatranquil.com\/wp-content\/uploads\/F143-Ribadeo-Lugo-339x226.jpg 339w\" sizes=\"(max-width: 768px) 100vw, 768px\" \/>\t\t\t\t\t\t\t\t\t\t\t<figcaption class=\"widget-image-caption wp-caption-text\"><\/figcaption>\n\t\t\t\t\t\t\t\t\t\t<\/figure>\n\t\t\t\t\t\t\t\t\t<\/div>\n\t\t\t\t<\/div>\n\t\t\t\t<div class=\"elementor-element elementor-element-4c9363e elementor-widget elementor-widget-image\" data-id=\"4c9363e\" data-element_type=\"widget\" data-e-type=\"widget\" data-widget_type=\"image.default\">\n\t\t\t\t<div class=\"elementor-widget-container\">\n\t\t\t\t\t\t\t\t\t\t\t\t<figure class=\"wp-caption\">\n\t\t\t\t\t\t\t\t\t\t<img loading=\"lazy\" decoding=\"async\" width=\"768\" height=\"511\" src=\"https:\/\/www.elturistatranquil.com\/wp-content\/uploads\/F145-Ribadeo-Lugo.jpg\" class=\"attachment-large size-large wp-image-58111\" alt=\"Ribadeo, Lugo\" srcset=\"https:\/\/www.elturistatranquil.com\/wp-content\/uploads\/F145-Ribadeo-Lugo.jpg 768w, https:\/\/www.elturistatranquil.com\/wp-content\/uploads\/F145-Ribadeo-Lugo-339x226.jpg 339w\" sizes=\"(max-width: 768px) 100vw, 768px\" \/>\t\t\t\t\t\t\t\t\t\t\t<figcaption class=\"widget-image-caption wp-caption-text\"><\/figcaption>\n\t\t\t\t\t\t\t\t\t\t<\/figure>\n\t\t\t\t\t\t\t\t\t<\/div>\n\t\t\t\t<\/div>\n\t\t\t\t<div class=\"elementor-element elementor-element-e896a13 elementor-widget elementor-widget-image\" data-id=\"e896a13\" data-element_type=\"widget\" data-e-type=\"widget\" data-widget_type=\"image.default\">\n\t\t\t\t<div class=\"elementor-widget-container\">\n\t\t\t\t\t\t\t\t\t\t\t\t<figure class=\"wp-caption\">\n\t\t\t\t\t\t\t\t\t\t<img loading=\"lazy\" decoding=\"async\" width=\"768\" height=\"511\" src=\"https:\/\/www.elturistatranquil.com\/wp-content\/uploads\/F144-Ribadeo-Lugo.jpg\" class=\"attachment-large size-large wp-image-58109\" alt=\"Ribadeo, Lugo\" srcset=\"https:\/\/www.elturistatranquil.com\/wp-content\/uploads\/F144-Ribadeo-Lugo.jpg 768w, https:\/\/www.elturistatranquil.com\/wp-content\/uploads\/F144-Ribadeo-Lugo-339x226.jpg 339w\" sizes=\"(max-width: 768px) 100vw, 768px\" \/>\t\t\t\t\t\t\t\t\t\t\t<figcaption class=\"widget-image-caption wp-caption-text\"><\/figcaption>\n\t\t\t\t\t\t\t\t\t\t<\/figure>\n\t\t\t\t\t\t\t\t\t<\/div>\n\t\t\t\t<\/div>\n\t\t\t\t<div class=\"elementor-element elementor-element-6a025e2 elementor-widget elementor-widget-image\" data-id=\"6a025e2\" data-element_type=\"widget\" data-e-type=\"widget\" data-widget_type=\"image.default\">\n\t\t\t\t<div class=\"elementor-widget-container\">\n\t\t\t\t\t\t\t\t\t\t\t\t<figure class=\"wp-caption\">\n\t\t\t\t\t\t\t\t\t\t<img loading=\"lazy\" decoding=\"async\" width=\"768\" height=\"511\" src=\"https:\/\/www.elturistatranquil.com\/wp-content\/uploads\/F146-Ribadeo-Lugo.jpg\" class=\"attachment-large size-large wp-image-58113\" alt=\"Ribadeo, Lugo\" srcset=\"https:\/\/www.elturistatranquil.com\/wp-content\/uploads\/F146-Ribadeo-Lugo.jpg 768w, https:\/\/www.elturistatranquil.com\/wp-content\/uploads\/F146-Ribadeo-Lugo-339x226.jpg 339w\" sizes=\"(max-width: 768px) 100vw, 768px\" \/>\t\t\t\t\t\t\t\t\t\t\t<figcaption class=\"widget-image-caption wp-caption-text\"><\/figcaption>\n\t\t\t\t\t\t\t\t\t\t<\/figure>\n\t\t\t\t\t\t\t\t\t<\/div>\n\t\t\t\t<\/div>\n\t\t\t\t<div class=\"elementor-element elementor-element-9b48044 elementor-widget elementor-widget-image\" data-id=\"9b48044\" data-element_type=\"widget\" data-e-type=\"widget\" data-widget_type=\"image.default\">\n\t\t\t\t<div class=\"elementor-widget-container\">\n\t\t\t\t\t\t\t\t\t\t\t\t<figure class=\"wp-caption\">\n\t\t\t\t\t\t\t\t\t\t<img loading=\"lazy\" decoding=\"async\" width=\"768\" height=\"511\" src=\"https:\/\/www.elturistatranquil.com\/wp-content\/uploads\/F147-Ribadeo-Lugo.jpg\" class=\"attachment-large size-large wp-image-58115\" alt=\"Ribadeo, Lugo\" srcset=\"https:\/\/www.elturistatranquil.com\/wp-content\/uploads\/F147-Ribadeo-Lugo.jpg 768w, https:\/\/www.elturistatranquil.com\/wp-content\/uploads\/F147-Ribadeo-Lugo-339x226.jpg 339w\" sizes=\"(max-width: 768px) 100vw, 768px\" \/>\t\t\t\t\t\t\t\t\t\t\t<figcaption class=\"widget-image-caption wp-caption-text\"><\/figcaption>\n\t\t\t\t\t\t\t\t\t\t<\/figure>\n\t\t\t\t\t\t\t\t\t<\/div>\n\t\t\t\t<\/div>\n\t\t\t\t<div class=\"elementor-element elementor-element-874d5e7 elementor-widget elementor-widget-image\" data-id=\"874d5e7\" data-element_type=\"widget\" data-e-type=\"widget\" data-widget_type=\"image.default\">\n\t\t\t\t<div class=\"elementor-widget-container\">\n\t\t\t\t\t\t\t\t\t\t\t\t<figure class=\"wp-caption\">\n\t\t\t\t\t\t\t\t\t\t<img loading=\"lazy\" decoding=\"async\" width=\"768\" height=\"511\" src=\"https:\/\/www.elturistatranquil.com\/wp-content\/uploads\/F148-Ribadeo-Lugo.jpg\" class=\"attachment-large size-large wp-image-58117\" alt=\"Ribadeo, Lugo\" srcset=\"https:\/\/www.elturistatranquil.com\/wp-content\/uploads\/F148-Ribadeo-Lugo.jpg 768w, https:\/\/www.elturistatranquil.com\/wp-content\/uploads\/F148-Ribadeo-Lugo-339x226.jpg 339w\" sizes=\"(max-width: 768px) 100vw, 768px\" \/>\t\t\t\t\t\t\t\t\t\t\t<figcaption class=\"widget-image-caption wp-caption-text\"><\/figcaption>\n\t\t\t\t\t\t\t\t\t\t<\/figure>\n\t\t\t\t\t\t\t\t\t<\/div>\n\t\t\t\t<\/div>\n\t\t\t\t<div class=\"elementor-element elementor-element-e787a83 elementor-widget elementor-widget-image\" data-id=\"e787a83\" data-element_type=\"widget\" data-e-type=\"widget\" data-widget_type=\"image.default\">\n\t\t\t\t<div class=\"elementor-widget-container\">\n\t\t\t\t\t\t\t\t\t\t\t\t<figure class=\"wp-caption\">\n\t\t\t\t\t\t\t\t\t\t<img loading=\"lazy\" decoding=\"async\" width=\"768\" height=\"511\" src=\"https:\/\/www.elturistatranquil.com\/wp-content\/uploads\/F149-Ribadeo-Lugo.jpg\" class=\"attachment-large size-large wp-image-58119\" alt=\"Ribadeo, Lugo\" srcset=\"https:\/\/www.elturistatranquil.com\/wp-content\/uploads\/F149-Ribadeo-Lugo.jpg 768w, https:\/\/www.elturistatranquil.com\/wp-content\/uploads\/F149-Ribadeo-Lugo-339x226.jpg 339w\" sizes=\"(max-width: 768px) 100vw, 768px\" \/>\t\t\t\t\t\t\t\t\t\t\t<figcaption class=\"widget-image-caption wp-caption-text\"><\/figcaption>\n\t\t\t\t\t\t\t\t\t\t<\/figure>\n\t\t\t\t\t\t\t\t\t<\/div>\n\t\t\t\t<\/div>\n\t\t\t\t\t<\/div>\n\t\t<\/div>\n\t\t\t\t\t<\/div>\n\t\t<\/section>\n\t\t\t\t<\/div>\n\t\t","protected":false},"excerpt":{"rendered":"<p>\u00c0LBUM DE FOTOS Durant dos dies ens passejarem pel litoral cant\u00e0bric occidental, entre Cabo Busto i San Cibrao (Ast\u00faries i Lugo), apreciant penya-segats, platges, ports pesquers, fars i altres assentaments &#8230; <a title=\"Costa cant\u00e0brica entre Cap Busto i San Cibrao (Ast\u00faries i Lugo)\" class=\"read-more\" href=\"https:\/\/www.elturistatranquil.com\/ca\/costa-cantabrica-entre-cap-busto-i-san-cibrao-asturies-i-lugo\/\" aria-label=\"M\u00e9s informaci\u00f3 sobre Costa cant\u00e0brica entre Cap Busto i San Cibrao (Ast\u00faries i Lugo)\">[ &#8230; ]<\/a><\/p>\n","protected":false},"author":1,"featured_media":58135,"comment_status":"open","ping_status":"closed","sticky":false,"template":"","format":"standard","meta":{"footnotes":""},"categories":[125,171,95,197,69,208,100,97,102,110],"tags":[],"class_list":["post-58139","post","type-post","status-publish","format-standard","has-post-thumbnail","hentry","category-asturias-ca","category-lugo-ca","category-paisatge","category-parc-natural","category-arqueologia-industrial-ca","category-patrimoni-mundial","category-pobles-i-ciutats-amb-interes","category-preroma","category-restaurant","category-vila","infinite-scroll-item","generate-columns","tablet-grid-50","mobile-grid-100","grid-parent","grid-50","no-featured-image-padding"],"yoast_head":"<!-- This site is optimized with the Yoast SEO plugin v27.4 - https:\/\/yoast.com\/product\/yoast-seo-wordpress\/ -->\n<title>Costa cant\u00e0brica entre Cap Busto i San Cibrao (Ast\u00faries i Lugo) - El turista tranquil<\/title>\n<meta name=\"description\" content=\"Durant dos dies ens passejarem pel litoral cant\u00e0bric occidental, entre Cabo Busto i San Cibrao (Ast\u00faries i Lugo), apreciant penya-segats, platges, ports pesquers, fars i altres assentaments humans, des de castrenys a actuals.\" \/>\n<meta name=\"robots\" content=\"index, follow, max-snippet:-1, max-image-preview:large, max-video-preview:-1\" \/>\n<link rel=\"canonical\" href=\"https:\/\/www.elturistatranquil.com\/ca\/costa-cantabrica-entre-cap-busto-i-san-cibrao-asturies-i-lugo\/\" \/>\n<meta property=\"og:locale\" content=\"ca_ES\" \/>\n<meta property=\"og:type\" content=\"article\" \/>\n<meta property=\"og:title\" content=\"Costa cant\u00e0brica entre Cap Busto i San Cibrao (Ast\u00faries i Lugo) - El turista tranquil\" \/>\n<meta property=\"og:description\" content=\"Durant dos dies ens passejarem pel litoral cant\u00e0bric occidental, entre Cabo Busto i San Cibrao (Ast\u00faries i Lugo), apreciant penya-segats, platges, ports pesquers, fars i altres assentaments humans, des de castrenys a actuals.\" \/>\n<meta property=\"og:url\" content=\"https:\/\/www.elturistatranquil.com\/ca\/costa-cantabrica-entre-cap-busto-i-san-cibrao-asturies-i-lugo\/\" \/>\n<meta property=\"og:site_name\" content=\"El turista tranquil\" \/>\n<meta property=\"article:publisher\" content=\"https:\/\/www.facebook.com\/elturistatranquilo\/\" \/>\n<meta property=\"article:published_time\" content=\"2025-04-19T11:34:50+00:00\" \/>\n<meta property=\"article:modified_time\" content=\"2025-07-19T08:26:22+00:00\" \/>\n<meta property=\"og:image\" content=\"https:\/\/www.elturistatranquil.com\/wp-content\/uploads\/F00-Praia-das-Catedrais-Lugo.jpg\" \/>\n\t<meta property=\"og:image:width\" content=\"768\" \/>\n\t<meta property=\"og:image:height\" content=\"512\" \/>\n\t<meta property=\"og:image:type\" content=\"image\/jpeg\" \/>\n<meta name=\"author\" content=\"admin\" \/>\n<meta name=\"twitter:card\" content=\"summary_large_image\" \/>\n<meta name=\"twitter:label1\" content=\"Escrit per\" \/>\n\t<meta name=\"twitter:data1\" content=\"admin\" \/>\n\t<meta name=\"twitter:label2\" content=\"Temps estimat de lectura\" \/>\n\t<meta name=\"twitter:data2\" content=\"36 minuts\" \/>\n<script type=\"application\/ld+json\" class=\"yoast-schema-graph\">{\"@context\":\"https:\\\/\\\/schema.org\",\"@graph\":[{\"@type\":\"Article\",\"@id\":\"https:\\\/\\\/www.elturistatranquil.com\\\/ca\\\/costa-cantabrica-entre-cap-busto-i-san-cibrao-asturies-i-lugo\\\/#article\",\"isPartOf\":{\"@id\":\"https:\\\/\\\/www.elturistatranquil.com\\\/ca\\\/costa-cantabrica-entre-cap-busto-i-san-cibrao-asturies-i-lugo\\\/\"},\"author\":{\"name\":\"admin\",\"@id\":\"https:\\\/\\\/www.elturistatranquil.com\\\/ca\\\/#\\\/schema\\\/person\\\/16f607c3079b96ed0c530a52e6b58bb5\"},\"headline\":\"Costa cant\u00e0brica entre Cap Busto i San Cibrao (Ast\u00faries i Lugo)\",\"datePublished\":\"2025-04-19T11:34:50+00:00\",\"dateModified\":\"2025-07-19T08:26:22+00:00\",\"mainEntityOfPage\":{\"@id\":\"https:\\\/\\\/www.elturistatranquil.com\\\/ca\\\/costa-cantabrica-entre-cap-busto-i-san-cibrao-asturies-i-lugo\\\/\"},\"wordCount\":1713,\"commentCount\":0,\"image\":{\"@id\":\"https:\\\/\\\/www.elturistatranquil.com\\\/ca\\\/costa-cantabrica-entre-cap-busto-i-san-cibrao-asturies-i-lugo\\\/#primaryimage\"},\"thumbnailUrl\":\"https:\\\/\\\/www.elturistatranquil.com\\\/wp-content\\\/uploads\\\/F00-Praia-das-Catedrais-Lugo.jpg\",\"articleSection\":[\"Ast\u00faries\",\"Lugo\",\"Paisatge\",\"Parc natural\",\"Patrimoni econ\u00f2mic\\\/productiu\",\"Patrimoni mundial\",\"Pobles i ciutats amb inter\u00e9s\",\"Prerom\u00e0\",\"Restaurant\",\"Vila\"],\"inLanguage\":\"ca\",\"potentialAction\":[{\"@type\":\"CommentAction\",\"name\":\"Comment\",\"target\":[\"https:\\\/\\\/www.elturistatranquil.com\\\/ca\\\/costa-cantabrica-entre-cap-busto-i-san-cibrao-asturies-i-lugo\\\/#respond\"]}]},{\"@type\":\"WebPage\",\"@id\":\"https:\\\/\\\/www.elturistatranquil.com\\\/ca\\\/costa-cantabrica-entre-cap-busto-i-san-cibrao-asturies-i-lugo\\\/\",\"url\":\"https:\\\/\\\/www.elturistatranquil.com\\\/ca\\\/costa-cantabrica-entre-cap-busto-i-san-cibrao-asturies-i-lugo\\\/\",\"name\":\"Costa cant\u00e0brica entre Cap Busto i San Cibrao (Ast\u00faries i Lugo) - El turista tranquil\",\"isPartOf\":{\"@id\":\"https:\\\/\\\/www.elturistatranquil.com\\\/ca\\\/#website\"},\"primaryImageOfPage\":{\"@id\":\"https:\\\/\\\/www.elturistatranquil.com\\\/ca\\\/costa-cantabrica-entre-cap-busto-i-san-cibrao-asturies-i-lugo\\\/#primaryimage\"},\"image\":{\"@id\":\"https:\\\/\\\/www.elturistatranquil.com\\\/ca\\\/costa-cantabrica-entre-cap-busto-i-san-cibrao-asturies-i-lugo\\\/#primaryimage\"},\"thumbnailUrl\":\"https:\\\/\\\/www.elturistatranquil.com\\\/wp-content\\\/uploads\\\/F00-Praia-das-Catedrais-Lugo.jpg\",\"datePublished\":\"2025-04-19T11:34:50+00:00\",\"dateModified\":\"2025-07-19T08:26:22+00:00\",\"author\":{\"@id\":\"https:\\\/\\\/www.elturistatranquil.com\\\/ca\\\/#\\\/schema\\\/person\\\/16f607c3079b96ed0c530a52e6b58bb5\"},\"description\":\"Durant dos dies ens passejarem pel litoral cant\u00e0bric occidental, entre Cabo Busto i San Cibrao (Ast\u00faries i Lugo), apreciant penya-segats, platges, ports pesquers, fars i altres assentaments humans, des de castrenys a actuals.\",\"breadcrumb\":{\"@id\":\"https:\\\/\\\/www.elturistatranquil.com\\\/ca\\\/costa-cantabrica-entre-cap-busto-i-san-cibrao-asturies-i-lugo\\\/#breadcrumb\"},\"inLanguage\":\"ca\",\"potentialAction\":[{\"@type\":\"ReadAction\",\"target\":[\"https:\\\/\\\/www.elturistatranquil.com\\\/ca\\\/costa-cantabrica-entre-cap-busto-i-san-cibrao-asturies-i-lugo\\\/\"]}]},{\"@type\":\"ImageObject\",\"inLanguage\":\"ca\",\"@id\":\"https:\\\/\\\/www.elturistatranquil.com\\\/ca\\\/costa-cantabrica-entre-cap-busto-i-san-cibrao-asturies-i-lugo\\\/#primaryimage\",\"url\":\"https:\\\/\\\/www.elturistatranquil.com\\\/wp-content\\\/uploads\\\/F00-Praia-das-Catedrais-Lugo.jpg\",\"contentUrl\":\"https:\\\/\\\/www.elturistatranquil.com\\\/wp-content\\\/uploads\\\/F00-Praia-das-Catedrais-Lugo.jpg\",\"width\":768,\"height\":512,\"caption\":\"Praia das Catedrais, Lugo\"},{\"@type\":\"BreadcrumbList\",\"@id\":\"https:\\\/\\\/www.elturistatranquil.com\\\/ca\\\/costa-cantabrica-entre-cap-busto-i-san-cibrao-asturies-i-lugo\\\/#breadcrumb\",\"itemListElement\":[{\"@type\":\"ListItem\",\"position\":1,\"name\":\"Portada\",\"item\":\"https:\\\/\\\/www.elturistatranquil.com\\\/ca\\\/\"},{\"@type\":\"ListItem\",\"position\":2,\"name\":\"Costa cant\u00e0brica entre Cap Busto i San Cibrao (Ast\u00faries i Lugo)\"}]},{\"@type\":\"WebSite\",\"@id\":\"https:\\\/\\\/www.elturistatranquil.com\\\/ca\\\/#website\",\"url\":\"https:\\\/\\\/www.elturistatranquil.com\\\/ca\\\/\",\"name\":\"El turista tranquil\",\"description\":\"Blog de viatges\",\"potentialAction\":[{\"@type\":\"SearchAction\",\"target\":{\"@type\":\"EntryPoint\",\"urlTemplate\":\"https:\\\/\\\/www.elturistatranquil.com\\\/ca\\\/?s={search_term_string}\"},\"query-input\":{\"@type\":\"PropertyValueSpecification\",\"valueRequired\":true,\"valueName\":\"search_term_string\"}}],\"inLanguage\":\"ca\"},{\"@type\":\"Person\",\"@id\":\"https:\\\/\\\/www.elturistatranquil.com\\\/ca\\\/#\\\/schema\\\/person\\\/16f607c3079b96ed0c530a52e6b58bb5\",\"name\":\"admin\",\"image\":{\"@type\":\"ImageObject\",\"inLanguage\":\"ca\",\"@id\":\"https:\\\/\\\/secure.gravatar.com\\\/avatar\\\/1fbaf22aee75fcbb29a2f97b107f95d25d3a19b7c3416105be10269872673e8d?s=96&d=mm&r=g\",\"url\":\"https:\\\/\\\/secure.gravatar.com\\\/avatar\\\/1fbaf22aee75fcbb29a2f97b107f95d25d3a19b7c3416105be10269872673e8d?s=96&d=mm&r=g\",\"contentUrl\":\"https:\\\/\\\/secure.gravatar.com\\\/avatar\\\/1fbaf22aee75fcbb29a2f97b107f95d25d3a19b7c3416105be10269872673e8d?s=96&d=mm&r=g\",\"caption\":\"admin\"}}]}<\/script>\n<!-- \/ Yoast SEO plugin. -->","yoast_head_json":{"title":"Costa cant\u00e0brica entre Cap Busto i San Cibrao (Ast\u00faries i Lugo) - El turista tranquil","description":"Durant dos dies ens passejarem pel litoral cant\u00e0bric occidental, entre Cabo Busto i San Cibrao (Ast\u00faries i Lugo), apreciant penya-segats, platges, ports pesquers, fars i altres assentaments humans, des de castrenys a actuals.","robots":{"index":"index","follow":"follow","max-snippet":"max-snippet:-1","max-image-preview":"max-image-preview:large","max-video-preview":"max-video-preview:-1"},"canonical":"https:\/\/www.elturistatranquil.com\/ca\/costa-cantabrica-entre-cap-busto-i-san-cibrao-asturies-i-lugo\/","og_locale":"ca_ES","og_type":"article","og_title":"Costa cant\u00e0brica entre Cap Busto i San Cibrao (Ast\u00faries i Lugo) - El turista tranquil","og_description":"Durant dos dies ens passejarem pel litoral cant\u00e0bric occidental, entre Cabo Busto i San Cibrao (Ast\u00faries i Lugo), apreciant penya-segats, platges, ports pesquers, fars i altres assentaments humans, des de castrenys a actuals.","og_url":"https:\/\/www.elturistatranquil.com\/ca\/costa-cantabrica-entre-cap-busto-i-san-cibrao-asturies-i-lugo\/","og_site_name":"El turista tranquil","article_publisher":"https:\/\/www.facebook.com\/elturistatranquilo\/","article_published_time":"2025-04-19T11:34:50+00:00","article_modified_time":"2025-07-19T08:26:22+00:00","og_image":[{"width":768,"height":512,"url":"https:\/\/www.elturistatranquil.com\/wp-content\/uploads\/F00-Praia-das-Catedrais-Lugo.jpg","type":"image\/jpeg"}],"author":"admin","twitter_card":"summary_large_image","twitter_misc":{"Escrit per":"admin","Temps estimat de lectura":"36 minuts"},"schema":{"@context":"https:\/\/schema.org","@graph":[{"@type":"Article","@id":"https:\/\/www.elturistatranquil.com\/ca\/costa-cantabrica-entre-cap-busto-i-san-cibrao-asturies-i-lugo\/#article","isPartOf":{"@id":"https:\/\/www.elturistatranquil.com\/ca\/costa-cantabrica-entre-cap-busto-i-san-cibrao-asturies-i-lugo\/"},"author":{"name":"admin","@id":"https:\/\/www.elturistatranquil.com\/ca\/#\/schema\/person\/16f607c3079b96ed0c530a52e6b58bb5"},"headline":"Costa cant\u00e0brica entre Cap Busto i San Cibrao (Ast\u00faries i Lugo)","datePublished":"2025-04-19T11:34:50+00:00","dateModified":"2025-07-19T08:26:22+00:00","mainEntityOfPage":{"@id":"https:\/\/www.elturistatranquil.com\/ca\/costa-cantabrica-entre-cap-busto-i-san-cibrao-asturies-i-lugo\/"},"wordCount":1713,"commentCount":0,"image":{"@id":"https:\/\/www.elturistatranquil.com\/ca\/costa-cantabrica-entre-cap-busto-i-san-cibrao-asturies-i-lugo\/#primaryimage"},"thumbnailUrl":"https:\/\/www.elturistatranquil.com\/wp-content\/uploads\/F00-Praia-das-Catedrais-Lugo.jpg","articleSection":["Ast\u00faries","Lugo","Paisatge","Parc natural","Patrimoni econ\u00f2mic\/productiu","Patrimoni mundial","Pobles i ciutats amb inter\u00e9s","Prerom\u00e0","Restaurant","Vila"],"inLanguage":"ca","potentialAction":[{"@type":"CommentAction","name":"Comment","target":["https:\/\/www.elturistatranquil.com\/ca\/costa-cantabrica-entre-cap-busto-i-san-cibrao-asturies-i-lugo\/#respond"]}]},{"@type":"WebPage","@id":"https:\/\/www.elturistatranquil.com\/ca\/costa-cantabrica-entre-cap-busto-i-san-cibrao-asturies-i-lugo\/","url":"https:\/\/www.elturistatranquil.com\/ca\/costa-cantabrica-entre-cap-busto-i-san-cibrao-asturies-i-lugo\/","name":"Costa cant\u00e0brica entre Cap Busto i San Cibrao (Ast\u00faries i Lugo) - El turista tranquil","isPartOf":{"@id":"https:\/\/www.elturistatranquil.com\/ca\/#website"},"primaryImageOfPage":{"@id":"https:\/\/www.elturistatranquil.com\/ca\/costa-cantabrica-entre-cap-busto-i-san-cibrao-asturies-i-lugo\/#primaryimage"},"image":{"@id":"https:\/\/www.elturistatranquil.com\/ca\/costa-cantabrica-entre-cap-busto-i-san-cibrao-asturies-i-lugo\/#primaryimage"},"thumbnailUrl":"https:\/\/www.elturistatranquil.com\/wp-content\/uploads\/F00-Praia-das-Catedrais-Lugo.jpg","datePublished":"2025-04-19T11:34:50+00:00","dateModified":"2025-07-19T08:26:22+00:00","author":{"@id":"https:\/\/www.elturistatranquil.com\/ca\/#\/schema\/person\/16f607c3079b96ed0c530a52e6b58bb5"},"description":"Durant dos dies ens passejarem pel litoral cant\u00e0bric occidental, entre Cabo Busto i San Cibrao (Ast\u00faries i Lugo), apreciant penya-segats, platges, ports pesquers, fars i altres assentaments humans, des de castrenys a actuals.","breadcrumb":{"@id":"https:\/\/www.elturistatranquil.com\/ca\/costa-cantabrica-entre-cap-busto-i-san-cibrao-asturies-i-lugo\/#breadcrumb"},"inLanguage":"ca","potentialAction":[{"@type":"ReadAction","target":["https:\/\/www.elturistatranquil.com\/ca\/costa-cantabrica-entre-cap-busto-i-san-cibrao-asturies-i-lugo\/"]}]},{"@type":"ImageObject","inLanguage":"ca","@id":"https:\/\/www.elturistatranquil.com\/ca\/costa-cantabrica-entre-cap-busto-i-san-cibrao-asturies-i-lugo\/#primaryimage","url":"https:\/\/www.elturistatranquil.com\/wp-content\/uploads\/F00-Praia-das-Catedrais-Lugo.jpg","contentUrl":"https:\/\/www.elturistatranquil.com\/wp-content\/uploads\/F00-Praia-das-Catedrais-Lugo.jpg","width":768,"height":512,"caption":"Praia das Catedrais, Lugo"},{"@type":"BreadcrumbList","@id":"https:\/\/www.elturistatranquil.com\/ca\/costa-cantabrica-entre-cap-busto-i-san-cibrao-asturies-i-lugo\/#breadcrumb","itemListElement":[{"@type":"ListItem","position":1,"name":"Portada","item":"https:\/\/www.elturistatranquil.com\/ca\/"},{"@type":"ListItem","position":2,"name":"Costa cant\u00e0brica entre Cap Busto i San Cibrao (Ast\u00faries i Lugo)"}]},{"@type":"WebSite","@id":"https:\/\/www.elturistatranquil.com\/ca\/#website","url":"https:\/\/www.elturistatranquil.com\/ca\/","name":"El turista tranquil","description":"Blog de viatges","potentialAction":[{"@type":"SearchAction","target":{"@type":"EntryPoint","urlTemplate":"https:\/\/www.elturistatranquil.com\/ca\/?s={search_term_string}"},"query-input":{"@type":"PropertyValueSpecification","valueRequired":true,"valueName":"search_term_string"}}],"inLanguage":"ca"},{"@type":"Person","@id":"https:\/\/www.elturistatranquil.com\/ca\/#\/schema\/person\/16f607c3079b96ed0c530a52e6b58bb5","name":"admin","image":{"@type":"ImageObject","inLanguage":"ca","@id":"https:\/\/secure.gravatar.com\/avatar\/1fbaf22aee75fcbb29a2f97b107f95d25d3a19b7c3416105be10269872673e8d?s=96&d=mm&r=g","url":"https:\/\/secure.gravatar.com\/avatar\/1fbaf22aee75fcbb29a2f97b107f95d25d3a19b7c3416105be10269872673e8d?s=96&d=mm&r=g","contentUrl":"https:\/\/secure.gravatar.com\/avatar\/1fbaf22aee75fcbb29a2f97b107f95d25d3a19b7c3416105be10269872673e8d?s=96&d=mm&r=g","caption":"admin"}}]}},"_links":{"self":[{"href":"https:\/\/www.elturistatranquil.com\/ca\/wp-json\/wp\/v2\/posts\/58139","targetHints":{"allow":["GET"]}}],"collection":[{"href":"https:\/\/www.elturistatranquil.com\/ca\/wp-json\/wp\/v2\/posts"}],"about":[{"href":"https:\/\/www.elturistatranquil.com\/ca\/wp-json\/wp\/v2\/types\/post"}],"author":[{"embeddable":true,"href":"https:\/\/www.elturistatranquil.com\/ca\/wp-json\/wp\/v2\/users\/1"}],"replies":[{"embeddable":true,"href":"https:\/\/www.elturistatranquil.com\/ca\/wp-json\/wp\/v2\/comments?post=58139"}],"version-history":[{"count":8,"href":"https:\/\/www.elturistatranquil.com\/ca\/wp-json\/wp\/v2\/posts\/58139\/revisions"}],"predecessor-version":[{"id":60212,"href":"https:\/\/www.elturistatranquil.com\/ca\/wp-json\/wp\/v2\/posts\/58139\/revisions\/60212"}],"wp:featuredmedia":[{"embeddable":true,"href":"https:\/\/www.elturistatranquil.com\/ca\/wp-json\/wp\/v2\/media\/58135"}],"wp:attachment":[{"href":"https:\/\/www.elturistatranquil.com\/ca\/wp-json\/wp\/v2\/media?parent=58139"}],"wp:term":[{"taxonomy":"category","embeddable":true,"href":"https:\/\/www.elturistatranquil.com\/ca\/wp-json\/wp\/v2\/categories?post=58139"},{"taxonomy":"post_tag","embeddable":true,"href":"https:\/\/www.elturistatranquil.com\/ca\/wp-json\/wp\/v2\/tags?post=58139"}],"curies":[{"name":"wp","href":"https:\/\/api.w.org\/{rel}","templated":true}]}}