{"id":58221,"date":"2025-05-03T10:20:45","date_gmt":"2025-05-03T08:20:45","guid":{"rendered":"https:\/\/www.elturistatranquil.com\/?p=58221"},"modified":"2025-09-29T12:48:54","modified_gmt":"2025-09-29T10:48:54","slug":"hotel-eth-rioja-haro-la-rioja","status":"publish","type":"post","link":"https:\/\/www.elturistatranquil.com\/ca\/hotel-eth-rioja-haro-la-rioja\/","title":{"rendered":"Hotel ETH Rioja, Haro (La Rioja)"},"content":{"rendered":"\t\t<div data-elementor-type=\"wp-post\" data-elementor-id=\"58221\" class=\"elementor elementor-58221 elementor-58147\" data-elementor-post-type=\"post\">\n\t\t\t\t\t\t<section class=\"elementor-section elementor-top-section elementor-element elementor-element-47983a9 elementor-section-boxed elementor-section-height-default elementor-section-height-default\" data-id=\"47983a9\" data-element_type=\"section\" data-e-type=\"section\">\n\t\t\t\t\t\t<div class=\"elementor-container elementor-column-gap-default\">\n\t\t\t\t\t<div class=\"elementor-column elementor-col-100 elementor-top-column elementor-element elementor-element-32e6cdd1\" data-id=\"32e6cdd1\" data-element_type=\"column\" data-e-type=\"column\">\n\t\t\t<div class=\"elementor-widget-wrap elementor-element-populated\">\n\t\t\t\t\t\t<section class=\"elementor-section elementor-inner-section elementor-element elementor-element-1ab0561a elementor-section-content-middle elementor-section-boxed elementor-section-height-default elementor-section-height-default\" data-id=\"1ab0561a\" data-element_type=\"section\" data-e-type=\"section\">\n\t\t\t\t\t\t<div class=\"elementor-container elementor-column-gap-default\">\n\t\t\t\t\t<div class=\"elementor-column elementor-col-100 elementor-inner-column elementor-element elementor-element-7901dc30\" data-id=\"7901dc30\" data-element_type=\"column\" data-e-type=\"column\">\n\t\t\t<div class=\"elementor-widget-wrap elementor-element-populated\">\n\t\t\t\t\t\t<div class=\"elementor-element elementor-element-a776ffd elementor-widget elementor-widget-text-editor\" data-id=\"a776ffd\" data-element_type=\"widget\" data-e-type=\"widget\" data-widget_type=\"text-editor.default\">\n\t\t\t\t<div class=\"elementor-widget-container\">\n\t\t\t\t\t\t\t\t\t<p><strong>Hotel ETH Rioja <\/strong>a Haro (La Rioja). Una bona experi\u00e8ncia en un hotel d&#8217;extraradi urb\u00e0 per a sortides on l&#8217;allotjament sigui nom\u00e9s lloc de descans.<\/p>\t\t\t\t\t\t\t\t<\/div>\n\t\t\t\t<\/div>\n\t\t\t\t\t<\/div>\n\t\t<\/div>\n\t\t\t\t\t<\/div>\n\t\t<\/section>\n\t\t\t\t<div class=\"elementor-element elementor-element-48e578d elementor-widget elementor-widget-heading\" data-id=\"48e578d\" data-element_type=\"widget\" data-e-type=\"widget\" data-widget_type=\"heading.default\">\n\t\t\t\t<div class=\"elementor-widget-container\">\n\t\t\t\t\t<h1 class=\"elementor-heading-title elementor-size-default\">Hotel ETH Rioja, Haro (La Rioja)<\/h1>\t\t\t\t<\/div>\n\t\t\t\t<\/div>\n\t\t\t\t\t<\/div>\n\t\t<\/div>\n\t\t\t\t\t<\/div>\n\t\t<\/section>\n\t\t\t\t<section class=\"elementor-section elementor-top-section elementor-element elementor-element-1bebe146 elementor-section-boxed elementor-section-height-default elementor-section-height-default\" data-id=\"1bebe146\" data-element_type=\"section\" data-e-type=\"section\">\n\t\t\t\t\t\t<div class=\"elementor-container elementor-column-gap-default\">\n\t\t\t\t\t<div class=\"elementor-column elementor-col-100 elementor-top-column elementor-element elementor-element-2609d7ed\" data-id=\"2609d7ed\" data-element_type=\"column\" data-e-type=\"column\">\n\t\t\t<div class=\"elementor-widget-wrap elementor-element-populated\">\n\t\t\t\t\t\t<div class=\"elementor-element elementor-element-4edbed2f elementor-widget elementor-widget-image\" data-id=\"4edbed2f\" data-element_type=\"widget\" data-e-type=\"widget\" data-widget_type=\"image.default\">\n\t\t\t\t<div class=\"elementor-widget-container\">\n\t\t\t\t\t\t\t\t\t\t\t\t<figure class=\"wp-caption\">\n\t\t\t\t\t\t\t\t\t\t<img fetchpriority=\"high\" decoding=\"async\" width=\"768\" height=\"512\" src=\"https:\/\/www.elturistatranquil.com\/wp-content\/uploads\/F01-Hotel-ETH-Rioja-Haro-La-Rioja.jpg\" class=\"attachment-large size-large wp-image-58149\" alt=\"Hotel ETH Rioja, Haro, La Rioja\" srcset=\"https:\/\/www.elturistatranquil.com\/wp-content\/uploads\/F01-Hotel-ETH-Rioja-Haro-La-Rioja.jpg 768w, https:\/\/www.elturistatranquil.com\/wp-content\/uploads\/F01-Hotel-ETH-Rioja-Haro-La-Rioja-339x226.jpg 339w\" sizes=\"(max-width: 768px) 100vw, 768px\" \/>\t\t\t\t\t\t\t\t\t\t\t<figcaption class=\"widget-image-caption wp-caption-text\"><\/figcaption>\n\t\t\t\t\t\t\t\t\t\t<\/figure>\n\t\t\t\t\t\t\t\t\t<\/div>\n\t\t\t\t<\/div>\n\t\t\t\t<section class=\"elementor-section elementor-inner-section elementor-element elementor-element-2d09adef elementor-section-boxed elementor-section-height-default elementor-section-height-default\" data-id=\"2d09adef\" data-element_type=\"section\" data-e-type=\"section\" data-settings=\"{&quot;background_background&quot;:&quot;classic&quot;}\">\n\t\t\t\t\t\t\t<div class=\"elementor-background-overlay\"><\/div>\n\t\t\t\t\t\t\t<div class=\"elementor-container elementor-column-gap-default\">\n\t\t\t\t\t<div class=\"elementor-column elementor-col-100 elementor-inner-column elementor-element elementor-element-4381e888\" data-id=\"4381e888\" data-element_type=\"column\" data-e-type=\"column\" data-settings=\"{&quot;background_background&quot;:&quot;classic&quot;}\">\n\t\t\t<div class=\"elementor-widget-wrap elementor-element-populated\">\n\t\t\t\t\t\t<div class=\"elementor-element elementor-element-cb6d7ce elementor-widget elementor-widget-text-editor\" data-id=\"cb6d7ce\" data-element_type=\"widget\" data-e-type=\"widget\" data-widget_type=\"text-editor.default\">\n\t\t\t\t<div class=\"elementor-widget-container\">\n\t\t\t\t\t\t\t\t\t<p>Direcci\u00f3: Los Nogales, 1 (Pol\u00edgon Industrial Fuente Ciega, Haro).\u00a0 Comarca: Haro. Prov\u00edncia: La Rioja. Com. Aut\u00f2noma: La Rioja<br \/>Coordenades: 42\u00b033&#8217;50.7&#8243;N 2\u00b050&#8217;15.6&#8243;W. Altitud: 460 msnm. Poblaci\u00f3: 11.979 habitants (2024)<br \/>Web: <a href=\"https:\/\/www.hotelethrioja.com\/?_gl=1*1qrunm9*_up*MQ..*_gs*MQ..&amp;gclid=CjwKCAjwn6LABhBSEiwAsNJrjiptwDO8xF1ESO_P-Ze0YzrrLOCXju9mrxzy8QJGDetVYH-jEBSnZBoCUoMQAvD_BwE&amp;gbraid=0AAAAADtzc6uwuUqTy2OrWPd_KJYXPHMij\" target=\"_blank\" rel=\"noopener\">hotelethrioja<\/a><br \/>Tfn.: 941303355<br \/>ce: <a href=\"mailto:rioja@eth-hotels.com%0d\" target=\"_blank\" rel=\"noopener\">rioja@eth-hotels.com<\/a><strong><a href=\"mailto:rioja@eth-hotels.com%0d\"><br \/><\/a><\/strong>\u00a0Aparcament amb punt de rec\u00e0rrega per a cotxe el\u00e8ctric<br \/>A 2,1 km del centre<br \/>Estada: 2025<\/p>\t\t\t\t\t\t\t\t<\/div>\n\t\t\t\t<\/div>\n\t\t\t\t\t<\/div>\n\t\t<\/div>\n\t\t\t\t\t<\/div>\n\t\t<\/section>\n\t\t\t\t<div class=\"elementor-element elementor-element-6938fdfe elementor-widget elementor-widget-spacer\" data-id=\"6938fdfe\" data-element_type=\"widget\" data-e-type=\"widget\" data-widget_type=\"spacer.default\">\n\t\t\t\t<div class=\"elementor-widget-container\">\n\t\t\t\t\t\t\t<div class=\"elementor-spacer\">\n\t\t\t<div class=\"elementor-spacer-inner\"><\/div>\n\t\t<\/div>\n\t\t\t\t\t\t<\/div>\n\t\t\t\t<\/div>\n\t\t\t\t<div class=\"elementor-element elementor-element-3e2c033 elementor-widget elementor-widget-image\" data-id=\"3e2c033\" data-element_type=\"widget\" data-e-type=\"widget\" data-widget_type=\"image.default\">\n\t\t\t\t<div class=\"elementor-widget-container\">\n\t\t\t\t\t\t\t\t\t\t\t\t<figure class=\"wp-caption\">\n\t\t\t\t\t\t\t\t\t\t<img decoding=\"async\" width=\"768\" height=\"512\" src=\"https:\/\/www.elturistatranquil.com\/wp-content\/uploads\/F02e-Mapa-de-situacion-ETH-Rioja-Haro-Google-maps-2025-04-23.jpg\" class=\"attachment-medium_large size-medium_large wp-image-58155\" alt=\"Mapa de situacion ETH Rioja, Haro (Google maps 2025-04-23)\" srcset=\"https:\/\/www.elturistatranquil.com\/wp-content\/uploads\/F02e-Mapa-de-situacion-ETH-Rioja-Haro-Google-maps-2025-04-23.jpg 768w, https:\/\/www.elturistatranquil.com\/wp-content\/uploads\/F02e-Mapa-de-situacion-ETH-Rioja-Haro-Google-maps-2025-04-23-339x226.jpg 339w\" sizes=\"(max-width: 768px) 100vw, 768px\" \/>\t\t\t\t\t\t\t\t\t\t\t<figcaption class=\"widget-image-caption wp-caption-text\">Mapa de situaci\u00f3 ETH Rioja, Haro (Google maps 2025-04-23)<\/figcaption>\n\t\t\t\t\t\t\t\t\t\t<\/figure>\n\t\t\t\t\t\t\t\t\t<\/div>\n\t\t\t\t<\/div>\n\t\t\t\t<div class=\"elementor-element elementor-element-78ea73bd elementor-toc--minimized-on-tablet elementor-widget elementor-widget-table-of-contents\" data-id=\"78ea73bd\" data-element_type=\"widget\" data-e-type=\"widget\" data-settings=\"{&quot;headings_by_tags&quot;:[&quot;h2&quot;,&quot;h3&quot;,&quot;h4&quot;],&quot;marker_view&quot;:&quot;bullets&quot;,&quot;icon&quot;:{&quot;value&quot;:&quot;&quot;,&quot;library&quot;:&quot;&quot;},&quot;no_headings_message&quot;:&quot;No se ha encontrado ning\\u00fan encabezado en esta p\\u00e1gina.&quot;,&quot;minimize_box&quot;:&quot;yes&quot;,&quot;minimized_on&quot;:&quot;tablet&quot;,&quot;hierarchical_view&quot;:&quot;yes&quot;,&quot;min_height&quot;:{&quot;unit&quot;:&quot;px&quot;,&quot;size&quot;:&quot;&quot;,&quot;sizes&quot;:[]},&quot;min_height_tablet&quot;:{&quot;unit&quot;:&quot;px&quot;,&quot;size&quot;:&quot;&quot;,&quot;sizes&quot;:[]},&quot;min_height_mobile&quot;:{&quot;unit&quot;:&quot;px&quot;,&quot;size&quot;:&quot;&quot;,&quot;sizes&quot;:[]}}\" data-widget_type=\"table-of-contents.default\">\n\t\t\t\t<div class=\"elementor-widget-container\">\n\t\t\t\t\t\t\t\t\t<div class=\"elementor-toc__header\">\n\t\t\t\t\t\t<h4 class=\"elementor-toc__header-title\">\n\t\t\t\t\u00cdndex\t\t\t<\/h4>\n\t\t\t\t\t\t\t\t\t\t<div class=\"elementor-toc__toggle-button elementor-toc__toggle-button--expand\" role=\"button\" tabindex=\"0\" aria-controls=\"elementor-toc__78ea73bd\" aria-expanded=\"true\" aria-label=\"Open table of contents\"><i aria-hidden=\"true\" class=\"fas fa-chevron-down\"><\/i><\/div>\n\t\t\t\t<div class=\"elementor-toc__toggle-button elementor-toc__toggle-button--collapse\" role=\"button\" tabindex=\"0\" aria-controls=\"elementor-toc__78ea73bd\" aria-expanded=\"true\" aria-label=\"Close table of contents\"><i aria-hidden=\"true\" class=\"fas fa-chevron-up\"><\/i><\/div>\n\t\t\t\t\t<\/div>\n\t\t\t\t<div id=\"elementor-toc__78ea73bd\" class=\"elementor-toc__body\">\n\t\t\t<div class=\"elementor-toc__spinner-container\">\n\t\t\t\t<i class=\"elementor-toc__spinner eicon-animation-spin eicon-loading\" aria-hidden=\"true\"><\/i>\t\t\t<\/div>\n\t\t<\/div>\n\t\t\t\t\t\t<\/div>\n\t\t\t\t<\/div>\n\t\t\t\t<div class=\"elementor-element elementor-element-323c2727 elementor-widget elementor-widget-menu-anchor\" data-id=\"323c2727\" data-element_type=\"widget\" data-e-type=\"widget\" data-widget_type=\"menu-anchor.default\">\n\t\t\t\t<div class=\"elementor-widget-container\">\n\t\t\t\t\t\t\t<div class=\"elementor-menu-anchor\" id=\"a0101-EnlaceaunpuntodentrodelPost\"><\/div>\n\t\t\t\t\t\t<\/div>\n\t\t\t\t<\/div>\n\t\t\t\t<div class=\"elementor-element elementor-element-3d0b3d7c elementor-widget elementor-widget-spacer\" data-id=\"3d0b3d7c\" data-element_type=\"widget\" data-e-type=\"widget\" data-widget_type=\"spacer.default\">\n\t\t\t\t<div class=\"elementor-widget-container\">\n\t\t\t\t\t\t\t<div class=\"elementor-spacer\">\n\t\t\t<div class=\"elementor-spacer-inner\"><\/div>\n\t\t<\/div>\n\t\t\t\t\t\t<\/div>\n\t\t\t\t<\/div>\n\t\t\t\t<div class=\"elementor-element elementor-element-a602693 elementor-widget elementor-widget-heading\" data-id=\"a602693\" data-element_type=\"widget\" data-e-type=\"widget\" data-widget_type=\"heading.default\">\n\t\t\t\t<div class=\"elementor-widget-container\">\n\t\t\t\t\t<h2 class=\"elementor-heading-title elementor-size-default\">Hotel ETH Rioja, Haro. La Rioja<\/h2>\t\t\t\t<\/div>\n\t\t\t\t<\/div>\n\t\t\t\t<div class=\"elementor-element elementor-element-37484e5f elementor-widget elementor-widget-text-editor\" data-id=\"37484e5f\" data-element_type=\"widget\" data-e-type=\"widget\" data-widget_type=\"text-editor.default\">\n\t\t\t\t<div class=\"elementor-widget-container\">\n\t\t\t\t\t\t\t\t\t<p>Per passar uns dies a la zona de la Rioja ens allotjarem a la localitat d&#8217;<strong>Haro<\/strong>, la <em>capital del Rioja<\/em>, segons els agrada anomenar-se.<\/p><p>En aquesta ocasi\u00f3, els nostres interessos se centraven en el vi i la gastronomia, incl\u00f2s el <em>tapeo<\/em> tan t\u00edpic de la zona.<\/p>\t\t\t\t\t\t\t\t<\/div>\n\t\t\t\t<\/div>\n\t\t\t\t<div class=\"elementor-element elementor-element-379fcf91 elementor-widget elementor-widget-heading\" data-id=\"379fcf91\" data-element_type=\"widget\" data-e-type=\"widget\" data-widget_type=\"heading.default\">\n\t\t\t\t<div class=\"elementor-widget-container\">\n\t\t\t\t\t<h2 class=\"elementor-heading-title elementor-size-default\">Elecci\u00f3 de l'allotjament<\/h2>\t\t\t\t<\/div>\n\t\t\t\t<\/div>\n\t\t\t\t<div class=\"elementor-element elementor-element-b947315 elementor-widget elementor-widget-text-editor\" data-id=\"b947315\" data-element_type=\"widget\" data-e-type=\"widget\" data-widget_type=\"text-editor.default\">\n\t\t\t\t<div class=\"elementor-widget-container\">\n\t\t\t\t\t\t\t\t\t<p>En moments de festes o de concentraci\u00f3 tur\u00edstica, o quan l&#8217;allotjament serveixi nom\u00e9s com a lloc de descans, una bona opci\u00f3 pot ser triar un hotel o allotjament a les zones periurbanes. Va ser l&#8217;opci\u00f3 que vam adoptar per passar uns dies a la localitat d&#8217;Haro.<\/p>\t\t\t\t\t\t\t\t<\/div>\n\t\t\t\t<\/div>\n\t\t\t\t<div class=\"elementor-element elementor-element-53f7011 elementor-widget elementor-widget-heading\" data-id=\"53f7011\" data-element_type=\"widget\" data-e-type=\"widget\" data-widget_type=\"heading.default\">\n\t\t\t\t<div class=\"elementor-widget-container\">\n\t\t\t\t\t<h2 class=\"elementor-heading-title elementor-size-default\">L'allotjament: Hotel ETH Rioja<\/h2>\t\t\t\t<\/div>\n\t\t\t\t<\/div>\n\t\t\t\t<div class=\"elementor-element elementor-element-48fec9ff elementor-widget elementor-widget-text-editor\" data-id=\"48fec9ff\" data-element_type=\"widget\" data-e-type=\"widget\" data-widget_type=\"text-editor.default\">\n\t\t\t\t<div class=\"elementor-widget-container\">\n\t\t\t\t\t\t\t\t\t<p>La nostra opci\u00f3 va ser l&#8217;<strong>Hotel ETH Rioja<\/strong> ubicat al pol\u00edgon industrial Fuente Ciega, al costat de la conflu\u00e8ncia de la N-124 i la N-126 i a uns 2 quil\u00f2metres del centre d&#8217;Haro.<\/p>\t\t\t\t\t\t\t\t<\/div>\n\t\t\t\t<\/div>\n\t\t\t\t<div class=\"elementor-element elementor-element-463643d elementor-widget elementor-widget-heading\" data-id=\"463643d\" data-element_type=\"widget\" data-e-type=\"widget\" data-widget_type=\"heading.default\">\n\t\t\t\t<div class=\"elementor-widget-container\">\n\t\t\t\t\t<h5 class=\"elementor-heading-title elementor-size-default\">L'edifici<\/h5>\t\t\t\t<\/div>\n\t\t\t\t<\/div>\n\t\t\t\t<div class=\"elementor-element elementor-element-9f1deb2 elementor-widget elementor-widget-text-editor\" data-id=\"9f1deb2\" data-element_type=\"widget\" data-e-type=\"widget\" data-widget_type=\"text-editor.default\">\n\t\t\t\t<div class=\"elementor-widget-container\">\n\t\t\t\t\t\t\t\t\t<p>L&#8217;<strong>Hotel ETH Rioja<\/strong> est\u00e0 situat en un ampli i modern edifici funcional. De l\u00ednies arquitect\u00f2niques simples, destaca pel color vermell\u00f3s.<\/p><p>La planta baixa, de sostres alts, acull els serveis, aix\u00ed com el <strong>Restaurant Do\u00f1a Petra<\/strong> i una cafeteria. Les habitacions ocupen les dues plantes superiors.<\/p>\t\t\t\t\t\t\t\t<\/div>\n\t\t\t\t<\/div>\n\t\t\t\t<div class=\"elementor-element elementor-element-664343af elementor-widget elementor-widget-image\" data-id=\"664343af\" data-element_type=\"widget\" data-e-type=\"widget\" data-widget_type=\"image.default\">\n\t\t\t\t<div class=\"elementor-widget-container\">\n\t\t\t\t\t\t\t\t\t\t\t\t<figure class=\"wp-caption\">\n\t\t\t\t\t\t\t\t\t\t<img decoding=\"async\" width=\"768\" height=\"512\" src=\"https:\/\/www.elturistatranquil.com\/wp-content\/uploads\/F03-Hotel-ETH-Rioja-Haro-La-Rioja.jpg\" class=\"attachment-large size-large wp-image-58157\" alt=\"Hotel ETH Rioja, Haro, La Rioja\" srcset=\"https:\/\/www.elturistatranquil.com\/wp-content\/uploads\/F03-Hotel-ETH-Rioja-Haro-La-Rioja.jpg 768w, https:\/\/www.elturistatranquil.com\/wp-content\/uploads\/F03-Hotel-ETH-Rioja-Haro-La-Rioja-339x226.jpg 339w\" sizes=\"(max-width: 768px) 100vw, 768px\" \/>\t\t\t\t\t\t\t\t\t\t\t<figcaption class=\"widget-image-caption wp-caption-text\"><\/figcaption>\n\t\t\t\t\t\t\t\t\t\t<\/figure>\n\t\t\t\t\t\t\t\t\t<\/div>\n\t\t\t\t<\/div>\n\t\t\t\t<div class=\"elementor-element elementor-element-4ff0e1d4 elementor-widget elementor-widget-heading\" data-id=\"4ff0e1d4\" data-element_type=\"widget\" data-e-type=\"widget\" data-widget_type=\"heading.default\">\n\t\t\t\t<div class=\"elementor-widget-container\">\n\t\t\t\t\t<h5 class=\"elementor-heading-title elementor-size-default\">La recepci\u00f3<\/h5>\t\t\t\t<\/div>\n\t\t\t\t<\/div>\n\t\t\t\t<div class=\"elementor-element elementor-element-7995cee elementor-widget elementor-widget-text-editor\" data-id=\"7995cee\" data-element_type=\"widget\" data-e-type=\"widget\" data-widget_type=\"text-editor.default\">\n\t\t\t\t<div class=\"elementor-widget-container\">\n\t\t\t\t\t\t\t\t\t<p>L\u00b4entrada per la recepci\u00f3 de l\u00b4hotel ens submergeix clarament en l\u00b4ambient que ens trobem en una zona vitivin\u00edcola d\u00b4import\u00e0ncia com La Rioja.<\/p>\t\t\t\t\t\t\t\t<\/div>\n\t\t\t\t<\/div>\n\t\t\t\t<div class=\"elementor-element elementor-element-fc3ba5b elementor-widget elementor-widget-image\" data-id=\"fc3ba5b\" data-element_type=\"widget\" data-e-type=\"widget\" data-widget_type=\"image.default\">\n\t\t\t\t<div class=\"elementor-widget-container\">\n\t\t\t\t\t\t\t\t\t\t\t\t<figure class=\"wp-caption\">\n\t\t\t\t\t\t\t\t\t\t<img loading=\"lazy\" decoding=\"async\" width=\"768\" height=\"433\" src=\"https:\/\/www.elturistatranquil.com\/wp-content\/uploads\/F04-Hotel-ETH-Rioja-Haro-La-Rioja.jpg\" class=\"attachment-large size-large wp-image-58159\" alt=\"Hotel ETH Rioja, Haro, La Rioja\" srcset=\"https:\/\/www.elturistatranquil.com\/wp-content\/uploads\/F04-Hotel-ETH-Rioja-Haro-La-Rioja.jpg 768w, https:\/\/www.elturistatranquil.com\/wp-content\/uploads\/F04-Hotel-ETH-Rioja-Haro-La-Rioja-339x191.jpg 339w\" sizes=\"(max-width: 768px) 100vw, 768px\" \/>\t\t\t\t\t\t\t\t\t\t\t<figcaption class=\"widget-image-caption wp-caption-text\"><\/figcaption>\n\t\t\t\t\t\t\t\t\t\t<\/figure>\n\t\t\t\t\t\t\t\t\t<\/div>\n\t\t\t\t<\/div>\n\t\t\t\t<div class=\"elementor-element elementor-element-15f27d9 elementor-widget elementor-widget-image\" data-id=\"15f27d9\" data-element_type=\"widget\" data-e-type=\"widget\" data-widget_type=\"image.default\">\n\t\t\t\t<div class=\"elementor-widget-container\">\n\t\t\t\t\t\t\t\t\t\t\t\t<figure class=\"wp-caption\">\n\t\t\t\t\t\t\t\t\t\t<img loading=\"lazy\" decoding=\"async\" width=\"768\" height=\"432\" src=\"https:\/\/www.elturistatranquil.com\/wp-content\/uploads\/F05-Hotel-ETH-Rioja-Haro-La-Rioja.jpg\" class=\"attachment-large size-large wp-image-58164\" alt=\"Hotel ETH Rioja, Haro, La Rioja\" srcset=\"https:\/\/www.elturistatranquil.com\/wp-content\/uploads\/F05-Hotel-ETH-Rioja-Haro-La-Rioja.jpg 768w, https:\/\/www.elturistatranquil.com\/wp-content\/uploads\/F05-Hotel-ETH-Rioja-Haro-La-Rioja-339x191.jpg 339w\" sizes=\"(max-width: 768px) 100vw, 768px\" \/>\t\t\t\t\t\t\t\t\t\t\t<figcaption class=\"widget-image-caption wp-caption-text\"><\/figcaption>\n\t\t\t\t\t\t\t\t\t\t<\/figure>\n\t\t\t\t\t\t\t\t\t<\/div>\n\t\t\t\t<\/div>\n\t\t\t\t<div class=\"elementor-element elementor-element-823686c elementor-widget elementor-widget-image\" data-id=\"823686c\" data-element_type=\"widget\" data-e-type=\"widget\" data-widget_type=\"image.default\">\n\t\t\t\t<div class=\"elementor-widget-container\">\n\t\t\t\t\t\t\t\t\t\t\t\t<figure class=\"wp-caption\">\n\t\t\t\t\t\t\t\t\t\t<img loading=\"lazy\" decoding=\"async\" width=\"768\" height=\"433\" src=\"https:\/\/www.elturistatranquil.com\/wp-content\/uploads\/F06-Hotel-ETH-Rioja-Haro-La-Rioja.jpg\" class=\"attachment-large size-large wp-image-58166\" alt=\"Hotel ETH Rioja, Haro, La Rioja\" srcset=\"https:\/\/www.elturistatranquil.com\/wp-content\/uploads\/F06-Hotel-ETH-Rioja-Haro-La-Rioja.jpg 768w, https:\/\/www.elturistatranquil.com\/wp-content\/uploads\/F06-Hotel-ETH-Rioja-Haro-La-Rioja-339x191.jpg 339w\" sizes=\"(max-width: 768px) 100vw, 768px\" \/>\t\t\t\t\t\t\t\t\t\t\t<figcaption class=\"widget-image-caption wp-caption-text\"><\/figcaption>\n\t\t\t\t\t\t\t\t\t\t<\/figure>\n\t\t\t\t\t\t\t\t\t<\/div>\n\t\t\t\t<\/div>\n\t\t\t\t<div class=\"elementor-element elementor-element-ffa94fd elementor-widget elementor-widget-image\" data-id=\"ffa94fd\" data-element_type=\"widget\" data-e-type=\"widget\" data-widget_type=\"image.default\">\n\t\t\t\t<div class=\"elementor-widget-container\">\n\t\t\t\t\t\t\t\t\t\t\t\t<figure class=\"wp-caption\">\n\t\t\t\t\t\t\t\t\t\t<img loading=\"lazy\" decoding=\"async\" width=\"768\" height=\"432\" src=\"https:\/\/www.elturistatranquil.com\/wp-content\/uploads\/F07-Hotel-ETH-Rioja-Haro-La-Rioja.jpg\" class=\"attachment-large size-large wp-image-58168\" alt=\"Hotel ETH Rioja, Haro, La Rioja\" srcset=\"https:\/\/www.elturistatranquil.com\/wp-content\/uploads\/F07-Hotel-ETH-Rioja-Haro-La-Rioja.jpg 768w, https:\/\/www.elturistatranquil.com\/wp-content\/uploads\/F07-Hotel-ETH-Rioja-Haro-La-Rioja-339x191.jpg 339w\" sizes=\"(max-width: 768px) 100vw, 768px\" \/>\t\t\t\t\t\t\t\t\t\t\t<figcaption class=\"widget-image-caption wp-caption-text\"><\/figcaption>\n\t\t\t\t\t\t\t\t\t\t<\/figure>\n\t\t\t\t\t\t\t\t\t<\/div>\n\t\t\t\t<\/div>\n\t\t\t\t<div class=\"elementor-element elementor-element-d1fc585 elementor-widget elementor-widget-text-editor\" data-id=\"d1fc585\" data-element_type=\"widget\" data-e-type=\"widget\" data-widget_type=\"text-editor.default\">\n\t\t\t\t<div class=\"elementor-widget-container\">\n\t\t\t\t\t\t\t\t\t<p>Un sobri i elegant passad\u00eds dona acc\u00e9s a les habitacions a cada planta.<\/p>\t\t\t\t\t\t\t\t<\/div>\n\t\t\t\t<\/div>\n\t\t\t\t<div class=\"elementor-element elementor-element-c809c70 elementor-widget elementor-widget-image\" data-id=\"c809c70\" data-element_type=\"widget\" data-e-type=\"widget\" data-widget_type=\"image.default\">\n\t\t\t\t<div class=\"elementor-widget-container\">\n\t\t\t\t\t\t\t\t\t\t\t\t<figure class=\"wp-caption\">\n\t\t\t\t\t\t\t\t\t\t<img loading=\"lazy\" decoding=\"async\" width=\"768\" height=\"432\" src=\"https:\/\/www.elturistatranquil.com\/wp-content\/uploads\/F09-Hotel-ETH-Rioja-Haro-La-Rioja.jpg\" class=\"attachment-large size-large wp-image-58170\" alt=\"Hotel ETH Rioja, Haro, La Rioja\" srcset=\"https:\/\/www.elturistatranquil.com\/wp-content\/uploads\/F09-Hotel-ETH-Rioja-Haro-La-Rioja.jpg 768w, https:\/\/www.elturistatranquil.com\/wp-content\/uploads\/F09-Hotel-ETH-Rioja-Haro-La-Rioja-339x191.jpg 339w\" sizes=\"(max-width: 768px) 100vw, 768px\" \/>\t\t\t\t\t\t\t\t\t\t\t<figcaption class=\"widget-image-caption wp-caption-text\"><\/figcaption>\n\t\t\t\t\t\t\t\t\t\t<\/figure>\n\t\t\t\t\t\t\t\t\t<\/div>\n\t\t\t\t<\/div>\n\t\t\t\t<div class=\"elementor-element elementor-element-ec0e426 elementor-widget elementor-widget-text-editor\" data-id=\"ec0e426\" data-element_type=\"widget\" data-e-type=\"widget\" data-widget_type=\"text-editor.default\">\n\t\t\t\t<div class=\"elementor-widget-container\">\n\t\t\t\t\t\t\t\t\t<p>El meu costum de recollir el n\u00famero de l&#8217;habitaci\u00f3 on m&#8217;allotjo, la 118, es veu frustrat ja que, en ser llumin\u00f3s, no \u00e9s captat per la c\u00e0mera.<\/p>\t\t\t\t\t\t\t\t<\/div>\n\t\t\t\t<\/div>\n\t\t\t\t<div class=\"elementor-element elementor-element-8001d6c elementor-widget elementor-widget-heading\" data-id=\"8001d6c\" data-element_type=\"widget\" data-e-type=\"widget\" data-widget_type=\"heading.default\">\n\t\t\t\t<div class=\"elementor-widget-container\">\n\t\t\t\t\t<h5 class=\"elementor-heading-title elementor-size-default\">L\u2019habitaci\u00f3<\/h5>\t\t\t\t<\/div>\n\t\t\t\t<\/div>\n\t\t\t\t<div class=\"elementor-element elementor-element-cae29cb elementor-widget elementor-widget-text-editor\" data-id=\"cae29cb\" data-element_type=\"widget\" data-e-type=\"widget\" data-widget_type=\"text-editor.default\">\n\t\t\t\t<div class=\"elementor-widget-container\">\n\t\t\t\t\t\t\t\t\t<p>L\u00b4habitaci\u00f3 tamb\u00e9 \u00e9s s\u00f2bria i funcional, amb una bonica fotografia tamb\u00e9 d\u00b4ambient vin\u00edcola.<\/p>\t\t\t\t\t\t\t\t<\/div>\n\t\t\t\t<\/div>\n\t\t\t\t<div class=\"elementor-element elementor-element-afac446 elementor-widget elementor-widget-image\" data-id=\"afac446\" data-element_type=\"widget\" data-e-type=\"widget\" data-widget_type=\"image.default\">\n\t\t\t\t<div class=\"elementor-widget-container\">\n\t\t\t\t\t\t\t\t\t\t\t\t<figure class=\"wp-caption\">\n\t\t\t\t\t\t\t\t\t\t<img loading=\"lazy\" decoding=\"async\" width=\"768\" height=\"433\" src=\"https:\/\/www.elturistatranquil.com\/wp-content\/uploads\/F10-Hotel-ETH-Rioja-Haro-La-Rioja.jpg\" class=\"attachment-large size-large wp-image-58175\" alt=\"Hotel ETH Rioja, Haro, La Rioja\" srcset=\"https:\/\/www.elturistatranquil.com\/wp-content\/uploads\/F10-Hotel-ETH-Rioja-Haro-La-Rioja.jpg 768w, https:\/\/www.elturistatranquil.com\/wp-content\/uploads\/F10-Hotel-ETH-Rioja-Haro-La-Rioja-339x191.jpg 339w\" sizes=\"(max-width: 768px) 100vw, 768px\" \/>\t\t\t\t\t\t\t\t\t\t\t<figcaption class=\"widget-image-caption wp-caption-text\"><\/figcaption>\n\t\t\t\t\t\t\t\t\t\t<\/figure>\n\t\t\t\t\t\t\t\t\t<\/div>\n\t\t\t\t<\/div>\n\t\t\t\t<div class=\"elementor-element elementor-element-082e199 elementor-widget elementor-widget-image\" data-id=\"082e199\" data-element_type=\"widget\" data-e-type=\"widget\" data-widget_type=\"image.default\">\n\t\t\t\t<div class=\"elementor-widget-container\">\n\t\t\t\t\t\t\t\t\t\t\t\t<figure class=\"wp-caption\">\n\t\t\t\t\t\t\t\t\t\t<img loading=\"lazy\" decoding=\"async\" width=\"768\" height=\"433\" src=\"https:\/\/www.elturistatranquil.com\/wp-content\/uploads\/F11-Hotel-ETH-Rioja-Haro-La-Rioja.jpg\" class=\"attachment-large size-large wp-image-58177\" alt=\"Hotel ETH Rioja, Haro, La Rioja\" srcset=\"https:\/\/www.elturistatranquil.com\/wp-content\/uploads\/F11-Hotel-ETH-Rioja-Haro-La-Rioja.jpg 768w, https:\/\/www.elturistatranquil.com\/wp-content\/uploads\/F11-Hotel-ETH-Rioja-Haro-La-Rioja-339x191.jpg 339w\" sizes=\"(max-width: 768px) 100vw, 768px\" \/>\t\t\t\t\t\t\t\t\t\t\t<figcaption class=\"widget-image-caption wp-caption-text\"><\/figcaption>\n\t\t\t\t\t\t\t\t\t\t<\/figure>\n\t\t\t\t\t\t\t\t\t<\/div>\n\t\t\t\t<\/div>\n\t\t\t\t<div class=\"elementor-element elementor-element-44a8188 elementor-widget elementor-widget-image\" data-id=\"44a8188\" data-element_type=\"widget\" data-e-type=\"widget\" data-widget_type=\"image.default\">\n\t\t\t\t<div class=\"elementor-widget-container\">\n\t\t\t\t\t\t\t\t\t\t\t\t<figure class=\"wp-caption\">\n\t\t\t\t\t\t\t\t\t\t<img loading=\"lazy\" decoding=\"async\" width=\"768\" height=\"432\" src=\"https:\/\/www.elturistatranquil.com\/wp-content\/uploads\/F12-Hotel-ETH-Rioja-Haro-La-Rioja.jpg\" class=\"attachment-large size-large wp-image-58179\" alt=\"Hotel ETH Rioja, Haro, La Rioja\" srcset=\"https:\/\/www.elturistatranquil.com\/wp-content\/uploads\/F12-Hotel-ETH-Rioja-Haro-La-Rioja.jpg 768w, https:\/\/www.elturistatranquil.com\/wp-content\/uploads\/F12-Hotel-ETH-Rioja-Haro-La-Rioja-339x191.jpg 339w\" sizes=\"(max-width: 768px) 100vw, 768px\" \/>\t\t\t\t\t\t\t\t\t\t\t<figcaption class=\"widget-image-caption wp-caption-text\"><\/figcaption>\n\t\t\t\t\t\t\t\t\t\t<\/figure>\n\t\t\t\t\t\t\t\t\t<\/div>\n\t\t\t\t<\/div>\n\t\t\t\t<div class=\"elementor-element elementor-element-e6788f3 elementor-widget elementor-widget-image\" data-id=\"e6788f3\" data-element_type=\"widget\" data-e-type=\"widget\" data-widget_type=\"image.default\">\n\t\t\t\t<div class=\"elementor-widget-container\">\n\t\t\t\t\t\t\t\t\t\t\t\t<figure class=\"wp-caption\">\n\t\t\t\t\t\t\t\t\t\t<img loading=\"lazy\" decoding=\"async\" width=\"768\" height=\"433\" src=\"https:\/\/www.elturistatranquil.com\/wp-content\/uploads\/F13-Hotel-ETH-Rioja-Haro-La-Rioja.jpg\" class=\"attachment-large size-large wp-image-58183\" alt=\"Hotel ETH Rioja, Haro, La Rioja\" srcset=\"https:\/\/www.elturistatranquil.com\/wp-content\/uploads\/F13-Hotel-ETH-Rioja-Haro-La-Rioja.jpg 768w, https:\/\/www.elturistatranquil.com\/wp-content\/uploads\/F13-Hotel-ETH-Rioja-Haro-La-Rioja-339x191.jpg 339w\" sizes=\"(max-width: 768px) 100vw, 768px\" \/>\t\t\t\t\t\t\t\t\t\t\t<figcaption class=\"widget-image-caption wp-caption-text\"><\/figcaption>\n\t\t\t\t\t\t\t\t\t\t<\/figure>\n\t\t\t\t\t\t\t\t\t<\/div>\n\t\t\t\t<\/div>\n\t\t\t\t<div class=\"elementor-element elementor-element-c2bf0b6 elementor-widget elementor-widget-image\" data-id=\"c2bf0b6\" data-element_type=\"widget\" data-e-type=\"widget\" data-widget_type=\"image.default\">\n\t\t\t\t<div class=\"elementor-widget-container\">\n\t\t\t\t\t\t\t\t\t\t\t\t<figure class=\"wp-caption\">\n\t\t\t\t\t\t\t\t\t\t<img loading=\"lazy\" decoding=\"async\" width=\"768\" height=\"432\" src=\"https:\/\/www.elturistatranquil.com\/wp-content\/uploads\/F14-Hotel-ETH-Rioja-Haro-La-Rioja.jpg\" class=\"attachment-large size-large wp-image-58181\" alt=\"Hotel ETH Rioja, Haro, La Rioja\" srcset=\"https:\/\/www.elturistatranquil.com\/wp-content\/uploads\/F14-Hotel-ETH-Rioja-Haro-La-Rioja.jpg 768w, https:\/\/www.elturistatranquil.com\/wp-content\/uploads\/F14-Hotel-ETH-Rioja-Haro-La-Rioja-339x191.jpg 339w\" sizes=\"(max-width: 768px) 100vw, 768px\" \/>\t\t\t\t\t\t\t\t\t\t\t<figcaption class=\"widget-image-caption wp-caption-text\"><\/figcaption>\n\t\t\t\t\t\t\t\t\t\t<\/figure>\n\t\t\t\t\t\t\t\t\t<\/div>\n\t\t\t\t<\/div>\n\t\t\t\t<div class=\"elementor-element elementor-element-a137952 elementor-widget elementor-widget-heading\" data-id=\"a137952\" data-element_type=\"widget\" data-e-type=\"widget\" data-widget_type=\"heading.default\">\n\t\t\t\t<div class=\"elementor-widget-container\">\n\t\t\t\t\t<h5 class=\"elementor-heading-title elementor-size-default\">La vista des de l'habitaci\u00f3<\/h5>\t\t\t\t<\/div>\n\t\t\t\t<\/div>\n\t\t\t\t<div class=\"elementor-element elementor-element-3c95f7f elementor-widget elementor-widget-text-editor\" data-id=\"3c95f7f\" data-element_type=\"widget\" data-e-type=\"widget\" data-widget_type=\"text-editor.default\">\n\t\t\t\t<div class=\"elementor-widget-container\">\n\t\t\t\t\t\t\t\t\t<p>Les vistes des del finestral d\u00b4aquesta habitaci\u00f3 estan obertes fins a la Serra de Cantabria i el nucli urb\u00e0 de la vila d\u00b4Haro.<\/p>\t\t\t\t\t\t\t\t<\/div>\n\t\t\t\t<\/div>\n\t\t\t\t<div class=\"elementor-element elementor-element-c0d8d90 elementor-widget elementor-widget-image\" data-id=\"c0d8d90\" data-element_type=\"widget\" data-e-type=\"widget\" data-widget_type=\"image.default\">\n\t\t\t\t<div class=\"elementor-widget-container\">\n\t\t\t\t\t\t\t\t\t\t\t\t<figure class=\"wp-caption\">\n\t\t\t\t\t\t\t\t\t\t<img loading=\"lazy\" decoding=\"async\" width=\"768\" height=\"432\" src=\"https:\/\/www.elturistatranquil.com\/wp-content\/uploads\/F15-Hotel-ETH-Rioja-Haro-La-Rioja.jpg\" class=\"attachment-large size-large wp-image-58185\" alt=\"Hotel ETH Rioja, Haro, La Rioja\" srcset=\"https:\/\/www.elturistatranquil.com\/wp-content\/uploads\/F15-Hotel-ETH-Rioja-Haro-La-Rioja.jpg 768w, https:\/\/www.elturistatranquil.com\/wp-content\/uploads\/F15-Hotel-ETH-Rioja-Haro-La-Rioja-339x191.jpg 339w\" sizes=\"(max-width: 768px) 100vw, 768px\" \/>\t\t\t\t\t\t\t\t\t\t\t<figcaption class=\"widget-image-caption wp-caption-text\"><\/figcaption>\n\t\t\t\t\t\t\t\t\t\t<\/figure>\n\t\t\t\t\t\t\t\t\t<\/div>\n\t\t\t\t<\/div>\n\t\t\t\t<div class=\"elementor-element elementor-element-c18ebb0 elementor-widget elementor-widget-image\" data-id=\"c18ebb0\" data-element_type=\"widget\" data-e-type=\"widget\" data-widget_type=\"image.default\">\n\t\t\t\t<div class=\"elementor-widget-container\">\n\t\t\t\t\t\t\t\t\t\t\t\t<figure class=\"wp-caption\">\n\t\t\t\t\t\t\t\t\t\t<img loading=\"lazy\" decoding=\"async\" width=\"768\" height=\"433\" src=\"https:\/\/www.elturistatranquil.com\/wp-content\/uploads\/F16-Hotel-ETH-Rioja-Haro-La-Rioja.jpg\" class=\"attachment-large size-large wp-image-58187\" alt=\"Hotel ETH Rioja, Haro, La Rioja\" srcset=\"https:\/\/www.elturistatranquil.com\/wp-content\/uploads\/F16-Hotel-ETH-Rioja-Haro-La-Rioja.jpg 768w, https:\/\/www.elturistatranquil.com\/wp-content\/uploads\/F16-Hotel-ETH-Rioja-Haro-La-Rioja-339x191.jpg 339w\" sizes=\"(max-width: 768px) 100vw, 768px\" \/>\t\t\t\t\t\t\t\t\t\t\t<figcaption class=\"widget-image-caption wp-caption-text\"><\/figcaption>\n\t\t\t\t\t\t\t\t\t\t<\/figure>\n\t\t\t\t\t\t\t\t\t<\/div>\n\t\t\t\t<\/div>\n\t\t\t\t<div class=\"elementor-element elementor-element-56bbc4b elementor-widget elementor-widget-image\" data-id=\"56bbc4b\" data-element_type=\"widget\" data-e-type=\"widget\" data-widget_type=\"image.default\">\n\t\t\t\t<div class=\"elementor-widget-container\">\n\t\t\t\t\t\t\t\t\t\t\t\t<figure class=\"wp-caption\">\n\t\t\t\t\t\t\t\t\t\t<img loading=\"lazy\" decoding=\"async\" width=\"768\" height=\"432\" src=\"https:\/\/www.elturistatranquil.com\/wp-content\/uploads\/F17-Hotel-ETH-Rioja-Haro-La-Rioja.jpg\" class=\"attachment-large size-large wp-image-58192\" alt=\"Hotel ETH Rioja, Haro, La Rioja\" srcset=\"https:\/\/www.elturistatranquil.com\/wp-content\/uploads\/F17-Hotel-ETH-Rioja-Haro-La-Rioja.jpg 768w, https:\/\/www.elturistatranquil.com\/wp-content\/uploads\/F17-Hotel-ETH-Rioja-Haro-La-Rioja-339x191.jpg 339w\" sizes=\"(max-width: 768px) 100vw, 768px\" \/>\t\t\t\t\t\t\t\t\t\t\t<figcaption class=\"widget-image-caption wp-caption-text\"><\/figcaption>\n\t\t\t\t\t\t\t\t\t\t<\/figure>\n\t\t\t\t\t\t\t\t\t<\/div>\n\t\t\t\t<\/div>\n\t\t\t\t<div class=\"elementor-element elementor-element-1e7d8f1 elementor-widget elementor-widget-text-editor\" data-id=\"1e7d8f1\" data-element_type=\"widget\" data-e-type=\"widget\" data-widget_type=\"text-editor.default\">\n\t\t\t\t<div class=\"elementor-widget-container\">\n\t\t\t\t\t\t\t\t\t<p>La meva cl\u00e0ssica mirada a la finestra de l&#8217;habitaci\u00f3 des de l&#8217;exterior, en aquest cas amb pocs secrets.<\/p>\t\t\t\t\t\t\t\t<\/div>\n\t\t\t\t<\/div>\n\t\t\t\t<div class=\"elementor-element elementor-element-346f426 elementor-widget elementor-widget-image\" data-id=\"346f426\" data-element_type=\"widget\" data-e-type=\"widget\" data-widget_type=\"image.default\">\n\t\t\t\t<div class=\"elementor-widget-container\">\n\t\t\t\t\t\t\t\t\t\t\t\t<figure class=\"wp-caption\">\n\t\t\t\t\t\t\t\t\t\t<img loading=\"lazy\" decoding=\"async\" width=\"768\" height=\"432\" src=\"https:\/\/www.elturistatranquil.com\/wp-content\/uploads\/F18-Hotel-ETH-Rioja-Haro-La-Rioja.jpg\" class=\"attachment-large size-large wp-image-58194\" alt=\"Hotel ETH Rioja, Haro, La Rioja\" srcset=\"https:\/\/www.elturistatranquil.com\/wp-content\/uploads\/F18-Hotel-ETH-Rioja-Haro-La-Rioja.jpg 768w, https:\/\/www.elturistatranquil.com\/wp-content\/uploads\/F18-Hotel-ETH-Rioja-Haro-La-Rioja-339x191.jpg 339w\" sizes=\"(max-width: 768px) 100vw, 768px\" \/>\t\t\t\t\t\t\t\t\t\t\t<figcaption class=\"widget-image-caption wp-caption-text\"><\/figcaption>\n\t\t\t\t\t\t\t\t\t\t<\/figure>\n\t\t\t\t\t\t\t\t\t<\/div>\n\t\t\t\t<\/div>\n\t\t\t\t<div class=\"elementor-element elementor-element-51d7e5e elementor-widget elementor-widget-heading\" data-id=\"51d7e5e\" data-element_type=\"widget\" data-e-type=\"widget\" data-widget_type=\"heading.default\">\n\t\t\t\t<div class=\"elementor-widget-container\">\n\t\t\t\t\t<h5 class=\"elementor-heading-title elementor-size-default\">L'esmorzar<\/h5>\t\t\t\t<\/div>\n\t\t\t\t<\/div>\n\t\t\t\t<div class=\"elementor-element elementor-element-f5166d3 elementor-widget elementor-widget-text-editor\" data-id=\"f5166d3\" data-element_type=\"widget\" data-e-type=\"widget\" data-widget_type=\"text-editor.default\">\n\t\t\t\t<div class=\"elementor-widget-container\">\n\t\t\t\t\t\t\t\t\t<p>Disposem de dues opcions de desdejuni a l&#8217;hotel:<\/p><p>Una, la cl\u00e0ssica de bufet lliure.<\/p>\t\t\t\t\t\t\t\t<\/div>\n\t\t\t\t<\/div>\n\t\t\t\t<div class=\"elementor-element elementor-element-7f302ab elementor-widget elementor-widget-image\" data-id=\"7f302ab\" data-element_type=\"widget\" data-e-type=\"widget\" data-widget_type=\"image.default\">\n\t\t\t\t<div class=\"elementor-widget-container\">\n\t\t\t\t\t\t\t\t\t\t\t\t<figure class=\"wp-caption\">\n\t\t\t\t\t\t\t\t\t\t<img loading=\"lazy\" decoding=\"async\" width=\"768\" height=\"433\" src=\"https:\/\/www.elturistatranquil.com\/wp-content\/uploads\/F19-Hotel-ETH-Rioja-Haro-La-Rioja.jpg\" class=\"attachment-large size-large wp-image-58196\" alt=\"Hotel ETH Rioja, Haro, La Rioja\" srcset=\"https:\/\/www.elturistatranquil.com\/wp-content\/uploads\/F19-Hotel-ETH-Rioja-Haro-La-Rioja.jpg 768w, https:\/\/www.elturistatranquil.com\/wp-content\/uploads\/F19-Hotel-ETH-Rioja-Haro-La-Rioja-339x191.jpg 339w\" sizes=\"(max-width: 768px) 100vw, 768px\" \/>\t\t\t\t\t\t\t\t\t\t\t<figcaption class=\"widget-image-caption wp-caption-text\"><\/figcaption>\n\t\t\t\t\t\t\t\t\t\t<\/figure>\n\t\t\t\t\t\t\t\t\t<\/div>\n\t\t\t\t<\/div>\n\t\t\t\t<div class=\"elementor-element elementor-element-79756da elementor-widget elementor-widget-image\" data-id=\"79756da\" data-element_type=\"widget\" data-e-type=\"widget\" data-widget_type=\"image.default\">\n\t\t\t\t<div class=\"elementor-widget-container\">\n\t\t\t\t\t\t\t\t\t\t\t\t<figure class=\"wp-caption\">\n\t\t\t\t\t\t\t\t\t\t<img loading=\"lazy\" decoding=\"async\" width=\"768\" height=\"432\" src=\"https:\/\/www.elturistatranquil.com\/wp-content\/uploads\/F20-Hotel-ETH-Rioja-Haro-La-Rioja.jpg\" class=\"attachment-large size-large wp-image-58198\" alt=\"Hotel ETH Rioja, Haro, La Rioja\" srcset=\"https:\/\/www.elturistatranquil.com\/wp-content\/uploads\/F20-Hotel-ETH-Rioja-Haro-La-Rioja.jpg 768w, https:\/\/www.elturistatranquil.com\/wp-content\/uploads\/F20-Hotel-ETH-Rioja-Haro-La-Rioja-339x191.jpg 339w\" sizes=\"(max-width: 768px) 100vw, 768px\" \/>\t\t\t\t\t\t\t\t\t\t\t<figcaption class=\"widget-image-caption wp-caption-text\"><\/figcaption>\n\t\t\t\t\t\t\t\t\t\t<\/figure>\n\t\t\t\t\t\t\t\t\t<\/div>\n\t\t\t\t<\/div>\n\t\t\t\t<div class=\"elementor-element elementor-element-7e4b98c elementor-widget elementor-widget-text-editor\" data-id=\"7e4b98c\" data-element_type=\"widget\" data-e-type=\"widget\" data-widget_type=\"text-editor.default\">\n\t\t\t\t<div class=\"elementor-widget-container\">\n\t\t\t\t\t\t\t\t\t<p>I una altra opci\u00f3 d&#8217;esmorzar a la cafeteria del mateix hotel. Aquesta va ser la que vam adoptar en vista de la gran varietat d&#8217;entrepans i opcions que oferia.<\/p><p>Com s\u2019aprecia, l&#8217;espai de la cafeteria \u00e9s tamb\u00e9 ampli i llumin\u00f3s, amb alts sostres.<\/p>\t\t\t\t\t\t\t\t<\/div>\n\t\t\t\t<\/div>\n\t\t\t\t<div class=\"elementor-element elementor-element-2f21d0f elementor-widget elementor-widget-image\" data-id=\"2f21d0f\" data-element_type=\"widget\" data-e-type=\"widget\" data-widget_type=\"image.default\">\n\t\t\t\t<div class=\"elementor-widget-container\">\n\t\t\t\t\t\t\t\t\t\t\t\t<figure class=\"wp-caption\">\n\t\t\t\t\t\t\t\t\t\t<img loading=\"lazy\" decoding=\"async\" width=\"768\" height=\"433\" src=\"https:\/\/www.elturistatranquil.com\/wp-content\/uploads\/F21-Hotel-ETH-Rioja-Haro-La-Rioja.jpg\" class=\"attachment-large size-large wp-image-58200\" alt=\"Hotel ETH Rioja, Haro, La Rioja\" srcset=\"https:\/\/www.elturistatranquil.com\/wp-content\/uploads\/F21-Hotel-ETH-Rioja-Haro-La-Rioja.jpg 768w, https:\/\/www.elturistatranquil.com\/wp-content\/uploads\/F21-Hotel-ETH-Rioja-Haro-La-Rioja-339x191.jpg 339w\" sizes=\"(max-width: 768px) 100vw, 768px\" \/>\t\t\t\t\t\t\t\t\t\t\t<figcaption class=\"widget-image-caption wp-caption-text\"><\/figcaption>\n\t\t\t\t\t\t\t\t\t\t<\/figure>\n\t\t\t\t\t\t\t\t\t<\/div>\n\t\t\t\t<\/div>\n\t\t\t\t<div class=\"elementor-element elementor-element-508f8f1 elementor-widget elementor-widget-image\" data-id=\"508f8f1\" data-element_type=\"widget\" data-e-type=\"widget\" data-widget_type=\"image.default\">\n\t\t\t\t<div class=\"elementor-widget-container\">\n\t\t\t\t\t\t\t\t\t\t\t\t<figure class=\"wp-caption\">\n\t\t\t\t\t\t\t\t\t\t<img loading=\"lazy\" decoding=\"async\" width=\"768\" height=\"432\" src=\"https:\/\/www.elturistatranquil.com\/wp-content\/uploads\/F22-Hotel-ETH-Rioja-Haro-La-Rioja.jpg\" class=\"attachment-large size-large wp-image-58202\" alt=\"Hotel ETH Rioja, Haro, La Rioja\" srcset=\"https:\/\/www.elturistatranquil.com\/wp-content\/uploads\/F22-Hotel-ETH-Rioja-Haro-La-Rioja.jpg 768w, https:\/\/www.elturistatranquil.com\/wp-content\/uploads\/F22-Hotel-ETH-Rioja-Haro-La-Rioja-339x191.jpg 339w\" sizes=\"(max-width: 768px) 100vw, 768px\" \/>\t\t\t\t\t\t\t\t\t\t\t<figcaption class=\"widget-image-caption wp-caption-text\"><\/figcaption>\n\t\t\t\t\t\t\t\t\t\t<\/figure>\n\t\t\t\t\t\t\t\t\t<\/div>\n\t\t\t\t<\/div>\n\t\t\t\t<div class=\"elementor-element elementor-element-6fb9d7a elementor-widget elementor-widget-image\" data-id=\"6fb9d7a\" data-element_type=\"widget\" data-e-type=\"widget\" data-widget_type=\"image.default\">\n\t\t\t\t<div class=\"elementor-widget-container\">\n\t\t\t\t\t\t\t\t\t\t\t\t<figure class=\"wp-caption\">\n\t\t\t\t\t\t\t\t\t\t<img loading=\"lazy\" decoding=\"async\" width=\"768\" height=\"432\" src=\"https:\/\/www.elturistatranquil.com\/wp-content\/uploads\/F23-Hotel-ETH-Rioja-Haro-La-Rioja.jpg\" class=\"attachment-large size-large wp-image-58204\" alt=\"Hotel ETH Rioja, Haro, La Rioja\" srcset=\"https:\/\/www.elturistatranquil.com\/wp-content\/uploads\/F23-Hotel-ETH-Rioja-Haro-La-Rioja.jpg 768w, https:\/\/www.elturistatranquil.com\/wp-content\/uploads\/F23-Hotel-ETH-Rioja-Haro-La-Rioja-339x191.jpg 339w\" sizes=\"(max-width: 768px) 100vw, 768px\" \/>\t\t\t\t\t\t\t\t\t\t\t<figcaption class=\"widget-image-caption wp-caption-text\"><\/figcaption>\n\t\t\t\t\t\t\t\t\t\t<\/figure>\n\t\t\t\t\t\t\t\t\t<\/div>\n\t\t\t\t<\/div>\n\t\t\t\t<div class=\"elementor-element elementor-element-249d429 elementor-widget elementor-widget-image\" data-id=\"249d429\" data-element_type=\"widget\" data-e-type=\"widget\" data-widget_type=\"image.default\">\n\t\t\t\t<div class=\"elementor-widget-container\">\n\t\t\t\t\t\t\t\t\t\t\t\t<figure class=\"wp-caption\">\n\t\t\t\t\t\t\t\t\t\t<img loading=\"lazy\" decoding=\"async\" width=\"768\" height=\"433\" src=\"https:\/\/www.elturistatranquil.com\/wp-content\/uploads\/F24-Hotel-ETH-Rioja-Haro-La-Rioja.jpg\" class=\"attachment-large size-large wp-image-58209\" alt=\"Hotel ETH Rioja, Haro, La Rioja\" srcset=\"https:\/\/www.elturistatranquil.com\/wp-content\/uploads\/F24-Hotel-ETH-Rioja-Haro-La-Rioja.jpg 768w, https:\/\/www.elturistatranquil.com\/wp-content\/uploads\/F24-Hotel-ETH-Rioja-Haro-La-Rioja-339x191.jpg 339w\" sizes=\"(max-width: 768px) 100vw, 768px\" \/>\t\t\t\t\t\t\t\t\t\t\t<figcaption class=\"widget-image-caption wp-caption-text\"><\/figcaption>\n\t\t\t\t\t\t\t\t\t\t<\/figure>\n\t\t\t\t\t\t\t\t\t<\/div>\n\t\t\t\t<\/div>\n\t\t\t\t<div class=\"elementor-element elementor-element-7d89f39 elementor-widget elementor-widget-heading\" data-id=\"7d89f39\" data-element_type=\"widget\" data-e-type=\"widget\" data-widget_type=\"heading.default\">\n\t\t\t\t<div class=\"elementor-widget-container\">\n\t\t\t\t\t<h5 class=\"elementor-heading-title elementor-size-default\">Restaurant: Asador de Do\u00f1a Petra<\/h5>\t\t\t\t<\/div>\n\t\t\t\t<\/div>\n\t\t\t\t<div class=\"elementor-element elementor-element-e9d089f elementor-widget elementor-widget-text-editor\" data-id=\"e9d089f\" data-element_type=\"widget\" data-e-type=\"widget\" data-widget_type=\"text-editor.default\">\n\t\t\t\t<div class=\"elementor-widget-container\">\n\t\t\t\t\t\t\t\t\t<p>A la part lateral dreta de l&#8217;edifici hi ha el <strong>restaurant Asador de Do\u00f1a Petra<\/strong>.<\/p><p>L\u2019ajustat pla de visites que ten\u00edem preparat no ens va donar ocasi\u00f3 a menjar en aquest restaurant. Tot i aix\u00f2, les imatges del menjador ofereixen una molt bona impressi\u00f3.<\/p>\t\t\t\t\t\t\t\t<\/div>\n\t\t\t\t<\/div>\n\t\t\t\t<div class=\"elementor-element elementor-element-6a075da elementor-widget elementor-widget-image\" data-id=\"6a075da\" data-element_type=\"widget\" data-e-type=\"widget\" data-widget_type=\"image.default\">\n\t\t\t\t<div class=\"elementor-widget-container\">\n\t\t\t\t\t\t\t\t\t\t\t\t<figure class=\"wp-caption\">\n\t\t\t\t\t\t\t\t\t\t<img loading=\"lazy\" decoding=\"async\" width=\"768\" height=\"433\" src=\"https:\/\/www.elturistatranquil.com\/wp-content\/uploads\/F25-Hotel-ETH-Rioja-Haro-La-Rioja.jpg\" class=\"attachment-large size-large wp-image-58211\" alt=\"Hotel ETH Rioja, Haro, La Rioja\" srcset=\"https:\/\/www.elturistatranquil.com\/wp-content\/uploads\/F25-Hotel-ETH-Rioja-Haro-La-Rioja.jpg 768w, https:\/\/www.elturistatranquil.com\/wp-content\/uploads\/F25-Hotel-ETH-Rioja-Haro-La-Rioja-339x191.jpg 339w\" sizes=\"(max-width: 768px) 100vw, 768px\" \/>\t\t\t\t\t\t\t\t\t\t\t<figcaption class=\"widget-image-caption wp-caption-text\"><\/figcaption>\n\t\t\t\t\t\t\t\t\t\t<\/figure>\n\t\t\t\t\t\t\t\t\t<\/div>\n\t\t\t\t<\/div>\n\t\t\t\t<div class=\"elementor-element elementor-element-005aa74 elementor-widget elementor-widget-image\" data-id=\"005aa74\" data-element_type=\"widget\" data-e-type=\"widget\" data-widget_type=\"image.default\">\n\t\t\t\t<div class=\"elementor-widget-container\">\n\t\t\t\t\t\t\t\t\t\t\t\t<figure class=\"wp-caption\">\n\t\t\t\t\t\t\t\t\t\t<img loading=\"lazy\" decoding=\"async\" width=\"768\" height=\"433\" src=\"https:\/\/www.elturistatranquil.com\/wp-content\/uploads\/F26-Hotel-ETH-Rioja-Haro-La-Rioja.jpg\" class=\"attachment-large size-large wp-image-58213\" alt=\"Hotel ETH Rioja, Haro, La Rioja\" srcset=\"https:\/\/www.elturistatranquil.com\/wp-content\/uploads\/F26-Hotel-ETH-Rioja-Haro-La-Rioja.jpg 768w, https:\/\/www.elturistatranquil.com\/wp-content\/uploads\/F26-Hotel-ETH-Rioja-Haro-La-Rioja-339x191.jpg 339w\" sizes=\"(max-width: 768px) 100vw, 768px\" \/>\t\t\t\t\t\t\t\t\t\t\t<figcaption class=\"widget-image-caption wp-caption-text\"><\/figcaption>\n\t\t\t\t\t\t\t\t\t\t<\/figure>\n\t\t\t\t\t\t\t\t\t<\/div>\n\t\t\t\t<\/div>\n\t\t\t\t<div class=\"elementor-element elementor-element-7a8a430 elementor-widget elementor-widget-image\" data-id=\"7a8a430\" data-element_type=\"widget\" data-e-type=\"widget\" data-widget_type=\"image.default\">\n\t\t\t\t<div class=\"elementor-widget-container\">\n\t\t\t\t\t\t\t\t\t\t\t\t<figure class=\"wp-caption\">\n\t\t\t\t\t\t\t\t\t\t<img loading=\"lazy\" decoding=\"async\" width=\"768\" height=\"432\" src=\"https:\/\/www.elturistatranquil.com\/wp-content\/uploads\/F27-Hotel-ETH-Rioja-Haro-La-Rioja.jpg\" class=\"attachment-large size-large wp-image-58215\" alt=\"Hotel ETH Rioja, Haro, La Rioja\" srcset=\"https:\/\/www.elturistatranquil.com\/wp-content\/uploads\/F27-Hotel-ETH-Rioja-Haro-La-Rioja.jpg 768w, https:\/\/www.elturistatranquil.com\/wp-content\/uploads\/F27-Hotel-ETH-Rioja-Haro-La-Rioja-339x191.jpg 339w\" sizes=\"(max-width: 768px) 100vw, 768px\" \/>\t\t\t\t\t\t\t\t\t\t\t<figcaption class=\"widget-image-caption wp-caption-text\"><\/figcaption>\n\t\t\t\t\t\t\t\t\t\t<\/figure>\n\t\t\t\t\t\t\t\t\t<\/div>\n\t\t\t\t<\/div>\n\t\t\t\t<div class=\"elementor-element elementor-element-411d647 elementor-widget elementor-widget-heading\" data-id=\"411d647\" data-element_type=\"widget\" data-e-type=\"widget\" data-widget_type=\"heading.default\">\n\t\t\t\t<div class=\"elementor-widget-container\">\n\t\t\t\t\t<h5 class=\"elementor-heading-title elementor-size-default\">Serveis exteriors<\/h5>\t\t\t\t<\/div>\n\t\t\t\t<\/div>\n\t\t\t\t<div class=\"elementor-element elementor-element-a69b6d7 elementor-widget elementor-widget-text-editor\" data-id=\"a69b6d7\" data-element_type=\"widget\" data-e-type=\"widget\" data-widget_type=\"text-editor.default\">\n\t\t\t\t<div class=\"elementor-widget-container\">\n\t\t\t\t\t\t\t\t\t<p>L\u00b4hotel disposa de dos aparcaments. Un de molt ampli gratu\u00eft a l&#8217;exterior i un altre subterrani de pagament, gratu\u00eft per a motocicletes.<\/p><p>Pels cotxes el\u00e8ctrics hi ha disponibles dues estacions de c\u00e0rrega.<\/p>\t\t\t\t\t\t\t\t<\/div>\n\t\t\t\t<\/div>\n\t\t\t\t<div class=\"elementor-element elementor-element-31c597f elementor-widget elementor-widget-heading\" data-id=\"31c597f\" data-element_type=\"widget\" data-e-type=\"widget\" data-widget_type=\"heading.default\">\n\t\t\t\t<div class=\"elementor-widget-container\">\n\t\t\t\t\t<h2 class=\"elementor-heading-title elementor-size-default\">Propostes de sortides<\/h2>\t\t\t\t<\/div>\n\t\t\t\t<\/div>\n\t\t\t\t<div class=\"elementor-element elementor-element-2b32cbf elementor-widget elementor-widget-text-editor\" data-id=\"2b32cbf\" data-element_type=\"widget\" data-e-type=\"widget\" data-widget_type=\"text-editor.default\">\n\t\t\t\t<div class=\"elementor-widget-container\">\n\t\t\t\t\t\t\t\t\t<p>Pels amants de la hist\u00f2ria, el vi i la gastronomia, la <strong>regi\u00f3 de La Rioja<\/strong> \u00e9s un parad\u00eds a visitar.<\/p><p>Pobles i viles centenaris, que van patir els avatars de ser terra fronterera entre els regnes de Navarra i Castella.<\/p><p>Meca d&#8217;un dels vins amb m\u00e9s fama internacional, el Rioja, es pot dir que gaireb\u00e9 cada casa \u00e9s un celler. \u00c9s gaireb\u00e9 obligat visitar i efectuar un tast a cadascun dels innombrables cellers comercials, molts d&#8217;ells en nobles i hist\u00f2rics edificis, altres adaptats a la modernitat. No m&#8217;atreveixo a citar-ne cap en concret, cada viatger tindr\u00e0 els seus gustos, i la informaci\u00f3 disponible a Internet \u00e9s molt \u00e0mplia.<\/p><p>Finalment, la gastronomia, amb productes de l&#8217;horta, el xai i el porc i els seus derivats, i el vi s\u00f3n el m\u00e9s destacat: minestres, esp\u00e0rrecs i carxofes; receptes a la riojana de patates, mongetes o bacall\u00e0; xai rostit o costelletes. Sempre acompanyat d&#8217;un bon vi de la terra, amb les \u201climitacions que la DGT imposi\u201d.<\/p>\t\t\t\t\t\t\t\t<\/div>\n\t\t\t\t<\/div>\n\t\t\t\t<div class=\"elementor-element elementor-element-1f2e98ae elementor-widget elementor-widget-heading\" data-id=\"1f2e98ae\" data-element_type=\"widget\" data-e-type=\"widget\" data-widget_type=\"heading.default\">\n\t\t\t\t<div class=\"elementor-widget-container\">\n\t\t\t\t\t<h4 class=\"elementor-heading-title elementor-size-default\">Conjunts hist\u00f2rics<\/h4>\t\t\t\t<\/div>\n\t\t\t\t<\/div>\n\t\t\t\t<div class=\"elementor-element elementor-element-00426d9 elementor-widget elementor-widget-text-editor\" data-id=\"00426d9\" data-element_type=\"widget\" data-e-type=\"widget\" data-widget_type=\"text-editor.default\">\n\t\t\t\t<div class=\"elementor-widget-container\">\n\t\t\t\t\t\t\t\t\t<p>Per constatar la riquesa que ofereix el paisatge hum\u00e0, em limitar\u00e9 a un llistat dels conjunts hist\u00f2rics m\u00e9s excel\u00b7lents que es troben dins un radi de 50 quil\u00f2metres a la rodona al voltant de l&#8217;<strong>Hotel ETH Rioja<\/strong>.<\/p>\t\t\t\t\t\t\t\t<\/div>\n\t\t\t\t<\/div>\n\t\t\t\t<div class=\"elementor-element elementor-element-0443fb4 elementor-widget elementor-widget-image\" data-id=\"0443fb4\" data-element_type=\"widget\" data-e-type=\"widget\" data-widget_type=\"image.default\">\n\t\t\t\t<div class=\"elementor-widget-container\">\n\t\t\t\t\t\t\t\t\t\t\t\t<figure class=\"wp-caption\">\n\t\t\t\t\t\t\t\t\t\t<img loading=\"lazy\" decoding=\"async\" width=\"768\" height=\"512\" src=\"https:\/\/www.elturistatranquil.com\/wp-content\/uploads\/F28-Poblaciones-historicas-en-50-km-alrededor-de-Haro.-La-Rioja-Google-maps-2025-04-23.jpg\" class=\"attachment-large size-large wp-image-58217\" alt=\"Poblaciones hist\u00f3ricas en 50 km alrededor de Haro. La Rioja (Google maps 2025-04-23)\" srcset=\"https:\/\/www.elturistatranquil.com\/wp-content\/uploads\/F28-Poblaciones-historicas-en-50-km-alrededor-de-Haro.-La-Rioja-Google-maps-2025-04-23.jpg 768w, https:\/\/www.elturistatranquil.com\/wp-content\/uploads\/F28-Poblaciones-historicas-en-50-km-alrededor-de-Haro.-La-Rioja-Google-maps-2025-04-23-339x226.jpg 339w\" sizes=\"(max-width: 768px) 100vw, 768px\" \/>\t\t\t\t\t\t\t\t\t\t\t<figcaption class=\"widget-image-caption wp-caption-text\">Poblacions hist\u00f2riques a 50 km al voltant d'Haro. La Rioja (Google maps 2025-04-23)<\/figcaption>\n\t\t\t\t\t\t\t\t\t\t<\/figure>\n\t\t\t\t\t\t\t\t\t<\/div>\n\t\t\t\t<\/div>\n\t\t\t\t<div class=\"elementor-element elementor-element-2b161b2 elementor-widget elementor-widget-text-editor\" data-id=\"2b161b2\" data-element_type=\"widget\" data-e-type=\"widget\" data-widget_type=\"text-editor.default\">\n\t\t\t\t<div class=\"elementor-widget-container\">\n\t\t\t\t\t\t\t\t\t<p>Comen\u00e7ant pel propi <strong><a href=\"https:\/\/www.elturistatranquil.com\/ca\/haro-la-rioja\/\" target=\"_blank\" rel=\"noopener\">Haro<\/a><\/strong> (42\u00b034\u203237\u2033N 2\u00b050\u203246\u2033W)<\/p><p><strong>Ba\u00f1ares<\/strong>. La Rioja (42\u00b028&#8217;07&#8243;N 2\u00b054&#8217;42&#8243;W)<br \/><strong>Briones<\/strong>. La Rioja (42\u00b032&#8217;39&#8243;N 2\u00b047&#8217;06&#8243;W)<br \/><strong>Casalarreina<\/strong>. La Rioja (42\u00b032&#8217;52&#8243;N 2\u00b054&#8217;47&#8243;W)<br \/><strong>Ezcaray<\/strong>. La Rioja (42\u00b019&#8217;36&#8243;N 3\u00b000&#8217;48&#8243;W)<br \/><strong>Logro\u00f1o<\/strong>. La Rioja (42\u00b027&#8217;56&#8243;N 2\u00b026&#8217;60&#8243;W)<br \/><strong>N\u00e1jera<\/strong>. La Rioja (42\u00b024&#8217;57&#8243;N 2\u00b044&#8217;03&#8243;W)<br \/><strong>Navarrete<\/strong>. La Rioja (42\u00b025&#8217;50&#8243;N 2\u00b033&#8217;52&#8243;W)<br \/><strong>Sajazarra<\/strong>. La Rioja (42\u00b035&#8217;18&#8243;N 2\u00b057&#8217;41&#8243;W)<br \/><strong>San Mill\u00e1n de la Cogolla<\/strong>. La Rioja (42\u00b019&#8217;44&#8243;N 2\u00b051&#8217;41&#8243;W)<br \/><strong>San Vicente de la Sonsierra<\/strong>. La Rioja (42\u00b033&#8217;44&#8243;N 2\u00b045&#8217;33&#8243;W)<br \/><strong>Santo Domingo de la Calzada<\/strong>. La Rioja (42\u00b026&#8217;31&#8243;N 2\u00b057&#8217;09&#8243;W)<br \/><strong>Torrecilla en Cameros<\/strong>. La Rioja (42\u00b015&#8217;18&#8243;N 2\u00b037&#8217;50&#8243;W)<br \/><strong>Labastida\/Bastida<\/strong>. Araba\/\u00c1lava (42\u00b035&#8217;25&#8243;N 2\u00b047&#8217;35&#8243;W)<br \/><strong>Laguardia<\/strong>. Araba\/\u00c1lava (42\u00b033&#8217;15&#8243;N 2\u00b035&#8217;03&#8243;W)<br \/><strong>Salvatierra\/Agurain<\/strong>. Araba\/\u00c1lava (42\u00b051&#8217;08&#8243;N 2\u00b023&#8217;22&#8243;W)<br \/><strong>Vitoria-Gasteiz<\/strong>. Araba\/\u00c1lava (42\u00b050&#8217;47&#8243;N 2\u00b040&#8217;04&#8243;W)<br \/><strong>Briviesca<\/strong>. Burgos (42\u00b033\u203201\u2033N\u00a03\u00b019\u203218\u2033W)<br \/><strong>Condado de Trevi\u00f1o<\/strong>. Burgos (42\u00b044\u203204\u2033N\u00a02\u00b044\u203249\u2033W)<br \/><strong>Fr\u00edas<\/strong>. Burgos (42\u00b045\u203241\u2033N\u00a03\u00b017\u203240\u2033W)<br \/><strong>La Puebla de Arganz\u00f3n<\/strong>. Burgos (42\u00b045\u203259\u2033N\u00a02\u00b049\u203254\u2033W)<br \/><strong>Miranda de Ebro<\/strong>. Burgos (42\u00b041\u203206\u2033N\u00a02\u00b056\u203255\u2033W)<br \/><strong>Salas de los Infantes<\/strong>. Burgos (42\u00b042\u203254\u2033N\u00a03\u00b003\u203231\u2033W)<br \/><strong>Viana<\/strong>. Navarra (42\u00b030&#8217;54&#8243;N 2\u00b022&#8217;17&#8243;W)<\/p>\t\t\t\t\t\t\t\t<\/div>\n\t\t\t\t<\/div>\n\t\t\t\t<div class=\"elementor-element elementor-element-8715c87 elementor-widget elementor-widget-heading\" data-id=\"8715c87\" data-element_type=\"widget\" data-e-type=\"widget\" data-widget_type=\"heading.default\">\n\t\t\t\t<div class=\"elementor-widget-container\">\n\t\t\t\t\t<h2 class=\"elementor-heading-title elementor-size-default\">Fi de la sortida: el retorn<\/h2>\t\t\t\t<\/div>\n\t\t\t\t<\/div>\n\t\t\t\t<div class=\"elementor-element elementor-element-636cb00 elementor-widget elementor-widget-text-editor\" data-id=\"636cb00\" data-element_type=\"widget\" data-e-type=\"widget\" data-widget_type=\"text-editor.default\">\n\t\t\t\t<div class=\"elementor-widget-container\">\n\t\t\t\t\t\t\t\t\t<p>L\u2019<strong>Hotel ETH Rioja<\/strong>, es un allotjament c\u00f2mode i pr\u00e0ctic des d&#8217;on rec\u00f3rrer la hist\u00f2ria d&#8217;aquesta terra de pas encaixada entre el Sistema Cant\u00e0bric i el Sistema Ib\u00e8ric, i gaudir dels productes de la terra en la seva forma gastron\u00f2mica i vin\u00edcola.<\/p><p>Pel que fa a l&#8217;experi\u00e8ncia de l&#8217;allotjament, cal recon\u00e8ixer que, per a una sortida plena d&#8217;activitats com aquesta, on l&#8217;allotjament compleix \u00fanicament la funci\u00f3 de lloc de descans, l&#8217;opci\u00f3 d&#8217;una localitzaci\u00f3 periurbana amb facilitat d&#8217;aparcament i proper a eixos o nusos de comunicaci\u00f3, pot ser una opci\u00f3 encertada. A m\u00e9s, els preus acostumen a ser m\u00e9s ajustats que al centre urb\u00e0.<\/p><p>No descarto repetir aquest tipus d&#8217;allotjament periurb\u00e0 en altres sortides amb els mateixos objectius.<\/p>\t\t\t\t\t\t\t\t<\/div>\n\t\t\t\t<\/div>\n\t\t\t\t\t<\/div>\n\t\t<\/div>\n\t\t\t\t\t<\/div>\n\t\t<\/section>\n\t\t\t\t<\/div>\n\t\t","protected":false},"excerpt":{"rendered":"<p>Hotel ETH Rioja a Haro (La Rioja). Una bona experi\u00e8ncia en un hotel d&#8217;extraradi urb\u00e0 per a sortides on l&#8217;allotjament sigui nom\u00e9s lloc de descans. Hotel ETH Rioja, Haro (La &#8230; <a title=\"Hotel ETH Rioja, Haro (La Rioja)\" class=\"read-more\" href=\"https:\/\/www.elturistatranquil.com\/ca\/hotel-eth-rioja-haro-la-rioja\/\" aria-label=\"M\u00e9s informaci\u00f3 sobre Hotel ETH Rioja, Haro (La Rioja)\">[ &#8230; ]<\/a><\/p>\n","protected":false},"author":1,"featured_media":58149,"comment_status":"open","ping_status":"closed","sticky":false,"template":"","format":"standard","meta":{"footnotes":""},"categories":[77,229,84,206,108,110],"tags":[],"class_list":["post-58221","post","type-post","status-publish","format-standard","has-post-thumbnail","hentry","category-conjunts-historics","category-enoturisme","category-hotel-ca","category-la-rioja-ca","category-turisme-tranquil","category-vila","infinite-scroll-item","generate-columns","tablet-grid-50","mobile-grid-100","grid-parent","grid-50","no-featured-image-padding"],"yoast_head":"<!-- This site is optimized with the Yoast SEO plugin v27.4 - https:\/\/yoast.com\/product\/yoast-seo-wordpress\/ -->\n<title>Hotel ETH Rioja, Haro (La Rioja) - El turista tranquil<\/title>\n<meta name=\"description\" content=\"Hotel ETH Rioja a Haro (La Rioja). Una bona experi\u00e8ncia en un hotel d&#039;extraradi urb\u00e0 per a sortides on l&#039;allotjament sigui nom\u00e9s lloc de descans.\" \/>\n<meta name=\"robots\" content=\"index, follow, max-snippet:-1, max-image-preview:large, max-video-preview:-1\" \/>\n<link rel=\"canonical\" href=\"https:\/\/www.elturistatranquil.com\/ca\/hotel-eth-rioja-haro-la-rioja\/\" \/>\n<meta property=\"og:locale\" content=\"ca_ES\" \/>\n<meta property=\"og:type\" content=\"article\" \/>\n<meta property=\"og:title\" content=\"Hotel ETH Rioja, Haro (La Rioja) - El turista tranquil\" \/>\n<meta property=\"og:description\" content=\"Hotel ETH Rioja a Haro (La Rioja). Una bona experi\u00e8ncia en un hotel d&#039;extraradi urb\u00e0 per a sortides on l&#039;allotjament sigui nom\u00e9s lloc de descans.\" \/>\n<meta property=\"og:url\" content=\"https:\/\/www.elturistatranquil.com\/ca\/hotel-eth-rioja-haro-la-rioja\/\" \/>\n<meta property=\"og:site_name\" content=\"El turista tranquil\" \/>\n<meta property=\"article:publisher\" content=\"https:\/\/www.facebook.com\/elturistatranquilo\/\" \/>\n<meta property=\"article:published_time\" content=\"2025-05-03T08:20:45+00:00\" \/>\n<meta property=\"article:modified_time\" content=\"2025-09-29T10:48:54+00:00\" \/>\n<meta property=\"og:image\" content=\"https:\/\/www.elturistatranquil.com\/wp-content\/uploads\/F01-Hotel-ETH-Rioja-Haro-La-Rioja.jpg\" \/>\n\t<meta property=\"og:image:width\" content=\"768\" \/>\n\t<meta property=\"og:image:height\" content=\"512\" \/>\n\t<meta property=\"og:image:type\" content=\"image\/jpeg\" \/>\n<meta name=\"author\" content=\"admin\" \/>\n<meta name=\"twitter:card\" content=\"summary_large_image\" \/>\n<meta name=\"twitter:label1\" content=\"Escrit per\" \/>\n\t<meta name=\"twitter:data1\" content=\"admin\" \/>\n\t<meta name=\"twitter:label2\" content=\"Temps estimat de lectura\" \/>\n\t<meta name=\"twitter:data2\" content=\"12 minuts\" \/>\n<script type=\"application\/ld+json\" class=\"yoast-schema-graph\">{\"@context\":\"https:\\\/\\\/schema.org\",\"@graph\":[{\"@type\":\"Article\",\"@id\":\"https:\\\/\\\/www.elturistatranquil.com\\\/ca\\\/hotel-eth-rioja-haro-la-rioja\\\/#article\",\"isPartOf\":{\"@id\":\"https:\\\/\\\/www.elturistatranquil.com\\\/ca\\\/hotel-eth-rioja-haro-la-rioja\\\/\"},\"author\":{\"name\":\"admin\",\"@id\":\"https:\\\/\\\/www.elturistatranquil.com\\\/ca\\\/#\\\/schema\\\/person\\\/16f607c3079b96ed0c530a52e6b58bb5\"},\"headline\":\"Hotel ETH Rioja, Haro (La Rioja)\",\"datePublished\":\"2025-05-03T08:20:45+00:00\",\"dateModified\":\"2025-09-29T10:48:54+00:00\",\"mainEntityOfPage\":{\"@id\":\"https:\\\/\\\/www.elturistatranquil.com\\\/ca\\\/hotel-eth-rioja-haro-la-rioja\\\/\"},\"wordCount\":1140,\"commentCount\":0,\"image\":{\"@id\":\"https:\\\/\\\/www.elturistatranquil.com\\\/ca\\\/hotel-eth-rioja-haro-la-rioja\\\/#primaryimage\"},\"thumbnailUrl\":\"https:\\\/\\\/www.elturistatranquil.com\\\/wp-content\\\/uploads\\\/F01-Hotel-ETH-Rioja-Haro-La-Rioja.jpg\",\"articleSection\":[\"Conjunts hist\u00f2rics\",\"Enoturisme\",\"Hotel, Allotjament\",\"La Rioja\",\"Turisme tranquil\",\"Vila\"],\"inLanguage\":\"ca\",\"potentialAction\":[{\"@type\":\"CommentAction\",\"name\":\"Comment\",\"target\":[\"https:\\\/\\\/www.elturistatranquil.com\\\/ca\\\/hotel-eth-rioja-haro-la-rioja\\\/#respond\"]}]},{\"@type\":\"WebPage\",\"@id\":\"https:\\\/\\\/www.elturistatranquil.com\\\/ca\\\/hotel-eth-rioja-haro-la-rioja\\\/\",\"url\":\"https:\\\/\\\/www.elturistatranquil.com\\\/ca\\\/hotel-eth-rioja-haro-la-rioja\\\/\",\"name\":\"Hotel ETH Rioja, Haro (La Rioja) - El turista tranquil\",\"isPartOf\":{\"@id\":\"https:\\\/\\\/www.elturistatranquil.com\\\/ca\\\/#website\"},\"primaryImageOfPage\":{\"@id\":\"https:\\\/\\\/www.elturistatranquil.com\\\/ca\\\/hotel-eth-rioja-haro-la-rioja\\\/#primaryimage\"},\"image\":{\"@id\":\"https:\\\/\\\/www.elturistatranquil.com\\\/ca\\\/hotel-eth-rioja-haro-la-rioja\\\/#primaryimage\"},\"thumbnailUrl\":\"https:\\\/\\\/www.elturistatranquil.com\\\/wp-content\\\/uploads\\\/F01-Hotel-ETH-Rioja-Haro-La-Rioja.jpg\",\"datePublished\":\"2025-05-03T08:20:45+00:00\",\"dateModified\":\"2025-09-29T10:48:54+00:00\",\"author\":{\"@id\":\"https:\\\/\\\/www.elturistatranquil.com\\\/ca\\\/#\\\/schema\\\/person\\\/16f607c3079b96ed0c530a52e6b58bb5\"},\"description\":\"Hotel ETH Rioja a Haro (La Rioja). Una bona experi\u00e8ncia en un hotel d'extraradi urb\u00e0 per a sortides on l'allotjament sigui nom\u00e9s lloc de descans.\",\"breadcrumb\":{\"@id\":\"https:\\\/\\\/www.elturistatranquil.com\\\/ca\\\/hotel-eth-rioja-haro-la-rioja\\\/#breadcrumb\"},\"inLanguage\":\"ca\",\"potentialAction\":[{\"@type\":\"ReadAction\",\"target\":[\"https:\\\/\\\/www.elturistatranquil.com\\\/ca\\\/hotel-eth-rioja-haro-la-rioja\\\/\"]}]},{\"@type\":\"ImageObject\",\"inLanguage\":\"ca\",\"@id\":\"https:\\\/\\\/www.elturistatranquil.com\\\/ca\\\/hotel-eth-rioja-haro-la-rioja\\\/#primaryimage\",\"url\":\"https:\\\/\\\/www.elturistatranquil.com\\\/wp-content\\\/uploads\\\/F01-Hotel-ETH-Rioja-Haro-La-Rioja.jpg\",\"contentUrl\":\"https:\\\/\\\/www.elturistatranquil.com\\\/wp-content\\\/uploads\\\/F01-Hotel-ETH-Rioja-Haro-La-Rioja.jpg\",\"width\":768,\"height\":512,\"caption\":\"Hotel ETH Rioja, Haro, La Rioja\"},{\"@type\":\"BreadcrumbList\",\"@id\":\"https:\\\/\\\/www.elturistatranquil.com\\\/ca\\\/hotel-eth-rioja-haro-la-rioja\\\/#breadcrumb\",\"itemListElement\":[{\"@type\":\"ListItem\",\"position\":1,\"name\":\"Portada\",\"item\":\"https:\\\/\\\/www.elturistatranquil.com\\\/ca\\\/\"},{\"@type\":\"ListItem\",\"position\":2,\"name\":\"Hotel ETH Rioja, Haro (La Rioja)\"}]},{\"@type\":\"WebSite\",\"@id\":\"https:\\\/\\\/www.elturistatranquil.com\\\/ca\\\/#website\",\"url\":\"https:\\\/\\\/www.elturistatranquil.com\\\/ca\\\/\",\"name\":\"El turista tranquil\",\"description\":\"Blog de viatges\",\"potentialAction\":[{\"@type\":\"SearchAction\",\"target\":{\"@type\":\"EntryPoint\",\"urlTemplate\":\"https:\\\/\\\/www.elturistatranquil.com\\\/ca\\\/?s={search_term_string}\"},\"query-input\":{\"@type\":\"PropertyValueSpecification\",\"valueRequired\":true,\"valueName\":\"search_term_string\"}}],\"inLanguage\":\"ca\"},{\"@type\":\"Person\",\"@id\":\"https:\\\/\\\/www.elturistatranquil.com\\\/ca\\\/#\\\/schema\\\/person\\\/16f607c3079b96ed0c530a52e6b58bb5\",\"name\":\"admin\",\"image\":{\"@type\":\"ImageObject\",\"inLanguage\":\"ca\",\"@id\":\"https:\\\/\\\/secure.gravatar.com\\\/avatar\\\/1fbaf22aee75fcbb29a2f97b107f95d25d3a19b7c3416105be10269872673e8d?s=96&d=mm&r=g\",\"url\":\"https:\\\/\\\/secure.gravatar.com\\\/avatar\\\/1fbaf22aee75fcbb29a2f97b107f95d25d3a19b7c3416105be10269872673e8d?s=96&d=mm&r=g\",\"contentUrl\":\"https:\\\/\\\/secure.gravatar.com\\\/avatar\\\/1fbaf22aee75fcbb29a2f97b107f95d25d3a19b7c3416105be10269872673e8d?s=96&d=mm&r=g\",\"caption\":\"admin\"}}]}<\/script>\n<!-- \/ Yoast SEO plugin. -->","yoast_head_json":{"title":"Hotel ETH Rioja, Haro (La Rioja) - El turista tranquil","description":"Hotel ETH Rioja a Haro (La Rioja). Una bona experi\u00e8ncia en un hotel d'extraradi urb\u00e0 per a sortides on l'allotjament sigui nom\u00e9s lloc de descans.","robots":{"index":"index","follow":"follow","max-snippet":"max-snippet:-1","max-image-preview":"max-image-preview:large","max-video-preview":"max-video-preview:-1"},"canonical":"https:\/\/www.elturistatranquil.com\/ca\/hotel-eth-rioja-haro-la-rioja\/","og_locale":"ca_ES","og_type":"article","og_title":"Hotel ETH Rioja, Haro (La Rioja) - El turista tranquil","og_description":"Hotel ETH Rioja a Haro (La Rioja). Una bona experi\u00e8ncia en un hotel d'extraradi urb\u00e0 per a sortides on l'allotjament sigui nom\u00e9s lloc de descans.","og_url":"https:\/\/www.elturistatranquil.com\/ca\/hotel-eth-rioja-haro-la-rioja\/","og_site_name":"El turista tranquil","article_publisher":"https:\/\/www.facebook.com\/elturistatranquilo\/","article_published_time":"2025-05-03T08:20:45+00:00","article_modified_time":"2025-09-29T10:48:54+00:00","og_image":[{"width":768,"height":512,"url":"https:\/\/www.elturistatranquil.com\/wp-content\/uploads\/F01-Hotel-ETH-Rioja-Haro-La-Rioja.jpg","type":"image\/jpeg"}],"author":"admin","twitter_card":"summary_large_image","twitter_misc":{"Escrit per":"admin","Temps estimat de lectura":"12 minuts"},"schema":{"@context":"https:\/\/schema.org","@graph":[{"@type":"Article","@id":"https:\/\/www.elturistatranquil.com\/ca\/hotel-eth-rioja-haro-la-rioja\/#article","isPartOf":{"@id":"https:\/\/www.elturistatranquil.com\/ca\/hotel-eth-rioja-haro-la-rioja\/"},"author":{"name":"admin","@id":"https:\/\/www.elturistatranquil.com\/ca\/#\/schema\/person\/16f607c3079b96ed0c530a52e6b58bb5"},"headline":"Hotel ETH Rioja, Haro (La Rioja)","datePublished":"2025-05-03T08:20:45+00:00","dateModified":"2025-09-29T10:48:54+00:00","mainEntityOfPage":{"@id":"https:\/\/www.elturistatranquil.com\/ca\/hotel-eth-rioja-haro-la-rioja\/"},"wordCount":1140,"commentCount":0,"image":{"@id":"https:\/\/www.elturistatranquil.com\/ca\/hotel-eth-rioja-haro-la-rioja\/#primaryimage"},"thumbnailUrl":"https:\/\/www.elturistatranquil.com\/wp-content\/uploads\/F01-Hotel-ETH-Rioja-Haro-La-Rioja.jpg","articleSection":["Conjunts hist\u00f2rics","Enoturisme","Hotel, Allotjament","La Rioja","Turisme tranquil","Vila"],"inLanguage":"ca","potentialAction":[{"@type":"CommentAction","name":"Comment","target":["https:\/\/www.elturistatranquil.com\/ca\/hotel-eth-rioja-haro-la-rioja\/#respond"]}]},{"@type":"WebPage","@id":"https:\/\/www.elturistatranquil.com\/ca\/hotel-eth-rioja-haro-la-rioja\/","url":"https:\/\/www.elturistatranquil.com\/ca\/hotel-eth-rioja-haro-la-rioja\/","name":"Hotel ETH Rioja, Haro (La Rioja) - El turista tranquil","isPartOf":{"@id":"https:\/\/www.elturistatranquil.com\/ca\/#website"},"primaryImageOfPage":{"@id":"https:\/\/www.elturistatranquil.com\/ca\/hotel-eth-rioja-haro-la-rioja\/#primaryimage"},"image":{"@id":"https:\/\/www.elturistatranquil.com\/ca\/hotel-eth-rioja-haro-la-rioja\/#primaryimage"},"thumbnailUrl":"https:\/\/www.elturistatranquil.com\/wp-content\/uploads\/F01-Hotel-ETH-Rioja-Haro-La-Rioja.jpg","datePublished":"2025-05-03T08:20:45+00:00","dateModified":"2025-09-29T10:48:54+00:00","author":{"@id":"https:\/\/www.elturistatranquil.com\/ca\/#\/schema\/person\/16f607c3079b96ed0c530a52e6b58bb5"},"description":"Hotel ETH Rioja a Haro (La Rioja). Una bona experi\u00e8ncia en un hotel d'extraradi urb\u00e0 per a sortides on l'allotjament sigui nom\u00e9s lloc de descans.","breadcrumb":{"@id":"https:\/\/www.elturistatranquil.com\/ca\/hotel-eth-rioja-haro-la-rioja\/#breadcrumb"},"inLanguage":"ca","potentialAction":[{"@type":"ReadAction","target":["https:\/\/www.elturistatranquil.com\/ca\/hotel-eth-rioja-haro-la-rioja\/"]}]},{"@type":"ImageObject","inLanguage":"ca","@id":"https:\/\/www.elturistatranquil.com\/ca\/hotel-eth-rioja-haro-la-rioja\/#primaryimage","url":"https:\/\/www.elturistatranquil.com\/wp-content\/uploads\/F01-Hotel-ETH-Rioja-Haro-La-Rioja.jpg","contentUrl":"https:\/\/www.elturistatranquil.com\/wp-content\/uploads\/F01-Hotel-ETH-Rioja-Haro-La-Rioja.jpg","width":768,"height":512,"caption":"Hotel ETH Rioja, Haro, La Rioja"},{"@type":"BreadcrumbList","@id":"https:\/\/www.elturistatranquil.com\/ca\/hotel-eth-rioja-haro-la-rioja\/#breadcrumb","itemListElement":[{"@type":"ListItem","position":1,"name":"Portada","item":"https:\/\/www.elturistatranquil.com\/ca\/"},{"@type":"ListItem","position":2,"name":"Hotel ETH Rioja, Haro (La Rioja)"}]},{"@type":"WebSite","@id":"https:\/\/www.elturistatranquil.com\/ca\/#website","url":"https:\/\/www.elturistatranquil.com\/ca\/","name":"El turista tranquil","description":"Blog de viatges","potentialAction":[{"@type":"SearchAction","target":{"@type":"EntryPoint","urlTemplate":"https:\/\/www.elturistatranquil.com\/ca\/?s={search_term_string}"},"query-input":{"@type":"PropertyValueSpecification","valueRequired":true,"valueName":"search_term_string"}}],"inLanguage":"ca"},{"@type":"Person","@id":"https:\/\/www.elturistatranquil.com\/ca\/#\/schema\/person\/16f607c3079b96ed0c530a52e6b58bb5","name":"admin","image":{"@type":"ImageObject","inLanguage":"ca","@id":"https:\/\/secure.gravatar.com\/avatar\/1fbaf22aee75fcbb29a2f97b107f95d25d3a19b7c3416105be10269872673e8d?s=96&d=mm&r=g","url":"https:\/\/secure.gravatar.com\/avatar\/1fbaf22aee75fcbb29a2f97b107f95d25d3a19b7c3416105be10269872673e8d?s=96&d=mm&r=g","contentUrl":"https:\/\/secure.gravatar.com\/avatar\/1fbaf22aee75fcbb29a2f97b107f95d25d3a19b7c3416105be10269872673e8d?s=96&d=mm&r=g","caption":"admin"}}]}},"_links":{"self":[{"href":"https:\/\/www.elturistatranquil.com\/ca\/wp-json\/wp\/v2\/posts\/58221","targetHints":{"allow":["GET"]}}],"collection":[{"href":"https:\/\/www.elturistatranquil.com\/ca\/wp-json\/wp\/v2\/posts"}],"about":[{"href":"https:\/\/www.elturistatranquil.com\/ca\/wp-json\/wp\/v2\/types\/post"}],"author":[{"embeddable":true,"href":"https:\/\/www.elturistatranquil.com\/ca\/wp-json\/wp\/v2\/users\/1"}],"replies":[{"embeddable":true,"href":"https:\/\/www.elturistatranquil.com\/ca\/wp-json\/wp\/v2\/comments?post=58221"}],"version-history":[{"count":8,"href":"https:\/\/www.elturistatranquil.com\/ca\/wp-json\/wp\/v2\/posts\/58221\/revisions"}],"predecessor-version":[{"id":62139,"href":"https:\/\/www.elturistatranquil.com\/ca\/wp-json\/wp\/v2\/posts\/58221\/revisions\/62139"}],"wp:featuredmedia":[{"embeddable":true,"href":"https:\/\/www.elturistatranquil.com\/ca\/wp-json\/wp\/v2\/media\/58149"}],"wp:attachment":[{"href":"https:\/\/www.elturistatranquil.com\/ca\/wp-json\/wp\/v2\/media?parent=58221"}],"wp:term":[{"taxonomy":"category","embeddable":true,"href":"https:\/\/www.elturistatranquil.com\/ca\/wp-json\/wp\/v2\/categories?post=58221"},{"taxonomy":"post_tag","embeddable":true,"href":"https:\/\/www.elturistatranquil.com\/ca\/wp-json\/wp\/v2\/tags?post=58221"}],"curies":[{"name":"wp","href":"https:\/\/api.w.org\/{rel}","templated":true}]}}