{"id":58615,"date":"2025-05-17T18:56:16","date_gmt":"2025-05-17T16:56:16","guid":{"rendered":"https:\/\/www.elturistatranquil.com\/?p=58615"},"modified":"2025-05-27T20:25:12","modified_gmt":"2025-05-27T18:25:12","slug":"haro-la-rioja","status":"publish","type":"post","link":"https:\/\/www.elturistatranquil.com\/ca\/haro-la-rioja\/","title":{"rendered":"Haro (La Rioja)"},"content":{"rendered":"\t\t<div data-elementor-type=\"wp-post\" data-elementor-id=\"58615\" class=\"elementor elementor-58615 elementor-58265\" data-elementor-post-type=\"post\">\n\t\t\t\t\t\t<section class=\"elementor-section elementor-top-section elementor-element elementor-element-72e3ce90 elementor-section-boxed elementor-section-height-default elementor-section-height-default\" data-id=\"72e3ce90\" data-element_type=\"section\" data-e-type=\"section\">\n\t\t\t\t\t\t<div class=\"elementor-container elementor-column-gap-default\">\n\t\t\t\t\t<div class=\"elementor-column elementor-col-100 elementor-top-column elementor-element elementor-element-3e4ba6af\" data-id=\"3e4ba6af\" data-element_type=\"column\" data-e-type=\"column\">\n\t\t\t<div class=\"elementor-widget-wrap elementor-element-populated\">\n\t\t\t\t\t\t<section class=\"elementor-section elementor-inner-section elementor-element elementor-element-474a1f9a elementor-section-content-middle elementor-section-boxed elementor-section-height-default elementor-section-height-default\" data-id=\"474a1f9a\" data-element_type=\"section\" data-e-type=\"section\">\n\t\t\t\t\t\t<div class=\"elementor-container elementor-column-gap-default\">\n\t\t\t\t\t<div class=\"elementor-column elementor-col-100 elementor-inner-column elementor-element elementor-element-21d4c62\" data-id=\"21d4c62\" data-element_type=\"column\" data-e-type=\"column\">\n\t\t\t<div class=\"elementor-widget-wrap elementor-element-populated\">\n\t\t\t\t\t\t<div class=\"elementor-element elementor-element-1b6bc4b7 elementor-widget elementor-widget-text-editor\" data-id=\"1b6bc4b7\" data-element_type=\"widget\" data-e-type=\"widget\" data-widget_type=\"text-editor.default\">\n\t\t\t\t<div class=\"elementor-widget-container\">\n\t\t\t\t\t\t\t\t\t<p><strong>Haro <\/strong>(La Rioja) combina un nucli hist\u00f2ric monumental \u2014amb la seva col\u00b7legiata, palaus i places barroques\u2014 amb el Barri de l&#8217;Estaci\u00f3, enclavament \u00fanic on van n\u00e9ixer els grans cellers de La Rioja al costat del ferrocarril. Patrimoni, paisatge i cultura vitivin\u00edcola es troben aqu\u00ed en un recorregut compacte i ple de car\u00e0cter.<\/p>\t\t\t\t\t\t\t\t<\/div>\n\t\t\t\t<\/div>\n\t\t\t\t\t<\/div>\n\t\t<\/div>\n\t\t\t\t\t<\/div>\n\t\t<\/section>\n\t\t\t\t<div class=\"elementor-element elementor-element-889227f elementor-widget elementor-widget-heading\" data-id=\"889227f\" data-element_type=\"widget\" data-e-type=\"widget\" data-widget_type=\"heading.default\">\n\t\t\t\t<div class=\"elementor-widget-container\">\n\t\t\t\t\t<h1 class=\"elementor-heading-title elementor-size-default\">Haro (La Rioja)<\/h1>\t\t\t\t<\/div>\n\t\t\t\t<\/div>\n\t\t\t\t\t<\/div>\n\t\t<\/div>\n\t\t\t\t\t<\/div>\n\t\t<\/section>\n\t\t\t\t<section class=\"elementor-section elementor-top-section elementor-element elementor-element-65dd4b29 elementor-section-boxed elementor-section-height-default elementor-section-height-default\" data-id=\"65dd4b29\" data-element_type=\"section\" data-e-type=\"section\">\n\t\t\t\t\t\t<div class=\"elementor-container elementor-column-gap-default\">\n\t\t\t\t\t<div class=\"elementor-column elementor-col-100 elementor-top-column elementor-element elementor-element-649c39a0\" data-id=\"649c39a0\" data-element_type=\"column\" data-e-type=\"column\">\n\t\t\t<div class=\"elementor-widget-wrap elementor-element-populated\">\n\t\t\t\t\t\t<div class=\"elementor-element elementor-element-296cac96 elementor-widget elementor-widget-image\" data-id=\"296cac96\" data-element_type=\"widget\" data-e-type=\"widget\" data-widget_type=\"image.default\">\n\t\t\t\t<div class=\"elementor-widget-container\">\n\t\t\t\t\t\t\t\t\t\t\t\t<figure class=\"wp-caption\">\n\t\t\t\t\t\t\t\t\t\t<img fetchpriority=\"high\" decoding=\"async\" width=\"768\" height=\"512\" src=\"https:\/\/www.elturistatranquil.com\/wp-content\/uploads\/F01-Haro-La-Rioja-Google-earth-2025-05-09.jpg\" class=\"attachment-large size-large wp-image-58280\" alt=\"Haro, La Rioja (Google earth 2025-05-09)\" srcset=\"https:\/\/www.elturistatranquil.com\/wp-content\/uploads\/F01-Haro-La-Rioja-Google-earth-2025-05-09.jpg 768w, https:\/\/www.elturistatranquil.com\/wp-content\/uploads\/F01-Haro-La-Rioja-Google-earth-2025-05-09-339x226.jpg 339w\" sizes=\"(max-width: 768px) 100vw, 768px\" \/>\t\t\t\t\t\t\t\t\t\t\t<figcaption class=\"widget-image-caption wp-caption-text\">Haro, La Rioja (Google earth 2025-05-09)<\/figcaption>\n\t\t\t\t\t\t\t\t\t\t<\/figure>\n\t\t\t\t\t\t\t\t\t<\/div>\n\t\t\t\t<\/div>\n\t\t\t\t<section class=\"elementor-section elementor-inner-section elementor-element elementor-element-306ca162 elementor-section-boxed elementor-section-height-default elementor-section-height-default\" data-id=\"306ca162\" data-element_type=\"section\" data-e-type=\"section\" data-settings=\"{&quot;background_background&quot;:&quot;classic&quot;}\">\n\t\t\t\t\t\t\t<div class=\"elementor-background-overlay\"><\/div>\n\t\t\t\t\t\t\t<div class=\"elementor-container elementor-column-gap-default\">\n\t\t\t\t\t<div class=\"elementor-column elementor-col-100 elementor-inner-column elementor-element elementor-element-3ce3bcd6\" data-id=\"3ce3bcd6\" data-element_type=\"column\" data-e-type=\"column\" data-settings=\"{&quot;background_background&quot;:&quot;classic&quot;}\">\n\t\t\t<div class=\"elementor-widget-wrap elementor-element-populated\">\n\t\t\t\t\t\t<div class=\"elementor-element elementor-element-7d0d7cc8 elementor-widget elementor-widget-text-editor\" data-id=\"7d0d7cc8\" data-element_type=\"widget\" data-e-type=\"widget\" data-widget_type=\"text-editor.default\">\n\t\t\t\t<div class=\"elementor-widget-container\">\n\t\t\t\t\t\t\t\t\t<p>Municipi: Haro. Comarca: Haro. Prov\u00edncia: La Rioja. Com. Aut\u00f2noma: La Rioja<br \/>Coordenades: 42\u00b034\u203237\u2033N 2\u00b050\u203246\u2033O. Altitud: 478 msnm. Poblaci\u00f3: 11.979 habitants (2024)<br \/>Web: <a href=\"https:\/\/www.haro.org\/es\/home\" target=\"_blank\" rel=\"noopener\">ayuntamiento<\/a><br \/><em>B\u00e9 d&#8217;Inter\u00e8s Cultural (BIC): Conjunt Hist\u00f2ric-Art\u00edstic<br \/><\/em>Visita: 2025<\/p>\t\t\t\t\t\t\t\t<\/div>\n\t\t\t\t<\/div>\n\t\t\t\t\t<\/div>\n\t\t<\/div>\n\t\t\t\t\t<\/div>\n\t\t<\/section>\n\t\t\t\t<div class=\"elementor-element elementor-element-daa9887 elementor-widget elementor-widget-spacer\" data-id=\"daa9887\" data-element_type=\"widget\" data-e-type=\"widget\" data-widget_type=\"spacer.default\">\n\t\t\t\t<div class=\"elementor-widget-container\">\n\t\t\t\t\t\t\t<div class=\"elementor-spacer\">\n\t\t\t<div class=\"elementor-spacer-inner\"><\/div>\n\t\t<\/div>\n\t\t\t\t\t\t<\/div>\n\t\t\t\t<\/div>\n\t\t\t\t<div class=\"elementor-element elementor-element-2b62255d elementor-widget elementor-widget-image\" data-id=\"2b62255d\" data-element_type=\"widget\" data-e-type=\"widget\" data-widget_type=\"image.default\">\n\t\t\t\t<div class=\"elementor-widget-container\">\n\t\t\t\t\t\t\t\t\t\t\t\t<figure class=\"wp-caption\">\n\t\t\t\t\t\t\t\t\t\t<img decoding=\"async\" width=\"768\" height=\"512\" src=\"https:\/\/www.elturistatranquil.com\/wp-content\/uploads\/F02e-Mapa-de-situacion-ETH-Rioja-Haro-Google-maps-2025-04-23.jpg\" class=\"attachment-medium_large size-medium_large wp-image-58155\" alt=\"Mapa de situacion ETH Rioja, Haro (Google maps 2025-04-23)\" srcset=\"https:\/\/www.elturistatranquil.com\/wp-content\/uploads\/F02e-Mapa-de-situacion-ETH-Rioja-Haro-Google-maps-2025-04-23.jpg 768w, https:\/\/www.elturistatranquil.com\/wp-content\/uploads\/F02e-Mapa-de-situacion-ETH-Rioja-Haro-Google-maps-2025-04-23-339x226.jpg 339w\" sizes=\"(max-width: 768px) 100vw, 768px\" \/>\t\t\t\t\t\t\t\t\t\t\t<figcaption class=\"widget-image-caption wp-caption-text\">Mapa de situaci\u00f3 de Haro (Google maps 2025-05-05)<\/figcaption>\n\t\t\t\t\t\t\t\t\t\t<\/figure>\n\t\t\t\t\t\t\t\t\t<\/div>\n\t\t\t\t<\/div>\n\t\t\t\t<div class=\"elementor-element elementor-element-ef54414 elementor-toc--minimized-on-tablet elementor-widget elementor-widget-table-of-contents\" data-id=\"ef54414\" data-element_type=\"widget\" data-e-type=\"widget\" data-settings=\"{&quot;headings_by_tags&quot;:[&quot;h2&quot;,&quot;h3&quot;,&quot;h4&quot;],&quot;marker_view&quot;:&quot;bullets&quot;,&quot;icon&quot;:{&quot;value&quot;:&quot;&quot;,&quot;library&quot;:&quot;&quot;},&quot;no_headings_message&quot;:&quot;No se ha encontrado ning\\u00fan encabezado en esta p\\u00e1gina.&quot;,&quot;minimize_box&quot;:&quot;yes&quot;,&quot;minimized_on&quot;:&quot;tablet&quot;,&quot;hierarchical_view&quot;:&quot;yes&quot;,&quot;min_height&quot;:{&quot;unit&quot;:&quot;px&quot;,&quot;size&quot;:&quot;&quot;,&quot;sizes&quot;:[]},&quot;min_height_tablet&quot;:{&quot;unit&quot;:&quot;px&quot;,&quot;size&quot;:&quot;&quot;,&quot;sizes&quot;:[]},&quot;min_height_mobile&quot;:{&quot;unit&quot;:&quot;px&quot;,&quot;size&quot;:&quot;&quot;,&quot;sizes&quot;:[]}}\" data-widget_type=\"table-of-contents.default\">\n\t\t\t\t<div class=\"elementor-widget-container\">\n\t\t\t\t\t\t\t\t\t<div class=\"elementor-toc__header\">\n\t\t\t\t\t\t<h4 class=\"elementor-toc__header-title\">\n\t\t\t\t\u00cdndex\t\t\t<\/h4>\n\t\t\t\t\t\t\t\t\t\t<div class=\"elementor-toc__toggle-button elementor-toc__toggle-button--expand\" role=\"button\" tabindex=\"0\" aria-controls=\"elementor-toc__ef54414\" aria-expanded=\"true\" aria-label=\"Open table of contents\"><i aria-hidden=\"true\" class=\"fas fa-chevron-down\"><\/i><\/div>\n\t\t\t\t<div class=\"elementor-toc__toggle-button elementor-toc__toggle-button--collapse\" role=\"button\" tabindex=\"0\" aria-controls=\"elementor-toc__ef54414\" aria-expanded=\"true\" aria-label=\"Close table of contents\"><i aria-hidden=\"true\" class=\"fas fa-chevron-up\"><\/i><\/div>\n\t\t\t\t\t<\/div>\n\t\t\t\t<div id=\"elementor-toc__ef54414\" class=\"elementor-toc__body\">\n\t\t\t<div class=\"elementor-toc__spinner-container\">\n\t\t\t\t<i class=\"elementor-toc__spinner eicon-animation-spin eicon-loading\" aria-hidden=\"true\"><\/i>\t\t\t<\/div>\n\t\t<\/div>\n\t\t\t\t\t\t<\/div>\n\t\t\t\t<\/div>\n\t\t\t\t<div class=\"elementor-element elementor-element-23035859 elementor-widget elementor-widget-menu-anchor\" data-id=\"23035859\" data-element_type=\"widget\" data-e-type=\"widget\" data-widget_type=\"menu-anchor.default\">\n\t\t\t\t<div class=\"elementor-widget-container\">\n\t\t\t\t\t\t\t<div class=\"elementor-menu-anchor\" id=\"a0101-EnlaceaunpuntodentrodelPost\"><\/div>\n\t\t\t\t\t\t<\/div>\n\t\t\t\t<\/div>\n\t\t\t\t<div class=\"elementor-element elementor-element-4e70bb02 elementor-widget elementor-widget-spacer\" data-id=\"4e70bb02\" data-element_type=\"widget\" data-e-type=\"widget\" data-widget_type=\"spacer.default\">\n\t\t\t\t<div class=\"elementor-widget-container\">\n\t\t\t\t\t\t\t<div class=\"elementor-spacer\">\n\t\t\t<div class=\"elementor-spacer-inner\"><\/div>\n\t\t<\/div>\n\t\t\t\t\t\t<\/div>\n\t\t\t\t<\/div>\n\t\t\t\t<div class=\"elementor-element elementor-element-6c65a02c elementor-widget elementor-widget-heading\" data-id=\"6c65a02c\" data-element_type=\"widget\" data-e-type=\"widget\" data-widget_type=\"heading.default\">\n\t\t\t\t<div class=\"elementor-widget-container\">\n\t\t\t\t\t<h2 class=\"elementor-heading-title elementor-size-default\">Haro. La Rioja<\/h2>\t\t\t\t<\/div>\n\t\t\t\t<\/div>\n\t\t\t\t<div class=\"elementor-element elementor-element-4996365c elementor-widget elementor-widget-text-editor\" data-id=\"4996365c\" data-element_type=\"widget\" data-e-type=\"widget\" data-widget_type=\"text-editor.default\">\n\t\t\t\t<div class=\"elementor-widget-container\">\n\t\t\t\t\t\t\t\t\t<p>La localitat d\u2019<strong>Haro<\/strong> se situa a l&#8217;extrem nord-occidental de la comunitat aut\u00f2noma de la Rioja, configurant-se com un territori lim\u00edtrof amb altres demarcacions administratives rellevants. La seva posici\u00f3 fronterera queda definida pel l\u00edmit amb la prov\u00edncia de Burgos a trav\u00e9s de les muntanyes Obarenes al nord, mentre que a l&#8217;est limita amb la prov\u00edncia d&#8217;\u00c0laba a trav\u00e9s de la llera del riu Ebre.<\/p>\t\t\t\t\t\t\t\t<\/div>\n\t\t\t\t<\/div>\n\t\t\t\t<div class=\"elementor-element elementor-element-ae37e49 elementor-widget elementor-widget-heading\" data-id=\"ae37e49\" data-element_type=\"widget\" data-e-type=\"widget\" data-widget_type=\"heading.default\">\n\t\t\t\t<div class=\"elementor-widget-container\">\n\t\t\t\t\t<h2 class=\"elementor-heading-title elementor-size-default\">El territori<\/h2>\t\t\t\t<\/div>\n\t\t\t\t<\/div>\n\t\t\t\t<div class=\"elementor-element elementor-element-5434750 elementor-widget elementor-widget-text-editor\" data-id=\"5434750\" data-element_type=\"widget\" data-e-type=\"widget\" data-widget_type=\"text-editor.default\">\n\t\t\t\t<div class=\"elementor-widget-container\">\n\t\t\t\t\t\t\t\t\t<p>Haro ocupa una posici\u00f3 estrat\u00e8gica dins la vall de l&#8217;Ebre, en una \u00e0rea de transici\u00f3 entre les muntanyes de la Serra de Cant\u00e0bria al nord i els primers contraforts de la Serra de la Demanda (Sistema Ib\u00e8ric) al sud. Aquest enclavament, a una altitud mitjana d&#8217;uns 479 metres sobre el nivell del mar, es beneficia d&#8217;un paisatge modelat pel riu Ebre i el seu afluent, el Tir\u00f3n, que als voltants configuren vegues f\u00e8rtils i turons suaus que han afavorit el cultiu de la vinya des de temps hist\u00f2rics.<\/p><p>Les difer\u00e8ncies entre zones muntanyoses i planes proporcionen a la comarca una certa diversitat ambiental que es reflecteix en la varietat de cultius, vegetaci\u00f3 natural i formes d&#8217;assentament hum\u00e0.<\/p>\t\t\t\t\t\t\t\t<\/div>\n\t\t\t\t<\/div>\n\t\t\t\t<div class=\"elementor-element elementor-element-289e0995 elementor-widget elementor-widget-image\" data-id=\"289e0995\" data-element_type=\"widget\" data-e-type=\"widget\" data-widget_type=\"image.default\">\n\t\t\t\t<div class=\"elementor-widget-container\">\n\t\t\t\t\t\t\t\t\t\t\t\t<figure class=\"wp-caption\">\n\t\t\t\t\t\t\t\t\t\t<img decoding=\"async\" width=\"768\" height=\"512\" src=\"https:\/\/www.elturistatranquil.com\/wp-content\/uploads\/F03-Haro-La-Rioja-Google-maps-2025-05-05.jpg\" class=\"attachment-large size-large wp-image-58282\" alt=\"Haro, La Rioja (Google maps 2025-05-05)\" srcset=\"https:\/\/www.elturistatranquil.com\/wp-content\/uploads\/F03-Haro-La-Rioja-Google-maps-2025-05-05.jpg 768w, https:\/\/www.elturistatranquil.com\/wp-content\/uploads\/F03-Haro-La-Rioja-Google-maps-2025-05-05-339x226.jpg 339w\" sizes=\"(max-width: 768px) 100vw, 768px\" \/>\t\t\t\t\t\t\t\t\t\t\t<figcaption class=\"widget-image-caption wp-caption-text\">La Rioja com a lloc de pas (Google maps 2025-05-05)<\/figcaption>\n\t\t\t\t\t\t\t\t\t\t<\/figure>\n\t\t\t\t\t\t\t\t\t<\/div>\n\t\t\t\t<\/div>\n\t\t\t\t<div class=\"elementor-element elementor-element-549d1c4f elementor-widget elementor-widget-text-editor\" data-id=\"549d1c4f\" data-element_type=\"widget\" data-e-type=\"widget\" data-widget_type=\"text-editor.default\">\n\t\t\t\t<div class=\"elementor-widget-container\">\n\t\t\t\t\t\t\t\t\t<p>La seva ubicaci\u00f3 geogr\u00e0fica ha condicionat hist\u00f2ricament el seu paper com a espai d&#8217;intercanvis i comunicacions entre diferents regions del nord peninsular, fent d&#8217;Haro el centre econ\u00f2mic i cultural de l&#8217;anomenada Rioja Alta i referent vitivin\u00edcola de rellev\u00e0ncia internacional.<\/p>\t\t\t\t\t\t\t\t<\/div>\n\t\t\t\t<\/div>\n\t\t\t\t<div class=\"elementor-element elementor-element-cfd5c9c elementor-widget elementor-widget-heading\" data-id=\"cfd5c9c\" data-element_type=\"widget\" data-e-type=\"widget\" data-widget_type=\"heading.default\">\n\t\t\t\t<div class=\"elementor-widget-container\">\n\t\t\t\t\t<h2 class=\"elementor-heading-title elementor-size-default\">Una mica d'hist\u00f2ria<\/h2>\t\t\t\t<\/div>\n\t\t\t\t<\/div>\n\t\t\t\t<div class=\"elementor-element elementor-element-d360bb2 elementor-widget elementor-widget-text-editor\" data-id=\"d360bb2\" data-element_type=\"widget\" data-e-type=\"widget\" data-widget_type=\"text-editor.default\">\n\t\t\t\t<div class=\"elementor-widget-container\">\n\t\t\t\t\t\t\t\t\t<p>La ciutat de Haro, situada al cor de la comarca de la Rioja Alta, presenta una evoluci\u00f3 hist\u00f2rica que reflecteix les principals transformacions pol\u00edtiques, socials i econ\u00f2miques del nord peninsular. La seva traject\u00f2ria, des dels primers indicis d&#8217;ocupaci\u00f3 fins a la consolidaci\u00f3 com a centre vitivin\u00edcola de refer\u00e8ncia, es pot dividir en diverses grans etapes clarament diferenciades.<\/p><p>Tot i que hi ha vestigis arqueol\u00f2gics que permeten suposar la pres\u00e8ncia humana en \u00e8poques preromanes i romanes, per\u00f2 ser\u00e0 a l&#8217;Edat Mitjana quan s&#8217;inici\u00ef la configuraci\u00f3 d&#8217;aquest territori.<\/p><p>Comen\u00e7a com a escenari de les primeres lluites de la conquesta musulmana i la reconquesta cristiana en el terreny compr\u00e8s entre les muntanyes Obarenes i els contraforts de la serra de la Demanda com a zona de conflictes entre el regne d&#8217;Ast\u00faries i la Hisp\u00e0nia isl\u00e0mica.<\/p><p>A finals segle IX es consoliden els primers assentaments definitius dels cristians a La Rioja. Amb la reconquesta definitiva del territori, concretament l&#8217;any 923 de la m\u00e0 d&#8217;Ordo\u00f1o II de Le\u00f3n (914-924) i Sancho Garc\u00e9s I de Navarra (905-925), comen\u00e7a la repoblaci\u00f3 d&#8217;aquestes terres. Al segle XI queda dins de l&#8217;\u00f2rbita del regne de Pamplona, \u200b\u200bi el 1076 passa al de Castella.<\/p><p>La primera refer\u00e8ncia documental d&#8217;Haro apareix al segle XI, i adquireix import\u00e0ncia estrat\u00e8gica com a pla\u00e7a de control a la frontera entre Castella, Navarra i Arag\u00f3. El nom de la localitat, vinculat a un possible &#8220;far&#8221; o senyal de vigil\u00e0ncia sobre l&#8217;Ebre, suggereix aquesta funci\u00f3 defensiva primerenca depenent del <em>Castrum Bilibium<\/em> situat al nord.<\/p><p>El \u201dfar\u201d es converteix en el castell de la Mota amb un nucli de caseriu dins una tanca que constituir\u00e0 la localitat d&#8217;Haro. Des de 1093 la fortalesa \u00e9s habitada per Diego L\u00f3pez de Haro I, VIII senyor de Biscaia, en atorgar-los el rei castell\u00e0 Alfonso VI el senyoriu d&#8217;Haro.<\/p><p>En el moment del conflicte entre Alfons I el Batallador d&#8217;Arag\u00f3 i Navarra i la reina Urraca de Lle\u00f3 i Castella al comen\u00e7ament del segle XII (1109\u20131126), l&#8217;ex\u00e8rcit d&#8217;Alfons I va construir durant els setges de 1116 i 1124, el \u201ccastell nou enfront d\u2019Haro\u201d, o castell de Santa Ll\u00facia, sobre un promontori situat a poc m\u00e9s de tres-cents metres al sud-est de la muralla d&#8217;Haro, amb funci\u00f3 estrictament ofensiva: servir de base d&#8217;operacions per al setge i fustigaci\u00f3 de la poblaci\u00f3 i el castell de la Mota, que resistia sota el control de Diego L\u00f3pez de Haro, aliat de la reina Urraca.<\/p>\t\t\t\t\t\t\t\t<\/div>\n\t\t\t\t<\/div>\n\t\t\t\t<div class=\"elementor-element elementor-element-c7dc40a elementor-widget elementor-widget-image\" data-id=\"c7dc40a\" data-element_type=\"widget\" data-e-type=\"widget\" data-widget_type=\"image.default\">\n\t\t\t\t<div class=\"elementor-widget-container\">\n\t\t\t\t\t\t\t\t\t\t\t\t<figure class=\"wp-caption\">\n\t\t\t\t\t\t\t\t\t\t<img loading=\"lazy\" decoding=\"async\" width=\"768\" height=\"512\" src=\"https:\/\/www.elturistatranquil.com\/wp-content\/uploads\/F04-Haro-La-Rioja-Google-earth-2025-05-05.jpg\" class=\"attachment-large size-large wp-image-58284\" alt=\"Haro, La Rioja (Google maps 2025-05-05)\" srcset=\"https:\/\/www.elturistatranquil.com\/wp-content\/uploads\/F04-Haro-La-Rioja-Google-earth-2025-05-05.jpg 768w, https:\/\/www.elturistatranquil.com\/wp-content\/uploads\/F04-Haro-La-Rioja-Google-earth-2025-05-05-339x226.jpg 339w\" sizes=\"(max-width: 768px) 100vw, 768px\" \/>\t\t\t\t\t\t\t\t\t\t\t<figcaption class=\"widget-image-caption wp-caption-text\">CM: Castell de la Mota. CN: Castell Nou (Google maps 2025-05-10)<\/figcaption>\n\t\t\t\t\t\t\t\t\t\t<\/figure>\n\t\t\t\t\t\t\t\t\t<\/div>\n\t\t\t\t<\/div>\n\t\t\t\t<div class=\"elementor-element elementor-element-f140b2e elementor-widget elementor-widget-text-editor\" data-id=\"f140b2e\" data-element_type=\"widget\" data-e-type=\"widget\" data-widget_type=\"text-editor.default\">\n\t\t\t\t<div class=\"elementor-widget-container\">\n\t\t\t\t\t\t\t\t\t<p>D&#8217;aquest fet que Haro arrib\u00e9s a tenir dos castells, dels quals no en queda cap resta.<\/p>\t\t\t\t\t\t\t\t<\/div>\n\t\t\t\t<\/div>\n\t\t\t\t<div class=\"elementor-element elementor-element-a371f52 elementor-widget elementor-widget-image\" data-id=\"a371f52\" data-element_type=\"widget\" data-e-type=\"widget\" data-widget_type=\"image.default\">\n\t\t\t\t<div class=\"elementor-widget-container\">\n\t\t\t\t\t\t\t\t\t\t\t\t<figure class=\"wp-caption\">\n\t\t\t\t\t\t\t\t\t\t<img loading=\"lazy\" decoding=\"async\" width=\"768\" height=\"512\" src=\"https:\/\/www.elturistatranquil.com\/wp-content\/uploads\/F05-Haro-La-Rioja.jpg\" class=\"attachment-large size-large wp-image-58286\" alt=\"Haro, La Rioja\" srcset=\"https:\/\/www.elturistatranquil.com\/wp-content\/uploads\/F05-Haro-La-Rioja.jpg 768w, https:\/\/www.elturistatranquil.com\/wp-content\/uploads\/F05-Haro-La-Rioja-339x226.jpg 339w\" sizes=\"(max-width: 768px) 100vw, 768px\" \/>\t\t\t\t\t\t\t\t\t\t\t<figcaption class=\"widget-image-caption wp-caption-text\">Al promontori al nord d'Haro se situava el castell de la Mota (CM), del qual no en queden restes. Vista de la mota des del barri de l'Estaci\u00f3<\/figcaption>\n\t\t\t\t\t\t\t\t\t\t<\/figure>\n\t\t\t\t\t\t\t\t\t<\/div>\n\t\t\t\t<\/div>\n\t\t\t\t<div class=\"elementor-element elementor-element-7728f75 elementor-widget elementor-widget-text-editor\" data-id=\"7728f75\" data-element_type=\"widget\" data-e-type=\"widget\" data-widget_type=\"text-editor.default\">\n\t\t\t\t<div class=\"elementor-widget-container\">\n\t\t\t\t\t\t\t\t\t<p>Durant el proc\u00e9s de repoblaci\u00f3 cristiana, el 1187, el rei Alfonso VIII de Castella li atorga fur propi, confirmat per Alfonso X el 1254, un privilegi que en va impulsar el creixement institucional, econ\u00f2mic i poblacional.<\/p><p>La Baixa Edat Mitjana va ser una \u00e8poca de consolidaci\u00f3 urbana i de configuraci\u00f3 progressiva del seu espai social, marcat per l&#8217;exist\u00e8ncia de grups de comerciants, artesans i viticultors. La noblesa local, encap\u00e7alada pel llinatge dels Haro, va jugar un paper destacat a l&#8217;esdevenir pol\u00edtic de la regi\u00f3.<\/p><p>En 1430, Juan II de Castella transferiu el senyoriu a Pedro Fern\u00e1ndez de Velasco, creant el Comtat d&#8217;Haro. Aquesta etapa es va caracteritzar per tensions entre el poder comtal i la poblaci\u00f3, com l&#8217;aixecament del 1520 contra els abusos de comerciants flamencs i privilegis feudals.<\/p><p>Durant els segles XVI i XVII, Haro va experimentar un important desenvolupament econ\u00f2mic, gr\u00e0cies en bona mesura al comer\u00e7 del vi i la seva ubicaci\u00f3 privilegiada a la ruta entre Castella i el nord peninsular. La vila va refor\u00e7ar la seva estructura urbana amb noves construccions religioses i edificis civils de gran prest\u00e0ncia.<\/p><p>Durant la Guerra de Successi\u00f3 (1701-1714), Haro va recolzar Felipe V, albergant el 1710 la reina Maria Llu\u00efsa Gabriela de Savoia al palau dels Salazar. Aquest gest li va valer el t\u00edtol de \u201c<em>Muy Noble y Muy Leal<\/em>\u201d.<\/p><p>El segle XIX va marcar un punt d\u2019inflexi\u00f3. El 1833, amb la creaci\u00f3 de la prov\u00edncia de Logronyo, Haro es va desvincular de Burgos i es va erigir com a cap de partit judicial.<\/p><p>Les Guerres Carlistes van afectar Haro de forma directa, atesa la seva posici\u00f3 estrat\u00e8gica a l&#8217;Alt Ebre.<\/p><p>Tot i aix\u00f2, el veritable impuls contemporani va venir de la m\u00e0 de l&#8217;expansi\u00f3 de la ind\u00fastria vin\u00edcola.<\/p><p>L&#8217;arribada del ferrocarril el 1880 va impulsar la construcci\u00f3 del barri de l&#8217;Estaci\u00f3, facilitant l&#8217;exportaci\u00f3 de vins i marcant una profunda transformaci\u00f3 urbana i social.<\/p>\t\t\t\t\t\t\t\t<\/div>\n\t\t\t\t<\/div>\n\t\t\t\t<div class=\"elementor-element elementor-element-05bec1a elementor-widget elementor-widget-image\" data-id=\"05bec1a\" data-element_type=\"widget\" data-e-type=\"widget\" data-widget_type=\"image.default\">\n\t\t\t\t<div class=\"elementor-widget-container\">\n\t\t\t\t\t\t\t\t\t\t\t\t<figure class=\"wp-caption\">\n\t\t\t\t\t\t\t\t\t\t<img loading=\"lazy\" decoding=\"async\" width=\"768\" height=\"511\" src=\"https:\/\/www.elturistatranquil.com\/wp-content\/uploads\/F06-Haro-La-Rioja.jpg\" class=\"attachment-large size-large wp-image-58288\" alt=\"Haro, La Rioja\" srcset=\"https:\/\/www.elturistatranquil.com\/wp-content\/uploads\/F06-Haro-La-Rioja.jpg 768w, https:\/\/www.elturistatranquil.com\/wp-content\/uploads\/F06-Haro-La-Rioja-339x226.jpg 339w\" sizes=\"(max-width: 768px) 100vw, 768px\" \/>\t\t\t\t\t\t\t\t\t\t\t<figcaption class=\"widget-image-caption wp-caption-text\"><\/figcaption>\n\t\t\t\t\t\t\t\t\t\t<\/figure>\n\t\t\t\t\t\t\t\t\t<\/div>\n\t\t\t\t<\/div>\n\t\t\t\t<div class=\"elementor-element elementor-element-bf70469 elementor-widget elementor-widget-text-editor\" data-id=\"bf70469\" data-element_type=\"widget\" data-e-type=\"widget\" data-widget_type=\"text-editor.default\">\n\t\t\t\t<div class=\"elementor-widget-container\">\n\t\t\t\t\t\t\t\t\t<p>La introducci\u00f3 de t\u00e8cniques vitivin\u00edcoles modernes, en part gr\u00e0cies a la col\u00b7laboraci\u00f3 amb t\u00e8cnics francesos afectats per la fil\u00b7loxera, va permetre que Haro es posicion\u00e9s com un dels centres productors m\u00e9s importants d&#8217;Espanya sota la Denominaci\u00f3 d&#8217;Origen Qualificada Rioja.<\/p><p>Durant el segle XX, Haro va travessar moments d&#8217;expansi\u00f3 i de dificultats. La Guerra Civil Espanyola i les etapes de postguerra van impactar l\u2019economia local, encara que el sector vitivin\u00edcola es va mantenir com un pilar fonamental.<\/p><p>En les darreres d\u00e8cades, el turisme enol\u00f2gic, el reconeixement internacional dels vins de La Rioja i les pol\u00edtiques de protecci\u00f3 patrimonial han perm\u00e8s a Haro refor\u00e7ar la seva identitat hist\u00f2rica, mantenint tradicions com la <strong>Batalla del Vi<\/strong>, s\u00edntesi de la seva identitat hist\u00f2rica i agroindustrial.<\/p><p>La configuraci\u00f3 demogr\u00e0fica de Haro reflecteix una poblaci\u00f3 relativament estable, amb lleugeres fluctuacions associades als cicles econ\u00f2mics del vi i el turisme.<\/p><p>L&#8217;urbanisme de la localitat conserva les empremtes de creixement pausat i adaptat al seu entorn immediat.<\/p><p>Actualment, la ciutat hist\u00f2rica, amb el nucli compacte i els carrers de tra\u00e7at irregular, contrasta amb les \u00e0rees d&#8217;eixample i pol\u00edgons industrials sorgits a partir del segle XX. Els famosos cellers d\u2019Haro, molts d&#8217;ells ubicats a l&#8217;hist\u00f2ric Barri de l&#8217;Estaci\u00f3, no nom\u00e9s han transformat el paisatge econ\u00f2mic, sin\u00f3 que tamb\u00e9 han condicionat el paisatge constru\u00eft, introduint edificis industrials d&#8217;alt valor patrimonial.<\/p><p>L&#8217;orografia del recinte urb\u00e0 explica la disposici\u00f3 de la ciutat hist\u00f2rica a partir del castell de la Mota, al punt m\u00e9s elevat dominant sobre la vall de l&#8217;Ebre, i la disposici\u00f3 del caseriu als seus peus pel costat sud-oest.<\/p><p>D&#8217;altra banda, l&#8217;exist\u00e8ncia d&#8217;un segon promontori a la zona sud, a uns 350 metres de les muralles, va aportar una posici\u00f3 estrat\u00e8gica per construir el castell nou davant Haro o de Santa Ll\u00facia per atacar i controlar la vila d&#8217;Haro al segle XII en el conflicte entre Urraca de Castell i Lle\u00f3 i Alfons I d&#8217;Arg\u00f3n i Navarra esmentat. Encara que perd\u00e9s la funci\u00f3 ofensiva, va servir d&#8217;eix per a l&#8217;expansi\u00f3 urbana als peus d&#8217;un raval emmurallat.<\/p><p>El 1842 l&#8217;Ajuntament va ordenar la destrucci\u00f3 d&#8217;ambdues fortificacions, de les quals no en queda cap resta.<\/p>\t\t\t\t\t\t\t\t<\/div>\n\t\t\t\t<\/div>\n\t\t\t\t<div class=\"elementor-element elementor-element-ee37a12 elementor-widget elementor-widget-heading\" data-id=\"ee37a12\" data-element_type=\"widget\" data-e-type=\"widget\" data-widget_type=\"heading.default\">\n\t\t\t\t<div class=\"elementor-widget-container\">\n\t\t\t\t\t<h2 class=\"elementor-heading-title elementor-size-default\">La visita a Haro<\/h2>\t\t\t\t<\/div>\n\t\t\t\t<\/div>\n\t\t\t\t<div class=\"elementor-element elementor-element-5956fc4 elementor-widget elementor-widget-text-editor\" data-id=\"5956fc4\" data-element_type=\"widget\" data-e-type=\"widget\" data-widget_type=\"text-editor.default\">\n\t\t\t\t<div class=\"elementor-widget-container\">\n\t\t\t\t\t\t\t\t\t<p>Presentar\u00e9 el recorregut per trams de carrers, primer del centre hist\u00f2ric i despr\u00e9s del barri de l\u2019Estaci\u00f3.<\/p>\t\t\t\t\t\t\t\t<\/div>\n\t\t\t\t<\/div>\n\t\t\t\t<div class=\"elementor-element elementor-element-666efae elementor-widget elementor-widget-heading\" data-id=\"666efae\" data-element_type=\"widget\" data-e-type=\"widget\" data-widget_type=\"heading.default\">\n\t\t\t\t<div class=\"elementor-widget-container\">\n\t\t\t\t\t<h2 class=\"elementor-heading-title elementor-size-default\">Centre hist\u00f2ric<\/h2>\t\t\t\t<\/div>\n\t\t\t\t<\/div>\n\t\t\t\t<div class=\"elementor-element elementor-element-4d4cd76 elementor-widget elementor-widget-image\" data-id=\"4d4cd76\" data-element_type=\"widget\" data-e-type=\"widget\" data-widget_type=\"image.default\">\n\t\t\t\t<div class=\"elementor-widget-container\">\n\t\t\t\t\t\t\t\t\t\t\t\t<figure class=\"wp-caption\">\n\t\t\t\t\t\t\t\t\t\t<img loading=\"lazy\" decoding=\"async\" width=\"768\" height=\"512\" src=\"https:\/\/www.elturistatranquil.com\/wp-content\/uploads\/F07-Haro-La-Rioja-Google-maps-2025-05-05.jpg\" class=\"attachment-large size-large wp-image-58290\" alt=\"Haro, La Rioja (Google maps 2025-05-05)\" srcset=\"https:\/\/www.elturistatranquil.com\/wp-content\/uploads\/F07-Haro-La-Rioja-Google-maps-2025-05-05.jpg 768w, https:\/\/www.elturistatranquil.com\/wp-content\/uploads\/F07-Haro-La-Rioja-Google-maps-2025-05-05-339x226.jpg 339w\" sizes=\"(max-width: 768px) 100vw, 768px\" \/>\t\t\t\t\t\t\t\t\t\t\t<figcaption class=\"widget-image-caption wp-caption-text\">Recorregut de la visita. L\u00ednia groga: recorregut. L\u00ednia vermella: estimaci\u00f3 de la primera muralla d'Haro amb el castell de la Mota (CM)<\/figcaption>\n\t\t\t\t\t\t\t\t\t\t<\/figure>\n\t\t\t\t\t\t\t\t\t<\/div>\n\t\t\t\t<\/div>\n\t\t\t\t<div class=\"elementor-element elementor-element-2d7125f7 elementor-widget elementor-widget-heading\" data-id=\"2d7125f7\" data-element_type=\"widget\" data-e-type=\"widget\" data-widget_type=\"heading.default\">\n\t\t\t\t<div class=\"elementor-widget-container\">\n\t\t\t\t\t<h3 class=\"elementor-heading-title elementor-size-default\">Entrada des de Pont Riu Tir\u00f3n \/ c. Navarra \/ c. San Roque<\/h3>\t\t\t\t<\/div>\n\t\t\t\t<\/div>\n\t\t\t\t<div class=\"elementor-element elementor-element-3d0f0f9 elementor-widget elementor-widget-text-editor\" data-id=\"3d0f0f9\" data-element_type=\"widget\" data-e-type=\"widget\" data-widget_type=\"text-editor.default\">\n\t\t\t\t<div class=\"elementor-widget-container\">\n\t\t\t\t\t\t\t\t\t<p>Passat el <strong>pont del riu Tir\u00f3n<\/strong> un <strong>muntatge art\u00edstic<\/strong> (<strong>1<\/strong>) ens dona la benvinguda.<\/p><p>A l&#8217;esquerra, una esplanada est\u00e0 condicionada com a aparcament (<strong>P<\/strong>).<\/p>\t\t\t\t\t\t\t\t<\/div>\n\t\t\t\t<\/div>\n\t\t\t\t<div class=\"elementor-element elementor-element-e971378 elementor-widget elementor-widget-image\" data-id=\"e971378\" data-element_type=\"widget\" data-e-type=\"widget\" data-widget_type=\"image.default\">\n\t\t\t\t<div class=\"elementor-widget-container\">\n\t\t\t\t\t\t\t\t\t\t\t\t<figure class=\"wp-caption\">\n\t\t\t\t\t\t\t\t\t\t<img loading=\"lazy\" decoding=\"async\" width=\"768\" height=\"512\" src=\"https:\/\/www.elturistatranquil.com\/wp-content\/uploads\/F08-Haro-La-Rioja.jpg\" class=\"attachment-large size-large wp-image-58292\" alt=\"Haro, La Rioja\" srcset=\"https:\/\/www.elturistatranquil.com\/wp-content\/uploads\/F08-Haro-La-Rioja.jpg 768w, https:\/\/www.elturistatranquil.com\/wp-content\/uploads\/F08-Haro-La-Rioja-339x226.jpg 339w\" sizes=\"(max-width: 768px) 100vw, 768px\" \/>\t\t\t\t\t\t\t\t\t\t\t<figcaption class=\"widget-image-caption wp-caption-text\"><\/figcaption>\n\t\t\t\t\t\t\t\t\t\t<\/figure>\n\t\t\t\t\t\t\t\t\t<\/div>\n\t\t\t\t<\/div>\n\t\t\t\t<div class=\"elementor-element elementor-element-0a9671f elementor-widget elementor-widget-text-editor\" data-id=\"0a9671f\" data-element_type=\"widget\" data-e-type=\"widget\" data-widget_type=\"text-editor.default\">\n\t\t\t\t<div class=\"elementor-widget-container\">\n\t\t\t\t\t\t\t\t\t<p>A partir d\u00b4aquest punt s\u00b4inicia la pujada al <strong>carrer Navarra<\/strong>.<\/p>\t\t\t\t\t\t\t\t<\/div>\n\t\t\t\t<\/div>\n\t\t\t\t<div class=\"elementor-element elementor-element-6ca8288 elementor-widget elementor-widget-image\" data-id=\"6ca8288\" data-element_type=\"widget\" data-e-type=\"widget\" data-widget_type=\"image.default\">\n\t\t\t\t<div class=\"elementor-widget-container\">\n\t\t\t\t\t\t\t\t\t\t\t\t<figure class=\"wp-caption\">\n\t\t\t\t\t\t\t\t\t\t<img loading=\"lazy\" decoding=\"async\" width=\"768\" height=\"511\" src=\"https:\/\/www.elturistatranquil.com\/wp-content\/uploads\/F09-Haro-La-Rioja.jpg\" class=\"attachment-large size-large wp-image-58294\" alt=\"Haro, La Rioja\" srcset=\"https:\/\/www.elturistatranquil.com\/wp-content\/uploads\/F09-Haro-La-Rioja.jpg 768w, https:\/\/www.elturistatranquil.com\/wp-content\/uploads\/F09-Haro-La-Rioja-339x226.jpg 339w\" sizes=\"(max-width: 768px) 100vw, 768px\" \/>\t\t\t\t\t\t\t\t\t\t\t<figcaption class=\"widget-image-caption wp-caption-text\"><\/figcaption>\n\t\t\t\t\t\t\t\t\t\t<\/figure>\n\t\t\t\t\t\t\t\t\t<\/div>\n\t\t\t\t<\/div>\n\t\t\t\t<div class=\"elementor-element elementor-element-d8806d8 elementor-widget elementor-widget-text-editor\" data-id=\"d8806d8\" data-element_type=\"widget\" data-e-type=\"widget\" data-widget_type=\"text-editor.default\">\n\t\t\t\t<div class=\"elementor-widget-container\">\n\t\t\t\t\t\t\t\t\t<p>El carrer Navarra ens portar\u00e0 fins a la pla\u00e7a de la Paz passant pel costat de la torre.<\/p>\t\t\t\t\t\t\t\t<\/div>\n\t\t\t\t<\/div>\n\t\t\t\t<div class=\"elementor-element elementor-element-bb511d0 elementor-widget elementor-widget-image\" data-id=\"bb511d0\" data-element_type=\"widget\" data-e-type=\"widget\" data-widget_type=\"image.default\">\n\t\t\t\t<div class=\"elementor-widget-container\">\n\t\t\t\t\t\t\t\t\t\t\t\t<figure class=\"wp-caption\">\n\t\t\t\t\t\t\t\t\t\t<img loading=\"lazy\" decoding=\"async\" width=\"768\" height=\"512\" src=\"https:\/\/www.elturistatranquil.com\/wp-content\/uploads\/F10-Haro-La-Rioja.jpg\" class=\"attachment-large size-large wp-image-58296\" alt=\"Haro, La Rioja\" srcset=\"https:\/\/www.elturistatranquil.com\/wp-content\/uploads\/F10-Haro-La-Rioja.jpg 768w, https:\/\/www.elturistatranquil.com\/wp-content\/uploads\/F10-Haro-La-Rioja-339x226.jpg 339w\" sizes=\"(max-width: 768px) 100vw, 768px\" \/>\t\t\t\t\t\t\t\t\t\t\t<figcaption class=\"widget-image-caption wp-caption-text\"><\/figcaption>\n\t\t\t\t\t\t\t\t\t\t<\/figure>\n\t\t\t\t\t\t\t\t\t<\/div>\n\t\t\t\t<\/div>\n\t\t\t\t<div class=\"elementor-element elementor-element-6349805f elementor-widget elementor-widget-heading\" data-id=\"6349805f\" data-element_type=\"widget\" data-e-type=\"widget\" data-widget_type=\"heading.default\">\n\t\t\t\t<div class=\"elementor-widget-container\">\n\t\t\t\t\t<h5 class=\"elementor-heading-title elementor-size-default\">F\u00e0brica d'Aiguardent<\/h5>\t\t\t\t<\/div>\n\t\t\t\t<\/div>\n\t\t\t\t<div class=\"elementor-element elementor-element-97026c6 elementor-widget elementor-widget-text-editor\" data-id=\"97026c6\" data-element_type=\"widget\" data-e-type=\"widget\" data-widget_type=\"text-editor.default\">\n\t\t\t\t<div class=\"elementor-widget-container\">\n\t\t\t\t\t\t\t\t\t<p>Si ens endinsem pel primer carrer a la dreta entrarem en contacte amb el primer vestigi de l\u00b4activitat agroindustrial vin\u00edcola. La antiga <strong>F\u00e1brica de Aguardientes Compuestos y Licores Bernal San Ildefonso y Cia<\/strong>. (<strong>2<\/strong>) fora d\u2019us.<\/p>\t\t\t\t\t\t\t\t<\/div>\n\t\t\t\t<\/div>\n\t\t\t\t<div class=\"elementor-element elementor-element-a3aa244 elementor-widget elementor-widget-image\" data-id=\"a3aa244\" data-element_type=\"widget\" data-e-type=\"widget\" data-widget_type=\"image.default\">\n\t\t\t\t<div class=\"elementor-widget-container\">\n\t\t\t\t\t\t\t\t\t\t\t\t<figure class=\"wp-caption\">\n\t\t\t\t\t\t\t\t\t\t<img loading=\"lazy\" decoding=\"async\" width=\"768\" height=\"512\" src=\"https:\/\/www.elturistatranquil.com\/wp-content\/uploads\/F11-Haro-La-Rioja.jpg\" class=\"attachment-large size-large wp-image-58301\" alt=\"Haro, La Rioja\" srcset=\"https:\/\/www.elturistatranquil.com\/wp-content\/uploads\/F11-Haro-La-Rioja.jpg 768w, https:\/\/www.elturistatranquil.com\/wp-content\/uploads\/F11-Haro-La-Rioja-339x226.jpg 339w\" sizes=\"(max-width: 768px) 100vw, 768px\" \/>\t\t\t\t\t\t\t\t\t\t\t<figcaption class=\"widget-image-caption wp-caption-text\"><\/figcaption>\n\t\t\t\t\t\t\t\t\t\t<\/figure>\n\t\t\t\t\t\t\t\t\t<\/div>\n\t\t\t\t<\/div>\n\t\t\t\t<div class=\"elementor-element elementor-element-eedc689 elementor-widget elementor-widget-image\" data-id=\"eedc689\" data-element_type=\"widget\" data-e-type=\"widget\" data-widget_type=\"image.default\">\n\t\t\t\t<div class=\"elementor-widget-container\">\n\t\t\t\t\t\t\t\t\t\t\t\t<figure class=\"wp-caption\">\n\t\t\t\t\t\t\t\t\t\t<img loading=\"lazy\" decoding=\"async\" width=\"768\" height=\"511\" src=\"https:\/\/www.elturistatranquil.com\/wp-content\/uploads\/F12-Haro-La-Rioja.jpg\" class=\"attachment-large size-large wp-image-58303\" alt=\"Haro, La Rioja\" srcset=\"https:\/\/www.elturistatranquil.com\/wp-content\/uploads\/F12-Haro-La-Rioja.jpg 768w, https:\/\/www.elturistatranquil.com\/wp-content\/uploads\/F12-Haro-La-Rioja-339x226.jpg 339w\" sizes=\"(max-width: 768px) 100vw, 768px\" \/>\t\t\t\t\t\t\t\t\t\t\t<figcaption class=\"widget-image-caption wp-caption-text\"><\/figcaption>\n\t\t\t\t\t\t\t\t\t\t<\/figure>\n\t\t\t\t\t\t\t\t\t<\/div>\n\t\t\t\t<\/div>\n\t\t\t\t<div class=\"elementor-element elementor-element-d1d441a elementor-widget elementor-widget-heading\" data-id=\"d1d441a\" data-element_type=\"widget\" data-e-type=\"widget\" data-widget_type=\"heading.default\">\n\t\t\t\t<div class=\"elementor-widget-container\">\n\t\t\t\t\t<h3 class=\"elementor-heading-title elementor-size-default\">Pla\u00e7a de la Paz<\/h3>\t\t\t\t<\/div>\n\t\t\t\t<\/div>\n\t\t\t\t<div class=\"elementor-element elementor-element-4beb7f4 elementor-widget elementor-widget-heading\" data-id=\"4beb7f4\" data-element_type=\"widget\" data-e-type=\"widget\" data-widget_type=\"heading.default\">\n\t\t\t\t<div class=\"elementor-widget-container\">\n\t\t\t\t\t<h5 class=\"elementor-heading-title elementor-size-default\">Torrassa Medieval. Museu d\u2019art contemporani<\/h5>\t\t\t\t<\/div>\n\t\t\t\t<\/div>\n\t\t\t\t<div class=\"elementor-element elementor-element-1fcbccb elementor-widget elementor-widget-text-editor\" data-id=\"1fcbccb\" data-element_type=\"widget\" data-e-type=\"widget\" data-widget_type=\"text-editor.default\">\n\t\t\t\t<div class=\"elementor-widget-container\">\n\t\t\t\t\t\t\t\t\t<p>L&#8217;arribada a la <strong>pla\u00e7a de la Paz<\/strong> (<strong>3<\/strong>) ens posa en contacte amb l&#8217;extrem sud-oest del primer recinte emmurallat, on s&#8217;al\u00e7a la <strong>torre medieval<\/strong> o <strong>la torrassa<\/strong> (<strong>4<\/strong>). \u00c9s un dels pocs vestigis que queda de la muralla.<\/p><p>Era una torre cantonera de la muralla constru\u00efda al segle XIV i reformada posteriorment. Primer per convertir-la en torre residencial i actualment adaptada al conjunt del <strong>Museu del Torre\u00f3n, d&#8217;art contemporani<\/strong>.<\/p><p>Es tracta d&#8217;una torre de planta quadrangular, constru\u00efda en carreuat amb carreus de pedra sorrenca cantoners de refor\u00e7. Remata amb matacans amb m\u00e8nsules llaurades unides per arquets de mig punt irregulars.<\/p><p>Al segle XV es va destinar a pres\u00f3 i el 1559 es va cedir al doctor Rabanera, convertint-se en habitatge particular. Les grans obertures de tres pisos han de correspondre a aquest moment en qu\u00e8, perduda la seva funci\u00f3 militar, es reconverteix en resid\u00e8ncia adossant-se a la casa del costat dret.<\/p><p>Els afegits m\u00e9s moderns desvirtuen al meu parer la imatge de la torrassa. Pel costat esquerre amb un mur de vidre i pedra i, sobre la terrassa, una plataforma volada sobre un vidre que sembla un heliport encasquetat.<\/p>\t\t\t\t\t\t\t\t<\/div>\n\t\t\t\t<\/div>\n\t\t\t\t<div class=\"elementor-element elementor-element-98d4fe8 elementor-widget elementor-widget-image\" data-id=\"98d4fe8\" data-element_type=\"widget\" data-e-type=\"widget\" data-widget_type=\"image.default\">\n\t\t\t\t<div class=\"elementor-widget-container\">\n\t\t\t\t\t\t\t\t\t\t\t\t<figure class=\"wp-caption\">\n\t\t\t\t\t\t\t\t\t\t<img loading=\"lazy\" decoding=\"async\" width=\"768\" height=\"511\" src=\"https:\/\/www.elturistatranquil.com\/wp-content\/uploads\/F13-Haro-La-Rioja.jpg\" class=\"attachment-large size-large wp-image-58308\" alt=\"Haro, La Rioja\" srcset=\"https:\/\/www.elturistatranquil.com\/wp-content\/uploads\/F13-Haro-La-Rioja.jpg 768w, https:\/\/www.elturistatranquil.com\/wp-content\/uploads\/F13-Haro-La-Rioja-339x226.jpg 339w\" sizes=\"(max-width: 768px) 100vw, 768px\" \/>\t\t\t\t\t\t\t\t\t\t\t<figcaption class=\"widget-image-caption wp-caption-text\"><\/figcaption>\n\t\t\t\t\t\t\t\t\t\t<\/figure>\n\t\t\t\t\t\t\t\t\t<\/div>\n\t\t\t\t<\/div>\n\t\t\t\t<div class=\"elementor-element elementor-element-bac90ee elementor-widget elementor-widget-text-editor\" data-id=\"bac90ee\" data-element_type=\"widget\" data-e-type=\"widget\" data-widget_type=\"text-editor.default\">\n\t\t\t\t<div class=\"elementor-widget-container\">\n\t\t\t\t\t\t\t\t\t<p>La casa de la dreta, que formava part de l\u2019habitatge del doctor Rabanera mostra una portada del segle XVIII, amb el va d&#8217;arc conopial motllurat i una rica decoraci\u00f3 tallada en pedra sorrenca fina. Est\u00e0 flanquejada per pilastres decoratives que rematen en una teulada suportada per m\u00e8nsules.<\/p><p>Al costat, la porta de San Bernardo.<\/p>\t\t\t\t\t\t\t\t<\/div>\n\t\t\t\t<\/div>\n\t\t\t\t<div class=\"elementor-element elementor-element-a542710 elementor-widget elementor-widget-image\" data-id=\"a542710\" data-element_type=\"widget\" data-e-type=\"widget\" data-widget_type=\"image.default\">\n\t\t\t\t<div class=\"elementor-widget-container\">\n\t\t\t\t\t\t\t\t\t\t\t\t<figure class=\"wp-caption\">\n\t\t\t\t\t\t\t\t\t\t<img loading=\"lazy\" decoding=\"async\" width=\"768\" height=\"511\" src=\"https:\/\/www.elturistatranquil.com\/wp-content\/uploads\/F14-Haro-La-Rioja.jpg\" class=\"attachment-large size-large wp-image-58310\" alt=\"Haro, La Rioja\" srcset=\"https:\/\/www.elturistatranquil.com\/wp-content\/uploads\/F14-Haro-La-Rioja.jpg 768w, https:\/\/www.elturistatranquil.com\/wp-content\/uploads\/F14-Haro-La-Rioja-339x226.jpg 339w\" sizes=\"(max-width: 768px) 100vw, 768px\" \/>\t\t\t\t\t\t\t\t\t\t\t<figcaption class=\"widget-image-caption wp-caption-text\"><\/figcaption>\n\t\t\t\t\t\t\t\t\t\t<\/figure>\n\t\t\t\t\t\t\t\t\t<\/div>\n\t\t\t\t<\/div>\n\t\t\t\t<div class=\"elementor-element elementor-element-0c45a85 elementor-widget elementor-widget-image\" data-id=\"0c45a85\" data-element_type=\"widget\" data-e-type=\"widget\" data-widget_type=\"image.default\">\n\t\t\t\t<div class=\"elementor-widget-container\">\n\t\t\t\t\t\t\t\t\t\t\t\t<figure class=\"wp-caption\">\n\t\t\t\t\t\t\t\t\t\t<img loading=\"lazy\" decoding=\"async\" width=\"768\" height=\"511\" src=\"https:\/\/www.elturistatranquil.com\/wp-content\/uploads\/F15-Haro-La-Rioja.jpg\" class=\"attachment-large size-large wp-image-58312\" alt=\"Haro, La Rioja\" srcset=\"https:\/\/www.elturistatranquil.com\/wp-content\/uploads\/F15-Haro-La-Rioja.jpg 768w, https:\/\/www.elturistatranquil.com\/wp-content\/uploads\/F15-Haro-La-Rioja-339x226.jpg 339w\" sizes=\"(max-width: 768px) 100vw, 768px\" \/>\t\t\t\t\t\t\t\t\t\t\t<figcaption class=\"widget-image-caption wp-caption-text\"><\/figcaption>\n\t\t\t\t\t\t\t\t\t\t<\/figure>\n\t\t\t\t\t\t\t\t\t<\/div>\n\t\t\t\t<\/div>\n\t\t\t\t<div class=\"elementor-element elementor-element-68dbd5a elementor-widget elementor-widget-text-editor\" data-id=\"68dbd5a\" data-element_type=\"widget\" data-e-type=\"widget\" data-widget_type=\"text-editor.default\">\n\t\t\t\t<div class=\"elementor-widget-container\">\n\t\t\t\t\t\t\t\t\t<p>En aquest rac\u00f3 urb\u00e0 s&#8217;hi ha col\u00b7locat una de les <strong>escultures urbanes<\/strong> distribu\u00efdes per tota la ciutat representant oficis t\u00edpics de la zona. En aquest cas <strong>el vinater<\/strong>.<\/p>\t\t\t\t\t\t\t\t<\/div>\n\t\t\t\t<\/div>\n\t\t\t\t<div class=\"elementor-element elementor-element-5692ff3 elementor-widget elementor-widget-image\" data-id=\"5692ff3\" data-element_type=\"widget\" data-e-type=\"widget\" data-widget_type=\"image.default\">\n\t\t\t\t<div class=\"elementor-widget-container\">\n\t\t\t\t\t\t\t\t\t\t\t\t<figure class=\"wp-caption\">\n\t\t\t\t\t\t\t\t\t\t<img loading=\"lazy\" decoding=\"async\" width=\"768\" height=\"512\" src=\"https:\/\/www.elturistatranquil.com\/wp-content\/uploads\/F16-Haro-La-Rioja.jpg\" class=\"attachment-large size-large wp-image-58314\" alt=\"Haro, La Rioja\" srcset=\"https:\/\/www.elturistatranquil.com\/wp-content\/uploads\/F16-Haro-La-Rioja.jpg 768w, https:\/\/www.elturistatranquil.com\/wp-content\/uploads\/F16-Haro-La-Rioja-339x226.jpg 339w\" sizes=\"(max-width: 768px) 100vw, 768px\" \/>\t\t\t\t\t\t\t\t\t\t\t<figcaption class=\"widget-image-caption wp-caption-text\"><\/figcaption>\n\t\t\t\t\t\t\t\t\t\t<\/figure>\n\t\t\t\t\t\t\t\t\t<\/div>\n\t\t\t\t<\/div>\n\t\t\t\t<div class=\"elementor-element elementor-element-748fb7a elementor-widget elementor-widget-heading\" data-id=\"748fb7a\" data-element_type=\"widget\" data-e-type=\"widget\" data-widget_type=\"heading.default\">\n\t\t\t\t<div class=\"elementor-widget-container\">\n\t\t\t\t\t<h5 class=\"elementor-heading-title elementor-size-default\">Porta de San Bernardo<\/h5>\t\t\t\t<\/div>\n\t\t\t\t<\/div>\n\t\t\t\t<div class=\"elementor-element elementor-element-0700bbe elementor-widget elementor-widget-text-editor\" data-id=\"0700bbe\" data-element_type=\"widget\" data-e-type=\"widget\" data-widget_type=\"text-editor.default\">\n\t\t\t\t<div class=\"elementor-widget-container\">\n\t\t\t\t\t\t\t\t\t<p>La <strong>porta de San Bernardo<\/strong> (<strong>5<\/strong>) \u00e9s una de les dues portes de la muralla Alt Medieval que subsisteixen, juntament amb la de Santa B\u00e0rbara.<\/p><p>\u00c9s una senzilla porta d&#8217;arc de mig punt de carreuat.<\/p>\t\t\t\t\t\t\t\t<\/div>\n\t\t\t\t<\/div>\n\t\t\t\t<div class=\"elementor-element elementor-element-5007f37 elementor-widget elementor-widget-image\" data-id=\"5007f37\" data-element_type=\"widget\" data-e-type=\"widget\" data-widget_type=\"image.default\">\n\t\t\t\t<div class=\"elementor-widget-container\">\n\t\t\t\t\t\t\t\t\t\t\t\t<figure class=\"wp-caption\">\n\t\t\t\t\t\t\t\t\t\t<img loading=\"lazy\" decoding=\"async\" width=\"768\" height=\"511\" src=\"https:\/\/www.elturistatranquil.com\/wp-content\/uploads\/F17-Haro-La-Rioja.jpg\" class=\"attachment-large size-large wp-image-58316\" alt=\"Haro, La Rioja\" srcset=\"https:\/\/www.elturistatranquil.com\/wp-content\/uploads\/F17-Haro-La-Rioja.jpg 768w, https:\/\/www.elturistatranquil.com\/wp-content\/uploads\/F17-Haro-La-Rioja-339x226.jpg 339w\" sizes=\"(max-width: 768px) 100vw, 768px\" \/>\t\t\t\t\t\t\t\t\t\t\t<figcaption class=\"widget-image-caption wp-caption-text\"><\/figcaption>\n\t\t\t\t\t\t\t\t\t\t<\/figure>\n\t\t\t\t\t\t\t\t\t<\/div>\n\t\t\t\t<\/div>\n\t\t\t\t<div class=\"elementor-element elementor-element-252e81b2 elementor-widget elementor-widget-heading\" data-id=\"252e81b2\" data-element_type=\"widget\" data-e-type=\"widget\" data-widget_type=\"heading.default\">\n\t\t\t\t<div class=\"elementor-widget-container\">\n\t\t\t\t\t<h4 class=\"elementor-heading-title elementor-size-default\">La pla\u00e7a de la Paz<\/h4>\t\t\t\t<\/div>\n\t\t\t\t<\/div>\n\t\t\t\t<div class=\"elementor-element elementor-element-14be2ca elementor-widget elementor-widget-text-editor\" data-id=\"14be2ca\" data-element_type=\"widget\" data-e-type=\"widget\" data-widget_type=\"text-editor.default\">\n\t\t\t\t<div class=\"elementor-widget-container\">\n\t\t\t\t\t\t\t\t\t<p>Extramurs de la muralla medieval davant del llen\u00e7 sud, entre la porta de San Bernardo i la porta de la Vila, ja al segle XIII s&#8217;habilit\u00e0 un espai rectangular on s&#8217;ubica la <strong>pla\u00e7a de la Paz<\/strong> (<strong>3<\/strong>). La tamb\u00e9 anomenada <strong>pla\u00e7a Major, pla\u00e7a Nova o pla\u00e7a del Raval<\/strong>, constitueix la pla\u00e7a m\u00e9s important de la ciutat.<\/p><p>El centre de la pla\u00e7a \u00e9s ocupat per un <strong>templet o quiosc de m\u00fasica<\/strong> de l&#8217;any 1930, de planta vuitavada obra de l&#8217;escultor <em>Manuel Anzuela<\/em>.<\/p>\t\t\t\t\t\t\t\t<\/div>\n\t\t\t\t<\/div>\n\t\t\t\t<div class=\"elementor-element elementor-element-8519bd7 elementor-widget elementor-widget-image\" data-id=\"8519bd7\" data-element_type=\"widget\" data-e-type=\"widget\" data-widget_type=\"image.default\">\n\t\t\t\t<div class=\"elementor-widget-container\">\n\t\t\t\t\t\t\t\t\t\t\t\t<figure class=\"wp-caption\">\n\t\t\t\t\t\t\t\t\t\t<img loading=\"lazy\" decoding=\"async\" width=\"768\" height=\"511\" src=\"https:\/\/www.elturistatranquil.com\/wp-content\/uploads\/F18-Haro-La-Rioja.jpg\" class=\"attachment-large size-large wp-image-58318\" alt=\"Haro, La Rioja\" srcset=\"https:\/\/www.elturistatranquil.com\/wp-content\/uploads\/F18-Haro-La-Rioja.jpg 768w, https:\/\/www.elturistatranquil.com\/wp-content\/uploads\/F18-Haro-La-Rioja-339x226.jpg 339w\" sizes=\"(max-width: 768px) 100vw, 768px\" \/>\t\t\t\t\t\t\t\t\t\t\t<figcaption class=\"widget-image-caption wp-caption-text\"><\/figcaption>\n\t\t\t\t\t\t\t\t\t\t<\/figure>\n\t\t\t\t\t\t\t\t\t<\/div>\n\t\t\t\t<\/div>\n\t\t\t\t<div class=\"elementor-element elementor-element-c64f658 elementor-widget elementor-widget-text-editor\" data-id=\"c64f658\" data-element_type=\"widget\" data-e-type=\"widget\" data-widget_type=\"text-editor.default\">\n\t\t\t\t<div class=\"elementor-widget-container\">\n\t\t\t\t\t\t\t\t\t<p>A la cantonada oest desemboca el carrer Navarra amb el Torre\u00f3n. El costat nord est\u00e0 format pel llen\u00e7 sud de la muralla, reconvertit en zona senyorial.<\/p>\t\t\t\t\t\t\t\t<\/div>\n\t\t\t\t<\/div>\n\t\t\t\t<div class=\"elementor-element elementor-element-0583b59 elementor-widget elementor-widget-image\" data-id=\"0583b59\" data-element_type=\"widget\" data-e-type=\"widget\" data-widget_type=\"image.default\">\n\t\t\t\t<div class=\"elementor-widget-container\">\n\t\t\t\t\t\t\t\t\t\t\t\t<figure class=\"wp-caption\">\n\t\t\t\t\t\t\t\t\t\t<img loading=\"lazy\" decoding=\"async\" width=\"768\" height=\"512\" src=\"https:\/\/www.elturistatranquil.com\/wp-content\/uploads\/F19-Haro-La-Rioja.jpg\" class=\"attachment-large size-large wp-image-58320\" alt=\"Haro, La Rioja\" srcset=\"https:\/\/www.elturistatranquil.com\/wp-content\/uploads\/F19-Haro-La-Rioja.jpg 768w, https:\/\/www.elturistatranquil.com\/wp-content\/uploads\/F19-Haro-La-Rioja-339x226.jpg 339w\" sizes=\"(max-width: 768px) 100vw, 768px\" \/>\t\t\t\t\t\t\t\t\t\t\t<figcaption class=\"widget-image-caption wp-caption-text\"><\/figcaption>\n\t\t\t\t\t\t\t\t\t\t<\/figure>\n\t\t\t\t\t\t\t\t\t<\/div>\n\t\t\t\t<\/div>\n\t\t\t\t<div class=\"elementor-element elementor-element-578620f elementor-widget elementor-widget-image\" data-id=\"578620f\" data-element_type=\"widget\" data-e-type=\"widget\" data-widget_type=\"image.default\">\n\t\t\t\t<div class=\"elementor-widget-container\">\n\t\t\t\t\t\t\t\t\t\t\t\t<figure class=\"wp-caption\">\n\t\t\t\t\t\t\t\t\t\t<img loading=\"lazy\" decoding=\"async\" width=\"768\" height=\"511\" src=\"https:\/\/www.elturistatranquil.com\/wp-content\/uploads\/F20-Haro-La-Rioja.jpg\" class=\"attachment-large size-large wp-image-58322\" alt=\"Haro, La Rioja\" srcset=\"https:\/\/www.elturistatranquil.com\/wp-content\/uploads\/F20-Haro-La-Rioja.jpg 768w, https:\/\/www.elturistatranquil.com\/wp-content\/uploads\/F20-Haro-La-Rioja-339x226.jpg 339w\" sizes=\"(max-width: 768px) 100vw, 768px\" \/>\t\t\t\t\t\t\t\t\t\t\t<figcaption class=\"widget-image-caption wp-caption-text\"><\/figcaption>\n\t\t\t\t\t\t\t\t\t\t<\/figure>\n\t\t\t\t\t\t\t\t\t<\/div>\n\t\t\t\t<\/div>\n\t\t\t\t<div class=\"elementor-element elementor-element-10910c2 elementor-widget elementor-widget-text-editor\" data-id=\"10910c2\" data-element_type=\"widget\" data-e-type=\"widget\" data-widget_type=\"text-editor.default\">\n\t\t\t\t<div class=\"elementor-widget-container\">\n\t\t\t\t\t\t\t\t\t<p>El costat de llevant est\u00e0 presidit a la banda esquerra per l&#8217;edifici de l&#8217;Ajuntament.<\/p>\t\t\t\t\t\t\t\t<\/div>\n\t\t\t\t<\/div>\n\t\t\t\t<div class=\"elementor-element elementor-element-b79f800 elementor-widget elementor-widget-image\" data-id=\"b79f800\" data-element_type=\"widget\" data-e-type=\"widget\" data-widget_type=\"image.default\">\n\t\t\t\t<div class=\"elementor-widget-container\">\n\t\t\t\t\t\t\t\t\t\t\t\t<figure class=\"wp-caption\">\n\t\t\t\t\t\t\t\t\t\t<img loading=\"lazy\" decoding=\"async\" width=\"768\" height=\"512\" src=\"https:\/\/www.elturistatranquil.com\/wp-content\/uploads\/F21-Haro-La-Rioja.jpg\" class=\"attachment-large size-large wp-image-58324\" alt=\"Haro, La Rioja\" srcset=\"https:\/\/www.elturistatranquil.com\/wp-content\/uploads\/F21-Haro-La-Rioja.jpg 768w, https:\/\/www.elturistatranquil.com\/wp-content\/uploads\/F21-Haro-La-Rioja-339x226.jpg 339w\" sizes=\"(max-width: 768px) 100vw, 768px\" \/>\t\t\t\t\t\t\t\t\t\t\t<figcaption class=\"widget-image-caption wp-caption-text\"><\/figcaption>\n\t\t\t\t\t\t\t\t\t\t<\/figure>\n\t\t\t\t\t\t\t\t\t<\/div>\n\t\t\t\t<\/div>\n\t\t\t\t<div class=\"elementor-element elementor-element-9fdf5de elementor-widget elementor-widget-text-editor\" data-id=\"9fdf5de\" data-element_type=\"widget\" data-e-type=\"widget\" data-widget_type=\"text-editor.default\">\n\t\t\t\t<div class=\"elementor-widget-container\">\n\t\t\t\t\t\t\t\t\t<p>La resta l&#8217;ocupen edificacions del segle XX, amb exemples de cases de vidrieres o d&#8217;estil racionalista.<\/p>\t\t\t\t\t\t\t\t<\/div>\n\t\t\t\t<\/div>\n\t\t\t\t<div class=\"elementor-element elementor-element-c2b079e elementor-widget elementor-widget-image\" data-id=\"c2b079e\" data-element_type=\"widget\" data-e-type=\"widget\" data-widget_type=\"image.default\">\n\t\t\t\t<div class=\"elementor-widget-container\">\n\t\t\t\t\t\t\t\t\t\t\t\t<figure class=\"wp-caption\">\n\t\t\t\t\t\t\t\t\t\t<img loading=\"lazy\" decoding=\"async\" width=\"768\" height=\"511\" src=\"https:\/\/www.elturistatranquil.com\/wp-content\/uploads\/F22-Haro-La-Rioja.jpg\" class=\"attachment-large size-large wp-image-58326\" alt=\"Haro, La Rioja\" srcset=\"https:\/\/www.elturistatranquil.com\/wp-content\/uploads\/F22-Haro-La-Rioja.jpg 768w, https:\/\/www.elturistatranquil.com\/wp-content\/uploads\/F22-Haro-La-Rioja-339x226.jpg 339w\" sizes=\"(max-width: 768px) 100vw, 768px\" \/>\t\t\t\t\t\t\t\t\t\t\t<figcaption class=\"widget-image-caption wp-caption-text\"><\/figcaption>\n\t\t\t\t\t\t\t\t\t\t<\/figure>\n\t\t\t\t\t\t\t\t\t<\/div>\n\t\t\t\t<\/div>\n\t\t\t\t<div class=\"elementor-element elementor-element-308475f elementor-widget elementor-widget-heading\" data-id=\"308475f\" data-element_type=\"widget\" data-e-type=\"widget\" data-widget_type=\"heading.default\">\n\t\t\t\t<div class=\"elementor-widget-container\">\n\t\t\t\t\t<h5 class=\"elementor-heading-title elementor-size-default\">Palau de Benda\u00f1a (Palau Paternina) (Oficina de Turisme)<\/h5>\t\t\t\t<\/div>\n\t\t\t\t<\/div>\n\t\t\t\t<div class=\"elementor-element elementor-element-1326f1e elementor-widget elementor-widget-text-editor\" data-id=\"1326f1e\" data-element_type=\"widget\" data-e-type=\"widget\" data-widget_type=\"text-editor.default\">\n\t\t\t\t<div class=\"elementor-widget-container\">\n\t\t\t\t\t\t\t\t\t<p>Un dels edificis emblem\u00e0tics d&#8217;Haro \u00e9s el <strong>palau dels Ollauri o dels Benda\u00f1a<\/strong> (<strong>6<\/strong>), i en \u00e8poca contempor\u00e0nia vinculat a la fam\u00edlia Paternina, \u00e9s una de les mostres m\u00e9s representatives de l&#8217;arquitectura civil nobili\u00e0ria a Haro, on s\u2019hi allotja l&#8217; <strong>Oficina de Turisme<\/strong>.<\/p><p>El palau \u00e9s un s\u00f2lid edifici barroc del segle XVIII, de planta rectangular, constru\u00eft en carreu de pedra sorrenca ben llaurada.<\/p>\t\t\t\t\t\t\t\t<\/div>\n\t\t\t\t<\/div>\n\t\t\t\t<div class=\"elementor-element elementor-element-baa24f4 elementor-widget elementor-widget-image\" data-id=\"baa24f4\" data-element_type=\"widget\" data-e-type=\"widget\" data-widget_type=\"image.default\">\n\t\t\t\t<div class=\"elementor-widget-container\">\n\t\t\t\t\t\t\t\t\t\t\t\t<figure class=\"wp-caption\">\n\t\t\t\t\t\t\t\t\t\t<img loading=\"lazy\" decoding=\"async\" width=\"768\" height=\"512\" src=\"https:\/\/www.elturistatranquil.com\/wp-content\/uploads\/F23-Haro-La-Rioja.jpg\" class=\"attachment-large size-large wp-image-58328\" alt=\"Haro, La Rioja\" srcset=\"https:\/\/www.elturistatranquil.com\/wp-content\/uploads\/F23-Haro-La-Rioja.jpg 768w, https:\/\/www.elturistatranquil.com\/wp-content\/uploads\/F23-Haro-La-Rioja-339x226.jpg 339w\" sizes=\"(max-width: 768px) 100vw, 768px\" \/>\t\t\t\t\t\t\t\t\t\t\t<figcaption class=\"widget-image-caption wp-caption-text\"><\/figcaption>\n\t\t\t\t\t\t\t\t\t\t<\/figure>\n\t\t\t\t\t\t\t\t\t<\/div>\n\t\t\t\t<\/div>\n\t\t\t\t<div class=\"elementor-element elementor-element-0acb0fe elementor-widget elementor-widget-text-editor\" data-id=\"0acb0fe\" data-element_type=\"widget\" data-e-type=\"widget\" data-widget_type=\"text-editor.default\">\n\t\t\t\t<div class=\"elementor-widget-container\">\n\t\t\t\t\t\t\t\t\t<p>Interior de la Oficina de Turisme.<\/p>\t\t\t\t\t\t\t\t<\/div>\n\t\t\t\t<\/div>\n\t\t\t\t<div class=\"elementor-element elementor-element-343609a elementor-widget elementor-widget-image\" data-id=\"343609a\" data-element_type=\"widget\" data-e-type=\"widget\" data-widget_type=\"image.default\">\n\t\t\t\t<div class=\"elementor-widget-container\">\n\t\t\t\t\t\t\t\t\t\t\t\t<figure class=\"wp-caption\">\n\t\t\t\t\t\t\t\t\t\t<img loading=\"lazy\" decoding=\"async\" width=\"768\" height=\"512\" src=\"https:\/\/www.elturistatranquil.com\/wp-content\/uploads\/F24-Haro-La-Rioja.jpg\" class=\"attachment-large size-large wp-image-58330\" alt=\"Haro, La Rioja\" srcset=\"https:\/\/www.elturistatranquil.com\/wp-content\/uploads\/F24-Haro-La-Rioja.jpg 768w, https:\/\/www.elturistatranquil.com\/wp-content\/uploads\/F24-Haro-La-Rioja-339x226.jpg 339w\" sizes=\"(max-width: 768px) 100vw, 768px\" \/>\t\t\t\t\t\t\t\t\t\t\t<figcaption class=\"widget-image-caption wp-caption-text\"><\/figcaption>\n\t\t\t\t\t\t\t\t\t\t<\/figure>\n\t\t\t\t\t\t\t\t\t<\/div>\n\t\t\t\t<\/div>\n\t\t\t\t<div class=\"elementor-element elementor-element-61e8c09 elementor-widget elementor-widget-heading\" data-id=\"61e8c09\" data-element_type=\"widget\" data-e-type=\"widget\" data-widget_type=\"heading.default\">\n\t\t\t\t<div class=\"elementor-widget-container\">\n\t\t\t\t\t<h4 class=\"elementor-heading-title elementor-size-default\">Ajuntament d\u2019Haro\n<\/h4>\t\t\t\t<\/div>\n\t\t\t\t<\/div>\n\t\t\t\t<div class=\"elementor-element elementor-element-e6aceff elementor-widget elementor-widget-text-editor\" data-id=\"e6aceff\" data-element_type=\"widget\" data-e-type=\"widget\" data-widget_type=\"text-editor.default\">\n\t\t\t\t<div class=\"elementor-widget-container\">\n\t\t\t\t\t\t\t\t\t<p>L&#8217;edifici de l&#8217;<strong>Ajuntament d&#8217;Haro<\/strong> (<strong>7<\/strong>) \u00e9s considerat l&#8217;obra civil m\u00e9s important i m\u00e9s ben conservada de la ciutat. \u00c9s un edifici neocl\u00e0ssic del segle XVIII, constru\u00eft en pedra de carreuat, que destaca per la seva sobrietat i eleg\u00e0ncia. La fa\u00e7ana principal llueix un escut barroc de la ciutat i una inscripci\u00f3 que diu: \u201cReinando Carlos III \/ A\u00f1o de 1769\u201d, en refer\u00e8ncia al monarca sota el regnat del qual es va erigir l&#8217;edifici. Sobre el front\u00f3 superior de la fa\u00e7ana hi ha un rellotge, instal\u00b7lat el 1857.<\/p><p>El projecte inicial va ser tra\u00e7at per <em>Jos\u00e9 de Itu\u00f1o<\/em> el 1768, per\u00f2 va ser modificat i supervisat per l&#8217;arquitecte <em>Ventura Rodr\u00edguez<\/em>, supervisor de les obres que es feien a Espanya amb fons p\u00fablics.<\/p><p>Desenvolupat en dues al\u00e7ades, amb quatre obertures per planta d&#8217;arcs de mig punt. La planta baixa presenta una doble porxada. Un d&#8217;exterior que es prolonga a les cases d&#8217;aquest costat de la pla\u00e7a, i un altre d&#8217;interior que dona entrada a les depend\u00e8ncies municipals. La quarta porta del costat dret constitueix una via de pas cap al <strong>carrer Ingeniero S\u00e1nchez del R\u00edo<\/strong>.<\/p><p>El pis superior consta de balc\u00f3 cantoner corregut amb els quatre grans arcs de mig punt entre pilastres toscanes apariades, rematats en entaulament i frontispici recte entre alerons amb boles als extrems, en qu\u00e8 se situa un rellotge i la inscripci\u00f3 citada.<\/p><p>Els habitatges que continuen aquest costat de la pla\u00e7a s\u00f3n dels segles XVII, XVIII i XIX.<\/p><p>El balc\u00f3 publicita expressivament la consideraci\u00f3 d\u2019<strong>Haro Capital del Rioja<\/strong>, refor\u00e7ada per l&#8217;apilament de botes que omplen dos dels arcs.<\/p>\t\t\t\t\t\t\t\t<\/div>\n\t\t\t\t<\/div>\n\t\t\t\t<div class=\"elementor-element elementor-element-d4e7166 elementor-widget elementor-widget-image\" data-id=\"d4e7166\" data-element_type=\"widget\" data-e-type=\"widget\" data-widget_type=\"image.default\">\n\t\t\t\t<div class=\"elementor-widget-container\">\n\t\t\t\t\t\t\t\t\t\t\t\t<figure class=\"wp-caption\">\n\t\t\t\t\t\t\t\t\t\t<img loading=\"lazy\" decoding=\"async\" width=\"768\" height=\"511\" src=\"https:\/\/www.elturistatranquil.com\/wp-content\/uploads\/F25-Ayuntamiento-Haro-La-Rioja.jpg\" class=\"attachment-large size-large wp-image-58332\" alt=\"Haro, La Rioja\" srcset=\"https:\/\/www.elturistatranquil.com\/wp-content\/uploads\/F25-Ayuntamiento-Haro-La-Rioja.jpg 768w, https:\/\/www.elturistatranquil.com\/wp-content\/uploads\/F25-Ayuntamiento-Haro-La-Rioja-339x226.jpg 339w\" sizes=\"(max-width: 768px) 100vw, 768px\" \/>\t\t\t\t\t\t\t\t\t\t\t<figcaption class=\"widget-image-caption wp-caption-text\"><\/figcaption>\n\t\t\t\t\t\t\t\t\t\t<\/figure>\n\t\t\t\t\t\t\t\t\t<\/div>\n\t\t\t\t<\/div>\n\t\t\t\t<div class=\"elementor-element elementor-element-30cd045 elementor-widget elementor-widget-image\" data-id=\"30cd045\" data-element_type=\"widget\" data-e-type=\"widget\" data-widget_type=\"image.default\">\n\t\t\t\t<div class=\"elementor-widget-container\">\n\t\t\t\t\t\t\t\t\t\t\t\t<figure class=\"wp-caption\">\n\t\t\t\t\t\t\t\t\t\t<img loading=\"lazy\" decoding=\"async\" width=\"768\" height=\"511\" src=\"https:\/\/www.elturistatranquil.com\/wp-content\/uploads\/F26-Ayuntamiento-Haro-La-Rioja.jpg\" class=\"attachment-large size-large wp-image-58334\" alt=\"Ayuntamiento, Haro, La Rioja\" srcset=\"https:\/\/www.elturistatranquil.com\/wp-content\/uploads\/F26-Ayuntamiento-Haro-La-Rioja.jpg 768w, https:\/\/www.elturistatranquil.com\/wp-content\/uploads\/F26-Ayuntamiento-Haro-La-Rioja-339x226.jpg 339w\" sizes=\"(max-width: 768px) 100vw, 768px\" \/>\t\t\t\t\t\t\t\t\t\t\t<figcaption class=\"widget-image-caption wp-caption-text\"><\/figcaption>\n\t\t\t\t\t\t\t\t\t\t<\/figure>\n\t\t\t\t\t\t\t\t\t<\/div>\n\t\t\t\t<\/div>\n\t\t\t\t<div class=\"elementor-element elementor-element-e1140d3 elementor-widget elementor-widget-image\" data-id=\"e1140d3\" data-element_type=\"widget\" data-e-type=\"widget\" data-widget_type=\"image.default\">\n\t\t\t\t<div class=\"elementor-widget-container\">\n\t\t\t\t\t\t\t\t\t\t\t\t<figure class=\"wp-caption\">\n\t\t\t\t\t\t\t\t\t\t<img loading=\"lazy\" decoding=\"async\" width=\"768\" height=\"511\" src=\"https:\/\/www.elturistatranquil.com\/wp-content\/uploads\/F27-Ayuntamiento-Haro-La-Rioja.jpg\" class=\"attachment-large size-large wp-image-58336\" alt=\"Ayuntamiento, Haro, La Rioja\" srcset=\"https:\/\/www.elturistatranquil.com\/wp-content\/uploads\/F27-Ayuntamiento-Haro-La-Rioja.jpg 768w, https:\/\/www.elturistatranquil.com\/wp-content\/uploads\/F27-Ayuntamiento-Haro-La-Rioja-339x226.jpg 339w\" sizes=\"(max-width: 768px) 100vw, 768px\" \/>\t\t\t\t\t\t\t\t\t\t\t<figcaption class=\"widget-image-caption wp-caption-text\"><\/figcaption>\n\t\t\t\t\t\t\t\t\t\t<\/figure>\n\t\t\t\t\t\t\t\t\t<\/div>\n\t\t\t\t<\/div>\n\t\t\t\t<div class=\"elementor-element elementor-element-61e62d3 elementor-widget elementor-widget-heading\" data-id=\"61e62d3\" data-element_type=\"widget\" data-e-type=\"widget\" data-widget_type=\"heading.default\">\n\t\t\t\t<div class=\"elementor-widget-container\">\n\t\t\t\t\t<h3 class=\"elementor-heading-title elementor-size-default\">Carrer Santo Tom\u00e1s \/ Pl. San Mart\u00edn \/ Pl. de la Iglesia \/ Cjon. Santiago \/ c. Soledad<\/h3>\t\t\t\t<\/div>\n\t\t\t\t<\/div>\n\t\t\t\t<div class=\"elementor-element elementor-element-e68e9a2 elementor-widget elementor-widget-text-editor\" data-id=\"e68e9a2\" data-element_type=\"widget\" data-e-type=\"widget\" data-widget_type=\"text-editor.default\">\n\t\t\t\t<div class=\"elementor-widget-container\">\n\t\t\t\t\t\t\t\t\t<p>Per la cantonada esquerre de l&#8217;Ajuntament s&#8217;accedia al recinte murat per la <strong>Porta de la Vila <\/strong>o<strong> porta de Portares<\/strong> desapareguda cap a 1925, entrant pel <strong>carrer Major <\/strong>o<strong> carrer Santo Tom\u00e1s<\/strong> (<strong>8<\/strong>).<\/p><p>El mur de la placeta que va deixar visible l&#8217;enderrocament s&#8217;ha recobert amb un mural clarament al\u00b7leg\u00f2ric al paper del vi.<\/p>\t\t\t\t\t\t\t\t<\/div>\n\t\t\t\t<\/div>\n\t\t\t\t<div class=\"elementor-element elementor-element-9fbf799 elementor-widget elementor-widget-image\" data-id=\"9fbf799\" data-element_type=\"widget\" data-e-type=\"widget\" data-widget_type=\"image.default\">\n\t\t\t\t<div class=\"elementor-widget-container\">\n\t\t\t\t\t\t\t\t\t\t\t\t<figure class=\"wp-caption\">\n\t\t\t\t\t\t\t\t\t\t<img loading=\"lazy\" decoding=\"async\" width=\"768\" height=\"512\" src=\"https:\/\/www.elturistatranquil.com\/wp-content\/uploads\/F28-Haro-La-Rioja.jpg\" class=\"attachment-large size-large wp-image-58338\" alt=\"Haro, La Rioja\" srcset=\"https:\/\/www.elturistatranquil.com\/wp-content\/uploads\/F28-Haro-La-Rioja.jpg 768w, https:\/\/www.elturistatranquil.com\/wp-content\/uploads\/F28-Haro-La-Rioja-339x226.jpg 339w\" sizes=\"(max-width: 768px) 100vw, 768px\" \/>\t\t\t\t\t\t\t\t\t\t\t<figcaption class=\"widget-image-caption wp-caption-text\"><\/figcaption>\n\t\t\t\t\t\t\t\t\t\t<\/figure>\n\t\t\t\t\t\t\t\t\t<\/div>\n\t\t\t\t<\/div>\n\t\t\t\t<div class=\"elementor-element elementor-element-63898b5 elementor-widget elementor-widget-text-editor\" data-id=\"63898b5\" data-element_type=\"widget\" data-e-type=\"widget\" data-widget_type=\"text-editor.default\">\n\t\t\t\t<div class=\"elementor-widget-container\">\n\t\t\t\t\t\t\t\t\t<p>El carrer perfila perfectament la torre de l&#8217;esgl\u00e9sia de Santo Tom\u00e1s.<\/p>\t\t\t\t\t\t\t\t<\/div>\n\t\t\t\t<\/div>\n\t\t\t\t<div class=\"elementor-element elementor-element-3649a49 elementor-widget elementor-widget-image\" data-id=\"3649a49\" data-element_type=\"widget\" data-e-type=\"widget\" data-widget_type=\"image.default\">\n\t\t\t\t<div class=\"elementor-widget-container\">\n\t\t\t\t\t\t\t\t\t\t\t\t<figure class=\"wp-caption\">\n\t\t\t\t\t\t\t\t\t\t<img loading=\"lazy\" decoding=\"async\" width=\"768\" height=\"512\" src=\"https:\/\/www.elturistatranquil.com\/wp-content\/uploads\/F29-Haro-La-Rioja.jpg\" class=\"attachment-large size-large wp-image-58340\" alt=\"Haro, La Rioja\" srcset=\"https:\/\/www.elturistatranquil.com\/wp-content\/uploads\/F29-Haro-La-Rioja.jpg 768w, https:\/\/www.elturistatranquil.com\/wp-content\/uploads\/F29-Haro-La-Rioja-339x226.jpg 339w\" sizes=\"(max-width: 768px) 100vw, 768px\" \/>\t\t\t\t\t\t\t\t\t\t\t<figcaption class=\"widget-image-caption wp-caption-text\"><\/figcaption>\n\t\t\t\t\t\t\t\t\t\t<\/figure>\n\t\t\t\t\t\t\t\t\t<\/div>\n\t\t\t\t<\/div>\n\t\t\t\t<div class=\"elementor-element elementor-element-1b6c072 elementor-widget elementor-widget-image\" data-id=\"1b6c072\" data-element_type=\"widget\" data-e-type=\"widget\" data-widget_type=\"image.default\">\n\t\t\t\t<div class=\"elementor-widget-container\">\n\t\t\t\t\t\t\t\t\t\t\t\t<figure class=\"wp-caption\">\n\t\t\t\t\t\t\t\t\t\t<img loading=\"lazy\" decoding=\"async\" width=\"768\" height=\"511\" src=\"https:\/\/www.elturistatranquil.com\/wp-content\/uploads\/F30-Haro-La-Rioja.jpg\" class=\"attachment-large size-large wp-image-58342\" alt=\"Haro, La Rioja\" srcset=\"https:\/\/www.elturistatranquil.com\/wp-content\/uploads\/F30-Haro-La-Rioja.jpg 768w, https:\/\/www.elturistatranquil.com\/wp-content\/uploads\/F30-Haro-La-Rioja-339x226.jpg 339w\" sizes=\"(max-width: 768px) 100vw, 768px\" \/>\t\t\t\t\t\t\t\t\t\t\t<figcaption class=\"widget-image-caption wp-caption-text\"><\/figcaption>\n\t\t\t\t\t\t\t\t\t\t<\/figure>\n\t\t\t\t\t\t\t\t\t<\/div>\n\t\t\t\t<\/div>\n\t\t\t\t<div class=\"elementor-element elementor-element-3e3e43e elementor-widget elementor-widget-image\" data-id=\"3e3e43e\" data-element_type=\"widget\" data-e-type=\"widget\" data-widget_type=\"image.default\">\n\t\t\t\t<div class=\"elementor-widget-container\">\n\t\t\t\t\t\t\t\t\t\t\t\t<figure class=\"wp-caption\">\n\t\t\t\t\t\t\t\t\t\t<img loading=\"lazy\" decoding=\"async\" width=\"768\" height=\"511\" src=\"https:\/\/www.elturistatranquil.com\/wp-content\/uploads\/F31-Haro-La-Rioja.jpg\" class=\"attachment-large size-large wp-image-58344\" alt=\"Haro, La Rioja\" srcset=\"https:\/\/www.elturistatranquil.com\/wp-content\/uploads\/F31-Haro-La-Rioja.jpg 768w, https:\/\/www.elturistatranquil.com\/wp-content\/uploads\/F31-Haro-La-Rioja-339x226.jpg 339w\" sizes=\"(max-width: 768px) 100vw, 768px\" \/>\t\t\t\t\t\t\t\t\t\t\t<figcaption class=\"widget-image-caption wp-caption-text\"><\/figcaption>\n\t\t\t\t\t\t\t\t\t\t<\/figure>\n\t\t\t\t\t\t\t\t\t<\/div>\n\t\t\t\t<\/div>\n\t\t\t\t<div class=\"elementor-element elementor-element-f4f74a1 elementor-widget elementor-widget-image\" data-id=\"f4f74a1\" data-element_type=\"widget\" data-e-type=\"widget\" data-widget_type=\"image.default\">\n\t\t\t\t<div class=\"elementor-widget-container\">\n\t\t\t\t\t\t\t\t\t\t\t\t<figure class=\"wp-caption\">\n\t\t\t\t\t\t\t\t\t\t<img loading=\"lazy\" decoding=\"async\" width=\"768\" height=\"511\" src=\"https:\/\/www.elturistatranquil.com\/wp-content\/uploads\/F32-Haro-La-Rioja.jpg\" class=\"attachment-large size-large wp-image-58346\" alt=\"Haro, La Rioja\" srcset=\"https:\/\/www.elturistatranquil.com\/wp-content\/uploads\/F32-Haro-La-Rioja.jpg 768w, https:\/\/www.elturistatranquil.com\/wp-content\/uploads\/F32-Haro-La-Rioja-339x226.jpg 339w\" sizes=\"(max-width: 768px) 100vw, 768px\" \/>\t\t\t\t\t\t\t\t\t\t\t<figcaption class=\"widget-image-caption wp-caption-text\"><\/figcaption>\n\t\t\t\t\t\t\t\t\t\t<\/figure>\n\t\t\t\t\t\t\t\t\t<\/div>\n\t\t\t\t<\/div>\n\t\t\t\t<div class=\"elementor-element elementor-element-1e93daf elementor-widget elementor-widget-text-editor\" data-id=\"1e93daf\" data-element_type=\"widget\" data-e-type=\"widget\" data-widget_type=\"text-editor.default\">\n\t\t\t\t<div class=\"elementor-widget-container\">\n\t\t\t\t\t\t\t\t\t<p>A partir del migdia, el carrer Santo Tom\u00e1s i rodalies es converteix en el centre del \u201ctasqueig\u201d t\u00edpic de esta zona coneguda como \u201cla <strong>herradura<\/strong> de Haro\u201d.<\/p>\t\t\t\t\t\t\t\t<\/div>\n\t\t\t\t<\/div>\n\t\t\t\t<div class=\"elementor-element elementor-element-49cdd24 elementor-widget elementor-widget-image\" data-id=\"49cdd24\" data-element_type=\"widget\" data-e-type=\"widget\" data-widget_type=\"image.default\">\n\t\t\t\t<div class=\"elementor-widget-container\">\n\t\t\t\t\t\t\t\t\t\t\t\t<figure class=\"wp-caption\">\n\t\t\t\t\t\t\t\t\t\t<img loading=\"lazy\" decoding=\"async\" width=\"768\" height=\"512\" src=\"https:\/\/www.elturistatranquil.com\/wp-content\/uploads\/F33-Haro-La-Rioja.jpg\" class=\"attachment-large size-large wp-image-58348\" alt=\"Haro, La Rioja\" srcset=\"https:\/\/www.elturistatranquil.com\/wp-content\/uploads\/F33-Haro-La-Rioja.jpg 768w, https:\/\/www.elturistatranquil.com\/wp-content\/uploads\/F33-Haro-La-Rioja-339x226.jpg 339w\" sizes=\"(max-width: 768px) 100vw, 768px\" \/>\t\t\t\t\t\t\t\t\t\t\t<figcaption class=\"widget-image-caption wp-caption-text\"><\/figcaption>\n\t\t\t\t\t\t\t\t\t\t<\/figure>\n\t\t\t\t\t\t\t\t\t<\/div>\n\t\t\t\t<\/div>\n\t\t\t\t<div class=\"elementor-element elementor-element-867a93f elementor-widget elementor-widget-text-editor\" data-id=\"867a93f\" data-element_type=\"widget\" data-e-type=\"widget\" data-widget_type=\"text-editor.default\">\n\t\t\t\t<div class=\"elementor-widget-container\">\n\t\t\t\t\t\t\t\t\t<p>Desviant-nos a mig cam\u00ed del carrer cap a l&#8217;esquerra ens endinsem a la recollida <strong>pla\u00e7a de San Mart\u00edn<\/strong> (<strong>9<\/strong>), amb agradable sabor medieval, malgrat el fanal vermell\u00f3s i els bancs neomodernistes.<\/p>\t\t\t\t\t\t\t\t<\/div>\n\t\t\t\t<\/div>\n\t\t\t\t<div class=\"elementor-element elementor-element-22bd45c elementor-widget elementor-widget-image\" data-id=\"22bd45c\" data-element_type=\"widget\" data-e-type=\"widget\" data-widget_type=\"image.default\">\n\t\t\t\t<div class=\"elementor-widget-container\">\n\t\t\t\t\t\t\t\t\t\t\t\t<figure class=\"wp-caption\">\n\t\t\t\t\t\t\t\t\t\t<img loading=\"lazy\" decoding=\"async\" width=\"768\" height=\"512\" src=\"https:\/\/www.elturistatranquil.com\/wp-content\/uploads\/F34-Haro-La-Rioja.jpg\" class=\"attachment-large size-large wp-image-58350\" alt=\"Haro, La Rioja\" srcset=\"https:\/\/www.elturistatranquil.com\/wp-content\/uploads\/F34-Haro-La-Rioja.jpg 768w, https:\/\/www.elturistatranquil.com\/wp-content\/uploads\/F34-Haro-La-Rioja-339x226.jpg 339w\" sizes=\"(max-width: 768px) 100vw, 768px\" \/>\t\t\t\t\t\t\t\t\t\t\t<figcaption class=\"widget-image-caption wp-caption-text\"><\/figcaption>\n\t\t\t\t\t\t\t\t\t\t<\/figure>\n\t\t\t\t\t\t\t\t\t<\/div>\n\t\t\t\t<\/div>\n\t\t\t\t<div class=\"elementor-element elementor-element-429530e elementor-widget elementor-widget-image\" data-id=\"429530e\" data-element_type=\"widget\" data-e-type=\"widget\" data-widget_type=\"image.default\">\n\t\t\t\t<div class=\"elementor-widget-container\">\n\t\t\t\t\t\t\t\t\t\t\t\t<figure class=\"wp-caption\">\n\t\t\t\t\t\t\t\t\t\t<img loading=\"lazy\" decoding=\"async\" width=\"768\" height=\"512\" src=\"https:\/\/www.elturistatranquil.com\/wp-content\/uploads\/F35-Haro-La-Rioja.jpg\" class=\"attachment-large size-large wp-image-58352\" alt=\"Haro, La Rioja\" srcset=\"https:\/\/www.elturistatranquil.com\/wp-content\/uploads\/F35-Haro-La-Rioja.jpg 768w, https:\/\/www.elturistatranquil.com\/wp-content\/uploads\/F35-Haro-La-Rioja-339x226.jpg 339w\" sizes=\"(max-width: 768px) 100vw, 768px\" \/>\t\t\t\t\t\t\t\t\t\t\t<figcaption class=\"widget-image-caption wp-caption-text\"><\/figcaption>\n\t\t\t\t\t\t\t\t\t\t<\/figure>\n\t\t\t\t\t\t\t\t\t<\/div>\n\t\t\t\t<\/div>\n\t\t\t\t<div class=\"elementor-element elementor-element-6bb6b9d elementor-widget elementor-widget-text-editor\" data-id=\"6bb6b9d\" data-element_type=\"widget\" data-e-type=\"widget\" data-widget_type=\"text-editor.default\">\n\t\t\t\t<div class=\"elementor-widget-container\">\n\t\t\t\t\t\t\t\t\t<p>Un carrer\u00f3 medieval porta tamb\u00e9 als peus de l&#8217;esgl\u00e9sia de Santo Tom\u00e1s.<\/p>\t\t\t\t\t\t\t\t<\/div>\n\t\t\t\t<\/div>\n\t\t\t\t<div class=\"elementor-element elementor-element-3fe37e9 elementor-widget elementor-widget-image\" data-id=\"3fe37e9\" data-element_type=\"widget\" data-e-type=\"widget\" data-widget_type=\"image.default\">\n\t\t\t\t<div class=\"elementor-widget-container\">\n\t\t\t\t\t\t\t\t\t\t\t\t<figure class=\"wp-caption\">\n\t\t\t\t\t\t\t\t\t\t<img loading=\"lazy\" decoding=\"async\" width=\"768\" height=\"511\" src=\"https:\/\/www.elturistatranquil.com\/wp-content\/uploads\/F36-Haro-La-Rioja.jpg\" class=\"attachment-large size-large wp-image-58354\" alt=\"Haro, La Rioja\" srcset=\"https:\/\/www.elturistatranquil.com\/wp-content\/uploads\/F36-Haro-La-Rioja.jpg 768w, https:\/\/www.elturistatranquil.com\/wp-content\/uploads\/F36-Haro-La-Rioja-339x226.jpg 339w\" sizes=\"(max-width: 768px) 100vw, 768px\" \/>\t\t\t\t\t\t\t\t\t\t\t<figcaption class=\"widget-image-caption wp-caption-text\"><\/figcaption>\n\t\t\t\t\t\t\t\t\t\t<\/figure>\n\t\t\t\t\t\t\t\t\t<\/div>\n\t\t\t\t<\/div>\n\t\t\t\t<div class=\"elementor-element elementor-element-11d6c64 elementor-widget elementor-widget-text-editor\" data-id=\"11d6c64\" data-element_type=\"widget\" data-e-type=\"widget\" data-widget_type=\"text-editor.default\">\n\t\t\t\t<div class=\"elementor-widget-container\">\n\t\t\t\t\t\t\t\t\t<p>Aix\u00ed s&#8217;arriba a la que va ser <strong>pla\u00e7a Major de Haro<\/strong>, fins a la construcci\u00f3 de la pla\u00e7a de l&#8217;Ajuntament al segle XVIII.<\/p>\t\t\t\t\t\t\t\t<\/div>\n\t\t\t\t<\/div>\n\t\t\t\t<div class=\"elementor-element elementor-element-d37eb6e elementor-widget elementor-widget-heading\" data-id=\"d37eb6e\" data-element_type=\"widget\" data-e-type=\"widget\" data-widget_type=\"heading.default\">\n\t\t\t\t<div class=\"elementor-widget-container\">\n\t\t\t\t\t<h4 class=\"elementor-heading-title elementor-size-default\">Esgl\u00e9sia Col\u00b7legiata de Santo Tom\u00e1s<\/h4>\t\t\t\t<\/div>\n\t\t\t\t<\/div>\n\t\t\t\t<div class=\"elementor-element elementor-element-2f9d006 elementor-widget elementor-widget-text-editor\" data-id=\"2f9d006\" data-element_type=\"widget\" data-e-type=\"widget\" data-widget_type=\"text-editor.default\">\n\t\t\t\t<div class=\"elementor-widget-container\">\n\t\t\t\t\t\t\t\t\t<p><em>B\u00e9 d&#8217;Inter\u00e8s Cultural (BIC)<\/em><\/p><p>L&#8217;<strong>esgl\u00e9sia col\u00b7legiata de Santo Tom\u00e1s Ap\u00f3stol<\/strong> (<strong>10<\/strong>), es va situar al tur\u00f3 de la Mota o L&#8217;Atalaia d&#8217;Haro, a l&#8217;\u00e0mbit territorial del castell de la Mota. \u00c9s un dels monuments m\u00e9s emblem\u00e0tics de La Rioja, visible des de nombrosos punts de la ciutat i el seu entorn.<\/p><p>La seva construcci\u00f3 es va estendre des del 1512 fins al 1725, la qual cosa explica la coexist\u00e8ncia de diversos estils art\u00edstics. Del g\u00f2tic tard\u00e0 destaca la cap\u00e7alera poligonal vuitavada i els primers trams, amb voltes de creueria estrellada i arcs apuntats. L&#8217;estil renaixentista s&#8217;aprecia a la nau i a la portada principal, obra de <em>Felip Bigarny<\/em>. Mentre que el barroc es manifesta a la torre, el retaule major, l&#8217;orgue, aix\u00ed com la sagristia i el cor<\/p><p>El primer contacte es produeix amb la torre-campanar barroca, que sobresurt de l&#8217;angle interior del temple, als peus al costat de l&#8217;ep\u00edstola.<\/p><p>De 68 metres d&#8217;al\u00e7ada, s&#8217;eleva amb tres cossos sobresortints respecte del cos del temple. El primer de planta quadrada i els superiors octogonals, amb influ\u00e8ncies del barroc itali\u00e0. La torre, constru\u00efda als segles XVII i XVIII, est\u00e0 profusament decorada amb gerros, arcbotants, escultures de sants de La Rioja i g\u00e0rgoles, i culmina en una llanterna amb cupul\u00ed, penell i creu. Aquesta torre va servir de model per a altres torres de la regi\u00f3.<\/p><p>Al cos quadrat de la torre es troba el <em>conjuratori<\/em>, una finestra des de la qual es realitzaven rituals per conjurar tempestes i pedres, tradici\u00f3 molt arrelada a la zona.<\/p>\t\t\t\t\t\t\t\t<\/div>\n\t\t\t\t<\/div>\n\t\t\t\t<div class=\"elementor-element elementor-element-9a3f7d6 elementor-widget elementor-widget-image\" data-id=\"9a3f7d6\" data-element_type=\"widget\" data-e-type=\"widget\" data-widget_type=\"image.default\">\n\t\t\t\t<div class=\"elementor-widget-container\">\n\t\t\t\t\t\t\t\t\t\t\t\t<figure class=\"wp-caption\">\n\t\t\t\t\t\t\t\t\t\t<img loading=\"lazy\" decoding=\"async\" width=\"768\" height=\"511\" src=\"https:\/\/www.elturistatranquil.com\/wp-content\/uploads\/F37-Iglesia-de-Santo-Tomas-Haro-La-Rioja.jpg\" class=\"attachment-large size-large wp-image-58356\" alt=\"Iglesia de Santo Tomas, Haro, La Rioja\" srcset=\"https:\/\/www.elturistatranquil.com\/wp-content\/uploads\/F37-Iglesia-de-Santo-Tomas-Haro-La-Rioja.jpg 768w, https:\/\/www.elturistatranquil.com\/wp-content\/uploads\/F37-Iglesia-de-Santo-Tomas-Haro-La-Rioja-339x226.jpg 339w\" sizes=\"(max-width: 768px) 100vw, 768px\" \/>\t\t\t\t\t\t\t\t\t\t\t<figcaption class=\"widget-image-caption wp-caption-text\"><\/figcaption>\n\t\t\t\t\t\t\t\t\t\t<\/figure>\n\t\t\t\t\t\t\t\t\t<\/div>\n\t\t\t\t<\/div>\n\t\t\t\t<div class=\"elementor-element elementor-element-55e2511 elementor-widget elementor-widget-image\" data-id=\"55e2511\" data-element_type=\"widget\" data-e-type=\"widget\" data-widget_type=\"image.default\">\n\t\t\t\t<div class=\"elementor-widget-container\">\n\t\t\t\t\t\t\t\t\t\t\t\t<figure class=\"wp-caption\">\n\t\t\t\t\t\t\t\t\t\t<img loading=\"lazy\" decoding=\"async\" width=\"768\" height=\"512\" src=\"https:\/\/www.elturistatranquil.com\/wp-content\/uploads\/F38-Iglesia-de-Santo-Tomas-Haro-La-Rioja.jpg\" class=\"attachment-large size-large wp-image-58358\" alt=\"Iglesia de Santo Tomas, Haro, La Rioja\" srcset=\"https:\/\/www.elturistatranquil.com\/wp-content\/uploads\/F38-Iglesia-de-Santo-Tomas-Haro-La-Rioja.jpg 768w, https:\/\/www.elturistatranquil.com\/wp-content\/uploads\/F38-Iglesia-de-Santo-Tomas-Haro-La-Rioja-339x226.jpg 339w\" sizes=\"(max-width: 768px) 100vw, 768px\" \/>\t\t\t\t\t\t\t\t\t\t\t<figcaption class=\"widget-image-caption wp-caption-text\"><\/figcaption>\n\t\t\t\t\t\t\t\t\t\t<\/figure>\n\t\t\t\t\t\t\t\t\t<\/div>\n\t\t\t\t<\/div>\n\t\t\t\t<div class=\"elementor-element elementor-element-fd7f864 elementor-widget elementor-widget-image\" data-id=\"fd7f864\" data-element_type=\"widget\" data-e-type=\"widget\" data-widget_type=\"image.default\">\n\t\t\t\t<div class=\"elementor-widget-container\">\n\t\t\t\t\t\t\t\t\t\t\t\t<figure class=\"wp-caption\">\n\t\t\t\t\t\t\t\t\t\t<img loading=\"lazy\" decoding=\"async\" width=\"768\" height=\"511\" src=\"https:\/\/www.elturistatranquil.com\/wp-content\/uploads\/F39-Iglesia-de-Santo-Tomas-Haro-La-Rioja.jpg\" class=\"attachment-large size-large wp-image-58360\" alt=\"Iglesia de Santo Tomas, Haro, La Rioja\" srcset=\"https:\/\/www.elturistatranquil.com\/wp-content\/uploads\/F39-Iglesia-de-Santo-Tomas-Haro-La-Rioja.jpg 768w, https:\/\/www.elturistatranquil.com\/wp-content\/uploads\/F39-Iglesia-de-Santo-Tomas-Haro-La-Rioja-339x226.jpg 339w\" sizes=\"(max-width: 768px) 100vw, 768px\" \/>\t\t\t\t\t\t\t\t\t\t\t<figcaption class=\"widget-image-caption wp-caption-text\"><\/figcaption>\n\t\t\t\t\t\t\t\t\t\t<\/figure>\n\t\t\t\t\t\t\t\t\t<\/div>\n\t\t\t\t<\/div>\n\t\t\t\t<div class=\"elementor-element elementor-element-f5af2d0 elementor-widget elementor-widget-text-editor\" data-id=\"f5af2d0\" data-element_type=\"widget\" data-e-type=\"widget\" data-widget_type=\"text-editor.default\">\n\t\t\t\t<div class=\"elementor-widget-container\">\n\t\t\t\t\t\t\t\t\t<p>Com he indicat, l&#8217;altre element destacat de l&#8217;exterior \u00e9s la portada principal, orientada al migdia i concebuda com a aut\u00e8ntic retaule petri d&#8217;estil renaixentista. Aquesta obra mestra va ser realitzada entre el 1512 i el 1525 per l&#8217;escultor <em>Felip Bigarny<\/em>.<\/p><p>La portada est\u00e0 situada al pen\u00faltim tram del temple, al costat de l&#8217;ep\u00edstola. Encaixada entre dos contraforts, est\u00e0 protegida per un gran arc de mig punt alineat amb ells.<\/p>\t\t\t\t\t\t\t\t<\/div>\n\t\t\t\t<\/div>\n\t\t\t\t<div class=\"elementor-element elementor-element-b0b7328 elementor-widget elementor-widget-image\" data-id=\"b0b7328\" data-element_type=\"widget\" data-e-type=\"widget\" data-widget_type=\"image.default\">\n\t\t\t\t<div class=\"elementor-widget-container\">\n\t\t\t\t\t\t\t\t\t\t\t\t<figure class=\"wp-caption\">\n\t\t\t\t\t\t\t\t\t\t<img loading=\"lazy\" decoding=\"async\" width=\"768\" height=\"512\" src=\"https:\/\/www.elturistatranquil.com\/wp-content\/uploads\/F40-Iglesia-de-Santo-Tomas-Haro-La-Rioja.jpg\" class=\"attachment-large size-large wp-image-58362\" alt=\"Iglesia de Santo Tomas, Haro, La Rioja\" srcset=\"https:\/\/www.elturistatranquil.com\/wp-content\/uploads\/F40-Iglesia-de-Santo-Tomas-Haro-La-Rioja.jpg 768w, https:\/\/www.elturistatranquil.com\/wp-content\/uploads\/F40-Iglesia-de-Santo-Tomas-Haro-La-Rioja-339x226.jpg 339w\" sizes=\"(max-width: 768px) 100vw, 768px\" \/>\t\t\t\t\t\t\t\t\t\t\t<figcaption class=\"widget-image-caption wp-caption-text\"><\/figcaption>\n\t\t\t\t\t\t\t\t\t\t<\/figure>\n\t\t\t\t\t\t\t\t\t<\/div>\n\t\t\t\t<\/div>\n\t\t\t\t<div class=\"elementor-element elementor-element-646114d elementor-widget elementor-widget-text-editor\" data-id=\"646114d\" data-element_type=\"widget\" data-e-type=\"widget\" data-widget_type=\"text-editor.default\">\n\t\t\t\t<div class=\"elementor-widget-container\">\n\t\t\t\t\t\t\t\t\t<p>A manera de retaule, s&#8217;estructura en tres cossos verticals dividits en sis carrers i rematats per un \u00e0tic. A les forn\u00edcules laterals es disposen els dotze ap\u00f2stols, tots amb vestimenta talar excepte Santiago el Major, que apareix com a pelegr\u00ed, en al\u00b7lusi\u00f3 al Cam\u00ed de Sant Jaume i la seva import\u00e0ncia per a la regi\u00f3.<\/p><p>Les dues portes d&#8217;acc\u00e9s, separades per un mainell, s&#8217;emmarquen sota un fris decorat amb caps d&#8217;\u00e0ngels. Sobre elles, dos timpans semicirculars representen escenes clau: la incredulitat de Sant Tom\u00e0s, introduint la seva m\u00e0 al costat de Crist, i l&#8217;aparici\u00f3 de Jes\u00fas ressuscitat davant dels ap\u00f2stols. M\u00e9s amunt, quatre relleus narren episodis de la Passi\u00f3: la flagel\u00b7laci\u00f3, la coronaci\u00f3 d&#8217;espines, Jesucrist davant Caif\u00e0s i el Calvari. El conjunt culmina a l&#8217;\u00e0tic amb la imatge de Crist en majestat, portant la corona imperial i l&#8217;orbe, flanquejat pels escuts dels Fern\u00e1ndez de Velasco, senyors d&#8217;Haro.<\/p>\t\t\t\t\t\t\t\t<\/div>\n\t\t\t\t<\/div>\n\t\t\t\t<div class=\"elementor-element elementor-element-d365fd7 elementor-widget elementor-widget-image\" data-id=\"d365fd7\" data-element_type=\"widget\" data-e-type=\"widget\" data-widget_type=\"image.default\">\n\t\t\t\t<div class=\"elementor-widget-container\">\n\t\t\t\t\t\t\t\t\t\t\t\t<figure class=\"wp-caption\">\n\t\t\t\t\t\t\t\t\t\t<img loading=\"lazy\" decoding=\"async\" width=\"768\" height=\"512\" src=\"https:\/\/www.elturistatranquil.com\/wp-content\/uploads\/F41-Iglesia-de-Santo-Tomas-Haro-La-Rioja.jpg\" class=\"attachment-large size-large wp-image-58364\" alt=\"Iglesia de Santo Tomas, Haro, La Rioja\" srcset=\"https:\/\/www.elturistatranquil.com\/wp-content\/uploads\/F41-Iglesia-de-Santo-Tomas-Haro-La-Rioja.jpg 768w, https:\/\/www.elturistatranquil.com\/wp-content\/uploads\/F41-Iglesia-de-Santo-Tomas-Haro-La-Rioja-339x226.jpg 339w\" sizes=\"(max-width: 768px) 100vw, 768px\" \/>\t\t\t\t\t\t\t\t\t\t\t<figcaption class=\"widget-image-caption wp-caption-text\"><\/figcaption>\n\t\t\t\t\t\t\t\t\t\t<\/figure>\n\t\t\t\t\t\t\t\t\t<\/div>\n\t\t\t\t<\/div>\n\t\t\t\t<div class=\"elementor-element elementor-element-a59c0ab elementor-widget elementor-widget-image\" data-id=\"a59c0ab\" data-element_type=\"widget\" data-e-type=\"widget\" data-widget_type=\"image.default\">\n\t\t\t\t<div class=\"elementor-widget-container\">\n\t\t\t\t\t\t\t\t\t\t\t\t<figure class=\"wp-caption\">\n\t\t\t\t\t\t\t\t\t\t<img loading=\"lazy\" decoding=\"async\" width=\"768\" height=\"512\" src=\"https:\/\/www.elturistatranquil.com\/wp-content\/uploads\/F42-Iglesia-de-Santo-Tomas-Haro-La-Rioja.jpg\" class=\"attachment-large size-large wp-image-58366\" alt=\"Iglesia de Santo Tomas, Haro, La Rioja\" srcset=\"https:\/\/www.elturistatranquil.com\/wp-content\/uploads\/F42-Iglesia-de-Santo-Tomas-Haro-La-Rioja.jpg 768w, https:\/\/www.elturistatranquil.com\/wp-content\/uploads\/F42-Iglesia-de-Santo-Tomas-Haro-La-Rioja-339x226.jpg 339w\" sizes=\"(max-width: 768px) 100vw, 768px\" \/>\t\t\t\t\t\t\t\t\t\t\t<figcaption class=\"widget-image-caption wp-caption-text\"><\/figcaption>\n\t\t\t\t\t\t\t\t\t\t<\/figure>\n\t\t\t\t\t\t\t\t\t<\/div>\n\t\t\t\t<\/div>\n\t\t\t\t<div class=\"elementor-element elementor-element-3435774 elementor-widget elementor-widget-text-editor\" data-id=\"3435774\" data-element_type=\"widget\" data-e-type=\"widget\" data-widget_type=\"text-editor.default\">\n\t\t\t\t<div class=\"elementor-widget-container\">\n\t\t\t\t\t\t\t\t\t<p>En introduir a La Rioja el llenguatge renaixentista itali\u00e0 marca la transici\u00f3 entre el g\u00f2tic tard\u00e0 i el renaixement a l&#8217;arquitectura religiosa de la regi\u00f3.<\/p><p>La resta dels laterals presenten un menor desenvolupament decoratiu, per\u00f2 permeten observar la seq\u00fc\u00e8ncia de capelles laterals entre contraforts.<\/p><p>A la cap\u00e7alera, l&#8217;absis poligonal es conserva amb la seva estructura original del g\u00f2tic final, incloent-hi finestres apuntades amb traceria simple i potents contraforts que n&#8217;articulen el volum. A la part baixa sobresurt un absidiola.<\/p><p>Per l&#8217;exterior de l&#8217;absis al costat de l&#8217;evangeli s&#8217;hi adossa una construcci\u00f3 poligonal octogonal amb llanterna que correspon a la sagristia barroca.<\/p>\t\t\t\t\t\t\t\t<\/div>\n\t\t\t\t<\/div>\n\t\t\t\t<div class=\"elementor-element elementor-element-c76396c elementor-widget elementor-widget-image\" data-id=\"c76396c\" data-element_type=\"widget\" data-e-type=\"widget\" data-widget_type=\"image.default\">\n\t\t\t\t<div class=\"elementor-widget-container\">\n\t\t\t\t\t\t\t\t\t\t\t\t<figure class=\"wp-caption\">\n\t\t\t\t\t\t\t\t\t\t<img loading=\"lazy\" decoding=\"async\" width=\"768\" height=\"512\" src=\"https:\/\/www.elturistatranquil.com\/wp-content\/uploads\/F43-Iglesia-de-Santo-Tomas-Haro-La-Rioja.jpg\" class=\"attachment-large size-large wp-image-58368\" alt=\"Iglesia de Santo Tomas, Haro, La Rioja\" srcset=\"https:\/\/www.elturistatranquil.com\/wp-content\/uploads\/F43-Iglesia-de-Santo-Tomas-Haro-La-Rioja.jpg 768w, https:\/\/www.elturistatranquil.com\/wp-content\/uploads\/F43-Iglesia-de-Santo-Tomas-Haro-La-Rioja-339x226.jpg 339w\" sizes=\"(max-width: 768px) 100vw, 768px\" \/>\t\t\t\t\t\t\t\t\t\t\t<figcaption class=\"widget-image-caption wp-caption-text\"><\/figcaption>\n\t\t\t\t\t\t\t\t\t\t<\/figure>\n\t\t\t\t\t\t\t\t\t<\/div>\n\t\t\t\t<\/div>\n\t\t\t\t<div class=\"elementor-element elementor-element-d56e2a3 elementor-widget elementor-widget-image\" data-id=\"d56e2a3\" data-element_type=\"widget\" data-e-type=\"widget\" data-widget_type=\"image.default\">\n\t\t\t\t<div class=\"elementor-widget-container\">\n\t\t\t\t\t\t\t\t\t\t\t\t<figure class=\"wp-caption\">\n\t\t\t\t\t\t\t\t\t\t<img loading=\"lazy\" decoding=\"async\" width=\"768\" height=\"512\" src=\"https:\/\/www.elturistatranquil.com\/wp-content\/uploads\/F44-Iglesia-de-Santo-Tomas-Haro-La-Rioja.jpg\" class=\"attachment-large size-large wp-image-58370\" alt=\"Iglesia de Santo Tomas, Haro, La Rioja\" srcset=\"https:\/\/www.elturistatranquil.com\/wp-content\/uploads\/F44-Iglesia-de-Santo-Tomas-Haro-La-Rioja.jpg 768w, https:\/\/www.elturistatranquil.com\/wp-content\/uploads\/F44-Iglesia-de-Santo-Tomas-Haro-La-Rioja-339x226.jpg 339w\" sizes=\"(max-width: 768px) 100vw, 768px\" \/>\t\t\t\t\t\t\t\t\t\t\t<figcaption class=\"widget-image-caption wp-caption-text\"><\/figcaption>\n\t\t\t\t\t\t\t\t\t\t<\/figure>\n\t\t\t\t\t\t\t\t\t<\/div>\n\t\t\t\t<\/div>\n\t\t\t\t<div class=\"elementor-element elementor-element-9dc2c6d elementor-widget elementor-widget-text-editor\" data-id=\"9dc2c6d\" data-element_type=\"widget\" data-e-type=\"widget\" data-widget_type=\"text-editor.default\">\n\t\t\t\t<div class=\"elementor-widget-container\">\n\t\t\t\t\t\t\t\t\t<p>Als peus del temple es va aixecar una muralleta separada del mur per protegir-lo dels corriments de terra de la muntanya. En aquest passad\u00eds hi ha una entrada auxiliar. Al moment de la visita albergava els passos processionals per a les processons de Setmana Santa.<\/p>\t\t\t\t\t\t\t\t<\/div>\n\t\t\t\t<\/div>\n\t\t\t\t<div class=\"elementor-element elementor-element-8c958a4 elementor-widget elementor-widget-image\" data-id=\"8c958a4\" data-element_type=\"widget\" data-e-type=\"widget\" data-widget_type=\"image.default\">\n\t\t\t\t<div class=\"elementor-widget-container\">\n\t\t\t\t\t\t\t\t\t\t\t\t<figure class=\"wp-caption\">\n\t\t\t\t\t\t\t\t\t\t<img loading=\"lazy\" decoding=\"async\" width=\"768\" height=\"511\" src=\"https:\/\/www.elturistatranquil.com\/wp-content\/uploads\/F45-Iglesia-de-Santo-Tomas-Haro-La-Rioja.jpg\" class=\"attachment-large size-large wp-image-58372\" alt=\"Iglesia de Santo Tomas, Haro, La Rioja\" srcset=\"https:\/\/www.elturistatranquil.com\/wp-content\/uploads\/F45-Iglesia-de-Santo-Tomas-Haro-La-Rioja.jpg 768w, https:\/\/www.elturistatranquil.com\/wp-content\/uploads\/F45-Iglesia-de-Santo-Tomas-Haro-La-Rioja-339x226.jpg 339w\" sizes=\"(max-width: 768px) 100vw, 768px\" \/>\t\t\t\t\t\t\t\t\t\t\t<figcaption class=\"widget-image-caption wp-caption-text\"><\/figcaption>\n\t\t\t\t\t\t\t\t\t\t<\/figure>\n\t\t\t\t\t\t\t\t\t<\/div>\n\t\t\t\t<\/div>\n\t\t\t\t<div class=\"elementor-element elementor-element-8d41191 elementor-widget elementor-widget-text-editor\" data-id=\"8d41191\" data-element_type=\"widget\" data-e-type=\"widget\" data-widget_type=\"text-editor.default\">\n\t\t\t\t<div class=\"elementor-widget-container\">\n\t\t\t\t\t\t\t\t\t<p>La planta del temple \u00e9s del tipus <a href=\"https:\/\/www.elturistatranquil.com\/ca\/esglesies-monestirs-i-ordres-religioses-a-ledat-mitjana\/#b1525\" target=\"_blank\" rel=\"noopener\">basilical de sal\u00f3<\/a>, amb tres naus d&#8217;igual al\u00e7ada i quatre trams, m\u00e9s ample el primer, separades per pilars robustos i cobertes per voltes de creueria estrellada.<\/p>\t\t\t\t\t\t\t\t<\/div>\n\t\t\t\t<\/div>\n\t\t\t\t<div class=\"elementor-element elementor-element-7fa928e elementor-widget elementor-widget-image\" data-id=\"7fa928e\" data-element_type=\"widget\" data-e-type=\"widget\" data-widget_type=\"image.default\">\n\t\t\t\t<div class=\"elementor-widget-container\">\n\t\t\t\t\t\t\t\t\t\t\t\t<figure class=\"wp-caption\">\n\t\t\t\t\t\t\t\t\t\t<img loading=\"lazy\" decoding=\"async\" width=\"768\" height=\"513\" src=\"https:\/\/www.elturistatranquil.com\/wp-content\/uploads\/F46-Iglesia-de-Santo-Tomas-Haro-La-Rioja-Google-maps-2025-05-15.jpg\" class=\"attachment-large size-large wp-image-58374\" alt=\"Iglesia de Santo Tomas, Haro, La Rioja\" srcset=\"https:\/\/www.elturistatranquil.com\/wp-content\/uploads\/F46-Iglesia-de-Santo-Tomas-Haro-La-Rioja-Google-maps-2025-05-15.jpg 768w, https:\/\/www.elturistatranquil.com\/wp-content\/uploads\/F46-Iglesia-de-Santo-Tomas-Haro-La-Rioja-Google-maps-2025-05-15-339x226.jpg 339w\" sizes=\"(max-width: 768px) 100vw, 768px\" \/>\t\t\t\t\t\t\t\t\t\t\t<figcaption class=\"widget-image-caption wp-caption-text\">(Google maps 2025-05-15)<\/figcaption>\n\t\t\t\t\t\t\t\t\t\t<\/figure>\n\t\t\t\t\t\t\t\t\t<\/div>\n\t\t\t\t<\/div>\n\t\t\t\t<div class=\"elementor-element elementor-element-6739b94 elementor-widget elementor-widget-image\" data-id=\"6739b94\" data-element_type=\"widget\" data-e-type=\"widget\" data-widget_type=\"image.default\">\n\t\t\t\t<div class=\"elementor-widget-container\">\n\t\t\t\t\t\t\t\t\t\t\t\t<figure class=\"wp-caption\">\n\t\t\t\t\t\t\t\t\t\t<img loading=\"lazy\" decoding=\"async\" width=\"768\" height=\"512\" src=\"https:\/\/www.elturistatranquil.com\/wp-content\/uploads\/F47-Iglesia-de-Santo-Tomas-Haro-La-Rioja.jpg\" class=\"attachment-large size-large wp-image-58379\" alt=\"Iglesia de Santo Tomas, Haro, La Rioja\" srcset=\"https:\/\/www.elturistatranquil.com\/wp-content\/uploads\/F47-Iglesia-de-Santo-Tomas-Haro-La-Rioja.jpg 768w, https:\/\/www.elturistatranquil.com\/wp-content\/uploads\/F47-Iglesia-de-Santo-Tomas-Haro-La-Rioja-339x226.jpg 339w\" sizes=\"(max-width: 768px) 100vw, 768px\" \/>\t\t\t\t\t\t\t\t\t\t\t<figcaption class=\"widget-image-caption wp-caption-text\"><\/figcaption>\n\t\t\t\t\t\t\t\t\t\t<\/figure>\n\t\t\t\t\t\t\t\t\t<\/div>\n\t\t\t\t<\/div>\n\t\t\t\t<div class=\"elementor-element elementor-element-dd5eaf2 elementor-widget elementor-widget-text-editor\" data-id=\"dd5eaf2\" data-element_type=\"widget\" data-e-type=\"widget\" data-widget_type=\"text-editor.default\">\n\t\t\t\t<div class=\"elementor-widget-container\">\n\t\t\t\t\t\t\t\t\t<p>La nau central i les laterals s&#8217;uneixen a la cap\u00e7alera mitjan\u00e7ant un gran arc triomfal i dos arcs ogivals laterals.<\/p><p>L&#8217;absis poligonal acull el retaule major i el cor, funcionant com a punt focal de l&#8217;espai.<\/p><p>El retaule major \u00e9s una obra clau del barroc de La Rioja, realitzat al segle XVIII. S&#8217;organitza en tres cossos i cinc carrers, amb columnes salom\u00f2niques, forn\u00edcules i un programa iconogr\u00e0fic centrat en la vida, martiri i glorificaci\u00f3 de Sant Tom\u00e0s Ap\u00f2stol.<\/p>\t\t\t\t\t\t\t\t<\/div>\n\t\t\t\t<\/div>\n\t\t\t\t<div class=\"elementor-element elementor-element-80bd3ee elementor-widget elementor-widget-image\" data-id=\"80bd3ee\" data-element_type=\"widget\" data-e-type=\"widget\" data-widget_type=\"image.default\">\n\t\t\t\t<div class=\"elementor-widget-container\">\n\t\t\t\t\t\t\t\t\t\t\t\t<figure class=\"wp-caption\">\n\t\t\t\t\t\t\t\t\t\t<img loading=\"lazy\" decoding=\"async\" width=\"768\" height=\"512\" src=\"https:\/\/www.elturistatranquil.com\/wp-content\/uploads\/F48-Iglesia-de-Santo-Tomas-Haro-La-Rioja.jpg\" class=\"attachment-large size-large wp-image-58381\" alt=\"Iglesia de Santo Tomas, Haro, La Rioja\" srcset=\"https:\/\/www.elturistatranquil.com\/wp-content\/uploads\/F48-Iglesia-de-Santo-Tomas-Haro-La-Rioja.jpg 768w, https:\/\/www.elturistatranquil.com\/wp-content\/uploads\/F48-Iglesia-de-Santo-Tomas-Haro-La-Rioja-339x226.jpg 339w\" sizes=\"(max-width: 768px) 100vw, 768px\" \/>\t\t\t\t\t\t\t\t\t\t\t<figcaption class=\"widget-image-caption wp-caption-text\"><\/figcaption>\n\t\t\t\t\t\t\t\t\t\t<\/figure>\n\t\t\t\t\t\t\t\t\t<\/div>\n\t\t\t\t<\/div>\n\t\t\t\t<div class=\"elementor-element elementor-element-d16af0f elementor-widget elementor-widget-image\" data-id=\"d16af0f\" data-element_type=\"widget\" data-e-type=\"widget\" data-widget_type=\"image.default\">\n\t\t\t\t<div class=\"elementor-widget-container\">\n\t\t\t\t\t\t\t\t\t\t\t\t<figure class=\"wp-caption\">\n\t\t\t\t\t\t\t\t\t\t<img loading=\"lazy\" decoding=\"async\" width=\"768\" height=\"512\" src=\"https:\/\/www.elturistatranquil.com\/wp-content\/uploads\/F49-Iglesia-de-Santo-Tomas-Haro-La-Rioja.jpg\" class=\"attachment-large size-large wp-image-58383\" alt=\"Iglesia de Santo Tomas, Haro, La Rioja\" srcset=\"https:\/\/www.elturistatranquil.com\/wp-content\/uploads\/F49-Iglesia-de-Santo-Tomas-Haro-La-Rioja.jpg 768w, https:\/\/www.elturistatranquil.com\/wp-content\/uploads\/F49-Iglesia-de-Santo-Tomas-Haro-La-Rioja-339x226.jpg 339w\" sizes=\"(max-width: 768px) 100vw, 768px\" \/>\t\t\t\t\t\t\t\t\t\t\t<figcaption class=\"widget-image-caption wp-caption-text\"><\/figcaption>\n\t\t\t\t\t\t\t\t\t\t<\/figure>\n\t\t\t\t\t\t\t\t\t<\/div>\n\t\t\t\t<\/div>\n\t\t\t\t<div class=\"elementor-element elementor-element-b6cc9c9 elementor-widget elementor-widget-text-editor\" data-id=\"b6cc9c9\" data-element_type=\"widget\" data-e-type=\"widget\" data-widget_type=\"text-editor.default\">\n\t\t\t\t<div class=\"elementor-widget-container\">\n\t\t\t\t\t\t\t\t\t<p>Al centre del retaule, s&#8217;obre un arc de mig punt ocupat per un sagrari en templet constru\u00eft el 1715, amb el sagrari del 1757. Configura una pe\u00e7a central i destacada del retaule, de mida gran i elaborada en fusta policromada i daurada, d&#8217;acord amb l&#8217;estil barroc del conjunt. Una arqueta de fusta sota el sagrari acull rel\u00edquies de Sant Felices patr\u00f3 d&#8217;Haro i de Sant Mill\u00e1n de la Cogolla.<\/p>\t\t\t\t\t\t\t\t<\/div>\n\t\t\t\t<\/div>\n\t\t\t\t<div class=\"elementor-element elementor-element-e422f95 elementor-widget elementor-widget-image\" data-id=\"e422f95\" data-element_type=\"widget\" data-e-type=\"widget\" data-widget_type=\"image.default\">\n\t\t\t\t<div class=\"elementor-widget-container\">\n\t\t\t\t\t\t\t\t\t\t\t\t<figure class=\"wp-caption\">\n\t\t\t\t\t\t\t\t\t\t<img loading=\"lazy\" decoding=\"async\" width=\"768\" height=\"512\" src=\"https:\/\/www.elturistatranquil.com\/wp-content\/uploads\/F50-Iglesia-de-Santo-Tomas-Haro-La-Rioja.jpg\" class=\"attachment-large size-large wp-image-58385\" alt=\"Iglesia de Santo Tomas, Haro, La Rioja\" srcset=\"https:\/\/www.elturistatranquil.com\/wp-content\/uploads\/F50-Iglesia-de-Santo-Tomas-Haro-La-Rioja.jpg 768w, https:\/\/www.elturistatranquil.com\/wp-content\/uploads\/F50-Iglesia-de-Santo-Tomas-Haro-La-Rioja-339x226.jpg 339w\" sizes=\"(max-width: 768px) 100vw, 768px\" \/>\t\t\t\t\t\t\t\t\t\t\t<figcaption class=\"widget-image-caption wp-caption-text\"><\/figcaption>\n\t\t\t\t\t\t\t\t\t\t<\/figure>\n\t\t\t\t\t\t\t\t\t<\/div>\n\t\t\t\t<\/div>\n\t\t\t\t<div class=\"elementor-element elementor-element-e9fa68a elementor-widget elementor-widget-text-editor\" data-id=\"e9fa68a\" data-element_type=\"widget\" data-e-type=\"widget\" data-widget_type=\"text-editor.default\">\n\t\t\t\t<div class=\"elementor-widget-container\">\n\t\t\t\t\t\t\t\t\t<p>Pels laterals del retaule s&#8217;entra a un cambril que \u00e9s la capella de la solitud o del Sant Sepulcre, que constitueix l\u2019absidiola que sobresurt a l&#8217;exterior. Profusament adornat t\u00e9 una volta amb pintures referents a la Passi\u00f3, Resurrecci\u00f3 i Ascensi\u00f3.<\/p>\t\t\t\t\t\t\t\t<\/div>\n\t\t\t\t<\/div>\n\t\t\t\t<div class=\"elementor-element elementor-element-0e4f9c3 elementor-widget elementor-widget-image\" data-id=\"0e4f9c3\" data-element_type=\"widget\" data-e-type=\"widget\" data-widget_type=\"image.default\">\n\t\t\t\t<div class=\"elementor-widget-container\">\n\t\t\t\t\t\t\t\t\t\t\t\t<figure class=\"wp-caption\">\n\t\t\t\t\t\t\t\t\t\t<img loading=\"lazy\" decoding=\"async\" width=\"768\" height=\"512\" src=\"https:\/\/www.elturistatranquil.com\/wp-content\/uploads\/F51-Iglesia-de-Santo-Tomas-Haro-La-Rioja.jpg\" class=\"attachment-large size-large wp-image-58387\" alt=\"Iglesia de Santo Tomas, Haro, La Rioja\" srcset=\"https:\/\/www.elturistatranquil.com\/wp-content\/uploads\/F51-Iglesia-de-Santo-Tomas-Haro-La-Rioja.jpg 768w, https:\/\/www.elturistatranquil.com\/wp-content\/uploads\/F51-Iglesia-de-Santo-Tomas-Haro-La-Rioja-339x226.jpg 339w\" sizes=\"(max-width: 768px) 100vw, 768px\" \/>\t\t\t\t\t\t\t\t\t\t\t<figcaption class=\"widget-image-caption wp-caption-text\"><\/figcaption>\n\t\t\t\t\t\t\t\t\t\t<\/figure>\n\t\t\t\t\t\t\t\t\t<\/div>\n\t\t\t\t<\/div>\n\t\t\t\t<div class=\"elementor-element elementor-element-2afd088 elementor-widget elementor-widget-image\" data-id=\"2afd088\" data-element_type=\"widget\" data-e-type=\"widget\" data-widget_type=\"image.default\">\n\t\t\t\t<div class=\"elementor-widget-container\">\n\t\t\t\t\t\t\t\t\t\t\t\t<figure class=\"wp-caption\">\n\t\t\t\t\t\t\t\t\t\t<img loading=\"lazy\" decoding=\"async\" width=\"768\" height=\"512\" src=\"https:\/\/www.elturistatranquil.com\/wp-content\/uploads\/F52-Iglesia-de-Santo-Tomas-Haro-La-Rioja.jpg\" class=\"attachment-large size-large wp-image-58389\" alt=\"Iglesia de Santo Tomas, Haro, La Rioja\" srcset=\"https:\/\/www.elturistatranquil.com\/wp-content\/uploads\/F52-Iglesia-de-Santo-Tomas-Haro-La-Rioja.jpg 768w, https:\/\/www.elturistatranquil.com\/wp-content\/uploads\/F52-Iglesia-de-Santo-Tomas-Haro-La-Rioja-339x226.jpg 339w\" sizes=\"(max-width: 768px) 100vw, 768px\" \/>\t\t\t\t\t\t\t\t\t\t\t<figcaption class=\"widget-image-caption wp-caption-text\"><\/figcaption>\n\t\t\t\t\t\t\t\t\t\t<\/figure>\n\t\t\t\t\t\t\t\t\t<\/div>\n\t\t\t\t<\/div>\n\t\t\t\t<div class=\"elementor-element elementor-element-c31a140 elementor-widget elementor-widget-text-editor\" data-id=\"c31a140\" data-element_type=\"widget\" data-e-type=\"widget\" data-widget_type=\"text-editor.default\">\n\t\t\t\t<div class=\"elementor-widget-container\">\n\t\t\t\t\t\t\t\t\t<p>Als peus, el cor elevat amb l\u2019orgue.<\/p>\t\t\t\t\t\t\t\t<\/div>\n\t\t\t\t<\/div>\n\t\t\t\t<div class=\"elementor-element elementor-element-de64e56 elementor-widget elementor-widget-image\" data-id=\"de64e56\" data-element_type=\"widget\" data-e-type=\"widget\" data-widget_type=\"image.default\">\n\t\t\t\t<div class=\"elementor-widget-container\">\n\t\t\t\t\t\t\t\t\t\t\t\t<figure class=\"wp-caption\">\n\t\t\t\t\t\t\t\t\t\t<img loading=\"lazy\" decoding=\"async\" width=\"768\" height=\"512\" src=\"https:\/\/www.elturistatranquil.com\/wp-content\/uploads\/F53-Iglesia-de-Santo-Tomas-Haro-La-Rioja.jpg\" class=\"attachment-large size-large wp-image-58394\" alt=\"Iglesia de Santo Tomas, Haro, La Rioja\" srcset=\"https:\/\/www.elturistatranquil.com\/wp-content\/uploads\/F53-Iglesia-de-Santo-Tomas-Haro-La-Rioja.jpg 768w, https:\/\/www.elturistatranquil.com\/wp-content\/uploads\/F53-Iglesia-de-Santo-Tomas-Haro-La-Rioja-339x226.jpg 339w\" sizes=\"(max-width: 768px) 100vw, 768px\" \/>\t\t\t\t\t\t\t\t\t\t\t<figcaption class=\"widget-image-caption wp-caption-text\"><\/figcaption>\n\t\t\t\t\t\t\t\t\t\t<\/figure>\n\t\t\t\t\t\t\t\t\t<\/div>\n\t\t\t\t<\/div>\n\t\t\t\t<div class=\"elementor-element elementor-element-066eca9 elementor-widget elementor-widget-text-editor\" data-id=\"066eca9\" data-element_type=\"widget\" data-e-type=\"widget\" data-widget_type=\"text-editor.default\">\n\t\t\t\t<div class=\"elementor-widget-container\">\n\t\t\t\t\t\t\t\t\t<p>La coberta de creueria dona ocasi\u00f3 que els nervis adoptin la forma palmejada.<\/p><p>La mateixa altura de les tres naus permet que a cada tram s&#8217;obrin finestres amb vidrieres que proporcionen llum al temple.<\/p>\t\t\t\t\t\t\t\t<\/div>\n\t\t\t\t<\/div>\n\t\t\t\t<div class=\"elementor-element elementor-element-7ac794d elementor-widget elementor-widget-image\" data-id=\"7ac794d\" data-element_type=\"widget\" data-e-type=\"widget\" data-widget_type=\"image.default\">\n\t\t\t\t<div class=\"elementor-widget-container\">\n\t\t\t\t\t\t\t\t\t\t\t\t<figure class=\"wp-caption\">\n\t\t\t\t\t\t\t\t\t\t<img loading=\"lazy\" decoding=\"async\" width=\"768\" height=\"512\" src=\"https:\/\/www.elturistatranquil.com\/wp-content\/uploads\/F54-Iglesia-de-Santo-Tomas-Haro-La-Rioja.jpg\" class=\"attachment-large size-large wp-image-58396\" alt=\"Iglesia de Santo Tomas, Haro, La Rioja\" srcset=\"https:\/\/www.elturistatranquil.com\/wp-content\/uploads\/F54-Iglesia-de-Santo-Tomas-Haro-La-Rioja.jpg 768w, https:\/\/www.elturistatranquil.com\/wp-content\/uploads\/F54-Iglesia-de-Santo-Tomas-Haro-La-Rioja-339x226.jpg 339w\" sizes=\"(max-width: 768px) 100vw, 768px\" \/>\t\t\t\t\t\t\t\t\t\t\t<figcaption class=\"widget-image-caption wp-caption-text\"><\/figcaption>\n\t\t\t\t\t\t\t\t\t\t<\/figure>\n\t\t\t\t\t\t\t\t\t<\/div>\n\t\t\t\t<\/div>\n\t\t\t\t<div class=\"elementor-element elementor-element-9bf37ee elementor-widget elementor-widget-image\" data-id=\"9bf37ee\" data-element_type=\"widget\" data-e-type=\"widget\" data-widget_type=\"image.default\">\n\t\t\t\t<div class=\"elementor-widget-container\">\n\t\t\t\t\t\t\t\t\t\t\t\t<figure class=\"wp-caption\">\n\t\t\t\t\t\t\t\t\t\t<img loading=\"lazy\" decoding=\"async\" width=\"768\" height=\"512\" src=\"https:\/\/www.elturistatranquil.com\/wp-content\/uploads\/F55-Iglesia-de-Santo-Tomas-Haro-La-Rioja.jpg\" class=\"attachment-large size-large wp-image-58398\" alt=\"Iglesia de Santo Tomas, Haro, La Rioja\" srcset=\"https:\/\/www.elturistatranquil.com\/wp-content\/uploads\/F55-Iglesia-de-Santo-Tomas-Haro-La-Rioja.jpg 768w, https:\/\/www.elturistatranquil.com\/wp-content\/uploads\/F55-Iglesia-de-Santo-Tomas-Haro-La-Rioja-339x226.jpg 339w\" sizes=\"(max-width: 768px) 100vw, 768px\" \/>\t\t\t\t\t\t\t\t\t\t\t<figcaption class=\"widget-image-caption wp-caption-text\"><\/figcaption>\n\t\t\t\t\t\t\t\t\t\t<\/figure>\n\t\t\t\t\t\t\t\t\t<\/div>\n\t\t\t\t<\/div>\n\t\t\t\t<div class=\"elementor-element elementor-element-ed896d4 elementor-widget elementor-widget-text-editor\" data-id=\"ed896d4\" data-element_type=\"widget\" data-e-type=\"widget\" data-widget_type=\"text-editor.default\">\n\t\t\t\t<div class=\"elementor-widget-container\">\n\t\t\t\t\t\t\t\t\t<p>La sagristia ocupa l\u2019annex octogonal que hem vist a l\u2019exterior. \u00c9s d&#8217;arquitectura i decoraci\u00f3 barroques realitzades cap al 1770. Est\u00e0 coberta per una c\u00fapula i decorada amb guixeries de rocalla, a m\u00e9s d&#8217;albergar-hi mobiliari art\u00edstic i diverses imatges religioses.<\/p>\t\t\t\t\t\t\t\t<\/div>\n\t\t\t\t<\/div>\n\t\t\t\t<div class=\"elementor-element elementor-element-d457cd8 elementor-widget elementor-widget-image\" data-id=\"d457cd8\" data-element_type=\"widget\" data-e-type=\"widget\" data-widget_type=\"image.default\">\n\t\t\t\t<div class=\"elementor-widget-container\">\n\t\t\t\t\t\t\t\t\t\t\t\t<figure class=\"wp-caption\">\n\t\t\t\t\t\t\t\t\t\t<img loading=\"lazy\" decoding=\"async\" width=\"768\" height=\"512\" src=\"https:\/\/www.elturistatranquil.com\/wp-content\/uploads\/F56-Iglesia-de-Santo-Tomas-Haro-La-Rioja.jpg\" class=\"attachment-large size-large wp-image-58400\" alt=\"Iglesia de Santo Tomas, Haro, La Rioja\" srcset=\"https:\/\/www.elturistatranquil.com\/wp-content\/uploads\/F56-Iglesia-de-Santo-Tomas-Haro-La-Rioja.jpg 768w, https:\/\/www.elturistatranquil.com\/wp-content\/uploads\/F56-Iglesia-de-Santo-Tomas-Haro-La-Rioja-339x226.jpg 339w\" sizes=\"(max-width: 768px) 100vw, 768px\" \/>\t\t\t\t\t\t\t\t\t\t\t<figcaption class=\"widget-image-caption wp-caption-text\"><\/figcaption>\n\t\t\t\t\t\t\t\t\t\t<\/figure>\n\t\t\t\t\t\t\t\t\t<\/div>\n\t\t\t\t<\/div>\n\t\t\t\t<div class=\"elementor-element elementor-element-9edd754 elementor-widget elementor-widget-image\" data-id=\"9edd754\" data-element_type=\"widget\" data-e-type=\"widget\" data-widget_type=\"image.default\">\n\t\t\t\t<div class=\"elementor-widget-container\">\n\t\t\t\t\t\t\t\t\t\t\t\t<figure class=\"wp-caption\">\n\t\t\t\t\t\t\t\t\t\t<img loading=\"lazy\" decoding=\"async\" width=\"768\" height=\"512\" src=\"https:\/\/www.elturistatranquil.com\/wp-content\/uploads\/F57-Iglesia-de-Santo-Tomas-Haro-La-Rioja.jpg\" class=\"attachment-large size-large wp-image-58402\" alt=\"Iglesia de Santo Tomas, Haro, La Rioja\" srcset=\"https:\/\/www.elturistatranquil.com\/wp-content\/uploads\/F57-Iglesia-de-Santo-Tomas-Haro-La-Rioja.jpg 768w, https:\/\/www.elturistatranquil.com\/wp-content\/uploads\/F57-Iglesia-de-Santo-Tomas-Haro-La-Rioja-339x226.jpg 339w\" sizes=\"(max-width: 768px) 100vw, 768px\" \/>\t\t\t\t\t\t\t\t\t\t\t<figcaption class=\"widget-image-caption wp-caption-text\"><\/figcaption>\n\t\t\t\t\t\t\t\t\t\t<\/figure>\n\t\t\t\t\t\t\t\t\t<\/div>\n\t\t\t\t<\/div>\n\t\t\t\t<div class=\"elementor-element elementor-element-e1e6b06 elementor-widget elementor-widget-text-editor\" data-id=\"e1e6b06\" data-element_type=\"widget\" data-e-type=\"widget\" data-widget_type=\"text-editor.default\">\n\t\t\t\t<div class=\"elementor-widget-container\">\n\t\t\t\t\t\t\t\t\t<p>El baptisteri sembla m\u00e9s un magatzem que un lloc sagrat.<\/p>\t\t\t\t\t\t\t\t<\/div>\n\t\t\t\t<\/div>\n\t\t\t\t<div class=\"elementor-element elementor-element-c391bc6 elementor-widget elementor-widget-image\" data-id=\"c391bc6\" data-element_type=\"widget\" data-e-type=\"widget\" data-widget_type=\"image.default\">\n\t\t\t\t<div class=\"elementor-widget-container\">\n\t\t\t\t\t\t\t\t\t\t\t\t<figure class=\"wp-caption\">\n\t\t\t\t\t\t\t\t\t\t<img loading=\"lazy\" decoding=\"async\" width=\"768\" height=\"512\" src=\"https:\/\/www.elturistatranquil.com\/wp-content\/uploads\/F58-Iglesia-de-Santo-Tomas-Haro-La-Rioja.jpg\" class=\"attachment-large size-large wp-image-58404\" alt=\"Iglesia de Santo Tomas, Haro, La Rioja\" srcset=\"https:\/\/www.elturistatranquil.com\/wp-content\/uploads\/F58-Iglesia-de-Santo-Tomas-Haro-La-Rioja.jpg 768w, https:\/\/www.elturistatranquil.com\/wp-content\/uploads\/F58-Iglesia-de-Santo-Tomas-Haro-La-Rioja-339x226.jpg 339w\" sizes=\"(max-width: 768px) 100vw, 768px\" \/>\t\t\t\t\t\t\t\t\t\t\t<figcaption class=\"widget-image-caption wp-caption-text\"><\/figcaption>\n\t\t\t\t\t\t\t\t\t\t<\/figure>\n\t\t\t\t\t\t\t\t\t<\/div>\n\t\t\t\t<\/div>\n\t\t\t\t<div class=\"elementor-element elementor-element-a47c0e7 elementor-widget elementor-widget-text-editor\" data-id=\"a47c0e7\" data-element_type=\"widget\" data-e-type=\"widget\" data-widget_type=\"text-editor.default\">\n\t\t\t\t<div class=\"elementor-widget-container\">\n\t\t\t\t\t\t\t\t\t<p>Escala per la qual s&#8217;ascendeix al cor elevat.<\/p>\t\t\t\t\t\t\t\t<\/div>\n\t\t\t\t<\/div>\n\t\t\t\t<div class=\"elementor-element elementor-element-554bcd6 elementor-widget elementor-widget-image\" data-id=\"554bcd6\" data-element_type=\"widget\" data-e-type=\"widget\" data-widget_type=\"image.default\">\n\t\t\t\t<div class=\"elementor-widget-container\">\n\t\t\t\t\t\t\t\t\t\t\t\t<figure class=\"wp-caption\">\n\t\t\t\t\t\t\t\t\t\t<img loading=\"lazy\" decoding=\"async\" width=\"768\" height=\"512\" src=\"https:\/\/www.elturistatranquil.com\/wp-content\/uploads\/F59-Iglesia-de-Santo-Tomas-Haro-La-Rioja.jpg\" class=\"attachment-large size-large wp-image-58406\" alt=\"Iglesia de Santo Tomas, Haro, La Rioja\" srcset=\"https:\/\/www.elturistatranquil.com\/wp-content\/uploads\/F59-Iglesia-de-Santo-Tomas-Haro-La-Rioja.jpg 768w, https:\/\/www.elturistatranquil.com\/wp-content\/uploads\/F59-Iglesia-de-Santo-Tomas-Haro-La-Rioja-339x226.jpg 339w\" sizes=\"(max-width: 768px) 100vw, 768px\" \/>\t\t\t\t\t\t\t\t\t\t\t<figcaption class=\"widget-image-caption wp-caption-text\"><\/figcaption>\n\t\t\t\t\t\t\t\t\t\t<\/figure>\n\t\t\t\t\t\t\t\t\t<\/div>\n\t\t\t\t<\/div>\n\t\t\t\t<div class=\"elementor-element elementor-element-dad7f43 elementor-widget elementor-widget-text-editor\" data-id=\"dad7f43\" data-element_type=\"widget\" data-e-type=\"widget\" data-widget_type=\"text-editor.default\">\n\t\t\t\t<div class=\"elementor-widget-container\">\n\t\t\t\t\t\t\t\t\t<p>A un lateral del temple s&#8217;exposa una col\u00b7lecci\u00f3 de quadres tenebristes de l\u2019<em>Escola de Caravaggio<\/em> (segle XVII) de gran format i de gran inter\u00e8s.<\/p>\t\t\t\t\t\t\t\t<\/div>\n\t\t\t\t<\/div>\n\t\t\t\t<div class=\"elementor-element elementor-element-2cfbe34 elementor-widget elementor-widget-image\" data-id=\"2cfbe34\" data-element_type=\"widget\" data-e-type=\"widget\" data-widget_type=\"image.default\">\n\t\t\t\t<div class=\"elementor-widget-container\">\n\t\t\t\t\t\t\t\t\t\t\t\t<figure class=\"wp-caption\">\n\t\t\t\t\t\t\t\t\t\t<img loading=\"lazy\" decoding=\"async\" width=\"768\" height=\"512\" src=\"https:\/\/www.elturistatranquil.com\/wp-content\/uploads\/F60-Iglesia-de-Santo-Tomas-Haro-La-Rioja.jpg\" class=\"attachment-large size-large wp-image-58408\" alt=\"Iglesia de Santo Tomas, Haro, La Rioja\" srcset=\"https:\/\/www.elturistatranquil.com\/wp-content\/uploads\/F60-Iglesia-de-Santo-Tomas-Haro-La-Rioja.jpg 768w, https:\/\/www.elturistatranquil.com\/wp-content\/uploads\/F60-Iglesia-de-Santo-Tomas-Haro-La-Rioja-339x226.jpg 339w\" sizes=\"(max-width: 768px) 100vw, 768px\" \/>\t\t\t\t\t\t\t\t\t\t\t<figcaption class=\"widget-image-caption wp-caption-text\">Els Sants Pares<\/figcaption>\n\t\t\t\t\t\t\t\t\t\t<\/figure>\n\t\t\t\t\t\t\t\t\t<\/div>\n\t\t\t\t<\/div>\n\t\t\t\t<div class=\"elementor-element elementor-element-3603e95 elementor-widget elementor-widget-image\" data-id=\"3603e95\" data-element_type=\"widget\" data-e-type=\"widget\" data-widget_type=\"image.default\">\n\t\t\t\t<div class=\"elementor-widget-container\">\n\t\t\t\t\t\t\t\t\t\t\t\t<figure class=\"wp-caption\">\n\t\t\t\t\t\t\t\t\t\t<img loading=\"lazy\" decoding=\"async\" width=\"768\" height=\"512\" src=\"https:\/\/www.elturistatranquil.com\/wp-content\/uploads\/F61-Iglesia-de-Santo-Tomas-Haro-La-Rioja.jpg\" class=\"attachment-large size-large wp-image-58413\" alt=\"Iglesia de Santo Tomas, Haro, La Rioja\" srcset=\"https:\/\/www.elturistatranquil.com\/wp-content\/uploads\/F61-Iglesia-de-Santo-Tomas-Haro-La-Rioja.jpg 768w, https:\/\/www.elturistatranquil.com\/wp-content\/uploads\/F61-Iglesia-de-Santo-Tomas-Haro-La-Rioja-339x226.jpg 339w\" sizes=\"(max-width: 768px) 100vw, 768px\" \/>\t\t\t\t\t\t\t\t\t\t\t<figcaption class=\"widget-image-caption wp-caption-text\">Els quatre evangelistes <\/figcaption>\n\t\t\t\t\t\t\t\t\t\t<\/figure>\n\t\t\t\t\t\t\t\t\t<\/div>\n\t\t\t\t<\/div>\n\t\t\t\t<div class=\"elementor-element elementor-element-4d86f41 elementor-widget elementor-widget-image\" data-id=\"4d86f41\" data-element_type=\"widget\" data-e-type=\"widget\" data-widget_type=\"image.default\">\n\t\t\t\t<div class=\"elementor-widget-container\">\n\t\t\t\t\t\t\t\t\t\t\t\t<figure class=\"wp-caption\">\n\t\t\t\t\t\t\t\t\t\t<img loading=\"lazy\" decoding=\"async\" width=\"768\" height=\"512\" src=\"https:\/\/www.elturistatranquil.com\/wp-content\/uploads\/F62-Iglesia-de-Santo-Tomas-Haro-La-Rioja.jpg\" class=\"attachment-large size-large wp-image-58415\" alt=\"Iglesia de Santo Tomas, Haro, La Rioja\" srcset=\"https:\/\/www.elturistatranquil.com\/wp-content\/uploads\/F62-Iglesia-de-Santo-Tomas-Haro-La-Rioja.jpg 768w, https:\/\/www.elturistatranquil.com\/wp-content\/uploads\/F62-Iglesia-de-Santo-Tomas-Haro-La-Rioja-339x226.jpg 339w\" sizes=\"(max-width: 768px) 100vw, 768px\" \/>\t\t\t\t\t\t\t\t\t\t\t<figcaption class=\"widget-image-caption wp-caption-text\">Mois\u00e8s amb les Taules de la Llei <\/figcaption>\n\t\t\t\t\t\t\t\t\t\t<\/figure>\n\t\t\t\t\t\t\t\t\t<\/div>\n\t\t\t\t<\/div>\n\t\t\t\t<div class=\"elementor-element elementor-element-57fa2a2 elementor-widget elementor-widget-text-editor\" data-id=\"57fa2a2\" data-element_type=\"widget\" data-e-type=\"widget\" data-widget_type=\"text-editor.default\">\n\t\t\t\t<div class=\"elementor-widget-container\">\n\t\t\t\t\t\t\t\t\t<p>Tamb\u00e9 s&#8217;exhibeix una r\u00e8plica del \u201cLlen\u00e7ol Sant\u201d a escala 1\/1 de l&#8217;original que es troba a Tor\u00ed.<\/p>\t\t\t\t\t\t\t\t<\/div>\n\t\t\t\t<\/div>\n\t\t\t\t<div class=\"elementor-element elementor-element-b06e890 elementor-widget elementor-widget-image\" data-id=\"b06e890\" data-element_type=\"widget\" data-e-type=\"widget\" data-widget_type=\"image.default\">\n\t\t\t\t<div class=\"elementor-widget-container\">\n\t\t\t\t\t\t\t\t\t\t\t\t<figure class=\"wp-caption\">\n\t\t\t\t\t\t\t\t\t\t<img loading=\"lazy\" decoding=\"async\" width=\"768\" height=\"433\" src=\"https:\/\/www.elturistatranquil.com\/wp-content\/uploads\/F63-Iglesia-de-Santo-Tomas-Haro-La-Rioja.jpg\" class=\"attachment-large size-large wp-image-58417\" alt=\"Iglesia de Santo Tomas, Haro, La Rioja\" srcset=\"https:\/\/www.elturistatranquil.com\/wp-content\/uploads\/F63-Iglesia-de-Santo-Tomas-Haro-La-Rioja.jpg 768w, https:\/\/www.elturistatranquil.com\/wp-content\/uploads\/F63-Iglesia-de-Santo-Tomas-Haro-La-Rioja-339x191.jpg 339w\" sizes=\"(max-width: 768px) 100vw, 768px\" \/>\t\t\t\t\t\t\t\t\t\t\t<figcaption class=\"widget-image-caption wp-caption-text\"><\/figcaption>\n\t\t\t\t\t\t\t\t\t\t<\/figure>\n\t\t\t\t\t\t\t\t\t<\/div>\n\t\t\t\t<\/div>\n\t\t\t\t<div class=\"elementor-element elementor-element-97dc22a elementor-widget elementor-widget-heading\" data-id=\"97dc22a\" data-element_type=\"widget\" data-e-type=\"widget\" data-widget_type=\"heading.default\">\n\t\t\t\t<div class=\"elementor-widget-container\">\n\t\t\t\t\t<h5 class=\"elementor-heading-title elementor-size-default\">Mirador<\/h5>\t\t\t\t<\/div>\n\t\t\t\t<\/div>\n\t\t\t\t<div class=\"elementor-element elementor-element-6c57a89 elementor-widget elementor-widget-text-editor\" data-id=\"6c57a89\" data-element_type=\"widget\" data-e-type=\"widget\" data-widget_type=\"text-editor.default\">\n\t\t\t\t<div class=\"elementor-widget-container\">\n\t\t\t\t\t\t\t\t\t<p>Ascendint per la part posterior de l&#8217;esgl\u00e9sia de Santo Tom\u00e1s ens trobem al <strong>tur\u00f3 de la Mota<\/strong>, on s&#8217;ubicava el <strong>primer castell<\/strong> (<strong>CM<\/strong>). En aquest punt hi ha un magn\u00edfic <strong>mirador sobre la vall de l&#8217;Ebre<\/strong> (<strong>11<\/strong>) i el punt de trobada amb el riu Tir\u00f3n.<\/p><p>Darrere del riu Tir\u00f3n s&#8217;ubica el barri del Ferrocarril, punt de concentraci\u00f3 de nombrosos cellers.<\/p>\t\t\t\t\t\t\t\t<\/div>\n\t\t\t\t<\/div>\n\t\t\t\t<div class=\"elementor-element elementor-element-a125bee elementor-widget elementor-widget-image\" data-id=\"a125bee\" data-element_type=\"widget\" data-e-type=\"widget\" data-widget_type=\"image.default\">\n\t\t\t\t<div class=\"elementor-widget-container\">\n\t\t\t\t\t\t\t\t\t\t\t\t<figure class=\"wp-caption\">\n\t\t\t\t\t\t\t\t\t\t<img loading=\"lazy\" decoding=\"async\" width=\"768\" height=\"511\" src=\"https:\/\/www.elturistatranquil.com\/wp-content\/uploads\/F64-Haro-La-Rioja.jpg\" class=\"attachment-large size-large wp-image-58422\" alt=\"Haro, La Rioja\" srcset=\"https:\/\/www.elturistatranquil.com\/wp-content\/uploads\/F64-Haro-La-Rioja.jpg 768w, https:\/\/www.elturistatranquil.com\/wp-content\/uploads\/F64-Haro-La-Rioja-339x226.jpg 339w\" sizes=\"(max-width: 768px) 100vw, 768px\" \/>\t\t\t\t\t\t\t\t\t\t\t<figcaption class=\"widget-image-caption wp-caption-text\"><\/figcaption>\n\t\t\t\t\t\t\t\t\t\t<\/figure>\n\t\t\t\t\t\t\t\t\t<\/div>\n\t\t\t\t<\/div>\n\t\t\t\t<div class=\"elementor-element elementor-element-819c140 elementor-widget elementor-widget-image\" data-id=\"819c140\" data-element_type=\"widget\" data-e-type=\"widget\" data-widget_type=\"image.default\">\n\t\t\t\t<div class=\"elementor-widget-container\">\n\t\t\t\t\t\t\t\t\t\t\t\t<figure class=\"wp-caption\">\n\t\t\t\t\t\t\t\t\t\t<img loading=\"lazy\" decoding=\"async\" width=\"768\" height=\"512\" src=\"https:\/\/www.elturistatranquil.com\/wp-content\/uploads\/F65-Haro-La-Rioja.jpg\" class=\"attachment-large size-large wp-image-58424\" alt=\"Haro, La Rioja\" srcset=\"https:\/\/www.elturistatranquil.com\/wp-content\/uploads\/F65-Haro-La-Rioja.jpg 768w, https:\/\/www.elturistatranquil.com\/wp-content\/uploads\/F65-Haro-La-Rioja-339x226.jpg 339w\" sizes=\"(max-width: 768px) 100vw, 768px\" \/>\t\t\t\t\t\t\t\t\t\t\t<figcaption class=\"widget-image-caption wp-caption-text\"><\/figcaption>\n\t\t\t\t\t\t\t\t\t\t<\/figure>\n\t\t\t\t\t\t\t\t\t<\/div>\n\t\t\t\t<\/div>\n\t\t\t\t<div class=\"elementor-element elementor-element-0bbab27 elementor-widget elementor-widget-image\" data-id=\"0bbab27\" data-element_type=\"widget\" data-e-type=\"widget\" data-widget_type=\"image.default\">\n\t\t\t\t<div class=\"elementor-widget-container\">\n\t\t\t\t\t\t\t\t\t\t\t\t<figure class=\"wp-caption\">\n\t\t\t\t\t\t\t\t\t\t<img loading=\"lazy\" decoding=\"async\" width=\"768\" height=\"512\" src=\"https:\/\/www.elturistatranquil.com\/wp-content\/uploads\/F66-Haro-La-Rioja.jpg\" class=\"attachment-large size-large wp-image-58426\" alt=\"Haro, La Rioja\" srcset=\"https:\/\/www.elturistatranquil.com\/wp-content\/uploads\/F66-Haro-La-Rioja.jpg 768w, https:\/\/www.elturistatranquil.com\/wp-content\/uploads\/F66-Haro-La-Rioja-339x226.jpg 339w\" sizes=\"(max-width: 768px) 100vw, 768px\" \/>\t\t\t\t\t\t\t\t\t\t\t<figcaption class=\"widget-image-caption wp-caption-text\"><\/figcaption>\n\t\t\t\t\t\t\t\t\t\t<\/figure>\n\t\t\t\t\t\t\t\t\t<\/div>\n\t\t\t\t<\/div>\n\t\t\t\t<div class=\"elementor-element elementor-element-bdba4f2 elementor-widget elementor-widget-heading\" data-id=\"bdba4f2\" data-element_type=\"widget\" data-e-type=\"widget\" data-widget_type=\"heading.default\">\n\t\t\t\t<div class=\"elementor-widget-container\">\n\t\t\t\t\t<h5 class=\"elementor-heading-title elementor-size-default\">Palau dels Comtes d'Haro<\/h5>\t\t\t\t<\/div>\n\t\t\t\t<\/div>\n\t\t\t\t<div class=\"elementor-element elementor-element-3d37cca elementor-widget elementor-widget-text-editor\" data-id=\"3d37cca\" data-element_type=\"widget\" data-e-type=\"widget\" data-widget_type=\"text-editor.default\">\n\t\t\t\t<div class=\"elementor-widget-container\">\n\t\t\t\t\t\t\t\t\t<p>Pel que sembla, l&#8217;anomenat <strong>palau dels Condestables<\/strong> o dels <strong>Comtes d&#8217;Haro<\/strong> (<strong>12<\/strong>) ubicat a la pla\u00e7a de l&#8217;Esgl\u00e9sia, als peus de la parr\u00f2quia de Santo Tom\u00e1s, en realitat mai no va ser seu. Aquest casalot intramurs de la vila, a la llavors pla\u00e7a Major d&#8217;Haro, va pert\u00e0nyer als <em>Ollauri<\/em>, important llinatge de la vila, i d&#8217;ells \u00e9s l&#8217;escut.<\/p><p>Es tracta d&#8217;una casa senyorial del segle XVIII amb la fa\u00e7ana de carreuat de pedra sorrenca, acuradament llaurada, de composici\u00f3 sim\u00e8trica, de tres altures.<\/p><p>A la planta baixa, s&#8217;obre una portada adovellada emmarcada per dos parells de columnes salom\u00f2niques apariades amb garlandes, sobre la qual descansa el gran escut nobiliari esculpit en pedra. A cada costat una petita obertura quadrada.<\/p><p>A la planta principal, destaquen balcons rectangulars amb forja de ferro, alineats sobre les obertures inferiors, amb el blas\u00f3 al centre. L&#8217;\u00faltima planta, de menor altura, presenta obertures m\u00e9s petites i marca la rematada de la fa\u00e7ana sota un r\u00e0fec de fusta excel\u00b7lent, decorat amb gossos tallats, a l&#8217;estil de La Rioja.<\/p>\t\t\t\t\t\t\t\t<\/div>\n\t\t\t\t<\/div>\n\t\t\t\t<div class=\"elementor-element elementor-element-c49c88c elementor-widget elementor-widget-image\" data-id=\"c49c88c\" data-element_type=\"widget\" data-e-type=\"widget\" data-widget_type=\"image.default\">\n\t\t\t\t<div class=\"elementor-widget-container\">\n\t\t\t\t\t\t\t\t\t\t\t\t<figure class=\"wp-caption\">\n\t\t\t\t\t\t\t\t\t\t<img loading=\"lazy\" decoding=\"async\" width=\"768\" height=\"512\" src=\"https:\/\/www.elturistatranquil.com\/wp-content\/uploads\/F67-Haro-La-Rioja.jpg\" class=\"attachment-large size-large wp-image-58428\" alt=\"Haro, La Rioja\" srcset=\"https:\/\/www.elturistatranquil.com\/wp-content\/uploads\/F67-Haro-La-Rioja.jpg 768w, https:\/\/www.elturistatranquil.com\/wp-content\/uploads\/F67-Haro-La-Rioja-339x226.jpg 339w\" sizes=\"(max-width: 768px) 100vw, 768px\" \/>\t\t\t\t\t\t\t\t\t\t\t<figcaption class=\"widget-image-caption wp-caption-text\"><\/figcaption>\n\t\t\t\t\t\t\t\t\t\t<\/figure>\n\t\t\t\t\t\t\t\t\t<\/div>\n\t\t\t\t<\/div>\n\t\t\t\t<div class=\"elementor-element elementor-element-cbc23e3 elementor-widget elementor-widget-image\" data-id=\"cbc23e3\" data-element_type=\"widget\" data-e-type=\"widget\" data-widget_type=\"image.default\">\n\t\t\t\t<div class=\"elementor-widget-container\">\n\t\t\t\t\t\t\t\t\t\t\t\t<figure class=\"wp-caption\">\n\t\t\t\t\t\t\t\t\t\t<img loading=\"lazy\" decoding=\"async\" width=\"768\" height=\"512\" src=\"https:\/\/www.elturistatranquil.com\/wp-content\/uploads\/F68-Haro-La-Rioja.jpg\" class=\"attachment-large size-large wp-image-58430\" alt=\"Haro, La Rioja\" srcset=\"https:\/\/www.elturistatranquil.com\/wp-content\/uploads\/F68-Haro-La-Rioja.jpg 768w, https:\/\/www.elturistatranquil.com\/wp-content\/uploads\/F68-Haro-La-Rioja-339x226.jpg 339w\" sizes=\"(max-width: 768px) 100vw, 768px\" \/>\t\t\t\t\t\t\t\t\t\t\t<figcaption class=\"widget-image-caption wp-caption-text\"><\/figcaption>\n\t\t\t\t\t\t\t\t\t\t<\/figure>\n\t\t\t\t\t\t\t\t\t<\/div>\n\t\t\t\t<\/div>\n\t\t\t\t<div class=\"elementor-element elementor-element-02380d1 elementor-widget elementor-widget-image\" data-id=\"02380d1\" data-element_type=\"widget\" data-e-type=\"widget\" data-widget_type=\"image.default\">\n\t\t\t\t<div class=\"elementor-widget-container\">\n\t\t\t\t\t\t\t\t\t\t\t\t<figure class=\"wp-caption\">\n\t\t\t\t\t\t\t\t\t\t<img loading=\"lazy\" decoding=\"async\" width=\"768\" height=\"512\" src=\"https:\/\/www.elturistatranquil.com\/wp-content\/uploads\/F69-Haro-La-Rioja.jpg\" class=\"attachment-large size-large wp-image-58432\" alt=\"Haro, La Rioja\" srcset=\"https:\/\/www.elturistatranquil.com\/wp-content\/uploads\/F69-Haro-La-Rioja.jpg 768w, https:\/\/www.elturistatranquil.com\/wp-content\/uploads\/F69-Haro-La-Rioja-339x226.jpg 339w\" sizes=\"(max-width: 768px) 100vw, 768px\" \/>\t\t\t\t\t\t\t\t\t\t\t<figcaption class=\"widget-image-caption wp-caption-text\"><\/figcaption>\n\t\t\t\t\t\t\t\t\t\t<\/figure>\n\t\t\t\t\t\t\t\t\t<\/div>\n\t\t\t\t<\/div>\n\t\t\t\t<div class=\"elementor-element elementor-element-ca9b0d5 elementor-widget elementor-widget-text-editor\" data-id=\"ca9b0d5\" data-element_type=\"widget\" data-e-type=\"widget\" data-widget_type=\"text-editor.default\">\n\t\t\t\t<div class=\"elementor-widget-container\">\n\t\t\t\t\t\t\t\t\t<p>Tornem pel carrer Santo Tom\u00e1s fins a la pla\u00e7a de la Paz per prosseguir el recorregut pel carrer\u00f3 que parteix de l&#8217;ajuntament fins al carrer Siervas de Jes\u00fas.<\/p>\t\t\t\t\t\t\t\t<\/div>\n\t\t\t\t<\/div>\n\t\t\t\t<div class=\"elementor-element elementor-element-f5e02c5 elementor-widget elementor-widget-heading\" data-id=\"f5e02c5\" data-element_type=\"widget\" data-e-type=\"widget\" data-widget_type=\"heading.default\">\n\t\t\t\t<div class=\"elementor-widget-container\">\n\t\t\t\t\t<h3 class=\"elementor-heading-title elementor-size-default\">Carrer Siervas de Jes\u00fas \/ c. Prim \/ c. Lucrecia Arana \/ Pl. de la Cruz \/ c. Conde de Haro<\/h3>\t\t\t\t<\/div>\n\t\t\t\t<\/div>\n\t\t\t\t<div class=\"elementor-element elementor-element-e96c6eb elementor-widget elementor-widget-text-editor\" data-id=\"e96c6eb\" data-element_type=\"widget\" data-e-type=\"widget\" data-widget_type=\"text-editor.default\">\n\t\t\t\t<div class=\"elementor-widget-container\">\n\t\t\t\t\t\t\t\t\t<p>Per la quarta arcada a la dreta de l&#8217;edifici de l&#8217;Ajuntament s&#8217;entra en un carrer\u00f3 que pel lateral de l&#8217;Ajuntament prossegueix una zona porxada.<\/p>\t\t\t\t\t\t\t\t<\/div>\n\t\t\t\t<\/div>\n\t\t\t\t<div class=\"elementor-element elementor-element-0342828 elementor-widget elementor-widget-image\" data-id=\"0342828\" data-element_type=\"widget\" data-e-type=\"widget\" data-widget_type=\"image.default\">\n\t\t\t\t<div class=\"elementor-widget-container\">\n\t\t\t\t\t\t\t\t\t\t\t\t<figure class=\"wp-caption\">\n\t\t\t\t\t\t\t\t\t\t<img loading=\"lazy\" decoding=\"async\" width=\"768\" height=\"511\" src=\"https:\/\/www.elturistatranquil.com\/wp-content\/uploads\/F70-Haro-La-Rioja.jpg\" class=\"attachment-large size-large wp-image-58434\" alt=\"Haro, La Rioja\" srcset=\"https:\/\/www.elturistatranquil.com\/wp-content\/uploads\/F70-Haro-La-Rioja.jpg 768w, https:\/\/www.elturistatranquil.com\/wp-content\/uploads\/F70-Haro-La-Rioja-339x226.jpg 339w\" sizes=\"(max-width: 768px) 100vw, 768px\" \/>\t\t\t\t\t\t\t\t\t\t\t<figcaption class=\"widget-image-caption wp-caption-text\"><\/figcaption>\n\t\t\t\t\t\t\t\t\t\t<\/figure>\n\t\t\t\t\t\t\t\t\t<\/div>\n\t\t\t\t<\/div>\n\t\t\t\t<div class=\"elementor-element elementor-element-578ef32 elementor-widget elementor-widget-text-editor\" data-id=\"578ef32\" data-element_type=\"widget\" data-e-type=\"widget\" data-widget_type=\"text-editor.default\">\n\t\t\t\t<div class=\"elementor-widget-container\">\n\t\t\t\t\t\t\t\t\t<p>A la cantonada ens trobem amb una altra de les escultures d&#8217;artesans, en aquest cas el <strong>boter<\/strong> (<strong>toneller<\/strong>).<\/p>\t\t\t\t\t\t\t\t<\/div>\n\t\t\t\t<\/div>\n\t\t\t\t<div class=\"elementor-element elementor-element-8640273 elementor-widget elementor-widget-image\" data-id=\"8640273\" data-element_type=\"widget\" data-e-type=\"widget\" data-widget_type=\"image.default\">\n\t\t\t\t<div class=\"elementor-widget-container\">\n\t\t\t\t\t\t\t\t\t\t\t\t<figure class=\"wp-caption\">\n\t\t\t\t\t\t\t\t\t\t<img loading=\"lazy\" decoding=\"async\" width=\"768\" height=\"511\" src=\"https:\/\/www.elturistatranquil.com\/wp-content\/uploads\/F71-Haro-La-Rioja.jpg\" class=\"attachment-large size-large wp-image-58436\" alt=\"Haro, La Rioja\" srcset=\"https:\/\/www.elturistatranquil.com\/wp-content\/uploads\/F71-Haro-La-Rioja.jpg 768w, https:\/\/www.elturistatranquil.com\/wp-content\/uploads\/F71-Haro-La-Rioja-339x226.jpg 339w\" sizes=\"(max-width: 768px) 100vw, 768px\" \/>\t\t\t\t\t\t\t\t\t\t\t<figcaption class=\"widget-image-caption wp-caption-text\"><\/figcaption>\n\t\t\t\t\t\t\t\t\t\t<\/figure>\n\t\t\t\t\t\t\t\t\t<\/div>\n\t\t\t\t<\/div>\n\t\t\t\t<div class=\"elementor-element elementor-element-d07d315 elementor-widget elementor-widget-text-editor\" data-id=\"d07d315\" data-element_type=\"widget\" data-e-type=\"widget\" data-widget_type=\"text-editor.default\">\n\t\t\t\t<div class=\"elementor-widget-container\">\n\t\t\t\t\t\t\t\t\t<p>Seguint el mur esquerre de les edificacions s&#8217;obre el <strong>carrer Siervas de Jes\u00fas<\/strong>, on les cases del lateral esquerre segueixen el recorregut de la muralla medieval substitu\u00efda per cases palatines i senyorials.<\/p>\t\t\t\t\t\t\t\t<\/div>\n\t\t\t\t<\/div>\n\t\t\t\t<div class=\"elementor-element elementor-element-1519469 elementor-widget elementor-widget-heading\" data-id=\"1519469\" data-element_type=\"widget\" data-e-type=\"widget\" data-widget_type=\"heading.default\">\n\t\t\t\t<div class=\"elementor-widget-container\">\n\t\t\t\t\t<h5 class=\"elementor-heading-title elementor-size-default\">Palau dels Salazar<\/h5>\t\t\t\t<\/div>\n\t\t\t\t<\/div>\n\t\t\t\t<div class=\"elementor-element elementor-element-37ef257 elementor-widget elementor-widget-text-editor\" data-id=\"37ef257\" data-element_type=\"widget\" data-e-type=\"widget\" data-widget_type=\"text-editor.default\">\n\t\t\t\t<div class=\"elementor-widget-container\">\n\t\t\t\t\t\t\t\t\t<p><em>B\u00e9 d&#8217;Inter\u00e8s Cultural (BIC)<\/em><\/p><p>Entre el conjunt de fa\u00e7anes, moltes envidrades a l&#8217;estil de La Rioja, destaca una s\u00f2bria construcci\u00f3 de tren nivells, amb dues obertures originals adovellades a la planta baixa, dues m\u00e9s elaborades al primer pis, amb un balc\u00f3 corregut, i una terrassa coberta formant una galeria solana sobre cinc obertures d&#8217;arc de mig punt i r\u00e0fec. Aquest edifici constitueix la part posterior del <strong>palau dels Salazar<\/strong> (<strong>13<\/strong>) l&#8217;entrada principal del qual est\u00e0 situada intramurs al <strong>carrer de la Paz<\/strong>.<\/p><p>Aquest fet, igual que l&#8217;entrada principal al palau dels Ollaurri pel carrer Sant Mart\u00ed, no est\u00e0 explicat als fulletons que distribueix l&#8217;Ajuntament.<\/p>\t\t\t\t\t\t\t\t<\/div>\n\t\t\t\t<\/div>\n\t\t\t\t<div class=\"elementor-element elementor-element-fdcbd7b elementor-widget elementor-widget-image\" data-id=\"fdcbd7b\" data-element_type=\"widget\" data-e-type=\"widget\" data-widget_type=\"image.default\">\n\t\t\t\t<div class=\"elementor-widget-container\">\n\t\t\t\t\t\t\t\t\t\t\t\t<figure class=\"wp-caption\">\n\t\t\t\t\t\t\t\t\t\t<img loading=\"lazy\" decoding=\"async\" width=\"768\" height=\"512\" src=\"https:\/\/www.elturistatranquil.com\/wp-content\/uploads\/F72-Haro-La-Rioja.jpg\" class=\"attachment-large size-large wp-image-58441\" alt=\"Haro, La Rioja\" srcset=\"https:\/\/www.elturistatranquil.com\/wp-content\/uploads\/F72-Haro-La-Rioja.jpg 768w, https:\/\/www.elturistatranquil.com\/wp-content\/uploads\/F72-Haro-La-Rioja-339x226.jpg 339w\" sizes=\"(max-width: 768px) 100vw, 768px\" \/>\t\t\t\t\t\t\t\t\t\t\t<figcaption class=\"widget-image-caption wp-caption-text\"><\/figcaption>\n\t\t\t\t\t\t\t\t\t\t<\/figure>\n\t\t\t\t\t\t\t\t\t<\/div>\n\t\t\t\t<\/div>\n\t\t\t\t<div class=\"elementor-element elementor-element-769172e elementor-widget elementor-widget-image\" data-id=\"769172e\" data-element_type=\"widget\" data-e-type=\"widget\" data-widget_type=\"image.default\">\n\t\t\t\t<div class=\"elementor-widget-container\">\n\t\t\t\t\t\t\t\t\t\t\t\t<figure class=\"wp-caption\">\n\t\t\t\t\t\t\t\t\t\t<img loading=\"lazy\" decoding=\"async\" width=\"768\" height=\"512\" src=\"https:\/\/www.elturistatranquil.com\/wp-content\/uploads\/F73-Haro-La-Rioja.jpg\" class=\"attachment-large size-large wp-image-58443\" alt=\"Haro, La Rioja\" srcset=\"https:\/\/www.elturistatranquil.com\/wp-content\/uploads\/F73-Haro-La-Rioja.jpg 768w, https:\/\/www.elturistatranquil.com\/wp-content\/uploads\/F73-Haro-La-Rioja-339x226.jpg 339w\" sizes=\"(max-width: 768px) 100vw, 768px\" \/>\t\t\t\t\t\t\t\t\t\t\t<figcaption class=\"widget-image-caption wp-caption-text\"><\/figcaption>\n\t\t\t\t\t\t\t\t\t\t<\/figure>\n\t\t\t\t\t\t\t\t\t<\/div>\n\t\t\t\t<\/div>\n\t\t\t\t<div class=\"elementor-element elementor-element-547dafd elementor-widget elementor-widget-heading\" data-id=\"547dafd\" data-element_type=\"widget\" data-e-type=\"widget\" data-widget_type=\"heading.default\">\n\t\t\t\t<div class=\"elementor-widget-container\">\n\t\t\t\t\t<h5 class=\"elementor-heading-title elementor-size-default\">Porta de Santa B\u00e1rbara<\/h5>\t\t\t\t<\/div>\n\t\t\t\t<\/div>\n\t\t\t\t<div class=\"elementor-element elementor-element-97d05c9 elementor-widget elementor-widget-text-editor\" data-id=\"97d05c9\" data-element_type=\"widget\" data-e-type=\"widget\" data-widget_type=\"text-editor.default\">\n\t\t\t\t<div class=\"elementor-widget-container\">\n\t\t\t\t\t\t\t\t\t<p>Al final de l\u2019illa de cases es troba, en situaci\u00f3 molt deteriorada, la <strong>porta de Santa B\u00e1rbara<\/strong> (<strong>14<\/strong>) que s&#8217;obria al costat de llevant del recinte medieval.<\/p>\t\t\t\t\t\t\t\t<\/div>\n\t\t\t\t<\/div>\n\t\t\t\t<div class=\"elementor-element elementor-element-cd7178e elementor-widget elementor-widget-image\" data-id=\"cd7178e\" data-element_type=\"widget\" data-e-type=\"widget\" data-widget_type=\"image.default\">\n\t\t\t\t<div class=\"elementor-widget-container\">\n\t\t\t\t\t\t\t\t\t\t\t\t<figure class=\"wp-caption\">\n\t\t\t\t\t\t\t\t\t\t<img loading=\"lazy\" decoding=\"async\" width=\"768\" height=\"512\" src=\"https:\/\/www.elturistatranquil.com\/wp-content\/uploads\/F74-Haro-La-Rioja-Foto-Eduardo-Argote.jpg\" class=\"attachment-large size-large wp-image-58445\" alt=\"Haro, La Rioja (Foto Eduardo Argote)\" srcset=\"https:\/\/www.elturistatranquil.com\/wp-content\/uploads\/F74-Haro-La-Rioja-Foto-Eduardo-Argote.jpg 768w, https:\/\/www.elturistatranquil.com\/wp-content\/uploads\/F74-Haro-La-Rioja-Foto-Eduardo-Argote-339x226.jpg 339w\" sizes=\"(max-width: 768px) 100vw, 768px\" \/>\t\t\t\t\t\t\t\t\t\t\t<figcaption class=\"widget-image-caption wp-caption-text\">(Foto Eduardo Argote)<\/figcaption>\n\t\t\t\t\t\t\t\t\t\t<\/figure>\n\t\t\t\t\t\t\t\t\t<\/div>\n\t\t\t\t<\/div>\n\t\t\t\t<div class=\"elementor-element elementor-element-be3e048 elementor-widget elementor-widget-heading\" data-id=\"be3e048\" data-element_type=\"widget\" data-e-type=\"widget\" data-widget_type=\"heading.default\">\n\t\t\t\t<div class=\"elementor-widget-container\">\n\t\t\t\t\t<h5 class=\"elementor-heading-title elementor-size-default\">Palau de Tejada<\/h5>\t\t\t\t<\/div>\n\t\t\t\t<\/div>\n\t\t\t\t<div class=\"elementor-element elementor-element-7531ed2 elementor-widget elementor-widget-text-editor\" data-id=\"7531ed2\" data-element_type=\"widget\" data-e-type=\"widget\" data-widget_type=\"text-editor.default\">\n\t\t\t\t<div class=\"elementor-widget-container\">\n\t\t\t\t\t\t\t\t\t<p>A la conflu\u00e8ncia del <strong>carrer Prim<\/strong> i el <strong>carrer La\u00edn Calvo<\/strong> amb el <strong>carrer Lucrecia Arana<\/strong> es forma un espai triangular presidit pel <strong>palau dels Tejada<\/strong> (<strong>15<\/strong>).<\/p><p>Aquest palau data dels segles XVII i XVIII, encara que el nom Tejada amb qu\u00e8 se&#8217;l coneix actualment procedeix d&#8217;un propietari del segle XX, alcalde el 1936.<\/p><p>D&#8217;estil barroc recarregat i f\u00e0brica de carreuat, t\u00e9 tres plantes dividides per cornises. A la part baixa del frontal dues finestres amb frontons trencats flanquegen la porta d&#8217;entrada, tots adovellats.<\/p><p>A la primera planta un balc\u00f3 sobre m\u00e8nsula, i a cada costat una forn\u00edcula amb un bust i front\u00f3 trencat sobre columnes. La tercera planta hi ha dos balcons sobre m\u00e8nsules i un escut her\u00e0ldic al centre.<\/p><p>El r\u00e0fec de la coberta amb m\u00e8nsules tallades de fusta descansa sobre un gran fris alt amb tr\u00edglifs i m\u00e8topes.<\/p><p>Les cantonades de l&#8217;edifici estan emmarcats amb pilastres.<\/p>\t\t\t\t\t\t\t\t<\/div>\n\t\t\t\t<\/div>\n\t\t\t\t<div class=\"elementor-element elementor-element-fc874ee elementor-widget elementor-widget-image\" data-id=\"fc874ee\" data-element_type=\"widget\" data-e-type=\"widget\" data-widget_type=\"image.default\">\n\t\t\t\t<div class=\"elementor-widget-container\">\n\t\t\t\t\t\t\t\t\t\t\t\t<figure class=\"wp-caption\">\n\t\t\t\t\t\t\t\t\t\t<img loading=\"lazy\" decoding=\"async\" width=\"768\" height=\"512\" src=\"https:\/\/www.elturistatranquil.com\/wp-content\/uploads\/F75-Haro-La-Rioja.jpg\" class=\"attachment-large size-large wp-image-58447\" alt=\"Haro, La Rioja\" srcset=\"https:\/\/www.elturistatranquil.com\/wp-content\/uploads\/F75-Haro-La-Rioja.jpg 768w, https:\/\/www.elturistatranquil.com\/wp-content\/uploads\/F75-Haro-La-Rioja-339x226.jpg 339w\" sizes=\"(max-width: 768px) 100vw, 768px\" \/>\t\t\t\t\t\t\t\t\t\t\t<figcaption class=\"widget-image-caption wp-caption-text\"><\/figcaption>\n\t\t\t\t\t\t\t\t\t\t<\/figure>\n\t\t\t\t\t\t\t\t\t<\/div>\n\t\t\t\t<\/div>\n\t\t\t\t<div class=\"elementor-element elementor-element-6dc5766 elementor-widget elementor-widget-text-editor\" data-id=\"6dc5766\" data-element_type=\"widget\" data-e-type=\"widget\" data-widget_type=\"text-editor.default\">\n\t\t\t\t<div class=\"elementor-widget-container\">\n\t\t\t\t\t\t\t\t\t<p>L&#8217;edifici cantoner de la conflu\u00e8ncia amb el <strong>carrer V\u00edctor Pradera<\/strong> (<strong>16<\/strong>) \u00e9s una vistosa construcci\u00f3 de color blanc de l&#8217;any 1930, d&#8217;estil ecl\u00e8ctic i augmentant l&#8217;al\u00e7ada a cinc nivells. En aquest cas, els vitralls dels miradors han deixat de ser de fusta per passar a ser obra.<\/p>\t\t\t\t\t\t\t\t<\/div>\n\t\t\t\t<\/div>\n\t\t\t\t<div class=\"elementor-element elementor-element-d84927b elementor-widget elementor-widget-image\" data-id=\"d84927b\" data-element_type=\"widget\" data-e-type=\"widget\" data-widget_type=\"image.default\">\n\t\t\t\t<div class=\"elementor-widget-container\">\n\t\t\t\t\t\t\t\t\t\t\t\t<figure class=\"wp-caption\">\n\t\t\t\t\t\t\t\t\t\t<img loading=\"lazy\" decoding=\"async\" width=\"768\" height=\"512\" src=\"https:\/\/www.elturistatranquil.com\/wp-content\/uploads\/F76-Haro-La-Rioja.jpg\" class=\"attachment-large size-large wp-image-58449\" alt=\"Haro, La Rioja\" srcset=\"https:\/\/www.elturistatranquil.com\/wp-content\/uploads\/F76-Haro-La-Rioja.jpg 768w, https:\/\/www.elturistatranquil.com\/wp-content\/uploads\/F76-Haro-La-Rioja-339x226.jpg 339w\" sizes=\"(max-width: 768px) 100vw, 768px\" \/>\t\t\t\t\t\t\t\t\t\t\t<figcaption class=\"widget-image-caption wp-caption-text\"><\/figcaption>\n\t\t\t\t\t\t\t\t\t\t<\/figure>\n\t\t\t\t\t\t\t\t\t<\/div>\n\t\t\t\t<\/div>\n\t\t\t\t<div class=\"elementor-element elementor-element-66b9024 elementor-widget elementor-widget-text-editor\" data-id=\"66b9024\" data-element_type=\"widget\" data-e-type=\"widget\" data-widget_type=\"text-editor.default\">\n\t\t\t\t<div class=\"elementor-widget-container\">\n\t\t\t\t\t\t\t\t\t<p>Pel cam\u00ed no deixem d&#8217;observar cases blasonades encara que siguin d\u2019aparen\u00e7a m\u00e9s senzilla.<\/p>\t\t\t\t\t\t\t\t<\/div>\n\t\t\t\t<\/div>\n\t\t\t\t<div class=\"elementor-element elementor-element-3bfcab7 elementor-widget elementor-widget-image\" data-id=\"3bfcab7\" data-element_type=\"widget\" data-e-type=\"widget\" data-widget_type=\"image.default\">\n\t\t\t\t<div class=\"elementor-widget-container\">\n\t\t\t\t\t\t\t\t\t\t\t\t<figure class=\"wp-caption\">\n\t\t\t\t\t\t\t\t\t\t<img loading=\"lazy\" decoding=\"async\" width=\"768\" height=\"512\" src=\"https:\/\/www.elturistatranquil.com\/wp-content\/uploads\/F77-Haro-La-Rioja.jpg\" class=\"attachment-large size-large wp-image-58454\" alt=\"Haro, La Rioja\" srcset=\"https:\/\/www.elturistatranquil.com\/wp-content\/uploads\/F77-Haro-La-Rioja.jpg 768w, https:\/\/www.elturistatranquil.com\/wp-content\/uploads\/F77-Haro-La-Rioja-339x226.jpg 339w\" sizes=\"(max-width: 768px) 100vw, 768px\" \/>\t\t\t\t\t\t\t\t\t\t\t<figcaption class=\"widget-image-caption wp-caption-text\"><\/figcaption>\n\t\t\t\t\t\t\t\t\t\t<\/figure>\n\t\t\t\t\t\t\t\t\t<\/div>\n\t\t\t\t<\/div>\n\t\t\t\t<div class=\"elementor-element elementor-element-82056fd elementor-widget elementor-widget-text-editor\" data-id=\"82056fd\" data-element_type=\"widget\" data-e-type=\"widget\" data-widget_type=\"text-editor.default\">\n\t\t\t\t<div class=\"elementor-widget-container\">\n\t\t\t\t\t\t\t\t\t<p>Igual que s\u00f3n persistents les balconades de vidrieres de fusta.<\/p>\t\t\t\t\t\t\t\t<\/div>\n\t\t\t\t<\/div>\n\t\t\t\t<div class=\"elementor-element elementor-element-7b5c0e7 elementor-widget elementor-widget-image\" data-id=\"7b5c0e7\" data-element_type=\"widget\" data-e-type=\"widget\" data-widget_type=\"image.default\">\n\t\t\t\t<div class=\"elementor-widget-container\">\n\t\t\t\t\t\t\t\t\t\t\t\t<figure class=\"wp-caption\">\n\t\t\t\t\t\t\t\t\t\t<img loading=\"lazy\" decoding=\"async\" width=\"768\" height=\"512\" src=\"https:\/\/www.elturistatranquil.com\/wp-content\/uploads\/F78-Haro-La-Rioja.jpg\" class=\"attachment-large size-large wp-image-58456\" alt=\"Haro, La Rioja\" srcset=\"https:\/\/www.elturistatranquil.com\/wp-content\/uploads\/F78-Haro-La-Rioja.jpg 768w, https:\/\/www.elturistatranquil.com\/wp-content\/uploads\/F78-Haro-La-Rioja-339x226.jpg 339w\" sizes=\"(max-width: 768px) 100vw, 768px\" \/>\t\t\t\t\t\t\t\t\t\t\t<figcaption class=\"widget-image-caption wp-caption-text\"><\/figcaption>\n\t\t\t\t\t\t\t\t\t\t<\/figure>\n\t\t\t\t\t\t\t\t\t<\/div>\n\t\t\t\t<\/div>\n\t\t\t\t<div class=\"elementor-element elementor-element-d45ce10 elementor-widget elementor-widget-heading\" data-id=\"d45ce10\" data-element_type=\"widget\" data-e-type=\"widget\" data-widget_type=\"heading.default\">\n\t\t\t\t<div class=\"elementor-widget-container\">\n\t\t\t\t\t<h5 class=\"elementor-heading-title elementor-size-default\">Palau dels \u00c1ngel<\/h5>\t\t\t\t<\/div>\n\t\t\t\t<\/div>\n\t\t\t\t<div class=\"elementor-element elementor-element-88c41e2 elementor-widget elementor-widget-text-editor\" data-id=\"88c41e2\" data-element_type=\"widget\" data-e-type=\"widget\" data-widget_type=\"text-editor.default\">\n\t\t\t\t<div class=\"elementor-widget-container\">\n\t\t\t\t\t\t\t\t\t<p>Al final del carrer Lucrecia Arana es forma la <strong>pla\u00e7a de la Cruz<\/strong> presidida pel <strong>palau dels \u00c0ngel<\/strong> (<strong>17<\/strong>). Manat construir per la fam\u00edlia dels \u00c0ngel el 1760.<\/p><p>Consisteix en una edificaci\u00f3 barroca tamb\u00e9 recarregada, de planta quadrangular i quatre nivells.<\/p><p>Com s&#8217;observa a la fotografia, es troba en fase de rehabilitaci\u00f3, essent parcialment visibles nom\u00e9s les dues plantes superiors. El segon pis, que en aquest cas \u00e9s el principal, amb balcons sobre m\u00e8nsules i marc mixtilini de tra\u00e7os curvilinis. Al centre un gran blas\u00f3.<\/p><p>El quart nivell de menor altura i, per sobre el r\u00e0fec sobre modillons de fusta tallats d&#8217;una coberta a quatre aig\u00fces amb una llanterna central.<\/p>\t\t\t\t\t\t\t\t<\/div>\n\t\t\t\t<\/div>\n\t\t\t\t<div class=\"elementor-element elementor-element-e4cd054 elementor-widget elementor-widget-image\" data-id=\"e4cd054\" data-element_type=\"widget\" data-e-type=\"widget\" data-widget_type=\"image.default\">\n\t\t\t\t<div class=\"elementor-widget-container\">\n\t\t\t\t\t\t\t\t\t\t\t\t<figure class=\"wp-caption\">\n\t\t\t\t\t\t\t\t\t\t<img loading=\"lazy\" decoding=\"async\" width=\"768\" height=\"512\" src=\"https:\/\/www.elturistatranquil.com\/wp-content\/uploads\/F79-Haro-La-Rioja.jpg\" class=\"attachment-large size-large wp-image-58458\" alt=\"Haro, La Rioja\" srcset=\"https:\/\/www.elturistatranquil.com\/wp-content\/uploads\/F79-Haro-La-Rioja.jpg 768w, https:\/\/www.elturistatranquil.com\/wp-content\/uploads\/F79-Haro-La-Rioja-339x226.jpg 339w\" sizes=\"(max-width: 768px) 100vw, 768px\" \/>\t\t\t\t\t\t\t\t\t\t\t<figcaption class=\"widget-image-caption wp-caption-text\"><\/figcaption>\n\t\t\t\t\t\t\t\t\t\t<\/figure>\n\t\t\t\t\t\t\t\t\t<\/div>\n\t\t\t\t<\/div>\n\t\t\t\t<div class=\"elementor-element elementor-element-e227cd7 elementor-widget elementor-widget-image\" data-id=\"e227cd7\" data-element_type=\"widget\" data-e-type=\"widget\" data-widget_type=\"image.default\">\n\t\t\t\t<div class=\"elementor-widget-container\">\n\t\t\t\t\t\t\t\t\t\t\t\t<figure class=\"wp-caption\">\n\t\t\t\t\t\t\t\t\t\t<img loading=\"lazy\" decoding=\"async\" width=\"768\" height=\"512\" src=\"https:\/\/www.elturistatranquil.com\/wp-content\/uploads\/F80-Haro-La-Rioja.jpg\" class=\"attachment-large size-large wp-image-58460\" alt=\"Haro, La Rioja\" srcset=\"https:\/\/www.elturistatranquil.com\/wp-content\/uploads\/F80-Haro-La-Rioja.jpg 768w, https:\/\/www.elturistatranquil.com\/wp-content\/uploads\/F80-Haro-La-Rioja-339x226.jpg 339w\" sizes=\"(max-width: 768px) 100vw, 768px\" \/>\t\t\t\t\t\t\t\t\t\t\t<figcaption class=\"widget-image-caption wp-caption-text\"><\/figcaption>\n\t\t\t\t\t\t\t\t\t\t<\/figure>\n\t\t\t\t\t\t\t\t\t<\/div>\n\t\t\t\t<\/div>\n\t\t\t\t<div class=\"elementor-element elementor-element-afc8eed elementor-widget elementor-widget-text-editor\" data-id=\"afc8eed\" data-element_type=\"widget\" data-e-type=\"widget\" data-widget_type=\"text-editor.default\">\n\t\t\t\t<div class=\"elementor-widget-container\">\n\t\t\t\t\t\t\t\t\t<p>Seguint el recorregut pels carrers d&#8217;Haro de l&#8217;eixample a partir de la ciutat emmurallada medieval, subsisteix la pres\u00e8ncia del carreu de pedra i dels balcons de vidrieres.<\/p>\t\t\t\t\t\t\t\t<\/div>\n\t\t\t\t<\/div>\n\t\t\t\t<div class=\"elementor-element elementor-element-62cdfc9 elementor-widget elementor-widget-image\" data-id=\"62cdfc9\" data-element_type=\"widget\" data-e-type=\"widget\" data-widget_type=\"image.default\">\n\t\t\t\t<div class=\"elementor-widget-container\">\n\t\t\t\t\t\t\t\t\t\t\t\t<figure class=\"wp-caption\">\n\t\t\t\t\t\t\t\t\t\t<img loading=\"lazy\" decoding=\"async\" width=\"768\" height=\"512\" src=\"https:\/\/www.elturistatranquil.com\/wp-content\/uploads\/F82-Haro-La-Rioja.jpg\" class=\"attachment-large size-large wp-image-58467\" alt=\"Haro, La Rioja\" srcset=\"https:\/\/www.elturistatranquil.com\/wp-content\/uploads\/F82-Haro-La-Rioja.jpg 768w, https:\/\/www.elturistatranquil.com\/wp-content\/uploads\/F82-Haro-La-Rioja-339x226.jpg 339w\" sizes=\"(max-width: 768px) 100vw, 768px\" \/>\t\t\t\t\t\t\t\t\t\t\t<figcaption class=\"widget-image-caption wp-caption-text\"><\/figcaption>\n\t\t\t\t\t\t\t\t\t\t<\/figure>\n\t\t\t\t\t\t\t\t\t<\/div>\n\t\t\t\t<\/div>\n\t\t\t\t<div class=\"elementor-element elementor-element-fbff5dd elementor-widget elementor-widget-image\" data-id=\"fbff5dd\" data-element_type=\"widget\" data-e-type=\"widget\" data-widget_type=\"image.default\">\n\t\t\t\t<div class=\"elementor-widget-container\">\n\t\t\t\t\t\t\t\t\t\t\t\t<figure class=\"wp-caption\">\n\t\t\t\t\t\t\t\t\t\t<img loading=\"lazy\" decoding=\"async\" width=\"768\" height=\"511\" src=\"https:\/\/www.elturistatranquil.com\/wp-content\/uploads\/F81-Haro-La-Rioja.jpg\" class=\"attachment-large size-large wp-image-58465\" alt=\"Plaza Monse\u00f1or Florentino Rodr\u00edguez \/ c. San Agust\u00edn\" srcset=\"https:\/\/www.elturistatranquil.com\/wp-content\/uploads\/F81-Haro-La-Rioja.jpg 768w, https:\/\/www.elturistatranquil.com\/wp-content\/uploads\/F81-Haro-La-Rioja-339x226.jpg 339w\" sizes=\"(max-width: 768px) 100vw, 768px\" \/>\t\t\t\t\t\t\t\t\t\t\t<figcaption class=\"widget-image-caption wp-caption-text\"><\/figcaption>\n\t\t\t\t\t\t\t\t\t\t<\/figure>\n\t\t\t\t\t\t\t\t\t<\/div>\n\t\t\t\t<\/div>\n\t\t\t\t<div class=\"elementor-element elementor-element-a7b2cb7 elementor-widget elementor-widget-heading\" data-id=\"a7b2cb7\" data-element_type=\"widget\" data-e-type=\"widget\" data-widget_type=\"heading.default\">\n\t\t\t\t<div class=\"elementor-widget-container\">\n\t\t\t\t\t<h3 class=\"elementor-heading-title elementor-size-default\">\nPla\u00e7a Monse\u00f1or Florentino Rodr\u00edguez \/ c. San Agust\u00edn\n<\/h3>\t\t\t\t<\/div>\n\t\t\t\t<\/div>\n\t\t\t\t<div class=\"elementor-element elementor-element-b3d6286 elementor-widget elementor-widget-text-editor\" data-id=\"b3d6286\" data-element_type=\"widget\" data-e-type=\"widget\" data-widget_type=\"text-editor.default\">\n\t\t\t\t<div class=\"elementor-widget-container\">\n\t\t\t\t\t\t\t\t\t<p>Arribem pel <strong>carrer Conde de Haro<\/strong> a la <strong>pla\u00e7a Monsenyor Florentino Rodr\u00edguez<\/strong>, novament un espai triangular, on es concentren importants edificis de diferents \u00e8poques.<\/p>\t\t\t\t\t\t\t\t<\/div>\n\t\t\t\t<\/div>\n\t\t\t\t<div class=\"elementor-element elementor-element-7d2c641 elementor-widget elementor-widget-heading\" data-id=\"7d2c641\" data-element_type=\"widget\" data-e-type=\"widget\" data-widget_type=\"heading.default\">\n\t\t\t\t<div class=\"elementor-widget-container\">\n\t\t\t\t\t<h5 class=\"elementor-heading-title elementor-size-default\">Antic Banc d'Espanya<\/h5>\t\t\t\t<\/div>\n\t\t\t\t<\/div>\n\t\t\t\t<div class=\"elementor-element elementor-element-40ca257 elementor-widget elementor-widget-text-editor\" data-id=\"40ca257\" data-element_type=\"widget\" data-e-type=\"widget\" data-widget_type=\"text-editor.default\">\n\t\t\t\t<div class=\"elementor-widget-container\">\n\t\t\t\t\t\t\t\t\t<p>El primer contacte \u00e9s amb un edifici de principis del segle XX (1922-1925) on hi ha la nova seu del <strong>Banc d&#8217;Espanya<\/strong> (<strong>18<\/strong>).<\/p><p>Els cellerers de La Rioja van demanar una seu del Banc d&#8217;Espanya m\u00e9s a prop dels seus interessos que el m\u00e9s lluny\u00e0 Logronyo, com a capital de prov\u00edncia. Van aconseguir que s&#8217;inaugur\u00e9s una primera seda al carrer Siervas de Jes\u00fas, que despr\u00e9s es traslladaria a aquest edifici definitiu.<\/p><p>Es tracta d&#8217;un edifici exempt de planta rectangular, tres al\u00e7ades i f\u00e0brica de carreuat. T\u00e9 l&#8217;estil classicista dels edificis estatals institucionals de l&#8217;\u00e8poca.<\/p><p>Fotografies del frontal y el lateral de l\u2019edifici.<\/p>\t\t\t\t\t\t\t\t<\/div>\n\t\t\t\t<\/div>\n\t\t\t\t<div class=\"elementor-element elementor-element-3366ed1 elementor-widget elementor-widget-image\" data-id=\"3366ed1\" data-element_type=\"widget\" data-e-type=\"widget\" data-widget_type=\"image.default\">\n\t\t\t\t<div class=\"elementor-widget-container\">\n\t\t\t\t\t\t\t\t\t\t\t\t<figure class=\"wp-caption\">\n\t\t\t\t\t\t\t\t\t\t<img loading=\"lazy\" decoding=\"async\" width=\"768\" height=\"512\" src=\"https:\/\/www.elturistatranquil.com\/wp-content\/uploads\/F83-Haro-La-Rioja.jpg\" class=\"attachment-large size-large wp-image-58469\" alt=\"Haro, La Rioja\" srcset=\"https:\/\/www.elturistatranquil.com\/wp-content\/uploads\/F83-Haro-La-Rioja.jpg 768w, https:\/\/www.elturistatranquil.com\/wp-content\/uploads\/F83-Haro-La-Rioja-339x226.jpg 339w\" sizes=\"(max-width: 768px) 100vw, 768px\" \/>\t\t\t\t\t\t\t\t\t\t\t<figcaption class=\"widget-image-caption wp-caption-text\"><\/figcaption>\n\t\t\t\t\t\t\t\t\t\t<\/figure>\n\t\t\t\t\t\t\t\t\t<\/div>\n\t\t\t\t<\/div>\n\t\t\t\t<div class=\"elementor-element elementor-element-9ee72e4 elementor-widget elementor-widget-image\" data-id=\"9ee72e4\" data-element_type=\"widget\" data-e-type=\"widget\" data-widget_type=\"image.default\">\n\t\t\t\t<div class=\"elementor-widget-container\">\n\t\t\t\t\t\t\t\t\t\t\t\t<figure class=\"wp-caption\">\n\t\t\t\t\t\t\t\t\t\t<img loading=\"lazy\" decoding=\"async\" width=\"768\" height=\"511\" src=\"https:\/\/www.elturistatranquil.com\/wp-content\/uploads\/F84-Haro-La-Rioja.jpg\" class=\"attachment-large size-large wp-image-58471\" alt=\"Haro, La Rioja\" srcset=\"https:\/\/www.elturistatranquil.com\/wp-content\/uploads\/F84-Haro-La-Rioja.jpg 768w, https:\/\/www.elturistatranquil.com\/wp-content\/uploads\/F84-Haro-La-Rioja-339x226.jpg 339w\" sizes=\"(max-width: 768px) 100vw, 768px\" \/>\t\t\t\t\t\t\t\t\t\t\t<figcaption class=\"widget-image-caption wp-caption-text\"><\/figcaption>\n\t\t\t\t\t\t\t\t\t\t<\/figure>\n\t\t\t\t\t\t\t\t\t<\/div>\n\t\t\t\t<\/div>\n\t\t\t\t<div class=\"elementor-element elementor-element-e0cf98d elementor-widget elementor-widget-heading\" data-id=\"e0cf98d\" data-element_type=\"widget\" data-e-type=\"widget\" data-widget_type=\"heading.default\">\n\t\t\t\t<div class=\"elementor-widget-container\">\n\t\t\t\t\t<h5 class=\"elementor-heading-title elementor-size-default\">Teatre Bret\u00f3n de los Herreros<\/h5>\t\t\t\t<\/div>\n\t\t\t\t<\/div>\n\t\t\t\t<div class=\"elementor-element elementor-element-2b1bd4d elementor-widget elementor-widget-text-editor\" data-id=\"2b1bd4d\" data-element_type=\"widget\" data-e-type=\"widget\" data-widget_type=\"text-editor.default\">\n\t\t\t\t<div class=\"elementor-widget-container\">\n\t\t\t\t\t\t\t\t\t<p>El lateral de ponent, que s&#8217;endinsa al carrer de Sant Agust\u00ed, l&#8217;ocupa dos grans edificis. El del cant\u00f3 nord correspon al <strong>teatre Bret\u00f3n de los Herreros<\/strong> (<strong>19<\/strong>) mentre que el del cant\u00f3 \u00e9s l\u2019 <strong>exconvent de Sant Agust\u00ed<\/strong> (<strong>20<\/strong>).<\/p><p>El teatre s&#8217;al\u00e7a al lloc que ocupava l&#8217;esgl\u00e9sia del convent quan aquest va passar a les mans de l&#8217;Ajuntament el 1839 despr\u00e9s de la desamortitzaci\u00f3 de Mendiz\u00e1bal.<\/p><p>La nova edificaci\u00f3 del teatre \u00e9s de 1841, d&#8217;estil neocl\u00e0ssic.<\/p><p>La fa\u00e7ana t\u00e9 tres nivells. L\u00b4entrada de la planta baixa est\u00e0 formada per tres portes d\u00b4arcs de mig punt. El primer pis t\u00e9 tres obertures adovellades que donen a un balc\u00f3 corregut amb ampit de ferro forjat.<\/p><p>Al segon pis s&#8217;obren tres obertures rectangulars simples.<\/p>\t\t\t\t\t\t\t\t<\/div>\n\t\t\t\t<\/div>\n\t\t\t\t<div class=\"elementor-element elementor-element-7b87e2d elementor-widget elementor-widget-image\" data-id=\"7b87e2d\" data-element_type=\"widget\" data-e-type=\"widget\" data-widget_type=\"image.default\">\n\t\t\t\t<div class=\"elementor-widget-container\">\n\t\t\t\t\t\t\t\t\t\t\t\t<figure class=\"wp-caption\">\n\t\t\t\t\t\t\t\t\t\t<img loading=\"lazy\" decoding=\"async\" width=\"768\" height=\"512\" src=\"https:\/\/www.elturistatranquil.com\/wp-content\/uploads\/F86-Haro-La-Rioja.jpg\" class=\"attachment-large size-large wp-image-58478\" alt=\"Haro, La Rioja\" srcset=\"https:\/\/www.elturistatranquil.com\/wp-content\/uploads\/F86-Haro-La-Rioja.jpg 768w, https:\/\/www.elturistatranquil.com\/wp-content\/uploads\/F86-Haro-La-Rioja-339x226.jpg 339w\" sizes=\"(max-width: 768px) 100vw, 768px\" \/>\t\t\t\t\t\t\t\t\t\t\t<figcaption class=\"widget-image-caption wp-caption-text\"><\/figcaption>\n\t\t\t\t\t\t\t\t\t\t<\/figure>\n\t\t\t\t\t\t\t\t\t<\/div>\n\t\t\t\t<\/div>\n\t\t\t\t<div class=\"elementor-element elementor-element-b141aad elementor-widget elementor-widget-heading\" data-id=\"b141aad\" data-element_type=\"widget\" data-e-type=\"widget\" data-widget_type=\"heading.default\">\n\t\t\t\t<div class=\"elementor-widget-container\">\n\t\t\t\t\t<h4 class=\"elementor-heading-title elementor-size-default\">Exconvent de San Agust\u00edn<\/h4>\t\t\t\t<\/div>\n\t\t\t\t<\/div>\n\t\t\t\t<div class=\"elementor-element elementor-element-95d0827 elementor-widget elementor-widget-text-editor\" data-id=\"95d0827\" data-element_type=\"widget\" data-e-type=\"widget\" data-widget_type=\"text-editor.default\">\n\t\t\t\t<div class=\"elementor-widget-container\">\n\t\t\t\t\t\t\t\t\t<p>L&#8217;<strong>exconvent de San Agust\u00edn<\/strong> (<strong>20<\/strong>) era un edifici exempt que ocupava tota l\u2019illa. Com s&#8217;ha dit, se&#8217;n conserva una part, la corresponent al claustre i les seves depend\u00e8ncies, actualment reconvertit en hotel.<\/p><p>Els or\u00edgens del convent s\u00f3n del segle XIV, situat extramurs de la vila. L&#8217;edifici conservat correspon a una reconstrucci\u00f3 del segle XVIII.<\/p><p>Externament, la fa\u00e7ana mostra tres nivells interns al costat dret de la portada, i quatre al costat esquerre.<\/p><p>Destaca la portada, obra de <em>Pedro de Olaechea<\/em> del 1704, amb un acc\u00e9s adovellat amb un angelot agenollat \u200b\u200bcom a clau. Als costats pilastres toscanes cassetonades o encoixinades amb rombes, i a la part superior un entaulament amb fris de garlandes i m\u00e0scares.<\/p><p>Al pis superior un balc\u00f3 de marc motllurat trencat amb l&#8217;escut de l&#8217;ordre agustina a sobre i relleus als costats en cartel\u00b7les i inscripcions molt esborrades al\u00b7lusives a la seva fundaci\u00f3.<\/p>\t\t\t\t\t\t\t\t<\/div>\n\t\t\t\t<\/div>\n\t\t\t\t<div class=\"elementor-element elementor-element-2690335 elementor-widget elementor-widget-image\" data-id=\"2690335\" data-element_type=\"widget\" data-e-type=\"widget\" data-widget_type=\"image.default\">\n\t\t\t\t<div class=\"elementor-widget-container\">\n\t\t\t\t\t\t\t\t\t\t\t\t<figure class=\"wp-caption\">\n\t\t\t\t\t\t\t\t\t\t<img loading=\"lazy\" decoding=\"async\" width=\"768\" height=\"512\" src=\"https:\/\/www.elturistatranquil.com\/wp-content\/uploads\/F88-Exconvento-de-San-Agustin-Haro-La-Rioja.jpg\" class=\"attachment-large size-large wp-image-58482\" alt=\"Exconvento de San Agust\u00edn, Haro, La Rioja\" srcset=\"https:\/\/www.elturistatranquil.com\/wp-content\/uploads\/F88-Exconvento-de-San-Agustin-Haro-La-Rioja.jpg 768w, https:\/\/www.elturistatranquil.com\/wp-content\/uploads\/F88-Exconvento-de-San-Agustin-Haro-La-Rioja-339x226.jpg 339w\" sizes=\"(max-width: 768px) 100vw, 768px\" \/>\t\t\t\t\t\t\t\t\t\t\t<figcaption class=\"widget-image-caption wp-caption-text\"><\/figcaption>\n\t\t\t\t\t\t\t\t\t\t<\/figure>\n\t\t\t\t\t\t\t\t\t<\/div>\n\t\t\t\t<\/div>\n\t\t\t\t<div class=\"elementor-element elementor-element-a2e3ea5 elementor-widget elementor-widget-image\" data-id=\"a2e3ea5\" data-element_type=\"widget\" data-e-type=\"widget\" data-widget_type=\"image.default\">\n\t\t\t\t<div class=\"elementor-widget-container\">\n\t\t\t\t\t\t\t\t\t\t\t\t<figure class=\"wp-caption\">\n\t\t\t\t\t\t\t\t\t\t<img loading=\"lazy\" decoding=\"async\" width=\"768\" height=\"512\" src=\"https:\/\/www.elturistatranquil.com\/wp-content\/uploads\/F89-Exconvento-de-San-Agustin-Haro-La-Rioja.jpg\" class=\"attachment-large size-large wp-image-58484\" alt=\"Exconvento de San Agust\u00edn, Haro, La Rioja\" srcset=\"https:\/\/www.elturistatranquil.com\/wp-content\/uploads\/F89-Exconvento-de-San-Agustin-Haro-La-Rioja.jpg 768w, https:\/\/www.elturistatranquil.com\/wp-content\/uploads\/F89-Exconvento-de-San-Agustin-Haro-La-Rioja-339x226.jpg 339w\" sizes=\"(max-width: 768px) 100vw, 768px\" \/>\t\t\t\t\t\t\t\t\t\t\t<figcaption class=\"widget-image-caption wp-caption-text\"><\/figcaption>\n\t\t\t\t\t\t\t\t\t\t<\/figure>\n\t\t\t\t\t\t\t\t\t<\/div>\n\t\t\t\t<\/div>\n\t\t\t\t<div class=\"elementor-element elementor-element-70be149 elementor-widget elementor-widget-text-editor\" data-id=\"70be149\" data-element_type=\"widget\" data-e-type=\"widget\" data-widget_type=\"text-editor.default\">\n\t\t\t\t<div class=\"elementor-widget-container\">\n\t\t\t\t\t\t\t\t\t<p>L&#8217;edificaci\u00f3 de l&#8217;angle sud corresponia a la capella de les monges que atenien l&#8217;hospital de la Magdalena, instal\u00b7lat aqu\u00ed a principis del segle XX,<\/p><p>Una senzilla portada de mig punt amb un \u00f2cul a la part superior, i pel costat meridional es tanca amb un mur amb contraforts y finestres.<\/p>\t\t\t\t\t\t\t\t<\/div>\n\t\t\t\t<\/div>\n\t\t\t\t<div class=\"elementor-element elementor-element-0bce3e5 elementor-widget elementor-widget-image\" data-id=\"0bce3e5\" data-element_type=\"widget\" data-e-type=\"widget\" data-widget_type=\"image.default\">\n\t\t\t\t<div class=\"elementor-widget-container\">\n\t\t\t\t\t\t\t\t\t\t\t\t<figure class=\"wp-caption\">\n\t\t\t\t\t\t\t\t\t\t<img loading=\"lazy\" decoding=\"async\" width=\"768\" height=\"511\" src=\"https:\/\/www.elturistatranquil.com\/wp-content\/uploads\/F90-Exconvento-de-San-Agustin-Haro-La-Rioja.jpg\" class=\"attachment-large size-large wp-image-58489\" alt=\"Exconvento de San Agust\u00edn, Haro, La Rioja\" srcset=\"https:\/\/www.elturistatranquil.com\/wp-content\/uploads\/F90-Exconvento-de-San-Agustin-Haro-La-Rioja.jpg 768w, https:\/\/www.elturistatranquil.com\/wp-content\/uploads\/F90-Exconvento-de-San-Agustin-Haro-La-Rioja-339x226.jpg 339w\" sizes=\"(max-width: 768px) 100vw, 768px\" \/>\t\t\t\t\t\t\t\t\t\t\t<figcaption class=\"widget-image-caption wp-caption-text\"><\/figcaption>\n\t\t\t\t\t\t\t\t\t\t<\/figure>\n\t\t\t\t\t\t\t\t\t<\/div>\n\t\t\t\t<\/div>\n\t\t\t\t<div class=\"elementor-element elementor-element-f02dff1 elementor-widget elementor-widget-image\" data-id=\"f02dff1\" data-element_type=\"widget\" data-e-type=\"widget\" data-widget_type=\"image.default\">\n\t\t\t\t<div class=\"elementor-widget-container\">\n\t\t\t\t\t\t\t\t\t\t\t\t<figure class=\"wp-caption\">\n\t\t\t\t\t\t\t\t\t\t<img loading=\"lazy\" decoding=\"async\" width=\"768\" height=\"512\" src=\"https:\/\/www.elturistatranquil.com\/wp-content\/uploads\/F91-Exconvento-de-San-Agustin-Haro-La-Rioja.jpg\" class=\"attachment-large size-large wp-image-58491\" alt=\"Exconvento de San Agust\u00edn, Haro, La Rioja\" srcset=\"https:\/\/www.elturistatranquil.com\/wp-content\/uploads\/F91-Exconvento-de-San-Agustin-Haro-La-Rioja.jpg 768w, https:\/\/www.elturistatranquil.com\/wp-content\/uploads\/F91-Exconvento-de-San-Agustin-Haro-La-Rioja-339x226.jpg 339w\" sizes=\"(max-width: 768px) 100vw, 768px\" \/>\t\t\t\t\t\t\t\t\t\t\t<figcaption class=\"widget-image-caption wp-caption-text\"><\/figcaption>\n\t\t\t\t\t\t\t\t\t\t<\/figure>\n\t\t\t\t\t\t\t\t\t<\/div>\n\t\t\t\t<\/div>\n\t\t\t\t<div class=\"elementor-element elementor-element-3a824de elementor-widget elementor-widget-text-editor\" data-id=\"3a824de\" data-element_type=\"widget\" data-e-type=\"widget\" data-widget_type=\"text-editor.default\">\n\t\t\t\t<div class=\"elementor-widget-container\">\n\t\t\t\t\t\t\t\t\t<p>El claustre de planta quadrada, ara reconvertit en gran sal\u00f3 amb una coberta de vidre, tenia tres nivells. L&#8217;inferior amb els quatre galeries de sis arcs de mig punt cadascuna.<\/p><p>Els dos nivells superiors amb obertures adovellades i \u00f2culs.<\/p>\t\t\t\t\t\t\t\t<\/div>\n\t\t\t\t<\/div>\n\t\t\t\t<div class=\"elementor-element elementor-element-78ba187 elementor-widget elementor-widget-image\" data-id=\"78ba187\" data-element_type=\"widget\" data-e-type=\"widget\" data-widget_type=\"image.default\">\n\t\t\t\t<div class=\"elementor-widget-container\">\n\t\t\t\t\t\t\t\t\t\t\t\t<figure class=\"wp-caption\">\n\t\t\t\t\t\t\t\t\t\t<img loading=\"lazy\" decoding=\"async\" width=\"768\" height=\"512\" src=\"https:\/\/www.elturistatranquil.com\/wp-content\/uploads\/F92-Exconvento-de-San-Agustin-Haro-La-Rioja.jpg\" class=\"attachment-large size-large wp-image-58493\" alt=\"Exconvento de San Agust\u00edn, Haro, La Rioja\" srcset=\"https:\/\/www.elturistatranquil.com\/wp-content\/uploads\/F92-Exconvento-de-San-Agustin-Haro-La-Rioja.jpg 768w, https:\/\/www.elturistatranquil.com\/wp-content\/uploads\/F92-Exconvento-de-San-Agustin-Haro-La-Rioja-339x226.jpg 339w\" sizes=\"(max-width: 768px) 100vw, 768px\" \/>\t\t\t\t\t\t\t\t\t\t\t<figcaption class=\"widget-image-caption wp-caption-text\"><\/figcaption>\n\t\t\t\t\t\t\t\t\t\t<\/figure>\n\t\t\t\t\t\t\t\t\t<\/div>\n\t\t\t\t<\/div>\n\t\t\t\t<div class=\"elementor-element elementor-element-1f24870 elementor-widget elementor-widget-text-editor\" data-id=\"1f24870\" data-element_type=\"widget\" data-e-type=\"widget\" data-widget_type=\"text-editor.default\">\n\t\t\t\t<div class=\"elementor-widget-container\">\n\t\t\t\t\t\t\t\t\t<p>Un mosaic de cer\u00e0mica adossat a un mur del claustre ens informa dels diferents usos d&#8217;aquest edifici al llarg de la hist\u00f2ria des de la seva fundaci\u00f3 el 1373: convent, guarnici\u00f3 militar, hospital militar, pres\u00f3 i hotel.<\/p><p>Llegint les diverses descripcions d&#8217;aquesta edificaci\u00f3 sembla que s&#8217;han quedat curts en les diferents funcions, ja que tamb\u00e9 se&#8217;l cita com a escola, hospital civil o casa de caritat.<\/p>\t\t\t\t\t\t\t\t<\/div>\n\t\t\t\t<\/div>\n\t\t\t\t<div class=\"elementor-element elementor-element-6c3feed elementor-widget elementor-widget-image\" data-id=\"6c3feed\" data-element_type=\"widget\" data-e-type=\"widget\" data-widget_type=\"image.default\">\n\t\t\t\t<div class=\"elementor-widget-container\">\n\t\t\t\t\t\t\t\t\t\t\t\t<figure class=\"wp-caption\">\n\t\t\t\t\t\t\t\t\t\t<img loading=\"lazy\" decoding=\"async\" width=\"768\" height=\"512\" src=\"https:\/\/www.elturistatranquil.com\/wp-content\/uploads\/F93-Exconvento-de-San-Agustin-Haro-La-Rioja.jpg\" class=\"attachment-large size-large wp-image-58495\" alt=\"Exconvento de San Agust\u00edn, Haro, La Rioja\" srcset=\"https:\/\/www.elturistatranquil.com\/wp-content\/uploads\/F93-Exconvento-de-San-Agustin-Haro-La-Rioja.jpg 768w, https:\/\/www.elturistatranquil.com\/wp-content\/uploads\/F93-Exconvento-de-San-Agustin-Haro-La-Rioja-339x226.jpg 339w\" sizes=\"(max-width: 768px) 100vw, 768px\" \/>\t\t\t\t\t\t\t\t\t\t\t<figcaption class=\"widget-image-caption wp-caption-text\"><\/figcaption>\n\t\t\t\t\t\t\t\t\t\t<\/figure>\n\t\t\t\t\t\t\t\t\t<\/div>\n\t\t\t\t<\/div>\n\t\t\t\t<div class=\"elementor-element elementor-element-7d54f9b elementor-widget elementor-widget-text-editor\" data-id=\"7d54f9b\" data-element_type=\"widget\" data-e-type=\"widget\" data-widget_type=\"text-editor.default\">\n\t\t\t\t<div class=\"elementor-widget-container\">\n\t\t\t\t\t\t\t\t\t<p>Com a reflex del seu \u00fas com a pres\u00f3, els baixos dels pilars del claustre estan plens d&#8217;inscripcions realitzades pels presos sobre els carreus de pedra sorrenca.<\/p>\t\t\t\t\t\t\t\t<\/div>\n\t\t\t\t<\/div>\n\t\t\t\t<section class=\"elementor-section elementor-inner-section elementor-element elementor-element-0e95e6a elementor-section-boxed elementor-section-height-default elementor-section-height-default\" data-id=\"0e95e6a\" data-element_type=\"section\" data-e-type=\"section\">\n\t\t\t\t\t\t<div class=\"elementor-container elementor-column-gap-default\">\n\t\t\t\t\t<div class=\"elementor-column elementor-col-50 elementor-inner-column elementor-element elementor-element-1a938c6\" data-id=\"1a938c6\" data-element_type=\"column\" data-e-type=\"column\">\n\t\t\t<div class=\"elementor-widget-wrap elementor-element-populated\">\n\t\t\t\t\t\t<div class=\"elementor-element elementor-element-c87001e elementor-widget elementor-widget-image\" data-id=\"c87001e\" data-element_type=\"widget\" data-e-type=\"widget\" data-widget_type=\"image.default\">\n\t\t\t\t<div class=\"elementor-widget-container\">\n\t\t\t\t\t\t\t\t\t\t\t\t\t\t\t<img loading=\"lazy\" decoding=\"async\" width=\"380\" height=\"380\" src=\"https:\/\/www.elturistatranquil.com\/wp-content\/uploads\/F94m-Exconvento-de-San-Agustin-Haro-La-Rioja.jpg\" class=\"attachment-large size-large wp-image-58497\" alt=\"Exconvento de San Agust\u00edn, Haro, La Rioja\" srcset=\"https:\/\/www.elturistatranquil.com\/wp-content\/uploads\/F94m-Exconvento-de-San-Agustin-Haro-La-Rioja.jpg 380w, https:\/\/www.elturistatranquil.com\/wp-content\/uploads\/F94m-Exconvento-de-San-Agustin-Haro-La-Rioja-226x226.jpg 226w\" sizes=\"(max-width: 380px) 100vw, 380px\" \/>\t\t\t\t\t\t\t\t\t\t\t\t\t\t\t<\/div>\n\t\t\t\t<\/div>\n\t\t\t\t\t<\/div>\n\t\t<\/div>\n\t\t\t\t<div class=\"elementor-column elementor-col-50 elementor-inner-column elementor-element elementor-element-28a9cf8\" data-id=\"28a9cf8\" data-element_type=\"column\" data-e-type=\"column\">\n\t\t\t<div class=\"elementor-widget-wrap elementor-element-populated\">\n\t\t\t\t\t\t<div class=\"elementor-element elementor-element-5ee2962 elementor-widget elementor-widget-image\" data-id=\"5ee2962\" data-element_type=\"widget\" data-e-type=\"widget\" data-widget_type=\"image.default\">\n\t\t\t\t<div class=\"elementor-widget-container\">\n\t\t\t\t\t\t\t\t\t\t\t\t\t\t\t<img loading=\"lazy\" decoding=\"async\" width=\"380\" height=\"380\" src=\"https:\/\/www.elturistatranquil.com\/wp-content\/uploads\/F94n-Exconvento-de-San-Agustin-Haro-La-Rioja.jpg\" class=\"attachment-large size-large wp-image-58499\" alt=\"Exconvento de San Agust\u00edn, Haro, La Rioja\" srcset=\"https:\/\/www.elturistatranquil.com\/wp-content\/uploads\/F94n-Exconvento-de-San-Agustin-Haro-La-Rioja.jpg 380w, https:\/\/www.elturistatranquil.com\/wp-content\/uploads\/F94n-Exconvento-de-San-Agustin-Haro-La-Rioja-226x226.jpg 226w\" sizes=\"(max-width: 380px) 100vw, 380px\" \/>\t\t\t\t\t\t\t\t\t\t\t\t\t\t\t<\/div>\n\t\t\t\t<\/div>\n\t\t\t\t\t<\/div>\n\t\t<\/div>\n\t\t\t\t\t<\/div>\n\t\t<\/section>\n\t\t\t\t<section class=\"elementor-section elementor-inner-section elementor-element elementor-element-8b63cbf elementor-section-boxed elementor-section-height-default elementor-section-height-default\" data-id=\"8b63cbf\" data-element_type=\"section\" data-e-type=\"section\">\n\t\t\t\t\t\t<div class=\"elementor-container elementor-column-gap-default\">\n\t\t\t\t\t<div class=\"elementor-column elementor-col-50 elementor-inner-column elementor-element elementor-element-31f8512\" data-id=\"31f8512\" data-element_type=\"column\" data-e-type=\"column\">\n\t\t\t<div class=\"elementor-widget-wrap elementor-element-populated\">\n\t\t\t\t\t\t<div class=\"elementor-element elementor-element-65fe07b elementor-widget elementor-widget-image\" data-id=\"65fe07b\" data-element_type=\"widget\" data-e-type=\"widget\" data-widget_type=\"image.default\">\n\t\t\t\t<div class=\"elementor-widget-container\">\n\t\t\t\t\t\t\t\t\t\t\t\t\t\t\t<img loading=\"lazy\" decoding=\"async\" width=\"380\" height=\"380\" src=\"https:\/\/www.elturistatranquil.com\/wp-content\/uploads\/F94o-Exconvento-de-San-Agustin-Haro-La-Rioja.jpg\" class=\"attachment-large size-large wp-image-58501\" alt=\"Exconvento de San Agust\u00edn, Haro, La Rioja\" srcset=\"https:\/\/www.elturistatranquil.com\/wp-content\/uploads\/F94o-Exconvento-de-San-Agustin-Haro-La-Rioja.jpg 380w, https:\/\/www.elturistatranquil.com\/wp-content\/uploads\/F94o-Exconvento-de-San-Agustin-Haro-La-Rioja-226x226.jpg 226w\" sizes=\"(max-width: 380px) 100vw, 380px\" \/>\t\t\t\t\t\t\t\t\t\t\t\t\t\t\t<\/div>\n\t\t\t\t<\/div>\n\t\t\t\t\t<\/div>\n\t\t<\/div>\n\t\t\t\t<div class=\"elementor-column elementor-col-50 elementor-inner-column elementor-element elementor-element-3f6508d\" data-id=\"3f6508d\" data-element_type=\"column\" data-e-type=\"column\">\n\t\t\t<div class=\"elementor-widget-wrap elementor-element-populated\">\n\t\t\t\t\t\t<div class=\"elementor-element elementor-element-b474bdd elementor-widget elementor-widget-image\" data-id=\"b474bdd\" data-element_type=\"widget\" data-e-type=\"widget\" data-widget_type=\"image.default\">\n\t\t\t\t<div class=\"elementor-widget-container\">\n\t\t\t\t\t\t\t\t\t\t\t\t\t\t\t<img loading=\"lazy\" decoding=\"async\" width=\"380\" height=\"380\" src=\"https:\/\/www.elturistatranquil.com\/wp-content\/uploads\/F94p-Exconvento-de-San-Agustin-Haro-La-Rioja.jpg\" class=\"attachment-large size-large wp-image-58503\" alt=\"Exconvento de San Agust\u00edn, Haro, La Rioja\" srcset=\"https:\/\/www.elturistatranquil.com\/wp-content\/uploads\/F94p-Exconvento-de-San-Agustin-Haro-La-Rioja.jpg 380w, https:\/\/www.elturistatranquil.com\/wp-content\/uploads\/F94p-Exconvento-de-San-Agustin-Haro-La-Rioja-226x226.jpg 226w\" sizes=\"(max-width: 380px) 100vw, 380px\" \/>\t\t\t\t\t\t\t\t\t\t\t\t\t\t\t<\/div>\n\t\t\t\t<\/div>\n\t\t\t\t\t<\/div>\n\t\t<\/div>\n\t\t\t\t\t<\/div>\n\t\t<\/section>\n\t\t\t\t<div class=\"elementor-element elementor-element-200d6b3 elementor-widget elementor-widget-spacer\" data-id=\"200d6b3\" data-element_type=\"widget\" data-e-type=\"widget\" data-widget_type=\"spacer.default\">\n\t\t\t\t<div class=\"elementor-widget-container\">\n\t\t\t\t\t\t\t<div class=\"elementor-spacer\">\n\t\t\t<div class=\"elementor-spacer-inner\"><\/div>\n\t\t<\/div>\n\t\t\t\t\t\t<\/div>\n\t\t\t\t<\/div>\n\t\t\t\t<div class=\"elementor-element elementor-element-ff5cc8b elementor-widget elementor-widget-heading\" data-id=\"ff5cc8b\" data-element_type=\"widget\" data-e-type=\"widget\" data-widget_type=\"heading.default\">\n\t\t\t\t<div class=\"elementor-widget-container\">\n\t\t\t\t\t<h3 class=\"elementor-heading-title elementor-size-default\">Avinguda Rioja \/ c. Grecia \/ c. de la Vega \/ Pl. Marqu\u00e9s de Francos<\/h3>\t\t\t\t<\/div>\n\t\t\t\t<\/div>\n\t\t\t\t<div class=\"elementor-element elementor-element-6113d31 elementor-widget elementor-widget-heading\" data-id=\"6113d31\" data-element_type=\"widget\" data-e-type=\"widget\" data-widget_type=\"heading.default\">\n\t\t\t\t<div class=\"elementor-widget-container\">\n\t\t\t\t\t<h5 class=\"elementor-heading-title elementor-size-default\">F\u00e0brica de Farines<\/h5>\t\t\t\t<\/div>\n\t\t\t\t<\/div>\n\t\t\t\t<div class=\"elementor-element elementor-element-98abff2 elementor-widget elementor-widget-text-editor\" data-id=\"98abff2\" data-element_type=\"widget\" data-e-type=\"widget\" data-widget_type=\"text-editor.default\">\n\t\t\t\t<div class=\"elementor-widget-container\">\n\t\t\t\t\t\t\t\t\t<p>Seguint el recorregut, a l&#8217;<strong>avinguda La Rioja<\/strong>, davant del lateral del convent, trobarem un altre establiment agroindustrial, la <strong>F\u00e0brica de Harinas \u00c1ngel Azofra Solano, Daveiro, Henrici y Cia<\/strong> (<strong>21<\/strong>).<\/p>\t\t\t\t\t\t\t\t<\/div>\n\t\t\t\t<\/div>\n\t\t\t\t<div class=\"elementor-element elementor-element-19bea1e elementor-widget elementor-widget-image\" data-id=\"19bea1e\" data-element_type=\"widget\" data-e-type=\"widget\" data-widget_type=\"image.default\">\n\t\t\t\t<div class=\"elementor-widget-container\">\n\t\t\t\t\t\t\t\t\t\t\t\t<figure class=\"wp-caption\">\n\t\t\t\t\t\t\t\t\t\t<img loading=\"lazy\" decoding=\"async\" width=\"768\" height=\"512\" src=\"https:\/\/www.elturistatranquil.com\/wp-content\/uploads\/F95-Haro-La-Rioja.jpg\" class=\"attachment-large size-large wp-image-58508\" alt=\"Haro, La Rioja\" srcset=\"https:\/\/www.elturistatranquil.com\/wp-content\/uploads\/F95-Haro-La-Rioja.jpg 768w, https:\/\/www.elturistatranquil.com\/wp-content\/uploads\/F95-Haro-La-Rioja-339x226.jpg 339w\" sizes=\"(max-width: 768px) 100vw, 768px\" \/>\t\t\t\t\t\t\t\t\t\t\t<figcaption class=\"widget-image-caption wp-caption-text\"><\/figcaption>\n\t\t\t\t\t\t\t\t\t\t<\/figure>\n\t\t\t\t\t\t\t\t\t<\/div>\n\t\t\t\t<\/div>\n\t\t\t\t<div class=\"elementor-element elementor-element-a670a5d elementor-widget elementor-widget-text-editor\" data-id=\"a670a5d\" data-element_type=\"widget\" data-e-type=\"widget\" data-widget_type=\"text-editor.default\">\n\t\t\t\t<div class=\"elementor-widget-container\">\n\t\t\t\t\t\t\t\t\t<p>Al final del carrer s&#8217;arriba a la <strong>pla\u00e7a Marqu\u00e9s de Francos<\/strong>, una pla\u00e7a triangular allargada presidida al fons per la <strong>Bas\u00edlica de Nuestra Se\u00f1ora de la Vega<\/strong>.<\/p>\t\t\t\t\t\t\t\t<\/div>\n\t\t\t\t<\/div>\n\t\t\t\t<div class=\"elementor-element elementor-element-36e6012 elementor-widget elementor-widget-image\" data-id=\"36e6012\" data-element_type=\"widget\" data-e-type=\"widget\" data-widget_type=\"image.default\">\n\t\t\t\t<div class=\"elementor-widget-container\">\n\t\t\t\t\t\t\t\t\t\t\t\t<figure class=\"wp-caption\">\n\t\t\t\t\t\t\t\t\t\t<img loading=\"lazy\" decoding=\"async\" width=\"768\" height=\"511\" src=\"https:\/\/www.elturistatranquil.com\/wp-content\/uploads\/F96-Haro-La-Rioja.jpg\" class=\"attachment-large size-large wp-image-58510\" alt=\"Haro, La Rioja\" srcset=\"https:\/\/www.elturistatranquil.com\/wp-content\/uploads\/F96-Haro-La-Rioja.jpg 768w, https:\/\/www.elturistatranquil.com\/wp-content\/uploads\/F96-Haro-La-Rioja-339x226.jpg 339w\" sizes=\"(max-width: 768px) 100vw, 768px\" \/>\t\t\t\t\t\t\t\t\t\t\t<figcaption class=\"widget-image-caption wp-caption-text\"><\/figcaption>\n\t\t\t\t\t\t\t\t\t\t<\/figure>\n\t\t\t\t\t\t\t\t\t<\/div>\n\t\t\t\t<\/div>\n\t\t\t\t<div class=\"elementor-element elementor-element-3ecf9e5 elementor-widget elementor-widget-heading\" data-id=\"3ecf9e5\" data-element_type=\"widget\" data-e-type=\"widget\" data-widget_type=\"heading.default\">\n\t\t\t\t<div class=\"elementor-widget-container\">\n\t\t\t\t\t<h5 class=\"elementor-heading-title elementor-size-default\">Quiosc de m\u00fasica<\/h5>\t\t\t\t<\/div>\n\t\t\t\t<\/div>\n\t\t\t\t<div class=\"elementor-element elementor-element-e08a1f7 elementor-widget elementor-widget-text-editor\" data-id=\"e08a1f7\" data-element_type=\"widget\" data-e-type=\"widget\" data-widget_type=\"text-editor.default\">\n\t\t\t\t<div class=\"elementor-widget-container\">\n\t\t\t\t\t\t\t\t\t<p>Al fons de la pla\u00e7a s&#8217;al\u00e7a una sorprenent edificaci\u00f3 pel contrast est\u00e8tic amb l&#8217;arquitectura dominant a Haro i l&#8217;entorn immediat. Es tracta d\u00b4un <strong>quiosc de m\u00fasica i bar<\/strong> (<strong>22<\/strong>), obra de l\u00b4arquitecte municipal <em>Jos\u00e9 Luis L\u00f3pez d\u00b4Uralde Elorza<\/em> de l\u00b4any 1938.<\/p><p>Sobre un cos baix de planta circular seccionada per la part posterior, on ubicar el bar i serveis, s&#8217;aixeca un aeri cos superior que fa gala de la seva soluci\u00f3 estructural en volad\u00eds formada per una l\u00e0mina cont\u00ednua de formig\u00f3, pintada de blanc, per servir de protecci\u00f3 als m\u00fasics.<\/p>\t\t\t\t\t\t\t\t<\/div>\n\t\t\t\t<\/div>\n\t\t\t\t<div class=\"elementor-element elementor-element-89264e9 elementor-widget elementor-widget-image\" data-id=\"89264e9\" data-element_type=\"widget\" data-e-type=\"widget\" data-widget_type=\"image.default\">\n\t\t\t\t<div class=\"elementor-widget-container\">\n\t\t\t\t\t\t\t\t\t\t\t\t<figure class=\"wp-caption\">\n\t\t\t\t\t\t\t\t\t\t<img loading=\"lazy\" decoding=\"async\" width=\"768\" height=\"512\" src=\"https:\/\/www.elturistatranquil.com\/wp-content\/uploads\/F97-Haro-La-Rioja.jpg\" class=\"attachment-large size-large wp-image-58512\" alt=\"Haro, La Rioja\" srcset=\"https:\/\/www.elturistatranquil.com\/wp-content\/uploads\/F97-Haro-La-Rioja.jpg 768w, https:\/\/www.elturistatranquil.com\/wp-content\/uploads\/F97-Haro-La-Rioja-339x226.jpg 339w\" sizes=\"(max-width: 768px) 100vw, 768px\" \/>\t\t\t\t\t\t\t\t\t\t\t<figcaption class=\"widget-image-caption wp-caption-text\"><\/figcaption>\n\t\t\t\t\t\t\t\t\t\t<\/figure>\n\t\t\t\t\t\t\t\t\t<\/div>\n\t\t\t\t<\/div>\n\t\t\t\t<div class=\"elementor-element elementor-element-bf7e316 elementor-widget elementor-widget-heading\" data-id=\"bf7e316\" data-element_type=\"widget\" data-e-type=\"widget\" data-widget_type=\"heading.default\">\n\t\t\t\t<div class=\"elementor-widget-container\">\n\t\t\t\t\t<h4 class=\"elementor-heading-title elementor-size-default\">Bas\u00edlica de Nuestra Se\u00f1ora de la Vega. Museu de la Virgen de la Vega<\/h4>\t\t\t\t<\/div>\n\t\t\t\t<\/div>\n\t\t\t\t<div class=\"elementor-element elementor-element-196bfdd elementor-widget elementor-widget-text-editor\" data-id=\"196bfdd\" data-element_type=\"widget\" data-e-type=\"widget\" data-widget_type=\"text-editor.default\">\n\t\t\t\t<div class=\"elementor-widget-container\">\n\t\t\t\t\t\t\t\t\t<p>Darrere del quiosc sobresurt el temple barroc de la <strong>bas\u00edlica de Nuestra Se\u00f1ora de la Vega<\/strong> (<strong>23<\/strong>).<\/p>\t\t\t\t\t\t\t\t<\/div>\n\t\t\t\t<\/div>\n\t\t\t\t<div class=\"elementor-element elementor-element-6891ccf elementor-widget elementor-widget-image\" data-id=\"6891ccf\" data-element_type=\"widget\" data-e-type=\"widget\" data-widget_type=\"image.default\">\n\t\t\t\t<div class=\"elementor-widget-container\">\n\t\t\t\t\t\t\t\t\t\t\t\t<figure class=\"wp-caption\">\n\t\t\t\t\t\t\t\t\t\t<img loading=\"lazy\" decoding=\"async\" width=\"768\" height=\"511\" src=\"https:\/\/www.elturistatranquil.com\/wp-content\/uploads\/F98-Basilica-de-Nuestra-Senora-de-la-Vega-Haro-La-Rioja.jpg\" class=\"attachment-large size-large wp-image-58514\" alt=\"Bas\u00edlica de Nuestra Se\u00f1ora de la Vega, Haro, La Rioja\" srcset=\"https:\/\/www.elturistatranquil.com\/wp-content\/uploads\/F98-Basilica-de-Nuestra-Senora-de-la-Vega-Haro-La-Rioja.jpg 768w, https:\/\/www.elturistatranquil.com\/wp-content\/uploads\/F98-Basilica-de-Nuestra-Senora-de-la-Vega-Haro-La-Rioja-339x226.jpg 339w\" sizes=\"(max-width: 768px) 100vw, 768px\" \/>\t\t\t\t\t\t\t\t\t\t\t<figcaption class=\"widget-image-caption wp-caption-text\"><\/figcaption>\n\t\t\t\t\t\t\t\t\t\t<\/figure>\n\t\t\t\t\t\t\t\t\t<\/div>\n\t\t\t\t<\/div>\n\t\t\t\t<div class=\"elementor-element elementor-element-e3655a3 elementor-widget elementor-widget-text-editor\" data-id=\"e3655a3\" data-element_type=\"widget\" data-e-type=\"widget\" data-widget_type=\"text-editor.default\">\n\t\t\t\t<div class=\"elementor-widget-container\">\n\t\t\t\t\t\t\t\t\t<p>Al segle XI el lloc estava ocupat per un santuari, extramurs de la vila. La devoci\u00f3 per la verge de la Vega, patrona d&#8217;Haro juntament amb San Felices, va portar a la construcci\u00f3 d&#8217;un nou temple al segle XVII, engrandint-lo entre 1703 i 1731, quedant com es coneix.<\/p><p>L&#8217;edifici del temple en sentit estricte \u00e9s rectangular, si b\u00e9 el tram frontal de l&#8217;absis, alhora que en redueix l&#8217;al\u00e7ada, sobresurt pel costat de l&#8217;evangeli. S&#8217;hi observa quatre \u00f2culs circulars i una petita espadanya per a una campana al centre.<\/p><p>Sobre el creuer, sobresurt un cimbori octogonal amb una finestra rectangular d&#8217;il\u00b7luminaci\u00f3 per banda. La coberta de teula est\u00e0 remada amb una agulla amb penell.<\/p><p>El resultat final va ser una construcci\u00f3 en carreuat, ma\u00e7oneria i ma\u00f3.<\/p>\t\t\t\t\t\t\t\t<\/div>\n\t\t\t\t<\/div>\n\t\t\t\t<div class=\"elementor-element elementor-element-b4e45a9 elementor-widget elementor-widget-image\" data-id=\"b4e45a9\" data-element_type=\"widget\" data-e-type=\"widget\" data-widget_type=\"image.default\">\n\t\t\t\t<div class=\"elementor-widget-container\">\n\t\t\t\t\t\t\t\t\t\t\t\t<figure class=\"wp-caption\">\n\t\t\t\t\t\t\t\t\t\t<img loading=\"lazy\" decoding=\"async\" width=\"768\" height=\"512\" src=\"https:\/\/www.elturistatranquil.com\/wp-content\/uploads\/F99-Basilica-de-Nuestra-Senora-de-la-Vega-Haro-La-Rioja-Google-maps-2025-05-05.jpg\" class=\"attachment-large size-large wp-image-58516\" alt=\"Bas\u00edlica de Nuestra Se\u00f1ora de la Vega, Haro, La Rioja\" srcset=\"https:\/\/www.elturistatranquil.com\/wp-content\/uploads\/F99-Basilica-de-Nuestra-Senora-de-la-Vega-Haro-La-Rioja-Google-maps-2025-05-05.jpg 768w, https:\/\/www.elturistatranquil.com\/wp-content\/uploads\/F99-Basilica-de-Nuestra-Senora-de-la-Vega-Haro-La-Rioja-Google-maps-2025-05-05-339x226.jpg 339w\" sizes=\"(max-width: 768px) 100vw, 768px\" \/>\t\t\t\t\t\t\t\t\t\t\t<figcaption class=\"widget-image-caption wp-caption-text\">(Google maps 2025-05-05)<\/figcaption>\n\t\t\t\t\t\t\t\t\t\t<\/figure>\n\t\t\t\t\t\t\t\t\t<\/div>\n\t\t\t\t<\/div>\n\t\t\t\t<div class=\"elementor-element elementor-element-7d0d4da elementor-widget elementor-widget-image\" data-id=\"7d0d4da\" data-element_type=\"widget\" data-e-type=\"widget\" data-widget_type=\"image.default\">\n\t\t\t\t<div class=\"elementor-widget-container\">\n\t\t\t\t\t\t\t\t\t\t\t\t<figure class=\"wp-caption\">\n\t\t\t\t\t\t\t\t\t\t<img loading=\"lazy\" decoding=\"async\" width=\"768\" height=\"512\" src=\"https:\/\/www.elturistatranquil.com\/wp-content\/uploads\/F100-Basilica-de-Nuestra-Senora-de-la-Vega-Haro-La-Rioja.jpg\" class=\"attachment-large size-large wp-image-58518\" alt=\"Bas\u00edlica de Nuestra Se\u00f1ora de la Vega, Haro, La Rioja\" srcset=\"https:\/\/www.elturistatranquil.com\/wp-content\/uploads\/F100-Basilica-de-Nuestra-Senora-de-la-Vega-Haro-La-Rioja.jpg 768w, https:\/\/www.elturistatranquil.com\/wp-content\/uploads\/F100-Basilica-de-Nuestra-Senora-de-la-Vega-Haro-La-Rioja-339x226.jpg 339w\" sizes=\"(max-width: 768px) 100vw, 768px\" \/>\t\t\t\t\t\t\t\t\t\t\t<figcaption class=\"widget-image-caption wp-caption-text\"><\/figcaption>\n\t\t\t\t\t\t\t\t\t\t<\/figure>\n\t\t\t\t\t\t\t\t\t<\/div>\n\t\t\t\t<\/div>\n\t\t\t\t<div class=\"elementor-element elementor-element-c06e659 elementor-widget elementor-widget-text-editor\" data-id=\"c06e659\" data-element_type=\"widget\" data-e-type=\"widget\" data-widget_type=\"text-editor.default\">\n\t\t\t\t<div class=\"elementor-widget-container\">\n\t\t\t\t\t\t\t\t\t<p>Pels peus hi ha incorporada una construcci\u00f3 que perllonga el cos i l&#8217;entrada lateral del costat de l&#8217;ep\u00edstola. Es tracta de l&#8217;anomenada <strong>casa de l&#8217;ermit\u00e0, el Museu de la Vega<\/strong>.<\/p>\t\t\t\t\t\t\t\t<\/div>\n\t\t\t\t<\/div>\n\t\t\t\t<div class=\"elementor-element elementor-element-4839593 elementor-widget elementor-widget-image\" data-id=\"4839593\" data-element_type=\"widget\" data-e-type=\"widget\" data-widget_type=\"image.default\">\n\t\t\t\t<div class=\"elementor-widget-container\">\n\t\t\t\t\t\t\t\t\t\t\t\t<figure class=\"wp-caption\">\n\t\t\t\t\t\t\t\t\t\t<img loading=\"lazy\" decoding=\"async\" width=\"768\" height=\"511\" src=\"https:\/\/www.elturistatranquil.com\/wp-content\/uploads\/F101-Basilica-de-Nuestra-Senora-de-la-Vega-Haro-La-Rioja.jpg\" class=\"attachment-large size-large wp-image-58520\" alt=\"Bas\u00edlica de Nuestra Se\u00f1ora de la Vega, Haro, La Rioja\" srcset=\"https:\/\/www.elturistatranquil.com\/wp-content\/uploads\/F101-Basilica-de-Nuestra-Senora-de-la-Vega-Haro-La-Rioja.jpg 768w, https:\/\/www.elturistatranquil.com\/wp-content\/uploads\/F101-Basilica-de-Nuestra-Senora-de-la-Vega-Haro-La-Rioja-339x226.jpg 339w\" sizes=\"(max-width: 768px) 100vw, 768px\" \/>\t\t\t\t\t\t\t\t\t\t\t<figcaption class=\"widget-image-caption wp-caption-text\"><\/figcaption>\n\t\t\t\t\t\t\t\t\t\t<\/figure>\n\t\t\t\t\t\t\t\t\t<\/div>\n\t\t\t\t<\/div>\n\t\t\t\t<div class=\"elementor-element elementor-element-655bbed elementor-widget elementor-widget-image\" data-id=\"655bbed\" data-element_type=\"widget\" data-e-type=\"widget\" data-widget_type=\"image.default\">\n\t\t\t\t<div class=\"elementor-widget-container\">\n\t\t\t\t\t\t\t\t\t\t\t\t<figure class=\"wp-caption\">\n\t\t\t\t\t\t\t\t\t\t<img loading=\"lazy\" decoding=\"async\" width=\"768\" height=\"512\" src=\"https:\/\/www.elturistatranquil.com\/wp-content\/uploads\/F102-Basilica-de-Nuestra-Senora-de-la-Vega-Haro-La-Rioja.jpg\" class=\"attachment-large size-large wp-image-58522\" alt=\"Bas\u00edlica de Nuestra Se\u00f1ora de la Vega, Haro, La Rioja\" srcset=\"https:\/\/www.elturistatranquil.com\/wp-content\/uploads\/F102-Basilica-de-Nuestra-Senora-de-la-Vega-Haro-La-Rioja.jpg 768w, https:\/\/www.elturistatranquil.com\/wp-content\/uploads\/F102-Basilica-de-Nuestra-Senora-de-la-Vega-Haro-La-Rioja-339x226.jpg 339w\" sizes=\"(max-width: 768px) 100vw, 768px\" \/>\t\t\t\t\t\t\t\t\t\t\t<figcaption class=\"widget-image-caption wp-caption-text\"><\/figcaption>\n\t\t\t\t\t\t\t\t\t\t<\/figure>\n\t\t\t\t\t\t\t\t\t<\/div>\n\t\t\t\t<\/div>\n\t\t\t\t<div class=\"elementor-element elementor-element-6f5c71c elementor-widget elementor-widget-text-editor\" data-id=\"6f5c71c\" data-element_type=\"widget\" data-e-type=\"widget\" data-widget_type=\"text-editor.default\">\n\t\t\t\t<div class=\"elementor-widget-container\">\n\t\t\t\t\t\t\t\t\t<p>Posseeix dues entrades, una per cada costat situades al tercer tram. La del costat de l\u00b4evangeli, que dona directament a l\u2019exterior, \u00e9s una portada neocl\u00e0ssica amb arc de mig punt, pilastres i front\u00f3 de volutes.<\/p>\t\t\t\t\t\t\t\t<\/div>\n\t\t\t\t<\/div>\n\t\t\t\t<div class=\"elementor-element elementor-element-2e77d79 elementor-widget elementor-widget-image\" data-id=\"2e77d79\" data-element_type=\"widget\" data-e-type=\"widget\" data-widget_type=\"image.default\">\n\t\t\t\t<div class=\"elementor-widget-container\">\n\t\t\t\t\t\t\t\t\t\t\t\t<figure class=\"wp-caption\">\n\t\t\t\t\t\t\t\t\t\t<img loading=\"lazy\" decoding=\"async\" width=\"768\" height=\"512\" src=\"https:\/\/www.elturistatranquil.com\/wp-content\/uploads\/F103-Basilica-de-Nuestra-Senora-de-la-Vega-Haro-La-Rioja.jpg\" class=\"attachment-large size-large wp-image-58524\" alt=\"Bas\u00edlica de Nuestra Se\u00f1ora de la Vega, Haro, La Rioja\" srcset=\"https:\/\/www.elturistatranquil.com\/wp-content\/uploads\/F103-Basilica-de-Nuestra-Senora-de-la-Vega-Haro-La-Rioja.jpg 768w, https:\/\/www.elturistatranquil.com\/wp-content\/uploads\/F103-Basilica-de-Nuestra-Senora-de-la-Vega-Haro-La-Rioja-339x226.jpg 339w\" sizes=\"(max-width: 768px) 100vw, 768px\" \/>\t\t\t\t\t\t\t\t\t\t\t<figcaption class=\"widget-image-caption wp-caption-text\"><\/figcaption>\n\t\t\t\t\t\t\t\t\t\t<\/figure>\n\t\t\t\t\t\t\t\t\t<\/div>\n\t\t\t\t<\/div>\n\t\t\t\t<div class=\"elementor-element elementor-element-66c72d1 elementor-widget elementor-widget-text-editor\" data-id=\"66c72d1\" data-element_type=\"widget\" data-e-type=\"widget\" data-widget_type=\"text-editor.default\">\n\t\t\t\t<div class=\"elementor-widget-container\">\n\t\t\t\t\t\t\t\t\t<p>Mentre que l&#8217;entrada pel costat de l&#8217;ep\u00edstola, que fa les funcions d&#8217;entrada principal, ho fa a trav\u00e9s d&#8217;un vest\u00edbul que sobresurt per aquest costat a trav\u00e9s d&#8217;una gran obertura d&#8217;arc de mig punt que emmarca una portada renaixentista, amb una espadanya de tres campanes.<\/p>\t\t\t\t\t\t\t\t<\/div>\n\t\t\t\t<\/div>\n\t\t\t\t<div class=\"elementor-element elementor-element-b5702c1 elementor-widget elementor-widget-image\" data-id=\"b5702c1\" data-element_type=\"widget\" data-e-type=\"widget\" data-widget_type=\"image.default\">\n\t\t\t\t<div class=\"elementor-widget-container\">\n\t\t\t\t\t\t\t\t\t\t\t\t<figure class=\"wp-caption\">\n\t\t\t\t\t\t\t\t\t\t<img loading=\"lazy\" decoding=\"async\" width=\"768\" height=\"512\" src=\"https:\/\/www.elturistatranquil.com\/wp-content\/uploads\/F104-Basilica-de-Nuestra-Senora-de-la-Vega-Haro-La-Rioja.jpg\" class=\"attachment-large size-large wp-image-58526\" alt=\"Bas\u00edlica de Nuestra Se\u00f1ora de la Vega, Haro, La Rioja\" srcset=\"https:\/\/www.elturistatranquil.com\/wp-content\/uploads\/F104-Basilica-de-Nuestra-Senora-de-la-Vega-Haro-La-Rioja.jpg 768w, https:\/\/www.elturistatranquil.com\/wp-content\/uploads\/F104-Basilica-de-Nuestra-Senora-de-la-Vega-Haro-La-Rioja-339x226.jpg 339w\" sizes=\"(max-width: 768px) 100vw, 768px\" \/>\t\t\t\t\t\t\t\t\t\t\t<figcaption class=\"widget-image-caption wp-caption-text\"><\/figcaption>\n\t\t\t\t\t\t\t\t\t\t<\/figure>\n\t\t\t\t\t\t\t\t\t<\/div>\n\t\t\t\t<\/div>\n\t\t\t\t<div class=\"elementor-element elementor-element-be3706f elementor-widget elementor-widget-image\" data-id=\"be3706f\" data-element_type=\"widget\" data-e-type=\"widget\" data-widget_type=\"image.default\">\n\t\t\t\t<div class=\"elementor-widget-container\">\n\t\t\t\t\t\t\t\t\t\t\t\t<figure class=\"wp-caption\">\n\t\t\t\t\t\t\t\t\t\t<img loading=\"lazy\" decoding=\"async\" width=\"768\" height=\"511\" src=\"https:\/\/www.elturistatranquil.com\/wp-content\/uploads\/F105-Basilica-de-Nuestra-Senora-de-la-Vega-Haro-La-Rioja.jpg\" class=\"attachment-large size-large wp-image-58528\" alt=\"Bas\u00edlica de Nuestra Se\u00f1ora de la Vega, Haro, La Rioja\" srcset=\"https:\/\/www.elturistatranquil.com\/wp-content\/uploads\/F105-Basilica-de-Nuestra-Senora-de-la-Vega-Haro-La-Rioja.jpg 768w, https:\/\/www.elturistatranquil.com\/wp-content\/uploads\/F105-Basilica-de-Nuestra-Senora-de-la-Vega-Haro-La-Rioja-339x226.jpg 339w\" sizes=\"(max-width: 768px) 100vw, 768px\" \/>\t\t\t\t\t\t\t\t\t\t\t<figcaption class=\"widget-image-caption wp-caption-text\"><\/figcaption>\n\t\t\t\t\t\t\t\t\t\t<\/figure>\n\t\t\t\t\t\t\t\t\t<\/div>\n\t\t\t\t<\/div>\n\t\t\t\t<div class=\"elementor-element elementor-element-b190e71 elementor-widget elementor-widget-text-editor\" data-id=\"b190e71\" data-element_type=\"widget\" data-e-type=\"widget\" data-widget_type=\"text-editor.default\">\n\t\t\t\t<div class=\"elementor-widget-container\">\n\t\t\t\t\t\t\t\t\t<p>L&#8217;interior \u00e9s el m\u00e9s rellevant del temple, especialment el retaule major i la c\u00fapula.<\/p><p>La planta rectangular est\u00e0 formada per una nau central molt ampla en relaci\u00f3 amb les dues laterals, i quatre trams \u2013l&#8217;\u00faltim dividit en dos\u2013, amb creuer i cap\u00e7alera rectangular.<\/p><p>El retaule major est\u00e0 situat al centre de la cap\u00e7alera rectangular, deixant per la part posterior una mena de capella-cambril per acostar-se a la Mare de D\u00e9u per la part posterior.<\/p><p>Els suports del temple s\u00f3n arcs de mig punt separats per pilastres cruciformes cor\u00ednties i toscanes, i les cobertes, volta d&#8217;arestes a la nau central, volta de llunetes o can\u00f3 longitudinal a la cap\u00e7alera, naus laterals i bra\u00e7os del creuer, i c\u00fapula amb llanterna sobre el creuer.<\/p><p>Al llarg de cada lateral, al nivell de base dels arcs de la coberta est\u00e0 recorregut per un balc\u00f3 corregut adaptat al tra\u00e7at amb barana met\u00e0l\u00b7lica. Element poc corrent en aquest tipus de construccions.<\/p>\t\t\t\t\t\t\t\t<\/div>\n\t\t\t\t<\/div>\n\t\t\t\t<div class=\"elementor-element elementor-element-abd91ce elementor-widget elementor-widget-image\" data-id=\"abd91ce\" data-element_type=\"widget\" data-e-type=\"widget\" data-widget_type=\"image.default\">\n\t\t\t\t<div class=\"elementor-widget-container\">\n\t\t\t\t\t\t\t\t\t\t\t\t<figure class=\"wp-caption\">\n\t\t\t\t\t\t\t\t\t\t<img loading=\"lazy\" decoding=\"async\" width=\"768\" height=\"512\" src=\"https:\/\/www.elturistatranquil.com\/wp-content\/uploads\/F106-Basilica-de-Nuestra-Senora-de-la-Vega-Haro-La-Rioja.jpg\" class=\"attachment-large size-large wp-image-58530\" alt=\"Bas\u00edlica de Nuestra Se\u00f1ora de la Vega, Haro, La Rioja\" srcset=\"https:\/\/www.elturistatranquil.com\/wp-content\/uploads\/F106-Basilica-de-Nuestra-Senora-de-la-Vega-Haro-La-Rioja.jpg 768w, https:\/\/www.elturistatranquil.com\/wp-content\/uploads\/F106-Basilica-de-Nuestra-Senora-de-la-Vega-Haro-La-Rioja-339x226.jpg 339w\" sizes=\"(max-width: 768px) 100vw, 768px\" \/>\t\t\t\t\t\t\t\t\t\t\t<figcaption class=\"widget-image-caption wp-caption-text\"><\/figcaption>\n\t\t\t\t\t\t\t\t\t\t<\/figure>\n\t\t\t\t\t\t\t\t\t<\/div>\n\t\t\t\t<\/div>\n\t\t\t\t<div class=\"elementor-element elementor-element-7f89a5c elementor-widget elementor-widget-text-editor\" data-id=\"7f89a5c\" data-element_type=\"widget\" data-e-type=\"widget\" data-widget_type=\"text-editor.default\">\n\t\t\t\t<div class=\"elementor-widget-container\">\n\t\t\t\t\t\t\t\t\t<p>El retaule major barroc \u00e9s de mitjans segle XVIII. Compost per un banc, cos principal i \u00e0tic semicircular com a remat. Al centre, dins d&#8217;una obertura amb arc de mig punt, la imatge g\u00f2tica de la Verge de la Vega. L&#8217;\u00f2cul que s&#8217;obre darrere de la Mare de D\u00e9u \u00e9s de gran efecte escenogr\u00e0fic en proporcionar un focus de llum que ressalta la silueta de la imatge a trav\u00e9s del va. \u00c9s un exemple de presentaci\u00f3 escenogr\u00e0fica pr\u00f2pia del barroc.<\/p>\t\t\t\t\t\t\t\t<\/div>\n\t\t\t\t<\/div>\n\t\t\t\t<div class=\"elementor-element elementor-element-d04f26c elementor-widget elementor-widget-image\" data-id=\"d04f26c\" data-element_type=\"widget\" data-e-type=\"widget\" data-widget_type=\"image.default\">\n\t\t\t\t<div class=\"elementor-widget-container\">\n\t\t\t\t\t\t\t\t\t\t\t\t<figure class=\"wp-caption\">\n\t\t\t\t\t\t\t\t\t\t<img loading=\"lazy\" decoding=\"async\" width=\"768\" height=\"512\" src=\"https:\/\/www.elturistatranquil.com\/wp-content\/uploads\/F108-Basilica-de-Nuestra-Senora-de-la-Vega-Haro-La-Rioja.jpg\" class=\"attachment-large size-large wp-image-58532\" alt=\"Bas\u00edlica de Nuestra Se\u00f1ora de la Vega, Haro, La Rioja\" srcset=\"https:\/\/www.elturistatranquil.com\/wp-content\/uploads\/F108-Basilica-de-Nuestra-Senora-de-la-Vega-Haro-La-Rioja.jpg 768w, https:\/\/www.elturistatranquil.com\/wp-content\/uploads\/F108-Basilica-de-Nuestra-Senora-de-la-Vega-Haro-La-Rioja-339x226.jpg 339w\" sizes=\"(max-width: 768px) 100vw, 768px\" \/>\t\t\t\t\t\t\t\t\t\t\t<figcaption class=\"widget-image-caption wp-caption-text\"><\/figcaption>\n\t\t\t\t\t\t\t\t\t\t<\/figure>\n\t\t\t\t\t\t\t\t\t<\/div>\n\t\t\t\t<\/div>\n\t\t\t\t<div class=\"elementor-element elementor-element-ee4f81f elementor-widget elementor-widget-text-editor\" data-id=\"ee4f81f\" data-element_type=\"widget\" data-e-type=\"widget\" data-widget_type=\"text-editor.default\">\n\t\t\t\t<div class=\"elementor-widget-container\">\n\t\t\t\t\t\t\t\t\t<p>La <strong>Verge de la Vega<\/strong> \u00e9s una talla policromada de fusta d&#8217;estil g\u00f2tic del segle XIV representada en posici\u00f3 sedent amb el Nen a la falda esquerra.<\/p>\t\t\t\t\t\t\t\t<\/div>\n\t\t\t\t<\/div>\n\t\t\t\t<div class=\"elementor-element elementor-element-7e1d96e elementor-widget elementor-widget-image\" data-id=\"7e1d96e\" data-element_type=\"widget\" data-e-type=\"widget\" data-widget_type=\"image.default\">\n\t\t\t\t<div class=\"elementor-widget-container\">\n\t\t\t\t\t\t\t\t\t\t\t\t<figure class=\"wp-caption\">\n\t\t\t\t\t\t\t\t\t\t<img loading=\"lazy\" decoding=\"async\" width=\"768\" height=\"512\" src=\"https:\/\/www.elturistatranquil.com\/wp-content\/uploads\/F109-Basilica-de-Nuestra-Senora-de-la-Vega-Haro-La-Rioja.jpg\" class=\"attachment-large size-large wp-image-58534\" alt=\"Bas\u00edlica de Nuestra Se\u00f1ora de la Vega, Haro, La Rioja\" srcset=\"https:\/\/www.elturistatranquil.com\/wp-content\/uploads\/F109-Basilica-de-Nuestra-Senora-de-la-Vega-Haro-La-Rioja.jpg 768w, https:\/\/www.elturistatranquil.com\/wp-content\/uploads\/F109-Basilica-de-Nuestra-Senora-de-la-Vega-Haro-La-Rioja-339x226.jpg 339w\" sizes=\"(max-width: 768px) 100vw, 768px\" \/>\t\t\t\t\t\t\t\t\t\t\t<figcaption class=\"widget-image-caption wp-caption-text\"><\/figcaption>\n\t\t\t\t\t\t\t\t\t\t<\/figure>\n\t\t\t\t\t\t\t\t\t<\/div>\n\t\t\t\t<\/div>\n\t\t\t\t<div class=\"elementor-element elementor-element-b5de453 elementor-widget elementor-widget-text-editor\" data-id=\"b5de453\" data-element_type=\"widget\" data-e-type=\"widget\" data-widget_type=\"text-editor.default\">\n\t\t\t\t<div class=\"elementor-widget-container\">\n\t\t\t\t\t\t\t\t\t<p>En els dos darrers semi trams un cor elevat amb l&#8217;orgue.<\/p>\t\t\t\t\t\t\t\t<\/div>\n\t\t\t\t<\/div>\n\t\t\t\t<div class=\"elementor-element elementor-element-2724396 elementor-widget elementor-widget-image\" data-id=\"2724396\" data-element_type=\"widget\" data-e-type=\"widget\" data-widget_type=\"image.default\">\n\t\t\t\t<div class=\"elementor-widget-container\">\n\t\t\t\t\t\t\t\t\t\t\t\t<figure class=\"wp-caption\">\n\t\t\t\t\t\t\t\t\t\t<img loading=\"lazy\" decoding=\"async\" width=\"768\" height=\"512\" src=\"https:\/\/www.elturistatranquil.com\/wp-content\/uploads\/F110-Basilica-de-Nuestra-Senora-de-la-Vega-Haro-La-Rioja.jpg\" class=\"attachment-large size-large wp-image-58539\" alt=\"Bas\u00edlica de Nuestra Se\u00f1ora de la Vega, Haro, La Rioja\" srcset=\"https:\/\/www.elturistatranquil.com\/wp-content\/uploads\/F110-Basilica-de-Nuestra-Senora-de-la-Vega-Haro-La-Rioja.jpg 768w, https:\/\/www.elturistatranquil.com\/wp-content\/uploads\/F110-Basilica-de-Nuestra-Senora-de-la-Vega-Haro-La-Rioja-339x226.jpg 339w\" sizes=\"(max-width: 768px) 100vw, 768px\" \/>\t\t\t\t\t\t\t\t\t\t\t<figcaption class=\"widget-image-caption wp-caption-text\"><\/figcaption>\n\t\t\t\t\t\t\t\t\t\t<\/figure>\n\t\t\t\t\t\t\t\t\t<\/div>\n\t\t\t\t<\/div>\n\t\t\t\t<div class=\"elementor-element elementor-element-2150112 elementor-widget elementor-widget-text-editor\" data-id=\"2150112\" data-element_type=\"widget\" data-e-type=\"widget\" data-widget_type=\"text-editor.default\">\n\t\t\t\t<div class=\"elementor-widget-container\">\n\t\t\t\t\t\t\t\t\t<p>Pintures del cor de <em>Crist\u00f3bal de Villanueva<\/em> de 1838.<\/p>\t\t\t\t\t\t\t\t<\/div>\n\t\t\t\t<\/div>\n\t\t\t\t<div class=\"elementor-element elementor-element-874573c elementor-widget elementor-widget-image\" data-id=\"874573c\" data-element_type=\"widget\" data-e-type=\"widget\" data-widget_type=\"image.default\">\n\t\t\t\t<div class=\"elementor-widget-container\">\n\t\t\t\t\t\t\t\t\t\t\t\t<figure class=\"wp-caption\">\n\t\t\t\t\t\t\t\t\t\t<img loading=\"lazy\" decoding=\"async\" width=\"768\" height=\"512\" src=\"https:\/\/www.elturistatranquil.com\/wp-content\/uploads\/F111-Basilica-de-Nuestra-Senora-de-la-Vega-Haro-La-Rioja.jpg\" class=\"attachment-large size-large wp-image-58541\" alt=\"Bas\u00edlica de Nuestra Se\u00f1ora de la Vega, Haro, La Rioja\" srcset=\"https:\/\/www.elturistatranquil.com\/wp-content\/uploads\/F111-Basilica-de-Nuestra-Senora-de-la-Vega-Haro-La-Rioja.jpg 768w, https:\/\/www.elturistatranquil.com\/wp-content\/uploads\/F111-Basilica-de-Nuestra-Senora-de-la-Vega-Haro-La-Rioja-339x226.jpg 339w\" sizes=\"(max-width: 768px) 100vw, 768px\" \/>\t\t\t\t\t\t\t\t\t\t\t<figcaption class=\"widget-image-caption wp-caption-text\"><\/figcaption>\n\t\t\t\t\t\t\t\t\t\t<\/figure>\n\t\t\t\t\t\t\t\t\t<\/div>\n\t\t\t\t<\/div>\n\t\t\t\t<div class=\"elementor-element elementor-element-35f2147 elementor-widget elementor-widget-text-editor\" data-id=\"35f2147\" data-element_type=\"widget\" data-e-type=\"widget\" data-widget_type=\"text-editor.default\">\n\t\t\t\t<div class=\"elementor-widget-container\">\n\t\t\t\t\t\t\t\t\t<p>Les pintures murals de la capella major i creuer s\u00f3n barroques de mitjans del XVIII realitzades per <em>Francisco del Plano<\/em> (1727), i les de la c\u00fapula del creuer per <em>Francisco Zorrilla<\/em> (1745).<\/p>\t\t\t\t\t\t\t\t<\/div>\n\t\t\t\t<\/div>\n\t\t\t\t<div class=\"elementor-element elementor-element-c44c508 elementor-widget elementor-widget-image\" data-id=\"c44c508\" data-element_type=\"widget\" data-e-type=\"widget\" data-widget_type=\"image.default\">\n\t\t\t\t<div class=\"elementor-widget-container\">\n\t\t\t\t\t\t\t\t\t\t\t\t<figure class=\"wp-caption\">\n\t\t\t\t\t\t\t\t\t\t<img loading=\"lazy\" decoding=\"async\" width=\"768\" height=\"512\" src=\"https:\/\/www.elturistatranquil.com\/wp-content\/uploads\/F113-Basilica-de-Nuestra-Senora-de-la-Vega-Haro-La-Rioja.jpg\" class=\"attachment-large size-large wp-image-58545\" alt=\"Bas\u00edlica de Nuestra Se\u00f1ora de la Vega, Haro, La Rioja\" srcset=\"https:\/\/www.elturistatranquil.com\/wp-content\/uploads\/F113-Basilica-de-Nuestra-Senora-de-la-Vega-Haro-La-Rioja.jpg 768w, https:\/\/www.elturistatranquil.com\/wp-content\/uploads\/F113-Basilica-de-Nuestra-Senora-de-la-Vega-Haro-La-Rioja-339x226.jpg 339w\" sizes=\"(max-width: 768px) 100vw, 768px\" \/>\t\t\t\t\t\t\t\t\t\t\t<figcaption class=\"widget-image-caption wp-caption-text\"><\/figcaption>\n\t\t\t\t\t\t\t\t\t\t<\/figure>\n\t\t\t\t\t\t\t\t\t<\/div>\n\t\t\t\t<\/div>\n\t\t\t\t<div class=\"elementor-element elementor-element-6895118 elementor-widget elementor-widget-image\" data-id=\"6895118\" data-element_type=\"widget\" data-e-type=\"widget\" data-widget_type=\"image.default\">\n\t\t\t\t<div class=\"elementor-widget-container\">\n\t\t\t\t\t\t\t\t\t\t\t\t<figure class=\"wp-caption\">\n\t\t\t\t\t\t\t\t\t\t<img loading=\"lazy\" decoding=\"async\" width=\"768\" height=\"512\" src=\"https:\/\/www.elturistatranquil.com\/wp-content\/uploads\/F112-Basilica-de-Nuestra-Senora-de-la-Vega-Haro-La-Rioja.jpg\" class=\"attachment-large size-large wp-image-58543\" alt=\"Bas\u00edlica de Nuestra Se\u00f1ora de la Vega, Haro, La Rioja\" srcset=\"https:\/\/www.elturistatranquil.com\/wp-content\/uploads\/F112-Basilica-de-Nuestra-Senora-de-la-Vega-Haro-La-Rioja.jpg 768w, https:\/\/www.elturistatranquil.com\/wp-content\/uploads\/F112-Basilica-de-Nuestra-Senora-de-la-Vega-Haro-La-Rioja-339x226.jpg 339w\" sizes=\"(max-width: 768px) 100vw, 768px\" \/>\t\t\t\t\t\t\t\t\t\t\t<figcaption class=\"widget-image-caption wp-caption-text\"><\/figcaption>\n\t\t\t\t\t\t\t\t\t\t<\/figure>\n\t\t\t\t\t\t\t\t\t<\/div>\n\t\t\t\t<\/div>\n\t\t\t\t<div class=\"elementor-element elementor-element-dbc8cd6 elementor-widget elementor-widget-text-editor\" data-id=\"dbc8cd6\" data-element_type=\"widget\" data-e-type=\"widget\" data-widget_type=\"text-editor.default\">\n\t\t\t\t<div class=\"elementor-widget-container\">\n\t\t\t\t\t\t\t\t\t<p>Per la resta de l\u2019edifici es prodiguen les pintures murals.<\/p>\t\t\t\t\t\t\t\t<\/div>\n\t\t\t\t<\/div>\n\t\t\t\t<div class=\"elementor-element elementor-element-82dc8de elementor-widget elementor-widget-image\" data-id=\"82dc8de\" data-element_type=\"widget\" data-e-type=\"widget\" data-widget_type=\"image.default\">\n\t\t\t\t<div class=\"elementor-widget-container\">\n\t\t\t\t\t\t\t\t\t\t\t\t<figure class=\"wp-caption\">\n\t\t\t\t\t\t\t\t\t\t<img loading=\"lazy\" decoding=\"async\" width=\"768\" height=\"512\" src=\"https:\/\/www.elturistatranquil.com\/wp-content\/uploads\/F114-Basilica-de-Nuestra-Senora-de-la-Vega-Haro-La-Rioja.jpg\" class=\"attachment-large size-large wp-image-58547\" alt=\"Bas\u00edlica de Nuestra Se\u00f1ora de la Vega, Haro, La Rioja\" srcset=\"https:\/\/www.elturistatranquil.com\/wp-content\/uploads\/F114-Basilica-de-Nuestra-Senora-de-la-Vega-Haro-La-Rioja.jpg 768w, https:\/\/www.elturistatranquil.com\/wp-content\/uploads\/F114-Basilica-de-Nuestra-Senora-de-la-Vega-Haro-La-Rioja-339x226.jpg 339w\" sizes=\"(max-width: 768px) 100vw, 768px\" \/>\t\t\t\t\t\t\t\t\t\t\t<figcaption class=\"widget-image-caption wp-caption-text\"><\/figcaption>\n\t\t\t\t\t\t\t\t\t\t<\/figure>\n\t\t\t\t\t\t\t\t\t<\/div>\n\t\t\t\t<\/div>\n\t\t\t\t<div class=\"elementor-element elementor-element-0ff66d2 elementor-widget elementor-widget-image\" data-id=\"0ff66d2\" data-element_type=\"widget\" data-e-type=\"widget\" data-widget_type=\"image.default\">\n\t\t\t\t<div class=\"elementor-widget-container\">\n\t\t\t\t\t\t\t\t\t\t\t\t<figure class=\"wp-caption\">\n\t\t\t\t\t\t\t\t\t\t<img loading=\"lazy\" decoding=\"async\" width=\"768\" height=\"512\" src=\"https:\/\/www.elturistatranquil.com\/wp-content\/uploads\/F115-Basilica-de-Nuestra-Senora-de-la-Vega-Haro-La-Rioja.jpg\" class=\"attachment-large size-large wp-image-58549\" alt=\"Bas\u00edlica de Nuestra Se\u00f1ora de la Vega, Haro, La Rioja\" srcset=\"https:\/\/www.elturistatranquil.com\/wp-content\/uploads\/F115-Basilica-de-Nuestra-Senora-de-la-Vega-Haro-La-Rioja.jpg 768w, https:\/\/www.elturistatranquil.com\/wp-content\/uploads\/F115-Basilica-de-Nuestra-Senora-de-la-Vega-Haro-La-Rioja-339x226.jpg 339w\" sizes=\"(max-width: 768px) 100vw, 768px\" \/>\t\t\t\t\t\t\t\t\t\t\t<figcaption class=\"widget-image-caption wp-caption-text\"><\/figcaption>\n\t\t\t\t\t\t\t\t\t\t<\/figure>\n\t\t\t\t\t\t\t\t\t<\/div>\n\t\t\t\t<\/div>\n\t\t\t\t<div class=\"elementor-element elementor-element-e61c996 elementor-widget elementor-widget-heading\" data-id=\"e61c996\" data-element_type=\"widget\" data-e-type=\"widget\" data-widget_type=\"heading.default\">\n\t\t\t\t<div class=\"elementor-widget-container\">\n\t\t\t\t\t<h3 class=\"elementor-heading-title elementor-size-default\">Carrer de la Vega-Pla\u00e7a Marqu\u00e9s de Francos \/ c. Tir\u00f3n \/ Avda. Ingenieros del Ministerio de Obras P\u00fablica \/ calleja San Roque \/ c. de la Vega<\/h3>\t\t\t\t<\/div>\n\t\t\t\t<\/div>\n\t\t\t\t<div class=\"elementor-element elementor-element-aa246ec elementor-widget elementor-widget-text-editor\" data-id=\"aa246ec\" data-element_type=\"widget\" data-e-type=\"widget\" data-widget_type=\"text-editor.default\">\n\t\t\t\t<div class=\"elementor-widget-container\">\n\t\t\t\t\t\t\t\t\t<p>Tornem pel carrer de la Vega-Pla\u00e7a Marqu\u00e8s de Francos fins a enlla\u00e7ar amb el <strong>carrer Tir\u00f3n<\/strong> i la cantonada amb l&#8217; <strong>avinguda Enginyers del <\/strong><strong>Ministerio de Obras P\u00fablicas (MOPU)<\/strong>.<\/p>\t\t\t\t\t\t\t\t<\/div>\n\t\t\t\t<\/div>\n\t\t\t\t<div class=\"elementor-element elementor-element-726cf21 elementor-widget elementor-widget-image\" data-id=\"726cf21\" data-element_type=\"widget\" data-e-type=\"widget\" data-widget_type=\"image.default\">\n\t\t\t\t<div class=\"elementor-widget-container\">\n\t\t\t\t\t\t\t\t\t\t\t\t<figure class=\"wp-caption\">\n\t\t\t\t\t\t\t\t\t\t<img loading=\"lazy\" decoding=\"async\" width=\"768\" height=\"511\" src=\"https:\/\/www.elturistatranquil.com\/wp-content\/uploads\/F116-Haro-La-Rioja.jpg\" class=\"attachment-large size-large wp-image-58554\" alt=\"Haro, La Rioja\" srcset=\"https:\/\/www.elturistatranquil.com\/wp-content\/uploads\/F116-Haro-La-Rioja.jpg 768w, https:\/\/www.elturistatranquil.com\/wp-content\/uploads\/F116-Haro-La-Rioja-339x226.jpg 339w\" sizes=\"(max-width: 768px) 100vw, 768px\" \/>\t\t\t\t\t\t\t\t\t\t\t<figcaption class=\"widget-image-caption wp-caption-text\"><\/figcaption>\n\t\t\t\t\t\t\t\t\t\t<\/figure>\n\t\t\t\t\t\t\t\t\t<\/div>\n\t\t\t\t<\/div>\n\t\t\t\t<div class=\"elementor-element elementor-element-dd78028 elementor-widget elementor-widget-heading\" data-id=\"dd78028\" data-element_type=\"widget\" data-e-type=\"widget\" data-widget_type=\"heading.default\">\n\t\t\t\t<div class=\"elementor-widget-container\">\n\t\t\t\t\t<h5 class=\"elementor-heading-title elementor-size-default\">Muralla urbana<\/h5>\t\t\t\t<\/div>\n\t\t\t\t<\/div>\n\t\t\t\t<div class=\"elementor-element elementor-element-4011fbe elementor-widget elementor-widget-text-editor\" data-id=\"4011fbe\" data-element_type=\"widget\" data-e-type=\"widget\" data-widget_type=\"text-editor.default\">\n\t\t\t\t<div class=\"elementor-widget-container\">\n\t\t\t\t\t\t\t\t\t<p>En aquest punt s\u2019anuncien unes restes de la <strong>muralla urbana<\/strong> (<strong>24<\/strong>) d&#8217;Haro.<\/p><p>En efecte, en baixar pel carrer Tir\u00f3n s&#8217;observa un mur de ma\u00e7oneria que es prolonga per l&#8217;avinguda Enginyers del MOPU.<\/p>\t\t\t\t\t\t\t\t<\/div>\n\t\t\t\t<\/div>\n\t\t\t\t<div class=\"elementor-element elementor-element-1102659 elementor-widget elementor-widget-image\" data-id=\"1102659\" data-element_type=\"widget\" data-e-type=\"widget\" data-widget_type=\"image.default\">\n\t\t\t\t<div class=\"elementor-widget-container\">\n\t\t\t\t\t\t\t\t\t\t\t\t<figure class=\"wp-caption\">\n\t\t\t\t\t\t\t\t\t\t<img loading=\"lazy\" decoding=\"async\" width=\"768\" height=\"512\" src=\"https:\/\/www.elturistatranquil.com\/wp-content\/uploads\/F117-Haro-La-Rioja.jpg\" class=\"attachment-large size-large wp-image-58556\" alt=\"Haro, La Rioja\" srcset=\"https:\/\/www.elturistatranquil.com\/wp-content\/uploads\/F117-Haro-La-Rioja.jpg 768w, https:\/\/www.elturistatranquil.com\/wp-content\/uploads\/F117-Haro-La-Rioja-339x226.jpg 339w\" sizes=\"(max-width: 768px) 100vw, 768px\" \/>\t\t\t\t\t\t\t\t\t\t\t<figcaption class=\"widget-image-caption wp-caption-text\"><\/figcaption>\n\t\t\t\t\t\t\t\t\t\t<\/figure>\n\t\t\t\t\t\t\t\t\t<\/div>\n\t\t\t\t<\/div>\n\t\t\t\t<div class=\"elementor-element elementor-element-a2e289b elementor-widget elementor-widget-text-editor\" data-id=\"a2e289b\" data-element_type=\"widget\" data-e-type=\"widget\" data-widget_type=\"text-editor.default\">\n\t\t\t\t<div class=\"elementor-widget-container\">\n\t\t\t\t\t\t\t\t\t<p>Pel que sembla, encara que no es troba informaci\u00f3 a Internet, a la Baixa Edat Mitjana o l&#8217;Edat Moderna, va existir una muralla que envoltava el raval fins a aquest punt i despr\u00e9s es dirigia cap al tur\u00f3 de l&#8217;Alt del Castell i que s&#8217;hauria de trobar amb el costat de llevant de la muralla medieval.<\/p><p>L&#8217;\u00fanica cosa certa \u00e9s l&#8217;exist\u00e8ncia d&#8217;aquest tros de muralla, completament descuidat, tot i que un indicador l&#8217;assenyala com a muralla.<\/p><p>Per les restes visibles, sembla que estava formada per la muralla, amb torrasses cantoneres amb i troneres d\u2019orbe i pal com el que s&#8217;observa a la fotografia. El mur situat a la vora del carrer semblaria correspondre a una avantmuralla. \u00c9s tot el que se dir.<\/p>\t\t\t\t\t\t\t\t<\/div>\n\t\t\t\t<\/div>\n\t\t\t\t<div class=\"elementor-element elementor-element-b1934c5 elementor-widget elementor-widget-image\" data-id=\"b1934c5\" data-element_type=\"widget\" data-e-type=\"widget\" data-widget_type=\"image.default\">\n\t\t\t\t<div class=\"elementor-widget-container\">\n\t\t\t\t\t\t\t\t\t\t\t\t<figure class=\"wp-caption\">\n\t\t\t\t\t\t\t\t\t\t<img loading=\"lazy\" decoding=\"async\" width=\"768\" height=\"511\" src=\"https:\/\/www.elturistatranquil.com\/wp-content\/uploads\/F118-Haro-La-Rioja.jpg\" class=\"attachment-large size-large wp-image-58558\" alt=\"Haro, La Rioja\" srcset=\"https:\/\/www.elturistatranquil.com\/wp-content\/uploads\/F118-Haro-La-Rioja.jpg 768w, https:\/\/www.elturistatranquil.com\/wp-content\/uploads\/F118-Haro-La-Rioja-339x226.jpg 339w\" sizes=\"(max-width: 768px) 100vw, 768px\" \/>\t\t\t\t\t\t\t\t\t\t\t<figcaption class=\"widget-image-caption wp-caption-text\"><\/figcaption>\n\t\t\t\t\t\t\t\t\t\t<\/figure>\n\t\t\t\t\t\t\t\t\t<\/div>\n\t\t\t\t<\/div>\n\t\t\t\t<div class=\"elementor-element elementor-element-f06d2e6 elementor-widget elementor-widget-image\" data-id=\"f06d2e6\" data-element_type=\"widget\" data-e-type=\"widget\" data-widget_type=\"image.default\">\n\t\t\t\t<div class=\"elementor-widget-container\">\n\t\t\t\t\t\t\t\t\t\t\t\t<figure class=\"wp-caption\">\n\t\t\t\t\t\t\t\t\t\t<img loading=\"lazy\" decoding=\"async\" width=\"768\" height=\"511\" src=\"https:\/\/www.elturistatranquil.com\/wp-content\/uploads\/F119-Haro-La-Rioja.jpg\" class=\"attachment-large size-large wp-image-58560\" alt=\"Haro, La Rioja\" srcset=\"https:\/\/www.elturistatranquil.com\/wp-content\/uploads\/F119-Haro-La-Rioja.jpg 768w, https:\/\/www.elturistatranquil.com\/wp-content\/uploads\/F119-Haro-La-Rioja-339x226.jpg 339w\" sizes=\"(max-width: 768px) 100vw, 768px\" \/>\t\t\t\t\t\t\t\t\t\t\t<figcaption class=\"widget-image-caption wp-caption-text\"><\/figcaption>\n\t\t\t\t\t\t\t\t\t\t<\/figure>\n\t\t\t\t\t\t\t\t\t<\/div>\n\t\t\t\t<\/div>\n\t\t\t\t<div class=\"elementor-element elementor-element-119467e elementor-widget elementor-widget-text-editor\" data-id=\"119467e\" data-element_type=\"widget\" data-e-type=\"widget\" data-widget_type=\"text-editor.default\">\n\t\t\t\t<div class=\"elementor-widget-container\">\n\t\t\t\t\t\t\t\t\t<p>Continuem fins al <strong>carrer San Roque<\/strong> per enlla\u00e7ar amb el <strong>carrer de la Vega<\/strong>, que porta fins a la Pla\u00e7a de la Paz, i veure en primer lloc el palau dels Bezaras.<\/p>\t\t\t\t\t\t\t\t<\/div>\n\t\t\t\t<\/div>\n\t\t\t\t<div class=\"elementor-element elementor-element-e3ed03b elementor-widget elementor-widget-heading\" data-id=\"e3ed03b\" data-element_type=\"widget\" data-e-type=\"widget\" data-widget_type=\"heading.default\">\n\t\t\t\t<div class=\"elementor-widget-container\">\n\t\t\t\t\t<h5 class=\"elementor-heading-title elementor-size-default\">Palau de les Bezaras. Centre Cultural Caixabank<\/h5>\t\t\t\t<\/div>\n\t\t\t\t<\/div>\n\t\t\t\t<div class=\"elementor-element elementor-element-1ed8de2 elementor-widget elementor-widget-text-editor\" data-id=\"1ed8de2\" data-element_type=\"widget\" data-e-type=\"widget\" data-widget_type=\"text-editor.default\">\n\t\t\t\t<div class=\"elementor-widget-container\">\n\t\t\t\t\t\t\t\t\t<p>Un altre dels edificis barrocs importants d&#8217;Haro \u00e9s el <strong>palau de les Bezaras<\/strong> (<strong>25<\/strong>), constru\u00eft el 1738. Rep el nom de les Bezaras, les quatre germanes que el van heretar per diferents vies.<\/p><p>\u00c9s una edificaci\u00f3 de carreuat ben llaurada de tipus classicista de l\u00ednia s\u00f2bria. Presenta dues plantes a la fa\u00e7ana principal i tres a la posterior a causa del desnivell del terreny. A la fa\u00e7ana principal veiem cinc obertures a la planta baixa, el central una porta adovellada, i cinc balcons sobre m\u00e8nsula de pedra a la superior, amb els escuts a cada costat del balc\u00f3 central de les fam\u00edlies dels <em>Santerv\u00e1s<\/em> i dels <em>Espinosa<\/em>.<\/p>\t\t\t\t\t\t\t\t<\/div>\n\t\t\t\t<\/div>\n\t\t\t\t<div class=\"elementor-element elementor-element-b6f55a9 elementor-widget elementor-widget-image\" data-id=\"b6f55a9\" data-element_type=\"widget\" data-e-type=\"widget\" data-widget_type=\"image.default\">\n\t\t\t\t<div class=\"elementor-widget-container\">\n\t\t\t\t\t\t\t\t\t\t\t\t<figure class=\"wp-caption\">\n\t\t\t\t\t\t\t\t\t\t<img loading=\"lazy\" decoding=\"async\" width=\"768\" height=\"512\" src=\"https:\/\/www.elturistatranquil.com\/wp-content\/uploads\/F120-Haro-La-Rioja.jpg\" class=\"attachment-large size-large wp-image-58562\" alt=\"Haro, La Rioja\" srcset=\"https:\/\/www.elturistatranquil.com\/wp-content\/uploads\/F120-Haro-La-Rioja.jpg 768w, https:\/\/www.elturistatranquil.com\/wp-content\/uploads\/F120-Haro-La-Rioja-339x226.jpg 339w\" sizes=\"(max-width: 768px) 100vw, 768px\" \/>\t\t\t\t\t\t\t\t\t\t\t<figcaption class=\"widget-image-caption wp-caption-text\"><\/figcaption>\n\t\t\t\t\t\t\t\t\t\t<\/figure>\n\t\t\t\t\t\t\t\t\t<\/div>\n\t\t\t\t<\/div>\n\t\t\t\t<div class=\"elementor-element elementor-element-f46e2eb elementor-widget elementor-widget-image\" data-id=\"f46e2eb\" data-element_type=\"widget\" data-e-type=\"widget\" data-widget_type=\"image.default\">\n\t\t\t\t<div class=\"elementor-widget-container\">\n\t\t\t\t\t\t\t\t\t\t\t\t<figure class=\"wp-caption\">\n\t\t\t\t\t\t\t\t\t\t<img loading=\"lazy\" decoding=\"async\" width=\"768\" height=\"512\" src=\"https:\/\/www.elturistatranquil.com\/wp-content\/uploads\/F121-Haro-La-Rioja.jpg\" class=\"attachment-large size-large wp-image-58564\" alt=\"Haro, La Rioja\" srcset=\"https:\/\/www.elturistatranquil.com\/wp-content\/uploads\/F121-Haro-La-Rioja.jpg 768w, https:\/\/www.elturistatranquil.com\/wp-content\/uploads\/F121-Haro-La-Rioja-339x226.jpg 339w\" sizes=\"(max-width: 768px) 100vw, 768px\" \/>\t\t\t\t\t\t\t\t\t\t\t<figcaption class=\"widget-image-caption wp-caption-text\"><\/figcaption>\n\t\t\t\t\t\t\t\t\t\t<\/figure>\n\t\t\t\t\t\t\t\t\t<\/div>\n\t\t\t\t<\/div>\n\t\t\t\t<div class=\"elementor-element elementor-element-0dcf2a2 elementor-widget elementor-widget-image\" data-id=\"0dcf2a2\" data-element_type=\"widget\" data-e-type=\"widget\" data-widget_type=\"image.default\">\n\t\t\t\t<div class=\"elementor-widget-container\">\n\t\t\t\t\t\t\t\t\t\t\t\t<figure class=\"wp-caption\">\n\t\t\t\t\t\t\t\t\t\t<img loading=\"lazy\" decoding=\"async\" width=\"768\" height=\"511\" src=\"https:\/\/www.elturistatranquil.com\/wp-content\/uploads\/F122-Haro-La-Rioja.jpg\" class=\"attachment-large size-large wp-image-58566\" alt=\"Haro, La Rioja\" srcset=\"https:\/\/www.elturistatranquil.com\/wp-content\/uploads\/F122-Haro-La-Rioja.jpg 768w, https:\/\/www.elturistatranquil.com\/wp-content\/uploads\/F122-Haro-La-Rioja-339x226.jpg 339w\" sizes=\"(max-width: 768px) 100vw, 768px\" \/>\t\t\t\t\t\t\t\t\t\t\t<figcaption class=\"widget-image-caption wp-caption-text\"><\/figcaption>\n\t\t\t\t\t\t\t\t\t\t<\/figure>\n\t\t\t\t\t\t\t\t\t<\/div>\n\t\t\t\t<\/div>\n\t\t\t\t<div class=\"elementor-element elementor-element-9161fbd elementor-widget elementor-widget-text-editor\" data-id=\"9161fbd\" data-element_type=\"widget\" data-e-type=\"widget\" data-widget_type=\"text-editor.default\">\n\t\t\t\t<div class=\"elementor-widget-container\">\n\t\t\t\t\t\t\t\t\t<p>Sobretot, aquest tram del carrer de la Vega que parteix de la pla\u00e7a de la Paz, apareix com un dels m\u00e9s c\u00e8ntrics i senyorials de l&#8217;actualitat.<\/p>\t\t\t\t\t\t\t\t<\/div>\n\t\t\t\t<\/div>\n\t\t\t\t<div class=\"elementor-element elementor-element-823ee73 elementor-widget elementor-widget-image\" data-id=\"823ee73\" data-element_type=\"widget\" data-e-type=\"widget\" data-widget_type=\"image.default\">\n\t\t\t\t<div class=\"elementor-widget-container\">\n\t\t\t\t\t\t\t\t\t\t\t\t<figure class=\"wp-caption\">\n\t\t\t\t\t\t\t\t\t\t<img loading=\"lazy\" decoding=\"async\" width=\"768\" height=\"512\" src=\"https:\/\/www.elturistatranquil.com\/wp-content\/uploads\/F123-Haro-La-Rioja.jpg\" class=\"attachment-large size-large wp-image-58568\" alt=\"Haro, La Rioja\" srcset=\"https:\/\/www.elturistatranquil.com\/wp-content\/uploads\/F123-Haro-La-Rioja.jpg 768w, https:\/\/www.elturistatranquil.com\/wp-content\/uploads\/F123-Haro-La-Rioja-339x226.jpg 339w\" sizes=\"(max-width: 768px) 100vw, 768px\" \/>\t\t\t\t\t\t\t\t\t\t\t<figcaption class=\"widget-image-caption wp-caption-text\"><\/figcaption>\n\t\t\t\t\t\t\t\t\t\t<\/figure>\n\t\t\t\t\t\t\t\t\t<\/div>\n\t\t\t\t<\/div>\n\t\t\t\t<div class=\"elementor-element elementor-element-4f49914 elementor-widget elementor-widget-text-editor\" data-id=\"4f49914\" data-element_type=\"widget\" data-e-type=\"widget\" data-widget_type=\"text-editor.default\">\n\t\t\t\t<div class=\"elementor-widget-container\">\n\t\t\t\t\t\t\t\t\t<p>A la <strong>pla\u00e7a de la Paz<\/strong> haurem acabat el recorregut pel centre hist\u00f2ric de la ciutat d\u2019Haro.<\/p><p>Ens queda per visitar el <strong>barri de l&#8217;Estaci\u00f3<\/strong>, un barri perif\u00e8ric al costat de la vila medieval, a l&#8217;altra banda del riu Tir\u00f3n, de gran transcend\u00e8ncia a l&#8217;evoluci\u00f3 socioecon\u00f2mica d&#8217;Haro.<\/p>\t\t\t\t\t\t\t\t<\/div>\n\t\t\t\t<\/div>\n\t\t\t\t<div class=\"elementor-element elementor-element-e392f24 elementor-widget elementor-widget-heading\" data-id=\"e392f24\" data-element_type=\"widget\" data-e-type=\"widget\" data-widget_type=\"heading.default\">\n\t\t\t\t<div class=\"elementor-widget-container\">\n\t\t\t\t\t<h2 class=\"elementor-heading-title elementor-size-default\">Barri de l'Estaci\u00f3<\/h2>\t\t\t\t<\/div>\n\t\t\t\t<\/div>\n\t\t\t\t<div class=\"elementor-element elementor-element-34dc492 elementor-widget elementor-widget-image\" data-id=\"34dc492\" data-element_type=\"widget\" data-e-type=\"widget\" data-widget_type=\"image.default\">\n\t\t\t\t<div class=\"elementor-widget-container\">\n\t\t\t\t\t\t\t\t\t\t\t\t<figure class=\"wp-caption\">\n\t\t\t\t\t\t\t\t\t\t<img loading=\"lazy\" decoding=\"async\" width=\"768\" height=\"512\" src=\"https:\/\/www.elturistatranquil.com\/wp-content\/uploads\/F124-Barrio-de-la-Estacion-Haro-La-Rioja-Google-maps-2025-05-05.jpg\" class=\"attachment-large size-large wp-image-58570\" alt=\"Barrio de la Estacion, Haro, La Rioja (Google maps 2025-05-05)\" srcset=\"https:\/\/www.elturistatranquil.com\/wp-content\/uploads\/F124-Barrio-de-la-Estacion-Haro-La-Rioja-Google-maps-2025-05-05.jpg 768w, https:\/\/www.elturistatranquil.com\/wp-content\/uploads\/F124-Barrio-de-la-Estacion-Haro-La-Rioja-Google-maps-2025-05-05-339x226.jpg 339w\" sizes=\"(max-width: 768px) 100vw, 768px\" \/>\t\t\t\t\t\t\t\t\t\t\t<figcaption class=\"widget-image-caption wp-caption-text\">(Google maps 2025-05-10)<\/figcaption>\n\t\t\t\t\t\t\t\t\t\t<\/figure>\n\t\t\t\t\t\t\t\t\t<\/div>\n\t\t\t\t<\/div>\n\t\t\t\t<div class=\"elementor-element elementor-element-53b723c elementor-widget elementor-widget-text-editor\" data-id=\"53b723c\" data-element_type=\"widget\" data-e-type=\"widget\" data-widget_type=\"text-editor.default\">\n\t\t\t\t<div class=\"elementor-widget-container\">\n\t\t\t\t\t\t\t\t\t<p>El <strong>Barri de l&#8217;Estaci\u00f3<\/strong> <strong>d&#8217;Haro<\/strong> (<strong>26<\/strong>) \u00e9s un espai urb\u00e0 singular, situat al nord del nucli hist\u00f2ric de la ciutat, al voltant de la via f\u00e8rria que uneix Logronyo amb Miranda d\u2019Ebre.<\/p><p>Al llarg del segle XIX i bona part del XX, aquest barri es va consolidar com a centre neur\u00e0lgic del desenvolupament vitivin\u00edcola d&#8217;Haro i de la Rioja, integrant en pocs centenars de metres una estaci\u00f3 ferrovi\u00e0ria, un conjunt de cellers centenaris i una estructura industrial de suport al comer\u00e7 del vi.<\/p><p>El barri va sorgir al voltant de l&#8217;estaci\u00f3 del ferrocarril inaugurada el 1863, en el marc del desenvolupament del ferrocarril del Nord, que connectava Madrid amb Irun a trav\u00e9s de Miranda d&#8217;Ebre i Logronyo.<\/p><p>Amb aix\u00f2, Haro es va convertir en porta de sortida del vi de La Rioja cap a mercats nacionals i internacionals, especialment cap a Fran\u00e7a, afectada per la crisi de la fil\u00b7loxera.<\/p><p>El vi es transportava amb trens amb <strong>vagons-bota<\/strong> (<strong>27<\/strong>) de roure franc\u00e8s, com els que s&#8217;exhibeixen a la pla\u00e7a d&#8217;entrada al barri.<\/p><p>Com ens assenyala el cartell sobre un dels vagons, va ser especialment important l&#8217;exportaci\u00f3 des d&#8217;Haro a Bordeus entre 1877 i 1903, per subministrar vins a aquesta regi\u00f3 francesa quan la fil\u00b7loxera encara no havia arribat a Espanya.<\/p><p>Es considera que aquesta concentraci\u00f3 va facilitar no nom\u00e9s la log\u00edstica, sin\u00f3 tamb\u00e9 la compet\u00e8ncia t\u00e8cnica i innovaci\u00f3, impulsant el desenvolupament d&#8217;est\u00e0ndards de qualitat que influirien decisivament en la denominaci\u00f3 posterior d&#8217;origen Rioja.<\/p><p>La recuperaci\u00f3 patrimonial i tur\u00edstica dels darrers anys ha comportat la restauraci\u00f3 i modernitzaci\u00f3 de diversos d&#8217;aquests edificis, alhora que molts cellers ofereixen visites guiades, tasts, museus i activitats culturals.<\/p><p>A continuaci\u00f3, mostro fotografies d&#8217;alguns cellers.<\/p>\t\t\t\t\t\t\t\t<\/div>\n\t\t\t\t<\/div>\n\t\t\t\t<div class=\"elementor-element elementor-element-6e38768 elementor-widget elementor-widget-heading\" data-id=\"6e38768\" data-element_type=\"widget\" data-e-type=\"widget\" data-widget_type=\"heading.default\">\n\t\t\t\t<div class=\"elementor-widget-container\">\n\t\t\t\t\t<h5 class=\"elementor-heading-title elementor-size-default\">Cellers Muga<\/h5>\t\t\t\t<\/div>\n\t\t\t\t<\/div>\n\t\t\t\t<div class=\"elementor-element elementor-element-9f61c2e elementor-widget elementor-widget-text-editor\" data-id=\"9f61c2e\" data-element_type=\"widget\" data-e-type=\"widget\" data-widget_type=\"text-editor.default\">\n\t\t\t\t<div class=\"elementor-widget-container\">\n\t\t\t\t\t\t\t\t\t<p>La torre dels <strong>cellers Muga<\/strong> (<strong>27<\/strong>) ofereix la impressi\u00f3 de trobar-nos davant d&#8217;una <em>catedral del vi<\/em>.<\/p>\t\t\t\t\t\t\t\t<\/div>\n\t\t\t\t<\/div>\n\t\t\t\t<div class=\"elementor-element elementor-element-d8fccd0 elementor-widget elementor-widget-image\" data-id=\"d8fccd0\" data-element_type=\"widget\" data-e-type=\"widget\" data-widget_type=\"image.default\">\n\t\t\t\t<div class=\"elementor-widget-container\">\n\t\t\t\t\t\t\t\t\t\t\t\t<figure class=\"wp-caption\">\n\t\t\t\t\t\t\t\t\t\t<img loading=\"lazy\" decoding=\"async\" width=\"768\" height=\"511\" src=\"https:\/\/www.elturistatranquil.com\/wp-content\/uploads\/F125-Barrio-de-la-Estacion-Haro-La-Rioja.jpg\" class=\"attachment-large size-large wp-image-58572\" alt=\"Barrio de la Estacion, Haro, La Rioja (Google maps 2025-05-05)\" srcset=\"https:\/\/www.elturistatranquil.com\/wp-content\/uploads\/F125-Barrio-de-la-Estacion-Haro-La-Rioja.jpg 768w, https:\/\/www.elturistatranquil.com\/wp-content\/uploads\/F125-Barrio-de-la-Estacion-Haro-La-Rioja-339x226.jpg 339w\" sizes=\"(max-width: 768px) 100vw, 768px\" \/>\t\t\t\t\t\t\t\t\t\t\t<figcaption class=\"widget-image-caption wp-caption-text\"><\/figcaption>\n\t\t\t\t\t\t\t\t\t\t<\/figure>\n\t\t\t\t\t\t\t\t\t<\/div>\n\t\t\t\t<\/div>\n\t\t\t\t<div class=\"elementor-element elementor-element-0c038ba elementor-widget elementor-widget-image\" data-id=\"0c038ba\" data-element_type=\"widget\" data-e-type=\"widget\" data-widget_type=\"image.default\">\n\t\t\t\t<div class=\"elementor-widget-container\">\n\t\t\t\t\t\t\t\t\t\t\t\t<figure class=\"wp-caption\">\n\t\t\t\t\t\t\t\t\t\t<img loading=\"lazy\" decoding=\"async\" width=\"768\" height=\"511\" src=\"https:\/\/www.elturistatranquil.com\/wp-content\/uploads\/F126-Barrio-de-la-Estacion-Haro-La-Rioja.jpg\" class=\"attachment-large size-large wp-image-58574\" alt=\"Barrio de la Estacion, Haro, La Rioja (Google maps 2025-05-05)\" srcset=\"https:\/\/www.elturistatranquil.com\/wp-content\/uploads\/F126-Barrio-de-la-Estacion-Haro-La-Rioja.jpg 768w, https:\/\/www.elturistatranquil.com\/wp-content\/uploads\/F126-Barrio-de-la-Estacion-Haro-La-Rioja-339x226.jpg 339w\" sizes=\"(max-width: 768px) 100vw, 768px\" \/>\t\t\t\t\t\t\t\t\t\t\t<figcaption class=\"widget-image-caption wp-caption-text\"><\/figcaption>\n\t\t\t\t\t\t\t\t\t\t<\/figure>\n\t\t\t\t\t\t\t\t\t<\/div>\n\t\t\t\t<\/div>\n\t\t\t\t<div class=\"elementor-element elementor-element-04ee2b2 elementor-widget elementor-widget-heading\" data-id=\"04ee2b2\" data-element_type=\"widget\" data-e-type=\"widget\" data-widget_type=\"heading.default\">\n\t\t\t\t<div class=\"elementor-widget-container\">\n\t\t\t\t\t<h5 class=\"elementor-heading-title elementor-size-default\">Cellers Vinya Tondonia. Edifici de Zaha Hadid<\/h5>\t\t\t\t<\/div>\n\t\t\t\t<\/div>\n\t\t\t\t<div class=\"elementor-element elementor-element-8696e72 elementor-widget elementor-widget-text-editor\" data-id=\"8696e72\" data-element_type=\"widget\" data-e-type=\"widget\" data-widget_type=\"text-editor.default\">\n\t\t\t\t<div class=\"elementor-widget-container\">\n\t\t\t\t\t\t\t\t\t<p>Els <strong>cellers Vi\u00f1a Tondonia<\/strong> (<strong>28<\/strong>) aporten un toc de modernitat a trav\u00e9s de la inclusi\u00f3 a l&#8217;entorn tradicional de l&#8217;edifici de l&#8217;arquitecta <em>Zaha Hadid<\/em>.<\/p>\t\t\t\t\t\t\t\t<\/div>\n\t\t\t\t<\/div>\n\t\t\t\t<div class=\"elementor-element elementor-element-a9b19c1 elementor-widget elementor-widget-image\" data-id=\"a9b19c1\" data-element_type=\"widget\" data-e-type=\"widget\" data-widget_type=\"image.default\">\n\t\t\t\t<div class=\"elementor-widget-container\">\n\t\t\t\t\t\t\t\t\t\t\t\t<figure class=\"wp-caption\">\n\t\t\t\t\t\t\t\t\t\t<img loading=\"lazy\" decoding=\"async\" width=\"768\" height=\"511\" src=\"https:\/\/www.elturistatranquil.com\/wp-content\/uploads\/F127-Barrio-de-la-Estacion-Haro-La-Rioja.jpg\" class=\"attachment-large size-large wp-image-58576\" alt=\"Barrio de la Estacion, Haro, La Rioja (Google maps 2025-05-05)\" srcset=\"https:\/\/www.elturistatranquil.com\/wp-content\/uploads\/F127-Barrio-de-la-Estacion-Haro-La-Rioja.jpg 768w, https:\/\/www.elturistatranquil.com\/wp-content\/uploads\/F127-Barrio-de-la-Estacion-Haro-La-Rioja-339x226.jpg 339w\" sizes=\"(max-width: 768px) 100vw, 768px\" \/>\t\t\t\t\t\t\t\t\t\t\t<figcaption class=\"widget-image-caption wp-caption-text\"><\/figcaption>\n\t\t\t\t\t\t\t\t\t\t<\/figure>\n\t\t\t\t\t\t\t\t\t<\/div>\n\t\t\t\t<\/div>\n\t\t\t\t<div class=\"elementor-element elementor-element-a3a6f3a elementor-widget elementor-widget-image\" data-id=\"a3a6f3a\" data-element_type=\"widget\" data-e-type=\"widget\" data-widget_type=\"image.default\">\n\t\t\t\t<div class=\"elementor-widget-container\">\n\t\t\t\t\t\t\t\t\t\t\t\t<figure class=\"wp-caption\">\n\t\t\t\t\t\t\t\t\t\t<img loading=\"lazy\" decoding=\"async\" width=\"768\" height=\"511\" src=\"https:\/\/www.elturistatranquil.com\/wp-content\/uploads\/F129-Barrio-de-la-Estacion-Haro-La-Rioja.jpg\" class=\"attachment-large size-large wp-image-58580\" alt=\"Barrio de la Estacion, Haro, La Rioja\" srcset=\"https:\/\/www.elturistatranquil.com\/wp-content\/uploads\/F129-Barrio-de-la-Estacion-Haro-La-Rioja.jpg 768w, https:\/\/www.elturistatranquil.com\/wp-content\/uploads\/F129-Barrio-de-la-Estacion-Haro-La-Rioja-339x226.jpg 339w\" sizes=\"(max-width: 768px) 100vw, 768px\" \/>\t\t\t\t\t\t\t\t\t\t\t<figcaption class=\"widget-image-caption wp-caption-text\"><\/figcaption>\n\t\t\t\t\t\t\t\t\t\t<\/figure>\n\t\t\t\t\t\t\t\t\t<\/div>\n\t\t\t\t<\/div>\n\t\t\t\t<div class=\"elementor-element elementor-element-ff04933 elementor-widget elementor-widget-image\" data-id=\"ff04933\" data-element_type=\"widget\" data-e-type=\"widget\" data-widget_type=\"image.default\">\n\t\t\t\t<div class=\"elementor-widget-container\">\n\t\t\t\t\t\t\t\t\t\t\t\t<figure class=\"wp-caption\">\n\t\t\t\t\t\t\t\t\t\t<img loading=\"lazy\" decoding=\"async\" width=\"768\" height=\"511\" src=\"https:\/\/www.elturistatranquil.com\/wp-content\/uploads\/F130-Barrio-de-la-Estacion-Haro-La-Rioja.jpg\" class=\"attachment-large size-large wp-image-58582\" alt=\"Barrio de la Estacion, Haro, La Rioja\" srcset=\"https:\/\/www.elturistatranquil.com\/wp-content\/uploads\/F130-Barrio-de-la-Estacion-Haro-La-Rioja.jpg 768w, https:\/\/www.elturistatranquil.com\/wp-content\/uploads\/F130-Barrio-de-la-Estacion-Haro-La-Rioja-339x226.jpg 339w\" sizes=\"(max-width: 768px) 100vw, 768px\" \/>\t\t\t\t\t\t\t\t\t\t\t<figcaption class=\"widget-image-caption wp-caption-text\"><\/figcaption>\n\t\t\t\t\t\t\t\t\t\t<\/figure>\n\t\t\t\t\t\t\t\t\t<\/div>\n\t\t\t\t<\/div>\n\t\t\t\t<div class=\"elementor-element elementor-element-72b7727 elementor-widget elementor-widget-image\" data-id=\"72b7727\" data-element_type=\"widget\" data-e-type=\"widget\" data-widget_type=\"image.default\">\n\t\t\t\t<div class=\"elementor-widget-container\">\n\t\t\t\t\t\t\t\t\t\t\t\t<figure class=\"wp-caption\">\n\t\t\t\t\t\t\t\t\t\t<img loading=\"lazy\" decoding=\"async\" width=\"768\" height=\"511\" src=\"https:\/\/www.elturistatranquil.com\/wp-content\/uploads\/F131-Barrio-de-la-Estacion-Haro-La-Rioja.jpg\" class=\"attachment-large size-large wp-image-58584\" alt=\"Barrio de la Estacion, Haro, La Rioja\" srcset=\"https:\/\/www.elturistatranquil.com\/wp-content\/uploads\/F131-Barrio-de-la-Estacion-Haro-La-Rioja.jpg 768w, https:\/\/www.elturistatranquil.com\/wp-content\/uploads\/F131-Barrio-de-la-Estacion-Haro-La-Rioja-339x226.jpg 339w\" sizes=\"(max-width: 768px) 100vw, 768px\" \/>\t\t\t\t\t\t\t\t\t\t\t<figcaption class=\"widget-image-caption wp-caption-text\"><\/figcaption>\n\t\t\t\t\t\t\t\t\t\t<\/figure>\n\t\t\t\t\t\t\t\t\t<\/div>\n\t\t\t\t<\/div>\n\t\t\t\t<div class=\"elementor-element elementor-element-9d22e4b elementor-widget elementor-widget-image\" data-id=\"9d22e4b\" data-element_type=\"widget\" data-e-type=\"widget\" data-widget_type=\"image.default\">\n\t\t\t\t<div class=\"elementor-widget-container\">\n\t\t\t\t\t\t\t\t\t\t\t\t<figure class=\"wp-caption\">\n\t\t\t\t\t\t\t\t\t\t<img loading=\"lazy\" decoding=\"async\" width=\"768\" height=\"511\" src=\"https:\/\/www.elturistatranquil.com\/wp-content\/uploads\/F132-Barrio-de-la-Estacion-Haro-La-Rioja.jpg\" class=\"attachment-large size-large wp-image-58586\" alt=\"Barrio de la Estacion, Haro, La Rioja\" srcset=\"https:\/\/www.elturistatranquil.com\/wp-content\/uploads\/F132-Barrio-de-la-Estacion-Haro-La-Rioja.jpg 768w, https:\/\/www.elturistatranquil.com\/wp-content\/uploads\/F132-Barrio-de-la-Estacion-Haro-La-Rioja-339x226.jpg 339w\" sizes=\"(max-width: 768px) 100vw, 768px\" \/>\t\t\t\t\t\t\t\t\t\t\t<figcaption class=\"widget-image-caption wp-caption-text\"><\/figcaption>\n\t\t\t\t\t\t\t\t\t\t<\/figure>\n\t\t\t\t\t\t\t\t\t<\/div>\n\t\t\t\t<\/div>\n\t\t\t\t<div class=\"elementor-element elementor-element-1df29e0 elementor-widget elementor-widget-image\" data-id=\"1df29e0\" data-element_type=\"widget\" data-e-type=\"widget\" data-widget_type=\"image.default\">\n\t\t\t\t<div class=\"elementor-widget-container\">\n\t\t\t\t\t\t\t\t\t\t\t\t<figure class=\"wp-caption\">\n\t\t\t\t\t\t\t\t\t\t<img loading=\"lazy\" decoding=\"async\" width=\"768\" height=\"511\" src=\"https:\/\/www.elturistatranquil.com\/wp-content\/uploads\/F133-Barrio-de-la-Estacion-Haro-La-Rioja.jpg\" class=\"attachment-large size-large wp-image-58588\" alt=\"Barrio de la Estacion, Haro, La Rioja\" srcset=\"https:\/\/www.elturistatranquil.com\/wp-content\/uploads\/F133-Barrio-de-la-Estacion-Haro-La-Rioja.jpg 768w, https:\/\/www.elturistatranquil.com\/wp-content\/uploads\/F133-Barrio-de-la-Estacion-Haro-La-Rioja-339x226.jpg 339w\" sizes=\"(max-width: 768px) 100vw, 768px\" \/>\t\t\t\t\t\t\t\t\t\t\t<figcaption class=\"widget-image-caption wp-caption-text\"><\/figcaption>\n\t\t\t\t\t\t\t\t\t\t<\/figure>\n\t\t\t\t\t\t\t\t\t<\/div>\n\t\t\t\t<\/div>\n\t\t\t\t<div class=\"elementor-element elementor-element-3096ee2 elementor-widget elementor-widget-heading\" data-id=\"3096ee2\" data-element_type=\"widget\" data-e-type=\"widget\" data-widget_type=\"heading.default\">\n\t\t\t\t<div class=\"elementor-widget-container\">\n\t\t\t\t\t<h5 class=\"elementor-heading-title elementor-size-default\">Cellers Roda<\/h5>\t\t\t\t<\/div>\n\t\t\t\t<\/div>\n\t\t\t\t<div class=\"elementor-element elementor-element-76d4452 elementor-widget elementor-widget-text-editor\" data-id=\"76d4452\" data-element_type=\"widget\" data-e-type=\"widget\" data-widget_type=\"text-editor.default\">\n\t\t\t\t<div class=\"elementor-widget-container\">\n\t\t\t\t\t\t\t\t\t<p>L&#8217;\u00faltim exemple correspon als <strong>cellers Roda<\/strong> (<strong>29<\/strong>) on en qualsevol moment es pot fer un tast dels seus vins a la vista de les botes del celler.<\/p>\t\t\t\t\t\t\t\t<\/div>\n\t\t\t\t<\/div>\n\t\t\t\t<div class=\"elementor-element elementor-element-9069a4a elementor-widget elementor-widget-image\" data-id=\"9069a4a\" data-element_type=\"widget\" data-e-type=\"widget\" data-widget_type=\"image.default\">\n\t\t\t\t<div class=\"elementor-widget-container\">\n\t\t\t\t\t\t\t\t\t\t\t\t<figure class=\"wp-caption\">\n\t\t\t\t\t\t\t\t\t\t<img loading=\"lazy\" decoding=\"async\" width=\"768\" height=\"512\" src=\"https:\/\/www.elturistatranquil.com\/wp-content\/uploads\/F134-Barrio-de-la-Estacion-Haro-La-Rioja.jpg\" class=\"attachment-large size-large wp-image-58590\" alt=\"Barrio de la Estacion, Haro, La Rioja\" srcset=\"https:\/\/www.elturistatranquil.com\/wp-content\/uploads\/F134-Barrio-de-la-Estacion-Haro-La-Rioja.jpg 768w, https:\/\/www.elturistatranquil.com\/wp-content\/uploads\/F134-Barrio-de-la-Estacion-Haro-La-Rioja-339x226.jpg 339w\" sizes=\"(max-width: 768px) 100vw, 768px\" \/>\t\t\t\t\t\t\t\t\t\t\t<figcaption class=\"widget-image-caption wp-caption-text\"><\/figcaption>\n\t\t\t\t\t\t\t\t\t\t<\/figure>\n\t\t\t\t\t\t\t\t\t<\/div>\n\t\t\t\t<\/div>\n\t\t\t\t<div class=\"elementor-element elementor-element-6dba4d7 elementor-widget elementor-widget-image\" data-id=\"6dba4d7\" data-element_type=\"widget\" data-e-type=\"widget\" data-widget_type=\"image.default\">\n\t\t\t\t<div class=\"elementor-widget-container\">\n\t\t\t\t\t\t\t\t\t\t\t\t<figure class=\"wp-caption\">\n\t\t\t\t\t\t\t\t\t\t<img loading=\"lazy\" decoding=\"async\" width=\"768\" height=\"512\" src=\"https:\/\/www.elturistatranquil.com\/wp-content\/uploads\/F135-Barrio-de-la-Estacion-Haro-La-Rioja.jpg\" class=\"attachment-large size-large wp-image-58592\" alt=\"Barrio de la Estacion, Haro, La Rioja\" srcset=\"https:\/\/www.elturistatranquil.com\/wp-content\/uploads\/F135-Barrio-de-la-Estacion-Haro-La-Rioja.jpg 768w, https:\/\/www.elturistatranquil.com\/wp-content\/uploads\/F135-Barrio-de-la-Estacion-Haro-La-Rioja-339x226.jpg 339w\" sizes=\"(max-width: 768px) 100vw, 768px\" \/>\t\t\t\t\t\t\t\t\t\t\t<figcaption class=\"widget-image-caption wp-caption-text\"><\/figcaption>\n\t\t\t\t\t\t\t\t\t\t<\/figure>\n\t\t\t\t\t\t\t\t\t<\/div>\n\t\t\t\t<\/div>\n\t\t\t\t<div class=\"elementor-element elementor-element-cb3def0 elementor-widget elementor-widget-heading\" data-id=\"cb3def0\" data-element_type=\"widget\" data-e-type=\"widget\" data-widget_type=\"heading.default\">\n\t\t\t\t<div class=\"elementor-widget-container\">\n\t\t\t\t\t<h2 class=\"elementor-heading-title elementor-size-default\">Fi de la visita<\/h2>\t\t\t\t<\/div>\n\t\t\t\t<\/div>\n\t\t\t\t<div class=\"elementor-element elementor-element-7e2288a elementor-widget elementor-widget-text-editor\" data-id=\"7e2288a\" data-element_type=\"widget\" data-e-type=\"widget\" data-widget_type=\"text-editor.default\">\n\t\t\t\t<div class=\"elementor-widget-container\">\n\t\t\t\t\t\t\t\t\t<p>Visitar <strong>Haro<\/strong> \u00e9s rec\u00f3rrer una ciutat on la hist\u00f2ria, l&#8217;urbanisme i el vi han teixit al llarg dels segles una identitat singular. Al nucli hist\u00f2ric es conserven els principals testimonis del passat medieval, renaixentista i barroc, mentre que, a escassos metres, el barri de l&#8217;Estaci\u00f3 dona testimoni de la revoluci\u00f3 vitivin\u00edcola que va marcar el segle XIX i que es mant\u00e9 m\u00e9s viva que mai. Junts formen un conjunt patrimonial coherent, accessible i profundament evocador.<\/p><p>Aquesta dualitat permet als visitants explorar tant l&#8217;her\u00e8ncia medieval i renaixentista de la ciutat com el seu paper com a epicentre de la ind\u00fastria del vi de Rioja durant els darrers 150 anys. L&#8217;experi\u00e8ncia combina arquitectura hist\u00f2rica, gastronomia local i enoturisme de primer nivell, oferint una immersi\u00f3 completa a la identitat de La Rioja.<\/p><p>La visita a Haro revela com una ciutat de 12.000 habitants ha sabut preservar el seu patrimoni mentre es posiciona com a referent enotur\u00edstic global.<\/p>\t\t\t\t\t\t\t\t<\/div>\n\t\t\t\t<\/div>\n\t\t\t\t<div class=\"elementor-element elementor-element-e85cf53 elementor-widget elementor-widget-heading\" data-id=\"e85cf53\" data-element_type=\"widget\" data-e-type=\"widget\" data-widget_type=\"heading.default\">\n\t\t\t\t<div class=\"elementor-widget-container\">\n\t\t\t\t\t<h2 class=\"elementor-heading-title elementor-size-default\">Bases d\u2019informaci\u00f3<\/h2>\t\t\t\t<\/div>\n\t\t\t\t<\/div>\n\t\t\t\t<div class=\"elementor-element elementor-element-49646def elementor-widget elementor-widget-text-editor\" data-id=\"49646def\" data-element_type=\"widget\" data-e-type=\"widget\" data-widget_type=\"text-editor.default\">\n\t\t\t\t<div class=\"elementor-widget-container\">\n\t\t\t\t\t\t\t\t\t<p><strong>Webs<\/strong><\/p><p><strong>Haro<br \/><\/strong><a href=\"https:\/\/haro.org\/municipio\" target=\"_blank\" rel=\"noopener\">municipio<\/a><br \/><a href=\"https:\/\/www.haroturismo.org\/patrimonio\/\" target=\"_blank\" rel=\"noopener\">haroturismo<\/a><br \/><a href=\"https:\/\/es.wikipedia.org\/wiki\/Haro\" target=\"_blank\" rel=\"noopener\">wikipedia<\/a><br \/><a href=\"https:\/\/www.arteguias.com\/larioja\/harorioja.htm\" target=\"_blank\" rel=\"noopener\">arteguias<\/a><br \/><a href=\"https:\/\/www.haro.org\/es\/municipio\/haro-capital-del-rioja\" target=\"_blank\" rel=\"noopener\">haroorg<\/a><br \/><a href=\"https:\/\/lariojapremium.com\/rioja\/que-ver-en-haro\/\" target=\"_blank\" rel=\"noopener\">lariojapremium<\/a><br \/><a href=\"https:\/\/turismorioja.com\/rutas_y_patrimonio\/bodegas-del-barrio-de-la-estacion\/\" target=\"_blank\" rel=\"noopener\">lariojaturismo<\/a><\/p><p><strong>Barri de l&#8217;Estaci\u00f3<\/strong><br \/><a href=\"https:\/\/turismorioja.com\/rutas_y_patrimonio\/bodegas-del-barrio-de-la-estacion\/\" target=\"_blank\" rel=\"noopener\">turismorioja<\/a><br \/><a href=\"https:\/\/www.barrioestacion.com\" target=\"_blank\" rel=\"noopener\">barrioestacion<\/a><br \/><a href=\"https:\/\/www.vinoseleccion.com\/viaje-estacion-haro\" target=\"_blank\" rel=\"noopener\">vinoseleccion<\/a><\/p><p><strong>Webs academic<br \/><\/strong>Wikipedia. <a href=\"https:\/\/es.wikipedia.org\/wiki\/Historia_de_Haro\" target=\"_blank\" rel=\"noopener\"><em>Historia de Haro<\/em><\/a><br \/>Wikipedia. <a href=\"https:\/\/es.wikipedia.org\/wiki\/Historia_de_La_Rioja_(Espa%C3%B1a)\" target=\"_blank\" rel=\"noopener\"><em>Historia de La Rioja<\/em><\/a><br \/>S\u00e1enz Rodr\u00edguez, Minerva. <a href=\"http:\/\/www.gomezurdanez.com\/haro\/arte.pdf?i=1\" target=\"_blank\" rel=\"noopener\"><em>Haro hist\u00f3rico. El patrimonio art\u00edstico de la ciudad de Haro<\/em><\/a><br \/>Jos\u00e9 Manuel Ram\u00edrez Mart\u00ednez. <a href=\"http:\/\/www.gomezurdanez.com\/haro\/4.pdf\" target=\"_blank\" rel=\"noopener\"><em>La configuraci\u00f3n urbana de la villa se\u00f1orial<\/em><\/a><br \/>Foncea L\u00f3pez, Rosana. <em><a href=\"https:\/\/dialnet.unirioja.es\/descarga\/articulo\/1387394.pdf\" target=\"_blank\" rel=\"noopener\">Aportaci\u00f3n al estudio de la muralla y el torre\u00f3n de Haro<\/a><br \/><\/em>Andr\u00e9s Valero, Sebasti\u00e1n. <a href=\"https:\/\/dialnet.unirioja.es\/descarga\/articulo\/595371.pdf\" target=\"_blank\" rel=\"noopener\"><em>La Rioja en la Corona de Castilla<\/em><\/a><br \/>Goicolea Juli\u00e1n, Francisco J.. <em><a href=\"https:\/\/dialnet.unirioja.es\/descarga\/articulo\/61814.pdf\" target=\"_blank\" rel=\"noopener\">Poblamiento y organizaci\u00f3n pol\u00edtico-adminstrativa de las comunidades medievales del t\u00e9rmino de Haro en los siglos X-XII<\/a><br \/><\/em>Consultora Hiria UP. <a href=\"https:\/\/harodigital.com\/noticias-de-haro\/las-debilidades-y-fortalezas-de-haro-para-convertirse-en-destino-turistico-de-referencia\/\" target=\"_blank\" rel=\"noopener\"><em>&#8220;Debilidades y fortalezas&#8221; de Haro<\/em><\/a><\/p>\t\t\t\t\t\t\t\t<\/div>\n\t\t\t\t<\/div>\n\t\t\t\t\t<\/div>\n\t\t<\/div>\n\t\t\t\t\t<\/div>\n\t\t<\/section>\n\t\t\t\t<\/div>\n\t\t","protected":false},"excerpt":{"rendered":"<p>Haro (La Rioja) combina un nucli hist\u00f2ric monumental \u2014amb la seva col\u00b7legiata, palaus i places barroques\u2014 amb el Barri de l&#8217;Estaci\u00f3, enclavament \u00fanic on van n\u00e9ixer els grans cellers de &#8230; <a title=\"Haro (La Rioja)\" class=\"read-more\" href=\"https:\/\/www.elturistatranquil.com\/ca\/haro-la-rioja\/\" aria-label=\"M\u00e9s informaci\u00f3 sobre Haro (La Rioja)\">[ &#8230; ]<\/a><\/p>\n","protected":false},"author":1,"featured_media":58597,"comment_status":"open","ping_status":"closed","sticky":false,"template":"","format":"standard","meta":{"footnotes":""},"categories":[70,72,74,76,77,145,229,206,69,100,101,106,107],"tags":[],"class_list":["post-58615","post","type-post","status-publish","format-standard","has-post-thumbnail","hentry","category-arquitectura-civil-ca","category-arquitectura-religiosa-ca","category-barroc","category-ciutat","category-conjunts-historics","category-edat-mitjana","category-enoturisme","category-la-rioja-ca","category-arqueologia-industrial-ca","category-pobles-i-ciutats-amb-interes","category-renaixement","category-segle-xviii-xix","category-segle-xx-xxi","infinite-scroll-item","generate-columns","tablet-grid-50","mobile-grid-100","grid-parent","grid-50","no-featured-image-padding"],"yoast_head":"<!-- This site is optimized with the Yoast SEO plugin v27.4 - https:\/\/yoast.com\/product\/yoast-seo-wordpress\/ -->\n<title>Haro (La Rioja) - El turista tranquil<\/title>\n<meta name=\"description\" content=\"Haro (La Rioja) combina un nucli hist\u00f2ric monumental \u2014amb la seva col\u00b7legiata, palaus i places barroques\u2014 amb el Barri de l&#039;Estaci\u00f3, enclavament \u00fanic on van n\u00e9ixer els grans cellers de La Rioja al costat del ferrocarril. Patrimoni, paisatge i cultura vitivin\u00edcola es troben aqu\u00ed en un recorregut compacte i ple de car\u00e0cter.\" \/>\n<meta name=\"robots\" content=\"index, follow, max-snippet:-1, max-image-preview:large, max-video-preview:-1\" \/>\n<link rel=\"canonical\" href=\"https:\/\/www.elturistatranquil.com\/ca\/haro-la-rioja\/\" \/>\n<meta property=\"og:locale\" content=\"ca_ES\" \/>\n<meta property=\"og:type\" content=\"article\" \/>\n<meta property=\"og:title\" content=\"Haro (La Rioja) - El turista tranquil\" \/>\n<meta property=\"og:description\" content=\"Haro (La Rioja) combina un nucli hist\u00f2ric monumental \u2014amb la seva col\u00b7legiata, palaus i places barroques\u2014 amb el Barri de l&#039;Estaci\u00f3, enclavament \u00fanic on van n\u00e9ixer els grans cellers de La Rioja al costat del ferrocarril. Patrimoni, paisatge i cultura vitivin\u00edcola es troben aqu\u00ed en un recorregut compacte i ple de car\u00e0cter.\" \/>\n<meta property=\"og:url\" content=\"https:\/\/www.elturistatranquil.com\/ca\/haro-la-rioja\/\" \/>\n<meta property=\"og:site_name\" content=\"El turista tranquil\" \/>\n<meta property=\"article:publisher\" content=\"https:\/\/www.facebook.com\/elturistatranquilo\/\" \/>\n<meta property=\"article:published_time\" content=\"2025-05-17T16:56:16+00:00\" \/>\n<meta property=\"article:modified_time\" content=\"2025-05-27T18:25:12+00:00\" \/>\n<meta property=\"og:image\" content=\"https:\/\/www.elturistatranquil.com\/wp-content\/uploads\/F00-Haro-La-Rioja.jpg\" \/>\n\t<meta property=\"og:image:width\" content=\"768\" \/>\n\t<meta property=\"og:image:height\" content=\"512\" \/>\n\t<meta property=\"og:image:type\" content=\"image\/jpeg\" \/>\n<meta name=\"author\" content=\"admin\" \/>\n<meta name=\"twitter:card\" content=\"summary_large_image\" \/>\n<meta name=\"twitter:label1\" content=\"Escrit per\" \/>\n\t<meta name=\"twitter:data1\" content=\"admin\" \/>\n\t<meta name=\"twitter:label2\" content=\"Temps estimat de lectura\" \/>\n\t<meta name=\"twitter:data2\" content=\"59 minuts\" \/>\n<script type=\"application\/ld+json\" class=\"yoast-schema-graph\">{\"@context\":\"https:\\\/\\\/schema.org\",\"@graph\":[{\"@type\":\"Article\",\"@id\":\"https:\\\/\\\/www.elturistatranquil.com\\\/ca\\\/haro-la-rioja\\\/#article\",\"isPartOf\":{\"@id\":\"https:\\\/\\\/www.elturistatranquil.com\\\/ca\\\/haro-la-rioja\\\/\"},\"author\":{\"name\":\"admin\",\"@id\":\"https:\\\/\\\/www.elturistatranquil.com\\\/ca\\\/#\\\/schema\\\/person\\\/16f607c3079b96ed0c530a52e6b58bb5\"},\"headline\":\"Haro (La Rioja)\",\"datePublished\":\"2025-05-17T16:56:16+00:00\",\"dateModified\":\"2025-05-27T18:25:12+00:00\",\"mainEntityOfPage\":{\"@id\":\"https:\\\/\\\/www.elturistatranquil.com\\\/ca\\\/haro-la-rioja\\\/\"},\"wordCount\":7571,\"commentCount\":0,\"image\":{\"@id\":\"https:\\\/\\\/www.elturistatranquil.com\\\/ca\\\/haro-la-rioja\\\/#primaryimage\"},\"thumbnailUrl\":\"https:\\\/\\\/www.elturistatranquil.com\\\/wp-content\\\/uploads\\\/F00-Haro-La-Rioja.jpg\",\"articleSection\":[\"Arquitectura civil\",\"Arquitectura religiosa\",\"Barroc\",\"Ciutat\",\"Conjunts hist\u00f2rics\",\"Edat mitjana\",\"Enoturisme\",\"La Rioja\",\"Patrimoni econ\u00f2mic\\\/productiu\",\"Pobles i ciutats amb inter\u00e9s\",\"Renaixement\",\"Segle XVIII-XIX\",\"Segle XX-XXI\"],\"inLanguage\":\"ca\",\"potentialAction\":[{\"@type\":\"CommentAction\",\"name\":\"Comment\",\"target\":[\"https:\\\/\\\/www.elturistatranquil.com\\\/ca\\\/haro-la-rioja\\\/#respond\"]}]},{\"@type\":\"WebPage\",\"@id\":\"https:\\\/\\\/www.elturistatranquil.com\\\/ca\\\/haro-la-rioja\\\/\",\"url\":\"https:\\\/\\\/www.elturistatranquil.com\\\/ca\\\/haro-la-rioja\\\/\",\"name\":\"Haro (La Rioja) - El turista tranquil\",\"isPartOf\":{\"@id\":\"https:\\\/\\\/www.elturistatranquil.com\\\/ca\\\/#website\"},\"primaryImageOfPage\":{\"@id\":\"https:\\\/\\\/www.elturistatranquil.com\\\/ca\\\/haro-la-rioja\\\/#primaryimage\"},\"image\":{\"@id\":\"https:\\\/\\\/www.elturistatranquil.com\\\/ca\\\/haro-la-rioja\\\/#primaryimage\"},\"thumbnailUrl\":\"https:\\\/\\\/www.elturistatranquil.com\\\/wp-content\\\/uploads\\\/F00-Haro-La-Rioja.jpg\",\"datePublished\":\"2025-05-17T16:56:16+00:00\",\"dateModified\":\"2025-05-27T18:25:12+00:00\",\"author\":{\"@id\":\"https:\\\/\\\/www.elturistatranquil.com\\\/ca\\\/#\\\/schema\\\/person\\\/16f607c3079b96ed0c530a52e6b58bb5\"},\"description\":\"Haro (La Rioja) combina un nucli hist\u00f2ric monumental \u2014amb la seva col\u00b7legiata, palaus i places barroques\u2014 amb el Barri de l'Estaci\u00f3, enclavament \u00fanic on van n\u00e9ixer els grans cellers de La Rioja al costat del ferrocarril. Patrimoni, paisatge i cultura vitivin\u00edcola es troben aqu\u00ed en un recorregut compacte i ple de car\u00e0cter.\",\"breadcrumb\":{\"@id\":\"https:\\\/\\\/www.elturistatranquil.com\\\/ca\\\/haro-la-rioja\\\/#breadcrumb\"},\"inLanguage\":\"ca\",\"potentialAction\":[{\"@type\":\"ReadAction\",\"target\":[\"https:\\\/\\\/www.elturistatranquil.com\\\/ca\\\/haro-la-rioja\\\/\"]}]},{\"@type\":\"ImageObject\",\"inLanguage\":\"ca\",\"@id\":\"https:\\\/\\\/www.elturistatranquil.com\\\/ca\\\/haro-la-rioja\\\/#primaryimage\",\"url\":\"https:\\\/\\\/www.elturistatranquil.com\\\/wp-content\\\/uploads\\\/F00-Haro-La-Rioja.jpg\",\"contentUrl\":\"https:\\\/\\\/www.elturistatranquil.com\\\/wp-content\\\/uploads\\\/F00-Haro-La-Rioja.jpg\",\"width\":768,\"height\":512,\"caption\":\"Haro, La Rioja\"},{\"@type\":\"BreadcrumbList\",\"@id\":\"https:\\\/\\\/www.elturistatranquil.com\\\/ca\\\/haro-la-rioja\\\/#breadcrumb\",\"itemListElement\":[{\"@type\":\"ListItem\",\"position\":1,\"name\":\"Portada\",\"item\":\"https:\\\/\\\/www.elturistatranquil.com\\\/ca\\\/\"},{\"@type\":\"ListItem\",\"position\":2,\"name\":\"Haro (La Rioja)\"}]},{\"@type\":\"WebSite\",\"@id\":\"https:\\\/\\\/www.elturistatranquil.com\\\/ca\\\/#website\",\"url\":\"https:\\\/\\\/www.elturistatranquil.com\\\/ca\\\/\",\"name\":\"El turista tranquil\",\"description\":\"Blog de viatges\",\"potentialAction\":[{\"@type\":\"SearchAction\",\"target\":{\"@type\":\"EntryPoint\",\"urlTemplate\":\"https:\\\/\\\/www.elturistatranquil.com\\\/ca\\\/?s={search_term_string}\"},\"query-input\":{\"@type\":\"PropertyValueSpecification\",\"valueRequired\":true,\"valueName\":\"search_term_string\"}}],\"inLanguage\":\"ca\"},{\"@type\":\"Person\",\"@id\":\"https:\\\/\\\/www.elturistatranquil.com\\\/ca\\\/#\\\/schema\\\/person\\\/16f607c3079b96ed0c530a52e6b58bb5\",\"name\":\"admin\",\"image\":{\"@type\":\"ImageObject\",\"inLanguage\":\"ca\",\"@id\":\"https:\\\/\\\/secure.gravatar.com\\\/avatar\\\/1fbaf22aee75fcbb29a2f97b107f95d25d3a19b7c3416105be10269872673e8d?s=96&d=mm&r=g\",\"url\":\"https:\\\/\\\/secure.gravatar.com\\\/avatar\\\/1fbaf22aee75fcbb29a2f97b107f95d25d3a19b7c3416105be10269872673e8d?s=96&d=mm&r=g\",\"contentUrl\":\"https:\\\/\\\/secure.gravatar.com\\\/avatar\\\/1fbaf22aee75fcbb29a2f97b107f95d25d3a19b7c3416105be10269872673e8d?s=96&d=mm&r=g\",\"caption\":\"admin\"}}]}<\/script>\n<!-- \/ Yoast SEO plugin. -->","yoast_head_json":{"title":"Haro (La Rioja) - El turista tranquil","description":"Haro (La Rioja) combina un nucli hist\u00f2ric monumental \u2014amb la seva col\u00b7legiata, palaus i places barroques\u2014 amb el Barri de l'Estaci\u00f3, enclavament \u00fanic on van n\u00e9ixer els grans cellers de La Rioja al costat del ferrocarril. Patrimoni, paisatge i cultura vitivin\u00edcola es troben aqu\u00ed en un recorregut compacte i ple de car\u00e0cter.","robots":{"index":"index","follow":"follow","max-snippet":"max-snippet:-1","max-image-preview":"max-image-preview:large","max-video-preview":"max-video-preview:-1"},"canonical":"https:\/\/www.elturistatranquil.com\/ca\/haro-la-rioja\/","og_locale":"ca_ES","og_type":"article","og_title":"Haro (La Rioja) - El turista tranquil","og_description":"Haro (La Rioja) combina un nucli hist\u00f2ric monumental \u2014amb la seva col\u00b7legiata, palaus i places barroques\u2014 amb el Barri de l'Estaci\u00f3, enclavament \u00fanic on van n\u00e9ixer els grans cellers de La Rioja al costat del ferrocarril. Patrimoni, paisatge i cultura vitivin\u00edcola es troben aqu\u00ed en un recorregut compacte i ple de car\u00e0cter.","og_url":"https:\/\/www.elturistatranquil.com\/ca\/haro-la-rioja\/","og_site_name":"El turista tranquil","article_publisher":"https:\/\/www.facebook.com\/elturistatranquilo\/","article_published_time":"2025-05-17T16:56:16+00:00","article_modified_time":"2025-05-27T18:25:12+00:00","og_image":[{"width":768,"height":512,"url":"https:\/\/www.elturistatranquil.com\/wp-content\/uploads\/F00-Haro-La-Rioja.jpg","type":"image\/jpeg"}],"author":"admin","twitter_card":"summary_large_image","twitter_misc":{"Escrit per":"admin","Temps estimat de lectura":"59 minuts"},"schema":{"@context":"https:\/\/schema.org","@graph":[{"@type":"Article","@id":"https:\/\/www.elturistatranquil.com\/ca\/haro-la-rioja\/#article","isPartOf":{"@id":"https:\/\/www.elturistatranquil.com\/ca\/haro-la-rioja\/"},"author":{"name":"admin","@id":"https:\/\/www.elturistatranquil.com\/ca\/#\/schema\/person\/16f607c3079b96ed0c530a52e6b58bb5"},"headline":"Haro (La Rioja)","datePublished":"2025-05-17T16:56:16+00:00","dateModified":"2025-05-27T18:25:12+00:00","mainEntityOfPage":{"@id":"https:\/\/www.elturistatranquil.com\/ca\/haro-la-rioja\/"},"wordCount":7571,"commentCount":0,"image":{"@id":"https:\/\/www.elturistatranquil.com\/ca\/haro-la-rioja\/#primaryimage"},"thumbnailUrl":"https:\/\/www.elturistatranquil.com\/wp-content\/uploads\/F00-Haro-La-Rioja.jpg","articleSection":["Arquitectura civil","Arquitectura religiosa","Barroc","Ciutat","Conjunts hist\u00f2rics","Edat mitjana","Enoturisme","La Rioja","Patrimoni econ\u00f2mic\/productiu","Pobles i ciutats amb inter\u00e9s","Renaixement","Segle XVIII-XIX","Segle XX-XXI"],"inLanguage":"ca","potentialAction":[{"@type":"CommentAction","name":"Comment","target":["https:\/\/www.elturistatranquil.com\/ca\/haro-la-rioja\/#respond"]}]},{"@type":"WebPage","@id":"https:\/\/www.elturistatranquil.com\/ca\/haro-la-rioja\/","url":"https:\/\/www.elturistatranquil.com\/ca\/haro-la-rioja\/","name":"Haro (La Rioja) - El turista tranquil","isPartOf":{"@id":"https:\/\/www.elturistatranquil.com\/ca\/#website"},"primaryImageOfPage":{"@id":"https:\/\/www.elturistatranquil.com\/ca\/haro-la-rioja\/#primaryimage"},"image":{"@id":"https:\/\/www.elturistatranquil.com\/ca\/haro-la-rioja\/#primaryimage"},"thumbnailUrl":"https:\/\/www.elturistatranquil.com\/wp-content\/uploads\/F00-Haro-La-Rioja.jpg","datePublished":"2025-05-17T16:56:16+00:00","dateModified":"2025-05-27T18:25:12+00:00","author":{"@id":"https:\/\/www.elturistatranquil.com\/ca\/#\/schema\/person\/16f607c3079b96ed0c530a52e6b58bb5"},"description":"Haro (La Rioja) combina un nucli hist\u00f2ric monumental \u2014amb la seva col\u00b7legiata, palaus i places barroques\u2014 amb el Barri de l'Estaci\u00f3, enclavament \u00fanic on van n\u00e9ixer els grans cellers de La Rioja al costat del ferrocarril. Patrimoni, paisatge i cultura vitivin\u00edcola es troben aqu\u00ed en un recorregut compacte i ple de car\u00e0cter.","breadcrumb":{"@id":"https:\/\/www.elturistatranquil.com\/ca\/haro-la-rioja\/#breadcrumb"},"inLanguage":"ca","potentialAction":[{"@type":"ReadAction","target":["https:\/\/www.elturistatranquil.com\/ca\/haro-la-rioja\/"]}]},{"@type":"ImageObject","inLanguage":"ca","@id":"https:\/\/www.elturistatranquil.com\/ca\/haro-la-rioja\/#primaryimage","url":"https:\/\/www.elturistatranquil.com\/wp-content\/uploads\/F00-Haro-La-Rioja.jpg","contentUrl":"https:\/\/www.elturistatranquil.com\/wp-content\/uploads\/F00-Haro-La-Rioja.jpg","width":768,"height":512,"caption":"Haro, La Rioja"},{"@type":"BreadcrumbList","@id":"https:\/\/www.elturistatranquil.com\/ca\/haro-la-rioja\/#breadcrumb","itemListElement":[{"@type":"ListItem","position":1,"name":"Portada","item":"https:\/\/www.elturistatranquil.com\/ca\/"},{"@type":"ListItem","position":2,"name":"Haro (La Rioja)"}]},{"@type":"WebSite","@id":"https:\/\/www.elturistatranquil.com\/ca\/#website","url":"https:\/\/www.elturistatranquil.com\/ca\/","name":"El turista tranquil","description":"Blog de viatges","potentialAction":[{"@type":"SearchAction","target":{"@type":"EntryPoint","urlTemplate":"https:\/\/www.elturistatranquil.com\/ca\/?s={search_term_string}"},"query-input":{"@type":"PropertyValueSpecification","valueRequired":true,"valueName":"search_term_string"}}],"inLanguage":"ca"},{"@type":"Person","@id":"https:\/\/www.elturistatranquil.com\/ca\/#\/schema\/person\/16f607c3079b96ed0c530a52e6b58bb5","name":"admin","image":{"@type":"ImageObject","inLanguage":"ca","@id":"https:\/\/secure.gravatar.com\/avatar\/1fbaf22aee75fcbb29a2f97b107f95d25d3a19b7c3416105be10269872673e8d?s=96&d=mm&r=g","url":"https:\/\/secure.gravatar.com\/avatar\/1fbaf22aee75fcbb29a2f97b107f95d25d3a19b7c3416105be10269872673e8d?s=96&d=mm&r=g","contentUrl":"https:\/\/secure.gravatar.com\/avatar\/1fbaf22aee75fcbb29a2f97b107f95d25d3a19b7c3416105be10269872673e8d?s=96&d=mm&r=g","caption":"admin"}}]}},"_links":{"self":[{"href":"https:\/\/www.elturistatranquil.com\/ca\/wp-json\/wp\/v2\/posts\/58615","targetHints":{"allow":["GET"]}}],"collection":[{"href":"https:\/\/www.elturistatranquil.com\/ca\/wp-json\/wp\/v2\/posts"}],"about":[{"href":"https:\/\/www.elturistatranquil.com\/ca\/wp-json\/wp\/v2\/types\/post"}],"author":[{"embeddable":true,"href":"https:\/\/www.elturistatranquil.com\/ca\/wp-json\/wp\/v2\/users\/1"}],"replies":[{"embeddable":true,"href":"https:\/\/www.elturistatranquil.com\/ca\/wp-json\/wp\/v2\/comments?post=58615"}],"version-history":[{"count":5,"href":"https:\/\/www.elturistatranquil.com\/ca\/wp-json\/wp\/v2\/posts\/58615\/revisions"}],"predecessor-version":[{"id":58669,"href":"https:\/\/www.elturistatranquil.com\/ca\/wp-json\/wp\/v2\/posts\/58615\/revisions\/58669"}],"wp:featuredmedia":[{"embeddable":true,"href":"https:\/\/www.elturistatranquil.com\/ca\/wp-json\/wp\/v2\/media\/58597"}],"wp:attachment":[{"href":"https:\/\/www.elturistatranquil.com\/ca\/wp-json\/wp\/v2\/media?parent=58615"}],"wp:term":[{"taxonomy":"category","embeddable":true,"href":"https:\/\/www.elturistatranquil.com\/ca\/wp-json\/wp\/v2\/categories?post=58615"},{"taxonomy":"post_tag","embeddable":true,"href":"https:\/\/www.elturistatranquil.com\/ca\/wp-json\/wp\/v2\/tags?post=58615"}],"curies":[{"name":"wp","href":"https:\/\/api.w.org\/{rel}","templated":true}]}}