{"id":5883,"date":"2018-08-25T17:36:12","date_gmt":"2018-08-25T15:36:12","guid":{"rendered":"https:\/\/www.elturistatranquil.com\/?p=5883"},"modified":"2019-01-27T18:46:53","modified_gmt":"2019-01-27T17:46:53","slug":"albarracin","status":"publish","type":"post","link":"https:\/\/www.elturistatranquil.com\/ca\/albarracin\/","title":{"rendered":"Albarrac\u00edn (Terol)"},"content":{"rendered":"\t\t<div data-elementor-type=\"wp-post\" data-elementor-id=\"5883\" class=\"elementor elementor-5883 elementor-5873 elementor-bc-flex-widget\" data-elementor-post-type=\"post\">\n\t\t\t\t\t\t<section class=\"elementor-section elementor-top-section elementor-element elementor-element-730e021c elementor-section-boxed elementor-section-height-default elementor-section-height-default\" data-id=\"730e021c\" data-element_type=\"section\" data-e-type=\"section\">\n\t\t\t\t\t\t<div class=\"elementor-container elementor-column-gap-default\">\n\t\t\t\t\t<div class=\"elementor-column elementor-col-100 elementor-top-column elementor-element elementor-element-5698b93b\" data-id=\"5698b93b\" data-element_type=\"column\" data-e-type=\"column\">\n\t\t\t<div class=\"elementor-widget-wrap elementor-element-populated\">\n\t\t\t\t\t\t<section class=\"elementor-section elementor-inner-section elementor-element elementor-element-18ff392b elementor-section-content-middle elementor-section-boxed elementor-section-height-default elementor-section-height-default\" data-id=\"18ff392b\" data-element_type=\"section\" data-e-type=\"section\">\n\t\t\t\t\t\t<div class=\"elementor-container elementor-column-gap-default\">\n\t\t\t\t\t<div class=\"elementor-column elementor-col-100 elementor-inner-column elementor-element elementor-element-4e790ca1\" data-id=\"4e790ca1\" data-element_type=\"column\" data-e-type=\"column\">\n\t\t\t<div class=\"elementor-widget-wrap elementor-element-populated\">\n\t\t\t\t\t\t<div class=\"elementor-element elementor-element-3b7257e3 elementor-widget elementor-widget-text-editor\" data-id=\"3b7257e3\" data-element_type=\"widget\" data-e-type=\"widget\" data-widget_type=\"text-editor.default\">\n\t\t\t\t<div class=\"elementor-widget-container\">\n\t\t\t\t\t\t\t\t\t<p><em>Albarrac\u00edn<\/em> (Teruel). La combinaci\u00f3 de l\u2019enclavament geogr\u00e0fic i el conglomerat urb\u00e0 i les muralles, en fan un lloc \u00fanic. Com ja va dir Azor\u00edn: &#8220;<em>Visiti una de les ciutats m\u00e9s boniques d&#8217;Espanya, visiteu Albarrac\u00edn<\/em>&#8220;.<\/p>\t\t\t\t\t\t\t\t<\/div>\n\t\t\t\t<\/div>\n\t\t\t\t\t<\/div>\n\t\t<\/div>\n\t\t\t\t\t<\/div>\n\t\t<\/section>\n\t\t\t\t<div class=\"elementor-element elementor-element-6376ba6b elementor-widget elementor-widget-heading\" data-id=\"6376ba6b\" data-element_type=\"widget\" data-e-type=\"widget\" data-widget_type=\"heading.default\">\n\t\t\t\t<div class=\"elementor-widget-container\">\n\t\t\t\t\t<h1 class=\"elementor-heading-title elementor-size-default\">Albarrac\u00edn<\/h1>\t\t\t\t<\/div>\n\t\t\t\t<\/div>\n\t\t\t\t\t<\/div>\n\t\t<\/div>\n\t\t\t\t\t<\/div>\n\t\t<\/section>\n\t\t\t\t<section class=\"elementor-section elementor-top-section elementor-element elementor-element-b3e9e23 elementor-section-boxed elementor-section-height-default elementor-section-height-default\" data-id=\"b3e9e23\" data-element_type=\"section\" data-e-type=\"section\">\n\t\t\t\t\t\t<div class=\"elementor-container elementor-column-gap-default\">\n\t\t\t\t\t<div class=\"elementor-column elementor-col-100 elementor-top-column elementor-element elementor-element-4e52652\" data-id=\"4e52652\" data-element_type=\"column\" data-e-type=\"column\">\n\t\t\t<div class=\"elementor-widget-wrap elementor-element-populated\">\n\t\t\t\t\t\t<div class=\"elementor-element elementor-element-48c5e6fb elementor-widget elementor-widget-image\" data-id=\"48c5e6fb\" data-element_type=\"widget\" data-e-type=\"widget\" data-widget_type=\"image.default\">\n\t\t\t\t<div class=\"elementor-widget-container\">\n\t\t\t\t\t\t\t\t\t\t\t\t<figure class=\"wp-caption\">\n\t\t\t\t\t\t\t\t\t\t<img fetchpriority=\"high\" decoding=\"async\" width=\"800\" height=\"534\" src=\"https:\/\/www.elturistatranquil.com\/wp-content\/uploads\/F01-Albarracin-Google-earth-2018-08-18-2-1.jpg\" class=\"attachment-large size-large wp-image-6111\" alt=\"\" srcset=\"https:\/\/www.elturistatranquil.com\/wp-content\/uploads\/F01-Albarracin-Google-earth-2018-08-18-2-1.jpg 800w, https:\/\/www.elturistatranquil.com\/wp-content\/uploads\/F01-Albarracin-Google-earth-2018-08-18-2-1-768x513.jpg 768w\" sizes=\"(max-width: 800px) 100vw, 800px\" \/>\t\t\t\t\t\t\t\t\t\t\t<figcaption class=\"widget-image-caption wp-caption-text\">Albarrac\u00edn (Google earth 2018-08-18)<\/figcaption>\n\t\t\t\t\t\t\t\t\t\t<\/figure>\n\t\t\t\t\t\t\t\t\t<\/div>\n\t\t\t\t<\/div>\n\t\t\t\t<div class=\"elementor-element elementor-element-79f8da2d elementor-widget elementor-widget-spacer\" data-id=\"79f8da2d\" data-element_type=\"widget\" data-e-type=\"widget\" data-widget_type=\"spacer.default\">\n\t\t\t\t<div class=\"elementor-widget-container\">\n\t\t\t\t\t\t\t<div class=\"elementor-spacer\">\n\t\t\t<div class=\"elementor-spacer-inner\"><\/div>\n\t\t<\/div>\n\t\t\t\t\t\t<\/div>\n\t\t\t\t<\/div>\n\t\t\t\t<div class=\"elementor-element elementor-element-789ebfd6 elementor-widget elementor-widget-heading\" data-id=\"789ebfd6\" data-element_type=\"widget\" data-e-type=\"widget\" data-widget_type=\"heading.default\">\n\t\t\t\t<div class=\"elementor-widget-container\">\n\t\t\t\t\t<h2 class=\"elementor-heading-title elementor-size-default\">Albarrac\u00edn (Sierra de Albarrac\u00edn, Terol)<\/h2>\t\t\t\t<\/div>\n\t\t\t\t<\/div>\n\t\t\t\t<section class=\"elementor-section elementor-inner-section elementor-element elementor-element-23e7357f elementor-section-boxed elementor-section-height-default elementor-section-height-default\" data-id=\"23e7357f\" data-element_type=\"section\" data-e-type=\"section\" data-settings=\"{&quot;background_background&quot;:&quot;classic&quot;}\">\n\t\t\t\t\t\t<div class=\"elementor-container elementor-column-gap-default\">\n\t\t\t\t\t<div class=\"elementor-column elementor-col-100 elementor-inner-column elementor-element elementor-element-5ea2cf3e\" data-id=\"5ea2cf3e\" data-element_type=\"column\" data-e-type=\"column\" data-settings=\"{&quot;background_background&quot;:&quot;classic&quot;}\">\n\t\t\t<div class=\"elementor-widget-wrap elementor-element-populated\">\n\t\t\t\t\t\t<div class=\"elementor-element elementor-element-393d4715 elementor-widget elementor-widget-text-editor\" data-id=\"393d4715\" data-element_type=\"widget\" data-e-type=\"widget\" data-widget_type=\"text-editor.default\">\n\t\t\t\t<div class=\"elementor-widget-container\">\n\t\t\t\t\t\t\t\t\t<p>Comarca: Sierra de Albarrac\u00edn. Prov\u00edncia: Terol. Com. Aut\u00f2noma: Arag\u00f3<\/p>\t\t\t\t\t\t\t\t<\/div>\n\t\t\t\t<\/div>\n\t\t\t\t<div class=\"elementor-element elementor-element-59efbcb3 elementor-widget elementor-widget-text-editor\" data-id=\"59efbcb3\" data-element_type=\"widget\" data-e-type=\"widget\" data-widget_type=\"text-editor.default\">\n\t\t\t\t<div class=\"elementor-widget-container\">\n\t\t\t\t\t\t\t\t\t<p>Coordenades: Altitud: 1.171 msnm. Poblaci\u00f3: 1.008 habitants a la ciutat, 1.044 al municipi (2017).<\/p>\t\t\t\t\t\t\t\t<\/div>\n\t\t\t\t<\/div>\n\t\t\t\t<div class=\"elementor-element elementor-element-a9fa0d6 elementor-widget elementor-widget-text-editor\" data-id=\"a9fa0d6\" data-element_type=\"widget\" data-e-type=\"widget\" data-widget_type=\"text-editor.default\">\n\t\t\t\t<div class=\"elementor-widget-container\">\n\t\t\t\t\t\t\t\t\t<p>Web: <a href=\"http:\/\/www.albarracin.es\/\" target=\"_blank\" rel=\"noopener\">AyuntamientoAlbarac\u00edn<\/a><\/p>\t\t\t\t\t\t\t\t<\/div>\n\t\t\t\t<\/div>\n\t\t\t\t<div class=\"elementor-element elementor-element-5668919b elementor-widget elementor-widget-text-editor\" data-id=\"5668919b\" data-element_type=\"widget\" data-e-type=\"widget\" data-widget_type=\"text-editor.default\">\n\t\t\t\t<div class=\"elementor-widget-container\">\n\t\t\t\t\t\t\t\t\t<p>Monument Nacional<\/p>\t\t\t\t\t\t\t\t<\/div>\n\t\t\t\t<\/div>\n\t\t\t\t<div class=\"elementor-element elementor-element-487e1299 elementor-widget elementor-widget-text-editor\" data-id=\"487e1299\" data-element_type=\"widget\" data-e-type=\"widget\" data-widget_type=\"text-editor.default\">\n\t\t\t\t<div class=\"elementor-widget-container\">\n\t\t\t\t\t\t\t\t\t<p>Visita: 2018<\/p>\t\t\t\t\t\t\t\t<\/div>\n\t\t\t\t<\/div>\n\t\t\t\t\t<\/div>\n\t\t<\/div>\n\t\t\t\t\t<\/div>\n\t\t<\/section>\n\t\t\t\t<div class=\"elementor-element elementor-element-32224b27 elementor-widget elementor-widget-image\" data-id=\"32224b27\" data-element_type=\"widget\" data-e-type=\"widget\" data-widget_type=\"image.default\">\n\t\t\t\t<div class=\"elementor-widget-container\">\n\t\t\t\t\t\t\t\t\t\t\t\t<figure class=\"wp-caption\">\n\t\t\t\t\t\t\t\t\t\t<img decoding=\"async\" width=\"768\" height=\"513\" src=\"https:\/\/www.elturistatranquil.com\/wp-content\/uploads\/F02-Albarracin-Google-earth-2018-08-18-1-768x513.jpg\" class=\"attachment-medium_large size-medium_large wp-image-6113\" alt=\"\" srcset=\"https:\/\/www.elturistatranquil.com\/wp-content\/uploads\/F02-Albarracin-Google-earth-2018-08-18-1-768x513.jpg 768w, https:\/\/www.elturistatranquil.com\/wp-content\/uploads\/F02-Albarracin-Google-earth-2018-08-18-1.jpg 800w\" sizes=\"(max-width: 768px) 100vw, 768px\" \/>\t\t\t\t\t\t\t\t\t\t\t<figcaption class=\"widget-image-caption wp-caption-text\">Mapa de situaci\u00f3 d\u2019Albarrac\u00edn (Google earth 2018-08-18)<\/figcaption>\n\t\t\t\t\t\t\t\t\t\t<\/figure>\n\t\t\t\t\t\t\t\t\t<\/div>\n\t\t\t\t<\/div>\n\t\t\t\t<section class=\"elementor-section elementor-inner-section elementor-element elementor-element-38b4dd7f elementor-section-boxed elementor-section-height-default elementor-section-height-default\" data-id=\"38b4dd7f\" data-element_type=\"section\" data-e-type=\"section\" data-settings=\"{&quot;background_background&quot;:&quot;classic&quot;}\">\n\t\t\t\t\t\t<div class=\"elementor-container elementor-column-gap-default\">\n\t\t\t\t\t<div class=\"elementor-column elementor-col-100 elementor-inner-column elementor-element elementor-element-5a834a66\" data-id=\"5a834a66\" data-element_type=\"column\" data-e-type=\"column\">\n\t\t\t<div class=\"elementor-widget-wrap elementor-element-populated\">\n\t\t\t\t\t\t<div class=\"elementor-element elementor-element-204153bd elementor-widget elementor-widget-text-editor\" data-id=\"204153bd\" data-element_type=\"widget\" data-e-type=\"widget\" data-widget_type=\"text-editor.default\">\n\t\t\t\t<div class=\"elementor-widget-container\">\n\t\t\t\t\t\t\t\t\t<h6>\u00cdndex<\/h6>\t\t\t\t\t\t\t\t<\/div>\n\t\t\t\t<\/div>\n\t\t\t\t<div class=\"elementor-element elementor-element-60e3fb0 elementor-widget elementor-widget-text-editor\" data-id=\"60e3fb0\" data-element_type=\"widget\" data-e-type=\"widget\" data-widget_type=\"text-editor.default\">\n\t\t\t\t<div class=\"elementor-widget-container\">\n\t\t\t\t\t\t\t\t\t<p><a href=\"https:\/\/www.elturistatranquil.com\/ca\/albarracin\/#c1401\">Albarrac\u00edn (Sierra de Albarrac\u00edn, Terol)<\/a><\/p>\t\t\t\t\t\t\t\t<\/div>\n\t\t\t\t<\/div>\n\t\t\t\t<div class=\"elementor-element elementor-element-4701cd32 elementor-widget elementor-widget-text-editor\" data-id=\"4701cd32\" data-element_type=\"widget\" data-e-type=\"widget\" data-widget_type=\"text-editor.default\">\n\t\t\t\t<div class=\"elementor-widget-container\">\n\t\t\t\t\t\t\t\t\t<p><a href=\"https:\/\/www.elturistatranquil.com\/ca\/albarracin\/#c1402\">Una mica d&#8217;hist\u00f2ria d\u2019Albarrac\u00edn<\/a><\/p>\t\t\t\t\t\t\t\t<\/div>\n\t\t\t\t<\/div>\n\t\t\t\t<div class=\"elementor-element elementor-element-5059019b elementor-widget elementor-widget-text-editor\" data-id=\"5059019b\" data-element_type=\"widget\" data-e-type=\"widget\" data-widget_type=\"text-editor.default\">\n\t\t\t\t<div class=\"elementor-widget-container\">\n\t\t\t\t\t\t\t\t\t<p><a href=\"https:\/\/www.elturistatranquil.com\/ca\/albarracin\/#c1402\">Elements d\u2019arquitectura i constructius<\/a><\/p>\t\t\t\t\t\t\t\t<\/div>\n\t\t\t\t<\/div>\n\t\t\t\t<div class=\"elementor-element elementor-element-569679ff elementor-widget elementor-widget-text-editor\" data-id=\"569679ff\" data-element_type=\"widget\" data-e-type=\"widget\" data-widget_type=\"text-editor.default\">\n\t\t\t\t<div class=\"elementor-widget-container\">\n\t\t\t\t\t\t\t\t\t<p style=\"padding-left: 60px;\"><a href=\"https:\/\/www.elturistatranquil.com\/ca\/albarracin\/#c1404\">La morfologia urbana<\/a><\/p>\t\t\t\t\t\t\t\t<\/div>\n\t\t\t\t<\/div>\n\t\t\t\t<div class=\"elementor-element elementor-element-34fa4c9d elementor-widget elementor-widget-text-editor\" data-id=\"34fa4c9d\" data-element_type=\"widget\" data-e-type=\"widget\" data-widget_type=\"text-editor.default\">\n\t\t\t\t<div class=\"elementor-widget-container\">\n\t\t\t\t\t\t\t\t\t<p style=\"padding-left: 60px;\"><a href=\"https:\/\/www.elturistatranquil.com\/ca\/albarracin\/#c1405\">El color \u201calbarrac\u00edn\u201d de les edificacions<\/a><\/p>\t\t\t\t\t\t\t\t<\/div>\n\t\t\t\t<\/div>\n\t\t\t\t<div class=\"elementor-element elementor-element-717f5fb1 elementor-widget elementor-widget-text-editor\" data-id=\"717f5fb1\" data-element_type=\"widget\" data-e-type=\"widget\" data-widget_type=\"text-editor.default\">\n\t\t\t\t<div class=\"elementor-widget-container\">\n\t\t\t\t\t\t\t\t\t<p style=\"padding-left: 60px;\"><a href=\"https:\/\/www.elturistatranquil.com\/ca\/albarracin\/#c1406\">Cases nobles i edificacions populars<\/a><\/p>\t\t\t\t\t\t\t\t<\/div>\n\t\t\t\t<\/div>\n\t\t\t\t<div class=\"elementor-element elementor-element-17bc3fde elementor-widget elementor-widget-text-editor\" data-id=\"17bc3fde\" data-element_type=\"widget\" data-e-type=\"widget\" data-widget_type=\"text-editor.default\">\n\t\t\t\t<div class=\"elementor-widget-container\">\n\t\t\t\t\t\t\t\t\t<p style=\"padding-left: 60px;\"><a href=\"https:\/\/www.elturistatranquil.com\/ca\/albarracin\/#c1407\">Elements constructius: balcons, porxos i finestres. Fusta i forja<\/a><\/p>\t\t\t\t\t\t\t\t<\/div>\n\t\t\t\t<\/div>\n\t\t\t\t<div class=\"elementor-element elementor-element-6a0636a1 elementor-widget elementor-widget-text-editor\" data-id=\"6a0636a1\" data-element_type=\"widget\" data-e-type=\"widget\" data-widget_type=\"text-editor.default\">\n\t\t\t\t<div class=\"elementor-widget-container\">\n\t\t\t\t\t\t\t\t\t<p><a href=\"https:\/\/www.elturistatranquil.com\/ca\/albarracin\/#c1408\">La ciutat d\u2019Albarrac\u00edn<\/a><\/p>\t\t\t\t\t\t\t\t<\/div>\n\t\t\t\t<\/div>\n\t\t\t\t<div class=\"elementor-element elementor-element-13835e91 elementor-widget elementor-widget-text-editor\" data-id=\"13835e91\" data-element_type=\"widget\" data-e-type=\"widget\" data-widget_type=\"text-editor.default\">\n\t\t\t\t<div class=\"elementor-widget-container\">\n\t\t\t\t\t\t\t\t\t<p><a href=\"https:\/\/www.elturistatranquil.com\/ca\/albarracin\/#c1409\">El recinte murat: la muralla i la alcassaba<\/a><\/p>\t\t\t\t\t\t\t\t<\/div>\n\t\t\t\t<\/div>\n\t\t\t\t<div class=\"elementor-element elementor-element-345d55e1 elementor-widget elementor-widget-text-editor\" data-id=\"345d55e1\" data-element_type=\"widget\" data-e-type=\"widget\" data-widget_type=\"text-editor.default\">\n\t\t\t\t<div class=\"elementor-widget-container\">\n\t\t\t\t\t\t\t\t\t<p style=\"padding-left: 60px;\"><a href=\"https:\/\/www.elturistatranquil.com\/ca\/albarracin\/#c1410\">La alcazaba<\/a><\/p>\t\t\t\t\t\t\t\t<\/div>\n\t\t\t\t<\/div>\n\t\t\t\t<div class=\"elementor-element elementor-element-728e5fe6 elementor-widget elementor-widget-text-editor\" data-id=\"728e5fe6\" data-element_type=\"widget\" data-e-type=\"widget\" data-widget_type=\"text-editor.default\">\n\t\t\t\t<div class=\"elementor-widget-container\">\n\t\t\t\t\t\t\t\t\t<p style=\"padding-left: 60px;\"><a href=\"https:\/\/www.elturistatranquil.com\/ca\/albarracin\/#c1411\">La muralla<\/a><\/p>\t\t\t\t\t\t\t\t<\/div>\n\t\t\t\t<\/div>\n\t\t\t\t<div class=\"elementor-element elementor-element-4aaef9f0 elementor-widget elementor-widget-text-editor\" data-id=\"4aaef9f0\" data-element_type=\"widget\" data-e-type=\"widget\" data-widget_type=\"text-editor.default\">\n\t\t\t\t<div class=\"elementor-widget-container\">\n\t\t\t\t\t\t\t\t\t<p><a href=\"https:\/\/www.elturistatranquil.com\/ca\/albarracin\/#c1412\">L\u2019inici de la visita: Arribada a Albarrac\u00edn<\/a><\/p>\t\t\t\t\t\t\t\t<\/div>\n\t\t\t\t<\/div>\n\t\t\t\t<div class=\"elementor-element elementor-element-98d412c elementor-widget elementor-widget-text-editor\" data-id=\"98d412c\" data-element_type=\"widget\" data-e-type=\"widget\" data-widget_type=\"text-editor.default\">\n\t\t\t\t<div class=\"elementor-widget-container\">\n\t\t\t\t\t\t\t\t\t<p><a href=\"https:\/\/www.elturistatranquil.com\/ca\/albarracin\/#c1413\">Rutes per Albarrac\u00edn<\/a><\/p>\t\t\t\t\t\t\t\t<\/div>\n\t\t\t\t<\/div>\n\t\t\t\t<div class=\"elementor-element elementor-element-33a681d4 elementor-widget elementor-widget-text-editor\" data-id=\"33a681d4\" data-element_type=\"widget\" data-e-type=\"widget\" data-widget_type=\"text-editor.default\">\n\t\t\t\t<div class=\"elementor-widget-container\">\n\t\t\t\t\t\t\t\t\t<p style=\"padding-left: 60px;\"><a href=\"https:\/\/www.elturistatranquil.com\/ca\/albarracin\/#c1414\">I. Carrer Azagra<\/a><\/p>\t\t\t\t\t\t\t\t<\/div>\n\t\t\t\t<\/div>\n\t\t\t\t<div class=\"elementor-element elementor-element-7fe425ee elementor-widget elementor-widget-text-editor\" data-id=\"7fe425ee\" data-element_type=\"widget\" data-e-type=\"widget\" data-widget_type=\"text-editor.default\">\n\t\t\t\t<div class=\"elementor-widget-container\">\n\t\t\t\t\t\t\t\t\t<p style=\"padding-left: 60px;\"><a href=\"https:\/\/www.elturistatranquil.com\/ca\/albarracin\/#c1415\">II. Pla\u00e7a Major i Ajuntament<\/a><\/p>\t\t\t\t\t\t\t\t<\/div>\n\t\t\t\t<\/div>\n\t\t\t\t<div class=\"elementor-element elementor-element-5d04659d elementor-widget elementor-widget-text-editor\" data-id=\"5d04659d\" data-element_type=\"widget\" data-e-type=\"widget\" data-widget_type=\"text-editor.default\">\n\t\t\t\t<div class=\"elementor-widget-container\">\n\t\t\t\t\t\t\t\t\t<p style=\"padding-left: 60px;\"><a href=\"https:\/\/www.elturistatranquil.com\/ca\/albarracin\/#c1416\">III. Carrer de la Catedral<\/a><\/p>\t\t\t\t\t\t\t\t<\/div>\n\t\t\t\t<\/div>\n\t\t\t\t<div class=\"elementor-element elementor-element-78fd9ccb elementor-widget elementor-widget-text-editor\" data-id=\"78fd9ccb\" data-element_type=\"widget\" data-e-type=\"widget\" data-widget_type=\"text-editor.default\">\n\t\t\t\t<div class=\"elementor-widget-container\">\n\t\t\t\t\t\t\t\t\t<p style=\"padding-left: 60px;\"><a href=\"https:\/\/www.elturistatranquil.com\/ca\/albarracin\/#c1417\">IV. Cam\u00ed de ronda oest sobre el riu Guadalaviar<\/a><\/p>\t\t\t\t\t\t\t\t<\/div>\n\t\t\t\t<\/div>\n\t\t\t\t<div class=\"elementor-element elementor-element-3ce506d4 elementor-widget elementor-widget-text-editor\" data-id=\"3ce506d4\" data-element_type=\"widget\" data-e-type=\"widget\" data-widget_type=\"text-editor.default\">\n\t\t\t\t<div class=\"elementor-widget-container\">\n\t\t\t\t\t\t\t\t\t<p style=\"padding-left: 60px;\"><a href=\"https:\/\/www.elturistatranquil.com\/ca\/albarracin\/#c1418\">V. Carrer de San Juan <\/a><\/p>\t\t\t\t\t\t\t\t<\/div>\n\t\t\t\t<\/div>\n\t\t\t\t<div class=\"elementor-element elementor-element-5dd12d32 elementor-widget elementor-widget-text-editor\" data-id=\"5dd12d32\" data-element_type=\"widget\" data-e-type=\"widget\" data-widget_type=\"text-editor.default\">\n\t\t\t\t<div class=\"elementor-widget-container\">\n\t\t\t\t\t\t\t\t\t<p style=\"padding-left: 60px;\"><a href=\"https:\/\/www.elturistatranquil.com\/ca\/albarracin\/#c1419\">VI. Portals del Agua i de Molina i Muralla<\/a><\/p>\t\t\t\t\t\t\t\t<\/div>\n\t\t\t\t<\/div>\n\t\t\t\t<div class=\"elementor-element elementor-element-4191bf56 elementor-widget elementor-widget-text-editor\" data-id=\"4191bf56\" data-element_type=\"widget\" data-e-type=\"widget\" data-widget_type=\"text-editor.default\">\n\t\t\t\t<div class=\"elementor-widget-container\">\n\t\t\t\t\t\t\t\t\t<p><a href=\"https:\/\/www.elturistatranquil.com\/ca\/albarracin\/#c1420\">La Catedral de El Salvador<\/a><\/p>\t\t\t\t\t\t\t\t<\/div>\n\t\t\t\t<\/div>\n\t\t\t\t<div class=\"elementor-element elementor-element-41595750 elementor-widget elementor-widget-text-editor\" data-id=\"41595750\" data-element_type=\"widget\" data-e-type=\"widget\" data-widget_type=\"text-editor.default\">\n\t\t\t\t<div class=\"elementor-widget-container\">\n\t\t\t\t\t\t\t\t\t<p><a href=\"https:\/\/www.elturistatranquil.com\/ca\/albarracin\/#c1421\">Museus<\/a><\/p>\t\t\t\t\t\t\t\t<\/div>\n\t\t\t\t<\/div>\n\t\t\t\t<div class=\"elementor-element elementor-element-b968960 elementor-widget elementor-widget-text-editor\" data-id=\"b968960\" data-element_type=\"widget\" data-e-type=\"widget\" data-widget_type=\"text-editor.default\">\n\t\t\t\t<div class=\"elementor-widget-container\">\n\t\t\t\t\t\t\t\t\t<p><a href=\"https:\/\/www.elturistatranquil.com\/ca\/albarracin\/#c1422\">Fi de la visita<\/a><\/p>\t\t\t\t\t\t\t\t<\/div>\n\t\t\t\t<\/div>\n\t\t\t\t<div class=\"elementor-element elementor-element-59031bf4 elementor-widget elementor-widget-text-editor\" data-id=\"59031bf4\" data-element_type=\"widget\" data-e-type=\"widget\" data-widget_type=\"text-editor.default\">\n\t\t\t\t<div class=\"elementor-widget-container\">\n\t\t\t\t\t\t\t\t\t<p><a href=\"https:\/\/www.elturistatranquil.com\/ca\/albarracin\/#c1423\">Bases d\u2019informaci\u00f3<\/a><\/p>\t\t\t\t\t\t\t\t<\/div>\n\t\t\t\t<\/div>\n\t\t\t\t\t<\/div>\n\t\t<\/div>\n\t\t\t\t\t<\/div>\n\t\t<\/section>\n\t\t\t\t<div class=\"elementor-element elementor-element-11486ced elementor-widget elementor-widget-spacer\" data-id=\"11486ced\" data-element_type=\"widget\" data-e-type=\"widget\" data-widget_type=\"spacer.default\">\n\t\t\t\t<div class=\"elementor-widget-container\">\n\t\t\t\t\t\t\t<div class=\"elementor-spacer\">\n\t\t\t<div class=\"elementor-spacer-inner\"><\/div>\n\t\t<\/div>\n\t\t\t\t\t\t<\/div>\n\t\t\t\t<\/div>\n\t\t\t\t<div class=\"elementor-element elementor-element-be56356 elementor-widget elementor-widget-menu-anchor\" data-id=\"be56356\" data-element_type=\"widget\" data-e-type=\"widget\" data-widget_type=\"menu-anchor.default\">\n\t\t\t\t<div class=\"elementor-widget-container\">\n\t\t\t\t\t\t\t<div class=\"elementor-menu-anchor\" id=\"c1401\"><\/div>\n\t\t\t\t\t\t<\/div>\n\t\t\t\t<\/div>\n\t\t\t\t<div class=\"elementor-element elementor-element-7ce77469 elementor-widget elementor-widget-menu-anchor\" data-id=\"7ce77469\" data-element_type=\"widget\" data-e-type=\"widget\" data-widget_type=\"menu-anchor.default\">\n\t\t\t\t<div class=\"elementor-widget-container\">\n\t\t\t\t\t\t\t<div class=\"elementor-menu-anchor\" id=\"a0101-EnlaceaunpuntodentrodelPost\"><\/div>\n\t\t\t\t\t\t<\/div>\n\t\t\t\t<\/div>\n\t\t\t\t<div class=\"elementor-element elementor-element-7e371a76 elementor-widget elementor-widget-heading\" data-id=\"7e371a76\" data-element_type=\"widget\" data-e-type=\"widget\" data-widget_type=\"heading.default\">\n\t\t\t\t<div class=\"elementor-widget-container\">\n\t\t\t\t\t<h2 class=\"elementor-heading-title elementor-size-default\">Albarrac\u00edn (Sierra de Albarrac\u00edn, Terol)<\/h2>\t\t\t\t<\/div>\n\t\t\t\t<\/div>\n\t\t\t\t<div class=\"elementor-element elementor-element-1be88bc8 elementor-widget elementor-widget-menu-anchor\" data-id=\"1be88bc8\" data-element_type=\"widget\" data-e-type=\"widget\" data-widget_type=\"menu-anchor.default\">\n\t\t\t\t<div class=\"elementor-widget-container\">\n\t\t\t\t\t\t\t<div class=\"elementor-menu-anchor\" id=\"c1402\"><\/div>\n\t\t\t\t\t\t<\/div>\n\t\t\t\t<\/div>\n\t\t\t\t<div class=\"elementor-element elementor-element-7c57b5b0 elementor-widget elementor-widget-text-editor\" data-id=\"7c57b5b0\" data-element_type=\"widget\" data-e-type=\"widget\" data-widget_type=\"text-editor.default\">\n\t\t\t\t<div class=\"elementor-widget-container\">\n\t\t\t\t\t\t\t\t\t<p>Aquesta visita ens porta a terres de Terol, a la zona sud-occidental del Sistema Ib\u00e8ric, a un penyal sobre el riu Guadalaviar, a un enclavament cobejat per moros i cristians, i sobre tot entre aquests darrers en la pugna territorial entre els Regnes d\u2019Arag\u00f3 i de Castella a l\u2019edat mitjana.<\/p><p>La ciutat d\u2019<strong>Albarrac\u00edn<\/strong> \u00e9s el lloc escollit.<\/p><p>Com en molts altres casos que ja he presentat en aquest <em>Blog<\/em>, la decad\u00e8ncia fins a mitjan segle XX ha perm\u00e8s mantenir intocat el seu patrimoni arquitect\u00f2nic, hist\u00f2ric i popular. L&#8217;inter\u00e8s per la recuperaci\u00f3 patrimonial des de mitjans del segle passat ha perm\u00e8s que, actualment, tinguem al nostre abast un conjunt urb\u00e0 del m\u00e0xim inter\u00e8s tur\u00edstic.<\/p><p>En aquest cas, Albarrac\u00edn est\u00e0 considerat com un dels pobles m\u00e9s bonics d\u2019Espanya, amb el que comporta d\u2019atractiu tur\u00edstic individual u organitzat.<\/p><p>Comencem fent una mica de situaci\u00f3 hist\u00f2rica.<\/p>\t\t\t\t\t\t\t\t<\/div>\n\t\t\t\t<\/div>\n\t\t\t\t<div class=\"elementor-element elementor-element-799c8399 elementor-widget elementor-widget-heading\" data-id=\"799c8399\" data-element_type=\"widget\" data-e-type=\"widget\" data-widget_type=\"heading.default\">\n\t\t\t\t<div class=\"elementor-widget-container\">\n\t\t\t\t\t<h2 class=\"elementor-heading-title elementor-size-default\">Una mica d\u2019hist\u00f2ria d\u2019Albarrac\u00edn<\/h2>\t\t\t\t<\/div>\n\t\t\t\t<\/div>\n\t\t\t\t<div class=\"elementor-element elementor-element-71c9a794 elementor-widget elementor-widget-text-editor\" data-id=\"71c9a794\" data-element_type=\"widget\" data-e-type=\"widget\" data-widget_type=\"text-editor.default\">\n\t\t\t\t<div class=\"elementor-widget-container\">\n\t\t\t\t\t\t\t\t\t<p>Les restes de pintures prehist\u00f2riques, els poblats de l&#8217;Edat del Bronze i del Ferro, aix\u00ed com els celtib\u00e8rics, reflecteixen la continu\u00eftat del poblament hum\u00e0 a la <em>Sierra de Albarrac\u00edn<\/em> al llarg de la prehist\u00f2ria. De l&#8217;\u00e8poca romana destaca l&#8217;aq\u00fceducte de Albarrac\u00edn-Gea-Cella, una de les majors infraestructures hidr\u00e0uliques de la Pen\u00ednsula Ib\u00e8rica.<\/p><p>Es considera que Albarrac\u00edn va n\u00e9ixer com petit llogaret visigoda entorn de l&#8217;esgl\u00e9sia prerom\u00e0nica de Santa Maria, al lloc que avui ocupa l&#8217;Esgl\u00e9sia de Santa Maria (del segle XVI).<\/p><p>Despr\u00e9s de la conquesta musulmana de la Pen\u00ednsula Ib\u00e8rica, al 711, aquestes terres no van trigar a ser sotmeses pels invasors nord-africans, que aviat van apreciar el valor estrat\u00e8gic del penyal del meandre del riu Guadalaviar, sobre el qual s&#8217;assentaria Albarrac\u00edn.<\/p><p>Entorn de l&#8217;any 965, durant l&#8217;ocupaci\u00f3 musulmana, es desenvolupa el primer recinte defensiu. Comprenia l&#8217;esgl\u00e9sia de Santa Maria i l&#8217;alcassaba.<\/p><p>Amb la descomposici\u00f3 del poder musulm\u00e0 central, Albarrac\u00edn, coneguda com Santa Maria d&#8217;Orient, pasa a convertir-se en un regne d&#8217;una taifa independent a principis del segle XI, sota el govern de la fam\u00edlia dels <em>Banu Razin<\/em> i es dir\u00e0 Santa Maria d&#8217;Ibn Razin. En 1104 pasa a mans almor\u00e0vits integrant-la en el Regne de Val\u00e8ncia. A mitjan segle XII, es va integrar en la nova tarifa de M\u00farcia.<\/p><p>Per part cristiana va ser patent l&#8217;ambici\u00f3 dels reis d&#8217;Arag\u00f3 i del bisbe de Saragossa de considerar Albarrac\u00edn i la seva terra zona d&#8217;expansi\u00f3 del regne, per\u00f2 tamb\u00e9 entra en els plans de la pol\u00edtica del regne de Castella i en les ambicions eclesi\u00e0stiques de l&#8217;arquebisbe de Toledo.<\/p><p>En 1170 s&#8217;atribueix la independ\u00e8ncia del senyoriu d&#8217;Albarras\u00ed a mans del cavaller navarr\u00e8s Pedro Ruiz d&#8217;Azagra com a resultat de la donaci\u00f3 de la ciutat feta pel rei Llop de M\u00farcia a canvi dels seus serveis. Aix\u00f2 significa la implantaci\u00f3 d&#8217;un senyoriu independent d&#8217;ambd\u00f3s regnes. Tan sols dos anys despr\u00e9s (1172) es creava el bisbat d&#8217;Albarras\u00ed, dependent de l&#8217;arquebisbe de Toledo.<\/p><p>Aquest senyoriu va haver de fer front a les ambicions dels aragonesos i dels castellans per mantenir la seva independ\u00e8ncia.<\/p><p>Despr\u00e9s del setge de la ciutat per Pere III d&#8217;Arag\u00f3 en 1284, aquest lliura el senyoriu al seu fill il\u00b7leg\u00edtim Ferran d&#8217;Arag\u00f3, atorgant-li un fur semblant al de la ciutat de Terol.<\/p><p>La indefinici\u00f3 i els vaivens en l&#8217;estatus d&#8217;Albarrac\u00edn persistiran fins que, en 1379, Pere IV d&#8217;Arag\u00f3, despr\u00e9s de signar un pacte amb els representants del senyoriu, en el qual es reconeixen els furs de la Ciutat (t\u00edtol que li havia atorgat en 1300 el rei Jaume II d&#8217;Arag\u00f3), \u00e9s annexionada al Regne d&#8217;Arag\u00f3.<\/p><p>Els Furs van perviure fins a la seva parcial abolici\u00f3 per Felipe II en 1598 i la seva desaparici\u00f3 total en 1707 amb els <em>decrets de nova planta<\/em> signats per Felip V, En aquest moment es desmantella el castell, encara que no les muralles i les torres principals de l&#8217;Andador i Do\u00f1a Blanca .<\/p><p>Durant la Guerra de la Independ\u00e8ncia es va convertir en un centre de resist\u00e8ncia enfront del poder invasor. L&#8217;ex\u00e8rcit franc\u00e8s va bombardejar la pla\u00e7a, destruint tot el barri dels teixidors, aix\u00ed com els batans i molins, resultant clau en la decad\u00e8ncia econ\u00f2mica de la ciutat.<\/p><p>En 1833, la Serra d&#8217;Albarrac\u00edn va quedar integrada a Terol, d&#8217;acord amb la reestructuraci\u00f3 d&#8217;Espanya en prov\u00edncies.<\/p><p>El territori tamb\u00e9 es va convertir en reducte dels carlins, el que va fer que, el 1851, durant la primera Guerra Carlista, perd\u00e9s al seu \u00faltim bisbe, i passant a ser regida per vicaris capitulars. Actualment dep\u00e8n del bisbat de Terol.<\/p><p>Des de mitjan segle XX Albarrac\u00edn ha estat intensament recuperada i rehabilitada al ser declarada <em>Monument Nacional<\/em> del 1961. La primera fotografia que segueix mostra una perspectiva general a l\u2019actualitat i es por comparar amb la fotografia seg\u00fcent que correspon a l\u2019any 1950.<\/p>\t\t\t\t\t\t\t\t<\/div>\n\t\t\t\t<\/div>\n\t\t\t\t<div class=\"elementor-element elementor-element-7d2a2736 elementor-widget elementor-widget-image\" data-id=\"7d2a2736\" data-element_type=\"widget\" data-e-type=\"widget\" data-widget_type=\"image.default\">\n\t\t\t\t<div class=\"elementor-widget-container\">\n\t\t\t\t\t\t\t\t\t\t\t\t\t\t\t<img decoding=\"async\" width=\"749\" height=\"499\" src=\"https:\/\/www.elturistatranquil.com\/wp-content\/uploads\/F03-Albarrac\u00edn-Patrimonio-1.jpg\" class=\"attachment-large size-large wp-image-6115\" alt=\"\" \/>\t\t\t\t\t\t\t\t\t\t\t\t\t\t\t<\/div>\n\t\t\t\t<\/div>\n\t\t\t\t<div class=\"elementor-element elementor-element-75d83c8f elementor-widget elementor-widget-menu-anchor\" data-id=\"75d83c8f\" data-element_type=\"widget\" data-e-type=\"widget\" data-widget_type=\"menu-anchor.default\">\n\t\t\t\t<div class=\"elementor-widget-container\">\n\t\t\t\t\t\t\t<div class=\"elementor-menu-anchor\" id=\"c1403\"><\/div>\n\t\t\t\t\t\t<\/div>\n\t\t\t\t<\/div>\n\t\t\t\t<div class=\"elementor-element elementor-element-610ad2cb elementor-widget elementor-widget-menu-anchor\" data-id=\"610ad2cb\" data-element_type=\"widget\" data-e-type=\"widget\" data-widget_type=\"menu-anchor.default\">\n\t\t\t\t<div class=\"elementor-widget-container\">\n\t\t\t\t\t\t\t<div class=\"elementor-menu-anchor\" id=\"c1404\"><\/div>\n\t\t\t\t\t\t<\/div>\n\t\t\t\t<\/div>\n\t\t\t\t<div class=\"elementor-element elementor-element-3abe917b elementor-widget elementor-widget-image\" data-id=\"3abe917b\" data-element_type=\"widget\" data-e-type=\"widget\" data-widget_type=\"image.default\">\n\t\t\t\t<div class=\"elementor-widget-container\">\n\t\t\t\t\t\t\t\t\t\t\t\t<figure class=\"wp-caption\">\n\t\t\t\t\t\t\t\t\t\t<img loading=\"lazy\" decoding=\"async\" width=\"533\" height=\"550\" src=\"https:\/\/www.elturistatranquil.com\/wp-content\/uploads\/F04-Albarracin-1950-1.jpg\" class=\"attachment-large size-large wp-image-6117\" alt=\"\" \/>\t\t\t\t\t\t\t\t\t\t\t<figcaption class=\"widget-image-caption wp-caption-text\">Imatge del 1950 (Font: Albarrac\u00edn. Ciudad hist\u00f3rica y monumental)<\/figcaption>\n\t\t\t\t\t\t\t\t\t\t<\/figure>\n\t\t\t\t\t\t\t\t\t<\/div>\n\t\t\t\t<\/div>\n\t\t\t\t<div class=\"elementor-element elementor-element-539a8575 elementor-widget elementor-widget-heading\" data-id=\"539a8575\" data-element_type=\"widget\" data-e-type=\"widget\" data-widget_type=\"heading.default\">\n\t\t\t\t<div class=\"elementor-widget-container\">\n\t\t\t\t\t<h2 class=\"elementor-heading-title elementor-size-default\">Elements d\u2019arquitectura i constructius<\/h2>\t\t\t\t<\/div>\n\t\t\t\t<\/div>\n\t\t\t\t<div class=\"elementor-element elementor-element-42aeeb52 elementor-widget elementor-widget-heading\" data-id=\"42aeeb52\" data-element_type=\"widget\" data-e-type=\"widget\" data-widget_type=\"heading.default\">\n\t\t\t\t<div class=\"elementor-widget-container\">\n\t\t\t\t\t<h3 class=\"elementor-heading-title elementor-size-default\">La morfologia urbana<\/h3>\t\t\t\t<\/div>\n\t\t\t\t<\/div>\n\t\t\t\t<div class=\"elementor-element elementor-element-7145924e elementor-widget elementor-widget-text-editor\" data-id=\"7145924e\" data-element_type=\"widget\" data-e-type=\"widget\" data-widget_type=\"text-editor.default\">\n\t\t\t\t<div class=\"elementor-widget-container\">\n\t\t\t\t\t\t\t\t\t<p>Des de la perspectiva de la morfologia urbana, la ciutat d\u2019Albarrac\u00edn present uns trets espec\u00edfics.<\/p><p>L\u2019estar constrenyia dins d\u2019un recinte murat, amb una limitaci\u00f3 important de terreny sobre l\u2019estret penyal roc\u00f3s, exigeix la intensificaci\u00f3 constructiva t\u00edpica, com en altres pobles i ciutats d\u2019aquestes caracter\u00edstiques. Carrers estrets i edificacions que al guanyar al\u00e7ada van avan\u00e7ant la seva construcci\u00f3 sobre el carrer fins els alers que quasi es toquen, deixant un petit perfil d\u2019acc\u00e9s a la llum i a la visi\u00f3 del cel.<\/p>\t\t\t\t\t\t\t\t<\/div>\n\t\t\t\t<\/div>\n\t\t\t\t<div class=\"elementor-element elementor-element-653b1eac elementor-widget elementor-widget-image\" data-id=\"653b1eac\" data-element_type=\"widget\" data-e-type=\"widget\" data-widget_type=\"image.default\">\n\t\t\t\t<div class=\"elementor-widget-container\">\n\t\t\t\t\t\t\t\t\t\t\t\t<figure class=\"wp-caption\">\n\t\t\t\t\t\t\t\t\t\t<img loading=\"lazy\" decoding=\"async\" width=\"800\" height=\"533\" src=\"https:\/\/www.elturistatranquil.com\/wp-content\/uploads\/F05-Albarracin-Azagra-1.jpg\" class=\"attachment-large size-large wp-image-6119\" alt=\"\" srcset=\"https:\/\/www.elturistatranquil.com\/wp-content\/uploads\/F05-Albarracin-Azagra-1.jpg 800w, https:\/\/www.elturistatranquil.com\/wp-content\/uploads\/F05-Albarracin-Azagra-1-768x512.jpg 768w\" sizes=\"(max-width: 800px) 100vw, 800px\" \/>\t\t\t\t\t\t\t\t\t\t\t<figcaption class=\"widget-image-caption wp-caption-text\">L\u2019edificaci\u00f3 avan\u00e7a sobre el carrer a mesura que s\u2019eleva. Carrer Azagra<\/figcaption>\n\t\t\t\t\t\t\t\t\t\t<\/figure>\n\t\t\t\t\t\t\t\t\t<\/div>\n\t\t\t\t<\/div>\n\t\t\t\t<div class=\"elementor-element elementor-element-77551250 elementor-widget elementor-widget-text-editor\" data-id=\"77551250\" data-element_type=\"widget\" data-e-type=\"widget\" data-widget_type=\"text-editor.default\">\n\t\t\t\t<div class=\"elementor-widget-container\">\n\t\t\t\t\t\t\t\t\t<p>Al ser un estret penyal amb la necessitat d\u2019aprofitar el s\u00f2l disponible ha portat les construccions fins als l\u00edmits de la paret del costat est, que \u00e9s el que dona acc\u00e9s al recinte. Aquest aprofitament l\u00edmit ha donat ocasi\u00f3 a la construcci\u00f3 de cases penjades, d\u2019altra banda igual que a altres llocs propers, com a Conca.<\/p>\t\t\t\t\t\t\t\t<\/div>\n\t\t\t\t<\/div>\n\t\t\t\t<div class=\"elementor-element elementor-element-59212185 elementor-widget elementor-widget-menu-anchor\" data-id=\"59212185\" data-element_type=\"widget\" data-e-type=\"widget\" data-widget_type=\"menu-anchor.default\">\n\t\t\t\t<div class=\"elementor-widget-container\">\n\t\t\t\t\t\t\t<div class=\"elementor-menu-anchor\" id=\"c1405\"><\/div>\n\t\t\t\t\t\t<\/div>\n\t\t\t\t<\/div>\n\t\t\t\t<div class=\"elementor-element elementor-element-16af9170 elementor-widget elementor-widget-image\" data-id=\"16af9170\" data-element_type=\"widget\" data-e-type=\"widget\" data-widget_type=\"image.default\">\n\t\t\t\t<div class=\"elementor-widget-container\">\n\t\t\t\t\t\t\t\t\t\t\t\t<figure class=\"wp-caption\">\n\t\t\t\t\t\t\t\t\t\t<img loading=\"lazy\" decoding=\"async\" width=\"800\" height=\"533\" src=\"https:\/\/www.elturistatranquil.com\/wp-content\/uploads\/F05b-Albarracin-1.jpg\" class=\"attachment-large size-large wp-image-6121\" alt=\"\" srcset=\"https:\/\/www.elturistatranquil.com\/wp-content\/uploads\/F05b-Albarracin-1.jpg 800w, https:\/\/www.elturistatranquil.com\/wp-content\/uploads\/F05b-Albarracin-1-768x512.jpg 768w\" sizes=\"(max-width: 800px) 100vw, 800px\" \/>\t\t\t\t\t\t\t\t\t\t\t<figcaption class=\"widget-image-caption wp-caption-text\">Observis les cases penjades<\/figcaption>\n\t\t\t\t\t\t\t\t\t\t<\/figure>\n\t\t\t\t\t\t\t\t\t<\/div>\n\t\t\t\t<\/div>\n\t\t\t\t<div class=\"elementor-element elementor-element-3e6c9d1c elementor-widget elementor-widget-heading\" data-id=\"3e6c9d1c\" data-element_type=\"widget\" data-e-type=\"widget\" data-widget_type=\"heading.default\">\n\t\t\t\t<div class=\"elementor-widget-container\">\n\t\t\t\t\t<h3 class=\"elementor-heading-title elementor-size-default\">El color \u201calbarrac\u00edn\u201d de les edificacions<\/h3>\t\t\t\t<\/div>\n\t\t\t\t<\/div>\n\t\t\t\t<div class=\"elementor-element elementor-element-55c32101 elementor-widget elementor-widget-text-editor\" data-id=\"55c32101\" data-element_type=\"widget\" data-e-type=\"widget\" data-widget_type=\"text-editor.default\">\n\t\t\t\t<div class=\"elementor-widget-container\">\n\t\t\t\t\t\t\t\t\t<p>El que li confereix una forta personalitat \u00e9s la uniformitat del color de la majoria de les construccions, que en fan un poble de tonalitat vermellosa salmonada. Encara que els materials siguin diferents, el resultat final dona una semblan\u00e7a de color al conjunt del pobles del Parc Cultural d\u2019Albarrac\u00edn, tots d\u2019aquest color vermell\u00f3s, en els altres casos pel color de la pedra sorrenca de \u201crodeno\u201d (vermell).<\/p><p>S&#8217;han conservat els models i materials constructius tradicionals. S\u00f3n cases d&#8217;irregulars murs de f\u00e0brica de ma\u00e7oneria i entramats de fusta i t\u00e0pia, utilitzant-envans d&#8217;escaiola (majorit\u00e0riament de color vermell salmonat) i teulades de teula \u00e0rab. El\u00a0 <a href=\"http:\/\/millanplasol.es\/Productos\/Yeso-de-Albarracin\/\" target=\"_blank\" rel=\"noopener\">yeso rojo asalmonado\u00a0<\/a>d&#8217;Albarrac\u00edn \u00e9s un material de construcci\u00f3 popular i tradicional, compost per un 86% d&#8217;anhidrita (que en contacte amb l&#8217;aigua es transforma en guix), la resta \u00e9s cal\u00e7, argila, quars, hematies i trossos de basanita (que li atorguen el color caracter\u00edstic). L\u2019avantatge \u00e9s que \u00e9s impermeable i resistent d\u2019\u00fas en interiors i exteriors, i en parets i paviments, amb color natural que no cal pintar.<\/p>\t\t\t\t\t\t\t\t<\/div>\n\t\t\t\t<\/div>\n\t\t\t\t<div class=\"elementor-element elementor-element-b623056 elementor-widget elementor-widget-image\" data-id=\"b623056\" data-element_type=\"widget\" data-e-type=\"widget\" data-widget_type=\"image.default\">\n\t\t\t\t<div class=\"elementor-widget-container\">\n\t\t\t\t\t\t\t\t\t\t\t\t<figure class=\"wp-caption\">\n\t\t\t\t\t\t\t\t\t\t<img loading=\"lazy\" decoding=\"async\" width=\"800\" height=\"533\" src=\"https:\/\/www.elturistatranquil.com\/wp-content\/uploads\/F06-Albarracin-1.jpg\" class=\"attachment-large size-large wp-image-6123\" alt=\"\" srcset=\"https:\/\/www.elturistatranquil.com\/wp-content\/uploads\/F06-Albarracin-1.jpg 800w, https:\/\/www.elturistatranquil.com\/wp-content\/uploads\/F06-Albarracin-1-768x512.jpg 768w\" sizes=\"(max-width: 800px) 100vw, 800px\" \/>\t\t\t\t\t\t\t\t\t\t\t<figcaption class=\"widget-image-caption wp-caption-text\">El color vermell\u00f3s salmonat li confereix una personalitat pr\u00f2pia<\/figcaption>\n\t\t\t\t\t\t\t\t\t\t<\/figure>\n\t\t\t\t\t\t\t\t\t<\/div>\n\t\t\t\t<\/div>\n\t\t\t\t<div class=\"elementor-element elementor-element-1c93aa94 elementor-widget elementor-widget-heading\" data-id=\"1c93aa94\" data-element_type=\"widget\" data-e-type=\"widget\" data-widget_type=\"heading.default\">\n\t\t\t\t<div class=\"elementor-widget-container\">\n\t\t\t\t\t<h3 class=\"elementor-heading-title elementor-size-default\">Cases nobles i edificacions populars<\/h3>\t\t\t\t<\/div>\n\t\t\t\t<\/div>\n\t\t\t\t<div class=\"elementor-element elementor-element-4dc7301c elementor-widget elementor-widget-text-editor\" data-id=\"4dc7301c\" data-element_type=\"widget\" data-e-type=\"widget\" data-widget_type=\"text-editor.default\">\n\t\t\t\t<div class=\"elementor-widget-container\">\n\t\t\t\t\t\t\t\t\t<p>Els avatars hist\u00f2rics han fet que es succe\u00efssin fam\u00edlies nobles que han deixat la seva empremta en palaus i cases senyorials. Carreus, portalades, blasons, forjats met\u00e0l\u00b7lics els diferencien de les cases populars.<\/p><p>Com en tota poblaci\u00f3, sempre trobarem difer\u00e8ncies entres les cases dels adinerats i les populars, com es pot veure en l\u2019apartat seg\u00fcent.<\/p>\t\t\t\t\t\t\t\t<\/div>\n\t\t\t\t<\/div>\n\t\t\t\t<div class=\"elementor-element elementor-element-300eb8dc elementor-widget elementor-widget-menu-anchor\" data-id=\"300eb8dc\" data-element_type=\"widget\" data-e-type=\"widget\" data-widget_type=\"menu-anchor.default\">\n\t\t\t\t<div class=\"elementor-widget-container\">\n\t\t\t\t\t\t\t<div class=\"elementor-menu-anchor\" id=\"c1407\"><\/div>\n\t\t\t\t\t\t<\/div>\n\t\t\t\t<\/div>\n\t\t\t\t<div class=\"elementor-element elementor-element-4c5949f0 elementor-widget elementor-widget-image\" data-id=\"4c5949f0\" data-element_type=\"widget\" data-e-type=\"widget\" data-widget_type=\"image.default\">\n\t\t\t\t<div class=\"elementor-widget-container\">\n\t\t\t\t\t\t\t\t\t\t\t\t<figure class=\"wp-caption\">\n\t\t\t\t\t\t\t\t\t\t<img loading=\"lazy\" decoding=\"async\" width=\"800\" height=\"533\" src=\"https:\/\/www.elturistatranquil.com\/wp-content\/uploads\/F07-Albarracin-1.jpg\" class=\"attachment-large size-large wp-image-6125\" alt=\"\" srcset=\"https:\/\/www.elturistatranquil.com\/wp-content\/uploads\/F07-Albarracin-1.jpg 800w, https:\/\/www.elturistatranquil.com\/wp-content\/uploads\/F07-Albarracin-1-768x512.jpg 768w\" sizes=\"(max-width: 800px) 100vw, 800px\" \/>\t\t\t\t\t\t\t\t\t\t\t<figcaption class=\"widget-image-caption wp-caption-text\">La magnific\u00e8ncia de les cases senyorials<\/figcaption>\n\t\t\t\t\t\t\t\t\t\t<\/figure>\n\t\t\t\t\t\t\t\t\t<\/div>\n\t\t\t\t<\/div>\n\t\t\t\t<div class=\"elementor-element elementor-element-7c8ef58 elementor-widget elementor-widget-heading\" data-id=\"7c8ef58\" data-element_type=\"widget\" data-e-type=\"widget\" data-widget_type=\"heading.default\">\n\t\t\t\t<div class=\"elementor-widget-container\">\n\t\t\t\t\t<h3 class=\"elementor-heading-title elementor-size-default\">Elements constructius: balcons, porxos i finestres. Fusta i forja<\/h3>\t\t\t\t<\/div>\n\t\t\t\t<\/div>\n\t\t\t\t<div class=\"elementor-element elementor-element-3523b3b elementor-widget elementor-widget-text-editor\" data-id=\"3523b3b\" data-element_type=\"widget\" data-e-type=\"widget\" data-widget_type=\"text-editor.default\">\n\t\t\t\t<div class=\"elementor-widget-container\">\n\t\t\t\t\t\t\t\t\t<p>La fusta haur\u00e0 estat un dels materials de base. A m\u00e9s de servir d\u2019entramat en les parets de t\u00e0pia i en les bigues, estar\u00e0 present en balconades i porxos<\/p>\t\t\t\t\t\t\t\t<\/div>\n\t\t\t\t<\/div>\n\t\t\t\t<div class=\"elementor-element elementor-element-5f4de417 elementor-widget elementor-widget-image\" data-id=\"5f4de417\" data-element_type=\"widget\" data-e-type=\"widget\" data-widget_type=\"image.default\">\n\t\t\t\t<div class=\"elementor-widget-container\">\n\t\t\t\t\t\t\t\t\t\t\t\t<figure class=\"wp-caption\">\n\t\t\t\t\t\t\t\t\t\t<img loading=\"lazy\" decoding=\"async\" width=\"800\" height=\"532\" src=\"https:\/\/www.elturistatranquil.com\/wp-content\/uploads\/F08-Albarracin-1.jpg\" class=\"attachment-large size-large wp-image-6127\" alt=\"\" srcset=\"https:\/\/www.elturistatranquil.com\/wp-content\/uploads\/F08-Albarracin-1.jpg 800w, https:\/\/www.elturistatranquil.com\/wp-content\/uploads\/F08-Albarracin-1-768x511.jpg 768w\" sizes=\"(max-width: 800px) 100vw, 800px\" \/>\t\t\t\t\t\t\t\t\t\t\t<figcaption class=\"widget-image-caption wp-caption-text\">Parets de fusta i tapia de les cases populars<\/figcaption>\n\t\t\t\t\t\t\t\t\t\t<\/figure>\n\t\t\t\t\t\t\t\t\t<\/div>\n\t\t\t\t<\/div>\n\t\t\t\t<div class=\"elementor-element elementor-element-76fec4d0 elementor-widget elementor-widget-text-editor\" data-id=\"76fec4d0\" data-element_type=\"widget\" data-e-type=\"widget\" data-widget_type=\"text-editor.default\">\n\t\t\t\t<div class=\"elementor-widget-container\">\n\t\t\t\t\t\t\t\t\t<p>La fusta en balconades i porxos.<\/p>\t\t\t\t\t\t\t\t<\/div>\n\t\t\t\t<\/div>\n\t\t\t\t<div class=\"elementor-element elementor-element-12eb13c5 elementor-widget elementor-widget-image\" data-id=\"12eb13c5\" data-element_type=\"widget\" data-e-type=\"widget\" data-widget_type=\"image.default\">\n\t\t\t\t<div class=\"elementor-widget-container\">\n\t\t\t\t\t\t\t\t\t\t\t\t\t\t\t<img loading=\"lazy\" decoding=\"async\" width=\"800\" height=\"533\" src=\"https:\/\/www.elturistatranquil.com\/wp-content\/uploads\/F09-Albarracin-1.jpg\" class=\"attachment-large size-large wp-image-6129\" alt=\"\" srcset=\"https:\/\/www.elturistatranquil.com\/wp-content\/uploads\/F09-Albarracin-1.jpg 800w, https:\/\/www.elturistatranquil.com\/wp-content\/uploads\/F09-Albarracin-1-768x512.jpg 768w\" sizes=\"(max-width: 800px) 100vw, 800px\" \/>\t\t\t\t\t\t\t\t\t\t\t\t\t\t\t<\/div>\n\t\t\t\t<\/div>\n\t\t\t\t<div class=\"elementor-element elementor-element-6478cc4d elementor-widget elementor-widget-image\" data-id=\"6478cc4d\" data-element_type=\"widget\" data-e-type=\"widget\" data-widget_type=\"image.default\">\n\t\t\t\t<div class=\"elementor-widget-container\">\n\t\t\t\t\t\t\t\t\t\t\t\t\t\t\t<img loading=\"lazy\" decoding=\"async\" width=\"800\" height=\"533\" src=\"https:\/\/www.elturistatranquil.com\/wp-content\/uploads\/F10-Albarracin-1.jpg\" class=\"attachment-large size-large wp-image-6131\" alt=\"\" srcset=\"https:\/\/www.elturistatranquil.com\/wp-content\/uploads\/F10-Albarracin-1.jpg 800w, https:\/\/www.elturistatranquil.com\/wp-content\/uploads\/F10-Albarracin-1-768x512.jpg 768w\" sizes=\"(max-width: 800px) 100vw, 800px\" \/>\t\t\t\t\t\t\t\t\t\t\t\t\t\t\t<\/div>\n\t\t\t\t<\/div>\n\t\t\t\t<div class=\"elementor-element elementor-element-51556401 elementor-widget elementor-widget-image\" data-id=\"51556401\" data-element_type=\"widget\" data-e-type=\"widget\" data-widget_type=\"image.default\">\n\t\t\t\t<div class=\"elementor-widget-container\">\n\t\t\t\t\t\t\t\t\t\t\t\t\t\t\t<img loading=\"lazy\" decoding=\"async\" width=\"367\" height=\"550\" src=\"https:\/\/www.elturistatranquil.com\/wp-content\/uploads\/F12-Albarracin-1.jpg\" class=\"attachment-large size-large wp-image-6133\" alt=\"\" \/>\t\t\t\t\t\t\t\t\t\t\t\t\t\t\t<\/div>\n\t\t\t\t<\/div>\n\t\t\t\t<div class=\"elementor-element elementor-element-7c857e1e elementor-widget elementor-widget-image\" data-id=\"7c857e1e\" data-element_type=\"widget\" data-e-type=\"widget\" data-widget_type=\"image.default\">\n\t\t\t\t<div class=\"elementor-widget-container\">\n\t\t\t\t\t\t\t\t\t\t\t\t\t\t\t<img loading=\"lazy\" decoding=\"async\" width=\"800\" height=\"533\" src=\"https:\/\/www.elturistatranquil.com\/wp-content\/uploads\/F13-Albarracin-1.jpg\" class=\"attachment-large size-large wp-image-6135\" alt=\"\" srcset=\"https:\/\/www.elturistatranquil.com\/wp-content\/uploads\/F13-Albarracin-1.jpg 800w, https:\/\/www.elturistatranquil.com\/wp-content\/uploads\/F13-Albarracin-1-768x512.jpg 768w\" sizes=\"(max-width: 800px) 100vw, 800px\" \/>\t\t\t\t\t\t\t\t\t\t\t\t\t\t\t<\/div>\n\t\t\t\t<\/div>\n\t\t\t\t<div class=\"elementor-element elementor-element-6fb8761b elementor-widget elementor-widget-text-editor\" data-id=\"6fb8761b\" data-element_type=\"widget\" data-e-type=\"widget\" data-widget_type=\"text-editor.default\">\n\t\t\t\t<div class=\"elementor-widget-container\">\n\t\t\t\t\t\t\t\t\t<p>En l\u2019arquitectura de la zona, l\u2019aplicaci\u00f3 de la forja marcar\u00e0 la diferencia entre classes socials i el corresponent poder econ\u00f2mic.<\/p>\t\t\t\t\t\t\t\t<\/div>\n\t\t\t\t<\/div>\n\t\t\t\t<div class=\"elementor-element elementor-element-5aa707c1 elementor-widget elementor-widget-image\" data-id=\"5aa707c1\" data-element_type=\"widget\" data-e-type=\"widget\" data-widget_type=\"image.default\">\n\t\t\t\t<div class=\"elementor-widget-container\">\n\t\t\t\t\t\t\t\t\t\t\t\t\t\t\t<img loading=\"lazy\" decoding=\"async\" width=\"800\" height=\"533\" src=\"https:\/\/www.elturistatranquil.com\/wp-content\/uploads\/F15-Albarracin-1.jpg\" class=\"attachment-large size-large wp-image-6137\" alt=\"\" srcset=\"https:\/\/www.elturistatranquil.com\/wp-content\/uploads\/F15-Albarracin-1.jpg 800w, https:\/\/www.elturistatranquil.com\/wp-content\/uploads\/F15-Albarracin-1-768x512.jpg 768w\" sizes=\"(max-width: 800px) 100vw, 800px\" \/>\t\t\t\t\t\t\t\t\t\t\t\t\t\t\t<\/div>\n\t\t\t\t<\/div>\n\t\t\t\t<div class=\"elementor-element elementor-element-286a6ecd elementor-widget elementor-widget-image\" data-id=\"286a6ecd\" data-element_type=\"widget\" data-e-type=\"widget\" data-widget_type=\"image.default\">\n\t\t\t\t<div class=\"elementor-widget-container\">\n\t\t\t\t\t\t\t\t\t\t\t\t\t\t\t<img loading=\"lazy\" decoding=\"async\" width=\"800\" height=\"533\" src=\"https:\/\/www.elturistatranquil.com\/wp-content\/uploads\/F16-Albarracin-1.jpg\" class=\"attachment-large size-large wp-image-6139\" alt=\"\" srcset=\"https:\/\/www.elturistatranquil.com\/wp-content\/uploads\/F16-Albarracin-1.jpg 800w, https:\/\/www.elturistatranquil.com\/wp-content\/uploads\/F16-Albarracin-1-768x512.jpg 768w\" sizes=\"(max-width: 800px) 100vw, 800px\" \/>\t\t\t\t\t\t\t\t\t\t\t\t\t\t\t<\/div>\n\t\t\t\t<\/div>\n\t\t\t\t<div class=\"elementor-element elementor-element-747f228e elementor-widget elementor-widget-image\" data-id=\"747f228e\" data-element_type=\"widget\" data-e-type=\"widget\" data-widget_type=\"image.default\">\n\t\t\t\t<div class=\"elementor-widget-container\">\n\t\t\t\t\t\t\t\t\t\t\t\t\t\t\t<img loading=\"lazy\" decoding=\"async\" width=\"800\" height=\"533\" src=\"https:\/\/www.elturistatranquil.com\/wp-content\/uploads\/F17-Albarracin-1.jpg\" class=\"attachment-large size-large wp-image-6141\" alt=\"\" srcset=\"https:\/\/www.elturistatranquil.com\/wp-content\/uploads\/F17-Albarracin-1.jpg 800w, https:\/\/www.elturistatranquil.com\/wp-content\/uploads\/F17-Albarracin-1-768x512.jpg 768w\" sizes=\"(max-width: 800px) 100vw, 800px\" \/>\t\t\t\t\t\t\t\t\t\t\t\t\t\t\t<\/div>\n\t\t\t\t<\/div>\n\t\t\t\t<div class=\"elementor-element elementor-element-31c3af elementor-widget elementor-widget-text-editor\" data-id=\"31c3af\" data-element_type=\"widget\" data-e-type=\"widget\" data-widget_type=\"text-editor.default\">\n\t\t\t\t<div class=\"elementor-widget-container\">\n\t\t\t\t\t\t\t\t\t<p>I tamb\u00e9 una compet\u00e8ncia en la serralleria de les portes.<\/p>\t\t\t\t\t\t\t\t<\/div>\n\t\t\t\t<\/div>\n\t\t\t\t<div class=\"elementor-element elementor-element-5deda422 elementor-widget elementor-widget-menu-anchor\" data-id=\"5deda422\" data-element_type=\"widget\" data-e-type=\"widget\" data-widget_type=\"menu-anchor.default\">\n\t\t\t\t<div class=\"elementor-widget-container\">\n\t\t\t\t\t\t\t<div class=\"elementor-menu-anchor\" id=\"c1408\"><\/div>\n\t\t\t\t\t\t<\/div>\n\t\t\t\t<\/div>\n\t\t\t\t<div class=\"elementor-element elementor-element-55f1feeb elementor-widget elementor-widget-image\" data-id=\"55f1feeb\" data-element_type=\"widget\" data-e-type=\"widget\" data-widget_type=\"image.default\">\n\t\t\t\t<div class=\"elementor-widget-container\">\n\t\t\t\t\t\t\t\t\t\t\t\t\t\t\t<img loading=\"lazy\" decoding=\"async\" width=\"800\" height=\"534\" src=\"https:\/\/www.elturistatranquil.com\/wp-content\/uploads\/F18-Albarracin-1.jpg\" class=\"attachment-large size-large wp-image-6143\" alt=\"\" srcset=\"https:\/\/www.elturistatranquil.com\/wp-content\/uploads\/F18-Albarracin-1.jpg 800w, https:\/\/www.elturistatranquil.com\/wp-content\/uploads\/F18-Albarracin-1-768x513.jpg 768w\" sizes=\"(max-width: 800px) 100vw, 800px\" \/>\t\t\t\t\t\t\t\t\t\t\t\t\t\t\t<\/div>\n\t\t\t\t<\/div>\n\t\t\t\t<div class=\"elementor-element elementor-element-12b16c88 elementor-widget elementor-widget-menu-anchor\" data-id=\"12b16c88\" data-element_type=\"widget\" data-e-type=\"widget\" data-widget_type=\"menu-anchor.default\">\n\t\t\t\t<div class=\"elementor-widget-container\">\n\t\t\t\t\t\t\t<div class=\"elementor-menu-anchor\" id=\"c1409\"><\/div>\n\t\t\t\t\t\t<\/div>\n\t\t\t\t<\/div>\n\t\t\t\t<div class=\"elementor-element elementor-element-74fb34e3 elementor-widget elementor-widget-heading\" data-id=\"74fb34e3\" data-element_type=\"widget\" data-e-type=\"widget\" data-widget_type=\"heading.default\">\n\t\t\t\t<div class=\"elementor-widget-container\">\n\t\t\t\t\t<h2 class=\"elementor-heading-title elementor-size-default\">La ciutat d\u2019Albarrac\u00edn<\/h2>\t\t\t\t<\/div>\n\t\t\t\t<\/div>\n\t\t\t\t<div class=\"elementor-element elementor-element-8946e8c elementor-widget elementor-widget-text-editor\" data-id=\"8946e8c\" data-element_type=\"widget\" data-e-type=\"widget\" data-widget_type=\"text-editor.default\">\n\t\t\t\t<div class=\"elementor-widget-container\">\n\t\t\t\t\t\t\t\t\t<p>\u00c9s la capital de la Comunitat d&#8217;Albarrac\u00edn, constitu\u00efda per 22 nuclis, a m\u00e9s del propi. La ciutat es troba a 37 km. de la capital, en plena serra d&#8217;Albarrac\u00edn.<\/p><p>Dividida en tres zones. La part antiga i elevada es la Coneix com &#8220;la Ciudad&#8221;. A la base, seguint la carretera, i al costat del riu, \u201cel barrio\u201d. I m\u00e9s enll\u00e0, en direcci\u00f3 a Terol, \u201cel Arrabal\u201d, a la l\u2019altre costat del riu Guadalaviar. Al nucli central nom\u00e9s hi resideixen persones vinculades als serveis d\u2019allotjament, mentre que el conjunt diversificat de poblaci\u00f3 ho fa a l\u2019Arrabal.<\/p>\t\t\t\t\t\t\t\t<\/div>\n\t\t\t\t<\/div>\n\t\t\t\t<div class=\"elementor-element elementor-element-7407e1e9 elementor-widget elementor-widget-heading\" data-id=\"7407e1e9\" data-element_type=\"widget\" data-e-type=\"widget\" data-widget_type=\"heading.default\">\n\t\t\t\t<div class=\"elementor-widget-container\">\n\t\t\t\t\t<h2 class=\"elementor-heading-title elementor-size-default\">El recinte murat: la muralla i la alcassaba<\/h2>\t\t\t\t<\/div>\n\t\t\t\t<\/div>\n\t\t\t\t<div class=\"elementor-element elementor-element-5809c353 elementor-widget elementor-widget-text-editor\" data-id=\"5809c353\" data-element_type=\"widget\" data-e-type=\"widget\" data-widget_type=\"text-editor.default\">\n\t\t\t\t<div class=\"elementor-widget-container\">\n\t\t\t\t\t\t\t\t\t<p>Un dels elements m\u00e9s caracter\u00edstics d\u2019Albarrac\u00edn \u00e9s la seva fortificaci\u00f3, formada per dos elements: la muralla i l\u2019alcassaba. Del web de\u00a0<a href=\"http:\/\/www.patrimonioculturaldearagon.es\/bienes-culturales\/recinto-fortificado-albarracin\" target=\"_blank\" rel=\"noopener\">Patrimonio Cultural de Arag\u00f3n,\u00a0<\/a>obtenim part de la informaci\u00f3 que segueix.<\/p>\t\t\t\t\t\t\t\t<\/div>\n\t\t\t\t<\/div>\n\t\t\t\t<div class=\"elementor-element elementor-element-5cef43d elementor-widget elementor-widget-menu-anchor\" data-id=\"5cef43d\" data-element_type=\"widget\" data-e-type=\"widget\" data-widget_type=\"menu-anchor.default\">\n\t\t\t\t<div class=\"elementor-widget-container\">\n\t\t\t\t\t\t\t<div class=\"elementor-menu-anchor\" id=\"c1410\"><\/div>\n\t\t\t\t\t\t<\/div>\n\t\t\t\t<\/div>\n\t\t\t\t<div class=\"elementor-element elementor-element-2018784a elementor-widget elementor-widget-image\" data-id=\"2018784a\" data-element_type=\"widget\" data-e-type=\"widget\" data-widget_type=\"image.default\">\n\t\t\t\t<div class=\"elementor-widget-container\">\n\t\t\t\t\t\t\t\t\t\t\t\t<figure class=\"wp-caption\">\n\t\t\t\t\t\t\t\t\t\t<img loading=\"lazy\" decoding=\"async\" width=\"384\" height=\"550\" src=\"https:\/\/www.elturistatranquil.com\/wp-content\/uploads\/F19-Albarracin-1.jpg\" class=\"attachment-large size-large wp-image-6145\" alt=\"\" \/>\t\t\t\t\t\t\t\t\t\t\t<figcaption class=\"widget-image-caption wp-caption-text\">L'alcassaba i el recinte emmurallat<\/figcaption>\n\t\t\t\t\t\t\t\t\t\t<\/figure>\n\t\t\t\t\t\t\t\t\t<\/div>\n\t\t\t\t<\/div>\n\t\t\t\t<div class=\"elementor-element elementor-element-77280e22 elementor-widget elementor-widget-heading\" data-id=\"77280e22\" data-element_type=\"widget\" data-e-type=\"widget\" data-widget_type=\"heading.default\">\n\t\t\t\t<div class=\"elementor-widget-container\">\n\t\t\t\t\t<h3 class=\"elementor-heading-title elementor-size-default\">L'alcassaba<\/h3>\t\t\t\t<\/div>\n\t\t\t\t<\/div>\n\t\t\t\t<div class=\"elementor-element elementor-element-1ee0a98e elementor-widget elementor-widget-text-editor\" data-id=\"1ee0a98e\" data-element_type=\"widget\" data-e-type=\"widget\" data-widget_type=\"text-editor.default\">\n\t\t\t\t<div class=\"elementor-widget-container\">\n\t\t\t\t\t\t\t\t\t<p>A partir de l&#8217;any 965, durant l&#8217;ocupaci\u00f3 musulmana, es desenvolupa el primer recinte defensiu. Comprenia l&#8217;Esgl\u00e9sia de Santa Maria i l&#8217;alcassaba.<\/p><p>De l&#8217;alcassaba musulmana (<strong>AL<\/strong>), situada en un dels extrems de la poblaci\u00f3, dominant el riu Guadalaviar, es conserven les restes dels basaments de la muralla i de les torrasses.<\/p><p>Tipol\u00f2gicament se la pot considerar de doble classificaci\u00f3 com a <a href=\"https:\/\/www.elturistatranquil.com\/los-castillos-medievales-en-espana-tipologias\/\" target=\"_blank\" rel=\"noopener\">castell roquer i castell urb\u00e0\u00a0<\/a>pel seu empla\u00e7ament morfol\u00f2gic i en la seva dimensi\u00f3 d&#8217;empla\u00e7ament social.<\/p>\t\t\t\t\t\t\t\t<\/div>\n\t\t\t\t<\/div>\n\t\t\t\t<div class=\"elementor-element elementor-element-4ed078ea elementor-widget elementor-widget-image\" data-id=\"4ed078ea\" data-element_type=\"widget\" data-e-type=\"widget\" data-widget_type=\"image.default\">\n\t\t\t\t<div class=\"elementor-widget-container\">\n\t\t\t\t\t\t\t\t\t\t\t\t<figure class=\"wp-caption\">\n\t\t\t\t\t\t\t\t\t\t<img loading=\"lazy\" decoding=\"async\" width=\"800\" height=\"533\" src=\"https:\/\/www.elturistatranquil.com\/wp-content\/uploads\/F20-Albarracin-1.jpg\" class=\"attachment-large size-large wp-image-6147\" alt=\"\" srcset=\"https:\/\/www.elturistatranquil.com\/wp-content\/uploads\/F20-Albarracin-1.jpg 800w, https:\/\/www.elturistatranquil.com\/wp-content\/uploads\/F20-Albarracin-1-768x512.jpg 768w\" sizes=\"(max-width: 800px) 100vw, 800px\" \/>\t\t\t\t\t\t\t\t\t\t\t<figcaption class=\"widget-image-caption wp-caption-text\">Pl\u00e0nol del recinte emmurallat de l'alcassaba i distribuci\u00f3 interior<\/figcaption>\n\t\t\t\t\t\t\t\t\t\t<\/figure>\n\t\t\t\t\t\t\t\t\t<\/div>\n\t\t\t\t<\/div>\n\t\t\t\t<div class=\"elementor-element elementor-element-69a67b07 elementor-widget elementor-widget-text-editor\" data-id=\"69a67b07\" data-element_type=\"widget\" data-e-type=\"widget\" data-widget_type=\"text-editor.default\">\n\t\t\t\t<div class=\"elementor-widget-container\">\n\t\t\t\t\t\t\t\t\t<p>Seguint el perfil del roquer sobre el qual s&#8217;assenta, s&#8217;aixeca la muralla, amb onze torres de planta circular, que en el seu costat oriental es troben obertes cap a l&#8217;interior, i una \u00fanica torrassa quadrada al sud, en el tram mural d&#8217;edat cristiana i aspecte diferent, ja que no s\u2019utilitza com a aglomerant el guix vermell de l&#8217;\u00e8poca musulmana anterior.<\/p><p>El Castell quedava protegit per tres portes de les quals nom\u00e9s es conserva amb claredat la porta actual inserida en el mateix recinte.<\/p>\t\t\t\t\t\t\t\t<\/div>\n\t\t\t\t<\/div>\n\t\t\t\t<div class=\"elementor-element elementor-element-7924565f elementor-widget elementor-widget-image\" data-id=\"7924565f\" data-element_type=\"widget\" data-e-type=\"widget\" data-widget_type=\"image.default\">\n\t\t\t\t<div class=\"elementor-widget-container\">\n\t\t\t\t\t\t\t\t\t\t\t\t<figure class=\"wp-caption\">\n\t\t\t\t\t\t\t\t\t\t<img loading=\"lazy\" decoding=\"async\" width=\"800\" height=\"533\" src=\"https:\/\/www.elturistatranquil.com\/wp-content\/uploads\/F21-Albarracin-1.jpg\" class=\"attachment-large size-large wp-image-6149\" alt=\"\" srcset=\"https:\/\/www.elturistatranquil.com\/wp-content\/uploads\/F21-Albarracin-1.jpg 800w, https:\/\/www.elturistatranquil.com\/wp-content\/uploads\/F21-Albarracin-1-768x512.jpg 768w\" sizes=\"(max-width: 800px) 100vw, 800px\" \/>\t\t\t\t\t\t\t\t\t\t\t<figcaption class=\"widget-image-caption wp-caption-text\">Aquesta perspectiva de la alcassaba en la seva cara est, dominant sobre el poble, ens permet veure com la forma irregular dels murs s\u2019adapta a la forma del rocall sobre el que va ser constru\u00efda<\/figcaption>\n\t\t\t\t\t\t\t\t\t\t<\/figure>\n\t\t\t\t\t\t\t\t\t<\/div>\n\t\t\t\t<\/div>\n\t\t\t\t<div class=\"elementor-element elementor-element-19c4b5ec elementor-widget elementor-widget-image\" data-id=\"19c4b5ec\" data-element_type=\"widget\" data-e-type=\"widget\" data-widget_type=\"image.default\">\n\t\t\t\t<div class=\"elementor-widget-container\">\n\t\t\t\t\t\t\t\t\t\t\t\t<figure class=\"wp-caption\">\n\t\t\t\t\t\t\t\t\t\t<img loading=\"lazy\" decoding=\"async\" width=\"800\" height=\"533\" src=\"https:\/\/www.elturistatranquil.com\/wp-content\/uploads\/F22-Albarracin-1.jpg\" class=\"attachment-large size-large wp-image-6151\" alt=\"\" srcset=\"https:\/\/www.elturistatranquil.com\/wp-content\/uploads\/F22-Albarracin-1.jpg 800w, https:\/\/www.elturistatranquil.com\/wp-content\/uploads\/F22-Albarracin-1-768x512.jpg 768w\" sizes=\"(max-width: 800px) 100vw, 800px\" \/>\t\t\t\t\t\t\t\t\t\t\t<figcaption class=\"widget-image-caption wp-caption-text\">Punt (5) sobre la banda oest<\/figcaption>\n\t\t\t\t\t\t\t\t\t\t<\/figure>\n\t\t\t\t\t\t\t\t\t<\/div>\n\t\t\t\t<\/div>\n\t\t\t\t<div class=\"elementor-element elementor-element-15d856bb elementor-widget elementor-widget-image\" data-id=\"15d856bb\" data-element_type=\"widget\" data-e-type=\"widget\" data-widget_type=\"image.default\">\n\t\t\t\t<div class=\"elementor-widget-container\">\n\t\t\t\t\t\t\t\t\t\t\t\t<figure class=\"wp-caption\">\n\t\t\t\t\t\t\t\t\t\t<img loading=\"lazy\" decoding=\"async\" width=\"800\" height=\"533\" src=\"https:\/\/www.elturistatranquil.com\/wp-content\/uploads\/F23-Albarracin-1.jpg\" class=\"attachment-large size-large wp-image-6153\" alt=\"\" srcset=\"https:\/\/www.elturistatranquil.com\/wp-content\/uploads\/F23-Albarracin-1.jpg 800w, https:\/\/www.elturistatranquil.com\/wp-content\/uploads\/F23-Albarracin-1-768x512.jpg 768w\" sizes=\"(max-width: 800px) 100vw, 800px\" \/>\t\t\t\t\t\t\t\t\t\t\t<figcaption class=\"widget-image-caption wp-caption-text\">Llen\u00e7 oest, des de les torres (5) a (7)<\/figcaption>\n\t\t\t\t\t\t\t\t\t\t<\/figure>\n\t\t\t\t\t\t\t\t\t<\/div>\n\t\t\t\t<\/div>\n\t\t\t\t<div class=\"elementor-element elementor-element-3043616f elementor-widget elementor-widget-menu-anchor\" data-id=\"3043616f\" data-element_type=\"widget\" data-e-type=\"widget\" data-widget_type=\"menu-anchor.default\">\n\t\t\t\t<div class=\"elementor-widget-container\">\n\t\t\t\t\t\t\t<div class=\"elementor-menu-anchor\" id=\"c1411\"><\/div>\n\t\t\t\t\t\t<\/div>\n\t\t\t\t<\/div>\n\t\t\t\t<div class=\"elementor-element elementor-element-7297f9ba elementor-widget elementor-widget-image\" data-id=\"7297f9ba\" data-element_type=\"widget\" data-e-type=\"widget\" data-widget_type=\"image.default\">\n\t\t\t\t<div class=\"elementor-widget-container\">\n\t\t\t\t\t\t\t\t\t\t\t\t<figure class=\"wp-caption\">\n\t\t\t\t\t\t\t\t\t\t<img loading=\"lazy\" decoding=\"async\" width=\"800\" height=\"533\" src=\"https:\/\/www.elturistatranquil.com\/wp-content\/uploads\/F24-Albarracin-1.jpg\" class=\"attachment-large size-large wp-image-6155\" alt=\"\" srcset=\"https:\/\/www.elturistatranquil.com\/wp-content\/uploads\/F24-Albarracin-1.jpg 800w, https:\/\/www.elturistatranquil.com\/wp-content\/uploads\/F24-Albarracin-1-768x512.jpg 768w\" sizes=\"(max-width: 800px) 100vw, 800px\" \/>\t\t\t\t\t\t\t\t\t\t\t<figcaption class=\"widget-image-caption wp-caption-text\">Des de la torrassa (7) en direcci\u00f3 nord. Al centre la porta d\u2019acc\u00e9s<\/figcaption>\n\t\t\t\t\t\t\t\t\t\t<\/figure>\n\t\t\t\t\t\t\t\t\t<\/div>\n\t\t\t\t<\/div>\n\t\t\t\t<div class=\"elementor-element elementor-element-45f9cacf elementor-widget elementor-widget-heading\" data-id=\"45f9cacf\" data-element_type=\"widget\" data-e-type=\"widget\" data-widget_type=\"heading.default\">\n\t\t\t\t<div class=\"elementor-widget-container\">\n\t\t\t\t\t<h3 class=\"elementor-heading-title elementor-size-default\">La muralla<\/h3>\t\t\t\t<\/div>\n\t\t\t\t<\/div>\n\t\t\t\t<div class=\"elementor-element elementor-element-2923d96 elementor-widget elementor-widget-text-editor\" data-id=\"2923d96\" data-element_type=\"widget\" data-e-type=\"widget\" data-widget_type=\"text-editor.default\">\n\t\t\t\t<div class=\"elementor-widget-container\">\n\t\t\t\t\t\t\t\t\t<p>Al tractar-se d&#8217;una alcassaba, aquesta est\u00e0 situada dins d&#8217;un recinte murat, que inclou al seu torn les cases de la poblaci\u00f3 resident.<\/p><p>Tamb\u00e9 de finals del segle X data la Torre de l&#8217;Andador (<strong>M1<\/strong>), que en principi va ser una torre albarrana, que es va incloure al recinte fortificat al comen\u00e7ament del segle XI, quan l&#8217;augment de poblaci\u00f3 i la conversi\u00f3 de la ciutat en capital de la taifa governada pels <em>Banu Razin<\/em>, va fer necess\u00e0ria una ampliaci\u00f3 de la muralla.<\/p>\t\t\t\t\t\t\t\t<\/div>\n\t\t\t\t<\/div>\n\t\t\t\t<div class=\"elementor-element elementor-element-468683aa elementor-widget elementor-widget-image\" data-id=\"468683aa\" data-element_type=\"widget\" data-e-type=\"widget\" data-widget_type=\"image.default\">\n\t\t\t\t<div class=\"elementor-widget-container\">\n\t\t\t\t\t\t\t\t\t\t\t\t<figure class=\"wp-caption\">\n\t\t\t\t\t\t\t\t\t\t<img loading=\"lazy\" decoding=\"async\" width=\"800\" height=\"533\" src=\"https:\/\/www.elturistatranquil.com\/wp-content\/uploads\/F25-Albarracin-1.jpg\" class=\"attachment-large size-large wp-image-6157\" alt=\"\" srcset=\"https:\/\/www.elturistatranquil.com\/wp-content\/uploads\/F25-Albarracin-1.jpg 800w, https:\/\/www.elturistatranquil.com\/wp-content\/uploads\/F25-Albarracin-1-768x512.jpg 768w\" sizes=\"(max-width: 800px) 100vw, 800px\" \/>\t\t\t\t\t\t\t\t\t\t\t<figcaption class=\"widget-image-caption wp-caption-text\">Torre del Andador (M1)<\/figcaption>\n\t\t\t\t\t\t\t\t\t\t<\/figure>\n\t\t\t\t\t\t\t\t\t<\/div>\n\t\t\t\t<\/div>\n\t\t\t\t<div class=\"elementor-element elementor-element-75cc54ea elementor-widget elementor-widget-text-editor\" data-id=\"75cc54ea\" data-element_type=\"widget\" data-e-type=\"widget\" data-widget_type=\"text-editor.default\">\n\t\t\t\t<div class=\"elementor-widget-container\">\n\t\t\t\t\t\t\t\t\t<p>Pel fet de la gran ampliaci\u00f3, el primitiu <em>Portal de Hierro<\/em> va quedar dins el nou recinte, en el qu\u00e8 es van obrir tres portals: a l&#8217;est, el <em>Portal de Teruel<\/em>, avui desaparegut; al sud, el <em>Portal del Agua<\/em>; ia l&#8217;oest, el <em>Portal de Molina<\/em>.<\/p><p>El <em>Portal del Agua<\/em> (<strong>M2<\/strong>), constru\u00eft per facilitar una sortida semi amagada de la ciutat en cas de setge o necessitat de prove\u00efment d&#8217;aigua, est\u00e0 adossat a una de les torrasses de la muralla i protegida originalment per la <em>Torre de la Muela<\/em> (actualment no conservada). Consta d&#8217;un arc de carreus de mig punt cap a l&#8217;exterior i arc rebaixat a l&#8217;interior. Sobre l&#8217;arc es va disposar una petita edificaci\u00f3 de cos de gu\u00e0rdia, amb balc\u00f3 cap a l&#8217;exterior i galeria intramurs; una escala des de l&#8217;interior del recinte permet l&#8217;acc\u00e9s a la torrassa contigua, de planta quadrada i gruixuts murs de ma\u00e7oneria rematats amb merlets.<\/p>\t\t\t\t\t\t\t\t<\/div>\n\t\t\t\t<\/div>\n\t\t\t\t<div class=\"elementor-element elementor-element-577ba8d6 elementor-widget elementor-widget-image\" data-id=\"577ba8d6\" data-element_type=\"widget\" data-e-type=\"widget\" data-widget_type=\"image.default\">\n\t\t\t\t<div class=\"elementor-widget-container\">\n\t\t\t\t\t\t\t\t\t\t\t\t<figure class=\"wp-caption\">\n\t\t\t\t\t\t\t\t\t\t<img loading=\"lazy\" decoding=\"async\" width=\"800\" height=\"533\" src=\"https:\/\/www.elturistatranquil.com\/wp-content\/uploads\/F26-Albarracin-1.jpg\" class=\"attachment-large size-large wp-image-6159\" alt=\"\" srcset=\"https:\/\/www.elturistatranquil.com\/wp-content\/uploads\/F26-Albarracin-1.jpg 800w, https:\/\/www.elturistatranquil.com\/wp-content\/uploads\/F26-Albarracin-1-768x512.jpg 768w\" sizes=\"(max-width: 800px) 100vw, 800px\" \/>\t\t\t\t\t\t\t\t\t\t\t<figcaption class=\"widget-image-caption wp-caption-text\">Portal del Agua (M2)<\/figcaption>\n\t\t\t\t\t\t\t\t\t\t<\/figure>\n\t\t\t\t\t\t\t\t\t<\/div>\n\t\t\t\t<\/div>\n\t\t\t\t<div class=\"elementor-element elementor-element-3e861303 elementor-widget elementor-widget-text-editor\" data-id=\"3e861303\" data-element_type=\"widget\" data-e-type=\"widget\" data-widget_type=\"text-editor.default\">\n\t\t\t\t<div class=\"elementor-widget-container\">\n\t\t\t\t\t\t\t\t\t<p>El Portal de Molina (<strong>M3<\/strong>) est\u00e0 format per dos torrasses de planta quadrada i entre tots dos un arc de mig punt de gran dovellatge de carreus.<\/p>\t\t\t\t\t\t\t\t<\/div>\n\t\t\t\t<\/div>\n\t\t\t\t<div class=\"elementor-element elementor-element-24b53d30 elementor-widget elementor-widget-image\" data-id=\"24b53d30\" data-element_type=\"widget\" data-e-type=\"widget\" data-widget_type=\"image.default\">\n\t\t\t\t<div class=\"elementor-widget-container\">\n\t\t\t\t\t\t\t\t\t\t\t\t<figure class=\"wp-caption\">\n\t\t\t\t\t\t\t\t\t\t<img loading=\"lazy\" decoding=\"async\" width=\"800\" height=\"533\" src=\"https:\/\/www.elturistatranquil.com\/wp-content\/uploads\/F27-Albarracin-1.jpg\" class=\"attachment-large size-large wp-image-6161\" alt=\"\" srcset=\"https:\/\/www.elturistatranquil.com\/wp-content\/uploads\/F27-Albarracin-1.jpg 800w, https:\/\/www.elturistatranquil.com\/wp-content\/uploads\/F27-Albarracin-1-768x512.jpg 768w\" sizes=\"(max-width: 800px) 100vw, 800px\" \/>\t\t\t\t\t\t\t\t\t\t\t<figcaption class=\"widget-image-caption wp-caption-text\">Portal de Molina (M3)<\/figcaption>\n\t\t\t\t\t\t\t\t\t\t<\/figure>\n\t\t\t\t\t\t\t\t\t<\/div>\n\t\t\t\t<\/div>\n\t\t\t\t<div class=\"elementor-element elementor-element-17b296e elementor-widget elementor-widget-text-editor\" data-id=\"17b296e\" data-element_type=\"widget\" data-e-type=\"widget\" data-widget_type=\"text-editor.default\">\n\t\t\t\t<div class=\"elementor-widget-container\">\n\t\t\t\t\t\t\t\t\t<p>Des del <em>Portal de Molina<\/em> part el llen\u00e7 de muralla que s&#8217;eleva fins a la <em>Torre del Andador<\/em>.<\/p>\t\t\t\t\t\t\t\t<\/div>\n\t\t\t\t<\/div>\n\t\t\t\t<div class=\"elementor-element elementor-element-2ca271b7 elementor-widget elementor-widget-image\" data-id=\"2ca271b7\" data-element_type=\"widget\" data-e-type=\"widget\" data-widget_type=\"image.default\">\n\t\t\t\t<div class=\"elementor-widget-container\">\n\t\t\t\t\t\t\t\t\t\t\t\t<figure class=\"wp-caption\">\n\t\t\t\t\t\t\t\t\t\t<img loading=\"lazy\" decoding=\"async\" width=\"800\" height=\"533\" src=\"https:\/\/www.elturistatranquil.com\/wp-content\/uploads\/F28-Albarracin-1.jpg\" class=\"attachment-large size-large wp-image-6163\" alt=\"\" srcset=\"https:\/\/www.elturistatranquil.com\/wp-content\/uploads\/F28-Albarracin-1.jpg 800w, https:\/\/www.elturistatranquil.com\/wp-content\/uploads\/F28-Albarracin-1-768x512.jpg 768w\" sizes=\"(max-width: 800px) 100vw, 800px\" \/>\t\t\t\t\t\t\t\t\t\t\t<figcaption class=\"widget-image-caption wp-caption-text\">Exterior del llen\u00e7 oest ascendent (de M3 a M1)<\/figcaption>\n\t\t\t\t\t\t\t\t\t\t<\/figure>\n\t\t\t\t\t\t\t\t\t<\/div>\n\t\t\t\t<\/div>\n\t\t\t\t<div class=\"elementor-element elementor-element-7370da2d elementor-widget elementor-widget-image\" data-id=\"7370da2d\" data-element_type=\"widget\" data-e-type=\"widget\" data-widget_type=\"image.default\">\n\t\t\t\t<div class=\"elementor-widget-container\">\n\t\t\t\t\t\t\t\t\t\t\t\t<figure class=\"wp-caption\">\n\t\t\t\t\t\t\t\t\t\t<img loading=\"lazy\" decoding=\"async\" width=\"800\" height=\"533\" src=\"https:\/\/www.elturistatranquil.com\/wp-content\/uploads\/F29-Albarracin-1.jpg\" class=\"attachment-large size-large wp-image-6165\" alt=\"\" srcset=\"https:\/\/www.elturistatranquil.com\/wp-content\/uploads\/F29-Albarracin-1.jpg 800w, https:\/\/www.elturistatranquil.com\/wp-content\/uploads\/F29-Albarracin-1-768x512.jpg 768w\" sizes=\"(max-width: 800px) 100vw, 800px\" \/>\t\t\t\t\t\t\t\t\t\t\t<figcaption class=\"widget-image-caption wp-caption-text\">Interior del llen\u00e7 oest ascendent fins a la Torre del Andador<\/figcaption>\n\t\t\t\t\t\t\t\t\t\t<\/figure>\n\t\t\t\t\t\t\t\t\t<\/div>\n\t\t\t\t<\/div>\n\t\t\t\t<div class=\"elementor-element elementor-element-38a373a0 elementor-widget elementor-widget-image\" data-id=\"38a373a0\" data-element_type=\"widget\" data-e-type=\"widget\" data-widget_type=\"image.default\">\n\t\t\t\t<div class=\"elementor-widget-container\">\n\t\t\t\t\t\t\t\t\t\t\t\t<figure class=\"wp-caption\">\n\t\t\t\t\t\t\t\t\t\t<img loading=\"lazy\" decoding=\"async\" width=\"800\" height=\"533\" src=\"https:\/\/www.elturistatranquil.com\/wp-content\/uploads\/F30-Albarracin-1.jpg\" class=\"attachment-large size-large wp-image-6167\" alt=\"\" srcset=\"https:\/\/www.elturistatranquil.com\/wp-content\/uploads\/F30-Albarracin-1.jpg 800w, https:\/\/www.elturistatranquil.com\/wp-content\/uploads\/F30-Albarracin-1-768x512.jpg 768w\" sizes=\"(max-width: 800px) 100vw, 800px\" \/>\t\t\t\t\t\t\t\t\t\t\t<figcaption class=\"widget-image-caption wp-caption-text\">Vista del conjunt de la muralla nord-oest<\/figcaption>\n\t\t\t\t\t\t\t\t\t\t<\/figure>\n\t\t\t\t\t\t\t\t\t<\/div>\n\t\t\t\t<\/div>\n\t\t\t\t<div class=\"elementor-element elementor-element-73a75690 elementor-widget elementor-widget-image\" data-id=\"73a75690\" data-element_type=\"widget\" data-e-type=\"widget\" data-widget_type=\"image.default\">\n\t\t\t\t<div class=\"elementor-widget-container\">\n\t\t\t\t\t\t\t\t\t\t\t\t<figure class=\"wp-caption\">\n\t\t\t\t\t\t\t\t\t\t<img loading=\"lazy\" decoding=\"async\" width=\"800\" height=\"533\" src=\"https:\/\/www.elturistatranquil.com\/wp-content\/uploads\/F31-Albarracin-1.jpg\" class=\"attachment-large size-large wp-image-6169\" alt=\"\" srcset=\"https:\/\/www.elturistatranquil.com\/wp-content\/uploads\/F31-Albarracin-1.jpg 800w, https:\/\/www.elturistatranquil.com\/wp-content\/uploads\/F31-Albarracin-1-768x512.jpg 768w\" sizes=\"(max-width: 800px) 100vw, 800px\" \/>\t\t\t\t\t\t\t\t\t\t\t<figcaption class=\"widget-image-caption wp-caption-text\">Conjunt de la muralla exterior amb la Torre del Andador a la c\u00faspide<\/figcaption>\n\t\t\t\t\t\t\t\t\t\t<\/figure>\n\t\t\t\t\t\t\t\t\t<\/div>\n\t\t\t\t<\/div>\n\t\t\t\t<div class=\"elementor-element elementor-element-199eabf7 elementor-widget elementor-widget-text-editor\" data-id=\"199eabf7\" data-element_type=\"widget\" data-e-type=\"widget\" data-widget_type=\"text-editor.default\">\n\t\t\t\t<div class=\"elementor-widget-container\">\n\t\t\t\t\t\t\t\t\t<p>La muralla descendeix fins a la torre circular (<strong>M4<\/strong>)<\/p>\t\t\t\t\t\t\t\t<\/div>\n\t\t\t\t<\/div>\n\t\t\t\t<div class=\"elementor-element elementor-element-6c911c32 elementor-widget elementor-widget-image\" data-id=\"6c911c32\" data-element_type=\"widget\" data-e-type=\"widget\" data-widget_type=\"image.default\">\n\t\t\t\t<div class=\"elementor-widget-container\">\n\t\t\t\t\t\t\t\t\t\t\t\t<figure class=\"wp-caption\">\n\t\t\t\t\t\t\t\t\t\t<img loading=\"lazy\" decoding=\"async\" width=\"800\" height=\"533\" src=\"https:\/\/www.elturistatranquil.com\/wp-content\/uploads\/F32-Albarracin-1.jpg\" class=\"attachment-large size-large wp-image-6171\" alt=\"\" srcset=\"https:\/\/www.elturistatranquil.com\/wp-content\/uploads\/F32-Albarracin-1.jpg 800w, https:\/\/www.elturistatranquil.com\/wp-content\/uploads\/F32-Albarracin-1-768x512.jpg 768w\" sizes=\"(max-width: 800px) 100vw, 800px\" \/>\t\t\t\t\t\t\t\t\t\t\t<figcaption class=\"widget-image-caption wp-caption-text\">\u00daltima torre (M4) de la muralla exterior a la zona aquest<\/figcaption>\n\t\t\t\t\t\t\t\t\t\t<\/figure>\n\t\t\t\t\t\t\t\t\t<\/div>\n\t\t\t\t<\/div>\n\t\t\t\t<div class=\"elementor-element elementor-element-2b11e8d8 elementor-widget elementor-widget-text-editor\" data-id=\"2b11e8d8\" data-element_type=\"widget\" data-e-type=\"widget\" data-widget_type=\"text-editor.default\">\n\t\t\t\t<div class=\"elementor-widget-container\">\n\t\t\t\t\t\t\t\t\t<p>Quan en 1284, Pere III conquesta Albarrac\u00edn. el recinte va ser rehabilitat en la seva major part.<\/p><p>Del segle XIII data la <em>Torre de Do\u00f1a Blanca<\/em> (<strong>M5<\/strong>) situada al costat de l&#8217;Esgl\u00e9sia de Santa Maria, a la punta sud d&#8217;Albarrac\u00edn. Amb ella es va completar el sistema defensiu de la ciutat.<\/p>\t\t\t\t\t\t\t\t<\/div>\n\t\t\t\t<\/div>\n\t\t\t\t<div class=\"elementor-element elementor-element-4d945e66 elementor-widget elementor-widget-image\" data-id=\"4d945e66\" data-element_type=\"widget\" data-e-type=\"widget\" data-widget_type=\"image.default\">\n\t\t\t\t<div class=\"elementor-widget-container\">\n\t\t\t\t\t\t\t\t\t\t\t\t<figure class=\"wp-caption\">\n\t\t\t\t\t\t\t\t\t\t<img loading=\"lazy\" decoding=\"async\" width=\"800\" height=\"533\" src=\"https:\/\/www.elturistatranquil.com\/wp-content\/uploads\/F33-Albarracin-1.jpg\" class=\"attachment-large size-large wp-image-6173\" alt=\"\" srcset=\"https:\/\/www.elturistatranquil.com\/wp-content\/uploads\/F33-Albarracin-1.jpg 800w, https:\/\/www.elturistatranquil.com\/wp-content\/uploads\/F33-Albarracin-1-768x512.jpg 768w\" sizes=\"(max-width: 800px) 100vw, 800px\" \/>\t\t\t\t\t\t\t\t\t\t\t<figcaption class=\"widget-image-caption wp-caption-text\">Torre de Do\u00f1a Blanca (M5), a la punta sud d'Albarrac\u00edn<\/figcaption>\n\t\t\t\t\t\t\t\t\t\t<\/figure>\n\t\t\t\t\t\t\t\t\t<\/div>\n\t\t\t\t<\/div>\n\t\t\t\t<div class=\"elementor-element elementor-element-5e89edb1 elementor-widget elementor-widget-menu-anchor\" data-id=\"5e89edb1\" data-element_type=\"widget\" data-e-type=\"widget\" data-widget_type=\"menu-anchor.default\">\n\t\t\t\t<div class=\"elementor-widget-container\">\n\t\t\t\t\t\t\t<div class=\"elementor-menu-anchor\" id=\"c1412\"><\/div>\n\t\t\t\t\t\t<\/div>\n\t\t\t\t<\/div>\n\t\t\t\t<div class=\"elementor-element elementor-element-578c8ffb elementor-widget elementor-widget-text-editor\" data-id=\"578c8ffb\" data-element_type=\"widget\" data-e-type=\"widget\" data-widget_type=\"text-editor.default\">\n\t\t\t\t<div class=\"elementor-widget-container\">\n\t\t\t\t\t\t\t\t\t<p>Ser\u00e0 en el segle XIV quan es duguin a terme importants obres de rehabilitaci\u00f3 per Pedro IV. Es van condicionar les muralles anteriors i es van prolongar cap al nord-est. Es van fer en ma\u00e7oneria, amb murs de 1,60 metres de gruix i 12 d&#8217;al\u00e7ada, les torrasses prism\u00e0tiques estan separades per uns 40 metres i tenen una al\u00e7ada de 16 metres. D&#8217;aquesta etapa s\u00f3n les restes que avui es contemplen.<\/p><p>La seva import\u00e0ncia defensiva es va perdre al segle XVIII, quan Felip V va desmantellar la fortalesa. Felip V va abolir els <em>furs d&#8217;Arag\u00f3<\/em> i va manar desmantellar el castell, encara que no les muralles i les torres principals, com la del <em>Andador<\/em> o la de <em>Do\u00f1a Blanca<\/em>.<\/p><p>El 1984 el Govern d&#8217;Arag\u00f3 inicia treballs de restauraci\u00f3 en el llen\u00e7 nord de la muralla i es recuperen completament els murs oest i sud.<\/p><p>El <em>Recinte Fortificat d&#8217;Albarrac\u00edn<\/em> est\u00e0 incl\u00f2s dins de la relaci\u00f3 de castells considerats <em>B\u00e9ns d&#8217;Inter\u00e8s Cultural<\/em> del Patrimoni Cultural Aragon\u00e8s.<\/p>\t\t\t\t\t\t\t\t<\/div>\n\t\t\t\t<\/div>\n\t\t\t\t<div class=\"elementor-element elementor-element-116f1838 elementor-widget elementor-widget-heading\" data-id=\"116f1838\" data-element_type=\"widget\" data-e-type=\"widget\" data-widget_type=\"heading.default\">\n\t\t\t\t<div class=\"elementor-widget-container\">\n\t\t\t\t\t<h2 class=\"elementor-heading-title elementor-size-default\">L\u2019inici de la visita: Arribada a Albarrac\u00edn<\/h2>\t\t\t\t<\/div>\n\t\t\t\t<\/div>\n\t\t\t\t<div class=\"elementor-element elementor-element-2e2e2081 elementor-widget elementor-widget-text-editor\" data-id=\"2e2e2081\" data-element_type=\"widget\" data-e-type=\"widget\" data-widget_type=\"text-editor.default\">\n\t\t\t\t<div class=\"elementor-widget-container\">\n\t\t\t\t\t\t\t\t\t<p>A l\u2019arribar a Albarrac\u00edn es aconsellable deixar el cotxe a un dels p\u00e0rquings que hi ha a \u201cel barrio\u201d.<\/p><p>Com a primera imatge, mirant al front en direcci\u00f3 oest, se&#8217;ns apareix el penyal que forma el meandre i, a sobre, la visi\u00f3 imponent del poble. A la base veiem tamb\u00e9 el t\u00fanel que travessa el penyal, constru\u00eft al segle XIX.<\/p>\t\t\t\t\t\t\t\t<\/div>\n\t\t\t\t<\/div>\n\t\t\t\t<div class=\"elementor-element elementor-element-5232b7a2 elementor-widget elementor-widget-image\" data-id=\"5232b7a2\" data-element_type=\"widget\" data-e-type=\"widget\" data-widget_type=\"image.default\">\n\t\t\t\t<div class=\"elementor-widget-container\">\n\t\t\t\t\t\t\t\t\t\t\t\t\t\t\t<img loading=\"lazy\" decoding=\"async\" width=\"800\" height=\"533\" src=\"https:\/\/www.elturistatranquil.com\/wp-content\/uploads\/F34-Albarracin-1.jpg\" class=\"attachment-large size-large wp-image-6175\" alt=\"\" srcset=\"https:\/\/www.elturistatranquil.com\/wp-content\/uploads\/F34-Albarracin-1.jpg 800w, https:\/\/www.elturistatranquil.com\/wp-content\/uploads\/F34-Albarracin-1-768x512.jpg 768w\" sizes=\"(max-width: 800px) 100vw, 800px\" \/>\t\t\t\t\t\t\t\t\t\t\t\t\t\t\t<\/div>\n\t\t\t\t<\/div>\n\t\t\t\t<div class=\"elementor-element elementor-element-78fec1ee elementor-widget elementor-widget-text-editor\" data-id=\"78fec1ee\" data-element_type=\"widget\" data-e-type=\"widget\" data-widget_type=\"text-editor.default\">\n\t\t\t\t<div class=\"elementor-widget-container\">\n\t\t\t\t\t\t\t\t\t<p>Si girem la vista cap el nord-est es manifesta, tamb\u00e9 enlairat, el final de la muralla exterior i, en primer terme, el gran edifici de l\u2019antiga escola dels Escolapis, avui reconvertida en hotel.<\/p>\t\t\t\t\t\t\t\t<\/div>\n\t\t\t\t<\/div>\n\t\t\t\t<div class=\"elementor-element elementor-element-64447123 elementor-widget elementor-widget-image\" data-id=\"64447123\" data-element_type=\"widget\" data-e-type=\"widget\" data-widget_type=\"image.default\">\n\t\t\t\t<div class=\"elementor-widget-container\">\n\t\t\t\t\t\t\t\t\t\t\t\t\t\t\t<img loading=\"lazy\" decoding=\"async\" width=\"800\" height=\"533\" src=\"https:\/\/www.elturistatranquil.com\/wp-content\/uploads\/F35-Albarracin-1.jpg\" class=\"attachment-large size-large wp-image-6177\" alt=\"\" srcset=\"https:\/\/www.elturistatranquil.com\/wp-content\/uploads\/F35-Albarracin-1.jpg 800w, https:\/\/www.elturistatranquil.com\/wp-content\/uploads\/F35-Albarracin-1-768x512.jpg 768w\" sizes=\"(max-width: 800px) 100vw, 800px\" \/>\t\t\t\t\t\t\t\t\t\t\t\t\t\t\t<\/div>\n\t\t\t\t<\/div>\n\t\t\t\t<div class=\"elementor-element elementor-element-88f6125 elementor-widget elementor-widget-menu-anchor\" data-id=\"88f6125\" data-element_type=\"widget\" data-e-type=\"widget\" data-widget_type=\"menu-anchor.default\">\n\t\t\t\t<div class=\"elementor-widget-container\">\n\t\t\t\t\t\t\t<div class=\"elementor-menu-anchor\" id=\"c1413\"><\/div>\n\t\t\t\t\t\t<\/div>\n\t\t\t\t<\/div>\n\t\t\t\t<div class=\"elementor-element elementor-element-990443b elementor-widget elementor-widget-text-editor\" data-id=\"990443b\" data-element_type=\"widget\" data-e-type=\"widget\" data-widget_type=\"text-editor.default\">\n\t\t\t\t<div class=\"elementor-widget-container\">\n\t\t\t\t\t\t\t\t\t<p>Aquestes imatges s\u00f3n l\u2019aperitiu del que ens espera a mesura que anem ascendit cap a \u201cla ciudad\u201d.<\/p>\t\t\t\t\t\t\t\t<\/div>\n\t\t\t\t<\/div>\n\t\t\t\t<div class=\"elementor-element elementor-element-54db5348 elementor-widget elementor-widget-heading\" data-id=\"54db5348\" data-element_type=\"widget\" data-e-type=\"widget\" data-widget_type=\"heading.default\">\n\t\t\t\t<div class=\"elementor-widget-container\">\n\t\t\t\t\t<h2 class=\"elementor-heading-title elementor-size-default\">Rutes per Albarrac\u00edn<\/h2>\t\t\t\t<\/div>\n\t\t\t\t<\/div>\n\t\t\t\t<div class=\"elementor-element elementor-element-3f5cdc8a elementor-widget elementor-widget-text-editor\" data-id=\"3f5cdc8a\" data-element_type=\"widget\" data-e-type=\"widget\" data-widget_type=\"text-editor.default\">\n\t\t\t\t<div class=\"elementor-widget-container\">\n\t\t\t\t\t\t\t\t\t<p>En l\u2019exposici\u00f3 que segueix presentar\u00e9 <strong>6 rutes<\/strong>, m\u00e9s la <strong>visita a la Catedral<\/strong>, que ens proporcionaran una idea for\u00e7a completa de com \u00e9s en l\u2019actualitat Albarrac\u00edn.<\/p><p>Al pl\u00e0nol estan indicades en colors les 6 rutes, acompanyades d\u2019una xifra romana, segons l\u2019ordre del recorregut seguit.<\/p>\t\t\t\t\t\t\t\t<\/div>\n\t\t\t\t<\/div>\n\t\t\t\t<div class=\"elementor-element elementor-element-620b5975 elementor-widget elementor-widget-menu-anchor\" data-id=\"620b5975\" data-element_type=\"widget\" data-e-type=\"widget\" data-widget_type=\"menu-anchor.default\">\n\t\t\t\t<div class=\"elementor-widget-container\">\n\t\t\t\t\t\t\t<div class=\"elementor-menu-anchor\" id=\"c1414\"><\/div>\n\t\t\t\t\t\t<\/div>\n\t\t\t\t<\/div>\n\t\t\t\t<div class=\"elementor-element elementor-element-3df7d9b elementor-widget elementor-widget-image\" data-id=\"3df7d9b\" data-element_type=\"widget\" data-e-type=\"widget\" data-widget_type=\"image.default\">\n\t\t\t\t<div class=\"elementor-widget-container\">\n\t\t\t\t\t\t\t\t\t\t\t\t<figure class=\"wp-caption\">\n\t\t\t\t\t\t\t\t\t\t<img loading=\"lazy\" decoding=\"async\" width=\"800\" height=\"533\" src=\"https:\/\/www.elturistatranquil.com\/wp-content\/uploads\/F36-Albarracin-1.jpg\" class=\"attachment-large size-large wp-image-6179\" alt=\"\" srcset=\"https:\/\/www.elturistatranquil.com\/wp-content\/uploads\/F36-Albarracin-1.jpg 800w, https:\/\/www.elturistatranquil.com\/wp-content\/uploads\/F36-Albarracin-1-768x512.jpg 768w\" sizes=\"(max-width: 800px) 100vw, 800px\" \/>\t\t\t\t\t\t\t\t\t\t\t<figcaption class=\"widget-image-caption wp-caption-text\">Rutes: I. Carrer Azagra; II. Pla\u00e7a Major; III. Carrer Catedral i Pla\u00e7a Palacio; IV. Ronda oest; V. Carrers Sant Joan i Catedral; VI. Portals del Agua i de Molina i Muralla (Google Maps 2018-08-23)<\/figcaption>\n\t\t\t\t\t\t\t\t\t\t<\/figure>\n\t\t\t\t\t\t\t\t\t<\/div>\n\t\t\t\t<\/div>\n\t\t\t\t<div class=\"elementor-element elementor-element-658012ae elementor-widget elementor-widget-heading\" data-id=\"658012ae\" data-element_type=\"widget\" data-e-type=\"widget\" data-widget_type=\"heading.default\">\n\t\t\t\t<div class=\"elementor-widget-container\">\n\t\t\t\t\t<h3 class=\"elementor-heading-title elementor-size-default\">I. Carrer Azagra<\/h3>\t\t\t\t<\/div>\n\t\t\t\t<\/div>\n\t\t\t\t<div class=\"elementor-element elementor-element-1a220137 elementor-widget elementor-widget-text-editor\" data-id=\"1a220137\" data-element_type=\"widget\" data-e-type=\"widget\" data-widget_type=\"text-editor.default\">\n\t\t\t\t<div class=\"elementor-widget-container\">\n\t\t\t\t\t\t\t\t\t<p>La pujada cap el recinte hist\u00f2ric la comen\u00e7arem pel carrer Bernardo Zapater, al costat del major edifici de tot el poble: l\u2019antic col\u00b7legi dels Escolapis, del segle XVIII, actualment adaptat a hotel.<\/p><p>L\u2019ascensi\u00f3 ens l\u2019hem de prendre amb calma per l\u2019empinat carrer, o \u201c<em>cuesta de Teruel<\/em>\u201d. I entrarem al recinte pel desaparegut <em>Portal de Teruel<\/em>, que era el m\u00e9s important de la ciutat.<\/p><p>Entrant, de seguida apareixer\u00e0 a l\u2019esquerra el Palau dels Navarro de Azuriaga, tamb\u00e9 coneguda com \u201c<em>casa Azul<\/em>\u201d pel color diferencial que li van voler donar els seus propietaris. Es tracta d\u2019un dels palaus m\u00e9s significatius d\u2019Albarrac\u00edn. El contrast de colors ser\u00e0 encara m\u00e9s evident\u00a0 quan finalitzem la visita, i la nostra retina s\u2019hagi saturat del color \u201calbarrac\u00edn\u201d omnipresent a la resta de les construccions, junt amb la pedra calc\u00e0ria.<\/p><p>Els seus or\u00edgens s\u00f3n al segle XVII, transformada el segle XVIII quan la fam\u00edlia era la m\u00e9s influent. Els elements de tipus andal\u00fas de la seva decoraci\u00f3 s\u2019atribueixen a les influ\u00e8ncies degudes a la transhum\u00e0ncia amb aquelles terres.<\/p>\t\t\t\t\t\t\t\t<\/div>\n\t\t\t\t<\/div>\n\t\t\t\t<div class=\"elementor-element elementor-element-4cd33504 elementor-widget elementor-widget-image\" data-id=\"4cd33504\" data-element_type=\"widget\" data-e-type=\"widget\" data-widget_type=\"image.default\">\n\t\t\t\t<div class=\"elementor-widget-container\">\n\t\t\t\t\t\t\t\t\t\t\t\t<figure class=\"wp-caption\">\n\t\t\t\t\t\t\t\t\t\t<img loading=\"lazy\" decoding=\"async\" width=\"800\" height=\"533\" src=\"https:\/\/www.elturistatranquil.com\/wp-content\/uploads\/F37-Albarracin-1.jpg\" class=\"attachment-large size-large wp-image-6181\" alt=\"\" srcset=\"https:\/\/www.elturistatranquil.com\/wp-content\/uploads\/F37-Albarracin-1.jpg 800w, https:\/\/www.elturistatranquil.com\/wp-content\/uploads\/F37-Albarracin-1-768x512.jpg 768w\" sizes=\"(max-width: 800px) 100vw, 800px\" \/>\t\t\t\t\t\t\t\t\t\t\t<figcaption class=\"widget-image-caption wp-caption-text\">Palau dels Navarro de Azuriaga o \u201cCasa Azul\u201d <\/figcaption>\n\t\t\t\t\t\t\t\t\t\t<\/figure>\n\t\t\t\t\t\t\t\t\t<\/div>\n\t\t\t\t<\/div>\n\t\t\t\t<div class=\"elementor-element elementor-element-7173e2e9 elementor-widget elementor-widget-text-editor\" data-id=\"7173e2e9\" data-element_type=\"widget\" data-e-type=\"widget\" data-widget_type=\"text-editor.default\">\n\t\t\t\t<div class=\"elementor-widget-container\">\n\t\t\t\t\t\t\t\t\t<p>Seguim pel carrer Azagra i de seguida, a l\u2019esquerra, surt el carrer\u00f3 <em>Calleja del Postigo<\/em> i ofereix una de les primeres imatges amb tots els elements de l\u2019arquitectura popular d\u2019Albarrac\u00edn: l\u2019aprofitament de l\u2019espai, tant en la construcci\u00f3 entre fa\u00e7anes del carrer com en l\u2019avan\u00e7 progressiu sobre el carrer a mesura que s\u2019enlairen els pisos de les cases, aix\u00ed com en l\u2019estretor dels carrers; en el color \u201calbarrac\u00edn\u201d omnipresent; en l\u2019\u00fas de la fusta en balconades i en la construcci\u00f3 de les fa\u00e7anes amb tapia.<\/p><p>Aquest carrer comunica amb \u201cel barrio\u201d per unes escales que comencen al costat del t\u00fanel. \u00c9s un altre via d\u2019acc\u00e9s.<\/p>\t\t\t\t\t\t\t\t<\/div>\n\t\t\t\t<\/div>\n\t\t\t\t<div class=\"elementor-element elementor-element-39f447db elementor-widget elementor-widget-image\" data-id=\"39f447db\" data-element_type=\"widget\" data-e-type=\"widget\" data-widget_type=\"image.default\">\n\t\t\t\t<div class=\"elementor-widget-container\">\n\t\t\t\t\t\t\t\t\t\t\t\t<figure class=\"wp-caption\">\n\t\t\t\t\t\t\t\t\t\t<img loading=\"lazy\" decoding=\"async\" width=\"800\" height=\"533\" src=\"https:\/\/www.elturistatranquil.com\/wp-content\/uploads\/F38-Albarracin-1.jpg\" class=\"attachment-large size-large wp-image-6183\" alt=\"\" srcset=\"https:\/\/www.elturistatranquil.com\/wp-content\/uploads\/F38-Albarracin-1.jpg 800w, https:\/\/www.elturistatranquil.com\/wp-content\/uploads\/F38-Albarracin-1-768x512.jpg 768w\" sizes=\"(max-width: 800px) 100vw, 800px\" \/>\t\t\t\t\t\t\t\t\t\t\t<figcaption class=\"widget-image-caption wp-caption-text\">Carrer Postigo<\/figcaption>\n\t\t\t\t\t\t\t\t\t\t<\/figure>\n\t\t\t\t\t\t\t\t\t<\/div>\n\t\t\t\t<\/div>\n\t\t\t\t<div class=\"elementor-element elementor-element-1a5887e7 elementor-widget elementor-widget-text-editor\" data-id=\"1a5887e7\" data-element_type=\"widget\" data-e-type=\"widget\" data-widget_type=\"text-editor.default\">\n\t\t\t\t<div class=\"elementor-widget-container\">\n\t\t\t\t\t\t\t\t\t<p>Les caracter\u00edstiques d\u2019estretor dels carrers i d\u2019ocupaci\u00f3 dels espais superior es manifesta m\u00e9s clarament seguint pel al carrer Azagra, un dels m\u00e9s importants de la vila i que ens porta a la Pla\u00e7a Major.<\/p>\t\t\t\t\t\t\t\t<\/div>\n\t\t\t\t<\/div>\n\t\t\t\t<div class=\"elementor-element elementor-element-63b830ca elementor-widget elementor-widget-menu-anchor\" data-id=\"63b830ca\" data-element_type=\"widget\" data-e-type=\"widget\" data-widget_type=\"menu-anchor.default\">\n\t\t\t\t<div class=\"elementor-widget-container\">\n\t\t\t\t\t\t\t<div class=\"elementor-menu-anchor\" id=\"c1415\"><\/div>\n\t\t\t\t\t\t<\/div>\n\t\t\t\t<\/div>\n\t\t\t\t<div class=\"elementor-element elementor-element-1e39f0da elementor-widget elementor-widget-image\" data-id=\"1e39f0da\" data-element_type=\"widget\" data-e-type=\"widget\" data-widget_type=\"image.default\">\n\t\t\t\t<div class=\"elementor-widget-container\">\n\t\t\t\t\t\t\t\t\t\t\t\t<figure class=\"wp-caption\">\n\t\t\t\t\t\t\t\t\t\t<img loading=\"lazy\" decoding=\"async\" width=\"800\" height=\"533\" src=\"https:\/\/www.elturistatranquil.com\/wp-content\/uploads\/F39-Albarracin-1.jpg\" class=\"attachment-large size-large wp-image-6185\" alt=\"\" srcset=\"https:\/\/www.elturistatranquil.com\/wp-content\/uploads\/F39-Albarracin-1.jpg 800w, https:\/\/www.elturistatranquil.com\/wp-content\/uploads\/F39-Albarracin-1-768x512.jpg 768w\" sizes=\"(max-width: 800px) 100vw, 800px\" \/>\t\t\t\t\t\t\t\t\t\t\t<figcaption class=\"widget-image-caption wp-caption-text\">Carrer Azagra<\/figcaption>\n\t\t\t\t\t\t\t\t\t\t<\/figure>\n\t\t\t\t\t\t\t\t\t<\/div>\n\t\t\t\t<\/div>\n\t\t\t\t<div class=\"elementor-element elementor-element-6950783 elementor-widget elementor-widget-heading\" data-id=\"6950783\" data-element_type=\"widget\" data-e-type=\"widget\" data-widget_type=\"heading.default\">\n\t\t\t\t<div class=\"elementor-widget-container\">\n\t\t\t\t\t<h3 class=\"elementor-heading-title elementor-size-default\">II. Pla\u00e7a Major i Ajuntament<\/h3>\t\t\t\t<\/div>\n\t\t\t\t<\/div>\n\t\t\t\t<div class=\"elementor-element elementor-element-4d82f006 elementor-widget elementor-widget-text-editor\" data-id=\"4d82f006\" data-element_type=\"widget\" data-e-type=\"widget\" data-widget_type=\"text-editor.default\">\n\t\t\t\t<div class=\"elementor-widget-container\">\n\t\t\t\t\t\t\t\t\t<p>El carrer Azagra desemboca a la Pla\u00e7a Major, de forma quasi rectangular.<\/p><p>El costat sud est\u00e0 presidit per l\u2019edifici de l\u2019Ajuntament. Els seus or\u00edgens corresponen al segle XIV, per\u00f2 la forma actual correspon a la reforma del segle XVI. L\u2019edifici en forma de U, \u00e9s porticat, amb l\u2019escut d\u2019armes de la ciutat.<\/p>\t\t\t\t\t\t\t\t<\/div>\n\t\t\t\t<\/div>\n\t\t\t\t<div class=\"elementor-element elementor-element-69d025ee elementor-widget elementor-widget-image\" data-id=\"69d025ee\" data-element_type=\"widget\" data-e-type=\"widget\" data-widget_type=\"image.default\">\n\t\t\t\t<div class=\"elementor-widget-container\">\n\t\t\t\t\t\t\t\t\t\t\t\t<figure class=\"wp-caption\">\n\t\t\t\t\t\t\t\t\t\t<img loading=\"lazy\" decoding=\"async\" width=\"800\" height=\"533\" src=\"https:\/\/www.elturistatranquil.com\/wp-content\/uploads\/F40-Albarracin-1.jpg\" class=\"attachment-large size-large wp-image-6187\" alt=\"\" srcset=\"https:\/\/www.elturistatranquil.com\/wp-content\/uploads\/F40-Albarracin-1.jpg 800w, https:\/\/www.elturistatranquil.com\/wp-content\/uploads\/F40-Albarracin-1-768x512.jpg 768w\" sizes=\"(max-width: 800px) 100vw, 800px\" \/>\t\t\t\t\t\t\t\t\t\t\t<figcaption class=\"widget-image-caption wp-caption-text\">Edifici de l\u2019Ajuntament a la Pla\u00e7a Major<\/figcaption>\n\t\t\t\t\t\t\t\t\t\t<\/figure>\n\t\t\t\t\t\t\t\t\t<\/div>\n\t\t\t\t<\/div>\n\t\t\t\t<div class=\"elementor-element elementor-element-459f894d elementor-widget elementor-widget-text-editor\" data-id=\"459f894d\" data-element_type=\"widget\" data-e-type=\"widget\" data-widget_type=\"text-editor.default\">\n\t\t\t\t<div class=\"elementor-widget-container\">\n\t\t\t\t\t\t\t\t\t<p>La meitat nord de la pla\u00e7a \u00e9s el punt de partida de la xarxa dels carrers principals, que fan d\u2019ella el punt central de la vila.<\/p><p>A l\u2019esquerra, fora de la imatge, s\u2019inicia el carrer que seguir\u00e0 longitudinalment el tra\u00e7at urb\u00e0 fins a la punta del penyal, al cementiri i la <em>Torre de Do\u00f1a Blanca<\/em>, que el primer tram rebr\u00e0 el nom de carrer Catedral. Enfront a l\u2019esquerra surt el carrer Portal de Molina, que com el seu nom assenyala, portava a una de les portes de la Ciutat. A les escales del centre desemboca el carrer Santiago, que ve des de l\u2019Esgl\u00e9sia de Santiago, de la que sobresurt la torre. La rampa vers la dreta \u00e9s l\u2019inici del <em>carrer del Chorro<\/em>. Per la dreta hem arribat fins aqu\u00ed per carrer Azagra.<\/p>\t\t\t\t\t\t\t\t<\/div>\n\t\t\t\t<\/div>\n\t\t\t\t<div class=\"elementor-element elementor-element-79f61b52 elementor-widget elementor-widget-image\" data-id=\"79f61b52\" data-element_type=\"widget\" data-e-type=\"widget\" data-widget_type=\"image.default\">\n\t\t\t\t<div class=\"elementor-widget-container\">\n\t\t\t\t\t\t\t\t\t\t\t\t\t\t\t<img loading=\"lazy\" decoding=\"async\" width=\"800\" height=\"533\" src=\"https:\/\/www.elturistatranquil.com\/wp-content\/uploads\/F41-Albarracin-1.jpg\" class=\"attachment-large size-large wp-image-6189\" alt=\"\" srcset=\"https:\/\/www.elturistatranquil.com\/wp-content\/uploads\/F41-Albarracin-1.jpg 800w, https:\/\/www.elturistatranquil.com\/wp-content\/uploads\/F41-Albarracin-1-768x512.jpg 768w\" sizes=\"(max-width: 800px) 100vw, 800px\" \/>\t\t\t\t\t\t\t\t\t\t\t\t\t\t\t<\/div>\n\t\t\t\t<\/div>\n\t\t\t\t<div class=\"elementor-element elementor-element-5e36d24 elementor-widget elementor-widget-text-editor\" data-id=\"5e36d24\" data-element_type=\"widget\" data-e-type=\"widget\" data-widget_type=\"text-editor.default\">\n\t\t\t\t<div class=\"elementor-widget-container\">\n\t\t\t\t\t\t\t\t\t<p>La casa de la finestra acantonada (segle XVI) est\u00e0 reprodu\u00efda al Poble Espanyol de Barcelona.<\/p>\t\t\t\t\t\t\t\t<\/div>\n\t\t\t\t<\/div>\n\t\t\t\t<div class=\"elementor-element elementor-element-7b32db5f elementor-widget elementor-widget-menu-anchor\" data-id=\"7b32db5f\" data-element_type=\"widget\" data-e-type=\"widget\" data-widget_type=\"menu-anchor.default\">\n\t\t\t\t<div class=\"elementor-widget-container\">\n\t\t\t\t\t\t\t<div class=\"elementor-menu-anchor\" id=\"c1416\"><\/div>\n\t\t\t\t\t\t<\/div>\n\t\t\t\t<\/div>\n\t\t\t\t<div class=\"elementor-element elementor-element-b384979 elementor-widget elementor-widget-image\" data-id=\"b384979\" data-element_type=\"widget\" data-e-type=\"widget\" data-widget_type=\"image.default\">\n\t\t\t\t<div class=\"elementor-widget-container\">\n\t\t\t\t\t\t\t\t\t\t\t\t\t\t\t<img loading=\"lazy\" decoding=\"async\" width=\"413\" height=\"550\" src=\"https:\/\/www.elturistatranquil.com\/wp-content\/uploads\/F42-Albarracin-1.jpg\" class=\"attachment-large size-large wp-image-6191\" alt=\"\" \/>\t\t\t\t\t\t\t\t\t\t\t\t\t\t\t<\/div>\n\t\t\t\t<\/div>\n\t\t\t\t<div class=\"elementor-element elementor-element-5519a5c8 elementor-widget elementor-widget-heading\" data-id=\"5519a5c8\" data-element_type=\"widget\" data-e-type=\"widget\" data-widget_type=\"heading.default\">\n\t\t\t\t<div class=\"elementor-widget-container\">\n\t\t\t\t\t<h3 class=\"elementor-heading-title elementor-size-default\">III. Carrer de la Catedral<\/h3>\t\t\t\t<\/div>\n\t\t\t\t<\/div>\n\t\t\t\t<div class=\"elementor-element elementor-element-119290bd elementor-widget elementor-widget-text-editor\" data-id=\"119290bd\" data-element_type=\"widget\" data-e-type=\"widget\" data-widget_type=\"text-editor.default\">\n\t\t\t\t<div class=\"elementor-widget-container\">\n\t\t\t\t\t\t\t\t\t<p>Continuarem la ruta pel carrer principal, en aquest tram carrer Catedral que ens portar\u00e0 a la pla\u00e7a Palacio. Al segle X aqu\u00ed es trobava la \u00fanica porta de la muralla.<\/p><p>El darrer edifici del costat esquerra allotja la casa de los Monterde,<\/p>\t\t\t\t\t\t\t\t<\/div>\n\t\t\t\t<\/div>\n\t\t\t\t<div class=\"elementor-element elementor-element-687b7ec5 elementor-widget elementor-widget-image\" data-id=\"687b7ec5\" data-element_type=\"widget\" data-e-type=\"widget\" data-widget_type=\"image.default\">\n\t\t\t\t<div class=\"elementor-widget-container\">\n\t\t\t\t\t\t\t\t\t\t\t\t<figure class=\"wp-caption\">\n\t\t\t\t\t\t\t\t\t\t<img loading=\"lazy\" decoding=\"async\" width=\"800\" height=\"533\" src=\"https:\/\/www.elturistatranquil.com\/wp-content\/uploads\/F43-Albarracin-1.jpg\" class=\"attachment-large size-large wp-image-6193\" alt=\"\" srcset=\"https:\/\/www.elturistatranquil.com\/wp-content\/uploads\/F43-Albarracin-1.jpg 800w, https:\/\/www.elturistatranquil.com\/wp-content\/uploads\/F43-Albarracin-1-768x512.jpg 768w\" sizes=\"(max-width: 800px) 100vw, 800px\" \/>\t\t\t\t\t\t\t\t\t\t\t<figcaption class=\"widget-image-caption wp-caption-text\">Casa de los Monterde<\/figcaption>\n\t\t\t\t\t\t\t\t\t\t<\/figure>\n\t\t\t\t\t\t\t\t\t<\/div>\n\t\t\t\t<\/div>\n\t\t\t\t<div class=\"elementor-element elementor-element-11b3ceb0 elementor-widget elementor-widget-text-editor\" data-id=\"11b3ceb0\" data-element_type=\"widget\" data-e-type=\"widget\" data-widget_type=\"text-editor.default\">\n\t\t\t\t<div class=\"elementor-widget-container\">\n\t\t\t\t\t\t\t\t\t<p>A la dreta es presenta el Palau Episcopal, i a continuaci\u00f3 sobresurt la silueta de la Catedral de San Salvador.<\/p>\t\t\t\t\t\t\t\t<\/div>\n\t\t\t\t<\/div>\n\t\t\t\t<div class=\"elementor-element elementor-element-6f06ef9 elementor-widget elementor-widget-image\" data-id=\"6f06ef9\" data-element_type=\"widget\" data-e-type=\"widget\" data-widget_type=\"image.default\">\n\t\t\t\t<div class=\"elementor-widget-container\">\n\t\t\t\t\t\t\t\t\t\t\t\t\t\t\t<img loading=\"lazy\" decoding=\"async\" width=\"800\" height=\"533\" src=\"https:\/\/www.elturistatranquil.com\/wp-content\/uploads\/F44-Albarracin-1.jpg\" class=\"attachment-large size-large wp-image-6195\" alt=\"\" srcset=\"https:\/\/www.elturistatranquil.com\/wp-content\/uploads\/F44-Albarracin-1.jpg 800w, https:\/\/www.elturistatranquil.com\/wp-content\/uploads\/F44-Albarracin-1-768x512.jpg 768w\" sizes=\"(max-width: 800px) 100vw, 800px\" \/>\t\t\t\t\t\t\t\t\t\t\t\t\t\t\t<\/div>\n\t\t\t\t<\/div>\n\t\t\t\t<div class=\"elementor-element elementor-element-31d7b05a elementor-widget elementor-widget-text-editor\" data-id=\"31d7b05a\" data-element_type=\"widget\" data-e-type=\"widget\" data-widget_type=\"text-editor.default\">\n\t\t\t\t<div class=\"elementor-widget-container\">\n\t\t\t\t\t\t\t\t\t<p>Si girem la vista enrere en el punt de contacte de carrer amb la pla\u00e7a Palacio, a l\u2019esquerra, observem l\u2019entrada del carrer Catedral, amb la <em>casa de los Monterde<\/em> a la dreta, i la imatge de la muralla exterior que s\u2019enfila per la muntanya, amb la torre del Andador al cim.<\/p>\t\t\t\t\t\t\t\t<\/div>\n\t\t\t\t<\/div>\n\t\t\t\t<div class=\"elementor-element elementor-element-626213e4 elementor-widget elementor-widget-menu-anchor\" data-id=\"626213e4\" data-element_type=\"widget\" data-e-type=\"widget\" data-widget_type=\"menu-anchor.default\">\n\t\t\t\t<div class=\"elementor-widget-container\">\n\t\t\t\t\t\t\t<div class=\"elementor-menu-anchor\" id=\"c1417\"><\/div>\n\t\t\t\t\t\t<\/div>\n\t\t\t\t<\/div>\n\t\t\t\t<div class=\"elementor-element elementor-element-46954b6d elementor-widget elementor-widget-image\" data-id=\"46954b6d\" data-element_type=\"widget\" data-e-type=\"widget\" data-widget_type=\"image.default\">\n\t\t\t\t<div class=\"elementor-widget-container\">\n\t\t\t\t\t\t\t\t\t\t\t\t<figure class=\"wp-caption\">\n\t\t\t\t\t\t\t\t\t\t<img loading=\"lazy\" decoding=\"async\" width=\"800\" height=\"533\" src=\"https:\/\/www.elturistatranquil.com\/wp-content\/uploads\/F45-Albarracin-1.jpg\" class=\"attachment-large size-large wp-image-6197\" alt=\"\" srcset=\"https:\/\/www.elturistatranquil.com\/wp-content\/uploads\/F45-Albarracin-1.jpg 800w, https:\/\/www.elturistatranquil.com\/wp-content\/uploads\/F45-Albarracin-1-768x512.jpg 768w\" sizes=\"(max-width: 800px) 100vw, 800px\" \/>\t\t\t\t\t\t\t\t\t\t\t<figcaption class=\"widget-image-caption wp-caption-text\">Pla\u00e7a Palacio<\/figcaption>\n\t\t\t\t\t\t\t\t\t\t<\/figure>\n\t\t\t\t\t\t\t\t\t<\/div>\n\t\t\t\t<\/div>\n\t\t\t\t<div class=\"elementor-element elementor-element-7e2a0c6e elementor-widget elementor-widget-heading\" data-id=\"7e2a0c6e\" data-element_type=\"widget\" data-e-type=\"widget\" data-widget_type=\"heading.default\">\n\t\t\t\t<div class=\"elementor-widget-container\">\n\t\t\t\t\t<h3 class=\"elementor-heading-title elementor-size-default\">IV. Cam\u00ed de ronda oest sobre el riu Guadalaviar<\/h3>\t\t\t\t<\/div>\n\t\t\t\t<\/div>\n\t\t\t\t<div class=\"elementor-element elementor-element-6134fe3 elementor-widget elementor-widget-text-editor\" data-id=\"6134fe3\" data-element_type=\"widget\" data-e-type=\"widget\" data-widget_type=\"text-editor.default\">\n\t\t\t\t<div class=\"elementor-widget-container\">\n\t\t\t\t\t\t\t\t\t<p>Com que deixarem la visita a la Catedral pel final de tot, proposo un recorregut menys convencional per la part posterior per l\u2019oest seguint des de dalt el congost del riu Guadalaviar, al meandre que envolta Albarrac\u00edn.<\/p><p>Passada la Catedral pujarem per un carrer\u00f3 fins a la pla\u00e7a de la Seo, passant per davant de l\u2019altre entrada a la Catedral i ens dirigirem al fons per prendre el cam\u00ed oest sud, fora muralla, que fa de cam\u00ed de ronda.<\/p>\t\t\t\t\t\t\t\t<\/div>\n\t\t\t\t<\/div>\n\t\t\t\t<div class=\"elementor-element elementor-element-2baa6cef elementor-widget elementor-widget-image\" data-id=\"2baa6cef\" data-element_type=\"widget\" data-e-type=\"widget\" data-widget_type=\"image.default\">\n\t\t\t\t<div class=\"elementor-widget-container\">\n\t\t\t\t\t\t\t\t\t\t\t\t\t\t\t<img loading=\"lazy\" decoding=\"async\" width=\"800\" height=\"533\" src=\"https:\/\/www.elturistatranquil.com\/wp-content\/uploads\/F46-Albarracin-1.jpg\" class=\"attachment-large size-large wp-image-6199\" alt=\"\" srcset=\"https:\/\/www.elturistatranquil.com\/wp-content\/uploads\/F46-Albarracin-1.jpg 800w, https:\/\/www.elturistatranquil.com\/wp-content\/uploads\/F46-Albarracin-1-768x512.jpg 768w\" sizes=\"(max-width: 800px) 100vw, 800px\" \/>\t\t\t\t\t\t\t\t\t\t\t\t\t\t\t<\/div>\n\t\t\t\t<\/div>\n\t\t\t\t<div class=\"elementor-element elementor-element-2fe1db45 elementor-widget elementor-widget-text-editor\" data-id=\"2fe1db45\" data-element_type=\"widget\" data-e-type=\"widget\" data-widget_type=\"text-editor.default\">\n\t\t\t\t<div class=\"elementor-widget-container\">\n\t\t\t\t\t\t\t\t\t<p>Hem sortit per l\u2019obertura del fons en direcci\u00f3 sud. A la dreta ja tenim la base (<strong>7<\/strong>) de l\u2019alcassaba.<\/p><p>Vorejant l\u2019exterior de la muralla i observant el fons del riu Guadalaviar formant el meandre que envolta el penyal. Queda clar que constitueix un fossar natural pr\u00e0cticament inaccessible per als exercits medievals.<\/p><p>Al fons del congost es veu un cam\u00ed pel que discorre la ruta del Passeig Fluvial.<\/p>\t\t\t\t\t\t\t\t<\/div>\n\t\t\t\t<\/div>\n\t\t\t\t<div class=\"elementor-element elementor-element-7fe92f4c elementor-widget elementor-widget-image\" data-id=\"7fe92f4c\" data-element_type=\"widget\" data-e-type=\"widget\" data-widget_type=\"image.default\">\n\t\t\t\t<div class=\"elementor-widget-container\">\n\t\t\t\t\t\t\t\t\t\t\t\t\t\t\t<img loading=\"lazy\" decoding=\"async\" width=\"800\" height=\"533\" src=\"https:\/\/www.elturistatranquil.com\/wp-content\/uploads\/F47-Albarracin-1.jpg\" class=\"attachment-large size-large wp-image-6201\" alt=\"\" srcset=\"https:\/\/www.elturistatranquil.com\/wp-content\/uploads\/F47-Albarracin-1.jpg 800w, https:\/\/www.elturistatranquil.com\/wp-content\/uploads\/F47-Albarracin-1-768x512.jpg 768w\" sizes=\"(max-width: 800px) 100vw, 800px\" \/>\t\t\t\t\t\t\t\t\t\t\t\t\t\t\t<\/div>\n\t\t\t\t<\/div>\n\t\t\t\t<div class=\"elementor-element elementor-element-1af11f33 elementor-widget elementor-widget-image\" data-id=\"1af11f33\" data-element_type=\"widget\" data-e-type=\"widget\" data-widget_type=\"image.default\">\n\t\t\t\t<div class=\"elementor-widget-container\">\n\t\t\t\t\t\t\t\t\t\t\t\t\t\t\t<img loading=\"lazy\" decoding=\"async\" width=\"800\" height=\"533\" src=\"https:\/\/www.elturistatranquil.com\/wp-content\/uploads\/F48-Albarracin-1.jpg\" class=\"attachment-large size-large wp-image-6203\" alt=\"\" srcset=\"https:\/\/www.elturistatranquil.com\/wp-content\/uploads\/F48-Albarracin-1.jpg 800w, https:\/\/www.elturistatranquil.com\/wp-content\/uploads\/F48-Albarracin-1-768x512.jpg 768w\" sizes=\"(max-width: 800px) 100vw, 800px\" \/>\t\t\t\t\t\t\t\t\t\t\t\t\t\t\t<\/div>\n\t\t\t\t<\/div>\n\t\t\t\t<div class=\"elementor-element elementor-element-8f120da elementor-widget elementor-widget-text-editor\" data-id=\"8f120da\" data-element_type=\"widget\" data-e-type=\"widget\" data-widget_type=\"text-editor.default\">\n\t\t\t\t<div class=\"elementor-widget-container\">\n\t\t\t\t\t\t\t\t\t<p>Una part de la muralla l\u2019ocupa un dels murs de la catedral, de la que sorgeix el campanar.<\/p><p>A la fotografia es veu perfectament el costat oest del recinte emmurallat i, al capdamunt, la torre del Andador. En els seus or\u00edgens havia estat una torre de vigil\u00e0ncia albarrana (o exempta) abans d&#8217;integrar-se en l&#8217;\u00faltima ampliaci\u00f3 de la muralla, tal com perviu fins avui.<\/p><p>A l\u2019esquerra, extramurs, el barri de los Palacios. S\u2019explica que fou la zona de campament de les tropes de Pere III durant el setge de 1284.<\/p>\t\t\t\t\t\t\t\t<\/div>\n\t\t\t\t<\/div>\n\t\t\t\t<div class=\"elementor-element elementor-element-3cdc6b40 elementor-widget elementor-widget-image\" data-id=\"3cdc6b40\" data-element_type=\"widget\" data-e-type=\"widget\" data-widget_type=\"image.default\">\n\t\t\t\t<div class=\"elementor-widget-container\">\n\t\t\t\t\t\t\t\t\t\t\t\t\t\t\t<img loading=\"lazy\" decoding=\"async\" width=\"800\" height=\"533\" src=\"https:\/\/www.elturistatranquil.com\/wp-content\/uploads\/F49-Albarracin-1.jpg\" class=\"attachment-large size-large wp-image-6205\" alt=\"\" srcset=\"https:\/\/www.elturistatranquil.com\/wp-content\/uploads\/F49-Albarracin-1.jpg 800w, https:\/\/www.elturistatranquil.com\/wp-content\/uploads\/F49-Albarracin-1-768x512.jpg 768w\" sizes=\"(max-width: 800px) 100vw, 800px\" \/>\t\t\t\t\t\t\t\t\t\t\t\t\t\t\t<\/div>\n\t\t\t\t<\/div>\n\t\t\t\t<div class=\"elementor-element elementor-element-4a752395 elementor-widget elementor-widget-text-editor\" data-id=\"4a752395\" data-element_type=\"widget\" data-e-type=\"widget\" data-widget_type=\"text-editor.default\">\n\t\t\t\t<div class=\"elementor-widget-container\">\n\t\t\t\t\t\t\t\t\t<p>Per sobre de la muralla es mostra el llen\u00e7 sud de l\u2019Alcassaba.<\/p>\t\t\t\t\t\t\t\t<\/div>\n\t\t\t\t<\/div>\n\t\t\t\t<div class=\"elementor-element elementor-element-2153f752 elementor-widget elementor-widget-image\" data-id=\"2153f752\" data-element_type=\"widget\" data-e-type=\"widget\" data-widget_type=\"image.default\">\n\t\t\t\t<div class=\"elementor-widget-container\">\n\t\t\t\t\t\t\t\t\t\t\t\t\t\t\t<img loading=\"lazy\" decoding=\"async\" width=\"800\" height=\"533\" src=\"https:\/\/www.elturistatranquil.com\/wp-content\/uploads\/F23-Albarracin-1.jpg\" class=\"attachment-large size-large wp-image-6153\" alt=\"\" srcset=\"https:\/\/www.elturistatranquil.com\/wp-content\/uploads\/F23-Albarracin-1.jpg 800w, https:\/\/www.elturistatranquil.com\/wp-content\/uploads\/F23-Albarracin-1-768x512.jpg 768w\" sizes=\"(max-width: 800px) 100vw, 800px\" \/>\t\t\t\t\t\t\t\t\t\t\t\t\t\t\t<\/div>\n\t\t\t\t<\/div>\n\t\t\t\t<div class=\"elementor-element elementor-element-4783bd16 elementor-widget elementor-widget-text-editor\" data-id=\"4783bd16\" data-element_type=\"widget\" data-e-type=\"widget\" data-widget_type=\"text-editor.default\">\n\t\t\t\t<div class=\"elementor-widget-container\">\n\t\t\t\t\t\t\t\t\t<p>Arribem a l\u2019extrem sud del penyal. De la muralla en queda la Torre de Do\u00f1a Blanca, al fons de la fotografia.<\/p><p>En primer terme, l\u2019edifici de l\u2019antic Hospital, avui Museu Municipal.<\/p>\t\t\t\t\t\t\t\t<\/div>\n\t\t\t\t<\/div>\n\t\t\t\t<div class=\"elementor-element elementor-element-475f15d5 elementor-widget elementor-widget-image\" data-id=\"475f15d5\" data-element_type=\"widget\" data-e-type=\"widget\" data-widget_type=\"image.default\">\n\t\t\t\t<div class=\"elementor-widget-container\">\n\t\t\t\t\t\t\t\t\t\t\t\t\t\t\t<img loading=\"lazy\" decoding=\"async\" width=\"800\" height=\"533\" src=\"https:\/\/www.elturistatranquil.com\/wp-content\/uploads\/F51-Albarracin-1.jpg\" class=\"attachment-large size-large wp-image-6207\" alt=\"\" srcset=\"https:\/\/www.elturistatranquil.com\/wp-content\/uploads\/F51-Albarracin-1.jpg 800w, https:\/\/www.elturistatranquil.com\/wp-content\/uploads\/F51-Albarracin-1-768x512.jpg 768w\" sizes=\"(max-width: 800px) 100vw, 800px\" \/>\t\t\t\t\t\t\t\t\t\t\t\t\t\t\t<\/div>\n\t\t\t\t<\/div>\n\t\t\t\t<div class=\"elementor-element elementor-element-17ca2982 elementor-widget elementor-widget-text-editor\" data-id=\"17ca2982\" data-element_type=\"widget\" data-e-type=\"widget\" data-widget_type=\"text-editor.default\">\n\t\t\t\t<div class=\"elementor-widget-container\">\n\t\t\t\t\t\t\t\t\t<p>Entrant pel carrer del Museu apareix l\u2019Ermita de San Juan.<\/p>\t\t\t\t\t\t\t\t<\/div>\n\t\t\t\t<\/div>\n\t\t\t\t<div class=\"elementor-element elementor-element-12869025 elementor-widget elementor-widget-image\" data-id=\"12869025\" data-element_type=\"widget\" data-e-type=\"widget\" data-widget_type=\"image.default\">\n\t\t\t\t<div class=\"elementor-widget-container\">\n\t\t\t\t\t\t\t\t\t\t\t\t\t\t\t<img loading=\"lazy\" decoding=\"async\" width=\"800\" height=\"533\" src=\"https:\/\/www.elturistatranquil.com\/wp-content\/uploads\/F52-Albarracin-1.jpg\" class=\"attachment-large size-large wp-image-6209\" alt=\"\" srcset=\"https:\/\/www.elturistatranquil.com\/wp-content\/uploads\/F52-Albarracin-1.jpg 800w, https:\/\/www.elturistatranquil.com\/wp-content\/uploads\/F52-Albarracin-1-768x512.jpg 768w\" sizes=\"(max-width: 800px) 100vw, 800px\" \/>\t\t\t\t\t\t\t\t\t\t\t\t\t\t\t<\/div>\n\t\t\t\t<\/div>\n\t\t\t\t<div class=\"elementor-element elementor-element-270803aa elementor-widget elementor-widget-text-editor\" data-id=\"270803aa\" data-element_type=\"widget\" data-e-type=\"widget\" data-widget_type=\"text-editor.default\">\n\t\t\t\t<div class=\"elementor-widget-container\">\n\t\t\t\t\t\t\t\t\t<p>Estem en la zona dels or\u00edgens de la creaci\u00f3 de l\u2019Albarrac\u00edn en \u00e8poca visigoda, ja que seguint fins la punta es troba l\u2019Esgl\u00e9sia de Santa Mar\u00eda, del segle XVI, amb acabament mud\u00e8jar, i la Torre de Do\u00f1a Blanca que ja hem vist al fons, i el cementiri.<\/p>\t\t\t\t\t\t\t\t<\/div>\n\t\t\t\t<\/div>\n\t\t\t\t<div class=\"elementor-element elementor-element-58131bee elementor-widget elementor-widget-menu-anchor\" data-id=\"58131bee\" data-element_type=\"widget\" data-e-type=\"widget\" data-widget_type=\"menu-anchor.default\">\n\t\t\t\t<div class=\"elementor-widget-container\">\n\t\t\t\t\t\t\t<div class=\"elementor-menu-anchor\" id=\"c1418\"><\/div>\n\t\t\t\t\t\t<\/div>\n\t\t\t\t<\/div>\n\t\t\t\t<div class=\"elementor-element elementor-element-40e5468e elementor-widget elementor-widget-image\" data-id=\"40e5468e\" data-element_type=\"widget\" data-e-type=\"widget\" data-widget_type=\"image.default\">\n\t\t\t\t<div class=\"elementor-widget-container\">\n\t\t\t\t\t\t\t\t\t\t\t\t<figure class=\"wp-caption\">\n\t\t\t\t\t\t\t\t\t\t<img loading=\"lazy\" decoding=\"async\" width=\"800\" height=\"531\" src=\"https:\/\/www.elturistatranquil.com\/wp-content\/uploads\/F53-Albarracin-1.jpg\" class=\"attachment-large size-large wp-image-6211\" alt=\"\" srcset=\"https:\/\/www.elturistatranquil.com\/wp-content\/uploads\/F53-Albarracin-1.jpg 800w, https:\/\/www.elturistatranquil.com\/wp-content\/uploads\/F53-Albarracin-1-768x510.jpg 768w\" sizes=\"(max-width: 800px) 100vw, 800px\" \/>\t\t\t\t\t\t\t\t\t\t\t<figcaption class=\"widget-image-caption wp-caption-text\"><em>Esgl\u00e9sia de Santa Mar\u00eda (Foto de <a href=\"https:\/\/upload.wikimedia.org\/wikipedia\/commons\/8\/83\/1-Albarrac%C3%ADn-paisajeUrbano_%282017%293009.jpg\" target=\"_blank\" rel=\"noopener\">Alfredo S\u00e1nchez Garz\u00f3n<\/a>)<\/em><\/figcaption>\n\t\t\t\t\t\t\t\t\t\t<\/figure>\n\t\t\t\t\t\t\t\t\t<\/div>\n\t\t\t\t<\/div>\n\t\t\t\t<div class=\"elementor-element elementor-element-1e307b13 elementor-widget elementor-widget-heading\" data-id=\"1e307b13\" data-element_type=\"widget\" data-e-type=\"widget\" data-widget_type=\"heading.default\">\n\t\t\t\t<div class=\"elementor-widget-container\">\n\t\t\t\t\t<h3 class=\"elementor-heading-title elementor-size-default\">V. Carrer de San Juan <\/h3>\t\t\t\t<\/div>\n\t\t\t\t<\/div>\n\t\t\t\t<div class=\"elementor-element elementor-element-6f3c9862 elementor-widget elementor-widget-text-editor\" data-id=\"6f3c9862\" data-element_type=\"widget\" data-e-type=\"widget\" data-widget_type=\"text-editor.default\">\n\t\t\t\t<div class=\"elementor-widget-container\">\n\t\t\t\t\t\t\t\t\t<p>A partir d\u2019aqu\u00ed retornarem pel costat est del penyal, seguint pel <em>carrer San Juan<\/em> i continuant pel carrer Catedral fins a la pla\u00e7a Palacio, tancant aquest recorregut.<\/p><p>En aquest punt estem a la base de l\u2019Alcassaba musulmana que he descrit anteriorment.<\/p><p>Situats a la porta de l\u2019ermita de San Juan, al carrer de San Juan, es troben les primeres cases (o les darreres si es mira des del centre de la ciutat) d\u2019arquitectura t\u00edpica.<\/p>\t\t\t\t\t\t\t\t<\/div>\n\t\t\t\t<\/div>\n\t\t\t\t<div class=\"elementor-element elementor-element-7c2bf6b9 elementor-widget elementor-widget-image\" data-id=\"7c2bf6b9\" data-element_type=\"widget\" data-e-type=\"widget\" data-widget_type=\"image.default\">\n\t\t\t\t<div class=\"elementor-widget-container\">\n\t\t\t\t\t\t\t\t\t\t\t\t\t\t\t<img loading=\"lazy\" decoding=\"async\" width=\"800\" height=\"533\" src=\"https:\/\/www.elturistatranquil.com\/wp-content\/uploads\/F54-Albarracin-1.jpg\" class=\"attachment-large size-large wp-image-6213\" alt=\"\" srcset=\"https:\/\/www.elturistatranquil.com\/wp-content\/uploads\/F54-Albarracin-1.jpg 800w, https:\/\/www.elturistatranquil.com\/wp-content\/uploads\/F54-Albarracin-1-768x512.jpg 768w\" sizes=\"(max-width: 800px) 100vw, 800px\" \/>\t\t\t\t\t\t\t\t\t\t\t\t\t\t\t<\/div>\n\t\t\t\t<\/div>\n\t\t\t\t<div class=\"elementor-element elementor-element-632153e9 elementor-widget elementor-widget-text-editor\" data-id=\"632153e9\" data-element_type=\"widget\" data-e-type=\"widget\" data-widget_type=\"text-editor.default\">\n\t\t\t\t<div class=\"elementor-widget-container\">\n\t\t\t\t\t\t\t\t\t<p>Des d\u2019aquesta part disposem d\u2019unes vistes sobre la cara est d\u2019Albarrac\u00edn i a la base \u201cel barrio\u201d. La zona nord de la muralla exterior amb la torre del Andador al cap damunt, i el gran edifici dels Escolapis a la base.<\/p>\t\t\t\t\t\t\t\t<\/div>\n\t\t\t\t<\/div>\n\t\t\t\t<div class=\"elementor-element elementor-element-5f4bd59d elementor-widget elementor-widget-image\" data-id=\"5f4bd59d\" data-element_type=\"widget\" data-e-type=\"widget\" data-widget_type=\"image.default\">\n\t\t\t\t<div class=\"elementor-widget-container\">\n\t\t\t\t\t\t\t\t\t\t\t\t\t\t\t<img loading=\"lazy\" decoding=\"async\" width=\"800\" height=\"533\" src=\"https:\/\/www.elturistatranquil.com\/wp-content\/uploads\/F55-Albarracin-1.jpg\" class=\"attachment-large size-large wp-image-6215\" alt=\"\" srcset=\"https:\/\/www.elturistatranquil.com\/wp-content\/uploads\/F55-Albarracin-1.jpg 800w, https:\/\/www.elturistatranquil.com\/wp-content\/uploads\/F55-Albarracin-1-768x512.jpg 768w\" sizes=\"(max-width: 800px) 100vw, 800px\" \/>\t\t\t\t\t\t\t\t\t\t\t\t\t\t\t<\/div>\n\t\t\t\t<\/div>\n\t\t\t\t<div class=\"elementor-element elementor-element-10fdbb4a elementor-widget elementor-widget-text-editor\" data-id=\"10fdbb4a\" data-element_type=\"widget\" data-e-type=\"widget\" data-widget_type=\"text-editor.default\">\n\t\t\t\t<div class=\"elementor-widget-container\">\n\t\t\t\t\t\t\t\t\t<p>Avan\u00e7ant cap al centre ens anirem endinsant en l\u2019Albarrac\u00edn compacte i atape\u00eft.<\/p>\t\t\t\t\t\t\t\t<\/div>\n\t\t\t\t<\/div>\n\t\t\t\t<div class=\"elementor-element elementor-element-1672535e elementor-widget elementor-widget-image\" data-id=\"1672535e\" data-element_type=\"widget\" data-e-type=\"widget\" data-widget_type=\"image.default\">\n\t\t\t\t<div class=\"elementor-widget-container\">\n\t\t\t\t\t\t\t\t\t\t\t\t\t\t\t<img loading=\"lazy\" decoding=\"async\" width=\"800\" height=\"533\" src=\"https:\/\/www.elturistatranquil.com\/wp-content\/uploads\/F56-Albarracin-1.jpg\" class=\"attachment-large size-large wp-image-6217\" alt=\"\" srcset=\"https:\/\/www.elturistatranquil.com\/wp-content\/uploads\/F56-Albarracin-1.jpg 800w, https:\/\/www.elturistatranquil.com\/wp-content\/uploads\/F56-Albarracin-1-768x512.jpg 768w\" sizes=\"(max-width: 800px) 100vw, 800px\" \/>\t\t\t\t\t\t\t\t\t\t\t\t\t\t\t<\/div>\n\t\t\t\t<\/div>\n\t\t\t\t<div class=\"elementor-element elementor-element-752003e8 elementor-widget elementor-widget-image\" data-id=\"752003e8\" data-element_type=\"widget\" data-e-type=\"widget\" data-widget_type=\"image.default\">\n\t\t\t\t<div class=\"elementor-widget-container\">\n\t\t\t\t\t\t\t\t\t\t\t\t\t\t\t<img loading=\"lazy\" decoding=\"async\" width=\"800\" height=\"533\" src=\"https:\/\/www.elturistatranquil.com\/wp-content\/uploads\/F57-Albarracin-1.jpg\" class=\"attachment-large size-large wp-image-6219\" alt=\"\" srcset=\"https:\/\/www.elturistatranquil.com\/wp-content\/uploads\/F57-Albarracin-1.jpg 800w, https:\/\/www.elturistatranquil.com\/wp-content\/uploads\/F57-Albarracin-1-768x512.jpg 768w\" sizes=\"(max-width: 800px) 100vw, 800px\" \/>\t\t\t\t\t\t\t\t\t\t\t\t\t\t\t<\/div>\n\t\t\t\t<\/div>\n\t\t\t\t<div class=\"elementor-element elementor-element-78fef63d elementor-widget elementor-widget-image\" data-id=\"78fef63d\" data-element_type=\"widget\" data-e-type=\"widget\" data-widget_type=\"image.default\">\n\t\t\t\t<div class=\"elementor-widget-container\">\n\t\t\t\t\t\t\t\t\t\t\t\t\t\t\t<img loading=\"lazy\" decoding=\"async\" width=\"800\" height=\"533\" src=\"https:\/\/www.elturistatranquil.com\/wp-content\/uploads\/F58-Albarracin-1.jpg\" class=\"attachment-large size-large wp-image-6221\" alt=\"\" srcset=\"https:\/\/www.elturistatranquil.com\/wp-content\/uploads\/F58-Albarracin-1.jpg 800w, https:\/\/www.elturistatranquil.com\/wp-content\/uploads\/F58-Albarracin-1-768x512.jpg 768w\" sizes=\"(max-width: 800px) 100vw, 800px\" \/>\t\t\t\t\t\t\t\t\t\t\t\t\t\t\t<\/div>\n\t\t\t\t<\/div>\n\t\t\t\t<div class=\"elementor-element elementor-element-4cb27da9 elementor-widget elementor-widget-image\" data-id=\"4cb27da9\" data-element_type=\"widget\" data-e-type=\"widget\" data-widget_type=\"image.default\">\n\t\t\t\t<div class=\"elementor-widget-container\">\n\t\t\t\t\t\t\t\t\t\t\t\t\t\t\t<img loading=\"lazy\" decoding=\"async\" width=\"412\" height=\"550\" src=\"https:\/\/www.elturistatranquil.com\/wp-content\/uploads\/F59-Albarracin-1.jpg\" class=\"attachment-large size-large wp-image-6223\" alt=\"\" \/>\t\t\t\t\t\t\t\t\t\t\t\t\t\t\t<\/div>\n\t\t\t\t<\/div>\n\t\t\t\t<div class=\"elementor-element elementor-element-7bb7ca4b elementor-widget elementor-widget-text-editor\" data-id=\"7bb7ca4b\" data-element_type=\"widget\" data-e-type=\"widget\" data-widget_type=\"text-editor.default\">\n\t\t\t\t<div class=\"elementor-widget-container\">\n\t\t\t\t\t\t\t\t\t<p>Al passar davant de la Catedral a la dreta hi ha un gran mirador que permet veure la banda est d\u2019Albarrac\u00edn. A l\u2019esquera tot el recinte murat exterior. A la base una part de \u201cel barrio,\u201d al costat del riu Guadalaviar. Al fons, passat l\u2019estret, \u201cel Arrabal\u201d, all\u00e0 on resideixen el habitants d\u2019Albarrac\u00edn.<\/p><p>De fet, l\u2019Albarrac\u00edn tur\u00edstic, el que estem visitant, \u00e9s un <em>poble museu<\/em>, on hi resideixen exclusivament les persones indispensables per donar servei als allotjaments tur\u00edstics. \u00c9s com un gran hotel-museu.<\/p>\t\t\t\t\t\t\t\t<\/div>\n\t\t\t\t<\/div>\n\t\t\t\t<div class=\"elementor-element elementor-element-628b614 elementor-widget elementor-widget-image\" data-id=\"628b614\" data-element_type=\"widget\" data-e-type=\"widget\" data-widget_type=\"image.default\">\n\t\t\t\t<div class=\"elementor-widget-container\">\n\t\t\t\t\t\t\t\t\t\t\t\t\t\t\t<img loading=\"lazy\" decoding=\"async\" width=\"800\" height=\"533\" src=\"https:\/\/www.elturistatranquil.com\/wp-content\/uploads\/F59b-Albarracin-1.jpg\" class=\"attachment-large size-large wp-image-6225\" alt=\"\" srcset=\"https:\/\/www.elturistatranquil.com\/wp-content\/uploads\/F59b-Albarracin-1.jpg 800w, https:\/\/www.elturistatranquil.com\/wp-content\/uploads\/F59b-Albarracin-1-768x512.jpg 768w\" sizes=\"(max-width: 800px) 100vw, 800px\" \/>\t\t\t\t\t\t\t\t\t\t\t\t\t\t\t<\/div>\n\t\t\t\t<\/div>\n\t\t\t\t<div class=\"elementor-element elementor-element-1835dcec elementor-widget elementor-widget-menu-anchor\" data-id=\"1835dcec\" data-element_type=\"widget\" data-e-type=\"widget\" data-widget_type=\"menu-anchor.default\">\n\t\t\t\t<div class=\"elementor-widget-container\">\n\t\t\t\t\t\t\t<div class=\"elementor-menu-anchor\" id=\"c1419\"><\/div>\n\t\t\t\t\t\t<\/div>\n\t\t\t\t<\/div>\n\t\t\t\t<div class=\"elementor-element elementor-element-78630668 elementor-widget elementor-widget-image\" data-id=\"78630668\" data-element_type=\"widget\" data-e-type=\"widget\" data-widget_type=\"image.default\">\n\t\t\t\t<div class=\"elementor-widget-container\">\n\t\t\t\t\t\t\t\t\t\t\t\t\t\t\t<img loading=\"lazy\" decoding=\"async\" width=\"800\" height=\"533\" src=\"https:\/\/www.elturistatranquil.com\/wp-content\/uploads\/F59c-Albarracin-1.jpg\" class=\"attachment-large size-large wp-image-6227\" alt=\"\" srcset=\"https:\/\/www.elturistatranquil.com\/wp-content\/uploads\/F59c-Albarracin-1.jpg 800w, https:\/\/www.elturistatranquil.com\/wp-content\/uploads\/F59c-Albarracin-1-768x512.jpg 768w\" sizes=\"(max-width: 800px) 100vw, 800px\" \/>\t\t\t\t\t\t\t\t\t\t\t\t\t\t\t<\/div>\n\t\t\t\t<\/div>\n\t\t\t\t<div class=\"elementor-element elementor-element-86c3b56 elementor-widget elementor-widget-heading\" data-id=\"86c3b56\" data-element_type=\"widget\" data-e-type=\"widget\" data-widget_type=\"heading.default\">\n\t\t\t\t<div class=\"elementor-widget-container\">\n\t\t\t\t\t<h3 class=\"elementor-heading-title elementor-size-default\">VI. Portals del Agua i de Molina i Muralla<\/h3>\t\t\t\t<\/div>\n\t\t\t\t<\/div>\n\t\t\t\t<div class=\"elementor-element elementor-element-4c950288 elementor-widget elementor-widget-text-editor\" data-id=\"4c950288\" data-element_type=\"widget\" data-e-type=\"widget\" data-widget_type=\"text-editor.default\">\n\t\t\t\t<div class=\"elementor-widget-container\">\n\t\t\t\t\t\t\t\t\t<p>Per rec\u00f3rrer el darrer trajecte continuarem pel carrer Catedral fins la Pla\u00e7a Mayor. A l\u2019esquerra comen\u00e7a el carrer Portal de Molina. \u00c9s un t\u00edpic carrer d\u2019Albarrac\u00edn, estreta, on els r\u00e0fecs de les cases sembla que es toquin.<\/p>\t\t\t\t\t\t\t\t<\/div>\n\t\t\t\t<\/div>\n\t\t\t\t<div class=\"elementor-element elementor-element-2ce702be elementor-widget elementor-widget-image\" data-id=\"2ce702be\" data-element_type=\"widget\" data-e-type=\"widget\" data-widget_type=\"image.default\">\n\t\t\t\t<div class=\"elementor-widget-container\">\n\t\t\t\t\t\t\t\t\t\t\t\t\t\t\t<img loading=\"lazy\" decoding=\"async\" width=\"412\" height=\"550\" src=\"https:\/\/www.elturistatranquil.com\/wp-content\/uploads\/F60-Albarracin-1.jpg\" class=\"attachment-large size-large wp-image-6229\" alt=\"\" \/>\t\t\t\t\t\t\t\t\t\t\t\t\t\t\t<\/div>\n\t\t\t\t<\/div>\n\t\t\t\t<div class=\"elementor-element elementor-element-3c1c3e64 elementor-widget elementor-widget-text-editor\" data-id=\"3c1c3e64\" data-element_type=\"widget\" data-e-type=\"widget\" data-widget_type=\"text-editor.default\">\n\t\t\t\t<div class=\"elementor-widget-container\">\n\t\t\t\t\t\t\t\t\t<p>M\u00e9s endavant, en un eixample, es troba la <em>Plazuela de la Comunidad<\/em>, anomenada aix\u00ed per trobar-se all\u00e0 la senyorial mansi\u00f3 d&#8217;aquesta t\u00edpica instituci\u00f3 de la Sierra.<\/p>\t\t\t\t\t\t\t\t<\/div>\n\t\t\t\t<\/div>\n\t\t\t\t<div class=\"elementor-element elementor-element-46fc232d elementor-widget elementor-widget-image\" data-id=\"46fc232d\" data-element_type=\"widget\" data-e-type=\"widget\" data-widget_type=\"image.default\">\n\t\t\t\t<div class=\"elementor-widget-container\">\n\t\t\t\t\t\t\t\t\t\t\t\t\t\t\t<img loading=\"lazy\" decoding=\"async\" width=\"413\" height=\"550\" src=\"https:\/\/www.elturistatranquil.com\/wp-content\/uploads\/F61-Albarracin-1.jpg\" class=\"attachment-large size-large wp-image-6231\" alt=\"\" \/>\t\t\t\t\t\t\t\t\t\t\t\t\t\t\t<\/div>\n\t\t\t\t<\/div>\n\t\t\t\t<div class=\"elementor-element elementor-element-57d9f795 elementor-widget elementor-widget-text-editor\" data-id=\"57d9f795\" data-element_type=\"widget\" data-e-type=\"widget\" data-widget_type=\"text-editor.default\">\n\t\t\t\t<div class=\"elementor-widget-container\">\n\t\t\t\t\t\t\t\t\t<p>Aquesta instituci\u00f3 est\u00e0 integrada per la ciutat i 22 pobles propietaris de grans \u00e0rees de la Serra, que es regia d&#8217;acord amb els seus furs i privilegis medievals que reconeixien el dret consuetudinari o tradicional que va establir l&#8217;explotaci\u00f3 en com\u00fa de les pastures i boscos (d&#8217;aquesta caracter\u00edstica de ser de tots-universals- prov\u00e9 el nom de Montes Universals), principal riquesa del pa\u00eds. Les institucions i privilegis medievals van quedar derogats despr\u00e9s de les alteracions pol\u00edtiques esdevingudes al segle XVI a Arag\u00f3, tot i que la propietat comunal de la major part de les muntanyes s&#8217;ha conservat fins avui. La <em>Casa de la Comunidad<\/em> deu ser un dels edificis m\u00e9s antics de la ciutat i destaca el seu arc de mig punt de la porta principal i el forjat de les seves reixes amb decoraci\u00f3 d&#8217;aus estilitzades.<\/p><p>Aquest rac\u00f3 permet observar una de les imatges curioses d\u2019Albarrac\u00edn, que \u00e9s la <em>casa del abanico<\/em>, sota el model d\u2019aprofitament de l\u2019espai en al\u00e7ada. El nom se li ha donat per la forma que prenen els sortints dels pisos a mesura que s\u2019eleven.<\/p>\t\t\t\t\t\t\t\t<\/div>\n\t\t\t\t<\/div>\n\t\t\t\t<div class=\"elementor-element elementor-element-432bd785 elementor-widget elementor-widget-image\" data-id=\"432bd785\" data-element_type=\"widget\" data-e-type=\"widget\" data-widget_type=\"image.default\">\n\t\t\t\t<div class=\"elementor-widget-container\">\n\t\t\t\t\t\t\t\t\t\t\t\t\t\t\t<img loading=\"lazy\" decoding=\"async\" width=\"800\" height=\"533\" src=\"https:\/\/www.elturistatranquil.com\/wp-content\/uploads\/F62-Albarracin-1.jpg\" class=\"attachment-large size-large wp-image-6233\" alt=\"\" srcset=\"https:\/\/www.elturistatranquil.com\/wp-content\/uploads\/F62-Albarracin-1.jpg 800w, https:\/\/www.elturistatranquil.com\/wp-content\/uploads\/F62-Albarracin-1-768x512.jpg 768w\" sizes=\"(max-width: 800px) 100vw, 800px\" \/>\t\t\t\t\t\t\t\t\t\t\t\t\t\t\t<\/div>\n\t\t\t\t<\/div>\n\t\t\t\t<div class=\"elementor-element elementor-element-cbf81b9 elementor-widget elementor-widget-text-editor\" data-id=\"cbf81b9\" data-element_type=\"widget\" data-e-type=\"widget\" data-widget_type=\"text-editor.default\">\n\t\t\t\t<div class=\"elementor-widget-container\">\n\t\t\t\t\t\t\t\t\t<p>Des de la Pla\u00e7a de la Comunidad baixem a l&#8217;esquerra per observar el <em>Portal del Agua<\/em>, que permetia la baixada al riu pel costat sud. D&#8217;ell es conserva el seu arc i una torre adossada al recinte interior, que el defensava.<\/p>\t\t\t\t\t\t\t\t<\/div>\n\t\t\t\t<\/div>\n\t\t\t\t<div class=\"elementor-element elementor-element-41790ca1 elementor-widget elementor-widget-image\" data-id=\"41790ca1\" data-element_type=\"widget\" data-e-type=\"widget\" data-widget_type=\"image.default\">\n\t\t\t\t<div class=\"elementor-widget-container\">\n\t\t\t\t\t\t\t\t\t\t\t\t\t\t\t<img loading=\"lazy\" decoding=\"async\" width=\"413\" height=\"550\" src=\"https:\/\/www.elturistatranquil.com\/wp-content\/uploads\/F63-Albarracin-2.jpg\" class=\"attachment-large size-large wp-image-6237\" alt=\"\" \/>\t\t\t\t\t\t\t\t\t\t\t\t\t\t\t<\/div>\n\t\t\t\t<\/div>\n\t\t\t\t<div class=\"elementor-element elementor-element-14d7d67e elementor-widget elementor-widget-text-editor\" data-id=\"14d7d67e\" data-element_type=\"widget\" data-e-type=\"widget\" data-widget_type=\"text-editor.default\">\n\t\t\t\t<div class=\"elementor-widget-container\">\n\t\t\t\t\t\t\t\t\t<p>Retornant al carrer Portal de Molina arribarem al Portal que li dona nom. La vista en la fotografia \u00e9s des de l&#8217;interior. En l&#8217;ep\u00edgraf de descripci\u00f3 de la Muralla es pot veure una perspectiva des de l&#8217;exterior.<\/p><p>El Portal de Molina, dit aix\u00ed perqu\u00e8 d&#8217;ell partia el cam\u00ed que anava a la ciutat de Molina de Arag\u00f3n. Est\u00e0 format per dos s\u00f2lides torrasses quadrades i posse\u00efa un matac\u00e0, avui destru\u00eft, per llan\u00e7ar objectes als atacants.<\/p>\t\t\t\t\t\t\t\t<\/div>\n\t\t\t\t<\/div>\n\t\t\t\t<div class=\"elementor-element elementor-element-3d989c4b elementor-widget elementor-widget-image\" data-id=\"3d989c4b\" data-element_type=\"widget\" data-e-type=\"widget\" data-widget_type=\"image.default\">\n\t\t\t\t<div class=\"elementor-widget-container\">\n\t\t\t\t\t\t\t\t\t\t\t\t\t\t\t<img loading=\"lazy\" decoding=\"async\" width=\"800\" height=\"533\" src=\"https:\/\/www.elturistatranquil.com\/wp-content\/uploads\/F64-Albarracin-2.jpg\" class=\"attachment-large size-large wp-image-6241\" alt=\"\" srcset=\"https:\/\/www.elturistatranquil.com\/wp-content\/uploads\/F64-Albarracin-2.jpg 800w, https:\/\/www.elturistatranquil.com\/wp-content\/uploads\/F64-Albarracin-2-768x512.jpg 768w\" sizes=\"(max-width: 800px) 100vw, 800px\" \/>\t\t\t\t\t\t\t\t\t\t\t\t\t\t\t<\/div>\n\t\t\t\t<\/div>\n\t\t\t\t<div class=\"elementor-element elementor-element-79254b1d elementor-widget elementor-widget-image\" data-id=\"79254b1d\" data-element_type=\"widget\" data-e-type=\"widget\" data-widget_type=\"image.default\">\n\t\t\t\t<div class=\"elementor-widget-container\">\n\t\t\t\t\t\t\t\t\t\t\t\t\t\t\t<img loading=\"lazy\" decoding=\"async\" width=\"800\" height=\"533\" src=\"https:\/\/www.elturistatranquil.com\/wp-content\/uploads\/F65-Albarracin-2.jpg\" class=\"attachment-large size-large wp-image-6245\" alt=\"\" srcset=\"https:\/\/www.elturistatranquil.com\/wp-content\/uploads\/F65-Albarracin-2.jpg 800w, https:\/\/www.elturistatranquil.com\/wp-content\/uploads\/F65-Albarracin-2-768x512.jpg 768w\" sizes=\"(max-width: 800px) 100vw, 800px\" \/>\t\t\t\t\t\t\t\t\t\t\t\t\t\t\t<\/div>\n\t\t\t\t<\/div>\n\t\t\t\t<div class=\"elementor-element elementor-element-6c1008f2 elementor-widget elementor-widget-text-editor\" data-id=\"6c1008f2\" data-element_type=\"widget\" data-e-type=\"widget\" data-widget_type=\"text-editor.default\">\n\t\t\t\t<div class=\"elementor-widget-container\">\n\t\t\t\t\t\t\t\t\t<p>Al Portal conflueix amb el <em>carrer Santiago<\/em>. En aquest punt es troba un altra de les cases t\u00edpiques de la ciutat: la <em>casa de la Julianeta<\/em>. Com se sol dir, una casa d&#8217;arquitectura impossible. Aquesta imatge \u00e9s inevitable que aparegui en qualsevol presentaci\u00f3 que parli d&#8217;Albarrac\u00edn.<\/p>\t\t\t\t\t\t\t\t<\/div>\n\t\t\t\t<\/div>\n\t\t\t\t<div class=\"elementor-element elementor-element-670745d elementor-widget elementor-widget-image\" data-id=\"670745d\" data-element_type=\"widget\" data-e-type=\"widget\" data-widget_type=\"image.default\">\n\t\t\t\t<div class=\"elementor-widget-container\">\n\t\t\t\t\t\t\t\t\t\t\t\t\t\t\t<img loading=\"lazy\" decoding=\"async\" width=\"412\" height=\"550\" src=\"https:\/\/www.elturistatranquil.com\/wp-content\/uploads\/F66-Albarracin-2.jpg\" class=\"attachment-large size-large wp-image-6249\" alt=\"\" \/>\t\t\t\t\t\t\t\t\t\t\t\t\t\t\t<\/div>\n\t\t\t\t<\/div>\n\t\t\t\t<div class=\"elementor-element elementor-element-514095db elementor-widget elementor-widget-text-editor\" data-id=\"514095db\" data-element_type=\"widget\" data-e-type=\"widget\" data-widget_type=\"text-editor.default\">\n\t\t\t\t<div class=\"elementor-widget-container\">\n\t\t\t\t\t\t\t\t\t<p>En les visites guiades retornar\u00edem fins la Pla\u00e7a Mayor pel carrer Santiago, per\u00f2 el que farem ser\u00e0 continuar per l\u2019exterior de la muralla.<\/p><p>Passat el Portal de Molina s&#8217;entra a l&#8217;anomenat <em>barri de la Palacios.<\/em> En aquest terreny van acampar les tropes durant el setge de Pere III, qui va ordenar, abans que arrib\u00e9s el cru hivern, aixecar uns edificis per expressar la seva ferma voluntat de continuar el setge fins rendir-la .<\/p><p>A l\u2019esquerra tenim un altra Casa de los Navarro Arzuriaga.<\/p>\t\t\t\t\t\t\t\t<\/div>\n\t\t\t\t<\/div>\n\t\t\t\t<div class=\"elementor-element elementor-element-11b04e92 elementor-widget elementor-widget-image\" data-id=\"11b04e92\" data-element_type=\"widget\" data-e-type=\"widget\" data-widget_type=\"image.default\">\n\t\t\t\t<div class=\"elementor-widget-container\">\n\t\t\t\t\t\t\t\t\t\t\t\t\t\t\t<img loading=\"lazy\" decoding=\"async\" width=\"800\" height=\"533\" src=\"https:\/\/www.elturistatranquil.com\/wp-content\/uploads\/F67-Albarracin-2.jpg\" class=\"attachment-large size-large wp-image-6253\" alt=\"\" srcset=\"https:\/\/www.elturistatranquil.com\/wp-content\/uploads\/F67-Albarracin-2.jpg 800w, https:\/\/www.elturistatranquil.com\/wp-content\/uploads\/F67-Albarracin-2-768x512.jpg 768w\" sizes=\"(max-width: 800px) 100vw, 800px\" \/>\t\t\t\t\t\t\t\t\t\t\t\t\t\t\t<\/div>\n\t\t\t\t<\/div>\n\t\t\t\t<div class=\"elementor-element elementor-element-58159349 elementor-widget elementor-widget-text-editor\" data-id=\"58159349\" data-element_type=\"widget\" data-e-type=\"widget\" data-widget_type=\"text-editor.default\">\n\t\t\t\t<div class=\"elementor-widget-container\">\n\t\t\t\t\t\t\t\t\t<p>El que farem ser\u00e0 enfilar-nos per la dreta ascendint cap a la muralla, fins arribar a un cam\u00ed que dona acc\u00e9s a una \u201cporta moderna\u201d. Es tracta d\u2019una obertura \u201da lo bestia\u201d, que permet accedir a l\u2019interior del recinte.<\/p>\t\t\t\t\t\t\t\t<\/div>\n\t\t\t\t<\/div>\n\t\t\t\t<div class=\"elementor-element elementor-element-5a417d5c elementor-widget elementor-widget-image\" data-id=\"5a417d5c\" data-element_type=\"widget\" data-e-type=\"widget\" data-widget_type=\"image.default\">\n\t\t\t\t<div class=\"elementor-widget-container\">\n\t\t\t\t\t\t\t\t\t\t\t\t\t\t\t<img loading=\"lazy\" decoding=\"async\" width=\"800\" height=\"533\" src=\"https:\/\/www.elturistatranquil.com\/wp-content\/uploads\/F68-Albarracin-2.jpg\" class=\"attachment-large size-large wp-image-6257\" alt=\"\" srcset=\"https:\/\/www.elturistatranquil.com\/wp-content\/uploads\/F68-Albarracin-2.jpg 800w, https:\/\/www.elturistatranquil.com\/wp-content\/uploads\/F68-Albarracin-2-768x512.jpg 768w\" sizes=\"(max-width: 800px) 100vw, 800px\" \/>\t\t\t\t\t\t\t\t\t\t\t\t\t\t\t<\/div>\n\t\t\t\t<\/div>\n\t\t\t\t<div class=\"elementor-element elementor-element-26898138 elementor-widget elementor-widget-image\" data-id=\"26898138\" data-element_type=\"widget\" data-e-type=\"widget\" data-widget_type=\"image.default\">\n\t\t\t\t<div class=\"elementor-widget-container\">\n\t\t\t\t\t\t\t\t\t\t\t\t\t\t\t<img loading=\"lazy\" decoding=\"async\" width=\"800\" height=\"533\" src=\"https:\/\/www.elturistatranquil.com\/wp-content\/uploads\/F69-Albarracin-2.jpg\" class=\"attachment-large size-large wp-image-6261\" alt=\"\" srcset=\"https:\/\/www.elturistatranquil.com\/wp-content\/uploads\/F69-Albarracin-2.jpg 800w, https:\/\/www.elturistatranquil.com\/wp-content\/uploads\/F69-Albarracin-2-768x512.jpg 768w\" sizes=\"(max-width: 800px) 100vw, 800px\" \/>\t\t\t\t\t\t\t\t\t\t\t\t\t\t\t<\/div>\n\t\t\t\t<\/div>\n\t\t\t\t<div class=\"elementor-element elementor-element-15101412 elementor-widget elementor-widget-text-editor\" data-id=\"15101412\" data-element_type=\"widget\" data-e-type=\"widget\" data-widget_type=\"text-editor.default\">\n\t\t\t\t<div class=\"elementor-widget-container\">\n\t\t\t\t\t\t\t\t\t<p>Aqu\u00ed disposarem d\u2019una imatge\u00a0 de la part del recinte sense construccions.<\/p>\t\t\t\t\t\t\t\t<\/div>\n\t\t\t\t<\/div>\n\t\t\t\t<div class=\"elementor-element elementor-element-8991d11 elementor-widget elementor-widget-image\" data-id=\"8991d11\" data-element_type=\"widget\" data-e-type=\"widget\" data-widget_type=\"image.default\">\n\t\t\t\t<div class=\"elementor-widget-container\">\n\t\t\t\t\t\t\t\t\t\t\t\t\t\t\t<img loading=\"lazy\" decoding=\"async\" width=\"800\" height=\"533\" src=\"https:\/\/www.elturistatranquil.com\/wp-content\/uploads\/F70-Albarracin-2.jpg\" class=\"attachment-large size-large wp-image-6265\" alt=\"\" srcset=\"https:\/\/www.elturistatranquil.com\/wp-content\/uploads\/F70-Albarracin-2.jpg 800w, https:\/\/www.elturistatranquil.com\/wp-content\/uploads\/F70-Albarracin-2-768x512.jpg 768w\" sizes=\"(max-width: 800px) 100vw, 800px\" \/>\t\t\t\t\t\t\t\t\t\t\t\t\t\t\t<\/div>\n\t\t\t\t<\/div>\n\t\t\t\t<div class=\"elementor-element elementor-element-736fe76f elementor-widget elementor-widget-text-editor\" data-id=\"736fe76f\" data-element_type=\"widget\" data-e-type=\"widget\" data-widget_type=\"text-editor.default\">\n\t\t\t\t<div class=\"elementor-widget-container\">\n\t\t\t\t\t\t\t\t\t<p>Des d\u2019aquest mateix punt, girant la vista vers la ciutat disposem d\u2019una espl\u00e8ndida imatge del conjunt hist\u00f2ric fins a la punta del penyal.<\/p><p>En primer terme, l\u2019esgl\u00e9sia de Santiago i al centre la Catedral de San Salvador.<\/p><p>Si hi posem atenci\u00f3 al fons, al costat de la torre de Santiago, s\u2019observa el campanar de l\u2019esgl\u00e9sia de Santa Mar\u00eda i, al seu costat, la torre de Do\u00f1a Blanca.<\/p>\t\t\t\t\t\t\t\t<\/div>\n\t\t\t\t<\/div>\n\t\t\t\t<div class=\"elementor-element elementor-element-1f31fec5 elementor-widget elementor-widget-image\" data-id=\"1f31fec5\" data-element_type=\"widget\" data-e-type=\"widget\" data-widget_type=\"image.default\">\n\t\t\t\t<div class=\"elementor-widget-container\">\n\t\t\t\t\t\t\t\t\t\t\t\t\t\t\t<img loading=\"lazy\" decoding=\"async\" width=\"800\" height=\"533\" src=\"https:\/\/www.elturistatranquil.com\/wp-content\/uploads\/F71-Albarracin-2.jpg\" class=\"attachment-large size-large wp-image-6269\" alt=\"\" srcset=\"https:\/\/www.elturistatranquil.com\/wp-content\/uploads\/F71-Albarracin-2.jpg 800w, https:\/\/www.elturistatranquil.com\/wp-content\/uploads\/F71-Albarracin-2-768x512.jpg 768w\" sizes=\"(max-width: 800px) 100vw, 800px\" \/>\t\t\t\t\t\t\t\t\t\t\t\t\t\t\t<\/div>\n\t\t\t\t<\/div>\n\t\t\t\t<div class=\"elementor-element elementor-element-3bd4d68d elementor-widget elementor-widget-text-editor\" data-id=\"3bd4d68d\" data-element_type=\"widget\" data-e-type=\"widget\" data-widget_type=\"text-editor.default\">\n\t\t\t\t<div class=\"elementor-widget-container\">\n\t\t\t\t\t\t\t\t\t<p>A la <em>iglesia de Santiago<\/em>, les obres van comen\u00e7ar cap a 1600 per\u00f2 que despr\u00e9s de patir una interrupci\u00f3 no van acabar fins al segle XVIII. \u00c9s conjectura que l&#8217;advocaci\u00f3 de Sant Jaume es va triar per l&#8217;especial amistat que els Azagra van tenir amb l&#8217;<em>Ordre Militar de Santiago<\/em>.<\/p><p>La baixada ens portar\u00e0 al carrer Santiago, entre l\u2019esgl\u00e9sia y la casa Santiago. La tradici\u00f3 popular recull que aquest darrer edifici, avui reconvertit en hotel, fou la casa dels <em>Caballeros de la Orden en Albarrac\u00edn<\/em>.<\/p>\t\t\t\t\t\t\t\t<\/div>\n\t\t\t\t<\/div>\n\t\t\t\t<div class=\"elementor-element elementor-element-6a1ec3e0 elementor-widget elementor-widget-image\" data-id=\"6a1ec3e0\" data-element_type=\"widget\" data-e-type=\"widget\" data-widget_type=\"image.default\">\n\t\t\t\t<div class=\"elementor-widget-container\">\n\t\t\t\t\t\t\t\t\t\t\t\t\t\t\t<img loading=\"lazy\" decoding=\"async\" width=\"413\" height=\"550\" src=\"https:\/\/www.elturistatranquil.com\/wp-content\/uploads\/F72-Albarracin-2.jpg\" class=\"attachment-large size-large wp-image-6273\" alt=\"\" \/>\t\t\t\t\t\t\t\t\t\t\t\t\t\t\t<\/div>\n\t\t\t\t<\/div>\n\t\t\t\t<div class=\"elementor-element elementor-element-2090cba9 elementor-widget elementor-widget-menu-anchor\" data-id=\"2090cba9\" data-element_type=\"widget\" data-e-type=\"widget\" data-widget_type=\"menu-anchor.default\">\n\t\t\t\t<div class=\"elementor-widget-container\">\n\t\t\t\t\t\t\t<div class=\"elementor-menu-anchor\" id=\"c1420\"><\/div>\n\t\t\t\t\t\t<\/div>\n\t\t\t\t<\/div>\n\t\t\t\t<div class=\"elementor-element elementor-element-2b85c905 elementor-widget elementor-widget-text-editor\" data-id=\"2b85c905\" data-element_type=\"widget\" data-e-type=\"widget\" data-widget_type=\"text-editor.default\">\n\t\t\t\t<div class=\"elementor-widget-container\">\n\t\t\t\t\t\t\t\t\t<p>El carrer acaba en unes escales que ens porten de nou a la Pla\u00e7a Major.<\/p>\t\t\t\t\t\t\t\t<\/div>\n\t\t\t\t<\/div>\n\t\t\t\t<div class=\"elementor-element elementor-element-105addb elementor-widget elementor-widget-heading\" data-id=\"105addb\" data-element_type=\"widget\" data-e-type=\"widget\" data-widget_type=\"heading.default\">\n\t\t\t\t<div class=\"elementor-widget-container\">\n\t\t\t\t\t<h2 class=\"elementor-heading-title elementor-size-default\">La Catedral de El Salvador<\/h2>\t\t\t\t<\/div>\n\t\t\t\t<\/div>\n\t\t\t\t<div class=\"elementor-element elementor-element-41d2aff7 elementor-widget elementor-widget-text-editor\" data-id=\"41d2aff7\" data-element_type=\"widget\" data-e-type=\"widget\" data-widget_type=\"text-editor.default\">\n\t\t\t\t<div class=\"elementor-widget-container\">\n\t\t\t\t\t\t\t\t\t<p>La visita a la Catedral \u00e9s guiada, i cal dirigir-se al\u00a0<a href=\"https:\/\/fundacionsantamariadealbarracin.com\/centro-de-informacion\/\" target=\"_blank\" rel=\"noopener\">Centro de Informaci\u00f3n de la Fundaci\u00f3n Santa Mar\u00eda de Albarrac\u00edn<\/a>,\u00a0situat a les cavallerisses de l&#8217;antic Palau, al carrer de la Catedral, al costat de la portada neocl\u00e0ssica d&#8217;acc\u00e9s al Palau Episcopal per adquirir el tiquet d\u2019entrada.<\/p><p>La <strong>Catedral de El Salvador<\/strong> mereix un tractament espec\u00edfic, amb el que clour\u00e9 la visita a la ciutat de Albarrac\u00edn<\/p><p>La catedral domina l\u2019espai aeri d\u2019Albarrac\u00edn amb el seu campanar de colors. Es tracta d\u2019un edifici desmesurat en relaci\u00f3 al conjunt. Arquitect\u00f2nicament no \u00e9s edifici especialment remarcable en s\u00ed mateix, per\u00f2 que acaba quedant perfectament integrat en la morfologia general, suma de la morfologia f\u00edsica i la morfologia urbana del conjunt. Diguem que arrodoneix la topografia del conjunt, li atorga plasticitat.<\/p>\t\t\t\t\t\t\t\t<\/div>\n\t\t\t\t<\/div>\n\t\t\t\t<div class=\"elementor-element elementor-element-4208d658 elementor-widget elementor-widget-image\" data-id=\"4208d658\" data-element_type=\"widget\" data-e-type=\"widget\" data-widget_type=\"image.default\">\n\t\t\t\t<div class=\"elementor-widget-container\">\n\t\t\t\t\t\t\t\t\t\t\t\t\t\t\t<img loading=\"lazy\" decoding=\"async\" width=\"800\" height=\"533\" src=\"https:\/\/www.elturistatranquil.com\/wp-content\/uploads\/F73-Albarracin-2.jpg\" class=\"attachment-large size-large wp-image-6277\" alt=\"\" srcset=\"https:\/\/www.elturistatranquil.com\/wp-content\/uploads\/F73-Albarracin-2.jpg 800w, https:\/\/www.elturistatranquil.com\/wp-content\/uploads\/F73-Albarracin-2-768x512.jpg 768w\" sizes=\"(max-width: 800px) 100vw, 800px\" \/>\t\t\t\t\t\t\t\t\t\t\t\t\t\t\t<\/div>\n\t\t\t\t<\/div>\n\t\t\t\t<div class=\"elementor-element elementor-element-49e06ce3 elementor-widget elementor-widget-image\" data-id=\"49e06ce3\" data-element_type=\"widget\" data-e-type=\"widget\" data-widget_type=\"image.default\">\n\t\t\t\t<div class=\"elementor-widget-container\">\n\t\t\t\t\t\t\t\t\t\t\t\t\t\t\t<img loading=\"lazy\" decoding=\"async\" width=\"800\" height=\"533\" src=\"https:\/\/www.elturistatranquil.com\/wp-content\/uploads\/F74-Albarracin-2.jpg\" class=\"attachment-large size-large wp-image-6281\" alt=\"\" srcset=\"https:\/\/www.elturistatranquil.com\/wp-content\/uploads\/F74-Albarracin-2.jpg 800w, https:\/\/www.elturistatranquil.com\/wp-content\/uploads\/F74-Albarracin-2-768x512.jpg 768w\" sizes=\"(max-width: 800px) 100vw, 800px\" \/>\t\t\t\t\t\t\t\t\t\t\t\t\t\t\t<\/div>\n\t\t\t\t<\/div>\n\t\t\t\t<div class=\"elementor-element elementor-element-766eb723 elementor-widget elementor-widget-image\" data-id=\"766eb723\" data-element_type=\"widget\" data-e-type=\"widget\" data-widget_type=\"image.default\">\n\t\t\t\t<div class=\"elementor-widget-container\">\n\t\t\t\t\t\t\t\t\t\t\t\t\t\t\t<img loading=\"lazy\" decoding=\"async\" width=\"800\" height=\"533\" src=\"https:\/\/www.elturistatranquil.com\/wp-content\/uploads\/F75-Albarracin-Catedral-2.jpg\" class=\"attachment-large size-large wp-image-6285\" alt=\"\" srcset=\"https:\/\/www.elturistatranquil.com\/wp-content\/uploads\/F75-Albarracin-Catedral-2.jpg 800w, https:\/\/www.elturistatranquil.com\/wp-content\/uploads\/F75-Albarracin-Catedral-2-768x512.jpg 768w\" sizes=\"(max-width: 800px) 100vw, 800px\" \/>\t\t\t\t\t\t\t\t\t\t\t\t\t\t\t<\/div>\n\t\t\t\t<\/div>\n\t\t\t\t<div class=\"elementor-element elementor-element-147d15fc elementor-widget elementor-widget-text-editor\" data-id=\"147d15fc\" data-element_type=\"widget\" data-e-type=\"widget\" data-widget_type=\"text-editor.default\">\n\t\t\t\t<div class=\"elementor-widget-container\">\n\t\t\t\t\t\t\t\t\t<p>Si avancem pel carrer Catedral a l\u2019arribar a la pla\u00e7a Palacio veiem a la dreta\u00a0 el Palau episcopal i, darrera, apareix la mola elevada de l\u2019edifici.<\/p>\t\t\t\t\t\t\t\t<\/div>\n\t\t\t\t<\/div>\n\t\t\t\t<div class=\"elementor-element elementor-element-158a0e1e elementor-widget elementor-widget-image\" data-id=\"158a0e1e\" data-element_type=\"widget\" data-e-type=\"widget\" data-widget_type=\"image.default\">\n\t\t\t\t<div class=\"elementor-widget-container\">\n\t\t\t\t\t\t\t\t\t\t\t\t\t\t\t<img loading=\"lazy\" decoding=\"async\" width=\"800\" height=\"900\" src=\"https:\/\/www.elturistatranquil.com\/wp-content\/uploads\/F76-Albarracin-Catedral-2.jpg\" class=\"attachment-large size-large wp-image-6289\" alt=\"\" srcset=\"https:\/\/www.elturistatranquil.com\/wp-content\/uploads\/F76-Albarracin-Catedral-2.jpg 800w, https:\/\/www.elturistatranquil.com\/wp-content\/uploads\/F76-Albarracin-Catedral-2-768x864.jpg 768w\" sizes=\"(max-width: 800px) 100vw, 800px\" \/>\t\t\t\t\t\t\t\t\t\t\t\t\t\t\t<\/div>\n\t\t\t\t<\/div>\n\t\t\t\t<div class=\"elementor-element elementor-element-5fc7933d elementor-widget elementor-widget-text-editor\" data-id=\"5fc7933d\" data-element_type=\"widget\" data-e-type=\"widget\" data-widget_type=\"text-editor.default\">\n\t\t\t\t<div class=\"elementor-widget-container\">\n\t\t\t\t\t\t\t\t\t<p>Del Palau Episcopal el que destaca \u00e9s la portada neocl\u00e0ssica, del segle XVIII, amb el blas\u00f3 del bisbe Juan Francisco Navarro Salvador i Gilaberte, promotor de l&#8217;obra.<\/p>\t\t\t\t\t\t\t\t<\/div>\n\t\t\t\t<\/div>\n\t\t\t\t<div class=\"elementor-element elementor-element-665775bd elementor-widget elementor-widget-image\" data-id=\"665775bd\" data-element_type=\"widget\" data-e-type=\"widget\" data-widget_type=\"image.default\">\n\t\t\t\t<div class=\"elementor-widget-container\">\n\t\t\t\t\t\t\t\t\t\t\t\t\t\t\t<img loading=\"lazy\" decoding=\"async\" width=\"800\" height=\"533\" src=\"https:\/\/www.elturistatranquil.com\/wp-content\/uploads\/F77-Albarracin-Catedral-2.jpg\" class=\"attachment-large size-large wp-image-6293\" alt=\"\" srcset=\"https:\/\/www.elturistatranquil.com\/wp-content\/uploads\/F77-Albarracin-Catedral-2.jpg 800w, https:\/\/www.elturistatranquil.com\/wp-content\/uploads\/F77-Albarracin-Catedral-2-768x512.jpg 768w\" sizes=\"(max-width: 800px) 100vw, 800px\" \/>\t\t\t\t\t\t\t\t\t\t\t\t\t\t\t<\/div>\n\t\t\t\t<\/div>\n\t\t\t\t<div class=\"elementor-element elementor-element-5ae296f4 elementor-widget elementor-widget-text-editor\" data-id=\"5ae296f4\" data-element_type=\"widget\" data-e-type=\"widget\" data-widget_type=\"text-editor.default\">\n\t\t\t\t<div class=\"elementor-widget-container\">\n\t\t\t\t\t\t\t\t\t<p>L\u2019esgl\u00e9sia \u00e9s de nau \u00fanica amb capelles entre contraforts i un cor als peus. La seva orientaci\u00f3 \u00e9s lleugerament nord-est, amb el claustre al lateral nord, i forma mitgera amb el palau episcopal amb el que es connecta a trav\u00e9s del claustre.<\/p>\t\t\t\t\t\t\t\t<\/div>\n\t\t\t\t<\/div>\n\t\t\t\t<div class=\"elementor-element elementor-element-36e222a8 elementor-widget elementor-widget-image\" data-id=\"36e222a8\" data-element_type=\"widget\" data-e-type=\"widget\" data-widget_type=\"image.default\">\n\t\t\t\t<div class=\"elementor-widget-container\">\n\t\t\t\t\t\t\t\t\t\t\t\t<figure class=\"wp-caption\">\n\t\t\t\t\t\t\t\t\t\t<img loading=\"lazy\" decoding=\"async\" width=\"492\" height=\"550\" src=\"https:\/\/www.elturistatranquil.com\/wp-content\/uploads\/F79-Albarracin-Catedral-2.jpg\" class=\"attachment-large size-large wp-image-6297\" alt=\"\" \/>\t\t\t\t\t\t\t\t\t\t\t<figcaption class=\"widget-image-caption wp-caption-text\">Planta de la Catedral<\/figcaption>\n\t\t\t\t\t\t\t\t\t\t<\/figure>\n\t\t\t\t\t\t\t\t\t<\/div>\n\t\t\t\t<\/div>\n\t\t\t\t<div class=\"elementor-element elementor-element-26d39771 elementor-widget elementor-widget-text-editor\" data-id=\"26d39771\" data-element_type=\"widget\" data-e-type=\"widget\" data-widget_type=\"text-editor.default\">\n\t\t\t\t<div class=\"elementor-widget-container\">\n\t\t\t\t\t\t\t\t\t<p>Si observem l\u2019edifici de l\u2019esgl\u00e9sia en donarem compte d\u2019una altre particularitat de la relaci\u00f3 de l\u2019Esgl\u00e9sia amb l\u2019entorn urb\u00e0. Es tracta d\u2019una Catedral sense fa\u00e7ana, ja que al costat de la torre es troba l\u2019absis. Segurament per mantenir al m\u00e0xim la orientaci\u00f3 est de les esgl\u00e9sies cat\u00f2liques, el que s\u2019aboca sobre el carrer principal i sobre la vista dominat de la ciutat, \u00e9s l\u2019absis, mentre que el cor de l\u2019edifici s\u2019integra a la muralla posterior del recinte.<\/p>\t\t\t\t\t\t\t\t<\/div>\n\t\t\t\t<\/div>\n\t\t\t\t<div class=\"elementor-element elementor-element-29ad9007 elementor-widget elementor-widget-image\" data-id=\"29ad9007\" data-element_type=\"widget\" data-e-type=\"widget\" data-widget_type=\"image.default\">\n\t\t\t\t<div class=\"elementor-widget-container\">\n\t\t\t\t\t\t\t\t\t\t\t\t\t\t\t<img loading=\"lazy\" decoding=\"async\" width=\"413\" height=\"550\" src=\"https:\/\/www.elturistatranquil.com\/wp-content\/uploads\/F80-Albarracin-Catedral-2.jpg\" class=\"attachment-large size-large wp-image-6301\" alt=\"\" \/>\t\t\t\t\t\t\t\t\t\t\t\t\t\t\t<\/div>\n\t\t\t\t<\/div>\n\t\t\t\t<div class=\"elementor-element elementor-element-22dd9752 elementor-widget elementor-widget-image\" data-id=\"22dd9752\" data-element_type=\"widget\" data-e-type=\"widget\" data-widget_type=\"image.default\">\n\t\t\t\t<div class=\"elementor-widget-container\">\n\t\t\t\t\t\t\t\t\t\t\t\t<figure class=\"wp-caption\">\n\t\t\t\t\t\t\t\t\t\t<img loading=\"lazy\" decoding=\"async\" width=\"800\" height=\"533\" src=\"https:\/\/www.elturistatranquil.com\/wp-content\/uploads\/F81-Albarracin-Catedral-2.jpg\" class=\"attachment-large size-large wp-image-6305\" alt=\"\" srcset=\"https:\/\/www.elturistatranquil.com\/wp-content\/uploads\/F81-Albarracin-Catedral-2.jpg 800w, https:\/\/www.elturistatranquil.com\/wp-content\/uploads\/F81-Albarracin-Catedral-2-768x512.jpg 768w\" sizes=\"(max-width: 800px) 100vw, 800px\" \/>\t\t\t\t\t\t\t\t\t\t\t<figcaption class=\"widget-image-caption wp-caption-text\">El mur del cor de l\u2019esgl\u00e9sia s\u2019integra a la muralla oest<\/figcaption>\n\t\t\t\t\t\t\t\t\t\t<\/figure>\n\t\t\t\t\t\t\t\t\t<\/div>\n\t\t\t\t<\/div>\n\t\t\t\t<div class=\"elementor-element elementor-element-280d65fb elementor-widget elementor-widget-text-editor\" data-id=\"280d65fb\" data-element_type=\"widget\" data-e-type=\"widget\" data-widget_type=\"text-editor.default\">\n\t\t\t\t<div class=\"elementor-widget-container\">\n\t\t\t\t\t\t\t\t\t<p>La Catedral del Salvador es va construir entre 1572 i 1600, sobre un temple anterior rom\u00e0nic i mud\u00e8jar. En la seva construcci\u00f3 van participar els mestres de Casta\u00f1eda, Quinto Pierres Vedel i Alonso del Barri Dajo.<\/p><p>La torre campanar, datada el 1595, de quatre cossos, tres de planta quadrada i una rematada final octogonal. Est\u00e0 edificada amb carreus i en cada costat s&#8217;obre mitjan\u00e7ant dues obertures.<\/p><p>L&#8217;acc\u00e9s principal a la Catedral es realitza per la porta del claustre. Per salvar el desnivell entre el carrer i el recinte l\u2019entrada s\u2019ha de fer per unes escalinates que permeten l\u2019acc\u00e9s al claustre on, al final del costat sud disposa de la porta d\u2019acc\u00e9s al temple.<\/p>\t\t\t\t\t\t\t\t<\/div>\n\t\t\t\t<\/div>\n\t\t\t\t<div class=\"elementor-element elementor-element-49a72ba4 elementor-widget elementor-widget-image\" data-id=\"49a72ba4\" data-element_type=\"widget\" data-e-type=\"widget\" data-widget_type=\"image.default\">\n\t\t\t\t<div class=\"elementor-widget-container\">\n\t\t\t\t\t\t\t\t\t\t\t\t<figure class=\"wp-caption\">\n\t\t\t\t\t\t\t\t\t\t<img loading=\"lazy\" decoding=\"async\" width=\"800\" height=\"533\" src=\"https:\/\/www.elturistatranquil.com\/wp-content\/uploads\/F82-Albarracin-Catedral-2.jpg\" class=\"attachment-large size-large wp-image-6309\" alt=\"\" srcset=\"https:\/\/www.elturistatranquil.com\/wp-content\/uploads\/F82-Albarracin-Catedral-2.jpg 800w, https:\/\/www.elturistatranquil.com\/wp-content\/uploads\/F82-Albarracin-Catedral-2-768x512.jpg 768w\" sizes=\"(max-width: 800px) 100vw, 800px\" \/>\t\t\t\t\t\t\t\t\t\t\t<figcaption class=\"widget-image-caption wp-caption-text\">Catedral d\u2019Albarracin. Escales d\u2019acc\u00e9s a la porta principal (Foto: Archivo Gobierno Arag\u00f3n)<\/figcaption>\n\t\t\t\t\t\t\t\t\t\t<\/figure>\n\t\t\t\t\t\t\t\t\t<\/div>\n\t\t\t\t<\/div>\n\t\t\t\t<div class=\"elementor-element elementor-element-3b350cb1 elementor-widget elementor-widget-text-editor\" data-id=\"3b350cb1\" data-element_type=\"widget\" data-e-type=\"widget\" data-widget_type=\"text-editor.default\">\n\t\t\t\t<div class=\"elementor-widget-container\">\n\t\t\t\t\t\t\t\t\t<p>Continuant pel carrer, passat l\u2019edifici puja un carrer\u00f3 que condueix a una segona porta d\u2019acc\u00e9s al lateral sud per la pla\u00e7a de la Seo, davant de la que v\u00e0rem passar en la ruta pel cam\u00ed de ronda.<\/p>\t\t\t\t\t\t\t\t<\/div>\n\t\t\t\t<\/div>\n\t\t\t\t<div class=\"elementor-element elementor-element-5a81a56a elementor-widget elementor-widget-image\" data-id=\"5a81a56a\" data-element_type=\"widget\" data-e-type=\"widget\" data-widget_type=\"image.default\">\n\t\t\t\t<div class=\"elementor-widget-container\">\n\t\t\t\t\t\t\t\t\t\t\t\t\t\t\t<img loading=\"lazy\" decoding=\"async\" width=\"800\" height=\"533\" src=\"https:\/\/www.elturistatranquil.com\/wp-content\/uploads\/F83-Albarracin-Catedral-2.jpg\" class=\"attachment-large size-large wp-image-6313\" alt=\"\" srcset=\"https:\/\/www.elturistatranquil.com\/wp-content\/uploads\/F83-Albarracin-Catedral-2.jpg 800w, https:\/\/www.elturistatranquil.com\/wp-content\/uploads\/F83-Albarracin-Catedral-2-768x512.jpg 768w\" sizes=\"(max-width: 800px) 100vw, 800px\" \/>\t\t\t\t\t\t\t\t\t\t\t\t\t\t\t<\/div>\n\t\t\t\t<\/div>\n\t\t\t\t<div class=\"elementor-element elementor-element-74b09ea3 elementor-widget elementor-widget-text-editor\" data-id=\"74b09ea3\" data-element_type=\"widget\" data-e-type=\"widget\" data-widget_type=\"text-editor.default\">\n\t\t\t\t<div class=\"elementor-widget-container\">\n\t\t\t\t\t\t\t\t\t<p>La nau i el seu claustre van ser redecorades al comen\u00e7ament del segle XVIII en estil barroc. Aquesta intervenci\u00f3 li va conferir l&#8217;aspecte que avui presenta. El claustre, expliquen, que va ser tancat per fer front als freds hiverns d\u2019aquesta regi\u00f3, per que el bisbe passes del Palau Episcopal al temple.<\/p>\t\t\t\t\t\t\t\t<\/div>\n\t\t\t\t<\/div>\n\t\t\t\t<div class=\"elementor-element elementor-element-42515856 elementor-widget elementor-widget-image\" data-id=\"42515856\" data-element_type=\"widget\" data-e-type=\"widget\" data-widget_type=\"image.default\">\n\t\t\t\t<div class=\"elementor-widget-container\">\n\t\t\t\t\t\t\t\t\t\t\t\t\t\t\t<img loading=\"lazy\" decoding=\"async\" width=\"800\" height=\"533\" src=\"https:\/\/www.elturistatranquil.com\/wp-content\/uploads\/F84-Albarracin-Catedral-2.jpg\" class=\"attachment-large size-large wp-image-6317\" alt=\"\" srcset=\"https:\/\/www.elturistatranquil.com\/wp-content\/uploads\/F84-Albarracin-Catedral-2.jpg 800w, https:\/\/www.elturistatranquil.com\/wp-content\/uploads\/F84-Albarracin-Catedral-2-768x512.jpg 768w\" sizes=\"(max-width: 800px) 100vw, 800px\" \/>\t\t\t\t\t\t\t\t\t\t\t\t\t\t\t<\/div>\n\t\t\t\t<\/div>\n\t\t\t\t<div class=\"elementor-element elementor-element-328e108c elementor-widget elementor-widget-image\" data-id=\"328e108c\" data-element_type=\"widget\" data-e-type=\"widget\" data-widget_type=\"image.default\">\n\t\t\t\t<div class=\"elementor-widget-container\">\n\t\t\t\t\t\t\t\t\t\t\t\t<figure class=\"wp-caption\">\n\t\t\t\t\t\t\t\t\t\t<img loading=\"lazy\" decoding=\"async\" width=\"800\" height=\"533\" src=\"https:\/\/www.elturistatranquil.com\/wp-content\/uploads\/F85-Albarracin-Catedral-2.jpg\" class=\"attachment-large size-large wp-image-6321\" alt=\"\" srcset=\"https:\/\/www.elturistatranquil.com\/wp-content\/uploads\/F85-Albarracin-Catedral-2.jpg 800w, https:\/\/www.elturistatranquil.com\/wp-content\/uploads\/F85-Albarracin-Catedral-2-768x512.jpg 768w\" sizes=\"(max-width: 800px) 100vw, 800px\" \/>\t\t\t\t\t\t\t\t\t\t\t<figcaption class=\"widget-image-caption wp-caption-text\">Claustro<\/figcaption>\n\t\t\t\t\t\t\t\t\t\t<\/figure>\n\t\t\t\t\t\t\t\t\t<\/div>\n\t\t\t\t<\/div>\n\t\t\t\t<div class=\"elementor-element elementor-element-685e99c2 elementor-widget elementor-widget-text-editor\" data-id=\"685e99c2\" data-element_type=\"widget\" data-e-type=\"widget\" data-widget_type=\"text-editor.default\">\n\t\t\t\t<div class=\"elementor-widget-container\">\n\t\t\t\t\t\t\t\t\t<p>La nau \u00fanica de l&#8217;Esgl\u00e9sia, amb capelles entre contraforts i un cor als peus, es cobreix amb volta de creueria policromada i estrellada de tradici\u00f3 g\u00f2tic tardana. Es sustenta per pilastres i cornises, d&#8217;estil barroc, que formen part de la redecoraci\u00f3 que en aquesta catedral es va dur a terme al comen\u00e7ament del segle XVIII.<\/p>\t\t\t\t\t\t\t\t<\/div>\n\t\t\t\t<\/div>\n\t\t\t\t<div class=\"elementor-element elementor-element-79fde7df elementor-widget elementor-widget-image\" data-id=\"79fde7df\" data-element_type=\"widget\" data-e-type=\"widget\" data-widget_type=\"image.default\">\n\t\t\t\t<div class=\"elementor-widget-container\">\n\t\t\t\t\t\t\t\t\t\t\t\t\t\t\t<img loading=\"lazy\" decoding=\"async\" width=\"800\" height=\"533\" src=\"https:\/\/www.elturistatranquil.com\/wp-content\/uploads\/F86-Albarracin-Catedral-2.jpg\" class=\"attachment-large size-large wp-image-6325\" alt=\"\" srcset=\"https:\/\/www.elturistatranquil.com\/wp-content\/uploads\/F86-Albarracin-Catedral-2.jpg 800w, https:\/\/www.elturistatranquil.com\/wp-content\/uploads\/F86-Albarracin-Catedral-2-768x512.jpg 768w\" sizes=\"(max-width: 800px) 100vw, 800px\" \/>\t\t\t\t\t\t\t\t\t\t\t\t\t\t\t<\/div>\n\t\t\t\t<\/div>\n\t\t\t\t<div class=\"elementor-element elementor-element-6c0324ea elementor-widget elementor-widget-image\" data-id=\"6c0324ea\" data-element_type=\"widget\" data-e-type=\"widget\" data-widget_type=\"image.default\">\n\t\t\t\t<div class=\"elementor-widget-container\">\n\t\t\t\t\t\t\t\t\t\t\t\t\t\t\t<img loading=\"lazy\" decoding=\"async\" width=\"800\" height=\"533\" src=\"https:\/\/www.elturistatranquil.com\/wp-content\/uploads\/F87-Albarracin-Catedral-2.jpg\" class=\"attachment-large size-large wp-image-6329\" alt=\"\" srcset=\"https:\/\/www.elturistatranquil.com\/wp-content\/uploads\/F87-Albarracin-Catedral-2.jpg 800w, https:\/\/www.elturistatranquil.com\/wp-content\/uploads\/F87-Albarracin-Catedral-2-768x512.jpg 768w\" sizes=\"(max-width: 800px) 100vw, 800px\" \/>\t\t\t\t\t\t\t\t\t\t\t\t\t\t\t<\/div>\n\t\t\t\t<\/div>\n\t\t\t\t<div class=\"elementor-element elementor-element-1acff210 elementor-widget elementor-widget-image\" data-id=\"1acff210\" data-element_type=\"widget\" data-e-type=\"widget\" data-widget_type=\"image.default\">\n\t\t\t\t<div class=\"elementor-widget-container\">\n\t\t\t\t\t\t\t\t\t\t\t\t\t\t\t<img loading=\"lazy\" decoding=\"async\" width=\"800\" height=\"533\" src=\"https:\/\/www.elturistatranquil.com\/wp-content\/uploads\/F88-Albarracin-Catedral-2.jpg\" class=\"attachment-large size-large wp-image-6333\" alt=\"\" srcset=\"https:\/\/www.elturistatranquil.com\/wp-content\/uploads\/F88-Albarracin-Catedral-2.jpg 800w, https:\/\/www.elturistatranquil.com\/wp-content\/uploads\/F88-Albarracin-Catedral-2-768x512.jpg 768w\" sizes=\"(max-width: 800px) 100vw, 800px\" \/>\t\t\t\t\t\t\t\t\t\t\t\t\t\t\t<\/div>\n\t\t\t\t<\/div>\n\t\t\t\t<div class=\"elementor-element elementor-element-753f998c elementor-widget elementor-widget-text-editor\" data-id=\"753f998c\" data-element_type=\"widget\" data-e-type=\"widget\" data-widget_type=\"text-editor.default\">\n\t\t\t\t<div class=\"elementor-widget-container\">\n\t\t\t\t\t\t\t\t\t<p>El Retaule de l&#8217;Altar Major va ser realitzat per Cosme Dami\u00e0 Bas cap a 1566.<\/p>\t\t\t\t\t\t\t\t<\/div>\n\t\t\t\t<\/div>\n\t\t\t\t<div class=\"elementor-element elementor-element-63c5cf2c elementor-widget elementor-widget-image\" data-id=\"63c5cf2c\" data-element_type=\"widget\" data-e-type=\"widget\" data-widget_type=\"image.default\">\n\t\t\t\t<div class=\"elementor-widget-container\">\n\t\t\t\t\t\t\t\t\t\t\t\t\t\t\t<img loading=\"lazy\" decoding=\"async\" width=\"393\" height=\"550\" src=\"https:\/\/www.elturistatranquil.com\/wp-content\/uploads\/F89-Albarracin-Catedral-2.jpg\" class=\"attachment-large size-large wp-image-6337\" alt=\"\" \/>\t\t\t\t\t\t\t\t\t\t\t\t\t\t\t<\/div>\n\t\t\t\t<\/div>\n\t\t\t\t<div class=\"elementor-element elementor-element-6fe179ed elementor-widget elementor-widget-text-editor\" data-id=\"6fe179ed\" data-element_type=\"widget\" data-e-type=\"widget\" data-widget_type=\"text-editor.default\">\n\t\t\t\t<div class=\"elementor-widget-container\">\n\t\t\t\t\t\t\t\t\t<p>El Retaule de Sant Pere de la Capella de Santa Magdalena, \u00e9s d&#8217;estil renaixentista, en fusta de pi tallada sense policromar, obra de l&#8217;escultor Gabriel Yoly (o Joli), igual que el <a href=\"https:\/\/www.elturistatranquil.com\/un-dia-en-teruel\/\" target=\"_blank\" rel=\"noopener\">retaule de l&#8217;altar mayor de l&#8217;Esgl\u00e9sia de San Pedro de Teruel<\/a>.<\/p>\t\t\t\t\t\t\t\t<\/div>\n\t\t\t\t<\/div>\n\t\t\t\t<div class=\"elementor-element elementor-element-530886c elementor-widget elementor-widget-image\" data-id=\"530886c\" data-element_type=\"widget\" data-e-type=\"widget\" data-widget_type=\"image.default\">\n\t\t\t\t<div class=\"elementor-widget-container\">\n\t\t\t\t\t\t\t\t\t\t\t\t\t\t\t<img loading=\"lazy\" decoding=\"async\" width=\"354\" height=\"550\" src=\"https:\/\/www.elturistatranquil.com\/wp-content\/uploads\/F90-Albarracin-Catedral-2.jpg\" class=\"attachment-large size-large wp-image-6341\" alt=\"\" \/>\t\t\t\t\t\t\t\t\t\t\t\t\t\t\t<\/div>\n\t\t\t\t<\/div>\n\t\t\t\t<div class=\"elementor-element elementor-element-4bede145 elementor-widget elementor-widget-image\" data-id=\"4bede145\" data-element_type=\"widget\" data-e-type=\"widget\" data-widget_type=\"image.default\">\n\t\t\t\t<div class=\"elementor-widget-container\">\n\t\t\t\t\t\t\t\t\t\t\t\t\t\t\t<img loading=\"lazy\" decoding=\"async\" width=\"800\" height=\"533\" src=\"https:\/\/www.elturistatranquil.com\/wp-content\/uploads\/F91-Albarracin-Catedral-2.jpg\" class=\"attachment-large size-large wp-image-6345\" alt=\"\" srcset=\"https:\/\/www.elturistatranquil.com\/wp-content\/uploads\/F91-Albarracin-Catedral-2.jpg 800w, https:\/\/www.elturistatranquil.com\/wp-content\/uploads\/F91-Albarracin-Catedral-2-768x512.jpg 768w\" sizes=\"(max-width: 800px) 100vw, 800px\" \/>\t\t\t\t\t\t\t\t\t\t\t\t\t\t\t<\/div>\n\t\t\t\t<\/div>\n\t\t\t\t<div class=\"elementor-element elementor-element-6ae0afd7 elementor-widget elementor-widget-text-editor\" data-id=\"6ae0afd7\" data-element_type=\"widget\" data-e-type=\"widget\" data-widget_type=\"text-editor.default\">\n\t\t\t\t<div class=\"elementor-widget-container\">\n\t\t\t\t\t\t\t\t\t<p>Capella de Santa Ana, decorada en 1857 amb un retaule ecl\u00e8ctic i les imatges de Sant Joaquim i Santa Anna presentant a la Verge al temple.<\/p>\t\t\t\t\t\t\t\t<\/div>\n\t\t\t\t<\/div>\n\t\t\t\t<div class=\"elementor-element elementor-element-5affb28e elementor-widget elementor-widget-image\" data-id=\"5affb28e\" data-element_type=\"widget\" data-e-type=\"widget\" data-widget_type=\"image.default\">\n\t\t\t\t<div class=\"elementor-widget-container\">\n\t\t\t\t\t\t\t\t\t\t\t\t\t\t\t<img loading=\"lazy\" decoding=\"async\" width=\"352\" height=\"550\" src=\"https:\/\/www.elturistatranquil.com\/wp-content\/uploads\/F92-Albarracin-Catedral-2.jpg\" class=\"attachment-large size-large wp-image-6349\" alt=\"\" \/>\t\t\t\t\t\t\t\t\t\t\t\t\t\t\t<\/div>\n\t\t\t\t<\/div>\n\t\t\t\t<div class=\"elementor-element elementor-element-bde62a6 elementor-widget elementor-widget-text-editor\" data-id=\"bde62a6\" data-element_type=\"widget\" data-e-type=\"widget\" data-widget_type=\"text-editor.default\">\n\t\t\t\t<div class=\"elementor-widget-container\">\n\t\t\t\t\t\t\t\t\t<p>El retaule barroc de la Capella de la Mare de D\u00e9u del Pilar va ser realitzat en 1657, incl\u00f2s despr\u00e9s de l&#8217;ampliaci\u00f3 realitzada entre 1735 i 1739.<\/p>\t\t\t\t\t\t\t\t<\/div>\n\t\t\t\t<\/div>\n\t\t\t\t<div class=\"elementor-element elementor-element-267569e2 elementor-widget elementor-widget-image\" data-id=\"267569e2\" data-element_type=\"widget\" data-e-type=\"widget\" data-widget_type=\"image.default\">\n\t\t\t\t<div class=\"elementor-widget-container\">\n\t\t\t\t\t\t\t\t\t\t\t\t\t\t\t<img loading=\"lazy\" decoding=\"async\" width=\"413\" height=\"550\" src=\"https:\/\/www.elturistatranquil.com\/wp-content\/uploads\/F93-Albarracin-Catedral-1.jpg\" class=\"attachment-large size-large wp-image-6351\" alt=\"\" \/>\t\t\t\t\t\t\t\t\t\t\t\t\t\t\t<\/div>\n\t\t\t\t<\/div>\n\t\t\t\t<div class=\"elementor-element elementor-element-136e9d2e elementor-widget elementor-widget-text-editor\" data-id=\"136e9d2e\" data-element_type=\"widget\" data-e-type=\"widget\" data-widget_type=\"text-editor.default\">\n\t\t\t\t<div class=\"elementor-widget-container\">\n\t\t\t\t\t\t\t\t\t<p>Capella del baptisme, antigament Capella de la Pietat. En la restauraci\u00f3 van apar\u00e8ixer unes pintures tardo-g\u00f2tiques amb escenes que representen el despreniment de la creu. Es daten al segle XV i serien de l&#8217;antiga Esgl\u00e9sia abans de la remodelaci\u00f3 del segle XVI.<\/p>\t\t\t\t\t\t\t\t<\/div>\n\t\t\t\t<\/div>\n\t\t\t\t<div class=\"elementor-element elementor-element-666ee3ab elementor-widget elementor-widget-image\" data-id=\"666ee3ab\" data-element_type=\"widget\" data-e-type=\"widget\" data-widget_type=\"image.default\">\n\t\t\t\t<div class=\"elementor-widget-container\">\n\t\t\t\t\t\t\t\t\t\t\t\t\t\t\t<img loading=\"lazy\" decoding=\"async\" width=\"800\" height=\"533\" src=\"https:\/\/www.elturistatranquil.com\/wp-content\/uploads\/F94-Albarracin-Catedral-2.jpg\" class=\"attachment-large size-large wp-image-6356\" alt=\"\" srcset=\"https:\/\/www.elturistatranquil.com\/wp-content\/uploads\/F94-Albarracin-Catedral-2.jpg 800w, https:\/\/www.elturistatranquil.com\/wp-content\/uploads\/F94-Albarracin-Catedral-2-768x512.jpg 768w\" sizes=\"(max-width: 800px) 100vw, 800px\" \/>\t\t\t\t\t\t\t\t\t\t\t\t\t\t\t<\/div>\n\t\t\t\t<\/div>\n\t\t\t\t<div class=\"elementor-element elementor-element-351c259f elementor-widget elementor-widget-text-editor\" data-id=\"351c259f\" data-element_type=\"widget\" data-e-type=\"widget\" data-widget_type=\"text-editor.default\">\n\t\t\t\t<div class=\"elementor-widget-container\">\n\t\t\t\t\t\t\t\t\t<p>Al costat del cor es troba un \u00f2rgan d&#8217;autor an\u00f2nim del segle XVIII<\/p>\t\t\t\t\t\t\t\t<\/div>\n\t\t\t\t<\/div>\n\t\t\t\t<div class=\"elementor-element elementor-element-11cc6ce1 elementor-widget elementor-widget-image\" data-id=\"11cc6ce1\" data-element_type=\"widget\" data-e-type=\"widget\" data-widget_type=\"image.default\">\n\t\t\t\t<div class=\"elementor-widget-container\">\n\t\t\t\t\t\t\t\t\t\t\t\t\t\t\t<img loading=\"lazy\" decoding=\"async\" width=\"413\" height=\"550\" src=\"https:\/\/www.elturistatranquil.com\/wp-content\/uploads\/F95-Albarracin-Catedral-1.jpg\" class=\"attachment-large size-large wp-image-6359\" alt=\"\" \/>\t\t\t\t\t\t\t\t\t\t\t\t\t\t\t<\/div>\n\t\t\t\t<\/div>\n\t\t\t\t<div class=\"elementor-element elementor-element-728b4576 elementor-widget elementor-widget-text-editor\" data-id=\"728b4576\" data-element_type=\"widget\" data-e-type=\"widget\" data-widget_type=\"text-editor.default\">\n\t\t\t\t<div class=\"elementor-widget-container\">\n\t\t\t\t\t\t\t\t\t<p>A la sagristia contigua, capella de les \u00c0nimes, la sala es cobreix amb voltes nervades de creueria amb tercelets i claus decorades amb escuts i que donen suport directament en els murs, els punts d&#8217;uni\u00f3 llueixen escuts. Presideix la sala un Retaule de la Circumcisi\u00f3 de Jes\u00fas. Els murs estan decorats amb pintures murals de tonalitats monocromes que fins al present moment eren completament desconegudes, havent-se redescobert en les \u00faltimes obres de rehabilitaci\u00f3.<\/p>\t\t\t\t\t\t\t\t<\/div>\n\t\t\t\t<\/div>\n\t\t\t\t<div class=\"elementor-element elementor-element-17a7fe elementor-widget elementor-widget-image\" data-id=\"17a7fe\" data-element_type=\"widget\" data-e-type=\"widget\" data-widget_type=\"image.default\">\n\t\t\t\t<div class=\"elementor-widget-container\">\n\t\t\t\t\t\t\t\t\t\t\t\t\t\t\t<img loading=\"lazy\" decoding=\"async\" width=\"800\" height=\"533\" src=\"https:\/\/www.elturistatranquil.com\/wp-content\/uploads\/F96-Albarracin-Catedral-2.jpg\" class=\"attachment-large size-large wp-image-6364\" alt=\"\" srcset=\"https:\/\/www.elturistatranquil.com\/wp-content\/uploads\/F96-Albarracin-Catedral-2.jpg 800w, https:\/\/www.elturistatranquil.com\/wp-content\/uploads\/F96-Albarracin-Catedral-2-768x512.jpg 768w\" sizes=\"(max-width: 800px) 100vw, 800px\" \/>\t\t\t\t\t\t\t\t\t\t\t\t\t\t\t<\/div>\n\t\t\t\t<\/div>\n\t\t\t\t<div class=\"elementor-element elementor-element-1b7dd4dd elementor-widget elementor-widget-image\" data-id=\"1b7dd4dd\" data-element_type=\"widget\" data-e-type=\"widget\" data-widget_type=\"image.default\">\n\t\t\t\t<div class=\"elementor-widget-container\">\n\t\t\t\t\t\t\t\t\t\t\t\t\t\t\t<img loading=\"lazy\" decoding=\"async\" width=\"412\" height=\"550\" src=\"https:\/\/www.elturistatranquil.com\/wp-content\/uploads\/F97-Albarracin-Catedral-2.jpg\" class=\"attachment-large size-large wp-image-6368\" alt=\"\" \/>\t\t\t\t\t\t\t\t\t\t\t\t\t\t\t<\/div>\n\t\t\t\t<\/div>\n\t\t\t\t<div class=\"elementor-element elementor-element-509e9ace elementor-widget elementor-widget-menu-anchor\" data-id=\"509e9ace\" data-element_type=\"widget\" data-e-type=\"widget\" data-widget_type=\"menu-anchor.default\">\n\t\t\t\t<div class=\"elementor-widget-container\">\n\t\t\t\t\t\t\t<div class=\"elementor-menu-anchor\" id=\"c1421\"><\/div>\n\t\t\t\t\t\t<\/div>\n\t\t\t\t<\/div>\n\t\t\t\t<div class=\"elementor-element elementor-element-1ba7e8fa elementor-widget elementor-widget-image\" data-id=\"1ba7e8fa\" data-element_type=\"widget\" data-e-type=\"widget\" data-widget_type=\"image.default\">\n\t\t\t\t<div class=\"elementor-widget-container\">\n\t\t\t\t\t\t\t\t\t\t\t\t\t\t\t<img loading=\"lazy\" decoding=\"async\" width=\"413\" height=\"550\" src=\"https:\/\/www.elturistatranquil.com\/wp-content\/uploads\/F98-Albarracin-Catedral-2.jpg\" class=\"attachment-large size-large wp-image-6372\" alt=\"\" \/>\t\t\t\t\t\t\t\t\t\t\t\t\t\t\t<\/div>\n\t\t\t\t<\/div>\n\t\t\t\t<div class=\"elementor-element elementor-element-20b1aba4 elementor-widget elementor-widget-menu-anchor\" data-id=\"20b1aba4\" data-element_type=\"widget\" data-e-type=\"widget\" data-widget_type=\"menu-anchor.default\">\n\t\t\t\t<div class=\"elementor-widget-container\">\n\t\t\t\t\t\t\t<div class=\"elementor-menu-anchor\" id=\"c1422\"><\/div>\n\t\t\t\t\t\t<\/div>\n\t\t\t\t<\/div>\n\t\t\t\t<div class=\"elementor-element elementor-element-117c7bab elementor-widget elementor-widget-heading\" data-id=\"117c7bab\" data-element_type=\"widget\" data-e-type=\"widget\" data-widget_type=\"heading.default\">\n\t\t\t\t<div class=\"elementor-widget-container\">\n\t\t\t\t\t<h2 class=\"elementor-heading-title elementor-size-default\">Museus<\/h2>\t\t\t\t<\/div>\n\t\t\t\t<\/div>\n\t\t\t\t<div class=\"elementor-element elementor-element-23597f7c elementor-widget elementor-widget-text-editor\" data-id=\"23597f7c\" data-element_type=\"widget\" data-e-type=\"widget\" data-widget_type=\"text-editor.default\">\n\t\t\t\t<div class=\"elementor-widget-container\">\n\t\t\t\t\t\t\t\t\t<p>Albarrac\u00edn disposa de quatre museus: <em>Museu Municipal; Museu Dioces\u00e0; Museu de la Forja i Museu del Joguet, <\/em>aix\u00ed com de la<em> Casa Museu P\u00e9rez y Toyuela.<\/em><\/p>\t\t\t\t\t\t\t\t<\/div>\n\t\t\t\t<\/div>\n\t\t\t\t<div class=\"elementor-element elementor-element-23c91e6f elementor-widget elementor-widget-heading\" data-id=\"23c91e6f\" data-element_type=\"widget\" data-e-type=\"widget\" data-widget_type=\"heading.default\">\n\t\t\t\t<div class=\"elementor-widget-container\">\n\t\t\t\t\t<h2 class=\"elementor-heading-title elementor-size-default\">Fi de la visita\n<\/h2>\t\t\t\t<\/div>\n\t\t\t\t<\/div>\n\t\t\t\t<div class=\"elementor-element elementor-element-6d86501e elementor-widget elementor-widget-menu-anchor\" data-id=\"6d86501e\" data-element_type=\"widget\" data-e-type=\"widget\" data-widget_type=\"menu-anchor.default\">\n\t\t\t\t<div class=\"elementor-widget-container\">\n\t\t\t\t\t\t\t<div class=\"elementor-menu-anchor\" id=\"c1423\"><\/div>\n\t\t\t\t\t\t<\/div>\n\t\t\t\t<\/div>\n\t\t\t\t<div class=\"elementor-element elementor-element-3f627fc6 elementor-widget elementor-widget-text-editor\" data-id=\"3f627fc6\" data-element_type=\"widget\" data-e-type=\"widget\" data-widget_type=\"text-editor.default\">\n\t\t\t\t<div class=\"elementor-widget-container\">\n\t\t\t\t\t\t\t\t\t<p>El paisatge resultant \u00e9s una massa arquitect\u00f2nica uniformitzada, amalgamant el vermell salm\u00f3 del guix i el gris de la pedra. Un \u201cniu d\u2019\u00e0ligues\u201d com alg\u00fa va definir Albarrac\u00edn.<\/p><p>Ja ho deia fa anys Azor\u00edn: &#8220;<em>Visiti una de les ciutats m\u00e9s boniques d&#8217;Espanya, visiteu Albarrac\u00edn<\/em>&#8220;, avan\u00e7ant-se als esl\u00f2gans tur\u00edstics actuals.<\/p><p>Una darrera consideraci\u00f3 per si voleu menjar a Albarrac\u00edn. La ciutat \u00e9s plena de restaurants i bars on poder reposar forces en general de cuina tur\u00edstica. Si voleu menjar cuina actual de qualitat podeu anar a <a href=\"http:\/\/www.tiempodeensuenyo.com\/principal.html\" target=\"_blank\" rel=\"noopener\"><em>Tiempo de Ensue\u00f1o<\/em><\/a>,\u00a0al carrer Palacios, amb l\u2019empremta de la <em>Maria Jos\u00e9 Mena<\/em>, primera xef amb estrella Michelin de la prov\u00edncia de Terol. Al <em>Post<\/em> <a href=\"https:\/\/www.elturistatranquil.com\/ca\/el-batan-sierra-de-albarracin\/\" target=\"_blank\" rel=\"noopener\">El Batan. Sierra de Albarrac\u00edn<\/a> podreu saber per que ho dic.<\/p>\t\t\t\t\t\t\t\t<\/div>\n\t\t\t\t<\/div>\n\t\t\t\t<div class=\"elementor-element elementor-element-618a1f00 elementor-widget elementor-widget-heading\" data-id=\"618a1f00\" data-element_type=\"widget\" data-e-type=\"widget\" data-widget_type=\"heading.default\">\n\t\t\t\t<div class=\"elementor-widget-container\">\n\t\t\t\t\t<h2 class=\"elementor-heading-title elementor-size-default\">Bases d\u2019informaci\u00f3\n<\/h2>\t\t\t\t<\/div>\n\t\t\t\t<\/div>\n\t\t\t\t<div class=\"elementor-element elementor-element-40f1c69b elementor-widget elementor-widget-text-editor\" data-id=\"40f1c69b\" data-element_type=\"widget\" data-e-type=\"widget\" data-widget_type=\"text-editor.default\">\n\t\t\t\t<div class=\"elementor-widget-container\">\n\t\t\t\t\t\t\t\t\t<p><strong>Webs Albarrac\u00edn<\/strong><\/p><p><strong>\u00a0<\/strong><a href=\"http:\/\/www.albarracin.es\/\" target=\"_blank\" rel=\"noopener\">Ayuntamiento<\/a><\/p><p><a href=\"https:\/\/es.wikipedia.org\/wiki\/Albarrac%C3%Adn\" target=\"_blank\" rel=\"noopener\">Albarrac\u00edn. Wikipedia<\/a><\/p><p><a href=\"http:\/\/www.enciclopedia-aragonesa.com\/voz.asp?voz_id=465\" target=\"_blank\" rel=\"noopener\">Albarrac\u00edn. GEA<\/a><\/p><p><a href=\"https:\/\/es.wikipedia.org\/wiki\/Conjunto_hist%C3%B3rico_de_Albarrac%C3%Adn\" target=\"_blank\" rel=\"noopener\">Conjunto hist\u00f3rico de Albarrac\u00edn. Wikipedia<\/a><\/p><p><a href=\"http:\/\/www.redjaen.es\/francis\/?m=c&amp;o=54046&amp;letra=&amp;ord=&amp;id=54072\" target=\"_blank\" rel=\"noopener\">Albarrac\u00edn. Redjaen<\/a><\/p><p><a href=\"http:\/\/www.misviajesysensaciones.com\/2015\/04\/villa-de-albarracin-donde-la-irregularidad-es-arte.html\" target=\"_blank\" rel=\"noopener\">La villa de Albarrac\u00edn donde lo irregular se hace arte<\/a><\/p>\t\t\t\t\t\t\t\t<\/div>\n\t\t\t\t<\/div>\n\t\t\t\t<div class=\"elementor-element elementor-element-67d21155 elementor-widget elementor-widget-text-editor\" data-id=\"67d21155\" data-element_type=\"widget\" data-e-type=\"widget\" data-widget_type=\"text-editor.default\">\n\t\t\t\t<div class=\"elementor-widget-container\">\n\t\t\t\t\t\t\t\t\t<p><strong>Webs Muralla i Alcassaba<\/strong><\/p><p><a href=\"http:\/\/www.patrimonioculturaldearagon.es\/bienes-culturales\/recinto-fortificado-albarracin\" target=\"_blank\" rel=\"noopener\">Recinto fortificado. Patrimonio Cultural Arag\u00f3n<\/a><\/p><p><a href=\"https:\/\/es.wikipedia.org\/wiki\/Murallas_de_Albarrac%C3%Adn\" target=\"_blank\" rel=\"noopener\">Murallas de Albarracin. Wikipedia<\/a><\/p><p><a href=\"https:\/\/es.wikipedia.org\/wiki\/Alc%C3%A1zar_de_Albarrac%C3%Adn\" target=\"_blank\" rel=\"noopener\">Alc\u00e1zar de Albarrac\u00edn. Wikipedia<\/a><\/p><p><a href=\"https:\/\/fundacionsantamariadealbarracin.com\/museo-de-albarracin\/\" target=\"_blank\" rel=\"noopener\">Visita al Castillo de Albarrac\u00edn y sus Museos<\/a><\/p>\t\t\t\t\t\t\t\t<\/div>\n\t\t\t\t<\/div>\n\t\t\t\t<div class=\"elementor-element elementor-element-7c41f064 elementor-widget elementor-widget-text-editor\" data-id=\"7c41f064\" data-element_type=\"widget\" data-e-type=\"widget\" data-widget_type=\"text-editor.default\">\n\t\t\t\t<div class=\"elementor-widget-container\">\n\t\t\t\t\t\t\t\t\t<p><strong>Webs Catedral i Palacio Episcopal<\/strong><\/p><p><a href=\"https:\/\/cecalbarracin.org\/2012\/05\/25\/catedral-del-salvador-de-albarracin\/\" target=\"_blank\" rel=\"noopener\">Catedral del Salvador de Albarrac\u00edn. CECAL<\/a><\/p><p><a href=\"https:\/\/es.wikipedia.org\/wiki\/Catedral_de_Albarrac%C3%Adn\" target=\"_blank\" rel=\"noopener\">Catedral de Albarrac\u00edn. Wikipedia<\/a><\/p><p><a href=\"http:\/\/www.patrimonioculturaldearagon.es\/bienes-culturales\/catedral-de-albarracin\" target=\"_blank\" rel=\"noopener\">Catedral de El Salvador. Patrimonio Cultural de Arag\u00f3n<\/a><\/p><p><a href=\"https:\/\/www.arteguias.com\/catedral\/albarracin.htm\" target=\"_blank\" rel=\"noopener\">Catedral de Albarrac\u00edn. Artegu\u00edas<\/a><\/p><p><a href=\"http:\/\/www.enciclopedia-aragonesa.com\/monograficos\/arte\/catedrales_de_aragon_II\/albarracin.asp\" target=\"_blank\" rel=\"noopener\">Catedral de Albarrac\u00edn. GEA<\/a><\/p><p><a href=\"http:\/\/megaconstrucciones.net\/?construccion=catedral-albarracin\" target=\"_blank\" rel=\"noopener\">Catedral de Albarrac\u00edn. Megaconstrucciones<\/a><\/p><p><a href=\"http:\/\/www.jdiezarnal.com\/catedraldealbarracin.html\" target=\"_blank\" rel=\"noopener\">Catedrales de Espa\u00f1a Catedral de Albarracin<\/a><\/p><p><a href=\"https:\/\/dialnet.unirioja.es\/servlet\/articulo?codigo=5130695\" target=\"_blank\" rel=\"noopener\">Museo Diocesano de Albarrac\u00edn. Ernesto Arce Oliva<\/a><\/p>\t\t\t\t\t\t\t\t<\/div>\n\t\t\t\t<\/div>\n\t\t\t\t<div class=\"elementor-element elementor-element-28e68f65 elementor-widget elementor-widget-text-editor\" data-id=\"28e68f65\" data-element_type=\"widget\" data-e-type=\"widget\" data-widget_type=\"text-editor.default\">\n\t\t\t\t<div class=\"elementor-widget-container\">\n\t\t\t\t\t\t\t\t\t<p><strong>Webs Academic<\/strong><\/p><p><a href=\"http:\/\/revistas.ucm.es\/index.php\/AGUC\/article\/download\/52718\/48467\" target=\"_blank\" rel=\"noopener\"><em>Turismo en Albarrac\u00edn y Comarca. Acci\u00f3n p\u00fablica local y din\u00e1mica reciente en clave de desarrollo tur\u00edstico sostenible<\/em><\/a>. Caludia Yubero Bernab\u00e9, Mar\u00eda Garc\u00eda Hern\u00e1ndez<\/p><p><a href=\"https:\/\/www.aragon.es\/estaticos\/GobiernoAragon\/Departamentos\/PoliticaTerritorialJusticiaInterior\/Documentos\/docs\/Areas\/Informaci%C3%B3n%20territorial\/Publicaciones\/Coleccion_Territorio\/Comarca_Sierra_Albarracin\/02%20Se%C3%B1orio%20cristiano.pdf\" target=\"_blank\" rel=\"noopener\"><em>El se\u00f1or\u00edo cristiano de Albarrac\u00edn. De los Azagra hasta su incorporaci\u00f3n a la Corona de Arag\u00f3n<\/em><\/a>. Miguel \u00c1ngel Motis Dolader<\/p><p><a href=\"https:\/\/www.aragon.es\/estaticos\/GobiernoAragon\/Departamentos\/PoliticaTerritorialJusticiaInterior\/Documentos\/docs\/Areas\/Informaci%C3%B3n%20territorial\/Publicaciones\/Coleccion_Territorio\/Comarca_Sierra_Albarracin\/03%20Arquitectura.pdf\" target=\"_blank\" rel=\"noopener\"><em>La arquitectura de Albarrac\u00edn y su comarca en el siglo XVI<\/em><\/a>. Javier Ib\u00e1\u00f1ez Fern\u00e1ndez<\/p><p><a href=\"https:\/\/dialnet.unirioja.es\/descarga\/articulo\/3829333.pdf\" target=\"_blank\" rel=\"noopener\"><em>Estancias creativas en Albarrac\u00edn: Paisajes interiores<\/em><\/a>, Alejandro J. Ratia<\/p><p><a href=\"http:\/\/digital.csic.es\/bitstream\/10261\/22649\/1\/1987%20El%20sistemaDefensivo.pdf\" target=\"_blank\" rel=\"noopener\"><em>El sistema defensivo de Albarrac\u00edn<\/em><\/a>. Antonio Almagro Gorbea<\/p><p><a href=\"https:\/\/core.ac.uk\/download\/pdf\/36119538.pdf\" target=\"_blank\" rel=\"noopener\"><em>El proceso constructivo de la catedral de Albarrac\u00edn<\/em><\/a>. Antonio Almagro Gorbea<\/p>\t\t\t\t\t\t\t\t<\/div>\n\t\t\t\t<\/div>\n\t\t\t\t<div class=\"elementor-element elementor-element-1e95f44d elementor-widget elementor-widget-text-editor\" data-id=\"1e95f44d\" data-element_type=\"widget\" data-e-type=\"widget\" data-widget_type=\"text-editor.default\">\n\t\t\t\t<div class=\"elementor-widget-container\">\n\t\t\t\t\t\t\t\t\t<p style=\"text-align: right;\">Enlace con el <em>Post<\/em>: <a href=\"https:\/\/www.elturistatranquil.com\/ca\/el-batan-sierra-de-albarracin\/\" target=\"_blank\" rel=\"noopener\"><strong>El Batan. Sierra de Albarrac\u00edn<\/strong><\/a><\/p>\t\t\t\t\t\t\t\t<\/div>\n\t\t\t\t<\/div>\n\t\t\t\t\t<\/div>\n\t\t<\/div>\n\t\t\t\t\t<\/div>\n\t\t<\/section>\n\t\t\t\t<section class=\"elementor-section elementor-top-section elementor-element elementor-element-df2d2b8 elementor-section-boxed elementor-section-height-default elementor-section-height-default\" data-id=\"df2d2b8\" data-element_type=\"section\" data-e-type=\"section\">\n\t\t\t\t\t\t<div class=\"elementor-container elementor-column-gap-default\">\n\t\t\t\t\t<div class=\"elementor-column elementor-col-100 elementor-top-column elementor-element elementor-element-1018dec9\" data-id=\"1018dec9\" data-element_type=\"column\" data-e-type=\"column\">\n\t\t\t<div class=\"elementor-widget-wrap elementor-element-populated\">\n\t\t\t\t\t\t<div class=\"elementor-element elementor-element-1370dd6 elementor-share-buttons--view-icon elementor-share-buttons--skin-minimal elementor-share-buttons--shape-circle elementor-grid-0 elementor-share-buttons--color-official elementor-widget elementor-widget-share-buttons\" data-id=\"1370dd6\" data-element_type=\"widget\" data-e-type=\"widget\" data-widget_type=\"share-buttons.default\">\n\t\t\t\t<div class=\"elementor-widget-container\">\n\t\t\t\t\t\t\t<div class=\"elementor-grid\" role=\"list\">\n\t\t\t\t\t\t\t\t<div class=\"elementor-grid-item\" role=\"listitem\">\n\t\t\t\t\t\t<div class=\"elementor-share-btn elementor-share-btn_facebook\" role=\"button\" tabindex=\"0\" aria-label=\"Compartici\u00f3 en facebook\">\n\t\t\t\t\t\t\t\t\t\t\t\t\t\t\t<span class=\"elementor-share-btn__icon\">\n\t\t\t\t\t\t\t\t<i class=\"fab fa-facebook\" aria-hidden=\"true\"><\/i>\t\t\t\t\t\t\t<\/span>\n\t\t\t\t\t\t\t\t\t\t\t\t\t\t\t\t\t\t\t\t<\/div>\n\t\t\t\t\t<\/div>\n\t\t\t\t\t\t\t\t\t<div class=\"elementor-grid-item\" role=\"listitem\">\n\t\t\t\t\t\t<div class=\"elementor-share-btn elementor-share-btn_twitter\" role=\"button\" tabindex=\"0\" aria-label=\"Compartici\u00f3 en twitter\">\n\t\t\t\t\t\t\t\t\t\t\t\t\t\t\t<span class=\"elementor-share-btn__icon\">\n\t\t\t\t\t\t\t\t<i class=\"fab fa-twitter\" aria-hidden=\"true\"><\/i>\t\t\t\t\t\t\t<\/span>\n\t\t\t\t\t\t\t\t\t\t\t\t\t\t\t\t\t\t\t\t<\/div>\n\t\t\t\t\t<\/div>\n\t\t\t\t\t\t\t\t\t<div class=\"elementor-grid-item\" role=\"listitem\">\n\t\t\t\t\t\t<div class=\"elementor-share-btn elementor-share-btn_pinterest\" role=\"button\" tabindex=\"0\" aria-label=\"Compartici\u00f3 en pinterest\">\n\t\t\t\t\t\t\t\t\t\t\t\t\t\t\t<span class=\"elementor-share-btn__icon\">\n\t\t\t\t\t\t\t\t<i class=\"fab fa-pinterest\" aria-hidden=\"true\"><\/i>\t\t\t\t\t\t\t<\/span>\n\t\t\t\t\t\t\t\t\t\t\t\t\t\t\t\t\t\t\t\t<\/div>\n\t\t\t\t\t<\/div>\n\t\t\t\t\t\t\t\t\t<div class=\"elementor-grid-item\" role=\"listitem\">\n\t\t\t\t\t\t<div class=\"elementor-share-btn elementor-share-btn_whatsapp\" role=\"button\" tabindex=\"0\" aria-label=\"Compartici\u00f3 en whatsapp\">\n\t\t\t\t\t\t\t\t\t\t\t\t\t\t\t<span class=\"elementor-share-btn__icon\">\n\t\t\t\t\t\t\t\t<i class=\"fab fa-whatsapp\" aria-hidden=\"true\"><\/i>\t\t\t\t\t\t\t<\/span>\n\t\t\t\t\t\t\t\t\t\t\t\t\t\t\t\t\t\t\t\t<\/div>\n\t\t\t\t\t<\/div>\n\t\t\t\t\t\t\t\t\t<div class=\"elementor-grid-item\" role=\"listitem\">\n\t\t\t\t\t\t<div class=\"elementor-share-btn elementor-share-btn_email\" role=\"button\" tabindex=\"0\" aria-label=\"Compartici\u00f3 en email\">\n\t\t\t\t\t\t\t\t\t\t\t\t\t\t\t<span class=\"elementor-share-btn__icon\">\n\t\t\t\t\t\t\t\t<i class=\"fas fa-envelope\" aria-hidden=\"true\"><\/i>\t\t\t\t\t\t\t<\/span>\n\t\t\t\t\t\t\t\t\t\t\t\t\t\t\t\t\t\t\t\t<\/div>\n\t\t\t\t\t<\/div>\n\t\t\t\t\t\t<\/div>\n\t\t\t\t\t\t<\/div>\n\t\t\t\t<\/div>\n\t\t\t\t\t<\/div>\n\t\t<\/div>\n\t\t\t\t\t<\/div>\n\t\t<\/section>\n\t\t\t\t<\/div>\n\t\t","protected":false},"excerpt":{"rendered":"<p>Albarrac\u00edn (Teruel). La combinaci\u00f3 de l\u2019enclavament geogr\u00e0fic i el conglomerat urb\u00e0 i les muralles, en fan un lloc \u00fanic. Com ja va dir Azor\u00edn: &#8220;Visiti una de les ciutats m\u00e9s &#8230; <a title=\"Albarrac\u00edn (Terol)\" class=\"read-more\" href=\"https:\/\/www.elturistatranquil.com\/ca\/albarracin\/\" aria-label=\"M\u00e9s informaci\u00f3 sobre Albarrac\u00edn (Terol)\">[ &#8230; ]<\/a><\/p>\n","protected":false},"author":1,"featured_media":5890,"comment_status":"open","ping_status":"closed","sticky":false,"template":"","format":"standard","meta":{"footnotes":""},"categories":[71,72,74,75,76,77,145,82,83,86,90,91,92,172,95,100,159,101,102,106,142,110],"tags":[],"class_list":["post-5883","post","type-post","status-publish","format-standard","has-post-thumbnail","hentry","category-arquitectura-popular-ca","category-arquitectura-religiosa-ca","category-barroc","category-castells","category-ciutat","category-conjunts-historics","category-edat-mitjana","category-gotic","category-historia-ca","category-islamic","category-monestirs-catedrals","category-mudejar-ca","category-museus","category-neoclassic","category-paisatge","category-pobles-i-ciutats-amb-interes","category-recintes-emmurallats","category-renaixement","category-restaurant","category-segle-xviii-xix","category-terol","category-vila","infinite-scroll-item","generate-columns","tablet-grid-50","mobile-grid-100","grid-parent","grid-50","no-featured-image-padding"],"yoast_head":"<!-- This site is optimized with the Yoast SEO plugin v27.4 - https:\/\/yoast.com\/product\/yoast-seo-wordpress\/ -->\n<title>Albarrac\u00edn (Terol) - El turista tranquil<\/title>\n<meta name=\"description\" content=\"Albarrac\u00edn (Teruel). La combinaci\u00f3 de l\u2019enclavament geogr\u00e0fic i el conglomerat urb\u00e0 i les muralles, en fan un lloc \u00fanic. Com ja va dir Azor\u00edn: &quot;Visiti una de les ciutats m\u00e9s boniques d&#039;Espanya, visiteu Albarrac\u00edn&quot;.\" \/>\n<meta name=\"robots\" content=\"index, follow, max-snippet:-1, max-image-preview:large, max-video-preview:-1\" \/>\n<link rel=\"canonical\" href=\"https:\/\/www.elturistatranquil.com\/ca\/albarracin\/\" \/>\n<meta property=\"og:locale\" content=\"ca_ES\" \/>\n<meta property=\"og:type\" content=\"article\" \/>\n<meta property=\"og:title\" content=\"Albarrac\u00edn (Terol) - El turista tranquil\" \/>\n<meta property=\"og:description\" content=\"Albarrac\u00edn (Teruel). La combinaci\u00f3 de l\u2019enclavament geogr\u00e0fic i el conglomerat urb\u00e0 i les muralles, en fan un lloc \u00fanic. Com ja va dir Azor\u00edn: &quot;Visiti una de les ciutats m\u00e9s boniques d&#039;Espanya, visiteu Albarrac\u00edn&quot;.\" \/>\n<meta property=\"og:url\" content=\"https:\/\/www.elturistatranquil.com\/ca\/albarracin\/\" \/>\n<meta property=\"og:site_name\" content=\"El turista tranquil\" \/>\n<meta property=\"article:publisher\" content=\"https:\/\/www.facebook.com\/elturistatranquilo\/\" \/>\n<meta property=\"article:published_time\" content=\"2018-08-25T15:36:12+00:00\" \/>\n<meta property=\"article:modified_time\" content=\"2019-01-27T17:46:53+00:00\" \/>\n<meta property=\"og:image\" content=\"https:\/\/www.elturistatranquil.com\/wp-content\/uploads\/F00-Albarracin.jpg\" \/>\n\t<meta property=\"og:image:width\" content=\"800\" \/>\n\t<meta property=\"og:image:height\" content=\"533\" \/>\n\t<meta property=\"og:image:type\" content=\"image\/jpeg\" \/>\n<meta name=\"author\" content=\"admin\" \/>\n<meta name=\"twitter:card\" content=\"summary_large_image\" \/>\n<meta name=\"twitter:label1\" content=\"Escrit per\" \/>\n\t<meta name=\"twitter:data1\" content=\"admin\" \/>\n\t<meta name=\"twitter:label2\" content=\"Temps estimat de lectura\" \/>\n\t<meta name=\"twitter:data2\" content=\"31 minuts\" \/>\n<script type=\"application\/ld+json\" class=\"yoast-schema-graph\">{\"@context\":\"https:\\\/\\\/schema.org\",\"@graph\":[{\"@type\":\"Article\",\"@id\":\"https:\\\/\\\/www.elturistatranquil.com\\\/ca\\\/albarracin\\\/#article\",\"isPartOf\":{\"@id\":\"https:\\\/\\\/www.elturistatranquil.com\\\/ca\\\/albarracin\\\/\"},\"author\":{\"name\":\"admin\",\"@id\":\"https:\\\/\\\/www.elturistatranquil.com\\\/ca\\\/#\\\/schema\\\/person\\\/16f607c3079b96ed0c530a52e6b58bb5\"},\"headline\":\"Albarrac\u00edn (Terol)\",\"datePublished\":\"2018-08-25T15:36:12+00:00\",\"dateModified\":\"2019-01-27T17:46:53+00:00\",\"mainEntityOfPage\":{\"@id\":\"https:\\\/\\\/www.elturistatranquil.com\\\/ca\\\/albarracin\\\/\"},\"wordCount\":6373,\"commentCount\":0,\"image\":{\"@id\":\"https:\\\/\\\/www.elturistatranquil.com\\\/ca\\\/albarracin\\\/#primaryimage\"},\"thumbnailUrl\":\"https:\\\/\\\/www.elturistatranquil.com\\\/wp-content\\\/uploads\\\/F00-Albarracin.jpg\",\"articleSection\":[\"Arquitectura popular\",\"Arquitectura religiosa\",\"Barroc\",\"Castells, Muralles\",\"Ciutat\",\"Conjunts hist\u00f2rics\",\"Edat mitjana\",\"G\u00f2tic\",\"Hist\u00f2ria\",\"Isl\u00e0mic\",\"Monestirs, Catedrals\",\"Mud\u00e8jar\",\"Museus\",\"Neocl\u00e0ssic, Romanticisme\",\"Paisatge\",\"Pobles i ciutats amb inter\u00e9s\",\"Recintes emmurallats\",\"Renaixement\",\"Restaurant\",\"Segle XVIII-XIX\",\"Terol\",\"Vila\"],\"inLanguage\":\"ca\",\"potentialAction\":[{\"@type\":\"CommentAction\",\"name\":\"Comment\",\"target\":[\"https:\\\/\\\/www.elturistatranquil.com\\\/ca\\\/albarracin\\\/#respond\"]}]},{\"@type\":\"WebPage\",\"@id\":\"https:\\\/\\\/www.elturistatranquil.com\\\/ca\\\/albarracin\\\/\",\"url\":\"https:\\\/\\\/www.elturistatranquil.com\\\/ca\\\/albarracin\\\/\",\"name\":\"Albarrac\u00edn (Terol) - El turista tranquil\",\"isPartOf\":{\"@id\":\"https:\\\/\\\/www.elturistatranquil.com\\\/ca\\\/#website\"},\"primaryImageOfPage\":{\"@id\":\"https:\\\/\\\/www.elturistatranquil.com\\\/ca\\\/albarracin\\\/#primaryimage\"},\"image\":{\"@id\":\"https:\\\/\\\/www.elturistatranquil.com\\\/ca\\\/albarracin\\\/#primaryimage\"},\"thumbnailUrl\":\"https:\\\/\\\/www.elturistatranquil.com\\\/wp-content\\\/uploads\\\/F00-Albarracin.jpg\",\"datePublished\":\"2018-08-25T15:36:12+00:00\",\"dateModified\":\"2019-01-27T17:46:53+00:00\",\"author\":{\"@id\":\"https:\\\/\\\/www.elturistatranquil.com\\\/ca\\\/#\\\/schema\\\/person\\\/16f607c3079b96ed0c530a52e6b58bb5\"},\"description\":\"Albarrac\u00edn (Teruel). La combinaci\u00f3 de l\u2019enclavament geogr\u00e0fic i el conglomerat urb\u00e0 i les muralles, en fan un lloc \u00fanic. Com ja va dir Azor\u00edn: \\\"Visiti una de les ciutats m\u00e9s boniques d'Espanya, visiteu Albarrac\u00edn\\\".\",\"breadcrumb\":{\"@id\":\"https:\\\/\\\/www.elturistatranquil.com\\\/ca\\\/albarracin\\\/#breadcrumb\"},\"inLanguage\":\"ca\",\"potentialAction\":[{\"@type\":\"ReadAction\",\"target\":[\"https:\\\/\\\/www.elturistatranquil.com\\\/ca\\\/albarracin\\\/\"]}]},{\"@type\":\"ImageObject\",\"inLanguage\":\"ca\",\"@id\":\"https:\\\/\\\/www.elturistatranquil.com\\\/ca\\\/albarracin\\\/#primaryimage\",\"url\":\"https:\\\/\\\/www.elturistatranquil.com\\\/wp-content\\\/uploads\\\/F00-Albarracin.jpg\",\"contentUrl\":\"https:\\\/\\\/www.elturistatranquil.com\\\/wp-content\\\/uploads\\\/F00-Albarracin.jpg\",\"width\":800,\"height\":533,\"caption\":\"Albarracin\"},{\"@type\":\"BreadcrumbList\",\"@id\":\"https:\\\/\\\/www.elturistatranquil.com\\\/ca\\\/albarracin\\\/#breadcrumb\",\"itemListElement\":[{\"@type\":\"ListItem\",\"position\":1,\"name\":\"Portada\",\"item\":\"https:\\\/\\\/www.elturistatranquil.com\\\/ca\\\/\"},{\"@type\":\"ListItem\",\"position\":2,\"name\":\"Albarrac\u00edn (Terol)\"}]},{\"@type\":\"WebSite\",\"@id\":\"https:\\\/\\\/www.elturistatranquil.com\\\/ca\\\/#website\",\"url\":\"https:\\\/\\\/www.elturistatranquil.com\\\/ca\\\/\",\"name\":\"El turista tranquil\",\"description\":\"Blog de viatges\",\"potentialAction\":[{\"@type\":\"SearchAction\",\"target\":{\"@type\":\"EntryPoint\",\"urlTemplate\":\"https:\\\/\\\/www.elturistatranquil.com\\\/ca\\\/?s={search_term_string}\"},\"query-input\":{\"@type\":\"PropertyValueSpecification\",\"valueRequired\":true,\"valueName\":\"search_term_string\"}}],\"inLanguage\":\"ca\"},{\"@type\":\"Person\",\"@id\":\"https:\\\/\\\/www.elturistatranquil.com\\\/ca\\\/#\\\/schema\\\/person\\\/16f607c3079b96ed0c530a52e6b58bb5\",\"name\":\"admin\",\"image\":{\"@type\":\"ImageObject\",\"inLanguage\":\"ca\",\"@id\":\"https:\\\/\\\/secure.gravatar.com\\\/avatar\\\/1fbaf22aee75fcbb29a2f97b107f95d25d3a19b7c3416105be10269872673e8d?s=96&d=mm&r=g\",\"url\":\"https:\\\/\\\/secure.gravatar.com\\\/avatar\\\/1fbaf22aee75fcbb29a2f97b107f95d25d3a19b7c3416105be10269872673e8d?s=96&d=mm&r=g\",\"contentUrl\":\"https:\\\/\\\/secure.gravatar.com\\\/avatar\\\/1fbaf22aee75fcbb29a2f97b107f95d25d3a19b7c3416105be10269872673e8d?s=96&d=mm&r=g\",\"caption\":\"admin\"}}]}<\/script>\n<!-- \/ Yoast SEO plugin. -->","yoast_head_json":{"title":"Albarrac\u00edn (Terol) - El turista tranquil","description":"Albarrac\u00edn (Teruel). La combinaci\u00f3 de l\u2019enclavament geogr\u00e0fic i el conglomerat urb\u00e0 i les muralles, en fan un lloc \u00fanic. Com ja va dir Azor\u00edn: \"Visiti una de les ciutats m\u00e9s boniques d'Espanya, visiteu Albarrac\u00edn\".","robots":{"index":"index","follow":"follow","max-snippet":"max-snippet:-1","max-image-preview":"max-image-preview:large","max-video-preview":"max-video-preview:-1"},"canonical":"https:\/\/www.elturistatranquil.com\/ca\/albarracin\/","og_locale":"ca_ES","og_type":"article","og_title":"Albarrac\u00edn (Terol) - El turista tranquil","og_description":"Albarrac\u00edn (Teruel). La combinaci\u00f3 de l\u2019enclavament geogr\u00e0fic i el conglomerat urb\u00e0 i les muralles, en fan un lloc \u00fanic. Com ja va dir Azor\u00edn: \"Visiti una de les ciutats m\u00e9s boniques d'Espanya, visiteu Albarrac\u00edn\".","og_url":"https:\/\/www.elturistatranquil.com\/ca\/albarracin\/","og_site_name":"El turista tranquil","article_publisher":"https:\/\/www.facebook.com\/elturistatranquilo\/","article_published_time":"2018-08-25T15:36:12+00:00","article_modified_time":"2019-01-27T17:46:53+00:00","og_image":[{"width":800,"height":533,"url":"https:\/\/www.elturistatranquil.com\/wp-content\/uploads\/F00-Albarracin.jpg","type":"image\/jpeg"}],"author":"admin","twitter_card":"summary_large_image","twitter_misc":{"Escrit per":"admin","Temps estimat de lectura":"31 minuts"},"schema":{"@context":"https:\/\/schema.org","@graph":[{"@type":"Article","@id":"https:\/\/www.elturistatranquil.com\/ca\/albarracin\/#article","isPartOf":{"@id":"https:\/\/www.elturistatranquil.com\/ca\/albarracin\/"},"author":{"name":"admin","@id":"https:\/\/www.elturistatranquil.com\/ca\/#\/schema\/person\/16f607c3079b96ed0c530a52e6b58bb5"},"headline":"Albarrac\u00edn (Terol)","datePublished":"2018-08-25T15:36:12+00:00","dateModified":"2019-01-27T17:46:53+00:00","mainEntityOfPage":{"@id":"https:\/\/www.elturistatranquil.com\/ca\/albarracin\/"},"wordCount":6373,"commentCount":0,"image":{"@id":"https:\/\/www.elturistatranquil.com\/ca\/albarracin\/#primaryimage"},"thumbnailUrl":"https:\/\/www.elturistatranquil.com\/wp-content\/uploads\/F00-Albarracin.jpg","articleSection":["Arquitectura popular","Arquitectura religiosa","Barroc","Castells, Muralles","Ciutat","Conjunts hist\u00f2rics","Edat mitjana","G\u00f2tic","Hist\u00f2ria","Isl\u00e0mic","Monestirs, Catedrals","Mud\u00e8jar","Museus","Neocl\u00e0ssic, Romanticisme","Paisatge","Pobles i ciutats amb inter\u00e9s","Recintes emmurallats","Renaixement","Restaurant","Segle XVIII-XIX","Terol","Vila"],"inLanguage":"ca","potentialAction":[{"@type":"CommentAction","name":"Comment","target":["https:\/\/www.elturistatranquil.com\/ca\/albarracin\/#respond"]}]},{"@type":"WebPage","@id":"https:\/\/www.elturistatranquil.com\/ca\/albarracin\/","url":"https:\/\/www.elturistatranquil.com\/ca\/albarracin\/","name":"Albarrac\u00edn (Terol) - El turista tranquil","isPartOf":{"@id":"https:\/\/www.elturistatranquil.com\/ca\/#website"},"primaryImageOfPage":{"@id":"https:\/\/www.elturistatranquil.com\/ca\/albarracin\/#primaryimage"},"image":{"@id":"https:\/\/www.elturistatranquil.com\/ca\/albarracin\/#primaryimage"},"thumbnailUrl":"https:\/\/www.elturistatranquil.com\/wp-content\/uploads\/F00-Albarracin.jpg","datePublished":"2018-08-25T15:36:12+00:00","dateModified":"2019-01-27T17:46:53+00:00","author":{"@id":"https:\/\/www.elturistatranquil.com\/ca\/#\/schema\/person\/16f607c3079b96ed0c530a52e6b58bb5"},"description":"Albarrac\u00edn (Teruel). La combinaci\u00f3 de l\u2019enclavament geogr\u00e0fic i el conglomerat urb\u00e0 i les muralles, en fan un lloc \u00fanic. Com ja va dir Azor\u00edn: \"Visiti una de les ciutats m\u00e9s boniques d'Espanya, visiteu Albarrac\u00edn\".","breadcrumb":{"@id":"https:\/\/www.elturistatranquil.com\/ca\/albarracin\/#breadcrumb"},"inLanguage":"ca","potentialAction":[{"@type":"ReadAction","target":["https:\/\/www.elturistatranquil.com\/ca\/albarracin\/"]}]},{"@type":"ImageObject","inLanguage":"ca","@id":"https:\/\/www.elturistatranquil.com\/ca\/albarracin\/#primaryimage","url":"https:\/\/www.elturistatranquil.com\/wp-content\/uploads\/F00-Albarracin.jpg","contentUrl":"https:\/\/www.elturistatranquil.com\/wp-content\/uploads\/F00-Albarracin.jpg","width":800,"height":533,"caption":"Albarracin"},{"@type":"BreadcrumbList","@id":"https:\/\/www.elturistatranquil.com\/ca\/albarracin\/#breadcrumb","itemListElement":[{"@type":"ListItem","position":1,"name":"Portada","item":"https:\/\/www.elturistatranquil.com\/ca\/"},{"@type":"ListItem","position":2,"name":"Albarrac\u00edn (Terol)"}]},{"@type":"WebSite","@id":"https:\/\/www.elturistatranquil.com\/ca\/#website","url":"https:\/\/www.elturistatranquil.com\/ca\/","name":"El turista tranquil","description":"Blog de viatges","potentialAction":[{"@type":"SearchAction","target":{"@type":"EntryPoint","urlTemplate":"https:\/\/www.elturistatranquil.com\/ca\/?s={search_term_string}"},"query-input":{"@type":"PropertyValueSpecification","valueRequired":true,"valueName":"search_term_string"}}],"inLanguage":"ca"},{"@type":"Person","@id":"https:\/\/www.elturistatranquil.com\/ca\/#\/schema\/person\/16f607c3079b96ed0c530a52e6b58bb5","name":"admin","image":{"@type":"ImageObject","inLanguage":"ca","@id":"https:\/\/secure.gravatar.com\/avatar\/1fbaf22aee75fcbb29a2f97b107f95d25d3a19b7c3416105be10269872673e8d?s=96&d=mm&r=g","url":"https:\/\/secure.gravatar.com\/avatar\/1fbaf22aee75fcbb29a2f97b107f95d25d3a19b7c3416105be10269872673e8d?s=96&d=mm&r=g","contentUrl":"https:\/\/secure.gravatar.com\/avatar\/1fbaf22aee75fcbb29a2f97b107f95d25d3a19b7c3416105be10269872673e8d?s=96&d=mm&r=g","caption":"admin"}}]}},"_links":{"self":[{"href":"https:\/\/www.elturistatranquil.com\/ca\/wp-json\/wp\/v2\/posts\/5883","targetHints":{"allow":["GET"]}}],"collection":[{"href":"https:\/\/www.elturistatranquil.com\/ca\/wp-json\/wp\/v2\/posts"}],"about":[{"href":"https:\/\/www.elturistatranquil.com\/ca\/wp-json\/wp\/v2\/types\/post"}],"author":[{"embeddable":true,"href":"https:\/\/www.elturistatranquil.com\/ca\/wp-json\/wp\/v2\/users\/1"}],"replies":[{"embeddable":true,"href":"https:\/\/www.elturistatranquil.com\/ca\/wp-json\/wp\/v2\/comments?post=5883"}],"version-history":[{"count":0,"href":"https:\/\/www.elturistatranquil.com\/ca\/wp-json\/wp\/v2\/posts\/5883\/revisions"}],"wp:featuredmedia":[{"embeddable":true,"href":"https:\/\/www.elturistatranquil.com\/ca\/wp-json\/wp\/v2\/media\/5890"}],"wp:attachment":[{"href":"https:\/\/www.elturistatranquil.com\/ca\/wp-json\/wp\/v2\/media?parent=5883"}],"wp:term":[{"taxonomy":"category","embeddable":true,"href":"https:\/\/www.elturistatranquil.com\/ca\/wp-json\/wp\/v2\/categories?post=5883"},{"taxonomy":"post_tag","embeddable":true,"href":"https:\/\/www.elturistatranquil.com\/ca\/wp-json\/wp\/v2\/tags?post=5883"}],"curies":[{"name":"wp","href":"https:\/\/api.w.org\/{rel}","templated":true}]}}