{"id":58987,"date":"2025-05-31T12:57:17","date_gmt":"2025-05-31T10:57:17","guid":{"rendered":"https:\/\/www.elturistatranquil.com\/?p=58987"},"modified":"2025-06-08T13:05:54","modified_gmt":"2025-06-08T11:05:54","slug":"tembleque-toledo","status":"publish","type":"post","link":"https:\/\/www.elturistatranquil.com\/ca\/tembleque-toledo\/","title":{"rendered":"Tembleque (Toledo)"},"content":{"rendered":"\t\t<div data-elementor-type=\"wp-post\" data-elementor-id=\"58987\" class=\"elementor elementor-58987 elementor-58671\" data-elementor-post-type=\"post\">\n\t\t\t\t\t\t<section class=\"elementor-section elementor-top-section elementor-element elementor-element-7db12890 elementor-section-boxed elementor-section-height-default elementor-section-height-default\" data-id=\"7db12890\" data-element_type=\"section\" data-e-type=\"section\">\n\t\t\t\t\t\t<div class=\"elementor-container elementor-column-gap-default\">\n\t\t\t\t\t<div class=\"elementor-column elementor-col-100 elementor-top-column elementor-element elementor-element-372e88c3\" data-id=\"372e88c3\" data-element_type=\"column\" data-e-type=\"column\">\n\t\t\t<div class=\"elementor-widget-wrap elementor-element-populated\">\n\t\t\t\t\t\t<section class=\"elementor-section elementor-inner-section elementor-element elementor-element-12d11e54 elementor-section-content-middle elementor-section-boxed elementor-section-height-default elementor-section-height-default\" data-id=\"12d11e54\" data-element_type=\"section\" data-e-type=\"section\">\n\t\t\t\t\t\t<div class=\"elementor-container elementor-column-gap-default\">\n\t\t\t\t\t<div class=\"elementor-column elementor-col-100 elementor-inner-column elementor-element elementor-element-6f2ee9f0\" data-id=\"6f2ee9f0\" data-element_type=\"column\" data-e-type=\"column\">\n\t\t\t<div class=\"elementor-widget-wrap elementor-element-populated\">\n\t\t\t\t\t\t<div class=\"elementor-element elementor-element-60834c48 elementor-widget elementor-widget-text-editor\" data-id=\"60834c48\" data-element_type=\"widget\" data-e-type=\"widget\" data-widget_type=\"text-editor.default\">\n\t\t\t\t<div class=\"elementor-widget-container\">\n\t\t\t\t\t\t\t\t\t<p>A <strong>Tembleque<\/strong> (Toledo) ens trobem amb una de les places m\u00e9s interessants d&#8217;Espanya. Alhora, aquest \u201cpoble-ciutat\u201d conserva en gran mesura l&#8217;estructura i l&#8217;est\u00e8tica de l&#8217;arquitectura popular manxega.<\/p>\t\t\t\t\t\t\t\t<\/div>\n\t\t\t\t<\/div>\n\t\t\t\t\t<\/div>\n\t\t<\/div>\n\t\t\t\t\t<\/div>\n\t\t<\/section>\n\t\t\t\t<div class=\"elementor-element elementor-element-1cdcc7b8 elementor-widget elementor-widget-heading\" data-id=\"1cdcc7b8\" data-element_type=\"widget\" data-e-type=\"widget\" data-widget_type=\"heading.default\">\n\t\t\t\t<div class=\"elementor-widget-container\">\n\t\t\t\t\t<h1 class=\"elementor-heading-title elementor-size-default\">Tembleque (Toledo)<\/h1>\t\t\t\t<\/div>\n\t\t\t\t<\/div>\n\t\t\t\t\t<\/div>\n\t\t<\/div>\n\t\t\t\t\t<\/div>\n\t\t<\/section>\n\t\t\t\t<section class=\"elementor-section elementor-top-section elementor-element elementor-element-6e9ab4fa elementor-section-boxed elementor-section-height-default elementor-section-height-default\" data-id=\"6e9ab4fa\" data-element_type=\"section\" data-e-type=\"section\">\n\t\t\t\t\t\t<div class=\"elementor-container elementor-column-gap-default\">\n\t\t\t\t\t<div class=\"elementor-column elementor-col-100 elementor-top-column elementor-element elementor-element-44d71dc5\" data-id=\"44d71dc5\" data-element_type=\"column\" data-e-type=\"column\">\n\t\t\t<div class=\"elementor-widget-wrap elementor-element-populated\">\n\t\t\t\t\t\t<div class=\"elementor-element elementor-element-3dc0bce9 elementor-widget elementor-widget-image\" data-id=\"3dc0bce9\" data-element_type=\"widget\" data-e-type=\"widget\" data-widget_type=\"image.default\">\n\t\t\t\t<div class=\"elementor-widget-container\">\n\t\t\t\t\t\t\t\t\t\t\t\t<figure class=\"wp-caption\">\n\t\t\t\t\t\t\t\t\t\t<img fetchpriority=\"high\" decoding=\"async\" width=\"768\" height=\"512\" src=\"https:\/\/www.elturistatranquil.com\/wp-content\/uploads\/F01-Tembleque-Toledo-Google-maps-2025-05-20.jpg\" class=\"attachment-large size-large wp-image-58680\" alt=\"Tembleque, Toledo (Google maps 2025-05-20)\" srcset=\"https:\/\/www.elturistatranquil.com\/wp-content\/uploads\/F01-Tembleque-Toledo-Google-maps-2025-05-20.jpg 768w, https:\/\/www.elturistatranquil.com\/wp-content\/uploads\/F01-Tembleque-Toledo-Google-maps-2025-05-20-339x226.jpg 339w\" sizes=\"(max-width: 768px) 100vw, 768px\" \/>\t\t\t\t\t\t\t\t\t\t\t<figcaption class=\"widget-image-caption wp-caption-text\">Tembleque. Toledo (Google maps 2025-05-20)<\/figcaption>\n\t\t\t\t\t\t\t\t\t\t<\/figure>\n\t\t\t\t\t\t\t\t\t<\/div>\n\t\t\t\t<\/div>\n\t\t\t\t<section class=\"elementor-section elementor-inner-section elementor-element elementor-element-d4c7947 elementor-section-boxed elementor-section-height-default elementor-section-height-default\" data-id=\"d4c7947\" data-element_type=\"section\" data-e-type=\"section\" data-settings=\"{&quot;background_background&quot;:&quot;classic&quot;}\">\n\t\t\t\t\t\t\t<div class=\"elementor-background-overlay\"><\/div>\n\t\t\t\t\t\t\t<div class=\"elementor-container elementor-column-gap-default\">\n\t\t\t\t\t<div class=\"elementor-column elementor-col-100 elementor-inner-column elementor-element elementor-element-3b9158d8\" data-id=\"3b9158d8\" data-element_type=\"column\" data-e-type=\"column\" data-settings=\"{&quot;background_background&quot;:&quot;classic&quot;}\">\n\t\t\t<div class=\"elementor-widget-wrap elementor-element-populated\">\n\t\t\t\t\t\t<div class=\"elementor-element elementor-element-5da7c39c elementor-widget elementor-widget-text-editor\" data-id=\"5da7c39c\" data-element_type=\"widget\" data-e-type=\"widget\" data-widget_type=\"text-editor.default\">\n\t\t\t\t<div class=\"elementor-widget-container\">\n\t\t\t\t\t\t\t\t\t<p>Comarca: Mancha Alta de Toledo.\u00a0 Prov\u00edncia: Toledo. Com. Aut\u00f2noma: Castilla-La Mancha<br \/>Coordenades: 39\u00b041\u203241\u2033N 3\u00b030\u203215\u2033O Altitud: 637 msnm. Poblaci\u00f3: 2.009 habitants (2024)<br \/>Web: <a href=\"http:\/\/www.ayuntamientodetembleque.es\/\" target=\"_blank\" rel=\"noopener\">ayuntamiento<\/a><br \/>Visita: 2022<\/p>\t\t\t\t\t\t\t\t<\/div>\n\t\t\t\t<\/div>\n\t\t\t\t\t<\/div>\n\t\t<\/div>\n\t\t\t\t\t<\/div>\n\t\t<\/section>\n\t\t\t\t<div class=\"elementor-element elementor-element-76bec36a elementor-widget elementor-widget-image\" data-id=\"76bec36a\" data-element_type=\"widget\" data-e-type=\"widget\" data-widget_type=\"image.default\">\n\t\t\t\t<div class=\"elementor-widget-container\">\n\t\t\t\t\t\t\t\t\t\t\t\t<figure class=\"wp-caption\">\n\t\t\t\t\t\t\t\t\t\t<img decoding=\"async\" width=\"768\" height=\"512\" src=\"https:\/\/www.elturistatranquil.com\/wp-content\/uploads\/F02c-Tembleque.-Toledo-Google-maps-2025-05-20.jpg\" class=\"attachment-medium_large size-medium_large wp-image-58989\" alt=\"Tembleque. Toledo (Google maps 2025-05-20)\" srcset=\"https:\/\/www.elturistatranquil.com\/wp-content\/uploads\/F02c-Tembleque.-Toledo-Google-maps-2025-05-20.jpg 768w, https:\/\/www.elturistatranquil.com\/wp-content\/uploads\/F02c-Tembleque.-Toledo-Google-maps-2025-05-20-339x226.jpg 339w\" sizes=\"(max-width: 768px) 100vw, 768px\" \/>\t\t\t\t\t\t\t\t\t\t\t<figcaption class=\"widget-image-caption wp-caption-text\">Mapa de situaci\u00f3n de Tembleque, Toledo (Google maps 2025-05-20)<\/figcaption>\n\t\t\t\t\t\t\t\t\t\t<\/figure>\n\t\t\t\t\t\t\t\t\t<\/div>\n\t\t\t\t<\/div>\n\t\t\t\t<div class=\"elementor-element elementor-element-23db57d elementor-widget elementor-widget-spacer\" data-id=\"23db57d\" data-element_type=\"widget\" data-e-type=\"widget\" data-widget_type=\"spacer.default\">\n\t\t\t\t<div class=\"elementor-widget-container\">\n\t\t\t\t\t\t\t<div class=\"elementor-spacer\">\n\t\t\t<div class=\"elementor-spacer-inner\"><\/div>\n\t\t<\/div>\n\t\t\t\t\t\t<\/div>\n\t\t\t\t<\/div>\n\t\t\t\t<div class=\"elementor-element elementor-element-461af7a7 elementor-toc--minimized-on-tablet elementor-widget elementor-widget-table-of-contents\" data-id=\"461af7a7\" data-element_type=\"widget\" data-e-type=\"widget\" data-settings=\"{&quot;headings_by_tags&quot;:[&quot;h2&quot;,&quot;h3&quot;,&quot;h4&quot;],&quot;marker_view&quot;:&quot;bullets&quot;,&quot;icon&quot;:{&quot;value&quot;:&quot;&quot;,&quot;library&quot;:&quot;&quot;},&quot;no_headings_message&quot;:&quot;No se ha encontrado ning\\u00fan encabezado en esta p\\u00e1gina.&quot;,&quot;minimize_box&quot;:&quot;yes&quot;,&quot;minimized_on&quot;:&quot;tablet&quot;,&quot;hierarchical_view&quot;:&quot;yes&quot;,&quot;min_height&quot;:{&quot;unit&quot;:&quot;px&quot;,&quot;size&quot;:&quot;&quot;,&quot;sizes&quot;:[]},&quot;min_height_tablet&quot;:{&quot;unit&quot;:&quot;px&quot;,&quot;size&quot;:&quot;&quot;,&quot;sizes&quot;:[]},&quot;min_height_mobile&quot;:{&quot;unit&quot;:&quot;px&quot;,&quot;size&quot;:&quot;&quot;,&quot;sizes&quot;:[]}}\" data-widget_type=\"table-of-contents.default\">\n\t\t\t\t<div class=\"elementor-widget-container\">\n\t\t\t\t\t\t\t\t\t<div class=\"elementor-toc__header\">\n\t\t\t\t\t\t<h4 class=\"elementor-toc__header-title\">\n\t\t\t\t\u00cdndex\t\t\t<\/h4>\n\t\t\t\t\t\t\t\t\t\t<div class=\"elementor-toc__toggle-button elementor-toc__toggle-button--expand\" role=\"button\" tabindex=\"0\" aria-controls=\"elementor-toc__461af7a7\" aria-expanded=\"true\" aria-label=\"Open table of contents\"><i aria-hidden=\"true\" class=\"fas fa-chevron-down\"><\/i><\/div>\n\t\t\t\t<div class=\"elementor-toc__toggle-button elementor-toc__toggle-button--collapse\" role=\"button\" tabindex=\"0\" aria-controls=\"elementor-toc__461af7a7\" aria-expanded=\"true\" aria-label=\"Close table of contents\"><i aria-hidden=\"true\" class=\"fas fa-chevron-up\"><\/i><\/div>\n\t\t\t\t\t<\/div>\n\t\t\t\t<div id=\"elementor-toc__461af7a7\" class=\"elementor-toc__body\">\n\t\t\t<div class=\"elementor-toc__spinner-container\">\n\t\t\t\t<i class=\"elementor-toc__spinner eicon-animation-spin eicon-loading\" aria-hidden=\"true\"><\/i>\t\t\t<\/div>\n\t\t<\/div>\n\t\t\t\t\t\t<\/div>\n\t\t\t\t<\/div>\n\t\t\t\t<div class=\"elementor-element elementor-element-499df215 elementor-widget elementor-widget-menu-anchor\" data-id=\"499df215\" data-element_type=\"widget\" data-e-type=\"widget\" data-widget_type=\"menu-anchor.default\">\n\t\t\t\t<div class=\"elementor-widget-container\">\n\t\t\t\t\t\t\t<div class=\"elementor-menu-anchor\" id=\"a0101-EnlaceaunpuntodentrodelPost\"><\/div>\n\t\t\t\t\t\t<\/div>\n\t\t\t\t<\/div>\n\t\t\t\t<div class=\"elementor-element elementor-element-5b457e31 elementor-widget elementor-widget-spacer\" data-id=\"5b457e31\" data-element_type=\"widget\" data-e-type=\"widget\" data-widget_type=\"spacer.default\">\n\t\t\t\t<div class=\"elementor-widget-container\">\n\t\t\t\t\t\t\t<div class=\"elementor-spacer\">\n\t\t\t<div class=\"elementor-spacer-inner\"><\/div>\n\t\t<\/div>\n\t\t\t\t\t\t<\/div>\n\t\t\t\t<\/div>\n\t\t\t\t<div class=\"elementor-element elementor-element-73f48881 elementor-widget elementor-widget-heading\" data-id=\"73f48881\" data-element_type=\"widget\" data-e-type=\"widget\" data-widget_type=\"heading.default\">\n\t\t\t\t<div class=\"elementor-widget-container\">\n\t\t\t\t\t<h2 class=\"elementor-heading-title elementor-size-default\">Tembleque. Mancha Alta de Toledo. Toledo <\/h2>\t\t\t\t<\/div>\n\t\t\t\t<\/div>\n\t\t\t\t<div class=\"elementor-element elementor-element-430cf34f elementor-widget elementor-widget-text-editor\" data-id=\"430cf34f\" data-element_type=\"widget\" data-e-type=\"widget\" data-widget_type=\"text-editor.default\">\n\t\t\t\t<div class=\"elementor-widget-container\">\n\t\t\t\t\t\t\t\t\t<p>Ens trobem a terres castellanes on \u00e9s habitual observar a l&#8217;urbanisme de moltes de les seves localitats places majors porticades. Unes constru\u00efdes sota premisses arquitect\u00f2niques estrictes amb uniformitat d&#8217;execuci\u00f3. Altres constru\u00efdes per acumulaci\u00f3 de les iniciatives dels propietaris que, partint dels criteris arquitect\u00f2nics de l&#8217;\u00e8poca i el lloc, conjuguen una uniformitat d&#8217;estil a partir de la suma de les actuacions individuals.<\/p><p>A mig cam\u00ed d\u00b4aquests dos models podem situar la <strong>Pla\u00e7a Major de Tembleque<\/strong> a la comarca de la Manxa Alta de Toledo, la joia de la corona d\u00b4aquesta localitat.<\/p><p>En efecte, com veurem en mostrar-la detalladament, darrere d&#8217;un format arquitect\u00f2nic uniforme en tres dels costats, s&#8217;amaga la realitat particular dels seus edificis constru\u00efts amb criteris individuals, per\u00f2 adaptats al mateix estil i format. El resultat \u00e9s una pla\u00e7a major bella i equilibrada.<\/p><p>La resta de l&#8217;urbanisme de la zona central de Tembleque segueix una forma organicista dels seus carrers, que en aquest cas no cal adaptar-se a l&#8217;orografia, atesa la planor del terreny, on escasseja la l\u00ednia recta. Mentre que els volums arquitect\u00f2nics s\u00f3n equilibrats, predominantment de dues plantes.<\/p><p>Una caracter\u00edstica que ajuda a donar cohesi\u00f3 al conjunt urb\u00e0 \u00e9s l&#8217;aplicaci\u00f3 sistem\u00e0tica de l&#8217;emblanquinat de les parets. La distribuci\u00f3 heterog\u00e8nia de obertures de portes, finestres i balcons, sobre les cortines blanques dels murs d\u2019illa, d&#8217;altures ondulants, trenquen la monotonia en moure&#8217;s pels seus carrers.<\/p>\t\t\t\t\t\t\t\t<\/div>\n\t\t\t\t<\/div>\n\t\t\t\t<div class=\"elementor-element elementor-element-52031ffb elementor-widget elementor-widget-heading\" data-id=\"52031ffb\" data-element_type=\"widget\" data-e-type=\"widget\" data-widget_type=\"heading.default\">\n\t\t\t\t<div class=\"elementor-widget-container\">\n\t\t\t\t\t<h2 class=\"elementor-heading-title elementor-size-default\">El territori<\/h2>\t\t\t\t<\/div>\n\t\t\t\t<\/div>\n\t\t\t\t<div class=\"elementor-element elementor-element-3e81b6a elementor-widget elementor-widget-text-editor\" data-id=\"3e81b6a\" data-element_type=\"widget\" data-e-type=\"widget\" data-widget_type=\"text-editor.default\">\n\t\t\t\t<div class=\"elementor-widget-container\">\n\t\t\t\t\t\t\t\t\t<p><strong>Tembleque<\/strong> \u00e9s una localitat situada al cor de Castella-La Manxa que destaca per la seva posici\u00f3 estrat\u00e8gica a la plana manxega.<\/p><p>A la pr\u00e0ctica i en l&#8217;\u00fas com\u00fa se l&#8217;anomena tant &#8220;poble&#8221; com a &#8220;vila&#8221;.<\/p><p>Presenta una ubicaci\u00f3 privilegiada com a punt de pas entre Madrid i Andalusia. Mentre que els seus l\u00edmits municipals situen Tembleque en el context de la comarca de la Manxa toledana, una regi\u00f3 caracteritzada per la seva homogene\u00eftat paisatg\u00edstica i cultural. El terme municipal s&#8217;est\u00e9n per una zona predominantment plana, pr\u00f2pia de la comarca natural de la Manxa. Les extenses planes i les terres de cultiu configuren un paisatge t\u00edpicament manxec situat a una altitud mitjana de 640 msnm.<\/p><p>Est\u00e0 enclavat en una regi\u00f3 de transici\u00f3 entre l&#8217;altipl\u00e0 sud i els primers relleus de les Muntanyes de Toledo, on predominen els s\u00f2ls argilosos i calcaris poc accidentats, on es practica una agricultura de sec\u00e0 i la ramaderia ovina com a principals activitats.<\/p><p>Si relacionem la posici\u00f3 de Tembleque al mapa de situaci\u00f3 del principi del text amb el conjunt de mapes que s&#8217;ofereixen al <em>Post <\/em><strong><a href=\"https:\/\/www.elturistatranquil.com\/ca\/estructures-territorials-a-lespanya-peninsular\/\" target=\"_blank\" rel=\"noopener\">Estructures territorials a l\u2019Espanya peninsular<\/a><\/strong>, podrem fer-nos una idea dels condicionants geogr\u00e0fics i hist\u00f2rics m\u00e9s rellevants en qu\u00e8 es troba emmarcada la localitat.<\/p>\t\t\t\t\t\t\t\t<\/div>\n\t\t\t\t<\/div>\n\t\t\t\t<div class=\"elementor-element elementor-element-3cc3f89 elementor-widget elementor-widget-heading\" data-id=\"3cc3f89\" data-element_type=\"widget\" data-e-type=\"widget\" data-widget_type=\"heading.default\">\n\t\t\t\t<div class=\"elementor-widget-container\">\n\t\t\t\t\t<h2 class=\"elementor-heading-title elementor-size-default\">Una mica d'hist\u00f2ria<\/h2>\t\t\t\t<\/div>\n\t\t\t\t<\/div>\n\t\t\t\t<div class=\"elementor-element elementor-element-ad8a6ef elementor-widget elementor-widget-text-editor\" data-id=\"ad8a6ef\" data-element_type=\"widget\" data-e-type=\"widget\" data-widget_type=\"text-editor.default\">\n\t\t\t\t<div class=\"elementor-widget-container\">\n\t\t\t\t\t\t\t\t\t<p>De fet, a la hist\u00f2ria de Tembleque no apareixen fets particularment destacats, m\u00e9s enll\u00e0 dels avatars generals que es van anar succeint en la hist\u00f2ria general d&#8217;aquestes terres.<\/p><p>Els or\u00edgens de Tembleque es remunten a \u00e8poques antigues, encara que la seva consolidaci\u00f3 com a nucli poblacional va comen\u00e7ar a prendre forma a l&#8217;Edat Mitjana. A la zona hi ha vestigis d&#8217;assentaments humans des de la prehist\u00f2ria i, durant l&#8217;\u00e8poca romana, la regi\u00f3 va estar sota influ\u00e8ncia de diverses vies de comunicaci\u00f3 que travessaven l&#8217;altipl\u00e0 sud, cosa que va contribuir a la seva ocupaci\u00f3 i posterior desenvolupament.<\/p><p>Durant la Reconquesta, Tembleque va ser incorporat als dominis cristians al segle XII, despr\u00e9s de passar del control musulm\u00e0 al del Regne de Castella. Al segle XIII, es va integrar a la comanda de l\u2019<a href=\"https:\/\/www.elturistatranquil.com\/ca\/esglesies-monestirs-i-ordres-religioses-a-ledat-mitjana\/#b1509\" target=\"_blank\" rel=\"noopener\">Orde de Sant Joan<\/a>, instituci\u00f3 militar-religiosa que va deixar durant segles una forta empremta en el seu desenvolupament administratiu i social.<\/p><p>L&#8217;any 1509, la reina Joana I de Castella li concedeix el t\u00edtol de vila. \u00c9s l&#8217;any en qu\u00e8 el cardenal Cisneros agraeix la destacada col\u00b7laboraci\u00f3 de Tembleque a la campanya d&#8217;Or\u00e0 del 1509.<\/p><p>El poble va experimentar un notable creixement durant l&#8217;Edat Moderna, especialment entre els segles XVI i XVII, quan va assolir certa rellev\u00e0ncia com a centre agr\u00edcola i ramader, beneficiat per la seva posici\u00f3 estrat\u00e8gica entre Madrid i Andalusia. En aquest per\u00edode es van consolidar tamb\u00e9 moltes de les estructures comunals i socials que marcarien la seva hist\u00f2ria als segles posteriors.<\/p><p>\u00c9s al segle XVII quan es construeix la Pla\u00e7a Major.<\/p><p>A l&#8217;ombra de cert auge nobiliari del segle XVIII es van edificar cases pairals i palauets, com la Casa de les Torres, constru\u00efda el 1753 per Antonio Fern\u00e1ndez-Alejo, un ve\u00ed que va fer fortuna a Am\u00e8rica. \u00c9s un notable exemple d&#8217;arquitectura barroca civil.<\/p>\t\t\t\t\t\t\t\t<\/div>\n\t\t\t\t<\/div>\n\t\t\t\t<div class=\"elementor-element elementor-element-e016739 elementor-widget elementor-widget-image\" data-id=\"e016739\" data-element_type=\"widget\" data-e-type=\"widget\" data-widget_type=\"image.default\">\n\t\t\t\t<div class=\"elementor-widget-container\">\n\t\t\t\t\t\t\t\t\t\t\t\t<figure class=\"wp-caption\">\n\t\t\t\t\t\t\t\t\t\t<img decoding=\"async\" width=\"567\" height=\"503\" src=\"https:\/\/www.elturistatranquil.com\/wp-content\/uploads\/F03-Tembleque.-Plano-general-siglo-XIX-Fuente.-Todotembleque-1.jpg\" class=\"attachment-large size-large wp-image-58686\" alt=\"Tembleque. Plano general siglo XIX (Fuente. Todotembleque)\" srcset=\"https:\/\/www.elturistatranquil.com\/wp-content\/uploads\/F03-Tembleque.-Plano-general-siglo-XIX-Fuente.-Todotembleque-1.jpg 567w, https:\/\/www.elturistatranquil.com\/wp-content\/uploads\/F03-Tembleque.-Plano-general-siglo-XIX-Fuente.-Todotembleque-1-255x226.jpg 255w\" sizes=\"(max-width: 567px) 100vw, 567px\" \/>\t\t\t\t\t\t\t\t\t\t\t<figcaption class=\"widget-image-caption wp-caption-text\">Tembleque. Pl\u00e0nol general segle XIX (Font. Todotembleque)<\/figcaption>\n\t\t\t\t\t\t\t\t\t\t<\/figure>\n\t\t\t\t\t\t\t\t\t<\/div>\n\t\t\t\t<\/div>\n\t\t\t\t<div class=\"elementor-element elementor-element-b632755 elementor-widget elementor-widget-text-editor\" data-id=\"b632755\" data-element_type=\"widget\" data-e-type=\"widget\" data-widget_type=\"text-editor.default\">\n\t\t\t\t<div class=\"elementor-widget-container\">\n\t\t\t\t\t\t\t\t\t<p>Al llarg del segle XIX, Tembleque va participar als avatars comuns a molts municipis rurals de Castella-La Manxa: la desamortitzaci\u00f3, els canvis en l&#8217;estructura agr\u00e0ria i la inestabilitat pol\u00edtica.<\/p><p>Madoz presenta aix\u00ed Tembleque:<\/p><p><em>\u201cTiene 700 CASAS, la consistorial, c\u00e1rcel, un palacio propio de los Sres. Fernandez Alejo, que es el edificio mas notable de la v.; escuela de ni\u00f1os sostenida por retribuci\u00f3n, \u00e1 la que asisten 140 ; otra de ni\u00f1as en la que se educan i; un conv . suprimido de San Francisco, sin uso alguno; iglesia parr. (la Asunci\u00f3n) con curato de segundo ascenso, de patronato del gran prior de San Juan, como perteneciente al terr . de la orden; el edificio es magn\u00edfico todo de piedra siller\u00eda, con una hermosa torre de la misma clase; (\u2026). El TERRENO es llano con algunos cerros, de mediana calidad los CAMINOS generales, cruzando de N. \u00e1 S. por medio del pueblo la carretera de Andaluc\u00eda el CORREO se recibe en la estafeta del pueblo por el conductor del general diariamente; pasan igualmente los coches de las empresas de diligencias. \u00a0PROD. trigo, cebada, centeno, avena, salicor y vino; se mantiene ganado lanar, vacuno y mular, y se cria caza menuda y animales da\u00f1inos. IN&gt;. y COMERCIO 6 molinos harineros de viento, 3 f\u00e1b. de chocolate y una nacional de salitres, en la quo se ocupa un considerable n\u00famero de operarios; se trafica en granos y se celebra una feria el 24 de agosto, POBL. 728 vec , 2,935 almas. (\u2026). En 1509 era estav. ald. de Consuegra y obtuvo privilegio de esencion y villazgo de la reina Do\u00f1a Juana; conserv\u00e1ndose en la encomienda de San Juan, \u00e1 que antes con su matriz pertenecia.\u201d<\/em><\/p><p>Al segle XX, va patir un lent proc\u00e9s de despoblaci\u00f3 i migraci\u00f3 cap a centres urbans m\u00e9s desenvolupats, encara que va mantenir la seva identitat local i el seu vincle amb la terra.<\/p><p>Actualment, Tembleque \u00e9s un municipi que conserva el seu arrelament hist\u00f2ric i cultural, alhora que s&#8217;adapta als desafiaments del segle XXI i on, despr\u00e9s del declivi poblacional durant la segona meitat del segle XX, actualment la seva poblaci\u00f3 roman estable al voltant dels 2.000 habitants (2.030 habitants el 2024).<\/p>\t\t\t\t\t\t\t\t<\/div>\n\t\t\t\t<\/div>\n\t\t\t\t<div class=\"elementor-element elementor-element-39af5a4 elementor-widget elementor-widget-heading\" data-id=\"39af5a4\" data-element_type=\"widget\" data-e-type=\"widget\" data-widget_type=\"heading.default\">\n\t\t\t\t<div class=\"elementor-widget-container\">\n\t\t\t\t\t<h2 class=\"elementor-heading-title elementor-size-default\">Urbanisme de Tembleque<\/h2>\t\t\t\t<\/div>\n\t\t\t\t<\/div>\n\t\t\t\t<div class=\"elementor-element elementor-element-248f8ec elementor-widget elementor-widget-text-editor\" data-id=\"248f8ec\" data-element_type=\"widget\" data-e-type=\"widget\" data-widget_type=\"text-editor.default\">\n\t\t\t\t<div class=\"elementor-widget-container\">\n\t\t\t\t\t\t\t\t\t<p>Amb els seus m\u00e9s de dos mil habitants (acabem de llegir que Madoz al segle XIX deia que en tenia 2.935) constitueix un \u201cpoble-ciutat\u201d segons els considerava el ge\u00f2graf <em>Lautensach<\/em>, on es combina un car\u00e0cter urb\u00e0, tot i que la seva base econ\u00f2mica \u00e9s l&#8217;agr\u00e0ria.<\/p><p>El tra\u00e7at urb\u00e0 de Tembleque respon al model t\u00edpic dels pobles manxecs d&#8217;origen medieval, amb una estructura radial i org\u00e0nica que s&#8217;expandeix des d&#8217;un nucli central. Els carrers estan flanquejats per habitatges d&#8217;una o dues plantes, amb fa\u00e7anes emblanquinades, s\u00f2cols de pedra i portes de fusta.<\/p><p>El centre hist\u00f2ric conserva la disposici\u00f3 tradicional, amb la Pla\u00e7a Major i l&#8217;Esgl\u00e9sia com a centres articuladors de la vida social, pol\u00edtica i econ\u00f2mica, encara que no coincideixin al mateix empla\u00e7ament. A partir d&#8217;ells es desenvolupen diferents carrers i illes de cases, algunes seguint traces m\u00e9s ordenades pr\u00f2pies dels segles XVII i XVIII, quan Tembleque va viure una etapa de consolidaci\u00f3 urbana.<\/p>\t\t\t\t\t\t\t\t<\/div>\n\t\t\t\t<\/div>\n\t\t\t\t<div class=\"elementor-element elementor-element-a5c830e elementor-widget elementor-widget-image\" data-id=\"a5c830e\" data-element_type=\"widget\" data-e-type=\"widget\" data-widget_type=\"image.default\">\n\t\t\t\t<div class=\"elementor-widget-container\">\n\t\t\t\t\t\t\t\t\t\t\t\t<figure class=\"wp-caption\">\n\t\t\t\t\t\t\t\t\t\t<img loading=\"lazy\" decoding=\"async\" width=\"768\" height=\"512\" src=\"https:\/\/www.elturistatranquil.com\/wp-content\/uploads\/F04-Urbanismo-de-Tembleque-1-Google-maps-2025-05-20.jpg\" class=\"attachment-large size-large wp-image-58688\" alt=\"Urbanismo de Tembleque 1 (Google maps 2025-05-20)\" srcset=\"https:\/\/www.elturistatranquil.com\/wp-content\/uploads\/F04-Urbanismo-de-Tembleque-1-Google-maps-2025-05-20.jpg 768w, https:\/\/www.elturistatranquil.com\/wp-content\/uploads\/F04-Urbanismo-de-Tembleque-1-Google-maps-2025-05-20-339x226.jpg 339w\" sizes=\"(max-width: 768px) 100vw, 768px\" \/>\t\t\t\t\t\t\t\t\t\t\t<figcaption class=\"widget-image-caption wp-caption-text\">(Google maps 2025-05-20)<\/figcaption>\n\t\t\t\t\t\t\t\t\t\t<\/figure>\n\t\t\t\t\t\t\t\t\t<\/div>\n\t\t\t\t<\/div>\n\t\t\t\t<div class=\"elementor-element elementor-element-1bb31a5 elementor-widget elementor-widget-image\" data-id=\"1bb31a5\" data-element_type=\"widget\" data-e-type=\"widget\" data-widget_type=\"image.default\">\n\t\t\t\t<div class=\"elementor-widget-container\">\n\t\t\t\t\t\t\t\t\t\t\t\t<figure class=\"wp-caption\">\n\t\t\t\t\t\t\t\t\t\t<img loading=\"lazy\" decoding=\"async\" width=\"768\" height=\"512\" src=\"https:\/\/www.elturistatranquil.com\/wp-content\/uploads\/F05-Tembleque-Toledo-Google-maps-2025-05-20.jpg\" class=\"attachment-large size-large wp-image-58690\" alt=\"Tembleque, Toledo (Google maps 2025-05-20)\" srcset=\"https:\/\/www.elturistatranquil.com\/wp-content\/uploads\/F05-Tembleque-Toledo-Google-maps-2025-05-20.jpg 768w, https:\/\/www.elturistatranquil.com\/wp-content\/uploads\/F05-Tembleque-Toledo-Google-maps-2025-05-20-339x226.jpg 339w\" sizes=\"(max-width: 768px) 100vw, 768px\" \/>\t\t\t\t\t\t\t\t\t\t\t<figcaption class=\"widget-image-caption wp-caption-text\">(Google maps 2025-05-20)<\/figcaption>\n\t\t\t\t\t\t\t\t\t\t<\/figure>\n\t\t\t\t\t\t\t\t\t<\/div>\n\t\t\t\t<\/div>\n\t\t\t\t<div class=\"elementor-element elementor-element-693a1ad elementor-widget elementor-widget-text-editor\" data-id=\"693a1ad\" data-element_type=\"widget\" data-e-type=\"widget\" data-widget_type=\"text-editor.default\">\n\t\t\t\t<div class=\"elementor-widget-container\">\n\t\t\t\t\t\t\t\t\t<p>El caseriu mant\u00e9 elements propis de l&#8217;arquitectura popular manxega, com els patis interiors, els balcons de forja, les galeries de fusta i les t\u00e0pies emblanquinades. L&#8217;urbanisme reflecteix una evoluci\u00f3 pausada, amb una industrialitzaci\u00f3 escassa i amb un entorn rural ben preservat, on el patrimoni edificat i el paisatge agr\u00edcola coexisteixen en equilibri.<\/p><p>Un altre m\u00e8rit que cal recon\u00e8ixer \u00e9s el que no s&#8217;hagi perm\u00e8s construir a la zona hist\u00f2rica cap edifici superior a les tres plantes ni blocs de pisos, mantenint-se aix\u00ed el model tradicional en tots els recorreguts que varem efectuar.<\/p><p>S&#8217;est\u00e0 tan habituat que els consistoris hagin perm\u00e8s construir en altura, aix\u00ed com trencant amb un m\u00ednim de coher\u00e8ncia amb els models tradicionals dominants a les localitats, que hom percep a Tembleque una sensaci\u00f3 de plaer passejant que, nom\u00e9s a posteriori, s&#8217;\u00e9s capa\u00e7 d&#8217;apreciar en el seu gran valor aquesta actuaci\u00f3 municipal, que veiem, alhora, assumida pels propietaris a l&#8217;hora de fer reformes.<\/p>\t\t\t\t\t\t\t\t<\/div>\n\t\t\t\t<\/div>\n\t\t\t\t<div class=\"elementor-element elementor-element-cfcd57e elementor-widget elementor-widget-heading\" data-id=\"cfcd57e\" data-element_type=\"widget\" data-e-type=\"widget\" data-widget_type=\"heading.default\">\n\t\t\t\t<div class=\"elementor-widget-container\">\n\t\t\t\t\t<h2 class=\"elementor-heading-title elementor-size-default\">La visita a Tembleque<\/h2>\t\t\t\t<\/div>\n\t\t\t\t<\/div>\n\t\t\t\t<div class=\"elementor-element elementor-element-1a1644c elementor-widget elementor-widget-image\" data-id=\"1a1644c\" data-element_type=\"widget\" data-e-type=\"widget\" data-widget_type=\"image.default\">\n\t\t\t\t<div class=\"elementor-widget-container\">\n\t\t\t\t\t\t\t\t\t\t\t\t<figure class=\"wp-caption\">\n\t\t\t\t\t\t\t\t\t\t<img loading=\"lazy\" decoding=\"async\" width=\"768\" height=\"512\" src=\"https:\/\/www.elturistatranquil.com\/wp-content\/uploads\/F06-Tembleque-Toledo-Google-maps-2025-05-20.jpg\" class=\"attachment-large size-large wp-image-58692\" alt=\"Tembleque, Toledo (Google maps 2025-05-20)\" srcset=\"https:\/\/www.elturistatranquil.com\/wp-content\/uploads\/F06-Tembleque-Toledo-Google-maps-2025-05-20.jpg 768w, https:\/\/www.elturistatranquil.com\/wp-content\/uploads\/F06-Tembleque-Toledo-Google-maps-2025-05-20-339x226.jpg 339w\" sizes=\"(max-width: 768px) 100vw, 768px\" \/>\t\t\t\t\t\t\t\t\t\t\t<figcaption class=\"widget-image-caption wp-caption-text\">(Google maps 2025-05-20)<\/figcaption>\n\t\t\t\t\t\t\t\t\t\t<\/figure>\n\t\t\t\t\t\t\t\t\t<\/div>\n\t\t\t\t<\/div>\n\t\t\t\t<div class=\"elementor-element elementor-element-6fb9459 elementor-widget elementor-widget-text-editor\" data-id=\"6fb9459\" data-element_type=\"widget\" data-e-type=\"widget\" data-widget_type=\"text-editor.default\">\n\t\t\t\t<div class=\"elementor-widget-container\">\n\t\t\t\t\t\t\t\t\t<p>En un dia fred i boir\u00f3s ens endinsem pels carrers de <strong>Tembleque<\/strong>. A m\u00e9s, era dilluns, el que m&#8217;agrada qualificar com a \u201c<em>dia del no turisme<\/em>\u201d. Aix\u00f2 va tenir els seus avantatges, com poder passejar amb escassa pres\u00e8ncia de transe\u00fcnts i visitants, com s&#8217;anir\u00e0 veient a les fotografies.<\/p><p>Vol\u00edem comen\u00e7ar la visita per la Pla\u00e7a Major. Escollim l&#8217;entrada per la portada de la pla\u00e7a de la Orden.<\/p>\t\t\t\t\t\t\t\t<\/div>\n\t\t\t\t<\/div>\n\t\t\t\t<div class=\"elementor-element elementor-element-d4b567c elementor-widget elementor-widget-heading\" data-id=\"d4b567c\" data-element_type=\"widget\" data-e-type=\"widget\" data-widget_type=\"heading.default\">\n\t\t\t\t<div class=\"elementor-widget-container\">\n\t\t\t\t\t<h3 class=\"elementor-heading-title elementor-size-default\">Pla\u00e7a de la Orden<\/h3>\t\t\t\t<\/div>\n\t\t\t\t<\/div>\n\t\t\t\t<div class=\"elementor-element elementor-element-0f73b6f elementor-widget elementor-widget-text-editor\" data-id=\"0f73b6f\" data-element_type=\"widget\" data-e-type=\"widget\" data-widget_type=\"text-editor.default\">\n\t\t\t\t<div class=\"elementor-widget-container\">\n\t\t\t\t\t\t\t\t\t<p>La <strong>pla\u00e7a <\/strong><strong>de la Orden<\/strong> (<strong>4<\/strong>) \u00e9s un vestigi tangible del passat de Tembleque com a part del territori controlat per l&#8217;<strong>Orde de Sant Joan de Jerusalem<\/strong>.<\/p><p>La denominaci\u00f3 de \u201cPla\u00e7a de la Orden\u201d no \u00e9s casual. Durant segles des del segle XIII, Tembleque va formar part del Priorat de Sant Joan, i en aquesta pla\u00e7a i els seus voltants hi havia edificacions administratives o residencials de l&#8217;Orde. Per aix\u00f2, aquest espai complia una funci\u00f3 vinculada a la gesti\u00f3 del territori i als poders eclesi\u00e0stics i nobiliaris.<\/p><p>A m\u00e9s, \u00e9s el punt d&#8217;enlla\u00e7 entre l&#8217;Esgl\u00e9sia Parroquial de Nuestra Se\u00f1ora de la Asunci\u00f3n i la pla\u00e7a Major.<\/p><p>Es considera que l&#8217;origen de l&#8217;assentament actual es va poder situar en aquest entorn, concretament al costat del <strong>pou Palacios<\/strong>, un element hidr\u00e0ulic de gran antiguitat que encara es conserva al seu lloc original.<\/p><p>La pla\u00e7a de la Orden presenta una tra\u00e7a trapezoidal, tancada per una tanca de ferro amb accessos centrats a cadascun dels costats. El seu per\u00edmetre interior est\u00e0 enjardinat i ombrejat per arbres.<\/p><p>Al centre una font amb pedres de mol\u00ed procedent de l&#8217;antic mol\u00ed d&#8217;oli de la tafona del nostre Pare Jes\u00fas Nazareno, que aporta un valor etnogr\u00e0fic, evocant els usos tradicionals de l&#8217;aigua a la localitat.<\/p>\t\t\t\t\t\t\t\t<\/div>\n\t\t\t\t<\/div>\n\t\t\t\t<div class=\"elementor-element elementor-element-44844d0 elementor-widget elementor-widget-image\" data-id=\"44844d0\" data-element_type=\"widget\" data-e-type=\"widget\" data-widget_type=\"image.default\">\n\t\t\t\t<div class=\"elementor-widget-container\">\n\t\t\t\t\t\t\t\t\t\t\t\t<figure class=\"wp-caption\">\n\t\t\t\t\t\t\t\t\t\t<img loading=\"lazy\" decoding=\"async\" width=\"768\" height=\"512\" src=\"https:\/\/www.elturistatranquil.com\/wp-content\/uploads\/F07-Plaza-de-la-Orden-Tembleque-Toledo.jpg\" class=\"attachment-large size-large wp-image-58694\" alt=\"Plaza de la Orden, Tembleque, Toledo\" srcset=\"https:\/\/www.elturistatranquil.com\/wp-content\/uploads\/F07-Plaza-de-la-Orden-Tembleque-Toledo.jpg 768w, https:\/\/www.elturistatranquil.com\/wp-content\/uploads\/F07-Plaza-de-la-Orden-Tembleque-Toledo-339x226.jpg 339w\" sizes=\"(max-width: 768px) 100vw, 768px\" \/>\t\t\t\t\t\t\t\t\t\t\t<figcaption class=\"widget-image-caption wp-caption-text\"><\/figcaption>\n\t\t\t\t\t\t\t\t\t\t<\/figure>\n\t\t\t\t\t\t\t\t\t<\/div>\n\t\t\t\t<\/div>\n\t\t\t\t<div class=\"elementor-element elementor-element-0043b61 elementor-widget elementor-widget-text-editor\" data-id=\"0043b61\" data-element_type=\"widget\" data-e-type=\"widget\" data-widget_type=\"text-editor.default\">\n\t\t\t\t<div class=\"elementor-widget-container\">\n\t\t\t\t\t\t\t\t\t<p>La pla\u00e7a de la Orden \u00e9s un espai que, tot i que \u00e9s m\u00e9s modest que la pla\u00e7a Major, ofereix un ambient tranquil i carregat d&#8217;hist\u00f2ria.<\/p><p>Entre edificis de totes les \u00e8poques, la majoria sense cap valor arquitect\u00f2nic, destaquen les cases del costat nord com a mostra de l&#8217;arquitectura popular manxega, amb les parets d&#8217;entramat i els balcons coberts de fusta.<\/p>\t\t\t\t\t\t\t\t<\/div>\n\t\t\t\t<\/div>\n\t\t\t\t<div class=\"elementor-element elementor-element-b5b6c81 elementor-widget elementor-widget-image\" data-id=\"b5b6c81\" data-element_type=\"widget\" data-e-type=\"widget\" data-widget_type=\"image.default\">\n\t\t\t\t<div class=\"elementor-widget-container\">\n\t\t\t\t\t\t\t\t\t\t\t\t<figure class=\"wp-caption\">\n\t\t\t\t\t\t\t\t\t\t<img loading=\"lazy\" decoding=\"async\" width=\"768\" height=\"512\" src=\"https:\/\/www.elturistatranquil.com\/wp-content\/uploads\/F08-Plaza-de-la-Orden-Tembleque-Toledo.jpg\" class=\"attachment-large size-large wp-image-58696\" alt=\"Plaza de la Orden, Tembleque, Toledo\" srcset=\"https:\/\/www.elturistatranquil.com\/wp-content\/uploads\/F08-Plaza-de-la-Orden-Tembleque-Toledo.jpg 768w, https:\/\/www.elturistatranquil.com\/wp-content\/uploads\/F08-Plaza-de-la-Orden-Tembleque-Toledo-339x226.jpg 339w\" sizes=\"(max-width: 768px) 100vw, 768px\" \/>\t\t\t\t\t\t\t\t\t\t\t<figcaption class=\"widget-image-caption wp-caption-text\"><\/figcaption>\n\t\t\t\t\t\t\t\t\t\t<\/figure>\n\t\t\t\t\t\t\t\t\t<\/div>\n\t\t\t\t<\/div>\n\t\t\t\t<div class=\"elementor-element elementor-element-e0be109 elementor-widget elementor-widget-text-editor\" data-id=\"e0be109\" data-element_type=\"widget\" data-e-type=\"widget\" data-widget_type=\"text-editor.default\">\n\t\t\t\t<div class=\"elementor-widget-container\">\n\t\t\t\t\t\t\t\t\t<p>Per la cantonada, d\u2019aquest costat nord-oest apareix majestuosa l&#8217;estructura porxada de fusta de l&#8217;acc\u00e9s sud a la pla\u00e7a Major.<\/p>\t\t\t\t\t\t\t\t<\/div>\n\t\t\t\t<\/div>\n\t\t\t\t<div class=\"elementor-element elementor-element-c84e9ad elementor-widget elementor-widget-image\" data-id=\"c84e9ad\" data-element_type=\"widget\" data-e-type=\"widget\" data-widget_type=\"image.default\">\n\t\t\t\t<div class=\"elementor-widget-container\">\n\t\t\t\t\t\t\t\t\t\t\t\t<figure class=\"wp-caption\">\n\t\t\t\t\t\t\t\t\t\t<img loading=\"lazy\" decoding=\"async\" width=\"768\" height=\"512\" src=\"https:\/\/www.elturistatranquil.com\/wp-content\/uploads\/F09-Plaza-de-la-Orden-Tembleque-Toledo.jpg\" class=\"attachment-large size-large wp-image-58698\" alt=\"Plaza de la Orden, Tembleque, Toledo\" srcset=\"https:\/\/www.elturistatranquil.com\/wp-content\/uploads\/F09-Plaza-de-la-Orden-Tembleque-Toledo.jpg 768w, https:\/\/www.elturistatranquil.com\/wp-content\/uploads\/F09-Plaza-de-la-Orden-Tembleque-Toledo-339x226.jpg 339w\" sizes=\"(max-width: 768px) 100vw, 768px\" \/>\t\t\t\t\t\t\t\t\t\t\t<figcaption class=\"widget-image-caption wp-caption-text\"><\/figcaption>\n\t\t\t\t\t\t\t\t\t\t<\/figure>\n\t\t\t\t\t\t\t\t\t<\/div>\n\t\t\t\t<\/div>\n\t\t\t\t<div class=\"elementor-element elementor-element-be768f8 elementor-widget elementor-widget-image\" data-id=\"be768f8\" data-element_type=\"widget\" data-e-type=\"widget\" data-widget_type=\"image.default\">\n\t\t\t\t<div class=\"elementor-widget-container\">\n\t\t\t\t\t\t\t\t\t\t\t\t<figure class=\"wp-caption\">\n\t\t\t\t\t\t\t\t\t\t<img loading=\"lazy\" decoding=\"async\" width=\"768\" height=\"512\" src=\"https:\/\/www.elturistatranquil.com\/wp-content\/uploads\/F10-Plaza-de-la-Orden-Tembleque-Toledo.jpg\" class=\"attachment-large size-large wp-image-58703\" alt=\"Plaza de la Orden, Tembleque, Toledo\" srcset=\"https:\/\/www.elturistatranquil.com\/wp-content\/uploads\/F10-Plaza-de-la-Orden-Tembleque-Toledo.jpg 768w, https:\/\/www.elturistatranquil.com\/wp-content\/uploads\/F10-Plaza-de-la-Orden-Tembleque-Toledo-339x226.jpg 339w\" sizes=\"(max-width: 768px) 100vw, 768px\" \/>\t\t\t\t\t\t\t\t\t\t\t<figcaption class=\"widget-image-caption wp-caption-text\"><\/figcaption>\n\t\t\t\t\t\t\t\t\t\t<\/figure>\n\t\t\t\t\t\t\t\t\t<\/div>\n\t\t\t\t<\/div>\n\t\t\t\t<div class=\"elementor-element elementor-element-b9e159a elementor-widget elementor-widget-heading\" data-id=\"b9e159a\" data-element_type=\"widget\" data-e-type=\"widget\" data-widget_type=\"heading.default\">\n\t\t\t\t<div class=\"elementor-widget-container\">\n\t\t\t\t\t<h3 class=\"elementor-heading-title elementor-size-default\">Pla\u00e7a Major de Tembleque<\/h3>\t\t\t\t<\/div>\n\t\t\t\t<\/div>\n\t\t\t\t<div class=\"elementor-element elementor-element-2701af4 elementor-widget elementor-widget-text-editor\" data-id=\"2701af4\" data-element_type=\"widget\" data-e-type=\"widget\" data-widget_type=\"text-editor.default\">\n\t\t\t\t<div class=\"elementor-widget-container\">\n\t\t\t\t\t\t\t\t\t<p><em>B\u00e9 d&#8217;Inter\u00e8s Cultural (BIC)<\/em><\/p><p>L&#8217;element urban\u00edstic m\u00e9s destacat, i que ha donat fama a Tembleque, \u00e9s la seva <strong>pla\u00e7a Major<\/strong> (<strong>1<\/strong>) ja que constitueix un dels exemples m\u00e9s representatius de la tipologia de pla\u00e7a castellana d&#8217;arquitectura popular manxega i del barroc rural espanyol del segle XVII<\/p><p>Acabada de construir el 1598, per\u00f2 que no va ser inaugurada fins al 1653 amb la pres\u00e8ncia de Felipe IV i Quevedo.<\/p><p>El seu disseny segueix el model dels corrals de com\u00e8dies del Segle d&#8217;Or, amb una planta quadrangular irregular romboidal de 2.945 m\u00b2 que integra galeries porxades de tres altures en tres dels quatre costats, i una cortina d&#8217;edificaci\u00f3 de murs completament llisos al costat de llevant.<\/p><p>A la vista de la fotografia a\u00e8ria, i que constates quan et trobes a l&#8217;interior de la pla\u00e7a, el paviment de la pla\u00e7a em va crear una sensaci\u00f3 de malestar i incoher\u00e8ncia dins del conjunt constru\u00eft. El tema del paviment dels carrers dels pobles que volen conservar la seva p\u00e0tina hist\u00f2ria deu esser molt dif\u00edcil de resoldre en vista dels resultats que anem trobant per la gran majoria de restauracions de pobles hist\u00f2rics. En aquest cas, un quadriculat de pedra i el farciment de llambordes, formant una pla\u00e7a dura, s&#8217;av\u00e9 molt poc amb la funci\u00f3 primitiva de recinte taur\u00ed. En un cas similar, com la pla\u00e7a del Coso de Pe\u00f1afiel, es va optar per deixar-la de terra, de manera que es mant\u00e9 el potencial d&#8217;\u00fas. El que \u00e9s evident \u00e9s que, ni el disseny ni els materials encaixen amb una pla\u00e7a barroca manxega del segle XVII.<\/p>\t\t\t\t\t\t\t\t<\/div>\n\t\t\t\t<\/div>\n\t\t\t\t<div class=\"elementor-element elementor-element-6d63989 elementor-widget elementor-widget-image\" data-id=\"6d63989\" data-element_type=\"widget\" data-e-type=\"widget\" data-widget_type=\"image.default\">\n\t\t\t\t<div class=\"elementor-widget-container\">\n\t\t\t\t\t\t\t\t\t\t\t\t<figure class=\"wp-caption\">\n\t\t\t\t\t\t\t\t\t\t<img loading=\"lazy\" decoding=\"async\" width=\"768\" height=\"511\" src=\"https:\/\/www.elturistatranquil.com\/wp-content\/uploads\/F11-Plaza-Mayor-de-Tembleque-Google-maps-2025-05-20-a-1.jpg\" class=\"attachment-large size-large wp-image-58705\" alt=\"Plaza Mayor de Tembleque (Google maps 2025-05-20) a (1)\" srcset=\"https:\/\/www.elturistatranquil.com\/wp-content\/uploads\/F11-Plaza-Mayor-de-Tembleque-Google-maps-2025-05-20-a-1.jpg 768w, https:\/\/www.elturistatranquil.com\/wp-content\/uploads\/F11-Plaza-Mayor-de-Tembleque-Google-maps-2025-05-20-a-1-339x226.jpg 339w\" sizes=\"(max-width: 768px) 100vw, 768px\" \/>\t\t\t\t\t\t\t\t\t\t\t<figcaption class=\"widget-image-caption wp-caption-text\">(Google maps 2025-05-20)<\/figcaption>\n\t\t\t\t\t\t\t\t\t\t<\/figure>\n\t\t\t\t\t\t\t\t\t<\/div>\n\t\t\t\t<\/div>\n\t\t\t\t<div class=\"elementor-element elementor-element-92e8d80 elementor-widget elementor-widget-text-editor\" data-id=\"92e8d80\" data-element_type=\"widget\" data-e-type=\"widget\" data-widget_type=\"text-editor.default\">\n\t\t\t\t<div class=\"elementor-widget-container\">\n\t\t\t\t\t\t\t\t\t<p>Les tres fotografies seg\u00fcents presenten una panor\u00e0mica completa del recinte interior.<\/p><p>En coincidir la visita amb un dia sense activitat comercial, va permetre apreciar-la a tota la seva nuesa (per exemple, sense terrasses de bars) ja que, estructuralment, l&#8217;interior de la pla\u00e7a que s&#8217;observa actualment est\u00e0 desprove\u00eft de qualsevol element vegetal o constructiu. Com probablement havia de ser als seus or\u00edgens.<\/p>\t\t\t\t\t\t\t\t<\/div>\n\t\t\t\t<\/div>\n\t\t\t\t<div class=\"elementor-element elementor-element-37bea15 elementor-widget elementor-widget-image\" data-id=\"37bea15\" data-element_type=\"widget\" data-e-type=\"widget\" data-widget_type=\"image.default\">\n\t\t\t\t<div class=\"elementor-widget-container\">\n\t\t\t\t\t\t\t\t\t\t\t\t<figure class=\"wp-caption\">\n\t\t\t\t\t\t\t\t\t\t<img loading=\"lazy\" decoding=\"async\" width=\"768\" height=\"512\" src=\"https:\/\/www.elturistatranquil.com\/wp-content\/uploads\/F12-Plaza-Mayor-de-Tembleque-Toledo.jpg\" class=\"attachment-large size-large wp-image-58707\" alt=\"Plaza Mayor de Tembleque (Google maps 2025-05-20) a (1)\" srcset=\"https:\/\/www.elturistatranquil.com\/wp-content\/uploads\/F12-Plaza-Mayor-de-Tembleque-Toledo.jpg 768w, https:\/\/www.elturistatranquil.com\/wp-content\/uploads\/F12-Plaza-Mayor-de-Tembleque-Toledo-339x226.jpg 339w\" sizes=\"(max-width: 768px) 100vw, 768px\" \/>\t\t\t\t\t\t\t\t\t\t\t<figcaption class=\"widget-image-caption wp-caption-text\"><\/figcaption>\n\t\t\t\t\t\t\t\t\t\t<\/figure>\n\t\t\t\t\t\t\t\t\t<\/div>\n\t\t\t\t<\/div>\n\t\t\t\t<div class=\"elementor-element elementor-element-db49205 elementor-widget elementor-widget-image\" data-id=\"db49205\" data-element_type=\"widget\" data-e-type=\"widget\" data-widget_type=\"image.default\">\n\t\t\t\t<div class=\"elementor-widget-container\">\n\t\t\t\t\t\t\t\t\t\t\t\t<figure class=\"wp-caption\">\n\t\t\t\t\t\t\t\t\t\t<img loading=\"lazy\" decoding=\"async\" width=\"768\" height=\"512\" src=\"https:\/\/www.elturistatranquil.com\/wp-content\/uploads\/F13-Plaza-Mayor-de-Tembleque-Toledo.jpg\" class=\"attachment-large size-large wp-image-58709\" alt=\"Plaza Mayor de Tembleque, Toledo\" srcset=\"https:\/\/www.elturistatranquil.com\/wp-content\/uploads\/F13-Plaza-Mayor-de-Tembleque-Toledo.jpg 768w, https:\/\/www.elturistatranquil.com\/wp-content\/uploads\/F13-Plaza-Mayor-de-Tembleque-Toledo-339x226.jpg 339w\" sizes=\"(max-width: 768px) 100vw, 768px\" \/>\t\t\t\t\t\t\t\t\t\t\t<figcaption class=\"widget-image-caption wp-caption-text\"><\/figcaption>\n\t\t\t\t\t\t\t\t\t\t<\/figure>\n\t\t\t\t\t\t\t\t\t<\/div>\n\t\t\t\t<\/div>\n\t\t\t\t<div class=\"elementor-element elementor-element-aaca1ad elementor-widget elementor-widget-image\" data-id=\"aaca1ad\" data-element_type=\"widget\" data-e-type=\"widget\" data-widget_type=\"image.default\">\n\t\t\t\t<div class=\"elementor-widget-container\">\n\t\t\t\t\t\t\t\t\t\t\t\t<figure class=\"wp-caption\">\n\t\t\t\t\t\t\t\t\t\t<img loading=\"lazy\" decoding=\"async\" width=\"768\" height=\"512\" src=\"https:\/\/www.elturistatranquil.com\/wp-content\/uploads\/F14-Plaza-Mayor-de-Tembleque-Toledo.jpg\" class=\"attachment-large size-large wp-image-58711\" alt=\"Plaza Mayor de Tembleque, Toledo\" srcset=\"https:\/\/www.elturistatranquil.com\/wp-content\/uploads\/F14-Plaza-Mayor-de-Tembleque-Toledo.jpg 768w, https:\/\/www.elturistatranquil.com\/wp-content\/uploads\/F14-Plaza-Mayor-de-Tembleque-Toledo-339x226.jpg 339w\" sizes=\"(max-width: 768px) 100vw, 768px\" \/>\t\t\t\t\t\t\t\t\t\t\t<figcaption class=\"widget-image-caption wp-caption-text\"><\/figcaption>\n\t\t\t\t\t\t\t\t\t\t<\/figure>\n\t\t\t\t\t\t\t\t\t<\/div>\n\t\t\t\t<\/div>\n\t\t\t\t<div class=\"elementor-element elementor-element-dc81f93 elementor-widget elementor-widget-text-editor\" data-id=\"dc81f93\" data-element_type=\"widget\" data-e-type=\"widget\" data-widget_type=\"text-editor.default\">\n\t\t\t\t<div class=\"elementor-widget-container\">\n\t\t\t\t\t\t\t\t\t<p>Segons <em>Carlos Flores <\/em>al volumen III de la seva obra <em>Arquitectura popular espa\u00f1ola<\/em>, una caracter\u00edstica de l&#8217;arquitectura popular manxega \u00e9s l&#8217;exist\u00e8ncia de balcons o galeries de fusta oberts a l&#8217;exterior o als patis interiors, al voltant dels quals s&#8217;hi organitza l&#8217;habitatge. I destaca que un cas m\u00e0xim d&#8217;aquestes galeries de fusta ens ho ofereix la pla\u00e7a de Tembleque, constru\u00efda al segle XVII i que, tot i no tractar-se d&#8217;una obra estrictament popular, presenta afinitats indubtables amb all\u00f2 popular tant en la forma com en l&#8217;esperit.<\/p><p>Aix\u00ed doncs, l&#8217;element m\u00e9s caracter\u00edstic de la pla\u00e7a s\u00f3n les porxades, sustentades a la planta baixa per columnes de granit d&#8217;ordre tosc\u00e0, de fust llis, que recorden els antics corrals de com\u00e8dies i hostatgeries, i pilars tamb\u00e9 de granit, suportant els miradors de les entrades.<\/p><p>Sobre aquestes columnes i pilars descansen sabates i llindes de fusta, que suporten dos pisos superiors de galeries obertes, constru\u00efdes \u00edntegrament amb fusta. Els corredors superiors, sostinguts per peus drets i sabates, permetien el tr\u00e0nsit i l&#8217;observaci\u00f3 de les festes des de qualsevol punt del per\u00edmetre.<\/p>\t\t\t\t\t\t\t\t<\/div>\n\t\t\t\t<\/div>\n\t\t\t\t<div class=\"elementor-element elementor-element-37ae3f5 elementor-widget elementor-widget-image\" data-id=\"37ae3f5\" data-element_type=\"widget\" data-e-type=\"widget\" data-widget_type=\"image.default\">\n\t\t\t\t<div class=\"elementor-widget-container\">\n\t\t\t\t\t\t\t\t\t\t\t\t<figure class=\"wp-caption\">\n\t\t\t\t\t\t\t\t\t\t<img loading=\"lazy\" decoding=\"async\" width=\"768\" height=\"512\" src=\"https:\/\/www.elturistatranquil.com\/wp-content\/uploads\/F15-Plaza-Mayor-de-Tembleque-Toledo.jpg\" class=\"attachment-large size-large wp-image-58713\" alt=\"Plaza Mayor de Tembleque, Toledo\" srcset=\"https:\/\/www.elturistatranquil.com\/wp-content\/uploads\/F15-Plaza-Mayor-de-Tembleque-Toledo.jpg 768w, https:\/\/www.elturistatranquil.com\/wp-content\/uploads\/F15-Plaza-Mayor-de-Tembleque-Toledo-339x226.jpg 339w\" sizes=\"(max-width: 768px) 100vw, 768px\" \/>\t\t\t\t\t\t\t\t\t\t\t<figcaption class=\"widget-image-caption wp-caption-text\"><\/figcaption>\n\t\t\t\t\t\t\t\t\t\t<\/figure>\n\t\t\t\t\t\t\t\t\t<\/div>\n\t\t\t\t<\/div>\n\t\t\t\t<div class=\"elementor-element elementor-element-a78f702 elementor-widget elementor-widget-text-editor\" data-id=\"a78f702\" data-element_type=\"widget\" data-e-type=\"widget\" data-widget_type=\"text-editor.default\">\n\t\t\t\t<div class=\"elementor-widget-container\">\n\t\t\t\t\t\t\t\t\t<p>Les cobertes de les galeries s\u00f3n de teula corba a dues aig\u00fces, seguint la tradici\u00f3 manxega, i es recolzen sobre entramats de bigues de fusta i revoltons de ma\u00f3 i tova, pintades de blanc amb cal\u00e7.<\/p><p>L&#8217;efecte visual estructural \u00e9s de gran homogene\u00eftat. Per\u00f2 em sembla interessant observar que aquesta homogene\u00eftat s&#8217;aconsegueix amb dues maneres constructives diferenciades. D&#8217;una banda, l&#8217;estructura porticada als tres nivells, incloses les terrasses que cobreixen les tres entrades s\u00f3n d <strong>estil i forma<\/strong> id\u00e8ntic. Mentre que les construccions residencials nom\u00e9s aporten unitat d&#8217;<strong>estil<\/strong>, per\u00f2 no de forma Observem la individualitzada distribuci\u00f3 i mida de les obertures de portes i finestres, aix\u00ed com les difer\u00e8ncies d&#8217;al\u00e7ada de les edificacions del costat de llevant.<\/p><p>Cas a part \u00e9s l\u00b4edifici de l\u00b4Ajuntament, amb una arquitectura personalitzada diferenciada d\u00b4arquitectura professional intercalada en un dels costats, per\u00f2 sense trencar l\u00b4estil.<\/p>\t\t\t\t\t\t\t\t<\/div>\n\t\t\t\t<\/div>\n\t\t\t\t<div class=\"elementor-element elementor-element-697a7b2 elementor-widget elementor-widget-image\" data-id=\"697a7b2\" data-element_type=\"widget\" data-e-type=\"widget\" data-widget_type=\"image.default\">\n\t\t\t\t<div class=\"elementor-widget-container\">\n\t\t\t\t\t\t\t\t\t\t\t\t<figure class=\"wp-caption\">\n\t\t\t\t\t\t\t\t\t\t<img loading=\"lazy\" decoding=\"async\" width=\"768\" height=\"512\" src=\"https:\/\/www.elturistatranquil.com\/wp-content\/uploads\/F16-Plaza-Mayor-de-Tembleque-Toledo.jpg\" class=\"attachment-large size-large wp-image-58715\" alt=\"Plaza Mayor de Tembleque, Toledo\" srcset=\"https:\/\/www.elturistatranquil.com\/wp-content\/uploads\/F16-Plaza-Mayor-de-Tembleque-Toledo.jpg 768w, https:\/\/www.elturistatranquil.com\/wp-content\/uploads\/F16-Plaza-Mayor-de-Tembleque-Toledo-339x226.jpg 339w\" sizes=\"(max-width: 768px) 100vw, 768px\" \/>\t\t\t\t\t\t\t\t\t\t\t<figcaption class=\"widget-image-caption wp-caption-text\"><\/figcaption>\n\t\t\t\t\t\t\t\t\t\t<\/figure>\n\t\t\t\t\t\t\t\t\t<\/div>\n\t\t\t\t<\/div>\n\t\t\t\t<div class=\"elementor-element elementor-element-85d4ba9 elementor-widget elementor-widget-text-editor\" data-id=\"85d4ba9\" data-element_type=\"widget\" data-e-type=\"widget\" data-widget_type=\"text-editor.default\">\n\t\t\t\t<div class=\"elementor-widget-container\">\n\t\t\t\t\t\t\t\t\t<p>La pla\u00e7a tancada presenta tres entrades, cadascuna per sota una estructura de galeries amb porxos d&#8217;estil id\u00e8ntic, per\u00f2 amb formes i al\u00e7ades diferents. En tots els casos, aquestes galeries estan obertes a l&#8217;interior i al carrer d&#8217;acc\u00e9s a la pla\u00e7a.<\/p><p>Dos dels accessos estan situats a les cantonades nord i sud del costat de llevant, mentre que el tercer es troba al centre del costat oest, conegut com el <strong>carrer\u00f3 dels Torils<\/strong>, ja que era per on entraven els toros els dies de cursa.<\/p>\t\t\t\t\t\t\t\t<\/div>\n\t\t\t\t<\/div>\n\t\t\t\t<div class=\"elementor-element elementor-element-e6a33e8 elementor-widget elementor-widget-image\" data-id=\"e6a33e8\" data-element_type=\"widget\" data-e-type=\"widget\" data-widget_type=\"image.default\">\n\t\t\t\t<div class=\"elementor-widget-container\">\n\t\t\t\t\t\t\t\t\t\t\t\t<figure class=\"wp-caption\">\n\t\t\t\t\t\t\t\t\t\t<img loading=\"lazy\" decoding=\"async\" width=\"768\" height=\"512\" src=\"https:\/\/www.elturistatranquil.com\/wp-content\/uploads\/F17-Plaza-Mayor-de-Tembleque-Toledo.jpg\" class=\"attachment-large size-large wp-image-58717\" alt=\"Plaza Mayor de Tembleque, Toledo\" srcset=\"https:\/\/www.elturistatranquil.com\/wp-content\/uploads\/F17-Plaza-Mayor-de-Tembleque-Toledo.jpg 768w, https:\/\/www.elturistatranquil.com\/wp-content\/uploads\/F17-Plaza-Mayor-de-Tembleque-Toledo-339x226.jpg 339w\" sizes=\"(max-width: 768px) 100vw, 768px\" \/>\t\t\t\t\t\t\t\t\t\t\t<figcaption class=\"widget-image-caption wp-caption-text\"><\/figcaption>\n\t\t\t\t\t\t\t\t\t\t<\/figure>\n\t\t\t\t\t\t\t\t\t<\/div>\n\t\t\t\t<\/div>\n\t\t\t\t<div class=\"elementor-element elementor-element-4db789e elementor-widget elementor-widget-text-editor\" data-id=\"4db789e\" data-element_type=\"widget\" data-e-type=\"widget\" data-widget_type=\"text-editor.default\">\n\t\t\t\t<div class=\"elementor-widget-container\">\n\t\t\t\t\t\t\t\t\t<p>L&#8217;acc\u00e9s sud-est \u00e9s el punt d&#8217;enlla\u00e7 amb la pla\u00e7a de la Orden per la qual hem entrat i presenta la particularitat que sobre els dos pisos de galeries s&#8217;eleva un tercer nivell m\u00e9s redu\u00eft, rematat per una teulada a quatre aig\u00fces i un penell amb la Creu de Malta, cosa que li atorga la prest\u00e0ncia m\u00e9s gran de les tres entrades. Aquesta personalitzaci\u00f3 est\u00e0 lligada al fet que actua com a llotja d&#8217;autoritats durant les festes. Al seu interior hi ha escales de f\u00e0brica i fusta que comuniquen les diferents plantes.<\/p>\t\t\t\t\t\t\t\t<\/div>\n\t\t\t\t<\/div>\n\t\t\t\t<div class=\"elementor-element elementor-element-91c2729 elementor-widget elementor-widget-image\" data-id=\"91c2729\" data-element_type=\"widget\" data-e-type=\"widget\" data-widget_type=\"image.default\">\n\t\t\t\t<div class=\"elementor-widget-container\">\n\t\t\t\t\t\t\t\t\t\t\t\t<figure class=\"wp-caption\">\n\t\t\t\t\t\t\t\t\t\t<img loading=\"lazy\" decoding=\"async\" width=\"768\" height=\"512\" src=\"https:\/\/www.elturistatranquil.com\/wp-content\/uploads\/F18-Plaza-Mayor-de-Tembleque-Toledo.jpg\" class=\"attachment-large size-large wp-image-58719\" alt=\"Plaza Mayor de Tembleque, Toledo\" srcset=\"https:\/\/www.elturistatranquil.com\/wp-content\/uploads\/F18-Plaza-Mayor-de-Tembleque-Toledo.jpg 768w, https:\/\/www.elturistatranquil.com\/wp-content\/uploads\/F18-Plaza-Mayor-de-Tembleque-Toledo-339x226.jpg 339w\" sizes=\"(max-width: 768px) 100vw, 768px\" \/>\t\t\t\t\t\t\t\t\t\t\t<figcaption class=\"widget-image-caption wp-caption-text\"><\/figcaption>\n\t\t\t\t\t\t\t\t\t\t<\/figure>\n\t\t\t\t\t\t\t\t\t<\/div>\n\t\t\t\t<\/div>\n\t\t\t\t<div class=\"elementor-element elementor-element-920e45b elementor-widget elementor-widget-image\" data-id=\"920e45b\" data-element_type=\"widget\" data-e-type=\"widget\" data-widget_type=\"image.default\">\n\t\t\t\t<div class=\"elementor-widget-container\">\n\t\t\t\t\t\t\t\t\t\t\t\t<figure class=\"wp-caption\">\n\t\t\t\t\t\t\t\t\t\t<img loading=\"lazy\" decoding=\"async\" width=\"768\" height=\"512\" src=\"https:\/\/www.elturistatranquil.com\/wp-content\/uploads\/F19-Plaza-Mayor-de-Tembleque-Toledo.jpg\" class=\"attachment-large size-large wp-image-58721\" alt=\"Plaza Mayor de Tembleque, Toledo\" srcset=\"https:\/\/www.elturistatranquil.com\/wp-content\/uploads\/F19-Plaza-Mayor-de-Tembleque-Toledo.jpg 768w, https:\/\/www.elturistatranquil.com\/wp-content\/uploads\/F19-Plaza-Mayor-de-Tembleque-Toledo-339x226.jpg 339w\" sizes=\"(max-width: 768px) 100vw, 768px\" \/>\t\t\t\t\t\t\t\t\t\t\t<figcaption class=\"widget-image-caption wp-caption-text\"><\/figcaption>\n\t\t\t\t\t\t\t\t\t\t<\/figure>\n\t\t\t\t\t\t\t\t\t<\/div>\n\t\t\t\t<\/div>\n\t\t\t\t<div class=\"elementor-element elementor-element-e417d93 elementor-widget elementor-widget-image\" data-id=\"e417d93\" data-element_type=\"widget\" data-e-type=\"widget\" data-widget_type=\"image.default\">\n\t\t\t\t<div class=\"elementor-widget-container\">\n\t\t\t\t\t\t\t\t\t\t\t\t<figure class=\"wp-caption\">\n\t\t\t\t\t\t\t\t\t\t<img loading=\"lazy\" decoding=\"async\" width=\"768\" height=\"512\" src=\"https:\/\/www.elturistatranquil.com\/wp-content\/uploads\/F20-Plaza-Mayor-de-Tembleque-Toledo.jpg\" class=\"attachment-large size-large wp-image-58723\" alt=\"Plaza Mayor de Tembleque, Toledo\" srcset=\"https:\/\/www.elturistatranquil.com\/wp-content\/uploads\/F20-Plaza-Mayor-de-Tembleque-Toledo.jpg 768w, https:\/\/www.elturistatranquil.com\/wp-content\/uploads\/F20-Plaza-Mayor-de-Tembleque-Toledo-339x226.jpg 339w\" sizes=\"(max-width: 768px) 100vw, 768px\" \/>\t\t\t\t\t\t\t\t\t\t\t<figcaption class=\"widget-image-caption wp-caption-text\"><\/figcaption>\n\t\t\t\t\t\t\t\t\t\t<\/figure>\n\t\t\t\t\t\t\t\t\t<\/div>\n\t\t\t\t<\/div>\n\t\t\t\t<div class=\"elementor-element elementor-element-9d6d82d elementor-widget elementor-widget-text-editor\" data-id=\"9d6d82d\" data-element_type=\"widget\" data-e-type=\"widget\" data-widget_type=\"text-editor.default\">\n\t\t\t\t<div class=\"elementor-widget-container\">\n\t\t\t\t\t\t\t\t\t<p>Les galeries davant les edificacions presenten ampits de guixeria decorats amb la Creu de Malta (s\u00edmbol de l&#8217;Orde de Sant Joan de Jerusalem, a la qual com sabem va pert\u00e0nyer la vila) flanquejada per motius vegetals. Aquests ampits descansen sobre m\u00e8nsules que sobresurten de les voltes interiors.<\/p>\t\t\t\t\t\t\t\t<\/div>\n\t\t\t\t<\/div>\n\t\t\t\t<div class=\"elementor-element elementor-element-2c94f81 elementor-widget elementor-widget-image\" data-id=\"2c94f81\" data-element_type=\"widget\" data-e-type=\"widget\" data-widget_type=\"image.default\">\n\t\t\t\t<div class=\"elementor-widget-container\">\n\t\t\t\t\t\t\t\t\t\t\t\t<figure class=\"wp-caption\">\n\t\t\t\t\t\t\t\t\t\t<img loading=\"lazy\" decoding=\"async\" width=\"768\" height=\"512\" src=\"https:\/\/www.elturistatranquil.com\/wp-content\/uploads\/F21-Plaza-Mayor-de-Tembleque-Toledo.jpg\" class=\"attachment-large size-large wp-image-58728\" alt=\"Plaza Mayor de Tembleque, Toledo\" srcset=\"https:\/\/www.elturistatranquil.com\/wp-content\/uploads\/F21-Plaza-Mayor-de-Tembleque-Toledo.jpg 768w, https:\/\/www.elturistatranquil.com\/wp-content\/uploads\/F21-Plaza-Mayor-de-Tembleque-Toledo-339x226.jpg 339w\" sizes=\"(max-width: 768px) 100vw, 768px\" \/>\t\t\t\t\t\t\t\t\t\t\t<figcaption class=\"widget-image-caption wp-caption-text\"><\/figcaption>\n\t\t\t\t\t\t\t\t\t\t<\/figure>\n\t\t\t\t\t\t\t\t\t<\/div>\n\t\t\t\t<\/div>\n\t\t\t\t<div class=\"elementor-element elementor-element-1e2d1f9 elementor-widget elementor-widget-text-editor\" data-id=\"1e2d1f9\" data-element_type=\"widget\" data-e-type=\"widget\" data-widget_type=\"text-editor.default\">\n\t\t\t\t<div class=\"elementor-widget-container\">\n\t\t\t\t\t\t\t\t\t<p>L&#8217;entrada central pel costat oest, la del toril, segueix la mateixa l\u00ednia d&#8217;al\u00e7ada que el conjunt, i es cobreix per una teulada a quatre aig\u00fces. Com es veu, oberta als dos costats.<\/p>\t\t\t\t\t\t\t\t<\/div>\n\t\t\t\t<\/div>\n\t\t\t\t<div class=\"elementor-element elementor-element-ff4a555 elementor-widget elementor-widget-image\" data-id=\"ff4a555\" data-element_type=\"widget\" data-e-type=\"widget\" data-widget_type=\"image.default\">\n\t\t\t\t<div class=\"elementor-widget-container\">\n\t\t\t\t\t\t\t\t\t\t\t\t<figure class=\"wp-caption\">\n\t\t\t\t\t\t\t\t\t\t<img loading=\"lazy\" decoding=\"async\" width=\"768\" height=\"512\" src=\"https:\/\/www.elturistatranquil.com\/wp-content\/uploads\/F22-Plaza-Mayor-de-Tembleque-Toledo.jpg\" class=\"attachment-large size-large wp-image-58730\" alt=\"Plaza Mayor de Tembleque, Toledo\" srcset=\"https:\/\/www.elturistatranquil.com\/wp-content\/uploads\/F22-Plaza-Mayor-de-Tembleque-Toledo.jpg 768w, https:\/\/www.elturistatranquil.com\/wp-content\/uploads\/F22-Plaza-Mayor-de-Tembleque-Toledo-339x226.jpg 339w\" sizes=\"(max-width: 768px) 100vw, 768px\" \/>\t\t\t\t\t\t\t\t\t\t\t<figcaption class=\"widget-image-caption wp-caption-text\"><\/figcaption>\n\t\t\t\t\t\t\t\t\t\t<\/figure>\n\t\t\t\t\t\t\t\t\t<\/div>\n\t\t\t\t<\/div>\n\t\t\t\t<div class=\"elementor-element elementor-element-fa07bc3 elementor-widget elementor-widget-image\" data-id=\"fa07bc3\" data-element_type=\"widget\" data-e-type=\"widget\" data-widget_type=\"image.default\">\n\t\t\t\t<div class=\"elementor-widget-container\">\n\t\t\t\t\t\t\t\t\t\t\t\t<figure class=\"wp-caption\">\n\t\t\t\t\t\t\t\t\t\t<img loading=\"lazy\" decoding=\"async\" width=\"768\" height=\"512\" src=\"https:\/\/www.elturistatranquil.com\/wp-content\/uploads\/F23-Plaza-Mayor-de-Tembleque-Toledo.jpg\" class=\"attachment-large size-large wp-image-58732\" alt=\"Plaza Mayor de Tembleque, Toledo\" srcset=\"https:\/\/www.elturistatranquil.com\/wp-content\/uploads\/F23-Plaza-Mayor-de-Tembleque-Toledo.jpg 768w, https:\/\/www.elturistatranquil.com\/wp-content\/uploads\/F23-Plaza-Mayor-de-Tembleque-Toledo-339x226.jpg 339w\" sizes=\"(max-width: 768px) 100vw, 768px\" \/>\t\t\t\t\t\t\t\t\t\t\t<figcaption class=\"widget-image-caption wp-caption-text\"><\/figcaption>\n\t\t\t\t\t\t\t\t\t\t<\/figure>\n\t\t\t\t\t\t\t\t\t<\/div>\n\t\t\t\t<\/div>\n\t\t\t\t<div class=\"elementor-element elementor-element-23bb236 elementor-widget elementor-widget-text-editor\" data-id=\"23bb236\" data-element_type=\"widget\" data-e-type=\"widget\" data-widget_type=\"text-editor.default\">\n\t\t\t\t<div class=\"elementor-widget-container\">\n\t\t\t\t\t\t\t\t\t<p>Entrada pel <strong>carrer del Toril<\/strong>.<\/p>\t\t\t\t\t\t\t\t<\/div>\n\t\t\t\t<\/div>\n\t\t\t\t<div class=\"elementor-element elementor-element-f821e0f elementor-widget elementor-widget-image\" data-id=\"f821e0f\" data-element_type=\"widget\" data-e-type=\"widget\" data-widget_type=\"image.default\">\n\t\t\t\t<div class=\"elementor-widget-container\">\n\t\t\t\t\t\t\t\t\t\t\t\t<figure class=\"wp-caption\">\n\t\t\t\t\t\t\t\t\t\t<img loading=\"lazy\" decoding=\"async\" width=\"768\" height=\"512\" src=\"https:\/\/www.elturistatranquil.com\/wp-content\/uploads\/F24-Plaza-Mayor-de-Tembleque-Toledo.jpg\" class=\"attachment-large size-large wp-image-58734\" alt=\"Plaza Mayor de Tembleque, Toledo\" srcset=\"https:\/\/www.elturistatranquil.com\/wp-content\/uploads\/F24-Plaza-Mayor-de-Tembleque-Toledo.jpg 768w, https:\/\/www.elturistatranquil.com\/wp-content\/uploads\/F24-Plaza-Mayor-de-Tembleque-Toledo-339x226.jpg 339w\" sizes=\"(max-width: 768px) 100vw, 768px\" \/>\t\t\t\t\t\t\t\t\t\t\t<figcaption class=\"widget-image-caption wp-caption-text\"><\/figcaption>\n\t\t\t\t\t\t\t\t\t\t<\/figure>\n\t\t\t\t\t\t\t\t\t<\/div>\n\t\t\t\t<\/div>\n\t\t\t\t<div class=\"elementor-element elementor-element-d0b6291 elementor-widget elementor-widget-text-editor\" data-id=\"d0b6291\" data-element_type=\"widget\" data-e-type=\"widget\" data-widget_type=\"text-editor.default\">\n\t\t\t\t<div class=\"elementor-widget-container\">\n\t\t\t\t\t\t\t\t\t<p>La perspectiva des d\u2019aquest punt posa en evid\u00e8ncia la unitat d\u2019estil i la diversitat de forma de tot el costat de llevant. Mantenint els tres nivells, cada casa es veu personalitzada amb distribuci\u00f3 i forma d\u2019obertures de portes, balcons i finestres, aix\u00ed com les lleugeres difer\u00e8ncies d&#8217;al\u00e7ada entre edificis. El mateix tipus de forma b\u00e0sica rectangular sense decoraci\u00f3, les baranes met\u00e0l\u00b7liques dels balcons i, crec que, sobretot, l&#8217;uniforme color blanc, s\u00f3n all\u00f2 que aporten unitat est\u00e8tica i harmonia visual.<\/p>\t\t\t\t\t\t\t\t<\/div>\n\t\t\t\t<\/div>\n\t\t\t\t<div class=\"elementor-element elementor-element-8fef626 elementor-widget elementor-widget-image\" data-id=\"8fef626\" data-element_type=\"widget\" data-e-type=\"widget\" data-widget_type=\"image.default\">\n\t\t\t\t<div class=\"elementor-widget-container\">\n\t\t\t\t\t\t\t\t\t\t\t\t<figure class=\"wp-caption\">\n\t\t\t\t\t\t\t\t\t\t<img loading=\"lazy\" decoding=\"async\" width=\"768\" height=\"484\" src=\"https:\/\/www.elturistatranquil.com\/wp-content\/uploads\/F25-Plaza-Mayor-de-Tembleque-Toledo.jpg\" class=\"attachment-large size-large wp-image-58736\" alt=\"Plaza Mayor de Tembleque, Toledo\" srcset=\"https:\/\/www.elturistatranquil.com\/wp-content\/uploads\/F25-Plaza-Mayor-de-Tembleque-Toledo.jpg 768w, https:\/\/www.elturistatranquil.com\/wp-content\/uploads\/F25-Plaza-Mayor-de-Tembleque-Toledo-339x214.jpg 339w\" sizes=\"(max-width: 768px) 100vw, 768px\" \/>\t\t\t\t\t\t\t\t\t\t\t<figcaption class=\"widget-image-caption wp-caption-text\"><\/figcaption>\n\t\t\t\t\t\t\t\t\t\t<\/figure>\n\t\t\t\t\t\t\t\t\t<\/div>\n\t\t\t\t<\/div>\n\t\t\t\t<div class=\"elementor-element elementor-element-611e7d7 elementor-widget elementor-widget-image\" data-id=\"611e7d7\" data-element_type=\"widget\" data-e-type=\"widget\" data-widget_type=\"image.default\">\n\t\t\t\t<div class=\"elementor-widget-container\">\n\t\t\t\t\t\t\t\t\t\t\t\t<figure class=\"wp-caption\">\n\t\t\t\t\t\t\t\t\t\t<img loading=\"lazy\" decoding=\"async\" width=\"768\" height=\"512\" src=\"https:\/\/www.elturistatranquil.com\/wp-content\/uploads\/F26-Plaza-Mayor-de-Tembleque-Toledo.jpg\" class=\"attachment-large size-large wp-image-58741\" alt=\"Plaza Mayor de Tembleque, Toledo\" srcset=\"https:\/\/www.elturistatranquil.com\/wp-content\/uploads\/F26-Plaza-Mayor-de-Tembleque-Toledo.jpg 768w, https:\/\/www.elturistatranquil.com\/wp-content\/uploads\/F26-Plaza-Mayor-de-Tembleque-Toledo-339x226.jpg 339w\" sizes=\"(max-width: 768px) 100vw, 768px\" \/>\t\t\t\t\t\t\t\t\t\t\t<figcaption class=\"widget-image-caption wp-caption-text\"><\/figcaption>\n\t\t\t\t\t\t\t\t\t\t<\/figure>\n\t\t\t\t\t\t\t\t\t<\/div>\n\t\t\t\t<\/div>\n\t\t\t\t<div class=\"elementor-element elementor-element-371cc45 elementor-widget elementor-widget-image\" data-id=\"371cc45\" data-element_type=\"widget\" data-e-type=\"widget\" data-widget_type=\"image.default\">\n\t\t\t\t<div class=\"elementor-widget-container\">\n\t\t\t\t\t\t\t\t\t\t\t\t<figure class=\"wp-caption\">\n\t\t\t\t\t\t\t\t\t\t<img loading=\"lazy\" decoding=\"async\" width=\"768\" height=\"512\" src=\"https:\/\/www.elturistatranquil.com\/wp-content\/uploads\/F27-Plaza-Mayor-de-Tembleque-Toledo.jpg\" class=\"attachment-large size-large wp-image-58743\" alt=\"Plaza Mayor de Tembleque, Toledo\" srcset=\"https:\/\/www.elturistatranquil.com\/wp-content\/uploads\/F27-Plaza-Mayor-de-Tembleque-Toledo.jpg 768w, https:\/\/www.elturistatranquil.com\/wp-content\/uploads\/F27-Plaza-Mayor-de-Tembleque-Toledo-339x226.jpg 339w\" sizes=\"(max-width: 768px) 100vw, 768px\" \/>\t\t\t\t\t\t\t\t\t\t\t<figcaption class=\"widget-image-caption wp-caption-text\"><\/figcaption>\n\t\t\t\t\t\t\t\t\t\t<\/figure>\n\t\t\t\t\t\t\t\t\t<\/div>\n\t\t\t\t<\/div>\n\t\t\t\t<div class=\"elementor-element elementor-element-157c238 elementor-widget elementor-widget-text-editor\" data-id=\"157c238\" data-element_type=\"widget\" data-e-type=\"widget\" data-widget_type=\"text-editor.default\">\n\t\t\t\t<div class=\"elementor-widget-container\">\n\t\t\t\t\t\t\t\t\t<p>Al costat nord s&#8217;ubica l&#8217;edifici de l&#8217;Ajuntament, constru\u00eft el 1654. Se situa al centre de la part edificada.<\/p><p>\u00c9s un edifici de pedra carreu a la base i ma\u00e7oneria a la resta, d&#8217;aspecte classicista, amb una gran porta i finestres enreixades a la planta baixa i una balconada central al pis superior, on s&#8217;exhibeixen les armes de la vila.<\/p><p>L&#8217;edificaci\u00f3 a la dreta correspon a una \u00fanica casona, que actualment est\u00e0 destinada al Museu Etnogr\u00e0fic i a l&#8217;Oficina de Turisme.<\/p>\t\t\t\t\t\t\t\t<\/div>\n\t\t\t\t<\/div>\n\t\t\t\t<div class=\"elementor-element elementor-element-bb40473 elementor-widget elementor-widget-image\" data-id=\"bb40473\" data-element_type=\"widget\" data-e-type=\"widget\" data-widget_type=\"image.default\">\n\t\t\t\t<div class=\"elementor-widget-container\">\n\t\t\t\t\t\t\t\t\t\t\t\t<figure class=\"wp-caption\">\n\t\t\t\t\t\t\t\t\t\t<img loading=\"lazy\" decoding=\"async\" width=\"768\" height=\"512\" src=\"https:\/\/www.elturistatranquil.com\/wp-content\/uploads\/F30-Plaza-Mayor-de-Tembleque-Toledo.jpg\" class=\"attachment-large size-large wp-image-58745\" alt=\"Plaza Mayor de Tembleque, Toledo\" srcset=\"https:\/\/www.elturistatranquil.com\/wp-content\/uploads\/F30-Plaza-Mayor-de-Tembleque-Toledo.jpg 768w, https:\/\/www.elturistatranquil.com\/wp-content\/uploads\/F30-Plaza-Mayor-de-Tembleque-Toledo-339x226.jpg 339w\" sizes=\"(max-width: 768px) 100vw, 768px\" \/>\t\t\t\t\t\t\t\t\t\t\t<figcaption class=\"widget-image-caption wp-caption-text\"><\/figcaption>\n\t\t\t\t\t\t\t\t\t\t<\/figure>\n\t\t\t\t\t\t\t\t\t<\/div>\n\t\t\t\t<\/div>\n\t\t\t\t<div class=\"elementor-element elementor-element-9d933d1 elementor-widget elementor-widget-text-editor\" data-id=\"9d933d1\" data-element_type=\"widget\" data-e-type=\"widget\" data-widget_type=\"text-editor.default\">\n\t\t\t\t<div class=\"elementor-widget-container\">\n\t\t\t\t\t\t\t\t\t<p>La sobrietat classicista permet que no es trenqui l&#8217;harmonia del conjunt.<\/p>\t\t\t\t\t\t\t\t<\/div>\n\t\t\t\t<\/div>\n\t\t\t\t<div class=\"elementor-element elementor-element-5154b3c elementor-widget elementor-widget-image\" data-id=\"5154b3c\" data-element_type=\"widget\" data-e-type=\"widget\" data-widget_type=\"image.default\">\n\t\t\t\t<div class=\"elementor-widget-container\">\n\t\t\t\t\t\t\t\t\t\t\t\t<figure class=\"wp-caption\">\n\t\t\t\t\t\t\t\t\t\t<img loading=\"lazy\" decoding=\"async\" width=\"768\" height=\"512\" src=\"https:\/\/www.elturistatranquil.com\/wp-content\/uploads\/F31-Plaza-Mayor-de-Tembleque-Toledo.jpg\" class=\"attachment-large size-large wp-image-58747\" alt=\"Plaza Mayor de Tembleque, Toledo\" srcset=\"https:\/\/www.elturistatranquil.com\/wp-content\/uploads\/F31-Plaza-Mayor-de-Tembleque-Toledo.jpg 768w, https:\/\/www.elturistatranquil.com\/wp-content\/uploads\/F31-Plaza-Mayor-de-Tembleque-Toledo-339x226.jpg 339w\" sizes=\"(max-width: 768px) 100vw, 768px\" \/>\t\t\t\t\t\t\t\t\t\t\t<figcaption class=\"widget-image-caption wp-caption-text\"><\/figcaption>\n\t\t\t\t\t\t\t\t\t\t<\/figure>\n\t\t\t\t\t\t\t\t\t<\/div>\n\t\t\t\t<\/div>\n\t\t\t\t<div class=\"elementor-element elementor-element-1d193d3 elementor-widget elementor-widget-image\" data-id=\"1d193d3\" data-element_type=\"widget\" data-e-type=\"widget\" data-widget_type=\"image.default\">\n\t\t\t\t<div class=\"elementor-widget-container\">\n\t\t\t\t\t\t\t\t\t\t\t\t<figure class=\"wp-caption\">\n\t\t\t\t\t\t\t\t\t\t<img loading=\"lazy\" decoding=\"async\" width=\"768\" height=\"512\" src=\"https:\/\/www.elturistatranquil.com\/wp-content\/uploads\/F32-Plaza-Mayor-de-Tembleque-Toledo.jpg\" class=\"attachment-large size-large wp-image-58752\" alt=\"Plaza Mayor de Tembleque, Toledo\" srcset=\"https:\/\/www.elturistatranquil.com\/wp-content\/uploads\/F32-Plaza-Mayor-de-Tembleque-Toledo.jpg 768w, https:\/\/www.elturistatranquil.com\/wp-content\/uploads\/F32-Plaza-Mayor-de-Tembleque-Toledo-339x226.jpg 339w\" sizes=\"(max-width: 768px) 100vw, 768px\" \/>\t\t\t\t\t\t\t\t\t\t\t<figcaption class=\"widget-image-caption wp-caption-text\"><\/figcaption>\n\t\t\t\t\t\t\t\t\t\t<\/figure>\n\t\t\t\t\t\t\t\t\t<\/div>\n\t\t\t\t<\/div>\n\t\t\t\t<div class=\"elementor-element elementor-element-b04988c elementor-widget elementor-widget-text-editor\" data-id=\"b04988c\" data-element_type=\"widget\" data-e-type=\"widget\" data-widget_type=\"text-editor.default\">\n\t\t\t\t<div class=\"elementor-widget-container\">\n\t\t\t\t\t\t\t\t\t<p>L&#8217;aparent uniformitat queda trencada per l&#8217;entrada nord, des del mur de l&#8217;edificaci\u00f3 el <strong>carrer Gracia<\/strong> penetra fins a l&#8217;interior de la pla\u00e7a. La primera galeria es recolza en columnes m\u00e9s altes i sense continu\u00eftat d&#8217;alineaci\u00f3 de les plantes.<\/p>\t\t\t\t\t\t\t\t<\/div>\n\t\t\t\t<\/div>\n\t\t\t\t<div class=\"elementor-element elementor-element-5e7f4ab elementor-widget elementor-widget-image\" data-id=\"5e7f4ab\" data-element_type=\"widget\" data-e-type=\"widget\" data-widget_type=\"image.default\">\n\t\t\t\t<div class=\"elementor-widget-container\">\n\t\t\t\t\t\t\t\t\t\t\t\t<figure class=\"wp-caption\">\n\t\t\t\t\t\t\t\t\t\t<img loading=\"lazy\" decoding=\"async\" width=\"768\" height=\"512\" src=\"https:\/\/www.elturistatranquil.com\/wp-content\/uploads\/F33-Plaza-Mayor-de-Tembleque-Toledo.jpg\" class=\"attachment-large size-large wp-image-58754\" alt=\"Plaza Mayor de Tembleque, Toledo\" srcset=\"https:\/\/www.elturistatranquil.com\/wp-content\/uploads\/F33-Plaza-Mayor-de-Tembleque-Toledo.jpg 768w, https:\/\/www.elturistatranquil.com\/wp-content\/uploads\/F33-Plaza-Mayor-de-Tembleque-Toledo-339x226.jpg 339w\" sizes=\"(max-width: 768px) 100vw, 768px\" \/>\t\t\t\t\t\t\t\t\t\t\t<figcaption class=\"widget-image-caption wp-caption-text\"><\/figcaption>\n\t\t\t\t\t\t\t\t\t\t<\/figure>\n\t\t\t\t\t\t\t\t\t<\/div>\n\t\t\t\t<\/div>\n\t\t\t\t<div class=\"elementor-element elementor-element-5a5c3cd elementor-widget elementor-widget-image\" data-id=\"5a5c3cd\" data-element_type=\"widget\" data-e-type=\"widget\" data-widget_type=\"image.default\">\n\t\t\t\t<div class=\"elementor-widget-container\">\n\t\t\t\t\t\t\t\t\t\t\t\t<figure class=\"wp-caption\">\n\t\t\t\t\t\t\t\t\t\t<img loading=\"lazy\" decoding=\"async\" width=\"768\" height=\"512\" src=\"https:\/\/www.elturistatranquil.com\/wp-content\/uploads\/F34-Plaza-Mayor-de-Tembleque-Toledo.jpg\" class=\"attachment-large size-large wp-image-58756\" alt=\"Plaza Mayor de Tembleque, Toledo\" srcset=\"https:\/\/www.elturistatranquil.com\/wp-content\/uploads\/F34-Plaza-Mayor-de-Tembleque-Toledo.jpg 768w, https:\/\/www.elturistatranquil.com\/wp-content\/uploads\/F34-Plaza-Mayor-de-Tembleque-Toledo-339x226.jpg 339w\" sizes=\"(max-width: 768px) 100vw, 768px\" \/>\t\t\t\t\t\t\t\t\t\t\t<figcaption class=\"widget-image-caption wp-caption-text\"><\/figcaption>\n\t\t\t\t\t\t\t\t\t\t<\/figure>\n\t\t\t\t\t\t\t\t\t<\/div>\n\t\t\t\t<\/div>\n\t\t\t\t<div class=\"elementor-element elementor-element-e84af73 elementor-widget elementor-widget-text-editor\" data-id=\"e84af73\" data-element_type=\"widget\" data-e-type=\"widget\" data-widget_type=\"text-editor.default\">\n\t\t\t\t<div class=\"elementor-widget-container\">\n\t\t\t\t\t\t\t\t\t<p>Constatem les difer\u00e8ncies estructurals, per\u00f2 amb uniformitat est\u00e8tica, del costat de llevant.<\/p>\t\t\t\t\t\t\t\t<\/div>\n\t\t\t\t<\/div>\n\t\t\t\t<div class=\"elementor-element elementor-element-ba195aa elementor-widget elementor-widget-image\" data-id=\"ba195aa\" data-element_type=\"widget\" data-e-type=\"widget\" data-widget_type=\"image.default\">\n\t\t\t\t<div class=\"elementor-widget-container\">\n\t\t\t\t\t\t\t\t\t\t\t\t<figure class=\"wp-caption\">\n\t\t\t\t\t\t\t\t\t\t<img loading=\"lazy\" decoding=\"async\" width=\"768\" height=\"512\" src=\"https:\/\/www.elturistatranquil.com\/wp-content\/uploads\/F35-Plaza-Mayor-de-Tembleque-Toledo.jpg\" class=\"attachment-large size-large wp-image-58758\" alt=\"Plaza Mayor de Tembleque, Toledo\" srcset=\"https:\/\/www.elturistatranquil.com\/wp-content\/uploads\/F35-Plaza-Mayor-de-Tembleque-Toledo.jpg 768w, https:\/\/www.elturistatranquil.com\/wp-content\/uploads\/F35-Plaza-Mayor-de-Tembleque-Toledo-339x226.jpg 339w\" sizes=\"(max-width: 768px) 100vw, 768px\" \/>\t\t\t\t\t\t\t\t\t\t\t<figcaption class=\"widget-image-caption wp-caption-text\"><\/figcaption>\n\t\t\t\t\t\t\t\t\t\t<\/figure>\n\t\t\t\t\t\t\t\t\t<\/div>\n\t\t\t\t<\/div>\n\t\t\t\t<div class=\"elementor-element elementor-element-84b8c63 elementor-widget elementor-widget-image\" data-id=\"84b8c63\" data-element_type=\"widget\" data-e-type=\"widget\" data-widget_type=\"image.default\">\n\t\t\t\t<div class=\"elementor-widget-container\">\n\t\t\t\t\t\t\t\t\t\t\t\t<figure class=\"wp-caption\">\n\t\t\t\t\t\t\t\t\t\t<img loading=\"lazy\" decoding=\"async\" width=\"768\" height=\"512\" src=\"https:\/\/www.elturistatranquil.com\/wp-content\/uploads\/F36-Plaza-Mayor-de-Tembleque-Toledo.jpg\" class=\"attachment-large size-large wp-image-58760\" alt=\"Plaza Mayor de Tembleque, Toledo\" srcset=\"https:\/\/www.elturistatranquil.com\/wp-content\/uploads\/F36-Plaza-Mayor-de-Tembleque-Toledo.jpg 768w, https:\/\/www.elturistatranquil.com\/wp-content\/uploads\/F36-Plaza-Mayor-de-Tembleque-Toledo-339x226.jpg 339w\" sizes=\"(max-width: 768px) 100vw, 768px\" \/>\t\t\t\t\t\t\t\t\t\t\t<figcaption class=\"widget-image-caption wp-caption-text\"><\/figcaption>\n\t\t\t\t\t\t\t\t\t\t<\/figure>\n\t\t\t\t\t\t\t\t\t<\/div>\n\t\t\t\t<\/div>\n\t\t\t\t<div class=\"elementor-element elementor-element-449d4e9 elementor-widget elementor-widget-text-editor\" data-id=\"449d4e9\" data-element_type=\"widget\" data-e-type=\"widget\" data-widget_type=\"text-editor.default\">\n\t\t\t\t<div class=\"elementor-widget-container\">\n\t\t\t\t\t\t\t\t\t<p>Ens acomiadem de la pla\u00e7a amb una darrera ullada a trav\u00e9s de la portat del carrer Gracia.<\/p>\t\t\t\t\t\t\t\t<\/div>\n\t\t\t\t<\/div>\n\t\t\t\t<div class=\"elementor-element elementor-element-f5112c5 elementor-widget elementor-widget-image\" data-id=\"f5112c5\" data-element_type=\"widget\" data-e-type=\"widget\" data-widget_type=\"image.default\">\n\t\t\t\t<div class=\"elementor-widget-container\">\n\t\t\t\t\t\t\t\t\t\t\t\t<figure class=\"wp-caption\">\n\t\t\t\t\t\t\t\t\t\t<img loading=\"lazy\" decoding=\"async\" width=\"768\" height=\"512\" src=\"https:\/\/www.elturistatranquil.com\/wp-content\/uploads\/F37-Plaza-Mayor-de-Tembleque-Toledo.jpg\" class=\"attachment-large size-large wp-image-58762\" alt=\"Plaza Mayor de Tembleque, Toledo\" srcset=\"https:\/\/www.elturistatranquil.com\/wp-content\/uploads\/F37-Plaza-Mayor-de-Tembleque-Toledo.jpg 768w, https:\/\/www.elturistatranquil.com\/wp-content\/uploads\/F37-Plaza-Mayor-de-Tembleque-Toledo-339x226.jpg 339w\" sizes=\"(max-width: 768px) 100vw, 768px\" \/>\t\t\t\t\t\t\t\t\t\t\t<figcaption class=\"widget-image-caption wp-caption-text\"><\/figcaption>\n\t\t\t\t\t\t\t\t\t\t<\/figure>\n\t\t\t\t\t\t\t\t\t<\/div>\n\t\t\t\t<\/div>\n\t\t\t\t<div class=\"elementor-element elementor-element-35b00cb elementor-widget elementor-widget-heading\" data-id=\"35b00cb\" data-element_type=\"widget\" data-e-type=\"widget\" data-widget_type=\"heading.default\">\n\t\t\t\t<div class=\"elementor-widget-container\">\n\t\t\t\t\t<h3 class=\"elementor-heading-title elementor-size-default\">Museu Etnogr\u00e0fic i Oficina de Turisme<\/h3>\t\t\t\t<\/div>\n\t\t\t\t<\/div>\n\t\t\t\t<div class=\"elementor-element elementor-element-bcbaec1 elementor-widget elementor-widget-text-editor\" data-id=\"bcbaec1\" data-element_type=\"widget\" data-e-type=\"widget\" data-widget_type=\"text-editor.default\">\n\t\t\t\t<div class=\"elementor-widget-container\">\n\t\t\t\t\t\t\t\t\t<p>L&#8217;edificaci\u00f3 entre l&#8217;Ajuntament i la porta nord amaga a dins una casa senyorial que no es reflecteix en l&#8217;aparen\u00e7a humil de la fa\u00e7ana, uniforme amb la resta.<\/p><p>S&#8217;hi ha instal\u00b7lat un petit <strong>Museu Etnogr\u00e0fic<\/strong> (<strong>2<\/strong>), juntament amb l&#8217;<strong>Oficina de Turisme<\/strong> que ocupa una de les habitacions.<\/p>\t\t\t\t\t\t\t\t<\/div>\n\t\t\t\t<\/div>\n\t\t\t\t<div class=\"elementor-element elementor-element-596ac18 elementor-widget elementor-widget-image\" data-id=\"596ac18\" data-element_type=\"widget\" data-e-type=\"widget\" data-widget_type=\"image.default\">\n\t\t\t\t<div class=\"elementor-widget-container\">\n\t\t\t\t\t\t\t\t\t\t\t\t<figure class=\"wp-caption\">\n\t\t\t\t\t\t\t\t\t\t<img loading=\"lazy\" decoding=\"async\" width=\"768\" height=\"512\" src=\"https:\/\/www.elturistatranquil.com\/wp-content\/uploads\/F38-Museo-Etnografico-y-Oficina-de-Turismo-Tembleque-Toledo.jpg\" class=\"attachment-large size-large wp-image-58764\" alt=\"Museo Etnogr\u00e1fico y Oficina de Turismo, Tembleque, Toledo\" srcset=\"https:\/\/www.elturistatranquil.com\/wp-content\/uploads\/F38-Museo-Etnografico-y-Oficina-de-Turismo-Tembleque-Toledo.jpg 768w, https:\/\/www.elturistatranquil.com\/wp-content\/uploads\/F38-Museo-Etnografico-y-Oficina-de-Turismo-Tembleque-Toledo-339x226.jpg 339w\" sizes=\"(max-width: 768px) 100vw, 768px\" \/>\t\t\t\t\t\t\t\t\t\t\t<figcaption class=\"widget-image-caption wp-caption-text\"><\/figcaption>\n\t\t\t\t\t\t\t\t\t\t<\/figure>\n\t\t\t\t\t\t\t\t\t<\/div>\n\t\t\t\t<\/div>\n\t\t\t\t<div class=\"elementor-element elementor-element-a22cb2d elementor-widget elementor-widget-text-editor\" data-id=\"a22cb2d\" data-element_type=\"widget\" data-e-type=\"widget\" data-widget_type=\"text-editor.default\">\n\t\t\t\t<div class=\"elementor-widget-container\">\n\t\t\t\t\t\t\t\t\t<p>L&#8217;espai expositiu s&#8217;allotja en aquesta construcci\u00f3 de caracter\u00edstiques similars a la resta del conjunt de la pla\u00e7a: murs emblanquinats, estructura de fusta i coberta de teula. L\u00b4immoble ha estat adequat per exposar objectes de la cultura popular i etnogr\u00e0fica local.<\/p><p>El museu s&#8217;organitza al voltant d&#8217;un t\u00edpic pati manxec del segle XVII, cosa que permet al visitant experimentar l&#8217;arquitectura tradicional de la regi\u00f3.<\/p><p>A la planta baixa el pati amb columnes de pedra sustenta el corredor de la primera planta. Aqu\u00ed hi ha l&#8217;Oficina de Turisme, mentre que el museu ocupa la planta superior. Al centre, el brocal d&#8217;un pou (o d&#8217;una cisterna).<\/p>\t\t\t\t\t\t\t\t<\/div>\n\t\t\t\t<\/div>\n\t\t\t\t<div class=\"elementor-element elementor-element-83acb9f elementor-widget elementor-widget-image\" data-id=\"83acb9f\" data-element_type=\"widget\" data-e-type=\"widget\" data-widget_type=\"image.default\">\n\t\t\t\t<div class=\"elementor-widget-container\">\n\t\t\t\t\t\t\t\t\t\t\t\t<figure class=\"wp-caption\">\n\t\t\t\t\t\t\t\t\t\t<img loading=\"lazy\" decoding=\"async\" width=\"768\" height=\"512\" src=\"https:\/\/www.elturistatranquil.com\/wp-content\/uploads\/F40-Museo-Etnografico-Tembleque-Toledo.jpg\" class=\"attachment-large size-large wp-image-58769\" alt=\"Museo Etnogr\u00e1fico y Oficina de Turismo, Tembleque, Toledo\" srcset=\"https:\/\/www.elturistatranquil.com\/wp-content\/uploads\/F40-Museo-Etnografico-Tembleque-Toledo.jpg 768w, https:\/\/www.elturistatranquil.com\/wp-content\/uploads\/F40-Museo-Etnografico-Tembleque-Toledo-339x226.jpg 339w\" sizes=\"(max-width: 768px) 100vw, 768px\" \/>\t\t\t\t\t\t\t\t\t\t\t<figcaption class=\"widget-image-caption wp-caption-text\"><\/figcaption>\n\t\t\t\t\t\t\t\t\t\t<\/figure>\n\t\t\t\t\t\t\t\t\t<\/div>\n\t\t\t\t<\/div>\n\t\t\t\t<div class=\"elementor-element elementor-element-cbb9a7b elementor-widget elementor-widget-image\" data-id=\"cbb9a7b\" data-element_type=\"widget\" data-e-type=\"widget\" data-widget_type=\"image.default\">\n\t\t\t\t<div class=\"elementor-widget-container\">\n\t\t\t\t\t\t\t\t\t\t\t\t<figure class=\"wp-caption\">\n\t\t\t\t\t\t\t\t\t\t<img loading=\"lazy\" decoding=\"async\" width=\"768\" height=\"512\" src=\"https:\/\/www.elturistatranquil.com\/wp-content\/uploads\/F41-Museo-Etnografico-Tembleque-Toledo.jpg\" class=\"attachment-large size-large wp-image-58771\" alt=\"Museo Etnogr\u00e1fico y Oficina de Turismo, Tembleque, Toledo\" srcset=\"https:\/\/www.elturistatranquil.com\/wp-content\/uploads\/F41-Museo-Etnografico-Tembleque-Toledo.jpg 768w, https:\/\/www.elturistatranquil.com\/wp-content\/uploads\/F41-Museo-Etnografico-Tembleque-Toledo-339x226.jpg 339w\" sizes=\"(max-width: 768px) 100vw, 768px\" \/>\t\t\t\t\t\t\t\t\t\t\t<figcaption class=\"widget-image-caption wp-caption-text\"><\/figcaption>\n\t\t\t\t\t\t\t\t\t\t<\/figure>\n\t\t\t\t\t\t\t\t\t<\/div>\n\t\t\t\t<\/div>\n\t\t\t\t<div class=\"elementor-element elementor-element-ef77381 elementor-widget elementor-widget-text-editor\" data-id=\"ef77381\" data-element_type=\"widget\" data-e-type=\"widget\" data-widget_type=\"text-editor.default\">\n\t\t\t\t<div class=\"elementor-widget-container\">\n\t\t\t\t\t\t\t\t\t<p>En aquesta planta baixa hi ha una col\u00b7lecci\u00f3 de documents gr\u00e0fics.<\/p><p>Seguint el model tradicional, una escala simple dona acc\u00e9s a la planta superior.<\/p>\t\t\t\t\t\t\t\t<\/div>\n\t\t\t\t<\/div>\n\t\t\t\t<div class=\"elementor-element elementor-element-68486a3 elementor-widget elementor-widget-image\" data-id=\"68486a3\" data-element_type=\"widget\" data-e-type=\"widget\" data-widget_type=\"image.default\">\n\t\t\t\t<div class=\"elementor-widget-container\">\n\t\t\t\t\t\t\t\t\t\t\t\t<figure class=\"wp-caption\">\n\t\t\t\t\t\t\t\t\t\t<img loading=\"lazy\" decoding=\"async\" width=\"768\" height=\"512\" src=\"https:\/\/www.elturistatranquil.com\/wp-content\/uploads\/F42-Museo-Etnografico-Tembleque-Toledo.jpg\" class=\"attachment-large size-large wp-image-58773\" alt=\"Museo Etnogr\u00e1fico y Oficina de Turismo, Tembleque, Toledo\" srcset=\"https:\/\/www.elturistatranquil.com\/wp-content\/uploads\/F42-Museo-Etnografico-Tembleque-Toledo.jpg 768w, https:\/\/www.elturistatranquil.com\/wp-content\/uploads\/F42-Museo-Etnografico-Tembleque-Toledo-339x226.jpg 339w\" sizes=\"(max-width: 768px) 100vw, 768px\" \/>\t\t\t\t\t\t\t\t\t\t\t<figcaption class=\"widget-image-caption wp-caption-text\"><\/figcaption>\n\t\t\t\t\t\t\t\t\t\t<\/figure>\n\t\t\t\t\t\t\t\t\t<\/div>\n\t\t\t\t<\/div>\n\t\t\t\t<div class=\"elementor-element elementor-element-dda9487 elementor-widget elementor-widget-text-editor\" data-id=\"dda9487\" data-element_type=\"widget\" data-e-type=\"widget\" data-widget_type=\"text-editor.default\">\n\t\t\t\t<div class=\"elementor-widget-container\">\n\t\t\t\t\t\t\t\t\t<p>El corredor obert al pati de la primera planta \u00e9s estructura de fusta.<\/p><p>En aquesta planta s&#8217;exposen els objectes etnogr\u00e0fics propis d&#8217;aquests museus: apers de cultiu, indument\u00e0ria t\u00edpica, objectes dom\u00e8stics, objectes religiosos i festius i fotografies antigues.<\/p>\t\t\t\t\t\t\t\t<\/div>\n\t\t\t\t<\/div>\n\t\t\t\t<div class=\"elementor-element elementor-element-42be4a5 elementor-widget elementor-widget-image\" data-id=\"42be4a5\" data-element_type=\"widget\" data-e-type=\"widget\" data-widget_type=\"image.default\">\n\t\t\t\t<div class=\"elementor-widget-container\">\n\t\t\t\t\t\t\t\t\t\t\t\t<figure class=\"wp-caption\">\n\t\t\t\t\t\t\t\t\t\t<img loading=\"lazy\" decoding=\"async\" width=\"768\" height=\"512\" src=\"https:\/\/www.elturistatranquil.com\/wp-content\/uploads\/F43-Museo-Etnografico-Tembleque-Toledo.jpg\" class=\"attachment-large size-large wp-image-58778\" alt=\"Museo Etnogr\u00e1fico y Oficina de Turismo, Tembleque, Toledo\" srcset=\"https:\/\/www.elturistatranquil.com\/wp-content\/uploads\/F43-Museo-Etnografico-Tembleque-Toledo.jpg 768w, https:\/\/www.elturistatranquil.com\/wp-content\/uploads\/F43-Museo-Etnografico-Tembleque-Toledo-339x226.jpg 339w\" sizes=\"(max-width: 768px) 100vw, 768px\" \/>\t\t\t\t\t\t\t\t\t\t\t<figcaption class=\"widget-image-caption wp-caption-text\"><\/figcaption>\n\t\t\t\t\t\t\t\t\t\t<\/figure>\n\t\t\t\t\t\t\t\t\t<\/div>\n\t\t\t\t<\/div>\n\t\t\t\t<div class=\"elementor-element elementor-element-9ce33c9 elementor-widget elementor-widget-image\" data-id=\"9ce33c9\" data-element_type=\"widget\" data-e-type=\"widget\" data-widget_type=\"image.default\">\n\t\t\t\t<div class=\"elementor-widget-container\">\n\t\t\t\t\t\t\t\t\t\t\t\t<figure class=\"wp-caption\">\n\t\t\t\t\t\t\t\t\t\t<img loading=\"lazy\" decoding=\"async\" width=\"768\" height=\"512\" src=\"https:\/\/www.elturistatranquil.com\/wp-content\/uploads\/F45-Museo-Etnografico-Tembleque-Toledo.jpg\" class=\"attachment-large size-large wp-image-58780\" alt=\"Museo Etnogr\u00e1fico y Oficina de Turismo, Tembleque, Toledo\" srcset=\"https:\/\/www.elturistatranquil.com\/wp-content\/uploads\/F45-Museo-Etnografico-Tembleque-Toledo.jpg 768w, https:\/\/www.elturistatranquil.com\/wp-content\/uploads\/F45-Museo-Etnografico-Tembleque-Toledo-339x226.jpg 339w\" sizes=\"(max-width: 768px) 100vw, 768px\" \/>\t\t\t\t\t\t\t\t\t\t\t<figcaption class=\"widget-image-caption wp-caption-text\"><\/figcaption>\n\t\t\t\t\t\t\t\t\t\t<\/figure>\n\t\t\t\t\t\t\t\t\t<\/div>\n\t\t\t\t<\/div>\n\t\t\t\t<div class=\"elementor-element elementor-element-fd43dbe elementor-widget elementor-widget-image\" data-id=\"fd43dbe\" data-element_type=\"widget\" data-e-type=\"widget\" data-widget_type=\"image.default\">\n\t\t\t\t<div class=\"elementor-widget-container\">\n\t\t\t\t\t\t\t\t\t\t\t\t<figure class=\"wp-caption\">\n\t\t\t\t\t\t\t\t\t\t<img loading=\"lazy\" decoding=\"async\" width=\"768\" height=\"512\" src=\"https:\/\/www.elturistatranquil.com\/wp-content\/uploads\/F46-Museo-Etnografico-Tembleque-Toledo.jpg\" class=\"attachment-large size-large wp-image-58782\" alt=\"Museo Etnogr\u00e1fico y Oficina de Turismo, Tembleque, Toledo\" srcset=\"https:\/\/www.elturistatranquil.com\/wp-content\/uploads\/F46-Museo-Etnografico-Tembleque-Toledo.jpg 768w, https:\/\/www.elturistatranquil.com\/wp-content\/uploads\/F46-Museo-Etnografico-Tembleque-Toledo-339x226.jpg 339w\" sizes=\"(max-width: 768px) 100vw, 768px\" \/>\t\t\t\t\t\t\t\t\t\t\t<figcaption class=\"widget-image-caption wp-caption-text\"><\/figcaption>\n\t\t\t\t\t\t\t\t\t\t<\/figure>\n\t\t\t\t\t\t\t\t\t<\/div>\n\t\t\t\t<\/div>\n\t\t\t\t<div class=\"elementor-element elementor-element-f20b780 elementor-widget elementor-widget-image\" data-id=\"f20b780\" data-element_type=\"widget\" data-e-type=\"widget\" data-widget_type=\"image.default\">\n\t\t\t\t<div class=\"elementor-widget-container\">\n\t\t\t\t\t\t\t\t\t\t\t\t<figure class=\"wp-caption\">\n\t\t\t\t\t\t\t\t\t\t<img loading=\"lazy\" decoding=\"async\" width=\"768\" height=\"512\" src=\"https:\/\/www.elturistatranquil.com\/wp-content\/uploads\/F47-Museo-Etnografico-Tembleque-Toledo.jpg\" class=\"attachment-large size-large wp-image-58784\" alt=\"Museo Etnogr\u00e1fico y Oficina de Turismo, Tembleque, Toledo\" srcset=\"https:\/\/www.elturistatranquil.com\/wp-content\/uploads\/F47-Museo-Etnografico-Tembleque-Toledo.jpg 768w, https:\/\/www.elturistatranquil.com\/wp-content\/uploads\/F47-Museo-Etnografico-Tembleque-Toledo-339x226.jpg 339w\" sizes=\"(max-width: 768px) 100vw, 768px\" \/>\t\t\t\t\t\t\t\t\t\t\t<figcaption class=\"widget-image-caption wp-caption-text\"><\/figcaption>\n\t\t\t\t\t\t\t\t\t\t<\/figure>\n\t\t\t\t\t\t\t\t\t<\/div>\n\t\t\t\t<\/div>\n\t\t\t\t<div class=\"elementor-element elementor-element-9aca988 elementor-widget elementor-widget-image\" data-id=\"9aca988\" data-element_type=\"widget\" data-e-type=\"widget\" data-widget_type=\"image.default\">\n\t\t\t\t<div class=\"elementor-widget-container\">\n\t\t\t\t\t\t\t\t\t\t\t\t<figure class=\"wp-caption\">\n\t\t\t\t\t\t\t\t\t\t<img loading=\"lazy\" decoding=\"async\" width=\"768\" height=\"512\" src=\"https:\/\/www.elturistatranquil.com\/wp-content\/uploads\/F48-Museo-Etnografico-Tembleque-Toledo.jpg\" class=\"attachment-large size-large wp-image-58786\" alt=\"Museo Etnogr\u00e1fico y Oficina de Turismo, Tembleque, Toledo\" srcset=\"https:\/\/www.elturistatranquil.com\/wp-content\/uploads\/F48-Museo-Etnografico-Tembleque-Toledo.jpg 768w, https:\/\/www.elturistatranquil.com\/wp-content\/uploads\/F48-Museo-Etnografico-Tembleque-Toledo-339x226.jpg 339w\" sizes=\"(max-width: 768px) 100vw, 768px\" \/>\t\t\t\t\t\t\t\t\t\t\t<figcaption class=\"widget-image-caption wp-caption-text\"><\/figcaption>\n\t\t\t\t\t\t\t\t\t\t<\/figure>\n\t\t\t\t\t\t\t\t\t<\/div>\n\t\t\t\t<\/div>\n\t\t\t\t<div class=\"elementor-element elementor-element-56ccaca elementor-widget elementor-widget-text-editor\" data-id=\"56ccaca\" data-element_type=\"widget\" data-e-type=\"widget\" data-widget_type=\"text-editor.default\">\n\t\t\t\t<div class=\"elementor-widget-container\">\n\t\t\t\t\t\t\t\t\t<p>Des del corredor s&#8217;accedeix al balc\u00f3 exterior, des d&#8217;on observar el conjunt de la pla\u00e7a, alhora que dona acc\u00e9s al balc\u00f3 de la porta de la pla\u00e7a.<\/p>\t\t\t\t\t\t\t\t<\/div>\n\t\t\t\t<\/div>\n\t\t\t\t<div class=\"elementor-element elementor-element-af61de1 elementor-widget elementor-widget-image\" data-id=\"af61de1\" data-element_type=\"widget\" data-e-type=\"widget\" data-widget_type=\"image.default\">\n\t\t\t\t<div class=\"elementor-widget-container\">\n\t\t\t\t\t\t\t\t\t\t\t\t<figure class=\"wp-caption\">\n\t\t\t\t\t\t\t\t\t\t<img loading=\"lazy\" decoding=\"async\" width=\"768\" height=\"512\" src=\"https:\/\/www.elturistatranquil.com\/wp-content\/uploads\/F49-Museo-Etnografico-Tembleque-Toledo.jpg\" class=\"attachment-large size-large wp-image-58791\" alt=\"Museo Etnogr\u00e1fico y Oficina de Turismo, Tembleque, Toledo\" srcset=\"https:\/\/www.elturistatranquil.com\/wp-content\/uploads\/F49-Museo-Etnografico-Tembleque-Toledo.jpg 768w, https:\/\/www.elturistatranquil.com\/wp-content\/uploads\/F49-Museo-Etnografico-Tembleque-Toledo-339x226.jpg 339w\" sizes=\"(max-width: 768px) 100vw, 768px\" \/>\t\t\t\t\t\t\t\t\t\t\t<figcaption class=\"widget-image-caption wp-caption-text\"><\/figcaption>\n\t\t\t\t\t\t\t\t\t\t<\/figure>\n\t\t\t\t\t\t\t\t\t<\/div>\n\t\t\t\t<\/div>\n\t\t\t\t<div class=\"elementor-element elementor-element-ce98739 elementor-widget elementor-widget-image\" data-id=\"ce98739\" data-element_type=\"widget\" data-e-type=\"widget\" data-widget_type=\"image.default\">\n\t\t\t\t<div class=\"elementor-widget-container\">\n\t\t\t\t\t\t\t\t\t\t\t\t<figure class=\"wp-caption\">\n\t\t\t\t\t\t\t\t\t\t<img loading=\"lazy\" decoding=\"async\" width=\"768\" height=\"512\" src=\"https:\/\/www.elturistatranquil.com\/wp-content\/uploads\/F50-Museo-Etnografico-Tembleque-Toledo.jpg\" class=\"attachment-large size-large wp-image-58793\" alt=\"Museo Etnogr\u00e1fico y Oficina de Turismo, Tembleque, Toledo\" srcset=\"https:\/\/www.elturistatranquil.com\/wp-content\/uploads\/F50-Museo-Etnografico-Tembleque-Toledo.jpg 768w, https:\/\/www.elturistatranquil.com\/wp-content\/uploads\/F50-Museo-Etnografico-Tembleque-Toledo-339x226.jpg 339w\" sizes=\"(max-width: 768px) 100vw, 768px\" \/>\t\t\t\t\t\t\t\t\t\t\t<figcaption class=\"widget-image-caption wp-caption-text\"><\/figcaption>\n\t\t\t\t\t\t\t\t\t\t<\/figure>\n\t\t\t\t\t\t\t\t\t<\/div>\n\t\t\t\t<\/div>\n\t\t\t\t<div class=\"elementor-element elementor-element-f7db901 elementor-widget elementor-widget-image\" data-id=\"f7db901\" data-element_type=\"widget\" data-e-type=\"widget\" data-widget_type=\"image.default\">\n\t\t\t\t<div class=\"elementor-widget-container\">\n\t\t\t\t\t\t\t\t\t\t\t\t<figure class=\"wp-caption\">\n\t\t\t\t\t\t\t\t\t\t<img loading=\"lazy\" decoding=\"async\" width=\"768\" height=\"512\" src=\"https:\/\/www.elturistatranquil.com\/wp-content\/uploads\/F51-Museo-Etnografico-Tembleque-Toledo.jpg\" class=\"attachment-large size-large wp-image-58795\" alt=\"Museo Etnogr\u00e1fico y Oficina de Turismo, Tembleque, Toledo\" srcset=\"https:\/\/www.elturistatranquil.com\/wp-content\/uploads\/F51-Museo-Etnografico-Tembleque-Toledo.jpg 768w, https:\/\/www.elturistatranquil.com\/wp-content\/uploads\/F51-Museo-Etnografico-Tembleque-Toledo-339x226.jpg 339w\" sizes=\"(max-width: 768px) 100vw, 768px\" \/>\t\t\t\t\t\t\t\t\t\t\t<figcaption class=\"widget-image-caption wp-caption-text\"><\/figcaption>\n\t\t\t\t\t\t\t\t\t\t<\/figure>\n\t\t\t\t\t\t\t\t\t<\/div>\n\t\t\t\t<\/div>\n\t\t\t\t<div class=\"elementor-element elementor-element-2e5b7bc elementor-widget elementor-widget-heading\" data-id=\"2e5b7bc\" data-element_type=\"widget\" data-e-type=\"widget\" data-widget_type=\"heading.default\">\n\t\t\t\t<div class=\"elementor-widget-container\">\n\t\t\t\t\t<h3 class=\"elementor-heading-title elementor-size-default\">Ermita de la Veracruz: Biblioteca P\u00fablica Municipal<\/h3>\t\t\t\t<\/div>\n\t\t\t\t<\/div>\n\t\t\t\t<div class=\"elementor-element elementor-element-36dd946 elementor-widget elementor-widget-text-editor\" data-id=\"36dd946\" data-element_type=\"widget\" data-e-type=\"widget\" data-widget_type=\"text-editor.default\">\n\t\t\t\t<div class=\"elementor-widget-container\">\n\t\t\t\t\t\t\t\t\t<p>Sortint per la porta nord, davant s&#8217;al\u00e7a l&#8217;edifici de l&#8217;<strong>ermita de la Veracruz<\/strong> (<strong>3<\/strong>). Es tracta d&#8217;un exemple destacat d&#8217;arquitectura religiosa del segle XVIII que ha estat adaptat per allotjar la B<strong>iblioteca P\u00fablica i l&#8217;Arxiu Municipal<\/strong> de la localitat. Aquest edifici combina valor hist\u00f2ric i funcionalitat contempor\u00e0nia, mantenint-ne la integritat arquitect\u00f2nica original.<\/p>\t\t\t\t\t\t\t\t<\/div>\n\t\t\t\t<\/div>\n\t\t\t\t<div class=\"elementor-element elementor-element-864fc65 elementor-widget elementor-widget-image\" data-id=\"864fc65\" data-element_type=\"widget\" data-e-type=\"widget\" data-widget_type=\"image.default\">\n\t\t\t\t<div class=\"elementor-widget-container\">\n\t\t\t\t\t\t\t\t\t\t\t\t<figure class=\"wp-caption\">\n\t\t\t\t\t\t\t\t\t\t<img loading=\"lazy\" decoding=\"async\" width=\"768\" height=\"512\" src=\"https:\/\/www.elturistatranquil.com\/wp-content\/uploads\/F52-Ermita-de-la-Veracruz-Biblioteca-Publica-Municipal-Tembleque-Toledo.jpg\" class=\"attachment-large size-large wp-image-58797\" alt=\"Museo Etnogr\u00e1fico y Oficina de Turismo, Tembleque, Toledo\" srcset=\"https:\/\/www.elturistatranquil.com\/wp-content\/uploads\/F52-Ermita-de-la-Veracruz-Biblioteca-Publica-Municipal-Tembleque-Toledo.jpg 768w, https:\/\/www.elturistatranquil.com\/wp-content\/uploads\/F52-Ermita-de-la-Veracruz-Biblioteca-Publica-Municipal-Tembleque-Toledo-339x226.jpg 339w\" sizes=\"(max-width: 768px) 100vw, 768px\" \/>\t\t\t\t\t\t\t\t\t\t\t<figcaption class=\"widget-image-caption wp-caption-text\"><\/figcaption>\n\t\t\t\t\t\t\t\t\t\t<\/figure>\n\t\t\t\t\t\t\t\t\t<\/div>\n\t\t\t\t<\/div>\n\t\t\t\t<div class=\"elementor-element elementor-element-9e9305d elementor-widget elementor-widget-text-editor\" data-id=\"9e9305d\" data-element_type=\"widget\" data-e-type=\"widget\" data-widget_type=\"text-editor.default\">\n\t\t\t\t<div class=\"elementor-widget-container\">\n\t\t\t\t\t\t\t\t\t<p>Constru\u00efda entre el 1762 i el 1792, l&#8217;ermita reflecteix la transici\u00f3 cap a l&#8217;estil neocl\u00e0ssic, caracteritzat per la seva sobrietat i puresa formal. La seva planta octogonal i la c\u00fapula centralitzada amb llanterna evoquen models com el Sant Sepulcre de Jerusalem i altres esgl\u00e9sies rom\u00e0niques de planta centralitzada. La petita espadanya, d&#8217;una obertura de campana, \u00e9s l&#8217;\u00fanic signe extern que manifesta el car\u00e0cter religi\u00f3s de l&#8217;edificaci\u00f3. Originalment, l&#8217;ermita va tenir un \u00fas funerari.<\/p>\t\t\t\t\t\t\t\t<\/div>\n\t\t\t\t<\/div>\n\t\t\t\t<div class=\"elementor-element elementor-element-09bb4b8 elementor-widget elementor-widget-image\" data-id=\"09bb4b8\" data-element_type=\"widget\" data-e-type=\"widget\" data-widget_type=\"image.default\">\n\t\t\t\t<div class=\"elementor-widget-container\">\n\t\t\t\t\t\t\t\t\t\t\t\t<figure class=\"wp-caption\">\n\t\t\t\t\t\t\t\t\t\t<img loading=\"lazy\" decoding=\"async\" width=\"768\" height=\"512\" src=\"https:\/\/www.elturistatranquil.com\/wp-content\/uploads\/F53-Ermita-de-la-Veracruz-Biblioteca-Publica-Municipal-Tembleque-Toledo.jpg\" class=\"attachment-large size-large wp-image-58799\" alt=\"Ermita de la Veracruz Biblioteca P\u00fablica Municipal, Tembleque, Toledo\" srcset=\"https:\/\/www.elturistatranquil.com\/wp-content\/uploads\/F53-Ermita-de-la-Veracruz-Biblioteca-Publica-Municipal-Tembleque-Toledo.jpg 768w, https:\/\/www.elturistatranquil.com\/wp-content\/uploads\/F53-Ermita-de-la-Veracruz-Biblioteca-Publica-Municipal-Tembleque-Toledo-339x226.jpg 339w\" sizes=\"(max-width: 768px) 100vw, 768px\" \/>\t\t\t\t\t\t\t\t\t\t\t<figcaption class=\"widget-image-caption wp-caption-text\"><\/figcaption>\n\t\t\t\t\t\t\t\t\t\t<\/figure>\n\t\t\t\t\t\t\t\t\t<\/div>\n\t\t\t\t<\/div>\n\t\t\t\t<div class=\"elementor-element elementor-element-2d2542e elementor-widget elementor-widget-image\" data-id=\"2d2542e\" data-element_type=\"widget\" data-e-type=\"widget\" data-widget_type=\"image.default\">\n\t\t\t\t<div class=\"elementor-widget-container\">\n\t\t\t\t\t\t\t\t\t\t\t\t<figure class=\"wp-caption\">\n\t\t\t\t\t\t\t\t\t\t<img loading=\"lazy\" decoding=\"async\" width=\"768\" height=\"512\" src=\"https:\/\/www.elturistatranquil.com\/wp-content\/uploads\/F54-Ermita-de-la-Veracruz-Biblioteca-Publica-Municipal-Tembleque-Toledo.jpg\" class=\"attachment-large size-large wp-image-58801\" alt=\"Ermita de la Veracruz Biblioteca P\u00fablica Municipal, Tembleque, Toledo\" srcset=\"https:\/\/www.elturistatranquil.com\/wp-content\/uploads\/F54-Ermita-de-la-Veracruz-Biblioteca-Publica-Municipal-Tembleque-Toledo.jpg 768w, https:\/\/www.elturistatranquil.com\/wp-content\/uploads\/F54-Ermita-de-la-Veracruz-Biblioteca-Publica-Municipal-Tembleque-Toledo-339x226.jpg 339w\" sizes=\"(max-width: 768px) 100vw, 768px\" \/>\t\t\t\t\t\t\t\t\t\t\t<figcaption class=\"widget-image-caption wp-caption-text\"><\/figcaption>\n\t\t\t\t\t\t\t\t\t\t<\/figure>\n\t\t\t\t\t\t\t\t\t<\/div>\n\t\t\t\t<\/div>\n\t\t\t\t<div class=\"elementor-element elementor-element-86feeb5 elementor-widget elementor-widget-text-editor\" data-id=\"86feeb5\" data-element_type=\"widget\" data-e-type=\"widget\" data-widget_type=\"text-editor.default\">\n\t\t\t\t<div class=\"elementor-widget-container\">\n\t\t\t\t\t\t\t\t\t<p>L&#8217;interior va ser acuradament restaurat i adaptat per a una nova funci\u00f3 com a <strong>Biblioteca P\u00fablica Municipal<\/strong>.<\/p><p>Es van instal\u00b7lar passarel\u00b7les conc\u00e8ntriques adossades als murs, deixant el centre lliure i facilitant la visi\u00f3 de la c\u00fapula.<\/p>\t\t\t\t\t\t\t\t<\/div>\n\t\t\t\t<\/div>\n\t\t\t\t<div class=\"elementor-element elementor-element-dc2adb9 elementor-widget elementor-widget-image\" data-id=\"dc2adb9\" data-element_type=\"widget\" data-e-type=\"widget\" data-widget_type=\"image.default\">\n\t\t\t\t<div class=\"elementor-widget-container\">\n\t\t\t\t\t\t\t\t\t\t\t\t<figure class=\"wp-caption\">\n\t\t\t\t\t\t\t\t\t\t<img loading=\"lazy\" decoding=\"async\" width=\"768\" height=\"512\" src=\"https:\/\/www.elturistatranquil.com\/wp-content\/uploads\/F55-Ermita-de-la-Veracruz-Biblioteca-Publica-Municipal-Tembleque-Toledo-Foto.-Ayuntamiento.jpg\" class=\"attachment-large size-large wp-image-58803\" alt=\"Ermita de la Veracruz Biblioteca P\u00fablica Municipal, Tembleque, Toledo (Foto. Ayuntamiento)\" srcset=\"https:\/\/www.elturistatranquil.com\/wp-content\/uploads\/F55-Ermita-de-la-Veracruz-Biblioteca-Publica-Municipal-Tembleque-Toledo-Foto.-Ayuntamiento.jpg 768w, https:\/\/www.elturistatranquil.com\/wp-content\/uploads\/F55-Ermita-de-la-Veracruz-Biblioteca-Publica-Municipal-Tembleque-Toledo-Foto.-Ayuntamiento-339x226.jpg 339w\" sizes=\"(max-width: 768px) 100vw, 768px\" \/>\t\t\t\t\t\t\t\t\t\t\t<figcaption class=\"widget-image-caption wp-caption-text\">(Foto: Ayuntamiento de Tembleque)<\/figcaption>\n\t\t\t\t\t\t\t\t\t\t<\/figure>\n\t\t\t\t\t\t\t\t\t<\/div>\n\t\t\t\t<\/div>\n\t\t\t\t<div class=\"elementor-element elementor-element-070efd4 elementor-widget elementor-widget-heading\" data-id=\"070efd4\" data-element_type=\"widget\" data-e-type=\"widget\" data-widget_type=\"heading.default\">\n\t\t\t\t<div class=\"elementor-widget-container\">\n\t\t\t\t\t<h3 class=\"elementor-heading-title elementor-size-default\">Esgl\u00e9sia parroquial Nuestra Se\u00f1ora de la Asunci\u00f3n<\/h3>\t\t\t\t<\/div>\n\t\t\t\t<\/div>\n\t\t\t\t<div class=\"elementor-element elementor-element-d18d6e1 elementor-widget elementor-widget-text-editor\" data-id=\"d18d6e1\" data-element_type=\"widget\" data-e-type=\"widget\" data-widget_type=\"text-editor.default\">\n\t\t\t\t<div class=\"elementor-widget-container\">\n\t\t\t\t\t\t\t\t\t<p><em>B\u00e9 d&#8217;Inter\u00e8s Cultural (BIC)<\/em><\/p><p>Sortint pel costat sud de la pla\u00e7a Major, i passada la pla\u00e7a de la Orden, s&#8217;al\u00e7a l&#8217;<strong>esgl\u00e9sia Parroquial de Nuestra Se\u00f1ora de la Asunci\u00f3n<\/strong> (<strong>5<\/strong>), un dels millors exemples de l&#8217;arquitectura religiosa manxega de transici\u00f3 entre el g\u00f2tic i el renaixement.<\/p><p>La seva construcci\u00f3 es va iniciar el 1509, impulsada pel cardenal Cisneros com a agra\u00efment a la destacada col\u00b7laboraci\u00f3 de Tembleque a la campanya d&#8217;Or\u00e0 de 1509. A m\u00e9s, van participar en el seu finan\u00e7ament el municipi i els Priors de l&#8217;Orde de Sant Joan.<\/p><p>A l&#8217;esgl\u00e9sia original, d&#8217;un sol cos i cap\u00e7alera poligonal, s&#8217;hi van afegir dues capelles externes durant els segles XVII i XVIII: la de Jes\u00fas Natzar\u00e8, patr\u00f3 del poble, i la de la Mare de D\u00e9u del Roser. Aquestes capelles presenten estils que difereixen del cos principal del temple.<\/p><p>La seva f\u00e0brica \u00e9s de carreuat i carreu, refor\u00e7ada per poderosos contraforts a l&#8217;exterior.<\/p><p>La torre, situada a la banda esquerra dels peus de l&#8217;esgl\u00e9sia, presenta tres cossos superposats: l&#8217;inferior \u00e9s c\u00fabic i els dos superiors vuitavats, amb obertures rematades per arcs de mig punt. Corona la torre un ampit de balustres i pinacles que dona pas a una aguda agulla de pissarra i plom, amb bola i penell.<\/p>\t\t\t\t\t\t\t\t<\/div>\n\t\t\t\t<\/div>\n\t\t\t\t<div class=\"elementor-element elementor-element-d6616b8 elementor-widget elementor-widget-image\" data-id=\"d6616b8\" data-element_type=\"widget\" data-e-type=\"widget\" data-widget_type=\"image.default\">\n\t\t\t\t<div class=\"elementor-widget-container\">\n\t\t\t\t\t\t\t\t\t\t\t\t<figure class=\"wp-caption\">\n\t\t\t\t\t\t\t\t\t\t<img loading=\"lazy\" decoding=\"async\" width=\"768\" height=\"512\" src=\"https:\/\/www.elturistatranquil.com\/wp-content\/uploads\/F56-Iglesia-parroquial-Nuestra-Senora-de-la-Asuncion-Tembleque-Toledo.jpg\" class=\"attachment-large size-large wp-image-58805\" alt=\"Iglesia parroquial Nuestra Se\u00f1ora de la Asunci\u00f3n, Tembleque, Toledo\" srcset=\"https:\/\/www.elturistatranquil.com\/wp-content\/uploads\/F56-Iglesia-parroquial-Nuestra-Senora-de-la-Asuncion-Tembleque-Toledo.jpg 768w, https:\/\/www.elturistatranquil.com\/wp-content\/uploads\/F56-Iglesia-parroquial-Nuestra-Senora-de-la-Asuncion-Tembleque-Toledo-339x226.jpg 339w\" sizes=\"(max-width: 768px) 100vw, 768px\" \/>\t\t\t\t\t\t\t\t\t\t\t<figcaption class=\"widget-image-caption wp-caption-text\"><\/figcaption>\n\t\t\t\t\t\t\t\t\t\t<\/figure>\n\t\t\t\t\t\t\t\t\t<\/div>\n\t\t\t\t<\/div>\n\t\t\t\t<div class=\"elementor-element elementor-element-6ec4fc9 elementor-widget elementor-widget-image\" data-id=\"6ec4fc9\" data-element_type=\"widget\" data-e-type=\"widget\" data-widget_type=\"image.default\">\n\t\t\t\t<div class=\"elementor-widget-container\">\n\t\t\t\t\t\t\t\t\t\t\t\t<figure class=\"wp-caption\">\n\t\t\t\t\t\t\t\t\t\t<img loading=\"lazy\" decoding=\"async\" width=\"768\" height=\"512\" src=\"https:\/\/www.elturistatranquil.com\/wp-content\/uploads\/F57-Iglesia-parroquial-Nuestra-Senora-de-la-Asuncion-Tembleque-Toledo.jpg\" class=\"attachment-large size-large wp-image-58810\" alt=\"Iglesia parroquial Nuestra Se\u00f1ora de la Asunci\u00f3n, Tembleque, Toledo\" srcset=\"https:\/\/www.elturistatranquil.com\/wp-content\/uploads\/F57-Iglesia-parroquial-Nuestra-Senora-de-la-Asuncion-Tembleque-Toledo.jpg 768w, https:\/\/www.elturistatranquil.com\/wp-content\/uploads\/F57-Iglesia-parroquial-Nuestra-Senora-de-la-Asuncion-Tembleque-Toledo-339x226.jpg 339w\" sizes=\"(max-width: 768px) 100vw, 768px\" \/>\t\t\t\t\t\t\t\t\t\t\t<figcaption class=\"widget-image-caption wp-caption-text\"><\/figcaption>\n\t\t\t\t\t\t\t\t\t\t<\/figure>\n\t\t\t\t\t\t\t\t\t<\/div>\n\t\t\t\t<\/div>\n\t\t\t\t<div class=\"elementor-element elementor-element-70e4cdf elementor-widget elementor-widget-text-editor\" data-id=\"70e4cdf\" data-element_type=\"widget\" data-e-type=\"widget\" data-widget_type=\"text-editor.default\">\n\t\t\t\t<div class=\"elementor-widget-container\">\n\t\t\t\t\t\t\t\t\t<p>El temple presenta tres entrades, una a cada costat i la principal als peus.<\/p><p>La del costat de l&#8217;evangeli, del segle XVII, \u00e9s una portada retreta que s&#8217;aixopluga sota un gran arc de volta de mig punt encaixada entre dos contraforts. La porta \u00e9s simple amb una llinda de fusta<\/p><p>A sobre, tres forn\u00edcules buides d&#8217;imatges sota un front\u00f3 corb trencat. I un blas\u00f3 superior.<\/p>\t\t\t\t\t\t\t\t<\/div>\n\t\t\t\t<\/div>\n\t\t\t\t<div class=\"elementor-element elementor-element-c769322 elementor-widget elementor-widget-image\" data-id=\"c769322\" data-element_type=\"widget\" data-e-type=\"widget\" data-widget_type=\"image.default\">\n\t\t\t\t<div class=\"elementor-widget-container\">\n\t\t\t\t\t\t\t\t\t\t\t\t<figure class=\"wp-caption\">\n\t\t\t\t\t\t\t\t\t\t<img loading=\"lazy\" decoding=\"async\" width=\"768\" height=\"512\" src=\"https:\/\/www.elturistatranquil.com\/wp-content\/uploads\/F58-Iglesia-parroquial-Nuestra-Senora-de-la-Asuncion-Tembleque-Toledo.jpg\" class=\"attachment-large size-large wp-image-58812\" alt=\"Iglesia parroquial Nuestra Se\u00f1ora de la Asunci\u00f3n, Tembleque, Toledo\" srcset=\"https:\/\/www.elturistatranquil.com\/wp-content\/uploads\/F58-Iglesia-parroquial-Nuestra-Senora-de-la-Asuncion-Tembleque-Toledo.jpg 768w, https:\/\/www.elturistatranquil.com\/wp-content\/uploads\/F58-Iglesia-parroquial-Nuestra-Senora-de-la-Asuncion-Tembleque-Toledo-339x226.jpg 339w\" sizes=\"(max-width: 768px) 100vw, 768px\" \/>\t\t\t\t\t\t\t\t\t\t\t<figcaption class=\"widget-image-caption wp-caption-text\"><\/figcaption>\n\t\t\t\t\t\t\t\t\t\t<\/figure>\n\t\t\t\t\t\t\t\t\t<\/div>\n\t\t\t\t<\/div>\n\t\t\t\t<div class=\"elementor-element elementor-element-a17e005 elementor-widget elementor-widget-image\" data-id=\"a17e005\" data-element_type=\"widget\" data-e-type=\"widget\" data-widget_type=\"image.default\">\n\t\t\t\t<div class=\"elementor-widget-container\">\n\t\t\t\t\t\t\t\t\t\t\t\t<figure class=\"wp-caption\">\n\t\t\t\t\t\t\t\t\t\t<img loading=\"lazy\" decoding=\"async\" width=\"768\" height=\"512\" src=\"https:\/\/www.elturistatranquil.com\/wp-content\/uploads\/F59-Iglesia-parroquial-Nuestra-Senora-de-la-Asuncion-Tembleque-Toledo.jpg\" class=\"attachment-large size-large wp-image-58814\" alt=\"Iglesia parroquial Nuestra Se\u00f1ora de la Asunci\u00f3n, Tembleque, Toledo\" srcset=\"https:\/\/www.elturistatranquil.com\/wp-content\/uploads\/F59-Iglesia-parroquial-Nuestra-Senora-de-la-Asuncion-Tembleque-Toledo.jpg 768w, https:\/\/www.elturistatranquil.com\/wp-content\/uploads\/F59-Iglesia-parroquial-Nuestra-Senora-de-la-Asuncion-Tembleque-Toledo-339x226.jpg 339w\" sizes=\"(max-width: 768px) 100vw, 768px\" \/>\t\t\t\t\t\t\t\t\t\t\t<figcaption class=\"widget-image-caption wp-caption-text\"><\/figcaption>\n\t\t\t\t\t\t\t\t\t\t<\/figure>\n\t\t\t\t\t\t\t\t\t<\/div>\n\t\t\t\t<\/div>\n\t\t\t\t<div class=\"elementor-element elementor-element-5e71366 elementor-widget elementor-widget-image\" data-id=\"5e71366\" data-element_type=\"widget\" data-e-type=\"widget\" data-widget_type=\"image.default\">\n\t\t\t\t<div class=\"elementor-widget-container\">\n\t\t\t\t\t\t\t\t\t\t\t\t<figure class=\"wp-caption\">\n\t\t\t\t\t\t\t\t\t\t<img loading=\"lazy\" decoding=\"async\" width=\"768\" height=\"512\" src=\"https:\/\/www.elturistatranquil.com\/wp-content\/uploads\/F60-Iglesia-parroquial-Nuestra-Senora-de-la-Asuncion-Tembleque-Toledo.jpg\" class=\"attachment-large size-large wp-image-58819\" alt=\"Iglesia parroquial Nuestra Se\u00f1ora de la Asunci\u00f3n, Tembleque, Toledo\" srcset=\"https:\/\/www.elturistatranquil.com\/wp-content\/uploads\/F60-Iglesia-parroquial-Nuestra-Senora-de-la-Asuncion-Tembleque-Toledo.jpg 768w, https:\/\/www.elturistatranquil.com\/wp-content\/uploads\/F60-Iglesia-parroquial-Nuestra-Senora-de-la-Asuncion-Tembleque-Toledo-339x226.jpg 339w\" sizes=\"(max-width: 768px) 100vw, 768px\" \/>\t\t\t\t\t\t\t\t\t\t\t<figcaption class=\"widget-image-caption wp-caption-text\"><\/figcaption>\n\t\t\t\t\t\t\t\t\t\t<\/figure>\n\t\t\t\t\t\t\t\t\t<\/div>\n\t\t\t\t<\/div>\n\t\t\t\t<div class=\"elementor-element elementor-element-3268006 elementor-widget elementor-widget-text-editor\" data-id=\"3268006\" data-element_type=\"widget\" data-e-type=\"widget\" data-widget_type=\"text-editor.default\">\n\t\t\t\t<div class=\"elementor-widget-container\">\n\t\t\t\t\t\t\t\t\t<p>La portada principal als peus \u00e9s d&#8217;estil g\u00f2tic-renaixentista, formada amb arcs carpanells en gradaci\u00f3 flanquejats per dues altes agulles i remat d&#8217;escuts.<\/p>\t\t\t\t\t\t\t\t<\/div>\n\t\t\t\t<\/div>\n\t\t\t\t<div class=\"elementor-element elementor-element-f1a8ad5 elementor-widget elementor-widget-image\" data-id=\"f1a8ad5\" data-element_type=\"widget\" data-e-type=\"widget\" data-widget_type=\"image.default\">\n\t\t\t\t<div class=\"elementor-widget-container\">\n\t\t\t\t\t\t\t\t\t\t\t\t<figure class=\"wp-caption\">\n\t\t\t\t\t\t\t\t\t\t<img loading=\"lazy\" decoding=\"async\" width=\"768\" height=\"512\" src=\"https:\/\/www.elturistatranquil.com\/wp-content\/uploads\/F61-Iglesia-parroquial-Nuestra-Senora-de-la-Asuncion-Tembleque-Toledo.jpg\" class=\"attachment-large size-large wp-image-58821\" alt=\"Iglesia parroquial Nuestra Se\u00f1ora de la Asunci\u00f3n, Tembleque, Toledo\" srcset=\"https:\/\/www.elturistatranquil.com\/wp-content\/uploads\/F61-Iglesia-parroquial-Nuestra-Senora-de-la-Asuncion-Tembleque-Toledo.jpg 768w, https:\/\/www.elturistatranquil.com\/wp-content\/uploads\/F61-Iglesia-parroquial-Nuestra-Senora-de-la-Asuncion-Tembleque-Toledo-339x226.jpg 339w\" sizes=\"(max-width: 768px) 100vw, 768px\" \/>\t\t\t\t\t\t\t\t\t\t\t<figcaption class=\"widget-image-caption wp-caption-text\"><\/figcaption>\n\t\t\t\t\t\t\t\t\t\t<\/figure>\n\t\t\t\t\t\t\t\t\t<\/div>\n\t\t\t\t<\/div>\n\t\t\t\t<div class=\"elementor-element elementor-element-9382fd9 elementor-widget elementor-widget-text-editor\" data-id=\"9382fd9\" data-element_type=\"widget\" data-e-type=\"widget\" data-widget_type=\"text-editor.default\">\n\t\t\t\t<div class=\"elementor-widget-container\">\n\t\t\t\t\t\t\t\t\t<p>Al costat de l&#8217;ep\u00edstola, sobresurt adossada la Capella de la Mare de D\u00e9u del Roser, d&#8217;estil barroc, constru\u00efda el 1756.<\/p>\t\t\t\t\t\t\t\t<\/div>\n\t\t\t\t<\/div>\n\t\t\t\t<div class=\"elementor-element elementor-element-9c6a0d1 elementor-widget elementor-widget-image\" data-id=\"9c6a0d1\" data-element_type=\"widget\" data-e-type=\"widget\" data-widget_type=\"image.default\">\n\t\t\t\t<div class=\"elementor-widget-container\">\n\t\t\t\t\t\t\t\t\t\t\t\t<figure class=\"wp-caption\">\n\t\t\t\t\t\t\t\t\t\t<img loading=\"lazy\" decoding=\"async\" width=\"768\" height=\"512\" src=\"https:\/\/www.elturistatranquil.com\/wp-content\/uploads\/F62-Iglesia-parroquial-Nuestra-Senora-de-la-Asuncion-Tembleque-Toledo.jpg\" class=\"attachment-large size-large wp-image-58823\" alt=\"Iglesia parroquial Nuestra Se\u00f1ora de la Asunci\u00f3n, Tembleque, Toledo\" srcset=\"https:\/\/www.elturistatranquil.com\/wp-content\/uploads\/F62-Iglesia-parroquial-Nuestra-Senora-de-la-Asuncion-Tembleque-Toledo.jpg 768w, https:\/\/www.elturistatranquil.com\/wp-content\/uploads\/F62-Iglesia-parroquial-Nuestra-Senora-de-la-Asuncion-Tembleque-Toledo-339x226.jpg 339w\" sizes=\"(max-width: 768px) 100vw, 768px\" \/>\t\t\t\t\t\t\t\t\t\t\t<figcaption class=\"widget-image-caption wp-caption-text\"><\/figcaption>\n\t\t\t\t\t\t\t\t\t\t<\/figure>\n\t\t\t\t\t\t\t\t\t<\/div>\n\t\t\t\t<\/div>\n\t\t\t\t<div class=\"elementor-element elementor-element-49183ae elementor-widget elementor-widget-text-editor\" data-id=\"49183ae\" data-element_type=\"widget\" data-e-type=\"widget\" data-widget_type=\"text-editor.default\">\n\t\t\t\t<div class=\"elementor-widget-container\">\n\t\t\t\t\t\t\t\t\t<p>L&#8217;absis vuitavat de la cap\u00e7alera posa de manifest la gran al\u00e7ada d&#8217;aquest temple. Destaquen els contraforts sobre uns murs sense obertures d&#8217;il\u00b7luminaci\u00f3.<\/p>\t\t\t\t\t\t\t\t<\/div>\n\t\t\t\t<\/div>\n\t\t\t\t<div class=\"elementor-element elementor-element-174efd2 elementor-widget elementor-widget-image\" data-id=\"174efd2\" data-element_type=\"widget\" data-e-type=\"widget\" data-widget_type=\"image.default\">\n\t\t\t\t<div class=\"elementor-widget-container\">\n\t\t\t\t\t\t\t\t\t\t\t\t<figure class=\"wp-caption\">\n\t\t\t\t\t\t\t\t\t\t<img loading=\"lazy\" decoding=\"async\" width=\"768\" height=\"512\" src=\"https:\/\/www.elturistatranquil.com\/wp-content\/uploads\/F63-Iglesia-parroquial-Nuestra-Senora-de-la-Asuncion-Tembleque-Toledo.jpg\" class=\"attachment-large size-large wp-image-58825\" alt=\"Iglesia parroquial Nuestra Se\u00f1ora de la Asunci\u00f3n, Tembleque, Toledo\" srcset=\"https:\/\/www.elturistatranquil.com\/wp-content\/uploads\/F63-Iglesia-parroquial-Nuestra-Senora-de-la-Asuncion-Tembleque-Toledo.jpg 768w, https:\/\/www.elturistatranquil.com\/wp-content\/uploads\/F63-Iglesia-parroquial-Nuestra-Senora-de-la-Asuncion-Tembleque-Toledo-339x226.jpg 339w\" sizes=\"(max-width: 768px) 100vw, 768px\" \/>\t\t\t\t\t\t\t\t\t\t\t<figcaption class=\"widget-image-caption wp-caption-text\"><\/figcaption>\n\t\t\t\t\t\t\t\t\t\t<\/figure>\n\t\t\t\t\t\t\t\t\t<\/div>\n\t\t\t\t<\/div>\n\t\t\t\t<div class=\"elementor-element elementor-element-eaae2e9 elementor-widget elementor-widget-heading\" data-id=\"eaae2e9\" data-element_type=\"widget\" data-e-type=\"widget\" data-widget_type=\"heading.default\">\n\t\t\t\t<div class=\"elementor-widget-container\">\n\t\t\t\t\t<h3 class=\"elementor-heading-title elementor-size-default\">Casa-Palau de las Torres<\/h3>\t\t\t\t<\/div>\n\t\t\t\t<\/div>\n\t\t\t\t<div class=\"elementor-element elementor-element-b110884 elementor-widget elementor-widget-text-editor\" data-id=\"b110884\" data-element_type=\"widget\" data-e-type=\"widget\" data-widget_type=\"text-editor.default\">\n\t\t\t\t<div class=\"elementor-widget-container\">\n\t\t\t\t\t\t\t\t\t<p><em>B\u00e9 d&#8217;Inter\u00e8s Cultural (BIC)<\/em><\/p><p>Lleugerament allunyada del centre, al <strong>carrer Convento<\/strong> n\u00famero 22, eix d&#8217;expansi\u00f3 cap al sud des de la zona central, hi ha la <strong>Casa-Palau de las Torres<\/strong>, tamb\u00e9 coneguda com a <strong>palau dels Fern\u00e1ndez Alejo<\/strong> (<strong>6<\/strong>).<\/p><p><em>Antonio Fern\u00e1ndez Alejo<\/em> (1707\u20131780), natural de Tembleque, va emigrar a Am\u00e8rica a la primera meitat del segle XVIII, on va amassar una considerable fortuna com a comerciant de llibres al virregnat de Nova Espanya. En tornar, va decidir construir una resid\u00e8ncia que reflect\u00eds el seu estatus social i econ\u00f2mic.<\/p><p>La Casa de las Torres va ser concebuda seguint models de les cases de carregadors a \u00cdndies de Cadis i El Port de Santa Maria, adaptats al context manxec.<\/p><p>Posteriorment, va tenir diversos usos, l&#8217;\u00faltim com a caserna de la Gu\u00e0rdia Civil. Despr\u00e9s de passar per un per\u00edode de progressiu deteriorament, finalment es va decidir la seva rehabilitaci\u00f3 per convertir-lo en hostatgeria de pelegrins del Cam\u00ed de Sant Jaume de Llevant. S&#8217;est\u00e0 a l\u2019espera que s&#8217;inici\u00efn les obres de rehabilitaci\u00f3 ja programades.<\/p>\t\t\t\t\t\t\t\t<\/div>\n\t\t\t\t<\/div>\n\t\t\t\t<div class=\"elementor-element elementor-element-775131a elementor-widget elementor-widget-image\" data-id=\"775131a\" data-element_type=\"widget\" data-e-type=\"widget\" data-widget_type=\"image.default\">\n\t\t\t\t<div class=\"elementor-widget-container\">\n\t\t\t\t\t\t\t\t\t\t\t\t<figure class=\"wp-caption\">\n\t\t\t\t\t\t\t\t\t\t<img loading=\"lazy\" decoding=\"async\" width=\"768\" height=\"512\" src=\"https:\/\/www.elturistatranquil.com\/wp-content\/uploads\/F64-Casa-Palacio-de-las-Torres-Tembleque-Toledo.jpg\" class=\"attachment-large size-large wp-image-58830\" alt=\"Casa-Palacio de las Torres, Tembleque, Toledo\" srcset=\"https:\/\/www.elturistatranquil.com\/wp-content\/uploads\/F64-Casa-Palacio-de-las-Torres-Tembleque-Toledo.jpg 768w, https:\/\/www.elturistatranquil.com\/wp-content\/uploads\/F64-Casa-Palacio-de-las-Torres-Tembleque-Toledo-339x226.jpg 339w\" sizes=\"(max-width: 768px) 100vw, 768px\" \/>\t\t\t\t\t\t\t\t\t\t\t<figcaption class=\"widget-image-caption wp-caption-text\"><\/figcaption>\n\t\t\t\t\t\t\t\t\t\t<\/figure>\n\t\t\t\t\t\t\t\t\t<\/div>\n\t\t\t\t<\/div>\n\t\t\t\t<div class=\"elementor-element elementor-element-f664a18 elementor-widget elementor-widget-text-editor\" data-id=\"f664a18\" data-element_type=\"widget\" data-e-type=\"widget\" data-widget_type=\"text-editor.default\">\n\t\t\t\t<div class=\"elementor-widget-container\">\n\t\t\t\t\t\t\t\t\t<p>La Casa-Palau de las Torres \u00e9s una construcci\u00f3 d&#8217;estil barroc, de planta quadrada, organitzada al voltant d&#8217;un pati central porticat amb doble galeria.<\/p><p>L&#8217;edifici consta de semisoterrani, tres plantes i dues torrasses a les cantonades de la fa\u00e7ana principal, coronades per agulles.<\/p>\t\t\t\t\t\t\t\t<\/div>\n\t\t\t\t<\/div>\n\t\t\t\t<div class=\"elementor-element elementor-element-d566d9f elementor-widget elementor-widget-image\" data-id=\"d566d9f\" data-element_type=\"widget\" data-e-type=\"widget\" data-widget_type=\"image.default\">\n\t\t\t\t<div class=\"elementor-widget-container\">\n\t\t\t\t\t\t\t\t\t\t\t\t<figure class=\"wp-caption\">\n\t\t\t\t\t\t\t\t\t\t<img loading=\"lazy\" decoding=\"async\" width=\"768\" height=\"512\" src=\"https:\/\/www.elturistatranquil.com\/wp-content\/uploads\/F65-Casa-Palacio-de-las-Torres-Tembleque-Toledo.jpg\" class=\"attachment-large size-large wp-image-58832\" alt=\"Casa-Palacio de las Torres, Tembleque, Toledo\" srcset=\"https:\/\/www.elturistatranquil.com\/wp-content\/uploads\/F65-Casa-Palacio-de-las-Torres-Tembleque-Toledo.jpg 768w, https:\/\/www.elturistatranquil.com\/wp-content\/uploads\/F65-Casa-Palacio-de-las-Torres-Tembleque-Toledo-339x226.jpg 339w\" sizes=\"(max-width: 768px) 100vw, 768px\" \/>\t\t\t\t\t\t\t\t\t\t\t<figcaption class=\"widget-image-caption wp-caption-text\"><\/figcaption>\n\t\t\t\t\t\t\t\t\t\t<\/figure>\n\t\t\t\t\t\t\t\t\t<\/div>\n\t\t\t\t<\/div>\n\t\t\t\t<div class=\"elementor-element elementor-element-601ffb3 elementor-widget elementor-widget-image\" data-id=\"601ffb3\" data-element_type=\"widget\" data-e-type=\"widget\" data-widget_type=\"image.default\">\n\t\t\t\t<div class=\"elementor-widget-container\">\n\t\t\t\t\t\t\t\t\t\t\t\t<figure class=\"wp-caption\">\n\t\t\t\t\t\t\t\t\t\t<img loading=\"lazy\" decoding=\"async\" width=\"768\" height=\"512\" src=\"https:\/\/www.elturistatranquil.com\/wp-content\/uploads\/F66-Casa-Palacio-de-las-Torres-Tembleque-Toledo.jpg\" class=\"attachment-large size-large wp-image-58834\" alt=\"Casa-Palacio de las Torres, Tembleque, Toledo\" srcset=\"https:\/\/www.elturistatranquil.com\/wp-content\/uploads\/F66-Casa-Palacio-de-las-Torres-Tembleque-Toledo.jpg 768w, https:\/\/www.elturistatranquil.com\/wp-content\/uploads\/F66-Casa-Palacio-de-las-Torres-Tembleque-Toledo-339x226.jpg 339w\" sizes=\"(max-width: 768px) 100vw, 768px\" \/>\t\t\t\t\t\t\t\t\t\t\t<figcaption class=\"widget-image-caption wp-caption-text\"><\/figcaption>\n\t\t\t\t\t\t\t\t\t\t<\/figure>\n\t\t\t\t\t\t\t\t\t<\/div>\n\t\t\t\t<\/div>\n\t\t\t\t<div class=\"elementor-element elementor-element-bec6a24 elementor-widget elementor-widget-text-editor\" data-id=\"bec6a24\" data-element_type=\"widget\" data-e-type=\"widget\" data-widget_type=\"text-editor.default\">\n\t\t\t\t<div class=\"elementor-widget-container\">\n\t\t\t\t\t\t\t\t\t<p>La fa\u00e7ana, realitzada en ma\u00e7oneria emblanquinada amb carreus a les cantonades, presenta una disposici\u00f3 sim\u00e8trica d\u2019obertures, rematades a la segona altura per frontons semicirculars. La portada barroca, centrada a la fa\u00e7ana oriental, est\u00e0 flanquejada per columnes decorades i coronada per un entaulament trencat sobre el qual se situa un balc\u00f3 de ferro forjat. Al tercer cos destaca l&#8217;escut familiar, flanquejat per dues caravel\u00b7les, s\u00edmbol del car\u00e0cter indi\u00e0 del promotor i de la seva relaci\u00f3 amb Am\u00e8rica.<\/p><p>La reixa dels balcons i la decoraci\u00f3 floral dels frontons completen l&#8217;ornamentaci\u00f3 barroca del conjunt.<\/p>\t\t\t\t\t\t\t\t<\/div>\n\t\t\t\t<\/div>\n\t\t\t\t<div class=\"elementor-element elementor-element-0b383fc elementor-widget elementor-widget-image\" data-id=\"0b383fc\" data-element_type=\"widget\" data-e-type=\"widget\" data-widget_type=\"image.default\">\n\t\t\t\t<div class=\"elementor-widget-container\">\n\t\t\t\t\t\t\t\t\t\t\t\t<figure class=\"wp-caption\">\n\t\t\t\t\t\t\t\t\t\t<img loading=\"lazy\" decoding=\"async\" width=\"768\" height=\"512\" src=\"https:\/\/www.elturistatranquil.com\/wp-content\/uploads\/F68-Casa-Palacio-de-las-Torres-Tembleque-Toledo.jpg\" class=\"attachment-large size-large wp-image-58836\" alt=\"Casa-Palacio de las Torres, Tembleque, Toledo\" srcset=\"https:\/\/www.elturistatranquil.com\/wp-content\/uploads\/F68-Casa-Palacio-de-las-Torres-Tembleque-Toledo.jpg 768w, https:\/\/www.elturistatranquil.com\/wp-content\/uploads\/F68-Casa-Palacio-de-las-Torres-Tembleque-Toledo-339x226.jpg 339w\" sizes=\"(max-width: 768px) 100vw, 768px\" \/>\t\t\t\t\t\t\t\t\t\t\t<figcaption class=\"widget-image-caption wp-caption-text\"><\/figcaption>\n\t\t\t\t\t\t\t\t\t\t<\/figure>\n\t\t\t\t\t\t\t\t\t<\/div>\n\t\t\t\t<\/div>\n\t\t\t\t<div class=\"elementor-element elementor-element-a257d3c elementor-widget elementor-widget-image\" data-id=\"a257d3c\" data-element_type=\"widget\" data-e-type=\"widget\" data-widget_type=\"image.default\">\n\t\t\t\t<div class=\"elementor-widget-container\">\n\t\t\t\t\t\t\t\t\t\t\t\t<figure class=\"wp-caption\">\n\t\t\t\t\t\t\t\t\t\t<img loading=\"lazy\" decoding=\"async\" width=\"768\" height=\"512\" src=\"https:\/\/www.elturistatranquil.com\/wp-content\/uploads\/F69-Casa-Palacio-de-las-Torres-Tembleque-Toledo.jpg\" class=\"attachment-large size-large wp-image-58838\" alt=\"Casa-Palacio de las Torres, Tembleque, Toledo\" srcset=\"https:\/\/www.elturistatranquil.com\/wp-content\/uploads\/F69-Casa-Palacio-de-las-Torres-Tembleque-Toledo.jpg 768w, https:\/\/www.elturistatranquil.com\/wp-content\/uploads\/F69-Casa-Palacio-de-las-Torres-Tembleque-Toledo-339x226.jpg 339w\" sizes=\"(max-width: 768px) 100vw, 768px\" \/>\t\t\t\t\t\t\t\t\t\t\t<figcaption class=\"widget-image-caption wp-caption-text\"><\/figcaption>\n\t\t\t\t\t\t\t\t\t\t<\/figure>\n\t\t\t\t\t\t\t\t\t<\/div>\n\t\t\t\t<\/div>\n\t\t\t\t<div class=\"elementor-element elementor-element-c5dadbe elementor-widget elementor-widget-image\" data-id=\"c5dadbe\" data-element_type=\"widget\" data-e-type=\"widget\" data-widget_type=\"image.default\">\n\t\t\t\t<div class=\"elementor-widget-container\">\n\t\t\t\t\t\t\t\t\t\t\t\t<figure class=\"wp-caption\">\n\t\t\t\t\t\t\t\t\t\t<img loading=\"lazy\" decoding=\"async\" width=\"768\" height=\"512\" src=\"https:\/\/www.elturistatranquil.com\/wp-content\/uploads\/F70-Casa-Palacio-de-las-Torres-Tembleque-Toledo.jpg\" class=\"attachment-large size-large wp-image-58843\" alt=\"Casa-Palacio de las Torres, Tembleque, Toledo\" srcset=\"https:\/\/www.elturistatranquil.com\/wp-content\/uploads\/F70-Casa-Palacio-de-las-Torres-Tembleque-Toledo.jpg 768w, https:\/\/www.elturistatranquil.com\/wp-content\/uploads\/F70-Casa-Palacio-de-las-Torres-Tembleque-Toledo-339x226.jpg 339w\" sizes=\"(max-width: 768px) 100vw, 768px\" \/>\t\t\t\t\t\t\t\t\t\t\t<figcaption class=\"widget-image-caption wp-caption-text\"><\/figcaption>\n\t\t\t\t\t\t\t\t\t\t<\/figure>\n\t\t\t\t\t\t\t\t\t<\/div>\n\t\t\t\t<\/div>\n\t\t\t\t<div class=\"elementor-element elementor-element-3f41b23 elementor-widget elementor-widget-image\" data-id=\"3f41b23\" data-element_type=\"widget\" data-e-type=\"widget\" data-widget_type=\"image.default\">\n\t\t\t\t<div class=\"elementor-widget-container\">\n\t\t\t\t\t\t\t\t\t\t\t\t<figure class=\"wp-caption\">\n\t\t\t\t\t\t\t\t\t\t<img loading=\"lazy\" decoding=\"async\" width=\"768\" height=\"512\" src=\"https:\/\/www.elturistatranquil.com\/wp-content\/uploads\/F71-Casa-Palacio-de-las-Torres-Tembleque-Toledo.jpg\" class=\"attachment-large size-large wp-image-58845\" alt=\"Casa-Palacio de las Torres, Tembleque, Toledo\" srcset=\"https:\/\/www.elturistatranquil.com\/wp-content\/uploads\/F71-Casa-Palacio-de-las-Torres-Tembleque-Toledo.jpg 768w, https:\/\/www.elturistatranquil.com\/wp-content\/uploads\/F71-Casa-Palacio-de-las-Torres-Tembleque-Toledo-339x226.jpg 339w\" sizes=\"(max-width: 768px) 100vw, 768px\" \/>\t\t\t\t\t\t\t\t\t\t\t<figcaption class=\"widget-image-caption wp-caption-text\"><\/figcaption>\n\t\t\t\t\t\t\t\t\t\t<\/figure>\n\t\t\t\t\t\t\t\t\t<\/div>\n\t\t\t\t<\/div>\n\t\t\t\t<div class=\"elementor-element elementor-element-b14e3be elementor-widget elementor-widget-image\" data-id=\"b14e3be\" data-element_type=\"widget\" data-e-type=\"widget\" data-widget_type=\"image.default\">\n\t\t\t\t<div class=\"elementor-widget-container\">\n\t\t\t\t\t\t\t\t\t\t\t\t<figure class=\"wp-caption\">\n\t\t\t\t\t\t\t\t\t\t<img loading=\"lazy\" decoding=\"async\" width=\"768\" height=\"512\" src=\"https:\/\/www.elturistatranquil.com\/wp-content\/uploads\/F72-Casa-Palacio-de-las-Torres-Tembleque-Toledo.jpg\" class=\"attachment-large size-large wp-image-58847\" alt=\"Casa-Palacio de las Torres, Tembleque, Toledo\" srcset=\"https:\/\/www.elturistatranquil.com\/wp-content\/uploads\/F72-Casa-Palacio-de-las-Torres-Tembleque-Toledo.jpg 768w, https:\/\/www.elturistatranquil.com\/wp-content\/uploads\/F72-Casa-Palacio-de-las-Torres-Tembleque-Toledo-339x226.jpg 339w\" sizes=\"(max-width: 768px) 100vw, 768px\" \/>\t\t\t\t\t\t\t\t\t\t\t<figcaption class=\"widget-image-caption wp-caption-text\"><\/figcaption>\n\t\t\t\t\t\t\t\t\t\t<\/figure>\n\t\t\t\t\t\t\t\t\t<\/div>\n\t\t\t\t<\/div>\n\t\t\t\t<div class=\"elementor-element elementor-element-43940cc elementor-widget elementor-widget-text-editor\" data-id=\"43940cc\" data-element_type=\"widget\" data-e-type=\"widget\" data-widget_type=\"text-editor.default\">\n\t\t\t\t<div class=\"elementor-widget-container\">\n\t\t\t\t\t\t\t\t\t<p>Pels costats esquerre i posterior la casa comptava amb un jard\u00ed, element que refor\u00e7ava el seu car\u00e0cter palat\u00ed. Ara \u00e9s un espai obert.<\/p><p>Totes les finestres exteriors de la planta baixa, del cos de l&#8217;edifici i de la seva prolongaci\u00f3 pel costat esquerre de la fa\u00e7ana, aix\u00ed com al mur del carrer lateral mostren l&#8217;inter\u00e8s de ser finestres de reixes protegides amb guardapols de dos models diferents.<\/p>\t\t\t\t\t\t\t\t<\/div>\n\t\t\t\t<\/div>\n\t\t\t\t<div class=\"elementor-element elementor-element-6c0825c elementor-widget elementor-widget-image\" data-id=\"6c0825c\" data-element_type=\"widget\" data-e-type=\"widget\" data-widget_type=\"image.default\">\n\t\t\t\t<div class=\"elementor-widget-container\">\n\t\t\t\t\t\t\t\t\t\t\t\t<figure class=\"wp-caption\">\n\t\t\t\t\t\t\t\t\t\t<img loading=\"lazy\" decoding=\"async\" width=\"768\" height=\"513\" src=\"https:\/\/www.elturistatranquil.com\/wp-content\/uploads\/F73-Casa-Palacio-de-las-Torres-Tembleque-Toledo.jpg\" class=\"attachment-large size-large wp-image-58849\" alt=\"Casa-Palacio de las Torres, Tembleque, Toledo\" srcset=\"https:\/\/www.elturistatranquil.com\/wp-content\/uploads\/F73-Casa-Palacio-de-las-Torres-Tembleque-Toledo.jpg 768w, https:\/\/www.elturistatranquil.com\/wp-content\/uploads\/F73-Casa-Palacio-de-las-Torres-Tembleque-Toledo-339x226.jpg 339w\" sizes=\"(max-width: 768px) 100vw, 768px\" \/>\t\t\t\t\t\t\t\t\t\t\t<figcaption class=\"widget-image-caption wp-caption-text\"><\/figcaption>\n\t\t\t\t\t\t\t\t\t\t<\/figure>\n\t\t\t\t\t\t\t\t\t<\/div>\n\t\t\t\t<\/div>\n\t\t\t\t<div class=\"elementor-element elementor-element-a360437 elementor-widget elementor-widget-image\" data-id=\"a360437\" data-element_type=\"widget\" data-e-type=\"widget\" data-widget_type=\"image.default\">\n\t\t\t\t<div class=\"elementor-widget-container\">\n\t\t\t\t\t\t\t\t\t\t\t\t<figure class=\"wp-caption\">\n\t\t\t\t\t\t\t\t\t\t<img loading=\"lazy\" decoding=\"async\" width=\"768\" height=\"512\" src=\"https:\/\/www.elturistatranquil.com\/wp-content\/uploads\/F74-Casa-Palacio-de-las-Torres-Tembleque-Toledo.jpg\" class=\"attachment-large size-large wp-image-58851\" alt=\"Casa-Palacio de las Torres, Tembleque, Toledo\" srcset=\"https:\/\/www.elturistatranquil.com\/wp-content\/uploads\/F74-Casa-Palacio-de-las-Torres-Tembleque-Toledo.jpg 768w, https:\/\/www.elturistatranquil.com\/wp-content\/uploads\/F74-Casa-Palacio-de-las-Torres-Tembleque-Toledo-339x226.jpg 339w\" sizes=\"(max-width: 768px) 100vw, 768px\" \/>\t\t\t\t\t\t\t\t\t\t\t<figcaption class=\"widget-image-caption wp-caption-text\"><\/figcaption>\n\t\t\t\t\t\t\t\t\t\t<\/figure>\n\t\t\t\t\t\t\t\t\t<\/div>\n\t\t\t\t<\/div>\n\t\t\t\t<div class=\"elementor-element elementor-element-b4ec5cf elementor-widget elementor-widget-text-editor\" data-id=\"b4ec5cf\" data-element_type=\"widget\" data-e-type=\"widget\" data-widget_type=\"text-editor.default\">\n\t\t\t\t<div class=\"elementor-widget-container\">\n\t\t\t\t\t\t\t\t\t<p>Per aquest carrer lateral, el <strong>carrer Fray Francisco de Tembleque<\/strong>, s&#8217;obria una entrada directa a un pati obert en aquest costat<\/p>\t\t\t\t\t\t\t\t<\/div>\n\t\t\t\t<\/div>\n\t\t\t\t<div class=\"elementor-element elementor-element-845a158 elementor-widget elementor-widget-image\" data-id=\"845a158\" data-element_type=\"widget\" data-e-type=\"widget\" data-widget_type=\"image.default\">\n\t\t\t\t<div class=\"elementor-widget-container\">\n\t\t\t\t\t\t\t\t\t\t\t\t<figure class=\"wp-caption\">\n\t\t\t\t\t\t\t\t\t\t<img loading=\"lazy\" decoding=\"async\" width=\"768\" height=\"512\" src=\"https:\/\/www.elturistatranquil.com\/wp-content\/uploads\/F75-Casa-Palacio-de-las-Torres-Tembleque-Toledo.jpg\" class=\"attachment-large size-large wp-image-58856\" alt=\"Casa-Palacio de las Torres, Tembleque, Toledo\" srcset=\"https:\/\/www.elturistatranquil.com\/wp-content\/uploads\/F75-Casa-Palacio-de-las-Torres-Tembleque-Toledo.jpg 768w, https:\/\/www.elturistatranquil.com\/wp-content\/uploads\/F75-Casa-Palacio-de-las-Torres-Tembleque-Toledo-339x226.jpg 339w\" sizes=\"(max-width: 768px) 100vw, 768px\" \/>\t\t\t\t\t\t\t\t\t\t\t<figcaption class=\"widget-image-caption wp-caption-text\"><\/figcaption>\n\t\t\t\t\t\t\t\t\t\t<\/figure>\n\t\t\t\t\t\t\t\t\t<\/div>\n\t\t\t\t<\/div>\n\t\t\t\t<div class=\"elementor-element elementor-element-57e577f elementor-widget elementor-widget-text-editor\" data-id=\"57e577f\" data-element_type=\"widget\" data-e-type=\"widget\" data-widget_type=\"text-editor.default\">\n\t\t\t\t<div class=\"elementor-widget-container\">\n\t\t\t\t\t\t\t\t\t<p>La fa\u00e7ana del palau per aquest costat sobre el pati mantenia l\u2019estil constructiu de la fa\u00e7ana principal.<\/p>\t\t\t\t\t\t\t\t<\/div>\n\t\t\t\t<\/div>\n\t\t\t\t<div class=\"elementor-element elementor-element-2fab66c elementor-widget elementor-widget-image\" data-id=\"2fab66c\" data-element_type=\"widget\" data-e-type=\"widget\" data-widget_type=\"image.default\">\n\t\t\t\t<div class=\"elementor-widget-container\">\n\t\t\t\t\t\t\t\t\t\t\t\t<figure class=\"wp-caption\">\n\t\t\t\t\t\t\t\t\t\t<img loading=\"lazy\" decoding=\"async\" width=\"768\" height=\"512\" src=\"https:\/\/www.elturistatranquil.com\/wp-content\/uploads\/F76-Casa-Palacio-de-las-Torres-Tembleque-Toledo.jpg\" class=\"attachment-large size-large wp-image-58858\" alt=\"Casa-Palacio de las Torres, Tembleque, Toledo\" srcset=\"https:\/\/www.elturistatranquil.com\/wp-content\/uploads\/F76-Casa-Palacio-de-las-Torres-Tembleque-Toledo.jpg 768w, https:\/\/www.elturistatranquil.com\/wp-content\/uploads\/F76-Casa-Palacio-de-las-Torres-Tembleque-Toledo-339x226.jpg 339w\" sizes=\"(max-width: 768px) 100vw, 768px\" \/>\t\t\t\t\t\t\t\t\t\t\t<figcaption class=\"widget-image-caption wp-caption-text\"><\/figcaption>\n\t\t\t\t\t\t\t\t\t\t<\/figure>\n\t\t\t\t\t\t\t\t\t<\/div>\n\t\t\t\t<\/div>\n\t\t\t\t<div class=\"elementor-element elementor-element-f96dd88 elementor-widget elementor-widget-text-editor\" data-id=\"f96dd88\" data-element_type=\"widget\" data-e-type=\"widget\" data-widget_type=\"text-editor.default\">\n\t\t\t\t<div class=\"elementor-widget-container\">\n\t\t\t\t\t\t\t\t\t<p>La part posterior de l&#8217;edifici on s&#8217;hauria de trobar l&#8217;horta del palau, ara pla\u00e7a p\u00fablica, \u00e9s aqu\u00ed un simple mur amb obertures simples a l&#8217;estil tradicional manxec.<\/p>\t\t\t\t\t\t\t\t<\/div>\n\t\t\t\t<\/div>\n\t\t\t\t<div class=\"elementor-element elementor-element-83ff6f5 elementor-widget elementor-widget-image\" data-id=\"83ff6f5\" data-element_type=\"widget\" data-e-type=\"widget\" data-widget_type=\"image.default\">\n\t\t\t\t<div class=\"elementor-widget-container\">\n\t\t\t\t\t\t\t\t\t\t\t\t<figure class=\"wp-caption\">\n\t\t\t\t\t\t\t\t\t\t<img loading=\"lazy\" decoding=\"async\" width=\"768\" height=\"512\" src=\"https:\/\/www.elturistatranquil.com\/wp-content\/uploads\/F77-Casa-Palacio-de-las-Torres-Tembleque-Toledo.jpg\" class=\"attachment-large size-large wp-image-58860\" alt=\"Casa-Palacio de las Torres, Tembleque, Toledo\" srcset=\"https:\/\/www.elturistatranquil.com\/wp-content\/uploads\/F77-Casa-Palacio-de-las-Torres-Tembleque-Toledo.jpg 768w, https:\/\/www.elturistatranquil.com\/wp-content\/uploads\/F77-Casa-Palacio-de-las-Torres-Tembleque-Toledo-339x226.jpg 339w\" sizes=\"(max-width: 768px) 100vw, 768px\" \/>\t\t\t\t\t\t\t\t\t\t\t<figcaption class=\"widget-image-caption wp-caption-text\"><\/figcaption>\n\t\t\t\t\t\t\t\t\t\t<\/figure>\n\t\t\t\t\t\t\t\t\t<\/div>\n\t\t\t\t<\/div>\n\t\t\t\t<div class=\"elementor-element elementor-element-456a35c elementor-widget elementor-widget-heading\" data-id=\"456a35c\" data-element_type=\"widget\" data-e-type=\"widget\" data-widget_type=\"heading.default\">\n\t\t\t\t<div class=\"elementor-widget-container\">\n\t\t\t\t\t<h3 class=\"elementor-heading-title elementor-size-default\">Casa de Postas<\/h3>\t\t\t\t<\/div>\n\t\t\t\t<\/div>\n\t\t\t\t<div class=\"elementor-element elementor-element-af46780 elementor-widget elementor-widget-text-editor\" data-id=\"af46780\" data-element_type=\"widget\" data-e-type=\"widget\" data-widget_type=\"text-editor.default\">\n\t\t\t\t<div class=\"elementor-widget-container\">\n\t\t\t\t\t\t\t\t\t<p>A la sortida nord de la poblaci\u00f3 trobem la <strong>Casa de Postas<\/strong> (<strong>7<\/strong>) de Tembleque situat al <strong>carrer Empedrada<\/strong> n\u00famero 54, al costat de l&#8217;antiga carretera Madrid-Cadis. \u00c9s un exemple d&#8217;arquitectura civil del segle XVIII a la prov\u00edncia de Toledo.<\/p><p>La funci\u00f3 original de la casa de postes era servir com a punt de relleu de cavalleries i descans per a viatgers i correus entre Madrid i Andalusia, una infraestructura essencial a les rutes de comunicaci\u00f3 de l&#8217;Espanya de la Il\u00b7lustraci\u00f3. Aix\u00ed ho testifica la inscripci\u00f3 amb la data de 1777 gravada a la portada principal de l&#8217;edifici.<\/p><p>Despr\u00e9s de perdre la seva funci\u00f3 original com a casa de postes, va ser condicionat com a caserna de la Gu\u00e0rdia Civil. Posteriorment, algunes de les seves estades es van llogar com a habitatges.<\/p><p>Actualment s&#8217;est\u00e0 esperant trobar alguna forma de rehabilitaci\u00f3.<\/p><p>La Casa de Postas \u00e9s un gran casalot de planta rectangular, d&#8217;aproximadament 60 per 40 metres, estructurat en tres cossos principals i dues al\u00e7ades.<\/p><p>L&#8217;arquitectura \u00e9s austera de marcat car\u00e0cter manxec. Els murs s\u00f3n llisos, amb escasses obertures als laterals, i la fa\u00e7ana principal presenta nombroses finestres rectangulars amb reixeria.<\/p><p>Dels tres cossos de la fa\u00e7ana, el central, m\u00e9s elevat, destaca per la seva sobrietat i funcionalitat: acull una portalada d&#8217;acc\u00e9s perllongada per un arc escarser.<\/p>\t\t\t\t\t\t\t\t<\/div>\n\t\t\t\t<\/div>\n\t\t\t\t<div class=\"elementor-element elementor-element-9f2fa94 elementor-widget elementor-widget-image\" data-id=\"9f2fa94\" data-element_type=\"widget\" data-e-type=\"widget\" data-widget_type=\"image.default\">\n\t\t\t\t<div class=\"elementor-widget-container\">\n\t\t\t\t\t\t\t\t\t\t\t\t<figure class=\"wp-caption\">\n\t\t\t\t\t\t\t\t\t\t<img loading=\"lazy\" decoding=\"async\" width=\"768\" height=\"512\" src=\"https:\/\/www.elturistatranquil.com\/wp-content\/uploads\/F78-Casa-de-Postas-Tembleque-Toledo.jpg\" class=\"attachment-large size-large wp-image-58862\" alt=\"Casa de Postas, Tembleque, Toledo\" srcset=\"https:\/\/www.elturistatranquil.com\/wp-content\/uploads\/F78-Casa-de-Postas-Tembleque-Toledo.jpg 768w, https:\/\/www.elturistatranquil.com\/wp-content\/uploads\/F78-Casa-de-Postas-Tembleque-Toledo-339x226.jpg 339w\" sizes=\"(max-width: 768px) 100vw, 768px\" \/>\t\t\t\t\t\t\t\t\t\t\t<figcaption class=\"widget-image-caption wp-caption-text\"><\/figcaption>\n\t\t\t\t\t\t\t\t\t\t<\/figure>\n\t\t\t\t\t\t\t\t\t<\/div>\n\t\t\t\t<\/div>\n\t\t\t\t<div class=\"elementor-element elementor-element-25ece53 elementor-widget elementor-widget-image\" data-id=\"25ece53\" data-element_type=\"widget\" data-e-type=\"widget\" data-widget_type=\"image.default\">\n\t\t\t\t<div class=\"elementor-widget-container\">\n\t\t\t\t\t\t\t\t\t\t\t\t<figure class=\"wp-caption\">\n\t\t\t\t\t\t\t\t\t\t<img loading=\"lazy\" decoding=\"async\" width=\"768\" height=\"512\" src=\"https:\/\/www.elturistatranquil.com\/wp-content\/uploads\/F80-Casa-de-Postas-Tembleque-Toledo.jpg\" class=\"attachment-large size-large wp-image-58864\" alt=\"Casa de Postas, Tembleque, Toledo\" srcset=\"https:\/\/www.elturistatranquil.com\/wp-content\/uploads\/F80-Casa-de-Postas-Tembleque-Toledo.jpg 768w, https:\/\/www.elturistatranquil.com\/wp-content\/uploads\/F80-Casa-de-Postas-Tembleque-Toledo-339x226.jpg 339w\" sizes=\"(max-width: 768px) 100vw, 768px\" \/>\t\t\t\t\t\t\t\t\t\t\t<figcaption class=\"widget-image-caption wp-caption-text\"><\/figcaption>\n\t\t\t\t\t\t\t\t\t\t<\/figure>\n\t\t\t\t\t\t\t\t\t<\/div>\n\t\t\t\t<\/div>\n\t\t\t\t<div class=\"elementor-element elementor-element-4efe6a0 elementor-widget elementor-widget-text-editor\" data-id=\"4efe6a0\" data-element_type=\"widget\" data-e-type=\"widget\" data-widget_type=\"text-editor.default\">\n\t\t\t\t<div class=\"elementor-widget-container\">\n\t\t\t\t\t\t\t\t\t<p>Es mant\u00e9 dempeus gran part del cos de la fa\u00e7ana i la nau central d&#8217;entrada i vest\u00edbul. Mentre que les edificacions de les dues cantonades posteriors estan completament arru\u00efnades.<\/p><p>En envoltar el casalot, el que em va fascinar va ser trobar-me amb un dels elements m\u00e9s interessants de f\u00e0brica de <strong>brenca<\/strong> dins el repertori d&#8217;aquest tipus de construcci\u00f3 popular al territori espanyol.<\/p><p>Als pobles de La Manxa era habitual el sistema de construcci\u00f3 anomenat de t\u00e0pia o terra premsada formant part de la tradici\u00f3 arquitect\u00f2nica local. Un model de f\u00e0brica era l&#8217;anomenat <strong>brenca<\/strong>, on els murs de terra premsada es reforcen als laterals o cantonades mitjan\u00e7ant encadenats formats amb morters de cal\u00e7 o guix i runes formant les brenques que, en la seva vista frontal a la fa\u00e7ana, tenen forma corba m\u00e9s ampla a la base de cada tongada de terres i disminuint cap amunt, deixant buida una mena de cubeta interior que s&#8217;emplenava amb tapial de fang. La brenca dona consist\u00e8ncia, mentre que el tapial disminueix els costos.<\/p><p>Aquesta va ser la primera vegada que vaig tenir ocasi\u00f3 de veure murs de brenca ja que tot el mur lateral del costat nord es conserva complet constru\u00eft d&#8217;aquesta forma, aix\u00ed com els diversos murs interiors que es podien observar entre els murs arru\u00efnats. En haver perdut tot l\u2019arrebossat que protegia el t\u00e0pia ha deixat visible l&#8217;estructura completa d&#8217;un mur de brenca, aix\u00ed com en altres parts de l&#8217;edifici.<\/p>\t\t\t\t\t\t\t\t<\/div>\n\t\t\t\t<\/div>\n\t\t\t\t<div class=\"elementor-element elementor-element-bee1c94 elementor-widget elementor-widget-image\" data-id=\"bee1c94\" data-element_type=\"widget\" data-e-type=\"widget\" data-widget_type=\"image.default\">\n\t\t\t\t<div class=\"elementor-widget-container\">\n\t\t\t\t\t\t\t\t\t\t\t\t<figure class=\"wp-caption\">\n\t\t\t\t\t\t\t\t\t\t<img loading=\"lazy\" decoding=\"async\" width=\"768\" height=\"512\" src=\"https:\/\/www.elturistatranquil.com\/wp-content\/uploads\/F82-Casa-de-Postas-Tembleque-Toledo.jpg\" class=\"attachment-large size-large wp-image-58869\" alt=\"Casa de Postas, Tembleque, Toledo\" srcset=\"https:\/\/www.elturistatranquil.com\/wp-content\/uploads\/F82-Casa-de-Postas-Tembleque-Toledo.jpg 768w, https:\/\/www.elturistatranquil.com\/wp-content\/uploads\/F82-Casa-de-Postas-Tembleque-Toledo-339x226.jpg 339w\" sizes=\"(max-width: 768px) 100vw, 768px\" \/>\t\t\t\t\t\t\t\t\t\t\t<figcaption class=\"widget-image-caption wp-caption-text\"><\/figcaption>\n\t\t\t\t\t\t\t\t\t\t<\/figure>\n\t\t\t\t\t\t\t\t\t<\/div>\n\t\t\t\t<\/div>\n\t\t\t\t<div class=\"elementor-element elementor-element-004e905 elementor-widget elementor-widget-image\" data-id=\"004e905\" data-element_type=\"widget\" data-e-type=\"widget\" data-widget_type=\"image.default\">\n\t\t\t\t<div class=\"elementor-widget-container\">\n\t\t\t\t\t\t\t\t\t\t\t\t<figure class=\"wp-caption\">\n\t\t\t\t\t\t\t\t\t\t<img loading=\"lazy\" decoding=\"async\" width=\"768\" height=\"512\" src=\"https:\/\/www.elturistatranquil.com\/wp-content\/uploads\/F83-Casa-de-Postas-Tembleque-Toledo.jpg\" class=\"attachment-large size-large wp-image-58871\" alt=\"Muro de brenca. Casa de Postas, Tembleque, Toledo\" srcset=\"https:\/\/www.elturistatranquil.com\/wp-content\/uploads\/F83-Casa-de-Postas-Tembleque-Toledo.jpg 768w, https:\/\/www.elturistatranquil.com\/wp-content\/uploads\/F83-Casa-de-Postas-Tembleque-Toledo-339x226.jpg 339w\" sizes=\"(max-width: 768px) 100vw, 768px\" \/>\t\t\t\t\t\t\t\t\t\t\t<figcaption class=\"widget-image-caption wp-caption-text\"><\/figcaption>\n\t\t\t\t\t\t\t\t\t\t<\/figure>\n\t\t\t\t\t\t\t\t\t<\/div>\n\t\t\t\t<\/div>\n\t\t\t\t<div class=\"elementor-element elementor-element-a15ea1b elementor-widget elementor-widget-text-editor\" data-id=\"a15ea1b\" data-element_type=\"widget\" data-e-type=\"widget\" data-widget_type=\"text-editor.default\">\n\t\t\t\t<div class=\"elementor-widget-container\">\n\t\t\t\t\t\t\t\t\t<p>Veiem que la f\u00e0brica constructiva de tot l\u2019edifici era la mateixa.<\/p>\t\t\t\t\t\t\t\t<\/div>\n\t\t\t\t<\/div>\n\t\t\t\t<div class=\"elementor-element elementor-element-c09a481 elementor-widget elementor-widget-image\" data-id=\"c09a481\" data-element_type=\"widget\" data-e-type=\"widget\" data-widget_type=\"image.default\">\n\t\t\t\t<div class=\"elementor-widget-container\">\n\t\t\t\t\t\t\t\t\t\t\t\t<figure class=\"wp-caption\">\n\t\t\t\t\t\t\t\t\t\t<img loading=\"lazy\" decoding=\"async\" width=\"768\" height=\"512\" src=\"https:\/\/www.elturistatranquil.com\/wp-content\/uploads\/F84-Casa-de-Postas-Tembleque-Toledo.jpg\" class=\"attachment-large size-large wp-image-58873\" alt=\"Muro de brenca. Casa de Postas, Tembleque, Toledo\" srcset=\"https:\/\/www.elturistatranquil.com\/wp-content\/uploads\/F84-Casa-de-Postas-Tembleque-Toledo.jpg 768w, https:\/\/www.elturistatranquil.com\/wp-content\/uploads\/F84-Casa-de-Postas-Tembleque-Toledo-339x226.jpg 339w\" sizes=\"(max-width: 768px) 100vw, 768px\" \/>\t\t\t\t\t\t\t\t\t\t\t<figcaption class=\"widget-image-caption wp-caption-text\"><\/figcaption>\n\t\t\t\t\t\t\t\t\t\t<\/figure>\n\t\t\t\t\t\t\t\t\t<\/div>\n\t\t\t\t<\/div>\n\t\t\t\t<div class=\"elementor-element elementor-element-e5661c0 elementor-widget elementor-widget-text-editor\" data-id=\"e5661c0\" data-element_type=\"widget\" data-e-type=\"widget\" data-widget_type=\"text-editor.default\">\n\t\t\t\t<div class=\"elementor-widget-container\">\n\t\t\t\t\t\t\t\t\t<p>La nau transversal central es mant\u00e9 completa. Pel relleu de l&#8217;arrebossat sembla com si hagu\u00e9s existit una obertura sota un gran arc de mig punt posteriorment emplenada.<\/p>\t\t\t\t\t\t\t\t<\/div>\n\t\t\t\t<\/div>\n\t\t\t\t<div class=\"elementor-element elementor-element-557b4b7 elementor-widget elementor-widget-image\" data-id=\"557b4b7\" data-element_type=\"widget\" data-e-type=\"widget\" data-widget_type=\"image.default\">\n\t\t\t\t<div class=\"elementor-widget-container\">\n\t\t\t\t\t\t\t\t\t\t\t\t<figure class=\"wp-caption\">\n\t\t\t\t\t\t\t\t\t\t<img loading=\"lazy\" decoding=\"async\" width=\"768\" height=\"512\" src=\"https:\/\/www.elturistatranquil.com\/wp-content\/uploads\/F85-Casa-de-Postas-Tembleque-Toledo.jpg\" class=\"attachment-large size-large wp-image-58875\" alt=\"Casa de Postas, Tembleque, Toledo\" srcset=\"https:\/\/www.elturistatranquil.com\/wp-content\/uploads\/F85-Casa-de-Postas-Tembleque-Toledo.jpg 768w, https:\/\/www.elturistatranquil.com\/wp-content\/uploads\/F85-Casa-de-Postas-Tembleque-Toledo-339x226.jpg 339w\" sizes=\"(max-width: 768px) 100vw, 768px\" \/>\t\t\t\t\t\t\t\t\t\t\t<figcaption class=\"widget-image-caption wp-caption-text\"><\/figcaption>\n\t\t\t\t\t\t\t\t\t\t<\/figure>\n\t\t\t\t\t\t\t\t\t<\/div>\n\t\t\t\t<\/div>\n\t\t\t\t<div class=\"elementor-element elementor-element-ad555c1 elementor-widget elementor-widget-image\" data-id=\"ad555c1\" data-element_type=\"widget\" data-e-type=\"widget\" data-widget_type=\"image.default\">\n\t\t\t\t<div class=\"elementor-widget-container\">\n\t\t\t\t\t\t\t\t\t\t\t\t<figure class=\"wp-caption\">\n\t\t\t\t\t\t\t\t\t\t<img loading=\"lazy\" decoding=\"async\" width=\"768\" height=\"512\" src=\"https:\/\/www.elturistatranquil.com\/wp-content\/uploads\/F86-Casa-de-Postas-Tembleque-Toledo.jpg\" class=\"attachment-large size-large wp-image-58877\" alt=\"Muro de brenca. Casa de Postas, Tembleque, Toledo\" srcset=\"https:\/\/www.elturistatranquil.com\/wp-content\/uploads\/F86-Casa-de-Postas-Tembleque-Toledo.jpg 768w, https:\/\/www.elturistatranquil.com\/wp-content\/uploads\/F86-Casa-de-Postas-Tembleque-Toledo-339x226.jpg 339w\" sizes=\"(max-width: 768px) 100vw, 768px\" \/>\t\t\t\t\t\t\t\t\t\t\t<figcaption class=\"widget-image-caption wp-caption-text\"><\/figcaption>\n\t\t\t\t\t\t\t\t\t\t<\/figure>\n\t\t\t\t\t\t\t\t\t<\/div>\n\t\t\t\t<\/div>\n\t\t\t\t<div class=\"elementor-element elementor-element-11b39fd elementor-widget elementor-widget-image\" data-id=\"11b39fd\" data-element_type=\"widget\" data-e-type=\"widget\" data-widget_type=\"image.default\">\n\t\t\t\t<div class=\"elementor-widget-container\">\n\t\t\t\t\t\t\t\t\t\t\t\t<figure class=\"wp-caption\">\n\t\t\t\t\t\t\t\t\t\t<img loading=\"lazy\" decoding=\"async\" width=\"768\" height=\"512\" src=\"https:\/\/www.elturistatranquil.com\/wp-content\/uploads\/F87-Casa-de-Postas-Tembleque-Toledo.jpg\" class=\"attachment-large size-large wp-image-58879\" alt=\"Muro de brenca. Casa de Postas, Tembleque, Toledo\" srcset=\"https:\/\/www.elturistatranquil.com\/wp-content\/uploads\/F87-Casa-de-Postas-Tembleque-Toledo.jpg 768w, https:\/\/www.elturistatranquil.com\/wp-content\/uploads\/F87-Casa-de-Postas-Tembleque-Toledo-339x226.jpg 339w\" sizes=\"(max-width: 768px) 100vw, 768px\" \/>\t\t\t\t\t\t\t\t\t\t\t<figcaption class=\"widget-image-caption wp-caption-text\"><\/figcaption>\n\t\t\t\t\t\t\t\t\t\t<\/figure>\n\t\t\t\t\t\t\t\t\t<\/div>\n\t\t\t\t<\/div>\n\t\t\t\t<div class=\"elementor-element elementor-element-7b061e1 elementor-widget elementor-widget-heading\" data-id=\"7b061e1\" data-element_type=\"widget\" data-e-type=\"widget\" data-widget_type=\"heading.default\">\n\t\t\t\t<div class=\"elementor-widget-container\">\n\t\t\t\t\t<h3 class=\"elementor-heading-title elementor-size-default\">Carrers i Arquitectura popular<\/h3>\t\t\t\t<\/div>\n\t\t\t\t<\/div>\n\t\t\t\t<div class=\"elementor-element elementor-element-b701a11 elementor-widget elementor-widget-text-editor\" data-id=\"b701a11\" data-element_type=\"widget\" data-e-type=\"widget\" data-widget_type=\"text-editor.default\">\n\t\t\t\t<div class=\"elementor-widget-container\">\n\t\t\t\t\t\t\t\t\t<p>El model de f\u00e0brica constructiva de brenca que acabem de veure ens porta a observar l&#8217;arquitectura manxega de base popular d&#8217;aquest poble.<\/p><p>Una caracter\u00edstica important de tipus est\u00e8tic \u00e9s el ja assenyalat que s\u00f3n pobles majorit\u00e0riament blancs, on tradicionalment s&#8217;efectuava el blanqueig anual amb beurada de cal\u00e7. Aix\u00f2 els confereix una uniformitat visual que dissimula i disminueix els contrastos entre les formes arquitect\u00f2niques dels edificis, encara que, en nombrosos casos, responguin a est\u00e8tiques i \u00e8poques molt diferenciades.<\/p><p>Dins un model d&#8217;estructura agr\u00e0ria es donaven tres tipus de casa: La <strong>casa de labor urbana<\/strong> amb dues parts ben diferenciades, encara que unides i relacionades entre si: habitatge i zona de treball. La diferenciaci\u00f3 es fa en planta (no en al\u00e7ada). Una \u00e0rea per a la casa-habitaci\u00f3 i, adossada, una altra \u00e0rea \u00e0mplia (corral) per a animals-treball. Les distingim perqu\u00e8 havien de comptar amb dues entrades independents, una per a l&#8217;habitatge i una portalada per a l&#8217;entrada d&#8217;animals, carros i maquin\u00e0ria, pel costat oposat o pel mateix carrer. Solen ser de dues plantes.<\/p><p>La <strong>casa dels assalariats<\/strong> (bracers o peons), que no necessitava espai de treball i, per tant, tampoc de portalada, potser un petit corral. Nom\u00e9s tenia una entrada per a l\u2019habitatge. Solen ser d\u2019una planta.<\/p><p>Les <strong>cases senyorials<\/strong>, formades per un gran edifici palat\u00ed amb amplis patis, i fins i tot jardins. El s\u00edmbol de major estatus es manifestaria per blasons a la fa\u00e7ana i altres s\u00edmbols de poder com a portades esculturals, balconades o torres. Hem tingut ocasi\u00f3 de veure la Casa-Palau de las Torres.<\/p><p>En aquestes localitats, els tres tipus de casa es presenten adossades formant illes, amb m\u00e9s profusi\u00f3 d&#8217;un o altre tipus segons la categoria social de la zona, amb m\u00e9s predominan\u00e7a de casalots senyorials a les zones centrals o carrers m\u00e9s significatius, i m\u00e9s pres\u00e8ncia de les cases de bracers als ravals. Nom\u00e9s els grans palaus podien ocupar tota una illa.<\/p><p>En aquesta presentaci\u00f3 de carrers i edificis comen\u00e7ar\u00e9 per alguns exemples de tra\u00e7at urb\u00e0 i acabar\u00e9 amb mostres tipol\u00f2giques de l&#8217;exterior dels tres tipus de cases exposades.<\/p>\t\t\t\t\t\t\t\t<\/div>\n\t\t\t\t<\/div>\n\t\t\t\t<div class=\"elementor-element elementor-element-577f29be elementor-widget elementor-widget-heading\" data-id=\"577f29be\" data-element_type=\"widget\" data-e-type=\"widget\" data-widget_type=\"heading.default\">\n\t\t\t\t<div class=\"elementor-widget-container\">\n\t\t\t\t\t<h4 class=\"elementor-heading-title elementor-size-default\">Carres<\/h4>\t\t\t\t<\/div>\n\t\t\t\t<\/div>\n\t\t\t\t<div class=\"elementor-element elementor-element-8fa132e elementor-widget elementor-widget-text-editor\" data-id=\"8fa132e\" data-element_type=\"widget\" data-e-type=\"widget\" data-widget_type=\"text-editor.default\">\n\t\t\t\t<div class=\"elementor-widget-container\">\n\t\t\t\t\t\t\t\t\t<p>Els elements estructurals de l&#8217;estil manxec es podrien resumir preponderantment en dos nivells d&#8217;altures; un per a cases de bracers i tres per a les cases senyorials.<\/p><p>A la f\u00e0brica i les fa\u00e7anes: s\u00f2cols de pedra; parets blanques; balcons amb baranes met\u00e0l\u00b7liques; balcons sortints, amb balustrada i suports de fusta o tancats de vidre m\u00e9s moderns.<\/p><p>Els carrers generalment sinuosos, partint de forma m\u00e9s o menys radial del centre urb\u00e0 concretat a la pla\u00e7a major i l&#8217;esgl\u00e9sia principal. Quan es produeixen eixamples es poden dissenyar algunes avingudes amb tend\u00e8ncia rectil\u00ednia i m\u00e9s pes de l&#8217;ortogonalitat de les illes.<\/p>\t\t\t\t\t\t\t\t<\/div>\n\t\t\t\t<\/div>\n\t\t\t\t<div class=\"elementor-element elementor-element-749fed8 elementor-widget elementor-widget-image\" data-id=\"749fed8\" data-element_type=\"widget\" data-e-type=\"widget\" data-widget_type=\"image.default\">\n\t\t\t\t<div class=\"elementor-widget-container\">\n\t\t\t\t\t\t\t\t\t\t\t\t<figure class=\"wp-caption\">\n\t\t\t\t\t\t\t\t\t\t<img loading=\"lazy\" decoding=\"async\" width=\"768\" height=\"512\" src=\"https:\/\/www.elturistatranquil.com\/wp-content\/uploads\/F89-Tembleque-Toledo.jpg\" class=\"attachment-large size-large wp-image-58884\" alt=\"Tembleque, Toledo\" srcset=\"https:\/\/www.elturistatranquil.com\/wp-content\/uploads\/F89-Tembleque-Toledo.jpg 768w, https:\/\/www.elturistatranquil.com\/wp-content\/uploads\/F89-Tembleque-Toledo-339x226.jpg 339w\" sizes=\"(max-width: 768px) 100vw, 768px\" \/>\t\t\t\t\t\t\t\t\t\t\t<figcaption class=\"widget-image-caption wp-caption-text\"><\/figcaption>\n\t\t\t\t\t\t\t\t\t\t<\/figure>\n\t\t\t\t\t\t\t\t\t<\/div>\n\t\t\t\t<\/div>\n\t\t\t\t<div class=\"elementor-element elementor-element-12abe0c elementor-widget elementor-widget-image\" data-id=\"12abe0c\" data-element_type=\"widget\" data-e-type=\"widget\" data-widget_type=\"image.default\">\n\t\t\t\t<div class=\"elementor-widget-container\">\n\t\t\t\t\t\t\t\t\t\t\t\t<figure class=\"wp-caption\">\n\t\t\t\t\t\t\t\t\t\t<img loading=\"lazy\" decoding=\"async\" width=\"768\" height=\"512\" src=\"https:\/\/www.elturistatranquil.com\/wp-content\/uploads\/F90-Tembleque-Toledo.jpg\" class=\"attachment-large size-large wp-image-58886\" alt=\"Tembleque, Toledo\" srcset=\"https:\/\/www.elturistatranquil.com\/wp-content\/uploads\/F90-Tembleque-Toledo.jpg 768w, https:\/\/www.elturistatranquil.com\/wp-content\/uploads\/F90-Tembleque-Toledo-339x226.jpg 339w\" sizes=\"(max-width: 768px) 100vw, 768px\" \/>\t\t\t\t\t\t\t\t\t\t\t<figcaption class=\"widget-image-caption wp-caption-text\"><\/figcaption>\n\t\t\t\t\t\t\t\t\t\t<\/figure>\n\t\t\t\t\t\t\t\t\t<\/div>\n\t\t\t\t<\/div>\n\t\t\t\t<div class=\"elementor-element elementor-element-930b69f elementor-widget elementor-widget-image\" data-id=\"930b69f\" data-element_type=\"widget\" data-e-type=\"widget\" data-widget_type=\"image.default\">\n\t\t\t\t<div class=\"elementor-widget-container\">\n\t\t\t\t\t\t\t\t\t\t\t\t<figure class=\"wp-caption\">\n\t\t\t\t\t\t\t\t\t\t<img loading=\"lazy\" decoding=\"async\" width=\"768\" height=\"512\" src=\"https:\/\/www.elturistatranquil.com\/wp-content\/uploads\/F91-Tembleque-Toledo.jpg\" class=\"attachment-large size-large wp-image-58888\" alt=\"Tembleque, Toledo\" srcset=\"https:\/\/www.elturistatranquil.com\/wp-content\/uploads\/F91-Tembleque-Toledo.jpg 768w, https:\/\/www.elturistatranquil.com\/wp-content\/uploads\/F91-Tembleque-Toledo-339x226.jpg 339w\" sizes=\"(max-width: 768px) 100vw, 768px\" \/>\t\t\t\t\t\t\t\t\t\t\t<figcaption class=\"widget-image-caption wp-caption-text\"><\/figcaption>\n\t\t\t\t\t\t\t\t\t\t<\/figure>\n\t\t\t\t\t\t\t\t\t<\/div>\n\t\t\t\t<\/div>\n\t\t\t\t<div class=\"elementor-element elementor-element-4a5f594 elementor-widget elementor-widget-image\" data-id=\"4a5f594\" data-element_type=\"widget\" data-e-type=\"widget\" data-widget_type=\"image.default\">\n\t\t\t\t<div class=\"elementor-widget-container\">\n\t\t\t\t\t\t\t\t\t\t\t\t<figure class=\"wp-caption\">\n\t\t\t\t\t\t\t\t\t\t<img loading=\"lazy\" decoding=\"async\" width=\"768\" height=\"512\" src=\"https:\/\/www.elturistatranquil.com\/wp-content\/uploads\/F92-Tembleque-Toledo.jpg\" class=\"attachment-large size-large wp-image-58890\" alt=\"Tembleque, Toledo\" srcset=\"https:\/\/www.elturistatranquil.com\/wp-content\/uploads\/F92-Tembleque-Toledo.jpg 768w, https:\/\/www.elturistatranquil.com\/wp-content\/uploads\/F92-Tembleque-Toledo-339x226.jpg 339w\" sizes=\"(max-width: 768px) 100vw, 768px\" \/>\t\t\t\t\t\t\t\t\t\t\t<figcaption class=\"widget-image-caption wp-caption-text\"><\/figcaption>\n\t\t\t\t\t\t\t\t\t\t<\/figure>\n\t\t\t\t\t\t\t\t\t<\/div>\n\t\t\t\t<\/div>\n\t\t\t\t<div class=\"elementor-element elementor-element-92bc1fe elementor-widget elementor-widget-image\" data-id=\"92bc1fe\" data-element_type=\"widget\" data-e-type=\"widget\" data-widget_type=\"image.default\">\n\t\t\t\t<div class=\"elementor-widget-container\">\n\t\t\t\t\t\t\t\t\t\t\t\t<figure class=\"wp-caption\">\n\t\t\t\t\t\t\t\t\t\t<img loading=\"lazy\" decoding=\"async\" width=\"768\" height=\"512\" src=\"https:\/\/www.elturistatranquil.com\/wp-content\/uploads\/F93-Tembleque-Toledo-1.jpg\" class=\"attachment-large size-large wp-image-58892\" alt=\"Tembleque, Toledo\" srcset=\"https:\/\/www.elturistatranquil.com\/wp-content\/uploads\/F93-Tembleque-Toledo-1.jpg 768w, https:\/\/www.elturistatranquil.com\/wp-content\/uploads\/F93-Tembleque-Toledo-1-339x226.jpg 339w\" sizes=\"(max-width: 768px) 100vw, 768px\" \/>\t\t\t\t\t\t\t\t\t\t\t<figcaption class=\"widget-image-caption wp-caption-text\"><\/figcaption>\n\t\t\t\t\t\t\t\t\t\t<\/figure>\n\t\t\t\t\t\t\t\t\t<\/div>\n\t\t\t\t<\/div>\n\t\t\t\t<div class=\"elementor-element elementor-element-02581a7 elementor-widget elementor-widget-image\" data-id=\"02581a7\" data-element_type=\"widget\" data-e-type=\"widget\" data-widget_type=\"image.default\">\n\t\t\t\t<div class=\"elementor-widget-container\">\n\t\t\t\t\t\t\t\t\t\t\t\t<figure class=\"wp-caption\">\n\t\t\t\t\t\t\t\t\t\t<img loading=\"lazy\" decoding=\"async\" width=\"768\" height=\"512\" src=\"https:\/\/www.elturistatranquil.com\/wp-content\/uploads\/F94-Tembleque-Toledo-1.jpg\" class=\"attachment-large size-large wp-image-58897\" alt=\"Tembleque, Toledo\" srcset=\"https:\/\/www.elturistatranquil.com\/wp-content\/uploads\/F94-Tembleque-Toledo-1.jpg 768w, https:\/\/www.elturistatranquil.com\/wp-content\/uploads\/F94-Tembleque-Toledo-1-339x226.jpg 339w\" sizes=\"(max-width: 768px) 100vw, 768px\" \/>\t\t\t\t\t\t\t\t\t\t\t<figcaption class=\"widget-image-caption wp-caption-text\"><\/figcaption>\n\t\t\t\t\t\t\t\t\t\t<\/figure>\n\t\t\t\t\t\t\t\t\t<\/div>\n\t\t\t\t<\/div>\n\t\t\t\t<div class=\"elementor-element elementor-element-a988a3a elementor-widget elementor-widget-image\" data-id=\"a988a3a\" data-element_type=\"widget\" data-e-type=\"widget\" data-widget_type=\"image.default\">\n\t\t\t\t<div class=\"elementor-widget-container\">\n\t\t\t\t\t\t\t\t\t\t\t\t<figure class=\"wp-caption\">\n\t\t\t\t\t\t\t\t\t\t<img loading=\"lazy\" decoding=\"async\" width=\"768\" height=\"511\" src=\"https:\/\/www.elturistatranquil.com\/wp-content\/uploads\/F100-Tembleque-Toledo.jpg\" class=\"attachment-large size-large wp-image-58912\" alt=\"Tembleque, Toledo\" srcset=\"https:\/\/www.elturistatranquil.com\/wp-content\/uploads\/F100-Tembleque-Toledo.jpg 768w, https:\/\/www.elturistatranquil.com\/wp-content\/uploads\/F100-Tembleque-Toledo-339x226.jpg 339w\" sizes=\"(max-width: 768px) 100vw, 768px\" \/>\t\t\t\t\t\t\t\t\t\t\t<figcaption class=\"widget-image-caption wp-caption-text\"><\/figcaption>\n\t\t\t\t\t\t\t\t\t\t<\/figure>\n\t\t\t\t\t\t\t\t\t<\/div>\n\t\t\t\t<\/div>\n\t\t\t\t<div class=\"elementor-element elementor-element-b5b74ce elementor-widget elementor-widget-heading\" data-id=\"b5b74ce\" data-element_type=\"widget\" data-e-type=\"widget\" data-widget_type=\"heading.default\">\n\t\t\t\t<div class=\"elementor-widget-container\">\n\t\t\t\t\t<h4 class=\"elementor-heading-title elementor-size-default\">Cases i elements arquitect\u00f2nics<\/h4>\t\t\t\t<\/div>\n\t\t\t\t<\/div>\n\t\t\t\t<div class=\"elementor-element elementor-element-a6a3fe3 elementor-widget elementor-widget-image\" data-id=\"a6a3fe3\" data-element_type=\"widget\" data-e-type=\"widget\" data-widget_type=\"image.default\">\n\t\t\t\t<div class=\"elementor-widget-container\">\n\t\t\t\t\t\t\t\t\t\t\t\t<figure class=\"wp-caption\">\n\t\t\t\t\t\t\t\t\t\t<img loading=\"lazy\" decoding=\"async\" width=\"768\" height=\"512\" src=\"https:\/\/www.elturistatranquil.com\/wp-content\/uploads\/F95-Tembleque-Toledo-1.jpg\" class=\"attachment-large size-large wp-image-58899\" alt=\"Tembleque, Toledo\" srcset=\"https:\/\/www.elturistatranquil.com\/wp-content\/uploads\/F95-Tembleque-Toledo-1.jpg 768w, https:\/\/www.elturistatranquil.com\/wp-content\/uploads\/F95-Tembleque-Toledo-1-339x226.jpg 339w\" sizes=\"(max-width: 768px) 100vw, 768px\" \/>\t\t\t\t\t\t\t\t\t\t\t<figcaption class=\"widget-image-caption wp-caption-text\"><\/figcaption>\n\t\t\t\t\t\t\t\t\t\t<\/figure>\n\t\t\t\t\t\t\t\t\t<\/div>\n\t\t\t\t<\/div>\n\t\t\t\t<div class=\"elementor-element elementor-element-2247e38 elementor-widget elementor-widget-image\" data-id=\"2247e38\" data-element_type=\"widget\" data-e-type=\"widget\" data-widget_type=\"image.default\">\n\t\t\t\t<div class=\"elementor-widget-container\">\n\t\t\t\t\t\t\t\t\t\t\t\t<figure class=\"wp-caption\">\n\t\t\t\t\t\t\t\t\t\t<img loading=\"lazy\" decoding=\"async\" width=\"768\" height=\"512\" src=\"https:\/\/www.elturistatranquil.com\/wp-content\/uploads\/F96-Tembleque-Toledo.jpg\" class=\"attachment-large size-large wp-image-58901\" alt=\"Tembleque, Toledo\" srcset=\"https:\/\/www.elturistatranquil.com\/wp-content\/uploads\/F96-Tembleque-Toledo.jpg 768w, https:\/\/www.elturistatranquil.com\/wp-content\/uploads\/F96-Tembleque-Toledo-339x226.jpg 339w\" sizes=\"(max-width: 768px) 100vw, 768px\" \/>\t\t\t\t\t\t\t\t\t\t\t<figcaption class=\"widget-image-caption wp-caption-text\"><\/figcaption>\n\t\t\t\t\t\t\t\t\t\t<\/figure>\n\t\t\t\t\t\t\t\t\t<\/div>\n\t\t\t\t<\/div>\n\t\t\t\t<div class=\"elementor-element elementor-element-1f0bc7d elementor-widget elementor-widget-image\" data-id=\"1f0bc7d\" data-element_type=\"widget\" data-e-type=\"widget\" data-widget_type=\"image.default\">\n\t\t\t\t<div class=\"elementor-widget-container\">\n\t\t\t\t\t\t\t\t\t\t\t\t<figure class=\"wp-caption\">\n\t\t\t\t\t\t\t\t\t\t<img loading=\"lazy\" decoding=\"async\" width=\"768\" height=\"512\" src=\"https:\/\/www.elturistatranquil.com\/wp-content\/uploads\/F97-Tembleque-Toledo.jpg\" class=\"attachment-large size-large wp-image-58903\" alt=\"Tembleque, Toledo\" srcset=\"https:\/\/www.elturistatranquil.com\/wp-content\/uploads\/F97-Tembleque-Toledo.jpg 768w, https:\/\/www.elturistatranquil.com\/wp-content\/uploads\/F97-Tembleque-Toledo-339x226.jpg 339w\" sizes=\"(max-width: 768px) 100vw, 768px\" \/>\t\t\t\t\t\t\t\t\t\t\t<figcaption class=\"widget-image-caption wp-caption-text\"><\/figcaption>\n\t\t\t\t\t\t\t\t\t\t<\/figure>\n\t\t\t\t\t\t\t\t\t<\/div>\n\t\t\t\t<\/div>\n\t\t\t\t<div class=\"elementor-element elementor-element-0f983f5 elementor-widget elementor-widget-image\" data-id=\"0f983f5\" data-element_type=\"widget\" data-e-type=\"widget\" data-widget_type=\"image.default\">\n\t\t\t\t<div class=\"elementor-widget-container\">\n\t\t\t\t\t\t\t\t\t\t\t\t<figure class=\"wp-caption\">\n\t\t\t\t\t\t\t\t\t\t<img loading=\"lazy\" decoding=\"async\" width=\"768\" height=\"512\" src=\"https:\/\/www.elturistatranquil.com\/wp-content\/uploads\/F98-Tembleque-Toledo.jpg\" class=\"attachment-large size-large wp-image-58908\" alt=\"Tembleque, Toledo\" srcset=\"https:\/\/www.elturistatranquil.com\/wp-content\/uploads\/F98-Tembleque-Toledo.jpg 768w, https:\/\/www.elturistatranquil.com\/wp-content\/uploads\/F98-Tembleque-Toledo-339x226.jpg 339w\" sizes=\"(max-width: 768px) 100vw, 768px\" \/>\t\t\t\t\t\t\t\t\t\t\t<figcaption class=\"widget-image-caption wp-caption-text\"><\/figcaption>\n\t\t\t\t\t\t\t\t\t\t<\/figure>\n\t\t\t\t\t\t\t\t\t<\/div>\n\t\t\t\t<\/div>\n\t\t\t\t<div class=\"elementor-element elementor-element-018d741 elementor-widget elementor-widget-image\" data-id=\"018d741\" data-element_type=\"widget\" data-e-type=\"widget\" data-widget_type=\"image.default\">\n\t\t\t\t<div class=\"elementor-widget-container\">\n\t\t\t\t\t\t\t\t\t\t\t\t<figure class=\"wp-caption\">\n\t\t\t\t\t\t\t\t\t\t<img loading=\"lazy\" decoding=\"async\" width=\"768\" height=\"512\" src=\"https:\/\/www.elturistatranquil.com\/wp-content\/uploads\/F99-Tembleque-Toledo.jpg\" class=\"attachment-large size-large wp-image-58910\" alt=\"Tembleque, Toledo\" srcset=\"https:\/\/www.elturistatranquil.com\/wp-content\/uploads\/F99-Tembleque-Toledo.jpg 768w, https:\/\/www.elturistatranquil.com\/wp-content\/uploads\/F99-Tembleque-Toledo-339x226.jpg 339w\" sizes=\"(max-width: 768px) 100vw, 768px\" \/>\t\t\t\t\t\t\t\t\t\t\t<figcaption class=\"widget-image-caption wp-caption-text\"><\/figcaption>\n\t\t\t\t\t\t\t\t\t\t<\/figure>\n\t\t\t\t\t\t\t\t\t<\/div>\n\t\t\t\t<\/div>\n\t\t\t\t<div class=\"elementor-element elementor-element-fcccc36 elementor-widget elementor-widget-image\" data-id=\"fcccc36\" data-element_type=\"widget\" data-e-type=\"widget\" data-widget_type=\"image.default\">\n\t\t\t\t<div class=\"elementor-widget-container\">\n\t\t\t\t\t\t\t\t\t\t\t\t<figure class=\"wp-caption\">\n\t\t\t\t\t\t\t\t\t\t<img loading=\"lazy\" decoding=\"async\" width=\"768\" height=\"512\" src=\"https:\/\/www.elturistatranquil.com\/wp-content\/uploads\/F101-Tembleque-Toledo.jpg\" class=\"attachment-large size-large wp-image-58914\" alt=\"Tembleque, Toledo\" srcset=\"https:\/\/www.elturistatranquil.com\/wp-content\/uploads\/F101-Tembleque-Toledo.jpg 768w, https:\/\/www.elturistatranquil.com\/wp-content\/uploads\/F101-Tembleque-Toledo-339x226.jpg 339w\" sizes=\"(max-width: 768px) 100vw, 768px\" \/>\t\t\t\t\t\t\t\t\t\t\t<figcaption class=\"widget-image-caption wp-caption-text\"><\/figcaption>\n\t\t\t\t\t\t\t\t\t\t<\/figure>\n\t\t\t\t\t\t\t\t\t<\/div>\n\t\t\t\t<\/div>\n\t\t\t\t<div class=\"elementor-element elementor-element-41614ca elementor-widget elementor-widget-image\" data-id=\"41614ca\" data-element_type=\"widget\" data-e-type=\"widget\" data-widget_type=\"image.default\">\n\t\t\t\t<div class=\"elementor-widget-container\">\n\t\t\t\t\t\t\t\t\t\t\t\t<figure class=\"wp-caption\">\n\t\t\t\t\t\t\t\t\t\t<img loading=\"lazy\" decoding=\"async\" width=\"768\" height=\"512\" src=\"https:\/\/www.elturistatranquil.com\/wp-content\/uploads\/F102-Tembleque-Toledo.jpg\" class=\"attachment-large size-large wp-image-58916\" alt=\"Tembleque, Toledo\" srcset=\"https:\/\/www.elturistatranquil.com\/wp-content\/uploads\/F102-Tembleque-Toledo.jpg 768w, https:\/\/www.elturistatranquil.com\/wp-content\/uploads\/F102-Tembleque-Toledo-339x226.jpg 339w\" sizes=\"(max-width: 768px) 100vw, 768px\" \/>\t\t\t\t\t\t\t\t\t\t\t<figcaption class=\"widget-image-caption wp-caption-text\"><\/figcaption>\n\t\t\t\t\t\t\t\t\t\t<\/figure>\n\t\t\t\t\t\t\t\t\t<\/div>\n\t\t\t\t<\/div>\n\t\t\t\t<div class=\"elementor-element elementor-element-d5eeef6 elementor-widget elementor-widget-image\" data-id=\"d5eeef6\" data-element_type=\"widget\" data-e-type=\"widget\" data-widget_type=\"image.default\">\n\t\t\t\t<div class=\"elementor-widget-container\">\n\t\t\t\t\t\t\t\t\t\t\t\t<figure class=\"wp-caption\">\n\t\t\t\t\t\t\t\t\t\t<img loading=\"lazy\" decoding=\"async\" width=\"768\" height=\"512\" src=\"https:\/\/www.elturistatranquil.com\/wp-content\/uploads\/F103-Tembleque-Toledo.jpg\" class=\"attachment-large size-large wp-image-58918\" alt=\"Tembleque, Toledo\" srcset=\"https:\/\/www.elturistatranquil.com\/wp-content\/uploads\/F103-Tembleque-Toledo.jpg 768w, https:\/\/www.elturistatranquil.com\/wp-content\/uploads\/F103-Tembleque-Toledo-339x226.jpg 339w\" sizes=\"(max-width: 768px) 100vw, 768px\" \/>\t\t\t\t\t\t\t\t\t\t\t<figcaption class=\"widget-image-caption wp-caption-text\"><\/figcaption>\n\t\t\t\t\t\t\t\t\t\t<\/figure>\n\t\t\t\t\t\t\t\t\t<\/div>\n\t\t\t\t<\/div>\n\t\t\t\t<div class=\"elementor-element elementor-element-1f96bfa elementor-widget elementor-widget-image\" data-id=\"1f96bfa\" data-element_type=\"widget\" data-e-type=\"widget\" data-widget_type=\"image.default\">\n\t\t\t\t<div class=\"elementor-widget-container\">\n\t\t\t\t\t\t\t\t\t\t\t\t<figure class=\"wp-caption\">\n\t\t\t\t\t\t\t\t\t\t<img loading=\"lazy\" decoding=\"async\" width=\"768\" height=\"512\" src=\"https:\/\/www.elturistatranquil.com\/wp-content\/uploads\/F104-Tembleque-Toledo.jpg\" class=\"attachment-large size-large wp-image-58920\" alt=\"F100\" srcset=\"https:\/\/www.elturistatranquil.com\/wp-content\/uploads\/F104-Tembleque-Toledo.jpg 768w, https:\/\/www.elturistatranquil.com\/wp-content\/uploads\/F104-Tembleque-Toledo-339x226.jpg 339w\" sizes=\"(max-width: 768px) 100vw, 768px\" \/>\t\t\t\t\t\t\t\t\t\t\t<figcaption class=\"widget-image-caption wp-caption-text\"><\/figcaption>\n\t\t\t\t\t\t\t\t\t\t<\/figure>\n\t\t\t\t\t\t\t\t\t<\/div>\n\t\t\t\t<\/div>\n\t\t\t\t<div class=\"elementor-element elementor-element-88220a5 elementor-widget elementor-widget-image\" data-id=\"88220a5\" data-element_type=\"widget\" data-e-type=\"widget\" data-widget_type=\"image.default\">\n\t\t\t\t<div class=\"elementor-widget-container\">\n\t\t\t\t\t\t\t\t\t\t\t\t<figure class=\"wp-caption\">\n\t\t\t\t\t\t\t\t\t\t<img loading=\"lazy\" decoding=\"async\" width=\"768\" height=\"512\" src=\"https:\/\/www.elturistatranquil.com\/wp-content\/uploads\/F108-Tembleque-Toledo.jpg\" class=\"attachment-large size-large wp-image-58934\" alt=\"F108\" srcset=\"https:\/\/www.elturistatranquil.com\/wp-content\/uploads\/F108-Tembleque-Toledo.jpg 768w, https:\/\/www.elturistatranquil.com\/wp-content\/uploads\/F108-Tembleque-Toledo-339x226.jpg 339w\" sizes=\"(max-width: 768px) 100vw, 768px\" \/>\t\t\t\t\t\t\t\t\t\t\t<figcaption class=\"widget-image-caption wp-caption-text\"><\/figcaption>\n\t\t\t\t\t\t\t\t\t\t<\/figure>\n\t\t\t\t\t\t\t\t\t<\/div>\n\t\t\t\t<\/div>\n\t\t\t\t<div class=\"elementor-element elementor-element-2f57c15 elementor-widget elementor-widget-image\" data-id=\"2f57c15\" data-element_type=\"widget\" data-e-type=\"widget\" data-widget_type=\"image.default\">\n\t\t\t\t<div class=\"elementor-widget-container\">\n\t\t\t\t\t\t\t\t\t\t\t\t<figure class=\"wp-caption\">\n\t\t\t\t\t\t\t\t\t\t<img loading=\"lazy\" decoding=\"async\" width=\"768\" height=\"512\" src=\"https:\/\/www.elturistatranquil.com\/wp-content\/uploads\/F105-Tembleque-Toledo.jpg\" class=\"attachment-large size-large wp-image-58925\" alt=\"Tembleque, Toledo\" srcset=\"https:\/\/www.elturistatranquil.com\/wp-content\/uploads\/F105-Tembleque-Toledo.jpg 768w, https:\/\/www.elturistatranquil.com\/wp-content\/uploads\/F105-Tembleque-Toledo-339x226.jpg 339w\" sizes=\"(max-width: 768px) 100vw, 768px\" \/>\t\t\t\t\t\t\t\t\t\t\t<figcaption class=\"widget-image-caption wp-caption-text\"><\/figcaption>\n\t\t\t\t\t\t\t\t\t\t<\/figure>\n\t\t\t\t\t\t\t\t\t<\/div>\n\t\t\t\t<\/div>\n\t\t\t\t<div class=\"elementor-element elementor-element-6d9e8b2 elementor-widget elementor-widget-image\" data-id=\"6d9e8b2\" data-element_type=\"widget\" data-e-type=\"widget\" data-widget_type=\"image.default\">\n\t\t\t\t<div class=\"elementor-widget-container\">\n\t\t\t\t\t\t\t\t\t\t\t\t<figure class=\"wp-caption\">\n\t\t\t\t\t\t\t\t\t\t<img loading=\"lazy\" decoding=\"async\" width=\"768\" height=\"512\" src=\"https:\/\/www.elturistatranquil.com\/wp-content\/uploads\/F106-Tembleque-Toledo.jpg\" class=\"attachment-large size-large wp-image-58927\" alt=\"Tembleque, Toledo\" srcset=\"https:\/\/www.elturistatranquil.com\/wp-content\/uploads\/F106-Tembleque-Toledo.jpg 768w, https:\/\/www.elturistatranquil.com\/wp-content\/uploads\/F106-Tembleque-Toledo-339x226.jpg 339w\" sizes=\"(max-width: 768px) 100vw, 768px\" \/>\t\t\t\t\t\t\t\t\t\t\t<figcaption class=\"widget-image-caption wp-caption-text\"><\/figcaption>\n\t\t\t\t\t\t\t\t\t\t<\/figure>\n\t\t\t\t\t\t\t\t\t<\/div>\n\t\t\t\t<\/div>\n\t\t\t\t<div class=\"elementor-element elementor-element-f42fb09 elementor-widget elementor-widget-image\" data-id=\"f42fb09\" data-element_type=\"widget\" data-e-type=\"widget\" data-widget_type=\"image.default\">\n\t\t\t\t<div class=\"elementor-widget-container\">\n\t\t\t\t\t\t\t\t\t\t\t\t<figure class=\"wp-caption\">\n\t\t\t\t\t\t\t\t\t\t<img loading=\"lazy\" decoding=\"async\" width=\"768\" height=\"512\" src=\"https:\/\/www.elturistatranquil.com\/wp-content\/uploads\/F107-Tembleque-Toledo.jpg\" class=\"attachment-large size-large wp-image-58929\" alt=\"Tembleque, Toledo\" srcset=\"https:\/\/www.elturistatranquil.com\/wp-content\/uploads\/F107-Tembleque-Toledo.jpg 768w, https:\/\/www.elturistatranquil.com\/wp-content\/uploads\/F107-Tembleque-Toledo-339x226.jpg 339w\" sizes=\"(max-width: 768px) 100vw, 768px\" \/>\t\t\t\t\t\t\t\t\t\t\t<figcaption class=\"widget-image-caption wp-caption-text\"><\/figcaption>\n\t\t\t\t\t\t\t\t\t\t<\/figure>\n\t\t\t\t\t\t\t\t\t<\/div>\n\t\t\t\t<\/div>\n\t\t\t\t<div class=\"elementor-element elementor-element-69a6f7f elementor-widget elementor-widget-heading\" data-id=\"69a6f7f\" data-element_type=\"widget\" data-e-type=\"widget\" data-widget_type=\"heading.default\">\n\t\t\t\t<div class=\"elementor-widget-container\">\n\t\t\t\t\t<h4 class=\"elementor-heading-title elementor-size-default\">Casones<\/h4>\t\t\t\t<\/div>\n\t\t\t\t<\/div>\n\t\t\t\t<div class=\"elementor-element elementor-element-ed5ab37 elementor-widget elementor-widget-image\" data-id=\"ed5ab37\" data-element_type=\"widget\" data-e-type=\"widget\" data-widget_type=\"image.default\">\n\t\t\t\t<div class=\"elementor-widget-container\">\n\t\t\t\t\t\t\t\t\t\t\t\t<figure class=\"wp-caption\">\n\t\t\t\t\t\t\t\t\t\t<img loading=\"lazy\" decoding=\"async\" width=\"768\" height=\"512\" src=\"https:\/\/www.elturistatranquil.com\/wp-content\/uploads\/F109-Tembleque-Toledo.jpg\" class=\"attachment-large size-large wp-image-58936\" alt=\"Tembleque, Toledo\" srcset=\"https:\/\/www.elturistatranquil.com\/wp-content\/uploads\/F109-Tembleque-Toledo.jpg 768w, https:\/\/www.elturistatranquil.com\/wp-content\/uploads\/F109-Tembleque-Toledo-339x226.jpg 339w\" sizes=\"(max-width: 768px) 100vw, 768px\" \/>\t\t\t\t\t\t\t\t\t\t\t<figcaption class=\"widget-image-caption wp-caption-text\"><\/figcaption>\n\t\t\t\t\t\t\t\t\t\t<\/figure>\n\t\t\t\t\t\t\t\t\t<\/div>\n\t\t\t\t<\/div>\n\t\t\t\t<div class=\"elementor-element elementor-element-6e06afd elementor-widget elementor-widget-image\" data-id=\"6e06afd\" data-element_type=\"widget\" data-e-type=\"widget\" data-widget_type=\"image.default\">\n\t\t\t\t<div class=\"elementor-widget-container\">\n\t\t\t\t\t\t\t\t\t\t\t\t<figure class=\"wp-caption\">\n\t\t\t\t\t\t\t\t\t\t<img loading=\"lazy\" decoding=\"async\" width=\"768\" height=\"512\" src=\"https:\/\/www.elturistatranquil.com\/wp-content\/uploads\/F110-Tembleque-Toledo.jpg\" class=\"attachment-large size-large wp-image-58941\" alt=\"Tembleque, Toledo\" srcset=\"https:\/\/www.elturistatranquil.com\/wp-content\/uploads\/F110-Tembleque-Toledo.jpg 768w, https:\/\/www.elturistatranquil.com\/wp-content\/uploads\/F110-Tembleque-Toledo-339x226.jpg 339w\" sizes=\"(max-width: 768px) 100vw, 768px\" \/>\t\t\t\t\t\t\t\t\t\t\t<figcaption class=\"widget-image-caption wp-caption-text\"><\/figcaption>\n\t\t\t\t\t\t\t\t\t\t<\/figure>\n\t\t\t\t\t\t\t\t\t<\/div>\n\t\t\t\t<\/div>\n\t\t\t\t<div class=\"elementor-element elementor-element-7dc0954 elementor-widget elementor-widget-image\" data-id=\"7dc0954\" data-element_type=\"widget\" data-e-type=\"widget\" data-widget_type=\"image.default\">\n\t\t\t\t<div class=\"elementor-widget-container\">\n\t\t\t\t\t\t\t\t\t\t\t\t<figure class=\"wp-caption\">\n\t\t\t\t\t\t\t\t\t\t<img loading=\"lazy\" decoding=\"async\" width=\"768\" height=\"512\" src=\"https:\/\/www.elturistatranquil.com\/wp-content\/uploads\/F111-Tembleque-Toledo.jpg\" class=\"attachment-large size-large wp-image-58943\" alt=\"Tembleque, Toledo\" srcset=\"https:\/\/www.elturistatranquil.com\/wp-content\/uploads\/F111-Tembleque-Toledo.jpg 768w, https:\/\/www.elturistatranquil.com\/wp-content\/uploads\/F111-Tembleque-Toledo-339x226.jpg 339w\" sizes=\"(max-width: 768px) 100vw, 768px\" \/>\t\t\t\t\t\t\t\t\t\t\t<figcaption class=\"widget-image-caption wp-caption-text\"><\/figcaption>\n\t\t\t\t\t\t\t\t\t\t<\/figure>\n\t\t\t\t\t\t\t\t\t<\/div>\n\t\t\t\t<\/div>\n\t\t\t\t<div class=\"elementor-element elementor-element-5964502 elementor-widget elementor-widget-image\" data-id=\"5964502\" data-element_type=\"widget\" data-e-type=\"widget\" data-widget_type=\"image.default\">\n\t\t\t\t<div class=\"elementor-widget-container\">\n\t\t\t\t\t\t\t\t\t\t\t\t<figure class=\"wp-caption\">\n\t\t\t\t\t\t\t\t\t\t<img loading=\"lazy\" decoding=\"async\" width=\"768\" height=\"512\" src=\"https:\/\/www.elturistatranquil.com\/wp-content\/uploads\/F112-Tembleque-Toledo.jpg\" class=\"attachment-large size-large wp-image-58945\" alt=\"Tembleque, Toledo\" srcset=\"https:\/\/www.elturistatranquil.com\/wp-content\/uploads\/F112-Tembleque-Toledo.jpg 768w, https:\/\/www.elturistatranquil.com\/wp-content\/uploads\/F112-Tembleque-Toledo-339x226.jpg 339w\" sizes=\"(max-width: 768px) 100vw, 768px\" \/>\t\t\t\t\t\t\t\t\t\t\t<figcaption class=\"widget-image-caption wp-caption-text\"><\/figcaption>\n\t\t\t\t\t\t\t\t\t\t<\/figure>\n\t\t\t\t\t\t\t\t\t<\/div>\n\t\t\t\t<\/div>\n\t\t\t\t<div class=\"elementor-element elementor-element-02154d5 elementor-widget elementor-widget-image\" data-id=\"02154d5\" data-element_type=\"widget\" data-e-type=\"widget\" data-widget_type=\"image.default\">\n\t\t\t\t<div class=\"elementor-widget-container\">\n\t\t\t\t\t\t\t\t\t\t\t\t<figure class=\"wp-caption\">\n\t\t\t\t\t\t\t\t\t\t<img loading=\"lazy\" decoding=\"async\" width=\"768\" height=\"512\" src=\"https:\/\/www.elturistatranquil.com\/wp-content\/uploads\/F113-Tembleque-Toledo.jpg\" class=\"attachment-large size-large wp-image-58950\" alt=\"Tembleque, Toledo\" srcset=\"https:\/\/www.elturistatranquil.com\/wp-content\/uploads\/F113-Tembleque-Toledo.jpg 768w, https:\/\/www.elturistatranquil.com\/wp-content\/uploads\/F113-Tembleque-Toledo-339x226.jpg 339w\" sizes=\"(max-width: 768px) 100vw, 768px\" \/>\t\t\t\t\t\t\t\t\t\t\t<figcaption class=\"widget-image-caption wp-caption-text\"><\/figcaption>\n\t\t\t\t\t\t\t\t\t\t<\/figure>\n\t\t\t\t\t\t\t\t\t<\/div>\n\t\t\t\t<\/div>\n\t\t\t\t<div class=\"elementor-element elementor-element-9ce5e32 elementor-widget elementor-widget-image\" data-id=\"9ce5e32\" data-element_type=\"widget\" data-e-type=\"widget\" data-widget_type=\"image.default\">\n\t\t\t\t<div class=\"elementor-widget-container\">\n\t\t\t\t\t\t\t\t\t\t\t\t<figure class=\"wp-caption\">\n\t\t\t\t\t\t\t\t\t\t<img loading=\"lazy\" decoding=\"async\" width=\"768\" height=\"512\" src=\"https:\/\/www.elturistatranquil.com\/wp-content\/uploads\/F114-Tembleque-Toledo.jpg\" class=\"attachment-large size-large wp-image-58952\" alt=\"Tembleque, Toledo\" srcset=\"https:\/\/www.elturistatranquil.com\/wp-content\/uploads\/F114-Tembleque-Toledo.jpg 768w, https:\/\/www.elturistatranquil.com\/wp-content\/uploads\/F114-Tembleque-Toledo-339x226.jpg 339w\" sizes=\"(max-width: 768px) 100vw, 768px\" \/>\t\t\t\t\t\t\t\t\t\t\t<figcaption class=\"widget-image-caption wp-caption-text\"><\/figcaption>\n\t\t\t\t\t\t\t\t\t\t<\/figure>\n\t\t\t\t\t\t\t\t\t<\/div>\n\t\t\t\t<\/div>\n\t\t\t\t<div class=\"elementor-element elementor-element-e398cce elementor-widget elementor-widget-text-editor\" data-id=\"e398cce\" data-element_type=\"widget\" data-e-type=\"widget\" data-widget_type=\"text-editor.default\">\n\t\t\t\t<div class=\"elementor-widget-container\">\n\t\t\t\t\t\t\t\t\t<p>Crec que amb aquesta seq\u00fc\u00e8ncia de fotografies ens podem haver fet una idea de l&#8217;urbanisme i l&#8217;arquitectura d&#8217;una vila manxega com Tembleque.<\/p>\t\t\t\t\t\t\t\t<\/div>\n\t\t\t\t<\/div>\n\t\t\t\t<div class=\"elementor-element elementor-element-a51af7e elementor-widget elementor-widget-heading\" data-id=\"a51af7e\" data-element_type=\"widget\" data-e-type=\"widget\" data-widget_type=\"heading.default\">\n\t\t\t\t<div class=\"elementor-widget-container\">\n\t\t\t\t\t<h3 class=\"elementor-heading-title elementor-size-default\">Molins de vent<\/h3>\t\t\t\t<\/div>\n\t\t\t\t<\/div>\n\t\t\t\t<div class=\"elementor-element elementor-element-2ad997b elementor-widget elementor-widget-text-editor\" data-id=\"2ad997b\" data-element_type=\"widget\" data-e-type=\"widget\" data-widget_type=\"text-editor.default\">\n\t\t\t\t<div class=\"elementor-widget-container\">\n\t\t\t\t\t\t\t\t\t<p>Enlla\u00e7 amb el <em>Post<\/em>: <strong><a href=\"https:\/\/www.elturistatranquil.com\/ca\/molins-de-vent-a-la-mancha\/\" target=\"_blank\" rel=\"noopener\">Molins de vent a La Mancha<\/a><\/strong><\/p>\t\t\t\t\t\t\t\t<\/div>\n\t\t\t\t<\/div>\n\t\t\t\t<div class=\"elementor-element elementor-element-7c9c5cc elementor-widget elementor-widget-text-editor\" data-id=\"7c9c5cc\" data-element_type=\"widget\" data-e-type=\"widget\" data-widget_type=\"text-editor.default\">\n\t\t\t\t<div class=\"elementor-widget-container\">\n\t\t\t\t\t\t\t\t\t<p>Formant part del territori dels <strong>molins de vent de La Manxa<\/strong>, Tembleque aporta dos d&#8217;aquests <strong>molins<\/strong> (<strong>8<\/strong>, <strong>9<\/strong>).<\/p><p>Com era usual, se situen als afores del poble en un lloc elevat on es trobi un tur\u00f3 per explotar la for\u00e7a del vent, agrupats en diverses unitats per aprofitar el cam\u00ed.<\/p><p>Dels sis molins fariners de vent que Madoz ens ha informat que tenia Tembleque, en queden dos rehabilitats i un nom\u00e9s amb el cos. Segurament tenen els seus or\u00edgens al segle XVI. No m&#8217;hi aturar\u00e9 m\u00e9s enll\u00e0 del que s&#8217;ha exposat al <em><a href=\"https:\/\/www.elturistatranquil.com\/ca\/molins-de-vent-a-la-mancha\/\" target=\"_blank\" rel=\"noopener\">Post<\/a><\/em>.<\/p>\t\t\t\t\t\t\t\t<\/div>\n\t\t\t\t<\/div>\n\t\t\t\t<div class=\"elementor-element elementor-element-d093f2a elementor-widget elementor-widget-image\" data-id=\"d093f2a\" data-element_type=\"widget\" data-e-type=\"widget\" data-widget_type=\"image.default\">\n\t\t\t\t<div class=\"elementor-widget-container\">\n\t\t\t\t\t\t\t\t\t\t\t\t<figure class=\"wp-caption\">\n\t\t\t\t\t\t\t\t\t\t<img loading=\"lazy\" decoding=\"async\" width=\"768\" height=\"512\" src=\"https:\/\/www.elturistatranquil.com\/wp-content\/uploads\/F115-Molinos-de-viento-Tembleque-Toledo.jpg\" class=\"attachment-large size-large wp-image-58954\" alt=\"Molinos de viento, Tembleque, Toledo\" srcset=\"https:\/\/www.elturistatranquil.com\/wp-content\/uploads\/F115-Molinos-de-viento-Tembleque-Toledo.jpg 768w, https:\/\/www.elturistatranquil.com\/wp-content\/uploads\/F115-Molinos-de-viento-Tembleque-Toledo-339x226.jpg 339w\" sizes=\"(max-width: 768px) 100vw, 768px\" \/>\t\t\t\t\t\t\t\t\t\t\t<figcaption class=\"widget-image-caption wp-caption-text\"><\/figcaption>\n\t\t\t\t\t\t\t\t\t\t<\/figure>\n\t\t\t\t\t\t\t\t\t<\/div>\n\t\t\t\t<\/div>\n\t\t\t\t<div class=\"elementor-element elementor-element-31fbec3 elementor-widget elementor-widget-heading\" data-id=\"31fbec3\" data-element_type=\"widget\" data-e-type=\"widget\" data-widget_type=\"heading.default\">\n\t\t\t\t<div class=\"elementor-widget-container\">\n\t\t\t\t\t<h2 class=\"elementor-heading-title elementor-size-default\">Fi de la visita<\/h2>\t\t\t\t<\/div>\n\t\t\t\t<\/div>\n\t\t\t\t<div class=\"elementor-element elementor-element-dc68366 elementor-widget elementor-widget-text-editor\" data-id=\"dc68366\" data-element_type=\"widget\" data-e-type=\"widget\" data-widget_type=\"text-editor.default\">\n\t\t\t\t<div class=\"elementor-widget-container\">\n\t\t\t\t\t\t\t\t\t<p>La vila de <strong>Tembleque<\/strong> es presenta com un exemple dels municipis de la plana manxega, on la geografia ha determinat tant el desenvolupament hist\u00f2ric com les caracter\u00edstiques actuals del territori, at\u00e8s que la seva posici\u00f3 estrat\u00e8gica a la prov\u00edncia de Toledo, com a punt important de comunicaci\u00f3, n&#8217;ha marcat l&#8217;evoluci\u00f3 des de les primeres refer\u00e8ncies documentals del segle XIII fins a l&#8217;actualitat.<\/p><p>La continu\u00eftat hist\u00f2rica del municipi, des dels seus or\u00edgens com a possible alberg (venta) de camins fins a la seva consolidaci\u00f3 com a nucli poblacional estable de m\u00e9s de 2.000 habitants, mostra la capacitat d&#8217;adaptaci\u00f3 dels \u201cpobles-ciutat\u201d manxegues als processos demogr\u00e0fics i poblacionals.<\/p><p>Quant a la seva imatge urbana, \u00e9s un exemple de com \u00e9s possible mantenir una visi\u00f3 i percepci\u00f3 urbana est\u00e8ticament equilibrada sobre la base de diferents formats, per\u00f2 mantenint l&#8217;estil es poden assolir resultats d&#8217;una bellesa equilibrada que no ha de ser uniforme. La Pla\u00e7a Major de Tembleque seria l&#8217;exemple paradigm\u00e0tic d&#8217;equilibri entre diferents formes unides per l&#8217;est\u00e8tica que porta a l&#8217;equilibri (ll\u00e0stima del paviment)t.<\/p>\t\t\t\t\t\t\t\t<\/div>\n\t\t\t\t<\/div>\n\t\t\t\t<div class=\"elementor-element elementor-element-4d8ff19 elementor-widget elementor-widget-heading\" data-id=\"4d8ff19\" data-element_type=\"widget\" data-e-type=\"widget\" data-widget_type=\"heading.default\">\n\t\t\t\t<div class=\"elementor-widget-container\">\n\t\t\t\t\t<h2 class=\"elementor-heading-title elementor-size-default\">Bases d\u2019informaci\u00f3<\/h2>\t\t\t\t<\/div>\n\t\t\t\t<\/div>\n\t\t\t\t<div class=\"elementor-element elementor-element-fb11eca elementor-widget elementor-widget-text-editor\" data-id=\"fb11eca\" data-element_type=\"widget\" data-e-type=\"widget\" data-widget_type=\"text-editor.default\">\n\t\t\t\t<div class=\"elementor-widget-container\">\n\t\t\t\t\t\t\t\t\t<p><strong>Webs<br \/><\/strong><a href=\"http:\/\/www.ayuntamientodetembleque.es\" target=\"_blank\" rel=\"noopener\">ayuntamiento<\/a><br \/><a href=\"https:\/\/es.wikipedia.org\/wiki\/Tembleque\" target=\"_blank\" rel=\"noopener\">wikipedia<\/a><br \/><a href=\"https:\/\/www.turismocastillalamancha.es\/patrimonio\/tembleque-25131\/descripcion\/\" target=\"_blank\" rel=\"noopener\">turismocastillalamancha<\/a><br \/><a href=\"https:\/\/cultura.castillalamancha.es\/patrimonio\/catalogo-patrimonio-cultural\/plaza-mayor-de-tembleque\" target=\"_blank\" rel=\"noopener\">patrimoniocastillalamancha<\/a><br \/><a href=\"https:\/\/www.turismoprovinciatoledo.es\/tembleque\/\" target=\"_blank\" rel=\"noopener\">turismoprovinciatoledo<\/a><br \/><a href=\"https:\/\/todotembleque.blogspot.com\/2010\/12\/historia-y-monumentos-de-tembleque.html\" target=\"_blank\" rel=\"noopener\">todotembleque<\/a><br \/><a href=\"https:\/\/arteguias.com\/toledo\/tembleque-toledo.htm\" target=\"_blank\" rel=\"noopener\">artegu\u00edas<\/a><br \/><a href=\"https:\/\/rutadonquijote.es\/que-ver\/tembleque-visitas\/\" target=\"_blank\" rel=\"noopener\">rutadonquijote<\/a><br \/><a href=\"https:\/\/www.laalcazaba.org\/666\/\" target=\"_blank\" rel=\"noopener\">laalcazaba<\/a><\/p><p><strong>Webs academic<br \/><\/strong><a href=\"https:\/\/ceclmdigital.uclm.es\/details.vm?q=id%3A0002318066&amp;lang=es&amp;view=libros\" target=\"_blank\" rel=\"noopener\"><em>Tembleque<\/em><\/a> (1969). Imprenta de la Diputaci\u00f3n Provincial, Toledo<br \/>Morales S\u00e1nchez, M. (2016). <em><a href=\"https:\/\/ruidera.uclm.es\/bitstreams\/b48cf65e-c73c-4485-8bfd-aad7f8d86d5e\/download\" target=\"_blank\" rel=\"noopener\">La orden de San Juan de Jerusal\u00e9n. Los prioratos de San Juan en La Mancha (siglos XVI y XVII)<\/a><\/em><br \/>(Tesis doctoral)<br \/>Real Academia de Bellas Artes y Ciencias Hist\u00f3ricas de Toledo. <em><a href=\"https:\/\/www.realacademiatoledo.es\/downloads\/publicaciones_cont1\/1363\/el-mundo-sedero-toledano-y-la-fabrica-de-medias-de-seda-de-punto-de-aguja-de-tembleque-toledo.pdf\" target=\"_blank\" rel=\"noopener\">El mundo sedero toledano y la f\u00e1brica de medias de seda de punto de aguja de Tembleque (Toledo)<\/a><\/em><br \/>Calamardo Murat, J. (2023). <em><a href=\"https:\/\/riubu.ubu.es\/handle\/10259\/8236\" target=\"_blank\" rel=\"noopener\">La Casa de las Torres de Tembleque: historia de un s\u00edmbolo de nobleza, poder y prestigio en La Mancha<\/a><\/em><br \/>Navascu\u00e9s Palacio, P. (1993). <em><a href=\"http:\/\/oa.upm.es\/8800\/1\/La_Plaza_Mayor.pdf\" target=\"_blank\" rel=\"noopener\">La plaza mayor en Espa\u00f1a<\/a><\/em><br \/>P\u00e9rez Carmona, Pablo (2025). <em><a href=\"http:\/\/oa.upm.es\/88181\/1\/TFG_Ene25_Perez_Carmona_Pablo.pdf\" target=\"_blank\" rel=\"noopener\">La Mancha Alta turismo, vivienda y sociedad<\/a><\/em> (Trabajo fin de grado)<\/p>\t\t\t\t\t\t\t\t<\/div>\n\t\t\t\t<\/div>\n\t\t\t\t\t<\/div>\n\t\t<\/div>\n\t\t\t\t\t<\/div>\n\t\t<\/section>\n\t\t\t\t<\/div>\n\t\t","protected":false},"excerpt":{"rendered":"<p>A Tembleque (Toledo) ens trobem amb una de les places m\u00e9s interessants d&#8217;Espanya. Alhora, aquest \u201cpoble-ciutat\u201d conserva en gran mesura l&#8217;estructura i l&#8217;est\u00e8tica de l&#8217;arquitectura popular manxega. Tembleque (Toledo) Tembleque. &#8230; <a title=\"Tembleque (Toledo)\" class=\"read-more\" href=\"https:\/\/www.elturistatranquil.com\/ca\/tembleque-toledo\/\" aria-label=\"M\u00e9s informaci\u00f3 sobre Tembleque (Toledo)\">[ &#8230; ]<\/a><\/p>\n","protected":false},"author":1,"featured_media":58964,"comment_status":"open","ping_status":"closed","sticky":false,"template":"","format":"standard","meta":{"footnotes":""},"categories":[70,71,72,74,78,145,81,92,172,100,139,216,152,110],"tags":[],"class_list":["post-58987","post","type-post","status-publish","format-standard","has-post-thumbnail","hentry","category-arquitectura-civil-ca","category-arquitectura-popular-ca","category-arquitectura-religiosa-ca","category-barroc","category-cultura-rural-ca","category-edat-mitjana","category-etnografia-ca","category-museus","category-neoclassic","category-pobles-i-ciutats-amb-interes","category-segle-xvi-xvii","category-toledo-ca","category-urbanisme","category-vila","infinite-scroll-item","generate-columns","tablet-grid-50","mobile-grid-100","grid-parent","grid-50","no-featured-image-padding"],"yoast_head":"<!-- This site is optimized with the Yoast SEO plugin v27.4 - https:\/\/yoast.com\/product\/yoast-seo-wordpress\/ -->\n<title>Tembleque (Toledo) - El turista tranquil<\/title>\n<meta name=\"description\" content=\"A Tembleque (Toledo) ens trobem amb una de les places m\u00e9s interessants d&#039;Espanya. Alhora, aquest \u201cpoble-ciutat\u201d conserva en gran mesura l&#039;estructura i l&#039;est\u00e8tica de l&#039;arquitectura popular manxega.\" \/>\n<meta name=\"robots\" content=\"index, follow, max-snippet:-1, max-image-preview:large, max-video-preview:-1\" \/>\n<link rel=\"canonical\" href=\"https:\/\/www.elturistatranquil.com\/ca\/tembleque-toledo\/\" \/>\n<meta property=\"og:locale\" content=\"ca_ES\" \/>\n<meta property=\"og:type\" content=\"article\" \/>\n<meta property=\"og:title\" content=\"Tembleque (Toledo) - El turista tranquil\" \/>\n<meta property=\"og:description\" content=\"A Tembleque (Toledo) ens trobem amb una de les places m\u00e9s interessants d&#039;Espanya. Alhora, aquest \u201cpoble-ciutat\u201d conserva en gran mesura l&#039;estructura i l&#039;est\u00e8tica de l&#039;arquitectura popular manxega.\" \/>\n<meta property=\"og:url\" content=\"https:\/\/www.elturistatranquil.com\/ca\/tembleque-toledo\/\" \/>\n<meta property=\"og:site_name\" content=\"El turista tranquil\" \/>\n<meta property=\"article:publisher\" content=\"https:\/\/www.facebook.com\/elturistatranquilo\/\" \/>\n<meta property=\"article:published_time\" content=\"2025-05-31T10:57:17+00:00\" \/>\n<meta property=\"article:modified_time\" content=\"2025-06-08T11:05:54+00:00\" \/>\n<meta property=\"og:image\" content=\"https:\/\/www.elturistatranquil.com\/wp-content\/uploads\/F00-Plaza-Mayor-de-Tembleque-Toledo-1.jpg\" \/>\n\t<meta property=\"og:image:width\" content=\"768\" \/>\n\t<meta property=\"og:image:height\" content=\"512\" \/>\n\t<meta property=\"og:image:type\" content=\"image\/jpeg\" \/>\n<meta name=\"author\" content=\"admin\" \/>\n<meta name=\"twitter:card\" content=\"summary_large_image\" \/>\n<meta name=\"twitter:label1\" content=\"Escrit per\" \/>\n\t<meta name=\"twitter:data1\" content=\"admin\" \/>\n\t<meta name=\"twitter:label2\" content=\"Temps estimat de lectura\" \/>\n\t<meta name=\"twitter:data2\" content=\"53 minuts\" \/>\n<script type=\"application\/ld+json\" class=\"yoast-schema-graph\">{\"@context\":\"https:\\\/\\\/schema.org\",\"@graph\":[{\"@type\":\"Article\",\"@id\":\"https:\\\/\\\/www.elturistatranquil.com\\\/ca\\\/tembleque-toledo\\\/#article\",\"isPartOf\":{\"@id\":\"https:\\\/\\\/www.elturistatranquil.com\\\/ca\\\/tembleque-toledo\\\/\"},\"author\":{\"name\":\"admin\",\"@id\":\"https:\\\/\\\/www.elturistatranquil.com\\\/ca\\\/#\\\/schema\\\/person\\\/16f607c3079b96ed0c530a52e6b58bb5\"},\"headline\":\"Tembleque (Toledo)\",\"datePublished\":\"2025-05-31T10:57:17+00:00\",\"dateModified\":\"2025-06-08T11:05:54+00:00\",\"mainEntityOfPage\":{\"@id\":\"https:\\\/\\\/www.elturistatranquil.com\\\/ca\\\/tembleque-toledo\\\/\"},\"wordCount\":6179,\"commentCount\":0,\"image\":{\"@id\":\"https:\\\/\\\/www.elturistatranquil.com\\\/ca\\\/tembleque-toledo\\\/#primaryimage\"},\"thumbnailUrl\":\"https:\\\/\\\/www.elturistatranquil.com\\\/wp-content\\\/uploads\\\/F00-Plaza-Mayor-de-Tembleque-Toledo-1.jpg\",\"articleSection\":[\"Arquitectura civil\",\"Arquitectura popular\",\"Arquitectura religiosa\",\"Barroc\",\"Cultura rural\",\"Edat mitjana\",\"Etnografia\",\"Museus\",\"Neocl\u00e0ssic, Romanticisme\",\"Pobles i ciutats amb inter\u00e9s\",\"Segle XVI-XVII\",\"Toledo\",\"Urbanisme\",\"Vila\"],\"inLanguage\":\"ca\",\"potentialAction\":[{\"@type\":\"CommentAction\",\"name\":\"Comment\",\"target\":[\"https:\\\/\\\/www.elturistatranquil.com\\\/ca\\\/tembleque-toledo\\\/#respond\"]}]},{\"@type\":\"WebPage\",\"@id\":\"https:\\\/\\\/www.elturistatranquil.com\\\/ca\\\/tembleque-toledo\\\/\",\"url\":\"https:\\\/\\\/www.elturistatranquil.com\\\/ca\\\/tembleque-toledo\\\/\",\"name\":\"Tembleque (Toledo) - El turista tranquil\",\"isPartOf\":{\"@id\":\"https:\\\/\\\/www.elturistatranquil.com\\\/ca\\\/#website\"},\"primaryImageOfPage\":{\"@id\":\"https:\\\/\\\/www.elturistatranquil.com\\\/ca\\\/tembleque-toledo\\\/#primaryimage\"},\"image\":{\"@id\":\"https:\\\/\\\/www.elturistatranquil.com\\\/ca\\\/tembleque-toledo\\\/#primaryimage\"},\"thumbnailUrl\":\"https:\\\/\\\/www.elturistatranquil.com\\\/wp-content\\\/uploads\\\/F00-Plaza-Mayor-de-Tembleque-Toledo-1.jpg\",\"datePublished\":\"2025-05-31T10:57:17+00:00\",\"dateModified\":\"2025-06-08T11:05:54+00:00\",\"author\":{\"@id\":\"https:\\\/\\\/www.elturistatranquil.com\\\/ca\\\/#\\\/schema\\\/person\\\/16f607c3079b96ed0c530a52e6b58bb5\"},\"description\":\"A Tembleque (Toledo) ens trobem amb una de les places m\u00e9s interessants d'Espanya. Alhora, aquest \u201cpoble-ciutat\u201d conserva en gran mesura l'estructura i l'est\u00e8tica de l'arquitectura popular manxega.\",\"breadcrumb\":{\"@id\":\"https:\\\/\\\/www.elturistatranquil.com\\\/ca\\\/tembleque-toledo\\\/#breadcrumb\"},\"inLanguage\":\"ca\",\"potentialAction\":[{\"@type\":\"ReadAction\",\"target\":[\"https:\\\/\\\/www.elturistatranquil.com\\\/ca\\\/tembleque-toledo\\\/\"]}]},{\"@type\":\"ImageObject\",\"inLanguage\":\"ca\",\"@id\":\"https:\\\/\\\/www.elturistatranquil.com\\\/ca\\\/tembleque-toledo\\\/#primaryimage\",\"url\":\"https:\\\/\\\/www.elturistatranquil.com\\\/wp-content\\\/uploads\\\/F00-Plaza-Mayor-de-Tembleque-Toledo-1.jpg\",\"contentUrl\":\"https:\\\/\\\/www.elturistatranquil.com\\\/wp-content\\\/uploads\\\/F00-Plaza-Mayor-de-Tembleque-Toledo-1.jpg\",\"width\":768,\"height\":512,\"caption\":\"Plaza Mayor de Tembleque, Toledo\"},{\"@type\":\"BreadcrumbList\",\"@id\":\"https:\\\/\\\/www.elturistatranquil.com\\\/ca\\\/tembleque-toledo\\\/#breadcrumb\",\"itemListElement\":[{\"@type\":\"ListItem\",\"position\":1,\"name\":\"Portada\",\"item\":\"https:\\\/\\\/www.elturistatranquil.com\\\/ca\\\/\"},{\"@type\":\"ListItem\",\"position\":2,\"name\":\"Tembleque (Toledo)\"}]},{\"@type\":\"WebSite\",\"@id\":\"https:\\\/\\\/www.elturistatranquil.com\\\/ca\\\/#website\",\"url\":\"https:\\\/\\\/www.elturistatranquil.com\\\/ca\\\/\",\"name\":\"El turista tranquil\",\"description\":\"Blog de viatges\",\"potentialAction\":[{\"@type\":\"SearchAction\",\"target\":{\"@type\":\"EntryPoint\",\"urlTemplate\":\"https:\\\/\\\/www.elturistatranquil.com\\\/ca\\\/?s={search_term_string}\"},\"query-input\":{\"@type\":\"PropertyValueSpecification\",\"valueRequired\":true,\"valueName\":\"search_term_string\"}}],\"inLanguage\":\"ca\"},{\"@type\":\"Person\",\"@id\":\"https:\\\/\\\/www.elturistatranquil.com\\\/ca\\\/#\\\/schema\\\/person\\\/16f607c3079b96ed0c530a52e6b58bb5\",\"name\":\"admin\",\"image\":{\"@type\":\"ImageObject\",\"inLanguage\":\"ca\",\"@id\":\"https:\\\/\\\/secure.gravatar.com\\\/avatar\\\/1fbaf22aee75fcbb29a2f97b107f95d25d3a19b7c3416105be10269872673e8d?s=96&d=mm&r=g\",\"url\":\"https:\\\/\\\/secure.gravatar.com\\\/avatar\\\/1fbaf22aee75fcbb29a2f97b107f95d25d3a19b7c3416105be10269872673e8d?s=96&d=mm&r=g\",\"contentUrl\":\"https:\\\/\\\/secure.gravatar.com\\\/avatar\\\/1fbaf22aee75fcbb29a2f97b107f95d25d3a19b7c3416105be10269872673e8d?s=96&d=mm&r=g\",\"caption\":\"admin\"}}]}<\/script>\n<!-- \/ Yoast SEO plugin. -->","yoast_head_json":{"title":"Tembleque (Toledo) - El turista tranquil","description":"A Tembleque (Toledo) ens trobem amb una de les places m\u00e9s interessants d'Espanya. Alhora, aquest \u201cpoble-ciutat\u201d conserva en gran mesura l'estructura i l'est\u00e8tica de l'arquitectura popular manxega.","robots":{"index":"index","follow":"follow","max-snippet":"max-snippet:-1","max-image-preview":"max-image-preview:large","max-video-preview":"max-video-preview:-1"},"canonical":"https:\/\/www.elturistatranquil.com\/ca\/tembleque-toledo\/","og_locale":"ca_ES","og_type":"article","og_title":"Tembleque (Toledo) - El turista tranquil","og_description":"A Tembleque (Toledo) ens trobem amb una de les places m\u00e9s interessants d'Espanya. Alhora, aquest \u201cpoble-ciutat\u201d conserva en gran mesura l'estructura i l'est\u00e8tica de l'arquitectura popular manxega.","og_url":"https:\/\/www.elturistatranquil.com\/ca\/tembleque-toledo\/","og_site_name":"El turista tranquil","article_publisher":"https:\/\/www.facebook.com\/elturistatranquilo\/","article_published_time":"2025-05-31T10:57:17+00:00","article_modified_time":"2025-06-08T11:05:54+00:00","og_image":[{"width":768,"height":512,"url":"https:\/\/www.elturistatranquil.com\/wp-content\/uploads\/F00-Plaza-Mayor-de-Tembleque-Toledo-1.jpg","type":"image\/jpeg"}],"author":"admin","twitter_card":"summary_large_image","twitter_misc":{"Escrit per":"admin","Temps estimat de lectura":"53 minuts"},"schema":{"@context":"https:\/\/schema.org","@graph":[{"@type":"Article","@id":"https:\/\/www.elturistatranquil.com\/ca\/tembleque-toledo\/#article","isPartOf":{"@id":"https:\/\/www.elturistatranquil.com\/ca\/tembleque-toledo\/"},"author":{"name":"admin","@id":"https:\/\/www.elturistatranquil.com\/ca\/#\/schema\/person\/16f607c3079b96ed0c530a52e6b58bb5"},"headline":"Tembleque (Toledo)","datePublished":"2025-05-31T10:57:17+00:00","dateModified":"2025-06-08T11:05:54+00:00","mainEntityOfPage":{"@id":"https:\/\/www.elturistatranquil.com\/ca\/tembleque-toledo\/"},"wordCount":6179,"commentCount":0,"image":{"@id":"https:\/\/www.elturistatranquil.com\/ca\/tembleque-toledo\/#primaryimage"},"thumbnailUrl":"https:\/\/www.elturistatranquil.com\/wp-content\/uploads\/F00-Plaza-Mayor-de-Tembleque-Toledo-1.jpg","articleSection":["Arquitectura civil","Arquitectura popular","Arquitectura religiosa","Barroc","Cultura rural","Edat mitjana","Etnografia","Museus","Neocl\u00e0ssic, Romanticisme","Pobles i ciutats amb inter\u00e9s","Segle XVI-XVII","Toledo","Urbanisme","Vila"],"inLanguage":"ca","potentialAction":[{"@type":"CommentAction","name":"Comment","target":["https:\/\/www.elturistatranquil.com\/ca\/tembleque-toledo\/#respond"]}]},{"@type":"WebPage","@id":"https:\/\/www.elturistatranquil.com\/ca\/tembleque-toledo\/","url":"https:\/\/www.elturistatranquil.com\/ca\/tembleque-toledo\/","name":"Tembleque (Toledo) - El turista tranquil","isPartOf":{"@id":"https:\/\/www.elturistatranquil.com\/ca\/#website"},"primaryImageOfPage":{"@id":"https:\/\/www.elturistatranquil.com\/ca\/tembleque-toledo\/#primaryimage"},"image":{"@id":"https:\/\/www.elturistatranquil.com\/ca\/tembleque-toledo\/#primaryimage"},"thumbnailUrl":"https:\/\/www.elturistatranquil.com\/wp-content\/uploads\/F00-Plaza-Mayor-de-Tembleque-Toledo-1.jpg","datePublished":"2025-05-31T10:57:17+00:00","dateModified":"2025-06-08T11:05:54+00:00","author":{"@id":"https:\/\/www.elturistatranquil.com\/ca\/#\/schema\/person\/16f607c3079b96ed0c530a52e6b58bb5"},"description":"A Tembleque (Toledo) ens trobem amb una de les places m\u00e9s interessants d'Espanya. Alhora, aquest \u201cpoble-ciutat\u201d conserva en gran mesura l'estructura i l'est\u00e8tica de l'arquitectura popular manxega.","breadcrumb":{"@id":"https:\/\/www.elturistatranquil.com\/ca\/tembleque-toledo\/#breadcrumb"},"inLanguage":"ca","potentialAction":[{"@type":"ReadAction","target":["https:\/\/www.elturistatranquil.com\/ca\/tembleque-toledo\/"]}]},{"@type":"ImageObject","inLanguage":"ca","@id":"https:\/\/www.elturistatranquil.com\/ca\/tembleque-toledo\/#primaryimage","url":"https:\/\/www.elturistatranquil.com\/wp-content\/uploads\/F00-Plaza-Mayor-de-Tembleque-Toledo-1.jpg","contentUrl":"https:\/\/www.elturistatranquil.com\/wp-content\/uploads\/F00-Plaza-Mayor-de-Tembleque-Toledo-1.jpg","width":768,"height":512,"caption":"Plaza Mayor de Tembleque, Toledo"},{"@type":"BreadcrumbList","@id":"https:\/\/www.elturistatranquil.com\/ca\/tembleque-toledo\/#breadcrumb","itemListElement":[{"@type":"ListItem","position":1,"name":"Portada","item":"https:\/\/www.elturistatranquil.com\/ca\/"},{"@type":"ListItem","position":2,"name":"Tembleque (Toledo)"}]},{"@type":"WebSite","@id":"https:\/\/www.elturistatranquil.com\/ca\/#website","url":"https:\/\/www.elturistatranquil.com\/ca\/","name":"El turista tranquil","description":"Blog de viatges","potentialAction":[{"@type":"SearchAction","target":{"@type":"EntryPoint","urlTemplate":"https:\/\/www.elturistatranquil.com\/ca\/?s={search_term_string}"},"query-input":{"@type":"PropertyValueSpecification","valueRequired":true,"valueName":"search_term_string"}}],"inLanguage":"ca"},{"@type":"Person","@id":"https:\/\/www.elturistatranquil.com\/ca\/#\/schema\/person\/16f607c3079b96ed0c530a52e6b58bb5","name":"admin","image":{"@type":"ImageObject","inLanguage":"ca","@id":"https:\/\/secure.gravatar.com\/avatar\/1fbaf22aee75fcbb29a2f97b107f95d25d3a19b7c3416105be10269872673e8d?s=96&d=mm&r=g","url":"https:\/\/secure.gravatar.com\/avatar\/1fbaf22aee75fcbb29a2f97b107f95d25d3a19b7c3416105be10269872673e8d?s=96&d=mm&r=g","contentUrl":"https:\/\/secure.gravatar.com\/avatar\/1fbaf22aee75fcbb29a2f97b107f95d25d3a19b7c3416105be10269872673e8d?s=96&d=mm&r=g","caption":"admin"}}]}},"_links":{"self":[{"href":"https:\/\/www.elturistatranquil.com\/ca\/wp-json\/wp\/v2\/posts\/58987","targetHints":{"allow":["GET"]}}],"collection":[{"href":"https:\/\/www.elturistatranquil.com\/ca\/wp-json\/wp\/v2\/posts"}],"about":[{"href":"https:\/\/www.elturistatranquil.com\/ca\/wp-json\/wp\/v2\/types\/post"}],"author":[{"embeddable":true,"href":"https:\/\/www.elturistatranquil.com\/ca\/wp-json\/wp\/v2\/users\/1"}],"replies":[{"embeddable":true,"href":"https:\/\/www.elturistatranquil.com\/ca\/wp-json\/wp\/v2\/comments?post=58987"}],"version-history":[{"count":5,"href":"https:\/\/www.elturistatranquil.com\/ca\/wp-json\/wp\/v2\/posts\/58987\/revisions"}],"predecessor-version":[{"id":59000,"href":"https:\/\/www.elturistatranquil.com\/ca\/wp-json\/wp\/v2\/posts\/58987\/revisions\/59000"}],"wp:featuredmedia":[{"embeddable":true,"href":"https:\/\/www.elturistatranquil.com\/ca\/wp-json\/wp\/v2\/media\/58964"}],"wp:attachment":[{"href":"https:\/\/www.elturistatranquil.com\/ca\/wp-json\/wp\/v2\/media?parent=58987"}],"wp:term":[{"taxonomy":"category","embeddable":true,"href":"https:\/\/www.elturistatranquil.com\/ca\/wp-json\/wp\/v2\/categories?post=58987"},{"taxonomy":"post_tag","embeddable":true,"href":"https:\/\/www.elturistatranquil.com\/ca\/wp-json\/wp\/v2\/tags?post=58987"}],"curies":[{"name":"wp","href":"https:\/\/api.w.org\/{rel}","templated":true}]}}