{"id":59399,"date":"2025-06-14T19:10:15","date_gmt":"2025-06-14T17:10:15","guid":{"rendered":"https:\/\/www.elturistatranquil.com\/?p=59399"},"modified":"2025-07-02T10:16:37","modified_gmt":"2025-07-02T08:16:37","slug":"colonia-textil-vidal-puig-reig-barcelona","status":"publish","type":"post","link":"https:\/\/www.elturistatranquil.com\/ca\/colonia-textil-vidal-puig-reig-barcelona\/","title":{"rendered":"Col\u00f2nia t\u00e8xtil Vidal (Puig-reig. Barcelona)"},"content":{"rendered":"\t\t<div data-elementor-type=\"wp-post\" data-elementor-id=\"59399\" class=\"elementor elementor-59399 elementor-59020\" data-elementor-post-type=\"post\">\n\t\t\t\t\t\t<section class=\"elementor-section elementor-top-section elementor-element elementor-element-531d6d40 elementor-section-boxed elementor-section-height-default elementor-section-height-default\" data-id=\"531d6d40\" data-element_type=\"section\" data-e-type=\"section\">\n\t\t\t\t\t\t<div class=\"elementor-container elementor-column-gap-default\">\n\t\t\t\t\t<div class=\"elementor-column elementor-col-100 elementor-top-column elementor-element elementor-element-1d8e218a\" data-id=\"1d8e218a\" data-element_type=\"column\" data-e-type=\"column\">\n\t\t\t<div class=\"elementor-widget-wrap elementor-element-populated\">\n\t\t\t\t\t\t<section class=\"elementor-section elementor-inner-section elementor-element elementor-element-9c818cb elementor-section-content-middle elementor-section-boxed elementor-section-height-default elementor-section-height-default\" data-id=\"9c818cb\" data-element_type=\"section\" data-e-type=\"section\">\n\t\t\t\t\t\t<div class=\"elementor-container elementor-column-gap-default\">\n\t\t\t\t\t<div class=\"elementor-column elementor-col-100 elementor-inner-column elementor-element elementor-element-5fc1b023\" data-id=\"5fc1b023\" data-element_type=\"column\" data-e-type=\"column\">\n\t\t\t<div class=\"elementor-widget-wrap elementor-element-populated\">\n\t\t\t\t\t\t<div class=\"elementor-element elementor-element-1e2fff30 elementor-widget elementor-widget-text-editor\" data-id=\"1e2fff30\" data-element_type=\"widget\" data-e-type=\"widget\" data-widget_type=\"text-editor.default\">\n\t\t\t\t<div class=\"elementor-widget-container\">\n\t\t\t\t\t\t\t\t\t<p>La <strong>Col\u00f2nia t\u00e8xtil Vidal<\/strong> (Puig-reig, Barcelona) \u00e9s un testimoni viu de la revoluci\u00f3 industrial a Catalunya. Un espai que mostra un model d\u2019assentament fabril-residencial comunitari.<\/p>\t\t\t\t\t\t\t\t<\/div>\n\t\t\t\t<\/div>\n\t\t\t\t\t<\/div>\n\t\t<\/div>\n\t\t\t\t\t<\/div>\n\t\t<\/section>\n\t\t\t\t<div class=\"elementor-element elementor-element-63f93575 elementor-widget elementor-widget-heading\" data-id=\"63f93575\" data-element_type=\"widget\" data-e-type=\"widget\" data-widget_type=\"heading.default\">\n\t\t\t\t<div class=\"elementor-widget-container\">\n\t\t\t\t\t<h1 class=\"elementor-heading-title elementor-size-default\">Col\u00f2nia t\u00e8xtil Vidal (Puig-reig. Barcelona)<\/h1>\t\t\t\t<\/div>\n\t\t\t\t<\/div>\n\t\t\t\t\t<\/div>\n\t\t<\/div>\n\t\t\t\t\t<\/div>\n\t\t<\/section>\n\t\t\t\t<section class=\"elementor-section elementor-top-section elementor-element elementor-element-3f2d19bd elementor-section-boxed elementor-section-height-default elementor-section-height-default\" data-id=\"3f2d19bd\" data-element_type=\"section\" data-e-type=\"section\">\n\t\t\t\t\t\t<div class=\"elementor-container elementor-column-gap-default\">\n\t\t\t\t\t<div class=\"elementor-column elementor-col-100 elementor-top-column elementor-element elementor-element-61ea4f59\" data-id=\"61ea4f59\" data-element_type=\"column\" data-e-type=\"column\">\n\t\t\t<div class=\"elementor-widget-wrap elementor-element-populated\">\n\t\t\t\t\t\t<div class=\"elementor-element elementor-element-674ba348 elementor-widget elementor-widget-image\" data-id=\"674ba348\" data-element_type=\"widget\" data-e-type=\"widget\" data-widget_type=\"image.default\">\n\t\t\t\t<div class=\"elementor-widget-container\">\n\t\t\t\t\t\t\t\t\t\t\t\t<figure class=\"wp-caption\">\n\t\t\t\t\t\t\t\t\t\t<img fetchpriority=\"high\" decoding=\"async\" width=\"768\" height=\"512\" src=\"https:\/\/www.elturistatranquil.com\/wp-content\/uploads\/F01-Colonia-Vidal-Puig-reig-Barcelona-Google-maps-2025-06-05.jpg\" class=\"attachment-large size-large wp-image-59029\" alt=\"Colonia Vidal, Puig-reig, Barcelona (Google maps 2025-06-05)\" srcset=\"https:\/\/www.elturistatranquil.com\/wp-content\/uploads\/F01-Colonia-Vidal-Puig-reig-Barcelona-Google-maps-2025-06-05.jpg 768w, https:\/\/www.elturistatranquil.com\/wp-content\/uploads\/F01-Colonia-Vidal-Puig-reig-Barcelona-Google-maps-2025-06-05-339x226.jpg 339w\" sizes=\"(max-width: 768px) 100vw, 768px\" \/>\t\t\t\t\t\t\t\t\t\t\t<figcaption class=\"widget-image-caption wp-caption-text\">Can Vidal (Google maps 2025-06-05) <\/figcaption>\n\t\t\t\t\t\t\t\t\t\t<\/figure>\n\t\t\t\t\t\t\t\t\t<\/div>\n\t\t\t\t<\/div>\n\t\t\t\t<section class=\"elementor-section elementor-inner-section elementor-element elementor-element-48f7d34 elementor-section-boxed elementor-section-height-default elementor-section-height-default\" data-id=\"48f7d34\" data-element_type=\"section\" data-e-type=\"section\" data-settings=\"{&quot;background_background&quot;:&quot;classic&quot;}\">\n\t\t\t\t\t\t\t<div class=\"elementor-background-overlay\"><\/div>\n\t\t\t\t\t\t\t<div class=\"elementor-container elementor-column-gap-default\">\n\t\t\t\t\t<div class=\"elementor-column elementor-col-100 elementor-inner-column elementor-element elementor-element-73fc262b\" data-id=\"73fc262b\" data-element_type=\"column\" data-e-type=\"column\" data-settings=\"{&quot;background_background&quot;:&quot;classic&quot;}\">\n\t\t\t<div class=\"elementor-widget-wrap elementor-element-populated\">\n\t\t\t\t\t\t<div class=\"elementor-element elementor-element-5cd9550a elementor-widget elementor-widget-text-editor\" data-id=\"5cd9550a\" data-element_type=\"widget\" data-e-type=\"widget\" data-widget_type=\"text-editor.default\">\n\t\t\t\t<div class=\"elementor-widget-container\">\n\t\t\t\t\t\t\t\t\t<p>Adre\u00e7a: Carretera C-16, km.78 Pl. Pur\u00edssima, s\/n 08692 Puig-reig. \u00a0\u00a0Comarca: Bergued\u00e0. Prov\u00edncia: Barcelona. Com. Aut\u00f2noma: Catalunya<br \/>Coordenades: 41\u00b056&#8217;39.3&#8243;N 1\u00b052&#8217;51.2&#8243;E. Altitud: 413 msnm.<br \/>Web: <a href=\"https:\/\/www.museucoloniavidal.org\/\" target=\"_blank\" rel=\"noopener\">museucoloniavidal<\/a><br \/>Tel: <a href=\"tel:93%20829%2004%2058\">93 829 0458<\/a><br \/>Correu electr\u00f2nic:\u00a0<a href=\"mailto:museu@museucoloniavidal.org\" target=\"_blank\" rel=\"noopener\">museu@museucoloniavidal.org<\/a>.<br \/>Darrera visita: 2024<\/p>\t\t\t\t\t\t\t\t<\/div>\n\t\t\t\t<\/div>\n\t\t\t\t\t<\/div>\n\t\t<\/div>\n\t\t\t\t\t<\/div>\n\t\t<\/section>\n\t\t\t\t<div class=\"elementor-element elementor-element-af509ee elementor-widget elementor-widget-image\" data-id=\"af509ee\" data-element_type=\"widget\" data-e-type=\"widget\" data-widget_type=\"image.default\">\n\t\t\t\t<div class=\"elementor-widget-container\">\n\t\t\t\t\t\t\t\t\t\t\t\t<figure class=\"wp-caption\">\n\t\t\t\t\t\t\t\t\t\t<img decoding=\"async\" width=\"768\" height=\"512\" src=\"https:\/\/www.elturistatranquil.com\/wp-content\/uploads\/F02c-Mapa-de-situacio-de-la-Colonia-Vidal-Puig-reig-Barcelona-Google-maps-2025-06-05.jpg\" class=\"attachment-medium_large size-medium_large wp-image-59401\" alt=\"Mapa de situacio de la Colonia Vidal, Puig-reig, Barcelona (Google maps 2025-06-05)\" srcset=\"https:\/\/www.elturistatranquil.com\/wp-content\/uploads\/F02c-Mapa-de-situacio-de-la-Colonia-Vidal-Puig-reig-Barcelona-Google-maps-2025-06-05.jpg 768w, https:\/\/www.elturistatranquil.com\/wp-content\/uploads\/F02c-Mapa-de-situacio-de-la-Colonia-Vidal-Puig-reig-Barcelona-Google-maps-2025-06-05-339x226.jpg 339w\" sizes=\"(max-width: 768px) 100vw, 768px\" \/>\t\t\t\t\t\t\t\t\t\t\t<figcaption class=\"widget-image-caption wp-caption-text\">Mapa de situaci\u00f3 (Google maps 2025-06-05)<\/figcaption>\n\t\t\t\t\t\t\t\t\t\t<\/figure>\n\t\t\t\t\t\t\t\t\t<\/div>\n\t\t\t\t<\/div>\n\t\t\t\t<div class=\"elementor-element elementor-element-67d8f9ee elementor-widget elementor-widget-spacer\" data-id=\"67d8f9ee\" data-element_type=\"widget\" data-e-type=\"widget\" data-widget_type=\"spacer.default\">\n\t\t\t\t<div class=\"elementor-widget-container\">\n\t\t\t\t\t\t\t<div class=\"elementor-spacer\">\n\t\t\t<div class=\"elementor-spacer-inner\"><\/div>\n\t\t<\/div>\n\t\t\t\t\t\t<\/div>\n\t\t\t\t<\/div>\n\t\t\t\t<div class=\"elementor-element elementor-element-70fd601a elementor-toc--minimized-on-tablet elementor-widget elementor-widget-table-of-contents\" data-id=\"70fd601a\" data-element_type=\"widget\" data-e-type=\"widget\" data-settings=\"{&quot;headings_by_tags&quot;:[&quot;h2&quot;,&quot;h3&quot;,&quot;h4&quot;],&quot;marker_view&quot;:&quot;bullets&quot;,&quot;icon&quot;:{&quot;value&quot;:&quot;&quot;,&quot;library&quot;:&quot;&quot;},&quot;no_headings_message&quot;:&quot;No se ha encontrado ning\\u00fan encabezado en esta p\\u00e1gina.&quot;,&quot;minimize_box&quot;:&quot;yes&quot;,&quot;minimized_on&quot;:&quot;tablet&quot;,&quot;hierarchical_view&quot;:&quot;yes&quot;,&quot;min_height&quot;:{&quot;unit&quot;:&quot;px&quot;,&quot;size&quot;:&quot;&quot;,&quot;sizes&quot;:[]},&quot;min_height_tablet&quot;:{&quot;unit&quot;:&quot;px&quot;,&quot;size&quot;:&quot;&quot;,&quot;sizes&quot;:[]},&quot;min_height_mobile&quot;:{&quot;unit&quot;:&quot;px&quot;,&quot;size&quot;:&quot;&quot;,&quot;sizes&quot;:[]}}\" data-widget_type=\"table-of-contents.default\">\n\t\t\t\t<div class=\"elementor-widget-container\">\n\t\t\t\t\t\t\t\t\t<div class=\"elementor-toc__header\">\n\t\t\t\t\t\t<h4 class=\"elementor-toc__header-title\">\n\t\t\t\t\u00cdndex\t\t\t<\/h4>\n\t\t\t\t\t\t\t\t\t\t<div class=\"elementor-toc__toggle-button elementor-toc__toggle-button--expand\" role=\"button\" tabindex=\"0\" aria-controls=\"elementor-toc__70fd601a\" aria-expanded=\"true\" aria-label=\"Open table of contents\"><i aria-hidden=\"true\" class=\"fas fa-chevron-down\"><\/i><\/div>\n\t\t\t\t<div class=\"elementor-toc__toggle-button elementor-toc__toggle-button--collapse\" role=\"button\" tabindex=\"0\" aria-controls=\"elementor-toc__70fd601a\" aria-expanded=\"true\" aria-label=\"Close table of contents\"><i aria-hidden=\"true\" class=\"fas fa-chevron-up\"><\/i><\/div>\n\t\t\t\t\t<\/div>\n\t\t\t\t<div id=\"elementor-toc__70fd601a\" class=\"elementor-toc__body\">\n\t\t\t<div class=\"elementor-toc__spinner-container\">\n\t\t\t\t<i class=\"elementor-toc__spinner eicon-animation-spin eicon-loading\" aria-hidden=\"true\"><\/i>\t\t\t<\/div>\n\t\t<\/div>\n\t\t\t\t\t\t<\/div>\n\t\t\t\t<\/div>\n\t\t\t\t<div class=\"elementor-element elementor-element-7b632f62 elementor-widget elementor-widget-menu-anchor\" data-id=\"7b632f62\" data-element_type=\"widget\" data-e-type=\"widget\" data-widget_type=\"menu-anchor.default\">\n\t\t\t\t<div class=\"elementor-widget-container\">\n\t\t\t\t\t\t\t<div class=\"elementor-menu-anchor\" id=\"a0101-EnlaceaunpuntodentrodelPost\"><\/div>\n\t\t\t\t\t\t<\/div>\n\t\t\t\t<\/div>\n\t\t\t\t<div class=\"elementor-element elementor-element-14587486 elementor-widget elementor-widget-spacer\" data-id=\"14587486\" data-element_type=\"widget\" data-e-type=\"widget\" data-widget_type=\"spacer.default\">\n\t\t\t\t<div class=\"elementor-widget-container\">\n\t\t\t\t\t\t\t<div class=\"elementor-spacer\">\n\t\t\t<div class=\"elementor-spacer-inner\"><\/div>\n\t\t<\/div>\n\t\t\t\t\t\t<\/div>\n\t\t\t\t<\/div>\n\t\t\t\t<div class=\"elementor-element elementor-element-66e4ffc2 elementor-widget elementor-widget-heading\" data-id=\"66e4ffc2\" data-element_type=\"widget\" data-e-type=\"widget\" data-widget_type=\"heading.default\">\n\t\t\t\t<div class=\"elementor-widget-container\">\n\t\t\t\t\t<h2 class=\"elementor-heading-title elementor-size-default\">Col\u00f2nia t\u00e8xtil Vidal. Puig-reig. Bergued\u00e0. Barcelona<\/h2>\t\t\t\t<\/div>\n\t\t\t\t<\/div>\n\t\t\t\t<div class=\"elementor-element elementor-element-111e55 elementor-widget elementor-widget-text-editor\" data-id=\"111e55\" data-element_type=\"widget\" data-e-type=\"widget\" data-widget_type=\"text-editor.default\">\n\t\t\t\t<div class=\"elementor-widget-container\">\n\t\t\t\t\t\t\t\t\t<p>Als <em>posts<\/em>: <a href=\"https:\/\/www.elturistatranquil.com\/ca\/assentaments-de-poblacio-programats-1-tipologia\/#010\" target=\"_blank\" rel=\"noopener\"><strong>Assentaments de poblaci\u00f3 programats (1): Tipologia <\/strong><\/a>i <a href=\"https:\/\/www.elturistatranquil.com\/ca\/assentaments-de-poblacio-programats-i-2-proces-historic-a-espanya\/#010\" target=\"_blank\" rel=\"noopener\"><strong>Assentaments de poblaci\u00f3 programats (i 2): Proc\u00e9s hist\u00f2ric a Espanya<\/strong><\/a>, v\u00e0rem tenir ocasi\u00f3 de constatar que una de les actuacions d\u2019assentament programats van ser les col\u00f2nies t\u00e8xtils a Catalunya. Ara \u00e9s el moment de con\u00e8ixer amb m\u00e9s detall una d\u2019aquestes actuacions, en concret la <strong>Col\u00f2nia Vidal de Puig-reig<\/strong>, adaptada com a museu.<\/p>\t\t\t\t\t\t\t\t<\/div>\n\t\t\t\t<\/div>\n\t\t\t\t<div class=\"elementor-element elementor-element-3ed4f084 elementor-widget elementor-widget-heading\" data-id=\"3ed4f084\" data-element_type=\"widget\" data-e-type=\"widget\" data-widget_type=\"heading.default\">\n\t\t\t\t<div class=\"elementor-widget-container\">\n\t\t\t\t\t<h2 class=\"elementor-heading-title elementor-size-default\">El territori<\/h2>\t\t\t\t<\/div>\n\t\t\t\t<\/div>\n\t\t\t\t<div class=\"elementor-element elementor-element-ac5b85a elementor-widget elementor-widget-text-editor\" data-id=\"ac5b85a\" data-element_type=\"widget\" data-e-type=\"widget\" data-widget_type=\"text-editor.default\">\n\t\t\t\t<div class=\"elementor-widget-container\">\n\t\t\t\t\t\t\t\t\t<p>El fet geogr\u00e0fic condicionant en que es fonamenten la localitzaci\u00f3 de les col\u00f2nies t\u00e8xtils va se l\u2019aprofitament de l\u2019energia cin\u00e8tica que podria aportar l\u2019aigua dels rius per moure la maquinaria dels processos industrials de filat i teixit. Per fer rendible la fabricaci\u00f3 en aquells llocs havia de quedar garantit uns m\u00ednims de cabal i continu\u00eftat del flux h\u00eddric.<\/p><p>A Catalunya, aquest aprofitament es va produir espacialment als rius Llobregat i Cardener a la prov\u00edncia de Barcelona, i al Ter a la prov\u00edncia de Girona.<\/p><p>Si relacionem la posici\u00f3 de les col\u00f2nies t\u00e8xtils de Catalunya al mapa de situaci\u00f3 del principi del text amb el conjunt de mapes que s\u2019ofereixen al\u00a0<em>Post\u00a0<\/em><a href=\"https:\/\/www.elturistatranquil.com\/ca\/estructures-territorials-a-lespanya-peninsular\/\" target=\"_blank\" rel=\"noopener\"><strong>Estructures territorials a l\u2019Espanya peninsular<\/strong><\/a>, podrem fer-nos una idea dels condicionants geogr\u00e0fics i hist\u00f2rics m\u00e9s rellevants als que es troba emmarcada. En aquest cas, especialment vinculades a la vora dels rius per aprofitar l\u2019energia hidr\u00e0ulica, m\u00e9s barata que el vapor, i abans que l\u2019electricitat o les energies f\u00f2ssils.<\/p><p>En aquestes condicions, la resta de recursos necessaris per a la producci\u00f3 (primeres mat\u00e8ries, treballadors, serveis auxiliars) s\u2019hauran de despla\u00e7ar fins a l\u2019assentament fluvial. I en aquesta necessitat rau la ra\u00f3 de la construcci\u00f3 d\u2019habitatges per als treballadors al costat de la f\u00e0brica.<\/p>\t\t\t\t\t\t\t\t<\/div>\n\t\t\t\t<\/div>\n\t\t\t\t<div class=\"elementor-element elementor-element-e436247 elementor-widget elementor-widget-heading\" data-id=\"e436247\" data-element_type=\"widget\" data-e-type=\"widget\" data-widget_type=\"heading.default\">\n\t\t\t\t<div class=\"elementor-widget-container\">\n\t\t\t\t\t<h2 class=\"elementor-heading-title elementor-size-default\">Una mica d\u2019hist\u00f2ria<\/h2>\t\t\t\t<\/div>\n\t\t\t\t<\/div>\n\t\t\t\t<div class=\"elementor-element elementor-element-77787ba5 elementor-widget elementor-widget-heading\" data-id=\"77787ba5\" data-element_type=\"widget\" data-e-type=\"widget\" data-widget_type=\"heading.default\">\n\t\t\t\t<div class=\"elementor-widget-container\">\n\t\t\t\t\t<h3 class=\"elementor-heading-title elementor-size-default\">Les col\u00f2nies t\u00e8xtils a Catalunya<\/h3>\t\t\t\t<\/div>\n\t\t\t\t<\/div>\n\t\t\t\t<div class=\"elementor-element elementor-element-2844ca2f elementor-widget elementor-widget-text-editor\" data-id=\"2844ca2f\" data-element_type=\"widget\" data-e-type=\"widget\" data-widget_type=\"text-editor.default\">\n\t\t\t\t<div class=\"elementor-widget-container\">\n\t\t\t\t\t\t\t\t\t<p>Als esmentats dos <em>posts<\/em>: \u00a0<a href=\"https:\/\/www.elturistatranquil.com\/ca\/assentaments-de-poblacio-programats-1-tipologia\/#010\" target=\"_blank\" rel=\"noopener\">Assentaments de poblaci\u00f3 programats (1): Tipologia <\/a>i <a href=\"https:\/\/www.elturistatranquil.com\/ca\/assentaments-de-poblacio-programats-i-2-proces-historic-a-espanya\/#010\" target=\"_blank\" rel=\"noopener\">Assentaments de poblaci\u00f3 programats (i 2): Proc\u00e9s hist\u00f2ric a Espanya<\/a>,\u00a0ja vaig presentar de manera gen\u00e8rica la tipologia d\u2019assentaments de col\u00f2nia industrial t\u00e8xtil a Catalunya. No repetir\u00e9 el que all\u00e0 hi ha explicat.<\/p>\t\t\t\t\t\t\t\t<\/div>\n\t\t\t\t<\/div>\n\t\t\t\t<div class=\"elementor-element elementor-element-620998f9 elementor-widget elementor-widget-image\" data-id=\"620998f9\" data-element_type=\"widget\" data-e-type=\"widget\" data-widget_type=\"image.default\">\n\t\t\t\t<div class=\"elementor-widget-container\">\n\t\t\t\t\t\t\t\t\t\t\t\t<figure class=\"wp-caption\">\n\t\t\t\t\t\t\t\t\t\t<img decoding=\"async\" width=\"768\" height=\"512\" src=\"https:\/\/www.elturistatranquil.com\/wp-content\/uploads\/F03-Colonies-textils-a-Catalunya-A-Google-My-maps-2025-06-05.jpg\" class=\"attachment-large size-large wp-image-59033\" alt=\"Colonies textils a Catalunya A (Google My maps 2025-06-05)\" srcset=\"https:\/\/www.elturistatranquil.com\/wp-content\/uploads\/F03-Colonies-textils-a-Catalunya-A-Google-My-maps-2025-06-05.jpg 768w, https:\/\/www.elturistatranquil.com\/wp-content\/uploads\/F03-Colonies-textils-a-Catalunya-A-Google-My-maps-2025-06-05-339x226.jpg 339w\" sizes=\"(max-width: 768px) 100vw, 768px\" \/>\t\t\t\t\t\t\t\t\t\t\t<figcaption class=\"widget-image-caption wp-caption-text\">Col\u00f2nies t\u00e8xtils a Catalunya (elaborat sobre Google My Maps)<\/figcaption>\n\t\t\t\t\t\t\t\t\t\t<\/figure>\n\t\t\t\t\t\t\t\t\t<\/div>\n\t\t\t\t<\/div>\n\t\t\t\t<div class=\"elementor-element elementor-element-25d7c76 elementor-widget elementor-widget-text-editor\" data-id=\"25d7c76\" data-element_type=\"widget\" data-e-type=\"widget\" data-widget_type=\"text-editor.default\">\n\t\t\t\t<div class=\"elementor-widget-container\">\n\t\t\t\t\t\t\t\t\t<p>Nom\u00e9s constatar que van ser en total al voltant d\u2019un centenar de col\u00f2nies t\u00e8xtils, especialment concentrades al rius Llobregat, Cardener i Ter.<\/p><p>Entre les del riu Llobregat destaca la <strong>Col\u00f2nia Vidal<\/strong>, <strong>Col\u00f2nia Can Vidal<\/strong>, o <strong>Can Vidal<\/strong> i prou, la darrera en ser constru\u00efda, a la que dedico aquest <em>post<\/em>, i que ens permetr\u00e0 con\u00e8ixer l\u2019estructura i funcionament d\u2019una col\u00f2nia que contenia tots els elements que les varen configurar.<\/p>\t\t\t\t\t\t\t\t<\/div>\n\t\t\t\t<\/div>\n\t\t\t\t<div class=\"elementor-element elementor-element-1c49d7b elementor-widget elementor-widget-heading\" data-id=\"1c49d7b\" data-element_type=\"widget\" data-e-type=\"widget\" data-widget_type=\"heading.default\">\n\t\t\t\t<div class=\"elementor-widget-container\">\n\t\t\t\t\t<h3 class=\"elementor-heading-title elementor-size-default\">La Col\u00f2nia Vidal<\/h3>\t\t\t\t<\/div>\n\t\t\t\t<\/div>\n\t\t\t\t<div class=\"elementor-element elementor-element-d6da32d elementor-widget elementor-widget-text-editor\" data-id=\"d6da32d\" data-element_type=\"widget\" data-e-type=\"widget\" data-widget_type=\"text-editor.default\">\n\t\t\t\t<div class=\"elementor-widget-container\">\n\t\t\t\t\t\t\t\t\t<p>La traject\u00f2ria industrial dels fabricants Vidal arrenca a Manresa (Barcelona) a mitjans segle XIX amb fabricaci\u00f3 de cinteria i mocadors de seda. A m\u00e9s de gestionar diversos establiments t\u00e8xtils, Ignasi Vidal i Balet, cap de la saga, el 1892 adquir\u00ed a Puig-reig els terrenys per construir-hi una col\u00f2nia especialitzada en la producci\u00f3 de teixits de cot\u00f3 de qualitat, com llen\u00e7ols i piqu\u00e9.<\/p><p>La construcci\u00f3 va comen\u00e7ar el 1894 i es van acabar al 1901, convertint-se en la darrera col\u00f2nia t\u00e8xtil oberta al Bergued\u00e0 i una de les m\u00e9s modernes de la regi\u00f3. Ignasi Vidal no la va veure acabada ja que va morir el 1896.<\/p><p>La <strong>Col\u00f2nia Vidal<\/strong> de Puig-reig,\u00a0 representa un dels exemples m\u00e9s acabats de col\u00f2nia industrial catalana. Des dels seu projectes, a finals segle XIX, va destacar per la seva planificaci\u00f3 urbana avan\u00e7ada i la seva voluntat de crear un espai autosuficient i organitzat. \u00c9s un testimoni viu de la industrialitzaci\u00f3 catalana i de la vida obrera al llarg del segle XX.<\/p>\t\t\t\t\t\t\t\t<\/div>\n\t\t\t\t<\/div>\n\t\t\t\t<div class=\"elementor-element elementor-element-50f895f elementor-widget elementor-widget-image\" data-id=\"50f895f\" data-element_type=\"widget\" data-e-type=\"widget\" data-widget_type=\"image.default\">\n\t\t\t\t<div class=\"elementor-widget-container\">\n\t\t\t\t\t\t\t\t\t\t\t\t<figure class=\"wp-caption\">\n\t\t\t\t\t\t\t\t\t\t<img loading=\"lazy\" decoding=\"async\" width=\"768\" height=\"336\" src=\"https:\/\/www.elturistatranquil.com\/wp-content\/uploads\/F04-Colonia-Vidal-Puig-reig-Barcelona-panoramica.jpg\" class=\"attachment-large size-large wp-image-59035\" alt=\"Colonia Vidal, Puig-reig, Barcelona panoramica\" srcset=\"https:\/\/www.elturistatranquil.com\/wp-content\/uploads\/F04-Colonia-Vidal-Puig-reig-Barcelona-panoramica.jpg 768w, https:\/\/www.elturistatranquil.com\/wp-content\/uploads\/F04-Colonia-Vidal-Puig-reig-Barcelona-panoramica-339x148.jpg 339w\" sizes=\"(max-width: 768px) 100vw, 768px\" \/>\t\t\t\t\t\t\t\t\t\t\t<figcaption class=\"widget-image-caption wp-caption-text\"><\/figcaption>\n\t\t\t\t\t\t\t\t\t\t<\/figure>\n\t\t\t\t\t\t\t\t\t<\/div>\n\t\t\t\t<\/div>\n\t\t\t\t<div class=\"elementor-element elementor-element-e6ae335 elementor-widget elementor-widget-text-editor\" data-id=\"e6ae335\" data-element_type=\"widget\" data-e-type=\"widget\" data-widget_type=\"text-editor.default\">\n\t\t\t\t<div class=\"elementor-widget-container\">\n\t\t\t\t\t\t\t\t\t<p>Situada al municipi de Puig-reig, a la comarca del Bergued\u00e0 (Barcelona), la Col\u00f2nia va n\u00e9ixer com a assentament industrial a la vora del riu Llobregat, per aprofitar la for\u00e7a de l\u2019aigua com a font d\u2019energia per a la seva activitat t\u00e8xtil.<\/p><p>El fet d\u2019haver de situar la f\u00e0brica a la vora del riu comportava que estigues situada en mig del camp, allunyada de les poblacions eminentment de base rural, i en una \u00e8poca on no existien mitjans de transport. En aquest cas, La Col\u00f2nia Vidal esta situada uns quatre quil\u00f2metres al sud de la vila de Puig-reig.<\/p><p>Significava que no ha havia a l\u2019abast \u00a0treballadors disponibles. Per resoldre el problema de la ma d\u2019obra, la creaci\u00f3 de una col\u00f2nia al costat de la f\u00e0brica assegurava la disponibilitat de for\u00e7a e treball, des dels obrers fins al director, vivint permanentment al costat de la f\u00e0brica. Per garantir aquesta ma d\u2019obra fins hi tot les f\u00e0briques properes a una poblaci\u00f3 varen adoptat el model de col\u00f2nia, amb totes les edificacions propietat de l\u2019empresa (habitatges i serveis) en unes condicions socials similars a les de la \u201cservitud\u201d.<\/p><p>Ja el 1905 hi vivien 200 persones i va anar incorporant serveis com el caf\u00e8, l\u2019escola, la barberia, la biblioteca, el teatre, esgl\u00e9sia, economat, pista de b\u00e0squet, safareig i dutxes comunitaris, configurant un petit univers autosuficient al voltant de la f\u00e0brica.<\/p><p>Al llarg dels anys es van anar afegint o millorant serveis i edificis.<\/p><p>La Col\u00f2nia va viure el seu apogeu durant la d\u00e8cada dels anys vint, quan la producci\u00f3 i la vida social i cultural van arribar al m\u00e0xim esplendor.<\/p><p>Va tenir una vida relativament curta com a centre productiu de 79 anys. La crisi del sector t\u00e8xtil dels anys vuitanta va portar al tancament definitiu de la f\u00e0brica el 1980, iniciant un proc\u00e9s de despoblament i aband\u00f3 progressiu.<\/p><p>Despr\u00e9s del tancament, la Col\u00f2nia va ser objecte d\u2019un proc\u00e9s de valoritzaci\u00f3 patrimonial. El 1995 es va obrir el <strong>Museu de la Col\u00f2nia Vidal<\/strong>.<\/p><p>Actualment, nom\u00e9s resideixen uns cinquanta habitants. Un grup de persones grans que havien treballat tota la vida a la f\u00e0brica i un altre grup de persones que han posat en marxa el projecte <a href=\"https:\/\/www.vidalia.coop\/inici\/\" target=\"_blank\" rel=\"noopener\"><strong>Vid\u00e0lia<\/strong><\/a>, que es defineix com \u201cuna comunitat intencional basada en les cures a les persones i a la natura, la transformaci\u00f3 social i l\u2019arrelament al territori\u201d.<\/p>\t\t\t\t\t\t\t\t<\/div>\n\t\t\t\t<\/div>\n\t\t\t\t<div class=\"elementor-element elementor-element-2d2996dc elementor-widget elementor-widget-heading\" data-id=\"2d2996dc\" data-element_type=\"widget\" data-e-type=\"widget\" data-widget_type=\"heading.default\">\n\t\t\t\t<div class=\"elementor-widget-container\">\n\t\t\t\t\t<h5 class=\"elementor-heading-title elementor-size-default\">Condicions de treball i de vida<\/h5>\t\t\t\t<\/div>\n\t\t\t\t<\/div>\n\t\t\t\t<div class=\"elementor-element elementor-element-1d45b81 elementor-widget elementor-widget-text-editor\" data-id=\"1d45b81\" data-element_type=\"widget\" data-e-type=\"widget\" data-widget_type=\"text-editor.default\">\n\t\t\t\t<div class=\"elementor-widget-container\">\n\t\t\t\t\t\t\t\t\t<p>A les primeres d\u00e8cades (1901-1920), les condicions de treball eren molt dures: jornades llargues (fins a 14 hores di\u00e0ries), feina tamb\u00e9 el dissabte, disciplina estricta i baixos salaris. Tots els membres de la fam\u00edlia, havien de treballar per garantir la subsist\u00e8ncia, mentre que els nens i nenes a partir dels 14 anys ja eren considerats adults. Cal tenir en compte que la ind\u00fastria t\u00e8xtil \u00e9s una activitat altament feminitzada i apte pel treball infantil. Aix\u00f2 permetia treure un gran rendiment a la construcci\u00f3 d\u2019habitatges obrers de lloguer pel fet de que tota la fam\u00edlia activa estava obligat\u00f2riament al servei de l\u2019empresa. La disponibilitat d\u2019habitatge en r\u00e8gim de lloguer, la obligatorietat de treballar a la f\u00e0brica per mantenir la residencia, i la depend\u00e8ncia del serveis personals i familiars de la oferta a la col\u00f2nia creaven unes condicions de vida assimilables al servilisme.<\/p><p>Pel que fa a la Col\u00f2nia, des del comen\u00e7ament ja hi havia escola, esgl\u00e9sia, caf\u00e8, barberia i teatre. Amb el temps, la Col\u00f2nia va anar incorporant serveis i equipaments que milloraren la vida quotidiana dels treballadors.<\/p><p>A mesura que la poblaci\u00f3 creixia (300 habitants el 1910, 600 el 1934 i m\u00e9s de 700 als anys 60), la vida social i cultural es va intensificar: es van crear orfeons, grups de caramelles, equip de futbol, actuacions teatrals i cinema.<\/p><p>Malgrat que no hi ha dades oficials, es pot estimar que durant les d\u00e8cades de m\u00e0xim esplendor (1920-1960), la majoria de la poblaci\u00f3 adulta masculina i bona part de la femenina treballaven a la f\u00e0brica, ja que la Col\u00f2nia era un nucli autosuficient i que probablement van arribar a treballa-hi entre 300 i 500 persones.<\/p><p>Un canvi en l\u2019oferta i localitzaci\u00f3 del serveis va tenir lloc quan a la d\u00e8cada dels 40, acabada la guerra amb les seves conseq\u00fc\u00e8ncies, es van construir l\u2019edifici de la Fundaci\u00f3 Vidal, l\u2019esgl\u00e9sia i el Casal de la Dona i escola (de nenes).<\/p><p>La Col\u00f2nia es va convertir en un microcosmos autosuficient on els treballadors vivien, treballaven i passaven el seu temps lliure, tot i que la frontera entre la vida laboral i personal era gaireb\u00e9 inexistent. La influ\u00e8ncia dels amos era molt present, amb un control paternalista que s\u2019exercia tant a la f\u00e0brica com als serveis socials i religiosos.<\/p><p>Durant els anys seixanta i setanta, la Col\u00f2nia va viure una relativa estabilitat, per\u00f2 la crisi del sector t\u00e8xtil va portar al tancament definitiu el 1980.<\/p>\t\t\t\t\t\t\t\t<\/div>\n\t\t\t\t<\/div>\n\t\t\t\t<div class=\"elementor-element elementor-element-7172c49 elementor-widget elementor-widget-heading\" data-id=\"7172c49\" data-element_type=\"widget\" data-e-type=\"widget\" data-widget_type=\"heading.default\">\n\t\t\t\t<div class=\"elementor-widget-container\">\n\t\t\t\t\t<h2 class=\"elementor-heading-title elementor-size-default\">Estructura territorial de la Col\u00f2nia Vidal<\/h2>\t\t\t\t<\/div>\n\t\t\t\t<\/div>\n\t\t\t\t<div class=\"elementor-element elementor-element-6b22bc4 elementor-widget elementor-widget-text-editor\" data-id=\"6b22bc4\" data-element_type=\"widget\" data-e-type=\"widget\" data-widget_type=\"text-editor.default\">\n\t\t\t\t<div class=\"elementor-widget-container\">\n\t\t\t\t\t\t\t\t\t<p>La planificaci\u00f3 de la distribuci\u00f3 dels habitatges i serveis a la Col\u00f2nia Vidal va respondre a un model intencionadament zonificat i autosuficient, t\u00edpic de les col\u00f2nies industrials catalanes, per\u00f2 amb algunes caracter\u00edstiques pr\u00f2pies que la diferencien d\u2019altres col\u00f2nies.<\/p><p>Els conjunts urban\u00edstics-arquitect\u00f2nic m\u00e9s destacats de la Col\u00f2nia van ser:<\/p>\t\t\t\t\t\t\t\t<\/div>\n\t\t\t\t<\/div>\n\t\t\t\t<div class=\"elementor-element elementor-element-0963ed9 elementor-widget elementor-widget-heading\" data-id=\"0963ed9\" data-element_type=\"widget\" data-e-type=\"widget\" data-widget_type=\"heading.default\">\n\t\t\t\t<div class=\"elementor-widget-container\">\n\t\t\t\t\t<h5 class=\"elementor-heading-title elementor-size-default\">Instal\u00b7lacions fabrils<\/h5>\t\t\t\t<\/div>\n\t\t\t\t<\/div>\n\t\t\t\t<div class=\"elementor-element elementor-element-b1ea1f6 elementor-widget elementor-widget-text-editor\" data-id=\"b1ea1f6\" data-element_type=\"widget\" data-e-type=\"widget\" data-widget_type=\"text-editor.default\">\n\t\t\t\t<div class=\"elementor-widget-container\">\n\t\t\t\t\t\t\t\t\t<p>Resclosa i canal de derivaci\u00f3, turbina hidr\u00e0ulica i m\u00e0quina de vapor, f\u00e0brica i magatzems, i estaci\u00f3 de ferrocarril.<\/p>\t\t\t\t\t\t\t\t<\/div>\n\t\t\t\t<\/div>\n\t\t\t\t<div class=\"elementor-element elementor-element-e5f879f elementor-widget elementor-widget-heading\" data-id=\"e5f879f\" data-element_type=\"widget\" data-e-type=\"widget\" data-widget_type=\"heading.default\">\n\t\t\t\t<div class=\"elementor-widget-container\">\n\t\t\t\t\t<h5 class=\"elementor-heading-title elementor-size-default\">Residencials i serveis<\/h5>\t\t\t\t<\/div>\n\t\t\t\t<\/div>\n\t\t\t\t<div class=\"elementor-element elementor-element-db80a95 elementor-widget elementor-widget-text-editor\" data-id=\"db80a95\" data-element_type=\"widget\" data-e-type=\"widget\" data-widget_type=\"text-editor.default\">\n\t\t\t\t<div class=\"elementor-widget-container\">\n\t\t\t\t\t\t\t\t\t<p>Torre de l\u2019amo i torre del director. Nucli de la Col\u00f2nia amb habitatges d\u2019obrers, d\u2019encarregats i de majordoms; serveis col\u00b7lectius i serveis a les persones i fam\u00edlies.<\/p><p>En resum, la distribuci\u00f3 de la Col\u00f2nia Vidal integrava elements arquitect\u00f2nics que ordenaven l\u2019espai segons l\u2019activitat econ\u00f2mica-productiva i \u00a0la vida i jerarquia social, amb espais comunitaris que facilitaven l\u2019autosufici\u00e8ncia i la vida en com\u00fa, configurant un model complet i representatiu de la col\u00f2nia industrial catalana.<\/p><p>La construcci\u00f3 de la Col\u00f2nia va tenir varies etapes. A l\u2019inici les instal\u00b7lacions fabrils i la part residencial amb els primers carrers (Sant Ignasi, Concepci\u00f3, Sant Vicen\u00e7) i els serveis intercalats. Nous blocs i cases afegits durant els anys 20 i, sobretot, en la nova etapa constructiva dels anys 40, amb m\u00e9s blocs d\u2019habitatges i l\u2019edifici de la Fundaci\u00f3 Vidal presidint la pla\u00e7a, a m\u00e9s de l\u2019esgl\u00e9sia i el Casal de la Dona i escola de nenes.<\/p>\t\t\t\t\t\t\t\t<\/div>\n\t\t\t\t<\/div>\n\t\t\t\t<div class=\"elementor-element elementor-element-0145bf3 elementor-widget elementor-widget-image\" data-id=\"0145bf3\" data-element_type=\"widget\" data-e-type=\"widget\" data-widget_type=\"image.default\">\n\t\t\t\t<div class=\"elementor-widget-container\">\n\t\t\t\t\t\t\t\t\t\t\t\t<figure class=\"wp-caption\">\n\t\t\t\t\t\t\t\t\t\t<img loading=\"lazy\" decoding=\"async\" width=\"768\" height=\"512\" src=\"https:\/\/www.elturistatranquil.com\/wp-content\/uploads\/F05-Colonia-Vidal-Puig-reig-Barcelona-Google-maps-2025-06-05.jpg\" class=\"attachment-large size-large wp-image-59037\" alt=\"Colonia Vidal, Puig-reig, Barcelona (Google maps 2025-06-05)\" srcset=\"https:\/\/www.elturistatranquil.com\/wp-content\/uploads\/F05-Colonia-Vidal-Puig-reig-Barcelona-Google-maps-2025-06-05.jpg 768w, https:\/\/www.elturistatranquil.com\/wp-content\/uploads\/F05-Colonia-Vidal-Puig-reig-Barcelona-Google-maps-2025-06-05-339x226.jpg 339w\" sizes=\"(max-width: 768px) 100vw, 768px\" \/>\t\t\t\t\t\t\t\t\t\t\t<figcaption class=\"widget-image-caption wp-caption-text\">Col\u00f2nia Vidal: R: resclosa i canal; F: f\u00e0brica; EF: estaci\u00f3 de ferrocarril; CA: torre de l'amo; CD: torre del director; C-S: habitatges de treballadors i serveis; H: horts (sobre Google maps 2025-06-05)<\/figcaption>\n\t\t\t\t\t\t\t\t\t\t<\/figure>\n\t\t\t\t\t\t\t\t\t<\/div>\n\t\t\t\t<\/div>\n\t\t\t\t<div class=\"elementor-element elementor-element-a2d649a elementor-widget elementor-widget-image\" data-id=\"a2d649a\" data-element_type=\"widget\" data-e-type=\"widget\" data-widget_type=\"image.default\">\n\t\t\t\t<div class=\"elementor-widget-container\">\n\t\t\t\t\t\t\t\t\t\t\t\t<figure class=\"wp-caption\">\n\t\t\t\t\t\t\t\t\t\t<img loading=\"lazy\" decoding=\"async\" width=\"768\" height=\"512\" src=\"https:\/\/www.elturistatranquil.com\/wp-content\/uploads\/F06-Planol-de-la-colonia-Vidal-Puig-reig-Barcelona.jpg\" class=\"attachment-large size-large wp-image-59039\" alt=\"Planol de la colonia Vidal, Puig-reig, Barcelona\" srcset=\"https:\/\/www.elturistatranquil.com\/wp-content\/uploads\/F06-Planol-de-la-colonia-Vidal-Puig-reig-Barcelona.jpg 768w, https:\/\/www.elturistatranquil.com\/wp-content\/uploads\/F06-Planol-de-la-colonia-Vidal-Puig-reig-Barcelona-339x226.jpg 339w\" sizes=\"(max-width: 768px) 100vw, 768px\" \/>\t\t\t\t\t\t\t\t\t\t\t<figcaption class=\"widget-image-caption wp-caption-text\"><\/figcaption>\n\t\t\t\t\t\t\t\t\t\t<\/figure>\n\t\t\t\t\t\t\t\t\t<\/div>\n\t\t\t\t<\/div>\n\t\t\t\t<div class=\"elementor-element elementor-element-e670bf6 elementor-widget elementor-widget-heading\" data-id=\"e670bf6\" data-element_type=\"widget\" data-e-type=\"widget\" data-widget_type=\"heading.default\">\n\t\t\t\t<div class=\"elementor-widget-container\">\n\t\t\t\t\t<h5 class=\"elementor-heading-title elementor-size-default\">Separaci\u00f3 clara entre zona urbana i industrial<\/h5>\t\t\t\t<\/div>\n\t\t\t\t<\/div>\n\t\t\t\t<div class=\"elementor-element elementor-element-b4e3630 elementor-widget elementor-widget-text-editor\" data-id=\"b4e3630\" data-element_type=\"widget\" data-e-type=\"widget\" data-widget_type=\"text-editor.default\">\n\t\t\t\t<div class=\"elementor-widget-container\">\n\t\t\t\t\t\t\t\t\t<p>Un dels trets distintius de la Col\u00f2nia Vidal va ser la separaci\u00f3 clara entre la zona industrial i la zona urbana, creuada per un torrent des de la via del tren-carretera que les partia en dues. Aquesta difer\u00e8ncia tant a la planta com a nivell va permetre distingir l&#8217;espai de treball de l&#8217;espai de vida quotidiana. Aquest criteri d\u2019organitzaci\u00f3 era una innovaci\u00f3 respecte a altres col\u00f2nies de l\u2019\u00e8poca, on sovint les f\u00e0briques i cases dels treballadors es barrejaven sense una distribuci\u00f3 tan definida. Aquesta separaci\u00f3 en planta i en nivell esmorte\u00efa considerablement el soroll de la f\u00e0brica sobre els habitatges.<\/p>\t\t\t\t\t\t\t\t<\/div>\n\t\t\t\t<\/div>\n\t\t\t\t<div class=\"elementor-element elementor-element-99857c1 elementor-widget elementor-widget-heading\" data-id=\"99857c1\" data-element_type=\"widget\" data-e-type=\"widget\" data-widget_type=\"heading.default\">\n\t\t\t\t<div class=\"elementor-widget-container\">\n\t\t\t\t\t<h5 class=\"elementor-heading-title elementor-size-default\">Zonificaci\u00f3 i jerarquia social<\/h5>\t\t\t\t<\/div>\n\t\t\t\t<\/div>\n\t\t\t\t<div class=\"elementor-element elementor-element-35a7a26 elementor-widget elementor-widget-text-editor\" data-id=\"35a7a26\" data-element_type=\"widget\" data-e-type=\"widget\" data-widget_type=\"text-editor.default\">\n\t\t\t\t<div class=\"elementor-widget-container\">\n\t\t\t\t\t\t\t\t\t<p>La planificaci\u00f3 de la Col\u00f2nia responia a una zonificaci\u00f3 intencionada. La f\u00e0brica, juntament amb les cases de l\u2019amo i del director, s\u2019ubicaven a la part sud del conjunt. En canvi, els habitatges dels treballadors i els serveis es concentraven a la zona urbana principal al nord. Aquesta distribuci\u00f3 reflectia tamb\u00e9 una certa jerarquia social, amb les cases dels majordoms i encarregats, amb m\u00e9s amplitud i comoditats.<\/p>\t\t\t\t\t\t\t\t<\/div>\n\t\t\t\t<\/div>\n\t\t\t\t<div class=\"elementor-element elementor-element-5ba16c0 elementor-widget elementor-widget-heading\" data-id=\"5ba16c0\" data-element_type=\"widget\" data-e-type=\"widget\" data-widget_type=\"heading.default\">\n\t\t\t\t<div class=\"elementor-widget-container\">\n\t\t\t\t\t<h5 class=\"elementor-heading-title elementor-size-default\">Tipologies d\u2019habitatge<\/h5>\t\t\t\t<\/div>\n\t\t\t\t<\/div>\n\t\t\t\t<div class=\"elementor-element elementor-element-bc59ce4 elementor-widget elementor-widget-text-editor\" data-id=\"bc59ce4\" data-element_type=\"widget\" data-e-type=\"widget\" data-widget_type=\"text-editor.default\">\n\t\t\t\t<div class=\"elementor-widget-container\">\n\t\t\t\t\t\t\t\t\t<p>Els habitatges dels treballadors es van dissenyar pensant en la comoditat i la conviv\u00e8ncia. Es van construir cases unifamiliars de dos pisos, unides entre si formant carrers, i tamb\u00e9 blocs de tres pisos m\u00e9s a\u00efllats. Els materials utilitzats, com la pedra i el ma\u00f3, garantien la durabilitat i una certa qualitat de vida. La dimensi\u00f3 d\u2019un habitatge obrer era d\u2019uns 60\/70 m<sup>2<\/sup>.<\/p>\t\t\t\t\t\t\t\t<\/div>\n\t\t\t\t<\/div>\n\t\t\t\t<div class=\"elementor-element elementor-element-d6be647 elementor-widget elementor-widget-heading\" data-id=\"d6be647\" data-element_type=\"widget\" data-e-type=\"widget\" data-widget_type=\"heading.default\">\n\t\t\t\t<div class=\"elementor-widget-container\">\n\t\t\t\t\t<h5 class=\"elementor-heading-title elementor-size-default\">Serveis i equipaments<\/h5>\t\t\t\t<\/div>\n\t\t\t\t<\/div>\n\t\t\t\t<div class=\"elementor-element elementor-element-4f9f4d2 elementor-widget elementor-widget-text-editor\" data-id=\"4f9f4d2\" data-element_type=\"widget\" data-e-type=\"widget\" data-widget_type=\"text-editor.default\">\n\t\t\t\t<div class=\"elementor-widget-container\">\n\t\t\t\t\t\t\t\t\t<p>Des dels primers anys, la Col\u00f2nia Vidal va comptar amb serveis essencials per als seus habitants. L\u2019escola, l\u2019esgl\u00e9sia, el caf\u00e8, les botigues i el teatre eren part de la vida quotidiana. M\u00e9s endavant, es van millorar o afegir altres equipaments com el teatre-cinema, la biblioteca, el casal de la dona i una zona esportiva.<\/p><p>Els amos de la Col\u00f2nia van posar especial cura en la creaci\u00f3 d\u2019espais verds i equipaments p\u00fablics. Aquests espais no nom\u00e9s milloraven l\u2019entorn, sin\u00f3 que tamb\u00e9 servien de refer\u00e8ncia per a altres poblacions de l\u2019\u00e8poca.<\/p><p>En resum, la Col\u00f2nia Vidal de Puig-reig va ser concebuda com un nucli autosuficient i ben organitzat, amb una distribuci\u00f3 clara dels espais residencials, industrials i de serveis.<\/p>\t\t\t\t\t\t\t\t<\/div>\n\t\t\t\t<\/div>\n\t\t\t\t<div class=\"elementor-element elementor-element-78d030c elementor-widget elementor-widget-heading\" data-id=\"78d030c\" data-element_type=\"widget\" data-e-type=\"widget\" data-widget_type=\"heading.default\">\n\t\t\t\t<div class=\"elementor-widget-container\">\n\t\t\t\t\t<h2 class=\"elementor-heading-title elementor-size-default\">La visita a la Col\u00f2nia Vidal (Museu)<\/h2>\t\t\t\t<\/div>\n\t\t\t\t<\/div>\n\t\t\t\t<div class=\"elementor-element elementor-element-a006bbc elementor-widget elementor-widget-text-editor\" data-id=\"a006bbc\" data-element_type=\"widget\" data-e-type=\"widget\" data-widget_type=\"text-editor.default\">\n\t\t\t\t<div class=\"elementor-widget-container\">\n\t\t\t\t\t\t\t\t\t<p>Comen\u00e7arem la presentaci\u00f3 de la <strong>Col\u00f2nia Vidal<\/strong> per la zona de les activitats fabrils, justificaci\u00f3 d\u2019una col\u00f2nia, per acabar amb el nucli residencial amb els serveis complementaris.<\/p>\t\t\t\t\t\t\t\t<\/div>\n\t\t\t\t<\/div>\n\t\t\t\t<div class=\"elementor-element elementor-element-6ee017d elementor-widget elementor-widget-image\" data-id=\"6ee017d\" data-element_type=\"widget\" data-e-type=\"widget\" data-widget_type=\"image.default\">\n\t\t\t\t<div class=\"elementor-widget-container\">\n\t\t\t\t\t\t\t\t\t\t\t\t<figure class=\"wp-caption\">\n\t\t\t\t\t\t\t\t\t\t<img loading=\"lazy\" decoding=\"async\" width=\"768\" height=\"512\" src=\"https:\/\/www.elturistatranquil.com\/wp-content\/uploads\/F07a-Colonia-Vidal-Puig-reig-Barcelona-Google-maps-2025-06-05.jpg\" class=\"attachment-large size-large wp-image-59041\" alt=\"Colonia Vidal, Puig-reig, Barcelona (Google maps 2025-06-05)\" srcset=\"https:\/\/www.elturistatranquil.com\/wp-content\/uploads\/F07a-Colonia-Vidal-Puig-reig-Barcelona-Google-maps-2025-06-05.jpg 768w, https:\/\/www.elturistatranquil.com\/wp-content\/uploads\/F07a-Colonia-Vidal-Puig-reig-Barcelona-Google-maps-2025-06-05-339x226.jpg 339w\" sizes=\"(max-width: 768px) 100vw, 768px\" \/>\t\t\t\t\t\t\t\t\t\t\t<figcaption class=\"widget-image-caption wp-caption-text\">Can Vidal: Zona productiva (Google maps 2025-06-15)<\/figcaption>\n\t\t\t\t\t\t\t\t\t\t<\/figure>\n\t\t\t\t\t\t\t\t\t<\/div>\n\t\t\t\t<\/div>\n\t\t\t\t<div class=\"elementor-element elementor-element-c6ee7b6 elementor-widget elementor-widget-heading\" data-id=\"c6ee7b6\" data-element_type=\"widget\" data-e-type=\"widget\" data-widget_type=\"heading.default\">\n\t\t\t\t<div class=\"elementor-widget-container\">\n\t\t\t\t\t<h3 class=\"elementor-heading-title elementor-size-default\">L\u2019edifici de la f\u00e0brica<\/h3>\t\t\t\t<\/div>\n\t\t\t\t<\/div>\n\t\t\t\t<div class=\"elementor-element elementor-element-2fa96d1 elementor-widget elementor-widget-text-editor\" data-id=\"2fa96d1\" data-element_type=\"widget\" data-e-type=\"widget\" data-widget_type=\"text-editor.default\">\n\t\t\t\t<div class=\"elementor-widget-container\">\n\t\t\t\t\t\t\t\t\t<p>La f\u00e0brica \u00e9s una edificaci\u00f3 cont\u00ednua longitudinal paral\u00b7lela al curs del riu. La f\u00e0brica en sentit estricte t\u00e9 unes dimensions d\u2019uns 175 x 40 metres. Arriba als 225 metres al afegir-hi el conjunt de la m\u00e0quina de vapor a l\u2019extrem nord, incorporat als any 40.<\/p><p>L\u2019edificaci\u00f3 es modular, amb un cos central sobresortint, i diversos nivells que acollien les naus de filatura, teixit i magatzems.<\/p><p>La part frontal no \u00e9s f\u00e0cilment visible ja que est\u00e0 encarada als camps de llevant. Aquestes fotografies del P<a href=\"https:\/\/patrimonicultural.diba.cat\/element\/colonia-vidal-o-cal-vidal\" target=\"_blank\" rel=\"noopener\">atrimoni Cultural de la Diputaci\u00f3 de Barcelona<\/a> mostren la magnific\u00e8ncia d\u2019aquesta instal\u00b7laci\u00f3 fabril.<\/p>\t\t\t\t\t\t\t\t<\/div>\n\t\t\t\t<\/div>\n\t\t\t\t<div class=\"elementor-element elementor-element-b4db13e elementor-widget elementor-widget-image\" data-id=\"b4db13e\" data-element_type=\"widget\" data-e-type=\"widget\" data-widget_type=\"image.default\">\n\t\t\t\t<div class=\"elementor-widget-container\">\n\t\t\t\t\t\t\t\t\t\t\t\t<figure class=\"wp-caption\">\n\t\t\t\t\t\t\t\t\t\t<img loading=\"lazy\" decoding=\"async\" width=\"768\" height=\"512\" src=\"https:\/\/www.elturistatranquil.com\/wp-content\/uploads\/F07b-Colonia-Vidal-Puig-reig-Barcelona.jpg\" class=\"attachment-large size-large wp-image-59043\" alt=\"Colonia Vidal, Puig-reig, Barcelona\" srcset=\"https:\/\/www.elturistatranquil.com\/wp-content\/uploads\/F07b-Colonia-Vidal-Puig-reig-Barcelona.jpg 768w, https:\/\/www.elturistatranquil.com\/wp-content\/uploads\/F07b-Colonia-Vidal-Puig-reig-Barcelona-339x226.jpg 339w\" sizes=\"(max-width: 768px) 100vw, 768px\" \/>\t\t\t\t\t\t\t\t\t\t\t<figcaption class=\"widget-image-caption wp-caption-text\"><\/figcaption>\n\t\t\t\t\t\t\t\t\t\t<\/figure>\n\t\t\t\t\t\t\t\t\t<\/div>\n\t\t\t\t<\/div>\n\t\t\t\t<div class=\"elementor-element elementor-element-ad34ef0 elementor-widget elementor-widget-text-editor\" data-id=\"ad34ef0\" data-element_type=\"widget\" data-e-type=\"widget\" data-widget_type=\"text-editor.default\">\n\t\t\t\t<div class=\"elementor-widget-container\">\n\t\t\t\t\t\t\t\t\t<p>Observem com per darrera a la dreta sobresurt la Torre de l\u2019amo.<\/p>\t\t\t\t\t\t\t\t<\/div>\n\t\t\t\t<\/div>\n\t\t\t\t<div class=\"elementor-element elementor-element-b3a4496 elementor-widget elementor-widget-image\" data-id=\"b3a4496\" data-element_type=\"widget\" data-e-type=\"widget\" data-widget_type=\"image.default\">\n\t\t\t\t<div class=\"elementor-widget-container\">\n\t\t\t\t\t\t\t\t\t\t\t\t<figure class=\"wp-caption\">\n\t\t\t\t\t\t\t\t\t\t<img loading=\"lazy\" decoding=\"async\" width=\"768\" height=\"513\" src=\"https:\/\/www.elturistatranquil.com\/wp-content\/uploads\/F07c-Colonia-Vidal-Puig-reig-Barcelona.jpg\" class=\"attachment-large size-large wp-image-59045\" alt=\"Colonia Vidal, Puig-reig, Barcelona\" srcset=\"https:\/\/www.elturistatranquil.com\/wp-content\/uploads\/F07c-Colonia-Vidal-Puig-reig-Barcelona.jpg 768w, https:\/\/www.elturistatranquil.com\/wp-content\/uploads\/F07c-Colonia-Vidal-Puig-reig-Barcelona-339x226.jpg 339w\" sizes=\"(max-width: 768px) 100vw, 768px\" \/>\t\t\t\t\t\t\t\t\t\t\t<figcaption class=\"widget-image-caption wp-caption-text\"><\/figcaption>\n\t\t\t\t\t\t\t\t\t\t<\/figure>\n\t\t\t\t\t\t\t\t\t<\/div>\n\t\t\t\t<\/div>\n\t\t\t\t<div class=\"elementor-element elementor-element-ba5a803 elementor-widget elementor-widget-heading\" data-id=\"ba5a803\" data-element_type=\"widget\" data-e-type=\"widget\" data-widget_type=\"heading.default\">\n\t\t\t\t<div class=\"elementor-widget-container\">\n\t\t\t\t\t<h3 class=\"elementor-heading-title elementor-size-default\">Les fonts d\u2019energia <\/h3>\t\t\t\t<\/div>\n\t\t\t\t<\/div>\n\t\t\t\t<div class=\"elementor-element elementor-element-e6df149 elementor-widget elementor-widget-text-editor\" data-id=\"e6df149\" data-element_type=\"widget\" data-e-type=\"widget\" data-widget_type=\"text-editor.default\">\n\t\t\t\t<div class=\"elementor-widget-container\">\n\t\t\t\t\t\t\t\t\t<p>Malgrat que l\u2019aplicaci\u00f3 industrial de la m\u00e0quina de vapor s\u2019havia estes per Espanya durant el segle XIX, els alts preus del carb\u00f3 feien econ\u00f2micament rendible l\u2019aplicaci\u00f3 de l\u2019energia hidr\u00e0ulica que podien proporcionar el rius. Aquesta possibilitat es va aplicar a Catalunya al rius Llobregat, Cardener i Ter, com ja s\u2019ha citat.<\/p>\t\t\t\t\t\t\t\t<\/div>\n\t\t\t\t<\/div>\n\t\t\t\t<div class=\"elementor-element elementor-element-69e6bc53 elementor-widget elementor-widget-heading\" data-id=\"69e6bc53\" data-element_type=\"widget\" data-e-type=\"widget\" data-widget_type=\"heading.default\">\n\t\t\t\t<div class=\"elementor-widget-container\">\n\t\t\t\t\t<h4 class=\"elementor-heading-title elementor-size-default\">Aplicaci\u00f3 d\u2019energia hidr\u00e0ulica<\/h4>\t\t\t\t<\/div>\n\t\t\t\t<\/div>\n\t\t\t\t<div class=\"elementor-element elementor-element-8552aac elementor-widget elementor-widget-text-editor\" data-id=\"8552aac\" data-element_type=\"widget\" data-e-type=\"widget\" data-widget_type=\"text-editor.default\">\n\t\t\t\t<div class=\"elementor-widget-container\">\n\t\t\t\t\t\t\t\t\t<p>La Col\u00f2nia Vidal, com la majoria de col\u00f2nies t\u00e8xtils catalanes, va basar inicialment el seu funcionament industrial en l\u2019aprofitament de l\u2019energia hidr\u00e0ulica, per\u00f2 va evolucionar cap a sistemes mixtos per garantir la producci\u00f3 en totes les circumst\u00e0ncies, com podia ser estiatge del riu o sequeres.<\/p>\t\t\t\t\t\t\t\t<\/div>\n\t\t\t\t<\/div>\n\t\t\t\t<div class=\"elementor-element elementor-element-614af1a elementor-widget elementor-widget-heading\" data-id=\"614af1a\" data-element_type=\"widget\" data-e-type=\"widget\" data-widget_type=\"heading.default\">\n\t\t\t\t<div class=\"elementor-widget-container\">\n\t\t\t\t\t<h4 class=\"elementor-heading-title elementor-size-default\">La resclosa, el canal de derivaci\u00f3 i la turbina hidr\u00e0ulica<\/h4>\t\t\t\t<\/div>\n\t\t\t\t<\/div>\n\t\t\t\t<div class=\"elementor-element elementor-element-be34258 elementor-widget elementor-widget-text-editor\" data-id=\"be34258\" data-element_type=\"widget\" data-e-type=\"widget\" data-widget_type=\"text-editor.default\">\n\t\t\t\t<div class=\"elementor-widget-container\">\n\t\t\t\t\t\t\t\t\t<p>El primer que cal disposar \u00e9s d\u2019una <strong>resclosa<\/strong> (<strong>1<\/strong>) situada a un nivell d\u2019al\u00e7ada superior respecte a la turbina adequat per que el salt d\u2019aigua aporti l\u2019energia cin\u00e8tica necess\u00e0ria per fer funcionar la turbina, transformant l\u2019energia potencial i cin\u00e8tica de l\u2019aigua en energia mec\u00e0nica per fer funcionar les m\u00e0quines de la f\u00e0brica<\/p><p>Des de la resclosa, de 17 metres d\u2019al\u00e7ada, un canal de derivaci\u00f3 canalitzava l\u2019aigua fins a la turbina hidr\u00e0ulica situada a la part central de la f\u00e0brica.<\/p>\t\t\t\t\t\t\t\t<\/div>\n\t\t\t\t<\/div>\n\t\t\t\t<div class=\"elementor-element elementor-element-9940175 elementor-widget elementor-widget-image\" data-id=\"9940175\" data-element_type=\"widget\" data-e-type=\"widget\" data-widget_type=\"image.default\">\n\t\t\t\t<div class=\"elementor-widget-container\">\n\t\t\t\t\t\t\t\t\t\t\t\t<figure class=\"wp-caption\">\n\t\t\t\t\t\t\t\t\t\t<img loading=\"lazy\" decoding=\"async\" width=\"768\" height=\"512\" src=\"https:\/\/www.elturistatranquil.com\/wp-content\/uploads\/F08-Colonia-Vidal-Puig-reig-Barcelona.jpg\" class=\"attachment-large size-large wp-image-59047\" alt=\"Colonia Vidal, Puig-reig, Barcelona\" srcset=\"https:\/\/www.elturistatranquil.com\/wp-content\/uploads\/F08-Colonia-Vidal-Puig-reig-Barcelona.jpg 768w, https:\/\/www.elturistatranquil.com\/wp-content\/uploads\/F08-Colonia-Vidal-Puig-reig-Barcelona-339x226.jpg 339w\" sizes=\"(max-width: 768px) 100vw, 768px\" \/>\t\t\t\t\t\t\t\t\t\t\t<figcaption class=\"widget-image-caption wp-caption-text\"><\/figcaption>\n\t\t\t\t\t\t\t\t\t\t<\/figure>\n\t\t\t\t\t\t\t\t\t<\/div>\n\t\t\t\t<\/div>\n\t\t\t\t<div class=\"elementor-element elementor-element-b498e1b elementor-widget elementor-widget-image\" data-id=\"b498e1b\" data-element_type=\"widget\" data-e-type=\"widget\" data-widget_type=\"image.default\">\n\t\t\t\t<div class=\"elementor-widget-container\">\n\t\t\t\t\t\t\t\t\t\t\t\t<figure class=\"wp-caption\">\n\t\t\t\t\t\t\t\t\t\t<img loading=\"lazy\" decoding=\"async\" width=\"768\" height=\"512\" src=\"https:\/\/www.elturistatranquil.com\/wp-content\/uploads\/F09-Colonia-Vidal-Puig-reig-Barcelona.jpg\" class=\"attachment-large size-large wp-image-59052\" alt=\"Colonia Vidal, Puig-reig, Barcelona\" srcset=\"https:\/\/www.elturistatranquil.com\/wp-content\/uploads\/F09-Colonia-Vidal-Puig-reig-Barcelona.jpg 768w, https:\/\/www.elturistatranquil.com\/wp-content\/uploads\/F09-Colonia-Vidal-Puig-reig-Barcelona-339x226.jpg 339w\" sizes=\"(max-width: 768px) 100vw, 768px\" \/>\t\t\t\t\t\t\t\t\t\t\t<figcaption class=\"widget-image-caption wp-caption-text\"><\/figcaption>\n\t\t\t\t\t\t\t\t\t\t<\/figure>\n\t\t\t\t\t\t\t\t\t<\/div>\n\t\t\t\t<\/div>\n\t\t\t\t<div class=\"elementor-element elementor-element-a4ca8b8 elementor-widget elementor-widget-image\" data-id=\"a4ca8b8\" data-element_type=\"widget\" data-e-type=\"widget\" data-widget_type=\"image.default\">\n\t\t\t\t<div class=\"elementor-widget-container\">\n\t\t\t\t\t\t\t\t\t\t\t\t<figure class=\"wp-caption\">\n\t\t\t\t\t\t\t\t\t\t<img loading=\"lazy\" decoding=\"async\" width=\"768\" height=\"512\" src=\"https:\/\/www.elturistatranquil.com\/wp-content\/uploads\/F10-Colonia-Vidal-Puig-reig-Barcelona.jpg\" class=\"attachment-large size-large wp-image-59054\" alt=\"Colonia Vidal, Puig-reig, Barcelona\" srcset=\"https:\/\/www.elturistatranquil.com\/wp-content\/uploads\/F10-Colonia-Vidal-Puig-reig-Barcelona.jpg 768w, https:\/\/www.elturistatranquil.com\/wp-content\/uploads\/F10-Colonia-Vidal-Puig-reig-Barcelona-339x226.jpg 339w\" sizes=\"(max-width: 768px) 100vw, 768px\" \/>\t\t\t\t\t\t\t\t\t\t\t<figcaption class=\"widget-image-caption wp-caption-text\"><\/figcaption>\n\t\t\t\t\t\t\t\t\t\t<\/figure>\n\t\t\t\t\t\t\t\t\t<\/div>\n\t\t\t\t<\/div>\n\t\t\t\t<div class=\"elementor-element elementor-element-79c3d5b elementor-widget elementor-widget-text-editor\" data-id=\"79c3d5b\" data-element_type=\"widget\" data-e-type=\"widget\" data-widget_type=\"text-editor.default\">\n\t\t\t\t<div class=\"elementor-widget-container\">\n\t\t\t\t\t\t\t\t\t<p>A centre de la f\u00e0brica estava situada la <strong>turbina hidr\u00e0ulica<\/strong> (<strong>2<\/strong>) que connectava amb l\u2019embarrat de la f\u00e0brica. Aquesta actuava sota la for\u00e7a cin\u00e8tica d\u2019un salt brut de 16.25 metres.<\/p><p>Des de la turbina pujava verticalment un eix de ferro rotatori, que anomenaven <em>arbre dret<\/em>, el qual, per mitja d\u2019engranatges, distribu\u00efa la for\u00e7a rotat\u00f2ria per totes les naus de l\u2019edifici. Per aquest fet, la disposici\u00f3 lineal dels edificis d\u2019aquestes f\u00e0briques venia for\u00e7ada per garantir la continu\u00eftat de l\u2018embarrat al qual estaven acoblades totes les m\u00e0quines per disposar d\u2019energia rotat\u00f2ria.<\/p>\t\t\t\t\t\t\t\t<\/div>\n\t\t\t\t<\/div>\n\t\t\t\t<div class=\"elementor-element elementor-element-2d49c5c elementor-widget elementor-widget-image\" data-id=\"2d49c5c\" data-element_type=\"widget\" data-e-type=\"widget\" data-widget_type=\"image.default\">\n\t\t\t\t<div class=\"elementor-widget-container\">\n\t\t\t\t\t\t\t\t\t\t\t\t<figure class=\"wp-caption\">\n\t\t\t\t\t\t\t\t\t\t<img loading=\"lazy\" decoding=\"async\" width=\"768\" height=\"512\" src=\"https:\/\/www.elturistatranquil.com\/wp-content\/uploads\/F11-Colonia-Vidal-Puig-reig-Barcelona.jpg\" class=\"attachment-large size-large wp-image-59056\" alt=\"Colonia Vidal, Puig-reig, Barcelona\" srcset=\"https:\/\/www.elturistatranquil.com\/wp-content\/uploads\/F11-Colonia-Vidal-Puig-reig-Barcelona.jpg 768w, https:\/\/www.elturistatranquil.com\/wp-content\/uploads\/F11-Colonia-Vidal-Puig-reig-Barcelona-339x226.jpg 339w\" sizes=\"(max-width: 768px) 100vw, 768px\" \/>\t\t\t\t\t\t\t\t\t\t\t<figcaption class=\"widget-image-caption wp-caption-text\"><\/figcaption>\n\t\t\t\t\t\t\t\t\t\t<\/figure>\n\t\t\t\t\t\t\t\t\t<\/div>\n\t\t\t\t<\/div>\n\t\t\t\t<div class=\"elementor-element elementor-element-00dc924 elementor-widget elementor-widget-heading\" data-id=\"00dc924\" data-element_type=\"widget\" data-e-type=\"widget\" data-widget_type=\"heading.default\">\n\t\t\t\t<div class=\"elementor-widget-container\">\n\t\t\t\t\t<h4 class=\"elementor-heading-title elementor-size-default\">Energia el\u00e8ctrica<\/h4>\t\t\t\t<\/div>\n\t\t\t\t<\/div>\n\t\t\t\t<div class=\"elementor-element elementor-element-8de7f46 elementor-widget elementor-widget-text-editor\" data-id=\"8de7f46\" data-element_type=\"widget\" data-e-type=\"widget\" data-widget_type=\"text-editor.default\">\n\t\t\t\t<div class=\"elementor-widget-container\">\n\t\t\t\t\t\t\t\t\t<p>L\u2019any 1927 es va procedir al canvi de la primitiva turbina i l&#8217;arbre dret per una moderna central hidroel\u00e8ctrica de 640 kW de pot\u00e8ncia, amb dues turbines model Francis.<\/p><p>Aquesta central proporcionava energia a la fabrica, llum a la col\u00f2nia i, en subministrava, a trav\u00e9s d&#8217;una l\u00ednia de transport pr\u00f2pia, electricitat a una altre fabrica de teixits que l\u2019empresa tenia a Nav\u00e0s, a uns 5 kil\u00f2metres de dist\u00e0ncia.<\/p><p>Actualment, la turbina hidr\u00e0ulica continua funcionant com a minicentral hidroel\u00e8ctrica.<\/p><p>\u00a0No es visitable<\/p>\t\t\t\t\t\t\t\t<\/div>\n\t\t\t\t<\/div>\n\t\t\t\t<div class=\"elementor-element elementor-element-21fe7de elementor-widget elementor-widget-heading\" data-id=\"21fe7de\" data-element_type=\"widget\" data-e-type=\"widget\" data-widget_type=\"heading.default\">\n\t\t\t\t<div class=\"elementor-widget-container\">\n\t\t\t\t\t<h4 class=\"elementor-heading-title elementor-size-default\">La m\u00e0quina de vapor <\/h4>\t\t\t\t<\/div>\n\t\t\t\t<\/div>\n\t\t\t\t<div class=\"elementor-element elementor-element-7043169 elementor-widget elementor-widget-text-editor\" data-id=\"7043169\" data-element_type=\"widget\" data-e-type=\"widget\" data-widget_type=\"text-editor.default\">\n\t\t\t\t<div class=\"elementor-widget-container\">\n\t\t\t\t\t\t\t\t\t<p>Com a energia complement\u00e0ria de la hidr\u00e0ulica les f\u00e0briques disposaven d\u2019una <strong>m\u00e0quina de vapor<\/strong> (<strong>3<\/strong>) per cobrir el moments en que per escassetat d\u2019aigua l\u2019energia hidr\u00e0ulica no era suficient. Aquest paper complementari venia determinat pel major cost de l\u2019energia provinent del carb\u00f3 que la hidr\u00e0ulica.<\/p><p>Una caldera, alimentada per carb\u00f3, era la que proporcionava l\u2019energia t\u00e8rmica per accionar la m\u00e0quina de vapor que convertia el recorregut lineal de vaiv\u00e9 del cilindre en moviment cin\u00e8tic circular. Aix\u00ed s\u2019auxiliava l\u2019energia hidr\u00e0ulica.<\/p>\t\t\t\t\t\t\t\t<\/div>\n\t\t\t\t<\/div>\n\t\t\t\t<div class=\"elementor-element elementor-element-c1633f1 elementor-widget elementor-widget-image\" data-id=\"c1633f1\" data-element_type=\"widget\" data-e-type=\"widget\" data-widget_type=\"image.default\">\n\t\t\t\t<div class=\"elementor-widget-container\">\n\t\t\t\t\t\t\t\t\t\t\t\t<figure class=\"wp-caption\">\n\t\t\t\t\t\t\t\t\t\t<img loading=\"lazy\" decoding=\"async\" width=\"768\" height=\"512\" src=\"https:\/\/www.elturistatranquil.com\/wp-content\/uploads\/F12-Colonia-Vidal-Puig-reig-Barcelona.jpg\" class=\"attachment-large size-large wp-image-59058\" alt=\"Colonia Vidal, Puig-reig, Barcelona\" srcset=\"https:\/\/www.elturistatranquil.com\/wp-content\/uploads\/F12-Colonia-Vidal-Puig-reig-Barcelona.jpg 768w, https:\/\/www.elturistatranquil.com\/wp-content\/uploads\/F12-Colonia-Vidal-Puig-reig-Barcelona-339x226.jpg 339w\" sizes=\"(max-width: 768px) 100vw, 768px\" \/>\t\t\t\t\t\t\t\t\t\t\t<figcaption class=\"widget-image-caption wp-caption-text\"><\/figcaption>\n\t\t\t\t\t\t\t\t\t\t<\/figure>\n\t\t\t\t\t\t\t\t\t<\/div>\n\t\t\t\t<\/div>\n\t\t\t\t<div class=\"elementor-element elementor-element-954a47f elementor-widget elementor-widget-text-editor\" data-id=\"954a47f\" data-element_type=\"widget\" data-e-type=\"widget\" data-widget_type=\"text-editor.default\">\n\t\t\t\t<div class=\"elementor-widget-container\">\n\t\t\t\t\t\t\t\t\t<p>La primera m\u00e0quina de vapor estava situada a la part central de la f\u00e0brica.<\/p><p>A la postguerra, en \u00e8poca de restriccions, foren instal\u00b7lades a l\u2019entrada nord de la fabrica una nova caldera i una turbina de vapor, amb la corresponent producci\u00f3 d&#8217;energia t\u00e8rmica per auxiliar la hidroel\u00e8ctrica pr\u00f2pia i la que fornia la companyia. Va ser quan es va aixecar l\u2019alta xemeneia octogonal que presideix el complex.<\/p>\t\t\t\t\t\t\t\t<\/div>\n\t\t\t\t<\/div>\n\t\t\t\t<div class=\"elementor-element elementor-element-bf0083c elementor-widget elementor-widget-image\" data-id=\"bf0083c\" data-element_type=\"widget\" data-e-type=\"widget\" data-widget_type=\"image.default\">\n\t\t\t\t<div class=\"elementor-widget-container\">\n\t\t\t\t\t\t\t\t\t\t\t\t<figure class=\"wp-caption\">\n\t\t\t\t\t\t\t\t\t\t<img loading=\"lazy\" decoding=\"async\" width=\"768\" height=\"512\" src=\"https:\/\/www.elturistatranquil.com\/wp-content\/uploads\/F13-Colonia-Vidal-Puig-reig-Barcelona-2.jpg\" class=\"attachment-large size-large wp-image-59062\" alt=\"Colonia Vidal, Puig-reig, Barcelona\" srcset=\"https:\/\/www.elturistatranquil.com\/wp-content\/uploads\/F13-Colonia-Vidal-Puig-reig-Barcelona-2.jpg 768w, https:\/\/www.elturistatranquil.com\/wp-content\/uploads\/F13-Colonia-Vidal-Puig-reig-Barcelona-2-339x226.jpg 339w\" sizes=\"(max-width: 768px) 100vw, 768px\" \/>\t\t\t\t\t\t\t\t\t\t\t<figcaption class=\"widget-image-caption wp-caption-text\"><\/figcaption>\n\t\t\t\t\t\t\t\t\t\t<\/figure>\n\t\t\t\t\t\t\t\t\t<\/div>\n\t\t\t\t<\/div>\n\t\t\t\t<div class=\"elementor-element elementor-element-bdf717f elementor-widget elementor-widget-text-editor\" data-id=\"bdf717f\" data-element_type=\"widget\" data-e-type=\"widget\" data-widget_type=\"text-editor.default\">\n\t\t\t\t<div class=\"elementor-widget-container\">\n\t\t\t\t\t\t\t\t\t<p>La m\u00e0quina de vapor que es mostra a la Col\u00f2nia no \u00e9s la original. El Museu de la Ci\u00e8ncia i de la T\u00e8cnica de Catalunya la va adquirir el 1993 a l&#8217;empresa &#8220;Hilados y Tintes Soler&#8221; de Terrassa; i la va instal\u00b7lar a la Col\u00f2nia Vidal, per formar part de l&#8217;itinerari de visita.<\/p>\t\t\t\t\t\t\t\t<\/div>\n\t\t\t\t<\/div>\n\t\t\t\t<div class=\"elementor-element elementor-element-df22c38 elementor-widget elementor-widget-heading\" data-id=\"df22c38\" data-element_type=\"widget\" data-e-type=\"widget\" data-widget_type=\"heading.default\">\n\t\t\t\t<div class=\"elementor-widget-container\">\n\t\t\t\t\t<h3 class=\"elementor-heading-title elementor-size-default\">La f\u00e0brica <\/h3>\t\t\t\t<\/div>\n\t\t\t\t<\/div>\n\t\t\t\t<div class=\"elementor-element elementor-element-57dc0fb elementor-widget elementor-widget-heading\" data-id=\"57dc0fb\" data-element_type=\"widget\" data-e-type=\"widget\" data-widget_type=\"heading.default\">\n\t\t\t\t<div class=\"elementor-widget-container\">\n\t\t\t\t\t<h4 class=\"elementor-heading-title elementor-size-default\">El proc\u00e9s de fabricaci\u00f3 t\u00e8xtil del cot\u00f3<\/h4>\t\t\t\t<\/div>\n\t\t\t\t<\/div>\n\t\t\t\t<div class=\"elementor-element elementor-element-1631bb6 elementor-widget elementor-widget-text-editor\" data-id=\"1631bb6\" data-element_type=\"widget\" data-e-type=\"widget\" data-widget_type=\"text-editor.default\">\n\t\t\t\t<div class=\"elementor-widget-container\">\n\t\t\t\t\t\t\t\t\t<p>En el cas de la ind\u00fastria cotonera es parteix d&#8217;una llavor fins arribar a aconseguir els teixits m\u00e9s elaborats. El proc\u00e9s de fabricaci\u00f3 te tres fases: la <strong>filatura<\/strong>, el <strong>teixit<\/strong> i l\u2019<strong>acabat<\/strong>. A la Col\u00f2nia es produ\u00efa la filatura i el teixit, mentre que l\u2019acabat es traslladava empreses de l\u2019anomenat sector de l\u2019aigua on es realitzava l\u2019acabat.<\/p><p>La Col\u00f2nia Vidal, es va especialitzar en la fabricaci\u00f3 de teixits de cot\u00f3 per a llen\u00e7ols de qualitat. Un altre dels seus productes va ser el piqu\u00e9.<\/p><p>Com he assenyalat, a la Col\u00f2nia acabava la seva producci\u00f3 en l&#8217;operaci\u00f3 de teixidura. Posteriorment es portaven les grans peces sortides dels telers a una planta d&#8217;acabats. A partir d&#8217;aqu\u00ed les peces de teixit, una vegada doblades i empaquetades, ja es podien posar a la venda.<\/p>\t\t\t\t\t\t\t\t<\/div>\n\t\t\t\t<\/div>\n\t\t\t\t<div class=\"elementor-element elementor-element-ff1a6ad elementor-widget elementor-widget-heading\" data-id=\"ff1a6ad\" data-element_type=\"widget\" data-e-type=\"widget\" data-widget_type=\"heading.default\">\n\t\t\t\t<div class=\"elementor-widget-container\">\n\t\t\t\t\t<h4 class=\"elementor-heading-title elementor-size-default\">Les naus fabrils<\/h4>\t\t\t\t<\/div>\n\t\t\t\t<\/div>\n\t\t\t\t<div class=\"elementor-element elementor-element-58d0e7a elementor-widget elementor-widget-text-editor\" data-id=\"58d0e7a\" data-element_type=\"widget\" data-e-type=\"widget\" data-widget_type=\"text-editor.default\">\n\t\t\t\t<div class=\"elementor-widget-container\">\n\t\t\t\t\t\t\t\t\t<p>Una edificaci\u00f3 lineal cont\u00ednua situada paral\u00b7lela al riu Llobregat, formada per m\u00f2duls diferents, allotjaven totes les depend\u00e8ncies de la <strong>f\u00e0brica<\/strong> (<strong>4<\/strong>): la turbina hidr\u00e0ulica i la m\u00e0quina de vapor al centre, les naus de filatura y dels telers, aix\u00ed com les oficines d\u2019administraci\u00f3 i els magatzems.<\/p><p>La disposici\u00f3 longitudinal es la que permetia la transmissi\u00f3 de l\u2019energia cin\u00e8tica per moure les diferents m\u00e0quines per mitja de l\u2019embarrat acoblat a la font d\u2019energia des de la turbina hidr\u00e0ulica o la m\u00e0quina de vapor per l\u2019arbre dret.<\/p>\t\t\t\t\t\t\t\t<\/div>\n\t\t\t\t<\/div>\n\t\t\t\t<div class=\"elementor-element elementor-element-04dde4a elementor-widget elementor-widget-image\" data-id=\"04dde4a\" data-element_type=\"widget\" data-e-type=\"widget\" data-widget_type=\"image.default\">\n\t\t\t\t<div class=\"elementor-widget-container\">\n\t\t\t\t\t\t\t\t\t\t\t\t<figure class=\"wp-caption\">\n\t\t\t\t\t\t\t\t\t\t<img loading=\"lazy\" decoding=\"async\" width=\"768\" height=\"512\" src=\"https:\/\/www.elturistatranquil.com\/wp-content\/uploads\/F14-Colonia-Vidal-Puig-reig-Barcelona.jpg\" class=\"attachment-large size-large wp-image-59064\" alt=\"Colonia Vidal, Puig-reig, Barcelona\" srcset=\"https:\/\/www.elturistatranquil.com\/wp-content\/uploads\/F14-Colonia-Vidal-Puig-reig-Barcelona.jpg 768w, https:\/\/www.elturistatranquil.com\/wp-content\/uploads\/F14-Colonia-Vidal-Puig-reig-Barcelona-339x226.jpg 339w\" sizes=\"(max-width: 768px) 100vw, 768px\" \/>\t\t\t\t\t\t\t\t\t\t\t<figcaption class=\"widget-image-caption wp-caption-text\"><\/figcaption>\n\t\t\t\t\t\t\t\t\t\t<\/figure>\n\t\t\t\t\t\t\t\t\t<\/div>\n\t\t\t\t<\/div>\n\t\t\t\t<div class=\"elementor-element elementor-element-cd69fc8 elementor-widget elementor-widget-image\" data-id=\"cd69fc8\" data-element_type=\"widget\" data-e-type=\"widget\" data-widget_type=\"image.default\">\n\t\t\t\t<div class=\"elementor-widget-container\">\n\t\t\t\t\t\t\t\t\t\t\t\t<figure class=\"wp-caption\">\n\t\t\t\t\t\t\t\t\t\t<img loading=\"lazy\" decoding=\"async\" width=\"768\" height=\"512\" src=\"https:\/\/www.elturistatranquil.com\/wp-content\/uploads\/F15-Colonia-Vidal-Puig-reig-Barcelona.jpg\" class=\"attachment-large size-large wp-image-59066\" alt=\"Colonia Vidal, Puig-reig, Barcelona\" srcset=\"https:\/\/www.elturistatranquil.com\/wp-content\/uploads\/F15-Colonia-Vidal-Puig-reig-Barcelona.jpg 768w, https:\/\/www.elturistatranquil.com\/wp-content\/uploads\/F15-Colonia-Vidal-Puig-reig-Barcelona-339x226.jpg 339w\" sizes=\"(max-width: 768px) 100vw, 768px\" \/>\t\t\t\t\t\t\t\t\t\t\t<figcaption class=\"widget-image-caption wp-caption-text\"><\/figcaption>\n\t\t\t\t\t\t\t\t\t\t<\/figure>\n\t\t\t\t\t\t\t\t\t<\/div>\n\t\t\t\t<\/div>\n\t\t\t\t<div class=\"elementor-element elementor-element-0b5afbb elementor-widget elementor-widget-text-editor\" data-id=\"0b5afbb\" data-element_type=\"widget\" data-e-type=\"widget\" data-widget_type=\"text-editor.default\">\n\t\t\t\t<div class=\"elementor-widget-container\">\n\t\t\t\t\t\t\t\t\t<p>A l\u2019extrem nord de l\u2019edifici de la f\u00e0brica es va situar la nova m\u00e0quina de vapor que es va construir als any 40, amb l\u2019alta i arrogant xemeneia octogonal.<\/p>\t\t\t\t\t\t\t\t<\/div>\n\t\t\t\t<\/div>\n\t\t\t\t<div class=\"elementor-element elementor-element-80f065f elementor-widget elementor-widget-image\" data-id=\"80f065f\" data-element_type=\"widget\" data-e-type=\"widget\" data-widget_type=\"image.default\">\n\t\t\t\t<div class=\"elementor-widget-container\">\n\t\t\t\t\t\t\t\t\t\t\t\t<figure class=\"wp-caption\">\n\t\t\t\t\t\t\t\t\t\t<img loading=\"lazy\" decoding=\"async\" width=\"768\" height=\"512\" src=\"https:\/\/www.elturistatranquil.com\/wp-content\/uploads\/F16-Colonia-Vidal-Puig-reig-Barcelona-b.jpg\" class=\"attachment-large size-large wp-image-59070\" alt=\"Colonia Vidal, Puig-reig, Barcelona b\" srcset=\"https:\/\/www.elturistatranquil.com\/wp-content\/uploads\/F16-Colonia-Vidal-Puig-reig-Barcelona-b.jpg 768w, https:\/\/www.elturistatranquil.com\/wp-content\/uploads\/F16-Colonia-Vidal-Puig-reig-Barcelona-b-339x226.jpg 339w\" sizes=\"(max-width: 768px) 100vw, 768px\" \/>\t\t\t\t\t\t\t\t\t\t\t<figcaption class=\"widget-image-caption wp-caption-text\"><\/figcaption>\n\t\t\t\t\t\t\t\t\t\t<\/figure>\n\t\t\t\t\t\t\t\t\t<\/div>\n\t\t\t\t<\/div>\n\t\t\t\t<div class=\"elementor-element elementor-element-bc62de0 elementor-widget elementor-widget-image\" data-id=\"bc62de0\" data-element_type=\"widget\" data-e-type=\"widget\" data-widget_type=\"image.default\">\n\t\t\t\t<div class=\"elementor-widget-container\">\n\t\t\t\t\t\t\t\t\t\t\t\t<figure class=\"wp-caption\">\n\t\t\t\t\t\t\t\t\t\t<img loading=\"lazy\" decoding=\"async\" width=\"768\" height=\"512\" src=\"https:\/\/www.elturistatranquil.com\/wp-content\/uploads\/F17-Colonia-Vidal-Puig-reig-Barcelona.jpg\" class=\"attachment-large size-large wp-image-59072\" alt=\"Colonia Vidal, Puig-reig, Barcelona b\" srcset=\"https:\/\/www.elturistatranquil.com\/wp-content\/uploads\/F17-Colonia-Vidal-Puig-reig-Barcelona.jpg 768w, https:\/\/www.elturistatranquil.com\/wp-content\/uploads\/F17-Colonia-Vidal-Puig-reig-Barcelona-339x226.jpg 339w\" sizes=\"(max-width: 768px) 100vw, 768px\" \/>\t\t\t\t\t\t\t\t\t\t\t<figcaption class=\"widget-image-caption wp-caption-text\"><\/figcaption>\n\t\t\t\t\t\t\t\t\t\t<\/figure>\n\t\t\t\t\t\t\t\t\t<\/div>\n\t\t\t\t<\/div>\n\t\t\t\t<div class=\"elementor-element elementor-element-12f10b1 elementor-widget elementor-widget-heading\" data-id=\"12f10b1\" data-element_type=\"widget\" data-e-type=\"widget\" data-widget_type=\"heading.default\">\n\t\t\t\t<div class=\"elementor-widget-container\">\n\t\t\t\t\t<h5 class=\"elementor-heading-title elementor-size-default\">La transformaci\u00f3 de l\u2019energia en energia cin\u00e8tica: l\u2019embarrat<\/h5>\t\t\t\t<\/div>\n\t\t\t\t<\/div>\n\t\t\t\t<div class=\"elementor-element elementor-element-51e0e55 elementor-widget elementor-widget-text-editor\" data-id=\"51e0e55\" data-element_type=\"widget\" data-e-type=\"widget\" data-widget_type=\"text-editor.default\">\n\t\t\t\t<div class=\"elementor-widget-container\">\n\t\t\t\t\t\t\t\t\t<p>Des de la turbina hidr\u00e0ulica l\u2019energia motriu es transmetia, primer per l\u2019arbre dret, i a cada nau per unes barres horitzontals que recorrien linealment tota la nau, el que constitu\u00efa el denominat <strong>embarrat<\/strong>.<\/p><p>Al nivell de cada m\u00e0quina una roda acoblada a l\u2019embarrat trametia el moviment rotatori a aquesta, accionant el seu mecanisme.<\/p><p>Tal com es presenta aqu\u00ed, sembla que l&#8217;embarrat estaria directament connectat a la m\u00e0quina de vapor.<\/p><p>A la fotografia hist\u00f2rica es pot apreciar la import\u00e0ncia dels embarrats i l\u2019acoblament a cada m\u00e0quina.<\/p>\t\t\t\t\t\t\t\t<\/div>\n\t\t\t\t<\/div>\n\t\t\t\t<div class=\"elementor-element elementor-element-7945b72 elementor-widget elementor-widget-image\" data-id=\"7945b72\" data-element_type=\"widget\" data-e-type=\"widget\" data-widget_type=\"image.default\">\n\t\t\t\t<div class=\"elementor-widget-container\">\n\t\t\t\t\t\t\t\t\t\t\t\t<figure class=\"wp-caption\">\n\t\t\t\t\t\t\t\t\t\t<img loading=\"lazy\" decoding=\"async\" width=\"768\" height=\"512\" src=\"https:\/\/www.elturistatranquil.com\/wp-content\/uploads\/F18-Colonia-Vidal-Puig-reig-Barcelona.jpg\" class=\"attachment-large size-large wp-image-59077\" alt=\"Colonia Vidal, Puig-reig, Barcelona b\" srcset=\"https:\/\/www.elturistatranquil.com\/wp-content\/uploads\/F18-Colonia-Vidal-Puig-reig-Barcelona.jpg 768w, https:\/\/www.elturistatranquil.com\/wp-content\/uploads\/F18-Colonia-Vidal-Puig-reig-Barcelona-339x226.jpg 339w\" sizes=\"(max-width: 768px) 100vw, 768px\" \/>\t\t\t\t\t\t\t\t\t\t\t<figcaption class=\"widget-image-caption wp-caption-text\"><\/figcaption>\n\t\t\t\t\t\t\t\t\t\t<\/figure>\n\t\t\t\t\t\t\t\t\t<\/div>\n\t\t\t\t<\/div>\n\t\t\t\t<div class=\"elementor-element elementor-element-56085fe elementor-widget elementor-widget-image\" data-id=\"56085fe\" data-element_type=\"widget\" data-e-type=\"widget\" data-widget_type=\"image.default\">\n\t\t\t\t<div class=\"elementor-widget-container\">\n\t\t\t\t\t\t\t\t\t\t\t\t<figure class=\"wp-caption\">\n\t\t\t\t\t\t\t\t\t\t<img loading=\"lazy\" decoding=\"async\" width=\"768\" height=\"512\" src=\"https:\/\/www.elturistatranquil.com\/wp-content\/uploads\/F19-Colonia-Vidal-Puig-reig-Barcelona.-Vidalia-Historic.jpg\" class=\"attachment-large size-large wp-image-59079\" alt=\"Colonia Vidal, Puig-reig, Barcelona b\" srcset=\"https:\/\/www.elturistatranquil.com\/wp-content\/uploads\/F19-Colonia-Vidal-Puig-reig-Barcelona.-Vidalia-Historic.jpg 768w, https:\/\/www.elturistatranquil.com\/wp-content\/uploads\/F19-Colonia-Vidal-Puig-reig-Barcelona.-Vidalia-Historic-339x226.jpg 339w\" sizes=\"(max-width: 768px) 100vw, 768px\" \/>\t\t\t\t\t\t\t\t\t\t\t<figcaption class=\"widget-image-caption wp-caption-text\"><\/figcaption>\n\t\t\t\t\t\t\t\t\t\t<\/figure>\n\t\t\t\t\t\t\t\t\t<\/div>\n\t\t\t\t<\/div>\n\t\t\t\t<div class=\"elementor-element elementor-element-fa4298f elementor-widget elementor-widget-heading\" data-id=\"fa4298f\" data-element_type=\"widget\" data-e-type=\"widget\" data-widget_type=\"heading.default\">\n\t\t\t\t<div class=\"elementor-widget-container\">\n\t\t\t\t\t<h4 class=\"elementor-heading-title elementor-size-default\">La fabricaci\u00f3 t\u00e8xtil <\/h4>\t\t\t\t<\/div>\n\t\t\t\t<\/div>\n\t\t\t\t<div class=\"elementor-element elementor-element-e10fe41 elementor-widget elementor-widget-text-editor\" data-id=\"e10fe41\" data-element_type=\"widget\" data-e-type=\"widget\" data-widget_type=\"text-editor.default\">\n\t\t\t\t<div class=\"elementor-widget-container\">\n\t\t\t\t\t\t\t\t\t<p>\u00a0Com sabem, el proc\u00e9s de fabricaci\u00f3 t\u00e8xtil cotoner es divideix en dues grans fases: la de <strong>filatura<\/strong>, on es transformen els flocs de cot\u00f3 en fil, i el de <strong>teixit<\/strong>, on aquest fil es tramat formant peces de roba.<\/p><p>En l\u2019actualitat, la part del museu dedicada al proc\u00e9s de fabricaci\u00f3 de la Col\u00f2nia Vidal est\u00e0 concentrada en una sola sala dividida en tres parts. La de recepci\u00f3 i preparaci\u00f3 del cot\u00f3, la de filatura i la de teixit.<\/p><p>Efectuar\u00e9 un r\u00e0pid recorregut per tot el proc\u00e9s de fabricaci\u00f3 t\u00e8xtil cotonera com es feia a la Col\u00f2nia Vidal.<\/p>\t\t\t\t\t\t\t\t<\/div>\n\t\t\t\t<\/div>\n\t\t\t\t<div class=\"elementor-element elementor-element-6451bcf elementor-widget elementor-widget-heading\" data-id=\"6451bcf\" data-element_type=\"widget\" data-e-type=\"widget\" data-widget_type=\"heading.default\">\n\t\t\t\t<div class=\"elementor-widget-container\">\n\t\t\t\t\t<h4 class=\"elementor-heading-title elementor-size-default\">Filatura<\/h4>\t\t\t\t<\/div>\n\t\t\t\t<\/div>\n\t\t\t\t<div class=\"elementor-element elementor-element-50dabbf elementor-widget elementor-widget-text-editor\" data-id=\"50dabbf\" data-element_type=\"widget\" data-e-type=\"widget\" data-widget_type=\"text-editor.default\">\n\t\t\t\t<div class=\"elementor-widget-container\">\n\t\t\t\t\t\t\t\t\t<p>El cot\u00f3, mat\u00e8ria primera de la industria cotonera, procedia d\u2019Am\u00e8rica, \u00cdndia i Egipte.<\/p>\t\t\t\t\t\t\t\t<\/div>\n\t\t\t\t<\/div>\n\t\t\t\t<div class=\"elementor-element elementor-element-3d78761 elementor-widget elementor-widget-heading\" data-id=\"3d78761\" data-element_type=\"widget\" data-e-type=\"widget\" data-widget_type=\"heading.default\">\n\t\t\t\t<div class=\"elementor-widget-container\">\n\t\t\t\t\t<h5 class=\"elementor-heading-title elementor-size-default\">El cot\u00f3<\/h5>\t\t\t\t<\/div>\n\t\t\t\t<\/div>\n\t\t\t\t<div class=\"elementor-element elementor-element-751c87d elementor-widget elementor-widget-text-editor\" data-id=\"751c87d\" data-element_type=\"widget\" data-e-type=\"widget\" data-widget_type=\"text-editor.default\">\n\t\t\t\t<div class=\"elementor-widget-container\">\n\t\t\t\t\t\t\t\t\t<p>El <strong>cot\u00f3<\/strong> arriba en <strong>bales<\/strong> a la col\u00f2nia per ferrocarril a l\u2019estaci\u00f3 i s\u2019emmagatzema a la planta baixa de la f\u00e0brica, prop de les naus industrials.<\/p>\t\t\t\t\t\t\t\t<\/div>\n\t\t\t\t<\/div>\n\t\t\t\t<div class=\"elementor-element elementor-element-9ec6a1d elementor-widget elementor-widget-image\" data-id=\"9ec6a1d\" data-element_type=\"widget\" data-e-type=\"widget\" data-widget_type=\"image.default\">\n\t\t\t\t<div class=\"elementor-widget-container\">\n\t\t\t\t\t\t\t\t\t\t\t\t<figure class=\"wp-caption\">\n\t\t\t\t\t\t\t\t\t\t<img loading=\"lazy\" decoding=\"async\" width=\"768\" height=\"347\" src=\"https:\/\/www.elturistatranquil.com\/wp-content\/uploads\/F20-Colonia-Vidal-Puig-reig-Barcelona.jpg\" class=\"attachment-large size-large wp-image-59081\" alt=\"Colonia Vidal, Puig-reig, Barcelona\" srcset=\"https:\/\/www.elturistatranquil.com\/wp-content\/uploads\/F20-Colonia-Vidal-Puig-reig-Barcelona.jpg 768w, https:\/\/www.elturistatranquil.com\/wp-content\/uploads\/F20-Colonia-Vidal-Puig-reig-Barcelona-339x153.jpg 339w\" sizes=\"(max-width: 768px) 100vw, 768px\" \/>\t\t\t\t\t\t\t\t\t\t\t<figcaption class=\"widget-image-caption wp-caption-text\"><\/figcaption>\n\t\t\t\t\t\t\t\t\t\t<\/figure>\n\t\t\t\t\t\t\t\t\t<\/div>\n\t\t\t\t<\/div>\n\t\t\t\t<div class=\"elementor-element elementor-element-8d171ed elementor-widget elementor-widget-text-editor\" data-id=\"8d171ed\" data-element_type=\"widget\" data-e-type=\"widget\" data-widget_type=\"text-editor.default\">\n\t\t\t\t<div class=\"elementor-widget-container\">\n\t\t\t\t\t\t\t\t\t<p>Les bales contenen premsats els flocs de cot\u00f3.<\/p>\t\t\t\t\t\t\t\t<\/div>\n\t\t\t\t<\/div>\n\t\t\t\t<div class=\"elementor-element elementor-element-f02a2e7 elementor-widget elementor-widget-image\" data-id=\"f02a2e7\" data-element_type=\"widget\" data-e-type=\"widget\" data-widget_type=\"image.default\">\n\t\t\t\t<div class=\"elementor-widget-container\">\n\t\t\t\t\t\t\t\t\t\t\t\t<figure class=\"wp-caption\">\n\t\t\t\t\t\t\t\t\t\t<img loading=\"lazy\" decoding=\"async\" width=\"768\" height=\"347\" src=\"https:\/\/www.elturistatranquil.com\/wp-content\/uploads\/F21-Colonia-Vidal-Puig-reig-Barcelona.jpg\" class=\"attachment-large size-large wp-image-59083\" alt=\"Colonia Vidal, Puig-reig, Barcelona\" srcset=\"https:\/\/www.elturistatranquil.com\/wp-content\/uploads\/F21-Colonia-Vidal-Puig-reig-Barcelona.jpg 768w, https:\/\/www.elturistatranquil.com\/wp-content\/uploads\/F21-Colonia-Vidal-Puig-reig-Barcelona-339x153.jpg 339w\" sizes=\"(max-width: 768px) 100vw, 768px\" \/>\t\t\t\t\t\t\t\t\t\t\t<figcaption class=\"widget-image-caption wp-caption-text\"><\/figcaption>\n\t\t\t\t\t\t\t\t\t\t<\/figure>\n\t\t\t\t\t\t\t\t\t<\/div>\n\t\t\t\t<\/div>\n\t\t\t\t<div class=\"elementor-element elementor-element-417d9ea elementor-widget elementor-widget-heading\" data-id=\"417d9ea\" data-element_type=\"widget\" data-e-type=\"widget\" data-widget_type=\"heading.default\">\n\t\t\t\t<div class=\"elementor-widget-container\">\n\t\t\t\t\t<h5 class=\"elementor-heading-title elementor-size-default\">Obridora i bat\u00e0<\/h5>\t\t\t\t<\/div>\n\t\t\t\t<\/div>\n\t\t\t\t<div class=\"elementor-element elementor-element-2fbce96 elementor-widget elementor-widget-text-editor\" data-id=\"2fbce96\" data-element_type=\"widget\" data-e-type=\"widget\" data-widget_type=\"text-editor.default\">\n\t\t\t\t<div class=\"elementor-widget-container\">\n\t\t\t\t\t\t\t\t\t<p>La m\u00e0quina obridora obre els flocs de cot\u00f3 i a la vegada elimina fulles, llavors, sorra i altres impureses de les fibres que contenen les bales de cot\u00f3 i passen per una cinta transportadora cap al bat\u00e0.<\/p><p>Al bat\u00e0, el cot\u00f3 ja net i preparat seran colpejat en\u00e8rgicament per esponjar-lo.<\/p>\t\t\t\t\t\t\t\t<\/div>\n\t\t\t\t<\/div>\n\t\t\t\t<div class=\"elementor-element elementor-element-9647129 elementor-widget elementor-widget-image\" data-id=\"9647129\" data-element_type=\"widget\" data-e-type=\"widget\" data-widget_type=\"image.default\">\n\t\t\t\t<div class=\"elementor-widget-container\">\n\t\t\t\t\t\t\t\t\t\t\t\t<figure class=\"wp-caption\">\n\t\t\t\t\t\t\t\t\t\t<img loading=\"lazy\" decoding=\"async\" width=\"768\" height=\"346\" src=\"https:\/\/www.elturistatranquil.com\/wp-content\/uploads\/F22-Colonia-Vidal-Puig-reig-Barcelona.jpg\" class=\"attachment-large size-large wp-image-59085\" alt=\"Colonia Vidal, Puig-reig, Barcelona\" srcset=\"https:\/\/www.elturistatranquil.com\/wp-content\/uploads\/F22-Colonia-Vidal-Puig-reig-Barcelona.jpg 768w, https:\/\/www.elturistatranquil.com\/wp-content\/uploads\/F22-Colonia-Vidal-Puig-reig-Barcelona-339x153.jpg 339w\" sizes=\"(max-width: 768px) 100vw, 768px\" \/>\t\t\t\t\t\t\t\t\t\t\t<figcaption class=\"widget-image-caption wp-caption-text\"><\/figcaption>\n\t\t\t\t\t\t\t\t\t\t<\/figure>\n\t\t\t\t\t\t\t\t\t<\/div>\n\t\t\t\t<\/div>\n\t\t\t\t<div class=\"elementor-element elementor-element-59041b2 elementor-widget elementor-widget-image\" data-id=\"59041b2\" data-element_type=\"widget\" data-e-type=\"widget\" data-widget_type=\"image.default\">\n\t\t\t\t<div class=\"elementor-widget-container\">\n\t\t\t\t\t\t\t\t\t\t\t\t<figure class=\"wp-caption\">\n\t\t\t\t\t\t\t\t\t\t<img loading=\"lazy\" decoding=\"async\" width=\"768\" height=\"346\" src=\"https:\/\/www.elturistatranquil.com\/wp-content\/uploads\/F23-Colonia-Vidal-Puig-reig-Barcelona.jpg\" class=\"attachment-large size-large wp-image-59087\" alt=\"Colonia Vidal, Puig-reig, Barcelona\" srcset=\"https:\/\/www.elturistatranquil.com\/wp-content\/uploads\/F23-Colonia-Vidal-Puig-reig-Barcelona.jpg 768w, https:\/\/www.elturistatranquil.com\/wp-content\/uploads\/F23-Colonia-Vidal-Puig-reig-Barcelona-339x153.jpg 339w\" sizes=\"(max-width: 768px) 100vw, 768px\" \/>\t\t\t\t\t\t\t\t\t\t\t<figcaption class=\"widget-image-caption wp-caption-text\"><\/figcaption>\n\t\t\t\t\t\t\t\t\t\t<\/figure>\n\t\t\t\t\t\t\t\t\t<\/div>\n\t\t\t\t<\/div>\n\t\t\t\t<div class=\"elementor-element elementor-element-43017be elementor-widget elementor-widget-image\" data-id=\"43017be\" data-element_type=\"widget\" data-e-type=\"widget\" data-widget_type=\"image.default\">\n\t\t\t\t<div class=\"elementor-widget-container\">\n\t\t\t\t\t\t\t\t\t\t\t\t<figure class=\"wp-caption\">\n\t\t\t\t\t\t\t\t\t\t<img loading=\"lazy\" decoding=\"async\" width=\"768\" height=\"346\" src=\"https:\/\/www.elturistatranquil.com\/wp-content\/uploads\/F24-Colonia-Vidal-Puig-reig-Barcelona.jpg\" class=\"attachment-large size-large wp-image-59089\" alt=\"Colonia Vidal, Puig-reig, Barcelona\" srcset=\"https:\/\/www.elturistatranquil.com\/wp-content\/uploads\/F24-Colonia-Vidal-Puig-reig-Barcelona.jpg 768w, https:\/\/www.elturistatranquil.com\/wp-content\/uploads\/F24-Colonia-Vidal-Puig-reig-Barcelona-339x153.jpg 339w\" sizes=\"(max-width: 768px) 100vw, 768px\" \/>\t\t\t\t\t\t\t\t\t\t\t<figcaption class=\"widget-image-caption wp-caption-text\"><\/figcaption>\n\t\t\t\t\t\t\t\t\t\t<\/figure>\n\t\t\t\t\t\t\t\t\t<\/div>\n\t\t\t\t<\/div>\n\t\t\t\t<div class=\"elementor-element elementor-element-d8731c8 elementor-widget elementor-widget-heading\" data-id=\"d8731c8\" data-element_type=\"widget\" data-e-type=\"widget\" data-widget_type=\"heading.default\">\n\t\t\t\t<div class=\"elementor-widget-container\">\n\t\t\t\t\t<h5 class=\"elementor-heading-title elementor-size-default\">Card\u00e0 de xapons <\/h5>\t\t\t\t<\/div>\n\t\t\t\t<\/div>\n\t\t\t\t<div class=\"elementor-element elementor-element-3255e86 elementor-widget elementor-widget-text-editor\" data-id=\"3255e86\" data-element_type=\"widget\" data-e-type=\"widget\" data-widget_type=\"text-editor.default\">\n\t\t\t\t<div class=\"elementor-widget-container\">\n\t\t\t\t\t\t\t\t\t<p>Les fibres surten del bat\u00e0 en forma de vel enrotllat, que a la carda es far\u00e0 passar per entremig de dos cilindres fins a quedar dipositades entre un tambor i uns llistons recoberts de pues, anomenat xapons, que les desenreden. Despr\u00e9s d&#8217;aquest proc\u00e9s, les fibres surten amb forma de cinta (tamb\u00e9 anomenada metxa), preparada per comen\u00e7ar el proc\u00e9s de la filatura.<\/p>\t\t\t\t\t\t\t\t<\/div>\n\t\t\t\t<\/div>\n\t\t\t\t<div class=\"elementor-element elementor-element-8eb1047 elementor-widget elementor-widget-image\" data-id=\"8eb1047\" data-element_type=\"widget\" data-e-type=\"widget\" data-widget_type=\"image.default\">\n\t\t\t\t<div class=\"elementor-widget-container\">\n\t\t\t\t\t\t\t\t\t\t\t\t<figure class=\"wp-caption\">\n\t\t\t\t\t\t\t\t\t\t<img loading=\"lazy\" decoding=\"async\" width=\"768\" height=\"346\" src=\"https:\/\/www.elturistatranquil.com\/wp-content\/uploads\/F25-Colonia-Vidal-Puig-reig-Barcelona.jpg\" class=\"attachment-large size-large wp-image-59091\" alt=\"Colonia Vidal, Puig-reig, Barcelona\" srcset=\"https:\/\/www.elturistatranquil.com\/wp-content\/uploads\/F25-Colonia-Vidal-Puig-reig-Barcelona.jpg 768w, https:\/\/www.elturistatranquil.com\/wp-content\/uploads\/F25-Colonia-Vidal-Puig-reig-Barcelona-339x153.jpg 339w\" sizes=\"(max-width: 768px) 100vw, 768px\" \/>\t\t\t\t\t\t\t\t\t\t\t<figcaption class=\"widget-image-caption wp-caption-text\"><\/figcaption>\n\t\t\t\t\t\t\t\t\t\t<\/figure>\n\t\t\t\t\t\t\t\t\t<\/div>\n\t\t\t\t<\/div>\n\t\t\t\t<div class=\"elementor-element elementor-element-2eaac16 elementor-widget elementor-widget-heading\" data-id=\"2eaac16\" data-element_type=\"widget\" data-e-type=\"widget\" data-widget_type=\"heading.default\">\n\t\t\t\t<div class=\"elementor-widget-container\">\n\t\t\t\t\t<h5 class=\"elementor-heading-title elementor-size-default\">Manuar<\/h5>\t\t\t\t<\/div>\n\t\t\t\t<\/div>\n\t\t\t\t<div class=\"elementor-element elementor-element-0dc8094 elementor-widget elementor-widget-text-editor\" data-id=\"0dc8094\" data-element_type=\"widget\" data-e-type=\"widget\" data-widget_type=\"text-editor.default\">\n\t\t\t\t<div class=\"elementor-widget-container\">\n\t\t\t\t\t\t\t\t\t<p>La metxa obtinguda en sortir de la carda, passa al manuar, on les fibres s&#8217;estiren, pentinen i orienten. Aquesta operaci\u00f3 es repeteix fins a obtenir una cinta regular.<\/p>\t\t\t\t\t\t\t\t<\/div>\n\t\t\t\t<\/div>\n\t\t\t\t<div class=\"elementor-element elementor-element-de2f5b2 elementor-widget elementor-widget-image\" data-id=\"de2f5b2\" data-element_type=\"widget\" data-e-type=\"widget\" data-widget_type=\"image.default\">\n\t\t\t\t<div class=\"elementor-widget-container\">\n\t\t\t\t\t\t\t\t\t\t\t\t<figure class=\"wp-caption\">\n\t\t\t\t\t\t\t\t\t\t<img loading=\"lazy\" decoding=\"async\" width=\"768\" height=\"346\" src=\"https:\/\/www.elturistatranquil.com\/wp-content\/uploads\/F26-Colonia-Vidal-Puig-reig-Barcelona.jpg\" class=\"attachment-large size-large wp-image-59096\" alt=\"Colonia Vidal, Puig-reig, Barcelona\" srcset=\"https:\/\/www.elturistatranquil.com\/wp-content\/uploads\/F26-Colonia-Vidal-Puig-reig-Barcelona.jpg 768w, https:\/\/www.elturistatranquil.com\/wp-content\/uploads\/F26-Colonia-Vidal-Puig-reig-Barcelona-339x153.jpg 339w\" sizes=\"(max-width: 768px) 100vw, 768px\" \/>\t\t\t\t\t\t\t\t\t\t\t<figcaption class=\"widget-image-caption wp-caption-text\"><\/figcaption>\n\t\t\t\t\t\t\t\t\t\t<\/figure>\n\t\t\t\t\t\t\t\t\t<\/div>\n\t\t\t\t<\/div>\n\t\t\t\t<div class=\"elementor-element elementor-element-4f953e8 elementor-widget elementor-widget-heading\" data-id=\"4f953e8\" data-element_type=\"widget\" data-e-type=\"widget\" data-widget_type=\"heading.default\">\n\t\t\t\t<div class=\"elementor-widget-container\">\n\t\t\t\t\t<h5 class=\"elementor-heading-title elementor-size-default\">Metxera gruixuda <\/h5>\t\t\t\t<\/div>\n\t\t\t\t<\/div>\n\t\t\t\t<div class=\"elementor-element elementor-element-f50d321 elementor-widget elementor-widget-text-editor\" data-id=\"f50d321\" data-element_type=\"widget\" data-e-type=\"widget\" data-widget_type=\"text-editor.default\">\n\t\t\t\t<div class=\"elementor-widget-container\">\n\t\t\t\t\t\t\t\t\t<p>La metxera gruixuda va estirant la cinta que ha sortit del manuar i la transforma en una metxa m\u00e9s prima.<\/p>\t\t\t\t\t\t\t\t<\/div>\n\t\t\t\t<\/div>\n\t\t\t\t<div class=\"elementor-element elementor-element-b42b23b elementor-widget elementor-widget-image\" data-id=\"b42b23b\" data-element_type=\"widget\" data-e-type=\"widget\" data-widget_type=\"image.default\">\n\t\t\t\t<div class=\"elementor-widget-container\">\n\t\t\t\t\t\t\t\t\t\t\t\t<figure class=\"wp-caption\">\n\t\t\t\t\t\t\t\t\t\t<img loading=\"lazy\" decoding=\"async\" width=\"768\" height=\"346\" src=\"https:\/\/www.elturistatranquil.com\/wp-content\/uploads\/F27-Colonia-Vidal-Puig-reig-Barcelona.jpg\" class=\"attachment-large size-large wp-image-59098\" alt=\"Colonia Vidal, Puig-reig, Barcelona\" srcset=\"https:\/\/www.elturistatranquil.com\/wp-content\/uploads\/F27-Colonia-Vidal-Puig-reig-Barcelona.jpg 768w, https:\/\/www.elturistatranquil.com\/wp-content\/uploads\/F27-Colonia-Vidal-Puig-reig-Barcelona-339x153.jpg 339w\" sizes=\"(max-width: 768px) 100vw, 768px\" \/>\t\t\t\t\t\t\t\t\t\t\t<figcaption class=\"widget-image-caption wp-caption-text\"><\/figcaption>\n\t\t\t\t\t\t\t\t\t\t<\/figure>\n\t\t\t\t\t\t\t\t\t<\/div>\n\t\t\t\t<\/div>\n\t\t\t\t<div class=\"elementor-element elementor-element-277113f elementor-widget elementor-widget-heading\" data-id=\"277113f\" data-element_type=\"widget\" data-e-type=\"widget\" data-widget_type=\"heading.default\">\n\t\t\t\t<div class=\"elementor-widget-container\">\n\t\t\t\t\t<h5 class=\"elementor-heading-title elementor-size-default\">Metxera interm\u00e8dia <\/h5>\t\t\t\t<\/div>\n\t\t\t\t<\/div>\n\t\t\t\t<div class=\"elementor-element elementor-element-eeb51be elementor-widget elementor-widget-text-editor\" data-id=\"eeb51be\" data-element_type=\"widget\" data-e-type=\"widget\" data-widget_type=\"text-editor.default\">\n\t\t\t\t<div class=\"elementor-widget-container\">\n\t\t\t\t\t\t\t\t\t<p>La metxera interm\u00e8dia segueix estirant la metxa de manera que es va aprimant cada cop m\u00e9s.<\/p>\t\t\t\t\t\t\t\t<\/div>\n\t\t\t\t<\/div>\n\t\t\t\t<div class=\"elementor-element elementor-element-182ba7d elementor-widget elementor-widget-image\" data-id=\"182ba7d\" data-element_type=\"widget\" data-e-type=\"widget\" data-widget_type=\"image.default\">\n\t\t\t\t<div class=\"elementor-widget-container\">\n\t\t\t\t\t\t\t\t\t\t\t\t<figure class=\"wp-caption\">\n\t\t\t\t\t\t\t\t\t\t<img loading=\"lazy\" decoding=\"async\" width=\"768\" height=\"346\" src=\"https:\/\/www.elturistatranquil.com\/wp-content\/uploads\/F28-Colonia-Vidal-Puig-reig-Barcelona.jpg\" class=\"attachment-large size-large wp-image-59100\" alt=\"Colonia Vidal, Puig-reig, Barcelona\" srcset=\"https:\/\/www.elturistatranquil.com\/wp-content\/uploads\/F28-Colonia-Vidal-Puig-reig-Barcelona.jpg 768w, https:\/\/www.elturistatranquil.com\/wp-content\/uploads\/F28-Colonia-Vidal-Puig-reig-Barcelona-339x153.jpg 339w\" sizes=\"(max-width: 768px) 100vw, 768px\" \/>\t\t\t\t\t\t\t\t\t\t\t<figcaption class=\"widget-image-caption wp-caption-text\"><\/figcaption>\n\t\t\t\t\t\t\t\t\t\t<\/figure>\n\t\t\t\t\t\t\t\t\t<\/div>\n\t\t\t\t<\/div>\n\t\t\t\t<div class=\"elementor-element elementor-element-bb13b00 elementor-widget elementor-widget-heading\" data-id=\"bb13b00\" data-element_type=\"widget\" data-e-type=\"widget\" data-widget_type=\"heading.default\">\n\t\t\t\t<div class=\"elementor-widget-container\">\n\t\t\t\t\t<h5 class=\"elementor-heading-title elementor-size-default\">Metxera fina <\/h5>\t\t\t\t<\/div>\n\t\t\t\t<\/div>\n\t\t\t\t<div class=\"elementor-element elementor-element-b0013e8 elementor-widget elementor-widget-text-editor\" data-id=\"b0013e8\" data-element_type=\"widget\" data-e-type=\"widget\" data-widget_type=\"text-editor.default\">\n\t\t\t\t<div class=\"elementor-widget-container\">\n\t\t\t\t\t\t\t\t\t<p>A la metxera fina la metxa rep aqu\u00ed un darrer estiratge. Una mica de torsi\u00f3 ajudar\u00e0 a que la metxa no es desfaci durant la manipulaci\u00f3.<\/p>\t\t\t\t\t\t\t\t<\/div>\n\t\t\t\t<\/div>\n\t\t\t\t<div class=\"elementor-element elementor-element-76a6025 elementor-widget elementor-widget-image\" data-id=\"76a6025\" data-element_type=\"widget\" data-e-type=\"widget\" data-widget_type=\"image.default\">\n\t\t\t\t<div class=\"elementor-widget-container\">\n\t\t\t\t\t\t\t\t\t\t\t\t<figure class=\"wp-caption\">\n\t\t\t\t\t\t\t\t\t\t<img loading=\"lazy\" decoding=\"async\" width=\"768\" height=\"346\" src=\"https:\/\/www.elturistatranquil.com\/wp-content\/uploads\/F29-Colonia-Vidal-Puig-reig-Barcelona.jpg\" class=\"attachment-large size-large wp-image-59102\" alt=\"Colonia Vidal, Puig-reig, Barcelona\" srcset=\"https:\/\/www.elturistatranquil.com\/wp-content\/uploads\/F29-Colonia-Vidal-Puig-reig-Barcelona.jpg 768w, https:\/\/www.elturistatranquil.com\/wp-content\/uploads\/F29-Colonia-Vidal-Puig-reig-Barcelona-339x153.jpg 339w\" sizes=\"(max-width: 768px) 100vw, 768px\" \/>\t\t\t\t\t\t\t\t\t\t\t<figcaption class=\"widget-image-caption wp-caption-text\"><\/figcaption>\n\t\t\t\t\t\t\t\t\t\t<\/figure>\n\t\t\t\t\t\t\t\t\t<\/div>\n\t\t\t\t<\/div>\n\t\t\t\t<div class=\"elementor-element elementor-element-6852105 elementor-widget elementor-widget-heading\" data-id=\"6852105\" data-element_type=\"widget\" data-e-type=\"widget\" data-widget_type=\"heading.default\">\n\t\t\t\t<div class=\"elementor-widget-container\">\n\t\t\t\t\t<h5 class=\"elementor-heading-title elementor-size-default\">Continua<\/h5>\t\t\t\t<\/div>\n\t\t\t\t<\/div>\n\t\t\t\t<div class=\"elementor-element elementor-element-5fb64d0 elementor-widget elementor-widget-text-editor\" data-id=\"5fb64d0\" data-element_type=\"widget\" data-e-type=\"widget\" data-widget_type=\"text-editor.default\">\n\t\t\t\t<div class=\"elementor-widget-container\">\n\t\t\t\t\t\t\t\t\t<p>La continua \u00e9s la m\u00e0quina encarregada de convertir la metxa en fil. Fa passar la metxa per uns cilindres que l&#8217;estiren i la fan m\u00e9s prima. Despr\u00e9s, se li dona torsi\u00f3 mitjan\u00e7ant un moviment giratori per tal d&#8217;obtenir un fill resistent que s&#8217;enrotlla a la fusada.<\/p>\t\t\t\t\t\t\t\t<\/div>\n\t\t\t\t<\/div>\n\t\t\t\t<div class=\"elementor-element elementor-element-a8b2250 elementor-widget elementor-widget-image\" data-id=\"a8b2250\" data-element_type=\"widget\" data-e-type=\"widget\" data-widget_type=\"image.default\">\n\t\t\t\t<div class=\"elementor-widget-container\">\n\t\t\t\t\t\t\t\t\t\t\t\t<figure class=\"wp-caption\">\n\t\t\t\t\t\t\t\t\t\t<img loading=\"lazy\" decoding=\"async\" width=\"768\" height=\"348\" src=\"https:\/\/www.elturistatranquil.com\/wp-content\/uploads\/F31-Colonia-Vidal-Puig-reig-Barcelona-1.jpg\" class=\"attachment-large size-large wp-image-59106\" alt=\"Colonia Vidal, Puig-reig, Barcelona\" srcset=\"https:\/\/www.elturistatranquil.com\/wp-content\/uploads\/F31-Colonia-Vidal-Puig-reig-Barcelona-1.jpg 768w, https:\/\/www.elturistatranquil.com\/wp-content\/uploads\/F31-Colonia-Vidal-Puig-reig-Barcelona-1-339x154.jpg 339w\" sizes=\"(max-width: 768px) 100vw, 768px\" \/>\t\t\t\t\t\t\t\t\t\t\t<figcaption class=\"widget-image-caption wp-caption-text\"><\/figcaption>\n\t\t\t\t\t\t\t\t\t\t<\/figure>\n\t\t\t\t\t\t\t\t\t<\/div>\n\t\t\t\t<\/div>\n\t\t\t\t<div class=\"elementor-element elementor-element-ffa5aa4 elementor-widget elementor-widget-heading\" data-id=\"ffa5aa4\" data-element_type=\"widget\" data-e-type=\"widget\" data-widget_type=\"heading.default\">\n\t\t\t\t<div class=\"elementor-widget-container\">\n\t\t\t\t\t<h5 class=\"elementor-heading-title elementor-size-default\">Ordidor<\/h5>\t\t\t\t<\/div>\n\t\t\t\t<\/div>\n\t\t\t\t<div class=\"elementor-element elementor-element-5538fb8 elementor-widget elementor-widget-text-editor\" data-id=\"5538fb8\" data-element_type=\"widget\" data-e-type=\"widget\" data-widget_type=\"text-editor.default\">\n\t\t\t\t<div class=\"elementor-widget-container\">\n\t\t\t\t\t\t\t\t\t<p>L&#8217;ordidor s&#8217;encarrega d&#8217;ordenar els fils que formaran el conjunt longitudinal del teixit o ordit. Aquests fils s&#8217;enrotllen al plegador que, una vegada ple, s&#8217;incorpora a la part posterior del teler per realitzar l&#8217;operaci\u00f3 de teixir.<\/p>\t\t\t\t\t\t\t\t<\/div>\n\t\t\t\t<\/div>\n\t\t\t\t<div class=\"elementor-element elementor-element-5845d26 elementor-widget elementor-widget-image\" data-id=\"5845d26\" data-element_type=\"widget\" data-e-type=\"widget\" data-widget_type=\"image.default\">\n\t\t\t\t<div class=\"elementor-widget-container\">\n\t\t\t\t\t\t\t\t\t\t\t\t<figure class=\"wp-caption\">\n\t\t\t\t\t\t\t\t\t\t<img loading=\"lazy\" decoding=\"async\" width=\"768\" height=\"393\" src=\"https:\/\/www.elturistatranquil.com\/wp-content\/uploads\/F34-Colonia-Vidal-Puig-reig-Barcelona.jpg\" class=\"attachment-large size-large wp-image-59108\" alt=\"Colonia Vidal, Puig-reig, Barcelona\" srcset=\"https:\/\/www.elturistatranquil.com\/wp-content\/uploads\/F34-Colonia-Vidal-Puig-reig-Barcelona.jpg 768w, https:\/\/www.elturistatranquil.com\/wp-content\/uploads\/F34-Colonia-Vidal-Puig-reig-Barcelona-339x173.jpg 339w\" sizes=\"(max-width: 768px) 100vw, 768px\" \/>\t\t\t\t\t\t\t\t\t\t\t<figcaption class=\"widget-image-caption wp-caption-text\"><\/figcaption>\n\t\t\t\t\t\t\t\t\t\t<\/figure>\n\t\t\t\t\t\t\t\t\t<\/div>\n\t\t\t\t<\/div>\n\t\t\t\t<div class=\"elementor-element elementor-element-e8530a0 elementor-widget elementor-widget-heading\" data-id=\"e8530a0\" data-element_type=\"widget\" data-e-type=\"widget\" data-widget_type=\"heading.default\">\n\t\t\t\t<div class=\"elementor-widget-container\">\n\t\t\t\t\t<h5 class=\"elementor-heading-title elementor-size-default\">M\u00e0quina d\u2019omplir bitlles <\/h5>\t\t\t\t<\/div>\n\t\t\t\t<\/div>\n\t\t\t\t<div class=\"elementor-element elementor-element-b14779c elementor-widget elementor-widget-text-editor\" data-id=\"b14779c\" data-element_type=\"widget\" data-e-type=\"widget\" data-widget_type=\"text-editor.default\">\n\t\t\t\t<div class=\"elementor-widget-container\">\n\t\t\t\t\t\t\t\t\t<p>Les madeixes es col\u00b7loquen a la debanadora, que en girar fa que el fil passi al rodet o bitlla. En aquest proc\u00e9s intervenen uns guiafils i un tensor que amb un moviment de vaiv\u00e9 permet que el fil es reparteixi de manera regular la bitlla.<\/p>\t\t\t\t\t\t\t\t<\/div>\n\t\t\t\t<\/div>\n\t\t\t\t<div class=\"elementor-element elementor-element-77fca49 elementor-widget elementor-widget-image\" data-id=\"77fca49\" data-element_type=\"widget\" data-e-type=\"widget\" data-widget_type=\"image.default\">\n\t\t\t\t<div class=\"elementor-widget-container\">\n\t\t\t\t\t\t\t\t\t\t\t\t<figure class=\"wp-caption\">\n\t\t\t\t\t\t\t\t\t\t<img loading=\"lazy\" decoding=\"async\" width=\"768\" height=\"374\" src=\"https:\/\/www.elturistatranquil.com\/wp-content\/uploads\/F36-Colonia-Vidal-Puig-reig-Barcelona.jpg\" class=\"attachment-large size-large wp-image-59110\" alt=\"Colonia Vidal, Puig-reig, Barcelona\" srcset=\"https:\/\/www.elturistatranquil.com\/wp-content\/uploads\/F36-Colonia-Vidal-Puig-reig-Barcelona.jpg 768w, https:\/\/www.elturistatranquil.com\/wp-content\/uploads\/F36-Colonia-Vidal-Puig-reig-Barcelona-339x165.jpg 339w\" sizes=\"(max-width: 768px) 100vw, 768px\" \/>\t\t\t\t\t\t\t\t\t\t\t<figcaption class=\"widget-image-caption wp-caption-text\"><\/figcaption>\n\t\t\t\t\t\t\t\t\t\t<\/figure>\n\t\t\t\t\t\t\t\t\t<\/div>\n\t\t\t\t<\/div>\n\t\t\t\t<div class=\"elementor-element elementor-element-4dc45cc elementor-widget elementor-widget-image\" data-id=\"4dc45cc\" data-element_type=\"widget\" data-e-type=\"widget\" data-widget_type=\"image.default\">\n\t\t\t\t<div class=\"elementor-widget-container\">\n\t\t\t\t\t\t\t\t\t\t\t\t<figure class=\"wp-caption\">\n\t\t\t\t\t\t\t\t\t\t<img loading=\"lazy\" decoding=\"async\" width=\"768\" height=\"464\" src=\"https:\/\/www.elturistatranquil.com\/wp-content\/uploads\/F37-Colonia-Vidal-Puig-reig-Barcelona.jpg\" class=\"attachment-large size-large wp-image-59112\" alt=\"Colonia Vidal, Puig-reig, Barcelona\" srcset=\"https:\/\/www.elturistatranquil.com\/wp-content\/uploads\/F37-Colonia-Vidal-Puig-reig-Barcelona.jpg 768w, https:\/\/www.elturistatranquil.com\/wp-content\/uploads\/F37-Colonia-Vidal-Puig-reig-Barcelona-339x205.jpg 339w\" sizes=\"(max-width: 768px) 100vw, 768px\" \/>\t\t\t\t\t\t\t\t\t\t\t<figcaption class=\"widget-image-caption wp-caption-text\"><\/figcaption>\n\t\t\t\t\t\t\t\t\t\t<\/figure>\n\t\t\t\t\t\t\t\t\t<\/div>\n\t\t\t\t<\/div>\n\t\t\t\t<div class=\"elementor-element elementor-element-ac64ec6 elementor-widget elementor-widget-heading\" data-id=\"ac64ec6\" data-element_type=\"widget\" data-e-type=\"widget\" data-widget_type=\"heading.default\">\n\t\t\t\t<div class=\"elementor-widget-container\">\n\t\t\t\t\t<h4 class=\"elementor-heading-title elementor-size-default\">Teixit<\/h4>\t\t\t\t<\/div>\n\t\t\t\t<\/div>\n\t\t\t\t<div class=\"elementor-element elementor-element-b3880d5 elementor-widget elementor-widget-heading\" data-id=\"b3880d5\" data-element_type=\"widget\" data-e-type=\"widget\" data-widget_type=\"heading.default\">\n\t\t\t\t<div class=\"elementor-widget-container\">\n\t\t\t\t\t<h5 class=\"elementor-heading-title elementor-size-default\">Telers de garrot i telers autom\u00e0tics<\/h5>\t\t\t\t<\/div>\n\t\t\t\t<\/div>\n\t\t\t\t<div class=\"elementor-element elementor-element-04dfc24 elementor-widget elementor-widget-text-editor\" data-id=\"04dfc24\" data-element_type=\"widget\" data-e-type=\"widget\" data-widget_type=\"text-editor.default\">\n\t\t\t\t<div class=\"elementor-widget-container\">\n\t\t\t\t\t\t\t\t\t<p>El teler \u00e9s la m\u00e0quina que transforma el fil en teixit. En el tissatge els fils longitudinals o d&#8217;ordit es van entrella\u00e7ant amb passades de fil transversal o trama. La llan\u00e7adora \u00e9s la pe\u00e7a del teler que fa passar el fil de la trama per entremig dels fils d&#8217;ordit.<\/p><p>Els primers eren telers de garrot\u00a0 i m\u00e9s tard es van instal\u00b7lar telers autom\u00e0tics Rutti.<\/p><p>Vista de la part de l\u2019ordidor d\u2019un teler, amb els fils longitudinals.<\/p>\t\t\t\t\t\t\t\t<\/div>\n\t\t\t\t<\/div>\n\t\t\t\t<div class=\"elementor-element elementor-element-d13baf4 elementor-widget elementor-widget-image\" data-id=\"d13baf4\" data-element_type=\"widget\" data-e-type=\"widget\" data-widget_type=\"image.default\">\n\t\t\t\t<div class=\"elementor-widget-container\">\n\t\t\t\t\t\t\t\t\t\t\t\t<figure class=\"wp-caption\">\n\t\t\t\t\t\t\t\t\t\t<img loading=\"lazy\" decoding=\"async\" width=\"768\" height=\"512\" src=\"https:\/\/www.elturistatranquil.com\/wp-content\/uploads\/F38-Colonia-Vidal-Puig-reig-Barcelona-1.jpg\" class=\"attachment-large size-large wp-image-59119\" alt=\"Colonia Vidal, Puig-reig, Barcelona\" srcset=\"https:\/\/www.elturistatranquil.com\/wp-content\/uploads\/F38-Colonia-Vidal-Puig-reig-Barcelona-1.jpg 768w, https:\/\/www.elturistatranquil.com\/wp-content\/uploads\/F38-Colonia-Vidal-Puig-reig-Barcelona-1-339x226.jpg 339w\" sizes=\"(max-width: 768px) 100vw, 768px\" \/>\t\t\t\t\t\t\t\t\t\t\t<figcaption class=\"widget-image-caption wp-caption-text\"><\/figcaption>\n\t\t\t\t\t\t\t\t\t\t<\/figure>\n\t\t\t\t\t\t\t\t\t<\/div>\n\t\t\t\t<\/div>\n\t\t\t\t<div class=\"elementor-element elementor-element-097d2d2 elementor-widget elementor-widget-image\" data-id=\"097d2d2\" data-element_type=\"widget\" data-e-type=\"widget\" data-widget_type=\"image.default\">\n\t\t\t\t<div class=\"elementor-widget-container\">\n\t\t\t\t\t\t\t\t\t\t\t\t<figure class=\"wp-caption\">\n\t\t\t\t\t\t\t\t\t\t<img loading=\"lazy\" decoding=\"async\" width=\"768\" height=\"512\" src=\"https:\/\/www.elturistatranquil.com\/wp-content\/uploads\/F39-Colonia-Vidal-Puig-reig-Barcelona.jpg\" class=\"attachment-large size-large wp-image-59121\" alt=\"Colonia Vidal, Puig-reig, Barcelona\" srcset=\"https:\/\/www.elturistatranquil.com\/wp-content\/uploads\/F39-Colonia-Vidal-Puig-reig-Barcelona.jpg 768w, https:\/\/www.elturistatranquil.com\/wp-content\/uploads\/F39-Colonia-Vidal-Puig-reig-Barcelona-339x226.jpg 339w\" sizes=\"(max-width: 768px) 100vw, 768px\" \/>\t\t\t\t\t\t\t\t\t\t\t<figcaption class=\"widget-image-caption wp-caption-text\"><\/figcaption>\n\t\t\t\t\t\t\t\t\t\t<\/figure>\n\t\t\t\t\t\t\t\t\t<\/div>\n\t\t\t\t<\/div>\n\t\t\t\t<div class=\"elementor-element elementor-element-fd2fea4 elementor-widget elementor-widget-text-editor\" data-id=\"fd2fea4\" data-element_type=\"widget\" data-e-type=\"widget\" data-widget_type=\"text-editor.default\">\n\t\t\t\t<div class=\"elementor-widget-container\">\n\t\t\t\t\t\t\t\t\t<p>En passar la llan\u00e7adora entre els fils de l&#8217;ordit va deixant de forma transversal el fil recollit a les bitlles, formant l&#8217;entrella\u00e7at del teixit.<\/p>\t\t\t\t\t\t\t\t<\/div>\n\t\t\t\t<\/div>\n\t\t\t\t<div class=\"elementor-element elementor-element-908ad4b elementor-widget elementor-widget-image\" data-id=\"908ad4b\" data-element_type=\"widget\" data-e-type=\"widget\" data-widget_type=\"image.default\">\n\t\t\t\t<div class=\"elementor-widget-container\">\n\t\t\t\t\t\t\t\t\t\t\t\t<figure class=\"wp-caption\">\n\t\t\t\t\t\t\t\t\t\t<img loading=\"lazy\" decoding=\"async\" width=\"768\" height=\"512\" src=\"https:\/\/www.elturistatranquil.com\/wp-content\/uploads\/F40-Colonia-Vidal-Puig-reig-Barcelona.jpg\" class=\"attachment-large size-large wp-image-59123\" alt=\"Colonia Vidal, Puig-reig, Barcelona\" srcset=\"https:\/\/www.elturistatranquil.com\/wp-content\/uploads\/F40-Colonia-Vidal-Puig-reig-Barcelona.jpg 768w, https:\/\/www.elturistatranquil.com\/wp-content\/uploads\/F40-Colonia-Vidal-Puig-reig-Barcelona-339x226.jpg 339w\" sizes=\"(max-width: 768px) 100vw, 768px\" \/>\t\t\t\t\t\t\t\t\t\t\t<figcaption class=\"widget-image-caption wp-caption-text\"><\/figcaption>\n\t\t\t\t\t\t\t\t\t\t<\/figure>\n\t\t\t\t\t\t\t\t\t<\/div>\n\t\t\t\t<\/div>\n\t\t\t\t<div class=\"elementor-element elementor-element-b30b1c6 elementor-widget elementor-widget-image\" data-id=\"b30b1c6\" data-element_type=\"widget\" data-e-type=\"widget\" data-widget_type=\"image.default\">\n\t\t\t\t<div class=\"elementor-widget-container\">\n\t\t\t\t\t\t\t\t\t\t\t\t<figure class=\"wp-caption\">\n\t\t\t\t\t\t\t\t\t\t<img loading=\"lazy\" decoding=\"async\" width=\"768\" height=\"512\" src=\"https:\/\/www.elturistatranquil.com\/wp-content\/uploads\/F41-Colonia-Vidal-Puig-reig-Barcelona.jpg\" class=\"attachment-large size-large wp-image-59125\" alt=\"Colonia Vidal, Puig-reig, Barcelona\" srcset=\"https:\/\/www.elturistatranquil.com\/wp-content\/uploads\/F41-Colonia-Vidal-Puig-reig-Barcelona.jpg 768w, https:\/\/www.elturistatranquil.com\/wp-content\/uploads\/F41-Colonia-Vidal-Puig-reig-Barcelona-339x226.jpg 339w\" sizes=\"(max-width: 768px) 100vw, 768px\" \/>\t\t\t\t\t\t\t\t\t\t\t<figcaption class=\"widget-image-caption wp-caption-text\"><\/figcaption>\n\t\t\t\t\t\t\t\t\t\t<\/figure>\n\t\t\t\t\t\t\t\t\t<\/div>\n\t\t\t\t<\/div>\n\t\t\t\t<div class=\"elementor-element elementor-element-b5142c5 elementor-widget elementor-widget-text-editor\" data-id=\"b5142c5\" data-element_type=\"widget\" data-e-type=\"widget\" data-widget_type=\"text-editor.default\">\n\t\t\t\t<div class=\"elementor-widget-container\">\n\t\t\t\t\t\t\t\t\t<p>El teixit es va recollint sobre cilindres de cart\u00f3, formant la pe\u00e7a de roba.<\/p>\t\t\t\t\t\t\t\t<\/div>\n\t\t\t\t<\/div>\n\t\t\t\t<div class=\"elementor-element elementor-element-02c3f77 elementor-widget elementor-widget-image\" data-id=\"02c3f77\" data-element_type=\"widget\" data-e-type=\"widget\" data-widget_type=\"image.default\">\n\t\t\t\t<div class=\"elementor-widget-container\">\n\t\t\t\t\t\t\t\t\t\t\t\t<figure class=\"wp-caption\">\n\t\t\t\t\t\t\t\t\t\t<img loading=\"lazy\" decoding=\"async\" width=\"768\" height=\"512\" src=\"https:\/\/www.elturistatranquil.com\/wp-content\/uploads\/F42-Colonia-Vidal-Puig-reig-Barcelona.jpg\" class=\"attachment-large size-large wp-image-59130\" alt=\"Colonia Vidal, Puig-reig, Barcelona\" srcset=\"https:\/\/www.elturistatranquil.com\/wp-content\/uploads\/F42-Colonia-Vidal-Puig-reig-Barcelona.jpg 768w, https:\/\/www.elturistatranquil.com\/wp-content\/uploads\/F42-Colonia-Vidal-Puig-reig-Barcelona-339x226.jpg 339w\" sizes=\"(max-width: 768px) 100vw, 768px\" \/>\t\t\t\t\t\t\t\t\t\t\t<figcaption class=\"widget-image-caption wp-caption-text\"><\/figcaption>\n\t\t\t\t\t\t\t\t\t\t<\/figure>\n\t\t\t\t\t\t\t\t\t<\/div>\n\t\t\t\t<\/div>\n\t\t\t\t<div class=\"elementor-element elementor-element-c52cf83 elementor-widget elementor-widget-text-editor\" data-id=\"c52cf83\" data-element_type=\"widget\" data-e-type=\"widget\" data-widget_type=\"text-editor.default\">\n\t\t\t\t<div class=\"elementor-widget-container\">\n\t\t\t\t\t\t\t\t\t<p>Aquestes peces seran les que es portaran a una planta d\u2019acabats.<\/p>\t\t\t\t\t\t\t\t<\/div>\n\t\t\t\t<\/div>\n\t\t\t\t<div class=\"elementor-element elementor-element-6dff69b elementor-widget elementor-widget-image\" data-id=\"6dff69b\" data-element_type=\"widget\" data-e-type=\"widget\" data-widget_type=\"image.default\">\n\t\t\t\t<div class=\"elementor-widget-container\">\n\t\t\t\t\t\t\t\t\t\t\t\t<figure class=\"wp-caption\">\n\t\t\t\t\t\t\t\t\t\t<img loading=\"lazy\" decoding=\"async\" width=\"768\" height=\"512\" src=\"https:\/\/www.elturistatranquil.com\/wp-content\/uploads\/F43-Colonia-Vidal-Puig-reig-Barcelona.jpg\" class=\"attachment-large size-large wp-image-59132\" alt=\"Colonia Vidal, Puig-reig, Barcelona\" srcset=\"https:\/\/www.elturistatranquil.com\/wp-content\/uploads\/F43-Colonia-Vidal-Puig-reig-Barcelona.jpg 768w, https:\/\/www.elturistatranquil.com\/wp-content\/uploads\/F43-Colonia-Vidal-Puig-reig-Barcelona-339x226.jpg 339w\" sizes=\"(max-width: 768px) 100vw, 768px\" \/>\t\t\t\t\t\t\t\t\t\t\t<figcaption class=\"widget-image-caption wp-caption-text\"><\/figcaption>\n\t\t\t\t\t\t\t\t\t\t<\/figure>\n\t\t\t\t\t\t\t\t\t<\/div>\n\t\t\t\t<\/div>\n\t\t\t\t<div class=\"elementor-element elementor-element-e195430 elementor-widget elementor-widget-text-editor\" data-id=\"e195430\" data-element_type=\"widget\" data-e-type=\"widget\" data-widget_type=\"text-editor.default\">\n\t\t\t\t<div class=\"elementor-widget-container\">\n\t\t\t\t\t\t\t\t\t<p>La maquinaria necessita manteniment i r\u00e0pida reparaci\u00f3 en cas d\u2019averia. Calia disposar de totes les eines necess\u00e0ries i operaris a les sales de m\u00e0quines.<\/p>\t\t\t\t\t\t\t\t<\/div>\n\t\t\t\t<\/div>\n\t\t\t\t<div class=\"elementor-element elementor-element-9dd3924 elementor-widget elementor-widget-image\" data-id=\"9dd3924\" data-element_type=\"widget\" data-e-type=\"widget\" data-widget_type=\"image.default\">\n\t\t\t\t<div class=\"elementor-widget-container\">\n\t\t\t\t\t\t\t\t\t\t\t\t<figure class=\"wp-caption\">\n\t\t\t\t\t\t\t\t\t\t<img loading=\"lazy\" decoding=\"async\" width=\"768\" height=\"417\" src=\"https:\/\/www.elturistatranquil.com\/wp-content\/uploads\/F44-Colonia-Vidal-Puig-reig-Barcelona.jpg\" class=\"attachment-large size-large wp-image-59134\" alt=\"Colonia Vidal, Puig-reig, Barcelona\" srcset=\"https:\/\/www.elturistatranquil.com\/wp-content\/uploads\/F44-Colonia-Vidal-Puig-reig-Barcelona.jpg 768w, https:\/\/www.elturistatranquil.com\/wp-content\/uploads\/F44-Colonia-Vidal-Puig-reig-Barcelona-339x184.jpg 339w\" sizes=\"(max-width: 768px) 100vw, 768px\" \/>\t\t\t\t\t\t\t\t\t\t\t<figcaption class=\"widget-image-caption wp-caption-text\"><\/figcaption>\n\t\t\t\t\t\t\t\t\t\t<\/figure>\n\t\t\t\t\t\t\t\t\t<\/div>\n\t\t\t\t<\/div>\n\t\t\t\t<div class=\"elementor-element elementor-element-e2b4f95 elementor-widget elementor-widget-text-editor\" data-id=\"e2b4f95\" data-element_type=\"widget\" data-e-type=\"widget\" data-widget_type=\"text-editor.default\">\n\t\t\t\t<div class=\"elementor-widget-container\">\n\t\t\t\t\t\t\t\t\t<p>Per descomptat, en temps d\u2019introducci\u00f3 de la industrialitzaci\u00f3 i de l\u2019organitzaci\u00f3 i racionalitzaci\u00f3 del treball, el registre exacte d\u2019entrada i sortida individual a la feina \u00a0va constituir un element indispensable per mitja de les cl\u00e0ssiques m\u00e0quines de fitxes de registre horari.<\/p>\t\t\t\t\t\t\t\t<\/div>\n\t\t\t\t<\/div>\n\t\t\t\t<div class=\"elementor-element elementor-element-463d32a elementor-widget elementor-widget-image\" data-id=\"463d32a\" data-element_type=\"widget\" data-e-type=\"widget\" data-widget_type=\"image.default\">\n\t\t\t\t<div class=\"elementor-widget-container\">\n\t\t\t\t\t\t\t\t\t\t\t\t<figure class=\"wp-caption\">\n\t\t\t\t\t\t\t\t\t\t<img loading=\"lazy\" decoding=\"async\" width=\"768\" height=\"512\" src=\"https:\/\/www.elturistatranquil.com\/wp-content\/uploads\/F45-Colonia-Vidal-Puig-reig-Barcelona.jpg\" class=\"attachment-large size-large wp-image-59136\" alt=\"Colonia Vidal, Puig-reig, Barcelona\" srcset=\"https:\/\/www.elturistatranquil.com\/wp-content\/uploads\/F45-Colonia-Vidal-Puig-reig-Barcelona.jpg 768w, https:\/\/www.elturistatranquil.com\/wp-content\/uploads\/F45-Colonia-Vidal-Puig-reig-Barcelona-339x226.jpg 339w\" sizes=\"(max-width: 768px) 100vw, 768px\" \/>\t\t\t\t\t\t\t\t\t\t\t<figcaption class=\"widget-image-caption wp-caption-text\"><\/figcaption>\n\t\t\t\t\t\t\t\t\t\t<\/figure>\n\t\t\t\t\t\t\t\t\t<\/div>\n\t\t\t\t<\/div>\n\t\t\t\t<div class=\"elementor-element elementor-element-ba0e46c elementor-widget elementor-widget-heading\" data-id=\"ba0e46c\" data-element_type=\"widget\" data-e-type=\"widget\" data-widget_type=\"heading.default\">\n\t\t\t\t<div class=\"elementor-widget-container\">\n\t\t\t\t\t<h4 class=\"elementor-heading-title elementor-size-default\">Acabats\t<\/h4>\t\t\t\t<\/div>\n\t\t\t\t<\/div>\n\t\t\t\t<div class=\"elementor-element elementor-element-53259d9 elementor-widget elementor-widget-text-editor\" data-id=\"53259d9\" data-element_type=\"widget\" data-e-type=\"widget\" data-widget_type=\"text-editor.default\">\n\t\t\t\t<div class=\"elementor-widget-container\">\n\t\t\t\t\t\t\t\t\t<p>Com s\u2019ha assenyalat, aqu\u00ed acabava el proc\u00e9s de fabricaci\u00f3 a la Col\u00f2nia. Per finalitzar el proc\u00e9s complet de fabricaci\u00f3, les peces eren traslladades a una planta d\u2019acabats (el que es denominava sector de l\u2019aigua) per tal de donar-li, per mitj\u00e0 de diferents operacions i processos termomec\u00e0nics, un aspecte m\u00e9s agradable i bonic.<\/p><p>A partir d&#8217;aqu\u00ed les peces de teixit, una vegada doblades i empaquetades, ja es podien posar a la venda.<\/p>\t\t\t\t\t\t\t\t<\/div>\n\t\t\t\t<\/div>\n\t\t\t\t<div class=\"elementor-element elementor-element-88a1b36 elementor-widget elementor-widget-heading\" data-id=\"88a1b36\" data-element_type=\"widget\" data-e-type=\"widget\" data-widget_type=\"heading.default\">\n\t\t\t\t<div class=\"elementor-widget-container\">\n\t\t\t\t\t<h4 class=\"elementor-heading-title elementor-size-default\">La gesti\u00f3 i administraci\u00f3 <\/h4>\t\t\t\t<\/div>\n\t\t\t\t<\/div>\n\t\t\t\t<div class=\"elementor-element elementor-element-5d58568 elementor-widget elementor-widget-text-editor\" data-id=\"5d58568\" data-element_type=\"widget\" data-e-type=\"widget\" data-widget_type=\"text-editor.default\">\n\t\t\t\t<div class=\"elementor-widget-container\">\n\t\t\t\t\t\t\t\t\t<p>Complementaria a la fabricaci\u00f3, l\u2019empresa disposava del serveis de gesti\u00f3 i administraci\u00f3 de la f\u00e0brica, les <strong>oficines<\/strong>, ocupant una part de les naus de la f\u00e0brica. Aquestes instal\u00b7lacions no estan museal\u00eftzades.<\/p>\t\t\t\t\t\t\t\t<\/div>\n\t\t\t\t<\/div>\n\t\t\t\t<div class=\"elementor-element elementor-element-f2654b5 elementor-widget elementor-widget-image\" data-id=\"f2654b5\" data-element_type=\"widget\" data-e-type=\"widget\" data-widget_type=\"image.default\">\n\t\t\t\t<div class=\"elementor-widget-container\">\n\t\t\t\t\t\t\t\t\t\t\t\t<figure class=\"wp-caption\">\n\t\t\t\t\t\t\t\t\t\t<img loading=\"lazy\" decoding=\"async\" width=\"768\" height=\"512\" src=\"https:\/\/www.elturistatranquil.com\/wp-content\/uploads\/F46-Colonia-Vidal-Puig-reig-Barcelona.jpg\" class=\"attachment-large size-large wp-image-59138\" alt=\"Colonia Vidal, Puig-reig, Barcelona\" srcset=\"https:\/\/www.elturistatranquil.com\/wp-content\/uploads\/F46-Colonia-Vidal-Puig-reig-Barcelona.jpg 768w, https:\/\/www.elturistatranquil.com\/wp-content\/uploads\/F46-Colonia-Vidal-Puig-reig-Barcelona-339x226.jpg 339w\" sizes=\"(max-width: 768px) 100vw, 768px\" \/>\t\t\t\t\t\t\t\t\t\t\t<figcaption class=\"widget-image-caption wp-caption-text\"><\/figcaption>\n\t\t\t\t\t\t\t\t\t\t<\/figure>\n\t\t\t\t\t\t\t\t\t<\/div>\n\t\t\t\t<\/div>\n\t\t\t\t<div class=\"elementor-element elementor-element-868691b elementor-widget elementor-widget-heading\" data-id=\"868691b\" data-element_type=\"widget\" data-e-type=\"widget\" data-widget_type=\"heading.default\">\n\t\t\t\t<div class=\"elementor-widget-container\">\n\t\t\t\t\t<h4 class=\"elementor-heading-title elementor-size-default\">Els serveis: infermeria i menjador <\/h4>\t\t\t\t<\/div>\n\t\t\t\t<\/div>\n\t\t\t\t<div class=\"elementor-element elementor-element-d8b89d3 elementor-widget elementor-widget-text-editor\" data-id=\"d8b89d3\" data-element_type=\"widget\" data-e-type=\"widget\" data-widget_type=\"text-editor.default\">\n\t\t\t\t<div class=\"elementor-widget-container\">\n\t\t\t\t\t\t\t\t\t<p>Com es f\u00e0cil de suposar, el gran nombre de treballadors manuals manipulant m\u00e0quines era motiu de que es produ\u00efssin accidents de treball. Per aquest motiu ha la Col\u00f2nia hi havia establerta una <strong>infermeria<\/strong> (<strong>5<\/strong>) amb acc\u00e9s directe.<\/p><p>Al mateix edifici, al que s\u2019arribava per una passarel\u00b7la elevada, hi havia un espai de <strong>menjadors<\/strong> per als treballadors per que poguessin menjar sense haver de despla\u00e7ar-se a l\u2019habitatge.<\/p>\t\t\t\t\t\t\t\t<\/div>\n\t\t\t\t<\/div>\n\t\t\t\t<div class=\"elementor-element elementor-element-75a4a9e elementor-widget elementor-widget-image\" data-id=\"75a4a9e\" data-element_type=\"widget\" data-e-type=\"widget\" data-widget_type=\"image.default\">\n\t\t\t\t<div class=\"elementor-widget-container\">\n\t\t\t\t\t\t\t\t\t\t\t\t<figure class=\"wp-caption\">\n\t\t\t\t\t\t\t\t\t\t<img loading=\"lazy\" decoding=\"async\" width=\"768\" height=\"512\" src=\"https:\/\/www.elturistatranquil.com\/wp-content\/uploads\/F47-Colonia-Vidal-Puig-reig-Barcelona.jpg\" class=\"attachment-large size-large wp-image-59140\" alt=\"Colonia Vidal, Puig-reig, Barcelona\" srcset=\"https:\/\/www.elturistatranquil.com\/wp-content\/uploads\/F47-Colonia-Vidal-Puig-reig-Barcelona.jpg 768w, https:\/\/www.elturistatranquil.com\/wp-content\/uploads\/F47-Colonia-Vidal-Puig-reig-Barcelona-339x226.jpg 339w\" sizes=\"(max-width: 768px) 100vw, 768px\" \/>\t\t\t\t\t\t\t\t\t\t\t<figcaption class=\"widget-image-caption wp-caption-text\"><\/figcaption>\n\t\t\t\t\t\t\t\t\t\t<\/figure>\n\t\t\t\t\t\t\t\t\t<\/div>\n\t\t\t\t<\/div>\n\t\t\t\t<div class=\"elementor-element elementor-element-f3b1aaf elementor-widget elementor-widget-image\" data-id=\"f3b1aaf\" data-element_type=\"widget\" data-e-type=\"widget\" data-widget_type=\"image.default\">\n\t\t\t\t<div class=\"elementor-widget-container\">\n\t\t\t\t\t\t\t\t\t\t\t\t<figure class=\"wp-caption\">\n\t\t\t\t\t\t\t\t\t\t<img loading=\"lazy\" decoding=\"async\" width=\"768\" height=\"511\" src=\"https:\/\/www.elturistatranquil.com\/wp-content\/uploads\/F48-Colonia-Vidal-Puig-reig-Barcelona.jpg\" class=\"attachment-large size-large wp-image-59142\" alt=\"Colonia Vidal, Puig-reig, Barcelona\" srcset=\"https:\/\/www.elturistatranquil.com\/wp-content\/uploads\/F48-Colonia-Vidal-Puig-reig-Barcelona.jpg 768w, https:\/\/www.elturistatranquil.com\/wp-content\/uploads\/F48-Colonia-Vidal-Puig-reig-Barcelona-339x226.jpg 339w\" sizes=\"(max-width: 768px) 100vw, 768px\" \/>\t\t\t\t\t\t\t\t\t\t\t<figcaption class=\"widget-image-caption wp-caption-text\"><\/figcaption>\n\t\t\t\t\t\t\t\t\t\t<\/figure>\n\t\t\t\t\t\t\t\t\t<\/div>\n\t\t\t\t<\/div>\n\t\t\t\t<div class=\"elementor-element elementor-element-fd4ca08 elementor-widget elementor-widget-heading\" data-id=\"fd4ca08\" data-element_type=\"widget\" data-e-type=\"widget\" data-widget_type=\"heading.default\">\n\t\t\t\t<div class=\"elementor-widget-container\">\n\t\t\t\t\t<h3 class=\"elementor-heading-title elementor-size-default\">El transport: l\u2019estaci\u00f3<\/h3>\t\t\t\t<\/div>\n\t\t\t\t<\/div>\n\t\t\t\t<div class=\"elementor-element elementor-element-bc565e5 elementor-widget elementor-widget-text-editor\" data-id=\"bc565e5\" data-element_type=\"widget\" data-e-type=\"widget\" data-widget_type=\"text-editor.default\">\n\t\t\t\t<div class=\"elementor-widget-container\">\n\t\t\t\t\t\t\t\t\t<p>Pel costat de la Col\u00f2nia passava el tren que unia des de 1885 Puig-reig amb Manresa, i que el 1904 es va allargar fins Guardiola de Bergad\u00e0. La Col\u00f2nia Vidal tenia una <strong>estaci\u00f3 de ferrocarril <\/strong>(<strong>6<\/strong>) pr\u00f2pia per on arribava el cot\u00f3 i el carb\u00f3, i sortien les peces de teixit.<\/p>\t\t\t\t\t\t\t\t<\/div>\n\t\t\t\t<\/div>\n\t\t\t\t<div class=\"elementor-element elementor-element-ed2fd2b elementor-widget elementor-widget-image\" data-id=\"ed2fd2b\" data-element_type=\"widget\" data-e-type=\"widget\" data-widget_type=\"image.default\">\n\t\t\t\t<div class=\"elementor-widget-container\">\n\t\t\t\t\t\t\t\t\t\t\t\t<figure class=\"wp-caption\">\n\t\t\t\t\t\t\t\t\t\t<img loading=\"lazy\" decoding=\"async\" width=\"768\" height=\"512\" src=\"https:\/\/www.elturistatranquil.com\/wp-content\/uploads\/F49-Colonia-Vidal-Puig-reig-Barcelona.jpg\" class=\"attachment-large size-large wp-image-59147\" alt=\"Colonia Vidal, Puig-reig, Barcelona\" srcset=\"https:\/\/www.elturistatranquil.com\/wp-content\/uploads\/F49-Colonia-Vidal-Puig-reig-Barcelona.jpg 768w, https:\/\/www.elturistatranquil.com\/wp-content\/uploads\/F49-Colonia-Vidal-Puig-reig-Barcelona-339x226.jpg 339w\" sizes=\"(max-width: 768px) 100vw, 768px\" \/>\t\t\t\t\t\t\t\t\t\t\t<figcaption class=\"widget-image-caption wp-caption-text\"><\/figcaption>\n\t\t\t\t\t\t\t\t\t\t<\/figure>\n\t\t\t\t\t\t\t\t\t<\/div>\n\t\t\t\t<\/div>\n\t\t\t\t<div class=\"elementor-element elementor-element-dda3c6c elementor-widget elementor-widget-text-editor\" data-id=\"dda3c6c\" data-element_type=\"widget\" data-e-type=\"widget\" data-widget_type=\"text-editor.default\">\n\t\t\t\t<div class=\"elementor-widget-container\">\n\t\t\t\t\t\t\t\t\t<p>El tren va deixar de funcionar l\u2019any 1972, per\u00f2 es conserven els edificis de l\u2019estaci\u00f3.<\/p>\t\t\t\t\t\t\t\t<\/div>\n\t\t\t\t<\/div>\n\t\t\t\t<div class=\"elementor-element elementor-element-3f71e99 elementor-widget elementor-widget-heading\" data-id=\"3f71e99\" data-element_type=\"widget\" data-e-type=\"widget\" data-widget_type=\"heading.default\">\n\t\t\t\t<div class=\"elementor-widget-container\">\n\t\t\t\t\t<h2 class=\"elementor-heading-title elementor-size-default\">Els \u00e0mbits residencials de la Col\u00f2nia<\/h2>\t\t\t\t<\/div>\n\t\t\t\t<\/div>\n\t\t\t\t<div class=\"elementor-element elementor-element-9fe1a65 elementor-widget elementor-widget-text-editor\" data-id=\"9fe1a65\" data-element_type=\"widget\" data-e-type=\"widget\" data-widget_type=\"text-editor.default\">\n\t\t\t\t<div class=\"elementor-widget-container\">\n\t\t\t\t\t\t\t\t\t<p>Al presentar l\u2019estructura territorial de la Col\u00f2nia s\u2019ha fet esment a la jerarquitzaci\u00f3 de l\u2019espai residencial, assenyalant una zona destinada a residencia d l\u2019amo i del director i un altre a zona residencial de treballadors i de serveis col\u00b7lectius, familiars i personals.<\/p>\t\t\t\t\t\t\t\t<\/div>\n\t\t\t\t<\/div>\n\t\t\t\t<div class=\"elementor-element elementor-element-9025852 elementor-widget elementor-widget-heading\" data-id=\"9025852\" data-element_type=\"widget\" data-e-type=\"widget\" data-widget_type=\"heading.default\">\n\t\t\t\t<div class=\"elementor-widget-container\">\n\t\t\t\t\t<h4 class=\"elementor-heading-title elementor-size-default\">La torre d l\u2019amo i la torre del director<\/h4>\t\t\t\t<\/div>\n\t\t\t\t<\/div>\n\t\t\t\t<div class=\"elementor-element elementor-element-deafc8e elementor-widget elementor-widget-text-editor\" data-id=\"deafc8e\" data-element_type=\"widget\" data-e-type=\"widget\" data-widget_type=\"text-editor.default\">\n\t\t\t\t<div class=\"elementor-widget-container\">\n\t\t\t\t\t\t\t\t\t<p>L\u2019amo vivia a Barcelona, per\u00f2 a la col\u00f2nia hi teniu un habitatge on hi passava temporades dirigint la f\u00e0brica. Com era habitual a totes les col\u00f2nies, hi tenia una residencia, la <strong>Torre de l\u2019amo<\/strong> (<strong>7<\/strong>) -torre, com s\u2019anomenaven aquest tipus de cases-, situada en el quadrant sud-oest, amb perspectiva sobre la f\u00e0brica, a\u00efllada i allunyada dels treballadors, en una posici\u00f3 dominant. Un xalet a\u00efllat amb la prest\u00e0ncia i l\u2019estil de les construccions burgeses de l\u2019\u00e8poca, encara que m\u00e9s discreta que en altres col\u00f2nies. Actualment abandonada i en fase ru\u00efnosa.<\/p>\t\t\t\t\t\t\t\t<\/div>\n\t\t\t\t<\/div>\n\t\t\t\t<div class=\"elementor-element elementor-element-45fd105 elementor-widget elementor-widget-image\" data-id=\"45fd105\" data-element_type=\"widget\" data-e-type=\"widget\" data-widget_type=\"image.default\">\n\t\t\t\t<div class=\"elementor-widget-container\">\n\t\t\t\t\t\t\t\t\t\t\t\t<figure class=\"wp-caption\">\n\t\t\t\t\t\t\t\t\t\t<img loading=\"lazy\" decoding=\"async\" width=\"768\" height=\"512\" src=\"https:\/\/www.elturistatranquil.com\/wp-content\/uploads\/F50-Colonia-Vidal-Puig-reig-Barcelona.jpg\" class=\"attachment-large size-large wp-image-59149\" alt=\"Colonia Vidal, Puig-reig, Barcelona\" srcset=\"https:\/\/www.elturistatranquil.com\/wp-content\/uploads\/F50-Colonia-Vidal-Puig-reig-Barcelona.jpg 768w, https:\/\/www.elturistatranquil.com\/wp-content\/uploads\/F50-Colonia-Vidal-Puig-reig-Barcelona-339x226.jpg 339w\" sizes=\"(max-width: 768px) 100vw, 768px\" \/>\t\t\t\t\t\t\t\t\t\t\t<figcaption class=\"widget-image-caption wp-caption-text\"><\/figcaption>\n\t\t\t\t\t\t\t\t\t\t<\/figure>\n\t\t\t\t\t\t\t\t\t<\/div>\n\t\t\t\t<\/div>\n\t\t\t\t<div class=\"elementor-element elementor-element-d1ada23 elementor-widget elementor-widget-image\" data-id=\"d1ada23\" data-element_type=\"widget\" data-e-type=\"widget\" data-widget_type=\"image.default\">\n\t\t\t\t<div class=\"elementor-widget-container\">\n\t\t\t\t\t\t\t\t\t\t\t\t<figure class=\"wp-caption\">\n\t\t\t\t\t\t\t\t\t\t<img loading=\"lazy\" decoding=\"async\" width=\"768\" height=\"511\" src=\"https:\/\/www.elturistatranquil.com\/wp-content\/uploads\/F51-Colonia-Vidal-Puig-reig-Barcelona.jpg\" class=\"attachment-large size-large wp-image-59151\" alt=\"Colonia Vidal, Puig-reig, Barcelona\" srcset=\"https:\/\/www.elturistatranquil.com\/wp-content\/uploads\/F51-Colonia-Vidal-Puig-reig-Barcelona.jpg 768w, https:\/\/www.elturistatranquil.com\/wp-content\/uploads\/F51-Colonia-Vidal-Puig-reig-Barcelona-339x226.jpg 339w\" sizes=\"(max-width: 768px) 100vw, 768px\" \/>\t\t\t\t\t\t\t\t\t\t\t<figcaption class=\"widget-image-caption wp-caption-text\"><\/figcaption>\n\t\t\t\t\t\t\t\t\t\t<\/figure>\n\t\t\t\t\t\t\t\t\t<\/div>\n\t\t\t\t<\/div>\n\t\t\t\t<div class=\"elementor-element elementor-element-8a1be17 elementor-widget elementor-widget-image\" data-id=\"8a1be17\" data-element_type=\"widget\" data-e-type=\"widget\" data-widget_type=\"image.default\">\n\t\t\t\t<div class=\"elementor-widget-container\">\n\t\t\t\t\t\t\t\t\t\t\t\t<figure class=\"wp-caption\">\n\t\t\t\t\t\t\t\t\t\t<img loading=\"lazy\" decoding=\"async\" width=\"768\" height=\"511\" src=\"https:\/\/www.elturistatranquil.com\/wp-content\/uploads\/F52-Colonia-Vidal-Puig-reig-Barcelona.jpg\" class=\"attachment-large size-large wp-image-59153\" alt=\"Colonia Vidal, Puig-reig, Barcelona\" srcset=\"https:\/\/www.elturistatranquil.com\/wp-content\/uploads\/F52-Colonia-Vidal-Puig-reig-Barcelona.jpg 768w, https:\/\/www.elturistatranquil.com\/wp-content\/uploads\/F52-Colonia-Vidal-Puig-reig-Barcelona-339x226.jpg 339w\" sizes=\"(max-width: 768px) 100vw, 768px\" \/>\t\t\t\t\t\t\t\t\t\t\t<figcaption class=\"widget-image-caption wp-caption-text\"><\/figcaption>\n\t\t\t\t\t\t\t\t\t\t<\/figure>\n\t\t\t\t\t\t\t\t\t<\/div>\n\t\t\t\t<\/div>\n\t\t\t\t<div class=\"elementor-element elementor-element-46803b9 elementor-widget elementor-widget-text-editor\" data-id=\"46803b9\" data-element_type=\"widget\" data-e-type=\"widget\" data-widget_type=\"text-editor.default\">\n\t\t\t\t<div class=\"elementor-widget-container\">\n\t\t\t\t\t\t\t\t\t<p>M\u00e9s propera a la zona residencial obrera, i m\u00e9s propera el cam\u00ed d\u2019acc\u00e9s a la f\u00e0brica, la <strong>torre del director<\/strong> (<strong>8<\/strong>). Tamb\u00e9 una casa a\u00efllada ben condicionada, per\u00f2 de menor categoria que la de l\u2019amo. Actualment es mostra en tot el seu esplendor ja que est\u00e0 habitada.<\/p>\t\t\t\t\t\t\t\t<\/div>\n\t\t\t\t<\/div>\n\t\t\t\t<div class=\"elementor-element elementor-element-4cec844 elementor-widget elementor-widget-image\" data-id=\"4cec844\" data-element_type=\"widget\" data-e-type=\"widget\" data-widget_type=\"image.default\">\n\t\t\t\t<div class=\"elementor-widget-container\">\n\t\t\t\t\t\t\t\t\t\t\t\t<figure class=\"wp-caption\">\n\t\t\t\t\t\t\t\t\t\t<img loading=\"lazy\" decoding=\"async\" width=\"768\" height=\"511\" src=\"https:\/\/www.elturistatranquil.com\/wp-content\/uploads\/F53-Colonia-Vidal-Puig-reig-Barcelona.jpg\" class=\"attachment-large size-large wp-image-59155\" alt=\"Colonia Vidal, Puig-reig, Barcelona\" srcset=\"https:\/\/www.elturistatranquil.com\/wp-content\/uploads\/F53-Colonia-Vidal-Puig-reig-Barcelona.jpg 768w, https:\/\/www.elturistatranquil.com\/wp-content\/uploads\/F53-Colonia-Vidal-Puig-reig-Barcelona-339x226.jpg 339w\" sizes=\"(max-width: 768px) 100vw, 768px\" \/>\t\t\t\t\t\t\t\t\t\t\t<figcaption class=\"widget-image-caption wp-caption-text\"><\/figcaption>\n\t\t\t\t\t\t\t\t\t\t<\/figure>\n\t\t\t\t\t\t\t\t\t<\/div>\n\t\t\t\t<\/div>\n\t\t\t\t<div class=\"elementor-element elementor-element-5bb4af1 elementor-widget elementor-widget-heading\" data-id=\"5bb4af1\" data-element_type=\"widget\" data-e-type=\"widget\" data-widget_type=\"heading.default\">\n\t\t\t\t<div class=\"elementor-widget-container\">\n\t\t\t\t\t<h4 class=\"elementor-heading-title elementor-size-default\">La zona residencial dels treballadors i dels serveis <\/h4>\t\t\t\t<\/div>\n\t\t\t\t<\/div>\n\t\t\t\t<div class=\"elementor-element elementor-element-af978d1 elementor-widget elementor-widget-text-editor\" data-id=\"af978d1\" data-element_type=\"widget\" data-e-type=\"widget\" data-widget_type=\"text-editor.default\">\n\t\t\t\t<div class=\"elementor-widget-container\">\n\t\t\t\t\t\t\t\t\t<p>\u00c9s important tenir en compte que per als treballadors la vida a la Col\u00f2nia era un sistema autosuficient. En una col\u00f2nia d\u2019aquestes caracter\u00edstiques podria donar-se el cas d\u2019una persona que i naix\u00e9s, visqu\u00e9s i mor\u00eds sense necessitar de sortir del recinte. Aix\u00f2 vol dir que al seu interior existeixen tots el elements i serveis necessaris.<\/p>\t\t\t\t\t\t\t\t<\/div>\n\t\t\t\t<\/div>\n\t\t\t\t<div class=\"elementor-element elementor-element-b5b5790 elementor-widget elementor-widget-image\" data-id=\"b5b5790\" data-element_type=\"widget\" data-e-type=\"widget\" data-widget_type=\"image.default\">\n\t\t\t\t<div class=\"elementor-widget-container\">\n\t\t\t\t\t\t\t\t\t\t\t\t<figure class=\"wp-caption\">\n\t\t\t\t\t\t\t\t\t\t<img loading=\"lazy\" decoding=\"async\" width=\"768\" height=\"512\" src=\"https:\/\/www.elturistatranquil.com\/wp-content\/uploads\/F54-Colonia-Vidal-Puig-reig-Barcelona-Google-maps-2025-06-05.jpg\" class=\"attachment-large size-large wp-image-59157\" alt=\"Colonia Vidal, Puig-reig, Barcelona\" srcset=\"https:\/\/www.elturistatranquil.com\/wp-content\/uploads\/F54-Colonia-Vidal-Puig-reig-Barcelona-Google-maps-2025-06-05.jpg 768w, https:\/\/www.elturistatranquil.com\/wp-content\/uploads\/F54-Colonia-Vidal-Puig-reig-Barcelona-Google-maps-2025-06-05-339x226.jpg 339w\" sizes=\"(max-width: 768px) 100vw, 768px\" \/>\t\t\t\t\t\t\t\t\t\t\t<figcaption class=\"widget-image-caption wp-caption-text\">Can Vidal: Zona residencial (Google maps 2025-06-15)<\/figcaption>\n\t\t\t\t\t\t\t\t\t\t<\/figure>\n\t\t\t\t\t\t\t\t\t<\/div>\n\t\t\t\t<\/div>\n\t\t\t\t<div class=\"elementor-element elementor-element-4366518 elementor-widget elementor-widget-text-editor\" data-id=\"4366518\" data-element_type=\"widget\" data-e-type=\"widget\" data-widget_type=\"text-editor.default\">\n\t\t\t\t<div class=\"elementor-widget-container\">\n\t\t\t\t\t\t\t\t\t<p>A l\u2019extrem nord de la Col\u00f2nia est\u00e0 situada la zona residencial i de serveis col\u00b7lectius, familiars i a les persones.<\/p><p>El primer que es constata es la gran extensi\u00f3 que ocupa aquesta zona residencial d\u2019una col\u00f2nia. En extensi\u00f3 m\u00e9s de la meitat de tota la Col\u00f2nia. Cal considerar que pr\u00e0cticament tots els treballador de la f\u00e0brica vivien a la Col\u00f2nia, que havia arribat a donar ocupaci\u00f3 entre 300 i 500 treballadors.<\/p><p>L\u2019element fonamental s\u00f3n els blocs d\u2019habitatges per a les fam\u00edlies dels treballadors: obrers, encarregats i majordoms. A llevant, els dos primers blocs (<strong>a<\/strong> i <strong>b<\/strong>) sobre el <strong>carrer Sant Ignasi<\/strong>. Els dos blocs seg\u00fcents (<strong>c<\/strong> i <strong>d<\/strong>) delimita els laterals de la <strong>pla\u00e7a de la Pur\u00edssima Concepci\u00f3<\/strong>. M\u00e9s a ponent un cinqu\u00e8 bloc paral\u00b7lel (<strong>e<\/strong>) per als majordoms i encarregats al <strong>carrer Santa Teresa<\/strong>. El sis\u00e8 i darrer bloc d\u2019habitatges (<strong>f<\/strong>), esta situat perpendicularment a tots els altres, seguint en <strong>carrer Sant Vicens<\/strong> que \u00e9s el carrer d\u2019entrada a la Col\u00f2nia des de la carretera i la estaci\u00f3.<\/p><p>La pla\u00e7a de la Pur\u00edssima Concepci\u00f3 queda tancada al sud per l\u2019edifici institucional de la <strong>Fundaci\u00f3 Vidal<\/strong> (<strong>9<\/strong>), amb el <strong>teatre-cinema<\/strong> (<strong>10<\/strong>) adossat al costat de ponent, i al nord per l\u2019<strong>esgl\u00e9sia de la Pur\u00edssima Concepci\u00f3<\/strong> (<strong>11<\/strong>).<\/p><p>Al lateral de llevant el <strong>carrer Sant Josep<\/strong>, on les edificacions acullen diversos serveis, com l\u2019<strong>economat-botiga<\/strong> (<strong>12<\/strong>) \u00a0o el convent de monges amb el <strong>Casal de la Dona i escola de noies<\/strong> (<strong>13<\/strong>)<\/p><p>Enfront, a la part posterior de l\u2019edifici de la Fundaci\u00f3 Vidal, s\u2019accedeix a la <strong>pista esportiva<\/strong> (<strong>14<\/strong>).<\/p><p>Per acabar aquesta descripci\u00f3 territorial gen\u00e8rica de la Col\u00f2nia, assenyalem l\u2019exist\u00e8ncia d\u2019una zona d\u2019<strong>horts<\/strong> (<strong>15<\/strong>) individuals per als treballadors situats darrere el bloc (<strong>a<\/strong>), en el pendent sobre el riu Llobregat.<\/p>\t\t\t\t\t\t\t\t<\/div>\n\t\t\t\t<\/div>\n\t\t\t\t<div class=\"elementor-element elementor-element-871223b elementor-widget elementor-widget-heading\" data-id=\"871223b\" data-element_type=\"widget\" data-e-type=\"widget\" data-widget_type=\"heading.default\">\n\t\t\t\t<div class=\"elementor-widget-container\">\n\t\t\t\t\t<h4 class=\"elementor-heading-title elementor-size-default\">Els habitatges dels treballadors<\/h4>\t\t\t\t<\/div>\n\t\t\t\t<\/div>\n\t\t\t\t<div class=\"elementor-element elementor-element-b843107 elementor-widget elementor-widget-text-editor\" data-id=\"b843107\" data-element_type=\"widget\" data-e-type=\"widget\" data-widget_type=\"text-editor.default\">\n\t\t\t\t<div class=\"elementor-widget-container\">\n\t\t\t\t\t\t\t\t\t<p>Els habitatges dels treballadors presenten una estructura urban\u00edstica funcional i jer\u00e0rquica segons la funci\u00f3 i el rang dins la f\u00e0brica: al centre els carrers amb les cases dels treballadors, i una mica m\u00e9s apartades, les resid\u00e8ncies dels empleats i t\u00e8cnics de m\u00e9s nivell.<\/p><p>Els habitatges s\u2019organitzen en fileres rectes i paral\u00b7leles, amb carrers ben tra\u00e7ats que permetien una circulaci\u00f3 flu\u00efda i controlada. Tot estava pensat per garantir una vida ordenada, segura i molt vinculada al ritme de la f\u00e0brica.<\/p><p>Les cases dels treballadors s\u00f3n un bon exemple d\u2019arquitectura industrial popular. Adossades i repetitives, aquestes construccions seguien criteris de simplicitat i funcionalitat: murs de ma\u00f3, coberta de teula corba i finestres modestes per\u00f2 eficients.<\/p><p>Tot i la seva senzillesa, aquests habitatges oferien unes condicions de vida relativament bones en comparaci\u00f3 amb els nuclis industrials urbans, on sovint es patien problemes d\u2019insalubritat i saturaci\u00f3.<\/p><p>L\u2019interior dels habitatges tamb\u00e9 reflectia l\u2019estructura social de la Col\u00f2nia. A mesura que augmentava el c\u00e0rrec dins de la f\u00e0brica, creixien tamb\u00e9 les dimensions i la qualitat de l\u2019habitatge.<\/p><p>Aquestes difer\u00e8ncies eren visibles i refor\u00e7aven una jerarquia que anava molt m\u00e9s enll\u00e0 del lloc de treball: es traslladava tamb\u00e9 a l\u2019espai dom\u00e8stic i al paisatge de la col\u00f2nia. Ja hem vist la casa de l\u2019amo y la del director.<\/p><p>Malgrat la aparent uniformitat estructural dels blocs i la seva distribuci\u00f3, aquesta uniformitat desapareix quan observem que l\u2019arquitectura i l\u2019ornamentaci\u00f3 de cada bloc es diferent, amb al\u00e7ades de dos i tres nivells.<\/p><p>Un altre caracter\u00edstica estructural es que tots el habitatges tenen totes les habitacions obertes a l\u2019exterior, de manera que en els dos casos de blocs que es donen l\u2019esquena, estan separats per un pas entre els blocs (<strong>a<\/strong>) i (<strong>b<\/strong>), i una zona enjardinada entres els (<strong>d<\/strong>) i (<strong>e<\/strong>).<\/p><p>En la seq\u00fcencia de fotografies seg\u00fcent es presenta un recorregut per tots els blocs.<\/p><p>El <strong>carrer Sant Ignasi<\/strong> (sant de l\u2019empresari) amb els blocs (<strong>a)<\/strong> i (<strong>b) <\/strong>situat a la zona de llevant, m\u00e9s propera al riu i als hosts, va ser el primer en construir-se.<\/p><p>En els dos blocs, de dos nivells, s\u2019intercalaren habitatges i els primers serveis: escola de nens, caf\u00e8 i fonda, carnisseria i barberia. A l\u2019extrem nord si va construir el primer teatre .<\/p><p>Els habitatges eren cases individuals de dos plantes adossades.<\/p>\t\t\t\t\t\t\t\t<\/div>\n\t\t\t\t<\/div>\n\t\t\t\t<div class=\"elementor-element elementor-element-a5aa092 elementor-widget elementor-widget-image\" data-id=\"a5aa092\" data-element_type=\"widget\" data-e-type=\"widget\" data-widget_type=\"image.default\">\n\t\t\t\t<div class=\"elementor-widget-container\">\n\t\t\t\t\t\t\t\t\t\t\t\t<figure class=\"wp-caption\">\n\t\t\t\t\t\t\t\t\t\t<img loading=\"lazy\" decoding=\"async\" width=\"768\" height=\"512\" src=\"https:\/\/www.elturistatranquil.com\/wp-content\/uploads\/F55-Colonia-Vidal-Puig-reig-Barcelona.jpg\" class=\"attachment-large size-large wp-image-59159\" alt=\"Colonia Vidal, Puig-reig, Barcelona\" srcset=\"https:\/\/www.elturistatranquil.com\/wp-content\/uploads\/F55-Colonia-Vidal-Puig-reig-Barcelona.jpg 768w, https:\/\/www.elturistatranquil.com\/wp-content\/uploads\/F55-Colonia-Vidal-Puig-reig-Barcelona-339x226.jpg 339w\" sizes=\"(max-width: 768px) 100vw, 768px\" \/>\t\t\t\t\t\t\t\t\t\t\t<figcaption class=\"widget-image-caption wp-caption-text\"><\/figcaption>\n\t\t\t\t\t\t\t\t\t\t<\/figure>\n\t\t\t\t\t\t\t\t\t<\/div>\n\t\t\t\t<\/div>\n\t\t\t\t<div class=\"elementor-element elementor-element-d28aa32 elementor-widget elementor-widget-image\" data-id=\"d28aa32\" data-element_type=\"widget\" data-e-type=\"widget\" data-widget_type=\"image.default\">\n\t\t\t\t<div class=\"elementor-widget-container\">\n\t\t\t\t\t\t\t\t\t\t\t\t<figure class=\"wp-caption\">\n\t\t\t\t\t\t\t\t\t\t<img loading=\"lazy\" decoding=\"async\" width=\"768\" height=\"512\" src=\"https:\/\/www.elturistatranquil.com\/wp-content\/uploads\/F56-Colonia-Vidal-Puig-reig-Barcelona.jpg\" class=\"attachment-large size-large wp-image-59164\" alt=\"Colonia Vidal, Puig-reig, Barcelona\" srcset=\"https:\/\/www.elturistatranquil.com\/wp-content\/uploads\/F56-Colonia-Vidal-Puig-reig-Barcelona.jpg 768w, https:\/\/www.elturistatranquil.com\/wp-content\/uploads\/F56-Colonia-Vidal-Puig-reig-Barcelona-339x226.jpg 339w\" sizes=\"(max-width: 768px) 100vw, 768px\" \/>\t\t\t\t\t\t\t\t\t\t\t<figcaption class=\"widget-image-caption wp-caption-text\"><\/figcaption>\n\t\t\t\t\t\t\t\t\t\t<\/figure>\n\t\t\t\t\t\t\t\t\t<\/div>\n\t\t\t\t<\/div>\n\t\t\t\t<div class=\"elementor-element elementor-element-8c2d388 elementor-widget elementor-widget-image\" data-id=\"8c2d388\" data-element_type=\"widget\" data-e-type=\"widget\" data-widget_type=\"image.default\">\n\t\t\t\t<div class=\"elementor-widget-container\">\n\t\t\t\t\t\t\t\t\t\t\t\t<figure class=\"wp-caption\">\n\t\t\t\t\t\t\t\t\t\t<img loading=\"lazy\" decoding=\"async\" width=\"768\" height=\"512\" src=\"https:\/\/www.elturistatranquil.com\/wp-content\/uploads\/F57-Colonia-Vidal-Puig-reig-Barcelona.jpg\" class=\"attachment-large size-large wp-image-59166\" alt=\"Colonia Vidal, Puig-reig, Barcelona\" srcset=\"https:\/\/www.elturistatranquil.com\/wp-content\/uploads\/F57-Colonia-Vidal-Puig-reig-Barcelona.jpg 768w, https:\/\/www.elturistatranquil.com\/wp-content\/uploads\/F57-Colonia-Vidal-Puig-reig-Barcelona-339x226.jpg 339w\" sizes=\"(max-width: 768px) 100vw, 768px\" \/>\t\t\t\t\t\t\t\t\t\t\t<figcaption class=\"widget-image-caption wp-caption-text\"><\/figcaption>\n\t\t\t\t\t\t\t\t\t\t<\/figure>\n\t\t\t\t\t\t\t\t\t<\/div>\n\t\t\t\t<\/div>\n\t\t\t\t<div class=\"elementor-element elementor-element-d5fb341 elementor-widget elementor-widget-text-editor\" data-id=\"d5fb341\" data-element_type=\"widget\" data-e-type=\"widget\" data-widget_type=\"text-editor.default\">\n\t\t\t\t<div class=\"elementor-widget-container\">\n\t\t\t\t\t\t\t\t\t<p>Els blocs contigus (<strong>b<\/strong>) i (<strong>c<\/strong>) estaven separats per un carrer\u00f3 al que donaven la zona de serveis de la casa: estenedor, latrina (comuna). D\u2019aquesta forma, totes les estances d\u2019una casa donaven a l\u2019exterior.<\/p>\t\t\t\t\t\t\t\t<\/div>\n\t\t\t\t<\/div>\n\t\t\t\t<div class=\"elementor-element elementor-element-ccc88a9 elementor-widget elementor-widget-image\" data-id=\"ccc88a9\" data-element_type=\"widget\" data-e-type=\"widget\" data-widget_type=\"image.default\">\n\t\t\t\t<div class=\"elementor-widget-container\">\n\t\t\t\t\t\t\t\t\t\t\t\t<figure class=\"wp-caption\">\n\t\t\t\t\t\t\t\t\t\t<img loading=\"lazy\" decoding=\"async\" width=\"768\" height=\"512\" src=\"https:\/\/www.elturistatranquil.com\/wp-content\/uploads\/F58-Colonia-Vidal-Puig-reig-Barcelona.jpg\" class=\"attachment-large size-large wp-image-59168\" alt=\"Colonia Vidal, Puig-reig, Barcelona\" srcset=\"https:\/\/www.elturistatranquil.com\/wp-content\/uploads\/F58-Colonia-Vidal-Puig-reig-Barcelona.jpg 768w, https:\/\/www.elturistatranquil.com\/wp-content\/uploads\/F58-Colonia-Vidal-Puig-reig-Barcelona-339x226.jpg 339w\" sizes=\"(max-width: 768px) 100vw, 768px\" \/>\t\t\t\t\t\t\t\t\t\t\t<figcaption class=\"widget-image-caption wp-caption-text\"><\/figcaption>\n\t\t\t\t\t\t\t\t\t\t<\/figure>\n\t\t\t\t\t\t\t\t\t<\/div>\n\t\t\t\t<\/div>\n\t\t\t\t<div class=\"elementor-element elementor-element-d3565c2 elementor-widget elementor-widget-text-editor\" data-id=\"d3565c2\" data-element_type=\"widget\" data-e-type=\"widget\" data-widget_type=\"text-editor.default\">\n\t\t\t\t<div class=\"elementor-widget-container\">\n\t\t\t\t\t\t\t\t\t<p>La <strong>pla\u00e7a de la Immaculada<\/strong> s&#8217;enquadra entre les fa\u00e7anes dels blocs (<strong>c<\/strong>) i (<strong>d<\/strong>).<\/p>\t\t\t\t\t\t\t\t<\/div>\n\t\t\t\t<\/div>\n\t\t\t\t<div class=\"elementor-element elementor-element-0468cb5 elementor-widget elementor-widget-image\" data-id=\"0468cb5\" data-element_type=\"widget\" data-e-type=\"widget\" data-widget_type=\"image.default\">\n\t\t\t\t<div class=\"elementor-widget-container\">\n\t\t\t\t\t\t\t\t\t\t\t\t<figure class=\"wp-caption\">\n\t\t\t\t\t\t\t\t\t\t<img loading=\"lazy\" decoding=\"async\" width=\"768\" height=\"512\" src=\"https:\/\/www.elturistatranquil.com\/wp-content\/uploads\/F60-Colonia-Vidal-Puig-reig-Barcelona.jpg\" class=\"attachment-large size-large wp-image-59170\" alt=\"Colonia Vidal, Puig-reig, Barcelona\" srcset=\"https:\/\/www.elturistatranquil.com\/wp-content\/uploads\/F60-Colonia-Vidal-Puig-reig-Barcelona.jpg 768w, https:\/\/www.elturistatranquil.com\/wp-content\/uploads\/F60-Colonia-Vidal-Puig-reig-Barcelona-339x226.jpg 339w\" sizes=\"(max-width: 768px) 100vw, 768px\" \/>\t\t\t\t\t\t\t\t\t\t\t<figcaption class=\"widget-image-caption wp-caption-text\"><\/figcaption>\n\t\t\t\t\t\t\t\t\t\t<\/figure>\n\t\t\t\t\t\t\t\t\t<\/div>\n\t\t\t\t<\/div>\n\t\t\t\t<div class=\"elementor-element elementor-element-208c571 elementor-widget elementor-widget-text-editor\" data-id=\"208c571\" data-element_type=\"widget\" data-e-type=\"widget\" data-widget_type=\"text-editor.default\">\n\t\t\t\t<div class=\"elementor-widget-container\">\n\t\t\t\t\t\t\t\t\t<p>El bloc (<strong>d<\/strong>) de l\u2019altre costat de la pla\u00e7a es de tres nivells. Aqu\u00ed els habitatges es distribueixen per pisos en cada una de les tres plantes als que si accedeix per una escala comuna.<\/p><p>Tamb\u00e9 si localitzaren alguns serveis, com les dutxes comunit\u00e0ries o l\u2019agencia de la Caixa d\u2019Estalvis.<\/p>\t\t\t\t\t\t\t\t<\/div>\n\t\t\t\t<\/div>\n\t\t\t\t<div class=\"elementor-element elementor-element-c11c709 elementor-widget elementor-widget-image\" data-id=\"c11c709\" data-element_type=\"widget\" data-e-type=\"widget\" data-widget_type=\"image.default\">\n\t\t\t\t<div class=\"elementor-widget-container\">\n\t\t\t\t\t\t\t\t\t\t\t\t<figure class=\"wp-caption\">\n\t\t\t\t\t\t\t\t\t\t<img loading=\"lazy\" decoding=\"async\" width=\"768\" height=\"512\" src=\"https:\/\/www.elturistatranquil.com\/wp-content\/uploads\/F61-Colonia-Vidal-Puig-reig-Barcelona.jpg\" class=\"attachment-large size-large wp-image-59172\" alt=\"Colonia Vidal, Puig-reig, Barcelona\" srcset=\"https:\/\/www.elturistatranquil.com\/wp-content\/uploads\/F61-Colonia-Vidal-Puig-reig-Barcelona.jpg 768w, https:\/\/www.elturistatranquil.com\/wp-content\/uploads\/F61-Colonia-Vidal-Puig-reig-Barcelona-339x226.jpg 339w\" sizes=\"(max-width: 768px) 100vw, 768px\" \/>\t\t\t\t\t\t\t\t\t\t\t<figcaption class=\"widget-image-caption wp-caption-text\"><\/figcaption>\n\t\t\t\t\t\t\t\t\t\t<\/figure>\n\t\t\t\t\t\t\t\t\t<\/div>\n\t\t\t\t<\/div>\n\t\t\t\t<div class=\"elementor-element elementor-element-89bfb2e elementor-widget elementor-widget-image\" data-id=\"89bfb2e\" data-element_type=\"widget\" data-e-type=\"widget\" data-widget_type=\"image.default\">\n\t\t\t\t<div class=\"elementor-widget-container\">\n\t\t\t\t\t\t\t\t\t\t\t\t<figure class=\"wp-caption\">\n\t\t\t\t\t\t\t\t\t\t<img loading=\"lazy\" decoding=\"async\" width=\"768\" height=\"511\" src=\"https:\/\/www.elturistatranquil.com\/wp-content\/uploads\/F62-Colonia-Vidal-Puig-reig-Barcelona.jpg\" class=\"attachment-large size-large wp-image-59177\" alt=\"Colonia Vidal, Puig-reig, Barcelona\" srcset=\"https:\/\/www.elturistatranquil.com\/wp-content\/uploads\/F62-Colonia-Vidal-Puig-reig-Barcelona.jpg 768w, https:\/\/www.elturistatranquil.com\/wp-content\/uploads\/F62-Colonia-Vidal-Puig-reig-Barcelona-339x226.jpg 339w\" sizes=\"(max-width: 768px) 100vw, 768px\" \/>\t\t\t\t\t\t\t\t\t\t\t<figcaption class=\"widget-image-caption wp-caption-text\"><\/figcaption>\n\t\t\t\t\t\t\t\t\t\t<\/figure>\n\t\t\t\t\t\t\t\t\t<\/div>\n\t\t\t\t<\/div>\n\t\t\t\t<div class=\"elementor-element elementor-element-35fbb05 elementor-widget elementor-widget-text-editor\" data-id=\"35fbb05\" data-element_type=\"widget\" data-e-type=\"widget\" data-widget_type=\"text-editor.default\">\n\t\t\t\t<div class=\"elementor-widget-container\">\n\t\t\t\t\t\t\t\t\t<p>Entre la part dels darrera dels blocs (<strong>d<\/strong>) i (<strong>e)<\/strong>, amb una ampla separaci\u00f3, s\u2019hi crea una zona de jard\u00ed.<\/p><p>Cal tenir en compte que el bloc (<strong>e<\/strong>) , amb nomes nou habitatges \u00e9s el de m\u00e9s categoria del poblat.<\/p>\t\t\t\t\t\t\t\t<\/div>\n\t\t\t\t<\/div>\n\t\t\t\t<div class=\"elementor-element elementor-element-129f891 elementor-widget elementor-widget-image\" data-id=\"129f891\" data-element_type=\"widget\" data-e-type=\"widget\" data-widget_type=\"image.default\">\n\t\t\t\t<div class=\"elementor-widget-container\">\n\t\t\t\t\t\t\t\t\t\t\t\t<figure class=\"wp-caption\">\n\t\t\t\t\t\t\t\t\t\t<img loading=\"lazy\" decoding=\"async\" width=\"768\" height=\"511\" src=\"https:\/\/www.elturistatranquil.com\/wp-content\/uploads\/F63-Colonia-Vidal-Puig-reig-Barcelona.jpg\" class=\"attachment-large size-large wp-image-59179\" alt=\"Colonia Vidal, Puig-reig, Barcelona\" srcset=\"https:\/\/www.elturistatranquil.com\/wp-content\/uploads\/F63-Colonia-Vidal-Puig-reig-Barcelona.jpg 768w, https:\/\/www.elturistatranquil.com\/wp-content\/uploads\/F63-Colonia-Vidal-Puig-reig-Barcelona-339x226.jpg 339w\" sizes=\"(max-width: 768px) 100vw, 768px\" \/>\t\t\t\t\t\t\t\t\t\t\t<figcaption class=\"widget-image-caption wp-caption-text\"><\/figcaption>\n\t\t\t\t\t\t\t\t\t\t<\/figure>\n\t\t\t\t\t\t\t\t\t<\/div>\n\t\t\t\t<\/div>\n\t\t\t\t<div class=\"elementor-element elementor-element-859f401 elementor-widget elementor-widget-text-editor\" data-id=\"859f401\" data-element_type=\"widget\" data-e-type=\"widget\" data-widget_type=\"text-editor.default\">\n\t\t\t\t<div class=\"elementor-widget-container\">\n\t\t\t\t\t\t\t\t\t<p>El bloc (<strong>e<\/strong>), al <strong>carrer de Santa Teresa<\/strong>, amb nom\u00e9s sis habitatges de majors dimensions, estava destinat als majordoms i encarregats.<\/p>\t\t\t\t\t\t\t\t<\/div>\n\t\t\t\t<\/div>\n\t\t\t\t<div class=\"elementor-element elementor-element-4204ced elementor-widget elementor-widget-image\" data-id=\"4204ced\" data-element_type=\"widget\" data-e-type=\"widget\" data-widget_type=\"image.default\">\n\t\t\t\t<div class=\"elementor-widget-container\">\n\t\t\t\t\t\t\t\t\t\t\t\t<figure class=\"wp-caption\">\n\t\t\t\t\t\t\t\t\t\t<img loading=\"lazy\" decoding=\"async\" width=\"768\" height=\"511\" src=\"https:\/\/www.elturistatranquil.com\/wp-content\/uploads\/F64-Colonia-Vidal-Puig-reig-Barcelona.jpg\" class=\"attachment-large size-large wp-image-59181\" alt=\"Colonia Vidal, Puig-reig, Barcelona\" srcset=\"https:\/\/www.elturistatranquil.com\/wp-content\/uploads\/F64-Colonia-Vidal-Puig-reig-Barcelona.jpg 768w, https:\/\/www.elturistatranquil.com\/wp-content\/uploads\/F64-Colonia-Vidal-Puig-reig-Barcelona-339x226.jpg 339w\" sizes=\"(max-width: 768px) 100vw, 768px\" \/>\t\t\t\t\t\t\t\t\t\t\t<figcaption class=\"widget-image-caption wp-caption-text\"><\/figcaption>\n\t\t\t\t\t\t\t\t\t\t<\/figure>\n\t\t\t\t\t\t\t\t\t<\/div>\n\t\t\t\t<\/div>\n\t\t\t\t<div class=\"elementor-element elementor-element-d420fd2 elementor-widget elementor-widget-image\" data-id=\"d420fd2\" data-element_type=\"widget\" data-e-type=\"widget\" data-widget_type=\"image.default\">\n\t\t\t\t<div class=\"elementor-widget-container\">\n\t\t\t\t\t\t\t\t\t\t\t\t<figure class=\"wp-caption\">\n\t\t\t\t\t\t\t\t\t\t<img loading=\"lazy\" decoding=\"async\" width=\"768\" height=\"511\" src=\"https:\/\/www.elturistatranquil.com\/wp-content\/uploads\/F65-Colonia-Vidal-Puig-reig-Barcelona.jpg\" class=\"attachment-large size-large wp-image-59183\" alt=\"Colonia Vidal, Puig-reig, Barcelona\" srcset=\"https:\/\/www.elturistatranquil.com\/wp-content\/uploads\/F65-Colonia-Vidal-Puig-reig-Barcelona.jpg 768w, https:\/\/www.elturistatranquil.com\/wp-content\/uploads\/F65-Colonia-Vidal-Puig-reig-Barcelona-339x226.jpg 339w\" sizes=\"(max-width: 768px) 100vw, 768px\" \/>\t\t\t\t\t\t\t\t\t\t\t<figcaption class=\"widget-image-caption wp-caption-text\"><\/figcaption>\n\t\t\t\t\t\t\t\t\t\t<\/figure>\n\t\t\t\t\t\t\t\t\t<\/div>\n\t\t\t\t<\/div>\n\t\t\t\t<div class=\"elementor-element elementor-element-894200a elementor-widget elementor-widget-text-editor\" data-id=\"894200a\" data-element_type=\"widget\" data-e-type=\"widget\" data-widget_type=\"text-editor.default\">\n\t\t\t\t<div class=\"elementor-widget-container\">\n\t\t\t\t\t\t\t\t\t<p>A l\u2019entrada al recinte de la Col\u00f2nia pel <strong>carrer Sant Vicens<\/strong>, al costat dret, situat de forma perpendicular al resta de tots els altres blocs de la Col\u00f2nia, es troba el bloc (<strong>f<\/strong>), de dos nivells amb les cases en planta.<\/p>\t\t\t\t\t\t\t\t<\/div>\n\t\t\t\t<\/div>\n\t\t\t\t<div class=\"elementor-element elementor-element-3a274e8 elementor-widget elementor-widget-image\" data-id=\"3a274e8\" data-element_type=\"widget\" data-e-type=\"widget\" data-widget_type=\"image.default\">\n\t\t\t\t<div class=\"elementor-widget-container\">\n\t\t\t\t\t\t\t\t\t\t\t\t<figure class=\"wp-caption\">\n\t\t\t\t\t\t\t\t\t\t<img loading=\"lazy\" decoding=\"async\" width=\"768\" height=\"512\" src=\"https:\/\/www.elturistatranquil.com\/wp-content\/uploads\/F66-Colonia-Vidal-Puig-reig-Barcelona.jpg\" class=\"attachment-large size-large wp-image-59185\" alt=\"Colonia Vidal, Puig-reig, Barcelona\" srcset=\"https:\/\/www.elturistatranquil.com\/wp-content\/uploads\/F66-Colonia-Vidal-Puig-reig-Barcelona.jpg 768w, https:\/\/www.elturistatranquil.com\/wp-content\/uploads\/F66-Colonia-Vidal-Puig-reig-Barcelona-339x226.jpg 339w\" sizes=\"(max-width: 768px) 100vw, 768px\" \/>\t\t\t\t\t\t\t\t\t\t\t<figcaption class=\"widget-image-caption wp-caption-text\"><\/figcaption>\n\t\t\t\t\t\t\t\t\t\t<\/figure>\n\t\t\t\t\t\t\t\t\t<\/div>\n\t\t\t\t<\/div>\n\t\t\t\t<div class=\"elementor-element elementor-element-9a20332 elementor-widget elementor-widget-image\" data-id=\"9a20332\" data-element_type=\"widget\" data-e-type=\"widget\" data-widget_type=\"image.default\">\n\t\t\t\t<div class=\"elementor-widget-container\">\n\t\t\t\t\t\t\t\t\t\t\t\t<figure class=\"wp-caption\">\n\t\t\t\t\t\t\t\t\t\t<img loading=\"lazy\" decoding=\"async\" width=\"768\" height=\"512\" src=\"https:\/\/www.elturistatranquil.com\/wp-content\/uploads\/F67-Colonia-Vidal-Puig-reig-Barcelona.jpg\" class=\"attachment-large size-large wp-image-59187\" alt=\"Colonia Vidal, Puig-reig, Barcelona\" srcset=\"https:\/\/www.elturistatranquil.com\/wp-content\/uploads\/F67-Colonia-Vidal-Puig-reig-Barcelona.jpg 768w, https:\/\/www.elturistatranquil.com\/wp-content\/uploads\/F67-Colonia-Vidal-Puig-reig-Barcelona-339x226.jpg 339w\" sizes=\"(max-width: 768px) 100vw, 768px\" \/>\t\t\t\t\t\t\t\t\t\t\t<figcaption class=\"widget-image-caption wp-caption-text\"><\/figcaption>\n\t\t\t\t\t\t\t\t\t\t<\/figure>\n\t\t\t\t\t\t\t\t\t<\/div>\n\t\t\t\t<\/div>\n\t\t\t\t<div class=\"elementor-element elementor-element-17ec788 elementor-widget elementor-widget-image\" data-id=\"17ec788\" data-element_type=\"widget\" data-e-type=\"widget\" data-widget_type=\"image.default\">\n\t\t\t\t<div class=\"elementor-widget-container\">\n\t\t\t\t\t\t\t\t\t\t\t\t<figure class=\"wp-caption\">\n\t\t\t\t\t\t\t\t\t\t<img loading=\"lazy\" decoding=\"async\" width=\"768\" height=\"511\" src=\"https:\/\/www.elturistatranquil.com\/wp-content\/uploads\/F68-Colonia-Vidal-Puig-reig-Barcelona.jpg\" class=\"attachment-large size-large wp-image-59192\" alt=\"Colonia Vidal, Puig-reig, Barcelona\" srcset=\"https:\/\/www.elturistatranquil.com\/wp-content\/uploads\/F68-Colonia-Vidal-Puig-reig-Barcelona.jpg 768w, https:\/\/www.elturistatranquil.com\/wp-content\/uploads\/F68-Colonia-Vidal-Puig-reig-Barcelona-339x226.jpg 339w\" sizes=\"(max-width: 768px) 100vw, 768px\" \/>\t\t\t\t\t\t\t\t\t\t\t<figcaption class=\"widget-image-caption wp-caption-text\"><\/figcaption>\n\t\t\t\t\t\t\t\t\t\t<\/figure>\n\t\t\t\t\t\t\t\t\t<\/div>\n\t\t\t\t<\/div>\n\t\t\t\t<div class=\"elementor-element elementor-element-8a7621d elementor-widget elementor-widget-heading\" data-id=\"8a7621d\" data-element_type=\"widget\" data-e-type=\"widget\" data-widget_type=\"heading.default\">\n\t\t\t\t<div class=\"elementor-widget-container\">\n\t\t\t\t\t<h4 class=\"elementor-heading-title elementor-size-default\">Una casa obrera<\/h4>\t\t\t\t<\/div>\n\t\t\t\t<\/div>\n\t\t\t\t<div class=\"elementor-element elementor-element-78011a5 elementor-widget elementor-widget-text-editor\" data-id=\"78011a5\" data-element_type=\"widget\" data-e-type=\"widget\" data-widget_type=\"text-editor.default\">\n\t\t\t\t<div class=\"elementor-widget-container\">\n\t\t\t\t\t\t\t\t\t<p>S\u2019ha museal\u00eftzat un dels habitatges per oferir una imatge de les condicions de vida d\u2019una fam\u00edlia obrera.<\/p><p>Normalment, es tractava d\u2019habitatges d\u2019una o dues plantes, amb espais redu\u00efts, per\u00f2 ben aprofitats: una cuina, un petit menjador, tres habitacions i una terrassa amb la comuna a la part posterior. En alguns habitatges, com el que es mostra, posteriorment s\u2019hi van introduir reformes, de manera que van tancar la terrassa, van incorporar un safareig particular i van reconvertir la comuna en un quarto de dutxa.<\/p><p>Aquest habitatge obrer el podem veure a les fotos seg\u00fcents. Es un dels habitatges en planta del bloc (<strong>d<\/strong>), amb escala comuna d\u2019acc\u00e9s.<\/p>\t\t\t\t\t\t\t\t<\/div>\n\t\t\t\t<\/div>\n\t\t\t\t<div class=\"elementor-element elementor-element-a785649 elementor-widget elementor-widget-image\" data-id=\"a785649\" data-element_type=\"widget\" data-e-type=\"widget\" data-widget_type=\"image.default\">\n\t\t\t\t<div class=\"elementor-widget-container\">\n\t\t\t\t\t\t\t\t\t\t\t\t<figure class=\"wp-caption\">\n\t\t\t\t\t\t\t\t\t\t<img loading=\"lazy\" decoding=\"async\" width=\"768\" height=\"512\" src=\"https:\/\/www.elturistatranquil.com\/wp-content\/uploads\/F69-Colonia-Vidal-Puig-reig-Barcelona.jpg\" class=\"attachment-large size-large wp-image-59194\" alt=\"Colonia Vidal, Puig-reig, Barcelona\" srcset=\"https:\/\/www.elturistatranquil.com\/wp-content\/uploads\/F69-Colonia-Vidal-Puig-reig-Barcelona.jpg 768w, https:\/\/www.elturistatranquil.com\/wp-content\/uploads\/F69-Colonia-Vidal-Puig-reig-Barcelona-339x226.jpg 339w\" sizes=\"(max-width: 768px) 100vw, 768px\" \/>\t\t\t\t\t\t\t\t\t\t\t<figcaption class=\"widget-image-caption wp-caption-text\"><\/figcaption>\n\t\t\t\t\t\t\t\t\t\t<\/figure>\n\t\t\t\t\t\t\t\t\t<\/div>\n\t\t\t\t<\/div>\n\t\t\t\t<div class=\"elementor-element elementor-element-5a798e6 elementor-widget elementor-widget-text-editor\" data-id=\"5a798e6\" data-element_type=\"widget\" data-e-type=\"widget\" data-widget_type=\"text-editor.default\">\n\t\t\t\t<div class=\"elementor-widget-container\">\n\t\t\t\t\t\t\t\t\t<p>El passad\u00eds d\u2019entrada amb una cambra per banda.<\/p>\t\t\t\t\t\t\t\t<\/div>\n\t\t\t\t<\/div>\n\t\t\t\t<div class=\"elementor-element elementor-element-ba87637 elementor-widget elementor-widget-image\" data-id=\"ba87637\" data-element_type=\"widget\" data-e-type=\"widget\" data-widget_type=\"image.default\">\n\t\t\t\t<div class=\"elementor-widget-container\">\n\t\t\t\t\t\t\t\t\t\t\t\t<figure class=\"wp-caption\">\n\t\t\t\t\t\t\t\t\t\t<img loading=\"lazy\" decoding=\"async\" width=\"768\" height=\"512\" src=\"https:\/\/www.elturistatranquil.com\/wp-content\/uploads\/F70-Colonia-Vidal-Puig-reig-Barcelona.jpg\" class=\"attachment-large size-large wp-image-59196\" alt=\"Colonia Vidal, Puig-reig, Barcelona\" srcset=\"https:\/\/www.elturistatranquil.com\/wp-content\/uploads\/F70-Colonia-Vidal-Puig-reig-Barcelona.jpg 768w, https:\/\/www.elturistatranquil.com\/wp-content\/uploads\/F70-Colonia-Vidal-Puig-reig-Barcelona-339x226.jpg 339w\" sizes=\"(max-width: 768px) 100vw, 768px\" \/>\t\t\t\t\t\t\t\t\t\t\t<figcaption class=\"widget-image-caption wp-caption-text\"><\/figcaption>\n\t\t\t\t\t\t\t\t\t\t<\/figure>\n\t\t\t\t\t\t\t\t\t<\/div>\n\t\t\t\t<\/div>\n\t\t\t\t<div class=\"elementor-element elementor-element-1ed31f9 elementor-widget elementor-widget-text-editor\" data-id=\"1ed31f9\" data-element_type=\"widget\" data-e-type=\"widget\" data-widget_type=\"text-editor.default\">\n\t\t\t\t<div class=\"elementor-widget-container\">\n\t\t\t\t\t\t\t\t\t<p>Al fons del passad\u00eds el menjador obert a la terrassa posterior. En aquest cas tancada amb vidrieres per la reforma.<\/p><p>Al costat esquerra la tercera cambra, i a la dreta la cuina.<\/p>\t\t\t\t\t\t\t\t<\/div>\n\t\t\t\t<\/div>\n\t\t\t\t<div class=\"elementor-element elementor-element-f6482bd elementor-widget elementor-widget-image\" data-id=\"f6482bd\" data-element_type=\"widget\" data-e-type=\"widget\" data-widget_type=\"image.default\">\n\t\t\t\t<div class=\"elementor-widget-container\">\n\t\t\t\t\t\t\t\t\t\t\t\t<figure class=\"wp-caption\">\n\t\t\t\t\t\t\t\t\t\t<img loading=\"lazy\" decoding=\"async\" width=\"768\" height=\"512\" src=\"https:\/\/www.elturistatranquil.com\/wp-content\/uploads\/F71-Colonia-Vidal-Puig-reig-Barcelona.jpg\" class=\"attachment-large size-large wp-image-59198\" alt=\"Colonia Vidal, Puig-reig, Barcelona\" srcset=\"https:\/\/www.elturistatranquil.com\/wp-content\/uploads\/F71-Colonia-Vidal-Puig-reig-Barcelona.jpg 768w, https:\/\/www.elturistatranquil.com\/wp-content\/uploads\/F71-Colonia-Vidal-Puig-reig-Barcelona-339x226.jpg 339w\" sizes=\"(max-width: 768px) 100vw, 768px\" \/>\t\t\t\t\t\t\t\t\t\t\t<figcaption class=\"widget-image-caption wp-caption-text\"><\/figcaption>\n\t\t\t\t\t\t\t\t\t\t<\/figure>\n\t\t\t\t\t\t\t\t\t<\/div>\n\t\t\t\t<\/div>\n\t\t\t\t<div class=\"elementor-element elementor-element-af78fc2 elementor-widget elementor-widget-text-editor\" data-id=\"af78fc2\" data-element_type=\"widget\" data-e-type=\"widget\" data-widget_type=\"text-editor.default\">\n\t\t\t\t<div class=\"elementor-widget-container\">\n\t\t\t\t\t\t\t\t\t<p>La cuina elemental amb foc de llenya i pica.<\/p>\t\t\t\t\t\t\t\t<\/div>\n\t\t\t\t<\/div>\n\t\t\t\t<div class=\"elementor-element elementor-element-deb80a6 elementor-widget elementor-widget-image\" data-id=\"deb80a6\" data-element_type=\"widget\" data-e-type=\"widget\" data-widget_type=\"image.default\">\n\t\t\t\t<div class=\"elementor-widget-container\">\n\t\t\t\t\t\t\t\t\t\t\t\t<figure class=\"wp-caption\">\n\t\t\t\t\t\t\t\t\t\t<img loading=\"lazy\" decoding=\"async\" width=\"768\" height=\"512\" src=\"https:\/\/www.elturistatranquil.com\/wp-content\/uploads\/F72-Colonia-Vidal-Puig-reig-Barcelona.jpg\" class=\"attachment-large size-large wp-image-59200\" alt=\"Colonia Vidal, Puig-reig, Barcelona\" srcset=\"https:\/\/www.elturistatranquil.com\/wp-content\/uploads\/F72-Colonia-Vidal-Puig-reig-Barcelona.jpg 768w, https:\/\/www.elturistatranquil.com\/wp-content\/uploads\/F72-Colonia-Vidal-Puig-reig-Barcelona-339x226.jpg 339w\" sizes=\"(max-width: 768px) 100vw, 768px\" \/>\t\t\t\t\t\t\t\t\t\t\t<figcaption class=\"widget-image-caption wp-caption-text\"><\/figcaption>\n\t\t\t\t\t\t\t\t\t\t<\/figure>\n\t\t\t\t\t\t\t\t\t<\/div>\n\t\t\t\t<\/div>\n\t\t\t\t<div class=\"elementor-element elementor-element-51b9dc1 elementor-widget elementor-widget-text-editor\" data-id=\"51b9dc1\" data-element_type=\"widget\" data-e-type=\"widget\" data-widget_type=\"text-editor.default\">\n\t\t\t\t<div class=\"elementor-widget-container\">\n\t\t\t\t\t\t\t\t\t<p>Al menjador, un sota escala fa de rebost.<\/p>\t\t\t\t\t\t\t\t<\/div>\n\t\t\t\t<\/div>\n\t\t\t\t<div class=\"elementor-element elementor-element-baaabc1 elementor-widget elementor-widget-image\" data-id=\"baaabc1\" data-element_type=\"widget\" data-e-type=\"widget\" data-widget_type=\"image.default\">\n\t\t\t\t<div class=\"elementor-widget-container\">\n\t\t\t\t\t\t\t\t\t\t\t\t<figure class=\"wp-caption\">\n\t\t\t\t\t\t\t\t\t\t<img loading=\"lazy\" decoding=\"async\" width=\"768\" height=\"512\" src=\"https:\/\/www.elturistatranquil.com\/wp-content\/uploads\/F73-Colonia-Vidal-Puig-reig-Barcelona.jpg\" class=\"attachment-large size-large wp-image-59205\" alt=\"Colonia Vidal, Puig-reig, Barcelona\" srcset=\"https:\/\/www.elturistatranquil.com\/wp-content\/uploads\/F73-Colonia-Vidal-Puig-reig-Barcelona.jpg 768w, https:\/\/www.elturistatranquil.com\/wp-content\/uploads\/F73-Colonia-Vidal-Puig-reig-Barcelona-339x226.jpg 339w\" sizes=\"(max-width: 768px) 100vw, 768px\" \/>\t\t\t\t\t\t\t\t\t\t\t<figcaption class=\"widget-image-caption wp-caption-text\"><\/figcaption>\n\t\t\t\t\t\t\t\t\t\t<\/figure>\n\t\t\t\t\t\t\t\t\t<\/div>\n\t\t\t\t<\/div>\n\t\t\t\t<div class=\"elementor-element elementor-element-cbb9432 elementor-widget elementor-widget-text-editor\" data-id=\"cbb9432\" data-element_type=\"widget\" data-e-type=\"widget\" data-widget_type=\"text-editor.default\">\n\t\t\t\t<div class=\"elementor-widget-container\">\n\t\t\t\t\t\t\t\t\t<p>Vista de les tres cambres.<\/p>\t\t\t\t\t\t\t\t<\/div>\n\t\t\t\t<\/div>\n\t\t\t\t<div class=\"elementor-element elementor-element-8d32e0f elementor-widget elementor-widget-image\" data-id=\"8d32e0f\" data-element_type=\"widget\" data-e-type=\"widget\" data-widget_type=\"image.default\">\n\t\t\t\t<div class=\"elementor-widget-container\">\n\t\t\t\t\t\t\t\t\t\t\t\t<figure class=\"wp-caption\">\n\t\t\t\t\t\t\t\t\t\t<img loading=\"lazy\" decoding=\"async\" width=\"768\" height=\"512\" src=\"https:\/\/www.elturistatranquil.com\/wp-content\/uploads\/F74-Colonia-Vidal-Puig-reig-Barcelona.jpg\" class=\"attachment-large size-large wp-image-59207\" alt=\"Colonia Vidal, Puig-reig, Barcelona\" srcset=\"https:\/\/www.elturistatranquil.com\/wp-content\/uploads\/F74-Colonia-Vidal-Puig-reig-Barcelona.jpg 768w, https:\/\/www.elturistatranquil.com\/wp-content\/uploads\/F74-Colonia-Vidal-Puig-reig-Barcelona-339x226.jpg 339w\" sizes=\"(max-width: 768px) 100vw, 768px\" \/>\t\t\t\t\t\t\t\t\t\t\t<figcaption class=\"widget-image-caption wp-caption-text\"><\/figcaption>\n\t\t\t\t\t\t\t\t\t\t<\/figure>\n\t\t\t\t\t\t\t\t\t<\/div>\n\t\t\t\t<\/div>\n\t\t\t\t<div class=\"elementor-element elementor-element-87afd81 elementor-widget elementor-widget-image\" data-id=\"87afd81\" data-element_type=\"widget\" data-e-type=\"widget\" data-widget_type=\"image.default\">\n\t\t\t\t<div class=\"elementor-widget-container\">\n\t\t\t\t\t\t\t\t\t\t\t\t<figure class=\"wp-caption\">\n\t\t\t\t\t\t\t\t\t\t<img loading=\"lazy\" decoding=\"async\" width=\"768\" height=\"512\" src=\"https:\/\/www.elturistatranquil.com\/wp-content\/uploads\/F75-Colonia-Vidal-Puig-reig-Barcelona.jpg\" class=\"attachment-large size-large wp-image-59209\" alt=\"Colonia Vidal, Puig-reig, Barcelona\" srcset=\"https:\/\/www.elturistatranquil.com\/wp-content\/uploads\/F75-Colonia-Vidal-Puig-reig-Barcelona.jpg 768w, https:\/\/www.elturistatranquil.com\/wp-content\/uploads\/F75-Colonia-Vidal-Puig-reig-Barcelona-339x226.jpg 339w\" sizes=\"(max-width: 768px) 100vw, 768px\" \/>\t\t\t\t\t\t\t\t\t\t\t<figcaption class=\"widget-image-caption wp-caption-text\"><\/figcaption>\n\t\t\t\t\t\t\t\t\t\t<\/figure>\n\t\t\t\t\t\t\t\t\t<\/div>\n\t\t\t\t<\/div>\n\t\t\t\t<div class=\"elementor-element elementor-element-9e67c92 elementor-widget elementor-widget-image\" data-id=\"9e67c92\" data-element_type=\"widget\" data-e-type=\"widget\" data-widget_type=\"image.default\">\n\t\t\t\t<div class=\"elementor-widget-container\">\n\t\t\t\t\t\t\t\t\t\t\t\t<figure class=\"wp-caption\">\n\t\t\t\t\t\t\t\t\t\t<img loading=\"lazy\" decoding=\"async\" width=\"768\" height=\"512\" src=\"https:\/\/www.elturistatranquil.com\/wp-content\/uploads\/F76-Colonia-Vidal-Puig-reig-Barcelona.jpg\" class=\"attachment-large size-large wp-image-59211\" alt=\"Colonia Vidal, Puig-reig, Barcelona\" srcset=\"https:\/\/www.elturistatranquil.com\/wp-content\/uploads\/F76-Colonia-Vidal-Puig-reig-Barcelona.jpg 768w, https:\/\/www.elturistatranquil.com\/wp-content\/uploads\/F76-Colonia-Vidal-Puig-reig-Barcelona-339x226.jpg 339w\" sizes=\"(max-width: 768px) 100vw, 768px\" \/>\t\t\t\t\t\t\t\t\t\t\t<figcaption class=\"widget-image-caption wp-caption-text\"><\/figcaption>\n\t\t\t\t\t\t\t\t\t\t<\/figure>\n\t\t\t\t\t\t\t\t\t<\/div>\n\t\t\t\t<\/div>\n\t\t\t\t<div class=\"elementor-element elementor-element-46fb9cf elementor-widget elementor-widget-image\" data-id=\"46fb9cf\" data-element_type=\"widget\" data-e-type=\"widget\" data-widget_type=\"image.default\">\n\t\t\t\t<div class=\"elementor-widget-container\">\n\t\t\t\t\t\t\t\t\t\t\t\t<figure class=\"wp-caption\">\n\t\t\t\t\t\t\t\t\t\t<img loading=\"lazy\" decoding=\"async\" width=\"768\" height=\"512\" src=\"https:\/\/www.elturistatranquil.com\/wp-content\/uploads\/F77-Colonia-Vidal-Puig-reig-Barcelona.jpg\" class=\"attachment-large size-large wp-image-59213\" alt=\"Colonia Vidal, Puig-reig, Barcelona\" srcset=\"https:\/\/www.elturistatranquil.com\/wp-content\/uploads\/F77-Colonia-Vidal-Puig-reig-Barcelona.jpg 768w, https:\/\/www.elturistatranquil.com\/wp-content\/uploads\/F77-Colonia-Vidal-Puig-reig-Barcelona-339x226.jpg 339w\" sizes=\"(max-width: 768px) 100vw, 768px\" \/>\t\t\t\t\t\t\t\t\t\t\t<figcaption class=\"widget-image-caption wp-caption-text\"><\/figcaption>\n\t\t\t\t\t\t\t\t\t\t<\/figure>\n\t\t\t\t\t\t\t\t\t<\/div>\n\t\t\t\t<\/div>\n\t\t\t\t<div class=\"elementor-element elementor-element-f003cee elementor-widget elementor-widget-image\" data-id=\"f003cee\" data-element_type=\"widget\" data-e-type=\"widget\" data-widget_type=\"image.default\">\n\t\t\t\t<div class=\"elementor-widget-container\">\n\t\t\t\t\t\t\t\t\t\t\t\t<figure class=\"wp-caption\">\n\t\t\t\t\t\t\t\t\t\t<img loading=\"lazy\" decoding=\"async\" width=\"768\" height=\"512\" src=\"https:\/\/www.elturistatranquil.com\/wp-content\/uploads\/F78-Colonia-Vidal-Puig-reig-Barcelona.jpg\" class=\"attachment-large size-large wp-image-59218\" alt=\"Colonia Vidal, Puig-reig, Barcelona\" srcset=\"https:\/\/www.elturistatranquil.com\/wp-content\/uploads\/F78-Colonia-Vidal-Puig-reig-Barcelona.jpg 768w, https:\/\/www.elturistatranquil.com\/wp-content\/uploads\/F78-Colonia-Vidal-Puig-reig-Barcelona-339x226.jpg 339w\" sizes=\"(max-width: 768px) 100vw, 768px\" \/>\t\t\t\t\t\t\t\t\t\t\t<figcaption class=\"widget-image-caption wp-caption-text\"><\/figcaption>\n\t\t\t\t\t\t\t\t\t\t<\/figure>\n\t\t\t\t\t\t\t\t\t<\/div>\n\t\t\t\t<\/div>\n\t\t\t\t<div class=\"elementor-element elementor-element-b0a0ad3 elementor-widget elementor-widget-text-editor\" data-id=\"b0a0ad3\" data-element_type=\"widget\" data-e-type=\"widget\" data-widget_type=\"text-editor.default\">\n\t\t\t\t<div class=\"elementor-widget-container\">\n\t\t\t\t\t\t\t\t\t<p>El safareig individual a un costat de la terrassa.<\/p>\t\t\t\t\t\t\t\t<\/div>\n\t\t\t\t<\/div>\n\t\t\t\t<div class=\"elementor-element elementor-element-249a799 elementor-widget elementor-widget-image\" data-id=\"249a799\" data-element_type=\"widget\" data-e-type=\"widget\" data-widget_type=\"image.default\">\n\t\t\t\t<div class=\"elementor-widget-container\">\n\t\t\t\t\t\t\t\t\t\t\t\t<figure class=\"wp-caption\">\n\t\t\t\t\t\t\t\t\t\t<img loading=\"lazy\" decoding=\"async\" width=\"768\" height=\"512\" src=\"https:\/\/www.elturistatranquil.com\/wp-content\/uploads\/F79-Colonia-Vidal-Puig-reig-Barcelona.jpg\" class=\"attachment-large size-large wp-image-59220\" alt=\"Colonia Vidal, Puig-reig, Barcelona\" srcset=\"https:\/\/www.elturistatranquil.com\/wp-content\/uploads\/F79-Colonia-Vidal-Puig-reig-Barcelona.jpg 768w, https:\/\/www.elturistatranquil.com\/wp-content\/uploads\/F79-Colonia-Vidal-Puig-reig-Barcelona-339x226.jpg 339w\" sizes=\"(max-width: 768px) 100vw, 768px\" \/>\t\t\t\t\t\t\t\t\t\t\t<figcaption class=\"widget-image-caption wp-caption-text\"><\/figcaption>\n\t\t\t\t\t\t\t\t\t\t<\/figure>\n\t\t\t\t\t\t\t\t\t<\/div>\n\t\t\t\t<\/div>\n\t\t\t\t<div class=\"elementor-element elementor-element-6155e28 elementor-widget elementor-widget-text-editor\" data-id=\"6155e28\" data-element_type=\"widget\" data-e-type=\"widget\" data-widget_type=\"text-editor.default\">\n\t\t\t\t<div class=\"elementor-widget-container\">\n\t\t\t\t\t\t\t\t\t<p>I la reconversi\u00f3 de la comuna en quarto de dutxa individual.<\/p>\t\t\t\t\t\t\t\t<\/div>\n\t\t\t\t<\/div>\n\t\t\t\t<div class=\"elementor-element elementor-element-8460b06 elementor-widget elementor-widget-image\" data-id=\"8460b06\" data-element_type=\"widget\" data-e-type=\"widget\" data-widget_type=\"image.default\">\n\t\t\t\t<div class=\"elementor-widget-container\">\n\t\t\t\t\t\t\t\t\t\t\t\t<figure class=\"wp-caption\">\n\t\t\t\t\t\t\t\t\t\t<img loading=\"lazy\" decoding=\"async\" width=\"768\" height=\"512\" src=\"https:\/\/www.elturistatranquil.com\/wp-content\/uploads\/F80-Colonia-Vidal-Puig-reig-Barcelona.jpg\" class=\"attachment-large size-large wp-image-59222\" alt=\"Colonia Vidal, Puig-reig, Barcelona\" srcset=\"https:\/\/www.elturistatranquil.com\/wp-content\/uploads\/F80-Colonia-Vidal-Puig-reig-Barcelona.jpg 768w, https:\/\/www.elturistatranquil.com\/wp-content\/uploads\/F80-Colonia-Vidal-Puig-reig-Barcelona-339x226.jpg 339w\" sizes=\"(max-width: 768px) 100vw, 768px\" \/>\t\t\t\t\t\t\t\t\t\t\t<figcaption class=\"widget-image-caption wp-caption-text\"><\/figcaption>\n\t\t\t\t\t\t\t\t\t\t<\/figure>\n\t\t\t\t\t\t\t\t\t<\/div>\n\t\t\t\t<\/div>\n\t\t\t\t<div class=\"elementor-element elementor-element-850b570 elementor-widget elementor-widget-text-editor\" data-id=\"850b570\" data-element_type=\"widget\" data-e-type=\"widget\" data-widget_type=\"text-editor.default\">\n\t\t\t\t<div class=\"elementor-widget-container\">\n\t\t\t\t\t\t\t\t\t<p>A la part posterior de l\u2019edifici veiem terrasses sense reformar.<\/p>\t\t\t\t\t\t\t\t<\/div>\n\t\t\t\t<\/div>\n\t\t\t\t<div class=\"elementor-element elementor-element-b986951 elementor-widget elementor-widget-image\" data-id=\"b986951\" data-element_type=\"widget\" data-e-type=\"widget\" data-widget_type=\"image.default\">\n\t\t\t\t<div class=\"elementor-widget-container\">\n\t\t\t\t\t\t\t\t\t\t\t\t<figure class=\"wp-caption\">\n\t\t\t\t\t\t\t\t\t\t<img loading=\"lazy\" decoding=\"async\" width=\"768\" height=\"512\" src=\"https:\/\/www.elturistatranquil.com\/wp-content\/uploads\/F82-Colonia-Vidal-Puig-reig-Barcelona.jpg\" class=\"attachment-large size-large wp-image-59224\" alt=\"Colonia Vidal, Puig-reig, Barcelona\" srcset=\"https:\/\/www.elturistatranquil.com\/wp-content\/uploads\/F82-Colonia-Vidal-Puig-reig-Barcelona.jpg 768w, https:\/\/www.elturistatranquil.com\/wp-content\/uploads\/F82-Colonia-Vidal-Puig-reig-Barcelona-339x226.jpg 339w\" sizes=\"(max-width: 768px) 100vw, 768px\" \/>\t\t\t\t\t\t\t\t\t\t\t<figcaption class=\"widget-image-caption wp-caption-text\"><\/figcaption>\n\t\t\t\t\t\t\t\t\t\t<\/figure>\n\t\t\t\t\t\t\t\t\t<\/div>\n\t\t\t\t<\/div>\n\t\t\t\t<div class=\"elementor-element elementor-element-65e31ba elementor-widget elementor-widget-heading\" data-id=\"65e31ba\" data-element_type=\"widget\" data-e-type=\"widget\" data-widget_type=\"heading.default\">\n\t\t\t\t<div class=\"elementor-widget-container\">\n\t\t\t\t\t<h3 class=\"elementor-heading-title elementor-size-default\">El poblat i els serveis<\/h3>\t\t\t\t<\/div>\n\t\t\t\t<\/div>\n\t\t\t\t<div class=\"elementor-element elementor-element-a7b0a55 elementor-widget elementor-widget-text-editor\" data-id=\"a7b0a55\" data-element_type=\"widget\" data-e-type=\"widget\" data-widget_type=\"text-editor.default\">\n\t\t\t\t<div class=\"elementor-widget-container\">\n\t\t\t\t\t\t\t\t\t<p>Una col\u00f2nia fabril no es pot entendre sense el conjunt de serveis que acollia per donar satisfacci\u00f3 a totes les necessitats individuals, familiars i socials. L\u2019empresa hi va establir escoles, esgl\u00e9sia, caf\u00e8, infermeria, teatre o biblioteca, tot dins del recinte de la Col\u00f2nia, com a serveis col\u00b7lectius, A m\u00e9s botigues, amb carnisseria i peixateria, estanc, barberia, tel\u00e8fon p\u00fablic i \u00e0dhuc oficina bancaria. Tamb\u00e9 hi havia espais per a serveis complementaris, com de fusteria.<\/p><p>Aix\u00f2 permetia als treballadors i les fam\u00edlies viure pr\u00e0cticament sense sortir del conjunt -un model paternalista per\u00f2 tamb\u00e9 de certa protecci\u00f3 social-.<\/p>\t\t\t\t\t\t\t\t<\/div>\n\t\t\t\t<\/div>\n\t\t\t\t<div class=\"elementor-element elementor-element-a54564e elementor-widget elementor-widget-heading\" data-id=\"a54564e\" data-element_type=\"widget\" data-e-type=\"widget\" data-widget_type=\"heading.default\">\n\t\t\t\t<div class=\"elementor-widget-container\">\n\t\t\t\t\t<h3 class=\"elementor-heading-title elementor-size-default\">El poblat i serveis col\u00b7lectius<\/h3>\t\t\t\t<\/div>\n\t\t\t\t<\/div>\n\t\t\t\t<div class=\"elementor-element elementor-element-629010e elementor-widget elementor-widget-heading\" data-id=\"629010e\" data-element_type=\"widget\" data-e-type=\"widget\" data-widget_type=\"heading.default\">\n\t\t\t\t<div class=\"elementor-widget-container\">\n\t\t\t\t\t<h4 class=\"elementor-heading-title elementor-size-default\">La pla\u00e7a<\/h4>\t\t\t\t<\/div>\n\t\t\t\t<\/div>\n\t\t\t\t<div class=\"elementor-element elementor-element-c991348 elementor-widget elementor-widget-text-editor\" data-id=\"c991348\" data-element_type=\"widget\" data-e-type=\"widget\" data-widget_type=\"text-editor.default\">\n\t\t\t\t<div class=\"elementor-widget-container\">\n\t\t\t\t\t\t\t\t\t<p>Un gran espai rectangular central acollia la <strong>pla\u00e7a de la Immaculada<\/strong>.<\/p><p>Al dos costats del llarg de la pla\u00e7a s\u2019obrien els blocs <strong>c<\/strong> i <strong>d<\/strong>. Mentre el els extrems estaven presidits pes l\u2019edifici institucional de la <strong>Fundaci\u00f3 Vidal<\/strong> i el <strong>teatre-cinema<\/strong> nou, a ponent i l\u2019<strong>esgl\u00e9sia de la Pur\u00edssima Concepci\u00f3<\/strong> a llevant.<\/p><p>Al comen\u00e7ament servia com a camp de futbol, fins que se\u2019n va construir una a l\u2019altre costat de la carretera.<\/p>\t\t\t\t\t\t\t\t<\/div>\n\t\t\t\t<\/div>\n\t\t\t\t<div class=\"elementor-element elementor-element-9e41013 elementor-widget elementor-widget-image\" data-id=\"9e41013\" data-element_type=\"widget\" data-e-type=\"widget\" data-widget_type=\"image.default\">\n\t\t\t\t<div class=\"elementor-widget-container\">\n\t\t\t\t\t\t\t\t\t\t\t\t<figure class=\"wp-caption\">\n\t\t\t\t\t\t\t\t\t\t<img loading=\"lazy\" decoding=\"async\" width=\"768\" height=\"512\" src=\"https:\/\/www.elturistatranquil.com\/wp-content\/uploads\/F83-Colonia-Vidal-Puig-reig-Barcelona.jpg\" class=\"attachment-large size-large wp-image-59226\" alt=\"Colonia Vidal, Puig-reig, Barcelona\" srcset=\"https:\/\/www.elturistatranquil.com\/wp-content\/uploads\/F83-Colonia-Vidal-Puig-reig-Barcelona.jpg 768w, https:\/\/www.elturistatranquil.com\/wp-content\/uploads\/F83-Colonia-Vidal-Puig-reig-Barcelona-339x226.jpg 339w\" sizes=\"(max-width: 768px) 100vw, 768px\" \/>\t\t\t\t\t\t\t\t\t\t\t<figcaption class=\"widget-image-caption wp-caption-text\"><\/figcaption>\n\t\t\t\t\t\t\t\t\t\t<\/figure>\n\t\t\t\t\t\t\t\t\t<\/div>\n\t\t\t\t<\/div>\n\t\t\t\t<div class=\"elementor-element elementor-element-b786741 elementor-widget elementor-widget-image\" data-id=\"b786741\" data-element_type=\"widget\" data-e-type=\"widget\" data-widget_type=\"image.default\">\n\t\t\t\t<div class=\"elementor-widget-container\">\n\t\t\t\t\t\t\t\t\t\t\t\t<figure class=\"wp-caption\">\n\t\t\t\t\t\t\t\t\t\t<img loading=\"lazy\" decoding=\"async\" width=\"768\" height=\"512\" src=\"https:\/\/www.elturistatranquil.com\/wp-content\/uploads\/F84-Colonia-Vidal-Puig-reig-Barcelona.jpg\" class=\"attachment-large size-large wp-image-59228\" alt=\"Colonia Vidal, Puig-reig, Barcelona\" srcset=\"https:\/\/www.elturistatranquil.com\/wp-content\/uploads\/F84-Colonia-Vidal-Puig-reig-Barcelona.jpg 768w, https:\/\/www.elturistatranquil.com\/wp-content\/uploads\/F84-Colonia-Vidal-Puig-reig-Barcelona-339x226.jpg 339w\" sizes=\"(max-width: 768px) 100vw, 768px\" \/>\t\t\t\t\t\t\t\t\t\t\t<figcaption class=\"widget-image-caption wp-caption-text\"><\/figcaption>\n\t\t\t\t\t\t\t\t\t\t<\/figure>\n\t\t\t\t\t\t\t\t\t<\/div>\n\t\t\t\t<\/div>\n\t\t\t\t<div class=\"elementor-element elementor-element-8f42a0e elementor-widget elementor-widget-image\" data-id=\"8f42a0e\" data-element_type=\"widget\" data-e-type=\"widget\" data-widget_type=\"image.default\">\n\t\t\t\t<div class=\"elementor-widget-container\">\n\t\t\t\t\t\t\t\t\t\t\t\t<figure class=\"wp-caption\">\n\t\t\t\t\t\t\t\t\t\t<img loading=\"lazy\" decoding=\"async\" width=\"768\" height=\"511\" src=\"https:\/\/www.elturistatranquil.com\/wp-content\/uploads\/F85-Colonia-Vidal-Puig-reig-Barcelona.jpg\" class=\"attachment-large size-large wp-image-59230\" alt=\"F95 Colonia Vidal, Puig-reig, Barcelona\" srcset=\"https:\/\/www.elturistatranquil.com\/wp-content\/uploads\/F85-Colonia-Vidal-Puig-reig-Barcelona.jpg 768w, https:\/\/www.elturistatranquil.com\/wp-content\/uploads\/F85-Colonia-Vidal-Puig-reig-Barcelona-339x226.jpg 339w\" sizes=\"(max-width: 768px) 100vw, 768px\" \/>\t\t\t\t\t\t\t\t\t\t\t<figcaption class=\"widget-image-caption wp-caption-text\"><\/figcaption>\n\t\t\t\t\t\t\t\t\t\t<\/figure>\n\t\t\t\t\t\t\t\t\t<\/div>\n\t\t\t\t<\/div>\n\t\t\t\t<div class=\"elementor-element elementor-element-5efa8bd elementor-widget elementor-widget-heading\" data-id=\"5efa8bd\" data-element_type=\"widget\" data-e-type=\"widget\" data-widget_type=\"heading.default\">\n\t\t\t\t<div class=\"elementor-widget-container\">\n\t\t\t\t\t<h4 class=\"elementor-heading-title elementor-size-default\">La \u201cFundaci\u00f3n Vidal\u201d<\/h4>\t\t\t\t<\/div>\n\t\t\t\t<\/div>\n\t\t\t\t<div class=\"elementor-element elementor-element-59ade9e elementor-widget elementor-widget-text-editor\" data-id=\"59ade9e\" data-element_type=\"widget\" data-e-type=\"widget\" data-widget_type=\"text-editor.default\">\n\t\t\t\t<div class=\"elementor-widget-container\">\n\t\t\t\t\t\t\t\t\t<p>L\u2019edifici de la \u201c<strong>Fundaci\u00f3n Vidal<\/strong>\u201d (<strong>9<\/strong>) es va construir l\u2019any 1947. Va ser projectat per l\u2019arquitecte <em>Alexandre M. Tintor\u00e9<\/em> i es troba presidint la pla\u00e7a de la Pur\u00edssima, al cor de l\u2019\u00e0rea residencial obrera.<\/p><p>Aquest edifici va ser concebut com a seu del \u201cPatronato Vidal para la Cultura de la Juventud Obrera\u201d, una fundaci\u00f3 promoguda per <em>Vicen\u00e7 Vidal i Casacuberta <\/em>amb l\u2019objectiu de millorar la formaci\u00f3 i el lleure dels joves treballadors de la Col\u00f2nia i de la f\u00e0brica propera de Nav\u00e0s. L\u2019edifici, de planta baixa i pis, acollia teatre-cinema, bar (Bar Juventus), biblioteca, aules escolars per a nens, sales de jocs i altres depend\u00e8ncies destinades a activitats culturals i socials.<\/p><p>Avui dia, l\u2019edifici de la Fundaci\u00f3 Vidal mant\u00e9 una funci\u00f3 cultural i educativa, essent la seu principal del Museu de la Col\u00f2nia Vidal i \u00a0seu del <strong>Museu de la Col\u00f2nia<\/strong>.<\/p>\t\t\t\t\t\t\t\t<\/div>\n\t\t\t\t<\/div>\n\t\t\t\t<div class=\"elementor-element elementor-element-8d6c1b4 elementor-widget elementor-widget-image\" data-id=\"8d6c1b4\" data-element_type=\"widget\" data-e-type=\"widget\" data-widget_type=\"image.default\">\n\t\t\t\t<div class=\"elementor-widget-container\">\n\t\t\t\t\t\t\t\t\t\t\t\t<figure class=\"wp-caption\">\n\t\t\t\t\t\t\t\t\t\t<img loading=\"lazy\" decoding=\"async\" width=\"768\" height=\"512\" src=\"https:\/\/www.elturistatranquil.com\/wp-content\/uploads\/F86-Colonia-Vidal-Puig-reig-Barcelona.jpg\" class=\"attachment-large size-large wp-image-59232\" alt=\"Colonia Vidal, Puig-reig, Barcelona\" srcset=\"https:\/\/www.elturistatranquil.com\/wp-content\/uploads\/F86-Colonia-Vidal-Puig-reig-Barcelona.jpg 768w, https:\/\/www.elturistatranquil.com\/wp-content\/uploads\/F86-Colonia-Vidal-Puig-reig-Barcelona-339x226.jpg 339w\" sizes=\"(max-width: 768px) 100vw, 768px\" \/>\t\t\t\t\t\t\t\t\t\t\t<figcaption class=\"widget-image-caption wp-caption-text\"><\/figcaption>\n\t\t\t\t\t\t\t\t\t\t<\/figure>\n\t\t\t\t\t\t\t\t\t<\/div>\n\t\t\t\t<\/div>\n\t\t\t\t<div class=\"elementor-element elementor-element-d51ccc6 elementor-widget elementor-widget-image\" data-id=\"d51ccc6\" data-element_type=\"widget\" data-e-type=\"widget\" data-widget_type=\"image.default\">\n\t\t\t\t<div class=\"elementor-widget-container\">\n\t\t\t\t\t\t\t\t\t\t\t\t<figure class=\"wp-caption\">\n\t\t\t\t\t\t\t\t\t\t<img loading=\"lazy\" decoding=\"async\" width=\"768\" height=\"512\" src=\"https:\/\/www.elturistatranquil.com\/wp-content\/uploads\/F87-Colonia-Vidal-Puig-reig-Barcelona.jpg\" class=\"attachment-large size-large wp-image-59234\" alt=\"Colonia Vidal, Puig-reig, Barcelona\" srcset=\"https:\/\/www.elturistatranquil.com\/wp-content\/uploads\/F87-Colonia-Vidal-Puig-reig-Barcelona.jpg 768w, https:\/\/www.elturistatranquil.com\/wp-content\/uploads\/F87-Colonia-Vidal-Puig-reig-Barcelona-339x226.jpg 339w\" sizes=\"(max-width: 768px) 100vw, 768px\" \/>\t\t\t\t\t\t\t\t\t\t\t<figcaption class=\"widget-image-caption wp-caption-text\"><\/figcaption>\n\t\t\t\t\t\t\t\t\t\t<\/figure>\n\t\t\t\t\t\t\t\t\t<\/div>\n\t\t\t\t<\/div>\n\t\t\t\t<div class=\"elementor-element elementor-element-1ec820c elementor-widget elementor-widget-image\" data-id=\"1ec820c\" data-element_type=\"widget\" data-e-type=\"widget\" data-widget_type=\"image.default\">\n\t\t\t\t<div class=\"elementor-widget-container\">\n\t\t\t\t\t\t\t\t\t\t\t\t<figure class=\"wp-caption\">\n\t\t\t\t\t\t\t\t\t\t<img loading=\"lazy\" decoding=\"async\" width=\"768\" height=\"512\" src=\"https:\/\/www.elturistatranquil.com\/wp-content\/uploads\/F88-Colonia-Vidal-Puig-reig-Barcelona.jpg\" class=\"attachment-large size-large wp-image-59236\" alt=\"Colonia Vidal, Puig-reig, Barcelona\" srcset=\"https:\/\/www.elturistatranquil.com\/wp-content\/uploads\/F88-Colonia-Vidal-Puig-reig-Barcelona.jpg 768w, https:\/\/www.elturistatranquil.com\/wp-content\/uploads\/F88-Colonia-Vidal-Puig-reig-Barcelona-339x226.jpg 339w\" sizes=\"(max-width: 768px) 100vw, 768px\" \/>\t\t\t\t\t\t\t\t\t\t\t<figcaption class=\"widget-image-caption wp-caption-text\"><\/figcaption>\n\t\t\t\t\t\t\t\t\t\t<\/figure>\n\t\t\t\t\t\t\t\t\t<\/div>\n\t\t\t\t<\/div>\n\t\t\t\t<div class=\"elementor-element elementor-element-c66d287 elementor-widget elementor-widget-text-editor\" data-id=\"c66d287\" data-element_type=\"widget\" data-e-type=\"widget\" data-widget_type=\"text-editor.default\">\n\t\t\t\t<div class=\"elementor-widget-container\">\n\t\t\t\t\t\t\t\t\t<p>Una imatge de la Immaculada presideix la pla\u00e7a des de l\u2019edifici de la Fundaci\u00f3.<\/p>\t\t\t\t\t\t\t\t<\/div>\n\t\t\t\t<\/div>\n\t\t\t\t<div class=\"elementor-element elementor-element-c6faa1a elementor-widget elementor-widget-image\" data-id=\"c6faa1a\" data-element_type=\"widget\" data-e-type=\"widget\" data-widget_type=\"image.default\">\n\t\t\t\t<div class=\"elementor-widget-container\">\n\t\t\t\t\t\t\t\t\t\t\t\t<figure class=\"wp-caption\">\n\t\t\t\t\t\t\t\t\t\t<img loading=\"lazy\" decoding=\"async\" width=\"768\" height=\"512\" src=\"https:\/\/www.elturistatranquil.com\/wp-content\/uploads\/F89-Colonia-Vidal-Puig-reig-Barcelona.jpg\" class=\"attachment-large size-large wp-image-59241\" alt=\"Colonia Vidal, Puig-reig, Barcelona\" srcset=\"https:\/\/www.elturistatranquil.com\/wp-content\/uploads\/F89-Colonia-Vidal-Puig-reig-Barcelona.jpg 768w, https:\/\/www.elturistatranquil.com\/wp-content\/uploads\/F89-Colonia-Vidal-Puig-reig-Barcelona-339x226.jpg 339w\" sizes=\"(max-width: 768px) 100vw, 768px\" \/>\t\t\t\t\t\t\t\t\t\t\t<figcaption class=\"widget-image-caption wp-caption-text\"><\/figcaption>\n\t\t\t\t\t\t\t\t\t\t<\/figure>\n\t\t\t\t\t\t\t\t\t<\/div>\n\t\t\t\t<\/div>\n\t\t\t\t<div class=\"elementor-element elementor-element-7b4936d elementor-widget elementor-widget-heading\" data-id=\"7b4936d\" data-element_type=\"widget\" data-e-type=\"widget\" data-widget_type=\"heading.default\">\n\t\t\t\t<div class=\"elementor-widget-container\">\n\t\t\t\t\t<h4 class=\"elementor-heading-title elementor-size-default\">L\u2019esgl\u00e9sia<\/h4>\t\t\t\t<\/div>\n\t\t\t\t<\/div>\n\t\t\t\t<div class=\"elementor-element elementor-element-aa98149 elementor-widget elementor-widget-text-editor\" data-id=\"aa98149\" data-element_type=\"widget\" data-e-type=\"widget\" data-widget_type=\"text-editor.default\">\n\t\t\t\t<div class=\"elementor-widget-container\">\n\t\t\t\t\t\t\t\t\t<p>L\u2019esgl\u00e9sia de la Col\u00f2nia Vidal de Puig-reig, anomenada <strong>esgl\u00e9sia de la Pur\u00edssima Concepci\u00f3<\/strong> (<strong>11<\/strong>), \u00e9s un dels edificis destacats dins del conjunt hist\u00f2ric de la Col\u00f2nia t\u00e8xtil. Tanca i presideix la pla\u00e7a pel costat nord, enfront de l\u2019edifici de la Fundaci\u00f3 Vidal.<\/p><p>La disposici\u00f3 del temple a la pla\u00e7a fa que no compleixi estrictament l&#8217;orientaci\u00f3 can\u00f2nica a llevant.<\/p><p>Va ser constru\u00efda el 1946, durant la fase final d\u2019expansi\u00f3 de la Col\u00f2nia.<\/p><p>Un primera capella estava al costat dret de l\u2019entrada de la f\u00e0brica. Va ser cremada durant la Guerra. Fins l\u2019acabament de la nova esgl\u00e9sia, el teatre vell va acomplir les funcions d\u2019esgl\u00e9sia.<\/p><p>El temple de la Pur\u00edssima Concepci\u00f3 actual \u00e9s un gran edifici d\u2019estil historicista neo-rom\u00e0nic llombard, amb una espadanya situada longitudinalment als peus del costat de l\u2019evangeli.<\/p><p>Tota la f\u00e0brica de l\u2019edifici \u00e9s de gran qualitat de carreu de pedra.<\/p>\t\t\t\t\t\t\t\t<\/div>\n\t\t\t\t<\/div>\n\t\t\t\t<div class=\"elementor-element elementor-element-38d4718 elementor-widget elementor-widget-image\" data-id=\"38d4718\" data-element_type=\"widget\" data-e-type=\"widget\" data-widget_type=\"image.default\">\n\t\t\t\t<div class=\"elementor-widget-container\">\n\t\t\t\t\t\t\t\t\t\t\t\t<figure class=\"wp-caption\">\n\t\t\t\t\t\t\t\t\t\t<img loading=\"lazy\" decoding=\"async\" width=\"768\" height=\"512\" src=\"https:\/\/www.elturistatranquil.com\/wp-content\/uploads\/F90-Colonia-Vidal-Puig-reig-Barcelona.jpg\" class=\"attachment-large size-large wp-image-59243\" alt=\"Colonia Vidal, Puig-reig, Barcelona\" srcset=\"https:\/\/www.elturistatranquil.com\/wp-content\/uploads\/F90-Colonia-Vidal-Puig-reig-Barcelona.jpg 768w, https:\/\/www.elturistatranquil.com\/wp-content\/uploads\/F90-Colonia-Vidal-Puig-reig-Barcelona-339x226.jpg 339w\" sizes=\"(max-width: 768px) 100vw, 768px\" \/>\t\t\t\t\t\t\t\t\t\t\t<figcaption class=\"widget-image-caption wp-caption-text\"><\/figcaption>\n\t\t\t\t\t\t\t\t\t\t<\/figure>\n\t\t\t\t\t\t\t\t\t<\/div>\n\t\t\t\t<\/div>\n\t\t\t\t<div class=\"elementor-element elementor-element-004edc1 elementor-widget elementor-widget-image\" data-id=\"004edc1\" data-element_type=\"widget\" data-e-type=\"widget\" data-widget_type=\"image.default\">\n\t\t\t\t<div class=\"elementor-widget-container\">\n\t\t\t\t\t\t\t\t\t\t\t\t<figure class=\"wp-caption\">\n\t\t\t\t\t\t\t\t\t\t<img loading=\"lazy\" decoding=\"async\" width=\"768\" height=\"512\" src=\"https:\/\/www.elturistatranquil.com\/wp-content\/uploads\/F91-Colonia-Vidal-Puig-reig-Barcelona.jpg\" class=\"attachment-large size-large wp-image-59245\" alt=\"Colonia Vidal, Puig-reig, Barcelona\" srcset=\"https:\/\/www.elturistatranquil.com\/wp-content\/uploads\/F91-Colonia-Vidal-Puig-reig-Barcelona.jpg 768w, https:\/\/www.elturistatranquil.com\/wp-content\/uploads\/F91-Colonia-Vidal-Puig-reig-Barcelona-339x226.jpg 339w\" sizes=\"(max-width: 768px) 100vw, 768px\" \/>\t\t\t\t\t\t\t\t\t\t\t<figcaption class=\"widget-image-caption wp-caption-text\"><\/figcaption>\n\t\t\t\t\t\t\t\t\t\t<\/figure>\n\t\t\t\t\t\t\t\t\t<\/div>\n\t\t\t\t<\/div>\n\t\t\t\t<div class=\"elementor-element elementor-element-db8de27 elementor-widget elementor-widget-text-editor\" data-id=\"db8de27\" data-element_type=\"widget\" data-e-type=\"widget\" data-widget_type=\"text-editor.default\">\n\t\t\t\t<div class=\"elementor-widget-container\">\n\t\t\t\t\t\t\t\t\t<p>La portada es d\u2019estil neo-rom\u00e0nic amb un cert treball escultural en l\u2019arcada.<\/p>\t\t\t\t\t\t\t\t<\/div>\n\t\t\t\t<\/div>\n\t\t\t\t<div class=\"elementor-element elementor-element-806fce4 elementor-widget elementor-widget-image\" data-id=\"806fce4\" data-element_type=\"widget\" data-e-type=\"widget\" data-widget_type=\"image.default\">\n\t\t\t\t<div class=\"elementor-widget-container\">\n\t\t\t\t\t\t\t\t\t\t\t\t<figure class=\"wp-caption\">\n\t\t\t\t\t\t\t\t\t\t<img loading=\"lazy\" decoding=\"async\" width=\"768\" height=\"512\" src=\"https:\/\/www.elturistatranquil.com\/wp-content\/uploads\/F92-Colonia-Vidal-Puig-reig-Barcelona.jpg\" class=\"attachment-large size-large wp-image-59247\" alt=\"Colonia Vidal, Puig-reig, Barcelona\" srcset=\"https:\/\/www.elturistatranquil.com\/wp-content\/uploads\/F92-Colonia-Vidal-Puig-reig-Barcelona.jpg 768w, https:\/\/www.elturistatranquil.com\/wp-content\/uploads\/F92-Colonia-Vidal-Puig-reig-Barcelona-339x226.jpg 339w\" sizes=\"(max-width: 768px) 100vw, 768px\" \/>\t\t\t\t\t\t\t\t\t\t\t<figcaption class=\"widget-image-caption wp-caption-text\"><\/figcaption>\n\t\t\t\t\t\t\t\t\t\t<\/figure>\n\t\t\t\t\t\t\t\t\t<\/div>\n\t\t\t\t<\/div>\n\t\t\t\t<div class=\"elementor-element elementor-element-0e24806 elementor-widget elementor-widget-image\" data-id=\"0e24806\" data-element_type=\"widget\" data-e-type=\"widget\" data-widget_type=\"image.default\">\n\t\t\t\t<div class=\"elementor-widget-container\">\n\t\t\t\t\t\t\t\t\t\t\t\t<figure class=\"wp-caption\">\n\t\t\t\t\t\t\t\t\t\t<img loading=\"lazy\" decoding=\"async\" width=\"768\" height=\"512\" src=\"https:\/\/www.elturistatranquil.com\/wp-content\/uploads\/F93-Colonia-Vidal-Puig-reig-Barcelona.jpg\" class=\"attachment-large size-large wp-image-59249\" alt=\"Colonia Vidal, Puig-reig, Barcelona\" srcset=\"https:\/\/www.elturistatranquil.com\/wp-content\/uploads\/F93-Colonia-Vidal-Puig-reig-Barcelona.jpg 768w, https:\/\/www.elturistatranquil.com\/wp-content\/uploads\/F93-Colonia-Vidal-Puig-reig-Barcelona-339x226.jpg 339w\" sizes=\"(max-width: 768px) 100vw, 768px\" \/>\t\t\t\t\t\t\t\t\t\t\t<figcaption class=\"widget-image-caption wp-caption-text\"><\/figcaption>\n\t\t\t\t\t\t\t\t\t\t<\/figure>\n\t\t\t\t\t\t\t\t\t<\/div>\n\t\t\t\t<\/div>\n\t\t\t\t<div class=\"elementor-element elementor-element-5daf7fa elementor-widget elementor-widget-text-editor\" data-id=\"5daf7fa\" data-element_type=\"widget\" data-e-type=\"widget\" data-widget_type=\"text-editor.default\">\n\t\t\t\t<div class=\"elementor-widget-container\">\n\t\t\t\t\t\t\t\t\t<p>La cap\u00e7alera del temple present un absis i dos grans absidioles, amb el sota cornisa de clara intencionalitat llombarda.<\/p>\t\t\t\t\t\t\t\t<\/div>\n\t\t\t\t<\/div>\n\t\t\t\t<div class=\"elementor-element elementor-element-bd8198f elementor-widget elementor-widget-image\" data-id=\"bd8198f\" data-element_type=\"widget\" data-e-type=\"widget\" data-widget_type=\"image.default\">\n\t\t\t\t<div class=\"elementor-widget-container\">\n\t\t\t\t\t\t\t\t\t\t\t\t<figure class=\"wp-caption\">\n\t\t\t\t\t\t\t\t\t\t<img loading=\"lazy\" decoding=\"async\" width=\"768\" height=\"512\" src=\"https:\/\/www.elturistatranquil.com\/wp-content\/uploads\/F94-Colonia-Vidal-Puig-reig-Barcelona.jpg\" class=\"attachment-large size-large wp-image-59251\" alt=\"Colonia Vidal, Puig-reig, Barcelona\" srcset=\"https:\/\/www.elturistatranquil.com\/wp-content\/uploads\/F94-Colonia-Vidal-Puig-reig-Barcelona.jpg 768w, https:\/\/www.elturistatranquil.com\/wp-content\/uploads\/F94-Colonia-Vidal-Puig-reig-Barcelona-339x226.jpg 339w\" sizes=\"(max-width: 768px) 100vw, 768px\" \/>\t\t\t\t\t\t\t\t\t\t\t<figcaption class=\"widget-image-caption wp-caption-text\"><\/figcaption>\n\t\t\t\t\t\t\t\t\t\t<\/figure>\n\t\t\t\t\t\t\t\t\t<\/div>\n\t\t\t\t<\/div>\n\t\t\t\t<div class=\"elementor-element elementor-element-ee5d2b1 elementor-widget elementor-widget-text-editor\" data-id=\"ee5d2b1\" data-element_type=\"widget\" data-e-type=\"widget\" data-widget_type=\"text-editor.default\">\n\t\t\t\t<div class=\"elementor-widget-container\">\n\t\t\t\t\t\t\t\t\t<p>Projecci\u00f3 est\u00e8tica de la espadanya sobre la fa\u00e7ana de l\u2019edifici d\u2019habitatges.<\/p>\t\t\t\t\t\t\t\t<\/div>\n\t\t\t\t<\/div>\n\t\t\t\t<div class=\"elementor-element elementor-element-17006bd elementor-widget elementor-widget-image\" data-id=\"17006bd\" data-element_type=\"widget\" data-e-type=\"widget\" data-widget_type=\"image.default\">\n\t\t\t\t<div class=\"elementor-widget-container\">\n\t\t\t\t\t\t\t\t\t\t\t\t<figure class=\"wp-caption\">\n\t\t\t\t\t\t\t\t\t\t<img loading=\"lazy\" decoding=\"async\" width=\"768\" height=\"512\" src=\"https:\/\/www.elturistatranquil.com\/wp-content\/uploads\/F95-Colonia-Vidal-Puig-reig-Barcelona.jpg\" class=\"attachment-large size-large wp-image-59256\" alt=\"Colonia Vidal, Puig-reig, Barcelona\" srcset=\"https:\/\/www.elturistatranquil.com\/wp-content\/uploads\/F95-Colonia-Vidal-Puig-reig-Barcelona.jpg 768w, https:\/\/www.elturistatranquil.com\/wp-content\/uploads\/F95-Colonia-Vidal-Puig-reig-Barcelona-339x226.jpg 339w\" sizes=\"(max-width: 768px) 100vw, 768px\" \/>\t\t\t\t\t\t\t\t\t\t\t<figcaption class=\"widget-image-caption wp-caption-text\"><\/figcaption>\n\t\t\t\t\t\t\t\t\t\t<\/figure>\n\t\t\t\t\t\t\t\t\t<\/div>\n\t\t\t\t<\/div>\n\t\t\t\t<div class=\"elementor-element elementor-element-e372b27 elementor-widget elementor-widget-heading\" data-id=\"e372b27\" data-element_type=\"widget\" data-e-type=\"widget\" data-widget_type=\"heading.default\">\n\t\t\t\t<div class=\"elementor-widget-container\">\n\t\t\t\t\t<h4 class=\"elementor-heading-title elementor-size-default\">L\u2019escola de nens<\/h4>\t\t\t\t<\/div>\n\t\t\t\t<\/div>\n\t\t\t\t<div class=\"elementor-element elementor-element-6296b97 elementor-widget elementor-widget-text-editor\" data-id=\"6296b97\" data-element_type=\"widget\" data-e-type=\"widget\" data-widget_type=\"text-editor.default\">\n\t\t\t\t<div class=\"elementor-widget-container\">\n\t\t\t\t\t\t\t\t\t<p>Com corresponia a la mentalitat de l\u2019\u00e8poca, l\u2019educaci\u00f3 s\u2019impartia separadament per sexes.<\/p><p>L\u2019<strong>escola del nens<\/strong> va estar inicialment ubicada intercalada al edificis del primer bloc <strong>a<\/strong> del carrer Sant Ignasi. Quan es va construir l\u2019edifici de la Fundaci\u00f3 Vidal s\u2019hi va traslladar all\u00e0.<\/p>\t\t\t\t\t\t\t\t<\/div>\n\t\t\t\t<\/div>\n\t\t\t\t<div class=\"elementor-element elementor-element-6e6f668 elementor-widget elementor-widget-image\" data-id=\"6e6f668\" data-element_type=\"widget\" data-e-type=\"widget\" data-widget_type=\"image.default\">\n\t\t\t\t<div class=\"elementor-widget-container\">\n\t\t\t\t\t\t\t\t\t\t\t\t<figure class=\"wp-caption\">\n\t\t\t\t\t\t\t\t\t\t<img loading=\"lazy\" decoding=\"async\" width=\"768\" height=\"512\" src=\"https:\/\/www.elturistatranquil.com\/wp-content\/uploads\/F96-Colonia-Vidal-Puig-reig-Barcelona.jpg\" class=\"attachment-large size-large wp-image-59258\" alt=\"Colonia Vidal, Puig-reig, Barcelona\" srcset=\"https:\/\/www.elturistatranquil.com\/wp-content\/uploads\/F96-Colonia-Vidal-Puig-reig-Barcelona.jpg 768w, https:\/\/www.elturistatranquil.com\/wp-content\/uploads\/F96-Colonia-Vidal-Puig-reig-Barcelona-339x226.jpg 339w\" sizes=\"(max-width: 768px) 100vw, 768px\" \/>\t\t\t\t\t\t\t\t\t\t\t<figcaption class=\"widget-image-caption wp-caption-text\"><\/figcaption>\n\t\t\t\t\t\t\t\t\t\t<\/figure>\n\t\t\t\t\t\t\t\t\t<\/div>\n\t\t\t\t<\/div>\n\t\t\t\t<div class=\"elementor-element elementor-element-93cdd3d elementor-widget elementor-widget-text-editor\" data-id=\"93cdd3d\" data-element_type=\"widget\" data-e-type=\"widget\" data-widget_type=\"text-editor.default\">\n\t\t\t\t<div class=\"elementor-widget-container\">\n\t\t\t\t\t\t\t\t\t<p>L\u2019escola a l\u2019edifici de la Fundaci\u00f3 Vidal.<\/p>\t\t\t\t\t\t\t\t<\/div>\n\t\t\t\t<\/div>\n\t\t\t\t<div class=\"elementor-element elementor-element-0820721 elementor-widget elementor-widget-image\" data-id=\"0820721\" data-element_type=\"widget\" data-e-type=\"widget\" data-widget_type=\"image.default\">\n\t\t\t\t<div class=\"elementor-widget-container\">\n\t\t\t\t\t\t\t\t\t\t\t\t<figure class=\"wp-caption\">\n\t\t\t\t\t\t\t\t\t\t<img loading=\"lazy\" decoding=\"async\" width=\"768\" height=\"512\" src=\"https:\/\/www.elturistatranquil.com\/wp-content\/uploads\/F97-Colonia-Vidal-Puig-reig-Barcelona.jpg\" class=\"attachment-large size-large wp-image-59260\" alt=\"Colonia Vidal, Puig-reig, Barcelona\" srcset=\"https:\/\/www.elturistatranquil.com\/wp-content\/uploads\/F97-Colonia-Vidal-Puig-reig-Barcelona.jpg 768w, https:\/\/www.elturistatranquil.com\/wp-content\/uploads\/F97-Colonia-Vidal-Puig-reig-Barcelona-339x226.jpg 339w\" sizes=\"(max-width: 768px) 100vw, 768px\" \/>\t\t\t\t\t\t\t\t\t\t\t<figcaption class=\"widget-image-caption wp-caption-text\"><\/figcaption>\n\t\t\t\t\t\t\t\t\t\t<\/figure>\n\t\t\t\t\t\t\t\t\t<\/div>\n\t\t\t\t<\/div>\n\t\t\t\t<div class=\"elementor-element elementor-element-32108fb elementor-widget elementor-widget-image\" data-id=\"32108fb\" data-element_type=\"widget\" data-e-type=\"widget\" data-widget_type=\"image.default\">\n\t\t\t\t<div class=\"elementor-widget-container\">\n\t\t\t\t\t\t\t\t\t\t\t\t<figure class=\"wp-caption\">\n\t\t\t\t\t\t\t\t\t\t<img loading=\"lazy\" decoding=\"async\" width=\"768\" height=\"512\" src=\"https:\/\/www.elturistatranquil.com\/wp-content\/uploads\/F98-Colonia-Vidal-Puig-reig-Barcelona.jpg\" class=\"attachment-large size-large wp-image-59262\" alt=\"Colonia Vidal, Puig-reig, Barcelona\" srcset=\"https:\/\/www.elturistatranquil.com\/wp-content\/uploads\/F98-Colonia-Vidal-Puig-reig-Barcelona.jpg 768w, https:\/\/www.elturistatranquil.com\/wp-content\/uploads\/F98-Colonia-Vidal-Puig-reig-Barcelona-339x226.jpg 339w\" sizes=\"(max-width: 768px) 100vw, 768px\" \/>\t\t\t\t\t\t\t\t\t\t\t<figcaption class=\"widget-image-caption wp-caption-text\"><\/figcaption>\n\t\t\t\t\t\t\t\t\t\t<\/figure>\n\t\t\t\t\t\t\t\t\t<\/div>\n\t\t\t\t<\/div>\n\t\t\t\t<div class=\"elementor-element elementor-element-e58f40b elementor-widget elementor-widget-image\" data-id=\"e58f40b\" data-element_type=\"widget\" data-e-type=\"widget\" data-widget_type=\"image.default\">\n\t\t\t\t<div class=\"elementor-widget-container\">\n\t\t\t\t\t\t\t\t\t\t\t\t<figure class=\"wp-caption\">\n\t\t\t\t\t\t\t\t\t\t<img loading=\"lazy\" decoding=\"async\" width=\"768\" height=\"511\" src=\"https:\/\/www.elturistatranquil.com\/wp-content\/uploads\/F99-Colonia-Vidal-Puig-reig-Barcelona.jpg\" class=\"attachment-large size-large wp-image-59264\" alt=\"Colonia Vidal, Puig-reig, Barcelona\" srcset=\"https:\/\/www.elturistatranquil.com\/wp-content\/uploads\/F99-Colonia-Vidal-Puig-reig-Barcelona.jpg 768w, https:\/\/www.elturistatranquil.com\/wp-content\/uploads\/F99-Colonia-Vidal-Puig-reig-Barcelona-339x226.jpg 339w\" sizes=\"(max-width: 768px) 100vw, 768px\" \/>\t\t\t\t\t\t\t\t\t\t\t<figcaption class=\"widget-image-caption wp-caption-text\"><\/figcaption>\n\t\t\t\t\t\t\t\t\t\t<\/figure>\n\t\t\t\t\t\t\t\t\t<\/div>\n\t\t\t\t<\/div>\n\t\t\t\t<div class=\"elementor-element elementor-element-4e86fbb elementor-widget elementor-widget-image\" data-id=\"4e86fbb\" data-element_type=\"widget\" data-e-type=\"widget\" data-widget_type=\"image.default\">\n\t\t\t\t<div class=\"elementor-widget-container\">\n\t\t\t\t\t\t\t\t\t\t\t\t<figure class=\"wp-caption\">\n\t\t\t\t\t\t\t\t\t\t<img loading=\"lazy\" decoding=\"async\" width=\"768\" height=\"512\" src=\"https:\/\/www.elturistatranquil.com\/wp-content\/uploads\/F100-Colonia-Vidal-Puig-reig-Barcelona.jpg\" class=\"attachment-large size-large wp-image-59266\" alt=\"Colonia Vidal, Puig-reig, Barcelona\" srcset=\"https:\/\/www.elturistatranquil.com\/wp-content\/uploads\/F100-Colonia-Vidal-Puig-reig-Barcelona.jpg 768w, https:\/\/www.elturistatranquil.com\/wp-content\/uploads\/F100-Colonia-Vidal-Puig-reig-Barcelona-339x226.jpg 339w\" sizes=\"(max-width: 768px) 100vw, 768px\" \/>\t\t\t\t\t\t\t\t\t\t\t<figcaption class=\"widget-image-caption wp-caption-text\"><\/figcaption>\n\t\t\t\t\t\t\t\t\t\t<\/figure>\n\t\t\t\t\t\t\t\t\t<\/div>\n\t\t\t\t<\/div>\n\t\t\t\t<div class=\"elementor-element elementor-element-d9d29f0 elementor-widget elementor-widget-image\" data-id=\"d9d29f0\" data-element_type=\"widget\" data-e-type=\"widget\" data-widget_type=\"image.default\">\n\t\t\t\t<div class=\"elementor-widget-container\">\n\t\t\t\t\t\t\t\t\t\t\t\t<figure class=\"wp-caption\">\n\t\t\t\t\t\t\t\t\t\t<img loading=\"lazy\" decoding=\"async\" width=\"768\" height=\"512\" src=\"https:\/\/www.elturistatranquil.com\/wp-content\/uploads\/F101-Colonia-Vidal-Puig-reig-Barcelona.jpg\" class=\"attachment-large size-large wp-image-59268\" alt=\"Colonia Vidal, Puig-reig, Barcelona\" srcset=\"https:\/\/www.elturistatranquil.com\/wp-content\/uploads\/F101-Colonia-Vidal-Puig-reig-Barcelona.jpg 768w, https:\/\/www.elturistatranquil.com\/wp-content\/uploads\/F101-Colonia-Vidal-Puig-reig-Barcelona-339x226.jpg 339w\" sizes=\"(max-width: 768px) 100vw, 768px\" \/>\t\t\t\t\t\t\t\t\t\t\t<figcaption class=\"widget-image-caption wp-caption-text\"><\/figcaption>\n\t\t\t\t\t\t\t\t\t\t<\/figure>\n\t\t\t\t\t\t\t\t\t<\/div>\n\t\t\t\t<\/div>\n\t\t\t\t<div class=\"elementor-element elementor-element-f8f61c5 elementor-widget elementor-widget-image\" data-id=\"f8f61c5\" data-element_type=\"widget\" data-e-type=\"widget\" data-widget_type=\"image.default\">\n\t\t\t\t<div class=\"elementor-widget-container\">\n\t\t\t\t\t\t\t\t\t\t\t\t<figure class=\"wp-caption\">\n\t\t\t\t\t\t\t\t\t\t<img loading=\"lazy\" decoding=\"async\" width=\"768\" height=\"512\" src=\"https:\/\/www.elturistatranquil.com\/wp-content\/uploads\/F102-Colonia-Vidal-Puig-reig-Barcelona.jpg\" class=\"attachment-large size-large wp-image-59270\" alt=\"Colonia Vidal, Puig-reig, Barcelona\" srcset=\"https:\/\/www.elturistatranquil.com\/wp-content\/uploads\/F102-Colonia-Vidal-Puig-reig-Barcelona.jpg 768w, https:\/\/www.elturistatranquil.com\/wp-content\/uploads\/F102-Colonia-Vidal-Puig-reig-Barcelona-339x226.jpg 339w\" sizes=\"(max-width: 768px) 100vw, 768px\" \/>\t\t\t\t\t\t\t\t\t\t\t<figcaption class=\"widget-image-caption wp-caption-text\"><\/figcaption>\n\t\t\t\t\t\t\t\t\t\t<\/figure>\n\t\t\t\t\t\t\t\t\t<\/div>\n\t\t\t\t<\/div>\n\t\t\t\t<div class=\"elementor-element elementor-element-4270783 elementor-widget elementor-widget-image\" data-id=\"4270783\" data-element_type=\"widget\" data-e-type=\"widget\" data-widget_type=\"image.default\">\n\t\t\t\t<div class=\"elementor-widget-container\">\n\t\t\t\t\t\t\t\t\t\t\t\t<figure class=\"wp-caption\">\n\t\t\t\t\t\t\t\t\t\t<img loading=\"lazy\" decoding=\"async\" width=\"768\" height=\"512\" src=\"https:\/\/www.elturistatranquil.com\/wp-content\/uploads\/F103-Colonia-Vidal-Puig-reig-Barcelona.jpg\" class=\"attachment-large size-large wp-image-59272\" alt=\"Colonia Vidal, Puig-reig, Barcelona\" srcset=\"https:\/\/www.elturistatranquil.com\/wp-content\/uploads\/F103-Colonia-Vidal-Puig-reig-Barcelona.jpg 768w, https:\/\/www.elturistatranquil.com\/wp-content\/uploads\/F103-Colonia-Vidal-Puig-reig-Barcelona-339x226.jpg 339w\" sizes=\"(max-width: 768px) 100vw, 768px\" \/>\t\t\t\t\t\t\t\t\t\t\t<figcaption class=\"widget-image-caption wp-caption-text\"><\/figcaption>\n\t\t\t\t\t\t\t\t\t\t<\/figure>\n\t\t\t\t\t\t\t\t\t<\/div>\n\t\t\t\t<\/div>\n\t\t\t\t<div class=\"elementor-element elementor-element-8642b0f elementor-widget elementor-widget-heading\" data-id=\"8642b0f\" data-element_type=\"widget\" data-e-type=\"widget\" data-widget_type=\"heading.default\">\n\t\t\t\t<div class=\"elementor-widget-container\">\n\t\t\t\t\t<h4 class=\"elementor-heading-title elementor-size-default\">El casal de la dona i l\u2019escola de nenes<\/h4>\t\t\t\t<\/div>\n\t\t\t\t<\/div>\n\t\t\t\t<div class=\"elementor-element elementor-element-7e2e698 elementor-widget elementor-widget-text-editor\" data-id=\"7e2e698\" data-element_type=\"widget\" data-e-type=\"widget\" data-widget_type=\"text-editor.default\">\n\t\t\t\t<div class=\"elementor-widget-container\">\n\t\t\t\t\t\t\t\t\t<p>Des de 1905 hi havia un petit convent de monges Dominiques per atendre a les joves solteres, l\u2019escola de nenes i guarderia, i les dones en general. Estava situat a la banda esquerra a l&#8217;entrada a la f\u00e0brica, davant de la capella, i tenia un corredor que comunicava directament amb les instal\u00b7lacions fabrils per on entraven les noies.<\/p><p>El 1930 es dignifiquen aquestes funcions i es construeix un gran <strong>Casal de la Dona i escola<\/strong> (<strong>13<\/strong>).<\/p><p>\u00c9s molt important tenir en compte que les dones tenien un paper fonamental dins la col\u00f2nia, tant a nivell laboral com social. A les f\u00e0briques, assumien tasques precises i repetitives amb sous inferiors als dels homes. A m\u00e9s, dins la comunitat, es feien c\u00e0rrec de la crian\u00e7a, la llar i dinamitzaven l\u2019activitat social quotidiana.<\/p><p>El Casal de la Dona era un espai especialment dedicat a elles. Pensat com un lloc de trobada i suport, acollia especialment treballadores solteres, v\u00eddues i joves nouvingudes, oferint-les allotjament temporal. S\u2019hi impartien activitats com costura i formaci\u00f3 dom\u00e8stica. Estava regit per religioses o dones designades per l\u2019empresa i funcionava sota un r\u00e8gim paternalista i estrictament moralitzador.<\/p>\t\t\t\t\t\t\t\t<\/div>\n\t\t\t\t<\/div>\n\t\t\t\t<div class=\"elementor-element elementor-element-6a72c3b elementor-widget elementor-widget-image\" data-id=\"6a72c3b\" data-element_type=\"widget\" data-e-type=\"widget\" data-widget_type=\"image.default\">\n\t\t\t\t<div class=\"elementor-widget-container\">\n\t\t\t\t\t\t\t\t\t\t\t\t<figure class=\"wp-caption\">\n\t\t\t\t\t\t\t\t\t\t<img loading=\"lazy\" decoding=\"async\" width=\"768\" height=\"512\" src=\"https:\/\/www.elturistatranquil.com\/wp-content\/uploads\/F104-Colonia-Vidal-Puig-reig-Barcelona.jpg\" class=\"attachment-large size-large wp-image-59274\" alt=\"Colonia Vidal, Puig-reig, Barcelona\" srcset=\"https:\/\/www.elturistatranquil.com\/wp-content\/uploads\/F104-Colonia-Vidal-Puig-reig-Barcelona.jpg 768w, https:\/\/www.elturistatranquil.com\/wp-content\/uploads\/F104-Colonia-Vidal-Puig-reig-Barcelona-339x226.jpg 339w\" sizes=\"(max-width: 768px) 100vw, 768px\" \/>\t\t\t\t\t\t\t\t\t\t\t<figcaption class=\"widget-image-caption wp-caption-text\"><\/figcaption>\n\t\t\t\t\t\t\t\t\t\t<\/figure>\n\t\t\t\t\t\t\t\t\t<\/div>\n\t\t\t\t<\/div>\n\t\t\t\t<div class=\"elementor-element elementor-element-6846033 elementor-widget elementor-widget-image\" data-id=\"6846033\" data-element_type=\"widget\" data-e-type=\"widget\" data-widget_type=\"image.default\">\n\t\t\t\t<div class=\"elementor-widget-container\">\n\t\t\t\t\t\t\t\t\t\t\t\t<figure class=\"wp-caption\">\n\t\t\t\t\t\t\t\t\t\t<img loading=\"lazy\" decoding=\"async\" width=\"768\" height=\"512\" src=\"https:\/\/www.elturistatranquil.com\/wp-content\/uploads\/F105-Colonia-Vidal-Puig-reig-Barcelona.jpg\" class=\"attachment-large size-large wp-image-59276\" alt=\"Colonia Vidal, Puig-reig, Barcelona\" srcset=\"https:\/\/www.elturistatranquil.com\/wp-content\/uploads\/F105-Colonia-Vidal-Puig-reig-Barcelona.jpg 768w, https:\/\/www.elturistatranquil.com\/wp-content\/uploads\/F105-Colonia-Vidal-Puig-reig-Barcelona-339x226.jpg 339w\" sizes=\"(max-width: 768px) 100vw, 768px\" \/>\t\t\t\t\t\t\t\t\t\t\t<figcaption class=\"widget-image-caption wp-caption-text\"><\/figcaption>\n\t\t\t\t\t\t\t\t\t\t<\/figure>\n\t\t\t\t\t\t\t\t\t<\/div>\n\t\t\t\t<\/div>\n\t\t\t\t<div class=\"elementor-element elementor-element-b9902f8 elementor-widget elementor-widget-image\" data-id=\"b9902f8\" data-element_type=\"widget\" data-e-type=\"widget\" data-widget_type=\"image.default\">\n\t\t\t\t<div class=\"elementor-widget-container\">\n\t\t\t\t\t\t\t\t\t\t\t\t<figure class=\"wp-caption\">\n\t\t\t\t\t\t\t\t\t\t<img loading=\"lazy\" decoding=\"async\" width=\"768\" height=\"512\" src=\"https:\/\/www.elturistatranquil.com\/wp-content\/uploads\/F106-Colonia-Vidal-Puig-reig-Barcelona.jpg\" class=\"attachment-large size-large wp-image-59281\" alt=\"Colonia Vidal, Puig-reig, Barcelona\" srcset=\"https:\/\/www.elturistatranquil.com\/wp-content\/uploads\/F106-Colonia-Vidal-Puig-reig-Barcelona.jpg 768w, https:\/\/www.elturistatranquil.com\/wp-content\/uploads\/F106-Colonia-Vidal-Puig-reig-Barcelona-339x226.jpg 339w\" sizes=\"(max-width: 768px) 100vw, 768px\" \/>\t\t\t\t\t\t\t\t\t\t\t<figcaption class=\"widget-image-caption wp-caption-text\"><\/figcaption>\n\t\t\t\t\t\t\t\t\t\t<\/figure>\n\t\t\t\t\t\t\t\t\t<\/div>\n\t\t\t\t<\/div>\n\t\t\t\t<div class=\"elementor-element elementor-element-419e7b9 elementor-widget elementor-widget-image\" data-id=\"419e7b9\" data-element_type=\"widget\" data-e-type=\"widget\" data-widget_type=\"image.default\">\n\t\t\t\t<div class=\"elementor-widget-container\">\n\t\t\t\t\t\t\t\t\t\t\t\t<figure class=\"wp-caption\">\n\t\t\t\t\t\t\t\t\t\t<img loading=\"lazy\" decoding=\"async\" width=\"768\" height=\"512\" src=\"https:\/\/www.elturistatranquil.com\/wp-content\/uploads\/F107-Colonia-Vidal-Puig-reig-Barcelona.jpg\" class=\"attachment-large size-large wp-image-59283\" alt=\"Colonia Vidal, Puig-reig, Barcelona\" srcset=\"https:\/\/www.elturistatranquil.com\/wp-content\/uploads\/F107-Colonia-Vidal-Puig-reig-Barcelona.jpg 768w, https:\/\/www.elturistatranquil.com\/wp-content\/uploads\/F107-Colonia-Vidal-Puig-reig-Barcelona-339x226.jpg 339w\" sizes=\"(max-width: 768px) 100vw, 768px\" \/>\t\t\t\t\t\t\t\t\t\t\t<figcaption class=\"widget-image-caption wp-caption-text\"><\/figcaption>\n\t\t\t\t\t\t\t\t\t\t<\/figure>\n\t\t\t\t\t\t\t\t\t<\/div>\n\t\t\t\t<\/div>\n\t\t\t\t<div class=\"elementor-element elementor-element-f58f9f1 elementor-widget elementor-widget-heading\" data-id=\"f58f9f1\" data-element_type=\"widget\" data-e-type=\"widget\" data-widget_type=\"heading.default\">\n\t\t\t\t<div class=\"elementor-widget-container\">\n\t\t\t\t\t<h4 class=\"elementor-heading-title elementor-size-default\">El teatre vell i el teatre nou-cinema<\/h4>\t\t\t\t<\/div>\n\t\t\t\t<\/div>\n\t\t\t\t<div class=\"elementor-element elementor-element-90c679f elementor-widget elementor-widget-text-editor\" data-id=\"90c679f\" data-element_type=\"widget\" data-e-type=\"widget\" data-widget_type=\"text-editor.default\">\n\t\t\t\t<div class=\"elementor-widget-container\">\n\t\t\t\t\t\t\t\t\t<p>Des d\u2019un bon comen\u00e7ament la Col\u00f2nia va disposar d\u2019un <strong>teatre<\/strong> (<strong>16<\/strong>), situat al final del carrer Sant Ignasi. Un graonat semicircular d\u2019avant la porta sembla pensat per acollir espectadors. Actualment \u00e9s una edificaci\u00f3 nom\u00e9s amb valor simb\u00f2lic.<\/p><p>Despr\u00e9s de la crema de la capella durant la Guerra va servir com a esgl\u00e9sia fins a la construcci\u00f3 de la nova.<\/p>\t\t\t\t\t\t\t\t<\/div>\n\t\t\t\t<\/div>\n\t\t\t\t<div class=\"elementor-element elementor-element-a67806a elementor-widget elementor-widget-image\" data-id=\"a67806a\" data-element_type=\"widget\" data-e-type=\"widget\" data-widget_type=\"image.default\">\n\t\t\t\t<div class=\"elementor-widget-container\">\n\t\t\t\t\t\t\t\t\t\t\t\t<figure class=\"wp-caption\">\n\t\t\t\t\t\t\t\t\t\t<img loading=\"lazy\" decoding=\"async\" width=\"768\" height=\"512\" src=\"https:\/\/www.elturistatranquil.com\/wp-content\/uploads\/F108-Colonia-Vidal-Puig-reig-Barcelona.jpg\" class=\"attachment-large size-large wp-image-59285\" alt=\"Colonia Vidal, Puig-reig, Barcelona\" srcset=\"https:\/\/www.elturistatranquil.com\/wp-content\/uploads\/F108-Colonia-Vidal-Puig-reig-Barcelona.jpg 768w, https:\/\/www.elturistatranquil.com\/wp-content\/uploads\/F108-Colonia-Vidal-Puig-reig-Barcelona-339x226.jpg 339w\" sizes=\"(max-width: 768px) 100vw, 768px\" \/>\t\t\t\t\t\t\t\t\t\t\t<figcaption class=\"widget-image-caption wp-caption-text\"><\/figcaption>\n\t\t\t\t\t\t\t\t\t\t<\/figure>\n\t\t\t\t\t\t\t\t\t<\/div>\n\t\t\t\t<\/div>\n\t\t\t\t<div class=\"elementor-element elementor-element-eefd9ab elementor-widget elementor-widget-image\" data-id=\"eefd9ab\" data-element_type=\"widget\" data-e-type=\"widget\" data-widget_type=\"image.default\">\n\t\t\t\t<div class=\"elementor-widget-container\">\n\t\t\t\t\t\t\t\t\t\t\t\t<figure class=\"wp-caption\">\n\t\t\t\t\t\t\t\t\t\t<img loading=\"lazy\" decoding=\"async\" width=\"768\" height=\"511\" src=\"https:\/\/www.elturistatranquil.com\/wp-content\/uploads\/F109-Colonia-Vidal-Puig-reig-Barcelona.jpg\" class=\"attachment-large size-large wp-image-59287\" alt=\"Colonia Vidal, Puig-reig, Barcelona\" srcset=\"https:\/\/www.elturistatranquil.com\/wp-content\/uploads\/F109-Colonia-Vidal-Puig-reig-Barcelona.jpg 768w, https:\/\/www.elturistatranquil.com\/wp-content\/uploads\/F109-Colonia-Vidal-Puig-reig-Barcelona-339x226.jpg 339w\" sizes=\"(max-width: 768px) 100vw, 768px\" \/>\t\t\t\t\t\t\t\t\t\t\t<figcaption class=\"widget-image-caption wp-caption-text\"><\/figcaption>\n\t\t\t\t\t\t\t\t\t\t<\/figure>\n\t\t\t\t\t\t\t\t\t<\/div>\n\t\t\t\t<\/div>\n\t\t\t\t<div class=\"elementor-element elementor-element-d2a7412 elementor-widget elementor-widget-text-editor\" data-id=\"d2a7412\" data-element_type=\"widget\" data-e-type=\"widget\" data-widget_type=\"text-editor.default\">\n\t\t\t\t<div class=\"elementor-widget-container\">\n\t\t\t\t\t\t\t\t\t<p>Quan als anys 30 es va construir la seu de la Fundaci\u00f3 Vidal, si va adossar un magn\u00edfic edifici destinat a <strong>teatre-cinema<\/strong> (<strong>10<\/strong>) amb una capacitat per a m\u00e9s de cent persones.<\/p>\t\t\t\t\t\t\t\t<\/div>\n\t\t\t\t<\/div>\n\t\t\t\t<div class=\"elementor-element elementor-element-028721d elementor-widget elementor-widget-image\" data-id=\"028721d\" data-element_type=\"widget\" data-e-type=\"widget\" data-widget_type=\"image.default\">\n\t\t\t\t<div class=\"elementor-widget-container\">\n\t\t\t\t\t\t\t\t\t\t\t\t<figure class=\"wp-caption\">\n\t\t\t\t\t\t\t\t\t\t<img loading=\"lazy\" decoding=\"async\" width=\"768\" height=\"512\" src=\"https:\/\/www.elturistatranquil.com\/wp-content\/uploads\/F110-Colonia-Vidal-Puig-reig-Barcelona.jpg\" class=\"attachment-large size-large wp-image-59289\" alt=\"Colonia Vidal, Puig-reig, Barcelona\" srcset=\"https:\/\/www.elturistatranquil.com\/wp-content\/uploads\/F110-Colonia-Vidal-Puig-reig-Barcelona.jpg 768w, https:\/\/www.elturistatranquil.com\/wp-content\/uploads\/F110-Colonia-Vidal-Puig-reig-Barcelona-339x226.jpg 339w\" sizes=\"(max-width: 768px) 100vw, 768px\" \/>\t\t\t\t\t\t\t\t\t\t\t<figcaption class=\"widget-image-caption wp-caption-text\"><\/figcaption>\n\t\t\t\t\t\t\t\t\t\t<\/figure>\n\t\t\t\t\t\t\t\t\t<\/div>\n\t\t\t\t<\/div>\n\t\t\t\t<div class=\"elementor-element elementor-element-c1873b2 elementor-widget elementor-widget-text-editor\" data-id=\"c1873b2\" data-element_type=\"widget\" data-e-type=\"widget\" data-widget_type=\"text-editor.default\">\n\t\t\t\t<div class=\"elementor-widget-container\">\n\t\t\t\t\t\t\t\t\t<p>\u00c9s el punt de trobada de les visites col\u00b7lectives, i on es projecte un documental sobre la Col\u00f2nia.<\/p>\t\t\t\t\t\t\t\t<\/div>\n\t\t\t\t<\/div>\n\t\t\t\t<div class=\"elementor-element elementor-element-e166664 elementor-widget elementor-widget-image\" data-id=\"e166664\" data-element_type=\"widget\" data-e-type=\"widget\" data-widget_type=\"image.default\">\n\t\t\t\t<div class=\"elementor-widget-container\">\n\t\t\t\t\t\t\t\t\t\t\t\t<figure class=\"wp-caption\">\n\t\t\t\t\t\t\t\t\t\t<img loading=\"lazy\" decoding=\"async\" width=\"768\" height=\"512\" src=\"https:\/\/www.elturistatranquil.com\/wp-content\/uploads\/F111-Colonia-Vidal-Puig-reig-Barcelona.jpg\" class=\"attachment-large size-large wp-image-59294\" alt=\"Colonia Vidal, Puig-reig, Barcelona\" srcset=\"https:\/\/www.elturistatranquil.com\/wp-content\/uploads\/F111-Colonia-Vidal-Puig-reig-Barcelona.jpg 768w, https:\/\/www.elturistatranquil.com\/wp-content\/uploads\/F111-Colonia-Vidal-Puig-reig-Barcelona-339x226.jpg 339w\" sizes=\"(max-width: 768px) 100vw, 768px\" \/>\t\t\t\t\t\t\t\t\t\t\t<figcaption class=\"widget-image-caption wp-caption-text\"><\/figcaption>\n\t\t\t\t\t\t\t\t\t\t<\/figure>\n\t\t\t\t\t\t\t\t\t<\/div>\n\t\t\t\t<\/div>\n\t\t\t\t<div class=\"elementor-element elementor-element-c955567 elementor-widget elementor-widget-image\" data-id=\"c955567\" data-element_type=\"widget\" data-e-type=\"widget\" data-widget_type=\"image.default\">\n\t\t\t\t<div class=\"elementor-widget-container\">\n\t\t\t\t\t\t\t\t\t\t\t\t<figure class=\"wp-caption\">\n\t\t\t\t\t\t\t\t\t\t<img loading=\"lazy\" decoding=\"async\" width=\"768\" height=\"512\" src=\"https:\/\/www.elturistatranquil.com\/wp-content\/uploads\/F112-Colonia-Vidal-Puig-reig-Barcelona.jpg\" class=\"attachment-large size-large wp-image-59296\" alt=\"Colonia Vidal, Puig-reig, Barcelona\" srcset=\"https:\/\/www.elturistatranquil.com\/wp-content\/uploads\/F112-Colonia-Vidal-Puig-reig-Barcelona.jpg 768w, https:\/\/www.elturistatranquil.com\/wp-content\/uploads\/F112-Colonia-Vidal-Puig-reig-Barcelona-339x226.jpg 339w\" sizes=\"(max-width: 768px) 100vw, 768px\" \/>\t\t\t\t\t\t\t\t\t\t\t<figcaption class=\"widget-image-caption wp-caption-text\"><\/figcaption>\n\t\t\t\t\t\t\t\t\t\t<\/figure>\n\t\t\t\t\t\t\t\t\t<\/div>\n\t\t\t\t<\/div>\n\t\t\t\t<div class=\"elementor-element elementor-element-7a82602 elementor-widget elementor-widget-image\" data-id=\"7a82602\" data-element_type=\"widget\" data-e-type=\"widget\" data-widget_type=\"image.default\">\n\t\t\t\t<div class=\"elementor-widget-container\">\n\t\t\t\t\t\t\t\t\t\t\t\t<figure class=\"wp-caption\">\n\t\t\t\t\t\t\t\t\t\t<img loading=\"lazy\" decoding=\"async\" width=\"768\" height=\"512\" src=\"https:\/\/www.elturistatranquil.com\/wp-content\/uploads\/F113-Colonia-Vidal-Puig-reig-Barcelona.jpg\" class=\"attachment-large size-large wp-image-59298\" alt=\"Colonia Vidal, Puig-reig, Barcelona\" srcset=\"https:\/\/www.elturistatranquil.com\/wp-content\/uploads\/F113-Colonia-Vidal-Puig-reig-Barcelona.jpg 768w, https:\/\/www.elturistatranquil.com\/wp-content\/uploads\/F113-Colonia-Vidal-Puig-reig-Barcelona-339x226.jpg 339w\" sizes=\"(max-width: 768px) 100vw, 768px\" \/>\t\t\t\t\t\t\t\t\t\t\t<figcaption class=\"widget-image-caption wp-caption-text\"><\/figcaption>\n\t\t\t\t\t\t\t\t\t\t<\/figure>\n\t\t\t\t\t\t\t\t\t<\/div>\n\t\t\t\t<\/div>\n\t\t\t\t<div class=\"elementor-element elementor-element-543d7c0 elementor-widget elementor-widget-heading\" data-id=\"543d7c0\" data-element_type=\"widget\" data-e-type=\"widget\" data-widget_type=\"heading.default\">\n\t\t\t\t<div class=\"elementor-widget-container\">\n\t\t\t\t\t<h4 class=\"elementor-heading-title elementor-size-default\">La biblioteca<\/h4>\t\t\t\t<\/div>\n\t\t\t\t<\/div>\n\t\t\t\t<div class=\"elementor-element elementor-element-ed4d270 elementor-widget elementor-widget-text-editor\" data-id=\"ed4d270\" data-element_type=\"widget\" data-e-type=\"widget\" data-widget_type=\"text-editor.default\">\n\t\t\t\t<div class=\"elementor-widget-container\">\n\t\t\t\t\t\t\t\t\t<p>Una amplia <strong>biblioteca i sala de lectura<\/strong>, amb una bibliotec\u00e0ria, proporcionava llibres de lectura per emportar a casa, especialment a les dones.<\/p><p>Tamb\u00e9 servia per a sala d\u2019estudis.<\/p>\t\t\t\t\t\t\t\t<\/div>\n\t\t\t\t<\/div>\n\t\t\t\t<div class=\"elementor-element elementor-element-3b73d9c elementor-widget elementor-widget-image\" data-id=\"3b73d9c\" data-element_type=\"widget\" data-e-type=\"widget\" data-widget_type=\"image.default\">\n\t\t\t\t<div class=\"elementor-widget-container\">\n\t\t\t\t\t\t\t\t\t\t\t\t<figure class=\"wp-caption\">\n\t\t\t\t\t\t\t\t\t\t<img loading=\"lazy\" decoding=\"async\" width=\"768\" height=\"512\" src=\"https:\/\/www.elturistatranquil.com\/wp-content\/uploads\/F114-Colonia-Vidal-Puig-reig-Barcelona.jpg\" class=\"attachment-large size-large wp-image-59300\" alt=\"Colonia Vidal, Puig-reig, Barcelona\" srcset=\"https:\/\/www.elturistatranquil.com\/wp-content\/uploads\/F114-Colonia-Vidal-Puig-reig-Barcelona.jpg 768w, https:\/\/www.elturistatranquil.com\/wp-content\/uploads\/F114-Colonia-Vidal-Puig-reig-Barcelona-339x226.jpg 339w\" sizes=\"(max-width: 768px) 100vw, 768px\" \/>\t\t\t\t\t\t\t\t\t\t\t<figcaption class=\"widget-image-caption wp-caption-text\"><\/figcaption>\n\t\t\t\t\t\t\t\t\t\t<\/figure>\n\t\t\t\t\t\t\t\t\t<\/div>\n\t\t\t\t<\/div>\n\t\t\t\t<div class=\"elementor-element elementor-element-6a23325 elementor-widget elementor-widget-image\" data-id=\"6a23325\" data-element_type=\"widget\" data-e-type=\"widget\" data-widget_type=\"image.default\">\n\t\t\t\t<div class=\"elementor-widget-container\">\n\t\t\t\t\t\t\t\t\t\t\t\t<figure class=\"wp-caption\">\n\t\t\t\t\t\t\t\t\t\t<img loading=\"lazy\" decoding=\"async\" width=\"768\" height=\"512\" src=\"https:\/\/www.elturistatranquil.com\/wp-content\/uploads\/F115-Colonia-Vidal-Puig-reig-Barcelona.jpg\" class=\"attachment-large size-large wp-image-59302\" alt=\"Colonia Vidal, Puig-reig, Barcelona\" srcset=\"https:\/\/www.elturistatranquil.com\/wp-content\/uploads\/F115-Colonia-Vidal-Puig-reig-Barcelona.jpg 768w, https:\/\/www.elturistatranquil.com\/wp-content\/uploads\/F115-Colonia-Vidal-Puig-reig-Barcelona-339x226.jpg 339w\" sizes=\"(max-width: 768px) 100vw, 768px\" \/>\t\t\t\t\t\t\t\t\t\t\t<figcaption class=\"widget-image-caption wp-caption-text\"><\/figcaption>\n\t\t\t\t\t\t\t\t\t\t<\/figure>\n\t\t\t\t\t\t\t\t\t<\/div>\n\t\t\t\t<\/div>\n\t\t\t\t<div class=\"elementor-element elementor-element-280a807 elementor-widget elementor-widget-heading\" data-id=\"280a807\" data-element_type=\"widget\" data-e-type=\"widget\" data-widget_type=\"heading.default\">\n\t\t\t\t<div class=\"elementor-widget-container\">\n\t\t\t\t\t<h4 class=\"elementor-heading-title elementor-size-default\">La pista esportiva<\/h4>\t\t\t\t<\/div>\n\t\t\t\t<\/div>\n\t\t\t\t<div class=\"elementor-element elementor-element-186f82b elementor-widget elementor-widget-text-editor\" data-id=\"186f82b\" data-element_type=\"widget\" data-e-type=\"widget\" data-widget_type=\"text-editor.default\">\n\t\t\t\t<div class=\"elementor-widget-container\">\n\t\t\t\t\t\t\t\t\t<p>A la part posterior de la Fundaci\u00f3 es crea una <strong>zona esportiva<\/strong> (<strong>14<\/strong>) al servei de l\u2019escola i dels treballadors.<\/p>\t\t\t\t\t\t\t\t<\/div>\n\t\t\t\t<\/div>\n\t\t\t\t<div class=\"elementor-element elementor-element-b2102f6 elementor-widget elementor-widget-image\" data-id=\"b2102f6\" data-element_type=\"widget\" data-e-type=\"widget\" data-widget_type=\"image.default\">\n\t\t\t\t<div class=\"elementor-widget-container\">\n\t\t\t\t\t\t\t\t\t\t\t\t<figure class=\"wp-caption\">\n\t\t\t\t\t\t\t\t\t\t<img loading=\"lazy\" decoding=\"async\" width=\"768\" height=\"512\" src=\"https:\/\/www.elturistatranquil.com\/wp-content\/uploads\/F116-Colonia-Vidal-Puig-reig-Barcelona.jpg\" class=\"attachment-large size-large wp-image-59304\" alt=\"Colonia Vidal, Puig-reig, Barcelona\" srcset=\"https:\/\/www.elturistatranquil.com\/wp-content\/uploads\/F116-Colonia-Vidal-Puig-reig-Barcelona.jpg 768w, https:\/\/www.elturistatranquil.com\/wp-content\/uploads\/F116-Colonia-Vidal-Puig-reig-Barcelona-339x226.jpg 339w\" sizes=\"(max-width: 768px) 100vw, 768px\" \/>\t\t\t\t\t\t\t\t\t\t\t<figcaption class=\"widget-image-caption wp-caption-text\"><\/figcaption>\n\t\t\t\t\t\t\t\t\t\t<\/figure>\n\t\t\t\t\t\t\t\t\t<\/div>\n\t\t\t\t<\/div>\n\t\t\t\t<div class=\"elementor-element elementor-element-fd64ae3 elementor-widget elementor-widget-heading\" data-id=\"fd64ae3\" data-element_type=\"widget\" data-e-type=\"widget\" data-widget_type=\"heading.default\">\n\t\t\t\t<div class=\"elementor-widget-container\">\n\t\t\t\t\t<h4 class=\"elementor-heading-title elementor-size-default\">El caf\u00e8-casino<\/h4>\t\t\t\t<\/div>\n\t\t\t\t<\/div>\n\t\t\t\t<div class=\"elementor-element elementor-element-04e6669 elementor-widget elementor-widget-text-editor\" data-id=\"04e6669\" data-element_type=\"widget\" data-e-type=\"widget\" data-widget_type=\"text-editor.default\">\n\t\t\t\t<div class=\"elementor-widget-container\">\n\t\t\t\t\t\t\t\t\t<p>Un lloc de reuni\u00f3, fonamentalment per al homes, era el caf\u00e8. Aquesta instituci\u00f3 va existir des de bon comen\u00e7ament.<\/p><p>Primer el <strong>caf\u00e8 vell<\/strong> als blocs del carrer Sant Ignasi. Y posteriorment el <strong>caf\u00e8-casino<\/strong> a l\u2019edifici de la Fundaci\u00f3.<\/p>\t\t\t\t\t\t\t\t<\/div>\n\t\t\t\t<\/div>\n\t\t\t\t<div class=\"elementor-element elementor-element-78772a3 elementor-widget elementor-widget-image\" data-id=\"78772a3\" data-element_type=\"widget\" data-e-type=\"widget\" data-widget_type=\"image.default\">\n\t\t\t\t<div class=\"elementor-widget-container\">\n\t\t\t\t\t\t\t\t\t\t\t\t<figure class=\"wp-caption\">\n\t\t\t\t\t\t\t\t\t\t<img loading=\"lazy\" decoding=\"async\" width=\"768\" height=\"511\" src=\"https:\/\/www.elturistatranquil.com\/wp-content\/uploads\/F117-Colonia-Vidal-Puig-reig-Barcelona.jpg\" class=\"attachment-large size-large wp-image-59309\" alt=\"Colonia Vidal, Puig-reig, Barcelona\" srcset=\"https:\/\/www.elturistatranquil.com\/wp-content\/uploads\/F117-Colonia-Vidal-Puig-reig-Barcelona.jpg 768w, https:\/\/www.elturistatranquil.com\/wp-content\/uploads\/F117-Colonia-Vidal-Puig-reig-Barcelona-339x226.jpg 339w\" sizes=\"(max-width: 768px) 100vw, 768px\" \/>\t\t\t\t\t\t\t\t\t\t\t<figcaption class=\"widget-image-caption wp-caption-text\"><\/figcaption>\n\t\t\t\t\t\t\t\t\t\t<\/figure>\n\t\t\t\t\t\t\t\t\t<\/div>\n\t\t\t\t<\/div>\n\t\t\t\t<div class=\"elementor-element elementor-element-3bc1356 elementor-widget elementor-widget-heading\" data-id=\"3bc1356\" data-element_type=\"widget\" data-e-type=\"widget\" data-widget_type=\"heading.default\">\n\t\t\t\t<div class=\"elementor-widget-container\">\n\t\t\t\t\t<h4 class=\"elementor-heading-title elementor-size-default\">La fonda el tel\u00e8fon p\u00fablic i la carnisseria<\/h4>\t\t\t\t<\/div>\n\t\t\t\t<\/div>\n\t\t\t\t<div class=\"elementor-element elementor-element-760ad51 elementor-widget elementor-widget-text-editor\" data-id=\"760ad51\" data-element_type=\"widget\" data-e-type=\"widget\" data-widget_type=\"text-editor.default\">\n\t\t\t\t<div class=\"elementor-widget-container\">\n\t\t\t\t\t\t\t\t\t<p>Per a allotjar visitants espor\u00e0dics o treballadors ocasionals per a la instal\u00b7laci\u00f3 i manteniment de la f\u00e0brica, tamb\u00e9 des del primer moment\u00a0 va funcionar una <strong>fonda<\/strong> (<strong>17<\/strong>) com un servei m\u00e9s al carrer Sant Ignasi. Segons informa el cartell, tamb\u00e9 va tenir les funcions de tel\u00e8fon p\u00fablic i carnisseria.<\/p>\t\t\t\t\t\t\t\t<\/div>\n\t\t\t\t<\/div>\n\t\t\t\t<div class=\"elementor-element elementor-element-33d7503 elementor-widget elementor-widget-image\" data-id=\"33d7503\" data-element_type=\"widget\" data-e-type=\"widget\" data-widget_type=\"image.default\">\n\t\t\t\t<div class=\"elementor-widget-container\">\n\t\t\t\t\t\t\t\t\t\t\t\t<figure class=\"wp-caption\">\n\t\t\t\t\t\t\t\t\t\t<img loading=\"lazy\" decoding=\"async\" width=\"768\" height=\"511\" src=\"https:\/\/www.elturistatranquil.com\/wp-content\/uploads\/F118-Colonia-Vidal-Puig-reig-Barcelona.jpg\" class=\"attachment-large size-large wp-image-59311\" alt=\"Colonia Vidal, Puig-reig, Barcelona\" srcset=\"https:\/\/www.elturistatranquil.com\/wp-content\/uploads\/F118-Colonia-Vidal-Puig-reig-Barcelona.jpg 768w, https:\/\/www.elturistatranquil.com\/wp-content\/uploads\/F118-Colonia-Vidal-Puig-reig-Barcelona-339x226.jpg 339w\" sizes=\"(max-width: 768px) 100vw, 768px\" \/>\t\t\t\t\t\t\t\t\t\t\t<figcaption class=\"widget-image-caption wp-caption-text\"><\/figcaption>\n\t\t\t\t\t\t\t\t\t\t<\/figure>\n\t\t\t\t\t\t\t\t\t<\/div>\n\t\t\t\t<\/div>\n\t\t\t\t<div class=\"elementor-element elementor-element-85c482f elementor-widget elementor-widget-heading\" data-id=\"85c482f\" data-element_type=\"widget\" data-e-type=\"widget\" data-widget_type=\"heading.default\">\n\t\t\t\t<div class=\"elementor-widget-container\">\n\t\t\t\t\t<h4 class=\"elementor-heading-title elementor-size-default\">La font p\u00fablica<\/h4>\t\t\t\t<\/div>\n\t\t\t\t<\/div>\n\t\t\t\t<div class=\"elementor-element elementor-element-8268bc1 elementor-widget elementor-widget-text-editor\" data-id=\"8268bc1\" data-element_type=\"widget\" data-e-type=\"widget\" data-widget_type=\"text-editor.default\">\n\t\t\t\t<div class=\"elementor-widget-container\">\n\t\t\t\t\t\t\t\t\t<p>Al carrer Sant Josep es veu una <strong>font p\u00fablica<\/strong> anomenada \u201c<strong>la bomba<\/strong>\u201d (<strong>18<\/strong>).\u00a0 Pel nom i la roda manual que s\u2019hi observa a un costat, devia elevar aigua per fer rajar les aixetes.<\/p><p>No he sabut trobar des de quin moment hi va haver aigua corrent als habitatges i si en una primera etapa s\u2019havien de proveir individualment des d\u2019aquesta \u201cbomba\u201d d\u2019extreure aigua.<\/p>\t\t\t\t\t\t\t\t<\/div>\n\t\t\t\t<\/div>\n\t\t\t\t<div class=\"elementor-element elementor-element-14d1ca0 elementor-widget elementor-widget-image\" data-id=\"14d1ca0\" data-element_type=\"widget\" data-e-type=\"widget\" data-widget_type=\"image.default\">\n\t\t\t\t<div class=\"elementor-widget-container\">\n\t\t\t\t\t\t\t\t\t\t\t\t<figure class=\"wp-caption\">\n\t\t\t\t\t\t\t\t\t\t<img loading=\"lazy\" decoding=\"async\" width=\"768\" height=\"511\" src=\"https:\/\/www.elturistatranquil.com\/wp-content\/uploads\/F119-Colonia-Vidal-Puig-reig-Barcelona.jpg\" class=\"attachment-large size-large wp-image-59313\" alt=\"Colonia Vidal, Puig-reig, Barcelona\" srcset=\"https:\/\/www.elturistatranquil.com\/wp-content\/uploads\/F119-Colonia-Vidal-Puig-reig-Barcelona.jpg 768w, https:\/\/www.elturistatranquil.com\/wp-content\/uploads\/F119-Colonia-Vidal-Puig-reig-Barcelona-339x226.jpg 339w\" sizes=\"(max-width: 768px) 100vw, 768px\" \/>\t\t\t\t\t\t\t\t\t\t\t<figcaption class=\"widget-image-caption wp-caption-text\"><\/figcaption>\n\t\t\t\t\t\t\t\t\t\t<\/figure>\n\t\t\t\t\t\t\t\t\t<\/div>\n\t\t\t\t<\/div>\n\t\t\t\t<div class=\"elementor-element elementor-element-31c13cb elementor-widget elementor-widget-heading\" data-id=\"31c13cb\" data-element_type=\"widget\" data-e-type=\"widget\" data-widget_type=\"heading.default\">\n\t\t\t\t<div class=\"elementor-widget-container\">\n\t\t\t\t\t<h4 class=\"elementor-heading-title elementor-size-default\">La caixa d\u2019estalvis<\/h4>\t\t\t\t<\/div>\n\t\t\t\t<\/div>\n\t\t\t\t<div class=\"elementor-element elementor-element-5a308b9 elementor-widget elementor-widget-text-editor\" data-id=\"5a308b9\" data-element_type=\"widget\" data-e-type=\"widget\" data-widget_type=\"text-editor.default\">\n\t\t\t\t<div class=\"elementor-widget-container\">\n\t\t\t\t\t\t\t\t\t<p>Un fet excepcional entre les col\u00f2nies del Llobregat es l\u2019obertura l\u2019any 1928 d\u2019una sucursal de la <strong>Caixa d\u2019Estalvis de Manresa<\/strong> (<strong>19<\/strong>).<\/p><p>Ocupava un dels baixos del bloc (<strong>d<\/strong>) a la pla\u00e7a.<\/p>\t\t\t\t\t\t\t\t<\/div>\n\t\t\t\t<\/div>\n\t\t\t\t<div class=\"elementor-element elementor-element-5205ac9 elementor-widget elementor-widget-image\" data-id=\"5205ac9\" data-element_type=\"widget\" data-e-type=\"widget\" data-widget_type=\"image.default\">\n\t\t\t\t<div class=\"elementor-widget-container\">\n\t\t\t\t\t\t\t\t\t\t\t\t<figure class=\"wp-caption\">\n\t\t\t\t\t\t\t\t\t\t<img loading=\"lazy\" decoding=\"async\" width=\"768\" height=\"512\" src=\"https:\/\/www.elturistatranquil.com\/wp-content\/uploads\/F120-Colonia-Vidal-Puig-reig-Barcelona.jpg\" class=\"attachment-large size-large wp-image-59318\" alt=\"Colonia Vidal, Puig-reig, Barcelona\" srcset=\"https:\/\/www.elturistatranquil.com\/wp-content\/uploads\/F120-Colonia-Vidal-Puig-reig-Barcelona.jpg 768w, https:\/\/www.elturistatranquil.com\/wp-content\/uploads\/F120-Colonia-Vidal-Puig-reig-Barcelona-339x226.jpg 339w\" sizes=\"(max-width: 768px) 100vw, 768px\" \/>\t\t\t\t\t\t\t\t\t\t\t<figcaption class=\"widget-image-caption wp-caption-text\"><\/figcaption>\n\t\t\t\t\t\t\t\t\t\t<\/figure>\n\t\t\t\t\t\t\t\t\t<\/div>\n\t\t\t\t<\/div>\n\t\t\t\t<div class=\"elementor-element elementor-element-f7c78a6 elementor-widget elementor-widget-image\" data-id=\"f7c78a6\" data-element_type=\"widget\" data-e-type=\"widget\" data-widget_type=\"image.default\">\n\t\t\t\t<div class=\"elementor-widget-container\">\n\t\t\t\t\t\t\t\t\t\t\t\t<figure class=\"wp-caption\">\n\t\t\t\t\t\t\t\t\t\t<img loading=\"lazy\" decoding=\"async\" width=\"768\" height=\"512\" src=\"https:\/\/www.elturistatranquil.com\/wp-content\/uploads\/F121-Colonia-Vidal-Puig-reig-Barcelona.jpg\" class=\"attachment-large size-large wp-image-59320\" alt=\"Colonia Vidal, Puig-reig, Barcelona\" srcset=\"https:\/\/www.elturistatranquil.com\/wp-content\/uploads\/F121-Colonia-Vidal-Puig-reig-Barcelona.jpg 768w, https:\/\/www.elturistatranquil.com\/wp-content\/uploads\/F121-Colonia-Vidal-Puig-reig-Barcelona-339x226.jpg 339w\" sizes=\"(max-width: 768px) 100vw, 768px\" \/>\t\t\t\t\t\t\t\t\t\t\t<figcaption class=\"widget-image-caption wp-caption-text\"><\/figcaption>\n\t\t\t\t\t\t\t\t\t\t<\/figure>\n\t\t\t\t\t\t\t\t\t<\/div>\n\t\t\t\t<\/div>\n\t\t\t\t<div class=\"elementor-element elementor-element-76d97f6 elementor-widget elementor-widget-image\" data-id=\"76d97f6\" data-element_type=\"widget\" data-e-type=\"widget\" data-widget_type=\"image.default\">\n\t\t\t\t<div class=\"elementor-widget-container\">\n\t\t\t\t\t\t\t\t\t\t\t\t<figure class=\"wp-caption\">\n\t\t\t\t\t\t\t\t\t\t<img loading=\"lazy\" decoding=\"async\" width=\"768\" height=\"433\" src=\"https:\/\/www.elturistatranquil.com\/wp-content\/uploads\/F122-Colonia-Vidal-Puig-reig-Barcelona.jpg\" class=\"attachment-large size-large wp-image-59322\" alt=\"Colonia Vidal, Puig-reig, Barcelona\" srcset=\"https:\/\/www.elturistatranquil.com\/wp-content\/uploads\/F122-Colonia-Vidal-Puig-reig-Barcelona.jpg 768w, https:\/\/www.elturistatranquil.com\/wp-content\/uploads\/F122-Colonia-Vidal-Puig-reig-Barcelona-339x191.jpg 339w\" sizes=\"(max-width: 768px) 100vw, 768px\" \/>\t\t\t\t\t\t\t\t\t\t\t<figcaption class=\"widget-image-caption wp-caption-text\"><\/figcaption>\n\t\t\t\t\t\t\t\t\t\t<\/figure>\n\t\t\t\t\t\t\t\t\t<\/div>\n\t\t\t\t<\/div>\n\t\t\t\t<div class=\"elementor-element elementor-element-9843d50 elementor-widget elementor-widget-image\" data-id=\"9843d50\" data-element_type=\"widget\" data-e-type=\"widget\" data-widget_type=\"image.default\">\n\t\t\t\t<div class=\"elementor-widget-container\">\n\t\t\t\t\t\t\t\t\t\t\t\t<figure class=\"wp-caption\">\n\t\t\t\t\t\t\t\t\t\t<img loading=\"lazy\" decoding=\"async\" width=\"768\" height=\"512\" src=\"https:\/\/www.elturistatranquil.com\/wp-content\/uploads\/F123-Colonia-Vidal-Puig-reig-Barcelona.jpg\" class=\"attachment-large size-large wp-image-59324\" alt=\"Colonia Vidal, Puig-reig, Barcelona\" srcset=\"https:\/\/www.elturistatranquil.com\/wp-content\/uploads\/F123-Colonia-Vidal-Puig-reig-Barcelona.jpg 768w, https:\/\/www.elturistatranquil.com\/wp-content\/uploads\/F123-Colonia-Vidal-Puig-reig-Barcelona-339x226.jpg 339w\" sizes=\"(max-width: 768px) 100vw, 768px\" \/>\t\t\t\t\t\t\t\t\t\t\t<figcaption class=\"widget-image-caption wp-caption-text\"><\/figcaption>\n\t\t\t\t\t\t\t\t\t\t<\/figure>\n\t\t\t\t\t\t\t\t\t<\/div>\n\t\t\t\t<\/div>\n\t\t\t\t<div class=\"elementor-element elementor-element-10249a9 elementor-widget elementor-widget-image\" data-id=\"10249a9\" data-element_type=\"widget\" data-e-type=\"widget\" data-widget_type=\"image.default\">\n\t\t\t\t<div class=\"elementor-widget-container\">\n\t\t\t\t\t\t\t\t\t\t\t\t<figure class=\"wp-caption\">\n\t\t\t\t\t\t\t\t\t\t<img loading=\"lazy\" decoding=\"async\" width=\"768\" height=\"512\" src=\"https:\/\/www.elturistatranquil.com\/wp-content\/uploads\/F124-Colonia-Vidal-Puig-reig-Barcelona.jpg\" class=\"attachment-large size-large wp-image-59326\" alt=\"Colonia Vidal, Puig-reig, Barcelona\" srcset=\"https:\/\/www.elturistatranquil.com\/wp-content\/uploads\/F124-Colonia-Vidal-Puig-reig-Barcelona.jpg 768w, https:\/\/www.elturistatranquil.com\/wp-content\/uploads\/F124-Colonia-Vidal-Puig-reig-Barcelona-339x226.jpg 339w\" sizes=\"(max-width: 768px) 100vw, 768px\" \/>\t\t\t\t\t\t\t\t\t\t\t<figcaption class=\"widget-image-caption wp-caption-text\"><\/figcaption>\n\t\t\t\t\t\t\t\t\t\t<\/figure>\n\t\t\t\t\t\t\t\t\t<\/div>\n\t\t\t\t<\/div>\n\t\t\t\t<div class=\"elementor-element elementor-element-19c1ea9 elementor-widget elementor-widget-heading\" data-id=\"19c1ea9\" data-element_type=\"widget\" data-e-type=\"widget\" data-widget_type=\"heading.default\">\n\t\t\t\t<div class=\"elementor-widget-container\">\n\t\t\t\t\t<h3 class=\"elementor-heading-title elementor-size-default\">El poblat i els serveis a les persones i a les fam\u00edlies<\/h3>\t\t\t\t<\/div>\n\t\t\t\t<\/div>\n\t\t\t\t<div class=\"elementor-element elementor-element-9c3bffc elementor-widget elementor-widget-text-editor\" data-id=\"9c3bffc\" data-element_type=\"widget\" data-e-type=\"widget\" data-widget_type=\"text-editor.default\">\n\t\t\t\t<div class=\"elementor-widget-container\">\n\t\t\t\t\t\t\t\t\t<p>Al costat del serveis general, era molt important el conjunt de tots els serveis a les persones i a les fam\u00edlies, de manera que donessis resposta a totes les necessitats sense haver de sortir de la col\u00f2nia.<\/p>\t\t\t\t\t\t\t\t<\/div>\n\t\t\t\t<\/div>\n\t\t\t\t<div class=\"elementor-element elementor-element-96f834f elementor-widget elementor-widget-heading\" data-id=\"96f834f\" data-element_type=\"widget\" data-e-type=\"widget\" data-widget_type=\"heading.default\">\n\t\t\t\t<div class=\"elementor-widget-container\">\n\t\t\t\t\t<h4 class=\"elementor-heading-title elementor-size-default\">La dutxa comunit\u00e0ria<\/h4>\t\t\t\t<\/div>\n\t\t\t\t<\/div>\n\t\t\t\t<div class=\"elementor-element elementor-element-cafe547 elementor-widget elementor-widget-text-editor\" data-id=\"cafe547\" data-element_type=\"widget\" data-e-type=\"widget\" data-widget_type=\"text-editor.default\">\n\t\t\t\t<div class=\"elementor-widget-container\">\n\t\t\t\t\t\t\t\t\t<p>Pel que sembla, es va posar un especial inter\u00e8s en la higiene personal. Per aix\u00f2, es va imposar la obligaci\u00f3 de dutxar-se un cop per setmana. Com que les cases no disposaven de dutxa individual, hi havia unes <strong>dutxes comunit\u00e0ries<\/strong> (<strong>20<\/strong>) a una planta del bloc (<strong>d<\/strong>), a la pla\u00e7a.<\/p><p>Pel que expliquen, s\u2019establia un control personal per que tothom es dutx\u00e9s.<\/p>\t\t\t\t\t\t\t\t<\/div>\n\t\t\t\t<\/div>\n\t\t\t\t<div class=\"elementor-element elementor-element-1f9c88f elementor-widget elementor-widget-image\" data-id=\"1f9c88f\" data-element_type=\"widget\" data-e-type=\"widget\" data-widget_type=\"image.default\">\n\t\t\t\t<div class=\"elementor-widget-container\">\n\t\t\t\t\t\t\t\t\t\t\t\t<figure class=\"wp-caption\">\n\t\t\t\t\t\t\t\t\t\t<img loading=\"lazy\" decoding=\"async\" width=\"768\" height=\"512\" src=\"https:\/\/www.elturistatranquil.com\/wp-content\/uploads\/F125-Colonia-Vidal-Puig-reig-Barcelona.jpg\" class=\"attachment-large size-large wp-image-59328\" alt=\"Colonia Vidal, Puig-reig, Barcelona\" srcset=\"https:\/\/www.elturistatranquil.com\/wp-content\/uploads\/F125-Colonia-Vidal-Puig-reig-Barcelona.jpg 768w, https:\/\/www.elturistatranquil.com\/wp-content\/uploads\/F125-Colonia-Vidal-Puig-reig-Barcelona-339x226.jpg 339w\" sizes=\"(max-width: 768px) 100vw, 768px\" \/>\t\t\t\t\t\t\t\t\t\t\t<figcaption class=\"widget-image-caption wp-caption-text\"><\/figcaption>\n\t\t\t\t\t\t\t\t\t\t<\/figure>\n\t\t\t\t\t\t\t\t\t<\/div>\n\t\t\t\t<\/div>\n\t\t\t\t<div class=\"elementor-element elementor-element-da76833 elementor-widget elementor-widget-image\" data-id=\"da76833\" data-element_type=\"widget\" data-e-type=\"widget\" data-widget_type=\"image.default\">\n\t\t\t\t<div class=\"elementor-widget-container\">\n\t\t\t\t\t\t\t\t\t\t\t\t<figure class=\"wp-caption\">\n\t\t\t\t\t\t\t\t\t\t<img loading=\"lazy\" decoding=\"async\" width=\"768\" height=\"512\" src=\"https:\/\/www.elturistatranquil.com\/wp-content\/uploads\/F126-Colonia-Vidal-Puig-reig-Barcelona.jpg\" class=\"attachment-large size-large wp-image-59333\" alt=\"Colonia Vidal, Puig-reig, Barcelona\" srcset=\"https:\/\/www.elturistatranquil.com\/wp-content\/uploads\/F126-Colonia-Vidal-Puig-reig-Barcelona.jpg 768w, https:\/\/www.elturistatranquil.com\/wp-content\/uploads\/F126-Colonia-Vidal-Puig-reig-Barcelona-339x226.jpg 339w\" sizes=\"(max-width: 768px) 100vw, 768px\" \/>\t\t\t\t\t\t\t\t\t\t\t<figcaption class=\"widget-image-caption wp-caption-text\"><\/figcaption>\n\t\t\t\t\t\t\t\t\t\t<\/figure>\n\t\t\t\t\t\t\t\t\t<\/div>\n\t\t\t\t<\/div>\n\t\t\t\t<div class=\"elementor-element elementor-element-c77edee elementor-widget elementor-widget-image\" data-id=\"c77edee\" data-element_type=\"widget\" data-e-type=\"widget\" data-widget_type=\"image.default\">\n\t\t\t\t<div class=\"elementor-widget-container\">\n\t\t\t\t\t\t\t\t\t\t\t\t<figure class=\"wp-caption\">\n\t\t\t\t\t\t\t\t\t\t<img loading=\"lazy\" decoding=\"async\" width=\"768\" height=\"512\" src=\"https:\/\/www.elturistatranquil.com\/wp-content\/uploads\/F127-Colonia-Vidal-Puig-reig-Barcelona.jpg\" class=\"attachment-large size-large wp-image-59335\" alt=\"Colonia Vidal, Puig-reig, Barcelona\" srcset=\"https:\/\/www.elturistatranquil.com\/wp-content\/uploads\/F127-Colonia-Vidal-Puig-reig-Barcelona.jpg 768w, https:\/\/www.elturistatranquil.com\/wp-content\/uploads\/F127-Colonia-Vidal-Puig-reig-Barcelona-339x226.jpg 339w\" sizes=\"(max-width: 768px) 100vw, 768px\" \/>\t\t\t\t\t\t\t\t\t\t\t<figcaption class=\"widget-image-caption wp-caption-text\"><\/figcaption>\n\t\t\t\t\t\t\t\t\t\t<\/figure>\n\t\t\t\t\t\t\t\t\t<\/div>\n\t\t\t\t<\/div>\n\t\t\t\t<div class=\"elementor-element elementor-element-0b4e39f elementor-widget elementor-widget-text-editor\" data-id=\"0b4e39f\" data-element_type=\"widget\" data-e-type=\"widget\" data-widget_type=\"text-editor.default\">\n\t\t\t\t<div class=\"elementor-widget-container\">\n\t\t\t\t\t\t\t\t\t<p>Una caldera aportava l\u2019aigua calenta.<\/p>\t\t\t\t\t\t\t\t<\/div>\n\t\t\t\t<\/div>\n\t\t\t\t<div class=\"elementor-element elementor-element-7aacce0 elementor-widget elementor-widget-image\" data-id=\"7aacce0\" data-element_type=\"widget\" data-e-type=\"widget\" data-widget_type=\"image.default\">\n\t\t\t\t<div class=\"elementor-widget-container\">\n\t\t\t\t\t\t\t\t\t\t\t\t<figure class=\"wp-caption\">\n\t\t\t\t\t\t\t\t\t\t<img loading=\"lazy\" decoding=\"async\" width=\"768\" height=\"512\" src=\"https:\/\/www.elturistatranquil.com\/wp-content\/uploads\/F128-Colonia-Vidal-Puig-reig-Barcelona.jpg\" class=\"attachment-large size-large wp-image-59337\" alt=\"Colonia Vidal, Puig-reig, Barcelona\" srcset=\"https:\/\/www.elturistatranquil.com\/wp-content\/uploads\/F128-Colonia-Vidal-Puig-reig-Barcelona.jpg 768w, https:\/\/www.elturistatranquil.com\/wp-content\/uploads\/F128-Colonia-Vidal-Puig-reig-Barcelona-339x226.jpg 339w\" sizes=\"(max-width: 768px) 100vw, 768px\" \/>\t\t\t\t\t\t\t\t\t\t\t<figcaption class=\"widget-image-caption wp-caption-text\"><\/figcaption>\n\t\t\t\t\t\t\t\t\t\t<\/figure>\n\t\t\t\t\t\t\t\t\t<\/div>\n\t\t\t\t<\/div>\n\t\t\t\t<div class=\"elementor-element elementor-element-e402617 elementor-widget elementor-widget-heading\" data-id=\"e402617\" data-element_type=\"widget\" data-e-type=\"widget\" data-widget_type=\"heading.default\">\n\t\t\t\t<div class=\"elementor-widget-container\">\n\t\t\t\t\t<h4 class=\"elementor-heading-title elementor-size-default\">Els safareigs dels vius i dels morts<\/h4>\t\t\t\t<\/div>\n\t\t\t\t<\/div>\n\t\t\t\t<div class=\"elementor-element elementor-element-1d74f2a elementor-widget elementor-widget-text-editor\" data-id=\"1d74f2a\" data-element_type=\"widget\" data-e-type=\"widget\" data-widget_type=\"text-editor.default\">\n\t\t\t\t<div class=\"elementor-widget-container\">\n\t\t\t\t\t\t\t\t\t<p>Els safareigs p\u00fablics han estat un element important en la vida social de moltes localitats, com a \u00e0mbit de sociabilitat especialment per a les dones, que eren les que tenien encomanada la tasca de neteja.<\/p><p>Una caracter\u00edstica interessant es que el safareig tenia dos \u00e0mbits separats: el <strong>safareig del vius i el dels morts<\/strong> (<strong>21<\/strong>).<\/p><p>Al safareig del vius tenia lloc el rentat quotidi\u00e0. Per\u00f2 per mesura higi\u00e8nica preventiva, quan s\u2019havia de fer la bogada de roba de malalts o de morts s\u2019havia de fer separadament al denominat safareig del morts, per tal d\u2019evitar la transmissi\u00f3 d\u2019infeccions.<\/p><p>Nom\u00e9s es visible el dels vius.<\/p>\t\t\t\t\t\t\t\t<\/div>\n\t\t\t\t<\/div>\n\t\t\t\t<div class=\"elementor-element elementor-element-7b27548 elementor-widget elementor-widget-image\" data-id=\"7b27548\" data-element_type=\"widget\" data-e-type=\"widget\" data-widget_type=\"image.default\">\n\t\t\t\t<div class=\"elementor-widget-container\">\n\t\t\t\t\t\t\t\t\t\t\t\t<figure class=\"wp-caption\">\n\t\t\t\t\t\t\t\t\t\t<img loading=\"lazy\" decoding=\"async\" width=\"768\" height=\"512\" src=\"https:\/\/www.elturistatranquil.com\/wp-content\/uploads\/F129-Colonia-Vidal-Puig-reig-Barcelona.jpg\" class=\"attachment-large size-large wp-image-59342\" alt=\"Colonia Vidal, Puig-reig, Barcelona\" srcset=\"https:\/\/www.elturistatranquil.com\/wp-content\/uploads\/F129-Colonia-Vidal-Puig-reig-Barcelona.jpg 768w, https:\/\/www.elturistatranquil.com\/wp-content\/uploads\/F129-Colonia-Vidal-Puig-reig-Barcelona-339x226.jpg 339w\" sizes=\"(max-width: 768px) 100vw, 768px\" \/>\t\t\t\t\t\t\t\t\t\t\t<figcaption class=\"widget-image-caption wp-caption-text\"><\/figcaption>\n\t\t\t\t\t\t\t\t\t\t<\/figure>\n\t\t\t\t\t\t\t\t\t<\/div>\n\t\t\t\t<\/div>\n\t\t\t\t<div class=\"elementor-element elementor-element-d794c23 elementor-widget elementor-widget-image\" data-id=\"d794c23\" data-element_type=\"widget\" data-e-type=\"widget\" data-widget_type=\"image.default\">\n\t\t\t\t<div class=\"elementor-widget-container\">\n\t\t\t\t\t\t\t\t\t\t\t\t<figure class=\"wp-caption\">\n\t\t\t\t\t\t\t\t\t\t<img loading=\"lazy\" decoding=\"async\" width=\"768\" height=\"512\" src=\"https:\/\/www.elturistatranquil.com\/wp-content\/uploads\/F130-Colonia-Vidal-Puig-reig-Barcelona.jpg\" class=\"attachment-large size-large wp-image-59344\" alt=\"Colonia Vidal, Puig-reig, Barcelona\" srcset=\"https:\/\/www.elturistatranquil.com\/wp-content\/uploads\/F130-Colonia-Vidal-Puig-reig-Barcelona.jpg 768w, https:\/\/www.elturistatranquil.com\/wp-content\/uploads\/F130-Colonia-Vidal-Puig-reig-Barcelona-339x226.jpg 339w\" sizes=\"(max-width: 768px) 100vw, 768px\" \/>\t\t\t\t\t\t\t\t\t\t\t<figcaption class=\"widget-image-caption wp-caption-text\"><\/figcaption>\n\t\t\t\t\t\t\t\t\t\t<\/figure>\n\t\t\t\t\t\t\t\t\t<\/div>\n\t\t\t\t<\/div>\n\t\t\t\t<div class=\"elementor-element elementor-element-354a6c9 elementor-widget elementor-widget-heading\" data-id=\"354a6c9\" data-element_type=\"widget\" data-e-type=\"widget\" data-widget_type=\"heading.default\">\n\t\t\t\t<div class=\"elementor-widget-container\">\n\t\t\t\t\t<h4 class=\"elementor-heading-title elementor-size-default\">La botiga-economat i forn<\/h4>\t\t\t\t<\/div>\n\t\t\t\t<\/div>\n\t\t\t\t<div class=\"elementor-element elementor-element-d77518e elementor-widget elementor-widget-text-editor\" data-id=\"d77518e\" data-element_type=\"widget\" data-e-type=\"widget\" data-widget_type=\"text-editor.default\">\n\t\t\t\t<div class=\"elementor-widget-container\">\n\t\t\t\t\t\t\t\t\t<p>La darrera <strong>botiga o economat \u00a0i forn <\/strong>(<strong>12<\/strong>) la trobem en un ampli local al carrer Sant Josep al costat del casal de la Dona.<\/p><p>Com a qualsevol botiga de poble, s\u2019hi podien trobar objectes molt diversos.<\/p><p>La primera botiga estava localitzada a la zona de la f\u00e0brica.<\/p><p>Actualment serveix de local de reuni\u00f3 pels residents.<\/p>\t\t\t\t\t\t\t\t<\/div>\n\t\t\t\t<\/div>\n\t\t\t\t<div class=\"elementor-element elementor-element-ad5d6cb elementor-widget elementor-widget-image\" data-id=\"ad5d6cb\" data-element_type=\"widget\" data-e-type=\"widget\" data-widget_type=\"image.default\">\n\t\t\t\t<div class=\"elementor-widget-container\">\n\t\t\t\t\t\t\t\t\t\t\t\t<figure class=\"wp-caption\">\n\t\t\t\t\t\t\t\t\t\t<img loading=\"lazy\" decoding=\"async\" width=\"768\" height=\"512\" src=\"https:\/\/www.elturistatranquil.com\/wp-content\/uploads\/F131-Colonia-Vidal-Puig-reig-Barcelona.jpg\" class=\"attachment-large size-large wp-image-59349\" alt=\"Colonia Vidal, Puig-reig, Barcelona\" srcset=\"https:\/\/www.elturistatranquil.com\/wp-content\/uploads\/F131-Colonia-Vidal-Puig-reig-Barcelona.jpg 768w, https:\/\/www.elturistatranquil.com\/wp-content\/uploads\/F131-Colonia-Vidal-Puig-reig-Barcelona-339x226.jpg 339w\" sizes=\"(max-width: 768px) 100vw, 768px\" \/>\t\t\t\t\t\t\t\t\t\t\t<figcaption class=\"widget-image-caption wp-caption-text\"><\/figcaption>\n\t\t\t\t\t\t\t\t\t\t<\/figure>\n\t\t\t\t\t\t\t\t\t<\/div>\n\t\t\t\t<\/div>\n\t\t\t\t<div class=\"elementor-element elementor-element-44de0c9 elementor-widget elementor-widget-image\" data-id=\"44de0c9\" data-element_type=\"widget\" data-e-type=\"widget\" data-widget_type=\"image.default\">\n\t\t\t\t<div class=\"elementor-widget-container\">\n\t\t\t\t\t\t\t\t\t\t\t\t<figure class=\"wp-caption\">\n\t\t\t\t\t\t\t\t\t\t<img loading=\"lazy\" decoding=\"async\" width=\"768\" height=\"511\" src=\"https:\/\/www.elturistatranquil.com\/wp-content\/uploads\/F132-Colonia-Vidal-Puig-reig-Barcelona.jpg\" class=\"attachment-large size-large wp-image-59351\" alt=\"Colonia Vidal, Puig-reig, Barcelona\" srcset=\"https:\/\/www.elturistatranquil.com\/wp-content\/uploads\/F132-Colonia-Vidal-Puig-reig-Barcelona.jpg 768w, https:\/\/www.elturistatranquil.com\/wp-content\/uploads\/F132-Colonia-Vidal-Puig-reig-Barcelona-339x226.jpg 339w\" sizes=\"(max-width: 768px) 100vw, 768px\" \/>\t\t\t\t\t\t\t\t\t\t\t<figcaption class=\"widget-image-caption wp-caption-text\"><\/figcaption>\n\t\t\t\t\t\t\t\t\t\t<\/figure>\n\t\t\t\t\t\t\t\t\t<\/div>\n\t\t\t\t<\/div>\n\t\t\t\t<div class=\"elementor-element elementor-element-0994536 elementor-widget elementor-widget-heading\" data-id=\"0994536\" data-element_type=\"widget\" data-e-type=\"widget\" data-widget_type=\"heading.default\">\n\t\t\t\t<div class=\"elementor-widget-container\">\n\t\t\t\t\t<h4 class=\"elementor-heading-title elementor-size-default\">La carnisseria<\/h4>\t\t\t\t<\/div>\n\t\t\t\t<\/div>\n\t\t\t\t<div class=\"elementor-element elementor-element-85dc8ff elementor-widget elementor-widget-text-editor\" data-id=\"85dc8ff\" data-element_type=\"widget\" data-e-type=\"widget\" data-widget_type=\"text-editor.default\">\n\t\t\t\t<div class=\"elementor-widget-container\">\n\t\t\t\t\t\t\t\t\t<p>Ja hem vist que la carnisseria se\u2019ns diu que es trobava al local de la fonda.<\/p>\t\t\t\t\t\t\t\t<\/div>\n\t\t\t\t<\/div>\n\t\t\t\t<div class=\"elementor-element elementor-element-39f8b42 elementor-widget elementor-widget-heading\" data-id=\"39f8b42\" data-element_type=\"widget\" data-e-type=\"widget\" data-widget_type=\"heading.default\">\n\t\t\t\t<div class=\"elementor-widget-container\">\n\t\t\t\t\t<h4 class=\"elementor-heading-title elementor-size-default\">La peixateria<\/h4>\t\t\t\t<\/div>\n\t\t\t\t<\/div>\n\t\t\t\t<div class=\"elementor-element elementor-element-349af5f elementor-widget elementor-widget-text-editor\" data-id=\"349af5f\" data-element_type=\"widget\" data-e-type=\"widget\" data-widget_type=\"text-editor.default\">\n\t\t\t\t<div class=\"elementor-widget-container\">\n\t\t\t\t\t\t\t\t\t<p>En canvi, la <strong>peixateria<\/strong> (<strong>22<\/strong>), cal suposar que per raons d\u2019olors e higiene, es va localitzar en una edificaci\u00f3 a\u00efllada.\u00a0<\/p>\t\t\t\t\t\t\t\t<\/div>\n\t\t\t\t<\/div>\n\t\t\t\t<div class=\"elementor-element elementor-element-59ee41c elementor-widget elementor-widget-image\" data-id=\"59ee41c\" data-element_type=\"widget\" data-e-type=\"widget\" data-widget_type=\"image.default\">\n\t\t\t\t<div class=\"elementor-widget-container\">\n\t\t\t\t\t\t\t\t\t\t\t\t<figure class=\"wp-caption\">\n\t\t\t\t\t\t\t\t\t\t<img loading=\"lazy\" decoding=\"async\" width=\"768\" height=\"512\" src=\"https:\/\/www.elturistatranquil.com\/wp-content\/uploads\/F133-Colonia-Vidal-Puig-reig-Barcelona.jpg\" class=\"attachment-large size-large wp-image-59353\" alt=\"Colonia Vidal, Puig-reig, Barcelona\" srcset=\"https:\/\/www.elturistatranquil.com\/wp-content\/uploads\/F133-Colonia-Vidal-Puig-reig-Barcelona.jpg 768w, https:\/\/www.elturistatranquil.com\/wp-content\/uploads\/F133-Colonia-Vidal-Puig-reig-Barcelona-339x226.jpg 339w\" sizes=\"(max-width: 768px) 100vw, 768px\" \/>\t\t\t\t\t\t\t\t\t\t\t<figcaption class=\"widget-image-caption wp-caption-text\"><\/figcaption>\n\t\t\t\t\t\t\t\t\t\t<\/figure>\n\t\t\t\t\t\t\t\t\t<\/div>\n\t\t\t\t<\/div>\n\t\t\t\t<div class=\"elementor-element elementor-element-a8a2124 elementor-widget elementor-widget-text-editor\" data-id=\"a8a2124\" data-element_type=\"widget\" data-e-type=\"widget\" data-widget_type=\"text-editor.default\">\n\t\t\t\t<div class=\"elementor-widget-container\">\n\t\t\t\t\t\t\t\t\t<p>L\u2019expositor del peix \u00e9s molt apreciat en les visites.<\/p>\t\t\t\t\t\t\t\t<\/div>\n\t\t\t\t<\/div>\n\t\t\t\t<div class=\"elementor-element elementor-element-0435ca5 elementor-widget elementor-widget-image\" data-id=\"0435ca5\" data-element_type=\"widget\" data-e-type=\"widget\" data-widget_type=\"image.default\">\n\t\t\t\t<div class=\"elementor-widget-container\">\n\t\t\t\t\t\t\t\t\t\t\t\t<figure class=\"wp-caption\">\n\t\t\t\t\t\t\t\t\t\t<img loading=\"lazy\" decoding=\"async\" width=\"768\" height=\"512\" src=\"https:\/\/www.elturistatranquil.com\/wp-content\/uploads\/F134-Colonia-Vidal-Puig-reig-Barcelona.jpg\" class=\"attachment-large size-large wp-image-59355\" alt=\"Colonia Vidal, Puig-reig, Barcelona\" srcset=\"https:\/\/www.elturistatranquil.com\/wp-content\/uploads\/F134-Colonia-Vidal-Puig-reig-Barcelona.jpg 768w, https:\/\/www.elturistatranquil.com\/wp-content\/uploads\/F134-Colonia-Vidal-Puig-reig-Barcelona-339x226.jpg 339w\" sizes=\"(max-width: 768px) 100vw, 768px\" \/>\t\t\t\t\t\t\t\t\t\t\t<figcaption class=\"widget-image-caption wp-caption-text\"><\/figcaption>\n\t\t\t\t\t\t\t\t\t\t<\/figure>\n\t\t\t\t\t\t\t\t\t<\/div>\n\t\t\t\t<\/div>\n\t\t\t\t<div class=\"elementor-element elementor-element-34dd6b8 elementor-widget elementor-widget-heading\" data-id=\"34dd6b8\" data-element_type=\"widget\" data-e-type=\"widget\" data-widget_type=\"heading.default\">\n\t\t\t\t<div class=\"elementor-widget-container\">\n\t\t\t\t\t<h4 class=\"elementor-heading-title elementor-size-default\">L\u2019estanc i la barberia<\/h4>\t\t\t\t<\/div>\n\t\t\t\t<\/div>\n\t\t\t\t<div class=\"elementor-element elementor-element-5edce8d elementor-widget elementor-widget-text-editor\" data-id=\"5edce8d\" data-element_type=\"widget\" data-e-type=\"widget\" data-widget_type=\"text-editor.default\">\n\t\t\t\t<div class=\"elementor-widget-container\">\n\t\t\t\t\t\t\t\t\t<p>L\u2019<strong>estanc<\/strong> i la <strong>barberia<\/strong> ocupaven sengles espais als primers blocs al carrer Sant Ignasi. Devien ser espais essencialment masculins, de vital import\u00e0ncia en aquelles \u00e8poques.<\/p>\t\t\t\t\t\t\t\t<\/div>\n\t\t\t\t<\/div>\n\t\t\t\t<div class=\"elementor-element elementor-element-4a71328 elementor-widget elementor-widget-image\" data-id=\"4a71328\" data-element_type=\"widget\" data-e-type=\"widget\" data-widget_type=\"image.default\">\n\t\t\t\t<div class=\"elementor-widget-container\">\n\t\t\t\t\t\t\t\t\t\t\t\t<figure class=\"wp-caption\">\n\t\t\t\t\t\t\t\t\t\t<img loading=\"lazy\" decoding=\"async\" width=\"768\" height=\"511\" src=\"https:\/\/www.elturistatranquil.com\/wp-content\/uploads\/F135-Colonia-Vidal-Puig-reig-Barcelona.jpg\" class=\"attachment-large size-large wp-image-59357\" alt=\"Colonia Vidal, Puig-reig, Barcelona\" srcset=\"https:\/\/www.elturistatranquil.com\/wp-content\/uploads\/F135-Colonia-Vidal-Puig-reig-Barcelona.jpg 768w, https:\/\/www.elturistatranquil.com\/wp-content\/uploads\/F135-Colonia-Vidal-Puig-reig-Barcelona-339x226.jpg 339w\" sizes=\"(max-width: 768px) 100vw, 768px\" \/>\t\t\t\t\t\t\t\t\t\t\t<figcaption class=\"widget-image-caption wp-caption-text\"><\/figcaption>\n\t\t\t\t\t\t\t\t\t\t<\/figure>\n\t\t\t\t\t\t\t\t\t<\/div>\n\t\t\t\t<\/div>\n\t\t\t\t<div class=\"elementor-element elementor-element-89a9582 elementor-widget elementor-widget-heading\" data-id=\"89a9582\" data-element_type=\"widget\" data-e-type=\"widget\" data-widget_type=\"heading.default\">\n\t\t\t\t<div class=\"elementor-widget-container\">\n\t\t\t\t\t<h4 class=\"elementor-heading-title elementor-size-default\">Els horts<\/h4>\t\t\t\t<\/div>\n\t\t\t\t<\/div>\n\t\t\t\t<div class=\"elementor-element elementor-element-d8dce99 elementor-widget elementor-widget-text-editor\" data-id=\"d8dce99\" data-element_type=\"widget\" data-e-type=\"widget\" data-widget_type=\"text-editor.default\">\n\t\t\t\t<div class=\"elementor-widget-container\">\n\t\t\t\t\t\t\t\t\t<p>Tenint en compte la proced\u00e8ncia rural de la majoria dels primers treballadors disposar d\u2019un petit hort personal era un element que ajudava a la seva integraci\u00f3.<\/p><p>Els horts permetien a les fam\u00edlies dels treballadors complementar la seva economia i la seva alimentaci\u00f3 amb productes frescos auto produ\u00efts.<\/p><p>Tamb\u00e9 podien tenir una funci\u00f3 social i educativa, ja que fomentaven la conviv\u00e8ncia, la responsabilitat i el treball comunitari entre els ve\u00efns. En certa manera, els horts eren un element m\u00e9s del model paternalista de les col\u00f2nies, on els empresaris promovien activitats que afavorien l\u2019estabilitat i el benestar dels treballadors i les seves fam\u00edlies.<\/p><p>A la Col\u00f2nia, els <strong>horts<\/strong> (<strong>15<\/strong>) ocupaven els terrenys de la pendent entre les primeres cases del bloc (<strong>a<\/strong>) i el riu. \u00c9s possible que tamb\u00e9 n\u2019hi hagu\u00e9s al terreny de l\u2019entrada a la Col\u00f2nia a l\u2019esquerra.<\/p>\t\t\t\t\t\t\t\t<\/div>\n\t\t\t\t<\/div>\n\t\t\t\t<div class=\"elementor-element elementor-element-eb6a5a1 elementor-widget elementor-widget-image\" data-id=\"eb6a5a1\" data-element_type=\"widget\" data-e-type=\"widget\" data-widget_type=\"image.default\">\n\t\t\t\t<div class=\"elementor-widget-container\">\n\t\t\t\t\t\t\t\t\t\t\t\t<figure class=\"wp-caption\">\n\t\t\t\t\t\t\t\t\t\t<img loading=\"lazy\" decoding=\"async\" width=\"768\" height=\"512\" src=\"https:\/\/www.elturistatranquil.com\/wp-content\/uploads\/F136-Colonia-Vidal-Puig-reig-Barcelona.jpg\" class=\"attachment-large size-large wp-image-59362\" alt=\"Colonia Vidal, Puig-reig, Barcelona\" srcset=\"https:\/\/www.elturistatranquil.com\/wp-content\/uploads\/F136-Colonia-Vidal-Puig-reig-Barcelona.jpg 768w, https:\/\/www.elturistatranquil.com\/wp-content\/uploads\/F136-Colonia-Vidal-Puig-reig-Barcelona-339x226.jpg 339w\" sizes=\"(max-width: 768px) 100vw, 768px\" \/>\t\t\t\t\t\t\t\t\t\t\t<figcaption class=\"widget-image-caption wp-caption-text\"><\/figcaption>\n\t\t\t\t\t\t\t\t\t\t<\/figure>\n\t\t\t\t\t\t\t\t\t<\/div>\n\t\t\t\t<\/div>\n\t\t\t\t<div class=\"elementor-element elementor-element-dd155b2 elementor-widget elementor-widget-heading\" data-id=\"dd155b2\" data-element_type=\"widget\" data-e-type=\"widget\" data-widget_type=\"heading.default\">\n\t\t\t\t<div class=\"elementor-widget-container\">\n\t\t\t\t\t<h3 class=\"elementor-heading-title elementor-size-default\">El Museu<\/h3>\t\t\t\t<\/div>\n\t\t\t\t<\/div>\n\t\t\t\t<div class=\"elementor-element elementor-element-4df057c elementor-widget elementor-widget-text-editor\" data-id=\"4df057c\" data-element_type=\"widget\" data-e-type=\"widget\" data-widget_type=\"text-editor.default\">\n\t\t\t\t<div class=\"elementor-widget-container\">\n\t\t\t\t\t\t\t\t\t<p>Juntament amb l\u2019aula de l\u2019escola de nois, a la primera planta de la Fundaci\u00f3 Vidal, han crear un petit museu amb objectes b\u00e0sic de la industria i d\u2019altres quotidians.<\/p><p>Destaca per les parets un seguit de rellotges que reflecteixen els horaris de la vida de diferents membres de la Col\u00f2nia: contramestres, obrers, dones. I en dies feiners i festius.<\/p><p>El que es veu clarament reflectit s\u00f3n las dobles tasques, a la f\u00e0brica i a la casa de les dones, donada la seva obligatorietat de haver de treballar per a l\u2019empresa.<\/p>\t\t\t\t\t\t\t\t<\/div>\n\t\t\t\t<\/div>\n\t\t\t\t<div class=\"elementor-element elementor-element-3b2df45 elementor-widget elementor-widget-image\" data-id=\"3b2df45\" data-element_type=\"widget\" data-e-type=\"widget\" data-widget_type=\"image.default\">\n\t\t\t\t<div class=\"elementor-widget-container\">\n\t\t\t\t\t\t\t\t\t\t\t\t<figure class=\"wp-caption\">\n\t\t\t\t\t\t\t\t\t\t<img loading=\"lazy\" decoding=\"async\" width=\"768\" height=\"512\" src=\"https:\/\/www.elturistatranquil.com\/wp-content\/uploads\/F137-Colonia-Vidal-Puig-reig-Barcelona.jpg\" class=\"attachment-large size-large wp-image-59364\" alt=\"Colonia Vidal, Puig-reig, Barcelona\" srcset=\"https:\/\/www.elturistatranquil.com\/wp-content\/uploads\/F137-Colonia-Vidal-Puig-reig-Barcelona.jpg 768w, https:\/\/www.elturistatranquil.com\/wp-content\/uploads\/F137-Colonia-Vidal-Puig-reig-Barcelona-339x226.jpg 339w\" sizes=\"(max-width: 768px) 100vw, 768px\" \/>\t\t\t\t\t\t\t\t\t\t\t<figcaption class=\"widget-image-caption wp-caption-text\"><\/figcaption>\n\t\t\t\t\t\t\t\t\t\t<\/figure>\n\t\t\t\t\t\t\t\t\t<\/div>\n\t\t\t\t<\/div>\n\t\t\t\t<div class=\"elementor-element elementor-element-8d02ee9 elementor-widget elementor-widget-image\" data-id=\"8d02ee9\" data-element_type=\"widget\" data-e-type=\"widget\" data-widget_type=\"image.default\">\n\t\t\t\t<div class=\"elementor-widget-container\">\n\t\t\t\t\t\t\t\t\t\t\t\t<figure class=\"wp-caption\">\n\t\t\t\t\t\t\t\t\t\t<img loading=\"lazy\" decoding=\"async\" width=\"768\" height=\"512\" src=\"https:\/\/www.elturistatranquil.com\/wp-content\/uploads\/F138-Colonia-Vidal-Puig-reig-Barcelona.jpg\" class=\"attachment-large size-large wp-image-59366\" alt=\"Colonia Vidal, Puig-reig, Barcelona\" srcset=\"https:\/\/www.elturistatranquil.com\/wp-content\/uploads\/F138-Colonia-Vidal-Puig-reig-Barcelona.jpg 768w, https:\/\/www.elturistatranquil.com\/wp-content\/uploads\/F138-Colonia-Vidal-Puig-reig-Barcelona-339x226.jpg 339w\" sizes=\"(max-width: 768px) 100vw, 768px\" \/>\t\t\t\t\t\t\t\t\t\t\t<figcaption class=\"widget-image-caption wp-caption-text\"><\/figcaption>\n\t\t\t\t\t\t\t\t\t\t<\/figure>\n\t\t\t\t\t\t\t\t\t<\/div>\n\t\t\t\t<\/div>\n\t\t\t\t<div class=\"elementor-element elementor-element-a015171 elementor-widget elementor-widget-image\" data-id=\"a015171\" data-element_type=\"widget\" data-e-type=\"widget\" data-widget_type=\"image.default\">\n\t\t\t\t<div class=\"elementor-widget-container\">\n\t\t\t\t\t\t\t\t\t\t\t\t<figure class=\"wp-caption\">\n\t\t\t\t\t\t\t\t\t\t<img loading=\"lazy\" decoding=\"async\" width=\"768\" height=\"512\" src=\"https:\/\/www.elturistatranquil.com\/wp-content\/uploads\/F139-Colonia-Vidal-Puig-reig-Barcelona.jpg\" class=\"attachment-large size-large wp-image-59368\" alt=\"Colonia Vidal, Puig-reig, Barcelona\" srcset=\"https:\/\/www.elturistatranquil.com\/wp-content\/uploads\/F139-Colonia-Vidal-Puig-reig-Barcelona.jpg 768w, https:\/\/www.elturistatranquil.com\/wp-content\/uploads\/F139-Colonia-Vidal-Puig-reig-Barcelona-339x226.jpg 339w\" sizes=\"(max-width: 768px) 100vw, 768px\" \/>\t\t\t\t\t\t\t\t\t\t\t<figcaption class=\"widget-image-caption wp-caption-text\"><\/figcaption>\n\t\t\t\t\t\t\t\t\t\t<\/figure>\n\t\t\t\t\t\t\t\t\t<\/div>\n\t\t\t\t<\/div>\n\t\t\t\t<div class=\"elementor-element elementor-element-47d9426 elementor-widget elementor-widget-image\" data-id=\"47d9426\" data-element_type=\"widget\" data-e-type=\"widget\" data-widget_type=\"image.default\">\n\t\t\t\t<div class=\"elementor-widget-container\">\n\t\t\t\t\t\t\t\t\t\t\t\t<figure class=\"wp-caption\">\n\t\t\t\t\t\t\t\t\t\t<img loading=\"lazy\" decoding=\"async\" width=\"768\" height=\"512\" src=\"https:\/\/www.elturistatranquil.com\/wp-content\/uploads\/F140-Colonia-Vidal-Puig-reig-Barcelona.jpg\" class=\"attachment-large size-large wp-image-59370\" alt=\"Colonia Vidal, Puig-reig, Barcelona\" srcset=\"https:\/\/www.elturistatranquil.com\/wp-content\/uploads\/F140-Colonia-Vidal-Puig-reig-Barcelona.jpg 768w, https:\/\/www.elturistatranquil.com\/wp-content\/uploads\/F140-Colonia-Vidal-Puig-reig-Barcelona-339x226.jpg 339w\" sizes=\"(max-width: 768px) 100vw, 768px\" \/>\t\t\t\t\t\t\t\t\t\t\t<figcaption class=\"widget-image-caption wp-caption-text\"><\/figcaption>\n\t\t\t\t\t\t\t\t\t\t<\/figure>\n\t\t\t\t\t\t\t\t\t<\/div>\n\t\t\t\t<\/div>\n\t\t\t\t<div class=\"elementor-element elementor-element-f7b82b9 elementor-widget elementor-widget-image\" data-id=\"f7b82b9\" data-element_type=\"widget\" data-e-type=\"widget\" data-widget_type=\"image.default\">\n\t\t\t\t<div class=\"elementor-widget-container\">\n\t\t\t\t\t\t\t\t\t\t\t\t<figure class=\"wp-caption\">\n\t\t\t\t\t\t\t\t\t\t<img loading=\"lazy\" decoding=\"async\" width=\"768\" height=\"512\" src=\"https:\/\/www.elturistatranquil.com\/wp-content\/uploads\/F141-Colonia-Vidal-Puig-reig-Barcelona.jpg\" class=\"attachment-large size-large wp-image-59374\" alt=\"Colonia Vidal, Puig-reig, Barcelona\" srcset=\"https:\/\/www.elturistatranquil.com\/wp-content\/uploads\/F141-Colonia-Vidal-Puig-reig-Barcelona.jpg 768w, https:\/\/www.elturistatranquil.com\/wp-content\/uploads\/F141-Colonia-Vidal-Puig-reig-Barcelona-339x226.jpg 339w\" sizes=\"(max-width: 768px) 100vw, 768px\" \/>\t\t\t\t\t\t\t\t\t\t\t<figcaption class=\"widget-image-caption wp-caption-text\"><\/figcaption>\n\t\t\t\t\t\t\t\t\t\t<\/figure>\n\t\t\t\t\t\t\t\t\t<\/div>\n\t\t\t\t<\/div>\n\t\t\t\t<div class=\"elementor-element elementor-element-7b46f06 elementor-widget elementor-widget-image\" data-id=\"7b46f06\" data-element_type=\"widget\" data-e-type=\"widget\" data-widget_type=\"image.default\">\n\t\t\t\t<div class=\"elementor-widget-container\">\n\t\t\t\t\t\t\t\t\t\t\t\t<figure class=\"wp-caption\">\n\t\t\t\t\t\t\t\t\t\t<img loading=\"lazy\" decoding=\"async\" width=\"768\" height=\"512\" src=\"https:\/\/www.elturistatranquil.com\/wp-content\/uploads\/F142-Colonia-Vidal-Puig-reig-Barcelona.jpg\" class=\"attachment-large size-large wp-image-59376\" alt=\"Colonia Vidal, Puig-reig, Barcelona\" srcset=\"https:\/\/www.elturistatranquil.com\/wp-content\/uploads\/F142-Colonia-Vidal-Puig-reig-Barcelona.jpg 768w, https:\/\/www.elturistatranquil.com\/wp-content\/uploads\/F142-Colonia-Vidal-Puig-reig-Barcelona-339x226.jpg 339w\" sizes=\"(max-width: 768px) 100vw, 768px\" \/>\t\t\t\t\t\t\t\t\t\t\t<figcaption class=\"widget-image-caption wp-caption-text\"><\/figcaption>\n\t\t\t\t\t\t\t\t\t\t<\/figure>\n\t\t\t\t\t\t\t\t\t<\/div>\n\t\t\t\t<\/div>\n\t\t\t\t<div class=\"elementor-element elementor-element-f84a3d2 elementor-widget elementor-widget-image\" data-id=\"f84a3d2\" data-element_type=\"widget\" data-e-type=\"widget\" data-widget_type=\"image.default\">\n\t\t\t\t<div class=\"elementor-widget-container\">\n\t\t\t\t\t\t\t\t\t\t\t\t<figure class=\"wp-caption\">\n\t\t\t\t\t\t\t\t\t\t<img loading=\"lazy\" decoding=\"async\" width=\"768\" height=\"512\" src=\"https:\/\/www.elturistatranquil.com\/wp-content\/uploads\/F143-Colonia-Vidal-Puig-reig-Barcelona.jpg\" class=\"attachment-large size-large wp-image-59378\" alt=\"Colonia Vidal, Puig-reig, Barcelona\" srcset=\"https:\/\/www.elturistatranquil.com\/wp-content\/uploads\/F143-Colonia-Vidal-Puig-reig-Barcelona.jpg 768w, https:\/\/www.elturistatranquil.com\/wp-content\/uploads\/F143-Colonia-Vidal-Puig-reig-Barcelona-339x226.jpg 339w\" sizes=\"(max-width: 768px) 100vw, 768px\" \/>\t\t\t\t\t\t\t\t\t\t\t<figcaption class=\"widget-image-caption wp-caption-text\"><\/figcaption>\n\t\t\t\t\t\t\t\t\t\t<\/figure>\n\t\t\t\t\t\t\t\t\t<\/div>\n\t\t\t\t<\/div>\n\t\t\t\t<div class=\"elementor-element elementor-element-3a1c529 elementor-widget elementor-widget-image\" data-id=\"3a1c529\" data-element_type=\"widget\" data-e-type=\"widget\" data-widget_type=\"image.default\">\n\t\t\t\t<div class=\"elementor-widget-container\">\n\t\t\t\t\t\t\t\t\t\t\t\t<figure class=\"wp-caption\">\n\t\t\t\t\t\t\t\t\t\t<img loading=\"lazy\" decoding=\"async\" width=\"768\" height=\"512\" src=\"https:\/\/www.elturistatranquil.com\/wp-content\/uploads\/F144-Colonia-Vidal-Puig-reig-Barcelona.jpg\" class=\"attachment-large size-large wp-image-59380\" alt=\"Colonia Vidal, Puig-reig, Barcelona\" srcset=\"https:\/\/www.elturistatranquil.com\/wp-content\/uploads\/F144-Colonia-Vidal-Puig-reig-Barcelona.jpg 768w, https:\/\/www.elturistatranquil.com\/wp-content\/uploads\/F144-Colonia-Vidal-Puig-reig-Barcelona-339x226.jpg 339w\" sizes=\"(max-width: 768px) 100vw, 768px\" \/>\t\t\t\t\t\t\t\t\t\t\t<figcaption class=\"widget-image-caption wp-caption-text\"><\/figcaption>\n\t\t\t\t\t\t\t\t\t\t<\/figure>\n\t\t\t\t\t\t\t\t\t<\/div>\n\t\t\t\t<\/div>\n\t\t\t\t<div class=\"elementor-element elementor-element-d284013 elementor-widget elementor-widget-image\" data-id=\"d284013\" data-element_type=\"widget\" data-e-type=\"widget\" data-widget_type=\"image.default\">\n\t\t\t\t<div class=\"elementor-widget-container\">\n\t\t\t\t\t\t\t\t\t\t\t\t<figure class=\"wp-caption\">\n\t\t\t\t\t\t\t\t\t\t<img loading=\"lazy\" decoding=\"async\" width=\"768\" height=\"512\" src=\"https:\/\/www.elturistatranquil.com\/wp-content\/uploads\/F145-Colonia-Vidal-Puig-reig-Barcelona.jpg\" class=\"attachment-large size-large wp-image-59382\" alt=\"Colonia Vidal, Puig-reig, Barcelona\" srcset=\"https:\/\/www.elturistatranquil.com\/wp-content\/uploads\/F145-Colonia-Vidal-Puig-reig-Barcelona.jpg 768w, https:\/\/www.elturistatranquil.com\/wp-content\/uploads\/F145-Colonia-Vidal-Puig-reig-Barcelona-339x226.jpg 339w\" sizes=\"(max-width: 768px) 100vw, 768px\" \/>\t\t\t\t\t\t\t\t\t\t\t<figcaption class=\"widget-image-caption wp-caption-text\"><\/figcaption>\n\t\t\t\t\t\t\t\t\t\t<\/figure>\n\t\t\t\t\t\t\t\t\t<\/div>\n\t\t\t\t<\/div>\n\t\t\t\t<div class=\"elementor-element elementor-element-ac7e22b elementor-widget elementor-widget-heading\" data-id=\"ac7e22b\" data-element_type=\"widget\" data-e-type=\"widget\" data-widget_type=\"heading.default\">\n\t\t\t\t<div class=\"elementor-widget-container\">\n\t\t\t\t\t<h2 class=\"elementor-heading-title elementor-size-default\">Fi de la visita<\/h2>\t\t\t\t<\/div>\n\t\t\t\t<\/div>\n\t\t\t\t<div class=\"elementor-element elementor-element-ad0e429 elementor-widget elementor-widget-text-editor\" data-id=\"ad0e429\" data-element_type=\"widget\" data-e-type=\"widget\" data-widget_type=\"text-editor.default\">\n\t\t\t\t<div class=\"elementor-widget-container\">\n\t\t\t\t\t\t\t\t\t<p>La <strong>Col\u00f2nia Vidal de Puig-reig<\/strong> \u00e9s el reflex viu d\u2019un sistema social, econ\u00f2mic i arquitect\u00f2nic que va marcar una \u00e8poca: la de les col\u00f2nies t\u00e8xtils catalanes. Constru\u00efda a finals segle XIX, es va concebre com una unitat autosuficient on el treball, l\u2019habitatge, l\u2019educaci\u00f3 i la vida quotidiana estaven estretament interconnectats i sota el control de l\u2019empresa.<\/p><p>Amb una organitzaci\u00f3 jer\u00e0rquica clara, serveis comunitaris avan\u00e7ats per al seu temps i una arquitectura funcional, la Col\u00f2nia Vidal va oferir estabilitat a moltes fam\u00edlies obreres, per\u00f2 tamb\u00e9 va limitar-ne les llibertats dins d\u2019un entorn paternalista. Espais com els horts, les escoles o el casino-teatre eren tan importants com la f\u00e0brica mateixa per entendre com es vivia realment en aquest microcosmos industrial.<\/p><p>Avui, gr\u00e0cies a la tasca de conservaci\u00f3 i muse\u00eftzaci\u00f3, la Col\u00f2nia Vidal es mant\u00e9 com un espai de mem\u00f2ria activa. Visitar-la no \u00e9s nom\u00e9s fer un viatge al passat fabril del pa\u00eds, sin\u00f3 descobrir com es va construir \u2014literalment\u2014 una manera de viure, de treballar i de ser comunitat.<\/p><p>Per \u00faltim, valorar l\u2019esfor\u00e7 de Vid\u00e0lia per reconvertir les antigues cases obreres en allotjaments per \u00a0que, conjuntament en el antics poblador que encara viuen a la col\u00f2nia, aconseguir el manteniment d\u2019aquestes estructures amb atenta personalitat.<\/p><p>La <strong>Col\u00f2nia Vidal de Puig-reig<\/strong> \u00e9s el reflex viu d\u2019un sistema social, econ\u00f2mic i arquitect\u00f2nic que va marcar una \u00e8poca: la de les col\u00f2nies t\u00e8xtils catalanes. Constru\u00efda a finals segle XIX, es va concebre com una unitat autosuficient on el treball, l\u2019habitatge, l\u2019educaci\u00f3 i la vida quotidiana estaven estretament interconnectats i sota el control de l\u2019empresa.<\/p><p>Amb una organitzaci\u00f3 jer\u00e0rquica clara, serveis comunitaris avan\u00e7ats per al seu temps i una arquitectura funcional, la Col\u00f2nia Vidal va oferir estabilitat a moltes fam\u00edlies obreres, per\u00f2 tamb\u00e9 va limitar-ne les llibertats dins d\u2019un entorn paternalista. Espais com els horts, les escoles o el casino-teatre eren tan importants com la f\u00e0brica mateixa per entendre com es vivia realment en aquest microcosmos industrial.<\/p><p>Avui, gr\u00e0cies a la tasca de conservaci\u00f3 i muse\u00eftzaci\u00f3, la Col\u00f2nia Vidal es mant\u00e9 com un espai de mem\u00f2ria activa. Visitar-la no \u00e9s nom\u00e9s fer un viatge al passat fabril del pa\u00eds, sin\u00f3 descobrir com es va construir \u2014literalment\u2014 una manera de viure, de treballar i de ser comunitat.<\/p><p>Per \u00faltim, valorar l\u2019esfor\u00e7 de <a href=\"https:\/\/www.vidalia.coop\/inici\/\" target=\"_blank\" rel=\"noopener\"><strong>Vid\u00e0lia<\/strong><\/a> per reconvertir les antigues cases obreres en allotjaments per \u00a0que, conjuntament en el antics poblador que encara viuen a la col\u00f2nia, aconseguir el manteniment d\u2019aquestes estructures amb atenta personalitat.<\/p>\t\t\t\t\t\t\t\t<\/div>\n\t\t\t\t<\/div>\n\t\t\t\t<div class=\"elementor-element elementor-element-f3b5ee4 elementor-widget elementor-widget-heading\" data-id=\"f3b5ee4\" data-element_type=\"widget\" data-e-type=\"widget\" data-widget_type=\"heading.default\">\n\t\t\t\t<div class=\"elementor-widget-container\">\n\t\t\t\t\t<h2 class=\"elementor-heading-title elementor-size-default\">Bases d\u2019informaci\u00f3<\/h2>\t\t\t\t<\/div>\n\t\t\t\t<\/div>\n\t\t\t\t<div class=\"elementor-element elementor-element-be3ff9c elementor-widget elementor-widget-text-editor\" data-id=\"be3ff9c\" data-element_type=\"widget\" data-e-type=\"widget\" data-widget_type=\"text-editor.default\">\n\t\t\t\t<div class=\"elementor-widget-container\">\n\t\t\t\t\t\t\t\t\t<p><strong>Webs<br \/><\/strong><a href=\"https:\/\/www.museucoloniavidal.org\/\" target=\"_blank\" rel=\"noopener\">museucoloniavidal<\/a><br \/><a href=\"https:\/\/ca.wikipedia.org\/wiki\/Col%C3%B2nia_Vidal\" target=\"_blank\" rel=\"noopener\">wikipedia<\/a><br \/><a href=\"https:\/\/www.catalunya.com\/ca\/continguts\/patrimoni-cultural\/colonia-vidal-de-puig-reig-17-16003-156\" target=\"_blank\" rel=\"noopener\">genaralitatcatalunya<\/a><br \/><a href=\"https:\/\/patrimoni.gencat.cat\/ca\/coleccio\/museu-de-la-colonia-vidal\" target=\"_blank\" rel=\"noopener\">patrimoni<\/a><br \/><a href=\"https:\/\/patrimonicultural.diba.cat\/element\/colonia-vidal-o-cal-vidal\" target=\"_blank\" rel=\"noopener\">diputaciobarcelona<\/a><br \/><a href=\"https:\/\/www.espaisrecobrats.cat\/colonia-vidal-museu-de-la-colonia-vidal\/\" target=\"_blank\" rel=\"noopener\">espaisrecobrats<\/a><br \/><a href=\"https:\/\/www.vidalia.coop\/historia\/\" target=\"_blank\" rel=\"noopener\">vidalia<\/a><\/p><p><strong>Webs academic<br \/><\/strong>AA.VV. <a href=\"http:\/\/www.raco.cat\/index.php\/Erol\/article\/viewFile\/171937\/250601\" target=\"_blank\" rel=\"noopener\"><em>Cal Vidal, una colonia museu<\/em><\/a>. &#8220;L&#8217;Erol Dossier&#8221;<br \/>Camprub\u00ed., Josep. <a href=\"https:\/\/www.raco.cat\/index.php\/Erol\/article\/download\/172249\/250574\" target=\"_blank\" rel=\"noopener\"><em>Col\u00f2nies textils: una vitalitat que desapareix<\/em><\/a>. \u201cL\u2019Erol Dossier\u201d<br \/>Serra Rot\u00e9s, Rosa. <a href=\"https:\/\/www.academia.edu\/113418680\/Cal_Vidal_una_col%C3%B2nia_museu\" target=\"_blank\" rel=\"noopener\"><em>Cal Vidal, una colonia-museo<\/em><\/a><br \/>Figols Vilarrasa, Marc (2025). <a href=\"https:\/\/upcommons.upc.edu\/bitstream\/handle\/2117\/423545\/Rehabitar%20la%20col%C3%B2nia.%20El%20cas%20de%20la%20Col%C3%B2nia%20Vidal%20com%20a%20model%20d%E2%80%99habitatge%20cooperatiu_Figols_Marc%2023012025.pdf?sequence=2\" target=\"_blank\" rel=\"noopener\"><em>Rehabitar la col\u00f2nia. El cas de la Col\u00f2nia Vidal com a model d\u2019habitatge cooperatiu<\/em><\/a> (treball fi de Grau)<br \/>Planelles Salvans, Jordi i\u00a0 Gen\u00eds Vinyals, Mariona (2015). <a href=\"http:\/\/www.sedhc.es\/biblioteca\/actas\/130-Planelles.pdf\" target=\"_blank\" rel=\"noopener\"><em>Las viviendas de \u00abquadra\u00bb en las colonias industriales textiles catalanas de la segunda mitad del s. XIX. Un tipo funcional y constructivo basado en las estructuras fabriles<\/em><\/a><\/p><p><strong>Llibre<br \/><\/strong>Novel\u00b7la localitzada a la Colonia Vidal:<br \/>Alc\u00e1ntara, Silvia (2009). <em>Olor de Col\u00f2nia<\/em>. Edicions de 1984. Barcelona. 331 pp.\u00a0<\/p>\t\t\t\t\t\t\t\t<\/div>\n\t\t\t\t<\/div>\n\t\t\t\t\t<\/div>\n\t\t<\/div>\n\t\t\t\t\t<\/div>\n\t\t<\/section>\n\t\t\t\t<\/div>\n\t\t","protected":false},"excerpt":{"rendered":"<p>La Col\u00f2nia t\u00e8xtil Vidal (Puig-reig, Barcelona) \u00e9s un testimoni viu de la revoluci\u00f3 industrial a Catalunya. Un espai que mostra un model d\u2019assentament fabril-residencial comunitari. Col\u00f2nia t\u00e8xtil Vidal (Puig-reig. Barcelona) &#8230; <a title=\"Col\u00f2nia t\u00e8xtil Vidal (Puig-reig. Barcelona)\" class=\"read-more\" href=\"https:\/\/www.elturistatranquil.com\/ca\/colonia-textil-vidal-puig-reig-barcelona\/\" aria-label=\"M\u00e9s informaci\u00f3 sobre Col\u00f2nia t\u00e8xtil Vidal (Puig-reig. Barcelona)\">[ &#8230; ]<\/a><\/p>\n","protected":false},"author":1,"featured_media":59062,"comment_status":"open","ping_status":"closed","sticky":false,"template":"","format":"standard","meta":{"footnotes":""},"categories":[70,249,73,87,69,106,107],"tags":[],"class_list":["post-59399","post","type-post","status-publish","format-standard","has-post-thumbnail","hentry","category-arquitectura-civil-ca","category-assentments-programats","category-barcelona-ca","category-joies-al-territori","category-arqueologia-industrial-ca","category-segle-xviii-xix","category-segle-xx-xxi","infinite-scroll-item","generate-columns","tablet-grid-50","mobile-grid-100","grid-parent","grid-50","no-featured-image-padding"],"yoast_head":"<!-- This site is optimized with the Yoast SEO plugin v27.4 - https:\/\/yoast.com\/product\/yoast-seo-wordpress\/ -->\n<title>Col\u00f2nia t\u00e8xtil Vidal (Puig-reig. Barcelona) - El turista tranquil<\/title>\n<meta name=\"description\" content=\"La Col\u00f2nia t\u00e8xtil Vidal (Puig-reig, Barcelona) \u00e9s un testimoni viu de la revoluci\u00f3 industrial a Catalunya. Un espai que mostra un model d\u2019assentament fabril-residencial comunitari.\" \/>\n<meta name=\"robots\" content=\"index, follow, max-snippet:-1, max-image-preview:large, max-video-preview:-1\" \/>\n<link rel=\"canonical\" href=\"https:\/\/www.elturistatranquil.com\/ca\/colonia-textil-vidal-puig-reig-barcelona\/\" \/>\n<meta property=\"og:locale\" content=\"ca_ES\" \/>\n<meta property=\"og:type\" content=\"article\" \/>\n<meta property=\"og:title\" content=\"Col\u00f2nia t\u00e8xtil Vidal (Puig-reig. Barcelona) - El turista tranquil\" \/>\n<meta property=\"og:description\" content=\"La Col\u00f2nia t\u00e8xtil Vidal (Puig-reig, Barcelona) \u00e9s un testimoni viu de la revoluci\u00f3 industrial a Catalunya. Un espai que mostra un model d\u2019assentament fabril-residencial comunitari.\" \/>\n<meta property=\"og:url\" content=\"https:\/\/www.elturistatranquil.com\/ca\/colonia-textil-vidal-puig-reig-barcelona\/\" \/>\n<meta property=\"og:site_name\" content=\"El turista tranquil\" \/>\n<meta property=\"article:publisher\" content=\"https:\/\/www.facebook.com\/elturistatranquilo\/\" \/>\n<meta property=\"article:published_time\" content=\"2025-06-14T17:10:15+00:00\" \/>\n<meta property=\"article:modified_time\" content=\"2025-07-02T08:16:37+00:00\" \/>\n<meta property=\"og:image\" content=\"https:\/\/www.elturistatranquil.com\/wp-content\/uploads\/F13-Colonia-Vidal-Puig-reig-Barcelona-2.jpg\" \/>\n\t<meta property=\"og:image:width\" content=\"768\" \/>\n\t<meta property=\"og:image:height\" content=\"512\" \/>\n\t<meta property=\"og:image:type\" content=\"image\/jpeg\" \/>\n<meta name=\"author\" content=\"admin\" \/>\n<meta name=\"twitter:card\" content=\"summary_large_image\" \/>\n<meta name=\"twitter:label1\" content=\"Escrit per\" \/>\n\t<meta name=\"twitter:data1\" content=\"admin\" \/>\n\t<meta name=\"twitter:label2\" content=\"Temps estimat de lectura\" \/>\n\t<meta name=\"twitter:data2\" content=\"72 minuts\" \/>\n<script type=\"application\/ld+json\" class=\"yoast-schema-graph\">{\"@context\":\"https:\\\/\\\/schema.org\",\"@graph\":[{\"@type\":\"Article\",\"@id\":\"https:\\\/\\\/www.elturistatranquil.com\\\/ca\\\/colonia-textil-vidal-puig-reig-barcelona\\\/#article\",\"isPartOf\":{\"@id\":\"https:\\\/\\\/www.elturistatranquil.com\\\/ca\\\/colonia-textil-vidal-puig-reig-barcelona\\\/\"},\"author\":{\"name\":\"admin\",\"@id\":\"https:\\\/\\\/www.elturistatranquil.com\\\/ca\\\/#\\\/schema\\\/person\\\/16f607c3079b96ed0c530a52e6b58bb5\"},\"headline\":\"Col\u00f2nia t\u00e8xtil Vidal (Puig-reig. Barcelona)\",\"datePublished\":\"2025-06-14T17:10:15+00:00\",\"dateModified\":\"2025-07-02T08:16:37+00:00\",\"mainEntityOfPage\":{\"@id\":\"https:\\\/\\\/www.elturistatranquil.com\\\/ca\\\/colonia-textil-vidal-puig-reig-barcelona\\\/\"},\"wordCount\":8512,\"commentCount\":0,\"image\":{\"@id\":\"https:\\\/\\\/www.elturistatranquil.com\\\/ca\\\/colonia-textil-vidal-puig-reig-barcelona\\\/#primaryimage\"},\"thumbnailUrl\":\"https:\\\/\\\/www.elturistatranquil.com\\\/wp-content\\\/uploads\\\/F13-Colonia-Vidal-Puig-reig-Barcelona-2.jpg\",\"articleSection\":[\"Arquitectura civil\",\"Assentaments programats\",\"Barcelona\",\"Joies al territori\",\"Patrimoni econ\u00f2mic\\\/productiu\",\"Segle XVIII-XIX\",\"Segle XX-XXI\"],\"inLanguage\":\"ca\",\"potentialAction\":[{\"@type\":\"CommentAction\",\"name\":\"Comment\",\"target\":[\"https:\\\/\\\/www.elturistatranquil.com\\\/ca\\\/colonia-textil-vidal-puig-reig-barcelona\\\/#respond\"]}]},{\"@type\":\"WebPage\",\"@id\":\"https:\\\/\\\/www.elturistatranquil.com\\\/ca\\\/colonia-textil-vidal-puig-reig-barcelona\\\/\",\"url\":\"https:\\\/\\\/www.elturistatranquil.com\\\/ca\\\/colonia-textil-vidal-puig-reig-barcelona\\\/\",\"name\":\"Col\u00f2nia t\u00e8xtil Vidal (Puig-reig. Barcelona) - El turista tranquil\",\"isPartOf\":{\"@id\":\"https:\\\/\\\/www.elturistatranquil.com\\\/ca\\\/#website\"},\"primaryImageOfPage\":{\"@id\":\"https:\\\/\\\/www.elturistatranquil.com\\\/ca\\\/colonia-textil-vidal-puig-reig-barcelona\\\/#primaryimage\"},\"image\":{\"@id\":\"https:\\\/\\\/www.elturistatranquil.com\\\/ca\\\/colonia-textil-vidal-puig-reig-barcelona\\\/#primaryimage\"},\"thumbnailUrl\":\"https:\\\/\\\/www.elturistatranquil.com\\\/wp-content\\\/uploads\\\/F13-Colonia-Vidal-Puig-reig-Barcelona-2.jpg\",\"datePublished\":\"2025-06-14T17:10:15+00:00\",\"dateModified\":\"2025-07-02T08:16:37+00:00\",\"author\":{\"@id\":\"https:\\\/\\\/www.elturistatranquil.com\\\/ca\\\/#\\\/schema\\\/person\\\/16f607c3079b96ed0c530a52e6b58bb5\"},\"description\":\"La Col\u00f2nia t\u00e8xtil Vidal (Puig-reig, Barcelona) \u00e9s un testimoni viu de la revoluci\u00f3 industrial a Catalunya. Un espai que mostra un model d\u2019assentament fabril-residencial comunitari.\",\"breadcrumb\":{\"@id\":\"https:\\\/\\\/www.elturistatranquil.com\\\/ca\\\/colonia-textil-vidal-puig-reig-barcelona\\\/#breadcrumb\"},\"inLanguage\":\"ca\",\"potentialAction\":[{\"@type\":\"ReadAction\",\"target\":[\"https:\\\/\\\/www.elturistatranquil.com\\\/ca\\\/colonia-textil-vidal-puig-reig-barcelona\\\/\"]}]},{\"@type\":\"ImageObject\",\"inLanguage\":\"ca\",\"@id\":\"https:\\\/\\\/www.elturistatranquil.com\\\/ca\\\/colonia-textil-vidal-puig-reig-barcelona\\\/#primaryimage\",\"url\":\"https:\\\/\\\/www.elturistatranquil.com\\\/wp-content\\\/uploads\\\/F13-Colonia-Vidal-Puig-reig-Barcelona-2.jpg\",\"contentUrl\":\"https:\\\/\\\/www.elturistatranquil.com\\\/wp-content\\\/uploads\\\/F13-Colonia-Vidal-Puig-reig-Barcelona-2.jpg\",\"width\":768,\"height\":512,\"caption\":\"Colonia Vidal, Puig-reig, Barcelona\"},{\"@type\":\"BreadcrumbList\",\"@id\":\"https:\\\/\\\/www.elturistatranquil.com\\\/ca\\\/colonia-textil-vidal-puig-reig-barcelona\\\/#breadcrumb\",\"itemListElement\":[{\"@type\":\"ListItem\",\"position\":1,\"name\":\"Portada\",\"item\":\"https:\\\/\\\/www.elturistatranquil.com\\\/ca\\\/\"},{\"@type\":\"ListItem\",\"position\":2,\"name\":\"Col\u00f2nia t\u00e8xtil Vidal (Puig-reig. Barcelona)\"}]},{\"@type\":\"WebSite\",\"@id\":\"https:\\\/\\\/www.elturistatranquil.com\\\/ca\\\/#website\",\"url\":\"https:\\\/\\\/www.elturistatranquil.com\\\/ca\\\/\",\"name\":\"El turista tranquil\",\"description\":\"Blog de viatges\",\"potentialAction\":[{\"@type\":\"SearchAction\",\"target\":{\"@type\":\"EntryPoint\",\"urlTemplate\":\"https:\\\/\\\/www.elturistatranquil.com\\\/ca\\\/?s={search_term_string}\"},\"query-input\":{\"@type\":\"PropertyValueSpecification\",\"valueRequired\":true,\"valueName\":\"search_term_string\"}}],\"inLanguage\":\"ca\"},{\"@type\":\"Person\",\"@id\":\"https:\\\/\\\/www.elturistatranquil.com\\\/ca\\\/#\\\/schema\\\/person\\\/16f607c3079b96ed0c530a52e6b58bb5\",\"name\":\"admin\",\"image\":{\"@type\":\"ImageObject\",\"inLanguage\":\"ca\",\"@id\":\"https:\\\/\\\/secure.gravatar.com\\\/avatar\\\/1fbaf22aee75fcbb29a2f97b107f95d25d3a19b7c3416105be10269872673e8d?s=96&d=mm&r=g\",\"url\":\"https:\\\/\\\/secure.gravatar.com\\\/avatar\\\/1fbaf22aee75fcbb29a2f97b107f95d25d3a19b7c3416105be10269872673e8d?s=96&d=mm&r=g\",\"contentUrl\":\"https:\\\/\\\/secure.gravatar.com\\\/avatar\\\/1fbaf22aee75fcbb29a2f97b107f95d25d3a19b7c3416105be10269872673e8d?s=96&d=mm&r=g\",\"caption\":\"admin\"}}]}<\/script>\n<!-- \/ Yoast SEO plugin. -->","yoast_head_json":{"title":"Col\u00f2nia t\u00e8xtil Vidal (Puig-reig. Barcelona) - El turista tranquil","description":"La Col\u00f2nia t\u00e8xtil Vidal (Puig-reig, Barcelona) \u00e9s un testimoni viu de la revoluci\u00f3 industrial a Catalunya. Un espai que mostra un model d\u2019assentament fabril-residencial comunitari.","robots":{"index":"index","follow":"follow","max-snippet":"max-snippet:-1","max-image-preview":"max-image-preview:large","max-video-preview":"max-video-preview:-1"},"canonical":"https:\/\/www.elturistatranquil.com\/ca\/colonia-textil-vidal-puig-reig-barcelona\/","og_locale":"ca_ES","og_type":"article","og_title":"Col\u00f2nia t\u00e8xtil Vidal (Puig-reig. Barcelona) - El turista tranquil","og_description":"La Col\u00f2nia t\u00e8xtil Vidal (Puig-reig, Barcelona) \u00e9s un testimoni viu de la revoluci\u00f3 industrial a Catalunya. Un espai que mostra un model d\u2019assentament fabril-residencial comunitari.","og_url":"https:\/\/www.elturistatranquil.com\/ca\/colonia-textil-vidal-puig-reig-barcelona\/","og_site_name":"El turista tranquil","article_publisher":"https:\/\/www.facebook.com\/elturistatranquilo\/","article_published_time":"2025-06-14T17:10:15+00:00","article_modified_time":"2025-07-02T08:16:37+00:00","og_image":[{"width":768,"height":512,"url":"https:\/\/www.elturistatranquil.com\/wp-content\/uploads\/F13-Colonia-Vidal-Puig-reig-Barcelona-2.jpg","type":"image\/jpeg"}],"author":"admin","twitter_card":"summary_large_image","twitter_misc":{"Escrit per":"admin","Temps estimat de lectura":"72 minuts"},"schema":{"@context":"https:\/\/schema.org","@graph":[{"@type":"Article","@id":"https:\/\/www.elturistatranquil.com\/ca\/colonia-textil-vidal-puig-reig-barcelona\/#article","isPartOf":{"@id":"https:\/\/www.elturistatranquil.com\/ca\/colonia-textil-vidal-puig-reig-barcelona\/"},"author":{"name":"admin","@id":"https:\/\/www.elturistatranquil.com\/ca\/#\/schema\/person\/16f607c3079b96ed0c530a52e6b58bb5"},"headline":"Col\u00f2nia t\u00e8xtil Vidal (Puig-reig. Barcelona)","datePublished":"2025-06-14T17:10:15+00:00","dateModified":"2025-07-02T08:16:37+00:00","mainEntityOfPage":{"@id":"https:\/\/www.elturistatranquil.com\/ca\/colonia-textil-vidal-puig-reig-barcelona\/"},"wordCount":8512,"commentCount":0,"image":{"@id":"https:\/\/www.elturistatranquil.com\/ca\/colonia-textil-vidal-puig-reig-barcelona\/#primaryimage"},"thumbnailUrl":"https:\/\/www.elturistatranquil.com\/wp-content\/uploads\/F13-Colonia-Vidal-Puig-reig-Barcelona-2.jpg","articleSection":["Arquitectura civil","Assentaments programats","Barcelona","Joies al territori","Patrimoni econ\u00f2mic\/productiu","Segle XVIII-XIX","Segle XX-XXI"],"inLanguage":"ca","potentialAction":[{"@type":"CommentAction","name":"Comment","target":["https:\/\/www.elturistatranquil.com\/ca\/colonia-textil-vidal-puig-reig-barcelona\/#respond"]}]},{"@type":"WebPage","@id":"https:\/\/www.elturistatranquil.com\/ca\/colonia-textil-vidal-puig-reig-barcelona\/","url":"https:\/\/www.elturistatranquil.com\/ca\/colonia-textil-vidal-puig-reig-barcelona\/","name":"Col\u00f2nia t\u00e8xtil Vidal (Puig-reig. Barcelona) - El turista tranquil","isPartOf":{"@id":"https:\/\/www.elturistatranquil.com\/ca\/#website"},"primaryImageOfPage":{"@id":"https:\/\/www.elturistatranquil.com\/ca\/colonia-textil-vidal-puig-reig-barcelona\/#primaryimage"},"image":{"@id":"https:\/\/www.elturistatranquil.com\/ca\/colonia-textil-vidal-puig-reig-barcelona\/#primaryimage"},"thumbnailUrl":"https:\/\/www.elturistatranquil.com\/wp-content\/uploads\/F13-Colonia-Vidal-Puig-reig-Barcelona-2.jpg","datePublished":"2025-06-14T17:10:15+00:00","dateModified":"2025-07-02T08:16:37+00:00","author":{"@id":"https:\/\/www.elturistatranquil.com\/ca\/#\/schema\/person\/16f607c3079b96ed0c530a52e6b58bb5"},"description":"La Col\u00f2nia t\u00e8xtil Vidal (Puig-reig, Barcelona) \u00e9s un testimoni viu de la revoluci\u00f3 industrial a Catalunya. Un espai que mostra un model d\u2019assentament fabril-residencial comunitari.","breadcrumb":{"@id":"https:\/\/www.elturistatranquil.com\/ca\/colonia-textil-vidal-puig-reig-barcelona\/#breadcrumb"},"inLanguage":"ca","potentialAction":[{"@type":"ReadAction","target":["https:\/\/www.elturistatranquil.com\/ca\/colonia-textil-vidal-puig-reig-barcelona\/"]}]},{"@type":"ImageObject","inLanguage":"ca","@id":"https:\/\/www.elturistatranquil.com\/ca\/colonia-textil-vidal-puig-reig-barcelona\/#primaryimage","url":"https:\/\/www.elturistatranquil.com\/wp-content\/uploads\/F13-Colonia-Vidal-Puig-reig-Barcelona-2.jpg","contentUrl":"https:\/\/www.elturistatranquil.com\/wp-content\/uploads\/F13-Colonia-Vidal-Puig-reig-Barcelona-2.jpg","width":768,"height":512,"caption":"Colonia Vidal, Puig-reig, Barcelona"},{"@type":"BreadcrumbList","@id":"https:\/\/www.elturistatranquil.com\/ca\/colonia-textil-vidal-puig-reig-barcelona\/#breadcrumb","itemListElement":[{"@type":"ListItem","position":1,"name":"Portada","item":"https:\/\/www.elturistatranquil.com\/ca\/"},{"@type":"ListItem","position":2,"name":"Col\u00f2nia t\u00e8xtil Vidal (Puig-reig. Barcelona)"}]},{"@type":"WebSite","@id":"https:\/\/www.elturistatranquil.com\/ca\/#website","url":"https:\/\/www.elturistatranquil.com\/ca\/","name":"El turista tranquil","description":"Blog de viatges","potentialAction":[{"@type":"SearchAction","target":{"@type":"EntryPoint","urlTemplate":"https:\/\/www.elturistatranquil.com\/ca\/?s={search_term_string}"},"query-input":{"@type":"PropertyValueSpecification","valueRequired":true,"valueName":"search_term_string"}}],"inLanguage":"ca"},{"@type":"Person","@id":"https:\/\/www.elturistatranquil.com\/ca\/#\/schema\/person\/16f607c3079b96ed0c530a52e6b58bb5","name":"admin","image":{"@type":"ImageObject","inLanguage":"ca","@id":"https:\/\/secure.gravatar.com\/avatar\/1fbaf22aee75fcbb29a2f97b107f95d25d3a19b7c3416105be10269872673e8d?s=96&d=mm&r=g","url":"https:\/\/secure.gravatar.com\/avatar\/1fbaf22aee75fcbb29a2f97b107f95d25d3a19b7c3416105be10269872673e8d?s=96&d=mm&r=g","contentUrl":"https:\/\/secure.gravatar.com\/avatar\/1fbaf22aee75fcbb29a2f97b107f95d25d3a19b7c3416105be10269872673e8d?s=96&d=mm&r=g","caption":"admin"}}]}},"_links":{"self":[{"href":"https:\/\/www.elturistatranquil.com\/ca\/wp-json\/wp\/v2\/posts\/59399","targetHints":{"allow":["GET"]}}],"collection":[{"href":"https:\/\/www.elturistatranquil.com\/ca\/wp-json\/wp\/v2\/posts"}],"about":[{"href":"https:\/\/www.elturistatranquil.com\/ca\/wp-json\/wp\/v2\/types\/post"}],"author":[{"embeddable":true,"href":"https:\/\/www.elturistatranquil.com\/ca\/wp-json\/wp\/v2\/users\/1"}],"replies":[{"embeddable":true,"href":"https:\/\/www.elturistatranquil.com\/ca\/wp-json\/wp\/v2\/comments?post=59399"}],"version-history":[{"count":5,"href":"https:\/\/www.elturistatranquil.com\/ca\/wp-json\/wp\/v2\/posts\/59399\/revisions"}],"predecessor-version":[{"id":59418,"href":"https:\/\/www.elturistatranquil.com\/ca\/wp-json\/wp\/v2\/posts\/59399\/revisions\/59418"}],"wp:featuredmedia":[{"embeddable":true,"href":"https:\/\/www.elturistatranquil.com\/ca\/wp-json\/wp\/v2\/media\/59062"}],"wp:attachment":[{"href":"https:\/\/www.elturistatranquil.com\/ca\/wp-json\/wp\/v2\/media?parent=59399"}],"wp:term":[{"taxonomy":"category","embeddable":true,"href":"https:\/\/www.elturistatranquil.com\/ca\/wp-json\/wp\/v2\/categories?post=59399"},{"taxonomy":"post_tag","embeddable":true,"href":"https:\/\/www.elturistatranquil.com\/ca\/wp-json\/wp\/v2\/tags?post=59399"}],"curies":[{"name":"wp","href":"https:\/\/api.w.org\/{rel}","templated":true}]}}