{"id":61924,"date":"2025-09-13T20:14:57","date_gmt":"2025-09-13T18:14:57","guid":{"rendered":"https:\/\/www.elturistatranquil.com\/?p=61924"},"modified":"2025-10-06T16:53:39","modified_gmt":"2025-10-06T14:53:39","slug":"poble-nou-del-delta-tarragona","status":"publish","type":"post","link":"https:\/\/www.elturistatranquil.com\/ca\/poble-nou-del-delta-tarragona\/","title":{"rendered":"Poble Nou del Delta, poble de colonitzaci\u00f3 (Tarragona)"},"content":{"rendered":"\t\t<div data-elementor-type=\"wp-post\" data-elementor-id=\"61924\" class=\"elementor elementor-61924 elementor-61753\" data-elementor-post-type=\"post\">\n\t\t\t\t\t\t<section class=\"elementor-section elementor-top-section elementor-element elementor-element-3a2cb605 elementor-section-boxed elementor-section-height-default elementor-section-height-default\" data-id=\"3a2cb605\" data-element_type=\"section\" data-e-type=\"section\">\n\t\t\t\t\t\t<div class=\"elementor-container elementor-column-gap-default\">\n\t\t\t\t\t<div class=\"elementor-column elementor-col-100 elementor-top-column elementor-element elementor-element-66b64022\" data-id=\"66b64022\" data-element_type=\"column\" data-e-type=\"column\">\n\t\t\t<div class=\"elementor-widget-wrap elementor-element-populated\">\n\t\t\t\t\t\t<section class=\"elementor-section elementor-inner-section elementor-element elementor-element-703c1ac7 elementor-section-content-middle elementor-section-boxed elementor-section-height-default elementor-section-height-default\" data-id=\"703c1ac7\" data-element_type=\"section\" data-e-type=\"section\">\n\t\t\t\t\t\t<div class=\"elementor-container elementor-column-gap-default\">\n\t\t\t\t\t<div class=\"elementor-column elementor-col-100 elementor-inner-column elementor-element elementor-element-50856446\" data-id=\"50856446\" data-element_type=\"column\" data-e-type=\"column\">\n\t\t\t<div class=\"elementor-widget-wrap elementor-element-populated\">\n\t\t\t\t\t\t<div class=\"elementor-element elementor-element-3212ea75 elementor-widget elementor-widget-text-editor\" data-id=\"3212ea75\" data-element_type=\"widget\" data-e-type=\"widget\" data-widget_type=\"text-editor.default\">\n\t\t\t\t<div class=\"elementor-widget-container\">\n\t\t\t\t\t\t\t\t\t<p><strong>El Poble Nou del <\/strong>Delta (Tarragona) \u00e9s un poblat de colonitzaci\u00f3 agr\u00e0ria creat per l&#8217;INC, on el cicle econ\u00f2mic de l&#8217;agricultura s&#8217;ha substitu\u00eft pel cicle econ\u00f2mic del turisme.<\/p>\t\t\t\t\t\t\t\t<\/div>\n\t\t\t\t<\/div>\n\t\t\t\t\t<\/div>\n\t\t<\/div>\n\t\t\t\t\t<\/div>\n\t\t<\/section>\n\t\t\t\t<div class=\"elementor-element elementor-element-210a3a93 elementor-widget elementor-widget-heading\" data-id=\"210a3a93\" data-element_type=\"widget\" data-e-type=\"widget\" data-widget_type=\"heading.default\">\n\t\t\t\t<div class=\"elementor-widget-container\">\n\t\t\t\t\t<h1 class=\"elementor-heading-title elementor-size-default\">Poble Nou del Delta, poble de colonitzaci\u00f3 (Tarragona)<\/h1>\t\t\t\t<\/div>\n\t\t\t\t<\/div>\n\t\t\t\t\t<\/div>\n\t\t<\/div>\n\t\t\t\t\t<\/div>\n\t\t<\/section>\n\t\t\t\t<section class=\"elementor-section elementor-top-section elementor-element elementor-element-2b4f58bb elementor-section-boxed elementor-section-height-default elementor-section-height-default\" data-id=\"2b4f58bb\" data-element_type=\"section\" data-e-type=\"section\">\n\t\t\t\t\t\t<div class=\"elementor-container elementor-column-gap-default\">\n\t\t\t\t\t<div class=\"elementor-column elementor-col-100 elementor-top-column elementor-element elementor-element-78ff2c68\" data-id=\"78ff2c68\" data-element_type=\"column\" data-e-type=\"column\">\n\t\t\t<div class=\"elementor-widget-wrap elementor-element-populated\">\n\t\t\t\t\t\t<section class=\"elementor-section elementor-inner-section elementor-element elementor-element-7ef4226a elementor-section-boxed elementor-section-height-default elementor-section-height-default\" data-id=\"7ef4226a\" data-element_type=\"section\" data-e-type=\"section\" data-settings=\"{&quot;background_background&quot;:&quot;classic&quot;}\">\n\t\t\t\t\t\t\t<div class=\"elementor-background-overlay\"><\/div>\n\t\t\t\t\t\t\t<div class=\"elementor-container elementor-column-gap-default\">\n\t\t\t\t\t<div class=\"elementor-column elementor-col-100 elementor-inner-column elementor-element elementor-element-3f9e5d85\" data-id=\"3f9e5d85\" data-element_type=\"column\" data-e-type=\"column\" data-settings=\"{&quot;background_background&quot;:&quot;classic&quot;}\">\n\t\t\t<div class=\"elementor-widget-wrap elementor-element-populated\">\n\t\t\t\t\t\t<div class=\"elementor-element elementor-element-62d51366 elementor-widget elementor-widget-image\" data-id=\"62d51366\" data-element_type=\"widget\" data-e-type=\"widget\" data-widget_type=\"image.default\">\n\t\t\t\t<div class=\"elementor-widget-container\">\n\t\t\t\t\t\t\t\t\t\t\t\t<figure class=\"wp-caption\">\n\t\t\t\t\t\t\t\t\t\t<img fetchpriority=\"high\" decoding=\"async\" width=\"768\" height=\"512\" src=\"https:\/\/www.elturistatranquil.com\/wp-content\/uploads\/F01-Poble-Nou-del-Delta.-Tarragona-Google-earth-2025-09-01.jpg\" class=\"attachment-medium_large size-medium_large wp-image-61765\" alt=\"Poble Nou del Delta. Tarragona\" srcset=\"https:\/\/www.elturistatranquil.com\/wp-content\/uploads\/F01-Poble-Nou-del-Delta.-Tarragona-Google-earth-2025-09-01.jpg 768w, https:\/\/www.elturistatranquil.com\/wp-content\/uploads\/F01-Poble-Nou-del-Delta.-Tarragona-Google-earth-2025-09-01-339x226.jpg 339w\" sizes=\"(max-width: 768px) 100vw, 768px\" \/>\t\t\t\t\t\t\t\t\t\t\t<figcaption class=\"widget-image-caption wp-caption-text\">Poble Nou del Delta. Tarragona (Google earth 2025-09-01)<\/figcaption>\n\t\t\t\t\t\t\t\t\t\t<\/figure>\n\t\t\t\t\t\t\t\t\t<\/div>\n\t\t\t\t<\/div>\n\t\t\t\t<div class=\"elementor-element elementor-element-5f29fff8 elementor-widget elementor-widget-text-editor\" data-id=\"5f29fff8\" data-element_type=\"widget\" data-e-type=\"widget\" data-widget_type=\"text-editor.default\">\n\t\t\t\t<div class=\"elementor-widget-container\">\n\t\t\t\t\t\t\t\t\t<p>Entitat Singular: Pedania. Municipi: Amposta. Comarca: Montsi\u00e0. Prov\u00edncia:\u00a0 Tarragona. Com. Aut\u00f2noma: Catalunya<br \/>Coordenades: 40\u00b038&#8217;42.9&#8243;N 0\u00b041&#8217;12.4&#8243;E. Altitud: nm. Poblaci\u00f3: 188 habitants (2024)<br \/>Web: <a href=\"https:\/\/www.turismodeltadelebro.com\/ca\/que-veure-al-poble-nou-del-delta\/\" target=\"_blank\" rel=\"noopener\">turismodeltadelebro<\/a><br \/>Visita: 2023<\/p>\t\t\t\t\t\t\t\t<\/div>\n\t\t\t\t<\/div>\n\t\t\t\t\t<\/div>\n\t\t<\/div>\n\t\t\t\t\t<\/div>\n\t\t<\/section>\n\t\t\t\t<div class=\"elementor-element elementor-element-c22fdb7 elementor-widget elementor-widget-image\" data-id=\"c22fdb7\" data-element_type=\"widget\" data-e-type=\"widget\" data-widget_type=\"image.default\">\n\t\t\t\t<div class=\"elementor-widget-container\">\n\t\t\t\t\t\t\t\t\t\t\t\t<figure class=\"wp-caption\">\n\t\t\t\t\t\t\t\t\t\t<img decoding=\"async\" width=\"768\" height=\"512\" src=\"https:\/\/www.elturistatranquil.com\/wp-content\/uploads\/F02c-Mapa-de-situacio-del-Poble-Nou-del-Delta.-Tarragona-Google-maps-2025-09-01.jpg\" class=\"attachment-medium_large size-medium_large wp-image-61926\" alt=\"Mapa de situacio del Poble Nou del Delta. Tarragona (Google maps 2025-09-01)\" srcset=\"https:\/\/www.elturistatranquil.com\/wp-content\/uploads\/F02c-Mapa-de-situacio-del-Poble-Nou-del-Delta.-Tarragona-Google-maps-2025-09-01.jpg 768w, https:\/\/www.elturistatranquil.com\/wp-content\/uploads\/F02c-Mapa-de-situacio-del-Poble-Nou-del-Delta.-Tarragona-Google-maps-2025-09-01-339x226.jpg 339w\" sizes=\"(max-width: 768px) 100vw, 768px\" \/>\t\t\t\t\t\t\t\t\t\t\t<figcaption class=\"widget-image-caption wp-caption-text\">Mapa de situaci\u00f3 de Poble Nou del Delta. Tarragona (Google maps 2025-09-01)<\/figcaption>\n\t\t\t\t\t\t\t\t\t\t<\/figure>\n\t\t\t\t\t\t\t\t\t<\/div>\n\t\t\t\t<\/div>\n\t\t\t\t<div class=\"elementor-element elementor-element-57711ef4 elementor-widget elementor-widget-menu-anchor\" data-id=\"57711ef4\" data-element_type=\"widget\" data-e-type=\"widget\" data-widget_type=\"menu-anchor.default\">\n\t\t\t\t<div class=\"elementor-widget-container\">\n\t\t\t\t\t\t\t<div class=\"elementor-menu-anchor\" id=\"a0101-EnlaceaunpuntodentrodelPost\"><\/div>\n\t\t\t\t\t\t<\/div>\n\t\t\t\t<\/div>\n\t\t\t\t<div class=\"elementor-element elementor-element-6b9d3b4e elementor-toc--minimized-on-tablet elementor-widget elementor-widget-table-of-contents\" data-id=\"6b9d3b4e\" data-element_type=\"widget\" data-e-type=\"widget\" data-settings=\"{&quot;headings_by_tags&quot;:[&quot;h2&quot;,&quot;h3&quot;,&quot;h4&quot;],&quot;marker_view&quot;:&quot;bullets&quot;,&quot;icon&quot;:{&quot;value&quot;:&quot;&quot;,&quot;library&quot;:&quot;&quot;},&quot;no_headings_message&quot;:&quot;No se ha encontrado ning\\u00fan encabezado en esta p\\u00e1gina.&quot;,&quot;minimize_box&quot;:&quot;yes&quot;,&quot;minimized_on&quot;:&quot;tablet&quot;,&quot;hierarchical_view&quot;:&quot;yes&quot;,&quot;min_height&quot;:{&quot;unit&quot;:&quot;px&quot;,&quot;size&quot;:&quot;&quot;,&quot;sizes&quot;:[]},&quot;min_height_tablet&quot;:{&quot;unit&quot;:&quot;px&quot;,&quot;size&quot;:&quot;&quot;,&quot;sizes&quot;:[]},&quot;min_height_mobile&quot;:{&quot;unit&quot;:&quot;px&quot;,&quot;size&quot;:&quot;&quot;,&quot;sizes&quot;:[]}}\" data-widget_type=\"table-of-contents.default\">\n\t\t\t\t<div class=\"elementor-widget-container\">\n\t\t\t\t\t\t\t\t\t<div class=\"elementor-toc__header\">\n\t\t\t\t\t\t<h4 class=\"elementor-toc__header-title\">\n\t\t\t\t\u00cdndex\t\t\t<\/h4>\n\t\t\t\t\t\t\t\t\t\t<div class=\"elementor-toc__toggle-button elementor-toc__toggle-button--expand\" role=\"button\" tabindex=\"0\" aria-controls=\"elementor-toc__6b9d3b4e\" aria-expanded=\"true\" aria-label=\"Open table of contents\"><i aria-hidden=\"true\" class=\"fas fa-chevron-down\"><\/i><\/div>\n\t\t\t\t<div class=\"elementor-toc__toggle-button elementor-toc__toggle-button--collapse\" role=\"button\" tabindex=\"0\" aria-controls=\"elementor-toc__6b9d3b4e\" aria-expanded=\"true\" aria-label=\"Close table of contents\"><i aria-hidden=\"true\" class=\"fas fa-chevron-up\"><\/i><\/div>\n\t\t\t\t\t<\/div>\n\t\t\t\t<div id=\"elementor-toc__6b9d3b4e\" class=\"elementor-toc__body\">\n\t\t\t<div class=\"elementor-toc__spinner-container\">\n\t\t\t\t<i class=\"elementor-toc__spinner eicon-animation-spin eicon-loading\" aria-hidden=\"true\"><\/i>\t\t\t<\/div>\n\t\t<\/div>\n\t\t\t\t\t\t<\/div>\n\t\t\t\t<\/div>\n\t\t\t\t<div class=\"elementor-element elementor-element-45e92ff1 elementor-widget elementor-widget-spacer\" data-id=\"45e92ff1\" data-element_type=\"widget\" data-e-type=\"widget\" data-widget_type=\"spacer.default\">\n\t\t\t\t<div class=\"elementor-widget-container\">\n\t\t\t\t\t\t\t<div class=\"elementor-spacer\">\n\t\t\t<div class=\"elementor-spacer-inner\"><\/div>\n\t\t<\/div>\n\t\t\t\t\t\t<\/div>\n\t\t\t\t<\/div>\n\t\t\t\t<div class=\"elementor-element elementor-element-228259bf elementor-widget elementor-widget-heading\" data-id=\"228259bf\" data-element_type=\"widget\" data-e-type=\"widget\" data-widget_type=\"heading.default\">\n\t\t\t\t<div class=\"elementor-widget-container\">\n\t\t\t\t\t<h2 class=\"elementor-heading-title elementor-size-default\">Poble Nou del Delta, poble de colonitzaci\u00f3. Amposta. Montsi\u00e0. Tarragona<\/h2>\t\t\t\t<\/div>\n\t\t\t\t<\/div>\n\t\t\t\t<div class=\"elementor-element elementor-element-3e74d7e elementor-widget elementor-widget-text-editor\" data-id=\"3e74d7e\" data-element_type=\"widget\" data-e-type=\"widget\" data-widget_type=\"text-editor.default\">\n\t\t\t\t<div class=\"elementor-widget-container\">\n\t\t\t\t\t\t\t\t\t<p>En el recorregut per diverses actuacions de l&#8217;Institut Nacional de Colonitzaci\u00f3 (INC) amb la creaci\u00f3 de poblats de colonitzaci\u00f3 agr\u00e0ria que he anat presentat al <em>Blog<\/em> &#8211;<a href=\"https:\/\/www.elturistatranquil.com\/ca\/pobles-de-colonitzacio-del-pla-badajoz\/\" target=\"_blank\" rel=\"noopener\"><strong>Badajoz<\/strong><\/a><strong>, <\/strong><a href=\"https:\/\/www.elturistatranquil.com\/ca\/pobles-de-colonitzacio-agraria-dels-monegres-osca-saragossa\/\" target=\"_blank\" rel=\"noopener\"><strong>Monegres<\/strong><\/a><strong>, <\/strong><a href=\"https:\/\/www.elturistatranquil.com\/ca\/la-rinconada-de-tajo-poble-de-colonitzacio-toledo\/\" target=\"_blank\" rel=\"noopener\"><strong>La Rinconada de Tajo<\/strong><\/a>&#8211; li arriba el torn al <strong>Poble Nou del Delta<\/strong> a Tarragona.<\/p><p>La contextualitzaci\u00f3 dels pobles de colonitzaci\u00f3 posteriors a la Guerra Civil de l&#8217;INC la vaig presentar als dos <em>posts<\/em> dedicats a <strong>Assentaments de poblaci\u00f3 programats: <\/strong><a href=\"https:\/\/www.elturistatranquil.com\/ca\/assentaments-de-poblacio-programats-1-tipologia\/\" target=\"_blank\" rel=\"noopener\"><strong>(1): Tipologia<\/strong><\/a> <strong>i <\/strong><a href=\"https:\/\/www.elturistatranquil.com\/ca\/assentaments-de-poblacio-programats-i-2-proces-historic-a-espanya\/\" target=\"_blank\" rel=\"noopener\"><strong>(2): Proc\u00e9s hist\u00f2ric a Espanya<\/strong><\/a>.<\/p>\t\t\t\t\t\t\t\t<\/div>\n\t\t\t\t<\/div>\n\t\t\t\t<div class=\"elementor-element elementor-element-64ad6ca6 elementor-widget elementor-widget-heading\" data-id=\"64ad6ca6\" data-element_type=\"widget\" data-e-type=\"widget\" data-widget_type=\"heading.default\">\n\t\t\t\t<div class=\"elementor-widget-container\">\n\t\t\t\t\t<h2 class=\"elementor-heading-title elementor-size-default\">Poble Nou del Delta: G\u00e8nesi i visita<\/h2>\t\t\t\t<\/div>\n\t\t\t\t<\/div>\n\t\t\t\t<div class=\"elementor-element elementor-element-742beffb elementor-widget elementor-widget-image\" data-id=\"742beffb\" data-element_type=\"widget\" data-e-type=\"widget\" data-widget_type=\"image.default\">\n\t\t\t\t<div class=\"elementor-widget-container\">\n\t\t\t\t\t\t\t\t\t\t\t\t<figure class=\"wp-caption\">\n\t\t\t\t\t\t\t\t\t\t<img decoding=\"async\" width=\"768\" height=\"512\" src=\"https:\/\/www.elturistatranquil.com\/wp-content\/uploads\/F03-Poble-Nou-del-Delta-Tarragona.jpg\" class=\"attachment-large size-large wp-image-61769\" alt=\"Poble Nou del Delta. Tarragona\" srcset=\"https:\/\/www.elturistatranquil.com\/wp-content\/uploads\/F03-Poble-Nou-del-Delta-Tarragona.jpg 768w, https:\/\/www.elturistatranquil.com\/wp-content\/uploads\/F03-Poble-Nou-del-Delta-Tarragona-339x226.jpg 339w\" sizes=\"(max-width: 768px) 100vw, 768px\" \/>\t\t\t\t\t\t\t\t\t\t\t<figcaption class=\"widget-image-caption wp-caption-text\"><\/figcaption>\n\t\t\t\t\t\t\t\t\t\t<\/figure>\n\t\t\t\t\t\t\t\t\t<\/div>\n\t\t\t\t<\/div>\n\t\t\t\t<div class=\"elementor-element elementor-element-a492a25 elementor-widget elementor-widget-text-editor\" data-id=\"a492a25\" data-element_type=\"widget\" data-e-type=\"widget\" data-widget_type=\"text-editor.default\">\n\t\t\t\t<div class=\"elementor-widget-container\">\n\t\t\t\t\t\t\t\t\t<p>El <strong>Poble Nou del Delta<\/strong> \u2014que en el moment de la seva creaci\u00f3 va rebre el nom de <strong>Villafranco del Delta<\/strong>\u2014 \u00e9s una pedania del municipi d&#8217;Amposta, a la comarca del Montsi\u00e0, prov\u00edncia de Tarragona, governat per un alcalde pedani. Forma part del <strong>Parc Natural del Delta de l&#8217;Ebre<\/strong>, declarat el 1983.<\/p><p>Ens trobem al marge dret del Delta de l&#8217;Ebre on ja al segle XIX s&#8217;havien efectuat obres d&#8217;infraestructures hidr\u00e0uliques a terrenys de la Marina i de grans propietaris, amb el resultat d&#8217;un poblament dispers dels cultivadors en barraques a\u00efllades.<\/p>\t\t\t\t\t\t\t\t<\/div>\n\t\t\t\t<\/div>\n\t\t\t\t<div class=\"elementor-element elementor-element-d114d12 elementor-widget elementor-widget-image\" data-id=\"d114d12\" data-element_type=\"widget\" data-e-type=\"widget\" data-widget_type=\"image.default\">\n\t\t\t\t<div class=\"elementor-widget-container\">\n\t\t\t\t\t\t\t\t\t\t\t\t<figure class=\"wp-caption\">\n\t\t\t\t\t\t\t\t\t\t<img loading=\"lazy\" decoding=\"async\" width=\"768\" height=\"512\" src=\"https:\/\/www.elturistatranquil.com\/wp-content\/uploads\/F04-03-a-Poble-Nou-del-Delta.-Tarragona-Google-earth-2025-09-01.jpg\" class=\"attachment-large size-large wp-image-61771\" alt=\"Poble Nou del Delta. Tarragona\" srcset=\"https:\/\/www.elturistatranquil.com\/wp-content\/uploads\/F04-03-a-Poble-Nou-del-Delta.-Tarragona-Google-earth-2025-09-01.jpg 768w, https:\/\/www.elturistatranquil.com\/wp-content\/uploads\/F04-03-a-Poble-Nou-del-Delta.-Tarragona-Google-earth-2025-09-01-339x226.jpg 339w\" sizes=\"(max-width: 768px) 100vw, 768px\" \/>\t\t\t\t\t\t\t\t\t\t\t<figcaption class=\"widget-image-caption wp-caption-text\">(Google earth 2025-09-01)<\/figcaption>\n\t\t\t\t\t\t\t\t\t\t<\/figure>\n\t\t\t\t\t\t\t\t\t<\/div>\n\t\t\t\t<\/div>\n\t\t\t\t<div class=\"elementor-element elementor-element-763ba3e5 elementor-widget elementor-widget-text-editor\" data-id=\"763ba3e5\" data-element_type=\"widget\" data-e-type=\"widget\" data-widget_type=\"text-editor.default\">\n\t\t\t\t<div class=\"elementor-widget-container\">\n\t\t\t\t\t\t\t\t\t<p>El 1940, es redacta un informe sobre la conveni\u00e8ncia de declarar la zona arrossera de Tortosa d&#8217;alt inter\u00e8s nacional per a la seva colonitzaci\u00f3, declaraci\u00f3 que es va efectuar el 1941.<\/p><p>A l&#8217;informe s&#8217;assenyalava l&#8217;inter\u00e8s de construir un poblat que substitu\u00eds la dispersi\u00f3 \u201can\u00e0rquica\u201d d&#8217;habitatges, on vivien cultivadors i pescadors.<\/p><p>El 1951 L&#8217;arquitecte <em>Jos\u00e9 Borobio Ojeda<\/em> i l&#8217;enginyer agr\u00f2nom <em>Jos\u00e9 Arag\u00f3n Austri<\/em> van redactar un avantprojecte de nou poble de <strong>Villafranco del Delta<\/strong> (avui <strong>Poble Nou del Delta<\/strong>) a la partida de <strong>El Trav\u00e9s<\/strong>.<\/p>\t\t\t\t\t\t\t\t<\/div>\n\t\t\t\t<\/div>\n\t\t\t\t<div class=\"elementor-element elementor-element-55ba233 elementor-widget elementor-widget-image\" data-id=\"55ba233\" data-element_type=\"widget\" data-e-type=\"widget\" data-widget_type=\"image.default\">\n\t\t\t\t<div class=\"elementor-widget-container\">\n\t\t\t\t\t\t\t\t\t\t\t\t<figure class=\"wp-caption\">\n\t\t\t\t\t\t\t\t\t\t<img loading=\"lazy\" decoding=\"async\" width=\"768\" height=\"512\" src=\"https:\/\/www.elturistatranquil.com\/wp-content\/uploads\/F05-Poble-Nou-del-Delta.-Tarragona-Google-earth-2025-09-01.jpg\" class=\"attachment-large size-large wp-image-61773\" alt=\"\" srcset=\"https:\/\/www.elturistatranquil.com\/wp-content\/uploads\/F05-Poble-Nou-del-Delta.-Tarragona-Google-earth-2025-09-01.jpg 768w, https:\/\/www.elturistatranquil.com\/wp-content\/uploads\/F05-Poble-Nou-del-Delta.-Tarragona-Google-earth-2025-09-01-339x226.jpg 339w\" sizes=\"(max-width: 768px) 100vw, 768px\" \/>\t\t\t\t\t\t\t\t\t\t\t<figcaption class=\"widget-image-caption wp-caption-text\">(Google earth 2025-09-01)<\/figcaption>\n\t\t\t\t\t\t\t\t\t\t<\/figure>\n\t\t\t\t\t\t\t\t\t<\/div>\n\t\t\t\t<\/div>\n\t\t\t\t<div class=\"elementor-element elementor-element-50bc379 elementor-widget elementor-widget-text-editor\" data-id=\"50bc379\" data-element_type=\"widget\" data-e-type=\"widget\" data-widget_type=\"text-editor.default\">\n\t\t\t\t<div class=\"elementor-widget-container\">\n\t\t\t\t\t\t\t\t\t<p>El projecte definitiu de Jos\u00e9 Borobio es va aprovar el 1952 amb una capacitat de 127 habitatges, dels quals se&#8217;n van construir 96.<\/p><p>El poblat es va situar a la part m\u00e9s elevada de la zona per protegir-lo del nivell del mar, i, tot i aix\u00ed, va ser necessari elevar el terreny, per a la qual cosa es van fer servir terres d&#8217;altres parcel\u00b7les de la zona.<\/p><p>Com a la resta dels poblats agraris de colonitzaci\u00f3, l&#8217;objectiu inicial va ser potenciar i racionalitzar el cultiu agrari, en aquest cas vinculat a la producci\u00f3 d&#8217;arr\u00f2s, a partir de la creaci\u00f3 d&#8217;un poblat, parcel\u00b7lar el territori circumdant, i atorgar una parcel\u00b7la i una casa a colons vinguts d&#8217;altres localitats properes.<\/p><p>Com que es tracta d&#8217;un empla\u00e7ament mar\u00edtim, l&#8217;arquitecte Borobio va optar per un urbanisme mariner de \u201cpoble blanc\u201d, des de la base de les cases fins a la punta del campanar de l&#8217;esgl\u00e9sia.<\/p>\t\t\t\t\t\t\t\t<\/div>\n\t\t\t\t<\/div>\n\t\t\t\t<div class=\"elementor-element elementor-element-888fd8d elementor-widget elementor-widget-image\" data-id=\"888fd8d\" data-element_type=\"widget\" data-e-type=\"widget\" data-widget_type=\"image.default\">\n\t\t\t\t<div class=\"elementor-widget-container\">\n\t\t\t\t\t\t\t\t\t\t\t\t<figure class=\"wp-caption\">\n\t\t\t\t\t\t\t\t\t\t<img loading=\"lazy\" decoding=\"async\" width=\"768\" height=\"512\" src=\"https:\/\/www.elturistatranquil.com\/wp-content\/uploads\/F06-Poble-Nou-del-Delta-Tarragona.jpg\" class=\"attachment-large size-large wp-image-61775\" alt=\"Poble Nou del Delta. Tarragona\" srcset=\"https:\/\/www.elturistatranquil.com\/wp-content\/uploads\/F06-Poble-Nou-del-Delta-Tarragona.jpg 768w, https:\/\/www.elturistatranquil.com\/wp-content\/uploads\/F06-Poble-Nou-del-Delta-Tarragona-339x226.jpg 339w\" sizes=\"(max-width: 768px) 100vw, 768px\" \/>\t\t\t\t\t\t\t\t\t\t\t<figcaption class=\"widget-image-caption wp-caption-text\"><\/figcaption>\n\t\t\t\t\t\t\t\t\t\t<\/figure>\n\t\t\t\t\t\t\t\t\t<\/div>\n\t\t\t\t<\/div>\n\t\t\t\t<div class=\"elementor-element elementor-element-3f3876d7 elementor-widget elementor-widget-heading\" data-id=\"3f3876d7\" data-element_type=\"widget\" data-e-type=\"widget\" data-widget_type=\"heading.default\">\n\t\t\t\t<div class=\"elementor-widget-container\">\n\t\t\t\t\t<h4 class=\"elementor-heading-title elementor-size-default\">De l'agricultura al turisme<\/h4>\t\t\t\t<\/div>\n\t\t\t\t<\/div>\n\t\t\t\t<div class=\"elementor-element elementor-element-3d39f4e elementor-widget elementor-widget-text-editor\" data-id=\"3d39f4e\" data-element_type=\"widget\" data-e-type=\"widget\" data-widget_type=\"text-editor.default\">\n\t\t\t\t<div class=\"elementor-widget-container\">\n\t\t\t\t\t\t\t\t\t<p>El fet de localitzar-se en una zona costanera d&#8217;alt inter\u00e8s ecol\u00f2gic i tur\u00edstic (Parc Natural del Delta de l&#8217;Ebre) ha comportat que hagi evolucionat des de la base agr\u00edcola del cultiu d&#8217;arr\u00f2s, cap a un turisme natural i gastron\u00f2mic, amb el paper estrella de l&#8217;arr\u00f2s.<\/p><p>\u00c9s una evoluci\u00f3 totalment diferent de les dels poblats d&#8217;interior que hem tingut ocasi\u00f3 de visitar. Aqu\u00ed es mostra una evoluci\u00f3 progressiva a reconvertir moltes cases en restaurants, allotjaments o serveis tur\u00edstics, insuflant una nova din\u00e0mica econ\u00f2mica revitalitzadora del poblat.<\/p><p>Per aix\u00f2, el car\u00e0cter residencial original s&#8217;ha anat transformant de mica en mica cap a una poblaci\u00f3 orientada al turisme i als serveis relacionats amb el Parc Natural del Delta de l&#8217;Ebre, abandonant-se l&#8217;activitat agr\u00edcola.<\/p><p>Les adaptacions efectuades a les edificacions en el proc\u00e9s de reconversi\u00f3 a les funcions tur\u00edstiques, amb, per exemple, cartells i terrasses, han modificat la \u201cmonotonia\u201d agr\u00e0ria del tra\u00e7at, sent de vegades dif\u00edcil recon\u00e8ixer els models arquitect\u00f2nics inicials, per\u00f2 \u00e9s interessant observar com s&#8217;ha mantingut l&#8217;arrebossat blanc de totes les construccions, tant les antigues com a les de les de les de l&#8217;Hotel. Cal suposar que ha estat una exig\u00e8ncia municipal perqu\u00e8 no es perd\u00e9s l&#8217;atribut de \u201cpoble blanc mariner\u201d, de manera que es mant\u00e9 la seva unitat est\u00e8tica. Aquest atribut s&#8217;observa a tots els pobles blancs repartits per la Pen\u00ednsula. (Veure, per exemple, <a href=\"https:\/\/www.elturistatranquil.com\/ca\/conil-de-la-frontera-cadis\/\" target=\"_blank\" rel=\"noopener\">Conil de la Frontera<\/a>).<\/p>\t\t\t\t\t\t\t\t<\/div>\n\t\t\t\t<\/div>\n\t\t\t\t<div class=\"elementor-element elementor-element-a98369f elementor-widget elementor-widget-heading\" data-id=\"a98369f\" data-element_type=\"widget\" data-e-type=\"widget\" data-widget_type=\"heading.default\">\n\t\t\t\t<div class=\"elementor-widget-container\">\n\t\t\t\t\t<h2 class=\"elementor-heading-title elementor-size-default\">Caracter\u00edstiques urbanes del model aplicat al Poble Nou del Delta<\/h2>\t\t\t\t<\/div>\n\t\t\t\t<\/div>\n\t\t\t\t<div class=\"elementor-element elementor-element-47afd83 elementor-widget elementor-widget-text-editor\" data-id=\"47afd83\" data-element_type=\"widget\" data-e-type=\"widget\" data-widget_type=\"text-editor.default\">\n\t\t\t\t<div class=\"elementor-widget-container\">\n\t\t\t\t\t\t\t\t\t<p>Pla: Any planificaci\u00f3: 1951. Any lliurament: 1957. Arquitecte: Jos\u00e9 Borobio<\/p><p>Colons: 127. Obrers: 0. Altres: Metge, mestres, serveis. Total cases: 127 de colons (de les quals se&#8217;n van construir 96 a la primera fase), m\u00e9s habitatges per a serveis. Poblaci\u00f3 estimada del projecte: sobre 500 habitants. Poblaci\u00f3 2000: 169 habitants. Poblaci\u00f3 2023: 188 habitants. No es van construir cases per a obrers.<\/p><p>Pattern urban\u00edstic: ortogonal, en forma de pent\u00e0gon irregular.<\/p>\t\t\t\t\t\t\t\t<\/div>\n\t\t\t\t<\/div>\n\t\t\t\t<div class=\"elementor-element elementor-element-2f0f5f9 elementor-widget elementor-widget-image\" data-id=\"2f0f5f9\" data-element_type=\"widget\" data-e-type=\"widget\" data-widget_type=\"image.default\">\n\t\t\t\t<div class=\"elementor-widget-container\">\n\t\t\t\t\t\t\t\t\t\t\t\t<figure class=\"wp-caption\">\n\t\t\t\t\t\t\t\t\t\t<img loading=\"lazy\" decoding=\"async\" width=\"768\" height=\"512\" src=\"https:\/\/www.elturistatranquil.com\/wp-content\/uploads\/F07-Poble-Nou-del-Delta-TarragonaProyecto-de-1952-Arquitecto-Jose-Borobio.jpg\" class=\"attachment-large size-large wp-image-61777\" alt=\"Poble Nou del Delta. Tarragona\" srcset=\"https:\/\/www.elturistatranquil.com\/wp-content\/uploads\/F07-Poble-Nou-del-Delta-TarragonaProyecto-de-1952-Arquitecto-Jose-Borobio.jpg 768w, https:\/\/www.elturistatranquil.com\/wp-content\/uploads\/F07-Poble-Nou-del-Delta-TarragonaProyecto-de-1952-Arquitecto-Jose-Borobio-339x226.jpg 339w\" sizes=\"(max-width: 768px) 100vw, 768px\" \/>\t\t\t\t\t\t\t\t\t\t\t<figcaption class=\"widget-image-caption wp-caption-text\"><\/figcaption>\n\t\t\t\t\t\t\t\t\t\t<\/figure>\n\t\t\t\t\t\t\t\t\t<\/div>\n\t\t\t\t<\/div>\n\t\t\t\t<div class=\"elementor-element elementor-element-8edd19e elementor-widget elementor-widget-text-editor\" data-id=\"8edd19e\" data-element_type=\"widget\" data-e-type=\"widget\" data-widget_type=\"text-editor.default\">\n\t\t\t\t<div class=\"elementor-widget-container\">\n\t\t\t\t\t\t\t\t\t<p>El projecte inicial comprenia l&#8217;entorn vermell del pl\u00e0nol, i no es va construir la part tramada en groc. Posteriorment, es va construir aquesta fase, una mica modificada, i es va ampliar amb dues illes m\u00e9s al costat nord, seguint el tra\u00e7at urban\u00edstic.<\/p>\t\t\t\t\t\t\t\t<\/div>\n\t\t\t\t<\/div>\n\t\t\t\t<div class=\"elementor-element elementor-element-dc5d009 elementor-widget elementor-widget-image\" data-id=\"dc5d009\" data-element_type=\"widget\" data-e-type=\"widget\" data-widget_type=\"image.default\">\n\t\t\t\t<div class=\"elementor-widget-container\">\n\t\t\t\t\t\t\t\t\t\t\t\t<figure class=\"wp-caption\">\n\t\t\t\t\t\t\t\t\t\t<img loading=\"lazy\" decoding=\"async\" width=\"768\" height=\"519\" src=\"https:\/\/www.elturistatranquil.com\/wp-content\/uploads\/F08-Poblenou-del-Delta.-Tarragona-Google-earth-2025-09-01.jpg\" class=\"attachment-large size-large wp-image-61779\" alt=\"Poble Nou del Delta. Tarragona\" srcset=\"https:\/\/www.elturistatranquil.com\/wp-content\/uploads\/F08-Poblenou-del-Delta.-Tarragona-Google-earth-2025-09-01.jpg 768w, https:\/\/www.elturistatranquil.com\/wp-content\/uploads\/F08-Poblenou-del-Delta.-Tarragona-Google-earth-2025-09-01-334x226.jpg 334w\" sizes=\"(max-width: 768px) 100vw, 768px\" \/>\t\t\t\t\t\t\t\t\t\t\t<figcaption class=\"widget-image-caption wp-caption-text\">(Sobre Google earth 2025-09-01)<\/figcaption>\n\t\t\t\t\t\t\t\t\t\t<\/figure>\n\t\t\t\t\t\t\t\t\t<\/div>\n\t\t\t\t<\/div>\n\t\t\t\t<div class=\"elementor-element elementor-element-094caab elementor-widget elementor-widget-image\" data-id=\"094caab\" data-element_type=\"widget\" data-e-type=\"widget\" data-widget_type=\"image.default\">\n\t\t\t\t<div class=\"elementor-widget-container\">\n\t\t\t\t\t\t\t\t\t\t\t\t<figure class=\"wp-caption\">\n\t\t\t\t\t\t\t\t\t\t<img loading=\"lazy\" decoding=\"async\" width=\"768\" height=\"470\" src=\"https:\/\/www.elturistatranquil.com\/wp-content\/uploads\/F09-Poble-Nou-del-Delta-Tarragona.jpg\" class=\"attachment-large size-large wp-image-61784\" alt=\"Poble Nou del Delta. Tarragona\" srcset=\"https:\/\/www.elturistatranquil.com\/wp-content\/uploads\/F09-Poble-Nou-del-Delta-Tarragona.jpg 768w, https:\/\/www.elturistatranquil.com\/wp-content\/uploads\/F09-Poble-Nou-del-Delta-Tarragona-339x207.jpg 339w\" sizes=\"(max-width: 768px) 100vw, 768px\" \/>\t\t\t\t\t\t\t\t\t\t\t<figcaption class=\"widget-image-caption wp-caption-text\"><\/figcaption>\n\t\t\t\t\t\t\t\t\t\t<\/figure>\n\t\t\t\t\t\t\t\t\t<\/div>\n\t\t\t\t<\/div>\n\t\t\t\t<div class=\"elementor-element elementor-element-c6833a0 elementor-widget elementor-widget-text-editor\" data-id=\"c6833a0\" data-element_type=\"widget\" data-e-type=\"widget\" data-widget_type=\"text-editor.default\">\n\t\t\t\t<div class=\"elementor-widget-container\">\n\t\t\t\t\t\t\t\t\t<p>El primer projecte es va redactar a base de 127 habitatges per a colons, per\u00f2 en la seva construcci\u00f3 es van suprimir les dues illes situades a la part nord, quedant un total de 96 habitatges de colons. Els altres edificis que compr\u00e8n el projecte s\u00f3n els seg\u00fcents: Esgl\u00e9sia i casa rectoral. Edifici d\u2019administraci\u00f3 i habitatge del secretari. Edifici Social, amb sal\u00f3 el cinema i caf\u00e8-bar. Escola amb classe per a nens i nenes. Dos habitatges per a mestres. Dos habitatges per a comerciants. Forn amb habitatge per a forner.<\/p>\t\t\t\t\t\t\t\t<\/div>\n\t\t\t\t<\/div>\n\t\t\t\t<div class=\"elementor-element elementor-element-df6bdce elementor-widget elementor-widget-heading\" data-id=\"df6bdce\" data-element_type=\"widget\" data-e-type=\"widget\" data-widget_type=\"heading.default\">\n\t\t\t\t<div class=\"elementor-widget-container\">\n\t\t\t\t\t<h2 class=\"elementor-heading-title elementor-size-default\">Tipologia de patrons urbans<\/h2>\t\t\t\t<\/div>\n\t\t\t\t<\/div>\n\t\t\t\t<div class=\"elementor-element elementor-element-0792ad1 elementor-widget elementor-widget-text-editor\" data-id=\"0792ad1\" data-element_type=\"widget\" data-e-type=\"widget\" data-widget_type=\"text-editor.default\">\n\t\t\t\t<div class=\"elementor-widget-container\">\n\t\t\t\t\t\t\t\t\t<p>Sobre un terreny pla sense condicionants orogr\u00e0fics, es va plantejar un urbanisme simple de format ortogonal, en forma de pent\u00e0gon irregular.<\/p>\t\t\t\t\t\t\t\t<\/div>\n\t\t\t\t<\/div>\n\t\t\t\t<div class=\"elementor-element elementor-element-bb88f94 elementor-widget elementor-widget-image\" data-id=\"bb88f94\" data-element_type=\"widget\" data-e-type=\"widget\" data-widget_type=\"image.default\">\n\t\t\t\t<div class=\"elementor-widget-container\">\n\t\t\t\t\t\t\t\t\t\t\t\t<figure class=\"wp-caption\">\n\t\t\t\t\t\t\t\t\t\t<img loading=\"lazy\" decoding=\"async\" width=\"768\" height=\"512\" src=\"https:\/\/www.elturistatranquil.com\/wp-content\/uploads\/F10-Poble-Nou-del-Delta-Tarragona.jpg\" class=\"attachment-large size-large wp-image-61786\" alt=\"Poble Nou del Delta. Tarragona\" srcset=\"https:\/\/www.elturistatranquil.com\/wp-content\/uploads\/F10-Poble-Nou-del-Delta-Tarragona.jpg 768w, https:\/\/www.elturistatranquil.com\/wp-content\/uploads\/F10-Poble-Nou-del-Delta-Tarragona-339x226.jpg 339w\" sizes=\"(max-width: 768px) 100vw, 768px\" \/>\t\t\t\t\t\t\t\t\t\t\t<figcaption class=\"widget-image-caption wp-caption-text\"><\/figcaption>\n\t\t\t\t\t\t\t\t\t\t<\/figure>\n\t\t\t\t\t\t\t\t\t<\/div>\n\t\t\t\t<\/div>\n\t\t\t\t<div class=\"elementor-element elementor-element-6da45c1 elementor-widget elementor-widget-text-editor\" data-id=\"6da45c1\" data-element_type=\"widget\" data-e-type=\"widget\" data-widget_type=\"text-editor.default\">\n\t\t\t\t<div class=\"elementor-widget-container\">\n\t\t\t\t\t\t\t\t\t<p>L&#8217;estructura b\u00e0sica de la tipologia de <a href=\"https:\/\/www.elturistatranquil.com\/ca\/pobles-de-colonitzacio-agraria-dels-monegres-osca-saragossa\/#070\" target=\"_blank\" rel=\"noopener\">m\u00f2duls de planificaci\u00f3 urbana<\/a> est\u00e0 basada en la combinaci\u00f3 mixta de m\u00f2duls ortogonals i la mixta de m\u00f2duls ortogonals i corbs i amb els encaixos trapezoidals.<\/p>\t\t\t\t\t\t\t\t<\/div>\n\t\t\t\t<\/div>\n\t\t\t\t<div class=\"elementor-element elementor-element-5dc1472 elementor-widget elementor-widget-heading\" data-id=\"5dc1472\" data-element_type=\"widget\" data-e-type=\"widget\" data-widget_type=\"heading.default\">\n\t\t\t\t<div class=\"elementor-widget-container\">\n\t\t\t\t\t<h2 class=\"elementor-heading-title elementor-size-default\">Els eixos articuladors i tipologies de carrers<\/h2>\t\t\t\t<\/div>\n\t\t\t\t<\/div>\n\t\t\t\t<div class=\"elementor-element elementor-element-9c87a31 elementor-widget elementor-widget-image\" data-id=\"9c87a31\" data-element_type=\"widget\" data-e-type=\"widget\" data-widget_type=\"image.default\">\n\t\t\t\t<div class=\"elementor-widget-container\">\n\t\t\t\t\t\t\t\t\t\t\t\t<figure class=\"wp-caption\">\n\t\t\t\t\t\t\t\t\t\t<img loading=\"lazy\" decoding=\"async\" width=\"768\" height=\"519\" src=\"https:\/\/www.elturistatranquil.com\/wp-content\/uploads\/F11-Poble-Nou-del-Delta-Tarragona-Google-earth-2025-09-01.jpg\" class=\"attachment-large size-large wp-image-61788\" alt=\"Poble Nou del Delta. Tarragona\" srcset=\"https:\/\/www.elturistatranquil.com\/wp-content\/uploads\/F11-Poble-Nou-del-Delta-Tarragona-Google-earth-2025-09-01.jpg 768w, https:\/\/www.elturistatranquil.com\/wp-content\/uploads\/F11-Poble-Nou-del-Delta-Tarragona-Google-earth-2025-09-01-334x226.jpg 334w\" sizes=\"(max-width: 768px) 100vw, 768px\" \/>\t\t\t\t\t\t\t\t\t\t\t<figcaption class=\"widget-image-caption wp-caption-text\">(Sobre Google earth 2025-09-01)<\/figcaption>\n\t\t\t\t\t\t\t\t\t\t<\/figure>\n\t\t\t\t\t\t\t\t\t<\/div>\n\t\t\t\t<\/div>\n\t\t\t\t<div class=\"elementor-element elementor-element-4ba1d1a elementor-widget elementor-widget-text-editor\" data-id=\"4ba1d1a\" data-element_type=\"widget\" data-e-type=\"widget\" data-widget_type=\"text-editor.default\">\n\t\t\t\t<div class=\"elementor-widget-container\">\n\t\t\t\t\t\t\t\t\t<p>La urbanitzaci\u00f3 se situa tangent sobre un costat del cam\u00ed de <strong>La R\u00e0pita<\/strong> (<strong>Sant Carles de la R\u00e0pita<\/strong>) a <strong>Les Salines al Trabucador<\/strong>, per la qual cosa cap cam\u00ed travessa la poblaci\u00f3.<\/p><p>S&#8217;hi van establir quatre tipus de carrers: els principals d&#8217;11 metres amb arbrat; els secundaris de 8 metres i sense arbrat; i els de vianants de 6 metres que presenten a m\u00e9s alguns detalls decoratius com arcs de tancament o vegetaci\u00f3 al centre.<\/p><p>El quart tipus correspon a les rondes que envolten tot el recinte. D&#8217;uns 18 metres la <strong>ronda del Pins<\/strong>, a la banda de llevant on, a l&#8217;altra banda del carrer s&#8217;han situat la zona esportiva moderna. Els altres tres trams de 8 metres \u2013<strong>ronda de Mar<\/strong> al sud; <strong>ronda Fortalesa<\/strong> a ponent i <strong>ronda de la Lluna<\/strong> que tancava pel nord la part constru\u00efda a la primera fase, per la qual cosa no pot considerar-se-la com una aut\u00e8ntica ronda. D&#8217;aquesta manera, el conjunt de les rondes presenta una fa\u00e7ana al paisatge pla i homogeni dels arrossars circumdants.<\/p>\t\t\t\t\t\t\t\t<\/div>\n\t\t\t\t<\/div>\n\t\t\t\t<div class=\"elementor-element elementor-element-f79a779 elementor-widget elementor-widget-heading\" data-id=\"f79a779\" data-element_type=\"widget\" data-e-type=\"widget\" data-widget_type=\"heading.default\">\n\t\t\t\t<div class=\"elementor-widget-container\">\n\t\t\t\t\t<h5 class=\"elementor-heading-title elementor-size-default\">Eixos principals<\/h5>\t\t\t\t<\/div>\n\t\t\t\t<\/div>\n\t\t\t\t<div class=\"elementor-element elementor-element-07852a6 elementor-widget elementor-widget-text-editor\" data-id=\"07852a6\" data-element_type=\"widget\" data-e-type=\"widget\" data-widget_type=\"text-editor.default\">\n\t\t\t\t<div class=\"elementor-widget-container\">\n\t\t\t\t\t\t\t\t\t<p>Dos eixos, oest-est (<strong>carrer Major<\/strong>) i nord-sud (<strong>carrer de l\u2019Ebre<\/strong> i <strong>carrer Alfacs<\/strong>), articulen el recinte, per\u00f2, seguint la norma de no dissenyar carrers lineals llargs, perqu\u00e8 no s&#8217;assembl\u00e9s a un model de ciutat, la continu\u00eftat i la direcci\u00f3 de cadascuna queda trencada en arribar a la pla\u00e7a.<\/p><p><strong>Carrer Major<\/strong><\/p><p>El <strong>carrer Major<\/strong> que travessa tot el poblat fa una finta en arribar a la pla\u00e7a del Jard\u00ed, cosa que urban\u00edsticament la part en dos, per aix\u00ed trencar la continu\u00eftat al\u00b7ludida.<\/p><p>Des de l&#8217;entrada pels dos costats veiem la torre de l&#8217;esgl\u00e9sia com a eix de refer\u00e8ncia.<\/p><p><strong>Carrer Major oest<\/strong><\/p><p>L&#8217;entrada al poble te lloc pel costat oest, com a prolongaci\u00f3 del trencall del cam\u00ed cap a La R\u00e0pita.<\/p>\t\t\t\t\t\t\t\t<\/div>\n\t\t\t\t<\/div>\n\t\t\t\t<div class=\"elementor-element elementor-element-125183d elementor-widget elementor-widget-image\" data-id=\"125183d\" data-element_type=\"widget\" data-e-type=\"widget\" data-widget_type=\"image.default\">\n\t\t\t\t<div class=\"elementor-widget-container\">\n\t\t\t\t\t\t\t\t\t\t\t\t<figure class=\"wp-caption\">\n\t\t\t\t\t\t\t\t\t\t<img loading=\"lazy\" decoding=\"async\" width=\"768\" height=\"512\" src=\"https:\/\/www.elturistatranquil.com\/wp-content\/uploads\/F12-Poble-Nou-del-Delta-Tarragona.jpg\" class=\"attachment-large size-large wp-image-61790\" alt=\"Poble Nou del Delta. Tarragona\" srcset=\"https:\/\/www.elturistatranquil.com\/wp-content\/uploads\/F12-Poble-Nou-del-Delta-Tarragona.jpg 768w, https:\/\/www.elturistatranquil.com\/wp-content\/uploads\/F12-Poble-Nou-del-Delta-Tarragona-339x226.jpg 339w\" sizes=\"(max-width: 768px) 100vw, 768px\" \/>\t\t\t\t\t\t\t\t\t\t\t<figcaption class=\"widget-image-caption wp-caption-text\"><\/figcaption>\n\t\t\t\t\t\t\t\t\t\t<\/figure>\n\t\t\t\t\t\t\t\t\t<\/div>\n\t\t\t\t<\/div>\n\t\t\t\t<div class=\"elementor-element elementor-element-e90d70f elementor-widget elementor-widget-image\" data-id=\"e90d70f\" data-element_type=\"widget\" data-e-type=\"widget\" data-widget_type=\"image.default\">\n\t\t\t\t<div class=\"elementor-widget-container\">\n\t\t\t\t\t\t\t\t\t\t\t\t<figure class=\"wp-caption\">\n\t\t\t\t\t\t\t\t\t\t<img loading=\"lazy\" decoding=\"async\" width=\"768\" height=\"511\" src=\"https:\/\/www.elturistatranquil.com\/wp-content\/uploads\/F13-Poble-Nou-del-Delta-Tarragona.jpg\" class=\"attachment-large size-large wp-image-61792\" alt=\"Poble Nou del Delta. Tarragona\" srcset=\"https:\/\/www.elturistatranquil.com\/wp-content\/uploads\/F13-Poble-Nou-del-Delta-Tarragona.jpg 768w, https:\/\/www.elturistatranquil.com\/wp-content\/uploads\/F13-Poble-Nou-del-Delta-Tarragona-339x226.jpg 339w\" sizes=\"(max-width: 768px) 100vw, 768px\" \/>\t\t\t\t\t\t\t\t\t\t\t<figcaption class=\"widget-image-caption wp-caption-text\"><\/figcaption>\n\t\t\t\t\t\t\t\t\t\t<\/figure>\n\t\t\t\t\t\t\t\t\t<\/div>\n\t\t\t\t<\/div>\n\t\t\t\t<div class=\"elementor-element elementor-element-427e858 elementor-widget elementor-widget-text-editor\" data-id=\"427e858\" data-element_type=\"widget\" data-e-type=\"widget\" data-widget_type=\"text-editor.default\">\n\t\t\t\t<div class=\"elementor-widget-container\">\n\t\t\t\t\t\t\t\t\t<p><strong>Carrer Major est<\/strong><\/p>\t\t\t\t\t\t\t\t<\/div>\n\t\t\t\t<\/div>\n\t\t\t\t<div class=\"elementor-element elementor-element-82bd460 elementor-widget elementor-widget-image\" data-id=\"82bd460\" data-element_type=\"widget\" data-e-type=\"widget\" data-widget_type=\"image.default\">\n\t\t\t\t<div class=\"elementor-widget-container\">\n\t\t\t\t\t\t\t\t\t\t\t\t<figure class=\"wp-caption\">\n\t\t\t\t\t\t\t\t\t\t<img loading=\"lazy\" decoding=\"async\" width=\"768\" height=\"512\" src=\"https:\/\/www.elturistatranquil.com\/wp-content\/uploads\/F14-Poble-Nou-del-Delta-Tarragona.jpg\" class=\"attachment-large size-large wp-image-61794\" alt=\"Poble Nou del Delta. Tarragona\" srcset=\"https:\/\/www.elturistatranquil.com\/wp-content\/uploads\/F14-Poble-Nou-del-Delta-Tarragona.jpg 768w, https:\/\/www.elturistatranquil.com\/wp-content\/uploads\/F14-Poble-Nou-del-Delta-Tarragona-339x226.jpg 339w\" sizes=\"(max-width: 768px) 100vw, 768px\" \/>\t\t\t\t\t\t\t\t\t\t\t<figcaption class=\"widget-image-caption wp-caption-text\"><\/figcaption>\n\t\t\t\t\t\t\t\t\t\t<\/figure>\n\t\t\t\t\t\t\t\t\t<\/div>\n\t\t\t\t<\/div>\n\t\t\t\t<div class=\"elementor-element elementor-element-f9b70f9 elementor-widget elementor-widget-text-editor\" data-id=\"f9b70f9\" data-element_type=\"widget\" data-e-type=\"widget\" data-widget_type=\"text-editor.default\">\n\t\t\t\t<div class=\"elementor-widget-container\">\n\t\t\t\t\t\t\t\t\t<p><strong>Carrer Alfacs<\/strong><\/p><p>Pel costat sud, des del cam\u00ed de Sant Carles, s&#8217;hi entra pel <strong>carrer Alfacs<\/strong>, amb la torre de l&#8217;esgl\u00e9sia com a eix de refer\u00e8ncia i punt final del recorregut.<\/p>\t\t\t\t\t\t\t\t<\/div>\n\t\t\t\t<\/div>\n\t\t\t\t<div class=\"elementor-element elementor-element-492a74f elementor-widget elementor-widget-image\" data-id=\"492a74f\" data-element_type=\"widget\" data-e-type=\"widget\" data-widget_type=\"image.default\">\n\t\t\t\t<div class=\"elementor-widget-container\">\n\t\t\t\t\t\t\t\t\t\t\t\t<figure class=\"wp-caption\">\n\t\t\t\t\t\t\t\t\t\t<img loading=\"lazy\" decoding=\"async\" width=\"768\" height=\"512\" src=\"https:\/\/www.elturistatranquil.com\/wp-content\/uploads\/F15-Poble-Nou-del-Delta-Tarragona.jpg\" class=\"attachment-large size-large wp-image-61796\" alt=\"Poble Nou del Delta. Tarragona\" srcset=\"https:\/\/www.elturistatranquil.com\/wp-content\/uploads\/F15-Poble-Nou-del-Delta-Tarragona.jpg 768w, https:\/\/www.elturistatranquil.com\/wp-content\/uploads\/F15-Poble-Nou-del-Delta-Tarragona-339x226.jpg 339w\" sizes=\"(max-width: 768px) 100vw, 768px\" \/>\t\t\t\t\t\t\t\t\t\t\t<figcaption class=\"widget-image-caption wp-caption-text\"><\/figcaption>\n\t\t\t\t\t\t\t\t\t\t<\/figure>\n\t\t\t\t\t\t\t\t\t<\/div>\n\t\t\t\t<\/div>\n\t\t\t\t<div class=\"elementor-element elementor-element-5fdce8d elementor-widget elementor-widget-image\" data-id=\"5fdce8d\" data-element_type=\"widget\" data-e-type=\"widget\" data-widget_type=\"image.default\">\n\t\t\t\t<div class=\"elementor-widget-container\">\n\t\t\t\t\t\t\t\t\t\t\t\t<figure class=\"wp-caption\">\n\t\t\t\t\t\t\t\t\t\t<img loading=\"lazy\" decoding=\"async\" width=\"768\" height=\"512\" src=\"https:\/\/www.elturistatranquil.com\/wp-content\/uploads\/F16-Poble-Nou-del-Delta-Tarragona.jpg\" class=\"attachment-large size-large wp-image-61798\" alt=\"Poble Nou del Delta. Tarragona\" srcset=\"https:\/\/www.elturistatranquil.com\/wp-content\/uploads\/F16-Poble-Nou-del-Delta-Tarragona.jpg 768w, https:\/\/www.elturistatranquil.com\/wp-content\/uploads\/F16-Poble-Nou-del-Delta-Tarragona-339x226.jpg 339w\" sizes=\"(max-width: 768px) 100vw, 768px\" \/>\t\t\t\t\t\t\t\t\t\t\t<figcaption class=\"widget-image-caption wp-caption-text\"><\/figcaption>\n\t\t\t\t\t\t\t\t\t\t<\/figure>\n\t\t\t\t\t\t\t\t\t<\/div>\n\t\t\t\t<\/div>\n\t\t\t\t<div class=\"elementor-element elementor-element-58d9185 elementor-widget elementor-widget-text-editor\" data-id=\"58d9185\" data-element_type=\"widget\" data-e-type=\"widget\" data-widget_type=\"text-editor.default\">\n\t\t\t\t<div class=\"elementor-widget-container\">\n\t\t\t\t\t\t\t\t\t<p><strong>Carrer de l\u2019Ebre<\/strong><\/p><p>Des del costat oest de la pla\u00e7a del Jard\u00ed sorgeix el <strong>carrer de l\u2019Ebre<\/strong> cap a l\u2019extrem nord.<\/p>\t\t\t\t\t\t\t\t<\/div>\n\t\t\t\t<\/div>\n\t\t\t\t<div class=\"elementor-element elementor-element-f12b7f4 elementor-widget elementor-widget-image\" data-id=\"f12b7f4\" data-element_type=\"widget\" data-e-type=\"widget\" data-widget_type=\"image.default\">\n\t\t\t\t<div class=\"elementor-widget-container\">\n\t\t\t\t\t\t\t\t\t\t\t\t<figure class=\"wp-caption\">\n\t\t\t\t\t\t\t\t\t\t<img loading=\"lazy\" decoding=\"async\" width=\"768\" height=\"511\" src=\"https:\/\/www.elturistatranquil.com\/wp-content\/uploads\/F17-Poble-Nou-del-Delta-Tarragona.jpg\" class=\"attachment-large size-large wp-image-61800\" alt=\"Poble Nou del Delta. Tarragona\" srcset=\"https:\/\/www.elturistatranquil.com\/wp-content\/uploads\/F17-Poble-Nou-del-Delta-Tarragona.jpg 768w, https:\/\/www.elturistatranquil.com\/wp-content\/uploads\/F17-Poble-Nou-del-Delta-Tarragona-339x226.jpg 339w\" sizes=\"(max-width: 768px) 100vw, 768px\" \/>\t\t\t\t\t\t\t\t\t\t\t<figcaption class=\"widget-image-caption wp-caption-text\"><\/figcaption>\n\t\t\t\t\t\t\t\t\t\t<\/figure>\n\t\t\t\t\t\t\t\t\t<\/div>\n\t\t\t\t<\/div>\n\t\t\t\t<div class=\"elementor-element elementor-element-c765296 elementor-widget elementor-widget-heading\" data-id=\"c765296\" data-element_type=\"widget\" data-e-type=\"widget\" data-widget_type=\"heading.default\">\n\t\t\t\t<div class=\"elementor-widget-container\">\n\t\t\t\t\t<h5 class=\"elementor-heading-title elementor-size-default\">Carrers de 2n ordre<\/h5>\t\t\t\t<\/div>\n\t\t\t\t<\/div>\n\t\t\t\t<div class=\"elementor-element elementor-element-0292cd4 elementor-widget elementor-widget-text-editor\" data-id=\"0292cd4\" data-element_type=\"widget\" data-e-type=\"widget\" data-widget_type=\"text-editor.default\">\n\t\t\t\t<div class=\"elementor-widget-container\">\n\t\t\t\t\t\t\t\t\t<p>La resta dels carrers tenen una amplada de 8 metres, inicialment previstos sense arbrat, encara que s&#8217;observa que en alguns es plant\u00e0 arbrat en un dels laterals.<\/p><p><strong>Carrer del Cigne<\/strong><\/p>\t\t\t\t\t\t\t\t<\/div>\n\t\t\t\t<\/div>\n\t\t\t\t<div class=\"elementor-element elementor-element-1c25bc8 elementor-widget elementor-widget-image\" data-id=\"1c25bc8\" data-element_type=\"widget\" data-e-type=\"widget\" data-widget_type=\"image.default\">\n\t\t\t\t<div class=\"elementor-widget-container\">\n\t\t\t\t\t\t\t\t\t\t\t\t<figure class=\"wp-caption\">\n\t\t\t\t\t\t\t\t\t\t<img loading=\"lazy\" decoding=\"async\" width=\"768\" height=\"512\" src=\"https:\/\/www.elturistatranquil.com\/wp-content\/uploads\/F18-Poble-Nou-del-Delta-Tarragona.jpg\" class=\"attachment-large size-large wp-image-61802\" alt=\"Poble Nou del Delta. Tarragona\" srcset=\"https:\/\/www.elturistatranquil.com\/wp-content\/uploads\/F18-Poble-Nou-del-Delta-Tarragona.jpg 768w, https:\/\/www.elturistatranquil.com\/wp-content\/uploads\/F18-Poble-Nou-del-Delta-Tarragona-339x226.jpg 339w\" sizes=\"(max-width: 768px) 100vw, 768px\" \/>\t\t\t\t\t\t\t\t\t\t\t<figcaption class=\"widget-image-caption wp-caption-text\"><\/figcaption>\n\t\t\t\t\t\t\t\t\t\t<\/figure>\n\t\t\t\t\t\t\t\t\t<\/div>\n\t\t\t\t<\/div>\n\t\t\t\t<div class=\"elementor-element elementor-element-8300823 elementor-widget elementor-widget-text-editor\" data-id=\"8300823\" data-element_type=\"widget\" data-e-type=\"widget\" data-widget_type=\"text-editor.default\">\n\t\t\t\t<div class=\"elementor-widget-container\">\n\t\t\t\t\t\t\t\t\t<p><strong>Carrer de la Cinta<\/strong><\/p>\t\t\t\t\t\t\t\t<\/div>\n\t\t\t\t<\/div>\n\t\t\t\t<div class=\"elementor-element elementor-element-79a3aba elementor-widget elementor-widget-image\" data-id=\"79a3aba\" data-element_type=\"widget\" data-e-type=\"widget\" data-widget_type=\"image.default\">\n\t\t\t\t<div class=\"elementor-widget-container\">\n\t\t\t\t\t\t\t\t\t\t\t\t<figure class=\"wp-caption\">\n\t\t\t\t\t\t\t\t\t\t<img loading=\"lazy\" decoding=\"async\" width=\"768\" height=\"512\" src=\"https:\/\/www.elturistatranquil.com\/wp-content\/uploads\/F19a-Poble-Nou-del-Delta-Tarragona.jpg\" class=\"attachment-large size-large wp-image-61804\" alt=\"Poble Nou del Delta. Tarragona\" srcset=\"https:\/\/www.elturistatranquil.com\/wp-content\/uploads\/F19a-Poble-Nou-del-Delta-Tarragona.jpg 768w, https:\/\/www.elturistatranquil.com\/wp-content\/uploads\/F19a-Poble-Nou-del-Delta-Tarragona-339x226.jpg 339w\" sizes=\"(max-width: 768px) 100vw, 768px\" \/>\t\t\t\t\t\t\t\t\t\t\t<figcaption class=\"widget-image-caption wp-caption-text\"><\/figcaption>\n\t\t\t\t\t\t\t\t\t\t<\/figure>\n\t\t\t\t\t\t\t\t\t<\/div>\n\t\t\t\t<\/div>\n\t\t\t\t<div class=\"elementor-element elementor-element-8e6e755 elementor-widget elementor-widget-image\" data-id=\"8e6e755\" data-element_type=\"widget\" data-e-type=\"widget\" data-widget_type=\"image.default\">\n\t\t\t\t<div class=\"elementor-widget-container\">\n\t\t\t\t\t\t\t\t\t\t\t\t<figure class=\"wp-caption\">\n\t\t\t\t\t\t\t\t\t\t<img loading=\"lazy\" decoding=\"async\" width=\"768\" height=\"512\" src=\"https:\/\/www.elturistatranquil.com\/wp-content\/uploads\/F19b-Poble-Nou-del-Delta-Tarragona.jpg\" class=\"attachment-large size-large wp-image-61809\" alt=\"Poble Nou del Delta. Tarragona\" srcset=\"https:\/\/www.elturistatranquil.com\/wp-content\/uploads\/F19b-Poble-Nou-del-Delta-Tarragona.jpg 768w, https:\/\/www.elturistatranquil.com\/wp-content\/uploads\/F19b-Poble-Nou-del-Delta-Tarragona-339x226.jpg 339w\" sizes=\"(max-width: 768px) 100vw, 768px\" \/>\t\t\t\t\t\t\t\t\t\t\t<figcaption class=\"widget-image-caption wp-caption-text\"><\/figcaption>\n\t\t\t\t\t\t\t\t\t\t<\/figure>\n\t\t\t\t\t\t\t\t\t<\/div>\n\t\t\t\t<\/div>\n\t\t\t\t<div class=\"elementor-element elementor-element-7d3ee9e elementor-widget elementor-widget-heading\" data-id=\"7d3ee9e\" data-element_type=\"widget\" data-e-type=\"widget\" data-widget_type=\"heading.default\">\n\t\t\t\t<div class=\"elementor-widget-container\">\n\t\t\t\t\t<h5 class=\"elementor-heading-title elementor-size-default\">Passatges<\/h5>\t\t\t\t<\/div>\n\t\t\t\t<\/div>\n\t\t\t\t<div class=\"elementor-element elementor-element-e6129d1 elementor-widget elementor-widget-text-editor\" data-id=\"e6129d1\" data-element_type=\"widget\" data-e-type=\"widget\" data-widget_type=\"text-editor.default\">\n\t\t\t\t<div class=\"elementor-widget-container\">\n\t\t\t\t\t\t\t\t\t<p>Els passatges de vianants se&#8217;ls ha dotat d&#8217;enjardinat central.<\/p><p><strong>Carrer dels Arcs<\/strong><\/p>\t\t\t\t\t\t\t\t<\/div>\n\t\t\t\t<\/div>\n\t\t\t\t<div class=\"elementor-element elementor-element-39eeb4e elementor-widget elementor-widget-image\" data-id=\"39eeb4e\" data-element_type=\"widget\" data-e-type=\"widget\" data-widget_type=\"image.default\">\n\t\t\t\t<div class=\"elementor-widget-container\">\n\t\t\t\t\t\t\t\t\t\t\t\t<figure class=\"wp-caption\">\n\t\t\t\t\t\t\t\t\t\t<img loading=\"lazy\" decoding=\"async\" width=\"768\" height=\"511\" src=\"https:\/\/www.elturistatranquil.com\/wp-content\/uploads\/F20a-Poble-Nou-del-Delta-Tarragona.jpg\" class=\"attachment-large size-large wp-image-61811\" alt=\"Poble Nou del Delta. Tarragona\" srcset=\"https:\/\/www.elturistatranquil.com\/wp-content\/uploads\/F20a-Poble-Nou-del-Delta-Tarragona.jpg 768w, https:\/\/www.elturistatranquil.com\/wp-content\/uploads\/F20a-Poble-Nou-del-Delta-Tarragona-339x226.jpg 339w\" sizes=\"(max-width: 768px) 100vw, 768px\" \/>\t\t\t\t\t\t\t\t\t\t\t<figcaption class=\"widget-image-caption wp-caption-text\"><\/figcaption>\n\t\t\t\t\t\t\t\t\t\t<\/figure>\n\t\t\t\t\t\t\t\t\t<\/div>\n\t\t\t\t<\/div>\n\t\t\t\t<div class=\"elementor-element elementor-element-1dfc487 elementor-widget elementor-widget-image\" data-id=\"1dfc487\" data-element_type=\"widget\" data-e-type=\"widget\" data-widget_type=\"image.default\">\n\t\t\t\t<div class=\"elementor-widget-container\">\n\t\t\t\t\t\t\t\t\t\t\t\t<figure class=\"wp-caption\">\n\t\t\t\t\t\t\t\t\t\t<img loading=\"lazy\" decoding=\"async\" width=\"768\" height=\"512\" src=\"https:\/\/www.elturistatranquil.com\/wp-content\/uploads\/F20b-Poble-Nou-del-Delta-Tarragona.jpg\" class=\"attachment-large size-large wp-image-61813\" alt=\"Poble Nou del Delta. Tarragona\" srcset=\"https:\/\/www.elturistatranquil.com\/wp-content\/uploads\/F20b-Poble-Nou-del-Delta-Tarragona.jpg 768w, https:\/\/www.elturistatranquil.com\/wp-content\/uploads\/F20b-Poble-Nou-del-Delta-Tarragona-339x226.jpg 339w\" sizes=\"(max-width: 768px) 100vw, 768px\" \/>\t\t\t\t\t\t\t\t\t\t\t<figcaption class=\"widget-image-caption wp-caption-text\"><\/figcaption>\n\t\t\t\t\t\t\t\t\t\t<\/figure>\n\t\t\t\t\t\t\t\t\t<\/div>\n\t\t\t\t<\/div>\n\t\t\t\t<div class=\"elementor-element elementor-element-7c646c6 elementor-widget elementor-widget-text-editor\" data-id=\"7c646c6\" data-element_type=\"widget\" data-e-type=\"widget\" data-widget_type=\"text-editor.default\">\n\t\t\t\t<div class=\"elementor-widget-container\">\n\t\t\t\t\t\t\t\t\t<p><strong>Carrer de l\u2019Escola<\/strong><\/p>\t\t\t\t\t\t\t\t<\/div>\n\t\t\t\t<\/div>\n\t\t\t\t<div class=\"elementor-element elementor-element-ff3b00a elementor-widget elementor-widget-image\" data-id=\"ff3b00a\" data-element_type=\"widget\" data-e-type=\"widget\" data-widget_type=\"image.default\">\n\t\t\t\t<div class=\"elementor-widget-container\">\n\t\t\t\t\t\t\t\t\t\t\t\t<figure class=\"wp-caption\">\n\t\t\t\t\t\t\t\t\t\t<img loading=\"lazy\" decoding=\"async\" width=\"768\" height=\"512\" src=\"https:\/\/www.elturistatranquil.com\/wp-content\/uploads\/F21-Poble-Nou-del-Delta-Tarragona.jpg\" class=\"attachment-large size-large wp-image-61815\" alt=\"Poble Nou del Delta. Tarragona\" srcset=\"https:\/\/www.elturistatranquil.com\/wp-content\/uploads\/F21-Poble-Nou-del-Delta-Tarragona.jpg 768w, https:\/\/www.elturistatranquil.com\/wp-content\/uploads\/F21-Poble-Nou-del-Delta-Tarragona-339x226.jpg 339w\" sizes=\"(max-width: 768px) 100vw, 768px\" \/>\t\t\t\t\t\t\t\t\t\t\t<figcaption class=\"widget-image-caption wp-caption-text\"><\/figcaption>\n\t\t\t\t\t\t\t\t\t\t<\/figure>\n\t\t\t\t\t\t\t\t\t<\/div>\n\t\t\t\t<\/div>\n\t\t\t\t<div class=\"elementor-element elementor-element-fe063f9 elementor-widget elementor-widget-heading\" data-id=\"fe063f9\" data-element_type=\"widget\" data-e-type=\"widget\" data-widget_type=\"heading.default\">\n\t\t\t\t<div class=\"elementor-widget-container\">\n\t\t\t\t\t<h5 class=\"elementor-heading-title elementor-size-default\">Les rondes exteriors<\/h5>\t\t\t\t<\/div>\n\t\t\t\t<\/div>\n\t\t\t\t<div class=\"elementor-element elementor-element-b6f7496 elementor-widget elementor-widget-text-editor\" data-id=\"b6f7496\" data-element_type=\"widget\" data-e-type=\"widget\" data-widget_type=\"text-editor.default\">\n\t\t\t\t<div class=\"elementor-widget-container\">\n\t\t\t\t\t\t\t\t\t<p><strong>Ronda de Mar<\/strong><\/p>\t\t\t\t\t\t\t\t<\/div>\n\t\t\t\t<\/div>\n\t\t\t\t<div class=\"elementor-element elementor-element-001a503 elementor-widget elementor-widget-image\" data-id=\"001a503\" data-element_type=\"widget\" data-e-type=\"widget\" data-widget_type=\"image.default\">\n\t\t\t\t<div class=\"elementor-widget-container\">\n\t\t\t\t\t\t\t\t\t\t\t\t<figure class=\"wp-caption\">\n\t\t\t\t\t\t\t\t\t\t<img loading=\"lazy\" decoding=\"async\" width=\"768\" height=\"512\" src=\"https:\/\/www.elturistatranquil.com\/wp-content\/uploads\/F22-Poble-Nou-del-Delta-Tarragona.jpg\" class=\"attachment-large size-large wp-image-61817\" alt=\"Poble Nou del Delta. Tarragona\" srcset=\"https:\/\/www.elturistatranquil.com\/wp-content\/uploads\/F22-Poble-Nou-del-Delta-Tarragona.jpg 768w, https:\/\/www.elturistatranquil.com\/wp-content\/uploads\/F22-Poble-Nou-del-Delta-Tarragona-339x226.jpg 339w\" sizes=\"(max-width: 768px) 100vw, 768px\" \/>\t\t\t\t\t\t\t\t\t\t\t<figcaption class=\"widget-image-caption wp-caption-text\"><\/figcaption>\n\t\t\t\t\t\t\t\t\t\t<\/figure>\n\t\t\t\t\t\t\t\t\t<\/div>\n\t\t\t\t<\/div>\n\t\t\t\t<div class=\"elementor-element elementor-element-7666d44 elementor-widget elementor-widget-text-editor\" data-id=\"7666d44\" data-element_type=\"widget\" data-e-type=\"widget\" data-widget_type=\"text-editor.default\">\n\t\t\t\t<div class=\"elementor-widget-container\">\n\t\t\t\t\t\t\t\t\t<p><strong>Ronda Fortalesa<\/strong><\/p>\t\t\t\t\t\t\t\t<\/div>\n\t\t\t\t<\/div>\n\t\t\t\t<div class=\"elementor-element elementor-element-46eb435 elementor-widget elementor-widget-image\" data-id=\"46eb435\" data-element_type=\"widget\" data-e-type=\"widget\" data-widget_type=\"image.default\">\n\t\t\t\t<div class=\"elementor-widget-container\">\n\t\t\t\t\t\t\t\t\t\t\t\t<figure class=\"wp-caption\">\n\t\t\t\t\t\t\t\t\t\t<img loading=\"lazy\" decoding=\"async\" width=\"768\" height=\"512\" src=\"https:\/\/www.elturistatranquil.com\/wp-content\/uploads\/F23-Poble-Nou-del-Delta-Tarragona.jpg\" class=\"attachment-large size-large wp-image-61819\" alt=\"Poble Nou del Delta. Tarragona\" srcset=\"https:\/\/www.elturistatranquil.com\/wp-content\/uploads\/F23-Poble-Nou-del-Delta-Tarragona.jpg 768w, https:\/\/www.elturistatranquil.com\/wp-content\/uploads\/F23-Poble-Nou-del-Delta-Tarragona-339x226.jpg 339w\" sizes=\"(max-width: 768px) 100vw, 768px\" \/>\t\t\t\t\t\t\t\t\t\t\t<figcaption class=\"widget-image-caption wp-caption-text\"><\/figcaption>\n\t\t\t\t\t\t\t\t\t\t<\/figure>\n\t\t\t\t\t\t\t\t\t<\/div>\n\t\t\t\t<\/div>\n\t\t\t\t<div class=\"elementor-element elementor-element-b88ed32 elementor-widget elementor-widget-image\" data-id=\"b88ed32\" data-element_type=\"widget\" data-e-type=\"widget\" data-widget_type=\"image.default\">\n\t\t\t\t<div class=\"elementor-widget-container\">\n\t\t\t\t\t\t\t\t\t\t\t\t<figure class=\"wp-caption\">\n\t\t\t\t\t\t\t\t\t\t<img loading=\"lazy\" decoding=\"async\" width=\"768\" height=\"512\" src=\"https:\/\/www.elturistatranquil.com\/wp-content\/uploads\/F24a-Poble-Nou-del-Delta-Tarragona.jpg\" class=\"attachment-large size-large wp-image-61821\" alt=\"Poble Nou del Delta. Tarragona\" srcset=\"https:\/\/www.elturistatranquil.com\/wp-content\/uploads\/F24a-Poble-Nou-del-Delta-Tarragona.jpg 768w, https:\/\/www.elturistatranquil.com\/wp-content\/uploads\/F24a-Poble-Nou-del-Delta-Tarragona-339x226.jpg 339w\" sizes=\"(max-width: 768px) 100vw, 768px\" \/>\t\t\t\t\t\t\t\t\t\t\t<figcaption class=\"widget-image-caption wp-caption-text\"><\/figcaption>\n\t\t\t\t\t\t\t\t\t\t<\/figure>\n\t\t\t\t\t\t\t\t\t<\/div>\n\t\t\t\t<\/div>\n\t\t\t\t<div class=\"elementor-element elementor-element-b79e4ea elementor-widget elementor-widget-image\" data-id=\"b79e4ea\" data-element_type=\"widget\" data-e-type=\"widget\" data-widget_type=\"image.default\">\n\t\t\t\t<div class=\"elementor-widget-container\">\n\t\t\t\t\t\t\t\t\t\t\t\t<figure class=\"wp-caption\">\n\t\t\t\t\t\t\t\t\t\t<img loading=\"lazy\" decoding=\"async\" width=\"768\" height=\"512\" src=\"https:\/\/www.elturistatranquil.com\/wp-content\/uploads\/F24b-Poble-Nou-del-Delta-Tarragona.jpg\" class=\"attachment-large size-large wp-image-61823\" alt=\"Poble Nou del Delta. Tarragona\" srcset=\"https:\/\/www.elturistatranquil.com\/wp-content\/uploads\/F24b-Poble-Nou-del-Delta-Tarragona.jpg 768w, https:\/\/www.elturistatranquil.com\/wp-content\/uploads\/F24b-Poble-Nou-del-Delta-Tarragona-339x226.jpg 339w\" sizes=\"(max-width: 768px) 100vw, 768px\" \/>\t\t\t\t\t\t\t\t\t\t\t<figcaption class=\"widget-image-caption wp-caption-text\"><\/figcaption>\n\t\t\t\t\t\t\t\t\t\t<\/figure>\n\t\t\t\t\t\t\t\t\t<\/div>\n\t\t\t\t<\/div>\n\t\t\t\t<div class=\"elementor-element elementor-element-f96f656 elementor-widget elementor-widget-heading\" data-id=\"f96f656\" data-element_type=\"widget\" data-e-type=\"widget\" data-widget_type=\"heading.default\">\n\t\t\t\t<div class=\"elementor-widget-container\">\n\t\t\t\t\t<h2 class=\"elementor-heading-title elementor-size-default\">Els materials de construcci\u00f3<\/h2>\t\t\t\t<\/div>\n\t\t\t\t<\/div>\n\t\t\t\t<div class=\"elementor-element elementor-element-e92a049 elementor-widget elementor-widget-text-editor\" data-id=\"e92a049\" data-element_type=\"widget\" data-e-type=\"widget\" data-widget_type=\"text-editor.default\">\n\t\t\t\t<div class=\"elementor-widget-container\">\n\t\t\t\t\t\t\t\t\t<p>At\u00e8s que els terrenys on s&#8217;havia d&#8217;edificar el poble eren completament plans i sorrencs, es va haver d&#8217;efectuar una fonamentaci\u00f3 amb plaques de formig\u00f3 armat en no trobar-se ferma en aprofundir.<\/p><p>Els murs es van construir amb blocs de formig\u00f3 vibrat.<\/p>\t\t\t\t\t\t\t\t<\/div>\n\t\t\t\t<\/div>\n\t\t\t\t<div class=\"elementor-element elementor-element-c009d95 elementor-widget elementor-widget-image\" data-id=\"c009d95\" data-element_type=\"widget\" data-e-type=\"widget\" data-widget_type=\"image.default\">\n\t\t\t\t<div class=\"elementor-widget-container\">\n\t\t\t\t\t\t\t\t\t\t\t\t<figure class=\"wp-caption\">\n\t\t\t\t\t\t\t\t\t\t<img loading=\"lazy\" decoding=\"async\" width=\"768\" height=\"512\" src=\"https:\/\/www.elturistatranquil.com\/wp-content\/uploads\/F25-Poble-Nou-del-Delta-Tarragona.jpg\" class=\"attachment-large size-large wp-image-61825\" alt=\"Poble Nou del Delta. Tarragona\" srcset=\"https:\/\/www.elturistatranquil.com\/wp-content\/uploads\/F25-Poble-Nou-del-Delta-Tarragona.jpg 768w, https:\/\/www.elturistatranquil.com\/wp-content\/uploads\/F25-Poble-Nou-del-Delta-Tarragona-339x226.jpg 339w\" sizes=\"(max-width: 768px) 100vw, 768px\" \/>\t\t\t\t\t\t\t\t\t\t\t<figcaption class=\"widget-image-caption wp-caption-text\"><\/figcaption>\n\t\t\t\t\t\t\t\t\t\t<\/figure>\n\t\t\t\t\t\t\t\t\t<\/div>\n\t\t\t\t<\/div>\n\t\t\t\t<div class=\"elementor-element elementor-element-d7f20d8 elementor-widget elementor-widget-text-editor\" data-id=\"d7f20d8\" data-element_type=\"widget\" data-e-type=\"widget\" data-widget_type=\"text-editor.default\">\n\t\t\t\t<div class=\"elementor-widget-container\">\n\t\t\t\t\t\t\t\t\t<p>Els pisos de formig\u00f3 armat alleugerit amb blocs buits de formig\u00f3 vibrat; les cobertes amb el mateix tipus de forjat que els pisos, per\u00f2 en pla lleugerament inclinat per recollir les aig\u00fces de pluja a aljub i impermeabilitzat, cobertes de rajola; els envans de ma\u00f3; el paviment de rajola hidr\u00e0ulica; l&#8217;escala de rajola amb esgla\u00f3 de pedra artificial.<\/p><p>Els exteriors de tots els edificis es va decidir arrebossar-los en blanc, configurant aix\u00ed un \u201cpoble blanc\u201d.<\/p>\t\t\t\t\t\t\t\t<\/div>\n\t\t\t\t<\/div>\n\t\t\t\t<div class=\"elementor-element elementor-element-7bb689b elementor-widget elementor-widget-heading\" data-id=\"7bb689b\" data-element_type=\"widget\" data-e-type=\"widget\" data-widget_type=\"heading.default\">\n\t\t\t\t<div class=\"elementor-widget-container\">\n\t\t\t\t\t<h2 class=\"elementor-heading-title elementor-size-default\">El centre: elements simb\u00f2lics de poder i els serveis complementaris<\/h2>\t\t\t\t<\/div>\n\t\t\t\t<\/div>\n\t\t\t\t<div class=\"elementor-element elementor-element-4238d9b elementor-widget elementor-widget-heading\" data-id=\"4238d9b\" data-element_type=\"widget\" data-e-type=\"widget\" data-widget_type=\"heading.default\">\n\t\t\t\t<div class=\"elementor-widget-container\">\n\t\t\t\t\t<h3 class=\"elementor-heading-title elementor-size-default\">Pla\u00e7a del Jard\u00ed (pla\u00e7a major)<\/h3>\t\t\t\t<\/div>\n\t\t\t\t<\/div>\n\t\t\t\t<div class=\"elementor-element elementor-element-50e7d51 elementor-widget elementor-widget-text-editor\" data-id=\"50e7d51\" data-element_type=\"widget\" data-e-type=\"widget\" data-widget_type=\"text-editor.default\">\n\t\t\t\t<div class=\"elementor-widget-container\">\n\t\t\t\t\t\t\t\t\t<p>En el cas del Poble Nou del Delta, tot i haver-se projectat una pla\u00e7a major, aqu\u00ed no adopta el model de cl\u00e0ssica pla\u00e7a quadrangular vorejada dels edificis p\u00fablics i de servei, sin\u00f3 que adquireix un to ambigu, m\u00e9s de zona enjardinada amb contorns indefinits que no donen el to de \u201cpla\u00e7a major espanyola\u201d com hem vist en tots els exemples.<\/p><p>Tot i aix\u00ed, els edificis p\u00fablics i d&#8217;equipaments i serveis s&#8217;ubiquen al voltant d&#8217;aquesta pla\u00e7a. Al nord l&#8217;<strong>esgl\u00e9sia<\/strong>, avan\u00e7ada sobre el centre de la pla\u00e7a, amb la <strong>casa rectoral<\/strong> al seu costat i, darrere seu, el <strong>forn de pa<\/strong>. A l&#8217;est l&#8217;<strong>habitatge del metge<\/strong> i les <strong>dues de mestres<\/strong>. Al sud l&#8217;<strong>ajuntament<\/strong> (<strong>Casa de la Vila<\/strong>) amb un <strong>habitatge a banda i banda<\/strong> i l&#8217;<strong>edifici social<\/strong> amb desenvolupament cap al carrer Major. A l&#8217;oest, finalment, se situen les <strong>escoles de nens i nenes<\/strong> amb la fa\u00e7ana principal cap a la pla\u00e7a i el desenvolupament del camp escolar a la part posterior. La <strong>torre de l&#8217;Esgl\u00e9sia<\/strong>, com ja s&#8217;ha assenyalat, \u00e9s la fita visual que tanca el carrer Major des dels dos extrems i el carrer Alfacs.<\/p>\t\t\t\t\t\t\t\t<\/div>\n\t\t\t\t<\/div>\n\t\t\t\t<div class=\"elementor-element elementor-element-6702dbb elementor-widget elementor-widget-image\" data-id=\"6702dbb\" data-element_type=\"widget\" data-e-type=\"widget\" data-widget_type=\"image.default\">\n\t\t\t\t<div class=\"elementor-widget-container\">\n\t\t\t\t\t\t\t\t\t\t\t\t<figure class=\"wp-caption\">\n\t\t\t\t\t\t\t\t\t\t<img loading=\"lazy\" decoding=\"async\" width=\"768\" height=\"512\" src=\"https:\/\/www.elturistatranquil.com\/wp-content\/uploads\/F26-Poblenou-del-Delta.-Tarragona-Google-earth-2025-09-01.jpg\" class=\"attachment-large size-large wp-image-61830\" alt=\"Poble Nou del Delta. Tarragona\" srcset=\"https:\/\/www.elturistatranquil.com\/wp-content\/uploads\/F26-Poblenou-del-Delta.-Tarragona-Google-earth-2025-09-01.jpg 768w, https:\/\/www.elturistatranquil.com\/wp-content\/uploads\/F26-Poblenou-del-Delta.-Tarragona-Google-earth-2025-09-01-339x226.jpg 339w\" sizes=\"(max-width: 768px) 100vw, 768px\" \/>\t\t\t\t\t\t\t\t\t\t\t<figcaption class=\"widget-image-caption wp-caption-text\">(Sobre Google earth 2025-09-01)<\/figcaption>\n\t\t\t\t\t\t\t\t\t\t<\/figure>\n\t\t\t\t\t\t\t\t\t<\/div>\n\t\t\t\t<\/div>\n\t\t\t\t<div class=\"elementor-element elementor-element-4fe96f9 elementor-widget elementor-widget-text-editor\" data-id=\"4fe96f9\" data-element_type=\"widget\" data-e-type=\"widget\" data-widget_type=\"text-editor.default\">\n\t\t\t\t<div class=\"elementor-widget-container\">\n\t\t\t\t\t\t\t\t\t<p>Com es pot observar, el requadre groc que correspon als l\u00edmits del que seria la pla\u00e7a Major o <strong>pla\u00e7a del Jard\u00ed<\/strong> (al principi denominada pla\u00e7a del Caudillo). A les fotografies seg\u00fcents, es veu clarament que l&#8217;urbanisme adoptat no manifesta de forma contundent un centre administratiu i social de poder en aquest poblat, com era habitual, on els edificis p\u00fablics es distribueixen pel requadre lila.<\/p>\t\t\t\t\t\t\t\t<\/div>\n\t\t\t\t<\/div>\n\t\t\t\t<div class=\"elementor-element elementor-element-142eae5 elementor-widget elementor-widget-image\" data-id=\"142eae5\" data-element_type=\"widget\" data-e-type=\"widget\" data-widget_type=\"image.default\">\n\t\t\t\t<div class=\"elementor-widget-container\">\n\t\t\t\t\t\t\t\t\t\t\t\t<figure class=\"wp-caption\">\n\t\t\t\t\t\t\t\t\t\t<img loading=\"lazy\" decoding=\"async\" width=\"768\" height=\"511\" src=\"https:\/\/www.elturistatranquil.com\/wp-content\/uploads\/F27-Poble-Nou-del-Delta-Tarragona.jpg\" class=\"attachment-large size-large wp-image-61832\" alt=\"Poble Nou del Delta. Tarragona\" srcset=\"https:\/\/www.elturistatranquil.com\/wp-content\/uploads\/F27-Poble-Nou-del-Delta-Tarragona.jpg 768w, https:\/\/www.elturistatranquil.com\/wp-content\/uploads\/F27-Poble-Nou-del-Delta-Tarragona-339x226.jpg 339w\" sizes=\"(max-width: 768px) 100vw, 768px\" \/>\t\t\t\t\t\t\t\t\t\t\t<figcaption class=\"widget-image-caption wp-caption-text\"><\/figcaption>\n\t\t\t\t\t\t\t\t\t\t<\/figure>\n\t\t\t\t\t\t\t\t\t<\/div>\n\t\t\t\t<\/div>\n\t\t\t\t<div class=\"elementor-element elementor-element-19d155e elementor-widget elementor-widget-image\" data-id=\"19d155e\" data-element_type=\"widget\" data-e-type=\"widget\" data-widget_type=\"image.default\">\n\t\t\t\t<div class=\"elementor-widget-container\">\n\t\t\t\t\t\t\t\t\t\t\t\t<figure class=\"wp-caption\">\n\t\t\t\t\t\t\t\t\t\t<img loading=\"lazy\" decoding=\"async\" width=\"768\" height=\"512\" src=\"https:\/\/www.elturistatranquil.com\/wp-content\/uploads\/F28-Poble-Nou-del-Delta-Tarragona.jpg\" class=\"attachment-large size-large wp-image-61834\" alt=\"Poble Nou del Delta. Tarragona\" srcset=\"https:\/\/www.elturistatranquil.com\/wp-content\/uploads\/F28-Poble-Nou-del-Delta-Tarragona.jpg 768w, https:\/\/www.elturistatranquil.com\/wp-content\/uploads\/F28-Poble-Nou-del-Delta-Tarragona-339x226.jpg 339w\" sizes=\"(max-width: 768px) 100vw, 768px\" \/>\t\t\t\t\t\t\t\t\t\t\t<figcaption class=\"widget-image-caption wp-caption-text\"><\/figcaption>\n\t\t\t\t\t\t\t\t\t\t<\/figure>\n\t\t\t\t\t\t\t\t\t<\/div>\n\t\t\t\t<\/div>\n\t\t\t\t<div class=\"elementor-element elementor-element-c104a7d elementor-widget elementor-widget-image\" data-id=\"c104a7d\" data-element_type=\"widget\" data-e-type=\"widget\" data-widget_type=\"image.default\">\n\t\t\t\t<div class=\"elementor-widget-container\">\n\t\t\t\t\t\t\t\t\t\t\t\t<figure class=\"wp-caption\">\n\t\t\t\t\t\t\t\t\t\t<img loading=\"lazy\" decoding=\"async\" width=\"768\" height=\"511\" src=\"https:\/\/www.elturistatranquil.com\/wp-content\/uploads\/F29-Poble-Nou-del-Delta-Tarragona.jpg\" class=\"attachment-large size-large wp-image-61836\" alt=\"Poble Nou del Delta. Tarragona\" srcset=\"https:\/\/www.elturistatranquil.com\/wp-content\/uploads\/F29-Poble-Nou-del-Delta-Tarragona.jpg 768w, https:\/\/www.elturistatranquil.com\/wp-content\/uploads\/F29-Poble-Nou-del-Delta-Tarragona-339x226.jpg 339w\" sizes=\"(max-width: 768px) 100vw, 768px\" \/>\t\t\t\t\t\t\t\t\t\t\t<figcaption class=\"widget-image-caption wp-caption-text\"><\/figcaption>\n\t\t\t\t\t\t\t\t\t\t<\/figure>\n\t\t\t\t\t\t\t\t\t<\/div>\n\t\t\t\t<\/div>\n\t\t\t\t<div class=\"elementor-element elementor-element-9c05aba elementor-widget elementor-widget-heading\" data-id=\"9c05aba\" data-element_type=\"widget\" data-e-type=\"widget\" data-widget_type=\"heading.default\">\n\t\t\t\t<div class=\"elementor-widget-container\">\n\t\t\t\t\t<h4 class=\"elementor-heading-title elementor-size-default\">Esgl\u00e9sia<\/h4>\t\t\t\t<\/div>\n\t\t\t\t<\/div>\n\t\t\t\t<div class=\"elementor-element elementor-element-13f7559 elementor-widget elementor-widget-text-editor\" data-id=\"13f7559\" data-element_type=\"widget\" data-e-type=\"widget\" data-widget_type=\"text-editor.default\">\n\t\t\t\t<div class=\"elementor-widget-container\">\n\t\t\t\t\t\t\t\t\t<p>L&#8217; <strong>esgl\u00e9sia parroquial de la Mare de D\u00e9u de la Cinta<\/strong> \u00e9s un edifici de l\u00ednies racionalistes rectangular amb una cap\u00e7alera recta. Als peus, al lateral del costat de l&#8217;ep\u00edstola s&#8217;al\u00e7a un esvelt campanar, de planta quadrada, constituint un prisma lleugerament tronc piramidal de gaireb\u00e9 30 metres, coronat amb una creu met\u00e0l\u00b7lica. Tot el temple, inclosa la torre, presenta un arrebossat blanc, com totes les cases del poble.<\/p><p>Curiosament, essent el disseny de la urbanitzaci\u00f3 de nova planta, el temple est\u00e0 orientat cap al nord, i no de forma can\u00f2nica cap a l&#8217;est.<\/p>\t\t\t\t\t\t\t\t<\/div>\n\t\t\t\t<\/div>\n\t\t\t\t<div class=\"elementor-element elementor-element-efe468c elementor-widget elementor-widget-image\" data-id=\"efe468c\" data-element_type=\"widget\" data-e-type=\"widget\" data-widget_type=\"image.default\">\n\t\t\t\t<div class=\"elementor-widget-container\">\n\t\t\t\t\t\t\t\t\t\t\t\t<figure class=\"wp-caption\">\n\t\t\t\t\t\t\t\t\t\t<img loading=\"lazy\" decoding=\"async\" width=\"768\" height=\"512\" src=\"https:\/\/www.elturistatranquil.com\/wp-content\/uploads\/F30-Poble-Nou-del-Delta-Tarragona.jpg\" class=\"attachment-large size-large wp-image-61838\" alt=\"Poble Nou del Delta. Tarragona\" srcset=\"https:\/\/www.elturistatranquil.com\/wp-content\/uploads\/F30-Poble-Nou-del-Delta-Tarragona.jpg 768w, https:\/\/www.elturistatranquil.com\/wp-content\/uploads\/F30-Poble-Nou-del-Delta-Tarragona-339x226.jpg 339w\" sizes=\"(max-width: 768px) 100vw, 768px\" \/>\t\t\t\t\t\t\t\t\t\t\t<figcaption class=\"widget-image-caption wp-caption-text\"><\/figcaption>\n\t\t\t\t\t\t\t\t\t\t<\/figure>\n\t\t\t\t\t\t\t\t\t<\/div>\n\t\t\t\t<\/div>\n\t\t\t\t<div class=\"elementor-element elementor-element-7499180 elementor-widget elementor-widget-text-editor\" data-id=\"7499180\" data-element_type=\"widget\" data-e-type=\"widget\" data-widget_type=\"text-editor.default\">\n\t\t\t\t<div class=\"elementor-widget-container\">\n\t\t\t\t\t\t\t\t\t<p>Una portada quadrangular, sense cap tipus de decoraci\u00f3, com a la resta de les obertures del poblat, est\u00e0 empla\u00e7ada dins d&#8217;un alt arc escarser molt rebaixat, amb una imatge en baix relleu sobre la porta. La coberta a dues aig\u00fces, gaireb\u00e9 plana, culmina amb una creu met\u00e0l\u00b7lica com a la torre.<\/p>\t\t\t\t\t\t\t\t<\/div>\n\t\t\t\t<\/div>\n\t\t\t\t<div class=\"elementor-element elementor-element-a4708b4 elementor-widget elementor-widget-image\" data-id=\"a4708b4\" data-element_type=\"widget\" data-e-type=\"widget\" data-widget_type=\"image.default\">\n\t\t\t\t<div class=\"elementor-widget-container\">\n\t\t\t\t\t\t\t\t\t\t\t\t<figure class=\"wp-caption\">\n\t\t\t\t\t\t\t\t\t\t<img loading=\"lazy\" decoding=\"async\" width=\"768\" height=\"511\" src=\"https:\/\/www.elturistatranquil.com\/wp-content\/uploads\/F31-Poble-Nou-del-Delta-Tarragona.jpg\" class=\"attachment-large size-large wp-image-61840\" alt=\"Poble Nou del Delta. Tarragona\" srcset=\"https:\/\/www.elturistatranquil.com\/wp-content\/uploads\/F31-Poble-Nou-del-Delta-Tarragona.jpg 768w, https:\/\/www.elturistatranquil.com\/wp-content\/uploads\/F31-Poble-Nou-del-Delta-Tarragona-339x226.jpg 339w\" sizes=\"(max-width: 768px) 100vw, 768px\" \/>\t\t\t\t\t\t\t\t\t\t\t<figcaption class=\"widget-image-caption wp-caption-text\"><\/figcaption>\n\t\t\t\t\t\t\t\t\t\t<\/figure>\n\t\t\t\t\t\t\t\t\t<\/div>\n\t\t\t\t<\/div>\n\t\t\t\t<div class=\"elementor-element elementor-element-95c8d79 elementor-widget elementor-widget-image\" data-id=\"95c8d79\" data-element_type=\"widget\" data-e-type=\"widget\" data-widget_type=\"image.default\">\n\t\t\t\t<div class=\"elementor-widget-container\">\n\t\t\t\t\t\t\t\t\t\t\t\t<figure class=\"wp-caption\">\n\t\t\t\t\t\t\t\t\t\t<img loading=\"lazy\" decoding=\"async\" width=\"768\" height=\"511\" src=\"https:\/\/www.elturistatranquil.com\/wp-content\/uploads\/F32-Poble-Nou-del-Delta-Tarragona.jpg\" class=\"attachment-large size-large wp-image-61842\" alt=\"Poble Nou del Delta. Tarragona\" srcset=\"https:\/\/www.elturistatranquil.com\/wp-content\/uploads\/F32-Poble-Nou-del-Delta-Tarragona.jpg 768w, https:\/\/www.elturistatranquil.com\/wp-content\/uploads\/F32-Poble-Nou-del-Delta-Tarragona-339x226.jpg 339w\" sizes=\"(max-width: 768px) 100vw, 768px\" \/>\t\t\t\t\t\t\t\t\t\t\t<figcaption class=\"widget-image-caption wp-caption-text\"><\/figcaption>\n\t\t\t\t\t\t\t\t\t\t<\/figure>\n\t\t\t\t\t\t\t\t\t<\/div>\n\t\t\t\t<\/div>\n\t\t\t\t<div class=\"elementor-element elementor-element-1630fcc elementor-widget elementor-widget-text-editor\" data-id=\"1630fcc\" data-element_type=\"widget\" data-e-type=\"widget\" data-widget_type=\"text-editor.default\">\n\t\t\t\t<div class=\"elementor-widget-container\">\n\t\t\t\t\t\t\t\t\t<p>Els laterals presenten lleugers contraforts d&#8217;arc escarser tamb\u00e9 molt rebaixat com a la portada. Al centre de cada arcada una finestra llisa molt esvelta d&#8217;arc de mig punt.<\/p>\t\t\t\t\t\t\t\t<\/div>\n\t\t\t\t<\/div>\n\t\t\t\t<div class=\"elementor-element elementor-element-6bfae1a elementor-widget elementor-widget-image\" data-id=\"6bfae1a\" data-element_type=\"widget\" data-e-type=\"widget\" data-widget_type=\"image.default\">\n\t\t\t\t<div class=\"elementor-widget-container\">\n\t\t\t\t\t\t\t\t\t\t\t\t<figure class=\"wp-caption\">\n\t\t\t\t\t\t\t\t\t\t<img loading=\"lazy\" decoding=\"async\" width=\"768\" height=\"511\" src=\"https:\/\/www.elturistatranquil.com\/wp-content\/uploads\/F33-Poble-Nou-del-Delta-Tarragona.jpg\" class=\"attachment-large size-large wp-image-61844\" alt=\"Poble Nou del Delta. Tarragona\" srcset=\"https:\/\/www.elturistatranquil.com\/wp-content\/uploads\/F33-Poble-Nou-del-Delta-Tarragona.jpg 768w, https:\/\/www.elturistatranquil.com\/wp-content\/uploads\/F33-Poble-Nou-del-Delta-Tarragona-339x226.jpg 339w\" sizes=\"(max-width: 768px) 100vw, 768px\" \/>\t\t\t\t\t\t\t\t\t\t\t<figcaption class=\"widget-image-caption wp-caption-text\"><\/figcaption>\n\t\t\t\t\t\t\t\t\t\t<\/figure>\n\t\t\t\t\t\t\t\t\t<\/div>\n\t\t\t\t<\/div>\n\t\t\t\t<div class=\"elementor-element elementor-element-3b0a41c elementor-widget elementor-widget-heading\" data-id=\"3b0a41c\" data-element_type=\"widget\" data-e-type=\"widget\" data-widget_type=\"heading.default\">\n\t\t\t\t<div class=\"elementor-widget-container\">\n\t\t\t\t\t<h4 class=\"elementor-heading-title elementor-size-default\">Casa de la Vila<\/h4>\t\t\t\t<\/div>\n\t\t\t\t<\/div>\n\t\t\t\t<div class=\"elementor-element elementor-element-de38775 elementor-widget elementor-widget-text-editor\" data-id=\"de38775\" data-element_type=\"widget\" data-e-type=\"widget\" data-widget_type=\"text-editor.default\">\n\t\t\t\t<div class=\"elementor-widget-container\">\n\t\t\t\t\t\t\t\t\t<p>El mateix estil racionalista minimalista s&#8217;aplica a l&#8217;edifici de la <strong>casa de la Vila<\/strong>. De dues plantes i amb un balc\u00f3 al doble finestral central.<\/p>\t\t\t\t\t\t\t\t<\/div>\n\t\t\t\t<\/div>\n\t\t\t\t<div class=\"elementor-element elementor-element-b6c9cac elementor-widget elementor-widget-image\" data-id=\"b6c9cac\" data-element_type=\"widget\" data-e-type=\"widget\" data-widget_type=\"image.default\">\n\t\t\t\t<div class=\"elementor-widget-container\">\n\t\t\t\t\t\t\t\t\t\t\t\t<figure class=\"wp-caption\">\n\t\t\t\t\t\t\t\t\t\t<img loading=\"lazy\" decoding=\"async\" width=\"768\" height=\"512\" src=\"https:\/\/www.elturistatranquil.com\/wp-content\/uploads\/F34-Poble-Nou-del-Delta-Tarragona.jpg\" class=\"attachment-large size-large wp-image-61846\" alt=\"Poble Nou del Delta. Tarragona\" srcset=\"https:\/\/www.elturistatranquil.com\/wp-content\/uploads\/F34-Poble-Nou-del-Delta-Tarragona.jpg 768w, https:\/\/www.elturistatranquil.com\/wp-content\/uploads\/F34-Poble-Nou-del-Delta-Tarragona-339x226.jpg 339w\" sizes=\"(max-width: 768px) 100vw, 768px\" \/>\t\t\t\t\t\t\t\t\t\t\t<figcaption class=\"widget-image-caption wp-caption-text\"><\/figcaption>\n\t\t\t\t\t\t\t\t\t\t<\/figure>\n\t\t\t\t\t\t\t\t\t<\/div>\n\t\t\t\t<\/div>\n\t\t\t\t<div class=\"elementor-element elementor-element-27a8792 elementor-widget elementor-widget-heading\" data-id=\"27a8792\" data-element_type=\"widget\" data-e-type=\"widget\" data-widget_type=\"heading.default\">\n\t\t\t\t<div class=\"elementor-widget-container\">\n\t\t\t\t\t<h4 class=\"elementor-heading-title elementor-size-default\">Les escoles i els serveis<\/h4>\t\t\t\t<\/div>\n\t\t\t\t<\/div>\n\t\t\t\t<div class=\"elementor-element elementor-element-2970e2b elementor-widget elementor-widget-text-editor\" data-id=\"2970e2b\" data-element_type=\"widget\" data-e-type=\"widget\" data-widget_type=\"text-editor.default\">\n\t\t\t\t<div class=\"elementor-widget-container\">\n\t\t\t\t\t\t\t\t\t<p>Les <strong>escoles de nens i nenes<\/strong> es van situar ocupant una illa de la zona central, format el lateral de ponent de la pla\u00e7a Major.<\/p><p>Tamb\u00e9 una edificaci\u00f3 llisa sense ornaments, d&#8217;una planta, amb un ampli pati de jocs a la part posterior.<\/p>\t\t\t\t\t\t\t\t<\/div>\n\t\t\t\t<\/div>\n\t\t\t\t<div class=\"elementor-element elementor-element-a4b7ba9 elementor-widget elementor-widget-image\" data-id=\"a4b7ba9\" data-element_type=\"widget\" data-e-type=\"widget\" data-widget_type=\"image.default\">\n\t\t\t\t<div class=\"elementor-widget-container\">\n\t\t\t\t\t\t\t\t\t\t\t\t<figure class=\"wp-caption\">\n\t\t\t\t\t\t\t\t\t\t<img loading=\"lazy\" decoding=\"async\" width=\"768\" height=\"511\" src=\"https:\/\/www.elturistatranquil.com\/wp-content\/uploads\/F35-Poble-Nou-del-Delta-Tarragona.jpg\" class=\"attachment-large size-large wp-image-61848\" alt=\"Poble Nou del Delta. Tarragona\" srcset=\"https:\/\/www.elturistatranquil.com\/wp-content\/uploads\/F35-Poble-Nou-del-Delta-Tarragona.jpg 768w, https:\/\/www.elturistatranquil.com\/wp-content\/uploads\/F35-Poble-Nou-del-Delta-Tarragona-339x226.jpg 339w\" sizes=\"(max-width: 768px) 100vw, 768px\" \/>\t\t\t\t\t\t\t\t\t\t\t<figcaption class=\"widget-image-caption wp-caption-text\"><\/figcaption>\n\t\t\t\t\t\t\t\t\t\t<\/figure>\n\t\t\t\t\t\t\t\t\t<\/div>\n\t\t\t\t<\/div>\n\t\t\t\t<div class=\"elementor-element elementor-element-3813368 elementor-widget elementor-widget-text-editor\" data-id=\"3813368\" data-element_type=\"widget\" data-e-type=\"widget\" data-widget_type=\"text-editor.default\">\n\t\t\t\t<div class=\"elementor-widget-container\">\n\t\t\t\t\t\t\t\t\t<p>A la zona sud, a banda i banda de la casa de la vila, trobem, a l&#8217;est les <strong>cases dels professionals<\/strong> (metge i mestres). Mentre veiem adossat a l&#8217;ajuntament cap a l&#8217;oest l&#8217;<strong>edifici social<\/strong> del poblat amb el caf\u00e8-bar.<\/p>\t\t\t\t\t\t\t\t<\/div>\n\t\t\t\t<\/div>\n\t\t\t\t<div class=\"elementor-element elementor-element-f3a39c5 elementor-widget elementor-widget-image\" data-id=\"f3a39c5\" data-element_type=\"widget\" data-e-type=\"widget\" data-widget_type=\"image.default\">\n\t\t\t\t<div class=\"elementor-widget-container\">\n\t\t\t\t\t\t\t\t\t\t\t\t<figure class=\"wp-caption\">\n\t\t\t\t\t\t\t\t\t\t<img loading=\"lazy\" decoding=\"async\" width=\"768\" height=\"512\" src=\"https:\/\/www.elturistatranquil.com\/wp-content\/uploads\/F36-Poble-Nou-del-Delta-Tarragona.jpg\" class=\"attachment-large size-large wp-image-61853\" alt=\"Poble Nou del Delta. Tarragona\" srcset=\"https:\/\/www.elturistatranquil.com\/wp-content\/uploads\/F36-Poble-Nou-del-Delta-Tarragona.jpg 768w, https:\/\/www.elturistatranquil.com\/wp-content\/uploads\/F36-Poble-Nou-del-Delta-Tarragona-339x226.jpg 339w\" sizes=\"(max-width: 768px) 100vw, 768px\" \/>\t\t\t\t\t\t\t\t\t\t\t<figcaption class=\"widget-image-caption wp-caption-text\"><\/figcaption>\n\t\t\t\t\t\t\t\t\t\t<\/figure>\n\t\t\t\t\t\t\t\t\t<\/div>\n\t\t\t\t<\/div>\n\t\t\t\t<div class=\"elementor-element elementor-element-2b5c200 elementor-widget elementor-widget-heading\" data-id=\"2b5c200\" data-element_type=\"widget\" data-e-type=\"widget\" data-widget_type=\"heading.default\">\n\t\t\t\t<div class=\"elementor-widget-container\">\n\t\t\t\t\t<h2 class=\"elementor-heading-title elementor-size-default\">Tipologia de les parcel\u00b7les urbanes, models de casa i fa\u00e7anes de les illes<\/h2>\t\t\t\t<\/div>\n\t\t\t\t<\/div>\n\t\t\t\t<div class=\"elementor-element elementor-element-5cd86b3 elementor-widget elementor-widget-text-editor\" data-id=\"5cd86b3\" data-element_type=\"widget\" data-e-type=\"widget\" data-widget_type=\"text-editor.default\">\n\t\t\t\t<div class=\"elementor-widget-container\">\n\t\t\t\t\t\t\t\t\t<p>Els 124 habitatges del poblat es van distribuir en dotze illes que agrupaven entre 3 i 18 parcel\u00b7les, amb forma predominantment rectangular.<\/p><p>El model base de la parcel\u00b7la va ser d\u2019uns 300 m<sup>2<\/sup>, de forma rectangular de 12,50 metres de fa\u00e7ana per 25 de profunditat. Nom\u00e9s presenten formes m\u00e9s irregulars aquelles parcel\u00b7les que per la disposici\u00f3 obliqua dels carrers es van haver d&#8217;adaptar a formes m\u00e9s o menys trapezoidals.<\/p><p>Es va decidir establir quatre tipus de planta d&#8217;habitatge (no nom\u00e9 he sabut recon\u00e8ixer tres), d&#8217;una i de dues plantes, amb 2, 3 o 4 dormitoris, combinades i intercalades de manera que no exist\u00eds monotonia a les fa\u00e7anes de poma. Aquest va ser un dels requisits que es va aplicar \u00e0mpliament a la planificaci\u00f3 urbana de l&#8217;INC.<\/p><p>Com que s\u00f3n cases amb funcionalitat agr\u00e0ria, havien de disposar d&#8217;espai residencial i espai d&#8217;activitat agr\u00edcola, amb la corresponent porta d&#8217;acc\u00e9s a l&#8217;habitatge i una porta per a pas de carros. La depend\u00e8ncia agr\u00edcola disposava de quadra i paller, quedant ampli espai a la parcel\u00b7la perqu\u00e8 el colon pogu\u00e9s anar ampliant aquestes depend\u00e8ncies amb altres serveis. El v\u00e0ter se situava en aquest pati.<\/p><p>A l&#8217;urbanisme del Poble Nou del Delta es va optar pel model de les dues entrades per la fa\u00e7ana. Nom\u00e9s en casos excepcionals de cases cantoneres s&#8217;ubicava l&#8217;entrada al corral a un lateral.<\/p><p>La superf\u00edcie dels habitatges oscil\u00b7lava entre uns 48 m<sup>2<\/sup> i 120 m<sup>2<\/sup> segons la dimensi\u00f3 de les fam\u00edlies a qu\u00e8 s&#8217;atorgava una parcel\u00b7la. Les m\u00e9s petites d&#8217;una planta i les m\u00e9s grans de dues plantes. La dimensi\u00f3 de la parcel\u00b7la \u00e9s la mateixa per a totes (12,5 x 25 metres).<\/p><p>L&#8217;altra variant al model urb\u00e0 se centrava en si la fa\u00e7ana ocupava tota l&#8217;amplada, amb el pas de carros sota l&#8217;habitatge (<strong>C<\/strong>) o es deixava a cel obert l&#8217;entrada al corral (<strong>A<\/strong> i <strong>B<\/strong>).<\/p><p>La parcel\u00b7la contenia una segona construcci\u00f3 dedicada a les funcions agr\u00e0ries (paller, quadra), adossada a la casa en forma de \u201cL\u201d, o m\u00e9s al fons del corral.<\/p><p>Per a l&#8217;estil arquitect\u00f2nic de les edificacions, es va optar pel model racionalista de construcci\u00f3 c\u00fabica, amb coberta plana. Els murs llisos i les obertures de porta i finestres rectangulars, tot sense cap mena de decoraci\u00f3.<\/p>\t\t\t\t\t\t\t\t<\/div>\n\t\t\t\t<\/div>\n\t\t\t\t<div class=\"elementor-element elementor-element-37c6fcc6 elementor-widget elementor-widget-heading\" data-id=\"37c6fcc6\" data-element_type=\"widget\" data-e-type=\"widget\" data-widget_type=\"heading.default\">\n\t\t\t\t<div class=\"elementor-widget-container\">\n\t\t\t\t\t<h3 class=\"elementor-heading-title elementor-size-default\">Planta de les cases<\/h3>\t\t\t\t<\/div>\n\t\t\t\t<\/div>\n\t\t\t\t<div class=\"elementor-element elementor-element-79a8164 elementor-widget elementor-widget-image\" data-id=\"79a8164\" data-element_type=\"widget\" data-e-type=\"widget\" data-widget_type=\"image.default\">\n\t\t\t\t<div class=\"elementor-widget-container\">\n\t\t\t\t\t\t\t\t\t\t\t\t<figure class=\"wp-caption\">\n\t\t\t\t\t\t\t\t\t\t<img loading=\"lazy\" decoding=\"async\" width=\"768\" height=\"512\" src=\"https:\/\/www.elturistatranquil.com\/wp-content\/uploads\/F37-Poble-Nou-del-Delta-Tarragona.jpg\" class=\"attachment-large size-large wp-image-61855\" alt=\"Poble Nou del Delta. Tarragona\" srcset=\"https:\/\/www.elturistatranquil.com\/wp-content\/uploads\/F37-Poble-Nou-del-Delta-Tarragona.jpg 768w, https:\/\/www.elturistatranquil.com\/wp-content\/uploads\/F37-Poble-Nou-del-Delta-Tarragona-339x226.jpg 339w\" sizes=\"(max-width: 768px) 100vw, 768px\" \/>\t\t\t\t\t\t\t\t\t\t\t<figcaption class=\"widget-image-caption wp-caption-text\"><\/figcaption>\n\t\t\t\t\t\t\t\t\t\t<\/figure>\n\t\t\t\t\t\t\t\t\t<\/div>\n\t\t\t\t<\/div>\n\t\t\t\t<div class=\"elementor-element elementor-element-77f1582 elementor-widget elementor-widget-image\" data-id=\"77f1582\" data-element_type=\"widget\" data-e-type=\"widget\" data-widget_type=\"image.default\">\n\t\t\t\t<div class=\"elementor-widget-container\">\n\t\t\t\t\t\t\t\t\t\t\t\t<figure class=\"wp-caption\">\n\t\t\t\t\t\t\t\t\t\t<img loading=\"lazy\" decoding=\"async\" width=\"768\" height=\"513\" src=\"https:\/\/www.elturistatranquil.com\/wp-content\/uploads\/F38-Poble-Nou-del-Delta-Tarragona-Fuente-Zineb-Tazi-Multiplayer-cities.jpg\" class=\"attachment-large size-large wp-image-61857\" alt=\"Poble Nou del Delta, Tarragona (Fuente- Zineb Tazi, Multiplayer cities)\" srcset=\"https:\/\/www.elturistatranquil.com\/wp-content\/uploads\/F38-Poble-Nou-del-Delta-Tarragona-Fuente-Zineb-Tazi-Multiplayer-cities.jpg 768w, https:\/\/www.elturistatranquil.com\/wp-content\/uploads\/F38-Poble-Nou-del-Delta-Tarragona-Fuente-Zineb-Tazi-Multiplayer-cities-339x226.jpg 339w\" sizes=\"(max-width: 768px) 100vw, 768px\" \/>\t\t\t\t\t\t\t\t\t\t\t<figcaption class=\"widget-image-caption wp-caption-text\">(Font- Zineb Tazi, Multiplayer cities)<\/figcaption>\n\t\t\t\t\t\t\t\t\t\t<\/figure>\n\t\t\t\t\t\t\t\t\t<\/div>\n\t\t\t\t<\/div>\n\t\t\t\t<div class=\"elementor-element elementor-element-c1d6ef4 elementor-widget elementor-widget-text-editor\" data-id=\"c1d6ef4\" data-element_type=\"widget\" data-e-type=\"widget\" data-widget_type=\"text-editor.default\">\n\t\t\t\t<div class=\"elementor-widget-container\">\n\t\t\t\t\t\t\t\t\t<p>Disseny de les plantes dels models <strong>A<\/strong> i <strong>C<\/strong>.<\/p>\t\t\t\t\t\t\t\t<\/div>\n\t\t\t\t<\/div>\n\t\t\t\t<div class=\"elementor-element elementor-element-d276a06 elementor-widget elementor-widget-image\" data-id=\"d276a06\" data-element_type=\"widget\" data-e-type=\"widget\" data-widget_type=\"image.default\">\n\t\t\t\t<div class=\"elementor-widget-container\">\n\t\t\t\t\t\t\t\t\t\t\t\t<figure class=\"wp-caption\">\n\t\t\t\t\t\t\t\t\t\t<img loading=\"lazy\" decoding=\"async\" width=\"768\" height=\"512\" src=\"https:\/\/www.elturistatranquil.com\/wp-content\/uploads\/F39-Poble-Nou-del-Delta-Tarragona-1.jpg\" class=\"attachment-large size-large wp-image-61864\" alt=\"Poble Nou del Delta, Tarragona\" srcset=\"https:\/\/www.elturistatranquil.com\/wp-content\/uploads\/F39-Poble-Nou-del-Delta-Tarragona-1.jpg 768w, https:\/\/www.elturistatranquil.com\/wp-content\/uploads\/F39-Poble-Nou-del-Delta-Tarragona-1-339x226.jpg 339w\" sizes=\"(max-width: 768px) 100vw, 768px\" \/>\t\t\t\t\t\t\t\t\t\t\t<figcaption class=\"widget-image-caption wp-caption-text\"><\/figcaption>\n\t\t\t\t\t\t\t\t\t\t<\/figure>\n\t\t\t\t\t\t\t\t\t<\/div>\n\t\t\t\t<\/div>\n\t\t\t\t<div class=\"elementor-element elementor-element-624e270 elementor-widget elementor-widget-image\" data-id=\"624e270\" data-element_type=\"widget\" data-e-type=\"widget\" data-widget_type=\"image.default\">\n\t\t\t\t<div class=\"elementor-widget-container\">\n\t\t\t\t\t\t\t\t\t\t\t\t<figure class=\"wp-caption\">\n\t\t\t\t\t\t\t\t\t\t<img loading=\"lazy\" decoding=\"async\" width=\"768\" height=\"533\" src=\"https:\/\/www.elturistatranquil.com\/wp-content\/uploads\/F40-Poble-Nou-del-Delta-Tarragona.jpg\" class=\"attachment-large size-large wp-image-61866\" alt=\"Poble Nou del Delta, Tarragona\" srcset=\"https:\/\/www.elturistatranquil.com\/wp-content\/uploads\/F40-Poble-Nou-del-Delta-Tarragona.jpg 768w, https:\/\/www.elturistatranquil.com\/wp-content\/uploads\/F40-Poble-Nou-del-Delta-Tarragona-326x226.jpg 326w\" sizes=\"(max-width: 768px) 100vw, 768px\" \/>\t\t\t\t\t\t\t\t\t\t\t<figcaption class=\"widget-image-caption wp-caption-text\"><\/figcaption>\n\t\t\t\t\t\t\t\t\t\t<\/figure>\n\t\t\t\t\t\t\t\t\t<\/div>\n\t\t\t\t<\/div>\n\t\t\t\t<div class=\"elementor-element elementor-element-d635d52 elementor-widget elementor-widget-heading\" data-id=\"d635d52\" data-element_type=\"widget\" data-e-type=\"widget\" data-widget_type=\"heading.default\">\n\t\t\t\t<div class=\"elementor-widget-container\">\n\t\t\t\t\t<h4 class=\"elementor-heading-title elementor-size-default\">Models de cases<\/h4>\t\t\t\t<\/div>\n\t\t\t\t<\/div>\n\t\t\t\t<div class=\"elementor-element elementor-element-150def9 elementor-widget elementor-widget-text-editor\" data-id=\"150def9\" data-element_type=\"widget\" data-e-type=\"widget\" data-widget_type=\"text-editor.default\">\n\t\t\t\t<div class=\"elementor-widget-container\">\n\t\t\t\t\t\t\t\t\t<p><strong>Modelo A: d\u2019una planta<\/strong><\/p>\t\t\t\t\t\t\t\t<\/div>\n\t\t\t\t<\/div>\n\t\t\t\t<div class=\"elementor-element elementor-element-7ceb9a5 elementor-widget elementor-widget-image\" data-id=\"7ceb9a5\" data-element_type=\"widget\" data-e-type=\"widget\" data-widget_type=\"image.default\">\n\t\t\t\t<div class=\"elementor-widget-container\">\n\t\t\t\t\t\t\t\t\t\t\t\t<figure class=\"wp-caption\">\n\t\t\t\t\t\t\t\t\t\t<img loading=\"lazy\" decoding=\"async\" width=\"768\" height=\"482\" src=\"https:\/\/www.elturistatranquil.com\/wp-content\/uploads\/F41-Poble-Nou-del-Delta-Tarragona.jpg\" class=\"attachment-large size-large wp-image-61868\" alt=\"Poble Nou del Delta, Tarragona\" srcset=\"https:\/\/www.elturistatranquil.com\/wp-content\/uploads\/F41-Poble-Nou-del-Delta-Tarragona.jpg 768w, https:\/\/www.elturistatranquil.com\/wp-content\/uploads\/F41-Poble-Nou-del-Delta-Tarragona-339x213.jpg 339w\" sizes=\"(max-width: 768px) 100vw, 768px\" \/>\t\t\t\t\t\t\t\t\t\t\t<figcaption class=\"widget-image-caption wp-caption-text\"><\/figcaption>\n\t\t\t\t\t\t\t\t\t\t<\/figure>\n\t\t\t\t\t\t\t\t\t<\/div>\n\t\t\t\t<\/div>\n\t\t\t\t<div class=\"elementor-element elementor-element-67439d4 elementor-widget elementor-widget-image\" data-id=\"67439d4\" data-element_type=\"widget\" data-e-type=\"widget\" data-widget_type=\"image.default\">\n\t\t\t\t<div class=\"elementor-widget-container\">\n\t\t\t\t\t\t\t\t\t\t\t\t<figure class=\"wp-caption\">\n\t\t\t\t\t\t\t\t\t\t<img loading=\"lazy\" decoding=\"async\" width=\"768\" height=\"512\" src=\"https:\/\/www.elturistatranquil.com\/wp-content\/uploads\/F42-Poble-Nou-del-Delta-Tarragona.jpg\" class=\"attachment-large size-large wp-image-61870\" alt=\"Poble Nou del Delta, Tarragona\" srcset=\"https:\/\/www.elturistatranquil.com\/wp-content\/uploads\/F42-Poble-Nou-del-Delta-Tarragona.jpg 768w, https:\/\/www.elturistatranquil.com\/wp-content\/uploads\/F42-Poble-Nou-del-Delta-Tarragona-339x226.jpg 339w\" sizes=\"(max-width: 768px) 100vw, 768px\" \/>\t\t\t\t\t\t\t\t\t\t\t<figcaption class=\"widget-image-caption wp-caption-text\"><\/figcaption>\n\t\t\t\t\t\t\t\t\t\t<\/figure>\n\t\t\t\t\t\t\t\t\t<\/div>\n\t\t\t\t<\/div>\n\t\t\t\t<div class=\"elementor-element elementor-element-dfd0a25 elementor-widget elementor-widget-image\" data-id=\"dfd0a25\" data-element_type=\"widget\" data-e-type=\"widget\" data-widget_type=\"image.default\">\n\t\t\t\t<div class=\"elementor-widget-container\">\n\t\t\t\t\t\t\t\t\t\t\t\t<figure class=\"wp-caption\">\n\t\t\t\t\t\t\t\t\t\t<img loading=\"lazy\" decoding=\"async\" width=\"768\" height=\"512\" src=\"https:\/\/www.elturistatranquil.com\/wp-content\/uploads\/F43-Poble-Nou-del-Delta-Tarragona.jpg\" class=\"attachment-large size-large wp-image-61872\" alt=\"Poble Nou del Delta, Tarragona\" srcset=\"https:\/\/www.elturistatranquil.com\/wp-content\/uploads\/F43-Poble-Nou-del-Delta-Tarragona.jpg 768w, https:\/\/www.elturistatranquil.com\/wp-content\/uploads\/F43-Poble-Nou-del-Delta-Tarragona-339x226.jpg 339w\" sizes=\"(max-width: 768px) 100vw, 768px\" \/>\t\t\t\t\t\t\t\t\t\t\t<figcaption class=\"widget-image-caption wp-caption-text\"><\/figcaption>\n\t\t\t\t\t\t\t\t\t\t<\/figure>\n\t\t\t\t\t\t\t\t\t<\/div>\n\t\t\t\t<\/div>\n\t\t\t\t<div class=\"elementor-element elementor-element-c07c73c elementor-widget elementor-widget-image\" data-id=\"c07c73c\" data-element_type=\"widget\" data-e-type=\"widget\" data-widget_type=\"image.default\">\n\t\t\t\t<div class=\"elementor-widget-container\">\n\t\t\t\t\t\t\t\t\t\t\t\t<figure class=\"wp-caption\">\n\t\t\t\t\t\t\t\t\t\t<img loading=\"lazy\" decoding=\"async\" width=\"768\" height=\"512\" src=\"https:\/\/www.elturistatranquil.com\/wp-content\/uploads\/F44-Poble-Nou-del-Delta-Tarragona.jpg\" class=\"attachment-large size-large wp-image-61877\" alt=\"Poble Nou del Delta, Tarragona\" srcset=\"https:\/\/www.elturistatranquil.com\/wp-content\/uploads\/F44-Poble-Nou-del-Delta-Tarragona.jpg 768w, https:\/\/www.elturistatranquil.com\/wp-content\/uploads\/F44-Poble-Nou-del-Delta-Tarragona-339x226.jpg 339w\" sizes=\"(max-width: 768px) 100vw, 768px\" \/>\t\t\t\t\t\t\t\t\t\t\t<figcaption class=\"widget-image-caption wp-caption-text\"><\/figcaption>\n\t\t\t\t\t\t\t\t\t\t<\/figure>\n\t\t\t\t\t\t\t\t\t<\/div>\n\t\t\t\t<\/div>\n\t\t\t\t<div class=\"elementor-element elementor-element-c9d06af elementor-widget elementor-widget-text-editor\" data-id=\"c9d06af\" data-element_type=\"widget\" data-e-type=\"widget\" data-widget_type=\"text-editor.default\">\n\t\t\t\t<div class=\"elementor-widget-container\">\n\t\t\t\t\t\t\t\t\t<p>Interior de l\u2019entrada a un corral.<\/p>\t\t\t\t\t\t\t\t<\/div>\n\t\t\t\t<\/div>\n\t\t\t\t<div class=\"elementor-element elementor-element-aed0999 elementor-widget elementor-widget-image\" data-id=\"aed0999\" data-element_type=\"widget\" data-e-type=\"widget\" data-widget_type=\"image.default\">\n\t\t\t\t<div class=\"elementor-widget-container\">\n\t\t\t\t\t\t\t\t\t\t\t\t<figure class=\"wp-caption\">\n\t\t\t\t\t\t\t\t\t\t<img loading=\"lazy\" decoding=\"async\" width=\"768\" height=\"512\" src=\"https:\/\/www.elturistatranquil.com\/wp-content\/uploads\/F45-Poble-Nou-del-Delta-Tarragona.jpg\" class=\"attachment-large size-large wp-image-61879\" alt=\"Poble Nou del Delta, Tarragona\" srcset=\"https:\/\/www.elturistatranquil.com\/wp-content\/uploads\/F45-Poble-Nou-del-Delta-Tarragona.jpg 768w, https:\/\/www.elturistatranquil.com\/wp-content\/uploads\/F45-Poble-Nou-del-Delta-Tarragona-339x226.jpg 339w\" sizes=\"(max-width: 768px) 100vw, 768px\" \/>\t\t\t\t\t\t\t\t\t\t\t<figcaption class=\"widget-image-caption wp-caption-text\"><\/figcaption>\n\t\t\t\t\t\t\t\t\t\t<\/figure>\n\t\t\t\t\t\t\t\t\t<\/div>\n\t\t\t\t<\/div>\n\t\t\t\t<div class=\"elementor-element elementor-element-5d7f0d2 elementor-widget elementor-widget-text-editor\" data-id=\"5d7f0d2\" data-element_type=\"widget\" data-e-type=\"widget\" data-widget_type=\"text-editor.default\">\n\t\t\t\t<div class=\"elementor-widget-container\">\n\t\t\t\t\t\t\t\t\t<p><strong>Model B: Quadrada de dues plantes amb entrada a cel obert<\/strong><\/p>\t\t\t\t\t\t\t\t<\/div>\n\t\t\t\t<\/div>\n\t\t\t\t<div class=\"elementor-element elementor-element-bf5d225 elementor-widget elementor-widget-image\" data-id=\"bf5d225\" data-element_type=\"widget\" data-e-type=\"widget\" data-widget_type=\"image.default\">\n\t\t\t\t<div class=\"elementor-widget-container\">\n\t\t\t\t\t\t\t\t\t\t\t\t<figure class=\"wp-caption\">\n\t\t\t\t\t\t\t\t\t\t<img loading=\"lazy\" decoding=\"async\" width=\"768\" height=\"512\" src=\"https:\/\/www.elturistatranquil.com\/wp-content\/uploads\/F46-Poble-Nou-del-Delta-Tarragona.jpg\" class=\"attachment-large size-large wp-image-61881\" alt=\"Poble Nou del Delta, Tarragona\" srcset=\"https:\/\/www.elturistatranquil.com\/wp-content\/uploads\/F46-Poble-Nou-del-Delta-Tarragona.jpg 768w, https:\/\/www.elturistatranquil.com\/wp-content\/uploads\/F46-Poble-Nou-del-Delta-Tarragona-339x226.jpg 339w\" sizes=\"(max-width: 768px) 100vw, 768px\" \/>\t\t\t\t\t\t\t\t\t\t\t<figcaption class=\"widget-image-caption wp-caption-text\"><\/figcaption>\n\t\t\t\t\t\t\t\t\t\t<\/figure>\n\t\t\t\t\t\t\t\t\t<\/div>\n\t\t\t\t<\/div>\n\t\t\t\t<div class=\"elementor-element elementor-element-5014fd7 elementor-widget elementor-widget-image\" data-id=\"5014fd7\" data-element_type=\"widget\" data-e-type=\"widget\" data-widget_type=\"image.default\">\n\t\t\t\t<div class=\"elementor-widget-container\">\n\t\t\t\t\t\t\t\t\t\t\t\t<figure class=\"wp-caption\">\n\t\t\t\t\t\t\t\t\t\t<img loading=\"lazy\" decoding=\"async\" width=\"768\" height=\"512\" src=\"https:\/\/www.elturistatranquil.com\/wp-content\/uploads\/F47-Poble-Nou-del-Delta-Tarragona.jpg\" class=\"attachment-large size-large wp-image-61883\" alt=\"Poble Nou del Delta, Tarragona\" srcset=\"https:\/\/www.elturistatranquil.com\/wp-content\/uploads\/F47-Poble-Nou-del-Delta-Tarragona.jpg 768w, https:\/\/www.elturistatranquil.com\/wp-content\/uploads\/F47-Poble-Nou-del-Delta-Tarragona-339x226.jpg 339w\" sizes=\"(max-width: 768px) 100vw, 768px\" \/>\t\t\t\t\t\t\t\t\t\t\t<figcaption class=\"widget-image-caption wp-caption-text\"><\/figcaption>\n\t\t\t\t\t\t\t\t\t\t<\/figure>\n\t\t\t\t\t\t\t\t\t<\/div>\n\t\t\t\t<\/div>\n\t\t\t\t<div class=\"elementor-element elementor-element-1267b59 elementor-widget elementor-widget-image\" data-id=\"1267b59\" data-element_type=\"widget\" data-e-type=\"widget\" data-widget_type=\"image.default\">\n\t\t\t\t<div class=\"elementor-widget-container\">\n\t\t\t\t\t\t\t\t\t\t\t\t<figure class=\"wp-caption\">\n\t\t\t\t\t\t\t\t\t\t<img loading=\"lazy\" decoding=\"async\" width=\"768\" height=\"512\" src=\"https:\/\/www.elturistatranquil.com\/wp-content\/uploads\/F48-Poble-Nou-del-Delta-Tarragona.jpg\" class=\"attachment-large size-large wp-image-61885\" alt=\"Poble Nou del Delta, Tarragona\" srcset=\"https:\/\/www.elturistatranquil.com\/wp-content\/uploads\/F48-Poble-Nou-del-Delta-Tarragona.jpg 768w, https:\/\/www.elturistatranquil.com\/wp-content\/uploads\/F48-Poble-Nou-del-Delta-Tarragona-339x226.jpg 339w\" sizes=\"(max-width: 768px) 100vw, 768px\" \/>\t\t\t\t\t\t\t\t\t\t\t<figcaption class=\"widget-image-caption wp-caption-text\"><\/figcaption>\n\t\t\t\t\t\t\t\t\t\t<\/figure>\n\t\t\t\t\t\t\t\t\t<\/div>\n\t\t\t\t<\/div>\n\t\t\t\t<div class=\"elementor-element elementor-element-328224a elementor-widget elementor-widget-text-editor\" data-id=\"328224a\" data-element_type=\"widget\" data-e-type=\"widget\" data-widget_type=\"text-editor.default\">\n\t\t\t\t<div class=\"elementor-widget-container\">\n\t\t\t\t\t\t\t\t\t<p><strong>Model C: Rectangular de dues plantes cobrint tota la fa\u00e7ana, amb entrada al corral per dins de l&#8217;edificaci\u00f3<\/strong><\/p>\t\t\t\t\t\t\t\t<\/div>\n\t\t\t\t<\/div>\n\t\t\t\t<div class=\"elementor-element elementor-element-087e2bb elementor-widget elementor-widget-image\" data-id=\"087e2bb\" data-element_type=\"widget\" data-e-type=\"widget\" data-widget_type=\"image.default\">\n\t\t\t\t<div class=\"elementor-widget-container\">\n\t\t\t\t\t\t\t\t\t\t\t\t<figure class=\"wp-caption\">\n\t\t\t\t\t\t\t\t\t\t<img loading=\"lazy\" decoding=\"async\" width=\"768\" height=\"512\" src=\"https:\/\/www.elturistatranquil.com\/wp-content\/uploads\/F49-Poble-Nou-del-Delta-Tarragona.jpg\" class=\"attachment-large size-large wp-image-61887\" alt=\"Poble Nou del Delta, Tarragona\" srcset=\"https:\/\/www.elturistatranquil.com\/wp-content\/uploads\/F49-Poble-Nou-del-Delta-Tarragona.jpg 768w, https:\/\/www.elturistatranquil.com\/wp-content\/uploads\/F49-Poble-Nou-del-Delta-Tarragona-339x226.jpg 339w\" sizes=\"(max-width: 768px) 100vw, 768px\" \/>\t\t\t\t\t\t\t\t\t\t\t<figcaption class=\"widget-image-caption wp-caption-text\"><\/figcaption>\n\t\t\t\t\t\t\t\t\t\t<\/figure>\n\t\t\t\t\t\t\t\t\t<\/div>\n\t\t\t\t<\/div>\n\t\t\t\t<div class=\"elementor-element elementor-element-c70d4d4 elementor-widget elementor-widget-heading\" data-id=\"c70d4d4\" data-element_type=\"widget\" data-e-type=\"widget\" data-widget_type=\"heading.default\">\n\t\t\t\t<div class=\"elementor-widget-container\">\n\t\t\t\t\t<h4 class=\"elementor-heading-title elementor-size-default\">Fa\u00e7anes d\u2019illa<\/h4>\t\t\t\t<\/div>\n\t\t\t\t<\/div>\n\t\t\t\t<div class=\"elementor-element elementor-element-f832792 elementor-widget elementor-widget-text-editor\" data-id=\"f832792\" data-element_type=\"widget\" data-e-type=\"widget\" data-widget_type=\"text-editor.default\">\n\t\t\t\t<div class=\"elementor-widget-container\">\n\t\t\t\t\t\t\t\t\t<p>Per evitar la monotonia de les fa\u00e7anes d\u2019illa, les instruccions de l&#8217;INC eren alternar m\u00e9s o menys aleat\u00f2riament els models de casa, especialment entre les cases d&#8217;un nivell i de dos nivells.<\/p><p>Alhora, s&#8217;optava per aplicar els models de casa adossada o de casa aparellada, de manera que es multiplicava l&#8217;aleatorietat del perfil de cada illa.<\/p>\t\t\t\t\t\t\t\t<\/div>\n\t\t\t\t<\/div>\n\t\t\t\t<div class=\"elementor-element elementor-element-450b032 elementor-widget elementor-widget-image\" data-id=\"450b032\" data-element_type=\"widget\" data-e-type=\"widget\" data-widget_type=\"image.default\">\n\t\t\t\t<div class=\"elementor-widget-container\">\n\t\t\t\t\t\t\t\t\t\t\t\t<figure class=\"wp-caption\">\n\t\t\t\t\t\t\t\t\t\t<img loading=\"lazy\" decoding=\"async\" width=\"768\" height=\"512\" src=\"https:\/\/www.elturistatranquil.com\/wp-content\/uploads\/F50-Poble-Nou-del-Delta-Tarragona.jpg\" class=\"attachment-large size-large wp-image-61889\" alt=\"Poble Nou del Delta, Tarragona\" srcset=\"https:\/\/www.elturistatranquil.com\/wp-content\/uploads\/F50-Poble-Nou-del-Delta-Tarragona.jpg 768w, https:\/\/www.elturistatranquil.com\/wp-content\/uploads\/F50-Poble-Nou-del-Delta-Tarragona-339x226.jpg 339w\" sizes=\"(max-width: 768px) 100vw, 768px\" \/>\t\t\t\t\t\t\t\t\t\t\t<figcaption class=\"widget-image-caption wp-caption-text\"><\/figcaption>\n\t\t\t\t\t\t\t\t\t\t<\/figure>\n\t\t\t\t\t\t\t\t\t<\/div>\n\t\t\t\t<\/div>\n\t\t\t\t<div class=\"elementor-element elementor-element-872e852 elementor-widget elementor-widget-image\" data-id=\"872e852\" data-element_type=\"widget\" data-e-type=\"widget\" data-widget_type=\"image.default\">\n\t\t\t\t<div class=\"elementor-widget-container\">\n\t\t\t\t\t\t\t\t\t\t\t\t<figure class=\"wp-caption\">\n\t\t\t\t\t\t\t\t\t\t<img loading=\"lazy\" decoding=\"async\" width=\"768\" height=\"511\" src=\"https:\/\/www.elturistatranquil.com\/wp-content\/uploads\/F51-Poble-Nou-del-Delta-Tarragona.jpg\" class=\"attachment-large size-large wp-image-61894\" alt=\"Poble Nou del Delta, Tarragona\" srcset=\"https:\/\/www.elturistatranquil.com\/wp-content\/uploads\/F51-Poble-Nou-del-Delta-Tarragona.jpg 768w, https:\/\/www.elturistatranquil.com\/wp-content\/uploads\/F51-Poble-Nou-del-Delta-Tarragona-339x226.jpg 339w\" sizes=\"(max-width: 768px) 100vw, 768px\" \/>\t\t\t\t\t\t\t\t\t\t\t<figcaption class=\"widget-image-caption wp-caption-text\"><\/figcaption>\n\t\t\t\t\t\t\t\t\t\t<\/figure>\n\t\t\t\t\t\t\t\t\t<\/div>\n\t\t\t\t<\/div>\n\t\t\t\t<div class=\"elementor-element elementor-element-77e4849 elementor-widget elementor-widget-image\" data-id=\"77e4849\" data-element_type=\"widget\" data-e-type=\"widget\" data-widget_type=\"image.default\">\n\t\t\t\t<div class=\"elementor-widget-container\">\n\t\t\t\t\t\t\t\t\t\t\t\t<figure class=\"wp-caption\">\n\t\t\t\t\t\t\t\t\t\t<img loading=\"lazy\" decoding=\"async\" width=\"768\" height=\"512\" src=\"https:\/\/www.elturistatranquil.com\/wp-content\/uploads\/F52-Poble-Nou-del-Delta-Tarragona.jpg\" class=\"attachment-large size-large wp-image-61896\" alt=\"Poble Nou del Delta, Tarragona\" srcset=\"https:\/\/www.elturistatranquil.com\/wp-content\/uploads\/F52-Poble-Nou-del-Delta-Tarragona.jpg 768w, https:\/\/www.elturistatranquil.com\/wp-content\/uploads\/F52-Poble-Nou-del-Delta-Tarragona-339x226.jpg 339w\" sizes=\"(max-width: 768px) 100vw, 768px\" \/>\t\t\t\t\t\t\t\t\t\t\t<figcaption class=\"widget-image-caption wp-caption-text\"><\/figcaption>\n\t\t\t\t\t\t\t\t\t\t<\/figure>\n\t\t\t\t\t\t\t\t\t<\/div>\n\t\t\t\t<\/div>\n\t\t\t\t<div class=\"elementor-element elementor-element-43e76a0 elementor-widget elementor-widget-text-editor\" data-id=\"43e76a0\" data-element_type=\"widget\" data-e-type=\"widget\" data-widget_type=\"text-editor.default\">\n\t\t\t\t<div class=\"elementor-widget-container\">\n\t\t\t\t\t\t\t\t\t<p>Dues cases aparellades de dos nivells tipus (<strong>B<\/strong>).<\/p>\t\t\t\t\t\t\t\t<\/div>\n\t\t\t\t<\/div>\n\t\t\t\t<div class=\"elementor-element elementor-element-73109e6 elementor-widget elementor-widget-image\" data-id=\"73109e6\" data-element_type=\"widget\" data-e-type=\"widget\" data-widget_type=\"image.default\">\n\t\t\t\t<div class=\"elementor-widget-container\">\n\t\t\t\t\t\t\t\t\t\t\t\t<figure class=\"wp-caption\">\n\t\t\t\t\t\t\t\t\t\t<img loading=\"lazy\" decoding=\"async\" width=\"768\" height=\"641\" src=\"https:\/\/www.elturistatranquil.com\/wp-content\/uploads\/F53-Poble-Nou-del-Delta-Tarragona.jpg\" class=\"attachment-large size-large wp-image-61898\" alt=\"Poble Nou del Delta, Tarragona\" srcset=\"https:\/\/www.elturistatranquil.com\/wp-content\/uploads\/F53-Poble-Nou-del-Delta-Tarragona.jpg 768w, https:\/\/www.elturistatranquil.com\/wp-content\/uploads\/F53-Poble-Nou-del-Delta-Tarragona-271x226.jpg 271w\" sizes=\"(max-width: 768px) 100vw, 768px\" \/>\t\t\t\t\t\t\t\t\t\t\t<figcaption class=\"widget-image-caption wp-caption-text\"><\/figcaption>\n\t\t\t\t\t\t\t\t\t\t<\/figure>\n\t\t\t\t\t\t\t\t\t<\/div>\n\t\t\t\t<\/div>\n\t\t\t\t<div class=\"elementor-element elementor-element-a0bca38 elementor-widget elementor-widget-text-editor\" data-id=\"a0bca38\" data-element_type=\"widget\" data-e-type=\"widget\" data-widget_type=\"text-editor.default\">\n\t\t\t\t<div class=\"elementor-widget-container\">\n\t\t\t\t\t\t\t\t\t<p>Dues cases model (<strong>C<\/strong>) aparellades.<\/p>\t\t\t\t\t\t\t\t<\/div>\n\t\t\t\t<\/div>\n\t\t\t\t<div class=\"elementor-element elementor-element-8439b09 elementor-widget elementor-widget-image\" data-id=\"8439b09\" data-element_type=\"widget\" data-e-type=\"widget\" data-widget_type=\"image.default\">\n\t\t\t\t<div class=\"elementor-widget-container\">\n\t\t\t\t\t\t\t\t\t\t\t\t<figure class=\"wp-caption\">\n\t\t\t\t\t\t\t\t\t\t<img loading=\"lazy\" decoding=\"async\" width=\"768\" height=\"512\" src=\"https:\/\/www.elturistatranquil.com\/wp-content\/uploads\/F54-Poble-Nou-del-Delta-Tarragona.jpg\" class=\"attachment-large size-large wp-image-61900\" alt=\"Poble Nou del Delta, Tarragona\" srcset=\"https:\/\/www.elturistatranquil.com\/wp-content\/uploads\/F54-Poble-Nou-del-Delta-Tarragona.jpg 768w, https:\/\/www.elturistatranquil.com\/wp-content\/uploads\/F54-Poble-Nou-del-Delta-Tarragona-339x226.jpg 339w\" sizes=\"(max-width: 768px) 100vw, 768px\" \/>\t\t\t\t\t\t\t\t\t\t\t<figcaption class=\"widget-image-caption wp-caption-text\"><\/figcaption>\n\t\t\t\t\t\t\t\t\t\t<\/figure>\n\t\t\t\t\t\t\t\t\t<\/div>\n\t\t\t\t<\/div>\n\t\t\t\t<div class=\"elementor-element elementor-element-4e63099 elementor-widget elementor-widget-text-editor\" data-id=\"4e63099\" data-element_type=\"widget\" data-e-type=\"widget\" data-widget_type=\"text-editor.default\">\n\t\t\t\t<div class=\"elementor-widget-container\">\n\t\t\t\t\t\t\t\t\t<p>Als passatges era limitat l&#8217;acc\u00e9s a les cases.<\/p>\t\t\t\t\t\t\t\t<\/div>\n\t\t\t\t<\/div>\n\t\t\t\t<div class=\"elementor-element elementor-element-86970fd elementor-widget elementor-widget-image\" data-id=\"86970fd\" data-element_type=\"widget\" data-e-type=\"widget\" data-widget_type=\"image.default\">\n\t\t\t\t<div class=\"elementor-widget-container\">\n\t\t\t\t\t\t\t\t\t\t\t\t<figure class=\"wp-caption\">\n\t\t\t\t\t\t\t\t\t\t<img loading=\"lazy\" decoding=\"async\" width=\"768\" height=\"512\" src=\"https:\/\/www.elturistatranquil.com\/wp-content\/uploads\/F55-Poble-Nou-del-Delta-Tarragona.jpg\" class=\"attachment-large size-large wp-image-61902\" alt=\"Poble Nou del Delta, Tarragona\" srcset=\"https:\/\/www.elturistatranquil.com\/wp-content\/uploads\/F55-Poble-Nou-del-Delta-Tarragona.jpg 768w, https:\/\/www.elturistatranquil.com\/wp-content\/uploads\/F55-Poble-Nou-del-Delta-Tarragona-339x226.jpg 339w\" sizes=\"(max-width: 768px) 100vw, 768px\" \/>\t\t\t\t\t\t\t\t\t\t\t<figcaption class=\"widget-image-caption wp-caption-text\"><\/figcaption>\n\t\t\t\t\t\t\t\t\t\t<\/figure>\n\t\t\t\t\t\t\t\t\t<\/div>\n\t\t\t\t<\/div>\n\t\t\t\t<div class=\"elementor-element elementor-element-ea13cf1 elementor-widget elementor-widget-heading\" data-id=\"ea13cf1\" data-element_type=\"widget\" data-e-type=\"widget\" data-widget_type=\"heading.default\">\n\t\t\t\t<div class=\"elementor-widget-container\">\n\t\t\t\t\t<h3 class=\"elementor-heading-title elementor-size-default\">Ampliaci\u00f3 i canvi de funci\u00f3 del poblat<\/h3>\t\t\t\t<\/div>\n\t\t\t\t<\/div>\n\t\t\t\t<div class=\"elementor-element elementor-element-c043d8d elementor-widget elementor-widget-text-editor\" data-id=\"c043d8d\" data-element_type=\"widget\" data-e-type=\"widget\" data-widget_type=\"text-editor.default\">\n\t\t\t\t<div class=\"elementor-widget-container\">\n\t\t\t\t\t\t\t\t\t<p>A m\u00e9s de la reconversi\u00f3 d&#8217;alguns habitatges en allotjaments tur\u00edstics, el pas a la preponder\u00e0ncia tur\u00edstica es constata en la construcci\u00f3 d&#8217;un hotel de nova planta (<strong>Hotel Algadir del Delta<\/strong>) a l&#8217;illa ampliada respecte al disseny original a la cantonada nord-est del poblat.<\/p>\t\t\t\t\t\t\t\t<\/div>\n\t\t\t\t<\/div>\n\t\t\t\t<div class=\"elementor-element elementor-element-aeb2db6 elementor-widget elementor-widget-image\" data-id=\"aeb2db6\" data-element_type=\"widget\" data-e-type=\"widget\" data-widget_type=\"image.default\">\n\t\t\t\t<div class=\"elementor-widget-container\">\n\t\t\t\t\t\t\t\t\t\t\t\t<figure class=\"wp-caption\">\n\t\t\t\t\t\t\t\t\t\t<img loading=\"lazy\" decoding=\"async\" width=\"768\" height=\"511\" src=\"https:\/\/www.elturistatranquil.com\/wp-content\/uploads\/F56-Poble-Nou-del-Delta-Tarragona.jpg\" class=\"attachment-large size-large wp-image-61904\" alt=\"Poble Nou del Delta, Tarragona\" srcset=\"https:\/\/www.elturistatranquil.com\/wp-content\/uploads\/F56-Poble-Nou-del-Delta-Tarragona.jpg 768w, https:\/\/www.elturistatranquil.com\/wp-content\/uploads\/F56-Poble-Nou-del-Delta-Tarragona-339x226.jpg 339w\" sizes=\"(max-width: 768px) 100vw, 768px\" \/>\t\t\t\t\t\t\t\t\t\t\t<figcaption class=\"widget-image-caption wp-caption-text\"><\/figcaption>\n\t\t\t\t\t\t\t\t\t\t<\/figure>\n\t\t\t\t\t\t\t\t\t<\/div>\n\t\t\t\t<\/div>\n\t\t\t\t<div class=\"elementor-element elementor-element-73ea4b0 elementor-widget elementor-widget-heading\" data-id=\"73ea4b0\" data-element_type=\"widget\" data-e-type=\"widget\" data-widget_type=\"heading.default\">\n\t\t\t\t<div class=\"elementor-widget-container\">\n\t\t\t\t\t<h2 class=\"elementor-heading-title elementor-size-default\">Fi de la visita<\/h2>\t\t\t\t<\/div>\n\t\t\t\t<\/div>\n\t\t\t\t<div class=\"elementor-element elementor-element-e7432d7 elementor-widget elementor-widget-text-editor\" data-id=\"e7432d7\" data-element_type=\"widget\" data-e-type=\"widget\" data-widget_type=\"text-editor.default\">\n\t\t\t\t<div class=\"elementor-widget-container\">\n\t\t\t\t\t\t\t\t\t<p><strong>Poble Nou del Delta<\/strong> conserva les caracter\u00edstiques del disseny urban\u00edstic original, amb dues etapes d&#8217;expansi\u00f3 urbana a partir de la primera actuaci\u00f3: la finalitzaci\u00f3 del projecte inicial amb la construcci\u00f3 de les dues illes del costat nord, lleugerament modificades; l&#8217;ampliaci\u00f3 pel mateix costat nord de dues illes m\u00e9s, seguint el criteri de la base urban\u00edstica original; i la creaci\u00f3 de serveis d&#8217;oci col\u00b7lectiu al rectangle del costat de llevant.<\/p><p>La problem\u00e0tica que afecta molts poblats de colonitzaci\u00f3 creats per l&#8217;INC a partir dels anys 40 de dificultats d&#8217;adaptaci\u00f3 als canvis en l&#8217;activitat agr\u00e0ria per a la qual van ser dissenyats, al Poble Nou del Delta s&#8217;ha resolt amb l&#8217;adaptaci\u00f3 al model econ\u00f2mic basat en el turisme que s&#8217;ha expandit a l&#8217;entorn on se situa aquest poblat.<\/p><p>Ens trobarem amb un lloc din\u00e0mic, on el cicle econ\u00f2mic de l&#8217;agricultura s&#8217;ha substitu\u00eft pel cicle econ\u00f2mic del turisme.<\/p>\t\t\t\t\t\t\t\t<\/div>\n\t\t\t\t<\/div>\n\t\t\t\t<div class=\"elementor-element elementor-element-f8581fd elementor-widget elementor-widget-heading\" data-id=\"f8581fd\" data-element_type=\"widget\" data-e-type=\"widget\" data-widget_type=\"heading.default\">\n\t\t\t\t<div class=\"elementor-widget-container\">\n\t\t\t\t\t<h2 class=\"elementor-heading-title elementor-size-default\">Bases d\u2019informaci\u00f3<\/h2>\t\t\t\t<\/div>\n\t\t\t\t<\/div>\n\t\t\t\t<div class=\"elementor-element elementor-element-4176445a elementor-widget elementor-widget-text-editor\" data-id=\"4176445a\" data-element_type=\"widget\" data-e-type=\"widget\" data-widget_type=\"text-editor.default\">\n\t\t\t\t<div class=\"elementor-widget-container\">\n\t\t\t\t\t\t\t\t\t<p><strong>Web<br \/><\/strong><a href=\"https:\/\/www.amposta.cat\/pagina\/ca\/el-poble-nou-del-delta\" target=\"_blank\" rel=\"noopener\">amposta-poblenoudeldelta<\/a><br \/><a href=\"https:\/\/es.wikipedia.org\/wiki\/Poblenou_del_Delta\" target=\"_blank\" rel=\"noopener\">wikipedia.es<\/a><br \/><a href=\"https:\/\/ca.wikipedia.org\/wiki\/El_Poblenou_del_Delta\" target=\"_blank\" rel=\"noopener\">wikipedia.ca<\/a><br \/><a href=\"https:\/\/www.turismodeltadelebro.com\/ca\/que-veure-al-poble-nou-del-delta\/\" target=\"_blank\" rel=\"noopener\">turismodeltadelebro<\/a><br \/><a href=\"https:\/\/www.turismeamposta.cat\/es\/delta-de-lebre\/poble-nou-del-delta\" target=\"_blank\" rel=\"noopener\">turismeamposta<\/a><br \/><a href=\"https:\/\/www.deltaebro.com\/lugares-de-interes-delta-del-ebro\/pobla-nou-de-la-delta\" target=\"_blank\" rel=\"noopener\">deltaebro<\/a><\/p><p><strong>Web academic<br \/><\/strong><a href=\"https:\/\/www.coam.org\/media\/Default%20Files\/fundacion\/biblioteca\/revista-arquitectura-100\/1946-1958\/docs\/revista-articulos\/revista-nacional-arquitectura-1958-n196-pag23-26.pdf\" target=\"_blank\" rel=\"noopener\"><em>Pueblo de Villafranco del Delta. Arquitecto Jos\u00e9 Borobio<\/em><\/a>. \u201cRevista Nacional de Arquitectura\u201d. 1958. N\u00ba 196. Pags. 23-26.<u><br \/><\/u>Fabregat Galcer\u00e0, Emeteri (2009). <a href=\"http:\/\/www.h-economica.uab.es\/papers\/wps\/2009\/2009_04.pdf\" target=\"_blank\" rel=\"noopener\"><em>\u00bfCampesinos o terratenientes? La pol\u00edtica agraria del franquismo y el acceso a la propiedad en el Delta del Ebro<\/em><\/a><br \/>Tazi, Zineb\u00a0 (2021). <a href=\"https:\/\/multiplayercity.org\/poblenou-del-delta\" target=\"_blank\" rel=\"noopener\"><em>Poblenosu del Delta<\/em><\/a> <br \/>B\u00fafalo, Claudia del (2013). <a href=\"https:\/\/dau.url.edu\/handle\/20.500.14342\/2733?locale-attribute=es\" target=\"_blank\" rel=\"noopener\"><em>La experiencia de Jos\u00e9 Borobio en el Instituto Nacional de Colonizaci\u00f3n (1944-1977): Trece pueblos<\/em><\/a> (Trabajo Fin Master)<br \/>Docomomoiberico. <a href=\"https:\/\/docomomoiberico.com\/edificios\/pueblo-de-colonizacion-de-villafranco-del-delta\/\" target=\"_blank\" rel=\"noopener\"><em>Pueblo de colonizaci\u00f3n de Villafranco del Delta<\/em><\/a><\/p><p><strong>Llibres<br \/><\/strong>L\u00f3pez, Antoni; Fabregat, Emeteri (2008). <em>El Poble Nou, la darrera colonitzaci\u00f3 del delta de l&#8217;Ebre<\/em>. Onada Edicions.<br \/>Alag\u00f3n Laste, Jos\u00e9 Mar\u00eda (2021). <em>Los pueblos de colonizaci\u00f3n de la cuenca del Ebro: planificaci\u00f3n territorial y urban\u00edstica<\/em> (Tesis doctoral). Diputaci\u00f3n de Huesca.<\/p>\t\t\t\t\t\t\t\t<\/div>\n\t\t\t\t<\/div>\n\t\t\t\t\t<\/div>\n\t\t<\/div>\n\t\t\t\t\t<\/div>\n\t\t<\/section>\n\t\t\t\t<\/div>\n\t\t","protected":false},"excerpt":{"rendered":"<p>El Poble Nou del Delta (Tarragona) \u00e9s un poblat de colonitzaci\u00f3 agr\u00e0ria creat per l&#8217;INC, on el cicle econ\u00f2mic de l&#8217;agricultura s&#8217;ha substitu\u00eft pel cicle econ\u00f2mic del turisme. Poble Nou &#8230; <a title=\"Poble Nou del Delta, poble de colonitzaci\u00f3 (Tarragona)\" class=\"read-more\" href=\"https:\/\/www.elturistatranquil.com\/ca\/poble-nou-del-delta-tarragona\/\" aria-label=\"M\u00e9s informaci\u00f3 sobre Poble Nou del Delta, poble de colonitzaci\u00f3 (Tarragona)\">[ &#8230; ]<\/a><\/p>\n","protected":false},"author":1,"featured_media":61910,"comment_status":"open","ping_status":"closed","sticky":false,"template":"","format":"standard","meta":{"footnotes":""},"categories":[71,249,78,83,197,99,100,170,152],"tags":[],"class_list":["post-61924","post","type-post","status-publish","format-standard","has-post-thumbnail","hentry","category-arquitectura-popular-ca","category-assentments-programats","category-cultura-rural-ca","category-historia-ca","category-parc-natural","category-poble","category-pobles-i-ciutats-amb-interes","category-tarragona-ca","category-urbanisme","infinite-scroll-item","generate-columns","tablet-grid-50","mobile-grid-100","grid-parent","grid-50","no-featured-image-padding"],"yoast_head":"<!-- This site is optimized with the Yoast SEO plugin v27.4 - https:\/\/yoast.com\/product\/yoast-seo-wordpress\/ -->\n<title>Poble Nou del Delta, poble de colonitzaci\u00f3 (Tarragona) - El turista tranquil<\/title>\n<meta name=\"description\" content=\"Poble Nou del Delta (Tarragona) es un poblado de colonizaci\u00f3n agraria creado por el INC, en el que el ciclo econ\u00f3mico de la agricultura se ha sustituido por el ciclo econ\u00f3mico del turismo.\" \/>\n<meta name=\"robots\" content=\"index, follow, max-snippet:-1, max-image-preview:large, max-video-preview:-1\" \/>\n<link rel=\"canonical\" href=\"https:\/\/www.elturistatranquil.com\/ca\/poble-nou-del-delta-tarragona\/\" \/>\n<meta property=\"og:locale\" content=\"ca_ES\" \/>\n<meta property=\"og:type\" content=\"article\" \/>\n<meta property=\"og:title\" content=\"Poble Nou del Delta, poble de colonitzaci\u00f3 (Tarragona) - El turista tranquil\" \/>\n<meta property=\"og:description\" content=\"Poble Nou del Delta (Tarragona) es un poblado de colonizaci\u00f3n agraria creado por el INC, en el que el ciclo econ\u00f3mico de la agricultura se ha sustituido por el ciclo econ\u00f3mico del turismo.\" \/>\n<meta property=\"og:url\" content=\"https:\/\/www.elturistatranquil.com\/ca\/poble-nou-del-delta-tarragona\/\" \/>\n<meta property=\"og:site_name\" content=\"El turista tranquil\" \/>\n<meta property=\"article:publisher\" content=\"https:\/\/www.facebook.com\/elturistatranquilo\/\" \/>\n<meta property=\"article:published_time\" content=\"2025-09-13T18:14:57+00:00\" \/>\n<meta property=\"article:modified_time\" content=\"2025-10-06T14:53:39+00:00\" \/>\n<meta property=\"og:image\" content=\"https:\/\/www.elturistatranquil.com\/wp-content\/uploads\/F00-Poble-Nou-del-Delta-Tarragona.-Dibujo-de-Jose-Borobio.jpg\" \/>\n\t<meta property=\"og:image:width\" content=\"768\" \/>\n\t<meta property=\"og:image:height\" content=\"512\" \/>\n\t<meta property=\"og:image:type\" content=\"image\/jpeg\" \/>\n<meta name=\"author\" content=\"admin\" \/>\n<meta name=\"twitter:card\" content=\"summary_large_image\" \/>\n<meta name=\"twitter:label1\" content=\"Escrit per\" \/>\n\t<meta name=\"twitter:data1\" content=\"admin\" \/>\n\t<meta name=\"twitter:label2\" content=\"Temps estimat de lectura\" \/>\n\t<meta name=\"twitter:data2\" content=\"26 minuts\" \/>\n<script type=\"application\/ld+json\" class=\"yoast-schema-graph\">{\"@context\":\"https:\\\/\\\/schema.org\",\"@graph\":[{\"@type\":\"Article\",\"@id\":\"https:\\\/\\\/www.elturistatranquil.com\\\/ca\\\/poble-nou-del-delta-tarragona\\\/#article\",\"isPartOf\":{\"@id\":\"https:\\\/\\\/www.elturistatranquil.com\\\/ca\\\/poble-nou-del-delta-tarragona\\\/\"},\"author\":{\"name\":\"admin\",\"@id\":\"https:\\\/\\\/www.elturistatranquil.com\\\/ca\\\/#\\\/schema\\\/person\\\/16f607c3079b96ed0c530a52e6b58bb5\"},\"headline\":\"Poble Nou del Delta, poble de colonitzaci\u00f3 (Tarragona)\",\"datePublished\":\"2025-09-13T18:14:57+00:00\",\"dateModified\":\"2025-10-06T14:53:39+00:00\",\"mainEntityOfPage\":{\"@id\":\"https:\\\/\\\/www.elturistatranquil.com\\\/ca\\\/poble-nou-del-delta-tarragona\\\/\"},\"wordCount\":3264,\"commentCount\":0,\"image\":{\"@id\":\"https:\\\/\\\/www.elturistatranquil.com\\\/ca\\\/poble-nou-del-delta-tarragona\\\/#primaryimage\"},\"thumbnailUrl\":\"https:\\\/\\\/www.elturistatranquil.com\\\/wp-content\\\/uploads\\\/F00-Poble-Nou-del-Delta-Tarragona.-Dibujo-de-Jose-Borobio.jpg\",\"articleSection\":[\"Arquitectura popular\",\"Assentaments programats\",\"Cultura rural\",\"Hist\u00f2ria\",\"Parc natural\",\"Poble\",\"Pobles i ciutats amb inter\u00e9s\",\"Tarragona\",\"Urbanisme\"],\"inLanguage\":\"ca\",\"potentialAction\":[{\"@type\":\"CommentAction\",\"name\":\"Comment\",\"target\":[\"https:\\\/\\\/www.elturistatranquil.com\\\/ca\\\/poble-nou-del-delta-tarragona\\\/#respond\"]}]},{\"@type\":\"WebPage\",\"@id\":\"https:\\\/\\\/www.elturistatranquil.com\\\/ca\\\/poble-nou-del-delta-tarragona\\\/\",\"url\":\"https:\\\/\\\/www.elturistatranquil.com\\\/ca\\\/poble-nou-del-delta-tarragona\\\/\",\"name\":\"Poble Nou del Delta, poble de colonitzaci\u00f3 (Tarragona) - El turista tranquil\",\"isPartOf\":{\"@id\":\"https:\\\/\\\/www.elturistatranquil.com\\\/ca\\\/#website\"},\"primaryImageOfPage\":{\"@id\":\"https:\\\/\\\/www.elturistatranquil.com\\\/ca\\\/poble-nou-del-delta-tarragona\\\/#primaryimage\"},\"image\":{\"@id\":\"https:\\\/\\\/www.elturistatranquil.com\\\/ca\\\/poble-nou-del-delta-tarragona\\\/#primaryimage\"},\"thumbnailUrl\":\"https:\\\/\\\/www.elturistatranquil.com\\\/wp-content\\\/uploads\\\/F00-Poble-Nou-del-Delta-Tarragona.-Dibujo-de-Jose-Borobio.jpg\",\"datePublished\":\"2025-09-13T18:14:57+00:00\",\"dateModified\":\"2025-10-06T14:53:39+00:00\",\"author\":{\"@id\":\"https:\\\/\\\/www.elturistatranquil.com\\\/ca\\\/#\\\/schema\\\/person\\\/16f607c3079b96ed0c530a52e6b58bb5\"},\"description\":\"Poble Nou del Delta (Tarragona) es un poblado de colonizaci\u00f3n agraria creado por el INC, en el que el ciclo econ\u00f3mico de la agricultura se ha sustituido por el ciclo econ\u00f3mico del turismo.\",\"breadcrumb\":{\"@id\":\"https:\\\/\\\/www.elturistatranquil.com\\\/ca\\\/poble-nou-del-delta-tarragona\\\/#breadcrumb\"},\"inLanguage\":\"ca\",\"potentialAction\":[{\"@type\":\"ReadAction\",\"target\":[\"https:\\\/\\\/www.elturistatranquil.com\\\/ca\\\/poble-nou-del-delta-tarragona\\\/\"]}]},{\"@type\":\"ImageObject\",\"inLanguage\":\"ca\",\"@id\":\"https:\\\/\\\/www.elturistatranquil.com\\\/ca\\\/poble-nou-del-delta-tarragona\\\/#primaryimage\",\"url\":\"https:\\\/\\\/www.elturistatranquil.com\\\/wp-content\\\/uploads\\\/F00-Poble-Nou-del-Delta-Tarragona.-Dibujo-de-Jose-Borobio.jpg\",\"contentUrl\":\"https:\\\/\\\/www.elturistatranquil.com\\\/wp-content\\\/uploads\\\/F00-Poble-Nou-del-Delta-Tarragona.-Dibujo-de-Jose-Borobio.jpg\",\"width\":768,\"height\":512,\"caption\":\"Poble Nou del Delta, Tarragona. Dibujo de Jose Borobio\"},{\"@type\":\"BreadcrumbList\",\"@id\":\"https:\\\/\\\/www.elturistatranquil.com\\\/ca\\\/poble-nou-del-delta-tarragona\\\/#breadcrumb\",\"itemListElement\":[{\"@type\":\"ListItem\",\"position\":1,\"name\":\"Portada\",\"item\":\"https:\\\/\\\/www.elturistatranquil.com\\\/ca\\\/\"},{\"@type\":\"ListItem\",\"position\":2,\"name\":\"Poble Nou del Delta, poble de colonitzaci\u00f3 (Tarragona)\"}]},{\"@type\":\"WebSite\",\"@id\":\"https:\\\/\\\/www.elturistatranquil.com\\\/ca\\\/#website\",\"url\":\"https:\\\/\\\/www.elturistatranquil.com\\\/ca\\\/\",\"name\":\"El turista tranquil\",\"description\":\"Blog de viatges\",\"potentialAction\":[{\"@type\":\"SearchAction\",\"target\":{\"@type\":\"EntryPoint\",\"urlTemplate\":\"https:\\\/\\\/www.elturistatranquil.com\\\/ca\\\/?s={search_term_string}\"},\"query-input\":{\"@type\":\"PropertyValueSpecification\",\"valueRequired\":true,\"valueName\":\"search_term_string\"}}],\"inLanguage\":\"ca\"},{\"@type\":\"Person\",\"@id\":\"https:\\\/\\\/www.elturistatranquil.com\\\/ca\\\/#\\\/schema\\\/person\\\/16f607c3079b96ed0c530a52e6b58bb5\",\"name\":\"admin\",\"image\":{\"@type\":\"ImageObject\",\"inLanguage\":\"ca\",\"@id\":\"https:\\\/\\\/secure.gravatar.com\\\/avatar\\\/1fbaf22aee75fcbb29a2f97b107f95d25d3a19b7c3416105be10269872673e8d?s=96&d=mm&r=g\",\"url\":\"https:\\\/\\\/secure.gravatar.com\\\/avatar\\\/1fbaf22aee75fcbb29a2f97b107f95d25d3a19b7c3416105be10269872673e8d?s=96&d=mm&r=g\",\"contentUrl\":\"https:\\\/\\\/secure.gravatar.com\\\/avatar\\\/1fbaf22aee75fcbb29a2f97b107f95d25d3a19b7c3416105be10269872673e8d?s=96&d=mm&r=g\",\"caption\":\"admin\"}}]}<\/script>\n<!-- \/ Yoast SEO plugin. -->","yoast_head_json":{"title":"Poble Nou del Delta, poble de colonitzaci\u00f3 (Tarragona) - El turista tranquil","description":"Poble Nou del Delta (Tarragona) es un poblado de colonizaci\u00f3n agraria creado por el INC, en el que el ciclo econ\u00f3mico de la agricultura se ha sustituido por el ciclo econ\u00f3mico del turismo.","robots":{"index":"index","follow":"follow","max-snippet":"max-snippet:-1","max-image-preview":"max-image-preview:large","max-video-preview":"max-video-preview:-1"},"canonical":"https:\/\/www.elturistatranquil.com\/ca\/poble-nou-del-delta-tarragona\/","og_locale":"ca_ES","og_type":"article","og_title":"Poble Nou del Delta, poble de colonitzaci\u00f3 (Tarragona) - El turista tranquil","og_description":"Poble Nou del Delta (Tarragona) es un poblado de colonizaci\u00f3n agraria creado por el INC, en el que el ciclo econ\u00f3mico de la agricultura se ha sustituido por el ciclo econ\u00f3mico del turismo.","og_url":"https:\/\/www.elturistatranquil.com\/ca\/poble-nou-del-delta-tarragona\/","og_site_name":"El turista tranquil","article_publisher":"https:\/\/www.facebook.com\/elturistatranquilo\/","article_published_time":"2025-09-13T18:14:57+00:00","article_modified_time":"2025-10-06T14:53:39+00:00","og_image":[{"width":768,"height":512,"url":"https:\/\/www.elturistatranquil.com\/wp-content\/uploads\/F00-Poble-Nou-del-Delta-Tarragona.-Dibujo-de-Jose-Borobio.jpg","type":"image\/jpeg"}],"author":"admin","twitter_card":"summary_large_image","twitter_misc":{"Escrit per":"admin","Temps estimat de lectura":"26 minuts"},"schema":{"@context":"https:\/\/schema.org","@graph":[{"@type":"Article","@id":"https:\/\/www.elturistatranquil.com\/ca\/poble-nou-del-delta-tarragona\/#article","isPartOf":{"@id":"https:\/\/www.elturistatranquil.com\/ca\/poble-nou-del-delta-tarragona\/"},"author":{"name":"admin","@id":"https:\/\/www.elturistatranquil.com\/ca\/#\/schema\/person\/16f607c3079b96ed0c530a52e6b58bb5"},"headline":"Poble Nou del Delta, poble de colonitzaci\u00f3 (Tarragona)","datePublished":"2025-09-13T18:14:57+00:00","dateModified":"2025-10-06T14:53:39+00:00","mainEntityOfPage":{"@id":"https:\/\/www.elturistatranquil.com\/ca\/poble-nou-del-delta-tarragona\/"},"wordCount":3264,"commentCount":0,"image":{"@id":"https:\/\/www.elturistatranquil.com\/ca\/poble-nou-del-delta-tarragona\/#primaryimage"},"thumbnailUrl":"https:\/\/www.elturistatranquil.com\/wp-content\/uploads\/F00-Poble-Nou-del-Delta-Tarragona.-Dibujo-de-Jose-Borobio.jpg","articleSection":["Arquitectura popular","Assentaments programats","Cultura rural","Hist\u00f2ria","Parc natural","Poble","Pobles i ciutats amb inter\u00e9s","Tarragona","Urbanisme"],"inLanguage":"ca","potentialAction":[{"@type":"CommentAction","name":"Comment","target":["https:\/\/www.elturistatranquil.com\/ca\/poble-nou-del-delta-tarragona\/#respond"]}]},{"@type":"WebPage","@id":"https:\/\/www.elturistatranquil.com\/ca\/poble-nou-del-delta-tarragona\/","url":"https:\/\/www.elturistatranquil.com\/ca\/poble-nou-del-delta-tarragona\/","name":"Poble Nou del Delta, poble de colonitzaci\u00f3 (Tarragona) - El turista tranquil","isPartOf":{"@id":"https:\/\/www.elturistatranquil.com\/ca\/#website"},"primaryImageOfPage":{"@id":"https:\/\/www.elturistatranquil.com\/ca\/poble-nou-del-delta-tarragona\/#primaryimage"},"image":{"@id":"https:\/\/www.elturistatranquil.com\/ca\/poble-nou-del-delta-tarragona\/#primaryimage"},"thumbnailUrl":"https:\/\/www.elturistatranquil.com\/wp-content\/uploads\/F00-Poble-Nou-del-Delta-Tarragona.-Dibujo-de-Jose-Borobio.jpg","datePublished":"2025-09-13T18:14:57+00:00","dateModified":"2025-10-06T14:53:39+00:00","author":{"@id":"https:\/\/www.elturistatranquil.com\/ca\/#\/schema\/person\/16f607c3079b96ed0c530a52e6b58bb5"},"description":"Poble Nou del Delta (Tarragona) es un poblado de colonizaci\u00f3n agraria creado por el INC, en el que el ciclo econ\u00f3mico de la agricultura se ha sustituido por el ciclo econ\u00f3mico del turismo.","breadcrumb":{"@id":"https:\/\/www.elturistatranquil.com\/ca\/poble-nou-del-delta-tarragona\/#breadcrumb"},"inLanguage":"ca","potentialAction":[{"@type":"ReadAction","target":["https:\/\/www.elturistatranquil.com\/ca\/poble-nou-del-delta-tarragona\/"]}]},{"@type":"ImageObject","inLanguage":"ca","@id":"https:\/\/www.elturistatranquil.com\/ca\/poble-nou-del-delta-tarragona\/#primaryimage","url":"https:\/\/www.elturistatranquil.com\/wp-content\/uploads\/F00-Poble-Nou-del-Delta-Tarragona.-Dibujo-de-Jose-Borobio.jpg","contentUrl":"https:\/\/www.elturistatranquil.com\/wp-content\/uploads\/F00-Poble-Nou-del-Delta-Tarragona.-Dibujo-de-Jose-Borobio.jpg","width":768,"height":512,"caption":"Poble Nou del Delta, Tarragona. Dibujo de Jose Borobio"},{"@type":"BreadcrumbList","@id":"https:\/\/www.elturistatranquil.com\/ca\/poble-nou-del-delta-tarragona\/#breadcrumb","itemListElement":[{"@type":"ListItem","position":1,"name":"Portada","item":"https:\/\/www.elturistatranquil.com\/ca\/"},{"@type":"ListItem","position":2,"name":"Poble Nou del Delta, poble de colonitzaci\u00f3 (Tarragona)"}]},{"@type":"WebSite","@id":"https:\/\/www.elturistatranquil.com\/ca\/#website","url":"https:\/\/www.elturistatranquil.com\/ca\/","name":"El turista tranquil","description":"Blog de viatges","potentialAction":[{"@type":"SearchAction","target":{"@type":"EntryPoint","urlTemplate":"https:\/\/www.elturistatranquil.com\/ca\/?s={search_term_string}"},"query-input":{"@type":"PropertyValueSpecification","valueRequired":true,"valueName":"search_term_string"}}],"inLanguage":"ca"},{"@type":"Person","@id":"https:\/\/www.elturistatranquil.com\/ca\/#\/schema\/person\/16f607c3079b96ed0c530a52e6b58bb5","name":"admin","image":{"@type":"ImageObject","inLanguage":"ca","@id":"https:\/\/secure.gravatar.com\/avatar\/1fbaf22aee75fcbb29a2f97b107f95d25d3a19b7c3416105be10269872673e8d?s=96&d=mm&r=g","url":"https:\/\/secure.gravatar.com\/avatar\/1fbaf22aee75fcbb29a2f97b107f95d25d3a19b7c3416105be10269872673e8d?s=96&d=mm&r=g","contentUrl":"https:\/\/secure.gravatar.com\/avatar\/1fbaf22aee75fcbb29a2f97b107f95d25d3a19b7c3416105be10269872673e8d?s=96&d=mm&r=g","caption":"admin"}}]}},"_links":{"self":[{"href":"https:\/\/www.elturistatranquil.com\/ca\/wp-json\/wp\/v2\/posts\/61924","targetHints":{"allow":["GET"]}}],"collection":[{"href":"https:\/\/www.elturistatranquil.com\/ca\/wp-json\/wp\/v2\/posts"}],"about":[{"href":"https:\/\/www.elturistatranquil.com\/ca\/wp-json\/wp\/v2\/types\/post"}],"author":[{"embeddable":true,"href":"https:\/\/www.elturistatranquil.com\/ca\/wp-json\/wp\/v2\/users\/1"}],"replies":[{"embeddable":true,"href":"https:\/\/www.elturistatranquil.com\/ca\/wp-json\/wp\/v2\/comments?post=61924"}],"version-history":[{"count":14,"href":"https:\/\/www.elturistatranquil.com\/ca\/wp-json\/wp\/v2\/posts\/61924\/revisions"}],"predecessor-version":[{"id":62158,"href":"https:\/\/www.elturistatranquil.com\/ca\/wp-json\/wp\/v2\/posts\/61924\/revisions\/62158"}],"wp:featuredmedia":[{"embeddable":true,"href":"https:\/\/www.elturistatranquil.com\/ca\/wp-json\/wp\/v2\/media\/61910"}],"wp:attachment":[{"href":"https:\/\/www.elturistatranquil.com\/ca\/wp-json\/wp\/v2\/media?parent=61924"}],"wp:term":[{"taxonomy":"category","embeddable":true,"href":"https:\/\/www.elturistatranquil.com\/ca\/wp-json\/wp\/v2\/categories?post=61924"},{"taxonomy":"post_tag","embeddable":true,"href":"https:\/\/www.elturistatranquil.com\/ca\/wp-json\/wp\/v2\/tags?post=61924"}],"curies":[{"name":"wp","href":"https:\/\/api.w.org\/{rel}","templated":true}]}}