{"id":62520,"date":"2025-10-25T20:02:33","date_gmt":"2025-10-25T18:02:33","guid":{"rendered":"https:\/\/www.elturistatranquil.com\/?p=62520"},"modified":"2025-11-14T12:15:27","modified_gmt":"2025-11-14T11:15:27","slug":"muralla-romanica-davila","status":"publish","type":"post","link":"https:\/\/www.elturistatranquil.com\/ca\/muralla-romanica-davila\/","title":{"rendered":"Muralla rom\u00e0nica d\u2019\u00c0vila"},"content":{"rendered":"\t\t<div data-elementor-type=\"wp-post\" data-elementor-id=\"62520\" class=\"elementor elementor-62520 elementor-62174\" data-elementor-post-type=\"post\">\n\t\t\t\t\t\t<section class=\"elementor-section elementor-top-section elementor-element elementor-element-556bbeaa elementor-section-boxed elementor-section-height-default elementor-section-height-default\" data-id=\"556bbeaa\" data-element_type=\"section\" data-e-type=\"section\">\n\t\t\t\t\t\t<div class=\"elementor-container elementor-column-gap-default\">\n\t\t\t\t\t<div class=\"elementor-column elementor-col-100 elementor-top-column elementor-element elementor-element-4fc6975f\" data-id=\"4fc6975f\" data-element_type=\"column\" data-e-type=\"column\">\n\t\t\t<div class=\"elementor-widget-wrap elementor-element-populated\">\n\t\t\t\t\t\t<section class=\"elementor-section elementor-inner-section elementor-element elementor-element-772e53f0 elementor-section-content-middle elementor-section-boxed elementor-section-height-default elementor-section-height-default\" data-id=\"772e53f0\" data-element_type=\"section\" data-e-type=\"section\">\n\t\t\t\t\t\t<div class=\"elementor-container elementor-column-gap-default\">\n\t\t\t\t\t<div class=\"elementor-column elementor-col-100 elementor-inner-column elementor-element elementor-element-54a056e2\" data-id=\"54a056e2\" data-element_type=\"column\" data-e-type=\"column\">\n\t\t\t<div class=\"elementor-widget-wrap elementor-element-populated\">\n\t\t\t\t\t\t<div class=\"elementor-element elementor-element-32166e4e elementor-widget elementor-widget-text-editor\" data-id=\"32166e4e\" data-element_type=\"widget\" data-e-type=\"widget\" data-widget_type=\"text-editor.default\">\n\t\t\t\t<div class=\"elementor-widget-container\">\n\t\t\t\t\t\t\t\t\t<p>La <strong>muralla rom\u00e0nica d\u00b4\u00c0vila<\/strong> ha merescut formar part del Patrimoni Mundial per la UNESCO. Efectuem un recorregut per tot el per\u00edmetre i per l&#8217;adarb.<\/p>\t\t\t\t\t\t\t\t<\/div>\n\t\t\t\t<\/div>\n\t\t\t\t\t<\/div>\n\t\t<\/div>\n\t\t\t\t\t<\/div>\n\t\t<\/section>\n\t\t\t\t<div class=\"elementor-element elementor-element-22267ba3 elementor-widget elementor-widget-heading\" data-id=\"22267ba3\" data-element_type=\"widget\" data-e-type=\"widget\" data-widget_type=\"heading.default\">\n\t\t\t\t<div class=\"elementor-widget-container\">\n\t\t\t\t\t<h1 class=\"elementor-heading-title elementor-size-default\">Muralla rom\u00e0nica d\u2019\u00c0vila <\/h1>\t\t\t\t<\/div>\n\t\t\t\t<\/div>\n\t\t\t\t\t<\/div>\n\t\t<\/div>\n\t\t\t\t\t<\/div>\n\t\t<\/section>\n\t\t\t\t<section class=\"elementor-section elementor-top-section elementor-element elementor-element-41b1d5af elementor-section-boxed elementor-section-height-default elementor-section-height-default\" data-id=\"41b1d5af\" data-element_type=\"section\" data-e-type=\"section\">\n\t\t\t\t\t\t<div class=\"elementor-container elementor-column-gap-default\">\n\t\t\t\t\t<div class=\"elementor-column elementor-col-100 elementor-top-column elementor-element elementor-element-1f111447\" data-id=\"1f111447\" data-element_type=\"column\" data-e-type=\"column\">\n\t\t\t<div class=\"elementor-widget-wrap elementor-element-populated\">\n\t\t\t\t\t\t<div class=\"elementor-element elementor-element-2278d7bb elementor-widget elementor-widget-image\" data-id=\"2278d7bb\" data-element_type=\"widget\" data-e-type=\"widget\" data-widget_type=\"image.default\">\n\t\t\t\t<div class=\"elementor-widget-container\">\n\t\t\t\t\t\t\t\t\t\t\t\t<figure class=\"wp-caption\">\n\t\t\t\t\t\t\t\t\t\t<img fetchpriority=\"high\" decoding=\"async\" width=\"768\" height=\"512\" src=\"https:\/\/www.elturistatranquil.com\/wp-content\/uploads\/F01-Avila-recinto-amurallado-Google-earth-2025-09-04.jpg\" class=\"attachment-large size-large wp-image-62189\" alt=\"Muralla de Avila\" srcset=\"https:\/\/www.elturistatranquil.com\/wp-content\/uploads\/F01-Avila-recinto-amurallado-Google-earth-2025-09-04.jpg 768w, https:\/\/www.elturistatranquil.com\/wp-content\/uploads\/F01-Avila-recinto-amurallado-Google-earth-2025-09-04-339x226.jpg 339w\" sizes=\"(max-width: 768px) 100vw, 768px\" \/>\t\t\t\t\t\t\t\t\t\t\t<figcaption class=\"widget-image-caption wp-caption-text\">\u00c0vila recinte emmurallat (Google Earth 2025-09-04<\/figcaption>\n\t\t\t\t\t\t\t\t\t\t<\/figure>\n\t\t\t\t\t\t\t\t\t<\/div>\n\t\t\t\t<\/div>\n\t\t\t\t<section class=\"elementor-section elementor-inner-section elementor-element elementor-element-f5ed24a elementor-section-boxed elementor-section-height-default elementor-section-height-default\" data-id=\"f5ed24a\" data-element_type=\"section\" data-e-type=\"section\" data-settings=\"{&quot;background_background&quot;:&quot;classic&quot;}\">\n\t\t\t\t\t\t\t<div class=\"elementor-background-overlay\"><\/div>\n\t\t\t\t\t\t\t<div class=\"elementor-container elementor-column-gap-default\">\n\t\t\t\t\t<div class=\"elementor-column elementor-col-100 elementor-inner-column elementor-element elementor-element-53f6b643\" data-id=\"53f6b643\" data-element_type=\"column\" data-e-type=\"column\" data-settings=\"{&quot;background_background&quot;:&quot;classic&quot;}\">\n\t\t\t<div class=\"elementor-widget-wrap elementor-element-populated\">\n\t\t\t\t\t\t<div class=\"elementor-element elementor-element-33c9597d elementor-widget elementor-widget-text-editor\" data-id=\"33c9597d\" data-element_type=\"widget\" data-e-type=\"widget\" data-widget_type=\"text-editor.default\">\n\t\t\t\t<div class=\"elementor-widget-container\">\n\t\t\t\t\t\t\t\t\t<p>\u00c0vila. Comarca: Comarca d\u2019\u00c0vila. Prov\u00edncia: \u00c0vila. Com. Aut\u00f2noma: Castella i Lle\u00f3<br \/>Coordenades: 40\u00b039&#8217;20&#8243;N 4\u00b041&#8217;50&#8243;O. Altitud: 1.130 msnm. Poblaci\u00f3: 58.111 habitants (2024)<br \/>Web: <a href=\"https:\/\/muralladeavila.com\/es\/\" target=\"_blank\" rel=\"noopener\">muralladeavila<\/a><br \/><a href=\"https:\/\/whc.unesco.org\/es\/list\/348\" target=\"_blank\" rel=\"noopener\"><em>Ciutat Patrimoni Mundial per la UNESCO<\/em><\/a> (1985)<br \/>Visita: 2025<\/p>\t\t\t\t\t\t\t\t<\/div>\n\t\t\t\t<\/div>\n\t\t\t\t\t<\/div>\n\t\t<\/div>\n\t\t\t\t\t<\/div>\n\t\t<\/section>\n\t\t\t\t<div class=\"elementor-element elementor-element-2af465e4 elementor-widget elementor-widget-image\" data-id=\"2af465e4\" data-element_type=\"widget\" data-e-type=\"widget\" data-widget_type=\"image.default\">\n\t\t\t\t<div class=\"elementor-widget-container\">\n\t\t\t\t\t\t\t\t\t\t\t\t<figure class=\"wp-caption\">\n\t\t\t\t\t\t\t\t\t\t<img decoding=\"async\" width=\"768\" height=\"512\" src=\"https:\/\/www.elturistatranquil.com\/wp-content\/uploads\/F02c-Mapa-de-situacio-dAvila-Google-maps-2025-07-30.jpg\" class=\"attachment-medium_large size-medium_large wp-image-62522\" alt=\"Muralla d&#039;Avila\" srcset=\"https:\/\/www.elturistatranquil.com\/wp-content\/uploads\/F02c-Mapa-de-situacio-dAvila-Google-maps-2025-07-30.jpg 768w, https:\/\/www.elturistatranquil.com\/wp-content\/uploads\/F02c-Mapa-de-situacio-dAvila-Google-maps-2025-07-30-339x226.jpg 339w\" sizes=\"(max-width: 768px) 100vw, 768px\" \/>\t\t\t\t\t\t\t\t\t\t\t<figcaption class=\"widget-image-caption wp-caption-text\">Mapa de situaci\u00f3 d'\u00c0vila (Google Maps 2025-07-30)<\/figcaption>\n\t\t\t\t\t\t\t\t\t\t<\/figure>\n\t\t\t\t\t\t\t\t\t<\/div>\n\t\t\t\t<\/div>\n\t\t\t\t<div class=\"elementor-element elementor-element-a7eb97d elementor-widget elementor-widget-spacer\" data-id=\"a7eb97d\" data-element_type=\"widget\" data-e-type=\"widget\" data-widget_type=\"spacer.default\">\n\t\t\t\t<div class=\"elementor-widget-container\">\n\t\t\t\t\t\t\t<div class=\"elementor-spacer\">\n\t\t\t<div class=\"elementor-spacer-inner\"><\/div>\n\t\t<\/div>\n\t\t\t\t\t\t<\/div>\n\t\t\t\t<\/div>\n\t\t\t\t<div class=\"elementor-element elementor-element-795f5195 elementor-toc--minimized-on-tablet elementor-widget elementor-widget-table-of-contents\" data-id=\"795f5195\" data-element_type=\"widget\" data-e-type=\"widget\" data-settings=\"{&quot;headings_by_tags&quot;:[&quot;h2&quot;,&quot;h3&quot;,&quot;h4&quot;],&quot;marker_view&quot;:&quot;bullets&quot;,&quot;icon&quot;:{&quot;value&quot;:&quot;&quot;,&quot;library&quot;:&quot;&quot;},&quot;no_headings_message&quot;:&quot;No se ha encontrado ning\\u00fan encabezado en esta p\\u00e1gina.&quot;,&quot;minimize_box&quot;:&quot;yes&quot;,&quot;minimized_on&quot;:&quot;tablet&quot;,&quot;hierarchical_view&quot;:&quot;yes&quot;,&quot;min_height&quot;:{&quot;unit&quot;:&quot;px&quot;,&quot;size&quot;:&quot;&quot;,&quot;sizes&quot;:[]},&quot;min_height_tablet&quot;:{&quot;unit&quot;:&quot;px&quot;,&quot;size&quot;:&quot;&quot;,&quot;sizes&quot;:[]},&quot;min_height_mobile&quot;:{&quot;unit&quot;:&quot;px&quot;,&quot;size&quot;:&quot;&quot;,&quot;sizes&quot;:[]}}\" data-widget_type=\"table-of-contents.default\">\n\t\t\t\t<div class=\"elementor-widget-container\">\n\t\t\t\t\t\t\t\t\t<div class=\"elementor-toc__header\">\n\t\t\t\t\t\t<h4 class=\"elementor-toc__header-title\">\n\t\t\t\t\u00cdndex\t\t\t<\/h4>\n\t\t\t\t\t\t\t\t\t\t<div class=\"elementor-toc__toggle-button elementor-toc__toggle-button--expand\" role=\"button\" tabindex=\"0\" aria-controls=\"elementor-toc__795f5195\" aria-expanded=\"true\" aria-label=\"Open table of contents\"><i aria-hidden=\"true\" class=\"fas fa-chevron-down\"><\/i><\/div>\n\t\t\t\t<div class=\"elementor-toc__toggle-button elementor-toc__toggle-button--collapse\" role=\"button\" tabindex=\"0\" aria-controls=\"elementor-toc__795f5195\" aria-expanded=\"true\" aria-label=\"Close table of contents\"><i aria-hidden=\"true\" class=\"fas fa-chevron-up\"><\/i><\/div>\n\t\t\t\t\t<\/div>\n\t\t\t\t<div id=\"elementor-toc__795f5195\" class=\"elementor-toc__body\">\n\t\t\t<div class=\"elementor-toc__spinner-container\">\n\t\t\t\t<i class=\"elementor-toc__spinner eicon-animation-spin eicon-loading\" aria-hidden=\"true\"><\/i>\t\t\t<\/div>\n\t\t<\/div>\n\t\t\t\t\t\t<\/div>\n\t\t\t\t<\/div>\n\t\t\t\t<div class=\"elementor-element elementor-element-351f23d1 elementor-widget elementor-widget-menu-anchor\" data-id=\"351f23d1\" data-element_type=\"widget\" data-e-type=\"widget\" data-widget_type=\"menu-anchor.default\">\n\t\t\t\t<div class=\"elementor-widget-container\">\n\t\t\t\t\t\t\t<div class=\"elementor-menu-anchor\" id=\"a0101-EnlaceaunpuntodentrodelPost\"><\/div>\n\t\t\t\t\t\t<\/div>\n\t\t\t\t<\/div>\n\t\t\t\t<div class=\"elementor-element elementor-element-68165af0 elementor-widget elementor-widget-spacer\" data-id=\"68165af0\" data-element_type=\"widget\" data-e-type=\"widget\" data-widget_type=\"spacer.default\">\n\t\t\t\t<div class=\"elementor-widget-container\">\n\t\t\t\t\t\t\t<div class=\"elementor-spacer\">\n\t\t\t<div class=\"elementor-spacer-inner\"><\/div>\n\t\t<\/div>\n\t\t\t\t\t\t<\/div>\n\t\t\t\t<\/div>\n\t\t\t\t<div class=\"elementor-element elementor-element-4ed51adb elementor-widget elementor-widget-heading\" data-id=\"4ed51adb\" data-element_type=\"widget\" data-e-type=\"widget\" data-widget_type=\"heading.default\">\n\t\t\t\t<div class=\"elementor-widget-container\">\n\t\t\t\t\t<h2 class=\"elementor-heading-title elementor-size-default\">Muralla rom\u00e0nica d\u2019\u00c0vila<\/h2>\t\t\t\t<\/div>\n\t\t\t\t<\/div>\n\t\t\t\t<div class=\"elementor-element elementor-element-22286d5a elementor-widget elementor-widget-text-editor\" data-id=\"22286d5a\" data-element_type=\"widget\" data-e-type=\"widget\" data-widget_type=\"text-editor.default\">\n\t\t\t\t<div class=\"elementor-widget-container\">\n\t\t\t\t\t\t\t\t\t<p>La <strong>muralla rom\u00e0nica d\u2019\u00c0vila<\/strong> \u00e9s un extens recinte fortificat d\u2019origen medieval que envolta completament el nucli hist\u00f2ric de la ciutat d\u2019\u00c0vila. Es tracta del monument m\u00e9s emblem\u00e0tic d\u2019\u00c0vila i d\u2019un dels recintes emmurallats millor conservats d\u2019Europa.<\/p><p>La seva extraordin\u00e0ria integritat i el valor hist\u00f2ric-art\u00edstic d\u2019\u00c0vila van portar que, l\u2019any 1985, la <strong>UNESCO<\/strong> inscrigu\u00e9s la <strong><em>Ciutat vella d\u2019\u00c0vila i esgl\u00e9sies extramurs<\/em><\/strong> a la llista de <strong>Patrimoni Mundial<\/strong>.<\/p><p>La declaraci\u00f3 es fonamenta en dos criteris principals: el (iii), que reconeix \u00c0vila com a testimoni excepcional d\u2019una civilitzaci\u00f3 desapareguda, i el (iv), que subratlla la seva condici\u00f3 d\u2019exemple sobresortint d\u2019arquitectura militar medieval representativa de la repoblaci\u00f3 de Castella despr\u00e9s de la reconquesta de Toledo. Alhora, es valora l\u2019excepcional conservaci\u00f3, la densitat monumental i la integraci\u00f3 d\u2019elements civils i religiosos dins i fora del recinte emmurallat que situen \u00c0vila com a referent universal de ciutat fortificada medieval.<\/p><p>Sens dubte, l\u2019element patrimonial m\u00e9s destacat del conjunt \u00e9s la integritat de la seva muralla.<\/p>\t\t\t\t\t\t\t\t<\/div>\n\t\t\t\t<\/div>\n\t\t\t\t<div class=\"elementor-element elementor-element-7b3c2d7d elementor-widget elementor-widget-image\" data-id=\"7b3c2d7d\" data-element_type=\"widget\" data-e-type=\"widget\" data-widget_type=\"image.default\">\n\t\t\t\t<div class=\"elementor-widget-container\">\n\t\t\t\t\t\t\t\t\t\t\t\t<figure class=\"wp-caption\">\n\t\t\t\t\t\t\t\t\t\t<img decoding=\"async\" width=\"768\" height=\"512\" src=\"https:\/\/www.elturistatranquil.com\/wp-content\/uploads\/F03-Avila.-Plano-pagina-Patrimonio-Mundial-UNESCO.jpg\" class=\"attachment-large size-large wp-image-62193\" alt=\"Muralla de Avila\" srcset=\"https:\/\/www.elturistatranquil.com\/wp-content\/uploads\/F03-Avila.-Plano-pagina-Patrimonio-Mundial-UNESCO.jpg 768w, https:\/\/www.elturistatranquil.com\/wp-content\/uploads\/F03-Avila.-Plano-pagina-Patrimonio-Mundial-UNESCO-339x226.jpg 339w\" sizes=\"(max-width: 768px) 100vw, 768px\" \/>\t\t\t\t\t\t\t\t\t\t\t<figcaption class=\"widget-image-caption wp-caption-text\">Pl\u00e0nol que acompanya la inscripci\u00f3 de la \u201cCiutat vella d\u2019\u00c0vila i esgl\u00e9sies extramurs\u201d amb indicaci\u00f3 dels llocs inclosos al cat\u00e0leg assenyalats en \u00e0rees vermelles i punts grocs (https:\/\/whc.unesco.org\/en\/list\/348) <\/figcaption>\n\t\t\t\t\t\t\t\t\t\t<\/figure>\n\t\t\t\t\t\t\t\t\t<\/div>\n\t\t\t\t<\/div>\n\t\t\t\t<div class=\"elementor-element elementor-element-4503e632 elementor-widget elementor-widget-heading\" data-id=\"4503e632\" data-element_type=\"widget\" data-e-type=\"widget\" data-widget_type=\"heading.default\">\n\t\t\t\t<div class=\"elementor-widget-container\">\n\t\t\t\t\t<h2 class=\"elementor-heading-title elementor-size-default\">Una mica d\u2019hist\u00f2ria<\/h2>\t\t\t\t<\/div>\n\t\t\t\t<\/div>\n\t\t\t\t<div class=\"elementor-element elementor-element-41b0bc44 elementor-widget elementor-widget-text-editor\" data-id=\"41b0bc44\" data-element_type=\"widget\" data-e-type=\"widget\" data-widget_type=\"text-editor.default\">\n\t\t\t\t<div class=\"elementor-widget-container\">\n\t\t\t\t\t\t\t\t\t<p>L\u2019origen d\u2019\u00c0vila es remunta a la prehist\u00f2ria, de la qual s\u2019han trobat indicis a la zona. Ja dins del primer mil\u00b7lenni aC, fou poblada pels vetons.<\/p><p>En \u00e8poca romana, encara que la ciutat romana (possiblement identificada amb la <em>Obila<\/em> esmentada per Ptolemeu) no assol\u00ed una gran dimensi\u00f3, \u00e9s probable que exist\u00eds aleshores alguna muralla primitiva de per\u00edmetre menor que l\u2019actual \u2014potser una empallissada o tanca modesta\u2014, destinada a protegir un nucli rom\u00e0-vet\u00f3 a la meitat oriental del tur\u00f3. No es conserven trams definits d\u2019aquesta hipot\u00e8tica tanca anterior, per\u00f2 excavacions prop de la porta de San Vicente i del Alc\u00e1zar van trobar indicis de murs antics i escultures zoomorfes vetones (verracos) <em>in situ<\/em>, cosa que suggereix l\u2019exist\u00e8ncia d\u2019un acc\u00e9s fortificat ja en \u00e8poca cl\u00e0ssica.<\/p><p>Durant els segles de dominaci\u00f3 musulmana la ciutat va perdre poblaci\u00f3 i probablement les defenses quedaren redu\u00efdes o enrunades fins a l\u2019ocupaci\u00f3 cristiana.<\/p>\t\t\t\t\t\t\t\t<\/div>\n\t\t\t\t<\/div>\n\t\t\t\t<div class=\"elementor-element elementor-element-21c82b95 elementor-widget elementor-widget-heading\" data-id=\"21c82b95\" data-element_type=\"widget\" data-e-type=\"widget\" data-widget_type=\"heading.default\">\n\t\t\t\t<div class=\"elementor-widget-container\">\n\t\t\t\t\t<h4 class=\"elementor-heading-title elementor-size-default\">La construcci\u00f3 de la muralla medieval d\u2019\u00c0vila<\/h4>\t\t\t\t<\/div>\n\t\t\t\t<\/div>\n\t\t\t\t<div class=\"elementor-element elementor-element-2be5c40 elementor-widget elementor-widget-text-editor\" data-id=\"2be5c40\" data-element_type=\"widget\" data-e-type=\"widget\" data-widget_type=\"text-editor.default\">\n\t\t\t\t<div class=\"elementor-widget-container\">\n\t\t\t\t\t\t\t\t\t<p>La construcci\u00f3 de la muralla s\u2019emmarca en la campanya de repoblaci\u00f3 de la frontera central de Castella encetada a finals segle XI. Cap als anys 1088-1090, despr\u00e9s de la conquesta de Toledo, el rei Alfonso VI encarreg\u00e0 al seu gendre el comte Raimundo de Borgo\u00f1a la fortificaci\u00f3 de diverses places estrat\u00e8giques \u2014entre elles \u00c0vila, Seg\u00f2via i Salamanca\u2014 per assegurar els territoris acabats de guanyar.<\/p><p>\u00c9s possible que els repobladors aprofitessin trams d\u2019antigues defenses<\/p><p>Fins i tot el tra\u00e7at d\u2019un campament rom\u00e0) en al\u00e7ar la nova tanca medieval, per\u00f2 en qualsevol cas la muralla adquir\u00ed el seu per\u00edmetre actual d\u2019uns 2,5 km en aquella \u00e8poca, consolidant-se com a element indispensable de la ciutat.<\/p><p>Durant els segles medievals posteriors, la muralla es mantingu\u00e9 en \u00fas constant i fou objecte de reparacions i millores.<\/p><p>A finals segle XIII i al segle XIV, davant els aven\u00e7os en t\u00e8cniques militars, s\u2019emprengueren refor\u00e7os significatius: s\u2019al\u00e7aren alguns llen\u00e7os fins a l\u2019al\u00e7ada de les torres (arribant en certs punts als 15 metres) i es renov\u00e0 la protecci\u00f3 de les portes. En aquest per\u00edode s\u2019afegiren elements defensius addicionals, com barbacanes davant les entrades m\u00e9s exposades, i s\u2019adaptaren parts de la muralla a l\u2019\u00fas de les primeres armes de foc (espitlleres per a arcabussos, etc.). Un element tardo-medieval afegit fou l\u2019imponent absis fortificat de la Catedral (cimorro), que a finals del segle XIV es recobr\u00ed amb un folre petri i merlets per donar-li aspecte de torrassa militar, integrant-lo plenament en el sistema defensiu de la muralla.<\/p>\t\t\t\t\t\t\t\t<\/div>\n\t\t\t\t<\/div>\n\t\t\t\t<div class=\"elementor-element elementor-element-38f3ba2 elementor-widget elementor-widget-image\" data-id=\"38f3ba2\" data-element_type=\"widget\" data-e-type=\"widget\" data-widget_type=\"image.default\">\n\t\t\t\t<div class=\"elementor-widget-container\">\n\t\t\t\t\t\t\t\t\t\t\t\t<figure class=\"wp-caption\">\n\t\t\t\t\t\t\t\t\t\t<img loading=\"lazy\" decoding=\"async\" width=\"768\" height=\"343\" src=\"https:\/\/www.elturistatranquil.com\/wp-content\/uploads\/F04-F04-Vista-de-Avila-dibujo-de-Anton-van-den-Wyngaerde-1570.jpg\" class=\"attachment-large size-large wp-image-62195\" alt=\"Muralla de Avila\" srcset=\"https:\/\/www.elturistatranquil.com\/wp-content\/uploads\/F04-F04-Vista-de-Avila-dibujo-de-Anton-van-den-Wyngaerde-1570.jpg 768w, https:\/\/www.elturistatranquil.com\/wp-content\/uploads\/F04-F04-Vista-de-Avila-dibujo-de-Anton-van-den-Wyngaerde-1570-339x151.jpg 339w\" sizes=\"(max-width: 768px) 100vw, 768px\" \/>\t\t\t\t\t\t\t\t\t\t\t<figcaption class=\"widget-image-caption wp-caption-text\">Vista d\u2019\u00c0vila, dibuix d\u2019Anton van den Wyngaerde, 1570<\/figcaption>\n\t\t\t\t\t\t\t\t\t\t<\/figure>\n\t\t\t\t\t\t\t\t\t<\/div>\n\t\t\t\t<\/div>\n\t\t\t\t<div class=\"elementor-element elementor-element-4c67e93 elementor-widget elementor-widget-text-editor\" data-id=\"4c67e93\" data-element_type=\"widget\" data-e-type=\"widget\" data-widget_type=\"text-editor.default\">\n\t\t\t\t<div class=\"elementor-widget-container\">\n\t\t\t\t\t\t\t\t\t<p>Amb l\u2019inici de l\u2019Edat Moderna i la pacificaci\u00f3 interior de Castella, la funci\u00f3 b\u00e8l\u00b7lica de les muralles disminu\u00ed. Tanmateix, al segle XVI la tanca encara complia comeses importants (control del territori i de les entrades a la ciutat, fiscalitzaci\u00f3 de mercaderies, etc.), per la qual cosa es continu\u00e0 invertint en el seu manteniment.<\/p><p>Des de finals del XVI i al llarg dels segles XVII-XVIII, \u00c0vila entr\u00e0 en decad\u00e8ncia i gaireb\u00e9 no realitz\u00e0 obres a la seva muralla: nom\u00e9s s\u2019atengueren reparacions urgents, mantenint l\u2019estructura dempeus amb un m\u00ednim de cures.<\/p>\t\t\t\t\t\t\t\t<\/div>\n\t\t\t\t<\/div>\n\t\t\t\t<div class=\"elementor-element elementor-element-054281b elementor-widget elementor-widget-image\" data-id=\"054281b\" data-element_type=\"widget\" data-e-type=\"widget\" data-widget_type=\"image.default\">\n\t\t\t\t<div class=\"elementor-widget-container\">\n\t\t\t\t\t\t\t\t\t\t\t\t<figure class=\"wp-caption\">\n\t\t\t\t\t\t\t\t\t\t<img loading=\"lazy\" decoding=\"async\" width=\"768\" height=\"531\" src=\"https:\/\/www.elturistatranquil.com\/wp-content\/uploads\/F05-Plano-de-Avila-de-Francisco-Coello-de-1864.jpg\" class=\"attachment-large size-large wp-image-62197\" alt=\"Muralla de Avila\" srcset=\"https:\/\/www.elturistatranquil.com\/wp-content\/uploads\/F05-Plano-de-Avila-de-Francisco-Coello-de-1864.jpg 768w, https:\/\/www.elturistatranquil.com\/wp-content\/uploads\/F05-Plano-de-Avila-de-Francisco-Coello-de-1864-327x226.jpg 327w\" sizes=\"(max-width: 768px) 100vw, 768px\" \/>\t\t\t\t\t\t\t\t\t\t\t<figcaption class=\"widget-image-caption wp-caption-text\">Pl\u00e0nol d\u2019\u00c0vila de Francisco Coello de 1864<\/figcaption>\n\t\t\t\t\t\t\t\t\t\t<\/figure>\n\t\t\t\t\t\t\t\t\t<\/div>\n\t\t\t\t<\/div>\n\t\t\t\t<div class=\"elementor-element elementor-element-5087da7 elementor-widget elementor-widget-text-editor\" data-id=\"5087da7\" data-element_type=\"widget\" data-e-type=\"widget\" data-widget_type=\"text-editor.default\">\n\t\t\t\t<div class=\"elementor-widget-container\">\n\t\t\t\t\t\t\t\t\t<p>Al segle XIX, les muralles \u2014ja sense funci\u00f3 militar\u2014 travessaren un punt cr\u00edtic. Hi hagu\u00e9 ensulsiades parcials i reconstruccions puntuals, per\u00f2 comen\u00e7\u00e0 a cr\u00e9ixer la sensibilitat envers el seu valor hist\u00f2ric. L\u2019any 1884, les <strong>Muralles d\u2019\u00c0vila<\/strong> foren declarades <em>Monument Nacional<\/em>, fet que motiv\u00e0 les primeres restauracions sota supervisi\u00f3 d\u2019arquitectes i de l\u2019Estat.<\/p><p>Des d\u2019aleshores, en diverses etapes es proced\u00ed a la seva restauraci\u00f3 monumental, enderrocant, per exemple, les cases i edificacions que durant segles s\u2019havien adossat als murs, deixant a la vista l\u2019estructura completa en tot el seu per\u00edmetre.<\/p><p>El resultat final ha estat la perviv\u00e8ncia del recinte complet de tra\u00e7a rom\u00e0nica medieval visible en tot el seu per\u00edmetre exterior (excepte un petit tram del costat de llevant entre la porta de las Carnicer\u00edas i el cub de la Mula).<\/p>\t\t\t\t\t\t\t\t<\/div>\n\t\t\t\t<\/div>\n\t\t\t\t<div class=\"elementor-element elementor-element-46c7335 elementor-widget elementor-widget-heading\" data-id=\"46c7335\" data-element_type=\"widget\" data-e-type=\"widget\" data-widget_type=\"heading.default\">\n\t\t\t\t<div class=\"elementor-widget-container\">\n\t\t\t\t\t<h2 class=\"elementor-heading-title elementor-size-default\">Estructura i descripci\u00f3 general<\/h2>\t\t\t\t<\/div>\n\t\t\t\t<\/div>\n\t\t\t\t<div class=\"elementor-element elementor-element-bfaedf1 elementor-widget elementor-widget-text-editor\" data-id=\"bfaedf1\" data-element_type=\"widget\" data-e-type=\"widget\" data-widget_type=\"text-editor.default\">\n\t\t\t\t<div class=\"elementor-widget-container\">\n\t\t\t\t\t\t\t\t\t<p>La Muralla d\u2019\u00c0vila configura un recinte poligonal, lleugerament trapezoidal allargat, orientat de llevant a ponent, adaptat a l\u2019orografia de la llengua de altipl\u00e0 sobre la qual s\u2019assenta la ciutat vella. Aquesta llengua descendeix des del punt m\u00e9s alt, on s\u2019assent\u00e0 la catedral, en direcci\u00f3 a ponent en un pla descendent fins a la vora erosionada de la vall del riu Adaja. Les vores d\u2019aquest terreny aplanat descendeixen en forma de glacis pels costats nord, oest i sud, una mica m\u00e9s abrupte en els dos darrers, sobre els l\u00edmits dels quals s\u2019al\u00e7aren els llen\u00e7os de muralla. El quart costat, el de llevant, enlla\u00e7a amb la part plana al mateix nivell del terreny aplanat. Com veurem, aquesta disposici\u00f3 orogr\u00e0fica afect\u00e0 les caracter\u00edstiques constructives dels murs de cada part.<\/p><p>En la perspectiva fotogr\u00e0fica s\u2019observa clarament la disposici\u00f3 esglaonada descendent, amb la zona de la catedral \u2014l\u00edmit de la muralla de llevant\u2014 en el punt m\u00e9s alt.<\/p>\t\t\t\t\t\t\t\t<\/div>\n\t\t\t\t<\/div>\n\t\t\t\t<div class=\"elementor-element elementor-element-f2d2c34 elementor-widget elementor-widget-image\" data-id=\"f2d2c34\" data-element_type=\"widget\" data-e-type=\"widget\" data-widget_type=\"image.default\">\n\t\t\t\t<div class=\"elementor-widget-container\">\n\t\t\t\t\t\t\t\t\t\t\t\t<figure class=\"wp-caption\">\n\t\t\t\t\t\t\t\t\t\t<img loading=\"lazy\" decoding=\"async\" width=\"768\" height=\"512\" src=\"https:\/\/www.elturistatranquil.com\/wp-content\/uploads\/F06-Muralla-de-Avila.jpg\" class=\"attachment-large size-large wp-image-62199\" alt=\"Muralla de Avila\" srcset=\"https:\/\/www.elturistatranquil.com\/wp-content\/uploads\/F06-Muralla-de-Avila.jpg 768w, https:\/\/www.elturistatranquil.com\/wp-content\/uploads\/F06-Muralla-de-Avila-339x226.jpg 339w\" sizes=\"(max-width: 768px) 100vw, 768px\" \/>\t\t\t\t\t\t\t\t\t\t\t<figcaption class=\"widget-image-caption wp-caption-text\"><\/figcaption>\n\t\t\t\t\t\t\t\t\t\t<\/figure>\n\t\t\t\t\t\t\t\t\t<\/div>\n\t\t\t\t<\/div>\n\t\t\t\t<div class=\"elementor-element elementor-element-b3a92e3 elementor-widget elementor-widget-text-editor\" data-id=\"b3a92e3\" data-element_type=\"widget\" data-e-type=\"widget\" data-widget_type=\"text-editor.default\">\n\t\t\t\t<div class=\"elementor-widget-container\">\n\t\t\t\t\t\t\t\t\t<p>El per\u00edmetre emmurallat actual abasta 2.516 metres de longitud, tot encerclant una superf\u00edcie d\u2019aproximadament 33 hect\u00e0rees. El mur presenta una al\u00e7ada mitjana de 12 metres i un gruix de 3 metres, i est\u00e0 jalonat per torres o cubs semicirculars i poligonals \u2014originalment 88, amb 87 conservats actualment\u2014, disposats a intervals regulars d\u2019uns 20 metres.<\/p><p>Compta amb 9 portes monumentals, repartides pels quatre costats, destacant per la seva fortalesa i monumentalitat les del Alc\u00e1zar (<strong>E<\/strong>) i San Vicente (<strong>C<\/strong>) al llen\u00e7 oriental, que protegia el front m\u00e9s vulnerable.<\/p>\t\t\t\t\t\t\t\t<\/div>\n\t\t\t\t<\/div>\n\t\t\t\t<div class=\"elementor-element elementor-element-5396f63 elementor-widget elementor-widget-image\" data-id=\"5396f63\" data-element_type=\"widget\" data-e-type=\"widget\" data-widget_type=\"image.default\">\n\t\t\t\t<div class=\"elementor-widget-container\">\n\t\t\t\t\t\t\t\t\t\t\t\t<figure class=\"wp-caption\">\n\t\t\t\t\t\t\t\t\t\t<img fetchpriority=\"high\" decoding=\"async\" width=\"768\" height=\"512\" src=\"https:\/\/www.elturistatranquil.com\/wp-content\/uploads\/F01-Avila-recinto-amurallado-Google-earth-2025-09-04.jpg\" class=\"attachment-large size-large wp-image-62189\" alt=\"Muralla de Avila\" srcset=\"https:\/\/www.elturistatranquil.com\/wp-content\/uploads\/F01-Avila-recinto-amurallado-Google-earth-2025-09-04.jpg 768w, https:\/\/www.elturistatranquil.com\/wp-content\/uploads\/F01-Avila-recinto-amurallado-Google-earth-2025-09-04-339x226.jpg 339w\" sizes=\"(max-width: 768px) 100vw, 768px\" \/>\t\t\t\t\t\t\t\t\t\t\t<figcaption class=\"widget-image-caption wp-caption-text\">(Google Earth 2025-07-30)<\/figcaption>\n\t\t\t\t\t\t\t\t\t\t<\/figure>\n\t\t\t\t\t\t\t\t\t<\/div>\n\t\t\t\t<\/div>\n\t\t\t\t<div class=\"elementor-element elementor-element-d04b697 elementor-widget elementor-widget-text-editor\" data-id=\"d04b697\" data-element_type=\"widget\" data-e-type=\"widget\" data-widget_type=\"text-editor.default\">\n\t\t\t\t<div class=\"elementor-widget-container\">\n\t\t\t\t\t\t\t\t\t<p>El sistema defensiu es complementa amb merlets \u2014uns 2.500 en total\u2014, passadissos i adarbs, aix\u00ed com poternes i accessos menors, avui generalment cegats.<\/p><p>Per l\u2019interior, en part del tra\u00e7at se li adossen edificacions religioses i palatines rellevants, especialment en el seu sector oriental, integrant elements arquitect\u00f2nics de diverses \u00e8poques.<\/p>\t\t\t\t\t\t\t\t<\/div>\n\t\t\t\t<\/div>\n\t\t\t\t<div class=\"elementor-element elementor-element-aad0e53 elementor-widget elementor-widget-heading\" data-id=\"aad0e53\" data-element_type=\"widget\" data-e-type=\"widget\" data-widget_type=\"heading.default\">\n\t\t\t\t<div class=\"elementor-widget-container\">\n\t\t\t\t\t<h3 class=\"elementor-heading-title elementor-size-default\">Caracter\u00edstiques constructives generals<\/h3>\t\t\t\t<\/div>\n\t\t\t\t<\/div>\n\t\t\t\t<div class=\"elementor-element elementor-element-712ba0d elementor-widget elementor-widget-text-editor\" data-id=\"712ba0d\" data-element_type=\"widget\" data-e-type=\"widget\" data-widget_type=\"text-editor.default\">\n\t\t\t\t<div class=\"elementor-widget-container\">\n\t\t\t\t\t\t\t\t\t<p>La construcci\u00f3 de la muralla es basa principalment en ma\u00e7oneria, en general formant filades superposades, massissa al seu interior amb pedra i morter de cal\u00e7, si b\u00e9 a la base de molts trams (especialment visible al llen\u00e7 oriental) apareixen grans carreus de granit gris col\u00b7locats en filades irregulars, aix\u00ed com l\u00e0pides i elements funeraris romans trobats als sectors orientals, probablement d\u2019\u00e8poca romana. Per sobre d\u2019aquest s\u00f2col antic, la muralla continua amb ma\u00e7oneria de blocs de granit m\u00e9s petits i tosques, d\u2019un to ataronjat caracter\u00edstic (conegut com a pedra \u201ccale\u00f1a\u201d).<\/p><p>En certs punts (especialment en verdugades, arcs de desc\u00e0rrega o parts altes) tamb\u00e9 s\u2019empr\u00e0 ma\u00f3 com a complement estructural, encara que la seva pres\u00e8ncia \u00e9s puntual.<\/p><p>Tota la muralla est\u00e0 recorreguda per un cam\u00ed de ronda o adarb, originalment accessible mitjan\u00e7ant escales adossades, on el mur t\u00e9 com a coronament superior merlets de ma\u00e7oneria.<\/p><p>Al llarg de la muralla es distribueixen de manera aproximadament equidistant 87 torrasses defensives. Els dels tres costats oest, nord i est s\u00f3n de planta en forma de cub en \u201cD\u201d allargada que sobresurt uns 8 metres del mur principal.<\/p><p>Retinguem l\u2019observaci\u00f3 del cub cantoner, m\u00e9s gran que els adossats als llen\u00e7os, i amb una disposici\u00f3 en qu\u00e8 sobresurt de la muralla per un dels seus angles rectes, cosa que el converteix alhora en torrassa defensiva del llen\u00e7 posterior. D\u2019aquestes dimensions majors i disposici\u00f3 mig sortint de la base n\u2019hi ha cinc cubs: els quatre cantoners i el semicantoner (4) del costat de llevant.<\/p>\t\t\t\t\t\t\t\t<\/div>\n\t\t\t\t<\/div>\n\t\t\t\t<section class=\"elementor-section elementor-inner-section elementor-element elementor-element-85dbf92 elementor-section-boxed elementor-section-height-default elementor-section-height-default\" data-id=\"85dbf92\" data-element_type=\"section\" data-e-type=\"section\">\n\t\t\t\t\t\t<div class=\"elementor-container elementor-column-gap-default\">\n\t\t\t\t\t<div class=\"elementor-column elementor-col-50 elementor-inner-column elementor-element elementor-element-d992d3f\" data-id=\"d992d3f\" data-element_type=\"column\" data-e-type=\"column\">\n\t\t\t<div class=\"elementor-widget-wrap elementor-element-populated\">\n\t\t\t\t\t\t<div class=\"elementor-element elementor-element-1983555 elementor-widget elementor-widget-image\" data-id=\"1983555\" data-element_type=\"widget\" data-e-type=\"widget\" data-widget_type=\"image.default\">\n\t\t\t\t<div class=\"elementor-widget-container\">\n\t\t\t\t\t\t\t\t\t\t\t\t<figure class=\"wp-caption\">\n\t\t\t\t\t\t\t\t\t\t<img loading=\"lazy\" decoding=\"async\" width=\"380\" height=\"569\" src=\"https:\/\/www.elturistatranquil.com\/wp-content\/uploads\/F08m-Muralla-de-Avila.jpg\" class=\"attachment-large size-large wp-image-62201\" alt=\"Muralla de Avila\" srcset=\"https:\/\/www.elturistatranquil.com\/wp-content\/uploads\/F08m-Muralla-de-Avila.jpg 380w, https:\/\/www.elturistatranquil.com\/wp-content\/uploads\/F08m-Muralla-de-Avila-151x226.jpg 151w\" sizes=\"(max-width: 380px) 100vw, 380px\" \/>\t\t\t\t\t\t\t\t\t\t\t<figcaption class=\"widget-image-caption wp-caption-text\">Cubs \u201cD\u201d allargada (Google maps 2025-10-03) <\/figcaption>\n\t\t\t\t\t\t\t\t\t\t<\/figure>\n\t\t\t\t\t\t\t\t\t<\/div>\n\t\t\t\t<\/div>\n\t\t\t\t\t<\/div>\n\t\t<\/div>\n\t\t\t\t<div class=\"elementor-column elementor-col-50 elementor-inner-column elementor-element elementor-element-609eef3\" data-id=\"609eef3\" data-element_type=\"column\" data-e-type=\"column\">\n\t\t\t<div class=\"elementor-widget-wrap elementor-element-populated\">\n\t\t\t\t\t\t<div class=\"elementor-element elementor-element-e69e036 elementor-widget elementor-widget-image\" data-id=\"e69e036\" data-element_type=\"widget\" data-e-type=\"widget\" data-widget_type=\"image.default\">\n\t\t\t\t<div class=\"elementor-widget-container\">\n\t\t\t\t\t\t\t\t\t\t\t\t\t\t\t<img loading=\"lazy\" decoding=\"async\" width=\"380\" height=\"570\" src=\"https:\/\/www.elturistatranquil.com\/wp-content\/uploads\/F08n-Muralla-de-Avila.jpg\" class=\"attachment-large size-large wp-image-62203\" alt=\"Muralla de Avila\" srcset=\"https:\/\/www.elturistatranquil.com\/wp-content\/uploads\/F08n-Muralla-de-Avila.jpg 380w, https:\/\/www.elturistatranquil.com\/wp-content\/uploads\/F08n-Muralla-de-Avila-151x226.jpg 151w\" sizes=\"(max-width: 380px) 100vw, 380px\" \/>\t\t\t\t\t\t\t\t\t\t\t\t\t\t\t<\/div>\n\t\t\t\t<\/div>\n\t\t\t\t\t<\/div>\n\t\t<\/div>\n\t\t\t\t\t<\/div>\n\t\t<\/section>\n\t\t\t\t<div class=\"elementor-element elementor-element-4cdfb3f elementor-widget elementor-widget-text-editor\" data-id=\"4cdfb3f\" data-element_type=\"widget\" data-e-type=\"widget\" data-widget_type=\"text-editor.default\">\n\t\t\t\t<div class=\"elementor-widget-container\">\n\t\t\t\t\t\t\t\t\t<p>\u00a0<\/p><p>Els del costat sud, m\u00e9s protegits per l\u2019escarpament, s\u00f3n cubs semicirculars m\u00e9s petits de diverses mides.<\/p><p>Nom\u00e9s els sis de les portes del Carmen, del Rastro i de la Santa s\u00f3n quadrangulars.<\/p><p>Aquestes torrasses s\u00f3n majorit\u00e0riament massisses. Nom\u00e9s uns pocs cubs de m\u00e9s grand\u00e0ria tingueren cambres internes.<\/p><p>El sistema defensiu mostra influ\u00e8ncies t\u00e8cniques de l\u2019\u00e0mbit andalus\u00ed, especialment en la configuraci\u00f3 de les portes i els dispositius de defensa vertical, com matacans i merlets.<\/p>\t\t\t\t\t\t\t\t<\/div>\n\t\t\t\t<\/div>\n\t\t\t\t<div class=\"elementor-element elementor-element-bf67450 elementor-widget elementor-widget-heading\" data-id=\"bf67450\" data-element_type=\"widget\" data-e-type=\"widget\" data-widget_type=\"heading.default\">\n\t\t\t\t<div class=\"elementor-widget-container\">\n\t\t\t\t\t<h2 class=\"elementor-heading-title elementor-size-default\">La visita a la Muralla d\u2019\u00c0vila<\/h2>\t\t\t\t<\/div>\n\t\t\t\t<\/div>\n\t\t\t\t<div class=\"elementor-element elementor-element-311f0dd elementor-widget elementor-widget-text-editor\" data-id=\"311f0dd\" data-element_type=\"widget\" data-e-type=\"widget\" data-widget_type=\"text-editor.default\">\n\t\t\t\t<div class=\"elementor-widget-container\">\n\t\t\t\t\t\t\t\t\t<p>Farem un recorregut, primer per tot el per\u00edmetre exterior de la muralla, visible en la seva totalitat sense elements que n\u2019impedeixin la visi\u00f3, com podrien ser zones arbrades o conjunts constru\u00efts. \u00c9s una situaci\u00f3 de privilegi que ofereix aquesta ciutat: completa i visible.<\/p><p>En una segona part recorrerem l\u2019adarb de la muralla des de la meitat del costat de llevant i tot el costat nord.<\/p>\t\t\t\t\t\t\t\t<\/div>\n\t\t\t\t<\/div>\n\t\t\t\t<div class=\"elementor-element elementor-element-2ba968b elementor-widget elementor-widget-heading\" data-id=\"2ba968b\" data-element_type=\"widget\" data-e-type=\"widget\" data-widget_type=\"heading.default\">\n\t\t\t\t<div class=\"elementor-widget-container\">\n\t\t\t\t\t<h2 class=\"elementor-heading-title elementor-size-default\">El recorregut exterior<\/h2>\t\t\t\t<\/div>\n\t\t\t\t<\/div>\n\t\t\t\t<div class=\"elementor-element elementor-element-b929c67 elementor-widget elementor-widget-text-editor\" data-id=\"b929c67\" data-element_type=\"widget\" data-e-type=\"widget\" data-widget_type=\"text-editor.default\">\n\t\t\t\t<div class=\"elementor-widget-container\">\n\t\t\t\t\t\t\t\t\t<p>Dividir\u00e9 el recorregut en quatre trams, un per cada costat, comen\u00e7ant pel costat nord, des del <strong>cub 41<\/strong> o <strong>de San Segundo<\/strong>, el m\u00e9s occidental, i seguint la direcci\u00f3 de les agulles del rellotge.<\/p><p>Aquest recorregut personal no segueix el criteri de moltes propostes tur\u00edstiques, per\u00f2 el considero adequat per a una presentaci\u00f3 en un <em>Blog<\/em>.<\/p>\t\t\t\t\t\t\t\t<\/div>\n\t\t\t\t<\/div>\n\t\t\t\t<div class=\"elementor-element elementor-element-fce9036 elementor-widget elementor-widget-image\" data-id=\"fce9036\" data-element_type=\"widget\" data-e-type=\"widget\" data-widget_type=\"image.default\">\n\t\t\t\t<div class=\"elementor-widget-container\">\n\t\t\t\t\t\t\t\t\t\t\t\t<figure class=\"wp-caption\">\n\t\t\t\t\t\t\t\t\t\t<img loading=\"lazy\" decoding=\"async\" width=\"768\" height=\"519\" src=\"https:\/\/www.elturistatranquil.com\/wp-content\/uploads\/F09-Avila-murallasobre-Google-earth-2025-09-04.jpg\" class=\"attachment-large size-large wp-image-62205\" alt=\"Muralla de Avila\" srcset=\"https:\/\/www.elturistatranquil.com\/wp-content\/uploads\/F09-Avila-murallasobre-Google-earth-2025-09-04.jpg 768w, https:\/\/www.elturistatranquil.com\/wp-content\/uploads\/F09-Avila-murallasobre-Google-earth-2025-09-04-334x226.jpg 334w\" sizes=\"(max-width: 768px) 100vw, 768px\" \/>\t\t\t\t\t\t\t\t\t\t\t<figcaption class=\"widget-image-caption wp-caption-text\">\u00c0vila muralla (sobre Google earth 2025-09-04). Punts vermell: porta; punts verds: llen\u00e7os: punts negres: n\u00fam. de cub dels cantons de la muralla<\/figcaption>\n\t\t\t\t\t\t\t\t\t\t<\/figure>\n\t\t\t\t\t\t\t\t\t<\/div>\n\t\t\t\t<\/div>\n\t\t\t\t<div class=\"elementor-element elementor-element-78918de elementor-widget elementor-widget-image\" data-id=\"78918de\" data-element_type=\"widget\" data-e-type=\"widget\" data-widget_type=\"image.default\">\n\t\t\t\t<div class=\"elementor-widget-container\">\n\t\t\t\t\t\t\t\t\t\t\t\t<figure class=\"wp-caption\">\n\t\t\t\t\t\t\t\t\t\t<img loading=\"lazy\" decoding=\"async\" width=\"768\" height=\"520\" src=\"https:\/\/www.elturistatranquil.com\/wp-content\/uploads\/F10-Cubos-de-la-muralla-de-Avila-Fuente-Diario-de-Avila-2012-03-29.jpg\" class=\"attachment-large size-large wp-image-62210\" alt=\"Muralla de Avila\" srcset=\"https:\/\/www.elturistatranquil.com\/wp-content\/uploads\/F10-Cubos-de-la-muralla-de-Avila-Fuente-Diario-de-Avila-2012-03-29.jpg 768w, https:\/\/www.elturistatranquil.com\/wp-content\/uploads\/F10-Cubos-de-la-muralla-de-Avila-Fuente-Diario-de-Avila-2012-03-29-334x226.jpg 334w\" sizes=\"(max-width: 768px) 100vw, 768px\" \/>\t\t\t\t\t\t\t\t\t\t\t<figcaption class=\"widget-image-caption wp-caption-text\">Numeraci\u00f3 de les torrasses per l\u2019Ajuntament i situaci\u00f3 de les portes. Font Diario de \u00c1vila 2012-03-29. Les lletres en vermell es corresponen amb les portes de la muralla<\/figcaption>\n\t\t\t\t\t\t\t\t\t\t<\/figure>\n\t\t\t\t\t\t\t\t\t<\/div>\n\t\t\t\t<\/div>\n\t\t\t\t<div class=\"elementor-element elementor-element-85017d5 elementor-widget elementor-widget-text-editor\" data-id=\"85017d5\" data-element_type=\"widget\" data-e-type=\"widget\" data-widget_type=\"text-editor.default\">\n\t\t\t\t<div class=\"elementor-widget-container\">\n\t\t\t\t\t\t\t\t\t<p>En les descripcions utilitzar\u00e9 la numeraci\u00f3 d\u2019aquest pl\u00e0nol, que \u00e9s la que fa servir l\u2019Ajuntament per a les seves actuacions.<\/p>\t\t\t\t\t\t\t\t<\/div>\n\t\t\t\t<\/div>\n\t\t\t\t<div class=\"elementor-element elementor-element-e5529ba elementor-widget elementor-widget-heading\" data-id=\"e5529ba\" data-element_type=\"widget\" data-e-type=\"widget\" data-widget_type=\"heading.default\">\n\t\t\t\t<div class=\"elementor-widget-container\">\n\t\t\t\t\t<h3 class=\"elementor-heading-title elementor-size-default\">La muralla en perspectiva des de ponent<\/h3>\t\t\t\t<\/div>\n\t\t\t\t<\/div>\n\t\t\t\t<div class=\"elementor-element elementor-element-fbcc99c elementor-widget elementor-widget-text-editor\" data-id=\"fbcc99c\" data-element_type=\"widget\" data-e-type=\"widget\" data-widget_type=\"text-editor.default\">\n\t\t\t\t<div class=\"elementor-widget-container\">\n\t\t\t\t\t\t\t\t\t<p>Per a m\u00e9s privilegi en l\u2019observaci\u00f3 d\u2019aquesta muralla, a l\u2019altra banda de la vall del riu Adaja, hi ha dos punts d\u2019observaci\u00f3 que ofereixen unes panor\u00e0miques excepcionals sobre \u00c0vila i la muralla.<\/p><p>Comen\u00e7arem la visita des d\u2019aquests dos punts, per continuar despr\u00e9s amb el recorregut urb\u00e0. Des d\u2019ells s\u2019observen clarament els costats nord i oest sobre el riu Adaja, aix\u00ed com la disposici\u00f3 descendent des del punt m\u00e9s alt en qu\u00e8 se situa la catedral, aix\u00ed com els glacis sobre els quals s\u2019al\u00e7a el terreny aplanat en qu\u00e8 s\u2019assenta la ciutat vella.<\/p><p>La primera imatge, que ja hem vist, l\u2019obtenim des del <strong>Mirador<\/strong> d\u2019entrada a \u00c0vila a la N-501 (40\u00b039&#8217;48.9&#8243;N 4\u00b042&#8217;41.7&#8243;O).<\/p><p>Disposem d\u2019una imatge completa dels costats nord i oest del recinte, cosa que equival a la meitat de la muralla.<\/p><p>Aquestes fotografies ofereixen una de les imatges m\u00e9s emblem\u00e0tiques d\u2019\u00c0vila, amb la successi\u00f3 de cubs a intervals m\u00e9s o menys regulars, sense construccions modernes adossades que n\u2019entorpeixin la visi\u00f3. Al mateix temps, reflecteixen la concepci\u00f3 militar rom\u00e0nica de defensa passiva.<\/p>\t\t\t\t\t\t\t\t<\/div>\n\t\t\t\t<\/div>\n\t\t\t\t<div class=\"elementor-element elementor-element-6eb9dfa elementor-widget elementor-widget-image\" data-id=\"6eb9dfa\" data-element_type=\"widget\" data-e-type=\"widget\" data-widget_type=\"image.default\">\n\t\t\t\t<div class=\"elementor-widget-container\">\n\t\t\t\t\t\t\t\t\t\t\t\t<figure class=\"wp-caption\">\n\t\t\t\t\t\t\t\t\t\t<img loading=\"lazy\" decoding=\"async\" width=\"768\" height=\"512\" src=\"https:\/\/www.elturistatranquil.com\/wp-content\/uploads\/F06-Muralla-de-Avila.jpg\" class=\"attachment-large size-large wp-image-62199\" alt=\"Muralla de Avila\" srcset=\"https:\/\/www.elturistatranquil.com\/wp-content\/uploads\/F06-Muralla-de-Avila.jpg 768w, https:\/\/www.elturistatranquil.com\/wp-content\/uploads\/F06-Muralla-de-Avila-339x226.jpg 339w\" sizes=\"(max-width: 768px) 100vw, 768px\" \/>\t\t\t\t\t\t\t\t\t\t\t<figcaption class=\"widget-image-caption wp-caption-text\"><\/figcaption>\n\t\t\t\t\t\t\t\t\t\t<\/figure>\n\t\t\t\t\t\t\t\t\t<\/div>\n\t\t\t\t<\/div>\n\t\t\t\t<div class=\"elementor-element elementor-element-fb05a4a elementor-widget elementor-widget-text-editor\" data-id=\"fb05a4a\" data-element_type=\"widget\" data-e-type=\"widget\" data-widget_type=\"text-editor.default\">\n\t\t\t\t<div class=\"elementor-widget-container\">\n\t\t\t\t\t\t\t\t\t<p>Al centre, l\u2019angle nord-occidental dels dos costats.<\/p>\t\t\t\t\t\t\t\t<\/div>\n\t\t\t\t<\/div>\n\t\t\t\t<div class=\"elementor-element elementor-element-2cfd385 elementor-widget elementor-widget-image\" data-id=\"2cfd385\" data-element_type=\"widget\" data-e-type=\"widget\" data-widget_type=\"image.default\">\n\t\t\t\t<div class=\"elementor-widget-container\">\n\t\t\t\t\t\t\t\t\t\t\t\t<figure class=\"wp-caption\">\n\t\t\t\t\t\t\t\t\t\t<img loading=\"lazy\" decoding=\"async\" width=\"768\" height=\"512\" src=\"https:\/\/www.elturistatranquil.com\/wp-content\/uploads\/F12-Muralla-de-Avila.jpg\" class=\"attachment-large size-large wp-image-62212\" alt=\"Muralla de Avila\" srcset=\"https:\/\/www.elturistatranquil.com\/wp-content\/uploads\/F12-Muralla-de-Avila.jpg 768w, https:\/\/www.elturistatranquil.com\/wp-content\/uploads\/F12-Muralla-de-Avila-339x226.jpg 339w\" sizes=\"(max-width: 768px) 100vw, 768px\" \/>\t\t\t\t\t\t\t\t\t\t\t<figcaption class=\"widget-image-caption wp-caption-text\"><\/figcaption>\n\t\t\t\t\t\t\t\t\t\t<\/figure>\n\t\t\t\t\t\t\t\t\t<\/div>\n\t\t\t\t<\/div>\n\t\t\t\t<div class=\"elementor-element elementor-element-1af4243 elementor-widget elementor-widget-text-editor\" data-id=\"1af4243\" data-element_type=\"widget\" data-e-type=\"widget\" data-widget_type=\"text-editor.default\">\n\t\t\t\t<div class=\"elementor-widget-container\">\n\t\t\t\t\t\t\t\t\t<p>Ressortint a dalt, al l\u00edmit de llevant, la Catedral.<\/p>\t\t\t\t\t\t\t\t<\/div>\n\t\t\t\t<\/div>\n\t\t\t\t<div class=\"elementor-element elementor-element-9d8c77b elementor-widget elementor-widget-image\" data-id=\"9d8c77b\" data-element_type=\"widget\" data-e-type=\"widget\" data-widget_type=\"image.default\">\n\t\t\t\t<div class=\"elementor-widget-container\">\n\t\t\t\t\t\t\t\t\t\t\t\t<figure class=\"wp-caption\">\n\t\t\t\t\t\t\t\t\t\t<img loading=\"lazy\" decoding=\"async\" width=\"768\" height=\"512\" src=\"https:\/\/www.elturistatranquil.com\/wp-content\/uploads\/F13-Muralla-de-Avila.jpg\" class=\"attachment-large size-large wp-image-62214\" alt=\"Muralla de Avila\" srcset=\"https:\/\/www.elturistatranquil.com\/wp-content\/uploads\/F13-Muralla-de-Avila.jpg 768w, https:\/\/www.elturistatranquil.com\/wp-content\/uploads\/F13-Muralla-de-Avila-339x226.jpg 339w\" sizes=\"(max-width: 768px) 100vw, 768px\" \/>\t\t\t\t\t\t\t\t\t\t\t<figcaption class=\"widget-image-caption wp-caption-text\"><\/figcaption>\n\t\t\t\t\t\t\t\t\t\t<\/figure>\n\t\t\t\t\t\t\t\t\t<\/div>\n\t\t\t\t<\/div>\n\t\t\t\t<div class=\"elementor-element elementor-element-e9d2749 elementor-widget elementor-widget-text-editor\" data-id=\"e9d2749\" data-element_type=\"widget\" data-e-type=\"widget\" data-widget_type=\"text-editor.default\">\n\t\t\t\t<div class=\"elementor-widget-container\">\n\t\t\t\t\t\t\t\t\t<p>A 400 metres al sud del punt d\u2019observaci\u00f3 anterior, es troba el <strong>Humilladero de los Cuatro Postes<\/strong>, el punt d\u2019observaci\u00f3 m\u00e9s popular i concorregut (40\u00b039&#8217;35.8&#8243;N 4\u00b042&#8217;39.9&#8243;O).<\/p>\t\t\t\t\t\t\t\t<\/div>\n\t\t\t\t<\/div>\n\t\t\t\t<div class=\"elementor-element elementor-element-05b058f elementor-widget elementor-widget-image\" data-id=\"05b058f\" data-element_type=\"widget\" data-e-type=\"widget\" data-widget_type=\"image.default\">\n\t\t\t\t<div class=\"elementor-widget-container\">\n\t\t\t\t\t\t\t\t\t\t\t\t<figure class=\"wp-caption\">\n\t\t\t\t\t\t\t\t\t\t<img loading=\"lazy\" decoding=\"async\" width=\"768\" height=\"512\" src=\"https:\/\/www.elturistatranquil.com\/wp-content\/uploads\/F14-Avila.-Humilladero-de-los-Cuatro-Postes.jpg\" class=\"attachment-large size-large wp-image-62216\" alt=\"Muralla de Avila\" srcset=\"https:\/\/www.elturistatranquil.com\/wp-content\/uploads\/F14-Avila.-Humilladero-de-los-Cuatro-Postes.jpg 768w, https:\/\/www.elturistatranquil.com\/wp-content\/uploads\/F14-Avila.-Humilladero-de-los-Cuatro-Postes-339x226.jpg 339w\" sizes=\"(max-width: 768px) 100vw, 768px\" \/>\t\t\t\t\t\t\t\t\t\t\t<figcaption class=\"widget-image-caption wp-caption-text\"><\/figcaption>\n\t\t\t\t\t\t\t\t\t\t<\/figure>\n\t\t\t\t\t\t\t\t\t<\/div>\n\t\t\t\t<\/div>\n\t\t\t\t<div class=\"elementor-element elementor-element-ca691e7 elementor-widget elementor-widget-text-editor\" data-id=\"ca691e7\" data-element_type=\"widget\" data-e-type=\"widget\" data-widget_type=\"text-editor.default\">\n\t\t\t\t<div class=\"elementor-widget-container\">\n\t\t\t\t\t\t\t\t\t<p>Ens hem situat una mica m\u00e9s a prop i amb millor domini visual del costat de ponent, sobre el riu Adaja.<\/p>\t\t\t\t\t\t\t\t<\/div>\n\t\t\t\t<\/div>\n\t\t\t\t<div class=\"elementor-element elementor-element-12d860b elementor-widget elementor-widget-image\" data-id=\"12d860b\" data-element_type=\"widget\" data-e-type=\"widget\" data-widget_type=\"image.default\">\n\t\t\t\t<div class=\"elementor-widget-container\">\n\t\t\t\t\t\t\t\t\t\t\t\t<figure class=\"wp-caption\">\n\t\t\t\t\t\t\t\t\t\t<img loading=\"lazy\" decoding=\"async\" width=\"768\" height=\"512\" src=\"https:\/\/www.elturistatranquil.com\/wp-content\/uploads\/F15-Muralla-de-Avila.jpg\" class=\"attachment-large size-large wp-image-62218\" alt=\"Muralla de Avila\" srcset=\"https:\/\/www.elturistatranquil.com\/wp-content\/uploads\/F15-Muralla-de-Avila.jpg 768w, https:\/\/www.elturistatranquil.com\/wp-content\/uploads\/F15-Muralla-de-Avila-339x226.jpg 339w\" sizes=\"(max-width: 768px) 100vw, 768px\" \/>\t\t\t\t\t\t\t\t\t\t\t<figcaption class=\"widget-image-caption wp-caption-text\"><\/figcaption>\n\t\t\t\t\t\t\t\t\t\t<\/figure>\n\t\t\t\t\t\t\t\t\t<\/div>\n\t\t\t\t<\/div>\n\t\t\t\t<div class=\"elementor-element elementor-element-cccc335 elementor-widget elementor-widget-image\" data-id=\"cccc335\" data-element_type=\"widget\" data-e-type=\"widget\" data-widget_type=\"image.default\">\n\t\t\t\t<div class=\"elementor-widget-container\">\n\t\t\t\t\t\t\t\t\t\t\t\t<figure class=\"wp-caption\">\n\t\t\t\t\t\t\t\t\t\t<img loading=\"lazy\" decoding=\"async\" width=\"768\" height=\"512\" src=\"https:\/\/www.elturistatranquil.com\/wp-content\/uploads\/F16-Muralla-de-Avila.jpg\" class=\"attachment-large size-large wp-image-62220\" alt=\"Muralla de Avila\" srcset=\"https:\/\/www.elturistatranquil.com\/wp-content\/uploads\/F16-Muralla-de-Avila.jpg 768w, https:\/\/www.elturistatranquil.com\/wp-content\/uploads\/F16-Muralla-de-Avila-339x226.jpg 339w\" sizes=\"(max-width: 768px) 100vw, 768px\" \/>\t\t\t\t\t\t\t\t\t\t\t<figcaption class=\"widget-image-caption wp-caption-text\"><\/figcaption>\n\t\t\t\t\t\t\t\t\t\t<\/figure>\n\t\t\t\t\t\t\t\t\t<\/div>\n\t\t\t\t<\/div>\n\t\t\t\t<div class=\"elementor-element elementor-element-d695886 elementor-widget elementor-widget-image\" data-id=\"d695886\" data-element_type=\"widget\" data-e-type=\"widget\" data-widget_type=\"image.default\">\n\t\t\t\t<div class=\"elementor-widget-container\">\n\t\t\t\t\t\t\t\t\t\t\t\t<figure class=\"wp-caption\">\n\t\t\t\t\t\t\t\t\t\t<img loading=\"lazy\" decoding=\"async\" width=\"768\" height=\"512\" src=\"https:\/\/www.elturistatranquil.com\/wp-content\/uploads\/F17-Muralla-de-Avila.-Lado-norte.jpg\" class=\"attachment-large size-large wp-image-62222\" alt=\"Muralla de Avila\" srcset=\"https:\/\/www.elturistatranquil.com\/wp-content\/uploads\/F17-Muralla-de-Avila.-Lado-norte.jpg 768w, https:\/\/www.elturistatranquil.com\/wp-content\/uploads\/F17-Muralla-de-Avila.-Lado-norte-339x226.jpg 339w\" sizes=\"(max-width: 768px) 100vw, 768px\" \/>\t\t\t\t\t\t\t\t\t\t\t<figcaption class=\"widget-image-caption wp-caption-text\"><\/figcaption>\n\t\t\t\t\t\t\t\t\t\t<\/figure>\n\t\t\t\t\t\t\t\t\t<\/div>\n\t\t\t\t<\/div>\n\t\t\t\t<div class=\"elementor-element elementor-element-13eaf2d elementor-widget elementor-widget-heading\" data-id=\"13eaf2d\" data-element_type=\"widget\" data-e-type=\"widget\" data-widget_type=\"heading.default\">\n\t\t\t\t<div class=\"elementor-widget-container\">\n\t\t\t\t\t<h3 class=\"elementor-heading-title elementor-size-default\">Costat nord de la muralla: del cub de San Segundo al cub de la Mula<\/h3>\t\t\t\t<\/div>\n\t\t\t\t<\/div>\n\t\t\t\t<div class=\"elementor-element elementor-element-dd45281 elementor-widget elementor-widget-text-editor\" data-id=\"dd45281\" data-element_type=\"widget\" data-e-type=\"widget\" data-widget_type=\"text-editor.default\">\n\t\t\t\t<div class=\"elementor-widget-container\">\n\t\t\t\t\t\t\t\t\t<p>Entre el <strong>cub de San Segundo<\/strong> (<strong>41<\/strong>) a l\u2019extrem de ponent i el <strong>cub de la Mula<\/strong> (<strong>11<\/strong>) a l\u2019extrem de llevant es troba el que anomenar\u00e9 <strong>costat nord<\/strong> de la tanca.<\/p><p>Amb una longitud d\u2019uns 820 metres, la cortina cont\u00ednua del costat nord segueix una l\u00ednia sinuosa adaptada a l\u2019orografia escarpada i rocosa d\u2019aquest vessant.<\/p><p>Dues portes, la <strong>porta del Carmen<\/strong> (<strong>A<\/strong>) i la <strong>porta del Mariscal<\/strong> (<strong>B<\/strong>) divideixen el costat en tres llen\u00e7os que contenen 30 cubs amb separacions aproximades de 20 metres.<\/p><p>Tots els cubs d\u2019aquest costat, excepte els dos quadrangulars de la porta del Carmen, s\u00f3n del tipus \u201cD\u201d allargada amb lleugeres difer\u00e8ncies en la dimensi\u00f3 de la seva base.<\/p><p>Descrivim, breument, cadascuna d\u2019aquestes parts.<\/p>\t\t\t\t\t\t\t\t<\/div>\n\t\t\t\t<\/div>\n\t\t\t\t<div class=\"elementor-element elementor-element-7165a783 elementor-widget elementor-widget-heading\" data-id=\"7165a783\" data-element_type=\"widget\" data-e-type=\"widget\" data-widget_type=\"heading.default\">\n\t\t\t\t<div class=\"elementor-widget-container\">\n\t\t\t\t\t<h5 class=\"elementor-heading-title elementor-size-default\">Llen\u00e7 a<\/h5>\t\t\t\t<\/div>\n\t\t\t\t<\/div>\n\t\t\t\t<div class=\"elementor-element elementor-element-3540bba elementor-widget elementor-widget-text-editor\" data-id=\"3540bba\" data-element_type=\"widget\" data-e-type=\"widget\" data-widget_type=\"text-editor.default\">\n\t\t\t\t<div class=\"elementor-widget-container\">\n\t\t\t\t\t\t\t\t\t<p>Comen\u00e7o el recorregut pel <strong>llen\u00e7 <\/strong>(<strong>a<\/strong>) des del <strong>cub 41<\/strong> o <strong>de San Segundo<\/strong> fins a la <strong>porta del Carmen<\/strong> (<strong>A<\/strong>), amb 11 cubs, del 40 al 30.<\/p><p>En aquest tram occidental del costat nord la muralla s\u2019eleva lleugerament en al\u00e7ada a mesura que ens allunyem del riu i ens acostem al centre hist\u00f2ric. L\u2019exterior es caracteritza pel terreny abrupte i la pres\u00e8ncia de formacions rocoses que serviren com a base natural per a una fortificaci\u00f3 m\u00e9s s\u00f2lida i elevada. La disposici\u00f3 del cub 41 cantoner, de format \u201cD\u201d semi sortint per la base, no nom\u00e9s facilita la vigil\u00e0ncia sobre el riu i el seu pont, tradicionalment mal anomenat \u201crom\u00e0\u201d, sin\u00f3 tamb\u00e9 sobre el primer tram de llen\u00e7.<\/p><p>L\u2019al\u00e7ada del mur varia adaptant-se al desnivell, concretant una al\u00e7ada d\u2019aproximadament 12 metres i 3 metres de gruix, amb cubs que sobresurten prop de 8 metres de mitjana. Tant la muralla com els cubs s\u00f3n emmerletats.<\/p><p>A la primera meitat d\u2019aquest llen\u00e7 nord (aproximadament fins a la meitat del tram) les torrasses mantenen el disseny rom\u00e0nic original, amb base semicircular i tram recte interior en forma de \u201cD\u201d. Conserven fins i tot detalls decoratius sobris: alguns cubs mostren restes de frisos de ma\u00f3 sota la seva coronaci\u00f3, un ornament mud\u00e8jar freq\u00fcent a la muralla d\u2019\u00c0vila.<\/p><p>Des de la base d\u2019aquest cub de San Segundo \u00e9s possible apreciar diversos fites del patrimoni abulense extramurs. Al peu de la muralla, es troben les restes de l\u2019antic <strong>pont medieval<\/strong> sobre l\u2019Adaja (popularment anomenat \u201crom\u00e0\u201d), que comunicava amb els ravals occidentals. Tamb\u00e9 s\u2019hi ubicaven les antigues <strong>adoberies<\/strong> medievals, tallers d\u2019adobat de pells els vestigis arqueol\u00f2gics dels quals subsisteixen a la rodalia. Una mica m\u00e9s enll\u00e0 s\u2019al\u00e7a l\u2019<strong>ermita de San Segundo<\/strong> (s. XII), dedicada al patr\u00f3 de la ciutat; la seva pres\u00e8ncia dona nom al cub i fou tradicional lloc de romiatges el 2 de maig.<\/p>\t\t\t\t\t\t\t\t<\/div>\n\t\t\t\t<\/div>\n\t\t\t\t<div class=\"elementor-element elementor-element-85fac1a elementor-widget elementor-widget-image\" data-id=\"85fac1a\" data-element_type=\"widget\" data-e-type=\"widget\" data-widget_type=\"image.default\">\n\t\t\t\t<div class=\"elementor-widget-container\">\n\t\t\t\t\t\t\t\t\t\t\t\t<figure class=\"wp-caption\">\n\t\t\t\t\t\t\t\t\t\t<img loading=\"lazy\" decoding=\"async\" width=\"768\" height=\"512\" src=\"https:\/\/www.elturistatranquil.com\/wp-content\/uploads\/F18-Muralla-de-Avila.-Lado-norte.jpg\" class=\"attachment-large size-large wp-image-62224\" alt=\"Muralla de Avila\" srcset=\"https:\/\/www.elturistatranquil.com\/wp-content\/uploads\/F18-Muralla-de-Avila.-Lado-norte.jpg 768w, https:\/\/www.elturistatranquil.com\/wp-content\/uploads\/F18-Muralla-de-Avila.-Lado-norte-339x226.jpg 339w\" sizes=\"(max-width: 768px) 100vw, 768px\" \/>\t\t\t\t\t\t\t\t\t\t\t<figcaption class=\"widget-image-caption wp-caption-text\"><\/figcaption>\n\t\t\t\t\t\t\t\t\t\t<\/figure>\n\t\t\t\t\t\t\t\t\t<\/div>\n\t\t\t\t<\/div>\n\t\t\t\t<div class=\"elementor-element elementor-element-bf08370 elementor-widget elementor-widget-image\" data-id=\"bf08370\" data-element_type=\"widget\" data-e-type=\"widget\" data-widget_type=\"image.default\">\n\t\t\t\t<div class=\"elementor-widget-container\">\n\t\t\t\t\t\t\t\t\t\t\t\t<figure class=\"wp-caption\">\n\t\t\t\t\t\t\t\t\t\t<img loading=\"lazy\" decoding=\"async\" width=\"2048\" height=\"1365\" src=\"https:\/\/www.elturistatranquil.com\/wp-content\/uploads\/z-19-0.9-b-z-IMG20250504102959-b-scaled.jpg\" class=\"attachment-large size-large wp-image-62226\" alt=\"Muralla de Avila\" srcset=\"https:\/\/www.elturistatranquil.com\/wp-content\/uploads\/z-19-0.9-b-z-IMG20250504102959-b-scaled.jpg 2048w, https:\/\/www.elturistatranquil.com\/wp-content\/uploads\/z-19-0.9-b-z-IMG20250504102959-b-339x226.jpg 339w, https:\/\/www.elturistatranquil.com\/wp-content\/uploads\/z-19-0.9-b-z-IMG20250504102959-b-768x512.jpg 768w, https:\/\/www.elturistatranquil.com\/wp-content\/uploads\/z-19-0.9-b-z-IMG20250504102959-b-1536x1024.jpg 1536w\" sizes=\"(max-width: 2048px) 100vw, 2048px\" \/>\t\t\t\t\t\t\t\t\t\t\t<figcaption class=\"widget-image-caption wp-caption-text\"><\/figcaption>\n\t\t\t\t\t\t\t\t\t\t<\/figure>\n\t\t\t\t\t\t\t\t\t<\/div>\n\t\t\t\t<\/div>\n\t\t\t\t<div class=\"elementor-element elementor-element-82dd3f1 elementor-widget elementor-widget-heading\" data-id=\"82dd3f1\" data-element_type=\"widget\" data-e-type=\"widget\" data-widget_type=\"heading.default\">\n\t\t\t\t<div class=\"elementor-widget-container\">\n\t\t\t\t\t<h4 class=\"elementor-heading-title elementor-size-default\">Porta del Carmen<\/h4>\t\t\t\t<\/div>\n\t\t\t\t<\/div>\n\t\t\t\t<div class=\"elementor-element elementor-element-a6200b8 elementor-widget elementor-widget-text-editor\" data-id=\"a6200b8\" data-element_type=\"widget\" data-e-type=\"widget\" data-widget_type=\"text-editor.default\">\n\t\t\t\t<div class=\"elementor-widget-container\">\n\t\t\t\t\t\t\t\t\t<p>En arribar a la torrassa 29 la muralla fa un trenc d\u2019angle de 90<sup>o <\/sup>on s\u2019obre la <strong>porta del Carmen<\/strong> (<strong>A<\/strong>) flanquejada al costat exterior pe la torrassa 28.<\/p>\t\t\t\t\t\t\t\t<\/div>\n\t\t\t\t<\/div>\n\t\t\t\t<div class=\"elementor-element elementor-element-4c9ae16 elementor-widget elementor-widget-image\" data-id=\"4c9ae16\" data-element_type=\"widget\" data-e-type=\"widget\" data-widget_type=\"image.default\">\n\t\t\t\t<div class=\"elementor-widget-container\">\n\t\t\t\t\t\t\t\t\t\t\t\t<figure class=\"wp-caption\">\n\t\t\t\t\t\t\t\t\t\t<img loading=\"lazy\" decoding=\"async\" width=\"768\" height=\"512\" src=\"https:\/\/www.elturistatranquil.com\/wp-content\/uploads\/F20-Avila.-puerta-del-Carmen.jpg\" class=\"attachment-large size-large wp-image-62230\" alt=\"Muralla de Avila.\" srcset=\"https:\/\/www.elturistatranquil.com\/wp-content\/uploads\/F20-Avila.-puerta-del-Carmen.jpg 768w, https:\/\/www.elturistatranquil.com\/wp-content\/uploads\/F20-Avila.-puerta-del-Carmen-339x226.jpg 339w\" sizes=\"(max-width: 768px) 100vw, 768px\" \/>\t\t\t\t\t\t\t\t\t\t\t<figcaption class=\"widget-image-caption wp-caption-text\"><\/figcaption>\n\t\t\t\t\t\t\t\t\t\t<\/figure>\n\t\t\t\t\t\t\t\t\t<\/div>\n\t\t\t\t<\/div>\n\t\t\t\t<div class=\"elementor-element elementor-element-e395baf elementor-widget elementor-widget-image\" data-id=\"e395baf\" data-element_type=\"widget\" data-e-type=\"widget\" data-widget_type=\"image.default\">\n\t\t\t\t<div class=\"elementor-widget-container\">\n\t\t\t\t\t\t\t\t\t\t\t\t<figure class=\"wp-caption\">\n\t\t\t\t\t\t\t\t\t\t<img loading=\"lazy\" decoding=\"async\" width=\"768\" height=\"511\" src=\"https:\/\/www.elturistatranquil.com\/wp-content\/uploads\/F21-Avila.-puerta-del-Carmen.jpg\" class=\"attachment-large size-large wp-image-62232\" alt=\"Muralla de Avila.\" srcset=\"https:\/\/www.elturistatranquil.com\/wp-content\/uploads\/F21-Avila.-puerta-del-Carmen.jpg 768w, https:\/\/www.elturistatranquil.com\/wp-content\/uploads\/F21-Avila.-puerta-del-Carmen-339x226.jpg 339w\" sizes=\"(max-width: 768px) 100vw, 768px\" \/>\t\t\t\t\t\t\t\t\t\t\t<figcaption class=\"widget-image-caption wp-caption-text\"><\/figcaption>\n\t\t\t\t\t\t\t\t\t\t<\/figure>\n\t\t\t\t\t\t\t\t\t<\/div>\n\t\t\t\t<\/div>\n\t\t\t\t<div class=\"elementor-element elementor-element-e1baecc elementor-widget elementor-widget-text-editor\" data-id=\"e1baecc\" data-element_type=\"widget\" data-e-type=\"widget\" data-widget_type=\"text-editor.default\">\n\t\t\t\t<div class=\"elementor-widget-container\">\n\t\t\t\t\t\t\t\t\t<p>El trenc de la muralla disposa la porta en colze, cosa que dificulta l\u2019atac en impedir un assalt frontal directe. A m\u00e9s, en aquest cas, s\u2019hi arribaria per un fort pendent, creant una dificultat ofensiva addicional.<\/p><p>La porta del Carmen fou oberta al segle XIV, cap a l\u2019any 1330, amb la finalitat de facilitar l\u2019entrada i sortida de carros cap a la zona nord de la ciutat. Consta d\u2019un senzill arc rebaixat pel qual es travessa el gruix del mur.<\/p><p>Est\u00e0 flanquejada per dues torrasses de planta quadrangular que trenquen la t\u00f2nica semicircular de la resta, donant al conjunt de la porta una aparen\u00e7a diferent. Aquesta configuraci\u00f3 recorda la t\u00e8cnica romana, la qual cosa suggereix que possiblement va reutilitzar o imitar elements d\u2019alguna estructura anterior. En qualsevol cas, els cubs 28 i 29 foren reformats expressament per a la porta adoptant aquesta planta quadrangular refor\u00e7ada.<\/p>\t\t\t\t\t\t\t\t<\/div>\n\t\t\t\t<\/div>\n\t\t\t\t<div class=\"elementor-element elementor-element-b5efd2c elementor-widget elementor-widget-image\" data-id=\"b5efd2c\" data-element_type=\"widget\" data-e-type=\"widget\" data-widget_type=\"image.default\">\n\t\t\t\t<div class=\"elementor-widget-container\">\n\t\t\t\t\t\t\t\t\t\t\t\t<figure class=\"wp-caption\">\n\t\t\t\t\t\t\t\t\t\t<img loading=\"lazy\" decoding=\"async\" width=\"768\" height=\"512\" src=\"https:\/\/www.elturistatranquil.com\/wp-content\/uploads\/F22-Avila.-puerta-del-Carmen.jpg\" class=\"attachment-large size-large wp-image-62237\" alt=\"Muralla de Avila.\" srcset=\"https:\/\/www.elturistatranquil.com\/wp-content\/uploads\/F22-Avila.-puerta-del-Carmen.jpg 768w, https:\/\/www.elturistatranquil.com\/wp-content\/uploads\/F22-Avila.-puerta-del-Carmen-339x226.jpg 339w\" sizes=\"(max-width: 768px) 100vw, 768px\" \/>\t\t\t\t\t\t\t\t\t\t\t<figcaption class=\"widget-image-caption wp-caption-text\"><\/figcaption>\n\t\t\t\t\t\t\t\t\t\t<\/figure>\n\t\t\t\t\t\t\t\t\t<\/div>\n\t\t\t\t<\/div>\n\t\t\t\t<div class=\"elementor-element elementor-element-ec970b5 elementor-widget elementor-widget-image\" data-id=\"ec970b5\" data-element_type=\"widget\" data-e-type=\"widget\" data-widget_type=\"image.default\">\n\t\t\t\t<div class=\"elementor-widget-container\">\n\t\t\t\t\t\t\t\t\t\t\t\t<figure class=\"wp-caption\">\n\t\t\t\t\t\t\t\t\t\t<img loading=\"lazy\" decoding=\"async\" width=\"768\" height=\"512\" src=\"https:\/\/www.elturistatranquil.com\/wp-content\/uploads\/F23-Avila.-puerta-del-Carmen.jpg\" class=\"attachment-large size-large wp-image-62239\" alt=\"Muralla de Avila.\" srcset=\"https:\/\/www.elturistatranquil.com\/wp-content\/uploads\/F23-Avila.-puerta-del-Carmen.jpg 768w, https:\/\/www.elturistatranquil.com\/wp-content\/uploads\/F23-Avila.-puerta-del-Carmen-339x226.jpg 339w\" sizes=\"(max-width: 768px) 100vw, 768px\" \/>\t\t\t\t\t\t\t\t\t\t\t<figcaption class=\"widget-image-caption wp-caption-text\"><\/figcaption>\n\t\t\t\t\t\t\t\t\t\t<\/figure>\n\t\t\t\t\t\t\t\t\t<\/div>\n\t\t\t\t<\/div>\n\t\t\t\t<div class=\"elementor-element elementor-element-a121d92 elementor-widget elementor-widget-text-editor\" data-id=\"a121d92\" data-element_type=\"widget\" data-e-type=\"widget\" data-widget_type=\"text-editor.default\">\n\t\t\t\t<div class=\"elementor-widget-container\">\n\t\t\t\t\t\t\t\t\t<p>Vista des de l\u2019interior.<\/p>\t\t\t\t\t\t\t\t<\/div>\n\t\t\t\t<\/div>\n\t\t\t\t<div class=\"elementor-element elementor-element-447a315 elementor-widget elementor-widget-image\" data-id=\"447a315\" data-element_type=\"widget\" data-e-type=\"widget\" data-widget_type=\"image.default\">\n\t\t\t\t<div class=\"elementor-widget-container\">\n\t\t\t\t\t\t\t\t\t\t\t\t<figure class=\"wp-caption\">\n\t\t\t\t\t\t\t\t\t\t<img loading=\"lazy\" decoding=\"async\" width=\"768\" height=\"512\" src=\"https:\/\/www.elturistatranquil.com\/wp-content\/uploads\/F24-Avila.-puerta-del-Carmen.jpg\" class=\"attachment-large size-large wp-image-62241\" alt=\"Muralla de Avila.\" srcset=\"https:\/\/www.elturistatranquil.com\/wp-content\/uploads\/F24-Avila.-puerta-del-Carmen.jpg 768w, https:\/\/www.elturistatranquil.com\/wp-content\/uploads\/F24-Avila.-puerta-del-Carmen-339x226.jpg 339w\" sizes=\"(max-width: 768px) 100vw, 768px\" \/>\t\t\t\t\t\t\t\t\t\t\t<figcaption class=\"widget-image-caption wp-caption-text\"><\/figcaption>\n\t\t\t\t\t\t\t\t\t\t<\/figure>\n\t\t\t\t\t\t\t\t\t<\/div>\n\t\t\t\t<\/div>\n\t\t\t\t<div class=\"elementor-element elementor-element-517b193 elementor-widget elementor-widget-heading\" data-id=\"517b193\" data-element_type=\"widget\" data-e-type=\"widget\" data-widget_type=\"heading.default\">\n\t\t\t\t<div class=\"elementor-widget-container\">\n\t\t\t\t\t<h5 class=\"elementor-heading-title elementor-size-default\">Llen\u00e7 b<\/h5>\t\t\t\t<\/div>\n\t\t\t\t<\/div>\n\t\t\t\t<div class=\"elementor-element elementor-element-848b710 elementor-widget elementor-widget-text-editor\" data-id=\"848b710\" data-element_type=\"widget\" data-e-type=\"widget\" data-widget_type=\"text-editor.default\">\n\t\t\t\t<div class=\"elementor-widget-container\">\n\t\t\t\t\t\t\t\t\t<p>Entre la porta del Carmen i la porta del Mariscal, el <strong>llen\u00e7<\/strong> (<strong>b<\/strong>) est\u00e0 defensat per 10 torrasses, de la 27 a la 18, i adopta una forma sinuosa d\u2019adaptaci\u00f3 a l\u2019orografia. Fora d\u2019aquesta sinuositat no ofereix cap detall particular.<\/p>\t\t\t\t\t\t\t\t<\/div>\n\t\t\t\t<\/div>\n\t\t\t\t<div class=\"elementor-element elementor-element-6057098 elementor-widget elementor-widget-image\" data-id=\"6057098\" data-element_type=\"widget\" data-e-type=\"widget\" data-widget_type=\"image.default\">\n\t\t\t\t<div class=\"elementor-widget-container\">\n\t\t\t\t\t\t\t\t\t\t\t\t<figure class=\"wp-caption\">\n\t\t\t\t\t\t\t\t\t\t<img loading=\"lazy\" decoding=\"async\" width=\"768\" height=\"512\" src=\"https:\/\/www.elturistatranquil.com\/wp-content\/uploads\/F25-Muralla-de-Avila.-Lado-norte.jpg\" class=\"attachment-large size-large wp-image-62243\" alt=\"Muralla de Avila.\" srcset=\"https:\/\/www.elturistatranquil.com\/wp-content\/uploads\/F25-Muralla-de-Avila.-Lado-norte.jpg 768w, https:\/\/www.elturistatranquil.com\/wp-content\/uploads\/F25-Muralla-de-Avila.-Lado-norte-339x226.jpg 339w\" sizes=\"(max-width: 768px) 100vw, 768px\" \/>\t\t\t\t\t\t\t\t\t\t\t<figcaption class=\"widget-image-caption wp-caption-text\"><\/figcaption>\n\t\t\t\t\t\t\t\t\t\t<\/figure>\n\t\t\t\t\t\t\t\t\t<\/div>\n\t\t\t\t<\/div>\n\t\t\t\t<div class=\"elementor-element elementor-element-bff0a47 elementor-widget elementor-widget-heading\" data-id=\"bff0a47\" data-element_type=\"widget\" data-e-type=\"widget\" data-widget_type=\"heading.default\">\n\t\t\t\t<div class=\"elementor-widget-container\">\n\t\t\t\t\t<h4 class=\"elementor-heading-title elementor-size-default\">Porta del Mariscal<\/h4>\t\t\t\t<\/div>\n\t\t\t\t<\/div>\n\t\t\t\t<div class=\"elementor-element elementor-element-3963af9 elementor-widget elementor-widget-text-editor\" data-id=\"3963af9\" data-element_type=\"widget\" data-e-type=\"widget\" data-widget_type=\"text-editor.default\">\n\t\t\t\t<div class=\"elementor-widget-container\">\n\t\t\t\t\t\t\t\t\t<p>La <strong>porta del Mariscal<\/strong> (<strong>B<\/strong>), anomenada aix\u00ed en honor d\u2019<em>\u00c1lvaro D\u00e1vila<\/em>, mariscal del rei Juan II, qui en finan\u00e7\u00e0 la construcci\u00f3 al segle XV. \u00c9s la segona d\u2019aquest costat nord.<\/p><p>Aquesta porta, oberta entre dues torrasses tipus de la muralla, \u00e9s d\u2019un senzill arc apuntat i, per la f\u00e0brica del mur, es nota que fou oberta amb posterioritat, quan les amenaces exteriors devien ser menors, perqu\u00e8 no disposa de torrasses de defensa propis. S\u2019obr\u00ed per connectar la ciutat amb les terres al nord i a l\u2019est.<\/p><p>\u00c9s una porta senzilla, d\u2019arc apuntat, practicada al centre d\u2019un llen\u00e7 recte de la muralla <strong>entre els cubs 18 <\/strong>i<strong> 17<\/strong>. A difer\u00e8ncia del Carmen, aqu\u00ed les torrasses adjacents, ambdues de planta tipus en \u201cD\u201d, no foren sobredimensionats ni modificades per a la porta, ni disposa de bastions propis, de manera que es tracta simplement d\u2019un buit obert al mur amb una lleugera volta interior, suficient per al pas de persones i cavalcadures. Roman pr\u00e0cticament igual des de la seva construcci\u00f3 medieval, havent evitat transformacions posteriors significatives.<\/p>\t\t\t\t\t\t\t\t<\/div>\n\t\t\t\t<\/div>\n\t\t\t\t<div class=\"elementor-element elementor-element-b5cb94e elementor-widget elementor-widget-image\" data-id=\"b5cb94e\" data-element_type=\"widget\" data-e-type=\"widget\" data-widget_type=\"image.default\">\n\t\t\t\t<div class=\"elementor-widget-container\">\n\t\t\t\t\t\t\t\t\t\t\t\t<figure class=\"wp-caption\">\n\t\t\t\t\t\t\t\t\t\t<img loading=\"lazy\" decoding=\"async\" width=\"768\" height=\"512\" src=\"https:\/\/www.elturistatranquil.com\/wp-content\/uploads\/F26-Muralla-de-Avila.-Puerta-del-Mariscal.jpg\" class=\"attachment-large size-large wp-image-62245\" alt=\"Muralla de Avila\" srcset=\"https:\/\/www.elturistatranquil.com\/wp-content\/uploads\/F26-Muralla-de-Avila.-Puerta-del-Mariscal.jpg 768w, https:\/\/www.elturistatranquil.com\/wp-content\/uploads\/F26-Muralla-de-Avila.-Puerta-del-Mariscal-339x226.jpg 339w\" sizes=\"(max-width: 768px) 100vw, 768px\" \/>\t\t\t\t\t\t\t\t\t\t\t<figcaption class=\"widget-image-caption wp-caption-text\"><\/figcaption>\n\t\t\t\t\t\t\t\t\t\t<\/figure>\n\t\t\t\t\t\t\t\t\t<\/div>\n\t\t\t\t<\/div>\n\t\t\t\t<div class=\"elementor-element elementor-element-b95919d elementor-widget elementor-widget-text-editor\" data-id=\"b95919d\" data-element_type=\"widget\" data-e-type=\"widget\" data-widget_type=\"text-editor.default\">\n\t\t\t\t<div class=\"elementor-widget-container\">\n\t\t\t\t\t\t\t\t\t<p>A l\u2019interior es troben el barri de picapedrers i l\u2019<strong>esgl\u00e9sia rom\u00e0nica de San Andr\u00e9s<\/strong>, que testifiquen la relaci\u00f3 entre la muralla i la vida urbana medieval.<\/p>\t\t\t\t\t\t\t\t<\/div>\n\t\t\t\t<\/div>\n\t\t\t\t<div class=\"elementor-element elementor-element-58e67da elementor-widget elementor-widget-image\" data-id=\"58e67da\" data-element_type=\"widget\" data-e-type=\"widget\" data-widget_type=\"image.default\">\n\t\t\t\t<div class=\"elementor-widget-container\">\n\t\t\t\t\t\t\t\t\t\t\t\t<figure class=\"wp-caption\">\n\t\t\t\t\t\t\t\t\t\t<img loading=\"lazy\" decoding=\"async\" width=\"768\" height=\"511\" src=\"https:\/\/www.elturistatranquil.com\/wp-content\/uploads\/F27-Muralla-de-Avila.-Puerta-del-Mariscal.jpg\" class=\"attachment-large size-large wp-image-62247\" alt=\"Muralla de Avila\" srcset=\"https:\/\/www.elturistatranquil.com\/wp-content\/uploads\/F27-Muralla-de-Avila.-Puerta-del-Mariscal.jpg 768w, https:\/\/www.elturistatranquil.com\/wp-content\/uploads\/F27-Muralla-de-Avila.-Puerta-del-Mariscal-339x226.jpg 339w\" sizes=\"(max-width: 768px) 100vw, 768px\" \/>\t\t\t\t\t\t\t\t\t\t\t<figcaption class=\"widget-image-caption wp-caption-text\"><\/figcaption>\n\t\t\t\t\t\t\t\t\t\t<\/figure>\n\t\t\t\t\t\t\t\t\t<\/div>\n\t\t\t\t<\/div>\n\t\t\t\t<div class=\"elementor-element elementor-element-62877d6 elementor-widget elementor-widget-text-editor\" data-id=\"62877d6\" data-element_type=\"widget\" data-e-type=\"widget\" data-widget_type=\"text-editor.default\">\n\t\t\t\t<div class=\"elementor-widget-container\">\n\t\t\t\t\t\t\t\t\t<p>Des de l\u2019interior podem observar la forma massissa de les torrasses fins arribar a la plataforma superior per una escala que parteix de l\u2019adarb.<\/p>\t\t\t\t\t\t\t\t<\/div>\n\t\t\t\t<\/div>\n\t\t\t\t<div class=\"elementor-element elementor-element-2c45584 elementor-widget elementor-widget-image\" data-id=\"2c45584\" data-element_type=\"widget\" data-e-type=\"widget\" data-widget_type=\"image.default\">\n\t\t\t\t<div class=\"elementor-widget-container\">\n\t\t\t\t\t\t\t\t\t\t\t\t<figure class=\"wp-caption\">\n\t\t\t\t\t\t\t\t\t\t<img loading=\"lazy\" decoding=\"async\" width=\"768\" height=\"511\" src=\"https:\/\/www.elturistatranquil.com\/wp-content\/uploads\/F28-Muralla-de-Avila.-Puerta-del-Mariscal.jpg\" class=\"attachment-large size-large wp-image-62249\" alt=\"Muralla de Avila\" srcset=\"https:\/\/www.elturistatranquil.com\/wp-content\/uploads\/F28-Muralla-de-Avila.-Puerta-del-Mariscal.jpg 768w, https:\/\/www.elturistatranquil.com\/wp-content\/uploads\/F28-Muralla-de-Avila.-Puerta-del-Mariscal-339x226.jpg 339w\" sizes=\"(max-width: 768px) 100vw, 768px\" \/>\t\t\t\t\t\t\t\t\t\t\t<figcaption class=\"widget-image-caption wp-caption-text\"><\/figcaption>\n\t\t\t\t\t\t\t\t\t\t<\/figure>\n\t\t\t\t\t\t\t\t\t<\/div>\n\t\t\t\t<\/div>\n\t\t\t\t<div class=\"elementor-element elementor-element-186c9e7 elementor-widget elementor-widget-heading\" data-id=\"186c9e7\" data-element_type=\"widget\" data-e-type=\"widget\" data-widget_type=\"heading.default\">\n\t\t\t\t<div class=\"elementor-widget-container\">\n\t\t\t\t\t<h5 class=\"elementor-heading-title elementor-size-default\">Llen\u00e7 c<\/h5>\t\t\t\t<\/div>\n\t\t\t\t<\/div>\n\t\t\t\t<div class=\"elementor-element elementor-element-6f4d281 elementor-widget elementor-widget-text-editor\" data-id=\"6f4d281\" data-element_type=\"widget\" data-e-type=\"widget\" data-widget_type=\"text-editor.default\">\n\t\t\t\t<div class=\"elementor-widget-container\">\n\t\t\t\t\t\t\t\t\t<p>El <strong>llen\u00e7<\/strong> (<strong>c<\/strong>) continua amb sis cubs caracter\u00edstics, del 17 al 12, i seguint igualment la l\u00ednia sinuosa imposada pel terreny fins arribar al cub cantoner de la Mula (<strong>11<\/strong>).<\/p>\t\t\t\t\t\t\t\t<\/div>\n\t\t\t\t<\/div>\n\t\t\t\t<div class=\"elementor-element elementor-element-7d51371 elementor-widget elementor-widget-image\" data-id=\"7d51371\" data-element_type=\"widget\" data-e-type=\"widget\" data-widget_type=\"image.default\">\n\t\t\t\t<div class=\"elementor-widget-container\">\n\t\t\t\t\t\t\t\t\t\t\t\t<figure class=\"wp-caption\">\n\t\t\t\t\t\t\t\t\t\t<img loading=\"lazy\" decoding=\"async\" width=\"768\" height=\"512\" src=\"https:\/\/www.elturistatranquil.com\/wp-content\/uploads\/F30-Muralla-de-Avila.-Lado-norte.jpg\" class=\"attachment-large size-large wp-image-62251\" alt=\"Muralla de Avila\" srcset=\"https:\/\/www.elturistatranquil.com\/wp-content\/uploads\/F30-Muralla-de-Avila.-Lado-norte.jpg 768w, https:\/\/www.elturistatranquil.com\/wp-content\/uploads\/F30-Muralla-de-Avila.-Lado-norte-339x226.jpg 339w\" sizes=\"(max-width: 768px) 100vw, 768px\" \/>\t\t\t\t\t\t\t\t\t\t\t<figcaption class=\"widget-image-caption wp-caption-text\"><\/figcaption>\n\t\t\t\t\t\t\t\t\t\t<\/figure>\n\t\t\t\t\t\t\t\t\t<\/div>\n\t\t\t\t<\/div>\n\t\t\t\t<div class=\"elementor-element elementor-element-7aa4360 elementor-widget elementor-widget-text-editor\" data-id=\"7aa4360\" data-element_type=\"widget\" data-e-type=\"widget\" data-widget_type=\"text-editor.default\">\n\t\t\t\t<div class=\"elementor-widget-container\">\n\t\t\t\t\t\t\t\t\t<p>Al tram seg\u00fcent de la porta, entre els cubs 17 i 18, s\u2019observa a la part alta del mur un matac\u00e0. Per l\u00f2gica constructiva, els matacans tenien la funci\u00f3 de defensar des de l\u2019al\u00e7ada un buit obert a la base de la seva vertical. Actualment aquest buit no existeix, per\u00f2 si s\u2019observa amb detall la f\u00e0brica del mur s\u2019entreveu que all\u00ed hi podia existir un portell.<\/p>\t\t\t\t\t\t\t\t<\/div>\n\t\t\t\t<\/div>\n\t\t\t\t<div class=\"elementor-element elementor-element-563367e elementor-widget elementor-widget-image\" data-id=\"563367e\" data-element_type=\"widget\" data-e-type=\"widget\" data-widget_type=\"image.default\">\n\t\t\t\t<div class=\"elementor-widget-container\">\n\t\t\t\t\t\t\t\t\t\t\t\t<figure class=\"wp-caption\">\n\t\t\t\t\t\t\t\t\t\t<img loading=\"lazy\" decoding=\"async\" width=\"768\" height=\"512\" src=\"https:\/\/www.elturistatranquil.com\/wp-content\/uploads\/F31-Muralla-de-Avila.-Lado-norte.jpg\" class=\"attachment-large size-large wp-image-62253\" alt=\"Muralla de Avila\" srcset=\"https:\/\/www.elturistatranquil.com\/wp-content\/uploads\/F31-Muralla-de-Avila.-Lado-norte.jpg 768w, https:\/\/www.elturistatranquil.com\/wp-content\/uploads\/F31-Muralla-de-Avila.-Lado-norte-339x226.jpg 339w\" sizes=\"(max-width: 768px) 100vw, 768px\" \/>\t\t\t\t\t\t\t\t\t\t\t<figcaption class=\"widget-image-caption wp-caption-text\"><\/figcaption>\n\t\t\t\t\t\t\t\t\t\t<\/figure>\n\t\t\t\t\t\t\t\t\t<\/div>\n\t\t\t\t<\/div>\n\t\t\t\t<div class=\"elementor-element elementor-element-d676a84 elementor-widget elementor-widget-image\" data-id=\"d676a84\" data-element_type=\"widget\" data-e-type=\"widget\" data-widget_type=\"image.default\">\n\t\t\t\t<div class=\"elementor-widget-container\">\n\t\t\t\t\t\t\t\t\t\t\t\t<figure class=\"wp-caption\">\n\t\t\t\t\t\t\t\t\t\t<img loading=\"lazy\" decoding=\"async\" width=\"768\" height=\"512\" src=\"https:\/\/www.elturistatranquil.com\/wp-content\/uploads\/F32-Muralla-de-Avila.-Lado-norte.jpg\" class=\"attachment-large size-large wp-image-62255\" alt=\"Muralla de Avila\" srcset=\"https:\/\/www.elturistatranquil.com\/wp-content\/uploads\/F32-Muralla-de-Avila.-Lado-norte.jpg 768w, https:\/\/www.elturistatranquil.com\/wp-content\/uploads\/F32-Muralla-de-Avila.-Lado-norte-339x226.jpg 339w\" sizes=\"(max-width: 768px) 100vw, 768px\" \/>\t\t\t\t\t\t\t\t\t\t\t<figcaption class=\"widget-image-caption wp-caption-text\"><\/figcaption>\n\t\t\t\t\t\t\t\t\t\t<\/figure>\n\t\t\t\t\t\t\t\t\t<\/div>\n\t\t\t\t<\/div>\n\t\t\t\t<div class=\"elementor-element elementor-element-435b98c elementor-widget elementor-widget-text-editor\" data-id=\"435b98c\" data-element_type=\"widget\" data-e-type=\"widget\" data-widget_type=\"text-editor.default\">\n\t\t\t\t<div class=\"elementor-widget-container\">\n\t\t\t\t\t\t\t\t\t<p>A la resta del llen\u00e7 no s\u2019observen altres detalls diferencials. Solament verificar que el pendent del terreny s\u2019acosta al nivell del terreny aplanat que configura la cara de llevant.<\/p>\t\t\t\t\t\t\t\t<\/div>\n\t\t\t\t<\/div>\n\t\t\t\t<div class=\"elementor-element elementor-element-1e82ccc elementor-widget elementor-widget-image\" data-id=\"1e82ccc\" data-element_type=\"widget\" data-e-type=\"widget\" data-widget_type=\"image.default\">\n\t\t\t\t<div class=\"elementor-widget-container\">\n\t\t\t\t\t\t\t\t\t\t\t\t<figure class=\"wp-caption\">\n\t\t\t\t\t\t\t\t\t\t<img loading=\"lazy\" decoding=\"async\" width=\"768\" height=\"511\" src=\"https:\/\/www.elturistatranquil.com\/wp-content\/uploads\/F33-Muralla-de-Avila.-Lado-norte.jpg\" class=\"attachment-large size-large wp-image-62260\" alt=\"Muralla de Avila\" srcset=\"https:\/\/www.elturistatranquil.com\/wp-content\/uploads\/F33-Muralla-de-Avila.-Lado-norte.jpg 768w, https:\/\/www.elturistatranquil.com\/wp-content\/uploads\/F33-Muralla-de-Avila.-Lado-norte-339x226.jpg 339w\" sizes=\"(max-width: 768px) 100vw, 768px\" \/>\t\t\t\t\t\t\t\t\t\t\t<figcaption class=\"widget-image-caption wp-caption-text\"><\/figcaption>\n\t\t\t\t\t\t\t\t\t\t<\/figure>\n\t\t\t\t\t\t\t\t\t<\/div>\n\t\t\t\t<\/div>\n\t\t\t\t<div class=\"elementor-element elementor-element-69b57b5 elementor-widget elementor-widget-text-editor\" data-id=\"69b57b5\" data-element_type=\"widget\" data-e-type=\"widget\" data-widget_type=\"text-editor.default\">\n\t\t\t\t<div class=\"elementor-widget-container\">\n\t\t\t\t\t\t\t\t\t<p>El cub 11 final de tram ofereix en aquest punt la forma de torre en angle, ja que hem vist abans que la disposici\u00f3 de les torres cantoners les feu sobresortir per la base de la \u201cD\u201d, donant lloc a aquest angle recte.<\/p>\t\t\t\t\t\t\t\t<\/div>\n\t\t\t\t<\/div>\n\t\t\t\t<div class=\"elementor-element elementor-element-c572a53 elementor-widget elementor-widget-image\" data-id=\"c572a53\" data-element_type=\"widget\" data-e-type=\"widget\" data-widget_type=\"image.default\">\n\t\t\t\t<div class=\"elementor-widget-container\">\n\t\t\t\t\t\t\t\t\t\t\t\t<figure class=\"wp-caption\">\n\t\t\t\t\t\t\t\t\t\t<img loading=\"lazy\" decoding=\"async\" width=\"768\" height=\"512\" src=\"https:\/\/www.elturistatranquil.com\/wp-content\/uploads\/F34-Muralla-de-Avila.-Lado-norte.jpg\" class=\"attachment-large size-large wp-image-62262\" alt=\"Muralla de Avila\" srcset=\"https:\/\/www.elturistatranquil.com\/wp-content\/uploads\/F34-Muralla-de-Avila.-Lado-norte.jpg 768w, https:\/\/www.elturistatranquil.com\/wp-content\/uploads\/F34-Muralla-de-Avila.-Lado-norte-339x226.jpg 339w\" sizes=\"(max-width: 768px) 100vw, 768px\" \/>\t\t\t\t\t\t\t\t\t\t\t<figcaption class=\"widget-image-caption wp-caption-text\"><\/figcaption>\n\t\t\t\t\t\t\t\t\t\t<\/figure>\n\t\t\t\t\t\t\t\t\t<\/div>\n\t\t\t\t<\/div>\n\t\t\t\t<div class=\"elementor-element elementor-element-21d5543 elementor-widget elementor-widget-text-editor\" data-id=\"21d5543\" data-element_type=\"widget\" data-e-type=\"widget\" data-widget_type=\"text-editor.default\">\n\t\t\t\t<div class=\"elementor-widget-container\">\n\t\t\t\t\t\t\t\t\t<p>L\u2019abs\u00e8ncia de construccions a l\u2019exterior ens ha perm\u00e8s observar la visibilitat defensiva i un aspecte imponent i net per a aquest costat nord de muralla rom\u00e0nica de la segona meitat del segle XII, sostinguda per materials locals com el granit, morter i cal\u00e7, per\u00f2 adaptada sempre a les condicions singulars del terreny escarpat del flanc nord de la ciutat a partir del cub 11.<\/p>\t\t\t\t\t\t\t\t<\/div>\n\t\t\t\t<\/div>\n\t\t\t\t<div class=\"elementor-element elementor-element-08b13b1 elementor-widget elementor-widget-heading\" data-id=\"08b13b1\" data-element_type=\"widget\" data-e-type=\"widget\" data-widget_type=\"heading.default\">\n\t\t\t\t<div class=\"elementor-widget-container\">\n\t\t\t\t\t<h3 class=\"elementor-heading-title elementor-size-default\">Costat est de la muralla: del cub de la Mula al cub de l\u2019Espinal<\/h3>\t\t\t\t<\/div>\n\t\t\t\t<\/div>\n\t\t\t\t<div class=\"elementor-element elementor-element-516ee5c elementor-widget elementor-widget-text-editor\" data-id=\"516ee5c\" data-element_type=\"widget\" data-e-type=\"widget\" data-widget_type=\"text-editor.default\">\n\t\t\t\t<div class=\"elementor-widget-container\">\n\t\t\t\t\t\t\t\t\t<p>El tram oriental de la muralla d\u2019\u00c0vila, compr\u00e8s entre el <strong>cub 11<\/strong> o <strong>de la Mula<\/strong> i el <strong>cub 81<\/strong> o <strong>de l\u2019Espinal<\/strong>, s\u2019est\u00e9n sobre una zona plana i accessible que condicion\u00e0 l\u2019estructura defensiva i el ritme constructiu dels seus elements. Tractant-se de la part de l\u2019altipl\u00e0, aquest sector manca d\u2019accidents geogr\u00e0fics abruptes, de manera que aqu\u00ed la muralla es degu\u00e9 refor\u00e7ar amb una major al\u00e7ada i gruix dels seus llen\u00e7os, incrementant la monumentalitat dels cubs, tot i mantenir la mateixa forma rom\u00e0nica en \u201cD\u201d, i adaptant les portes a un entorn m\u00e9s obert i urbanitzable.<\/p><p>Per refor\u00e7ar la defensa de tot aquest llen\u00e7 a nivell del s\u00f2l, estava precedit d\u2019una forta barbacana amb el seu fossat.<\/p><p>En aquest front oriental es concentren les portes m\u00e9s transitades per la seva connexi\u00f3 amb ravals i camins de l\u2019exterior: <strong>San Vicente<\/strong>, <strong>San Pedro<\/strong> <strong>o Alc\u00e0sser<\/strong>, el <strong>Postigo del Arzobispo<\/strong> (clausurat 1597) i, ja en \u00e8poca moderna, la <strong>porta de la Catedral<\/strong>.<\/p><p>En aquest sector \u00e9s destacable l\u2019abund\u00e0ncia de <em>spolia<\/em> romans visibles i els recreixements tardo medievals de panys. El llen\u00e7 oriental mant\u00e9 torres de major al\u00e7ada que altres fronts, coherents amb el seu refor\u00e7 defensiu hist\u00f2ric per l\u2019accessibilitat topogr\u00e0fica.<\/p>\t\t\t\t\t\t\t\t<\/div>\n\t\t\t\t<\/div>\n\t\t\t\t<div class=\"elementor-element elementor-element-7acdacd elementor-widget elementor-widget-heading\" data-id=\"7acdacd\" data-element_type=\"widget\" data-e-type=\"widget\" data-widget_type=\"heading.default\">\n\t\t\t\t<div class=\"elementor-widget-container\">\n\t\t\t\t\t<h5 class=\"elementor-heading-title elementor-size-default\">Accessos a l\u2019adarb<\/h5>\t\t\t\t<\/div>\n\t\t\t\t<\/div>\n\t\t\t\t<div class=\"elementor-element elementor-element-681a2c9 elementor-widget elementor-widget-text-editor\" data-id=\"681a2c9\" data-element_type=\"widget\" data-e-type=\"widget\" data-widget_type=\"text-editor.default\">\n\t\t\t\t<div class=\"elementor-widget-container\">\n\t\t\t\t\t\t\t\t\t<p>Ingressos operatius situats a la <strong>Casa de las Carnicer\u00edas<\/strong> (al costat de la porta de la Catedral) i a la <strong>porta del Alc\u00e1zar<\/strong>, segons condicions de visita.<\/p><p>El costat est t\u00e9 un tra\u00e7at dividit en dues parts. Des del cub de la Mula fins al cub 4 t\u00e9 una forma c\u00f2ncava. A partir d\u2019aqu\u00ed, fins al final del costat al cub 81, el tra\u00e7at \u00e9s aproximadament rectilini. No existeix una explicaci\u00f3 per al tra\u00e7at corb reculat del primer tram. Una hip\u00f2tesi amb qu\u00e8 s\u2019especula \u00e9s que s\u2019hagu\u00e9s adaptat a la forma d\u2019una necr\u00f2polis romana que existia en aquell lloc, i de la qual alguns restes es van aprofitar com a <em>spolia<\/em> (l\u00e0pides, <em>cupae<\/em>, cistes) a la muralla.<\/p><p>Alguns dels panys d\u2019aquest costat foren recrescuts al segle XV fins a l\u2019al\u00e7ada dels cubs.<\/p><p>En tot el tra\u00e7at rectilini, el front de muralla entre cubs fou ocupat per construccions, de les quals s\u2019han eliminat les de menor prest\u00e0ncia.<\/p>\t\t\t\t\t\t\t\t<\/div>\n\t\t\t\t<\/div>\n\t\t\t\t<div class=\"elementor-element elementor-element-0ccb915 elementor-widget elementor-widget-heading\" data-id=\"0ccb915\" data-element_type=\"widget\" data-e-type=\"widget\" data-widget_type=\"heading.default\">\n\t\t\t\t<div class=\"elementor-widget-container\">\n\t\t\t\t\t<h5 class=\"elementor-heading-title elementor-size-default\">Llen\u00e7 d<\/h5>\t\t\t\t<\/div>\n\t\t\t\t<\/div>\n\t\t\t\t<div class=\"elementor-element elementor-element-92de344 elementor-widget elementor-widget-text-editor\" data-id=\"92de344\" data-element_type=\"widget\" data-e-type=\"widget\" data-widget_type=\"text-editor.default\">\n\t\t\t\t<div class=\"elementor-widget-container\">\n\t\t\t\t\t\t\t\t\t<p>El primer tram de llevant (<strong>d<\/strong>) l\u2019inicio al <strong>cub 11<\/strong> o <strong>cub de la Mula<\/strong> al qual hem arribat pel costat nord, situat a l\u2019angle de 90<sup>o<\/sup> de transici\u00f3 entre els costats nord fins a la <strong>porta de San Vicente<\/strong> (<strong>C<\/strong>).<\/p>\t\t\t\t\t\t\t\t<\/div>\n\t\t\t\t<\/div>\n\t\t\t\t<div class=\"elementor-element elementor-element-8f468af elementor-widget elementor-widget-image\" data-id=\"8f468af\" data-element_type=\"widget\" data-e-type=\"widget\" data-widget_type=\"image.default\">\n\t\t\t\t<div class=\"elementor-widget-container\">\n\t\t\t\t\t\t\t\t\t\t\t\t<figure class=\"wp-caption\">\n\t\t\t\t\t\t\t\t\t\t<img loading=\"lazy\" decoding=\"async\" width=\"768\" height=\"512\" src=\"https:\/\/www.elturistatranquil.com\/wp-content\/uploads\/F35-Muralla-de-Avila.-Lado-este.jpg\" class=\"attachment-large size-large wp-image-62264\" alt=\"Muralla de Avila\" srcset=\"https:\/\/www.elturistatranquil.com\/wp-content\/uploads\/F35-Muralla-de-Avila.-Lado-este.jpg 768w, https:\/\/www.elturistatranquil.com\/wp-content\/uploads\/F35-Muralla-de-Avila.-Lado-este-339x226.jpg 339w\" sizes=\"(max-width: 768px) 100vw, 768px\" \/>\t\t\t\t\t\t\t\t\t\t\t<figcaption class=\"widget-image-caption wp-caption-text\"><\/figcaption>\n\t\t\t\t\t\t\t\t\t\t<\/figure>\n\t\t\t\t\t\t\t\t\t<\/div>\n\t\t\t\t<\/div>\n\t\t\t\t<div class=\"elementor-element elementor-element-9709865 elementor-widget elementor-widget-text-editor\" data-id=\"9709865\" data-element_type=\"widget\" data-e-type=\"widget\" data-widget_type=\"text-editor.default\">\n\t\t\t\t<div class=\"elementor-widget-container\">\n\t\t\t\t\t\t\t\t\t<p>El cub de la Mula marca una fita amb la seva planta en \u201cD\u201d, dimensions robustes (entorn dels 12 metres d\u2019al\u00e7ada) i llegendes hist\u00f2riques associades.<\/p><p>Un detall interessant d\u2019aquest cub fa refer\u00e8ncia a la incrustaci\u00f3 del cap d\u2019un verrac a la part alta, fet que ha motivat que se l\u2019anomeni cub de la Mula.<\/p><p>Al mateix temps, podem veure un exemple de l\u2019aportaci\u00f3 mud\u00e8jar en forma d\u2019esquinilles, sardinals, espigues i encintats que podem trobar en diverses parts de la muralla.<\/p>\t\t\t\t\t\t\t\t<\/div>\n\t\t\t\t<\/div>\n\t\t\t\t<div class=\"elementor-element elementor-element-9647620 elementor-widget elementor-widget-image\" data-id=\"9647620\" data-element_type=\"widget\" data-e-type=\"widget\" data-widget_type=\"image.default\">\n\t\t\t\t<div class=\"elementor-widget-container\">\n\t\t\t\t\t\t\t\t\t\t\t\t<figure class=\"wp-caption\">\n\t\t\t\t\t\t\t\t\t\t<img loading=\"lazy\" decoding=\"async\" width=\"768\" height=\"511\" src=\"https:\/\/www.elturistatranquil.com\/wp-content\/uploads\/F36-Muralla-de-Avila.-Cubo-de-la-Mula.jpg\" class=\"attachment-large size-large wp-image-62266\" alt=\"Muralla de Avila\" srcset=\"https:\/\/www.elturistatranquil.com\/wp-content\/uploads\/F36-Muralla-de-Avila.-Cubo-de-la-Mula.jpg 768w, https:\/\/www.elturistatranquil.com\/wp-content\/uploads\/F36-Muralla-de-Avila.-Cubo-de-la-Mula-339x226.jpg 339w\" sizes=\"(max-width: 768px) 100vw, 768px\" \/>\t\t\t\t\t\t\t\t\t\t\t<figcaption class=\"widget-image-caption wp-caption-text\"><\/figcaption>\n\t\t\t\t\t\t\t\t\t\t<\/figure>\n\t\t\t\t\t\t\t\t\t<\/div>\n\t\t\t\t<\/div>\n\t\t\t\t<div class=\"elementor-element elementor-element-ba8c223 elementor-widget elementor-widget-text-editor\" data-id=\"ba8c223\" data-element_type=\"widget\" data-e-type=\"widget\" data-widget_type=\"text-editor.default\">\n\t\t\t\t<div class=\"elementor-widget-container\">\n\t\t\t\t\t\t\t\t\t<p>Detall d\u2019una <em>spolia<\/em> al mur.<\/p>\t\t\t\t\t\t\t\t<\/div>\n\t\t\t\t<\/div>\n\t\t\t\t<div class=\"elementor-element elementor-element-d51d9d8 elementor-widget elementor-widget-image\" data-id=\"d51d9d8\" data-element_type=\"widget\" data-e-type=\"widget\" data-widget_type=\"image.default\">\n\t\t\t\t<div class=\"elementor-widget-container\">\n\t\t\t\t\t\t\t\t\t\t\t\t<figure class=\"wp-caption\">\n\t\t\t\t\t\t\t\t\t\t<img loading=\"lazy\" decoding=\"async\" width=\"768\" height=\"510\" src=\"https:\/\/www.elturistatranquil.com\/wp-content\/uploads\/F37-Muralla-de-Avila.-Lado-norte.jpg\" class=\"attachment-large size-large wp-image-62268\" alt=\"Muralla de Avila\" srcset=\"https:\/\/www.elturistatranquil.com\/wp-content\/uploads\/F37-Muralla-de-Avila.-Lado-norte.jpg 768w, https:\/\/www.elturistatranquil.com\/wp-content\/uploads\/F37-Muralla-de-Avila.-Lado-norte-339x226.jpg 339w\" sizes=\"(max-width: 768px) 100vw, 768px\" \/>\t\t\t\t\t\t\t\t\t\t\t<figcaption class=\"widget-image-caption wp-caption-text\"><\/figcaption>\n\t\t\t\t\t\t\t\t\t\t<\/figure>\n\t\t\t\t\t\t\t\t\t<\/div>\n\t\t\t\t<\/div>\n\t\t\t\t<div class=\"elementor-element elementor-element-f09baab elementor-widget elementor-widget-heading\" data-id=\"f09baab\" data-element_type=\"widget\" data-e-type=\"widget\" data-widget_type=\"heading.default\">\n\t\t\t\t<div class=\"elementor-widget-container\">\n\t\t\t\t\t<h4 class=\"elementor-heading-title elementor-size-default\">Porta de San Vicente<\/h4>\t\t\t\t<\/div>\n\t\t\t\t<\/div>\n\t\t\t\t<div class=\"elementor-element elementor-element-c9f1970 elementor-widget elementor-widget-text-editor\" data-id=\"c9f1970\" data-element_type=\"widget\" data-e-type=\"widget\" data-widget_type=\"text-editor.default\">\n\t\t\t\t<div class=\"elementor-widget-container\">\n\t\t\t\t\t\t\t\t\t<p>Pocs metres despr\u00e9s del <strong>cub 11<\/strong> es troba la <strong>porta de San Vicente <\/strong>(<strong>C<\/strong>) una de les principals del costat est i una de les m\u00e9s monumentals del conjunt emmurallat. Rep aquest nom per trobar-se davant la <strong>bas\u00edlica de San Vicente<\/strong>.<\/p><p>Ens trobem davant d\u2019una de les dues portes ic\u00f2niques de la muralla d\u2019\u00c0vila, les que s\u00f3n el s\u00edmbol reconeixible a tot el m\u00f3n.<\/p><p>El seu acc\u00e9s exterior est\u00e0 flanquejat per dos enormes torrasses de m\u00e9s de 20 metres d\u2019al\u00e7ada, unides per un pont d\u2019arc de mig punt que sost\u00e9 un adarb\u2013pont, amb m\u00e8nsules sota el tauler, que uneix les terrasses de les dues torres. Al mateix temps, s\u2019hi podia hostilitzar des de dalt les tropes que s\u2019acostessin a la porta.<\/p>\t\t\t\t\t\t\t\t<\/div>\n\t\t\t\t<\/div>\n\t\t\t\t<div class=\"elementor-element elementor-element-6c41f68 elementor-widget elementor-widget-image\" data-id=\"6c41f68\" data-element_type=\"widget\" data-e-type=\"widget\" data-widget_type=\"image.default\">\n\t\t\t\t<div class=\"elementor-widget-container\">\n\t\t\t\t\t\t\t\t\t\t\t\t<figure class=\"wp-caption\">\n\t\t\t\t\t\t\t\t\t\t<img loading=\"lazy\" decoding=\"async\" width=\"768\" height=\"512\" src=\"https:\/\/www.elturistatranquil.com\/wp-content\/uploads\/F38-Muralla-de-Avila.-Puerta-de-San-Vicente.jpg\" class=\"attachment-large size-large wp-image-62270\" alt=\"Muralla de Avila\" srcset=\"https:\/\/www.elturistatranquil.com\/wp-content\/uploads\/F38-Muralla-de-Avila.-Puerta-de-San-Vicente.jpg 768w, https:\/\/www.elturistatranquil.com\/wp-content\/uploads\/F38-Muralla-de-Avila.-Puerta-de-San-Vicente-339x226.jpg 339w\" sizes=\"(max-width: 768px) 100vw, 768px\" \/>\t\t\t\t\t\t\t\t\t\t\t<figcaption class=\"widget-image-caption wp-caption-text\"><\/figcaption>\n\t\t\t\t\t\t\t\t\t\t<\/figure>\n\t\t\t\t\t\t\t\t\t<\/div>\n\t\t\t\t<\/div>\n\t\t\t\t<div class=\"elementor-element elementor-element-aacf2ad elementor-widget elementor-widget-image\" data-id=\"aacf2ad\" data-element_type=\"widget\" data-e-type=\"widget\" data-widget_type=\"image.default\">\n\t\t\t\t<div class=\"elementor-widget-container\">\n\t\t\t\t\t\t\t\t\t\t\t\t<figure class=\"wp-caption\">\n\t\t\t\t\t\t\t\t\t\t<img loading=\"lazy\" decoding=\"async\" width=\"768\" height=\"511\" src=\"https:\/\/www.elturistatranquil.com\/wp-content\/uploads\/F39-Muralla-de-Avila.-Puerta-de-San-Vicente.jpg\" class=\"attachment-large size-large wp-image-62272\" alt=\"Muralla de Avila\" srcset=\"https:\/\/www.elturistatranquil.com\/wp-content\/uploads\/F39-Muralla-de-Avila.-Puerta-de-San-Vicente.jpg 768w, https:\/\/www.elturistatranquil.com\/wp-content\/uploads\/F39-Muralla-de-Avila.-Puerta-de-San-Vicente-339x226.jpg 339w\" sizes=\"(max-width: 768px) 100vw, 768px\" \/>\t\t\t\t\t\t\t\t\t\t\t<figcaption class=\"widget-image-caption wp-caption-text\"><\/figcaption>\n\t\t\t\t\t\t\t\t\t\t<\/figure>\n\t\t\t\t\t\t\t\t\t<\/div>\n\t\t\t\t<\/div>\n\t\t\t\t<div class=\"elementor-element elementor-element-4b08448 elementor-widget elementor-widget-text-editor\" data-id=\"4b08448\" data-element_type=\"widget\" data-e-type=\"widget\" data-widget_type=\"text-editor.default\">\n\t\t\t\t<div class=\"elementor-widget-container\">\n\t\t\t\t\t\t\t\t\t<p>La porta d\u2019acc\u00e9s \u00e9s una senzilla obertura d\u2019arc de mig punt.<\/p>\t\t\t\t\t\t\t\t<\/div>\n\t\t\t\t<\/div>\n\t\t\t\t<div class=\"elementor-element elementor-element-20e84df elementor-widget elementor-widget-image\" data-id=\"20e84df\" data-element_type=\"widget\" data-e-type=\"widget\" data-widget_type=\"image.default\">\n\t\t\t\t<div class=\"elementor-widget-container\">\n\t\t\t\t\t\t\t\t\t\t\t\t<figure class=\"wp-caption\">\n\t\t\t\t\t\t\t\t\t\t<img loading=\"lazy\" decoding=\"async\" width=\"768\" height=\"511\" src=\"https:\/\/www.elturistatranquil.com\/wp-content\/uploads\/F40-Muralla-de-Avila.-Puerta-de-San-Vicente.jpg\" class=\"attachment-large size-large wp-image-62274\" alt=\"Muralla de Avila\" srcset=\"https:\/\/www.elturistatranquil.com\/wp-content\/uploads\/F40-Muralla-de-Avila.-Puerta-de-San-Vicente.jpg 768w, https:\/\/www.elturistatranquil.com\/wp-content\/uploads\/F40-Muralla-de-Avila.-Puerta-de-San-Vicente-339x226.jpg 339w\" sizes=\"(max-width: 768px) 100vw, 768px\" \/>\t\t\t\t\t\t\t\t\t\t\t<figcaption class=\"widget-image-caption wp-caption-text\"><\/figcaption>\n\t\t\t\t\t\t\t\t\t\t<\/figure>\n\t\t\t\t\t\t\t\t\t<\/div>\n\t\t\t\t<\/div>\n\t\t\t\t<div class=\"elementor-element elementor-element-7ad1ddd elementor-widget elementor-widget-text-editor\" data-id=\"7ad1ddd\" data-element_type=\"widget\" data-e-type=\"widget\" data-widget_type=\"text-editor.default\">\n\t\t\t\t<div class=\"elementor-widget-container\">\n\t\t\t\t\t\t\t\t\t<p>Com a mostra del simbolisme d\u2019aquesta muralla i les seves portes, recordem que l\u2019any 1929 es feu una reconstrucci\u00f3 com a porta d\u2019entrada al recinte del <strong>Poble Espanyol de Barcelona<\/strong>, creat per mostrar l\u2019arquitectura popular durant l\u2019Exposici\u00f3 Universal de 1929.<\/p>\t\t\t\t\t\t\t\t<\/div>\n\t\t\t\t<\/div>\n\t\t\t\t<div class=\"elementor-element elementor-element-23eae02 elementor-widget elementor-widget-image\" data-id=\"23eae02\" data-element_type=\"widget\" data-e-type=\"widget\" data-widget_type=\"image.default\">\n\t\t\t\t<div class=\"elementor-widget-container\">\n\t\t\t\t\t\t\t\t\t\t\t\t<figure class=\"wp-caption\">\n\t\t\t\t\t\t\t\t\t\t<img loading=\"lazy\" decoding=\"async\" width=\"768\" height=\"511\" src=\"https:\/\/www.elturistatranquil.com\/wp-content\/uploads\/F40b-Entrada-principal-del-recinto-del-Poble-Espanyol.-durante-las-obras-de-construccion-CARLOS-PEREZ-DE-ROZAS-Arxiu-Fotografic-de-Barcelona.jpg\" class=\"attachment-large size-large wp-image-62276\" alt=\"Muralla de Avila\" srcset=\"https:\/\/www.elturistatranquil.com\/wp-content\/uploads\/F40b-Entrada-principal-del-recinto-del-Poble-Espanyol.-durante-las-obras-de-construccion-CARLOS-PEREZ-DE-ROZAS-Arxiu-Fotografic-de-Barcelona.jpg 768w, https:\/\/www.elturistatranquil.com\/wp-content\/uploads\/F40b-Entrada-principal-del-recinto-del-Poble-Espanyol.-durante-las-obras-de-construccion-CARLOS-PEREZ-DE-ROZAS-Arxiu-Fotografic-de-Barcelona-339x226.jpg 339w\" sizes=\"(max-width: 768px) 100vw, 768px\" \/>\t\t\t\t\t\t\t\t\t\t\t<figcaption class=\"widget-image-caption wp-caption-text\">Entrada principal del recinte del Poble Espanyol durant les obres de construcci\u00f3 (Carlos P\u00e9rez de Rozas \/ Arxiu Fotogr\u00e0fic de Barcelona)<\/figcaption>\n\t\t\t\t\t\t\t\t\t\t<\/figure>\n\t\t\t\t\t\t\t\t\t<\/div>\n\t\t\t\t<\/div>\n\t\t\t\t<div class=\"elementor-element elementor-element-ceae15e elementor-widget elementor-widget-heading\" data-id=\"ceae15e\" data-element_type=\"widget\" data-e-type=\"widget\" data-widget_type=\"heading.default\">\n\t\t\t\t<div class=\"elementor-widget-container\">\n\t\t\t\t\t<h5 class=\"elementor-heading-title elementor-size-default\">Llen\u00e7 e<\/h5>\t\t\t\t<\/div>\n\t\t\t\t<\/div>\n\t\t\t\t<div class=\"elementor-element elementor-element-5bb0902 elementor-widget elementor-widget-text-editor\" data-id=\"5bb0902\" data-element_type=\"widget\" data-e-type=\"widget\" data-widget_type=\"text-editor.default\">\n\t\t\t\t<div class=\"elementor-widget-container\">\n\t\t\t\t\t\t\t\t\t<p>La continuaci\u00f3 del <strong>llen\u00e7<\/strong> (<strong>e<\/strong>) segueix la forma c\u00f2ncava amb tres cubs (7, 6 i 5) fins al cub amb posici\u00f3 cantonera 4, a partir del qual el mur adopta la forma lineal fins a la porta de la <strong>Casa de las Carnicer\u00edas<\/strong> (<strong>D<\/strong>).<\/p>\t\t\t\t\t\t\t\t<\/div>\n\t\t\t\t<\/div>\n\t\t\t\t<div class=\"elementor-element elementor-element-70aee1a elementor-widget elementor-widget-image\" data-id=\"70aee1a\" data-element_type=\"widget\" data-e-type=\"widget\" data-widget_type=\"image.default\">\n\t\t\t\t<div class=\"elementor-widget-container\">\n\t\t\t\t\t\t\t\t\t\t\t\t<figure class=\"wp-caption\">\n\t\t\t\t\t\t\t\t\t\t<img loading=\"lazy\" decoding=\"async\" width=\"768\" height=\"511\" src=\"https:\/\/www.elturistatranquil.com\/wp-content\/uploads\/F41-Muralla-de-Avila.-Lado-este.jpg\" class=\"attachment-large size-large wp-image-62281\" alt=\"Muralla de Avila\" srcset=\"https:\/\/www.elturistatranquil.com\/wp-content\/uploads\/F41-Muralla-de-Avila.-Lado-este.jpg 768w, https:\/\/www.elturistatranquil.com\/wp-content\/uploads\/F41-Muralla-de-Avila.-Lado-este-339x226.jpg 339w\" sizes=\"(max-width: 768px) 100vw, 768px\" \/>\t\t\t\t\t\t\t\t\t\t\t<figcaption class=\"widget-image-caption wp-caption-text\"><\/figcaption>\n\t\t\t\t\t\t\t\t\t\t<\/figure>\n\t\t\t\t\t\t\t\t\t<\/div>\n\t\t\t\t<\/div>\n\t\t\t\t<div class=\"elementor-element elementor-element-7c82a2f elementor-widget elementor-widget-text-editor\" data-id=\"7c82a2f\" data-element_type=\"widget\" data-e-type=\"widget\" data-widget_type=\"text-editor.default\">\n\t\t\t\t<div class=\"elementor-widget-container\">\n\t\t\t\t\t\t\t\t\t<p>Entre els cubs 4 i 3 es mant\u00e9 exteriorment la <strong>Casa de Miseric\u00f2rdia<\/strong> o <strong>del Caballo<\/strong>.<\/p><p>Queden lladroneres o els seus vestigis a la porta de Montenegro, a la de la Catedral (sembla indicar que hi havia una porta que funcion\u00e0 quan es tanc\u00e0 la de l\u2019Arquebisbe i abans d\u2019obrir la de la Casa de les Carnisseries), a la zona de San Vicente i cap al nord.<\/p>\t\t\t\t\t\t\t\t<\/div>\n\t\t\t\t<\/div>\n\t\t\t\t<div class=\"elementor-element elementor-element-88346b4 elementor-widget elementor-widget-heading\" data-id=\"88346b4\" data-element_type=\"widget\" data-e-type=\"widget\" data-widget_type=\"heading.default\">\n\t\t\t\t<div class=\"elementor-widget-container\">\n\t\t\t\t\t<h4 class=\"elementor-heading-title elementor-size-default\">Porta del Peso de la Harina, de los Leales o de la Catedral<\/h4>\t\t\t\t<\/div>\n\t\t\t\t<\/div>\n\t\t\t\t<div class=\"elementor-element elementor-element-26c42c8 elementor-widget elementor-widget-text-editor\" data-id=\"26c42c8\" data-element_type=\"widget\" data-e-type=\"widget\" data-widget_type=\"text-editor.default\">\n\t\t\t\t<div class=\"elementor-widget-container\">\n\t\t\t\t\t\t\t\t\t<p><strong>Entre el cub 2 i el cimorro<\/strong> de la catedral hi havia la <strong>porta del Obispo<\/strong>, tancada en construir-se la capella de Velada; s\u2019obr\u00ed aleshores l\u2019actual porta de la <strong>Casa de Carnicer\u00edas<\/strong>, anomenada <strong>de la Catedral<\/strong> o <strong>del Peso de la Harina<\/strong> (<strong>D<\/strong>), que apareix dissimulada com a porta d\u2019edifici.<\/p>\t\t\t\t\t\t\t\t<\/div>\n\t\t\t\t<\/div>\n\t\t\t\t<div class=\"elementor-element elementor-element-399b7bb elementor-widget elementor-widget-image\" data-id=\"399b7bb\" data-element_type=\"widget\" data-e-type=\"widget\" data-widget_type=\"image.default\">\n\t\t\t\t<div class=\"elementor-widget-container\">\n\t\t\t\t\t\t\t\t\t\t\t\t<figure class=\"wp-caption\">\n\t\t\t\t\t\t\t\t\t\t<img loading=\"lazy\" decoding=\"async\" width=\"768\" height=\"512\" src=\"https:\/\/www.elturistatranquil.com\/wp-content\/uploads\/F42-Muralla-de-Avila.-Puerta-del-Peso-de-la-Harina-de-los-Leales-o-de-la-Catedral.jpg\" class=\"attachment-large size-large wp-image-62283\" alt=\"Muralla de Avila\" srcset=\"https:\/\/www.elturistatranquil.com\/wp-content\/uploads\/F42-Muralla-de-Avila.-Puerta-del-Peso-de-la-Harina-de-los-Leales-o-de-la-Catedral.jpg 768w, https:\/\/www.elturistatranquil.com\/wp-content\/uploads\/F42-Muralla-de-Avila.-Puerta-del-Peso-de-la-Harina-de-los-Leales-o-de-la-Catedral-339x226.jpg 339w\" sizes=\"(max-width: 768px) 100vw, 768px\" \/>\t\t\t\t\t\t\t\t\t\t\t<figcaption class=\"widget-image-caption wp-caption-text\"><\/figcaption>\n\t\t\t\t\t\t\t\t\t\t<\/figure>\n\t\t\t\t\t\t\t\t\t<\/div>\n\t\t\t\t<\/div>\n\t\t\t\t<div class=\"elementor-element elementor-element-9eccbdc elementor-widget elementor-widget-text-editor\" data-id=\"9eccbdc\" data-element_type=\"widget\" data-e-type=\"widget\" data-widget_type=\"text-editor.default\">\n\t\t\t\t<div class=\"elementor-widget-container\">\n\t\t\t\t\t\t\t\t\t<p>La <strong>porta de la Catedral<\/strong> (<strong>D<\/strong>) \u00e9s un acc\u00e9s tardo-medieval\u2013modern del llen\u00e7 est del segle XVI, vinculada a les reformes de l\u2019entorn catedralici i a la substituci\u00f3 d\u2019un pas anterior.<\/p><p>S\u2019atribueix la seva construcci\u00f3 a l\u2019\u00e8poca de Felipe II. A l\u2019edifici s\u2019hi instal\u00b7l\u00e0 la <strong>Casa de las Carnicer\u00edas<\/strong> (1590\u20131591, atribu\u00efda a Francisco de Mora, avui <strong>Oficina de Turisme<\/strong> i acc\u00e9s a l\u2019adarb visitable de la zona est-nord), que recorrerem posteriorment. \u00c9s la porta que dona acc\u00e9s a la zona de m\u00e9s rellev\u00e0ncia comercial i hist\u00f2rica de la ciutat antiga.<\/p><p>Per l\u2019exterior \u00e9s l\u2019\u00fanica porta amb llinda, mentre que, per l\u2019interior, sobre la muralla s\u2019obre un buit de mig punt de carreus.<\/p>\t\t\t\t\t\t\t\t<\/div>\n\t\t\t\t<\/div>\n\t\t\t\t<div class=\"elementor-element elementor-element-95e74c7 elementor-widget elementor-widget-image\" data-id=\"95e74c7\" data-element_type=\"widget\" data-e-type=\"widget\" data-widget_type=\"image.default\">\n\t\t\t\t<div class=\"elementor-widget-container\">\n\t\t\t\t\t\t\t\t\t\t\t\t<figure class=\"wp-caption\">\n\t\t\t\t\t\t\t\t\t\t<img loading=\"lazy\" decoding=\"async\" width=\"768\" height=\"512\" src=\"https:\/\/www.elturistatranquil.com\/wp-content\/uploads\/F43-Muralla-de-Avila.-Puerta-del-Peso-de-la-Harina-de-los-Leales-o-de-la-Catedral.jpg\" class=\"attachment-large size-large wp-image-62285\" alt=\"Muralla de Avila\" srcset=\"https:\/\/www.elturistatranquil.com\/wp-content\/uploads\/F43-Muralla-de-Avila.-Puerta-del-Peso-de-la-Harina-de-los-Leales-o-de-la-Catedral.jpg 768w, https:\/\/www.elturistatranquil.com\/wp-content\/uploads\/F43-Muralla-de-Avila.-Puerta-del-Peso-de-la-Harina-de-los-Leales-o-de-la-Catedral-339x226.jpg 339w\" sizes=\"(max-width: 768px) 100vw, 768px\" \/>\t\t\t\t\t\t\t\t\t\t\t<figcaption class=\"widget-image-caption wp-caption-text\"><\/figcaption>\n\t\t\t\t\t\t\t\t\t\t<\/figure>\n\t\t\t\t\t\t\t\t\t<\/div>\n\t\t\t\t<\/div>\n\t\t\t\t<div class=\"elementor-element elementor-element-a59b191 elementor-widget elementor-widget-heading\" data-id=\"a59b191\" data-element_type=\"widget\" data-e-type=\"widget\" data-widget_type=\"heading.default\">\n\t\t\t\t<div class=\"elementor-widget-container\">\n\t\t\t\t\t<h5 class=\"elementor-heading-title elementor-size-default\">Llen\u00e7 f. Cimorro de la Catedral<\/h5>\t\t\t\t<\/div>\n\t\t\t\t<\/div>\n\t\t\t\t<div class=\"elementor-element elementor-element-9ce4616 elementor-widget elementor-widget-text-editor\" data-id=\"9ce4616\" data-element_type=\"widget\" data-e-type=\"widget\" data-widget_type=\"text-editor.default\">\n\t\t\t\t<div class=\"elementor-widget-container\">\n\t\t\t\t\t\t\t\t\t<p>Ja hem vist en altres ocasions com els murs d\u2019un temple serveixen de llen\u00e7 d\u2019una muralla (<a href=\"https:\/\/www.elturistatranquil.com\/ca\/montfalco-murallat-lleida\/#010\" target=\"_blank\" rel=\"noopener\">Montfalc\u00f3 Murallat<\/a>, <a href=\"https:\/\/www.elturistatranquil.com\/ca\/castell-i-muralles-de-cuellar-segovia\/#010\" target=\"_blank\" rel=\"noopener\">Cu\u00e9llar<\/a>).<\/p><p>En aquest cas el resultat \u00e9s espectacular, ja que la <strong>Catedral del Salvador<\/strong> integra el seu absis fortificat (cimorro) a la l\u00ednia de muralla, constituint el basti\u00f3 m\u00e9s fort del recinte.<\/p><p>L\u2019obra principal se situa entre 1160\u20131180, i a finals del segle XIV es folr\u00e0 l\u2019exterior del cimorro, refor\u00e7ant el seu car\u00e0cter militar i ocultant absidioles. L\u2019adarb discorre sobre un matac\u00e0 corregut amb grans merlets i barreres matacanades superiors, de manera que el temple queda integrat al sistema defensiu.<\/p>\t\t\t\t\t\t\t\t<\/div>\n\t\t\t\t<\/div>\n\t\t\t\t<div class=\"elementor-element elementor-element-13e8502 elementor-widget elementor-widget-image\" data-id=\"13e8502\" data-element_type=\"widget\" data-e-type=\"widget\" data-widget_type=\"image.default\">\n\t\t\t\t<div class=\"elementor-widget-container\">\n\t\t\t\t\t\t\t\t\t\t\t\t<figure class=\"wp-caption\">\n\t\t\t\t\t\t\t\t\t\t<img loading=\"lazy\" decoding=\"async\" width=\"768\" height=\"511\" src=\"https:\/\/www.elturistatranquil.com\/wp-content\/uploads\/F44-Muralla-de-Avila.-Cimorro-de-la-catedral.jpg\" class=\"attachment-large size-large wp-image-62287\" alt=\"Muralla de Avila\" srcset=\"https:\/\/www.elturistatranquil.com\/wp-content\/uploads\/F44-Muralla-de-Avila.-Cimorro-de-la-catedral.jpg 768w, https:\/\/www.elturistatranquil.com\/wp-content\/uploads\/F44-Muralla-de-Avila.-Cimorro-de-la-catedral-339x226.jpg 339w\" sizes=\"(max-width: 768px) 100vw, 768px\" \/>\t\t\t\t\t\t\t\t\t\t\t<figcaption class=\"widget-image-caption wp-caption-text\"><\/figcaption>\n\t\t\t\t\t\t\t\t\t\t<\/figure>\n\t\t\t\t\t\t\t\t\t<\/div>\n\t\t\t\t<\/div>\n\t\t\t\t<div class=\"elementor-element elementor-element-808a813 elementor-widget elementor-widget-text-editor\" data-id=\"808a813\" data-element_type=\"widget\" data-e-type=\"widget\" data-widget_type=\"text-editor.default\">\n\t\t\t\t<div class=\"elementor-widget-container\">\n\t\t\t\t\t\t\t\t\t<p>Al tram seg\u00fcent fins al cub 87 finalitza la pres\u00e8ncia d\u2019edificacions adossades a la muralla exterior, amb la <strong>capella de San Segundo<\/strong> i la <strong>sagristia de Velada<\/strong>.<\/p>\t\t\t\t\t\t\t\t<\/div>\n\t\t\t\t<\/div>\n\t\t\t\t<div class=\"elementor-element elementor-element-00bce4f elementor-widget elementor-widget-image\" data-id=\"00bce4f\" data-element_type=\"widget\" data-e-type=\"widget\" data-widget_type=\"image.default\">\n\t\t\t\t<div class=\"elementor-widget-container\">\n\t\t\t\t\t\t\t\t\t\t\t\t<figure class=\"wp-caption\">\n\t\t\t\t\t\t\t\t\t\t<img loading=\"lazy\" decoding=\"async\" width=\"768\" height=\"512\" src=\"https:\/\/www.elturistatranquil.com\/wp-content\/uploads\/F45-Muralla-de-Avila.-Cimorro-de-la-catedral.jpg\" class=\"attachment-large size-large wp-image-62289\" alt=\"Muralla de Avila\" srcset=\"https:\/\/www.elturistatranquil.com\/wp-content\/uploads\/F45-Muralla-de-Avila.-Cimorro-de-la-catedral.jpg 768w, https:\/\/www.elturistatranquil.com\/wp-content\/uploads\/F45-Muralla-de-Avila.-Cimorro-de-la-catedral-339x226.jpg 339w\" sizes=\"(max-width: 768px) 100vw, 768px\" \/>\t\t\t\t\t\t\t\t\t\t\t<figcaption class=\"widget-image-caption wp-caption-text\"><\/figcaption>\n\t\t\t\t\t\t\t\t\t\t<\/figure>\n\t\t\t\t\t\t\t\t\t<\/div>\n\t\t\t\t<\/div>\n\t\t\t\t<div class=\"elementor-element elementor-element-3459759 elementor-widget elementor-widget-text-editor\" data-id=\"3459759\" data-element_type=\"widget\" data-e-type=\"widget\" data-widget_type=\"text-editor.default\">\n\t\t\t\t<div class=\"elementor-widget-container\">\n\t\t\t\t\t\t\t\t\t<p>Aquest tram de llen\u00e7 segueix una l\u00ednia lleugerament trencada fins al cub 84, a la <strong>porta del Alc\u00e1zar<\/strong> (<strong>E<\/strong>).<\/p>\t\t\t\t\t\t\t\t<\/div>\n\t\t\t\t<\/div>\n\t\t\t\t<div class=\"elementor-element elementor-element-29a48d3 elementor-widget elementor-widget-image\" data-id=\"29a48d3\" data-element_type=\"widget\" data-e-type=\"widget\" data-widget_type=\"image.default\">\n\t\t\t\t<div class=\"elementor-widget-container\">\n\t\t\t\t\t\t\t\t\t\t\t\t<figure class=\"wp-caption\">\n\t\t\t\t\t\t\t\t\t\t<img loading=\"lazy\" decoding=\"async\" width=\"768\" height=\"511\" src=\"https:\/\/www.elturistatranquil.com\/wp-content\/uploads\/F46-Muralla-de-Avila.-Lado-este.jpg\" class=\"attachment-large size-large wp-image-62291\" alt=\"Muralla de Avila\" srcset=\"https:\/\/www.elturistatranquil.com\/wp-content\/uploads\/F46-Muralla-de-Avila.-Lado-este.jpg 768w, https:\/\/www.elturistatranquil.com\/wp-content\/uploads\/F46-Muralla-de-Avila.-Lado-este-339x226.jpg 339w\" sizes=\"(max-width: 768px) 100vw, 768px\" \/>\t\t\t\t\t\t\t\t\t\t\t<figcaption class=\"widget-image-caption wp-caption-text\"><\/figcaption>\n\t\t\t\t\t\t\t\t\t\t<\/figure>\n\t\t\t\t\t\t\t\t\t<\/div>\n\t\t\t\t<\/div>\n\t\t\t\t<div class=\"elementor-element elementor-element-5f1fb3e elementor-widget elementor-widget-text-editor\" data-id=\"5f1fb3e\" data-element_type=\"widget\" data-e-type=\"widget\" data-widget_type=\"text-editor.default\">\n\t\t\t\t<div class=\"elementor-widget-container\">\n\t\t\t\t\t\t\t\t\t<p>M&#8217;agradaria saber amb quin criteri s&#8217;ha col\u00b7locat una filera d&#8217;arbres davant de la muralla, que no fan res m\u00e9s que entorpir i dificultar la visi\u00f3 completa del monument que, per les seves dimensions, requereix una \u00e0mplia perspectiva visual.<\/p>\t\t\t\t\t\t\t\t<\/div>\n\t\t\t\t<\/div>\n\t\t\t\t<div class=\"elementor-element elementor-element-3ba62fc elementor-widget elementor-widget-heading\" data-id=\"3ba62fc\" data-element_type=\"widget\" data-e-type=\"widget\" data-widget_type=\"heading.default\">\n\t\t\t\t<div class=\"elementor-widget-container\">\n\t\t\t\t\t<h4 class=\"elementor-heading-title elementor-size-default\">Porta del Alc\u00e1zar<\/h4>\t\t\t\t<\/div>\n\t\t\t\t<\/div>\n\t\t\t\t<div class=\"elementor-element elementor-element-0d55ea6 elementor-widget elementor-widget-text-editor\" data-id=\"0d55ea6\" data-element_type=\"widget\" data-e-type=\"widget\" data-widget_type=\"text-editor.default\">\n\t\t\t\t<div class=\"elementor-widget-container\">\n\t\t\t\t\t\t\t\t\t<p>Com el seu nom indica, la <strong>porta del Alc\u00e1zar<\/strong> (<strong>E<\/strong>) donava entrada a l\u2019antic Alc\u00e0sser Reial situat a l\u2019interior de l\u2019angle sud-est del recinte emmurallat.<\/p><p>D\u2019estructura arquitect\u00f2nica id\u00e8ntica a la porta de San Vicente, la major separaci\u00f3 interior entre les torrasses, i la incorporaci\u00f3 posterior d\u2019un front\u00f3, la converteixen en l\u2019acc\u00e9s m\u00e9s solemne del recinte.<\/p><p>Igualment, les torrasses estan unides per un adarb\u2013pont, amb m\u00e8nsules sota el tauler. Hist\u00f2ricament dispos\u00e0 de fossat i barbacana (avui desapareguts) per la seva condici\u00f3 de punt m\u00e9s exposat; el 1907 s\u2019execut\u00e0 una restauraci\u00f3 amb emmerletat. Intramurs s\u2019estenia l\u2019Alc\u00e0sser Reial, enderrocat entre 1927\u20131930.<\/p>\t\t\t\t\t\t\t\t<\/div>\n\t\t\t\t<\/div>\n\t\t\t\t<div class=\"elementor-element elementor-element-93634b1 elementor-widget elementor-widget-image\" data-id=\"93634b1\" data-element_type=\"widget\" data-e-type=\"widget\" data-widget_type=\"image.default\">\n\t\t\t\t<div class=\"elementor-widget-container\">\n\t\t\t\t\t\t\t\t\t\t\t\t<figure class=\"wp-caption\">\n\t\t\t\t\t\t\t\t\t\t<img loading=\"lazy\" decoding=\"async\" width=\"768\" height=\"512\" src=\"https:\/\/www.elturistatranquil.com\/wp-content\/uploads\/F47-Muralla-de-Avila.-Puerta-del-Alcazar.jpg\" class=\"attachment-large size-large wp-image-62293\" alt=\"Muralla de Avila\" srcset=\"https:\/\/www.elturistatranquil.com\/wp-content\/uploads\/F47-Muralla-de-Avila.-Puerta-del-Alcazar.jpg 768w, https:\/\/www.elturistatranquil.com\/wp-content\/uploads\/F47-Muralla-de-Avila.-Puerta-del-Alcazar-339x226.jpg 339w\" sizes=\"(max-width: 768px) 100vw, 768px\" \/>\t\t\t\t\t\t\t\t\t\t\t<figcaption class=\"widget-image-caption wp-caption-text\"><\/figcaption>\n\t\t\t\t\t\t\t\t\t\t<\/figure>\n\t\t\t\t\t\t\t\t\t<\/div>\n\t\t\t\t<\/div>\n\t\t\t\t<div class=\"elementor-element elementor-element-7bd1051 elementor-widget elementor-widget-image\" data-id=\"7bd1051\" data-element_type=\"widget\" data-e-type=\"widget\" data-widget_type=\"image.default\">\n\t\t\t\t<div class=\"elementor-widget-container\">\n\t\t\t\t\t\t\t\t\t\t\t\t<figure class=\"wp-caption\">\n\t\t\t\t\t\t\t\t\t\t<img loading=\"lazy\" decoding=\"async\" width=\"768\" height=\"512\" src=\"https:\/\/www.elturistatranquil.com\/wp-content\/uploads\/F48-Muralla-de-Avila.-Puerta-del-Alcazar.jpg\" class=\"attachment-large size-large wp-image-62295\" alt=\"Muralla de Avila\" srcset=\"https:\/\/www.elturistatranquil.com\/wp-content\/uploads\/F48-Muralla-de-Avila.-Puerta-del-Alcazar.jpg 768w, https:\/\/www.elturistatranquil.com\/wp-content\/uploads\/F48-Muralla-de-Avila.-Puerta-del-Alcazar-339x226.jpg 339w\" sizes=\"(max-width: 768px) 100vw, 768px\" \/>\t\t\t\t\t\t\t\t\t\t\t<figcaption class=\"widget-image-caption wp-caption-text\"><\/figcaption>\n\t\t\t\t\t\t\t\t\t\t<\/figure>\n\t\t\t\t\t\t\t\t\t<\/div>\n\t\t\t\t<\/div>\n\t\t\t\t<div class=\"elementor-element elementor-element-458b7c7 elementor-widget elementor-widget-image\" data-id=\"458b7c7\" data-element_type=\"widget\" data-e-type=\"widget\" data-widget_type=\"image.default\">\n\t\t\t\t<div class=\"elementor-widget-container\">\n\t\t\t\t\t\t\t\t\t\t\t\t<figure class=\"wp-caption\">\n\t\t\t\t\t\t\t\t\t\t<img loading=\"lazy\" decoding=\"async\" width=\"768\" height=\"511\" src=\"https:\/\/www.elturistatranquil.com\/wp-content\/uploads\/F49-Muralla-de-Avila.-Puerta-del-Alcazar.jpg\" class=\"attachment-large size-large wp-image-62297\" alt=\"Muralla de Avila\" srcset=\"https:\/\/www.elturistatranquil.com\/wp-content\/uploads\/F49-Muralla-de-Avila.-Puerta-del-Alcazar.jpg 768w, https:\/\/www.elturistatranquil.com\/wp-content\/uploads\/F49-Muralla-de-Avila.-Puerta-del-Alcazar-339x226.jpg 339w\" sizes=\"(max-width: 768px) 100vw, 768px\" \/>\t\t\t\t\t\t\t\t\t\t\t<figcaption class=\"widget-image-caption wp-caption-text\"><\/figcaption>\n\t\t\t\t\t\t\t\t\t\t<\/figure>\n\t\t\t\t\t\t\t\t\t<\/div>\n\t\t\t\t<\/div>\n\t\t\t\t<div class=\"elementor-element elementor-element-6205031 elementor-widget elementor-widget-heading\" data-id=\"6205031\" data-element_type=\"widget\" data-e-type=\"widget\" data-widget_type=\"heading.default\">\n\t\t\t\t<div class=\"elementor-widget-container\">\n\t\t\t\t\t<h5 class=\"elementor-heading-title elementor-size-default\">Llen\u00e7 g<\/h5>\t\t\t\t<\/div>\n\t\t\t\t<\/div>\n\t\t\t\t<div class=\"elementor-element elementor-element-00bebf1 elementor-widget elementor-widget-text-editor\" data-id=\"00bebf1\" data-element_type=\"widget\" data-e-type=\"widget\" data-widget_type=\"text-editor.default\">\n\t\t\t\t<div class=\"elementor-widget-container\">\n\t\t\t\t\t\t\t\t\t<p>Fins a la <strong>torre de la Esquina<\/strong>, <strong>del Baluard<\/strong> o <strong>de l\u2019Espinal<\/strong> (<strong>cub 81<\/strong>), on acaba aquest costat de llevant, nom\u00e9s s\u2019al\u00e7a la majestuosa <strong>Torrassa del Alc\u00e1zar<\/strong> (<strong>82<\/strong>), que, com el seu nom indica, formava part de l\u2019antic complex defensiu de l\u2019alcasser.<\/p>\t\t\t\t\t\t\t\t<\/div>\n\t\t\t\t<\/div>\n\t\t\t\t<div class=\"elementor-element elementor-element-3b2831e elementor-widget elementor-widget-image\" data-id=\"3b2831e\" data-element_type=\"widget\" data-e-type=\"widget\" data-widget_type=\"image.default\">\n\t\t\t\t<div class=\"elementor-widget-container\">\n\t\t\t\t\t\t\t\t\t\t\t\t<figure class=\"wp-caption\">\n\t\t\t\t\t\t\t\t\t\t<img loading=\"lazy\" decoding=\"async\" width=\"768\" height=\"512\" src=\"https:\/\/www.elturistatranquil.com\/wp-content\/uploads\/F50-Muralla-de-Avila.-Puerta-del-Alcazar.jpg\" class=\"attachment-large size-large wp-image-62299\" alt=\"Muralla de Avila\" srcset=\"https:\/\/www.elturistatranquil.com\/wp-content\/uploads\/F50-Muralla-de-Avila.-Puerta-del-Alcazar.jpg 768w, https:\/\/www.elturistatranquil.com\/wp-content\/uploads\/F50-Muralla-de-Avila.-Puerta-del-Alcazar-339x226.jpg 339w\" sizes=\"(max-width: 768px) 100vw, 768px\" \/>\t\t\t\t\t\t\t\t\t\t\t<figcaption class=\"widget-image-caption wp-caption-text\"><\/figcaption>\n\t\t\t\t\t\t\t\t\t\t<\/figure>\n\t\t\t\t\t\t\t\t\t<\/div>\n\t\t\t\t<\/div>\n\t\t\t\t<div class=\"elementor-element elementor-element-9509dbb elementor-widget elementor-widget-text-editor\" data-id=\"9509dbb\" data-element_type=\"widget\" data-e-type=\"widget\" data-widget_type=\"text-editor.default\">\n\t\t\t\t<div class=\"elementor-widget-container\">\n\t\t\t\t\t\t\t\t\t<p>Al centre d\u2019aquest llen\u00e7 la coneguda com a <strong>torrassa del Homenaje<\/strong> (<strong>82<\/strong>).<\/p>\t\t\t\t\t\t\t\t<\/div>\n\t\t\t\t<\/div>\n\t\t\t\t<div class=\"elementor-element elementor-element-91b8f88 elementor-widget elementor-widget-image\" data-id=\"91b8f88\" data-element_type=\"widget\" data-e-type=\"widget\" data-widget_type=\"image.default\">\n\t\t\t\t<div class=\"elementor-widget-container\">\n\t\t\t\t\t\t\t\t\t\t\t\t<figure class=\"wp-caption\">\n\t\t\t\t\t\t\t\t\t\t<img loading=\"lazy\" decoding=\"async\" width=\"768\" height=\"511\" src=\"https:\/\/www.elturistatranquil.com\/wp-content\/uploads\/F51-Muralla-de-Avila.-Torre-del-Homenaje.jpg\" class=\"attachment-large size-large wp-image-62304\" alt=\"Mur\" srcset=\"https:\/\/www.elturistatranquil.com\/wp-content\/uploads\/F51-Muralla-de-Avila.-Torre-del-Homenaje.jpg 768w, https:\/\/www.elturistatranquil.com\/wp-content\/uploads\/F51-Muralla-de-Avila.-Torre-del-Homenaje-339x226.jpg 339w\" sizes=\"(max-width: 768px) 100vw, 768px\" \/>\t\t\t\t\t\t\t\t\t\t\t<figcaption class=\"widget-image-caption wp-caption-text\"><\/figcaption>\n\t\t\t\t\t\t\t\t\t\t<\/figure>\n\t\t\t\t\t\t\t\t\t<\/div>\n\t\t\t\t<\/div>\n\t\t\t\t<div class=\"elementor-element elementor-element-7ad850f elementor-widget elementor-widget-text-editor\" data-id=\"7ad850f\" data-element_type=\"widget\" data-e-type=\"widget\" data-widget_type=\"text-editor.default\">\n\t\t\t\t<div class=\"elementor-widget-container\">\n\t\t\t\t\t\t\t\t\t<p>Al darrer tram s\u2019hi observa la poterna de l\u2019alcasser que devia comunicar amb la barbacana defensiva que tot seguit citar\u00e9.<\/p>\t\t\t\t\t\t\t\t<\/div>\n\t\t\t\t<\/div>\n\t\t\t\t<div class=\"elementor-element elementor-element-9461b41 elementor-widget elementor-widget-image\" data-id=\"9461b41\" data-element_type=\"widget\" data-e-type=\"widget\" data-widget_type=\"image.default\">\n\t\t\t\t<div class=\"elementor-widget-container\">\n\t\t\t\t\t\t\t\t\t\t\t\t<figure class=\"wp-caption\">\n\t\t\t\t\t\t\t\t\t\t<img loading=\"lazy\" decoding=\"async\" width=\"768\" height=\"511\" src=\"https:\/\/www.elturistatranquil.com\/wp-content\/uploads\/F52-Muralla-de-Avila.-Lado-este.jpg\" class=\"attachment-large size-large wp-image-62306\" alt=\"Muralla de Avila\" srcset=\"https:\/\/www.elturistatranquil.com\/wp-content\/uploads\/F52-Muralla-de-Avila.-Lado-este.jpg 768w, https:\/\/www.elturistatranquil.com\/wp-content\/uploads\/F52-Muralla-de-Avila.-Lado-este-339x226.jpg 339w\" sizes=\"(max-width: 768px) 100vw, 768px\" \/>\t\t\t\t\t\t\t\t\t\t\t<figcaption class=\"widget-image-caption wp-caption-text\"><\/figcaption>\n\t\t\t\t\t\t\t\t\t\t<\/figure>\n\t\t\t\t\t\t\t\t\t<\/div>\n\t\t\t\t<\/div>\n\t\t\t\t<div class=\"elementor-element elementor-element-d30a1e8 elementor-widget elementor-widget-text-editor\" data-id=\"d30a1e8\" data-element_type=\"widget\" data-e-type=\"widget\" data-widget_type=\"text-editor.default\">\n\t\t\t\t<div class=\"elementor-widget-container\">\n\t\t\t\t\t\t\t\t\t<p>El <strong>cub del Espinal<\/strong> (<strong>81<\/strong>) ocupa l\u2019angle sud-est i marca el tancament del llen\u00e7 oriental i la transici\u00f3 al front sud.<\/p>\t\t\t\t\t\t\t\t<\/div>\n\t\t\t\t<\/div>\n\t\t\t\t<div class=\"elementor-element elementor-element-bda9acd elementor-widget elementor-widget-image\" data-id=\"bda9acd\" data-element_type=\"widget\" data-e-type=\"widget\" data-widget_type=\"image.default\">\n\t\t\t\t<div class=\"elementor-widget-container\">\n\t\t\t\t\t\t\t\t\t\t\t\t<figure class=\"wp-caption\">\n\t\t\t\t\t\t\t\t\t\t<img loading=\"lazy\" decoding=\"async\" width=\"768\" height=\"511\" src=\"https:\/\/www.elturistatranquil.com\/wp-content\/uploads\/F53-Muralla-de-Avila.-Lado-este.jpg\" class=\"attachment-large size-large wp-image-62308\" alt=\"Muralla de Avila\" srcset=\"https:\/\/www.elturistatranquil.com\/wp-content\/uploads\/F53-Muralla-de-Avila.-Lado-este.jpg 768w, https:\/\/www.elturistatranquil.com\/wp-content\/uploads\/F53-Muralla-de-Avila.-Lado-este-339x226.jpg 339w\" sizes=\"(max-width: 768px) 100vw, 768px\" \/>\t\t\t\t\t\t\t\t\t\t\t<figcaption class=\"widget-image-caption wp-caption-text\"><\/figcaption>\n\t\t\t\t\t\t\t\t\t\t<\/figure>\n\t\t\t\t\t\t\t\t\t<\/div>\n\t\t\t\t<\/div>\n\t\t\t\t<div class=\"elementor-element elementor-element-f1bb7e1 elementor-widget elementor-widget-heading\" data-id=\"f1bb7e1\" data-element_type=\"widget\" data-e-type=\"widget\" data-widget_type=\"heading.default\">\n\t\t\t\t<div class=\"elementor-widget-container\">\n\t\t\t\t\t<h5 class=\"elementor-heading-title elementor-size-default\">Unes defenses simplificades<\/h5>\t\t\t\t<\/div>\n\t\t\t\t<\/div>\n\t\t\t\t<div class=\"elementor-element elementor-element-8492e7f elementor-widget elementor-widget-text-editor\" data-id=\"8492e7f\" data-element_type=\"widget\" data-e-type=\"widget\" data-widget_type=\"text-editor.default\">\n\t\t\t\t<div class=\"elementor-widget-container\">\n\t\t\t\t\t\t\t\t\t<p>En el recorregut pel costat de llevant hem constatat la seva monumentalitat, refor\u00e7ada per la manca d\u2019accidents geogr\u00e0fics i la seva exposici\u00f3 a les zones de m\u00e9s tr\u00e0nsit i activitat comercial de la ciutat premoderna.<\/p><p>Alhora que hem observat que la muralla continua responent al c\u00e0non defensiu medieval i a les exig\u00e8ncies d\u2019una fortificaci\u00f3 davant terreny pla, combinant funcionalitat b\u00e8l\u00b7lica, monumentalitat i relacions urbanes i religioses en la seq\u00fc\u00e8ncia d\u2019elements singulars.<\/p><p>Per\u00f2 el que hem de tenir present des d\u2019un punt de vista defensiu \u00e9s que la muralla que veiem actualment era el darrer baluard defensiu en aquesta zona, ja que, al davant, on ara hi ha el carrer, s\u2019al\u00e7ava una extensa barbacana amb el seu fossat que suposadament ocupava tot aquest front de llevant.<\/p><p>\u00c9s a dir, que aquest costat aplanat, m\u00e9s desprotegit orogr\u00e0ficament per a la seva defensa, estaria defensat per una doble barrera formada pel fossat i l\u2019avantmuralla de la barbacana en primer terme, i els alts murs, torres i porta de la muralla, que \u00e9s el que ara veiem, que no \u00e9s m\u00e9s que una defensa simplificada del que realment era el sistema defensiu de muralles.<\/p><p>\u00c9s una ll\u00e0stima que, en cap de les informacions tur\u00edstiques que jo hagi vist, es suggereixi com devia ser realment l\u2019estructura defensiva de la ciutat d\u2019\u00c0vila, i se\u2019ns deixi amb la impressi\u00f3 que el que ara se\u2019ns mostra era tot el sistema defensiu. El mateix passa amb les barbacanes que, segons s\u2019explica, van existir davant d\u2019alguna altra de les portes.<\/p>\t\t\t\t\t\t\t\t<\/div>\n\t\t\t\t<\/div>\n\t\t\t\t<div class=\"elementor-element elementor-element-305dce7 elementor-widget elementor-widget-heading\" data-id=\"305dce7\" data-element_type=\"widget\" data-e-type=\"widget\" data-widget_type=\"heading.default\">\n\t\t\t\t<div class=\"elementor-widget-container\">\n\t\t\t\t\t<h3 class=\"elementor-heading-title elementor-size-default\">Costat sud de la muralla: del cub de l\u2019Espinal al cub de la Malaventura<\/h3>\t\t\t\t<\/div>\n\t\t\t\t<\/div>\n\t\t\t\t<div class=\"elementor-element elementor-element-cfe96f9 elementor-widget elementor-widget-text-editor\" data-id=\"cfe96f9\" data-element_type=\"widget\" data-e-type=\"widget\" data-widget_type=\"text-editor.default\">\n\t\t\t\t<div class=\"elementor-widget-container\">\n\t\t\t\t\t\t\t\t\t<p>L\u2019exterior del costat sud de la muralla d\u2019\u00c0vila entre el <strong>cub 81<\/strong> o <strong>del Espinal<\/strong> i el <strong>cub 53<\/strong> o <strong>de la Malaventura<\/strong>, amb una longitud gaireb\u00e9 lineal d\u2019uns 900 metres, s\u2019al\u00e7a sobre una plataforma gran\u00edtica que afavoreix el refor\u00e7 defensiu.<\/p><p>En aquest costat s\u2019articulen diversos elements singulars que, pel seu inter\u00e8s hist\u00f2ric i arquitect\u00f2nic, mereixen ser situats espec\u00edficament en el recorregut per aquest costat durant el trajecte.<\/p><p>Aquest front domina la <strong>vall d\u2019Ambl\u00e9s<\/strong> i recolza part de la seva defensa en una cornisa m\u00e9s agresta que l\u2019oriental; en aquest costat s\u2019observen torres de menor mida, tend\u00e8ncia circular i major espaiament de cubs, especialment cap al sector occidental proper al <strong>riu Adaja<\/strong>.<\/p>\t\t\t\t\t\t\t\t<\/div>\n\t\t\t\t<\/div>\n\t\t\t\t<div class=\"elementor-element elementor-element-6455005 elementor-widget elementor-widget-heading\" data-id=\"6455005\" data-element_type=\"widget\" data-e-type=\"widget\" data-widget_type=\"heading.default\">\n\t\t\t\t<div class=\"elementor-widget-container\">\n\t\t\t\t\t<h5 class=\"elementor-heading-title elementor-size-default\">Llen\u00e7 h<\/h5>\t\t\t\t<\/div>\n\t\t\t\t<\/div>\n\t\t\t\t<div class=\"elementor-element elementor-element-c020b06 elementor-widget elementor-widget-text-editor\" data-id=\"c020b06\" data-element_type=\"widget\" data-e-type=\"widget\" data-widget_type=\"text-editor.default\">\n\t\t\t\t<div class=\"elementor-widget-container\">\n\t\t\t\t\t\t\t\t\t<p>El <strong>cub del Espinal<\/strong> (<strong>81<\/strong>) marca la transici\u00f3 del pla al costat sud de la muralla per l\u2019extrem oriental, amb un gir de 90<sup>o<\/sup> de la muralla. Com tots els cubs cantoners, la base de la \u201cD\u201d sobresurt per aquest costat.<\/p><p>El nom d\u2019aquest cub est\u00e0 associat al barri hom\u00f2nim.<\/p>\t\t\t\t\t\t\t\t<\/div>\n\t\t\t\t<\/div>\n\t\t\t\t<div class=\"elementor-element elementor-element-7155a46 elementor-widget elementor-widget-image\" data-id=\"7155a46\" data-element_type=\"widget\" data-e-type=\"widget\" data-widget_type=\"image.default\">\n\t\t\t\t<div class=\"elementor-widget-container\">\n\t\t\t\t\t\t\t\t\t\t\t\t<figure class=\"wp-caption\">\n\t\t\t\t\t\t\t\t\t\t<img loading=\"lazy\" decoding=\"async\" width=\"768\" height=\"512\" src=\"https:\/\/www.elturistatranquil.com\/wp-content\/uploads\/F54-Muralla-de-Avila.-Lado-sur.jpg\" class=\"attachment-large size-large wp-image-62310\" alt=\"Muralla de Avila\" srcset=\"https:\/\/www.elturistatranquil.com\/wp-content\/uploads\/F54-Muralla-de-Avila.-Lado-sur.jpg 768w, https:\/\/www.elturistatranquil.com\/wp-content\/uploads\/F54-Muralla-de-Avila.-Lado-sur-339x226.jpg 339w\" sizes=\"(max-width: 768px) 100vw, 768px\" \/>\t\t\t\t\t\t\t\t\t\t\t<figcaption class=\"widget-image-caption wp-caption-text\"><\/figcaption>\n\t\t\t\t\t\t\t\t\t\t<\/figure>\n\t\t\t\t\t\t\t\t\t<\/div>\n\t\t\t\t<\/div>\n\t\t\t\t<div class=\"elementor-element elementor-element-5b488a4 elementor-widget elementor-widget-text-editor\" data-id=\"5b488a4\" data-element_type=\"widget\" data-e-type=\"widget\" data-widget_type=\"text-editor.default\">\n\t\t\t\t<div class=\"elementor-widget-container\">\n\t\t\t\t\t\t\t\t\t<p>Una primera consideraci\u00f3 estrat\u00e8gica. Gran part d\u2019aquest costat est\u00e0 ocupat actualment pel primer tram del passeig del Rastro fins a la porta del Rastro, que discorre amb un suau pendent, fruit de la construcci\u00f3 cap al 1775 del passeig, canviant-ne la topografia en eliminar el roquissar del pendent, cosa que debilita la percepci\u00f3 de la pot\u00e8ncia defensiva d\u2019aquest costat en comparaci\u00f3 amb la planura davant el costat de llevant que acabem de deixar. El que era una disposici\u00f3 en pendent o roquera fins al <strong>carrer Bajada del Peregrino<\/strong>, es convert\u00ed en la simple planura del passeig.<\/p>\t\t\t\t\t\t\t\t<\/div>\n\t\t\t\t<\/div>\n\t\t\t\t<div class=\"elementor-element elementor-element-5ef3d6b elementor-widget elementor-widget-image\" data-id=\"5ef3d6b\" data-element_type=\"widget\" data-e-type=\"widget\" data-widget_type=\"image.default\">\n\t\t\t\t<div class=\"elementor-widget-container\">\n\t\t\t\t\t\t\t\t\t\t\t\t<figure class=\"wp-caption\">\n\t\t\t\t\t\t\t\t\t\t<img loading=\"lazy\" decoding=\"async\" width=\"768\" height=\"511\" src=\"https:\/\/www.elturistatranquil.com\/wp-content\/uploads\/F55-Muralla-de-Avila.-Lado-sur.jpg\" class=\"attachment-large size-large wp-image-62312\" alt=\"Muralla de Avila\" srcset=\"https:\/\/www.elturistatranquil.com\/wp-content\/uploads\/F55-Muralla-de-Avila.-Lado-sur.jpg 768w, https:\/\/www.elturistatranquil.com\/wp-content\/uploads\/F55-Muralla-de-Avila.-Lado-sur-339x226.jpg 339w\" sizes=\"(max-width: 768px) 100vw, 768px\" \/>\t\t\t\t\t\t\t\t\t\t\t<figcaption class=\"widget-image-caption wp-caption-text\"><\/figcaption>\n\t\t\t\t\t\t\t\t\t\t<\/figure>\n\t\t\t\t\t\t\t\t\t<\/div>\n\t\t\t\t<\/div>\n\t\t\t\t<div class=\"elementor-element elementor-element-c3197d7 elementor-widget elementor-widget-text-editor\" data-id=\"c3197d7\" data-element_type=\"widget\" data-e-type=\"widget\" data-widget_type=\"text-editor.default\">\n\t\t\t\t<div class=\"elementor-widget-container\">\n\t\t\t\t\t\t\t\t\t<p>Des d\u2019aquest v\u00e8rtex, l\u2019alcasser assumeix una posici\u00f3 dominant sobre l\u2019entorn meridional de la ciutat.<\/p><p>Juntament amb aquest cub i en els trams seg\u00fcents apareix un dels elements singulars del recorregut: l\u2019\u00fas de carreus i materials reutilitzats d\u2019antigues construccions romanes i visigodes, embeguts a la base del mur i de les torrasses, visibles especialment fins al cub 78. Aquests vestigis evidencien l\u2019exist\u00e8ncia d\u2019una primitiva muralla anterior a la medieval, important per a la comprensi\u00f3 arqueol\u00f2gica del recinte.<\/p>\t\t\t\t\t\t\t\t<\/div>\n\t\t\t\t<\/div>\n\t\t\t\t<div class=\"elementor-element elementor-element-7b9e23e elementor-widget elementor-widget-image\" data-id=\"7b9e23e\" data-element_type=\"widget\" data-e-type=\"widget\" data-widget_type=\"image.default\">\n\t\t\t\t<div class=\"elementor-widget-container\">\n\t\t\t\t\t\t\t\t\t\t\t\t<figure class=\"wp-caption\">\n\t\t\t\t\t\t\t\t\t\t<img loading=\"lazy\" decoding=\"async\" width=\"768\" height=\"511\" src=\"https:\/\/www.elturistatranquil.com\/wp-content\/uploads\/F56-Muralla-de-Avila.-Lado-sur.jpg\" class=\"attachment-large size-large wp-image-62314\" alt=\"Muralla de Avila\" srcset=\"https:\/\/www.elturistatranquil.com\/wp-content\/uploads\/F56-Muralla-de-Avila.-Lado-sur.jpg 768w, https:\/\/www.elturistatranquil.com\/wp-content\/uploads\/F56-Muralla-de-Avila.-Lado-sur-339x226.jpg 339w\" sizes=\"(max-width: 768px) 100vw, 768px\" \/>\t\t\t\t\t\t\t\t\t\t\t<figcaption class=\"widget-image-caption wp-caption-text\"><\/figcaption>\n\t\t\t\t\t\t\t\t\t\t<\/figure>\n\t\t\t\t\t\t\t\t\t<\/div>\n\t\t\t\t<\/div>\n\t\t\t\t<div class=\"elementor-element elementor-element-81e04a2 elementor-widget elementor-widget-text-editor\" data-id=\"81e04a2\" data-element_type=\"widget\" data-e-type=\"widget\" data-widget_type=\"text-editor.default\">\n\t\t\t\t<div class=\"elementor-widget-container\">\n\t\t\t\t\t\t\t\t\t<p>El cub 78 \u00e9s semicircular i de dimensions m\u00e9s grans, i degu\u00e9 ser una obra posterior de car\u00e0cter artiller relacionat amb l\u2019angle interior de l\u2019alcasser. De fet, \u00e9s una torrassa afegida entre dues de disposici\u00f3 medieval.<\/p>\t\t\t\t\t\t\t\t<\/div>\n\t\t\t\t<\/div>\n\t\t\t\t<div class=\"elementor-element elementor-element-5f9918a elementor-widget elementor-widget-image\" data-id=\"5f9918a\" data-element_type=\"widget\" data-e-type=\"widget\" data-widget_type=\"image.default\">\n\t\t\t\t<div class=\"elementor-widget-container\">\n\t\t\t\t\t\t\t\t\t\t\t\t<figure class=\"wp-caption\">\n\t\t\t\t\t\t\t\t\t\t<img loading=\"lazy\" decoding=\"async\" width=\"768\" height=\"511\" src=\"https:\/\/www.elturistatranquil.com\/wp-content\/uploads\/F57-Muralla-de-Avila.-Lado-sur.jpg\" class=\"attachment-large size-large wp-image-62316\" alt=\"Muralla de Avila\" srcset=\"https:\/\/www.elturistatranquil.com\/wp-content\/uploads\/F57-Muralla-de-Avila.-Lado-sur.jpg 768w, https:\/\/www.elturistatranquil.com\/wp-content\/uploads\/F57-Muralla-de-Avila.-Lado-sur-339x226.jpg 339w\" sizes=\"(max-width: 768px) 100vw, 768px\" \/>\t\t\t\t\t\t\t\t\t\t\t<figcaption class=\"widget-image-caption wp-caption-text\"><\/figcaption>\n\t\t\t\t\t\t\t\t\t\t<\/figure>\n\t\t\t\t\t\t\t\t\t<\/div>\n\t\t\t\t<\/div>\n\t\t\t\t<div class=\"elementor-element elementor-element-8dbcec9 elementor-widget elementor-widget-text-editor\" data-id=\"8dbcec9\" data-element_type=\"widget\" data-e-type=\"widget\" data-widget_type=\"text-editor.default\">\n\t\t\t\t<div class=\"elementor-widget-container\">\n\t\t\t\t\t\t\t\t\t<p>Com es veu a la fotografia, la seva posici\u00f3 s\u2019ha d\u2019interpretar en relaci\u00f3 amb el l\u00edmit interior al servei de l\u2019alcasser.<\/p>\t\t\t\t\t\t\t\t<\/div>\n\t\t\t\t<\/div>\n\t\t\t\t<div class=\"elementor-element elementor-element-bc39f75 elementor-widget elementor-widget-image\" data-id=\"bc39f75\" data-element_type=\"widget\" data-e-type=\"widget\" data-widget_type=\"image.default\">\n\t\t\t\t<div class=\"elementor-widget-container\">\n\t\t\t\t\t\t\t\t\t\t\t\t<figure class=\"wp-caption\">\n\t\t\t\t\t\t\t\t\t\t<img loading=\"lazy\" decoding=\"async\" width=\"768\" height=\"512\" src=\"https:\/\/www.elturistatranquil.com\/wp-content\/uploads\/F58-Muralla-de-Avila.-Lado-sur.jpg\" class=\"attachment-large size-large wp-image-62318\" alt=\"Muralla de Avila\" srcset=\"https:\/\/www.elturistatranquil.com\/wp-content\/uploads\/F58-Muralla-de-Avila.-Lado-sur.jpg 768w, https:\/\/www.elturistatranquil.com\/wp-content\/uploads\/F58-Muralla-de-Avila.-Lado-sur-339x226.jpg 339w\" sizes=\"(max-width: 768px) 100vw, 768px\" \/>\t\t\t\t\t\t\t\t\t\t\t<figcaption class=\"widget-image-caption wp-caption-text\"><\/figcaption>\n\t\t\t\t\t\t\t\t\t\t<\/figure>\n\t\t\t\t\t\t\t\t\t<\/div>\n\t\t\t\t<\/div>\n\t\t\t\t<div class=\"elementor-element elementor-element-65e90c5 elementor-widget elementor-widget-text-editor\" data-id=\"65e90c5\" data-element_type=\"widget\" data-e-type=\"widget\" data-widget_type=\"text-editor.default\">\n\t\t\t\t<div class=\"elementor-widget-container\">\n\t\t\t\t\t\t\t\t\t<p>Els tres trams de mur entre el cub 77 i el 74 presenten unes particularitats diferents de la resta de tota la muralla.<\/p><p>Veiem com s\u2019hi actu\u00e0 sobre el mur fins a atorgar-li una aparen\u00e7a palatina, inclosa la llanterna sobre el cub 75, corresponent al <strong>palau de Navamorcuende<\/strong>. Actualment \u00e9s el <strong>palau Episcopal Nou<\/strong>.<\/p>\t\t\t\t\t\t\t\t<\/div>\n\t\t\t\t<\/div>\n\t\t\t\t<div class=\"elementor-element elementor-element-b0cde21 elementor-widget elementor-widget-image\" data-id=\"b0cde21\" data-element_type=\"widget\" data-e-type=\"widget\" data-widget_type=\"image.default\">\n\t\t\t\t<div class=\"elementor-widget-container\">\n\t\t\t\t\t\t\t\t\t\t\t\t<figure class=\"wp-caption\">\n\t\t\t\t\t\t\t\t\t\t<img loading=\"lazy\" decoding=\"async\" width=\"768\" height=\"511\" src=\"https:\/\/www.elturistatranquil.com\/wp-content\/uploads\/F59-Muralla-de-Avila.-Lado-sur.jpg\" class=\"attachment-large size-large wp-image-62320\" alt=\"Muralla de Avila\" srcset=\"https:\/\/www.elturistatranquil.com\/wp-content\/uploads\/F59-Muralla-de-Avila.-Lado-sur.jpg 768w, https:\/\/www.elturistatranquil.com\/wp-content\/uploads\/F59-Muralla-de-Avila.-Lado-sur-339x226.jpg 339w\" sizes=\"(max-width: 768px) 100vw, 768px\" \/>\t\t\t\t\t\t\t\t\t\t\t<figcaption class=\"widget-image-caption wp-caption-text\"><\/figcaption>\n\t\t\t\t\t\t\t\t\t\t<\/figure>\n\t\t\t\t\t\t\t\t\t<\/div>\n\t\t\t\t<\/div>\n\t\t\t\t<div class=\"elementor-element elementor-element-6547778 elementor-widget elementor-widget-image\" data-id=\"6547778\" data-element_type=\"widget\" data-e-type=\"widget\" data-widget_type=\"image.default\">\n\t\t\t\t<div class=\"elementor-widget-container\">\n\t\t\t\t\t\t\t\t\t\t\t\t<figure class=\"wp-caption\">\n\t\t\t\t\t\t\t\t\t\t<img loading=\"lazy\" decoding=\"async\" width=\"768\" height=\"511\" src=\"https:\/\/www.elturistatranquil.com\/wp-content\/uploads\/F60-Muralla-de-Avila.-Lado-sur.jpg\" class=\"attachment-large size-large wp-image-62322\" alt=\"Muralla de Avila\" srcset=\"https:\/\/www.elturistatranquil.com\/wp-content\/uploads\/F60-Muralla-de-Avila.-Lado-sur.jpg 768w, https:\/\/www.elturistatranquil.com\/wp-content\/uploads\/F60-Muralla-de-Avila.-Lado-sur-339x226.jpg 339w\" sizes=\"(max-width: 768px) 100vw, 768px\" \/>\t\t\t\t\t\t\t\t\t\t\t<figcaption class=\"widget-image-caption wp-caption-text\"><\/figcaption>\n\t\t\t\t\t\t\t\t\t\t<\/figure>\n\t\t\t\t\t\t\t\t\t<\/div>\n\t\t\t\t<\/div>\n\t\t\t\t<div class=\"elementor-element elementor-element-d93619b elementor-widget elementor-widget-text-editor\" data-id=\"d93619b\" data-element_type=\"widget\" data-e-type=\"widget\" data-widget_type=\"text-editor.default\">\n\t\t\t\t<div class=\"elementor-widget-container\">\n\t\t\t\t\t\t\t\t\t<p>A m\u00e9s dels nombrosos balcons i finestres, s\u2019obr\u00ed una poterna per al palau, actualment cegada.<\/p>\t\t\t\t\t\t\t\t<\/div>\n\t\t\t\t<\/div>\n\t\t\t\t<div class=\"elementor-element elementor-element-0fe451a elementor-widget elementor-widget-image\" data-id=\"0fe451a\" data-element_type=\"widget\" data-e-type=\"widget\" data-widget_type=\"image.default\">\n\t\t\t\t<div class=\"elementor-widget-container\">\n\t\t\t\t\t\t\t\t\t\t\t\t<figure class=\"wp-caption\">\n\t\t\t\t\t\t\t\t\t\t<img loading=\"lazy\" decoding=\"async\" width=\"768\" height=\"511\" src=\"https:\/\/www.elturistatranquil.com\/wp-content\/uploads\/F61-Muralla-de-Avila.-Lado-sur.jpg\" class=\"attachment-large size-large wp-image-62327\" alt=\"Muralla de Avila\" srcset=\"https:\/\/www.elturistatranquil.com\/wp-content\/uploads\/F61-Muralla-de-Avila.-Lado-sur.jpg 768w, https:\/\/www.elturistatranquil.com\/wp-content\/uploads\/F61-Muralla-de-Avila.-Lado-sur-339x226.jpg 339w\" sizes=\"(max-width: 768px) 100vw, 768px\" \/>\t\t\t\t\t\t\t\t\t\t\t<figcaption class=\"widget-image-caption wp-caption-text\"><\/figcaption>\n\t\t\t\t\t\t\t\t\t\t<\/figure>\n\t\t\t\t\t\t\t\t\t<\/div>\n\t\t\t\t<\/div>\n\t\t\t\t<div class=\"elementor-element elementor-element-3995dae elementor-widget elementor-widget-text-editor\" data-id=\"3995dae\" data-element_type=\"widget\" data-e-type=\"widget\" data-widget_type=\"text-editor.default\">\n\t\t\t\t<div class=\"elementor-widget-container\">\n\t\t\t\t\t\t\t\t\t<p>Els tres trams seg\u00fcents fins a la porta del Rastro, d\u2019aparen\u00e7a normal, nom\u00e9s mostren la <strong>poterna dels D\u00e1vila<\/strong>, que s\u2019obria cap a l\u2019exterior des del palau adossat al seu interior.<\/p>\t\t\t\t\t\t\t\t<\/div>\n\t\t\t\t<\/div>\n\t\t\t\t<div class=\"elementor-element elementor-element-897d986 elementor-widget elementor-widget-image\" data-id=\"897d986\" data-element_type=\"widget\" data-e-type=\"widget\" data-widget_type=\"image.default\">\n\t\t\t\t<div class=\"elementor-widget-container\">\n\t\t\t\t\t\t\t\t\t\t\t\t<figure class=\"wp-caption\">\n\t\t\t\t\t\t\t\t\t\t<img loading=\"lazy\" decoding=\"async\" width=\"768\" height=\"511\" src=\"https:\/\/www.elturistatranquil.com\/wp-content\/uploads\/F62-Muralla-de-Avila.-Lado-sur.jpg\" class=\"attachment-large size-large wp-image-62329\" alt=\"Muralla de Avila\" srcset=\"https:\/\/www.elturistatranquil.com\/wp-content\/uploads\/F62-Muralla-de-Avila.-Lado-sur.jpg 768w, https:\/\/www.elturistatranquil.com\/wp-content\/uploads\/F62-Muralla-de-Avila.-Lado-sur-339x226.jpg 339w\" sizes=\"(max-width: 768px) 100vw, 768px\" \/>\t\t\t\t\t\t\t\t\t\t\t<figcaption class=\"widget-image-caption wp-caption-text\"><\/figcaption>\n\t\t\t\t\t\t\t\t\t\t<\/figure>\n\t\t\t\t\t\t\t\t\t<\/div>\n\t\t\t\t<\/div>\n\t\t\t\t<div class=\"elementor-element elementor-element-05e136b elementor-widget elementor-widget-heading\" data-id=\"05e136b\" data-element_type=\"widget\" data-e-type=\"widget\" data-widget_type=\"heading.default\">\n\t\t\t\t<div class=\"elementor-widget-container\">\n\t\t\t\t\t<h4 class=\"elementor-heading-title elementor-size-default\">Porta del Rastro, de l\u2019Estrella o dels D\u00e1vila<\/h4>\t\t\t\t<\/div>\n\t\t\t\t<\/div>\n\t\t\t\t<div class=\"elementor-element elementor-element-6f35d44 elementor-widget elementor-widget-text-editor\" data-id=\"6f35d44\" data-element_type=\"widget\" data-e-type=\"widget\" data-widget_type=\"text-editor.default\">\n\t\t\t\t<div class=\"elementor-widget-container\">\n\t\t\t\t\t\t\t\t\t<p>La primera <strong>porta<\/strong> (<strong>F<\/strong>), la <strong>dels D\u00e1vila<\/strong> o <strong>las Navas<\/strong> i tamb\u00e9 <strong>del Grajal<\/strong> o <strong>de la Estrella<\/strong>, i en els pl\u00e0nols actuals <strong>del Rastro<\/strong> (<strong>entre els cubs 70-71<\/strong>), s\u2019obre entre el que foren les cases d\u2019Esteban Domingo i el palau del marqu\u00e8s de les Navas o D\u00e1vila. \u00c9s la porta m\u00e9s important d\u2019aquest costat.<\/p>\t\t\t\t\t\t\t\t<\/div>\n\t\t\t\t<\/div>\n\t\t\t\t<div class=\"elementor-element elementor-element-b1f2e08 elementor-widget elementor-widget-image\" data-id=\"b1f2e08\" data-element_type=\"widget\" data-e-type=\"widget\" data-widget_type=\"image.default\">\n\t\t\t\t<div class=\"elementor-widget-container\">\n\t\t\t\t\t\t\t\t\t\t\t\t<figure class=\"wp-caption\">\n\t\t\t\t\t\t\t\t\t\t<img loading=\"lazy\" decoding=\"async\" width=\"768\" height=\"511\" src=\"https:\/\/www.elturistatranquil.com\/wp-content\/uploads\/F63-Muralla-de-Avila.-Puerta-del-Rastro-de-la-Estrella-o-de-los-Davila.jpg\" class=\"attachment-large size-large wp-image-62331\" alt=\"Muralla de Avila\" srcset=\"https:\/\/www.elturistatranquil.com\/wp-content\/uploads\/F63-Muralla-de-Avila.-Puerta-del-Rastro-de-la-Estrella-o-de-los-Davila.jpg 768w, https:\/\/www.elturistatranquil.com\/wp-content\/uploads\/F63-Muralla-de-Avila.-Puerta-del-Rastro-de-la-Estrella-o-de-los-Davila-339x226.jpg 339w\" sizes=\"(max-width: 768px) 100vw, 768px\" \/>\t\t\t\t\t\t\t\t\t\t\t<figcaption class=\"widget-image-caption wp-caption-text\"><\/figcaption>\n\t\t\t\t\t\t\t\t\t\t<\/figure>\n\t\t\t\t\t\t\t\t\t<\/div>\n\t\t\t\t<\/div>\n\t\t\t\t<div class=\"elementor-element elementor-element-22faa46 elementor-widget elementor-widget-text-editor\" data-id=\"22faa46\" data-element_type=\"widget\" data-e-type=\"widget\" data-widget_type=\"text-editor.default\">\n\t\t\t\t<div class=\"elementor-widget-container\">\n\t\t\t\t\t\t\t\t\t<p>Apareix flanquejada per dues torres de planta quadrada que sostenen un balc\u00f3 conegut com de dona Guiomar, constru\u00eft al segle XVI.<\/p>\t\t\t\t\t\t\t\t<\/div>\n\t\t\t\t<\/div>\n\t\t\t\t<div class=\"elementor-element elementor-element-da1aa8a elementor-widget elementor-widget-image\" data-id=\"da1aa8a\" data-element_type=\"widget\" data-e-type=\"widget\" data-widget_type=\"image.default\">\n\t\t\t\t<div class=\"elementor-widget-container\">\n\t\t\t\t\t\t\t\t\t\t\t\t<figure class=\"wp-caption\">\n\t\t\t\t\t\t\t\t\t\t<img loading=\"lazy\" decoding=\"async\" width=\"768\" height=\"512\" src=\"https:\/\/www.elturistatranquil.com\/wp-content\/uploads\/F64-Muralla-de-Avila.-Puerta-del-Rastro-de-la-Estrella-o-de-los-Davila.jpg\" class=\"attachment-large size-large wp-image-62333\" alt=\"Muralla de Avila\" srcset=\"https:\/\/www.elturistatranquil.com\/wp-content\/uploads\/F64-Muralla-de-Avila.-Puerta-del-Rastro-de-la-Estrella-o-de-los-Davila.jpg 768w, https:\/\/www.elturistatranquil.com\/wp-content\/uploads\/F64-Muralla-de-Avila.-Puerta-del-Rastro-de-la-Estrella-o-de-los-Davila-339x226.jpg 339w\" sizes=\"(max-width: 768px) 100vw, 768px\" \/>\t\t\t\t\t\t\t\t\t\t\t<figcaption class=\"widget-image-caption wp-caption-text\"><\/figcaption>\n\t\t\t\t\t\t\t\t\t\t<\/figure>\n\t\t\t\t\t\t\t\t\t<\/div>\n\t\t\t\t<\/div>\n\t\t\t\t<div class=\"elementor-element elementor-element-0833d81 elementor-widget elementor-widget-text-editor\" data-id=\"0833d81\" data-element_type=\"widget\" data-e-type=\"widget\" data-widget_type=\"text-editor.default\">\n\t\t\t\t<div class=\"elementor-widget-container\">\n\t\t\t\t\t\t\t\t\t<p>Les seves torrasses quadrades evidencien moltes reformes i semblen constru\u00efts amb material reutilitzat: rom\u00e0 a la part baixa d\u2019ambd\u00f3s, especialment al m\u00e9s occidental (70), i carreus rom\u00e0nics a la part alta de l\u2019altre (71).<\/p><p>El buit de la porta \u00e9s de carreus de mig punt, amb l\u2019obertura descentrada, fet que manifesta la preexist\u00e8ncia del Palau dels D\u00e1vila, i sobre l\u2019arc encara s\u2019hi veu l\u2019empremta que deix\u00e0 un gran escut del marqu\u00e8s de les Navas.<\/p><p>El gran arc escarser entre les torres acull una galeria o mirador, amb columnes toscanes, de poca prest\u00e0ncia militar en relaci\u00f3 amb la resta de la muralla.<\/p>\t\t\t\t\t\t\t\t<\/div>\n\t\t\t\t<\/div>\n\t\t\t\t<div class=\"elementor-element elementor-element-f951611 elementor-widget elementor-widget-image\" data-id=\"f951611\" data-element_type=\"widget\" data-e-type=\"widget\" data-widget_type=\"image.default\">\n\t\t\t\t<div class=\"elementor-widget-container\">\n\t\t\t\t\t\t\t\t\t\t\t\t<figure class=\"wp-caption\">\n\t\t\t\t\t\t\t\t\t\t<img loading=\"lazy\" decoding=\"async\" width=\"768\" height=\"512\" src=\"https:\/\/www.elturistatranquil.com\/wp-content\/uploads\/F65-Muralla-de-Avila.-Puerta-del-Rastro-de-la-Estrella-o-de-los-Davila.jpg\" class=\"attachment-large size-large wp-image-62335\" alt=\"Muralla de Avila\" srcset=\"https:\/\/www.elturistatranquil.com\/wp-content\/uploads\/F65-Muralla-de-Avila.-Puerta-del-Rastro-de-la-Estrella-o-de-los-Davila.jpg 768w, https:\/\/www.elturistatranquil.com\/wp-content\/uploads\/F65-Muralla-de-Avila.-Puerta-del-Rastro-de-la-Estrella-o-de-los-Davila-339x226.jpg 339w\" sizes=\"(max-width: 768px) 100vw, 768px\" \/>\t\t\t\t\t\t\t\t\t\t\t<figcaption class=\"widget-image-caption wp-caption-text\"><\/figcaption>\n\t\t\t\t\t\t\t\t\t\t<\/figure>\n\t\t\t\t\t\t\t\t\t<\/div>\n\t\t\t\t<\/div>\n\t\t\t\t<div class=\"elementor-element elementor-element-b6e4287 elementor-widget elementor-widget-text-editor\" data-id=\"b6e4287\" data-element_type=\"widget\" data-e-type=\"widget\" data-widget_type=\"text-editor.default\">\n\t\t\t\t<div class=\"elementor-widget-container\">\n\t\t\t\t\t\t\t\t\t<p>Des de l\u2019interior queda clara la justificaci\u00f3 del despla\u00e7ament de la porta per adaptar-se al mur del Palau dels D\u00e1vila.<\/p>\t\t\t\t\t\t\t\t<\/div>\n\t\t\t\t<\/div>\n\t\t\t\t<div class=\"elementor-element elementor-element-7ba2936 elementor-widget elementor-widget-image\" data-id=\"7ba2936\" data-element_type=\"widget\" data-e-type=\"widget\" data-widget_type=\"image.default\">\n\t\t\t\t<div class=\"elementor-widget-container\">\n\t\t\t\t\t\t\t\t\t\t\t\t<figure class=\"wp-caption\">\n\t\t\t\t\t\t\t\t\t\t<img loading=\"lazy\" decoding=\"async\" width=\"768\" height=\"512\" src=\"https:\/\/www.elturistatranquil.com\/wp-content\/uploads\/F66-Muralla-de-Avila.-Puerta-del-Rastro-de-la-Estrella-o-de-los-Davila.jpg\" class=\"attachment-large size-large wp-image-62337\" alt=\"Muralla de Avila\" srcset=\"https:\/\/www.elturistatranquil.com\/wp-content\/uploads\/F66-Muralla-de-Avila.-Puerta-del-Rastro-de-la-Estrella-o-de-los-Davila.jpg 768w, https:\/\/www.elturistatranquil.com\/wp-content\/uploads\/F66-Muralla-de-Avila.-Puerta-del-Rastro-de-la-Estrella-o-de-los-Davila-339x226.jpg 339w\" sizes=\"(max-width: 768px) 100vw, 768px\" \/>\t\t\t\t\t\t\t\t\t\t\t<figcaption class=\"widget-image-caption wp-caption-text\"><\/figcaption>\n\t\t\t\t\t\t\t\t\t\t<\/figure>\n\t\t\t\t\t\t\t\t\t<\/div>\n\t\t\t\t<\/div>\n\t\t\t\t<div class=\"elementor-element elementor-element-85f91d5 elementor-widget elementor-widget-heading\" data-id=\"85f91d5\" data-element_type=\"widget\" data-e-type=\"widget\" data-widget_type=\"heading.default\">\n\t\t\t\t<div class=\"elementor-widget-container\">\n\t\t\t\t\t<h5 class=\"elementor-heading-title elementor-size-default\">Llen\u00e7 i<\/h5>\t\t\t\t<\/div>\n\t\t\t\t<\/div>\n\t\t\t\t<div class=\"elementor-element elementor-element-4f06e04 elementor-widget elementor-widget-text-editor\" data-id=\"4f06e04\" data-element_type=\"widget\" data-e-type=\"widget\" data-widget_type=\"text-editor.default\">\n\t\t\t\t<div class=\"elementor-widget-container\">\n\t\t\t\t\t\t\t\t\t<p>A partir de la porta del Rastro s\u2019accentua el pendent descendent del terreny i es fan m\u00e9s importants els afloraments rocosos sobre els quals reposa la muralla.<\/p>\t\t\t\t\t\t\t\t<\/div>\n\t\t\t\t<\/div>\n\t\t\t\t<div class=\"elementor-element elementor-element-21c9aa8 elementor-widget elementor-widget-image\" data-id=\"21c9aa8\" data-element_type=\"widget\" data-e-type=\"widget\" data-widget_type=\"image.default\">\n\t\t\t\t<div class=\"elementor-widget-container\">\n\t\t\t\t\t\t\t\t\t\t\t\t<figure class=\"wp-caption\">\n\t\t\t\t\t\t\t\t\t\t<img loading=\"lazy\" decoding=\"async\" width=\"768\" height=\"512\" src=\"https:\/\/www.elturistatranquil.com\/wp-content\/uploads\/F67-Muralla-de-Avila.-Lado-sur.jpg\" class=\"attachment-large size-large wp-image-62339\" alt=\"Muralla de Avila\" srcset=\"https:\/\/www.elturistatranquil.com\/wp-content\/uploads\/F67-Muralla-de-Avila.-Lado-sur.jpg 768w, https:\/\/www.elturistatranquil.com\/wp-content\/uploads\/F67-Muralla-de-Avila.-Lado-sur-339x226.jpg 339w\" sizes=\"(max-width: 768px) 100vw, 768px\" \/>\t\t\t\t\t\t\t\t\t\t\t<figcaption class=\"widget-image-caption wp-caption-text\"><\/figcaption>\n\t\t\t\t\t\t\t\t\t\t<\/figure>\n\t\t\t\t\t\t\t\t\t<\/div>\n\t\t\t\t<\/div>\n\t\t\t\t<div class=\"elementor-element elementor-element-0b84848 elementor-widget elementor-widget-image\" data-id=\"0b84848\" data-element_type=\"widget\" data-e-type=\"widget\" data-widget_type=\"image.default\">\n\t\t\t\t<div class=\"elementor-widget-container\">\n\t\t\t\t\t\t\t\t\t\t\t\t<figure class=\"wp-caption\">\n\t\t\t\t\t\t\t\t\t\t<img loading=\"lazy\" decoding=\"async\" width=\"768\" height=\"512\" src=\"https:\/\/www.elturistatranquil.com\/wp-content\/uploads\/F68-Muralla-de-Avila.-Lado-sur.jpg\" class=\"attachment-large size-large wp-image-62341\" alt=\"Muralla de Avila\" srcset=\"https:\/\/www.elturistatranquil.com\/wp-content\/uploads\/F68-Muralla-de-Avila.-Lado-sur.jpg 768w, https:\/\/www.elturistatranquil.com\/wp-content\/uploads\/F68-Muralla-de-Avila.-Lado-sur-339x226.jpg 339w\" sizes=\"(max-width: 768px) 100vw, 768px\" \/>\t\t\t\t\t\t\t\t\t\t\t<figcaption class=\"widget-image-caption wp-caption-text\"><\/figcaption>\n\t\t\t\t\t\t\t\t\t\t<\/figure>\n\t\t\t\t\t\t\t\t\t<\/div>\n\t\t\t\t<\/div>\n\t\t\t\t<div class=\"elementor-element elementor-element-879eff2 elementor-widget elementor-widget-image\" data-id=\"879eff2\" data-element_type=\"widget\" data-e-type=\"widget\" data-widget_type=\"image.default\">\n\t\t\t\t<div class=\"elementor-widget-container\">\n\t\t\t\t\t\t\t\t\t\t\t\t<figure class=\"wp-caption\">\n\t\t\t\t\t\t\t\t\t\t<img loading=\"lazy\" decoding=\"async\" width=\"768\" height=\"511\" src=\"https:\/\/www.elturistatranquil.com\/wp-content\/uploads\/F69-Muralla-de-Avila.-Lado-sur.jpg\" class=\"attachment-large size-large wp-image-62343\" alt=\"Muralla de Avila\" srcset=\"https:\/\/www.elturistatranquil.com\/wp-content\/uploads\/F69-Muralla-de-Avila.-Lado-sur.jpg 768w, https:\/\/www.elturistatranquil.com\/wp-content\/uploads\/F69-Muralla-de-Avila.-Lado-sur-339x226.jpg 339w\" sizes=\"(max-width: 768px) 100vw, 768px\" \/>\t\t\t\t\t\t\t\t\t\t\t<figcaption class=\"widget-image-caption wp-caption-text\"><\/figcaption>\n\t\t\t\t\t\t\t\t\t\t<\/figure>\n\t\t\t\t\t\t\t\t\t<\/div>\n\t\t\t\t<\/div>\n\t\t\t\t<div class=\"elementor-element elementor-element-c04a4db elementor-widget elementor-widget-text-editor\" data-id=\"c04a4db\" data-element_type=\"widget\" data-e-type=\"widget\" data-widget_type=\"text-editor.default\">\n\t\t\t\t<div class=\"elementor-widget-container\">\n\t\t\t\t\t\t\t\t\t<p>En aquest llen\u00e7 no apareix cap element destacable; si de cas, que els cubs van perdent pot\u00e8ncia defensiva, reduint el bra\u00e7 recte de la \u201cD\u201d.<\/p>\t\t\t\t\t\t\t\t<\/div>\n\t\t\t\t<\/div>\n\t\t\t\t<div class=\"elementor-element elementor-element-11498c5 elementor-widget elementor-widget-heading\" data-id=\"11498c5\" data-element_type=\"widget\" data-e-type=\"widget\" data-widget_type=\"heading.default\">\n\t\t\t\t<div class=\"elementor-widget-container\">\n\t\t\t\t\t<h4 class=\"elementor-heading-title elementor-size-default\">Porta de la Santa o de Montenegro<\/h4>\t\t\t\t<\/div>\n\t\t\t\t<\/div>\n\t\t\t\t<div class=\"elementor-element elementor-element-6cfa3fb elementor-widget elementor-widget-text-editor\" data-id=\"6cfa3fb\" data-element_type=\"widget\" data-e-type=\"widget\" data-widget_type=\"text-editor.default\">\n\t\t\t\t<div class=\"elementor-widget-container\">\n\t\t\t\t\t\t\t\t\t<p>Avan\u00e7ant cap a ponent, <strong>entre els cubs 65 i 64<\/strong>, es troba la <strong>porta de la Santa<\/strong> (<strong>G<\/strong>), acc\u00e9s meridional associat a la pla\u00e7a de Santa Teresa i al convent erigit sobre la casa natal de Santa Teresa. La porta figura en les relacions municipals amb la denominaci\u00f3 alternativa de <strong>porta de Montenegro<\/strong>.<\/p>\t\t\t\t\t\t\t\t<\/div>\n\t\t\t\t<\/div>\n\t\t\t\t<div class=\"elementor-element elementor-element-29549aa elementor-widget elementor-widget-image\" data-id=\"29549aa\" data-element_type=\"widget\" data-e-type=\"widget\" data-widget_type=\"image.default\">\n\t\t\t\t<div class=\"elementor-widget-container\">\n\t\t\t\t\t\t\t\t\t\t\t\t<figure class=\"wp-caption\">\n\t\t\t\t\t\t\t\t\t\t<img loading=\"lazy\" decoding=\"async\" width=\"768\" height=\"511\" src=\"https:\/\/www.elturistatranquil.com\/wp-content\/uploads\/F70-Muralla-de-Avila.-Lado-sur.jpg\" class=\"attachment-large size-large wp-image-62345\" alt=\"Muralla de Avila\" srcset=\"https:\/\/www.elturistatranquil.com\/wp-content\/uploads\/F70-Muralla-de-Avila.-Lado-sur.jpg 768w, https:\/\/www.elturistatranquil.com\/wp-content\/uploads\/F70-Muralla-de-Avila.-Lado-sur-339x226.jpg 339w\" sizes=\"(max-width: 768px) 100vw, 768px\" \/>\t\t\t\t\t\t\t\t\t\t\t<figcaption class=\"widget-image-caption wp-caption-text\"><\/figcaption>\n\t\t\t\t\t\t\t\t\t\t<\/figure>\n\t\t\t\t\t\t\t\t\t<\/div>\n\t\t\t\t<\/div>\n\t\t\t\t<div class=\"elementor-element elementor-element-7916779 elementor-widget elementor-widget-text-editor\" data-id=\"7916779\" data-element_type=\"widget\" data-e-type=\"widget\" data-widget_type=\"text-editor.default\">\n\t\t\t\t<div class=\"elementor-widget-container\">\n\t\t\t\t\t\t\t\t\t<p>Aqu\u00ed, les torrasses defensives s\u00f3n de tipus quadrangular, amb un matac\u00e0 sobre la porta rom\u00e0nica d\u2019arc de mig punt de carreus.<\/p>\t\t\t\t\t\t\t\t<\/div>\n\t\t\t\t<\/div>\n\t\t\t\t<div class=\"elementor-element elementor-element-3b25d8d elementor-widget elementor-widget-image\" data-id=\"3b25d8d\" data-element_type=\"widget\" data-e-type=\"widget\" data-widget_type=\"image.default\">\n\t\t\t\t<div class=\"elementor-widget-container\">\n\t\t\t\t\t\t\t\t\t\t\t\t<figure class=\"wp-caption\">\n\t\t\t\t\t\t\t\t\t\t<img loading=\"lazy\" decoding=\"async\" width=\"768\" height=\"512\" src=\"https:\/\/www.elturistatranquil.com\/wp-content\/uploads\/F71-Muralla-de-Avila.-Puerta-del-Rastro-de-la-Estrella-o-de-los-Davila.jpg\" class=\"attachment-large size-large wp-image-62347\" alt=\"Muralla de Avila\" srcset=\"https:\/\/www.elturistatranquil.com\/wp-content\/uploads\/F71-Muralla-de-Avila.-Puerta-del-Rastro-de-la-Estrella-o-de-los-Davila.jpg 768w, https:\/\/www.elturistatranquil.com\/wp-content\/uploads\/F71-Muralla-de-Avila.-Puerta-del-Rastro-de-la-Estrella-o-de-los-Davila-339x226.jpg 339w\" sizes=\"(max-width: 768px) 100vw, 768px\" \/>\t\t\t\t\t\t\t\t\t\t\t<figcaption class=\"widget-image-caption wp-caption-text\"><\/figcaption>\n\t\t\t\t\t\t\t\t\t\t<\/figure>\n\t\t\t\t\t\t\t\t\t<\/div>\n\t\t\t\t<\/div>\n\t\t\t\t<div class=\"elementor-element elementor-element-41e64d2 elementor-widget elementor-widget-heading\" data-id=\"41e64d2\" data-element_type=\"widget\" data-e-type=\"widget\" data-widget_type=\"heading.default\">\n\t\t\t\t<div class=\"elementor-widget-container\">\n\t\t\t\t\t<h5 class=\"elementor-heading-title elementor-size-default\">Llen\u00e7 j<\/h5>\t\t\t\t<\/div>\n\t\t\t\t<\/div>\n\t\t\t\t<div class=\"elementor-element elementor-element-184b151 elementor-widget elementor-widget-text-editor\" data-id=\"184b151\" data-element_type=\"widget\" data-e-type=\"widget\" data-widget_type=\"text-editor.default\">\n\t\t\t\t<div class=\"elementor-widget-container\">\n\t\t\t\t\t\t\t\t\t<p>Al tram occidental entre cubs sobresurt una altra galeria palatina, corresponent al <strong>Palau de Blasco N\u00fa\u00f1ez Vela<\/strong>, primer virrei del Per\u00fa, constru\u00eft cap a 1541. Actualment \u00e9s l\u2019<strong>Audi\u00e8ncia Provincial<\/strong>.<\/p>\t\t\t\t\t\t\t\t<\/div>\n\t\t\t\t<\/div>\n\t\t\t\t<div class=\"elementor-element elementor-element-8bb860a elementor-widget elementor-widget-image\" data-id=\"8bb860a\" data-element_type=\"widget\" data-e-type=\"widget\" data-widget_type=\"image.default\">\n\t\t\t\t<div class=\"elementor-widget-container\">\n\t\t\t\t\t\t\t\t\t\t\t\t<figure class=\"wp-caption\">\n\t\t\t\t\t\t\t\t\t\t<img loading=\"lazy\" decoding=\"async\" width=\"768\" height=\"512\" src=\"https:\/\/www.elturistatranquil.com\/wp-content\/uploads\/F72-Muralla-de-Avila.-Puerta-del-Rastro-de-la-Estrella-o-de-los-Davila.jpg\" class=\"attachment-large size-large wp-image-62352\" alt=\"Muralla de Avila\" srcset=\"https:\/\/www.elturistatranquil.com\/wp-content\/uploads\/F72-Muralla-de-Avila.-Puerta-del-Rastro-de-la-Estrella-o-de-los-Davila.jpg 768w, https:\/\/www.elturistatranquil.com\/wp-content\/uploads\/F72-Muralla-de-Avila.-Puerta-del-Rastro-de-la-Estrella-o-de-los-Davila-339x226.jpg 339w\" sizes=\"(max-width: 768px) 100vw, 768px\" \/>\t\t\t\t\t\t\t\t\t\t\t<figcaption class=\"widget-image-caption wp-caption-text\"><\/figcaption>\n\t\t\t\t\t\t\t\t\t\t<\/figure>\n\t\t\t\t\t\t\t\t\t<\/div>\n\t\t\t\t<\/div>\n\t\t\t\t<div class=\"elementor-element elementor-element-db1d63d elementor-widget elementor-widget-text-editor\" data-id=\"db1d63d\" data-element_type=\"widget\" data-e-type=\"widget\" data-widget_type=\"text-editor.default\">\n\t\t\t\t<div class=\"elementor-widget-container\">\n\t\t\t\t\t\t\t\t\t<p>Vinculat a la major pres\u00e8ncia roquera del terreny, veurem que els cubs perden pot\u00e8ncia, reduint-se progressivament a cubs semicirculars, aix\u00ed com augmentant la dist\u00e0ncia que els separa.<\/p>\t\t\t\t\t\t\t\t<\/div>\n\t\t\t\t<\/div>\n\t\t\t\t<div class=\"elementor-element elementor-element-ef19baf elementor-widget elementor-widget-image\" data-id=\"ef19baf\" data-element_type=\"widget\" data-e-type=\"widget\" data-widget_type=\"image.default\">\n\t\t\t\t<div class=\"elementor-widget-container\">\n\t\t\t\t\t\t\t\t\t\t\t\t<figure class=\"wp-caption\">\n\t\t\t\t\t\t\t\t\t\t<img loading=\"lazy\" decoding=\"async\" width=\"768\" height=\"512\" src=\"https:\/\/www.elturistatranquil.com\/wp-content\/uploads\/F73-Muralla-de-Avila.-Lado-sur.jpg\" class=\"attachment-large size-large wp-image-62354\" alt=\"Muralla de Avila\" srcset=\"https:\/\/www.elturistatranquil.com\/wp-content\/uploads\/F73-Muralla-de-Avila.-Lado-sur.jpg 768w, https:\/\/www.elturistatranquil.com\/wp-content\/uploads\/F73-Muralla-de-Avila.-Lado-sur-339x226.jpg 339w\" sizes=\"(max-width: 768px) 100vw, 768px\" \/>\t\t\t\t\t\t\t\t\t\t\t<figcaption class=\"widget-image-caption wp-caption-text\"><\/figcaption>\n\t\t\t\t\t\t\t\t\t\t<\/figure>\n\t\t\t\t\t\t\t\t\t<\/div>\n\t\t\t\t<\/div>\n\t\t\t\t<div class=\"elementor-element elementor-element-19305fd elementor-widget elementor-widget-image\" data-id=\"19305fd\" data-element_type=\"widget\" data-e-type=\"widget\" data-widget_type=\"image.default\">\n\t\t\t\t<div class=\"elementor-widget-container\">\n\t\t\t\t\t\t\t\t\t\t\t\t<figure class=\"wp-caption\">\n\t\t\t\t\t\t\t\t\t\t<img loading=\"lazy\" decoding=\"async\" width=\"768\" height=\"511\" src=\"https:\/\/www.elturistatranquil.com\/wp-content\/uploads\/F74-Muralla-de-Avila.-Lado-sur.jpg\" class=\"attachment-large size-large wp-image-62356\" alt=\"Muralla de Avila\" srcset=\"https:\/\/www.elturistatranquil.com\/wp-content\/uploads\/F74-Muralla-de-Avila.-Lado-sur.jpg 768w, https:\/\/www.elturistatranquil.com\/wp-content\/uploads\/F74-Muralla-de-Avila.-Lado-sur-339x226.jpg 339w\" sizes=\"(max-width: 768px) 100vw, 768px\" \/>\t\t\t\t\t\t\t\t\t\t\t<figcaption class=\"widget-image-caption wp-caption-text\"><\/figcaption>\n\t\t\t\t\t\t\t\t\t\t<\/figure>\n\t\t\t\t\t\t\t\t\t<\/div>\n\t\t\t\t<\/div>\n\t\t\t\t<div class=\"elementor-element elementor-element-ce00f50 elementor-widget elementor-widget-heading\" data-id=\"ce00f50\" data-element_type=\"widget\" data-e-type=\"widget\" data-widget_type=\"heading.default\">\n\t\t\t\t<div class=\"elementor-widget-container\">\n\t\t\t\t\t<h4 class=\"elementor-heading-title elementor-size-default\">Porta de la Malaventura, de la Mala Dita o del Matadero<\/h4>\t\t\t\t<\/div>\n\t\t\t\t<\/div>\n\t\t\t\t<div class=\"elementor-element elementor-element-ef201e0 elementor-widget elementor-widget-text-editor\" data-id=\"ef201e0\" data-element_type=\"widget\" data-e-type=\"widget\" data-widget_type=\"text-editor.default\">\n\t\t\t\t<div class=\"elementor-widget-container\">\n\t\t\t\t\t\t\t\t\t<p>La tercera porta d\u2019aquest costat \u00e9s en realitat una simple obertura d\u2019arc de mig punt de carreus obert al mur <strong>entre els cubs 58 <\/strong>i<strong> 59<\/strong>, descentrat m\u00e9s a prop del 59 i sense cap protecci\u00f3 espec\u00edfica, oferint l\u2019aparen\u00e7a de portell. \u00c9s l\u2019anomenada <strong>porta de Malaventura<\/strong>, <strong>de la Mala Dicha<\/strong>, <strong>de los Gitanos<\/strong> o <strong>del Matadero<\/strong> (<strong>H<\/strong>).<\/p><p>Juntament amb la porta hi hagu\u00e9 l\u2019escorxador constru\u00eft al segle XVI, que don\u00e0 el nom de El Rastro (de la sang) a tot el passeig que es constru\u00ed al costat de la muralla, fins al cub de la Esquina (<strong>81<\/strong>).<\/p>\t\t\t\t\t\t\t\t<\/div>\n\t\t\t\t<\/div>\n\t\t\t\t<div class=\"elementor-element elementor-element-cdd6669 elementor-widget elementor-widget-image\" data-id=\"cdd6669\" data-element_type=\"widget\" data-e-type=\"widget\" data-widget_type=\"image.default\">\n\t\t\t\t<div class=\"elementor-widget-container\">\n\t\t\t\t\t\t\t\t\t\t\t\t<figure class=\"wp-caption\">\n\t\t\t\t\t\t\t\t\t\t<img loading=\"lazy\" decoding=\"async\" width=\"768\" height=\"512\" src=\"https:\/\/www.elturistatranquil.com\/wp-content\/uploads\/F75-Muralla-de-Avila.-Puerta-de-la-Malaventura-de-la-Mala-Dicha-o-del-Matadero.jpg\" class=\"attachment-large size-large wp-image-62358\" alt=\"Muralla de Avila\" srcset=\"https:\/\/www.elturistatranquil.com\/wp-content\/uploads\/F75-Muralla-de-Avila.-Puerta-de-la-Malaventura-de-la-Mala-Dicha-o-del-Matadero.jpg 768w, https:\/\/www.elturistatranquil.com\/wp-content\/uploads\/F75-Muralla-de-Avila.-Puerta-de-la-Malaventura-de-la-Mala-Dicha-o-del-Matadero-339x226.jpg 339w\" sizes=\"(max-width: 768px) 100vw, 768px\" \/>\t\t\t\t\t\t\t\t\t\t\t<figcaption class=\"widget-image-caption wp-caption-text\"><\/figcaption>\n\t\t\t\t\t\t\t\t\t\t<\/figure>\n\t\t\t\t\t\t\t\t\t<\/div>\n\t\t\t\t<\/div>\n\t\t\t\t<div class=\"elementor-element elementor-element-901bc89 elementor-widget elementor-widget-heading\" data-id=\"901bc89\" data-element_type=\"widget\" data-e-type=\"widget\" data-widget_type=\"heading.default\">\n\t\t\t\t<div class=\"elementor-widget-container\">\n\t\t\t\t\t<h5 class=\"elementor-heading-title elementor-size-default\">Llen\u00e7 k<\/h5>\t\t\t\t<\/div>\n\t\t\t\t<\/div>\n\t\t\t\t<div class=\"elementor-element elementor-element-4135350 elementor-widget elementor-widget-text-editor\" data-id=\"4135350\" data-element_type=\"widget\" data-e-type=\"widget\" data-widget_type=\"text-editor.default\">\n\t\t\t\t<div class=\"elementor-widget-container\">\n\t\t\t\t\t\t\t\t\t<p>El recorregut conclou al <strong>cub 53<\/strong>, anomenat <strong>de la Malaventura<\/strong>, que constitueix el v\u00e8rtex sud-occidental del recinte.<\/p><p>Aquest tram, constructivament, no ofereix cap particularitat respecte a la resta de la muralla.<\/p><p>L\u2019exterior mostra paraments de granit en aparells de ma\u00e7oneria\/pedruscall, amb cubs de planta circular i separaci\u00f3 relativament \u00e0mplia respecte d\u2019altres fronts. La continu\u00eftat del tal\u00fas cap al llit fluvial explica la menor necessitat de torres de gran al\u00e7ada que al front oriental.<\/p><p>Nom\u00e9s cal esmentar que el pen\u00faltim cub 54 recupera la forma de \u201cD\u201d allargada com a signe de refor\u00e7 defensiu d\u2019aquest v\u00e8rtex meridional.<\/p><p>Vist aquest darrer tram del llen\u00e7 de muralla per la part interior, destaca la seva topografia en forma de tur\u00f3 que descendeix bruscament, fet que sembla haver dificultat l\u2019ocupaci\u00f3 d\u2019edificacions en el caseriu en aquest tram.<\/p>\t\t\t\t\t\t\t\t<\/div>\n\t\t\t\t<\/div>\n\t\t\t\t<div class=\"elementor-element elementor-element-7220980 elementor-widget elementor-widget-image\" data-id=\"7220980\" data-element_type=\"widget\" data-e-type=\"widget\" data-widget_type=\"image.default\">\n\t\t\t\t<div class=\"elementor-widget-container\">\n\t\t\t\t\t\t\t\t\t\t\t\t<figure class=\"wp-caption\">\n\t\t\t\t\t\t\t\t\t\t<img loading=\"lazy\" decoding=\"async\" width=\"768\" height=\"512\" src=\"https:\/\/www.elturistatranquil.com\/wp-content\/uploads\/F76-Muralla-de-Avila.-Lado-oeste.jpg\" class=\"attachment-large size-large wp-image-62360\" alt=\"Muralla de Avila\" srcset=\"https:\/\/www.elturistatranquil.com\/wp-content\/uploads\/F76-Muralla-de-Avila.-Lado-oeste.jpg 768w, https:\/\/www.elturistatranquil.com\/wp-content\/uploads\/F76-Muralla-de-Avila.-Lado-oeste-339x226.jpg 339w\" sizes=\"(max-width: 768px) 100vw, 768px\" \/>\t\t\t\t\t\t\t\t\t\t\t<figcaption class=\"widget-image-caption wp-caption-text\"><\/figcaption>\n\t\t\t\t\t\t\t\t\t\t<\/figure>\n\t\t\t\t\t\t\t\t\t<\/div>\n\t\t\t\t<\/div>\n\t\t\t\t<div class=\"elementor-element elementor-element-5f711e1 elementor-widget elementor-widget-heading\" data-id=\"5f711e1\" data-element_type=\"widget\" data-e-type=\"widget\" data-widget_type=\"heading.default\">\n\t\t\t\t<div class=\"elementor-widget-container\">\n\t\t\t\t\t<h3 class=\"elementor-heading-title elementor-size-default\">Costat oest de la muralla: del cub de la Malaventura al cub de San Segundo<\/h3>\t\t\t\t<\/div>\n\t\t\t\t<\/div>\n\t\t\t\t<div class=\"elementor-element elementor-element-cf5f0df elementor-widget elementor-widget-text-editor\" data-id=\"cf5f0df\" data-element_type=\"widget\" data-e-type=\"widget\" data-widget_type=\"text-editor.default\">\n\t\t\t\t<div class=\"elementor-widget-container\">\n\t\t\t\t\t\t\t\t\t<p>L\u2019exterior del costat occidental de la muralla d\u2019\u00c0vila, des del <strong>cub 53<\/strong> o <strong>de la Malaventura<\/strong> fins al <strong>cub 41<\/strong> o <strong>de San Segundo<\/strong>, on es tanca el nostre recorregut, ofereix una seq\u00fc\u00e8ncia d\u2019elements arquitect\u00f2nics i defensius condicionats pel fort pendent cap al riu Adaja i la singularitat de les construccions medievals.<\/p><p>Per les seves dimensions, aquest llen\u00e7 rectilini suaument ondulat d\u2019uns 300 metres \u00e9s el m\u00e9s petit del recinte, formant el costat estret d\u2019un aparent trapezi amb el qual hem definit la forma del recinte emmurallat d\u2019\u00c0vila.<\/p><p>Est\u00e0 format per dos llen\u00e7os separats per una \u00fanica porta, la <strong>porta del Puente<\/strong> (<strong>I<\/strong>).<\/p><p>All\u00f2 rellevant \u00e9s considerar el paper del riu Adaja, que discorre per la vall, com a element de defensa natural actuant de fossat natural.<\/p><p>L\u2019estructura i la distribuci\u00f3 dels cubs recupera el model normal en forma de \u201cD\u201d allargada i separacions d\u2019uns 20 metres, amb adarb corregut i coronaments emmerletats d\u2019acord amb la resta del recinte.<\/p>\t\t\t\t\t\t\t\t<\/div>\n\t\t\t\t<\/div>\n\t\t\t\t<div class=\"elementor-element elementor-element-ed3a62e elementor-widget elementor-widget-image\" data-id=\"ed3a62e\" data-element_type=\"widget\" data-e-type=\"widget\" data-widget_type=\"image.default\">\n\t\t\t\t<div class=\"elementor-widget-container\">\n\t\t\t\t\t\t\t\t\t\t\t\t<figure class=\"wp-caption\">\n\t\t\t\t\t\t\t\t\t\t<img loading=\"lazy\" decoding=\"async\" width=\"768\" height=\"512\" src=\"https:\/\/www.elturistatranquil.com\/wp-content\/uploads\/F77-Muralla-de-Avila.-Lado-oeste.jpg\" class=\"attachment-large size-large wp-image-62362\" alt=\"\" srcset=\"https:\/\/www.elturistatranquil.com\/wp-content\/uploads\/F77-Muralla-de-Avila.-Lado-oeste.jpg 768w, https:\/\/www.elturistatranquil.com\/wp-content\/uploads\/F77-Muralla-de-Avila.-Lado-oeste-339x226.jpg 339w\" sizes=\"(max-width: 768px) 100vw, 768px\" \/>\t\t\t\t\t\t\t\t\t\t\t<figcaption class=\"widget-image-caption wp-caption-text\"><\/figcaption>\n\t\t\t\t\t\t\t\t\t\t<\/figure>\n\t\t\t\t\t\t\t\t\t<\/div>\n\t\t\t\t<\/div>\n\t\t\t\t<div class=\"elementor-element elementor-element-bd3d38e elementor-widget elementor-widget-heading\" data-id=\"bd3d38e\" data-element_type=\"widget\" data-e-type=\"widget\" data-widget_type=\"heading.default\">\n\t\t\t\t<div class=\"elementor-widget-container\">\n\t\t\t\t\t<h5 class=\"elementor-heading-title elementor-size-default\">Llen\u00e7 l<\/h5>\t\t\t\t<\/div>\n\t\t\t\t<\/div>\n\t\t\t\t<div class=\"elementor-element elementor-element-4e7821b elementor-widget elementor-widget-text-editor\" data-id=\"4e7821b\" data-element_type=\"widget\" data-e-type=\"widget\" data-widget_type=\"text-editor.default\">\n\t\t\t\t<div class=\"elementor-widget-container\">\n\t\t\t\t\t\t\t\t\t<p>El <strong>cub 53, de la Malaventura<\/strong>, marca la transici\u00f3 entre el llen\u00e7 sud i l\u2019oest, amb un altre gir de 90<sup>o<\/sup> de la muralla. La seva base est\u00e0 cimentada en un potent aflorament rocall\u00f3s que refor\u00e7a la resist\u00e8ncia del recinte en aquesta zona, on la muralla inicia l\u2019adaptaci\u00f3 al pronunciat pendent descendent cap al llit del riu Adaja.<\/p><p>Les f\u00e0briques d\u2019aquest cub integren granit local, ma\u00e7oneria i restes de ma\u00f3 mud\u00e8jar utilitzat en restauracions.<\/p><p>El recorregut des del cub 53 prossegueix descendint per un tram on la muralla s\u2019adapta fortament al desnivell natural cap a l\u2019oest. El mur s\u2019assenta directament sobre afloraments petris, la qual cosa dificulta l\u2019assalt i redueix la necessitat de talussos artificials; l\u2019al\u00e7ada mitjana \u00e9s una mica menor que a la resta del recinte, per\u00f2 compensada per la verticalitat del terreny. El disc\u00f3rrer del carrer actual que segueix el mur dissimula aquest pendent i el paper defensiu de l\u2019orografia.<\/p>\t\t\t\t\t\t\t\t<\/div>\n\t\t\t\t<\/div>\n\t\t\t\t<div class=\"elementor-element elementor-element-70d01b6 elementor-widget elementor-widget-image\" data-id=\"70d01b6\" data-element_type=\"widget\" data-e-type=\"widget\" data-widget_type=\"image.default\">\n\t\t\t\t<div class=\"elementor-widget-container\">\n\t\t\t\t\t\t\t\t\t\t\t\t<figure class=\"wp-caption\">\n\t\t\t\t\t\t\t\t\t\t<img loading=\"lazy\" decoding=\"async\" width=\"768\" height=\"512\" src=\"https:\/\/www.elturistatranquil.com\/wp-content\/uploads\/F78-Muralla-de-Avila.-Lado-oeste.jpg\" class=\"attachment-large size-large wp-image-62364\" alt=\"Muralla de Avila\" srcset=\"https:\/\/www.elturistatranquil.com\/wp-content\/uploads\/F78-Muralla-de-Avila.-Lado-oeste.jpg 768w, https:\/\/www.elturistatranquil.com\/wp-content\/uploads\/F78-Muralla-de-Avila.-Lado-oeste-339x226.jpg 339w\" sizes=\"(max-width: 768px) 100vw, 768px\" \/>\t\t\t\t\t\t\t\t\t\t\t<figcaption class=\"widget-image-caption wp-caption-text\"><\/figcaption>\n\t\t\t\t\t\t\t\t\t\t<\/figure>\n\t\t\t\t\t\t\t\t\t<\/div>\n\t\t\t\t<\/div>\n\t\t\t\t<div class=\"elementor-element elementor-element-45448da elementor-widget elementor-widget-text-editor\" data-id=\"45448da\" data-element_type=\"widget\" data-e-type=\"widget\" data-widget_type=\"text-editor.default\">\n\t\t\t\t<div class=\"elementor-widget-container\">\n\t\t\t\t\t\t\t\t\t<p>En observar la muralla des de l\u2019interior podem apreciar all\u00f2 que \u00e9s una f\u00e0brica de ma\u00e7oneria a mirall: t\u00e8cnica constructiva en qu\u00e8 ambd\u00f3s costats del mur presenten un acabat visible i sim\u00e8tric, com si l\u2019un fos el reflex de l\u2019altre. El terme \u201ca mirall\u201d fa refer\u00e8ncia a la simetria visual entre les dues cares del mur, on habitualment l\u2019interior s\u2019omple de terra i pedres, cosa que permet grans gruixos de mur, com en aquest cas d\u2019uns 3 metres, per sobre dels quals discorren l\u2019emmerletat i l\u2019adarb.<\/p>\t\t\t\t\t\t\t\t<\/div>\n\t\t\t\t<\/div>\n\t\t\t\t<div class=\"elementor-element elementor-element-24fc254 elementor-widget elementor-widget-image\" data-id=\"24fc254\" data-element_type=\"widget\" data-e-type=\"widget\" data-widget_type=\"image.default\">\n\t\t\t\t<div class=\"elementor-widget-container\">\n\t\t\t\t\t\t\t\t\t\t\t\t<figure class=\"wp-caption\">\n\t\t\t\t\t\t\t\t\t\t<img loading=\"lazy\" decoding=\"async\" width=\"768\" height=\"512\" src=\"https:\/\/www.elturistatranquil.com\/wp-content\/uploads\/F79-Muralla-de-Avila.-Lado-oeste.jpg\" class=\"attachment-large size-large wp-image-62369\" alt=\"Muralla de Avila\" srcset=\"https:\/\/www.elturistatranquil.com\/wp-content\/uploads\/F79-Muralla-de-Avila.-Lado-oeste.jpg 768w, https:\/\/www.elturistatranquil.com\/wp-content\/uploads\/F79-Muralla-de-Avila.-Lado-oeste-339x226.jpg 339w\" sizes=\"(max-width: 768px) 100vw, 768px\" \/>\t\t\t\t\t\t\t\t\t\t\t<figcaption class=\"widget-image-caption wp-caption-text\"><\/figcaption>\n\t\t\t\t\t\t\t\t\t\t<\/figure>\n\t\t\t\t\t\t\t\t\t<\/div>\n\t\t\t\t<\/div>\n\t\t\t\t<div class=\"elementor-element elementor-element-26d07d6 elementor-widget elementor-widget-image\" data-id=\"26d07d6\" data-element_type=\"widget\" data-e-type=\"widget\" data-widget_type=\"image.default\">\n\t\t\t\t<div class=\"elementor-widget-container\">\n\t\t\t\t\t\t\t\t\t\t\t\t<figure class=\"wp-caption\">\n\t\t\t\t\t\t\t\t\t\t<img loading=\"lazy\" decoding=\"async\" width=\"768\" height=\"511\" src=\"https:\/\/www.elturistatranquil.com\/wp-content\/uploads\/F80-Muralla-de-Avila.-Lado-oeste.jpg\" class=\"attachment-large size-large wp-image-62371\" alt=\"Muralla de Avila\" srcset=\"https:\/\/www.elturistatranquil.com\/wp-content\/uploads\/F80-Muralla-de-Avila.-Lado-oeste.jpg 768w, https:\/\/www.elturistatranquil.com\/wp-content\/uploads\/F80-Muralla-de-Avila.-Lado-oeste-339x226.jpg 339w\" sizes=\"(max-width: 768px) 100vw, 768px\" \/>\t\t\t\t\t\t\t\t\t\t\t<figcaption class=\"widget-image-caption wp-caption-text\"><\/figcaption>\n\t\t\t\t\t\t\t\t\t\t<\/figure>\n\t\t\t\t\t\t\t\t\t<\/div>\n\t\t\t\t<\/div>\n\t\t\t\t<div class=\"elementor-element elementor-element-936d21d elementor-widget elementor-widget-heading\" data-id=\"936d21d\" data-element_type=\"widget\" data-e-type=\"widget\" data-widget_type=\"heading.default\">\n\t\t\t\t<div class=\"elementor-widget-container\">\n\t\t\t\t\t<h4 class=\"elementor-heading-title elementor-size-default\">Porta del Pont o del Adaja<\/h4>\t\t\t\t<\/div>\n\t\t\t\t<\/div>\n\t\t\t\t<div class=\"elementor-element elementor-element-85ea680 elementor-widget elementor-widget-text-editor\" data-id=\"85ea680\" data-element_type=\"widget\" data-e-type=\"widget\" data-widget_type=\"text-editor.default\">\n\t\t\t\t<div class=\"elementor-widget-container\">\n\t\t\t\t\t\t\t\t\t<p>La <strong>porta del Pont<\/strong> (<strong>I<\/strong>) (<strong>cubs 59-58<\/strong>) constitueix l\u2019\u00fanic acc\u00e9s d\u2019aquest front. Controla la comunicaci\u00f3 amb el pont sobre l\u2019Adaja i el cam\u00ed de ponent, orientada cap a la baixada al pont.<\/p><p>La seva import\u00e0ncia rau en ser el punt d\u2019entrada per a qui arribava des de l\u2019oest a trav\u00e9s del pont. Les reformes entre els segles XV i XVI dissimulen el pas medieval original conservat a l\u2019interior de la obertura.<\/p><p>La porta destaca per la seva integraci\u00f3 a la f\u00e0brica cont\u00ednua de la muralla i la senzillesa del seu arc de mig punt. \u00c9s d\u2019estructura similar a les dues del costat oposat de llevant (les de San Vicente i del Alc\u00e1zar), flanquejada per cubs en \u201cD\u201d allargada, de 9 metres de profunditat davant dels 13 d\u2019aquelles, per\u00f2 sense l\u2019arc volat entre les dues torres, fet que li resta monumentalitat.<\/p><p>Un buit sobre la porta indica que hi degu\u00e9 existir un blas\u00f3 en aquell lloc.<\/p>\t\t\t\t\t\t\t\t<\/div>\n\t\t\t\t<\/div>\n\t\t\t\t<div class=\"elementor-element elementor-element-7ddd6a7 elementor-widget elementor-widget-image\" data-id=\"7ddd6a7\" data-element_type=\"widget\" data-e-type=\"widget\" data-widget_type=\"image.default\">\n\t\t\t\t<div class=\"elementor-widget-container\">\n\t\t\t\t\t\t\t\t\t\t\t\t<figure class=\"wp-caption\">\n\t\t\t\t\t\t\t\t\t\t<img loading=\"lazy\" decoding=\"async\" width=\"768\" height=\"512\" src=\"https:\/\/www.elturistatranquil.com\/wp-content\/uploads\/F81-Muralla-de-Avila.-Puerta-del-Puente-o-el-Adaja.jpg\" class=\"attachment-large size-large wp-image-62373\" alt=\"Muralla de Avila\" srcset=\"https:\/\/www.elturistatranquil.com\/wp-content\/uploads\/F81-Muralla-de-Avila.-Puerta-del-Puente-o-el-Adaja.jpg 768w, https:\/\/www.elturistatranquil.com\/wp-content\/uploads\/F81-Muralla-de-Avila.-Puerta-del-Puente-o-el-Adaja-339x226.jpg 339w\" sizes=\"(max-width: 768px) 100vw, 768px\" \/>\t\t\t\t\t\t\t\t\t\t\t<figcaption class=\"widget-image-caption wp-caption-text\"><\/figcaption>\n\t\t\t\t\t\t\t\t\t\t<\/figure>\n\t\t\t\t\t\t\t\t\t<\/div>\n\t\t\t\t<\/div>\n\t\t\t\t<div class=\"elementor-element elementor-element-bf0c64c elementor-widget elementor-widget-image\" data-id=\"bf0c64c\" data-element_type=\"widget\" data-e-type=\"widget\" data-widget_type=\"image.default\">\n\t\t\t\t<div class=\"elementor-widget-container\">\n\t\t\t\t\t\t\t\t\t\t\t\t<figure class=\"wp-caption\">\n\t\t\t\t\t\t\t\t\t\t<img loading=\"lazy\" decoding=\"async\" width=\"768\" height=\"511\" src=\"https:\/\/www.elturistatranquil.com\/wp-content\/uploads\/F82-Muralla-de-Avila.-Puerta-del-Puente-o-el-Adaja.jpg\" class=\"attachment-large size-large wp-image-62375\" alt=\"Muralla de Avila\" srcset=\"https:\/\/www.elturistatranquil.com\/wp-content\/uploads\/F82-Muralla-de-Avila.-Puerta-del-Puente-o-el-Adaja.jpg 768w, https:\/\/www.elturistatranquil.com\/wp-content\/uploads\/F82-Muralla-de-Avila.-Puerta-del-Puente-o-el-Adaja-339x226.jpg 339w\" sizes=\"(max-width: 768px) 100vw, 768px\" \/>\t\t\t\t\t\t\t\t\t\t\t<figcaption class=\"widget-image-caption wp-caption-text\"><\/figcaption>\n\t\t\t\t\t\t\t\t\t\t<\/figure>\n\t\t\t\t\t\t\t\t\t<\/div>\n\t\t\t\t<\/div>\n\t\t\t\t<div class=\"elementor-element elementor-element-7c09679 elementor-widget elementor-widget-text-editor\" data-id=\"7c09679\" data-element_type=\"widget\" data-e-type=\"widget\" data-widget_type=\"text-editor.default\">\n\t\t\t\t<div class=\"elementor-widget-container\">\n\t\t\t\t\t\t\t\t\t<p>En observar-la des de l\u2019interior, despullada d\u2019edificacions, es pot apreciar l\u2019estructura juntament amb la dels cubs defensius i els seus accessos a la part alta de la terrassa.<\/p>\t\t\t\t\t\t\t\t<\/div>\n\t\t\t\t<\/div>\n\t\t\t\t<div class=\"elementor-element elementor-element-67298dc elementor-widget elementor-widget-image\" data-id=\"67298dc\" data-element_type=\"widget\" data-e-type=\"widget\" data-widget_type=\"image.default\">\n\t\t\t\t<div class=\"elementor-widget-container\">\n\t\t\t\t\t\t\t\t\t\t\t\t<figure class=\"wp-caption\">\n\t\t\t\t\t\t\t\t\t\t<img loading=\"lazy\" decoding=\"async\" width=\"768\" height=\"512\" src=\"https:\/\/www.elturistatranquil.com\/wp-content\/uploads\/F83-Muralla-de-Avila.-Puerta-del-Puente-o-el-Adaja.jpg\" class=\"attachment-large size-large wp-image-62377\" alt=\"Muralla de Avila\" srcset=\"https:\/\/www.elturistatranquil.com\/wp-content\/uploads\/F83-Muralla-de-Avila.-Puerta-del-Puente-o-el-Adaja.jpg 768w, https:\/\/www.elturistatranquil.com\/wp-content\/uploads\/F83-Muralla-de-Avila.-Puerta-del-Puente-o-el-Adaja-339x226.jpg 339w\" sizes=\"(max-width: 768px) 100vw, 768px\" \/>\t\t\t\t\t\t\t\t\t\t\t<figcaption class=\"widget-image-caption wp-caption-text\"><\/figcaption>\n\t\t\t\t\t\t\t\t\t\t<\/figure>\n\t\t\t\t\t\t\t\t\t<\/div>\n\t\t\t\t<\/div>\n\t\t\t\t<div class=\"elementor-element elementor-element-954e54b elementor-widget elementor-widget-image\" data-id=\"954e54b\" data-element_type=\"widget\" data-e-type=\"widget\" data-widget_type=\"image.default\">\n\t\t\t\t<div class=\"elementor-widget-container\">\n\t\t\t\t\t\t\t\t\t\t\t\t<figure class=\"wp-caption\">\n\t\t\t\t\t\t\t\t\t\t<img loading=\"lazy\" decoding=\"async\" width=\"768\" height=\"511\" src=\"https:\/\/www.elturistatranquil.com\/wp-content\/uploads\/F84-Muralla-de-Avila.-Puerta-del-Puente-o-el-Adaja.jpg\" class=\"attachment-large size-large wp-image-62379\" alt=\"Muralla de Avila\" srcset=\"https:\/\/www.elturistatranquil.com\/wp-content\/uploads\/F84-Muralla-de-Avila.-Puerta-del-Puente-o-el-Adaja.jpg 768w, https:\/\/www.elturistatranquil.com\/wp-content\/uploads\/F84-Muralla-de-Avila.-Puerta-del-Puente-o-el-Adaja-339x226.jpg 339w\" sizes=\"(max-width: 768px) 100vw, 768px\" \/>\t\t\t\t\t\t\t\t\t\t\t<figcaption class=\"widget-image-caption wp-caption-text\"><\/figcaption>\n\t\t\t\t\t\t\t\t\t\t<\/figure>\n\t\t\t\t\t\t\t\t\t<\/div>\n\t\t\t\t<\/div>\n\t\t\t\t<div class=\"elementor-element elementor-element-e664c8a elementor-widget elementor-widget-image\" data-id=\"e664c8a\" data-element_type=\"widget\" data-e-type=\"widget\" data-widget_type=\"image.default\">\n\t\t\t\t<div class=\"elementor-widget-container\">\n\t\t\t\t\t\t\t\t\t\t\t\t<figure class=\"wp-caption\">\n\t\t\t\t\t\t\t\t\t\t<img loading=\"lazy\" decoding=\"async\" width=\"768\" height=\"512\" src=\"https:\/\/www.elturistatranquil.com\/wp-content\/uploads\/F85-Muralla-de-Avila.-Puerta-del-Puente-o-el-Adaja.jpg\" class=\"attachment-large size-large wp-image-62381\" alt=\"Muralla de Avila\" srcset=\"https:\/\/www.elturistatranquil.com\/wp-content\/uploads\/F85-Muralla-de-Avila.-Puerta-del-Puente-o-el-Adaja.jpg 768w, https:\/\/www.elturistatranquil.com\/wp-content\/uploads\/F85-Muralla-de-Avila.-Puerta-del-Puente-o-el-Adaja-339x226.jpg 339w\" sizes=\"(max-width: 768px) 100vw, 768px\" \/>\t\t\t\t\t\t\t\t\t\t\t<figcaption class=\"widget-image-caption wp-caption-text\"><\/figcaption>\n\t\t\t\t\t\t\t\t\t\t<\/figure>\n\t\t\t\t\t\t\t\t\t<\/div>\n\t\t\t\t<\/div>\n\t\t\t\t<div class=\"elementor-element elementor-element-dd487f0 elementor-widget elementor-widget-heading\" data-id=\"dd487f0\" data-element_type=\"widget\" data-e-type=\"widget\" data-widget_type=\"heading.default\">\n\t\t\t\t<div class=\"elementor-widget-container\">\n\t\t\t\t\t<h5 class=\"elementor-heading-title elementor-size-default\">Llen\u00e7 m<\/h5>\t\t\t\t<\/div>\n\t\t\t\t<\/div>\n\t\t\t\t<div class=\"elementor-element elementor-element-b17de92 elementor-widget elementor-widget-text-editor\" data-id=\"b17de92\" data-element_type=\"widget\" data-e-type=\"widget\" data-widget_type=\"text-editor.default\">\n\t\t\t\t<div class=\"elementor-widget-container\">\n\t\t\t\t\t\t\t\t\t<p>Arribem al darrer <strong>llen\u00e7<\/strong> (<strong>m<\/strong>) del nostre recorregut per tota la muralla d\u2019\u00c0vila, compr\u00e8s entre la <strong>porta del Puente i <\/strong>el <strong>cub 41 de San Segundo<\/strong>.<\/p>\t\t\t\t\t\t\t\t<\/div>\n\t\t\t\t<\/div>\n\t\t\t\t<div class=\"elementor-element elementor-element-eb7f7f9 elementor-widget elementor-widget-image\" data-id=\"eb7f7f9\" data-element_type=\"widget\" data-e-type=\"widget\" data-widget_type=\"image.default\">\n\t\t\t\t<div class=\"elementor-widget-container\">\n\t\t\t\t\t\t\t\t\t\t\t\t<figure class=\"wp-caption\">\n\t\t\t\t\t\t\t\t\t\t<img loading=\"lazy\" decoding=\"async\" width=\"768\" height=\"512\" src=\"https:\/\/www.elturistatranquil.com\/wp-content\/uploads\/F86-Muralla-de-Avila.-Lado-oeste.jpg\" class=\"attachment-large size-large wp-image-62383\" alt=\"Muralla de Avila\" srcset=\"https:\/\/www.elturistatranquil.com\/wp-content\/uploads\/F86-Muralla-de-Avila.-Lado-oeste.jpg 768w, https:\/\/www.elturistatranquil.com\/wp-content\/uploads\/F86-Muralla-de-Avila.-Lado-oeste-339x226.jpg 339w\" sizes=\"(max-width: 768px) 100vw, 768px\" \/>\t\t\t\t\t\t\t\t\t\t\t<figcaption class=\"widget-image-caption wp-caption-text\"><\/figcaption>\n\t\t\t\t\t\t\t\t\t\t<\/figure>\n\t\t\t\t\t\t\t\t\t<\/div>\n\t\t\t\t<\/div>\n\t\t\t\t<div class=\"elementor-element elementor-element-2b1b5b6 elementor-widget elementor-widget-text-editor\" data-id=\"2b1b5b6\" data-element_type=\"widget\" data-e-type=\"widget\" data-widget_type=\"text-editor.default\">\n\t\t\t\t<div class=\"elementor-widget-container\">\n\t\t\t\t\t\t\t\t\t<p>El llen\u00e7 va elevant el seu perfil adaptant-se a l\u2019orografia, com ha succe\u00eft al llarg de tot el per\u00edmetre.<\/p>\t\t\t\t\t\t\t\t<\/div>\n\t\t\t\t<\/div>\n\t\t\t\t<div class=\"elementor-element elementor-element-cf1fbdc elementor-widget elementor-widget-image\" data-id=\"cf1fbdc\" data-element_type=\"widget\" data-e-type=\"widget\" data-widget_type=\"image.default\">\n\t\t\t\t<div class=\"elementor-widget-container\">\n\t\t\t\t\t\t\t\t\t\t\t\t<figure class=\"wp-caption\">\n\t\t\t\t\t\t\t\t\t\t<img loading=\"lazy\" decoding=\"async\" width=\"768\" height=\"512\" src=\"https:\/\/www.elturistatranquil.com\/wp-content\/uploads\/F87-Muralla-de-Avila.-Lado-oeste.jpg\" class=\"attachment-large size-large wp-image-62388\" alt=\"Muralla de Avila\" srcset=\"https:\/\/www.elturistatranquil.com\/wp-content\/uploads\/F87-Muralla-de-Avila.-Lado-oeste.jpg 768w, https:\/\/www.elturistatranquil.com\/wp-content\/uploads\/F87-Muralla-de-Avila.-Lado-oeste-339x226.jpg 339w\" sizes=\"(max-width: 768px) 100vw, 768px\" \/>\t\t\t\t\t\t\t\t\t\t\t<figcaption class=\"widget-image-caption wp-caption-text\"><\/figcaption>\n\t\t\t\t\t\t\t\t\t\t<\/figure>\n\t\t\t\t\t\t\t\t\t<\/div>\n\t\t\t\t<\/div>\n\t\t\t\t<div class=\"elementor-element elementor-element-94db200 elementor-widget elementor-widget-text-editor\" data-id=\"94db200\" data-element_type=\"widget\" data-e-type=\"widget\" data-widget_type=\"text-editor.default\">\n\t\t\t\t<div class=\"elementor-widget-container\">\n\t\t\t\t\t\t\t\t\t<p>Al nord de la porta, es mant\u00e9 el mateix tipus de trams i cubs que al llen\u00e7 sud anterior, encara que l\u2019abrupte del terreny en aquest tram permet\u00e9 augmentar lleugerament la dist\u00e0ncia entre els cubs per la dificultat d\u2019assalt.<\/p><p>El cub 41 marca l\u2019angle nord-occidental i el canvi d\u2019orientaci\u00f3 cap al llen\u00e7 nord.<\/p><p>Com sabem, pren el seu nom per la refer\u00e8ncia a l\u2019<strong>ermita de San Segundo <\/strong>(<em>BIC<\/em>), situada extramurs a la ribera. Al mateix marge exterior, aig\u00fces avall, es localitza el conjunt arqueol\u00f2gic de les <strong>Antigues Tener\u00edas del Arrabal de San Segundo<\/strong> (<em>BIC<\/em>), factoria medievals lligades a adobatge, tints i batanes, la ubicaci\u00f3 de les quals depenia del subministrament d\u2019aigua. La concentraci\u00f3 d\u2019instal\u00b7lacions artesanals en aquest tram explica la funcionalitat hist\u00f2rica del marge fluvial.<\/p><p>A l\u2019altra banda del riu Adaja veurem el <strong>mirador del Humilladero<\/strong> <strong>de los Cuatro Postes<\/strong>, d\u2019on hem obtingut la primera vista de la muralla.<\/p><p>Recordem que al cub 41 la muralla girar\u00e0 90<sup>o<\/sup> per adoptar la direcci\u00f3 cap a llevant.<\/p><p>Per l\u2019interior, sense edificacions, continuem veient el mur a mirall, amb l\u2019adarb i els cubs.<\/p>\t\t\t\t\t\t\t\t<\/div>\n\t\t\t\t<\/div>\n\t\t\t\t<div class=\"elementor-element elementor-element-63a2cf9 elementor-widget elementor-widget-image\" data-id=\"63a2cf9\" data-element_type=\"widget\" data-e-type=\"widget\" data-widget_type=\"image.default\">\n\t\t\t\t<div class=\"elementor-widget-container\">\n\t\t\t\t\t\t\t\t\t\t\t\t<figure class=\"wp-caption\">\n\t\t\t\t\t\t\t\t\t\t<img loading=\"lazy\" decoding=\"async\" width=\"768\" height=\"511\" src=\"https:\/\/www.elturistatranquil.com\/wp-content\/uploads\/F88-Muralla-de-Avila.-Lado-oeste.jpg\" class=\"attachment-large size-large wp-image-62390\" alt=\"Muralla de Avila\" srcset=\"https:\/\/www.elturistatranquil.com\/wp-content\/uploads\/F88-Muralla-de-Avila.-Lado-oeste.jpg 768w, https:\/\/www.elturistatranquil.com\/wp-content\/uploads\/F88-Muralla-de-Avila.-Lado-oeste-339x226.jpg 339w\" sizes=\"(max-width: 768px) 100vw, 768px\" \/>\t\t\t\t\t\t\t\t\t\t\t<figcaption class=\"widget-image-caption wp-caption-text\"><\/figcaption>\n\t\t\t\t\t\t\t\t\t\t<\/figure>\n\t\t\t\t\t\t\t\t\t<\/div>\n\t\t\t\t<\/div>\n\t\t\t\t<div class=\"elementor-element elementor-element-8ab3537 elementor-widget elementor-widget-text-editor\" data-id=\"8ab3537\" data-element_type=\"widget\" data-e-type=\"widget\" data-widget_type=\"text-editor.default\">\n\t\t\t\t<div class=\"elementor-widget-container\">\n\t\t\t\t\t\t\t\t\t<p>Amb aquesta vista del costat interior de ponent, amb una extensa visual, tanquem el recorregut per la base de la muralla.<\/p>\t\t\t\t\t\t\t\t<\/div>\n\t\t\t\t<\/div>\n\t\t\t\t<div class=\"elementor-element elementor-element-294561d elementor-widget elementor-widget-image\" data-id=\"294561d\" data-element_type=\"widget\" data-e-type=\"widget\" data-widget_type=\"image.default\">\n\t\t\t\t<div class=\"elementor-widget-container\">\n\t\t\t\t\t\t\t\t\t\t\t\t<figure class=\"wp-caption\">\n\t\t\t\t\t\t\t\t\t\t<img loading=\"lazy\" decoding=\"async\" width=\"768\" height=\"512\" src=\"https:\/\/www.elturistatranquil.com\/wp-content\/uploads\/F89-Muralla-de-Avila.-Lado-oeste.jpg\" class=\"attachment-large size-large wp-image-62392\" alt=\"Muralla de Avila\" srcset=\"https:\/\/www.elturistatranquil.com\/wp-content\/uploads\/F89-Muralla-de-Avila.-Lado-oeste.jpg 768w, https:\/\/www.elturistatranquil.com\/wp-content\/uploads\/F89-Muralla-de-Avila.-Lado-oeste-339x226.jpg 339w\" sizes=\"(max-width: 768px) 100vw, 768px\" \/>\t\t\t\t\t\t\t\t\t\t\t<figcaption class=\"widget-image-caption wp-caption-text\"><\/figcaption>\n\t\t\t\t\t\t\t\t\t\t<\/figure>\n\t\t\t\t\t\t\t\t\t<\/div>\n\t\t\t\t<\/div>\n\t\t\t\t<div class=\"elementor-element elementor-element-d03c214 elementor-widget elementor-widget-text-editor\" data-id=\"d03c214\" data-element_type=\"widget\" data-e-type=\"widget\" data-widget_type=\"text-editor.default\">\n\t\t\t\t<div class=\"elementor-widget-container\">\n\t\t\t\t\t\t\t\t\t<p>Ara podem dirigir-nos cap a les altures, per rec\u00f3rrer parcialment l\u2019adarb.<\/p>\t\t\t\t\t\t\t\t<\/div>\n\t\t\t\t<\/div>\n\t\t\t\t<div class=\"elementor-element elementor-element-5772c11 elementor-widget elementor-widget-heading\" data-id=\"5772c11\" data-element_type=\"widget\" data-e-type=\"widget\" data-widget_type=\"heading.default\">\n\t\t\t\t<div class=\"elementor-widget-container\">\n\t\t\t\t\t<h2 class=\"elementor-heading-title elementor-size-default\">Recorregut per l\u2019adarb<\/h2>\t\t\t\t<\/div>\n\t\t\t\t<\/div>\n\t\t\t\t<div class=\"elementor-element elementor-element-f8c9b83 elementor-widget elementor-widget-text-editor\" data-id=\"f8c9b83\" data-element_type=\"widget\" data-e-type=\"widget\" data-widget_type=\"text-editor.default\">\n\t\t\t\t<div class=\"elementor-widget-container\">\n\t\t\t\t\t\t\t\t\t<p>Un dels atractius de l\u2019estat actual de la muralla d\u2019\u00c0vila \u00e9s que es pot rec\u00f3rrer gran part de l\u2019adarb que la coronava. Est\u00e0 habilitat el recorregut de tot el costat est i de tot el costat nord i gran part del costat oest. S\u2019hi accedeix a trav\u00e9s de quatre entrades. L\u2019acc\u00e9s m\u00e9s freq\u00fcentat \u00e9s per l\u2019Oficina de Turisme, entrant per la porta de l\u2019antiga Carnisseria, a la dreta de la porta de la Catedral.<\/p><p>Les previsions s\u00f3n que en un futur pr\u00f2xim es pugui rec\u00f3rrer completament.<\/p><p>Presentar\u00e9 el recorregut des del Cimorro fins al cub de la Mula i el costat nord de la muralla. Ens aturarem en alguns detalls constructius, aix\u00ed com especialment en la perspectiva sobre l\u2019interior de la ciutat que defensava, on podrem contrastar la divisi\u00f3 social-jer\u00e0rquica en qu\u00e8 est\u00e0 estructurada, i tamb\u00e9 hi farem una ullada sobre l\u2019entorn immediat.<\/p><p>Les imatges que observarem de l\u2019interior ens situaran hist\u00f2ricament a prop dels moments m\u00e9s significatius de la hist\u00f2ria d\u2019\u00c0vila. Percebre aquestes imatges hist\u00f2riques \u00e9s possible perqu\u00e8 l\u2019interior no es renov\u00e0 excessivament durant els segles passats, i actualment est\u00e0 protegit d\u2019edificacions modernes. Mentre que l\u2019exterior ha canviat m\u00e9s profundament com a conseq\u00fc\u00e8ncia de les expansions i de la modernitzaci\u00f3 de la ciutat extramurs.<\/p><p>Aquesta vegada el recorregut l\u2019efectuem en sentit contrari al recorregut exterior de la muralla.<\/p>\t\t\t\t\t\t\t\t<\/div>\n\t\t\t\t<\/div>\n\t\t\t\t<div class=\"elementor-element elementor-element-e80541b elementor-widget elementor-widget-heading\" data-id=\"e80541b\" data-element_type=\"widget\" data-e-type=\"widget\" data-widget_type=\"heading.default\">\n\t\t\t\t<div class=\"elementor-widget-container\">\n\t\t\t\t\t<h4 class=\"elementor-heading-title elementor-size-default\">Adarb del costat est<\/h4>\t\t\t\t<\/div>\n\t\t\t\t<\/div>\n\t\t\t\t<div class=\"elementor-element elementor-element-1d50efb elementor-widget elementor-widget-text-editor\" data-id=\"1d50efb\" data-element_type=\"widget\" data-e-type=\"widget\" data-widget_type=\"text-editor.default\">\n\t\t\t\t<div class=\"elementor-widget-container\">\n\t\t\t\t\t\t\t\t\t<p>S\u2019entra a l\u2019adarb pel cub 3, amb la qual cosa tenim una primera imatge del que \u00e9s la coberta d\u2019un cub en forma de \u201cD\u201d allargada.<\/p>\t\t\t\t\t\t\t\t<\/div>\n\t\t\t\t<\/div>\n\t\t\t\t<div class=\"elementor-element elementor-element-5939915 elementor-widget elementor-widget-image\" data-id=\"5939915\" data-element_type=\"widget\" data-e-type=\"widget\" data-widget_type=\"image.default\">\n\t\t\t\t<div class=\"elementor-widget-container\">\n\t\t\t\t\t\t\t\t\t\t\t\t<figure class=\"wp-caption\">\n\t\t\t\t\t\t\t\t\t\t<img loading=\"lazy\" decoding=\"async\" width=\"768\" height=\"433\" src=\"https:\/\/www.elturistatranquil.com\/wp-content\/uploads\/F90-Muralla-de-Avila.Adarve-este-norte.jpg\" class=\"attachment-large size-large wp-image-62394\" alt=\"Muralla de Avila\" srcset=\"https:\/\/www.elturistatranquil.com\/wp-content\/uploads\/F90-Muralla-de-Avila.Adarve-este-norte.jpg 768w, https:\/\/www.elturistatranquil.com\/wp-content\/uploads\/F90-Muralla-de-Avila.Adarve-este-norte-339x191.jpg 339w\" sizes=\"(max-width: 768px) 100vw, 768px\" \/>\t\t\t\t\t\t\t\t\t\t\t<figcaption class=\"widget-image-caption wp-caption-text\"><\/figcaption>\n\t\t\t\t\t\t\t\t\t\t<\/figure>\n\t\t\t\t\t\t\t\t\t<\/div>\n\t\t\t\t<\/div>\n\t\t\t\t<div class=\"elementor-element elementor-element-73d7dbb elementor-widget elementor-widget-text-editor\" data-id=\"73d7dbb\" data-element_type=\"widget\" data-e-type=\"widget\" data-widget_type=\"text-editor.default\">\n\t\t\t\t<div class=\"elementor-widget-container\">\n\t\t\t\t\t\t\t\t\t<p>La primera i potent imatge que es rep en sortir a l\u2019adarb \u00e9s la del cimorro de la catedral que envolta els absis refor\u00e7ant la seva funci\u00f3 defensiva.<\/p>\t\t\t\t\t\t\t\t<\/div>\n\t\t\t\t<\/div>\n\t\t\t\t<div class=\"elementor-element elementor-element-11ce8f3 elementor-widget elementor-widget-image\" data-id=\"11ce8f3\" data-element_type=\"widget\" data-e-type=\"widget\" data-widget_type=\"image.default\">\n\t\t\t\t<div class=\"elementor-widget-container\">\n\t\t\t\t\t\t\t\t\t\t\t\t<figure class=\"wp-caption\">\n\t\t\t\t\t\t\t\t\t\t<img loading=\"lazy\" decoding=\"async\" width=\"768\" height=\"432\" src=\"https:\/\/www.elturistatranquil.com\/wp-content\/uploads\/F91-Muralla-de-Avila.Adarve-este-norte.jpg\" class=\"attachment-large size-large wp-image-62396\" alt=\"Muralla de Avila\" srcset=\"https:\/\/www.elturistatranquil.com\/wp-content\/uploads\/F91-Muralla-de-Avila.Adarve-este-norte.jpg 768w, https:\/\/www.elturistatranquil.com\/wp-content\/uploads\/F91-Muralla-de-Avila.Adarve-este-norte-339x191.jpg 339w\" sizes=\"(max-width: 768px) 100vw, 768px\" \/>\t\t\t\t\t\t\t\t\t\t\t<figcaption class=\"widget-image-caption wp-caption-text\"><\/figcaption>\n\t\t\t\t\t\t\t\t\t\t<\/figure>\n\t\t\t\t\t\t\t\t\t<\/div>\n\t\t\t\t<\/div>\n\t\t\t\t<div class=\"elementor-element elementor-element-16125c9 elementor-widget elementor-widget-text-editor\" data-id=\"16125c9\" data-element_type=\"widget\" data-e-type=\"widget\" data-widget_type=\"text-editor.default\">\n\t\t\t\t<div class=\"elementor-widget-container\">\n\t\t\t\t\t\t\t\t\t<p>Cap a l\u2019interior, el cos de la catedral amb la capella de Velada que, amb la seva construcci\u00f3, ocasion\u00e0 el tancament de la porta de l\u2019Arquebisbe, obrint-se l\u2019actual porta de la Casa de las Carnicer\u00edas.<\/p>\t\t\t\t\t\t\t\t<\/div>\n\t\t\t\t<\/div>\n\t\t\t\t<div class=\"elementor-element elementor-element-11bf308 elementor-widget elementor-widget-image\" data-id=\"11bf308\" data-element_type=\"widget\" data-e-type=\"widget\" data-widget_type=\"image.default\">\n\t\t\t\t<div class=\"elementor-widget-container\">\n\t\t\t\t\t\t\t\t\t\t\t\t<figure class=\"wp-caption\">\n\t\t\t\t\t\t\t\t\t\t<img loading=\"lazy\" decoding=\"async\" width=\"768\" height=\"433\" src=\"https:\/\/www.elturistatranquil.com\/wp-content\/uploads\/F92-Muralla-de-Avila.Adarve-este-norte.jpg\" class=\"attachment-large size-large wp-image-62398\" alt=\"Muralla de Avila\" srcset=\"https:\/\/www.elturistatranquil.com\/wp-content\/uploads\/F92-Muralla-de-Avila.Adarve-este-norte.jpg 768w, https:\/\/www.elturistatranquil.com\/wp-content\/uploads\/F92-Muralla-de-Avila.Adarve-este-norte-339x191.jpg 339w\" sizes=\"(max-width: 768px) 100vw, 768px\" \/>\t\t\t\t\t\t\t\t\t\t\t<figcaption class=\"widget-image-caption wp-caption-text\"><\/figcaption>\n\t\t\t\t\t\t\t\t\t\t<\/figure>\n\t\t\t\t\t\t\t\t\t<\/div>\n\t\t\t\t<\/div>\n\t\t\t\t<div class=\"elementor-element elementor-element-f047554 elementor-widget elementor-widget-text-editor\" data-id=\"f047554\" data-element_type=\"widget\" data-e-type=\"widget\" data-widget_type=\"text-editor.default\">\n\t\t\t\t<div class=\"elementor-widget-container\">\n\t\t\t\t\t\t\t\t\t<p>L\u2019adarb t\u00e9 uns 2 metres d\u2019ample, amb un mur emmerletat cap a l\u2019exterior i, sembla ser, sense parad\u00f3s o ampit intramurs. Unes baranes met\u00e0l\u00b7liques afegides exerceixen de protecci\u00f3 per als visitants.<\/p><p>De la forma del caputx\u00f3 dels merlets no en podem fer gaire cas perqu\u00e8 s\u00f3n de construcci\u00f3 moderna sense rigor ni qualitat.<\/p>\t\t\t\t\t\t\t\t<\/div>\n\t\t\t\t<\/div>\n\t\t\t\t<div class=\"elementor-element elementor-element-200cb67 elementor-widget elementor-widget-image\" data-id=\"200cb67\" data-element_type=\"widget\" data-e-type=\"widget\" data-widget_type=\"image.default\">\n\t\t\t\t<div class=\"elementor-widget-container\">\n\t\t\t\t\t\t\t\t\t\t\t\t<figure class=\"wp-caption\">\n\t\t\t\t\t\t\t\t\t\t<img loading=\"lazy\" decoding=\"async\" width=\"768\" height=\"433\" src=\"https:\/\/www.elturistatranquil.com\/wp-content\/uploads\/F93-Muralla-de-Avila.Adarve-este-norte.jpg\" class=\"attachment-large size-large wp-image-62400\" alt=\"Muralla de Avila\" srcset=\"https:\/\/www.elturistatranquil.com\/wp-content\/uploads\/F93-Muralla-de-Avila.Adarve-este-norte.jpg 768w, https:\/\/www.elturistatranquil.com\/wp-content\/uploads\/F93-Muralla-de-Avila.Adarve-este-norte-339x191.jpg 339w\" sizes=\"(max-width: 768px) 100vw, 768px\" \/>\t\t\t\t\t\t\t\t\t\t\t<figcaption class=\"widget-image-caption wp-caption-text\"><\/figcaption>\n\t\t\t\t\t\t\t\t\t\t<\/figure>\n\t\t\t\t\t\t\t\t\t<\/div>\n\t\t\t\t<\/div>\n\t\t\t\t<div class=\"elementor-element elementor-element-c488ca8 elementor-widget elementor-widget-image\" data-id=\"c488ca8\" data-element_type=\"widget\" data-e-type=\"widget\" data-widget_type=\"image.default\">\n\t\t\t\t<div class=\"elementor-widget-container\">\n\t\t\t\t\t\t\t\t\t\t\t\t<figure class=\"wp-caption\">\n\t\t\t\t\t\t\t\t\t\t<img loading=\"lazy\" decoding=\"async\" width=\"768\" height=\"512\" src=\"https:\/\/www.elturistatranquil.com\/wp-content\/uploads\/F94-Muralla-de-Avila.Adarve-este-norte-1.jpg\" class=\"attachment-large size-large wp-image-62404\" alt=\"Muralla de Avila\" srcset=\"https:\/\/www.elturistatranquil.com\/wp-content\/uploads\/F94-Muralla-de-Avila.Adarve-este-norte-1.jpg 768w, https:\/\/www.elturistatranquil.com\/wp-content\/uploads\/F94-Muralla-de-Avila.Adarve-este-norte-1-339x226.jpg 339w\" sizes=\"(max-width: 768px) 100vw, 768px\" \/>\t\t\t\t\t\t\t\t\t\t\t<figcaption class=\"widget-image-caption wp-caption-text\"><\/figcaption>\n\t\t\t\t\t\t\t\t\t\t<\/figure>\n\t\t\t\t\t\t\t\t\t<\/div>\n\t\t\t\t<\/div>\n\t\t\t\t<div class=\"elementor-element elementor-element-ff32d8a elementor-widget elementor-widget-text-editor\" data-id=\"ff32d8a\" data-element_type=\"widget\" data-e-type=\"widget\" data-widget_type=\"text-editor.default\">\n\t\t\t\t<div class=\"elementor-widget-container\">\n\t\t\t\t\t\t\t\t\t<p>Fins a la porta de San Vicente (<strong>C<\/strong>), l\u2019emmerletat de l\u2019adarb i dels cubs es troba al mateix nivell, com a conseq\u00fc\u00e8ncia de l\u2019elevaci\u00f3 d\u2019aquests llen\u00e7os per refor\u00e7ar aquesta part defensivament m\u00e9s feble, com s\u2019ha assenyalat en el recorregut exterior.<\/p><p>En alguns dels llen\u00e7os d\u2019aquest costat de llevant hi trobem a mig recorregut matacans o restes de matac\u00e0.<\/p>\t\t\t\t\t\t\t\t<\/div>\n\t\t\t\t<\/div>\n\t\t\t\t<div class=\"elementor-element elementor-element-50f7166 elementor-widget elementor-widget-image\" data-id=\"50f7166\" data-element_type=\"widget\" data-e-type=\"widget\" data-widget_type=\"image.default\">\n\t\t\t\t<div class=\"elementor-widget-container\">\n\t\t\t\t\t\t\t\t\t\t\t\t<figure class=\"wp-caption\">\n\t\t\t\t\t\t\t\t\t\t<img loading=\"lazy\" decoding=\"async\" width=\"768\" height=\"511\" src=\"https:\/\/www.elturistatranquil.com\/wp-content\/uploads\/F95-Muralla-de-Avila.Adarve-este-norte.jpg\" class=\"attachment-large size-large wp-image-62406\" alt=\"Muralla de Avila\" srcset=\"https:\/\/www.elturistatranquil.com\/wp-content\/uploads\/F95-Muralla-de-Avila.Adarve-este-norte.jpg 768w, https:\/\/www.elturistatranquil.com\/wp-content\/uploads\/F95-Muralla-de-Avila.Adarve-este-norte-339x226.jpg 339w\" sizes=\"(max-width: 768px) 100vw, 768px\" \/>\t\t\t\t\t\t\t\t\t\t\t<figcaption class=\"widget-image-caption wp-caption-text\"><\/figcaption>\n\t\t\t\t\t\t\t\t\t\t<\/figure>\n\t\t\t\t\t\t\t\t\t<\/div>\n\t\t\t\t<\/div>\n\t\t\t\t<div class=\"elementor-element elementor-element-cb8abef elementor-widget elementor-widget-image\" data-id=\"cb8abef\" data-element_type=\"widget\" data-e-type=\"widget\" data-widget_type=\"image.default\">\n\t\t\t\t<div class=\"elementor-widget-container\">\n\t\t\t\t\t\t\t\t\t\t\t\t<figure class=\"wp-caption\">\n\t\t\t\t\t\t\t\t\t\t<img loading=\"lazy\" decoding=\"async\" width=\"768\" height=\"512\" src=\"https:\/\/www.elturistatranquil.com\/wp-content\/uploads\/F96-Muralla-de-Avila.Adarve-este-norte.jpg\" class=\"attachment-large size-large wp-image-62411\" alt=\"Muralla de Avila\" srcset=\"https:\/\/www.elturistatranquil.com\/wp-content\/uploads\/F96-Muralla-de-Avila.Adarve-este-norte.jpg 768w, https:\/\/www.elturistatranquil.com\/wp-content\/uploads\/F96-Muralla-de-Avila.Adarve-este-norte-339x226.jpg 339w\" sizes=\"(max-width: 768px) 100vw, 768px\" \/>\t\t\t\t\t\t\t\t\t\t\t<figcaption class=\"widget-image-caption wp-caption-text\"><\/figcaption>\n\t\t\t\t\t\t\t\t\t\t<\/figure>\n\t\t\t\t\t\t\t\t\t<\/div>\n\t\t\t\t<\/div>\n\t\t\t\t<div class=\"elementor-element elementor-element-fb0566e elementor-widget elementor-widget-image\" data-id=\"fb0566e\" data-element_type=\"widget\" data-e-type=\"widget\" data-widget_type=\"image.default\">\n\t\t\t\t<div class=\"elementor-widget-container\">\n\t\t\t\t\t\t\t\t\t\t\t\t<figure class=\"wp-caption\">\n\t\t\t\t\t\t\t\t\t\t<img loading=\"lazy\" decoding=\"async\" width=\"768\" height=\"511\" src=\"https:\/\/www.elturistatranquil.com\/wp-content\/uploads\/F97-Muralla-de-Avila.Adarve-este-norte.jpg\" class=\"attachment-large size-large wp-image-62413\" alt=\"Muralla de Avila\" srcset=\"https:\/\/www.elturistatranquil.com\/wp-content\/uploads\/F97-Muralla-de-Avila.Adarve-este-norte.jpg 768w, https:\/\/www.elturistatranquil.com\/wp-content\/uploads\/F97-Muralla-de-Avila.Adarve-este-norte-339x226.jpg 339w\" sizes=\"(max-width: 768px) 100vw, 768px\" \/>\t\t\t\t\t\t\t\t\t\t\t<figcaption class=\"widget-image-caption wp-caption-text\"><\/figcaption>\n\t\t\t\t\t\t\t\t\t\t<\/figure>\n\t\t\t\t\t\t\t\t\t<\/div>\n\t\t\t\t<\/div>\n\t\t\t\t<div class=\"elementor-element elementor-element-ab6d533 elementor-widget elementor-widget-text-editor\" data-id=\"ab6d533\" data-element_type=\"widget\" data-e-type=\"widget\" data-widget_type=\"text-editor.default\">\n\t\t\t\t<div class=\"elementor-widget-container\">\n\t\t\t\t\t\t\t\t\t<p>Un altre model de matac\u00e0 a la muralla. Al mateix temps, la fotografia mostra la perspectiva que tenien els defensors de la muralla a protegir, amb el cub 8 m\u00e9s elevat de la porta de San Vicente al fons.<\/p>\t\t\t\t\t\t\t\t<\/div>\n\t\t\t\t<\/div>\n\t\t\t\t<div class=\"elementor-element elementor-element-5052015 elementor-widget elementor-widget-image\" data-id=\"5052015\" data-element_type=\"widget\" data-e-type=\"widget\" data-widget_type=\"image.default\">\n\t\t\t\t<div class=\"elementor-widget-container\">\n\t\t\t\t\t\t\t\t\t\t\t\t<figure class=\"wp-caption\">\n\t\t\t\t\t\t\t\t\t\t<img loading=\"lazy\" decoding=\"async\" width=\"768\" height=\"511\" src=\"https:\/\/www.elturistatranquil.com\/wp-content\/uploads\/F98-Muralla-de-Avila.Adarve-este-norte.jpg\" class=\"attachment-large size-large wp-image-62415\" alt=\"Muralla de Avila\" srcset=\"https:\/\/www.elturistatranquil.com\/wp-content\/uploads\/F98-Muralla-de-Avila.Adarve-este-norte.jpg 768w, https:\/\/www.elturistatranquil.com\/wp-content\/uploads\/F98-Muralla-de-Avila.Adarve-este-norte-339x226.jpg 339w\" sizes=\"(max-width: 768px) 100vw, 768px\" \/>\t\t\t\t\t\t\t\t\t\t\t<figcaption class=\"widget-image-caption wp-caption-text\"><\/figcaption>\n\t\t\t\t\t\t\t\t\t\t<\/figure>\n\t\t\t\t\t\t\t\t\t<\/div>\n\t\t\t\t<\/div>\n\t\t\t\t<div class=\"elementor-element elementor-element-ccd3bd5 elementor-widget elementor-widget-text-editor\" data-id=\"ccd3bd5\" data-element_type=\"widget\" data-e-type=\"widget\" data-widget_type=\"text-editor.default\">\n\t\t\t\t<div class=\"elementor-widget-container\">\n\t\t\t\t\t\t\t\t\t<p>La porta de San Vicente (<strong>C<\/strong>) des de l\u2019interior \u00e9s un dels punts espectaculars del recorregut.<\/p><p>L\u2019arc superior de l\u2019adarb que uneix l\u2019exterior dels dos cubs, i la vista sobre la pla\u00e7a i l\u2019<strong>esgl\u00e9sia de San Vicente<\/strong> extramurs.<\/p>\t\t\t\t\t\t\t\t<\/div>\n\t\t\t\t<\/div>\n\t\t\t\t<div class=\"elementor-element elementor-element-22a2992 elementor-widget elementor-widget-image\" data-id=\"22a2992\" data-element_type=\"widget\" data-e-type=\"widget\" data-widget_type=\"image.default\">\n\t\t\t\t<div class=\"elementor-widget-container\">\n\t\t\t\t\t\t\t\t\t\t\t\t<figure class=\"wp-caption\">\n\t\t\t\t\t\t\t\t\t\t<img loading=\"lazy\" decoding=\"async\" width=\"768\" height=\"512\" src=\"https:\/\/www.elturistatranquil.com\/wp-content\/uploads\/F99-Muralla-de-Avila.Adarve-este-norte.-Puerta-de-San-Vicente.jpg\" class=\"attachment-large size-large wp-image-62417\" alt=\"Muralla de Avila\" srcset=\"https:\/\/www.elturistatranquil.com\/wp-content\/uploads\/F99-Muralla-de-Avila.Adarve-este-norte.-Puerta-de-San-Vicente.jpg 768w, https:\/\/www.elturistatranquil.com\/wp-content\/uploads\/F99-Muralla-de-Avila.Adarve-este-norte.-Puerta-de-San-Vicente-339x226.jpg 339w\" sizes=\"(max-width: 768px) 100vw, 768px\" \/>\t\t\t\t\t\t\t\t\t\t\t<figcaption class=\"widget-image-caption wp-caption-text\"><\/figcaption>\n\t\t\t\t\t\t\t\t\t\t<\/figure>\n\t\t\t\t\t\t\t\t\t<\/div>\n\t\t\t\t<\/div>\n\t\t\t\t<div class=\"elementor-element elementor-element-fc9f8e2 elementor-widget elementor-widget-image\" data-id=\"fc9f8e2\" data-element_type=\"widget\" data-e-type=\"widget\" data-widget_type=\"image.default\">\n\t\t\t\t<div class=\"elementor-widget-container\">\n\t\t\t\t\t\t\t\t\t\t\t\t<figure class=\"wp-caption\">\n\t\t\t\t\t\t\t\t\t\t<img loading=\"lazy\" decoding=\"async\" width=\"768\" height=\"433\" src=\"https:\/\/www.elturistatranquil.com\/wp-content\/uploads\/F100-Muralla-de-Avila.Adarve-este-norte.-Puerta-de-San-Vicente.jpg\" class=\"attachment-large size-large wp-image-62419\" alt=\"Muralla de Avila\" srcset=\"https:\/\/www.elturistatranquil.com\/wp-content\/uploads\/F100-Muralla-de-Avila.Adarve-este-norte.-Puerta-de-San-Vicente.jpg 768w, https:\/\/www.elturistatranquil.com\/wp-content\/uploads\/F100-Muralla-de-Avila.Adarve-este-norte.-Puerta-de-San-Vicente-339x191.jpg 339w\" sizes=\"(max-width: 768px) 100vw, 768px\" \/>\t\t\t\t\t\t\t\t\t\t\t<figcaption class=\"widget-image-caption wp-caption-text\"><\/figcaption>\n\t\t\t\t\t\t\t\t\t\t<\/figure>\n\t\t\t\t\t\t\t\t\t<\/div>\n\t\t\t\t<\/div>\n\t\t\t\t<div class=\"elementor-element elementor-element-5fc6ff0 elementor-widget elementor-widget-image\" data-id=\"5fc6ff0\" data-element_type=\"widget\" data-e-type=\"widget\" data-widget_type=\"image.default\">\n\t\t\t\t<div class=\"elementor-widget-container\">\n\t\t\t\t\t\t\t\t\t\t\t\t<figure class=\"wp-caption\">\n\t\t\t\t\t\t\t\t\t\t<img loading=\"lazy\" decoding=\"async\" width=\"768\" height=\"433\" src=\"https:\/\/www.elturistatranquil.com\/wp-content\/uploads\/F101-Muralla-de-Avila.Adarve-este-norte.-Puerta-de-San-Vicente.jpg\" class=\"attachment-large size-large wp-image-62421\" alt=\"Muralla de Avila\" srcset=\"https:\/\/www.elturistatranquil.com\/wp-content\/uploads\/F101-Muralla-de-Avila.Adarve-este-norte.-Puerta-de-San-Vicente.jpg 768w, https:\/\/www.elturistatranquil.com\/wp-content\/uploads\/F101-Muralla-de-Avila.Adarve-este-norte.-Puerta-de-San-Vicente-339x191.jpg 339w\" sizes=\"(max-width: 768px) 100vw, 768px\" \/>\t\t\t\t\t\t\t\t\t\t\t<figcaption class=\"widget-image-caption wp-caption-text\"><\/figcaption>\n\t\t\t\t\t\t\t\t\t\t<\/figure>\n\t\t\t\t\t\t\t\t\t<\/div>\n\t\t\t\t<\/div>\n\t\t\t\t<div class=\"elementor-element elementor-element-29e2ff9 elementor-widget elementor-widget-image\" data-id=\"29e2ff9\" data-element_type=\"widget\" data-e-type=\"widget\" data-widget_type=\"image.default\">\n\t\t\t\t<div class=\"elementor-widget-container\">\n\t\t\t\t\t\t\t\t\t\t\t\t<figure class=\"wp-caption\">\n\t\t\t\t\t\t\t\t\t\t<img loading=\"lazy\" decoding=\"async\" width=\"768\" height=\"512\" src=\"https:\/\/www.elturistatranquil.com\/wp-content\/uploads\/F102-Muralla-de-Avila.Adarve-este-norte.-Basilica-de-San-Vicente.jpg\" class=\"attachment-large size-large wp-image-62423\" alt=\"Muralla de Avila\" srcset=\"https:\/\/www.elturistatranquil.com\/wp-content\/uploads\/F102-Muralla-de-Avila.Adarve-este-norte.-Basilica-de-San-Vicente.jpg 768w, https:\/\/www.elturistatranquil.com\/wp-content\/uploads\/F102-Muralla-de-Avila.Adarve-este-norte.-Basilica-de-San-Vicente-339x226.jpg 339w\" sizes=\"(max-width: 768px) 100vw, 768px\" \/>\t\t\t\t\t\t\t\t\t\t\t<figcaption class=\"widget-image-caption wp-caption-text\"><\/figcaption>\n\t\t\t\t\t\t\t\t\t\t<\/figure>\n\t\t\t\t\t\t\t\t\t<\/div>\n\t\t\t\t<\/div>\n\t\t\t\t<div class=\"elementor-element elementor-element-460e740 elementor-widget elementor-widget-text-editor\" data-id=\"460e740\" data-element_type=\"widget\" data-e-type=\"widget\" data-widget_type=\"text-editor.default\">\n\t\t\t\t<div class=\"elementor-widget-container\">\n\t\t\t\t\t\t\t\t\t<p>Cap al nord, el cub de la Mula (<strong>11<\/strong>) cantoner marcar\u00e0 el canvi de direcci\u00f3 de la muralla cap a ponent.<\/p><p>Si observem amb atenci\u00f3 la fotografia, podrem veure el verrac incrustat a la part superior.<\/p>\t\t\t\t\t\t\t\t<\/div>\n\t\t\t\t<\/div>\n\t\t\t\t<div class=\"elementor-element elementor-element-64c24ee elementor-widget elementor-widget-image\" data-id=\"64c24ee\" data-element_type=\"widget\" data-e-type=\"widget\" data-widget_type=\"image.default\">\n\t\t\t\t<div class=\"elementor-widget-container\">\n\t\t\t\t\t\t\t\t\t\t\t\t<figure class=\"wp-caption\">\n\t\t\t\t\t\t\t\t\t\t<img loading=\"lazy\" decoding=\"async\" width=\"768\" height=\"512\" src=\"https:\/\/www.elturistatranquil.com\/wp-content\/uploads\/F104-Muralla-de-Avila.Adarve-este-norte.jpg\" class=\"attachment-large size-large wp-image-62425\" alt=\"Muralla de Avila\" srcset=\"https:\/\/www.elturistatranquil.com\/wp-content\/uploads\/F104-Muralla-de-Avila.Adarve-este-norte.jpg 768w, https:\/\/www.elturistatranquil.com\/wp-content\/uploads\/F104-Muralla-de-Avila.Adarve-este-norte-339x226.jpg 339w\" sizes=\"(max-width: 768px) 100vw, 768px\" \/>\t\t\t\t\t\t\t\t\t\t\t<figcaption class=\"widget-image-caption wp-caption-text\"><\/figcaption>\n\t\t\t\t\t\t\t\t\t\t<\/figure>\n\t\t\t\t\t\t\t\t\t<\/div>\n\t\t\t\t<\/div>\n\t\t\t\t<div class=\"elementor-element elementor-element-a3178ab elementor-widget elementor-widget-heading\" data-id=\"a3178ab\" data-element_type=\"widget\" data-e-type=\"widget\" data-widget_type=\"heading.default\">\n\t\t\t\t<div class=\"elementor-widget-container\">\n\t\t\t\t\t<h4 class=\"elementor-heading-title elementor-size-default\">Adarb nord oriental<\/h4>\t\t\t\t<\/div>\n\t\t\t\t<\/div>\n\t\t\t\t<div class=\"elementor-element elementor-element-fcff2b4 elementor-widget elementor-widget-text-editor\" data-id=\"fcff2b4\" data-element_type=\"widget\" data-e-type=\"widget\" data-widget_type=\"text-editor.default\">\n\t\t\t\t<div class=\"elementor-widget-container\">\n\t\t\t\t\t\t\t\t\t<p>A partir d\u2019aqu\u00ed la muralla no fou recrescuda i els cubs sobresurten sobre l\u2019adarb, per la qual cosa, per assolir la coberta del cub, s\u2019obre una escala pel centre del costat recte.<\/p>\t\t\t\t\t\t\t\t<\/div>\n\t\t\t\t<\/div>\n\t\t\t\t<div class=\"elementor-element elementor-element-57ad3c0 elementor-widget elementor-widget-image\" data-id=\"57ad3c0\" data-element_type=\"widget\" data-e-type=\"widget\" data-widget_type=\"image.default\">\n\t\t\t\t<div class=\"elementor-widget-container\">\n\t\t\t\t\t\t\t\t\t\t\t\t<figure class=\"wp-caption\">\n\t\t\t\t\t\t\t\t\t\t<img loading=\"lazy\" decoding=\"async\" width=\"768\" height=\"511\" src=\"https:\/\/www.elturistatranquil.com\/wp-content\/uploads\/F104b-Muralla-de-Avila.Adarve-este-norte.jpg\" class=\"attachment-large size-large wp-image-62427\" alt=\"Muralla de Avila\" srcset=\"https:\/\/www.elturistatranquil.com\/wp-content\/uploads\/F104b-Muralla-de-Avila.Adarve-este-norte.jpg 768w, https:\/\/www.elturistatranquil.com\/wp-content\/uploads\/F104b-Muralla-de-Avila.Adarve-este-norte-339x226.jpg 339w\" sizes=\"(max-width: 768px) 100vw, 768px\" \/>\t\t\t\t\t\t\t\t\t\t\t<figcaption class=\"widget-image-caption wp-caption-text\"><\/figcaption>\n\t\t\t\t\t\t\t\t\t\t<\/figure>\n\t\t\t\t\t\t\t\t\t<\/div>\n\t\t\t\t<\/div>\n\t\t\t\t<div class=\"elementor-element elementor-element-68611d5 elementor-widget elementor-widget-image\" data-id=\"68611d5\" data-element_type=\"widget\" data-e-type=\"widget\" data-widget_type=\"image.default\">\n\t\t\t\t<div class=\"elementor-widget-container\">\n\t\t\t\t\t\t\t\t\t\t\t\t<figure class=\"wp-caption\">\n\t\t\t\t\t\t\t\t\t\t<img loading=\"lazy\" decoding=\"async\" width=\"768\" height=\"511\" src=\"https:\/\/www.elturistatranquil.com\/wp-content\/uploads\/F105-Muralla-de-Avila.Adarve-este-norte.jpg\" class=\"attachment-large size-large wp-image-62429\" alt=\"Muralla de Avila\" srcset=\"https:\/\/www.elturistatranquil.com\/wp-content\/uploads\/F105-Muralla-de-Avila.Adarve-este-norte.jpg 768w, https:\/\/www.elturistatranquil.com\/wp-content\/uploads\/F105-Muralla-de-Avila.Adarve-este-norte-339x226.jpg 339w\" sizes=\"(max-width: 768px) 100vw, 768px\" \/>\t\t\t\t\t\t\t\t\t\t\t<figcaption class=\"widget-image-caption wp-caption-text\"><\/figcaption>\n\t\t\t\t\t\t\t\t\t\t<\/figure>\n\t\t\t\t\t\t\t\t\t<\/div>\n\t\t\t\t<\/div>\n\t\t\t\t<div class=\"elementor-element elementor-element-21e8665 elementor-widget elementor-widget-image\" data-id=\"21e8665\" data-element_type=\"widget\" data-e-type=\"widget\" data-widget_type=\"image.default\">\n\t\t\t\t<div class=\"elementor-widget-container\">\n\t\t\t\t\t\t\t\t\t\t\t\t<figure class=\"wp-caption\">\n\t\t\t\t\t\t\t\t\t\t<img loading=\"lazy\" decoding=\"async\" width=\"768\" height=\"511\" src=\"https:\/\/www.elturistatranquil.com\/wp-content\/uploads\/F106-Muralla-de-Avila.Adarve-este-norte.jpg\" class=\"attachment-large size-large wp-image-62431\" alt=\"Muralla de Avila\" srcset=\"https:\/\/www.elturistatranquil.com\/wp-content\/uploads\/F106-Muralla-de-Avila.Adarve-este-norte.jpg 768w, https:\/\/www.elturistatranquil.com\/wp-content\/uploads\/F106-Muralla-de-Avila.Adarve-este-norte-339x226.jpg 339w\" sizes=\"(max-width: 768px) 100vw, 768px\" \/>\t\t\t\t\t\t\t\t\t\t\t<figcaption class=\"widget-image-caption wp-caption-text\"><\/figcaption>\n\t\t\t\t\t\t\t\t\t\t<\/figure>\n\t\t\t\t\t\t\t\t\t<\/div>\n\t\t\t\t<\/div>\n\t\t\t\t<div class=\"elementor-element elementor-element-de0b7ca elementor-widget elementor-widget-text-editor\" data-id=\"de0b7ca\" data-element_type=\"widget\" data-e-type=\"widget\" data-widget_type=\"text-editor.default\">\n\t\t\t\t<div class=\"elementor-widget-container\">\n\t\t\t\t\t\t\t\t\t<p>Girant la mirada cap a l\u2019interior apareix una de les caracter\u00edstiques de disposici\u00f3 residencial pr\u00f2pies de la baixa edat mitjana a les ciutats emmurallades amb importants assentaments de la noblesa local en forma de palaus urbans.<\/p><p>Es tracta de l\u2019autoritzaci\u00f3 a la noblesa d\u2019adossar els seus palaus a les muralles i, en molts casos, al costat de les portes, a canvi que es fessin responsables de la defensa de la porta i de la franja de muralla que ocupaven amb les seves hostes.<\/p><p>Apareix com a primer exemple el <strong>Palau de Don Diego del \u00c1guila<\/strong> o <strong>Palau Sofraga<\/strong> (actualment hotel) adossat a la muralla al segle XVI, a qui, a canvi, li corresponia defensar aquesta porta i tot l\u2019angle de la muralla.<\/p><p>El que \u00e9s clar \u00e9s que aquests palaus ocupaven una gran superf\u00edcie dins les restringides dimensions de la superf\u00edcie interior emmurallada.<\/p><p>Encara que a l\u2019edifici actual amb prou feines en resten elements originals, se\u2019n mant\u00e9 l\u2019estructura palatina amb pati central.<\/p>\t\t\t\t\t\t\t\t<\/div>\n\t\t\t\t<\/div>\n\t\t\t\t<div class=\"elementor-element elementor-element-68ae47d elementor-widget elementor-widget-image\" data-id=\"68ae47d\" data-element_type=\"widget\" data-e-type=\"widget\" data-widget_type=\"image.default\">\n\t\t\t\t<div class=\"elementor-widget-container\">\n\t\t\t\t\t\t\t\t\t\t\t\t<figure class=\"wp-caption\">\n\t\t\t\t\t\t\t\t\t\t<img loading=\"lazy\" decoding=\"async\" width=\"768\" height=\"511\" src=\"https:\/\/www.elturistatranquil.com\/wp-content\/uploads\/F107-Muralla-de-Avila.Adarve-este-norte.-Palacio-Sofraga.jpg\" class=\"attachment-large size-large wp-image-62433\" alt=\"Muralla de Avila\" srcset=\"https:\/\/www.elturistatranquil.com\/wp-content\/uploads\/F107-Muralla-de-Avila.Adarve-este-norte.-Palacio-Sofraga.jpg 768w, https:\/\/www.elturistatranquil.com\/wp-content\/uploads\/F107-Muralla-de-Avila.Adarve-este-norte.-Palacio-Sofraga-339x226.jpg 339w\" sizes=\"(max-width: 768px) 100vw, 768px\" \/>\t\t\t\t\t\t\t\t\t\t\t<figcaption class=\"widget-image-caption wp-caption-text\"><\/figcaption>\n\t\t\t\t\t\t\t\t\t\t<\/figure>\n\t\t\t\t\t\t\t\t\t<\/div>\n\t\t\t\t<\/div>\n\t\t\t\t<div class=\"elementor-element elementor-element-ac56676 elementor-widget elementor-widget-text-editor\" data-id=\"ac56676\" data-element_type=\"widget\" data-e-type=\"widget\" data-widget_type=\"text-editor.default\">\n\t\t\t\t<div class=\"elementor-widget-container\">\n\t\t\t\t\t\t\t\t\t<p>A l\u2019esquerra de la primera edificaci\u00f3 veiem una porta que dona a la muralla des de l\u2019interior de l\u2019edifici particular.<\/p><p>En aquest cas, la sobreal\u00e7ada de l\u2019edificaci\u00f3 de l\u2019ala de ponent del palau, que s\u2019observa a la fotografia anterior, don\u00e0 lloc a la construcci\u00f3 d\u2019un passad\u00eds cobert a l\u2019adarb que, al seu torn, \u00e9s una manera de protegir l\u2019acc\u00e9s als teulats del palau des de l\u2019adarb.<\/p>\t\t\t\t\t\t\t\t<\/div>\n\t\t\t\t<\/div>\n\t\t\t\t<div class=\"elementor-element elementor-element-9680e6f elementor-widget elementor-widget-image\" data-id=\"9680e6f\" data-element_type=\"widget\" data-e-type=\"widget\" data-widget_type=\"image.default\">\n\t\t\t\t<div class=\"elementor-widget-container\">\n\t\t\t\t\t\t\t\t\t\t\t\t<figure class=\"wp-caption\">\n\t\t\t\t\t\t\t\t\t\t<img loading=\"lazy\" decoding=\"async\" width=\"768\" height=\"511\" src=\"https:\/\/www.elturistatranquil.com\/wp-content\/uploads\/F108-Muralla-de-Avila.Adarve-este-norte.jpg\" class=\"attachment-large size-large wp-image-62438\" alt=\"Muralla de Avila\" srcset=\"https:\/\/www.elturistatranquil.com\/wp-content\/uploads\/F108-Muralla-de-Avila.Adarve-este-norte.jpg 768w, https:\/\/www.elturistatranquil.com\/wp-content\/uploads\/F108-Muralla-de-Avila.Adarve-este-norte-339x226.jpg 339w\" sizes=\"(max-width: 768px) 100vw, 768px\" \/>\t\t\t\t\t\t\t\t\t\t\t<figcaption class=\"widget-image-caption wp-caption-text\"><\/figcaption>\n\t\t\t\t\t\t\t\t\t\t<\/figure>\n\t\t\t\t\t\t\t\t\t<\/div>\n\t\t\t\t<\/div>\n\t\t\t\t<div class=\"elementor-element elementor-element-458fd88 elementor-widget elementor-widget-text-editor\" data-id=\"458fd88\" data-element_type=\"widget\" data-e-type=\"widget\" data-widget_type=\"text-editor.default\">\n\t\t\t\t<div class=\"elementor-widget-container\">\n\t\t\t\t\t\t\t\t\t<p>Per damunt del palau apareix l\u2019esgl\u00e9sia de Mos\u00e9n Rub\u00ed.<\/p>\t\t\t\t\t\t\t\t<\/div>\n\t\t\t\t<\/div>\n\t\t\t\t<div class=\"elementor-element elementor-element-34fcfd8 elementor-widget elementor-widget-image\" data-id=\"34fcfd8\" data-element_type=\"widget\" data-e-type=\"widget\" data-widget_type=\"image.default\">\n\t\t\t\t<div class=\"elementor-widget-container\">\n\t\t\t\t\t\t\t\t\t\t\t\t<figure class=\"wp-caption\">\n\t\t\t\t\t\t\t\t\t\t<img loading=\"lazy\" decoding=\"async\" width=\"768\" height=\"511\" src=\"https:\/\/www.elturistatranquil.com\/wp-content\/uploads\/F109-Muralla-de-Avila.Adarve-este-norte.-Palacio-Sofraga.jpg\" class=\"attachment-large size-large wp-image-62440\" alt=\"Muralla de Avila\" srcset=\"https:\/\/www.elturistatranquil.com\/wp-content\/uploads\/F109-Muralla-de-Avila.Adarve-este-norte.-Palacio-Sofraga.jpg 768w, https:\/\/www.elturistatranquil.com\/wp-content\/uploads\/F109-Muralla-de-Avila.Adarve-este-norte.-Palacio-Sofraga-339x226.jpg 339w\" sizes=\"(max-width: 768px) 100vw, 768px\" \/>\t\t\t\t\t\t\t\t\t\t\t<figcaption class=\"widget-image-caption wp-caption-text\"><\/figcaption>\n\t\t\t\t\t\t\t\t\t\t<\/figure>\n\t\t\t\t\t\t\t\t\t<\/div>\n\t\t\t\t<\/div>\n\t\t\t\t<div class=\"elementor-element elementor-element-597b52a elementor-widget elementor-widget-text-editor\" data-id=\"597b52a\" data-element_type=\"widget\" data-e-type=\"widget\" data-widget_type=\"text-editor.default\">\n\t\t\t\t<div class=\"elementor-widget-container\">\n\t\t\t\t\t\t\t\t\t<p>L\u2019adarb prossegueix seguint els successius cubs fins a la porta del Mariscal (<strong>B<\/strong>). Com sabem, aquesta porta no ofereix cap particularitat constructiva defensiva, obrint-se al mur entre cubs uniformes.<\/p>\t\t\t\t\t\t\t\t<\/div>\n\t\t\t\t<\/div>\n\t\t\t\t<div class=\"elementor-element elementor-element-c318732 elementor-widget elementor-widget-image\" data-id=\"c318732\" data-element_type=\"widget\" data-e-type=\"widget\" data-widget_type=\"image.default\">\n\t\t\t\t<div class=\"elementor-widget-container\">\n\t\t\t\t\t\t\t\t\t\t\t\t<figure class=\"wp-caption\">\n\t\t\t\t\t\t\t\t\t\t<img loading=\"lazy\" decoding=\"async\" width=\"768\" height=\"511\" src=\"https:\/\/www.elturistatranquil.com\/wp-content\/uploads\/F110-Muralla-de-Avila.Adarve-este-norte.-Puerta-del-Mariscal.jpg\" class=\"attachment-large size-large wp-image-62442\" alt=\"Muralla de Avila\" srcset=\"https:\/\/www.elturistatranquil.com\/wp-content\/uploads\/F110-Muralla-de-Avila.Adarve-este-norte.-Puerta-del-Mariscal.jpg 768w, https:\/\/www.elturistatranquil.com\/wp-content\/uploads\/F110-Muralla-de-Avila.Adarve-este-norte.-Puerta-del-Mariscal-339x226.jpg 339w\" sizes=\"(max-width: 768px) 100vw, 768px\" \/>\t\t\t\t\t\t\t\t\t\t\t<figcaption class=\"widget-image-caption wp-caption-text\"><\/figcaption>\n\t\t\t\t\t\t\t\t\t\t<\/figure>\n\t\t\t\t\t\t\t\t\t<\/div>\n\t\t\t\t<\/div>\n\t\t\t\t<div class=\"elementor-element elementor-element-271fbf4 elementor-widget elementor-widget-text-editor\" data-id=\"271fbf4\" data-element_type=\"widget\" data-e-type=\"widget\" data-widget_type=\"text-editor.default\">\n\t\t\t\t<div class=\"elementor-widget-container\">\n\t\t\t\t\t\t\t\t\t<p>Constatem la no exist\u00e8ncia de parad\u00f3s interior.<\/p>\t\t\t\t\t\t\t\t<\/div>\n\t\t\t\t<\/div>\n\t\t\t\t<div class=\"elementor-element elementor-element-f419ea8 elementor-widget elementor-widget-image\" data-id=\"f419ea8\" data-element_type=\"widget\" data-e-type=\"widget\" data-widget_type=\"image.default\">\n\t\t\t\t<div class=\"elementor-widget-container\">\n\t\t\t\t\t\t\t\t\t\t\t\t<figure class=\"wp-caption\">\n\t\t\t\t\t\t\t\t\t\t<img loading=\"lazy\" decoding=\"async\" width=\"768\" height=\"511\" src=\"https:\/\/www.elturistatranquil.com\/wp-content\/uploads\/F111-Muralla-de-Avila.-Puerta-del-Mariscal.jpg\" class=\"attachment-large size-large wp-image-62444\" alt=\"Muralla de Avila\" srcset=\"https:\/\/www.elturistatranquil.com\/wp-content\/uploads\/F111-Muralla-de-Avila.-Puerta-del-Mariscal.jpg 768w, https:\/\/www.elturistatranquil.com\/wp-content\/uploads\/F111-Muralla-de-Avila.-Puerta-del-Mariscal-339x226.jpg 339w\" sizes=\"(max-width: 768px) 100vw, 768px\" \/>\t\t\t\t\t\t\t\t\t\t\t<figcaption class=\"widget-image-caption wp-caption-text\"><\/figcaption>\n\t\t\t\t\t\t\t\t\t\t<\/figure>\n\t\t\t\t\t\t\t\t\t<\/div>\n\t\t\t\t<\/div>\n\t\t\t\t<div class=\"elementor-element elementor-element-d51ea72 elementor-widget elementor-widget-text-editor\" data-id=\"d51ea72\" data-element_type=\"widget\" data-e-type=\"widget\" data-widget_type=\"text-editor.default\">\n\t\t\t\t<div class=\"elementor-widget-container\">\n\t\t\t\t\t\t\t\t\t<p>A la <strong>pla\u00e7a Fuente del Sol<\/strong> veiem al davant el costat de l\u2019evangeli i l\u2019absis de l\u2019<strong>esgl\u00e9sia de Mos\u00e9n Rub\u00ed<\/strong>.<\/p>\t\t\t\t\t\t\t\t<\/div>\n\t\t\t\t<\/div>\n\t\t\t\t<div class=\"elementor-element elementor-element-ed1608e elementor-widget elementor-widget-image\" data-id=\"ed1608e\" data-element_type=\"widget\" data-e-type=\"widget\" data-widget_type=\"image.default\">\n\t\t\t\t<div class=\"elementor-widget-container\">\n\t\t\t\t\t\t\t\t\t\t\t\t<figure class=\"wp-caption\">\n\t\t\t\t\t\t\t\t\t\t<img loading=\"lazy\" decoding=\"async\" width=\"768\" height=\"511\" src=\"https:\/\/www.elturistatranquil.com\/wp-content\/uploads\/F112-Muralla-de-Avila.Adarve-este-norte.-Iglesia-de-Mosen-Rubi.jpg\" class=\"attachment-large size-large wp-image-62446\" alt=\"Muralla de Avila\" srcset=\"https:\/\/www.elturistatranquil.com\/wp-content\/uploads\/F112-Muralla-de-Avila.Adarve-este-norte.-Iglesia-de-Mosen-Rubi.jpg 768w, https:\/\/www.elturistatranquil.com\/wp-content\/uploads\/F112-Muralla-de-Avila.Adarve-este-norte.-Iglesia-de-Mosen-Rubi-339x226.jpg 339w\" sizes=\"(max-width: 768px) 100vw, 768px\" \/>\t\t\t\t\t\t\t\t\t\t\t<figcaption class=\"widget-image-caption wp-caption-text\"><\/figcaption>\n\t\t\t\t\t\t\t\t\t\t<\/figure>\n\t\t\t\t\t\t\t\t\t<\/div>\n\t\t\t\t<\/div>\n\t\t\t\t<div class=\"elementor-element elementor-element-a7a4d44 elementor-widget elementor-widget-text-editor\" data-id=\"a7a4d44\" data-element_type=\"widget\" data-e-type=\"widget\" data-widget_type=\"text-editor.default\">\n\t\t\t\t<div class=\"elementor-widget-container\">\n\t\t\t\t\t\t\t\t\t<p>A llevant, la pla\u00e7a limita amb un altre palau, el <strong>palau de Bracamonte<\/strong> o <strong>palau de la Creu<\/strong>, que tamb\u00e9 s\u2019adossa a la muralla, mentre que ocupa, igual que el palau anterior, una gran superf\u00edcie.<\/p>\t\t\t\t\t\t\t\t<\/div>\n\t\t\t\t<\/div>\n\t\t\t\t<div class=\"elementor-element elementor-element-0e689e8 elementor-widget elementor-widget-image\" data-id=\"0e689e8\" data-element_type=\"widget\" data-e-type=\"widget\" data-widget_type=\"image.default\">\n\t\t\t\t<div class=\"elementor-widget-container\">\n\t\t\t\t\t\t\t\t\t\t\t\t<figure class=\"wp-caption\">\n\t\t\t\t\t\t\t\t\t\t<img loading=\"lazy\" decoding=\"async\" width=\"768\" height=\"512\" src=\"https:\/\/www.elturistatranquil.com\/wp-content\/uploads\/F113-Muralla-de-Avila.Adarve-este-norte.-Palacio-de-Bracamonte.jpg\" class=\"attachment-large size-large wp-image-62448\" alt=\"Muralla de Avila\" srcset=\"https:\/\/www.elturistatranquil.com\/wp-content\/uploads\/F113-Muralla-de-Avila.Adarve-este-norte.-Palacio-de-Bracamonte.jpg 768w, https:\/\/www.elturistatranquil.com\/wp-content\/uploads\/F113-Muralla-de-Avila.Adarve-este-norte.-Palacio-de-Bracamonte-339x226.jpg 339w\" sizes=\"(max-width: 768px) 100vw, 768px\" \/>\t\t\t\t\t\t\t\t\t\t\t<figcaption class=\"widget-image-caption wp-caption-text\"><\/figcaption>\n\t\t\t\t\t\t\t\t\t\t<\/figure>\n\t\t\t\t\t\t\t\t\t<\/div>\n\t\t\t\t<\/div>\n\t\t\t\t<div class=\"elementor-element elementor-element-2748a58 elementor-widget elementor-widget-text-editor\" data-id=\"2748a58\" data-element_type=\"widget\" data-e-type=\"widget\" data-widget_type=\"text-editor.default\">\n\t\t\t\t<div class=\"elementor-widget-container\">\n\t\t\t\t\t\t\t\t\t<p>Mentre que al costat de ponent ser\u00e0 el <strong>palau de Serrano<\/strong> (seu actual) Col\u00b7legi Oficial d\u2019Arquitectes) el que s\u2019adossa a la muralla.<\/p>\t\t\t\t\t\t\t\t<\/div>\n\t\t\t\t<\/div>\n\t\t\t\t<div class=\"elementor-element elementor-element-1ac73d1 elementor-widget elementor-widget-image\" data-id=\"1ac73d1\" data-element_type=\"widget\" data-e-type=\"widget\" data-widget_type=\"image.default\">\n\t\t\t\t<div class=\"elementor-widget-container\">\n\t\t\t\t\t\t\t\t\t\t\t\t<figure class=\"wp-caption\">\n\t\t\t\t\t\t\t\t\t\t<img loading=\"lazy\" decoding=\"async\" width=\"768\" height=\"512\" src=\"https:\/\/www.elturistatranquil.com\/wp-content\/uploads\/F114-Muralla-de-Avila.Adarve-este-norte.Palacio-de-Serrano.jpg\" class=\"attachment-large size-large wp-image-62450\" alt=\"Muralla de Avila\" srcset=\"https:\/\/www.elturistatranquil.com\/wp-content\/uploads\/F114-Muralla-de-Avila.Adarve-este-norte.Palacio-de-Serrano.jpg 768w, https:\/\/www.elturistatranquil.com\/wp-content\/uploads\/F114-Muralla-de-Avila.Adarve-este-norte.Palacio-de-Serrano-339x226.jpg 339w\" sizes=\"(max-width: 768px) 100vw, 768px\" \/>\t\t\t\t\t\t\t\t\t\t\t<figcaption class=\"widget-image-caption wp-caption-text\"><\/figcaption>\n\t\t\t\t\t\t\t\t\t\t<\/figure>\n\t\t\t\t\t\t\t\t\t<\/div>\n\t\t\t\t<\/div>\n\t\t\t\t<div class=\"elementor-element elementor-element-e0b6199 elementor-widget elementor-widget-text-editor\" data-id=\"e0b6199\" data-element_type=\"widget\" data-e-type=\"widget\" data-widget_type=\"text-editor.default\">\n\t\t\t\t<div class=\"elementor-widget-container\">\n\t\t\t\t\t\t\t\t\t<p>Cap a l\u2019exterior, encara que modificat pels carrers actuals, constatem el pendent sobre el qual s\u2019al\u00e7a aquest costat de la muralla que descendeix fins a un torrent que conflueix al riu Adaja a ponent des del <strong>parc de la Encarnaci\u00f3n<\/strong> i el <strong>monestir extramurs de la Encarnaci\u00f3n<\/strong>.<\/p>\t\t\t\t\t\t\t\t<\/div>\n\t\t\t\t<\/div>\n\t\t\t\t<div class=\"elementor-element elementor-element-4a64348 elementor-widget elementor-widget-image\" data-id=\"4a64348\" data-element_type=\"widget\" data-e-type=\"widget\" data-widget_type=\"image.default\">\n\t\t\t\t<div class=\"elementor-widget-container\">\n\t\t\t\t\t\t\t\t\t\t\t\t<figure class=\"wp-caption\">\n\t\t\t\t\t\t\t\t\t\t<img loading=\"lazy\" decoding=\"async\" width=\"768\" height=\"511\" src=\"https:\/\/www.elturistatranquil.com\/wp-content\/uploads\/F115-Muralla-de-Avila.Adarve-este-norte.-Exterior.jpg\" class=\"attachment-large size-large wp-image-62452\" alt=\"Muralla de Avila\" srcset=\"https:\/\/www.elturistatranquil.com\/wp-content\/uploads\/F115-Muralla-de-Avila.Adarve-este-norte.-Exterior.jpg 768w, https:\/\/www.elturistatranquil.com\/wp-content\/uploads\/F115-Muralla-de-Avila.Adarve-este-norte.-Exterior-339x226.jpg 339w\" sizes=\"(max-width: 768px) 100vw, 768px\" \/>\t\t\t\t\t\t\t\t\t\t\t<figcaption class=\"widget-image-caption wp-caption-text\"><\/figcaption>\n\t\t\t\t\t\t\t\t\t\t<\/figure>\n\t\t\t\t\t\t\t\t\t<\/div>\n\t\t\t\t<\/div>\n\t\t\t\t<div class=\"elementor-element elementor-element-15c071a elementor-widget elementor-widget-image\" data-id=\"15c071a\" data-element_type=\"widget\" data-e-type=\"widget\" data-widget_type=\"image.default\">\n\t\t\t\t<div class=\"elementor-widget-container\">\n\t\t\t\t\t\t\t\t\t\t\t\t<figure class=\"wp-caption\">\n\t\t\t\t\t\t\t\t\t\t<img loading=\"lazy\" decoding=\"async\" width=\"768\" height=\"511\" src=\"https:\/\/www.elturistatranquil.com\/wp-content\/uploads\/F116-Muralla-de-Avila.Adarve-este-norte.-Exterior.-Monasterio-de-la-Encarnacion.jpg\" class=\"attachment-large size-large wp-image-62454\" alt=\"Muralla de Avila\" srcset=\"https:\/\/www.elturistatranquil.com\/wp-content\/uploads\/F116-Muralla-de-Avila.Adarve-este-norte.-Exterior.-Monasterio-de-la-Encarnacion.jpg 768w, https:\/\/www.elturistatranquil.com\/wp-content\/uploads\/F116-Muralla-de-Avila.Adarve-este-norte.-Exterior.-Monasterio-de-la-Encarnacion-339x226.jpg 339w\" sizes=\"(max-width: 768px) 100vw, 768px\" \/>\t\t\t\t\t\t\t\t\t\t\t<figcaption class=\"widget-image-caption wp-caption-text\"><\/figcaption>\n\t\t\t\t\t\t\t\t\t\t<\/figure>\n\t\t\t\t\t\t\t\t\t<\/div>\n\t\t\t\t<\/div>\n\t\t\t\t<div class=\"elementor-element elementor-element-f2b867b elementor-widget elementor-widget-text-editor\" data-id=\"f2b867b\" data-element_type=\"widget\" data-e-type=\"widget\" data-widget_type=\"text-editor.default\">\n\t\t\t\t<div class=\"elementor-widget-container\">\n\t\t\t\t\t\t\t\t\t<p>L <strong>esgl\u00e9sia de San Mart\u00edn<\/strong>, un dels temples rom\u00e0nics extramurs del nord sortint per l\u2019arc del Mariscal.<\/p>\t\t\t\t\t\t\t\t<\/div>\n\t\t\t\t<\/div>\n\t\t\t\t<div class=\"elementor-element elementor-element-c1523d9 elementor-widget elementor-widget-image\" data-id=\"c1523d9\" data-element_type=\"widget\" data-e-type=\"widget\" data-widget_type=\"image.default\">\n\t\t\t\t<div class=\"elementor-widget-container\">\n\t\t\t\t\t\t\t\t\t\t\t\t<figure class=\"wp-caption\">\n\t\t\t\t\t\t\t\t\t\t<img loading=\"lazy\" decoding=\"async\" width=\"768\" height=\"511\" src=\"https:\/\/www.elturistatranquil.com\/wp-content\/uploads\/F117-Muralla-de-Avila.Adarve-este-norte.-Exterior.-Iglesia-de-San-Martin.jpg\" class=\"attachment-large size-large wp-image-62456\" alt=\"Muralla de Avila\" srcset=\"https:\/\/www.elturistatranquil.com\/wp-content\/uploads\/F117-Muralla-de-Avila.Adarve-este-norte.-Exterior.-Iglesia-de-San-Martin.jpg 768w, https:\/\/www.elturistatranquil.com\/wp-content\/uploads\/F117-Muralla-de-Avila.Adarve-este-norte.-Exterior.-Iglesia-de-San-Martin-339x226.jpg 339w\" sizes=\"(max-width: 768px) 100vw, 768px\" \/>\t\t\t\t\t\t\t\t\t\t\t<figcaption class=\"widget-image-caption wp-caption-text\"><\/figcaption>\n\t\t\t\t\t\t\t\t\t\t<\/figure>\n\t\t\t\t\t\t\t\t\t<\/div>\n\t\t\t\t<\/div>\n\t\t\t\t<div class=\"elementor-element elementor-element-f60bc32 elementor-widget elementor-widget-text-editor\" data-id=\"f60bc32\" data-element_type=\"widget\" data-e-type=\"widget\" data-widget_type=\"text-editor.default\">\n\t\t\t\t<div class=\"elementor-widget-container\">\n\t\t\t\t\t\t\t\t\t<p>En la continuaci\u00f3 del recorregut fan pres\u00e8ncia cubs amb trets mud\u00e8jars m\u00e9s visibles, mentre que l\u2019ascens s\u2019efectua per una escala a trav\u00e9s d\u2019una porta, de manera que la terrassa superior queda totalment envoltada de merlets.<\/p>\t\t\t\t\t\t\t\t<\/div>\n\t\t\t\t<\/div>\n\t\t\t\t<div class=\"elementor-element elementor-element-a036d09 elementor-widget elementor-widget-image\" data-id=\"a036d09\" data-element_type=\"widget\" data-e-type=\"widget\" data-widget_type=\"image.default\">\n\t\t\t\t<div class=\"elementor-widget-container\">\n\t\t\t\t\t\t\t\t\t\t\t\t<figure class=\"wp-caption\">\n\t\t\t\t\t\t\t\t\t\t<img loading=\"lazy\" decoding=\"async\" width=\"768\" height=\"511\" src=\"https:\/\/www.elturistatranquil.com\/wp-content\/uploads\/F118-Muralla-de-Avila.Adarve-este-norte.jpg\" class=\"attachment-large size-large wp-image-62458\" alt=\"Muralla de Avila\" srcset=\"https:\/\/www.elturistatranquil.com\/wp-content\/uploads\/F118-Muralla-de-Avila.Adarve-este-norte.jpg 768w, https:\/\/www.elturistatranquil.com\/wp-content\/uploads\/F118-Muralla-de-Avila.Adarve-este-norte-339x226.jpg 339w\" sizes=\"(max-width: 768px) 100vw, 768px\" \/>\t\t\t\t\t\t\t\t\t\t\t<figcaption class=\"widget-image-caption wp-caption-text\"><\/figcaption>\n\t\t\t\t\t\t\t\t\t\t<\/figure>\n\t\t\t\t\t\t\t\t\t<\/div>\n\t\t\t\t<\/div>\n\t\t\t\t<div class=\"elementor-element elementor-element-f135e19 elementor-widget elementor-widget-text-editor\" data-id=\"f135e19\" data-element_type=\"widget\" data-e-type=\"widget\" data-widget_type=\"text-editor.default\">\n\t\t\t\t<div class=\"elementor-widget-container\">\n\t\t\t\t\t\t\t\t\t<p>Ens acostem a la porta del Carmen (<strong>A<\/strong>) mentre la muralla va fent un gir per adaptar-se a la posici\u00f3 perpendicular de la porta respecte a la muralla.<\/p>\t\t\t\t\t\t\t\t<\/div>\n\t\t\t\t<\/div>\n\t\t\t\t<div class=\"elementor-element elementor-element-7684be0 elementor-widget elementor-widget-image\" data-id=\"7684be0\" data-element_type=\"widget\" data-e-type=\"widget\" data-widget_type=\"image.default\">\n\t\t\t\t<div class=\"elementor-widget-container\">\n\t\t\t\t\t\t\t\t\t\t\t\t<figure class=\"wp-caption\">\n\t\t\t\t\t\t\t\t\t\t<img loading=\"lazy\" decoding=\"async\" width=\"768\" height=\"511\" src=\"https:\/\/www.elturistatranquil.com\/wp-content\/uploads\/F119-Muralla-de-Avila.-Adarve-este-norte.-Puerta-del-Carmen.jpg\" class=\"attachment-large size-large wp-image-62460\" alt=\"Muralla de Avila\" srcset=\"https:\/\/www.elturistatranquil.com\/wp-content\/uploads\/F119-Muralla-de-Avila.-Adarve-este-norte.-Puerta-del-Carmen.jpg 768w, https:\/\/www.elturistatranquil.com\/wp-content\/uploads\/F119-Muralla-de-Avila.-Adarve-este-norte.-Puerta-del-Carmen-339x226.jpg 339w\" sizes=\"(max-width: 768px) 100vw, 768px\" \/>\t\t\t\t\t\t\t\t\t\t\t<figcaption class=\"widget-image-caption wp-caption-text\"><\/figcaption>\n\t\t\t\t\t\t\t\t\t\t<\/figure>\n\t\t\t\t\t\t\t\t\t<\/div>\n\t\t\t\t<\/div>\n\t\t\t\t<div class=\"elementor-element elementor-element-2b0600f elementor-widget elementor-widget-text-editor\" data-id=\"2b0600f\" data-element_type=\"widget\" data-e-type=\"widget\" data-widget_type=\"text-editor.default\">\n\t\t\t\t<div class=\"elementor-widget-container\">\n\t\t\t\t\t\t\t\t\t<p>Les dues torrasses quadrangulars que es perceben des de l\u2019exterior (<strong>28<\/strong> i <strong>29<\/strong>), per l\u2019interior, veiem que formen una \u00e0mplia estructura defensiva.<\/p>\t\t\t\t\t\t\t\t<\/div>\n\t\t\t\t<\/div>\n\t\t\t\t<div class=\"elementor-element elementor-element-4f10175 elementor-widget elementor-widget-image\" data-id=\"4f10175\" data-element_type=\"widget\" data-e-type=\"widget\" data-widget_type=\"image.default\">\n\t\t\t\t<div class=\"elementor-widget-container\">\n\t\t\t\t\t\t\t\t\t\t\t\t<figure class=\"wp-caption\">\n\t\t\t\t\t\t\t\t\t\t<img loading=\"lazy\" decoding=\"async\" width=\"768\" height=\"511\" src=\"https:\/\/www.elturistatranquil.com\/wp-content\/uploads\/F120-Muralla-de-Avila.-Adarve-este-norte.-Puerta-del-Carmen.jpg\" class=\"attachment-large size-large wp-image-62462\" alt=\"Muralla de Avila\" srcset=\"https:\/\/www.elturistatranquil.com\/wp-content\/uploads\/F120-Muralla-de-Avila.-Adarve-este-norte.-Puerta-del-Carmen.jpg 768w, https:\/\/www.elturistatranquil.com\/wp-content\/uploads\/F120-Muralla-de-Avila.-Adarve-este-norte.-Puerta-del-Carmen-339x226.jpg 339w\" sizes=\"(max-width: 768px) 100vw, 768px\" \/>\t\t\t\t\t\t\t\t\t\t\t<figcaption class=\"widget-image-caption wp-caption-text\"><\/figcaption>\n\t\t\t\t\t\t\t\t\t\t<\/figure>\n\t\t\t\t\t\t\t\t\t<\/div>\n\t\t\t\t<\/div>\n\t\t\t\t<div class=\"elementor-element elementor-element-f114166 elementor-widget elementor-widget-image\" data-id=\"f114166\" data-element_type=\"widget\" data-e-type=\"widget\" data-widget_type=\"image.default\">\n\t\t\t\t<div class=\"elementor-widget-container\">\n\t\t\t\t\t\t\t\t\t\t\t\t<figure class=\"wp-caption\">\n\t\t\t\t\t\t\t\t\t\t<img loading=\"lazy\" decoding=\"async\" width=\"768\" height=\"511\" src=\"https:\/\/www.elturistatranquil.com\/wp-content\/uploads\/F121-Muralla-de-Avila.-Adarve-este-norte.-Puerta-del-Carmen.jpg\" class=\"attachment-large size-large wp-image-62464\" alt=\"Muralla de Avila\" srcset=\"https:\/\/www.elturistatranquil.com\/wp-content\/uploads\/F121-Muralla-de-Avila.-Adarve-este-norte.-Puerta-del-Carmen.jpg 768w, https:\/\/www.elturistatranquil.com\/wp-content\/uploads\/F121-Muralla-de-Avila.-Adarve-este-norte.-Puerta-del-Carmen-339x226.jpg 339w\" sizes=\"(max-width: 768px) 100vw, 768px\" \/>\t\t\t\t\t\t\t\t\t\t\t<figcaption class=\"widget-image-caption wp-caption-text\"><\/figcaption>\n\t\t\t\t\t\t\t\t\t\t<\/figure>\n\t\t\t\t\t\t\t\t\t<\/div>\n\t\t\t\t<\/div>\n\t\t\t\t<div class=\"elementor-element elementor-element-b88f0fa elementor-widget elementor-widget-text-editor\" data-id=\"b88f0fa\" data-element_type=\"widget\" data-e-type=\"widget\" data-widget_type=\"text-editor.default\">\n\t\t\t\t<div class=\"elementor-widget-container\">\n\t\t\t\t\t\t\t\t\t<p>Al costat est de la <strong>pla\u00e7a Concepci\u00f3n Arenal<\/strong> que es forma davant de la porta, un nou palau que, si b\u00e9 no s\u2019adossa com a construcci\u00f3 palatina, s\u00ed que ho fa quant a propietat del terreny adjacent. En aquesta ocasi\u00f3 \u00e9s el <strong>Palau dels Benavides<\/strong>, adaptat com a Parador Nacional d\u2019\u00c0vila.<\/p>\t\t\t\t\t\t\t\t<\/div>\n\t\t\t\t<\/div>\n\t\t\t\t<div class=\"elementor-element elementor-element-f4d00de elementor-widget elementor-widget-image\" data-id=\"f4d00de\" data-element_type=\"widget\" data-e-type=\"widget\" data-widget_type=\"image.default\">\n\t\t\t\t<div class=\"elementor-widget-container\">\n\t\t\t\t\t\t\t\t\t\t\t\t<figure class=\"wp-caption\">\n\t\t\t\t\t\t\t\t\t\t<img loading=\"lazy\" decoding=\"async\" width=\"768\" height=\"511\" src=\"https:\/\/www.elturistatranquil.com\/wp-content\/uploads\/F122-Muralla-de-Avila.-Adarve-este-norte.-Puerta-del-Carmen.jpg\" class=\"attachment-large size-large wp-image-62466\" alt=\"Muralla de Avila\" srcset=\"https:\/\/www.elturistatranquil.com\/wp-content\/uploads\/F122-Muralla-de-Avila.-Adarve-este-norte.-Puerta-del-Carmen.jpg 768w, https:\/\/www.elturistatranquil.com\/wp-content\/uploads\/F122-Muralla-de-Avila.-Adarve-este-norte.-Puerta-del-Carmen-339x226.jpg 339w\" sizes=\"(max-width: 768px) 100vw, 768px\" \/>\t\t\t\t\t\t\t\t\t\t\t<figcaption class=\"widget-image-caption wp-caption-text\"><\/figcaption>\n\t\t\t\t\t\t\t\t\t\t<\/figure>\n\t\t\t\t\t\t\t\t\t<\/div>\n\t\t\t\t<\/div>\n\t\t\t\t<div class=\"elementor-element elementor-element-23c3ca8 elementor-widget elementor-widget-text-editor\" data-id=\"23c3ca8\" data-element_type=\"widget\" data-e-type=\"widget\" data-widget_type=\"text-editor.default\">\n\t\t\t\t<div class=\"elementor-widget-container\">\n\t\t\t\t\t\t\t\t\t<p>\u00c9s un dels exemples que es troben a \u00c0vila de la llic\u00e8ncia reial per construir un palau amb torrassa a l\u2019interior del caseriu, com a manifestaci\u00f3 de poder.<\/p>\t\t\t\t\t\t\t\t<\/div>\n\t\t\t\t<\/div>\n\t\t\t\t<div class=\"elementor-element elementor-element-c646b44 elementor-widget elementor-widget-image\" data-id=\"c646b44\" data-element_type=\"widget\" data-e-type=\"widget\" data-widget_type=\"image.default\">\n\t\t\t\t<div class=\"elementor-widget-container\">\n\t\t\t\t\t\t\t\t\t\t\t\t<figure class=\"wp-caption\">\n\t\t\t\t\t\t\t\t\t\t<img loading=\"lazy\" decoding=\"async\" width=\"768\" height=\"511\" src=\"https:\/\/www.elturistatranquil.com\/wp-content\/uploads\/F123-Muralla-de-Avila.-Adarve-este-norte.-Palacio-de-los-Benavides.jpg\" class=\"attachment-large size-large wp-image-62468\" alt=\"Muralla de Avila\" srcset=\"https:\/\/www.elturistatranquil.com\/wp-content\/uploads\/F123-Muralla-de-Avila.-Adarve-este-norte.-Palacio-de-los-Benavides.jpg 768w, https:\/\/www.elturistatranquil.com\/wp-content\/uploads\/F123-Muralla-de-Avila.-Adarve-este-norte.-Palacio-de-los-Benavides-339x226.jpg 339w\" sizes=\"(max-width: 768px) 100vw, 768px\" \/>\t\t\t\t\t\t\t\t\t\t\t<figcaption class=\"widget-image-caption wp-caption-text\"><\/figcaption>\n\t\t\t\t\t\t\t\t\t\t<\/figure>\n\t\t\t\t\t\t\t\t\t<\/div>\n\t\t\t\t<\/div>\n\t\t\t\t<div class=\"elementor-element elementor-element-955f373 elementor-widget elementor-widget-text-editor\" data-id=\"955f373\" data-element_type=\"widget\" data-e-type=\"widget\" data-widget_type=\"text-editor.default\">\n\t\t\t\t<div class=\"elementor-widget-container\">\n\t\t\t\t\t\t\t\t\t<p>Fins aqu\u00ed, l\u2019orografia forma un pla relativament planer, amb una lleugera tend\u00e8ncia ascendent cap a la zona de la catedral. A partir d\u2019aquest punt, seguint el <strong>carrer de Jimena Bl\u00e1zquez<\/strong> que enlla\u00e7a amb la porta de la Santa (<strong>G<\/strong>), al costat sud, cap a ponent, el terreny descendeix formant dos plans de major inclinaci\u00f3 que confluiran al punt m\u00e9s baix de tot el recinte on se situa la porta del Puente (<strong>I<\/strong>).<\/p><p>El terreny pla i elevat de la zona de llevant era el millor i m\u00e9s apte per ubicar les estructures palatines i representatives des de posicions territorialment m\u00e9s dominants, aix\u00ed com l\u2019activitat comercial. Mentre que la zona occidental, de major pendent i abrupta descendent, fou reservada per a les activitats artesanals i residencials de les classes baixes.<\/p>\t\t\t\t\t\t\t\t<\/div>\n\t\t\t\t<\/div>\n\t\t\t\t<div class=\"elementor-element elementor-element-924c5d6 elementor-widget elementor-widget-heading\" data-id=\"924c5d6\" data-element_type=\"widget\" data-e-type=\"widget\" data-widget_type=\"heading.default\">\n\t\t\t\t<div class=\"elementor-widget-container\">\n\t\t\t\t\t<h4 class=\"elementor-heading-title elementor-size-default\">Adarb nord occidental<\/h4>\t\t\t\t<\/div>\n\t\t\t\t<\/div>\n\t\t\t\t<div class=\"elementor-element elementor-element-37f5cd2 elementor-widget elementor-widget-text-editor\" data-id=\"37f5cd2\" data-element_type=\"widget\" data-e-type=\"widget\" data-widget_type=\"text-editor.default\">\n\t\t\t\t<div class=\"elementor-widget-container\">\n\t\t\t\t\t\t\t\t\t<p>L\u2019espadanya que sobresurt al costat de la torrassa (29) \u00e9s una rel\u00edquia arquitect\u00f2nica conservada de les inicials funcions religioses de l\u2019edificaci\u00f3 hist\u00f2rica adossada a aquesta part de la muralla. Primer fou l\u2019esgl\u00e9sia de San Silvestre, m\u00e9s tard Convent del Carmen Calzado, fundat el 1361, i des de 1852, despr\u00e9s dels processos desamortitzadors del segle XIX, pres\u00f3 provincial. \u00c9s un edifici amb declaraci\u00f3 monumental actualment rehabilitat amb incorporaci\u00f3 de parts noves, destinat a <strong>Arxiu Hist\u00f2ric Provincial<\/strong>.<\/p>\t\t\t\t\t\t\t\t<\/div>\n\t\t\t\t<\/div>\n\t\t\t\t<div class=\"elementor-element elementor-element-5ab29e8 elementor-widget elementor-widget-image\" data-id=\"5ab29e8\" data-element_type=\"widget\" data-e-type=\"widget\" data-widget_type=\"image.default\">\n\t\t\t\t<div class=\"elementor-widget-container\">\n\t\t\t\t\t\t\t\t\t\t\t\t<figure class=\"wp-caption\">\n\t\t\t\t\t\t\t\t\t\t<img loading=\"lazy\" decoding=\"async\" width=\"768\" height=\"511\" src=\"https:\/\/www.elturistatranquil.com\/wp-content\/uploads\/F124-Muralla-de-Avila.-Adarve-este-norte.-Puerta-del-Carmen.jpg\" class=\"attachment-large size-large wp-image-62470\" alt=\"Muralla de Avila\" srcset=\"https:\/\/www.elturistatranquil.com\/wp-content\/uploads\/F124-Muralla-de-Avila.-Adarve-este-norte.-Puerta-del-Carmen.jpg 768w, https:\/\/www.elturistatranquil.com\/wp-content\/uploads\/F124-Muralla-de-Avila.-Adarve-este-norte.-Puerta-del-Carmen-339x226.jpg 339w\" sizes=\"(max-width: 768px) 100vw, 768px\" \/>\t\t\t\t\t\t\t\t\t\t\t<figcaption class=\"widget-image-caption wp-caption-text\"><\/figcaption>\n\t\t\t\t\t\t\t\t\t\t<\/figure>\n\t\t\t\t\t\t\t\t\t<\/div>\n\t\t\t\t<\/div>\n\t\t\t\t<div class=\"elementor-element elementor-element-e5de475 elementor-widget elementor-widget-text-editor\" data-id=\"e5de475\" data-element_type=\"widget\" data-e-type=\"widget\" data-widget_type=\"text-editor.default\">\n\t\t\t\t<div class=\"elementor-widget-container\">\n\t\t\t\t\t\t\t\t\t<p>L\u2019extrem interior de l\u2019espadanya s\u2019assenta sobre l\u2019adarb de la muralla, i es forad\u00e0 una petita porta d\u2019estil moss\u00e0rab per unir els dos costats de l\u2019adarb.<\/p>\t\t\t\t\t\t\t\t<\/div>\n\t\t\t\t<\/div>\n\t\t\t\t<div class=\"elementor-element elementor-element-c9e27cf elementor-widget elementor-widget-image\" data-id=\"c9e27cf\" data-element_type=\"widget\" data-e-type=\"widget\" data-widget_type=\"image.default\">\n\t\t\t\t<div class=\"elementor-widget-container\">\n\t\t\t\t\t\t\t\t\t\t\t\t<figure class=\"wp-caption\">\n\t\t\t\t\t\t\t\t\t\t<img loading=\"lazy\" decoding=\"async\" width=\"768\" height=\"511\" src=\"https:\/\/www.elturistatranquil.com\/wp-content\/uploads\/F125-Muralla-de-Avila.-Adarve-este-norte.-Puerta-del-Carmen.jpg\" class=\"attachment-large size-large wp-image-62472\" alt=\"Muralla de Avila\" srcset=\"https:\/\/www.elturistatranquil.com\/wp-content\/uploads\/F125-Muralla-de-Avila.-Adarve-este-norte.-Puerta-del-Carmen.jpg 768w, https:\/\/www.elturistatranquil.com\/wp-content\/uploads\/F125-Muralla-de-Avila.-Adarve-este-norte.-Puerta-del-Carmen-339x226.jpg 339w\" sizes=\"(max-width: 768px) 100vw, 768px\" \/>\t\t\t\t\t\t\t\t\t\t\t<figcaption class=\"widget-image-caption wp-caption-text\"><\/figcaption>\n\t\t\t\t\t\t\t\t\t\t<\/figure>\n\t\t\t\t\t\t\t\t\t<\/div>\n\t\t\t\t<\/div>\n\t\t\t\t<div class=\"elementor-element elementor-element-40eee8d elementor-widget elementor-widget-text-editor\" data-id=\"40eee8d\" data-element_type=\"widget\" data-e-type=\"widget\" data-widget_type=\"text-editor.default\">\n\t\t\t\t<div class=\"elementor-widget-container\">\n\t\t\t\t\t\t\t\t\t<p>Per l\u2019exterior s\u2019observa el lloc defensiu respecte a l\u2019acc\u00e9s a la porta de la muralla a l\u2019\u00e0rea de gir que haurien d\u2019efectuar uns atacants per encarar-se amb l\u2019entrada.<\/p>\t\t\t\t\t\t\t\t<\/div>\n\t\t\t\t<\/div>\n\t\t\t\t<div class=\"elementor-element elementor-element-de83047 elementor-widget elementor-widget-image\" data-id=\"de83047\" data-element_type=\"widget\" data-e-type=\"widget\" data-widget_type=\"image.default\">\n\t\t\t\t<div class=\"elementor-widget-container\">\n\t\t\t\t\t\t\t\t\t\t\t\t<figure class=\"wp-caption\">\n\t\t\t\t\t\t\t\t\t\t<img loading=\"lazy\" decoding=\"async\" width=\"768\" height=\"512\" src=\"https:\/\/www.elturistatranquil.com\/wp-content\/uploads\/F126-Muralla-de-Avila.-Adarve-este-norte.-Puerta-del-Carmen.jpg\" class=\"attachment-large size-large wp-image-62477\" alt=\"Muralla de Avila\" srcset=\"https:\/\/www.elturistatranquil.com\/wp-content\/uploads\/F126-Muralla-de-Avila.-Adarve-este-norte.-Puerta-del-Carmen.jpg 768w, https:\/\/www.elturistatranquil.com\/wp-content\/uploads\/F126-Muralla-de-Avila.-Adarve-este-norte.-Puerta-del-Carmen-339x226.jpg 339w\" sizes=\"(max-width: 768px) 100vw, 768px\" \/>\t\t\t\t\t\t\t\t\t\t\t<figcaption class=\"widget-image-caption wp-caption-text\"><\/figcaption>\n\t\t\t\t\t\t\t\t\t\t<\/figure>\n\t\t\t\t\t\t\t\t\t<\/div>\n\t\t\t\t<\/div>\n\t\t\t\t<div class=\"elementor-element elementor-element-c7a81e0 elementor-widget elementor-widget-text-editor\" data-id=\"c7a81e0\" data-element_type=\"widget\" data-e-type=\"widget\" data-widget_type=\"text-editor.default\">\n\t\t\t\t<div class=\"elementor-widget-container\">\n\t\t\t\t\t\t\t\t\t<p>Tornem la mirada a l\u2019interior. Cap a la part alta de la ciutat, el lleuger pendent de la zona alta, amb la catedral al fons.<\/p>\t\t\t\t\t\t\t\t<\/div>\n\t\t\t\t<\/div>\n\t\t\t\t<div class=\"elementor-element elementor-element-ae290af elementor-widget elementor-widget-image\" data-id=\"ae290af\" data-element_type=\"widget\" data-e-type=\"widget\" data-widget_type=\"image.default\">\n\t\t\t\t<div class=\"elementor-widget-container\">\n\t\t\t\t\t\t\t\t\t\t\t\t<figure class=\"wp-caption\">\n\t\t\t\t\t\t\t\t\t\t<img loading=\"lazy\" decoding=\"async\" width=\"768\" height=\"512\" src=\"https:\/\/www.elturistatranquil.com\/wp-content\/uploads\/F127-Muralla-de-Avila.-Adarve-este-norte.-Puerta-del-Carmen.jpg\" class=\"attachment-large size-large wp-image-62479\" alt=\"Muralla de Avila\" srcset=\"https:\/\/www.elturistatranquil.com\/wp-content\/uploads\/F127-Muralla-de-Avila.-Adarve-este-norte.-Puerta-del-Carmen.jpg 768w, https:\/\/www.elturistatranquil.com\/wp-content\/uploads\/F127-Muralla-de-Avila.-Adarve-este-norte.-Puerta-del-Carmen-339x226.jpg 339w\" sizes=\"(max-width: 768px) 100vw, 768px\" \/>\t\t\t\t\t\t\t\t\t\t\t<figcaption class=\"widget-image-caption wp-caption-text\"><\/figcaption>\n\t\t\t\t\t\t\t\t\t\t<\/figure>\n\t\t\t\t\t\t\t\t\t<\/div>\n\t\t\t\t<\/div>\n\t\t\t\t<div class=\"elementor-element elementor-element-8e15fa6 elementor-widget elementor-widget-text-editor\" data-id=\"8e15fa6\" data-element_type=\"widget\" data-e-type=\"widget\" data-widget_type=\"text-editor.default\">\n\t\t\t\t<div class=\"elementor-widget-container\">\n\t\t\t\t\t\t\t\t\t<p>Cap al fons sud, la l\u00ednia sobre la qual aproximadament s\u2019inicia el descens orogr\u00e0fic m\u00e9s pronunciat cap a ponent, amb la part posterior de l\u2019edifici de l\u2019Arxiu Hist\u00f2ric com a refer\u00e8ncia.<\/p>\t\t\t\t\t\t\t\t<\/div>\n\t\t\t\t<\/div>\n\t\t\t\t<div class=\"elementor-element elementor-element-625cdfe elementor-widget elementor-widget-image\" data-id=\"625cdfe\" data-element_type=\"widget\" data-e-type=\"widget\" data-widget_type=\"image.default\">\n\t\t\t\t<div class=\"elementor-widget-container\">\n\t\t\t\t\t\t\t\t\t\t\t\t<figure class=\"wp-caption\">\n\t\t\t\t\t\t\t\t\t\t<img loading=\"lazy\" decoding=\"async\" width=\"768\" height=\"512\" src=\"https:\/\/www.elturistatranquil.com\/wp-content\/uploads\/F128-Muralla-de-Avila.-Adarve-este-norte.-Puerta-del-Carmen.jpg\" class=\"attachment-large size-large wp-image-62481\" alt=\"Muralla de Avila\" srcset=\"https:\/\/www.elturistatranquil.com\/wp-content\/uploads\/F128-Muralla-de-Avila.-Adarve-este-norte.-Puerta-del-Carmen.jpg 768w, https:\/\/www.elturistatranquil.com\/wp-content\/uploads\/F128-Muralla-de-Avila.-Adarve-este-norte.-Puerta-del-Carmen-339x226.jpg 339w\" sizes=\"(max-width: 768px) 100vw, 768px\" \/>\t\t\t\t\t\t\t\t\t\t\t<figcaption class=\"widget-image-caption wp-caption-text\"><\/figcaption>\n\t\t\t\t\t\t\t\t\t\t<\/figure>\n\t\t\t\t\t\t\t\t\t<\/div>\n\t\t\t\t<\/div>\n\t\t\t\t<div class=\"elementor-element elementor-element-74ae0dc elementor-widget elementor-widget-text-editor\" data-id=\"74ae0dc\" data-element_type=\"widget\" data-e-type=\"widget\" data-widget_type=\"text-editor.default\">\n\t\t\t\t<div class=\"elementor-widget-container\">\n\t\t\t\t\t\t\t\t\t<p>Cap a ponent veiem descendir amb m\u00e9s pendent el teixit urb\u00e0, ara exempt de palaus. La morfologia urbana, encara que moderna, respon al model de cases de dos nivells adossades formant illes.<\/p>\t\t\t\t\t\t\t\t<\/div>\n\t\t\t\t<\/div>\n\t\t\t\t<div class=\"elementor-element elementor-element-fb29715 elementor-widget elementor-widget-image\" data-id=\"fb29715\" data-element_type=\"widget\" data-e-type=\"widget\" data-widget_type=\"image.default\">\n\t\t\t\t<div class=\"elementor-widget-container\">\n\t\t\t\t\t\t\t\t\t\t\t\t<figure class=\"wp-caption\">\n\t\t\t\t\t\t\t\t\t\t<img loading=\"lazy\" decoding=\"async\" width=\"768\" height=\"512\" src=\"https:\/\/www.elturistatranquil.com\/wp-content\/uploads\/F129-Muralla-de-Avila.-Adarve-este-norte.-Interior-oeste-de-Avila.jpg\" class=\"attachment-large size-large wp-image-62483\" alt=\"Muralla de Avila\" srcset=\"https:\/\/www.elturistatranquil.com\/wp-content\/uploads\/F129-Muralla-de-Avila.-Adarve-este-norte.-Interior-oeste-de-Avila.jpg 768w, https:\/\/www.elturistatranquil.com\/wp-content\/uploads\/F129-Muralla-de-Avila.-Adarve-este-norte.-Interior-oeste-de-Avila-339x226.jpg 339w\" sizes=\"(max-width: 768px) 100vw, 768px\" \/>\t\t\t\t\t\t\t\t\t\t\t<figcaption class=\"widget-image-caption wp-caption-text\"><\/figcaption>\n\t\t\t\t\t\t\t\t\t\t<\/figure>\n\t\t\t\t\t\t\t\t\t<\/div>\n\t\t\t\t<\/div>\n\t\t\t\t<div class=\"elementor-element elementor-element-7a1e783 elementor-widget elementor-widget-text-editor\" data-id=\"7a1e783\" data-element_type=\"widget\" data-e-type=\"widget\" data-widget_type=\"text-editor.default\">\n\t\t\t\t<div class=\"elementor-widget-container\">\n\t\t\t\t\t\t\t\t\t<p>Aqu\u00ed es compleix la norma de deixar lliure la part posterior de la muralla, mentre l\u2019adarb va descendint progressivament.<\/p>\t\t\t\t\t\t\t\t<\/div>\n\t\t\t\t<\/div>\n\t\t\t\t<div class=\"elementor-element elementor-element-311ce79 elementor-widget elementor-widget-image\" data-id=\"311ce79\" data-element_type=\"widget\" data-e-type=\"widget\" data-widget_type=\"image.default\">\n\t\t\t\t<div class=\"elementor-widget-container\">\n\t\t\t\t\t\t\t\t\t\t\t\t<figure class=\"wp-caption\">\n\t\t\t\t\t\t\t\t\t\t<img loading=\"lazy\" decoding=\"async\" width=\"768\" height=\"512\" src=\"https:\/\/www.elturistatranquil.com\/wp-content\/uploads\/F130-Muralla-de-Avila.-Adarve-este-norte.-Interior-oeste-de-Avila.jpg\" class=\"attachment-large size-large wp-image-62485\" alt=\"Muralla de Avila\" srcset=\"https:\/\/www.elturistatranquil.com\/wp-content\/uploads\/F130-Muralla-de-Avila.-Adarve-este-norte.-Interior-oeste-de-Avila.jpg 768w, https:\/\/www.elturistatranquil.com\/wp-content\/uploads\/F130-Muralla-de-Avila.-Adarve-este-norte.-Interior-oeste-de-Avila-339x226.jpg 339w\" sizes=\"(max-width: 768px) 100vw, 768px\" \/>\t\t\t\t\t\t\t\t\t\t\t<figcaption class=\"widget-image-caption wp-caption-text\"><\/figcaption>\n\t\t\t\t\t\t\t\t\t\t<\/figure>\n\t\t\t\t\t\t\t\t\t<\/div>\n\t\t\t\t<\/div>\n\t\t\t\t<div class=\"elementor-element elementor-element-76c08df elementor-widget elementor-widget-text-editor\" data-id=\"76c08df\" data-element_type=\"widget\" data-e-type=\"widget\" data-widget_type=\"text-editor.default\">\n\t\t\t\t<div class=\"elementor-widget-container\">\n\t\t\t\t\t\t\t\t\t<p>Al l\u00edmit occidental del costat sud, els dos murs descendeixen cap a la porta del Puente sobre el riu Adaja, que hauria de ser la sortida natural d\u2019aig\u00fces.<\/p>\t\t\t\t\t\t\t\t<\/div>\n\t\t\t\t<\/div>\n\t\t\t\t<div class=\"elementor-element elementor-element-ca7eb8d elementor-widget elementor-widget-image\" data-id=\"ca7eb8d\" data-element_type=\"widget\" data-e-type=\"widget\" data-widget_type=\"image.default\">\n\t\t\t\t<div class=\"elementor-widget-container\">\n\t\t\t\t\t\t\t\t\t\t\t\t<figure class=\"wp-caption\">\n\t\t\t\t\t\t\t\t\t\t<img loading=\"lazy\" decoding=\"async\" width=\"768\" height=\"511\" src=\"https:\/\/www.elturistatranquil.com\/wp-content\/uploads\/F131-Muralla-de-Avila.-Adarve-este-norte.-Interior-y-muralla-oeste-de-Avila.jpg\" class=\"attachment-large size-large wp-image-62487\" alt=\"Muralla de Avila\" srcset=\"https:\/\/www.elturistatranquil.com\/wp-content\/uploads\/F131-Muralla-de-Avila.-Adarve-este-norte.-Interior-y-muralla-oeste-de-Avila.jpg 768w, https:\/\/www.elturistatranquil.com\/wp-content\/uploads\/F131-Muralla-de-Avila.-Adarve-este-norte.-Interior-y-muralla-oeste-de-Avila-339x226.jpg 339w\" sizes=\"(max-width: 768px) 100vw, 768px\" \/>\t\t\t\t\t\t\t\t\t\t\t<figcaption class=\"widget-image-caption wp-caption-text\"><\/figcaption>\n\t\t\t\t\t\t\t\t\t\t<\/figure>\n\t\t\t\t\t\t\t\t\t<\/div>\n\t\t\t\t<\/div>\n\t\t\t\t<div class=\"elementor-element elementor-element-40574c1 elementor-widget elementor-widget-text-editor\" data-id=\"40574c1\" data-element_type=\"widget\" data-e-type=\"widget\" data-widget_type=\"text-editor.default\">\n\t\t\t\t<div class=\"elementor-widget-container\">\n\t\t\t\t\t\t\t\t\t<p>Pel <strong>carrer<\/strong> interior <strong>Marqu\u00e9s de Santo Domingo<\/strong>, haur\u00edem arribat a l\u2019acc\u00e9s a la muralla anomenat de la porta del Puente, confirmant el pendent repetidament assenyalat d\u2019aquesta zona.<\/p>\t\t\t\t\t\t\t\t<\/div>\n\t\t\t\t<\/div>\n\t\t\t\t<div class=\"elementor-element elementor-element-c826555 elementor-widget elementor-widget-image\" data-id=\"c826555\" data-element_type=\"widget\" data-e-type=\"widget\" data-widget_type=\"image.default\">\n\t\t\t\t<div class=\"elementor-widget-container\">\n\t\t\t\t\t\t\t\t\t\t\t\t<figure class=\"wp-caption\">\n\t\t\t\t\t\t\t\t\t\t<img loading=\"lazy\" decoding=\"async\" width=\"768\" height=\"511\" src=\"https:\/\/www.elturistatranquil.com\/wp-content\/uploads\/F132-Muralla-de-Avila.-Adarve-este-norte.-Entrada-al-adarve-por-la-puerta-de-Puente.jpg\" class=\"attachment-large size-large wp-image-62489\" alt=\"Muralla de Avila\" srcset=\"https:\/\/www.elturistatranquil.com\/wp-content\/uploads\/F132-Muralla-de-Avila.-Adarve-este-norte.-Entrada-al-adarve-por-la-puerta-de-Puente.jpg 768w, https:\/\/www.elturistatranquil.com\/wp-content\/uploads\/F132-Muralla-de-Avila.-Adarve-este-norte.-Entrada-al-adarve-por-la-puerta-de-Puente-339x226.jpg 339w\" sizes=\"(max-width: 768px) 100vw, 768px\" \/>\t\t\t\t\t\t\t\t\t\t\t<figcaption class=\"widget-image-caption wp-caption-text\"><\/figcaption>\n\t\t\t\t\t\t\t\t\t\t<\/figure>\n\t\t\t\t\t\t\t\t\t<\/div>\n\t\t\t\t<\/div>\n\t\t\t\t<div class=\"elementor-element elementor-element-bf84d52 elementor-widget elementor-widget-image\" data-id=\"bf84d52\" data-element_type=\"widget\" data-e-type=\"widget\" data-widget_type=\"image.default\">\n\t\t\t\t<div class=\"elementor-widget-container\">\n\t\t\t\t\t\t\t\t\t\t\t\t<figure class=\"wp-caption\">\n\t\t\t\t\t\t\t\t\t\t<img loading=\"lazy\" decoding=\"async\" width=\"768\" height=\"511\" src=\"https:\/\/www.elturistatranquil.com\/wp-content\/uploads\/F133-Muralla-de-Avila.-Adarve-este-norte.-Entrada-al-adarve-por-la-puerta-de-Puente.jpg\" class=\"attachment-large size-large wp-image-62491\" alt=\"Muralla de Avila\" srcset=\"https:\/\/www.elturistatranquil.com\/wp-content\/uploads\/F133-Muralla-de-Avila.-Adarve-este-norte.-Entrada-al-adarve-por-la-puerta-de-Puente.jpg 768w, https:\/\/www.elturistatranquil.com\/wp-content\/uploads\/F133-Muralla-de-Avila.-Adarve-este-norte.-Entrada-al-adarve-por-la-puerta-de-Puente-339x226.jpg 339w\" sizes=\"(max-width: 768px) 100vw, 768px\" \/>\t\t\t\t\t\t\t\t\t\t\t<figcaption class=\"widget-image-caption wp-caption-text\"><\/figcaption>\n\t\t\t\t\t\t\t\t\t\t<\/figure>\n\t\t\t\t\t\t\t\t\t<\/div>\n\t\t\t\t<\/div>\n\t\t\t\t<div class=\"elementor-element elementor-element-416a924 elementor-widget elementor-widget-text-editor\" data-id=\"416a924\" data-element_type=\"widget\" data-e-type=\"widget\" data-widget_type=\"text-editor.default\">\n\t\t\t\t<div class=\"elementor-widget-container\">\n\t\t\t\t\t\t\t\t\t<p>En aquest punt, i sense haver passejat per la muralla meridional, podem finalitzar la visita a la muralla d\u2019\u00c0vila.<\/p>\t\t\t\t\t\t\t\t<\/div>\n\t\t\t\t<\/div>\n\t\t\t\t<div class=\"elementor-element elementor-element-22c73cf elementor-widget elementor-widget-heading\" data-id=\"22c73cf\" data-element_type=\"widget\" data-e-type=\"widget\" data-widget_type=\"heading.default\">\n\t\t\t\t<div class=\"elementor-widget-container\">\n\t\t\t\t\t<h2 class=\"elementor-heading-title elementor-size-default\">Fi de la visita<\/h2>\t\t\t\t<\/div>\n\t\t\t\t<\/div>\n\t\t\t\t<div class=\"elementor-element elementor-element-ea5c840 elementor-widget elementor-widget-text-editor\" data-id=\"ea5c840\" data-element_type=\"widget\" data-e-type=\"widget\" data-widget_type=\"text-editor.default\">\n\t\t\t\t<div class=\"elementor-widget-container\">\n\t\t\t\t\t\t\t\t\t<p>El recorregut complet per la muralla d\u2019\u00c0vila permet observar la seq\u00fc\u00e8ncia cont\u00ednua dels seus elements defensius i la seva relaci\u00f3 amb la topografia urbana i hist\u00f2rica de la ciutat.<\/p><p>Al mateix temps, podrem diferenciar l\u2019estructura jer\u00e0rquica dels espais urbans, eclesi\u00e0stics i nobiliaris de l\u2019interior de la ciutat.<\/p><p>La seva perviv\u00e8ncia com a monument rom\u00e0nic que mant\u00e9 el recinte emmurallat complet, l\u2019ha feta mereixedora, juntament amb el llegat tamb\u00e9 b\u00e0sicament rom\u00e0nic de les seves esgl\u00e9sies i monestirs, de la consideraci\u00f3 de <a href=\"https:\/\/whc.unesco.org\/es\/list\/348\" target=\"_blank\" rel=\"noopener\"><strong>Patrimoni Mundial per la UNESCO<\/strong><\/a>.<\/p>\t\t\t\t\t\t\t\t<\/div>\n\t\t\t\t<\/div>\n\t\t\t\t<div class=\"elementor-element elementor-element-c7d0542 elementor-widget elementor-widget-heading\" data-id=\"c7d0542\" data-element_type=\"widget\" data-e-type=\"widget\" data-widget_type=\"heading.default\">\n\t\t\t\t<div class=\"elementor-widget-container\">\n\t\t\t\t\t<h2 class=\"elementor-heading-title elementor-size-default\">Bases d\u2019informaci\u00f3<\/h2>\t\t\t\t<\/div>\n\t\t\t\t<\/div>\n\t\t\t\t<div class=\"elementor-element elementor-element-2f6b5a86 elementor-widget elementor-widget-text-editor\" data-id=\"2f6b5a86\" data-element_type=\"widget\" data-e-type=\"widget\" data-widget_type=\"text-editor.default\">\n\t\t\t\t<div class=\"elementor-widget-container\">\n\t\t\t\t\t\t\t\t\t<p><strong>Webs<br \/><\/strong><a href=\"https:\/\/muralladeavila.com\/lse\/\" target=\"_blank\" rel=\"noopener\">muralladeavila<\/a><br \/><a href=\"https:\/\/es.wikipedia.org\/wiki\/Muralla_de_%C3%81vila\" target=\"_blank\" rel=\"noopener\">wikipedia<\/a><br \/><a href=\"https:\/\/www.urbipedia.org\/hoja\/Muralla_de_%C3%81vila\" target=\"_blank\" rel=\"noopener\">urbipedia<\/a><br \/><a href=\"https:\/\/www.turismoenavila.es\/avila-desde-la-muralla\/#:~:text=Antes%20de%20entrar%2C%20pod%C3%A9is%20ver,forma%20parte%20de%20la%20Muralla\" target=\"_blank\" rel=\"noopener\">turismoenavila<\/a><br \/><a href=\"https:\/\/www.turismocastillayleon.com\/es\/patrimonio-cultura\/murallas-puertas\/subida-muralla-avila\" target=\"_blank\" rel=\"noopener\">turismocastillayleon<\/a><br \/><a href=\"https:\/\/www.avila.es\/ciudad\/publicaciones\/category\/33-publicaciones-accesibilidad?download=418:las-9-puertas-de-la-muralla\" target=\"_blank\" rel=\"noopener\">ayuntamientodeavila<\/a><br \/><a href=\"https:\/\/www.arteguias.com\/murallasavila.htm\" target=\"_blank\" rel=\"noopener\">arteguias<\/a><br \/><a href=\"https:\/\/www.castillosnet.org\/\/monumento.php?r=AV-CAS-019&amp;seo=\" target=\"_blank\" rel=\"noopener\">castillosnet<\/a><br \/><a href=\"http:\/\/www.redjaen.es\/francis\/?m=c&amp;o=153518\" target=\"_blank\" rel=\"noopener\">redjaen<\/a><br \/><a href=\"https:\/\/megaconstrucciones.net\/?construccion=muralla-avila\" target=\"_blank\" rel=\"noopener\">megaconstrucciones<\/a><\/p><p><strong>Webs academic<br \/><\/strong>Guti\u00e9rrez Robledo, Jos\u00e9 Luis. <a href=\"https:\/\/www.romanicodigital.com\/sites\/default\/files\/pdfs\/files\/avila_3-_Las_murallas_de_%C3%81vila.pdf\" target=\"_blank\" rel=\"noopener\"><em>Las murallas de \u00c1vila<\/em><\/a><br \/>Ruiz Entrecanales, Rosa y Sanchidri\u00e1n Blazquez, Cristina. <em><a href=\"https:\/\/d1wqtxts1xzle7.cloudfront.net\/26009357\/proyectos_urbanos_y_arqueologia-libre.pdf?1390895843=&amp;response-content-disposition=inline%3B+filename%3DARQUEOLOGIA_URBANA_Y_PUESTA_EN_VALOR_EN.pdf&amp;Expires=1763056640&amp;Signature=Zyg9wkofh5iOb5Stgwzh~16aZsaWWrjlvpMAnZfNb~upF1stBx67tSFr87MFFolvHX4v38kbM1YypiltGSKsEK3B6yfIhlixgMmImEHdW8kQYr5qN9cUa4JLuzi3uvTtW6YMSTDd7BYeW7raIgx5VOX2PnzElqdmIGH~1rSWF5D7QvxI6d5bPXhLs3sOURgCy436co6yjCbavCa5jc2rzGWJBVVLsubauiP3odTQ3JAt1i4cB-LwhfKRK8b~kQO1l5peCNdyi7DV4Re2qoBklno6P9ACIbhAbcSLr-ItY4yK7aQqKaXA3HrLpg~a0rUupuSQgre1sz3YQmeC2YNuoQ__&amp;Key-Pair-Id=APKAJLOHF5GGSLRBV4ZA#page=29\" target=\"_blank\" rel=\"noopener\">La muralla de \u00c1vila<\/a><br \/><\/em>Gonz\u00e1lez de la Granja, Mar\u00eda Estela. <a href=\"https:\/\/dialnet.unirioja.es\/descarga\/articulo\/3755603.pdf\" target=\"_blank\" rel=\"noopener\"><em>Construcci\u00f3n y evoluci\u00f3n temporal de la muralla de \u00c1vila: \u00faltimas aportaciones historiogr\u00e1ficas<\/em><\/a> <br \/>Ingeoexpert. <a href=\"https:\/\/ingeoexpert.com\/2024\/04\/15\/la-muralla-de-avila-historia-y-construccion\/\" target=\"_blank\" rel=\"noopener\"><em>La Muralla de \u00c1vila: historia y construcci\u00f3n<\/em><\/a><br \/>Patrimonio Cultural de Castilla y Le\u00f3n. <em><a href=\"https:\/\/patrimoniocultural.jcyl.es\/web\/es\/patrimonio-bienes-culturales\/ciudad-antigua-avila.html\" target=\"_blank\" rel=\"noopener\">Ciudad antigua de \u00c1vila. Plan de Gesti\u00f3n<\/a><br \/><\/em>Remolina Seivane, Jos\u00e9 Miguel. <a href=\"https:\/\/d1wqtxts1xzle7.cloudfront.net\/32340638\/2010_Morfologia_y_significado_simbolico_de_las_murallas_de_Avila_y_Burgos-libre.pdf?1391606882=&amp;response-content-disposition=inline%3B+filename%3D2010_Morfologia_y_significado_simbolico.pdf&amp;Expires=1763057241&amp;Signature=bE8OsKzjwODuNIg4kXKgo7dZ6gF68IlwSb9Taj8gfZno2YoQQ4VaxMe0j7n74csnyQ15UYhvjIc2Wkty7E\" target=\"_blank\" rel=\"noopener\"><em>Morfolog\u00eda y significado simb\u00f3lico de las murallas medievales castellanas: los casos de \u00c1vila y Burgos<\/em><\/a><\/p>\t\t\t\t\t\t\t\t<\/div>\n\t\t\t\t<\/div>\n\t\t\t\t\t<\/div>\n\t\t<\/div>\n\t\t\t\t\t<\/div>\n\t\t<\/section>\n\t\t\t\t<\/div>\n\t\t","protected":false},"excerpt":{"rendered":"<p>La muralla rom\u00e0nica d\u00b4\u00c0vila ha merescut formar part del Patrimoni Mundial per la UNESCO. Efectuem un recorregut per tot el per\u00edmetre i per l&#8217;adarb. Muralla rom\u00e0nica d\u2019\u00c0vila \u00c0vila recinte emmurallat &#8230; <a title=\"Muralla rom\u00e0nica d\u2019\u00c0vila\" class=\"read-more\" href=\"https:\/\/www.elturistatranquil.com\/ca\/muralla-romanica-davila\/\" aria-label=\"M\u00e9s informaci\u00f3 sobre Muralla rom\u00e0nica d\u2019\u00c0vila\">[ &#8230; ]<\/a><\/p>\n","protected":false},"author":1,"featured_media":62505,"comment_status":"open","ping_status":"closed","sticky":false,"template":"","format":"standard","meta":{"footnotes":""},"categories":[247,76,145,83,87,91,208,159,103,104,139],"tags":[],"class_list":["post-62520","post","type-post","status-publish","format-standard","has-post-thumbnail","hentry","category-avila-ca","category-ciutat","category-edat-mitjana","category-historia-ca","category-joies-al-territori","category-mudejar-ca","category-patrimoni-mundial","category-recintes-emmurallats","category-roma","category-preromanic-ca","category-segle-xvi-xvii","infinite-scroll-item","generate-columns","tablet-grid-50","mobile-grid-100","grid-parent","grid-50","no-featured-image-padding"],"yoast_head":"<!-- This site is optimized with the Yoast SEO plugin v27.4 - https:\/\/yoast.com\/product\/yoast-seo-wordpress\/ -->\n<title>Muralla rom\u00e0nica d\u2019\u00c0vila - El turista tranquil<\/title>\n<meta name=\"description\" content=\"La muralla rom\u00e0nica d\u00b4\u00c0vila ha merescut formar part del Patrimoni Mundial per la UNESCO. Efectuem un recorregut per tot el per\u00edmetre i per l&#039;adarb.\" \/>\n<meta name=\"robots\" content=\"index, follow, max-snippet:-1, max-image-preview:large, max-video-preview:-1\" \/>\n<link rel=\"canonical\" href=\"https:\/\/www.elturistatranquil.com\/ca\/muralla-romanica-davila\/\" \/>\n<meta property=\"og:locale\" content=\"ca_ES\" \/>\n<meta property=\"og:type\" content=\"article\" \/>\n<meta property=\"og:title\" content=\"Muralla rom\u00e0nica d\u2019\u00c0vila - El turista tranquil\" \/>\n<meta property=\"og:description\" content=\"La muralla rom\u00e0nica d\u00b4\u00c0vila ha merescut formar part del Patrimoni Mundial per la UNESCO. Efectuem un recorregut per tot el per\u00edmetre i per l&#039;adarb.\" \/>\n<meta property=\"og:url\" content=\"https:\/\/www.elturistatranquil.com\/ca\/muralla-romanica-davila\/\" \/>\n<meta property=\"og:site_name\" content=\"El turista tranquil\" \/>\n<meta property=\"article:publisher\" content=\"https:\/\/www.facebook.com\/elturistatranquilo\/\" \/>\n<meta property=\"article:published_time\" content=\"2025-10-25T18:02:33+00:00\" \/>\n<meta property=\"article:modified_time\" content=\"2025-11-14T11:15:27+00:00\" \/>\n<meta property=\"og:image\" content=\"https:\/\/www.elturistatranquil.com\/wp-content\/uploads\/F00-Muralla-de-Avila.jpg\" \/>\n\t<meta property=\"og:image:width\" content=\"768\" \/>\n\t<meta property=\"og:image:height\" content=\"511\" \/>\n\t<meta property=\"og:image:type\" content=\"image\/jpeg\" \/>\n<meta name=\"author\" content=\"admin\" \/>\n<meta name=\"twitter:card\" content=\"summary_large_image\" \/>\n<meta name=\"twitter:label1\" content=\"Escrit per\" \/>\n\t<meta name=\"twitter:data1\" content=\"admin\" \/>\n\t<meta name=\"twitter:label2\" content=\"Temps estimat de lectura\" \/>\n\t<meta name=\"twitter:data2\" content=\"67 minuts\" \/>\n<script type=\"application\/ld+json\" class=\"yoast-schema-graph\">{\"@context\":\"https:\\\/\\\/schema.org\",\"@graph\":[{\"@type\":\"Article\",\"@id\":\"https:\\\/\\\/www.elturistatranquil.com\\\/ca\\\/muralla-romanica-davila\\\/#article\",\"isPartOf\":{\"@id\":\"https:\\\/\\\/www.elturistatranquil.com\\\/ca\\\/muralla-romanica-davila\\\/\"},\"author\":{\"name\":\"admin\",\"@id\":\"https:\\\/\\\/www.elturistatranquil.com\\\/ca\\\/#\\\/schema\\\/person\\\/16f607c3079b96ed0c530a52e6b58bb5\"},\"headline\":\"Muralla rom\u00e0nica d\u2019\u00c0vila\",\"datePublished\":\"2025-10-25T18:02:33+00:00\",\"dateModified\":\"2025-11-14T11:15:27+00:00\",\"mainEntityOfPage\":{\"@id\":\"https:\\\/\\\/www.elturistatranquil.com\\\/ca\\\/muralla-romanica-davila\\\/\"},\"wordCount\":9331,\"commentCount\":0,\"image\":{\"@id\":\"https:\\\/\\\/www.elturistatranquil.com\\\/ca\\\/muralla-romanica-davila\\\/#primaryimage\"},\"thumbnailUrl\":\"https:\\\/\\\/www.elturistatranquil.com\\\/wp-content\\\/uploads\\\/F00-Muralla-de-Avila.jpg\",\"articleSection\":[\"\u00c0vila\",\"Ciutat\",\"Edat mitjana\",\"Hist\u00f2ria\",\"Joies al territori\",\"Mud\u00e8jar\",\"Patrimoni mundial\",\"Recintes emmurallats\",\"Rom\u00e0\",\"Rom\u00e0nic\",\"Segle XVI-XVII\"],\"inLanguage\":\"ca\",\"potentialAction\":[{\"@type\":\"CommentAction\",\"name\":\"Comment\",\"target\":[\"https:\\\/\\\/www.elturistatranquil.com\\\/ca\\\/muralla-romanica-davila\\\/#respond\"]}]},{\"@type\":\"WebPage\",\"@id\":\"https:\\\/\\\/www.elturistatranquil.com\\\/ca\\\/muralla-romanica-davila\\\/\",\"url\":\"https:\\\/\\\/www.elturistatranquil.com\\\/ca\\\/muralla-romanica-davila\\\/\",\"name\":\"Muralla rom\u00e0nica d\u2019\u00c0vila - El turista tranquil\",\"isPartOf\":{\"@id\":\"https:\\\/\\\/www.elturistatranquil.com\\\/ca\\\/#website\"},\"primaryImageOfPage\":{\"@id\":\"https:\\\/\\\/www.elturistatranquil.com\\\/ca\\\/muralla-romanica-davila\\\/#primaryimage\"},\"image\":{\"@id\":\"https:\\\/\\\/www.elturistatranquil.com\\\/ca\\\/muralla-romanica-davila\\\/#primaryimage\"},\"thumbnailUrl\":\"https:\\\/\\\/www.elturistatranquil.com\\\/wp-content\\\/uploads\\\/F00-Muralla-de-Avila.jpg\",\"datePublished\":\"2025-10-25T18:02:33+00:00\",\"dateModified\":\"2025-11-14T11:15:27+00:00\",\"author\":{\"@id\":\"https:\\\/\\\/www.elturistatranquil.com\\\/ca\\\/#\\\/schema\\\/person\\\/16f607c3079b96ed0c530a52e6b58bb5\"},\"description\":\"La muralla rom\u00e0nica d\u00b4\u00c0vila ha merescut formar part del Patrimoni Mundial per la UNESCO. Efectuem un recorregut per tot el per\u00edmetre i per l'adarb.\",\"breadcrumb\":{\"@id\":\"https:\\\/\\\/www.elturistatranquil.com\\\/ca\\\/muralla-romanica-davila\\\/#breadcrumb\"},\"inLanguage\":\"ca\",\"potentialAction\":[{\"@type\":\"ReadAction\",\"target\":[\"https:\\\/\\\/www.elturistatranquil.com\\\/ca\\\/muralla-romanica-davila\\\/\"]}]},{\"@type\":\"ImageObject\",\"inLanguage\":\"ca\",\"@id\":\"https:\\\/\\\/www.elturistatranquil.com\\\/ca\\\/muralla-romanica-davila\\\/#primaryimage\",\"url\":\"https:\\\/\\\/www.elturistatranquil.com\\\/wp-content\\\/uploads\\\/F00-Muralla-de-Avila.jpg\",\"contentUrl\":\"https:\\\/\\\/www.elturistatranquil.com\\\/wp-content\\\/uploads\\\/F00-Muralla-de-Avila.jpg\",\"width\":768,\"height\":511,\"caption\":\"Muralla de Avila\"},{\"@type\":\"BreadcrumbList\",\"@id\":\"https:\\\/\\\/www.elturistatranquil.com\\\/ca\\\/muralla-romanica-davila\\\/#breadcrumb\",\"itemListElement\":[{\"@type\":\"ListItem\",\"position\":1,\"name\":\"Portada\",\"item\":\"https:\\\/\\\/www.elturistatranquil.com\\\/ca\\\/\"},{\"@type\":\"ListItem\",\"position\":2,\"name\":\"Muralla rom\u00e0nica d\u2019\u00c0vila\"}]},{\"@type\":\"WebSite\",\"@id\":\"https:\\\/\\\/www.elturistatranquil.com\\\/ca\\\/#website\",\"url\":\"https:\\\/\\\/www.elturistatranquil.com\\\/ca\\\/\",\"name\":\"El turista tranquil\",\"description\":\"Blog de viatges\",\"potentialAction\":[{\"@type\":\"SearchAction\",\"target\":{\"@type\":\"EntryPoint\",\"urlTemplate\":\"https:\\\/\\\/www.elturistatranquil.com\\\/ca\\\/?s={search_term_string}\"},\"query-input\":{\"@type\":\"PropertyValueSpecification\",\"valueRequired\":true,\"valueName\":\"search_term_string\"}}],\"inLanguage\":\"ca\"},{\"@type\":\"Person\",\"@id\":\"https:\\\/\\\/www.elturistatranquil.com\\\/ca\\\/#\\\/schema\\\/person\\\/16f607c3079b96ed0c530a52e6b58bb5\",\"name\":\"admin\",\"image\":{\"@type\":\"ImageObject\",\"inLanguage\":\"ca\",\"@id\":\"https:\\\/\\\/secure.gravatar.com\\\/avatar\\\/1fbaf22aee75fcbb29a2f97b107f95d25d3a19b7c3416105be10269872673e8d?s=96&d=mm&r=g\",\"url\":\"https:\\\/\\\/secure.gravatar.com\\\/avatar\\\/1fbaf22aee75fcbb29a2f97b107f95d25d3a19b7c3416105be10269872673e8d?s=96&d=mm&r=g\",\"contentUrl\":\"https:\\\/\\\/secure.gravatar.com\\\/avatar\\\/1fbaf22aee75fcbb29a2f97b107f95d25d3a19b7c3416105be10269872673e8d?s=96&d=mm&r=g\",\"caption\":\"admin\"}}]}<\/script>\n<!-- \/ Yoast SEO plugin. -->","yoast_head_json":{"title":"Muralla rom\u00e0nica d\u2019\u00c0vila - El turista tranquil","description":"La muralla rom\u00e0nica d\u00b4\u00c0vila ha merescut formar part del Patrimoni Mundial per la UNESCO. Efectuem un recorregut per tot el per\u00edmetre i per l'adarb.","robots":{"index":"index","follow":"follow","max-snippet":"max-snippet:-1","max-image-preview":"max-image-preview:large","max-video-preview":"max-video-preview:-1"},"canonical":"https:\/\/www.elturistatranquil.com\/ca\/muralla-romanica-davila\/","og_locale":"ca_ES","og_type":"article","og_title":"Muralla rom\u00e0nica d\u2019\u00c0vila - El turista tranquil","og_description":"La muralla rom\u00e0nica d\u00b4\u00c0vila ha merescut formar part del Patrimoni Mundial per la UNESCO. Efectuem un recorregut per tot el per\u00edmetre i per l'adarb.","og_url":"https:\/\/www.elturistatranquil.com\/ca\/muralla-romanica-davila\/","og_site_name":"El turista tranquil","article_publisher":"https:\/\/www.facebook.com\/elturistatranquilo\/","article_published_time":"2025-10-25T18:02:33+00:00","article_modified_time":"2025-11-14T11:15:27+00:00","og_image":[{"width":768,"height":511,"url":"https:\/\/www.elturistatranquil.com\/wp-content\/uploads\/F00-Muralla-de-Avila.jpg","type":"image\/jpeg"}],"author":"admin","twitter_card":"summary_large_image","twitter_misc":{"Escrit per":"admin","Temps estimat de lectura":"67 minuts"},"schema":{"@context":"https:\/\/schema.org","@graph":[{"@type":"Article","@id":"https:\/\/www.elturistatranquil.com\/ca\/muralla-romanica-davila\/#article","isPartOf":{"@id":"https:\/\/www.elturistatranquil.com\/ca\/muralla-romanica-davila\/"},"author":{"name":"admin","@id":"https:\/\/www.elturistatranquil.com\/ca\/#\/schema\/person\/16f607c3079b96ed0c530a52e6b58bb5"},"headline":"Muralla rom\u00e0nica d\u2019\u00c0vila","datePublished":"2025-10-25T18:02:33+00:00","dateModified":"2025-11-14T11:15:27+00:00","mainEntityOfPage":{"@id":"https:\/\/www.elturistatranquil.com\/ca\/muralla-romanica-davila\/"},"wordCount":9331,"commentCount":0,"image":{"@id":"https:\/\/www.elturistatranquil.com\/ca\/muralla-romanica-davila\/#primaryimage"},"thumbnailUrl":"https:\/\/www.elturistatranquil.com\/wp-content\/uploads\/F00-Muralla-de-Avila.jpg","articleSection":["\u00c0vila","Ciutat","Edat mitjana","Hist\u00f2ria","Joies al territori","Mud\u00e8jar","Patrimoni mundial","Recintes emmurallats","Rom\u00e0","Rom\u00e0nic","Segle XVI-XVII"],"inLanguage":"ca","potentialAction":[{"@type":"CommentAction","name":"Comment","target":["https:\/\/www.elturistatranquil.com\/ca\/muralla-romanica-davila\/#respond"]}]},{"@type":"WebPage","@id":"https:\/\/www.elturistatranquil.com\/ca\/muralla-romanica-davila\/","url":"https:\/\/www.elturistatranquil.com\/ca\/muralla-romanica-davila\/","name":"Muralla rom\u00e0nica d\u2019\u00c0vila - El turista tranquil","isPartOf":{"@id":"https:\/\/www.elturistatranquil.com\/ca\/#website"},"primaryImageOfPage":{"@id":"https:\/\/www.elturistatranquil.com\/ca\/muralla-romanica-davila\/#primaryimage"},"image":{"@id":"https:\/\/www.elturistatranquil.com\/ca\/muralla-romanica-davila\/#primaryimage"},"thumbnailUrl":"https:\/\/www.elturistatranquil.com\/wp-content\/uploads\/F00-Muralla-de-Avila.jpg","datePublished":"2025-10-25T18:02:33+00:00","dateModified":"2025-11-14T11:15:27+00:00","author":{"@id":"https:\/\/www.elturistatranquil.com\/ca\/#\/schema\/person\/16f607c3079b96ed0c530a52e6b58bb5"},"description":"La muralla rom\u00e0nica d\u00b4\u00c0vila ha merescut formar part del Patrimoni Mundial per la UNESCO. Efectuem un recorregut per tot el per\u00edmetre i per l'adarb.","breadcrumb":{"@id":"https:\/\/www.elturistatranquil.com\/ca\/muralla-romanica-davila\/#breadcrumb"},"inLanguage":"ca","potentialAction":[{"@type":"ReadAction","target":["https:\/\/www.elturistatranquil.com\/ca\/muralla-romanica-davila\/"]}]},{"@type":"ImageObject","inLanguage":"ca","@id":"https:\/\/www.elturistatranquil.com\/ca\/muralla-romanica-davila\/#primaryimage","url":"https:\/\/www.elturistatranquil.com\/wp-content\/uploads\/F00-Muralla-de-Avila.jpg","contentUrl":"https:\/\/www.elturistatranquil.com\/wp-content\/uploads\/F00-Muralla-de-Avila.jpg","width":768,"height":511,"caption":"Muralla de Avila"},{"@type":"BreadcrumbList","@id":"https:\/\/www.elturistatranquil.com\/ca\/muralla-romanica-davila\/#breadcrumb","itemListElement":[{"@type":"ListItem","position":1,"name":"Portada","item":"https:\/\/www.elturistatranquil.com\/ca\/"},{"@type":"ListItem","position":2,"name":"Muralla rom\u00e0nica d\u2019\u00c0vila"}]},{"@type":"WebSite","@id":"https:\/\/www.elturistatranquil.com\/ca\/#website","url":"https:\/\/www.elturistatranquil.com\/ca\/","name":"El turista tranquil","description":"Blog de viatges","potentialAction":[{"@type":"SearchAction","target":{"@type":"EntryPoint","urlTemplate":"https:\/\/www.elturistatranquil.com\/ca\/?s={search_term_string}"},"query-input":{"@type":"PropertyValueSpecification","valueRequired":true,"valueName":"search_term_string"}}],"inLanguage":"ca"},{"@type":"Person","@id":"https:\/\/www.elturistatranquil.com\/ca\/#\/schema\/person\/16f607c3079b96ed0c530a52e6b58bb5","name":"admin","image":{"@type":"ImageObject","inLanguage":"ca","@id":"https:\/\/secure.gravatar.com\/avatar\/1fbaf22aee75fcbb29a2f97b107f95d25d3a19b7c3416105be10269872673e8d?s=96&d=mm&r=g","url":"https:\/\/secure.gravatar.com\/avatar\/1fbaf22aee75fcbb29a2f97b107f95d25d3a19b7c3416105be10269872673e8d?s=96&d=mm&r=g","contentUrl":"https:\/\/secure.gravatar.com\/avatar\/1fbaf22aee75fcbb29a2f97b107f95d25d3a19b7c3416105be10269872673e8d?s=96&d=mm&r=g","caption":"admin"}}]}},"_links":{"self":[{"href":"https:\/\/www.elturistatranquil.com\/ca\/wp-json\/wp\/v2\/posts\/62520","targetHints":{"allow":["GET"]}}],"collection":[{"href":"https:\/\/www.elturistatranquil.com\/ca\/wp-json\/wp\/v2\/posts"}],"about":[{"href":"https:\/\/www.elturistatranquil.com\/ca\/wp-json\/wp\/v2\/types\/post"}],"author":[{"embeddable":true,"href":"https:\/\/www.elturistatranquil.com\/ca\/wp-json\/wp\/v2\/users\/1"}],"replies":[{"embeddable":true,"href":"https:\/\/www.elturistatranquil.com\/ca\/wp-json\/wp\/v2\/comments?post=62520"}],"version-history":[{"count":10,"href":"https:\/\/www.elturistatranquil.com\/ca\/wp-json\/wp\/v2\/posts\/62520\/revisions"}],"predecessor-version":[{"id":62533,"href":"https:\/\/www.elturistatranquil.com\/ca\/wp-json\/wp\/v2\/posts\/62520\/revisions\/62533"}],"wp:featuredmedia":[{"embeddable":true,"href":"https:\/\/www.elturistatranquil.com\/ca\/wp-json\/wp\/v2\/media\/62505"}],"wp:attachment":[{"href":"https:\/\/www.elturistatranquil.com\/ca\/wp-json\/wp\/v2\/media?parent=62520"}],"wp:term":[{"taxonomy":"category","embeddable":true,"href":"https:\/\/www.elturistatranquil.com\/ca\/wp-json\/wp\/v2\/categories?post=62520"},{"taxonomy":"post_tag","embeddable":true,"href":"https:\/\/www.elturistatranquil.com\/ca\/wp-json\/wp\/v2\/tags?post=62520"}],"curies":[{"name":"wp","href":"https:\/\/api.w.org\/{rel}","templated":true}]}}