{"id":62709,"date":"2025-11-15T12:36:17","date_gmt":"2025-11-15T11:36:17","guid":{"rendered":"https:\/\/www.elturistatranquil.com\/?p=62709"},"modified":"2025-12-16T12:32:54","modified_gmt":"2025-12-16T11:32:54","slug":"chodes-poblat-programat-saragossa","status":"publish","type":"post","link":"https:\/\/www.elturistatranquil.com\/ca\/chodes-poblat-programat-saragossa\/","title":{"rendered":"Chodes, poblat programat (Saragossa)"},"content":{"rendered":"\t\t<div data-elementor-type=\"wp-post\" data-elementor-id=\"62709\" class=\"elementor elementor-62709 elementor-62561\" data-elementor-post-type=\"post\">\n\t\t\t\t\t\t<section class=\"elementor-section elementor-top-section elementor-element elementor-element-5bb605ee elementor-section-boxed elementor-section-height-default elementor-section-height-default\" data-id=\"5bb605ee\" data-element_type=\"section\" data-e-type=\"section\">\n\t\t\t\t\t\t<div class=\"elementor-container elementor-column-gap-default\">\n\t\t\t\t\t<div class=\"elementor-column elementor-col-100 elementor-top-column elementor-element elementor-element-f2e226c\" data-id=\"f2e226c\" data-element_type=\"column\" data-e-type=\"column\">\n\t\t\t<div class=\"elementor-widget-wrap elementor-element-populated\">\n\t\t\t\t\t\t<section class=\"elementor-section elementor-inner-section elementor-element elementor-element-6b68bc39 elementor-section-content-middle elementor-section-boxed elementor-section-height-default elementor-section-height-default\" data-id=\"6b68bc39\" data-element_type=\"section\" data-e-type=\"section\">\n\t\t\t\t\t\t<div class=\"elementor-container elementor-column-gap-default\">\n\t\t\t\t\t<div class=\"elementor-column elementor-col-100 elementor-inner-column elementor-element elementor-element-64c1e119\" data-id=\"64c1e119\" data-element_type=\"column\" data-e-type=\"column\">\n\t\t\t<div class=\"elementor-widget-wrap elementor-element-populated\">\n\t\t\t\t\t\t<div class=\"elementor-element elementor-element-49d1c4f8 elementor-widget elementor-widget-text-editor\" data-id=\"49d1c4f8\" data-element_type=\"widget\" data-e-type=\"widget\" data-widget_type=\"text-editor.default\">\n\t\t\t\t<div class=\"elementor-widget-container\">\n\t\t\t\t\t\t\t\t\t<p><strong>Chodes <\/strong>(Saragossa) es pot considerar un dels pocs exemples conservats a Espanya d&#8217;assentament senyorial programat de l&#8217;Edat Moderna, sota un model totalment original formant una pla\u00e7a de dotze costats.<\/p>\t\t\t\t\t\t\t\t<\/div>\n\t\t\t\t<\/div>\n\t\t\t\t\t<\/div>\n\t\t<\/div>\n\t\t\t\t\t<\/div>\n\t\t<\/section>\n\t\t\t\t<div class=\"elementor-element elementor-element-3e446f1a elementor-widget elementor-widget-heading\" data-id=\"3e446f1a\" data-element_type=\"widget\" data-e-type=\"widget\" data-widget_type=\"heading.default\">\n\t\t\t\t<div class=\"elementor-widget-container\">\n\t\t\t\t\t<h1 class=\"elementor-heading-title elementor-size-default\">Chodes, poblat programat (Saragossa) <\/h1>\t\t\t\t<\/div>\n\t\t\t\t<\/div>\n\t\t\t\t\t<\/div>\n\t\t<\/div>\n\t\t\t\t\t<\/div>\n\t\t<\/section>\n\t\t\t\t<section class=\"elementor-section elementor-top-section elementor-element elementor-element-26b53cea elementor-section-boxed elementor-section-height-default elementor-section-height-default\" data-id=\"26b53cea\" data-element_type=\"section\" data-e-type=\"section\">\n\t\t\t\t\t\t<div class=\"elementor-container elementor-column-gap-default\">\n\t\t\t\t\t<div class=\"elementor-column elementor-col-100 elementor-top-column elementor-element elementor-element-6be72bd8\" data-id=\"6be72bd8\" data-element_type=\"column\" data-e-type=\"column\">\n\t\t\t<div class=\"elementor-widget-wrap elementor-element-populated\">\n\t\t\t\t\t\t<div class=\"elementor-element elementor-element-24eb595b elementor-widget elementor-widget-image\" data-id=\"24eb595b\" data-element_type=\"widget\" data-e-type=\"widget\" data-widget_type=\"image.default\">\n\t\t\t\t<div class=\"elementor-widget-container\">\n\t\t\t\t\t\t\t\t\t\t\t\t<figure class=\"wp-caption\">\n\t\t\t\t\t\t\t\t\t\t<img fetchpriority=\"high\" decoding=\"async\" width=\"768\" height=\"512\" src=\"https:\/\/www.elturistatranquil.com\/wp-content\/uploads\/F01-Chodes.-Zaragoza-Bing-maps-2025-11-01.jpg\" class=\"attachment-large size-large wp-image-62569\" alt=\"Chodes. Zaragoza\" srcset=\"https:\/\/www.elturistatranquil.com\/wp-content\/uploads\/F01-Chodes.-Zaragoza-Bing-maps-2025-11-01.jpg 768w, https:\/\/www.elturistatranquil.com\/wp-content\/uploads\/F01-Chodes.-Zaragoza-Bing-maps-2025-11-01-339x226.jpg 339w\" sizes=\"(max-width: 768px) 100vw, 768px\" \/>\t\t\t\t\t\t\t\t\t\t\t<figcaption class=\"widget-image-caption wp-caption-text\">Chodes (Google earth 2025-11-01)<\/figcaption>\n\t\t\t\t\t\t\t\t\t\t<\/figure>\n\t\t\t\t\t\t\t\t\t<\/div>\n\t\t\t\t<\/div>\n\t\t\t\t<section class=\"elementor-section elementor-inner-section elementor-element elementor-element-6f6bf91 elementor-section-boxed elementor-section-height-default elementor-section-height-default\" data-id=\"6f6bf91\" data-element_type=\"section\" data-e-type=\"section\" data-settings=\"{&quot;background_background&quot;:&quot;classic&quot;}\">\n\t\t\t\t\t\t\t<div class=\"elementor-background-overlay\"><\/div>\n\t\t\t\t\t\t\t<div class=\"elementor-container elementor-column-gap-default\">\n\t\t\t\t\t<div class=\"elementor-column elementor-col-100 elementor-inner-column elementor-element elementor-element-24852d0c\" data-id=\"24852d0c\" data-element_type=\"column\" data-e-type=\"column\" data-settings=\"{&quot;background_background&quot;:&quot;classic&quot;}\">\n\t\t\t<div class=\"elementor-widget-wrap elementor-element-populated\">\n\t\t\t\t\t\t<div class=\"elementor-element elementor-element-44d9b918 elementor-widget elementor-widget-text-editor\" data-id=\"44d9b918\" data-element_type=\"widget\" data-e-type=\"widget\" data-widget_type=\"text-editor.default\">\n\t\t\t\t<div class=\"elementor-widget-container\">\n\t\t\t\t\t\t\t\t\t<p>Comarca: Valdejal\u00f3n. Prov\u00edncia: Zaragoza. Com. Aut\u00f2noma: Arag\u00f3n<br \/>Coordenades: 41\u00b029\u203213\u2033N 1\u00b028\u203248\u2033O.\u00a0 Altitud: 412 msnm. Poblaci\u00f3: 102 habitants (2024)<br \/>Web: <a href=\"https:\/\/www.ayuntamiento.es\/chodes\/\" target=\"_blank\" rel=\"noopener\">ayuntamiento<\/a><br \/><em>Conjunt hist\u00f2ric (BIC)<br \/><\/em>Visita: 2025<\/p>\t\t\t\t\t\t\t\t<\/div>\n\t\t\t\t<\/div>\n\t\t\t\t\t<\/div>\n\t\t<\/div>\n\t\t\t\t\t<\/div>\n\t\t<\/section>\n\t\t\t\t<div class=\"elementor-element elementor-element-77bd7465 elementor-widget elementor-widget-image\" data-id=\"77bd7465\" data-element_type=\"widget\" data-e-type=\"widget\" data-widget_type=\"image.default\">\n\t\t\t\t<div class=\"elementor-widget-container\">\n\t\t\t\t\t\t\t\t\t\t\t\t<figure class=\"wp-caption\">\n\t\t\t\t\t\t\t\t\t\t<img decoding=\"async\" width=\"768\" height=\"512\" src=\"https:\/\/www.elturistatranquil.com\/wp-content\/uploads\/F02c-Mapa-de-situacio-de-Chodes.-Saragossa-Google-maps-2025-11-01.jpg\" class=\"attachment-medium_large size-medium_large wp-image-62711\" alt=\"Chodes, Saragossa\" srcset=\"https:\/\/www.elturistatranquil.com\/wp-content\/uploads\/F02c-Mapa-de-situacio-de-Chodes.-Saragossa-Google-maps-2025-11-01.jpg 768w, https:\/\/www.elturistatranquil.com\/wp-content\/uploads\/F02c-Mapa-de-situacio-de-Chodes.-Saragossa-Google-maps-2025-11-01-339x226.jpg 339w\" sizes=\"(max-width: 768px) 100vw, 768px\" \/>\t\t\t\t\t\t\t\t\t\t\t<figcaption class=\"widget-image-caption wp-caption-text\">Mapa de situaci\u00f3n de Chodes. Zaragoza (Google maps 2025-11-01)<\/figcaption>\n\t\t\t\t\t\t\t\t\t\t<\/figure>\n\t\t\t\t\t\t\t\t\t<\/div>\n\t\t\t\t<\/div>\n\t\t\t\t<div class=\"elementor-element elementor-element-3c8b210f elementor-widget elementor-widget-spacer\" data-id=\"3c8b210f\" data-element_type=\"widget\" data-e-type=\"widget\" data-widget_type=\"spacer.default\">\n\t\t\t\t<div class=\"elementor-widget-container\">\n\t\t\t\t\t\t\t<div class=\"elementor-spacer\">\n\t\t\t<div class=\"elementor-spacer-inner\"><\/div>\n\t\t<\/div>\n\t\t\t\t\t\t<\/div>\n\t\t\t\t<\/div>\n\t\t\t\t<div class=\"elementor-element elementor-element-463e601c elementor-toc--minimized-on-tablet elementor-widget elementor-widget-table-of-contents\" data-id=\"463e601c\" data-element_type=\"widget\" data-e-type=\"widget\" data-settings=\"{&quot;headings_by_tags&quot;:[&quot;h2&quot;,&quot;h3&quot;,&quot;h4&quot;],&quot;marker_view&quot;:&quot;bullets&quot;,&quot;icon&quot;:{&quot;value&quot;:&quot;&quot;,&quot;library&quot;:&quot;&quot;},&quot;no_headings_message&quot;:&quot;No se ha encontrado ning\\u00fan encabezado en esta p\\u00e1gina.&quot;,&quot;minimize_box&quot;:&quot;yes&quot;,&quot;minimized_on&quot;:&quot;tablet&quot;,&quot;hierarchical_view&quot;:&quot;yes&quot;,&quot;min_height&quot;:{&quot;unit&quot;:&quot;px&quot;,&quot;size&quot;:&quot;&quot;,&quot;sizes&quot;:[]},&quot;min_height_tablet&quot;:{&quot;unit&quot;:&quot;px&quot;,&quot;size&quot;:&quot;&quot;,&quot;sizes&quot;:[]},&quot;min_height_mobile&quot;:{&quot;unit&quot;:&quot;px&quot;,&quot;size&quot;:&quot;&quot;,&quot;sizes&quot;:[]}}\" data-widget_type=\"table-of-contents.default\">\n\t\t\t\t<div class=\"elementor-widget-container\">\n\t\t\t\t\t\t\t\t\t<div class=\"elementor-toc__header\">\n\t\t\t\t\t\t<h4 class=\"elementor-toc__header-title\">\n\t\t\t\t\u00cdndex\t\t\t<\/h4>\n\t\t\t\t\t\t\t\t\t\t<div class=\"elementor-toc__toggle-button elementor-toc__toggle-button--expand\" role=\"button\" tabindex=\"0\" aria-controls=\"elementor-toc__463e601c\" aria-expanded=\"true\" aria-label=\"Open table of contents\"><i aria-hidden=\"true\" class=\"fas fa-chevron-down\"><\/i><\/div>\n\t\t\t\t<div class=\"elementor-toc__toggle-button elementor-toc__toggle-button--collapse\" role=\"button\" tabindex=\"0\" aria-controls=\"elementor-toc__463e601c\" aria-expanded=\"true\" aria-label=\"Close table of contents\"><i aria-hidden=\"true\" class=\"fas fa-chevron-up\"><\/i><\/div>\n\t\t\t\t\t<\/div>\n\t\t\t\t<div id=\"elementor-toc__463e601c\" class=\"elementor-toc__body\">\n\t\t\t<div class=\"elementor-toc__spinner-container\">\n\t\t\t\t<i class=\"elementor-toc__spinner eicon-animation-spin eicon-loading\" aria-hidden=\"true\"><\/i>\t\t\t<\/div>\n\t\t<\/div>\n\t\t\t\t\t\t<\/div>\n\t\t\t\t<\/div>\n\t\t\t\t<div class=\"elementor-element elementor-element-933bd10 elementor-widget elementor-widget-menu-anchor\" data-id=\"933bd10\" data-element_type=\"widget\" data-e-type=\"widget\" data-widget_type=\"menu-anchor.default\">\n\t\t\t\t<div class=\"elementor-widget-container\">\n\t\t\t\t\t\t\t<div class=\"elementor-menu-anchor\" id=\"a0101-EnlaceaunpuntodentrodelPost\"><\/div>\n\t\t\t\t\t\t<\/div>\n\t\t\t\t<\/div>\n\t\t\t\t<div class=\"elementor-element elementor-element-599801c8 elementor-widget elementor-widget-spacer\" data-id=\"599801c8\" data-element_type=\"widget\" data-e-type=\"widget\" data-widget_type=\"spacer.default\">\n\t\t\t\t<div class=\"elementor-widget-container\">\n\t\t\t\t\t\t\t<div class=\"elementor-spacer\">\n\t\t\t<div class=\"elementor-spacer-inner\"><\/div>\n\t\t<\/div>\n\t\t\t\t\t\t<\/div>\n\t\t\t\t<\/div>\n\t\t\t\t<div class=\"elementor-element elementor-element-3adb89d2 elementor-widget elementor-widget-heading\" data-id=\"3adb89d2\" data-element_type=\"widget\" data-e-type=\"widget\" data-widget_type=\"heading.default\">\n\t\t\t\t<div class=\"elementor-widget-container\">\n\t\t\t\t\t<h2 class=\"elementor-heading-title elementor-size-default\">Chodes, poblat programat. Valdejal\u00f3n. Saragossa <\/h2>\t\t\t\t<\/div>\n\t\t\t\t<\/div>\n\t\t\t\t<div class=\"elementor-element elementor-element-1b85eb elementor-widget elementor-widget-text-editor\" data-id=\"1b85eb\" data-element_type=\"widget\" data-e-type=\"widget\" data-widget_type=\"text-editor.default\">\n\t\t\t\t<div class=\"elementor-widget-container\">\n\t\t\t\t\t\t\t\t\t<p>la <strong>Pla\u00e7a de Espa\u00f1a de Chodes<\/strong> com a <em>Conjunt Hist\u00f2ric (BIC)<\/em>.<\/p><p>Quan arribo a <strong>Chodes<\/strong>, a la comarca de Valdejal\u00f3n, a primera vista sembla que l\u2019atractiu principal \u2014i gaireb\u00e9 exclusiu\u2014 sigui la seva pla\u00e7a poligonal de dotze costats, repetida una vegada i una altra en articles divulgatius i guies tur\u00edstiques. Per\u00f2 la meva visita a Chodes est\u00e0 motivada per observar sobre el terreny un exemple d\u2019<strong>assentament programat del segle XVII<\/strong>.<\/p>\t\t\t\t\t\t\t\t<\/div>\n\t\t\t\t<\/div>\n\t\t\t\t<div class=\"elementor-element elementor-element-5b9ea41e elementor-widget elementor-widget-heading\" data-id=\"5b9ea41e\" data-element_type=\"widget\" data-e-type=\"widget\" data-widget_type=\"heading.default\">\n\t\t\t\t<div class=\"elementor-widget-container\">\n\t\t\t\t\t<h2 class=\"elementor-heading-title elementor-size-default\">Un assentament programat del segle XVII a la vall del Jal\u00f3n<\/h2>\t\t\t\t<\/div>\n\t\t\t\t<\/div>\n\t\t\t\t<div class=\"elementor-element elementor-element-d5a3cda elementor-widget elementor-widget-text-editor\" data-id=\"d5a3cda\" data-element_type=\"widget\" data-e-type=\"widget\" data-widget_type=\"text-editor.default\">\n\t\t\t\t<div class=\"elementor-widget-container\">\n\t\t\t\t\t\t\t\t\t<p>Sabia que no es tractava \u00fanicament d\u2019una pla\u00e7a atractiva, sin\u00f3 d\u2019un poble concebut d\u2019una sola vegada sota un disseny urban\u00edstic i amb una intenci\u00f3 senyorial i demogr\u00e0fica definida, en un moment del segle XVII.<\/p><p>L\u2019experi\u00e8ncia directa va confirmar aquesta impressi\u00f3, ja que el tra\u00e7at de Chodes conserva encara avui gaireb\u00e9 intacta i molt clara tota la seva l\u00f2gica geom\u00e8trica i social, poc habitual en el medi rural aragon\u00e8s.<\/p><p>De la seva estructura original de dotze costats de dodec\u00e0gon, nom\u00e9s un, el corresponent a les cases n\u00fameros 10 i 11, ha estat modificat, convertit en un \u00fanic habitatge sobreal\u00e7at amb una terrassa sobre la pla\u00e7a. Malgrat aix\u00f2, continua predominant l\u2019estructura i la imatge original d\u2019aquesta pla\u00e7a tancada.<\/p><p>Amb aquesta visita amplio les mostres i models d\u2019<a href=\"https:\/\/www.elturistatranquil.com\/ca\/categoria\/assentments-programats\/\" target=\"_blank\" rel=\"noopener\"><strong>assentaments programats<\/strong><\/a> que vaig aportant al <em>Blog<\/em>, en aquest cas amb un projecte d\u2019urbanisme programat, concebut a la d\u00e8cada de 1670, en un context hist\u00f2ric prec\u00eds i amb una intenci\u00f3 clara: reordenar un territori senyorial, repoblar un terme despoblat despr\u00e9s de l\u2019expulsi\u00f3 morisca, reallotjar la poblaci\u00f3 permanent des d\u2019un lloc inh\u00f2spit al vessant d\u2019un castell (<strong>a<\/strong>), i expressar, mitjan\u00e7ant la geometria, un ordre social i pol\u00edtic.<\/p>\t\t\t\t\t\t\t\t<\/div>\n\t\t\t\t<\/div>\n\t\t\t\t<div class=\"elementor-element elementor-element-9d696bd elementor-widget elementor-widget-heading\" data-id=\"9d696bd\" data-element_type=\"widget\" data-e-type=\"widget\" data-widget_type=\"heading.default\">\n\t\t\t\t<div class=\"elementor-widget-container\">\n\t\t\t\t\t<h2 class=\"elementor-heading-title elementor-size-default\">Context hist\u00f2ric i g\u00e8nesi del projecte<\/h2>\t\t\t\t<\/div>\n\t\t\t\t<\/div>\n\t\t\t\t<div class=\"elementor-element elementor-element-4a0af298 elementor-widget elementor-widget-text-editor\" data-id=\"4a0af298\" data-element_type=\"widget\" data-e-type=\"widget\" data-widget_type=\"text-editor.default\">\n\t\t\t\t<div class=\"elementor-widget-container\">\n\t\t\t\t\t\t\t\t\t<p><strong>Chodes<\/strong> es troba al tram mitj\u00e0 de la vall del Jal\u00f3n, en una \u00e0rea de pas entre Arag\u00f3 i Castella, on l\u2019explotaci\u00f3 agr\u00edcola i els enlla\u00e7os amb Calataiud i Saragossa van ser crucials des de l\u2019Edat Mitjana.<\/p><p>L\u2019assentament original de Chodes \u2014avui denominat Chodes Viejo\u2014 se situava en un esper\u00f3 roc\u00f3s de dif\u00edcil acc\u00e9s, com a caseriu del <strong>castell de Chodes<\/strong> (<strong>des<\/strong>).<\/p><p>Despr\u00e9s de l\u2019expulsi\u00f3 dels moriscos el 1610, aquell nucli va quedar pr\u00e0cticament despoblat i en molt mal estat, com tants d\u2019altres a Valdejal\u00f3n.<\/p><p>Al mateix temps, la p\u00e8rdua de funci\u00f3 defensiva dels castells ja a l\u2019Edat Moderna feia que els pobladors que romanien al caseriu al costat del castell quedessin despla\u00e7ats respecte a les zones de conreu al pla, a la vega del Jal\u00f3n, a m\u00e9s amb cases molt deteriorades en un empla\u00e7ament de dif\u00edcil acc\u00e9s.<\/p><p>Aquesta situaci\u00f3 afectava de manera directa l\u2019agricultura i, amb ella, les rendes del senyoriu. Com es descriu al <em>Diccionario de Madoz<\/em> a mitjan segle XIX, que no devia ser molt diferent del segle XVI, l\u2019activitat productiva de Chodes es basava en la \u201c<em>Producci\u00f3n (de) toda especie de granos, legumbres, c\u00e1\u00f1amo, lino, aceite, vino, hortaliza y frutas; se cr\u00eda ganado lanar; caza de perdices, liebres y conejos; pesca de barbos, madrillas y alguna anguila, IND.\u00a0 un molino harinero, COMERCIO extracci\u00f3n de trigo, vino y c\u00e1\u00f1amo<\/em>.\u201d<\/p><p>\u00c9s en aquest context quan apareix la figura del promotor d\u2019un nou projecte, <strong>Francisco Sanz de Cort\u00e9s, marqu\u00e8s de Villaverde i comte de Morata i Atar\u00e9s<\/strong>, membre d\u2019una fam\u00edlia aragonesa econ\u00f2micament ascendent, representativa d\u2019aquella burgesia que al segle XVII adquireix t\u00edtols nobiliaris i busca consolidar la seva posici\u00f3 mitjan\u00e7ant l\u2019acumulaci\u00f3 de terres i la reorganitzaci\u00f3 dels seus dominis. Aix\u00f2 l\u2019havia portat a la construcci\u00f3 d\u2019un palau a <strong>Morata d\u2019Arag\u00f3<\/strong> (<strong>b<\/strong>), la seva localitat senyorial, el 1671, on ja va introduir la nova tipologia de palau barroc.<\/p><p>En aquest marc, la fundaci\u00f3 d\u2019un nou nucli al pla, el 1676, pot interpretar-se com una resposta calculada a la necessitat de dotar de millors condicions els pobladors residents, atraure nous ve\u00efns, assegurar el conreu de les terres i materialitzar una determinada idea d\u2019ordre senyorial.<\/p><p>Per aix\u00f2, planteja la creaci\u00f3 d\u2019un nou Chodes situat en una posici\u00f3 que permeti ocupar el m\u00ednim espai agrari possible, recolzat a la base de la muntanya, al costat de la franja de major productivitat agr\u00edcola.<\/p><p>El 1676 se signa la <strong>capitulaci\u00f3 per a la fundaci\u00f3 del nou Chodes<\/strong>. Els encarregats d\u2019edificar el nou lloc seran <strong>Juan de Marca<\/strong>, mestre saragoss\u00e0 d\u2019origen bearn\u00e8s, arquitecte de les diverses obres del comte a Saragossa i Morata, i el tapiador <strong>Juli\u00e1n de Yarza<\/strong>, ve\u00ed de Morata, que haur\u00e0 de reproduir el model de la seva pr\u00f2pia casa de Morata. En el document senyorial es defineixen les caracter\u00edstiques del projecte: la construcci\u00f3 de <strong>24 habitatges homogenis<\/strong>; la seva distribuci\u00f3 <strong>al voltant d\u2019una pla\u00e7a regular \u201cochavada<\/strong>\u201d amb tres portals; la pres\u00e8ncia d\u2019una <strong>esgl\u00e9sia integrada en el conjunt<\/strong>; i la dotaci\u00f3 d\u2019<strong>horts i corrals<\/strong> per garantir l\u2019autosufici\u00e8ncia agr\u00edcola. L\u2019obra es taxa en 2.690 lliures jaqueses i un per\u00edode d\u2019execuci\u00f3 de dos anys.<\/p><p>L\u2019objectiu, com d\u00e8iem, no era \u00fanicament urban\u00edstic, sin\u00f3 econ\u00f2mic, demogr\u00e0fic i pol\u00edtic: crear un poblat estable que consolid\u00e9s el senyoriu i per atreure nous habitants.<\/p><p>En definir des del principi un l\u00edmit clar a la mida de l\u2019assentament en 24 cases al voltant d\u2019un nucli compacte, sembla quedar plantejat un assentament tancat i sense vocaci\u00f3 d\u2019expansi\u00f3.<\/p>\t\t\t\t\t\t\t\t<\/div>\n\t\t\t\t<\/div>\n\t\t\t\t<div class=\"elementor-element elementor-element-26aef36 elementor-widget elementor-widget-heading\" data-id=\"26aef36\" data-element_type=\"widget\" data-e-type=\"widget\" data-widget_type=\"heading.default\">\n\t\t\t\t<div class=\"elementor-widget-container\">\n\t\t\t\t\t<h2 class=\"elementor-heading-title elementor-size-default\">La pla\u00e7a dodecagonal i la l\u00f2gica dels seus costats <\/h2>\t\t\t\t<\/div>\n\t\t\t\t<\/div>\n\t\t\t\t<div class=\"elementor-element elementor-element-e50eaf8 elementor-widget elementor-widget-text-editor\" data-id=\"e50eaf8\" data-element_type=\"widget\" data-e-type=\"widget\" data-widget_type=\"text-editor.default\">\n\t\t\t\t<div class=\"elementor-widget-container\">\n\t\t\t\t\t\t\t\t\t<p>en la seva concepci\u00f3 general, per\u00f2 amb matisos significatius en l\u2019articulaci\u00f3 dels seus costats. Durant la visita es pot observar que els trams situats als portals d\u2019entrada s\u00f3n m\u00e9s amples, de manera que faciliten el pas de carruatges i articulen millor la relaci\u00f3 entre l\u2019espai interior i l\u2019exterior. De la mateixa manera, el costat ocupat per l\u2019esgl\u00e9sia presenta la mateixa amplada que els portals, en coher\u00e8ncia amb el car\u00e0cter institucional de l\u2019edifici. A cadascun dels dotze costats s\u2019hi allotgen 2 habitatges, en total 24.<\/p>\t\t\t\t\t\t\t\t<\/div>\n\t\t\t\t<\/div>\n\t\t\t\t<div class=\"elementor-element elementor-element-673ae4d4 elementor-widget elementor-widget-image\" data-id=\"673ae4d4\" data-element_type=\"widget\" data-e-type=\"widget\" data-widget_type=\"image.default\">\n\t\t\t\t<div class=\"elementor-widget-container\">\n\t\t\t\t\t\t\t\t\t\t\t\t<figure class=\"wp-caption\">\n\t\t\t\t\t\t\t\t\t\t<img decoding=\"async\" width=\"768\" height=\"512\" src=\"https:\/\/www.elturistatranquil.com\/wp-content\/uploads\/F03-Chodes.-Zaragoza-Bing-maps-2025-11-01.jpg\" class=\"attachment-large size-large wp-image-62573\" alt=\"Chodes. Zaragoza\" srcset=\"https:\/\/www.elturistatranquil.com\/wp-content\/uploads\/F03-Chodes.-Zaragoza-Bing-maps-2025-11-01.jpg 768w, https:\/\/www.elturistatranquil.com\/wp-content\/uploads\/F03-Chodes.-Zaragoza-Bing-maps-2025-11-01-339x226.jpg 339w\" sizes=\"(max-width: 768px) 100vw, 768px\" \/>\t\t\t\t\t\t\t\t\t\t\t<figcaption class=\"widget-image-caption wp-caption-text\">Chodes (Bing maps 2025-11-01) <\/figcaption>\n\t\t\t\t\t\t\t\t\t\t<\/figure>\n\t\t\t\t\t\t\t\t\t<\/div>\n\t\t\t\t<\/div>\n\t\t\t\t<div class=\"elementor-element elementor-element-01ec892 elementor-widget elementor-widget-image\" data-id=\"01ec892\" data-element_type=\"widget\" data-e-type=\"widget\" data-widget_type=\"image.default\">\n\t\t\t\t<div class=\"elementor-widget-container\">\n\t\t\t\t\t\t\t\t\t\t\t\t<figure class=\"wp-caption\">\n\t\t\t\t\t\t\t\t\t\t<img loading=\"lazy\" decoding=\"async\" width=\"768\" height=\"512\" src=\"https:\/\/www.elturistatranquil.com\/wp-content\/uploads\/F04-Plano-hipotetico-del-Chodes-original-soble-plano-del-Catasro-2025-11-01.jpg\" class=\"attachment-large size-large wp-image-62575\" alt=\"Chodes. Zaragoza\" srcset=\"https:\/\/www.elturistatranquil.com\/wp-content\/uploads\/F04-Plano-hipotetico-del-Chodes-original-soble-plano-del-Catasro-2025-11-01.jpg 768w, https:\/\/www.elturistatranquil.com\/wp-content\/uploads\/F04-Plano-hipotetico-del-Chodes-original-soble-plano-del-Catasro-2025-11-01-339x226.jpg 339w\" sizes=\"(max-width: 768px) 100vw, 768px\" \/>\t\t\t\t\t\t\t\t\t\t\t<figcaption class=\"widget-image-caption wp-caption-text\">Pl\u00e0nol hipot\u00e8tic del pla dissenyat per Juan de Marca (Sobre base cartogr\u00e0fica del Cadastre 2025-11-01)<\/figcaption>\n\t\t\t\t\t\t\t\t\t\t<\/figure>\n\t\t\t\t\t\t\t\t\t<\/div>\n\t\t\t\t<\/div>\n\t\t\t\t<div class=\"elementor-element elementor-element-7c0fb50 elementor-widget elementor-widget-text-editor\" data-id=\"7c0fb50\" data-element_type=\"widget\" data-e-type=\"widget\" data-widget_type=\"text-editor.default\">\n\t\t\t\t<div class=\"elementor-widget-container\">\n\t\t\t\t\t\t\t\t\t<p>Fins on arriba la bibliografia, no es coneix a la Pen\u00ednsula Ib\u00e8rica cap altra pla\u00e7a poligonal regular d\u2019aquestes caracter\u00edstiques. Les places vuitavades espanyoles que se citen habitualment solen procedir de retalls als cantons de places preexistents o es generen al voltant d\u2019edificis de planta octogonal, per\u00f2 no constitueixen pol\u00edgons regulars complets com el que s\u2019aprecia a Chodes.<\/p><p>L\u2019\u00fanic antecedent europeu clarament comparable \u00e9s <strong>Palmanova<\/strong>, al V\u00e8net itali\u00e0, fundada a finals del segle XVI (1593) com a ciutat-fortalesa de planta estrellada, on la forma poligonal respon a una l\u00f2gica defensiva. A Chodes, en canvi, el dodec\u00e0gon s\u2019inscriu en un context estrictament rural i agrari. Aquesta difer\u00e8ncia refor\u00e7a la singularitat del cas aragon\u00e8s i fa versemblant, encara que no comprovable documentalment, una certa afinitat amb els models urbans idealistes difosos pels tractadistes italians dels segles XVI i XVII, als quals una elit senyorial ambiciosa com el comte de Morata podria haver tingut acc\u00e9s pels seus vincles comercials.<\/p>\t\t\t\t\t\t\t\t<\/div>\n\t\t\t\t<\/div>\n\t\t\t\t<div class=\"elementor-element elementor-element-fc53366 elementor-widget elementor-widget-image\" data-id=\"fc53366\" data-element_type=\"widget\" data-e-type=\"widget\" data-widget_type=\"image.default\">\n\t\t\t\t<div class=\"elementor-widget-container\">\n\t\t\t\t\t\t\t\t\t\t\t\t<figure class=\"wp-caption\">\n\t\t\t\t\t\t\t\t\t\t<img loading=\"lazy\" decoding=\"async\" width=\"768\" height=\"512\" src=\"https:\/\/www.elturistatranquil.com\/wp-content\/uploads\/F05-Palmanova-Friuli-Venecia-Julia-Italia-Bing-Maps-2025-11-01.jpg\" class=\"attachment-large size-large wp-image-62577\" alt=\"Palmanova (Friuli-Venecia Julia, Italia) (Bing Maps 2025-11-01)\" srcset=\"https:\/\/www.elturistatranquil.com\/wp-content\/uploads\/F05-Palmanova-Friuli-Venecia-Julia-Italia-Bing-Maps-2025-11-01.jpg 768w, https:\/\/www.elturistatranquil.com\/wp-content\/uploads\/F05-Palmanova-Friuli-Venecia-Julia-Italia-Bing-Maps-2025-11-01-339x226.jpg 339w\" sizes=\"(max-width: 768px) 100vw, 768px\" \/>\t\t\t\t\t\t\t\t\t\t\t<figcaption class=\"widget-image-caption wp-caption-text\">Palmanova  (Friuli-Venecia Julia, Italia) 1593 (Bing Maps 2025-11-01)<\/figcaption>\n\t\t\t\t\t\t\t\t\t\t<\/figure>\n\t\t\t\t\t\t\t\t\t<\/div>\n\t\t\t\t<\/div>\n\t\t\t\t<div class=\"elementor-element elementor-element-3d92e05 elementor-widget elementor-widget-text-editor\" data-id=\"3d92e05\" data-element_type=\"widget\" data-e-type=\"widget\" data-widget_type=\"text-editor.default\">\n\t\t\t\t<div class=\"elementor-widget-container\">\n\t\t\t\t\t\t\t\t\t<p>Un altre exemple d\u2019urbanisme a partir d\u2019una pla\u00e7a ortogonal es va aplicar a <strong>Grammichele<\/strong>, a Sic\u00edlia, per\u00f2 \u00e9s posterior a Chodes, ja que s\u2019execut\u00e0 el 1693, quan Chodes ja estava constru\u00eft des del 1673.<\/p>\t\t\t\t\t\t\t\t<\/div>\n\t\t\t\t<\/div>\n\t\t\t\t<div class=\"elementor-element elementor-element-7478e2a elementor-widget elementor-widget-image\" data-id=\"7478e2a\" data-element_type=\"widget\" data-e-type=\"widget\" data-widget_type=\"image.default\">\n\t\t\t\t<div class=\"elementor-widget-container\">\n\t\t\t\t\t\t\t\t\t\t\t\t<figure class=\"wp-caption\">\n\t\t\t\t\t\t\t\t\t\t<img loading=\"lazy\" decoding=\"async\" width=\"768\" height=\"512\" src=\"https:\/\/www.elturistatranquil.com\/wp-content\/uploads\/F06-Grammichele-Sicilia-Italia-Bing-maps-2025-11-01.jpg\" class=\"attachment-large size-large wp-image-62579\" alt=\"Grammichele (Sicilia, Italia) (Bing maps 2025-11-01)\" srcset=\"https:\/\/www.elturistatranquil.com\/wp-content\/uploads\/F06-Grammichele-Sicilia-Italia-Bing-maps-2025-11-01.jpg 768w, https:\/\/www.elturistatranquil.com\/wp-content\/uploads\/F06-Grammichele-Sicilia-Italia-Bing-maps-2025-11-01-339x226.jpg 339w\" sizes=\"(max-width: 768px) 100vw, 768px\" \/>\t\t\t\t\t\t\t\t\t\t\t<figcaption class=\"widget-image-caption wp-caption-text\">Grammichele, Sicilia (Bing Maps 2025-11-01)<\/figcaption>\n\t\t\t\t\t\t\t\t\t\t<\/figure>\n\t\t\t\t\t\t\t\t\t<\/div>\n\t\t\t\t<\/div>\n\t\t\t\t<div class=\"elementor-element elementor-element-8599a16 elementor-widget elementor-widget-text-editor\" data-id=\"8599a16\" data-element_type=\"widget\" data-e-type=\"widget\" data-widget_type=\"text-editor.default\">\n\t\t\t\t<div class=\"elementor-widget-container\">\n\t\t\t\t\t\t\t\t\t<p>Com he dit, el tra\u00e7at del conjunt s\u2019atribueix al mestre d\u2019obres saragoss\u00e0 <strong>Juan de Marca<\/strong>, actiu al tercer quart del segle XVII. Per\u00f2 \u00e9s raonable suposar que l\u2019orientaci\u00f3 conceptual del model \u2014l\u2019elecci\u00f3 d\u2019una pla\u00e7a poligonal, el car\u00e0cter tancat de l\u2019assentament, el nombre exacte d\u2019habitatges\u2014 proced\u00eds en bona mesura del mateix comte de Morata, mentre que la responsabilitat t\u00e8cnica de convertir aquella idea en realitat constru\u00efda recauria en Juan de Marca.<\/p>\t\t\t\t\t\t\t\t<\/div>\n\t\t\t\t<\/div>\n\t\t\t\t<div class=\"elementor-element elementor-element-400713f6 elementor-widget elementor-widget-heading\" data-id=\"400713f6\" data-element_type=\"widget\" data-e-type=\"widget\" data-widget_type=\"heading.default\">\n\t\t\t\t<div class=\"elementor-widget-container\">\n\t\t\t\t\t<h4 class=\"elementor-heading-title elementor-size-default\">Les cases<\/h4>\t\t\t\t<\/div>\n\t\t\t\t<\/div>\n\t\t\t\t<div class=\"elementor-element elementor-element-8a19846 elementor-widget elementor-widget-text-editor\" data-id=\"8a19846\" data-element_type=\"widget\" data-e-type=\"widget\" data-widget_type=\"text-editor.default\">\n\t\t\t\t<div class=\"elementor-widget-container\">\n\t\t\t\t\t\t\t\t\t<p>L\u2019\u00fanic objectiu de l\u2019actuaci\u00f3 era construir 24 habitatges per a agricultors i una esgl\u00e9sia, amb l\u2019entrada a totes les construccions -habitatges i esgl\u00e9sia-, des deh l\u2019interior de la pla\u00e7a.<\/p><p>Sense cap altre tipus de serveis. Amb Morata a una dist\u00e0ncia de poc m\u00e9s d\u2019un quil\u00f2metre i mig, qualsevol altra necessitat que no fos la subsist\u00e8ncia, que cada fam\u00edlia s\u2019havia de procurar amb el camp, l\u2019hort i els animals dom\u00e8stics de qu\u00e8 disposava, tindria la seva resoluci\u00f3 a la vila senyorial.<\/p><p>El model de casa era est\u00e0ndard. Segons es deia a la capitulaci\u00f3, reprodu\u00efa el model de la pr\u00f2pia casa de Morata del tapiador Juli\u00e1n de Yarza.<\/p><p>S\u00f3n cases d\u2019estructura constructiva austera i for\u00e7a regular, amb murs de ma\u00e7oneria i t\u00e0pia i arrebossats de blanc. De dues al\u00e7ades, balc\u00f3 a la pla\u00e7a i coberta de teules corbes a dues aig\u00fces amb el carener paral\u00b7lel a la fa\u00e7ana. A m\u00e9s, amb celler i, per la part posterior, corral i hort.<\/p><p>Encara que desconec quin devia ser el model de fa\u00e7ana, i si n\u2019hi havia un de sol o presentaven lleugeres variants, de l\u2019observaci\u00f3 actual es pot induir que tenien una porta d\u2019acc\u00e9s a l\u2019habitatge, un balc\u00f3 al pis superior amb barana met\u00e0l\u00b7lica simple. Amb un finestrell o respirador sota la coberta. Seria el model de les dues imatges seg\u00fcents.<\/p><p>Els l\u00edmits de cada habitatge queden definits per una pilastra amb basa i capitell simples de pedra i fust de ma\u00f3, rematada per sobre de la teulada amb un pinacle decoratiu de bola de pedra sobre base c\u00f2nica.<\/p><p>Cada pilastra marca el pas d\u2019una unitat a la seg\u00fcent, i la seva repetici\u00f3 al llarg del per\u00edmetre refor\u00e7a la lectura del dodec\u00e0gon com a suma de vint-i-quatre m\u00f2duls residencials i permet reconstruir mentalment l\u2019estructura inicial, m\u00e9s enll\u00e0 de les transformacions posteriors en portes i finestres.<\/p><p>El llen\u00e7 de cada casa es remata amb una cornisa del mateix ma\u00f3 que el fust que uneix els capitells.<\/p><p>Les bases del llen\u00e7 al costat de la porta acostumen a estar ocupades per bancs correguts.<\/p>\t\t\t\t\t\t\t\t<\/div>\n\t\t\t\t<\/div>\n\t\t\t\t<section class=\"elementor-section elementor-inner-section elementor-element elementor-element-1ea1101 elementor-section-boxed elementor-section-height-default elementor-section-height-default\" data-id=\"1ea1101\" data-element_type=\"section\" data-e-type=\"section\">\n\t\t\t\t\t\t<div class=\"elementor-container elementor-column-gap-default\">\n\t\t\t\t\t<div class=\"elementor-column elementor-col-50 elementor-inner-column elementor-element elementor-element-da090da\" data-id=\"da090da\" data-element_type=\"column\" data-e-type=\"column\">\n\t\t\t<div class=\"elementor-widget-wrap elementor-element-populated\">\n\t\t\t\t\t\t<div class=\"elementor-element elementor-element-afddac0 elementor-widget elementor-widget-image\" data-id=\"afddac0\" data-element_type=\"widget\" data-e-type=\"widget\" data-widget_type=\"image.default\">\n\t\t\t\t<div class=\"elementor-widget-container\">\n\t\t\t\t\t\t\t\t\t\t\t\t\t\t\t<img loading=\"lazy\" decoding=\"async\" width=\"380\" height=\"570\" src=\"https:\/\/www.elturistatranquil.com\/wp-content\/uploads\/F07m-Chodes.-Zaragoza-1.jpg\" class=\"attachment-large size-large wp-image-63208\" alt=\"Chodes. Zaragoza\" srcset=\"https:\/\/www.elturistatranquil.com\/wp-content\/uploads\/F07m-Chodes.-Zaragoza-1.jpg 380w, https:\/\/www.elturistatranquil.com\/wp-content\/uploads\/F07m-Chodes.-Zaragoza-1-151x226.jpg 151w\" sizes=\"(max-width: 380px) 100vw, 380px\" \/>\t\t\t\t\t\t\t\t\t\t\t\t\t\t\t<\/div>\n\t\t\t\t<\/div>\n\t\t\t\t\t<\/div>\n\t\t<\/div>\n\t\t\t\t<div class=\"elementor-column elementor-col-50 elementor-inner-column elementor-element elementor-element-b5051e6\" data-id=\"b5051e6\" data-element_type=\"column\" data-e-type=\"column\">\n\t\t\t<div class=\"elementor-widget-wrap elementor-element-populated\">\n\t\t\t\t\t\t<div class=\"elementor-element elementor-element-e92b588 elementor-widget elementor-widget-image\" data-id=\"e92b588\" data-element_type=\"widget\" data-e-type=\"widget\" data-widget_type=\"image.default\">\n\t\t\t\t<div class=\"elementor-widget-container\">\n\t\t\t\t\t\t\t\t\t\t\t\t\t\t\t<img loading=\"lazy\" decoding=\"async\" width=\"380\" height=\"570\" src=\"https:\/\/www.elturistatranquil.com\/wp-content\/uploads\/F07n-Chodes.-Zaragoza-1.jpg\" class=\"attachment-large size-large wp-image-63210\" alt=\"Chodes. Zaragoza\" srcset=\"https:\/\/www.elturistatranquil.com\/wp-content\/uploads\/F07n-Chodes.-Zaragoza-1.jpg 380w, https:\/\/www.elturistatranquil.com\/wp-content\/uploads\/F07n-Chodes.-Zaragoza-1-151x226.jpg 151w\" sizes=\"(max-width: 380px) 100vw, 380px\" \/>\t\t\t\t\t\t\t\t\t\t\t\t\t\t\t<\/div>\n\t\t\t\t<\/div>\n\t\t\t\t\t<\/div>\n\t\t<\/div>\n\t\t\t\t\t<\/div>\n\t\t<\/section>\n\t\t\t\t<div class=\"elementor-element elementor-element-baa0eb5 elementor-widget elementor-widget-text-editor\" data-id=\"baa0eb5\" data-element_type=\"widget\" data-e-type=\"widget\" data-widget_type=\"text-editor.default\">\n\t\t\t\t<div class=\"elementor-widget-container\">\n\t\t\t\t\t\t\t\t\t<p>\u00a0<\/p><p>En l\u2019actualitat, moltes de les cases han introdu\u00eft una portal\u00f3, que en la majoria dels casos sembla respondre a una entrada de garatge. El cert \u00e9s que cadascuna va a la seva, sense cap criteri unificador, igual que passa amb els balcons.<\/p><p>En planta, l\u2019extensi\u00f3 dels radis del dodec\u00e0gon que delimiten les mitgeres de cada casa els atorga una forma trapezoidal allargada, m\u00e9s estreta al front de la pla\u00e7a i m\u00e9s ampla a la part posterior.<\/p><p>En el moment de la construcci\u00f3, la part posterior de totes les cases donava al camp. Cal suposar que hi hauria l\u2019entrada al corral per aquest costat. En l\u2019estat actual de tota la localitat constru\u00efda, no \u00e9s possible apreciar aquest aspecte, com veurem en el recorregut.<\/p><p>L\u2019abs\u00e8ncia de documentaci\u00f3 directa sobre la distribuci\u00f3 interior dels habitatges obliga a moure\u2019s en el terreny de la interpretaci\u00f3 prudent. Per analogia amb altres tipologies rurals aragoneses de l\u2019Edat Moderna, es pot plantejar que la planta baixa hauria estat vinculada a les activitats agr\u00edcoles, amb espais per a emmagatzematge, estabulaci\u00f3 o eines de treball, mentre que la planta superior es destinaria a la vida dom\u00e8stica. Un finestr\u00f3 a la part superior suggereix l&#8217;exist\u00e8ncia d&#8217;una golfa.<\/p><p>Durant la visita resulta f\u00e0cil percebre les tensions que l\u2019evoluci\u00f3 i el creixement van introduir en un tra\u00e7at tan tancat. Cal pensar que Chodes va arribar a tenir m\u00e9s de sis-cents habitants.<\/p><p>En planta, la extensi\u00f3n de los radios del dodec\u00e1gono que delimitan las medianeras de cada casa les otorga una forma trapezoidal alargada, m\u00e1s estrecha en el frente de la plaza, y m\u00e1s ancha en la parte posterior.<\/p><p>En el momento de la construcci\u00f3n, la parte posterior de todas las casas daba al campo. Cabe suponer que tendr\u00eda la entrada al corral por ese lado. En el estado actual de toda la localidad construida, no es posible apreciar este aspecto, como veremos en el recorrido.<\/p><p>La ausencia de documentaci\u00f3n directa sobre la distribuci\u00f3n interior de las viviendas obliga a moverse en el terreno de la interpretaci\u00f3n prudente. Por analog\u00eda con otras tipolog\u00edas rurales aragonesas de la Edad Moderna, puede plantearse que la planta baja habr\u00eda estado vinculada a las actividades agr\u00edcolas, con espacios para almacenamiento, estabulaci\u00f3n o aperos, mientras que la planta superior se destinar\u00eda a la vida dom\u00e9stica. Un ventanuco en la parte superior sugiere la existencia de un desv\u00e1n.<\/p><p>Durante la visita resulta f\u00e1cil percibir las tensiones que la evoluci\u00f3n y el crecimiento introdujo en un trazado tan cerrado. Pensar que Chodes llego a tener m\u00e1s de seiscientos habitantes.<\/p>\t\t\t\t\t\t\t\t<\/div>\n\t\t\t\t<\/div>\n\t\t\t\t<div class=\"elementor-element elementor-element-de75b99 elementor-widget elementor-widget-heading\" data-id=\"de75b99\" data-element_type=\"widget\" data-e-type=\"widget\" data-widget_type=\"heading.default\">\n\t\t\t\t<div class=\"elementor-widget-container\">\n\t\t\t\t\t<h2 class=\"elementor-heading-title elementor-size-default\">La visita i les tensions de creixement <\/h2>\t\t\t\t<\/div>\n\t\t\t\t<\/div>\n\t\t\t\t<div class=\"elementor-element elementor-element-ccb8e55 elementor-widget elementor-widget-text-editor\" data-id=\"ccb8e55\" data-element_type=\"widget\" data-e-type=\"widget\" data-widget_type=\"text-editor.default\">\n\t\t\t\t<div class=\"elementor-widget-container\">\n\t\t\t\t\t\t\t\t\t<p>a la pla\u00e7a, que \u00e9s el reclam per despla\u00e7ar-se fins a Chodes. Per\u00f2, despr\u00e9s, efectuarem un recorregut per l\u2019entorn de la pla\u00e7a, per observar l\u2019urbanisme al qual ha donat lloc quan va anar creixent m\u00e9s enll\u00e0 de la proposta original de les 24 cases projectades.<\/p><p>Hi apareixeran les dificultats de creixement urb\u00e0 que el model tancat va plantejar.<\/p>\t\t\t\t\t\t\t\t<\/div>\n\t\t\t\t<\/div>\n\t\t\t\t<div class=\"elementor-element elementor-element-4ce1f8b9 elementor-widget elementor-widget-heading\" data-id=\"4ce1f8b9\" data-element_type=\"widget\" data-e-type=\"widget\" data-widget_type=\"heading.default\">\n\t\t\t\t<div class=\"elementor-widget-container\">\n\t\t\t\t\t<h3 class=\"elementor-heading-title elementor-size-default\">La pla\u00e7a de Chodes<\/h3>\t\t\t\t<\/div>\n\t\t\t\t<\/div>\n\t\t\t\t<div class=\"elementor-element elementor-element-deae62f elementor-widget elementor-widget-text-editor\" data-id=\"deae62f\" data-element_type=\"widget\" data-e-type=\"widget\" data-widget_type=\"text-editor.default\">\n\t\t\t\t<div class=\"elementor-widget-container\">\n\t\t\t\t\t\t\t\t\t<p>Al segle XVI s\u2019arribava a Chodes des de <strong>Morata de Jal\u00f3n<\/strong> pel <strong>carrer\/cam\u00ed Arraba<\/strong>l, que partia del nord-est de Morata (<strong>b<\/strong>) i travessava el riu Jal\u00f3n pel <strong>pont de Capurnos<\/strong> (<strong>c<\/strong>), que el marqu\u00e8s de Morata va fer construir pel mateix Juan de Marca, facilitant l\u2019enlla\u00e7 entre els dos enclavaments.<\/p><p>Aquell recorregut s\u2019ha convertit en una <strong>via ferrata<\/strong>, i actualment s\u2019hi arriba per l\u2019<strong>A-2302<\/strong> que, fins fa poc, creuava el poble per l\u2019interior de la pla\u00e7a, tal com ho feia l\u2019antic cam\u00ed.<\/p><p>Amb els anys, l\u2019augment de la mida dels vehicles de transport va fer evident la inadequaci\u00f3 d\u2019aquells accessos, concebuts en origen per a carros i no per a camions, que f\u00e0cilment ocasionaven desperfectes als portals. Una carretera de circumval\u00b7laci\u00f3 constru\u00efda recentment ha perm\u00e8s recuperar una escala d\u2019\u00fas m\u00e9s d\u2019acord amb el plantejament original de l\u2019espai central.<\/p><p>\u00c9s interessant observar que el recorregut antic (l\u00ednia groga) seguia exactament per la l\u00ednia d\u2019uni\u00f3 de la planura agr\u00edcola de la vall del Jal\u00f3n amb el conjunt muntany\u00f3s que defineix la vall. De la mateixa manera, Chodes va ser assentat sobre una plana en el mateix l\u00edmit, a l\u2019altre costat nord de la vall davant de Morata, de manera que no es malbaratava gens de terreny agr\u00edcola. Recuperarem aquestes idees en tractar del desenvolupament urban\u00edstic.<\/p>\t\t\t\t\t\t\t\t<\/div>\n\t\t\t\t<\/div>\n\t\t\t\t<div class=\"elementor-element elementor-element-f1a93bc elementor-widget elementor-widget-image\" data-id=\"f1a93bc\" data-element_type=\"widget\" data-e-type=\"widget\" data-widget_type=\"image.default\">\n\t\t\t\t<div class=\"elementor-widget-container\">\n\t\t\t\t\t\t\t\t\t\t\t\t<figure class=\"wp-caption\">\n\t\t\t\t\t\t\t\t\t\t<img loading=\"lazy\" decoding=\"async\" width=\"768\" height=\"519\" src=\"https:\/\/www.elturistatranquil.com\/wp-content\/uploads\/F08-Chodes.-Zaragoza.-Camino-antiguo-sobre-Google-earth-2025-11-01-1.jpg\" class=\"attachment-large size-large wp-image-62677\" alt=\"Chodes. Zaragoza\" srcset=\"https:\/\/www.elturistatranquil.com\/wp-content\/uploads\/F08-Chodes.-Zaragoza.-Camino-antiguo-sobre-Google-earth-2025-11-01-1.jpg 768w, https:\/\/www.elturistatranquil.com\/wp-content\/uploads\/F08-Chodes.-Zaragoza.-Camino-antiguo-sobre-Google-earth-2025-11-01-1-334x226.jpg 334w\" sizes=\"(max-width: 768px) 100vw, 768px\" \/>\t\t\t\t\t\t\t\t\t\t\t<figcaption class=\"widget-image-caption wp-caption-text\">(sobre Google earth 2025-11-01)<\/figcaption>\n\t\t\t\t\t\t\t\t\t\t<\/figure>\n\t\t\t\t\t\t\t\t\t<\/div>\n\t\t\t\t<\/div>\n\t\t\t\t<div class=\"elementor-element elementor-element-996f613 elementor-widget elementor-widget-text-editor\" data-id=\"996f613\" data-element_type=\"widget\" data-e-type=\"widget\" data-widget_type=\"text-editor.default\">\n\t\t\t\t<div class=\"elementor-widget-container\">\n\t\t\t\t\t\t\t\t\t<p>L\u2019arribada a Chodes no mostra cap caracter\u00edstica arquitect\u00f2nica particular. Nom\u00e9s al fons s\u2019observa el buit de la portada d\u2019entrada a la pla\u00e7a, mentre que el poble sembla cr\u00e9ixer en oblic cap a la dreta. El que pot cridar la nostra atenci\u00f3 \u00e9s que totes les construccions d\u2019aquest trajecte se situen exclusivament al costat dret de la carretera fins al conjunt que dona entrada a la pla\u00e7a.<\/p>\t\t\t\t\t\t\t\t<\/div>\n\t\t\t\t<\/div>\n\t\t\t\t<div class=\"elementor-element elementor-element-d9d66c3 elementor-widget elementor-widget-image\" data-id=\"d9d66c3\" data-element_type=\"widget\" data-e-type=\"widget\" data-widget_type=\"image.default\">\n\t\t\t\t<div class=\"elementor-widget-container\">\n\t\t\t\t\t\t\t\t\t\t\t\t<figure class=\"wp-caption\">\n\t\t\t\t\t\t\t\t\t\t<img loading=\"lazy\" decoding=\"async\" width=\"768\" height=\"512\" src=\"https:\/\/www.elturistatranquil.com\/wp-content\/uploads\/F09-Chodes.-Zaragoza.jpg\" class=\"attachment-large size-large wp-image-63213\" alt=\"Chodes. Zaragoza\" srcset=\"https:\/\/www.elturistatranquil.com\/wp-content\/uploads\/F09-Chodes.-Zaragoza.jpg 768w, https:\/\/www.elturistatranquil.com\/wp-content\/uploads\/F09-Chodes.-Zaragoza-339x226.jpg 339w\" sizes=\"(max-width: 768px) 100vw, 768px\" \/>\t\t\t\t\t\t\t\t\t\t\t<figcaption class=\"widget-image-caption wp-caption-text\"><\/figcaption>\n\t\t\t\t\t\t\t\t\t\t<\/figure>\n\t\t\t\t\t\t\t\t\t<\/div>\n\t\t\t\t<\/div>\n\t\t\t\t<div class=\"elementor-element elementor-element-a9bb0e1 elementor-widget elementor-widget-text-editor\" data-id=\"a9bb0e1\" data-element_type=\"widget\" data-e-type=\"widget\" data-widget_type=\"text-editor.default\">\n\t\t\t\t<div class=\"elementor-widget-container\">\n\t\t\t\t\t\t\t\t\t<p>El recorregut pel nucli revela amb bastanta nitidesa que el projecte no estava pensat per cr\u00e9ixer de forma org\u00e0nica. Els habitatges formen un anell continu, tots adossats entre si, sense espais intermedis ni sortides laterals a les cases, i nom\u00e9s existeixen tres accessos al centre de la pla\u00e7a que funcionen com a portes de pas m\u00e9s que no pas com a inici de futurs eixos urbans. L\u2019esgl\u00e9sia de San Miguel tanca completament el costat oriental del pol\u00edgon, el vessant limita el desenvolupament cap a llevant, i la voluntat de preservar les terres de conreu condiciona l\u2019expansi\u00f3 cap a la vall. Tot plegat dona la imatge d\u2019un organisme urb\u00e0 tancat, concebut per a una mida precisa i sense previsi\u00f3 clara d\u2019ampliacions successives. Vegem-ho.<\/p><p>L\u2019acc\u00e9s a l\u2019interior de la <strong>pla\u00e7\u00e0 de Espa\u00f1a<\/strong>, nom que rep la pla\u00e7a, s\u2019efectua pel <strong>portal sud<\/strong> (<strong>A<\/strong>).<\/p><p>Com es comprovar\u00e0 per les fotografies, el dia de la visita la pla\u00e7a estava en plenes obres de remodelaci\u00f3. Compartirem amb la maquin\u00e0ria i els operaris les nostres imatges.<\/p><p>El primer que sorpr\u00e8n \u00e9s que el conjunt edificat que dona acc\u00e9s a la pla\u00e7a a trav\u00e9s del portal no presenta una estructura arquitect\u00f2nica que condueixi cap a la pla\u00e7a, sin\u00f3 que ofereix m\u00e9s aviat la impressi\u00f3 d\u2019un corral\u00f3 cap a un t\u00fanel. No \u00e9s, per dir-ho aix\u00ed, una entrada que dignifiqui l\u2019acc\u00e9s. El mateix succeir\u00e0 amb els altres dos portals que t\u00e9 la pla\u00e7a.<\/p>\t\t\t\t\t\t\t\t<\/div>\n\t\t\t\t<\/div>\n\t\t\t\t<div class=\"elementor-element elementor-element-d5616b7 elementor-widget elementor-widget-image\" data-id=\"d5616b7\" data-element_type=\"widget\" data-e-type=\"widget\" data-widget_type=\"image.default\">\n\t\t\t\t<div class=\"elementor-widget-container\">\n\t\t\t\t\t\t\t\t\t\t\t\t<figure class=\"wp-caption\">\n\t\t\t\t\t\t\t\t\t\t<img loading=\"lazy\" decoding=\"async\" width=\"768\" height=\"512\" src=\"https:\/\/www.elturistatranquil.com\/wp-content\/uploads\/F10-Chodes.-Zaragoza-1.jpg\" class=\"attachment-large size-large wp-image-63215\" alt=\"Chodes. Zaragoza\" srcset=\"https:\/\/www.elturistatranquil.com\/wp-content\/uploads\/F10-Chodes.-Zaragoza-1.jpg 768w, https:\/\/www.elturistatranquil.com\/wp-content\/uploads\/F10-Chodes.-Zaragoza-1-339x226.jpg 339w\" sizes=\"(max-width: 768px) 100vw, 768px\" \/>\t\t\t\t\t\t\t\t\t\t\t<figcaption class=\"widget-image-caption wp-caption-text\"><\/figcaption>\n\t\t\t\t\t\t\t\t\t\t<\/figure>\n\t\t\t\t\t\t\t\t\t<\/div>\n\t\t\t\t<\/div>\n\t\t\t\t<div class=\"elementor-element elementor-element-9984c3f elementor-widget elementor-widget-image\" data-id=\"9984c3f\" data-element_type=\"widget\" data-e-type=\"widget\" data-widget_type=\"image.default\">\n\t\t\t\t<div class=\"elementor-widget-container\">\n\t\t\t\t\t\t\t\t\t\t\t\t<figure class=\"wp-caption\">\n\t\t\t\t\t\t\t\t\t\t<img loading=\"lazy\" decoding=\"async\" width=\"768\" height=\"568\" src=\"https:\/\/www.elturistatranquil.com\/wp-content\/uploads\/F11-Chodes.-Zaragoza-1.jpg\" class=\"attachment-large size-large wp-image-63217\" alt=\"Chodes. Zaragoza\" srcset=\"https:\/\/www.elturistatranquil.com\/wp-content\/uploads\/F11-Chodes.-Zaragoza-1.jpg 768w, https:\/\/www.elturistatranquil.com\/wp-content\/uploads\/F11-Chodes.-Zaragoza-1-306x226.jpg 306w\" sizes=\"(max-width: 768px) 100vw, 768px\" \/>\t\t\t\t\t\t\t\t\t\t\t<figcaption class=\"widget-image-caption wp-caption-text\"><\/figcaption>\n\t\t\t\t\t\t\t\t\t\t<\/figure>\n\t\t\t\t\t\t\t\t\t<\/div>\n\t\t\t\t<\/div>\n\t\t\t\t<div class=\"elementor-element elementor-element-af3d12b elementor-widget elementor-widget-text-editor\" data-id=\"af3d12b\" data-element_type=\"widget\" data-e-type=\"widget\" data-widget_type=\"text-editor.default\">\n\t\t\t\t<div class=\"elementor-widget-container\">\n\t\t\t\t\t\t\t\t\t<p>Passat el portal sud (<strong>A<\/strong>) s\u2019obre una visi\u00f3 de conjunt de la pla\u00e7a i la seva originalitat. La fotografia mostra la meitat de la pla\u00e7a amb el portal nord (<strong>C)<\/strong> al fons.<\/p>\t\t\t\t\t\t\t\t<\/div>\n\t\t\t\t<\/div>\n\t\t\t\t<div class=\"elementor-element elementor-element-f48746d elementor-widget elementor-widget-image\" data-id=\"f48746d\" data-element_type=\"widget\" data-e-type=\"widget\" data-widget_type=\"image.default\">\n\t\t\t\t<div class=\"elementor-widget-container\">\n\t\t\t\t\t\t\t\t\t\t\t\t<figure class=\"wp-caption\">\n\t\t\t\t\t\t\t\t\t\t<img loading=\"lazy\" decoding=\"async\" width=\"768\" height=\"512\" src=\"https:\/\/www.elturistatranquil.com\/wp-content\/uploads\/F12-Chodes.-Zaragoza.jpg\" class=\"attachment-large size-large wp-image-62593\" alt=\"Chodes. Zaragoza\" srcset=\"https:\/\/www.elturistatranquil.com\/wp-content\/uploads\/F12-Chodes.-Zaragoza.jpg 768w, https:\/\/www.elturistatranquil.com\/wp-content\/uploads\/F12-Chodes.-Zaragoza-339x226.jpg 339w\" sizes=\"(max-width: 768px) 100vw, 768px\" \/>\t\t\t\t\t\t\t\t\t\t\t<figcaption class=\"widget-image-caption wp-caption-text\"><\/figcaption>\n\t\t\t\t\t\t\t\t\t\t<\/figure>\n\t\t\t\t\t\t\t\t\t<\/div>\n\t\t\t\t<\/div>\n\t\t\t\t<div class=\"elementor-element elementor-element-88721fa elementor-widget elementor-widget-text-editor\" data-id=\"88721fa\" data-element_type=\"widget\" data-e-type=\"widget\" data-widget_type=\"text-editor.default\">\n\t\t\t\t<div class=\"elementor-widget-container\">\n\t\t\t\t\t\t\t\t\t<p>En la primera visi\u00f3 de conjunt ens adonem que la pla\u00e7a constitueix la unitat ve\u00efnal exclusiva. Totes les entrades als habitatges conflueixen sobre un espai com\u00fa. D\u2019una banda, es creava un espai de ve\u00efnatge, no excloent ni jerarquitzat. De l\u2019altra, aquest urbanisme no permetia cap mena d\u2019intimitat, i el control social havia de ser absolut.<\/p><p>Des del portal nord tenim una altra visi\u00f3 clara de la meitat sud, amb el portal pel qual hem entrat. La torreta met\u00e0l\u00b7lica amb una campana i un rellotge a la paret assenyala l\u2019habitatge que es va convertir en l\u2019ajuntament.<\/p>\t\t\t\t\t\t\t\t<\/div>\n\t\t\t\t<\/div>\n\t\t\t\t<div class=\"elementor-element elementor-element-bc5aed4 elementor-widget elementor-widget-image\" data-id=\"bc5aed4\" data-element_type=\"widget\" data-e-type=\"widget\" data-widget_type=\"image.default\">\n\t\t\t\t<div class=\"elementor-widget-container\">\n\t\t\t\t\t\t\t\t\t\t\t\t<figure class=\"wp-caption\">\n\t\t\t\t\t\t\t\t\t\t<img loading=\"lazy\" decoding=\"async\" width=\"768\" height=\"512\" src=\"https:\/\/www.elturistatranquil.com\/wp-content\/uploads\/F00-Chodes.-Zaragoza.jpg\" class=\"attachment-large size-large wp-image-62567\" alt=\"Chodes. Zaragoza\" srcset=\"https:\/\/www.elturistatranquil.com\/wp-content\/uploads\/F00-Chodes.-Zaragoza.jpg 768w, https:\/\/www.elturistatranquil.com\/wp-content\/uploads\/F00-Chodes.-Zaragoza-339x226.jpg 339w\" sizes=\"(max-width: 768px) 100vw, 768px\" \/>\t\t\t\t\t\t\t\t\t\t\t<figcaption class=\"widget-image-caption wp-caption-text\"><\/figcaption>\n\t\t\t\t\t\t\t\t\t\t<\/figure>\n\t\t\t\t\t\t\t\t\t<\/div>\n\t\t\t\t<\/div>\n\t\t\t\t<div class=\"elementor-element elementor-element-9c6ab8a elementor-widget elementor-widget-text-editor\" data-id=\"9c6ab8a\" data-element_type=\"widget\" data-e-type=\"widget\" data-widget_type=\"text-editor.default\">\n\t\t\t\t<div class=\"elementor-widget-container\">\n\t\t\t\t\t\t\t\t\t<p>El portal (<strong>A<\/strong>) est\u00e0 format per un arc de mig punt de ma\u00f3, amb un \u00e0mbit superior habitable obert amb una finestra cap a la pla\u00e7a, i una altra cap al cam\u00ed d\u2019entrada per la part posterior, que es veia a les fotografies d\u2019entrada.<\/p><p>A l\u2019esquerra, l\u2019habitatge reconvertit en ajuntament, que es distingeix per la porta d\u2019arc de mig punt de ma\u00f3, constru\u00efda recentment amb aquesta forma, suposo que per donar-li m\u00e9s rellev\u00e0ncia, diferenciant-la de les portes rectangulars dels habitatges.<\/p><p>Com he dit, al projecte no estava previst cap local p\u00fablic, at\u00e8s que el r\u00e8gim de senyoriu atribu\u00efa totes les funcions al senyor.<\/p><p>L\u2019abolici\u00f3 dels senyorius jurisdiccionals el 1837 va suposar la desaparici\u00f3 efectiva del r\u00e8gim senyorial i la integraci\u00f3 del lloc a la xarxa municipal liberal.<\/p><p>A mitjan segle XIX, el Diccionario de Madoz ja descriu Chodes com: \u201c<em>Villa con ayuntamiento (\u2026). Tiene 50 casas inclusa la municipal y c\u00e1rcel; escuela de instrucci\u00f3n primaria concurrida por 12 alumnos, dotada con 12 cah\u00edces de trigo y un campo; iglesia parroquial (San Miguel).<\/em>\u201d<\/p><p>En aquell moment el poble s\u2019havia doblat en nombre de cases (de 24 a 50, amb 210 \u00e0nimes). Una casa de la pla\u00e7a ser\u00e0 reconvertida en local municipal. No em consta el lloc ocupat per la pres\u00f3 i l\u2019escola.<\/p>\t\t\t\t\t\t\t\t<\/div>\n\t\t\t\t<\/div>\n\t\t\t\t<div class=\"elementor-element elementor-element-b8d77d7 elementor-widget elementor-widget-image\" data-id=\"b8d77d7\" data-element_type=\"widget\" data-e-type=\"widget\" data-widget_type=\"image.default\">\n\t\t\t\t<div class=\"elementor-widget-container\">\n\t\t\t\t\t\t\t\t\t\t\t\t<figure class=\"wp-caption\">\n\t\t\t\t\t\t\t\t\t\t<img loading=\"lazy\" decoding=\"async\" width=\"768\" height=\"511\" src=\"https:\/\/www.elturistatranquil.com\/wp-content\/uploads\/F14-Chodes.-Zaragoza.jpg\" class=\"attachment-large size-large wp-image-62595\" alt=\"Chodes. Zaragoza\" srcset=\"https:\/\/www.elturistatranquil.com\/wp-content\/uploads\/F14-Chodes.-Zaragoza.jpg 768w, https:\/\/www.elturistatranquil.com\/wp-content\/uploads\/F14-Chodes.-Zaragoza-339x226.jpg 339w\" sizes=\"(max-width: 768px) 100vw, 768px\" \/>\t\t\t\t\t\t\t\t\t\t\t<figcaption class=\"widget-image-caption wp-caption-text\"><\/figcaption>\n\t\t\t\t\t\t\t\t\t\t<\/figure>\n\t\t\t\t\t\t\t\t\t<\/div>\n\t\t\t\t<\/div>\n\t\t\t\t<div class=\"elementor-element elementor-element-4faa7ac elementor-widget elementor-widget-image\" data-id=\"4faa7ac\" data-element_type=\"widget\" data-e-type=\"widget\" data-widget_type=\"image.default\">\n\t\t\t\t<div class=\"elementor-widget-container\">\n\t\t\t\t\t\t\t\t\t\t\t\t<figure class=\"wp-caption\">\n\t\t\t\t\t\t\t\t\t\t<img loading=\"lazy\" decoding=\"async\" width=\"768\" height=\"512\" src=\"https:\/\/www.elturistatranquil.com\/wp-content\/uploads\/F15-Chodes.-Zaragoza.jpg\" class=\"attachment-large size-large wp-image-62597\" alt=\"Chodes. Zaragoza\" srcset=\"https:\/\/www.elturistatranquil.com\/wp-content\/uploads\/F15-Chodes.-Zaragoza.jpg 768w, https:\/\/www.elturistatranquil.com\/wp-content\/uploads\/F15-Chodes.-Zaragoza-339x226.jpg 339w\" sizes=\"(max-width: 768px) 100vw, 768px\" \/>\t\t\t\t\t\t\t\t\t\t\t<figcaption class=\"widget-image-caption wp-caption-text\"><\/figcaption>\n\t\t\t\t\t\t\t\t\t\t<\/figure>\n\t\t\t\t\t\t\t\t\t<\/div>\n\t\t\t\t<\/div>\n\t\t\t\t<div class=\"elementor-element elementor-element-bfd2740 elementor-widget elementor-widget-text-editor\" data-id=\"bfd2740\" data-element_type=\"widget\" data-e-type=\"widget\" data-widget_type=\"text-editor.default\">\n\t\t\t\t<div class=\"elementor-widget-container\">\n\t\t\t\t\t\t\t\t\t<p>Avan\u00e7ant cap a l\u2019esquerra pel costat de ponent se\u2019ns mostra amb claredat l\u2019estructura urbana.<\/p>\t\t\t\t\t\t\t\t<\/div>\n\t\t\t\t<\/div>\n\t\t\t\t<div class=\"elementor-element elementor-element-845c8fd elementor-widget elementor-widget-image\" data-id=\"845c8fd\" data-element_type=\"widget\" data-e-type=\"widget\" data-widget_type=\"image.default\">\n\t\t\t\t<div class=\"elementor-widget-container\">\n\t\t\t\t\t\t\t\t\t\t\t\t<figure class=\"wp-caption\">\n\t\t\t\t\t\t\t\t\t\t<img loading=\"lazy\" decoding=\"async\" width=\"768\" height=\"512\" src=\"https:\/\/www.elturistatranquil.com\/wp-content\/uploads\/F16-Chodes.-Zaragoza.jpg\" class=\"attachment-large size-large wp-image-62599\" alt=\"Chodes. Zaragoza\" srcset=\"https:\/\/www.elturistatranquil.com\/wp-content\/uploads\/F16-Chodes.-Zaragoza.jpg 768w, https:\/\/www.elturistatranquil.com\/wp-content\/uploads\/F16-Chodes.-Zaragoza-339x226.jpg 339w\" sizes=\"(max-width: 768px) 100vw, 768px\" \/>\t\t\t\t\t\t\t\t\t\t\t<figcaption class=\"widget-image-caption wp-caption-text\"><\/figcaption>\n\t\t\t\t\t\t\t\t\t\t<\/figure>\n\t\t\t\t\t\t\t\t\t<\/div>\n\t\t\t\t<\/div>\n\t\t\t\t<div class=\"elementor-element elementor-element-848b732 elementor-widget elementor-widget-text-editor\" data-id=\"848b732\" data-element_type=\"widget\" data-e-type=\"widget\" data-widget_type=\"text-editor.default\">\n\t\t\t\t<div class=\"elementor-widget-container\">\n\t\t\t\t\t\t\t\t\t<p>A les plantes baixes veiem l\u2019obertura de portalades de diferent mida i disposici\u00f3, amb la porta d\u2019entrada a l\u2019habitatge. L\u2019al\u00e7ada d\u2019aquest primer nivell era considerable, ja que una de les opcions de les reformes sembla ser la creaci\u00f3 d\u2019un altell amb finestra a l\u2019exterior. Dedueixo que aquesta al\u00e7ada estaria vinculada a un \u00fas d\u2019espai agr\u00edcola d\u2019aquest nivell, en el qual pogu\u00e9s entrar, per exemple, un carro per la part posterior.<\/p><p>Es mant\u00e9 el nivell d\u2019alineaci\u00f3 dels balcons i l\u2019estil de barana, forjada simple, encara que canvia la disposici\u00f3 del buit i les dimensions del balc\u00f3, fins a esdevenir corregut en tota l\u2019amplada del llen\u00e7. Les finestretes superiors fan suposar l\u2019exist\u00e8ncia d\u2019una golfa sota la coberta.<\/p>\t\t\t\t\t\t\t\t<\/div>\n\t\t\t\t<\/div>\n\t\t\t\t<div class=\"elementor-element elementor-element-acceb52 elementor-widget elementor-widget-image\" data-id=\"acceb52\" data-element_type=\"widget\" data-e-type=\"widget\" data-widget_type=\"image.default\">\n\t\t\t\t<div class=\"elementor-widget-container\">\n\t\t\t\t\t\t\t\t\t\t\t\t<figure class=\"wp-caption\">\n\t\t\t\t\t\t\t\t\t\t<img loading=\"lazy\" decoding=\"async\" width=\"768\" height=\"511\" src=\"https:\/\/www.elturistatranquil.com\/wp-content\/uploads\/F17-Chodes.-Zaragoza.jpg\" class=\"attachment-large size-large wp-image-62601\" alt=\"Chodes. Zaragoza\" srcset=\"https:\/\/www.elturistatranquil.com\/wp-content\/uploads\/F17-Chodes.-Zaragoza.jpg 768w, https:\/\/www.elturistatranquil.com\/wp-content\/uploads\/F17-Chodes.-Zaragoza-339x226.jpg 339w\" sizes=\"(max-width: 768px) 100vw, 768px\" \/>\t\t\t\t\t\t\t\t\t\t\t<figcaption class=\"widget-image-caption wp-caption-text\"><\/figcaption>\n\t\t\t\t\t\t\t\t\t\t<\/figure>\n\t\t\t\t\t\t\t\t\t<\/div>\n\t\t\t\t<\/div>\n\t\t\t\t<div class=\"elementor-element elementor-element-cda191c elementor-widget elementor-widget-image\" data-id=\"cda191c\" data-element_type=\"widget\" data-e-type=\"widget\" data-widget_type=\"image.default\">\n\t\t\t\t<div class=\"elementor-widget-container\">\n\t\t\t\t\t\t\t\t\t\t\t\t<figure class=\"wp-caption\">\n\t\t\t\t\t\t\t\t\t\t<img loading=\"lazy\" decoding=\"async\" width=\"768\" height=\"511\" src=\"https:\/\/www.elturistatranquil.com\/wp-content\/uploads\/F18-Chodes.-Zaragoza.jpg\" class=\"attachment-large size-large wp-image-62603\" alt=\"Chodes. Zaragoza\" srcset=\"https:\/\/www.elturistatranquil.com\/wp-content\/uploads\/F18-Chodes.-Zaragoza.jpg 768w, https:\/\/www.elturistatranquil.com\/wp-content\/uploads\/F18-Chodes.-Zaragoza-339x226.jpg 339w\" sizes=\"(max-width: 768px) 100vw, 768px\" \/>\t\t\t\t\t\t\t\t\t\t\t<figcaption class=\"widget-image-caption wp-caption-text\"><\/figcaption>\n\t\t\t\t\t\t\t\t\t\t<\/figure>\n\t\t\t\t\t\t\t\t\t<\/div>\n\t\t\t\t<\/div>\n\t\t\t\t<div class=\"elementor-element elementor-element-89b60e7 elementor-widget elementor-widget-text-editor\" data-id=\"89b60e7\" data-element_type=\"widget\" data-e-type=\"widget\" data-widget_type=\"text-editor.default\">\n\t\t\t\t<div class=\"elementor-widget-container\">\n\t\t\t\t\t\t\t\t\t<p>Al centre del costat de ponent s\u2019obre el <strong>segon portal<\/strong> (<strong>B<\/strong>).<\/p>\t\t\t\t\t\t\t\t<\/div>\n\t\t\t\t<\/div>\n\t\t\t\t<div class=\"elementor-element elementor-element-99addd0 elementor-widget elementor-widget-image\" data-id=\"99addd0\" data-element_type=\"widget\" data-e-type=\"widget\" data-widget_type=\"image.default\">\n\t\t\t\t<div class=\"elementor-widget-container\">\n\t\t\t\t\t\t\t\t\t\t\t\t<figure class=\"wp-caption\">\n\t\t\t\t\t\t\t\t\t\t<img loading=\"lazy\" decoding=\"async\" width=\"768\" height=\"512\" src=\"https:\/\/www.elturistatranquil.com\/wp-content\/uploads\/F19-Chodes.-Zaragoza.jpg\" class=\"attachment-large size-large wp-image-62608\" alt=\"Chodes. Zaragoza\" srcset=\"https:\/\/www.elturistatranquil.com\/wp-content\/uploads\/F19-Chodes.-Zaragoza.jpg 768w, https:\/\/www.elturistatranquil.com\/wp-content\/uploads\/F19-Chodes.-Zaragoza-339x226.jpg 339w\" sizes=\"(max-width: 768px) 100vw, 768px\" \/>\t\t\t\t\t\t\t\t\t\t\t<figcaption class=\"widget-image-caption wp-caption-text\"><\/figcaption>\n\t\t\t\t\t\t\t\t\t\t<\/figure>\n\t\t\t\t\t\t\t\t\t<\/div>\n\t\t\t\t<\/div>\n\t\t\t\t<div class=\"elementor-element elementor-element-e98a712 elementor-widget elementor-widget-image\" data-id=\"e98a712\" data-element_type=\"widget\" data-e-type=\"widget\" data-widget_type=\"image.default\">\n\t\t\t\t<div class=\"elementor-widget-container\">\n\t\t\t\t\t\t\t\t\t\t\t\t<figure class=\"wp-caption\">\n\t\t\t\t\t\t\t\t\t\t<img loading=\"lazy\" decoding=\"async\" width=\"768\" height=\"512\" src=\"https:\/\/www.elturistatranquil.com\/wp-content\/uploads\/F20-Chodes.-Zaragoza.jpg\" class=\"attachment-large size-large wp-image-62610\" alt=\"Chodes. Zaragoza\" srcset=\"https:\/\/www.elturistatranquil.com\/wp-content\/uploads\/F20-Chodes.-Zaragoza.jpg 768w, https:\/\/www.elturistatranquil.com\/wp-content\/uploads\/F20-Chodes.-Zaragoza-339x226.jpg 339w\" sizes=\"(max-width: 768px) 100vw, 768px\" \/>\t\t\t\t\t\t\t\t\t\t\t<figcaption class=\"widget-image-caption wp-caption-text\"><\/figcaption>\n\t\t\t\t\t\t\t\t\t\t<\/figure>\n\t\t\t\t\t\t\t\t\t<\/div>\n\t\t\t\t<\/div>\n\t\t\t\t<div class=\"elementor-element elementor-element-172a94d elementor-widget elementor-widget-text-editor\" data-id=\"172a94d\" data-element_type=\"widget\" data-e-type=\"widget\" data-widget_type=\"text-editor.default\">\n\t\t\t\t<div class=\"elementor-widget-container\">\n\t\t\t\t\t\t\t\t\t<p>L\u2019estructura del portal \u00e9s id\u00e8ntica a la del portal anterior, d\u2019arc de mig punt de ma\u00f3. Per\u00f2 se li ha afegit un front\u00f3 tamb\u00e9 de ma\u00f3 a la part superior de la coberta, amb la bola corresponent de remat de cada pilastra, i una tercera sobre el v\u00e8rtex del front\u00f3, que cont\u00e9 un \u00f2cul aparentment cec.<\/p>\t\t\t\t\t\t\t\t<\/div>\n\t\t\t\t<\/div>\n\t\t\t\t<div class=\"elementor-element elementor-element-2d0e7df elementor-widget elementor-widget-image\" data-id=\"2d0e7df\" data-element_type=\"widget\" data-e-type=\"widget\" data-widget_type=\"image.default\">\n\t\t\t\t<div class=\"elementor-widget-container\">\n\t\t\t\t\t\t\t\t\t\t\t\t<figure class=\"wp-caption\">\n\t\t\t\t\t\t\t\t\t\t<img loading=\"lazy\" decoding=\"async\" width=\"768\" height=\"512\" src=\"https:\/\/www.elturistatranquil.com\/wp-content\/uploads\/F21-Chodes.-Zaragoza.jpg\" class=\"attachment-large size-large wp-image-62612\" alt=\"Chodes. Zaragoza\" srcset=\"https:\/\/www.elturistatranquil.com\/wp-content\/uploads\/F21-Chodes.-Zaragoza.jpg 768w, https:\/\/www.elturistatranquil.com\/wp-content\/uploads\/F21-Chodes.-Zaragoza-339x226.jpg 339w\" sizes=\"(max-width: 768px) 100vw, 768px\" \/>\t\t\t\t\t\t\t\t\t\t\t<figcaption class=\"widget-image-caption wp-caption-text\"><\/figcaption>\n\t\t\t\t\t\t\t\t\t\t<\/figure>\n\t\t\t\t\t\t\t\t\t<\/div>\n\t\t\t\t<\/div>\n\t\t\t\t<div class=\"elementor-element elementor-element-e277a9a elementor-widget elementor-widget-text-editor\" data-id=\"e277a9a\" data-element_type=\"widget\" data-e-type=\"widget\" data-widget_type=\"text-editor.default\">\n\t\t\t\t<div class=\"elementor-widget-container\">\n\t\t\t\t\t\t\t\t\t<p>Aquesta sortida porta directament als camps de la vall.<\/p><p>Des de l\u2019exterior la porta \u00e9s d\u2019arc carpanell, igual que la volta del t\u00fanel, i l\u2019arc de ma\u00f3.<\/p>\t\t\t\t\t\t\t\t<\/div>\n\t\t\t\t<\/div>\n\t\t\t\t<div class=\"elementor-element elementor-element-03ea3d8 elementor-widget elementor-widget-image\" data-id=\"03ea3d8\" data-element_type=\"widget\" data-e-type=\"widget\" data-widget_type=\"image.default\">\n\t\t\t\t<div class=\"elementor-widget-container\">\n\t\t\t\t\t\t\t\t\t\t\t\t<figure class=\"wp-caption\">\n\t\t\t\t\t\t\t\t\t\t<img loading=\"lazy\" decoding=\"async\" width=\"768\" height=\"511\" src=\"https:\/\/www.elturistatranquil.com\/wp-content\/uploads\/F22-Chodes.-Zaragoza.jpg\" class=\"attachment-large size-large wp-image-62614\" alt=\"Chodes. Zaragoza\" srcset=\"https:\/\/www.elturistatranquil.com\/wp-content\/uploads\/F22-Chodes.-Zaragoza.jpg 768w, https:\/\/www.elturistatranquil.com\/wp-content\/uploads\/F22-Chodes.-Zaragoza-339x226.jpg 339w\" sizes=\"(max-width: 768px) 100vw, 768px\" \/>\t\t\t\t\t\t\t\t\t\t\t<figcaption class=\"widget-image-caption wp-caption-text\"><\/figcaption>\n\t\t\t\t\t\t\t\t\t\t<\/figure>\n\t\t\t\t\t\t\t\t\t<\/div>\n\t\t\t\t<\/div>\n\t\t\t\t<div class=\"elementor-element elementor-element-79dbbc6 elementor-widget elementor-widget-text-editor\" data-id=\"79dbbc6\" data-element_type=\"widget\" data-e-type=\"widget\" data-widget_type=\"text-editor.default\">\n\t\t\t\t<div class=\"elementor-widget-container\">\n\t\t\t\t\t\t\t\t\t<p>El quadrant occidental porta fins al <strong>tercer portal<\/strong> (<strong>C<\/strong>).<\/p>\t\t\t\t\t\t\t\t<\/div>\n\t\t\t\t<\/div>\n\t\t\t\t<div class=\"elementor-element elementor-element-d35f3f5 elementor-widget elementor-widget-image\" data-id=\"d35f3f5\" data-element_type=\"widget\" data-e-type=\"widget\" data-widget_type=\"image.default\">\n\t\t\t\t<div class=\"elementor-widget-container\">\n\t\t\t\t\t\t\t\t\t\t\t\t<figure class=\"wp-caption\">\n\t\t\t\t\t\t\t\t\t\t<img loading=\"lazy\" decoding=\"async\" width=\"768\" height=\"512\" src=\"https:\/\/www.elturistatranquil.com\/wp-content\/uploads\/F23-Chodes.-Zaragoza.jpg\" class=\"attachment-large size-large wp-image-62616\" alt=\"Chodes. Zaragoza\" srcset=\"https:\/\/www.elturistatranquil.com\/wp-content\/uploads\/F23-Chodes.-Zaragoza.jpg 768w, https:\/\/www.elturistatranquil.com\/wp-content\/uploads\/F23-Chodes.-Zaragoza-339x226.jpg 339w\" sizes=\"(max-width: 768px) 100vw, 768px\" \/>\t\t\t\t\t\t\t\t\t\t\t<figcaption class=\"widget-image-caption wp-caption-text\"><\/figcaption>\n\t\t\t\t\t\t\t\t\t\t<\/figure>\n\t\t\t\t\t\t\t\t\t<\/div>\n\t\t\t\t<\/div>\n\t\t\t\t<div class=\"elementor-element elementor-element-76bba53 elementor-widget elementor-widget-text-editor\" data-id=\"76bba53\" data-element_type=\"widget\" data-e-type=\"widget\" data-widget_type=\"text-editor.default\">\n\t\t\t\t<div class=\"elementor-widget-container\">\n\t\t\t\t\t\t\t\t\t<p>La casa 16, al centre, suggereix respondre a la fa\u00e7ana original amb una porta, balc\u00f3 i finestreta sota la coberta. Presenta un banc corregut que cal pensar que fos molt usat en la vida de ve\u00efnatge. Aquests bancs d&#8217;obra es repeteixen a totes les fa\u00e7anes de les cases.<\/p>\t\t\t\t\t\t\t\t<\/div>\n\t\t\t\t<\/div>\n\t\t\t\t<div class=\"elementor-element elementor-element-c45ed8e elementor-widget elementor-widget-image\" data-id=\"c45ed8e\" data-element_type=\"widget\" data-e-type=\"widget\" data-widget_type=\"image.default\">\n\t\t\t\t<div class=\"elementor-widget-container\">\n\t\t\t\t\t\t\t\t\t\t\t\t<figure class=\"wp-caption\">\n\t\t\t\t\t\t\t\t\t\t<img loading=\"lazy\" decoding=\"async\" width=\"768\" height=\"512\" src=\"https:\/\/www.elturistatranquil.com\/wp-content\/uploads\/F24-Chodes.-Zaragoza-1.jpg\" class=\"attachment-large size-large wp-image-63219\" alt=\"Chodes. Zaragoza\" srcset=\"https:\/\/www.elturistatranquil.com\/wp-content\/uploads\/F24-Chodes.-Zaragoza-1.jpg 768w, https:\/\/www.elturistatranquil.com\/wp-content\/uploads\/F24-Chodes.-Zaragoza-1-339x226.jpg 339w\" sizes=\"(max-width: 768px) 100vw, 768px\" \/>\t\t\t\t\t\t\t\t\t\t\t<figcaption class=\"widget-image-caption wp-caption-text\"><\/figcaption>\n\t\t\t\t\t\t\t\t\t\t<\/figure>\n\t\t\t\t\t\t\t\t\t<\/div>\n\t\t\t\t<\/div>\n\t\t\t\t<div class=\"elementor-element elementor-element-217b53d elementor-widget elementor-widget-text-editor\" data-id=\"217b53d\" data-element_type=\"widget\" data-e-type=\"widget\" data-widget_type=\"text-editor.default\">\n\t\t\t\t<div class=\"elementor-widget-container\">\n\t\t\t\t\t\t\t\t\t<p>La <strong>sortida nord<\/strong> (<strong>C<\/strong>) cap a les terres occidentals de la vall del Jal\u00f3n \u00e9s id\u00e8ntica a la d\u2019entrada (<strong>A<\/strong>). A la dreta, l\u2019\u00fanica modificaci\u00f3 en al\u00e7ada del conjunt, amb dues cases que han elevat dos nivells l\u2019al\u00e7ada, el superior en forma de terrassa i \u00e0tic endarrerit. Es van mantenir, no obstant aix\u00f2, la basa i el fust de la columna central.<\/p>\t\t\t\t\t\t\t\t<\/div>\n\t\t\t\t<\/div>\n\t\t\t\t<div class=\"elementor-element elementor-element-a5d5165 elementor-widget elementor-widget-image\" data-id=\"a5d5165\" data-element_type=\"widget\" data-e-type=\"widget\" data-widget_type=\"image.default\">\n\t\t\t\t<div class=\"elementor-widget-container\">\n\t\t\t\t\t\t\t\t\t\t\t\t<figure class=\"wp-caption\">\n\t\t\t\t\t\t\t\t\t\t<img loading=\"lazy\" decoding=\"async\" width=\"768\" height=\"512\" src=\"https:\/\/www.elturistatranquil.com\/wp-content\/uploads\/F26-Chodes.-Zaragoza.jpg\" class=\"attachment-large size-large wp-image-62622\" alt=\"Chodes. Zaragoza\" srcset=\"https:\/\/www.elturistatranquil.com\/wp-content\/uploads\/F26-Chodes.-Zaragoza.jpg 768w, https:\/\/www.elturistatranquil.com\/wp-content\/uploads\/F26-Chodes.-Zaragoza-339x226.jpg 339w\" sizes=\"(max-width: 768px) 100vw, 768px\" \/>\t\t\t\t\t\t\t\t\t\t\t<figcaption class=\"widget-image-caption wp-caption-text\"><\/figcaption>\n\t\t\t\t\t\t\t\t\t\t<\/figure>\n\t\t\t\t\t\t\t\t\t<\/div>\n\t\t\t\t<\/div>\n\t\t\t\t<div class=\"elementor-element elementor-element-3b828b8 elementor-widget elementor-widget-text-editor\" data-id=\"3b828b8\" data-element_type=\"widget\" data-e-type=\"widget\" data-widget_type=\"text-editor.default\">\n\t\t\t\t<div class=\"elementor-widget-container\">\n\t\t\t\t\t\t\t\t\t<p>L\u2019orientaci\u00f3 septentrional va donar lloc al fet que es col\u00b7loqu\u00e9s un rellotge de sol a la fa\u00e7ana.<\/p>\t\t\t\t\t\t\t\t<\/div>\n\t\t\t\t<\/div>\n\t\t\t\t<div class=\"elementor-element elementor-element-23e7c72 elementor-widget elementor-widget-image\" data-id=\"23e7c72\" data-element_type=\"widget\" data-e-type=\"widget\" data-widget_type=\"image.default\">\n\t\t\t\t<div class=\"elementor-widget-container\">\n\t\t\t\t\t\t\t\t\t\t\t\t<figure class=\"wp-caption\">\n\t\t\t\t\t\t\t\t\t\t<img loading=\"lazy\" decoding=\"async\" width=\"768\" height=\"511\" src=\"https:\/\/www.elturistatranquil.com\/wp-content\/uploads\/F27-Chodes.-Zaragoza.jpg\" class=\"attachment-large size-large wp-image-62624\" alt=\"Chodes. Zaragoza\" srcset=\"https:\/\/www.elturistatranquil.com\/wp-content\/uploads\/F27-Chodes.-Zaragoza.jpg 768w, https:\/\/www.elturistatranquil.com\/wp-content\/uploads\/F27-Chodes.-Zaragoza-339x226.jpg 339w\" sizes=\"(max-width: 768px) 100vw, 768px\" \/>\t\t\t\t\t\t\t\t\t\t\t<figcaption class=\"widget-image-caption wp-caption-text\"><\/figcaption>\n\t\t\t\t\t\t\t\t\t\t<\/figure>\n\t\t\t\t\t\t\t\t\t<\/div>\n\t\t\t\t<\/div>\n\t\t\t\t<div class=\"elementor-element elementor-element-e62c347 elementor-widget elementor-widget-image\" data-id=\"e62c347\" data-element_type=\"widget\" data-e-type=\"widget\" data-widget_type=\"image.default\">\n\t\t\t\t<div class=\"elementor-widget-container\">\n\t\t\t\t\t\t\t\t\t\t\t\t<figure class=\"wp-caption\">\n\t\t\t\t\t\t\t\t\t\t<img loading=\"lazy\" decoding=\"async\" width=\"768\" height=\"512\" src=\"https:\/\/www.elturistatranquil.com\/wp-content\/uploads\/F28-49-Chodes.-Zaragoza.jpg\" class=\"attachment-large size-large wp-image-63221\" alt=\"Chodes. Zaragoza\" srcset=\"https:\/\/www.elturistatranquil.com\/wp-content\/uploads\/F28-49-Chodes.-Zaragoza.jpg 768w, https:\/\/www.elturistatranquil.com\/wp-content\/uploads\/F28-49-Chodes.-Zaragoza-339x226.jpg 339w\" sizes=\"(max-width: 768px) 100vw, 768px\" \/>\t\t\t\t\t\t\t\t\t\t\t<figcaption class=\"widget-image-caption wp-caption-text\"><\/figcaption>\n\t\t\t\t\t\t\t\t\t\t<\/figure>\n\t\t\t\t\t\t\t\t\t<\/div>\n\t\t\t\t<\/div>\n\t\t\t\t<div class=\"elementor-element elementor-element-ad5ad36 elementor-widget elementor-widget-image\" data-id=\"ad5ad36\" data-element_type=\"widget\" data-e-type=\"widget\" data-widget_type=\"image.default\">\n\t\t\t\t<div class=\"elementor-widget-container\">\n\t\t\t\t\t\t\t\t\t\t\t\t<figure class=\"wp-caption\">\n\t\t\t\t\t\t\t\t\t\t<img loading=\"lazy\" decoding=\"async\" width=\"768\" height=\"512\" src=\"https:\/\/www.elturistatranquil.com\/wp-content\/uploads\/F29-Chodes.-Zaragoza.jpg\" class=\"attachment-large size-large wp-image-62631\" alt=\"Chodes. Zaragoza\" srcset=\"https:\/\/www.elturistatranquil.com\/wp-content\/uploads\/F29-Chodes.-Zaragoza.jpg 768w, https:\/\/www.elturistatranquil.com\/wp-content\/uploads\/F29-Chodes.-Zaragoza-339x226.jpg 339w\" sizes=\"(max-width: 768px) 100vw, 768px\" \/>\t\t\t\t\t\t\t\t\t\t\t<figcaption class=\"widget-image-caption wp-caption-text\"><\/figcaption>\n\t\t\t\t\t\t\t\t\t\t<\/figure>\n\t\t\t\t\t\t\t\t\t<\/div>\n\t\t\t\t<\/div>\n\t\t\t\t<div class=\"elementor-element elementor-element-aa5a173 elementor-widget elementor-widget-text-editor\" data-id=\"aa5a173\" data-element_type=\"widget\" data-e-type=\"widget\" data-widget_type=\"text-editor.default\">\n\t\t\t\t<div class=\"elementor-widget-container\">\n\t\t\t\t\t\t\t\t\t<p>En el seg\u00fcent tram arribem al quart espai central destinat a la <strong>fa\u00e7ana de l\u2019esgl\u00e9sia <\/strong>(<strong>D<\/strong>), que correspon als peus del temple.<\/p>\t\t\t\t\t\t\t\t<\/div>\n\t\t\t\t<\/div>\n\t\t\t\t<div class=\"elementor-element elementor-element-4421baf elementor-widget elementor-widget-image\" data-id=\"4421baf\" data-element_type=\"widget\" data-e-type=\"widget\" data-widget_type=\"image.default\">\n\t\t\t\t<div class=\"elementor-widget-container\">\n\t\t\t\t\t\t\t\t\t\t\t\t<figure class=\"wp-caption\">\n\t\t\t\t\t\t\t\t\t\t<img loading=\"lazy\" decoding=\"async\" width=\"768\" height=\"512\" src=\"https:\/\/www.elturistatranquil.com\/wp-content\/uploads\/F30-Chodes.-Zaragoza.jpg\" class=\"attachment-large size-large wp-image-62633\" alt=\"Chodes. Zaragoza\" srcset=\"https:\/\/www.elturistatranquil.com\/wp-content\/uploads\/F30-Chodes.-Zaragoza.jpg 768w, https:\/\/www.elturistatranquil.com\/wp-content\/uploads\/F30-Chodes.-Zaragoza-339x226.jpg 339w\" sizes=\"(max-width: 768px) 100vw, 768px\" \/>\t\t\t\t\t\t\t\t\t\t\t<figcaption class=\"widget-image-caption wp-caption-text\"><\/figcaption>\n\t\t\t\t\t\t\t\t\t\t<\/figure>\n\t\t\t\t\t\t\t\t\t<\/div>\n\t\t\t\t<\/div>\n\t\t\t\t<div class=\"elementor-element elementor-element-faeca57 elementor-widget elementor-widget-image\" data-id=\"faeca57\" data-element_type=\"widget\" data-e-type=\"widget\" data-widget_type=\"image.default\">\n\t\t\t\t<div class=\"elementor-widget-container\">\n\t\t\t\t\t\t\t\t\t\t\t\t<figure class=\"wp-caption\">\n\t\t\t\t\t\t\t\t\t\t<img loading=\"lazy\" decoding=\"async\" width=\"768\" height=\"512\" src=\"https:\/\/www.elturistatranquil.com\/wp-content\/uploads\/F31-Chodes.-Zaragoza.jpg\" class=\"attachment-large size-large wp-image-62635\" alt=\"Chodes. Zaragoza\" srcset=\"https:\/\/www.elturistatranquil.com\/wp-content\/uploads\/F31-Chodes.-Zaragoza.jpg 768w, https:\/\/www.elturistatranquil.com\/wp-content\/uploads\/F31-Chodes.-Zaragoza-339x226.jpg 339w\" sizes=\"(max-width: 768px) 100vw, 768px\" \/>\t\t\t\t\t\t\t\t\t\t\t<figcaption class=\"widget-image-caption wp-caption-text\"><\/figcaption>\n\t\t\t\t\t\t\t\t\t\t<\/figure>\n\t\t\t\t\t\t\t\t\t<\/div>\n\t\t\t\t<\/div>\n\t\t\t\t<div class=\"elementor-element elementor-element-38916a7 elementor-widget elementor-widget-heading\" data-id=\"38916a7\" data-element_type=\"widget\" data-e-type=\"widget\" data-widget_type=\"heading.default\">\n\t\t\t\t<div class=\"elementor-widget-container\">\n\t\t\t\t\t<h4 class=\"elementor-heading-title elementor-size-default\">L\u2019esgl\u00e9sia de San Miguel i el poder senyorial <\/h4>\t\t\t\t<\/div>\n\t\t\t\t<\/div>\n\t\t\t\t<div class=\"elementor-element elementor-element-caad591 elementor-widget elementor-widget-text-editor\" data-id=\"caad591\" data-element_type=\"widget\" data-e-type=\"widget\" data-widget_type=\"text-editor.default\">\n\t\t\t\t<div class=\"elementor-widget-container\">\n\t\t\t\t\t\t\t\t\t<p>L\u2019<strong>esgl\u00e9sia de San Miguel Arc\u00e1ngel<\/strong> (<strong>D<\/strong>) ocupa un dels costats m\u00e9s amples de la pla\u00e7a i actua com a tancament del conjunt. La seva volumetria compacta i la seva f\u00e0brica de ma\u00f3 s\u2019integren amb naturalitat en el llenguatge constructiu de la resta del nucli. Vist en el seu context original, el temple era la \u00fanica instituci\u00f3 formalment establerta al poble ja que l\u2019administraci\u00f3 local depenia directament del senyor.<\/p><p>La fa\u00e7ana estreta del temple, de l\u2019amplada d\u2019una casa, es veu potenciada per una torre-campanar de la mateixa amplada, que s\u2019eleva dos cossos per sobre de les teulades.<\/p><p>Els dos cossos superiors del campanar presenten cadascun dos vans d\u2019arc de mig punt en igual disposici\u00f3, que allotgen campanes al superior.<\/p><p>Entre la portada i el campanar hi ha una franja m\u00e9s estreta entre dos frisos amb un \u00f2cul d\u2019il\u00b7luminaci\u00f3 al mig.<\/p><p>La torre es remata amb un front\u00f3 de mida similar, per\u00f2 m\u00e9s simple arquitect\u00f2nicament, que el del portal (<strong>B<\/strong>) del davant.<\/p>\t\t\t\t\t\t\t\t<\/div>\n\t\t\t\t<\/div>\n\t\t\t\t<div class=\"elementor-element elementor-element-d97f78e elementor-widget elementor-widget-image\" data-id=\"d97f78e\" data-element_type=\"widget\" data-e-type=\"widget\" data-widget_type=\"image.default\">\n\t\t\t\t<div class=\"elementor-widget-container\">\n\t\t\t\t\t\t\t\t\t\t\t\t<figure class=\"wp-caption\">\n\t\t\t\t\t\t\t\t\t\t<img loading=\"lazy\" decoding=\"async\" width=\"768\" height=\"512\" src=\"https:\/\/www.elturistatranquil.com\/wp-content\/uploads\/F32-Chodes.-Zaragoza.jpg\" class=\"attachment-large size-large wp-image-62637\" alt=\"Chodes. Zaragoza\" srcset=\"https:\/\/www.elturistatranquil.com\/wp-content\/uploads\/F32-Chodes.-Zaragoza.jpg 768w, https:\/\/www.elturistatranquil.com\/wp-content\/uploads\/F32-Chodes.-Zaragoza-339x226.jpg 339w\" sizes=\"(max-width: 768px) 100vw, 768px\" \/>\t\t\t\t\t\t\t\t\t\t\t<figcaption class=\"widget-image-caption wp-caption-text\"><\/figcaption>\n\t\t\t\t\t\t\t\t\t\t<\/figure>\n\t\t\t\t\t\t\t\t\t<\/div>\n\t\t\t\t<\/div>\n\t\t\t\t<div class=\"elementor-element elementor-element-32b0ab5 elementor-widget elementor-widget-text-editor\" data-id=\"32b0ab5\" data-element_type=\"widget\" data-e-type=\"widget\" data-widget_type=\"text-editor.default\">\n\t\t\t\t<div class=\"elementor-widget-container\">\n\t\t\t\t\t\t\t\t\t<p>S\u2019accedeix al temple per una escalinata i una portada de mig punt de ma\u00f3 amb un senzill treball art\u00edstic en ma\u00f3 formant l\u2019arc. Per sobre, una forn\u00edcula amb la figura de l\u2019arc\u00e0ngel Sant Miquel.<\/p><p>La forma de l\u2019arc de ma\u00f3 de l\u2019entrada de la casa contigua, similar a la de l\u2019ajuntament, fa pensar que es tracti de la casa parroquial.<\/p>\t\t\t\t\t\t\t\t<\/div>\n\t\t\t\t<\/div>\n\t\t\t\t<div class=\"elementor-element elementor-element-734425e elementor-widget elementor-widget-image\" data-id=\"734425e\" data-element_type=\"widget\" data-e-type=\"widget\" data-widget_type=\"image.default\">\n\t\t\t\t<div class=\"elementor-widget-container\">\n\t\t\t\t\t\t\t\t\t\t\t\t<figure class=\"wp-caption\">\n\t\t\t\t\t\t\t\t\t\t<img loading=\"lazy\" decoding=\"async\" width=\"768\" height=\"512\" src=\"https:\/\/www.elturistatranquil.com\/wp-content\/uploads\/F33a-Chodes.-Zaragoza.jpg\" class=\"attachment-large size-large wp-image-63223\" alt=\"Chodes. Zaragoza\" srcset=\"https:\/\/www.elturistatranquil.com\/wp-content\/uploads\/F33a-Chodes.-Zaragoza.jpg 768w, https:\/\/www.elturistatranquil.com\/wp-content\/uploads\/F33a-Chodes.-Zaragoza-339x226.jpg 339w\" sizes=\"(max-width: 768px) 100vw, 768px\" \/>\t\t\t\t\t\t\t\t\t\t\t<figcaption class=\"widget-image-caption wp-caption-text\"><\/figcaption>\n\t\t\t\t\t\t\t\t\t\t<\/figure>\n\t\t\t\t\t\t\t\t\t<\/div>\n\t\t\t\t<\/div>\n\t\t\t\t<div class=\"elementor-element elementor-element-7a55522 elementor-widget elementor-widget-image\" data-id=\"7a55522\" data-element_type=\"widget\" data-e-type=\"widget\" data-widget_type=\"image.default\">\n\t\t\t\t<div class=\"elementor-widget-container\">\n\t\t\t\t\t\t\t\t\t\t\t\t<figure class=\"wp-caption\">\n\t\t\t\t\t\t\t\t\t\t<img loading=\"lazy\" decoding=\"async\" width=\"768\" height=\"512\" src=\"https:\/\/www.elturistatranquil.com\/wp-content\/uploads\/F33b-Chodes.-Zaragoza.jpg\" class=\"attachment-large size-large wp-image-63225\" alt=\"Chodes. Zaragoza\" srcset=\"https:\/\/www.elturistatranquil.com\/wp-content\/uploads\/F33b-Chodes.-Zaragoza.jpg 768w, https:\/\/www.elturistatranquil.com\/wp-content\/uploads\/F33b-Chodes.-Zaragoza-339x226.jpg 339w\" sizes=\"(max-width: 768px) 100vw, 768px\" \/>\t\t\t\t\t\t\t\t\t\t\t<figcaption class=\"widget-image-caption wp-caption-text\"><\/figcaption>\n\t\t\t\t\t\t\t\t\t\t<\/figure>\n\t\t\t\t\t\t\t\t\t<\/div>\n\t\t\t\t<\/div>\n\t\t\t\t<div class=\"elementor-element elementor-element-550213d elementor-widget elementor-widget-text-editor\" data-id=\"550213d\" data-element_type=\"widget\" data-e-type=\"widget\" data-widget_type=\"text-editor.default\">\n\t\t\t\t<div class=\"elementor-widget-container\">\n\t\t\t\t\t\t\t\t\t<p>Pel que es pot veure a la imatge zenital, despr\u00e9s d\u2019una entrada de l\u2019amplada de la fa\u00e7ana de la pla\u00e7a, el cos del temple passa a ser de forma quadrada amb una c\u00fapula octogonal a la part central. L\u2019orientaci\u00f3 queda una mica esbiaixada respecte a la can\u00f2nica, desviada en direcci\u00f3 nord-est.<\/p>\t\t\t\t\t\t\t\t<\/div>\n\t\t\t\t<\/div>\n\t\t\t\t<div class=\"elementor-element elementor-element-cfe0cfb elementor-widget elementor-widget-image\" data-id=\"cfe0cfb\" data-element_type=\"widget\" data-e-type=\"widget\" data-widget_type=\"image.default\">\n\t\t\t\t<div class=\"elementor-widget-container\">\n\t\t\t\t\t\t\t\t\t\t\t\t<figure class=\"wp-caption\">\n\t\t\t\t\t\t\t\t\t\t<img loading=\"lazy\" decoding=\"async\" width=\"768\" height=\"511\" src=\"https:\/\/www.elturistatranquil.com\/wp-content\/uploads\/F34-Chodes-iglesia-Bing-maps-2025-11-01.jpg\" class=\"attachment-large size-large wp-image-62641\" alt=\"F34\" srcset=\"https:\/\/www.elturistatranquil.com\/wp-content\/uploads\/F34-Chodes-iglesia-Bing-maps-2025-11-01.jpg 768w, https:\/\/www.elturistatranquil.com\/wp-content\/uploads\/F34-Chodes-iglesia-Bing-maps-2025-11-01-339x226.jpg 339w\" sizes=\"(max-width: 768px) 100vw, 768px\" \/>\t\t\t\t\t\t\t\t\t\t\t<figcaption class=\"widget-image-caption wp-caption-text\">(Bing maps 2025-11-01)<\/figcaption>\n\t\t\t\t\t\t\t\t\t\t<\/figure>\n\t\t\t\t\t\t\t\t\t<\/div>\n\t\t\t\t<\/div>\n\t\t\t\t<div class=\"elementor-element elementor-element-41d8877 elementor-widget elementor-widget-text-editor\" data-id=\"41d8877\" data-element_type=\"widget\" data-e-type=\"widget\" data-widget_type=\"text-editor.default\">\n\t\t\t\t<div class=\"elementor-widget-container\">\n\t\t\t\t\t\t\t\t\t<p>Per la part posterior del temple, en el poc que se\u2019n pot veure, la cap\u00e7alera del temple \u00e9s de f\u00e0brica d\u2019encofrat amb refor\u00e7os de cantonada i centrals de ma\u00f3 similars a l\u2019aparell toled\u00e0.<\/p>\t\t\t\t\t\t\t\t<\/div>\n\t\t\t\t<\/div>\n\t\t\t\t<div class=\"elementor-element elementor-element-b38bdc9 elementor-widget elementor-widget-image\" data-id=\"b38bdc9\" data-element_type=\"widget\" data-e-type=\"widget\" data-widget_type=\"image.default\">\n\t\t\t\t<div class=\"elementor-widget-container\">\n\t\t\t\t\t\t\t\t\t\t\t\t<figure class=\"wp-caption\">\n\t\t\t\t\t\t\t\t\t\t<img loading=\"lazy\" decoding=\"async\" width=\"768\" height=\"512\" src=\"https:\/\/www.elturistatranquil.com\/wp-content\/uploads\/F35-Chodes.-Zaragoza.jpg\" class=\"attachment-large size-large wp-image-62643\" alt=\"Chodes. Zaragoza\" srcset=\"https:\/\/www.elturistatranquil.com\/wp-content\/uploads\/F35-Chodes.-Zaragoza.jpg 768w, https:\/\/www.elturistatranquil.com\/wp-content\/uploads\/F35-Chodes.-Zaragoza-339x226.jpg 339w\" sizes=\"(max-width: 768px) 100vw, 768px\" \/>\t\t\t\t\t\t\t\t\t\t\t<figcaption class=\"widget-image-caption wp-caption-text\"><\/figcaption>\n\t\t\t\t\t\t\t\t\t\t<\/figure>\n\t\t\t\t\t\t\t\t\t<\/div>\n\t\t\t\t<\/div>\n\t\t\t\t<div class=\"elementor-element elementor-element-2bbf76e elementor-widget elementor-widget-text-editor\" data-id=\"2bbf76e\" data-element_type=\"widget\" data-e-type=\"widget\" data-widget_type=\"text-editor.default\">\n\t\t\t\t<div class=\"elementor-widget-container\">\n\t\t\t\t\t\t\t\t\t<p>Com es pot deduir f\u00e0cilment de la figura de la imatge anterior, al temple com a edifici, al quedar tancat dins d\u2019un pati, no se li atorga cap prest\u00e0ncia. Es tracta com una casa m\u00e9s amb corral.<\/p><p>Tornant a la pla\u00e7a, davant de l\u2019esgl\u00e9sia hi ha un <strong>pil\u00f3<\/strong> art\u00edstic de pedra.<\/p>\t\t\t\t\t\t\t\t<\/div>\n\t\t\t\t<\/div>\n\t\t\t\t<div class=\"elementor-element elementor-element-c1ffc1c elementor-widget elementor-widget-image\" data-id=\"c1ffc1c\" data-element_type=\"widget\" data-e-type=\"widget\" data-widget_type=\"image.default\">\n\t\t\t\t<div class=\"elementor-widget-container\">\n\t\t\t\t\t\t\t\t\t\t\t\t<figure class=\"wp-caption\">\n\t\t\t\t\t\t\t\t\t\t<img loading=\"lazy\" decoding=\"async\" width=\"768\" height=\"512\" src=\"https:\/\/www.elturistatranquil.com\/wp-content\/uploads\/F36-Chodes.-Zaragoza-1.jpg\" class=\"attachment-large size-large wp-image-63227\" alt=\"Chodes. Zaragoza\" srcset=\"https:\/\/www.elturistatranquil.com\/wp-content\/uploads\/F36-Chodes.-Zaragoza-1.jpg 768w, https:\/\/www.elturistatranquil.com\/wp-content\/uploads\/F36-Chodes.-Zaragoza-1-339x226.jpg 339w\" sizes=\"(max-width: 768px) 100vw, 768px\" \/>\t\t\t\t\t\t\t\t\t\t\t<figcaption class=\"widget-image-caption wp-caption-text\"><\/figcaption>\n\t\t\t\t\t\t\t\t\t\t<\/figure>\n\t\t\t\t\t\t\t\t\t<\/div>\n\t\t\t\t<\/div>\n\t\t\t\t<div class=\"elementor-element elementor-element-fb9eb6a elementor-widget elementor-widget-text-editor\" data-id=\"fb9eb6a\" data-element_type=\"widget\" data-e-type=\"widget\" data-widget_type=\"text-editor.default\">\n\t\t\t\t<div class=\"elementor-widget-container\">\n\t\t\t\t\t\t\t\t\t<p>Arribem al quart i \u00faltim tram, entre l\u2019esgl\u00e9sia i la porta d\u2019entrada on hem iniciat aquest recorregut interior.<\/p>\t\t\t\t\t\t\t\t<\/div>\n\t\t\t\t<\/div>\n\t\t\t\t<div class=\"elementor-element elementor-element-f792970 elementor-widget elementor-widget-image\" data-id=\"f792970\" data-element_type=\"widget\" data-e-type=\"widget\" data-widget_type=\"image.default\">\n\t\t\t\t<div class=\"elementor-widget-container\">\n\t\t\t\t\t\t\t\t\t\t\t\t<figure class=\"wp-caption\">\n\t\t\t\t\t\t\t\t\t\t<img loading=\"lazy\" decoding=\"async\" width=\"768\" height=\"512\" src=\"https:\/\/www.elturistatranquil.com\/wp-content\/uploads\/F37-Chodes.-Zaragoza.jpg\" class=\"attachment-large size-large wp-image-62647\" alt=\"Chodes. Zaragoza\" srcset=\"https:\/\/www.elturistatranquil.com\/wp-content\/uploads\/F37-Chodes.-Zaragoza.jpg 768w, https:\/\/www.elturistatranquil.com\/wp-content\/uploads\/F37-Chodes.-Zaragoza-339x226.jpg 339w\" sizes=\"(max-width: 768px) 100vw, 768px\" \/>\t\t\t\t\t\t\t\t\t\t\t<figcaption class=\"widget-image-caption wp-caption-text\"><\/figcaption>\n\t\t\t\t\t\t\t\t\t\t<\/figure>\n\t\t\t\t\t\t\t\t\t<\/div>\n\t\t\t\t<\/div>\n\t\t\t\t<div class=\"elementor-element elementor-element-096e251 elementor-widget elementor-widget-image\" data-id=\"096e251\" data-element_type=\"widget\" data-e-type=\"widget\" data-widget_type=\"image.default\">\n\t\t\t\t<div class=\"elementor-widget-container\">\n\t\t\t\t\t\t\t\t\t\t\t\t<figure class=\"wp-caption\">\n\t\t\t\t\t\t\t\t\t\t<img loading=\"lazy\" decoding=\"async\" width=\"768\" height=\"512\" src=\"https:\/\/www.elturistatranquil.com\/wp-content\/uploads\/F38-Chodes.-Zaragoza.jpg\" class=\"attachment-large size-large wp-image-62649\" alt=\"Chodes. Zaragoza\" srcset=\"https:\/\/www.elturistatranquil.com\/wp-content\/uploads\/F38-Chodes.-Zaragoza.jpg 768w, https:\/\/www.elturistatranquil.com\/wp-content\/uploads\/F38-Chodes.-Zaragoza-339x226.jpg 339w\" sizes=\"(max-width: 768px) 100vw, 768px\" \/>\t\t\t\t\t\t\t\t\t\t\t<figcaption class=\"widget-image-caption wp-caption-text\"><\/figcaption>\n\t\t\t\t\t\t\t\t\t\t<\/figure>\n\t\t\t\t\t\t\t\t\t<\/div>\n\t\t\t\t<\/div>\n\t\t\t\t<div class=\"elementor-element elementor-element-1a64cf7 elementor-widget elementor-widget-text-editor\" data-id=\"1a64cf7\" data-element_type=\"widget\" data-e-type=\"widget\" data-widget_type=\"text-editor.default\">\n\t\t\t\t<div class=\"elementor-widget-container\">\n\t\t\t\t\t\t\t\t\t<p>Ens retrobem amb l\u2019ajuntament al costat de l\u2019entrada sud.<\/p>\t\t\t\t\t\t\t\t<\/div>\n\t\t\t\t<\/div>\n\t\t\t\t<div class=\"elementor-element elementor-element-e4b3b78 elementor-widget elementor-widget-image\" data-id=\"e4b3b78\" data-element_type=\"widget\" data-e-type=\"widget\" data-widget_type=\"image.default\">\n\t\t\t\t<div class=\"elementor-widget-container\">\n\t\t\t\t\t\t\t\t\t\t\t\t<figure class=\"wp-caption\">\n\t\t\t\t\t\t\t\t\t\t<img loading=\"lazy\" decoding=\"async\" width=\"768\" height=\"512\" src=\"https:\/\/www.elturistatranquil.com\/wp-content\/uploads\/F39-Chodes.-Zaragoza.jpg\" class=\"attachment-large size-large wp-image-62651\" alt=\"Chodes. Zaragoza\" srcset=\"https:\/\/www.elturistatranquil.com\/wp-content\/uploads\/F39-Chodes.-Zaragoza.jpg 768w, https:\/\/www.elturistatranquil.com\/wp-content\/uploads\/F39-Chodes.-Zaragoza-339x226.jpg 339w\" sizes=\"(max-width: 768px) 100vw, 768px\" \/>\t\t\t\t\t\t\t\t\t\t\t<figcaption class=\"widget-image-caption wp-caption-text\"><\/figcaption>\n\t\t\t\t\t\t\t\t\t\t<\/figure>\n\t\t\t\t\t\t\t\t\t<\/div>\n\t\t\t\t<\/div>\n\t\t\t\t<div class=\"elementor-element elementor-element-946451a elementor-widget elementor-widget-heading\" data-id=\"946451a\" data-element_type=\"widget\" data-e-type=\"widget\" data-widget_type=\"heading.default\">\n\t\t\t\t<div class=\"elementor-widget-container\">\n\t\t\t\t\t<h3 class=\"elementor-heading-title elementor-size-default\">El poblat tancat i el creixement urb\u00e0 posterior <\/h3>\t\t\t\t<\/div>\n\t\t\t\t<\/div>\n\t\t\t\t<div class=\"elementor-element elementor-element-d431752 elementor-widget elementor-widget-text-editor\" data-id=\"d431752\" data-element_type=\"widget\" data-e-type=\"widget\" data-widget_type=\"text-editor.default\">\n\t\t\t\t<div class=\"elementor-widget-container\">\n\t\t\t\t\t\t\t\t\t<p>Reflectim sobre el mapa zenital les l\u00ednies de creixement de Chodes (en groc) des del projecte original fins a l\u2019actualitat, on podem distingir tres trams.<\/p>\t\t\t\t\t\t\t\t<\/div>\n\t\t\t\t<\/div>\n\t\t\t\t<div class=\"elementor-element elementor-element-e446b7f elementor-widget elementor-widget-image\" data-id=\"e446b7f\" data-element_type=\"widget\" data-e-type=\"widget\" data-widget_type=\"image.default\">\n\t\t\t\t<div class=\"elementor-widget-container\">\n\t\t\t\t\t\t\t\t\t\t\t\t<figure class=\"wp-caption\">\n\t\t\t\t\t\t\t\t\t\t<img loading=\"lazy\" decoding=\"async\" width=\"768\" height=\"519\" src=\"https:\/\/www.elturistatranquil.com\/wp-content\/uploads\/F40-Chodes-urbanismo-Google-earth-2025-11-01.jpg\" class=\"attachment-large size-large wp-image-62656\" alt=\"Chodes. Zaragoza\" srcset=\"https:\/\/www.elturistatranquil.com\/wp-content\/uploads\/F40-Chodes-urbanismo-Google-earth-2025-11-01.jpg 768w, https:\/\/www.elturistatranquil.com\/wp-content\/uploads\/F40-Chodes-urbanismo-Google-earth-2025-11-01-334x226.jpg 334w\" sizes=\"(max-width: 768px) 100vw, 768px\" \/>\t\t\t\t\t\t\t\t\t\t\t<figcaption class=\"widget-image-caption wp-caption-text\">(Sobre Google earth 2025-11-01)<\/figcaption>\n\t\t\t\t\t\t\t\t\t\t<\/figure>\n\t\t\t\t\t\t\t\t\t<\/div>\n\t\t\t\t<\/div>\n\t\t\t\t<div class=\"elementor-element elementor-element-48ec6a0 elementor-widget elementor-widget-text-editor\" data-id=\"48ec6a0\" data-element_type=\"widget\" data-e-type=\"widget\" data-widget_type=\"text-editor.default\">\n\t\t\t\t<div class=\"elementor-widget-container\">\n\t\t\t\t\t\t\t\t\t<p>El primer <strong>trajecte<\/strong> (<strong>1<\/strong>), des de l\u2019entrada des de Morata pel <strong>carrer\/cam\u00ed Arrabal <\/strong>que entra a Chodes pel <strong>carrer Libertad<\/strong>, presenta, fins a la conflu\u00e8ncia amb l\u2019<strong>A-2302<\/strong>, el cl\u00e0ssic tra\u00e7at lineal al llarg d\u2019un carrer, molt habitual en el creixement urb\u00e0 de molts pobles d\u2019Espanya.<\/p>\t\t\t\t\t\t\t\t<\/div>\n\t\t\t\t<\/div>\n\t\t\t\t<div class=\"elementor-element elementor-element-b2bec44 elementor-widget elementor-widget-image\" data-id=\"b2bec44\" data-element_type=\"widget\" data-e-type=\"widget\" data-widget_type=\"image.default\">\n\t\t\t\t<div class=\"elementor-widget-container\">\n\t\t\t\t\t\t\t\t\t\t\t\t<figure class=\"wp-caption\">\n\t\t\t\t\t\t\t\t\t\t<img loading=\"lazy\" decoding=\"async\" width=\"768\" height=\"512\" src=\"https:\/\/www.elturistatranquil.com\/wp-content\/uploads\/F40b-Chodes.-Zaragoza.jpg\" class=\"attachment-large size-large wp-image-63229\" alt=\"Chodes. Zaragoza\" srcset=\"https:\/\/www.elturistatranquil.com\/wp-content\/uploads\/F40b-Chodes.-Zaragoza.jpg 768w, https:\/\/www.elturistatranquil.com\/wp-content\/uploads\/F40b-Chodes.-Zaragoza-339x226.jpg 339w\" sizes=\"(max-width: 768px) 100vw, 768px\" \/>\t\t\t\t\t\t\t\t\t\t\t<figcaption class=\"widget-image-caption wp-caption-text\"><\/figcaption>\n\t\t\t\t\t\t\t\t\t\t<\/figure>\n\t\t\t\t\t\t\t\t\t<\/div>\n\t\t\t\t<\/div>\n\t\t\t\t<div class=\"elementor-element elementor-element-bd3bbcf elementor-widget elementor-widget-text-editor\" data-id=\"bd3bbcf\" data-element_type=\"widget\" data-e-type=\"widget\" data-widget_type=\"text-editor.default\">\n\t\t\t\t<div class=\"elementor-widget-container\">\n\t\t\t\t\t\t\t\t\t<p>Als darrers metres, sobre la carretera, les cases nom\u00e9s se situen al costat de muntanya, com havia assenyalat en comentar l\u2019arribada al poblat.<\/p><p>El <strong>trajecte<\/strong> (<strong>2<\/strong>) de sortida de la pla\u00e7a es dirigeix en direcci\u00f3 nord-oest pel <strong>carrer Molino<\/strong>.<\/p>\t\t\t\t\t\t\t\t<\/div>\n\t\t\t\t<\/div>\n\t\t\t\t<div class=\"elementor-element elementor-element-c641afb elementor-widget elementor-widget-image\" data-id=\"c641afb\" data-element_type=\"widget\" data-e-type=\"widget\" data-widget_type=\"image.default\">\n\t\t\t\t<div class=\"elementor-widget-container\">\n\t\t\t\t\t\t\t\t\t\t\t\t<figure class=\"wp-caption\">\n\t\t\t\t\t\t\t\t\t\t<img loading=\"lazy\" decoding=\"async\" width=\"768\" height=\"512\" src=\"https:\/\/www.elturistatranquil.com\/wp-content\/uploads\/F41a-Chodes.-Zaragoza.jpg\" class=\"attachment-large size-large wp-image-63231\" alt=\"Chodes. Zaragoza\" srcset=\"https:\/\/www.elturistatranquil.com\/wp-content\/uploads\/F41a-Chodes.-Zaragoza.jpg 768w, https:\/\/www.elturistatranquil.com\/wp-content\/uploads\/F41a-Chodes.-Zaragoza-339x226.jpg 339w\" sizes=\"(max-width: 768px) 100vw, 768px\" \/>\t\t\t\t\t\t\t\t\t\t\t<figcaption class=\"widget-image-caption wp-caption-text\"><\/figcaption>\n\t\t\t\t\t\t\t\t\t\t<\/figure>\n\t\t\t\t\t\t\t\t\t<\/div>\n\t\t\t\t<\/div>\n\t\t\t\t<div class=\"elementor-element elementor-element-83a98da elementor-widget elementor-widget-text-editor\" data-id=\"83a98da\" data-element_type=\"widget\" data-e-type=\"widget\" data-widget_type=\"text-editor.default\">\n\t\t\t\t<div class=\"elementor-widget-container\">\n\t\t\t\t\t\t\t\t\t<p>A la salida del n\u00facleo central podemos fijarnos que hist\u00f3ricamente todas las casas se asentaban en el lado norte de monta\u00f1a, y ninguna en el lado sur sobre terrenos de cultivo. Hagamos abstracci\u00f3n de las construcciones deportivas de estos \u00faltimos a\u00f1os (edificaci\u00f3n blanca y campo de f\u00fatbol marr\u00f3n.<\/p>\t\t\t\t\t\t\t\t<\/div>\n\t\t\t\t<\/div>\n\t\t\t\t<div class=\"elementor-element elementor-element-7037f18 elementor-widget elementor-widget-image\" data-id=\"7037f18\" data-element_type=\"widget\" data-e-type=\"widget\" data-widget_type=\"image.default\">\n\t\t\t\t<div class=\"elementor-widget-container\">\n\t\t\t\t\t\t\t\t\t\t\t\t<figure class=\"wp-caption\">\n\t\t\t\t\t\t\t\t\t\t<img loading=\"lazy\" decoding=\"async\" width=\"768\" height=\"512\" src=\"https:\/\/www.elturistatranquil.com\/wp-content\/uploads\/F41-Chodes.-Zaragoza.jpg\" class=\"attachment-large size-large wp-image-62658\" alt=\"(Sobre Google earth 2025-11-01)\" srcset=\"https:\/\/www.elturistatranquil.com\/wp-content\/uploads\/F41-Chodes.-Zaragoza.jpg 768w, https:\/\/www.elturistatranquil.com\/wp-content\/uploads\/F41-Chodes.-Zaragoza-339x226.jpg 339w\" sizes=\"(max-width: 768px) 100vw, 768px\" \/>\t\t\t\t\t\t\t\t\t\t\t<figcaption class=\"widget-image-caption wp-caption-text\"><\/figcaption>\n\t\t\t\t\t\t\t\t\t\t<\/figure>\n\t\t\t\t\t\t\t\t\t<\/div>\n\t\t\t\t<\/div>\n\t\t\t\t<div class=\"elementor-element elementor-element-fa1c4f5 elementor-widget elementor-widget-image\" data-id=\"fa1c4f5\" data-element_type=\"widget\" data-e-type=\"widget\" data-widget_type=\"image.default\">\n\t\t\t\t<div class=\"elementor-widget-container\">\n\t\t\t\t\t\t\t\t\t\t\t\t<figure class=\"wp-caption\">\n\t\t\t\t\t\t\t\t\t\t<img loading=\"lazy\" decoding=\"async\" width=\"768\" height=\"512\" src=\"https:\/\/www.elturistatranquil.com\/wp-content\/uploads\/F41b-Chodes.-Zaragoza.jpg\" class=\"attachment-large size-large wp-image-63233\" alt=\"Chodes. Zaragoza\" srcset=\"https:\/\/www.elturistatranquil.com\/wp-content\/uploads\/F41b-Chodes.-Zaragoza.jpg 768w, https:\/\/www.elturistatranquil.com\/wp-content\/uploads\/F41b-Chodes.-Zaragoza-339x226.jpg 339w\" sizes=\"(max-width: 768px) 100vw, 768px\" \/>\t\t\t\t\t\t\t\t\t\t\t<figcaption class=\"widget-image-caption wp-caption-text\"><\/figcaption>\n\t\t\t\t\t\t\t\t\t\t<\/figure>\n\t\t\t\t\t\t\t\t\t<\/div>\n\t\t\t\t<\/div>\n\t\t\t\t<div class=\"elementor-element elementor-element-097795d elementor-widget elementor-widget-text-editor\" data-id=\"097795d\" data-element_type=\"widget\" data-e-type=\"widget\" data-widget_type=\"text-editor.default\">\n\t\t\t\t<div class=\"elementor-widget-container\">\n\t\t\t\t\t\t\t\t\t<p>En tot el recorregut des de Morata i per dins de Chodes estem veient que el m\u00e0xim aprofitament dels s\u00f2ls de conreu sembla haver estat un objectiu clar en la implantaci\u00f3 de la localitat i en la seva evoluci\u00f3, destinant a edificacions la zona m\u00e9s o menys escarpada de la l\u00ednia de contacte muntanyosa.<\/p><p>En aquesta mateixa l\u00ednia d\u2019aprofitament de s\u00f2ls agraris, al voltant de la pla\u00e7a es produeix el mateix plantejament en el <strong>trajecte<\/strong> (<strong>3<\/strong>). Al costat de ponent, sobre els camps de conreu, no s\u2019hi expandeix cap edificaci\u00f3, de manera que les parts posteriors de la meitat de les cases s\u2019obren directament al camp, sent el portal (<strong>B<\/strong>) l\u2019encarregat de dirigir el flux de treballadors agraris cap a les seves tasques. Mentre que el creixement pel costat de llevant es produeix, primer, recolzant-se sobre les parts posteriors de les cases d\u2019aquest costat de la pla\u00e7a, formant una illa semicircular, i despr\u00e9s sobre el carrer que circumval\u00b7la per aquest costat.<\/p><p>Primer el <strong>carrer Trevedes<\/strong>, que forma la placeta triangular, que continua amb el significatiu nom orogr\u00e0fic de <strong>carrer Calvario<\/strong> cap a la zona de les Eras. Deixo aquest recorregut obert, perqu\u00e8 el <strong>carrer Eras<\/strong>, que porta fins al <strong>carrer Molino<\/strong>, \u00e9s, en realitat, un carrer\u00f3 poc transitable per a vehicles.<\/p>\t\t\t\t\t\t\t\t<\/div>\n\t\t\t\t<\/div>\n\t\t\t\t<div class=\"elementor-element elementor-element-2d289e5 elementor-widget elementor-widget-image\" data-id=\"2d289e5\" data-element_type=\"widget\" data-e-type=\"widget\" data-widget_type=\"image.default\">\n\t\t\t\t<div class=\"elementor-widget-container\">\n\t\t\t\t\t\t\t\t\t\t\t\t<figure class=\"wp-caption\">\n\t\t\t\t\t\t\t\t\t\t<img loading=\"lazy\" decoding=\"async\" width=\"768\" height=\"512\" src=\"https:\/\/www.elturistatranquil.com\/wp-content\/uploads\/F09-Chodes.-Zaragoza.jpg\" class=\"attachment-large size-large wp-image-63213\" alt=\"Chodes. Zaragoza\" srcset=\"https:\/\/www.elturistatranquil.com\/wp-content\/uploads\/F09-Chodes.-Zaragoza.jpg 768w, https:\/\/www.elturistatranquil.com\/wp-content\/uploads\/F09-Chodes.-Zaragoza-339x226.jpg 339w\" sizes=\"(max-width: 768px) 100vw, 768px\" \/>\t\t\t\t\t\t\t\t\t\t\t<figcaption class=\"widget-image-caption wp-caption-text\"><\/figcaption>\n\t\t\t\t\t\t\t\t\t\t<\/figure>\n\t\t\t\t\t\t\t\t\t<\/div>\n\t\t\t\t<\/div>\n\t\t\t\t<div class=\"elementor-element elementor-element-2a4e169 elementor-widget elementor-widget-text-editor\" data-id=\"2a4e169\" data-element_type=\"widget\" data-e-type=\"widget\" data-widget_type=\"text-editor.default\">\n\t\t\t\t<div class=\"elementor-widget-container\">\n\t\t\t\t\t\t\t\t\t<p>Placeta del <strong>carrer Trevedes<\/strong>. A les cases del fons veiem que es va seguir el mateix model arquitect\u00f2nic que les de la pla\u00e7a.<\/p>\t\t\t\t\t\t\t\t<\/div>\n\t\t\t\t<\/div>\n\t\t\t\t<div class=\"elementor-element elementor-element-4cceb9f elementor-widget elementor-widget-image\" data-id=\"4cceb9f\" data-element_type=\"widget\" data-e-type=\"widget\" data-widget_type=\"image.default\">\n\t\t\t\t<div class=\"elementor-widget-container\">\n\t\t\t\t\t\t\t\t\t\t\t\t<figure class=\"wp-caption\">\n\t\t\t\t\t\t\t\t\t\t<img loading=\"lazy\" decoding=\"async\" width=\"768\" height=\"511\" src=\"https:\/\/www.elturistatranquil.com\/wp-content\/uploads\/F43-Chodes.-Zaragoza.jpg\" class=\"attachment-large size-large wp-image-62660\" alt=\"(Fuente: Google Street View 2025-11-01)\" srcset=\"https:\/\/www.elturistatranquil.com\/wp-content\/uploads\/F43-Chodes.-Zaragoza.jpg 768w, https:\/\/www.elturistatranquil.com\/wp-content\/uploads\/F43-Chodes.-Zaragoza-339x226.jpg 339w\" sizes=\"(max-width: 768px) 100vw, 768px\" \/>\t\t\t\t\t\t\t\t\t\t\t<figcaption class=\"widget-image-caption wp-caption-text\"><\/figcaption>\n\t\t\t\t\t\t\t\t\t\t<\/figure>\n\t\t\t\t\t\t\t\t\t<\/div>\n\t\t\t\t<\/div>\n\t\t\t\t<div class=\"elementor-element elementor-element-9b7c32c elementor-widget elementor-widget-text-editor\" data-id=\"9b7c32c\" data-element_type=\"widget\" data-e-type=\"widget\" data-widget_type=\"text-editor.default\">\n\t\t\t\t<div class=\"elementor-widget-container\">\n\t\t\t\t\t\t\t\t\t<p>El <strong>carrer Calvario<\/strong> ascendeix cap a la zona muntanyosa a la qual est\u00e0 adossada la pla\u00e7a.<\/p>\t\t\t\t\t\t\t\t<\/div>\n\t\t\t\t<\/div>\n\t\t\t\t<div class=\"elementor-element elementor-element-2d50e8e elementor-widget elementor-widget-image\" data-id=\"2d50e8e\" data-element_type=\"widget\" data-e-type=\"widget\" data-widget_type=\"image.default\">\n\t\t\t\t<div class=\"elementor-widget-container\">\n\t\t\t\t\t\t\t\t\t\t\t\t<figure class=\"wp-caption\">\n\t\t\t\t\t\t\t\t\t\t<img loading=\"lazy\" decoding=\"async\" width=\"768\" height=\"512\" src=\"https:\/\/www.elturistatranquil.com\/wp-content\/uploads\/F44a-Chodes.-Zaragoza.jpg\" class=\"attachment-large size-large wp-image-63235\" alt=\"Chodes. Zaragoza\" srcset=\"https:\/\/www.elturistatranquil.com\/wp-content\/uploads\/F44a-Chodes.-Zaragoza.jpg 768w, https:\/\/www.elturistatranquil.com\/wp-content\/uploads\/F44a-Chodes.-Zaragoza-339x226.jpg 339w\" sizes=\"(max-width: 768px) 100vw, 768px\" \/>\t\t\t\t\t\t\t\t\t\t\t<figcaption class=\"widget-image-caption wp-caption-text\"><\/figcaption>\n\t\t\t\t\t\t\t\t\t\t<\/figure>\n\t\t\t\t\t\t\t\t\t<\/div>\n\t\t\t\t<\/div>\n\t\t\t\t<div class=\"elementor-element elementor-element-194b7fb elementor-widget elementor-widget-image\" data-id=\"194b7fb\" data-element_type=\"widget\" data-e-type=\"widget\" data-widget_type=\"image.default\">\n\t\t\t\t<div class=\"elementor-widget-container\">\n\t\t\t\t\t\t\t\t\t\t\t\t<figure class=\"wp-caption\">\n\t\t\t\t\t\t\t\t\t\t<img loading=\"lazy\" decoding=\"async\" width=\"768\" height=\"511\" src=\"https:\/\/www.elturistatranquil.com\/wp-content\/uploads\/F44-Chodes.-Zaragoza.jpg\" class=\"attachment-large size-large wp-image-62662\" alt=\"Chodes. Zaragoza\" srcset=\"https:\/\/www.elturistatranquil.com\/wp-content\/uploads\/F44-Chodes.-Zaragoza.jpg 768w, https:\/\/www.elturistatranquil.com\/wp-content\/uploads\/F44-Chodes.-Zaragoza-339x226.jpg 339w\" sizes=\"(max-width: 768px) 100vw, 768px\" \/>\t\t\t\t\t\t\t\t\t\t\t<figcaption class=\"widget-image-caption wp-caption-text\"><\/figcaption>\n\t\t\t\t\t\t\t\t\t\t<\/figure>\n\t\t\t\t\t\t\t\t\t<\/div>\n\t\t\t\t<\/div>\n\t\t\t\t<div class=\"elementor-element elementor-element-16b5e15 elementor-widget elementor-widget-image\" data-id=\"16b5e15\" data-element_type=\"widget\" data-e-type=\"widget\" data-widget_type=\"image.default\">\n\t\t\t\t<div class=\"elementor-widget-container\">\n\t\t\t\t\t\t\t\t\t\t\t\t<figure class=\"wp-caption\">\n\t\t\t\t\t\t\t\t\t\t<img loading=\"lazy\" decoding=\"async\" width=\"768\" height=\"511\" src=\"https:\/\/www.elturistatranquil.com\/wp-content\/uploads\/F45-Chodes.-Zaragoza.jpg\" class=\"attachment-large size-large wp-image-62664\" alt=\"Chodes. Zaragoza\" srcset=\"https:\/\/www.elturistatranquil.com\/wp-content\/uploads\/F45-Chodes.-Zaragoza.jpg 768w, https:\/\/www.elturistatranquil.com\/wp-content\/uploads\/F45-Chodes.-Zaragoza-339x226.jpg 339w\" sizes=\"(max-width: 768px) 100vw, 768px\" \/>\t\t\t\t\t\t\t\t\t\t\t<figcaption class=\"widget-image-caption wp-caption-text\"><\/figcaption>\n\t\t\t\t\t\t\t\t\t\t<\/figure>\n\t\t\t\t\t\t\t\t\t<\/div>\n\t\t\t\t<\/div>\n\t\t\t\t<div class=\"elementor-element elementor-element-b40ea79 elementor-widget elementor-widget-text-editor\" data-id=\"b40ea79\" data-element_type=\"widget\" data-e-type=\"widget\" data-widget_type=\"text-editor.default\">\n\t\t\t\t<div class=\"elementor-widget-container\">\n\t\t\t\t\t\t\t\t\t<p>En arribar a la part posterior de l\u2019esgl\u00e9sia veiem que ha quedat lliure de construccions, dins d\u2019un pati.<\/p>\t\t\t\t\t\t\t\t<\/div>\n\t\t\t\t<\/div>\n\t\t\t\t<div class=\"elementor-element elementor-element-902dc0b elementor-widget elementor-widget-image\" data-id=\"902dc0b\" data-element_type=\"widget\" data-e-type=\"widget\" data-widget_type=\"image.default\">\n\t\t\t\t<div class=\"elementor-widget-container\">\n\t\t\t\t\t\t\t\t\t\t\t\t<figure class=\"wp-caption\">\n\t\t\t\t\t\t\t\t\t\t<img loading=\"lazy\" decoding=\"async\" width=\"768\" height=\"512\" src=\"https:\/\/www.elturistatranquil.com\/wp-content\/uploads\/F46-Chodes.-Zaragoza.jpg\" class=\"attachment-large size-large wp-image-62666\" alt=\"Chodes. Zaragoza\" srcset=\"https:\/\/www.elturistatranquil.com\/wp-content\/uploads\/F46-Chodes.-Zaragoza.jpg 768w, https:\/\/www.elturistatranquil.com\/wp-content\/uploads\/F46-Chodes.-Zaragoza-339x226.jpg 339w\" sizes=\"(max-width: 768px) 100vw, 768px\" \/>\t\t\t\t\t\t\t\t\t\t\t<figcaption class=\"widget-image-caption wp-caption-text\"><\/figcaption>\n\t\t\t\t\t\t\t\t\t\t<\/figure>\n\t\t\t\t\t\t\t\t\t<\/div>\n\t\t\t\t<\/div>\n\t\t\t\t<div class=\"elementor-element elementor-element-6312035 elementor-widget elementor-widget-text-editor\" data-id=\"6312035\" data-element_type=\"widget\" data-e-type=\"widget\" data-widget_type=\"text-editor.default\">\n\t\t\t\t<div class=\"elementor-widget-container\">\n\t\t\t\t\t\t\t\t\t<p>A partir d\u2019aqu\u00ed el carrer comen\u00e7a a ser m\u00e9s aviat un carrer\u00f3 que no pas un carrer de veritat.<\/p>\t\t\t\t\t\t\t\t<\/div>\n\t\t\t\t<\/div>\n\t\t\t\t<div class=\"elementor-element elementor-element-ce431ed elementor-widget elementor-widget-image\" data-id=\"ce431ed\" data-element_type=\"widget\" data-e-type=\"widget\" data-widget_type=\"image.default\">\n\t\t\t\t<div class=\"elementor-widget-container\">\n\t\t\t\t\t\t\t\t\t\t\t\t<figure class=\"wp-caption\">\n\t\t\t\t\t\t\t\t\t\t<img loading=\"lazy\" decoding=\"async\" width=\"768\" height=\"511\" src=\"https:\/\/www.elturistatranquil.com\/wp-content\/uploads\/F47-Chodes.-Zaragoza.jpg\" class=\"attachment-large size-large wp-image-62668\" alt=\"Chodes. Zaragoza\" srcset=\"https:\/\/www.elturistatranquil.com\/wp-content\/uploads\/F47-Chodes.-Zaragoza.jpg 768w, https:\/\/www.elturistatranquil.com\/wp-content\/uploads\/F47-Chodes.-Zaragoza-339x226.jpg 339w\" sizes=\"(max-width: 768px) 100vw, 768px\" \/>\t\t\t\t\t\t\t\t\t\t\t<figcaption class=\"widget-image-caption wp-caption-text\"><\/figcaption>\n\t\t\t\t\t\t\t\t\t\t<\/figure>\n\t\t\t\t\t\t\t\t\t<\/div>\n\t\t\t\t<\/div>\n\t\t\t\t<div class=\"elementor-element elementor-element-e3bc172 elementor-widget elementor-widget-text-editor\" data-id=\"e3bc172\" data-element_type=\"widget\" data-e-type=\"widget\" data-widget_type=\"text-editor.default\">\n\t\t\t\t<div class=\"elementor-widget-container\">\n\t\t\t\t\t\t\t\t\t<p>Baixant pel <strong>carrer Eras<\/strong> arribem al trajecte de sortida sobre el portal (<strong>C<\/strong>). Apreciem en aquestes imatges per qu\u00e8 no he tancat el circuit circulatori per aquest carrer poc apte per tr\u00e0fic rodat.<\/p>\t\t\t\t\t\t\t\t<\/div>\n\t\t\t\t<\/div>\n\t\t\t\t<div class=\"elementor-element elementor-element-f28477b elementor-widget elementor-widget-image\" data-id=\"f28477b\" data-element_type=\"widget\" data-e-type=\"widget\" data-widget_type=\"image.default\">\n\t\t\t\t<div class=\"elementor-widget-container\">\n\t\t\t\t\t\t\t\t\t\t\t\t<figure class=\"wp-caption\">\n\t\t\t\t\t\t\t\t\t\t<img loading=\"lazy\" decoding=\"async\" width=\"768\" height=\"511\" src=\"https:\/\/www.elturistatranquil.com\/wp-content\/uploads\/F48-Chodes.-Zaragoza.jpg\" class=\"attachment-large size-large wp-image-62673\" alt=\"Chodes. Zaragoza\" srcset=\"https:\/\/www.elturistatranquil.com\/wp-content\/uploads\/F48-Chodes.-Zaragoza.jpg 768w, https:\/\/www.elturistatranquil.com\/wp-content\/uploads\/F48-Chodes.-Zaragoza-339x226.jpg 339w\" sizes=\"(max-width: 768px) 100vw, 768px\" \/>\t\t\t\t\t\t\t\t\t\t\t<figcaption class=\"widget-image-caption wp-caption-text\"><\/figcaption>\n\t\t\t\t\t\t\t\t\t\t<\/figure>\n\t\t\t\t\t\t\t\t\t<\/div>\n\t\t\t\t<\/div>\n\t\t\t\t<div class=\"elementor-element elementor-element-5c90603 elementor-widget elementor-widget-image\" data-id=\"5c90603\" data-element_type=\"widget\" data-e-type=\"widget\" data-widget_type=\"image.default\">\n\t\t\t\t<div class=\"elementor-widget-container\">\n\t\t\t\t\t\t\t\t\t\t\t\t<figure class=\"wp-caption\">\n\t\t\t\t\t\t\t\t\t\t<img loading=\"lazy\" decoding=\"async\" width=\"768\" height=\"512\" src=\"https:\/\/www.elturistatranquil.com\/wp-content\/uploads\/F28-49-Chodes.-Zaragoza.jpg\" class=\"attachment-large size-large wp-image-63221\" alt=\"Chodes. Zaragoza\" srcset=\"https:\/\/www.elturistatranquil.com\/wp-content\/uploads\/F28-49-Chodes.-Zaragoza.jpg 768w, https:\/\/www.elturistatranquil.com\/wp-content\/uploads\/F28-49-Chodes.-Zaragoza-339x226.jpg 339w\" sizes=\"(max-width: 768px) 100vw, 768px\" \/>\t\t\t\t\t\t\t\t\t\t\t<figcaption class=\"widget-image-caption wp-caption-text\"><\/figcaption>\n\t\t\t\t\t\t\t\t\t\t<\/figure>\n\t\t\t\t\t\t\t\t\t<\/div>\n\t\t\t\t<\/div>\n\t\t\t\t<div class=\"elementor-element elementor-element-f6a319d elementor-widget elementor-widget-text-editor\" data-id=\"f6a319d\" data-element_type=\"widget\" data-e-type=\"widget\" data-widget_type=\"text-editor.default\">\n\t\t\t\t<div class=\"elementor-widget-container\">\n\t\t\t\t\t\t\t\t\t<p>Fem ara l\u2019exercici d\u2019entrar a la pla\u00e7a i sortir pel portal (<strong>B<\/strong>) en direcci\u00f3 a la vega del Jal\u00f3n.<\/p><p>Adossada al fons de la casa 20 de la pla\u00e7a es prolonga la construcci\u00f3 de la Herrer\u00eda (de color marr\u00f3). Aquesta casa, que actualment \u00e9s l\u2019\u00fanica oferta d\u2019allotjament rural de Chodes, considera el seu propietari que devia ser la primera edificaci\u00f3 pr\u00e8via a la construcci\u00f3 del recinte, a partir de la l\u00f2gica que la ferreria va ser necess\u00e0ria per abastir la construcci\u00f3 del conjunt. Queda dit.<\/p>\t\t\t\t\t\t\t\t<\/div>\n\t\t\t\t<\/div>\n\t\t\t\t<div class=\"elementor-element elementor-element-3b99f2d elementor-widget elementor-widget-image\" data-id=\"3b99f2d\" data-element_type=\"widget\" data-e-type=\"widget\" data-widget_type=\"image.default\">\n\t\t\t\t<div class=\"elementor-widget-container\">\n\t\t\t\t\t\t\t\t\t\t\t\t<figure class=\"wp-caption\">\n\t\t\t\t\t\t\t\t\t\t<img loading=\"lazy\" decoding=\"async\" width=\"768\" height=\"511\" src=\"https:\/\/www.elturistatranquil.com\/wp-content\/uploads\/F50-Chodes.-Zaragoza.jpg\" class=\"attachment-large size-large wp-image-62679\" alt=\"Chodes. Zaragoza\" srcset=\"https:\/\/www.elturistatranquil.com\/wp-content\/uploads\/F50-Chodes.-Zaragoza.jpg 768w, https:\/\/www.elturistatranquil.com\/wp-content\/uploads\/F50-Chodes.-Zaragoza-339x226.jpg 339w\" sizes=\"(max-width: 768px) 100vw, 768px\" \/>\t\t\t\t\t\t\t\t\t\t\t<figcaption class=\"widget-image-caption wp-caption-text\"><\/figcaption>\n\t\t\t\t\t\t\t\t\t\t<\/figure>\n\t\t\t\t\t\t\t\t\t<\/div>\n\t\t\t\t<\/div>\n\t\t\t\t<div class=\"elementor-element elementor-element-b55f2b1 elementor-widget elementor-widget-text-editor\" data-id=\"b55f2b1\" data-element_type=\"widget\" data-e-type=\"widget\" data-widget_type=\"text-editor.default\">\n\t\t\t\t<div class=\"elementor-widget-container\">\n\t\t\t\t\t\t\t\t\t<p>Passada la casa de la Herrer\u00eda ja som fora del poble. A l\u2019esquerra, un mur tanca el pas cap a la part posterior del quadrant sud-oest (entre els portals <strong>A<\/strong> i <strong>B<\/strong>).<\/p>\t\t\t\t\t\t\t\t<\/div>\n\t\t\t\t<\/div>\n\t\t\t\t<div class=\"elementor-element elementor-element-c45e71b elementor-widget elementor-widget-image\" data-id=\"c45e71b\" data-element_type=\"widget\" data-e-type=\"widget\" data-widget_type=\"image.default\">\n\t\t\t\t<div class=\"elementor-widget-container\">\n\t\t\t\t\t\t\t\t\t\t\t\t<figure class=\"wp-caption\">\n\t\t\t\t\t\t\t\t\t\t<img loading=\"lazy\" decoding=\"async\" width=\"768\" height=\"512\" src=\"https:\/\/www.elturistatranquil.com\/wp-content\/uploads\/F50b-Chodes.-Zaragoza.jpg\" class=\"attachment-large size-large wp-image-63237\" alt=\"Chodes. Zaragoza\" srcset=\"https:\/\/www.elturistatranquil.com\/wp-content\/uploads\/F50b-Chodes.-Zaragoza.jpg 768w, https:\/\/www.elturistatranquil.com\/wp-content\/uploads\/F50b-Chodes.-Zaragoza-339x226.jpg 339w\" sizes=\"(max-width: 768px) 100vw, 768px\" \/>\t\t\t\t\t\t\t\t\t\t\t<figcaption class=\"widget-image-caption wp-caption-text\"><\/figcaption>\n\t\t\t\t\t\t\t\t\t\t<\/figure>\n\t\t\t\t\t\t\t\t\t<\/div>\n\t\t\t\t<\/div>\n\t\t\t\t<div class=\"elementor-element elementor-element-67e34f2 elementor-widget elementor-widget-text-editor\" data-id=\"67e34f2\" data-element_type=\"widget\" data-e-type=\"widget\" data-widget_type=\"text-editor.default\">\n\t\t\t\t<div class=\"elementor-widget-container\">\n\t\t\t\t\t\t\t\t\t<p>Mentre que cap a la dreta un cam\u00ed de ciment voreja la part posterior del quadrant nord-oest (entre els portals <strong>B<\/strong> i <strong>C<\/strong>). La forma rectil\u00ednia dels fons de les cases es reprodueix per l\u2019exterior, tot i que el que actualment es veu s\u00f3n ampliacions respecte a la mida original.<\/p>\t\t\t\t\t\t\t\t<\/div>\n\t\t\t\t<\/div>\n\t\t\t\t<div class=\"elementor-element elementor-element-cf75d2c elementor-widget elementor-widget-image\" data-id=\"cf75d2c\" data-element_type=\"widget\" data-e-type=\"widget\" data-widget_type=\"image.default\">\n\t\t\t\t<div class=\"elementor-widget-container\">\n\t\t\t\t\t\t\t\t\t\t\t\t<figure class=\"wp-caption\">\n\t\t\t\t\t\t\t\t\t\t<img loading=\"lazy\" decoding=\"async\" width=\"768\" height=\"511\" src=\"https:\/\/www.elturistatranquil.com\/wp-content\/uploads\/F51-Chodes.-Zaragoza.jpg\" class=\"attachment-large size-large wp-image-62681\" alt=\"Chodes. Zaragoza\" srcset=\"https:\/\/www.elturistatranquil.com\/wp-content\/uploads\/F51-Chodes.-Zaragoza.jpg 768w, https:\/\/www.elturistatranquil.com\/wp-content\/uploads\/F51-Chodes.-Zaragoza-339x226.jpg 339w\" sizes=\"(max-width: 768px) 100vw, 768px\" \/>\t\t\t\t\t\t\t\t\t\t\t<figcaption class=\"widget-image-caption wp-caption-text\"><\/figcaption>\n\t\t\t\t\t\t\t\t\t\t<\/figure>\n\t\t\t\t\t\t\t\t\t<\/div>\n\t\t\t\t<\/div>\n\t\t\t\t<div class=\"elementor-element elementor-element-dc68f8e elementor-widget elementor-widget-image\" data-id=\"dc68f8e\" data-element_type=\"widget\" data-e-type=\"widget\" data-widget_type=\"image.default\">\n\t\t\t\t<div class=\"elementor-widget-container\">\n\t\t\t\t\t\t\t\t\t\t\t\t<figure class=\"wp-caption\">\n\t\t\t\t\t\t\t\t\t\t<img loading=\"lazy\" decoding=\"async\" width=\"768\" height=\"512\" src=\"https:\/\/www.elturistatranquil.com\/wp-content\/uploads\/F52-Chodes.-Zaragoza.jpg\" class=\"attachment-large size-large wp-image-62683\" alt=\"Chodes. Zaragoza\" srcset=\"https:\/\/www.elturistatranquil.com\/wp-content\/uploads\/F52-Chodes.-Zaragoza.jpg 768w, https:\/\/www.elturistatranquil.com\/wp-content\/uploads\/F52-Chodes.-Zaragoza-339x226.jpg 339w\" sizes=\"(max-width: 768px) 100vw, 768px\" \/>\t\t\t\t\t\t\t\t\t\t\t<figcaption class=\"widget-image-caption wp-caption-text\"><\/figcaption>\n\t\t\t\t\t\t\t\t\t\t<\/figure>\n\t\t\t\t\t\t\t\t\t<\/div>\n\t\t\t\t<\/div>\n\t\t\t\t<div class=\"elementor-element elementor-element-ffc4f8a elementor-widget elementor-widget-text-editor\" data-id=\"ffc4f8a\" data-element_type=\"widget\" data-e-type=\"widget\" data-widget_type=\"text-editor.default\">\n\t\t\t\t<div class=\"elementor-widget-container\">\n\t\t\t\t\t\t\t\t\t<p>En arribar a l\u2019enlla\u00e7 amb el <strong>carrer Molino<\/strong>, al portal (<strong>C<\/strong>) davant del carrer Eras, on hav\u00edem acabat el recorregut anterior, ens sorpr\u00e8n l\u2019aprofitament constructiu amb un passatge cobert.<\/p>\t\t\t\t\t\t\t\t<\/div>\n\t\t\t\t<\/div>\n\t\t\t\t<div class=\"elementor-element elementor-element-ba287f1 elementor-widget elementor-widget-image\" data-id=\"ba287f1\" data-element_type=\"widget\" data-e-type=\"widget\" data-widget_type=\"image.default\">\n\t\t\t\t<div class=\"elementor-widget-container\">\n\t\t\t\t\t\t\t\t\t\t\t\t<figure class=\"wp-caption\">\n\t\t\t\t\t\t\t\t\t\t<img loading=\"lazy\" decoding=\"async\" width=\"768\" height=\"512\" src=\"https:\/\/www.elturistatranquil.com\/wp-content\/uploads\/F53-Chodes.-Zaragoza.jpg\" class=\"attachment-large size-large wp-image-62685\" alt=\"Chodes. Zaragoza\" srcset=\"https:\/\/www.elturistatranquil.com\/wp-content\/uploads\/F53-Chodes.-Zaragoza.jpg 768w, https:\/\/www.elturistatranquil.com\/wp-content\/uploads\/F53-Chodes.-Zaragoza-339x226.jpg 339w\" sizes=\"(max-width: 768px) 100vw, 768px\" \/>\t\t\t\t\t\t\t\t\t\t\t<figcaption class=\"widget-image-caption wp-caption-text\"><\/figcaption>\n\t\t\t\t\t\t\t\t\t\t<\/figure>\n\t\t\t\t\t\t\t\t\t<\/div>\n\t\t\t\t<\/div>\n\t\t\t\t<div class=\"elementor-element elementor-element-ff17eb7 elementor-widget elementor-widget-text-editor\" data-id=\"ff17eb7\" data-element_type=\"widget\" data-e-type=\"widget\" data-widget_type=\"text-editor.default\">\n\t\t\t\t<div class=\"elementor-widget-container\">\n\t\t\t\t\t\t\t\t\t<p>D\u2019aquest recorregut exterior per Chodes em queda un dubte sobre un aspecte funcional de les cases en relaci\u00f3 amb l\u2019acc\u00e9s d\u2019animals, carros i estris de llauran\u00e7a a les cases, ja que sempre les cases agr\u00e0ries necessiten entrada a l\u2019habitatge i als corrals.<\/p><p>Pel costat de llevant, les cases adossades a les parts posteriors del carrer Calvario tanquen la possibilitat d\u2019aquestes entrades. Pel quadrant sud-occidental no es veu cap cam\u00ed. Nom\u00e9s en aquest \u00faltim quadrant que acabem de rec\u00f3rrer s\u2019ofereix aquesta possibilitat. Tampoc no \u00e9s clar que poguessin estar per la part davantera, ja que m\u2019ha semblat que nom\u00e9s tenien porta d\u2019acc\u00e9s als habitatges. Em quedo amb aquesta inc\u00f2gnita.<\/p>\t\t\t\t\t\t\t\t<\/div>\n\t\t\t\t<\/div>\n\t\t\t\t<div class=\"elementor-element elementor-element-5679424 elementor-widget elementor-widget-heading\" data-id=\"5679424\" data-element_type=\"widget\" data-e-type=\"widget\" data-widget_type=\"heading.default\">\n\t\t\t\t<div class=\"elementor-widget-container\">\n\t\t\t\t\t<h4 class=\"elementor-heading-title elementor-size-default\">Un urbanisme sense volum <\/h4>\t\t\t\t<\/div>\n\t\t\t\t<\/div>\n\t\t\t\t<div class=\"elementor-element elementor-element-5535d98 elementor-widget elementor-widget-text-editor\" data-id=\"5535d98\" data-element_type=\"widget\" data-e-type=\"widget\" data-widget_type=\"text-editor.default\">\n\t\t\t\t<div class=\"elementor-widget-container\">\n\t\t\t\t\t\t\t\t\t<p>L\u2019urbanisme proposat per Juan de Marca \u00e9s, de fet, barroc, en la mesura que planteja una pla\u00e7a amb les fa\u00e7anes com a decorat. \u00c9s un urbanisme sense volum. Tot comen\u00e7a i acaba a la pla\u00e7a com una gran \u201ccorrala\u201d, com un gran pati de ve\u00efns, fins i tot amb l\u2019esgl\u00e9sia com si fos un ve\u00ed m\u00e9s.<\/p><p>El recinte es manifesta com un dodec\u00e0edre sense volum. La part del darrere de les cases, podr\u00edem dir que no existeix; fins i tot l\u2019esgl\u00e9sia, com hem vist, no t\u00e9 volum: la part del darrere, la cap\u00e7alera, queda inserida dins d\u2019un corral m\u00e9s, com els que tenien les cases, cosa que es fa evident fins i tot en la qualitat de la f\u00e0brica del cos del temple, com hem vist.<\/p><p>Quan els fullets tur\u00edstics ens diuen que anem a veure una <strong>pla\u00e7a<\/strong>, \u00e9s veritat, nom\u00e9s \u00e9s una pla\u00e7a, no un poble com a conjunt volum\u00e8tric. En intentar envoltar per l\u2019exterior el Chodes dissenyat per Juan de Marca ja hem vist que no era significativament possible: no existeix un darrere que configuri un tancament estructural de les cases conformant una unitat urban\u00edstica significativa i uniforme.<\/p><p>Era clar que ens trob\u00e0vem davant d\u2019un projecte urban\u00edstic tancat en si mateix, sense altra possibilitat que el creixement en forma de \u00abcarrer urb\u00e0\u00bb seguint el cam\u00ed que el travessa. D\u2019una banda, els camps agr\u00edcoles no s\u2019havien de construir; de l\u2019altra, la muntanya a la qual s\u2019adossa la pla\u00e7a no ofereix precisament bones condicions d\u2019assentament, com hem vist en les fotografies del carrer Calvari.<\/p><p>Per mi ha estat molt interessant descobrir aquesta pla\u00e7a que forma un poble, i retrotreure&#8217;m al segle XVI, a un senyoriu de base burgesa que \u00e9s capa\u00e7 de dissenyar un assentament de repoblaci\u00f3 simplement econ\u00f2mica per millorar els seus interessos, per\u00f2 que ho fa sobre un model urban\u00edstic propi i original sota un disseny d&#8217;\u201carquitecte\u201d. Podia haver constru\u00eft 24 cases de qualsevol manera i disposici\u00f3, o al llarg d&#8217;un carrer, o d&#8217;una forma ortogonal, com en altres casos del moment al propi Arag\u00f3. Per\u00f2 va triar una forma que semblen entroncar amb les idees urban\u00edstiques del renaixement-barroc itali\u00e0 predominant en la cultura europea.<\/p>\t\t\t\t\t\t\t\t<\/div>\n\t\t\t\t<\/div>\n\t\t\t\t<div class=\"elementor-element elementor-element-9ba3cde elementor-widget elementor-widget-heading\" data-id=\"9ba3cde\" data-element_type=\"widget\" data-e-type=\"widget\" data-widget_type=\"heading.default\">\n\t\t\t\t<div class=\"elementor-widget-container\">\n\t\t\t\t\t<h3 class=\"elementor-heading-title elementor-size-default\">Un poble amb un altre particular: la cursa del \u00abMundial del Pollo\u00bb<\/h3>\t\t\t\t<\/div>\n\t\t\t\t<\/div>\n\t\t\t\t<div class=\"elementor-element elementor-element-46836d8 elementor-widget elementor-widget-text-editor\" data-id=\"46836d8\" data-element_type=\"widget\" data-e-type=\"widget\" data-widget_type=\"text-editor.default\">\n\t\t\t\t<div class=\"elementor-widget-container\">\n\t\t\t\t\t\t\t\t\t<p>Canviant a un terreny m\u00e9s anecd\u00f2tic i de la vida social, vull assenyalar un aspecte de l&#8217;evoluci\u00f3 social d&#8217;aquesta poblaci\u00f3 on sembla que la forma urbana ha influ\u00eft significativament.<\/p><p>Entre els elements contemporanis que dialoguen amb la forma hist\u00f2rica de la pla\u00e7a, destaca una curiosa cursa pedestre en un circuit no menys original: donar voltes al dodec\u00e0gon de la pla\u00e7a, de 90 metres de corda. T\u00e9 lloc el diumenge de setembre-octubre de cada any, durant les festes patronals de Sant Miquel.<\/p><p>Es tracta d\u2019una cursa, almenys, des de 1907 i probablement des del segle XIX, i per la qual han passat <strong>els millors corredors d\u2019Espanya<\/strong>: des de <em>Mariano Haro<\/em> o <em>Santiago Delaparte<\/em> fins al campi\u00f3 del m\u00f3n de marat\u00f3, <em>Abel Ant\u00f3n<\/em>, que, per cert, va quedar segon, a qui li han dedicat el nom d&#8217;un dels portals. Per\u00f2 en diuen \u201cmundial\u201d perqu\u00e8 atrau tamb\u00e9 atletes internacionals.<\/p><p>Eren 120 voltes a la pla\u00e7a (uns 11 quil\u00f2metres), per a la qual cosa els arbres plantats al seu voltant fan de tanca de la pista.<\/p><p>Des de la pand\u00e8mia s\u2019ha desdoblat en una cursa masculina i una altra de femenina, ambdues de 100 voltes (uns 9 quil\u00f2metres).<\/p><p>Se l\u2019anomena <strong>del pollo<\/strong> perqu\u00e8 en moltes ocasions els premis van ser: tres pollastres per al guanyador, dos per al segon i un pollastre per al tercer.<\/p><p>Queda subratllada aix\u00ed la singularitat del dodec\u00e0gon com a escenari col\u00b7lectiu que ha influ\u00eft en la vida social de la comunitat.<\/p>\t\t\t\t\t\t\t\t<\/div>\n\t\t\t\t<\/div>\n\t\t\t\t<div class=\"elementor-element elementor-element-b442a59 elementor-widget elementor-widget-image\" data-id=\"b442a59\" data-element_type=\"widget\" data-e-type=\"widget\" data-widget_type=\"image.default\">\n\t\t\t\t<div class=\"elementor-widget-container\">\n\t\t\t\t\t\t\t\t\t\t\t\t<figure class=\"wp-caption\">\n\t\t\t\t\t\t\t\t\t\t<img loading=\"lazy\" decoding=\"async\" width=\"768\" height=\"512\" src=\"https:\/\/www.elturistatranquil.com\/wp-content\/uploads\/F54-Chodes-Zaragoza.-Carrera-Mundial-del-Pollo-Foto-El-Periodico-de-Aragon.jpg\" class=\"attachment-large size-large wp-image-62687\" alt=\"Chodes. Zaragoza\" srcset=\"https:\/\/www.elturistatranquil.com\/wp-content\/uploads\/F54-Chodes-Zaragoza.-Carrera-Mundial-del-Pollo-Foto-El-Periodico-de-Aragon.jpg 768w, https:\/\/www.elturistatranquil.com\/wp-content\/uploads\/F54-Chodes-Zaragoza.-Carrera-Mundial-del-Pollo-Foto-El-Periodico-de-Aragon-339x226.jpg 339w\" sizes=\"(max-width: 768px) 100vw, 768px\" \/>\t\t\t\t\t\t\t\t\t\t\t<figcaption class=\"widget-image-caption wp-caption-text\">(Foto: El Peri\u00f3dico de Arag\u00f3n)<\/figcaption>\n\t\t\t\t\t\t\t\t\t\t<\/figure>\n\t\t\t\t\t\t\t\t\t<\/div>\n\t\t\t\t<\/div>\n\t\t\t\t<div class=\"elementor-element elementor-element-686c965 elementor-widget elementor-widget-heading\" data-id=\"686c965\" data-element_type=\"widget\" data-e-type=\"widget\" data-widget_type=\"heading.default\">\n\t\t\t\t<div class=\"elementor-widget-container\">\n\t\t\t\t\t<h3 class=\"elementor-heading-title elementor-size-default\">Una curiositat d\u2019urbanisme invers al de Chodes<\/h3>\t\t\t\t<\/div>\n\t\t\t\t<\/div>\n\t\t\t\t<div class=\"elementor-element elementor-element-59f6887 elementor-widget elementor-widget-text-editor\" data-id=\"59f6887\" data-element_type=\"widget\" data-e-type=\"widget\" data-widget_type=\"text-editor.default\">\n\t\t\t\t<div class=\"elementor-widget-container\">\n\t\t\t\t\t\t\t\t\t<p>Una curiositat. Un segle m\u00e9s tard, a <a href=\"https:\/\/www.elturistatranquil.com\/ca\/almaden-ciudad-real\/#c5305\" target=\"_blank\" rel=\"noopener\"><strong>Almad\u00e9n<\/strong><\/a> (Ciudad Real) s\u2019aplic\u00e0 el mateix model urban\u00edstic, per\u00f2 en sentit invers.<\/p><p>Amb la finalitat d\u2019obtenir recursos permanents per al manteniment de l\u2019hospital, es va idear la construcci\u00f3 d\u2019una pla\u00e7a de braus hexagonal amb cases adossades per fora del mur, obertes a l\u2019exterior. Aix\u00ed podrien obtenir rendes dels festeigs taurins i dels lloguers de les cases.<\/p><p>L&#8217;he anomenat urbanisme invers al de Chodes, perqu\u00e8 el pol\u00edgon interior configura un espai tancat, mentre que les entrades als habitatges es projecten cap a l&#8217;exterior sense formar un \u00e0mbit de vida social intens.<\/p>\t\t\t\t\t\t\t\t<\/div>\n\t\t\t\t<\/div>\n\t\t\t\t<div class=\"elementor-element elementor-element-5acdbfb elementor-widget elementor-widget-image\" data-id=\"5acdbfb\" data-element_type=\"widget\" data-e-type=\"widget\" data-widget_type=\"image.default\">\n\t\t\t\t<div class=\"elementor-widget-container\">\n\t\t\t\t\t\t\t\t\t\t\t\t<figure class=\"wp-caption\">\n\t\t\t\t\t\t\t\t\t\t<img loading=\"lazy\" decoding=\"async\" width=\"768\" height=\"512\" src=\"https:\/\/www.elturistatranquil.com\/wp-content\/uploads\/F55-Almaden-Plaza-de-Toros-con-viviendasGoogle-maps-2020-03-25.jpg\" class=\"attachment-large size-large wp-image-62689\" alt=\"Almaden Plaza de Toros con viviendas(Google maps 2020-03-25)\" srcset=\"https:\/\/www.elturistatranquil.com\/wp-content\/uploads\/F55-Almaden-Plaza-de-Toros-con-viviendasGoogle-maps-2020-03-25.jpg 768w, https:\/\/www.elturistatranquil.com\/wp-content\/uploads\/F55-Almaden-Plaza-de-Toros-con-viviendasGoogle-maps-2020-03-25-339x226.jpg 339w\" sizes=\"(max-width: 768px) 100vw, 768px\" \/>\t\t\t\t\t\t\t\t\t\t\t<figcaption class=\"widget-image-caption wp-caption-text\"><\/figcaption>\n\t\t\t\t\t\t\t\t\t\t<\/figure>\n\t\t\t\t\t\t\t\t\t<\/div>\n\t\t\t\t<\/div>\n\t\t\t\t<div class=\"elementor-element elementor-element-6d61553 elementor-widget elementor-widget-image\" data-id=\"6d61553\" data-element_type=\"widget\" data-e-type=\"widget\" data-widget_type=\"image.default\">\n\t\t\t\t<div class=\"elementor-widget-container\">\n\t\t\t\t\t\t\t\t\t\t\t\t<figure class=\"wp-caption\">\n\t\t\t\t\t\t\t\t\t\t<img loading=\"lazy\" decoding=\"async\" width=\"768\" height=\"511\" src=\"https:\/\/www.elturistatranquil.com\/wp-content\/uploads\/F56-Almaden.-Viviendas-de-la-Plaza-de-Toros.jpg\" class=\"attachment-large size-large wp-image-62691\" alt=\"Almaden. Viviendas de la Plaza de Toros\" srcset=\"https:\/\/www.elturistatranquil.com\/wp-content\/uploads\/F56-Almaden.-Viviendas-de-la-Plaza-de-Toros.jpg 768w, https:\/\/www.elturistatranquil.com\/wp-content\/uploads\/F56-Almaden.-Viviendas-de-la-Plaza-de-Toros-339x226.jpg 339w\" sizes=\"(max-width: 768px) 100vw, 768px\" \/>\t\t\t\t\t\t\t\t\t\t\t<figcaption class=\"widget-image-caption wp-caption-text\"><\/figcaption>\n\t\t\t\t\t\t\t\t\t\t<\/figure>\n\t\t\t\t\t\t\t\t\t<\/div>\n\t\t\t\t<\/div>\n\t\t\t\t<div class=\"elementor-element elementor-element-ddc8206 elementor-widget elementor-widget-heading\" data-id=\"ddc8206\" data-element_type=\"widget\" data-e-type=\"widget\" data-widget_type=\"heading.default\">\n\t\t\t\t<div class=\"elementor-widget-container\">\n\t\t\t\t\t<h2 class=\"elementor-heading-title elementor-size-default\">Fi de la visita<\/h2>\t\t\t\t<\/div>\n\t\t\t\t<\/div>\n\t\t\t\t<div class=\"elementor-element elementor-element-180c4e4 elementor-widget elementor-widget-text-editor\" data-id=\"180c4e4\" data-element_type=\"widget\" data-e-type=\"widget\" data-widget_type=\"text-editor.default\">\n\t\t\t\t<div class=\"elementor-widget-container\">\n\t\t\t\t\t\t\t\t\t<p><strong>Chodes <\/strong>es pot considerar un dels pocs exemples conservats a Espanya d\u2019assentament senyorial programat de l\u2019Edat Moderna. La seva estructura tancada, el car\u00e0cter excepcional de la seva pla\u00e7a dodecagonal i la llegibilitat actual del tra\u00e7at el converteixen en una pe\u00e7a singular de l\u2019urbanisme rural aragon\u00e8s.<\/p><p>En haver-se plantejat com un urbanisme tancat i delimitat a un nombre de cases per a les quals no es preveia un creixement, ha fet dif\u00edcil la integraci\u00f3 urbana que ha dut fins a la poblaci\u00f3 dels nostres dies. L\u2019element visual de la planta de la pla\u00e7a no es reflecteix en una unitat estructural del conjunt constru\u00eft, que ofereix una imatge esmicolada, sense integraci\u00f3, ni de pla ni d\u2019estil.<\/p><p>La visita permet comprovar sobre el terreny l\u2019efecte d\u2019una decisi\u00f3 pol\u00edtica, econ\u00f2mica i cultural senyorial de finals del segle XVII que ha quedat fixada per sempre en la forma mateixa del poble.<\/p><p>Acabo aqu\u00ed amb la presentaci\u00f3 d\u2019un altre <strong>model d\u2019assentament programat<\/strong> aplicat al llarg de la hist\u00f2ria a Espanya. Durant l\u2019\u00e8poca Moderna hi va haver altres assentaments programats a Arag\u00f3 vinculats a la repoblaci\u00f3, per\u00f2 aquests adoptaren formes m\u00e9s cl\u00e0ssiques d\u2019urbanisme de tipus ortogonal. Cap amb l\u2019originalitat, i potser ambici\u00f3 cultural, de <strong>Chodes<\/strong>.<\/p>\t\t\t\t\t\t\t\t<\/div>\n\t\t\t\t<\/div>\n\t\t\t\t<div class=\"elementor-element elementor-element-b72cb15 elementor-widget elementor-widget-heading\" data-id=\"b72cb15\" data-element_type=\"widget\" data-e-type=\"widget\" data-widget_type=\"heading.default\">\n\t\t\t\t<div class=\"elementor-widget-container\">\n\t\t\t\t\t<h2 class=\"elementor-heading-title elementor-size-default\">Bases d'informaci\u00f3<\/h2>\t\t\t\t<\/div>\n\t\t\t\t<\/div>\n\t\t\t\t<div class=\"elementor-element elementor-element-43c9814d elementor-widget elementor-widget-text-editor\" data-id=\"43c9814d\" data-element_type=\"widget\" data-e-type=\"widget\" data-widget_type=\"text-editor.default\">\n\t\t\t\t<div class=\"elementor-widget-container\">\n\t\t\t\t\t\t\t\t\t<p><strong>Webs<br \/><\/strong><a href=\"https:\/\/www.ayuntamiento.es\/chodes\/\" target=\"_blank\" rel=\"noopener\">ayuntamiento<\/a><br \/><a href=\"https:\/\/es.wikipedia.org\/wiki\/Chodes\" target=\"_blank\" rel=\"noopener\">wikipedia<\/a><br \/><a href=\"https:\/\/turismoenaragon.com\/item\/chodes-2\/\" target=\"_blank\" rel=\"noopener\">turismodearagon<\/a><br \/><a href=\"https:\/\/comarcaacomarca.com\/articulo\/chodes\/\" target=\"_blank\" rel=\"noopener\">comarcaacomarca<\/a><br \/><a href=\"https:\/\/valdejalon.es\/pueblo-a-pueblo\/chodes\/\" target=\"_blank\" rel=\"noopener\">valdejalon<\/a><br \/><a href=\"https:\/\/www.elviajedelalibelula.com\/single-post\/2018\/08\/04\/la-plaza-ochavada-de-chodes\" target=\"_blank\" rel=\"noopener\">elviajedelalibelula<\/a><br \/><a href=\"https:\/\/www.enjoyzaragoza.es\/chodes\/\" target=\"_blank\" rel=\"noopener\">enjoyzaragoza<\/a><\/p><p><strong>Webs academic<br \/><\/strong>Madoz, Pascual. <a href=\"https:\/\/www.diccionariomadoz.com\" target=\"_blank\" rel=\"noopener\"><em>Diccionario geogr\u00e1fico-estad\u00edstico-historico de Espa\u00f1a y sus posesiones de ultramar (1846-1850)<\/em><\/a> <br \/>Borr\u00e1s Gualis, Gonzalo M. (1988). <em><a href=\"https:\/\/papiro.unizar.es\/ojs\/index.php\/artigrama\/article\/view\/7640\/6359\" target=\"_blank\" rel=\"noopener\">La plaza ochavada de Chodes (Zaragoza). Contribuci\u00f3n al urbanismo del siglo XVII<\/a><br \/><\/em>Almer\u00eda, Jos\u00e9 Antonio et alt. (1983). <a href=\"https:\/\/ifc.dpz.es\/publicaciones\/ver\/id\/1188\" target=\"_blank\" rel=\"noopener\"><em>Las artes en Zaragoza en el \u00faltimo tercio del siglo XVII (1676-1696). Estudio documental<\/em><\/a><br \/>Urbipedia. <a href=\"https:\/\/www.urbipedia.org\/hoja\/Juan_de_Marca\" target=\"_blank\" rel=\"noopener\"><em>Juan de Marca<\/em><\/a><br \/>Clemente, Juan. <em><a href=\"https:\/\/www.studocu.com\/es\/document\/universidad-complutense-de-madrid\/historia-del-urbanismo\/c-ciudades-del-renacimiento\/2432925\" target=\"_blank\" rel=\"noopener\">Estudio sobre Urbanismo en la Ciudad del Renacimiento<\/a><br \/><\/em>Invstigart.<a href=\"https:\/\/www.investigart.com\/2018\/12\/07\/el-barroco-del-poder-arquitectura-y-urbanismo-al-servicio-de-papas-y-reyes\/\" target=\"_blank\" rel=\"noopener\"><em> El Barroco del Poder: arquitectura y urbanismo al servicio de papas y reyes<\/em><\/a><br \/>Sobr\u00f3n Garc\u00eda, Ignacio (slideshare). <a href=\"https:\/\/es.slideshare.net\/slideshow\/caractersticas-del-urbanismo-barroco-en-espaa-y-evolucin-de-la-arquitectura\/72051661\" target=\"_blank\" rel=\"noopener\"><em>Caracter\u00edsticas del urbanismo barroco en Espa\u00f1a y evoluci\u00f3n de la arquitectura<\/em><\/a><br \/>OpenCourseWare (OCW) de la UPV\/EHU<em>. <a href=\"https:\/\/ocw.ehu.eus\/mod\/book\/tool\/print\/index.php?id=43445\" target=\"_blank\" rel=\"noopener\">La ciudad renacentista y barroca<\/a><\/em><\/p>\t\t\t\t\t\t\t\t<\/div>\n\t\t\t\t<\/div>\n\t\t\t\t\t<\/div>\n\t\t<\/div>\n\t\t\t\t\t<\/div>\n\t\t<\/section>\n\t\t\t\t<\/div>\n\t\t","protected":false},"excerpt":{"rendered":"<p>Chodes (Saragossa) es pot considerar un dels pocs exemples conservats a Espanya d&#8217;assentament senyorial programat de l&#8217;Edat Moderna, sota un model totalment original formant una pla\u00e7a de dotze costats. Chodes, &#8230; <a title=\"Chodes, poblat programat (Saragossa)\" class=\"read-more\" href=\"https:\/\/www.elturistatranquil.com\/ca\/chodes-poblat-programat-saragossa\/\" aria-label=\"M\u00e9s informaci\u00f3 sobre Chodes, poblat programat (Saragossa)\">[ &#8230; ]<\/a><\/p>\n","protected":false},"author":1,"featured_media":62567,"comment_status":"open","ping_status":"closed","sticky":false,"template":"","format":"standard","meta":{"footnotes":""},"categories":[249,78,83,87,99,100,185,139],"tags":[],"class_list":["post-62709","post","type-post","status-publish","format-standard","has-post-thumbnail","hentry","category-assentments-programats","category-cultura-rural-ca","category-historia-ca","category-joies-al-territori","category-poble","category-pobles-i-ciutats-amb-interes","category-saragossa","category-segle-xvi-xvii","infinite-scroll-item","generate-columns","tablet-grid-50","mobile-grid-100","grid-parent","grid-50","no-featured-image-padding"],"yoast_head":"<!-- This site is optimized with the Yoast SEO plugin v27.4 - https:\/\/yoast.com\/product\/yoast-seo-wordpress\/ -->\n<title>Chodes, poblat programat (Saragossa) - El turista tranquil<\/title>\n<meta name=\"description\" content=\"Chodes (Saragossa) es pot considerar un dels pocs exemples conservats a Espanya d&#039;assentament senyorial programat de l&#039;Edat Moderna, sota un model totalment original formant una pla\u00e7a de dotze costats.\" \/>\n<meta name=\"robots\" content=\"index, follow, max-snippet:-1, max-image-preview:large, max-video-preview:-1\" \/>\n<link rel=\"canonical\" href=\"https:\/\/www.elturistatranquil.com\/ca\/chodes-poblat-programat-saragossa\/\" \/>\n<meta property=\"og:locale\" content=\"ca_ES\" \/>\n<meta property=\"og:type\" content=\"article\" \/>\n<meta property=\"og:title\" content=\"Chodes, poblat programat (Saragossa) - El turista tranquil\" \/>\n<meta property=\"og:description\" content=\"Chodes (Saragossa) es pot considerar un dels pocs exemples conservats a Espanya d&#039;assentament senyorial programat de l&#039;Edat Moderna, sota un model totalment original formant una pla\u00e7a de dotze costats.\" \/>\n<meta property=\"og:url\" content=\"https:\/\/www.elturistatranquil.com\/ca\/chodes-poblat-programat-saragossa\/\" \/>\n<meta property=\"og:site_name\" content=\"El turista tranquil\" \/>\n<meta property=\"article:publisher\" content=\"https:\/\/www.facebook.com\/elturistatranquilo\/\" \/>\n<meta property=\"article:published_time\" content=\"2025-11-15T11:36:17+00:00\" \/>\n<meta property=\"article:modified_time\" content=\"2025-12-16T11:32:54+00:00\" \/>\n<meta property=\"og:image\" content=\"https:\/\/www.elturistatranquil.com\/wp-content\/uploads\/F00-Chodes.-Zaragoza.jpg\" \/>\n\t<meta property=\"og:image:width\" content=\"768\" \/>\n\t<meta property=\"og:image:height\" content=\"512\" \/>\n\t<meta property=\"og:image:type\" content=\"image\/jpeg\" \/>\n<meta name=\"author\" content=\"admin\" \/>\n<meta name=\"twitter:card\" content=\"summary_large_image\" \/>\n<meta name=\"twitter:label1\" content=\"Escrit per\" \/>\n\t<meta name=\"twitter:data1\" content=\"admin\" \/>\n\t<meta name=\"twitter:label2\" content=\"Temps estimat de lectura\" \/>\n\t<meta name=\"twitter:data2\" content=\"39 minuts\" \/>\n<script type=\"application\/ld+json\" class=\"yoast-schema-graph\">{\"@context\":\"https:\\\/\\\/schema.org\",\"@graph\":[{\"@type\":\"Article\",\"@id\":\"https:\\\/\\\/www.elturistatranquil.com\\\/ca\\\/chodes-poblat-programat-saragossa\\\/#article\",\"isPartOf\":{\"@id\":\"https:\\\/\\\/www.elturistatranquil.com\\\/ca\\\/chodes-poblat-programat-saragossa\\\/\"},\"author\":{\"name\":\"admin\",\"@id\":\"https:\\\/\\\/www.elturistatranquil.com\\\/ca\\\/#\\\/schema\\\/person\\\/16f607c3079b96ed0c530a52e6b58bb5\"},\"headline\":\"Chodes, poblat programat (Saragossa)\",\"datePublished\":\"2025-11-15T11:36:17+00:00\",\"dateModified\":\"2025-12-16T11:32:54+00:00\",\"mainEntityOfPage\":{\"@id\":\"https:\\\/\\\/www.elturistatranquil.com\\\/ca\\\/chodes-poblat-programat-saragossa\\\/\"},\"wordCount\":6260,\"commentCount\":0,\"image\":{\"@id\":\"https:\\\/\\\/www.elturistatranquil.com\\\/ca\\\/chodes-poblat-programat-saragossa\\\/#primaryimage\"},\"thumbnailUrl\":\"https:\\\/\\\/www.elturistatranquil.com\\\/wp-content\\\/uploads\\\/F00-Chodes.-Zaragoza.jpg\",\"articleSection\":[\"Assentaments programats\",\"Cultura rural\",\"Hist\u00f2ria\",\"Joies al territori\",\"Poble\",\"Pobles i ciutats amb inter\u00e9s\",\"Saragossa\",\"Segle XVI-XVII\"],\"inLanguage\":\"ca\",\"potentialAction\":[{\"@type\":\"CommentAction\",\"name\":\"Comment\",\"target\":[\"https:\\\/\\\/www.elturistatranquil.com\\\/ca\\\/chodes-poblat-programat-saragossa\\\/#respond\"]}]},{\"@type\":\"WebPage\",\"@id\":\"https:\\\/\\\/www.elturistatranquil.com\\\/ca\\\/chodes-poblat-programat-saragossa\\\/\",\"url\":\"https:\\\/\\\/www.elturistatranquil.com\\\/ca\\\/chodes-poblat-programat-saragossa\\\/\",\"name\":\"Chodes, poblat programat (Saragossa) - El turista tranquil\",\"isPartOf\":{\"@id\":\"https:\\\/\\\/www.elturistatranquil.com\\\/ca\\\/#website\"},\"primaryImageOfPage\":{\"@id\":\"https:\\\/\\\/www.elturistatranquil.com\\\/ca\\\/chodes-poblat-programat-saragossa\\\/#primaryimage\"},\"image\":{\"@id\":\"https:\\\/\\\/www.elturistatranquil.com\\\/ca\\\/chodes-poblat-programat-saragossa\\\/#primaryimage\"},\"thumbnailUrl\":\"https:\\\/\\\/www.elturistatranquil.com\\\/wp-content\\\/uploads\\\/F00-Chodes.-Zaragoza.jpg\",\"datePublished\":\"2025-11-15T11:36:17+00:00\",\"dateModified\":\"2025-12-16T11:32:54+00:00\",\"author\":{\"@id\":\"https:\\\/\\\/www.elturistatranquil.com\\\/ca\\\/#\\\/schema\\\/person\\\/16f607c3079b96ed0c530a52e6b58bb5\"},\"description\":\"Chodes (Saragossa) es pot considerar un dels pocs exemples conservats a Espanya d'assentament senyorial programat de l'Edat Moderna, sota un model totalment original formant una pla\u00e7a de dotze costats.\",\"breadcrumb\":{\"@id\":\"https:\\\/\\\/www.elturistatranquil.com\\\/ca\\\/chodes-poblat-programat-saragossa\\\/#breadcrumb\"},\"inLanguage\":\"ca\",\"potentialAction\":[{\"@type\":\"ReadAction\",\"target\":[\"https:\\\/\\\/www.elturistatranquil.com\\\/ca\\\/chodes-poblat-programat-saragossa\\\/\"]}]},{\"@type\":\"ImageObject\",\"inLanguage\":\"ca\",\"@id\":\"https:\\\/\\\/www.elturistatranquil.com\\\/ca\\\/chodes-poblat-programat-saragossa\\\/#primaryimage\",\"url\":\"https:\\\/\\\/www.elturistatranquil.com\\\/wp-content\\\/uploads\\\/F00-Chodes.-Zaragoza.jpg\",\"contentUrl\":\"https:\\\/\\\/www.elturistatranquil.com\\\/wp-content\\\/uploads\\\/F00-Chodes.-Zaragoza.jpg\",\"width\":768,\"height\":512,\"caption\":\"Chodes. Zaragoza\"},{\"@type\":\"BreadcrumbList\",\"@id\":\"https:\\\/\\\/www.elturistatranquil.com\\\/ca\\\/chodes-poblat-programat-saragossa\\\/#breadcrumb\",\"itemListElement\":[{\"@type\":\"ListItem\",\"position\":1,\"name\":\"Portada\",\"item\":\"https:\\\/\\\/www.elturistatranquil.com\\\/ca\\\/\"},{\"@type\":\"ListItem\",\"position\":2,\"name\":\"Chodes, poblat programat (Saragossa)\"}]},{\"@type\":\"WebSite\",\"@id\":\"https:\\\/\\\/www.elturistatranquil.com\\\/ca\\\/#website\",\"url\":\"https:\\\/\\\/www.elturistatranquil.com\\\/ca\\\/\",\"name\":\"El turista tranquil\",\"description\":\"Blog de viatges\",\"potentialAction\":[{\"@type\":\"SearchAction\",\"target\":{\"@type\":\"EntryPoint\",\"urlTemplate\":\"https:\\\/\\\/www.elturistatranquil.com\\\/ca\\\/?s={search_term_string}\"},\"query-input\":{\"@type\":\"PropertyValueSpecification\",\"valueRequired\":true,\"valueName\":\"search_term_string\"}}],\"inLanguage\":\"ca\"},{\"@type\":\"Person\",\"@id\":\"https:\\\/\\\/www.elturistatranquil.com\\\/ca\\\/#\\\/schema\\\/person\\\/16f607c3079b96ed0c530a52e6b58bb5\",\"name\":\"admin\",\"image\":{\"@type\":\"ImageObject\",\"inLanguage\":\"ca\",\"@id\":\"https:\\\/\\\/secure.gravatar.com\\\/avatar\\\/1fbaf22aee75fcbb29a2f97b107f95d25d3a19b7c3416105be10269872673e8d?s=96&d=mm&r=g\",\"url\":\"https:\\\/\\\/secure.gravatar.com\\\/avatar\\\/1fbaf22aee75fcbb29a2f97b107f95d25d3a19b7c3416105be10269872673e8d?s=96&d=mm&r=g\",\"contentUrl\":\"https:\\\/\\\/secure.gravatar.com\\\/avatar\\\/1fbaf22aee75fcbb29a2f97b107f95d25d3a19b7c3416105be10269872673e8d?s=96&d=mm&r=g\",\"caption\":\"admin\"}}]}<\/script>\n<!-- \/ Yoast SEO plugin. -->","yoast_head_json":{"title":"Chodes, poblat programat (Saragossa) - El turista tranquil","description":"Chodes (Saragossa) es pot considerar un dels pocs exemples conservats a Espanya d'assentament senyorial programat de l'Edat Moderna, sota un model totalment original formant una pla\u00e7a de dotze costats.","robots":{"index":"index","follow":"follow","max-snippet":"max-snippet:-1","max-image-preview":"max-image-preview:large","max-video-preview":"max-video-preview:-1"},"canonical":"https:\/\/www.elturistatranquil.com\/ca\/chodes-poblat-programat-saragossa\/","og_locale":"ca_ES","og_type":"article","og_title":"Chodes, poblat programat (Saragossa) - El turista tranquil","og_description":"Chodes (Saragossa) es pot considerar un dels pocs exemples conservats a Espanya d'assentament senyorial programat de l'Edat Moderna, sota un model totalment original formant una pla\u00e7a de dotze costats.","og_url":"https:\/\/www.elturistatranquil.com\/ca\/chodes-poblat-programat-saragossa\/","og_site_name":"El turista tranquil","article_publisher":"https:\/\/www.facebook.com\/elturistatranquilo\/","article_published_time":"2025-11-15T11:36:17+00:00","article_modified_time":"2025-12-16T11:32:54+00:00","og_image":[{"width":768,"height":512,"url":"https:\/\/www.elturistatranquil.com\/wp-content\/uploads\/F00-Chodes.-Zaragoza.jpg","type":"image\/jpeg"}],"author":"admin","twitter_card":"summary_large_image","twitter_misc":{"Escrit per":"admin","Temps estimat de lectura":"39 minuts"},"schema":{"@context":"https:\/\/schema.org","@graph":[{"@type":"Article","@id":"https:\/\/www.elturistatranquil.com\/ca\/chodes-poblat-programat-saragossa\/#article","isPartOf":{"@id":"https:\/\/www.elturistatranquil.com\/ca\/chodes-poblat-programat-saragossa\/"},"author":{"name":"admin","@id":"https:\/\/www.elturistatranquil.com\/ca\/#\/schema\/person\/16f607c3079b96ed0c530a52e6b58bb5"},"headline":"Chodes, poblat programat (Saragossa)","datePublished":"2025-11-15T11:36:17+00:00","dateModified":"2025-12-16T11:32:54+00:00","mainEntityOfPage":{"@id":"https:\/\/www.elturistatranquil.com\/ca\/chodes-poblat-programat-saragossa\/"},"wordCount":6260,"commentCount":0,"image":{"@id":"https:\/\/www.elturistatranquil.com\/ca\/chodes-poblat-programat-saragossa\/#primaryimage"},"thumbnailUrl":"https:\/\/www.elturistatranquil.com\/wp-content\/uploads\/F00-Chodes.-Zaragoza.jpg","articleSection":["Assentaments programats","Cultura rural","Hist\u00f2ria","Joies al territori","Poble","Pobles i ciutats amb inter\u00e9s","Saragossa","Segle XVI-XVII"],"inLanguage":"ca","potentialAction":[{"@type":"CommentAction","name":"Comment","target":["https:\/\/www.elturistatranquil.com\/ca\/chodes-poblat-programat-saragossa\/#respond"]}]},{"@type":"WebPage","@id":"https:\/\/www.elturistatranquil.com\/ca\/chodes-poblat-programat-saragossa\/","url":"https:\/\/www.elturistatranquil.com\/ca\/chodes-poblat-programat-saragossa\/","name":"Chodes, poblat programat (Saragossa) - El turista tranquil","isPartOf":{"@id":"https:\/\/www.elturistatranquil.com\/ca\/#website"},"primaryImageOfPage":{"@id":"https:\/\/www.elturistatranquil.com\/ca\/chodes-poblat-programat-saragossa\/#primaryimage"},"image":{"@id":"https:\/\/www.elturistatranquil.com\/ca\/chodes-poblat-programat-saragossa\/#primaryimage"},"thumbnailUrl":"https:\/\/www.elturistatranquil.com\/wp-content\/uploads\/F00-Chodes.-Zaragoza.jpg","datePublished":"2025-11-15T11:36:17+00:00","dateModified":"2025-12-16T11:32:54+00:00","author":{"@id":"https:\/\/www.elturistatranquil.com\/ca\/#\/schema\/person\/16f607c3079b96ed0c530a52e6b58bb5"},"description":"Chodes (Saragossa) es pot considerar un dels pocs exemples conservats a Espanya d'assentament senyorial programat de l'Edat Moderna, sota un model totalment original formant una pla\u00e7a de dotze costats.","breadcrumb":{"@id":"https:\/\/www.elturistatranquil.com\/ca\/chodes-poblat-programat-saragossa\/#breadcrumb"},"inLanguage":"ca","potentialAction":[{"@type":"ReadAction","target":["https:\/\/www.elturistatranquil.com\/ca\/chodes-poblat-programat-saragossa\/"]}]},{"@type":"ImageObject","inLanguage":"ca","@id":"https:\/\/www.elturistatranquil.com\/ca\/chodes-poblat-programat-saragossa\/#primaryimage","url":"https:\/\/www.elturistatranquil.com\/wp-content\/uploads\/F00-Chodes.-Zaragoza.jpg","contentUrl":"https:\/\/www.elturistatranquil.com\/wp-content\/uploads\/F00-Chodes.-Zaragoza.jpg","width":768,"height":512,"caption":"Chodes. Zaragoza"},{"@type":"BreadcrumbList","@id":"https:\/\/www.elturistatranquil.com\/ca\/chodes-poblat-programat-saragossa\/#breadcrumb","itemListElement":[{"@type":"ListItem","position":1,"name":"Portada","item":"https:\/\/www.elturistatranquil.com\/ca\/"},{"@type":"ListItem","position":2,"name":"Chodes, poblat programat (Saragossa)"}]},{"@type":"WebSite","@id":"https:\/\/www.elturistatranquil.com\/ca\/#website","url":"https:\/\/www.elturistatranquil.com\/ca\/","name":"El turista tranquil","description":"Blog de viatges","potentialAction":[{"@type":"SearchAction","target":{"@type":"EntryPoint","urlTemplate":"https:\/\/www.elturistatranquil.com\/ca\/?s={search_term_string}"},"query-input":{"@type":"PropertyValueSpecification","valueRequired":true,"valueName":"search_term_string"}}],"inLanguage":"ca"},{"@type":"Person","@id":"https:\/\/www.elturistatranquil.com\/ca\/#\/schema\/person\/16f607c3079b96ed0c530a52e6b58bb5","name":"admin","image":{"@type":"ImageObject","inLanguage":"ca","@id":"https:\/\/secure.gravatar.com\/avatar\/1fbaf22aee75fcbb29a2f97b107f95d25d3a19b7c3416105be10269872673e8d?s=96&d=mm&r=g","url":"https:\/\/secure.gravatar.com\/avatar\/1fbaf22aee75fcbb29a2f97b107f95d25d3a19b7c3416105be10269872673e8d?s=96&d=mm&r=g","contentUrl":"https:\/\/secure.gravatar.com\/avatar\/1fbaf22aee75fcbb29a2f97b107f95d25d3a19b7c3416105be10269872673e8d?s=96&d=mm&r=g","caption":"admin"}}]}},"_links":{"self":[{"href":"https:\/\/www.elturistatranquil.com\/ca\/wp-json\/wp\/v2\/posts\/62709","targetHints":{"allow":["GET"]}}],"collection":[{"href":"https:\/\/www.elturistatranquil.com\/ca\/wp-json\/wp\/v2\/posts"}],"about":[{"href":"https:\/\/www.elturistatranquil.com\/ca\/wp-json\/wp\/v2\/types\/post"}],"author":[{"embeddable":true,"href":"https:\/\/www.elturistatranquil.com\/ca\/wp-json\/wp\/v2\/users\/1"}],"replies":[{"embeddable":true,"href":"https:\/\/www.elturistatranquil.com\/ca\/wp-json\/wp\/v2\/comments?post=62709"}],"version-history":[{"count":19,"href":"https:\/\/www.elturistatranquil.com\/ca\/wp-json\/wp\/v2\/posts\/62709\/revisions"}],"predecessor-version":[{"id":63248,"href":"https:\/\/www.elturistatranquil.com\/ca\/wp-json\/wp\/v2\/posts\/62709\/revisions\/63248"}],"wp:featuredmedia":[{"embeddable":true,"href":"https:\/\/www.elturistatranquil.com\/ca\/wp-json\/wp\/v2\/media\/62567"}],"wp:attachment":[{"href":"https:\/\/www.elturistatranquil.com\/ca\/wp-json\/wp\/v2\/media?parent=62709"}],"wp:term":[{"taxonomy":"category","embeddable":true,"href":"https:\/\/www.elturistatranquil.com\/ca\/wp-json\/wp\/v2\/categories?post=62709"},{"taxonomy":"post_tag","embeddable":true,"href":"https:\/\/www.elturistatranquil.com\/ca\/wp-json\/wp\/v2\/tags?post=62709"}],"curies":[{"name":"wp","href":"https:\/\/api.w.org\/{rel}","templated":true}]}}