{"id":62868,"date":"2025-11-22T13:04:52","date_gmt":"2025-11-22T12:04:52","guid":{"rendered":"https:\/\/www.elturistatranquil.com\/?p=62868"},"modified":"2025-11-30T13:09:43","modified_gmt":"2025-11-30T12:09:43","slug":"parador-de-albacete-llanos-de-albacete","status":"publish","type":"post","link":"https:\/\/www.elturistatranquil.com\/ca\/parador-de-albacete-llanos-de-albacete\/","title":{"rendered":"Parador de Albacete. Llanos de Albacete"},"content":{"rendered":"\t\t<div data-elementor-type=\"wp-post\" data-elementor-id=\"62868\" class=\"elementor elementor-62868 elementor-62730\" data-elementor-post-type=\"post\">\n\t\t\t\t\t\t<section class=\"elementor-section elementor-top-section elementor-element elementor-element-2c50ce22 elementor-section-boxed elementor-section-height-default elementor-section-height-default\" data-id=\"2c50ce22\" data-element_type=\"section\" data-e-type=\"section\">\n\t\t\t\t\t\t<div class=\"elementor-container elementor-column-gap-default\">\n\t\t\t\t\t<div class=\"elementor-column elementor-col-100 elementor-top-column elementor-element elementor-element-2692a6cf\" data-id=\"2692a6cf\" data-element_type=\"column\" data-e-type=\"column\">\n\t\t\t<div class=\"elementor-widget-wrap elementor-element-populated\">\n\t\t\t\t\t\t<section class=\"elementor-section elementor-inner-section elementor-element elementor-element-592f7980 elementor-section-content-middle elementor-section-boxed elementor-section-height-default elementor-section-height-default\" data-id=\"592f7980\" data-element_type=\"section\" data-e-type=\"section\">\n\t\t\t\t\t\t<div class=\"elementor-container elementor-column-gap-default\">\n\t\t\t\t\t<div class=\"elementor-column elementor-col-100 elementor-inner-column elementor-element elementor-element-1253d373\" data-id=\"1253d373\" data-element_type=\"column\" data-e-type=\"column\">\n\t\t\t<div class=\"elementor-widget-wrap elementor-element-populated\">\n\t\t\t\t\t\t<div class=\"elementor-element elementor-element-33d916e3 elementor-widget elementor-widget-text-editor\" data-id=\"33d916e3\" data-element_type=\"widget\" data-e-type=\"widget\" data-widget_type=\"text-editor.default\">\n\t\t\t\t<div class=\"elementor-widget-container\">\n\t\t\t\t\t\t\t\t\t<p>Al costat de la ciutat, el <strong>Parador de Albacete<\/strong> encarna aquesta idea d&#8217;oasi a la meitat de la Meseta, discret i c\u00f2mode en un ampli complex d&#8217;arquitectura neorural.<\/p>\t\t\t\t\t\t\t\t<\/div>\n\t\t\t\t<\/div>\n\t\t\t\t\t<\/div>\n\t\t<\/div>\n\t\t\t\t\t<\/div>\n\t\t<\/section>\n\t\t\t\t<div class=\"elementor-element elementor-element-5d6d102f elementor-widget elementor-widget-heading\" data-id=\"5d6d102f\" data-element_type=\"widget\" data-e-type=\"widget\" data-widget_type=\"heading.default\">\n\t\t\t\t<div class=\"elementor-widget-container\">\n\t\t\t\t\t<h1 class=\"elementor-heading-title elementor-size-default\">Parador de Albacete. Llanos de Albacete<\/h1>\t\t\t\t<\/div>\n\t\t\t\t<\/div>\n\t\t\t\t\t<\/div>\n\t\t<\/div>\n\t\t\t\t\t<\/div>\n\t\t<\/section>\n\t\t\t\t<section class=\"elementor-section elementor-top-section elementor-element elementor-element-3521cbcb elementor-section-boxed elementor-section-height-default elementor-section-height-default\" data-id=\"3521cbcb\" data-element_type=\"section\" data-e-type=\"section\">\n\t\t\t\t\t\t<div class=\"elementor-container elementor-column-gap-default\">\n\t\t\t\t\t<div class=\"elementor-column elementor-col-100 elementor-top-column elementor-element elementor-element-4cee1b18\" data-id=\"4cee1b18\" data-element_type=\"column\" data-e-type=\"column\">\n\t\t\t<div class=\"elementor-widget-wrap elementor-element-populated\">\n\t\t\t\t\t\t<div class=\"elementor-element elementor-element-40b6c68c elementor-widget elementor-widget-image\" data-id=\"40b6c68c\" data-element_type=\"widget\" data-e-type=\"widget\" data-widget_type=\"image.default\">\n\t\t\t\t<div class=\"elementor-widget-container\">\n\t\t\t\t\t\t\t\t\t\t\t\t<figure class=\"wp-caption\">\n\t\t\t\t\t\t\t\t\t\t<img fetchpriority=\"high\" decoding=\"async\" width=\"768\" height=\"512\" src=\"https:\/\/www.elturistatranquil.com\/wp-content\/uploads\/F01-Parador-de-Albacete.jpg\" class=\"attachment-large size-large wp-image-62739\" alt=\"Parador de Albacete\" srcset=\"https:\/\/www.elturistatranquil.com\/wp-content\/uploads\/F01-Parador-de-Albacete.jpg 768w, https:\/\/www.elturistatranquil.com\/wp-content\/uploads\/F01-Parador-de-Albacete-339x226.jpg 339w\" sizes=\"(max-width: 768px) 100vw, 768px\" \/>\t\t\t\t\t\t\t\t\t\t\t<figcaption class=\"widget-image-caption wp-caption-text\"><\/figcaption>\n\t\t\t\t\t\t\t\t\t\t<\/figure>\n\t\t\t\t\t\t\t\t\t<\/div>\n\t\t\t\t<\/div>\n\t\t\t\t<div class=\"elementor-element elementor-element-27e3c89c elementor-widget elementor-widget-spacer\" data-id=\"27e3c89c\" data-element_type=\"widget\" data-e-type=\"widget\" data-widget_type=\"spacer.default\">\n\t\t\t\t<div class=\"elementor-widget-container\">\n\t\t\t\t\t\t\t<div class=\"elementor-spacer\">\n\t\t\t<div class=\"elementor-spacer-inner\"><\/div>\n\t\t<\/div>\n\t\t\t\t\t\t<\/div>\n\t\t\t\t<\/div>\n\t\t\t\t<section class=\"elementor-section elementor-inner-section elementor-element elementor-element-583c6baa elementor-section-boxed elementor-section-height-default elementor-section-height-default\" data-id=\"583c6baa\" data-element_type=\"section\" data-e-type=\"section\" data-settings=\"{&quot;background_background&quot;:&quot;classic&quot;}\">\n\t\t\t\t\t\t\t<div class=\"elementor-background-overlay\"><\/div>\n\t\t\t\t\t\t\t<div class=\"elementor-container elementor-column-gap-default\">\n\t\t\t\t\t<div class=\"elementor-column elementor-col-100 elementor-inner-column elementor-element elementor-element-26295f09\" data-id=\"26295f09\" data-element_type=\"column\" data-e-type=\"column\" data-settings=\"{&quot;background_background&quot;:&quot;classic&quot;}\">\n\t\t\t<div class=\"elementor-widget-wrap elementor-element-populated\">\n\t\t\t\t\t\t<div class=\"elementor-element elementor-element-4603bd8f elementor-widget elementor-widget-text-editor\" data-id=\"4603bd8f\" data-element_type=\"widget\" data-e-type=\"widget\" data-widget_type=\"text-editor.default\">\n\t\t\t\t<div class=\"elementor-widget-container\">\n\t\t\t\t\t\t\t\t\t<p>Adre\u00e7a: CN-301, km 251 02080 Albacete. Comarca: Llanos de Albacete. Prov\u00edncia: Albacete. Com. Aut\u00f2noma: Castilla-La Mancla<br \/>Coordenades: 38\u00b057\u203245\u2033N 1\u00b049\u203222\u2033O. Altitud: 701 msnm.<br \/>Web: <a href=\"https:\/\/paradores.es\/es\/parador-de-albacete?gclsrc=aw.ds&amp;gad_source=1&amp;gad_campaignid=18590350485&amp;gbraid=0AAAAADqEyarIizmhg7Ycc4oU9YXMKN2nV&amp;gclid=Cj0KCQiA0KrJBhCOARIsAGIy9wAqx5fxfU_28abavuc9rJvH4DWCoHKgbZu5oseck1rfeqkdyNbm43saAiQPEALw_wcB\" target=\"_blank\" rel=\"noopener\">paradordealbacete<\/a><br \/>Tfn.: 967245321<br \/>Email: <a href=\"mailto:albacete@parador.es\" target=\"_blank\" rel=\"noopener\">albacete@parador.es<\/a><br \/>68 habitacions<br \/>Estada: 2025<\/p>\t\t\t\t\t\t\t\t<\/div>\n\t\t\t\t<\/div>\n\t\t\t\t\t<\/div>\n\t\t<\/div>\n\t\t\t\t\t<\/div>\n\t\t<\/section>\n\t\t\t\t<div class=\"elementor-element elementor-element-4c9950f0 elementor-widget elementor-widget-image\" data-id=\"4c9950f0\" data-element_type=\"widget\" data-e-type=\"widget\" data-widget_type=\"image.default\">\n\t\t\t\t<div class=\"elementor-widget-container\">\n\t\t\t\t\t\t\t\t\t\t\t\t<figure class=\"wp-caption\">\n\t\t\t\t\t\t\t\t\t\t<img decoding=\"async\" width=\"768\" height=\"512\" src=\"https:\/\/www.elturistatranquil.com\/wp-content\/uploads\/F02c-Mapa-de-situacio-del-Parador-de-Albacete-Google-maps-2025-11-15.jpg\" class=\"attachment-medium_large size-medium_large wp-image-62870\" alt=\"Parador de Albacete\" srcset=\"https:\/\/www.elturistatranquil.com\/wp-content\/uploads\/F02c-Mapa-de-situacio-del-Parador-de-Albacete-Google-maps-2025-11-15.jpg 768w, https:\/\/www.elturistatranquil.com\/wp-content\/uploads\/F02c-Mapa-de-situacio-del-Parador-de-Albacete-Google-maps-2025-11-15-339x226.jpg 339w\" sizes=\"(max-width: 768px) 100vw, 768px\" \/>\t\t\t\t\t\t\t\t\t\t\t<figcaption class=\"widget-image-caption wp-caption-text\">Mapa de situaci\u00f3 del Parador de Albacete (Google maps 2025-11-15)<\/figcaption>\n\t\t\t\t\t\t\t\t\t\t<\/figure>\n\t\t\t\t\t\t\t\t\t<\/div>\n\t\t\t\t<\/div>\n\t\t\t\t<div class=\"elementor-element elementor-element-4c5e9bd7 elementor-widget elementor-widget-spacer\" data-id=\"4c5e9bd7\" data-element_type=\"widget\" data-e-type=\"widget\" data-widget_type=\"spacer.default\">\n\t\t\t\t<div class=\"elementor-widget-container\">\n\t\t\t\t\t\t\t<div class=\"elementor-spacer\">\n\t\t\t<div class=\"elementor-spacer-inner\"><\/div>\n\t\t<\/div>\n\t\t\t\t\t\t<\/div>\n\t\t\t\t<\/div>\n\t\t\t\t<div class=\"elementor-element elementor-element-1b4622df elementor-toc--minimized-on-tablet elementor-widget elementor-widget-table-of-contents\" data-id=\"1b4622df\" data-element_type=\"widget\" data-e-type=\"widget\" data-settings=\"{&quot;headings_by_tags&quot;:[&quot;h2&quot;,&quot;h3&quot;,&quot;h4&quot;],&quot;marker_view&quot;:&quot;bullets&quot;,&quot;icon&quot;:{&quot;value&quot;:&quot;&quot;,&quot;library&quot;:&quot;&quot;},&quot;no_headings_message&quot;:&quot;No se ha encontrado ning\\u00fan encabezado en esta p\\u00e1gina.&quot;,&quot;minimize_box&quot;:&quot;yes&quot;,&quot;minimized_on&quot;:&quot;tablet&quot;,&quot;hierarchical_view&quot;:&quot;yes&quot;,&quot;min_height&quot;:{&quot;unit&quot;:&quot;px&quot;,&quot;size&quot;:&quot;&quot;,&quot;sizes&quot;:[]},&quot;min_height_tablet&quot;:{&quot;unit&quot;:&quot;px&quot;,&quot;size&quot;:&quot;&quot;,&quot;sizes&quot;:[]},&quot;min_height_mobile&quot;:{&quot;unit&quot;:&quot;px&quot;,&quot;size&quot;:&quot;&quot;,&quot;sizes&quot;:[]}}\" data-widget_type=\"table-of-contents.default\">\n\t\t\t\t<div class=\"elementor-widget-container\">\n\t\t\t\t\t\t\t\t\t<div class=\"elementor-toc__header\">\n\t\t\t\t\t\t<h4 class=\"elementor-toc__header-title\">\n\t\t\t\t\u00cdndex\t\t\t<\/h4>\n\t\t\t\t\t\t\t\t\t\t<div class=\"elementor-toc__toggle-button elementor-toc__toggle-button--expand\" role=\"button\" tabindex=\"0\" aria-controls=\"elementor-toc__1b4622df\" aria-expanded=\"true\" aria-label=\"Open table of contents\"><i aria-hidden=\"true\" class=\"fas fa-chevron-down\"><\/i><\/div>\n\t\t\t\t<div class=\"elementor-toc__toggle-button elementor-toc__toggle-button--collapse\" role=\"button\" tabindex=\"0\" aria-controls=\"elementor-toc__1b4622df\" aria-expanded=\"true\" aria-label=\"Close table of contents\"><i aria-hidden=\"true\" class=\"fas fa-chevron-up\"><\/i><\/div>\n\t\t\t\t\t<\/div>\n\t\t\t\t<div id=\"elementor-toc__1b4622df\" class=\"elementor-toc__body\">\n\t\t\t<div class=\"elementor-toc__spinner-container\">\n\t\t\t\t<i class=\"elementor-toc__spinner eicon-animation-spin eicon-loading\" aria-hidden=\"true\"><\/i>\t\t\t<\/div>\n\t\t<\/div>\n\t\t\t\t\t\t<\/div>\n\t\t\t\t<\/div>\n\t\t\t\t<div class=\"elementor-element elementor-element-2f8af0c elementor-widget elementor-widget-spacer\" data-id=\"2f8af0c\" data-element_type=\"widget\" data-e-type=\"widget\" data-widget_type=\"spacer.default\">\n\t\t\t\t<div class=\"elementor-widget-container\">\n\t\t\t\t\t\t\t<div class=\"elementor-spacer\">\n\t\t\t<div class=\"elementor-spacer-inner\"><\/div>\n\t\t<\/div>\n\t\t\t\t\t\t<\/div>\n\t\t\t\t<\/div>\n\t\t\t\t<div class=\"elementor-element elementor-element-3f95ec93 elementor-widget elementor-widget-heading\" data-id=\"3f95ec93\" data-element_type=\"widget\" data-e-type=\"widget\" data-widget_type=\"heading.default\">\n\t\t\t\t<div class=\"elementor-widget-container\">\n\t\t\t\t\t<h2 class=\"elementor-heading-title elementor-size-default\">Parador de Albacete. Llanos de Albacete. Albacete<\/h2>\t\t\t\t<\/div>\n\t\t\t\t<\/div>\n\t\t\t\t<div class=\"elementor-element elementor-element-3636df4 elementor-widget elementor-widget-heading\" data-id=\"3636df4\" data-element_type=\"widget\" data-e-type=\"widget\" data-widget_type=\"heading.default\">\n\t\t\t\t<div class=\"elementor-widget-container\">\n\t\t\t\t\t<h2 class=\"elementor-heading-title elementor-size-default\">Elecci\u00f3 de l\u2019allotjament<\/h2>\t\t\t\t<\/div>\n\t\t\t\t<\/div>\n\t\t\t\t<div class=\"elementor-element elementor-element-25e864e4 elementor-widget elementor-widget-text-editor\" data-id=\"25e864e4\" data-element_type=\"widget\" data-e-type=\"widget\" data-widget_type=\"text-editor.default\">\n\t\t\t\t<div class=\"elementor-widget-container\">\n\t\t\t\t\t\t\t\t\t<p>En triar Albacete com a lloc de sortida em vaig plantejar la possibilitat d\u2019allotjar-me en un parador nacional. En aquest cas, l\u2019elecci\u00f3 venia motivada pel bon record que tenia d\u2019haver menjat al restaurant del Parador de Albacete anys enrere, en una parada al cam\u00ed, on va predominar el menjar manxec de qualitat.<\/p><p>Amb aquesta decisi\u00f3, incorporava un altre tipus d\u2019allotjament \u2014<strong>un parador nacional<\/strong>\u2014 a les experi\u00e8ncies que vaig presentant al <em>Blog<\/em>.<\/p>\t\t\t\t\t\t\t\t<\/div>\n\t\t\t\t<\/div>\n\t\t\t\t<div class=\"elementor-element elementor-element-1fce0f3d elementor-widget elementor-widget-heading\" data-id=\"1fce0f3d\" data-element_type=\"widget\" data-e-type=\"widget\" data-widget_type=\"heading.default\">\n\t\t\t\t<div class=\"elementor-widget-container\">\n\t\t\t\t\t<h2 class=\"elementor-heading-title elementor-size-default\">El Parador<\/h2>\t\t\t\t<\/div>\n\t\t\t\t<\/div>\n\t\t\t\t<div class=\"elementor-element elementor-element-1ae5e92e elementor-widget elementor-widget-text-editor\" data-id=\"1ae5e92e\" data-element_type=\"widget\" data-e-type=\"widget\" data-widget_type=\"text-editor.default\">\n\t\t\t\t<div class=\"elementor-widget-container\">\n\t\t\t\t\t\t\t\t\t<p>El <strong>Parador de Albacete<\/strong> \u00e9s un establiment de la xarxa de Paradores de Turismo, situat a la plana manxega als afores de la ciutat d\u2019Albacete, concebut com una reinterpretaci\u00f3 contempor\u00e0nia d\u2019una quinta rural de La Manxa. Es caracteritza per la seva arquitectura neorural inspirada en els hostals cervantins, les seves \u00e0mplies zones enjardinades i una oferta de serveis orientada tant al descans com a reunions i esdeveniments.<\/p><p>Dins del conjunt de Paradores, el d\u2019Albacete representa el model \u201cde nova planta\u201d en entorn rural, enfront dels establiments ubicats en castells, monestirs o palaus hist\u00f2rics. La seva singularitat rau en qu\u00e8 recrea una tipologia aut\u00f2ctona manxega \u2014la quintana o casa agr\u00edcola amb corral i pati\u2014 en lloc de reutilitzar un edifici monumental preexistent, oferint una narrativa diferent: la de l\u2019hospitalitat de les antigues ventes i les grans cases de camp. \u00c9s un refugi arran de terra, dissenyat no per dominar el paisatge, sin\u00f3 per fondre-s\u2019hi sota el vast cel de La Manxa d\u2019Albacete.<\/p><p>Per comprendre la singularitat d\u2019aquest parador, \u00e9s necessari situar-lo en el context hist\u00f2ric de la xarxa. Inaugurat el 1966, el <strong>Parador de La Mancha<\/strong> \u2014com tamb\u00e9 se\u2019l coneix\u2014 pertany a una generaci\u00f3 d\u2019establiments que va marcar un canvi de rumb en la filosofia de la instituci\u00f3. Si la primera etapa se centr\u00e0 en el rescat de patrimoni monumental en ru\u00efnes, la d\u00e8cada dels seixanta va portar la necessitat d\u2019articular el turisme a trav\u00e9s de les carreteres. L\u2019objectiu ja no era nom\u00e9s restaurar, sin\u00f3 crear nova planta que dignifiqu\u00e9s l\u2019arquitectura regional. Aix\u00ed, el Parador de Albacete no \u00e9s un edifici hist\u00f2ric rehabilitat, sin\u00f3 una recreaci\u00f3 fidel i rom\u00e0ntica d\u2019una \u201cquinta manxega\u201d, concebuda per representar la identitat del territori davant del viatger que creuava la pen\u00ednsula cap al Llevant.<\/p><p>Aquesta condici\u00f3 li confereix un car\u00e0cter m\u00e9s funcional i paisatg\u00edstic que patrimonial en sentit estricte, encara que s\u2019integra en l\u2019estrat\u00e8gia de la cadena de posar en valor territoris i rutes culturals com la Ruta del Quixot.<\/p>\t\t\t\t\t\t\t\t<\/div>\n\t\t\t\t<\/div>\n\t\t\t\t<div class=\"elementor-element elementor-element-6fd6d0e elementor-widget elementor-widget-heading\" data-id=\"6fd6d0e\" data-element_type=\"widget\" data-e-type=\"widget\" data-widget_type=\"heading.default\">\n\t\t\t\t<div class=\"elementor-widget-container\">\n\t\t\t\t\t<h2 class=\"elementor-heading-title elementor-size-default\">L\u2019allotjament: Parador de Albacete<\/h2>\t\t\t\t<\/div>\n\t\t\t\t<\/div>\n\t\t\t\t<div class=\"elementor-element elementor-element-bcdb125 elementor-widget elementor-widget-text-editor\" data-id=\"bcdb125\" data-element_type=\"widget\" data-e-type=\"widget\" data-widget_type=\"text-editor.default\">\n\t\t\t\t<div class=\"elementor-widget-container\">\n\t\t\t\t\t\t\t\t\t<p>El <strong>Parador<\/strong> se situa al sud-est del nucli urb\u00e0 d\u2019Albacete, al quil\u00f2metre 251 de l\u2019antiga carretera N-301, en plena plana manxega, envoltat d\u2019un paisatge obert de terres de cultiu.<\/p><p>Es troba a 5,4 quil\u00f2metres del <strong>P\u00e0rquing APK2. Pla\u00e7a Sembrador-AVE<\/strong>, (38\u00b059&#8217;47.3&#8243;N 1\u00b051&#8217;08.1&#8243;O) molt ben situat amb relaci\u00f3 al centre de la ciutat.<\/p>\t\t\t\t\t\t\t\t<\/div>\n\t\t\t\t<\/div>\n\t\t\t\t<div class=\"elementor-element elementor-element-3dc77640 elementor-widget elementor-widget-image\" data-id=\"3dc77640\" data-element_type=\"widget\" data-e-type=\"widget\" data-widget_type=\"image.default\">\n\t\t\t\t<div class=\"elementor-widget-container\">\n\t\t\t\t\t\t\t\t\t\t\t\t<figure class=\"wp-caption\">\n\t\t\t\t\t\t\t\t\t\t<img decoding=\"async\" width=\"768\" height=\"512\" src=\"https:\/\/www.elturistatranquil.com\/wp-content\/uploads\/F03-Parador-de-Albacete-y-Albacete-Google-maps-2025-11-15.jpg\" class=\"attachment-large size-large wp-image-62743\" alt=\"Parador de Albacete\" srcset=\"https:\/\/www.elturistatranquil.com\/wp-content\/uploads\/F03-Parador-de-Albacete-y-Albacete-Google-maps-2025-11-15.jpg 768w, https:\/\/www.elturistatranquil.com\/wp-content\/uploads\/F03-Parador-de-Albacete-y-Albacete-Google-maps-2025-11-15-339x226.jpg 339w\" sizes=\"(max-width: 768px) 100vw, 768px\" \/>\t\t\t\t\t\t\t\t\t\t\t<figcaption class=\"widget-image-caption wp-caption-text\">(Google maps 2025-11-15)<\/figcaption>\n\t\t\t\t\t\t\t\t\t\t<\/figure>\n\t\t\t\t\t\t\t\t\t<\/div>\n\t\t\t\t<\/div>\n\t\t\t\t<div class=\"elementor-element elementor-element-c6775c9 elementor-widget elementor-widget-text-editor\" data-id=\"c6775c9\" data-element_type=\"widget\" data-e-type=\"widget\" data-widget_type=\"text-editor.default\">\n\t\t\t\t<div class=\"elementor-widget-container\">\n\t\t\t\t\t\t\t\t\t<p>L\u2019edifici s\u2019inaugur\u00e0 el 1970 com a <strong>Alberg Nacional de Carretera<\/strong>, dins de la xarxa d\u2019Albergs que l\u2019Estat va edificar al costat de les grans rutes per donar servei als automobilistes que recorrien l\u2019aleshores molt transitada N-301, ara reconvertida en l\u2019autovia A-30, gran eix de comunicaci\u00f3 entre el centre i el sud-est peninsular.<\/p><p>A difer\u00e8ncia d\u2019altres albergs de carretera, es decid\u00ed ubicar-lo lleugerament retirat del tra\u00e7at per preservar la tranquil\u00b7litat i evitar el soroll del tr\u00e0nsit rodat, cosa que va marcar des de l\u2019inici la seva vocaci\u00f3 de refugi reposat enmig de la plana.<\/p><p>La localitzaci\u00f3 de l\u2019establiment juga un paper fonamental en el seu car\u00e0cter. Situat a prop de l\u2019autovia i a escassos quil\u00f2metres del centre urb\u00e0 d\u2019Albacete, el converteix en un h\u00edbrid perfecte: funciona com un tranquil <em>ressort<\/em> de les afores, a\u00efllat del bullici, per\u00f2 serveix alhora com a base d\u2019operacions immillorable per explorar la ciutat i la prov\u00edncia.<\/p><p>Com veurem, \u00e9s un oasi verd enmig del sec\u00e0, gr\u00e0cies als seus amplis jardins que alberguen una gran piscina i pistes de tennis (abans havia tingut un camp de <em>Pitch and Putt<\/em> que encara se\u2019l cita a les referencies tur\u00edstiques).<\/p>\t\t\t\t\t\t\t\t<\/div>\n\t\t\t\t<\/div>\n\t\t\t\t<div class=\"elementor-element elementor-element-6296ad5b elementor-widget elementor-widget-heading\" data-id=\"6296ad5b\" data-element_type=\"widget\" data-e-type=\"widget\" data-widget_type=\"heading.default\">\n\t\t\t\t<div class=\"elementor-widget-container\">\n\t\t\t\t\t<h5 class=\"elementor-heading-title elementor-size-default\">L\u2019edifici<\/h5>\t\t\t\t<\/div>\n\t\t\t\t<\/div>\n\t\t\t\t<div class=\"elementor-element elementor-element-d5866f9 elementor-widget elementor-widget-text-editor\" data-id=\"d5866f9\" data-element_type=\"widget\" data-e-type=\"widget\" data-widget_type=\"text-editor.default\">\n\t\t\t\t<div class=\"elementor-widget-container\">\n\t\t\t\t\t\t\t\t\t<p>El complex s\u2019aixec\u00e0 a la <strong>finca La Morena<\/strong>, obra de l\u2019arquitecte <strong>Manuel Sainz de Vicu\u00f1a Garc\u00eda-Prieto<\/strong>, i amb els anys s\u2019integr\u00e0 plenament a la xarxa de Paradores com a destinaci\u00f3 de descans i escapada.<\/p><p>La seva arquitectura es plantej\u00e0 com un exercici de mimetisme i respecte per la tradici\u00f3. L\u2019edifici destaca per la seva marcada horitzontalitat, estenent-se sobre el terreny pla per no trencar l\u2019harmonia visual de la Meseta, amb nom\u00e9s dos nivells.<\/p><p>Els seus murs emblanquinats, que reflecteixen el sol intens de l\u2019estiu, contrasten amb la calidesa del ma\u00f3 vist, la fusta fosca de les bigues i la teula \u00e0rab de les cobertes. En creuar les portes, el visitant es submergeix en una atmosfera que inevitablement evoca les p\u00e0gines del <em>Quixot<\/em>. La vida interior s\u2019articula, seguint l\u2019her\u00e8ncia castellana i \u00e0rab, al voltant de patis i jardins. Llargs corredors i galeries envidrades amb terres de terracota connecten les depend\u00e8ncies, creant un relaxant joc de llums i ombres que convida a la pausa i a la lectura assossegada.<\/p><p>S\u2019entra al recinte, un quadrat de 200 x 200 metres, per l\u2019angle nord-oest, amb una gran zona d\u2019aparcament.<\/p><p>L\u2019entrada a l\u2019edifici dona a un gran pati quadrat, que fa de claustre, envoltat per passadissos\/pandes envidrades. El costat sud de l\u2019edifici, a la dreta de l\u2019entrada, amb forma d\u2019una \u201cT\u201d una mica irregular, correspon a la zona d\u2019habitacions, orientades en el seu conjunt al sud, mentre que, a la zona nord, a l\u2019esquerra, s\u2019ubiquen el menjador, la cafeteria i els diferents salons.<\/p><p>A l\u2019extrem sud-oest, dues pistes de tennis, i a l\u2019extrem nord-est una gran piscina a l\u2019aire lliure.<\/p>\t\t\t\t\t\t\t\t<\/div>\n\t\t\t\t<\/div>\n\t\t\t\t<div class=\"elementor-element elementor-element-9383a45 elementor-widget elementor-widget-image\" data-id=\"9383a45\" data-element_type=\"widget\" data-e-type=\"widget\" data-widget_type=\"image.default\">\n\t\t\t\t<div class=\"elementor-widget-container\">\n\t\t\t\t\t\t\t\t\t\t\t\t<figure class=\"wp-caption\">\n\t\t\t\t\t\t\t\t\t\t<img loading=\"lazy\" decoding=\"async\" width=\"768\" height=\"512\" src=\"https:\/\/www.elturistatranquil.com\/wp-content\/uploads\/F04-Parador-de-Albacete-Google-maps-2025-11-15.jpg\" class=\"attachment-large size-large wp-image-62745\" alt=\"Parador de Albacete\" srcset=\"https:\/\/www.elturistatranquil.com\/wp-content\/uploads\/F04-Parador-de-Albacete-Google-maps-2025-11-15.jpg 768w, https:\/\/www.elturistatranquil.com\/wp-content\/uploads\/F04-Parador-de-Albacete-Google-maps-2025-11-15-339x226.jpg 339w\" sizes=\"(max-width: 768px) 100vw, 768px\" \/>\t\t\t\t\t\t\t\t\t\t\t<figcaption class=\"widget-image-caption wp-caption-text\">(Google maps 2025-11-15)<\/figcaption>\n\t\t\t\t\t\t\t\t\t\t<\/figure>\n\t\t\t\t\t\t\t\t\t<\/div>\n\t\t\t\t<\/div>\n\t\t\t\t<div class=\"elementor-element elementor-element-d23a01e elementor-widget elementor-widget-image\" data-id=\"d23a01e\" data-element_type=\"widget\" data-e-type=\"widget\" data-widget_type=\"image.default\">\n\t\t\t\t<div class=\"elementor-widget-container\">\n\t\t\t\t\t\t\t\t\t\t\t\t<figure class=\"wp-caption\">\n\t\t\t\t\t\t\t\t\t\t<img loading=\"lazy\" decoding=\"async\" width=\"768\" height=\"512\" src=\"https:\/\/www.elturistatranquil.com\/wp-content\/uploads\/F05-Parador-de-Albacete.jpg\" class=\"attachment-large size-large wp-image-62747\" alt=\"Parador de Albacete\" srcset=\"https:\/\/www.elturistatranquil.com\/wp-content\/uploads\/F05-Parador-de-Albacete.jpg 768w, https:\/\/www.elturistatranquil.com\/wp-content\/uploads\/F05-Parador-de-Albacete-339x226.jpg 339w\" sizes=\"(max-width: 768px) 100vw, 768px\" \/>\t\t\t\t\t\t\t\t\t\t\t<figcaption class=\"widget-image-caption wp-caption-text\"><\/figcaption>\n\t\t\t\t\t\t\t\t\t\t<\/figure>\n\t\t\t\t\t\t\t\t\t<\/div>\n\t\t\t\t<\/div>\n\t\t\t\t<div class=\"elementor-element elementor-element-b723eb9 elementor-widget elementor-widget-image\" data-id=\"b723eb9\" data-element_type=\"widget\" data-e-type=\"widget\" data-widget_type=\"image.default\">\n\t\t\t\t<div class=\"elementor-widget-container\">\n\t\t\t\t\t\t\t\t\t\t\t\t<figure class=\"wp-caption\">\n\t\t\t\t\t\t\t\t\t\t<img loading=\"lazy\" decoding=\"async\" width=\"768\" height=\"512\" src=\"https:\/\/www.elturistatranquil.com\/wp-content\/uploads\/F06-Parador-de-Albacete.jpg\" class=\"attachment-large size-large wp-image-62749\" alt=\"Parador de Albacete\" srcset=\"https:\/\/www.elturistatranquil.com\/wp-content\/uploads\/F06-Parador-de-Albacete.jpg 768w, https:\/\/www.elturistatranquil.com\/wp-content\/uploads\/F06-Parador-de-Albacete-339x226.jpg 339w\" sizes=\"(max-width: 768px) 100vw, 768px\" \/>\t\t\t\t\t\t\t\t\t\t\t<figcaption class=\"widget-image-caption wp-caption-text\"><\/figcaption>\n\t\t\t\t\t\t\t\t\t\t<\/figure>\n\t\t\t\t\t\t\t\t\t<\/div>\n\t\t\t\t<\/div>\n\t\t\t\t<div class=\"elementor-element elementor-element-c7e079c elementor-widget elementor-widget-image\" data-id=\"c7e079c\" data-element_type=\"widget\" data-e-type=\"widget\" data-widget_type=\"image.default\">\n\t\t\t\t<div class=\"elementor-widget-container\">\n\t\t\t\t\t\t\t\t\t\t\t\t<figure class=\"wp-caption\">\n\t\t\t\t\t\t\t\t\t\t<img loading=\"lazy\" decoding=\"async\" width=\"768\" height=\"512\" src=\"https:\/\/www.elturistatranquil.com\/wp-content\/uploads\/F07-Parador-de-Albacete.jpg\" class=\"attachment-large size-large wp-image-62751\" alt=\"\" srcset=\"https:\/\/www.elturistatranquil.com\/wp-content\/uploads\/F07-Parador-de-Albacete.jpg 768w, https:\/\/www.elturistatranquil.com\/wp-content\/uploads\/F07-Parador-de-Albacete-339x226.jpg 339w\" sizes=\"(max-width: 768px) 100vw, 768px\" \/>\t\t\t\t\t\t\t\t\t\t\t<figcaption class=\"widget-image-caption wp-caption-text\"><\/figcaption>\n\t\t\t\t\t\t\t\t\t\t<\/figure>\n\t\t\t\t\t\t\t\t\t<\/div>\n\t\t\t\t<\/div>\n\t\t\t\t<div class=\"elementor-element elementor-element-28138da elementor-widget elementor-widget-image\" data-id=\"28138da\" data-element_type=\"widget\" data-e-type=\"widget\" data-widget_type=\"image.default\">\n\t\t\t\t<div class=\"elementor-widget-container\">\n\t\t\t\t\t\t\t\t\t\t\t\t<figure class=\"wp-caption\">\n\t\t\t\t\t\t\t\t\t\t<img loading=\"lazy\" decoding=\"async\" width=\"768\" height=\"512\" src=\"https:\/\/www.elturistatranquil.com\/wp-content\/uploads\/F08-Parador-de-Albacete.jpg\" class=\"attachment-large size-large wp-image-62753\" alt=\"Parador de Albacete\" srcset=\"https:\/\/www.elturistatranquil.com\/wp-content\/uploads\/F08-Parador-de-Albacete.jpg 768w, https:\/\/www.elturistatranquil.com\/wp-content\/uploads\/F08-Parador-de-Albacete-339x226.jpg 339w\" sizes=\"(max-width: 768px) 100vw, 768px\" \/>\t\t\t\t\t\t\t\t\t\t\t<figcaption class=\"widget-image-caption wp-caption-text\"><\/figcaption>\n\t\t\t\t\t\t\t\t\t\t<\/figure>\n\t\t\t\t\t\t\t\t\t<\/div>\n\t\t\t\t<\/div>\n\t\t\t\t<div class=\"elementor-element elementor-element-fb3c047 elementor-widget elementor-widget-image\" data-id=\"fb3c047\" data-element_type=\"widget\" data-e-type=\"widget\" data-widget_type=\"image.default\">\n\t\t\t\t<div class=\"elementor-widget-container\">\n\t\t\t\t\t\t\t\t\t\t\t\t<figure class=\"wp-caption\">\n\t\t\t\t\t\t\t\t\t\t<img loading=\"lazy\" decoding=\"async\" width=\"768\" height=\"512\" src=\"https:\/\/www.elturistatranquil.com\/wp-content\/uploads\/F09-Parador-de-Albacete.jpg\" class=\"attachment-large size-large wp-image-62755\" alt=\"Parador de Albacete\" srcset=\"https:\/\/www.elturistatranquil.com\/wp-content\/uploads\/F09-Parador-de-Albacete.jpg 768w, https:\/\/www.elturistatranquil.com\/wp-content\/uploads\/F09-Parador-de-Albacete-339x226.jpg 339w\" sizes=\"(max-width: 768px) 100vw, 768px\" \/>\t\t\t\t\t\t\t\t\t\t\t<figcaption class=\"widget-image-caption wp-caption-text\"><\/figcaption>\n\t\t\t\t\t\t\t\t\t\t<\/figure>\n\t\t\t\t\t\t\t\t\t<\/div>\n\t\t\t\t<\/div>\n\t\t\t\t<div class=\"elementor-element elementor-element-e4053ce elementor-widget elementor-widget-text-editor\" data-id=\"e4053ce\" data-element_type=\"widget\" data-e-type=\"widget\" data-widget_type=\"text-editor.default\">\n\t\t\t\t<div class=\"elementor-widget-container\">\n\t\t\t\t\t\t\t\t\t<p>El complex s\u2019articula, com he assenyalat, al voltant d\u2019un pati arbrat amb font central, a l\u2019estil d\u2019un gran claustre tancat amb les pandes envidrades.<\/p>\t\t\t\t\t\t\t\t<\/div>\n\t\t\t\t<\/div>\n\t\t\t\t<div class=\"elementor-element elementor-element-b667f8c elementor-widget elementor-widget-image\" data-id=\"b667f8c\" data-element_type=\"widget\" data-e-type=\"widget\" data-widget_type=\"image.default\">\n\t\t\t\t<div class=\"elementor-widget-container\">\n\t\t\t\t\t\t\t\t\t\t\t\t<figure class=\"wp-caption\">\n\t\t\t\t\t\t\t\t\t\t<img loading=\"lazy\" decoding=\"async\" width=\"768\" height=\"512\" src=\"https:\/\/www.elturistatranquil.com\/wp-content\/uploads\/F10-Parador-de-Albacete.jpg\" class=\"attachment-large size-large wp-image-62760\" alt=\"Parador de Albacete\" srcset=\"https:\/\/www.elturistatranquil.com\/wp-content\/uploads\/F10-Parador-de-Albacete.jpg 768w, https:\/\/www.elturistatranquil.com\/wp-content\/uploads\/F10-Parador-de-Albacete-339x226.jpg 339w\" sizes=\"(max-width: 768px) 100vw, 768px\" \/>\t\t\t\t\t\t\t\t\t\t\t<figcaption class=\"widget-image-caption wp-caption-text\"><\/figcaption>\n\t\t\t\t\t\t\t\t\t\t<\/figure>\n\t\t\t\t\t\t\t\t\t<\/div>\n\t\t\t\t<\/div>\n\t\t\t\t<div class=\"elementor-element elementor-element-5711a64 elementor-widget elementor-widget-image\" data-id=\"5711a64\" data-element_type=\"widget\" data-e-type=\"widget\" data-widget_type=\"image.default\">\n\t\t\t\t<div class=\"elementor-widget-container\">\n\t\t\t\t\t\t\t\t\t\t\t\t<figure class=\"wp-caption\">\n\t\t\t\t\t\t\t\t\t\t<img loading=\"lazy\" decoding=\"async\" width=\"768\" height=\"512\" src=\"https:\/\/www.elturistatranquil.com\/wp-content\/uploads\/F11-Parador-de-Albacete.jpg\" class=\"attachment-large size-large wp-image-62762\" alt=\"Parador de Albacete\" srcset=\"https:\/\/www.elturistatranquil.com\/wp-content\/uploads\/F11-Parador-de-Albacete.jpg 768w, https:\/\/www.elturistatranquil.com\/wp-content\/uploads\/F11-Parador-de-Albacete-339x226.jpg 339w\" sizes=\"(max-width: 768px) 100vw, 768px\" \/>\t\t\t\t\t\t\t\t\t\t\t<figcaption class=\"widget-image-caption wp-caption-text\"><\/figcaption>\n\t\t\t\t\t\t\t\t\t\t<\/figure>\n\t\t\t\t\t\t\t\t\t<\/div>\n\t\t\t\t<\/div>\n\t\t\t\t<div class=\"elementor-element elementor-element-b956d0b elementor-widget elementor-widget-image\" data-id=\"b956d0b\" data-element_type=\"widget\" data-e-type=\"widget\" data-widget_type=\"image.default\">\n\t\t\t\t<div class=\"elementor-widget-container\">\n\t\t\t\t\t\t\t\t\t\t\t\t<figure class=\"wp-caption\">\n\t\t\t\t\t\t\t\t\t\t<img loading=\"lazy\" decoding=\"async\" width=\"768\" height=\"512\" src=\"https:\/\/www.elturistatranquil.com\/wp-content\/uploads\/F12-Parador-de-Albacete.jpg\" class=\"attachment-large size-large wp-image-62764\" alt=\"Parador de Albacete\" srcset=\"https:\/\/www.elturistatranquil.com\/wp-content\/uploads\/F12-Parador-de-Albacete.jpg 768w, https:\/\/www.elturistatranquil.com\/wp-content\/uploads\/F12-Parador-de-Albacete-339x226.jpg 339w\" sizes=\"(max-width: 768px) 100vw, 768px\" \/>\t\t\t\t\t\t\t\t\t\t\t<figcaption class=\"widget-image-caption wp-caption-text\"><\/figcaption>\n\t\t\t\t\t\t\t\t\t\t<\/figure>\n\t\t\t\t\t\t\t\t\t<\/div>\n\t\t\t\t<\/div>\n\t\t\t\t<div class=\"elementor-element elementor-element-1bc1636 elementor-widget elementor-widget-text-editor\" data-id=\"1bc1636\" data-element_type=\"widget\" data-e-type=\"widget\" data-widget_type=\"text-editor.default\">\n\t\t\t\t<div class=\"elementor-widget-container\">\n\t\t\t\t\t\t\t\t\t<p>Arquitect\u00f2nicament, tot el conjunt t\u00e9 dos nivells, on el superior rememora l\u2019arquitectura popular de parets entramades, amb coberta a dues aig\u00fces de teules corbes.<\/p><p>A l\u2019interior destaquen els corredors amples, els terres de terracota, els sostres de fusta i la continu\u00eftat visual entre interiors i jardins, que remet a les antigues ventes descrites per Cervantes.<\/p><p>El conjunt es completa amb grans zones verdes, terrasses exteriors, piscina i \u00e0rees esportives que dilueixen el l\u00edmit entre edifici i paisatge agr\u00edcola circumdant.<\/p><p>L\u2019aparcament exterior gratu\u00eft \u00e9s ampli i c\u00f2mode.<\/p>\t\t\t\t\t\t\t\t<\/div>\n\t\t\t\t<\/div>\n\t\t\t\t<div class=\"elementor-element elementor-element-c228b2c elementor-widget elementor-widget-heading\" data-id=\"c228b2c\" data-element_type=\"widget\" data-e-type=\"widget\" data-widget_type=\"heading.default\">\n\t\t\t\t<div class=\"elementor-widget-container\">\n\t\t\t\t\t<h5 class=\"elementor-heading-title elementor-size-default\">La recepci\u00f3<\/h5>\t\t\t\t<\/div>\n\t\t\t\t<\/div>\n\t\t\t\t<div class=\"elementor-element elementor-element-708b796 elementor-widget elementor-widget-text-editor\" data-id=\"708b796\" data-element_type=\"widget\" data-e-type=\"widget\" data-widget_type=\"text-editor.default\">\n\t\t\t\t<div class=\"elementor-widget-container\">\n\t\t\t\t\t\t\t\t\t<p>El Parador compta amb 68 habitacions amb vista al pati o als jardins.<\/p>\t\t\t\t\t\t\t\t<\/div>\n\t\t\t\t<\/div>\n\t\t\t\t<div class=\"elementor-element elementor-element-e2955b4 elementor-widget elementor-widget-image\" data-id=\"e2955b4\" data-element_type=\"widget\" data-e-type=\"widget\" data-widget_type=\"image.default\">\n\t\t\t\t<div class=\"elementor-widget-container\">\n\t\t\t\t\t\t\t\t\t\t\t\t<figure class=\"wp-caption\">\n\t\t\t\t\t\t\t\t\t\t<img loading=\"lazy\" decoding=\"async\" width=\"768\" height=\"512\" src=\"https:\/\/www.elturistatranquil.com\/wp-content\/uploads\/F13-Parador-de-Albacete.jpg\" class=\"attachment-large size-large wp-image-62766\" alt=\"Parador de Albacete\" srcset=\"https:\/\/www.elturistatranquil.com\/wp-content\/uploads\/F13-Parador-de-Albacete.jpg 768w, https:\/\/www.elturistatranquil.com\/wp-content\/uploads\/F13-Parador-de-Albacete-339x226.jpg 339w\" sizes=\"(max-width: 768px) 100vw, 768px\" \/>\t\t\t\t\t\t\t\t\t\t\t<figcaption class=\"widget-image-caption wp-caption-text\"><\/figcaption>\n\t\t\t\t\t\t\t\t\t\t<\/figure>\n\t\t\t\t\t\t\t\t\t<\/div>\n\t\t\t\t<\/div>\n\t\t\t\t<div class=\"elementor-element elementor-element-f1b324c elementor-widget elementor-widget-text-editor\" data-id=\"f1b324c\" data-element_type=\"widget\" data-e-type=\"widget\" data-widget_type=\"text-editor.default\">\n\t\t\t\t<div class=\"elementor-widget-container\">\n\t\t\t\t\t\t\t\t\t<p>Si has oblidat comprar regals de la terra en les teves sortides els pots adquirir aqu\u00ed, amb les imprescindibles navalles d\u2019Albacete.<\/p>\t\t\t\t\t\t\t\t<\/div>\n\t\t\t\t<\/div>\n\t\t\t\t<div class=\"elementor-element elementor-element-26aa889 elementor-widget elementor-widget-image\" data-id=\"26aa889\" data-element_type=\"widget\" data-e-type=\"widget\" data-widget_type=\"image.default\">\n\t\t\t\t<div class=\"elementor-widget-container\">\n\t\t\t\t\t\t\t\t\t\t\t\t<figure class=\"wp-caption\">\n\t\t\t\t\t\t\t\t\t\t<img loading=\"lazy\" decoding=\"async\" width=\"768\" height=\"512\" src=\"https:\/\/www.elturistatranquil.com\/wp-content\/uploads\/F14-Parador-de-Albacete.jpg\" class=\"attachment-large size-large wp-image-62768\" alt=\"Parador de Albacete\" srcset=\"https:\/\/www.elturistatranquil.com\/wp-content\/uploads\/F14-Parador-de-Albacete.jpg 768w, https:\/\/www.elturistatranquil.com\/wp-content\/uploads\/F14-Parador-de-Albacete-339x226.jpg 339w\" sizes=\"(max-width: 768px) 100vw, 768px\" \/>\t\t\t\t\t\t\t\t\t\t\t<figcaption class=\"widget-image-caption wp-caption-text\"><\/figcaption>\n\t\t\t\t\t\t\t\t\t\t<\/figure>\n\t\t\t\t\t\t\t\t\t<\/div>\n\t\t\t\t<\/div>\n\t\t\t\t<div class=\"elementor-element elementor-element-2409561 elementor-widget elementor-widget-text-editor\" data-id=\"2409561\" data-element_type=\"widget\" data-e-type=\"widget\" data-widget_type=\"text-editor.default\">\n\t\t\t\t<div class=\"elementor-widget-container\">\n\t\t\t\t\t\t\t\t\t<p>En el recorregut fins a l\u2019habitaci\u00f3 es transita per amplis passadissos envidrats.<\/p>\t\t\t\t\t\t\t\t<\/div>\n\t\t\t\t<\/div>\n\t\t\t\t<div class=\"elementor-element elementor-element-da0b88d elementor-widget elementor-widget-image\" data-id=\"da0b88d\" data-element_type=\"widget\" data-e-type=\"widget\" data-widget_type=\"image.default\">\n\t\t\t\t<div class=\"elementor-widget-container\">\n\t\t\t\t\t\t\t\t\t\t\t\t<figure class=\"wp-caption\">\n\t\t\t\t\t\t\t\t\t\t<img loading=\"lazy\" decoding=\"async\" width=\"768\" height=\"512\" src=\"https:\/\/www.elturistatranquil.com\/wp-content\/uploads\/F15-Parador-de-Albacete.jpg\" class=\"attachment-large size-large wp-image-62770\" alt=\"Parador de Albacete\" srcset=\"https:\/\/www.elturistatranquil.com\/wp-content\/uploads\/F15-Parador-de-Albacete.jpg 768w, https:\/\/www.elturistatranquil.com\/wp-content\/uploads\/F15-Parador-de-Albacete-339x226.jpg 339w\" sizes=\"(max-width: 768px) 100vw, 768px\" \/>\t\t\t\t\t\t\t\t\t\t\t<figcaption class=\"widget-image-caption wp-caption-text\"><\/figcaption>\n\t\t\t\t\t\t\t\t\t\t<\/figure>\n\t\t\t\t\t\t\t\t\t<\/div>\n\t\t\t\t<\/div>\n\t\t\t\t<div class=\"elementor-element elementor-element-74fe760 elementor-widget elementor-widget-text-editor\" data-id=\"74fe760\" data-element_type=\"widget\" data-e-type=\"widget\" data-widget_type=\"text-editor.default\">\n\t\t\t\t<div class=\"elementor-widget-container\">\n\t\t\t\t\t\t\t\t\t<p>Tenint el pati central com a punt de refer\u00e8ncia.<\/p>\t\t\t\t\t\t\t\t<\/div>\n\t\t\t\t<\/div>\n\t\t\t\t<div class=\"elementor-element elementor-element-f72eac9 elementor-widget elementor-widget-image\" data-id=\"f72eac9\" data-element_type=\"widget\" data-e-type=\"widget\" data-widget_type=\"image.default\">\n\t\t\t\t<div class=\"elementor-widget-container\">\n\t\t\t\t\t\t\t\t\t\t\t\t<figure class=\"wp-caption\">\n\t\t\t\t\t\t\t\t\t\t<img loading=\"lazy\" decoding=\"async\" width=\"768\" height=\"512\" src=\"https:\/\/www.elturistatranquil.com\/wp-content\/uploads\/F16-Parador-de-Albacete.jpg\" class=\"attachment-large size-large wp-image-62772\" alt=\"Parador de Albacete\" srcset=\"https:\/\/www.elturistatranquil.com\/wp-content\/uploads\/F16-Parador-de-Albacete.jpg 768w, https:\/\/www.elturistatranquil.com\/wp-content\/uploads\/F16-Parador-de-Albacete-339x226.jpg 339w\" sizes=\"(max-width: 768px) 100vw, 768px\" \/>\t\t\t\t\t\t\t\t\t\t\t<figcaption class=\"widget-image-caption wp-caption-text\"><\/figcaption>\n\t\t\t\t\t\t\t\t\t\t<\/figure>\n\t\t\t\t\t\t\t\t\t<\/div>\n\t\t\t\t<\/div>\n\t\t\t\t<div class=\"elementor-element elementor-element-648bf65 elementor-widget elementor-widget-text-editor\" data-id=\"648bf65\" data-element_type=\"widget\" data-e-type=\"widget\" data-widget_type=\"text-editor.default\">\n\t\t\t\t<div class=\"elementor-widget-container\">\n\t\t\t\t\t\t\t\t\t<p>Quadres de tem\u00e0tica manxega o bot\u00e0nica, sostres amb bigues, racons tranquils per llegir o xerrar.<\/p>\t\t\t\t\t\t\t\t<\/div>\n\t\t\t\t<\/div>\n\t\t\t\t<div class=\"elementor-element elementor-element-4f76f4a elementor-widget elementor-widget-image\" data-id=\"4f76f4a\" data-element_type=\"widget\" data-e-type=\"widget\" data-widget_type=\"image.default\">\n\t\t\t\t<div class=\"elementor-widget-container\">\n\t\t\t\t\t\t\t\t\t\t\t\t<figure class=\"wp-caption\">\n\t\t\t\t\t\t\t\t\t\t<img loading=\"lazy\" decoding=\"async\" width=\"768\" height=\"512\" src=\"https:\/\/www.elturistatranquil.com\/wp-content\/uploads\/F17-Parador-de-Albacete.jpg\" class=\"attachment-large size-large wp-image-62774\" alt=\"Parador de Albacete\" srcset=\"https:\/\/www.elturistatranquil.com\/wp-content\/uploads\/F17-Parador-de-Albacete.jpg 768w, https:\/\/www.elturistatranquil.com\/wp-content\/uploads\/F17-Parador-de-Albacete-339x226.jpg 339w\" sizes=\"(max-width: 768px) 100vw, 768px\" \/>\t\t\t\t\t\t\t\t\t\t\t<figcaption class=\"widget-image-caption wp-caption-text\"><\/figcaption>\n\t\t\t\t\t\t\t\t\t\t<\/figure>\n\t\t\t\t\t\t\t\t\t<\/div>\n\t\t\t\t<\/div>\n\t\t\t\t<div class=\"elementor-element elementor-element-401790d elementor-widget elementor-widget-image\" data-id=\"401790d\" data-element_type=\"widget\" data-e-type=\"widget\" data-widget_type=\"image.default\">\n\t\t\t\t<div class=\"elementor-widget-container\">\n\t\t\t\t\t\t\t\t\t\t\t\t<figure class=\"wp-caption\">\n\t\t\t\t\t\t\t\t\t\t<img loading=\"lazy\" decoding=\"async\" width=\"768\" height=\"512\" src=\"https:\/\/www.elturistatranquil.com\/wp-content\/uploads\/F18-Parador-de-Albacete.jpg\" class=\"attachment-large size-large wp-image-62776\" alt=\"Parador de Albacete\" srcset=\"https:\/\/www.elturistatranquil.com\/wp-content\/uploads\/F18-Parador-de-Albacete.jpg 768w, https:\/\/www.elturistatranquil.com\/wp-content\/uploads\/F18-Parador-de-Albacete-339x226.jpg 339w\" sizes=\"(max-width: 768px) 100vw, 768px\" \/>\t\t\t\t\t\t\t\t\t\t\t<figcaption class=\"widget-image-caption wp-caption-text\"><\/figcaption>\n\t\t\t\t\t\t\t\t\t\t<\/figure>\n\t\t\t\t\t\t\t\t\t<\/div>\n\t\t\t\t<\/div>\n\t\t\t\t<div class=\"elementor-element elementor-element-7e03894 elementor-widget elementor-widget-image\" data-id=\"7e03894\" data-element_type=\"widget\" data-e-type=\"widget\" data-widget_type=\"image.default\">\n\t\t\t\t<div class=\"elementor-widget-container\">\n\t\t\t\t\t\t\t\t\t\t\t\t<figure class=\"wp-caption\">\n\t\t\t\t\t\t\t\t\t\t<img loading=\"lazy\" decoding=\"async\" width=\"768\" height=\"512\" src=\"https:\/\/www.elturistatranquil.com\/wp-content\/uploads\/F19-Parador-de-Albacete.jpg\" class=\"attachment-large size-large wp-image-62778\" alt=\"Parador de Albacete\" srcset=\"https:\/\/www.elturistatranquil.com\/wp-content\/uploads\/F19-Parador-de-Albacete.jpg 768w, https:\/\/www.elturistatranquil.com\/wp-content\/uploads\/F19-Parador-de-Albacete-339x226.jpg 339w\" sizes=\"(max-width: 768px) 100vw, 768px\" \/>\t\t\t\t\t\t\t\t\t\t\t<figcaption class=\"widget-image-caption wp-caption-text\"><\/figcaption>\n\t\t\t\t\t\t\t\t\t\t<\/figure>\n\t\t\t\t\t\t\t\t\t<\/div>\n\t\t\t\t<\/div>\n\t\t\t\t<div class=\"elementor-element elementor-element-ece2ff5 elementor-widget elementor-widget-image\" data-id=\"ece2ff5\" data-element_type=\"widget\" data-e-type=\"widget\" data-widget_type=\"image.default\">\n\t\t\t\t<div class=\"elementor-widget-container\">\n\t\t\t\t\t\t\t\t\t\t\t\t<figure class=\"wp-caption\">\n\t\t\t\t\t\t\t\t\t\t<img loading=\"lazy\" decoding=\"async\" width=\"768\" height=\"512\" src=\"https:\/\/www.elturistatranquil.com\/wp-content\/uploads\/F20-Parador-de-Albacete.jpg\" class=\"attachment-large size-large wp-image-62783\" alt=\"Parador de Albacete\" srcset=\"https:\/\/www.elturistatranquil.com\/wp-content\/uploads\/F20-Parador-de-Albacete.jpg 768w, https:\/\/www.elturistatranquil.com\/wp-content\/uploads\/F20-Parador-de-Albacete-339x226.jpg 339w\" sizes=\"(max-width: 768px) 100vw, 768px\" \/>\t\t\t\t\t\t\t\t\t\t\t<figcaption class=\"widget-image-caption wp-caption-text\"><\/figcaption>\n\t\t\t\t\t\t\t\t\t\t<\/figure>\n\t\t\t\t\t\t\t\t\t<\/div>\n\t\t\t\t<\/div>\n\t\t\t\t<div class=\"elementor-element elementor-element-1ae6881 elementor-widget elementor-widget-image\" data-id=\"1ae6881\" data-element_type=\"widget\" data-e-type=\"widget\" data-widget_type=\"image.default\">\n\t\t\t\t<div class=\"elementor-widget-container\">\n\t\t\t\t\t\t\t\t\t\t\t\t<figure class=\"wp-caption\">\n\t\t\t\t\t\t\t\t\t\t<img loading=\"lazy\" decoding=\"async\" width=\"768\" height=\"512\" src=\"https:\/\/www.elturistatranquil.com\/wp-content\/uploads\/F21-Parador-de-Albacete.jpg\" class=\"attachment-large size-large wp-image-62785\" alt=\"Parador de Albacete\" srcset=\"https:\/\/www.elturistatranquil.com\/wp-content\/uploads\/F21-Parador-de-Albacete.jpg 768w, https:\/\/www.elturistatranquil.com\/wp-content\/uploads\/F21-Parador-de-Albacete-339x226.jpg 339w\" sizes=\"(max-width: 768px) 100vw, 768px\" \/>\t\t\t\t\t\t\t\t\t\t\t<figcaption class=\"widget-image-caption wp-caption-text\"><\/figcaption>\n\t\t\t\t\t\t\t\t\t\t<\/figure>\n\t\t\t\t\t\t\t\t\t<\/div>\n\t\t\t\t<\/div>\n\t\t\t\t<div class=\"elementor-element elementor-element-52ea946 elementor-widget elementor-widget-heading\" data-id=\"52ea946\" data-element_type=\"widget\" data-e-type=\"widget\" data-widget_type=\"heading.default\">\n\t\t\t\t<div class=\"elementor-widget-container\">\n\t\t\t\t\t<h5 class=\"elementor-heading-title elementor-size-default\">La habitaci\u00f3<\/h5>\t\t\t\t<\/div>\n\t\t\t\t<\/div>\n\t\t\t\t<div class=\"elementor-element elementor-element-a3ac8d8 elementor-widget elementor-widget-text-editor\" data-id=\"a3ac8d8\" data-element_type=\"widget\" data-e-type=\"widget\" data-widget_type=\"text-editor.default\">\n\t\t\t\t<div class=\"elementor-widget-container\">\n\t\t\t\t\t\t\t\t\t<p>Em va correspondre l\u2019habitaci\u00f3 132, a la planta baixa.<\/p>\t\t\t\t\t\t\t\t<\/div>\n\t\t\t\t<\/div>\n\t\t\t\t<div class=\"elementor-element elementor-element-7fda96b elementor-widget elementor-widget-image\" data-id=\"7fda96b\" data-element_type=\"widget\" data-e-type=\"widget\" data-widget_type=\"image.default\">\n\t\t\t\t<div class=\"elementor-widget-container\">\n\t\t\t\t\t\t\t\t\t\t\t\t<figure class=\"wp-caption\">\n\t\t\t\t\t\t\t\t\t\t<img loading=\"lazy\" decoding=\"async\" width=\"768\" height=\"512\" src=\"https:\/\/www.elturistatranquil.com\/wp-content\/uploads\/F22-Parador-de-Albacete.jpg\" class=\"attachment-large size-large wp-image-62787\" alt=\"Parador de Albacete\" srcset=\"https:\/\/www.elturistatranquil.com\/wp-content\/uploads\/F22-Parador-de-Albacete.jpg 768w, https:\/\/www.elturistatranquil.com\/wp-content\/uploads\/F22-Parador-de-Albacete-339x226.jpg 339w\" sizes=\"(max-width: 768px) 100vw, 768px\" \/>\t\t\t\t\t\t\t\t\t\t\t<figcaption class=\"widget-image-caption wp-caption-text\"><\/figcaption>\n\t\t\t\t\t\t\t\t\t\t<\/figure>\n\t\t\t\t\t\t\t\t\t<\/div>\n\t\t\t\t<\/div>\n\t\t\t\t<div class=\"elementor-element elementor-element-f7ae977 elementor-widget elementor-widget-text-editor\" data-id=\"f7ae977\" data-element_type=\"widget\" data-e-type=\"widget\" data-widget_type=\"text-editor.default\">\n\t\t\t\t<div class=\"elementor-widget-container\">\n\t\t\t\t\t\t\t\t\t<p>L\u2019habitaci\u00f3 \u00e9s \u00e0mplia, c\u00f2moda, lluminosa i s\u00f2briament decorada amb mobles d\u2019estil castell\u00e0 i terres de rajola que reforcen el car\u00e0cter r\u00fastic.<\/p>\t\t\t\t\t\t\t\t<\/div>\n\t\t\t\t<\/div>\n\t\t\t\t<div class=\"elementor-element elementor-element-f823b18 elementor-widget elementor-widget-image\" data-id=\"f823b18\" data-element_type=\"widget\" data-e-type=\"widget\" data-widget_type=\"image.default\">\n\t\t\t\t<div class=\"elementor-widget-container\">\n\t\t\t\t\t\t\t\t\t\t\t\t<figure class=\"wp-caption\">\n\t\t\t\t\t\t\t\t\t\t<img loading=\"lazy\" decoding=\"async\" width=\"768\" height=\"512\" src=\"https:\/\/www.elturistatranquil.com\/wp-content\/uploads\/F23-Parador-de-Albacete.jpg\" class=\"attachment-large size-large wp-image-62789\" alt=\"Parador de Albacete\" srcset=\"https:\/\/www.elturistatranquil.com\/wp-content\/uploads\/F23-Parador-de-Albacete.jpg 768w, https:\/\/www.elturistatranquil.com\/wp-content\/uploads\/F23-Parador-de-Albacete-339x226.jpg 339w\" sizes=\"(max-width: 768px) 100vw, 768px\" \/>\t\t\t\t\t\t\t\t\t\t\t<figcaption class=\"widget-image-caption wp-caption-text\"><\/figcaption>\n\t\t\t\t\t\t\t\t\t\t<\/figure>\n\t\t\t\t\t\t\t\t\t<\/div>\n\t\t\t\t<\/div>\n\t\t\t\t<div class=\"elementor-element elementor-element-e78a076 elementor-widget elementor-widget-image\" data-id=\"e78a076\" data-element_type=\"widget\" data-e-type=\"widget\" data-widget_type=\"image.default\">\n\t\t\t\t<div class=\"elementor-widget-container\">\n\t\t\t\t\t\t\t\t\t\t\t\t<figure class=\"wp-caption\">\n\t\t\t\t\t\t\t\t\t\t<img loading=\"lazy\" decoding=\"async\" width=\"768\" height=\"512\" src=\"https:\/\/www.elturistatranquil.com\/wp-content\/uploads\/F24-Parador-de-Albacete.jpg\" class=\"attachment-large size-large wp-image-62791\" alt=\"Parador de Albacete\" srcset=\"https:\/\/www.elturistatranquil.com\/wp-content\/uploads\/F24-Parador-de-Albacete.jpg 768w, https:\/\/www.elturistatranquil.com\/wp-content\/uploads\/F24-Parador-de-Albacete-339x226.jpg 339w\" sizes=\"(max-width: 768px) 100vw, 768px\" \/>\t\t\t\t\t\t\t\t\t\t\t<figcaption class=\"widget-image-caption wp-caption-text\"><\/figcaption>\n\t\t\t\t\t\t\t\t\t\t<\/figure>\n\t\t\t\t\t\t\t\t\t<\/div>\n\t\t\t\t<\/div>\n\t\t\t\t<div class=\"elementor-element elementor-element-b749548 elementor-widget elementor-widget-image\" data-id=\"b749548\" data-element_type=\"widget\" data-e-type=\"widget\" data-widget_type=\"image.default\">\n\t\t\t\t<div class=\"elementor-widget-container\">\n\t\t\t\t\t\t\t\t\t\t\t\t<figure class=\"wp-caption\">\n\t\t\t\t\t\t\t\t\t\t<img loading=\"lazy\" decoding=\"async\" width=\"768\" height=\"512\" src=\"https:\/\/www.elturistatranquil.com\/wp-content\/uploads\/F25-Parador-de-Albacete.jpg\" class=\"attachment-large size-large wp-image-62793\" alt=\"Parador de Albacete\" srcset=\"https:\/\/www.elturistatranquil.com\/wp-content\/uploads\/F25-Parador-de-Albacete.jpg 768w, https:\/\/www.elturistatranquil.com\/wp-content\/uploads\/F25-Parador-de-Albacete-339x226.jpg 339w\" sizes=\"(max-width: 768px) 100vw, 768px\" \/>\t\t\t\t\t\t\t\t\t\t\t<figcaption class=\"widget-image-caption wp-caption-text\"><\/figcaption>\n\t\t\t\t\t\t\t\t\t\t<\/figure>\n\t\t\t\t\t\t\t\t\t<\/div>\n\t\t\t\t<\/div>\n\t\t\t\t<div class=\"elementor-element elementor-element-98e5a30 elementor-widget elementor-widget-image\" data-id=\"98e5a30\" data-element_type=\"widget\" data-e-type=\"widget\" data-widget_type=\"image.default\">\n\t\t\t\t<div class=\"elementor-widget-container\">\n\t\t\t\t\t\t\t\t\t\t\t\t<figure class=\"wp-caption\">\n\t\t\t\t\t\t\t\t\t\t<img loading=\"lazy\" decoding=\"async\" width=\"768\" height=\"512\" src=\"https:\/\/www.elturistatranquil.com\/wp-content\/uploads\/F26-Parador-de-Albacete.jpg\" class=\"attachment-large size-large wp-image-62795\" alt=\"Parador de Albacete\" srcset=\"https:\/\/www.elturistatranquil.com\/wp-content\/uploads\/F26-Parador-de-Albacete.jpg 768w, https:\/\/www.elturistatranquil.com\/wp-content\/uploads\/F26-Parador-de-Albacete-339x226.jpg 339w\" sizes=\"(max-width: 768px) 100vw, 768px\" \/>\t\t\t\t\t\t\t\t\t\t\t<figcaption class=\"widget-image-caption wp-caption-text\"><\/figcaption>\n\t\t\t\t\t\t\t\t\t\t<\/figure>\n\t\t\t\t\t\t\t\t\t<\/div>\n\t\t\t\t<\/div>\n\t\t\t\t<div class=\"elementor-element elementor-element-690639c elementor-widget elementor-widget-heading\" data-id=\"690639c\" data-element_type=\"widget\" data-e-type=\"widget\" data-widget_type=\"heading.default\">\n\t\t\t\t<div class=\"elementor-widget-container\">\n\t\t\t\t\t<h5 class=\"elementor-heading-title elementor-size-default\">La vista des de l\u2019habitaci\u00f3<\/h5>\t\t\t\t<\/div>\n\t\t\t\t<\/div>\n\t\t\t\t<div class=\"elementor-element elementor-element-6aa2c0f elementor-widget elementor-widget-text-editor\" data-id=\"6aa2c0f\" data-element_type=\"widget\" data-e-type=\"widget\" data-widget_type=\"text-editor.default\">\n\t\t\t\t<div class=\"elementor-widget-container\">\n\t\t\t\t\t\t\t\t\t<p>Des de l\u2019habitaci\u00f3, orientada al sud, la vista s\u2019obre a un ampli gespa i, m\u00e9s enll\u00e0, a la planura manxega.<\/p>\t\t\t\t\t\t\t\t<\/div>\n\t\t\t\t<\/div>\n\t\t\t\t<div class=\"elementor-element elementor-element-87f5770 elementor-widget elementor-widget-image\" data-id=\"87f5770\" data-element_type=\"widget\" data-e-type=\"widget\" data-widget_type=\"image.default\">\n\t\t\t\t<div class=\"elementor-widget-container\">\n\t\t\t\t\t\t\t\t\t\t\t\t<figure class=\"wp-caption\">\n\t\t\t\t\t\t\t\t\t\t<img loading=\"lazy\" decoding=\"async\" width=\"768\" height=\"512\" src=\"https:\/\/www.elturistatranquil.com\/wp-content\/uploads\/F27-Parador-de-Albacete.jpg\" class=\"attachment-large size-large wp-image-62797\" alt=\"Parador de Albacete\" srcset=\"https:\/\/www.elturistatranquil.com\/wp-content\/uploads\/F27-Parador-de-Albacete.jpg 768w, https:\/\/www.elturistatranquil.com\/wp-content\/uploads\/F27-Parador-de-Albacete-339x226.jpg 339w\" sizes=\"(max-width: 768px) 100vw, 768px\" \/>\t\t\t\t\t\t\t\t\t\t\t<figcaption class=\"widget-image-caption wp-caption-text\"><\/figcaption>\n\t\t\t\t\t\t\t\t\t\t<\/figure>\n\t\t\t\t\t\t\t\t\t<\/div>\n\t\t\t\t<\/div>\n\t\t\t\t<div class=\"elementor-element elementor-element-b706e00 elementor-widget elementor-widget-image\" data-id=\"b706e00\" data-element_type=\"widget\" data-e-type=\"widget\" data-widget_type=\"image.default\">\n\t\t\t\t<div class=\"elementor-widget-container\">\n\t\t\t\t\t\t\t\t\t\t\t\t<figure class=\"wp-caption\">\n\t\t\t\t\t\t\t\t\t\t<img loading=\"lazy\" decoding=\"async\" width=\"768\" height=\"512\" src=\"https:\/\/www.elturistatranquil.com\/wp-content\/uploads\/F28-Parador-de-Albacete.jpg\" class=\"attachment-large size-large wp-image-62799\" alt=\"Parador de Albacete\" srcset=\"https:\/\/www.elturistatranquil.com\/wp-content\/uploads\/F28-Parador-de-Albacete.jpg 768w, https:\/\/www.elturistatranquil.com\/wp-content\/uploads\/F28-Parador-de-Albacete-339x226.jpg 339w\" sizes=\"(max-width: 768px) 100vw, 768px\" \/>\t\t\t\t\t\t\t\t\t\t\t<figcaption class=\"widget-image-caption wp-caption-text\"><\/figcaption>\n\t\t\t\t\t\t\t\t\t\t<\/figure>\n\t\t\t\t\t\t\t\t\t<\/div>\n\t\t\t\t<\/div>\n\t\t\t\t<div class=\"elementor-element elementor-element-aec4908 elementor-widget elementor-widget-text-editor\" data-id=\"aec4908\" data-element_type=\"widget\" data-e-type=\"widget\" data-widget_type=\"text-editor.default\">\n\t\t\t\t<div class=\"elementor-widget-container\">\n\t\t\t\t\t\t\t\t\t<p>En fixar-nos en el jard\u00ed, descobrim l\u2019ess\u00e8ncia de l\u2019ep\u00edtet<strong> <em>Sphania<\/em> \u201cterra de conills\u201d <\/strong>que donaren els fenicis a la Pen\u00ednsula Ib\u00e8rica, segons Plini. Per la gespa hi corretegen, juguen o descansen a la vora dels arbres, nombrosos conills que hi romanen durant tot el dia.<\/p>\t\t\t\t\t\t\t\t<\/div>\n\t\t\t\t<\/div>\n\t\t\t\t<div class=\"elementor-element elementor-element-8db02d2 elementor-widget elementor-widget-image\" data-id=\"8db02d2\" data-element_type=\"widget\" data-e-type=\"widget\" data-widget_type=\"image.default\">\n\t\t\t\t<div class=\"elementor-widget-container\">\n\t\t\t\t\t\t\t\t\t\t\t\t<figure class=\"wp-caption\">\n\t\t\t\t\t\t\t\t\t\t<img loading=\"lazy\" decoding=\"async\" width=\"768\" height=\"511\" src=\"https:\/\/www.elturistatranquil.com\/wp-content\/uploads\/F29-Parador-de-Albacete.jpg\" class=\"attachment-large size-large wp-image-62801\" alt=\"Parador de Albacete\" srcset=\"https:\/\/www.elturistatranquil.com\/wp-content\/uploads\/F29-Parador-de-Albacete.jpg 768w, https:\/\/www.elturistatranquil.com\/wp-content\/uploads\/F29-Parador-de-Albacete-339x226.jpg 339w\" sizes=\"(max-width: 768px) 100vw, 768px\" \/>\t\t\t\t\t\t\t\t\t\t\t<figcaption class=\"widget-image-caption wp-caption-text\"><\/figcaption>\n\t\t\t\t\t\t\t\t\t\t<\/figure>\n\t\t\t\t\t\t\t\t\t<\/div>\n\t\t\t\t<\/div>\n\t\t\t\t<div class=\"elementor-element elementor-element-38ec2b3 elementor-widget elementor-widget-image\" data-id=\"38ec2b3\" data-element_type=\"widget\" data-e-type=\"widget\" data-widget_type=\"image.default\">\n\t\t\t\t<div class=\"elementor-widget-container\">\n\t\t\t\t\t\t\t\t\t\t\t\t<figure class=\"wp-caption\">\n\t\t\t\t\t\t\t\t\t\t<img loading=\"lazy\" decoding=\"async\" width=\"768\" height=\"512\" src=\"https:\/\/www.elturistatranquil.com\/wp-content\/uploads\/F30-Parador-de-Albacete.jpg\" class=\"attachment-large size-large wp-image-62803\" alt=\"Parador de Albacete\" srcset=\"https:\/\/www.elturistatranquil.com\/wp-content\/uploads\/F30-Parador-de-Albacete.jpg 768w, https:\/\/www.elturistatranquil.com\/wp-content\/uploads\/F30-Parador-de-Albacete-339x226.jpg 339w\" sizes=\"(max-width: 768px) 100vw, 768px\" \/>\t\t\t\t\t\t\t\t\t\t\t<figcaption class=\"widget-image-caption wp-caption-text\"><\/figcaption>\n\t\t\t\t\t\t\t\t\t\t<\/figure>\n\t\t\t\t\t\t\t\t\t<\/div>\n\t\t\t\t<\/div>\n\t\t\t\t<div class=\"elementor-element elementor-element-dcc0f1b elementor-widget elementor-widget-text-editor\" data-id=\"dcc0f1b\" data-element_type=\"widget\" data-e-type=\"widget\" data-widget_type=\"text-editor.default\">\n\t\t\t\t<div class=\"elementor-widget-container\">\n\t\t\t\t\t\t\t\t\t<p>Rememorant l\u2019estil tradicional manxec, balcons amb balustrada de fusta. Una de les finestres de la planta baixa \u00e9s la de l\u2019habitaci\u00f3.<\/p>\t\t\t\t\t\t\t\t<\/div>\n\t\t\t\t<\/div>\n\t\t\t\t<div class=\"elementor-element elementor-element-d2302e6 elementor-widget elementor-widget-image\" data-id=\"d2302e6\" data-element_type=\"widget\" data-e-type=\"widget\" data-widget_type=\"image.default\">\n\t\t\t\t<div class=\"elementor-widget-container\">\n\t\t\t\t\t\t\t\t\t\t\t\t<figure class=\"wp-caption\">\n\t\t\t\t\t\t\t\t\t\t<img loading=\"lazy\" decoding=\"async\" width=\"768\" height=\"512\" src=\"https:\/\/www.elturistatranquil.com\/wp-content\/uploads\/F31-Parador-de-Albacete.jpg\" class=\"attachment-large size-large wp-image-62808\" alt=\"Parador de Albacete\" srcset=\"https:\/\/www.elturistatranquil.com\/wp-content\/uploads\/F31-Parador-de-Albacete.jpg 768w, https:\/\/www.elturistatranquil.com\/wp-content\/uploads\/F31-Parador-de-Albacete-339x226.jpg 339w\" sizes=\"(max-width: 768px) 100vw, 768px\" \/>\t\t\t\t\t\t\t\t\t\t\t<figcaption class=\"widget-image-caption wp-caption-text\"><\/figcaption>\n\t\t\t\t\t\t\t\t\t\t<\/figure>\n\t\t\t\t\t\t\t\t\t<\/div>\n\t\t\t\t<\/div>\n\t\t\t\t<div class=\"elementor-element elementor-element-ba5aa35 elementor-widget elementor-widget-heading\" data-id=\"ba5aa35\" data-element_type=\"widget\" data-e-type=\"widget\" data-widget_type=\"heading.default\">\n\t\t\t\t<div class=\"elementor-widget-container\">\n\t\t\t\t\t<h5 class=\"elementor-heading-title elementor-size-default\">L\u2019esmorzar<\/h5>\t\t\t\t<\/div>\n\t\t\t\t<\/div>\n\t\t\t\t<div class=\"elementor-element elementor-element-9d4f36f elementor-widget elementor-widget-text-editor\" data-id=\"9d4f36f\" data-element_type=\"widget\" data-e-type=\"widget\" data-widget_type=\"text-editor.default\">\n\t\t\t\t<div class=\"elementor-widget-container\">\n\t\t\t\t\t\t\t\t\t<p>El passeig recorrent els passadissos fins al menjador per a l\u2019esmorzar, tant si el dia \u00e9s assolellat com si \u00e9s ennuvolat, \u00e9s ja una sessi\u00f3 de relax.<\/p>\t\t\t\t\t\t\t\t<\/div>\n\t\t\t\t<\/div>\n\t\t\t\t<div class=\"elementor-element elementor-element-50c09b8 elementor-widget elementor-widget-image\" data-id=\"50c09b8\" data-element_type=\"widget\" data-e-type=\"widget\" data-widget_type=\"image.default\">\n\t\t\t\t<div class=\"elementor-widget-container\">\n\t\t\t\t\t\t\t\t\t\t\t\t<figure class=\"wp-caption\">\n\t\t\t\t\t\t\t\t\t\t<img loading=\"lazy\" decoding=\"async\" width=\"768\" height=\"512\" src=\"https:\/\/www.elturistatranquil.com\/wp-content\/uploads\/F32-Parador-de-Albacete.jpg\" class=\"attachment-large size-large wp-image-62810\" alt=\"Parador de Albacete\" srcset=\"https:\/\/www.elturistatranquil.com\/wp-content\/uploads\/F32-Parador-de-Albacete.jpg 768w, https:\/\/www.elturistatranquil.com\/wp-content\/uploads\/F32-Parador-de-Albacete-339x226.jpg 339w\" sizes=\"(max-width: 768px) 100vw, 768px\" \/>\t\t\t\t\t\t\t\t\t\t\t<figcaption class=\"widget-image-caption wp-caption-text\"><\/figcaption>\n\t\t\t\t\t\t\t\t\t\t<\/figure>\n\t\t\t\t\t\t\t\t\t<\/div>\n\t\t\t\t<\/div>\n\t\t\t\t<div class=\"elementor-element elementor-element-ce3334f elementor-widget elementor-widget-image\" data-id=\"ce3334f\" data-element_type=\"widget\" data-e-type=\"widget\" data-widget_type=\"image.default\">\n\t\t\t\t<div class=\"elementor-widget-container\">\n\t\t\t\t\t\t\t\t\t\t\t\t<figure class=\"wp-caption\">\n\t\t\t\t\t\t\t\t\t\t<img loading=\"lazy\" decoding=\"async\" width=\"768\" height=\"512\" src=\"https:\/\/www.elturistatranquil.com\/wp-content\/uploads\/F33-Parador-de-Albacete.jpg\" class=\"attachment-large size-large wp-image-62812\" alt=\"Parador de Albacete\" srcset=\"https:\/\/www.elturistatranquil.com\/wp-content\/uploads\/F33-Parador-de-Albacete.jpg 768w, https:\/\/www.elturistatranquil.com\/wp-content\/uploads\/F33-Parador-de-Albacete-339x226.jpg 339w\" sizes=\"(max-width: 768px) 100vw, 768px\" \/>\t\t\t\t\t\t\t\t\t\t\t<figcaption class=\"widget-image-caption wp-caption-text\"><\/figcaption>\n\t\t\t\t\t\t\t\t\t\t<\/figure>\n\t\t\t\t\t\t\t\t\t<\/div>\n\t\t\t\t<\/div>\n\t\t\t\t<div class=\"elementor-element elementor-element-a800b56 elementor-widget elementor-widget-image\" data-id=\"a800b56\" data-element_type=\"widget\" data-e-type=\"widget\" data-widget_type=\"image.default\">\n\t\t\t\t<div class=\"elementor-widget-container\">\n\t\t\t\t\t\t\t\t\t\t\t\t<figure class=\"wp-caption\">\n\t\t\t\t\t\t\t\t\t\t<img loading=\"lazy\" decoding=\"async\" width=\"768\" height=\"512\" src=\"https:\/\/www.elturistatranquil.com\/wp-content\/uploads\/F34-Parador-de-Albacete.jpg\" class=\"attachment-large size-large wp-image-62814\" alt=\"Parador de Albacete\" srcset=\"https:\/\/www.elturistatranquil.com\/wp-content\/uploads\/F34-Parador-de-Albacete.jpg 768w, https:\/\/www.elturistatranquil.com\/wp-content\/uploads\/F34-Parador-de-Albacete-339x226.jpg 339w\" sizes=\"(max-width: 768px) 100vw, 768px\" \/>\t\t\t\t\t\t\t\t\t\t\t<figcaption class=\"widget-image-caption wp-caption-text\"><\/figcaption>\n\t\t\t\t\t\t\t\t\t\t<\/figure>\n\t\t\t\t\t\t\t\t\t<\/div>\n\t\t\t\t<\/div>\n\t\t\t\t<div class=\"elementor-element elementor-element-8a6d9fe elementor-widget elementor-widget-heading\" data-id=\"8a6d9fe\" data-element_type=\"widget\" data-e-type=\"widget\" data-widget_type=\"heading.default\">\n\t\t\t\t<div class=\"elementor-widget-container\">\n\t\t\t\t\t<h5 class=\"elementor-heading-title elementor-size-default\">El menjador<\/h5>\t\t\t\t<\/div>\n\t\t\t\t<\/div>\n\t\t\t\t<div class=\"elementor-element elementor-element-cc3c1f4 elementor-widget elementor-widget-text-editor\" data-id=\"cc3c1f4\" data-element_type=\"widget\" data-e-type=\"widget\" data-widget_type=\"text-editor.default\">\n\t\t\t\t<div class=\"elementor-widget-container\">\n\t\t\t\t\t\t\t\t\t<p>El menjador general \u00e9s \u00fanic per a esmorzars i \u00e0pats. Ampli i amb les taules espaiades.<\/p>\t\t\t\t\t\t\t\t<\/div>\n\t\t\t\t<\/div>\n\t\t\t\t<div class=\"elementor-element elementor-element-f98df73 elementor-widget elementor-widget-image\" data-id=\"f98df73\" data-element_type=\"widget\" data-e-type=\"widget\" data-widget_type=\"image.default\">\n\t\t\t\t<div class=\"elementor-widget-container\">\n\t\t\t\t\t\t\t\t\t\t\t\t<figure class=\"wp-caption\">\n\t\t\t\t\t\t\t\t\t\t<img loading=\"lazy\" decoding=\"async\" width=\"768\" height=\"512\" src=\"https:\/\/www.elturistatranquil.com\/wp-content\/uploads\/F35-Parador-de-Albacete.jpg\" class=\"attachment-large size-large wp-image-62816\" alt=\"Parador de Albacete\" srcset=\"https:\/\/www.elturistatranquil.com\/wp-content\/uploads\/F35-Parador-de-Albacete.jpg 768w, https:\/\/www.elturistatranquil.com\/wp-content\/uploads\/F35-Parador-de-Albacete-339x226.jpg 339w\" sizes=\"(max-width: 768px) 100vw, 768px\" \/>\t\t\t\t\t\t\t\t\t\t\t<figcaption class=\"widget-image-caption wp-caption-text\"><\/figcaption>\n\t\t\t\t\t\t\t\t\t\t<\/figure>\n\t\t\t\t\t\t\t\t\t<\/div>\n\t\t\t\t<\/div>\n\t\t\t\t<div class=\"elementor-element elementor-element-ff03fdb elementor-widget elementor-widget-text-editor\" data-id=\"ff03fdb\" data-element_type=\"widget\" data-e-type=\"widget\" data-widget_type=\"text-editor.default\">\n\t\t\t\t<div class=\"elementor-widget-container\">\n\t\t\t\t\t\t\t\t\t<p>Per a l\u2019esmorzar es pot optar per bufet lliure o una col\u00b7laci\u00f3 m\u00e9s lleugera de cafeteria.<\/p><p>Com s\u2019observa, el bufet est\u00e0 ben prove\u00eft.<\/p>\t\t\t\t\t\t\t\t<\/div>\n\t\t\t\t<\/div>\n\t\t\t\t<div class=\"elementor-element elementor-element-c290b0e elementor-widget elementor-widget-image\" data-id=\"c290b0e\" data-element_type=\"widget\" data-e-type=\"widget\" data-widget_type=\"image.default\">\n\t\t\t\t<div class=\"elementor-widget-container\">\n\t\t\t\t\t\t\t\t\t\t\t\t<figure class=\"wp-caption\">\n\t\t\t\t\t\t\t\t\t\t<img loading=\"lazy\" decoding=\"async\" width=\"768\" height=\"512\" src=\"https:\/\/www.elturistatranquil.com\/wp-content\/uploads\/F36-Parador-de-Albacete.jpg\" class=\"attachment-large size-large wp-image-62821\" alt=\"Parador de Albacete\" srcset=\"https:\/\/www.elturistatranquil.com\/wp-content\/uploads\/F36-Parador-de-Albacete.jpg 768w, https:\/\/www.elturistatranquil.com\/wp-content\/uploads\/F36-Parador-de-Albacete-339x226.jpg 339w\" sizes=\"(max-width: 768px) 100vw, 768px\" \/>\t\t\t\t\t\t\t\t\t\t\t<figcaption class=\"widget-image-caption wp-caption-text\"><\/figcaption>\n\t\t\t\t\t\t\t\t\t\t<\/figure>\n\t\t\t\t\t\t\t\t\t<\/div>\n\t\t\t\t<\/div>\n\t\t\t\t<div class=\"elementor-element elementor-element-e2d1d64 elementor-widget elementor-widget-image\" data-id=\"e2d1d64\" data-element_type=\"widget\" data-e-type=\"widget\" data-widget_type=\"image.default\">\n\t\t\t\t<div class=\"elementor-widget-container\">\n\t\t\t\t\t\t\t\t\t\t\t\t<figure class=\"wp-caption\">\n\t\t\t\t\t\t\t\t\t\t<img loading=\"lazy\" decoding=\"async\" width=\"768\" height=\"512\" src=\"https:\/\/www.elturistatranquil.com\/wp-content\/uploads\/F37-Parador-de-Albacete.jpg\" class=\"attachment-large size-large wp-image-62823\" alt=\"Parador de Albacete\" srcset=\"https:\/\/www.elturistatranquil.com\/wp-content\/uploads\/F37-Parador-de-Albacete.jpg 768w, https:\/\/www.elturistatranquil.com\/wp-content\/uploads\/F37-Parador-de-Albacete-339x226.jpg 339w\" sizes=\"(max-width: 768px) 100vw, 768px\" \/>\t\t\t\t\t\t\t\t\t\t\t<figcaption class=\"widget-image-caption wp-caption-text\"><\/figcaption>\n\t\t\t\t\t\t\t\t\t\t<\/figure>\n\t\t\t\t\t\t\t\t\t<\/div>\n\t\t\t\t<\/div>\n\t\t\t\t<div class=\"elementor-element elementor-element-736cd2a elementor-widget elementor-widget-image\" data-id=\"736cd2a\" data-element_type=\"widget\" data-e-type=\"widget\" data-widget_type=\"image.default\">\n\t\t\t\t<div class=\"elementor-widget-container\">\n\t\t\t\t\t\t\t\t\t\t\t\t<figure class=\"wp-caption\">\n\t\t\t\t\t\t\t\t\t\t<img loading=\"lazy\" decoding=\"async\" width=\"768\" height=\"512\" src=\"https:\/\/www.elturistatranquil.com\/wp-content\/uploads\/F38-Parador-de-Albacete.jpg\" class=\"attachment-large size-large wp-image-62825\" alt=\"Parador de Albacete\" srcset=\"https:\/\/www.elturistatranquil.com\/wp-content\/uploads\/F38-Parador-de-Albacete.jpg 768w, https:\/\/www.elturistatranquil.com\/wp-content\/uploads\/F38-Parador-de-Albacete-339x226.jpg 339w\" sizes=\"(max-width: 768px) 100vw, 768px\" \/>\t\t\t\t\t\t\t\t\t\t\t<figcaption class=\"widget-image-caption wp-caption-text\"><\/figcaption>\n\t\t\t\t\t\t\t\t\t\t<\/figure>\n\t\t\t\t\t\t\t\t\t<\/div>\n\t\t\t\t<\/div>\n\t\t\t\t<div class=\"elementor-element elementor-element-4619f8c elementor-widget elementor-widget-image\" data-id=\"4619f8c\" data-element_type=\"widget\" data-e-type=\"widget\" data-widget_type=\"image.default\">\n\t\t\t\t<div class=\"elementor-widget-container\">\n\t\t\t\t\t\t\t\t\t\t\t\t<figure class=\"wp-caption\">\n\t\t\t\t\t\t\t\t\t\t<img loading=\"lazy\" decoding=\"async\" width=\"768\" height=\"512\" src=\"https:\/\/www.elturistatranquil.com\/wp-content\/uploads\/F39-Parador-de-Albacete.jpg\" class=\"attachment-large size-large wp-image-62827\" alt=\"Parador de Albacete\" srcset=\"https:\/\/www.elturistatranquil.com\/wp-content\/uploads\/F39-Parador-de-Albacete.jpg 768w, https:\/\/www.elturistatranquil.com\/wp-content\/uploads\/F39-Parador-de-Albacete-339x226.jpg 339w\" sizes=\"(max-width: 768px) 100vw, 768px\" \/>\t\t\t\t\t\t\t\t\t\t\t<figcaption class=\"widget-image-caption wp-caption-text\"><\/figcaption>\n\t\t\t\t\t\t\t\t\t\t<\/figure>\n\t\t\t\t\t\t\t\t\t<\/div>\n\t\t\t\t<\/div>\n\t\t\t\t<div class=\"elementor-element elementor-element-0561ce5 elementor-widget elementor-widget-heading\" data-id=\"0561ce5\" data-element_type=\"widget\" data-e-type=\"widget\" data-widget_type=\"heading.default\">\n\t\t\t\t<div class=\"elementor-widget-container\">\n\t\t\t\t\t<h5 class=\"elementor-heading-title elementor-size-default\">El restaurant<\/h5>\t\t\t\t<\/div>\n\t\t\t\t<\/div>\n\t\t\t\t<div class=\"elementor-element elementor-element-80f3c92 elementor-widget elementor-widget-text-editor\" data-id=\"80f3c92\" data-element_type=\"widget\" data-e-type=\"widget\" data-widget_type=\"text-editor.default\">\n\t\t\t\t<div class=\"elementor-widget-container\">\n\t\t\t\t\t\t\t\t\t<p>Un dels aspectes que els Paradores volen potenciar \u00e9s la qualitat i la tradici\u00f3 culin\u00e0ria en els seus restaurants. D\u2019aquesta manera, el restaurant del Parador actua com a aparador de la cuina d\u2019Albacete i, per extensi\u00f3, de la gastronomia <em>castellano-manxega<\/em>. A la seva carta hi destaquen plats tradicionals de la regi\u00f3, reinterpretats amb criteris actuals i acompanyats de vins de denominacions d\u2019origen properes, en un espai que perllonga l\u2019est\u00e8tica r\u00fastica del conjunt.<\/p><p>Puc certificar que l\u2019<em>atascaburras<\/em> que vaig menjar era, si m\u00e9s no, tan bo com el que faig jo.<\/p>\t\t\t\t\t\t\t\t<\/div>\n\t\t\t\t<\/div>\n\t\t\t\t<div class=\"elementor-element elementor-element-cf8c451 elementor-widget elementor-widget-image\" data-id=\"cf8c451\" data-element_type=\"widget\" data-e-type=\"widget\" data-widget_type=\"image.default\">\n\t\t\t\t<div class=\"elementor-widget-container\">\n\t\t\t\t\t\t\t\t\t\t\t\t<figure class=\"wp-caption\">\n\t\t\t\t\t\t\t\t\t\t<img loading=\"lazy\" decoding=\"async\" width=\"768\" height=\"512\" src=\"https:\/\/www.elturistatranquil.com\/wp-content\/uploads\/F40-Parador-de-Albacete.jpg\" class=\"attachment-large size-large wp-image-62829\" alt=\"Parador de Albacete\" srcset=\"https:\/\/www.elturistatranquil.com\/wp-content\/uploads\/F40-Parador-de-Albacete.jpg 768w, https:\/\/www.elturistatranquil.com\/wp-content\/uploads\/F40-Parador-de-Albacete-339x226.jpg 339w\" sizes=\"(max-width: 768px) 100vw, 768px\" \/>\t\t\t\t\t\t\t\t\t\t\t<figcaption class=\"widget-image-caption wp-caption-text\"><\/figcaption>\n\t\t\t\t\t\t\t\t\t\t<\/figure>\n\t\t\t\t\t\t\t\t\t<\/div>\n\t\t\t\t<\/div>\n\t\t\t\t<div class=\"elementor-element elementor-element-13c20f2 elementor-widget elementor-widget-image\" data-id=\"13c20f2\" data-element_type=\"widget\" data-e-type=\"widget\" data-widget_type=\"image.default\">\n\t\t\t\t<div class=\"elementor-widget-container\">\n\t\t\t\t\t\t\t\t\t\t\t\t<figure class=\"wp-caption\">\n\t\t\t\t\t\t\t\t\t\t<img loading=\"lazy\" decoding=\"async\" width=\"768\" height=\"512\" src=\"https:\/\/www.elturistatranquil.com\/wp-content\/uploads\/F41-Parador-de-Albacete.jpg\" class=\"attachment-large size-large wp-image-62834\" alt=\"Parador de Albacete\" srcset=\"https:\/\/www.elturistatranquil.com\/wp-content\/uploads\/F41-Parador-de-Albacete.jpg 768w, https:\/\/www.elturistatranquil.com\/wp-content\/uploads\/F41-Parador-de-Albacete-339x226.jpg 339w\" sizes=\"(max-width: 768px) 100vw, 768px\" \/>\t\t\t\t\t\t\t\t\t\t\t<figcaption class=\"widget-image-caption wp-caption-text\"><\/figcaption>\n\t\t\t\t\t\t\t\t\t\t<\/figure>\n\t\t\t\t\t\t\t\t\t<\/div>\n\t\t\t\t<\/div>\n\t\t\t\t<div class=\"elementor-element elementor-element-ea7fe64 elementor-widget elementor-widget-heading\" data-id=\"ea7fe64\" data-element_type=\"widget\" data-e-type=\"widget\" data-widget_type=\"heading.default\">\n\t\t\t\t<div class=\"elementor-widget-container\">\n\t\t\t\t\t<h5 class=\"elementor-heading-title elementor-size-default\">Sales, esdeveniments i reunions<\/h5>\t\t\t\t<\/div>\n\t\t\t\t<\/div>\n\t\t\t\t<div class=\"elementor-element elementor-element-d0f14c5 elementor-widget elementor-widget-text-editor\" data-id=\"d0f14c5\" data-element_type=\"widget\" data-e-type=\"widget\" data-widget_type=\"text-editor.default\">\n\t\t\t\t<div class=\"elementor-widget-container\">\n\t\t\t\t\t\t\t\t\t<p>Per a esdeveniments, com casaments, i reunions el Parador disposa de diverses sales, com el celler que es troba al soterrani, amb unes espl\u00e8ndides arcades sobre pilastres, que alhora creen espais d\u2019una certa intimitat.<\/p>\t\t\t\t\t\t\t\t<\/div>\n\t\t\t\t<\/div>\n\t\t\t\t<div class=\"elementor-element elementor-element-6cb8326 elementor-widget elementor-widget-image\" data-id=\"6cb8326\" data-element_type=\"widget\" data-e-type=\"widget\" data-widget_type=\"image.default\">\n\t\t\t\t<div class=\"elementor-widget-container\">\n\t\t\t\t\t\t\t\t\t\t\t\t<figure class=\"wp-caption\">\n\t\t\t\t\t\t\t\t\t\t<img loading=\"lazy\" decoding=\"async\" width=\"768\" height=\"512\" src=\"https:\/\/www.elturistatranquil.com\/wp-content\/uploads\/F42-Parador-de-Albacete.jpg\" class=\"attachment-large size-large wp-image-62836\" alt=\"Parador de Albacete\" srcset=\"https:\/\/www.elturistatranquil.com\/wp-content\/uploads\/F42-Parador-de-Albacete.jpg 768w, https:\/\/www.elturistatranquil.com\/wp-content\/uploads\/F42-Parador-de-Albacete-339x226.jpg 339w\" sizes=\"(max-width: 768px) 100vw, 768px\" \/>\t\t\t\t\t\t\t\t\t\t\t<figcaption class=\"widget-image-caption wp-caption-text\"><\/figcaption>\n\t\t\t\t\t\t\t\t\t\t<\/figure>\n\t\t\t\t\t\t\t\t\t<\/div>\n\t\t\t\t<\/div>\n\t\t\t\t<div class=\"elementor-element elementor-element-ab69059 elementor-widget elementor-widget-image\" data-id=\"ab69059\" data-element_type=\"widget\" data-e-type=\"widget\" data-widget_type=\"image.default\">\n\t\t\t\t<div class=\"elementor-widget-container\">\n\t\t\t\t\t\t\t\t\t\t\t\t<figure class=\"wp-caption\">\n\t\t\t\t\t\t\t\t\t\t<img loading=\"lazy\" decoding=\"async\" width=\"768\" height=\"512\" src=\"https:\/\/www.elturistatranquil.com\/wp-content\/uploads\/F43-Parador-de-Albacete.jpg\" class=\"attachment-large size-large wp-image-62838\" alt=\"Parador de Albacete\" srcset=\"https:\/\/www.elturistatranquil.com\/wp-content\/uploads\/F43-Parador-de-Albacete.jpg 768w, https:\/\/www.elturistatranquil.com\/wp-content\/uploads\/F43-Parador-de-Albacete-339x226.jpg 339w\" sizes=\"(max-width: 768px) 100vw, 768px\" \/>\t\t\t\t\t\t\t\t\t\t\t<figcaption class=\"widget-image-caption wp-caption-text\"><\/figcaption>\n\t\t\t\t\t\t\t\t\t\t<\/figure>\n\t\t\t\t\t\t\t\t\t<\/div>\n\t\t\t\t<\/div>\n\t\t\t\t<div class=\"elementor-element elementor-element-9cb41ab elementor-widget elementor-widget-heading\" data-id=\"9cb41ab\" data-element_type=\"widget\" data-e-type=\"widget\" data-widget_type=\"heading.default\">\n\t\t\t\t<div class=\"elementor-widget-container\">\n\t\t\t\t\t<h5 class=\"elementor-heading-title elementor-size-default\">La cafeteria<\/h5>\t\t\t\t<\/div>\n\t\t\t\t<\/div>\n\t\t\t\t<div class=\"elementor-element elementor-element-f531a7f elementor-widget elementor-widget-text-editor\" data-id=\"f531a7f\" data-element_type=\"widget\" data-e-type=\"widget\" data-widget_type=\"text-editor.default\">\n\t\t\t\t<div class=\"elementor-widget-container\">\n\t\t\t\t\t\t\t\t\t<p>Oberta al p\u00fablic en general, a m\u00e9s del menjador principal, l\u2019establiment ofereix un espai gastron\u00f2mic m\u00e9s informal i servei de bar. Amb doble acc\u00e9s interior i exterior, amb una terrassa i integrat a la zona de la piscina. Ideal per als dies de calor.<\/p>\t\t\t\t\t\t\t\t<\/div>\n\t\t\t\t<\/div>\n\t\t\t\t<div class=\"elementor-element elementor-element-3042090 elementor-widget elementor-widget-image\" data-id=\"3042090\" data-element_type=\"widget\" data-e-type=\"widget\" data-widget_type=\"image.default\">\n\t\t\t\t<div class=\"elementor-widget-container\">\n\t\t\t\t\t\t\t\t\t\t\t\t<figure class=\"wp-caption\">\n\t\t\t\t\t\t\t\t\t\t<img loading=\"lazy\" decoding=\"async\" width=\"768\" height=\"512\" src=\"https:\/\/www.elturistatranquil.com\/wp-content\/uploads\/F44-Parador-de-Albacete.jpg\" class=\"attachment-large size-large wp-image-62840\" alt=\"Parador de Albacete\" srcset=\"https:\/\/www.elturistatranquil.com\/wp-content\/uploads\/F44-Parador-de-Albacete.jpg 768w, https:\/\/www.elturistatranquil.com\/wp-content\/uploads\/F44-Parador-de-Albacete-339x226.jpg 339w\" sizes=\"(max-width: 768px) 100vw, 768px\" \/>\t\t\t\t\t\t\t\t\t\t\t<figcaption class=\"widget-image-caption wp-caption-text\"><\/figcaption>\n\t\t\t\t\t\t\t\t\t\t<\/figure>\n\t\t\t\t\t\t\t\t\t<\/div>\n\t\t\t\t<\/div>\n\t\t\t\t<div class=\"elementor-element elementor-element-3afd3b4 elementor-widget elementor-widget-image\" data-id=\"3afd3b4\" data-element_type=\"widget\" data-e-type=\"widget\" data-widget_type=\"image.default\">\n\t\t\t\t<div class=\"elementor-widget-container\">\n\t\t\t\t\t\t\t\t\t\t\t\t<figure class=\"wp-caption\">\n\t\t\t\t\t\t\t\t\t\t<img loading=\"lazy\" decoding=\"async\" width=\"768\" height=\"512\" src=\"https:\/\/www.elturistatranquil.com\/wp-content\/uploads\/F45-Parador-de-Albacete.jpg\" class=\"attachment-large size-large wp-image-62845\" alt=\"Parador de Albacete\" srcset=\"https:\/\/www.elturistatranquil.com\/wp-content\/uploads\/F45-Parador-de-Albacete.jpg 768w, https:\/\/www.elturistatranquil.com\/wp-content\/uploads\/F45-Parador-de-Albacete-339x226.jpg 339w\" sizes=\"(max-width: 768px) 100vw, 768px\" \/>\t\t\t\t\t\t\t\t\t\t\t<figcaption class=\"widget-image-caption wp-caption-text\"><\/figcaption>\n\t\t\t\t\t\t\t\t\t\t<\/figure>\n\t\t\t\t\t\t\t\t\t<\/div>\n\t\t\t\t<\/div>\n\t\t\t\t<div class=\"elementor-element elementor-element-5c73fff elementor-widget elementor-widget-text-editor\" data-id=\"5c73fff\" data-element_type=\"widget\" data-e-type=\"widget\" data-widget_type=\"text-editor.default\">\n\t\t\t\t<div class=\"elementor-widget-container\">\n\t\t\t\t\t\t\t\t\t<p>Tamb\u00e9 ofereix un espai acollidor per als dies d\u2019hivern.<\/p>\t\t\t\t\t\t\t\t<\/div>\n\t\t\t\t<\/div>\n\t\t\t\t<div class=\"elementor-element elementor-element-2fc3eb9 elementor-widget elementor-widget-image\" data-id=\"2fc3eb9\" data-element_type=\"widget\" data-e-type=\"widget\" data-widget_type=\"image.default\">\n\t\t\t\t<div class=\"elementor-widget-container\">\n\t\t\t\t\t\t\t\t\t\t\t\t<figure class=\"wp-caption\">\n\t\t\t\t\t\t\t\t\t\t<img loading=\"lazy\" decoding=\"async\" width=\"768\" height=\"512\" src=\"https:\/\/www.elturistatranquil.com\/wp-content\/uploads\/F46-Parador-de-Albacete.jpg\" class=\"attachment-large size-large wp-image-62847\" alt=\"Parador de Albacete\" srcset=\"https:\/\/www.elturistatranquil.com\/wp-content\/uploads\/F46-Parador-de-Albacete.jpg 768w, https:\/\/www.elturistatranquil.com\/wp-content\/uploads\/F46-Parador-de-Albacete-339x226.jpg 339w\" sizes=\"(max-width: 768px) 100vw, 768px\" \/>\t\t\t\t\t\t\t\t\t\t\t<figcaption class=\"widget-image-caption wp-caption-text\"><\/figcaption>\n\t\t\t\t\t\t\t\t\t\t<\/figure>\n\t\t\t\t\t\t\t\t\t<\/div>\n\t\t\t\t<\/div>\n\t\t\t\t<div class=\"elementor-element elementor-element-04d57af elementor-widget elementor-widget-text-editor\" data-id=\"04d57af\" data-element_type=\"widget\" data-e-type=\"widget\" data-widget_type=\"text-editor.default\">\n\t\t\t\t<div class=\"elementor-widget-container\">\n\t\t\t\t\t\t\t\t\t<p>Si el temps acompanya, la terrassa de la cafeteria \u00e9s un lloc ideal per a un sopar m\u00e9s informal, on tamb\u00e9 se serveixen plats de la carta del restaurant.<\/p>\t\t\t\t\t\t\t\t<\/div>\n\t\t\t\t<\/div>\n\t\t\t\t<div class=\"elementor-element elementor-element-64f518c elementor-widget elementor-widget-image\" data-id=\"64f518c\" data-element_type=\"widget\" data-e-type=\"widget\" data-widget_type=\"image.default\">\n\t\t\t\t<div class=\"elementor-widget-container\">\n\t\t\t\t\t\t\t\t\t\t\t\t<figure class=\"wp-caption\">\n\t\t\t\t\t\t\t\t\t\t<img loading=\"lazy\" decoding=\"async\" width=\"768\" height=\"512\" src=\"https:\/\/www.elturistatranquil.com\/wp-content\/uploads\/F47-Parador-de-Albacete.jpg\" class=\"attachment-large size-large wp-image-62849\" alt=\"Parador de Albacete\" srcset=\"https:\/\/www.elturistatranquil.com\/wp-content\/uploads\/F47-Parador-de-Albacete.jpg 768w, https:\/\/www.elturistatranquil.com\/wp-content\/uploads\/F47-Parador-de-Albacete-339x226.jpg 339w\" sizes=\"(max-width: 768px) 100vw, 768px\" \/>\t\t\t\t\t\t\t\t\t\t\t<figcaption class=\"widget-image-caption wp-caption-text\"><\/figcaption>\n\t\t\t\t\t\t\t\t\t\t<\/figure>\n\t\t\t\t\t\t\t\t\t<\/div>\n\t\t\t\t<\/div>\n\t\t\t\t<div class=\"elementor-element elementor-element-8adb1de elementor-widget elementor-widget-text-editor\" data-id=\"8adb1de\" data-element_type=\"widget\" data-e-type=\"widget\" data-widget_type=\"text-editor.default\">\n\t\t\t\t<div class=\"elementor-widget-container\">\n\t\t\t\t\t\t\t\t\t<p>La generosa piscina d\u2019estiu, d\u2019uns 12&#215;25 metres, al costat de la cafeteria \u00e9s un complement d\u2019oci perfecte.<\/p>\t\t\t\t\t\t\t\t<\/div>\n\t\t\t\t<\/div>\n\t\t\t\t<div class=\"elementor-element elementor-element-d6949db elementor-widget elementor-widget-image\" data-id=\"d6949db\" data-element_type=\"widget\" data-e-type=\"widget\" data-widget_type=\"image.default\">\n\t\t\t\t<div class=\"elementor-widget-container\">\n\t\t\t\t\t\t\t\t\t\t\t\t<figure class=\"wp-caption\">\n\t\t\t\t\t\t\t\t\t\t<img loading=\"lazy\" decoding=\"async\" width=\"768\" height=\"512\" src=\"https:\/\/www.elturistatranquil.com\/wp-content\/uploads\/F48-Parador-de-Albacete.jpg\" class=\"attachment-large size-large wp-image-62851\" alt=\"Parador de Albacete\" srcset=\"https:\/\/www.elturistatranquil.com\/wp-content\/uploads\/F48-Parador-de-Albacete.jpg 768w, https:\/\/www.elturistatranquil.com\/wp-content\/uploads\/F48-Parador-de-Albacete-339x226.jpg 339w\" sizes=\"(max-width: 768px) 100vw, 768px\" \/>\t\t\t\t\t\t\t\t\t\t\t<figcaption class=\"widget-image-caption wp-caption-text\"><\/figcaption>\n\t\t\t\t\t\t\t\t\t\t<\/figure>\n\t\t\t\t\t\t\t\t\t<\/div>\n\t\t\t\t<\/div>\n\t\t\t\t<div class=\"elementor-element elementor-element-4ea3483 elementor-widget elementor-widget-text-editor\" data-id=\"4ea3483\" data-element_type=\"widget\" data-e-type=\"widget\" data-widget_type=\"text-editor.default\">\n\t\t\t\t<div class=\"elementor-widget-container\">\n\t\t\t\t\t\t\t\t\t<p>L\u2019oferta d\u2019oci tamb\u00e9 inclou dues pistes de tennis.<\/p>\t\t\t\t\t\t\t\t<\/div>\n\t\t\t\t<\/div>\n\t\t\t\t<div class=\"elementor-element elementor-element-600950f elementor-widget elementor-widget-heading\" data-id=\"600950f\" data-element_type=\"widget\" data-e-type=\"widget\" data-widget_type=\"heading.default\">\n\t\t\t\t<div class=\"elementor-widget-container\">\n\t\t\t\t\t<h5 class=\"elementor-heading-title elementor-size-default\">Un casament<\/h5>\t\t\t\t<\/div>\n\t\t\t\t<\/div>\n\t\t\t\t<div class=\"elementor-element elementor-element-30ae12d elementor-widget elementor-widget-text-editor\" data-id=\"30ae12d\" data-element_type=\"widget\" data-e-type=\"widget\" data-widget_type=\"text-editor.default\">\n\t\t\t\t<div class=\"elementor-widget-container\">\n\t\t\t\t\t\t\t\t\t<p>De l\u2019oferta de sales equipades per a confer\u00e8ncies i banquets, i de suport en l\u2019organitzaci\u00f3 de casaments, vam tenir ocasi\u00f3 d\u2019observar l\u2019organitzaci\u00f3 del pati-claustre com a lloc de cerim\u00f2nia i aperitiu per a un casament.<\/p>\t\t\t\t\t\t\t\t<\/div>\n\t\t\t\t<\/div>\n\t\t\t\t<div class=\"elementor-element elementor-element-0b7055e elementor-widget elementor-widget-image\" data-id=\"0b7055e\" data-element_type=\"widget\" data-e-type=\"widget\" data-widget_type=\"image.default\">\n\t\t\t\t<div class=\"elementor-widget-container\">\n\t\t\t\t\t\t\t\t\t\t\t\t<figure class=\"wp-caption\">\n\t\t\t\t\t\t\t\t\t\t<img loading=\"lazy\" decoding=\"async\" width=\"768\" height=\"512\" src=\"https:\/\/www.elturistatranquil.com\/wp-content\/uploads\/F49-Parador-de-Albacete.jpg\" class=\"attachment-large size-large wp-image-62853\" alt=\"\" srcset=\"https:\/\/www.elturistatranquil.com\/wp-content\/uploads\/F49-Parador-de-Albacete.jpg 768w, https:\/\/www.elturistatranquil.com\/wp-content\/uploads\/F49-Parador-de-Albacete-339x226.jpg 339w\" sizes=\"(max-width: 768px) 100vw, 768px\" \/>\t\t\t\t\t\t\t\t\t\t\t<figcaption class=\"widget-image-caption wp-caption-text\"><\/figcaption>\n\t\t\t\t\t\t\t\t\t\t<\/figure>\n\t\t\t\t\t\t\t\t\t<\/div>\n\t\t\t\t<\/div>\n\t\t\t\t<div class=\"elementor-element elementor-element-0dd5271 elementor-widget elementor-widget-image\" data-id=\"0dd5271\" data-element_type=\"widget\" data-e-type=\"widget\" data-widget_type=\"image.default\">\n\t\t\t\t<div class=\"elementor-widget-container\">\n\t\t\t\t\t\t\t\t\t\t\t\t<figure class=\"wp-caption\">\n\t\t\t\t\t\t\t\t\t\t<img loading=\"lazy\" decoding=\"async\" width=\"768\" height=\"512\" src=\"https:\/\/www.elturistatranquil.com\/wp-content\/uploads\/F50-Parador-de-Albacete.jpg\" class=\"attachment-large size-large wp-image-62855\" alt=\"Parador de Albacete\" srcset=\"https:\/\/www.elturistatranquil.com\/wp-content\/uploads\/F50-Parador-de-Albacete.jpg 768w, https:\/\/www.elturistatranquil.com\/wp-content\/uploads\/F50-Parador-de-Albacete-339x226.jpg 339w\" sizes=\"(max-width: 768px) 100vw, 768px\" \/>\t\t\t\t\t\t\t\t\t\t\t<figcaption class=\"widget-image-caption wp-caption-text\"><\/figcaption>\n\t\t\t\t\t\t\t\t\t\t<\/figure>\n\t\t\t\t\t\t\t\t\t<\/div>\n\t\t\t\t<\/div>\n\t\t\t\t<div class=\"elementor-element elementor-element-6cf863f elementor-widget elementor-widget-heading\" data-id=\"6cf863f\" data-element_type=\"widget\" data-e-type=\"widget\" data-widget_type=\"heading.default\">\n\t\t\t\t<div class=\"elementor-widget-container\">\n\t\t\t\t\t<h5 class=\"elementor-heading-title elementor-size-default\">Aspectes particulars a considerar<\/h5>\t\t\t\t<\/div>\n\t\t\t\t<\/div>\n\t\t\t\t<div class=\"elementor-element elementor-element-00288a8 elementor-widget elementor-widget-text-editor\" data-id=\"00288a8\" data-element_type=\"widget\" data-e-type=\"widget\" data-widget_type=\"text-editor.default\">\n\t\t\t\t<div class=\"elementor-widget-container\">\n\t\t\t\t\t\t\t\t\t<p>El Parador ofereix l\u2019admissi\u00f3 de mascotes en determinades condicions que s\u2019han de consultar abans de la reserva.<\/p>\t\t\t\t\t\t\t\t<\/div>\n\t\t\t\t<\/div>\n\t\t\t\t<div class=\"elementor-element elementor-element-7c981de elementor-widget elementor-widget-heading\" data-id=\"7c981de\" data-element_type=\"widget\" data-e-type=\"widget\" data-widget_type=\"heading.default\">\n\t\t\t\t<div class=\"elementor-widget-container\">\n\t\t\t\t\t<h2 class=\"elementor-heading-title elementor-size-default\">Fi de l\u2019estada: el retorn<\/h2>\t\t\t\t<\/div>\n\t\t\t\t<\/div>\n\t\t\t\t<div class=\"elementor-element elementor-element-47ea38c elementor-widget elementor-widget-text-editor\" data-id=\"47ea38c\" data-element_type=\"widget\" data-e-type=\"widget\" data-widget_type=\"text-editor.default\">\n\t\t\t\t<div class=\"elementor-widget-container\">\n\t\t\t\t\t\t\t\t\t<p>El <strong>Parador de Albacete<\/strong> no \u00e9s el Parador m\u00e9s espectacular de la xarxa, per\u00f2 s\u00ed un dels que millor encarna aquesta idea \u201cd\u2019oasi\u201d enmig de la Meseta: discret, c\u00f2mode i pensat perqu\u00e8 el viatger es prengui el seu temps.<\/p><p>En definitiva, el Parador de Albacete \u00e9s la demostraci\u00f3 que el luxe no sempre resideix en la pedra antiga o en l\u2019al\u00e7ada de les torres, sin\u00f3 en l\u2019espai, la calma i l\u2019autenticitat. \u00c9s una \u201cventa\u201d moderna que honora la mem\u00f2ria d\u2019una terra s\u00f2bria, oferint al viatger del segle XXI la mateixa pau que, segles enrere, buscaven els gentilhomes a les seves cases de camp.<\/p><p>En tot moment, l\u2019amabilitat va ser la norma de totes les persones que ens van atendre: des de la recepci\u00f3 al menjador i cafeteria fins tot el personal de manteniment i neteja que ens van atendre. Tot i ser un complex ampli, el tracte i les sensacions en l\u2019estada van ser molt familiars.<\/p>\t\t\t\t\t\t\t\t<\/div>\n\t\t\t\t<\/div>\n\t\t\t\t\t<\/div>\n\t\t<\/div>\n\t\t\t\t\t<\/div>\n\t\t<\/section>\n\t\t\t\t<\/div>\n\t\t","protected":false},"excerpt":{"rendered":"<p>Al costat de la ciutat, el Parador de Albacete encarna aquesta idea d&#8217;oasi a la meitat de la Meseta, discret i c\u00f2mode en un ampli complex d&#8217;arquitectura neorural. Parador de &#8230; <a title=\"Parador de Albacete. Llanos de Albacete\" class=\"read-more\" href=\"https:\/\/www.elturistatranquil.com\/ca\/parador-de-albacete-llanos-de-albacete\/\" aria-label=\"M\u00e9s informaci\u00f3 sobre Parador de Albacete. Llanos de Albacete\">[ &#8230; ]<\/a><\/p>\n","protected":false},"author":1,"featured_media":62739,"comment_status":"open","ping_status":"closed","sticky":false,"template":"","format":"standard","meta":{"footnotes":""},"categories":[196,76,84,102,108],"tags":[],"class_list":["post-62868","post","type-post","status-publish","format-standard","has-post-thumbnail","hentry","category-albacete-ca","category-ciutat","category-hotel-ca","category-restaurant","category-turisme-tranquil","infinite-scroll-item","generate-columns","tablet-grid-50","mobile-grid-100","grid-parent","grid-50","no-featured-image-padding"],"yoast_head":"<!-- This site is optimized with the Yoast SEO plugin v27.4 - https:\/\/yoast.com\/product\/yoast-seo-wordpress\/ -->\n<title>Parador de Albacete. Llanos de Albacete - El turista tranquil<\/title>\n<meta name=\"description\" content=\"Al costat de la ciutat, el Parador de Albacete encarna aquesta idea d&#039;oasi a la meitat de la Meseta, discret i c\u00f2mode en un ampli complex d&#039;arquitectura neorural.\" \/>\n<meta name=\"robots\" content=\"index, follow, max-snippet:-1, max-image-preview:large, max-video-preview:-1\" \/>\n<link rel=\"canonical\" href=\"https:\/\/www.elturistatranquil.com\/ca\/parador-de-albacete-llanos-de-albacete\/\" \/>\n<meta property=\"og:locale\" content=\"ca_ES\" \/>\n<meta property=\"og:type\" content=\"article\" \/>\n<meta property=\"og:title\" content=\"Parador de Albacete. Llanos de Albacete - El turista tranquil\" \/>\n<meta property=\"og:description\" content=\"Al costat de la ciutat, el Parador de Albacete encarna aquesta idea d&#039;oasi a la meitat de la Meseta, discret i c\u00f2mode en un ampli complex d&#039;arquitectura neorural.\" \/>\n<meta property=\"og:url\" content=\"https:\/\/www.elturistatranquil.com\/ca\/parador-de-albacete-llanos-de-albacete\/\" \/>\n<meta property=\"og:site_name\" content=\"El turista tranquil\" \/>\n<meta property=\"article:publisher\" content=\"https:\/\/www.facebook.com\/elturistatranquilo\/\" \/>\n<meta property=\"article:published_time\" content=\"2025-11-22T12:04:52+00:00\" \/>\n<meta property=\"article:modified_time\" content=\"2025-11-30T12:09:43+00:00\" \/>\n<meta property=\"og:image\" content=\"https:\/\/www.elturistatranquil.com\/wp-content\/uploads\/F01-Parador-de-Albacete.jpg\" \/>\n\t<meta property=\"og:image:width\" content=\"768\" \/>\n\t<meta property=\"og:image:height\" content=\"512\" \/>\n\t<meta property=\"og:image:type\" content=\"image\/jpeg\" \/>\n<meta name=\"author\" content=\"admin\" \/>\n<meta name=\"twitter:card\" content=\"summary_large_image\" \/>\n<meta name=\"twitter:label1\" content=\"Escrit per\" \/>\n\t<meta name=\"twitter:data1\" content=\"admin\" \/>\n\t<meta name=\"twitter:label2\" content=\"Temps estimat de lectura\" \/>\n\t<meta name=\"twitter:data2\" content=\"21 minuts\" \/>\n<script type=\"application\/ld+json\" class=\"yoast-schema-graph\">{\"@context\":\"https:\\\/\\\/schema.org\",\"@graph\":[{\"@type\":\"Article\",\"@id\":\"https:\\\/\\\/www.elturistatranquil.com\\\/ca\\\/parador-de-albacete-llanos-de-albacete\\\/#article\",\"isPartOf\":{\"@id\":\"https:\\\/\\\/www.elturistatranquil.com\\\/ca\\\/parador-de-albacete-llanos-de-albacete\\\/\"},\"author\":{\"name\":\"admin\",\"@id\":\"https:\\\/\\\/www.elturistatranquil.com\\\/ca\\\/#\\\/schema\\\/person\\\/16f607c3079b96ed0c530a52e6b58bb5\"},\"headline\":\"Parador de Albacete. Llanos de Albacete\",\"datePublished\":\"2025-11-22T12:04:52+00:00\",\"dateModified\":\"2025-11-30T12:09:43+00:00\",\"mainEntityOfPage\":{\"@id\":\"https:\\\/\\\/www.elturistatranquil.com\\\/ca\\\/parador-de-albacete-llanos-de-albacete\\\/\"},\"wordCount\":2024,\"commentCount\":0,\"image\":{\"@id\":\"https:\\\/\\\/www.elturistatranquil.com\\\/ca\\\/parador-de-albacete-llanos-de-albacete\\\/#primaryimage\"},\"thumbnailUrl\":\"https:\\\/\\\/www.elturistatranquil.com\\\/wp-content\\\/uploads\\\/F01-Parador-de-Albacete.jpg\",\"articleSection\":[\"Albacete\",\"Ciutat\",\"Hotel, Allotjament\",\"Restaurant\",\"Turisme tranquil\"],\"inLanguage\":\"ca\",\"potentialAction\":[{\"@type\":\"CommentAction\",\"name\":\"Comment\",\"target\":[\"https:\\\/\\\/www.elturistatranquil.com\\\/ca\\\/parador-de-albacete-llanos-de-albacete\\\/#respond\"]}]},{\"@type\":\"WebPage\",\"@id\":\"https:\\\/\\\/www.elturistatranquil.com\\\/ca\\\/parador-de-albacete-llanos-de-albacete\\\/\",\"url\":\"https:\\\/\\\/www.elturistatranquil.com\\\/ca\\\/parador-de-albacete-llanos-de-albacete\\\/\",\"name\":\"Parador de Albacete. Llanos de Albacete - El turista tranquil\",\"isPartOf\":{\"@id\":\"https:\\\/\\\/www.elturistatranquil.com\\\/ca\\\/#website\"},\"primaryImageOfPage\":{\"@id\":\"https:\\\/\\\/www.elturistatranquil.com\\\/ca\\\/parador-de-albacete-llanos-de-albacete\\\/#primaryimage\"},\"image\":{\"@id\":\"https:\\\/\\\/www.elturistatranquil.com\\\/ca\\\/parador-de-albacete-llanos-de-albacete\\\/#primaryimage\"},\"thumbnailUrl\":\"https:\\\/\\\/www.elturistatranquil.com\\\/wp-content\\\/uploads\\\/F01-Parador-de-Albacete.jpg\",\"datePublished\":\"2025-11-22T12:04:52+00:00\",\"dateModified\":\"2025-11-30T12:09:43+00:00\",\"author\":{\"@id\":\"https:\\\/\\\/www.elturistatranquil.com\\\/ca\\\/#\\\/schema\\\/person\\\/16f607c3079b96ed0c530a52e6b58bb5\"},\"description\":\"Al costat de la ciutat, el Parador de Albacete encarna aquesta idea d'oasi a la meitat de la Meseta, discret i c\u00f2mode en un ampli complex d'arquitectura neorural.\",\"breadcrumb\":{\"@id\":\"https:\\\/\\\/www.elturistatranquil.com\\\/ca\\\/parador-de-albacete-llanos-de-albacete\\\/#breadcrumb\"},\"inLanguage\":\"ca\",\"potentialAction\":[{\"@type\":\"ReadAction\",\"target\":[\"https:\\\/\\\/www.elturistatranquil.com\\\/ca\\\/parador-de-albacete-llanos-de-albacete\\\/\"]}]},{\"@type\":\"ImageObject\",\"inLanguage\":\"ca\",\"@id\":\"https:\\\/\\\/www.elturistatranquil.com\\\/ca\\\/parador-de-albacete-llanos-de-albacete\\\/#primaryimage\",\"url\":\"https:\\\/\\\/www.elturistatranquil.com\\\/wp-content\\\/uploads\\\/F01-Parador-de-Albacete.jpg\",\"contentUrl\":\"https:\\\/\\\/www.elturistatranquil.com\\\/wp-content\\\/uploads\\\/F01-Parador-de-Albacete.jpg\",\"width\":768,\"height\":512,\"caption\":\"Parador de Albacete\"},{\"@type\":\"BreadcrumbList\",\"@id\":\"https:\\\/\\\/www.elturistatranquil.com\\\/ca\\\/parador-de-albacete-llanos-de-albacete\\\/#breadcrumb\",\"itemListElement\":[{\"@type\":\"ListItem\",\"position\":1,\"name\":\"Portada\",\"item\":\"https:\\\/\\\/www.elturistatranquil.com\\\/ca\\\/\"},{\"@type\":\"ListItem\",\"position\":2,\"name\":\"Parador de Albacete. Llanos de Albacete\"}]},{\"@type\":\"WebSite\",\"@id\":\"https:\\\/\\\/www.elturistatranquil.com\\\/ca\\\/#website\",\"url\":\"https:\\\/\\\/www.elturistatranquil.com\\\/ca\\\/\",\"name\":\"El turista tranquil\",\"description\":\"Blog de viatges\",\"potentialAction\":[{\"@type\":\"SearchAction\",\"target\":{\"@type\":\"EntryPoint\",\"urlTemplate\":\"https:\\\/\\\/www.elturistatranquil.com\\\/ca\\\/?s={search_term_string}\"},\"query-input\":{\"@type\":\"PropertyValueSpecification\",\"valueRequired\":true,\"valueName\":\"search_term_string\"}}],\"inLanguage\":\"ca\"},{\"@type\":\"Person\",\"@id\":\"https:\\\/\\\/www.elturistatranquil.com\\\/ca\\\/#\\\/schema\\\/person\\\/16f607c3079b96ed0c530a52e6b58bb5\",\"name\":\"admin\",\"image\":{\"@type\":\"ImageObject\",\"inLanguage\":\"ca\",\"@id\":\"https:\\\/\\\/secure.gravatar.com\\\/avatar\\\/1fbaf22aee75fcbb29a2f97b107f95d25d3a19b7c3416105be10269872673e8d?s=96&d=mm&r=g\",\"url\":\"https:\\\/\\\/secure.gravatar.com\\\/avatar\\\/1fbaf22aee75fcbb29a2f97b107f95d25d3a19b7c3416105be10269872673e8d?s=96&d=mm&r=g\",\"contentUrl\":\"https:\\\/\\\/secure.gravatar.com\\\/avatar\\\/1fbaf22aee75fcbb29a2f97b107f95d25d3a19b7c3416105be10269872673e8d?s=96&d=mm&r=g\",\"caption\":\"admin\"}}]}<\/script>\n<!-- \/ Yoast SEO plugin. -->","yoast_head_json":{"title":"Parador de Albacete. Llanos de Albacete - El turista tranquil","description":"Al costat de la ciutat, el Parador de Albacete encarna aquesta idea d'oasi a la meitat de la Meseta, discret i c\u00f2mode en un ampli complex d'arquitectura neorural.","robots":{"index":"index","follow":"follow","max-snippet":"max-snippet:-1","max-image-preview":"max-image-preview:large","max-video-preview":"max-video-preview:-1"},"canonical":"https:\/\/www.elturistatranquil.com\/ca\/parador-de-albacete-llanos-de-albacete\/","og_locale":"ca_ES","og_type":"article","og_title":"Parador de Albacete. Llanos de Albacete - El turista tranquil","og_description":"Al costat de la ciutat, el Parador de Albacete encarna aquesta idea d'oasi a la meitat de la Meseta, discret i c\u00f2mode en un ampli complex d'arquitectura neorural.","og_url":"https:\/\/www.elturistatranquil.com\/ca\/parador-de-albacete-llanos-de-albacete\/","og_site_name":"El turista tranquil","article_publisher":"https:\/\/www.facebook.com\/elturistatranquilo\/","article_published_time":"2025-11-22T12:04:52+00:00","article_modified_time":"2025-11-30T12:09:43+00:00","og_image":[{"width":768,"height":512,"url":"https:\/\/www.elturistatranquil.com\/wp-content\/uploads\/F01-Parador-de-Albacete.jpg","type":"image\/jpeg"}],"author":"admin","twitter_card":"summary_large_image","twitter_misc":{"Escrit per":"admin","Temps estimat de lectura":"21 minuts"},"schema":{"@context":"https:\/\/schema.org","@graph":[{"@type":"Article","@id":"https:\/\/www.elturistatranquil.com\/ca\/parador-de-albacete-llanos-de-albacete\/#article","isPartOf":{"@id":"https:\/\/www.elturistatranquil.com\/ca\/parador-de-albacete-llanos-de-albacete\/"},"author":{"name":"admin","@id":"https:\/\/www.elturistatranquil.com\/ca\/#\/schema\/person\/16f607c3079b96ed0c530a52e6b58bb5"},"headline":"Parador de Albacete. Llanos de Albacete","datePublished":"2025-11-22T12:04:52+00:00","dateModified":"2025-11-30T12:09:43+00:00","mainEntityOfPage":{"@id":"https:\/\/www.elturistatranquil.com\/ca\/parador-de-albacete-llanos-de-albacete\/"},"wordCount":2024,"commentCount":0,"image":{"@id":"https:\/\/www.elturistatranquil.com\/ca\/parador-de-albacete-llanos-de-albacete\/#primaryimage"},"thumbnailUrl":"https:\/\/www.elturistatranquil.com\/wp-content\/uploads\/F01-Parador-de-Albacete.jpg","articleSection":["Albacete","Ciutat","Hotel, Allotjament","Restaurant","Turisme tranquil"],"inLanguage":"ca","potentialAction":[{"@type":"CommentAction","name":"Comment","target":["https:\/\/www.elturistatranquil.com\/ca\/parador-de-albacete-llanos-de-albacete\/#respond"]}]},{"@type":"WebPage","@id":"https:\/\/www.elturistatranquil.com\/ca\/parador-de-albacete-llanos-de-albacete\/","url":"https:\/\/www.elturistatranquil.com\/ca\/parador-de-albacete-llanos-de-albacete\/","name":"Parador de Albacete. Llanos de Albacete - El turista tranquil","isPartOf":{"@id":"https:\/\/www.elturistatranquil.com\/ca\/#website"},"primaryImageOfPage":{"@id":"https:\/\/www.elturistatranquil.com\/ca\/parador-de-albacete-llanos-de-albacete\/#primaryimage"},"image":{"@id":"https:\/\/www.elturistatranquil.com\/ca\/parador-de-albacete-llanos-de-albacete\/#primaryimage"},"thumbnailUrl":"https:\/\/www.elturistatranquil.com\/wp-content\/uploads\/F01-Parador-de-Albacete.jpg","datePublished":"2025-11-22T12:04:52+00:00","dateModified":"2025-11-30T12:09:43+00:00","author":{"@id":"https:\/\/www.elturistatranquil.com\/ca\/#\/schema\/person\/16f607c3079b96ed0c530a52e6b58bb5"},"description":"Al costat de la ciutat, el Parador de Albacete encarna aquesta idea d'oasi a la meitat de la Meseta, discret i c\u00f2mode en un ampli complex d'arquitectura neorural.","breadcrumb":{"@id":"https:\/\/www.elturistatranquil.com\/ca\/parador-de-albacete-llanos-de-albacete\/#breadcrumb"},"inLanguage":"ca","potentialAction":[{"@type":"ReadAction","target":["https:\/\/www.elturistatranquil.com\/ca\/parador-de-albacete-llanos-de-albacete\/"]}]},{"@type":"ImageObject","inLanguage":"ca","@id":"https:\/\/www.elturistatranquil.com\/ca\/parador-de-albacete-llanos-de-albacete\/#primaryimage","url":"https:\/\/www.elturistatranquil.com\/wp-content\/uploads\/F01-Parador-de-Albacete.jpg","contentUrl":"https:\/\/www.elturistatranquil.com\/wp-content\/uploads\/F01-Parador-de-Albacete.jpg","width":768,"height":512,"caption":"Parador de Albacete"},{"@type":"BreadcrumbList","@id":"https:\/\/www.elturistatranquil.com\/ca\/parador-de-albacete-llanos-de-albacete\/#breadcrumb","itemListElement":[{"@type":"ListItem","position":1,"name":"Portada","item":"https:\/\/www.elturistatranquil.com\/ca\/"},{"@type":"ListItem","position":2,"name":"Parador de Albacete. Llanos de Albacete"}]},{"@type":"WebSite","@id":"https:\/\/www.elturistatranquil.com\/ca\/#website","url":"https:\/\/www.elturistatranquil.com\/ca\/","name":"El turista tranquil","description":"Blog de viatges","potentialAction":[{"@type":"SearchAction","target":{"@type":"EntryPoint","urlTemplate":"https:\/\/www.elturistatranquil.com\/ca\/?s={search_term_string}"},"query-input":{"@type":"PropertyValueSpecification","valueRequired":true,"valueName":"search_term_string"}}],"inLanguage":"ca"},{"@type":"Person","@id":"https:\/\/www.elturistatranquil.com\/ca\/#\/schema\/person\/16f607c3079b96ed0c530a52e6b58bb5","name":"admin","image":{"@type":"ImageObject","inLanguage":"ca","@id":"https:\/\/secure.gravatar.com\/avatar\/1fbaf22aee75fcbb29a2f97b107f95d25d3a19b7c3416105be10269872673e8d?s=96&d=mm&r=g","url":"https:\/\/secure.gravatar.com\/avatar\/1fbaf22aee75fcbb29a2f97b107f95d25d3a19b7c3416105be10269872673e8d?s=96&d=mm&r=g","contentUrl":"https:\/\/secure.gravatar.com\/avatar\/1fbaf22aee75fcbb29a2f97b107f95d25d3a19b7c3416105be10269872673e8d?s=96&d=mm&r=g","caption":"admin"}}]}},"_links":{"self":[{"href":"https:\/\/www.elturistatranquil.com\/ca\/wp-json\/wp\/v2\/posts\/62868","targetHints":{"allow":["GET"]}}],"collection":[{"href":"https:\/\/www.elturistatranquil.com\/ca\/wp-json\/wp\/v2\/posts"}],"about":[{"href":"https:\/\/www.elturistatranquil.com\/ca\/wp-json\/wp\/v2\/types\/post"}],"author":[{"embeddable":true,"href":"https:\/\/www.elturistatranquil.com\/ca\/wp-json\/wp\/v2\/users\/1"}],"replies":[{"embeddable":true,"href":"https:\/\/www.elturistatranquil.com\/ca\/wp-json\/wp\/v2\/comments?post=62868"}],"version-history":[{"count":10,"href":"https:\/\/www.elturistatranquil.com\/ca\/wp-json\/wp\/v2\/posts\/62868\/revisions"}],"predecessor-version":[{"id":62881,"href":"https:\/\/www.elturistatranquil.com\/ca\/wp-json\/wp\/v2\/posts\/62868\/revisions\/62881"}],"wp:featuredmedia":[{"embeddable":true,"href":"https:\/\/www.elturistatranquil.com\/ca\/wp-json\/wp\/v2\/media\/62739"}],"wp:attachment":[{"href":"https:\/\/www.elturistatranquil.com\/ca\/wp-json\/wp\/v2\/media?parent=62868"}],"wp:term":[{"taxonomy":"category","embeddable":true,"href":"https:\/\/www.elturistatranquil.com\/ca\/wp-json\/wp\/v2\/categories?post=62868"},{"taxonomy":"post_tag","embeddable":true,"href":"https:\/\/www.elturistatranquil.com\/ca\/wp-json\/wp\/v2\/tags?post=62868"}],"curies":[{"name":"wp","href":"https:\/\/api.w.org\/{rel}","templated":true}]}}