{"id":63558,"date":"2025-12-27T13:58:55","date_gmt":"2025-12-27T12:58:55","guid":{"rendered":"https:\/\/www.elturistatranquil.com\/?p=63558"},"modified":"2025-12-29T14:05:30","modified_gmt":"2025-12-29T13:05:30","slug":"reial-fabrica-de-teixits-de-santa-barbara-ezcaray-la-rioja","status":"publish","type":"post","link":"https:\/\/www.elturistatranquil.com\/ca\/reial-fabrica-de-teixits-de-santa-barbara-ezcaray-la-rioja\/","title":{"rendered":"Reial F\u00e0brica de Teixits de Santa B\u00e0rbara (Ezcaray. La Rioja)"},"content":{"rendered":"\t\t<div data-elementor-type=\"wp-post\" data-elementor-id=\"63558\" class=\"elementor elementor-63558 elementor-63454\" data-elementor-post-type=\"post\">\n\t\t\t\t\t\t<section class=\"elementor-section elementor-top-section elementor-element elementor-element-5de00176 elementor-section-boxed elementor-section-height-default elementor-section-height-default\" data-id=\"5de00176\" data-element_type=\"section\" data-e-type=\"section\">\n\t\t\t\t\t\t<div class=\"elementor-container elementor-column-gap-default\">\n\t\t\t\t\t<div class=\"elementor-column elementor-col-100 elementor-top-column elementor-element elementor-element-60cf2799\" data-id=\"60cf2799\" data-element_type=\"column\" data-e-type=\"column\">\n\t\t\t<div class=\"elementor-widget-wrap elementor-element-populated\">\n\t\t\t\t\t\t<section class=\"elementor-section elementor-inner-section elementor-element elementor-element-5f06fcb7 elementor-section-content-middle elementor-section-boxed elementor-section-height-default elementor-section-height-default\" data-id=\"5f06fcb7\" data-element_type=\"section\" data-e-type=\"section\">\n\t\t\t\t\t\t<div class=\"elementor-container elementor-column-gap-default\">\n\t\t\t\t\t<div class=\"elementor-column elementor-col-100 elementor-inner-column elementor-element elementor-element-7d5990bd\" data-id=\"7d5990bd\" data-element_type=\"column\" data-e-type=\"column\">\n\t\t\t<div class=\"elementor-widget-wrap elementor-element-populated\">\n\t\t\t\t\t\t<div class=\"elementor-element elementor-element-50dce430 elementor-widget elementor-widget-text-editor\" data-id=\"50dce430\" data-element_type=\"widget\" data-e-type=\"widget\" data-widget_type=\"text-editor.default\">\n\t\t\t\t<div class=\"elementor-widget-container\">\n\t\t\t\t\t\t\t\t\t<p>La <strong>Reial F\u00e0brica de Teixits de Santa B\u00e0rbara<\/strong> (Ezcaray, La Rioja) constitueix un bon observatori per estudiar les pol\u00edtiques de foment industrial de la monarquia borb\u00f2nica del segle XVIII i el seu impacte en un entorn rural de muntanya.<\/p>\t\t\t\t\t\t\t\t<\/div>\n\t\t\t\t<\/div>\n\t\t\t\t\t<\/div>\n\t\t<\/div>\n\t\t\t\t\t<\/div>\n\t\t<\/section>\n\t\t\t\t<div class=\"elementor-element elementor-element-2a01213 elementor-widget elementor-widget-heading\" data-id=\"2a01213\" data-element_type=\"widget\" data-e-type=\"widget\" data-widget_type=\"heading.default\">\n\t\t\t\t<div class=\"elementor-widget-container\">\n\t\t\t\t\t<h1 class=\"elementor-heading-title elementor-size-default\">Reial F\u00e0brica de Teixits de Santa B\u00e0rbara (Ezcaray. La Rioja)<\/h1>\t\t\t\t<\/div>\n\t\t\t\t<\/div>\n\t\t\t\t\t<\/div>\n\t\t<\/div>\n\t\t\t\t\t<\/div>\n\t\t<\/section>\n\t\t\t\t<section class=\"elementor-section elementor-top-section elementor-element elementor-element-680b6c35 elementor-section-boxed elementor-section-height-default elementor-section-height-default\" data-id=\"680b6c35\" data-element_type=\"section\" data-e-type=\"section\">\n\t\t\t\t\t\t<div class=\"elementor-container elementor-column-gap-default\">\n\t\t\t\t\t<div class=\"elementor-column elementor-col-100 elementor-top-column elementor-element elementor-element-cd6cf84\" data-id=\"cd6cf84\" data-element_type=\"column\" data-e-type=\"column\">\n\t\t\t<div class=\"elementor-widget-wrap elementor-element-populated\">\n\t\t\t\t\t\t<section class=\"elementor-section elementor-inner-section elementor-element elementor-element-4ac82617 elementor-section-boxed elementor-section-height-default elementor-section-height-default\" data-id=\"4ac82617\" data-element_type=\"section\" data-e-type=\"section\" data-settings=\"{&quot;background_background&quot;:&quot;classic&quot;}\">\n\t\t\t\t\t\t\t<div class=\"elementor-background-overlay\"><\/div>\n\t\t\t\t\t\t\t<div class=\"elementor-container elementor-column-gap-default\">\n\t\t\t\t\t<div class=\"elementor-column elementor-col-100 elementor-inner-column elementor-element elementor-element-5cea4616\" data-id=\"5cea4616\" data-element_type=\"column\" data-e-type=\"column\" data-settings=\"{&quot;background_background&quot;:&quot;classic&quot;}\">\n\t\t\t<div class=\"elementor-widget-wrap elementor-element-populated\">\n\t\t\t\t\t\t<div class=\"elementor-element elementor-element-7774918 elementor-widget elementor-widget-text-editor\" data-id=\"7774918\" data-element_type=\"widget\" data-e-type=\"widget\" data-widget_type=\"text-editor.default\">\n\t\t\t\t<div class=\"elementor-widget-container\">\n\t\t\t\t\t\t\t\t\t<p>Adre\u00e7a: Avgda. Santo Domingo de la Calzada, 3 (LR-111). Municipi: Ezcaray. Comarca: Comarca de Ezcaray. Prov\u00edncia: La Rioja. Com. Aut\u00f2noma: La Rioja<br \/>Coordenades: 42\u00b019&#8217;38.4&#8243;N 3\u00b000&#8217;47.5&#8243;O. Altitud: 811 msnm. Poblaci\u00f3: 2.004 habitants a la localitat (2024)<br \/>Web: <a href=\"https:\/\/www.ezcaray.org\/oficina-de-informacion\/\" target=\"_blank\" rel=\"noopener\">ezcaray.org<\/a><br \/><em>B\u00e9 d\u2019Inter\u00e8s Cultural (BIC)<\/em><br \/>Visita: 2025<\/p>\t\t\t\t\t\t\t\t<\/div>\n\t\t\t\t<\/div>\n\t\t\t\t\t<\/div>\n\t\t<\/div>\n\t\t\t\t\t<\/div>\n\t\t<\/section>\n\t\t\t\t<div class=\"elementor-element elementor-element-61f6fa7b elementor-widget elementor-widget-image\" data-id=\"61f6fa7b\" data-element_type=\"widget\" data-e-type=\"widget\" data-widget_type=\"image.default\">\n\t\t\t\t<div class=\"elementor-widget-container\">\n\t\t\t\t\t\t\t\t\t\t\t\t<figure class=\"wp-caption\">\n\t\t\t\t\t\t\t\t\t\t<img fetchpriority=\"high\" decoding=\"async\" width=\"768\" height=\"512\" src=\"https:\/\/www.elturistatranquil.com\/wp-content\/uploads\/F01-Real-Fabrica-de-Panos-de-Santa-Barbara-Google-earth-2025-12-08-b.jpg\" class=\"attachment-large size-large wp-image-63460\" alt=\"Real F\u00e1brica de Pa\u00f1os de Santa B\u00e1rbara. Ezcaray. La Rioja\" srcset=\"https:\/\/www.elturistatranquil.com\/wp-content\/uploads\/F01-Real-Fabrica-de-Panos-de-Santa-Barbara-Google-earth-2025-12-08-b.jpg 768w, https:\/\/www.elturistatranquil.com\/wp-content\/uploads\/F01-Real-Fabrica-de-Panos-de-Santa-Barbara-Google-earth-2025-12-08-b-339x226.jpg 339w\" sizes=\"(max-width: 768px) 100vw, 768px\" \/>\t\t\t\t\t\t\t\t\t\t\t<figcaption class=\"widget-image-caption wp-caption-text\">Reial F\u00e0brica de Teixits de Santa B\u00e0rbara. Ezcaray (Google earth 2025-12-08)<\/figcaption>\n\t\t\t\t\t\t\t\t\t\t<\/figure>\n\t\t\t\t\t\t\t\t\t<\/div>\n\t\t\t\t<\/div>\n\t\t\t\t<div class=\"elementor-element elementor-element-e25df21 elementor-widget elementor-widget-image\" data-id=\"e25df21\" data-element_type=\"widget\" data-e-type=\"widget\" data-widget_type=\"image.default\">\n\t\t\t\t<div class=\"elementor-widget-container\">\n\t\t\t\t\t\t\t\t\t\t\t\t<figure class=\"wp-caption\">\n\t\t\t\t\t\t\t\t\t\t<img decoding=\"async\" width=\"768\" height=\"512\" src=\"https:\/\/www.elturistatranquil.com\/wp-content\/uploads\/F02c-Mapa-de-situacio-de-la-Real-Fabrica-de-Panos-de-Santa-Barbara-Ezcaray.-La-Rioja-Google-maps-2025-12-08.jpg\" class=\"attachment-medium_large size-medium_large wp-image-63560\" alt=\"Mapa de situacio de la Real Fabrica de Pa\u00f1os de Santa Barbara, Ezcaray. La Rioja (Google maps 2025-12-08)\" srcset=\"https:\/\/www.elturistatranquil.com\/wp-content\/uploads\/F02c-Mapa-de-situacio-de-la-Real-Fabrica-de-Panos-de-Santa-Barbara-Ezcaray.-La-Rioja-Google-maps-2025-12-08.jpg 768w, https:\/\/www.elturistatranquil.com\/wp-content\/uploads\/F02c-Mapa-de-situacio-de-la-Real-Fabrica-de-Panos-de-Santa-Barbara-Ezcaray.-La-Rioja-Google-maps-2025-12-08-339x226.jpg 339w\" sizes=\"(max-width: 768px) 100vw, 768px\" \/>\t\t\t\t\t\t\t\t\t\t\t<figcaption class=\"widget-image-caption wp-caption-text\">Mapa de situaci\u00f3 de la Reial F\u00e0brica de Teixits de Santa B\u00e0rbara, Ezcaray. La Rioja (Google maps 2025-12-08)<\/figcaption>\n\t\t\t\t\t\t\t\t\t\t<\/figure>\n\t\t\t\t\t\t\t\t\t<\/div>\n\t\t\t\t<\/div>\n\t\t\t\t<div class=\"elementor-element elementor-element-5cf85cea elementor-widget elementor-widget-spacer\" data-id=\"5cf85cea\" data-element_type=\"widget\" data-e-type=\"widget\" data-widget_type=\"spacer.default\">\n\t\t\t\t<div class=\"elementor-widget-container\">\n\t\t\t\t\t\t\t<div class=\"elementor-spacer\">\n\t\t\t<div class=\"elementor-spacer-inner\"><\/div>\n\t\t<\/div>\n\t\t\t\t\t\t<\/div>\n\t\t\t\t<\/div>\n\t\t\t\t<div class=\"elementor-element elementor-element-21b2fac9 elementor-widget elementor-widget-menu-anchor\" data-id=\"21b2fac9\" data-element_type=\"widget\" data-e-type=\"widget\" data-widget_type=\"menu-anchor.default\">\n\t\t\t\t<div class=\"elementor-widget-container\">\n\t\t\t\t\t\t\t<div class=\"elementor-menu-anchor\" id=\"a0101-EnlaceaunpuntodentrodelPost\"><\/div>\n\t\t\t\t\t\t<\/div>\n\t\t\t\t<\/div>\n\t\t\t\t<div class=\"elementor-element elementor-element-73a84473 elementor-toc--minimized-on-tablet elementor-widget elementor-widget-table-of-contents\" data-id=\"73a84473\" data-element_type=\"widget\" data-e-type=\"widget\" data-settings=\"{&quot;headings_by_tags&quot;:[&quot;h2&quot;,&quot;h3&quot;,&quot;h4&quot;],&quot;marker_view&quot;:&quot;bullets&quot;,&quot;icon&quot;:{&quot;value&quot;:&quot;&quot;,&quot;library&quot;:&quot;&quot;},&quot;no_headings_message&quot;:&quot;No se ha encontrado ning\\u00fan encabezado en esta p\\u00e1gina.&quot;,&quot;minimize_box&quot;:&quot;yes&quot;,&quot;minimized_on&quot;:&quot;tablet&quot;,&quot;hierarchical_view&quot;:&quot;yes&quot;,&quot;min_height&quot;:{&quot;unit&quot;:&quot;px&quot;,&quot;size&quot;:&quot;&quot;,&quot;sizes&quot;:[]},&quot;min_height_tablet&quot;:{&quot;unit&quot;:&quot;px&quot;,&quot;size&quot;:&quot;&quot;,&quot;sizes&quot;:[]},&quot;min_height_mobile&quot;:{&quot;unit&quot;:&quot;px&quot;,&quot;size&quot;:&quot;&quot;,&quot;sizes&quot;:[]}}\" data-widget_type=\"table-of-contents.default\">\n\t\t\t\t<div class=\"elementor-widget-container\">\n\t\t\t\t\t\t\t\t\t<div class=\"elementor-toc__header\">\n\t\t\t\t\t\t<h4 class=\"elementor-toc__header-title\">\n\t\t\t\t\u00cdndex\t\t\t<\/h4>\n\t\t\t\t\t\t\t\t\t\t<div class=\"elementor-toc__toggle-button elementor-toc__toggle-button--expand\" role=\"button\" tabindex=\"0\" aria-controls=\"elementor-toc__73a84473\" aria-expanded=\"true\" aria-label=\"Open table of contents\"><i aria-hidden=\"true\" class=\"fas fa-chevron-down\"><\/i><\/div>\n\t\t\t\t<div class=\"elementor-toc__toggle-button elementor-toc__toggle-button--collapse\" role=\"button\" tabindex=\"0\" aria-controls=\"elementor-toc__73a84473\" aria-expanded=\"true\" aria-label=\"Close table of contents\"><i aria-hidden=\"true\" class=\"fas fa-chevron-up\"><\/i><\/div>\n\t\t\t\t\t<\/div>\n\t\t\t\t<div id=\"elementor-toc__73a84473\" class=\"elementor-toc__body\">\n\t\t\t<div class=\"elementor-toc__spinner-container\">\n\t\t\t\t<i class=\"elementor-toc__spinner eicon-animation-spin eicon-loading\" aria-hidden=\"true\"><\/i>\t\t\t<\/div>\n\t\t<\/div>\n\t\t\t\t\t\t<\/div>\n\t\t\t\t<\/div>\n\t\t\t\t<div class=\"elementor-element elementor-element-fb7a31b elementor-widget elementor-widget-spacer\" data-id=\"fb7a31b\" data-element_type=\"widget\" data-e-type=\"widget\" data-widget_type=\"spacer.default\">\n\t\t\t\t<div class=\"elementor-widget-container\">\n\t\t\t\t\t\t\t<div class=\"elementor-spacer\">\n\t\t\t<div class=\"elementor-spacer-inner\"><\/div>\n\t\t<\/div>\n\t\t\t\t\t\t<\/div>\n\t\t\t\t<\/div>\n\t\t\t\t<div class=\"elementor-element elementor-element-26bb1031 elementor-widget elementor-widget-heading\" data-id=\"26bb1031\" data-element_type=\"widget\" data-e-type=\"widget\" data-widget_type=\"heading.default\">\n\t\t\t\t<div class=\"elementor-widget-container\">\n\t\t\t\t\t<h2 class=\"elementor-heading-title elementor-size-default\">Reial F\u00e0brica de Teixits de Santa B\u00e0rbara. Ezcaray. La Rioja<\/h2>\t\t\t\t<\/div>\n\t\t\t\t<\/div>\n\t\t\t\t<div class=\"elementor-element elementor-element-53403615 elementor-widget elementor-widget-text-editor\" data-id=\"53403615\" data-element_type=\"widget\" data-e-type=\"widget\" data-widget_type=\"text-editor.default\">\n\t\t\t\t<div class=\"elementor-widget-container\">\n\t\t\t\t\t\t\t\t\t<p>La ind\u00fastria t\u00e8xtil a l\u2019Espanya del segle XVIII no es pot entendre sense el fenomen de les Reials F\u00e0briques, institucions creades sota l\u2019empara de la Corona amb l\u2019objectiu de fomentar el desenvolupament manufacturer nacional, reduir les importacions i aplicar els principis del mercantilisme il\u00b7lustrat.<\/p><p>En el <em>Post<\/em> <strong><a href=\"https:\/\/www.elturistatranquil.com\/ca\/assentaments-de-poblacio-programats-i-2-proces-historic-a-espanya\/#1001\" target=\"_blank\" rel=\"noopener\">Assentaments de poblaci\u00f3 programats (i 2): Proc\u00e9s hist\u00f2ric a Espanya<\/a><\/strong> vaig reproduir la localitzaci\u00f3 de les Reials F\u00e0briques, entre les quals hi ha la que tracto aqu\u00ed.<\/p><p>En aquest context, la <strong>Reial F\u00e0brica de Teixits de Santa B\u00e0rbara<\/strong>, tamb\u00e9 anomenada <strong>Reial F\u00e0brica de Teixits &#8220;El Fuerte&#8221;<\/strong>, ubicada a Ezcaray (La Rioja), s\u2019erigeix com un dels exemples de l\u2019arquitectura protoindustrial i la pol\u00edtica econ\u00f2mica de l\u2019\u00e8poca.<\/p>\t\t\t\t\t\t\t\t<\/div>\n\t\t\t\t<\/div>\n\t\t\t\t<div class=\"elementor-element elementor-element-737cfbfb elementor-widget elementor-widget-heading\" data-id=\"737cfbfb\" data-element_type=\"widget\" data-e-type=\"widget\" data-widget_type=\"heading.default\">\n\t\t\t\t<div class=\"elementor-widget-container\">\n\t\t\t\t\t<h2 class=\"elementor-heading-title elementor-size-default\">El territori i una mica d\u2019hist\u00f2ria<\/h2>\t\t\t\t<\/div>\n\t\t\t\t<\/div>\n\t\t\t\t<div class=\"elementor-element elementor-element-0cd3bd8 elementor-widget elementor-widget-text-editor\" data-id=\"0cd3bd8\" data-element_type=\"widget\" data-e-type=\"widget\" data-widget_type=\"text-editor.default\">\n\t\t\t\t<div class=\"elementor-widget-container\">\n\t\t\t\t\t\t\t\t\t<p>Al l\u00edmit superior nord del Sistema Ib\u00e8ric, a la Vall de l\u2019Alt Oja, a la Serra de la Demanda, a m\u00e9s de 800 msnm, se situa la vila d\u2019Ezcaray, on l\u2019entorn humit de mitja muntanya va afavorir hist\u00f2ricament la ramaderia ovina i el prove\u00efment de llana.<\/p><p>Aquesta tradici\u00f3 ramadera a la vall va donar lloc a una producci\u00f3 llanera, que, al seu torn, va influir en la creaci\u00f3 d\u2019una important ind\u00fastria t\u00e8xtil. Des de la Baixa Edat Mitjana es documenta a la vila una producci\u00f3 de teixits de qualitat mitjana, basada en petits telers dom\u00e8stics que complementaven una economia agr\u00e0ria limitada per les condicions ecol\u00f2giques de la vall.<\/p><p>L\u2019evoluci\u00f3 de la vila d\u2019Ezcaray s\u2019explica per la seva posici\u00f3 al costat de l\u2019Oja en el seu despla\u00e7ament hist\u00f2ric cap a la riba esquerra del riu quan la vall va deixar de ser frontera, i l\u2019aigua (energia, rentat, tints) era un recurs estructural per al t\u00e8xtil.<\/p><p>La idone\u00eftat d\u2019Ezcaray responia tant a la tradici\u00f3 t\u00e8xtil local com a factors geogr\u00e0fics: la vall oferia la combinaci\u00f3 d\u2019aigua, fusta (per a carb\u00f3) i llana merina necess\u00e0ria per a una manufactura competitiva.<\/p><p>Al llarg dels segles XVII i XVIII aquesta activitat econ\u00f2mica va continuar creixent, rebent un fort impuls a partir de mitjan segle XVIII quan Ezcaray va experimentar una transformaci\u00f3 estructural, en consolidar-se un complex fabril de teixits i intensificar-se l\u2019explotaci\u00f3 de recursos miners al seu terme, cosa que va convertir la localitat en focus d\u2019atracci\u00f3 demogr\u00e0fica regional.<\/p><p>En efecte, el 1749, <em>Manuel Gonz\u00e1lez Montenegro<\/em> i <em>Antonio Bazo<\/em> creen una factoria de producci\u00f3 de teixits, iniciant la construcci\u00f3 de l\u2019edifici principal cap al 1751 amb dos amplis immobles, on es van ubicar les m\u00e0quines belgues que produirien els teixits.<\/p><p>Dins de la pol\u00edtica borb\u00f2nica de manufactures reials destinades a reduir la depend\u00e8ncia de les importacions de teixits fins i a ordenar una producci\u00f3 ja existent, el 1752, amb suport del ministre il\u00b7lustrat <strong>Zen\u00f3n de Somodevilla<\/strong>, <strong>Marqu\u00e8s de la Ensenada<\/strong>, natural de La Rioja, i sota l\u2019advocaci\u00f3 de la reina B\u00e0rbara de Bragan\u00e7a, muller de Fernando VI, es formalitza la transformaci\u00f3 de la factoria en la <strong>Reial F\u00e0brica de Teixits o \u201cReial F\u00e0brica de Teixits de Santa B\u00e0rbara\u201d<\/strong>, reorganitzant la tradici\u00f3 t\u00e8xtil pr\u00e8via, proporcionant capital, privilegis i una estructura centralitzada de producci\u00f3 i control de qualitat.<\/p><p>El Marqu\u00e8s de la Ensenada, en ser rioj\u00e0, devia veure a la seva terra natal el lloc idoni per impulsar una f\u00e0brica model a l\u2019empara de la Corona.<\/p><p>La f\u00e0brica es va situar al costat de l\u2019entrada nord de la localitat, sobre el cam\u00ed des de Santo Domingo de la Calzada.<\/p>\t\t\t\t\t\t\t\t<\/div>\n\t\t\t\t<\/div>\n\t\t\t\t<div class=\"elementor-element elementor-element-2c0309ae elementor-widget elementor-widget-image\" data-id=\"2c0309ae\" data-element_type=\"widget\" data-e-type=\"widget\" data-widget_type=\"image.default\">\n\t\t\t\t<div class=\"elementor-widget-container\">\n\t\t\t\t\t\t\t\t\t\t\t\t<figure class=\"wp-caption\">\n\t\t\t\t\t\t\t\t\t\t<img decoding=\"async\" width=\"768\" height=\"512\" src=\"https:\/\/www.elturistatranquil.com\/wp-content\/uploads\/F03-Real-Fabrica-de-Panos-de-Santa-Barbara-Google-earth-2025-12-08-c.jpg\" class=\"attachment-large size-large wp-image-63464\" alt=\"Real F\u00e1brica de Pa\u00f1os de Santa B\u00e1rbara. Ezcaray. La Rioja\" srcset=\"https:\/\/www.elturistatranquil.com\/wp-content\/uploads\/F03-Real-Fabrica-de-Panos-de-Santa-Barbara-Google-earth-2025-12-08-c.jpg 768w, https:\/\/www.elturistatranquil.com\/wp-content\/uploads\/F03-Real-Fabrica-de-Panos-de-Santa-Barbara-Google-earth-2025-12-08-c-339x226.jpg 339w\" sizes=\"(max-width: 768px) 100vw, 768px\" \/>\t\t\t\t\t\t\t\t\t\t\t<figcaption class=\"widget-image-caption wp-caption-text\">Reial F\u00e0brica de Teixits de Santa B\u00e0rbara a Ezcaray (Google earth 2025-12-08)<\/figcaption>\n\t\t\t\t\t\t\t\t\t\t<\/figure>\n\t\t\t\t\t\t\t\t\t<\/div>\n\t\t\t\t<\/div>\n\t\t\t\t<div class=\"elementor-element elementor-element-1072196c elementor-widget elementor-widget-text-editor\" data-id=\"1072196c\" data-element_type=\"widget\" data-e-type=\"widget\" data-widget_type=\"text-editor.default\">\n\t\t\t\t<div class=\"elementor-widget-container\">\n\t\t\t\t\t\t\t\t\t<p>Em sembla oport\u00fa i interessant basar-me en la descripci\u00f3 que fa <em>Pascual Madoz<\/em> al seu <em>Diccionario<\/em>, dins de l\u2019entrada corresponent a <a href=\"https:\/\/www.diccionariomadoz.com\/ezcaray\/La-Rioja\/\" target=\"_blank\" rel=\"noopener\"><strong>Ezcaray<\/strong><\/a>, sobre la hist\u00f2ria de la <strong>Reial F\u00e0brica de Teixits de Santa B\u00e0rbara<\/strong>. Prenc com a base aquest text, encara que amb algunes adaptacions al llenguatge i d\u2019algun aspecte tractat.<\/p><p>La fabricaci\u00f3 de teixits havia arribat a principis del segle XVIII a un alt grau de perfecci\u00f3; per\u00f2 en aquella mateixa \u00e8poca va comen\u00e7ar a decaure per la cobd\u00edcia d\u2019alguns particulars, que amb la maldestre mira d\u2019excessius guanys van acabar alterant les robes.<\/p><p>Assabentat el marqu\u00e8s de la Ensenada, de les belles proporcions del pa\u00eds, va obtenir de S. M. Fernando VI diverses franqu\u00edcies mitjan\u00e7ant les quals es va formar una companyia anomenada de Sta. B\u00e0rbara, en obsequi de la Reina consort B\u00e1rbara de Braganza, la qual (companyia) amb m\u00e8tode i direcci\u00f3 i amb la maquin\u00e0ria convenient, va arribar a elaborar molt bons teixits i sargetes.<\/p><p>Per\u00f2 aquesta va florir tan poc temps, que el Sr. D. Carlos III per reial c\u00e8dula de 7 de novembre de 1773, va manar erigir una altra companyia tamb\u00e9 titulada de Sta. B\u00e0rbara i San Carlos, en la qual va disposar interessar-hi l\u2019erari p\u00fablic, i seguint el seu exemple van posar un nombre competent d\u2019accions els pr\u00ednceps de la reial fam\u00edlia per fomentar l\u2019establiment.<\/p><p>No content encara el rei amb tan decidida i marcada protecci\u00f3, va determinar el setembre de 1785 incorporar-la a la reial hisenda i, a aquest efecte, va comissionar el senyor comte de Montarco, fiscal aleshores de la Junta de Comer\u00e7 i Moneda, i D. Jos\u00e9 de la Puente, comptador, perqu\u00e8 en el seu reial nom i per justa taxaci\u00f3, la rebessin del diputat de la companyia i, prenent-ne possessi\u00f3, la lliuressin de la mateixa reial ordre a la diputaci\u00f3 i direcci\u00f3 dels <strong>Cinc Gremis majors de Madrid<\/strong>, i en el seu nom a D. Manuel Vi\u00f1a, perqu\u00e8 d\u2019acord amb el contracte celebrat entre S. M. i aquesta direcci\u00f3 sobre el foment de la f\u00e0brica, li donessin tota l\u2019extensi\u00f3 de qu\u00e8 fos capa\u00e7.<\/p><p>A aquesta honrosa i lloable missi\u00f3 van correspondre els Gremis, esfor\u00e7ant-se a complir dignament amb la confian\u00e7a i bon desig de S. M. augmentant la part material de l\u2019edifici amb solidesa i bellesa; per\u00f2 sobretot on principalment es va millorar m\u00e9s considerablement, va ser en la part del tint que \u00e9s incombustible amb 12 calderes. I \u00e9s on durant l\u2019\u00faltima guerra civil (ha de referir-se a la Primera Guerra Carlina 1833-1840) es trobava la casa forta.<\/p><p>A m\u00e9s, es va augmentar el nombre de telers i es va assolir la perfecci\u00f3 de les seves maniobres, fent-la servir com a viver o escola d\u2019operaris per a tots els que han volgut establir f\u00e0briques en aquest poble i en altres diversos.<\/p><p>A dia d\u2019avui (mitjan segle XIX) es troba molt redu\u00efda i gaireb\u00e9 tancada per efecte dels perjudicis patits durant la guerra de la Independ\u00e8ncia, i per altres causes i vicissituds posteriors que han arru\u00efnat no menys la companyia que els altres fabricants particulars, paralitzant tota mena d\u2019ind\u00fastria i sobretot aquesta; malgrat que la seva primera mat\u00e8ria, la llana, \u00e9s for\u00e7a barata i fins i tot gaireb\u00e9 menyspreada, que \u00e9s una altra de les causes de la ru\u00efna d\u2019aquesta poblaci\u00f3.<\/p><p>El text acaba lamentant-se per l\u2019abandonament en qu\u00e8 es trobava la ind\u00fastria fabril d\u2019Ezcaray en aquell moment, a mitjan segle XIX.<\/p><p>El 1845 la Reial F\u00e0brica va cessar l\u2019activitat fabril. En aquell moment es mantenien actives 29 f\u00e0briques t\u00e8xtils que donaven feina a unes mil persones.<\/p><p>En l\u2019actualitat els edificis acullen les depend\u00e8ncies del <strong>Ajuntament de la vila d\u2019Ezcaray, l\u2019alberg La Real F\u00e1brica i del Teatre Real d\u2019Ezcaray.<\/strong><\/p>\t\t\t\t\t\t\t\t<\/div>\n\t\t\t\t<\/div>\n\t\t\t\t<div class=\"elementor-element elementor-element-5f66f09 elementor-widget elementor-widget-heading\" data-id=\"5f66f09\" data-element_type=\"widget\" data-e-type=\"widget\" data-widget_type=\"heading.default\">\n\t\t\t\t<div class=\"elementor-widget-container\">\n\t\t\t\t\t<h2 class=\"elementor-heading-title elementor-size-default\">Els edificis de la Reial F\u00e0brica<\/h2>\t\t\t\t<\/div>\n\t\t\t\t<\/div>\n\t\t\t\t<div class=\"elementor-element elementor-element-776d4b4 elementor-widget elementor-widget-text-editor\" data-id=\"776d4b4\" data-element_type=\"widget\" data-e-type=\"widget\" data-widget_type=\"text-editor.default\">\n\t\t\t\t<div class=\"elementor-widget-container\">\n\t\t\t\t\t\t\t\t\t<p>Les \u00faniques refer\u00e8ncies escrites sobre les edificacions de la Reial F\u00e0brica nom\u00e9s citen dos grans edificis i, posteriorment, la construcci\u00f3 d\u2019un edifici annex, la <strong>Casa de Tints<\/strong>, popularment anomenada <em>\u201cEl Fuerte\u201d<\/em>, constru\u00eft despr\u00e9s de l\u2019incendi de 1785, dissenyat espec\u00edficament amb criteris de resist\u00e8ncia al foc.<\/p><p>Ni a la base d\u2019imatges de Google ni en cap dels textos accessibles que he consultat he estat capa\u00e7 de trobar cap pl\u00e0nol de la reial f\u00e0brica. Aix\u00f2 em portar\u00e0 a proposar alguna interpretaci\u00f3 personal d\u2019alguna de les parts visibles del complex edificat.<\/p><p>El complex industrial tal com es conserva actualment est\u00e0 format per un conjunt d\u2019edificis en forma d\u2019\u201cH\u201d tombada d\u2019orientaci\u00f3 oest -est, amb un edifici annex al costat nord-est, paral\u00b7lel a la construcci\u00f3 principal, on s\u2019allotjava la part del tint.<\/p><p>A l\u2019oest i a l\u2019est de l\u2019eix central de l\u2019\u201cH\u201d, el cos principal articulador del conjunt, formant una gran pla\u00e7a oberta al costat oest i un gran pati al costat est.<\/p><p>Els dos grans edificis de 1752 podrien ser el cos central i el bra\u00e7 nord-oest, d\u2019igual estil i forma arquitect\u00f2nica. T\u00e9 tres nivells amb finestres adovellades iguals i uniformement repartides, i unes golfes amb finestretes sota una coberta a dues aig\u00fces amb teules corbes i un r\u00e0fec en tot el recorregut.<\/p>\t\t\t\t\t\t\t\t<\/div>\n\t\t\t\t<\/div>\n\t\t\t\t<div class=\"elementor-element elementor-element-06d7ce0 elementor-widget elementor-widget-image\" data-id=\"06d7ce0\" data-element_type=\"widget\" data-e-type=\"widget\" data-widget_type=\"image.default\">\n\t\t\t\t<div class=\"elementor-widget-container\">\n\t\t\t\t\t\t\t\t\t\t\t\t<figure class=\"wp-caption\">\n\t\t\t\t\t\t\t\t\t\t<img fetchpriority=\"high\" decoding=\"async\" width=\"768\" height=\"512\" src=\"https:\/\/www.elturistatranquil.com\/wp-content\/uploads\/F01-Real-Fabrica-de-Panos-de-Santa-Barbara-Google-earth-2025-12-08-b.jpg\" class=\"attachment-large size-large wp-image-63460\" alt=\"Real F\u00e1brica de Pa\u00f1os de Santa B\u00e1rbara. Ezcaray. La Rioja\" srcset=\"https:\/\/www.elturistatranquil.com\/wp-content\/uploads\/F01-Real-Fabrica-de-Panos-de-Santa-Barbara-Google-earth-2025-12-08-b.jpg 768w, https:\/\/www.elturistatranquil.com\/wp-content\/uploads\/F01-Real-Fabrica-de-Panos-de-Santa-Barbara-Google-earth-2025-12-08-b-339x226.jpg 339w\" sizes=\"(max-width: 768px) 100vw, 768px\" \/>\t\t\t\t\t\t\t\t\t\t\t<figcaption class=\"widget-image-caption wp-caption-text\">(sobre Google earth 2025-12-08)<\/figcaption>\n\t\t\t\t\t\t\t\t\t\t<\/figure>\n\t\t\t\t\t\t\t\t\t<\/div>\n\t\t\t\t<\/div>\n\t\t\t\t<div class=\"elementor-element elementor-element-e43258a elementor-widget elementor-widget-text-editor\" data-id=\"e43258a\" data-element_type=\"widget\" data-e-type=\"widget\" data-widget_type=\"text-editor.default\">\n\t\t\t\t<div class=\"elementor-widget-container\">\n\t\t\t\t\t\t\t\t\t<p>Devia tenir dos patis amplis per a l\u2019assecat de llanes i teixits al sol ocupant els dos buits de l\u2019\u201cH\u201d. El del costat de llevant es conserva tapiat, i cal suposar que el buit de ponent, que actualment es presenta com una pla\u00e7a oberta, devia estar igualment tapiat, cosa que explicaria que la portada d\u2019entrada se situ\u00ef al costat sud.<\/p><p>A m\u00e9s, hi hauria magatzems per a la llana en brut (probablement situats en plantes baixes amb voltes, fresques i ventilades) i tallers especialitzats: sala de cardat, sala de telers, sala d\u2019aprest i premsat, a m\u00e9s de la casa de tints esmentada. Tamb\u00e9 hi hauria oficines administratives i potser un habitatge per al director o administrador al bra\u00e7 sud-oest, que presenta una edificaci\u00f3 diferenciada.<\/p><p>Entrant per la carretera de Santo Domingo de la Calzada l\u2019edifici de la Reial F\u00e0brica \u00e9s f\u00e0cil de recon\u00e8ixer per les seves grans dimensions formant una pla\u00e7a al costat esquerre de la carretera, abans d\u2019arribar al centre hist\u00f2ric de la vila.<\/p>\t\t\t\t\t\t\t\t<\/div>\n\t\t\t\t<\/div>\n\t\t\t\t<div class=\"elementor-element elementor-element-9811aa6 elementor-widget elementor-widget-image\" data-id=\"9811aa6\" data-element_type=\"widget\" data-e-type=\"widget\" data-widget_type=\"image.default\">\n\t\t\t\t<div class=\"elementor-widget-container\">\n\t\t\t\t\t\t\t\t\t\t\t\t<figure class=\"wp-caption\">\n\t\t\t\t\t\t\t\t\t\t<img loading=\"lazy\" decoding=\"async\" width=\"768\" height=\"433\" src=\"https:\/\/www.elturistatranquil.com\/wp-content\/uploads\/F05-Real-Fabrica-de-Panos-de-Santa-Barbara.-Ezcaray.-La-Rioja.jpg\" class=\"attachment-large size-large wp-image-63469\" alt=\"Real F\u00e1brica de Pa\u00f1os de Santa B\u00e1rbara. Ezcaray. La Rioja\" srcset=\"https:\/\/www.elturistatranquil.com\/wp-content\/uploads\/F05-Real-Fabrica-de-Panos-de-Santa-Barbara.-Ezcaray.-La-Rioja.jpg 768w, https:\/\/www.elturistatranquil.com\/wp-content\/uploads\/F05-Real-Fabrica-de-Panos-de-Santa-Barbara.-Ezcaray.-La-Rioja-339x191.jpg 339w\" sizes=\"(max-width: 768px) 100vw, 768px\" \/>\t\t\t\t\t\t\t\t\t\t\t<figcaption class=\"widget-image-caption wp-caption-text\"><\/figcaption>\n\t\t\t\t\t\t\t\t\t\t<\/figure>\n\t\t\t\t\t\t\t\t\t<\/div>\n\t\t\t\t<\/div>\n\t\t\t\t<div class=\"elementor-element elementor-element-c06feba elementor-widget elementor-widget-image\" data-id=\"c06feba\" data-element_type=\"widget\" data-e-type=\"widget\" data-widget_type=\"image.default\">\n\t\t\t\t<div class=\"elementor-widget-container\">\n\t\t\t\t\t\t\t\t\t\t\t\t<figure class=\"wp-caption\">\n\t\t\t\t\t\t\t\t\t\t<img loading=\"lazy\" decoding=\"async\" width=\"768\" height=\"432\" src=\"https:\/\/www.elturistatranquil.com\/wp-content\/uploads\/F06-Real-Fabrica-de-Panos-de-Santa-Barbara.-Ezcaray.-La-Rioja.jpg\" class=\"attachment-large size-large wp-image-63471\" alt=\"Real F\u00e1brica de Pa\u00f1os de Santa B\u00e1rbara. Ezcaray. La Rioja\" srcset=\"https:\/\/www.elturistatranquil.com\/wp-content\/uploads\/F06-Real-Fabrica-de-Panos-de-Santa-Barbara.-Ezcaray.-La-Rioja.jpg 768w, https:\/\/www.elturistatranquil.com\/wp-content\/uploads\/F06-Real-Fabrica-de-Panos-de-Santa-Barbara.-Ezcaray.-La-Rioja-339x191.jpg 339w\" sizes=\"(max-width: 768px) 100vw, 768px\" \/>\t\t\t\t\t\t\t\t\t\t\t<figcaption class=\"widget-image-caption wp-caption-text\"><\/figcaption>\n\t\t\t\t\t\t\t\t\t\t<\/figure>\n\t\t\t\t\t\t\t\t\t<\/div>\n\t\t\t\t<\/div>\n\t\t\t\t<div class=\"elementor-element elementor-element-f175cad elementor-widget elementor-widget-text-editor\" data-id=\"f175cad\" data-element_type=\"widget\" data-e-type=\"widget\" data-widget_type=\"text-editor.default\">\n\t\t\t\t<div class=\"elementor-widget-container\">\n\t\t\t\t\t\t\t\t\t<p>L\u2019estil arquitect\u00f2nic es caracteritza per la sobrietat funcional pr\u00f2pia de les Reials F\u00e0briques, i segueix la tradici\u00f3 de l\u2019arquitectura popular i dels materials de la zona, on la f\u00e0brica dels murs \u00e9s de ma\u00e7oneria en gran proporci\u00f3 arrebossada, i significa que l\u2019arrebossat deixa a la vista, repartides aleat\u00f2riament i en major o menor grau segons els gustos del propietari, algunes pedres grosses de la ma\u00e7oneria de formes irregulars.<\/p><p>En l\u2019actualitat, els arrebossats s\u00f3n generalment d\u2019un color blanquin\u00f3s, no d\u2019un blanc de cal\u00e7. Pels voltants hi ha moltes cases constru\u00efdes amb el mateix tipus de f\u00e0brica i arrebossat.<\/p><p>Els buits de portes i finestres amb llinda estan formats per blocs de pedra sorrenca rogenca local, de dimensions irregulars i nom\u00e9s treballats i escairats per la cara interna del buit i per l\u2019exterior, mentre que el contorn presenta formes irregulars.<\/p><p>La llinda i l\u2019ampit s\u00f3n d\u2019un sol bloc de pedra.<\/p><p>Aquestes pedres es deixen vistes, mentre que la resta del mur de ma\u00e7oneria est\u00e0 arrebossat, encara que amb la particularitat de deixar visibles algunes pedres de la ma\u00e7oneria distribu\u00efdes aleat\u00f2riament, cosa que confereix a aquests murs un car\u00e0cter molt particular i propi a tota la poblaci\u00f3.<\/p>\t\t\t\t\t\t\t\t<\/div>\n\t\t\t\t<\/div>\n\t\t\t\t<div class=\"elementor-element elementor-element-262f3ab elementor-widget elementor-widget-image\" data-id=\"262f3ab\" data-element_type=\"widget\" data-e-type=\"widget\" data-widget_type=\"image.default\">\n\t\t\t\t<div class=\"elementor-widget-container\">\n\t\t\t\t\t\t\t\t\t\t\t\t<figure class=\"wp-caption\">\n\t\t\t\t\t\t\t\t\t\t<img loading=\"lazy\" decoding=\"async\" width=\"768\" height=\"432\" src=\"https:\/\/www.elturistatranquil.com\/wp-content\/uploads\/F07-Real-Fabrica-de-Panos-de-Santa-Barbara.-Ezcaray.-La-Rioja.jpg\" class=\"attachment-large size-large wp-image-63473\" alt=\"Real F\u00e1brica de Pa\u00f1os de Santa B\u00e1rbara. Ezcaray. La Rioja\" srcset=\"https:\/\/www.elturistatranquil.com\/wp-content\/uploads\/F07-Real-Fabrica-de-Panos-de-Santa-Barbara.-Ezcaray.-La-Rioja.jpg 768w, https:\/\/www.elturistatranquil.com\/wp-content\/uploads\/F07-Real-Fabrica-de-Panos-de-Santa-Barbara.-Ezcaray.-La-Rioja-339x191.jpg 339w\" sizes=\"(max-width: 768px) 100vw, 768px\" \/>\t\t\t\t\t\t\t\t\t\t\t<figcaption class=\"widget-image-caption wp-caption-text\"><\/figcaption>\n\t\t\t\t\t\t\t\t\t\t<\/figure>\n\t\t\t\t\t\t\t\t\t<\/div>\n\t\t\t\t<\/div>\n\t\t\t\t<div class=\"elementor-element elementor-element-5e5ccae elementor-widget elementor-widget-text-editor\" data-id=\"5e5ccae\" data-element_type=\"widget\" data-e-type=\"widget\" data-widget_type=\"text-editor.default\">\n\t\t\t\t<div class=\"elementor-widget-container\">\n\t\t\t\t\t\t\t\t\t<p>Igualment, m\u00e9s irregulars els carreus cantoners de refor\u00e7 dels murs.<\/p>\t\t\t\t\t\t\t\t<\/div>\n\t\t\t\t<\/div>\n\t\t\t\t<div class=\"elementor-element elementor-element-93fd0bb elementor-widget elementor-widget-image\" data-id=\"93fd0bb\" data-element_type=\"widget\" data-e-type=\"widget\" data-widget_type=\"image.default\">\n\t\t\t\t<div class=\"elementor-widget-container\">\n\t\t\t\t\t\t\t\t\t\t\t\t<figure class=\"wp-caption\">\n\t\t\t\t\t\t\t\t\t\t<img loading=\"lazy\" decoding=\"async\" width=\"768\" height=\"432\" src=\"https:\/\/www.elturistatranquil.com\/wp-content\/uploads\/F08-Real-Fabrica-de-Panos-de-Santa-Barbara.-Ezcaray.-La-Rioja.jpg\" class=\"attachment-large size-large wp-image-63475\" alt=\"Real F\u00e1brica de Pa\u00f1os de Santa B\u00e1rbara. Ezcaray. La Rioja\" srcset=\"https:\/\/www.elturistatranquil.com\/wp-content\/uploads\/F08-Real-Fabrica-de-Panos-de-Santa-Barbara.-Ezcaray.-La-Rioja.jpg 768w, https:\/\/www.elturistatranquil.com\/wp-content\/uploads\/F08-Real-Fabrica-de-Panos-de-Santa-Barbara.-Ezcaray.-La-Rioja-339x191.jpg 339w\" sizes=\"(max-width: 768px) 100vw, 768px\" \/>\t\t\t\t\t\t\t\t\t\t\t<figcaption class=\"widget-image-caption wp-caption-text\"><\/figcaption>\n\t\t\t\t\t\t\t\t\t\t<\/figure>\n\t\t\t\t\t\t\t\t\t<\/div>\n\t\t\t\t<\/div>\n\t\t\t\t<div class=\"elementor-element elementor-element-100693d4 elementor-widget elementor-widget-heading\" data-id=\"100693d4\" data-element_type=\"widget\" data-e-type=\"widget\" data-widget_type=\"heading.default\">\n\t\t\t\t<div class=\"elementor-widget-container\">\n\t\t\t\t\t<h4 class=\"elementor-heading-title elementor-size-default\">Pla\u00e7a davantera. Avinguda Santo Domingo de la Calzada. Cos principal <\/h4>\t\t\t\t<\/div>\n\t\t\t\t<\/div>\n\t\t\t\t<div class=\"elementor-element elementor-element-b95b8ac elementor-widget elementor-widget-text-editor\" data-id=\"b95b8ac\" data-element_type=\"widget\" data-e-type=\"widget\" data-widget_type=\"text-editor.default\">\n\t\t\t\t<div class=\"elementor-widget-container\">\n\t\t\t\t\t\t\t\t\t<p>En la que ara \u00e9s una pla\u00e7a oberta, he suposat que hauria de correspondre a un dels dos patis tancats que devia tenir el recinte fabril complet. En aquest cas, s\u2019hauria enderrocat el mur oest que tancaria el pati.<\/p><p>L\u2019espai di\u00e0fan actual mostra tres blocs d\u2019edificacions.<\/p><p>Al sud (a la dreta de la fotografia) unes construccions que haurien de servir com a oficines, resid\u00e8ncies o assimilats. Al centre de la fotografia el gran cos principal de la f\u00e0brica que uneix l\u2019\u201cH\u201d. I a l\u2019esquerra la continuaci\u00f3 en angle del mateix tipus d\u2019edificaci\u00f3 de la f\u00e0brica que el cos central.<\/p><p>Desconec per qu\u00e8 en aquests edificis han estat rehabilitats amb tres formats diferents que, tot mantenint una certa similitud, trenquen la uniformitat que cal pensar que tindrien en l\u2019\u00e8poca del seu funcionament.<\/p>\t\t\t\t\t\t\t\t<\/div>\n\t\t\t\t<\/div>\n\t\t\t\t<div class=\"elementor-element elementor-element-e3d2ea0 elementor-widget elementor-widget-image\" data-id=\"e3d2ea0\" data-element_type=\"widget\" data-e-type=\"widget\" data-widget_type=\"image.default\">\n\t\t\t\t<div class=\"elementor-widget-container\">\n\t\t\t\t\t\t\t\t\t\t\t\t<figure class=\"wp-caption\">\n\t\t\t\t\t\t\t\t\t\t<img loading=\"lazy\" decoding=\"async\" width=\"768\" height=\"433\" src=\"https:\/\/www.elturistatranquil.com\/wp-content\/uploads\/F09-Real-Fabrica-de-Panos-de-Santa-Barbara.-Ezcaray.-La-Rioja.jpg\" class=\"attachment-large size-large wp-image-63477\" alt=\"Real F\u00e1brica de Pa\u00f1os de Santa B\u00e1rbara. Ezcaray. La Rioja\" srcset=\"https:\/\/www.elturistatranquil.com\/wp-content\/uploads\/F09-Real-Fabrica-de-Panos-de-Santa-Barbara.-Ezcaray.-La-Rioja.jpg 768w, https:\/\/www.elturistatranquil.com\/wp-content\/uploads\/F09-Real-Fabrica-de-Panos-de-Santa-Barbara.-Ezcaray.-La-Rioja-339x191.jpg 339w\" sizes=\"(max-width: 768px) 100vw, 768px\" \/>\t\t\t\t\t\t\t\t\t\t\t<figcaption class=\"widget-image-caption wp-caption-text\"><\/figcaption>\n\t\t\t\t\t\t\t\t\t\t<\/figure>\n\t\t\t\t\t\t\t\t\t<\/div>\n\t\t\t\t<\/div>\n\t\t\t\t<div class=\"elementor-element elementor-element-db87cb8 elementor-widget elementor-widget-image\" data-id=\"db87cb8\" data-element_type=\"widget\" data-e-type=\"widget\" data-widget_type=\"image.default\">\n\t\t\t\t<div class=\"elementor-widget-container\">\n\t\t\t\t\t\t\t\t\t\t\t\t<figure class=\"wp-caption\">\n\t\t\t\t\t\t\t\t\t\t<img loading=\"lazy\" decoding=\"async\" width=\"768\" height=\"432\" src=\"https:\/\/www.elturistatranquil.com\/wp-content\/uploads\/F10-Real-Fabrica-de-Panos-de-Santa-Barbara.-Ezcaray.-La-Rioja.jpg\" class=\"attachment-large size-large wp-image-63479\" alt=\"Real F\u00e1brica de Pa\u00f1os de Santa B\u00e1rbara. Ezcaray. La Rioja\" srcset=\"https:\/\/www.elturistatranquil.com\/wp-content\/uploads\/F10-Real-Fabrica-de-Panos-de-Santa-Barbara.-Ezcaray.-La-Rioja.jpg 768w, https:\/\/www.elturistatranquil.com\/wp-content\/uploads\/F10-Real-Fabrica-de-Panos-de-Santa-Barbara.-Ezcaray.-La-Rioja-339x191.jpg 339w\" sizes=\"(max-width: 768px) 100vw, 768px\" \/>\t\t\t\t\t\t\t\t\t\t\t<figcaption class=\"widget-image-caption wp-caption-text\"><\/figcaption>\n\t\t\t\t\t\t\t\t\t\t<\/figure>\n\t\t\t\t\t\t\t\t\t<\/div>\n\t\t\t\t<\/div>\n\t\t\t\t<div class=\"elementor-element elementor-element-511f4ee elementor-widget elementor-widget-image\" data-id=\"511f4ee\" data-element_type=\"widget\" data-e-type=\"widget\" data-widget_type=\"image.default\">\n\t\t\t\t<div class=\"elementor-widget-container\">\n\t\t\t\t\t\t\t\t\t\t\t\t<figure class=\"wp-caption\">\n\t\t\t\t\t\t\t\t\t\t<img loading=\"lazy\" decoding=\"async\" width=\"768\" height=\"433\" src=\"https:\/\/www.elturistatranquil.com\/wp-content\/uploads\/F11-Real-Fabrica-de-Panos-de-Santa-Barbara.-Ezcaray.-La-Rioja.jpg\" class=\"attachment-large size-large wp-image-63484\" alt=\"Real F\u00e1brica de Pa\u00f1os de Santa B\u00e1rbara. Ezcaray. La Rioja\" srcset=\"https:\/\/www.elturistatranquil.com\/wp-content\/uploads\/F11-Real-Fabrica-de-Panos-de-Santa-Barbara.-Ezcaray.-La-Rioja.jpg 768w, https:\/\/www.elturistatranquil.com\/wp-content\/uploads\/F11-Real-Fabrica-de-Panos-de-Santa-Barbara.-Ezcaray.-La-Rioja-339x191.jpg 339w\" sizes=\"(max-width: 768px) 100vw, 768px\" \/>\t\t\t\t\t\t\t\t\t\t\t<figcaption class=\"widget-image-caption wp-caption-text\"><\/figcaption>\n\t\t\t\t\t\t\t\t\t\t<\/figure>\n\t\t\t\t\t\t\t\t\t<\/div>\n\t\t\t\t<\/div>\n\t\t\t\t<div class=\"elementor-element elementor-element-5719efc9 elementor-widget elementor-widget-heading\" data-id=\"5719efc9\" data-element_type=\"widget\" data-e-type=\"widget\" data-widget_type=\"heading.default\">\n\t\t\t\t<div class=\"elementor-widget-container\">\n\t\t\t\t\t<h5 class=\"elementor-heading-title elementor-size-default\">Cos nord-oest<\/h5>\t\t\t\t<\/div>\n\t\t\t\t<\/div>\n\t\t\t\t<div class=\"elementor-element elementor-element-b122560 elementor-widget elementor-widget-text-editor\" data-id=\"b122560\" data-element_type=\"widget\" data-e-type=\"widget\" data-widget_type=\"text-editor.default\">\n\t\t\t\t<div class=\"elementor-widget-container\">\n\t\t\t\t\t\t\t\t\t<p>El cos nord-oest mant\u00e9 la mateixa estructura constructiva que el cos central de tres nivells amb golfes.<\/p><p>Actualment s\u2019ha rehabilitat com a <a href=\"https:\/\/alberguerealfabrica.es\/\" target=\"_blank\" rel=\"noopener\"><strong>Albergue de la Real F\u00e1brica<\/strong><\/a>.<\/p>\t\t\t\t\t\t\t\t<\/div>\n\t\t\t\t<\/div>\n\t\t\t\t<div class=\"elementor-element elementor-element-0e1d73d elementor-widget elementor-widget-image\" data-id=\"0e1d73d\" data-element_type=\"widget\" data-e-type=\"widget\" data-widget_type=\"image.default\">\n\t\t\t\t<div class=\"elementor-widget-container\">\n\t\t\t\t\t\t\t\t\t\t\t\t<figure class=\"wp-caption\">\n\t\t\t\t\t\t\t\t\t\t<img loading=\"lazy\" decoding=\"async\" width=\"768\" height=\"432\" src=\"https:\/\/www.elturistatranquil.com\/wp-content\/uploads\/F12-Real-Fabrica-de-Panos-de-Santa-Barbara.-Ezcaray.-La-Rioja.jpg\" class=\"attachment-large size-large wp-image-63486\" alt=\"Real F\u00e1brica de Pa\u00f1os de Santa B\u00e1rbara. Ezcaray. La Rioja\" srcset=\"https:\/\/www.elturistatranquil.com\/wp-content\/uploads\/F12-Real-Fabrica-de-Panos-de-Santa-Barbara.-Ezcaray.-La-Rioja.jpg 768w, https:\/\/www.elturistatranquil.com\/wp-content\/uploads\/F12-Real-Fabrica-de-Panos-de-Santa-Barbara.-Ezcaray.-La-Rioja-339x191.jpg 339w\" sizes=\"(max-width: 768px) 100vw, 768px\" \/>\t\t\t\t\t\t\t\t\t\t\t<figcaption class=\"widget-image-caption wp-caption-text\"><\/figcaption>\n\t\t\t\t\t\t\t\t\t\t<\/figure>\n\t\t\t\t\t\t\t\t\t<\/div>\n\t\t\t\t<\/div>\n\t\t\t\t<div class=\"elementor-element elementor-element-da059ac elementor-widget elementor-widget-image\" data-id=\"da059ac\" data-element_type=\"widget\" data-e-type=\"widget\" data-widget_type=\"image.default\">\n\t\t\t\t<div class=\"elementor-widget-container\">\n\t\t\t\t\t\t\t\t\t\t\t\t<figure class=\"wp-caption\">\n\t\t\t\t\t\t\t\t\t\t<img loading=\"lazy\" decoding=\"async\" width=\"768\" height=\"433\" src=\"https:\/\/www.elturistatranquil.com\/wp-content\/uploads\/F13-Real-Fabrica-de-Panos-de-Santa-Barbara.-Ezcaray.-La-Rioja.jpg\" class=\"attachment-large size-large wp-image-63488\" alt=\"Real F\u00e1brica de Pa\u00f1os de Santa B\u00e1rbara. Ezcaray. La Rioja\" srcset=\"https:\/\/www.elturistatranquil.com\/wp-content\/uploads\/F13-Real-Fabrica-de-Panos-de-Santa-Barbara.-Ezcaray.-La-Rioja.jpg 768w, https:\/\/www.elturistatranquil.com\/wp-content\/uploads\/F13-Real-Fabrica-de-Panos-de-Santa-Barbara.-Ezcaray.-La-Rioja-339x191.jpg 339w\" sizes=\"(max-width: 768px) 100vw, 768px\" \/>\t\t\t\t\t\t\t\t\t\t\t<figcaption class=\"widget-image-caption wp-caption-text\"><\/figcaption>\n\t\t\t\t\t\t\t\t\t\t<\/figure>\n\t\t\t\t\t\t\t\t\t<\/div>\n\t\t\t\t<\/div>\n\t\t\t\t<div class=\"elementor-element elementor-element-1c9d326 elementor-widget elementor-widget-heading\" data-id=\"1c9d326\" data-element_type=\"widget\" data-e-type=\"widget\" data-widget_type=\"heading.default\">\n\t\t\t\t<div class=\"elementor-widget-container\">\n\t\t\t\t\t<h4 class=\"elementor-heading-title elementor-size-default\">Carrer V\u00edctor Monge. Tint-El Fuerte<\/h4>\t\t\t\t<\/div>\n\t\t\t\t<\/div>\n\t\t\t\t<div class=\"elementor-element elementor-element-df68149 elementor-widget elementor-widget-text-editor\" data-id=\"df68149\" data-element_type=\"widget\" data-e-type=\"widget\" data-widget_type=\"text-editor.default\">\n\t\t\t\t<div class=\"elementor-widget-container\">\n\t\t\t\t\t\t\t\t\t<p>Aquest bloc de tints es va construir despr\u00e9s de l\u2019incendi de 1785, lleugerament separat de les naus principals, a fi d\u2019a\u00efllar el risc d\u2019incendi.<\/p><p>Allotjava fins a <em>dotze calderes de tint<\/em> alimentades per foc continu. Per evacuar fums i vapor, comptava amb xemeneies de ma\u00f3 que sobresortien de la teulada i que encara es perceben en la silueta de l\u2019edifici restaurat.<\/p><p>El seu volum compacte i les seves petites finestres enreixades li van donar aspecte de basti\u00f3; d\u2019aqu\u00ed que durant la guerra carlina fos utilitzat militarment com a fort\u00ed. El sobrenom de \u201cEl Fuerte\u201d ha perdurat des d\u2019aleshores.<\/p><p>L\u2019edificaci\u00f3 est\u00e0 arquitect\u00f2nicament m\u00e9s cuidada, com s\u2019observa en la regularitat i qualitat del treball de les pedres dels buits i dels refor\u00e7os cantoners dels murs.<\/p>\t\t\t\t\t\t\t\t<\/div>\n\t\t\t\t<\/div>\n\t\t\t\t<div class=\"elementor-element elementor-element-24325a3 elementor-widget elementor-widget-image\" data-id=\"24325a3\" data-element_type=\"widget\" data-e-type=\"widget\" data-widget_type=\"image.default\">\n\t\t\t\t<div class=\"elementor-widget-container\">\n\t\t\t\t\t\t\t\t\t\t\t\t<figure class=\"wp-caption\">\n\t\t\t\t\t\t\t\t\t\t<img loading=\"lazy\" decoding=\"async\" width=\"768\" height=\"432\" src=\"https:\/\/www.elturistatranquil.com\/wp-content\/uploads\/F14-Real-Fabrica-de-Panos-de-Santa-Barbara.-Ezcaray.-La-Rioja.jpg\" class=\"attachment-large size-large wp-image-63490\" alt=\"Real F\u00e1brica de Pa\u00f1os de Santa B\u00e1rbara. Ezcaray. La Rioja\" srcset=\"https:\/\/www.elturistatranquil.com\/wp-content\/uploads\/F14-Real-Fabrica-de-Panos-de-Santa-Barbara.-Ezcaray.-La-Rioja.jpg 768w, https:\/\/www.elturistatranquil.com\/wp-content\/uploads\/F14-Real-Fabrica-de-Panos-de-Santa-Barbara.-Ezcaray.-La-Rioja-339x191.jpg 339w\" sizes=\"(max-width: 768px) 100vw, 768px\" \/>\t\t\t\t\t\t\t\t\t\t\t<figcaption class=\"widget-image-caption wp-caption-text\"><\/figcaption>\n\t\t\t\t\t\t\t\t\t\t<\/figure>\n\t\t\t\t\t\t\t\t\t<\/div>\n\t\t\t\t<\/div>\n\t\t\t\t<div class=\"elementor-element elementor-element-02d98e8 elementor-widget elementor-widget-image\" data-id=\"02d98e8\" data-element_type=\"widget\" data-e-type=\"widget\" data-widget_type=\"image.default\">\n\t\t\t\t<div class=\"elementor-widget-container\">\n\t\t\t\t\t\t\t\t\t\t\t\t<figure class=\"wp-caption\">\n\t\t\t\t\t\t\t\t\t\t<img loading=\"lazy\" decoding=\"async\" width=\"768\" height=\"432\" src=\"https:\/\/www.elturistatranquil.com\/wp-content\/uploads\/F15-Real-Fabrica-de-Panos-de-Santa-Barbara.-Ezcaray.-La-Rioja.jpg\" class=\"attachment-large size-large wp-image-63492\" alt=\"Real F\u00e1brica de Pa\u00f1os de Santa B\u00e1rbara. Ezcaray. La Rioja\" srcset=\"https:\/\/www.elturistatranquil.com\/wp-content\/uploads\/F15-Real-Fabrica-de-Panos-de-Santa-Barbara.-Ezcaray.-La-Rioja.jpg 768w, https:\/\/www.elturistatranquil.com\/wp-content\/uploads\/F15-Real-Fabrica-de-Panos-de-Santa-Barbara.-Ezcaray.-La-Rioja-339x191.jpg 339w\" sizes=\"(max-width: 768px) 100vw, 768px\" \/>\t\t\t\t\t\t\t\t\t\t\t<figcaption class=\"widget-image-caption wp-caption-text\"><\/figcaption>\n\t\t\t\t\t\t\t\t\t\t<\/figure>\n\t\t\t\t\t\t\t\t\t<\/div>\n\t\t\t\t<\/div>\n\t\t\t\t<div class=\"elementor-element elementor-element-2f12490 elementor-widget elementor-widget-image\" data-id=\"2f12490\" data-element_type=\"widget\" data-e-type=\"widget\" data-widget_type=\"image.default\">\n\t\t\t\t<div class=\"elementor-widget-container\">\n\t\t\t\t\t\t\t\t\t\t\t\t<figure class=\"wp-caption\">\n\t\t\t\t\t\t\t\t\t\t<img loading=\"lazy\" decoding=\"async\" width=\"768\" height=\"432\" src=\"https:\/\/www.elturistatranquil.com\/wp-content\/uploads\/F16-Real-Fabrica-de-Panos-de-Santa-Barbara.-Ezcaray.-La-Rioja.jpg\" class=\"attachment-large size-large wp-image-63494\" alt=\"Real F\u00e1brica de Pa\u00f1os de Santa B\u00e1rbara. Ezcaray. La Rioja\" srcset=\"https:\/\/www.elturistatranquil.com\/wp-content\/uploads\/F16-Real-Fabrica-de-Panos-de-Santa-Barbara.-Ezcaray.-La-Rioja.jpg 768w, https:\/\/www.elturistatranquil.com\/wp-content\/uploads\/F16-Real-Fabrica-de-Panos-de-Santa-Barbara.-Ezcaray.-La-Rioja-339x191.jpg 339w\" sizes=\"(max-width: 768px) 100vw, 768px\" \/>\t\t\t\t\t\t\t\t\t\t\t<figcaption class=\"widget-image-caption wp-caption-text\"><\/figcaption>\n\t\t\t\t\t\t\t\t\t\t<\/figure>\n\t\t\t\t\t\t\t\t\t<\/div>\n\t\t\t\t<\/div>\n\t\t\t\t<div class=\"elementor-element elementor-element-ec6a382 elementor-widget elementor-widget-image\" data-id=\"ec6a382\" data-element_type=\"widget\" data-e-type=\"widget\" data-widget_type=\"image.default\">\n\t\t\t\t<div class=\"elementor-widget-container\">\n\t\t\t\t\t\t\t\t\t\t\t\t<figure class=\"wp-caption\">\n\t\t\t\t\t\t\t\t\t\t<img loading=\"lazy\" decoding=\"async\" width=\"768\" height=\"433\" src=\"https:\/\/www.elturistatranquil.com\/wp-content\/uploads\/F17-Real-Fabrica-de-Panos-de-Santa-Barbara.-Ezcaray.-La-Rioja.jpg\" class=\"attachment-large size-large wp-image-63496\" alt=\"Real F\u00e1brica de Pa\u00f1os de Santa B\u00e1rbara. Ezcaray. La Rioja\" srcset=\"https:\/\/www.elturistatranquil.com\/wp-content\/uploads\/F17-Real-Fabrica-de-Panos-de-Santa-Barbara.-Ezcaray.-La-Rioja.jpg 768w, https:\/\/www.elturistatranquil.com\/wp-content\/uploads\/F17-Real-Fabrica-de-Panos-de-Santa-Barbara.-Ezcaray.-La-Rioja-339x191.jpg 339w\" sizes=\"(max-width: 768px) 100vw, 768px\" \/>\t\t\t\t\t\t\t\t\t\t\t<figcaption class=\"widget-image-caption wp-caption-text\"><\/figcaption>\n\t\t\t\t\t\t\t\t\t\t<\/figure>\n\t\t\t\t\t\t\t\t\t<\/div>\n\t\t\t\t<\/div>\n\t\t\t\t<div class=\"elementor-element elementor-element-391cc0a elementor-widget elementor-widget-heading\" data-id=\"391cc0a\" data-element_type=\"widget\" data-e-type=\"widget\" data-widget_type=\"heading.default\">\n\t\t\t\t<div class=\"elementor-widget-container\">\n\t\t\t\t\t<h4 class=\"elementor-heading-title elementor-size-default\">Carrer Virgen de Allende. Cossos nord-est i pati posterior<\/h4>\t\t\t\t<\/div>\n\t\t\t\t<\/div>\n\t\t\t\t<div class=\"elementor-element elementor-element-96d1575 elementor-widget elementor-widget-text-editor\" data-id=\"96d1575\" data-element_type=\"widget\" data-e-type=\"widget\" data-widget_type=\"text-editor.default\">\n\t\t\t\t<div class=\"elementor-widget-container\">\n\t\t\t\t\t\t\t\t\t<p>A la part posterior al carrer Virgen de Allende, dona el front sud del tint i les ales de la \u201cH\u201d del costat de llevant que es tanquen formant un gran pati.<\/p>\t\t\t\t\t\t\t\t<\/div>\n\t\t\t\t<\/div>\n\t\t\t\t<div class=\"elementor-element elementor-element-63afb15 elementor-widget elementor-widget-image\" data-id=\"63afb15\" data-element_type=\"widget\" data-e-type=\"widget\" data-widget_type=\"image.default\">\n\t\t\t\t<div class=\"elementor-widget-container\">\n\t\t\t\t\t\t\t\t\t\t\t\t<figure class=\"wp-caption\">\n\t\t\t\t\t\t\t\t\t\t<img loading=\"lazy\" decoding=\"async\" width=\"768\" height=\"433\" src=\"https:\/\/www.elturistatranquil.com\/wp-content\/uploads\/F18-Real-Fabrica-de-Panos-de-Santa-Barbara.-Ezcaray.-La-Rioja.jpg\" class=\"attachment-large size-large wp-image-63498\" alt=\"Real F\u00e1brica de Pa\u00f1os de Santa B\u00e1rbara. Ezcaray. La Rioja\" srcset=\"https:\/\/www.elturistatranquil.com\/wp-content\/uploads\/F18-Real-Fabrica-de-Panos-de-Santa-Barbara.-Ezcaray.-La-Rioja.jpg 768w, https:\/\/www.elturistatranquil.com\/wp-content\/uploads\/F18-Real-Fabrica-de-Panos-de-Santa-Barbara.-Ezcaray.-La-Rioja-339x191.jpg 339w\" sizes=\"(max-width: 768px) 100vw, 768px\" \/>\t\t\t\t\t\t\t\t\t\t\t<figcaption class=\"widget-image-caption wp-caption-text\"><\/figcaption>\n\t\t\t\t\t\t\t\t\t\t<\/figure>\n\t\t\t\t\t\t\t\t\t<\/div>\n\t\t\t\t<\/div>\n\t\t\t\t<div class=\"elementor-element elementor-element-62a57f0 elementor-widget elementor-widget-image\" data-id=\"62a57f0\" data-element_type=\"widget\" data-e-type=\"widget\" data-widget_type=\"image.default\">\n\t\t\t\t<div class=\"elementor-widget-container\">\n\t\t\t\t\t\t\t\t\t\t\t\t<figure class=\"wp-caption\">\n\t\t\t\t\t\t\t\t\t\t<img loading=\"lazy\" decoding=\"async\" width=\"768\" height=\"432\" src=\"https:\/\/www.elturistatranquil.com\/wp-content\/uploads\/F19-Real-Fabrica-de-Panos-de-Santa-Barbara.-Ezcaray.-La-Rioja.jpg\" class=\"attachment-large size-large wp-image-63500\" alt=\"Real F\u00e1brica de Pa\u00f1os de Santa B\u00e1rbara. Ezcaray. La Rioja\" srcset=\"https:\/\/www.elturistatranquil.com\/wp-content\/uploads\/F19-Real-Fabrica-de-Panos-de-Santa-Barbara.-Ezcaray.-La-Rioja.jpg 768w, https:\/\/www.elturistatranquil.com\/wp-content\/uploads\/F19-Real-Fabrica-de-Panos-de-Santa-Barbara.-Ezcaray.-La-Rioja-339x191.jpg 339w\" sizes=\"(max-width: 768px) 100vw, 768px\" \/>\t\t\t\t\t\t\t\t\t\t\t<figcaption class=\"widget-image-caption wp-caption-text\"><\/figcaption>\n\t\t\t\t\t\t\t\t\t\t<\/figure>\n\t\t\t\t\t\t\t\t\t<\/div>\n\t\t\t\t<\/div>\n\t\t\t\t<div class=\"elementor-element elementor-element-a028b8d elementor-widget elementor-widget-image\" data-id=\"a028b8d\" data-element_type=\"widget\" data-e-type=\"widget\" data-widget_type=\"image.default\">\n\t\t\t\t<div class=\"elementor-widget-container\">\n\t\t\t\t\t\t\t\t\t\t\t\t<figure class=\"wp-caption\">\n\t\t\t\t\t\t\t\t\t\t<img loading=\"lazy\" decoding=\"async\" width=\"768\" height=\"432\" src=\"https:\/\/www.elturistatranquil.com\/wp-content\/uploads\/F21-Real-Fabrica-de-Panos-de-Santa-Barbara.-Ezcaray.-La-Rioja.jpg\" class=\"attachment-large size-large wp-image-63502\" alt=\"Real F\u00e1brica de Pa\u00f1os de Santa B\u00e1rbara. Ezcaray. La Rioja\" srcset=\"https:\/\/www.elturistatranquil.com\/wp-content\/uploads\/F21-Real-Fabrica-de-Panos-de-Santa-Barbara.-Ezcaray.-La-Rioja.jpg 768w, https:\/\/www.elturistatranquil.com\/wp-content\/uploads\/F21-Real-Fabrica-de-Panos-de-Santa-Barbara.-Ezcaray.-La-Rioja-339x191.jpg 339w\" sizes=\"(max-width: 768px) 100vw, 768px\" \/>\t\t\t\t\t\t\t\t\t\t\t<figcaption class=\"widget-image-caption wp-caption-text\"><\/figcaption>\n\t\t\t\t\t\t\t\t\t\t<\/figure>\n\t\t\t\t\t\t\t\t\t<\/div>\n\t\t\t\t<\/div>\n\t\t\t\t<div class=\"elementor-element elementor-element-f785198 elementor-widget elementor-widget-image\" data-id=\"f785198\" data-element_type=\"widget\" data-e-type=\"widget\" data-widget_type=\"image.default\">\n\t\t\t\t<div class=\"elementor-widget-container\">\n\t\t\t\t\t\t\t\t\t\t\t\t<figure class=\"wp-caption\">\n\t\t\t\t\t\t\t\t\t\t<img loading=\"lazy\" decoding=\"async\" width=\"768\" height=\"433\" src=\"https:\/\/www.elturistatranquil.com\/wp-content\/uploads\/F22-Real-Fabrica-de-Panos-de-Santa-Barbara.-Ezcaray.-La-Rioja.jpg\" class=\"attachment-large size-large wp-image-63507\" alt=\"Real F\u00e1brica de Pa\u00f1os de Santa B\u00e1rbara. Ezcaray. La Rioja\" srcset=\"https:\/\/www.elturistatranquil.com\/wp-content\/uploads\/F22-Real-Fabrica-de-Panos-de-Santa-Barbara.-Ezcaray.-La-Rioja.jpg 768w, https:\/\/www.elturistatranquil.com\/wp-content\/uploads\/F22-Real-Fabrica-de-Panos-de-Santa-Barbara.-Ezcaray.-La-Rioja-339x191.jpg 339w\" sizes=\"(max-width: 768px) 100vw, 768px\" \/>\t\t\t\t\t\t\t\t\t\t\t<figcaption class=\"widget-image-caption wp-caption-text\"><\/figcaption>\n\t\t\t\t\t\t\t\t\t\t<\/figure>\n\t\t\t\t\t\t\t\t\t<\/div>\n\t\t\t\t<\/div>\n\t\t\t\t<div class=\"elementor-element elementor-element-8ac24f5 elementor-widget elementor-widget-image\" data-id=\"8ac24f5\" data-element_type=\"widget\" data-e-type=\"widget\" data-widget_type=\"image.default\">\n\t\t\t\t<div class=\"elementor-widget-container\">\n\t\t\t\t\t\t\t\t\t\t\t\t<figure class=\"wp-caption\">\n\t\t\t\t\t\t\t\t\t\t<img loading=\"lazy\" decoding=\"async\" width=\"768\" height=\"433\" src=\"https:\/\/www.elturistatranquil.com\/wp-content\/uploads\/F23-Real-Fabrica-de-Panos-de-Santa-Barbara.-Ezcaray.-La-Rioja.jpg\" class=\"attachment-large size-large wp-image-63509\" alt=\"Real F\u00e1brica de Pa\u00f1os de Santa B\u00e1rbara. Ezcaray. La Rioja\" srcset=\"https:\/\/www.elturistatranquil.com\/wp-content\/uploads\/F23-Real-Fabrica-de-Panos-de-Santa-Barbara.-Ezcaray.-La-Rioja.jpg 768w, https:\/\/www.elturistatranquil.com\/wp-content\/uploads\/F23-Real-Fabrica-de-Panos-de-Santa-Barbara.-Ezcaray.-La-Rioja-339x191.jpg 339w\" sizes=\"(max-width: 768px) 100vw, 768px\" \/>\t\t\t\t\t\t\t\t\t\t\t<figcaption class=\"widget-image-caption wp-caption-text\"><\/figcaption>\n\t\t\t\t\t\t\t\t\t\t<\/figure>\n\t\t\t\t\t\t\t\t\t<\/div>\n\t\t\t\t<\/div>\n\t\t\t\t<div class=\"elementor-element elementor-element-668117f elementor-widget elementor-widget-heading\" data-id=\"668117f\" data-element_type=\"widget\" data-e-type=\"widget\" data-widget_type=\"heading.default\">\n\t\t\t\t<div class=\"elementor-widget-container\">\n\t\t\t\t\t<h5 class=\"elementor-heading-title elementor-size-default\">Pati posterior <\/h5>\t\t\t\t<\/div>\n\t\t\t\t<\/div>\n\t\t\t\t<div class=\"elementor-element elementor-element-ef7e2cd elementor-widget elementor-widget-text-editor\" data-id=\"ef7e2cd\" data-element_type=\"widget\" data-e-type=\"widget\" data-widget_type=\"text-editor.default\">\n\t\t\t\t<div class=\"elementor-widget-container\">\n\t\t\t\t\t\t\t\t\t<p>El pati posterior, actualment un gran aparcament p\u00fablic, est\u00e0 dominat pel gran cos central d&#8217;estructura exactament igual a l&#8217;altra cara de l&#8217;edificaci\u00f3, tancat amb una t\u00e0pia amb acc\u00e9s des del carrer.<\/p><p>A l&#8217;extensi\u00f3 nord-est s&#8217;al\u00e7a una estructura auxiliar d&#8217;un sol nivell.<\/p><p>L&#8217;extensi\u00f3 sud-est ha desaparegut, i s&#8217;ha substitu\u00eft per edificacions posteriors desvinculades de la funci\u00f3 fabril.<\/p>\t\t\t\t\t\t\t\t<\/div>\n\t\t\t\t<\/div>\n\t\t\t\t<div class=\"elementor-element elementor-element-0dcdb8c elementor-widget elementor-widget-image\" data-id=\"0dcdb8c\" data-element_type=\"widget\" data-e-type=\"widget\" data-widget_type=\"image.default\">\n\t\t\t\t<div class=\"elementor-widget-container\">\n\t\t\t\t\t\t\t\t\t\t\t\t<figure class=\"wp-caption\">\n\t\t\t\t\t\t\t\t\t\t<img loading=\"lazy\" decoding=\"async\" width=\"768\" height=\"433\" src=\"https:\/\/www.elturistatranquil.com\/wp-content\/uploads\/F24-Real-Fabrica-de-Panos-de-Santa-Barbara.-Ezcaray.-La-Rioja.jpg\" class=\"attachment-large size-large wp-image-63511\" alt=\"Real F\u00e1brica de Pa\u00f1os de Santa B\u00e1rbara. Ezcaray. La Rioja\" srcset=\"https:\/\/www.elturistatranquil.com\/wp-content\/uploads\/F24-Real-Fabrica-de-Panos-de-Santa-Barbara.-Ezcaray.-La-Rioja.jpg 768w, https:\/\/www.elturistatranquil.com\/wp-content\/uploads\/F24-Real-Fabrica-de-Panos-de-Santa-Barbara.-Ezcaray.-La-Rioja-339x191.jpg 339w\" sizes=\"(max-width: 768px) 100vw, 768px\" \/>\t\t\t\t\t\t\t\t\t\t\t<figcaption class=\"widget-image-caption wp-caption-text\"><\/figcaption>\n\t\t\t\t\t\t\t\t\t\t<\/figure>\n\t\t\t\t\t\t\t\t\t<\/div>\n\t\t\t\t<\/div>\n\t\t\t\t<div class=\"elementor-element elementor-element-fbda099 elementor-widget elementor-widget-image\" data-id=\"fbda099\" data-element_type=\"widget\" data-e-type=\"widget\" data-widget_type=\"image.default\">\n\t\t\t\t<div class=\"elementor-widget-container\">\n\t\t\t\t\t\t\t\t\t\t\t\t<figure class=\"wp-caption\">\n\t\t\t\t\t\t\t\t\t\t<img loading=\"lazy\" decoding=\"async\" width=\"768\" height=\"433\" src=\"https:\/\/www.elturistatranquil.com\/wp-content\/uploads\/F25-Real-Fabrica-de-Panos-de-Santa-Barbara.-Ezcaray.-La-Rioja.jpg\" class=\"attachment-large size-large wp-image-63513\" alt=\"Real F\u00e1brica de Pa\u00f1os de Santa B\u00e1rbara. Ezcaray. La Rioja\" srcset=\"https:\/\/www.elturistatranquil.com\/wp-content\/uploads\/F25-Real-Fabrica-de-Panos-de-Santa-Barbara.-Ezcaray.-La-Rioja.jpg 768w, https:\/\/www.elturistatranquil.com\/wp-content\/uploads\/F25-Real-Fabrica-de-Panos-de-Santa-Barbara.-Ezcaray.-La-Rioja-339x191.jpg 339w\" sizes=\"(max-width: 768px) 100vw, 768px\" \/>\t\t\t\t\t\t\t\t\t\t\t<figcaption class=\"widget-image-caption wp-caption-text\"><\/figcaption>\n\t\t\t\t\t\t\t\t\t\t<\/figure>\n\t\t\t\t\t\t\t\t\t<\/div>\n\t\t\t\t<\/div>\n\t\t\t\t<div class=\"elementor-element elementor-element-5b7127a elementor-widget elementor-widget-image\" data-id=\"5b7127a\" data-element_type=\"widget\" data-e-type=\"widget\" data-widget_type=\"image.default\">\n\t\t\t\t<div class=\"elementor-widget-container\">\n\t\t\t\t\t\t\t\t\t\t\t\t<figure class=\"wp-caption\">\n\t\t\t\t\t\t\t\t\t\t<img loading=\"lazy\" decoding=\"async\" width=\"768\" height=\"432\" src=\"https:\/\/www.elturistatranquil.com\/wp-content\/uploads\/F26-Real-Fabrica-de-Panos-de-Santa-Barbara.-Ezcaray.-La-Rioja.jpg\" class=\"attachment-large size-large wp-image-63515\" alt=\"Real F\u00e1brica de Pa\u00f1os de Santa B\u00e1rbara. Ezcaray. La Rioja\" srcset=\"https:\/\/www.elturistatranquil.com\/wp-content\/uploads\/F26-Real-Fabrica-de-Panos-de-Santa-Barbara.-Ezcaray.-La-Rioja.jpg 768w, https:\/\/www.elturistatranquil.com\/wp-content\/uploads\/F26-Real-Fabrica-de-Panos-de-Santa-Barbara.-Ezcaray.-La-Rioja-339x191.jpg 339w\" sizes=\"(max-width: 768px) 100vw, 768px\" \/>\t\t\t\t\t\t\t\t\t\t\t<figcaption class=\"widget-image-caption wp-caption-text\"><\/figcaption>\n\t\t\t\t\t\t\t\t\t\t<\/figure>\n\t\t\t\t\t\t\t\t\t<\/div>\n\t\t\t\t<\/div>\n\t\t\t\t<div class=\"elementor-element elementor-element-1dac6c4 elementor-widget elementor-widget-image\" data-id=\"1dac6c4\" data-element_type=\"widget\" data-e-type=\"widget\" data-widget_type=\"image.default\">\n\t\t\t\t<div class=\"elementor-widget-container\">\n\t\t\t\t\t\t\t\t\t\t\t\t<figure class=\"wp-caption\">\n\t\t\t\t\t\t\t\t\t\t<img loading=\"lazy\" decoding=\"async\" width=\"768\" height=\"433\" src=\"https:\/\/www.elturistatranquil.com\/wp-content\/uploads\/F27-Real-Fabrica-de-Panos-de-Santa-Barbara.-Ezcaray.-La-Rioja.jpg\" class=\"attachment-large size-large wp-image-63517\" alt=\"Real F\u00e1brica de Pa\u00f1os de Santa B\u00e1rbara. Ezcaray. La Rioja\" srcset=\"https:\/\/www.elturistatranquil.com\/wp-content\/uploads\/F27-Real-Fabrica-de-Panos-de-Santa-Barbara.-Ezcaray.-La-Rioja.jpg 768w, https:\/\/www.elturistatranquil.com\/wp-content\/uploads\/F27-Real-Fabrica-de-Panos-de-Santa-Barbara.-Ezcaray.-La-Rioja-339x191.jpg 339w\" sizes=\"(max-width: 768px) 100vw, 768px\" \/>\t\t\t\t\t\t\t\t\t\t\t<figcaption class=\"widget-image-caption wp-caption-text\"><\/figcaption>\n\t\t\t\t\t\t\t\t\t\t<\/figure>\n\t\t\t\t\t\t\t\t\t<\/div>\n\t\t\t\t<\/div>\n\t\t\t\t<div class=\"elementor-element elementor-element-6c54586 elementor-widget elementor-widget-image\" data-id=\"6c54586\" data-element_type=\"widget\" data-e-type=\"widget\" data-widget_type=\"image.default\">\n\t\t\t\t<div class=\"elementor-widget-container\">\n\t\t\t\t\t\t\t\t\t\t\t\t<figure class=\"wp-caption\">\n\t\t\t\t\t\t\t\t\t\t<img loading=\"lazy\" decoding=\"async\" width=\"768\" height=\"432\" src=\"https:\/\/www.elturistatranquil.com\/wp-content\/uploads\/F28-Real-Fabrica-de-Panos-de-Santa-Barbara.-Ezcaray.-La-Rioja.jpg\" class=\"attachment-large size-large wp-image-63519\" alt=\"Real F\u00e1brica de Pa\u00f1os de Santa B\u00e1rbara. Ezcaray. La Rioja\" srcset=\"https:\/\/www.elturistatranquil.com\/wp-content\/uploads\/F28-Real-Fabrica-de-Panos-de-Santa-Barbara.-Ezcaray.-La-Rioja.jpg 768w, https:\/\/www.elturistatranquil.com\/wp-content\/uploads\/F28-Real-Fabrica-de-Panos-de-Santa-Barbara.-Ezcaray.-La-Rioja-339x191.jpg 339w\" sizes=\"(max-width: 768px) 100vw, 768px\" \/>\t\t\t\t\t\t\t\t\t\t\t<figcaption class=\"widget-image-caption wp-caption-text\"><\/figcaption>\n\t\t\t\t\t\t\t\t\t\t<\/figure>\n\t\t\t\t\t\t\t\t\t<\/div>\n\t\t\t\t<\/div>\n\t\t\t\t<div class=\"elementor-element elementor-element-63ccacf elementor-widget elementor-widget-image\" data-id=\"63ccacf\" data-element_type=\"widget\" data-e-type=\"widget\" data-widget_type=\"image.default\">\n\t\t\t\t<div class=\"elementor-widget-container\">\n\t\t\t\t\t\t\t\t\t\t\t\t<figure class=\"wp-caption\">\n\t\t\t\t\t\t\t\t\t\t<img loading=\"lazy\" decoding=\"async\" width=\"768\" height=\"432\" src=\"https:\/\/www.elturistatranquil.com\/wp-content\/uploads\/F07-Real-Fabrica-de-Panos-de-Santa-Barbara.-Ezcaray.-La-Rioja.jpg\" class=\"attachment-large size-large wp-image-63473\" alt=\"Real F\u00e1brica de Pa\u00f1os de Santa B\u00e1rbara. Ezcaray. La Rioja\" srcset=\"https:\/\/www.elturistatranquil.com\/wp-content\/uploads\/F07-Real-Fabrica-de-Panos-de-Santa-Barbara.-Ezcaray.-La-Rioja.jpg 768w, https:\/\/www.elturistatranquil.com\/wp-content\/uploads\/F07-Real-Fabrica-de-Panos-de-Santa-Barbara.-Ezcaray.-La-Rioja-339x191.jpg 339w\" sizes=\"(max-width: 768px) 100vw, 768px\" \/>\t\t\t\t\t\t\t\t\t\t\t<figcaption class=\"widget-image-caption wp-caption-text\"><\/figcaption>\n\t\t\t\t\t\t\t\t\t\t<\/figure>\n\t\t\t\t\t\t\t\t\t<\/div>\n\t\t\t\t<\/div>\n\t\t\t\t<div class=\"elementor-element elementor-element-feebf01 elementor-widget elementor-widget-image\" data-id=\"feebf01\" data-element_type=\"widget\" data-e-type=\"widget\" data-widget_type=\"image.default\">\n\t\t\t\t<div class=\"elementor-widget-container\">\n\t\t\t\t\t\t\t\t\t\t\t\t<figure class=\"wp-caption\">\n\t\t\t\t\t\t\t\t\t\t<img loading=\"lazy\" decoding=\"async\" width=\"768\" height=\"432\" src=\"https:\/\/www.elturistatranquil.com\/wp-content\/uploads\/F30-Real-Fabrica-de-Panos-de-Santa-Barbara.-Ezcaray.-La-Rioja.jpg\" class=\"attachment-large size-large wp-image-63521\" alt=\"Real F\u00e1brica de Pa\u00f1os de Santa B\u00e1rbara. Ezcaray. La Rioja\" srcset=\"https:\/\/www.elturistatranquil.com\/wp-content\/uploads\/F30-Real-Fabrica-de-Panos-de-Santa-Barbara.-Ezcaray.-La-Rioja.jpg 768w, https:\/\/www.elturistatranquil.com\/wp-content\/uploads\/F30-Real-Fabrica-de-Panos-de-Santa-Barbara.-Ezcaray.-La-Rioja-339x191.jpg 339w\" sizes=\"(max-width: 768px) 100vw, 768px\" \/>\t\t\t\t\t\t\t\t\t\t\t<figcaption class=\"widget-image-caption wp-caption-text\"><\/figcaption>\n\t\t\t\t\t\t\t\t\t\t<\/figure>\n\t\t\t\t\t\t\t\t\t<\/div>\n\t\t\t\t<\/div>\n\t\t\t\t<div class=\"elementor-element elementor-element-65f9c51 elementor-widget elementor-widget-heading\" data-id=\"65f9c51\" data-element_type=\"widget\" data-e-type=\"widget\" data-widget_type=\"heading.default\">\n\t\t\t\t<div class=\"elementor-widget-container\">\n\t\t\t\t\t<h4 class=\"elementor-heading-title elementor-size-default\">Avinguda de Navarra<\/h4>\t\t\t\t<\/div>\n\t\t\t\t<\/div>\n\t\t\t\t<div class=\"elementor-element elementor-element-7d090c6 elementor-widget elementor-widget-text-editor\" data-id=\"7d090c6\" data-element_type=\"widget\" data-e-type=\"widget\" data-widget_type=\"text-editor.default\">\n\t\t\t\t<div class=\"elementor-widget-container\">\n\t\t\t\t\t\t\t\t\t<p>Les previsibles construccions de la cantonada sud-est han desaparegut i han estat substitu\u00efdes per edificis d\u2019habitatges actuals.<\/p><p>El que roman \u00e9s la meitat sud-oest.<\/p><p>Aqu\u00ed hi ha una portada blasonada amb l\u2019escut de la corona borb\u00f2nica.<\/p><p>Com que no he estat capa\u00e7 de trobar cap pl\u00e0nol antic d\u2019aquesta f\u00e0brica, ja he dit que l\u2019exist\u00e8ncia d\u2019aquesta portada em fa pensar si no estaria tamb\u00e9 tancat tot el costat oest deixant un altre pati interior, ara reconvertit en pla\u00e7a.<\/p>\t\t\t\t\t\t\t\t<\/div>\n\t\t\t\t<\/div>\n\t\t\t\t<div class=\"elementor-element elementor-element-2f9356c elementor-widget elementor-widget-image\" data-id=\"2f9356c\" data-element_type=\"widget\" data-e-type=\"widget\" data-widget_type=\"image.default\">\n\t\t\t\t<div class=\"elementor-widget-container\">\n\t\t\t\t\t\t\t\t\t\t\t\t<figure class=\"wp-caption\">\n\t\t\t\t\t\t\t\t\t\t<img loading=\"lazy\" decoding=\"async\" width=\"768\" height=\"433\" src=\"https:\/\/www.elturistatranquil.com\/wp-content\/uploads\/F31-Real-Fabrica-de-Panos-de-Santa-Barbara.-Ezcaray.-La-Rioja.jpg\" class=\"attachment-large size-large wp-image-63523\" alt=\"Real F\u00e1brica de Pa\u00f1os de Santa B\u00e1rbara. Ezcaray. La Rioja\" srcset=\"https:\/\/www.elturistatranquil.com\/wp-content\/uploads\/F31-Real-Fabrica-de-Panos-de-Santa-Barbara.-Ezcaray.-La-Rioja.jpg 768w, https:\/\/www.elturistatranquil.com\/wp-content\/uploads\/F31-Real-Fabrica-de-Panos-de-Santa-Barbara.-Ezcaray.-La-Rioja-339x191.jpg 339w\" sizes=\"(max-width: 768px) 100vw, 768px\" \/>\t\t\t\t\t\t\t\t\t\t\t<figcaption class=\"widget-image-caption wp-caption-text\"><\/figcaption>\n\t\t\t\t\t\t\t\t\t\t<\/figure>\n\t\t\t\t\t\t\t\t\t<\/div>\n\t\t\t\t<\/div>\n\t\t\t\t<div class=\"elementor-element elementor-element-70fbe93 elementor-widget elementor-widget-image\" data-id=\"70fbe93\" data-element_type=\"widget\" data-e-type=\"widget\" data-widget_type=\"image.default\">\n\t\t\t\t<div class=\"elementor-widget-container\">\n\t\t\t\t\t\t\t\t\t\t\t\t<figure class=\"wp-caption\">\n\t\t\t\t\t\t\t\t\t\t<img loading=\"lazy\" decoding=\"async\" width=\"768\" height=\"433\" src=\"https:\/\/www.elturistatranquil.com\/wp-content\/uploads\/F32-Real-Fabrica-de-Panos-de-Santa-Barbara.-Ezcaray.-La-Rioja.jpg\" class=\"attachment-large size-large wp-image-63525\" alt=\"Real F\u00e1brica de Pa\u00f1os de Santa B\u00e1rbara. Ezcaray. La Rioja\" srcset=\"https:\/\/www.elturistatranquil.com\/wp-content\/uploads\/F32-Real-Fabrica-de-Panos-de-Santa-Barbara.-Ezcaray.-La-Rioja.jpg 768w, https:\/\/www.elturistatranquil.com\/wp-content\/uploads\/F32-Real-Fabrica-de-Panos-de-Santa-Barbara.-Ezcaray.-La-Rioja-339x191.jpg 339w\" sizes=\"(max-width: 768px) 100vw, 768px\" \/>\t\t\t\t\t\t\t\t\t\t\t<figcaption class=\"widget-image-caption wp-caption-text\"><\/figcaption>\n\t\t\t\t\t\t\t\t\t\t<\/figure>\n\t\t\t\t\t\t\t\t\t<\/div>\n\t\t\t\t<\/div>\n\t\t\t\t<div class=\"elementor-element elementor-element-5cd49b9 elementor-widget elementor-widget-image\" data-id=\"5cd49b9\" data-element_type=\"widget\" data-e-type=\"widget\" data-widget_type=\"image.default\">\n\t\t\t\t<div class=\"elementor-widget-container\">\n\t\t\t\t\t\t\t\t\t\t\t\t<figure class=\"wp-caption\">\n\t\t\t\t\t\t\t\t\t\t<img loading=\"lazy\" decoding=\"async\" width=\"768\" height=\"433\" src=\"https:\/\/www.elturistatranquil.com\/wp-content\/uploads\/F33-Real-Fabrica-de-Panos-de-Santa-Barbara.-Ezcaray.-La-Rioja.jpg\" class=\"attachment-large size-large wp-image-63530\" alt=\"Real F\u00e1brica de Pa\u00f1os de Santa B\u00e1rbara. Ezcaray. La Rioja\" srcset=\"https:\/\/www.elturistatranquil.com\/wp-content\/uploads\/F33-Real-Fabrica-de-Panos-de-Santa-Barbara.-Ezcaray.-La-Rioja.jpg 768w, https:\/\/www.elturistatranquil.com\/wp-content\/uploads\/F33-Real-Fabrica-de-Panos-de-Santa-Barbara.-Ezcaray.-La-Rioja-339x191.jpg 339w\" sizes=\"(max-width: 768px) 100vw, 768px\" \/>\t\t\t\t\t\t\t\t\t\t\t<figcaption class=\"widget-image-caption wp-caption-text\"><\/figcaption>\n\t\t\t\t\t\t\t\t\t\t<\/figure>\n\t\t\t\t\t\t\t\t\t<\/div>\n\t\t\t\t<\/div>\n\t\t\t\t<div class=\"elementor-element elementor-element-452362a elementor-widget elementor-widget-image\" data-id=\"452362a\" data-element_type=\"widget\" data-e-type=\"widget\" data-widget_type=\"image.default\">\n\t\t\t\t<div class=\"elementor-widget-container\">\n\t\t\t\t\t\t\t\t\t\t\t\t<figure class=\"wp-caption\">\n\t\t\t\t\t\t\t\t\t\t<img loading=\"lazy\" decoding=\"async\" width=\"768\" height=\"433\" src=\"https:\/\/www.elturistatranquil.com\/wp-content\/uploads\/F34-Real-Fabrica-de-Panos-de-Santa-Barbara.-Ezcaray.-La-Rioja.jpg\" class=\"attachment-large size-large wp-image-63532\" alt=\"Real F\u00e1brica de Pa\u00f1os de Santa B\u00e1rbara. Ezcaray. La Rioja\" srcset=\"https:\/\/www.elturistatranquil.com\/wp-content\/uploads\/F34-Real-Fabrica-de-Panos-de-Santa-Barbara.-Ezcaray.-La-Rioja.jpg 768w, https:\/\/www.elturistatranquil.com\/wp-content\/uploads\/F34-Real-Fabrica-de-Panos-de-Santa-Barbara.-Ezcaray.-La-Rioja-339x191.jpg 339w\" sizes=\"(max-width: 768px) 100vw, 768px\" \/>\t\t\t\t\t\t\t\t\t\t\t<figcaption class=\"widget-image-caption wp-caption-text\"><\/figcaption>\n\t\t\t\t\t\t\t\t\t\t<\/figure>\n\t\t\t\t\t\t\t\t\t<\/div>\n\t\t\t\t<\/div>\n\t\t\t\t<div class=\"elementor-element elementor-element-abcc0ba elementor-widget elementor-widget-image\" data-id=\"abcc0ba\" data-element_type=\"widget\" data-e-type=\"widget\" data-widget_type=\"image.default\">\n\t\t\t\t<div class=\"elementor-widget-container\">\n\t\t\t\t\t\t\t\t\t\t\t\t<figure class=\"wp-caption\">\n\t\t\t\t\t\t\t\t\t\t<img loading=\"lazy\" decoding=\"async\" width=\"768\" height=\"433\" src=\"https:\/\/www.elturistatranquil.com\/wp-content\/uploads\/F35-Real-Fabrica-de-Panos-de-Santa-Barbara.-Ezcaray.-La-Rioja.jpg\" class=\"attachment-large size-large wp-image-63534\" alt=\"Real F\u00e1brica de Pa\u00f1os de Santa B\u00e1rbara. Ezcaray. La Rioja\" srcset=\"https:\/\/www.elturistatranquil.com\/wp-content\/uploads\/F35-Real-Fabrica-de-Panos-de-Santa-Barbara.-Ezcaray.-La-Rioja.jpg 768w, https:\/\/www.elturistatranquil.com\/wp-content\/uploads\/F35-Real-Fabrica-de-Panos-de-Santa-Barbara.-Ezcaray.-La-Rioja-339x191.jpg 339w\" sizes=\"(max-width: 768px) 100vw, 768px\" \/>\t\t\t\t\t\t\t\t\t\t\t<figcaption class=\"widget-image-caption wp-caption-text\"><\/figcaption>\n\t\t\t\t\t\t\t\t\t\t<\/figure>\n\t\t\t\t\t\t\t\t\t<\/div>\n\t\t\t\t<\/div>\n\t\t\t\t<div class=\"elementor-element elementor-element-35cfe66 elementor-widget elementor-widget-text-editor\" data-id=\"35cfe66\" data-element_type=\"widget\" data-e-type=\"widget\" data-widget_type=\"text-editor.default\">\n\t\t\t\t<div class=\"elementor-widget-container\">\n\t\t\t\t\t\t\t\t\t<p>L\u2019espadanya no s\u00e9 si podia ser indicador d\u2019una capella, o empla\u00e7ament d\u2019una campana de f\u00e0brica.<\/p>\t\t\t\t\t\t\t\t<\/div>\n\t\t\t\t<\/div>\n\t\t\t\t<div class=\"elementor-element elementor-element-822d567 elementor-widget elementor-widget-image\" data-id=\"822d567\" data-element_type=\"widget\" data-e-type=\"widget\" data-widget_type=\"image.default\">\n\t\t\t\t<div class=\"elementor-widget-container\">\n\t\t\t\t\t\t\t\t\t\t\t\t<figure class=\"wp-caption\">\n\t\t\t\t\t\t\t\t\t\t<img loading=\"lazy\" decoding=\"async\" width=\"768\" height=\"433\" src=\"https:\/\/www.elturistatranquil.com\/wp-content\/uploads\/F36-Real-Fabrica-de-Panos-de-Santa-Barbara.-Ezcaray.-La-Rioja.jpg\" class=\"attachment-large size-large wp-image-63536\" alt=\"Real F\u00e1brica de Pa\u00f1os de Santa B\u00e1rbara. Ezcaray. La Rioja\" srcset=\"https:\/\/www.elturistatranquil.com\/wp-content\/uploads\/F36-Real-Fabrica-de-Panos-de-Santa-Barbara.-Ezcaray.-La-Rioja.jpg 768w, https:\/\/www.elturistatranquil.com\/wp-content\/uploads\/F36-Real-Fabrica-de-Panos-de-Santa-Barbara.-Ezcaray.-La-Rioja-339x191.jpg 339w\" sizes=\"(max-width: 768px) 100vw, 768px\" \/>\t\t\t\t\t\t\t\t\t\t\t<figcaption class=\"widget-image-caption wp-caption-text\"><\/figcaption>\n\t\t\t\t\t\t\t\t\t\t<\/figure>\n\t\t\t\t\t\t\t\t\t<\/div>\n\t\t\t\t<\/div>\n\t\t\t\t<div class=\"elementor-element elementor-element-ee2f22b elementor-widget elementor-widget-text-editor\" data-id=\"ee2f22b\" data-element_type=\"widget\" data-e-type=\"widget\" data-widget_type=\"text-editor.default\">\n\t\t\t\t<div class=\"elementor-widget-container\">\n\t\t\t\t\t\t\t\t\t<p>L&#8217;edificaci\u00f3 del costat sud-oest t\u00e9 una estructura diferenciada respecte a les naus fabrils, amb dos nivells i unes golfes.<\/p><p>B\u00e9 podria ser lloc d\u2019oficines o d\u2019allotjament\/s per a directius.<\/p>\t\t\t\t\t\t\t\t<\/div>\n\t\t\t\t<\/div>\n\t\t\t\t<div class=\"elementor-element elementor-element-c99ad62 elementor-widget elementor-widget-image\" data-id=\"c99ad62\" data-element_type=\"widget\" data-e-type=\"widget\" data-widget_type=\"image.default\">\n\t\t\t\t<div class=\"elementor-widget-container\">\n\t\t\t\t\t\t\t\t\t\t\t\t<figure class=\"wp-caption\">\n\t\t\t\t\t\t\t\t\t\t<img loading=\"lazy\" decoding=\"async\" width=\"768\" height=\"433\" src=\"https:\/\/www.elturistatranquil.com\/wp-content\/uploads\/F37-Real-Fabrica-de-Panos-de-Santa-Barbara.-Ezcaray.-La-Rioja.jpg\" class=\"attachment-large size-large wp-image-63538\" alt=\"Real F\u00e1brica de Pa\u00f1os de Santa B\u00e1rbara. Ezcaray. La Rioja\" srcset=\"https:\/\/www.elturistatranquil.com\/wp-content\/uploads\/F37-Real-Fabrica-de-Panos-de-Santa-Barbara.-Ezcaray.-La-Rioja.jpg 768w, https:\/\/www.elturistatranquil.com\/wp-content\/uploads\/F37-Real-Fabrica-de-Panos-de-Santa-Barbara.-Ezcaray.-La-Rioja-339x191.jpg 339w\" sizes=\"(max-width: 768px) 100vw, 768px\" \/>\t\t\t\t\t\t\t\t\t\t\t<figcaption class=\"widget-image-caption wp-caption-text\"><\/figcaption>\n\t\t\t\t\t\t\t\t\t\t<\/figure>\n\t\t\t\t\t\t\t\t\t<\/div>\n\t\t\t\t<\/div>\n\t\t\t\t<div class=\"elementor-element elementor-element-18ecbe8 elementor-widget elementor-widget-text-editor\" data-id=\"18ecbe8\" data-element_type=\"widget\" data-e-type=\"widget\" data-widget_type=\"text-editor.default\">\n\t\t\t\t<div class=\"elementor-widget-container\">\n\t\t\t\t\t\t\t\t\t<p>Arribem aix\u00ed al final del recorregut al costat de la pla\u00e7a del cos fabril central principal.<\/p>\t\t\t\t\t\t\t\t<\/div>\n\t\t\t\t<\/div>\n\t\t\t\t<div class=\"elementor-element elementor-element-8695492 elementor-widget elementor-widget-image\" data-id=\"8695492\" data-element_type=\"widget\" data-e-type=\"widget\" data-widget_type=\"image.default\">\n\t\t\t\t<div class=\"elementor-widget-container\">\n\t\t\t\t\t\t\t\t\t\t\t\t<figure class=\"wp-caption\">\n\t\t\t\t\t\t\t\t\t\t<img loading=\"lazy\" decoding=\"async\" width=\"768\" height=\"433\" src=\"https:\/\/www.elturistatranquil.com\/wp-content\/uploads\/F38-Real-Fabrica-de-Panos-de-Santa-Barbara.-Ezcaray.-La-Rioja.jpg\" class=\"attachment-large size-large wp-image-63540\" alt=\"Real F\u00e1brica de Pa\u00f1os de Santa B\u00e1rbara. Ezcaray. La Rioja\" srcset=\"https:\/\/www.elturistatranquil.com\/wp-content\/uploads\/F38-Real-Fabrica-de-Panos-de-Santa-Barbara.-Ezcaray.-La-Rioja.jpg 768w, https:\/\/www.elturistatranquil.com\/wp-content\/uploads\/F38-Real-Fabrica-de-Panos-de-Santa-Barbara.-Ezcaray.-La-Rioja-339x191.jpg 339w\" sizes=\"(max-width: 768px) 100vw, 768px\" \/>\t\t\t\t\t\t\t\t\t\t\t<figcaption class=\"widget-image-caption wp-caption-text\"><\/figcaption>\n\t\t\t\t\t\t\t\t\t\t<\/figure>\n\t\t\t\t\t\t\t\t\t<\/div>\n\t\t\t\t<\/div>\n\t\t\t\t<div class=\"elementor-element elementor-element-2f514a9 elementor-widget elementor-widget-heading\" data-id=\"2f514a9\" data-element_type=\"widget\" data-e-type=\"widget\" data-widget_type=\"heading.default\">\n\t\t\t\t<div class=\"elementor-widget-container\">\n\t\t\t\t\t<h2 class=\"elementor-heading-title elementor-size-default\">Fi de la visita<\/h2>\t\t\t\t<\/div>\n\t\t\t\t<\/div>\n\t\t\t\t<div class=\"elementor-element elementor-element-f1a5c09 elementor-widget elementor-widget-text-editor\" data-id=\"f1a5c09\" data-element_type=\"widget\" data-e-type=\"widget\" data-widget_type=\"text-editor.default\">\n\t\t\t\t<div class=\"elementor-widget-container\">\n\t\t\t\t\t\t\t\t\t<p>Des del punt de vista historiogr\u00e0fic, la <strong>Reial F\u00e0brica de Teixits de Santa B\u00e0rbara<\/strong> constitueix un observatori privilegiat per estudiar les pol\u00edtiques de foment industrial de la monarquia borb\u00f2nica i el seu impacte en un entorn rural de muntanya. La documentaci\u00f3 secund\u00e0ria disponible, centrada en la demografia i en la traject\u00f2ria econ\u00f2mica d\u2019Ezcaray, permet afirmar que la f\u00e0brica va actuar com a catalitzador de processos d\u2019especialitzaci\u00f3 productiva i de mobilitat de poblaci\u00f3, sense transformar l\u2019assentament en una col\u00f2nia fabril tancada ni generar un urbanisme obrer espec\u00edfic.<\/p><p>Pel que fa al complex industrial, les caracter\u00edstiques constructives de la Reial F\u00e0brica combinaven la robustesa (murs petris, disseny antiincendis), la funcionalitat industrial (espais amplis per a maquin\u00e0ria i operaris) i un cert valor emblem\u00e0tic (dimensions imponents, patrocini regi) que avui permeten valorar-la com un important patrimoni econ\u00f2mic-productiu de l\u2019arqueologia industrial espanyola del segle XVIII.<\/p><p>La consci\u00e8ncia patrimonial sobre les antigues instal\u00b7lacions industrials d\u2019Ezcaray va anar creixent cap a finals del segle XX. Fruit d\u2019aix\u00f2, el 1992 la Reial F\u00e0brica de Teixits d\u2019Ezcaray va ser declarada <em>B\u00e9 d\u2019Inter\u00e8s Cultural (BIC)<\/em>, amb categoria de <em>monument hist\u00f2ric<\/em>. Aquesta protecci\u00f3 legal va suposar el primer pas per a la seva rehabilitaci\u00f3 integral, i integrant-se en la vida de la vila com a seu de l\u2019Ajuntament, Alberg de la Reial F\u00e0brica i Real Teatre d\u2019Ezcaray.<\/p><p>La Reial F\u00e0brica forma part tamb\u00e9 del <em>Pla Nacional de Patrimoni Industrial<\/em>, cosa que subratlla la seva import\u00e0ncia com a exemple de patrimoni econ\u00f2mic-productiu a La Rioja.<\/p>\t\t\t\t\t\t\t\t<\/div>\n\t\t\t\t<\/div>\n\t\t\t\t<div class=\"elementor-element elementor-element-b154fe9 elementor-widget elementor-widget-heading\" data-id=\"b154fe9\" data-element_type=\"widget\" data-e-type=\"widget\" data-widget_type=\"heading.default\">\n\t\t\t\t<div class=\"elementor-widget-container\">\n\t\t\t\t\t<h2 class=\"elementor-heading-title elementor-size-default\">Bases d\u2019informaci\u00f3<\/h2>\t\t\t\t<\/div>\n\t\t\t\t<\/div>\n\t\t\t\t<div class=\"elementor-element elementor-element-607ebfed elementor-widget elementor-widget-text-editor\" data-id=\"607ebfed\" data-element_type=\"widget\" data-e-type=\"widget\" data-widget_type=\"text-editor.default\">\n\t\t\t\t<div class=\"elementor-widget-container\">\n\t\t\t\t\t\t\t\t\t<p><strong>Webs<br \/><\/strong><a href=\"https:\/\/www.ezcaray.org\/pasado-y-presente\/\" target=\"_blank\" rel=\"noopener\">ayuntamiento<\/a><br \/><a href=\"https:\/\/lariojaturismo.com\/lugar-de-interes\/real-fabrica-de-paos-de-santa-barbara\/7c3bf629-7caa-2fcd-bea3-e898994e4bf9\" target=\"_blank\" rel=\"noopener\">lariojaturismo<\/a><br \/><a href=\"https:\/\/es.wikipedia.org\/wiki\/Real_F%C3%A1brica_de_Pa%C3%B1os_de_Ezcaray\" target=\"_blank\" rel=\"noopener\">wikipedia<\/a><br \/><a href=\"https:\/\/alberguerealfabrica.es\" target=\"_blank\" rel=\"noopener\">alberguerealfabrica<\/a><\/p><p><strong>Web academic<\/strong><\/p><p>Madoz, Pascual (1846-1850). <a href=\"https:\/\/www.diccionariomadoz.com\/ezcaray\/La-Rioja\/\" target=\"_blank\" rel=\"noopener\"><em>Diccionario geogr\u00e1fico-estad\u00edstico-hist\u00f3rico de Espa\u00f1a y sus posesiones de Ultramar<\/em><\/a> <br \/>Garc\u00eda de San Lorenzo M\u00e1rtir, Fr. Jos\u00e9 (aprox. 1950). <em><a href=\"https:\/\/dialnet.unirioja.es\/descarga\/articulo\/61341.pdf\" target=\"_blank\" rel=\"noopener\">La industria en Ezcaray (textil)<\/a><br \/><\/em>Bunes Ibarra, Miguel Angel de (1984) <a href=\"https:\/\/digital.csic.es\/handle\/10261\/14069\" target=\"_blank\" rel=\"noopener\"><em>Incidencias de la Real F\u00e1brica de Pa\u00f1os de Santa B\u00e1rbara y San Carlos y la explotaci\u00f3n minera en la demograf\u00eda de Ezcaray en la segunda mitad del siglo XVIII<\/em><\/a><br \/>S\u00e1enz Terrenos, Victoria. <a href=\"https:\/\/dialnet.unirioja.es\/descarga\/articulo\/81579.pdf\" target=\"_blank\" rel=\"noopener\"><em>Historia textil de Ezcaray<\/em><\/a><br \/>Ojeda San Miguel, Ram\u00f3n (1989). <a href=\"http:\/\/www.revistaestudiosregionales.com\/documentos\/articulos\/pdf284.pdf\" target=\"_blank\" rel=\"noopener\"><em>Un documento para el an\u00e1lisis de una crisis textil: Ezcaray a comienzos del siglo XIX<\/em><\/a><br \/>Ojeda San Miguel, Ram\u00f3n (1992). <a href=\"https:\/\/dialnet.unirioja.es\/descarga\/articulo\/61806.pdf\" target=\"_blank\" rel=\"noopener\"><em>La fallida industrializaci\u00f3n de una comarca textil riojana: El Alto Valle del Oja<\/em><\/a><br \/>Mart\u00ednez Borrallo, Antonio (2016). <a href=\"https:\/\/docta.ucm.es\/rest\/api\/core\/bitstreams\/68faec79-f93d-4263-9d81-89715f8b8bef\/content\" target=\"_blank\" rel=\"noopener\"><em>Innovaci\u00f3n y reformas en las publicaciones de la segunda mitad del siglo XVIII<\/em><\/a>, pp. 18-19<br \/>Pardo Abad, Carlos J. (2017). <a href=\"https:\/\/books.google.es\/books?hl=es&amp;lr=&amp;id=21i_DgAAQBAJ&amp;oi=fnd&amp;pg=PP6&amp;dq=Real+F%C3%A1brica+de+Pa%C3%B1os+de+Santa+B%C3%A1rbara+Ezcaray&amp;ots=dRZwAvh-AE&amp;sig=iKZNzMo5WZslYwTYA48JHNaQwbY#v=onepage&amp;q&amp;f=false\" target=\"_blank\" rel=\"noopener\"><em>El patrimonio industrial en Espa\u00f1a: Paisajes, lugares y elementos singulares<\/em><\/a><\/p>\t\t\t\t\t\t\t\t<\/div>\n\t\t\t\t<\/div>\n\t\t\t\t\t<\/div>\n\t\t<\/div>\n\t\t\t\t\t<\/div>\n\t\t<\/section>\n\t\t\t\t<\/div>\n\t\t","protected":false},"excerpt":{"rendered":"<p>La Reial F\u00e0brica de Teixits de Santa B\u00e0rbara (Ezcaray, La Rioja) constitueix un bon observatori per estudiar les pol\u00edtiques de foment industrial de la monarquia borb\u00f2nica del segle XVIII i &#8230; <a title=\"Reial F\u00e0brica de Teixits de Santa B\u00e0rbara (Ezcaray. La Rioja)\" class=\"read-more\" href=\"https:\/\/www.elturistatranquil.com\/ca\/reial-fabrica-de-teixits-de-santa-barbara-ezcaray-la-rioja\/\" aria-label=\"M\u00e9s informaci\u00f3 sobre Reial F\u00e0brica de Teixits de Santa B\u00e0rbara (Ezcaray. La Rioja)\">[ &#8230; ]<\/a><\/p>\n","protected":false},"author":1,"featured_media":63554,"comment_status":"open","ping_status":"closed","sticky":false,"template":"","format":"standard","meta":{"footnotes":""},"categories":[70,83,87,206,69,106,110],"tags":[],"class_list":["post-63558","post","type-post","status-publish","format-standard","has-post-thumbnail","hentry","category-arquitectura-civil-ca","category-historia-ca","category-joies-al-territori","category-la-rioja-ca","category-arqueologia-industrial-ca","category-segle-xviii-xix","category-vila","infinite-scroll-item","generate-columns","tablet-grid-50","mobile-grid-100","grid-parent","grid-50","no-featured-image-padding"],"yoast_head":"<!-- This site is optimized with the Yoast SEO plugin v27.4 - https:\/\/yoast.com\/product\/yoast-seo-wordpress\/ -->\n<title>Reial F\u00e0brica de Teixits de Santa B\u00e0rbara (Ezcaray. La Rioja) - El turista tranquil<\/title>\n<meta name=\"description\" content=\"La Reial F\u00e0brica de Teixits de Santa B\u00e0rbara (Ezcaray, La Rioja) constitueix un bon observatori per estudiar les pol\u00edtiques de foment industrial de la monarquia borb\u00f2nica del segle XVIII i el seu impacte en un entorn rural de muntanya.\" \/>\n<meta name=\"robots\" content=\"index, follow, max-snippet:-1, max-image-preview:large, max-video-preview:-1\" \/>\n<link rel=\"canonical\" href=\"https:\/\/www.elturistatranquil.com\/ca\/reial-fabrica-de-teixits-de-santa-barbara-ezcaray-la-rioja\/\" \/>\n<meta property=\"og:locale\" content=\"ca_ES\" \/>\n<meta property=\"og:type\" content=\"article\" \/>\n<meta property=\"og:title\" content=\"Reial F\u00e0brica de Teixits de Santa B\u00e0rbara (Ezcaray. La Rioja) - El turista tranquil\" \/>\n<meta property=\"og:description\" content=\"La Reial F\u00e0brica de Teixits de Santa B\u00e0rbara (Ezcaray, La Rioja) constitueix un bon observatori per estudiar les pol\u00edtiques de foment industrial de la monarquia borb\u00f2nica del segle XVIII i el seu impacte en un entorn rural de muntanya.\" \/>\n<meta property=\"og:url\" content=\"https:\/\/www.elturistatranquil.com\/ca\/reial-fabrica-de-teixits-de-santa-barbara-ezcaray-la-rioja\/\" \/>\n<meta property=\"og:site_name\" content=\"El turista tranquil\" \/>\n<meta property=\"article:publisher\" content=\"https:\/\/www.facebook.com\/elturistatranquilo\/\" \/>\n<meta property=\"article:published_time\" content=\"2025-12-27T12:58:55+00:00\" \/>\n<meta property=\"article:modified_time\" content=\"2025-12-29T13:05:30+00:00\" \/>\n<meta property=\"og:image\" content=\"https:\/\/www.elturistatranquil.com\/wp-content\/uploads\/F00-Real-Fabrica-de-Panos-de-Santa-Barbara.jpg\" \/>\n\t<meta property=\"og:image:width\" content=\"768\" \/>\n\t<meta property=\"og:image:height\" content=\"512\" \/>\n\t<meta property=\"og:image:type\" content=\"image\/jpeg\" \/>\n<meta name=\"author\" content=\"admin\" \/>\n<meta name=\"twitter:card\" content=\"summary_large_image\" \/>\n<meta name=\"twitter:label1\" content=\"Escrit per\" \/>\n\t<meta name=\"twitter:data1\" content=\"admin\" \/>\n\t<meta name=\"twitter:label2\" content=\"Temps estimat de lectura\" \/>\n\t<meta name=\"twitter:data2\" content=\"24 minuts\" \/>\n<script type=\"application\/ld+json\" class=\"yoast-schema-graph\">{\"@context\":\"https:\\\/\\\/schema.org\",\"@graph\":[{\"@type\":\"Article\",\"@id\":\"https:\\\/\\\/www.elturistatranquil.com\\\/ca\\\/reial-fabrica-de-teixits-de-santa-barbara-ezcaray-la-rioja\\\/#article\",\"isPartOf\":{\"@id\":\"https:\\\/\\\/www.elturistatranquil.com\\\/ca\\\/reial-fabrica-de-teixits-de-santa-barbara-ezcaray-la-rioja\\\/\"},\"author\":{\"name\":\"admin\",\"@id\":\"https:\\\/\\\/www.elturistatranquil.com\\\/ca\\\/#\\\/schema\\\/person\\\/16f607c3079b96ed0c530a52e6b58bb5\"},\"headline\":\"Reial F\u00e0brica de Teixits de Santa B\u00e0rbara (Ezcaray. La Rioja)\",\"datePublished\":\"2025-12-27T12:58:55+00:00\",\"dateModified\":\"2025-12-29T13:05:30+00:00\",\"mainEntityOfPage\":{\"@id\":\"https:\\\/\\\/www.elturistatranquil.com\\\/ca\\\/reial-fabrica-de-teixits-de-santa-barbara-ezcaray-la-rioja\\\/\"},\"wordCount\":3156,\"commentCount\":0,\"image\":{\"@id\":\"https:\\\/\\\/www.elturistatranquil.com\\\/ca\\\/reial-fabrica-de-teixits-de-santa-barbara-ezcaray-la-rioja\\\/#primaryimage\"},\"thumbnailUrl\":\"https:\\\/\\\/www.elturistatranquil.com\\\/wp-content\\\/uploads\\\/F00-Real-Fabrica-de-Panos-de-Santa-Barbara.jpg\",\"articleSection\":[\"Arquitectura civil\",\"Hist\u00f2ria\",\"Joies al territori\",\"La Rioja\",\"Patrimoni econ\u00f2mic\\\/productiu\",\"Segle XVIII-XIX\",\"Vila\"],\"inLanguage\":\"ca\",\"potentialAction\":[{\"@type\":\"CommentAction\",\"name\":\"Comment\",\"target\":[\"https:\\\/\\\/www.elturistatranquil.com\\\/ca\\\/reial-fabrica-de-teixits-de-santa-barbara-ezcaray-la-rioja\\\/#respond\"]}]},{\"@type\":\"WebPage\",\"@id\":\"https:\\\/\\\/www.elturistatranquil.com\\\/ca\\\/reial-fabrica-de-teixits-de-santa-barbara-ezcaray-la-rioja\\\/\",\"url\":\"https:\\\/\\\/www.elturistatranquil.com\\\/ca\\\/reial-fabrica-de-teixits-de-santa-barbara-ezcaray-la-rioja\\\/\",\"name\":\"Reial F\u00e0brica de Teixits de Santa B\u00e0rbara (Ezcaray. La Rioja) - El turista tranquil\",\"isPartOf\":{\"@id\":\"https:\\\/\\\/www.elturistatranquil.com\\\/ca\\\/#website\"},\"primaryImageOfPage\":{\"@id\":\"https:\\\/\\\/www.elturistatranquil.com\\\/ca\\\/reial-fabrica-de-teixits-de-santa-barbara-ezcaray-la-rioja\\\/#primaryimage\"},\"image\":{\"@id\":\"https:\\\/\\\/www.elturistatranquil.com\\\/ca\\\/reial-fabrica-de-teixits-de-santa-barbara-ezcaray-la-rioja\\\/#primaryimage\"},\"thumbnailUrl\":\"https:\\\/\\\/www.elturistatranquil.com\\\/wp-content\\\/uploads\\\/F00-Real-Fabrica-de-Panos-de-Santa-Barbara.jpg\",\"datePublished\":\"2025-12-27T12:58:55+00:00\",\"dateModified\":\"2025-12-29T13:05:30+00:00\",\"author\":{\"@id\":\"https:\\\/\\\/www.elturistatranquil.com\\\/ca\\\/#\\\/schema\\\/person\\\/16f607c3079b96ed0c530a52e6b58bb5\"},\"description\":\"La Reial F\u00e0brica de Teixits de Santa B\u00e0rbara (Ezcaray, La Rioja) constitueix un bon observatori per estudiar les pol\u00edtiques de foment industrial de la monarquia borb\u00f2nica del segle XVIII i el seu impacte en un entorn rural de muntanya.\",\"breadcrumb\":{\"@id\":\"https:\\\/\\\/www.elturistatranquil.com\\\/ca\\\/reial-fabrica-de-teixits-de-santa-barbara-ezcaray-la-rioja\\\/#breadcrumb\"},\"inLanguage\":\"ca\",\"potentialAction\":[{\"@type\":\"ReadAction\",\"target\":[\"https:\\\/\\\/www.elturistatranquil.com\\\/ca\\\/reial-fabrica-de-teixits-de-santa-barbara-ezcaray-la-rioja\\\/\"]}]},{\"@type\":\"ImageObject\",\"inLanguage\":\"ca\",\"@id\":\"https:\\\/\\\/www.elturistatranquil.com\\\/ca\\\/reial-fabrica-de-teixits-de-santa-barbara-ezcaray-la-rioja\\\/#primaryimage\",\"url\":\"https:\\\/\\\/www.elturistatranquil.com\\\/wp-content\\\/uploads\\\/F00-Real-Fabrica-de-Panos-de-Santa-Barbara.jpg\",\"contentUrl\":\"https:\\\/\\\/www.elturistatranquil.com\\\/wp-content\\\/uploads\\\/F00-Real-Fabrica-de-Panos-de-Santa-Barbara.jpg\",\"width\":768,\"height\":512,\"caption\":\"Real F\u00e1brica de Pa\u00f1os de Santa B\u00e1rbara\"},{\"@type\":\"BreadcrumbList\",\"@id\":\"https:\\\/\\\/www.elturistatranquil.com\\\/ca\\\/reial-fabrica-de-teixits-de-santa-barbara-ezcaray-la-rioja\\\/#breadcrumb\",\"itemListElement\":[{\"@type\":\"ListItem\",\"position\":1,\"name\":\"Portada\",\"item\":\"https:\\\/\\\/www.elturistatranquil.com\\\/ca\\\/\"},{\"@type\":\"ListItem\",\"position\":2,\"name\":\"Reial F\u00e0brica de Teixits de Santa B\u00e0rbara (Ezcaray. La Rioja)\"}]},{\"@type\":\"WebSite\",\"@id\":\"https:\\\/\\\/www.elturistatranquil.com\\\/ca\\\/#website\",\"url\":\"https:\\\/\\\/www.elturistatranquil.com\\\/ca\\\/\",\"name\":\"El turista tranquil\",\"description\":\"Blog de viatges\",\"potentialAction\":[{\"@type\":\"SearchAction\",\"target\":{\"@type\":\"EntryPoint\",\"urlTemplate\":\"https:\\\/\\\/www.elturistatranquil.com\\\/ca\\\/?s={search_term_string}\"},\"query-input\":{\"@type\":\"PropertyValueSpecification\",\"valueRequired\":true,\"valueName\":\"search_term_string\"}}],\"inLanguage\":\"ca\"},{\"@type\":\"Person\",\"@id\":\"https:\\\/\\\/www.elturistatranquil.com\\\/ca\\\/#\\\/schema\\\/person\\\/16f607c3079b96ed0c530a52e6b58bb5\",\"name\":\"admin\",\"image\":{\"@type\":\"ImageObject\",\"inLanguage\":\"ca\",\"@id\":\"https:\\\/\\\/secure.gravatar.com\\\/avatar\\\/1fbaf22aee75fcbb29a2f97b107f95d25d3a19b7c3416105be10269872673e8d?s=96&d=mm&r=g\",\"url\":\"https:\\\/\\\/secure.gravatar.com\\\/avatar\\\/1fbaf22aee75fcbb29a2f97b107f95d25d3a19b7c3416105be10269872673e8d?s=96&d=mm&r=g\",\"contentUrl\":\"https:\\\/\\\/secure.gravatar.com\\\/avatar\\\/1fbaf22aee75fcbb29a2f97b107f95d25d3a19b7c3416105be10269872673e8d?s=96&d=mm&r=g\",\"caption\":\"admin\"}}]}<\/script>\n<!-- \/ Yoast SEO plugin. -->","yoast_head_json":{"title":"Reial F\u00e0brica de Teixits de Santa B\u00e0rbara (Ezcaray. La Rioja) - El turista tranquil","description":"La Reial F\u00e0brica de Teixits de Santa B\u00e0rbara (Ezcaray, La Rioja) constitueix un bon observatori per estudiar les pol\u00edtiques de foment industrial de la monarquia borb\u00f2nica del segle XVIII i el seu impacte en un entorn rural de muntanya.","robots":{"index":"index","follow":"follow","max-snippet":"max-snippet:-1","max-image-preview":"max-image-preview:large","max-video-preview":"max-video-preview:-1"},"canonical":"https:\/\/www.elturistatranquil.com\/ca\/reial-fabrica-de-teixits-de-santa-barbara-ezcaray-la-rioja\/","og_locale":"ca_ES","og_type":"article","og_title":"Reial F\u00e0brica de Teixits de Santa B\u00e0rbara (Ezcaray. La Rioja) - El turista tranquil","og_description":"La Reial F\u00e0brica de Teixits de Santa B\u00e0rbara (Ezcaray, La Rioja) constitueix un bon observatori per estudiar les pol\u00edtiques de foment industrial de la monarquia borb\u00f2nica del segle XVIII i el seu impacte en un entorn rural de muntanya.","og_url":"https:\/\/www.elturistatranquil.com\/ca\/reial-fabrica-de-teixits-de-santa-barbara-ezcaray-la-rioja\/","og_site_name":"El turista tranquil","article_publisher":"https:\/\/www.facebook.com\/elturistatranquilo\/","article_published_time":"2025-12-27T12:58:55+00:00","article_modified_time":"2025-12-29T13:05:30+00:00","og_image":[{"width":768,"height":512,"url":"https:\/\/www.elturistatranquil.com\/wp-content\/uploads\/F00-Real-Fabrica-de-Panos-de-Santa-Barbara.jpg","type":"image\/jpeg"}],"author":"admin","twitter_card":"summary_large_image","twitter_misc":{"Escrit per":"admin","Temps estimat de lectura":"24 minuts"},"schema":{"@context":"https:\/\/schema.org","@graph":[{"@type":"Article","@id":"https:\/\/www.elturistatranquil.com\/ca\/reial-fabrica-de-teixits-de-santa-barbara-ezcaray-la-rioja\/#article","isPartOf":{"@id":"https:\/\/www.elturistatranquil.com\/ca\/reial-fabrica-de-teixits-de-santa-barbara-ezcaray-la-rioja\/"},"author":{"name":"admin","@id":"https:\/\/www.elturistatranquil.com\/ca\/#\/schema\/person\/16f607c3079b96ed0c530a52e6b58bb5"},"headline":"Reial F\u00e0brica de Teixits de Santa B\u00e0rbara (Ezcaray. La Rioja)","datePublished":"2025-12-27T12:58:55+00:00","dateModified":"2025-12-29T13:05:30+00:00","mainEntityOfPage":{"@id":"https:\/\/www.elturistatranquil.com\/ca\/reial-fabrica-de-teixits-de-santa-barbara-ezcaray-la-rioja\/"},"wordCount":3156,"commentCount":0,"image":{"@id":"https:\/\/www.elturistatranquil.com\/ca\/reial-fabrica-de-teixits-de-santa-barbara-ezcaray-la-rioja\/#primaryimage"},"thumbnailUrl":"https:\/\/www.elturistatranquil.com\/wp-content\/uploads\/F00-Real-Fabrica-de-Panos-de-Santa-Barbara.jpg","articleSection":["Arquitectura civil","Hist\u00f2ria","Joies al territori","La Rioja","Patrimoni econ\u00f2mic\/productiu","Segle XVIII-XIX","Vila"],"inLanguage":"ca","potentialAction":[{"@type":"CommentAction","name":"Comment","target":["https:\/\/www.elturistatranquil.com\/ca\/reial-fabrica-de-teixits-de-santa-barbara-ezcaray-la-rioja\/#respond"]}]},{"@type":"WebPage","@id":"https:\/\/www.elturistatranquil.com\/ca\/reial-fabrica-de-teixits-de-santa-barbara-ezcaray-la-rioja\/","url":"https:\/\/www.elturistatranquil.com\/ca\/reial-fabrica-de-teixits-de-santa-barbara-ezcaray-la-rioja\/","name":"Reial F\u00e0brica de Teixits de Santa B\u00e0rbara (Ezcaray. La Rioja) - El turista tranquil","isPartOf":{"@id":"https:\/\/www.elturistatranquil.com\/ca\/#website"},"primaryImageOfPage":{"@id":"https:\/\/www.elturistatranquil.com\/ca\/reial-fabrica-de-teixits-de-santa-barbara-ezcaray-la-rioja\/#primaryimage"},"image":{"@id":"https:\/\/www.elturistatranquil.com\/ca\/reial-fabrica-de-teixits-de-santa-barbara-ezcaray-la-rioja\/#primaryimage"},"thumbnailUrl":"https:\/\/www.elturistatranquil.com\/wp-content\/uploads\/F00-Real-Fabrica-de-Panos-de-Santa-Barbara.jpg","datePublished":"2025-12-27T12:58:55+00:00","dateModified":"2025-12-29T13:05:30+00:00","author":{"@id":"https:\/\/www.elturistatranquil.com\/ca\/#\/schema\/person\/16f607c3079b96ed0c530a52e6b58bb5"},"description":"La Reial F\u00e0brica de Teixits de Santa B\u00e0rbara (Ezcaray, La Rioja) constitueix un bon observatori per estudiar les pol\u00edtiques de foment industrial de la monarquia borb\u00f2nica del segle XVIII i el seu impacte en un entorn rural de muntanya.","breadcrumb":{"@id":"https:\/\/www.elturistatranquil.com\/ca\/reial-fabrica-de-teixits-de-santa-barbara-ezcaray-la-rioja\/#breadcrumb"},"inLanguage":"ca","potentialAction":[{"@type":"ReadAction","target":["https:\/\/www.elturistatranquil.com\/ca\/reial-fabrica-de-teixits-de-santa-barbara-ezcaray-la-rioja\/"]}]},{"@type":"ImageObject","inLanguage":"ca","@id":"https:\/\/www.elturistatranquil.com\/ca\/reial-fabrica-de-teixits-de-santa-barbara-ezcaray-la-rioja\/#primaryimage","url":"https:\/\/www.elturistatranquil.com\/wp-content\/uploads\/F00-Real-Fabrica-de-Panos-de-Santa-Barbara.jpg","contentUrl":"https:\/\/www.elturistatranquil.com\/wp-content\/uploads\/F00-Real-Fabrica-de-Panos-de-Santa-Barbara.jpg","width":768,"height":512,"caption":"Real F\u00e1brica de Pa\u00f1os de Santa B\u00e1rbara"},{"@type":"BreadcrumbList","@id":"https:\/\/www.elturistatranquil.com\/ca\/reial-fabrica-de-teixits-de-santa-barbara-ezcaray-la-rioja\/#breadcrumb","itemListElement":[{"@type":"ListItem","position":1,"name":"Portada","item":"https:\/\/www.elturistatranquil.com\/ca\/"},{"@type":"ListItem","position":2,"name":"Reial F\u00e0brica de Teixits de Santa B\u00e0rbara (Ezcaray. La Rioja)"}]},{"@type":"WebSite","@id":"https:\/\/www.elturistatranquil.com\/ca\/#website","url":"https:\/\/www.elturistatranquil.com\/ca\/","name":"El turista tranquil","description":"Blog de viatges","potentialAction":[{"@type":"SearchAction","target":{"@type":"EntryPoint","urlTemplate":"https:\/\/www.elturistatranquil.com\/ca\/?s={search_term_string}"},"query-input":{"@type":"PropertyValueSpecification","valueRequired":true,"valueName":"search_term_string"}}],"inLanguage":"ca"},{"@type":"Person","@id":"https:\/\/www.elturistatranquil.com\/ca\/#\/schema\/person\/16f607c3079b96ed0c530a52e6b58bb5","name":"admin","image":{"@type":"ImageObject","inLanguage":"ca","@id":"https:\/\/secure.gravatar.com\/avatar\/1fbaf22aee75fcbb29a2f97b107f95d25d3a19b7c3416105be10269872673e8d?s=96&d=mm&r=g","url":"https:\/\/secure.gravatar.com\/avatar\/1fbaf22aee75fcbb29a2f97b107f95d25d3a19b7c3416105be10269872673e8d?s=96&d=mm&r=g","contentUrl":"https:\/\/secure.gravatar.com\/avatar\/1fbaf22aee75fcbb29a2f97b107f95d25d3a19b7c3416105be10269872673e8d?s=96&d=mm&r=g","caption":"admin"}}]}},"_links":{"self":[{"href":"https:\/\/www.elturistatranquil.com\/ca\/wp-json\/wp\/v2\/posts\/63558","targetHints":{"allow":["GET"]}}],"collection":[{"href":"https:\/\/www.elturistatranquil.com\/ca\/wp-json\/wp\/v2\/posts"}],"about":[{"href":"https:\/\/www.elturistatranquil.com\/ca\/wp-json\/wp\/v2\/types\/post"}],"author":[{"embeddable":true,"href":"https:\/\/www.elturistatranquil.com\/ca\/wp-json\/wp\/v2\/users\/1"}],"replies":[{"embeddable":true,"href":"https:\/\/www.elturistatranquil.com\/ca\/wp-json\/wp\/v2\/comments?post=63558"}],"version-history":[{"count":10,"href":"https:\/\/www.elturistatranquil.com\/ca\/wp-json\/wp\/v2\/posts\/63558\/revisions"}],"predecessor-version":[{"id":63571,"href":"https:\/\/www.elturistatranquil.com\/ca\/wp-json\/wp\/v2\/posts\/63558\/revisions\/63571"}],"wp:featuredmedia":[{"embeddable":true,"href":"https:\/\/www.elturistatranquil.com\/ca\/wp-json\/wp\/v2\/media\/63554"}],"wp:attachment":[{"href":"https:\/\/www.elturistatranquil.com\/ca\/wp-json\/wp\/v2\/media?parent=63558"}],"wp:term":[{"taxonomy":"category","embeddable":true,"href":"https:\/\/www.elturistatranquil.com\/ca\/wp-json\/wp\/v2\/categories?post=63558"},{"taxonomy":"post_tag","embeddable":true,"href":"https:\/\/www.elturistatranquil.com\/ca\/wp-json\/wp\/v2\/tags?post=63558"}],"curies":[{"name":"wp","href":"https:\/\/api.w.org\/{rel}","templated":true}]}}