{"id":63744,"date":"2026-01-10T19:28:06","date_gmt":"2026-01-10T18:28:06","guid":{"rendered":"https:\/\/www.elturistatranquil.com\/?p=63744"},"modified":"2026-01-12T19:35:56","modified_gmt":"2026-01-12T18:35:56","slug":"mazo-de-mazonovo-asturies","status":"publish","type":"post","link":"https:\/\/www.elturistatranquil.com\/ca\/mazo-de-mazonovo-asturies\/","title":{"rendered":"Mazo de Mazonovo (Ast\u00faries)"},"content":{"rendered":"\t\t<div data-elementor-type=\"wp-post\" data-elementor-id=\"63744\" class=\"elementor elementor-63744 elementor-63577\" data-elementor-post-type=\"post\">\n\t\t\t\t\t\t<section class=\"elementor-section elementor-top-section elementor-element elementor-element-4ac029d3 elementor-section-boxed elementor-section-height-default elementor-section-height-default\" data-id=\"4ac029d3\" data-element_type=\"section\" data-e-type=\"section\">\n\t\t\t\t\t\t<div class=\"elementor-container elementor-column-gap-default\">\n\t\t\t\t\t<div class=\"elementor-column elementor-col-100 elementor-top-column elementor-element elementor-element-a804ebd\" data-id=\"a804ebd\" data-element_type=\"column\" data-e-type=\"column\">\n\t\t\t<div class=\"elementor-widget-wrap elementor-element-populated\">\n\t\t\t\t\t\t<section class=\"elementor-section elementor-inner-section elementor-element elementor-element-54679e4d elementor-section-content-middle elementor-section-boxed elementor-section-height-default elementor-section-height-default\" data-id=\"54679e4d\" data-element_type=\"section\" data-e-type=\"section\">\n\t\t\t\t\t\t<div class=\"elementor-container elementor-column-gap-default\">\n\t\t\t\t\t<div class=\"elementor-column elementor-col-100 elementor-inner-column elementor-element elementor-element-14626fd1\" data-id=\"14626fd1\" data-element_type=\"column\" data-e-type=\"column\">\n\t\t\t<div class=\"elementor-widget-wrap elementor-element-populated\">\n\t\t\t\t\t\t<div class=\"elementor-element elementor-element-540395fb elementor-widget elementor-widget-text-editor\" data-id=\"540395fb\" data-element_type=\"widget\" data-e-type=\"widget\" data-widget_type=\"text-editor.default\">\n\t\t\t\t<div class=\"elementor-widget-container\">\n\t\t\t\t\t\t\t\t\t<p>El <strong>Mazo de Mazonovo<\/strong>, a la Vall d&#8217;Oscos (Ast\u00faries) \u00e9s un martinet hidr\u00e0ulic encara actiu, reconvertit en conjunt etnogr\u00e0fic gestionat per ferrers en exercici.<\/p>\t\t\t\t\t\t\t\t<\/div>\n\t\t\t\t<\/div>\n\t\t\t\t\t<\/div>\n\t\t<\/div>\n\t\t\t\t\t<\/div>\n\t\t<\/section>\n\t\t\t\t<div class=\"elementor-element elementor-element-5b7720a9 elementor-widget elementor-widget-heading\" data-id=\"5b7720a9\" data-element_type=\"widget\" data-e-type=\"widget\" data-widget_type=\"heading.default\">\n\t\t\t\t<div class=\"elementor-widget-container\">\n\t\t\t\t\t<h1 class=\"elementor-heading-title elementor-size-default\">Mazo de Mazonovo (Ast\u00faries)<\/h1>\t\t\t\t<\/div>\n\t\t\t\t<\/div>\n\t\t\t\t\t<\/div>\n\t\t<\/div>\n\t\t\t\t\t<\/div>\n\t\t<\/section>\n\t\t\t\t<section class=\"elementor-section elementor-top-section elementor-element elementor-element-7d62e888 elementor-section-boxed elementor-section-height-default elementor-section-height-default\" data-id=\"7d62e888\" data-element_type=\"section\" data-e-type=\"section\">\n\t\t\t\t\t\t<div class=\"elementor-container elementor-column-gap-default\">\n\t\t\t\t\t<div class=\"elementor-column elementor-col-100 elementor-top-column elementor-element elementor-element-193227d6\" data-id=\"193227d6\" data-element_type=\"column\" data-e-type=\"column\">\n\t\t\t<div class=\"elementor-widget-wrap elementor-element-populated\">\n\t\t\t\t\t\t<div class=\"elementor-element elementor-element-5401c39e elementor-widget elementor-widget-image\" data-id=\"5401c39e\" data-element_type=\"widget\" data-e-type=\"widget\" data-widget_type=\"image.default\">\n\t\t\t\t<div class=\"elementor-widget-container\">\n\t\t\t\t\t\t\t\t\t\t\t\t<figure class=\"wp-caption\">\n\t\t\t\t\t\t\t\t\t\t<img fetchpriority=\"high\" decoding=\"async\" width=\"768\" height=\"512\" src=\"https:\/\/www.elturistatranquil.com\/wp-content\/uploads\/F01-Mazo-de-Mazonovo.-Sta-Eulalia-de-Oscos.-Asturias-Google-earth-2026-01-02.jpg\" class=\"attachment-large size-large wp-image-63583\" alt=\"Mazo de Mazonovo. Sta Eulalia de Oscos. Asturias\" srcset=\"https:\/\/www.elturistatranquil.com\/wp-content\/uploads\/F01-Mazo-de-Mazonovo.-Sta-Eulalia-de-Oscos.-Asturias-Google-earth-2026-01-02.jpg 768w, https:\/\/www.elturistatranquil.com\/wp-content\/uploads\/F01-Mazo-de-Mazonovo.-Sta-Eulalia-de-Oscos.-Asturias-Google-earth-2026-01-02-339x226.jpg 339w\" sizes=\"(max-width: 768px) 100vw, 768px\" \/>\t\t\t\t\t\t\t\t\t\t\t<figcaption class=\"widget-image-caption wp-caption-text\">Mazo de Mazonovo. Sta Eulalia de Oscos. Ast\u00faries (Google earth 2025-12-28)<\/figcaption>\n\t\t\t\t\t\t\t\t\t\t<\/figure>\n\t\t\t\t\t\t\t\t\t<\/div>\n\t\t\t\t<\/div>\n\t\t\t\t<section class=\"elementor-section elementor-inner-section elementor-element elementor-element-4b5510b2 elementor-section-boxed elementor-section-height-default elementor-section-height-default\" data-id=\"4b5510b2\" data-element_type=\"section\" data-e-type=\"section\" data-settings=\"{&quot;background_background&quot;:&quot;classic&quot;}\">\n\t\t\t\t\t\t\t<div class=\"elementor-background-overlay\"><\/div>\n\t\t\t\t\t\t\t<div class=\"elementor-container elementor-column-gap-default\">\n\t\t\t\t\t<div class=\"elementor-column elementor-col-100 elementor-inner-column elementor-element elementor-element-51b9144d\" data-id=\"51b9144d\" data-element_type=\"column\" data-e-type=\"column\" data-settings=\"{&quot;background_background&quot;:&quot;classic&quot;}\">\n\t\t\t<div class=\"elementor-widget-wrap elementor-element-populated\">\n\t\t\t\t\t\t<div class=\"elementor-element elementor-element-56dc424 elementor-widget elementor-widget-text-editor\" data-id=\"56dc424\" data-element_type=\"widget\" data-e-type=\"widget\" data-widget_type=\"text-editor.default\">\n\t\t\t\t<div class=\"elementor-widget-container\">\n\t\t\t\t\t\t\t\t\t<p>Direcci\u00f3: Mazonovo s\/n. 33776 (a 3 km de Santa Eulalia de Oscos por la Crta. AS-27 direcci\u00f3 La Garganta). Municipi: Santa Eulalia de Oscos. Comarca: Eo-Navia. Prov\u00edncia: Ast\u00faries. Com. Aut\u00f2noma: Principado de Asturias \u00a0<br \/>Coordenades: 43\u00b014&#8217;07.2&#8243;N 7\u00b000&#8217;49.2&#8243;O. Altitud: 506 msnm<br \/>Web: <a href=\"https:\/\/ferreirosdemazonovo.com\/\" target=\"_blank\" rel=\"noopener\">ferreirosdemazonovo<\/a><br \/>Visita: 2024<\/p>\t\t\t\t\t\t\t\t<\/div>\n\t\t\t\t<\/div>\n\t\t\t\t\t<\/div>\n\t\t<\/div>\n\t\t\t\t\t<\/div>\n\t\t<\/section>\n\t\t\t\t<div class=\"elementor-element elementor-element-2898c8c8 elementor-widget elementor-widget-image\" data-id=\"2898c8c8\" data-element_type=\"widget\" data-e-type=\"widget\" data-widget_type=\"image.default\">\n\t\t\t\t<div class=\"elementor-widget-container\">\n\t\t\t\t\t\t\t\t\t\t\t\t<figure class=\"wp-caption\">\n\t\t\t\t\t\t\t\t\t\t<img decoding=\"async\" width=\"768\" height=\"512\" src=\"https:\/\/www.elturistatranquil.com\/wp-content\/uploads\/F02c-Mapa-de-situacio-del-Mazo-de-Mazonovo-Google-maps-2025-12-28.jpg\" class=\"attachment-medium_large size-medium_large wp-image-63746\" alt=\"Mazo de Mazonovo\" srcset=\"https:\/\/www.elturistatranquil.com\/wp-content\/uploads\/F02c-Mapa-de-situacio-del-Mazo-de-Mazonovo-Google-maps-2025-12-28.jpg 768w, https:\/\/www.elturistatranquil.com\/wp-content\/uploads\/F02c-Mapa-de-situacio-del-Mazo-de-Mazonovo-Google-maps-2025-12-28-339x226.jpg 339w\" sizes=\"(max-width: 768px) 100vw, 768px\" \/>\t\t\t\t\t\t\t\t\t\t\t<figcaption class=\"widget-image-caption wp-caption-text\">Mapa de situaci\u00f3 del Mazo de Mazonovo (Google maps 2025-12-28)<\/figcaption>\n\t\t\t\t\t\t\t\t\t\t<\/figure>\n\t\t\t\t\t\t\t\t\t<\/div>\n\t\t\t\t<\/div>\n\t\t\t\t<div class=\"elementor-element elementor-element-e63ce1d elementor-toc--minimized-on-tablet elementor-widget elementor-widget-table-of-contents\" data-id=\"e63ce1d\" data-element_type=\"widget\" data-e-type=\"widget\" data-settings=\"{&quot;headings_by_tags&quot;:[&quot;h2&quot;,&quot;h3&quot;,&quot;h4&quot;],&quot;marker_view&quot;:&quot;bullets&quot;,&quot;icon&quot;:{&quot;value&quot;:&quot;&quot;,&quot;library&quot;:&quot;&quot;},&quot;no_headings_message&quot;:&quot;No se ha encontrado ning\\u00fan encabezado en esta p\\u00e1gina.&quot;,&quot;minimize_box&quot;:&quot;yes&quot;,&quot;minimized_on&quot;:&quot;tablet&quot;,&quot;hierarchical_view&quot;:&quot;yes&quot;,&quot;min_height&quot;:{&quot;unit&quot;:&quot;px&quot;,&quot;size&quot;:&quot;&quot;,&quot;sizes&quot;:[]},&quot;min_height_tablet&quot;:{&quot;unit&quot;:&quot;px&quot;,&quot;size&quot;:&quot;&quot;,&quot;sizes&quot;:[]},&quot;min_height_mobile&quot;:{&quot;unit&quot;:&quot;px&quot;,&quot;size&quot;:&quot;&quot;,&quot;sizes&quot;:[]}}\" data-widget_type=\"table-of-contents.default\">\n\t\t\t\t<div class=\"elementor-widget-container\">\n\t\t\t\t\t\t\t\t\t<div class=\"elementor-toc__header\">\n\t\t\t\t\t\t<h4 class=\"elementor-toc__header-title\">\n\t\t\t\t\u00cdndex\t\t\t<\/h4>\n\t\t\t\t\t\t\t\t\t\t<div class=\"elementor-toc__toggle-button elementor-toc__toggle-button--expand\" role=\"button\" tabindex=\"0\" aria-controls=\"elementor-toc__e63ce1d\" aria-expanded=\"true\" aria-label=\"Open table of contents\"><i aria-hidden=\"true\" class=\"fas fa-chevron-down\"><\/i><\/div>\n\t\t\t\t<div class=\"elementor-toc__toggle-button elementor-toc__toggle-button--collapse\" role=\"button\" tabindex=\"0\" aria-controls=\"elementor-toc__e63ce1d\" aria-expanded=\"true\" aria-label=\"Close table of contents\"><i aria-hidden=\"true\" class=\"fas fa-chevron-up\"><\/i><\/div>\n\t\t\t\t\t<\/div>\n\t\t\t\t<div id=\"elementor-toc__e63ce1d\" class=\"elementor-toc__body\">\n\t\t\t<div class=\"elementor-toc__spinner-container\">\n\t\t\t\t<i class=\"elementor-toc__spinner eicon-animation-spin eicon-loading\" aria-hidden=\"true\"><\/i>\t\t\t<\/div>\n\t\t<\/div>\n\t\t\t\t\t\t<\/div>\n\t\t\t\t<\/div>\n\t\t\t\t<div class=\"elementor-element elementor-element-2ffad5e5 elementor-widget elementor-widget-spacer\" data-id=\"2ffad5e5\" data-element_type=\"widget\" data-e-type=\"widget\" data-widget_type=\"spacer.default\">\n\t\t\t\t<div class=\"elementor-widget-container\">\n\t\t\t\t\t\t\t<div class=\"elementor-spacer\">\n\t\t\t<div class=\"elementor-spacer-inner\"><\/div>\n\t\t<\/div>\n\t\t\t\t\t\t<\/div>\n\t\t\t\t<\/div>\n\t\t\t\t<div class=\"elementor-element elementor-element-32e65d44 elementor-widget elementor-widget-heading\" data-id=\"32e65d44\" data-element_type=\"widget\" data-e-type=\"widget\" data-widget_type=\"heading.default\">\n\t\t\t\t<div class=\"elementor-widget-container\">\n\t\t\t\t\t<h2 class=\"elementor-heading-title elementor-size-default\">Mazo de Mazonovo. Santa Eulalia de Oscos. Ast\u00faries<\/h2>\t\t\t\t<\/div>\n\t\t\t\t<\/div>\n\t\t\t\t<div class=\"elementor-element elementor-element-5bd45877 elementor-widget elementor-widget-text-editor\" data-id=\"5bd45877\" data-element_type=\"widget\" data-e-type=\"widget\" data-widget_type=\"text-editor.default\">\n\t\t\t\t<div class=\"elementor-widget-container\">\n\t\t\t\t\t\t\t\t\t<p>La implantaci\u00f3 de ferreries a Espanya, concentrada principalment al nord<\/p><p>Pa\u00eds Basc, Cant\u00e0bria, Ast\u00faries, Lle\u00f3), es va consolidar des del segle XIII, aprofitant l\u2019energia hidr\u00e0ulica per moure martells i manxes en la transformaci\u00f3 del mineral de ferro en metall, sent una activitat clau en l\u2019economia medieval i moderna, tot i que va decaure al XIX davant la compet\u00e8ncia dels alts forns, deixant importants restes patrimonials i una rica hist\u00f2ria.<\/p><p>Les ferreries s\u00f3n, per tant, un element etnogr\u00e0fic important a Ast\u00faries, cosa que significa que, visitant aquesta regi\u00f3, la visita a una ferreria constitueix un al\u00b7licient important.<\/p><p>\u00c9s el que varem fer, i exposar\u00e9 sobre el <strong>Mazo de Mazonovo<\/strong>, a la Vall d\u2019Oscos.<\/p>\t\t\t\t\t\t\t\t<\/div>\n\t\t\t\t<\/div>\n\t\t\t\t<div class=\"elementor-element elementor-element-410adf58 elementor-widget elementor-widget-heading\" data-id=\"410adf58\" data-element_type=\"widget\" data-e-type=\"widget\" data-widget_type=\"heading.default\">\n\t\t\t\t<div class=\"elementor-widget-container\">\n\t\t\t\t\t<h2 class=\"elementor-heading-title elementor-size-default\">El territori<\/h2>\t\t\t\t<\/div>\n\t\t\t\t<\/div>\n\t\t\t\t<div class=\"elementor-element elementor-element-78a9e254 elementor-widget elementor-widget-text-editor\" data-id=\"78a9e254\" data-element_type=\"widget\" data-e-type=\"widget\" data-widget_type=\"text-editor.default\">\n\t\t\t\t<div class=\"elementor-widget-container\">\n\t\t\t\t\t\t\t\t\t<p>Al llogaret de Mazonovo, al municipi de Santa Eulalia de Oscos, a l\u2019asturi\u00e0 Valle de Oscos, es conserva un taller de forja amb farga i martinet (<em>mazo<\/em>) hidr\u00e0ulic on el seu inter\u00e8s rau en el fet que no nom\u00e9s s\u2019ha preservat l\u2019edifici i els mecanismes, sin\u00f3 que es mant\u00e9 operatiu, cosa que permet observar una tecnologia preindustrial amb criteris t\u00e8cnics (hidr\u00e0ulica, fusteria, metal\u00b7l\u00fargia pr\u00e0ctica) i no \u00fanicament com a museu de components est\u00e0tics.<\/p><p>L\u2019orografia dels Oscos, caracteritzada per valls encaixades i forts pendents, facilita la construcci\u00f3 d\u2019infraestructures de captaci\u00f3 d\u2019aigua que generen el salt necessari per moure rodes hidr\u00e0uliques, en aquest cas implantat al fons de la vall del riu Candesa, amb un cabal for\u00e7a constant.<\/p><p>Des del punt de vista geol\u00f2gic, la comarca se situa en un territori dominat per materials paleozoics, fonamentalment quarsites i pissarres de l\u2019Ordovici\u00e0. Aquesta configuraci\u00f3 geol\u00f2gica aporta la pres\u00e8ncia de jaciments ferr\u00edfers locals vinculats a aquestes formacions, aix\u00ed com l\u2019abund\u00e0ncia d\u2019afloraments de quarsita que proporcionaven el material de construcci\u00f3 per a les preses o &#8220;<em>banzas<\/em>&#8221; i els edificis de les ferreries i martinets.<\/p><p>En aquest context, a l\u2019occident asturi\u00e0, la ind\u00fastria del ferro es va articular hist\u00f2ricament al voltant de tres recursos: <strong>aigua<\/strong> (motor), <strong>fusta<\/strong> (per a carb\u00f3 vegetal de castanyer i per a la pr\u00f2pia mec\u00e0nica de fusta) i <strong>ferro<\/strong> (mineral o semielaborat). A m\u00e9s, existia una articulaci\u00f3 hist\u00f2rica amb xarxes comarcals d\u2019intercanvi que demandaven estris de ferro per a agricultura, ramaderia i oficis artesanals.<\/p><p>D\u2019aquesta manera van sorgir dos tipus d\u2019establiments: les <em>ferreries<\/em> majors, destinades a la reducci\u00f3 del mineral, i els <strong>martinets<\/strong>, que s\u2019ocupaven de l\u2019afinat i de la fabricaci\u00f3 d\u2019eines i ferramentes.<\/p><p>Finalment, el territori dels Oscos tamb\u00e9 oferia un marc sociolaboral particular. El binomi agroramader, que avui continua sent el principal motor econ\u00f2mic del Concejo, permetia una m\u00e0 d\u2019obra flexible. Molts treballadors dels martinets eren pagesos que alternaven les feines de la forja amb la cura del bestiar bov\u00ed, cosa que redu\u00efa els costos fixos de producci\u00f3 i augmentava la resili\u00e8ncia de la ind\u00fastria local.<\/p><p>En un proper <em>post<\/em> presentar\u00e9 una de les m\u00faltiples petites mines de ferro que s\u2019exploten en aquesta zona: la <strong>mina Pe\u00f1a Tasc\u00f3n<\/strong> a Villanueva de Oscos.<\/p>\t\t\t\t\t\t\t\t<\/div>\n\t\t\t\t<\/div>\n\t\t\t\t<div class=\"elementor-element elementor-element-37e9b9c elementor-widget elementor-widget-heading\" data-id=\"37e9b9c\" data-element_type=\"widget\" data-e-type=\"widget\" data-widget_type=\"heading.default\">\n\t\t\t\t<div class=\"elementor-widget-container\">\n\t\t\t\t\t<h2 class=\"elementor-heading-title elementor-size-default\">Una mica d\u2019hist\u00f2ria<\/h2>\t\t\t\t<\/div>\n\t\t\t\t<\/div>\n\t\t\t\t<div class=\"elementor-element elementor-element-6422e32 elementor-widget elementor-widget-text-editor\" data-id=\"6422e32\" data-element_type=\"widget\" data-e-type=\"widget\" data-widget_type=\"text-editor.default\">\n\t\t\t\t<div class=\"elementor-widget-container\">\n\t\t\t\t\t\t\t\t\t<p>A Ast\u00faries es documenten ferreries hidr\u00e0uliques des del segle XV, amb un declivi general cap a finals del XIX, quan la sider\u00fargia moderna<\/p><p>alts forns, carb\u00f3 mineral i noves escales productives) altera el marc tecnol\u00f2gic i econ\u00f2mic. Tanmateix, en \u00e0rees de dif\u00edcil industrialitzaci\u00f3 per la seva topografia \u2014com Oscos i entorns propers\u2014, aquestes tecnologies van mantenir usos m\u00e9s prolongats, conservant sabers i rutines d\u2019ofici fins a dates relativament tardanes.<\/p><p>Es considera que el Mazo de Mazonovo t\u00e9 el seu origen al segle XVIII. Aquest segle representa l\u2019etapa de plenitud per a Mazonovo i el conjunt de la ind\u00fastria del ferro als Oscos. Durant aquesta cent\u00faria, la comarca va experimentar un creixement demogr\u00e0fic notable, impulsat per les possibilitats econ\u00f2miques que brindava el ferro. Mazonovo es va especialitzar en la producci\u00f3 de manufactures d\u2019alta qualitat, com la clava\u00f3 per a la construcci\u00f3 naval (abastint fins i tot l\u2019Arsenal de Ferrol) i eines agr\u00edcoles que es distribu\u00efen per tota la Meseta castellana.<\/p><p>El segle XIX va portar el repte de la Revoluci\u00f3 Industrial. L\u2019aparici\u00f3 de la sider\u00fargia moderna, basada en el carb\u00f3 mineral (hulla i antracita) i els alts forns, va suposar una compet\u00e8ncia insostenible per a les petites ferreries de muntanya. Tanmateix, la ind\u00fastria dels Oscos va mostrar una resili\u00e8ncia extraordin\u00e0ria.<\/p><p>Mazonovo va sobreviure especialitzant-se en el mercat d\u2019eines de m\u00e0 i en el refinat de ferralla o ferro d\u2019importaci\u00f3. Malgrat aquestes limitacions, el Mazo de Mazonovo va continuar operatiu durant bona part del segle XX fins al 1970, amb la substituci\u00f3 definitiva de les eines forjades a m\u00e0 per productes industrials de fabricaci\u00f3 massiva.<\/p><p>Despr\u00e9s del seu tancament, a partir de 1994 el Mazo de Mazonovo ha estat restaurat i reactivat com a conjunt etnogr\u00e0fic en funcionament.<\/p><p>Des de 2006, <strong><em>Friedrich Bramsteidl<\/em><\/strong> (\u201cFritz\u201d) figura com a responsable del seu manteniment operatiu i com a ferrer en actiu, destacant la transmissi\u00f3 t\u00e8cnica apresa d\u2019alguns dels \u00faltims dipositaris regionals de l\u2019ofici.<\/p><p>Des d\u2019aleshores s\u2019organitza la <strong>Trobada de Ferreiros<\/strong> que serveix per mantenir viva la t\u00e8cnica i l\u2019intercanvi de coneixements entre artesans de tota Europa.<\/p><p>L\u2019al\u00b7licient de la visita \u00e9s, per tant, que durant la mateixa es veuran en funcionament tots els elements del proc\u00e9s de fabricaci\u00f3, des de l\u2019accionament del martinet per l\u2019aigua, a l\u2019escalfament del ferro a la farga, l\u2019\u00fas del martinet i el treball del ferro a l\u2019enclusa. Al mateix temps, es podr\u00e0 observar l\u2019activitat dels diversos ferrers treballant al recinte.<\/p>\t\t\t\t\t\t\t\t<\/div>\n\t\t\t\t<\/div>\n\t\t\t\t<div class=\"elementor-element elementor-element-9a555cf elementor-widget elementor-widget-heading\" data-id=\"9a555cf\" data-element_type=\"widget\" data-e-type=\"widget\" data-widget_type=\"heading.default\">\n\t\t\t\t<div class=\"elementor-widget-container\">\n\t\t\t\t\t<h2 class=\"elementor-heading-title elementor-size-default\">Estructura i funcionament d\u2019un martinet<\/h2>\t\t\t\t<\/div>\n\t\t\t\t<\/div>\n\t\t\t\t<div class=\"elementor-element elementor-element-3533daa elementor-widget elementor-widget-text-editor\" data-id=\"3533daa\" data-element_type=\"widget\" data-e-type=\"widget\" data-widget_type=\"text-editor.default\">\n\t\t\t\t<div class=\"elementor-widget-container\">\n\t\t\t\t\t\t\t\t\t<p>En la seva configuraci\u00f3 funcional, un <strong>martinet hidr\u00e0ulic<\/strong> com el de Mazonovo es compon de diverses unitats articulades al voltant de l\u2019eix aigua\u2013ferro: <strong>presa i canal<\/strong> (<em>canle<\/em>); <strong>cub o dip\u00f2sit<\/strong> (<em>banzado<\/em> o <em>banzao<\/em>); <strong>roda hidr\u00e0ulica<\/strong> (<em>rodez<\/em>); <strong>martell pil\u00f3<\/strong> (<em>mazo<\/em>); <strong>farga<\/strong> (amb el seu fogar, manxes i enclusa); a m\u00e9s d\u2019<strong>espais d\u2019emmagatzematge<\/strong> per a barres de ferro, carb\u00f3 vegetal i peces acabades, o <strong>auxiliars<\/strong>.<\/p><p>Abans de continuar, conv\u00e9 aclarir els diferents significats que s\u2019atorguen als termes <strong>martinet<\/strong> (<em>mazo<\/em>) i <strong>farga<\/strong>.<\/p><p>A Ast\u00faries especialment, el terme <strong><em>mazo<\/em><\/strong> designa tant el <strong>martell batidor<\/strong> com el <strong>conjunt de les instal\u00b7lacions<\/strong> que l\u2019allotja, subratllant la centralitat d\u2019aquest element en l\u2019organitzaci\u00f3 espacial del taller. Per la seva banda, amb el nom de <strong>farga<\/strong> es designa tant el <strong>fogar o llar on s\u2019escalfen els metalls<\/strong> per forjar-los, com el conjunt del <strong>taller on est\u00e0 instal\u00b7lada una farga<\/strong>. Aquestes distincions permetran l\u2019\u00fas ambivalent d\u2019aquests termes al llarg del text.<\/p>\t\t\t\t\t\t\t\t<\/div>\n\t\t\t\t<\/div>\n\t\t\t\t<div class=\"elementor-element elementor-element-2382f7b1 elementor-widget elementor-widget-heading\" data-id=\"2382f7b1\" data-element_type=\"widget\" data-e-type=\"widget\" data-widget_type=\"heading.default\">\n\t\t\t\t<div class=\"elementor-widget-container\">\n\t\t\t\t\t<h4 class=\"elementor-heading-title elementor-size-default\">Funcionament d\u2019una roda hidr\u00e0ulica<\/h4>\t\t\t\t<\/div>\n\t\t\t\t<\/div>\n\t\t\t\t<div class=\"elementor-element elementor-element-06ed068 elementor-widget elementor-widget-text-editor\" data-id=\"06ed068\" data-element_type=\"widget\" data-e-type=\"widget\" data-widget_type=\"text-editor.default\">\n\t\t\t\t<div class=\"elementor-widget-container\">\n\t\t\t\t\t\t\t\t\t<p>El principi de <strong>funcionament d\u2019una roda hidr\u00e0ulica<\/strong> \u00e9s simple i ben conegut.<\/p><p>Es tracta d\u2019aprofitar l\u2019energia cin\u00e8tica de l\u2019aigua en caure verticalment per gravetat des d\u2019una al\u00e7ada suficient projectada sobre les aspes d\u2019una roda hidr\u00e0ulica (<em>rodez<\/em>) per provocar un moviment cin\u00e8tic de gir. La roda estar\u00e0 connectada pel bra\u00e7 de l\u2019eix a algun mecanisme de rotaci\u00f3, com les moles d\u2019un mol\u00ed, o de repic, com el martinet d\u2019una ferreria, com \u00e9s aquest cas.<\/p>\t\t\t\t\t\t\t\t<\/div>\n\t\t\t\t<\/div>\n\t\t\t\t<div class=\"elementor-element elementor-element-1932036f elementor-widget elementor-widget-image\" data-id=\"1932036f\" data-element_type=\"widget\" data-e-type=\"widget\" data-widget_type=\"image.default\">\n\t\t\t\t<div class=\"elementor-widget-container\">\n\t\t\t\t\t\t\t\t\t\t\t\t<figure class=\"wp-caption\">\n\t\t\t\t\t\t\t\t\t\t<img decoding=\"async\" width=\"768\" height=\"512\" src=\"https:\/\/www.elturistatranquil.com\/wp-content\/uploads\/F03-Mazo-de-Mazonovo.-Sta-Eulalia-de-Oscos.-Asturias.jpg\" class=\"attachment-large size-large wp-image-63587\" alt=\"Mazo de Mazonovo. Sta Eulalia de Oscos. Asturias\" srcset=\"https:\/\/www.elturistatranquil.com\/wp-content\/uploads\/F03-Mazo-de-Mazonovo.-Sta-Eulalia-de-Oscos.-Asturias.jpg 768w, https:\/\/www.elturistatranquil.com\/wp-content\/uploads\/F03-Mazo-de-Mazonovo.-Sta-Eulalia-de-Oscos.-Asturias-339x226.jpg 339w\" sizes=\"(max-width: 768px) 100vw, 768px\" \/>\t\t\t\t\t\t\t\t\t\t\t<figcaption class=\"widget-image-caption wp-caption-text\"><\/figcaption>\n\t\t\t\t\t\t\t\t\t\t<\/figure>\n\t\t\t\t\t\t\t\t\t<\/div>\n\t\t\t\t<\/div>\n\t\t\t\t<div class=\"elementor-element elementor-element-8b91c63 elementor-widget elementor-widget-image\" data-id=\"8b91c63\" data-element_type=\"widget\" data-e-type=\"widget\" data-widget_type=\"image.default\">\n\t\t\t\t<div class=\"elementor-widget-container\">\n\t\t\t\t\t\t\t\t\t\t\t\t<figure class=\"wp-caption\">\n\t\t\t\t\t\t\t\t\t\t<img loading=\"lazy\" decoding=\"async\" width=\"768\" height=\"512\" src=\"https:\/\/www.elturistatranquil.com\/wp-content\/uploads\/F04-Mazo-de-Mazonovo.-Sta-Eulalia-de-Oscos.-Asturias.jpg\" class=\"attachment-large size-large wp-image-63589\" alt=\"Mazo de Mazonovo. Sta Eulalia de Oscos. Asturias\" srcset=\"https:\/\/www.elturistatranquil.com\/wp-content\/uploads\/F04-Mazo-de-Mazonovo.-Sta-Eulalia-de-Oscos.-Asturias.jpg 768w, https:\/\/www.elturistatranquil.com\/wp-content\/uploads\/F04-Mazo-de-Mazonovo.-Sta-Eulalia-de-Oscos.-Asturias-339x226.jpg 339w\" sizes=\"(max-width: 768px) 100vw, 768px\" \/>\t\t\t\t\t\t\t\t\t\t\t<figcaption class=\"widget-image-caption wp-caption-text\"><\/figcaption>\n\t\t\t\t\t\t\t\t\t\t<\/figure>\n\t\t\t\t\t\t\t\t\t<\/div>\n\t\t\t\t<\/div>\n\t\t\t\t<div class=\"elementor-element elementor-element-a9e8be1 elementor-widget elementor-widget-text-editor\" data-id=\"a9e8be1\" data-element_type=\"widget\" data-e-type=\"widget\" data-widget_type=\"text-editor.default\">\n\t\t\t\t<div class=\"elementor-widget-container\">\n\t\t\t\t\t\t\t\t\t<p>Hemos tenido ocasi\u00f3n de ver distintas aplicaciones de energ\u00eda hidr\u00e1ulica en otros <em>Posts<\/em> como: <a href=\"https:\/\/www.elturistatranquil.com\/ca\/muinos-de-verdes-paratge-i-refugi\/\" target=\"_blank\" rel=\"noopener\">Mui\u00f1os de Verdes (A Coru\u00f1a)<\/a>; <a href=\"https:\/\/www.elturistatranquil.com\/ca\/canal-de-castella-a\/#1001\" target=\"_blank\" rel=\"noopener\">Canal de Castella<\/a>; <a href=\"https:\/\/www.elturistatranquil.com\/ca\/moli-hidraulic-fariner-el-blanco-conca\/\" target=\"_blank\" rel=\"noopener\">Mol\u00ed hidr\u00e0ulic fariner El Blanco (Conca)<\/a>; <a href=\"https:\/\/www.elturistatranquil.com\/ca\/colonia-textil-vidal-puig-reig-barcelona\/\" target=\"_blank\" rel=\"noopener\">Col\u00f2nia t\u00e8xtil Vidal (Puig-reig. Barcelona)<\/a> o <a href=\"https:\/\/www.elturistatranquil.com\/ca\/museu-dels-molins-de-mazonovo-asturies\/\" target=\"_blank\" rel=\"noopener\">Museu dels Molins de Mazonovo (Ast\u00faries)<\/a>.<\/p><p>Ir\u00e9 exponiendo cada una de estas etapas siguiendo el recorrido de la visita.<\/p>\t\t\t\t\t\t\t\t<\/div>\n\t\t\t\t<\/div>\n\t\t\t\t<div class=\"elementor-element elementor-element-2c0a0f4c elementor-widget elementor-widget-heading\" data-id=\"2c0a0f4c\" data-element_type=\"widget\" data-e-type=\"widget\" data-widget_type=\"heading.default\">\n\t\t\t\t<div class=\"elementor-widget-container\">\n\t\t\t\t\t<h3 class=\"elementor-heading-title elementor-size-default\">La visita al Mazo de Mazonovo<\/h3>\t\t\t\t<\/div>\n\t\t\t\t<\/div>\n\t\t\t\t<div class=\"elementor-element elementor-element-62bd487 elementor-widget elementor-widget-text-editor\" data-id=\"62bd487\" data-element_type=\"widget\" data-e-type=\"widget\" data-widget_type=\"text-editor.default\">\n\t\t\t\t<div class=\"elementor-widget-container\">\n\t\t\t\t\t\t\t\t\t<p>Ens dirigim al <strong>Mazo de Mazonovo<\/strong> des de Santa Eulalia de Oscos per la carretera AS-27 cap al sud en direcci\u00f3 La Garganta.<\/p><p>A uns a 3 km de Santa Eulalia de Oscos, davant d\u2019una casona tradicional, i amb espais d\u2019aparcament al lateral de la carretera (com s\u2019aprecia a la imatge de Google street view), s\u2019obre un cam\u00ed que descendeix fins al curs del riu Candesa.<\/p>\t\t\t\t\t\t\t\t<\/div>\n\t\t\t\t<\/div>\n\t\t\t\t<div class=\"elementor-element elementor-element-0669e80 elementor-widget elementor-widget-image\" data-id=\"0669e80\" data-element_type=\"widget\" data-e-type=\"widget\" data-widget_type=\"image.default\">\n\t\t\t\t<div class=\"elementor-widget-container\">\n\t\t\t\t\t\t\t\t\t\t\t\t<figure class=\"wp-caption\">\n\t\t\t\t\t\t\t\t\t\t<img loading=\"lazy\" decoding=\"async\" width=\"768\" height=\"512\" src=\"https:\/\/www.elturistatranquil.com\/wp-content\/uploads\/F05-Entrada-al-Mazo-de-Mazonovo-a-la-derecha-Google-street-view-2025-12-28.jpg\" class=\"attachment-large size-large wp-image-63591\" alt=\"Mazo de Mazonovo. Sta Eulalia de Oscos. Asturias\" srcset=\"https:\/\/www.elturistatranquil.com\/wp-content\/uploads\/F05-Entrada-al-Mazo-de-Mazonovo-a-la-derecha-Google-street-view-2025-12-28.jpg 768w, https:\/\/www.elturistatranquil.com\/wp-content\/uploads\/F05-Entrada-al-Mazo-de-Mazonovo-a-la-derecha-Google-street-view-2025-12-28-339x226.jpg 339w\" sizes=\"(max-width: 768px) 100vw, 768px\" \/>\t\t\t\t\t\t\t\t\t\t\t<figcaption class=\"widget-image-caption wp-caption-text\">(Google street view 2025-12-28)<\/figcaption>\n\t\t\t\t\t\t\t\t\t\t<\/figure>\n\t\t\t\t\t\t\t\t\t<\/div>\n\t\t\t\t<\/div>\n\t\t\t\t<div class=\"elementor-element elementor-element-a6ba269 elementor-widget elementor-widget-text-editor\" data-id=\"a6ba269\" data-element_type=\"widget\" data-e-type=\"widget\" data-widget_type=\"text-editor.default\">\n\t\t\t\t<div class=\"elementor-widget-container\">\n\t\t\t\t\t\t\t\t\t<p>A uns 200 metres es divisa el martinet, i s\u2019hi arriba despr\u00e9s de travessar el riu.<\/p>\t\t\t\t\t\t\t\t<\/div>\n\t\t\t\t<\/div>\n\t\t\t\t<div class=\"elementor-element elementor-element-4412b14 elementor-widget elementor-widget-image\" data-id=\"4412b14\" data-element_type=\"widget\" data-e-type=\"widget\" data-widget_type=\"image.default\">\n\t\t\t\t<div class=\"elementor-widget-container\">\n\t\t\t\t\t\t\t\t\t\t\t\t<figure class=\"wp-caption\">\n\t\t\t\t\t\t\t\t\t\t<img loading=\"lazy\" decoding=\"async\" width=\"768\" height=\"511\" src=\"https:\/\/www.elturistatranquil.com\/wp-content\/uploads\/F06-Mazo-de-Mazonovo.-Sta-Eulalia-de-Oscos.-Asturias.jpg\" class=\"attachment-large size-large wp-image-63593\" alt=\"\" srcset=\"https:\/\/www.elturistatranquil.com\/wp-content\/uploads\/F06-Mazo-de-Mazonovo.-Sta-Eulalia-de-Oscos.-Asturias.jpg 768w, https:\/\/www.elturistatranquil.com\/wp-content\/uploads\/F06-Mazo-de-Mazonovo.-Sta-Eulalia-de-Oscos.-Asturias-339x226.jpg 339w\" sizes=\"(max-width: 768px) 100vw, 768px\" \/>\t\t\t\t\t\t\t\t\t\t\t<figcaption class=\"widget-image-caption wp-caption-text\"><\/figcaption>\n\t\t\t\t\t\t\t\t\t\t<\/figure>\n\t\t\t\t\t\t\t\t\t<\/div>\n\t\t\t\t<\/div>\n\t\t\t\t<div class=\"elementor-element elementor-element-f7df934 elementor-widget elementor-widget-text-editor\" data-id=\"f7df934\" data-element_type=\"widget\" data-e-type=\"widget\" data-widget_type=\"text-editor.default\">\n\t\t\t\t<div class=\"elementor-widget-container\">\n\t\t\t\t\t\t\t\t\t<p>L\u2019estructura cl\u00e0ssica de l\u2019aprofitament hidr\u00e0ulic dels rius es la d\u2019una captaci\u00f3 aig\u00fces amunt de la instal\u00b7laci\u00f3 fabril, per desviar l\u2019aigua per un canal fins al punt en qu\u00e8 es produeix el salt d\u2019aigua per generar l\u2019energia cin\u00e8tica, i el posterior retorn de l\u2019aigua al llit del riu aig\u00fces avall.<\/p><p>A la imatge, a l\u2019esquerra el curs del riu i a la dreta el <em>banzao<\/em>, o dip\u00f2sit d\u2019aigua.<\/p>\t\t\t\t\t\t\t\t<\/div>\n\t\t\t\t<\/div>\n\t\t\t\t<div class=\"elementor-element elementor-element-fb92361 elementor-widget elementor-widget-image\" data-id=\"fb92361\" data-element_type=\"widget\" data-e-type=\"widget\" data-widget_type=\"image.default\">\n\t\t\t\t<div class=\"elementor-widget-container\">\n\t\t\t\t\t\t\t\t\t\t\t\t<figure class=\"wp-caption\">\n\t\t\t\t\t\t\t\t\t\t<img loading=\"lazy\" decoding=\"async\" width=\"768\" height=\"512\" src=\"https:\/\/www.elturistatranquil.com\/wp-content\/uploads\/F07-Mazo-de-Mazonovo.-Sta-Eulalia-de-Oscos.-Asturias-Fuente-ferreirosdemazonovo.jpg\" class=\"attachment-large size-large wp-image-63595\" alt=\"Mazo de Mazonovo. Sta Eulalia de Oscos. Asturias\" srcset=\"https:\/\/www.elturistatranquil.com\/wp-content\/uploads\/F07-Mazo-de-Mazonovo.-Sta-Eulalia-de-Oscos.-Asturias-Fuente-ferreirosdemazonovo.jpg 768w, https:\/\/www.elturistatranquil.com\/wp-content\/uploads\/F07-Mazo-de-Mazonovo.-Sta-Eulalia-de-Oscos.-Asturias-Fuente-ferreirosdemazonovo-339x226.jpg 339w\" sizes=\"(max-width: 768px) 100vw, 768px\" \/>\t\t\t\t\t\t\t\t\t\t\t<figcaption class=\"widget-image-caption wp-caption-text\">(Font: ferreirosdemazonovo)<\/figcaption>\n\t\t\t\t\t\t\t\t\t\t<\/figure>\n\t\t\t\t\t\t\t\t\t<\/div>\n\t\t\t\t<\/div>\n\t\t\t\t<div class=\"elementor-element elementor-element-7b3df21 elementor-widget elementor-widget-text-editor\" data-id=\"7b3df21\" data-element_type=\"widget\" data-e-type=\"widget\" data-widget_type=\"text-editor.default\">\n\t\t\t\t<div class=\"elementor-widget-container\">\n\t\t\t\t\t\t\t\t\t<p>Tot i que \u00e9s t\u00edpic de moltes instal\u00b7lacions hidr\u00e0uliques de la zona, no deixa de sorprendre que ens trobem davant d\u2019un gran dip\u00f2sit de fusta fent de front del salt d\u2019aigua al qual s\u2019anomena <strong>banzao<\/strong>.<\/p>\t\t\t\t\t\t\t\t<\/div>\n\t\t\t\t<\/div>\n\t\t\t\t<div class=\"elementor-element elementor-element-ebf91c1 elementor-widget elementor-widget-image\" data-id=\"ebf91c1\" data-element_type=\"widget\" data-e-type=\"widget\" data-widget_type=\"image.default\">\n\t\t\t\t<div class=\"elementor-widget-container\">\n\t\t\t\t\t\t\t\t\t\t\t\t<figure class=\"wp-caption\">\n\t\t\t\t\t\t\t\t\t\t<img loading=\"lazy\" decoding=\"async\" width=\"768\" height=\"511\" src=\"https:\/\/www.elturistatranquil.com\/wp-content\/uploads\/F08-Mazo-de-Mazonovo.-Sta-Eulalia-de-Oscos.-Asturias.jpg\" class=\"attachment-large size-large wp-image-63597\" alt=\"Mazo de Mazonovo. Sta Eulalia de Oscos. Asturias\" srcset=\"https:\/\/www.elturistatranquil.com\/wp-content\/uploads\/F08-Mazo-de-Mazonovo.-Sta-Eulalia-de-Oscos.-Asturias.jpg 768w, https:\/\/www.elturistatranquil.com\/wp-content\/uploads\/F08-Mazo-de-Mazonovo.-Sta-Eulalia-de-Oscos.-Asturias-339x226.jpg 339w\" sizes=\"(max-width: 768px) 100vw, 768px\" \/>\t\t\t\t\t\t\t\t\t\t\t<figcaption class=\"widget-image-caption wp-caption-text\"><\/figcaption>\n\t\t\t\t\t\t\t\t\t\t<\/figure>\n\t\t\t\t\t\t\t\t\t<\/div>\n\t\t\t\t<\/div>\n\t\t\t\t<div class=\"elementor-element elementor-element-b69384f elementor-widget elementor-widget-text-editor\" data-id=\"b69384f\" data-element_type=\"widget\" data-e-type=\"widget\" data-widget_type=\"text-editor.default\">\n\t\t\t\t<div class=\"elementor-widget-container\">\n\t\t\t\t\t\t\t\t\t<p>El martinet i la farga s\u2019allotgen en un conjunt d\u2019edificacions constru\u00efdes amb ma\u00e7oneria de pedra de la zona, amb les cobertes t\u00edpiques de pissarra de l\u2019estil de l\u2019arquitectura popular tradicional.<\/p><p>El primer contacte ser\u00e0 amb un dels ferrers treballant a l\u2019exterior. Durant una bona estona observarem el seu minuci\u00f3s proc\u00e9s de treball.<\/p>\t\t\t\t\t\t\t\t<\/div>\n\t\t\t\t<\/div>\n\t\t\t\t<div class=\"elementor-element elementor-element-510f67b elementor-widget elementor-widget-image\" data-id=\"510f67b\" data-element_type=\"widget\" data-e-type=\"widget\" data-widget_type=\"image.default\">\n\t\t\t\t<div class=\"elementor-widget-container\">\n\t\t\t\t\t\t\t\t\t\t\t\t<figure class=\"wp-caption\">\n\t\t\t\t\t\t\t\t\t\t<img loading=\"lazy\" decoding=\"async\" width=\"768\" height=\"511\" src=\"https:\/\/www.elturistatranquil.com\/wp-content\/uploads\/F09-Mazo-de-Mazonovo.-Sta-Eulalia-de-Oscos.-Asturias.jpg\" class=\"attachment-large size-large wp-image-63602\" alt=\"Mazo de Mazonovo. Sta Eulalia de Oscos. Asturias\" srcset=\"https:\/\/www.elturistatranquil.com\/wp-content\/uploads\/F09-Mazo-de-Mazonovo.-Sta-Eulalia-de-Oscos.-Asturias.jpg 768w, https:\/\/www.elturistatranquil.com\/wp-content\/uploads\/F09-Mazo-de-Mazonovo.-Sta-Eulalia-de-Oscos.-Asturias-339x226.jpg 339w\" sizes=\"(max-width: 768px) 100vw, 768px\" \/>\t\t\t\t\t\t\t\t\t\t\t<figcaption class=\"widget-image-caption wp-caption-text\"><\/figcaption>\n\t\t\t\t\t\t\t\t\t\t<\/figure>\n\t\t\t\t\t\t\t\t\t<\/div>\n\t\t\t\t<\/div>\n\t\t\t\t<div class=\"elementor-element elementor-element-94636ba elementor-widget elementor-widget-text-editor\" data-id=\"94636ba\" data-element_type=\"widget\" data-e-type=\"widget\" data-widget_type=\"text-editor.default\">\n\t\t\t\t<div class=\"elementor-widget-container\">\n\t\t\t\t\t\t\t\t\t<p>Observant les construccions podem distingir diversos elements d\u2019arquitectura popular en portes, teulades o xemeneies.<\/p>\t\t\t\t\t\t\t\t<\/div>\n\t\t\t\t<\/div>\n\t\t\t\t<div class=\"elementor-element elementor-element-0d32621 elementor-widget elementor-widget-image\" data-id=\"0d32621\" data-element_type=\"widget\" data-e-type=\"widget\" data-widget_type=\"image.default\">\n\t\t\t\t<div class=\"elementor-widget-container\">\n\t\t\t\t\t\t\t\t\t\t\t\t<figure class=\"wp-caption\">\n\t\t\t\t\t\t\t\t\t\t<img loading=\"lazy\" decoding=\"async\" width=\"768\" height=\"511\" src=\"https:\/\/www.elturistatranquil.com\/wp-content\/uploads\/F10-Mazo-de-Mazonovo.-Sta-Eulalia-de-Oscos.-Asturias.jpg\" class=\"attachment-large size-large wp-image-63604\" alt=\"Mazo de Mazonovo. Sta Eulalia de Oscos. Asturias\" srcset=\"https:\/\/www.elturistatranquil.com\/wp-content\/uploads\/F10-Mazo-de-Mazonovo.-Sta-Eulalia-de-Oscos.-Asturias.jpg 768w, https:\/\/www.elturistatranquil.com\/wp-content\/uploads\/F10-Mazo-de-Mazonovo.-Sta-Eulalia-de-Oscos.-Asturias-339x226.jpg 339w\" sizes=\"(max-width: 768px) 100vw, 768px\" \/>\t\t\t\t\t\t\t\t\t\t\t<figcaption class=\"widget-image-caption wp-caption-text\"><\/figcaption>\n\t\t\t\t\t\t\t\t\t\t<\/figure>\n\t\t\t\t\t\t\t\t\t<\/div>\n\t\t\t\t<\/div>\n\t\t\t\t<div class=\"elementor-element elementor-element-45c3a91 elementor-widget elementor-widget-image\" data-id=\"45c3a91\" data-element_type=\"widget\" data-e-type=\"widget\" data-widget_type=\"image.default\">\n\t\t\t\t<div class=\"elementor-widget-container\">\n\t\t\t\t\t\t\t\t\t\t\t\t<figure class=\"wp-caption\">\n\t\t\t\t\t\t\t\t\t\t<img loading=\"lazy\" decoding=\"async\" width=\"768\" height=\"511\" src=\"https:\/\/www.elturistatranquil.com\/wp-content\/uploads\/F11-Mazo-de-Mazonovo.-Sta-Eulalia-de-Oscos.-Asturias.jpg\" class=\"attachment-large size-large wp-image-63606\" alt=\"Mazo de Mazonovo. Sta Eulalia de Oscos. Asturias\" srcset=\"https:\/\/www.elturistatranquil.com\/wp-content\/uploads\/F11-Mazo-de-Mazonovo.-Sta-Eulalia-de-Oscos.-Asturias.jpg 768w, https:\/\/www.elturistatranquil.com\/wp-content\/uploads\/F11-Mazo-de-Mazonovo.-Sta-Eulalia-de-Oscos.-Asturias-339x226.jpg 339w\" sizes=\"(max-width: 768px) 100vw, 768px\" \/>\t\t\t\t\t\t\t\t\t\t\t<figcaption class=\"widget-image-caption wp-caption-text\"><\/figcaption>\n\t\t\t\t\t\t\t\t\t\t<\/figure>\n\t\t\t\t\t\t\t\t\t<\/div>\n\t\t\t\t<\/div>\n\t\t\t\t<div class=\"elementor-element elementor-element-875f9a3 elementor-widget elementor-widget-text-editor\" data-id=\"875f9a3\" data-element_type=\"widget\" data-e-type=\"widget\" data-widget_type=\"text-editor.default\">\n\t\t\t\t<div class=\"elementor-widget-container\">\n\t\t\t\t\t\t\t\t\t<p>Abans d\u2019iniciar la visita guiada pr\u00f2piament dita dins de la zona de forja i ferreria ens aconsellen que recorrem l\u2019exterior de la instal\u00b7laci\u00f3 per poder apreciar la totalitat dels elements que la formen.<\/p><p>D\u2019aquesta manera iniciarem l\u2019explicaci\u00f3 del proc\u00e9s de treball en un martinet o ferreria.<\/p>\t\t\t\t\t\t\t\t<\/div>\n\t\t\t\t<\/div>\n\t\t\t\t<div class=\"elementor-element elementor-element-f2cafca elementor-widget elementor-widget-image\" data-id=\"f2cafca\" data-element_type=\"widget\" data-e-type=\"widget\" data-widget_type=\"image.default\">\n\t\t\t\t<div class=\"elementor-widget-container\">\n\t\t\t\t\t\t\t\t\t\t\t\t<figure class=\"wp-caption\">\n\t\t\t\t\t\t\t\t\t\t<img loading=\"lazy\" decoding=\"async\" width=\"768\" height=\"511\" src=\"https:\/\/www.elturistatranquil.com\/wp-content\/uploads\/F12-Mazo-de-Mazonovo.-Sta-Eulalia-de-Oscos.-Asturias.jpg\" class=\"attachment-large size-large wp-image-63608\" alt=\"Mazo de Mazonovo. Sta Eulalia de Oscos. Asturias\" srcset=\"https:\/\/www.elturistatranquil.com\/wp-content\/uploads\/F12-Mazo-de-Mazonovo.-Sta-Eulalia-de-Oscos.-Asturias.jpg 768w, https:\/\/www.elturistatranquil.com\/wp-content\/uploads\/F12-Mazo-de-Mazonovo.-Sta-Eulalia-de-Oscos.-Asturias-339x226.jpg 339w\" sizes=\"(max-width: 768px) 100vw, 768px\" \/>\t\t\t\t\t\t\t\t\t\t\t<figcaption class=\"widget-image-caption wp-caption-text\"><\/figcaption>\n\t\t\t\t\t\t\t\t\t\t<\/figure>\n\t\t\t\t\t\t\t\t\t<\/div>\n\t\t\t\t<\/div>\n\t\t\t\t<div class=\"elementor-element elementor-element-3ed5ab7 elementor-widget elementor-widget-heading\" data-id=\"3ed5ab7\" data-element_type=\"widget\" data-e-type=\"widget\" data-widget_type=\"heading.default\">\n\t\t\t\t<div class=\"elementor-widget-container\">\n\t\t\t\t\t<h3 class=\"elementor-heading-title elementor-size-default\">Sistema hidr\u00e0ulic: captaci\u00f3, conducci\u00f3 i transformaci\u00f3 d\u2019energia<\/h3>\t\t\t\t<\/div>\n\t\t\t\t<\/div>\n\t\t\t\t<div class=\"elementor-element elementor-element-6fdaf11 elementor-widget elementor-widget-text-editor\" data-id=\"6fdaf11\" data-element_type=\"widget\" data-e-type=\"widget\" data-widget_type=\"text-editor.default\">\n\t\t\t\t<div class=\"elementor-widget-container\">\n\t\t\t\t\t\t\t\t\t<p>Uns 350 metres aig\u00fces amunt del martinet, al riu Candesa, una <strong>presa<\/strong> o <strong>resclosa<\/strong> desvia part del cabal cap a un <strong>canal <\/strong>(<em>canle<\/em>) de lloses de pissarra i de poca pendent, que deriva l\u2019aigua cap a un dip\u00f2sit (<em>cubo<\/em> o <em>banzo<\/em>). Aquesta presa no es visita.<\/p><p>La difer\u00e8ncia de pendent entre el canal i el riu permet que s\u2019aconsegueixi una difer\u00e8ncia d\u2019al\u00e7ada respecte del curs fluvial que sigui la id\u00f2nia per accionar la roda hidr\u00e0ulica. Aquest desnivell pot ser entre uns 4 i 20 metres segons la pot\u00e8ncia que hagi de desenvolupar.<\/p><p>A Mazonovo, el sistema aprofita un salt d\u2019aigua de l\u2019ordre de <strong>4 metres<\/strong>.<\/p>\t\t\t\t\t\t\t\t<\/div>\n\t\t\t\t<\/div>\n\t\t\t\t<div class=\"elementor-element elementor-element-95b0d2b elementor-widget elementor-widget-heading\" data-id=\"95b0d2b\" data-element_type=\"widget\" data-e-type=\"widget\" data-widget_type=\"heading.default\">\n\t\t\t\t<div class=\"elementor-widget-container\">\n\t\t\t\t\t<h4 class=\"elementor-heading-title elementor-size-default\">Cub o banzao<\/h4>\t\t\t\t<\/div>\n\t\t\t\t<\/div>\n\t\t\t\t<div class=\"elementor-element elementor-element-a3e9454 elementor-widget elementor-widget-text-editor\" data-id=\"a3e9454\" data-element_type=\"widget\" data-e-type=\"widget\" data-widget_type=\"text-editor.default\">\n\t\t\t\t<div class=\"elementor-widget-container\">\n\t\t\t\t\t\t\t\t\t<p>El canal ha condu\u00eft l\u2019aigua per gravetat fins a la part superior del martinet on s\u2019ha constru\u00eft un <strong>cub o dip\u00f2sit <\/strong>(<em>banzado<\/em> o <em>banzao<\/em>) que estabilitza i acumula l\u2019aigua per precipitar-la sobre la roda.<\/p><p>Com veiem a les fotografies, el banzao t\u00e9 forma triangular allargada. El que m\u00e9s sorpr\u00e8n el visitant \u00e9s que el dip\u00f2sit, que sobre el terreny est\u00e0 format per parets de lloses de pissarra, acaba en el seu v\u00e8rtex final en un potent cub de fusta en volad\u00eds.<\/p>\t\t\t\t\t\t\t\t<\/div>\n\t\t\t\t<\/div>\n\t\t\t\t<div class=\"elementor-element elementor-element-7a5938e elementor-widget elementor-widget-image\" data-id=\"7a5938e\" data-element_type=\"widget\" data-e-type=\"widget\" data-widget_type=\"image.default\">\n\t\t\t\t<div class=\"elementor-widget-container\">\n\t\t\t\t\t\t\t\t\t\t\t\t<figure class=\"wp-caption\">\n\t\t\t\t\t\t\t\t\t\t<img loading=\"lazy\" decoding=\"async\" width=\"768\" height=\"512\" src=\"https:\/\/www.elturistatranquil.com\/wp-content\/uploads\/F13-Mazo-de-Mazonovo.-Sta-Eulalia-de-Oscos.-Asturias.jpg\" class=\"attachment-large size-large wp-image-63610\" alt=\"Mazo de Mazonovo. Sta Eulalia de Oscos. Asturias\" srcset=\"https:\/\/www.elturistatranquil.com\/wp-content\/uploads\/F13-Mazo-de-Mazonovo.-Sta-Eulalia-de-Oscos.-Asturias.jpg 768w, https:\/\/www.elturistatranquil.com\/wp-content\/uploads\/F13-Mazo-de-Mazonovo.-Sta-Eulalia-de-Oscos.-Asturias-339x226.jpg 339w\" sizes=\"(max-width: 768px) 100vw, 768px\" \/>\t\t\t\t\t\t\t\t\t\t\t<figcaption class=\"widget-image-caption wp-caption-text\">(Bing maps 2025-12-28)<\/figcaption>\n\t\t\t\t\t\t\t\t\t\t<\/figure>\n\t\t\t\t\t\t\t\t\t<\/div>\n\t\t\t\t<\/div>\n\t\t\t\t<div class=\"elementor-element elementor-element-bd6c71b elementor-widget elementor-widget-text-editor\" data-id=\"bd6c71b\" data-element_type=\"widget\" data-e-type=\"widget\" data-widget_type=\"text-editor.default\">\n\t\t\t\t<div class=\"elementor-widget-container\">\n\t\t\t\t\t\t\t\t\t<p>Entrada d\u2019aigua al banzao des del canal de desviament. S\u2019hi observen clarament les parets de lloses de pissarra.<\/p>\t\t\t\t\t\t\t\t<\/div>\n\t\t\t\t<\/div>\n\t\t\t\t<div class=\"elementor-element elementor-element-fb61662 elementor-widget elementor-widget-image\" data-id=\"fb61662\" data-element_type=\"widget\" data-e-type=\"widget\" data-widget_type=\"image.default\">\n\t\t\t\t<div class=\"elementor-widget-container\">\n\t\t\t\t\t\t\t\t\t\t\t\t<figure class=\"wp-caption\">\n\t\t\t\t\t\t\t\t\t\t<img loading=\"lazy\" decoding=\"async\" width=\"768\" height=\"511\" src=\"https:\/\/www.elturistatranquil.com\/wp-content\/uploads\/F14-Mazo-de-Mazonovo.-Sta-Eulalia-de-Oscos.-Asturias.jpg\" class=\"attachment-large size-large wp-image-63612\" alt=\"Mazo de Mazonovo. Sta Eulalia de Oscos. Asturias\" srcset=\"https:\/\/www.elturistatranquil.com\/wp-content\/uploads\/F14-Mazo-de-Mazonovo.-Sta-Eulalia-de-Oscos.-Asturias.jpg 768w, https:\/\/www.elturistatranquil.com\/wp-content\/uploads\/F14-Mazo-de-Mazonovo.-Sta-Eulalia-de-Oscos.-Asturias-339x226.jpg 339w\" sizes=\"(max-width: 768px) 100vw, 768px\" \/>\t\t\t\t\t\t\t\t\t\t\t<figcaption class=\"widget-image-caption wp-caption-text\"><\/figcaption>\n\t\t\t\t\t\t\t\t\t\t<\/figure>\n\t\t\t\t\t\t\t\t\t<\/div>\n\t\t\t\t<\/div>\n\t\t\t\t<div class=\"elementor-element elementor-element-043f625 elementor-widget elementor-widget-image\" data-id=\"043f625\" data-element_type=\"widget\" data-e-type=\"widget\" data-widget_type=\"image.default\">\n\t\t\t\t<div class=\"elementor-widget-container\">\n\t\t\t\t\t\t\t\t\t\t\t\t<figure class=\"wp-caption\">\n\t\t\t\t\t\t\t\t\t\t<img loading=\"lazy\" decoding=\"async\" width=\"768\" height=\"511\" src=\"https:\/\/www.elturistatranquil.com\/wp-content\/uploads\/F15-Mazo-de-Mazonovo.-Sta-Eulalia-de-Oscos.-Asturias.jpg\" class=\"attachment-large size-large wp-image-63614\" alt=\"Mazo de Mazonovo. Sta Eulalia de Oscos. Asturias\" srcset=\"https:\/\/www.elturistatranquil.com\/wp-content\/uploads\/F15-Mazo-de-Mazonovo.-Sta-Eulalia-de-Oscos.-Asturias.jpg 768w, https:\/\/www.elturistatranquil.com\/wp-content\/uploads\/F15-Mazo-de-Mazonovo.-Sta-Eulalia-de-Oscos.-Asturias-339x226.jpg 339w\" sizes=\"(max-width: 768px) 100vw, 768px\" \/>\t\t\t\t\t\t\t\t\t\t\t<figcaption class=\"widget-image-caption wp-caption-text\"><\/figcaption>\n\t\t\t\t\t\t\t\t\t\t<\/figure>\n\t\t\t\t\t\t\t\t\t<\/div>\n\t\t\t\t<\/div>\n\t\t\t\t<div class=\"elementor-element elementor-element-11303e2 elementor-widget elementor-widget-text-editor\" data-id=\"11303e2\" data-element_type=\"widget\" data-e-type=\"widget\" data-widget_type=\"text-editor.default\">\n\t\t\t\t<div class=\"elementor-widget-container\">\n\t\t\t\t\t\t\t\t\t<p>El banzao acaba en un dip\u00f2sit de fusta.<\/p>\t\t\t\t\t\t\t\t<\/div>\n\t\t\t\t<\/div>\n\t\t\t\t<div class=\"elementor-element elementor-element-dbd1a87 elementor-widget elementor-widget-image\" data-id=\"dbd1a87\" data-element_type=\"widget\" data-e-type=\"widget\" data-widget_type=\"image.default\">\n\t\t\t\t<div class=\"elementor-widget-container\">\n\t\t\t\t\t\t\t\t\t\t\t\t<figure class=\"wp-caption\">\n\t\t\t\t\t\t\t\t\t\t<img loading=\"lazy\" decoding=\"async\" width=\"768\" height=\"512\" src=\"https:\/\/www.elturistatranquil.com\/wp-content\/uploads\/F16-Mazo-de-Mazonovo.-Sta-Eulalia-de-Oscos.-Asturias.jpg\" class=\"attachment-large size-large wp-image-63616\" alt=\"Mazo de Mazonovo. Sta Eulalia de Oscos. Asturias\" srcset=\"https:\/\/www.elturistatranquil.com\/wp-content\/uploads\/F16-Mazo-de-Mazonovo.-Sta-Eulalia-de-Oscos.-Asturias.jpg 768w, https:\/\/www.elturistatranquil.com\/wp-content\/uploads\/F16-Mazo-de-Mazonovo.-Sta-Eulalia-de-Oscos.-Asturias-339x226.jpg 339w\" sizes=\"(max-width: 768px) 100vw, 768px\" \/>\t\t\t\t\t\t\t\t\t\t\t<figcaption class=\"widget-image-caption wp-caption-text\"><\/figcaption>\n\t\t\t\t\t\t\t\t\t\t<\/figure>\n\t\t\t\t\t\t\t\t\t<\/div>\n\t\t\t\t<\/div>\n\t\t\t\t<div class=\"elementor-element elementor-element-30fedd5 elementor-widget elementor-widget-text-editor\" data-id=\"30fedd5\" data-element_type=\"widget\" data-e-type=\"widget\" data-widget_type=\"text-editor.default\">\n\t\t\t\t<div class=\"elementor-widget-container\">\n\t\t\t\t\t\t\t\t\t<p>Un sobreeixidor mant\u00e9 el nivell constant d\u2019aigua, desviant l\u2019excedent cap a un canal d\u2019evacuaci\u00f3.<\/p>\t\t\t\t\t\t\t\t<\/div>\n\t\t\t\t<\/div>\n\t\t\t\t<div class=\"elementor-element elementor-element-61edb75 elementor-widget elementor-widget-image\" data-id=\"61edb75\" data-element_type=\"widget\" data-e-type=\"widget\" data-widget_type=\"image.default\">\n\t\t\t\t<div class=\"elementor-widget-container\">\n\t\t\t\t\t\t\t\t\t\t\t\t<figure class=\"wp-caption\">\n\t\t\t\t\t\t\t\t\t\t<img loading=\"lazy\" decoding=\"async\" width=\"768\" height=\"511\" src=\"https:\/\/www.elturistatranquil.com\/wp-content\/uploads\/F17-Mazo-de-Mazonovo.-Sta-Eulalia-de-Oscos.-Asturias.jpg\" class=\"attachment-large size-large wp-image-63618\" alt=\"Mazo de Mazonovo. Sta Eulalia de Oscos. Asturias\" srcset=\"https:\/\/www.elturistatranquil.com\/wp-content\/uploads\/F17-Mazo-de-Mazonovo.-Sta-Eulalia-de-Oscos.-Asturias.jpg 768w, https:\/\/www.elturistatranquil.com\/wp-content\/uploads\/F17-Mazo-de-Mazonovo.-Sta-Eulalia-de-Oscos.-Asturias-339x226.jpg 339w\" sizes=\"(max-width: 768px) 100vw, 768px\" \/>\t\t\t\t\t\t\t\t\t\t\t<figcaption class=\"widget-image-caption wp-caption-text\"><\/figcaption>\n\t\t\t\t\t\t\t\t\t\t<\/figure>\n\t\t\t\t\t\t\t\t\t<\/div>\n\t\t\t\t<\/div>\n\t\t\t\t<div class=\"elementor-element elementor-element-f3f2378 elementor-widget elementor-widget-text-editor\" data-id=\"f3f2378\" data-element_type=\"widget\" data-e-type=\"widget\" data-widget_type=\"text-editor.default\">\n\t\t\t\t<div class=\"elementor-widget-container\">\n\t\t\t\t\t\t\t\t\t<p>Criden l\u2019atenci\u00f3 dos bra\u00e7os de fusta situats sobre el dip\u00f2sit de fusta. Com veurem m\u00e9s endavant, en visitar la ferreria, es tracta de dues palanques per accionar dues v\u00e0lvules des de l\u2019interior, constru\u00efdes amb llargs i fins troncs d\u2019arbre.<\/p>\t\t\t\t\t\t\t\t<\/div>\n\t\t\t\t<\/div>\n\t\t\t\t<div class=\"elementor-element elementor-element-2f40906 elementor-widget elementor-widget-image\" data-id=\"2f40906\" data-element_type=\"widget\" data-e-type=\"widget\" data-widget_type=\"image.default\">\n\t\t\t\t<div class=\"elementor-widget-container\">\n\t\t\t\t\t\t\t\t\t\t\t\t<figure class=\"wp-caption\">\n\t\t\t\t\t\t\t\t\t\t<img loading=\"lazy\" decoding=\"async\" width=\"768\" height=\"512\" src=\"https:\/\/www.elturistatranquil.com\/wp-content\/uploads\/F18-Mazo-de-Mazonovo.-Sta-Eulalia-de-Oscos.-Asturias.jpg\" class=\"attachment-large size-large wp-image-63620\" alt=\"Mazo de Mazonovo. Sta Eulalia de Oscos. Asturias\" srcset=\"https:\/\/www.elturistatranquil.com\/wp-content\/uploads\/F18-Mazo-de-Mazonovo.-Sta-Eulalia-de-Oscos.-Asturias.jpg 768w, https:\/\/www.elturistatranquil.com\/wp-content\/uploads\/F18-Mazo-de-Mazonovo.-Sta-Eulalia-de-Oscos.-Asturias-339x226.jpg 339w\" sizes=\"(max-width: 768px) 100vw, 768px\" \/>\t\t\t\t\t\t\t\t\t\t\t<figcaption class=\"widget-image-caption wp-caption-text\"><\/figcaption>\n\t\t\t\t\t\t\t\t\t\t<\/figure>\n\t\t\t\t\t\t\t\t\t<\/div>\n\t\t\t\t<\/div>\n\t\t\t\t<div class=\"elementor-element elementor-element-ac2075e elementor-widget elementor-widget-image\" data-id=\"ac2075e\" data-element_type=\"widget\" data-e-type=\"widget\" data-widget_type=\"image.default\">\n\t\t\t\t<div class=\"elementor-widget-container\">\n\t\t\t\t\t\t\t\t\t\t\t\t<figure class=\"wp-caption\">\n\t\t\t\t\t\t\t\t\t\t<img loading=\"lazy\" decoding=\"async\" width=\"768\" height=\"512\" src=\"https:\/\/www.elturistatranquil.com\/wp-content\/uploads\/F18b-Mazo-de-Mazonovo.-Sta-Eulalia-de-Oscos.-Asturias.jpg\" class=\"attachment-large size-large wp-image-63625\" alt=\"Mazo de Mazonovo. Sta Eulalia de Oscos. Asturias\" srcset=\"https:\/\/www.elturistatranquil.com\/wp-content\/uploads\/F18b-Mazo-de-Mazonovo.-Sta-Eulalia-de-Oscos.-Asturias.jpg 768w, https:\/\/www.elturistatranquil.com\/wp-content\/uploads\/F18b-Mazo-de-Mazonovo.-Sta-Eulalia-de-Oscos.-Asturias-339x226.jpg 339w\" sizes=\"(max-width: 768px) 100vw, 768px\" \/>\t\t\t\t\t\t\t\t\t\t\t<figcaption class=\"widget-image-caption wp-caption-text\"><\/figcaption>\n\t\t\t\t\t\t\t\t\t\t<\/figure>\n\t\t\t\t\t\t\t\t\t<\/div>\n\t\t\t\t<\/div>\n\t\t\t\t<div class=\"elementor-element elementor-element-e389f90 elementor-widget elementor-widget-text-editor\" data-id=\"e389f90\" data-element_type=\"widget\" data-e-type=\"widget\" data-widget_type=\"text-editor.default\">\n\t\t\t\t<div class=\"elementor-widget-container\">\n\t\t\t\t\t\t\t\t\t<p>En anar descendint al costat del canal d\u2019evacuaci\u00f3 apareix l\u2019impressionant estructura de fusta del final del banzao.<\/p>\t\t\t\t\t\t\t\t<\/div>\n\t\t\t\t<\/div>\n\t\t\t\t<div class=\"elementor-element elementor-element-6b80314 elementor-widget elementor-widget-image\" data-id=\"6b80314\" data-element_type=\"widget\" data-e-type=\"widget\" data-widget_type=\"image.default\">\n\t\t\t\t<div class=\"elementor-widget-container\">\n\t\t\t\t\t\t\t\t\t\t\t\t<figure class=\"wp-caption\">\n\t\t\t\t\t\t\t\t\t\t<img loading=\"lazy\" decoding=\"async\" width=\"768\" height=\"511\" src=\"https:\/\/www.elturistatranquil.com\/wp-content\/uploads\/F19-Mazo-de-Mazonovo.-Sta-Eulalia-de-Oscos.-Asturias.jpg\" class=\"attachment-large size-large wp-image-63627\" alt=\"Mazo de Mazonovo. Sta Eulalia de Oscos. Asturias\" srcset=\"https:\/\/www.elturistatranquil.com\/wp-content\/uploads\/F19-Mazo-de-Mazonovo.-Sta-Eulalia-de-Oscos.-Asturias.jpg 768w, https:\/\/www.elturistatranquil.com\/wp-content\/uploads\/F19-Mazo-de-Mazonovo.-Sta-Eulalia-de-Oscos.-Asturias-339x226.jpg 339w\" sizes=\"(max-width: 768px) 100vw, 768px\" \/>\t\t\t\t\t\t\t\t\t\t\t<figcaption class=\"widget-image-caption wp-caption-text\"><\/figcaption>\n\t\t\t\t\t\t\t\t\t\t<\/figure>\n\t\t\t\t\t\t\t\t\t<\/div>\n\t\t\t\t<\/div>\n\t\t\t\t<div class=\"elementor-element elementor-element-b176d96 elementor-widget elementor-widget-image\" data-id=\"b176d96\" data-element_type=\"widget\" data-e-type=\"widget\" data-widget_type=\"image.default\">\n\t\t\t\t<div class=\"elementor-widget-container\">\n\t\t\t\t\t\t\t\t\t\t\t\t<figure class=\"wp-caption\">\n\t\t\t\t\t\t\t\t\t\t<img loading=\"lazy\" decoding=\"async\" width=\"768\" height=\"511\" src=\"https:\/\/www.elturistatranquil.com\/wp-content\/uploads\/F19b-Mazo-de-Mazonovo.-Sta-Eulalia-de-Oscos.-Asturias.jpg\" class=\"attachment-large size-large wp-image-63631\" alt=\"Mazo de Mazonovo. Sta Eulalia de Oscos. Asturias\" srcset=\"https:\/\/www.elturistatranquil.com\/wp-content\/uploads\/F19b-Mazo-de-Mazonovo.-Sta-Eulalia-de-Oscos.-Asturias.jpg 768w, https:\/\/www.elturistatranquil.com\/wp-content\/uploads\/F19b-Mazo-de-Mazonovo.-Sta-Eulalia-de-Oscos.-Asturias-339x226.jpg 339w\" sizes=\"(max-width: 768px) 100vw, 768px\" \/>\t\t\t\t\t\t\t\t\t\t\t<figcaption class=\"widget-image-caption wp-caption-text\"><\/figcaption>\n\t\t\t\t\t\t\t\t\t\t<\/figure>\n\t\t\t\t\t\t\t\t\t<\/div>\n\t\t\t\t<\/div>\n\t\t\t\t<div class=\"elementor-element elementor-element-8c6222e elementor-widget elementor-widget-text-editor\" data-id=\"8c6222e\" data-element_type=\"widget\" data-e-type=\"widget\" data-widget_type=\"text-editor.default\">\n\t\t\t\t<div class=\"elementor-widget-container\">\n\t\t\t\t\t\t\t\t\t<p>La vista frontal posa de manifest la difer\u00e8ncia d\u2019al\u00e7ades entre el banzao i el nivell del terra on s\u2019allotjar\u00e0 el rodez.<\/p>\t\t\t\t\t\t\t\t<\/div>\n\t\t\t\t<\/div>\n\t\t\t\t<div class=\"elementor-element elementor-element-9411545 elementor-widget elementor-widget-image\" data-id=\"9411545\" data-element_type=\"widget\" data-e-type=\"widget\" data-widget_type=\"image.default\">\n\t\t\t\t<div class=\"elementor-widget-container\">\n\t\t\t\t\t\t\t\t\t\t\t\t<figure class=\"wp-caption\">\n\t\t\t\t\t\t\t\t\t\t<img loading=\"lazy\" decoding=\"async\" width=\"768\" height=\"511\" src=\"https:\/\/www.elturistatranquil.com\/wp-content\/uploads\/F20-Mazo-de-Mazonovo.-Sta-Eulalia-de-Oscos.-Asturias.jpg\" class=\"attachment-large size-large wp-image-63633\" alt=\"Mazo de Mazonovo. Sta Eulalia de Oscos. Asturias\" srcset=\"https:\/\/www.elturistatranquil.com\/wp-content\/uploads\/F20-Mazo-de-Mazonovo.-Sta-Eulalia-de-Oscos.-Asturias.jpg 768w, https:\/\/www.elturistatranquil.com\/wp-content\/uploads\/F20-Mazo-de-Mazonovo.-Sta-Eulalia-de-Oscos.-Asturias-339x226.jpg 339w\" sizes=\"(max-width: 768px) 100vw, 768px\" \/>\t\t\t\t\t\t\t\t\t\t\t<figcaption class=\"widget-image-caption wp-caption-text\"><\/figcaption>\n\t\t\t\t\t\t\t\t\t\t<\/figure>\n\t\t\t\t\t\t\t\t\t<\/div>\n\t\t\t\t<\/div>\n\t\t\t\t<div class=\"elementor-element elementor-element-da23e3a elementor-widget elementor-widget-text-editor\" data-id=\"da23e3a\" data-element_type=\"widget\" data-e-type=\"widget\" data-widget_type=\"text-editor.default\">\n\t\t\t\t<div class=\"elementor-widget-container\">\n\t\t\t\t\t\t\t\t\t<p>La part volada del dip\u00f2sit de fusta se sost\u00e9 sobre gruixuts pilons tamb\u00e9 de fusta.<\/p>\t\t\t\t\t\t\t\t<\/div>\n\t\t\t\t<\/div>\n\t\t\t\t<div class=\"elementor-element elementor-element-e0adfbe elementor-widget elementor-widget-image\" data-id=\"e0adfbe\" data-element_type=\"widget\" data-e-type=\"widget\" data-widget_type=\"image.default\">\n\t\t\t\t<div class=\"elementor-widget-container\">\n\t\t\t\t\t\t\t\t\t\t\t\t<figure class=\"wp-caption\">\n\t\t\t\t\t\t\t\t\t\t<img loading=\"lazy\" decoding=\"async\" width=\"768\" height=\"512\" src=\"https:\/\/www.elturistatranquil.com\/wp-content\/uploads\/F21-Mazo-de-Mazonovo.-Sta-Eulalia-de-Oscos.-Asturias.jpg\" class=\"attachment-large size-large wp-image-63635\" alt=\"Mazo de Mazonovo. Sta Eulalia de Oscos. Asturias\" srcset=\"https:\/\/www.elturistatranquil.com\/wp-content\/uploads\/F21-Mazo-de-Mazonovo.-Sta-Eulalia-de-Oscos.-Asturias.jpg 768w, https:\/\/www.elturistatranquil.com\/wp-content\/uploads\/F21-Mazo-de-Mazonovo.-Sta-Eulalia-de-Oscos.-Asturias-339x226.jpg 339w\" sizes=\"(max-width: 768px) 100vw, 768px\" \/>\t\t\t\t\t\t\t\t\t\t\t<figcaption class=\"widget-image-caption wp-caption-text\"><\/figcaption>\n\t\t\t\t\t\t\t\t\t\t<\/figure>\n\t\t\t\t\t\t\t\t\t<\/div>\n\t\t\t\t<\/div>\n\t\t\t\t<div class=\"elementor-element elementor-element-2eb6caf elementor-widget elementor-widget-image\" data-id=\"2eb6caf\" data-element_type=\"widget\" data-e-type=\"widget\" data-widget_type=\"image.default\">\n\t\t\t\t<div class=\"elementor-widget-container\">\n\t\t\t\t\t\t\t\t\t\t\t\t<figure class=\"wp-caption\">\n\t\t\t\t\t\t\t\t\t\t<img loading=\"lazy\" decoding=\"async\" width=\"768\" height=\"512\" src=\"https:\/\/www.elturistatranquil.com\/wp-content\/uploads\/F22-Mazo-de-Mazonovo.-Sta-Eulalia-de-Oscos.-Asturias.jpg\" class=\"attachment-large size-large wp-image-63637\" alt=\"Mazo de Mazonovo. Sta Eulalia de Oscos. Asturias\" srcset=\"https:\/\/www.elturistatranquil.com\/wp-content\/uploads\/F22-Mazo-de-Mazonovo.-Sta-Eulalia-de-Oscos.-Asturias.jpg 768w, https:\/\/www.elturistatranquil.com\/wp-content\/uploads\/F22-Mazo-de-Mazonovo.-Sta-Eulalia-de-Oscos.-Asturias-339x226.jpg 339w\" sizes=\"(max-width: 768px) 100vw, 768px\" \/>\t\t\t\t\t\t\t\t\t\t\t<figcaption class=\"widget-image-caption wp-caption-text\"><\/figcaption>\n\t\t\t\t\t\t\t\t\t\t<\/figure>\n\t\t\t\t\t\t\t\t\t<\/div>\n\t\t\t\t<\/div>\n\t\t\t\t<div class=\"elementor-element elementor-element-88ec26f elementor-widget elementor-widget-heading\" data-id=\"88ec26f\" data-element_type=\"widget\" data-e-type=\"widget\" data-widget_type=\"heading.default\">\n\t\t\t\t<div class=\"elementor-widget-container\">\n\t\t\t\t\t<h4 class=\"elementor-heading-title elementor-size-default\">La transformaci\u00f3 de l\u2019energia hidr\u00e0ulica: Roda hidr\u00e0ulica <\/h4>\t\t\t\t<\/div>\n\t\t\t\t<\/div>\n\t\t\t\t<div class=\"elementor-element elementor-element-867d031 elementor-widget elementor-widget-text-editor\" data-id=\"867d031\" data-element_type=\"widget\" data-e-type=\"widget\" data-widget_type=\"text-editor.default\">\n\t\t\t\t<div class=\"elementor-widget-container\">\n\t\t\t\t\t\t\t\t\t<p>Sota l\u2019extrem del dip\u00f2sit se situa una roda hidr\u00e0ulica.<\/p><p>Una <strong>roda hidr\u00e0ulica<\/strong> o <strong>rodez<\/strong> consisteix en una gran roda de fusta o de metall, amb un cert nombre de pales o caixons disposats a la vora exterior perqu\u00e8 sobre elles pugui xocar l\u2019aigua procedent d\u2019una canonada i provocar el seu gir o rotaci\u00f3.<\/p><p>L\u2019energia cin\u00e8tica de l\u2019aigua s\u2019aconsegueix fent caure l\u2019aigua per gravetat per un tub des d\u2019una al\u00e7ada suficient i fent xocar el raig sobre les paletes.<\/p><p>Ja he dir que a Mazonovo l\u2019energia cin\u00e8tica s\u2019aconsegueix des d\u2019una al\u00e7ada d\u2019uns 4 metres i s\u2019utilitza una roda de paletes (roda vertical).<\/p><p>Una v\u00e0lvula o comporta permet obrir i tancar el pas de l\u2019aigua per un tub quadrat de fusta des de la base del dip\u00f2sit fins al nivell de les paletes.<\/p><p>Una d\u2019aquelles palanques que hav\u00edem vist per dalt serveix per accionar manualment i a voluntat la v\u00e0lvula des de l\u2019interior del martinet.<\/p><p>La roda gira sobre l\u2019<strong>arbre<\/strong> (eix de lleves) que \u00e9s un tronc de roure de gran secci\u00f3 que actua com a eix de transmissi\u00f3 que penetra a l\u2019edifici des de l\u2019exterior i \u00e9s l\u2019encarregat de suportar les tensions mec\u00e0niques del proc\u00e9s.<\/p>\t\t\t\t\t\t\t\t<\/div>\n\t\t\t\t<\/div>\n\t\t\t\t<div class=\"elementor-element elementor-element-9ffd25e elementor-widget elementor-widget-image\" data-id=\"9ffd25e\" data-element_type=\"widget\" data-e-type=\"widget\" data-widget_type=\"image.default\">\n\t\t\t\t<div class=\"elementor-widget-container\">\n\t\t\t\t\t\t\t\t\t\t\t\t<figure class=\"wp-caption\">\n\t\t\t\t\t\t\t\t\t\t<img loading=\"lazy\" decoding=\"async\" width=\"768\" height=\"511\" src=\"https:\/\/www.elturistatranquil.com\/wp-content\/uploads\/F23-Mazo-de-Mazonovo.-Sta-Eulalia-de-Oscos.-Asturias.jpg\" class=\"attachment-large size-large wp-image-63639\" alt=\"Mazo de Mazonovo. Sta Eulalia de Oscos. Asturias\" srcset=\"https:\/\/www.elturistatranquil.com\/wp-content\/uploads\/F23-Mazo-de-Mazonovo.-Sta-Eulalia-de-Oscos.-Asturias.jpg 768w, https:\/\/www.elturistatranquil.com\/wp-content\/uploads\/F23-Mazo-de-Mazonovo.-Sta-Eulalia-de-Oscos.-Asturias-339x226.jpg 339w\" sizes=\"(max-width: 768px) 100vw, 768px\" \/>\t\t\t\t\t\t\t\t\t\t\t<figcaption class=\"widget-image-caption wp-caption-text\"><\/figcaption>\n\t\t\t\t\t\t\t\t\t\t<\/figure>\n\t\t\t\t\t\t\t\t\t<\/div>\n\t\t\t\t<\/div>\n\t\t\t\t<div class=\"elementor-element elementor-element-db23f6d elementor-widget elementor-widget-image\" data-id=\"db23f6d\" data-element_type=\"widget\" data-e-type=\"widget\" data-widget_type=\"image.default\">\n\t\t\t\t<div class=\"elementor-widget-container\">\n\t\t\t\t\t\t\t\t\t\t\t\t<figure class=\"wp-caption\">\n\t\t\t\t\t\t\t\t\t\t<img loading=\"lazy\" decoding=\"async\" width=\"768\" height=\"511\" src=\"https:\/\/www.elturistatranquil.com\/wp-content\/uploads\/F24-Mazo-de-Mazonovo.-Sta-Eulalia-de-Oscos.-Asturias.jpg\" class=\"attachment-large size-large wp-image-63641\" alt=\"Mazo de Mazonovo. Sta Eulalia de Oscos. Asturias\" srcset=\"https:\/\/www.elturistatranquil.com\/wp-content\/uploads\/F24-Mazo-de-Mazonovo.-Sta-Eulalia-de-Oscos.-Asturias.jpg 768w, https:\/\/www.elturistatranquil.com\/wp-content\/uploads\/F24-Mazo-de-Mazonovo.-Sta-Eulalia-de-Oscos.-Asturias-339x226.jpg 339w\" sizes=\"(max-width: 768px) 100vw, 768px\" \/>\t\t\t\t\t\t\t\t\t\t\t<figcaption class=\"widget-image-caption wp-caption-text\"><\/figcaption>\n\t\t\t\t\t\t\t\t\t\t<\/figure>\n\t\t\t\t\t\t\t\t\t<\/div>\n\t\t\t\t<\/div>\n\t\t\t\t<div class=\"elementor-element elementor-element-73a0287 elementor-widget elementor-widget-text-editor\" data-id=\"73a0287\" data-element_type=\"widget\" data-e-type=\"widget\" data-widget_type=\"text-editor.default\">\n\t\t\t\t<div class=\"elementor-widget-container\">\n\t\t\t\t\t\t\t\t\t<p>Les dues imatges seg\u00fcents mostren la roda en rep\u00f2s, quan la v\u00e0lvula est\u00e0 tancada, i la roda en moviment de rotaci\u00f3 quan s\u2019obre la v\u00e0lvula i l\u2019aigua impacte en les paletes.<\/p>\t\t\t\t\t\t\t\t<\/div>\n\t\t\t\t<\/div>\n\t\t\t\t<div class=\"elementor-element elementor-element-7d43b70 elementor-widget elementor-widget-image\" data-id=\"7d43b70\" data-element_type=\"widget\" data-e-type=\"widget\" data-widget_type=\"image.default\">\n\t\t\t\t<div class=\"elementor-widget-container\">\n\t\t\t\t\t\t\t\t\t\t\t\t<figure class=\"wp-caption\">\n\t\t\t\t\t\t\t\t\t\t<img loading=\"lazy\" decoding=\"async\" width=\"768\" height=\"511\" src=\"https:\/\/www.elturistatranquil.com\/wp-content\/uploads\/F25-Mazo-de-Mazonovo.-Sta-Eulalia-de-Oscos.-Asturias.jpg\" class=\"attachment-large size-large wp-image-63643\" alt=\"Mazo de Mazonovo. Sta Eulalia de Oscos. Asturias\" srcset=\"https:\/\/www.elturistatranquil.com\/wp-content\/uploads\/F25-Mazo-de-Mazonovo.-Sta-Eulalia-de-Oscos.-Asturias.jpg 768w, https:\/\/www.elturistatranquil.com\/wp-content\/uploads\/F25-Mazo-de-Mazonovo.-Sta-Eulalia-de-Oscos.-Asturias-339x226.jpg 339w\" sizes=\"(max-width: 768px) 100vw, 768px\" \/>\t\t\t\t\t\t\t\t\t\t\t<figcaption class=\"widget-image-caption wp-caption-text\"><\/figcaption>\n\t\t\t\t\t\t\t\t\t\t<\/figure>\n\t\t\t\t\t\t\t\t\t<\/div>\n\t\t\t\t<\/div>\n\t\t\t\t<div class=\"elementor-element elementor-element-e7e6514 elementor-widget elementor-widget-image\" data-id=\"e7e6514\" data-element_type=\"widget\" data-e-type=\"widget\" data-widget_type=\"image.default\">\n\t\t\t\t<div class=\"elementor-widget-container\">\n\t\t\t\t\t\t\t\t\t\t\t\t<figure class=\"wp-caption\">\n\t\t\t\t\t\t\t\t\t\t<img loading=\"lazy\" decoding=\"async\" width=\"768\" height=\"512\" src=\"https:\/\/www.elturistatranquil.com\/wp-content\/uploads\/F26-Mazo-de-Mazonovo.-Sta-Eulalia-de-Oscos.-Asturias.jpg\" class=\"attachment-large size-large wp-image-63645\" alt=\"Mazo de Mazonovo. Sta Eulalia de Oscos. Asturias\" srcset=\"https:\/\/www.elturistatranquil.com\/wp-content\/uploads\/F26-Mazo-de-Mazonovo.-Sta-Eulalia-de-Oscos.-Asturias.jpg 768w, https:\/\/www.elturistatranquil.com\/wp-content\/uploads\/F26-Mazo-de-Mazonovo.-Sta-Eulalia-de-Oscos.-Asturias-339x226.jpg 339w\" sizes=\"(max-width: 768px) 100vw, 768px\" \/>\t\t\t\t\t\t\t\t\t\t\t<figcaption class=\"widget-image-caption wp-caption-text\"><\/figcaption>\n\t\t\t\t\t\t\t\t\t\t<\/figure>\n\t\t\t\t\t\t\t\t\t<\/div>\n\t\t\t\t<\/div>\n\t\t\t\t<div class=\"elementor-element elementor-element-fbd9e4f elementor-widget elementor-widget-text-editor\" data-id=\"fbd9e4f\" data-element_type=\"widget\" data-e-type=\"widget\" data-widget_type=\"text-editor.default\">\n\t\t\t\t<div class=\"elementor-widget-container\">\n\t\t\t\t\t\t\t\t\t<p>Un canal evacua l\u2019aigua i la dirigir\u00e0 cap al curs principal del riu aig\u00fces avall.<\/p>\t\t\t\t\t\t\t\t<\/div>\n\t\t\t\t<\/div>\n\t\t\t\t<div class=\"elementor-element elementor-element-6604074 elementor-widget elementor-widget-heading\" data-id=\"6604074\" data-element_type=\"widget\" data-e-type=\"widget\" data-widget_type=\"heading.default\">\n\t\t\t\t<div class=\"elementor-widget-container\">\n\t\t\t\t\t<h3 class=\"elementor-heading-title elementor-size-default\">La farga<\/h3>\t\t\t\t<\/div>\n\t\t\t\t<\/div>\n\t\t\t\t<div class=\"elementor-element elementor-element-c53074f elementor-widget elementor-widget-text-editor\" data-id=\"c53074f\" data-element_type=\"widget\" data-e-type=\"widget\" data-widget_type=\"text-editor.default\">\n\t\t\t\t<div class=\"elementor-widget-container\">\n\t\t\t\t\t\t\t\t\t<p>La <strong>farga<\/strong>, com a conjunt constru\u00eft disposa, a m\u00e9s del taller de forja (farga en sentit concret), d\u2019un espai de treball que permet la pres\u00e8ncia simult\u00e0nia de diversos ferrers, organitzats al voltant del martell i de les forges auxiliars. Aquesta configuraci\u00f3 respon a una tradici\u00f3 comarcal en la qual el martinet no \u00e9s un recurs estrictament dom\u00e8stic, sin\u00f3 un petit centre protoindustrial.<\/p>\t\t\t\t\t\t\t\t<\/div>\n\t\t\t\t<\/div>\n\t\t\t\t<div class=\"elementor-element elementor-element-31f1d75 elementor-widget elementor-widget-image\" data-id=\"31f1d75\" data-element_type=\"widget\" data-e-type=\"widget\" data-widget_type=\"image.default\">\n\t\t\t\t<div class=\"elementor-widget-container\">\n\t\t\t\t\t\t\t\t\t\t\t\t<figure class=\"wp-caption\">\n\t\t\t\t\t\t\t\t\t\t<img loading=\"lazy\" decoding=\"async\" width=\"768\" height=\"511\" src=\"https:\/\/www.elturistatranquil.com\/wp-content\/uploads\/F28-Mazo-de-Mazonovo.-Sta-Eulalia-de-Oscos.-Asturias.jpg\" class=\"attachment-large size-large wp-image-63652\" alt=\"Mazo de Mazonovo. Sta Eulalia de Oscos. Asturias\" srcset=\"https:\/\/www.elturistatranquil.com\/wp-content\/uploads\/F28-Mazo-de-Mazonovo.-Sta-Eulalia-de-Oscos.-Asturias.jpg 768w, https:\/\/www.elturistatranquil.com\/wp-content\/uploads\/F28-Mazo-de-Mazonovo.-Sta-Eulalia-de-Oscos.-Asturias-339x226.jpg 339w\" sizes=\"(max-width: 768px) 100vw, 768px\" \/>\t\t\t\t\t\t\t\t\t\t\t<figcaption class=\"widget-image-caption wp-caption-text\"><\/figcaption>\n\t\t\t\t\t\t\t\t\t\t<\/figure>\n\t\t\t\t\t\t\t\t\t<\/div>\n\t\t\t\t<\/div>\n\t\t\t\t<div class=\"elementor-element elementor-element-d8b1839 elementor-widget elementor-widget-text-editor\" data-id=\"d8b1839\" data-element_type=\"widget\" data-e-type=\"widget\" data-widget_type=\"text-editor.default\">\n\t\t\t\t<div class=\"elementor-widget-container\">\n\t\t\t\t\t\t\t\t\t<p>A la farga s\u2019entra per la zona de forja presidida pel martinet, a m\u00e9s del fogar i l\u2019enclusa.<\/p>\t\t\t\t\t\t\t\t<\/div>\n\t\t\t\t<\/div>\n\t\t\t\t<div class=\"elementor-element elementor-element-5a44abc elementor-widget elementor-widget-heading\" data-id=\"5a44abc\" data-element_type=\"widget\" data-e-type=\"widget\" data-widget_type=\"heading.default\">\n\t\t\t\t<div class=\"elementor-widget-container\">\n\t\t\t\t\t<h4 class=\"elementor-heading-title elementor-size-default\">El martinet<\/h4>\t\t\t\t<\/div>\n\t\t\t\t<\/div>\n\t\t\t\t<div class=\"elementor-element elementor-element-26a45e3 elementor-widget elementor-widget-image\" data-id=\"26a45e3\" data-element_type=\"widget\" data-e-type=\"widget\" data-widget_type=\"image.default\">\n\t\t\t\t<div class=\"elementor-widget-container\">\n\t\t\t\t\t\t\t\t\t\t\t\t<figure class=\"wp-caption\">\n\t\t\t\t\t\t\t\t\t\t<img loading=\"lazy\" decoding=\"async\" width=\"768\" height=\"512\" src=\"https:\/\/www.elturistatranquil.com\/wp-content\/uploads\/F29-Mazo-de-Mazonovo.-Sta-Eulalia-de-Oscos.-Asturias.jpg\" class=\"attachment-large size-large wp-image-63654\" alt=\"Mazo de Mazonovo. Sta Eulalia de Oscos. Asturias\" srcset=\"https:\/\/www.elturistatranquil.com\/wp-content\/uploads\/F29-Mazo-de-Mazonovo.-Sta-Eulalia-de-Oscos.-Asturias.jpg 768w, https:\/\/www.elturistatranquil.com\/wp-content\/uploads\/F29-Mazo-de-Mazonovo.-Sta-Eulalia-de-Oscos.-Asturias-339x226.jpg 339w\" sizes=\"(max-width: 768px) 100vw, 768px\" \/>\t\t\t\t\t\t\t\t\t\t\t<figcaption class=\"widget-image-caption wp-caption-text\"><\/figcaption>\n\t\t\t\t\t\t\t\t\t\t<\/figure>\n\t\t\t\t\t\t\t\t\t<\/div>\n\t\t\t\t<\/div>\n\t\t\t\t<div class=\"elementor-element elementor-element-51900f8 elementor-widget elementor-widget-text-editor\" data-id=\"51900f8\" data-element_type=\"widget\" data-e-type=\"widget\" data-widget_type=\"text-editor.default\">\n\t\t\t\t<div class=\"elementor-widget-container\">\n\t\t\t\t\t\t\t\t\t<p>El <strong>martell pil\u00f3<\/strong> (<em>mazo<\/em>) \u00e9s un artefacte que aplica el principi de la palanca de primer grau, on el punt de suport (fulcre) es troba situat entre la for\u00e7a aplicada (pot\u00e8ncia\/bra\u00e7 de pot\u00e8ncia) i la resist\u00e8ncia (c\u00e0rrega\/bra\u00e7 de resist\u00e8ncia).<\/p><p>La palanca del martinet est\u00e0 formada per un gruixut eix de fusta d\u2019uns 3 metres.<\/p><p>El <strong>fulcre<\/strong> \u00e9s una robusta estructura de fusta on s\u2019articula el moviment de vaiv\u00e9 de la palanca. A la dreta a la imatge el bra\u00e7 de pot\u00e8ncia accionat per l\u2019eix del rodez. A l\u2019esquerra el bra\u00e7 de resist\u00e8ncia amb el martinet d\u2019acer de m\u00e9s de 100 quilos acoblat a l\u2019altre extrem.<\/p>\t\t\t\t\t\t\t\t<\/div>\n\t\t\t\t<\/div>\n\t\t\t\t<div class=\"elementor-element elementor-element-33175ed elementor-widget elementor-widget-image\" data-id=\"33175ed\" data-element_type=\"widget\" data-e-type=\"widget\" data-widget_type=\"image.default\">\n\t\t\t\t<div class=\"elementor-widget-container\">\n\t\t\t\t\t\t\t\t\t\t\t\t<figure class=\"wp-caption\">\n\t\t\t\t\t\t\t\t\t\t<img loading=\"lazy\" decoding=\"async\" width=\"768\" height=\"512\" src=\"https:\/\/www.elturistatranquil.com\/wp-content\/uploads\/F30-Mazo-de-Mazonovo.-Sta-Eulalia-de-Oscos.-Asturias.jpg\" class=\"attachment-large size-large wp-image-63656\" alt=\"Mazo de Mazonovo. Sta Eulalia de Oscos. Asturias\" srcset=\"https:\/\/www.elturistatranquil.com\/wp-content\/uploads\/F30-Mazo-de-Mazonovo.-Sta-Eulalia-de-Oscos.-Asturias.jpg 768w, https:\/\/www.elturistatranquil.com\/wp-content\/uploads\/F30-Mazo-de-Mazonovo.-Sta-Eulalia-de-Oscos.-Asturias-339x226.jpg 339w\" sizes=\"(max-width: 768px) 100vw, 768px\" \/>\t\t\t\t\t\t\t\t\t\t\t<figcaption class=\"widget-image-caption wp-caption-text\"><\/figcaption>\n\t\t\t\t\t\t\t\t\t\t<\/figure>\n\t\t\t\t\t\t\t\t\t<\/div>\n\t\t\t\t<\/div>\n\t\t\t\t<div class=\"elementor-element elementor-element-888eafe elementor-widget elementor-widget-text-editor\" data-id=\"888eafe\" data-element_type=\"widget\" data-e-type=\"widget\" data-widget_type=\"text-editor.default\">\n\t\t\t\t<div class=\"elementor-widget-container\">\n\t\t\t\t\t\t\t\t\t<p>L\u2019eix sobre el qual gira la roda hidr\u00e0ulica que penetra a l\u2019edifici acaba com a <strong>eix de lleves<\/strong>. Les lleves s\u00f3n uns sortints del tronc giratori que, en tocar l\u2019extrem de l\u2019eix de pot\u00e8ncia, el desplacen cap avall, amb la conseg\u00fcent elevaci\u00f3 del bra\u00e7 de resist\u00e8ncia amb el martinet a l\u2019extrem. Quan la lleva deixa de friccionar sobre la palanca aquesta queda alliberada, de manera que el gran pes del martinet provoca una caiguda r\u00e0pida i potent sobre una enclusa massissa situada a terra provocant un fort impacte.<\/p><p>Quan una nova lleva torni a friccionar sobre el bra\u00e7 de pot\u00e8ncia es repetir\u00e0 el mateix proc\u00e9s, amb un nou cop. La variaci\u00f3 de velocitat de la roda hidr\u00e0ulica far\u00e0 augmentar o disminuir el nombre de cops del martinet.<\/p><p>Aquest \u00e9s l\u2019efecte buscat per colpejar i modelar el ferro candent que es col\u00b7loca sobre una <strong>enclusa<\/strong> clavada al terra.<\/p>\t\t\t\t\t\t\t\t<\/div>\n\t\t\t\t<\/div>\n\t\t\t\t<div class=\"elementor-element elementor-element-779ef9d elementor-widget elementor-widget-image\" data-id=\"779ef9d\" data-element_type=\"widget\" data-e-type=\"widget\" data-widget_type=\"image.default\">\n\t\t\t\t<div class=\"elementor-widget-container\">\n\t\t\t\t\t\t\t\t\t\t\t\t<figure class=\"wp-caption\">\n\t\t\t\t\t\t\t\t\t\t<img loading=\"lazy\" decoding=\"async\" width=\"768\" height=\"512\" src=\"https:\/\/www.elturistatranquil.com\/wp-content\/uploads\/F31-Mazo-de-Mazonovo.-Sta-Eulalia-de-Oscos.-Asturias.jpg\" class=\"attachment-large size-large wp-image-63658\" alt=\"Mazo de Mazonovo. Sta Eulalia de Oscos. Asturias\" srcset=\"https:\/\/www.elturistatranquil.com\/wp-content\/uploads\/F31-Mazo-de-Mazonovo.-Sta-Eulalia-de-Oscos.-Asturias.jpg 768w, https:\/\/www.elturistatranquil.com\/wp-content\/uploads\/F31-Mazo-de-Mazonovo.-Sta-Eulalia-de-Oscos.-Asturias-339x226.jpg 339w\" sizes=\"(max-width: 768px) 100vw, 768px\" \/>\t\t\t\t\t\t\t\t\t\t\t<figcaption class=\"widget-image-caption wp-caption-text\"><\/figcaption>\n\t\t\t\t\t\t\t\t\t\t<\/figure>\n\t\t\t\t\t\t\t\t\t<\/div>\n\t\t\t\t<\/div>\n\t\t\t\t<div class=\"elementor-element elementor-element-d728c20 elementor-widget elementor-widget-text-editor\" data-id=\"d728c20\" data-element_type=\"widget\" data-e-type=\"widget\" data-widget_type=\"text-editor.default\">\n\t\t\t\t<div class=\"elementor-widget-container\">\n\t\t\t\t\t\t\t\t\t<p>Un canalet practicat sobre un llarg i fi tronc porta aigua cap a l\u2019interior de l\u2019edifici al costat de l\u2019enclusa per poder refredar o trempar les peces quan calgui.<\/p>\t\t\t\t\t\t\t\t<\/div>\n\t\t\t\t<\/div>\n\t\t\t\t<div class=\"elementor-element elementor-element-d759b43 elementor-widget elementor-widget-image\" data-id=\"d759b43\" data-element_type=\"widget\" data-e-type=\"widget\" data-widget_type=\"image.default\">\n\t\t\t\t<div class=\"elementor-widget-container\">\n\t\t\t\t\t\t\t\t\t\t\t\t<figure class=\"wp-caption\">\n\t\t\t\t\t\t\t\t\t\t<img loading=\"lazy\" decoding=\"async\" width=\"768\" height=\"512\" src=\"https:\/\/www.elturistatranquil.com\/wp-content\/uploads\/F32-Mazo-de-Mazonovo.-Sta-Eulalia-de-Oscos.-Asturias.jpg\" class=\"attachment-large size-large wp-image-63660\" alt=\"Mazo de Mazonovo. Sta Eulalia de Oscos. Asturias\" srcset=\"https:\/\/www.elturistatranquil.com\/wp-content\/uploads\/F32-Mazo-de-Mazonovo.-Sta-Eulalia-de-Oscos.-Asturias.jpg 768w, https:\/\/www.elturistatranquil.com\/wp-content\/uploads\/F32-Mazo-de-Mazonovo.-Sta-Eulalia-de-Oscos.-Asturias-339x226.jpg 339w\" sizes=\"(max-width: 768px) 100vw, 768px\" \/>\t\t\t\t\t\t\t\t\t\t\t<figcaption class=\"widget-image-caption wp-caption-text\"><\/figcaption>\n\t\t\t\t\t\t\t\t\t\t<\/figure>\n\t\t\t\t\t\t\t\t\t<\/div>\n\t\t\t\t<\/div>\n\t\t\t\t<div class=\"elementor-element elementor-element-8e31785 elementor-widget elementor-widget-text-editor\" data-id=\"8e31785\" data-element_type=\"widget\" data-e-type=\"widget\" data-widget_type=\"text-editor.default\">\n\t\t\t\t<div class=\"elementor-widget-container\">\n\t\t\t\t\t\t\t\t\t<p>Sembla que l\u2019eix t\u00e9 quatre lleves, que s\u00f3n els ressalts que accionen i desplacen cap avall l\u2019extrem del bra\u00e7 de pot\u00e8ncia.<\/p>\t\t\t\t\t\t\t\t<\/div>\n\t\t\t\t<\/div>\n\t\t\t\t<div class=\"elementor-element elementor-element-c5d5166 elementor-widget elementor-widget-image\" data-id=\"c5d5166\" data-element_type=\"widget\" data-e-type=\"widget\" data-widget_type=\"image.default\">\n\t\t\t\t<div class=\"elementor-widget-container\">\n\t\t\t\t\t\t\t\t\t\t\t\t<figure class=\"wp-caption\">\n\t\t\t\t\t\t\t\t\t\t<img loading=\"lazy\" decoding=\"async\" width=\"768\" height=\"512\" src=\"https:\/\/www.elturistatranquil.com\/wp-content\/uploads\/F33-Mazo-de-Mazonovo.-Sta-Eulalia-de-Oscos.-Asturias.jpg\" class=\"attachment-large size-large wp-image-63667\" alt=\"Mazo de Mazonovo. Sta Eulalia de Oscos. Asturias\" srcset=\"https:\/\/www.elturistatranquil.com\/wp-content\/uploads\/F33-Mazo-de-Mazonovo.-Sta-Eulalia-de-Oscos.-Asturias.jpg 768w, https:\/\/www.elturistatranquil.com\/wp-content\/uploads\/F33-Mazo-de-Mazonovo.-Sta-Eulalia-de-Oscos.-Asturias-339x226.jpg 339w\" sizes=\"(max-width: 768px) 100vw, 768px\" \/>\t\t\t\t\t\t\t\t\t\t\t<figcaption class=\"widget-image-caption wp-caption-text\"><\/figcaption>\n\t\t\t\t\t\t\t\t\t\t<\/figure>\n\t\t\t\t\t\t\t\t\t<\/div>\n\t\t\t\t<\/div>\n\t\t\t\t<div class=\"elementor-element elementor-element-7d3d6c9 elementor-widget elementor-widget-text-editor\" data-id=\"7d3d6c9\" data-element_type=\"widget\" data-e-type=\"widget\" data-widget_type=\"text-editor.default\">\n\t\t\t\t<div class=\"elementor-widget-container\">\n\t\t\t\t\t\t\t\t\t<p>Fulcre sobre el qual articula l\u2019eix de la palanca.<\/p>\t\t\t\t\t\t\t\t<\/div>\n\t\t\t\t<\/div>\n\t\t\t\t<div class=\"elementor-element elementor-element-5757482 elementor-widget elementor-widget-image\" data-id=\"5757482\" data-element_type=\"widget\" data-e-type=\"widget\" data-widget_type=\"image.default\">\n\t\t\t\t<div class=\"elementor-widget-container\">\n\t\t\t\t\t\t\t\t\t\t\t\t<figure class=\"wp-caption\">\n\t\t\t\t\t\t\t\t\t\t<img loading=\"lazy\" decoding=\"async\" width=\"768\" height=\"512\" src=\"https:\/\/www.elturistatranquil.com\/wp-content\/uploads\/F34-Mazo-de-Mazonovo.-Sta-Eulalia-de-Oscos.-Asturias.jpg\" class=\"attachment-large size-large wp-image-63672\" alt=\"Mazo de Mazonovo. Sta Eulalia de Oscos. Asturias\" srcset=\"https:\/\/www.elturistatranquil.com\/wp-content\/uploads\/F34-Mazo-de-Mazonovo.-Sta-Eulalia-de-Oscos.-Asturias.jpg 768w, https:\/\/www.elturistatranquil.com\/wp-content\/uploads\/F34-Mazo-de-Mazonovo.-Sta-Eulalia-de-Oscos.-Asturias-339x226.jpg 339w\" sizes=\"(max-width: 768px) 100vw, 768px\" \/>\t\t\t\t\t\t\t\t\t\t\t<figcaption class=\"widget-image-caption wp-caption-text\"><\/figcaption>\n\t\t\t\t\t\t\t\t\t\t<\/figure>\n\t\t\t\t\t\t\t\t\t<\/div>\n\t\t\t\t<\/div>\n\t\t\t\t<div class=\"elementor-element elementor-element-c3e3f32 elementor-widget elementor-widget-text-editor\" data-id=\"c3e3f32\" data-element_type=\"widget\" data-e-type=\"widget\" data-widget_type=\"text-editor.default\">\n\t\t\t\t<div class=\"elementor-widget-container\">\n\t\t\t\t\t\t\t\t\t<p>Bra\u00e7 de resist\u00e8ncia amb el martinet d\u2019acer a l\u2019extrem i l\u2019enclusa a terra.<\/p><p>La pe\u00e7a amb ganxos clavada a terra serveix per col\u00b7locar en cada nivell de ganxo l\u2019extrem de la barra que acciona la v\u00e0lvula. A cada al\u00e7ada l\u2019obertura \u00e9s diferent, amb la qual cosa s\u2019aconsegueixen velocitats del rodez diferents, augmentant o disminuint el nombre de cops, adaptant la cad\u00e8ncia del repic a les necessitats de cada tipus de pe\u00e7a a forjar.<\/p><p>Amb aquest mecanisme haurem transformat el moviment circular de l\u2019eix en un moviment de vaiv\u00e9 vertical.<\/p>\t\t\t\t\t\t\t\t<\/div>\n\t\t\t\t<\/div>\n\t\t\t\t<div class=\"elementor-element elementor-element-0f9636b elementor-widget elementor-widget-image\" data-id=\"0f9636b\" data-element_type=\"widget\" data-e-type=\"widget\" data-widget_type=\"image.default\">\n\t\t\t\t<div class=\"elementor-widget-container\">\n\t\t\t\t\t\t\t\t\t\t\t\t<figure class=\"wp-caption\">\n\t\t\t\t\t\t\t\t\t\t<img loading=\"lazy\" decoding=\"async\" width=\"768\" height=\"512\" src=\"https:\/\/www.elturistatranquil.com\/wp-content\/uploads\/F35-Mazo-de-Mazonovo.-Sta-Eulalia-de-Oscos.-Asturias.jpg\" class=\"attachment-large size-large wp-image-63674\" alt=\"Mazo de Mazonovo. Sta Eulalia de Oscos. Asturias\" srcset=\"https:\/\/www.elturistatranquil.com\/wp-content\/uploads\/F35-Mazo-de-Mazonovo.-Sta-Eulalia-de-Oscos.-Asturias.jpg 768w, https:\/\/www.elturistatranquil.com\/wp-content\/uploads\/F35-Mazo-de-Mazonovo.-Sta-Eulalia-de-Oscos.-Asturias-339x226.jpg 339w\" sizes=\"(max-width: 768px) 100vw, 768px\" \/>\t\t\t\t\t\t\t\t\t\t\t<figcaption class=\"widget-image-caption wp-caption-text\"><\/figcaption>\n\t\t\t\t\t\t\t\t\t\t<\/figure>\n\t\t\t\t\t\t\t\t\t<\/div>\n\t\t\t\t<\/div>\n\t\t\t\t<div class=\"elementor-element elementor-element-839e758 elementor-widget elementor-widget-heading\" data-id=\"839e758\" data-element_type=\"widget\" data-e-type=\"widget\" data-widget_type=\"heading.default\">\n\t\t\t\t<div class=\"elementor-widget-container\">\n\t\t\t\t\t<h4 class=\"elementor-heading-title elementor-size-default\">La farga<\/h4>\t\t\t\t<\/div>\n\t\t\t\t<\/div>\n\t\t\t\t<div class=\"elementor-element elementor-element-b8c8460 elementor-widget elementor-widget-text-editor\" data-id=\"b8c8460\" data-element_type=\"widget\" data-e-type=\"widget\" data-widget_type=\"text-editor.default\">\n\t\t\t\t<div class=\"elementor-widget-container\">\n\t\t\t\t\t\t\t\t\t<p>Per modelar a cops el ferro cal escalfar-lo a una temperatura una mica superior als 1.000<sup>o<\/sup> C, quan pren un color rogenc abans de fondre\u2019s. En aquestes condicions el metall es torna mal\u00b7leable i se li pot donar forma sense trencar-se. Aquest proc\u00e9s s\u2019efectua a la <strong>farga<\/strong>.<\/p><p>El cicle de treball segueix tres etapes b\u00e0siques: escalfament a la farga, batuda al martinet i operacions d\u2019acabat a l\u2019enclusa, que inclouen redre\u00e7at, afinat de vores, punxonat o doblegat. El producte resultant pot ser tant material semielaborat (p. ex. barres o platines adaptades a les necessitats d\u2019altres tallers) com eines acabades per a l\u2019agricultura, la ramaderia, la construcci\u00f3 o la decoraci\u00f3.<\/p><p>El conjunt de la <strong>farga<\/strong> formada pel <strong>fogar<\/strong> o <strong>farga<\/strong> en sentit restringit, on s\u2019escalfa el ferro, i dos \u00e0mbits de modelatge: el primer constitu\u00eft pel <strong>martinet<\/strong> del martell pil\u00f3, on es dona una primera forma al lingot de ferro que procedeix de la fosa, i el segon l\u2019<strong>enclusa de ferrer<\/strong> on un ferrer amb un <strong>mall manual<\/strong> i <strong>martells de diverses mides<\/strong> donar\u00e0 la forma final i l\u2019acabat a cada pe\u00e7a, la qual tamb\u00e9 es va escalfant a la farga per poder ser modelada a cops de martell.<\/p><p>La farga cont\u00e9 un <strong>fogar<\/strong> que \u00e9s un recipient de pedra refract\u00e0ria on es carrega el mineral o blocs de ferro junt amb el <strong>carb\u00f3 vegetal de castanyer<\/strong>, per aconseguir temperatures de l\u2019ordre de 1.200 \u00b0C.<\/p><p>Per assolir aquestes temperatures s\u2019ha d\u2019insuflar un corrent d\u2019aire. El sistema m\u00e9s est\u00e8s era mitjan\u00e7ant un <strong>manxa<\/strong> que podia ser accionat a m\u00e0 o per sistemes hidr\u00e0ulics. Actualment s\u2019efectua mitjan\u00e7ant un bufador el\u00e8ctric.<\/p><p>A Mazonovo es va introduir un sistema de bufat basat en una <strong>trompa d\u2019aire<\/strong> que \u00e9s un dels elements m\u00e9s enginyosos del complex. Utilitza la caiguda d\u2019aigua per succionar aire (aprofitant l\u2019efecte Venturi) i dirigir-lo a trav\u00e9s d\u2019un conducte cap al cor de la farga. Aix\u00f2 proporciona un raig d\u2019aire constant i fred que permet assolir altes temperatures sense necessitat de manxes manuals.<\/p>\t\t\t\t\t\t\t\t<\/div>\n\t\t\t\t<\/div>\n\t\t\t\t<div class=\"elementor-element elementor-element-1dfc3f9 elementor-widget elementor-widget-image\" data-id=\"1dfc3f9\" data-element_type=\"widget\" data-e-type=\"widget\" data-widget_type=\"image.default\">\n\t\t\t\t<div class=\"elementor-widget-container\">\n\t\t\t\t\t\t\t\t\t\t\t\t<figure class=\"wp-caption\">\n\t\t\t\t\t\t\t\t\t\t<img loading=\"lazy\" decoding=\"async\" width=\"768\" height=\"512\" src=\"https:\/\/www.elturistatranquil.com\/wp-content\/uploads\/F36-Mazo-de-Mazonovo.-Sta-Eulalia-de-Oscos.-Asturias.jpg\" class=\"attachment-large size-large wp-image-63676\" alt=\"Mazo de Mazonovo. Sta Eulalia de Oscos. Asturias\" srcset=\"https:\/\/www.elturistatranquil.com\/wp-content\/uploads\/F36-Mazo-de-Mazonovo.-Sta-Eulalia-de-Oscos.-Asturias.jpg 768w, https:\/\/www.elturistatranquil.com\/wp-content\/uploads\/F36-Mazo-de-Mazonovo.-Sta-Eulalia-de-Oscos.-Asturias-339x226.jpg 339w\" sizes=\"(max-width: 768px) 100vw, 768px\" \/>\t\t\t\t\t\t\t\t\t\t\t<figcaption class=\"widget-image-caption wp-caption-text\"><\/figcaption>\n\t\t\t\t\t\t\t\t\t\t<\/figure>\n\t\t\t\t\t\t\t\t\t<\/div>\n\t\t\t\t<\/div>\n\t\t\t\t<div class=\"elementor-element elementor-element-330108c elementor-widget elementor-widget-image\" data-id=\"330108c\" data-element_type=\"widget\" data-e-type=\"widget\" data-widget_type=\"image.default\">\n\t\t\t\t<div class=\"elementor-widget-container\">\n\t\t\t\t\t\t\t\t\t\t\t\t<figure class=\"wp-caption\">\n\t\t\t\t\t\t\t\t\t\t<img loading=\"lazy\" decoding=\"async\" width=\"768\" height=\"512\" src=\"https:\/\/www.elturistatranquil.com\/wp-content\/uploads\/F37-Mazo-de-Mazonovo.-Sta-Eulalia-de-Oscos.-Asturias.jpg\" class=\"attachment-large size-large wp-image-63681\" alt=\"Mazo de Mazonovo. Sta Eulalia de Oscos. Asturias\" srcset=\"https:\/\/www.elturistatranquil.com\/wp-content\/uploads\/F37-Mazo-de-Mazonovo.-Sta-Eulalia-de-Oscos.-Asturias.jpg 768w, https:\/\/www.elturistatranquil.com\/wp-content\/uploads\/F37-Mazo-de-Mazonovo.-Sta-Eulalia-de-Oscos.-Asturias-339x226.jpg 339w\" sizes=\"(max-width: 768px) 100vw, 768px\" \/>\t\t\t\t\t\t\t\t\t\t\t<figcaption class=\"widget-image-caption wp-caption-text\"><\/figcaption>\n\t\t\t\t\t\t\t\t\t\t<\/figure>\n\t\t\t\t\t\t\t\t\t<\/div>\n\t\t\t\t<\/div>\n\t\t\t\t<div class=\"elementor-element elementor-element-3b67cbf elementor-widget elementor-widget-text-editor\" data-id=\"3b67cbf\" data-element_type=\"widget\" data-e-type=\"widget\" data-widget_type=\"text-editor.default\">\n\t\t\t\t<div class=\"elementor-widget-container\">\n\t\t\t\t\t\t\t\t\t<p>Aquest tirador que s\u2019eleva fins al sostre est\u00e0 acoblat a la segona v\u00e0lvula o comporta que hav\u00edem vist per sobre del banzao, que l\u2019obre i la tanca manualment per aconseguir l\u2019efecte Venturi d\u2019insuflar aire al fogar de la farga.<\/p><p>Tamb\u00e9 veiem l\u2019ambient de fum de l\u2019estan\u00e7a que el sostre de lloses de pissarra ajuda a ventilar.<\/p>\t\t\t\t\t\t\t\t<\/div>\n\t\t\t\t<\/div>\n\t\t\t\t<div class=\"elementor-element elementor-element-a6979ef elementor-widget elementor-widget-image\" data-id=\"a6979ef\" data-element_type=\"widget\" data-e-type=\"widget\" data-widget_type=\"image.default\">\n\t\t\t\t<div class=\"elementor-widget-container\">\n\t\t\t\t\t\t\t\t\t\t\t\t<figure class=\"wp-caption\">\n\t\t\t\t\t\t\t\t\t\t<img loading=\"lazy\" decoding=\"async\" width=\"768\" height=\"512\" src=\"https:\/\/www.elturistatranquil.com\/wp-content\/uploads\/F38-Mazo-de-Mazonovo.-Sta-Eulalia-de-Oscos.-Asturias.jpg\" class=\"attachment-large size-large wp-image-63683\" alt=\"Mazo de Mazonovo. Sta Eulalia de Oscos. Asturias\" srcset=\"https:\/\/www.elturistatranquil.com\/wp-content\/uploads\/F38-Mazo-de-Mazonovo.-Sta-Eulalia-de-Oscos.-Asturias.jpg 768w, https:\/\/www.elturistatranquil.com\/wp-content\/uploads\/F38-Mazo-de-Mazonovo.-Sta-Eulalia-de-Oscos.-Asturias-339x226.jpg 339w\" sizes=\"(max-width: 768px) 100vw, 768px\" \/>\t\t\t\t\t\t\t\t\t\t\t<figcaption class=\"widget-image-caption wp-caption-text\"><\/figcaption>\n\t\t\t\t\t\t\t\t\t\t<\/figure>\n\t\t\t\t\t\t\t\t\t<\/div>\n\t\t\t\t<\/div>\n\t\t\t\t<div class=\"elementor-element elementor-element-1ca579c elementor-widget elementor-widget-text-editor\" data-id=\"1ca579c\" data-element_type=\"widget\" data-e-type=\"widget\" data-widget_type=\"text-editor.default\">\n\t\t\t\t<div class=\"elementor-widget-container\">\n\t\t\t\t\t\t\t\t\t<p>En un rac\u00f3 veiem, tot i que pel que sembla fora d\u2019\u00fas, una altra farga a la qual se li subministrava aire amb manxa manual.<\/p>\t\t\t\t\t\t\t\t<\/div>\n\t\t\t\t<\/div>\n\t\t\t\t<div class=\"elementor-element elementor-element-6913c9b elementor-widget elementor-widget-image\" data-id=\"6913c9b\" data-element_type=\"widget\" data-e-type=\"widget\" data-widget_type=\"image.default\">\n\t\t\t\t<div class=\"elementor-widget-container\">\n\t\t\t\t\t\t\t\t\t\t\t\t<figure class=\"wp-caption\">\n\t\t\t\t\t\t\t\t\t\t<img loading=\"lazy\" decoding=\"async\" width=\"768\" height=\"512\" src=\"https:\/\/www.elturistatranquil.com\/wp-content\/uploads\/F39-Mazo-de-Mazonovo.-Sta-Eulalia-de-Oscos.-Asturias.jpg\" class=\"attachment-large size-large wp-image-63685\" alt=\"Mazo de Mazonovo. Sta Eulalia de Oscos. Asturias\" srcset=\"https:\/\/www.elturistatranquil.com\/wp-content\/uploads\/F39-Mazo-de-Mazonovo.-Sta-Eulalia-de-Oscos.-Asturias.jpg 768w, https:\/\/www.elturistatranquil.com\/wp-content\/uploads\/F39-Mazo-de-Mazonovo.-Sta-Eulalia-de-Oscos.-Asturias-339x226.jpg 339w\" sizes=\"(max-width: 768px) 100vw, 768px\" \/>\t\t\t\t\t\t\t\t\t\t\t<figcaption class=\"widget-image-caption wp-caption-text\"><\/figcaption>\n\t\t\t\t\t\t\t\t\t\t<\/figure>\n\t\t\t\t\t\t\t\t\t<\/div>\n\t\t\t\t<\/div>\n\t\t\t\t<div class=\"elementor-element elementor-element-c058bf8 elementor-widget elementor-widget-image\" data-id=\"c058bf8\" data-element_type=\"widget\" data-e-type=\"widget\" data-widget_type=\"image.default\">\n\t\t\t\t<div class=\"elementor-widget-container\">\n\t\t\t\t\t\t\t\t\t\t\t\t<figure class=\"wp-caption\">\n\t\t\t\t\t\t\t\t\t\t<img loading=\"lazy\" decoding=\"async\" width=\"768\" height=\"512\" src=\"https:\/\/www.elturistatranquil.com\/wp-content\/uploads\/F40-Mazo-de-Mazonovo.-Sta-Eulalia-de-Oscos.-Asturias.jpg\" class=\"attachment-large size-large wp-image-63687\" alt=\"Mazo de Mazonovo. Sta Eulalia de Oscos. Asturias\" srcset=\"https:\/\/www.elturistatranquil.com\/wp-content\/uploads\/F40-Mazo-de-Mazonovo.-Sta-Eulalia-de-Oscos.-Asturias.jpg 768w, https:\/\/www.elturistatranquil.com\/wp-content\/uploads\/F40-Mazo-de-Mazonovo.-Sta-Eulalia-de-Oscos.-Asturias-339x226.jpg 339w\" sizes=\"(max-width: 768px) 100vw, 768px\" \/>\t\t\t\t\t\t\t\t\t\t\t<figcaption class=\"widget-image-caption wp-caption-text\"><\/figcaption>\n\t\t\t\t\t\t\t\t\t\t<\/figure>\n\t\t\t\t\t\t\t\t\t<\/div>\n\t\t\t\t<\/div>\n\t\t\t\t<div class=\"elementor-element elementor-element-8b18312 elementor-widget elementor-widget-heading\" data-id=\"8b18312\" data-element_type=\"widget\" data-e-type=\"widget\" data-widget_type=\"heading.default\">\n\t\t\t\t<div class=\"elementor-widget-container\">\n\t\t\t\t\t<h4 class=\"elementor-heading-title elementor-size-default\">Aplicaci\u00f3 del martinet<\/h4>\t\t\t\t<\/div>\n\t\t\t\t<\/div>\n\t\t\t\t<div class=\"elementor-element elementor-element-47ca41b elementor-widget elementor-widget-text-editor\" data-id=\"47ca41b\" data-element_type=\"widget\" data-e-type=\"widget\" data-widget_type=\"text-editor.default\">\n\t\t\t\t<div class=\"elementor-widget-container\">\n\t\t\t\t\t\t\t\t\t<p>Arribem a la part substancial de la funci\u00f3 del martinet: el forjat del ferro amb el martinet.<\/p><p>El ferrer sost\u00e9 amb unes tenalles o uns guants una pe\u00e7a incandescent de ferro que col\u00b7loca sobre l\u2019enclusa del terra perqu\u00e8 el martell del martinet la colpegi repetidament. Amb habilitat va modificant la seva posici\u00f3 sobre l\u2019enclusa perqu\u00e8 la massa es vagi modelant en les direccions adequades al producte a elaborar, fins a obtenir una forma bruta.<\/p><p>A les dues fotografies seg\u00fcents veiem que amb la m\u00e0 dreta acciona el bast\u00f3 d\u2019enlla\u00e7 amb la v\u00e0lvula del cub, fent augmentar o disminuir la velocitat del repic.<\/p><p>Les operacions fonamentals de seran: Estirar (allargar i aprimar); afilar (formar vora\/punta); espalmar (aplanar\/eixamplar) i recalcar (engruixir o formar caps\/refor\u00e7os).<\/p>\t\t\t\t\t\t\t\t<\/div>\n\t\t\t\t<\/div>\n\t\t\t\t<div class=\"elementor-element elementor-element-0e5eca7 elementor-widget elementor-widget-image\" data-id=\"0e5eca7\" data-element_type=\"widget\" data-e-type=\"widget\" data-widget_type=\"image.default\">\n\t\t\t\t<div class=\"elementor-widget-container\">\n\t\t\t\t\t\t\t\t\t\t\t\t<figure class=\"wp-caption\">\n\t\t\t\t\t\t\t\t\t\t<img loading=\"lazy\" decoding=\"async\" width=\"768\" height=\"512\" src=\"https:\/\/www.elturistatranquil.com\/wp-content\/uploads\/F41-Mazo-de-Mazonovo.-Sta-Eulalia-de-Oscos.-Asturias.jpg\" class=\"attachment-large size-large wp-image-63689\" alt=\"Mazo de Mazonovo. Sta Eulalia de Oscos. Asturias\" srcset=\"https:\/\/www.elturistatranquil.com\/wp-content\/uploads\/F41-Mazo-de-Mazonovo.-Sta-Eulalia-de-Oscos.-Asturias.jpg 768w, https:\/\/www.elturistatranquil.com\/wp-content\/uploads\/F41-Mazo-de-Mazonovo.-Sta-Eulalia-de-Oscos.-Asturias-339x226.jpg 339w\" sizes=\"(max-width: 768px) 100vw, 768px\" \/>\t\t\t\t\t\t\t\t\t\t\t<figcaption class=\"widget-image-caption wp-caption-text\"><\/figcaption>\n\t\t\t\t\t\t\t\t\t\t<\/figure>\n\t\t\t\t\t\t\t\t\t<\/div>\n\t\t\t\t<\/div>\n\t\t\t\t<div class=\"elementor-element elementor-element-c391081 elementor-widget elementor-widget-image\" data-id=\"c391081\" data-element_type=\"widget\" data-e-type=\"widget\" data-widget_type=\"image.default\">\n\t\t\t\t<div class=\"elementor-widget-container\">\n\t\t\t\t\t\t\t\t\t\t\t\t<figure class=\"wp-caption\">\n\t\t\t\t\t\t\t\t\t\t<img loading=\"lazy\" decoding=\"async\" width=\"768\" height=\"512\" src=\"https:\/\/www.elturistatranquil.com\/wp-content\/uploads\/F42-Mazo-de-Mazonovo.-Sta-Eulalia-de-Oscos.-Asturias.jpg\" class=\"attachment-large size-large wp-image-63691\" alt=\"Mazo de Mazonovo. Sta Eulalia de Oscos. Asturias\" srcset=\"https:\/\/www.elturistatranquil.com\/wp-content\/uploads\/F42-Mazo-de-Mazonovo.-Sta-Eulalia-de-Oscos.-Asturias.jpg 768w, https:\/\/www.elturistatranquil.com\/wp-content\/uploads\/F42-Mazo-de-Mazonovo.-Sta-Eulalia-de-Oscos.-Asturias-339x226.jpg 339w\" sizes=\"(max-width: 768px) 100vw, 768px\" \/>\t\t\t\t\t\t\t\t\t\t\t<figcaption class=\"widget-image-caption wp-caption-text\"><\/figcaption>\n\t\t\t\t\t\t\t\t\t\t<\/figure>\n\t\t\t\t\t\t\t\t\t<\/div>\n\t\t\t\t<\/div>\n\t\t\t\t<div class=\"elementor-element elementor-element-18eeb5a elementor-widget elementor-widget-image\" data-id=\"18eeb5a\" data-element_type=\"widget\" data-e-type=\"widget\" data-widget_type=\"image.default\">\n\t\t\t\t<div class=\"elementor-widget-container\">\n\t\t\t\t\t\t\t\t\t\t\t\t<figure class=\"wp-caption\">\n\t\t\t\t\t\t\t\t\t\t<img loading=\"lazy\" decoding=\"async\" width=\"768\" height=\"512\" src=\"https:\/\/www.elturistatranquil.com\/wp-content\/uploads\/F43-Mazo-de-Mazonovo.-Sta-Eulalia-de-Oscos.-Asturias.jpg\" class=\"attachment-large size-large wp-image-63693\" alt=\"Mazo de Mazonovo. Sta Eulalia de Oscos. Asturias\" srcset=\"https:\/\/www.elturistatranquil.com\/wp-content\/uploads\/F43-Mazo-de-Mazonovo.-Sta-Eulalia-de-Oscos.-Asturias.jpg 768w, https:\/\/www.elturistatranquil.com\/wp-content\/uploads\/F43-Mazo-de-Mazonovo.-Sta-Eulalia-de-Oscos.-Asturias-339x226.jpg 339w\" sizes=\"(max-width: 768px) 100vw, 768px\" \/>\t\t\t\t\t\t\t\t\t\t\t<figcaption class=\"widget-image-caption wp-caption-text\"><\/figcaption>\n\t\t\t\t\t\t\t\t\t\t<\/figure>\n\t\t\t\t\t\t\t\t\t<\/div>\n\t\t\t\t<\/div>\n\t\t\t\t<div class=\"elementor-element elementor-element-5afbfc3 elementor-widget elementor-widget-heading\" data-id=\"5afbfc3\" data-element_type=\"widget\" data-e-type=\"widget\" data-widget_type=\"heading.default\">\n\t\t\t\t<div class=\"elementor-widget-container\">\n\t\t\t\t\t<h4 class=\"elementor-heading-title elementor-size-default\">L\u2019enclusa<\/h4>\t\t\t\t<\/div>\n\t\t\t\t<\/div>\n\t\t\t\t<div class=\"elementor-element elementor-element-f1ab755 elementor-widget elementor-widget-text-editor\" data-id=\"f1ab755\" data-element_type=\"widget\" data-e-type=\"widget\" data-widget_type=\"text-editor.default\">\n\t\t\t\t<div class=\"elementor-widget-container\">\n\t\t\t\t\t\t\t\t\t<p>A l\u2019enclusa el ferrer efectua l\u2019operaci\u00f3 d\u2019acabat, donant la forma definitiva a la pe\u00e7a a partir de la forma bruta que ha obtingut al martinet.<\/p><p>Sobre l\u2019enclusa diferents peces brutes obtingudes al martinet que hauran de ser acabades a l\u2019enclusa.<\/p><p>Per al modelatge definitiu es procedeix seguint els mateixos passos d\u2019escalfament i repic, per\u00f2 ara de forma manual sobre una enclusa.<\/p>\t\t\t\t\t\t\t\t<\/div>\n\t\t\t\t<\/div>\n\t\t\t\t<div class=\"elementor-element elementor-element-0cd1274 elementor-widget elementor-widget-image\" data-id=\"0cd1274\" data-element_type=\"widget\" data-e-type=\"widget\" data-widget_type=\"image.default\">\n\t\t\t\t<div class=\"elementor-widget-container\">\n\t\t\t\t\t\t\t\t\t\t\t\t<figure class=\"wp-caption\">\n\t\t\t\t\t\t\t\t\t\t<img loading=\"lazy\" decoding=\"async\" width=\"768\" height=\"512\" src=\"https:\/\/www.elturistatranquil.com\/wp-content\/uploads\/F44-Mazo-de-Mazonovo.-Sta-Eulalia-de-Oscos.-Asturias.jpg\" class=\"attachment-large size-large wp-image-63695\" alt=\"Mazo de Mazonovo. Sta Eulalia de Oscos. Asturias\" srcset=\"https:\/\/www.elturistatranquil.com\/wp-content\/uploads\/F44-Mazo-de-Mazonovo.-Sta-Eulalia-de-Oscos.-Asturias.jpg 768w, https:\/\/www.elturistatranquil.com\/wp-content\/uploads\/F44-Mazo-de-Mazonovo.-Sta-Eulalia-de-Oscos.-Asturias-339x226.jpg 339w\" sizes=\"(max-width: 768px) 100vw, 768px\" \/>\t\t\t\t\t\t\t\t\t\t\t<figcaption class=\"widget-image-caption wp-caption-text\"><\/figcaption>\n\t\t\t\t\t\t\t\t\t\t<\/figure>\n\t\t\t\t\t\t\t\t\t<\/div>\n\t\t\t\t<\/div>\n\t\t\t\t<div class=\"elementor-element elementor-element-36cc065 elementor-widget elementor-widget-text-editor\" data-id=\"36cc065\" data-element_type=\"widget\" data-e-type=\"widget\" data-widget_type=\"text-editor.default\">\n\t\t\t\t<div class=\"elementor-widget-container\">\n\t\t\t\t\t\t\t\t\t<p>A l\u2019exterior, un ferrer amb una farga port\u00e0til fabricant peces sobre l\u2019enclusa. En aquest cas, ja m\u00e9s modern, l\u2019insuflat d\u2019aire s\u2019efectua amb un bufador el\u00e8ctric.<\/p>\t\t\t\t\t\t\t\t<\/div>\n\t\t\t\t<\/div>\n\t\t\t\t<div class=\"elementor-element elementor-element-b1a57f0 elementor-widget elementor-widget-image\" data-id=\"b1a57f0\" data-element_type=\"widget\" data-e-type=\"widget\" data-widget_type=\"image.default\">\n\t\t\t\t<div class=\"elementor-widget-container\">\n\t\t\t\t\t\t\t\t\t\t\t\t<figure class=\"wp-caption\">\n\t\t\t\t\t\t\t\t\t\t<img loading=\"lazy\" decoding=\"async\" width=\"768\" height=\"511\" src=\"https:\/\/www.elturistatranquil.com\/wp-content\/uploads\/F45-Mazo-de-Mazonovo.-Sta-Eulalia-de-Oscos.-Asturias.jpg\" class=\"attachment-large size-large wp-image-63697\" alt=\"Mazo de Mazonovo. Sta Eulalia de Oscos. Asturias\" srcset=\"https:\/\/www.elturistatranquil.com\/wp-content\/uploads\/F45-Mazo-de-Mazonovo.-Sta-Eulalia-de-Oscos.-Asturias.jpg 768w, https:\/\/www.elturistatranquil.com\/wp-content\/uploads\/F45-Mazo-de-Mazonovo.-Sta-Eulalia-de-Oscos.-Asturias-339x226.jpg 339w\" sizes=\"(max-width: 768px) 100vw, 768px\" \/>\t\t\t\t\t\t\t\t\t\t\t<figcaption class=\"widget-image-caption wp-caption-text\"><\/figcaption>\n\t\t\t\t\t\t\t\t\t\t<\/figure>\n\t\t\t\t\t\t\t\t\t<\/div>\n\t\t\t\t<\/div>\n\t\t\t\t<div class=\"elementor-element elementor-element-011d664 elementor-widget elementor-widget-heading\" data-id=\"011d664\" data-element_type=\"widget\" data-e-type=\"widget\" data-widget_type=\"heading.default\">\n\t\t\t\t<div class=\"elementor-widget-container\">\n\t\t\t\t\t<h3 class=\"elementor-heading-title elementor-size-default\">Exposici\u00f3 de treballs de ferreria<\/h3>\t\t\t\t<\/div>\n\t\t\t\t<\/div>\n\t\t\t\t<div class=\"elementor-element elementor-element-67a29d2 elementor-widget elementor-widget-text-editor\" data-id=\"67a29d2\" data-element_type=\"widget\" data-e-type=\"widget\" data-widget_type=\"text-editor.default\">\n\t\t\t\t<div class=\"elementor-widget-container\">\n\t\t\t\t\t\t\t\t\t<p>A la part final del recorregut un petit mostrari-museu amb objectes de tota mena i aplicacions produ\u00efts al Mazo de \u00a0Mazonovo.<\/p><p>Veiem eines agr\u00edcoles, estris de cuina, claus i peces per a la construcci\u00f3, objectes decoratius, etc.<\/p>\t\t\t\t\t\t\t\t<\/div>\n\t\t\t\t<\/div>\n\t\t\t\t<div class=\"elementor-element elementor-element-987999e elementor-widget elementor-widget-image\" data-id=\"987999e\" data-element_type=\"widget\" data-e-type=\"widget\" data-widget_type=\"image.default\">\n\t\t\t\t<div class=\"elementor-widget-container\">\n\t\t\t\t\t\t\t\t\t\t\t\t<figure class=\"wp-caption\">\n\t\t\t\t\t\t\t\t\t\t<img loading=\"lazy\" decoding=\"async\" width=\"768\" height=\"512\" src=\"https:\/\/www.elturistatranquil.com\/wp-content\/uploads\/F46-Mazo-de-Mazonovo.-Sta-Eulalia-de-Oscos.-Asturias.jpg\" class=\"attachment-large size-large wp-image-63702\" alt=\"Mazo de Mazonovo. Sta Eulalia de Oscos. Asturias\" srcset=\"https:\/\/www.elturistatranquil.com\/wp-content\/uploads\/F46-Mazo-de-Mazonovo.-Sta-Eulalia-de-Oscos.-Asturias.jpg 768w, https:\/\/www.elturistatranquil.com\/wp-content\/uploads\/F46-Mazo-de-Mazonovo.-Sta-Eulalia-de-Oscos.-Asturias-339x226.jpg 339w\" sizes=\"(max-width: 768px) 100vw, 768px\" \/>\t\t\t\t\t\t\t\t\t\t\t<figcaption class=\"widget-image-caption wp-caption-text\"><\/figcaption>\n\t\t\t\t\t\t\t\t\t\t<\/figure>\n\t\t\t\t\t\t\t\t\t<\/div>\n\t\t\t\t<\/div>\n\t\t\t\t<div class=\"elementor-element elementor-element-1c4c8f0 elementor-widget elementor-widget-image\" data-id=\"1c4c8f0\" data-element_type=\"widget\" data-e-type=\"widget\" data-widget_type=\"image.default\">\n\t\t\t\t<div class=\"elementor-widget-container\">\n\t\t\t\t\t\t\t\t\t\t\t\t<figure class=\"wp-caption\">\n\t\t\t\t\t\t\t\t\t\t<img loading=\"lazy\" decoding=\"async\" width=\"768\" height=\"512\" src=\"https:\/\/www.elturistatranquil.com\/wp-content\/uploads\/F47-Mazo-de-Mazonovo.-Sta-Eulalia-de-Oscos.-Asturias.jpg\" class=\"attachment-large size-large wp-image-63704\" alt=\"Mazo de Mazonovo. Sta Eulalia de Oscos. Asturias\" srcset=\"https:\/\/www.elturistatranquil.com\/wp-content\/uploads\/F47-Mazo-de-Mazonovo.-Sta-Eulalia-de-Oscos.-Asturias.jpg 768w, https:\/\/www.elturistatranquil.com\/wp-content\/uploads\/F47-Mazo-de-Mazonovo.-Sta-Eulalia-de-Oscos.-Asturias-339x226.jpg 339w\" sizes=\"(max-width: 768px) 100vw, 768px\" \/>\t\t\t\t\t\t\t\t\t\t\t<figcaption class=\"widget-image-caption wp-caption-text\"><\/figcaption>\n\t\t\t\t\t\t\t\t\t\t<\/figure>\n\t\t\t\t\t\t\t\t\t<\/div>\n\t\t\t\t<\/div>\n\t\t\t\t<div class=\"elementor-element elementor-element-0c29201 elementor-widget elementor-widget-image\" data-id=\"0c29201\" data-element_type=\"widget\" data-e-type=\"widget\" data-widget_type=\"image.default\">\n\t\t\t\t<div class=\"elementor-widget-container\">\n\t\t\t\t\t\t\t\t\t\t\t\t<figure class=\"wp-caption\">\n\t\t\t\t\t\t\t\t\t\t<img loading=\"lazy\" decoding=\"async\" width=\"768\" height=\"512\" src=\"https:\/\/www.elturistatranquil.com\/wp-content\/uploads\/F49-Mazo-de-Mazonovo.-Sta-Eulalia-de-Oscos.-Asturias.jpg\" class=\"attachment-large size-large wp-image-63706\" alt=\"Mazo de Mazonovo. Sta Eulalia de Oscos. Asturias\" srcset=\"https:\/\/www.elturistatranquil.com\/wp-content\/uploads\/F49-Mazo-de-Mazonovo.-Sta-Eulalia-de-Oscos.-Asturias.jpg 768w, https:\/\/www.elturistatranquil.com\/wp-content\/uploads\/F49-Mazo-de-Mazonovo.-Sta-Eulalia-de-Oscos.-Asturias-339x226.jpg 339w\" sizes=\"(max-width: 768px) 100vw, 768px\" \/>\t\t\t\t\t\t\t\t\t\t\t<figcaption class=\"widget-image-caption wp-caption-text\"><\/figcaption>\n\t\t\t\t\t\t\t\t\t\t<\/figure>\n\t\t\t\t\t\t\t\t\t<\/div>\n\t\t\t\t<\/div>\n\t\t\t\t<div class=\"elementor-element elementor-element-45f4544 elementor-widget elementor-widget-image\" data-id=\"45f4544\" data-element_type=\"widget\" data-e-type=\"widget\" data-widget_type=\"image.default\">\n\t\t\t\t<div class=\"elementor-widget-container\">\n\t\t\t\t\t\t\t\t\t\t\t\t<figure class=\"wp-caption\">\n\t\t\t\t\t\t\t\t\t\t<img loading=\"lazy\" decoding=\"async\" width=\"768\" height=\"512\" src=\"https:\/\/www.elturistatranquil.com\/wp-content\/uploads\/F50-Mazo-de-Mazonovo.-Sta-Eulalia-de-Oscos.-Asturias.jpg\" class=\"attachment-large size-large wp-image-63708\" alt=\"Mazo de Mazonovo. Sta Eulalia de Oscos. Asturias\" srcset=\"https:\/\/www.elturistatranquil.com\/wp-content\/uploads\/F50-Mazo-de-Mazonovo.-Sta-Eulalia-de-Oscos.-Asturias.jpg 768w, https:\/\/www.elturistatranquil.com\/wp-content\/uploads\/F50-Mazo-de-Mazonovo.-Sta-Eulalia-de-Oscos.-Asturias-339x226.jpg 339w\" sizes=\"(max-width: 768px) 100vw, 768px\" \/>\t\t\t\t\t\t\t\t\t\t\t<figcaption class=\"widget-image-caption wp-caption-text\"><\/figcaption>\n\t\t\t\t\t\t\t\t\t\t<\/figure>\n\t\t\t\t\t\t\t\t\t<\/div>\n\t\t\t\t<\/div>\n\t\t\t\t<div class=\"elementor-element elementor-element-97b54a3 elementor-widget elementor-widget-text-editor\" data-id=\"97b54a3\" data-element_type=\"widget\" data-e-type=\"widget\" data-widget_type=\"text-editor.default\">\n\t\t\t\t<div class=\"elementor-widget-container\">\n\t\t\t\t\t\t\t\t\t<p>En el cam\u00ed de retorn al cotxe, podem observar una aplicaci\u00f3 art\u00edstica a la barana del cam\u00ed.<\/p>\t\t\t\t\t\t\t\t<\/div>\n\t\t\t\t<\/div>\n\t\t\t\t<div class=\"elementor-element elementor-element-1a2f80e elementor-widget elementor-widget-image\" data-id=\"1a2f80e\" data-element_type=\"widget\" data-e-type=\"widget\" data-widget_type=\"image.default\">\n\t\t\t\t<div class=\"elementor-widget-container\">\n\t\t\t\t\t\t\t\t\t\t\t\t<figure class=\"wp-caption\">\n\t\t\t\t\t\t\t\t\t\t<img loading=\"lazy\" decoding=\"async\" width=\"768\" height=\"511\" src=\"https:\/\/www.elturistatranquil.com\/wp-content\/uploads\/F51-Mazo-de-Mazonovo.-Sta-Eulalia-de-Oscos.-Asturias.jpg\" class=\"attachment-large size-large wp-image-63710\" alt=\"Mazo de Mazonovo. Sta Eulalia de Oscos. Asturias\" srcset=\"https:\/\/www.elturistatranquil.com\/wp-content\/uploads\/F51-Mazo-de-Mazonovo.-Sta-Eulalia-de-Oscos.-Asturias.jpg 768w, https:\/\/www.elturistatranquil.com\/wp-content\/uploads\/F51-Mazo-de-Mazonovo.-Sta-Eulalia-de-Oscos.-Asturias-339x226.jpg 339w\" sizes=\"(max-width: 768px) 100vw, 768px\" \/>\t\t\t\t\t\t\t\t\t\t\t<figcaption class=\"widget-image-caption wp-caption-text\"><\/figcaption>\n\t\t\t\t\t\t\t\t\t\t<\/figure>\n\t\t\t\t\t\t\t\t\t<\/div>\n\t\t\t\t<\/div>\n\t\t\t\t<div class=\"elementor-element elementor-element-8c9fa1b elementor-widget elementor-widget-heading\" data-id=\"8c9fa1b\" data-element_type=\"widget\" data-e-type=\"widget\" data-widget_type=\"heading.default\">\n\t\t\t\t<div class=\"elementor-widget-container\">\n\t\t\t\t\t<h3 class=\"elementor-heading-title elementor-size-default\">Trobada de ferrers<\/h3>\t\t\t\t<\/div>\n\t\t\t\t<\/div>\n\t\t\t\t<div class=\"elementor-element elementor-element-6131964 elementor-widget elementor-widget-text-editor\" data-id=\"6131964\" data-element_type=\"widget\" data-e-type=\"widget\" data-widget_type=\"text-editor.default\">\n\t\t\t\t<div class=\"elementor-widget-container\">\n\t\t\t\t\t\t\t\t\t<p>En els darrers anys es ve realitzant a Santa Eulalia de Oscos una <strong><em>Trobada de Ferreiros<\/em><\/strong>. Aquesta trobada biennal (ja que la seva organitzaci\u00f3 s\u2019alterna amb una trobada de caracter\u00edstiques similars que es duu a terme al poble catal\u00e0 d\u2019<strong>Alpens<\/strong>) congrega en aquest Concejo de menys de 500 habitants prop de 60 ferrers vinguts de tots els racons d\u2019Espanya i Europa.<\/p><p>Durant un cap de setmana comparteixen t\u00e8cniques, aprenentatges, hist\u00f2ries i viv\u00e8ncies; i junts donen forma a una escultura conjunta que passa a formar part del poble.<\/p><p>Exemple d\u2019una d\u2019aquestes escultures que es pot gaudir a la pla\u00e7a del poble.<\/p>\t\t\t\t\t\t\t\t<\/div>\n\t\t\t\t<\/div>\n\t\t\t\t<div class=\"elementor-element elementor-element-2204fbd elementor-widget elementor-widget-image\" data-id=\"2204fbd\" data-element_type=\"widget\" data-e-type=\"widget\" data-widget_type=\"image.default\">\n\t\t\t\t<div class=\"elementor-widget-container\">\n\t\t\t\t\t\t\t\t\t\t\t\t<figure class=\"wp-caption\">\n\t\t\t\t\t\t\t\t\t\t<img loading=\"lazy\" decoding=\"async\" width=\"768\" height=\"511\" src=\"https:\/\/www.elturistatranquil.com\/wp-content\/uploads\/F52-Sta-Eulalia-de-Oscos.-Asturias.jpg\" class=\"attachment-large size-large wp-image-63712\" alt=\"Mazo de Mazonovo. Sta Eulalia de Oscos. Asturias\" srcset=\"https:\/\/www.elturistatranquil.com\/wp-content\/uploads\/F52-Sta-Eulalia-de-Oscos.-Asturias.jpg 768w, https:\/\/www.elturistatranquil.com\/wp-content\/uploads\/F52-Sta-Eulalia-de-Oscos.-Asturias-339x226.jpg 339w\" sizes=\"(max-width: 768px) 100vw, 768px\" \/>\t\t\t\t\t\t\t\t\t\t\t<figcaption class=\"widget-image-caption wp-caption-text\"><\/figcaption>\n\t\t\t\t\t\t\t\t\t\t<\/figure>\n\t\t\t\t\t\t\t\t\t<\/div>\n\t\t\t\t<\/div>\n\t\t\t\t<div class=\"elementor-element elementor-element-225c535 elementor-widget elementor-widget-heading\" data-id=\"225c535\" data-element_type=\"widget\" data-e-type=\"widget\" data-widget_type=\"heading.default\">\n\t\t\t\t<div class=\"elementor-widget-container\">\n\t\t\t\t\t<h2 class=\"elementor-heading-title elementor-size-default\">Arquitectura popular a l\u2019entorn<\/h2>\t\t\t\t<\/div>\n\t\t\t\t<\/div>\n\t\t\t\t<div class=\"elementor-element elementor-element-c1d647b elementor-widget elementor-widget-text-editor\" data-id=\"c1d647b\" data-element_type=\"widget\" data-e-type=\"widget\" data-widget_type=\"text-editor.default\">\n\t\t\t\t<div class=\"elementor-widget-container\">\n\t\t\t\t\t\t\t\t\t<p>Abans de finalitzar la presentaci\u00f3, podem observar algun exemple d\u2019arquitectura popular tradicional de la Vall d\u2019Oscos, amb les lloses de pissarra com a mat\u00e8ria primera aut\u00f2ctona, junt amb la fusta als interiors o a les balustrades.<\/p>\t\t\t\t\t\t\t\t<\/div>\n\t\t\t\t<\/div>\n\t\t\t\t<div class=\"elementor-element elementor-element-bbdc98f elementor-widget elementor-widget-image\" data-id=\"bbdc98f\" data-element_type=\"widget\" data-e-type=\"widget\" data-widget_type=\"image.default\">\n\t\t\t\t<div class=\"elementor-widget-container\">\n\t\t\t\t\t\t\t\t\t\t\t\t<figure class=\"wp-caption\">\n\t\t\t\t\t\t\t\t\t\t<img loading=\"lazy\" decoding=\"async\" width=\"768\" height=\"511\" src=\"https:\/\/www.elturistatranquil.com\/wp-content\/uploads\/F53-Mazo-de-Mazonovo.-Sta-Eulalia-de-Oscos.-Asturias.jpg\" class=\"attachment-large size-large wp-image-63714\" alt=\"Mazo de Mazonovo. Sta Eulalia de Oscos. Asturias\" srcset=\"https:\/\/www.elturistatranquil.com\/wp-content\/uploads\/F53-Mazo-de-Mazonovo.-Sta-Eulalia-de-Oscos.-Asturias.jpg 768w, https:\/\/www.elturistatranquil.com\/wp-content\/uploads\/F53-Mazo-de-Mazonovo.-Sta-Eulalia-de-Oscos.-Asturias-339x226.jpg 339w\" sizes=\"(max-width: 768px) 100vw, 768px\" \/>\t\t\t\t\t\t\t\t\t\t\t<figcaption class=\"widget-image-caption wp-caption-text\"><\/figcaption>\n\t\t\t\t\t\t\t\t\t\t<\/figure>\n\t\t\t\t\t\t\t\t\t<\/div>\n\t\t\t\t<\/div>\n\t\t\t\t<div class=\"elementor-element elementor-element-330fde0 elementor-widget elementor-widget-image\" data-id=\"330fde0\" data-element_type=\"widget\" data-e-type=\"widget\" data-widget_type=\"image.default\">\n\t\t\t\t<div class=\"elementor-widget-container\">\n\t\t\t\t\t\t\t\t\t\t\t\t<figure class=\"wp-caption\">\n\t\t\t\t\t\t\t\t\t\t<img loading=\"lazy\" decoding=\"async\" width=\"768\" height=\"511\" src=\"https:\/\/www.elturistatranquil.com\/wp-content\/uploads\/F54-Mazo-de-Mazonovo.-Sta-Eulalia-de-Oscos.-Asturias.jpg\" class=\"attachment-large size-large wp-image-63716\" alt=\"Mazo de Mazonovo. Sta Eulalia de Oscos. Asturias\" srcset=\"https:\/\/www.elturistatranquil.com\/wp-content\/uploads\/F54-Mazo-de-Mazonovo.-Sta-Eulalia-de-Oscos.-Asturias.jpg 768w, https:\/\/www.elturistatranquil.com\/wp-content\/uploads\/F54-Mazo-de-Mazonovo.-Sta-Eulalia-de-Oscos.-Asturias-339x226.jpg 339w\" sizes=\"(max-width: 768px) 100vw, 768px\" \/>\t\t\t\t\t\t\t\t\t\t\t<figcaption class=\"widget-image-caption wp-caption-text\"><\/figcaption>\n\t\t\t\t\t\t\t\t\t\t<\/figure>\n\t\t\t\t\t\t\t\t\t<\/div>\n\t\t\t\t<\/div>\n\t\t\t\t<div class=\"elementor-element elementor-element-c97dc51 elementor-widget elementor-widget-text-editor\" data-id=\"c97dc51\" data-element_type=\"widget\" data-e-type=\"widget\" data-widget_type=\"text-editor.default\">\n\t\t\t\t<div class=\"elementor-widget-container\">\n\t\t\t\t\t\t\t\t\t<p>Aquest edifici serveix de refer\u00e8ncia a la carreta per prendre el desviament cap al martinet.<\/p>\t\t\t\t\t\t\t\t<\/div>\n\t\t\t\t<\/div>\n\t\t\t\t<div class=\"elementor-element elementor-element-1aabfd5 elementor-widget elementor-widget-image\" data-id=\"1aabfd5\" data-element_type=\"widget\" data-e-type=\"widget\" data-widget_type=\"image.default\">\n\t\t\t\t<div class=\"elementor-widget-container\">\n\t\t\t\t\t\t\t\t\t\t\t\t<figure class=\"wp-caption\">\n\t\t\t\t\t\t\t\t\t\t<img loading=\"lazy\" decoding=\"async\" width=\"768\" height=\"511\" src=\"https:\/\/www.elturistatranquil.com\/wp-content\/uploads\/F55-Mazonovo.-Sta-Eulalia-de-Oscos.-Asturias.jpg\" class=\"attachment-large size-large wp-image-63718\" alt=\"Mazo de Mazonovo. Sta Eulalia de Oscos. Asturias\" srcset=\"https:\/\/www.elturistatranquil.com\/wp-content\/uploads\/F55-Mazonovo.-Sta-Eulalia-de-Oscos.-Asturias.jpg 768w, https:\/\/www.elturistatranquil.com\/wp-content\/uploads\/F55-Mazonovo.-Sta-Eulalia-de-Oscos.-Asturias-339x226.jpg 339w\" sizes=\"(max-width: 768px) 100vw, 768px\" \/>\t\t\t\t\t\t\t\t\t\t\t<figcaption class=\"widget-image-caption wp-caption-text\"><\/figcaption>\n\t\t\t\t\t\t\t\t\t\t<\/figure>\n\t\t\t\t\t\t\t\t\t<\/div>\n\t\t\t\t<\/div>\n\t\t\t\t<div class=\"elementor-element elementor-element-84efc76 elementor-widget elementor-widget-heading\" data-id=\"84efc76\" data-element_type=\"widget\" data-e-type=\"widget\" data-widget_type=\"heading.default\">\n\t\t\t\t<div class=\"elementor-widget-container\">\n\t\t\t\t\t<h2 class=\"elementor-heading-title elementor-size-default\">Fi de la visita<\/h2>\t\t\t\t<\/div>\n\t\t\t\t<\/div>\n\t\t\t\t<div class=\"elementor-element elementor-element-033ab10 elementor-widget elementor-widget-text-editor\" data-id=\"033ab10\" data-element_type=\"widget\" data-e-type=\"widget\" data-widget_type=\"text-editor.default\">\n\t\t\t\t<div class=\"elementor-widget-container\">\n\t\t\t\t\t\t\t\t\t<p>Reforcem la idea de la utilitat que, sempre que sigui possible, es doni vida al patrimoni. Al <strong>Mazo de Mazonovo<\/strong>, despr\u00e9s de m\u00e9s de dues d\u00e8cades de la seva rehabilitaci\u00f3, el martinet continua actiu i s\u2019empra tant en demostracions al p\u00fablic com en la producci\u00f3 de peces de forja. Per conseq\u00fcent, el Mazo de Mazonovo no \u00e9s un museu o una rel\u00edquia, sin\u00f3 una instal\u00b7laci\u00f3 en funcionament que fa perviure i dona utilitat a oficis ancestrals.<\/p><p>La historiografia recent sobre el mateix martinet destaca el seu car\u00e0cter de martinet hidr\u00e0ulic encara actiu, reconvertit en conjunt etnogr\u00e0fic gestionat per ferrers en exercici, cosa que permet articular una continu\u00eftat entre usos hist\u00f2rics i reinterpretaci\u00f3 patrimonial contempor\u00e0nia.<\/p><p>Com assenyala <a href=\"https:\/\/www.traditionalarchitecturejournal.com\/index.php\/home\/article\/download\/886\/262\" target=\"_blank\" rel=\"noopener\"><strong><em>Friedrich Bramsteidl<\/em><\/strong><\/a><a href=\"https:\/\/www.traditionalarchitecturejournal.com\/index.php\/home\/article\/download\/886\/262\" target=\"_blank\" rel=\"noopener\">,\u00a0<\/a>\u00e0nima d\u2019aquest projecte \u201cEl seu manteniment operatiu permet conservar no nom\u00e9s un mecanisme hist\u00f2ric, sin\u00f3 tamb\u00e9 una manera de treballar basada en la precisi\u00f3 manual, l\u2019aprofitament racional de l\u2019energia i l\u2019adaptaci\u00f3 a les condicions naturals de l\u2019entorn. El seu \u00fas assegura la transmissi\u00f3 de coneixements emp\u00edrics essencials per comprendre la tecnologia del ferro anterior a la mecanitzaci\u00f3 moderna. Mantenir-lo actiu permet conservar un testimoni \u00fanic de l\u2019enginyeria preindustrial i de la cultura t\u00e8cnica que va sustentar durant segles l\u2019ofici del ferrer.\u201d<\/p><p>Aquesta traject\u00f2ria converteix el lloc en un cas d\u2019estudi sobre les \u00absegones vides\u00bb del patrimoni industrial, on la preservaci\u00f3 material de l\u2019enginy va associada a la transmissi\u00f3 de t\u00e8cniques, repertoris formals i sabers de l\u2019ofici.<\/p>\t\t\t\t\t\t\t\t<\/div>\n\t\t\t\t<\/div>\n\t\t\t\t<div class=\"elementor-element elementor-element-a2193d0 elementor-widget elementor-widget-heading\" data-id=\"a2193d0\" data-element_type=\"widget\" data-e-type=\"widget\" data-widget_type=\"heading.default\">\n\t\t\t\t<div class=\"elementor-widget-container\">\n\t\t\t\t\t<h2 class=\"elementor-heading-title elementor-size-default\">Bases d\u2019informaci\u00f3 <\/h2>\t\t\t\t<\/div>\n\t\t\t\t<\/div>\n\t\t\t\t<div class=\"elementor-element elementor-element-c006df8 elementor-widget elementor-widget-text-editor\" data-id=\"c006df8\" data-element_type=\"widget\" data-e-type=\"widget\" data-widget_type=\"text-editor.default\">\n\t\t\t\t<div class=\"elementor-widget-container\">\n\t\t\t\t\t\t\t\t\t<p><strong>Webs<\/strong><\/p><p><a href=\"https:\/\/ferreirosdemazonovo.com\/\" target=\"_blank\" rel=\"noopener\">ferreirosdemazonovo<\/a><\/p><p><a href=\"https:\/\/www.oscoseoturismo.com\/que-ver-y-que-hacer\/herreria-de-mazonovo\/\" target=\"_blank\" rel=\"noopener\">oscoseoturismo<\/a><br \/><a href=\"https:\/\/asturias.com\/mazonovo-santa-eulalia\/\" target=\"_blank\" rel=\"noopener\">asturias.com<\/a><br \/><a href=\"https:\/\/mapas.turismo-oscoseo.com\/es\/etnografia\/resource\/mazo-de-mazonovo\" target=\"_blank\" rel=\"noopener\">mapas.turismo-oscoseo<\/a><br \/><a href=\"https:\/\/inventario-patrimonio-cultural.asturias.me\/comarca-de-oscos-eo\/c\/0\/i\/86007974\/mazo\" target=\"_blank\" rel=\"noopener\">inventario-patrimonio-cultural.asturias<\/a><\/p><p>Bramsteidl, Friedrich (2025). <a href=\"https:\/\/www.traditionalarchitecturejournal.com\/index.php\/home\/article\/download\/886\/262\" target=\"_blank\" rel=\"noopener\"><em>Una fragua hidr\u00e1ulica en activo: El Mazo de Mazonovo y la forja del hierro en Asturias<\/em><\/a><br \/>L\u00f3pez \u00c1lvarez, J. (1996). <a href=\"https:\/\/redmeda-publicaciones.s3.eu-de.cloud-object-storage.appdomain.cloud\/redmeda_ferrerias_1996.pdf\" target=\"_blank\" rel=\"noopener\"><em>Ferrer\u00edas, Mazos y Fraguas: El fierru na vida tradicional <\/em><\/a><br \/>Balboa de Paz, Jos\u00e9 A. (2016). <a href=\"https:\/\/oppidum.es\/oppidum-12-pdf\/opp12.11_balboa_ferrerias.y.machucos.pdf\" target=\"_blank\" rel=\"noopener\"><em>Ferrer\u00edas y machucos en el noroeste de Espa\u00f1a en los siglos XVI al XIX<\/em><\/a><\/p>\t\t\t\t\t\t\t\t<\/div>\n\t\t\t\t<\/div>\n\t\t\t\t\t<\/div>\n\t\t<\/div>\n\t\t\t\t\t<\/div>\n\t\t<\/section>\n\t\t\t\t<\/div>\n\t\t","protected":false},"excerpt":{"rendered":"<p>El Mazo de Mazonovo, a la Vall d&#8217;Oscos (Ast\u00faries) \u00e9s un martinet hidr\u00e0ulic encara actiu, reconvertit en conjunt etnogr\u00e0fic gestionat per ferrers en exercici. Mazo de Mazonovo (Ast\u00faries) Mazo de &#8230; <a title=\"Mazo de Mazonovo (Ast\u00faries)\" class=\"read-more\" href=\"https:\/\/www.elturistatranquil.com\/ca\/mazo-de-mazonovo-asturies\/\" aria-label=\"M\u00e9s informaci\u00f3 sobre Mazo de Mazonovo (Ast\u00faries)\">[ &#8230; ]<\/a><\/p>\n","protected":false},"author":1,"featured_media":63723,"comment_status":"open","ping_status":"closed","sticky":false,"template":"","format":"standard","meta":{"footnotes":""},"categories":[70,71,125,78,81,87,69,106,107],"tags":[],"class_list":["post-63744","post","type-post","status-publish","format-standard","has-post-thumbnail","hentry","category-arquitectura-civil-ca","category-arquitectura-popular-ca","category-asturias-ca","category-cultura-rural-ca","category-etnografia-ca","category-joies-al-territori","category-arqueologia-industrial-ca","category-segle-xviii-xix","category-segle-xx-xxi","infinite-scroll-item","generate-columns","tablet-grid-50","mobile-grid-100","grid-parent","grid-50","no-featured-image-padding"],"yoast_head":"<!-- This site is optimized with the Yoast SEO plugin v27.4 - https:\/\/yoast.com\/product\/yoast-seo-wordpress\/ -->\n<title>Mazo de Mazonovo (Ast\u00faries) - El turista tranquil<\/title>\n<meta name=\"description\" content=\"El Mazo de Mazonovo, a la Vall d&#039;Oscos (Ast\u00faries) \u00e9s un martinet hidr\u00e0ulic encara actiu, reconvertit en conjunt etnogr\u00e0fic gestionat per ferrers en exercici.\" \/>\n<meta name=\"robots\" content=\"index, follow, max-snippet:-1, max-image-preview:large, max-video-preview:-1\" \/>\n<link rel=\"canonical\" href=\"https:\/\/www.elturistatranquil.com\/ca\/mazo-de-mazonovo-asturies\/\" \/>\n<meta property=\"og:locale\" content=\"ca_ES\" \/>\n<meta property=\"og:type\" content=\"article\" \/>\n<meta property=\"og:title\" content=\"Mazo de Mazonovo (Ast\u00faries) - El turista tranquil\" \/>\n<meta property=\"og:description\" content=\"El Mazo de Mazonovo, a la Vall d&#039;Oscos (Ast\u00faries) \u00e9s un martinet hidr\u00e0ulic encara actiu, reconvertit en conjunt etnogr\u00e0fic gestionat per ferrers en exercici.\" \/>\n<meta property=\"og:url\" content=\"https:\/\/www.elturistatranquil.com\/ca\/mazo-de-mazonovo-asturies\/\" \/>\n<meta property=\"og:site_name\" content=\"El turista tranquil\" \/>\n<meta property=\"article:publisher\" content=\"https:\/\/www.facebook.com\/elturistatranquilo\/\" \/>\n<meta property=\"article:published_time\" content=\"2026-01-10T18:28:06+00:00\" \/>\n<meta property=\"article:modified_time\" content=\"2026-01-12T18:35:56+00:00\" \/>\n<meta property=\"og:image\" content=\"https:\/\/www.elturistatranquil.com\/wp-content\/uploads\/F00-Mazo-de-Mazonovo.-Sta-Eulalia-de-Oscos.-Asturias.jpg\" \/>\n\t<meta property=\"og:image:width\" content=\"768\" \/>\n\t<meta property=\"og:image:height\" content=\"511\" \/>\n\t<meta property=\"og:image:type\" content=\"image\/jpeg\" \/>\n<meta name=\"author\" content=\"admin\" \/>\n<meta name=\"twitter:card\" content=\"summary_large_image\" \/>\n<meta name=\"twitter:label1\" content=\"Escrit per\" \/>\n\t<meta name=\"twitter:data1\" content=\"admin\" \/>\n\t<meta name=\"twitter:label2\" content=\"Temps estimat de lectura\" \/>\n\t<meta name=\"twitter:data2\" content=\"33 minuts\" \/>\n<script type=\"application\/ld+json\" class=\"yoast-schema-graph\">{\"@context\":\"https:\\\/\\\/schema.org\",\"@graph\":[{\"@type\":\"Article\",\"@id\":\"https:\\\/\\\/www.elturistatranquil.com\\\/ca\\\/mazo-de-mazonovo-asturies\\\/#article\",\"isPartOf\":{\"@id\":\"https:\\\/\\\/www.elturistatranquil.com\\\/ca\\\/mazo-de-mazonovo-asturies\\\/\"},\"author\":{\"name\":\"admin\",\"@id\":\"https:\\\/\\\/www.elturistatranquil.com\\\/ca\\\/#\\\/schema\\\/person\\\/16f607c3079b96ed0c530a52e6b58bb5\"},\"headline\":\"Mazo de Mazonovo (Ast\u00faries)\",\"datePublished\":\"2026-01-10T18:28:06+00:00\",\"dateModified\":\"2026-01-12T18:35:56+00:00\",\"mainEntityOfPage\":{\"@id\":\"https:\\\/\\\/www.elturistatranquil.com\\\/ca\\\/mazo-de-mazonovo-asturies\\\/\"},\"wordCount\":4252,\"commentCount\":0,\"image\":{\"@id\":\"https:\\\/\\\/www.elturistatranquil.com\\\/ca\\\/mazo-de-mazonovo-asturies\\\/#primaryimage\"},\"thumbnailUrl\":\"https:\\\/\\\/www.elturistatranquil.com\\\/wp-content\\\/uploads\\\/F00-Mazo-de-Mazonovo.-Sta-Eulalia-de-Oscos.-Asturias.jpg\",\"articleSection\":[\"Arquitectura civil\",\"Arquitectura popular\",\"Ast\u00faries\",\"Cultura rural\",\"Etnografia\",\"Joies al territori\",\"Patrimoni econ\u00f2mic\\\/productiu\",\"Segle XVIII-XIX\",\"Segle XX-XXI\"],\"inLanguage\":\"ca\",\"potentialAction\":[{\"@type\":\"CommentAction\",\"name\":\"Comment\",\"target\":[\"https:\\\/\\\/www.elturistatranquil.com\\\/ca\\\/mazo-de-mazonovo-asturies\\\/#respond\"]}]},{\"@type\":\"WebPage\",\"@id\":\"https:\\\/\\\/www.elturistatranquil.com\\\/ca\\\/mazo-de-mazonovo-asturies\\\/\",\"url\":\"https:\\\/\\\/www.elturistatranquil.com\\\/ca\\\/mazo-de-mazonovo-asturies\\\/\",\"name\":\"Mazo de Mazonovo (Ast\u00faries) - El turista tranquil\",\"isPartOf\":{\"@id\":\"https:\\\/\\\/www.elturistatranquil.com\\\/ca\\\/#website\"},\"primaryImageOfPage\":{\"@id\":\"https:\\\/\\\/www.elturistatranquil.com\\\/ca\\\/mazo-de-mazonovo-asturies\\\/#primaryimage\"},\"image\":{\"@id\":\"https:\\\/\\\/www.elturistatranquil.com\\\/ca\\\/mazo-de-mazonovo-asturies\\\/#primaryimage\"},\"thumbnailUrl\":\"https:\\\/\\\/www.elturistatranquil.com\\\/wp-content\\\/uploads\\\/F00-Mazo-de-Mazonovo.-Sta-Eulalia-de-Oscos.-Asturias.jpg\",\"datePublished\":\"2026-01-10T18:28:06+00:00\",\"dateModified\":\"2026-01-12T18:35:56+00:00\",\"author\":{\"@id\":\"https:\\\/\\\/www.elturistatranquil.com\\\/ca\\\/#\\\/schema\\\/person\\\/16f607c3079b96ed0c530a52e6b58bb5\"},\"description\":\"El Mazo de Mazonovo, a la Vall d'Oscos (Ast\u00faries) \u00e9s un martinet hidr\u00e0ulic encara actiu, reconvertit en conjunt etnogr\u00e0fic gestionat per ferrers en exercici.\",\"breadcrumb\":{\"@id\":\"https:\\\/\\\/www.elturistatranquil.com\\\/ca\\\/mazo-de-mazonovo-asturies\\\/#breadcrumb\"},\"inLanguage\":\"ca\",\"potentialAction\":[{\"@type\":\"ReadAction\",\"target\":[\"https:\\\/\\\/www.elturistatranquil.com\\\/ca\\\/mazo-de-mazonovo-asturies\\\/\"]}]},{\"@type\":\"ImageObject\",\"inLanguage\":\"ca\",\"@id\":\"https:\\\/\\\/www.elturistatranquil.com\\\/ca\\\/mazo-de-mazonovo-asturies\\\/#primaryimage\",\"url\":\"https:\\\/\\\/www.elturistatranquil.com\\\/wp-content\\\/uploads\\\/F00-Mazo-de-Mazonovo.-Sta-Eulalia-de-Oscos.-Asturias.jpg\",\"contentUrl\":\"https:\\\/\\\/www.elturistatranquil.com\\\/wp-content\\\/uploads\\\/F00-Mazo-de-Mazonovo.-Sta-Eulalia-de-Oscos.-Asturias.jpg\",\"width\":768,\"height\":511,\"caption\":\"Mazo de Mazonovo. Sta Eulalia de Oscos. Asturias\"},{\"@type\":\"BreadcrumbList\",\"@id\":\"https:\\\/\\\/www.elturistatranquil.com\\\/ca\\\/mazo-de-mazonovo-asturies\\\/#breadcrumb\",\"itemListElement\":[{\"@type\":\"ListItem\",\"position\":1,\"name\":\"Portada\",\"item\":\"https:\\\/\\\/www.elturistatranquil.com\\\/ca\\\/\"},{\"@type\":\"ListItem\",\"position\":2,\"name\":\"Mazo de Mazonovo (Ast\u00faries)\"}]},{\"@type\":\"WebSite\",\"@id\":\"https:\\\/\\\/www.elturistatranquil.com\\\/ca\\\/#website\",\"url\":\"https:\\\/\\\/www.elturistatranquil.com\\\/ca\\\/\",\"name\":\"El turista tranquil\",\"description\":\"Blog de viatges\",\"potentialAction\":[{\"@type\":\"SearchAction\",\"target\":{\"@type\":\"EntryPoint\",\"urlTemplate\":\"https:\\\/\\\/www.elturistatranquil.com\\\/ca\\\/?s={search_term_string}\"},\"query-input\":{\"@type\":\"PropertyValueSpecification\",\"valueRequired\":true,\"valueName\":\"search_term_string\"}}],\"inLanguage\":\"ca\"},{\"@type\":\"Person\",\"@id\":\"https:\\\/\\\/www.elturistatranquil.com\\\/ca\\\/#\\\/schema\\\/person\\\/16f607c3079b96ed0c530a52e6b58bb5\",\"name\":\"admin\",\"image\":{\"@type\":\"ImageObject\",\"inLanguage\":\"ca\",\"@id\":\"https:\\\/\\\/secure.gravatar.com\\\/avatar\\\/1fbaf22aee75fcbb29a2f97b107f95d25d3a19b7c3416105be10269872673e8d?s=96&d=mm&r=g\",\"url\":\"https:\\\/\\\/secure.gravatar.com\\\/avatar\\\/1fbaf22aee75fcbb29a2f97b107f95d25d3a19b7c3416105be10269872673e8d?s=96&d=mm&r=g\",\"contentUrl\":\"https:\\\/\\\/secure.gravatar.com\\\/avatar\\\/1fbaf22aee75fcbb29a2f97b107f95d25d3a19b7c3416105be10269872673e8d?s=96&d=mm&r=g\",\"caption\":\"admin\"}}]}<\/script>\n<!-- \/ Yoast SEO plugin. -->","yoast_head_json":{"title":"Mazo de Mazonovo (Ast\u00faries) - El turista tranquil","description":"El Mazo de Mazonovo, a la Vall d'Oscos (Ast\u00faries) \u00e9s un martinet hidr\u00e0ulic encara actiu, reconvertit en conjunt etnogr\u00e0fic gestionat per ferrers en exercici.","robots":{"index":"index","follow":"follow","max-snippet":"max-snippet:-1","max-image-preview":"max-image-preview:large","max-video-preview":"max-video-preview:-1"},"canonical":"https:\/\/www.elturistatranquil.com\/ca\/mazo-de-mazonovo-asturies\/","og_locale":"ca_ES","og_type":"article","og_title":"Mazo de Mazonovo (Ast\u00faries) - El turista tranquil","og_description":"El Mazo de Mazonovo, a la Vall d'Oscos (Ast\u00faries) \u00e9s un martinet hidr\u00e0ulic encara actiu, reconvertit en conjunt etnogr\u00e0fic gestionat per ferrers en exercici.","og_url":"https:\/\/www.elturistatranquil.com\/ca\/mazo-de-mazonovo-asturies\/","og_site_name":"El turista tranquil","article_publisher":"https:\/\/www.facebook.com\/elturistatranquilo\/","article_published_time":"2026-01-10T18:28:06+00:00","article_modified_time":"2026-01-12T18:35:56+00:00","og_image":[{"width":768,"height":511,"url":"https:\/\/www.elturistatranquil.com\/wp-content\/uploads\/F00-Mazo-de-Mazonovo.-Sta-Eulalia-de-Oscos.-Asturias.jpg","type":"image\/jpeg"}],"author":"admin","twitter_card":"summary_large_image","twitter_misc":{"Escrit per":"admin","Temps estimat de lectura":"33 minuts"},"schema":{"@context":"https:\/\/schema.org","@graph":[{"@type":"Article","@id":"https:\/\/www.elturistatranquil.com\/ca\/mazo-de-mazonovo-asturies\/#article","isPartOf":{"@id":"https:\/\/www.elturistatranquil.com\/ca\/mazo-de-mazonovo-asturies\/"},"author":{"name":"admin","@id":"https:\/\/www.elturistatranquil.com\/ca\/#\/schema\/person\/16f607c3079b96ed0c530a52e6b58bb5"},"headline":"Mazo de Mazonovo (Ast\u00faries)","datePublished":"2026-01-10T18:28:06+00:00","dateModified":"2026-01-12T18:35:56+00:00","mainEntityOfPage":{"@id":"https:\/\/www.elturistatranquil.com\/ca\/mazo-de-mazonovo-asturies\/"},"wordCount":4252,"commentCount":0,"image":{"@id":"https:\/\/www.elturistatranquil.com\/ca\/mazo-de-mazonovo-asturies\/#primaryimage"},"thumbnailUrl":"https:\/\/www.elturistatranquil.com\/wp-content\/uploads\/F00-Mazo-de-Mazonovo.-Sta-Eulalia-de-Oscos.-Asturias.jpg","articleSection":["Arquitectura civil","Arquitectura popular","Ast\u00faries","Cultura rural","Etnografia","Joies al territori","Patrimoni econ\u00f2mic\/productiu","Segle XVIII-XIX","Segle XX-XXI"],"inLanguage":"ca","potentialAction":[{"@type":"CommentAction","name":"Comment","target":["https:\/\/www.elturistatranquil.com\/ca\/mazo-de-mazonovo-asturies\/#respond"]}]},{"@type":"WebPage","@id":"https:\/\/www.elturistatranquil.com\/ca\/mazo-de-mazonovo-asturies\/","url":"https:\/\/www.elturistatranquil.com\/ca\/mazo-de-mazonovo-asturies\/","name":"Mazo de Mazonovo (Ast\u00faries) - El turista tranquil","isPartOf":{"@id":"https:\/\/www.elturistatranquil.com\/ca\/#website"},"primaryImageOfPage":{"@id":"https:\/\/www.elturistatranquil.com\/ca\/mazo-de-mazonovo-asturies\/#primaryimage"},"image":{"@id":"https:\/\/www.elturistatranquil.com\/ca\/mazo-de-mazonovo-asturies\/#primaryimage"},"thumbnailUrl":"https:\/\/www.elturistatranquil.com\/wp-content\/uploads\/F00-Mazo-de-Mazonovo.-Sta-Eulalia-de-Oscos.-Asturias.jpg","datePublished":"2026-01-10T18:28:06+00:00","dateModified":"2026-01-12T18:35:56+00:00","author":{"@id":"https:\/\/www.elturistatranquil.com\/ca\/#\/schema\/person\/16f607c3079b96ed0c530a52e6b58bb5"},"description":"El Mazo de Mazonovo, a la Vall d'Oscos (Ast\u00faries) \u00e9s un martinet hidr\u00e0ulic encara actiu, reconvertit en conjunt etnogr\u00e0fic gestionat per ferrers en exercici.","breadcrumb":{"@id":"https:\/\/www.elturistatranquil.com\/ca\/mazo-de-mazonovo-asturies\/#breadcrumb"},"inLanguage":"ca","potentialAction":[{"@type":"ReadAction","target":["https:\/\/www.elturistatranquil.com\/ca\/mazo-de-mazonovo-asturies\/"]}]},{"@type":"ImageObject","inLanguage":"ca","@id":"https:\/\/www.elturistatranquil.com\/ca\/mazo-de-mazonovo-asturies\/#primaryimage","url":"https:\/\/www.elturistatranquil.com\/wp-content\/uploads\/F00-Mazo-de-Mazonovo.-Sta-Eulalia-de-Oscos.-Asturias.jpg","contentUrl":"https:\/\/www.elturistatranquil.com\/wp-content\/uploads\/F00-Mazo-de-Mazonovo.-Sta-Eulalia-de-Oscos.-Asturias.jpg","width":768,"height":511,"caption":"Mazo de Mazonovo. Sta Eulalia de Oscos. Asturias"},{"@type":"BreadcrumbList","@id":"https:\/\/www.elturistatranquil.com\/ca\/mazo-de-mazonovo-asturies\/#breadcrumb","itemListElement":[{"@type":"ListItem","position":1,"name":"Portada","item":"https:\/\/www.elturistatranquil.com\/ca\/"},{"@type":"ListItem","position":2,"name":"Mazo de Mazonovo (Ast\u00faries)"}]},{"@type":"WebSite","@id":"https:\/\/www.elturistatranquil.com\/ca\/#website","url":"https:\/\/www.elturistatranquil.com\/ca\/","name":"El turista tranquil","description":"Blog de viatges","potentialAction":[{"@type":"SearchAction","target":{"@type":"EntryPoint","urlTemplate":"https:\/\/www.elturistatranquil.com\/ca\/?s={search_term_string}"},"query-input":{"@type":"PropertyValueSpecification","valueRequired":true,"valueName":"search_term_string"}}],"inLanguage":"ca"},{"@type":"Person","@id":"https:\/\/www.elturistatranquil.com\/ca\/#\/schema\/person\/16f607c3079b96ed0c530a52e6b58bb5","name":"admin","image":{"@type":"ImageObject","inLanguage":"ca","@id":"https:\/\/secure.gravatar.com\/avatar\/1fbaf22aee75fcbb29a2f97b107f95d25d3a19b7c3416105be10269872673e8d?s=96&d=mm&r=g","url":"https:\/\/secure.gravatar.com\/avatar\/1fbaf22aee75fcbb29a2f97b107f95d25d3a19b7c3416105be10269872673e8d?s=96&d=mm&r=g","contentUrl":"https:\/\/secure.gravatar.com\/avatar\/1fbaf22aee75fcbb29a2f97b107f95d25d3a19b7c3416105be10269872673e8d?s=96&d=mm&r=g","caption":"admin"}}]}},"_links":{"self":[{"href":"https:\/\/www.elturistatranquil.com\/ca\/wp-json\/wp\/v2\/posts\/63744","targetHints":{"allow":["GET"]}}],"collection":[{"href":"https:\/\/www.elturistatranquil.com\/ca\/wp-json\/wp\/v2\/posts"}],"about":[{"href":"https:\/\/www.elturistatranquil.com\/ca\/wp-json\/wp\/v2\/types\/post"}],"author":[{"embeddable":true,"href":"https:\/\/www.elturistatranquil.com\/ca\/wp-json\/wp\/v2\/users\/1"}],"replies":[{"embeddable":true,"href":"https:\/\/www.elturistatranquil.com\/ca\/wp-json\/wp\/v2\/comments?post=63744"}],"version-history":[{"count":10,"href":"https:\/\/www.elturistatranquil.com\/ca\/wp-json\/wp\/v2\/posts\/63744\/revisions"}],"predecessor-version":[{"id":63757,"href":"https:\/\/www.elturistatranquil.com\/ca\/wp-json\/wp\/v2\/posts\/63744\/revisions\/63757"}],"wp:featuredmedia":[{"embeddable":true,"href":"https:\/\/www.elturistatranquil.com\/ca\/wp-json\/wp\/v2\/media\/63723"}],"wp:attachment":[{"href":"https:\/\/www.elturistatranquil.com\/ca\/wp-json\/wp\/v2\/media?parent=63744"}],"wp:term":[{"taxonomy":"category","embeddable":true,"href":"https:\/\/www.elturistatranquil.com\/ca\/wp-json\/wp\/v2\/categories?post=63744"},{"taxonomy":"post_tag","embeddable":true,"href":"https:\/\/www.elturistatranquil.com\/ca\/wp-json\/wp\/v2\/tags?post=63744"}],"curies":[{"name":"wp","href":"https:\/\/api.w.org\/{rel}","templated":true}]}}