{"id":65127,"date":"2026-04-11T13:26:49","date_gmt":"2026-04-11T11:26:49","guid":{"rendered":"https:\/\/www.elturistatranquil.com\/?p=65127"},"modified":"2026-05-03T13:37:46","modified_gmt":"2026-05-03T11:37:46","slug":"la-carlota-poblacio-programada-cordova","status":"publish","type":"post","link":"https:\/\/www.elturistatranquil.com\/ca\/la-carlota-poblacio-programada-cordova\/","title":{"rendered":"La Carlota, poblaci\u00f3 programada (C\u00f2rdova)"},"content":{"rendered":"\t\t<div data-elementor-type=\"wp-post\" data-elementor-id=\"65127\" class=\"elementor elementor-65127 elementor-64875\" data-elementor-post-type=\"post\">\n\t\t\t\t\t\t<section class=\"elementor-section elementor-top-section elementor-element elementor-element-6526a97a elementor-section-boxed elementor-section-height-default elementor-section-height-default\" data-id=\"6526a97a\" data-element_type=\"section\" data-e-type=\"section\">\n\t\t\t\t\t\t<div class=\"elementor-container elementor-column-gap-default\">\n\t\t\t\t\t<div class=\"elementor-column elementor-col-100 elementor-top-column elementor-element elementor-element-12f1081f\" data-id=\"12f1081f\" data-element_type=\"column\" data-e-type=\"column\">\n\t\t\t<div class=\"elementor-widget-wrap elementor-element-populated\">\n\t\t\t\t\t\t<section class=\"elementor-section elementor-inner-section elementor-element elementor-element-277be71c elementor-section-content-middle elementor-section-boxed elementor-section-height-default elementor-section-height-default\" data-id=\"277be71c\" data-element_type=\"section\" data-e-type=\"section\">\n\t\t\t\t\t\t<div class=\"elementor-container elementor-column-gap-default\">\n\t\t\t\t\t<div class=\"elementor-column elementor-col-100 elementor-inner-column elementor-element elementor-element-4f4c5c06\" data-id=\"4f4c5c06\" data-element_type=\"column\" data-e-type=\"column\">\n\t\t\t<div class=\"elementor-widget-wrap elementor-element-populated\">\n\t\t\t\t\t\t<div class=\"elementor-element elementor-element-6566e259 elementor-widget elementor-widget-text-editor\" data-id=\"6566e259\" data-element_type=\"widget\" data-e-type=\"widget\" data-widget_type=\"text-editor.default\">\n\t\t\t\t<div class=\"elementor-widget-container\">\n\t\t\t\t\t\t\t\t\t<p><strong>La Carlota <\/strong>(C\u00f2rdova) forma part d\u00b4un dels casos d\u00b4assentaments programades m\u00e9s interessants de la hist\u00f2ria d\u00b4Espanya, amb la implantaci\u00f3 de les Noves poblacions de Carlos III al segle XVIII.<\/p>\t\t\t\t\t\t\t\t<\/div>\n\t\t\t\t<\/div>\n\t\t\t\t\t<\/div>\n\t\t<\/div>\n\t\t\t\t\t<\/div>\n\t\t<\/section>\n\t\t\t\t<div class=\"elementor-element elementor-element-59d67fcc elementor-widget elementor-widget-heading\" data-id=\"59d67fcc\" data-element_type=\"widget\" data-e-type=\"widget\" data-widget_type=\"heading.default\">\n\t\t\t\t<div class=\"elementor-widget-container\">\n\t\t\t\t\t<h1 class=\"elementor-heading-title elementor-size-default\">La Carlota, poblaci\u00f3 programada (C\u00f2rdova)<\/h1>\t\t\t\t<\/div>\n\t\t\t\t<\/div>\n\t\t\t\t\t<\/div>\n\t\t<\/div>\n\t\t\t\t\t<\/div>\n\t\t<\/section>\n\t\t\t\t<section class=\"elementor-section elementor-top-section elementor-element elementor-element-d2305f0 elementor-section-boxed elementor-section-height-default elementor-section-height-default\" data-id=\"d2305f0\" data-element_type=\"section\" data-e-type=\"section\">\n\t\t\t\t\t\t<div class=\"elementor-container elementor-column-gap-default\">\n\t\t\t\t\t<div class=\"elementor-column elementor-col-100 elementor-top-column elementor-element elementor-element-4eb32f5f\" data-id=\"4eb32f5f\" data-element_type=\"column\" data-e-type=\"column\">\n\t\t\t<div class=\"elementor-widget-wrap elementor-element-populated\">\n\t\t\t\t\t\t<div class=\"elementor-element elementor-element-641a34e6 elementor-widget elementor-widget-image\" data-id=\"641a34e6\" data-element_type=\"widget\" data-e-type=\"widget\" data-widget_type=\"image.default\">\n\t\t\t\t<div class=\"elementor-widget-container\">\n\t\t\t\t\t\t\t\t\t\t\t\t<figure class=\"wp-caption\">\n\t\t\t\t\t\t\t\t\t\t<img fetchpriority=\"high\" decoding=\"async\" width=\"768\" height=\"512\" src=\"https:\/\/www.elturistatranquil.com\/wp-content\/uploads\/F01-La-Carlota-Google-earth-2026-03-23.jpg\" class=\"attachment-large size-large wp-image-64887\" alt=\"La Carlota. Cordoba\" srcset=\"https:\/\/www.elturistatranquil.com\/wp-content\/uploads\/F01-La-Carlota-Google-earth-2026-03-23.jpg 768w, https:\/\/www.elturistatranquil.com\/wp-content\/uploads\/F01-La-Carlota-Google-earth-2026-03-23-339x226.jpg 339w\" sizes=\"(max-width: 768px) 100vw, 768px\" \/>\t\t\t\t\t\t\t\t\t\t\t<figcaption class=\"widget-image-caption wp-caption-text\">La Carlota (Google earth 2026-03-23)<\/figcaption>\n\t\t\t\t\t\t\t\t\t\t<\/figure>\n\t\t\t\t\t\t\t\t\t<\/div>\n\t\t\t\t<\/div>\n\t\t\t\t<section class=\"elementor-section elementor-inner-section elementor-element elementor-element-16aa38a8 elementor-section-boxed elementor-section-height-default elementor-section-height-default\" data-id=\"16aa38a8\" data-element_type=\"section\" data-e-type=\"section\" data-settings=\"{&quot;background_background&quot;:&quot;classic&quot;}\">\n\t\t\t\t\t\t\t<div class=\"elementor-background-overlay\"><\/div>\n\t\t\t\t\t\t\t<div class=\"elementor-container elementor-column-gap-default\">\n\t\t\t\t\t<div class=\"elementor-column elementor-col-100 elementor-inner-column elementor-element elementor-element-1bd5f041\" data-id=\"1bd5f041\" data-element_type=\"column\" data-e-type=\"column\" data-settings=\"{&quot;background_background&quot;:&quot;classic&quot;}\">\n\t\t\t<div class=\"elementor-widget-wrap elementor-element-populated\">\n\t\t\t\t\t\t<div class=\"elementor-element elementor-element-5745715f elementor-widget elementor-widget-text-editor\" data-id=\"5745715f\" data-element_type=\"widget\" data-e-type=\"widget\" data-widget_type=\"text-editor.default\">\n\t\t\t\t<div class=\"elementor-widget-container\">\n\t\t\t\t\t\t\t\t\t<p>Localitat: La Carlota. Comarca: Vall Mitjana del Guadalquivir. Prov\u00edncia: C\u00f2rdova. Com. Aut\u00f2noma: Andalusia<br \/>Coordenades: 37\u00b040\u203230\u2033N 4\u00b055\u203247\u2033O. Altitud: 228 msnm. Poblaci\u00f3: 14.520 habitants (2025)<br \/>Web: <a href=\"https:\/\/lacarlota.es\/\" target=\"_blank\" rel=\"noopener\">ayuntamiento<\/a><br \/><em>Centre Hist\u00f2ric de La Carlota. B\u00e9 d\u2019Inter\u00e8s Cultural (BIC)<\/em><br \/>Visita: 2026<\/p>\t\t\t\t\t\t\t\t<\/div>\n\t\t\t\t<\/div>\n\t\t\t\t\t<\/div>\n\t\t<\/div>\n\t\t\t\t\t<\/div>\n\t\t<\/section>\n\t\t\t\t<div class=\"elementor-element elementor-element-27d51c0a elementor-widget elementor-widget-image\" data-id=\"27d51c0a\" data-element_type=\"widget\" data-e-type=\"widget\" data-widget_type=\"image.default\">\n\t\t\t\t<div class=\"elementor-widget-container\">\n\t\t\t\t\t\t\t\t\t\t\t\t<figure class=\"wp-caption\">\n\t\t\t\t\t\t\t\t\t\t<img decoding=\"async\" width=\"768\" height=\"512\" src=\"https:\/\/www.elturistatranquil.com\/wp-content\/uploads\/F01e-Mapa-de-situacion-de-La-Carlota-Google-maps-2026-03-11.jpg\" class=\"attachment-medium_large size-medium_large wp-image-64768\" alt=\"La Carlota, Cordoba\" srcset=\"https:\/\/www.elturistatranquil.com\/wp-content\/uploads\/F01e-Mapa-de-situacion-de-La-Carlota-Google-maps-2026-03-11.jpg 768w, https:\/\/www.elturistatranquil.com\/wp-content\/uploads\/F01e-Mapa-de-situacion-de-La-Carlota-Google-maps-2026-03-11-339x226.jpg 339w\" sizes=\"(max-width: 768px) 100vw, 768px\" \/>\t\t\t\t\t\t\t\t\t\t\t<figcaption class=\"widget-image-caption wp-caption-text\">Mapa de situaci\u00f3 de La Carlota. C\u00f3rdova (Google my maps 2026-03-09)<\/figcaption>\n\t\t\t\t\t\t\t\t\t\t<\/figure>\n\t\t\t\t\t\t\t\t\t<\/div>\n\t\t\t\t<\/div>\n\t\t\t\t<div class=\"elementor-element elementor-element-7044c716 elementor-widget elementor-widget-spacer\" data-id=\"7044c716\" data-element_type=\"widget\" data-e-type=\"widget\" data-widget_type=\"spacer.default\">\n\t\t\t\t<div class=\"elementor-widget-container\">\n\t\t\t\t\t\t\t<div class=\"elementor-spacer\">\n\t\t\t<div class=\"elementor-spacer-inner\"><\/div>\n\t\t<\/div>\n\t\t\t\t\t\t<\/div>\n\t\t\t\t<\/div>\n\t\t\t\t<div class=\"elementor-element elementor-element-439c2825 elementor-toc--minimized-on-tablet elementor-widget elementor-widget-table-of-contents\" data-id=\"439c2825\" data-element_type=\"widget\" data-e-type=\"widget\" data-settings=\"{&quot;headings_by_tags&quot;:[&quot;h2&quot;,&quot;h3&quot;,&quot;h4&quot;],&quot;marker_view&quot;:&quot;bullets&quot;,&quot;icon&quot;:{&quot;value&quot;:&quot;&quot;,&quot;library&quot;:&quot;&quot;},&quot;no_headings_message&quot;:&quot;No se ha encontrado ning\\u00fan encabezado en esta p\\u00e1gina.&quot;,&quot;minimize_box&quot;:&quot;yes&quot;,&quot;minimized_on&quot;:&quot;tablet&quot;,&quot;hierarchical_view&quot;:&quot;yes&quot;,&quot;min_height&quot;:{&quot;unit&quot;:&quot;px&quot;,&quot;size&quot;:&quot;&quot;,&quot;sizes&quot;:[]},&quot;min_height_tablet&quot;:{&quot;unit&quot;:&quot;px&quot;,&quot;size&quot;:&quot;&quot;,&quot;sizes&quot;:[]},&quot;min_height_mobile&quot;:{&quot;unit&quot;:&quot;px&quot;,&quot;size&quot;:&quot;&quot;,&quot;sizes&quot;:[]}}\" data-widget_type=\"table-of-contents.default\">\n\t\t\t\t<div class=\"elementor-widget-container\">\n\t\t\t\t\t\t\t\t\t<div class=\"elementor-toc__header\">\n\t\t\t\t\t\t<h4 class=\"elementor-toc__header-title\">\n\t\t\t\t\u00cdndex\t\t\t<\/h4>\n\t\t\t\t\t\t\t\t\t\t<div class=\"elementor-toc__toggle-button elementor-toc__toggle-button--expand\" role=\"button\" tabindex=\"0\" aria-controls=\"elementor-toc__439c2825\" aria-expanded=\"true\" aria-label=\"Open table of contents\"><i aria-hidden=\"true\" class=\"fas fa-chevron-down\"><\/i><\/div>\n\t\t\t\t<div class=\"elementor-toc__toggle-button elementor-toc__toggle-button--collapse\" role=\"button\" tabindex=\"0\" aria-controls=\"elementor-toc__439c2825\" aria-expanded=\"true\" aria-label=\"Close table of contents\"><i aria-hidden=\"true\" class=\"fas fa-chevron-up\"><\/i><\/div>\n\t\t\t\t\t<\/div>\n\t\t\t\t<div id=\"elementor-toc__439c2825\" class=\"elementor-toc__body\">\n\t\t\t<div class=\"elementor-toc__spinner-container\">\n\t\t\t\t<i class=\"elementor-toc__spinner eicon-animation-spin eicon-loading\" aria-hidden=\"true\"><\/i>\t\t\t<\/div>\n\t\t<\/div>\n\t\t\t\t\t\t<\/div>\n\t\t\t\t<\/div>\n\t\t\t\t<div class=\"elementor-element elementor-element-4215ffe5 elementor-widget elementor-widget-menu-anchor\" data-id=\"4215ffe5\" data-element_type=\"widget\" data-e-type=\"widget\" data-widget_type=\"menu-anchor.default\">\n\t\t\t\t<div class=\"elementor-widget-container\">\n\t\t\t\t\t\t\t<div class=\"elementor-menu-anchor\" id=\"a0101-EnlaceaunpuntodentrodelPost\"><\/div>\n\t\t\t\t\t\t<\/div>\n\t\t\t\t<\/div>\n\t\t\t\t<div class=\"elementor-element elementor-element-786472e5 elementor-widget elementor-widget-spacer\" data-id=\"786472e5\" data-element_type=\"widget\" data-e-type=\"widget\" data-widget_type=\"spacer.default\">\n\t\t\t\t<div class=\"elementor-widget-container\">\n\t\t\t\t\t\t\t<div class=\"elementor-spacer\">\n\t\t\t<div class=\"elementor-spacer-inner\"><\/div>\n\t\t<\/div>\n\t\t\t\t\t\t<\/div>\n\t\t\t\t<\/div>\n\t\t\t\t<div class=\"elementor-element elementor-element-7492c3c7 elementor-widget elementor-widget-heading\" data-id=\"7492c3c7\" data-element_type=\"widget\" data-e-type=\"widget\" data-widget_type=\"heading.default\">\n\t\t\t\t<div class=\"elementor-widget-container\">\n\t\t\t\t\t<h2 class=\"elementor-heading-title elementor-size-default\">La Carlota, poblaci\u00f3 programada. Desert de La Parrilla. C\u00f2rdova<\/h2>\t\t\t\t<\/div>\n\t\t\t\t<\/div>\n\t\t\t\t<div class=\"elementor-element elementor-element-560cda6 elementor-widget elementor-widget-text-editor\" data-id=\"560cda6\" data-element_type=\"widget\" data-e-type=\"widget\" data-widget_type=\"text-editor.default\">\n\t\t\t\t<div class=\"elementor-widget-container\">\n\t\t\t\t\t\t\t\t\t<p>Entre els casos d\u2019<a href=\"https:\/\/www.elturistatranquil.com\/ca\/assentaments-de-poblacio-programats-i-2-proces-historic-a-espanya\/\" target=\"_blank\" rel=\"noopener\">assentaments de poblaci\u00f3 programats en la hist\u00f2ria d\u2019Espanya<\/a>, destaca al segle XVIII la pol\u00edtica de Carlos III i, en concret, el projecte de les <strong>Noves poblacions de Sierra Morena i Andalusia<\/strong>.<\/p><p>Pels motius exposats en el post <strong><a href=\"https:\/\/www.elturistatranquil.com\/ca\/la-suerte-numero-11-un-viatge-a-les-meves-arrels-a-la-carlota-cordova\/\" target=\"_blank\" rel=\"noopener\">La \u201csuerte\u201d n\u00famero 11: un viatge a les meves arrels a La Carlota<\/a><\/strong>, vaig escollir La Carlota, a la prov\u00edncia de C\u00f2rdova, com a poblaci\u00f3 a visitar per acostar-me a aquest projecte.<\/p>\t\t\t\t\t\t\t\t<\/div>\n\t\t\t\t<\/div>\n\t\t\t\t<div class=\"elementor-element elementor-element-178c4476 elementor-widget elementor-widget-heading\" data-id=\"178c4476\" data-element_type=\"widget\" data-e-type=\"widget\" data-widget_type=\"heading.default\">\n\t\t\t\t<div class=\"elementor-widget-container\">\n\t\t\t\t\t<h2 class=\"elementor-heading-title elementor-size-default\">Noves poblacions de Sierra Morena i Andalusia<\/h2>\t\t\t\t<\/div>\n\t\t\t\t<\/div>\n\t\t\t\t<div class=\"elementor-element elementor-element-62e82213 elementor-widget elementor-widget-text-editor\" data-id=\"62e82213\" data-element_type=\"widget\" data-e-type=\"widget\" data-widget_type=\"text-editor.default\">\n\t\t\t\t<div class=\"elementor-widget-container\">\n\t\t\t\t\t\t\t\t\t<p>En s\u00edntesi, es considera que el projecte tenia tres grans objectius. Protegir el cam\u00ed Reial de Madrid a Cadis a les zones despoblades de Sierra Morena per Despe\u00f1aperros (Ja\u00e9n) i als deserts de La Parrilla (C\u00f2rdova) i de La Moncloa (Sevilla). Reconvertir aquests erms en zones agr\u00edcoles productives. Per \u00faltim, introduir un model de poblament agrari que serv\u00eds de model per a la resta d\u2019Espanya en la l\u00ednia de les idees il\u00b7lustrades, tant pel que fa a l\u2019organitzaci\u00f3 de la propietat i del territori agrari com a l\u2019urbanisme.<\/p><p>Per valorar la import\u00e0ncia d\u2019aquesta via de comunicaci\u00f3, cal tenir en compte que per aqu\u00ed circulaven totes les mercaderies (plata americana) procedents d\u2019Am\u00e8rica, que entraven a Espanya a trav\u00e9s del port de Cadis i es dirigien a la capital, Madrid.<\/p><p>El projecte es va dissenyar sota l\u2019estructura jur\u00eddica d\u2019un <strong>fur de poblaci\u00f3<\/strong>, segons les bases contingudes en la\u00a0 <a href=\"https:\/\/www.nuevaspoblaciones.com\/_files\/ugd\/506804_4a08c318bd344f1c9e74b4c92c4be812.pdf\" target=\"_blank\" rel=\"noopener\"><strong>Real Cedula de su Majestad\u00a0<\/strong><\/a>de 1767, amb els beneficis fiscals corresponents.<\/p><p>Els art\u00edfexs d\u2019aquesta obra van ser el rei Carles III, Pedro Rodr\u00edguez Campomanes, fiscal del Rei i presumiblement el cervell del projecte, i Pablo de Olavide, l\u2019executor com a superintendent mentre la Inquisici\u00f3 li ho va permetre.<\/p>\t\t\t\t\t\t\t\t<\/div>\n\t\t\t\t<\/div>\n\t\t\t\t<div class=\"elementor-element elementor-element-4fd877b8 elementor-widget elementor-widget-image\" data-id=\"4fd877b8\" data-element_type=\"widget\" data-e-type=\"widget\" data-widget_type=\"image.default\">\n\t\t\t\t<div class=\"elementor-widget-container\">\n\t\t\t\t\t\t\t\t\t\t\t\t<figure class=\"wp-caption\">\n\t\t\t\t\t\t\t\t\t\t<img decoding=\"async\" width=\"424\" height=\"600\" src=\"https:\/\/www.elturistatranquil.com\/wp-content\/uploads\/F03-Real-cedula-Fuero-de-poblacion-1767.jpg\" class=\"attachment-large size-large wp-image-64889\" alt=\"La Carlota. Cordoba\" srcset=\"https:\/\/www.elturistatranquil.com\/wp-content\/uploads\/F03-Real-cedula-Fuero-de-poblacion-1767.jpg 424w, https:\/\/www.elturistatranquil.com\/wp-content\/uploads\/F03-Real-cedula-Fuero-de-poblacion-1767-160x226.jpg 160w\" sizes=\"(max-width: 424px) 100vw, 424px\" \/>\t\t\t\t\t\t\t\t\t\t\t<figcaption class=\"widget-image-caption wp-caption-text\"><\/figcaption>\n\t\t\t\t\t\t\t\t\t\t<\/figure>\n\t\t\t\t\t\t\t\t\t<\/div>\n\t\t\t\t<\/div>\n\t\t\t\t<div class=\"elementor-element elementor-element-f9271fe elementor-widget elementor-widget-text-editor\" data-id=\"f9271fe\" data-element_type=\"widget\" data-e-type=\"widget\" data-widget_type=\"text-editor.default\">\n\t\t\t\t<div class=\"elementor-widget-container\">\n\t\t\t\t\t\t\t\t\t<p>Per repoblar aquests vastos territoris es va optar per atreure 6.000 colons des de Centreeuropa.<\/p>\t\t\t\t\t\t\t\t<\/div>\n\t\t\t\t<\/div>\n\t\t\t\t<div class=\"elementor-element elementor-element-1be04516 elementor-widget elementor-widget-heading\" data-id=\"1be04516\" data-element_type=\"widget\" data-e-type=\"widget\" data-widget_type=\"heading.default\">\n\t\t\t\t<div class=\"elementor-widget-container\">\n\t\t\t\t\t<h3 class=\"elementor-heading-title elementor-size-default\">El territori d\u2019assentament i colonitzaci\u00f3<\/h3>\t\t\t\t<\/div>\n\t\t\t\t<\/div>\n\t\t\t\t<div class=\"elementor-element elementor-element-3e0c649 elementor-widget elementor-widget-text-editor\" data-id=\"3e0c649\" data-element_type=\"widget\" data-e-type=\"widget\" data-widget_type=\"text-editor.default\">\n\t\t\t\t<div class=\"elementor-widget-container\">\n\t\t\t\t\t\t\t\t\t<p>El projecte carol\u00ed va ser projectat inicialment per a les <strong>Noves poblacions de Sierra Morena <\/strong>(segons es pot deduir de la portada del Fur) a la prov\u00edncia de Ja\u00e9n, al qual es van incloure, abans d\u2019iniciar-ne la realitzaci\u00f3, les <strong>Noves poblacions d\u2019Andalusia<\/strong> a les actuals prov\u00edncies de C\u00f2rdova i Sevilla.<\/p>\t\t\t\t\t\t\t\t<\/div>\n\t\t\t\t<\/div>\n\t\t\t\t<div class=\"elementor-element elementor-element-049e295 elementor-widget elementor-widget-image\" data-id=\"049e295\" data-element_type=\"widget\" data-e-type=\"widget\" data-widget_type=\"image.default\">\n\t\t\t\t<div class=\"elementor-widget-container\">\n\t\t\t\t\t\t\t\t\t\t\t\t<figure class=\"wp-caption\">\n\t\t\t\t\t\t\t\t\t\t<img loading=\"lazy\" decoding=\"async\" width=\"768\" height=\"511\" src=\"https:\/\/www.elturistatranquil.com\/wp-content\/uploads\/F04-Nuevas-poblaciones-de-Sierra-Morena-y-AndaluciaGoogle-my-maps-2026-03-23.jpg\" class=\"attachment-large size-large wp-image-64891\" alt=\"La Carlota. Cordoba\" srcset=\"https:\/\/www.elturistatranquil.com\/wp-content\/uploads\/F04-Nuevas-poblaciones-de-Sierra-Morena-y-AndaluciaGoogle-my-maps-2026-03-23.jpg 768w, https:\/\/www.elturistatranquil.com\/wp-content\/uploads\/F04-Nuevas-poblaciones-de-Sierra-Morena-y-AndaluciaGoogle-my-maps-2026-03-23-339x226.jpg 339w\" sizes=\"(max-width: 768px) 100vw, 768px\" \/>\t\t\t\t\t\t\t\t\t\t\t<figcaption class=\"widget-image-caption wp-caption-text\">Assentaments de les noves poblacions i la seva relaci\u00f3 amb el Cam\u00ed reial (Google my maps 2026-03-23)<\/figcaption>\n\t\t\t\t\t\t\t\t\t\t<\/figure>\n\t\t\t\t\t\t\t\t\t<\/div>\n\t\t\t\t<\/div>\n\t\t\t\t<div class=\"elementor-element elementor-element-a460fef elementor-widget elementor-widget-text-editor\" data-id=\"a460fef\" data-element_type=\"widget\" data-e-type=\"widget\" data-widget_type=\"text-editor.default\">\n\t\t\t\t<div class=\"elementor-widget-container\">\n\t\t\t\t\t\t\t\t\t<p>L\u2019organitzaci\u00f3 administrativa del territori foral es va configurar com una intend\u00e8ncia per a tot el conjunt amb seu a La Carolina, per\u00f2 amb dues capitals: La Carolina per a les Noves poblacions de Sierra Morena i La Carlota per a les Noves poblacions d\u2019Andalusia, amb la seu de la Subintend\u00e8ncia per a les Noves poblacions d\u2019Andalusia.<\/p><p>Aquests dos territoris es van dividir en 13 <strong>feligresies<\/strong> o <strong>consells<\/strong>, l\u2019equivalent a un municipi actual.<\/p><p>Per acostar tant com fos possible els colons a la seva terra de conreu, a cada feligresia es van distribuir assentaments de menor mida, que es van qualificar de <strong>departaments<\/strong>.<\/p><p>L\u2019empla\u00e7ament de cada localitat s\u2019havia d\u2019efectuar en llocs elevats, sans i ventilats. Segons el Fur, la mida de \u201ccada Poblaci\u00f3 podria ser de quinze, vint, o trenta cases a tot estirar\u201d.<\/p><p>L\u2019encarregat de portar a la pr\u00e0ctica aquest magne projecte va ser <strong>Pablo de Olavide<\/strong>.<\/p><p>Per al disseny i l\u2019execuci\u00f3 sobre el terreny de la planificaci\u00f3 i les delimitacions es va servir del Cos d\u2019Enginyers, en aquella \u00e8poca l\u2019\u00fanic cos facultatiu que l\u2019Estat posse\u00efa per a actuacions territorials civils i militars, essent <em>Sim\u00f3n Desnaux<\/em> l\u2019enginyer principal. Previsiblement, es va aplicar a establir les parcel\u00b7les agr\u00e0ries, planificar els nuclis urbans i dissenyar la casa tipus colona.<\/p>\t\t\t\t\t\t\t\t<\/div>\n\t\t\t\t<\/div>\n\t\t\t\t<div class=\"elementor-element elementor-element-2064474 elementor-widget elementor-widget-heading\" data-id=\"2064474\" data-element_type=\"widget\" data-e-type=\"widget\" data-widget_type=\"heading.default\">\n\t\t\t\t<div class=\"elementor-widget-container\">\n\t\t\t\t\t<h3 class=\"elementor-heading-title elementor-size-default\">La ideologia del Fur<\/h3>\t\t\t\t<\/div>\n\t\t\t\t<\/div>\n\t\t\t\t<div class=\"elementor-element elementor-element-c3933de elementor-widget elementor-widget-text-editor\" data-id=\"c3933de\" data-element_type=\"widget\" data-e-type=\"widget\" data-widget_type=\"text-editor.default\">\n\t\t\t\t<div class=\"elementor-widget-container\">\n\t\t\t\t\t\t\t\t\t<p>Anir\u00e9 desenvolupant la normativa del Fur a mesura que avancem en l\u2019explicaci\u00f3 de La Carlota. Em limitar\u00e9 als aspectes essencials relacionats amb una visita \u201ctur\u00edstica\u201d, ja que aquest no \u00e9s el lloc per analitzar\/desenvolupar l\u2019an\u00e0lisi del Fur.<\/p><p>No obstant aix\u00f2, em sembla important posar en evid\u00e8ncia el model de societat agr\u00e0ria que es dedueix de la seva lectura i de l\u2019an\u00e0lisi dels pl\u00e0nols de distribuci\u00f3 de la terra, pel fort contrast respecte al model vigent a l\u2019Antic R\u00e8gim.<\/p><p>Tota la terra del municipi es divideix entre <strong>propietat privada<\/strong> dels pagesos i <strong>terres comunals<\/strong>. Les terres privades es divideixen en lots (suertes) de les mateixes dimensions, distribu\u00efdes entre tots els colons com a <strong>propietat individual<\/strong>. Aquests lots no podien ni sumar-se ni dividir-se, amb la qual cosa la propietat agr\u00e0ria es mantindria de forma igualit\u00e0ria permanentment, fet que no permetria processos d\u2019acumulaci\u00f3 individual que desequilibressin l\u2019estructura social, \u201cni menys s\u2019han de poder alienar en mans mortes (\u2026) ni fundar sobre elles Capellanies, Mem\u00f2ries, o Aniversaris, ni altra c\u00e0rrega d\u2019aquesta ni distinta naturalesa\u201d (Arts. X i LVI). Per conseg\u00fcent, es propugna una <strong>societat agr\u00e0ria igualit\u00e0ria de petits propietaris<\/strong>.<\/p><p>La fam\u00edlia constitueix la unitat social i productiva b\u00e0sica, amb el colon al capdavant. Tot el treball agrari havia de procedir de la fam\u00edlia; no es considera la pres\u00e8ncia de jornalers (tan pr\u00f2pia d\u2019aquestes terres).<\/p><p>En conseq\u00fc\u00e8ncia, als poblats nom\u00e9s es construirien cases de colons similars entre si.<\/p><p>La societat continuava sent cat\u00f2lica, per\u00f2 amb una <strong>religiositat<\/strong> <strong>\u201cil\u00b7lustrada\u201d<\/strong> allunyada de la concepci\u00f3 emocional habitual, i per aix\u00f2, \u201cno permetre fundaci\u00f3 alguna de Convent, Comunitat d\u2019un ni altre sexe; encara que sigui amb el nom d\u2019Hospici, Missi\u00f3, Resid\u00e8ncia, o Granja, o amb qualsevol altre dictat o colorit que sigui, ni a t\u00edtol d\u2019Hospitalitat; perqu\u00e8 tot l\u2019espiritual ha de c\u00f3rrer pels Rectors i Ordinaris Diocesans; i el temporal per les Just\u00edcies i Ajuntaments, inclosa l\u2019Hospitalitat\u201d.<\/p><p>No obstant aix\u00f2, es mant\u00e9 l\u2019<strong>estructura social estamental<\/strong>, ja que l\u2019educaci\u00f3 ha de restringir-se a aquest nivell i es \u201cprohibeix en llocs d\u2019aquesta naturalesa (estudis superiors); els habitants dels quals han d\u2019estar destinats a la pagesia, cria de ramats, i a les arts mec\u00e0niques, com a nervi de la for\u00e7a d\u2019un Estat\u201d.<\/p><p>Era inevitable que aquest model entr\u00e9s en conflicte amb l\u2019aristocr\u00e0cia terratinent i amb l\u2019Esgl\u00e9sia cat\u00f2lica oficial. La Inquisici\u00f3 hi va fer acte de pres\u00e8ncia.<\/p>\t\t\t\t\t\t\t\t<\/div>\n\t\t\t\t<\/div>\n\t\t\t\t<div class=\"elementor-element elementor-element-1b519b9 elementor-widget elementor-widget-heading\" data-id=\"1b519b9\" data-element_type=\"widget\" data-e-type=\"widget\" data-widget_type=\"heading.default\">\n\t\t\t\t<div class=\"elementor-widget-container\">\n\t\t\t\t\t<h2 class=\"elementor-heading-title elementor-size-default\">La Carlota i les Noves Poblacions d\u2019Andalusia<\/h2>\t\t\t\t<\/div>\n\t\t\t\t<\/div>\n\t\t\t\t<div class=\"elementor-element elementor-element-be310ae elementor-widget elementor-widget-text-editor\" data-id=\"be310ae\" data-element_type=\"widget\" data-e-type=\"widget\" data-widget_type=\"text-editor.default\">\n\t\t\t\t<div class=\"elementor-widget-container\">\n\t\t\t\t\t\t\t\t\t<p><strong>La Carlota<\/strong> (<strong>1<\/strong>) formava part del grup de les Noves poblacions d\u2019Andalusia al desert de La Parrilla. A m\u00e9s de <strong>La Carlota<\/strong> com a capital, es van crear les <strong>feligresies<\/strong> o <strong>consells<\/strong> (municipis) de <strong>Fuente Palmera<\/strong> (<strong>2<\/strong>), <strong>San Sebasti\u00e1n de los Ballesteros<\/strong> (<strong>3<\/strong>) i <strong>La Luisiana<\/strong> (<strong>4<\/strong>).<\/p><p>Al final del proc\u00e9s, els assentaments de poblaci\u00f3 van quedar establerts com mostra el mapa seg\u00fcent, en qu\u00e8 els punts 1, 2, 3 i 4 representen l\u2019empla\u00e7ament de les feligresies i la resta, els <strong>departaments<\/strong> que es van anar creant vinculats a cadascuna d\u2019elles.<\/p>\t\t\t\t\t\t\t\t<\/div>\n\t\t\t\t<\/div>\n\t\t\t\t<div class=\"elementor-element elementor-element-6a12d2b elementor-widget elementor-widget-image\" data-id=\"6a12d2b\" data-element_type=\"widget\" data-e-type=\"widget\" data-widget_type=\"image.default\">\n\t\t\t\t<div class=\"elementor-widget-container\">\n\t\t\t\t\t\t\t\t\t\t\t\t<figure class=\"wp-caption\">\n\t\t\t\t\t\t\t\t\t\t<img loading=\"lazy\" decoding=\"async\" width=\"768\" height=\"512\" src=\"https:\/\/www.elturistatranquil.com\/wp-content\/uploads\/F05-Nuevas-poblaciones-de-AndaluciaGoogle-my-maps-2026-03-23.jpg\" class=\"attachment-large size-large wp-image-64893\" alt=\"La Carlota. Cordoba\" srcset=\"https:\/\/www.elturistatranquil.com\/wp-content\/uploads\/F05-Nuevas-poblaciones-de-AndaluciaGoogle-my-maps-2026-03-23.jpg 768w, https:\/\/www.elturistatranquil.com\/wp-content\/uploads\/F05-Nuevas-poblaciones-de-AndaluciaGoogle-my-maps-2026-03-23-339x226.jpg 339w\" sizes=\"(max-width: 768px) 100vw, 768px\" \/>\t\t\t\t\t\t\t\t\t\t\t<figcaption class=\"widget-image-caption wp-caption-text\"> (Google my maps 2026-03-23)<\/figcaption>\n\t\t\t\t\t\t\t\t\t\t<\/figure>\n\t\t\t\t\t\t\t\t\t<\/div>\n\t\t\t\t<\/div>\n\t\t\t\t<div class=\"elementor-element elementor-element-cbc3ade elementor-widget elementor-widget-text-editor\" data-id=\"cbc3ade\" data-element_type=\"widget\" data-e-type=\"widget\" data-widget_type=\"text-editor.default\">\n\t\t\t\t<div class=\"elementor-widget-container\">\n\t\t\t\t\t\t\t\t\t<p>Per al cas que ens interessa de La Carlota, en total es van arribar a crear deu departaments dins dels l\u00edmits de la feligresia (representada en groc), encara vigent en els seus l\u00edmits.<\/p>\t\t\t\t\t\t\t\t<\/div>\n\t\t\t\t<\/div>\n\t\t\t\t<div class=\"elementor-element elementor-element-44d6d8e elementor-widget elementor-widget-heading\" data-id=\"44d6d8e\" data-element_type=\"widget\" data-e-type=\"widget\" data-widget_type=\"heading.default\">\n\t\t\t\t<div class=\"elementor-widget-container\">\n\t\t\t\t\t<h3 class=\"elementor-heading-title elementor-size-default\">El territori<\/h3>\t\t\t\t<\/div>\n\t\t\t\t<\/div>\n\t\t\t\t<div class=\"elementor-element elementor-element-e436f16 elementor-widget elementor-widget-text-editor\" data-id=\"e436f16\" data-element_type=\"widget\" data-e-type=\"widget\" data-widget_type=\"text-editor.default\">\n\t\t\t\t<div class=\"elementor-widget-container\">\n\t\t\t\t\t\t\t\t\t<p>Com he assenyalat, al segle XVIII, els m\u00e9s de 50 km que separen C\u00f2rdova i \u00c9cija estaven totalment despoblats (deserts), amb excepci\u00f3 d\u2019alguna venda com La Parrilla.<\/p><p>Sense cultivar i amb una vegetaci\u00f3 de tipus mediterrani en un paisatge de devesa format per alzinars i matollars, aquest territori era especialment propici per a l\u2019assalt a viatgers i carruatges que passaven per aquesta important via per part dels bandolers de l\u2019\u00e8poca, que abundaven en aquests territoris.<\/p><p>A m\u00e9s, era un erm sense cap tipus d\u2019aprofitament productiu agr\u00edcola o ramader, per la qual cosa era propici per implantar-hi assentaments i reconvertir-los en terrenys agraris, alhora que s\u2019introdu\u00efen els criteris il\u00b7lustrats de societat i urbanisme.<\/p><p>El terreny \u00e9s pla, per\u00f2 molt ondulat, amb escasses interrupcions provocades per torrents estacionals.<\/p><p>Els s\u00f2ls eren molt pedregosos i, en general, poc aptes per al conreu agr\u00edcola, formats per un pedregar anomenat \u201c<em>ra\u00f1a pliocuaternaria<\/em>\u201d o \u201c<em>glacis villafranquiense<\/em>\u201d.<\/p><p>Precisament per tot aix\u00f2 \u201cs\u2019han de conceptuar, com a llocs apropiats per a la nova Poblaci\u00f3, tots els que es trobin erms\u201d.<\/p>\t\t\t\t\t\t\t\t<\/div>\n\t\t\t\t<\/div>\n\t\t\t\t<div class=\"elementor-element elementor-element-4b61dad elementor-widget elementor-widget-image\" data-id=\"4b61dad\" data-element_type=\"widget\" data-e-type=\"widget\" data-widget_type=\"image.default\">\n\t\t\t\t<div class=\"elementor-widget-container\">\n\t\t\t\t\t\t\t\t\t\t\t\t<figure class=\"wp-caption\">\n\t\t\t\t\t\t\t\t\t\t<img loading=\"lazy\" decoding=\"async\" width=\"768\" height=\"418\" src=\"https:\/\/www.elturistatranquil.com\/wp-content\/uploads\/F06-La-Carlota.-Cordoba-1.jpg\" class=\"attachment-large size-large wp-image-64895\" alt=\"La Carlota. Cordoba\" srcset=\"https:\/\/www.elturistatranquil.com\/wp-content\/uploads\/F06-La-Carlota.-Cordoba-1.jpg 768w, https:\/\/www.elturistatranquil.com\/wp-content\/uploads\/F06-La-Carlota.-Cordoba-1-339x185.jpg 339w\" sizes=\"(max-width: 768px) 100vw, 768px\" \/>\t\t\t\t\t\t\t\t\t\t\t<figcaption class=\"widget-image-caption wp-caption-text\"><\/figcaption>\n\t\t\t\t\t\t\t\t\t\t<\/figure>\n\t\t\t\t\t\t\t\t\t<\/div>\n\t\t\t\t<\/div>\n\t\t\t\t<div class=\"elementor-element elementor-element-dc0b69c elementor-widget elementor-widget-text-editor\" data-id=\"dc0b69c\" data-element_type=\"widget\" data-e-type=\"widget\" data-widget_type=\"text-editor.default\">\n\t\t\t\t<div class=\"elementor-widget-container\">\n\t\t\t\t\t\t\t\t\t<p>Com diem, la vegetaci\u00f3 era la t\u00edpica del bosc mediterrani, formant un territori de devesa d\u2019alzines i vegetaci\u00f3 arbustiva amb ginestes, margallons, gamons, etc., sense pres\u00e8ncia de terres obertes cultivables.<\/p><p>Aix\u00f2 va comportar que les primeres actuacions a qu\u00e8 es van veure obligats els colons fossin desforestar aquest territori bosc\u00f3s de devesa i roc\u00f3s per convertir-lo en camps de conreu. Una tasca que, segons s\u2019explica, va ser molt \u00e0rdua i dificultosa per als primers colons amb les eines de qu\u00e8 disposaven.<\/p>\t\t\t\t\t\t\t\t<\/div>\n\t\t\t\t<\/div>\n\t\t\t\t<div class=\"elementor-element elementor-element-4f8031b elementor-widget elementor-widget-heading\" data-id=\"4f8031b\" data-element_type=\"widget\" data-e-type=\"widget\" data-widget_type=\"heading.default\">\n\t\t\t\t<div class=\"elementor-widget-container\">\n\t\t\t\t\t<h3 class=\"elementor-heading-title elementor-size-default\">Els colons, el seu origen i condicions d\u2019arribada. El comprom\u00eds amb els colons contingut en el Fur<\/h3>\t\t\t\t<\/div>\n\t\t\t\t<\/div>\n\t\t\t\t<div class=\"elementor-element elementor-element-b7c0693 elementor-widget elementor-widget-text-editor\" data-id=\"b7c0693\" data-element_type=\"widget\" data-e-type=\"widget\" data-widget_type=\"text-editor.default\">\n\t\t\t\t<div class=\"elementor-widget-container\">\n\t\t\t\t\t\t\t\t\t<p>Per repoblar aquest territori es va optar per fer venir des del centre d\u2019Europa uns 6.000 colons. Per incentivar-ne l\u2019atracci\u00f3 s\u2019havia decretat la <strong>Real Cedula de Carlos III<\/strong> de 1767, i es va concedir \u201cFur de poblaci\u00f3, que s\u2019ha d\u2019observar en les que es formin de nou (\u2026) amb naturals, i estrangers cat\u00f2lics\u201d.<\/p><p>Com que es tractava d\u2019estrangers de distintes proced\u00e8ncies, s\u2019havia de tenir cura de posar junts els d\u2019una mateixa llengua, perqu\u00e8 poguessin tenir Rector del seu Idioma.<\/p><p>El viatge dels colons es va efectuar primer per terra, des del seu lloc d\u2019origen fins a un port del sud de Fran\u00e7a; despr\u00e9s per mar fins als ports d\u2019Almeria o M\u00e0laga i, finalment, caminant fins a la poblaci\u00f3 que els correspongu\u00e9s.<\/p><p>En acollir-los, als colons se\u2019ls havia de lliurar allotjament, 50 faneques (32,2 Ha) de s\u00f2l per cultivar (dues parcel\u00b7les), arreus de conreu, llavors, animals dom\u00e8stics per ajudar a l\u2019autoconsum i una quantitat de diners en met\u00e0l\u00b7lic.<\/p><p>A m\u00e9s, a cada fam\u00edlia se li havia de donar un pic, una aixada, una destral, un martell, una arada, un ganivet de muntanya i altres utensilis d\u2019aquesta esp\u00e8cie que necessit\u00e9s. Tamb\u00e9, per fam\u00edlia, dues vaques, cinc ovelles, cinc cabres, cinc gallines, un gall i una truja de parir. Aix\u00ed com gra i llegums el primer any, per a la seva subsist\u00e8ncia i sembra.<\/p><p>Per habilitar l\u2019habitatge \u201cse\u2019ls hauria de proveir d\u2019alguna tosca vaixella de fang, i dues mantes, lliurant alguna porci\u00f3 de c\u00e0nem, llana, i espart, perqu\u00e8 emprant-s\u2019hi en el seu benefici les dones, ajudin als progressos de l\u2019establiment\u201d.<\/p><p>Als colons que, a m\u00e9s, fossin artesans, se\u2019ls havia de proveir dels instruments dels seus respectius oficis.<\/p><p>Els colons s\u2019anirien introduint en els llocs demarcats perqu\u00e8 hi fessin barraques o cabanes, s\u2019ha d\u2019entendre que de forma r\u00e0pida i provisional, i aix\u00ed poder comen\u00e7ar a arrencar i desmuntar el terreny.<\/p><p>Per aconseguir la casa definitiva, cada cap de fam\u00edlia, juntament amb les altres persones de la fam\u00edlia, hauria de conc\u00f3rrer a la seva construcci\u00f3.<\/p><p>Una altra de les obligacions dels Pobladores de cada Feligresia o Consell era que \u201cseran coobligats a ajudar a la construcci\u00f3 d\u2019Esgl\u00e9sies, Cases Capitulars, Presons, Forns, i Molins, com destinats a la utilitat comuna; i en endavant concorreran a la reparaci\u00f3 en falta de cabals comuns\u201d.<\/p><p>Cal suposar que, per evitar que els colons, a la vista de les condicions en qu\u00e8 es van trobar, lluny de la id\u00edl\u00b7lica propaganda que els havien venut, marxessin, es decretava la perman\u00e8ncia obligat\u00f2ria en la seva sort durant deu anys: \u201cTindran obligaci\u00f3 els nous Ve\u00efns, a mantenir la seva casa poblada, i romandre als Llocs, sense sortir-ne ells, ni els seus fills, o dom\u00e8stics estrangers a altres domicilis, com no sigui amb llic\u00e8ncia de S. M., pel termini de deu anys; pena de ser aplicats al servei Militar de Terra o Marina, els que fessin el contrari.\u201d (Art. LIX)<\/p><p>La vig\u00e8ncia del Fur i dels seus drets i obligacions va durar fins a 1835, quan per un decret de la Regent Maria Cristina es va derogar el Fur i les feligresies es van integrar com a municipis a les prov\u00edncies de Ja\u00e9n, C\u00f2rdova i Sevilla.<\/p>\t\t\t\t\t\t\t\t<\/div>\n\t\t\t\t<\/div>\n\t\t\t\t<div class=\"elementor-element elementor-element-548374b elementor-widget elementor-widget-heading\" data-id=\"548374b\" data-element_type=\"widget\" data-e-type=\"widget\" data-widget_type=\"heading.default\">\n\t\t\t\t<div class=\"elementor-widget-container\">\n\t\t\t\t\t<h3 class=\"elementor-heading-title elementor-size-default\">L\u2019activitat productiva<\/h3>\t\t\t\t<\/div>\n\t\t\t\t<\/div>\n\t\t\t\t<div class=\"elementor-element elementor-element-153a43f elementor-widget elementor-widget-text-editor\" data-id=\"153a43f\" data-element_type=\"widget\" data-e-type=\"widget\" data-widget_type=\"text-editor.default\">\n\t\t\t\t<div class=\"elementor-widget-container\">\n\t\t\t\t\t\t\t\t\t<p>\u00c9s interessant assenyalar quin era el concepte del treball al camp que es volia potenciar en la concepci\u00f3 il\u00b7lustrada del moment. S\u2019estableix en el Fur que \u201cperqu\u00e8 en aquests pobles siguin els colons pagesos i ramaders alhora, sense la qual cosa no pot florir l\u2019agricultura, consumint pocs ramaders els aprofitaments comuns, com llastimosament s\u2019experimenta en gran part dels pobles del Regne; cada ve\u00ed s\u2019aprofitar\u00e0 privativament amb els seus ramats de les pastures de la seva respectiva sort, sense perjudici d\u2019introduir-los en els ejidos i llocs comuns demarcats, o que es demarquin a cada lloc.<\/p><p>Ho interpreto com una desautoritzaci\u00f3 directa de la Mesta.<\/p><p>Despr\u00e9s dels esfor\u00e7os de rehabilitaci\u00f3 agr\u00e0ria del terreny, els colons es van dedicar a la producci\u00f3 d\u2019oli, blat, ordi, faves, llegums, vinya i hortalisses, aix\u00ed com a la cria de bestiar bov\u00ed, porc\u00ed, asin\u00ed, egu\u00ed i algun de les altres esp\u00e8cies.<\/p><p>Tamb\u00e9 van establir una certa activitat agroindustrial amb una roda de xocolata, molins d\u2019oli, alambins, f\u00e0briques de sab\u00f3 tou i producci\u00f3 de vins.<\/p>\t\t\t\t\t\t\t\t<\/div>\n\t\t\t\t<\/div>\n\t\t\t\t<div class=\"elementor-element elementor-element-0cbf4bf elementor-widget elementor-widget-heading\" data-id=\"0cbf4bf\" data-element_type=\"widget\" data-e-type=\"widget\" data-widget_type=\"heading.default\">\n\t\t\t\t<div class=\"elementor-widget-container\">\n\t\t\t\t\t<h2 class=\"elementor-heading-title elementor-size-default\">Articulaci\u00f3 territorial de la feligresia de La Carlota<\/h2>\t\t\t\t<\/div>\n\t\t\t\t<\/div>\n\t\t\t\t<div class=\"elementor-element elementor-element-8835bb0 elementor-widget elementor-widget-text-editor\" data-id=\"8835bb0\" data-element_type=\"widget\" data-e-type=\"widget\" data-widget_type=\"text-editor.default\">\n\t\t\t\t<div class=\"elementor-widget-container\">\n\t\t\t\t\t\t\t\t\t<p>Alienant <strong>terrenys<\/strong> d\u2019\u00c9cija, La Rambla i Santaella es va constituir la feligresia o consell de La Carlota, alienaci\u00f3 que va crear nombrosos conflictes.<\/p><p>Al centre d\u2019un territori relativament triangular es va situar La Carlota, com a seu de la subintend\u00e8ncia de les Noves poblacions d\u2019Andalusia, sobre l\u2019eix del cam\u00ed Reial o cam\u00ed de l\u2019Arrecife (arrecife designa una cal\u00e7ada, cam\u00ed afermat o empedrat).<\/p>\t\t\t\t\t\t\t\t<\/div>\n\t\t\t\t<\/div>\n\t\t\t\t<div class=\"elementor-element elementor-element-5f31486 elementor-widget elementor-widget-image\" data-id=\"5f31486\" data-element_type=\"widget\" data-e-type=\"widget\" data-widget_type=\"image.default\">\n\t\t\t\t<div class=\"elementor-widget-container\">\n\t\t\t\t\t\t\t\t\t\t\t\t<figure class=\"wp-caption\">\n\t\t\t\t\t\t\t\t\t\t<img loading=\"lazy\" decoding=\"async\" width=\"768\" height=\"533\" src=\"https:\/\/www.elturistatranquil.com\/wp-content\/uploads\/F07-Plano-de-Jose-de-Rojas-de-1784.-Division-de-la-feligresia-de-La-Carlota-en-parcelas.jpg\" class=\"attachment-large size-large wp-image-64897\" alt=\"La Carlota. Cordoba\" srcset=\"https:\/\/www.elturistatranquil.com\/wp-content\/uploads\/F07-Plano-de-Jose-de-Rojas-de-1784.-Division-de-la-feligresia-de-La-Carlota-en-parcelas.jpg 768w, https:\/\/www.elturistatranquil.com\/wp-content\/uploads\/F07-Plano-de-Jose-de-Rojas-de-1784.-Division-de-la-feligresia-de-La-Carlota-en-parcelas-326x226.jpg 326w\" sizes=\"(max-width: 768px) 100vw, 768px\" \/>\t\t\t\t\t\t\t\t\t\t\t<figcaption class=\"widget-image-caption wp-caption-text\">Pl\u00e0nol de Jos\u00e9 de Rojas de 1784. Divisi\u00f3 de la feligresia de La Carlota en parcel\u00b7les d\u2019iguals dimensions<\/figcaption>\n\t\t\t\t\t\t\t\t\t\t<\/figure>\n\t\t\t\t\t\t\t\t\t<\/div>\n\t\t\t\t<\/div>\n\t\t\t\t<div class=\"elementor-element elementor-element-8e1138c elementor-widget elementor-widget-text-editor\" data-id=\"8e1138c\" data-element_type=\"widget\" data-e-type=\"widget\" data-widget_type=\"text-editor.default\">\n\t\t\t\t<div class=\"elementor-widget-container\">\n\t\t\t\t\t\t\t\t\t<p>Els l\u00edmits de la feligresia (l\u00ednia groga) s\u00f3n pr\u00e0cticament els mateixos que els del terme municipal actual, amb una superf\u00edcie de 79 km<sup>2<\/sup>.<\/p><p>Al centre, La Carlota (<strong>11<\/strong>) i els deu departaments distribu\u00efts dins dels l\u00edmits de la feligresia (<strong>1 <\/strong>a <strong>10<\/strong>).<\/p>\t\t\t\t\t\t\t\t<\/div>\n\t\t\t\t<\/div>\n\t\t\t\t<div class=\"elementor-element elementor-element-1799759 elementor-widget elementor-widget-image\" data-id=\"1799759\" data-element_type=\"widget\" data-e-type=\"widget\" data-widget_type=\"image.default\">\n\t\t\t\t<div class=\"elementor-widget-container\">\n\t\t\t\t\t\t\t\t\t\t\t\t<figure class=\"wp-caption\">\n\t\t\t\t\t\t\t\t\t\t<img loading=\"lazy\" decoding=\"async\" width=\"768\" height=\"513\" src=\"https:\/\/www.elturistatranquil.com\/wp-content\/uploads\/F08-Municipio-de-La-Carlota-.-Cordoba-Google-my-maps-2026-03-23.jpg\" class=\"attachment-large size-large wp-image-64899\" alt=\"La Carlota. Cordoba\" srcset=\"https:\/\/www.elturistatranquil.com\/wp-content\/uploads\/F08-Municipio-de-La-Carlota-.-Cordoba-Google-my-maps-2026-03-23.jpg 768w, https:\/\/www.elturistatranquil.com\/wp-content\/uploads\/F08-Municipio-de-La-Carlota-.-Cordoba-Google-my-maps-2026-03-23-339x226.jpg 339w\" sizes=\"(max-width: 768px) 100vw, 768px\" \/>\t\t\t\t\t\t\t\t\t\t\t<figcaption class=\"widget-image-caption wp-caption-text\">(Google my maps 2026-03-23)<\/figcaption>\n\t\t\t\t\t\t\t\t\t\t<\/figure>\n\t\t\t\t\t\t\t\t\t<\/div>\n\t\t\t\t<\/div>\n\t\t\t\t<div class=\"elementor-element elementor-element-9c56a17 elementor-widget elementor-widget-text-editor\" data-id=\"9c56a17\" data-element_type=\"widget\" data-e-type=\"widget\" data-widget_type=\"text-editor.default\">\n\t\t\t\t<div class=\"elementor-widget-container\">\n\t\t\t\t\t\t\t\t\t<p>La feligresia es va dividir en unes 410 parcel\u00b7les rectangulars per ser distribu\u00efdes entre els colons a ra\u00f3 de dues per colon, deixant al centre un espai comunal en qu\u00e8 es va inserir la localitat de La Carlota. Zona (A) en l\u2019anterior pl\u00e0nol de Jos\u00e9 de Rojas.<\/p><p>En correspondre dues parcel\u00b7les per colon, significaria que el m\u00e0xim de colons que es podrien establir a la feligresia de La Carlota seria d\u2019uns 200, cosa que equivaldria a uns 800 habitants.<\/p><p>Cap a mitjan segle XIX, segons el Diccionari de Madoz (1845-1850), el municipi de La Carlota tenia 582 ve\u00efns i 3.252 \u00e0nimes, de les quals 1.194 vivien a La Carlota i unes 2.000 als deu departaments, que oscil\u00b7laven entre 42 i 73 ve\u00efns (168 a 292 \u00e0nimes).<\/p><p>Si aquests n\u00fameros s\u00f3n certs, en uns setanta-cinc anys s\u2019hauria triplicat la poblaci\u00f3, que habitaria 170 cases de teula al nucli de La Carlota i 121 disseminades, \u201chavent-hi a m\u00e9s moltes altres de barraques, aix\u00ed disseminades als departaments com reunides a les aldees que compr\u00e8n la vila\u201d.<\/p><p>Fins als anys 1960 la poblaci\u00f3 gaireb\u00e9 es triplica fins als 10.862 habitants. La segueixen dues d\u00e8cades (70-80) de forta emigraci\u00f3, amb un m\u00ednim de 8.131 habitants, per recuperar-se amb intensitat fins als 14.520 actuals (2025).<\/p>\t\t\t\t\t\t\t\t<\/div>\n\t\t\t\t<\/div>\n\t\t\t\t<div class=\"elementor-element elementor-element-f22ccba elementor-widget elementor-widget-heading\" data-id=\"f22ccba\" data-element_type=\"widget\" data-e-type=\"widget\" data-widget_type=\"heading.default\">\n\t\t\t\t<div class=\"elementor-widget-container\">\n\t\t\t\t\t<h3 class=\"elementor-heading-title elementor-size-default\">Elements estructurals de la planificaci\u00f3 del territori d\u2019una feligresia<\/h3>\t\t\t\t<\/div>\n\t\t\t\t<\/div>\n\t\t\t\t<div class=\"elementor-element elementor-element-cd73b78 elementor-widget elementor-widget-text-editor\" data-id=\"cd73b78\" data-element_type=\"widget\" data-e-type=\"widget\" data-widget_type=\"text-editor.default\">\n\t\t\t\t<div class=\"elementor-widget-container\">\n\t\t\t\t\t\t\t\t\t<p>Del que s\u2019ha dit fins ara es despr\u00e8n que, per interpretar com es va organitzar l\u2019articulaci\u00f3 del territori, hem de partir de tres conceptes fonamentals: la \u201csuerte\u201d, la casa colona i les localitats.<\/p>\t\t\t\t\t\t\t\t<\/div>\n\t\t\t\t<\/div>\n\t\t\t\t<div class=\"elementor-element elementor-element-3e7ef55 elementor-widget elementor-widget-heading\" data-id=\"3e7ef55\" data-element_type=\"widget\" data-e-type=\"widget\" data-widget_type=\"heading.default\">\n\t\t\t\t<div class=\"elementor-widget-container\">\n\t\t\t\t\t<h3 class=\"elementor-heading-title elementor-size-default\">La \u201csuerte\u201d<\/h3>\t\t\t\t<\/div>\n\t\t\t\t<\/div>\n\t\t\t\t<div class=\"elementor-element elementor-element-2da7cad elementor-widget elementor-widget-text-editor\" data-id=\"2da7cad\" data-element_type=\"widget\" data-e-type=\"widget\" data-widget_type=\"text-editor.default\">\n\t\t\t\t<div class=\"elementor-widget-container\">\n\t\t\t\t\t\t\t\t\t<p>La motivaci\u00f3 per atreure els colons es fonamentava en el fet que se\u2019ls lliuraria una extensi\u00f3 de terreny agrari, una casa i complements, on la fam\u00edlia podria progressar econ\u00f2micament.<\/p><p>Es tractava de repartir tot el terreny de la feligresia en parcel\u00b7les de dimensions semblants per ser lliurades als colons. La forma de distribuir les parcel\u00b7les es va establir per sorteig de cada parcel\u00b7la; d\u2019aqu\u00ed que es parli de \u201csuerte\u201d per designar les dues parcel\u00b7les que corresponien a cada colon. Encara que moltes vegades es presenta la parcel\u00b7la com la \u201csuerte\u201d.<\/p><p>En total, a cada colon se li havien de lliurar 50 faneques (castellanes) de terra. Una faneca castellana equival a 6.440 m2, o 32,2 hect\u00e0rees. La feligresia es va dividir en unes 410 parcel\u00b7les d\u2019una dimensi\u00f3 mitjana de 250 x 1000 vares castellanes (218 x 829 m), cosa que equival a unes 28 faneques. Per conseg\u00fcent, es devien distribuir dues parcel\u00b7les per fam\u00edlia, que suposo que corresponen als dos n\u00fameros que consten, en general, a les parcel\u00b7les que el 1784 disposaven de casa, assenyalades en el pl\u00e0nol de Jos\u00e9 de Rojas amb un (<strong>*<\/strong>). Aquesta xifra de 28 faneques la corrobora Madoz.<\/p><p>Com veiem al pl\u00e0nol, seguint el cam\u00ed Reial o Arrecife, les parcel\u00b7les es van establir m\u00e9s o menys perpendicularment a la cal\u00e7ada. Mentre que, al territori nord i sud, a partir del fons de les parcel\u00b7les anteriors, la disposici\u00f3 d\u2019aquestes va ser perpendicular als camins rectilinis paral\u00b7lels que es van dissenyar de nord a sud.<\/p><p>D\u2019aquesta forma, seguint aquests eixos viaris rectilinis, es tenia acc\u00e9s als dos extrems de cada parcel\u00b7la.<\/p><p>Les divisions rectangulars es van establir amb independ\u00e8ncia de l\u2019orografia i de les incid\u00e8ncies topogr\u00e0fiques del terreny, com s\u00f3n els rierols estacionals que solquen aquest territori.<\/p>\t\t\t\t\t\t\t\t<\/div>\n\t\t\t\t<\/div>\n\t\t\t\t<div class=\"elementor-element elementor-element-937302b elementor-widget elementor-widget-image\" data-id=\"937302b\" data-element_type=\"widget\" data-e-type=\"widget\" data-widget_type=\"image.default\">\n\t\t\t\t<div class=\"elementor-widget-container\">\n\t\t\t\t\t\t\t\t\t\t\t\t<figure class=\"wp-caption\">\n\t\t\t\t\t\t\t\t\t\t<img loading=\"lazy\" decoding=\"async\" width=\"768\" height=\"512\" src=\"https:\/\/www.elturistatranquil.com\/wp-content\/uploads\/F09-Municipio-de-La-Carlota-.-Cordoba-Google-my-maps-2026-03-23.jpg\" class=\"attachment-large size-large wp-image-64901\" alt=\"La Carlota. Cordoba\" srcset=\"https:\/\/www.elturistatranquil.com\/wp-content\/uploads\/F09-Municipio-de-La-Carlota-.-Cordoba-Google-my-maps-2026-03-23.jpg 768w, https:\/\/www.elturistatranquil.com\/wp-content\/uploads\/F09-Municipio-de-La-Carlota-.-Cordoba-Google-my-maps-2026-03-23-339x226.jpg 339w\" sizes=\"(max-width: 768px) 100vw, 768px\" \/>\t\t\t\t\t\t\t\t\t\t\t<figcaption class=\"widget-image-caption wp-caption-text\">Feligresia de La Carlota. L\u00ednia groga: l\u00edmits de la feligresia. L\u00ednia blava: cam\u00ed Reial, Arrecife. L\u00ednies taronges: camins de les parcel\u00b7les. L\u00ednia lila: rierols (Google my maps 2026-03-23)<\/figcaption>\n\t\t\t\t\t\t\t\t\t\t<\/figure>\n\t\t\t\t\t\t\t\t\t<\/div>\n\t\t\t\t<\/div>\n\t\t\t\t<div class=\"elementor-element elementor-element-79d16e2 elementor-widget elementor-widget-text-editor\" data-id=\"79d16e2\" data-element_type=\"widget\" data-e-type=\"widget\" data-widget_type=\"text-editor.default\">\n\t\t\t\t<div class=\"elementor-widget-container\">\n\t\t\t\t\t\t\t\t\t<p>Recordem que un dels objectius declarats en el Fur era mantenir permanentment la dimensi\u00f3 de l\u2019explotaci\u00f3 agr\u00e0ria, que havia de romandre sempre en un sol \u201c<em>Poblador<\/em> \u00fatil\u201d, remarcant clarament que \u201cno podran els <em>Pobladors<\/em> dividir les suertes, encara que sigui entre hereus; perqu\u00e8 sempre han d\u2019anar indivises en una sola persona\u201d.<\/p><p>Les imatges seg\u00fcents mostren la forma rectangular de les parcel\u00b7les, l\u2019ondulaci\u00f3 del terreny i com els rierols creuen les parcel\u00b7les que es van establir de forma r\u00edgida amb el damer rectangular, sense atendre els accidents del terreny. Aquesta forma d\u2019actuar de la planificaci\u00f3 ortogonal, prescindint de l\u2019orografia i dels accidents del terreny, era una forma cl\u00e0ssica d\u2019actuar als segles XVIII i XIX.<\/p><p>Les fotografies es corresponen amb aquest fragment de terreny que mostra la imatge a\u00e8ria.<\/p>\t\t\t\t\t\t\t\t<\/div>\n\t\t\t\t<\/div>\n\t\t\t\t<div class=\"elementor-element elementor-element-caf70b1 elementor-widget elementor-widget-image\" data-id=\"caf70b1\" data-element_type=\"widget\" data-e-type=\"widget\" data-widget_type=\"image.default\">\n\t\t\t\t<div class=\"elementor-widget-container\">\n\t\t\t\t\t\t\t\t\t\t\t\t<figure class=\"wp-caption\">\n\t\t\t\t\t\t\t\t\t\t<img loading=\"lazy\" decoding=\"async\" width=\"768\" height=\"512\" src=\"https:\/\/www.elturistatranquil.com\/wp-content\/uploads\/F10-Parcelas-La-Carlota.-CordobaGoogle-earth-2026-03-23.jpg\" class=\"attachment-large size-large wp-image-64903\" alt=\"La Carlota. Cordoba\" srcset=\"https:\/\/www.elturistatranquil.com\/wp-content\/uploads\/F10-Parcelas-La-Carlota.-CordobaGoogle-earth-2026-03-23.jpg 768w, https:\/\/www.elturistatranquil.com\/wp-content\/uploads\/F10-Parcelas-La-Carlota.-CordobaGoogle-earth-2026-03-23-339x226.jpg 339w\" sizes=\"(max-width: 768px) 100vw, 768px\" \/>\t\t\t\t\t\t\t\t\t\t\t<figcaption class=\"widget-image-caption wp-caption-text\">(Google my maps 2026-03-23)<\/figcaption>\n\t\t\t\t\t\t\t\t\t\t<\/figure>\n\t\t\t\t\t\t\t\t\t<\/div>\n\t\t\t\t<\/div>\n\t\t\t\t<div class=\"elementor-element elementor-element-d3c92e1 elementor-widget elementor-widget-image\" data-id=\"d3c92e1\" data-element_type=\"widget\" data-e-type=\"widget\" data-widget_type=\"image.default\">\n\t\t\t\t<div class=\"elementor-widget-container\">\n\t\t\t\t\t\t\t\t\t\t\t\t<figure class=\"wp-caption\">\n\t\t\t\t\t\t\t\t\t\t<img loading=\"lazy\" decoding=\"async\" width=\"768\" height=\"512\" src=\"https:\/\/www.elturistatranquil.com\/wp-content\/uploads\/F10b-Parcelas-La-Carlota.-Cordoba.jpg\" class=\"attachment-large size-large wp-image-64905\" alt=\"La Carlota. Cordoba\" srcset=\"https:\/\/www.elturistatranquil.com\/wp-content\/uploads\/F10b-Parcelas-La-Carlota.-Cordoba.jpg 768w, https:\/\/www.elturistatranquil.com\/wp-content\/uploads\/F10b-Parcelas-La-Carlota.-Cordoba-339x226.jpg 339w\" sizes=\"(max-width: 768px) 100vw, 768px\" \/>\t\t\t\t\t\t\t\t\t\t\t<figcaption class=\"widget-image-caption wp-caption-text\"><\/figcaption>\n\t\t\t\t\t\t\t\t\t\t<\/figure>\n\t\t\t\t\t\t\t\t\t<\/div>\n\t\t\t\t<\/div>\n\t\t\t\t<div class=\"elementor-element elementor-element-b76587c elementor-widget elementor-widget-image\" data-id=\"b76587c\" data-element_type=\"widget\" data-e-type=\"widget\" data-widget_type=\"image.default\">\n\t\t\t\t<div class=\"elementor-widget-container\">\n\t\t\t\t\t\t\t\t\t\t\t\t<figure class=\"wp-caption\">\n\t\t\t\t\t\t\t\t\t\t<img loading=\"lazy\" decoding=\"async\" width=\"768\" height=\"512\" src=\"https:\/\/www.elturistatranquil.com\/wp-content\/uploads\/F11-Parcelas-La-Carlota.-Cordoba.jpg\" class=\"attachment-large size-large wp-image-64907\" alt=\"La Carlota. Cordoba\" srcset=\"https:\/\/www.elturistatranquil.com\/wp-content\/uploads\/F11-Parcelas-La-Carlota.-Cordoba.jpg 768w, https:\/\/www.elturistatranquil.com\/wp-content\/uploads\/F11-Parcelas-La-Carlota.-Cordoba-339x226.jpg 339w\" sizes=\"(max-width: 768px) 100vw, 768px\" \/>\t\t\t\t\t\t\t\t\t\t\t<figcaption class=\"widget-image-caption wp-caption-text\"><\/figcaption>\n\t\t\t\t\t\t\t\t\t\t<\/figure>\n\t\t\t\t\t\t\t\t\t<\/div>\n\t\t\t\t<\/div>\n\t\t\t\t<div class=\"elementor-element elementor-element-2e863a9 elementor-widget elementor-widget-heading\" data-id=\"2e863a9\" data-element_type=\"widget\" data-e-type=\"widget\" data-widget_type=\"heading.default\">\n\t\t\t\t<div class=\"elementor-widget-container\">\n\t\t\t\t\t<h3 class=\"elementor-heading-title elementor-size-default\">La localitzaci\u00f3 de la casa colona<\/h3>\t\t\t\t<\/div>\n\t\t\t\t<\/div>\n\t\t\t\t<div class=\"elementor-element elementor-element-7c1c661 elementor-widget elementor-widget-text-editor\" data-id=\"7c1c661\" data-element_type=\"widget\" data-e-type=\"widget\" data-widget_type=\"text-editor.default\">\n\t\t\t\t<div class=\"elementor-widget-container\">\n\t\t\t\t\t\t\t\t\t<p>L\u2019objectiu del gran projecte era assentar fam\u00edlies de colons en una casa colona perqu\u00e8 treballessin les 50\/58 faneques (32,2\/37,4 hect\u00e0rees) que se\u2019ls oferien en dues parcel\u00b7les.<\/p><p>Quant a la localitzaci\u00f3 de la casa, la primera decisi\u00f3 a adoptar va ser la vinculaci\u00f3 entre la casa i el terreny de conreu. En la disjuntiva cl\u00e0ssica entre proximitat de la casa al terreny o agrupaci\u00f3 en nuclis, el Fur va determinar \u201cestablir aquestes cases, contig\u00fces unes a altres o immediates a la hisenda que s\u2019assigni a cada Poblador; perqu\u00e8 la tingui propera, i la pugui tancar i cultivar, sense perdre temps a anar i venir a les feines, adoptant amb prefer\u00e8ncia aquest \u00faltim m\u00e8tode, sempre que la situaci\u00f3 del terreny ho permeti, o faciliti\u201d.<\/p><p>Les cases contig\u00fces formarien els poblats, que, com hem vist, no podrien superar les trenta cases per poblat. Cal suposar que amb trenta s\u2019estaria pensant en les dimensions d\u2019un consell com La Carlota, deixant en quinze o vint les dimensions dels departaments.<\/p><p>En el pl\u00e0nol de Jos\u00e9 de Rojas de 1784, els asteriscos representen el lloc d\u2019assentament de les cases en relaci\u00f3 amb les parcel\u00b7les, \u00e0mpliament disseminades.<\/p><p>Fins als anys 60 del segle passat aquest model d\u2019assentament vinculat a la parcel\u00b7la es va mantenir \u00e0mpliament; nom\u00e9s cal observar la fotografia de l\u2019ortofoto d\u2019aquells anys, amb la casa a l\u2019extrem proper a la carretera i els l\u00edmits perfectament definits de la parcel\u00b7la corresponent.<\/p><p>A l&#8217;<a href=\"https:\/\/www.juntadeandalucia.es\/medioambiente\/portal\/landing-page-%C3%ADndice\/-\/asset_publisher\/zX2ouZa4r1Rf\/content\/ortofoto-de-andaluc-c3-ada-1956-57-vuelo-general-de-espa-c3-b1a-de-1956--1\/20151\" target=\"_blank\" rel=\"noopener\">ortofoto del vol americ\u00e0 1956-1957<\/a>,\u00a0la poblaci\u00f3 concentrada estava confinada en els l\u00edmits del requadre vermell, \u00e9s a dir, la localitat de La Carlota.<\/p>\t\t\t\t\t\t\t\t<\/div>\n\t\t\t\t<\/div>\n\t\t\t\t<div class=\"elementor-element elementor-element-f49a519 elementor-widget elementor-widget-image\" data-id=\"f49a519\" data-element_type=\"widget\" data-e-type=\"widget\" data-widget_type=\"image.default\">\n\t\t\t\t<div class=\"elementor-widget-container\">\n\t\t\t\t\t\t\t\t\t\t\t\t<figure class=\"wp-caption\">\n\t\t\t\t\t\t\t\t\t\t<img loading=\"lazy\" decoding=\"async\" width=\"768\" height=\"519\" src=\"https:\/\/www.elturistatranquil.com\/wp-content\/uploads\/F12-Limits-pob-La-Carlota-s-XVIII.-Ortofoto-del-Vuelo-americano-1956-1957.jpg\" class=\"attachment-large size-large wp-image-64912\" alt=\"La Carlota. Cordoba\" srcset=\"https:\/\/www.elturistatranquil.com\/wp-content\/uploads\/F12-Limits-pob-La-Carlota-s-XVIII.-Ortofoto-del-Vuelo-americano-1956-1957.jpg 768w, https:\/\/www.elturistatranquil.com\/wp-content\/uploads\/F12-Limits-pob-La-Carlota-s-XVIII.-Ortofoto-del-Vuelo-americano-1956-1957-334x226.jpg 334w\" sizes=\"(max-width: 768px) 100vw, 768px\" \/>\t\t\t\t\t\t\t\t\t\t\t<figcaption class=\"widget-image-caption wp-caption-text\">Ortofoto del Vol americ\u00e0 1956-1957<\/figcaption>\n\t\t\t\t\t\t\t\t\t\t<\/figure>\n\t\t\t\t\t\t\t\t\t<\/div>\n\t\t\t\t<\/div>\n\t\t\t\t<div class=\"elementor-element elementor-element-e8d458d elementor-widget elementor-widget-text-editor\" data-id=\"e8d458d\" data-element_type=\"widget\" data-e-type=\"widget\" data-widget_type=\"text-editor.default\">\n\t\t\t\t<div class=\"elementor-widget-container\">\n\t\t\t\t\t\t\t\t\t<p>Actualment, continuem trobant-lo sobretot en el recorregut del cam\u00ed Reial als departaments d\u2019Arrecife i Quintana i a la zona sud. El que ha canviat \u00e9s l\u2019arquitectura de les cases, reconvertides generalment en construccions modernes.<\/p>\t\t\t\t\t\t\t\t<\/div>\n\t\t\t\t<\/div>\n\t\t\t\t<div class=\"elementor-element elementor-element-8145a59 elementor-widget elementor-widget-image\" data-id=\"8145a59\" data-element_type=\"widget\" data-e-type=\"widget\" data-widget_type=\"image.default\">\n\t\t\t\t<div class=\"elementor-widget-container\">\n\t\t\t\t\t\t\t\t\t\t\t\t<figure class=\"wp-caption\">\n\t\t\t\t\t\t\t\t\t\t<img loading=\"lazy\" decoding=\"async\" width=\"768\" height=\"512\" src=\"https:\/\/www.elturistatranquil.com\/wp-content\/uploads\/F13-Asentamiento-en-la-parcela.-La-Carlota.-Cordoba-Google-my-maps-2026-03-23.jpg\" class=\"attachment-large size-large wp-image-64914\" alt=\"La Carlota. Cordoba\" srcset=\"https:\/\/www.elturistatranquil.com\/wp-content\/uploads\/F13-Asentamiento-en-la-parcela.-La-Carlota.-Cordoba-Google-my-maps-2026-03-23.jpg 768w, https:\/\/www.elturistatranquil.com\/wp-content\/uploads\/F13-Asentamiento-en-la-parcela.-La-Carlota.-Cordoba-Google-my-maps-2026-03-23-339x226.jpg 339w\" sizes=\"(max-width: 768px) 100vw, 768px\" \/>\t\t\t\t\t\t\t\t\t\t\t<figcaption class=\"widget-image-caption wp-caption-text\">(Google my maps 2026-03-23)<\/figcaption>\n\t\t\t\t\t\t\t\t\t\t<\/figure>\n\t\t\t\t\t\t\t\t\t<\/div>\n\t\t\t\t<\/div>\n\t\t\t\t<div class=\"elementor-element elementor-element-0174d2a elementor-widget elementor-widget-text-editor\" data-id=\"0174d2a\" data-element_type=\"widget\" data-e-type=\"widget\" data-widget_type=\"text-editor.default\">\n\t\t\t\t<div class=\"elementor-widget-container\">\n\t\t\t\t\t\t\t\t\t<p>abans de l\u2019expansi\u00f3 urbana posterior, tamb\u00e9 proliferaven les edificacions a\u00efllades en un extrem d\u2019una parcel\u00b7la. L\u2019assenyalada amb el (<strong>13<\/strong>) \u00e9s una casa colonial original.<\/p><p>S\u2019ha configurat aix\u00ed un urbanisme molt particular a l\u2019entorn de la campinya cordovesa, que es caracteritza pels poblament concentrats.<\/p><p>Deixem per m\u00e9s endavant tractar les caracter\u00edstiques de la casa colona.<\/p>\t\t\t\t\t\t\t\t<\/div>\n\t\t\t\t<\/div>\n\t\t\t\t<div class=\"elementor-element elementor-element-301569c elementor-widget elementor-widget-heading\" data-id=\"301569c\" data-element_type=\"widget\" data-e-type=\"widget\" data-widget_type=\"heading.default\">\n\t\t\t\t<div class=\"elementor-widget-container\">\n\t\t\t\t\t<h3 class=\"elementor-heading-title elementor-size-default\">El poblat als departaments<\/h3>\t\t\t\t<\/div>\n\t\t\t\t<\/div>\n\t\t\t\t<div class=\"elementor-element elementor-element-966dccf elementor-widget elementor-widget-text-editor\" data-id=\"966dccf\" data-element_type=\"widget\" data-e-type=\"widget\" data-widget_type=\"text-editor.default\">\n\t\t\t\t<div class=\"elementor-widget-container\">\n\t\t\t\t\t\t\t\t\t<p>L\u2019altra forma d\u2019assentament \u00e9s en cases contig\u00fces formant un poblat, i distribu\u00efdes en departaments, que hem vist reflectits en mapes anteriors en un nombre de 10 departaments.<\/p><p>Per a la seva localitzaci\u00f3 s\u2019establia que la \u201cdist\u00e0ncia d\u2019un Poble a un altre haur\u00e0 de ser la competent, com de quart o mig quart de llegua poc m\u00e9s o menys, segons la disposici\u00f3 i fertilitat del terreny\u201d.<\/p>\t\t\t\t\t\t\t\t<\/div>\n\t\t\t\t<\/div>\n\t\t\t\t<div class=\"elementor-element elementor-element-f6b3fa5 elementor-widget elementor-widget-heading\" data-id=\"f6b3fa5\" data-element_type=\"widget\" data-e-type=\"widget\" data-widget_type=\"heading.default\">\n\t\t\t\t<div class=\"elementor-widget-container\">\n\t\t\t\t\t<h2 class=\"elementor-heading-title elementor-size-default\">Visita al nucli urb\u00e0 de La Carlota<\/h2>\t\t\t\t<\/div>\n\t\t\t\t<\/div>\n\t\t\t\t<div class=\"elementor-element elementor-element-50d1625 elementor-widget elementor-widget-text-editor\" data-id=\"50d1625\" data-element_type=\"widget\" data-e-type=\"widget\" data-widget_type=\"text-editor.default\">\n\t\t\t\t<div class=\"elementor-widget-container\">\n\t\t\t\t\t\t\t\t\t<p>Despr\u00e9s d\u2019aquesta presentaci\u00f3 general del projecte carol\u00ed i dels factors territorials m\u00e9s significatius amb relaci\u00f3 a la feligresia, podem centrar-nos en la visita al nucli urb\u00e0 de <strong>La Carlota<\/strong>.<\/p><p>No s\u2019ha trobat cap pl\u00e0nol original de La Carlota. A partir d\u2019aquest fet, les especulacions dels historiadors consideren que els l\u00edmits del poblat inicial es correspondrien amb els de l\u2019ombrejat groc del pl\u00e0nol seg\u00fcent.<\/p>\t\t\t\t\t\t\t\t<\/div>\n\t\t\t\t<\/div>\n\t\t\t\t<div class=\"elementor-element elementor-element-896052f elementor-widget elementor-widget-image\" data-id=\"896052f\" data-element_type=\"widget\" data-e-type=\"widget\" data-widget_type=\"image.default\">\n\t\t\t\t<div class=\"elementor-widget-container\">\n\t\t\t\t\t\t\t\t\t\t\t\t<figure class=\"wp-caption\">\n\t\t\t\t\t\t\t\t\t\t<img loading=\"lazy\" decoding=\"async\" width=\"768\" height=\"539\" src=\"https:\/\/www.elturistatranquil.com\/wp-content\/uploads\/F14-Limits-pob-La-Carlota-s-XVIII.jpg\" class=\"attachment-large size-large wp-image-64916\" alt=\"La Carlota. Cordoba\" srcset=\"https:\/\/www.elturistatranquil.com\/wp-content\/uploads\/F14-Limits-pob-La-Carlota-s-XVIII.jpg 768w, https:\/\/www.elturistatranquil.com\/wp-content\/uploads\/F14-Limits-pob-La-Carlota-s-XVIII-322x226.jpg 322w\" sizes=\"(max-width: 768px) 100vw, 768px\" \/>\t\t\t\t\t\t\t\t\t\t\t<figcaption class=\"widget-image-caption wp-caption-text\"><\/figcaption>\n\t\t\t\t\t\t\t\t\t\t<\/figure>\n\t\t\t\t\t\t\t\t\t<\/div>\n\t\t\t\t<\/div>\n\t\t\t\t<div class=\"elementor-element elementor-element-ed8c57a elementor-widget elementor-widget-text-editor\" data-id=\"ed8c57a\" data-element_type=\"widget\" data-e-type=\"widget\" data-widget_type=\"text-editor.default\">\n\t\t\t\t<div class=\"elementor-widget-container\">\n\t\t\t\t\t\t\t\t\t<p>Sorprenentment, en el poblat de La Carlota reflectit en el vol americ\u00e0 de 1956, les dimensions del nucli s\u00f3n pr\u00e0cticament les mateixes que les del que se suposa que era el nucli original del segle XVIII. Nom\u00e9s s\u2019observa una certa expansi\u00f3 pel costat sud-oest.<\/p>\t\t\t\t\t\t\t\t<\/div>\n\t\t\t\t<\/div>\n\t\t\t\t<div class=\"elementor-element elementor-element-f77c560 elementor-widget elementor-widget-image\" data-id=\"f77c560\" data-element_type=\"widget\" data-e-type=\"widget\" data-widget_type=\"image.default\">\n\t\t\t\t<div class=\"elementor-widget-container\">\n\t\t\t\t\t\t\t\t\t\t\t\t<figure class=\"wp-caption\">\n\t\t\t\t\t\t\t\t\t\t<img loading=\"lazy\" decoding=\"async\" width=\"768\" height=\"519\" src=\"https:\/\/www.elturistatranquil.com\/wp-content\/uploads\/F15-Asentamientos-en-la-parcela.-La-Carlota.-Cordoba.jpg\" class=\"attachment-large size-large wp-image-64918\" alt=\"La Carlota. Cordoba\" srcset=\"https:\/\/www.elturistatranquil.com\/wp-content\/uploads\/F15-Asentamientos-en-la-parcela.-La-Carlota.-Cordoba.jpg 768w, https:\/\/www.elturistatranquil.com\/wp-content\/uploads\/F15-Asentamientos-en-la-parcela.-La-Carlota.-Cordoba-334x226.jpg 334w\" sizes=\"(max-width: 768px) 100vw, 768px\" \/>\t\t\t\t\t\t\t\t\t\t\t<figcaption class=\"widget-image-caption wp-caption-text\">Ortofoto del Vol americ\u00e0 1956-1957<\/figcaption>\n\t\t\t\t\t\t\t\t\t\t<\/figure>\n\t\t\t\t\t\t\t\t\t<\/div>\n\t\t\t\t<\/div>\n\t\t\t\t<div class=\"elementor-element elementor-element-55d8029 elementor-widget elementor-widget-heading\" data-id=\"55d8029\" data-element_type=\"widget\" data-e-type=\"widget\" data-widget_type=\"heading.default\">\n\t\t\t\t<div class=\"elementor-widget-container\">\n\t\t\t\t\t<h3 class=\"elementor-heading-title elementor-size-default\">La trama urbana, eixos articuladors i tipologia de carrers<\/h3>\t\t\t\t<\/div>\n\t\t\t\t<\/div>\n\t\t\t\t<div class=\"elementor-element elementor-element-93447f8 elementor-widget elementor-widget-text-editor\" data-id=\"93447f8\" data-element_type=\"widget\" data-e-type=\"widget\" data-widget_type=\"text-editor.default\">\n\t\t\t\t<div class=\"elementor-widget-container\">\n\t\t\t\t\t\t\t\t\t<p>El que sempre se cita com a caracter\u00edstic de l\u2019urbanisme il\u00b7lustrat \u00e9s la trama urbana ortogonal.<\/p><p>De fet, sabem que aquest model s\u2019aplicava a Espanya ja amb anterioritat, si m\u00e9s no des de <a href=\"https:\/\/www.elturistatranquil.com\/ca\/assentaments-de-poblacio-programats-i-2-proces-historic-a-espanya\/\" target=\"_blank\" rel=\"noopener\">principis del segle XVI<\/a>.<\/p><p>En qualsevol cas, \u00e9s cert que el model ortogonal est\u00e0 sempre present a les poblacions carolines del segle XVIII. En uns casos amb pl\u00e0nols geom\u00e8trics molt elaborats; en altres, amb trames i contorns m\u00e9s indefinits, per\u00f2 sempre sota el principi de la linealitat dels seus carrers.<\/p><p>Aquest \u00e9s el cas de La Carlota. El pl\u00e0nol que he elaborat sobre el viari reflecteix l\u2019ortogonalitat de base, encara que sense regularitat en el tra\u00e7at de les illes. Tampoc el paral\u00b7lelisme entre els carrers \u00e9s exacte, en part motivat pel tra\u00e7at en angle del cam\u00ed Reial i pels condicionants estructurals dels camins de les parcel\u00b7les vistos abans.<\/p>\t\t\t\t\t\t\t\t<\/div>\n\t\t\t\t<\/div>\n\t\t\t\t<div class=\"elementor-element elementor-element-3b2b8ad elementor-widget elementor-widget-image\" data-id=\"3b2b8ad\" data-element_type=\"widget\" data-e-type=\"widget\" data-widget_type=\"image.default\">\n\t\t\t\t<div class=\"elementor-widget-container\">\n\t\t\t\t\t\t\t\t\t\t\t\t<figure class=\"wp-caption\">\n\t\t\t\t\t\t\t\t\t\t<img loading=\"lazy\" decoding=\"async\" width=\"768\" height=\"512\" src=\"https:\/\/www.elturistatranquil.com\/wp-content\/uploads\/F16-Trama-urbana-historica.-La-Carlota.-Cordoba.jpg\" class=\"attachment-large size-large wp-image-64920\" alt=\"La Carlota. Cordoba\" srcset=\"https:\/\/www.elturistatranquil.com\/wp-content\/uploads\/F16-Trama-urbana-historica.-La-Carlota.-Cordoba.jpg 768w, https:\/\/www.elturistatranquil.com\/wp-content\/uploads\/F16-Trama-urbana-historica.-La-Carlota.-Cordoba-339x226.jpg 339w\" sizes=\"(max-width: 768px) 100vw, 768px\" \/>\t\t\t\t\t\t\t\t\t\t\t<figcaption class=\"widget-image-caption wp-caption-text\">(Google my maps 2026-03-23)<\/figcaption>\n\t\t\t\t\t\t\t\t\t\t<\/figure>\n\t\t\t\t\t\t\t\t\t<\/div>\n\t\t\t\t<\/div>\n\t\t\t\t<div class=\"elementor-element elementor-element-0288b31 elementor-widget elementor-widget-text-editor\" data-id=\"0288b31\" data-element_type=\"widget\" data-e-type=\"widget\" data-widget_type=\"text-editor.default\">\n\t\t\t\t<div class=\"elementor-widget-container\">\n\t\t\t\t\t\t\t\t\t<p>El que est\u00e0 clar \u00e9s la linealitat dels seus carrers i la forma quadrangular de les illes. Els trams corbs del per\u00edmetre urb\u00e0 del costat de llevant es deuen a l\u2019adequaci\u00f3 a l\u2019orografia en aquest costat.<\/p>\t\t\t\t\t\t\t\t<\/div>\n\t\t\t\t<\/div>\n\t\t\t\t<div class=\"elementor-element elementor-element-854827 elementor-widget elementor-widget-heading\" data-id=\"854827\" data-element_type=\"widget\" data-e-type=\"widget\" data-widget_type=\"heading.default\">\n\t\t\t\t<div class=\"elementor-widget-container\">\n\t\t\t\t\t<h5 class=\"elementor-heading-title elementor-size-default\">Els carrers<\/h5>\t\t\t\t<\/div>\n\t\t\t\t<\/div>\n\t\t\t\t<div class=\"elementor-element elementor-element-7a4edd3 elementor-widget elementor-widget-text-editor\" data-id=\"7a4edd3\" data-element_type=\"widget\" data-e-type=\"widget\" data-widget_type=\"text-editor.default\">\n\t\t\t\t<div class=\"elementor-widget-container\">\n\t\t\t\t\t\t\t\t\t<p>Trobem tres tipus de carrers.<\/p><p>En primer lloc, el <strong>cam\u00ed Reial<\/strong>, actual <strong>avinguda de Carlos III<\/strong>, la via m\u00e9s ampla de tra\u00e7at rectilini, que forma un lleuger angle a l\u2019\u00faltima illa en direcci\u00f3 a C\u00f2rdova.<\/p><p>Vegem primer la majestuosa entrada de la cal\u00e7ada venint des de C\u00f2rdova, amb el departament de l\u2019Arrecife al fons.<\/p>\t\t\t\t\t\t\t\t<\/div>\n\t\t\t\t<\/div>\n\t\t\t\t<div class=\"elementor-element elementor-element-e09cad4 elementor-widget elementor-widget-image\" data-id=\"e09cad4\" data-element_type=\"widget\" data-e-type=\"widget\" data-widget_type=\"image.default\">\n\t\t\t\t<div class=\"elementor-widget-container\">\n\t\t\t\t\t\t\t\t\t\t\t\t<figure class=\"wp-caption\">\n\t\t\t\t\t\t\t\t\t\t<img loading=\"lazy\" decoding=\"async\" width=\"768\" height=\"512\" src=\"https:\/\/www.elturistatranquil.com\/wp-content\/uploads\/F17-La-Carlota.-Cordoba.jpg\" class=\"attachment-large size-large wp-image-64922\" alt=\"La Carlota. Cordoba\" srcset=\"https:\/\/www.elturistatranquil.com\/wp-content\/uploads\/F17-La-Carlota.-Cordoba.jpg 768w, https:\/\/www.elturistatranquil.com\/wp-content\/uploads\/F17-La-Carlota.-Cordoba-339x226.jpg 339w\" sizes=\"(max-width: 768px) 100vw, 768px\" \/>\t\t\t\t\t\t\t\t\t\t\t<figcaption class=\"widget-image-caption wp-caption-text\"><\/figcaption>\n\t\t\t\t\t\t\t\t\t\t<\/figure>\n\t\t\t\t\t\t\t\t\t<\/div>\n\t\t\t\t<\/div>\n\t\t\t\t<div class=\"elementor-element elementor-element-b4509a7 elementor-widget elementor-widget-text-editor\" data-id=\"b4509a7\" data-element_type=\"widget\" data-e-type=\"widget\" data-widget_type=\"text-editor.default\">\n\t\t\t\t<div class=\"elementor-widget-container\">\n\t\t\t\t\t\t\t\t\t<p>Pel lateral sud del passeig les edificacions estan perfectament alineades, mentre que les del costat nord presenten discontinu\u00eftats d\u2019alineaci\u00f3, cosa que fa que l\u2019amplada no sigui uniforme i oscil\u00b7li al voltant dels 30 metres, unes 36 vares castellanes.<\/p><p>Un cop desviat el tr\u00e0nsit del cam\u00ed Reial per l\u2019autovia A-4, el cam\u00ed Reial ha estat convertit en un magn\u00edfic passeig arbrat.<\/p>\t\t\t\t\t\t\t\t<\/div>\n\t\t\t\t<\/div>\n\t\t\t\t<div class=\"elementor-element elementor-element-488d3c7 elementor-widget elementor-widget-image\" data-id=\"488d3c7\" data-element_type=\"widget\" data-e-type=\"widget\" data-widget_type=\"image.default\">\n\t\t\t\t<div class=\"elementor-widget-container\">\n\t\t\t\t\t\t\t\t\t\t\t\t<figure class=\"wp-caption\">\n\t\t\t\t\t\t\t\t\t\t<img loading=\"lazy\" decoding=\"async\" width=\"768\" height=\"511\" src=\"https:\/\/www.elturistatranquil.com\/wp-content\/uploads\/F17b-calle-Carlos-III.-La-Carlota.-Cordoba.jpg\" class=\"attachment-large size-large wp-image-64924\" alt=\"La Carlota. Cordoba\" srcset=\"https:\/\/www.elturistatranquil.com\/wp-content\/uploads\/F17b-calle-Carlos-III.-La-Carlota.-Cordoba.jpg 768w, https:\/\/www.elturistatranquil.com\/wp-content\/uploads\/F17b-calle-Carlos-III.-La-Carlota.-Cordoba-339x226.jpg 339w\" sizes=\"(max-width: 768px) 100vw, 768px\" \/>\t\t\t\t\t\t\t\t\t\t\t<figcaption class=\"widget-image-caption wp-caption-text\">Passeig al Cam\u00ed Reial<\/figcaption>\n\t\t\t\t\t\t\t\t\t\t<\/figure>\n\t\t\t\t\t\t\t\t\t<\/div>\n\t\t\t\t<\/div>\n\t\t\t\t<div class=\"elementor-element elementor-element-587437c elementor-widget elementor-widget-text-editor\" data-id=\"587437c\" data-element_type=\"widget\" data-e-type=\"widget\" data-widget_type=\"text-editor.default\">\n\t\t\t\t<div class=\"elementor-widget-container\">\n\t\t\t\t\t\t\t\t\t<p>Els carrers que parteixen del cam\u00ed Reial, m\u00e9s o menys perpendiculars a ell, s\u00f3n els carrers m\u00e9s amples, d\u2019unes 10 vares, uns 11\/12 metres d\u2019amplada.<\/p>\t\t\t\t\t\t\t\t<\/div>\n\t\t\t\t<\/div>\n\t\t\t\t<div class=\"elementor-element elementor-element-88a267d elementor-widget elementor-widget-image\" data-id=\"88a267d\" data-element_type=\"widget\" data-e-type=\"widget\" data-widget_type=\"image.default\">\n\t\t\t\t<div class=\"elementor-widget-container\">\n\t\t\t\t\t\t\t\t\t\t\t\t<figure class=\"wp-caption\">\n\t\t\t\t\t\t\t\t\t\t<img loading=\"lazy\" decoding=\"async\" width=\"768\" height=\"512\" src=\"https:\/\/www.elturistatranquil.com\/wp-content\/uploads\/F19-Calle-Ramon-y-Cajal-La-Carlota.-Cordoba.jpg\" class=\"attachment-large size-large wp-image-64928\" alt=\"La Carlota. Cordoba\" srcset=\"https:\/\/www.elturistatranquil.com\/wp-content\/uploads\/F19-Calle-Ramon-y-Cajal-La-Carlota.-Cordoba.jpg 768w, https:\/\/www.elturistatranquil.com\/wp-content\/uploads\/F19-Calle-Ramon-y-Cajal-La-Carlota.-Cordoba-339x226.jpg 339w\" sizes=\"(max-width: 768px) 100vw, 768px\" \/>\t\t\t\t\t\t\t\t\t\t\t<figcaption class=\"widget-image-caption wp-caption-text\">Carrer Ram\u00f3n y Cajal<\/figcaption>\n\t\t\t\t\t\t\t\t\t\t<\/figure>\n\t\t\t\t\t\t\t\t\t<\/div>\n\t\t\t\t<\/div>\n\t\t\t\t<div class=\"elementor-element elementor-element-f1ba5af elementor-widget elementor-widget-text-editor\" data-id=\"f1ba5af\" data-element_type=\"widget\" data-e-type=\"widget\" data-widget_type=\"text-editor.default\">\n\t\t\t\t<div class=\"elementor-widget-container\">\n\t\t\t\t\t\t\t\t\t<p>T\u00e9 les mateixes dimensions el carrer Ram\u00f3n y Cajal, encara que amb trams m\u00e9s irregulars al costat nord, i el carrer Nuestra Se\u00f1ora del Carmen al costat sud, m\u00e9s o menys paral\u00b7lels a l\u2019Arrecife.<\/p>\t\t\t\t\t\t\t\t<\/div>\n\t\t\t\t<\/div>\n\t\t\t\t<div class=\"elementor-element elementor-element-104cade elementor-widget elementor-widget-image\" data-id=\"104cade\" data-element_type=\"widget\" data-e-type=\"widget\" data-widget_type=\"image.default\">\n\t\t\t\t<div class=\"elementor-widget-container\">\n\t\t\t\t\t\t\t\t\t\t\t\t<figure class=\"wp-caption\">\n\t\t\t\t\t\t\t\t\t\t<img loading=\"lazy\" decoding=\"async\" width=\"768\" height=\"512\" src=\"https:\/\/www.elturistatranquil.com\/wp-content\/uploads\/F18-Calle-del-Rey-La-Carlota.-Cordoba.jpg\" class=\"attachment-large size-large wp-image-64926\" alt=\"La Carlota. Cordoba\" srcset=\"https:\/\/www.elturistatranquil.com\/wp-content\/uploads\/F18-Calle-del-Rey-La-Carlota.-Cordoba.jpg 768w, https:\/\/www.elturistatranquil.com\/wp-content\/uploads\/F18-Calle-del-Rey-La-Carlota.-Cordoba-339x226.jpg 339w\" sizes=\"(max-width: 768px) 100vw, 768px\" \/>\t\t\t\t\t\t\t\t\t\t\t<figcaption class=\"widget-image-caption wp-caption-text\">Carrer del Rey<\/figcaption>\n\t\t\t\t\t\t\t\t\t\t<\/figure>\n\t\t\t\t\t\t\t\t\t<\/div>\n\t\t\t\t<\/div>\n\t\t\t\t<div class=\"elementor-element elementor-element-7bfc0c2 elementor-widget elementor-widget-text-editor\" data-id=\"7bfc0c2\" data-element_type=\"widget\" data-e-type=\"widget\" data-widget_type=\"text-editor.default\">\n\t\t\t\t<div class=\"elementor-widget-container\">\n\t\t\t\t\t\t\t\t\t<p>Al costat nord, dos llargs carrers paral\u00b7lels al cam\u00ed Reial configuren el damer, i apareixen com a secundaris. S\u00f3n m\u00e9s estrets, d\u2019unes 8 vares, uns 7 metres.<\/p>\t\t\t\t\t\t\t\t<\/div>\n\t\t\t\t<\/div>\n\t\t\t\t<div class=\"elementor-element elementor-element-cb234fb elementor-widget elementor-widget-image\" data-id=\"cb234fb\" data-element_type=\"widget\" data-e-type=\"widget\" data-widget_type=\"image.default\">\n\t\t\t\t<div class=\"elementor-widget-container\">\n\t\t\t\t\t\t\t\t\t\t\t\t<figure class=\"wp-caption\">\n\t\t\t\t\t\t\t\t\t\t<img loading=\"lazy\" decoding=\"async\" width=\"768\" height=\"511\" src=\"https:\/\/www.elturistatranquil.com\/wp-content\/uploads\/F20-La-Carlota.-Cordoba.jpg\" class=\"attachment-large size-large wp-image-64933\" alt=\"La Carlota. Cordoba\" srcset=\"https:\/\/www.elturistatranquil.com\/wp-content\/uploads\/F20-La-Carlota.-Cordoba.jpg 768w, https:\/\/www.elturistatranquil.com\/wp-content\/uploads\/F20-La-Carlota.-Cordoba-339x226.jpg 339w\" sizes=\"(max-width: 768px) 100vw, 768px\" \/>\t\t\t\t\t\t\t\t\t\t\t<figcaption class=\"widget-image-caption wp-caption-text\">Carrer Severo Ochoa<\/figcaption>\n\t\t\t\t\t\t\t\t\t\t<\/figure>\n\t\t\t\t\t\t\t\t\t<\/div>\n\t\t\t\t<\/div>\n\t\t\t\t<div class=\"elementor-element elementor-element-a04d234 elementor-widget elementor-widget-heading\" data-id=\"a04d234\" data-element_type=\"widget\" data-e-type=\"widget\" data-widget_type=\"heading.default\">\n\t\t\t\t<div class=\"elementor-widget-container\">\n\t\t\t\t\t<h5 class=\"elementor-heading-title elementor-size-default\">Les places<\/h5>\t\t\t\t<\/div>\n\t\t\t\t<\/div>\n\t\t\t\t<div class=\"elementor-element elementor-element-0ca435d elementor-widget elementor-widget-text-editor\" data-id=\"0ca435d\" data-element_type=\"widget\" data-e-type=\"widget\" data-widget_type=\"text-editor.default\">\n\t\t\t\t<div class=\"elementor-widget-container\">\n\t\t\t\t\t\t\t\t\t<p>En tota la trama trobem dues places. La m\u00e9s important \u00e9s la inicial <strong>pla\u00e7a Major <\/strong>que, per \u00fas quotidi\u00e0, ha acabat anomenant-se <strong>pla\u00e7a de l\u2019Esgl\u00e9sia<\/strong>. De forma quadrada, t\u00e9 unes dimensions d\u2019unes 60 vares, uns 50 metres de costat.<\/p><p>L\u2019urbanisme actual de la pla\u00e7a \u00e9s del format de pla\u00e7a dura enrajolada, gaireb\u00e9 sense arbrat, per\u00f2 apta per a l\u2019organitzaci\u00f3 d\u2019esdeveniments a l\u2019aire lliure.<\/p><p>Com la denominaci\u00f3 assenyala, est\u00e0 presidida per l\u2019<strong>esgl\u00e9sia parroquial de la Inmaculada Concepci\u00f3n<\/strong> (<strong>2<\/strong>) i la casa parroquial. <strong>La casa del subdelegat<\/strong>, al costat de l\u2019esgl\u00e9sia, i la <strong>Reial Carcel<\/strong> (<strong>5<\/strong>), s\u00f3n els altres dos edificis representatius que donen a la pla\u00e7a.<\/p>\t\t\t\t\t\t\t\t<\/div>\n\t\t\t\t<\/div>\n\t\t\t\t<div class=\"elementor-element elementor-element-31e18d6 elementor-widget elementor-widget-image\" data-id=\"31e18d6\" data-element_type=\"widget\" data-e-type=\"widget\" data-widget_type=\"image.default\">\n\t\t\t\t<div class=\"elementor-widget-container\">\n\t\t\t\t\t\t\t\t\t\t\t\t<figure class=\"wp-caption\">\n\t\t\t\t\t\t\t\t\t\t<img loading=\"lazy\" decoding=\"async\" width=\"768\" height=\"512\" src=\"https:\/\/www.elturistatranquil.com\/wp-content\/uploads\/F21-Plaza-de-la-Iglesia-La-Carlota.-Cordoba.jpg\" class=\"attachment-large size-large wp-image-64935\" alt=\"La Carlota. Cordoba\" srcset=\"https:\/\/www.elturistatranquil.com\/wp-content\/uploads\/F21-Plaza-de-la-Iglesia-La-Carlota.-Cordoba.jpg 768w, https:\/\/www.elturistatranquil.com\/wp-content\/uploads\/F21-Plaza-de-la-Iglesia-La-Carlota.-Cordoba-339x226.jpg 339w\" sizes=\"(max-width: 768px) 100vw, 768px\" \/>\t\t\t\t\t\t\t\t\t\t\t<figcaption class=\"widget-image-caption wp-caption-text\"><\/figcaption>\n\t\t\t\t\t\t\t\t\t\t<\/figure>\n\t\t\t\t\t\t\t\t\t<\/div>\n\t\t\t\t<\/div>\n\t\t\t\t<div class=\"elementor-element elementor-element-519376d elementor-widget elementor-widget-image\" data-id=\"519376d\" data-element_type=\"widget\" data-e-type=\"widget\" data-widget_type=\"image.default\">\n\t\t\t\t<div class=\"elementor-widget-container\">\n\t\t\t\t\t\t\t\t\t\t\t\t<figure class=\"wp-caption\">\n\t\t\t\t\t\t\t\t\t\t<img loading=\"lazy\" decoding=\"async\" width=\"768\" height=\"512\" src=\"https:\/\/www.elturistatranquil.com\/wp-content\/uploads\/F22-Plaza-de-la-Iglesia-La-Carlota.-Cordoba.jpg\" class=\"attachment-large size-large wp-image-64937\" alt=\"La Carlota. Cordoba\" srcset=\"https:\/\/www.elturistatranquil.com\/wp-content\/uploads\/F22-Plaza-de-la-Iglesia-La-Carlota.-Cordoba.jpg 768w, https:\/\/www.elturistatranquil.com\/wp-content\/uploads\/F22-Plaza-de-la-Iglesia-La-Carlota.-Cordoba-339x226.jpg 339w\" sizes=\"(max-width: 768px) 100vw, 768px\" \/>\t\t\t\t\t\t\t\t\t\t\t<figcaption class=\"widget-image-caption wp-caption-text\"><\/figcaption>\n\t\t\t\t\t\t\t\t\t\t<\/figure>\n\t\t\t\t\t\t\t\t\t<\/div>\n\t\t\t\t<\/div>\n\t\t\t\t<div class=\"elementor-element elementor-element-067e9f4 elementor-widget elementor-widget-image\" data-id=\"067e9f4\" data-element_type=\"widget\" data-e-type=\"widget\" data-widget_type=\"image.default\">\n\t\t\t\t<div class=\"elementor-widget-container\">\n\t\t\t\t\t\t\t\t\t\t\t\t<figure class=\"wp-caption\">\n\t\t\t\t\t\t\t\t\t\t<img loading=\"lazy\" decoding=\"async\" width=\"768\" height=\"512\" src=\"https:\/\/www.elturistatranquil.com\/wp-content\/uploads\/F23-Plaza-de-la-Iglesia-La-Carlota.-Cordoba.jpg\" class=\"attachment-large size-large wp-image-64939\" alt=\"La Carlota. Cordoba\" srcset=\"https:\/\/www.elturistatranquil.com\/wp-content\/uploads\/F23-Plaza-de-la-Iglesia-La-Carlota.-Cordoba.jpg 768w, https:\/\/www.elturistatranquil.com\/wp-content\/uploads\/F23-Plaza-de-la-Iglesia-La-Carlota.-Cordoba-339x226.jpg 339w\" sizes=\"(max-width: 768px) 100vw, 768px\" \/>\t\t\t\t\t\t\t\t\t\t\t<figcaption class=\"widget-image-caption wp-caption-text\"><\/figcaption>\n\t\t\t\t\t\t\t\t\t\t<\/figure>\n\t\t\t\t\t\t\t\t\t<\/div>\n\t\t\t\t<\/div>\n\t\t\t\t<div class=\"elementor-element elementor-element-546d70b elementor-widget elementor-widget-text-editor\" data-id=\"546d70b\" data-element_type=\"widget\" data-e-type=\"widget\" data-widget_type=\"text-editor.default\">\n\t\t\t\t<div class=\"elementor-widget-container\">\n\t\t\t\t\t\t\t\t\t<p>Davant del <strong>mol\u00ed del Rei<\/strong> (<strong>4<\/strong>) es forma una altra pla\u00e7a amb la denominaci\u00f3 actual de <strong>pla\u00e7a de Espa\u00f1a<\/strong> que em suggereix un espai obert funcional per al tr\u00e0nsit vinculat al mol\u00ed.<\/p>\t\t\t\t\t\t\t\t<\/div>\n\t\t\t\t<\/div>\n\t\t\t\t<div class=\"elementor-element elementor-element-4f9f159 elementor-widget elementor-widget-image\" data-id=\"4f9f159\" data-element_type=\"widget\" data-e-type=\"widget\" data-widget_type=\"image.default\">\n\t\t\t\t<div class=\"elementor-widget-container\">\n\t\t\t\t\t\t\t\t\t\t\t\t<figure class=\"wp-caption\">\n\t\t\t\t\t\t\t\t\t\t<img loading=\"lazy\" decoding=\"async\" width=\"768\" height=\"512\" src=\"https:\/\/www.elturistatranquil.com\/wp-content\/uploads\/F24-Plaza-de-la-Iglesia-La-Carlota.-Cordoba.jpg\" class=\"attachment-large size-large wp-image-64941\" alt=\"La Carlota. Cordoba\" srcset=\"https:\/\/www.elturistatranquil.com\/wp-content\/uploads\/F24-Plaza-de-la-Iglesia-La-Carlota.-Cordoba.jpg 768w, https:\/\/www.elturistatranquil.com\/wp-content\/uploads\/F24-Plaza-de-la-Iglesia-La-Carlota.-Cordoba-339x226.jpg 339w\" sizes=\"(max-width: 768px) 100vw, 768px\" \/>\t\t\t\t\t\t\t\t\t\t\t<figcaption class=\"widget-image-caption wp-caption-text\"><\/figcaption>\n\t\t\t\t\t\t\t\t\t\t<\/figure>\n\t\t\t\t\t\t\t\t\t<\/div>\n\t\t\t\t<\/div>\n\t\t\t\t<div class=\"elementor-element elementor-element-4a11341 elementor-widget elementor-widget-text-editor\" data-id=\"4a11341\" data-element_type=\"widget\" data-e-type=\"widget\" data-widget_type=\"text-editor.default\">\n\t\t\t\t<div class=\"elementor-widget-container\">\n\t\t\t\t\t\t\t\t\t<p>L\u2019edifici de la Subdelegaci\u00f3, en ple cam\u00ed Reial, es va construir reculat, deixant al davant una placeta, cosa que ofereix m\u00e9s perspectiva visual i pres\u00e8ncia a l\u2019edifici.<\/p>\t\t\t\t\t\t\t\t<\/div>\n\t\t\t\t<\/div>\n\t\t\t\t<div class=\"elementor-element elementor-element-b57a4c2 elementor-widget elementor-widget-image\" data-id=\"b57a4c2\" data-element_type=\"widget\" data-e-type=\"widget\" data-widget_type=\"image.default\">\n\t\t\t\t<div class=\"elementor-widget-container\">\n\t\t\t\t\t\t\t\t\t\t\t\t<figure class=\"wp-caption\">\n\t\t\t\t\t\t\t\t\t\t<img loading=\"lazy\" decoding=\"async\" width=\"768\" height=\"512\" src=\"https:\/\/www.elturistatranquil.com\/wp-content\/uploads\/F25-palacio-de-la-Subdelegacion.-La-Carlota.-Cordoba.jpg\" class=\"attachment-large size-large wp-image-64945\" alt=\"La Carlota. Cordoba\" srcset=\"https:\/\/www.elturistatranquil.com\/wp-content\/uploads\/F25-palacio-de-la-Subdelegacion.-La-Carlota.-Cordoba.jpg 768w, https:\/\/www.elturistatranquil.com\/wp-content\/uploads\/F25-palacio-de-la-Subdelegacion.-La-Carlota.-Cordoba-339x226.jpg 339w\" sizes=\"(max-width: 768px) 100vw, 768px\" \/>\t\t\t\t\t\t\t\t\t\t\t<figcaption class=\"widget-image-caption wp-caption-text\"><\/figcaption>\n\t\t\t\t\t\t\t\t\t\t<\/figure>\n\t\t\t\t\t\t\t\t\t<\/div>\n\t\t\t\t<\/div>\n\t\t\t\t<div class=\"elementor-element elementor-element-aa6b5ab elementor-widget elementor-widget-heading\" data-id=\"aa6b5ab\" data-element_type=\"widget\" data-e-type=\"widget\" data-widget_type=\"heading.default\">\n\t\t\t\t<div class=\"elementor-widget-container\">\n\t\t\t\t\t<h5 class=\"elementor-heading-title elementor-size-default\">Les illes<\/h5>\t\t\t\t<\/div>\n\t\t\t\t<\/div>\n\t\t\t\t<div class=\"elementor-element elementor-element-a76f819 elementor-widget elementor-widget-text-editor\" data-id=\"a76f819\" data-element_type=\"widget\" data-e-type=\"widget\" data-widget_type=\"text-editor.default\">\n\t\t\t\t<div class=\"elementor-widget-container\">\n\t\t\t\t\t\t\t\t\t<p>Per entendre les illes d\u2019un poblat de colonitzaci\u00f3 cal tenir molt present que \u00e9s un poblat exclusivament rural, amb cases de funci\u00f3 agr\u00e0ria, que requereixen espai per a l\u2019habitatge i espai per a l\u2019activitat agr\u00e0ria, concentrat al corral amb depend\u00e8ncies per acollir cavalleria, bestiar, porquera, galliners, paller, cambres per als arreus\u2026). Per tant, la parcel\u00b7la ha de tenir dimensions superiors a les d\u2019una funci\u00f3 simplement urbana.<\/p><p>Si se segu\u00eds el model de Fuente Palmera, les illes estarien formades per cases amb l\u2019entrada a l\u2019habitatge orientada a la pla\u00e7a o a la via principal ocupant el front, amb entrada al corral pel carrer posterior.<\/p><p>A Fuente Palmera, les illes allotgen 2 i 4 cases. A La Carlota penso que el m\u00ednim \u00e9s de 4 cases, com els dos laterals de la pla\u00e7a de l\u2019Esgl\u00e9sia, amb quatre cases per costat.<\/p>\t\t\t\t\t\t\t\t<\/div>\n\t\t\t\t<\/div>\n\t\t\t\t<div class=\"elementor-element elementor-element-a17214a elementor-widget elementor-widget-image\" data-id=\"a17214a\" data-element_type=\"widget\" data-e-type=\"widget\" data-widget_type=\"image.default\">\n\t\t\t\t<div class=\"elementor-widget-container\">\n\t\t\t\t\t\t\t\t\t\t\t\t<figure class=\"wp-caption\">\n\t\t\t\t\t\t\t\t\t\t<img loading=\"lazy\" decoding=\"async\" width=\"768\" height=\"548\" src=\"https:\/\/www.elturistatranquil.com\/wp-content\/uploads\/F25b-Fuentepalmera.jpg\" class=\"attachment-large size-large wp-image-65104\" alt=\"La Carlota. Cordoba\" srcset=\"https:\/\/www.elturistatranquil.com\/wp-content\/uploads\/F25b-Fuentepalmera.jpg 768w, https:\/\/www.elturistatranquil.com\/wp-content\/uploads\/F25b-Fuentepalmera-317x226.jpg 317w\" sizes=\"(max-width: 768px) 100vw, 768px\" \/>\t\t\t\t\t\t\t\t\t\t\t<figcaption class=\"widget-image-caption wp-caption-text\"><\/figcaption>\n\t\t\t\t\t\t\t\t\t\t<\/figure>\n\t\t\t\t\t\t\t\t\t<\/div>\n\t\t\t\t<\/div>\n\t\t\t\t<div class=\"elementor-element elementor-element-d3f3822 elementor-widget elementor-widget-text-editor\" data-id=\"d3f3822\" data-element_type=\"widget\" data-e-type=\"widget\" data-widget_type=\"text-editor.default\">\n\t\t\t\t<div class=\"elementor-widget-container\">\n\t\t\t\t\t\t\t\t\t<p>Frontal de l\u2019illa de la pla\u00e7a de l\u2019Esgl\u00e9sia costat est.<\/p>\t\t\t\t\t\t\t\t<\/div>\n\t\t\t\t<\/div>\n\t\t\t\t<div class=\"elementor-element elementor-element-4313e70 elementor-widget elementor-widget-image\" data-id=\"4313e70\" data-element_type=\"widget\" data-e-type=\"widget\" data-widget_type=\"image.default\">\n\t\t\t\t<div class=\"elementor-widget-container\">\n\t\t\t\t\t\t\t\t\t\t\t\t<figure class=\"wp-caption\">\n\t\t\t\t\t\t\t\t\t\t<img loading=\"lazy\" decoding=\"async\" width=\"768\" height=\"512\" src=\"https:\/\/www.elturistatranquil.com\/wp-content\/uploads\/F25c-0000-IMG20260303120554-b.jpg\" class=\"attachment-large size-large wp-image-65106\" alt=\"La Carlota. Cordoba\" srcset=\"https:\/\/www.elturistatranquil.com\/wp-content\/uploads\/F25c-0000-IMG20260303120554-b.jpg 768w, https:\/\/www.elturistatranquil.com\/wp-content\/uploads\/F25c-0000-IMG20260303120554-b-339x226.jpg 339w\" sizes=\"(max-width: 768px) 100vw, 768px\" \/>\t\t\t\t\t\t\t\t\t\t\t<figcaption class=\"widget-image-caption wp-caption-text\"><\/figcaption>\n\t\t\t\t\t\t\t\t\t\t<\/figure>\n\t\t\t\t\t\t\t\t\t<\/div>\n\t\t\t\t<\/div>\n\t\t\t\t<div class=\"elementor-element elementor-element-9b3f177 elementor-widget elementor-widget-text-editor\" data-id=\"9b3f177\" data-element_type=\"widget\" data-e-type=\"widget\" data-widget_type=\"text-editor.default\">\n\t\t\t\t<div class=\"elementor-widget-container\">\n\t\t\t\t\t\t\t\t\t<p>Amb els anys, les cases agr\u00e0ries aniran perdent la seva funci\u00f3 i, en algun moment, es comen\u00e7ar\u00e0 a dividir la parcel\u00b7la en profunditat, donant pas a la introducci\u00f3 de cases urbanes obertes sobre els quatre costats de l\u2019illa.<\/p><p>Aix\u00f2 explicaria que l\u2019increment de poblaci\u00f3 no hagu\u00e9s comportat, en una primera etapa, un increment de superf\u00edcie urbana, en haver-se augmentat la densitat d\u2019habitatges dins el mateix espai urb\u00e0.<\/p><p>El que tamb\u00e9 s\u2019observa \u00e9s que l\u2019est\u00e8tica del model de casa -doble planta, porta de l\u2019habitatge central, amb finestres laterals i finestra superior- s\u2019ha mantingut \u00fanicament amb la incorporaci\u00f3 de balcons a la planta superior, ara habilitada com a espai residencial.<\/p>\t\t\t\t\t\t\t\t<\/div>\n\t\t\t\t<\/div>\n\t\t\t\t<div class=\"elementor-element elementor-element-fc1dddb elementor-widget elementor-widget-heading\" data-id=\"fc1dddb\" data-element_type=\"widget\" data-e-type=\"widget\" data-widget_type=\"heading.default\">\n\t\t\t\t<div class=\"elementor-widget-container\">\n\t\t\t\t\t<h2 class=\"elementor-heading-title elementor-size-default\">Edificis monumentals<\/h2>\t\t\t\t<\/div>\n\t\t\t\t<\/div>\n\t\t\t\t<div class=\"elementor-element elementor-element-cc3c760 elementor-widget elementor-widget-text-editor\" data-id=\"cc3c760\" data-element_type=\"widget\" data-e-type=\"widget\" data-widget_type=\"text-editor.default\">\n\t\t\t\t<div class=\"elementor-widget-container\">\n\t\t\t\t\t\t\t\t\t<p>Comencem el recorregut pels elements arquitect\u00f2nics i urban\u00edstics m\u00e9s representatius que han perviscut des de la nova poblaci\u00f3 inicial.<\/p><p>Els n\u00fameros del pl\u00e0nol es corresponen amb els punts de visita que realitzarem.<\/p>\t\t\t\t\t\t\t\t<\/div>\n\t\t\t\t<\/div>\n\t\t\t\t<div class=\"elementor-element elementor-element-6c155ee elementor-widget elementor-widget-heading\" data-id=\"6c155ee\" data-element_type=\"widget\" data-e-type=\"widget\" data-widget_type=\"heading.default\">\n\t\t\t\t<div class=\"elementor-widget-container\">\n\t\t\t\t\t<h3 class=\"elementor-heading-title elementor-size-default\">El centre: elements simb\u00f2lics de poder i els serveis complementaris<\/h3>\t\t\t\t<\/div>\n\t\t\t\t<\/div>\n\t\t\t\t<div class=\"elementor-element elementor-element-19ba65e elementor-widget elementor-widget-text-editor\" data-id=\"19ba65e\" data-element_type=\"widget\" data-e-type=\"widget\" data-widget_type=\"text-editor.default\">\n\t\t\t\t<div class=\"elementor-widget-container\">\n\t\t\t\t\t\t\t\t\t<p>En l\u2019urbanisme espanyol, el m\u00e9s usual \u00e9s que cada localitat estigui dotada d\u2019un centre urb\u00e0 on es concentra el poder religi\u00f3s-administratiu, constituint una pla\u00e7a major.<\/p><p>Aquest mateix model s\u2019aplica a les noves poblacions, per\u00f2 no a les cap\u00e7aleres de les subintend\u00e8ncies, a La Carlota i La Carolina.<\/p><p>Centrant-nos en La Carlota, sobre l\u2019eix principal constitu\u00eft pel cam\u00ed Reial, s\u2019assenta el palau de la Subintend\u00e8ncia de les Noves Poblacions d\u2019Andalusia, mentre que l\u2019esgl\u00e9sia es despla\u00e7a cap al costat nord-est, formant-se en aquell lloc l\u2019equivalent a la pla\u00e7a Major. Ambd\u00f3s poders apareixen independents. La subintend\u00e8ncia potser m\u00e9s situada com a centre administratiu de totes les noves poblacions d\u2019Andalusia, i l\u2019esgl\u00e9sia m\u00e9s destinada a ser centre urb\u00e0, encara que en una posici\u00f3 poc central respecte al nucli urb\u00e0.<\/p><p>No obstant aix\u00f2, en aquesta pla\u00e7a major es van edificar la casa del subintendent i la pres\u00f3.<\/p>\t\t\t\t\t\t\t\t<\/div>\n\t\t\t\t<\/div>\n\t\t\t\t<div class=\"elementor-element elementor-element-cb1d709 elementor-widget elementor-widget-heading\" data-id=\"cb1d709\" data-element_type=\"widget\" data-e-type=\"widget\" data-widget_type=\"heading.default\">\n\t\t\t\t<div class=\"elementor-widget-container\">\n\t\t\t\t\t<h4 class=\"elementor-heading-title elementor-size-default\">Palau de la Subdelegaci\u00f3 de les Noves Poblacions d\u2019Andalusia. Ajuntament<\/h4>\t\t\t\t<\/div>\n\t\t\t\t<\/div>\n\t\t\t\t<div class=\"elementor-element elementor-element-1c56659 elementor-widget elementor-widget-text-editor\" data-id=\"1c56659\" data-element_type=\"widget\" data-e-type=\"widget\" data-widget_type=\"text-editor.default\">\n\t\t\t\t<div class=\"elementor-widget-container\">\n\t\t\t\t\t\t\t\t\t<p>El <strong>palau de la Subdelegaci\u00f3<\/strong> o <strong>casa gran<\/strong> (<strong>1<\/strong>), va ser constru\u00eft entre 1770 i 1780 com a edifici oficial destinat a funcions administratives i residencials.<\/p><p>Arquitect\u00f2nicament, respon a un estil neocl\u00e0ssic, encara que conserva alguns trets del barroc tard\u00e0. La fa\u00e7ana presentava una antiga policromia, avui gaireb\u00e9 desapareguda, i elements com les cornises ondulants dels balcons inferiors. La seva composici\u00f3, sim\u00e8trica i s\u00f2bria, es completa amb remats classicistes com arquitrau, fris, cornisa amb denticles i pinacles.<\/p>\t\t\t\t\t\t\t\t<\/div>\n\t\t\t\t<\/div>\n\t\t\t\t<div class=\"elementor-element elementor-element-2140cba elementor-widget elementor-widget-image\" data-id=\"2140cba\" data-element_type=\"widget\" data-e-type=\"widget\" data-widget_type=\"image.default\">\n\t\t\t\t<div class=\"elementor-widget-container\">\n\t\t\t\t\t\t\t\t\t\t\t\t<figure class=\"wp-caption\">\n\t\t\t\t\t\t\t\t\t\t<img loading=\"lazy\" decoding=\"async\" width=\"768\" height=\"512\" src=\"https:\/\/www.elturistatranquil.com\/wp-content\/uploads\/F26-palacio-de-la-Subdelegacion.-La-Carlota.-Cordoba.jpg\" class=\"attachment-large size-large wp-image-64943\" alt=\"La Carlota. Cordoba\" srcset=\"https:\/\/www.elturistatranquil.com\/wp-content\/uploads\/F26-palacio-de-la-Subdelegacion.-La-Carlota.-Cordoba.jpg 768w, https:\/\/www.elturistatranquil.com\/wp-content\/uploads\/F26-palacio-de-la-Subdelegacion.-La-Carlota.-Cordoba-339x226.jpg 339w\" sizes=\"(max-width: 768px) 100vw, 768px\" \/>\t\t\t\t\t\t\t\t\t\t\t<figcaption class=\"widget-image-caption wp-caption-text\"><\/figcaption>\n\t\t\t\t\t\t\t\t\t\t<\/figure>\n\t\t\t\t\t\t\t\t\t<\/div>\n\t\t\t\t<\/div>\n\t\t\t\t<div class=\"elementor-element elementor-element-0a4103a elementor-widget elementor-widget-image\" data-id=\"0a4103a\" data-element_type=\"widget\" data-e-type=\"widget\" data-widget_type=\"image.default\">\n\t\t\t\t<div class=\"elementor-widget-container\">\n\t\t\t\t\t\t\t\t\t\t\t\t<figure class=\"wp-caption\">\n\t\t\t\t\t\t\t\t\t\t<img loading=\"lazy\" decoding=\"async\" width=\"768\" height=\"511\" src=\"https:\/\/www.elturistatranquil.com\/wp-content\/uploads\/F27-palacio-de-la-Subdelegacion.-La-Carlota.-Cordoba.jpg\" class=\"attachment-large size-large wp-image-64947\" alt=\"La Carlota. Cordoba\" srcset=\"https:\/\/www.elturistatranquil.com\/wp-content\/uploads\/F27-palacio-de-la-Subdelegacion.-La-Carlota.-Cordoba.jpg 768w, https:\/\/www.elturistatranquil.com\/wp-content\/uploads\/F27-palacio-de-la-Subdelegacion.-La-Carlota.-Cordoba-339x226.jpg 339w\" sizes=\"(max-width: 768px) 100vw, 768px\" \/>\t\t\t\t\t\t\t\t\t\t\t<figcaption class=\"widget-image-caption wp-caption-text\"><\/figcaption>\n\t\t\t\t\t\t\t\t\t\t<\/figure>\n\t\t\t\t\t\t\t\t\t<\/div>\n\t\t\t\t<\/div>\n\t\t\t\t<div class=\"elementor-element elementor-element-f4fdf7e elementor-widget elementor-widget-image\" data-id=\"f4fdf7e\" data-element_type=\"widget\" data-e-type=\"widget\" data-widget_type=\"image.default\">\n\t\t\t\t<div class=\"elementor-widget-container\">\n\t\t\t\t\t\t\t\t\t\t\t\t<figure class=\"wp-caption\">\n\t\t\t\t\t\t\t\t\t\t<img loading=\"lazy\" decoding=\"async\" width=\"768\" height=\"511\" src=\"https:\/\/www.elturistatranquil.com\/wp-content\/uploads\/F28-palacio-de-la-Subdelegacion.-La-Carlota.-Cordoba.jpg\" class=\"attachment-large size-large wp-image-64949\" alt=\"La Carlota. Cordoba\" srcset=\"https:\/\/www.elturistatranquil.com\/wp-content\/uploads\/F28-palacio-de-la-Subdelegacion.-La-Carlota.-Cordoba.jpg 768w, https:\/\/www.elturistatranquil.com\/wp-content\/uploads\/F28-palacio-de-la-Subdelegacion.-La-Carlota.-Cordoba-339x226.jpg 339w\" sizes=\"(max-width: 768px) 100vw, 768px\" \/>\t\t\t\t\t\t\t\t\t\t\t<figcaption class=\"widget-image-caption wp-caption-text\"><\/figcaption>\n\t\t\t\t\t\t\t\t\t\t<\/figure>\n\t\t\t\t\t\t\t\t\t<\/div>\n\t\t\t\t<\/div>\n\t\t\t\t<div class=\"elementor-element elementor-element-361f4e3 elementor-widget elementor-widget-text-editor\" data-id=\"361f4e3\" data-element_type=\"widget\" data-e-type=\"widget\" data-widget_type=\"text-editor.default\">\n\t\t\t\t<div class=\"elementor-widget-container\">\n\t\t\t\t\t\t\t\t\t<p>L\u2019interior s\u2019organitza al voltant d\u2019un pati central amb columnes i arcs de mig punt de dos nivells. La planta baixa acollia oficines com la Comptadoria, la Tresoreria i la Secretaria, mentre que la planta alta es destinava a resid\u00e8ncia.<\/p><p>En conjunt, l\u2019edifici destaca per la seva sobrietat, funcionalitat i valor representatiu, i continua mantenint un \u00fas p\u00fablic, actualment com a seu de l\u2019Ajuntament de La Carlota.<\/p>\t\t\t\t\t\t\t\t<\/div>\n\t\t\t\t<\/div>\n\t\t\t\t<div class=\"elementor-element elementor-element-e753b24 elementor-widget elementor-widget-image\" data-id=\"e753b24\" data-element_type=\"widget\" data-e-type=\"widget\" data-widget_type=\"image.default\">\n\t\t\t\t<div class=\"elementor-widget-container\">\n\t\t\t\t\t\t\t\t\t\t\t\t<figure class=\"wp-caption\">\n\t\t\t\t\t\t\t\t\t\t<img loading=\"lazy\" decoding=\"async\" width=\"768\" height=\"512\" src=\"https:\/\/www.elturistatranquil.com\/wp-content\/uploads\/F29-palacio-de-la-Subdelegacion.-La-Carlota.-Cordoba.jpg\" class=\"attachment-large size-large wp-image-64951\" alt=\"La Carlota. Cordoba\" srcset=\"https:\/\/www.elturistatranquil.com\/wp-content\/uploads\/F29-palacio-de-la-Subdelegacion.-La-Carlota.-Cordoba.jpg 768w, https:\/\/www.elturistatranquil.com\/wp-content\/uploads\/F29-palacio-de-la-Subdelegacion.-La-Carlota.-Cordoba-339x226.jpg 339w\" sizes=\"(max-width: 768px) 100vw, 768px\" \/>\t\t\t\t\t\t\t\t\t\t\t<figcaption class=\"widget-image-caption wp-caption-text\"><\/figcaption>\n\t\t\t\t\t\t\t\t\t\t<\/figure>\n\t\t\t\t\t\t\t\t\t<\/div>\n\t\t\t\t<\/div>\n\t\t\t\t<div class=\"elementor-element elementor-element-c02db05 elementor-widget elementor-widget-text-editor\" data-id=\"c02db05\" data-element_type=\"widget\" data-e-type=\"widget\" data-widget_type=\"text-editor.default\">\n\t\t\t\t<div class=\"elementor-widget-container\">\n\t\t\t\t\t\t\t\t\t<p>Sembla que les primeres escoles es van ubicar a la planta superior.<\/p><p>Posteriorment, ja al segle XIX, quan va passar a ser municipi, va acollir l\u2019ajuntament. Tamb\u00e9 existia en el mateix edifici un teatre fundat per una societat d\u2019aficionats, alhora que hi habitaven alguns ve\u00efns. Madoz ens diu que \u201camb el producte dels lloguers va fent a poc a poc la municipalitat les reparacions que necessita aquesta casa\u201d.<\/p>\t\t\t\t\t\t\t\t<\/div>\n\t\t\t\t<\/div>\n\t\t\t\t<div class=\"elementor-element elementor-element-0721411 elementor-widget elementor-widget-heading\" data-id=\"0721411\" data-element_type=\"widget\" data-e-type=\"widget\" data-widget_type=\"heading.default\">\n\t\t\t\t<div class=\"elementor-widget-container\">\n\t\t\t\t\t<h5 class=\"elementor-heading-title elementor-size-default\">Esgl\u00e9sia de la Inmaculada Concepci\u00f3n<\/h5>\t\t\t\t<\/div>\n\t\t\t\t<\/div>\n\t\t\t\t<div class=\"elementor-element elementor-element-69a43c4 elementor-widget elementor-widget-text-editor\" data-id=\"69a43c4\" data-element_type=\"widget\" data-e-type=\"widget\" data-widget_type=\"text-editor.default\">\n\t\t\t\t<div class=\"elementor-widget-container\">\n\t\t\t\t\t\t\t\t\t<p>L\u2019esgl\u00e9sia era un dels pilars de l\u2019Antic R\u00e8gim, per la qual cosa la seva pres\u00e8ncia havia de manifestar-se al centre de la societat i de la seva organitzaci\u00f3 territorial.<\/p><p>Per aix\u00f2, se la va localitzar a la pla\u00e7a central, encara que, com he assenyalat, aquesta pla\u00e7a no ocupava una posici\u00f3 c\u00e8ntrica.<\/p><p>Es nota que la seva ubicaci\u00f3 est\u00e0 m\u00e9s condicionada per criteris urban\u00edstics que eclesi\u00e0stics. D\u2019una banda, no constitueix un edifici exempt, sin\u00f3 que est\u00e0 integrada a la gran illa que delimita el costat nord-oest. De l\u2019altra, no s\u2019adapta a la norma can\u00f2nica de l\u2019orientaci\u00f3 a llevant, sin\u00f3 que ho est\u00e0 cap al nord-oest.<\/p><p>L\u2019<strong>esgl\u00e9sia de la Inmaculada Concepci\u00f3n<\/strong> (<strong>2<\/strong>) era l\u2019esgl\u00e9sia parroquial dedicada a la Pur\u00edssima Concepci\u00f3, patrona del poble, aix\u00ed com de tota la col\u00f2nia. Estava servida per quatre capellans, amb els rectors que havien de con\u00e8ixer l\u2019Idioma dels nous pobladors, agrupats per idiomes.<\/p><p>Va comen\u00e7ar a construir-se el 1769 i va quedar conclosa el 1779. \u00c9s un dels edificis m\u00e9s representatius del nucli hist\u00f2ric de La Carlota i ha mantingut fins avui el seu \u00fas religi\u00f3s.<\/p><p>Arquitect\u00f2nicament, \u00e9s un temple de car\u00e0cter neocl\u00e0ssic, encara que dins l\u2019ambient de transici\u00f3 estil\u00edstica propi de La Carlota.<\/p><p>La seva fa\u00e7ana \u00e9s el seu tret m\u00e9s singular, amb un p\u00f2rtic de tres grans arcs de mig punt, rematada amb dos campanars bessons.<\/p>\t\t\t\t\t\t\t\t<\/div>\n\t\t\t\t<\/div>\n\t\t\t\t<div class=\"elementor-element elementor-element-e32a3ae elementor-widget elementor-widget-image\" data-id=\"e32a3ae\" data-element_type=\"widget\" data-e-type=\"widget\" data-widget_type=\"image.default\">\n\t\t\t\t<div class=\"elementor-widget-container\">\n\t\t\t\t\t\t\t\t\t\t\t\t<figure class=\"wp-caption\">\n\t\t\t\t\t\t\t\t\t\t<img loading=\"lazy\" decoding=\"async\" width=\"768\" height=\"512\" src=\"https:\/\/www.elturistatranquil.com\/wp-content\/uploads\/F30-Iglesia-de-la-Inmaculada.-La-Carlota.-Cordoba.jpg\" class=\"attachment-large size-large wp-image-64953\" alt=\"La Carlota. Cordoba\" srcset=\"https:\/\/www.elturistatranquil.com\/wp-content\/uploads\/F30-Iglesia-de-la-Inmaculada.-La-Carlota.-Cordoba.jpg 768w, https:\/\/www.elturistatranquil.com\/wp-content\/uploads\/F30-Iglesia-de-la-Inmaculada.-La-Carlota.-Cordoba-339x226.jpg 339w\" sizes=\"(max-width: 768px) 100vw, 768px\" \/>\t\t\t\t\t\t\t\t\t\t\t<figcaption class=\"widget-image-caption wp-caption-text\"><\/figcaption>\n\t\t\t\t\t\t\t\t\t\t<\/figure>\n\t\t\t\t\t\t\t\t\t<\/div>\n\t\t\t\t<\/div>\n\t\t\t\t<div class=\"elementor-element elementor-element-a1402fb elementor-widget elementor-widget-text-editor\" data-id=\"a1402fb\" data-element_type=\"widget\" data-e-type=\"widget\" data-widget_type=\"text-editor.default\">\n\t\t\t\t<div class=\"elementor-widget-container\">\n\t\t\t\t\t\t\t\t\t<p>Els arcs, m\u00e9s ample el central, en correspond\u00e8ncia amb l\u2019amplada de les naus de l\u2019interior, s\u00f3n de ma\u00f3 i els murs presumiblement de ma\u00e7oneria arrebossats de color blanc.<\/p>\t\t\t\t\t\t\t\t<\/div>\n\t\t\t\t<\/div>\n\t\t\t\t<div class=\"elementor-element elementor-element-ef2800a elementor-widget elementor-widget-image\" data-id=\"ef2800a\" data-element_type=\"widget\" data-e-type=\"widget\" data-widget_type=\"image.default\">\n\t\t\t\t<div class=\"elementor-widget-container\">\n\t\t\t\t\t\t\t\t\t\t\t\t<figure class=\"wp-caption\">\n\t\t\t\t\t\t\t\t\t\t<img loading=\"lazy\" decoding=\"async\" width=\"768\" height=\"512\" src=\"https:\/\/www.elturistatranquil.com\/wp-content\/uploads\/F31-Iglesia-de-la-Inmaculada.-La-Carlota.-Cordoba.jpg\" class=\"attachment-large size-large wp-image-64955\" alt=\"La Carlota. Cordoba\" srcset=\"https:\/\/www.elturistatranquil.com\/wp-content\/uploads\/F31-Iglesia-de-la-Inmaculada.-La-Carlota.-Cordoba.jpg 768w, https:\/\/www.elturistatranquil.com\/wp-content\/uploads\/F31-Iglesia-de-la-Inmaculada.-La-Carlota.-Cordoba-339x226.jpg 339w\" sizes=\"(max-width: 768px) 100vw, 768px\" \/>\t\t\t\t\t\t\t\t\t\t\t<figcaption class=\"widget-image-caption wp-caption-text\"><\/figcaption>\n\t\t\t\t\t\t\t\t\t\t<\/figure>\n\t\t\t\t\t\t\t\t\t<\/div>\n\t\t\t\t<\/div>\n\t\t\t\t<div class=\"elementor-element elementor-element-9decfd9 elementor-widget elementor-widget-image\" data-id=\"9decfd9\" data-element_type=\"widget\" data-e-type=\"widget\" data-widget_type=\"image.default\">\n\t\t\t\t<div class=\"elementor-widget-container\">\n\t\t\t\t\t\t\t\t\t\t\t\t<figure class=\"wp-caption\">\n\t\t\t\t\t\t\t\t\t\t<img loading=\"lazy\" decoding=\"async\" width=\"768\" height=\"512\" src=\"https:\/\/www.elturistatranquil.com\/wp-content\/uploads\/F32-Iglesia-de-la-Inmaculada.-La-Carlota.-Cordoba.jpg\" class=\"attachment-large size-large wp-image-64960\" alt=\"\" srcset=\"https:\/\/www.elturistatranquil.com\/wp-content\/uploads\/F32-Iglesia-de-la-Inmaculada.-La-Carlota.-Cordoba.jpg 768w, https:\/\/www.elturistatranquil.com\/wp-content\/uploads\/F32-Iglesia-de-la-Inmaculada.-La-Carlota.-Cordoba-339x226.jpg 339w\" sizes=\"(max-width: 768px) 100vw, 768px\" \/>\t\t\t\t\t\t\t\t\t\t\t<figcaption class=\"widget-image-caption wp-caption-text\"><\/figcaption>\n\t\t\t\t\t\t\t\t\t\t<\/figure>\n\t\t\t\t\t\t\t\t\t<\/div>\n\t\t\t\t<\/div>\n\t\t\t\t<div class=\"elementor-element elementor-element-630552c elementor-widget elementor-widget-text-editor\" data-id=\"630552c\" data-element_type=\"widget\" data-e-type=\"widget\" data-widget_type=\"text-editor.default\">\n\t\t\t\t<div class=\"elementor-widget-container\">\n\t\t\t\t\t\t\t\t\t<p>Els dos campanars bessons a la part davantera s\u00f3n una soluci\u00f3 poc comuna, que em recorda algunes esgl\u00e9sies barroques de Roma.<\/p>\t\t\t\t\t\t\t\t<\/div>\n\t\t\t\t<\/div>\n\t\t\t\t<div class=\"elementor-element elementor-element-00e4a61 elementor-widget elementor-widget-image\" data-id=\"00e4a61\" data-element_type=\"widget\" data-e-type=\"widget\" data-widget_type=\"image.default\">\n\t\t\t\t<div class=\"elementor-widget-container\">\n\t\t\t\t\t\t\t\t\t\t\t\t<figure class=\"wp-caption\">\n\t\t\t\t\t\t\t\t\t\t<img loading=\"lazy\" decoding=\"async\" width=\"768\" height=\"511\" src=\"https:\/\/www.elturistatranquil.com\/wp-content\/uploads\/F33-Iglesia-de-la-Inmaculada.-La-Carlota.-Cordoba.jpg\" class=\"attachment-large size-large wp-image-64962\" alt=\"La Carlota. Cordoba\" srcset=\"https:\/\/www.elturistatranquil.com\/wp-content\/uploads\/F33-Iglesia-de-la-Inmaculada.-La-Carlota.-Cordoba.jpg 768w, https:\/\/www.elturistatranquil.com\/wp-content\/uploads\/F33-Iglesia-de-la-Inmaculada.-La-Carlota.-Cordoba-339x226.jpg 339w\" sizes=\"(max-width: 768px) 100vw, 768px\" \/>\t\t\t\t\t\t\t\t\t\t\t<figcaption class=\"widget-image-caption wp-caption-text\"><\/figcaption>\n\t\t\t\t\t\t\t\t\t\t<\/figure>\n\t\t\t\t\t\t\t\t\t<\/div>\n\t\t\t\t<\/div>\n\t\t\t\t<div class=\"elementor-element elementor-element-5f086a8 elementor-widget elementor-widget-text-editor\" data-id=\"5f086a8\" data-element_type=\"widget\" data-e-type=\"widget\" data-widget_type=\"text-editor.default\">\n\t\t\t\t<div class=\"elementor-widget-container\">\n\t\t\t\t\t\t\t\t\t<p>La teulada \u00e9s de teula a dues aig\u00fces. A l\u2019absis sobresurt el cos central rectangular, amb coberta a quatre aig\u00fces, i dos absis laterals quadrats de menor altura.<\/p>\t\t\t\t\t\t\t\t<\/div>\n\t\t\t\t<\/div>\n\t\t\t\t<div class=\"elementor-element elementor-element-a404987 elementor-widget elementor-widget-image\" data-id=\"a404987\" data-element_type=\"widget\" data-e-type=\"widget\" data-widget_type=\"image.default\">\n\t\t\t\t<div class=\"elementor-widget-container\">\n\t\t\t\t\t\t\t\t\t\t\t\t<figure class=\"wp-caption\">\n\t\t\t\t\t\t\t\t\t\t<img loading=\"lazy\" decoding=\"async\" width=\"768\" height=\"512\" src=\"https:\/\/www.elturistatranquil.com\/wp-content\/uploads\/F34-Iglesia-de-la-Inmaculada.-La-Carlota.-Cordoba.jpg\" class=\"attachment-large size-large wp-image-64964\" alt=\"La Carlota. Cordoba\" srcset=\"https:\/\/www.elturistatranquil.com\/wp-content\/uploads\/F34-Iglesia-de-la-Inmaculada.-La-Carlota.-Cordoba.jpg 768w, https:\/\/www.elturistatranquil.com\/wp-content\/uploads\/F34-Iglesia-de-la-Inmaculada.-La-Carlota.-Cordoba-339x226.jpg 339w\" sizes=\"(max-width: 768px) 100vw, 768px\" \/>\t\t\t\t\t\t\t\t\t\t\t<figcaption class=\"widget-image-caption wp-caption-text\"><\/figcaption>\n\t\t\t\t\t\t\t\t\t\t<\/figure>\n\t\t\t\t\t\t\t\t\t<\/div>\n\t\t\t\t<\/div>\n\t\t\t\t<div class=\"elementor-element elementor-element-30a7750 elementor-widget elementor-widget-text-editor\" data-id=\"30a7750\" data-element_type=\"widget\" data-e-type=\"widget\" data-widget_type=\"text-editor.default\">\n\t\t\t\t<div class=\"elementor-widget-container\">\n\t\t\t\t\t\t\t\t\t<p>L\u2019interior, de planta basilical, est\u00e0 format per tres naus, essent la central la m\u00e9s ampla i principal, i quatre trams recolzats en columnes de pedra.<\/p>\t\t\t\t\t\t\t\t<\/div>\n\t\t\t\t<\/div>\n\t\t\t\t<div class=\"elementor-element elementor-element-3e9c463 elementor-widget elementor-widget-image\" data-id=\"3e9c463\" data-element_type=\"widget\" data-e-type=\"widget\" data-widget_type=\"image.default\">\n\t\t\t\t<div class=\"elementor-widget-container\">\n\t\t\t\t\t\t\t\t\t\t\t\t<figure class=\"wp-caption\">\n\t\t\t\t\t\t\t\t\t\t<img loading=\"lazy\" decoding=\"async\" width=\"768\" height=\"512\" src=\"https:\/\/www.elturistatranquil.com\/wp-content\/uploads\/F35-Iglesia-de-la-Inmaculada.-La-Carlota.-Cordoba.jpg\" class=\"attachment-large size-large wp-image-64966\" alt=\"La Carlota. Cordoba\" srcset=\"https:\/\/www.elturistatranquil.com\/wp-content\/uploads\/F35-Iglesia-de-la-Inmaculada.-La-Carlota.-Cordoba.jpg 768w, https:\/\/www.elturistatranquil.com\/wp-content\/uploads\/F35-Iglesia-de-la-Inmaculada.-La-Carlota.-Cordoba-339x226.jpg 339w\" sizes=\"(max-width: 768px) 100vw, 768px\" \/>\t\t\t\t\t\t\t\t\t\t\t<figcaption class=\"widget-image-caption wp-caption-text\"><\/figcaption>\n\t\t\t\t\t\t\t\t\t\t<\/figure>\n\t\t\t\t\t\t\t\t\t<\/div>\n\t\t\t\t<\/div>\n\t\t\t\t<div class=\"elementor-element elementor-element-b97d971 elementor-widget elementor-widget-image\" data-id=\"b97d971\" data-element_type=\"widget\" data-e-type=\"widget\" data-widget_type=\"image.default\">\n\t\t\t\t<div class=\"elementor-widget-container\">\n\t\t\t\t\t\t\t\t\t\t\t\t<figure class=\"wp-caption\">\n\t\t\t\t\t\t\t\t\t\t<img loading=\"lazy\" decoding=\"async\" width=\"768\" height=\"512\" src=\"https:\/\/www.elturistatranquil.com\/wp-content\/uploads\/F36-Iglesia-de-la-Inmaculada.-La-Carlota.-Cordoba.jpg\" class=\"attachment-large size-large wp-image-64968\" alt=\"La Carlota. Cordoba\" srcset=\"https:\/\/www.elturistatranquil.com\/wp-content\/uploads\/F36-Iglesia-de-la-Inmaculada.-La-Carlota.-Cordoba.jpg 768w, https:\/\/www.elturistatranquil.com\/wp-content\/uploads\/F36-Iglesia-de-la-Inmaculada.-La-Carlota.-Cordoba-339x226.jpg 339w\" sizes=\"(max-width: 768px) 100vw, 768px\" \/>\t\t\t\t\t\t\t\t\t\t\t<figcaption class=\"widget-image-caption wp-caption-text\"><\/figcaption>\n\t\t\t\t\t\t\t\t\t\t<\/figure>\n\t\t\t\t\t\t\t\t\t<\/div>\n\t\t\t\t<\/div>\n\t\t\t\t<div class=\"elementor-element elementor-element-802488e elementor-widget elementor-widget-text-editor\" data-id=\"802488e\" data-element_type=\"widget\" data-e-type=\"widget\" data-widget_type=\"text-editor.default\">\n\t\t\t\t<div class=\"elementor-widget-container\">\n\t\t\t\t\t\t\t\t\t<p>Sobre el mur frontal de l\u2019absis central hi ha un retaule l\u2019estil del qual no s\u00e9 com classificar.<\/p>\t\t\t\t\t\t\t\t<\/div>\n\t\t\t\t<\/div>\n\t\t\t\t<div class=\"elementor-element elementor-element-9421ba6 elementor-widget elementor-widget-image\" data-id=\"9421ba6\" data-element_type=\"widget\" data-e-type=\"widget\" data-widget_type=\"image.default\">\n\t\t\t\t<div class=\"elementor-widget-container\">\n\t\t\t\t\t\t\t\t\t\t\t\t<figure class=\"wp-caption\">\n\t\t\t\t\t\t\t\t\t\t<img loading=\"lazy\" decoding=\"async\" width=\"768\" height=\"512\" src=\"https:\/\/www.elturistatranquil.com\/wp-content\/uploads\/F37-Iglesia-de-la-Inmaculada.-La-Carlota.-Cordoba.jpg\" class=\"attachment-large size-large wp-image-64973\" alt=\"La Carlota. Cordoba\" srcset=\"https:\/\/www.elturistatranquil.com\/wp-content\/uploads\/F37-Iglesia-de-la-Inmaculada.-La-Carlota.-Cordoba.jpg 768w, https:\/\/www.elturistatranquil.com\/wp-content\/uploads\/F37-Iglesia-de-la-Inmaculada.-La-Carlota.-Cordoba-339x226.jpg 339w\" sizes=\"(max-width: 768px) 100vw, 768px\" \/>\t\t\t\t\t\t\t\t\t\t\t<figcaption class=\"widget-image-caption wp-caption-text\"><\/figcaption>\n\t\t\t\t\t\t\t\t\t\t<\/figure>\n\t\t\t\t\t\t\t\t\t<\/div>\n\t\t\t\t<\/div>\n\t\t\t\t<div class=\"elementor-element elementor-element-5f23507 elementor-widget elementor-widget-text-editor\" data-id=\"5f23507\" data-element_type=\"widget\" data-e-type=\"widget\" data-widget_type=\"text-editor.default\">\n\t\t\t\t<div class=\"elementor-widget-container\">\n\t\t\t\t\t\t\t\t\t<p>En conjunt, l\u2019esgl\u00e9sia destaca per la claredat de la seva composici\u00f3, la simetria de la seva fa\u00e7ana i el seu bon estat de conservaci\u00f3. M\u00e9s que per una decoraci\u00f3 abundant, el seu inter\u00e8s resideix en la solidesa de la seva planta, en la singularitat del p\u00f2rtic obert i en la for\u00e7a visual que li aporten les dues torres.<\/p><p>A banda i banda de la portada de l\u2019esgl\u00e9sia hi ha sengles edificis de serveis. A l\u2019esquerra, la casa parroquial i, a la dreta, l\u2019habitatge del subintendent.<\/p>\t\t\t\t\t\t\t\t<\/div>\n\t\t\t\t<\/div>\n\t\t\t\t<div class=\"elementor-element elementor-element-2a96a69 elementor-widget elementor-widget-heading\" data-id=\"2a96a69\" data-element_type=\"widget\" data-e-type=\"widget\" data-widget_type=\"heading.default\">\n\t\t\t\t<div class=\"elementor-widget-container\">\n\t\t\t\t\t<h5 class=\"elementor-heading-title elementor-size-default\">Casa parroquial<\/h5>\t\t\t\t<\/div>\n\t\t\t\t<\/div>\n\t\t\t\t<div class=\"elementor-element elementor-element-650b2d2 elementor-widget elementor-widget-text-editor\" data-id=\"650b2d2\" data-element_type=\"widget\" data-e-type=\"widget\" data-widget_type=\"text-editor.default\">\n\t\t\t\t<div class=\"elementor-widget-container\">\n\t\t\t\t\t\t\t\t\t<p>La <strong>casa parroquial<\/strong> adossada al costat esquerre segueix el mateix tipus d\u2019arquitectura simple que la resta de les cases de la poblaci\u00f3.<\/p>\t\t\t\t\t\t\t\t<\/div>\n\t\t\t\t<\/div>\n\t\t\t\t<div class=\"elementor-element elementor-element-3000214 elementor-widget elementor-widget-image\" data-id=\"3000214\" data-element_type=\"widget\" data-e-type=\"widget\" data-widget_type=\"image.default\">\n\t\t\t\t<div class=\"elementor-widget-container\">\n\t\t\t\t\t\t\t\t\t\t\t\t<figure class=\"wp-caption\">\n\t\t\t\t\t\t\t\t\t\t<img loading=\"lazy\" decoding=\"async\" width=\"768\" height=\"511\" src=\"https:\/\/www.elturistatranquil.com\/wp-content\/uploads\/F38-Casa-parroquial.-La-Carlota.-Cordoba.jpg\" class=\"attachment-large size-large wp-image-64975\" alt=\"La Carlota. Cordoba\" srcset=\"https:\/\/www.elturistatranquil.com\/wp-content\/uploads\/F38-Casa-parroquial.-La-Carlota.-Cordoba.jpg 768w, https:\/\/www.elturistatranquil.com\/wp-content\/uploads\/F38-Casa-parroquial.-La-Carlota.-Cordoba-339x226.jpg 339w\" sizes=\"(max-width: 768px) 100vw, 768px\" \/>\t\t\t\t\t\t\t\t\t\t\t<figcaption class=\"widget-image-caption wp-caption-text\"><\/figcaption>\n\t\t\t\t\t\t\t\t\t\t<\/figure>\n\t\t\t\t\t\t\t\t\t<\/div>\n\t\t\t\t<\/div>\n\t\t\t\t<div class=\"elementor-element elementor-element-09a14d5 elementor-widget elementor-widget-heading\" data-id=\"09a14d5\" data-element_type=\"widget\" data-e-type=\"widget\" data-widget_type=\"heading.default\">\n\t\t\t\t<div class=\"elementor-widget-container\">\n\t\t\t\t\t<h4 class=\"elementor-heading-title elementor-size-default\">Les escoles<\/h4>\t\t\t\t<\/div>\n\t\t\t\t<\/div>\n\t\t\t\t<div class=\"elementor-element elementor-element-cb43707 elementor-widget elementor-widget-text-editor\" data-id=\"cb43707\" data-element_type=\"widget\" data-e-type=\"widget\" data-widget_type=\"text-editor.default\">\n\t\t\t\t<div class=\"elementor-widget-container\">\n\t\t\t\t\t\t\t\t\t<p>No \u00e9s recognoscible al pl\u00e0nol cap edifici o espai destinat a les escoles que havien d\u2019existir. Pel que sembla, les primeres classes escolars es van impartir a l\u2019edifici de la subdelegaci\u00f3.<\/p><p>Respecte a l\u2019ensenyament, el Fur especificava que \u201ctots els nens han d\u2019anar a les Escoles de primeres lletres, havent-n\u2019hi d\u2019haver una en cada Consell per als Llocs d\u2019ell; situant-se prop de l\u2019Esgl\u00e9sia, perqu\u00e8 puguin aprendre tamb\u00e9 la Doctrina i la Llengua Espanyola alhora\u201d.<\/p><p>A mitjan segle seg\u00fcent, segons Madoz, existien ja \u201c2 escoles de primeres lletres, l\u2019una per a nens i l\u2019altra de nenes: a la primera concorren uns 30 a 40 deixebles segons les estacions de l\u2019any; perqu\u00e8 com molts dels pares s\u00f3n pobres, els dediquen a les feines del camp proporcionades a la seva edat; a la segona, hi assisteixen unes 70 alumnes, la mestra de la qual est\u00e0 dotada amb 1.460 reals anuals, i aquell amb 2.200\u201d.<\/p>\t\t\t\t\t\t\t\t<\/div>\n\t\t\t\t<\/div>\n\t\t\t\t<div class=\"elementor-element elementor-element-80c36a6 elementor-widget elementor-widget-heading\" data-id=\"80c36a6\" data-element_type=\"widget\" data-e-type=\"widget\" data-widget_type=\"heading.default\">\n\t\t\t\t<div class=\"elementor-widget-container\">\n\t\t\t\t\t<h3 class=\"elementor-heading-title elementor-size-default\">Edificis p\u00fablics i de serveis<\/h3>\t\t\t\t<\/div>\n\t\t\t\t<\/div>\n\t\t\t\t<div class=\"elementor-element elementor-element-6d9cce4 elementor-widget elementor-widget-text-editor\" data-id=\"6d9cce4\" data-element_type=\"widget\" data-e-type=\"widget\" data-widget_type=\"text-editor.default\">\n\t\t\t\t<div class=\"elementor-widget-container\">\n\t\t\t\t\t\t\t\t\t<p>Els projectes d\u2019urbanitzaci\u00f3 havien de destinar \u201cEn paratge oport\u00fa, i que sigui com a centre dels llocs d\u2019un Consell, es construir\u00e0 una Esgl\u00e9sia amb habitaci\u00f3 i porta, per al Rector, Casa de Consell i Pres\u00f3; perqu\u00e8 serveixin aquests edificis prom\u00edscuament a aquests Pobladors, per als seus usos espirituals i temporals\u201d.<\/p><p>\u201cEn aquesta mateixa proximitat es podran col\u00b7locar els Artistes, que tinguin oficis, per a la comoditat dels Llocs de la Feligresia, assignant-los en aquella rodalia el seu repartiment de terres, en la conformitat que als altres Pobladors\u201d.<\/p><p>Vegem el que resta d\u2019aquests edificis.<\/p>\t\t\t\t\t\t\t\t<\/div>\n\t\t\t\t<\/div>\n\t\t\t\t<div class=\"elementor-element elementor-element-259d66a elementor-widget elementor-widget-heading\" data-id=\"259d66a\" data-element_type=\"widget\" data-e-type=\"widget\" data-widget_type=\"heading.default\">\n\t\t\t\t<div class=\"elementor-widget-container\">\n\t\t\t\t\t<h4 class=\"elementor-heading-title elementor-size-default\">Casa del subdelegat de les noves poblacions d\u2019Andalusia<\/h4>\t\t\t\t<\/div>\n\t\t\t\t<\/div>\n\t\t\t\t<div class=\"elementor-element elementor-element-dbd25a6 elementor-widget elementor-widget-text-editor\" data-id=\"dbd25a6\" data-element_type=\"widget\" data-e-type=\"widget\" data-widget_type=\"text-editor.default\">\n\t\t\t\t<div class=\"elementor-widget-container\">\n\t\t\t\t\t\t\t\t\t<p>El subdelegat de La Carlota devia residir inicialment a la pr\u00f2pia subdelegaci\u00f3, per\u00f2 es va arribar a construir una casa a la pla\u00e7a, adossada al costat dret de l\u2019esgl\u00e9sia, des d\u2019on despatxava Fernando de Quintanilla com a subdelegat, i el mateix Olavide.<\/p><p>Arquitect\u00f2nicament segueix el mateix model de la casa colona, encara que amb alguns elements decoratius que la distingeixen de les altres.<\/p><p>En venda en el moment de la visita, desconec les raons per les quals el municipi no s\u2019hi interessa, com un element patrimonial m\u00e9s dels or\u00edgens de la poblaci\u00f3.<\/p>\t\t\t\t\t\t\t\t<\/div>\n\t\t\t\t<\/div>\n\t\t\t\t<div class=\"elementor-element elementor-element-18c1796 elementor-widget elementor-widget-image\" data-id=\"18c1796\" data-element_type=\"widget\" data-e-type=\"widget\" data-widget_type=\"image.default\">\n\t\t\t\t<div class=\"elementor-widget-container\">\n\t\t\t\t\t\t\t\t\t\t\t\t<figure class=\"wp-caption\">\n\t\t\t\t\t\t\t\t\t\t<img loading=\"lazy\" decoding=\"async\" width=\"768\" height=\"512\" src=\"https:\/\/www.elturistatranquil.com\/wp-content\/uploads\/F39-Casa-del-subdelegado-de-las-nuevas-poblaciones-de-Andalucia.jpg\" class=\"attachment-large size-large wp-image-64977\" alt=\"La Carlota. Cordoba\" srcset=\"https:\/\/www.elturistatranquil.com\/wp-content\/uploads\/F39-Casa-del-subdelegado-de-las-nuevas-poblaciones-de-Andalucia.jpg 768w, https:\/\/www.elturistatranquil.com\/wp-content\/uploads\/F39-Casa-del-subdelegado-de-las-nuevas-poblaciones-de-Andalucia-339x226.jpg 339w\" sizes=\"(max-width: 768px) 100vw, 768px\" \/>\t\t\t\t\t\t\t\t\t\t\t<figcaption class=\"widget-image-caption wp-caption-text\"><\/figcaption>\n\t\t\t\t\t\t\t\t\t\t<\/figure>\n\t\t\t\t\t\t\t\t\t<\/div>\n\t\t\t\t<\/div>\n\t\t\t\t<div class=\"elementor-element elementor-element-d09871b elementor-widget elementor-widget-heading\" data-id=\"d09871b\" data-element_type=\"widget\" data-e-type=\"widget\" data-widget_type=\"heading.default\">\n\t\t\t\t<div class=\"elementor-widget-container\">\n\t\t\t\t\t<h4 class=\"elementor-heading-title elementor-size-default\">Cementiri<\/h4>\t\t\t\t<\/div>\n\t\t\t\t<\/div>\n\t\t\t\t<div class=\"elementor-element elementor-element-65b4875 elementor-widget elementor-widget-text-editor\" data-id=\"65b4875\" data-element_type=\"widget\" data-e-type=\"widget\" data-widget_type=\"text-editor.default\">\n\t\t\t\t<div class=\"elementor-widget-container\">\n\t\t\t\t\t\t\t\t\t<p>Un altre servei important es va concretar en el <strong>cementiri <\/strong>(<strong>3<\/strong>). La seva particularitat hist\u00f2rica \u00e9s que devia ser el primer cementiri tancat que es va construir a Espanya als afores d\u2019una localitat. Fins aleshores, la norma era ubicar-los al costat de l\u2019esgl\u00e9sia.<\/p><p>El Fur assenyalava que havia de construir-se \u201cun cementiri tancat de paret, en paratge ventilat\u201d amb sentit higienista.<\/p>\t\t\t\t\t\t\t\t<\/div>\n\t\t\t\t<\/div>\n\t\t\t\t<div class=\"elementor-element elementor-element-9afe938 elementor-widget elementor-widget-image\" data-id=\"9afe938\" data-element_type=\"widget\" data-e-type=\"widget\" data-widget_type=\"image.default\">\n\t\t\t\t<div class=\"elementor-widget-container\">\n\t\t\t\t\t\t\t\t\t\t\t\t<figure class=\"wp-caption\">\n\t\t\t\t\t\t\t\t\t\t<img loading=\"lazy\" decoding=\"async\" width=\"768\" height=\"512\" src=\"https:\/\/www.elturistatranquil.com\/wp-content\/uploads\/F40-Cementerio.-La-Carlota.-Cordoba.jpg\" class=\"attachment-large size-large wp-image-64979\" alt=\"La Carlota. Cordoba\" srcset=\"https:\/\/www.elturistatranquil.com\/wp-content\/uploads\/F40-Cementerio.-La-Carlota.-Cordoba.jpg 768w, https:\/\/www.elturistatranquil.com\/wp-content\/uploads\/F40-Cementerio.-La-Carlota.-Cordoba-339x226.jpg 339w\" sizes=\"(max-width: 768px) 100vw, 768px\" \/>\t\t\t\t\t\t\t\t\t\t\t<figcaption class=\"widget-image-caption wp-caption-text\"><\/figcaption>\n\t\t\t\t\t\t\t\t\t\t<\/figure>\n\t\t\t\t\t\t\t\t\t<\/div>\n\t\t\t\t<\/div>\n\t\t\t\t<div class=\"elementor-element elementor-element-cd0c63a elementor-widget elementor-widget-text-editor\" data-id=\"cd0c63a\" data-element_type=\"widget\" data-e-type=\"widget\" data-widget_type=\"text-editor.default\">\n\t\t\t\t<div class=\"elementor-widget-container\">\n\t\t\t\t\t\t\t\t\t<p>Rec\u00f3rrer el cementiri permet evidenciar la pres\u00e8ncia dels colons estrangers fins a l\u2019actualitat a trav\u00e9s de les l\u00e0pides, amb cognoms que cada vegada mostren m\u00e9s el mestissatge.<\/p><p>Els n\u00ednxols van sent \u201cmodernitzats\u201d, per\u00f2 encara \u00e9s possible observar-ne alguns com devien ser en origen.<\/p>\t\t\t\t\t\t\t\t<\/div>\n\t\t\t\t<\/div>\n\t\t\t\t<div class=\"elementor-element elementor-element-e84e58b elementor-widget elementor-widget-image\" data-id=\"e84e58b\" data-element_type=\"widget\" data-e-type=\"widget\" data-widget_type=\"image.default\">\n\t\t\t\t<div class=\"elementor-widget-container\">\n\t\t\t\t\t\t\t\t\t\t\t\t<figure class=\"wp-caption\">\n\t\t\t\t\t\t\t\t\t\t<img loading=\"lazy\" decoding=\"async\" width=\"768\" height=\"512\" src=\"https:\/\/www.elturistatranquil.com\/wp-content\/uploads\/F41-Cementerio.-La-Carlota.-Cordoba.jpg\" class=\"attachment-large size-large wp-image-64981\" alt=\"La Carlota. Cordoba\" srcset=\"https:\/\/www.elturistatranquil.com\/wp-content\/uploads\/F41-Cementerio.-La-Carlota.-Cordoba.jpg 768w, https:\/\/www.elturistatranquil.com\/wp-content\/uploads\/F41-Cementerio.-La-Carlota.-Cordoba-339x226.jpg 339w\" sizes=\"(max-width: 768px) 100vw, 768px\" \/>\t\t\t\t\t\t\t\t\t\t\t<figcaption class=\"widget-image-caption wp-caption-text\"><\/figcaption>\n\t\t\t\t\t\t\t\t\t\t<\/figure>\n\t\t\t\t\t\t\t\t\t<\/div>\n\t\t\t\t<\/div>\n\t\t\t\t<div class=\"elementor-element elementor-element-7fb1be1 elementor-widget elementor-widget-heading\" data-id=\"7fb1be1\" data-element_type=\"widget\" data-e-type=\"widget\" data-widget_type=\"heading.default\">\n\t\t\t\t<div class=\"elementor-widget-container\">\n\t\t\t\t\t<h4 class=\"elementor-heading-title elementor-size-default\">Mol\u00ed del Rei<\/h4>\t\t\t\t<\/div>\n\t\t\t\t<\/div>\n\t\t\t\t<div class=\"elementor-element elementor-element-5f5134f elementor-widget elementor-widget-text-editor\" data-id=\"5f5134f\" data-element_type=\"widget\" data-e-type=\"widget\" data-widget_type=\"text-editor.default\">\n\t\t\t\t<div class=\"elementor-widget-container\">\n\t\t\t\t\t\t\t\t\t<p>Un servei important el va constituir el <strong>mol\u00ed del Rei<\/strong> (<strong>4<\/strong>).<\/p>\t\t\t\t\t\t\t\t<\/div>\n\t\t\t\t<\/div>\n\t\t\t\t<div class=\"elementor-element elementor-element-6d66b41 elementor-widget elementor-widget-image\" data-id=\"6d66b41\" data-element_type=\"widget\" data-e-type=\"widget\" data-widget_type=\"image.default\">\n\t\t\t\t<div class=\"elementor-widget-container\">\n\t\t\t\t\t\t\t\t\t\t\t\t<figure class=\"wp-caption\">\n\t\t\t\t\t\t\t\t\t\t<img loading=\"lazy\" decoding=\"async\" width=\"768\" height=\"511\" src=\"https:\/\/www.elturistatranquil.com\/wp-content\/uploads\/F42-Molino-del-Rey.-La-Carlota.-Cordoba.jpg\" class=\"attachment-large size-large wp-image-64986\" alt=\"La Carlota. Cordoba\" srcset=\"https:\/\/www.elturistatranquil.com\/wp-content\/uploads\/F42-Molino-del-Rey.-La-Carlota.-Cordoba.jpg 768w, https:\/\/www.elturistatranquil.com\/wp-content\/uploads\/F42-Molino-del-Rey.-La-Carlota.-Cordoba-339x226.jpg 339w\" sizes=\"(max-width: 768px) 100vw, 768px\" \/>\t\t\t\t\t\t\t\t\t\t\t<figcaption class=\"widget-image-caption wp-caption-text\"><\/figcaption>\n\t\t\t\t\t\t\t\t\t\t<\/figure>\n\t\t\t\t\t\t\t\t\t<\/div>\n\t\t\t\t<\/div>\n\t\t\t\t<div class=\"elementor-element elementor-element-d254065 elementor-widget elementor-widget-heading\" data-id=\"d254065\" data-element_type=\"widget\" data-e-type=\"widget\" data-widget_type=\"heading.default\">\n\t\t\t\t<div class=\"elementor-widget-container\">\n\t\t\t\t\t<h4 class=\"elementor-heading-title elementor-size-default\">Real C\u00e1rcel<\/h4>\t\t\t\t<\/div>\n\t\t\t\t<\/div>\n\t\t\t\t<div class=\"elementor-element elementor-element-3604f18 elementor-widget elementor-widget-text-editor\" data-id=\"3604f18\" data-element_type=\"widget\" data-e-type=\"widget\" data-widget_type=\"text-editor.default\">\n\t\t\t\t<div class=\"elementor-widget-container\">\n\t\t\t\t\t\t\t\t\t<p>Un altre \u201cservei\u201d que es considerava essencial va ser la pres\u00f3, que havia de ser \u201cuna pres\u00f3 molt capa\u00e7, sana i segura\u201d.<\/p><p>L\u2019actual edifici de la <strong>Real C\u00e1rcel de La Carlota<\/strong> (<strong>5<\/strong>) va comen\u00e7ar a construir-se a finals dels anys 80 del segle XVIII i es va concloure l\u2019any 1795. Va seguir l\u2019estil neocl\u00e0ssic de la resta de les edificacions.<\/p><p>A la planta baixa se situaven els calabossos i, a la planta alta, l\u2019habitatge del carceller.<\/p><p>Amb el temps, aquest edifici va ser tamb\u00e9 seu del jutjat ordinari fins a 1835 i, en l\u2019actualitat, \u00e9s la seu de l\u2019\u201cecomuseu\u201d.<\/p>\t\t\t\t\t\t\t\t<\/div>\n\t\t\t\t<\/div>\n\t\t\t\t<div class=\"elementor-element elementor-element-2ef6da6 elementor-widget elementor-widget-image\" data-id=\"2ef6da6\" data-element_type=\"widget\" data-e-type=\"widget\" data-widget_type=\"image.default\">\n\t\t\t\t<div class=\"elementor-widget-container\">\n\t\t\t\t\t\t\t\t\t\t\t\t<figure class=\"wp-caption\">\n\t\t\t\t\t\t\t\t\t\t<img loading=\"lazy\" decoding=\"async\" width=\"768\" height=\"512\" src=\"https:\/\/www.elturistatranquil.com\/wp-content\/uploads\/F43-Real-Carcel.-La-Carlota.-Cordoba.jpg\" class=\"attachment-large size-large wp-image-64988\" alt=\"La Carlota. Cordoba\" srcset=\"https:\/\/www.elturistatranquil.com\/wp-content\/uploads\/F43-Real-Carcel.-La-Carlota.-Cordoba.jpg 768w, https:\/\/www.elturistatranquil.com\/wp-content\/uploads\/F43-Real-Carcel.-La-Carlota.-Cordoba-339x226.jpg 339w\" sizes=\"(max-width: 768px) 100vw, 768px\" \/>\t\t\t\t\t\t\t\t\t\t\t<figcaption class=\"widget-image-caption wp-caption-text\"><\/figcaption>\n\t\t\t\t\t\t\t\t\t\t<\/figure>\n\t\t\t\t\t\t\t\t\t<\/div>\n\t\t\t\t<\/div>\n\t\t\t\t<div class=\"elementor-element elementor-element-dca9cc3 elementor-widget elementor-widget-heading\" data-id=\"dca9cc3\" data-element_type=\"widget\" data-e-type=\"widget\" data-widget_type=\"heading.default\">\n\t\t\t\t<div class=\"elementor-widget-container\">\n\t\t\t\t\t<h4 class=\"elementor-heading-title elementor-size-default\">Real Posada i Fonda<\/h4>\t\t\t\t<\/div>\n\t\t\t\t<\/div>\n\t\t\t\t<div class=\"elementor-element elementor-element-026683b elementor-widget elementor-widget-text-editor\" data-id=\"026683b\" data-element_type=\"widget\" data-e-type=\"widget\" data-widget_type=\"text-editor.default\">\n\t\t\t\t<div class=\"elementor-widget-container\">\n\t\t\t\t\t\t\t\t\t<p>La <strong>Real Posada de La Carlota<\/strong> (<strong>6<\/strong>) va ser un dels edificis m\u00e9s significatius del conjunt urb\u00e0 original. Concebuda per al servei de viatgers, comerciants i animals de c\u00e0rrega, responia a una funci\u00f3 clarament vinculada al tr\u00e0nsit pel gran eix de comunicacions de l\u2019\u00e8poca.<\/p><p>La seva construcci\u00f3 es va desenvolupar en dues fases: l\u2019ala esquerra, acabada el 1769, es va destinar a fonda, mentre que l\u2019ala dreta, afegida a finals del segle XVIII, es va dedicar a estables i magatzems. Ambdues parts van formar un conjunt de planta rectangular i gran amplitud.<\/p><p>Arquitect\u00f2nicament, l\u2019edifici adopta solucions compositives neocl\u00e0ssiques en conjunci\u00f3 amb elements de tradici\u00f3 barroca. Presenta dues plantes, f\u00e0brica de ma\u00f3 vist amb obertures rectangulars a la baixa, balcons amb arcs a l\u2019alta i cornisa amb suport de m\u00e8nsules sota la teulada. Al centre de la fa\u00e7ana principal, la portada \u00e9s un cos de major elevaci\u00f3, que s\u2019obre, a la planta baixa, per un gran arc carpanell.<\/p>\t\t\t\t\t\t\t\t<\/div>\n\t\t\t\t<\/div>\n\t\t\t\t<div class=\"elementor-element elementor-element-13ad0f2 elementor-widget elementor-widget-image\" data-id=\"13ad0f2\" data-element_type=\"widget\" data-e-type=\"widget\" data-widget_type=\"image.default\">\n\t\t\t\t<div class=\"elementor-widget-container\">\n\t\t\t\t\t\t\t\t\t\t\t\t<figure class=\"wp-caption\">\n\t\t\t\t\t\t\t\t\t\t<img loading=\"lazy\" decoding=\"async\" width=\"768\" height=\"511\" src=\"https:\/\/www.elturistatranquil.com\/wp-content\/uploads\/F44-Real-Posada-y-Fonda.-La-Carlota.-Cordoba.jpg\" class=\"attachment-large size-large wp-image-64990\" alt=\"La Carlota. Cordoba\" srcset=\"https:\/\/www.elturistatranquil.com\/wp-content\/uploads\/F44-Real-Posada-y-Fonda.-La-Carlota.-Cordoba.jpg 768w, https:\/\/www.elturistatranquil.com\/wp-content\/uploads\/F44-Real-Posada-y-Fonda.-La-Carlota.-Cordoba-339x226.jpg 339w\" sizes=\"(max-width: 768px) 100vw, 768px\" \/>\t\t\t\t\t\t\t\t\t\t\t<figcaption class=\"widget-image-caption wp-caption-text\"><\/figcaption>\n\t\t\t\t\t\t\t\t\t\t<\/figure>\n\t\t\t\t\t\t\t\t\t<\/div>\n\t\t\t\t<\/div>\n\t\t\t\t<div class=\"elementor-element elementor-element-4572c1c elementor-widget elementor-widget-image\" data-id=\"4572c1c\" data-element_type=\"widget\" data-e-type=\"widget\" data-widget_type=\"image.default\">\n\t\t\t\t<div class=\"elementor-widget-container\">\n\t\t\t\t\t\t\t\t\t\t\t\t<figure class=\"wp-caption\">\n\t\t\t\t\t\t\t\t\t\t<img loading=\"lazy\" decoding=\"async\" width=\"768\" height=\"512\" src=\"https:\/\/www.elturistatranquil.com\/wp-content\/uploads\/F45-Real-Posada-y-Fonda.-La-Carlota.-Cordoba.jpg\" class=\"attachment-large size-large wp-image-64992\" alt=\"La Carlota. Cordoba\" srcset=\"https:\/\/www.elturistatranquil.com\/wp-content\/uploads\/F45-Real-Posada-y-Fonda.-La-Carlota.-Cordoba.jpg 768w, https:\/\/www.elturistatranquil.com\/wp-content\/uploads\/F45-Real-Posada-y-Fonda.-La-Carlota.-Cordoba-339x226.jpg 339w\" sizes=\"(max-width: 768px) 100vw, 768px\" \/>\t\t\t\t\t\t\t\t\t\t\t<figcaption class=\"widget-image-caption wp-caption-text\"><\/figcaption>\n\t\t\t\t\t\t\t\t\t\t<\/figure>\n\t\t\t\t\t\t\t\t\t<\/div>\n\t\t\t\t<\/div>\n\t\t\t\t<div class=\"elementor-element elementor-element-6af092e elementor-widget elementor-widget-text-editor\" data-id=\"6af092e\" data-element_type=\"widget\" data-e-type=\"widget\" data-widget_type=\"text-editor.default\">\n\t\t\t\t<div class=\"elementor-widget-container\">\n\t\t\t\t\t\t\t\t\t<p>Traspassada la portada principal, s\u2019obre un pati allargat que connecta amb la portada posterior, per on s\u2019accedia a les cavallerisses.<\/p><p>A l\u2019ala de l\u2019esquerra, els espais destinats a fonda es distribu\u00efen al voltant d\u2019un pati quadrangular amb arcs de mig punt sobre pilars, tot de f\u00e0brica de ma\u00f3.<\/p><p>Es comunica amb un doble pati destinat a estabulaci\u00f3 i emmagatzematge i amb la gran nau de les cavallerisses.<\/p>\t\t\t\t\t\t\t\t<\/div>\n\t\t\t\t<\/div>\n\t\t\t\t<div class=\"elementor-element elementor-element-5d26c23 elementor-widget elementor-widget-image\" data-id=\"5d26c23\" data-element_type=\"widget\" data-e-type=\"widget\" data-widget_type=\"image.default\">\n\t\t\t\t<div class=\"elementor-widget-container\">\n\t\t\t\t\t\t\t\t\t\t\t\t<figure class=\"wp-caption\">\n\t\t\t\t\t\t\t\t\t\t<img loading=\"lazy\" decoding=\"async\" width=\"768\" height=\"512\" src=\"https:\/\/www.elturistatranquil.com\/wp-content\/uploads\/F46-Real-Posada-y-Fonda.-La-Carlota.-Cordoba.jpg\" class=\"attachment-large size-large wp-image-64994\" alt=\"La Carlota. Cordoba\" srcset=\"https:\/\/www.elturistatranquil.com\/wp-content\/uploads\/F46-Real-Posada-y-Fonda.-La-Carlota.-Cordoba.jpg 768w, https:\/\/www.elturistatranquil.com\/wp-content\/uploads\/F46-Real-Posada-y-Fonda.-La-Carlota.-Cordoba-339x226.jpg 339w\" sizes=\"(max-width: 768px) 100vw, 768px\" \/>\t\t\t\t\t\t\t\t\t\t\t<figcaption class=\"widget-image-caption wp-caption-text\"><\/figcaption>\n\t\t\t\t\t\t\t\t\t\t<\/figure>\n\t\t\t\t\t\t\t\t\t<\/div>\n\t\t\t\t<\/div>\n\t\t\t\t<div class=\"elementor-element elementor-element-3de200a elementor-widget elementor-widget-image\" data-id=\"3de200a\" data-element_type=\"widget\" data-e-type=\"widget\" data-widget_type=\"image.default\">\n\t\t\t\t<div class=\"elementor-widget-container\">\n\t\t\t\t\t\t\t\t\t\t\t\t<figure class=\"wp-caption\">\n\t\t\t\t\t\t\t\t\t\t<img loading=\"lazy\" decoding=\"async\" width=\"768\" height=\"512\" src=\"https:\/\/www.elturistatranquil.com\/wp-content\/uploads\/F47-Real-Posada-y-Fonda.-La-Carlota.-Cordoba.jpg\" class=\"attachment-large size-large wp-image-64996\" alt=\"La Carlota. Cordoba\" srcset=\"https:\/\/www.elturistatranquil.com\/wp-content\/uploads\/F47-Real-Posada-y-Fonda.-La-Carlota.-Cordoba.jpg 768w, https:\/\/www.elturistatranquil.com\/wp-content\/uploads\/F47-Real-Posada-y-Fonda.-La-Carlota.-Cordoba-339x226.jpg 339w\" sizes=\"(max-width: 768px) 100vw, 768px\" \/>\t\t\t\t\t\t\t\t\t\t\t<figcaption class=\"widget-image-caption wp-caption-text\"><\/figcaption>\n\t\t\t\t\t\t\t\t\t\t<\/figure>\n\t\t\t\t\t\t\t\t\t<\/div>\n\t\t\t\t<\/div>\n\t\t\t\t<div class=\"elementor-element elementor-element-360e212 elementor-widget elementor-widget-text-editor\" data-id=\"360e212\" data-element_type=\"widget\" data-e-type=\"widget\" data-widget_type=\"text-editor.default\">\n\t\t\t\t<div class=\"elementor-widget-container\">\n\t\t\t\t\t\t\t\t\t<p>Encara que la fa\u00e7ana principal mostra una estructura arquitect\u00f2nica aparentment uniforme, en realitat l\u2019extrem dret es va construir posteriorment per a altres funcions, com a p\u00f2sit, com veurem i formes arquitect\u00f2niques en cert grau diferents.<\/p>\t\t\t\t\t\t\t\t<\/div>\n\t\t\t\t<\/div>\n\t\t\t\t<div class=\"elementor-element elementor-element-b31ed04 elementor-widget elementor-widget-heading\" data-id=\"b31ed04\" data-element_type=\"widget\" data-e-type=\"widget\" data-widget_type=\"heading.default\">\n\t\t\t\t<div class=\"elementor-widget-container\">\n\t\t\t\t\t<h4 class=\"elementor-heading-title elementor-size-default\">Cavallerisses (Biblioteca P\u00fablica)<\/h4>\t\t\t\t<\/div>\n\t\t\t\t<\/div>\n\t\t\t\t<div class=\"elementor-element elementor-element-45a7d1f elementor-widget elementor-widget-text-editor\" data-id=\"45a7d1f\" data-element_type=\"widget\" data-e-type=\"widget\" data-widget_type=\"text-editor.default\">\n\t\t\t\t<div class=\"elementor-widget-container\">\n\t\t\t\t\t\t\t\t\t<p>Pel carrer posterior, <strong>carrer S\u00e9neca<\/strong>, s\u2019accedia a les <strong>cavallerisses de la posada<\/strong> (<strong>7<\/strong>). Actualment s\u2019ha destinat a la <strong>biblioteca municipal<\/strong>.<\/p><p>\u00c9s una gran nau amb un eix intermedi format per una seq\u00fc\u00e8ncia d\u2019arcs de mig punt que descansen sobre pilars, dividida en dues plantes.<\/p>\t\t\t\t\t\t\t\t<\/div>\n\t\t\t\t<\/div>\n\t\t\t\t<div class=\"elementor-element elementor-element-76afd0d elementor-widget elementor-widget-image\" data-id=\"76afd0d\" data-element_type=\"widget\" data-e-type=\"widget\" data-widget_type=\"image.default\">\n\t\t\t\t<div class=\"elementor-widget-container\">\n\t\t\t\t\t\t\t\t\t\t\t\t<figure class=\"wp-caption\">\n\t\t\t\t\t\t\t\t\t\t<img loading=\"lazy\" decoding=\"async\" width=\"768\" height=\"512\" src=\"https:\/\/www.elturistatranquil.com\/wp-content\/uploads\/F48-Caballerizas.-Real-Posada-y-Fonda.-La-Carlota.-Cordoba.jpg\" class=\"attachment-large size-large wp-image-64998\" alt=\"La Carlota. Cordoba\" srcset=\"https:\/\/www.elturistatranquil.com\/wp-content\/uploads\/F48-Caballerizas.-Real-Posada-y-Fonda.-La-Carlota.-Cordoba.jpg 768w, https:\/\/www.elturistatranquil.com\/wp-content\/uploads\/F48-Caballerizas.-Real-Posada-y-Fonda.-La-Carlota.-Cordoba-339x226.jpg 339w\" sizes=\"(max-width: 768px) 100vw, 768px\" \/>\t\t\t\t\t\t\t\t\t\t\t<figcaption class=\"widget-image-caption wp-caption-text\"><\/figcaption>\n\t\t\t\t\t\t\t\t\t\t<\/figure>\n\t\t\t\t\t\t\t\t\t<\/div>\n\t\t\t\t<\/div>\n\t\t\t\t<div class=\"elementor-element elementor-element-415e2eb elementor-widget elementor-widget-text-editor\" data-id=\"415e2eb\" data-element_type=\"widget\" data-e-type=\"widget\" data-widget_type=\"text-editor.default\">\n\t\t\t\t<div class=\"elementor-widget-container\">\n\t\t\t\t\t\t\t\t\t<p>Planta baixa de les cavallerisses\/biblioteca.<\/p>\t\t\t\t\t\t\t\t<\/div>\n\t\t\t\t<\/div>\n\t\t\t\t<div class=\"elementor-element elementor-element-f173f9f elementor-widget elementor-widget-image\" data-id=\"f173f9f\" data-element_type=\"widget\" data-e-type=\"widget\" data-widget_type=\"image.default\">\n\t\t\t\t<div class=\"elementor-widget-container\">\n\t\t\t\t\t\t\t\t\t\t\t\t<figure class=\"wp-caption\">\n\t\t\t\t\t\t\t\t\t\t<img loading=\"lazy\" decoding=\"async\" width=\"768\" height=\"512\" src=\"https:\/\/www.elturistatranquil.com\/wp-content\/uploads\/F49-Caballerizas-biblioteca.-Real-Posada-y-Fonda.-La-Carlota.-Cordoba.jpg\" class=\"attachment-large size-large wp-image-65000\" alt=\"La Carlota. Cordoba\" srcset=\"https:\/\/www.elturistatranquil.com\/wp-content\/uploads\/F49-Caballerizas-biblioteca.-Real-Posada-y-Fonda.-La-Carlota.-Cordoba.jpg 768w, https:\/\/www.elturistatranquil.com\/wp-content\/uploads\/F49-Caballerizas-biblioteca.-Real-Posada-y-Fonda.-La-Carlota.-Cordoba-339x226.jpg 339w\" sizes=\"(max-width: 768px) 100vw, 768px\" \/>\t\t\t\t\t\t\t\t\t\t\t<figcaption class=\"widget-image-caption wp-caption-text\"><\/figcaption>\n\t\t\t\t\t\t\t\t\t\t<\/figure>\n\t\t\t\t\t\t\t\t\t<\/div>\n\t\t\t\t<\/div>\n\t\t\t\t<div class=\"elementor-element elementor-element-1499b47 elementor-widget elementor-widget-image\" data-id=\"1499b47\" data-element_type=\"widget\" data-e-type=\"widget\" data-widget_type=\"image.default\">\n\t\t\t\t<div class=\"elementor-widget-container\">\n\t\t\t\t\t\t\t\t\t\t\t\t<figure class=\"wp-caption\">\n\t\t\t\t\t\t\t\t\t\t<img loading=\"lazy\" decoding=\"async\" width=\"768\" height=\"512\" src=\"https:\/\/www.elturistatranquil.com\/wp-content\/uploads\/F50-Caballerizas-biblioteca.-Real-Posada-y-Fonda.-La-Carlota.-Cordoba.jpg\" class=\"attachment-large size-large wp-image-65005\" alt=\"\" srcset=\"https:\/\/www.elturistatranquil.com\/wp-content\/uploads\/F50-Caballerizas-biblioteca.-Real-Posada-y-Fonda.-La-Carlota.-Cordoba.jpg 768w, https:\/\/www.elturistatranquil.com\/wp-content\/uploads\/F50-Caballerizas-biblioteca.-Real-Posada-y-Fonda.-La-Carlota.-Cordoba-339x226.jpg 339w\" sizes=\"(max-width: 768px) 100vw, 768px\" \/>\t\t\t\t\t\t\t\t\t\t\t<figcaption class=\"widget-image-caption wp-caption-text\"><\/figcaption>\n\t\t\t\t\t\t\t\t\t\t<\/figure>\n\t\t\t\t\t\t\t\t\t<\/div>\n\t\t\t\t<\/div>\n\t\t\t\t<div class=\"elementor-element elementor-element-218b2f3 elementor-widget elementor-widget-text-editor\" data-id=\"218b2f3\" data-element_type=\"widget\" data-e-type=\"widget\" data-widget_type=\"text-editor.default\">\n\t\t\t\t<div class=\"elementor-widget-container\">\n\t\t\t\t\t\t\t\t\t<p>Segona planta sota una coberta a dues aig\u00fces.<\/p>\t\t\t\t\t\t\t\t<\/div>\n\t\t\t\t<\/div>\n\t\t\t\t<div class=\"elementor-element elementor-element-98df3c6 elementor-widget elementor-widget-image\" data-id=\"98df3c6\" data-element_type=\"widget\" data-e-type=\"widget\" data-widget_type=\"image.default\">\n\t\t\t\t<div class=\"elementor-widget-container\">\n\t\t\t\t\t\t\t\t\t\t\t\t<figure class=\"wp-caption\">\n\t\t\t\t\t\t\t\t\t\t<img loading=\"lazy\" decoding=\"async\" width=\"768\" height=\"512\" src=\"https:\/\/www.elturistatranquil.com\/wp-content\/uploads\/F51-Caballerizas-biblioteca.-Real-Posada-y-Fonda.-La-Carlota.-Cordoba.jpg\" class=\"attachment-large size-large wp-image-65007\" alt=\"La Carlota. Cordoba\" srcset=\"https:\/\/www.elturistatranquil.com\/wp-content\/uploads\/F51-Caballerizas-biblioteca.-Real-Posada-y-Fonda.-La-Carlota.-Cordoba.jpg 768w, https:\/\/www.elturistatranquil.com\/wp-content\/uploads\/F51-Caballerizas-biblioteca.-Real-Posada-y-Fonda.-La-Carlota.-Cordoba-339x226.jpg 339w\" sizes=\"(max-width: 768px) 100vw, 768px\" \/>\t\t\t\t\t\t\t\t\t\t\t<figcaption class=\"widget-image-caption wp-caption-text\"><\/figcaption>\n\t\t\t\t\t\t\t\t\t\t<\/figure>\n\t\t\t\t\t\t\t\t\t<\/div>\n\t\t\t\t<\/div>\n\t\t\t\t<div class=\"elementor-element elementor-element-23f74a8 elementor-widget elementor-widget-heading\" data-id=\"23f74a8\" data-element_type=\"widget\" data-e-type=\"widget\" data-widget_type=\"heading.default\">\n\t\t\t\t<div class=\"elementor-widget-container\">\n\t\t\t\t\t<h4 class=\"elementor-heading-title elementor-size-default\">Real P\u00f3sito de Labradores i Reales P\u00f3sitos de Diezmos<\/h4>\t\t\t\t<\/div>\n\t\t\t\t<\/div>\n\t\t\t\t<div class=\"elementor-element elementor-element-ea5fa59 elementor-widget elementor-widget-text-editor\" data-id=\"ea5fa59\" data-element_type=\"widget\" data-e-type=\"widget\" data-widget_type=\"text-editor.default\">\n\t\t\t\t<div class=\"elementor-widget-container\">\n\t\t\t\t\t\t\t\t\t<p>Ja en els primers anys es va construir el <strong>Real P\u00f3sito de Labradores <\/strong>(<strong>8<\/strong>) a l\u2019extrem oposat a la posada, sobre l\u2019actual <strong>carrer Julio de Torres<\/strong>. La seva finalitat era assegurar als colons el gra necessari per a la sembra.<\/p><p>La seva arquitectura va ser molt s\u00f2bria i senzilla, probablement per les elevades despeses dels primers anys i l\u2019escassetat de recursos disponibles.<\/p><p>Hi ha un p\u00f2sit capa\u00e7 de 7.000 fan. de gra.<\/p>\t\t\t\t\t\t\t\t<\/div>\n\t\t\t\t<\/div>\n\t\t\t\t<div class=\"elementor-element elementor-element-df20ab9 elementor-widget elementor-widget-image\" data-id=\"df20ab9\" data-element_type=\"widget\" data-e-type=\"widget\" data-widget_type=\"image.default\">\n\t\t\t\t<div class=\"elementor-widget-container\">\n\t\t\t\t\t\t\t\t\t\t\t\t<figure class=\"wp-caption\">\n\t\t\t\t\t\t\t\t\t\t<img loading=\"lazy\" decoding=\"async\" width=\"768\" height=\"512\" src=\"https:\/\/www.elturistatranquil.com\/wp-content\/uploads\/F52-Posito.-La-Carlota.-Cordoba.jpg\" class=\"attachment-large size-large wp-image-65009\" alt=\"La Carlota. Cordoba\" srcset=\"https:\/\/www.elturistatranquil.com\/wp-content\/uploads\/F52-Posito.-La-Carlota.-Cordoba.jpg 768w, https:\/\/www.elturistatranquil.com\/wp-content\/uploads\/F52-Posito.-La-Carlota.-Cordoba-339x226.jpg 339w\" sizes=\"(max-width: 768px) 100vw, 768px\" \/>\t\t\t\t\t\t\t\t\t\t\t<figcaption class=\"widget-image-caption wp-caption-text\"><\/figcaption>\n\t\t\t\t\t\t\t\t\t\t<\/figure>\n\t\t\t\t\t\t\t\t\t<\/div>\n\t\t\t\t<\/div>\n\t\t\t\t<div class=\"elementor-element elementor-element-12ff819 elementor-widget elementor-widget-image\" data-id=\"12ff819\" data-element_type=\"widget\" data-e-type=\"widget\" data-widget_type=\"image.default\">\n\t\t\t\t<div class=\"elementor-widget-container\">\n\t\t\t\t\t\t\t\t\t\t\t\t<figure class=\"wp-caption\">\n\t\t\t\t\t\t\t\t\t\t<img loading=\"lazy\" decoding=\"async\" width=\"768\" height=\"512\" src=\"https:\/\/www.elturistatranquil.com\/wp-content\/uploads\/F53-Posito.-La-Carlota.-Cordoba-foto-Google-street-view-1.jpg\" class=\"attachment-large size-large wp-image-65108\" alt=\"F53 Posito. La Carlota. Cordoba (foto Google street view)\" srcset=\"https:\/\/www.elturistatranquil.com\/wp-content\/uploads\/F53-Posito.-La-Carlota.-Cordoba-foto-Google-street-view-1.jpg 768w, https:\/\/www.elturistatranquil.com\/wp-content\/uploads\/F53-Posito.-La-Carlota.-Cordoba-foto-Google-street-view-1-339x226.jpg 339w\" sizes=\"(max-width: 768px) 100vw, 768px\" \/>\t\t\t\t\t\t\t\t\t\t\t<figcaption class=\"widget-image-caption wp-caption-text\">(Google Street view 2026-03-29)<\/figcaption>\n\t\t\t\t\t\t\t\t\t\t<\/figure>\n\t\t\t\t\t\t\t\t\t<\/div>\n\t\t\t\t<\/div>\n\t\t\t\t<div class=\"elementor-element elementor-element-5efa062 elementor-widget elementor-widget-text-editor\" data-id=\"5efa062\" data-element_type=\"widget\" data-e-type=\"widget\" data-widget_type=\"text-editor.default\">\n\t\t\t\t<div class=\"elementor-widget-container\">\n\t\t\t\t\t\t\t\t\t<p>Al principi, al costat del p\u00f2sit de llauradors, es van ubicar els <strong>Reales P\u00f3sitos de Diezmos<\/strong>, destinats a emmagatzemar el gra del delme que els colons lliuraven al rei. Formava un \u00fanic immoble, encara que tots dos estaven separats interiorment.<\/p><p>El primer p\u00f2sit de delmes va resultar insuficient per albergar les collites de la col\u00f2nia. Per aix\u00f2, cap a la d\u00e8cada de 1780 es va construir un nou p\u00f2sit de delmes a l\u2019espai lliure entre la Reial Posada i el p\u00f2sit antic.<\/p><p>Aquest segon edifici va imitar la fa\u00e7ana de la Posada, cosa que va contribuir a donar aparen\u00e7a unit\u00e0ria a tota l\u2019illa. La seva planta baixa es va destinar a habitatges. Des de la desamortitzaci\u00f3 del segle XIX, aquests immobles van passar a ser de propietat privada i encara continuen sent-ho.<\/p>\t\t\t\t\t\t\t\t<\/div>\n\t\t\t\t<\/div>\n\t\t\t\t<div class=\"elementor-element elementor-element-0b28e12 elementor-widget elementor-widget-image\" data-id=\"0b28e12\" data-element_type=\"widget\" data-e-type=\"widget\" data-widget_type=\"image.default\">\n\t\t\t\t<div class=\"elementor-widget-container\">\n\t\t\t\t\t\t\t\t\t\t\t\t<figure class=\"wp-caption\">\n\t\t\t\t\t\t\t\t\t\t<img loading=\"lazy\" decoding=\"async\" width=\"768\" height=\"512\" src=\"https:\/\/www.elturistatranquil.com\/wp-content\/uploads\/F54-Posito.-La-Carlota.-Cordoba.jpg\" class=\"attachment-large size-large wp-image-65013\" alt=\"La Carlota. Cordoba\" srcset=\"https:\/\/www.elturistatranquil.com\/wp-content\/uploads\/F54-Posito.-La-Carlota.-Cordoba.jpg 768w, https:\/\/www.elturistatranquil.com\/wp-content\/uploads\/F54-Posito.-La-Carlota.-Cordoba-339x226.jpg 339w\" sizes=\"(max-width: 768px) 100vw, 768px\" \/>\t\t\t\t\t\t\t\t\t\t\t<figcaption class=\"widget-image-caption wp-caption-text\"><\/figcaption>\n\t\t\t\t\t\t\t\t\t\t<\/figure>\n\t\t\t\t\t\t\t\t\t<\/div>\n\t\t\t\t<\/div>\n\t\t\t\t<div class=\"elementor-element elementor-element-3df9658 elementor-widget elementor-widget-heading\" data-id=\"3df9658\" data-element_type=\"widget\" data-e-type=\"widget\" data-widget_type=\"heading.default\">\n\t\t\t\t<div class=\"elementor-widget-container\">\n\t\t\t\t\t<h4 class=\"elementor-heading-title elementor-size-default\">Escorxador<\/h4>\t\t\t\t<\/div>\n\t\t\t\t<\/div>\n\t\t\t\t<div class=\"elementor-element elementor-element-5d4ba35 elementor-widget elementor-widget-text-editor\" data-id=\"5d4ba35\" data-element_type=\"widget\" data-e-type=\"widget\" data-widget_type=\"text-editor.default\">\n\t\t\t\t<div class=\"elementor-widget-container\">\n\t\t\t\t\t\t\t\t\t<p>Tamb\u00e9 es va disposar un escorxador fora de la poblaci\u00f3 que, en \u00e8poca de Madoz, es trobava en mal estat.<\/p>\t\t\t\t\t\t\t\t<\/div>\n\t\t\t\t<\/div>\n\t\t\t\t<div class=\"elementor-element elementor-element-062af30 elementor-widget elementor-widget-heading\" data-id=\"062af30\" data-element_type=\"widget\" data-e-type=\"widget\" data-widget_type=\"heading.default\">\n\t\t\t\t<div class=\"elementor-widget-container\">\n\t\t\t\t\t<h4 class=\"elementor-heading-title elementor-size-default\">Cuartel-Pla\u00e7a de Abastos<\/h4>\t\t\t\t<\/div>\n\t\t\t\t<\/div>\n\t\t\t\t<div class=\"elementor-element elementor-element-3a38570 elementor-widget elementor-widget-text-editor\" data-id=\"3a38570\" data-element_type=\"widget\" data-e-type=\"widget\" data-widget_type=\"text-editor.default\">\n\t\t\t\t<div class=\"elementor-widget-container\">\n\t\t\t\t\t\t\t\t\t<p>L\u2019edifici conegut com a <strong>Cuartel\u2013Pla\u00e7a de Abastos<\/strong> (<strong>9<\/strong>) va ser constru\u00eft cap a 1813 amb la finalitat inicial d\u2019allotjar una petita caserna situada davant de la Reial Posada. A la segona meitat del segle estava ocupat per la gu\u00e0rdia civil on podien allotjar-se 200 soldats en cas necessari.<\/p><p>Abans del final del segle XIX va passar a utilitzar-se com a <strong>Pla\u00e7a de Abastos<\/strong>, \u00e9s a dir, com a mercat local al qual acudia la poblaci\u00f3 de La Carlota i dels seus diferents departaments per adquirir principalment productes alimentaris.<\/p><p>La funci\u00f3 de mercat es va mantenir, per\u00f2 actualment nom\u00e9s allotja una carnisseria i una xurreria ambulant, sense mercat de verdures al pati.<\/p><p>Es tracta d\u2019un edifici sobri de dues plantes amb un pati enreixat obert al cam\u00ed Reial.<\/p><p>Entre els seus elements m\u00e9s caracter\u00edstics destaquen les reixes de ferro que avui encara poden veure\u2019s, col\u00b7locades el 1871 en substituci\u00f3 de les primitives portes de fusta. Aquest detall reflecteix la fase posterior d\u2019adaptaci\u00f3 de l\u2019edifici, ja vinculada al seu \u00fas com a espai comercial.<\/p>\t\t\t\t\t\t\t\t<\/div>\n\t\t\t\t<\/div>\n\t\t\t\t<div class=\"elementor-element elementor-element-c30192a elementor-widget elementor-widget-image\" data-id=\"c30192a\" data-element_type=\"widget\" data-e-type=\"widget\" data-widget_type=\"image.default\">\n\t\t\t\t<div class=\"elementor-widget-container\">\n\t\t\t\t\t\t\t\t\t\t\t\t<figure class=\"wp-caption\">\n\t\t\t\t\t\t\t\t\t\t<img loading=\"lazy\" decoding=\"async\" width=\"768\" height=\"511\" src=\"https:\/\/www.elturistatranquil.com\/wp-content\/uploads\/F55-Cuartel-Plaza-de-Abastos.-La-Carlota.-Cordoba.jpg\" class=\"attachment-large size-large wp-image-65015\" alt=\"La Carlota. Cordoba\" srcset=\"https:\/\/www.elturistatranquil.com\/wp-content\/uploads\/F55-Cuartel-Plaza-de-Abastos.-La-Carlota.-Cordoba.jpg 768w, https:\/\/www.elturistatranquil.com\/wp-content\/uploads\/F55-Cuartel-Plaza-de-Abastos.-La-Carlota.-Cordoba-339x226.jpg 339w\" sizes=\"(max-width: 768px) 100vw, 768px\" \/>\t\t\t\t\t\t\t\t\t\t\t<figcaption class=\"widget-image-caption wp-caption-text\"><\/figcaption>\n\t\t\t\t\t\t\t\t\t\t<\/figure>\n\t\t\t\t\t\t\t\t\t<\/div>\n\t\t\t\t<\/div>\n\t\t\t\t<div class=\"elementor-element elementor-element-d1f9bf7 elementor-widget elementor-widget-image\" data-id=\"d1f9bf7\" data-element_type=\"widget\" data-e-type=\"widget\" data-widget_type=\"image.default\">\n\t\t\t\t<div class=\"elementor-widget-container\">\n\t\t\t\t\t\t\t\t\t\t\t\t<figure class=\"wp-caption\">\n\t\t\t\t\t\t\t\t\t\t<img loading=\"lazy\" decoding=\"async\" width=\"768\" height=\"512\" src=\"https:\/\/www.elturistatranquil.com\/wp-content\/uploads\/F56-Cuartel-Plaza-de-Abastos.-La-Carlota.-Cordoba.jpg\" class=\"attachment-large size-large wp-image-65017\" alt=\"La Carlota. Cordoba\" srcset=\"https:\/\/www.elturistatranquil.com\/wp-content\/uploads\/F56-Cuartel-Plaza-de-Abastos.-La-Carlota.-Cordoba.jpg 768w, https:\/\/www.elturistatranquil.com\/wp-content\/uploads\/F56-Cuartel-Plaza-de-Abastos.-La-Carlota.-Cordoba-339x226.jpg 339w\" sizes=\"(max-width: 768px) 100vw, 768px\" \/>\t\t\t\t\t\t\t\t\t\t\t<figcaption class=\"widget-image-caption wp-caption-text\"><\/figcaption>\n\t\t\t\t\t\t\t\t\t\t<\/figure>\n\t\t\t\t\t\t\t\t\t<\/div>\n\t\t\t\t<\/div>\n\t\t\t\t<div class=\"elementor-element elementor-element-1ffe2c8 elementor-widget elementor-widget-image\" data-id=\"1ffe2c8\" data-element_type=\"widget\" data-e-type=\"widget\" data-widget_type=\"image.default\">\n\t\t\t\t<div class=\"elementor-widget-container\">\n\t\t\t\t\t\t\t\t\t\t\t\t<figure class=\"wp-caption\">\n\t\t\t\t\t\t\t\t\t\t<img loading=\"lazy\" decoding=\"async\" width=\"768\" height=\"512\" src=\"https:\/\/www.elturistatranquil.com\/wp-content\/uploads\/F57-Cuartel-Plaza-de-Abastos.-La-Carlota.-Cordoba.jpg\" class=\"attachment-large size-large wp-image-65019\" alt=\"La Carlota. Cordoba\" srcset=\"https:\/\/www.elturistatranquil.com\/wp-content\/uploads\/F57-Cuartel-Plaza-de-Abastos.-La-Carlota.-Cordoba.jpg 768w, https:\/\/www.elturistatranquil.com\/wp-content\/uploads\/F57-Cuartel-Plaza-de-Abastos.-La-Carlota.-Cordoba-339x226.jpg 339w\" sizes=\"(max-width: 768px) 100vw, 768px\" \/>\t\t\t\t\t\t\t\t\t\t\t<figcaption class=\"widget-image-caption wp-caption-text\"><\/figcaption>\n\t\t\t\t\t\t\t\t\t\t<\/figure>\n\t\t\t\t\t\t\t\t\t<\/div>\n\t\t\t\t<\/div>\n\t\t\t\t<div class=\"elementor-element elementor-element-5713f87 elementor-widget elementor-widget-image\" data-id=\"5713f87\" data-element_type=\"widget\" data-e-type=\"widget\" data-widget_type=\"image.default\">\n\t\t\t\t<div class=\"elementor-widget-container\">\n\t\t\t\t\t\t\t\t\t\t\t\t<figure class=\"wp-caption\">\n\t\t\t\t\t\t\t\t\t\t<img loading=\"lazy\" decoding=\"async\" width=\"768\" height=\"512\" src=\"https:\/\/www.elturistatranquil.com\/wp-content\/uploads\/F58-Cuartel-Plaza-de-Abastos.-La-Carlota.-Cordoba.jpg\" class=\"attachment-large size-large wp-image-65021\" alt=\"La Carlota. Cordoba\" srcset=\"https:\/\/www.elturistatranquil.com\/wp-content\/uploads\/F58-Cuartel-Plaza-de-Abastos.-La-Carlota.-Cordoba.jpg 768w, https:\/\/www.elturistatranquil.com\/wp-content\/uploads\/F58-Cuartel-Plaza-de-Abastos.-La-Carlota.-Cordoba-339x226.jpg 339w\" sizes=\"(max-width: 768px) 100vw, 768px\" \/>\t\t\t\t\t\t\t\t\t\t\t<figcaption class=\"widget-image-caption wp-caption-text\"><\/figcaption>\n\t\t\t\t\t\t\t\t\t\t<\/figure>\n\t\t\t\t\t\t\t\t\t<\/div>\n\t\t\t\t<\/div>\n\t\t\t\t<div class=\"elementor-element elementor-element-fa17546 elementor-widget elementor-widget-heading\" data-id=\"fa17546\" data-element_type=\"widget\" data-e-type=\"widget\" data-widget_type=\"heading.default\">\n\t\t\t\t<div class=\"elementor-widget-container\">\n\t\t\t\t\t<h4 class=\"elementor-heading-title elementor-size-default\">Monument a Carlos III<\/h4>\t\t\t\t<\/div>\n\t\t\t\t<\/div>\n\t\t\t\t<div class=\"elementor-element elementor-element-d384447 elementor-widget elementor-widget-text-editor\" data-id=\"d384447\" data-element_type=\"widget\" data-e-type=\"widget\" data-widget_type=\"text-editor.default\">\n\t\t\t\t<div class=\"elementor-widget-container\">\n\t\t\t\t\t\t\t\t\t<p>L\u2019any 1967, per iniciativa de la Reial Acad\u00e8mia de C\u00f2rdova, es va erigir el <strong>monument a Carlos III<\/strong> (<strong>10<\/strong>), un monument commemoratiu dels dos-cents anys de la promulgaci\u00f3 del Fur de les Noves Poblacions.<\/p><p>Representa les figures de Carlos III assegut, a la seva esquerra, el comte de Campomanes i Pablo de Olavide rebent el Fur.<\/p><p>El monument es va inaugurar el 1968 i va ser encarregat a l\u2019escultor <strong>Pablo Yusti<\/strong>.<\/p>\t\t\t\t\t\t\t\t<\/div>\n\t\t\t\t<\/div>\n\t\t\t\t<div class=\"elementor-element elementor-element-6843ad5 elementor-widget elementor-widget-image\" data-id=\"6843ad5\" data-element_type=\"widget\" data-e-type=\"widget\" data-widget_type=\"image.default\">\n\t\t\t\t<div class=\"elementor-widget-container\">\n\t\t\t\t\t\t\t\t\t\t\t\t<figure class=\"wp-caption\">\n\t\t\t\t\t\t\t\t\t\t<img loading=\"lazy\" decoding=\"async\" width=\"768\" height=\"512\" src=\"https:\/\/www.elturistatranquil.com\/wp-content\/uploads\/F59-Monumento-a-Carlos-III.-La-Carlota.-Cordoba.jpg\" class=\"attachment-large size-large wp-image-65023\" alt=\"\" srcset=\"https:\/\/www.elturistatranquil.com\/wp-content\/uploads\/F59-Monumento-a-Carlos-III.-La-Carlota.-Cordoba.jpg 768w, https:\/\/www.elturistatranquil.com\/wp-content\/uploads\/F59-Monumento-a-Carlos-III.-La-Carlota.-Cordoba-339x226.jpg 339w\" sizes=\"(max-width: 768px) 100vw, 768px\" \/>\t\t\t\t\t\t\t\t\t\t\t<figcaption class=\"widget-image-caption wp-caption-text\"><\/figcaption>\n\t\t\t\t\t\t\t\t\t\t<\/figure>\n\t\t\t\t\t\t\t\t\t<\/div>\n\t\t\t\t<\/div>\n\t\t\t\t<div class=\"elementor-element elementor-element-800f02e elementor-widget elementor-widget-heading\" data-id=\"800f02e\" data-element_type=\"widget\" data-e-type=\"widget\" data-widget_type=\"heading.default\">\n\t\t\t\t<div class=\"elementor-widget-container\">\n\t\t\t\t\t<h4 class=\"elementor-heading-title elementor-size-default\">Monument commemoratiu a la tradici\u00f3 centreeuropea<\/h4>\t\t\t\t<\/div>\n\t\t\t\t<\/div>\n\t\t\t\t<div class=\"elementor-element elementor-element-f938f42 elementor-widget elementor-widget-text-editor\" data-id=\"f938f42\" data-element_type=\"widget\" data-e-type=\"widget\" data-widget_type=\"text-editor.default\">\n\t\t\t\t<div class=\"elementor-widget-container\">\n\t\t\t\t\t\t\t\t\t<p>A l\u2019extrem nord del carrer Carlos III s\u2019ha instal\u00b7lat un <strong>monument<\/strong> (<strong>15<\/strong>), obra de <strong>Paco Parra<\/strong> (2024), en homenatge als primers colons. Presenta un gran ou de Pasqua decorat amb un nen colon al damunt, s\u00edmbol de la tradici\u00f3 de l\u2019ou de Pasqua que portaven els primers colons, amb un nen s\u00edmbol del \u201cnaixement\u201d de la nova terra.<\/p>\t\t\t\t\t\t\t\t<\/div>\n\t\t\t\t<\/div>\n\t\t\t\t<div class=\"elementor-element elementor-element-d77c4e1 elementor-widget elementor-widget-image\" data-id=\"d77c4e1\" data-element_type=\"widget\" data-e-type=\"widget\" data-widget_type=\"image.default\">\n\t\t\t\t<div class=\"elementor-widget-container\">\n\t\t\t\t\t\t\t\t\t\t\t\t<figure class=\"wp-caption\">\n\t\t\t\t\t\t\t\t\t\t<img loading=\"lazy\" decoding=\"async\" width=\"768\" height=\"512\" src=\"https:\/\/www.elturistatranquil.com\/wp-content\/uploads\/F59b-Monumento-a-los-colonos.-La-Carlota.-Cordoba.jpg\" class=\"attachment-large size-large wp-image-65025\" alt=\"La Carlota. Cordoba\" srcset=\"https:\/\/www.elturistatranquil.com\/wp-content\/uploads\/F59b-Monumento-a-los-colonos.-La-Carlota.-Cordoba.jpg 768w, https:\/\/www.elturistatranquil.com\/wp-content\/uploads\/F59b-Monumento-a-los-colonos.-La-Carlota.-Cordoba-339x226.jpg 339w\" sizes=\"(max-width: 768px) 100vw, 768px\" \/>\t\t\t\t\t\t\t\t\t\t\t<figcaption class=\"widget-image-caption wp-caption-text\"><\/figcaption>\n\t\t\t\t\t\t\t\t\t\t<\/figure>\n\t\t\t\t\t\t\t\t\t<\/div>\n\t\t\t\t<\/div>\n\t\t\t\t<div class=\"elementor-element elementor-element-a9b566a elementor-widget elementor-widget-heading\" data-id=\"a9b566a\" data-element_type=\"widget\" data-e-type=\"widget\" data-widget_type=\"heading.default\">\n\t\t\t\t<div class=\"elementor-widget-container\">\n\t\t\t\t\t<h3 class=\"elementor-heading-title elementor-size-default\">La casa colona<\/h3>\t\t\t\t<\/div>\n\t\t\t\t<\/div>\n\t\t\t\t<div class=\"elementor-element elementor-element-afe3414 elementor-widget elementor-widget-text-editor\" data-id=\"afe3414\" data-element_type=\"widget\" data-e-type=\"widget\" data-widget_type=\"text-editor.default\">\n\t\t\t\t<div class=\"elementor-widget-container\">\n\t\t\t\t\t\t\t\t\t<p>Arribem a un dels aspectes que hauria de ser transcendent en un recorregut per una nova poblaci\u00f3 de colonitzaci\u00f3: la casa colona.<\/p><p>Com dir\u00edem sat\u00edricament, \u201cdoncs sembla que no\u201d. En efecte, no hi ha catalogat com a monumental ni mostrat de forma remarcable cap habitatge colon.<\/p><p>Com sempre, en el record hist\u00f2ric-tur\u00edstic nom\u00e9s es destaquen com a monumentals els edificis i construccions del poder i la riquesa (castells, catedrals i esgl\u00e9sies, cases palatines, \u2026) o d\u2019obra de f\u00e0brica consistent (ponts, aq\u00fceductes, molins, \u2026).<\/p><p>A risc d\u2019equivocar-me, intentar\u00e9 recon\u00e8ixer alguna casa colona i les seves caracter\u00edstiques.<\/p><p>Les escasses representacions que existeixen del model de casa colona corresponen a pl\u00e0nols elaborats pels enginyers militars Sim\u00f3n Desnaux de 1768 per a Fuente Palmera i als Pl\u00e0nols topogr\u00e0fics de Jos\u00e9 de Ampudia y Vald\u00e9s, de les feligresies de La Luisiana i Fuente Palmera (1794\u20131797).<\/p><p>El primer dibuix presenta un habitatge de dues plantes, amb una porta central, una finestra a cada costat i una finestra m\u00e9s petita a la planta superior. Correspon al model dissenyat com a casa colona.<\/p><p>En el segon dibuix, les cases s\u00f3n d\u2019una planta amb la mateixa estructura -porta central i dues finestres- amb corral de dos tipus: un de gran mida a la part posterior i un altre de dimensions similars a l\u2019habitatge.<\/p><p>La casa est\u00e0ndard seria una parcel\u00b7la rectangular, en general m\u00e9s llarga que ampla, amb un habitatge de dos nivells. Amb entrada per un ample vest\u00edbul amb cuina-menjador a un costat i dormitoris a l\u2019altre; una escala d\u2019acc\u00e9s a la planta superior per a graner i possibles habitacions; al darrere, un corral amb depend\u00e8ncies auxiliars per a animals i eines. La coberta a dues aig\u00fces sobre cavallet de fusta paral\u00b7lel a la fa\u00e7ana. En algunes cases a\u00efllades, la coberta podia ser a quatre aig\u00fces.<\/p><p>M\u00e9s endavant es van introduir cases de planta similar, per\u00f2 d\u2019una planta.<\/p><p>Les mesures de refer\u00e8ncia oscil\u00b7larien al voltant de: 14 vares d\u2019amplada de fa\u00e7ana x 9 vares de profunditat de l\u2019habitatge, amb un fons total de la parcel\u00b7la molt variable, sobre les 24 vares (11,72 x 8 x 36 metres). L\u2019altura de la casa de dues plantes seria d\u2019unes 6 vares (5 metres).<\/p><p>Prenguin-se aquestes dimensions amb molta cautela, ja que sobre els pl\u00e0nols s\u2019observen fa\u00e7anes de casa que oscil\u00b7len entre 8 i 14 metres i profunditats molt dispars, fins als 50 metres.<\/p><p>Aquest model de casa agr\u00e0ria era id\u00e8ntic tant a l\u2019interior dels poblats com a les cases a\u00efllades a la parcel\u00b7la.<\/p><p>Aix\u00f2 significaria que els nuclis poblacionals estarien constitu\u00efts per grans habitatges, amb la qual cosa dues, tres o quatre cases ocuparien una illa sencera.<\/p>\t\t\t\t\t\t\t\t<\/div>\n\t\t\t\t<\/div>\n\t\t\t\t<div class=\"elementor-element elementor-element-e5f6291 elementor-widget elementor-widget-image\" data-id=\"e5f6291\" data-element_type=\"widget\" data-e-type=\"widget\" data-widget_type=\"image.default\">\n\t\t\t\t<div class=\"elementor-widget-container\">\n\t\t\t\t\t\t\t\t\t\t\t\t<figure class=\"wp-caption\">\n\t\t\t\t\t\t\t\t\t\t<img loading=\"lazy\" decoding=\"async\" width=\"460\" height=\"600\" src=\"https:\/\/www.elturistatranquil.com\/wp-content\/uploads\/F60-Fuentepalmera.jpg\" class=\"attachment-large size-large wp-image-65027\" alt=\"La Carlota. Cordoba\" srcset=\"https:\/\/www.elturistatranquil.com\/wp-content\/uploads\/F60-Fuentepalmera.jpg 460w, https:\/\/www.elturistatranquil.com\/wp-content\/uploads\/F60-Fuentepalmera-173x226.jpg 173w\" sizes=\"(max-width: 460px) 100vw, 460px\" \/>\t\t\t\t\t\t\t\t\t\t\t<figcaption class=\"widget-image-caption wp-caption-text\"><\/figcaption>\n\t\t\t\t\t\t\t\t\t\t<\/figure>\n\t\t\t\t\t\t\t\t\t<\/div>\n\t\t\t\t<\/div>\n\t\t\t\t<div class=\"elementor-element elementor-element-4a8d55c elementor-widget elementor-widget-image\" data-id=\"4a8d55c\" data-element_type=\"widget\" data-e-type=\"widget\" data-widget_type=\"image.default\">\n\t\t\t\t<div class=\"elementor-widget-container\">\n\t\t\t\t\t\t\t\t\t\t\t\t<figure class=\"wp-caption\">\n\t\t\t\t\t\t\t\t\t\t<img loading=\"lazy\" decoding=\"async\" width=\"514\" height=\"600\" src=\"https:\/\/www.elturistatranquil.com\/wp-content\/uploads\/F61-Fuentepalmera.jpg\" class=\"attachment-large size-large wp-image-65032\" alt=\"La Carlota. Cordoba\" srcset=\"https:\/\/www.elturistatranquil.com\/wp-content\/uploads\/F61-Fuentepalmera.jpg 514w, https:\/\/www.elturistatranquil.com\/wp-content\/uploads\/F61-Fuentepalmera-194x226.jpg 194w\" sizes=\"(max-width: 514px) 100vw, 514px\" \/>\t\t\t\t\t\t\t\t\t\t\t<figcaption class=\"widget-image-caption wp-caption-text\"><\/figcaption>\n\t\t\t\t\t\t\t\t\t\t<\/figure>\n\t\t\t\t\t\t\t\t\t<\/div>\n\t\t\t\t<\/div>\n\t\t\t\t<div class=\"elementor-element elementor-element-489ce71 elementor-widget elementor-widget-text-editor\" data-id=\"489ce71\" data-element_type=\"widget\" data-e-type=\"widget\" data-widget_type=\"text-editor.default\">\n\t\t\t\t<div class=\"elementor-widget-container\">\n\t\t\t\t\t\t\t\t\t<p>Els materials de construcci\u00f3 eren molt b\u00e0sics. Els murs de t\u00e0pia encofrada amb refor\u00e7os de ma\u00f3; fusta per a la solera del pis i l\u2019estructura del cavallet de la coberta, i per damunt teules corbes. Els murs arrebossats amb cal\u00e7 blanca. Les finestres es protegien amb reixes forjades.<\/p><p>L\u2019\u00fanic detall decoratiu del model original \u00e9s un ample marc d\u2019obra de la porta adovellada, com si fos un ressalt, amb un sortint a la part superior sota la finestra.<\/p><p>Al museu es presenta una maqueta de l\u2019estructura de casa colona.<\/p>\t\t\t\t\t\t\t\t<\/div>\n\t\t\t\t<\/div>\n\t\t\t\t<div class=\"elementor-element elementor-element-490abd9 elementor-widget elementor-widget-image\" data-id=\"490abd9\" data-element_type=\"widget\" data-e-type=\"widget\" data-widget_type=\"image.default\">\n\t\t\t\t<div class=\"elementor-widget-container\">\n\t\t\t\t\t\t\t\t\t\t\t\t<figure class=\"wp-caption\">\n\t\t\t\t\t\t\t\t\t\t<img loading=\"lazy\" decoding=\"async\" width=\"768\" height=\"512\" src=\"https:\/\/www.elturistatranquil.com\/wp-content\/uploads\/F62-Museo.-La-Carlota.-Cordoba.jpg\" class=\"attachment-large size-large wp-image-65034\" alt=\"La Carlota. Cordoba\" srcset=\"https:\/\/www.elturistatranquil.com\/wp-content\/uploads\/F62-Museo.-La-Carlota.-Cordoba.jpg 768w, https:\/\/www.elturistatranquil.com\/wp-content\/uploads\/F62-Museo.-La-Carlota.-Cordoba-339x226.jpg 339w\" sizes=\"(max-width: 768px) 100vw, 768px\" \/>\t\t\t\t\t\t\t\t\t\t\t<figcaption class=\"widget-image-caption wp-caption-text\"><\/figcaption>\n\t\t\t\t\t\t\t\t\t\t<\/figure>\n\t\t\t\t\t\t\t\t\t<\/div>\n\t\t\t\t<\/div>\n\t\t\t\t<div class=\"elementor-element elementor-element-548d3d4 elementor-widget elementor-widget-image\" data-id=\"548d3d4\" data-element_type=\"widget\" data-e-type=\"widget\" data-widget_type=\"image.default\">\n\t\t\t\t<div class=\"elementor-widget-container\">\n\t\t\t\t\t\t\t\t\t\t\t\t<figure class=\"wp-caption\">\n\t\t\t\t\t\t\t\t\t\t<img loading=\"lazy\" decoding=\"async\" width=\"450\" height=\"600\" src=\"https:\/\/www.elturistatranquil.com\/wp-content\/uploads\/F63-Museo.-La-Carlota.-Cordoba.jpg\" class=\"attachment-large size-large wp-image-65036\" alt=\"La Carlota. Cordoba\" srcset=\"https:\/\/www.elturistatranquil.com\/wp-content\/uploads\/F63-Museo.-La-Carlota.-Cordoba.jpg 450w, https:\/\/www.elturistatranquil.com\/wp-content\/uploads\/F63-Museo.-La-Carlota.-Cordoba-170x226.jpg 170w\" sizes=\"(max-width: 450px) 100vw, 450px\" \/>\t\t\t\t\t\t\t\t\t\t\t<figcaption class=\"widget-image-caption wp-caption-text\"><\/figcaption>\n\t\t\t\t\t\t\t\t\t\t<\/figure>\n\t\t\t\t\t\t\t\t\t<\/div>\n\t\t\t\t<\/div>\n\t\t\t\t<div class=\"elementor-element elementor-element-354d020 elementor-widget elementor-widget-text-editor\" data-id=\"354d020\" data-element_type=\"widget\" data-e-type=\"widget\" data-widget_type=\"text-editor.default\">\n\t\t\t\t<div class=\"elementor-widget-container\">\n\t\t\t\t\t\t\t\t\t<p>En el recorregut per La Carlota, vaig intentar identificar alguna casa original de les que diuen que existeix. En el pl\u00e0nol seg\u00fcent he representat el que considero que podria ser la ubicaci\u00f3 d\u2019aquestes cases. El rectangle blau-groc representa el total de la parcel\u00b7la, on el blau correspondria a la planta de la casa i el groc al corral, espai per a les instal\u00b7lacions auxiliars per a l\u2019activitat agr\u00e0ria (quadra, porquera, galliner, arreus) que se\u2019ls lliurava i que s\u00f3n necess\u00e0ries per a la producci\u00f3 agr\u00edcola-ramadera.<\/p>\t\t\t\t\t\t\t\t<\/div>\n\t\t\t\t<\/div>\n\t\t\t\t<div class=\"elementor-element elementor-element-d612d72 elementor-widget elementor-widget-image\" data-id=\"d612d72\" data-element_type=\"widget\" data-e-type=\"widget\" data-widget_type=\"image.default\">\n\t\t\t\t<div class=\"elementor-widget-container\">\n\t\t\t\t\t\t\t\t\t\t\t\t<figure class=\"wp-caption\">\n\t\t\t\t\t\t\t\t\t\t<img loading=\"lazy\" decoding=\"async\" width=\"768\" height=\"512\" src=\"https:\/\/www.elturistatranquil.com\/wp-content\/uploads\/F64-La-Carlota-.-Cordoba-Google-my-maps-2026-03-23.jpg\" class=\"attachment-large size-large wp-image-65038\" alt=\"La Carlota. Cordoba\" srcset=\"https:\/\/www.elturistatranquil.com\/wp-content\/uploads\/F64-La-Carlota-.-Cordoba-Google-my-maps-2026-03-23.jpg 768w, https:\/\/www.elturistatranquil.com\/wp-content\/uploads\/F64-La-Carlota-.-Cordoba-Google-my-maps-2026-03-23-339x226.jpg 339w\" sizes=\"(max-width: 768px) 100vw, 768px\" \/>\t\t\t\t\t\t\t\t\t\t\t<figcaption class=\"widget-image-caption wp-caption-text\">(Google my maps 2026-03-23)<\/figcaption>\n\t\t\t\t\t\t\t\t\t\t<\/figure>\n\t\t\t\t\t\t\t\t\t<\/div>\n\t\t\t\t<\/div>\n\t\t\t\t<div class=\"elementor-element elementor-element-ced2100 elementor-widget elementor-widget-text-editor\" data-id=\"ced2100\" data-element_type=\"widget\" data-e-type=\"widget\" data-widget_type=\"text-editor.default\">\n\t\t\t\t<div class=\"elementor-widget-container\">\n\t\t\t\t\t\t\t\t\t<p>La <strong>casa n\u00famero 3 del carrer Ram\u00f3n y Cajal<\/strong> (<strong>11<\/strong>) mostra l\u2019aparen\u00e7a de ser una casa colona tipus. Al costat, una casa d\u2019una planta.<\/p>\t\t\t\t\t\t\t\t<\/div>\n\t\t\t\t<\/div>\n\t\t\t\t<div class=\"elementor-element elementor-element-b2fa637 elementor-widget elementor-widget-image\" data-id=\"b2fa637\" data-element_type=\"widget\" data-e-type=\"widget\" data-widget_type=\"image.default\">\n\t\t\t\t<div class=\"elementor-widget-container\">\n\t\t\t\t\t\t\t\t\t\t\t\t<figure class=\"wp-caption\">\n\t\t\t\t\t\t\t\t\t\t<img loading=\"lazy\" decoding=\"async\" width=\"768\" height=\"512\" src=\"https:\/\/www.elturistatranquil.com\/wp-content\/uploads\/F65-Casa-colona.-La-Carlota.-Cordoba.jpg\" class=\"attachment-large size-large wp-image-65040\" alt=\"La Carlota. Cordoba\" srcset=\"https:\/\/www.elturistatranquil.com\/wp-content\/uploads\/F65-Casa-colona.-La-Carlota.-Cordoba.jpg 768w, https:\/\/www.elturistatranquil.com\/wp-content\/uploads\/F65-Casa-colona.-La-Carlota.-Cordoba-339x226.jpg 339w\" sizes=\"(max-width: 768px) 100vw, 768px\" \/>\t\t\t\t\t\t\t\t\t\t\t<figcaption class=\"widget-image-caption wp-caption-text\"><\/figcaption>\n\t\t\t\t\t\t\t\t\t\t<\/figure>\n\t\t\t\t\t\t\t\t\t<\/div>\n\t\t\t\t<\/div>\n\t\t\t\t<div class=\"elementor-element elementor-element-a2337b0 elementor-widget elementor-widget-text-editor\" data-id=\"a2337b0\" data-element_type=\"widget\" data-e-type=\"widget\" data-widget_type=\"text-editor.default\">\n\t\t\t\t<div class=\"elementor-widget-container\">\n\t\t\t\t\t\t\t\t\t<p>Les cases seg\u00fcents ofereixen un format m\u00e9s urb\u00e0, on la planta superior presenta tres balcons.<\/p><p>La <strong>casa del<\/strong> <strong>n\u00famero 3 de la pla\u00e7a de l\u2019Esgl\u00e9sia<\/strong> (<strong>12<\/strong>) \u00e9s interessant perqu\u00e8 presenta el lateral sobre el carrer Severo Ochoa i la part posterior al carrer de l\u2019Estaci\u00f3, com imagino que serien la majoria de les cases, amb entrada a l\u2019habitatge per un carrer i entrada al corral pel carrer posterior.<\/p><p>S\u2019especula que acab\u00e9s sent una casa de ve\u00efns.<\/p>\t\t\t\t\t\t\t\t<\/div>\n\t\t\t\t<\/div>\n\t\t\t\t<div class=\"elementor-element elementor-element-876ab9c elementor-widget elementor-widget-image\" data-id=\"876ab9c\" data-element_type=\"widget\" data-e-type=\"widget\" data-widget_type=\"image.default\">\n\t\t\t\t<div class=\"elementor-widget-container\">\n\t\t\t\t\t\t\t\t\t\t\t\t<figure class=\"wp-caption\">\n\t\t\t\t\t\t\t\t\t\t<img loading=\"lazy\" decoding=\"async\" width=\"768\" height=\"512\" src=\"https:\/\/www.elturistatranquil.com\/wp-content\/uploads\/F66-Casa-colona.-La-Carlota.-Cordoba.jpg\" class=\"attachment-large size-large wp-image-65042\" alt=\"La Carlota. Cordoba\" srcset=\"https:\/\/www.elturistatranquil.com\/wp-content\/uploads\/F66-Casa-colona.-La-Carlota.-Cordoba.jpg 768w, https:\/\/www.elturistatranquil.com\/wp-content\/uploads\/F66-Casa-colona.-La-Carlota.-Cordoba-339x226.jpg 339w\" sizes=\"(max-width: 768px) 100vw, 768px\" \/>\t\t\t\t\t\t\t\t\t\t\t<figcaption class=\"widget-image-caption wp-caption-text\"><\/figcaption>\n\t\t\t\t\t\t\t\t\t\t<\/figure>\n\t\t\t\t\t\t\t\t\t<\/div>\n\t\t\t\t<\/div>\n\t\t\t\t<div class=\"elementor-element elementor-element-94a44fb elementor-widget elementor-widget-image\" data-id=\"94a44fb\" data-element_type=\"widget\" data-e-type=\"widget\" data-widget_type=\"image.default\">\n\t\t\t\t<div class=\"elementor-widget-container\">\n\t\t\t\t\t\t\t\t\t\t\t\t<figure class=\"wp-caption\">\n\t\t\t\t\t\t\t\t\t\t<img loading=\"lazy\" decoding=\"async\" width=\"768\" height=\"511\" src=\"https:\/\/www.elturistatranquil.com\/wp-content\/uploads\/F67-Casa-colona.-La-Carlota.-Cordoba.jpg\" class=\"attachment-large size-large wp-image-65044\" alt=\"La Carlota. Cordoba\" srcset=\"https:\/\/www.elturistatranquil.com\/wp-content\/uploads\/F67-Casa-colona.-La-Carlota.-Cordoba.jpg 768w, https:\/\/www.elturistatranquil.com\/wp-content\/uploads\/F67-Casa-colona.-La-Carlota.-Cordoba-339x226.jpg 339w\" sizes=\"(max-width: 768px) 100vw, 768px\" \/>\t\t\t\t\t\t\t\t\t\t\t<figcaption class=\"widget-image-caption wp-caption-text\"><\/figcaption>\n\t\t\t\t\t\t\t\t\t\t<\/figure>\n\t\t\t\t\t\t\t\t\t<\/div>\n\t\t\t\t<\/div>\n\t\t\t\t<div class=\"elementor-element elementor-element-79e8c22 elementor-widget elementor-widget-text-editor\" data-id=\"79e8c22\" data-element_type=\"widget\" data-e-type=\"widget\" data-widget_type=\"text-editor.default\">\n\t\t\t\t<div class=\"elementor-widget-container\">\n\t\t\t\t\t\t\t\t\t<p>En el tram del <strong>passeig Carlos III<\/strong> (antic cam\u00ed Reial), entre els <strong>n\u00fameros 49 i 55<\/strong>, s\u2019observen quatre cases una mica m\u00e9s amples (15-16 vares) que obeeixen a l\u2019estructura prim\u00e0ria, per\u00f2, com dic, amb format m\u00e9s urb\u00e0, amb tres balcons, cosa que significaria que la planta superior ha passat a ser habitable. La continu\u00eftat de la coberta, del mateix estil de teula corba, em fa pensar que el seu origen va poder estar en les primeres cases colonials, encara que posteriorment \u201curbanitzades\u201d donada la import\u00e0ncia que amb els anys va adquirir aquest eix viari.<\/p>\t\t\t\t\t\t\t\t<\/div>\n\t\t\t\t<\/div>\n\t\t\t\t<div class=\"elementor-element elementor-element-a3056e0 elementor-widget elementor-widget-image\" data-id=\"a3056e0\" data-element_type=\"widget\" data-e-type=\"widget\" data-widget_type=\"image.default\">\n\t\t\t\t<div class=\"elementor-widget-container\">\n\t\t\t\t\t\t\t\t\t\t\t\t<figure class=\"wp-caption\">\n\t\t\t\t\t\t\t\t\t\t<img loading=\"lazy\" decoding=\"async\" width=\"768\" height=\"512\" src=\"https:\/\/www.elturistatranquil.com\/wp-content\/uploads\/F68-Casa-colona.-La-Carlota.-Cordoba.jpg\" class=\"attachment-large size-large wp-image-65046\" alt=\"La Carlota. Cordoba\" srcset=\"https:\/\/www.elturistatranquil.com\/wp-content\/uploads\/F68-Casa-colona.-La-Carlota.-Cordoba.jpg 768w, https:\/\/www.elturistatranquil.com\/wp-content\/uploads\/F68-Casa-colona.-La-Carlota.-Cordoba-339x226.jpg 339w\" sizes=\"(max-width: 768px) 100vw, 768px\" \/>\t\t\t\t\t\t\t\t\t\t\t<figcaption class=\"widget-image-caption wp-caption-text\"><\/figcaption>\n\t\t\t\t\t\t\t\t\t\t<\/figure>\n\t\t\t\t\t\t\t\t\t<\/div>\n\t\t\t\t<\/div>\n\t\t\t\t<div class=\"elementor-element elementor-element-2423863 elementor-widget elementor-widget-text-editor\" data-id=\"2423863\" data-element_type=\"widget\" data-e-type=\"widget\" data-widget_type=\"text-editor.default\">\n\t\t\t\t<div class=\"elementor-widget-container\">\n\t\t\t\t\t\t\t\t\t<p>La <strong>casa n\u00famero 55<\/strong> (<strong>14<\/strong>) encara mant\u00e9 entrada pels dos costats.<\/p>\t\t\t\t\t\t\t\t<\/div>\n\t\t\t\t<\/div>\n\t\t\t\t<div class=\"elementor-element elementor-element-a85255e elementor-widget elementor-widget-image\" data-id=\"a85255e\" data-element_type=\"widget\" data-e-type=\"widget\" data-widget_type=\"image.default\">\n\t\t\t\t<div class=\"elementor-widget-container\">\n\t\t\t\t\t\t\t\t\t\t\t\t<figure class=\"wp-caption\">\n\t\t\t\t\t\t\t\t\t\t<img loading=\"lazy\" decoding=\"async\" width=\"768\" height=\"512\" src=\"https:\/\/www.elturistatranquil.com\/wp-content\/uploads\/F69-Casa-colona.-La-Carlota.-Cordoba.jpg\" class=\"attachment-large size-large wp-image-65051\" alt=\"La Carlota. Cordoba\" srcset=\"https:\/\/www.elturistatranquil.com\/wp-content\/uploads\/F69-Casa-colona.-La-Carlota.-Cordoba.jpg 768w, https:\/\/www.elturistatranquil.com\/wp-content\/uploads\/F69-Casa-colona.-La-Carlota.-Cordoba-339x226.jpg 339w\" sizes=\"(max-width: 768px) 100vw, 768px\" \/>\t\t\t\t\t\t\t\t\t\t\t<figcaption class=\"widget-image-caption wp-caption-text\"><\/figcaption>\n\t\t\t\t\t\t\t\t\t\t<\/figure>\n\t\t\t\t\t\t\t\t\t<\/div>\n\t\t\t\t<\/div>\n\t\t\t\t<div class=\"elementor-element elementor-element-f4d9693 elementor-widget elementor-widget-text-editor\" data-id=\"f4d9693\" data-element_type=\"widget\" data-e-type=\"widget\" data-widget_type=\"text-editor.default\">\n\t\t\t\t<div class=\"elementor-widget-container\">\n\t\t\t\t\t\t\t\t\t<p>El mateix per a la <strong>casa n\u00famero 43<\/strong> (<strong>13<\/strong>).<\/p>\t\t\t\t\t\t\t\t<\/div>\n\t\t\t\t<\/div>\n\t\t\t\t<div class=\"elementor-element elementor-element-6a0c4f7 elementor-widget elementor-widget-image\" data-id=\"6a0c4f7\" data-element_type=\"widget\" data-e-type=\"widget\" data-widget_type=\"image.default\">\n\t\t\t\t<div class=\"elementor-widget-container\">\n\t\t\t\t\t\t\t\t\t\t\t\t<figure class=\"wp-caption\">\n\t\t\t\t\t\t\t\t\t\t<img loading=\"lazy\" decoding=\"async\" width=\"768\" height=\"512\" src=\"https:\/\/www.elturistatranquil.com\/wp-content\/uploads\/F70-Casa-colona.-La-Carlota.-Cordoba.jpg\" class=\"attachment-large size-large wp-image-65053\" alt=\"La Carlota. Cordoba\" srcset=\"https:\/\/www.elturistatranquil.com\/wp-content\/uploads\/F70-Casa-colona.-La-Carlota.-Cordoba.jpg 768w, https:\/\/www.elturistatranquil.com\/wp-content\/uploads\/F70-Casa-colona.-La-Carlota.-Cordoba-339x226.jpg 339w\" sizes=\"(max-width: 768px) 100vw, 768px\" \/>\t\t\t\t\t\t\t\t\t\t\t<figcaption class=\"widget-image-caption wp-caption-text\"><\/figcaption>\n\t\t\t\t\t\t\t\t\t\t<\/figure>\n\t\t\t\t\t\t\t\t\t<\/div>\n\t\t\t\t<\/div>\n\t\t\t\t<div class=\"elementor-element elementor-element-19747e9 elementor-widget elementor-widget-text-editor\" data-id=\"19747e9\" data-element_type=\"widget\" data-e-type=\"widget\" data-widget_type=\"text-editor.default\">\n\t\t\t\t<div class=\"elementor-widget-container\">\n\t\t\t\t\t\t\t\t\t<p>En qualsevol cas, el sobri model de la casa colona ha sobreviscut durant anys, fins a la introducci\u00f3 del model de construcci\u00f3 \u201cmodern banal\u201d generat a Espanya a partir del desenvolupisme.<\/p><p>El model de casa a\u00efllada a la parcel\u00b7la reconegut com a original es troba al costat del <strong>cam\u00ed Reial, a 1,4 km <\/strong>(37\u00b041&#8217;06.5&#8243;N 4\u00b054&#8217;55.9&#8243;O) \u00a0(<strong>16<\/strong>) en direcci\u00f3 a l\u2019Arrecife.<\/p>\t\t\t\t\t\t\t\t<\/div>\n\t\t\t\t<\/div>\n\t\t\t\t<div class=\"elementor-element elementor-element-6706e63 elementor-widget elementor-widget-image\" data-id=\"6706e63\" data-element_type=\"widget\" data-e-type=\"widget\" data-widget_type=\"image.default\">\n\t\t\t\t<div class=\"elementor-widget-container\">\n\t\t\t\t\t\t\t\t\t\t\t\t<figure class=\"wp-caption\">\n\t\t\t\t\t\t\t\t\t\t<img loading=\"lazy\" decoding=\"async\" width=\"768\" height=\"512\" src=\"https:\/\/www.elturistatranquil.com\/wp-content\/uploads\/F71-Casa-colona-carretera-Arrecife-Google-street-2026-03-20.jpg\" class=\"attachment-large size-large wp-image-65055\" alt=\"La Carlota. Cordoba\" srcset=\"https:\/\/www.elturistatranquil.com\/wp-content\/uploads\/F71-Casa-colona-carretera-Arrecife-Google-street-2026-03-20.jpg 768w, https:\/\/www.elturistatranquil.com\/wp-content\/uploads\/F71-Casa-colona-carretera-Arrecife-Google-street-2026-03-20-339x226.jpg 339w\" sizes=\"(max-width: 768px) 100vw, 768px\" \/>\t\t\t\t\t\t\t\t\t\t\t<figcaption class=\"widget-image-caption wp-caption-text\">(Google street view 2026-03-23)<\/figcaption>\n\t\t\t\t\t\t\t\t\t\t<\/figure>\n\t\t\t\t\t\t\t\t\t<\/div>\n\t\t\t\t<\/div>\n\t\t\t\t<div class=\"elementor-element elementor-element-2ce173f elementor-widget elementor-widget-text-editor\" data-id=\"2ce173f\" data-element_type=\"widget\" data-e-type=\"widget\" data-widget_type=\"text-editor.default\">\n\t\t\t\t<div class=\"elementor-widget-container\">\n\t\t\t\t\t\t\t\t\t<p>Si s\u2019est\u00e0 interessat a acostar-se a la forma urbana d\u2019un poblat del segle XVIII, he localitzat dos poblats que mantenen la forma i volumetria constructiva i la superf\u00edcie de la parcel\u00b7la tal com van ser establertes en el seu origen.<\/p><p>N\u2019hi deu haver m\u00e9s, per\u00f2 els que indico s\u00f3n la feligresia de <strong>Montiz\u00f3n<\/strong> i el departament <strong>Escol\u00e1stica<\/strong> (Carboneros), ambd\u00f3s a les Noves poblacions de Sierra Morena a Ja\u00e9n. Encara que s\u00f3n subintend\u00e8ncies distintes, els models constructius i organitzatius van ser els mateixos.<\/p>\t\t\t\t\t\t\t\t<\/div>\n\t\t\t\t<\/div>\n\t\t\t\t<div class=\"elementor-element elementor-element-43945b1 elementor-widget elementor-widget-heading\" data-id=\"43945b1\" data-element_type=\"widget\" data-e-type=\"widget\" data-widget_type=\"heading.default\">\n\t\t\t\t<div class=\"elementor-widget-container\">\n\t\t\t\t\t<h2 class=\"elementor-heading-title elementor-size-default\">El museu<\/h2>\t\t\t\t<\/div>\n\t\t\t\t<\/div>\n\t\t\t\t<div class=\"elementor-element elementor-element-04bfc90 elementor-widget elementor-widget-text-editor\" data-id=\"04bfc90\" data-element_type=\"widget\" data-e-type=\"widget\" data-widget_type=\"text-editor.default\">\n\t\t\t\t<div class=\"elementor-widget-container\">\n\t\t\t\t\t\t\t\t\t<p>El museu no disposa d\u2019horari d\u2019obertura. Si s\u2019est\u00e0 interessat a visitar-lo, cal trucar a l\u2019Ajuntament (957 300 001) per concertar una visita.<\/p><p>El museu aprofundeix en les arrels i la hist\u00f2ria de La Carlota des del paleol\u00edtic fins a l\u2019origen de la localitat, despr\u00e9s de la promulgaci\u00f3 del fur de les noves poblacions sota el regnat de Carlos III. Permet con\u00e8ixer com vivien els primers colons que van habitar el poble a partir de 1767.<\/p><p>A l\u2019<strong>edifici de la RealC\u00e1rcel<\/strong> (<strong>5<\/strong>) s\u2019ha ubicat l\u2019<strong>Ecomuseu de La Carlota<\/strong>, nom amb qu\u00e8 es coneix el <strong>Centre d\u2019Interpretaci\u00f3 de les Noves Poblacions<\/strong>, un espai divulgatiu on s\u2019ofereix una lectura accessible dels or\u00edgens hist\u00f2rics de La Carlota i de la seva relaci\u00f3 amb la colonitzaci\u00f3 il\u00b7lustrada del segle XVIII. Concebut com una proposta did\u00e0ctica, el centre combina patrimoni, territori i mem\u00f2ria local per explicar tant el per\u00edode precolonial des del paleol\u00edtic fins a l\u2019origen de la localitat, despr\u00e9s de la promulgaci\u00f3 del fur de les noves poblacions sota el regnat de Carlos III.<\/p><p>A m\u00e9s, permet con\u00e8ixer l\u2019origen i com vivien els primers colons que van habitar el poble a partir de 1767.<\/p><p>Imatge del museu a la Reial Pres\u00f3 (<strong>5<\/strong>) i, al costat, una casa presumiblement d\u2019origen colon.<\/p>\t\t\t\t\t\t\t\t<\/div>\n\t\t\t\t<\/div>\n\t\t\t\t<div class=\"elementor-element elementor-element-61d7998 elementor-widget elementor-widget-image\" data-id=\"61d7998\" data-element_type=\"widget\" data-e-type=\"widget\" data-widget_type=\"image.default\">\n\t\t\t\t<div class=\"elementor-widget-container\">\n\t\t\t\t\t\t\t\t\t\t\t\t<figure class=\"wp-caption\">\n\t\t\t\t\t\t\t\t\t\t<img loading=\"lazy\" decoding=\"async\" width=\"768\" height=\"512\" src=\"https:\/\/www.elturistatranquil.com\/wp-content\/uploads\/F73-Museo.-La-Carlota.-Cordoba.jpg\" class=\"attachment-large size-large wp-image-65057\" alt=\"La Carlota. Cordoba\" srcset=\"https:\/\/www.elturistatranquil.com\/wp-content\/uploads\/F73-Museo.-La-Carlota.-Cordoba.jpg 768w, https:\/\/www.elturistatranquil.com\/wp-content\/uploads\/F73-Museo.-La-Carlota.-Cordoba-339x226.jpg 339w\" sizes=\"(max-width: 768px) 100vw, 768px\" \/>\t\t\t\t\t\t\t\t\t\t\t<figcaption class=\"widget-image-caption wp-caption-text\"><\/figcaption>\n\t\t\t\t\t\t\t\t\t\t<\/figure>\n\t\t\t\t\t\t\t\t\t<\/div>\n\t\t\t\t<\/div>\n\t\t\t\t<div class=\"elementor-element elementor-element-fa54c18 elementor-widget elementor-widget-text-editor\" data-id=\"fa54c18\" data-element_type=\"widget\" data-e-type=\"widget\" data-widget_type=\"text-editor.default\">\n\t\t\t\t<div class=\"elementor-widget-container\">\n\t\t\t\t\t\t\t\t\t<p>Ocupa les dues plantes de la pres\u00f3 en un recorregut per: a) el medi f\u00edsic i natural; b) l\u2019ocupaci\u00f3 precolonial; c) la import\u00e0ncia del cam\u00ed; d) el projecte il\u00b7lustrat; e) l\u2019assentament dels colons a la terra promesa i f) la petjada colona.<\/p>\t\t\t\t\t\t\t\t<\/div>\n\t\t\t\t<\/div>\n\t\t\t\t<div class=\"elementor-element elementor-element-529f5a2 elementor-widget elementor-widget-image\" data-id=\"529f5a2\" data-element_type=\"widget\" data-e-type=\"widget\" data-widget_type=\"image.default\">\n\t\t\t\t<div class=\"elementor-widget-container\">\n\t\t\t\t\t\t\t\t\t\t\t\t<figure class=\"wp-caption\">\n\t\t\t\t\t\t\t\t\t\t<img loading=\"lazy\" decoding=\"async\" width=\"768\" height=\"576\" src=\"https:\/\/www.elturistatranquil.com\/wp-content\/uploads\/F74-Museo.-La-Carlota.-Cordoba.jpg\" class=\"attachment-large size-large wp-image-65062\" alt=\"La Carlota. Cordoba\" srcset=\"https:\/\/www.elturistatranquil.com\/wp-content\/uploads\/F74-Museo.-La-Carlota.-Cordoba.jpg 768w, https:\/\/www.elturistatranquil.com\/wp-content\/uploads\/F74-Museo.-La-Carlota.-Cordoba-301x226.jpg 301w\" sizes=\"(max-width: 768px) 100vw, 768px\" \/>\t\t\t\t\t\t\t\t\t\t\t<figcaption class=\"widget-image-caption wp-caption-text\"><\/figcaption>\n\t\t\t\t\t\t\t\t\t\t<\/figure>\n\t\t\t\t\t\t\t\t\t<\/div>\n\t\t\t\t<\/div>\n\t\t\t\t<div class=\"elementor-element elementor-element-f6deb23 elementor-widget elementor-widget-image\" data-id=\"f6deb23\" data-element_type=\"widget\" data-e-type=\"widget\" data-widget_type=\"image.default\">\n\t\t\t\t<div class=\"elementor-widget-container\">\n\t\t\t\t\t\t\t\t\t\t\t\t<figure class=\"wp-caption\">\n\t\t\t\t\t\t\t\t\t\t<img loading=\"lazy\" decoding=\"async\" width=\"450\" height=\"600\" src=\"https:\/\/www.elturistatranquil.com\/wp-content\/uploads\/F75-Museo.-La-Carlota.-Cordoba.jpg\" class=\"attachment-large size-large wp-image-65064\" alt=\"La Carlota. Cordoba\" srcset=\"https:\/\/www.elturistatranquil.com\/wp-content\/uploads\/F75-Museo.-La-Carlota.-Cordoba.jpg 450w, https:\/\/www.elturistatranquil.com\/wp-content\/uploads\/F75-Museo.-La-Carlota.-Cordoba-170x226.jpg 170w\" sizes=\"(max-width: 450px) 100vw, 450px\" \/>\t\t\t\t\t\t\t\t\t\t\t<figcaption class=\"widget-image-caption wp-caption-text\"><\/figcaption>\n\t\t\t\t\t\t\t\t\t\t<\/figure>\n\t\t\t\t\t\t\t\t\t<\/div>\n\t\t\t\t<\/div>\n\t\t\t\t<div class=\"elementor-element elementor-element-a399256 elementor-widget elementor-widget-image\" data-id=\"a399256\" data-element_type=\"widget\" data-e-type=\"widget\" data-widget_type=\"image.default\">\n\t\t\t\t<div class=\"elementor-widget-container\">\n\t\t\t\t\t\t\t\t\t\t\t\t<figure class=\"wp-caption\">\n\t\t\t\t\t\t\t\t\t\t<img loading=\"lazy\" decoding=\"async\" width=\"768\" height=\"576\" src=\"https:\/\/www.elturistatranquil.com\/wp-content\/uploads\/F76-Museo.-La-Carlota.-Cordoba.jpg\" class=\"attachment-large size-large wp-image-65066\" alt=\"La Carlota. Cordoba\" srcset=\"https:\/\/www.elturistatranquil.com\/wp-content\/uploads\/F76-Museo.-La-Carlota.-Cordoba.jpg 768w, https:\/\/www.elturistatranquil.com\/wp-content\/uploads\/F76-Museo.-La-Carlota.-Cordoba-301x226.jpg 301w\" sizes=\"(max-width: 768px) 100vw, 768px\" \/>\t\t\t\t\t\t\t\t\t\t\t<figcaption class=\"widget-image-caption wp-caption-text\"><\/figcaption>\n\t\t\t\t\t\t\t\t\t\t<\/figure>\n\t\t\t\t\t\t\t\t\t<\/div>\n\t\t\t\t<\/div>\n\t\t\t\t<div class=\"elementor-element elementor-element-99e015e elementor-widget elementor-widget-image\" data-id=\"99e015e\" data-element_type=\"widget\" data-e-type=\"widget\" data-widget_type=\"image.default\">\n\t\t\t\t<div class=\"elementor-widget-container\">\n\t\t\t\t\t\t\t\t\t\t\t\t<figure class=\"wp-caption\">\n\t\t\t\t\t\t\t\t\t\t<img loading=\"lazy\" decoding=\"async\" width=\"768\" height=\"576\" src=\"https:\/\/www.elturistatranquil.com\/wp-content\/uploads\/F77-Museo.-La-Carlota.-Cordoba.jpg\" class=\"attachment-large size-large wp-image-65068\" alt=\"La Carlota. Cordoba\" srcset=\"https:\/\/www.elturistatranquil.com\/wp-content\/uploads\/F77-Museo.-La-Carlota.-Cordoba.jpg 768w, https:\/\/www.elturistatranquil.com\/wp-content\/uploads\/F77-Museo.-La-Carlota.-Cordoba-301x226.jpg 301w\" sizes=\"(max-width: 768px) 100vw, 768px\" \/>\t\t\t\t\t\t\t\t\t\t\t<figcaption class=\"widget-image-caption wp-caption-text\"><\/figcaption>\n\t\t\t\t\t\t\t\t\t\t<\/figure>\n\t\t\t\t\t\t\t\t\t<\/div>\n\t\t\t\t<\/div>\n\t\t\t\t<div class=\"elementor-element elementor-element-e8abf03 elementor-widget elementor-widget-image\" data-id=\"e8abf03\" data-element_type=\"widget\" data-e-type=\"widget\" data-widget_type=\"image.default\">\n\t\t\t\t<div class=\"elementor-widget-container\">\n\t\t\t\t\t\t\t\t\t\t\t\t<figure class=\"wp-caption\">\n\t\t\t\t\t\t\t\t\t\t<img loading=\"lazy\" decoding=\"async\" width=\"768\" height=\"576\" src=\"https:\/\/www.elturistatranquil.com\/wp-content\/uploads\/F78-Museo.-La-Carlota.-Cordoba.jpg\" class=\"attachment-large size-large wp-image-65070\" alt=\"La Carlota. Cordoba\" srcset=\"https:\/\/www.elturistatranquil.com\/wp-content\/uploads\/F78-Museo.-La-Carlota.-Cordoba.jpg 768w, https:\/\/www.elturistatranquil.com\/wp-content\/uploads\/F78-Museo.-La-Carlota.-Cordoba-301x226.jpg 301w\" sizes=\"(max-width: 768px) 100vw, 768px\" \/>\t\t\t\t\t\t\t\t\t\t\t<figcaption class=\"widget-image-caption wp-caption-text\"><\/figcaption>\n\t\t\t\t\t\t\t\t\t\t<\/figure>\n\t\t\t\t\t\t\t\t\t<\/div>\n\t\t\t\t<\/div>\n\t\t\t\t<div class=\"elementor-element elementor-element-d303d7d elementor-widget elementor-widget-image\" data-id=\"d303d7d\" data-element_type=\"widget\" data-e-type=\"widget\" data-widget_type=\"image.default\">\n\t\t\t\t<div class=\"elementor-widget-container\">\n\t\t\t\t\t\t\t\t\t\t\t\t<figure class=\"wp-caption\">\n\t\t\t\t\t\t\t\t\t\t<img loading=\"lazy\" decoding=\"async\" width=\"768\" height=\"576\" src=\"https:\/\/www.elturistatranquil.com\/wp-content\/uploads\/F79-Museo.-La-Carlota.-Cordoba.jpg\" class=\"attachment-large size-large wp-image-65072\" alt=\"La Carlota. Cordoba\" srcset=\"https:\/\/www.elturistatranquil.com\/wp-content\/uploads\/F79-Museo.-La-Carlota.-Cordoba.jpg 768w, https:\/\/www.elturistatranquil.com\/wp-content\/uploads\/F79-Museo.-La-Carlota.-Cordoba-301x226.jpg 301w\" sizes=\"(max-width: 768px) 100vw, 768px\" \/>\t\t\t\t\t\t\t\t\t\t\t<figcaption class=\"widget-image-caption wp-caption-text\"><\/figcaption>\n\t\t\t\t\t\t\t\t\t\t<\/figure>\n\t\t\t\t\t\t\t\t\t<\/div>\n\t\t\t\t<\/div>\n\t\t\t\t<div class=\"elementor-element elementor-element-78e01e0 elementor-widget elementor-widget-image\" data-id=\"78e01e0\" data-element_type=\"widget\" data-e-type=\"widget\" data-widget_type=\"image.default\">\n\t\t\t\t<div class=\"elementor-widget-container\">\n\t\t\t\t\t\t\t\t\t\t\t\t<figure class=\"wp-caption\">\n\t\t\t\t\t\t\t\t\t\t<img loading=\"lazy\" decoding=\"async\" width=\"768\" height=\"576\" src=\"https:\/\/www.elturistatranquil.com\/wp-content\/uploads\/F80-Museo.-La-Carlota.-Cordoba.jpg\" class=\"attachment-large size-large wp-image-65077\" alt=\"La Carlota. Cordoba\" srcset=\"https:\/\/www.elturistatranquil.com\/wp-content\/uploads\/F80-Museo.-La-Carlota.-Cordoba.jpg 768w, https:\/\/www.elturistatranquil.com\/wp-content\/uploads\/F80-Museo.-La-Carlota.-Cordoba-301x226.jpg 301w\" sizes=\"(max-width: 768px) 100vw, 768px\" \/>\t\t\t\t\t\t\t\t\t\t\t<figcaption class=\"widget-image-caption wp-caption-text\"><\/figcaption>\n\t\t\t\t\t\t\t\t\t\t<\/figure>\n\t\t\t\t\t\t\t\t\t<\/div>\n\t\t\t\t<\/div>\n\t\t\t\t<div class=\"elementor-element elementor-element-0402bb4 elementor-widget elementor-widget-image\" data-id=\"0402bb4\" data-element_type=\"widget\" data-e-type=\"widget\" data-widget_type=\"image.default\">\n\t\t\t\t<div class=\"elementor-widget-container\">\n\t\t\t\t\t\t\t\t\t\t\t\t<figure class=\"wp-caption\">\n\t\t\t\t\t\t\t\t\t\t<img loading=\"lazy\" decoding=\"async\" width=\"768\" height=\"576\" src=\"https:\/\/www.elturistatranquil.com\/wp-content\/uploads\/F81-Museo.-La-Carlota.-Cordoba.jpg\" class=\"attachment-large size-large wp-image-65079\" alt=\"La Carlota. Cordoba\" srcset=\"https:\/\/www.elturistatranquil.com\/wp-content\/uploads\/F81-Museo.-La-Carlota.-Cordoba.jpg 768w, https:\/\/www.elturistatranquil.com\/wp-content\/uploads\/F81-Museo.-La-Carlota.-Cordoba-301x226.jpg 301w\" sizes=\"(max-width: 768px) 100vw, 768px\" \/>\t\t\t\t\t\t\t\t\t\t\t<figcaption class=\"widget-image-caption wp-caption-text\"><\/figcaption>\n\t\t\t\t\t\t\t\t\t\t<\/figure>\n\t\t\t\t\t\t\t\t\t<\/div>\n\t\t\t\t<\/div>\n\t\t\t\t<div class=\"elementor-element elementor-element-3b3d0eb elementor-widget elementor-widget-image\" data-id=\"3b3d0eb\" data-element_type=\"widget\" data-e-type=\"widget\" data-widget_type=\"image.default\">\n\t\t\t\t<div class=\"elementor-widget-container\">\n\t\t\t\t\t\t\t\t\t\t\t\t<figure class=\"wp-caption\">\n\t\t\t\t\t\t\t\t\t\t<img loading=\"lazy\" decoding=\"async\" width=\"768\" height=\"576\" src=\"https:\/\/www.elturistatranquil.com\/wp-content\/uploads\/F82-Museo.-La-Carlota.-Cordoba.jpg\" class=\"attachment-large size-large wp-image-65081\" alt=\"La Carlota. Cordoba\" srcset=\"https:\/\/www.elturistatranquil.com\/wp-content\/uploads\/F82-Museo.-La-Carlota.-Cordoba.jpg 768w, https:\/\/www.elturistatranquil.com\/wp-content\/uploads\/F82-Museo.-La-Carlota.-Cordoba-301x226.jpg 301w\" sizes=\"(max-width: 768px) 100vw, 768px\" \/>\t\t\t\t\t\t\t\t\t\t\t<figcaption class=\"widget-image-caption wp-caption-text\"><\/figcaption>\n\t\t\t\t\t\t\t\t\t\t<\/figure>\n\t\t\t\t\t\t\t\t\t<\/div>\n\t\t\t\t<\/div>\n\t\t\t\t<div class=\"elementor-element elementor-element-43cac14 elementor-widget elementor-widget-image\" data-id=\"43cac14\" data-element_type=\"widget\" data-e-type=\"widget\" data-widget_type=\"image.default\">\n\t\t\t\t<div class=\"elementor-widget-container\">\n\t\t\t\t\t\t\t\t\t\t\t\t<figure class=\"wp-caption\">\n\t\t\t\t\t\t\t\t\t\t<img loading=\"lazy\" decoding=\"async\" width=\"768\" height=\"576\" src=\"https:\/\/www.elturistatranquil.com\/wp-content\/uploads\/F83-Museo.-La-Carlota.-Cordoba.jpg\" class=\"attachment-large size-large wp-image-65083\" alt=\"La Carlota. Cordoba\" srcset=\"https:\/\/www.elturistatranquil.com\/wp-content\/uploads\/F83-Museo.-La-Carlota.-Cordoba.jpg 768w, https:\/\/www.elturistatranquil.com\/wp-content\/uploads\/F83-Museo.-La-Carlota.-Cordoba-301x226.jpg 301w\" sizes=\"(max-width: 768px) 100vw, 768px\" \/>\t\t\t\t\t\t\t\t\t\t\t<figcaption class=\"widget-image-caption wp-caption-text\"><\/figcaption>\n\t\t\t\t\t\t\t\t\t\t<\/figure>\n\t\t\t\t\t\t\t\t\t<\/div>\n\t\t\t\t<\/div>\n\t\t\t\t<div class=\"elementor-element elementor-element-e29492b elementor-widget elementor-widget-image\" data-id=\"e29492b\" data-element_type=\"widget\" data-e-type=\"widget\" data-widget_type=\"image.default\">\n\t\t\t\t<div class=\"elementor-widget-container\">\n\t\t\t\t\t\t\t\t\t\t\t\t<figure class=\"wp-caption\">\n\t\t\t\t\t\t\t\t\t\t<img loading=\"lazy\" decoding=\"async\" width=\"768\" height=\"576\" src=\"https:\/\/www.elturistatranquil.com\/wp-content\/uploads\/F84-Museo.-La-Carlota.-Cordoba.jpg\" class=\"attachment-large size-large wp-image-65085\" alt=\"La Carlota. Cordoba\" srcset=\"https:\/\/www.elturistatranquil.com\/wp-content\/uploads\/F84-Museo.-La-Carlota.-Cordoba.jpg 768w, https:\/\/www.elturistatranquil.com\/wp-content\/uploads\/F84-Museo.-La-Carlota.-Cordoba-301x226.jpg 301w\" sizes=\"(max-width: 768px) 100vw, 768px\" \/>\t\t\t\t\t\t\t\t\t\t\t<figcaption class=\"widget-image-caption wp-caption-text\"><\/figcaption>\n\t\t\t\t\t\t\t\t\t\t<\/figure>\n\t\t\t\t\t\t\t\t\t<\/div>\n\t\t\t\t<\/div>\n\t\t\t\t<div class=\"elementor-element elementor-element-434c403 elementor-widget elementor-widget-image\" data-id=\"434c403\" data-element_type=\"widget\" data-e-type=\"widget\" data-widget_type=\"image.default\">\n\t\t\t\t<div class=\"elementor-widget-container\">\n\t\t\t\t\t\t\t\t\t\t\t\t<figure class=\"wp-caption\">\n\t\t\t\t\t\t\t\t\t\t<img loading=\"lazy\" decoding=\"async\" width=\"768\" height=\"576\" src=\"https:\/\/www.elturistatranquil.com\/wp-content\/uploads\/F86-Museo.-La-Carlota.-Cordoba.jpg\" class=\"attachment-large size-large wp-image-65087\" alt=\"La Carlota. Cordoba\" srcset=\"https:\/\/www.elturistatranquil.com\/wp-content\/uploads\/F86-Museo.-La-Carlota.-Cordoba.jpg 768w, https:\/\/www.elturistatranquil.com\/wp-content\/uploads\/F86-Museo.-La-Carlota.-Cordoba-301x226.jpg 301w\" sizes=\"(max-width: 768px) 100vw, 768px\" \/>\t\t\t\t\t\t\t\t\t\t\t<figcaption class=\"widget-image-caption wp-caption-text\"><\/figcaption>\n\t\t\t\t\t\t\t\t\t\t<\/figure>\n\t\t\t\t\t\t\t\t\t<\/div>\n\t\t\t\t<\/div>\n\t\t\t\t<div class=\"elementor-element elementor-element-9244ffe elementor-widget elementor-widget-image\" data-id=\"9244ffe\" data-element_type=\"widget\" data-e-type=\"widget\" data-widget_type=\"image.default\">\n\t\t\t\t<div class=\"elementor-widget-container\">\n\t\t\t\t\t\t\t\t\t\t\t\t<figure class=\"wp-caption\">\n\t\t\t\t\t\t\t\t\t\t<img loading=\"lazy\" decoding=\"async\" width=\"768\" height=\"576\" src=\"https:\/\/www.elturistatranquil.com\/wp-content\/uploads\/F87-Museo.-La-Carlota.-Cordoba.jpg\" class=\"attachment-large size-large wp-image-65089\" alt=\"La Carlota. Cordoba\" srcset=\"https:\/\/www.elturistatranquil.com\/wp-content\/uploads\/F87-Museo.-La-Carlota.-Cordoba.jpg 768w, https:\/\/www.elturistatranquil.com\/wp-content\/uploads\/F87-Museo.-La-Carlota.-Cordoba-301x226.jpg 301w\" sizes=\"(max-width: 768px) 100vw, 768px\" \/>\t\t\t\t\t\t\t\t\t\t\t<figcaption class=\"widget-image-caption wp-caption-text\"><\/figcaption>\n\t\t\t\t\t\t\t\t\t\t<\/figure>\n\t\t\t\t\t\t\t\t\t<\/div>\n\t\t\t\t<\/div>\n\t\t\t\t<div class=\"elementor-element elementor-element-e049879 elementor-widget elementor-widget-image\" data-id=\"e049879\" data-element_type=\"widget\" data-e-type=\"widget\" data-widget_type=\"image.default\">\n\t\t\t\t<div class=\"elementor-widget-container\">\n\t\t\t\t\t\t\t\t\t\t\t\t<figure class=\"wp-caption\">\n\t\t\t\t\t\t\t\t\t\t<img loading=\"lazy\" decoding=\"async\" width=\"768\" height=\"576\" src=\"https:\/\/www.elturistatranquil.com\/wp-content\/uploads\/F88-Museo.-La-Carlota.-Cordoba.jpg\" class=\"attachment-large size-large wp-image-65091\" alt=\"La Carlota. Cordoba\" srcset=\"https:\/\/www.elturistatranquil.com\/wp-content\/uploads\/F88-Museo.-La-Carlota.-Cordoba.jpg 768w, https:\/\/www.elturistatranquil.com\/wp-content\/uploads\/F88-Museo.-La-Carlota.-Cordoba-301x226.jpg 301w\" sizes=\"(max-width: 768px) 100vw, 768px\" \/>\t\t\t\t\t\t\t\t\t\t\t<figcaption class=\"widget-image-caption wp-caption-text\"><\/figcaption>\n\t\t\t\t\t\t\t\t\t\t<\/figure>\n\t\t\t\t\t\t\t\t\t<\/div>\n\t\t\t\t<\/div>\n\t\t\t\t<div class=\"elementor-element elementor-element-f91bf3b elementor-widget elementor-widget-image\" data-id=\"f91bf3b\" data-element_type=\"widget\" data-e-type=\"widget\" data-widget_type=\"image.default\">\n\t\t\t\t<div class=\"elementor-widget-container\">\n\t\t\t\t\t\t\t\t\t\t\t\t<figure class=\"wp-caption\">\n\t\t\t\t\t\t\t\t\t\t<img loading=\"lazy\" decoding=\"async\" width=\"768\" height=\"576\" src=\"https:\/\/www.elturistatranquil.com\/wp-content\/uploads\/F89-Museo.-La-Carlota.-Cordoba.jpg\" class=\"attachment-large size-large wp-image-65093\" alt=\"La Carlota. Cordoba\" srcset=\"https:\/\/www.elturistatranquil.com\/wp-content\/uploads\/F89-Museo.-La-Carlota.-Cordoba.jpg 768w, https:\/\/www.elturistatranquil.com\/wp-content\/uploads\/F89-Museo.-La-Carlota.-Cordoba-301x226.jpg 301w\" sizes=\"(max-width: 768px) 100vw, 768px\" \/>\t\t\t\t\t\t\t\t\t\t\t<figcaption class=\"widget-image-caption wp-caption-text\"><\/figcaption>\n\t\t\t\t\t\t\t\t\t\t<\/figure>\n\t\t\t\t\t\t\t\t\t<\/div>\n\t\t\t\t<\/div>\n\t\t\t\t<div class=\"elementor-element elementor-element-2d8bfb4 elementor-widget elementor-widget-image\" data-id=\"2d8bfb4\" data-element_type=\"widget\" data-e-type=\"widget\" data-widget_type=\"image.default\">\n\t\t\t\t<div class=\"elementor-widget-container\">\n\t\t\t\t\t\t\t\t\t\t\t\t<figure class=\"wp-caption\">\n\t\t\t\t\t\t\t\t\t\t<img loading=\"lazy\" decoding=\"async\" width=\"768\" height=\"576\" src=\"https:\/\/www.elturistatranquil.com\/wp-content\/uploads\/F90-Museo.-La-Carlota.-Cordoba.jpg\" class=\"attachment-large size-large wp-image-65095\" alt=\"La Carlota. Cordoba\" srcset=\"https:\/\/www.elturistatranquil.com\/wp-content\/uploads\/F90-Museo.-La-Carlota.-Cordoba.jpg 768w, https:\/\/www.elturistatranquil.com\/wp-content\/uploads\/F90-Museo.-La-Carlota.-Cordoba-301x226.jpg 301w\" sizes=\"(max-width: 768px) 100vw, 768px\" \/>\t\t\t\t\t\t\t\t\t\t\t<figcaption class=\"widget-image-caption wp-caption-text\">Rafa Folk, descendent dels primers colons assenyalant la poblaci\u00f3 alemanya d'origen de la fam\u00edlia<\/figcaption>\n\t\t\t\t\t\t\t\t\t\t<\/figure>\n\t\t\t\t\t\t\t\t\t<\/div>\n\t\t\t\t<\/div>\n\t\t\t\t<div class=\"elementor-element elementor-element-e95a34e elementor-widget elementor-widget-image\" data-id=\"e95a34e\" data-element_type=\"widget\" data-e-type=\"widget\" data-widget_type=\"image.default\">\n\t\t\t\t<div class=\"elementor-widget-container\">\n\t\t\t\t\t\t\t\t\t\t\t\t<figure class=\"wp-caption\">\n\t\t\t\t\t\t\t\t\t\t<img loading=\"lazy\" decoding=\"async\" width=\"768\" height=\"576\" src=\"https:\/\/www.elturistatranquil.com\/wp-content\/uploads\/F91-Museo.-La-Carlota.-Cordoba.jpg\" class=\"attachment-large size-large wp-image-65097\" alt=\"La Carlota. Cordoba\" srcset=\"https:\/\/www.elturistatranquil.com\/wp-content\/uploads\/F91-Museo.-La-Carlota.-Cordoba.jpg 768w, https:\/\/www.elturistatranquil.com\/wp-content\/uploads\/F91-Museo.-La-Carlota.-Cordoba-301x226.jpg 301w\" sizes=\"(max-width: 768px) 100vw, 768px\" \/>\t\t\t\t\t\t\t\t\t\t\t<figcaption class=\"widget-image-caption wp-caption-text\"><\/figcaption>\n\t\t\t\t\t\t\t\t\t\t<\/figure>\n\t\t\t\t\t\t\t\t\t<\/div>\n\t\t\t\t<\/div>\n\t\t\t\t<div class=\"elementor-element elementor-element-b8739c9 elementor-widget elementor-widget-image\" data-id=\"b8739c9\" data-element_type=\"widget\" data-e-type=\"widget\" data-widget_type=\"image.default\">\n\t\t\t\t<div class=\"elementor-widget-container\">\n\t\t\t\t\t\t\t\t\t\t\t\t<figure class=\"wp-caption\">\n\t\t\t\t\t\t\t\t\t\t<img loading=\"lazy\" decoding=\"async\" width=\"768\" height=\"576\" src=\"https:\/\/www.elturistatranquil.com\/wp-content\/uploads\/F92-Museo.-La-Carlota.-Cordoba.jpg\" class=\"attachment-large size-large wp-image-65099\" alt=\"La Carlota. Cordoba\" srcset=\"https:\/\/www.elturistatranquil.com\/wp-content\/uploads\/F92-Museo.-La-Carlota.-Cordoba.jpg 768w, https:\/\/www.elturistatranquil.com\/wp-content\/uploads\/F92-Museo.-La-Carlota.-Cordoba-301x226.jpg 301w\" sizes=\"(max-width: 768px) 100vw, 768px\" \/>\t\t\t\t\t\t\t\t\t\t\t<figcaption class=\"widget-image-caption wp-caption-text\"><\/figcaption>\n\t\t\t\t\t\t\t\t\t\t<\/figure>\n\t\t\t\t\t\t\t\t\t<\/div>\n\t\t\t\t<\/div>\n\t\t\t\t<div class=\"elementor-element elementor-element-0b5bd60 elementor-widget elementor-widget-text-editor\" data-id=\"0b5bd60\" data-element_type=\"widget\" data-e-type=\"widget\" data-widget_type=\"text-editor.default\">\n\t\t\t\t<div class=\"elementor-widget-container\">\n\t\t\t\t\t\t\t\t\t<p>El Centre d\u2019Interpretaci\u00f3 \u00e9s un bon aparador per con\u00e8ixer, a trav\u00e9s de petites pinzellades, gran part de la hist\u00f2ria i el patrimoni colonial i precolonial de La Carlota.<\/p>\t\t\t\t\t\t\t\t<\/div>\n\t\t\t\t<\/div>\n\t\t\t\t<div class=\"elementor-element elementor-element-0d9f2ce elementor-widget elementor-widget-heading\" data-id=\"0d9f2ce\" data-element_type=\"widget\" data-e-type=\"widget\" data-widget_type=\"heading.default\">\n\t\t\t\t<div class=\"elementor-widget-container\">\n\t\t\t\t\t<h2 class=\"elementor-heading-title elementor-size-default\">Fi de la visita<\/h2>\t\t\t\t<\/div>\n\t\t\t\t<\/div>\n\t\t\t\t<div class=\"elementor-element elementor-element-350005d elementor-widget elementor-widget-text-editor\" data-id=\"350005d\" data-element_type=\"widget\" data-e-type=\"widget\" data-widget_type=\"text-editor.default\">\n\t\t\t\t<div class=\"elementor-widget-container\">\n\t\t\t\t\t\t\t\t\t<p>La visita a <strong>La Carlota<\/strong> ha tingut dos efectes. D\u2019una banda, apreciar el que queda de la poblaci\u00f3 colonial en els edificis m\u00e9s emblem\u00e0tics del moment, aix\u00ed com l\u2019evoluci\u00f3 i expansi\u00f3 experimentada en els darrers decennis, des de gaireb\u00e9 finals del segle XX.<\/p><p>Aproximar-me al model de societat que la Il\u00b7lustraci\u00f3 a Espanya proposava implementar: una societat estamental (els agricultors han de romandre sempre com a agricultors) i una societat agr\u00e0ria permanentment igualit\u00e0ria (les suertes no es podien dividir ni acumular) basada en la unitat familiar monoparental.<\/p><p>Si volia ser un model per difondre\u2019s en altres poblacions d\u2019Espanya, significaria que l\u2019ideal seria reconvertir la propietat, i amb ella la gran propietat, de manera que el territori de cada localitat es repart\u00eds entre les fam\u00edlies monoparentals de forma uniforme i igualit\u00e0ria.<\/p><p>D\u2019altra banda, m\u2019ha creat un gran nombre d\u2019interrogants sobre l\u2019etapa d\u2019implantaci\u00f3 i colonitzaci\u00f3 del segle XVIII.<\/p><p>En el text ja he avan\u00e7at un comentari sobre el criteri generalitzat entre els agents institucionals i els promotors tur\u00edstics de considerar gaireb\u00e9 exclusivament com a b\u00e9ns culturals monumentals a conservar i mostrar (B\u00e9ns d\u2019Inter\u00e8s Cultural (BIC)) aquells edificis i manifestacions arquitect\u00f2niques que, per la seva solidesa, han rom\u00e0s dempeus o en ru\u00efnes apreciables. Aquests monuments s\u00f3n els que reflecteixen el poder, en haver estat edificats amb materials durables, especialment pedra i ma\u00f3. Aix\u00ed, castells, palaus i palauets, esgl\u00e9sies, catedrals i monestirs, o edificacions similars, \u00e9s el que es mostra i difon. Juntament amb construccions tamb\u00e9 perdurables, com molins, canals, f\u00e0briques, cortijos, hisendes, etc.<\/p><p>Per\u00f2, on eren, on vivien i com vivia la generalitat de la poblaci\u00f3 -el \u201cpopulatxo\u201d-, els agricultors, els jornalers&#8230; no existeixen per a aquesta hist\u00f2ria tur\u00edstica, no s\u00f3n monuments.<\/p><p>Aquest plantejament tamb\u00e9 el trobem a La Carlota. I \u00e9s m\u00e9s greu quan encara estan dempeus algunes de les cases colonials, cases que eren el centre de la proposta il\u00b7lustrada juntament amb les \u201csuertes\u201d, que tampoc s\u2019expliquen. Aquestes cases s\u00f3n els <strong>veritables monuments hist\u00f2rics<\/strong> d\u2019aquell moment i lloc.<\/p><p>El que ara veiem a La Carlota \u00e9s una ciutat urbana; no veiem ni intu\u00efm el poble agrari que va ser en els seus or\u00edgens, ni el model de societat que volia projectar.<\/p><p>A m\u00e9s, queden altres preguntes en l\u2019aire del tipus de: com es prove\u00efen de pa i aigua; quina assist\u00e8ncia m\u00e8dica tenien; com funcionaven les escoles\u2026<\/p>\t\t\t\t\t\t\t\t<\/div>\n\t\t\t\t<\/div>\n\t\t\t\t<div class=\"elementor-element elementor-element-51cf182 elementor-widget elementor-widget-heading\" data-id=\"51cf182\" data-element_type=\"widget\" data-e-type=\"widget\" data-widget_type=\"heading.default\">\n\t\t\t\t<div class=\"elementor-widget-container\">\n\t\t\t\t\t<h2 class=\"elementor-heading-title elementor-size-default\">Bases d'informaci\u00f3<\/h2>\t\t\t\t<\/div>\n\t\t\t\t<\/div>\n\t\t\t\t<div class=\"elementor-element elementor-element-2ef4b36b elementor-widget elementor-widget-text-editor\" data-id=\"2ef4b36b\" data-element_type=\"widget\" data-e-type=\"widget\" data-widget_type=\"text-editor.default\">\n\t\t\t\t<div class=\"elementor-widget-container\">\n\t\t\t\t\t\t\t\t\t<p><strong>Webs<br \/><\/strong><a href=\"https:\/\/turismolacarlota.com\" target=\"_blank\" rel=\"noopener\">ayuntamiento<\/a><br \/><a href=\"https:\/\/es.wikipedia.org\/wiki\/La_Carlota_(Espa%C3%B1a)\" target=\"_blank\" rel=\"noopener\">wikipedia<\/a><br \/><a href=\"https:\/\/guiadigital.iaph.es\/busqueda\/la%20carlota\" target=\"_blank\" rel=\"noopener\">patrimonioculturaaldeandalucia<\/a><br \/><a href=\"https:\/\/turismovalledelguadalquivir.es\/la-carlota\/\" target=\"_blank\" rel=\"noopener\">turismovalledelguadalquivir<\/a><\/p><p><strong>Cartografia<br \/><\/strong><a href=\"https:\/\/www1.sedecatastro.gob.es\/Cartografia\/mapa.aspx?buscar=S\" target=\"_blank\" rel=\"noopener\">Sede electronica del catastro<\/a><br \/><a href=\"https:\/\/www.juntadeandalucia.es\/medioambiente\/portal\/landing-page-%C3%ADndice\/-\/asset_publisher\/zX2ouZa4r1Rf\/content\/ortofoto-de-andaluc-c3-ada-1956-57-vuelo-general-de-espa-c3-b1a-de-1956--1\/20151\" target=\"_blank\" rel=\"noopener\">Ortofoto vuelo americano 1956-1957<\/a><br \/><a href=\"https:\/\/bnedigital.bne.es\/bd\/es\/viewer?id=f968de2f-2897-4c75-87d6-817d9ae5d8c3\" target=\"_blank\" rel=\"noopener\">BNE Digital. Biblioteca Nacional de Espa\u00f1a<\/a><\/p><p><strong>Webs academic<br \/><\/strong><em><a href=\"https:\/\/www.nuevaspoblaciones.com\/_files\/ugd\/506804_4a08c318bd344f1c9e74b4c92c4be812.pdf\" target=\"_blank\" rel=\"noopener\">Real Cedula nuevas poblaciones Sierramorena<\/a><br \/><\/em>Madoz, Pascual. <a href=\"https:\/\/www.diccionariomadoz.com\" target=\"_blank\" rel=\"noopener\"><em>Diccionario geogr\u00e1fico-estad\u00edstico-historico de Espa\u00f1a y sus posesiones de ultramar (1846-1850)<\/em><\/a> <br \/>Bernaldo de Quir\u00f3s, Constancio (1929). <em><a href=\"https:\/\/dialnet.unirioja.es\/descarga\/articulo\/9319261.pdf\" target=\"_blank\" rel=\"noopener\">La colonizaci\u00f3n carolina: La Carlota<\/a><br \/><\/em>Junta de Andaluc\u00eda. 2001. <a href=\"https:\/\/www.boe.es\/diario_boe\/txt.php?id=BOE-A-2001-6585\" target=\"_blank\" rel=\"noopener\"><em>Decreto 4\/2001, de 9 de enero, por el que se declara Bien de Inter\u00e9s Cultural, con la categor\u00eda de Conjunto Hist\u00f3rico, el sector urbano de La Carlota (C\u00f3rdoba)<\/em><\/a><br \/>Mart\u00ednez Castro, Antonio (2015). <a href=\"https:\/\/d1wqtxts1xzle7.cloudfront.net\/86178436\/2016000001270-libre.pdf?1653003013=&amp;response-content-disposition=inline%3B+filename%3DEl_poblamiento_desde_la_Antiguedad_a_la.pdf&amp;Expires=1774380629&amp;Signature=GoY90NRkPb5hyZYTzbJHZc4il5gCnC2ylFBNW7kq42rdy9tvma46ISSMyYKDiYYek-aN~OtUDTTkwuxtYGkQCfBnOxQenSiMR3gNnNq~r~t9QX2apAGFGhHip8qsLOVgbivoTctyxHBTUDkJHFq0IlBhltSVvaX0rh05qwH5JX7OrMqvD3kpB8xhE779nUSr3wQdMrlF9t7bNDKsqf56gHFr-IqLBlVzhs56qqFO0F0euIRbw2nSX-8lRE5z64RnpjoJS4Q3IBBtyoOmeXOA7QMJhGU8Ch2iKbBsX0FQjFhXVtPlnlkhAINqUwd~Xe4zrWm9kgl3Iu7OkKxFvH-Kew__&amp;Key-Pair-Id=APKAJLOHF5GGSLRBV4ZA\" target=\"_blank\" rel=\"noopener\"><em>El poblamiento desde la antig\u00fcedad a la edad moderna en la subcomarca cordobesa de las Nuevas poblaciones: el ejemplo de La Carlota<\/em><\/a> (Tesis doctoral)<br \/><em><a href=\"https:\/\/www.nuevaspoblaciones.com\/las-nuevas-poblaciones\" target=\"_blank\" rel=\"noopener\">Nuevas Poblaciones de Sierra Morena y Andaluc\u00eda<\/a><br \/><\/em>Hamer Flores, A. (2017). \u00a0<a href=\"http:\/\/hdl.handle.net\/10396\/15124\" target=\"_blank\" rel=\"noopener\"><em>Los extranjeros en las Nuevas Poblaciones: identidad y asimilaci\u00f3n<\/em><\/a><strong><br \/><\/strong>L\u00f3pez Ontiveros, A. (1974). <em><a href=\"https:\/\/helvia.uco.es\/bitstream\/handle\/10396\/16148\/lopez%20ontiveros%20008.pdf?sequence=1&amp;isAllowed=y\" target=\"_blank\" rel=\"noopener\">Parcelarios geom\u00e9tricos en la Campi\u00f1a de C\u00f3rdoba<\/a><br \/><\/em>Sambricio, Carlos (2014). <a href=\"https:\/\/www.ub.edu\/geocrit\/sn\/sn-475.htm\" target=\"_blank\" rel=\"noopener\"><em>Inapia: utop\u00eda, territorio y ciudad a finales del siglo XVIII<\/em><\/a><br \/><em><a href=\"https:\/\/turismofuentepalmera.es\/que-visitar\/\" target=\"_blank\" rel=\"noopener\">Turismo Fuente Palmera<\/a><br \/><\/em>Proyecto Patrimonio La Carlota. 2025<em>. <a href=\"https:\/\/proyectopatrimoniolacarlota.wordpress.com\/2025\/06\/04\/la-carlota-durante-la-edad-moderna-los-momentos-previos-a-su-fundac\/\" target=\"_blank\" rel=\"noopener\">La Carlota durante la Edad Moderna. Los momentos previos a su fundaci\u00f3n<\/a><\/em> <br \/>Fuente Palmera. <a href=\"https:\/\/fuentepalmeradeayeryhoy.iescolonial.es\/casas-coloniales\" target=\"_blank\" rel=\"noopener\"><em>Casas coloniales<\/em><\/a><\/p><p><strong>Llibres<br \/><\/strong>Mart\u00ednez Castro, Antonio. <em>La Carlota. Evoluci\u00f3n hist\u00f3rica de un territorio. Diputaci\u00f3n de C\u00f3rdoba<\/em>. 398 pp.<br \/>Aguayo P\u00e9rez, Sim\u00f3n. <em>La Carlota. Una historia de sus calles<\/em>. Patronato Municipal de Cultura &#8220;Juan Bernier&#8221; de La Carlota\/Diputaci\u00f3n de C\u00f3rdoba. 207 pp.<\/p>\t\t\t\t\t\t\t\t<\/div>\n\t\t\t\t<\/div>\n\t\t\t\t<div class=\"elementor-element elementor-element-904dfc5 elementor-widget elementor-widget-text-editor\" data-id=\"904dfc5\" data-element_type=\"widget\" data-e-type=\"widget\" data-widget_type=\"text-editor.default\">\n\t\t\t\t<div class=\"elementor-widget-container\">\n\t\t\t\t\t\t\t\t\t<p style=\"text-align: right;\">Enlla\u00e7 amb el <em>Post<\/em>:\u00a0<strong><a href=\"https:\/\/www.elturistatranquil.com\/ca\/la-suerte-numero-11-un-viatge-a-les-meves-arrels-a-la-carlota-cordova\/\">La \u201csuerte\u201d n\u00famero 11: un viatge a les meves arrels a La Carlota<\/a><\/strong><\/p>\t\t\t\t\t\t\t\t<\/div>\n\t\t\t\t<\/div>\n\t\t\t\t\t<\/div>\n\t\t<\/div>\n\t\t\t\t\t<\/div>\n\t\t<\/section>\n\t\t\t\t<\/div>\n\t\t","protected":false},"excerpt":{"rendered":"<p>La Carlota (C\u00f2rdova) forma part d\u00b4un dels casos d\u00b4assentaments programades m\u00e9s interessants de la hist\u00f2ria d\u00b4Espanya, amb la implantaci\u00f3 de les Noves poblacions de Carlos III al segle XVIII. La &#8230; <a title=\"La Carlota, poblaci\u00f3 programada (C\u00f2rdova)\" class=\"read-more\" href=\"https:\/\/www.elturistatranquil.com\/ca\/la-carlota-poblacio-programada-cordova\/\" aria-label=\"M\u00e9s informaci\u00f3 sobre La Carlota, poblaci\u00f3 programada (C\u00f2rdova)\">[ &#8230; ]<\/a><\/p>\n","protected":false},"author":1,"featured_media":65113,"comment_status":"open","ping_status":"closed","sticky":false,"template":"","format":"standard","meta":{"footnotes":""},"categories":[71,249,77,158,78,83,92,69,99,100,106,152],"tags":[],"class_list":["post-65127","post","type-post","status-publish","format-standard","has-post-thumbnail","hentry","category-arquitectura-popular-ca","category-assentments-programats","category-conjunts-historics","category-cordova","category-cultura-rural-ca","category-historia-ca","category-museus","category-arqueologia-industrial-ca","category-poble","category-pobles-i-ciutats-amb-interes","category-segle-xviii-xix","category-urbanisme","infinite-scroll-item","generate-columns","tablet-grid-50","mobile-grid-100","grid-parent","grid-50","no-featured-image-padding"],"yoast_head":"<!-- This site is optimized with the Yoast SEO plugin v27.4 - https:\/\/yoast.com\/product\/yoast-seo-wordpress\/ -->\n<title>La Carlota, poblaci\u00f3 programada (C\u00f2rdova) - El turista tranquil<\/title>\n<meta name=\"description\" content=\"La Carlota (C\u00f2rdova) forma part d\u00b4un dels casos d\u00b4assentaments programades m\u00e9s interessants de la hist\u00f2ria d\u00b4Espanya, amb la implantaci\u00f3 de les Noves poblacions de Carlos III al segle XVIII.\" \/>\n<meta name=\"robots\" content=\"index, follow, max-snippet:-1, max-image-preview:large, max-video-preview:-1\" \/>\n<link rel=\"canonical\" href=\"https:\/\/www.elturistatranquil.com\/ca\/la-carlota-poblacio-programada-cordova\/\" \/>\n<meta property=\"og:locale\" content=\"ca_ES\" \/>\n<meta property=\"og:type\" content=\"article\" \/>\n<meta property=\"og:title\" content=\"La Carlota, poblaci\u00f3 programada (C\u00f2rdova) - El turista tranquil\" \/>\n<meta property=\"og:description\" content=\"La Carlota (C\u00f2rdova) forma part d\u00b4un dels casos d\u00b4assentaments programades m\u00e9s interessants de la hist\u00f2ria d\u00b4Espanya, amb la implantaci\u00f3 de les Noves poblacions de Carlos III al segle XVIII.\" \/>\n<meta property=\"og:url\" content=\"https:\/\/www.elturistatranquil.com\/ca\/la-carlota-poblacio-programada-cordova\/\" \/>\n<meta property=\"og:site_name\" content=\"El turista tranquil\" \/>\n<meta property=\"article:publisher\" content=\"https:\/\/www.facebook.com\/elturistatranquilo\/\" \/>\n<meta property=\"article:published_time\" content=\"2026-04-11T11:26:49+00:00\" \/>\n<meta property=\"article:modified_time\" content=\"2026-05-03T11:37:46+00:00\" \/>\n<meta property=\"og:image\" content=\"https:\/\/www.elturistatranquil.com\/wp-content\/uploads\/F00-La-Carlota.-Cordoba.jpg\" \/>\n\t<meta property=\"og:image:width\" content=\"768\" \/>\n\t<meta property=\"og:image:height\" content=\"512\" \/>\n\t<meta property=\"og:image:type\" content=\"image\/jpeg\" \/>\n<meta name=\"author\" content=\"admin\" \/>\n<meta name=\"twitter:card\" content=\"summary_large_image\" \/>\n<meta name=\"twitter:label1\" content=\"Escrit per\" \/>\n\t<meta name=\"twitter:data1\" content=\"admin\" \/>\n\t<meta name=\"twitter:label2\" content=\"Temps estimat de lectura\" \/>\n\t<meta name=\"twitter:data2\" content=\"67 minuts\" \/>\n<script type=\"application\/ld+json\" class=\"yoast-schema-graph\">{\"@context\":\"https:\\\/\\\/schema.org\",\"@graph\":[{\"@type\":\"Article\",\"@id\":\"https:\\\/\\\/www.elturistatranquil.com\\\/ca\\\/la-carlota-poblacio-programada-cordova\\\/#article\",\"isPartOf\":{\"@id\":\"https:\\\/\\\/www.elturistatranquil.com\\\/ca\\\/la-carlota-poblacio-programada-cordova\\\/\"},\"author\":{\"name\":\"admin\",\"@id\":\"https:\\\/\\\/www.elturistatranquil.com\\\/ca\\\/#\\\/schema\\\/person\\\/16f607c3079b96ed0c530a52e6b58bb5\"},\"headline\":\"La Carlota, poblaci\u00f3 programada (C\u00f2rdova)\",\"datePublished\":\"2026-04-11T11:26:49+00:00\",\"dateModified\":\"2026-05-03T11:37:46+00:00\",\"mainEntityOfPage\":{\"@id\":\"https:\\\/\\\/www.elturistatranquil.com\\\/ca\\\/la-carlota-poblacio-programada-cordova\\\/\"},\"wordCount\":9396,\"commentCount\":0,\"image\":{\"@id\":\"https:\\\/\\\/www.elturistatranquil.com\\\/ca\\\/la-carlota-poblacio-programada-cordova\\\/#primaryimage\"},\"thumbnailUrl\":\"https:\\\/\\\/www.elturistatranquil.com\\\/wp-content\\\/uploads\\\/F00-La-Carlota.-Cordoba.jpg\",\"articleSection\":[\"Arquitectura popular\",\"Assentaments programats\",\"Conjunts hist\u00f2rics\",\"C\u00f2rdova\",\"Cultura rural\",\"Hist\u00f2ria\",\"Museus\",\"Patrimoni econ\u00f2mic\\\/productiu\",\"Poble\",\"Pobles i ciutats amb inter\u00e9s\",\"Segle XVIII-XIX\",\"Urbanisme\"],\"inLanguage\":\"ca\",\"potentialAction\":[{\"@type\":\"CommentAction\",\"name\":\"Comment\",\"target\":[\"https:\\\/\\\/www.elturistatranquil.com\\\/ca\\\/la-carlota-poblacio-programada-cordova\\\/#respond\"]}]},{\"@type\":\"WebPage\",\"@id\":\"https:\\\/\\\/www.elturistatranquil.com\\\/ca\\\/la-carlota-poblacio-programada-cordova\\\/\",\"url\":\"https:\\\/\\\/www.elturistatranquil.com\\\/ca\\\/la-carlota-poblacio-programada-cordova\\\/\",\"name\":\"La Carlota, poblaci\u00f3 programada (C\u00f2rdova) - El turista tranquil\",\"isPartOf\":{\"@id\":\"https:\\\/\\\/www.elturistatranquil.com\\\/ca\\\/#website\"},\"primaryImageOfPage\":{\"@id\":\"https:\\\/\\\/www.elturistatranquil.com\\\/ca\\\/la-carlota-poblacio-programada-cordova\\\/#primaryimage\"},\"image\":{\"@id\":\"https:\\\/\\\/www.elturistatranquil.com\\\/ca\\\/la-carlota-poblacio-programada-cordova\\\/#primaryimage\"},\"thumbnailUrl\":\"https:\\\/\\\/www.elturistatranquil.com\\\/wp-content\\\/uploads\\\/F00-La-Carlota.-Cordoba.jpg\",\"datePublished\":\"2026-04-11T11:26:49+00:00\",\"dateModified\":\"2026-05-03T11:37:46+00:00\",\"author\":{\"@id\":\"https:\\\/\\\/www.elturistatranquil.com\\\/ca\\\/#\\\/schema\\\/person\\\/16f607c3079b96ed0c530a52e6b58bb5\"},\"description\":\"La Carlota (C\u00f2rdova) forma part d\u00b4un dels casos d\u00b4assentaments programades m\u00e9s interessants de la hist\u00f2ria d\u00b4Espanya, amb la implantaci\u00f3 de les Noves poblacions de Carlos III al segle XVIII.\",\"breadcrumb\":{\"@id\":\"https:\\\/\\\/www.elturistatranquil.com\\\/ca\\\/la-carlota-poblacio-programada-cordova\\\/#breadcrumb\"},\"inLanguage\":\"ca\",\"potentialAction\":[{\"@type\":\"ReadAction\",\"target\":[\"https:\\\/\\\/www.elturistatranquil.com\\\/ca\\\/la-carlota-poblacio-programada-cordova\\\/\"]}]},{\"@type\":\"ImageObject\",\"inLanguage\":\"ca\",\"@id\":\"https:\\\/\\\/www.elturistatranquil.com\\\/ca\\\/la-carlota-poblacio-programada-cordova\\\/#primaryimage\",\"url\":\"https:\\\/\\\/www.elturistatranquil.com\\\/wp-content\\\/uploads\\\/F00-La-Carlota.-Cordoba.jpg\",\"contentUrl\":\"https:\\\/\\\/www.elturistatranquil.com\\\/wp-content\\\/uploads\\\/F00-La-Carlota.-Cordoba.jpg\",\"width\":768,\"height\":512,\"caption\":\"La Carlota. Cordoba\"},{\"@type\":\"BreadcrumbList\",\"@id\":\"https:\\\/\\\/www.elturistatranquil.com\\\/ca\\\/la-carlota-poblacio-programada-cordova\\\/#breadcrumb\",\"itemListElement\":[{\"@type\":\"ListItem\",\"position\":1,\"name\":\"Portada\",\"item\":\"https:\\\/\\\/www.elturistatranquil.com\\\/ca\\\/\"},{\"@type\":\"ListItem\",\"position\":2,\"name\":\"La Carlota, poblaci\u00f3 programada (C\u00f2rdova)\"}]},{\"@type\":\"WebSite\",\"@id\":\"https:\\\/\\\/www.elturistatranquil.com\\\/ca\\\/#website\",\"url\":\"https:\\\/\\\/www.elturistatranquil.com\\\/ca\\\/\",\"name\":\"El turista tranquil\",\"description\":\"Blog de viatges\",\"potentialAction\":[{\"@type\":\"SearchAction\",\"target\":{\"@type\":\"EntryPoint\",\"urlTemplate\":\"https:\\\/\\\/www.elturistatranquil.com\\\/ca\\\/?s={search_term_string}\"},\"query-input\":{\"@type\":\"PropertyValueSpecification\",\"valueRequired\":true,\"valueName\":\"search_term_string\"}}],\"inLanguage\":\"ca\"},{\"@type\":\"Person\",\"@id\":\"https:\\\/\\\/www.elturistatranquil.com\\\/ca\\\/#\\\/schema\\\/person\\\/16f607c3079b96ed0c530a52e6b58bb5\",\"name\":\"admin\",\"image\":{\"@type\":\"ImageObject\",\"inLanguage\":\"ca\",\"@id\":\"https:\\\/\\\/secure.gravatar.com\\\/avatar\\\/1fbaf22aee75fcbb29a2f97b107f95d25d3a19b7c3416105be10269872673e8d?s=96&d=mm&r=g\",\"url\":\"https:\\\/\\\/secure.gravatar.com\\\/avatar\\\/1fbaf22aee75fcbb29a2f97b107f95d25d3a19b7c3416105be10269872673e8d?s=96&d=mm&r=g\",\"contentUrl\":\"https:\\\/\\\/secure.gravatar.com\\\/avatar\\\/1fbaf22aee75fcbb29a2f97b107f95d25d3a19b7c3416105be10269872673e8d?s=96&d=mm&r=g\",\"caption\":\"admin\"}}]}<\/script>\n<!-- \/ Yoast SEO plugin. -->","yoast_head_json":{"title":"La Carlota, poblaci\u00f3 programada (C\u00f2rdova) - El turista tranquil","description":"La Carlota (C\u00f2rdova) forma part d\u00b4un dels casos d\u00b4assentaments programades m\u00e9s interessants de la hist\u00f2ria d\u00b4Espanya, amb la implantaci\u00f3 de les Noves poblacions de Carlos III al segle XVIII.","robots":{"index":"index","follow":"follow","max-snippet":"max-snippet:-1","max-image-preview":"max-image-preview:large","max-video-preview":"max-video-preview:-1"},"canonical":"https:\/\/www.elturistatranquil.com\/ca\/la-carlota-poblacio-programada-cordova\/","og_locale":"ca_ES","og_type":"article","og_title":"La Carlota, poblaci\u00f3 programada (C\u00f2rdova) - El turista tranquil","og_description":"La Carlota (C\u00f2rdova) forma part d\u00b4un dels casos d\u00b4assentaments programades m\u00e9s interessants de la hist\u00f2ria d\u00b4Espanya, amb la implantaci\u00f3 de les Noves poblacions de Carlos III al segle XVIII.","og_url":"https:\/\/www.elturistatranquil.com\/ca\/la-carlota-poblacio-programada-cordova\/","og_site_name":"El turista tranquil","article_publisher":"https:\/\/www.facebook.com\/elturistatranquilo\/","article_published_time":"2026-04-11T11:26:49+00:00","article_modified_time":"2026-05-03T11:37:46+00:00","og_image":[{"width":768,"height":512,"url":"https:\/\/www.elturistatranquil.com\/wp-content\/uploads\/F00-La-Carlota.-Cordoba.jpg","type":"image\/jpeg"}],"author":"admin","twitter_card":"summary_large_image","twitter_misc":{"Escrit per":"admin","Temps estimat de lectura":"67 minuts"},"schema":{"@context":"https:\/\/schema.org","@graph":[{"@type":"Article","@id":"https:\/\/www.elturistatranquil.com\/ca\/la-carlota-poblacio-programada-cordova\/#article","isPartOf":{"@id":"https:\/\/www.elturistatranquil.com\/ca\/la-carlota-poblacio-programada-cordova\/"},"author":{"name":"admin","@id":"https:\/\/www.elturistatranquil.com\/ca\/#\/schema\/person\/16f607c3079b96ed0c530a52e6b58bb5"},"headline":"La Carlota, poblaci\u00f3 programada (C\u00f2rdova)","datePublished":"2026-04-11T11:26:49+00:00","dateModified":"2026-05-03T11:37:46+00:00","mainEntityOfPage":{"@id":"https:\/\/www.elturistatranquil.com\/ca\/la-carlota-poblacio-programada-cordova\/"},"wordCount":9396,"commentCount":0,"image":{"@id":"https:\/\/www.elturistatranquil.com\/ca\/la-carlota-poblacio-programada-cordova\/#primaryimage"},"thumbnailUrl":"https:\/\/www.elturistatranquil.com\/wp-content\/uploads\/F00-La-Carlota.-Cordoba.jpg","articleSection":["Arquitectura popular","Assentaments programats","Conjunts hist\u00f2rics","C\u00f2rdova","Cultura rural","Hist\u00f2ria","Museus","Patrimoni econ\u00f2mic\/productiu","Poble","Pobles i ciutats amb inter\u00e9s","Segle XVIII-XIX","Urbanisme"],"inLanguage":"ca","potentialAction":[{"@type":"CommentAction","name":"Comment","target":["https:\/\/www.elturistatranquil.com\/ca\/la-carlota-poblacio-programada-cordova\/#respond"]}]},{"@type":"WebPage","@id":"https:\/\/www.elturistatranquil.com\/ca\/la-carlota-poblacio-programada-cordova\/","url":"https:\/\/www.elturistatranquil.com\/ca\/la-carlota-poblacio-programada-cordova\/","name":"La Carlota, poblaci\u00f3 programada (C\u00f2rdova) - El turista tranquil","isPartOf":{"@id":"https:\/\/www.elturistatranquil.com\/ca\/#website"},"primaryImageOfPage":{"@id":"https:\/\/www.elturistatranquil.com\/ca\/la-carlota-poblacio-programada-cordova\/#primaryimage"},"image":{"@id":"https:\/\/www.elturistatranquil.com\/ca\/la-carlota-poblacio-programada-cordova\/#primaryimage"},"thumbnailUrl":"https:\/\/www.elturistatranquil.com\/wp-content\/uploads\/F00-La-Carlota.-Cordoba.jpg","datePublished":"2026-04-11T11:26:49+00:00","dateModified":"2026-05-03T11:37:46+00:00","author":{"@id":"https:\/\/www.elturistatranquil.com\/ca\/#\/schema\/person\/16f607c3079b96ed0c530a52e6b58bb5"},"description":"La Carlota (C\u00f2rdova) forma part d\u00b4un dels casos d\u00b4assentaments programades m\u00e9s interessants de la hist\u00f2ria d\u00b4Espanya, amb la implantaci\u00f3 de les Noves poblacions de Carlos III al segle XVIII.","breadcrumb":{"@id":"https:\/\/www.elturistatranquil.com\/ca\/la-carlota-poblacio-programada-cordova\/#breadcrumb"},"inLanguage":"ca","potentialAction":[{"@type":"ReadAction","target":["https:\/\/www.elturistatranquil.com\/ca\/la-carlota-poblacio-programada-cordova\/"]}]},{"@type":"ImageObject","inLanguage":"ca","@id":"https:\/\/www.elturistatranquil.com\/ca\/la-carlota-poblacio-programada-cordova\/#primaryimage","url":"https:\/\/www.elturistatranquil.com\/wp-content\/uploads\/F00-La-Carlota.-Cordoba.jpg","contentUrl":"https:\/\/www.elturistatranquil.com\/wp-content\/uploads\/F00-La-Carlota.-Cordoba.jpg","width":768,"height":512,"caption":"La Carlota. Cordoba"},{"@type":"BreadcrumbList","@id":"https:\/\/www.elturistatranquil.com\/ca\/la-carlota-poblacio-programada-cordova\/#breadcrumb","itemListElement":[{"@type":"ListItem","position":1,"name":"Portada","item":"https:\/\/www.elturistatranquil.com\/ca\/"},{"@type":"ListItem","position":2,"name":"La Carlota, poblaci\u00f3 programada (C\u00f2rdova)"}]},{"@type":"WebSite","@id":"https:\/\/www.elturistatranquil.com\/ca\/#website","url":"https:\/\/www.elturistatranquil.com\/ca\/","name":"El turista tranquil","description":"Blog de viatges","potentialAction":[{"@type":"SearchAction","target":{"@type":"EntryPoint","urlTemplate":"https:\/\/www.elturistatranquil.com\/ca\/?s={search_term_string}"},"query-input":{"@type":"PropertyValueSpecification","valueRequired":true,"valueName":"search_term_string"}}],"inLanguage":"ca"},{"@type":"Person","@id":"https:\/\/www.elturistatranquil.com\/ca\/#\/schema\/person\/16f607c3079b96ed0c530a52e6b58bb5","name":"admin","image":{"@type":"ImageObject","inLanguage":"ca","@id":"https:\/\/secure.gravatar.com\/avatar\/1fbaf22aee75fcbb29a2f97b107f95d25d3a19b7c3416105be10269872673e8d?s=96&d=mm&r=g","url":"https:\/\/secure.gravatar.com\/avatar\/1fbaf22aee75fcbb29a2f97b107f95d25d3a19b7c3416105be10269872673e8d?s=96&d=mm&r=g","contentUrl":"https:\/\/secure.gravatar.com\/avatar\/1fbaf22aee75fcbb29a2f97b107f95d25d3a19b7c3416105be10269872673e8d?s=96&d=mm&r=g","caption":"admin"}}]}},"_links":{"self":[{"href":"https:\/\/www.elturistatranquil.com\/ca\/wp-json\/wp\/v2\/posts\/65127","targetHints":{"allow":["GET"]}}],"collection":[{"href":"https:\/\/www.elturistatranquil.com\/ca\/wp-json\/wp\/v2\/posts"}],"about":[{"href":"https:\/\/www.elturistatranquil.com\/ca\/wp-json\/wp\/v2\/types\/post"}],"author":[{"embeddable":true,"href":"https:\/\/www.elturistatranquil.com\/ca\/wp-json\/wp\/v2\/users\/1"}],"replies":[{"embeddable":true,"href":"https:\/\/www.elturistatranquil.com\/ca\/wp-json\/wp\/v2\/comments?post=65127"}],"version-history":[{"count":10,"href":"https:\/\/www.elturistatranquil.com\/ca\/wp-json\/wp\/v2\/posts\/65127\/revisions"}],"predecessor-version":[{"id":65139,"href":"https:\/\/www.elturistatranquil.com\/ca\/wp-json\/wp\/v2\/posts\/65127\/revisions\/65139"}],"wp:featuredmedia":[{"embeddable":true,"href":"https:\/\/www.elturistatranquil.com\/ca\/wp-json\/wp\/v2\/media\/65113"}],"wp:attachment":[{"href":"https:\/\/www.elturistatranquil.com\/ca\/wp-json\/wp\/v2\/media?parent=65127"}],"wp:term":[{"taxonomy":"category","embeddable":true,"href":"https:\/\/www.elturistatranquil.com\/ca\/wp-json\/wp\/v2\/categories?post=65127"},{"taxonomy":"post_tag","embeddable":true,"href":"https:\/\/www.elturistatranquil.com\/ca\/wp-json\/wp\/v2\/tags?post=65127"}],"curies":[{"name":"wp","href":"https:\/\/api.w.org\/{rel}","templated":true}]}}