{"id":6603,"date":"2018-09-02T18:05:25","date_gmt":"2018-09-02T16:05:25","guid":{"rendered":"https:\/\/www.elturistatranquil.com\/?p=6603"},"modified":"2018-09-03T19:37:33","modified_gmt":"2018-09-03T17:37:33","slug":"museu-guggenheim-bilbao","status":"publish","type":"post","link":"https:\/\/www.elturistatranquil.com\/ca\/museu-guggenheim-bilbao\/","title":{"rendered":"Museu Guggenheim Bilbao"},"content":{"rendered":"\t\t<div data-elementor-type=\"wp-post\" data-elementor-id=\"6603\" class=\"elementor elementor-6603 elementor-6410 elementor-bc-flex-widget\" data-elementor-post-type=\"post\">\n\t\t\t\t\t\t<section class=\"elementor-section elementor-top-section elementor-element elementor-element-699b2745 elementor-section-boxed elementor-section-height-default elementor-section-height-default\" data-id=\"699b2745\" data-element_type=\"section\" data-e-type=\"section\">\n\t\t\t\t\t\t<div class=\"elementor-container elementor-column-gap-default\">\n\t\t\t\t\t<div class=\"elementor-column elementor-col-100 elementor-top-column elementor-element elementor-element-5ddc0854\" data-id=\"5ddc0854\" data-element_type=\"column\" data-e-type=\"column\">\n\t\t\t<div class=\"elementor-widget-wrap elementor-element-populated\">\n\t\t\t\t\t\t<section class=\"elementor-section elementor-inner-section elementor-element elementor-element-39633c39 elementor-section-content-middle elementor-section-boxed elementor-section-height-default elementor-section-height-default\" data-id=\"39633c39\" data-element_type=\"section\" data-e-type=\"section\">\n\t\t\t\t\t\t<div class=\"elementor-container elementor-column-gap-default\">\n\t\t\t\t\t<div class=\"elementor-column elementor-col-100 elementor-inner-column elementor-element elementor-element-fa41316\" data-id=\"fa41316\" data-element_type=\"column\" data-e-type=\"column\">\n\t\t\t<div class=\"elementor-widget-wrap elementor-element-populated\">\n\t\t\t\t\t\t<div class=\"elementor-element elementor-element-45507b84 elementor-widget elementor-widget-text-editor\" data-id=\"45507b84\" data-element_type=\"widget\" data-e-type=\"widget\" data-widget_type=\"text-editor.default\">\n\t\t\t\t<div class=\"elementor-widget-container\">\n\t\t\t\t\t\t\t\t\t<p>L\u2019edifici del <em>Museu Guggenheim de Bilbao<\/em> ha esdevingut una icona a nivell mundial, capa\u00e7 d\u2019arrossegar rere seu la dinamitzaci\u00f3 d\u2019una ciutat com Bilbao.<\/p>\t\t\t\t\t\t\t\t<\/div>\n\t\t\t\t<\/div>\n\t\t\t\t\t<\/div>\n\t\t<\/div>\n\t\t\t\t\t<\/div>\n\t\t<\/section>\n\t\t\t\t<div class=\"elementor-element elementor-element-33e455ae elementor-widget elementor-widget-heading\" data-id=\"33e455ae\" data-element_type=\"widget\" data-e-type=\"widget\" data-widget_type=\"heading.default\">\n\t\t\t\t<div class=\"elementor-widget-container\">\n\t\t\t\t\t<h1 class=\"elementor-heading-title elementor-size-default\">Museu Guggenheim Bilbao<\/h1>\t\t\t\t<\/div>\n\t\t\t\t<\/div>\n\t\t\t\t\t<\/div>\n\t\t<\/div>\n\t\t\t\t\t<\/div>\n\t\t<\/section>\n\t\t\t\t<section class=\"elementor-section elementor-top-section elementor-element elementor-element-2bfeffbd elementor-section-boxed elementor-section-height-default elementor-section-height-default\" data-id=\"2bfeffbd\" data-element_type=\"section\" data-e-type=\"section\">\n\t\t\t\t\t\t<div class=\"elementor-container elementor-column-gap-default\">\n\t\t\t\t\t<div class=\"elementor-column elementor-col-100 elementor-top-column elementor-element elementor-element-35feaba4\" data-id=\"35feaba4\" data-element_type=\"column\" data-e-type=\"column\">\n\t\t\t<div class=\"elementor-widget-wrap elementor-element-populated\">\n\t\t\t\t\t\t<div class=\"elementor-element elementor-element-4163cf90 elementor-widget elementor-widget-image\" data-id=\"4163cf90\" data-element_type=\"widget\" data-e-type=\"widget\" data-widget_type=\"image.default\">\n\t\t\t\t<div class=\"elementor-widget-container\">\n\t\t\t\t\t\t\t\t\t\t\t\t<figure class=\"wp-caption\">\n\t\t\t\t\t\t\t\t\t\t<img fetchpriority=\"high\" decoding=\"async\" width=\"800\" height=\"537\" src=\"https:\/\/www.elturistatranquil.com\/wp-content\/uploads\/F01-Museo-Guggenheim-Bilbao-Foto-P.B.-1.jpg\" class=\"attachment-large size-large wp-image-6605\" alt=\"\" srcset=\"https:\/\/www.elturistatranquil.com\/wp-content\/uploads\/F01-Museo-Guggenheim-Bilbao-Foto-P.B.-1.jpg 800w, https:\/\/www.elturistatranquil.com\/wp-content\/uploads\/F01-Museo-Guggenheim-Bilbao-Foto-P.B.-1-768x516.jpg 768w\" sizes=\"(max-width: 800px) 100vw, 800px\" \/>\t\t\t\t\t\t\t\t\t\t\t<figcaption class=\"widget-image-caption wp-caption-text\">Museu Guggenheim Bilbao (Foto P.B.)<\/figcaption>\n\t\t\t\t\t\t\t\t\t\t<\/figure>\n\t\t\t\t\t\t\t\t\t<\/div>\n\t\t\t\t<\/div>\n\t\t\t\t<div class=\"elementor-element elementor-element-39b64b28 elementor-widget elementor-widget-spacer\" data-id=\"39b64b28\" data-element_type=\"widget\" data-e-type=\"widget\" data-widget_type=\"spacer.default\">\n\t\t\t\t<div class=\"elementor-widget-container\">\n\t\t\t\t\t\t\t<div class=\"elementor-spacer\">\n\t\t\t<div class=\"elementor-spacer-inner\"><\/div>\n\t\t<\/div>\n\t\t\t\t\t\t<\/div>\n\t\t\t\t<\/div>\n\t\t\t\t<div class=\"elementor-element elementor-element-1b4c871d elementor-widget elementor-widget-heading\" data-id=\"1b4c871d\" data-element_type=\"widget\" data-e-type=\"widget\" data-widget_type=\"heading.default\">\n\t\t\t\t<div class=\"elementor-widget-container\">\n\t\t\t\t\t<h2 class=\"elementor-heading-title elementor-size-default\">Museo Guggenheim Bilbao<\/h2>\t\t\t\t<\/div>\n\t\t\t\t<\/div>\n\t\t\t\t<section class=\"elementor-section elementor-inner-section elementor-element elementor-element-75375b6b elementor-section-boxed elementor-section-height-default elementor-section-height-default\" data-id=\"75375b6b\" data-element_type=\"section\" data-e-type=\"section\" data-settings=\"{&quot;background_background&quot;:&quot;classic&quot;}\">\n\t\t\t\t\t\t<div class=\"elementor-container elementor-column-gap-default\">\n\t\t\t\t\t<div class=\"elementor-column elementor-col-100 elementor-inner-column elementor-element elementor-element-3848b4\" data-id=\"3848b4\" data-element_type=\"column\" data-e-type=\"column\" data-settings=\"{&quot;background_background&quot;:&quot;classic&quot;}\">\n\t\t\t<div class=\"elementor-widget-wrap elementor-element-populated\">\n\t\t\t\t\t\t<div class=\"elementor-element elementor-element-482d492e elementor-widget elementor-widget-text-editor\" data-id=\"482d492e\" data-element_type=\"widget\" data-e-type=\"widget\" data-widget_type=\"text-editor.default\">\n\t\t\t\t<div class=\"elementor-widget-container\">\n\t\t\t\t\t\t\t\t\t<p>Museu Guggenheim Bilbao, Avenida Abandoibarra, 2, 48001, Bilbao. Prov\u00edncia: Bizkaia. Com. Aut\u00f2noma: Comunitat Aut\u00f3noma Basca<\/p>\t\t\t\t\t\t\t\t<\/div>\n\t\t\t\t<\/div>\n\t\t\t\t<div class=\"elementor-element elementor-element-6af01317 elementor-widget elementor-widget-text-editor\" data-id=\"6af01317\" data-element_type=\"widget\" data-e-type=\"widget\" data-widget_type=\"text-editor.default\">\n\t\t\t\t<div class=\"elementor-widget-container\">\n\t\t\t\t\t\t\t\t\t<p>Web corporativa: <a href=\"http:\/\/www.guggenheim-bilbao-corp.eus\/\" target=\"_blank\" rel=\"noopener\">Guggenheim-Bilbao<\/a><\/p>\t\t\t\t\t\t\t\t<\/div>\n\t\t\t\t<\/div>\n\t\t\t\t<div class=\"elementor-element elementor-element-184d5ad0 elementor-widget elementor-widget-text-editor\" data-id=\"184d5ad0\" data-element_type=\"widget\" data-e-type=\"widget\" data-widget_type=\"text-editor.default\">\n\t\t\t\t<div class=\"elementor-widget-container\">\n\t\t\t\t\t\t\t\t\t<p>Visites: 2011 i 2017<\/p>\t\t\t\t\t\t\t\t<\/div>\n\t\t\t\t<\/div>\n\t\t\t\t<div class=\"elementor-element elementor-element-4b4fd20c elementor-widget elementor-widget-text-editor\" data-id=\"4b4fd20c\" data-element_type=\"widget\" data-e-type=\"widget\" data-widget_type=\"text-editor.default\">\n\t\t\t\t<div class=\"elementor-widget-container\">\n\t\t\t\t\t\t\t\t\t<p>La majoria de fotografies son de dos esperits fotogr\u00e0fics &#8211;<em>Laura L\u00f3pez<\/em> (<strong>L.L<\/strong>.) <a href=\"https:\/\/www.instagram.com\/lauraskindofphotos\/\" target=\"_blank\" rel=\"noopener\">@lauraskindofphotos<\/a> i <em>Pau Balcells (<\/em><strong>P.B<\/strong><em>.)<\/em>&#8211;\u00a0 que van vagar lliurement per l\u2019exterior i interior de l\u2019edifici, i anaven captant imatges segons la seva sensibilitat, sense cap pla preconcebut d\u2019exhaustivitat.\u00a0 Hi ha barrejades instant\u00e0nies de 2011 (les menys) i de 2017 (les m\u00e9s). Un dia amb sol i un dia plujos i vent\u00f3s.<\/p>\t\t\t\t\t\t\t\t<\/div>\n\t\t\t\t<\/div>\n\t\t\t\t\t<\/div>\n\t\t<\/div>\n\t\t\t\t\t<\/div>\n\t\t<\/section>\n\t\t\t\t<div class=\"elementor-element elementor-element-34d4dc56 elementor-widget elementor-widget-image\" data-id=\"34d4dc56\" data-element_type=\"widget\" data-e-type=\"widget\" data-widget_type=\"image.default\">\n\t\t\t\t<div class=\"elementor-widget-container\">\n\t\t\t\t\t\t\t\t\t\t\t\t<figure class=\"wp-caption\">\n\t\t\t\t\t\t\t\t\t\t<img decoding=\"async\" width=\"768\" height=\"512\" src=\"https:\/\/www.elturistatranquil.com\/wp-content\/uploads\/F02-Museo-Guggenheim-Bilbao-Google-earth-2018-08-29-1-768x512.jpg\" class=\"attachment-medium_large size-medium_large wp-image-6607\" alt=\"\" srcset=\"https:\/\/www.elturistatranquil.com\/wp-content\/uploads\/F02-Museo-Guggenheim-Bilbao-Google-earth-2018-08-29-1-768x512.jpg 768w, https:\/\/www.elturistatranquil.com\/wp-content\/uploads\/F02-Museo-Guggenheim-Bilbao-Google-earth-2018-08-29-1.jpg 800w\" sizes=\"(max-width: 768px) 100vw, 768px\" \/>\t\t\t\t\t\t\t\t\t\t\t<figcaption class=\"widget-image-caption wp-caption-text\">Mapa de situaci\u00f3 del Museu Guggenheim a Bilbao  (Google earth 2018-08-29)<\/figcaption>\n\t\t\t\t\t\t\t\t\t\t<\/figure>\n\t\t\t\t\t\t\t\t\t<\/div>\n\t\t\t\t<\/div>\n\t\t\t\t<div class=\"elementor-element elementor-element-2523b385 elementor-widget elementor-widget-menu-anchor\" data-id=\"2523b385\" data-element_type=\"widget\" data-e-type=\"widget\" data-widget_type=\"menu-anchor.default\">\n\t\t\t\t<div class=\"elementor-widget-container\">\n\t\t\t\t\t\t\t<div class=\"elementor-menu-anchor\" id=\"b1801\"><\/div>\n\t\t\t\t\t\t<\/div>\n\t\t\t\t<\/div>\n\t\t\t\t<section class=\"elementor-section elementor-inner-section elementor-element elementor-element-6640c15e elementor-section-boxed elementor-section-height-default elementor-section-height-default\" data-id=\"6640c15e\" data-element_type=\"section\" data-e-type=\"section\" data-settings=\"{&quot;background_background&quot;:&quot;classic&quot;}\">\n\t\t\t\t\t\t<div class=\"elementor-container elementor-column-gap-default\">\n\t\t\t\t\t<div class=\"elementor-column elementor-col-100 elementor-inner-column elementor-element elementor-element-419eea2b\" data-id=\"419eea2b\" data-element_type=\"column\" data-e-type=\"column\">\n\t\t\t<div class=\"elementor-widget-wrap elementor-element-populated\">\n\t\t\t\t\t\t<div class=\"elementor-element elementor-element-1d745246 elementor-widget elementor-widget-text-editor\" data-id=\"1d745246\" data-element_type=\"widget\" data-e-type=\"widget\" data-widget_type=\"text-editor.default\">\n\t\t\t\t<div class=\"elementor-widget-container\">\n\t\t\t\t\t\t\t\t\t<h6>\u00cdndex<\/h6>\t\t\t\t\t\t\t\t<\/div>\n\t\t\t\t<\/div>\n\t\t\t\t<div class=\"elementor-element elementor-element-2779334a elementor-widget elementor-widget-text-editor\" data-id=\"2779334a\" data-element_type=\"widget\" data-e-type=\"widget\" data-widget_type=\"text-editor.default\">\n\t\t\t\t<div class=\"elementor-widget-container\">\n\t\t\t\t\t\t\t\t\t<p><a href=\"https:\/\/www.elturistatranquil.com\/ca\/museu-guggenheim-bilbao\/#b1801\">Museu Guggenheim Bilbao<\/a><\/p>\t\t\t\t\t\t\t\t<\/div>\n\t\t\t\t<\/div>\n\t\t\t\t<div class=\"elementor-element elementor-element-2cfe4085 elementor-widget elementor-widget-text-editor\" data-id=\"2cfe4085\" data-element_type=\"widget\" data-e-type=\"widget\" data-widget_type=\"text-editor.default\">\n\t\t\t\t<div class=\"elementor-widget-container\">\n\t\t\t\t\t\t\t\t\t<p><a href=\"https:\/\/www.elturistatranquil.com\/ca\/museu-guggenheim-bilbao\/#b1802\">Antecedents del projecte<\/a><\/p>\t\t\t\t\t\t\t\t<\/div>\n\t\t\t\t<\/div>\n\t\t\t\t<div class=\"elementor-element elementor-element-26913e60 elementor-widget elementor-widget-text-editor\" data-id=\"26913e60\" data-element_type=\"widget\" data-e-type=\"widget\" data-widget_type=\"text-editor.default\">\n\t\t\t\t<div class=\"elementor-widget-container\">\n\t\t\t\t\t\t\t\t\t<p><a href=\"https:\/\/www.elturistatranquil.com\/ca\/museu-guggenheim-bilbao\/#b1803\">El projecte de Museu\u00a0Guggenheim Bilbao<\/a><\/p>\t\t\t\t\t\t\t\t<\/div>\n\t\t\t\t<\/div>\n\t\t\t\t<div class=\"elementor-element elementor-element-23a2ae23 elementor-widget elementor-widget-text-editor\" data-id=\"23a2ae23\" data-element_type=\"widget\" data-e-type=\"widget\" data-widget_type=\"text-editor.default\">\n\t\t\t\t<div class=\"elementor-widget-container\">\n\t\t\t\t\t\t\t\t\t<p><a href=\"https:\/\/www.elturistatranquil.com\/ca\/museu-guggenheim-bilbao\/#b1804\">L\u2019arquitecte: Frank O. Gehry<\/a><\/p>\t\t\t\t\t\t\t\t<\/div>\n\t\t\t\t<\/div>\n\t\t\t\t<div class=\"elementor-element elementor-element-3c9a56a elementor-widget elementor-widget-text-editor\" data-id=\"3c9a56a\" data-element_type=\"widget\" data-e-type=\"widget\" data-widget_type=\"text-editor.default\">\n\t\t\t\t<div class=\"elementor-widget-container\">\n\t\t\t\t\t\t\t\t\t<p><a href=\"https:\/\/www.elturistatranquil.com\/ca\/museu-guggenheim-bilbao\/#b1805\">El projecte arquitect\u00f2nic<\/a><\/p>\t\t\t\t\t\t\t\t<\/div>\n\t\t\t\t<\/div>\n\t\t\t\t<div class=\"elementor-element elementor-element-5a80ecbf elementor-widget elementor-widget-text-editor\" data-id=\"5a80ecbf\" data-element_type=\"widget\" data-e-type=\"widget\" data-widget_type=\"text-editor.default\">\n\t\t\t\t<div class=\"elementor-widget-container\">\n\t\t\t\t\t\t\t\t\t<p><a href=\"https:\/\/www.elturistatranquil.com\/ca\/museu-guggenheim-bilbao\/#b1806\">Problemes t\u00e8cnics a v\u00e8ncer<\/a><\/p>\t\t\t\t\t\t\t\t<\/div>\n\t\t\t\t<\/div>\n\t\t\t\t<div class=\"elementor-element elementor-element-771a2431 elementor-widget elementor-widget-text-editor\" data-id=\"771a2431\" data-element_type=\"widget\" data-e-type=\"widget\" data-widget_type=\"text-editor.default\">\n\t\t\t\t<div class=\"elementor-widget-container\">\n\t\t\t\t\t\t\t\t\t<p><a href=\"https:\/\/www.elturistatranquil.com\/ca\/museu-guggenheim-bilbao\/#b1807\">La visi\u00f3 exterior de l\u2019edifici<\/a><\/p>\t\t\t\t\t\t\t\t<\/div>\n\t\t\t\t<\/div>\n\t\t\t\t<div class=\"elementor-element elementor-element-2157324a elementor-widget elementor-widget-text-editor\" data-id=\"2157324a\" data-element_type=\"widget\" data-e-type=\"widget\" data-widget_type=\"text-editor.default\">\n\t\t\t\t<div class=\"elementor-widget-container\">\n\t\t\t\t\t\t\t\t\t<p><a href=\"https:\/\/www.elturistatranquil.com\/ca\/museu-guggenheim-bilbao\/#b1808\">L\u2019interior de l\u2019edifici<\/a><\/p>\t\t\t\t\t\t\t\t<\/div>\n\t\t\t\t<\/div>\n\t\t\t\t<div class=\"elementor-element elementor-element-2eb77cac elementor-widget elementor-widget-text-editor\" data-id=\"2eb77cac\" data-element_type=\"widget\" data-e-type=\"widget\" data-widget_type=\"text-editor.default\">\n\t\t\t\t<div class=\"elementor-widget-container\">\n\t\t\t\t\t\t\t\t\t<p><a href=\"https:\/\/www.elturistatranquil.com\/ca\/museu-guggenheim-bilbao\/#b1809\">L\u2019espai Richard Serra<\/a><\/p>\t\t\t\t\t\t\t\t<\/div>\n\t\t\t\t<\/div>\n\t\t\t\t<div class=\"elementor-element elementor-element-ef72956 elementor-widget elementor-widget-text-editor\" data-id=\"ef72956\" data-element_type=\"widget\" data-e-type=\"widget\" data-widget_type=\"text-editor.default\">\n\t\t\t\t<div class=\"elementor-widget-container\">\n\t\t\t\t\t\t\t\t\t<p><a href=\"https:\/\/www.elturistatranquil.com\/ca\/museu-guggenheim-bilbao\/#b1810\">Obertura vers l&#8217;exterior<\/a><\/p>\t\t\t\t\t\t\t\t<\/div>\n\t\t\t\t<\/div>\n\t\t\t\t<div class=\"elementor-element elementor-element-7f9115fb elementor-widget elementor-widget-text-editor\" data-id=\"7f9115fb\" data-element_type=\"widget\" data-e-type=\"widget\" data-widget_type=\"text-editor.default\">\n\t\t\t\t<div class=\"elementor-widget-container\">\n\t\t\t\t\t\t\t\t\t<p><a href=\"https:\/\/www.elturistatranquil.com\/ca\/museu-guggenheim-bilbao\/#b1811\">En resum<\/a><\/p>\t\t\t\t\t\t\t\t<\/div>\n\t\t\t\t<\/div>\n\t\t\t\t<div class=\"elementor-element elementor-element-5f4d9492 elementor-widget elementor-widget-text-editor\" data-id=\"5f4d9492\" data-element_type=\"widget\" data-e-type=\"widget\" data-widget_type=\"text-editor.default\">\n\t\t\t\t<div class=\"elementor-widget-container\">\n\t\t\t\t\t\t\t\t\t<p><a href=\"https:\/\/www.elturistatranquil.com\/ca\/museu-guggenheim-bilbao\/#b1812\">Bases d\u2019informaci\u00f3<\/a><\/p>\t\t\t\t\t\t\t\t<\/div>\n\t\t\t\t<\/div>\n\t\t\t\t\t<\/div>\n\t\t<\/div>\n\t\t\t\t\t<\/div>\n\t\t<\/section>\n\t\t\t\t<div class=\"elementor-element elementor-element-18d060a9 elementor-widget elementor-widget-spacer\" data-id=\"18d060a9\" data-element_type=\"widget\" data-e-type=\"widget\" data-widget_type=\"spacer.default\">\n\t\t\t\t<div class=\"elementor-widget-container\">\n\t\t\t\t\t\t\t<div class=\"elementor-spacer\">\n\t\t\t<div class=\"elementor-spacer-inner\"><\/div>\n\t\t<\/div>\n\t\t\t\t\t\t<\/div>\n\t\t\t\t<\/div>\n\t\t\t\t<div class=\"elementor-element elementor-element-283d64e5 elementor-widget elementor-widget-menu-anchor\" data-id=\"283d64e5\" data-element_type=\"widget\" data-e-type=\"widget\" data-widget_type=\"menu-anchor.default\">\n\t\t\t\t<div class=\"elementor-widget-container\">\n\t\t\t\t\t\t\t<div class=\"elementor-menu-anchor\" id=\"b1802\"><\/div>\n\t\t\t\t\t\t<\/div>\n\t\t\t\t<\/div>\n\t\t\t\t<div class=\"elementor-element elementor-element-3855ade8 elementor-widget elementor-widget-heading\" data-id=\"3855ade8\" data-element_type=\"widget\" data-e-type=\"widget\" data-widget_type=\"heading.default\">\n\t\t\t\t<div class=\"elementor-widget-container\">\n\t\t\t\t\t<h2 class=\"elementor-heading-title elementor-size-default\">Museu Guggenheim Bilbao <\/h2>\t\t\t\t<\/div>\n\t\t\t\t<\/div>\n\t\t\t\t<div class=\"elementor-element elementor-element-1577db46 elementor-widget elementor-widget-text-editor\" data-id=\"1577db46\" data-element_type=\"widget\" data-e-type=\"widget\" data-widget_type=\"text-editor.default\">\n\t\t\t\t<div class=\"elementor-widget-container\">\n\t\t\t\t\t\t\t\t\t<p>Franqu\u00edcia de la <em>Fundaci\u00f3 Solomon R. Guggenheim<\/em> de Nova York (EUA) inaugurat el 18 d\u2019octubre de 1997.<\/p>\t\t\t\t\t\t\t\t<\/div>\n\t\t\t\t<\/div>\n\t\t\t\t<div class=\"elementor-element elementor-element-41847330 elementor-widget elementor-widget-heading\" data-id=\"41847330\" data-element_type=\"widget\" data-e-type=\"widget\" data-widget_type=\"heading.default\">\n\t\t\t\t<div class=\"elementor-widget-container\">\n\t\t\t\t\t<h2 class=\"elementor-heading-title elementor-size-default\">Antecedents del projecte<\/h2>\t\t\t\t<\/div>\n\t\t\t\t<\/div>\n\t\t\t\t<div class=\"elementor-element elementor-element-2009ac7c elementor-widget elementor-widget-text-editor\" data-id=\"2009ac7c\" data-element_type=\"widget\" data-e-type=\"widget\" data-widget_type=\"text-editor.default\">\n\t\t\t\t<div class=\"elementor-widget-container\">\n\t\t\t\t\t\t\t\t\t<p>Es diu que al final el que acaba sent important no \u00e9s la realitat sin\u00f3 el relat, all\u00f2 que socialment s&#8217;assenta com a creen\u00e7a col\u00b7lectiva. En el cas del <strong>Museu Guggenheim de Bilbao<\/strong> aix\u00f2 \u00e9s especialment interessant.<\/p><p>En el cas que ens ocupa, Bilbao, la ciutat ha sortit del marasme de la crisi industrial de la segona meitat del segle XX gr\u00e0cies a l&#8217;aposta per la construcci\u00f3 de l&#8217;edifici de l&#8217;arquitecte <strong>Frank Gehry<\/strong>. \u00c9s a dir, l&#8217;encert va ser l&#8217;aposta per un edifici com el proposat per l&#8217;arquitecte.<\/p><p>Aquest relat lliga amb les motivacions que en l&#8217;actualitat ens mouen als turistes per anar a veure el Guggenheim a Bilbao. Per aquest ordre de prioritats. Despr\u00e9s, un cop all\u00e0, aprofitarem per preguntar-nos qu\u00e8 altres coses podem fer a la ciutat. Per aix\u00f2, el relat casa amb les nostres motivacions i les refor\u00e7a. Es pot pensar que, dif\u00edcilment, quan an\u00e9ssim a Bilbao ho far\u00edem per aquest ordre de prefer\u00e8ncia si l&#8217;edifici escollit per al Museu fos una obra amb menys personalitat que la de Gehry.<\/p><p>El relat el &#8220;<em>Museu Guggenheim ha dinamitzat Bilbao<\/em>&#8221; quadra amb el nostre ordre de motivaci\u00f3, &#8220;anem a veure el (edifici) Guggenheim a Bilbao&#8221;. Per al visitant, l&#8217;important \u00e9s el contenidor (l&#8217;edifici) m\u00e9s que el contingut (les obres del Museu). Pregunto: Qui va a veure el Museu i, de passada, admira l&#8217;edifici? Quines obres d&#8217;art t\u00e9 aquest Museu que motivin un despla\u00e7ament a la ciutat?<\/p>\t\t\t\t\t\t\t\t<\/div>\n\t\t\t\t<\/div>\n\t\t\t\t<div class=\"elementor-element elementor-element-78ba1362 elementor-widget elementor-widget-menu-anchor\" data-id=\"78ba1362\" data-element_type=\"widget\" data-e-type=\"widget\" data-widget_type=\"menu-anchor.default\">\n\t\t\t\t<div class=\"elementor-widget-container\">\n\t\t\t\t\t\t\t<div class=\"elementor-menu-anchor\" id=\"b1803\"><\/div>\n\t\t\t\t\t\t<\/div>\n\t\t\t\t<\/div>\n\t\t\t\t<div class=\"elementor-element elementor-element-1ae99a95 elementor-widget elementor-widget-text-editor\" data-id=\"1ae99a95\" data-element_type=\"widget\" data-e-type=\"widget\" data-widget_type=\"text-editor.default\">\n\t\t\t\t<div class=\"elementor-widget-container\">\n\t\t\t\t\t\t\t\t\t<p>Estic conven\u00e7ut que la immensa majoria dels visitants hi anem per veure l&#8217;edifici (jo he anat dues vegades) i, de passada, vam aprofitar per veure uns quants quadres i escultures contempor\u00e0nies i, amb m\u00e9s o menys inter\u00e8s, les exposicions d&#8217;aquell moment. Sempre hi haur\u00e0 qui es desplaci per veure alguna de les interessants exposicions que s&#8217;han presentat durant aquests anys, no ho dubto, per\u00f2 crec que han de ser la minoria.<\/p>\t\t\t\t\t\t\t\t<\/div>\n\t\t\t\t<\/div>\n\t\t\t\t<div class=\"elementor-element elementor-element-5226be9 elementor-widget elementor-widget-heading\" data-id=\"5226be9\" data-element_type=\"widget\" data-e-type=\"widget\" data-widget_type=\"heading.default\">\n\t\t\t\t<div class=\"elementor-widget-container\">\n\t\t\t\t\t<h2 class=\"elementor-heading-title elementor-size-default\">El projecte de Museu Guggenheim Bilbao<\/h2>\t\t\t\t<\/div>\n\t\t\t\t<\/div>\n\t\t\t\t<div class=\"elementor-element elementor-element-8c6abeb elementor-widget elementor-widget-text-editor\" data-id=\"8c6abeb\" data-element_type=\"widget\" data-e-type=\"widget\" data-widget_type=\"text-editor.default\">\n\t\t\t\t<div class=\"elementor-widget-container\">\n\t\t\t\t\t\t\t\t\t<p>Segons es despr\u00e8n de l&#8217;exposici\u00f3 dels fets com els presenta\u00a0<a href=\"https:\/\/idus.us.es\/xmlui\/bitstream\/handle\/11441\/27447\/file_1.pdf?sequence=1\" target=\"_blank\" rel=\"noopener\"><em>Jos\u00e9 \u00c1ngel Romo Guijarro<\/em><\/a>, la sensaci\u00f3 que obtinc \u00e9s que el resultat reeixit d&#8217;aquesta actuaci\u00f3 \u00e9s m\u00e9s el resultat de confluir &#8220;en el lloc i el moment oport\u00fa&#8221; diversos factors, m\u00e9s que el resultat d&#8217;una planificaci\u00f3 en sentit estricte.<\/p><p>Dos actors arriben a un acord. D&#8217;una banda, la Fundaci\u00f3 Solomon R. Guggenheim estava buscant per Europa una ciutat on estiguessin interessats en acollir i finan\u00e7ar la seu d&#8217;una franqu\u00edcia del seu Museu de Nova York, i no acabaven de trobar-la. I d&#8217;una altra, el Govern del Pa\u00eds Basc que buscava projectes per dinamitzar la decad\u00e8ncia industrial, amb la seva important repercussi\u00f3 degradadora urbana, de Bilbao.<\/p><p>Posades d&#8217;acord ambdues institucions en tirar endavant el projecte es convoca un\u00a0 <a href=\"http:\/\/oa.upm.es\/20569\/1\/INVE_MEM_2012_136927.pdf\" target=\"_blank\" rel=\"noopener\">concurso restringido de arquitectura\u00a0<\/a>per a la construcci\u00f3 de l&#8217;edifici, al qual es decideix convidar a concursar a l&#8217;arquitecte americ\u00e0 F. O. Gehry, a la firma d&#8217;arquitectes europeus Coop. Himmelblau, i a l&#8217;arquitecte asi\u00e0tic Arata Isozaki, del qual surt vencedora la proposta de l&#8217;arquitecte canadenc-nord-americ\u00e0 Frank O. Gehry. El disseny de l&#8217;edifici es desenvolupa a partir de 1991, les obres comencen el 1994, i el 19 d&#8217;octubre de 1997 el Museu obre les seves portes al p\u00fablic.<\/p><p>En resum, el tercer element que va apar\u00e8ixer en el proc\u00e9s es va convertir en el primer i principal en els efectes del resultat final. L&#8217;elecci\u00f3 del projecte de Gehry va invertir els valors de la intervenci\u00f3: Un edifici ser\u00e0 capa\u00e7 d&#8217;arrossegar rere seu, amb la pot\u00e8ncia de la seva pres\u00e8ncia i forma f\u00edsica, a una ciutat de 350.000 habitants i de les m\u00e9s importants d&#8217;Espanya, de la decad\u00e8ncia industrial a pol cultural a nivell mundial. Amb una paradoxa: al final de qu\u00e8 es tracta, <strong>d&#8217;un museu <\/strong>dins d&#8217;un edifici?<strong> o d&#8217;un edifici <\/strong>que allotja un museu?.<\/p>\t\t\t\t\t\t\t\t<\/div>\n\t\t\t\t<\/div>\n\t\t\t\t<div class=\"elementor-element elementor-element-a189e23 elementor-widget elementor-widget-menu-anchor\" data-id=\"a189e23\" data-element_type=\"widget\" data-e-type=\"widget\" data-widget_type=\"menu-anchor.default\">\n\t\t\t\t<div class=\"elementor-widget-container\">\n\t\t\t\t\t\t\t<div class=\"elementor-menu-anchor\" id=\"b1804\"><\/div>\n\t\t\t\t\t\t<\/div>\n\t\t\t\t<\/div>\n\t\t\t\t<div class=\"elementor-element elementor-element-6894fa1e elementor-widget elementor-widget-text-editor\" data-id=\"6894fa1e\" data-element_type=\"widget\" data-e-type=\"widget\" data-widget_type=\"text-editor.default\">\n\t\t\t\t<div class=\"elementor-widget-container\">\n\t\t\t\t\t\t\t\t\t<p>En diuen Museu, per\u00f2 en realitat es una gran complex d\u2019exposicions. Tret de l\u2019espai d\u2019escultures de <em>Richard Serra<\/em>, els fons pict\u00f2rics del museu no s\u00f3n atractius per si mateixos com per arrossegar a la visita multitudin\u00e0ria.<\/p><p>El resultat \u00e9s que anem a Bilbao a veure el \u201cGuggenheim\u201d, l\u2019edifici, i, de passada, mirem, amb m\u00e9s o menys inter\u00e8s, el contingut del moment. O aix\u00ed m&#8217;ho sembla.<\/p>\t\t\t\t\t\t\t\t<\/div>\n\t\t\t\t<\/div>\n\t\t\t\t<div class=\"elementor-element elementor-element-20d2dae4 elementor-widget elementor-widget-heading\" data-id=\"20d2dae4\" data-element_type=\"widget\" data-e-type=\"widget\" data-widget_type=\"heading.default\">\n\t\t\t\t<div class=\"elementor-widget-container\">\n\t\t\t\t\t<h2 class=\"elementor-heading-title elementor-size-default\">L\u2019arquitecte: Frank O. Gehry<\/h2>\t\t\t\t<\/div>\n\t\t\t\t<\/div>\n\t\t\t\t<div class=\"elementor-element elementor-element-2614db2b elementor-widget elementor-widget-text-editor\" data-id=\"2614db2b\" data-element_type=\"widget\" data-e-type=\"widget\" data-widget_type=\"text-editor.default\">\n\t\t\t\t<div class=\"elementor-widget-container\">\n\t\t\t\t\t\t\t\t\t<p><strong>Frank Owen Gehry<\/strong>, arquitecte canadenc (Toronto, 1929), establert i nacionalitzat als Estat Units ( d\u2019aqu\u00ed que es digui comunament que \u00e9s nord-americ\u00e0), va ser el guanyador del concurs restringit per constru\u00efr l\u2019edifici del Museu Guggenheim de Bilbao.<\/p><p>Reconegut arquitecte, havia guanyat ja amb anterioritat el <em>Premi Pritzker<\/em> (considerat el Nobel d\u2019Arquitectura).<\/p><p>Autor d&#8217;edificis d&#8217;estructura no convencional, considera que l&#8217;arquitectura \u00e9s un art, en el sentit que, un cop acabat un edifici, aquest ha de ser una obra d&#8217;art, com si fos una escultura.<\/p><p>Per a mi ha estat molt interessant, hi ho recomano, mirar el documental &#8220;<a href=\"https:\/\/www.youtube.com\/watch?v=937Uw4Gwa9I\" target=\"_blank\" rel=\"noopener\"><em>Apuntes de Frank Gehry<\/em><\/a>&#8221;\u00a0de <em>Sydney Pollack<\/em>, de l\u2019any 2005. Extret d\u2019aquest documental es el fotograma que segueix. \u00c9s meravell\u00f3s veure la coincid\u00e8ncia conceptual entre els gargots del disseny i el resultat final de l\u2019edifici.<\/p>\t\t\t\t\t\t\t\t<\/div>\n\t\t\t\t<\/div>\n\t\t\t\t<div class=\"elementor-element elementor-element-6352ef5d elementor-widget elementor-widget-menu-anchor\" data-id=\"6352ef5d\" data-element_type=\"widget\" data-e-type=\"widget\" data-widget_type=\"menu-anchor.default\">\n\t\t\t\t<div class=\"elementor-widget-container\">\n\t\t\t\t\t\t\t<div class=\"elementor-menu-anchor\" id=\"b1805\"><\/div>\n\t\t\t\t\t\t<\/div>\n\t\t\t\t<\/div>\n\t\t\t\t<div class=\"elementor-element elementor-element-5ec89a3f elementor-widget elementor-widget-image\" data-id=\"5ec89a3f\" data-element_type=\"widget\" data-e-type=\"widget\" data-widget_type=\"image.default\">\n\t\t\t\t<div class=\"elementor-widget-container\">\n\t\t\t\t\t\t\t\t\t\t\t\t<figure class=\"wp-caption\">\n\t\t\t\t\t\t\t\t\t\t<img decoding=\"async\" width=\"800\" height=\"450\" src=\"https:\/\/www.elturistatranquil.com\/wp-content\/uploads\/F03-Fotograma-Guggenheim-Bilbao-1.jpg\" class=\"attachment-large size-large wp-image-6609\" alt=\"\" srcset=\"https:\/\/www.elturistatranquil.com\/wp-content\/uploads\/F03-Fotograma-Guggenheim-Bilbao-1.jpg 800w, https:\/\/www.elturistatranquil.com\/wp-content\/uploads\/F03-Fotograma-Guggenheim-Bilbao-1-768x432.jpg 768w\" sizes=\"(max-width: 800px) 100vw, 800px\" \/>\t\t\t\t\t\t\t\t\t\t\t<figcaption class=\"widget-image-caption wp-caption-text\">Fotograma del documental \u201cApuntes de Frank Gehry\u201d de Sydney Pollack<\/figcaption>\n\t\t\t\t\t\t\t\t\t\t<\/figure>\n\t\t\t\t\t\t\t\t\t<\/div>\n\t\t\t\t<\/div>\n\t\t\t\t<div class=\"elementor-element elementor-element-5b86f612 elementor-widget elementor-widget-heading\" data-id=\"5b86f612\" data-element_type=\"widget\" data-e-type=\"widget\" data-widget_type=\"heading.default\">\n\t\t\t\t<div class=\"elementor-widget-container\">\n\t\t\t\t\t<h2 class=\"elementor-heading-title elementor-size-default\">El projecte arquitect\u00f2nic<\/h2>\t\t\t\t<\/div>\n\t\t\t\t<\/div>\n\t\t\t\t<div class=\"elementor-element elementor-element-68826701 elementor-widget elementor-widget-text-editor\" data-id=\"68826701\" data-element_type=\"widget\" data-e-type=\"widget\" data-widget_type=\"text-editor.default\">\n\t\t\t\t<div class=\"elementor-widget-container\">\n\t\t\t\t\t\t\t\t\t<p>El terreny sobre el qual es va decidir construir el Museu, zona denominada <em>Abandoibarra<\/em>, est\u00e0 travessat, en la seva zona est, per un pont penjat, el <em>Pont de La Salve<\/em>, el qual s\u2019havia d\u2019integrar en el projecte.<\/p><p>Disposar d&#8217;una visi\u00f3 de l&#8217;edifici complet no \u00e9s gens usual, ja que el que s&#8217;ha fet mundialment fam\u00f3s \u00e9s el cos principal, no l&#8217;edifici complet. En la seva totalitat, el Museu avan\u00e7a des de l&#8217;oest, per sota del pont fins a la <em>torre<\/em>, que apareix a la fotografia a l&#8217;esquerra, al costat est. Torre que no t\u00e9 cap \u00fas espec\u00edfic, per\u00f2 que dona la impressi\u00f3 de ser la popa d&#8217;un gran vaixell, que l&#8217;edifici muse\u00edstic sembla representar.<\/p>\t\t\t\t\t\t\t\t<\/div>\n\t\t\t\t<\/div>\n\t\t\t\t<div class=\"elementor-element elementor-element-28115596 elementor-widget elementor-widget-image\" data-id=\"28115596\" data-element_type=\"widget\" data-e-type=\"widget\" data-widget_type=\"image.default\">\n\t\t\t\t<div class=\"elementor-widget-container\">\n\t\t\t\t\t\t\t\t\t\t\t\t<figure class=\"wp-caption\">\n\t\t\t\t\t\t\t\t\t\t<img loading=\"lazy\" decoding=\"async\" width=\"800\" height=\"453\" src=\"https:\/\/www.elturistatranquil.com\/wp-content\/uploads\/F04-Museo-Guggenheim-Bilbao-1.jpg\" class=\"attachment-large size-large wp-image-6611\" alt=\"\" srcset=\"https:\/\/www.elturistatranquil.com\/wp-content\/uploads\/F04-Museo-Guggenheim-Bilbao-1.jpg 800w, https:\/\/www.elturistatranquil.com\/wp-content\/uploads\/F04-Museo-Guggenheim-Bilbao-1-768x435.jpg 768w\" sizes=\"(max-width: 800px) 100vw, 800px\" \/>\t\t\t\t\t\t\t\t\t\t\t<figcaption class=\"widget-image-caption wp-caption-text\"><em>Visi\u00f3 no gaire usual del Museu Guggenheim complet, vista des del nord-este. La torre s'orienta a l'est i el cos de l'edifici \u00e9s la cara nord. El pont elevat de La Salve travessa l'edifici (Foto de <a href=\"https:\/\/www.google.com\/url?sa=i&amp;rct=j&amp;q=&amp;esrc=s&amp;source=images&amp;cd=&amp;cad=rja&amp;uact=8&amp;ved=2ahUKEwjpytXYg5LdAhUC-YUKHf2eBe8QjRx6BAgBEAU&amp;url=https%3A%2F%2Fcommons.wikimedia.org%2Fwiki%2FFile%3AMuseo_Guggenheim_Bilbao-distant_view.jpg&amp;psig=AOvVaw19EZenKXuQn8dRDIZlfX9p&amp;ust=1535624093502778\" target=\"_blank\" rel=\"noopener\">Xauxa (H\u00e5kan Svensson<\/a>))<\/em><\/figcaption>\n\t\t\t\t\t\t\t\t\t\t<\/figure>\n\t\t\t\t\t\t\t\t\t<\/div>\n\t\t\t\t<\/div>\n\t\t\t\t<div class=\"elementor-element elementor-element-5d99944e elementor-widget elementor-widget-text-editor\" data-id=\"5d99944e\" data-element_type=\"widget\" data-e-type=\"widget\" data-widget_type=\"text-editor.default\">\n\t\t\t\t<div class=\"elementor-widget-container\">\n\t\t\t\t\t\t\t\t\t<p>La imatge zenital seg\u00fcent ens permet apreciar el conjunt de l&#8217;edifici i la seva relaci\u00f3 amb el Pont de <em>la Salve<\/em>.<\/p><p>L&#8217;exist\u00e8ncia del Pont travessant sobre l&#8217;edifici dificulta tenir una percepci\u00f3 del conjunt complet, com una unitat, si ho observem des de l&#8217;entorn, com \u00e9s l&#8217;habitual en una visita tur\u00edstica. Nom\u00e9s ho aconseguirem amb una observaci\u00f3 allunyada, com l&#8217;anterior, que es va prendre des de el <em>Monte Artxanda<\/em>.<\/p>\t\t\t\t\t\t\t\t<\/div>\n\t\t\t\t<\/div>\n\t\t\t\t<div class=\"elementor-element elementor-element-36fcf1c8 elementor-widget elementor-widget-image\" data-id=\"36fcf1c8\" data-element_type=\"widget\" data-e-type=\"widget\" data-widget_type=\"image.default\">\n\t\t\t\t<div class=\"elementor-widget-container\">\n\t\t\t\t\t\t\t\t\t\t\t\t<figure class=\"wp-caption\">\n\t\t\t\t\t\t\t\t\t\t<img loading=\"lazy\" decoding=\"async\" width=\"800\" height=\"533\" src=\"https:\/\/www.elturistatranquil.com\/wp-content\/uploads\/F05-Museo-Guggenheim-Google-maps-2018-08-29-D-1.jpg\" class=\"attachment-large size-large wp-image-6613\" alt=\"\" srcset=\"https:\/\/www.elturistatranquil.com\/wp-content\/uploads\/F05-Museo-Guggenheim-Google-maps-2018-08-29-D-1.jpg 800w, https:\/\/www.elturistatranquil.com\/wp-content\/uploads\/F05-Museo-Guggenheim-Google-maps-2018-08-29-D-1-768x512.jpg 768w\" sizes=\"(max-width: 800px) 100vw, 800px\" \/>\t\t\t\t\t\t\t\t\t\t\t<figcaption class=\"widget-image-caption wp-caption-text\">A: entrada principal; E: costat est; N: costat nord; NE: visi\u00f3 externa des de l'angle nord-est; O: costat oest; S: costat sud del bra\u00e7 de l'edifici que passa per sota del pont de La Salve; T: torre de l'extrem est (a la imatge s'aprecia l'estructura); 1: escultura \"Mam\u00e1\"; 2: escultura \"El gran arbre i l'ull\"; 3: escultura \"Tulipes\", 4: \"Puppy\" i 5: escultura \u201cArcos rojos\u201d sobre el pont<\/figcaption>\n\t\t\t\t\t\t\t\t\t\t<\/figure>\n\t\t\t\t\t\t\t\t\t<\/div>\n\t\t\t\t<\/div>\n\t\t\t\t<div class=\"elementor-element elementor-element-7b8e17fa elementor-widget elementor-widget-menu-anchor\" data-id=\"7b8e17fa\" data-element_type=\"widget\" data-e-type=\"widget\" data-widget_type=\"menu-anchor.default\">\n\t\t\t\t<div class=\"elementor-widget-container\">\n\t\t\t\t\t\t\t<div class=\"elementor-menu-anchor\" id=\"b1806\"><\/div>\n\t\t\t\t\t\t<\/div>\n\t\t\t\t<\/div>\n\t\t\t\t<div class=\"elementor-element elementor-element-26f86a9b elementor-widget elementor-widget-text-editor\" data-id=\"26f86a9b\" data-element_type=\"widget\" data-e-type=\"widget\" data-widget_type=\"text-editor.default\">\n\t\t\t\t<div class=\"elementor-widget-container\">\n\t\t\t\t\t\t\t\t\t<p>\u00c9s indiscutible l&#8217;espectacularitat de l&#8217;espectacle que se&#8217;ns ofereix davant la nostra vista. Les formes i els materials no poden deixar indiferent a ning\u00fa. Per a mi, \u00e9s un edifici solemne i harmoni\u00f3s tot i la complexitat de les formes. Agradi o no, fa l&#8217;efecte d&#8217;una obra mestra i genial. Ho demostraria la capacitat d&#8217;atracci\u00f3 que exerceix a escala mundial. L&#8217;efecte &#8220;Guggenheim&#8221; no \u00e9s un miratge, i \u00e9s capa\u00e7 d&#8217;atraure un nombre creixent de visitants cada any, fins als m\u00e9s d&#8217;un mili\u00f3 tres-centes mil de persones el 2017 que van entrar el Museu.<\/p>\t\t\t\t\t\t\t\t<\/div>\n\t\t\t\t<\/div>\n\t\t\t\t<div class=\"elementor-element elementor-element-174a07ec elementor-widget elementor-widget-heading\" data-id=\"174a07ec\" data-element_type=\"widget\" data-e-type=\"widget\" data-widget_type=\"heading.default\">\n\t\t\t\t<div class=\"elementor-widget-container\">\n\t\t\t\t\t<h2 class=\"elementor-heading-title elementor-size-default\">Problemes t\u00e8cnics a v\u00e8ncer<\/h2>\t\t\t\t<\/div>\n\t\t\t\t<\/div>\n\t\t\t\t<div class=\"elementor-element elementor-element-46e983a7 elementor-widget elementor-widget-text-editor\" data-id=\"46e983a7\" data-element_type=\"widget\" data-e-type=\"widget\" data-widget_type=\"text-editor.default\">\n\t\t\t\t<div class=\"elementor-widget-container\">\n\t\t\t\t\t\t\t\t\t<p>A m\u00e9s de l\u2019est\u00e8tica de l\u2019edifici, la seva construcci\u00f3 va haver de v\u00e8ncer importants dificultats t\u00e8cniques, tant des del disseny com a la construcci\u00f3.<\/p><p>El documental \u201c<a href=\"https:\/\/www.documaniatv.com\/ciencia-y-tecnologia\/las-conexiones-de-la-ingenieria-el-museo-guggenheim-video_d7fc59124.html\" target=\"_blank\" rel=\"noopener\"><em>Las conexiones de la ingenier\u00eda: El museo Guggenheim<\/em><\/a>\u201d\u00a0reflexiona sobre les m\u00e9s importants.<\/p><p>Primer de disseny i mesurament, donada la complexitat de les formes de tot l\u2019edifici, que es van resoldre amb complexos programes de disseny per ordinador (CAD) o d\u2019instrument de mesura de distancies en superf\u00edcies corbes tridimensionals.<\/p><p>La cerca d\u2019un material \u201cviu\u201d com el titani, que aporta la pr\u00f2pia oxidaci\u00f3 que el fa impermeable al deteriorament mediambiental en un entorn espacialment desfavorables, com \u00e9s el clima de la riba del Nervi\u00f3n. A m\u00e9s de que \u00e9s un reflectant de la llum que aporta infinitat de matisos en cada condici\u00f3 diferent de llum ambiental, amb sol o pluja, de dia o de nit, d\u2019aqu\u00ed el seu aspecte de material \u201cviu\u201d.<\/p><p>D\u2019impermeabilitzaci\u00f3 de l\u2019edifici, format per miller de plaques cargolades amb m\u00e9s de 200.000 cargols.<\/p><p>D\u2019ignifugaci\u00f3 d\u2019una estructura met\u00e0l\u00b7lica complexa.<\/p>\t\t\t\t\t\t\t\t<\/div>\n\t\t\t\t<\/div>\n\t\t\t\t<div class=\"elementor-element elementor-element-1050e0f0 elementor-widget elementor-widget-menu-anchor\" data-id=\"1050e0f0\" data-element_type=\"widget\" data-e-type=\"widget\" data-widget_type=\"menu-anchor.default\">\n\t\t\t\t<div class=\"elementor-widget-container\">\n\t\t\t\t\t\t\t<div class=\"elementor-menu-anchor\" id=\"b1807\"><\/div>\n\t\t\t\t\t\t<\/div>\n\t\t\t\t<\/div>\n\t\t\t\t<div class=\"elementor-element elementor-element-1b92c347 elementor-widget elementor-widget-text-editor\" data-id=\"1b92c347\" data-element_type=\"widget\" data-e-type=\"widget\" data-widget_type=\"text-editor.default\">\n\t\t\t\t<div class=\"elementor-widget-container\">\n\t\t\t\t\t\t\t\t\t<p>A partir d\u2019aqu\u00ed em centrar\u00e9 en presentar una selecci\u00f3 de fotografies que en mostraran l\u2019exterior i l\u2019interior de l\u2019edifici amb un cert detall. Per raon d\u2019imatge no mostrar\u00e9 cap obra exposada, a excepci\u00f3 de les escultures externes a la vista del p\u00fablic en general.<\/p>\t\t\t\t\t\t\t\t<\/div>\n\t\t\t\t<\/div>\n\t\t\t\t<div class=\"elementor-element elementor-element-1b8d39b8 elementor-widget elementor-widget-heading\" data-id=\"1b8d39b8\" data-element_type=\"widget\" data-e-type=\"widget\" data-widget_type=\"heading.default\">\n\t\t\t\t<div class=\"elementor-widget-container\">\n\t\t\t\t\t<h2 class=\"elementor-heading-title elementor-size-default\">La visi\u00f3 exterior de l\u2019edifici<\/h2>\t\t\t\t<\/div>\n\t\t\t\t<\/div>\n\t\t\t\t<div class=\"elementor-element elementor-element-12190cfe elementor-widget elementor-widget-text-editor\" data-id=\"12190cfe\" data-element_type=\"widget\" data-e-type=\"widget\" data-widget_type=\"text-editor.default\">\n\t\t\t\t<div class=\"elementor-widget-container\">\n\t\t\t\t\t\t\t\t\t<p>Anar-nos acostant a l\u2019edifici genera una primera reacci\u00f3 d\u2019admiraci\u00f3.<\/p><p>L\u2019arribada al Guggenheim va ser pel Parc Rep\u00fablica de Abando, i ofereix la perspectiva de la cara oest (<strong>O<\/strong>).<\/p>\t\t\t\t\t\t\t\t<\/div>\n\t\t\t\t<\/div>\n\t\t\t\t<div class=\"elementor-element elementor-element-22b9588d elementor-widget elementor-widget-image\" data-id=\"22b9588d\" data-element_type=\"widget\" data-e-type=\"widget\" data-widget_type=\"image.default\">\n\t\t\t\t<div class=\"elementor-widget-container\">\n\t\t\t\t\t\t\t\t\t\t\t\t<figure class=\"wp-caption\">\n\t\t\t\t\t\t\t\t\t\t<img loading=\"lazy\" decoding=\"async\" width=\"800\" height=\"534\" src=\"https:\/\/www.elturistatranquil.com\/wp-content\/uploads\/F06-Museo-Guggenheim-Bilbao-Foto-L.L.-1.jpg\" class=\"attachment-large size-large wp-image-6615\" alt=\"\" srcset=\"https:\/\/www.elturistatranquil.com\/wp-content\/uploads\/F06-Museo-Guggenheim-Bilbao-Foto-L.L.-1.jpg 800w, https:\/\/www.elturistatranquil.com\/wp-content\/uploads\/F06-Museo-Guggenheim-Bilbao-Foto-L.L.-1-768x513.jpg 768w\" sizes=\"(max-width: 800px) 100vw, 800px\" \/>\t\t\t\t\t\t\t\t\t\t\t<figcaption class=\"widget-image-caption wp-caption-text\">(Foto L.L.)<\/figcaption>\n\t\t\t\t\t\t\t\t\t\t<\/figure>\n\t\t\t\t\t\t\t\t\t<\/div>\n\t\t\t\t<\/div>\n\t\t\t\t<div class=\"elementor-element elementor-element-691ae485 elementor-widget elementor-widget-text-editor\" data-id=\"691ae485\" data-element_type=\"widget\" data-e-type=\"widget\" data-widget_type=\"text-editor.default\">\n\t\t\t\t<div class=\"elementor-widget-container\">\n\t\t\t\t\t\t\t\t\t<p>Per aquest costat s\u2019arriba a la porta principal d\u2019entrada, amb unes escalinates que porten a submergir-se a l\u2019interior de l\u2019arquitectura de l\u2019edifici.<\/p>\t\t\t\t\t\t\t\t<\/div>\n\t\t\t\t<\/div>\n\t\t\t\t<div class=\"elementor-element elementor-element-3abd1683 elementor-widget elementor-widget-image\" data-id=\"3abd1683\" data-element_type=\"widget\" data-e-type=\"widget\" data-widget_type=\"image.default\">\n\t\t\t\t<div class=\"elementor-widget-container\">\n\t\t\t\t\t\t\t\t\t\t\t\t<figure class=\"wp-caption\">\n\t\t\t\t\t\t\t\t\t\t<img loading=\"lazy\" decoding=\"async\" width=\"800\" height=\"533\" src=\"https:\/\/www.elturistatranquil.com\/wp-content\/uploads\/F07-Museo-Guggenheim-Foto-P.B.-1.jpg\" class=\"attachment-large size-large wp-image-6617\" alt=\"\" srcset=\"https:\/\/www.elturistatranquil.com\/wp-content\/uploads\/F07-Museo-Guggenheim-Foto-P.B.-1.jpg 800w, https:\/\/www.elturistatranquil.com\/wp-content\/uploads\/F07-Museo-Guggenheim-Foto-P.B.-1-768x512.jpg 768w\" sizes=\"(max-width: 800px) 100vw, 800px\" \/>\t\t\t\t\t\t\t\t\t\t\t<figcaption class=\"widget-image-caption wp-caption-text\">(Foto P.B.)<\/figcaption>\n\t\t\t\t\t\t\t\t\t\t<\/figure>\n\t\t\t\t\t\t\t\t\t<\/div>\n\t\t\t\t<\/div>\n\t\t\t\t<div class=\"elementor-element elementor-element-1486e674 elementor-widget elementor-widget-image\" data-id=\"1486e674\" data-element_type=\"widget\" data-e-type=\"widget\" data-widget_type=\"image.default\">\n\t\t\t\t<div class=\"elementor-widget-container\">\n\t\t\t\t\t\t\t\t\t\t\t\t<figure class=\"wp-caption\">\n\t\t\t\t\t\t\t\t\t\t<img loading=\"lazy\" decoding=\"async\" width=\"800\" height=\"533\" src=\"https:\/\/www.elturistatranquil.com\/wp-content\/uploads\/F08-Museo-Guggenheim-Foto-P.B.-1.jpg\" class=\"attachment-large size-large wp-image-6619\" alt=\"\" srcset=\"https:\/\/www.elturistatranquil.com\/wp-content\/uploads\/F08-Museo-Guggenheim-Foto-P.B.-1.jpg 800w, https:\/\/www.elturistatranquil.com\/wp-content\/uploads\/F08-Museo-Guggenheim-Foto-P.B.-1-768x512.jpg 768w\" sizes=\"(max-width: 800px) 100vw, 800px\" \/>\t\t\t\t\t\t\t\t\t\t\t<figcaption class=\"widget-image-caption wp-caption-text\">(Foto P.B.)<\/figcaption>\n\t\t\t\t\t\t\t\t\t\t<\/figure>\n\t\t\t\t\t\t\t\t\t<\/div>\n\t\t\t\t<\/div>\n\t\t\t\t<div class=\"elementor-element elementor-element-e6e2b23 elementor-widget elementor-widget-image\" data-id=\"e6e2b23\" data-element_type=\"widget\" data-e-type=\"widget\" data-widget_type=\"image.default\">\n\t\t\t\t<div class=\"elementor-widget-container\">\n\t\t\t\t\t\t\t\t\t\t\t\t<figure class=\"wp-caption\">\n\t\t\t\t\t\t\t\t\t\t<img loading=\"lazy\" decoding=\"async\" width=\"800\" height=\"534\" src=\"https:\/\/www.elturistatranquil.com\/wp-content\/uploads\/F09-Museo-Guggenheim-Bilbao-Foto-L.L.-1.jpg\" class=\"attachment-large size-large wp-image-6621\" alt=\"\" srcset=\"https:\/\/www.elturistatranquil.com\/wp-content\/uploads\/F09-Museo-Guggenheim-Bilbao-Foto-L.L.-1.jpg 800w, https:\/\/www.elturistatranquil.com\/wp-content\/uploads\/F09-Museo-Guggenheim-Bilbao-Foto-L.L.-1-768x513.jpg 768w\" sizes=\"(max-width: 800px) 100vw, 800px\" \/>\t\t\t\t\t\t\t\t\t\t\t<figcaption class=\"widget-image-caption wp-caption-text\">(Foto L.L.)<\/figcaption>\n\t\t\t\t\t\t\t\t\t\t<\/figure>\n\t\t\t\t\t\t\t\t\t<\/div>\n\t\t\t\t<\/div>\n\t\t\t\t<div class=\"elementor-element elementor-element-7b797083 elementor-widget elementor-widget-image\" data-id=\"7b797083\" data-element_type=\"widget\" data-e-type=\"widget\" data-widget_type=\"image.default\">\n\t\t\t\t<div class=\"elementor-widget-container\">\n\t\t\t\t\t\t\t\t\t\t\t\t<figure class=\"wp-caption\">\n\t\t\t\t\t\t\t\t\t\t<img loading=\"lazy\" decoding=\"async\" width=\"800\" height=\"534\" src=\"https:\/\/www.elturistatranquil.com\/wp-content\/uploads\/F10-Museo-Guggenheim-Foto-P.B.-1.jpg\" class=\"attachment-large size-large wp-image-6623\" alt=\"\" srcset=\"https:\/\/www.elturistatranquil.com\/wp-content\/uploads\/F10-Museo-Guggenheim-Foto-P.B.-1.jpg 800w, https:\/\/www.elturistatranquil.com\/wp-content\/uploads\/F10-Museo-Guggenheim-Foto-P.B.-1-768x513.jpg 768w\" sizes=\"(max-width: 800px) 100vw, 800px\" \/>\t\t\t\t\t\t\t\t\t\t\t<figcaption class=\"widget-image-caption wp-caption-text\">(Foto P.B.)<\/figcaption>\n\t\t\t\t\t\t\t\t\t\t<\/figure>\n\t\t\t\t\t\t\t\t\t<\/div>\n\t\t\t\t<\/div>\n\t\t\t\t<div class=\"elementor-element elementor-element-232c87a8 elementor-widget elementor-widget-image\" data-id=\"232c87a8\" data-element_type=\"widget\" data-e-type=\"widget\" data-widget_type=\"image.default\">\n\t\t\t\t<div class=\"elementor-widget-container\">\n\t\t\t\t\t\t\t\t\t\t\t\t<figure class=\"wp-caption\">\n\t\t\t\t\t\t\t\t\t\t<img loading=\"lazy\" decoding=\"async\" width=\"800\" height=\"537\" src=\"https:\/\/www.elturistatranquil.com\/wp-content\/uploads\/F12-Museo-Guggenheim-Foto-P.B.-1.jpg\" class=\"attachment-large size-large wp-image-6625\" alt=\"\" srcset=\"https:\/\/www.elturistatranquil.com\/wp-content\/uploads\/F12-Museo-Guggenheim-Foto-P.B.-1.jpg 800w, https:\/\/www.elturistatranquil.com\/wp-content\/uploads\/F12-Museo-Guggenheim-Foto-P.B.-1-768x516.jpg 768w\" sizes=\"(max-width: 800px) 100vw, 800px\" \/>\t\t\t\t\t\t\t\t\t\t\t<figcaption class=\"widget-image-caption wp-caption-text\">(Foto P.B.)<\/figcaption>\n\t\t\t\t\t\t\t\t\t\t<\/figure>\n\t\t\t\t\t\t\t\t\t<\/div>\n\t\t\t\t<\/div>\n\t\t\t\t<div class=\"elementor-element elementor-element-7fe308cf elementor-widget elementor-widget-text-editor\" data-id=\"7fe308cf\" data-element_type=\"widget\" data-e-type=\"widget\" data-widget_type=\"text-editor.default\">\n\t\t\t\t<div class=\"elementor-widget-container\">\n\t\t\t\t\t\t\t\t\t<p>Ara situem-nos enfront de la cara nord (<strong>N<\/strong>). Ens mostra la imatge m\u00e9s popular i coneguda de l\u2019edifici.<\/p><p>Com he assenyalat abans, des de l\u2019exterior, arran de la ria del Nervi\u00f3n, o des del pati de l\u2019edifici en aquesta zona, el pont no ens deixa veure l\u2019edifici complet, ja que amaga a la dreta la torre est (<strong>T<\/strong>).<\/p>\t\t\t\t\t\t\t\t<\/div>\n\t\t\t\t<\/div>\n\t\t\t\t<div class=\"elementor-element elementor-element-36add7e6 elementor-widget elementor-widget-image\" data-id=\"36add7e6\" data-element_type=\"widget\" data-e-type=\"widget\" data-widget_type=\"image.default\">\n\t\t\t\t<div class=\"elementor-widget-container\">\n\t\t\t\t\t\t\t\t\t\t\t\t<figure class=\"wp-caption\">\n\t\t\t\t\t\t\t\t\t\t<img loading=\"lazy\" decoding=\"async\" width=\"800\" height=\"533\" src=\"https:\/\/www.elturistatranquil.com\/wp-content\/uploads\/F13-Museo-Guggenheim-Bilbao-Foto-L.L.-1.jpg\" class=\"attachment-large size-large wp-image-6627\" alt=\"\" srcset=\"https:\/\/www.elturistatranquil.com\/wp-content\/uploads\/F13-Museo-Guggenheim-Bilbao-Foto-L.L.-1.jpg 800w, https:\/\/www.elturistatranquil.com\/wp-content\/uploads\/F13-Museo-Guggenheim-Bilbao-Foto-L.L.-1-768x512.jpg 768w\" sizes=\"(max-width: 800px) 100vw, 800px\" \/>\t\t\t\t\t\t\t\t\t\t\t<figcaption class=\"widget-image-caption wp-caption-text\">Imatge nord (N) des de l'altra riba de la ria de Nervi\u00f3n (Foto L.L.)<\/figcaption>\n\t\t\t\t\t\t\t\t\t\t<\/figure>\n\t\t\t\t\t\t\t\t\t<\/div>\n\t\t\t\t<\/div>\n\t\t\t\t<div class=\"elementor-element elementor-element-631f326e elementor-widget elementor-widget-text-editor\" data-id=\"631f326e\" data-element_type=\"widget\" data-e-type=\"widget\" data-widget_type=\"text-editor.default\">\n\t\t\t\t<div class=\"elementor-widget-container\">\n\t\t\t\t\t\t\t\t\t<p>Des del Pont de La Salve veiem com es relaciona amb un altre edifici de la renovaci\u00f3 moderna de Bilbao, la <em>Torre Iberdrola<\/em> de l\u2019arquitecte argent\u00ed, nacionalitzar nord-americ\u00e0, <em>C\u00e9sar Pelli<\/em>, de l\u2019any 2012.<\/p>\t\t\t\t\t\t\t\t<\/div>\n\t\t\t\t<\/div>\n\t\t\t\t<div class=\"elementor-element elementor-element-31cfe0f2 elementor-widget elementor-widget-image\" data-id=\"31cfe0f2\" data-element_type=\"widget\" data-e-type=\"widget\" data-widget_type=\"image.default\">\n\t\t\t\t<div class=\"elementor-widget-container\">\n\t\t\t\t\t\t\t\t\t\t\t\t<figure class=\"wp-caption\">\n\t\t\t\t\t\t\t\t\t\t<img loading=\"lazy\" decoding=\"async\" width=\"800\" height=\"533\" src=\"https:\/\/www.elturistatranquil.com\/wp-content\/uploads\/F15-Museo-Guggenheim-Bilbao-Foto-L.L.-1.jpg\" class=\"attachment-large size-large wp-image-6629\" alt=\"\" srcset=\"https:\/\/www.elturistatranquil.com\/wp-content\/uploads\/F15-Museo-Guggenheim-Bilbao-Foto-L.L.-1.jpg 800w, https:\/\/www.elturistatranquil.com\/wp-content\/uploads\/F15-Museo-Guggenheim-Bilbao-Foto-L.L.-1-768x512.jpg 768w\" sizes=\"(max-width: 800px) 100vw, 800px\" \/>\t\t\t\t\t\t\t\t\t\t\t<figcaption class=\"widget-image-caption wp-caption-text\">(Foto L.L.)<\/figcaption>\n\t\t\t\t\t\t\t\t\t\t<\/figure>\n\t\t\t\t\t\t\t\t\t<\/div>\n\t\t\t\t<\/div>\n\t\t\t\t<div class=\"elementor-element elementor-element-48559456 elementor-widget elementor-widget-text-editor\" data-id=\"48559456\" data-element_type=\"widget\" data-e-type=\"widget\" data-widget_type=\"text-editor.default\">\n\t\t\t\t<div class=\"elementor-widget-container\">\n\t\t\t\t\t\t\t\t\t<p>Tot i que la fotografia no \u00e9s de qualitat, no em resisteixo a mostrar-la, ja que ofereix una imatge simb\u00f2lica en una visi\u00f3 nocturna de l&#8217;edifici com un vaixell atracat en un moll,<\/p>\t\t\t\t\t\t\t\t<\/div>\n\t\t\t\t<\/div>\n\t\t\t\t<div class=\"elementor-element elementor-element-f6154d2 elementor-widget elementor-widget-image\" data-id=\"f6154d2\" data-element_type=\"widget\" data-e-type=\"widget\" data-widget_type=\"image.default\">\n\t\t\t\t<div class=\"elementor-widget-container\">\n\t\t\t\t\t\t\t\t\t\t\t\t<figure class=\"wp-caption\">\n\t\t\t\t\t\t\t\t\t\t<img loading=\"lazy\" decoding=\"async\" width=\"800\" height=\"533\" src=\"https:\/\/www.elturistatranquil.com\/wp-content\/uploads\/F16-Museo-Guggenheim-Bilbao-Foto-L.L.-1.jpg\" class=\"attachment-large size-large wp-image-6631\" alt=\"\" srcset=\"https:\/\/www.elturistatranquil.com\/wp-content\/uploads\/F16-Museo-Guggenheim-Bilbao-Foto-L.L.-1.jpg 800w, https:\/\/www.elturistatranquil.com\/wp-content\/uploads\/F16-Museo-Guggenheim-Bilbao-Foto-L.L.-1-768x512.jpg 768w\" sizes=\"(max-width: 800px) 100vw, 800px\" \/>\t\t\t\t\t\t\t\t\t\t\t<figcaption class=\"widget-image-caption wp-caption-text\">(Foto L.L.)<\/figcaption>\n\t\t\t\t\t\t\t\t\t\t<\/figure>\n\t\t\t\t\t\t\t\t\t<\/div>\n\t\t\t\t<\/div>\n\t\t\t\t<div class=\"elementor-element elementor-element-491d1dd8 elementor-widget elementor-widget-text-editor\" data-id=\"491d1dd8\" data-element_type=\"widget\" data-e-type=\"widget\" data-widget_type=\"text-editor.default\">\n\t\t\t\t<div class=\"elementor-widget-container\">\n\t\t\t\t\t\t\t\t\t<p>L\u2019obertura de l\u2019edifici sobre l\u2019est aboca a la barana del pont. A mi em dona la sensaci\u00f3 de la boca d\u2019acc\u00e9s de vehicles a un vaixell o un transbordador.<\/p>\t\t\t\t\t\t\t\t<\/div>\n\t\t\t\t<\/div>\n\t\t\t\t<div class=\"elementor-element elementor-element-364b1d51 elementor-widget elementor-widget-image\" data-id=\"364b1d51\" data-element_type=\"widget\" data-e-type=\"widget\" data-widget_type=\"image.default\">\n\t\t\t\t<div class=\"elementor-widget-container\">\n\t\t\t\t\t\t\t\t\t\t\t\t\t\t\t<img loading=\"lazy\" decoding=\"async\" width=\"800\" height=\"533\" src=\"https:\/\/www.elturistatranquil.com\/wp-content\/uploads\/F17-Museo-Guggenheim-Bilbao-1.jpg\" class=\"attachment-large size-large wp-image-6633\" alt=\"\" srcset=\"https:\/\/www.elturistatranquil.com\/wp-content\/uploads\/F17-Museo-Guggenheim-Bilbao-1.jpg 800w, https:\/\/www.elturistatranquil.com\/wp-content\/uploads\/F17-Museo-Guggenheim-Bilbao-1-768x512.jpg 768w\" sizes=\"(max-width: 800px) 100vw, 800px\" \/>\t\t\t\t\t\t\t\t\t\t\t\t\t\t\t<\/div>\n\t\t\t\t<\/div>\n\t\t\t\t<div class=\"elementor-element elementor-element-7a98b5cb elementor-widget elementor-widget-text-editor\" data-id=\"7a98b5cb\" data-element_type=\"widget\" data-e-type=\"widget\" data-widget_type=\"text-editor.default\">\n\t\t\t\t<div class=\"elementor-widget-container\">\n\t\t\t\t\t\t\t\t\t<p>Com presentar\u00e9 m\u00e9s endavant, l\u2019edifici \u00e9s molt obert a l\u2019exterior. No es tracta d\u2019un museu contenidor, que tanca les obres i les a\u00eflla de l\u2019entorn. En aquest sentit, tota la cara nord est\u00e0 ocupada per una gran pla\u00e7a. All\u00e0 hi trobem l\u2019escultura \u201c<em>Mam\u00e1<\/em>\u201d (<strong>1<\/strong>).<\/p>\t\t\t\t\t\t\t\t<\/div>\n\t\t\t\t<\/div>\n\t\t\t\t<div class=\"elementor-element elementor-element-48bf60f9 elementor-widget elementor-widget-text-editor\" data-id=\"48bf60f9\" data-element_type=\"widget\" data-e-type=\"widget\" data-widget_type=\"text-editor.default\">\n\t\t\t\t<div class=\"elementor-widget-container\">\n\t\t\t\t\t\t\t\t\t<p><strong>Louise Bourgeois<\/strong><em>\u00a0 <\/em><a href=\"https:\/\/www.guggenheim-bilbao.eus\/obras\/mama-2\/\" target=\"_blank\" rel=\"noopener\"><em>Mam\u00e1<\/em><\/a>\u00a0(<em>Maman<\/em>)\u00a0(1999), de gaireb\u00e9 9 metres d&#8217;al\u00e7ada, \u00e9s una de les escultures m\u00e9s ambicioses de Bourgeois i pertany a una s\u00e8rie inspirada en l&#8217;aranya.<\/p>\t\t\t\t\t\t\t\t<\/div>\n\t\t\t\t<\/div>\n\t\t\t\t<div class=\"elementor-element elementor-element-5c8d27a6 elementor-widget elementor-widget-image\" data-id=\"5c8d27a6\" data-element_type=\"widget\" data-e-type=\"widget\" data-widget_type=\"image.default\">\n\t\t\t\t<div class=\"elementor-widget-container\">\n\t\t\t\t\t\t\t\t\t\t\t\t\t\t\t<img loading=\"lazy\" decoding=\"async\" width=\"800\" height=\"533\" src=\"https:\/\/www.elturistatranquil.com\/wp-content\/uploads\/F18-Museo-Guggenheim-Bilbao-1.jpg\" class=\"attachment-large size-large wp-image-6635\" alt=\"\" srcset=\"https:\/\/www.elturistatranquil.com\/wp-content\/uploads\/F18-Museo-Guggenheim-Bilbao-1.jpg 800w, https:\/\/www.elturistatranquil.com\/wp-content\/uploads\/F18-Museo-Guggenheim-Bilbao-1-768x512.jpg 768w\" sizes=\"(max-width: 800px) 100vw, 800px\" \/>\t\t\t\t\t\t\t\t\t\t\t\t\t\t\t<\/div>\n\t\t\t\t<\/div>\n\t\t\t\t<div class=\"elementor-element elementor-element-778126e4 elementor-widget elementor-widget-image\" data-id=\"778126e4\" data-element_type=\"widget\" data-e-type=\"widget\" data-widget_type=\"image.default\">\n\t\t\t\t<div class=\"elementor-widget-container\">\n\t\t\t\t\t\t\t\t\t\t\t\t<figure class=\"wp-caption\">\n\t\t\t\t\t\t\t\t\t\t<img loading=\"lazy\" decoding=\"async\" width=\"800\" height=\"533\" src=\"https:\/\/www.elturistatranquil.com\/wp-content\/uploads\/F19-Museo-Guggenheim-Bilbao-Foto-L.L.-1.jpg\" class=\"attachment-large size-large wp-image-6637\" alt=\"\" srcset=\"https:\/\/www.elturistatranquil.com\/wp-content\/uploads\/F19-Museo-Guggenheim-Bilbao-Foto-L.L.-1.jpg 800w, https:\/\/www.elturistatranquil.com\/wp-content\/uploads\/F19-Museo-Guggenheim-Bilbao-Foto-L.L.-1-768x512.jpg 768w\" sizes=\"(max-width: 800px) 100vw, 800px\" \/>\t\t\t\t\t\t\t\t\t\t\t<figcaption class=\"widget-image-caption wp-caption-text\">(Foto L.L.)<\/figcaption>\n\t\t\t\t\t\t\t\t\t\t<\/figure>\n\t\t\t\t\t\t\t\t\t<\/div>\n\t\t\t\t<\/div>\n\t\t\t\t<div class=\"elementor-element elementor-element-4321cc15 elementor-widget elementor-widget-image\" data-id=\"4321cc15\" data-element_type=\"widget\" data-e-type=\"widget\" data-widget_type=\"image.default\">\n\t\t\t\t<div class=\"elementor-widget-container\">\n\t\t\t\t\t\t\t\t\t\t\t\t<figure class=\"wp-caption\">\n\t\t\t\t\t\t\t\t\t\t<img loading=\"lazy\" decoding=\"async\" width=\"800\" height=\"534\" src=\"https:\/\/www.elturistatranquil.com\/wp-content\/uploads\/F20-Museo-Guggenheim-Bilbao-Foto-L.L.-1.jpg\" class=\"attachment-large size-large wp-image-6639\" alt=\"\" srcset=\"https:\/\/www.elturistatranquil.com\/wp-content\/uploads\/F20-Museo-Guggenheim-Bilbao-Foto-L.L.-1.jpg 800w, https:\/\/www.elturistatranquil.com\/wp-content\/uploads\/F20-Museo-Guggenheim-Bilbao-Foto-L.L.-1-768x513.jpg 768w\" sizes=\"(max-width: 800px) 100vw, 800px\" \/>\t\t\t\t\t\t\t\t\t\t\t<figcaption class=\"widget-image-caption wp-caption-text\">(Foto L.L.)<\/figcaption>\n\t\t\t\t\t\t\t\t\t\t<\/figure>\n\t\t\t\t\t\t\t\t\t<\/div>\n\t\t\t\t<\/div>\n\t\t\t\t<div class=\"elementor-element elementor-element-7358f648 elementor-widget elementor-widget-text-editor\" data-id=\"7358f648\" data-element_type=\"widget\" data-e-type=\"widget\" data-widget_type=\"text-editor.default\">\n\t\t\t\t<div class=\"elementor-widget-container\">\n\t\t\t\t\t\t\t\t\t<p>A la part central de la fa\u00e7ana nord s\u2019obre un gran obertura que dona pas a una gran terrassa.<\/p>\t\t\t\t\t\t\t\t<\/div>\n\t\t\t\t<\/div>\n\t\t\t\t<div class=\"elementor-element elementor-element-1719f537 elementor-widget elementor-widget-image\" data-id=\"1719f537\" data-element_type=\"widget\" data-e-type=\"widget\" data-widget_type=\"image.default\">\n\t\t\t\t<div class=\"elementor-widget-container\">\n\t\t\t\t\t\t\t\t\t\t\t\t<figure class=\"wp-caption\">\n\t\t\t\t\t\t\t\t\t\t<img loading=\"lazy\" decoding=\"async\" width=\"413\" height=\"550\" src=\"https:\/\/www.elturistatranquil.com\/wp-content\/uploads\/F22-Museo-Guggenheim-Bilbao-Foto-L.L.-1.jpg\" class=\"attachment-large size-large wp-image-6641\" alt=\"\" \/>\t\t\t\t\t\t\t\t\t\t\t<figcaption class=\"widget-image-caption wp-caption-text\">(Foto L.L.)<\/figcaption>\n\t\t\t\t\t\t\t\t\t\t<\/figure>\n\t\t\t\t\t\t\t\t\t<\/div>\n\t\t\t\t<\/div>\n\t\t\t\t<div class=\"elementor-element elementor-element-7c690716 elementor-widget elementor-widget-image\" data-id=\"7c690716\" data-element_type=\"widget\" data-e-type=\"widget\" data-widget_type=\"image.default\">\n\t\t\t\t<div class=\"elementor-widget-container\">\n\t\t\t\t\t\t\t\t\t\t\t\t<figure class=\"wp-caption\">\n\t\t\t\t\t\t\t\t\t\t<img loading=\"lazy\" decoding=\"async\" width=\"800\" height=\"533\" src=\"https:\/\/www.elturistatranquil.com\/wp-content\/uploads\/F24-Museo-Guggenheim-Foto-P.B.-1.jpg\" class=\"attachment-large size-large wp-image-6643\" alt=\"\" srcset=\"https:\/\/www.elturistatranquil.com\/wp-content\/uploads\/F24-Museo-Guggenheim-Foto-P.B.-1.jpg 800w, https:\/\/www.elturistatranquil.com\/wp-content\/uploads\/F24-Museo-Guggenheim-Foto-P.B.-1-768x512.jpg 768w\" sizes=\"(max-width: 800px) 100vw, 800px\" \/>\t\t\t\t\t\t\t\t\t\t\t<figcaption class=\"widget-image-caption wp-caption-text\">(Foto P.B.)<\/figcaption>\n\t\t\t\t\t\t\t\t\t\t<\/figure>\n\t\t\t\t\t\t\t\t\t<\/div>\n\t\t\t\t<\/div>\n\t\t\t\t<div class=\"elementor-element elementor-element-4a94678e elementor-widget elementor-widget-image\" data-id=\"4a94678e\" data-element_type=\"widget\" data-e-type=\"widget\" data-widget_type=\"image.default\">\n\t\t\t\t<div class=\"elementor-widget-container\">\n\t\t\t\t\t\t\t\t\t\t\t\t<figure class=\"wp-caption\">\n\t\t\t\t\t\t\t\t\t\t<img loading=\"lazy\" decoding=\"async\" width=\"800\" height=\"534\" src=\"https:\/\/www.elturistatranquil.com\/wp-content\/uploads\/F25-Museo-Guggenheim-Bilbao-Foto-L.L.-1.jpg\" class=\"attachment-large size-large wp-image-6645\" alt=\"\" srcset=\"https:\/\/www.elturistatranquil.com\/wp-content\/uploads\/F25-Museo-Guggenheim-Bilbao-Foto-L.L.-1.jpg 800w, https:\/\/www.elturistatranquil.com\/wp-content\/uploads\/F25-Museo-Guggenheim-Bilbao-Foto-L.L.-1-768x513.jpg 768w\" sizes=\"(max-width: 800px) 100vw, 800px\" \/>\t\t\t\t\t\t\t\t\t\t\t<figcaption class=\"widget-image-caption wp-caption-text\">(Foto L.L.)<\/figcaption>\n\t\t\t\t\t\t\t\t\t\t<\/figure>\n\t\t\t\t\t\t\t\t\t<\/div>\n\t\t\t\t<\/div>\n\t\t\t\t<div class=\"elementor-element elementor-element-7c8f47bf elementor-widget elementor-widget-text-editor\" data-id=\"7c8f47bf\" data-element_type=\"widget\" data-e-type=\"widget\" data-widget_type=\"text-editor.default\">\n\t\t\t\t<div class=\"elementor-widget-container\">\n\t\t\t\t\t\t\t\t\t<p>En el punt (<strong>3<\/strong>) de la terrassa est\u00e0 situada l&#8217;escultura de <strong>Jeff Koons<\/strong>,\u00a0<a href=\"https:\/\/www.guggenheim-bilbao.eus\/obras\/tulipanes-2\/\" target=\"_blank\" rel=\"noopener\"><em>Tulipanes<\/em><\/a>\u00a0(<em>Tulips<\/em>), (1995-2004), un ram de flors concebudes a manera de globus de colors de proporcions gegantines (m\u00e9s de 2 metres d&#8217;alt i 5 metres d&#8217;amplada), pertany a l&#8217;ambiciosa s\u00e8rie <em>Celebraci\u00f3n<\/em> (Celebration) iniciada per Koons el 1994. Inspirades en els objectes gen\u00e8rics i populars associats a les festes d&#8217;aniversari, vacances i altres esdeveniments festius.<\/p>\t\t\t\t\t\t\t\t<\/div>\n\t\t\t\t<\/div>\n\t\t\t\t<div class=\"elementor-element elementor-element-2d4be53d elementor-widget elementor-widget-image\" data-id=\"2d4be53d\" data-element_type=\"widget\" data-e-type=\"widget\" data-widget_type=\"image.default\">\n\t\t\t\t<div class=\"elementor-widget-container\">\n\t\t\t\t\t\t\t\t\t\t\t\t<figure class=\"wp-caption\">\n\t\t\t\t\t\t\t\t\t\t<img loading=\"lazy\" decoding=\"async\" width=\"800\" height=\"534\" src=\"https:\/\/www.elturistatranquil.com\/wp-content\/uploads\/F26-Museo-Guggenheim-Bilbao-Foto-L.L.-1.jpg\" class=\"attachment-large size-large wp-image-6647\" alt=\"\" srcset=\"https:\/\/www.elturistatranquil.com\/wp-content\/uploads\/F26-Museo-Guggenheim-Bilbao-Foto-L.L.-1.jpg 800w, https:\/\/www.elturistatranquil.com\/wp-content\/uploads\/F26-Museo-Guggenheim-Bilbao-Foto-L.L.-1-768x513.jpg 768w\" sizes=\"(max-width: 800px) 100vw, 800px\" \/>\t\t\t\t\t\t\t\t\t\t\t<figcaption class=\"widget-image-caption wp-caption-text\">(Foto L.L.)<\/figcaption>\n\t\t\t\t\t\t\t\t\t\t<\/figure>\n\t\t\t\t\t\t\t\t\t<\/div>\n\t\t\t\t<\/div>\n\t\t\t\t<div class=\"elementor-element elementor-element-7fe842e9 elementor-widget elementor-widget-text-editor\" data-id=\"7fe842e9\" data-element_type=\"widget\" data-e-type=\"widget\" data-widget_type=\"text-editor.default\">\n\t\t\t\t<div class=\"elementor-widget-container\">\n\t\t\t\t\t\t\t\t\t<p>Continuem a la cara nord de l\u2019edifici, que est\u00e0 tota ella bordejada per un estany. Si mirem cap a l\u2019oest trobem en mig de l\u2019estany l\u2019escultura \u201c<em>El gran \u00e1rbol y el ojo<\/em>\u201d i, al fons <em>l\u2019edifici Iberdrola<\/em>, un altre de les realitzacions que volen contribuir a la renovaci\u00f3 de Bilbao.<\/p>\t\t\t\t\t\t\t\t<\/div>\n\t\t\t\t<\/div>\n\t\t\t\t<div class=\"elementor-element elementor-element-397d084e elementor-widget elementor-widget-image\" data-id=\"397d084e\" data-element_type=\"widget\" data-e-type=\"widget\" data-widget_type=\"image.default\">\n\t\t\t\t<div class=\"elementor-widget-container\">\n\t\t\t\t\t\t\t\t\t\t\t\t<figure class=\"wp-caption\">\n\t\t\t\t\t\t\t\t\t\t<img loading=\"lazy\" decoding=\"async\" width=\"800\" height=\"534\" src=\"https:\/\/www.elturistatranquil.com\/wp-content\/uploads\/F27-Museo-Guggenheim-Bilbao-Foto-L.L.-1.jpg\" class=\"attachment-large size-large wp-image-6649\" alt=\"\" srcset=\"https:\/\/www.elturistatranquil.com\/wp-content\/uploads\/F27-Museo-Guggenheim-Bilbao-Foto-L.L.-1.jpg 800w, https:\/\/www.elturistatranquil.com\/wp-content\/uploads\/F27-Museo-Guggenheim-Bilbao-Foto-L.L.-1-768x513.jpg 768w\" sizes=\"(max-width: 800px) 100vw, 800px\" \/>\t\t\t\t\t\t\t\t\t\t\t<figcaption class=\"widget-image-caption wp-caption-text\">(Foto L.L.)<\/figcaption>\n\t\t\t\t\t\t\t\t\t\t<\/figure>\n\t\t\t\t\t\t\t\t\t<\/div>\n\t\t\t\t<\/div>\n\t\t\t\t<div class=\"elementor-element elementor-element-310cf1bf elementor-widget elementor-widget-image\" data-id=\"310cf1bf\" data-element_type=\"widget\" data-e-type=\"widget\" data-widget_type=\"image.default\">\n\t\t\t\t<div class=\"elementor-widget-container\">\n\t\t\t\t\t\t\t\t\t\t\t\t<figure class=\"wp-caption\">\n\t\t\t\t\t\t\t\t\t\t<img loading=\"lazy\" decoding=\"async\" width=\"412\" height=\"550\" src=\"https:\/\/www.elturistatranquil.com\/wp-content\/uploads\/F28-Museo-Guggenheim-Bilbao-Foto-L.L.-1.jpg\" class=\"attachment-large size-large wp-image-6651\" alt=\"\" \/>\t\t\t\t\t\t\t\t\t\t\t<figcaption class=\"widget-image-caption wp-caption-text\">(Foto L.L.)<\/figcaption>\n\t\t\t\t\t\t\t\t\t\t<\/figure>\n\t\t\t\t\t\t\t\t\t<\/div>\n\t\t\t\t<\/div>\n\t\t\t\t<div class=\"elementor-element elementor-element-474135ab elementor-widget elementor-widget-text-editor\" data-id=\"474135ab\" data-element_type=\"widget\" data-e-type=\"widget\" data-widget_type=\"text-editor.default\">\n\t\t\t\t<div class=\"elementor-widget-container\">\n\t\t\t\t\t\t\t\t\t<p><em>\u201c<a href=\"https:\/\/www.guggenheim-bilbao.eus\/obras\/el-gran-arbol-y-el-ojo\/\" target=\"_blank\" rel=\"noopener\">El gran \u00e1rbol y el ojo<\/a>\u201d\u00a0<\/em>(<em>Tall Tree &amp; The Eye<\/em>), obra de l&#8217;escultor hind\u00fa <strong>Anish Kapoor<\/strong>, de l&#8217;any 2009, constru\u00efda d&#8217;acer inoxidable i acer al carboni. Consta de setanta-tres esferes reflectants assentades sobre tres eixos. En aquesta obra il\u00b7lusionista, l&#8217;artista segueix estudiant complexos principis matem\u00e0tics i estructurals, als quals dota de forma escult\u00f2rica. Les superf\u00edcies de les esferes es reflecteixen i refracten entre si, creant i dissolent simult\u00e0niament la forma i l&#8217;espai.<\/p>\t\t\t\t\t\t\t\t<\/div>\n\t\t\t\t<\/div>\n\t\t\t\t<div class=\"elementor-element elementor-element-4e9629a7 elementor-widget elementor-widget-image\" data-id=\"4e9629a7\" data-element_type=\"widget\" data-e-type=\"widget\" data-widget_type=\"image.default\">\n\t\t\t\t<div class=\"elementor-widget-container\">\n\t\t\t\t\t\t\t\t\t\t\t\t<figure class=\"wp-caption\">\n\t\t\t\t\t\t\t\t\t\t<img loading=\"lazy\" decoding=\"async\" width=\"366\" height=\"550\" src=\"https:\/\/www.elturistatranquil.com\/wp-content\/uploads\/F29-Museo-Guggenheim-Bilbao-Foto-L.L.-1.jpg\" class=\"attachment-large size-large wp-image-6653\" alt=\"\" \/>\t\t\t\t\t\t\t\t\t\t\t<figcaption class=\"widget-image-caption wp-caption-text\">(Foto L.L.)<\/figcaption>\n\t\t\t\t\t\t\t\t\t\t<\/figure>\n\t\t\t\t\t\t\t\t\t<\/div>\n\t\t\t\t<\/div>\n\t\t\t\t<div class=\"elementor-element elementor-element-11a393e4 elementor-widget elementor-widget-text-editor\" data-id=\"11a393e4\" data-element_type=\"widget\" data-e-type=\"widget\" data-widget_type=\"text-editor.default\">\n\t\t\t\t<div class=\"elementor-widget-container\">\n\t\t\t\t\t\t\t\t\t<p>Una altra escultura a l&#8217;exterior del recinte \u00e9s la de l&#8217;escultor basc <strong>Eduardo Chillida<\/strong> titulada \u201c<a href=\"https:\/\/www.guggenheim-bilbao.eus\/obras\/abrazo-xi\/\" target=\"_blank\" rel=\"noopener\">A<em>brazo XI<\/em>\u00a0(<em>Besarkada XI<\/em>)<\/a>\u201d de 1996. Aquesta obra \u00e9s d&#8217;acer forjat sorgit de la lluita de l&#8217;artista amb el material sotm\u00e8s al foc que es constitueix com a element vertical i alhora corb. Les seccions d&#8217;acer s&#8217;entrellacen i es corben, com plantes que creixen sobre el terreny i s&#8217;enfonsen sobre si mateixes a l&#8217;abra\u00e7ar-se.<\/p><p>Una curiositat. La primera fotografia \u00e9s de l&#8217;any 2011 i la segona de 2017. Sembla que l&#8217;<em>abra\u00e7ada<\/em> tinguin vida i hagi girat sobre si mateixa.<\/p>\t\t\t\t\t\t\t\t<\/div>\n\t\t\t\t<\/div>\n\t\t\t\t<div class=\"elementor-element elementor-element-32b4ea61 elementor-widget elementor-widget-image\" data-id=\"32b4ea61\" data-element_type=\"widget\" data-e-type=\"widget\" data-widget_type=\"image.default\">\n\t\t\t\t<div class=\"elementor-widget-container\">\n\t\t\t\t\t\t\t\t\t\t\t\t<figure class=\"wp-caption\">\n\t\t\t\t\t\t\t\t\t\t<img loading=\"lazy\" decoding=\"async\" width=\"413\" height=\"550\" src=\"https:\/\/www.elturistatranquil.com\/wp-content\/uploads\/F30-Museo-Guggenheim-Bilbao-Foto-L.L.-1.jpg\" class=\"attachment-large size-large wp-image-6655\" alt=\"\" \/>\t\t\t\t\t\t\t\t\t\t\t<figcaption class=\"widget-image-caption wp-caption-text\">(Foto L.L.)<\/figcaption>\n\t\t\t\t\t\t\t\t\t\t<\/figure>\n\t\t\t\t\t\t\t\t\t<\/div>\n\t\t\t\t<\/div>\n\t\t\t\t<div class=\"elementor-element elementor-element-75023cde elementor-widget elementor-widget-image\" data-id=\"75023cde\" data-element_type=\"widget\" data-e-type=\"widget\" data-widget_type=\"image.default\">\n\t\t\t\t<div class=\"elementor-widget-container\">\n\t\t\t\t\t\t\t\t\t\t\t\t<figure class=\"wp-caption\">\n\t\t\t\t\t\t\t\t\t\t<img loading=\"lazy\" decoding=\"async\" width=\"800\" height=\"533\" src=\"https:\/\/www.elturistatranquil.com\/wp-content\/uploads\/F31-Museo-Guggenheim-Foto-P.B.-1.jpg\" class=\"attachment-large size-large wp-image-6657\" alt=\"\" srcset=\"https:\/\/www.elturistatranquil.com\/wp-content\/uploads\/F31-Museo-Guggenheim-Foto-P.B.-1.jpg 800w, https:\/\/www.elturistatranquil.com\/wp-content\/uploads\/F31-Museo-Guggenheim-Foto-P.B.-1-768x512.jpg 768w\" sizes=\"(max-width: 800px) 100vw, 800px\" \/>\t\t\t\t\t\t\t\t\t\t\t<figcaption class=\"widget-image-caption wp-caption-text\">(Foto P.B.)<\/figcaption>\n\t\t\t\t\t\t\t\t\t\t<\/figure>\n\t\t\t\t\t\t\t\t\t<\/div>\n\t\t\t\t<\/div>\n\t\t\t\t<div class=\"elementor-element elementor-element-3115a747 elementor-widget elementor-widget-text-editor\" data-id=\"3115a747\" data-element_type=\"widget\" data-e-type=\"widget\" data-widget_type=\"text-editor.default\">\n\t\t\t\t<div class=\"elementor-widget-container\">\n\t\t\t\t\t\t\t\t\t<p>Canviem de perspectiva i ens situem a la zona que forma un angle est (<strong>E<\/strong>) &#8211; sud (<strong>S<\/strong>) de l&#8217;edifici.<\/p><p>Les imatges ens ofereixen una perspectiva cap a la &#8220;popa&#8221; de la nau de l&#8217;edifici. A la dreta de la primera fotografia es veu l&#8217;estructura interna que suporta la Torre (<strong>T<\/strong>), mentre que al centre sobresurt dels extrems del semicercle superior de l&#8217;escultura &#8220;<em> Arcos rojos<\/em> &#8221; instal\u00b7lada sobre el Pont de La Salve.<\/p>\t\t\t\t\t\t\t\t<\/div>\n\t\t\t\t<\/div>\n\t\t\t\t<div class=\"elementor-element elementor-element-160c263f elementor-widget elementor-widget-image\" data-id=\"160c263f\" data-element_type=\"widget\" data-e-type=\"widget\" data-widget_type=\"image.default\">\n\t\t\t\t<div class=\"elementor-widget-container\">\n\t\t\t\t\t\t\t\t\t\t\t\t<figure class=\"wp-caption\">\n\t\t\t\t\t\t\t\t\t\t<img loading=\"lazy\" decoding=\"async\" width=\"800\" height=\"534\" src=\"https:\/\/www.elturistatranquil.com\/wp-content\/uploads\/F32-Museo-Guggenheim-Foto-P.B.-1.jpg\" class=\"attachment-large size-large wp-image-6659\" alt=\"\" srcset=\"https:\/\/www.elturistatranquil.com\/wp-content\/uploads\/F32-Museo-Guggenheim-Foto-P.B.-1.jpg 800w, https:\/\/www.elturistatranquil.com\/wp-content\/uploads\/F32-Museo-Guggenheim-Foto-P.B.-1-768x513.jpg 768w\" sizes=\"(max-width: 800px) 100vw, 800px\" \/>\t\t\t\t\t\t\t\t\t\t\t<figcaption class=\"widget-image-caption wp-caption-text\">(Foto P.B.)<\/figcaption>\n\t\t\t\t\t\t\t\t\t\t<\/figure>\n\t\t\t\t\t\t\t\t\t<\/div>\n\t\t\t\t<\/div>\n\t\t\t\t<div class=\"elementor-element elementor-element-6498db00 elementor-widget elementor-widget-image\" data-id=\"6498db00\" data-element_type=\"widget\" data-e-type=\"widget\" data-widget_type=\"image.default\">\n\t\t\t\t<div class=\"elementor-widget-container\">\n\t\t\t\t\t\t\t\t\t\t\t\t<figure class=\"wp-caption\">\n\t\t\t\t\t\t\t\t\t\t<img loading=\"lazy\" decoding=\"async\" width=\"800\" height=\"537\" src=\"https:\/\/www.elturistatranquil.com\/wp-content\/uploads\/F33-Museo-Guggenheim-Foto-P.B.-1.jpg\" class=\"attachment-large size-large wp-image-6661\" alt=\"\" srcset=\"https:\/\/www.elturistatranquil.com\/wp-content\/uploads\/F33-Museo-Guggenheim-Foto-P.B.-1.jpg 800w, https:\/\/www.elturistatranquil.com\/wp-content\/uploads\/F33-Museo-Guggenheim-Foto-P.B.-1-768x516.jpg 768w\" sizes=\"(max-width: 800px) 100vw, 800px\" \/>\t\t\t\t\t\t\t\t\t\t\t<figcaption class=\"widget-image-caption wp-caption-text\">(Foto P.B.)<\/figcaption>\n\t\t\t\t\t\t\t\t\t\t<\/figure>\n\t\t\t\t\t\t\t\t\t<\/div>\n\t\t\t\t<\/div>\n\t\t\t\t<div class=\"elementor-element elementor-element-5d7e8ca6 elementor-widget elementor-widget-image\" data-id=\"5d7e8ca6\" data-element_type=\"widget\" data-e-type=\"widget\" data-widget_type=\"image.default\">\n\t\t\t\t<div class=\"elementor-widget-container\">\n\t\t\t\t\t\t\t\t\t\t\t\t<figure class=\"wp-caption\">\n\t\t\t\t\t\t\t\t\t\t<img loading=\"lazy\" decoding=\"async\" width=\"800\" height=\"537\" src=\"https:\/\/www.elturistatranquil.com\/wp-content\/uploads\/F35-Museo-Guggenheim-Foto-P.B.-1.jpg\" class=\"attachment-large size-large wp-image-6663\" alt=\"\" srcset=\"https:\/\/www.elturistatranquil.com\/wp-content\/uploads\/F35-Museo-Guggenheim-Foto-P.B.-1.jpg 800w, https:\/\/www.elturistatranquil.com\/wp-content\/uploads\/F35-Museo-Guggenheim-Foto-P.B.-1-768x516.jpg 768w\" sizes=\"(max-width: 800px) 100vw, 800px\" \/>\t\t\t\t\t\t\t\t\t\t\t<figcaption class=\"widget-image-caption wp-caption-text\">(Foto P.B.)<\/figcaption>\n\t\t\t\t\t\t\t\t\t\t<\/figure>\n\t\t\t\t\t\t\t\t\t<\/div>\n\t\t\t\t<\/div>\n\t\t\t\t<div class=\"elementor-element elementor-element-3f381eda elementor-widget elementor-widget-image\" data-id=\"3f381eda\" data-element_type=\"widget\" data-e-type=\"widget\" data-widget_type=\"image.default\">\n\t\t\t\t<div class=\"elementor-widget-container\">\n\t\t\t\t\t\t\t\t\t\t\t\t<figure class=\"wp-caption\">\n\t\t\t\t\t\t\t\t\t\t<img loading=\"lazy\" decoding=\"async\" width=\"800\" height=\"533\" src=\"https:\/\/www.elturistatranquil.com\/wp-content\/uploads\/F35-Museo-Guggenheim-Bilbao-Foto-L.L.-1.jpg\" class=\"attachment-large size-large wp-image-6665\" alt=\"\" srcset=\"https:\/\/www.elturistatranquil.com\/wp-content\/uploads\/F35-Museo-Guggenheim-Bilbao-Foto-L.L.-1.jpg 800w, https:\/\/www.elturistatranquil.com\/wp-content\/uploads\/F35-Museo-Guggenheim-Bilbao-Foto-L.L.-1-768x512.jpg 768w\" sizes=\"(max-width: 800px) 100vw, 800px\" \/>\t\t\t\t\t\t\t\t\t\t\t<figcaption class=\"widget-image-caption wp-caption-text\">(Foto L.L.)<\/figcaption>\n\t\t\t\t\t\t\t\t\t\t<\/figure>\n\t\t\t\t\t\t\t\t\t<\/div>\n\t\t\t\t<\/div>\n\t\t\t\t<div class=\"elementor-element elementor-element-5bb19f14 elementor-widget elementor-widget-text-editor\" data-id=\"5bb19f14\" data-element_type=\"widget\" data-e-type=\"widget\" data-widget_type=\"text-editor.default\">\n\t\t\t\t<div class=\"elementor-widget-container\">\n\t\t\t\t\t\t\t\t\t<p>Tenim ocasi\u00f3 d&#8217;acostar-nos a les plaques de titani que, com escates, recobreixen la major part de l&#8217;edifici sobre les parets corbes. Mentre que els espais c\u00fabics han estat constru\u00efts amb pedra.<\/p>\t\t\t\t\t\t\t\t<\/div>\n\t\t\t\t<\/div>\n\t\t\t\t<div class=\"elementor-element elementor-element-25c53719 elementor-widget elementor-widget-image\" data-id=\"25c53719\" data-element_type=\"widget\" data-e-type=\"widget\" data-widget_type=\"image.default\">\n\t\t\t\t<div class=\"elementor-widget-container\">\n\t\t\t\t\t\t\t\t\t\t\t\t\t\t\t<img loading=\"lazy\" decoding=\"async\" width=\"800\" height=\"533\" src=\"https:\/\/www.elturistatranquil.com\/wp-content\/uploads\/F36-Museo-Guggenheim-Bilbao-1.jpg\" class=\"attachment-large size-large wp-image-6667\" alt=\"\" srcset=\"https:\/\/www.elturistatranquil.com\/wp-content\/uploads\/F36-Museo-Guggenheim-Bilbao-1.jpg 800w, https:\/\/www.elturistatranquil.com\/wp-content\/uploads\/F36-Museo-Guggenheim-Bilbao-1-768x512.jpg 768w\" sizes=\"(max-width: 800px) 100vw, 800px\" \/>\t\t\t\t\t\t\t\t\t\t\t\t\t\t\t<\/div>\n\t\t\t\t<\/div>\n\t\t\t\t<div class=\"elementor-element elementor-element-cf8a9e4 elementor-widget elementor-widget-image\" data-id=\"cf8a9e4\" data-element_type=\"widget\" data-e-type=\"widget\" data-widget_type=\"image.default\">\n\t\t\t\t<div class=\"elementor-widget-container\">\n\t\t\t\t\t\t\t\t\t\t\t\t<figure class=\"wp-caption\">\n\t\t\t\t\t\t\t\t\t\t<img loading=\"lazy\" decoding=\"async\" width=\"800\" height=\"537\" src=\"https:\/\/www.elturistatranquil.com\/wp-content\/uploads\/F37-Museo-Guggenheim-Foto-P.B.-1.jpg\" class=\"attachment-large size-large wp-image-6669\" alt=\"\" srcset=\"https:\/\/www.elturistatranquil.com\/wp-content\/uploads\/F37-Museo-Guggenheim-Foto-P.B.-1.jpg 800w, https:\/\/www.elturistatranquil.com\/wp-content\/uploads\/F37-Museo-Guggenheim-Foto-P.B.-1-768x516.jpg 768w\" sizes=\"(max-width: 800px) 100vw, 800px\" \/>\t\t\t\t\t\t\t\t\t\t\t<figcaption class=\"widget-image-caption wp-caption-text\">(Foto P.B.)<\/figcaption>\n\t\t\t\t\t\t\t\t\t\t<\/figure>\n\t\t\t\t\t\t\t\t\t<\/div>\n\t\t\t\t<\/div>\n\t\t\t\t<div class=\"elementor-element elementor-element-40ae0932 elementor-widget elementor-widget-text-editor\" data-id=\"40ae0932\" data-element_type=\"widget\" data-e-type=\"widget\" data-widget_type=\"text-editor.default\">\n\t\t\t\t<div class=\"elementor-widget-container\">\n\t\t\t\t\t\t\t\t\t<p>Per entendre com acaba aquesta part de l\u2019edifici, ens situarem fora de Museu a peu de carrer a l\u2019altre banda del pont de La Salve. Des d\u2019aqu\u00ed es veu perfectament com l\u2019edifici avan\u00e7a des de (<strong>S<\/strong>) per sota del pont, fins arribar a l\u2019altre costat, on s\u2019eleva la Torre (<strong>T<\/strong>).<\/p>\t\t\t\t\t\t\t\t<\/div>\n\t\t\t\t<\/div>\n\t\t\t\t<div class=\"elementor-element elementor-element-2a57f3f7 elementor-widget elementor-widget-image\" data-id=\"2a57f3f7\" data-element_type=\"widget\" data-e-type=\"widget\" data-widget_type=\"image.default\">\n\t\t\t\t<div class=\"elementor-widget-container\">\n\t\t\t\t\t\t\t\t\t\t\t\t<figure class=\"wp-caption\">\n\t\t\t\t\t\t\t\t\t\t<img loading=\"lazy\" decoding=\"async\" width=\"800\" height=\"533\" src=\"https:\/\/www.elturistatranquil.com\/wp-content\/uploads\/F39-Museo-Guggenheim-Bilbao-Foto-L.L.-1.jpg\" class=\"attachment-large size-large wp-image-6671\" alt=\"\" srcset=\"https:\/\/www.elturistatranquil.com\/wp-content\/uploads\/F39-Museo-Guggenheim-Bilbao-Foto-L.L.-1.jpg 800w, https:\/\/www.elturistatranquil.com\/wp-content\/uploads\/F39-Museo-Guggenheim-Bilbao-Foto-L.L.-1-768x512.jpg 768w\" sizes=\"(max-width: 800px) 100vw, 800px\" \/>\t\t\t\t\t\t\t\t\t\t\t<figcaption class=\"widget-image-caption wp-caption-text\">(Foto L.L.)<\/figcaption>\n\t\t\t\t\t\t\t\t\t\t<\/figure>\n\t\t\t\t\t\t\t\t\t<\/div>\n\t\t\t\t<\/div>\n\t\t\t\t<div class=\"elementor-element elementor-element-49d42814 elementor-widget elementor-widget-image\" data-id=\"49d42814\" data-element_type=\"widget\" data-e-type=\"widget\" data-widget_type=\"image.default\">\n\t\t\t\t<div class=\"elementor-widget-container\">\n\t\t\t\t\t\t\t\t\t\t\t\t<figure class=\"wp-caption\">\n\t\t\t\t\t\t\t\t\t\t<img loading=\"lazy\" decoding=\"async\" width=\"800\" height=\"533\" src=\"https:\/\/www.elturistatranquil.com\/wp-content\/uploads\/F40-Museo-Guggenheim-Bilbao-Foto-L.L.-1.jpg\" class=\"attachment-large size-large wp-image-6673\" alt=\"\" srcset=\"https:\/\/www.elturistatranquil.com\/wp-content\/uploads\/F40-Museo-Guggenheim-Bilbao-Foto-L.L.-1.jpg 800w, https:\/\/www.elturistatranquil.com\/wp-content\/uploads\/F40-Museo-Guggenheim-Bilbao-Foto-L.L.-1-768x512.jpg 768w\" sizes=\"(max-width: 800px) 100vw, 800px\" \/>\t\t\t\t\t\t\t\t\t\t\t<figcaption class=\"widget-image-caption wp-caption-text\">(Foto L.L.)<\/figcaption>\n\t\t\t\t\t\t\t\t\t\t<\/figure>\n\t\t\t\t\t\t\t\t\t<\/div>\n\t\t\t\t<\/div>\n\t\t\t\t<div class=\"elementor-element elementor-element-282c645d elementor-widget elementor-widget-image\" data-id=\"282c645d\" data-element_type=\"widget\" data-e-type=\"widget\" data-widget_type=\"image.default\">\n\t\t\t\t<div class=\"elementor-widget-container\">\n\t\t\t\t\t\t\t\t\t\t\t\t<figure class=\"wp-caption\">\n\t\t\t\t\t\t\t\t\t\t<img loading=\"lazy\" decoding=\"async\" width=\"413\" height=\"550\" src=\"https:\/\/www.elturistatranquil.com\/wp-content\/uploads\/F41-Museo-Guggenheim-Bilbao-Foto-L.L.-1.jpg\" class=\"attachment-large size-large wp-image-6675\" alt=\"\" \/>\t\t\t\t\t\t\t\t\t\t\t<figcaption class=\"widget-image-caption wp-caption-text\">(Foto L.L.)<\/figcaption>\n\t\t\t\t\t\t\t\t\t\t<\/figure>\n\t\t\t\t\t\t\t\t\t<\/div>\n\t\t\t\t<\/div>\n\t\t\t\t<div class=\"elementor-element elementor-element-2791da42 elementor-widget elementor-widget-image\" data-id=\"2791da42\" data-element_type=\"widget\" data-e-type=\"widget\" data-widget_type=\"image.default\">\n\t\t\t\t<div class=\"elementor-widget-container\">\n\t\t\t\t\t\t\t\t\t\t\t\t<figure class=\"wp-caption\">\n\t\t\t\t\t\t\t\t\t\t<img loading=\"lazy\" decoding=\"async\" width=\"800\" height=\"533\" src=\"https:\/\/www.elturistatranquil.com\/wp-content\/uploads\/F42-Museo-Guggenheim-Bilbao-Foto-L.L.-1.jpg\" class=\"attachment-large size-large wp-image-6677\" alt=\"\" srcset=\"https:\/\/www.elturistatranquil.com\/wp-content\/uploads\/F42-Museo-Guggenheim-Bilbao-Foto-L.L.-1.jpg 800w, https:\/\/www.elturistatranquil.com\/wp-content\/uploads\/F42-Museo-Guggenheim-Bilbao-Foto-L.L.-1-768x512.jpg 768w\" sizes=\"(max-width: 800px) 100vw, 800px\" \/>\t\t\t\t\t\t\t\t\t\t\t<figcaption class=\"widget-image-caption wp-caption-text\">(Foto L.L.)<\/figcaption>\n\t\t\t\t\t\t\t\t\t\t<\/figure>\n\t\t\t\t\t\t\t\t\t<\/div>\n\t\t\t\t<\/div>\n\t\t\t\t<div class=\"elementor-element elementor-element-515b1788 elementor-widget elementor-widget-text-editor\" data-id=\"515b1788\" data-element_type=\"widget\" data-e-type=\"widget\" data-widget_type=\"text-editor.default\">\n\t\t\t\t<div class=\"elementor-widget-container\">\n\t\t\t\t\t\t\t\t\t<p>Haurem entrat ja en contacte amb l&#8217;escultura &#8220;<em> Arcos rojos<\/em> &#8221; (<strong>5<\/strong>) instal\u00b7lada sobre el Pont de La Salve.<\/p>\t\t\t\t\t\t\t\t<\/div>\n\t\t\t\t<\/div>\n\t\t\t\t<div class=\"elementor-element elementor-element-311c44c6 elementor-widget elementor-widget-image\" data-id=\"311c44c6\" data-element_type=\"widget\" data-e-type=\"widget\" data-widget_type=\"image.default\">\n\t\t\t\t<div class=\"elementor-widget-container\">\n\t\t\t\t\t\t\t\t\t\t\t\t<figure class=\"wp-caption\">\n\t\t\t\t\t\t\t\t\t\t<img loading=\"lazy\" decoding=\"async\" width=\"413\" height=\"550\" src=\"https:\/\/www.elturistatranquil.com\/wp-content\/uploads\/F43-Museo-Guggenheim-Bilbao-Foto-L.L.-1-1.jpg\" class=\"attachment-large size-large wp-image-6679\" alt=\"\" \/>\t\t\t\t\t\t\t\t\t\t\t<figcaption class=\"widget-image-caption wp-caption-text\">(Foto L.L.)<\/figcaption>\n\t\t\t\t\t\t\t\t\t\t<\/figure>\n\t\t\t\t\t\t\t\t\t<\/div>\n\t\t\t\t<\/div>\n\t\t\t\t<div class=\"elementor-element elementor-element-5ec96e elementor-widget elementor-widget-text-editor\" data-id=\"5ec96e\" data-element_type=\"widget\" data-e-type=\"widget\" data-widget_type=\"text-editor.default\">\n\t\t\t\t<div class=\"elementor-widget-container\">\n\t\t\t\t\t\t\t\t\t<p>L&#8217;escultura de <strong>Daniel Buren<\/strong>, <a href=\"https:\/\/www.guggenheim-bilbao.eus\/obras\/arcos-rojos-arku-gorriak-3\/\" target=\"_blank\" rel=\"noopener\"><em>Arcos rojos \/ Arku gorriak<\/em><\/a>,\u00a0va ser inaugurada el 2007 en ocasi\u00f3 del Des\u00e8 Aniversari del Museu. Aconsegueix que l&#8217;estructura del Pont La Salve sigui menys brutal per\u00f2 m\u00e9s visible. Per a aix\u00f2, l&#8217;artista va dissenyar una pe\u00e7a vertical perpendicular a aquest i retallada per tres cercles situats a la mateixa dist\u00e0ncia uns dels altres. L&#8217;obra crea un gran cercle central que emmarca la carretera, i genera dos semicercles m\u00e9s que es completen amb el seu reflex en l&#8217;aigua i la seva prolongaci\u00f3 en l&#8217;aire. La superf\u00edcie de l&#8217;estructura \u00e9s de color vermell, mentre que les vores exteriors i interiors dels arcs estan coberts per bandes verticals que alternen el negre i el blanc. Aquestes vores estan fabricats en un material transl\u00facid, que a la nit permet visualitzar una s\u00e8rie de jocs de llum verticals que entaulen un di\u00e0leg amb els vehicles que discorren per la cal\u00e7ada del Pont.<\/p>\t\t\t\t\t\t\t\t<\/div>\n\t\t\t\t<\/div>\n\t\t\t\t<div class=\"elementor-element elementor-element-a39c2b elementor-widget elementor-widget-image\" data-id=\"a39c2b\" data-element_type=\"widget\" data-e-type=\"widget\" data-widget_type=\"image.default\">\n\t\t\t\t<div class=\"elementor-widget-container\">\n\t\t\t\t\t\t\t\t\t\t\t\t<figure class=\"wp-caption\">\n\t\t\t\t\t\t\t\t\t\t<img loading=\"lazy\" decoding=\"async\" width=\"501\" height=\"550\" src=\"https:\/\/www.elturistatranquil.com\/wp-content\/uploads\/F45-Museo-Guggenheim-Bilbao-Foto-L.L.-1.jpg\" class=\"attachment-large size-large wp-image-6681\" alt=\"\" \/>\t\t\t\t\t\t\t\t\t\t\t<figcaption class=\"widget-image-caption wp-caption-text\">Al costat de la base del Pont una part de l'escultura p\u00fablica \u201cPuerta de los honorables. Monumento a Ram\u00f3n Rubial\u201d de l\u2019any 2001 obra de Casto Solano (Foto L.L.)<\/figcaption>\n\t\t\t\t\t\t\t\t\t\t<\/figure>\n\t\t\t\t\t\t\t\t\t<\/div>\n\t\t\t\t<\/div>\n\t\t\t\t<div class=\"elementor-element elementor-element-6a3f5501 elementor-widget elementor-widget-image\" data-id=\"6a3f5501\" data-element_type=\"widget\" data-e-type=\"widget\" data-widget_type=\"image.default\">\n\t\t\t\t<div class=\"elementor-widget-container\">\n\t\t\t\t\t\t\t\t\t\t\t\t<figure class=\"wp-caption\">\n\t\t\t\t\t\t\t\t\t\t<img loading=\"lazy\" decoding=\"async\" width=\"800\" height=\"533\" src=\"https:\/\/www.elturistatranquil.com\/wp-content\/uploads\/F46-Museo-Guggenheim-Bilbao-Foto-L.L.-1.jpg\" class=\"attachment-large size-large wp-image-6683\" alt=\"\" srcset=\"https:\/\/www.elturistatranquil.com\/wp-content\/uploads\/F46-Museo-Guggenheim-Bilbao-Foto-L.L.-1.jpg 800w, https:\/\/www.elturistatranquil.com\/wp-content\/uploads\/F46-Museo-Guggenheim-Bilbao-Foto-L.L.-1-768x512.jpg 768w\" sizes=\"(max-width: 800px) 100vw, 800px\" \/>\t\t\t\t\t\t\t\t\t\t\t<figcaption class=\"widget-image-caption wp-caption-text\">(Foto L.L.)<\/figcaption>\n\t\t\t\t\t\t\t\t\t\t<\/figure>\n\t\t\t\t\t\t\t\t\t<\/div>\n\t\t\t\t<\/div>\n\t\t\t\t<div class=\"elementor-element elementor-element-4772b974 elementor-widget elementor-widget-image\" data-id=\"4772b974\" data-element_type=\"widget\" data-e-type=\"widget\" data-widget_type=\"image.default\">\n\t\t\t\t<div class=\"elementor-widget-container\">\n\t\t\t\t\t\t\t\t\t\t\t\t<figure class=\"wp-caption\">\n\t\t\t\t\t\t\t\t\t\t<img loading=\"lazy\" decoding=\"async\" width=\"800\" height=\"534\" src=\"https:\/\/www.elturistatranquil.com\/wp-content\/uploads\/F47-Museo-Guggenheim-Bilbao-Foto-L.L-1.jpg\" class=\"attachment-large size-large wp-image-6685\" alt=\"\" srcset=\"https:\/\/www.elturistatranquil.com\/wp-content\/uploads\/F47-Museo-Guggenheim-Bilbao-Foto-L.L-1.jpg 800w, https:\/\/www.elturistatranquil.com\/wp-content\/uploads\/F47-Museo-Guggenheim-Bilbao-Foto-L.L-1-768x513.jpg 768w\" sizes=\"(max-width: 800px) 100vw, 800px\" \/>\t\t\t\t\t\t\t\t\t\t\t<figcaption class=\"widget-image-caption wp-caption-text\">(Foto L.L.)<\/figcaption>\n\t\t\t\t\t\t\t\t\t\t<\/figure>\n\t\t\t\t\t\t\t\t\t<\/div>\n\t\t\t\t<\/div>\n\t\t\t\t<div class=\"elementor-element elementor-element-d7c2416 elementor-widget elementor-widget-text-editor\" data-id=\"d7c2416\" data-element_type=\"widget\" data-e-type=\"widget\" data-widget_type=\"text-editor.default\">\n\t\t\t\t<div class=\"elementor-widget-container\">\n\t\t\t\t\t\t\t\t\t<p>Finalment, en aquest recorregut per l&#8217;exterior, ens aproparem una altra obra de <strong>Jeff Koons<\/strong> per al Museu, el\u00a0\u201c<a href=\"https:\/\/www.guggenheim-bilbao.eus\/obras\/puppy-2\/\" target=\"_blank\" rel=\"noopener\"><em>Puppy<\/em><\/a>\u201d\u00a0(<strong>4<\/strong>) de 1992. L&#8217;altra obra del mateix artista era \u201c<em>Tulipanes<\/em>\u201d.<\/p><p>Sembla ser que havia de ser una obra temporal per\u00f2 que, finalment, es va mantenir com a definitiva. \u00c9s un reclam permanent per a fotografia i <em>selfis<\/em>.<\/p><p>Amb un interior d&#8217;acer inoxidable, substrat i plantes en floraci\u00f3, Koons ha dissenyat aquesta escultura p\u00fablica amb la irrevocable finalitat d&#8217;atreure, suscitar optimisme i infondre, en les seves pr\u00f2pies paraules, &#8220;confian\u00e7a i seguretat&#8221;. Puppy, majestu\u00f3s i robust alhora que fa gu\u00e0rdia a les portes del Museu, plena als espectadors d&#8217;admiraci\u00f3 i d&#8217;alegria.<\/p><p>Amb 12 metres d&#8217;altura, es renova dues vegades l&#8217;any. Aix\u00ed que cada vegada que aneu a veure\u2019l ser\u00e0 diferent, com en les fotografies seg\u00fcents, de 2011 i 2017.<\/p>\t\t\t\t\t\t\t\t<\/div>\n\t\t\t\t<\/div>\n\t\t\t\t<div class=\"elementor-element elementor-element-284a3d1d elementor-widget elementor-widget-image\" data-id=\"284a3d1d\" data-element_type=\"widget\" data-e-type=\"widget\" data-widget_type=\"image.default\">\n\t\t\t\t<div class=\"elementor-widget-container\">\n\t\t\t\t\t\t\t\t\t\t\t\t<figure class=\"wp-caption\">\n\t\t\t\t\t\t\t\t\t\t<img loading=\"lazy\" decoding=\"async\" width=\"413\" height=\"550\" src=\"https:\/\/www.elturistatranquil.com\/wp-content\/uploads\/F48-Museo-Guggenheim-Bilbao-Foto-L.L.-1.jpg\" class=\"attachment-large size-large wp-image-6687\" alt=\"\" \/>\t\t\t\t\t\t\t\t\t\t\t<figcaption class=\"widget-image-caption wp-caption-text\">En 2011 (Foto L.L.)<\/figcaption>\n\t\t\t\t\t\t\t\t\t\t<\/figure>\n\t\t\t\t\t\t\t\t\t<\/div>\n\t\t\t\t<\/div>\n\t\t\t\t<div class=\"elementor-element elementor-element-1a76957f elementor-widget elementor-widget-menu-anchor\" data-id=\"1a76957f\" data-element_type=\"widget\" data-e-type=\"widget\" data-widget_type=\"menu-anchor.default\">\n\t\t\t\t<div class=\"elementor-widget-container\">\n\t\t\t\t\t\t\t<div class=\"elementor-menu-anchor\" id=\"b1808\"><\/div>\n\t\t\t\t\t\t<\/div>\n\t\t\t\t<\/div>\n\t\t\t\t<div class=\"elementor-element elementor-element-3db84e47 elementor-widget elementor-widget-image\" data-id=\"3db84e47\" data-element_type=\"widget\" data-e-type=\"widget\" data-widget_type=\"image.default\">\n\t\t\t\t<div class=\"elementor-widget-container\">\n\t\t\t\t\t\t\t\t\t\t\t\t<figure class=\"wp-caption\">\n\t\t\t\t\t\t\t\t\t\t<img loading=\"lazy\" decoding=\"async\" width=\"800\" height=\"534\" src=\"https:\/\/www.elturistatranquil.com\/wp-content\/uploads\/F49-Museo-Guggenheim-Bilbao-Foto-L.L.-1.jpg\" class=\"attachment-large size-large wp-image-6689\" alt=\"\" srcset=\"https:\/\/www.elturistatranquil.com\/wp-content\/uploads\/F49-Museo-Guggenheim-Bilbao-Foto-L.L.-1.jpg 800w, https:\/\/www.elturistatranquil.com\/wp-content\/uploads\/F49-Museo-Guggenheim-Bilbao-Foto-L.L.-1-768x513.jpg 768w\" sizes=\"(max-width: 800px) 100vw, 800px\" \/>\t\t\t\t\t\t\t\t\t\t\t<figcaption class=\"widget-image-caption wp-caption-text\">En 2017 (Foto L.L.)<\/figcaption>\n\t\t\t\t\t\t\t\t\t\t<\/figure>\n\t\t\t\t\t\t\t\t\t<\/div>\n\t\t\t\t<\/div>\n\t\t\t\t<div class=\"elementor-element elementor-element-43b58098 elementor-widget elementor-widget-heading\" data-id=\"43b58098\" data-element_type=\"widget\" data-e-type=\"widget\" data-widget_type=\"heading.default\">\n\t\t\t\t<div class=\"elementor-widget-container\">\n\t\t\t\t\t<h2 class=\"elementor-heading-title elementor-size-default\">L\u2019interior de l\u2019edifici<\/h2>\t\t\t\t<\/div>\n\t\t\t\t<\/div>\n\t\t\t\t<div class=\"elementor-element elementor-element-2b1d8240 elementor-widget elementor-widget-text-editor\" data-id=\"2b1d8240\" data-element_type=\"widget\" data-e-type=\"widget\" data-widget_type=\"text-editor.default\">\n\t\t\t\t<div class=\"elementor-widget-container\">\n\t\t\t\t\t\t\t\t\t<p>Si apassionant i sorprenent \u00e9s l&#8217;exterior de l&#8217;Edifici de Museu Guggenheim, no menys apassionant i sorprenent \u00e9s la seva arquitectura interior.<\/p><p>Un cop dins, superada la zona de recepci\u00f3, l&#8217;interior del Museu ens rep amb un gran atri que forma un pati interior sobre el qual convergeixen els passadissos de distribuci\u00f3 de les dues plantes superiors. D&#8217;aquests passadissos partiran les diferents sales d&#8217;exposici\u00f3.<\/p><p>La seq\u00fc\u00e8ncia de fotografies que segueix no mant\u00e9 cap ordre de recorregut, sin\u00f3 que les he agrupat d&#8217;una manera que podr\u00edem considerar conceptualment tem\u00e0tica, segons els elements arquitect\u00f2nics dominants en les seves formes.<\/p><p>Excloc qualsevol comentari valoratiu. Crec que parlen per si soles.<\/p>\t\t\t\t\t\t\t\t<\/div>\n\t\t\t\t<\/div>\n\t\t\t\t<div class=\"elementor-element elementor-element-4839a11e elementor-widget elementor-widget-image\" data-id=\"4839a11e\" data-element_type=\"widget\" data-e-type=\"widget\" data-widget_type=\"image.default\">\n\t\t\t\t<div class=\"elementor-widget-container\">\n\t\t\t\t\t\t\t\t\t\t\t\t<figure class=\"wp-caption\">\n\t\t\t\t\t\t\t\t\t\t<img loading=\"lazy\" decoding=\"async\" width=\"369\" height=\"550\" src=\"https:\/\/www.elturistatranquil.com\/wp-content\/uploads\/F51-Museo-Guggenheim-Foto-P.B.-1.jpg\" class=\"attachment-large size-large wp-image-6691\" alt=\"\" \/>\t\t\t\t\t\t\t\t\t\t\t<figcaption class=\"widget-image-caption wp-caption-text\">(Foto P.B.)<\/figcaption>\n\t\t\t\t\t\t\t\t\t\t<\/figure>\n\t\t\t\t\t\t\t\t\t<\/div>\n\t\t\t\t<\/div>\n\t\t\t\t<div class=\"elementor-element elementor-element-1b8b225e elementor-widget elementor-widget-image\" data-id=\"1b8b225e\" data-element_type=\"widget\" data-e-type=\"widget\" data-widget_type=\"image.default\">\n\t\t\t\t<div class=\"elementor-widget-container\">\n\t\t\t\t\t\t\t\t\t\t\t\t<figure class=\"wp-caption\">\n\t\t\t\t\t\t\t\t\t\t<img loading=\"lazy\" decoding=\"async\" width=\"800\" height=\"537\" src=\"https:\/\/www.elturistatranquil.com\/wp-content\/uploads\/F53-Museo-Guggenheim-Foto-P.B.-1.jpg\" class=\"attachment-large size-large wp-image-6693\" alt=\"\" srcset=\"https:\/\/www.elturistatranquil.com\/wp-content\/uploads\/F53-Museo-Guggenheim-Foto-P.B.-1.jpg 800w, https:\/\/www.elturistatranquil.com\/wp-content\/uploads\/F53-Museo-Guggenheim-Foto-P.B.-1-768x516.jpg 768w\" sizes=\"(max-width: 800px) 100vw, 800px\" \/>\t\t\t\t\t\t\t\t\t\t\t<figcaption class=\"widget-image-caption wp-caption-text\">(Foto P.B.)<\/figcaption>\n\t\t\t\t\t\t\t\t\t\t<\/figure>\n\t\t\t\t\t\t\t\t\t<\/div>\n\t\t\t\t<\/div>\n\t\t\t\t<div class=\"elementor-element elementor-element-3a6c93c9 elementor-widget elementor-widget-image\" data-id=\"3a6c93c9\" data-element_type=\"widget\" data-e-type=\"widget\" data-widget_type=\"image.default\">\n\t\t\t\t<div class=\"elementor-widget-container\">\n\t\t\t\t\t\t\t\t\t\t\t\t<figure class=\"wp-caption\">\n\t\t\t\t\t\t\t\t\t\t<img loading=\"lazy\" decoding=\"async\" width=\"800\" height=\"537\" src=\"https:\/\/www.elturistatranquil.com\/wp-content\/uploads\/F54-Museo-Guggenheim-Foto-P.B.-1.jpg\" class=\"attachment-large size-large wp-image-6695\" alt=\"\" srcset=\"https:\/\/www.elturistatranquil.com\/wp-content\/uploads\/F54-Museo-Guggenheim-Foto-P.B.-1.jpg 800w, https:\/\/www.elturistatranquil.com\/wp-content\/uploads\/F54-Museo-Guggenheim-Foto-P.B.-1-768x516.jpg 768w\" sizes=\"(max-width: 800px) 100vw, 800px\" \/>\t\t\t\t\t\t\t\t\t\t\t<figcaption class=\"widget-image-caption wp-caption-text\">(Foto P.B.)<\/figcaption>\n\t\t\t\t\t\t\t\t\t\t<\/figure>\n\t\t\t\t\t\t\t\t\t<\/div>\n\t\t\t\t<\/div>\n\t\t\t\t<div class=\"elementor-element elementor-element-6b44b7d7 elementor-widget elementor-widget-image\" data-id=\"6b44b7d7\" data-element_type=\"widget\" data-e-type=\"widget\" data-widget_type=\"image.default\">\n\t\t\t\t<div class=\"elementor-widget-container\">\n\t\t\t\t\t\t\t\t\t\t\t\t<figure class=\"wp-caption\">\n\t\t\t\t\t\t\t\t\t\t<img loading=\"lazy\" decoding=\"async\" width=\"800\" height=\"537\" src=\"https:\/\/www.elturistatranquil.com\/wp-content\/uploads\/F55-Museo-Guggenheim-Foto-P.B.-1.jpg\" class=\"attachment-large size-large wp-image-6697\" alt=\"\" srcset=\"https:\/\/www.elturistatranquil.com\/wp-content\/uploads\/F55-Museo-Guggenheim-Foto-P.B.-1.jpg 800w, https:\/\/www.elturistatranquil.com\/wp-content\/uploads\/F55-Museo-Guggenheim-Foto-P.B.-1-768x516.jpg 768w\" sizes=\"(max-width: 800px) 100vw, 800px\" \/>\t\t\t\t\t\t\t\t\t\t\t<figcaption class=\"widget-image-caption wp-caption-text\">(Foto P.B.)<\/figcaption>\n\t\t\t\t\t\t\t\t\t\t<\/figure>\n\t\t\t\t\t\t\t\t\t<\/div>\n\t\t\t\t<\/div>\n\t\t\t\t<div class=\"elementor-element elementor-element-40c8d59d elementor-widget elementor-widget-image\" data-id=\"40c8d59d\" data-element_type=\"widget\" data-e-type=\"widget\" data-widget_type=\"image.default\">\n\t\t\t\t<div class=\"elementor-widget-container\">\n\t\t\t\t\t\t\t\t\t\t\t\t<figure class=\"wp-caption\">\n\t\t\t\t\t\t\t\t\t\t<img loading=\"lazy\" decoding=\"async\" width=\"800\" height=\"534\" src=\"https:\/\/www.elturistatranquil.com\/wp-content\/uploads\/F57-Museo-Guggenheim-Bilbao-Foto-L.L.-1.jpg\" class=\"attachment-large size-large wp-image-6699\" alt=\"\" srcset=\"https:\/\/www.elturistatranquil.com\/wp-content\/uploads\/F57-Museo-Guggenheim-Bilbao-Foto-L.L.-1.jpg 800w, https:\/\/www.elturistatranquil.com\/wp-content\/uploads\/F57-Museo-Guggenheim-Bilbao-Foto-L.L.-1-768x513.jpg 768w\" sizes=\"(max-width: 800px) 100vw, 800px\" \/>\t\t\t\t\t\t\t\t\t\t\t<figcaption class=\"widget-image-caption wp-caption-text\">(Foto L.L.)<\/figcaption>\n\t\t\t\t\t\t\t\t\t\t<\/figure>\n\t\t\t\t\t\t\t\t\t<\/div>\n\t\t\t\t<\/div>\n\t\t\t\t<div class=\"elementor-element elementor-element-31d363bf elementor-widget elementor-widget-image\" data-id=\"31d363bf\" data-element_type=\"widget\" data-e-type=\"widget\" data-widget_type=\"image.default\">\n\t\t\t\t<div class=\"elementor-widget-container\">\n\t\t\t\t\t\t\t\t\t\t\t\t<figure class=\"wp-caption\">\n\t\t\t\t\t\t\t\t\t\t<img loading=\"lazy\" decoding=\"async\" width=\"800\" height=\"537\" src=\"https:\/\/www.elturistatranquil.com\/wp-content\/uploads\/F59-Museo-Guggenheim-Foto-P.B.-1.jpg\" class=\"attachment-large size-large wp-image-6701\" alt=\"\" srcset=\"https:\/\/www.elturistatranquil.com\/wp-content\/uploads\/F59-Museo-Guggenheim-Foto-P.B.-1.jpg 800w, https:\/\/www.elturistatranquil.com\/wp-content\/uploads\/F59-Museo-Guggenheim-Foto-P.B.-1-768x516.jpg 768w\" sizes=\"(max-width: 800px) 100vw, 800px\" \/>\t\t\t\t\t\t\t\t\t\t\t<figcaption class=\"widget-image-caption wp-caption-text\">(Foto P.B.)<\/figcaption>\n\t\t\t\t\t\t\t\t\t\t<\/figure>\n\t\t\t\t\t\t\t\t\t<\/div>\n\t\t\t\t<\/div>\n\t\t\t\t<div class=\"elementor-element elementor-element-351c5920 elementor-widget elementor-widget-image\" data-id=\"351c5920\" data-element_type=\"widget\" data-e-type=\"widget\" data-widget_type=\"image.default\">\n\t\t\t\t<div class=\"elementor-widget-container\">\n\t\t\t\t\t\t\t\t\t\t\t\t<figure class=\"wp-caption\">\n\t\t\t\t\t\t\t\t\t\t<img loading=\"lazy\" decoding=\"async\" width=\"800\" height=\"537\" src=\"https:\/\/www.elturistatranquil.com\/wp-content\/uploads\/F60-Museo-Guggenheim-Foto-P.B.-1.jpg\" class=\"attachment-large size-large wp-image-6703\" alt=\"\" srcset=\"https:\/\/www.elturistatranquil.com\/wp-content\/uploads\/F60-Museo-Guggenheim-Foto-P.B.-1.jpg 800w, https:\/\/www.elturistatranquil.com\/wp-content\/uploads\/F60-Museo-Guggenheim-Foto-P.B.-1-768x516.jpg 768w\" sizes=\"(max-width: 800px) 100vw, 800px\" \/>\t\t\t\t\t\t\t\t\t\t\t<figcaption class=\"widget-image-caption wp-caption-text\">(Foto P.B.)<\/figcaption>\n\t\t\t\t\t\t\t\t\t\t<\/figure>\n\t\t\t\t\t\t\t\t\t<\/div>\n\t\t\t\t<\/div>\n\t\t\t\t<div class=\"elementor-element elementor-element-6f1bf52c elementor-widget elementor-widget-image\" data-id=\"6f1bf52c\" data-element_type=\"widget\" data-e-type=\"widget\" data-widget_type=\"image.default\">\n\t\t\t\t<div class=\"elementor-widget-container\">\n\t\t\t\t\t\t\t\t\t\t\t\t<figure class=\"wp-caption\">\n\t\t\t\t\t\t\t\t\t\t<img loading=\"lazy\" decoding=\"async\" width=\"800\" height=\"537\" src=\"https:\/\/www.elturistatranquil.com\/wp-content\/uploads\/F63-Museo-Guggenheim-Foto-P.B.-1.jpg\" class=\"attachment-large size-large wp-image-6705\" alt=\"\" srcset=\"https:\/\/www.elturistatranquil.com\/wp-content\/uploads\/F63-Museo-Guggenheim-Foto-P.B.-1.jpg 800w, https:\/\/www.elturistatranquil.com\/wp-content\/uploads\/F63-Museo-Guggenheim-Foto-P.B.-1-768x516.jpg 768w\" sizes=\"(max-width: 800px) 100vw, 800px\" \/>\t\t\t\t\t\t\t\t\t\t\t<figcaption class=\"widget-image-caption wp-caption-text\">(Foto P.B.)<\/figcaption>\n\t\t\t\t\t\t\t\t\t\t<\/figure>\n\t\t\t\t\t\t\t\t\t<\/div>\n\t\t\t\t<\/div>\n\t\t\t\t<div class=\"elementor-element elementor-element-92002fd elementor-widget elementor-widget-image\" data-id=\"92002fd\" data-element_type=\"widget\" data-e-type=\"widget\" data-widget_type=\"image.default\">\n\t\t\t\t<div class=\"elementor-widget-container\">\n\t\t\t\t\t\t\t\t\t\t\t\t<figure class=\"wp-caption\">\n\t\t\t\t\t\t\t\t\t\t<img loading=\"lazy\" decoding=\"async\" width=\"800\" height=\"534\" src=\"https:\/\/www.elturistatranquil.com\/wp-content\/uploads\/F64-Museo-Guggenheim-Bilbao-Foto-L.L.-1.jpg\" class=\"attachment-large size-large wp-image-6707\" alt=\"\" srcset=\"https:\/\/www.elturistatranquil.com\/wp-content\/uploads\/F64-Museo-Guggenheim-Bilbao-Foto-L.L.-1.jpg 800w, https:\/\/www.elturistatranquil.com\/wp-content\/uploads\/F64-Museo-Guggenheim-Bilbao-Foto-L.L.-1-768x513.jpg 768w\" sizes=\"(max-width: 800px) 100vw, 800px\" \/>\t\t\t\t\t\t\t\t\t\t\t<figcaption class=\"widget-image-caption wp-caption-text\">Caixa de l'ascensor (Foto L.L.)<\/figcaption>\n\t\t\t\t\t\t\t\t\t\t<\/figure>\n\t\t\t\t\t\t\t\t\t<\/div>\n\t\t\t\t<\/div>\n\t\t\t\t<div class=\"elementor-element elementor-element-1e9363ca elementor-widget elementor-widget-image\" data-id=\"1e9363ca\" data-element_type=\"widget\" data-e-type=\"widget\" data-widget_type=\"image.default\">\n\t\t\t\t<div class=\"elementor-widget-container\">\n\t\t\t\t\t\t\t\t\t\t\t\t<figure class=\"wp-caption\">\n\t\t\t\t\t\t\t\t\t\t<img loading=\"lazy\" decoding=\"async\" width=\"800\" height=\"537\" src=\"https:\/\/www.elturistatranquil.com\/wp-content\/uploads\/F65-Museo-Guggenheim-Foto-P.B.-1.jpg\" class=\"attachment-large size-large wp-image-6709\" alt=\"\" srcset=\"https:\/\/www.elturistatranquil.com\/wp-content\/uploads\/F65-Museo-Guggenheim-Foto-P.B.-1.jpg 800w, https:\/\/www.elturistatranquil.com\/wp-content\/uploads\/F65-Museo-Guggenheim-Foto-P.B.-1-768x516.jpg 768w\" sizes=\"(max-width: 800px) 100vw, 800px\" \/>\t\t\t\t\t\t\t\t\t\t\t<figcaption class=\"widget-image-caption wp-caption-text\">(Foto P.B.)<\/figcaption>\n\t\t\t\t\t\t\t\t\t\t<\/figure>\n\t\t\t\t\t\t\t\t\t<\/div>\n\t\t\t\t<\/div>\n\t\t\t\t<div class=\"elementor-element elementor-element-3dbfe531 elementor-widget elementor-widget-image\" data-id=\"3dbfe531\" data-element_type=\"widget\" data-e-type=\"widget\" data-widget_type=\"image.default\">\n\t\t\t\t<div class=\"elementor-widget-container\">\n\t\t\t\t\t\t\t\t\t\t\t\t<figure class=\"wp-caption\">\n\t\t\t\t\t\t\t\t\t\t<img loading=\"lazy\" decoding=\"async\" width=\"800\" height=\"534\" src=\"https:\/\/www.elturistatranquil.com\/wp-content\/uploads\/F66-Museo-Guggenheim-Foto-P.B.-1.jpg\" class=\"attachment-large size-large wp-image-6711\" alt=\"\" srcset=\"https:\/\/www.elturistatranquil.com\/wp-content\/uploads\/F66-Museo-Guggenheim-Foto-P.B.-1.jpg 800w, https:\/\/www.elturistatranquil.com\/wp-content\/uploads\/F66-Museo-Guggenheim-Foto-P.B.-1-768x513.jpg 768w\" sizes=\"(max-width: 800px) 100vw, 800px\" \/>\t\t\t\t\t\t\t\t\t\t\t<figcaption class=\"widget-image-caption wp-caption-text\"><em>Jenny Holzer, \u201c<a href=\"https:\/\/www.guggenheim-bilbao.eus\/obras\/pareja-arno\/\" target=\"_blank\" rel=\"noopener\">Pareja Arno<\/a>\u201d, 2010. Parella de bancs corbs de marbre blanc (Foto P.B.)<\/em><\/figcaption>\n\t\t\t\t\t\t\t\t\t\t<\/figure>\n\t\t\t\t\t\t\t\t\t<\/div>\n\t\t\t\t<\/div>\n\t\t\t\t<div class=\"elementor-element elementor-element-6f83e5eb elementor-widget elementor-widget-image\" data-id=\"6f83e5eb\" data-element_type=\"widget\" data-e-type=\"widget\" data-widget_type=\"image.default\">\n\t\t\t\t<div class=\"elementor-widget-container\">\n\t\t\t\t\t\t\t\t\t\t\t\t<figure class=\"wp-caption\">\n\t\t\t\t\t\t\t\t\t\t<img loading=\"lazy\" decoding=\"async\" width=\"800\" height=\"537\" src=\"https:\/\/www.elturistatranquil.com\/wp-content\/uploads\/F67-Museo-Guggenheim-Foto-P.B.-1.jpg\" class=\"attachment-large size-large wp-image-6713\" alt=\"\" srcset=\"https:\/\/www.elturistatranquil.com\/wp-content\/uploads\/F67-Museo-Guggenheim-Foto-P.B.-1.jpg 800w, https:\/\/www.elturistatranquil.com\/wp-content\/uploads\/F67-Museo-Guggenheim-Foto-P.B.-1-768x516.jpg 768w\" sizes=\"(max-width: 800px) 100vw, 800px\" \/>\t\t\t\t\t\t\t\t\t\t\t<figcaption class=\"widget-image-caption wp-caption-text\">(Foto P.B.)<\/figcaption>\n\t\t\t\t\t\t\t\t\t\t<\/figure>\n\t\t\t\t\t\t\t\t\t<\/div>\n\t\t\t\t<\/div>\n\t\t\t\t<div class=\"elementor-element elementor-element-6ae38ab4 elementor-widget elementor-widget-image\" data-id=\"6ae38ab4\" data-element_type=\"widget\" data-e-type=\"widget\" data-widget_type=\"image.default\">\n\t\t\t\t<div class=\"elementor-widget-container\">\n\t\t\t\t\t\t\t\t\t\t\t\t<figure class=\"wp-caption\">\n\t\t\t\t\t\t\t\t\t\t<img loading=\"lazy\" decoding=\"async\" width=\"800\" height=\"533\" src=\"https:\/\/www.elturistatranquil.com\/wp-content\/uploads\/F68-Museo-Guggenheim-Bilbao-Foto-L.L.-1.jpg\" class=\"attachment-large size-large wp-image-6715\" alt=\"\" srcset=\"https:\/\/www.elturistatranquil.com\/wp-content\/uploads\/F68-Museo-Guggenheim-Bilbao-Foto-L.L.-1.jpg 800w, https:\/\/www.elturistatranquil.com\/wp-content\/uploads\/F68-Museo-Guggenheim-Bilbao-Foto-L.L.-1-768x512.jpg 768w\" sizes=\"(max-width: 800px) 100vw, 800px\" \/>\t\t\t\t\t\t\t\t\t\t\t<figcaption class=\"widget-image-caption wp-caption-text\">(Foto L.L.)<\/figcaption>\n\t\t\t\t\t\t\t\t\t\t<\/figure>\n\t\t\t\t\t\t\t\t\t<\/div>\n\t\t\t\t<\/div>\n\t\t\t\t<div class=\"elementor-element elementor-element-5f7ec6e2 elementor-widget elementor-widget-image\" data-id=\"5f7ec6e2\" data-element_type=\"widget\" data-e-type=\"widget\" data-widget_type=\"image.default\">\n\t\t\t\t<div class=\"elementor-widget-container\">\n\t\t\t\t\t\t\t\t\t\t\t\t<figure class=\"wp-caption\">\n\t\t\t\t\t\t\t\t\t\t<img loading=\"lazy\" decoding=\"async\" width=\"800\" height=\"537\" src=\"https:\/\/www.elturistatranquil.com\/wp-content\/uploads\/F69-Museo-Guggenheim-Foto-P.B.-1.jpg\" class=\"attachment-large size-large wp-image-6717\" alt=\"\" srcset=\"https:\/\/www.elturistatranquil.com\/wp-content\/uploads\/F69-Museo-Guggenheim-Foto-P.B.-1.jpg 800w, https:\/\/www.elturistatranquil.com\/wp-content\/uploads\/F69-Museo-Guggenheim-Foto-P.B.-1-768x516.jpg 768w\" sizes=\"(max-width: 800px) 100vw, 800px\" \/>\t\t\t\t\t\t\t\t\t\t\t<figcaption class=\"widget-image-caption wp-caption-text\">(Foto P.B.)<\/figcaption>\n\t\t\t\t\t\t\t\t\t\t<\/figure>\n\t\t\t\t\t\t\t\t\t<\/div>\n\t\t\t\t<\/div>\n\t\t\t\t<div class=\"elementor-element elementor-element-2e065ace elementor-widget elementor-widget-image\" data-id=\"2e065ace\" data-element_type=\"widget\" data-e-type=\"widget\" data-widget_type=\"image.default\">\n\t\t\t\t<div class=\"elementor-widget-container\">\n\t\t\t\t\t\t\t\t\t\t\t\t<figure class=\"wp-caption\">\n\t\t\t\t\t\t\t\t\t\t<img loading=\"lazy\" decoding=\"async\" width=\"800\" height=\"537\" src=\"https:\/\/www.elturistatranquil.com\/wp-content\/uploads\/F71-Museo-Guggenheim-Foto-P.B.-1.jpg\" class=\"attachment-large size-large wp-image-6719\" alt=\"\" srcset=\"https:\/\/www.elturistatranquil.com\/wp-content\/uploads\/F71-Museo-Guggenheim-Foto-P.B.-1.jpg 800w, https:\/\/www.elturistatranquil.com\/wp-content\/uploads\/F71-Museo-Guggenheim-Foto-P.B.-1-768x516.jpg 768w\" sizes=\"(max-width: 800px) 100vw, 800px\" \/>\t\t\t\t\t\t\t\t\t\t\t<figcaption class=\"widget-image-caption wp-caption-text\">(Foto P.B.)<\/figcaption>\n\t\t\t\t\t\t\t\t\t\t<\/figure>\n\t\t\t\t\t\t\t\t\t<\/div>\n\t\t\t\t<\/div>\n\t\t\t\t<div class=\"elementor-element elementor-element-6ccd08e6 elementor-widget elementor-widget-image\" data-id=\"6ccd08e6\" data-element_type=\"widget\" data-e-type=\"widget\" data-widget_type=\"image.default\">\n\t\t\t\t<div class=\"elementor-widget-container\">\n\t\t\t\t\t\t\t\t\t\t\t\t<figure class=\"wp-caption\">\n\t\t\t\t\t\t\t\t\t\t<img loading=\"lazy\" decoding=\"async\" width=\"800\" height=\"537\" src=\"https:\/\/www.elturistatranquil.com\/wp-content\/uploads\/F72-Museo-Guggenheim-Foto-P.B.-1.jpg\" class=\"attachment-large size-large wp-image-6721\" alt=\"\" srcset=\"https:\/\/www.elturistatranquil.com\/wp-content\/uploads\/F72-Museo-Guggenheim-Foto-P.B.-1.jpg 800w, https:\/\/www.elturistatranquil.com\/wp-content\/uploads\/F72-Museo-Guggenheim-Foto-P.B.-1-768x516.jpg 768w\" sizes=\"(max-width: 800px) 100vw, 800px\" \/>\t\t\t\t\t\t\t\t\t\t\t<figcaption class=\"widget-image-caption wp-caption-text\">(Foto P.B.)<\/figcaption>\n\t\t\t\t\t\t\t\t\t\t<\/figure>\n\t\t\t\t\t\t\t\t\t<\/div>\n\t\t\t\t<\/div>\n\t\t\t\t<div class=\"elementor-element elementor-element-611ecad1 elementor-widget elementor-widget-image\" data-id=\"611ecad1\" data-element_type=\"widget\" data-e-type=\"widget\" data-widget_type=\"image.default\">\n\t\t\t\t<div class=\"elementor-widget-container\">\n\t\t\t\t\t\t\t\t\t\t\t\t<figure class=\"wp-caption\">\n\t\t\t\t\t\t\t\t\t\t<img loading=\"lazy\" decoding=\"async\" width=\"800\" height=\"537\" src=\"https:\/\/www.elturistatranquil.com\/wp-content\/uploads\/F73-Museo-Guggenheim-Bilbao-Foto-P.B.-1.jpg\" class=\"attachment-large size-large wp-image-6723\" alt=\"\" srcset=\"https:\/\/www.elturistatranquil.com\/wp-content\/uploads\/F73-Museo-Guggenheim-Bilbao-Foto-P.B.-1.jpg 800w, https:\/\/www.elturistatranquil.com\/wp-content\/uploads\/F73-Museo-Guggenheim-Bilbao-Foto-P.B.-1-768x516.jpg 768w\" sizes=\"(max-width: 800px) 100vw, 800px\" \/>\t\t\t\t\t\t\t\t\t\t\t<figcaption class=\"widget-image-caption wp-caption-text\">(Foto P.B.)<\/figcaption>\n\t\t\t\t\t\t\t\t\t\t<\/figure>\n\t\t\t\t\t\t\t\t\t<\/div>\n\t\t\t\t<\/div>\n\t\t\t\t<div class=\"elementor-element elementor-element-5314db38 elementor-widget elementor-widget-menu-anchor\" data-id=\"5314db38\" data-element_type=\"widget\" data-e-type=\"widget\" data-widget_type=\"menu-anchor.default\">\n\t\t\t\t<div class=\"elementor-widget-container\">\n\t\t\t\t\t\t\t<div class=\"elementor-menu-anchor\" id=\"b1809\"><\/div>\n\t\t\t\t\t\t<\/div>\n\t\t\t\t<\/div>\n\t\t\t\t<div class=\"elementor-element elementor-element-55493357 elementor-widget elementor-widget-image\" data-id=\"55493357\" data-element_type=\"widget\" data-e-type=\"widget\" data-widget_type=\"image.default\">\n\t\t\t\t<div class=\"elementor-widget-container\">\n\t\t\t\t\t\t\t\t\t\t\t\t<figure class=\"wp-caption\">\n\t\t\t\t\t\t\t\t\t\t<img loading=\"lazy\" decoding=\"async\" width=\"800\" height=\"537\" src=\"https:\/\/www.elturistatranquil.com\/wp-content\/uploads\/F74-Museo-Guggenheim-Bilbao-Foto-P.B.-1.jpg\" class=\"attachment-large size-large wp-image-6725\" alt=\"\" srcset=\"https:\/\/www.elturistatranquil.com\/wp-content\/uploads\/F74-Museo-Guggenheim-Bilbao-Foto-P.B.-1.jpg 800w, https:\/\/www.elturistatranquil.com\/wp-content\/uploads\/F74-Museo-Guggenheim-Bilbao-Foto-P.B.-1-768x516.jpg 768w\" sizes=\"(max-width: 800px) 100vw, 800px\" \/>\t\t\t\t\t\t\t\t\t\t\t<figcaption class=\"widget-image-caption wp-caption-text\">(Foto P.B.)<\/figcaption>\n\t\t\t\t\t\t\t\t\t\t<\/figure>\n\t\t\t\t\t\t\t\t\t<\/div>\n\t\t\t\t<\/div>\n\t\t\t\t<div class=\"elementor-element elementor-element-5fbbbb63 elementor-widget elementor-widget-heading\" data-id=\"5fbbbb63\" data-element_type=\"widget\" data-e-type=\"widget\" data-widget_type=\"heading.default\">\n\t\t\t\t<div class=\"elementor-widget-container\">\n\t\t\t\t\t<h2 class=\"elementor-heading-title elementor-size-default\">L\u2019espai Richard Serra<\/h2>\t\t\t\t<\/div>\n\t\t\t\t<\/div>\n\t\t\t\t<div class=\"elementor-element elementor-element-3142f83 elementor-widget elementor-widget-text-editor\" data-id=\"3142f83\" data-element_type=\"widget\" data-e-type=\"widget\" data-widget_type=\"text-editor.default\">\n\t\t\t\t<div class=\"elementor-widget-container\">\n\t\t\t\t\t\t\t\t\t<p>Del passad\u00eds de la primera planta s&#8217;obre un balc\u00f3 sobre una gran nau en qu\u00e8 s&#8217;exposa &#8220;<em>La materia del tiempo<\/em>&#8220;, un conjunt de grans obres de l&#8217;escultor <strong>Richard Serra<\/strong> (San Francisco, EUA; 1939),<\/p><p>Aquest conjunt \u00e9s el m\u00e9s destacat de la <em>Col\u00b7lecci\u00f3 Guggeneheim<\/em>, i l&#8217;\u00fanic que s&#8217;exhibeix de manera permanent.<\/p><p>Se&#8217;l considera un escultor minimalista treballa amb grans peces d&#8217;acer corten, com les aqu\u00ed exposades.<\/p><p>Nom\u00e9s dir que impressiona la magnitud d&#8217;aquest espai i de les obres.<\/p><p>Una experi\u00e8ncia sorprenent \u00e9s la interrelaci\u00f3 que els visitants establim amb elles. \u00c9s fascinant quedar-se una estona a mirar el moviment de les persones al voltant i dins de les obres, que pot observar-se des d&#8217;aquest balc\u00f3.<\/p>\t\t\t\t\t\t\t\t<\/div>\n\t\t\t\t<\/div>\n\t\t\t\t<div class=\"elementor-element elementor-element-3cdf5eb8 elementor-widget elementor-widget-image\" data-id=\"3cdf5eb8\" data-element_type=\"widget\" data-e-type=\"widget\" data-widget_type=\"image.default\">\n\t\t\t\t<div class=\"elementor-widget-container\">\n\t\t\t\t\t\t\t\t\t\t\t\t<figure class=\"wp-caption\">\n\t\t\t\t\t\t\t\t\t\t<img loading=\"lazy\" decoding=\"async\" width=\"800\" height=\"534\" src=\"https:\/\/www.elturistatranquil.com\/wp-content\/uploads\/F76-Museo-Guggenheim-Bilbao-Foto-L.L.-1.jpg\" class=\"attachment-large size-large wp-image-6727\" alt=\"\" srcset=\"https:\/\/www.elturistatranquil.com\/wp-content\/uploads\/F76-Museo-Guggenheim-Bilbao-Foto-L.L.-1.jpg 800w, https:\/\/www.elturistatranquil.com\/wp-content\/uploads\/F76-Museo-Guggenheim-Bilbao-Foto-L.L.-1-768x513.jpg 768w\" sizes=\"(max-width: 800px) 100vw, 800px\" \/>\t\t\t\t\t\t\t\t\t\t\t<figcaption class=\"widget-image-caption wp-caption-text\">(Foto L.L.)<\/figcaption>\n\t\t\t\t\t\t\t\t\t\t<\/figure>\n\t\t\t\t\t\t\t\t\t<\/div>\n\t\t\t\t<\/div>\n\t\t\t\t<div class=\"elementor-element elementor-element-6cd40039 elementor-widget elementor-widget-image\" data-id=\"6cd40039\" data-element_type=\"widget\" data-e-type=\"widget\" data-widget_type=\"image.default\">\n\t\t\t\t<div class=\"elementor-widget-container\">\n\t\t\t\t\t\t\t\t\t\t\t\t<figure class=\"wp-caption\">\n\t\t\t\t\t\t\t\t\t\t<img loading=\"lazy\" decoding=\"async\" width=\"800\" height=\"537\" src=\"https:\/\/www.elturistatranquil.com\/wp-content\/uploads\/F77-Museo-Guggenheim-Bilbao-Foto-P.B.-1.jpg\" class=\"attachment-large size-large wp-image-6729\" alt=\"\" srcset=\"https:\/\/www.elturistatranquil.com\/wp-content\/uploads\/F77-Museo-Guggenheim-Bilbao-Foto-P.B.-1.jpg 800w, https:\/\/www.elturistatranquil.com\/wp-content\/uploads\/F77-Museo-Guggenheim-Bilbao-Foto-P.B.-1-768x516.jpg 768w\" sizes=\"(max-width: 800px) 100vw, 800px\" \/>\t\t\t\t\t\t\t\t\t\t\t<figcaption class=\"widget-image-caption wp-caption-text\">(Foto P.B.)<\/figcaption>\n\t\t\t\t\t\t\t\t\t\t<\/figure>\n\t\t\t\t\t\t\t\t\t<\/div>\n\t\t\t\t<\/div>\n\t\t\t\t<div class=\"elementor-element elementor-element-cacb547 elementor-widget elementor-widget-image\" data-id=\"cacb547\" data-element_type=\"widget\" data-e-type=\"widget\" data-widget_type=\"image.default\">\n\t\t\t\t<div class=\"elementor-widget-container\">\n\t\t\t\t\t\t\t\t\t\t\t\t<figure class=\"wp-caption\">\n\t\t\t\t\t\t\t\t\t\t<img loading=\"lazy\" decoding=\"async\" width=\"800\" height=\"537\" src=\"https:\/\/www.elturistatranquil.com\/wp-content\/uploads\/F78-Museo-Guggenheim-Bilbao-Foto-P.B.-1.jpg\" class=\"attachment-large size-large wp-image-6731\" alt=\"\" srcset=\"https:\/\/www.elturistatranquil.com\/wp-content\/uploads\/F78-Museo-Guggenheim-Bilbao-Foto-P.B.-1.jpg 800w, https:\/\/www.elturistatranquil.com\/wp-content\/uploads\/F78-Museo-Guggenheim-Bilbao-Foto-P.B.-1-768x516.jpg 768w\" sizes=\"(max-width: 800px) 100vw, 800px\" \/>\t\t\t\t\t\t\t\t\t\t\t<figcaption class=\"widget-image-caption wp-caption-text\">(Foto P.B.)<\/figcaption>\n\t\t\t\t\t\t\t\t\t\t<\/figure>\n\t\t\t\t\t\t\t\t\t<\/div>\n\t\t\t\t<\/div>\n\t\t\t\t<div class=\"elementor-element elementor-element-8870d88 elementor-widget elementor-widget-image\" data-id=\"8870d88\" data-element_type=\"widget\" data-e-type=\"widget\" data-widget_type=\"image.default\">\n\t\t\t\t<div class=\"elementor-widget-container\">\n\t\t\t\t\t\t\t\t\t\t\t\t<figure class=\"wp-caption\">\n\t\t\t\t\t\t\t\t\t\t<img loading=\"lazy\" decoding=\"async\" width=\"800\" height=\"533\" src=\"https:\/\/www.elturistatranquil.com\/wp-content\/uploads\/F79-Museo-Guggenheim-Bilbao-Foto-P.B.-1.jpg\" class=\"attachment-large size-large wp-image-6733\" alt=\"\" srcset=\"https:\/\/www.elturistatranquil.com\/wp-content\/uploads\/F79-Museo-Guggenheim-Bilbao-Foto-P.B.-1.jpg 800w, https:\/\/www.elturistatranquil.com\/wp-content\/uploads\/F79-Museo-Guggenheim-Bilbao-Foto-P.B.-1-768x512.jpg 768w\" sizes=\"(max-width: 800px) 100vw, 800px\" \/>\t\t\t\t\t\t\t\t\t\t\t<figcaption class=\"widget-image-caption wp-caption-text\">(Foto P.B.)<\/figcaption>\n\t\t\t\t\t\t\t\t\t\t<\/figure>\n\t\t\t\t\t\t\t\t\t<\/div>\n\t\t\t\t<\/div>\n\t\t\t\t<div class=\"elementor-element elementor-element-1a1e9f00 elementor-widget elementor-widget-image\" data-id=\"1a1e9f00\" data-element_type=\"widget\" data-e-type=\"widget\" data-widget_type=\"image.default\">\n\t\t\t\t<div class=\"elementor-widget-container\">\n\t\t\t\t\t\t\t\t\t\t\t\t<figure class=\"wp-caption\">\n\t\t\t\t\t\t\t\t\t\t<img loading=\"lazy\" decoding=\"async\" width=\"800\" height=\"537\" src=\"https:\/\/www.elturistatranquil.com\/wp-content\/uploads\/F80-Museo-Guggenheim-Bilbao-Foto-P.B.-1.jpg\" class=\"attachment-large size-large wp-image-6735\" alt=\"\" srcset=\"https:\/\/www.elturistatranquil.com\/wp-content\/uploads\/F80-Museo-Guggenheim-Bilbao-Foto-P.B.-1.jpg 800w, https:\/\/www.elturistatranquil.com\/wp-content\/uploads\/F80-Museo-Guggenheim-Bilbao-Foto-P.B.-1-768x516.jpg 768w\" sizes=\"(max-width: 800px) 100vw, 800px\" \/>\t\t\t\t\t\t\t\t\t\t\t<figcaption class=\"widget-image-caption wp-caption-text\">(Foto P.B.)<\/figcaption>\n\t\t\t\t\t\t\t\t\t\t<\/figure>\n\t\t\t\t\t\t\t\t\t<\/div>\n\t\t\t\t<\/div>\n\t\t\t\t<div class=\"elementor-element elementor-element-2141f7b4 elementor-widget elementor-widget-menu-anchor\" data-id=\"2141f7b4\" data-element_type=\"widget\" data-e-type=\"widget\" data-widget_type=\"menu-anchor.default\">\n\t\t\t\t<div class=\"elementor-widget-container\">\n\t\t\t\t\t\t\t<div class=\"elementor-menu-anchor\" id=\"b1810\"><\/div>\n\t\t\t\t\t\t<\/div>\n\t\t\t\t<\/div>\n\t\t\t\t<div class=\"elementor-element elementor-element-78542601 elementor-widget elementor-widget-image\" data-id=\"78542601\" data-element_type=\"widget\" data-e-type=\"widget\" data-widget_type=\"image.default\">\n\t\t\t\t<div class=\"elementor-widget-container\">\n\t\t\t\t\t\t\t\t\t\t\t\t<figure class=\"wp-caption\">\n\t\t\t\t\t\t\t\t\t\t<img loading=\"lazy\" decoding=\"async\" width=\"800\" height=\"534\" src=\"https:\/\/www.elturistatranquil.com\/wp-content\/uploads\/F84-Museo-Guggenheim-Bilbao-Foto-L.L.-1.jpg\" class=\"attachment-large size-large wp-image-6737\" alt=\"\" srcset=\"https:\/\/www.elturistatranquil.com\/wp-content\/uploads\/F84-Museo-Guggenheim-Bilbao-Foto-L.L.-1.jpg 800w, https:\/\/www.elturistatranquil.com\/wp-content\/uploads\/F84-Museo-Guggenheim-Bilbao-Foto-L.L.-1-768x513.jpg 768w\" sizes=\"(max-width: 800px) 100vw, 800px\" \/>\t\t\t\t\t\t\t\t\t\t\t<figcaption class=\"widget-image-caption wp-caption-text\">(Foto L.L.)<\/figcaption>\n\t\t\t\t\t\t\t\t\t\t<\/figure>\n\t\t\t\t\t\t\t\t\t<\/div>\n\t\t\t\t<\/div>\n\t\t\t\t<div class=\"elementor-element elementor-element-2608547c elementor-widget elementor-widget-heading\" data-id=\"2608547c\" data-element_type=\"widget\" data-e-type=\"widget\" data-widget_type=\"heading.default\">\n\t\t\t\t<div class=\"elementor-widget-container\">\n\t\t\t\t\t<h2 class=\"elementor-heading-title elementor-size-default\">Obertura vers l'exterior<\/h2>\t\t\t\t<\/div>\n\t\t\t\t<\/div>\n\t\t\t\t<div class=\"elementor-element elementor-element-5347817a elementor-widget elementor-widget-text-editor\" data-id=\"5347817a\" data-element_type=\"widget\" data-e-type=\"widget\" data-widget_type=\"text-editor.default\">\n\t\t\t\t<div class=\"elementor-widget-container\">\n\t\t\t\t\t\t\t\t\t<p>En aspecte tamb\u00e9 interessant de la concepci\u00f3 de l&#8217;edifici \u00e9s la seva apertura vers l&#8217;exterior.<\/p><p>D&#8217;una banda, ens permet veure l&#8217;entorn en el qual est\u00e0 situat.<\/p><p>Per\u00f2 ho fem a trav\u00e9s d&#8217;unes obertures que, amb les formes de les seves estructures, ens mediatitzen el propi entorn a trav\u00e9s de la filosofia arquitect\u00f2nica de Gehry.<\/p><p>Finalment, aporten lluminositat a l&#8217;interior. Per\u00f2 una lluminositat de tonalitats canviants segons l&#8217;hora o segons el color del dia, i que reverberen sobre el conjunt en el seu reflex sobre el blanc neu de les seves formes curvil\u00ednies.<\/p>\t\t\t\t\t\t\t\t<\/div>\n\t\t\t\t<\/div>\n\t\t\t\t<div class=\"elementor-element elementor-element-1be62ee3 elementor-widget elementor-widget-image\" data-id=\"1be62ee3\" data-element_type=\"widget\" data-e-type=\"widget\" data-widget_type=\"image.default\">\n\t\t\t\t<div class=\"elementor-widget-container\">\n\t\t\t\t\t\t\t\t\t\t\t\t<figure class=\"wp-caption\">\n\t\t\t\t\t\t\t\t\t\t<img loading=\"lazy\" decoding=\"async\" width=\"800\" height=\"534\" src=\"https:\/\/www.elturistatranquil.com\/wp-content\/uploads\/F85-Museo-Guggenheim-Bilbao-Foto-L.L.-1.jpg\" class=\"attachment-large size-large wp-image-6739\" alt=\"\" srcset=\"https:\/\/www.elturistatranquil.com\/wp-content\/uploads\/F85-Museo-Guggenheim-Bilbao-Foto-L.L.-1.jpg 800w, https:\/\/www.elturistatranquil.com\/wp-content\/uploads\/F85-Museo-Guggenheim-Bilbao-Foto-L.L.-1-768x513.jpg 768w\" sizes=\"(max-width: 800px) 100vw, 800px\" \/>\t\t\t\t\t\t\t\t\t\t\t<figcaption class=\"widget-image-caption wp-caption-text\">(Foto L.L.)<\/figcaption>\n\t\t\t\t\t\t\t\t\t\t<\/figure>\n\t\t\t\t\t\t\t\t\t<\/div>\n\t\t\t\t<\/div>\n\t\t\t\t<div class=\"elementor-element elementor-element-6e2b4ef2 elementor-widget elementor-widget-image\" data-id=\"6e2b4ef2\" data-element_type=\"widget\" data-e-type=\"widget\" data-widget_type=\"image.default\">\n\t\t\t\t<div class=\"elementor-widget-container\">\n\t\t\t\t\t\t\t\t\t\t\t\t<figure class=\"wp-caption\">\n\t\t\t\t\t\t\t\t\t\t<img loading=\"lazy\" decoding=\"async\" width=\"800\" height=\"534\" src=\"https:\/\/www.elturistatranquil.com\/wp-content\/uploads\/F86-Museo-Guggenheim-Bilbao-Foto-L.L.-1.jpg\" class=\"attachment-large size-large wp-image-6741\" alt=\"\" srcset=\"https:\/\/www.elturistatranquil.com\/wp-content\/uploads\/F86-Museo-Guggenheim-Bilbao-Foto-L.L.-1.jpg 800w, https:\/\/www.elturistatranquil.com\/wp-content\/uploads\/F86-Museo-Guggenheim-Bilbao-Foto-L.L.-1-768x513.jpg 768w\" sizes=\"(max-width: 800px) 100vw, 800px\" \/>\t\t\t\t\t\t\t\t\t\t\t<figcaption class=\"widget-image-caption wp-caption-text\">(Foto L.L.)<\/figcaption>\n\t\t\t\t\t\t\t\t\t\t<\/figure>\n\t\t\t\t\t\t\t\t\t<\/div>\n\t\t\t\t<\/div>\n\t\t\t\t<div class=\"elementor-element elementor-element-2499f83 elementor-widget elementor-widget-image\" data-id=\"2499f83\" data-element_type=\"widget\" data-e-type=\"widget\" data-widget_type=\"image.default\">\n\t\t\t\t<div class=\"elementor-widget-container\">\n\t\t\t\t\t\t\t\t\t\t\t\t<figure class=\"wp-caption\">\n\t\t\t\t\t\t\t\t\t\t<img loading=\"lazy\" decoding=\"async\" width=\"800\" height=\"537\" src=\"https:\/\/www.elturistatranquil.com\/wp-content\/uploads\/F87-Museo-Guggenheim-Bilbao-Foto-P.B.-1.jpg\" class=\"attachment-large size-large wp-image-6743\" alt=\"\" srcset=\"https:\/\/www.elturistatranquil.com\/wp-content\/uploads\/F87-Museo-Guggenheim-Bilbao-Foto-P.B.-1.jpg 800w, https:\/\/www.elturistatranquil.com\/wp-content\/uploads\/F87-Museo-Guggenheim-Bilbao-Foto-P.B.-1-768x516.jpg 768w\" sizes=\"(max-width: 800px) 100vw, 800px\" \/>\t\t\t\t\t\t\t\t\t\t\t<figcaption class=\"widget-image-caption wp-caption-text\">(Foto P.B.)<\/figcaption>\n\t\t\t\t\t\t\t\t\t\t<\/figure>\n\t\t\t\t\t\t\t\t\t<\/div>\n\t\t\t\t<\/div>\n\t\t\t\t<div class=\"elementor-element elementor-element-1b11367e elementor-widget elementor-widget-image\" data-id=\"1b11367e\" data-element_type=\"widget\" data-e-type=\"widget\" data-widget_type=\"image.default\">\n\t\t\t\t<div class=\"elementor-widget-container\">\n\t\t\t\t\t\t\t\t\t\t\t\t<figure class=\"wp-caption\">\n\t\t\t\t\t\t\t\t\t\t<img loading=\"lazy\" decoding=\"async\" width=\"800\" height=\"533\" src=\"https:\/\/www.elturistatranquil.com\/wp-content\/uploads\/F88-Museo-Guggenheim-Bilbao-Foto-L.L.-1.jpg\" class=\"attachment-large size-large wp-image-6745\" alt=\"\" srcset=\"https:\/\/www.elturistatranquil.com\/wp-content\/uploads\/F88-Museo-Guggenheim-Bilbao-Foto-L.L.-1.jpg 800w, https:\/\/www.elturistatranquil.com\/wp-content\/uploads\/F88-Museo-Guggenheim-Bilbao-Foto-L.L.-1-768x512.jpg 768w\" sizes=\"(max-width: 800px) 100vw, 800px\" \/>\t\t\t\t\t\t\t\t\t\t\t<figcaption class=\"widget-image-caption wp-caption-text\">(Foto L.L.)<\/figcaption>\n\t\t\t\t\t\t\t\t\t\t<\/figure>\n\t\t\t\t\t\t\t\t\t<\/div>\n\t\t\t\t<\/div>\n\t\t\t\t<div class=\"elementor-element elementor-element-4aebf606 elementor-widget elementor-widget-image\" data-id=\"4aebf606\" data-element_type=\"widget\" data-e-type=\"widget\" data-widget_type=\"image.default\">\n\t\t\t\t<div class=\"elementor-widget-container\">\n\t\t\t\t\t\t\t\t\t\t\t\t<figure class=\"wp-caption\">\n\t\t\t\t\t\t\t\t\t\t<img loading=\"lazy\" decoding=\"async\" width=\"800\" height=\"534\" src=\"https:\/\/www.elturistatranquil.com\/wp-content\/uploads\/F89-Museo-Guggenheim-Bilbao-Foto-L.L.-1.jpg\" class=\"attachment-large size-large wp-image-6747\" alt=\"\" srcset=\"https:\/\/www.elturistatranquil.com\/wp-content\/uploads\/F89-Museo-Guggenheim-Bilbao-Foto-L.L.-1.jpg 800w, https:\/\/www.elturistatranquil.com\/wp-content\/uploads\/F89-Museo-Guggenheim-Bilbao-Foto-L.L.-1-768x513.jpg 768w\" sizes=\"(max-width: 800px) 100vw, 800px\" \/>\t\t\t\t\t\t\t\t\t\t\t<figcaption class=\"widget-image-caption wp-caption-text\">(Foto L.L.)<\/figcaption>\n\t\t\t\t\t\t\t\t\t\t<\/figure>\n\t\t\t\t\t\t\t\t\t<\/div>\n\t\t\t\t<\/div>\n\t\t\t\t<div class=\"elementor-element elementor-element-5cde738f elementor-widget elementor-widget-image\" data-id=\"5cde738f\" data-element_type=\"widget\" data-e-type=\"widget\" data-widget_type=\"image.default\">\n\t\t\t\t<div class=\"elementor-widget-container\">\n\t\t\t\t\t\t\t\t\t\t\t\t<figure class=\"wp-caption\">\n\t\t\t\t\t\t\t\t\t\t<img loading=\"lazy\" decoding=\"async\" width=\"800\" height=\"534\" src=\"https:\/\/www.elturistatranquil.com\/wp-content\/uploads\/F90-Museo-Guggenheim-Bilbao-Foto-L.L.-1.jpg\" class=\"attachment-large size-large wp-image-6749\" alt=\"\" srcset=\"https:\/\/www.elturistatranquil.com\/wp-content\/uploads\/F90-Museo-Guggenheim-Bilbao-Foto-L.L.-1.jpg 800w, https:\/\/www.elturistatranquil.com\/wp-content\/uploads\/F90-Museo-Guggenheim-Bilbao-Foto-L.L.-1-768x513.jpg 768w\" sizes=\"(max-width: 800px) 100vw, 800px\" \/>\t\t\t\t\t\t\t\t\t\t\t<figcaption class=\"widget-image-caption wp-caption-text\">(Foto L.L.)<\/figcaption>\n\t\t\t\t\t\t\t\t\t\t<\/figure>\n\t\t\t\t\t\t\t\t\t<\/div>\n\t\t\t\t<\/div>\n\t\t\t\t<div class=\"elementor-element elementor-element-4075c1b4 elementor-widget elementor-widget-image\" data-id=\"4075c1b4\" data-element_type=\"widget\" data-e-type=\"widget\" data-widget_type=\"image.default\">\n\t\t\t\t<div class=\"elementor-widget-container\">\n\t\t\t\t\t\t\t\t\t\t\t\t<figure class=\"wp-caption\">\n\t\t\t\t\t\t\t\t\t\t<img loading=\"lazy\" decoding=\"async\" width=\"800\" height=\"534\" src=\"https:\/\/www.elturistatranquil.com\/wp-content\/uploads\/F92-Museo-Guggenheim-Bilbao-Foto-L.L.-1.jpg\" class=\"attachment-large size-large wp-image-6751\" alt=\"\" srcset=\"https:\/\/www.elturistatranquil.com\/wp-content\/uploads\/F92-Museo-Guggenheim-Bilbao-Foto-L.L.-1.jpg 800w, https:\/\/www.elturistatranquil.com\/wp-content\/uploads\/F92-Museo-Guggenheim-Bilbao-Foto-L.L.-1-768x513.jpg 768w\" sizes=\"(max-width: 800px) 100vw, 800px\" \/>\t\t\t\t\t\t\t\t\t\t\t<figcaption class=\"widget-image-caption wp-caption-text\">(Foto L.L.)<\/figcaption>\n\t\t\t\t\t\t\t\t\t\t<\/figure>\n\t\t\t\t\t\t\t\t\t<\/div>\n\t\t\t\t<\/div>\n\t\t\t\t<div class=\"elementor-element elementor-element-421cafc9 elementor-widget elementor-widget-image\" data-id=\"421cafc9\" data-element_type=\"widget\" data-e-type=\"widget\" data-widget_type=\"image.default\">\n\t\t\t\t<div class=\"elementor-widget-container\">\n\t\t\t\t\t\t\t\t\t\t\t\t<figure class=\"wp-caption\">\n\t\t\t\t\t\t\t\t\t\t<img loading=\"lazy\" decoding=\"async\" width=\"800\" height=\"534\" src=\"https:\/\/www.elturistatranquil.com\/wp-content\/uploads\/F94-Museo-Guggenheim-Bilbao-Foto-L.L.-1.jpg\" class=\"attachment-large size-large wp-image-6753\" alt=\"\" srcset=\"https:\/\/www.elturistatranquil.com\/wp-content\/uploads\/F94-Museo-Guggenheim-Bilbao-Foto-L.L.-1.jpg 800w, https:\/\/www.elturistatranquil.com\/wp-content\/uploads\/F94-Museo-Guggenheim-Bilbao-Foto-L.L.-1-768x513.jpg 768w\" sizes=\"(max-width: 800px) 100vw, 800px\" \/>\t\t\t\t\t\t\t\t\t\t\t<figcaption class=\"widget-image-caption wp-caption-text\">(Foto L.L.)<\/figcaption>\n\t\t\t\t\t\t\t\t\t\t<\/figure>\n\t\t\t\t\t\t\t\t\t<\/div>\n\t\t\t\t<\/div>\n\t\t\t\t<div class=\"elementor-element elementor-element-17bdd935 elementor-widget elementor-widget-image\" data-id=\"17bdd935\" data-element_type=\"widget\" data-e-type=\"widget\" data-widget_type=\"image.default\">\n\t\t\t\t<div class=\"elementor-widget-container\">\n\t\t\t\t\t\t\t\t\t\t\t\t<figure class=\"wp-caption\">\n\t\t\t\t\t\t\t\t\t\t<img loading=\"lazy\" decoding=\"async\" width=\"800\" height=\"537\" src=\"https:\/\/www.elturistatranquil.com\/wp-content\/uploads\/F95-Museo-Guggenheim-Bilbao-Foto-L.L.-1.jpg\" class=\"attachment-large size-large wp-image-6757\" alt=\"\" srcset=\"https:\/\/www.elturistatranquil.com\/wp-content\/uploads\/F95-Museo-Guggenheim-Bilbao-Foto-L.L.-1.jpg 800w, https:\/\/www.elturistatranquil.com\/wp-content\/uploads\/F95-Museo-Guggenheim-Bilbao-Foto-L.L.-1-768x516.jpg 768w\" sizes=\"(max-width: 800px) 100vw, 800px\" \/>\t\t\t\t\t\t\t\t\t\t\t<figcaption class=\"widget-image-caption wp-caption-text\">(Foto L.L.)<\/figcaption>\n\t\t\t\t\t\t\t\t\t\t<\/figure>\n\t\t\t\t\t\t\t\t\t<\/div>\n\t\t\t\t<\/div>\n\t\t\t\t<div class=\"elementor-element elementor-element-7c7e7fa4 elementor-widget elementor-widget-image\" data-id=\"7c7e7fa4\" data-element_type=\"widget\" data-e-type=\"widget\" data-widget_type=\"image.default\">\n\t\t\t\t<div class=\"elementor-widget-container\">\n\t\t\t\t\t\t\t\t\t\t\t\t<figure class=\"wp-caption\">\n\t\t\t\t\t\t\t\t\t\t<img loading=\"lazy\" decoding=\"async\" width=\"800\" height=\"534\" src=\"https:\/\/www.elturistatranquil.com\/wp-content\/uploads\/F96-Museo-Guggenheim-Bilbao-Foto-L.L.-1.jpg\" class=\"attachment-large size-large wp-image-6761\" alt=\"\" srcset=\"https:\/\/www.elturistatranquil.com\/wp-content\/uploads\/F96-Museo-Guggenheim-Bilbao-Foto-L.L.-1.jpg 800w, https:\/\/www.elturistatranquil.com\/wp-content\/uploads\/F96-Museo-Guggenheim-Bilbao-Foto-L.L.-1-768x513.jpg 768w\" sizes=\"(max-width: 800px) 100vw, 800px\" \/>\t\t\t\t\t\t\t\t\t\t\t<figcaption class=\"widget-image-caption wp-caption-text\">(Foto L.L.)<\/figcaption>\n\t\t\t\t\t\t\t\t\t\t<\/figure>\n\t\t\t\t\t\t\t\t\t<\/div>\n\t\t\t\t<\/div>\n\t\t\t\t<div class=\"elementor-element elementor-element-20bdeae4 elementor-widget elementor-widget-image\" data-id=\"20bdeae4\" data-element_type=\"widget\" data-e-type=\"widget\" data-widget_type=\"image.default\">\n\t\t\t\t<div class=\"elementor-widget-container\">\n\t\t\t\t\t\t\t\t\t\t\t\t<figure class=\"wp-caption\">\n\t\t\t\t\t\t\t\t\t\t<img loading=\"lazy\" decoding=\"async\" width=\"800\" height=\"534\" src=\"https:\/\/www.elturistatranquil.com\/wp-content\/uploads\/F98-Museo-Guggenheim-Bilbao-Foto-L.L.-1.jpg\" class=\"attachment-large size-large wp-image-6765\" alt=\"\" srcset=\"https:\/\/www.elturistatranquil.com\/wp-content\/uploads\/F98-Museo-Guggenheim-Bilbao-Foto-L.L.-1.jpg 800w, https:\/\/www.elturistatranquil.com\/wp-content\/uploads\/F98-Museo-Guggenheim-Bilbao-Foto-L.L.-1-768x513.jpg 768w\" sizes=\"(max-width: 800px) 100vw, 800px\" \/>\t\t\t\t\t\t\t\t\t\t\t<figcaption class=\"widget-image-caption wp-caption-text\">(Foto L.L.)<\/figcaption>\n\t\t\t\t\t\t\t\t\t\t<\/figure>\n\t\t\t\t\t\t\t\t\t<\/div>\n\t\t\t\t<\/div>\n\t\t\t\t<div class=\"elementor-element elementor-element-caf7ec5 elementor-widget elementor-widget-menu-anchor\" data-id=\"caf7ec5\" data-element_type=\"widget\" data-e-type=\"widget\" data-widget_type=\"menu-anchor.default\">\n\t\t\t\t<div class=\"elementor-widget-container\">\n\t\t\t\t\t\t\t<div class=\"elementor-menu-anchor\" id=\"b1811\"><\/div>\n\t\t\t\t\t\t<\/div>\n\t\t\t\t<\/div>\n\t\t\t\t<div class=\"elementor-element elementor-element-b307db7 elementor-widget elementor-widget-image\" data-id=\"b307db7\" data-element_type=\"widget\" data-e-type=\"widget\" data-widget_type=\"image.default\">\n\t\t\t\t<div class=\"elementor-widget-container\">\n\t\t\t\t\t\t\t\t\t\t\t\t<figure class=\"wp-caption\">\n\t\t\t\t\t\t\t\t\t\t<img loading=\"lazy\" decoding=\"async\" width=\"800\" height=\"534\" src=\"https:\/\/www.elturistatranquil.com\/wp-content\/uploads\/F99-Museo-Guggenheim-Bilbao-Foto-L.L.-1.jpg\" class=\"attachment-large size-large wp-image-6769\" alt=\"\" srcset=\"https:\/\/www.elturistatranquil.com\/wp-content\/uploads\/F99-Museo-Guggenheim-Bilbao-Foto-L.L.-1.jpg 800w, https:\/\/www.elturistatranquil.com\/wp-content\/uploads\/F99-Museo-Guggenheim-Bilbao-Foto-L.L.-1-768x513.jpg 768w\" sizes=\"(max-width: 800px) 100vw, 800px\" \/>\t\t\t\t\t\t\t\t\t\t\t<figcaption class=\"widget-image-caption wp-caption-text\">(Foto L.L.)<\/figcaption>\n\t\t\t\t\t\t\t\t\t\t<\/figure>\n\t\t\t\t\t\t\t\t\t<\/div>\n\t\t\t\t<\/div>\n\t\t\t\t<div class=\"elementor-element elementor-element-6aa98be1 elementor-widget elementor-widget-heading\" data-id=\"6aa98be1\" data-element_type=\"widget\" data-e-type=\"widget\" data-widget_type=\"heading.default\">\n\t\t\t\t<div class=\"elementor-widget-container\">\n\t\t\t\t\t<h2 class=\"elementor-heading-title elementor-size-default\">En resum<\/h2>\t\t\t\t<\/div>\n\t\t\t\t<\/div>\n\t\t\t\t<div class=\"elementor-element elementor-element-7111b74e elementor-widget elementor-widget-text-editor\" data-id=\"7111b74e\" data-element_type=\"widget\" data-e-type=\"widget\" data-widget_type=\"text-editor.default\">\n\t\t\t\t<div class=\"elementor-widget-container\">\n\t\t\t\t\t\t\t\t\t<p>El primer que m&#8217;agradaria ressaltar \u00e9s el fotog\u00e8nic que resulta l&#8217;edifici, tant en el seu exterior com, possiblement encara m\u00e9s en el seu interior, com crec que hi haur\u00e0 quedat plasmat en la seq\u00fc\u00e8ncia de fotografies aqu\u00ed exposades. Realment ha estat dif\u00edcil escollir i eliminar moltes altres fotografies, realment atractives.<\/p><p>Com a tot gran projecte, el proc\u00e9s de decisi\u00f3 i la proposta arquitect\u00f2nica, van anar acompanyades de pol\u00e8mica.<\/p><p>Uns aspectes de la pol\u00e8mica van anar vinculats a la component ideol\u00f2gica del projecte, entre els defensors de la cultura aut\u00f2ctona front els internacionalistes.<\/p><p>Un altre, derivat del cost i el finan\u00e7ament, tot a c\u00e0rrec dels pressupostos Govern Basc, i sobre si la concentraci\u00f3 d\u2019una gran inversi\u00f3 en una sola obra no debilitaria el conjunt de les necessitats de la cultura basca.<\/p><p>Un altre, entorn de l\u2019est\u00e8tica \u201cfantasiosa\u201d de l\u2019edifici per a alguns.<\/p><p>En qualsevol cas, sembla que l\u2019\u00e8xit del resultat final com a incentiu d\u2019atracci\u00f3 tur\u00edstica i de repercussi\u00f3 sobre l\u2019economia de Bilbao i del Pa\u00eds Basc, van anar esmorte\u00eft les cr\u00edtiques.<\/p><p>Des de la meva perspectiva de turista, es veritat que ni l\u2019edifici ni el seu contingut no em vincula amb la cultura basca, per\u00f2 si amb les tend\u00e8ncies internacionals i, per sobre de tot, amb la potencia i qualitat de l\u2019edifici. Tinguis en compte que per a m\u00e9s d\u2019un es tractaria de l\u2018edifici m\u00e9s important del segle XX.<\/p>\t\t\t\t\t\t\t\t<\/div>\n\t\t\t\t<\/div>\n\t\t\t\t<div class=\"elementor-element elementor-element-1083a00c elementor-widget elementor-widget-menu-anchor\" data-id=\"1083a00c\" data-element_type=\"widget\" data-e-type=\"widget\" data-widget_type=\"menu-anchor.default\">\n\t\t\t\t<div class=\"elementor-widget-container\">\n\t\t\t\t\t\t\t<div class=\"elementor-menu-anchor\" id=\"b1812\"><\/div>\n\t\t\t\t\t\t<\/div>\n\t\t\t\t<\/div>\n\t\t\t\t<div class=\"elementor-element elementor-element-706f2b42 elementor-widget elementor-widget-text-editor\" data-id=\"706f2b42\" data-element_type=\"widget\" data-e-type=\"widget\" data-widget_type=\"text-editor.default\">\n\t\t\t\t<div class=\"elementor-widget-container\">\n\t\t\t\t\t\t\t\t\t<p>Un cop a Bilbao, ja decidireu si voleu inserir-vos en la cultura del territori i gaudir del pa\u00eds.<\/p><p>El que si crec es que mereix un viatge&#8230;. o m\u00e9s.<\/p><p>Una \u00faltima impressi\u00f3 molt personal. Cada vegada se\u2019m fa m\u00e9s insistent la idea de l&#8217;exist\u00e8ncia d&#8217;una <em>relaci\u00f3 o vinculaci\u00f3 arquitect\u00f2nica<\/em>, que en certa manera tancaria un cercle, entre dos grans edificis del segle XX. Comen\u00e7a el segle amb la <strong>Casa Mil\u00e0 (La Pedrera)<\/strong> d&#8217;Antoni Gaud\u00ed a Barcelona i acaba amb el <strong>Museu Guggenheim<\/strong> de Gehry a Bilbao.<\/p>\t\t\t\t\t\t\t\t<\/div>\n\t\t\t\t<\/div>\n\t\t\t\t<div class=\"elementor-element elementor-element-1e5a565c elementor-widget elementor-widget-heading\" data-id=\"1e5a565c\" data-element_type=\"widget\" data-e-type=\"widget\" data-widget_type=\"heading.default\">\n\t\t\t\t<div class=\"elementor-widget-container\">\n\t\t\t\t\t<h2 class=\"elementor-heading-title elementor-size-default\">Bases d\u2019informaci\u00f3<\/h2>\t\t\t\t<\/div>\n\t\t\t\t<\/div>\n\t\t\t\t<div class=\"elementor-element elementor-element-461cc015 elementor-widget elementor-widget-text-editor\" data-id=\"461cc015\" data-element_type=\"widget\" data-e-type=\"widget\" data-widget_type=\"text-editor.default\">\n\t\t\t\t<div class=\"elementor-widget-container\">\n\t\t\t\t\t\t\t\t\t<p><strong>Webs<\/strong><\/p><p><a href=\"http:\/\/www.guggenheim-bilbao-corp.eus\/\" target=\"_blank\" rel=\"noopener\">Corporativa<\/a><\/p><p><a href=\"https:\/\/www.guggenheim-bilbao.eus\/\" target=\"_blank\" rel=\"noopener\">Guggenheim Bilbao<\/a><\/p><p><a href=\"https:\/\/www.guggenheim-bilbao.eus\/la-coleccion\/obras-de-la-coleccion\/\" target=\"_blank\" rel=\"noopener\">Obras de la coleccci\u00f3n<\/a><\/p><p><a href=\"https:\/\/es.wikipedia.org\/wiki\/Museo_Guggenheim_Bilbao\" target=\"_blank\" rel=\"noopener\">Museo Guggenheim Bilbao. Wikipedia<\/a><\/p><p><a href=\"http:\/\/moleskinearquitectonico.blogspot.com\/2010\/04\/f-gehry-museo-guggenheim-bilbao.html\" target=\"_blank\" rel=\"noopener\">F. Gehry: Museo Guggenheim<\/a><\/p><p><a href=\"https:\/\/www.metalocus.es\/es\/noticias\/guggenheim-xx-un-edificio-que-cambio-su-tiempo-museo-guggenheim-bilbao-de-frank-o-gehry\" target=\"_blank\" rel=\"noopener\">Un edificio que cambio su tiempo<\/a><\/p><p><a href=\"http:\/\/www.arquitecturaviva.com\/shop\/issue\/details\/55\" target=\"_blank\" rel=\"noopener\">Guggenheim Bilbao.Arquitecturaviva<\/a><\/p><p><a href=\"http:\/\/www.europamundo.com\/guiaspdf\/Bilbao.pdf\" target=\"_blank\" rel=\"noopener\">Gu\u00eda Bilbao<\/a><\/p><p><a href=\"http:\/\/es.wikipedia.org\/wiki\/Frank_Gehry\" target=\"_blank\" rel=\"noopener\">Frank Gehry. Wikipedia<\/a><\/p><p><a href=\"http:\/\/Llistat edificis amb foto http:\/\/en.wikipedia.org\/wiki\/List_of_Frank_Gehry_buildings\" target=\"_blank\" rel=\"noopener\">List of works by F. Gehry. Wikipedia<\/a><\/p>\t\t\t\t\t\t\t\t<\/div>\n\t\t\t\t<\/div>\n\t\t\t\t<div class=\"elementor-element elementor-element-3d664fc8 elementor-widget elementor-widget-text-editor\" data-id=\"3d664fc8\" data-element_type=\"widget\" data-e-type=\"widget\" data-widget_type=\"text-editor.default\">\n\t\t\t\t<div class=\"elementor-widget-container\">\n\t\t\t\t\t\t\t\t\t<p><strong>Documental<\/strong><\/p><p><a href=\"https:\/\/www.youtube.com\/watch?v=937Uw4Gwa9I\" target=\"_blank\" rel=\"noopener\"><em>Apuntes de Frank Gehry<\/em>.<\/a> Sydney Pollack 2005<\/p>\t\t\t\t\t\t\t\t<\/div>\n\t\t\t\t<\/div>\n\t\t\t\t<div class=\"elementor-element elementor-element-60958e06 elementor-widget elementor-widget-text-editor\" data-id=\"60958e06\" data-element_type=\"widget\" data-e-type=\"widget\" data-widget_type=\"text-editor.default\">\n\t\t\t\t<div class=\"elementor-widget-container\">\n\t\t\t\t\t\t\t\t\t<p><strong>V\u00eddeos<\/strong><\/p><p><a href=\"https:\/\/player.vimeo.com\/video\/49749245\" target=\"_blank\" rel=\"noopener\">El edificio del Museo Guggenheim<\/a><\/p><p><a href=\"https:\/\/www.documaniatv.com\/ciencia-y-tecnologia\/las-conexiones-de-la-ingenieria-el-museo-guggenheim-video_d7fc59124.html\" target=\"_blank\" rel=\"noopener\">Las conexiones de la ingenieria: El museo Guggenheim<\/a><\/p>\t\t\t\t\t\t\t\t<\/div>\n\t\t\t\t<\/div>\n\t\t\t\t<div class=\"elementor-element elementor-element-1c3200a6 elementor-widget elementor-widget-text-editor\" data-id=\"1c3200a6\" data-element_type=\"widget\" data-e-type=\"widget\" data-widget_type=\"text-editor.default\">\n\t\t\t\t<div class=\"elementor-widget-container\">\n\t\t\t\t\t\t\t\t\t<p><strong>Webs Academic<\/strong><\/p><p><a href=\"https:\/\/idus.us.es\/xmlui\/bitstream\/handle\/11441\/27447\/file_1.pdf?sequence=1\" target=\"_blank\" rel=\"noopener\"><em>El museo Guggenheim, Bilbao y la identidad de los vascos<\/em><\/a>. Jos\u00e9 \u00c1ngel Romo Guijarro<\/p><p><a href=\"https:\/\/dialnet.unirioja.es\/descarga\/articulo\/4022028.pdf\" target=\"_blank\" rel=\"noopener\"><em>Museo Guggenheim Bilbao. Maquetas<\/em><\/a><\/p><p><a href=\"http:\/\/emily.nesen.free.fr\/sequence1-eleves.pdf\" target=\"_blank\" rel=\"noopener\"><em>Museo Guggenheim Bilbao<\/em><\/a><\/p><p><a href=\"https:\/\/addi.ehu.es\/handle\/10810\/7637\" target=\"_blank\" rel=\"noopener\"><em>Caso pr\u00e1ctico: La Planificaci\u00f3n Estrat\u00e9gica del Museo Guggenheim Bilbao desde una perspectiva de Marketing<\/em>.<\/a>\u00a0I\u00f1aki Peri\u00e1\u00f1ez Ca\u00f1adillas, Miguel \u00c1ngel Quintana Daza<\/p><p><a href=\"http:\/\/www.iaph.es\/revistaph\/index.php\/revistaph\/article\/view\/1481\/1481\" target=\"_blank\" rel=\"noopener\"><em>El Patrimonio hist\u00f3rico industrial y la revitalizaci\u00f3n urbana y econ\u00f3mica de Bilbao<\/em><\/a>. Joseba Juaristi<\/p><p><a href=\"http:\/\/www.eumed.net\/rev\/turydes\/11\/fpam.pdf\" target=\"_blank\" rel=\"noopener\"><em>La cultura como inversi\u00f3n tur\u00edstica. Una reflexi\u00f3n a prop\u00f3sito del Guggenheim Bilbao<\/em><\/a>.\u00a0 M\u00aa Dolores Fern\u00e1ndez Poyatos, Ainhoa Aguirregoitia Mart\u00ednez<\/p><p><em><a href=\"https:\/\/minerva.usc.es\/xmlui\/bitstream\/handle\/10347\/6338\/pg_073-090_quintana3.pdf?sequence=1\" target=\"_blank\" rel=\"noopener\">\u00bfMusealizaci\u00f3n del mundo o californizaci\u00f3n de Occidente?<\/a>.<\/em> Serge Guilbaut<\/p><p><a href=\"http:\/\/www.arquitecturaviva.com\/shop\/issue\/details\/55\" target=\"_blank\" rel=\"noopener\"><em>Guggenheim Bilbao. Frank Gehry, un museo americano y vasco<\/em><\/a>. Luis Fern\u00e1ndez-Galiano<\/p><p><em><a href=\"http:\/\/oa.upm.es\/20569\/1\/INVE_MEM_2012_136927.pdf\" target=\"_blank\" rel=\"noopener\">Frank O. Gehry. Desarrollo y antecedentes del concurso del Museo Guggenheim de Bilbao. Recursos y Estrategias Gr\u00e1ficas empleadas<\/a>. <\/em>Javier Fco Raposo Grau<\/p>\t\t\t\t\t\t\t\t<\/div>\n\t\t\t\t<\/div>\n\t\t\t\t\t<\/div>\n\t\t<\/div>\n\t\t\t\t\t<\/div>\n\t\t<\/section>\n\t\t\t\t<section class=\"elementor-section elementor-top-section elementor-element elementor-element-314e6baf elementor-section-boxed elementor-section-height-default elementor-section-height-default\" data-id=\"314e6baf\" data-element_type=\"section\" data-e-type=\"section\">\n\t\t\t\t\t\t<div class=\"elementor-container elementor-column-gap-default\">\n\t\t\t\t\t<div class=\"elementor-column elementor-col-100 elementor-top-column elementor-element elementor-element-447aefa\" data-id=\"447aefa\" data-element_type=\"column\" data-e-type=\"column\">\n\t\t\t<div class=\"elementor-widget-wrap elementor-element-populated\">\n\t\t\t\t\t\t<div class=\"elementor-element elementor-element-74a3be25 elementor-share-buttons--view-icon elementor-share-buttons--skin-minimal elementor-share-buttons--shape-circle elementor-grid-0 elementor-share-buttons--color-official elementor-widget elementor-widget-share-buttons\" data-id=\"74a3be25\" data-element_type=\"widget\" data-e-type=\"widget\" data-widget_type=\"share-buttons.default\">\n\t\t\t\t<div class=\"elementor-widget-container\">\n\t\t\t\t\t\t\t<div class=\"elementor-grid\" role=\"list\">\n\t\t\t\t\t\t\t\t<div class=\"elementor-grid-item\" role=\"listitem\">\n\t\t\t\t\t\t<div class=\"elementor-share-btn elementor-share-btn_facebook\" role=\"button\" tabindex=\"0\" aria-label=\"Compartici\u00f3 en facebook\">\n\t\t\t\t\t\t\t\t\t\t\t\t\t\t\t<span class=\"elementor-share-btn__icon\">\n\t\t\t\t\t\t\t\t<i class=\"fab fa-facebook\" aria-hidden=\"true\"><\/i>\t\t\t\t\t\t\t<\/span>\n\t\t\t\t\t\t\t\t\t\t\t\t\t\t\t\t\t\t\t\t<\/div>\n\t\t\t\t\t<\/div>\n\t\t\t\t\t\t\t\t\t<div class=\"elementor-grid-item\" role=\"listitem\">\n\t\t\t\t\t\t<div class=\"elementor-share-btn elementor-share-btn_twitter\" role=\"button\" tabindex=\"0\" aria-label=\"Compartici\u00f3 en twitter\">\n\t\t\t\t\t\t\t\t\t\t\t\t\t\t\t<span class=\"elementor-share-btn__icon\">\n\t\t\t\t\t\t\t\t<i class=\"fab fa-twitter\" aria-hidden=\"true\"><\/i>\t\t\t\t\t\t\t<\/span>\n\t\t\t\t\t\t\t\t\t\t\t\t\t\t\t\t\t\t\t\t<\/div>\n\t\t\t\t\t<\/div>\n\t\t\t\t\t\t\t\t\t<div class=\"elementor-grid-item\" role=\"listitem\">\n\t\t\t\t\t\t<div class=\"elementor-share-btn elementor-share-btn_pinterest\" role=\"button\" tabindex=\"0\" aria-label=\"Compartici\u00f3 en pinterest\">\n\t\t\t\t\t\t\t\t\t\t\t\t\t\t\t<span class=\"elementor-share-btn__icon\">\n\t\t\t\t\t\t\t\t<i class=\"fab fa-pinterest\" aria-hidden=\"true\"><\/i>\t\t\t\t\t\t\t<\/span>\n\t\t\t\t\t\t\t\t\t\t\t\t\t\t\t\t\t\t\t\t<\/div>\n\t\t\t\t\t<\/div>\n\t\t\t\t\t\t\t\t\t<div class=\"elementor-grid-item\" role=\"listitem\">\n\t\t\t\t\t\t<div class=\"elementor-share-btn elementor-share-btn_whatsapp\" role=\"button\" tabindex=\"0\" aria-label=\"Compartici\u00f3 en whatsapp\">\n\t\t\t\t\t\t\t\t\t\t\t\t\t\t\t<span class=\"elementor-share-btn__icon\">\n\t\t\t\t\t\t\t\t<i class=\"fab fa-whatsapp\" aria-hidden=\"true\"><\/i>\t\t\t\t\t\t\t<\/span>\n\t\t\t\t\t\t\t\t\t\t\t\t\t\t\t\t\t\t\t\t<\/div>\n\t\t\t\t\t<\/div>\n\t\t\t\t\t\t\t\t\t<div class=\"elementor-grid-item\" role=\"listitem\">\n\t\t\t\t\t\t<div class=\"elementor-share-btn elementor-share-btn_email\" role=\"button\" tabindex=\"0\" aria-label=\"Compartici\u00f3 en email\">\n\t\t\t\t\t\t\t\t\t\t\t\t\t\t\t<span class=\"elementor-share-btn__icon\">\n\t\t\t\t\t\t\t\t<i class=\"fas fa-envelope\" aria-hidden=\"true\"><\/i>\t\t\t\t\t\t\t<\/span>\n\t\t\t\t\t\t\t\t\t\t\t\t\t\t\t\t\t\t\t\t<\/div>\n\t\t\t\t\t<\/div>\n\t\t\t\t\t\t<\/div>\n\t\t\t\t\t\t<\/div>\n\t\t\t\t<\/div>\n\t\t\t\t\t<\/div>\n\t\t<\/div>\n\t\t\t\t\t<\/div>\n\t\t<\/section>\n\t\t\t\t<\/div>\n\t\t","protected":false},"excerpt":{"rendered":"<p>L\u2019edifici del Museu Guggenheim de Bilbao ha esdevingut una icona a nivell mundial, capa\u00e7 d\u2019arrossegar rere seu la dinamitzaci\u00f3 d\u2019una ciutat com Bilbao. Museu Guggenheim Bilbao Museu Guggenheim Bilbao (Foto &#8230; <a title=\"Museu Guggenheim Bilbao\" class=\"read-more\" href=\"https:\/\/www.elturistatranquil.com\/ca\/museu-guggenheim-bilbao\/\" aria-label=\"M\u00e9s informaci\u00f3 sobre Museu Guggenheim Bilbao\">[ &#8230; ]<\/a><\/p>\n","protected":false},"author":1,"featured_media":6419,"comment_status":"open","ping_status":"closed","sticky":false,"template":"","format":"standard","meta":{"footnotes":""},"categories":[70,151,76,79,87,92,107,152],"tags":[],"class_list":["post-6603","post","type-post","status-publish","format-standard","has-post-thumbnail","hentry","category-arquitectura-civil-ca","category-bizkaia-ca","category-ciutat","category-cultura-urbana-ca","category-joies-al-territori","category-museus","category-segle-xx-xxi","category-urbanisme","infinite-scroll-item","generate-columns","tablet-grid-50","mobile-grid-100","grid-parent","grid-50","no-featured-image-padding"],"yoast_head":"<!-- This site is optimized with the Yoast SEO plugin v27.4 - https:\/\/yoast.com\/product\/yoast-seo-wordpress\/ -->\n<title>Museu Guggenheim Bilbao - El turista tranquil<\/title>\n<meta name=\"description\" content=\"L\u2019edifici del Museu Guggenheim de Bilbao ha esdevingut una icona a nivell mundial capa\u00e7 d\u2019arrossegar rere seu la dinamitzaci\u00f3 d\u2019una ciutat com Bilbao.\" \/>\n<meta name=\"robots\" content=\"index, follow, max-snippet:-1, max-image-preview:large, max-video-preview:-1\" \/>\n<link rel=\"canonical\" href=\"https:\/\/www.elturistatranquil.com\/ca\/museu-guggenheim-bilbao\/\" \/>\n<meta property=\"og:locale\" content=\"ca_ES\" \/>\n<meta property=\"og:type\" content=\"article\" \/>\n<meta property=\"og:title\" content=\"Museu Guggenheim Bilbao - El turista tranquil\" \/>\n<meta property=\"og:description\" content=\"L\u2019edifici del Museu Guggenheim de Bilbao ha esdevingut una icona a nivell mundial capa\u00e7 d\u2019arrossegar rere seu la dinamitzaci\u00f3 d\u2019una ciutat com Bilbao.\" \/>\n<meta property=\"og:url\" content=\"https:\/\/www.elturistatranquil.com\/ca\/museu-guggenheim-bilbao\/\" \/>\n<meta property=\"og:site_name\" content=\"El turista tranquil\" \/>\n<meta property=\"article:publisher\" content=\"https:\/\/www.facebook.com\/elturistatranquilo\/\" \/>\n<meta property=\"article:published_time\" content=\"2018-09-02T16:05:25+00:00\" \/>\n<meta property=\"article:modified_time\" content=\"2018-09-03T17:37:33+00:00\" \/>\n<meta property=\"og:image\" content=\"https:\/\/www.elturistatranquil.com\/wp-content\/uploads\/F01-Museo-Guggenheim-Bilbao-Foto-P.B..jpg\" \/>\n\t<meta property=\"og:image:width\" content=\"800\" \/>\n\t<meta property=\"og:image:height\" content=\"537\" \/>\n\t<meta property=\"og:image:type\" content=\"image\/jpeg\" \/>\n<meta name=\"author\" content=\"admin\" \/>\n<meta name=\"twitter:card\" content=\"summary_large_image\" \/>\n<meta name=\"twitter:label1\" content=\"Escrit per\" \/>\n\t<meta name=\"twitter:data1\" content=\"admin\" \/>\n\t<meta name=\"twitter:label2\" content=\"Temps estimat de lectura\" \/>\n\t<meta name=\"twitter:data2\" content=\"20 minuts\" \/>\n<script type=\"application\/ld+json\" class=\"yoast-schema-graph\">{\"@context\":\"https:\\\/\\\/schema.org\",\"@graph\":[{\"@type\":\"Article\",\"@id\":\"https:\\\/\\\/www.elturistatranquil.com\\\/ca\\\/museu-guggenheim-bilbao\\\/#article\",\"isPartOf\":{\"@id\":\"https:\\\/\\\/www.elturistatranquil.com\\\/ca\\\/museu-guggenheim-bilbao\\\/\"},\"author\":{\"name\":\"admin\",\"@id\":\"https:\\\/\\\/www.elturistatranquil.com\\\/ca\\\/#\\\/schema\\\/person\\\/16f607c3079b96ed0c530a52e6b58bb5\"},\"headline\":\"Museu Guggenheim Bilbao\",\"datePublished\":\"2018-09-02T16:05:25+00:00\",\"dateModified\":\"2018-09-03T17:37:33+00:00\",\"mainEntityOfPage\":{\"@id\":\"https:\\\/\\\/www.elturistatranquil.com\\\/ca\\\/museu-guggenheim-bilbao\\\/\"},\"wordCount\":4141,\"commentCount\":0,\"image\":{\"@id\":\"https:\\\/\\\/www.elturistatranquil.com\\\/ca\\\/museu-guggenheim-bilbao\\\/#primaryimage\"},\"thumbnailUrl\":\"https:\\\/\\\/www.elturistatranquil.com\\\/wp-content\\\/uploads\\\/F01-Museo-Guggenheim-Bilbao-Foto-P.B..jpg\",\"articleSection\":[\"Arquitectura civil\",\"Bizkaia\",\"Ciutat\",\"Cultura urbana\",\"Joies al territori\",\"Museus\",\"Segle XX-XXI\",\"Urbanisme\"],\"inLanguage\":\"ca\",\"potentialAction\":[{\"@type\":\"CommentAction\",\"name\":\"Comment\",\"target\":[\"https:\\\/\\\/www.elturistatranquil.com\\\/ca\\\/museu-guggenheim-bilbao\\\/#respond\"]}]},{\"@type\":\"WebPage\",\"@id\":\"https:\\\/\\\/www.elturistatranquil.com\\\/ca\\\/museu-guggenheim-bilbao\\\/\",\"url\":\"https:\\\/\\\/www.elturistatranquil.com\\\/ca\\\/museu-guggenheim-bilbao\\\/\",\"name\":\"Museu Guggenheim Bilbao - El turista tranquil\",\"isPartOf\":{\"@id\":\"https:\\\/\\\/www.elturistatranquil.com\\\/ca\\\/#website\"},\"primaryImageOfPage\":{\"@id\":\"https:\\\/\\\/www.elturistatranquil.com\\\/ca\\\/museu-guggenheim-bilbao\\\/#primaryimage\"},\"image\":{\"@id\":\"https:\\\/\\\/www.elturistatranquil.com\\\/ca\\\/museu-guggenheim-bilbao\\\/#primaryimage\"},\"thumbnailUrl\":\"https:\\\/\\\/www.elturistatranquil.com\\\/wp-content\\\/uploads\\\/F01-Museo-Guggenheim-Bilbao-Foto-P.B..jpg\",\"datePublished\":\"2018-09-02T16:05:25+00:00\",\"dateModified\":\"2018-09-03T17:37:33+00:00\",\"author\":{\"@id\":\"https:\\\/\\\/www.elturistatranquil.com\\\/ca\\\/#\\\/schema\\\/person\\\/16f607c3079b96ed0c530a52e6b58bb5\"},\"description\":\"L\u2019edifici del Museu Guggenheim de Bilbao ha esdevingut una icona a nivell mundial capa\u00e7 d\u2019arrossegar rere seu la dinamitzaci\u00f3 d\u2019una ciutat com Bilbao.\",\"breadcrumb\":{\"@id\":\"https:\\\/\\\/www.elturistatranquil.com\\\/ca\\\/museu-guggenheim-bilbao\\\/#breadcrumb\"},\"inLanguage\":\"ca\",\"potentialAction\":[{\"@type\":\"ReadAction\",\"target\":[\"https:\\\/\\\/www.elturistatranquil.com\\\/ca\\\/museu-guggenheim-bilbao\\\/\"]}]},{\"@type\":\"ImageObject\",\"inLanguage\":\"ca\",\"@id\":\"https:\\\/\\\/www.elturistatranquil.com\\\/ca\\\/museu-guggenheim-bilbao\\\/#primaryimage\",\"url\":\"https:\\\/\\\/www.elturistatranquil.com\\\/wp-content\\\/uploads\\\/F01-Museo-Guggenheim-Bilbao-Foto-P.B..jpg\",\"contentUrl\":\"https:\\\/\\\/www.elturistatranquil.com\\\/wp-content\\\/uploads\\\/F01-Museo-Guggenheim-Bilbao-Foto-P.B..jpg\",\"width\":800,\"height\":537,\"caption\":\"Museo Guggenheim Bilbao (Foto P.B.)\"},{\"@type\":\"BreadcrumbList\",\"@id\":\"https:\\\/\\\/www.elturistatranquil.com\\\/ca\\\/museu-guggenheim-bilbao\\\/#breadcrumb\",\"itemListElement\":[{\"@type\":\"ListItem\",\"position\":1,\"name\":\"Portada\",\"item\":\"https:\\\/\\\/www.elturistatranquil.com\\\/ca\\\/\"},{\"@type\":\"ListItem\",\"position\":2,\"name\":\"Museu Guggenheim Bilbao\"}]},{\"@type\":\"WebSite\",\"@id\":\"https:\\\/\\\/www.elturistatranquil.com\\\/ca\\\/#website\",\"url\":\"https:\\\/\\\/www.elturistatranquil.com\\\/ca\\\/\",\"name\":\"El turista tranquil\",\"description\":\"Blog de viatges\",\"potentialAction\":[{\"@type\":\"SearchAction\",\"target\":{\"@type\":\"EntryPoint\",\"urlTemplate\":\"https:\\\/\\\/www.elturistatranquil.com\\\/ca\\\/?s={search_term_string}\"},\"query-input\":{\"@type\":\"PropertyValueSpecification\",\"valueRequired\":true,\"valueName\":\"search_term_string\"}}],\"inLanguage\":\"ca\"},{\"@type\":\"Person\",\"@id\":\"https:\\\/\\\/www.elturistatranquil.com\\\/ca\\\/#\\\/schema\\\/person\\\/16f607c3079b96ed0c530a52e6b58bb5\",\"name\":\"admin\",\"image\":{\"@type\":\"ImageObject\",\"inLanguage\":\"ca\",\"@id\":\"https:\\\/\\\/secure.gravatar.com\\\/avatar\\\/1fbaf22aee75fcbb29a2f97b107f95d25d3a19b7c3416105be10269872673e8d?s=96&d=mm&r=g\",\"url\":\"https:\\\/\\\/secure.gravatar.com\\\/avatar\\\/1fbaf22aee75fcbb29a2f97b107f95d25d3a19b7c3416105be10269872673e8d?s=96&d=mm&r=g\",\"contentUrl\":\"https:\\\/\\\/secure.gravatar.com\\\/avatar\\\/1fbaf22aee75fcbb29a2f97b107f95d25d3a19b7c3416105be10269872673e8d?s=96&d=mm&r=g\",\"caption\":\"admin\"}}]}<\/script>\n<!-- \/ Yoast SEO plugin. -->","yoast_head_json":{"title":"Museu Guggenheim Bilbao - El turista tranquil","description":"L\u2019edifici del Museu Guggenheim de Bilbao ha esdevingut una icona a nivell mundial capa\u00e7 d\u2019arrossegar rere seu la dinamitzaci\u00f3 d\u2019una ciutat com Bilbao.","robots":{"index":"index","follow":"follow","max-snippet":"max-snippet:-1","max-image-preview":"max-image-preview:large","max-video-preview":"max-video-preview:-1"},"canonical":"https:\/\/www.elturistatranquil.com\/ca\/museu-guggenheim-bilbao\/","og_locale":"ca_ES","og_type":"article","og_title":"Museu Guggenheim Bilbao - El turista tranquil","og_description":"L\u2019edifici del Museu Guggenheim de Bilbao ha esdevingut una icona a nivell mundial capa\u00e7 d\u2019arrossegar rere seu la dinamitzaci\u00f3 d\u2019una ciutat com Bilbao.","og_url":"https:\/\/www.elturistatranquil.com\/ca\/museu-guggenheim-bilbao\/","og_site_name":"El turista tranquil","article_publisher":"https:\/\/www.facebook.com\/elturistatranquilo\/","article_published_time":"2018-09-02T16:05:25+00:00","article_modified_time":"2018-09-03T17:37:33+00:00","og_image":[{"width":800,"height":537,"url":"https:\/\/www.elturistatranquil.com\/wp-content\/uploads\/F01-Museo-Guggenheim-Bilbao-Foto-P.B..jpg","type":"image\/jpeg"}],"author":"admin","twitter_card":"summary_large_image","twitter_misc":{"Escrit per":"admin","Temps estimat de lectura":"20 minuts"},"schema":{"@context":"https:\/\/schema.org","@graph":[{"@type":"Article","@id":"https:\/\/www.elturistatranquil.com\/ca\/museu-guggenheim-bilbao\/#article","isPartOf":{"@id":"https:\/\/www.elturistatranquil.com\/ca\/museu-guggenheim-bilbao\/"},"author":{"name":"admin","@id":"https:\/\/www.elturistatranquil.com\/ca\/#\/schema\/person\/16f607c3079b96ed0c530a52e6b58bb5"},"headline":"Museu Guggenheim Bilbao","datePublished":"2018-09-02T16:05:25+00:00","dateModified":"2018-09-03T17:37:33+00:00","mainEntityOfPage":{"@id":"https:\/\/www.elturistatranquil.com\/ca\/museu-guggenheim-bilbao\/"},"wordCount":4141,"commentCount":0,"image":{"@id":"https:\/\/www.elturistatranquil.com\/ca\/museu-guggenheim-bilbao\/#primaryimage"},"thumbnailUrl":"https:\/\/www.elturistatranquil.com\/wp-content\/uploads\/F01-Museo-Guggenheim-Bilbao-Foto-P.B..jpg","articleSection":["Arquitectura civil","Bizkaia","Ciutat","Cultura urbana","Joies al territori","Museus","Segle XX-XXI","Urbanisme"],"inLanguage":"ca","potentialAction":[{"@type":"CommentAction","name":"Comment","target":["https:\/\/www.elturistatranquil.com\/ca\/museu-guggenheim-bilbao\/#respond"]}]},{"@type":"WebPage","@id":"https:\/\/www.elturistatranquil.com\/ca\/museu-guggenheim-bilbao\/","url":"https:\/\/www.elturistatranquil.com\/ca\/museu-guggenheim-bilbao\/","name":"Museu Guggenheim Bilbao - El turista tranquil","isPartOf":{"@id":"https:\/\/www.elturistatranquil.com\/ca\/#website"},"primaryImageOfPage":{"@id":"https:\/\/www.elturistatranquil.com\/ca\/museu-guggenheim-bilbao\/#primaryimage"},"image":{"@id":"https:\/\/www.elturistatranquil.com\/ca\/museu-guggenheim-bilbao\/#primaryimage"},"thumbnailUrl":"https:\/\/www.elturistatranquil.com\/wp-content\/uploads\/F01-Museo-Guggenheim-Bilbao-Foto-P.B..jpg","datePublished":"2018-09-02T16:05:25+00:00","dateModified":"2018-09-03T17:37:33+00:00","author":{"@id":"https:\/\/www.elturistatranquil.com\/ca\/#\/schema\/person\/16f607c3079b96ed0c530a52e6b58bb5"},"description":"L\u2019edifici del Museu Guggenheim de Bilbao ha esdevingut una icona a nivell mundial capa\u00e7 d\u2019arrossegar rere seu la dinamitzaci\u00f3 d\u2019una ciutat com Bilbao.","breadcrumb":{"@id":"https:\/\/www.elturistatranquil.com\/ca\/museu-guggenheim-bilbao\/#breadcrumb"},"inLanguage":"ca","potentialAction":[{"@type":"ReadAction","target":["https:\/\/www.elturistatranquil.com\/ca\/museu-guggenheim-bilbao\/"]}]},{"@type":"ImageObject","inLanguage":"ca","@id":"https:\/\/www.elturistatranquil.com\/ca\/museu-guggenheim-bilbao\/#primaryimage","url":"https:\/\/www.elturistatranquil.com\/wp-content\/uploads\/F01-Museo-Guggenheim-Bilbao-Foto-P.B..jpg","contentUrl":"https:\/\/www.elturistatranquil.com\/wp-content\/uploads\/F01-Museo-Guggenheim-Bilbao-Foto-P.B..jpg","width":800,"height":537,"caption":"Museo Guggenheim Bilbao (Foto P.B.)"},{"@type":"BreadcrumbList","@id":"https:\/\/www.elturistatranquil.com\/ca\/museu-guggenheim-bilbao\/#breadcrumb","itemListElement":[{"@type":"ListItem","position":1,"name":"Portada","item":"https:\/\/www.elturistatranquil.com\/ca\/"},{"@type":"ListItem","position":2,"name":"Museu Guggenheim Bilbao"}]},{"@type":"WebSite","@id":"https:\/\/www.elturistatranquil.com\/ca\/#website","url":"https:\/\/www.elturistatranquil.com\/ca\/","name":"El turista tranquil","description":"Blog de viatges","potentialAction":[{"@type":"SearchAction","target":{"@type":"EntryPoint","urlTemplate":"https:\/\/www.elturistatranquil.com\/ca\/?s={search_term_string}"},"query-input":{"@type":"PropertyValueSpecification","valueRequired":true,"valueName":"search_term_string"}}],"inLanguage":"ca"},{"@type":"Person","@id":"https:\/\/www.elturistatranquil.com\/ca\/#\/schema\/person\/16f607c3079b96ed0c530a52e6b58bb5","name":"admin","image":{"@type":"ImageObject","inLanguage":"ca","@id":"https:\/\/secure.gravatar.com\/avatar\/1fbaf22aee75fcbb29a2f97b107f95d25d3a19b7c3416105be10269872673e8d?s=96&d=mm&r=g","url":"https:\/\/secure.gravatar.com\/avatar\/1fbaf22aee75fcbb29a2f97b107f95d25d3a19b7c3416105be10269872673e8d?s=96&d=mm&r=g","contentUrl":"https:\/\/secure.gravatar.com\/avatar\/1fbaf22aee75fcbb29a2f97b107f95d25d3a19b7c3416105be10269872673e8d?s=96&d=mm&r=g","caption":"admin"}}]}},"_links":{"self":[{"href":"https:\/\/www.elturistatranquil.com\/ca\/wp-json\/wp\/v2\/posts\/6603","targetHints":{"allow":["GET"]}}],"collection":[{"href":"https:\/\/www.elturistatranquil.com\/ca\/wp-json\/wp\/v2\/posts"}],"about":[{"href":"https:\/\/www.elturistatranquil.com\/ca\/wp-json\/wp\/v2\/types\/post"}],"author":[{"embeddable":true,"href":"https:\/\/www.elturistatranquil.com\/ca\/wp-json\/wp\/v2\/users\/1"}],"replies":[{"embeddable":true,"href":"https:\/\/www.elturistatranquil.com\/ca\/wp-json\/wp\/v2\/comments?post=6603"}],"version-history":[{"count":0,"href":"https:\/\/www.elturistatranquil.com\/ca\/wp-json\/wp\/v2\/posts\/6603\/revisions"}],"wp:featuredmedia":[{"embeddable":true,"href":"https:\/\/www.elturistatranquil.com\/ca\/wp-json\/wp\/v2\/media\/6419"}],"wp:attachment":[{"href":"https:\/\/www.elturistatranquil.com\/ca\/wp-json\/wp\/v2\/media?parent=6603"}],"wp:term":[{"taxonomy":"category","embeddable":true,"href":"https:\/\/www.elturistatranquil.com\/ca\/wp-json\/wp\/v2\/categories?post=6603"},{"taxonomy":"post_tag","embeddable":true,"href":"https:\/\/www.elturistatranquil.com\/ca\/wp-json\/wp\/v2\/tags?post=6603"}],"curies":[{"name":"wp","href":"https:\/\/api.w.org\/{rel}","templated":true}]}}