{"id":67306,"date":"2026-08-22T13:54:08","date_gmt":"2026-08-22T11:54:08","guid":{"rendered":"https:\/\/www.elturistatranquil.com\/?p=67306"},"modified":"2026-09-03T14:03:10","modified_gmt":"2026-09-03T12:03:10","slug":"jose-luis-sanchez-escultor","status":"publish","type":"post","link":"https:\/\/www.elturistatranquil.com\/ca\/jose-luis-sanchez-escultor\/","title":{"rendered":"Jos\u00e9 Luis S\u00e1nchez, escultor"},"content":{"rendered":"\t\t<div data-elementor-type=\"wp-post\" data-elementor-id=\"67306\" class=\"elementor elementor-67306 elementor-67221\" data-elementor-post-type=\"post\">\n\t\t\t\t\t\t<section class=\"elementor-section elementor-top-section elementor-element elementor-element-452ae638 elementor-section-boxed elementor-section-height-default elementor-section-height-default\" data-id=\"452ae638\" data-element_type=\"section\" data-e-type=\"section\">\n\t\t\t\t\t\t<div class=\"elementor-container elementor-column-gap-default\">\n\t\t\t\t\t<div class=\"elementor-column elementor-col-100 elementor-top-column elementor-element elementor-element-3b392199\" data-id=\"3b392199\" data-element_type=\"column\" data-e-type=\"column\">\n\t\t\t<div class=\"elementor-widget-wrap elementor-element-populated\">\n\t\t\t\t\t\t<section class=\"elementor-section elementor-inner-section elementor-element elementor-element-3b310af5 elementor-section-content-middle elementor-section-boxed elementor-section-height-default elementor-section-height-default\" data-id=\"3b310af5\" data-element_type=\"section\" data-e-type=\"section\">\n\t\t\t\t\t\t<div class=\"elementor-container elementor-column-gap-default\">\n\t\t\t\t\t<div class=\"elementor-column elementor-col-100 elementor-inner-column elementor-element elementor-element-455b6f15\" data-id=\"455b6f15\" data-element_type=\"column\" data-e-type=\"column\">\n\t\t\t<div class=\"elementor-widget-wrap elementor-element-populated\">\n\t\t\t\t\t\t<div class=\"elementor-element elementor-element-17bfc8bd elementor-widget elementor-widget-text-editor\" data-id=\"17bfc8bd\" data-element_type=\"widget\" data-e-type=\"widget\" data-widget_type=\"text-editor.default\">\n\t\t\t\t<div class=\"elementor-widget-container\">\n\t\t\t\t\t\t\t\t\t<p><em>Post<\/em>\u00a0dedicat \u00a0a l\u2019escultor <strong>Jos\u00e9 Luis S\u00e1nchez<\/strong> (Almansa 1926 \u2013 Pozuelo de Alarc\u00f3n 2018)<\/p>\t\t\t\t\t\t\t\t<\/div>\n\t\t\t\t<\/div>\n\t\t\t\t\t<\/div>\n\t\t<\/div>\n\t\t\t\t\t<\/div>\n\t\t<\/section>\n\t\t\t\t<div class=\"elementor-element elementor-element-79a880bb elementor-widget elementor-widget-heading\" data-id=\"79a880bb\" data-element_type=\"widget\" data-e-type=\"widget\" data-widget_type=\"heading.default\">\n\t\t\t\t<div class=\"elementor-widget-container\">\n\t\t\t\t\t<h1 class=\"elementor-heading-title elementor-size-default\">Jos\u00e9 Luis S\u00e1nchez, escultor<\/h1>\t\t\t\t<\/div>\n\t\t\t\t<\/div>\n\t\t\t\t\t<\/div>\n\t\t<\/div>\n\t\t\t\t\t<\/div>\n\t\t<\/section>\n\t\t\t\t<section class=\"elementor-section elementor-top-section elementor-element elementor-element-182132ba elementor-section-boxed elementor-section-height-default elementor-section-height-default\" data-id=\"182132ba\" data-element_type=\"section\" data-e-type=\"section\">\n\t\t\t\t\t\t<div class=\"elementor-container elementor-column-gap-default\">\n\t\t\t\t\t<div class=\"elementor-column elementor-col-100 elementor-top-column elementor-element elementor-element-19bfeefe\" data-id=\"19bfeefe\" data-element_type=\"column\" data-e-type=\"column\">\n\t\t\t<div class=\"elementor-widget-wrap elementor-element-populated\">\n\t\t\t\t\t\t<div class=\"elementor-element elementor-element-1dd83903 elementor-widget elementor-widget-image\" data-id=\"1dd83903\" data-element_type=\"widget\" data-e-type=\"widget\" data-widget_type=\"image.default\">\n\t\t\t\t<div class=\"elementor-widget-container\">\n\t\t\t\t\t\t\t\t\t\t\t\t<figure class=\"wp-caption\">\n\t\t\t\t\t\t\t\t\t\t<img fetchpriority=\"high\" decoding=\"async\" width=\"768\" height=\"512\" src=\"https:\/\/www.elturistatranquil.com\/wp-content\/uploads\/F01-Jose-Luis-Sanchez-escultor-Foto-RTVE.jpg\" class=\"attachment-large size-large wp-image-67237\" alt=\"Jose Luis Sanchez, esculto\" srcset=\"https:\/\/www.elturistatranquil.com\/wp-content\/uploads\/F01-Jose-Luis-Sanchez-escultor-Foto-RTVE.jpg 768w, https:\/\/www.elturistatranquil.com\/wp-content\/uploads\/F01-Jose-Luis-Sanchez-escultor-Foto-RTVE-339x226.jpg 339w\" sizes=\"(max-width: 768px) 100vw, 768px\" \/>\t\t\t\t\t\t\t\t\t\t\t<figcaption class=\"widget-image-caption wp-caption-text\">Jos\u00e9 Luis S\u00e1nchez (Font: RTVE)<\/figcaption>\n\t\t\t\t\t\t\t\t\t\t<\/figure>\n\t\t\t\t\t\t\t\t\t<\/div>\n\t\t\t\t<\/div>\n\t\t\t\t<div class=\"elementor-element elementor-element-7d9ce022 elementor-toc--minimized-on-tablet elementor-widget elementor-widget-table-of-contents\" data-id=\"7d9ce022\" data-element_type=\"widget\" data-e-type=\"widget\" data-settings=\"{&quot;headings_by_tags&quot;:[&quot;h2&quot;,&quot;h3&quot;,&quot;h4&quot;],&quot;marker_view&quot;:&quot;bullets&quot;,&quot;icon&quot;:{&quot;value&quot;:&quot;&quot;,&quot;library&quot;:&quot;&quot;},&quot;no_headings_message&quot;:&quot;No se ha encontrado ning\\u00fan encabezado en esta p\\u00e1gina.&quot;,&quot;minimize_box&quot;:&quot;yes&quot;,&quot;minimized_on&quot;:&quot;tablet&quot;,&quot;hierarchical_view&quot;:&quot;yes&quot;,&quot;min_height&quot;:{&quot;unit&quot;:&quot;px&quot;,&quot;size&quot;:&quot;&quot;,&quot;sizes&quot;:[]},&quot;min_height_tablet&quot;:{&quot;unit&quot;:&quot;px&quot;,&quot;size&quot;:&quot;&quot;,&quot;sizes&quot;:[]},&quot;min_height_mobile&quot;:{&quot;unit&quot;:&quot;px&quot;,&quot;size&quot;:&quot;&quot;,&quot;sizes&quot;:[]}}\" data-widget_type=\"table-of-contents.default\">\n\t\t\t\t<div class=\"elementor-widget-container\">\n\t\t\t\t\t\t\t\t\t<div class=\"elementor-toc__header\">\n\t\t\t\t\t\t<h4 class=\"elementor-toc__header-title\">\n\t\t\t\t\u00cdndex\t\t\t<\/h4>\n\t\t\t\t\t\t\t\t\t\t<div class=\"elementor-toc__toggle-button elementor-toc__toggle-button--expand\" role=\"button\" tabindex=\"0\" aria-controls=\"elementor-toc__7d9ce022\" aria-expanded=\"true\" aria-label=\"Open table of contents\"><i aria-hidden=\"true\" class=\"fas fa-chevron-down\"><\/i><\/div>\n\t\t\t\t<div class=\"elementor-toc__toggle-button elementor-toc__toggle-button--collapse\" role=\"button\" tabindex=\"0\" aria-controls=\"elementor-toc__7d9ce022\" aria-expanded=\"true\" aria-label=\"Close table of contents\"><i aria-hidden=\"true\" class=\"fas fa-chevron-up\"><\/i><\/div>\n\t\t\t\t\t<\/div>\n\t\t\t\t<div id=\"elementor-toc__7d9ce022\" class=\"elementor-toc__body\">\n\t\t\t<div class=\"elementor-toc__spinner-container\">\n\t\t\t\t<i class=\"elementor-toc__spinner eicon-animation-spin eicon-loading\" aria-hidden=\"true\"><\/i>\t\t\t<\/div>\n\t\t<\/div>\n\t\t\t\t\t\t<\/div>\n\t\t\t\t<\/div>\n\t\t\t\t<div class=\"elementor-element elementor-element-1f95fabf elementor-widget elementor-widget-menu-anchor\" data-id=\"1f95fabf\" data-element_type=\"widget\" data-e-type=\"widget\" data-widget_type=\"menu-anchor.default\">\n\t\t\t\t<div class=\"elementor-widget-container\">\n\t\t\t\t\t\t\t<div class=\"elementor-menu-anchor\" id=\"a0101-EnlaceaunpuntodentrodelPost\"><\/div>\n\t\t\t\t\t\t<\/div>\n\t\t\t\t<\/div>\n\t\t\t\t<div class=\"elementor-element elementor-element-400d9f67 elementor-widget elementor-widget-spacer\" data-id=\"400d9f67\" data-element_type=\"widget\" data-e-type=\"widget\" data-widget_type=\"spacer.default\">\n\t\t\t\t<div class=\"elementor-widget-container\">\n\t\t\t\t\t\t\t<div class=\"elementor-spacer\">\n\t\t\t<div class=\"elementor-spacer-inner\"><\/div>\n\t\t<\/div>\n\t\t\t\t\t\t<\/div>\n\t\t\t\t<\/div>\n\t\t\t\t<div class=\"elementor-element elementor-element-768c8493 elementor-widget elementor-widget-heading\" data-id=\"768c8493\" data-element_type=\"widget\" data-e-type=\"widget\" data-widget_type=\"heading.default\">\n\t\t\t\t<div class=\"elementor-widget-container\">\n\t\t\t\t\t<h2 class=\"elementor-heading-title elementor-size-default\">Jos\u00e9 Luis S\u00e1nchez, escultor, a Almansa<\/h2>\t\t\t\t<\/div>\n\t\t\t\t<\/div>\n\t\t\t\t<div class=\"elementor-element elementor-element-7508e807 elementor-widget elementor-widget-text-editor\" data-id=\"7508e807\" data-element_type=\"widget\" data-e-type=\"widget\" data-widget_type=\"text-editor.default\">\n\t\t\t\t<div class=\"elementor-widget-container\">\n\t\t\t\t\t\t\t\t\t<p>En els recorreguts per Espanya de tant en tant sorgeixen sorpreses agradables, com em va passar a Villanueva de los Infantes amb el <a href=\"https:\/\/www.elturistatranquil.com\/ca\/museo-de-arte-contemporaneo-el-mercado-de-villanueva-de-los-infantes-ciudad-real\/\" target=\"_blank\" rel=\"noopener\">Museu d\u2019Art Contemporani<\/a>. En aquesta ocasi\u00f3 es tracta d\u2019apreciar la gran quantitat d\u2019obra escult\u00f2rica de <strong>Jos\u00e9 Luis S\u00e1nchez<\/strong> que es troba a la seva ciutat natal d\u2019Almansa.<\/p><p>Crec que val la pena dedicar-li aquest <em>Post<\/em> a un dels escultors espanyols m\u00e9s importants i interessants del segle XX.<\/p>\t\t\t\t\t\t\t\t<\/div>\n\t\t\t\t<\/div>\n\t\t\t\t<div class=\"elementor-element elementor-element-3baa43e8 elementor-widget elementor-widget-heading\" data-id=\"3baa43e8\" data-element_type=\"widget\" data-e-type=\"widget\" data-widget_type=\"heading.default\">\n\t\t\t\t<div class=\"elementor-widget-container\">\n\t\t\t\t\t<h3 class=\"elementor-heading-title elementor-size-default\">Biografia i comentaris<\/h3>\t\t\t\t<\/div>\n\t\t\t\t<\/div>\n\t\t\t\t<div class=\"elementor-element elementor-element-7b2ea8c elementor-widget elementor-widget-text-editor\" data-id=\"7b2ea8c\" data-element_type=\"widget\" data-e-type=\"widget\" data-widget_type=\"text-editor.default\">\n\t\t\t\t<div class=\"elementor-widget-container\">\n\t\t\t\t\t\t\t\t\t<p>L\u2019escultor Jos\u00e9 Luis S\u00e1nchez Fern\u00e1ndez va n\u00e9ixer a <a href=\"https:\/\/www.elturistatranquil.com\/ca\/almansa-i-el-seu-castell-albacete\/\" target=\"_blank\" rel=\"noopener\">Almansa<\/a> el 1926, encara que des de la seva joventut va viure a Madrid (Pozuelo de Alarc\u00f3n), ciutat en la qual va morir el 2018.<\/p><p>Apropar-se a l\u2019obra de Jos\u00e9 Luis permet descobrir un dels protagonistes de la renovaci\u00f3 de l\u2019escultura espanyola de la segona meitat del segle XX. Un artista la pres\u00e8ncia del qual en esgl\u00e9sies, edificis i espais p\u00fablics va ser m\u00e9s gran que la difusi\u00f3 del seu nom. Ell mateix ho expressava amb senzillesa: \u00abHi ha qui coneix les meves obres, per\u00f2 no a mi\u00bb.<\/p><p>Encara que es va llicenciar en Dret i va treballar en un banc, la seva vocaci\u00f3 art\u00edstica va acabar imposant-se. A l\u2019Escola d\u2019Arts i Oficis de<\/p><p>Madrid va trobar \u00c1ngel Ferrant, a qui sempre va considerar el seu mestre i que el va apropar al llenguatge de les avantguardes.<\/p><p>Durant els anys cinquanta, les seves estades a Roma, Mil\u00e0 i Par\u00eds van ampliar la seva formaci\u00f3 i van despertar el seu inter\u00e8s per la relaci\u00f3 entre escultura, arquitectura i disseny.<\/p><p>A Par\u00eds, al taller del ceramista Pierre Canivet, coneixer\u00e0 la seva filla Jacqueline amb la qual s\u2019acabar\u00e0 casant.<\/p><p>Aquestes experi\u00e8ncies van consolidar una manera de treballar en la qual escultura, arquitectura i disseny no eren disciplines a\u00efllades, sin\u00f3 activitats que podien enriquir-se m\u00fatuament.<\/p>\t\t\t\t\t\t\t\t<\/div>\n\t\t\t\t<\/div>\n\t\t\t\t<div class=\"elementor-element elementor-element-5a204785 elementor-widget elementor-widget-image\" data-id=\"5a204785\" data-element_type=\"widget\" data-e-type=\"widget\" data-widget_type=\"image.default\">\n\t\t\t\t<div class=\"elementor-widget-container\">\n\t\t\t\t\t\t\t\t\t\t\t\t<figure class=\"wp-caption\">\n\t\t\t\t\t\t\t\t\t\t<img decoding=\"async\" width=\"768\" height=\"522\" src=\"https:\/\/www.elturistatranquil.com\/wp-content\/uploads\/F02-Jose-Luis-Sanchez-escultor-Heron-1975.-Edificio-Torres-de-Colon.-Madrid-Foto-M.-Peinado.jpg\" class=\"attachment-large size-large wp-image-67239\" alt=\"Jose Luis Sanchez, esculto\" srcset=\"https:\/\/www.elturistatranquil.com\/wp-content\/uploads\/F02-Jose-Luis-Sanchez-escultor-Heron-1975.-Edificio-Torres-de-Colon.-Madrid-Foto-M.-Peinado.jpg 768w, https:\/\/www.elturistatranquil.com\/wp-content\/uploads\/F02-Jose-Luis-Sanchez-escultor-Heron-1975.-Edificio-Torres-de-Colon.-Madrid-Foto-M.-Peinado-333x226.jpg 333w\" sizes=\"(max-width: 768px) 100vw, 768px\" \/>\t\t\t\t\t\t\t\t\t\t\t<figcaption class=\"widget-image-caption wp-caption-text\">\u201cHer\u00f3n\u201d 1975. Edifici Torres de Col\u00f3n. Madrid (Foto: M. Peinado)<\/figcaption>\n\t\t\t\t\t\t\t\t\t\t<\/figure>\n\t\t\t\t\t\t\t\t\t<\/div>\n\t\t\t\t<\/div>\n\t\t\t\t<div class=\"elementor-element elementor-element-5853edb elementor-widget elementor-widget-text-editor\" data-id=\"5853edb\" data-element_type=\"widget\" data-e-type=\"widget\" data-widget_type=\"text-editor.default\">\n\t\t\t\t<div class=\"elementor-widget-container\">\n\t\t\t\t\t\t\t\t\t<p>Aquesta relaci\u00f3 amb l\u2019arquitectura \u00e9s una de les claus per comprendre la seva obra. Va col\u00b7laborar amb arquitectes com Jos\u00e9 Luis Fern\u00e1ndez del Amo, Javier Carvajal i Miguel Fisac, buscant que les seves escultures formessin part de l\u2019edifici i no fossin un simple afegit decoratiu. D\u2019aqu\u00ed que es defin\u00eds com \u00abun artista d\u2019arquitectes\u00bb. Aquesta col\u00b7laboraci\u00f3 va tenir una import\u00e0ncia especial en la renovaci\u00f3 de l\u2019art sacre, tant a les esgl\u00e9sies dels <a href=\"https:\/\/www.elturistatranquil.com\/ca\/assentaments-de-poblacio-programats-i-2-proces-historic-a-espanya\/\" target=\"_blank\" rel=\"noopener\">pobles de colonitzaci\u00f3<\/a> com en temples com Santa Ana de Moratalaz. Amb el seu treball va contribuir a introduir un llenguatge contemporani, allunyat de la imatgeria convencional.<\/p>\t\t\t\t\t\t\t\t<\/div>\n\t\t\t\t<\/div>\n\t\t\t\t<div class=\"elementor-element elementor-element-92fc908 elementor-widget elementor-widget-image\" data-id=\"92fc908\" data-element_type=\"widget\" data-e-type=\"widget\" data-widget_type=\"image.default\">\n\t\t\t\t<div class=\"elementor-widget-container\">\n\t\t\t\t\t\t\t\t\t\t\t\t<figure class=\"wp-caption\">\n\t\t\t\t\t\t\t\t\t\t<img decoding=\"async\" width=\"768\" height=\"508\" src=\"https:\/\/www.elturistatranquil.com\/wp-content\/uploads\/F03-Parroquia-del-Santisimo-Redentor.-Madrid.-1971-Foto-Parroquia-del-Santisimo-Redentor-2.jpg\" class=\"attachment-large size-large wp-image-67251\" alt=\"\" srcset=\"https:\/\/www.elturistatranquil.com\/wp-content\/uploads\/F03-Parroquia-del-Santisimo-Redentor.-Madrid.-1971-Foto-Parroquia-del-Santisimo-Redentor-2.jpg 768w, https:\/\/www.elturistatranquil.com\/wp-content\/uploads\/F03-Parroquia-del-Santisimo-Redentor.-Madrid.-1971-Foto-Parroquia-del-Santisimo-Redentor-2-339x224.jpg 339w\" sizes=\"(max-width: 768px) 100vw, 768px\" \/>\t\t\t\t\t\t\t\t\t\t\t<figcaption class=\"widget-image-caption wp-caption-text\">Parr\u00f2quia del Sant\u00edsimo Redentor. Madrid. 1971 (Foto: Parroquia del Sant\u00edsimo Redentor)<\/figcaption>\n\t\t\t\t\t\t\t\t\t\t<\/figure>\n\t\t\t\t\t\t\t\t\t<\/div>\n\t\t\t\t<\/div>\n\t\t\t\t<div class=\"elementor-element elementor-element-d6885f8 elementor-widget elementor-widget-text-editor\" data-id=\"d6885f8\" data-element_type=\"widget\" data-e-type=\"widget\" data-widget_type=\"text-editor.default\">\n\t\t\t\t<div class=\"elementor-widget-container\">\n\t\t\t\t\t\t\t\t\t<p>Realitzava maquetes en materials com fusta, guix, pedra o metall, que permeten comprendre com assajava a petita dimensi\u00f3 les relacions espacials de les seves obres.<\/p><p>Les seves maquetes, realitzades en fusta, guix, pedra o metall, permeten apropar-se a aquest proc\u00e9s: petites construccions on assajava relacions espacials que despr\u00e9s podien adquirir una escala monumental.<\/p><p>La seva activitat es va estendre al disseny industrial i a l\u2019ensenyament.<\/p><p>El 1987 va pronunciar el seu discurs d\u2019ingr\u00e9s a la Reial Acad\u00e8mia de Belles Arts de San Fernando, titulat <em>En defensa de l\u2019escultura<\/em>.<\/p><p>El 2005 va organitzar personalment la seva col\u00b7lecci\u00f3 al palau dels comtes de Cirat, a Almansa, vinculant de nou la seva traject\u00f2ria amb la ciutat natal.<\/p>\t\t\t\t\t\t\t\t<\/div>\n\t\t\t\t<\/div>\n\t\t\t\t<div class=\"elementor-element elementor-element-6c0fdb1 elementor-widget elementor-widget-image\" data-id=\"6c0fdb1\" data-element_type=\"widget\" data-e-type=\"widget\" data-widget_type=\"image.default\">\n\t\t\t\t<div class=\"elementor-widget-container\">\n\t\t\t\t\t\t\t\t\t\t\t\t<figure class=\"wp-caption\">\n\t\t\t\t\t\t\t\t\t\t<img loading=\"lazy\" decoding=\"async\" width=\"768\" height=\"576\" src=\"https:\/\/www.elturistatranquil.com\/wp-content\/uploads\/F04-a-Jose-Luis-Sanchez-escultor.jpg\" class=\"attachment-large size-large wp-image-67243\" alt=\"Jose Luis Sanchez, escultor\" srcset=\"https:\/\/www.elturistatranquil.com\/wp-content\/uploads\/F04-a-Jose-Luis-Sanchez-escultor.jpg 768w, https:\/\/www.elturistatranquil.com\/wp-content\/uploads\/F04-a-Jose-Luis-Sanchez-escultor-301x226.jpg 301w\" sizes=\"(max-width: 768px) 100vw, 768px\" \/>\t\t\t\t\t\t\t\t\t\t\t<figcaption class=\"widget-image-caption wp-caption-text\"><\/figcaption>\n\t\t\t\t\t\t\t\t\t\t<\/figure>\n\t\t\t\t\t\t\t\t\t<\/div>\n\t\t\t\t<\/div>\n\t\t\t\t<div class=\"elementor-element elementor-element-2e31660 elementor-widget elementor-widget-text-editor\" data-id=\"2e31660\" data-element_type=\"widget\" data-e-type=\"widget\" data-widget_type=\"text-editor.default\">\n\t\t\t\t<div class=\"elementor-widget-container\">\n\t\t\t\t\t\t\t\t\t<p>La seva obra convida a mirar l\u2019escultura m\u00e9s enll\u00e0 de l\u2019objecte col\u00b7locat sobre un pedestal. A descobrir com un volum transforma un espai i com l\u2019art pot acompanyar-nos als llocs que habitem, fins i tot quan desconeixem el nom de qui el va fer.<\/p>\t\t\t\t\t\t\t\t<\/div>\n\t\t\t\t<\/div>\n\t\t\t\t<div class=\"elementor-element elementor-element-78d6511 elementor-widget elementor-widget-heading\" data-id=\"78d6511\" data-element_type=\"widget\" data-e-type=\"widget\" data-widget_type=\"heading.default\">\n\t\t\t\t<div class=\"elementor-widget-container\">\n\t\t\t\t\t<h2 class=\"elementor-heading-title elementor-size-default\">Recorregut per l\u2019obra de Jos\u00e9 Luis S\u00e1nchez a Almansa<\/h2>\t\t\t\t<\/div>\n\t\t\t\t<\/div>\n\t\t\t\t<div class=\"elementor-element elementor-element-0d404dc elementor-widget elementor-widget-text-editor\" data-id=\"0d404dc\" data-element_type=\"widget\" data-e-type=\"widget\" data-widget_type=\"text-editor.default\">\n\t\t\t\t<div class=\"elementor-widget-container\">\n\t\t\t\t\t\t\t\t\t<p>El gruix de la seva obra a Almansa es troba al jard\u00ed del Palau dels Cirat\/Ajuntament com a <strong>Museu Obert d\u2019Escultura Contempor\u00e0nia<\/strong>. <strong>Col\u00b7lecci\u00f3 Jos\u00e9 Luis S\u00e1nchez<\/strong> del seu il\u00b7lustre fill, col\u00b7lecci\u00f3 dissenyada personalment per l\u2019artista el 2005.<\/p><p>A m\u00e9s, existeix una extensa difusi\u00f3 d\u2019obres repartides per la localitat.<\/p>\t\t\t\t\t\t\t\t<\/div>\n\t\t\t\t<\/div>\n\t\t\t\t<div class=\"elementor-element elementor-element-e83ed77 elementor-widget elementor-widget-heading\" data-id=\"e83ed77\" data-element_type=\"widget\" data-e-type=\"widget\" data-widget_type=\"heading.default\">\n\t\t\t\t<div class=\"elementor-widget-container\">\n\t\t\t\t\t<h3 class=\"elementor-heading-title elementor-size-default\">Museu Obert d\u2019Escultura Contempor\u00e0nia. Col\u00b7lecci\u00f3 Jos\u00e9 Luis S\u00e1nchez<\/h3>\t\t\t\t<\/div>\n\t\t\t\t<\/div>\n\t\t\t\t<div class=\"elementor-element elementor-element-eb8c784 elementor-widget elementor-widget-text-editor\" data-id=\"eb8c784\" data-element_type=\"widget\" data-e-type=\"widget\" data-widget_type=\"text-editor.default\">\n\t\t\t\t<div class=\"elementor-widget-container\">\n\t\t\t\t\t\t\t\t\t<p>L\u2019ambient del museu obert queda emmarcat entre la part posterior de l\u2019edifici comtal i l\u2019exterior del costat de l\u2019ep\u00edstola de l\u2019esgl\u00e9sia arxiprestal de la Asunci\u00f3n.<\/p>\t\t\t\t\t\t\t\t<\/div>\n\t\t\t\t<\/div>\n\t\t\t\t<div class=\"elementor-element elementor-element-878ff34 elementor-widget elementor-widget-image\" data-id=\"878ff34\" data-element_type=\"widget\" data-e-type=\"widget\" data-widget_type=\"image.default\">\n\t\t\t\t<div class=\"elementor-widget-container\">\n\t\t\t\t\t\t\t\t\t\t\t\t<figure class=\"wp-caption\">\n\t\t\t\t\t\t\t\t\t\t<img loading=\"lazy\" decoding=\"async\" width=\"768\" height=\"576\" src=\"https:\/\/www.elturistatranquil.com\/wp-content\/uploads\/F04a-Jose-Luis-Sanchez-escultor-Almansa.jpg\" class=\"attachment-large size-large wp-image-67245\" alt=\"Jose Luis Sanchez, escultor\" srcset=\"https:\/\/www.elturistatranquil.com\/wp-content\/uploads\/F04a-Jose-Luis-Sanchez-escultor-Almansa.jpg 768w, https:\/\/www.elturistatranquil.com\/wp-content\/uploads\/F04a-Jose-Luis-Sanchez-escultor-Almansa-301x226.jpg 301w\" sizes=\"(max-width: 768px) 100vw, 768px\" \/>\t\t\t\t\t\t\t\t\t\t\t<figcaption class=\"widget-image-caption wp-caption-text\"><\/figcaption>\n\t\t\t\t\t\t\t\t\t\t<\/figure>\n\t\t\t\t\t\t\t\t\t<\/div>\n\t\t\t\t<\/div>\n\t\t\t\t<div class=\"elementor-element elementor-element-6ed2844 elementor-widget elementor-widget-image\" data-id=\"6ed2844\" data-element_type=\"widget\" data-e-type=\"widget\" data-widget_type=\"image.default\">\n\t\t\t\t<div class=\"elementor-widget-container\">\n\t\t\t\t\t\t\t\t\t\t\t\t<figure class=\"wp-caption\">\n\t\t\t\t\t\t\t\t\t\t<img loading=\"lazy\" decoding=\"async\" width=\"768\" height=\"576\" src=\"https:\/\/www.elturistatranquil.com\/wp-content\/uploads\/F05-Jose-Luis-Sanchez-escultor-Arbole.jpg\" class=\"attachment-large size-large wp-image-67247\" alt=\"Jose Luis Sanchez, escultor\" srcset=\"https:\/\/www.elturistatranquil.com\/wp-content\/uploads\/F05-Jose-Luis-Sanchez-escultor-Arbole.jpg 768w, https:\/\/www.elturistatranquil.com\/wp-content\/uploads\/F05-Jose-Luis-Sanchez-escultor-Arbole-301x226.jpg 301w\" sizes=\"(max-width: 768px) 100vw, 768px\" \/>\t\t\t\t\t\t\t\t\t\t\t<figcaption class=\"widget-image-caption wp-caption-text\"><\/figcaption>\n\t\t\t\t\t\t\t\t\t\t<\/figure>\n\t\t\t\t\t\t\t\t\t<\/div>\n\t\t\t\t<\/div>\n\t\t\t\t<div class=\"elementor-element elementor-element-60e2362 elementor-widget elementor-widget-text-editor\" data-id=\"60e2362\" data-element_type=\"widget\" data-e-type=\"widget\" data-widget_type=\"text-editor.default\">\n\t\t\t\t<div class=\"elementor-widget-container\">\n\t\t\t\t\t\t\t\t\t<p>La presentaci\u00f3 que segueix de les obres del Museu les he ordenat per any de realitzaci\u00f3.<\/p>\t\t\t\t\t\t\t\t<\/div>\n\t\t\t\t<\/div>\n\t\t\t\t<div class=\"elementor-element elementor-element-39e1bd0 elementor-widget elementor-widget-image\" data-id=\"39e1bd0\" data-element_type=\"widget\" data-e-type=\"widget\" data-widget_type=\"image.default\">\n\t\t\t\t<div class=\"elementor-widget-container\">\n\t\t\t\t\t\t\t\t\t\t\t\t<figure class=\"wp-caption\">\n\t\t\t\t\t\t\t\t\t\t<img loading=\"lazy\" decoding=\"async\" width=\"768\" height=\"576\" src=\"https:\/\/www.elturistatranquil.com\/wp-content\/uploads\/F06-Jose-Luis-Sanchez-escultor-Triptico.jpg\" class=\"attachment-large size-large wp-image-67253\" alt=\"Jose Luis Sanchez, escultor\" srcset=\"https:\/\/www.elturistatranquil.com\/wp-content\/uploads\/F06-Jose-Luis-Sanchez-escultor-Triptico.jpg 768w, https:\/\/www.elturistatranquil.com\/wp-content\/uploads\/F06-Jose-Luis-Sanchez-escultor-Triptico-301x226.jpg 301w\" sizes=\"(max-width: 768px) 100vw, 768px\" \/>\t\t\t\t\t\t\t\t\t\t\t<figcaption class=\"widget-image-caption wp-caption-text\">\u201cTr\u00edptico\u201d 1973. Alumini i acer inoxidable<\/figcaption>\n\t\t\t\t\t\t\t\t\t\t<\/figure>\n\t\t\t\t\t\t\t\t\t<\/div>\n\t\t\t\t<\/div>\n\t\t\t\t<div class=\"elementor-element elementor-element-b65a100 elementor-widget elementor-widget-image\" data-id=\"b65a100\" data-element_type=\"widget\" data-e-type=\"widget\" data-widget_type=\"image.default\">\n\t\t\t\t<div class=\"elementor-widget-container\">\n\t\t\t\t\t\t\t\t\t\t\t\t<figure class=\"wp-caption\">\n\t\t\t\t\t\t\t\t\t\t<img loading=\"lazy\" decoding=\"async\" width=\"768\" height=\"576\" src=\"https:\/\/www.elturistatranquil.com\/wp-content\/uploads\/F07-Jose-Luis-Sanchez-escultor-Triptico-Foto-DeAlmansa.jpg\" class=\"attachment-large size-large wp-image-67255\" alt=\"Jose Luis Sanchez, escultor\" srcset=\"https:\/\/www.elturistatranquil.com\/wp-content\/uploads\/F07-Jose-Luis-Sanchez-escultor-Triptico-Foto-DeAlmansa.jpg 768w, https:\/\/www.elturistatranquil.com\/wp-content\/uploads\/F07-Jose-Luis-Sanchez-escultor-Triptico-Foto-DeAlmansa-301x226.jpg 301w\" sizes=\"(max-width: 768px) 100vw, 768px\" \/>\t\t\t\t\t\t\t\t\t\t\t<figcaption class=\"widget-image-caption wp-caption-text\">El \u201cTr\u00edptico\u201d anterior obert (Foto: DeAlmansa)<\/figcaption>\n\t\t\t\t\t\t\t\t\t\t<\/figure>\n\t\t\t\t\t\t\t\t\t<\/div>\n\t\t\t\t<\/div>\n\t\t\t\t<div class=\"elementor-element elementor-element-ebf1871 elementor-widget elementor-widget-image\" data-id=\"ebf1871\" data-element_type=\"widget\" data-e-type=\"widget\" data-widget_type=\"image.default\">\n\t\t\t\t<div class=\"elementor-widget-container\">\n\t\t\t\t\t\t\t\t\t\t\t\t<figure class=\"wp-caption\">\n\t\t\t\t\t\t\t\t\t\t<img loading=\"lazy\" decoding=\"async\" width=\"768\" height=\"576\" src=\"https:\/\/www.elturistatranquil.com\/wp-content\/uploads\/F08-Jose-Luis-Sanchez-escultor-Germinal.jpg\" class=\"attachment-large size-large wp-image-67257\" alt=\"Jose Luis Sanchez, escultor\" srcset=\"https:\/\/www.elturistatranquil.com\/wp-content\/uploads\/F08-Jose-Luis-Sanchez-escultor-Germinal.jpg 768w, https:\/\/www.elturistatranquil.com\/wp-content\/uploads\/F08-Jose-Luis-Sanchez-escultor-Germinal-301x226.jpg 301w\" sizes=\"(max-width: 768px) 100vw, 768px\" \/>\t\t\t\t\t\t\t\t\t\t\t<figcaption class=\"widget-image-caption wp-caption-text\">\u201cGerminal\u201d 1975. Bronze<\/figcaption>\n\t\t\t\t\t\t\t\t\t\t<\/figure>\n\t\t\t\t\t\t\t\t\t<\/div>\n\t\t\t\t<\/div>\n\t\t\t\t<div class=\"elementor-element elementor-element-bf19982 elementor-widget elementor-widget-image\" data-id=\"bf19982\" data-element_type=\"widget\" data-e-type=\"widget\" data-widget_type=\"image.default\">\n\t\t\t\t<div class=\"elementor-widget-container\">\n\t\t\t\t\t\t\t\t\t\t\t\t<figure class=\"wp-caption\">\n\t\t\t\t\t\t\t\t\t\t<img loading=\"lazy\" decoding=\"async\" width=\"768\" height=\"576\" src=\"https:\/\/www.elturistatranquil.com\/wp-content\/uploads\/F09-Jose-Luis-Sanchez-escultor-Adobe.jpg\" class=\"attachment-large size-large wp-image-67259\" alt=\"Jose Luis Sanchez, escultor\" srcset=\"https:\/\/www.elturistatranquil.com\/wp-content\/uploads\/F09-Jose-Luis-Sanchez-escultor-Adobe.jpg 768w, https:\/\/www.elturistatranquil.com\/wp-content\/uploads\/F09-Jose-Luis-Sanchez-escultor-Adobe-301x226.jpg 301w\" sizes=\"(max-width: 768px) 100vw, 768px\" \/>\t\t\t\t\t\t\t\t\t\t\t<figcaption class=\"widget-image-caption wp-caption-text\">\u201cAdobe\u201d 1983. Bronze<\/figcaption>\n\t\t\t\t\t\t\t\t\t\t<\/figure>\n\t\t\t\t\t\t\t\t\t<\/div>\n\t\t\t\t<\/div>\n\t\t\t\t<div class=\"elementor-element elementor-element-992692d elementor-widget elementor-widget-image\" data-id=\"992692d\" data-element_type=\"widget\" data-e-type=\"widget\" data-widget_type=\"image.default\">\n\t\t\t\t<div class=\"elementor-widget-container\">\n\t\t\t\t\t\t\t\t\t\t\t\t<figure class=\"wp-caption\">\n\t\t\t\t\t\t\t\t\t\t<img loading=\"lazy\" decoding=\"async\" width=\"768\" height=\"576\" src=\"https:\/\/www.elturistatranquil.com\/wp-content\/uploads\/F10-Jose-Luis-Sanchez-escultor-Pandora.jpg\" class=\"attachment-large size-large wp-image-67261\" alt=\"Jose Luis Sanchez, escultor\" srcset=\"https:\/\/www.elturistatranquil.com\/wp-content\/uploads\/F10-Jose-Luis-Sanchez-escultor-Pandora.jpg 768w, https:\/\/www.elturistatranquil.com\/wp-content\/uploads\/F10-Jose-Luis-Sanchez-escultor-Pandora-301x226.jpg 301w\" sizes=\"(max-width: 768px) 100vw, 768px\" \/>\t\t\t\t\t\t\t\t\t\t\t<figcaption class=\"widget-image-caption wp-caption-text\">\u201cPandora\u201d 1983. Bronze<\/figcaption>\n\t\t\t\t\t\t\t\t\t\t<\/figure>\n\t\t\t\t\t\t\t\t\t<\/div>\n\t\t\t\t<\/div>\n\t\t\t\t<div class=\"elementor-element elementor-element-e2e3c4e elementor-widget elementor-widget-image\" data-id=\"e2e3c4e\" data-element_type=\"widget\" data-e-type=\"widget\" data-widget_type=\"image.default\">\n\t\t\t\t<div class=\"elementor-widget-container\">\n\t\t\t\t\t\t\t\t\t\t\t\t<figure class=\"wp-caption\">\n\t\t\t\t\t\t\t\t\t\t<img loading=\"lazy\" decoding=\"async\" width=\"768\" height=\"576\" src=\"https:\/\/www.elturistatranquil.com\/wp-content\/uploads\/F11-Jose-Luis-Sanchez-escultor-Duna.jpg\" class=\"attachment-large size-large wp-image-67263\" alt=\"Jose Luis Sanchez, escultor\" srcset=\"https:\/\/www.elturistatranquil.com\/wp-content\/uploads\/F11-Jose-Luis-Sanchez-escultor-Duna.jpg 768w, https:\/\/www.elturistatranquil.com\/wp-content\/uploads\/F11-Jose-Luis-Sanchez-escultor-Duna-301x226.jpg 301w\" sizes=\"(max-width: 768px) 100vw, 768px\" \/>\t\t\t\t\t\t\t\t\t\t\t<figcaption class=\"widget-image-caption wp-caption-text\">\u201cDuna\u201d 1990. Bronze<\/figcaption>\n\t\t\t\t\t\t\t\t\t\t<\/figure>\n\t\t\t\t\t\t\t\t\t<\/div>\n\t\t\t\t<\/div>\n\t\t\t\t<div class=\"elementor-element elementor-element-1e5328c elementor-widget elementor-widget-image\" data-id=\"1e5328c\" data-element_type=\"widget\" data-e-type=\"widget\" data-widget_type=\"image.default\">\n\t\t\t\t<div class=\"elementor-widget-container\">\n\t\t\t\t\t\t\t\t\t\t\t\t<figure class=\"wp-caption\">\n\t\t\t\t\t\t\t\t\t\t<img loading=\"lazy\" decoding=\"async\" width=\"768\" height=\"576\" src=\"https:\/\/www.elturistatranquil.com\/wp-content\/uploads\/F12-Jose-Luis-Sanchez-escultor-Magerit.jpg\" class=\"attachment-large size-large wp-image-67265\" alt=\"Jose Luis Sanchez, escultor\" srcset=\"https:\/\/www.elturistatranquil.com\/wp-content\/uploads\/F12-Jose-Luis-Sanchez-escultor-Magerit.jpg 768w, https:\/\/www.elturistatranquil.com\/wp-content\/uploads\/F12-Jose-Luis-Sanchez-escultor-Magerit-301x226.jpg 301w\" sizes=\"(max-width: 768px) 100vw, 768px\" \/>\t\t\t\t\t\t\t\t\t\t\t<figcaption class=\"widget-image-caption wp-caption-text\">\u201cMagerit\u201d 2002. Bronze<\/figcaption>\n\t\t\t\t\t\t\t\t\t\t<\/figure>\n\t\t\t\t\t\t\t\t\t<\/div>\n\t\t\t\t<\/div>\n\t\t\t\t<div class=\"elementor-element elementor-element-9fbd6fa elementor-widget elementor-widget-image\" data-id=\"9fbd6fa\" data-element_type=\"widget\" data-e-type=\"widget\" data-widget_type=\"image.default\">\n\t\t\t\t<div class=\"elementor-widget-container\">\n\t\t\t\t\t\t\t\t\t\t\t\t<figure class=\"wp-caption\">\n\t\t\t\t\t\t\t\t\t\t<img loading=\"lazy\" decoding=\"async\" width=\"768\" height=\"576\" src=\"https:\/\/www.elturistatranquil.com\/wp-content\/uploads\/F13-Jose-Luis-Sanchez-escultor-Onfalos.jpg\" class=\"attachment-large size-large wp-image-67267\" alt=\"Jose Luis Sanchez, escultor\" srcset=\"https:\/\/www.elturistatranquil.com\/wp-content\/uploads\/F13-Jose-Luis-Sanchez-escultor-Onfalos.jpg 768w, https:\/\/www.elturistatranquil.com\/wp-content\/uploads\/F13-Jose-Luis-Sanchez-escultor-Onfalos-301x226.jpg 301w\" sizes=\"(max-width: 768px) 100vw, 768px\" \/>\t\t\t\t\t\t\t\t\t\t\t<figcaption class=\"widget-image-caption wp-caption-text\">\u201c\u00d3nfalos\u201d 2003.Bronze<\/figcaption>\n\t\t\t\t\t\t\t\t\t\t<\/figure>\n\t\t\t\t\t\t\t\t\t<\/div>\n\t\t\t\t<\/div>\n\t\t\t\t<div class=\"elementor-element elementor-element-87a4d2a elementor-widget elementor-widget-image\" data-id=\"87a4d2a\" data-element_type=\"widget\" data-e-type=\"widget\" data-widget_type=\"image.default\">\n\t\t\t\t<div class=\"elementor-widget-container\">\n\t\t\t\t\t\t\t\t\t\t\t\t<figure class=\"wp-caption\">\n\t\t\t\t\t\t\t\t\t\t<img loading=\"lazy\" decoding=\"async\" width=\"768\" height=\"576\" src=\"https:\/\/www.elturistatranquil.com\/wp-content\/uploads\/F14-Jose-Luis-Sanchez-escultor-Palenque.jpg\" class=\"attachment-large size-large wp-image-67269\" alt=\"Jose Luis Sanchez, escultor\" srcset=\"https:\/\/www.elturistatranquil.com\/wp-content\/uploads\/F14-Jose-Luis-Sanchez-escultor-Palenque.jpg 768w, https:\/\/www.elturistatranquil.com\/wp-content\/uploads\/F14-Jose-Luis-Sanchez-escultor-Palenque-301x226.jpg 301w\" sizes=\"(max-width: 768px) 100vw, 768px\" \/>\t\t\t\t\t\t\t\t\t\t\t<figcaption class=\"widget-image-caption wp-caption-text\">\u201cPalenque\u201d 2004. Bronze<\/figcaption>\n\t\t\t\t\t\t\t\t\t\t<\/figure>\n\t\t\t\t\t\t\t\t\t<\/div>\n\t\t\t\t<\/div>\n\t\t\t\t<div class=\"elementor-element elementor-element-d8d74e7 elementor-widget elementor-widget-image\" data-id=\"d8d74e7\" data-element_type=\"widget\" data-e-type=\"widget\" data-widget_type=\"image.default\">\n\t\t\t\t<div class=\"elementor-widget-container\">\n\t\t\t\t\t\t\t\t\t\t\t\t<figure class=\"wp-caption\">\n\t\t\t\t\t\t\t\t\t\t<img loading=\"lazy\" decoding=\"async\" width=\"768\" height=\"576\" src=\"https:\/\/www.elturistatranquil.com\/wp-content\/uploads\/F15-Jose-Luis-Sanchez-escultor-Arbole.jpg\" class=\"attachment-large size-large wp-image-67271\" alt=\"Jose Luis Sanchez, escultor\" srcset=\"https:\/\/www.elturistatranquil.com\/wp-content\/uploads\/F15-Jose-Luis-Sanchez-escultor-Arbole.jpg 768w, https:\/\/www.elturistatranquil.com\/wp-content\/uploads\/F15-Jose-Luis-Sanchez-escultor-Arbole-301x226.jpg 301w\" sizes=\"(max-width: 768px) 100vw, 768px\" \/>\t\t\t\t\t\t\t\t\t\t\t<figcaption class=\"widget-image-caption wp-caption-text\">\u201cArbol\u00e9\u201d 2004. Bronze<\/figcaption>\n\t\t\t\t\t\t\t\t\t\t<\/figure>\n\t\t\t\t\t\t\t\t\t<\/div>\n\t\t\t\t<\/div>\n\t\t\t\t<div class=\"elementor-element elementor-element-f123af6 elementor-widget elementor-widget-image\" data-id=\"f123af6\" data-element_type=\"widget\" data-e-type=\"widget\" data-widget_type=\"image.default\">\n\t\t\t\t<div class=\"elementor-widget-container\">\n\t\t\t\t\t\t\t\t\t\t\t\t<figure class=\"wp-caption\">\n\t\t\t\t\t\t\t\t\t\t<img loading=\"lazy\" decoding=\"async\" width=\"768\" height=\"576\" src=\"https:\/\/www.elturistatranquil.com\/wp-content\/uploads\/F16-Jose-Luis-Sanchez-escultor-Olid.jpg\" class=\"attachment-large size-large wp-image-67273\" alt=\"\" srcset=\"https:\/\/www.elturistatranquil.com\/wp-content\/uploads\/F16-Jose-Luis-Sanchez-escultor-Olid.jpg 768w, https:\/\/www.elturistatranquil.com\/wp-content\/uploads\/F16-Jose-Luis-Sanchez-escultor-Olid-301x226.jpg 301w\" sizes=\"(max-width: 768px) 100vw, 768px\" \/>\t\t\t\t\t\t\t\t\t\t\t<figcaption class=\"widget-image-caption wp-caption-text\">\u201cOlid\u201d 2004. Bronze<\/figcaption>\n\t\t\t\t\t\t\t\t\t\t<\/figure>\n\t\t\t\t\t\t\t\t\t<\/div>\n\t\t\t\t<\/div>\n\t\t\t\t<div class=\"elementor-element elementor-element-72de6bd elementor-widget elementor-widget-image\" data-id=\"72de6bd\" data-element_type=\"widget\" data-e-type=\"widget\" data-widget_type=\"image.default\">\n\t\t\t\t<div class=\"elementor-widget-container\">\n\t\t\t\t\t\t\t\t\t\t\t\t<figure class=\"wp-caption\">\n\t\t\t\t\t\t\t\t\t\t<img loading=\"lazy\" decoding=\"async\" width=\"768\" height=\"576\" src=\"https:\/\/www.elturistatranquil.com\/wp-content\/uploads\/F17-Jose-Luis-Sanchez-escultor-Almansa.jpg\" class=\"attachment-large size-large wp-image-67275\" alt=\"Jose Luis Sanchez, escultor\" srcset=\"https:\/\/www.elturistatranquil.com\/wp-content\/uploads\/F17-Jose-Luis-Sanchez-escultor-Almansa.jpg 768w, https:\/\/www.elturistatranquil.com\/wp-content\/uploads\/F17-Jose-Luis-Sanchez-escultor-Almansa-301x226.jpg 301w\" sizes=\"(max-width: 768px) 100vw, 768px\" \/>\t\t\t\t\t\t\t\t\t\t\t<figcaption class=\"widget-image-caption wp-caption-text\">\u201cAlmansa\u201c 2004. Bronze<\/figcaption>\n\t\t\t\t\t\t\t\t\t\t<\/figure>\n\t\t\t\t\t\t\t\t\t<\/div>\n\t\t\t\t<\/div>\n\t\t\t\t<div class=\"elementor-element elementor-element-2712161 elementor-widget elementor-widget-image\" data-id=\"2712161\" data-element_type=\"widget\" data-e-type=\"widget\" data-widget_type=\"image.default\">\n\t\t\t\t<div class=\"elementor-widget-container\">\n\t\t\t\t\t\t\t\t\t\t\t\t<figure class=\"wp-caption\">\n\t\t\t\t\t\t\t\t\t\t<img loading=\"lazy\" decoding=\"async\" width=\"768\" height=\"576\" src=\"https:\/\/www.elturistatranquil.com\/wp-content\/uploads\/F18-Jose-Luis-Sanchez-escultor-Bomarzo.jpg\" class=\"attachment-large size-large wp-image-67277\" alt=\"Jose Luis Sanchez, escultor\" srcset=\"https:\/\/www.elturistatranquil.com\/wp-content\/uploads\/F18-Jose-Luis-Sanchez-escultor-Bomarzo.jpg 768w, https:\/\/www.elturistatranquil.com\/wp-content\/uploads\/F18-Jose-Luis-Sanchez-escultor-Bomarzo-301x226.jpg 301w\" sizes=\"(max-width: 768px) 100vw, 768px\" \/>\t\t\t\t\t\t\t\t\t\t\t<figcaption class=\"widget-image-caption wp-caption-text\">\u201cBomarzo\u201d 2005. Marbre i acer corten<\/figcaption>\n\t\t\t\t\t\t\t\t\t\t<\/figure>\n\t\t\t\t\t\t\t\t\t<\/div>\n\t\t\t\t<\/div>\n\t\t\t\t<div class=\"elementor-element elementor-element-fb5c3fb elementor-widget elementor-widget-image\" data-id=\"fb5c3fb\" data-element_type=\"widget\" data-e-type=\"widget\" data-widget_type=\"image.default\">\n\t\t\t\t<div class=\"elementor-widget-container\">\n\t\t\t\t\t\t\t\t\t\t\t\t<figure class=\"wp-caption\">\n\t\t\t\t\t\t\t\t\t\t<img loading=\"lazy\" decoding=\"async\" width=\"768\" height=\"576\" src=\"https:\/\/www.elturistatranquil.com\/wp-content\/uploads\/F19-Jose-Luis-Sanchez-escultor-Portico.jpg\" class=\"attachment-large size-large wp-image-67279\" alt=\"Jose Luis Sanchez, escultor\" srcset=\"https:\/\/www.elturistatranquil.com\/wp-content\/uploads\/F19-Jose-Luis-Sanchez-escultor-Portico.jpg 768w, https:\/\/www.elturistatranquil.com\/wp-content\/uploads\/F19-Jose-Luis-Sanchez-escultor-Portico-301x226.jpg 301w\" sizes=\"(max-width: 768px) 100vw, 768px\" \/>\t\t\t\t\t\t\t\t\t\t\t<figcaption class=\"widget-image-caption wp-caption-text\">\u201cP\u00f3rtico\u201d 2005. Fusta i acer corten<\/figcaption>\n\t\t\t\t\t\t\t\t\t\t<\/figure>\n\t\t\t\t\t\t\t\t\t<\/div>\n\t\t\t\t<\/div>\n\t\t\t\t<div class=\"elementor-element elementor-element-1761718 elementor-widget elementor-widget-heading\" data-id=\"1761718\" data-element_type=\"widget\" data-e-type=\"widget\" data-widget_type=\"heading.default\">\n\t\t\t\t<div class=\"elementor-widget-container\">\n\t\t\t\t\t<h3 class=\"elementor-heading-title elementor-size-default\">A l\u2019espai p\u00fablic<\/h3>\t\t\t\t<\/div>\n\t\t\t\t<\/div>\n\t\t\t\t<div class=\"elementor-element elementor-element-fb467bb elementor-widget elementor-widget-text-editor\" data-id=\"fb467bb\" data-element_type=\"widget\" data-e-type=\"widget\" data-widget_type=\"text-editor.default\">\n\t\t\t\t<div class=\"elementor-widget-container\">\n\t\t\t\t\t\t\t\t\t<p>A l\u2019espai p\u00fablic vaig localitzar tres escultures, entre les nombroses que es distribueixen per la ciutat<\/p><p>\u201cShark\u201d. A la porta de La Casa del Festero \/ Oficina de Turisme. Carrer la Estrella, 2 (38\u00b052&#8217;14.7&#8243;N 1\u00b005&#8217;36.4&#8243;O)<\/p>\t\t\t\t\t\t\t\t<\/div>\n\t\t\t\t<\/div>\n\t\t\t\t<div class=\"elementor-element elementor-element-fb452df elementor-widget elementor-widget-image\" data-id=\"fb452df\" data-element_type=\"widget\" data-e-type=\"widget\" data-widget_type=\"image.default\">\n\t\t\t\t<div class=\"elementor-widget-container\">\n\t\t\t\t\t\t\t\t\t\t\t\t<figure class=\"wp-caption\">\n\t\t\t\t\t\t\t\t\t\t<img loading=\"lazy\" decoding=\"async\" width=\"768\" height=\"576\" src=\"https:\/\/www.elturistatranquil.com\/wp-content\/uploads\/F20-Jose-Luis-Sanchez-escultor-Shark.jpg\" class=\"attachment-large size-large wp-image-67281\" alt=\"Jose Luis Sanchez, escultor\" srcset=\"https:\/\/www.elturistatranquil.com\/wp-content\/uploads\/F20-Jose-Luis-Sanchez-escultor-Shark.jpg 768w, https:\/\/www.elturistatranquil.com\/wp-content\/uploads\/F20-Jose-Luis-Sanchez-escultor-Shark-301x226.jpg 301w\" sizes=\"(max-width: 768px) 100vw, 768px\" \/>\t\t\t\t\t\t\t\t\t\t\t<figcaption class=\"widget-image-caption wp-caption-text\">\u201cShark\u201d 1982. Bronze<\/figcaption>\n\t\t\t\t\t\t\t\t\t\t<\/figure>\n\t\t\t\t\t\t\t\t\t<\/div>\n\t\t\t\t<\/div>\n\t\t\t\t<div class=\"elementor-element elementor-element-3f6bd5c elementor-widget elementor-widget-text-editor\" data-id=\"3f6bd5c\" data-element_type=\"widget\" data-e-type=\"widget\" data-widget_type=\"text-editor.default\">\n\t\t\t\t<div class=\"elementor-widget-container\">\n\t\t\t\t\t\t\t\t\t<p>\u201cOndas\u201d. Fa\u00e7ana palau de Cirat\/Ajuntament (38\u00b052&#8217;11.9&#8243;N 1\u00b005&#8217;37.4&#8243;O)<\/p>\t\t\t\t\t\t\t\t<\/div>\n\t\t\t\t<\/div>\n\t\t\t\t<div class=\"elementor-element elementor-element-34d8908 elementor-widget elementor-widget-image\" data-id=\"34d8908\" data-element_type=\"widget\" data-e-type=\"widget\" data-widget_type=\"image.default\">\n\t\t\t\t<div class=\"elementor-widget-container\">\n\t\t\t\t\t\t\t\t\t\t\t\t<figure class=\"wp-caption\">\n\t\t\t\t\t\t\t\t\t\t<img loading=\"lazy\" decoding=\"async\" width=\"768\" height=\"576\" src=\"https:\/\/www.elturistatranquil.com\/wp-content\/uploads\/F21-Jose-Luis-Sanchez-escultor-Ondas-2004.jpg\" class=\"attachment-large size-large wp-image-67285\" alt=\"Jose Luis Sanchez, escultor\" srcset=\"https:\/\/www.elturistatranquil.com\/wp-content\/uploads\/F21-Jose-Luis-Sanchez-escultor-Ondas-2004.jpg 768w, https:\/\/www.elturistatranquil.com\/wp-content\/uploads\/F21-Jose-Luis-Sanchez-escultor-Ondas-2004-301x226.jpg 301w\" sizes=\"(max-width: 768px) 100vw, 768px\" \/>\t\t\t\t\t\t\t\t\t\t\t<figcaption class=\"widget-image-caption wp-caption-text\">\u201cOndas\u201d 2004. Acer corten<\/figcaption>\n\t\t\t\t\t\t\t\t\t\t<\/figure>\n\t\t\t\t\t\t\t\t\t<\/div>\n\t\t\t\t<\/div>\n\t\t\t\t<div class=\"elementor-element elementor-element-ace0398 elementor-widget elementor-widget-text-editor\" data-id=\"ace0398\" data-element_type=\"widget\" data-e-type=\"widget\" data-widget_type=\"text-editor.default\">\n\t\t\t\t<div class=\"elementor-widget-container\">\n\t\t\t\t\t\t\t\t\t<p>\u201cEros\u201d. Davant de la Casa Cultura, c. d\u2019Arag\u00f3, 19-21 (38\u00b052&#8217;14.0&#8243;N 1\u00b005&#8217;42.9&#8243;O)<\/p>\t\t\t\t\t\t\t\t<\/div>\n\t\t\t\t<\/div>\n\t\t\t\t<div class=\"elementor-element elementor-element-4c49c2e elementor-widget elementor-widget-image\" data-id=\"4c49c2e\" data-element_type=\"widget\" data-e-type=\"widget\" data-widget_type=\"image.default\">\n\t\t\t\t<div class=\"elementor-widget-container\">\n\t\t\t\t\t\t\t\t\t\t\t\t<figure class=\"wp-caption\">\n\t\t\t\t\t\t\t\t\t\t<img loading=\"lazy\" decoding=\"async\" width=\"768\" height=\"576\" src=\"https:\/\/www.elturistatranquil.com\/wp-content\/uploads\/F22-Jose-Luis-Sanchez-escultor-Eros-2005.jpg\" class=\"attachment-large size-large wp-image-67283\" alt=\"Jose Luis Sanchez, escultor\" srcset=\"https:\/\/www.elturistatranquil.com\/wp-content\/uploads\/F22-Jose-Luis-Sanchez-escultor-Eros-2005.jpg 768w, https:\/\/www.elturistatranquil.com\/wp-content\/uploads\/F22-Jose-Luis-Sanchez-escultor-Eros-2005-301x226.jpg 301w\" sizes=\"(max-width: 768px) 100vw, 768px\" \/>\t\t\t\t\t\t\t\t\t\t\t<figcaption class=\"widget-image-caption wp-caption-text\"><\/figcaption>\n\t\t\t\t\t\t\t\t\t\t<\/figure>\n\t\t\t\t\t\t\t\t\t<\/div>\n\t\t\t\t<\/div>\n\t\t\t\t<div class=\"elementor-element elementor-element-dedeec9 elementor-widget elementor-widget-image\" data-id=\"dedeec9\" data-element_type=\"widget\" data-e-type=\"widget\" data-widget_type=\"image.default\">\n\t\t\t\t<div class=\"elementor-widget-container\">\n\t\t\t\t\t\t\t\t\t\t\t\t<figure class=\"wp-caption\">\n\t\t\t\t\t\t\t\t\t\t<img loading=\"lazy\" decoding=\"async\" width=\"768\" height=\"576\" src=\"https:\/\/www.elturistatranquil.com\/wp-content\/uploads\/F23-Jose-Luis-Sanchez-escultor-Eros-2005.jpg\" class=\"attachment-large size-large wp-image-67287\" alt=\"Jose Luis Sanchez, escultor\" srcset=\"https:\/\/www.elturistatranquil.com\/wp-content\/uploads\/F23-Jose-Luis-Sanchez-escultor-Eros-2005.jpg 768w, https:\/\/www.elturistatranquil.com\/wp-content\/uploads\/F23-Jose-Luis-Sanchez-escultor-Eros-2005-301x226.jpg 301w\" sizes=\"(max-width: 768px) 100vw, 768px\" \/>\t\t\t\t\t\t\t\t\t\t\t<figcaption class=\"widget-image-caption wp-caption-text\">\u201cEros\u201d 2005. Bronze<\/figcaption>\n\t\t\t\t\t\t\t\t\t\t<\/figure>\n\t\t\t\t\t\t\t\t\t<\/div>\n\t\t\t\t<\/div>\n\t\t\t\t<div class=\"elementor-element elementor-element-3370e8d elementor-widget elementor-widget-text-editor\" data-id=\"3370e8d\" data-element_type=\"widget\" data-e-type=\"widget\" data-widget_type=\"text-editor.default\">\n\t\t\t\t<div class=\"elementor-widget-container\">\n\t\t\t\t\t\t\t\t\t<p>\u201cOntur\u201d. Pla\u00e7a de los Reyes Cat\u00f3licos (38\u00b052&#8217;01.5&#8243;N 1\u00b005&#8217;37.8&#8243;O)<\/p>\t\t\t\t\t\t\t\t<\/div>\n\t\t\t\t<\/div>\n\t\t\t\t<div class=\"elementor-element elementor-element-ea48712 elementor-widget elementor-widget-image\" data-id=\"ea48712\" data-element_type=\"widget\" data-e-type=\"widget\" data-widget_type=\"image.default\">\n\t\t\t\t<div class=\"elementor-widget-container\">\n\t\t\t\t\t\t\t\t\t\t\t\t<figure class=\"wp-caption\">\n\t\t\t\t\t\t\t\t\t\t<img loading=\"lazy\" decoding=\"async\" width=\"768\" height=\"576\" src=\"https:\/\/www.elturistatranquil.com\/wp-content\/uploads\/F24-Jose-Luis-Sanchez-escultor-Ontur-2008.jpg\" class=\"attachment-large size-large wp-image-67289\" alt=\"Jose Luis Sanchez, escultor\" srcset=\"https:\/\/www.elturistatranquil.com\/wp-content\/uploads\/F24-Jose-Luis-Sanchez-escultor-Ontur-2008.jpg 768w, https:\/\/www.elturistatranquil.com\/wp-content\/uploads\/F24-Jose-Luis-Sanchez-escultor-Ontur-2008-301x226.jpg 301w\" sizes=\"(max-width: 768px) 100vw, 768px\" \/>\t\t\t\t\t\t\t\t\t\t\t<figcaption class=\"widget-image-caption wp-caption-text\">\u201cOntur\u201d 2008. Acer corten<\/figcaption>\n\t\t\t\t\t\t\t\t\t\t<\/figure>\n\t\t\t\t\t\t\t\t\t<\/div>\n\t\t\t\t<\/div>\n\t\t\t\t<div class=\"elementor-element elementor-element-c76bee9 elementor-widget elementor-widget-heading\" data-id=\"c76bee9\" data-element_type=\"widget\" data-e-type=\"widget\" data-widget_type=\"heading.default\">\n\t\t\t\t<div class=\"elementor-widget-container\">\n\t\t\t\t\t<h3 class=\"elementor-heading-title elementor-size-default\">Altres obres a Almansa<\/h3>\t\t\t\t<\/div>\n\t\t\t\t<\/div>\n\t\t\t\t<div class=\"elementor-element elementor-element-218b00d elementor-widget elementor-widget-text-editor\" data-id=\"218b00d\" data-element_type=\"widget\" data-e-type=\"widget\" data-widget_type=\"text-editor.default\">\n\t\t\t\t<div class=\"elementor-widget-container\">\n\t\t\t\t\t\t\t\t\t<p>Per la ciutat un nombre important d\u2019obres escult\u00f2riques de Jos\u00e9 Luis S\u00e1nchez, que enumero sense ser una llista exhaustiva:<\/p><p>\u201cLa Paz Aupada\u201d<br \/>\u201cLa Piedad Laica\u201d<br \/>\u201cBusto de Aniceto Coloma\u201d<br \/>El \u201cCristo\u201d de l\u2019Esgl\u00e9sia de San Roque<br \/>Relleu de la M\u00fatua al Barri de San Juan<br \/>\u201cNi\u00f1a Sentada\u201d<br \/>Escultura de \u201cLos Festeros\u201d <br \/>\u201cBarataria\u201d<br \/>Font de la Glorieta de Luis Rosales<\/p>\t\t\t\t\t\t\t\t<\/div>\n\t\t\t\t<\/div>\n\t\t\t\t<div class=\"elementor-element elementor-element-33f3134 elementor-widget elementor-widget-heading\" data-id=\"33f3134\" data-element_type=\"widget\" data-e-type=\"widget\" data-widget_type=\"heading.default\">\n\t\t\t\t<div class=\"elementor-widget-container\">\n\t\t\t\t\t<h2 class=\"elementor-heading-title elementor-size-default\">Fi de la visita<\/h2>\t\t\t\t<\/div>\n\t\t\t\t<\/div>\n\t\t\t\t<div class=\"elementor-element elementor-element-379b434f elementor-widget elementor-widget-text-editor\" data-id=\"379b434f\" data-element_type=\"widget\" data-e-type=\"widget\" data-widget_type=\"text-editor.default\">\n\t\t\t\t<div class=\"elementor-widget-container\">\n\t\t\t\t\t\t\t\t\t<p>En observar les seves escultures conv\u00e9 aturar-se en la disposici\u00f3 dels volums i en els espais que deixen entre ells. La seva recerca de l\u2019essencial elimina detalls accessoris i concedeix protagonisme a la construcci\u00f3 de la forma. La rotunditat de les peces conviu amb un equilibri acuradament estudiat.<\/p><p>A m\u00e9s, la dispersi\u00f3 d\u2019obres per la ciutat en un element cultural de primer ordre per a una ciutat com <strong>Almansa<\/strong>.<\/p>\t\t\t\t\t\t\t\t<\/div>\n\t\t\t\t<\/div>\n\t\t\t\t<div class=\"elementor-element elementor-element-bb4d721 elementor-widget elementor-widget-heading\" data-id=\"bb4d721\" data-element_type=\"widget\" data-e-type=\"widget\" data-widget_type=\"heading.default\">\n\t\t\t\t<div class=\"elementor-widget-container\">\n\t\t\t\t\t<h2 class=\"elementor-heading-title elementor-size-default\">Bases d\u2019informaci\u00f3<\/h2>\t\t\t\t<\/div>\n\t\t\t\t<\/div>\n\t\t\t\t<div class=\"elementor-element elementor-element-cbdb0cb elementor-widget elementor-widget-text-editor\" data-id=\"cbdb0cb\" data-element_type=\"widget\" data-e-type=\"widget\" data-widget_type=\"text-editor.default\">\n\t\t\t\t<div class=\"elementor-widget-container\">\n\t\t\t\t\t\t\t\t\t<p><strong>Webs<\/strong><br \/><a href=\"https:\/\/coleccionescultorjoseluissanchez.es\/\" target=\"_blank\" rel=\"noopener\">coleccionescultorjoseluissanchez<\/a><br \/><a href=\"https:\/\/dealmansa.com\/jose-luis-sanchez-escultor\/\" target=\"_blank\" rel=\"noopener\">dealmansa<\/a><br \/><a href=\"https:\/\/es.wikipedia.org\/wiki\/Jos%C3%A9_Luis_S%C3%A1nchez_Fern%C3%A1ndez\" target=\"_blank\" rel=\"noopener\">wikipedia<\/a><br \/><a href=\"https:\/\/josedelamano.com\/artistas\/jose-luis-sanchez\/\" target=\"_blank\" rel=\"noopener\">Jos\u00e9 de la Mano. <em>Las maquetas de Jos\u00e9 Luis S\u00e1nchez<\/em><\/a><br \/><a href=\"https:\/\/josedelamano.com\/wp-content\/uploads\/2022\/11\/Catalogo-Jose-Luis-Sanchez-2.pdf\" target=\"_blank\" rel=\"noopener\">Jos\u00e9 de la Mano. <em>Cat\u00e1logo de la exposici\u00f3n de Jos\u00e9 Luis S\u00e1nchez<\/em><\/a><\/p><p><strong>Webs academic<br \/><\/strong><a href=\"https:\/\/torregrandealmansa.com\/wp-content\/uploads\/2013\/10\/6-josc3a9-luis-sc3a1nchez.pdf\" target=\"_blank\" rel=\"noopener\">Sesi\u00f3n de clausura de las XI Jornadas un Viaje de Ida y Vuelta en la memoria. Entrevista-coloquio con el escultor Jos\u00e9 Luis S\u00e1nchez<\/a><br \/><a href=\"https:\/\/diccionariobiograficodecastillalamancha.es\/biografias\/jose-luis-sanchez-fernandez\/\" target=\"_blank\" rel=\"noopener\">Diccionario biogr\u00e1fico de Castilla-La Mancha<\/a><br \/><a href=\"https:\/\/www.realacademiabellasartessanfernando.com\/noticias\/academia\/jose-luis-sanchez-en-el-recuerdo-de-la-academia\/\" target=\"_blank\" rel=\"noopener\">Real Academia de Bellas Artes de San Fernando<\/a><br \/>Ruiz Trilleros, M\u00f3nica. (2012). <a href=\"https:\/\/docta.ucm.es\/bitstreams\/b18ff3df-8ea0-4a96-a5ff-15391c3cedeb\/download\" target=\"_blank\" rel=\"noopener\"><em>La escultura construida de Jos\u00e9 Luis S\u00e1nchez<\/em><\/a> (Tesis doctoral)<\/p>\t\t\t\t\t\t\t\t<\/div>\n\t\t\t\t<\/div>\n\t\t\t\t\t<\/div>\n\t\t<\/div>\n\t\t\t\t\t<\/div>\n\t\t<\/section>\n\t\t\t\t<\/div>\n\t\t","protected":false},"excerpt":{"rendered":"<p>Post\u00a0dedicat \u00a0a l\u2019escultor Jos\u00e9 Luis S\u00e1nchez (Almansa 1926 \u2013 Pozuelo de Alarc\u00f3n 2018) Jos\u00e9 Luis S\u00e1nchez, escultor Jos\u00e9 Luis S\u00e1nchez (Font: RTVE) \u00cdndex Jos\u00e9 Luis S\u00e1nchez, escultor, a Almansa En &#8230; <a title=\"Jos\u00e9 Luis S\u00e1nchez, escultor\" class=\"read-more\" href=\"https:\/\/www.elturistatranquil.com\/ca\/jose-luis-sanchez-escultor\/\" aria-label=\"M\u00e9s informaci\u00f3 sobre Jos\u00e9 Luis S\u00e1nchez, escultor\">[ &#8230; ]<\/a><\/p>\n","protected":false},"author":1,"featured_media":67229,"comment_status":"open","ping_status":"closed","sticky":false,"template":"","format":"standard","meta":{"footnotes":""},"categories":[196,251,87,92],"tags":[],"class_list":["post-67306","post","type-post","status-publish","format-standard","has-post-thumbnail","hentry","category-albacete-ca","category-escultura","category-joies-al-territori","category-museus","infinite-scroll-item","generate-columns","tablet-grid-50","mobile-grid-100","grid-parent","grid-50","no-featured-image-padding"],"yoast_head":"<!-- This site is optimized with the Yoast SEO plugin v28.3 - https:\/\/yoast.com\/product\/yoast-seo-wordpress\/ -->\n<title>Jos\u00e9 Luis S\u00e1nchez, escultor - El turista tranquil<\/title>\n<meta name=\"description\" content=\"Post dedicat a l\u2019escultor Jos\u00e9 Luis S\u00e1nchez (Almansa 1926 \u2013 Pozuelo de Alarc\u00f3n 2018)\" \/>\n<meta name=\"robots\" content=\"index, follow, max-snippet:-1, max-image-preview:large, max-video-preview:-1\" \/>\n<link rel=\"canonical\" href=\"https:\/\/www.elturistatranquil.com\/ca\/jose-luis-sanchez-escultor\/\" \/>\n<meta property=\"og:locale\" content=\"ca_ES\" \/>\n<meta property=\"og:type\" content=\"article\" \/>\n<meta property=\"og:title\" content=\"Jos\u00e9 Luis S\u00e1nchez, escultor - El turista tranquil\" \/>\n<meta property=\"og:description\" content=\"Post dedicat a l\u2019escultor Jos\u00e9 Luis S\u00e1nchez (Almansa 1926 \u2013 Pozuelo de Alarc\u00f3n 2018)\" \/>\n<meta property=\"og:url\" content=\"https:\/\/www.elturistatranquil.com\/ca\/jose-luis-sanchez-escultor\/\" \/>\n<meta property=\"og:site_name\" content=\"El turista tranquil\" \/>\n<meta property=\"article:publisher\" content=\"https:\/\/www.facebook.com\/elturistatranquilo\/\" \/>\n<meta property=\"article:published_time\" content=\"2026-08-22T11:54:08+00:00\" \/>\n<meta property=\"article:modified_time\" content=\"2026-09-03T12:03:10+00:00\" \/>\n<meta property=\"og:image\" content=\"https:\/\/www.elturistatranquil.com\/wp-content\/uploads\/F00-Jose-Luis-Sanchez-escultor-Eros.jpg\" \/>\n\t<meta property=\"og:image:width\" content=\"768\" \/>\n\t<meta property=\"og:image:height\" content=\"512\" \/>\n\t<meta property=\"og:image:type\" content=\"image\/jpeg\" \/>\n<meta name=\"author\" content=\"admin\" \/>\n<meta name=\"twitter:card\" content=\"summary_large_image\" \/>\n<meta name=\"twitter:label1\" content=\"Escrit per\" \/>\n\t<meta name=\"twitter:data1\" content=\"admin\" \/>\n\t<meta name=\"twitter:label2\" content=\"Temps estimat de lectura\" \/>\n\t<meta name=\"twitter:data2\" content=\"11 minuts\" \/>\n<script type=\"application\/ld+json\" class=\"yoast-schema-graph\">{\"@context\":\"https:\\\/\\\/schema.org\",\"@graph\":[{\"@type\":\"Article\",\"@id\":\"https:\\\/\\\/www.elturistatranquil.com\\\/ca\\\/jose-luis-sanchez-escultor\\\/#article\",\"isPartOf\":{\"@id\":\"https:\\\/\\\/www.elturistatranquil.com\\\/ca\\\/jose-luis-sanchez-escultor\\\/\"},\"author\":{\"name\":\"admin\",\"@id\":\"https:\\\/\\\/www.elturistatranquil.com\\\/ca\\\/#\\\/schema\\\/person\\\/16f607c3079b96ed0c530a52e6b58bb5\"},\"headline\":\"Jos\u00e9 Luis S\u00e1nchez, escultor\",\"datePublished\":\"2026-08-22T11:54:08+00:00\",\"dateModified\":\"2026-09-03T12:03:10+00:00\",\"mainEntityOfPage\":{\"@id\":\"https:\\\/\\\/www.elturistatranquil.com\\\/ca\\\/jose-luis-sanchez-escultor\\\/\"},\"wordCount\":1146,\"commentCount\":0,\"image\":{\"@id\":\"https:\\\/\\\/www.elturistatranquil.com\\\/ca\\\/jose-luis-sanchez-escultor\\\/#primaryimage\"},\"thumbnailUrl\":\"https:\\\/\\\/www.elturistatranquil.com\\\/wp-content\\\/uploads\\\/F00-Jose-Luis-Sanchez-escultor-Eros.jpg\",\"articleSection\":[\"Albacete\",\"Escultura\",\"Joies al territori\",\"Museus\"],\"inLanguage\":\"ca\",\"potentialAction\":[{\"@type\":\"CommentAction\",\"name\":\"Comment\",\"target\":[\"https:\\\/\\\/www.elturistatranquil.com\\\/ca\\\/jose-luis-sanchez-escultor\\\/#respond\"]}]},{\"@type\":\"WebPage\",\"@id\":\"https:\\\/\\\/www.elturistatranquil.com\\\/ca\\\/jose-luis-sanchez-escultor\\\/\",\"url\":\"https:\\\/\\\/www.elturistatranquil.com\\\/ca\\\/jose-luis-sanchez-escultor\\\/\",\"name\":\"Jos\u00e9 Luis S\u00e1nchez, escultor - El turista tranquil\",\"isPartOf\":{\"@id\":\"https:\\\/\\\/www.elturistatranquil.com\\\/ca\\\/#website\"},\"primaryImageOfPage\":{\"@id\":\"https:\\\/\\\/www.elturistatranquil.com\\\/ca\\\/jose-luis-sanchez-escultor\\\/#primaryimage\"},\"image\":{\"@id\":\"https:\\\/\\\/www.elturistatranquil.com\\\/ca\\\/jose-luis-sanchez-escultor\\\/#primaryimage\"},\"thumbnailUrl\":\"https:\\\/\\\/www.elturistatranquil.com\\\/wp-content\\\/uploads\\\/F00-Jose-Luis-Sanchez-escultor-Eros.jpg\",\"datePublished\":\"2026-08-22T11:54:08+00:00\",\"dateModified\":\"2026-09-03T12:03:10+00:00\",\"author\":{\"@id\":\"https:\\\/\\\/www.elturistatranquil.com\\\/ca\\\/#\\\/schema\\\/person\\\/16f607c3079b96ed0c530a52e6b58bb5\"},\"description\":\"Post dedicat a l\u2019escultor Jos\u00e9 Luis S\u00e1nchez (Almansa 1926 \u2013 Pozuelo de Alarc\u00f3n 2018)\",\"breadcrumb\":{\"@id\":\"https:\\\/\\\/www.elturistatranquil.com\\\/ca\\\/jose-luis-sanchez-escultor\\\/#breadcrumb\"},\"inLanguage\":\"ca\",\"potentialAction\":[{\"@type\":\"ReadAction\",\"target\":[\"https:\\\/\\\/www.elturistatranquil.com\\\/ca\\\/jose-luis-sanchez-escultor\\\/\"]}]},{\"@type\":\"ImageObject\",\"inLanguage\":\"ca\",\"@id\":\"https:\\\/\\\/www.elturistatranquil.com\\\/ca\\\/jose-luis-sanchez-escultor\\\/#primaryimage\",\"url\":\"https:\\\/\\\/www.elturistatranquil.com\\\/wp-content\\\/uploads\\\/F00-Jose-Luis-Sanchez-escultor-Eros.jpg\",\"contentUrl\":\"https:\\\/\\\/www.elturistatranquil.com\\\/wp-content\\\/uploads\\\/F00-Jose-Luis-Sanchez-escultor-Eros.jpg\",\"width\":768,\"height\":512,\"caption\":\"Jose Luis Sanchez, escultor Eros\"},{\"@type\":\"BreadcrumbList\",\"@id\":\"https:\\\/\\\/www.elturistatranquil.com\\\/ca\\\/jose-luis-sanchez-escultor\\\/#breadcrumb\",\"itemListElement\":[{\"@type\":\"ListItem\",\"position\":1,\"name\":\"Portada\",\"item\":\"https:\\\/\\\/www.elturistatranquil.com\\\/ca\\\/\"},{\"@type\":\"ListItem\",\"position\":2,\"name\":\"Jos\u00e9 Luis S\u00e1nchez, escultor\"}]},{\"@type\":\"WebSite\",\"@id\":\"https:\\\/\\\/www.elturistatranquil.com\\\/ca\\\/#website\",\"url\":\"https:\\\/\\\/www.elturistatranquil.com\\\/ca\\\/\",\"name\":\"El turista tranquil\",\"description\":\"Blog de viatges\",\"potentialAction\":[{\"@type\":\"SearchAction\",\"target\":{\"@type\":\"EntryPoint\",\"urlTemplate\":\"https:\\\/\\\/www.elturistatranquil.com\\\/ca\\\/?s={search_term_string}\"},\"query-input\":{\"@type\":\"PropertyValueSpecification\",\"valueRequired\":true,\"valueName\":\"search_term_string\"}}],\"inLanguage\":\"ca\"},{\"@type\":\"Person\",\"@id\":\"https:\\\/\\\/www.elturistatranquil.com\\\/ca\\\/#\\\/schema\\\/person\\\/16f607c3079b96ed0c530a52e6b58bb5\",\"name\":\"admin\",\"image\":{\"@type\":\"ImageObject\",\"inLanguage\":\"ca\",\"@id\":\"https:\\\/\\\/secure.gravatar.com\\\/avatar\\\/1fbaf22aee75fcbb29a2f97b107f95d25d3a19b7c3416105be10269872673e8d?s=96&d=mm&r=g\",\"url\":\"https:\\\/\\\/secure.gravatar.com\\\/avatar\\\/1fbaf22aee75fcbb29a2f97b107f95d25d3a19b7c3416105be10269872673e8d?s=96&d=mm&r=g\",\"contentUrl\":\"https:\\\/\\\/secure.gravatar.com\\\/avatar\\\/1fbaf22aee75fcbb29a2f97b107f95d25d3a19b7c3416105be10269872673e8d?s=96&d=mm&r=g\",\"caption\":\"admin\"}}]}<\/script>\n<!-- \/ Yoast SEO plugin. -->","yoast_head_json":{"title":"Jos\u00e9 Luis S\u00e1nchez, escultor - El turista tranquil","description":"Post dedicat a l\u2019escultor Jos\u00e9 Luis S\u00e1nchez (Almansa 1926 \u2013 Pozuelo de Alarc\u00f3n 2018)","robots":{"index":"index","follow":"follow","max-snippet":"max-snippet:-1","max-image-preview":"max-image-preview:large","max-video-preview":"max-video-preview:-1"},"canonical":"https:\/\/www.elturistatranquil.com\/ca\/jose-luis-sanchez-escultor\/","og_locale":"ca_ES","og_type":"article","og_title":"Jos\u00e9 Luis S\u00e1nchez, escultor - El turista tranquil","og_description":"Post dedicat a l\u2019escultor Jos\u00e9 Luis S\u00e1nchez (Almansa 1926 \u2013 Pozuelo de Alarc\u00f3n 2018)","og_url":"https:\/\/www.elturistatranquil.com\/ca\/jose-luis-sanchez-escultor\/","og_site_name":"El turista tranquil","article_publisher":"https:\/\/www.facebook.com\/elturistatranquilo\/","article_published_time":"2026-08-22T11:54:08+00:00","article_modified_time":"2026-09-03T12:03:10+00:00","og_image":[{"width":768,"height":512,"url":"https:\/\/www.elturistatranquil.com\/wp-content\/uploads\/F00-Jose-Luis-Sanchez-escultor-Eros.jpg","type":"image\/jpeg"}],"author":"admin","twitter_card":"summary_large_image","twitter_misc":{"Escrit per":"admin","Temps estimat de lectura":"11 minuts"},"schema":{"@context":"https:\/\/schema.org","@graph":[{"@type":"Article","@id":"https:\/\/www.elturistatranquil.com\/ca\/jose-luis-sanchez-escultor\/#article","isPartOf":{"@id":"https:\/\/www.elturistatranquil.com\/ca\/jose-luis-sanchez-escultor\/"},"author":{"name":"admin","@id":"https:\/\/www.elturistatranquil.com\/ca\/#\/schema\/person\/16f607c3079b96ed0c530a52e6b58bb5"},"headline":"Jos\u00e9 Luis S\u00e1nchez, escultor","datePublished":"2026-08-22T11:54:08+00:00","dateModified":"2026-09-03T12:03:10+00:00","mainEntityOfPage":{"@id":"https:\/\/www.elturistatranquil.com\/ca\/jose-luis-sanchez-escultor\/"},"wordCount":1146,"commentCount":0,"image":{"@id":"https:\/\/www.elturistatranquil.com\/ca\/jose-luis-sanchez-escultor\/#primaryimage"},"thumbnailUrl":"https:\/\/www.elturistatranquil.com\/wp-content\/uploads\/F00-Jose-Luis-Sanchez-escultor-Eros.jpg","articleSection":["Albacete","Escultura","Joies al territori","Museus"],"inLanguage":"ca","potentialAction":[{"@type":"CommentAction","name":"Comment","target":["https:\/\/www.elturistatranquil.com\/ca\/jose-luis-sanchez-escultor\/#respond"]}]},{"@type":"WebPage","@id":"https:\/\/www.elturistatranquil.com\/ca\/jose-luis-sanchez-escultor\/","url":"https:\/\/www.elturistatranquil.com\/ca\/jose-luis-sanchez-escultor\/","name":"Jos\u00e9 Luis S\u00e1nchez, escultor - El turista tranquil","isPartOf":{"@id":"https:\/\/www.elturistatranquil.com\/ca\/#website"},"primaryImageOfPage":{"@id":"https:\/\/www.elturistatranquil.com\/ca\/jose-luis-sanchez-escultor\/#primaryimage"},"image":{"@id":"https:\/\/www.elturistatranquil.com\/ca\/jose-luis-sanchez-escultor\/#primaryimage"},"thumbnailUrl":"https:\/\/www.elturistatranquil.com\/wp-content\/uploads\/F00-Jose-Luis-Sanchez-escultor-Eros.jpg","datePublished":"2026-08-22T11:54:08+00:00","dateModified":"2026-09-03T12:03:10+00:00","author":{"@id":"https:\/\/www.elturistatranquil.com\/ca\/#\/schema\/person\/16f607c3079b96ed0c530a52e6b58bb5"},"description":"Post dedicat a l\u2019escultor Jos\u00e9 Luis S\u00e1nchez (Almansa 1926 \u2013 Pozuelo de Alarc\u00f3n 2018)","breadcrumb":{"@id":"https:\/\/www.elturistatranquil.com\/ca\/jose-luis-sanchez-escultor\/#breadcrumb"},"inLanguage":"ca","potentialAction":[{"@type":"ReadAction","target":["https:\/\/www.elturistatranquil.com\/ca\/jose-luis-sanchez-escultor\/"]}]},{"@type":"ImageObject","inLanguage":"ca","@id":"https:\/\/www.elturistatranquil.com\/ca\/jose-luis-sanchez-escultor\/#primaryimage","url":"https:\/\/www.elturistatranquil.com\/wp-content\/uploads\/F00-Jose-Luis-Sanchez-escultor-Eros.jpg","contentUrl":"https:\/\/www.elturistatranquil.com\/wp-content\/uploads\/F00-Jose-Luis-Sanchez-escultor-Eros.jpg","width":768,"height":512,"caption":"Jose Luis Sanchez, escultor Eros"},{"@type":"BreadcrumbList","@id":"https:\/\/www.elturistatranquil.com\/ca\/jose-luis-sanchez-escultor\/#breadcrumb","itemListElement":[{"@type":"ListItem","position":1,"name":"Portada","item":"https:\/\/www.elturistatranquil.com\/ca\/"},{"@type":"ListItem","position":2,"name":"Jos\u00e9 Luis S\u00e1nchez, escultor"}]},{"@type":"WebSite","@id":"https:\/\/www.elturistatranquil.com\/ca\/#website","url":"https:\/\/www.elturistatranquil.com\/ca\/","name":"El turista tranquil","description":"Blog de viatges","potentialAction":[{"@type":"SearchAction","target":{"@type":"EntryPoint","urlTemplate":"https:\/\/www.elturistatranquil.com\/ca\/?s={search_term_string}"},"query-input":{"@type":"PropertyValueSpecification","valueRequired":true,"valueName":"search_term_string"}}],"inLanguage":"ca"},{"@type":"Person","@id":"https:\/\/www.elturistatranquil.com\/ca\/#\/schema\/person\/16f607c3079b96ed0c530a52e6b58bb5","name":"admin","image":{"@type":"ImageObject","inLanguage":"ca","@id":"https:\/\/secure.gravatar.com\/avatar\/1fbaf22aee75fcbb29a2f97b107f95d25d3a19b7c3416105be10269872673e8d?s=96&d=mm&r=g","url":"https:\/\/secure.gravatar.com\/avatar\/1fbaf22aee75fcbb29a2f97b107f95d25d3a19b7c3416105be10269872673e8d?s=96&d=mm&r=g","contentUrl":"https:\/\/secure.gravatar.com\/avatar\/1fbaf22aee75fcbb29a2f97b107f95d25d3a19b7c3416105be10269872673e8d?s=96&d=mm&r=g","caption":"admin"}}]}},"_links":{"self":[{"href":"https:\/\/www.elturistatranquil.com\/ca\/wp-json\/wp\/v2\/posts\/67306","targetHints":{"allow":["GET"]}}],"collection":[{"href":"https:\/\/www.elturistatranquil.com\/ca\/wp-json\/wp\/v2\/posts"}],"about":[{"href":"https:\/\/www.elturistatranquil.com\/ca\/wp-json\/wp\/v2\/types\/post"}],"author":[{"embeddable":true,"href":"https:\/\/www.elturistatranquil.com\/ca\/wp-json\/wp\/v2\/users\/1"}],"replies":[{"embeddable":true,"href":"https:\/\/www.elturistatranquil.com\/ca\/wp-json\/wp\/v2\/comments?post=67306"}],"version-history":[{"count":10,"href":"https:\/\/www.elturistatranquil.com\/ca\/wp-json\/wp\/v2\/posts\/67306\/revisions"}],"predecessor-version":[{"id":67317,"href":"https:\/\/www.elturistatranquil.com\/ca\/wp-json\/wp\/v2\/posts\/67306\/revisions\/67317"}],"wp:featuredmedia":[{"embeddable":true,"href":"https:\/\/www.elturistatranquil.com\/ca\/wp-json\/wp\/v2\/media\/67229"}],"wp:attachment":[{"href":"https:\/\/www.elturistatranquil.com\/ca\/wp-json\/wp\/v2\/media?parent=67306"}],"wp:term":[{"taxonomy":"category","embeddable":true,"href":"https:\/\/www.elturistatranquil.com\/ca\/wp-json\/wp\/v2\/categories?post=67306"},{"taxonomy":"post_tag","embeddable":true,"href":"https:\/\/www.elturistatranquil.com\/ca\/wp-json\/wp\/v2\/tags?post=67306"}],"curies":[{"name":"wp","href":"https:\/\/api.w.org\/{rel}","templated":true}]}}